{"id":408585,"date":"2026-08-26T17:25:43","date_gmt":"2026-08-26T15:25:43","guid":{"rendered":"https:\/\/loudavymkrokem.cz\/kypros-loma-vinkit\/"},"modified":"2026-08-31T04:12:03","modified_gmt":"2026-08-31T02:12:03","slug":"kypros-loma-vinkit","status":"publish","type":"post","link":"https:\/\/loudavymkrokem.cz\/fi\/kypros-loma-vinkit\/","title":{"rendered":"Kypros-loma 2026: 24 vinkki\u00e4 n\u00e4ht\u00e4vyyksiin ja rannoille"},"content":{"rendered":"\n<!-- lk-tldr -->\n<div class=\"lk-tldr\" style=\"background:#f7f5f0;border-left:4px solid #c39f76;border-radius:0 10px 10px 0;padding:14px 18px;margin:0 0 26px;font-size:15px;line-height:1.65;\"><strong style=\"display:block;font-size:12px;text-transform:uppercase;letter-spacing:.06em;color:#a9885a;margin-bottom:5px;\">TL;DR<\/strong>Kyproksella on <strong>Euroopan pisin uintikausi<\/strong>: kes\u00e4kuussa meri on Ayia Napassa 25,7 \u00b0C ja viel\u00e4 marraskuussakin 24,5 \u00b0C. Hein\u00e4- ja elokuussa on yli 32 \u00b0C ja sataa 0,1 p\u00e4iv\u00e4\u00e4 kuukaudessa. <strong>Pafos<\/strong> on antiikkia ja UNESCOa, <strong>Ayia Napa<\/strong> rantoja ja bileit\u00e4, <strong>Protaras<\/strong> perheiden rauhaa ja <strong>Troodos-vuoret<\/strong> ovat 8\u201310 astetta viile\u00e4mm\u00e4t, talvella siell\u00e4 lasketellaan. \u26a0\ufe0f Saari on jaettu, pohjoiseen p\u00e4\u00e4see virallisten rajanylityspaikkojen kautta, mutta <strong>tarvitset passin<\/strong> ja vuokra-autolla vain vuokraamon luvalla ja lis\u00e4vakuutuksen kanssa. Ajetaan vasemmalla, maksetaan eurolla ja halloumi on juuri t\u00e4\u00e4lt\u00e4 kotoisin.<\/div>\n<!-- \/lk-tldr -->\n\n\n\n<!-- lk-navbar -->\n<div class=\"lk-navbar\" style=\"margin:0 0 28px;\"><div style=\"font-size:12px;text-transform:uppercase;letter-spacing:.06em;color:#a9885a;font-weight:700;margin-bottom:9px;\">Pikalinkit<\/div><div style=\"display:flex;flex-wrap:wrap;gap:9px;\"><a href=\"#Milloin_matkustaa_Kyprokselle_saa_kuukausi_kuukaudelta\" style=\"background:#c39f76;color:#fff;border:1px solid #c39f76;font-weight:700;padding:9px 15px;border-radius:22px;font-size:14px;text-decoration:none;display:inline-block;line-height:1;\">\ud83c\udf21\ufe0f Milloin<\/a><a href=\"#Mita_nahda_Kyproksella_24_vinkkia_antiikin_mosaiikeista_vuorille\" style=\"background:#fff;color:#6b5a44;border:1px solid #e2d6c1;font-weight:600;padding:9px 15px;border-radius:22px;font-size:14px;text-decoration:none;display:inline-block;line-height:1;\">\ud83d\udccd 24 vinkki\u00e4<\/a><a href=\"#Missa_yopya_Kyproksella_mika_alue_sopii_kenelle\" style=\"background:#fff;color:#6b5a44;border:1px solid #e2d6c1;font-weight:600;padding:9px 15px;border-radius:22px;font-size:14px;text-decoration:none;display:inline-block;line-height:1;\">\ud83c\udfe8 Majoitus<\/a><a href=\"#Mita_syoda_Kyproksella_paratiisi_kasvissyojille\" style=\"background:#fff;color:#6b5a44;border:1px solid #e2d6c1;font-weight:600;padding:9px 15px;border-radius:22px;font-size:14px;text-decoration:none;display:inline-block;line-height:1;\">\ud83c\udf7d\ufe0f Ruoka<\/a><a href=\"#Liikkuminen_Kyproksella_auto_bussit_ja_ylitys_pohjoiseen\" style=\"background:#fff;color:#6b5a44;border:1px solid #e2d6c1;font-weight:600;padding:9px 15px;border-radius:22px;font-size:14px;text-decoration:none;display:inline-block;line-height:1;\">\ud83d\ude97 Liikkuminen<\/a><a href=\"#Paljonko_Kyproksen_loma_maksaa\" style=\"background:#fff;color:#6b5a44;border:1px solid #e2d6c1;font-weight:600;padding:9px 15px;border-radius:22px;font-size:14px;text-decoration:none;display:inline-block;line-height:1;\">\ud83d\udcb0 Hinnat<\/a><a href=\"#Usein_kysytyt_kysymykset\" style=\"background:#fff;color:#6b5a44;border:1px solid #e2d6c1;font-weight:600;padding:9px 15px;border-radius:22px;font-size:14px;text-decoration:none;display:inline-block;line-height:1;\">\u2753 FAQ<\/a><\/div><\/div>\n<!-- \/lk-navbar -->\n\n\n\n<p class=\"wp-block-paragraph\">Tiesitk\u00f6, ett\u00e4 t\u00e4ll\u00e4 V\u00e4limeren saarella on ehdottomasti <strong>koko Euroopan pisin uintikausi<\/strong>, joten aaltoihin voit sukeltaa jo toukokuussa ja viel\u00e4 marraskuussakin meri on uskomattoman l\u00e4mmin, 23 \u00b0C? Juuri t\u00e4m\u00e4 kes\u00e4paratiisi on kuitenkin samalla syvien vastakohtien paikka, sill\u00e4 sen halki kulkee yh\u00e4 piikkilanka ja se k\u00e4tkee sis\u00e4\u00e4ns\u00e4 t\u00e4ll\u00e4 hetkell\u00e4 <strong>Euroopan viimeisen jaetun p\u00e4\u00e4kaupungin<\/strong>. Rannalla auringonotto sekoittuu t\u00e4\u00e4ll\u00e4 luontevasti monimutkaisen l\u00e4hihistorian tutkimiseen, mik\u00e4 tekee Kyproksesta lumoavan kohteen jokaiselle uteliaalle matkaajalle.<\/p>\n\n\n\n<p class=\"wp-block-paragraph\">Jos <strong>Kypros<\/strong> houkuttelee sinua juuri nyt, et varmasti tule katumaan, sill\u00e4 t\u00e4m\u00e4 kohde miellytt\u00e4\u00e4 luotettavasti niin n\u00e4ht\u00e4vyyksien yst\u00e4vi\u00e4, vuoristovaeltajia kuin loputonta rannalla lekottelua rakastaviakin. Reitti\u00e4 suunnitellessasi ja tietoa etsiess\u00e4si saatat hieman yll\u00e4tty\u00e4 saaren koosta, sill\u00e4 yhdest\u00e4 p\u00e4\u00e4st\u00e4 toiseen ajaminen vie helposti useita tunteja. Matkailijat kysyv\u00e4t usein, miten pohjoisen ja etel\u00e4n v\u00e4linen raja oikeastaan toimii, ja juuri siksi p\u00e4\u00e4tin koota kattavan oppaan, joka vastaa kaikkiin k\u00e4yt\u00e4nn\u00f6n kysymyksiisi.<\/p>\n\n\n\n<p class=\"wp-block-paragraph\">T\u00e4ss\u00e4 artikkelissa odottaa per\u00e4ti <strong>24 konkreettista vinkki\u00e4<\/strong> siit\u00e4, minne suunnata ja mit\u00e4 et miss\u00e4\u00e4n nimess\u00e4 saa j\u00e4tt\u00e4\u00e4 v\u00e4liin. Kokosin sinulle <strong>yksityiskohtaiset s\u00e4\u00e4taulukot kuukausi kuukaudelta<\/strong>, jotka perustuvat todelliseen kymmenen vuoden dataan, ja tarkastelemme yksityiskohtaisesti sek\u00e4 saaren etel\u00e4- ett\u00e4 pohjoisosaa. Saat my\u00f6s selville, miss\u00e4 kannattaa y\u00f6py\u00e4 ja miten paikallinen liikenne toimii. Helsingist\u00e4 on suoria lentoja Larnakaan ja Pafosiin, ja lentoaika on noin 3 tuntia 20 minuuttia. Kyproksen tasavalta on t\u00e4ysivaltainen EU:n j\u00e4sen, jossa maksetaan eurolla, joten saat selke\u00e4n kuvan siit\u00e4, millaisiin hintoihin sinun on varauduttava ja mist\u00e4 l\u00f6yd\u00e4t parhaan ruoan kasvissy\u00f6jille. \u263a\ufe0f<\/p>\n\n\n\n<figure data-wp-context=\"{&quot;imageId&quot;:&quot;6a9944e72aefa&quot;}\" data-wp-interactive=\"core\/image\" data-wp-key=\"6a9944e72aefa\" class=\"wp-block-image size-full wp-lightbox-container\"><img decoding=\"async\" width=\"1500\" height=\"1124\" data-wp-class--hide=\"state.isContentHidden\" data-wp-class--show=\"state.isContentVisible\" data-wp-init=\"callbacks.setButtonStyles\" data-wp-on--click=\"actions.showLightbox\" data-wp-on--load=\"callbacks.setButtonStyles\" data-wp-on--pointerdown=\"actions.preloadImage\" data-wp-on--pointerenter=\"actions.preloadImageWithDelay\" data-wp-on--pointerleave=\"actions.cancelPreload\" data-wp-on-window--resize=\"callbacks.setButtonStyles\" src=\"https:\/\/loudavymkrokem.cz\/wp-content\/uploads\/2026\/08\/dovolena-kypr-uvod.jpg\" alt=\"Turkoosi meri Ayia Napan l\u00e4hell\u00e4\" class=\"wp-image-399836\" title=\"\" srcset=\"https:\/\/loudavymkrokem.cz\/wp-content\/uploads\/2026\/08\/dovolena-kypr-uvod.jpg 1500w, https:\/\/loudavymkrokem.cz\/wp-content\/uploads\/2026\/08\/dovolena-kypr-uvod-300x225.jpg 300w, https:\/\/loudavymkrokem.cz\/wp-content\/uploads\/2026\/08\/dovolena-kypr-uvod-700x525.jpg 700w, https:\/\/loudavymkrokem.cz\/wp-content\/uploads\/2026\/08\/dovolena-kypr-uvod-768x575.jpg 768w, https:\/\/loudavymkrokem.cz\/wp-content\/uploads\/2026\/08\/dovolena-kypr-uvod-80x60.jpg 80w, https:\/\/loudavymkrokem.cz\/wp-content\/uploads\/2026\/08\/dovolena-kypr-uvod-160x120.jpg 160w, https:\/\/loudavymkrokem.cz\/wp-content\/uploads\/2026\/08\/dovolena-kypr-uvod-696x522.jpg 696w, https:\/\/loudavymkrokem.cz\/wp-content\/uploads\/2026\/08\/dovolena-kypr-uvod-1392x1043.jpg 1392w\" sizes=\"(max-width: 1500px) 100vw, 1500px\" \/><button\n\t\t\tclass=\"lightbox-trigger\"\n\t\t\ttype=\"button\"\n\t\t\taria-haspopup=\"dialog\"\n\t\t\tdata-wp-bind--aria-label=\"state.thisImage.triggerButtonAriaLabel\"\n\t\t\tdata-wp-init=\"callbacks.initTriggerButton\"\n\t\t\tdata-wp-on--click=\"actions.showLightbox\"\n\t\t\tdata-wp-style--right=\"state.thisImage.buttonRight\"\n\t\t\tdata-wp-style--top=\"state.thisImage.buttonTop\"\n\t\t>\n\t\t\t<svg xmlns=\"http:\/\/www.w3.org\/2000\/svg\" width=\"12\" height=\"12\" fill=\"none\" viewBox=\"0 0 12 12\">\n\t\t\t\t<path fill=\"#fff\" d=\"M2 0a2 2 0 0 0-2 2v2h1.5V2a.5.5 0 0 1 .5-.5h2V0H2Zm2 10.5H2a.5.5 0 0 1-.5-.5V8H0v2a2 2 0 0 0 2 2h2v-1.5ZM8 12v-1.5h2a.5.5 0 0 0 .5-.5V8H12v2a2 2 0 0 1-2 2H8Zm2-12a2 2 0 0 1 2 2v2h-1.5V2a.5.5 0 0 0-.5-.5H8V0h2Z\" \/>\n\t\t\t<\/svg>\n\t\t<\/button><figcaption class=\"wp-element-caption\">Turkoosi meri Ayia Napan l\u00e4hell\u00e4 (Kuva: Gerda Arendt \/ Wikimedia Commons, CC0)<\/figcaption><\/figure>\n\n\n\n<div id=\"ez-toc-container\" class=\"ez-toc-v2_0_87 ez-toc-wrap-left counter-hierarchy ez-toc-counter ez-toc-grey ez-toc-container-direction\">\n<div class=\"ez-toc-title-container\">\n<p class=\"ez-toc-title\" style=\"cursor:inherit\">Artikkelin sis\u00e4lt\u00f6<\/p>\n<span class=\"ez-toc-title-toggle\"><a href=\"#\" class=\"ez-toc-pull-right ez-toc-btn ez-toc-btn-xs ez-toc-btn-default ez-toc-toggle\" aria-label=\"Toggle Table of Content\"><span class=\"ez-toc-js-icon-con\"><span class=\"\"><span class=\"eztoc-hide\" style=\"display:none;\">Toggle<\/span><span class=\"ez-toc-icon-toggle-span\"><svg style=\"fill: #999;color:#999\" xmlns=\"http:\/\/www.w3.org\/2000\/svg\" class=\"list-377408\" width=\"20px\" height=\"20px\" viewBox=\"0 0 24 24\" fill=\"none\"><path d=\"M6 6H4v2h2V6zm14 0H8v2h12V6zM4 11h2v2H4v-2zm16 0H8v2h12v-2zM4 16h2v2H4v-2zm16 0H8v2h12v-2z\" fill=\"currentColor\"><\/path><\/svg><svg style=\"fill: #999;color:#999\" class=\"arrow-unsorted-368013\" xmlns=\"http:\/\/www.w3.org\/2000\/svg\" width=\"10px\" height=\"10px\" viewBox=\"0 0 24 24\" version=\"1.2\" baseProfile=\"tiny\"><path d=\"M18.2 9.3l-6.2-6.3-6.2 6.3c-.2.2-.3.4-.3.7s.1.5.3.7c.2.2.4.3.7.3h11c.3 0 .5-.1.7-.3.2-.2.3-.5.3-.7s-.1-.5-.3-.7zM5.8 14.7l6.2 6.3 6.2-6.3c.2-.2.3-.5.3-.7s-.1-.5-.3-.7c-.2-.2-.4-.3-.7-.3h-11c-.3 0-.5.1-.7.3-.2.2-.3.5-.3.7s.1.5.3.7z\"\/><\/svg><\/span><\/span><\/span><\/a><\/span><\/div>\n<nav><ul class='ez-toc-list ez-toc-list-level-1 ' ><li class='ez-toc-page-1 ez-toc-heading-level-2'><a class=\"ez-toc-link ez-toc-heading-1\" href=\"https:\/\/loudavymkrokem.cz\/fi\/kypros-loma-vinkit\/#Yhteenveto\" >Yhteenveto<\/a><\/li><li class='ez-toc-page-1 ez-toc-heading-level-2'><a class=\"ez-toc-link ez-toc-heading-2\" href=\"https:\/\/loudavymkrokem.cz\/fi\/kypros-loma-vinkit\/#Miksi_matkustaa_Kyprokselle_ja_kenelle_se_ei_sovi\" >Miksi matkustaa Kyprokselle (ja kenelle se ei sovi)<\/a><ul class='ez-toc-list-level-3' ><li class='ez-toc-heading-level-3'><a class=\"ez-toc-link ez-toc-heading-3\" href=\"https:\/\/loudavymkrokem.cz\/fi\/kypros-loma-vinkit\/#6_syyta_miksi_Kypros_on_matkan_arvoinen\" >6 syyt\u00e4, miksi Kypros on matkan arvoinen<\/a><\/li><li class='ez-toc-page-1 ez-toc-heading-level-3'><a class=\"ez-toc-link ez-toc-heading-4\" href=\"https:\/\/loudavymkrokem.cz\/fi\/kypros-loma-vinkit\/#Kenelle_Kypros_ei_sovi\" >Kenelle Kypros ei sovi<\/a><\/li><\/ul><\/li><li class='ez-toc-page-1 ez-toc-heading-level-2'><a class=\"ez-toc-link ez-toc-heading-5\" href=\"https:\/\/loudavymkrokem.cz\/fi\/kypros-loma-vinkit\/#Milloin_matkustaa_Kyprokselle_saa_kuukausi_kuukaudelta\" >Milloin matkustaa Kyprokselle: s\u00e4\u00e4 kuukausi kuukaudelta<\/a><ul class='ez-toc-list-level-3' ><li class='ez-toc-heading-level-3'><a class=\"ez-toc-link ez-toc-heading-6\" href=\"https:\/\/loudavymkrokem.cz\/fi\/kypros-loma-vinkit\/#Pafos_saaren_lansiosa_on_hieman_leudompi\" >Pafos: saaren l\u00e4nsiosa on hieman leudompi<\/a><\/li><li class='ez-toc-page-1 ez-toc-heading-level-3'><a class=\"ez-toc-link ez-toc-heading-7\" href=\"https:\/\/loudavymkrokem.cz\/fi\/kypros-loma-vinkit\/#Troodos-vuoret_aivan_toinen_saari\" >Troodos-vuoret: aivan toinen saari<\/a><\/li><li class='ez-toc-page-1 ez-toc-heading-level-3'><a class=\"ez-toc-link ez-toc-heading-8\" href=\"https:\/\/loudavymkrokem.cz\/fi\/kypros-loma-vinkit\/#Parhaat_kuukaudet_lomatyypin_mukaan\" >Parhaat kuukaudet lomatyypin mukaan<\/a><\/li><\/ul><\/li><li class='ez-toc-page-1 ez-toc-heading-level-2'><a class=\"ez-toc-link ez-toc-heading-9\" href=\"https:\/\/loudavymkrokem.cz\/fi\/kypros-loma-vinkit\/#Mita_nahda_Kyproksella_24_vinkkia_antiikin_mosaiikeista_vuorille\" >Mit\u00e4 n\u00e4hd\u00e4 Kyproksella: 24 vinkki\u00e4 antiikin mosaiikeista vuorille<\/a><ul class='ez-toc-list-level-3' ><li class='ez-toc-heading-level-3'><a class=\"ez-toc-link ez-toc-heading-10\" href=\"https:\/\/loudavymkrokem.cz\/fi\/kypros-loma-vinkit\/#1_Pafosin_arkeologinen_puisto_mosaiikit_joiden_takia_tanne_tullaan\" >1. Pafosin arkeologinen puisto: mosaiikit, joiden takia t\u00e4nne tullaan<\/a><\/li><li class='ez-toc-page-1 ez-toc-heading-level-3'><a class=\"ez-toc-link ez-toc-heading-11\" href=\"https:\/\/loudavymkrokem.cz\/fi\/kypros-loma-vinkit\/#2_Kuninkaiden_haudat_Tombs_of_the_Kings\" >2. Kuninkaiden haudat (Tombs of the Kings)<\/a><\/li><li class='ez-toc-page-1 ez-toc-heading-level-3'><a class=\"ez-toc-link ez-toc-heading-12\" href=\"https:\/\/loudavymkrokem.cz\/fi\/kypros-loma-vinkit\/#3_Petra_tou_Romiou_kallio_jossa_myytin_mukaan_Afrodite_syntyi\" >3. Petra tou Romiou: kallio, jossa myytin mukaan Afrodite syntyi<\/a><\/li><li class='ez-toc-page-1 ez-toc-heading-level-3'><a class=\"ez-toc-link ez-toc-heading-13\" href=\"https:\/\/loudavymkrokem.cz\/fi\/kypros-loma-vinkit\/#4_Akamasin_niemimaa_ja_Sininen_laguuni\" >4. Akamasin niemimaa ja Sininen laguuni<\/a><\/li><li class='ez-toc-page-1 ez-toc-heading-level-3'><a class=\"ez-toc-link ez-toc-heading-14\" href=\"https:\/\/loudavymkrokem.cz\/fi\/kypros-loma-vinkit\/#5_Avakasin_rotko\" >5. Avakasin rotko<\/a><\/li><li class='ez-toc-page-1 ez-toc-heading-level-3'><a class=\"ez-toc-link ez-toc-heading-15\" href=\"https:\/\/loudavymkrokem.cz\/fi\/kypros-loma-vinkit\/#6_Lara_Bay_ja_merikilpikonnat\" >6. Lara Bay ja merikilpikonnat<\/a><\/li><li class='ez-toc-page-1 ez-toc-heading-level-3'><a class=\"ez-toc-link ez-toc-heading-16\" href=\"https:\/\/loudavymkrokem.cz\/fi\/kypros-loma-vinkit\/#7_Peyian_meriluolat_ja_Coral_Bay\" >7. Peyian meriluolat ja Coral Bay<\/a><\/li><li class='ez-toc-page-1 ez-toc-heading-level-3'><a class=\"ez-toc-link ez-toc-heading-17\" href=\"https:\/\/loudavymkrokem.cz\/fi\/kypros-loma-vinkit\/#8_Limassol_rantabulevardi_linna_ja_etelan_vilkkain_kaupunki\" >8. Limassol: rantabulevardi, linna ja etel\u00e4n vilkkain kaupunki<\/a><\/li><li class='ez-toc-page-1 ez-toc-heading-level-3'><a class=\"ez-toc-link ez-toc-heading-18\" href=\"https:\/\/loudavymkrokem.cz\/fi\/kypros-loma-vinkit\/#9_Kourion_antiikin_teatteri_meren_ylla\" >9. Kourion: antiikin teatteri meren yll\u00e4<\/a><\/li><li class='ez-toc-page-1 ez-toc-heading-level-3'><a class=\"ez-toc-link ez-toc-heading-19\" href=\"https:\/\/loudavymkrokem.cz\/fi\/kypros-loma-vinkit\/#10_Kolossin_linna\" >10. Kolossin linna<\/a><\/li><li class='ez-toc-page-1 ez-toc-heading-level-3'><a class=\"ez-toc-link ez-toc-heading-20\" href=\"https:\/\/loudavymkrokem.cz\/fi\/kypros-loma-vinkit\/#11_Cape_Greco_-niemi_ja_Kamara_tou_Koraka\" >11. Cape Greco -niemi ja Kamara tou Koraka<\/a><\/li><li class='ez-toc-page-1 ez-toc-heading-level-3'><a class=\"ez-toc-link ez-toc-heading-21\" href=\"https:\/\/loudavymkrokem.cz\/fi\/kypros-loma-vinkit\/#12_Larnaka_Suolajarvi_ja_flamingot\" >12. Larnaka: Suolaj\u00e4rvi ja flamingot<\/a><\/li><li class='ez-toc-page-1 ez-toc-heading-level-3'><a class=\"ez-toc-link ez-toc-heading-22\" href=\"https:\/\/loudavymkrokem.cz\/fi\/kypros-loma-vinkit\/#13_Nissi_Beach_Kyproksen_kuuluisin_ranta\" >13. Nissi Beach: Kyproksen kuuluisin ranta<\/a><\/li><li class='ez-toc-page-1 ez-toc-heading-level-3'><a class=\"ez-toc-link ez-toc-heading-23\" href=\"https:\/\/loudavymkrokem.cz\/fi\/kypros-loma-vinkit\/#14_Ayia_Napa_bileita_mutta_myos_luostari_ja_meriluolat\" >14. Ayia Napa: bileit\u00e4, mutta my\u00f6s luostari ja meriluolat<\/a><\/li><li class='ez-toc-page-1 ez-toc-heading-level-3'><a class=\"ez-toc-link ez-toc-heading-24\" href=\"https:\/\/loudavymkrokem.cz\/fi\/kypros-loma-vinkit\/#15_Protaras_ja_Fig_Tree_Bay\" >15. Protaras ja Fig Tree Bay<\/a><\/li><li class='ez-toc-page-1 ez-toc-heading-level-3'><a class=\"ez-toc-link ez-toc-heading-25\" href=\"https:\/\/loudavymkrokem.cz\/fi\/kypros-loma-vinkit\/#16_Ayia_Napa_Sculpture_Park_ja_Cape_Greco_-polut\" >16. Ayia Napa Sculpture Park ja Cape Greco -polut<\/a><\/li><li class='ez-toc-page-1 ez-toc-heading-level-3'><a class=\"ez-toc-link ez-toc-heading-26\" href=\"https:\/\/loudavymkrokem.cz\/fi\/kypros-loma-vinkit\/#17_WaterWorld-vesipuisto_Ayia_Napassa\" >17. WaterWorld-vesipuisto Ayia Napassa<\/a><\/li><li class='ez-toc-page-1 ez-toc-heading-level-3'><a class=\"ez-toc-link ez-toc-heading-27\" href=\"https:\/\/loudavymkrokem.cz\/fi\/kypros-loma-vinkit\/#18_Troodoksen_kylat_Omodos_Lefkara_ja_Kakopetria\" >18. Troodoksen kyl\u00e4t: Omodos, Lefkara ja Kakopetria<\/a><\/li><li class='ez-toc-page-1 ez-toc-heading-level-3'><a class=\"ez-toc-link ez-toc-heading-28\" href=\"https:\/\/loudavymkrokem.cz\/fi\/kypros-loma-vinkit\/#19_Bysanttilaiset_kirkot_UNESCOn_listalla\" >19. Bysanttilaiset kirkot UNESCOn listalla<\/a><\/li><li class='ez-toc-page-1 ez-toc-heading-level-3'><a class=\"ez-toc-link ez-toc-heading-29\" href=\"https:\/\/loudavymkrokem.cz\/fi\/kypros-loma-vinkit\/#20_Kalidonian_vesiputoukset_ja_Mount_Olympus\" >20. Kalidonian vesiputoukset ja Mount Olympus<\/a><\/li><li class='ez-toc-page-1 ez-toc-heading-level-3'><a class=\"ez-toc-link ez-toc-heading-30\" href=\"https:\/\/loudavymkrokem.cz\/fi\/kypros-loma-vinkit\/#21_Kyproslaiset_viinitilat_ja_viinireitit\" >21. Kyproslaiset viinitilat ja viinireitit<\/a><\/li><li class='ez-toc-page-1 ez-toc-heading-level-3'><a class=\"ez-toc-link ez-toc-heading-31\" href=\"https:\/\/loudavymkrokem.cz\/fi\/kypros-loma-vinkit\/#22_Nikosia_Euroopan_viimeinen_jaettu_paakaupunki\" >22. Nikosia: Euroopan viimeinen jaettu p\u00e4\u00e4kaupunki<\/a><\/li><li class='ez-toc-page-1 ez-toc-heading-level-3'><a class=\"ez-toc-link ez-toc-heading-32\" href=\"https:\/\/loudavymkrokem.cz\/fi\/kypros-loma-vinkit\/#23_Kyrenia_Girne_ja_sataman_ylla_kohoava_linna\" >23. Kyrenia (Girne) ja sataman yll\u00e4 kohoava linna<\/a><\/li><li class='ez-toc-page-1 ez-toc-heading-level-3'><a class=\"ez-toc-link ez-toc-heading-33\" href=\"https:\/\/loudavymkrokem.cz\/fi\/kypros-loma-vinkit\/#24_Famagusta_ja_aavemainen_Varosha\" >24. Famagusta ja aavemainen Varosha<\/a><\/li><\/ul><\/li><li class='ez-toc-page-1 ez-toc-heading-level-2'><a class=\"ez-toc-link ez-toc-heading-34\" href=\"https:\/\/loudavymkrokem.cz\/fi\/kypros-loma-vinkit\/#Missa_yopya_Kyproksella_mika_alue_sopii_kenelle\" >Miss\u00e4 y\u00f6py\u00e4 Kyproksella: mik\u00e4 alue sopii kenelle<\/a><ul class='ez-toc-list-level-3' ><li class='ez-toc-heading-level-3'><a class=\"ez-toc-link ez-toc-heading-35\" href=\"https:\/\/loudavymkrokem.cz\/fi\/kypros-loma-vinkit\/#Alueiden_yleiskatsaus\" >Alueiden yleiskatsaus<\/a><\/li><li class='ez-toc-page-1 ez-toc-heading-level-3'><a class=\"ez-toc-link ez-toc-heading-36\" href=\"https:\/\/loudavymkrokem.cz\/fi\/kypros-loma-vinkit\/#Konkreettiset_majoitusvinkit\" >Konkreettiset majoitusvinkit<\/a><\/li><\/ul><\/li><li class='ez-toc-page-1 ez-toc-heading-level-2'><a class=\"ez-toc-link ez-toc-heading-37\" href=\"https:\/\/loudavymkrokem.cz\/fi\/kypros-loma-vinkit\/#Mita_syoda_Kyproksella_paratiisi_kasvissyojille\" >Mit\u00e4 sy\u00f6d\u00e4 Kyproksella: paratiisi kasvissy\u00f6jille<\/a><\/li><li class='ez-toc-page-1 ez-toc-heading-level-2'><a class=\"ez-toc-link ez-toc-heading-38\" href=\"https:\/\/loudavymkrokem.cz\/fi\/kypros-loma-vinkit\/#Liikkuminen_Kyproksella_auto_bussit_ja_ylitys_pohjoiseen\" >Liikkuminen Kyproksella: auto, bussit ja ylitys pohjoiseen<\/a><ul class='ez-toc-list-level-3' ><li class='ez-toc-heading-level-3'><a class=\"ez-toc-link ez-toc-heading-39\" href=\"https:\/\/loudavymkrokem.cz\/fi\/kypros-loma-vinkit\/#Ajetaan_vasemmalla\" >Ajetaan vasemmalla<\/a><\/li><li class='ez-toc-page-1 ez-toc-heading-level-3'><a class=\"ez-toc-link ez-toc-heading-40\" href=\"https:\/\/loudavymkrokem.cz\/fi\/kypros-loma-vinkit\/#Bussit_vastaan_vuokra-auto\" >Bussit vastaan vuokra-auto<\/a><\/li><li class='ez-toc-page-1 ez-toc-heading-level-3'><a class=\"ez-toc-link ez-toc-heading-41\" href=\"https:\/\/loudavymkrokem.cz\/fi\/kypros-loma-vinkit\/#Miten_ylittaa_vihrea_linja_pohjoiseen\" >Miten ylitt\u00e4\u00e4 vihre\u00e4 linja pohjoiseen<\/a><\/li><\/ul><\/li><li class='ez-toc-page-1 ez-toc-heading-level-2'><a class=\"ez-toc-link ez-toc-heading-42\" href=\"https:\/\/loudavymkrokem.cz\/fi\/kypros-loma-vinkit\/#Paljonko_Kyproksen_loma_maksaa\" >Paljonko Kyproksen loma maksaa<\/a><\/li><li class='ez-toc-page-1 ez-toc-heading-level-2'><a class=\"ez-toc-link ez-toc-heading-43\" href=\"https:\/\/loudavymkrokem.cz\/fi\/kypros-loma-vinkit\/#Mita_kannattaa_varoa_Kyproksella\" >Mit\u00e4 kannattaa varoa Kyproksella<\/a><\/li><li class='ez-toc-page-1 ez-toc-heading-level-2'><a class=\"ez-toc-link ez-toc-heading-44\" href=\"https:\/\/loudavymkrokem.cz\/fi\/kypros-loma-vinkit\/#Kypros_lasten_kanssa\" >Kypros lasten kanssa<\/a><\/li><li class='ez-toc-page-1 ez-toc-heading-level-2'><a class=\"ez-toc-link ez-toc-heading-45\" href=\"https:\/\/loudavymkrokem.cz\/fi\/kypros-loma-vinkit\/#Minne_seuraavaksi_lisaa_vinkkeja_rantalomille\" >Minne seuraavaksi: lis\u00e4\u00e4 vinkkej\u00e4 rantalomille<\/a><\/li><li class='ez-toc-page-1 ez-toc-heading-level-2'><a class=\"ez-toc-link ez-toc-heading-46\" href=\"https:\/\/loudavymkrokem.cz\/fi\/kypros-loma-vinkit\/#Usein_kysytyt_kysymykset\" >Usein kysytyt kysymykset<\/a><ul class='ez-toc-list-level-3' ><li class='ez-toc-heading-level-3'><a class=\"ez-toc-link ez-toc-heading-47\" href=\"https:\/\/loudavymkrokem.cz\/fi\/kypros-loma-vinkit\/#Milloin_on_paras_aika_matkustaa_Kyprokselle\" >Milloin on paras aika matkustaa Kyprokselle?<\/a><\/li><li class='ez-toc-page-1 ez-toc-heading-level-3'><a class=\"ez-toc-link ez-toc-heading-48\" href=\"https:\/\/loudavymkrokem.cz\/fi\/kypros-loma-vinkit\/#Kuinka_kauan_Kyproksella_tarvitsee_viettaa\" >Kuinka kauan Kyproksella tarvitsee viett\u00e4\u00e4?<\/a><\/li><li class='ez-toc-page-1 ez-toc-heading-level-3'><a class=\"ez-toc-link ez-toc-heading-49\" href=\"https:\/\/loudavymkrokem.cz\/fi\/kypros-loma-vinkit\/#Voiko_Kyproksella_uida_lokakuussa_ja_marraskuussa\" >Voiko Kyproksella uida lokakuussa ja marraskuussa?<\/a><\/li><li class='ez-toc-page-1 ez-toc-heading-level-3'><a class=\"ez-toc-link ez-toc-heading-50\" href=\"https:\/\/loudavymkrokem.cz\/fi\/kypros-loma-vinkit\/#Tarvitsenko_Kyproksella_autoa\" >Tarvitsenko Kyproksella autoa?<\/a><\/li><li class='ez-toc-page-1 ez-toc-heading-level-3'><a class=\"ez-toc-link ez-toc-heading-51\" href=\"https:\/\/loudavymkrokem.cz\/fi\/kypros-loma-vinkit\/#Voinko_menna_Kyproksen_etelaosasta_pohjoisosaan\" >Voinko menn\u00e4 Kyproksen etel\u00e4osasta pohjoisosaan?<\/a><\/li><li class='ez-toc-page-1 ez-toc-heading-level-3'><a class=\"ez-toc-link ez-toc-heading-52\" href=\"https:\/\/loudavymkrokem.cz\/fi\/kypros-loma-vinkit\/#Onko_Kypros_kallis\" >Onko Kypros kallis?<\/a><\/li><li class='ez-toc-page-1 ez-toc-heading-level-3'><a class=\"ez-toc-link ez-toc-heading-53\" href=\"https:\/\/loudavymkrokem.cz\/fi\/kypros-loma-vinkit\/#Millaista_ruokaa_Kyproksella_on_kasvisruokailijoille\" >Millaista ruokaa Kyproksella on kasvisruokailijoille?<\/a><\/li><li class='ez-toc-page-1 ez-toc-heading-level-3'><a class=\"ez-toc-link ez-toc-heading-54\" href=\"https:\/\/loudavymkrokem.cz\/fi\/kypros-loma-vinkit\/#Onko_Kypros_turvallinen\" >Onko Kypros turvallinen?<\/a><\/li><\/ul><\/li><\/ul><\/nav><\/div>\n<h2 id=\"Yhteenveto\" class=\"wp-block-heading\"><span class=\"ez-toc-section\" id=\"Yhteenveto\"><\/span>Yhteenveto<span class=\"ez-toc-section-end\"><\/span><\/h2>\n\n\n\n<p class=\"wp-block-paragraph\">Jos sinulla ei ole aikaa lukea yksityiskohtaista opasta, kokosin sinulle nopean tiivistelm\u00e4n t\u00e4rkeimm\u00e4st\u00e4. T\u00e4ss\u00e4 ovat perusfaktat, jotka sinun kannattaa ehdottomasti tiet\u00e4\u00e4 ennen matkaa:<\/p>\n\n\n\n<ul class=\"wp-block-list\">\n<li>Saarella on <strong>Euroopan pisin uintikausi<\/strong>, ja suositussa Ayia Napassa meri on marraskuussakin ihanat 24,5 \u00b0C.<\/li>\n\n\n\n<li>Jos suuntaat t\u00e4nne hein\u00e4- tai elokuussa, sinua odottavat Ayia Napassa <strong>32,1 ja 32,4 \u00b0C<\/strong> ja sataa keskim\u00e4\u00e4rin vain 0,1 p\u00e4iv\u00e4\u00e4 kuukaudessa.<\/li>\n\n\n\n<li>Paikallisten mukaan kaikkein kaunein aika on <strong>kev\u00e4t (huhti\u2013toukokuu)<\/strong>, jolloin koko saari on upean vihre\u00e4 ja t\u00e4ynn\u00e4 kukkivia kasveja.<\/li>\n\n\n\n<li>Saari on poliittisesti jaettu, ja vaikka vihre\u00e4n linjan yli p\u00e4\u00e4see helposti, siihen <strong>TARVITSET AINA PASSIN<\/strong>, sill\u00e4 henkil\u00f6korttiin ei voi luottaa.<\/li>\n\n\n\n<li>Britannian siirtomaamenneisyyden ansiosta t\u00e4\u00e4ll\u00e4 <strong>ajetaan vasemmalla<\/strong>, mik\u00e4 yll\u00e4tt\u00e4\u00e4 monet valmistautumattomat turistit lentokent\u00e4n vuokra-auton kohdalla.<\/li>\n\n\n\n<li>Sis\u00e4maan Troodos-vuoret ovat yleens\u00e4 <strong>8\u201310 astetta viile\u00e4mm\u00e4t<\/strong> kuin rannikko, ja talvella siell\u00e4 jopa lasketellaan luonnonlumessa.<\/li>\n\n\n\n<li>Kun <strong>Pafos on t\u00e4ynn\u00e4 arkeologiaa<\/strong> ja UNESCO-kohteita, Ayia Napa houkuttelee rannoilla ja bileill\u00e4 ja Protaras tarjoaa perheiden rauhaa.<\/li>\n\n\n\n<li>Kuuluisa <strong>halloumi-juusto on kotoisin juuri Kyprokselta<\/strong>, ja pienist\u00e4 lihattomista herkuista koostuva kasvismeze on t\u00e4\u00e4ll\u00e4 t\u00e4ysin arkip\u00e4iv\u00e4\u00e4.<\/li>\n<\/ul>\n\n\n\n<h2 id=\"Miksi_matkustaa_Kyprokselle_ja_kenelle_se_ei_sovi\" class=\"wp-block-heading\"><span class=\"ez-toc-section\" id=\"Miksi_matkustaa_Kyprokselle_ja_kenelle_se_ei_sovi\"><\/span>Miksi matkustaa Kyprokselle (ja kenelle se ei sovi)<span class=\"ez-toc-section-end\"><\/span><\/h2>\n\n\n\n<p class=\"wp-block-paragraph\">Jos viel\u00e4 ep\u00e4r\u00f6it, onko t\u00e4m\u00e4 aurinkoinen V\u00e4limeren saari oikea valinta t\u00e4m\u00e4n vuoden vapaap\u00e4iviisi, k\u00e4yd\u00e4\u00e4n asiaa hieman l\u00e4pi. Kohde tarjoaa <strong>todella ainutlaatuisen kokemusten sekoituksen<\/strong>, joka miellytt\u00e4\u00e4 luotettavasti niin aktiivisia matkailijoita kuin niit\u00e4kin, jotka haluavat vain k\u00e4yd\u00e4 pitk\u00e4lleen aurinkotuolille hyv\u00e4n kirjan kanssa. Samalla on hyv\u00e4 tiet\u00e4\u00e4 muutamasta erityispiirteest\u00e4, jotka voivat pilata loman joltakulta.<\/p>\n\n\n\n<h3 id=\"6_syyta_miksi_Kypros_on_matkan_arvoinen\" class=\"wp-block-heading\"><span class=\"ez-toc-section\" id=\"6_syyta_miksi_Kypros_on_matkan_arvoinen\"><\/span>6 syyt\u00e4, miksi Kypros on matkan arvoinen<span class=\"ez-toc-section-end\"><\/span><\/h3>\n\n\n\n<p class=\"wp-block-paragraph\"><strong>Pisin uintikausi:<\/strong> Pitk\u00e4aikaisten mittausten mukaan vakaa l\u00e4mp\u00f6 vallitsee t\u00e4\u00e4ll\u00e4 varhaisesta kev\u00e4\u00e4st\u00e4 my\u00f6h\u00e4iseen syksyyn, mik\u00e4 on Euroopan mittakaavassa valtava etu. Kun Kreikassa tai Espanjassa vedet\u00e4\u00e4n jo lokakuussa villapaidat p\u00e4\u00e4lle, t\u00e4\u00e4ll\u00e4 paikalliset ja turistit yh\u00e4 <strong>uivat l\u00e4mmenneess\u00e4 meress\u00e4<\/strong>.<\/p>\n\n\n\n<p class=\"wp-block-paragraph\"><strong>UNESCOn listalla olevat antiikin n\u00e4ht\u00e4vyydet:<\/strong> Jos historia kiinnostaa, olet t\u00e4\u00e4ll\u00e4 omassa elementiss\u00e4si, sill\u00e4 koko saari toimii yhten\u00e4 valtavana ulkoilmamuseona. Kyproksen tasavalta ylpeilee <strong>upeilla arkeologisilla puistoilla<\/strong>, s\u00e4ilyneill\u00e4 mosaiikeilla ja muinaisilla haudoilla, jotka ilahduttavat l\u00e4hes jokaista vanhojen tarinoiden yst\u00e4v\u00e4\u00e4.<\/p>\n\n\n\n<p class=\"wp-block-paragraph\"><strong>Vuoret ja meri samana p\u00e4iv\u00e4n\u00e4:<\/strong> Aamulla voit k\u00e4vell\u00e4 syviss\u00e4 m\u00e4ntymetsiss\u00e4, l\u00f6yt\u00e4\u00e4 k\u00e4tkettyj\u00e4 vesiputouksia ja hengitt\u00e4\u00e4 raikasta vuoristoilmaa. Iltap\u00e4iv\u00e4ll\u00e4 ajat autolla alas rannikolle ja <strong>hypp\u00e4\u00e4t turkooseihin aaltoihin<\/strong>, mik\u00e4 muodostaa uskomattoman virkist\u00e4v\u00e4n vastakohdan, joka ei kyll\u00e4styt\u00e4.<\/p>\n\n\n\n<p class=\"wp-block-paragraph\"><strong>Englanti ja vasemmanpuoleinen liikenne:<\/strong> Saari oli pitk\u00e4\u00e4n Britannian hallinnossa, joten t\u00e4\u00e4ll\u00e4 p\u00e4rj\u00e4\u00e4t englanniksi t\u00e4ysin sujuvasti pienimm\u00e4ss\u00e4kin syrj\u00e4kyl\u00e4ss\u00e4. Brittiperint\u00f6\u00f6n kuuluu my\u00f6s vasemmalla ajaminen ja perinteiset kolmipiikkiset G-tyypin pistorasiat, joihin <strong>tarvitset ehdottomasti adapterin<\/strong>. Muista my\u00f6s, ett\u00e4 vaikka julkinen liikenne yhdist\u00e4\u00e4 p\u00e4\u00e4kaupungit, Troodos-vuorille, Akamasin niemimaalle ja useimmille vaelluksille p\u00e4\u00e4set k\u00e4yt\u00e4nn\u00f6ss\u00e4 vain autolla.<\/p>\n\n\n\n<p class=\"wp-block-paragraph\"><strong>Erinomainen kasvisruoka ja halloumi:<\/strong> Ruoka on t\u00e4\u00e4ll\u00e4 yksinkertaisesti fantastista ja ilahduttaa my\u00f6s niit\u00e4, jotka eiv\u00e4t sy\u00f6 lihaa, sill\u00e4 perinteiset tavernat tarjoavat valtavasti lihattomia vaihtoehtoja. Sinut lumoaa varmasti <strong>grillattu halloumi-juusto<\/strong>, joka on paikallinen aarre ja maistuu tuoreen vihannesten ja oliivi\u00f6ljyn kanssa aivan jumalaiselta.<\/p>\n\n\n\n<p class=\"wp-block-paragraph\"><strong>Kaksi kulttuuria yhdell\u00e4 saarella:<\/strong> Vihre\u00e4n linjan ylitt\u00e4minen saaren pohjoisosaan vie sinut aivan toiseen maailmaan, joka on t\u00e4ynn\u00e4 moskeijoita, turkkilaista teet\u00e4 ja toreja, joilla muuten <strong>maksetaan yleens\u00e4 Turkin liiralla<\/strong>, vaikka euroja monin paikoin otetaankin vastaan. Mahdollisuus tutustua yhden loman aikana sek\u00e4 kreikkalaiseen ett\u00e4 turkkilaiseen kulttuuriin on valtava bonus, mutta muista, ett\u00e4 pohjoiseen saa etel\u00e4st\u00e4 vuokratulla autolla vain vuokraamon luvalla ja <strong>rajalla on ostettava tilap\u00e4inen turkkilainen vakuutus<\/strong>, sill\u00e4 etel\u00e4n vakuutus ei siell\u00e4 ole voimassa (ja pohjoisessa vuokratulla autolla ei saa lainkaan ajaa etel\u00e4\u00e4n).<\/p>\n\n\n\n<h3 id=\"Kenelle_Kypros_ei_sovi\" class=\"wp-block-heading\"><span class=\"ez-toc-section\" id=\"Kenelle_Kypros_ei_sovi\"><\/span>Kenelle Kypros ei sovi<span class=\"ez-toc-section-end\"><\/span><\/h3>\n\n\n\n<p class=\"wp-block-paragraph\">Vaikka saari on upea, se ei ole todellakaan universaali paratiisi ihan kaikille ja siin\u00e4 on selv\u00e4t sudenkuoppansa. Jos tunnistat itsesi jostakin seuraavista kohdista, kannattaa ehk\u00e4 harkita toista kohdetta, jotta <strong>v\u00e4lt\u00e4t turhat pettymykset<\/strong>.<\/p>\n\n\n\n<ul class=\"wp-block-list\">\n<li>Sin\u00e4, joka <strong>et sied\u00e4 kovaa helteit\u00e4<\/strong>, sill\u00e4 kes\u00e4ll\u00e4 l\u00e4mp\u00f6tilat kipuavat t\u00e4\u00e4ll\u00e4 yleens\u00e4 yli 32 \u00b0C:n ja Larnakassa jopa 33,4 \u00b0C:seen.<\/li>\n\n\n\n<li>Sin\u00e4, joka etsit <strong>rehev\u00e4n vihre\u00e4\u00e4 luontoa my\u00f6s kes\u00e4ll\u00e4<\/strong>, sill\u00e4 voimakkaan auringon alla saari on kes\u00e4kuusta syksyyn hyvin kuiva ja keltainen.<\/li>\n\n\n\n<li>Sin\u00e4, jolla on <strong>paniikinomainen kauhu vasemmalla ajamisesta<\/strong> etk\u00e4 halua luottaa pelkkiin kaukoliikenteen busseihin, jotka eiv\u00e4t kulje luontoon.<\/li>\n\n\n\n<li>Sin\u00e4, joka etsit <strong>pelk\u00e4st\u00e4\u00e4n halpaa lomaa<\/strong>, sill\u00e4 t\u00e4m\u00e4 kohde kuuluu V\u00e4limeren mittakaavassa pikemminkin kalliimpiin, ja palvelujen hinnat heijastavat sit\u00e4 selv\u00e4sti.<\/li>\n\n\n\n<li>Sin\u00e4, joka haluat <strong>t\u00e4ydellist\u00e4 rauhaa Ayia Napassa<\/strong> kes\u00e4sesongin aikaan, jolloin alueesta tulee yksi valtava ja meluisa bilekeskus.<\/li>\n<\/ul>\n\n\n\n<h2 id=\"Milloin_matkustaa_Kyprokselle_saa_kuukausi_kuukaudelta\" class=\"wp-block-heading\"><span class=\"ez-toc-section\" id=\"Milloin_matkustaa_Kyprokselle_saa_kuukausi_kuukaudelta\"><\/span>Milloin matkustaa Kyprokselle: s\u00e4\u00e4 kuukausi kuukaudelta<span class=\"ez-toc-section-end\"><\/span><\/h2>\n\n\n\n<p class=\"wp-block-paragraph\">Ihanteellisen ajankohdan suunnittelu on avainasemassa, sill\u00e4 Kyproksen s\u00e4\u00e4 vaihtelee vuoden mittaan todella paljon ja m\u00e4\u00e4r\u00e4\u00e4, mit\u00e4 aktiviteetteja voit oikeasti tehd\u00e4. Jotta saisit kaikkein tarkimmat tiedot, kokosimme dataa, joka <strong>ei perustu tuntemuksiin<\/strong> vaan koviin s\u00e4\u00e4mittauksiin.<\/p>\n\n\n\n<p class=\"wp-block-paragraph\">Kaikki seuraavien taulukoiden ilman l\u00e4mp\u00f6tilat ovat <strong>kymmenen vuoden keskiarvoja vuosilta 2015\u20132024<\/strong>, jotka on saatu tarkasta ERA5-ilmastoreanalyysist\u00e4. Meriveden l\u00e4mp\u00f6tila perustuu moderniin merimalliin vuosilta 2019\u20132024, joten sinulla on edess\u00e4si kaikkein ajantasaisimmat ja luotettavimmat arvot, joita ylip\u00e4\u00e4t\u00e4\u00e4n voi saada.<\/p>\n\n\n\n<figure class=\"wp-block-table is-style-stripes\" style=\"overflow-x:auto\"><table><thead><tr><th>Kuukausi<\/th><th>P\u00e4iv\u00e4ll\u00e4<\/th><th>Y\u00f6ll\u00e4<\/th><th>Meri<\/th><th>Sadep\u00e4ivi\u00e4<\/th><th>Aurinkoa\/pv<\/th><\/tr><\/thead><tbody><tr><td><strong>tammikuu<\/strong><\/td><td>16 \u00b0C<\/td><td>10 \u00b0C<\/td><td>19 \u00b0C<\/td><td>8,8<\/td><td>8,6 h<\/td><\/tr><tr><td><strong>helmikuu<\/strong><\/td><td>17 \u00b0C<\/td><td>10 \u00b0C<\/td><td>18 \u00b0C<\/td><td>5,6<\/td><td>9,0 h<\/td><\/tr><tr><td><strong>maaliskuu<\/strong><\/td><td>19 \u00b0C<\/td><td>12 \u00b0C<\/td><td>18 \u00b0C<\/td><td>5,1<\/td><td>10,4 h<\/td><\/tr><tr><td><strong>huhtikuu<\/strong><\/td><td>22 \u00b0C<\/td><td>14 \u00b0C<\/td><td>19 \u00b0C<\/td><td>3,8<\/td><td>11,6 h<\/td><\/tr><tr><td><strong>toukokuu<\/strong><\/td><td>26 \u00b0C<\/td><td>18 \u00b0C<\/td><td>21 \u00b0C<\/td><td>2,8<\/td><td>12,7 h<\/td><\/tr><tr><td><strong>kes\u00e4kuu<\/strong><\/td><td>29 \u00b0C<\/td><td>22 \u00b0C<\/td><td>26 \u00b0C<\/td><td>1,1<\/td><td>13,7 h<\/td><\/tr><tr><td><strong>hein\u00e4kuu<\/strong><\/td><td>32 \u00b0C<\/td><td>24 \u00b0C<\/td><td>29 \u00b0C<\/td><td>0,0<\/td><td>13,8 h<\/td><\/tr><tr><td><strong>elokuu<\/strong><\/td><td>32 \u00b0C<\/td><td>25 \u00b0C<\/td><td>30 \u00b0C<\/td><td>0,3<\/td><td>12,8 h<\/td><\/tr><tr><td><strong>syyskuu<\/strong><\/td><td>31 \u00b0C<\/td><td>23 \u00b0C<\/td><td>29 \u00b0C<\/td><td>1,1<\/td><td>11,6 h<\/td><\/tr><tr><td><strong>lokakuu<\/strong><\/td><td>27 \u00b0C<\/td><td>20 \u00b0C<\/td><td>27 \u00b0C<\/td><td>3,6<\/td><td>10,6 h<\/td><\/tr><tr><td><strong>marraskuu<\/strong><\/td><td>22 \u00b0C<\/td><td>16 \u00b0C<\/td><td>24 \u00b0C<\/td><td>6,7<\/td><td>8,9 h<\/td><\/tr><tr><td><strong>joulukuu<\/strong><\/td><td>18 \u00b0C<\/td><td>12 \u00b0C<\/td><td>21 \u00b0C<\/td><td>9,5<\/td><td>8,0 h<\/td><\/tr><\/tbody><\/table><figcaption class=\"wp-element-caption\">Keskil\u00e4mp\u00f6tilat Ayia Napassa kuukausi kuukaudelta. Ilma ja sateet ovat kymmenen vuoden keskiarvoja 2015\u20132024 ERA5-reanalyysist\u00e4, meriveden l\u00e4mp\u00f6tila merimallista 2019\u20132024.<\/figcaption><\/figure>\n\n\n\n<p class=\"wp-block-paragraph\">Jotta saisit paremman kuvan, katsotaan konkreettisia lukuja Ayia Napan lomakohteesta, joka sijaitsee suositulla it\u00e4rannikolla ja houkuttelee kaikkein kauneimmilla rannoilla. <strong>T\u00e4ss\u00e4 ovat tarkat keskiarvot<\/strong> yksitt\u00e4isille kuukausille:<\/p>\n\n\n\n<ul class=\"wp-block-list\">\n<li><strong>Tammikuu:<\/strong> p\u00e4iv\u00e4 15,9 \u00b0C, y\u00f6 10,3 \u00b0C, meri 18,8 \u00b0C, sadep\u00e4ivi\u00e4 8,8, aurinkoa 8,6 h\/pv.<\/li>\n\n\n\n<li><strong>Helmikuu:<\/strong> p\u00e4iv\u00e4 16,7 \u00b0C, y\u00f6 10,3 \u00b0C, meri 18,0 \u00b0C, sadep\u00e4ivi\u00e4 5,6, aurinkoa 9,0 h\/pv.<\/li>\n\n\n\n<li><strong>Maaliskuu:<\/strong> p\u00e4iv\u00e4 18,6 \u00b0C, y\u00f6 11,6 \u00b0C, meri 18,0 \u00b0C, sadep\u00e4ivi\u00e4 5,1, aurinkoa 10,4 h\/pv.<\/li>\n\n\n\n<li><strong>Huhtikuu:<\/strong> p\u00e4iv\u00e4 22,1 \u00b0C, y\u00f6 14,0 \u00b0C, meri 19,3 \u00b0C, sadep\u00e4ivi\u00e4 3,8, aurinkoa 11,6 h\/pv.<\/li>\n\n\n\n<li><strong>Toukokuu:<\/strong> p\u00e4iv\u00e4 25,8 \u00b0C, y\u00f6 17,9 \u00b0C, meri 21,4 \u00b0C, sadep\u00e4ivi\u00e4 2,8, aurinkoa 12,7 h\/pv.<\/li>\n\n\n\n<li><strong>Kes\u00e4kuu:<\/strong> p\u00e4iv\u00e4 29,1 \u00b0C, y\u00f6 21,5 \u00b0C, meri 25,5 \u00b0C, sadep\u00e4ivi\u00e4 1,1, aurinkoa 13,7 h\/pv.<\/li>\n\n\n\n<li><strong>Hein\u00e4kuu:<\/strong> p\u00e4iv\u00e4 32,1 \u00b0C, y\u00f6 24,4 \u00b0C, meri 28,6 \u00b0C, sadep\u00e4ivi\u00e4 0,0, aurinkoa 13,8 h\/pv.<\/li>\n\n\n\n<li><strong>Elokuu:<\/strong> p\u00e4iv\u00e4 32,2 \u00b0C, y\u00f6 24,9 \u00b0C, meri 29,8 \u00b0C, sadep\u00e4ivi\u00e4 0,3, aurinkoa 12,8 h\/pv.<\/li>\n\n\n\n<li><strong>Syyskuu:<\/strong> p\u00e4iv\u00e4 30,7 \u00b0C, y\u00f6 23,0 \u00b0C, meri 28,7 \u00b0C, sadep\u00e4ivi\u00e4 1,1, aurinkoa 11,6 h\/pv.<\/li>\n\n\n\n<li><strong>Lokakuu:<\/strong> p\u00e4iv\u00e4 27,3 \u00b0C, y\u00f6 20,0 \u00b0C, meri 26,8 \u00b0C, sadep\u00e4ivi\u00e4 3,6, aurinkoa 10,6 h\/pv.<\/li>\n\n\n\n<li><strong>Marraskuu:<\/strong> p\u00e4iv\u00e4 22,2 \u00b0C, y\u00f6 16,3 \u00b0C, meri 23,8 \u00b0C, sadep\u00e4ivi\u00e4 6,7, aurinkoa 8,9 h\/pv.<\/li>\n\n\n\n<li><strong>Joulukuu:<\/strong> p\u00e4iv\u00e4 18,1 \u00b0C, y\u00f6 12,4 \u00b0C, meri 20,6 \u00b0C, sadep\u00e4ivi\u00e4 9,5, aurinkoa 8,0 h\/pv.<\/li>\n<\/ul>\n\n\n\n<h3 id=\"Pafos_saaren_lansiosa_on_hieman_leudompi\" class=\"wp-block-heading\"><span class=\"ez-toc-section\" id=\"Pafos_saaren_lansiosa_on_hieman_leudompi\"><\/span>Pafos: saaren l\u00e4nsiosa on hieman leudompi<span class=\"ez-toc-section-end\"><\/span><\/h3>\n\n\n\n<p class=\"wp-block-paragraph\">L\u00e4nsirannikolla on hieman erilainen mikroilmasto, joten Pafosin alueella on tavallisesti v\u00e4h\u00e4n viile\u00e4mp\u00e4\u00e4 ja sataa hieman useammin, mik\u00e4 toisaalta tarkoittaa, ett\u00e4 <strong>maisema pysyy pidemp\u00e4\u00e4n vihre\u00e4n\u00e4<\/strong>. Vertailun vuoksi: tammikuussa mittari n\u00e4ytt\u00e4\u00e4 p\u00e4iv\u00e4ll\u00e4 15,6 \u00b0C (y\u00f6 9,4 \u00b0C, meri 19,4 \u00b0C, sadetta 13,6 pv, aurinkoa 8,5 h\/pv) ja helmikuussa 16,5 \u00b0C (y\u00f6 9,5 \u00b0C, meri 18,1 \u00b0C, sadetta 8,2 pv, aurinkoa 9,1 h\/pv). Kev\u00e4tmaaliskuu tuo p\u00e4iv\u00e4l\u00e4mp\u00f6tilaksi 17,9 \u00b0C (y\u00f6 10,9 \u00b0C, meri 17,8 \u00b0C, sadetta 9,6 pv, aurinkoa 10,6 h\/pv) ja huhtikuu jo hyvin miellytt\u00e4v\u00e4t 21,3 \u00b0C (y\u00f6 13,3 \u00b0C, meri 18,9 \u00b0C, sadetta 4,8 pv, aurinkoa 11,6 h\/pv). Toukokuun p\u00e4iv\u00e4t l\u00e4mpenev\u00e4t 24,8 \u00b0C:seen (y\u00f6 17,0 \u00b0C, meri 20,8 \u00b0C, sadetta 4,4 pv, aurinkoa 12,8 h\/pv) ja kes\u00e4kuun 27,8 \u00b0C:seen (y\u00f6 20,6 \u00b0C, meri 24,8 \u00b0C, sadetta 1,4 pv, aurinkoa 13,9 h\/pv). Kuumassa hein\u00e4kuussa voit varautua 31,0 \u00b0C:seen (y\u00f6 23,4 \u00b0C, meri 27,4 \u00b0C, sadetta 0,4 pv, aurinkoa 13,9 h\/pv) ja elokuussa 30,7 \u00b0C:seen (y\u00f6 23,8 \u00b0C, meri 28,8 \u00b0C, sadetta 0,7 pv, aurinkoa 12,7 h\/pv). Syyskuu lupaa yh\u00e4 kes\u00e4isi\u00e4 29,2 \u00b0C (y\u00f6 22,0 \u00b0C, meri 27,7 \u00b0C, sadetta 1,5 pv, aurinkoa 11,7 h\/pv) ja lokakuu laskee 26,3 \u00b0C:seen (y\u00f6 18,5 \u00b0C, meri 26,0 \u00b0C, sadetta 4,0 pv, aurinkoa 10,6 h\/pv). Marraskuu tarjoaa 22,3 \u00b0C (y\u00f6 14,7 \u00b0C, meri 23,3 \u00b0C, sadetta 5,9 pv, aurinkoa 9,2 h\/pv) ja vuoden p\u00e4\u00e4tt\u00e4\u00e4 joulukuu l\u00e4mp\u00f6tilalla 17,9 \u00b0C (y\u00f6 11,4 \u00b0C, meri 20,8 \u00b0C, sadetta 10,9 pv, aurinkoa 8,3 h\/pv).<\/p>\n\n\n\n<h3 id=\"Troodos_vuoret_aivan_toinen_saari\" class=\"wp-block-heading\"><span class=\"ez-toc-section\" id=\"Troodos-vuoret_aivan_toinen_saari\"><\/span>Troodos-vuoret: aivan toinen saari<span class=\"ez-toc-section-end\"><\/span><\/h3>\n\n\n\n<p class=\"wp-block-paragraph\">Kun suuntaat paahtuvalta rannikolta sis\u00e4maahan, p\u00e4\u00e4dyt aivan erilaiseen ilmastovy\u00f6hykkeeseen, joka yll\u00e4tt\u00e4\u00e4 sinut odottamattomalla raikkaudellaan. Noin 1 830 metrin korkeudesta tehdyt mittaukset osoittavat selv\u00e4sti, ett\u00e4 kun rannalla ihmiset k\u00e4velev\u00e4t t-paidassa 15 asteessa, <strong>ylh\u00e4\u00e4ll\u00e4 vuorilla makaa yleens\u00e4 lunta<\/strong>. Tammikuussa siell\u00e4 keskim\u00e4\u00e4r\u00e4inen p\u00e4iv\u00e4maksimi on vain 4,0 \u00b0C, ja siell\u00e4 toimii jopa hiihtokeskus, mik\u00e4 on V\u00e4limeren saarelle melko kummallinen asia.<\/p>\n\n\n\n<figure class=\"wp-block-table is-style-stripes\"><table class=\"has-fixed-layout\"><thead><tr><th>Kuukausi<\/th><th>P\u00e4iv\u00e4ll\u00e4<\/th><th>Y\u00f6ll\u00e4<\/th><th>Sadep\u00e4ivi\u00e4<\/th><th>Aurinkoa\/pv<\/th><\/tr><\/thead><tbody><tr><td><strong>tammikuu<\/strong><\/td><td>4 \u00b0C<\/td><td>-3 \u00b0C<\/td><td>12,9<\/td><td>7,9 h<\/td><\/tr><tr><td><strong>helmikuu<\/strong><\/td><td>6 \u00b0C<\/td><td>-2 \u00b0C<\/td><td>10,7<\/td><td>8,6 h<\/td><\/tr><tr><td><strong>maaliskuu<\/strong><\/td><td>8 \u00b0C<\/td><td>-0 \u00b0C<\/td><td>10,4<\/td><td>10,2 h<\/td><\/tr><tr><td><strong>huhtikuu<\/strong><\/td><td>13 \u00b0C<\/td><td>4 \u00b0C<\/td><td>6,9<\/td><td>11,5 h<\/td><\/tr><tr><td><strong>toukokuu<\/strong><\/td><td>18 \u00b0C<\/td><td>8 \u00b0C<\/td><td>6,4<\/td><td>12,8 h<\/td><\/tr><tr><td><strong>kes\u00e4kuu<\/strong><\/td><td>22 \u00b0C<\/td><td>11 \u00b0C<\/td><td>3,8<\/td><td>13,8 h<\/td><\/tr><tr><td><strong>hein\u00e4kuu<\/strong><\/td><td>26 \u00b0C<\/td><td>15 \u00b0C<\/td><td>0,8<\/td><td>13,9 h<\/td><\/tr><tr><td><strong>elokuu<\/strong><\/td><td>26 \u00b0C<\/td><td>15 \u00b0C<\/td><td>1,1<\/td><td>12,9 h<\/td><\/tr><tr><td><strong>syyskuu<\/strong><\/td><td>23 \u00b0C<\/td><td>12 \u00b0C<\/td><td>3,3<\/td><td>11,7 h<\/td><\/tr><tr><td><strong>lokakuu<\/strong><\/td><td>18 \u00b0C<\/td><td>8 \u00b0C<\/td><td>5,4<\/td><td>10,6 h<\/td><\/tr><tr><td><strong>marraskuu<\/strong><\/td><td>12 \u00b0C<\/td><td>3 \u00b0C<\/td><td>6,7<\/td><td>9,1 h<\/td><\/tr><tr><td><strong>joulukuu<\/strong><\/td><td>7 \u00b0C<\/td><td>-0 \u00b0C<\/td><td>11,1<\/td><td>7,9 h<\/td><\/tr><\/tbody><\/table><figcaption class=\"wp-element-caption\">Troodos-vuoristo noin 1 830 m korkeudessa. Sek\u00e4 syys- ett\u00e4 talviarvot osoittavat, miten paljon ylh\u00e4\u00e4ll\u00e4 on viile\u00e4mp\u00e4\u00e4 kuin rannikolla (keskiarvot 2015\u20132024, ERA5).<\/figcaption><\/figure>\n\n\n\n<p class=\"wp-block-paragraph\">T\u00e4ss\u00e4 ovat tarkat luvut vuoristoalueille, jotta tied\u00e4t, <strong>millaiset vaatteet kannattaa pakata mukaan<\/strong>:<\/p>\n\n\n\n<ul class=\"wp-block-list\">\n<li><strong>Tammikuu:<\/strong> p\u00e4iv\u00e4 4,0 \u00b0C, y\u00f6 -2,9 \u00b0C, sadep\u00e4ivi\u00e4 12,9, aurinkoa 7,9 h\/pv.<\/li>\n\n\n\n<li><strong>Helmikuu:<\/strong> p\u00e4iv\u00e4 5,9 \u00b0C, y\u00f6 -2,1 \u00b0C, sadep\u00e4ivi\u00e4 10,7, aurinkoa 8,6 h\/pv.<\/li>\n\n\n\n<li><strong>Maaliskuu:<\/strong> p\u00e4iv\u00e4 8,2 \u00b0C, y\u00f6 -0,5 \u00b0C, sadep\u00e4ivi\u00e4 10,4, aurinkoa 10,2 h\/pv.<\/li>\n\n\n\n<li><strong>Huhtikuu:<\/strong> p\u00e4iv\u00e4 13,4 \u00b0C, y\u00f6 3,6 \u00b0C, sadep\u00e4ivi\u00e4 6,9, aurinkoa 11,5 h\/pv.<\/li>\n\n\n\n<li><strong>Toukokuu:<\/strong> p\u00e4iv\u00e4 18,1 \u00b0C, y\u00f6 7,7 \u00b0C, sadep\u00e4ivi\u00e4 6,4, aurinkoa 12,8 h\/pv.<\/li>\n\n\n\n<li><strong>Kes\u00e4kuu:<\/strong> p\u00e4iv\u00e4 22,1 \u00b0C, y\u00f6 11,3 \u00b0C, sadep\u00e4ivi\u00e4 3,8, aurinkoa 13,8 h\/pv.<\/li>\n\n\n\n<li><strong>Hein\u00e4kuu:<\/strong> p\u00e4iv\u00e4 26,1 \u00b0C, y\u00f6 14,8 \u00b0C, sadep\u00e4ivi\u00e4 0,8, aurinkoa 13,9 h\/pv.<\/li>\n\n\n\n<li><strong>Elokuu:<\/strong> p\u00e4iv\u00e4 25,7 \u00b0C, y\u00f6 14,8 \u00b0C, sadep\u00e4ivi\u00e4 1,1, aurinkoa 12,9 h\/pv.<\/li>\n\n\n\n<li><strong>Syyskuu:<\/strong> p\u00e4iv\u00e4 22,6 \u00b0C, y\u00f6 12,0 \u00b0C, sadep\u00e4ivi\u00e4 3,3, aurinkoa 11,7 h\/pv.<\/li>\n\n\n\n<li><strong>Lokakuu:<\/strong> p\u00e4iv\u00e4 17,6 \u00b0C, y\u00f6 7,9 \u00b0C, sadep\u00e4ivi\u00e4 5,4, aurinkoa 10,6 h\/pv.<\/li>\n\n\n\n<li><strong>Marraskuu:<\/strong> p\u00e4iv\u00e4 11,6 \u00b0C, y\u00f6 3,1 \u00b0C, sadep\u00e4ivi\u00e4 6,7, aurinkoa 9,1 h\/pv.<\/li>\n\n\n\n<li><strong>Joulukuu:<\/strong> p\u00e4iv\u00e4 6,7 \u00b0C, y\u00f6 -0,5 \u00b0C, sadep\u00e4ivi\u00e4 11,1, aurinkoa 7,9 h\/pv.<\/li>\n<\/ul>\n\n\n\n<h3 id=\"Parhaat_kuukaudet_lomatyypin_mukaan\" class=\"wp-block-heading\"><span class=\"ez-toc-section\" id=\"Parhaat_kuukaudet_lomatyypin_mukaan\"><\/span>Parhaat kuukaudet lomatyypin mukaan<span class=\"ez-toc-section-end\"><\/span><\/h3>\n\n\n\n<ul class=\"wp-block-list\">\n<li><strong>T\u00e4ydelliseen uimiseen:<\/strong> Ihanteellista on suunnata t\u00e4nne kes\u00e4kuusta marraskuuhun, jolloin meri on uskomattomat 25\u201329 \u00b0C ja vesi on ihanan l\u00e4mmennyt.<\/li>\n\n\n\n<li><strong>N\u00e4ht\u00e4vyyksiin ja vaelluksiin:<\/strong> Retkeilyst\u00e4 nautit eniten huhti-, touko- tai lokakuussa, sill\u00e4 l\u00e4mp\u00f6tilat ovat siedett\u00e4vi\u00e4 ja kev\u00e4tluonto lis\u00e4ksi kukkii kauniisti.<\/li>\n\n\n\n<li><strong>Edullisimpiin ajankohtiin:<\/strong> Jos haluat s\u00e4\u00e4st\u00e4\u00e4 selv\u00e4sti, suunnittele matka marraskuun ja maaliskuun v\u00e4liselle ajalle, jolloin lentojen ja majoituksen hinnat laskevat.<\/li>\n\n\n\n<li><strong>Milloin kannattaa v\u00e4ltt\u00e4\u00e4:<\/strong> Elokuu on kuukausi, jolloin saari on t\u00e4p\u00f6t\u00e4ysi, vallitsee paahtava helle ja palveluhinnat lent\u00e4v\u00e4t raketin lailla yl\u00f6s.<\/li>\n<\/ul>\n\n\n\n<h2 id=\"Mita_nahda_Kyproksella_24_vinkkia_antiikin_mosaiikeista_vuorille\" class=\"wp-block-heading\"><span class=\"ez-toc-section\" id=\"Mita_nahda_Kyproksella_24_vinkkia_antiikin_mosaiikeista_vuorille\"><\/span>Mit\u00e4 n\u00e4hd\u00e4 Kyproksella: 24 vinkki\u00e4 antiikin mosaiikeista vuorille<span class=\"ez-toc-section-end\"><\/span><\/h2>\n\n\n\n<p class=\"wp-block-paragraph\">Kyproksen tasavalta tarjoaa valtavan monimuotoisuuden, ja saaren jakautuminen alueisiin helpottaa koko matkasi suunnittelua. Pafosin ymp\u00e4rill\u00e4 oleva l\u00e4nsiosa houkuttelee antiikin n\u00e4ht\u00e4vyyksill\u00e4 ja villill\u00e4 luonnolla, kun taas Limassolin etel\u00e4 muodostaa vilkkaamman kulttuuri- ja historiakeskuksen. Id\u00e4ss\u00e4 Ayia Napan lomakohteen ymp\u00e4rist\u00f6st\u00e4 l\u00f6yd\u00e4t kaikkein kauneimmat hiekkarannat, ja sis\u00e4maa k\u00e4tkee vihre\u00e4n Troodos-vuoriston. Saari on vuodesta 1974 l\u00e4htien jaettu YK:n puskurivy\u00f6hykkeell\u00e4 etel\u00e4iseen Kyproksen tasavaltaan, joka on EU:n ja euroalueen j\u00e4sen, sek\u00e4 Pohjois-Kyprokseen, jonka <strong>valtiona tunnustaa vain Turkki<\/strong>. Koko saaren ehtii onneksi kiert\u00e4\u00e4 autolla parissa p\u00e4iv\u00e4ss\u00e4, mik\u00e4 on monien matkailijoiden mielest\u00e4 ylivoimaisesti paras tapa matkustaa.<\/p>\n\n\n\n<p class=\"wp-block-paragraph\">Vaikka p\u00e4\u00e4kaupunkien v\u00e4lill\u00e4 toimii luotettava julkinen liikenne, ilman omaa autoa et k\u00e4yt\u00e4nn\u00f6ss\u00e4 p\u00e4\u00e4se Troodos-vuorille tai syrj\u00e4iselle Akamasin niemimaalle. Helsingist\u00e4 on suoria yhteyksi\u00e4 Larnakan ja Pafosin lentokentille, ja matka kest\u00e4\u00e4 mukavat kolme tuntia kaksikymment\u00e4 minuuttia. Jos siis pohdit, <a href=\"https:\/\/loudavymkrokem.cz\/fi\/halpalennot-vinkit\/\">miten l\u00f6yt\u00e4\u00e4 halvat lennot<\/a>, Kypros on hyvin helposti saavutettava kohde. Muista kuitenkin, ett\u00e4 <strong>Kyproksella ajetaan vasemmalla<\/strong>, tarvitset brittil\u00e4iset kolmipiikkiset G-tyypin pistorasiat ja t\u00e4\u00e4ll\u00e4 maksetaan yleens\u00e4 eurolla.<\/p>\n\n\n\n<h3 id=\"1_Pafosin_arkeologinen_puisto_mosaiikit_joiden_takia_tanne_tullaan\" class=\"wp-block-heading\"><span class=\"ez-toc-section\" id=\"1_Pafosin_arkeologinen_puisto_mosaiikit_joiden_takia_tanne_tullaan\"><\/span>1. Pafosin arkeologinen puisto: mosaiikit, joiden takia t\u00e4nne tullaan<span class=\"ez-toc-section-end\"><\/span><\/h3>\n\n\n\n<p class=\"wp-block-paragraph\">Pafosin arkeologinen puisto on UNESCOn maailmanperint\u00f6luettelossa, ja historian yst\u00e4ville se on ehdoton pakkokohde. Suurin vetonaula ovat <strong>roomalaiset huvilat uskomattoman hyvin s\u00e4ilyneill\u00e4 lattiamosaiikeilla<\/strong>, jotka kuvaavat kohtauksia kreikkalaisesta mytologiasta. Tunnetuin on niin sanottu Dionysoksen talo, jossa voit tutkia tuhansia vuosia vanhoja yksityiskohtaisia taideteoksia, mutta tutkimisen arvoinen on my\u00f6s mahtava antiikin Odeon-teatteri. Koko alue on hyvin laaja ja tarjoaa kauniita n\u00e4kymi\u00e4 V\u00e4limeren siniselle pinnalle.<\/p>\n\n\n\n<figure data-wp-context=\"{&quot;imageId&quot;:&quot;6a9944e72c7cb&quot;}\" data-wp-interactive=\"core\/image\" data-wp-key=\"6a9944e72c7cb\" class=\"wp-block-image size-full wp-lightbox-container\"><img decoding=\"async\" width=\"1500\" height=\"1023\" data-wp-class--hide=\"state.isContentHidden\" data-wp-class--show=\"state.isContentVisible\" data-wp-init=\"callbacks.setButtonStyles\" data-wp-on--click=\"actions.showLightbox\" data-wp-on--load=\"callbacks.setButtonStyles\" data-wp-on--pointerdown=\"actions.preloadImage\" data-wp-on--pointerenter=\"actions.preloadImageWithDelay\" data-wp-on--pointerleave=\"actions.cancelPreload\" data-wp-on-window--resize=\"callbacks.setButtonStyles\" src=\"https:\/\/loudavymkrokem.cz\/wp-content\/uploads\/2026\/08\/dovolena-kypr-t01.jpg\" alt=\"Antiikin mosaiikit Pafosin arkeologisessa puistossa\" class=\"wp-image-399841\" title=\"\" srcset=\"https:\/\/loudavymkrokem.cz\/wp-content\/uploads\/2026\/08\/dovolena-kypr-t01.jpg 1500w, https:\/\/loudavymkrokem.cz\/wp-content\/uploads\/2026\/08\/dovolena-kypr-t01-300x205.jpg 300w, https:\/\/loudavymkrokem.cz\/wp-content\/uploads\/2026\/08\/dovolena-kypr-t01-700x477.jpg 700w, https:\/\/loudavymkrokem.cz\/wp-content\/uploads\/2026\/08\/dovolena-kypr-t01-768x524.jpg 768w, https:\/\/loudavymkrokem.cz\/wp-content\/uploads\/2026\/08\/dovolena-kypr-t01-696x475.jpg 696w, https:\/\/loudavymkrokem.cz\/wp-content\/uploads\/2026\/08\/dovolena-kypr-t01-1392x949.jpg 1392w\" sizes=\"(max-width: 1500px) 100vw, 1500px\" \/><button\n\t\t\tclass=\"lightbox-trigger\"\n\t\t\ttype=\"button\"\n\t\t\taria-haspopup=\"dialog\"\n\t\t\tdata-wp-bind--aria-label=\"state.thisImage.triggerButtonAriaLabel\"\n\t\t\tdata-wp-init=\"callbacks.initTriggerButton\"\n\t\t\tdata-wp-on--click=\"actions.showLightbox\"\n\t\t\tdata-wp-style--right=\"state.thisImage.buttonRight\"\n\t\t\tdata-wp-style--top=\"state.thisImage.buttonTop\"\n\t\t>\n\t\t\t<svg xmlns=\"http:\/\/www.w3.org\/2000\/svg\" width=\"12\" height=\"12\" fill=\"none\" viewBox=\"0 0 12 12\">\n\t\t\t\t<path fill=\"#fff\" d=\"M2 0a2 2 0 0 0-2 2v2h1.5V2a.5.5 0 0 1 .5-.5h2V0H2Zm2 10.5H2a.5.5 0 0 1-.5-.5V8H0v2a2 2 0 0 0 2 2h2v-1.5ZM8 12v-1.5h2a.5.5 0 0 0 .5-.5V8H12v2a2 2 0 0 1-2 2H8Zm2-12a2 2 0 0 1 2 2v2h-1.5V2a.5.5 0 0 0-.5-.5H8V0h2Z\" \/>\n\t\t\t<\/svg>\n\t\t<\/button><figcaption class=\"wp-element-caption\">Antiikin mosaiikit Pafosin arkeologisessa puistossa (Kuva: Institute for the Study of the Ancient World from New York \/ Wikimedia Commons, CC BY 2.0)<\/figcaption><\/figure>\n\n\n\n<p class=\"wp-block-paragraph\">Matkailijoiden arvostelujen mukaan on parasta suunnata kierrokselle heti aikaisin aamulla tai p\u00e4invastoin my\u00f6h\u00e4\u00e4n iltap\u00e4iv\u00e4ll\u00e4. Laajan alueen sis\u00e4ll\u00e4 <strong>ei nimitt\u00e4in ole juuri lainkaan varjoa<\/strong>, ja keskip\u00e4iv\u00e4ll\u00e4 k\u00e4vely paahtavien kivien v\u00e4liss\u00e4 muuttuu melko rankaksi urheilusuoritukseksi. Ota ehdottomasti mukaan riitt\u00e4v\u00e4sti juomavett\u00e4, mukavat keng\u00e4t ja vahva aurinkovoide, jotta nautit kierroksesta mahdollisimman mukavasti.<\/p>\n\n\n\n<h3 id=\"2_Kuninkaiden_haudat_Tombs_of_the_Kings\" class=\"wp-block-heading\"><span class=\"ez-toc-section\" id=\"2_Kuninkaiden_haudat_Tombs_of_the_Kings\"><\/span>2. Kuninkaiden haudat (Tombs of the Kings)<span class=\"ez-toc-section-end\"><\/span><\/h3>\n\n\n\n<p class=\"wp-block-paragraph\">Kuninkaiden haudat ovat kiehtova maanalainen kompleksi, joka on hakattu suoraan kiinte\u00e4\u00e4n kallioon l\u00e4helle Pafosin keskustaa. Vaikka nimi kuulostaa hyvin ylh\u00e4iselt\u00e4, todellisuudessa t\u00e4nne <strong>ei koskaan haudattu ainuttakaan kuningasta<\/strong>, vaan paikka toimi korkeiden virkamiesten ja paikallisen aristokratian viimeisen\u00e4 leposijana. Komean nimen kohde sai pikemminkin mahtavan arkkitehtuurin ansiosta, ja voit k\u00e4vell\u00e4 t\u00e4\u00e4ll\u00e4 vapaasti j\u00e4reiden doorilaisten pylv\u00e4iden lomassa ja laskeutua salaper\u00e4isiin maanalaisiin sis\u00e4pihoihin.<\/p>\n\n\n\n<figure data-wp-context=\"{&quot;imageId&quot;:&quot;6a9944e72cfda&quot;}\" data-wp-interactive=\"core\/image\" data-wp-key=\"6a9944e72cfda\" class=\"wp-block-image size-full wp-lightbox-container\"><img decoding=\"async\" width=\"1500\" height=\"894\" data-wp-class--hide=\"state.isContentHidden\" data-wp-class--show=\"state.isContentVisible\" data-wp-init=\"callbacks.setButtonStyles\" data-wp-on--click=\"actions.showLightbox\" data-wp-on--load=\"callbacks.setButtonStyles\" data-wp-on--pointerdown=\"actions.preloadImage\" data-wp-on--pointerenter=\"actions.preloadImageWithDelay\" data-wp-on--pointerleave=\"actions.cancelPreload\" data-wp-on-window--resize=\"callbacks.setButtonStyles\" src=\"https:\/\/loudavymkrokem.cz\/wp-content\/uploads\/2026\/08\/dovolena-kypr-t02.jpg\" alt=\"Kuninkaiden haudat Pafosissa\" class=\"wp-image-399844\" title=\"\" srcset=\"https:\/\/loudavymkrokem.cz\/wp-content\/uploads\/2026\/08\/dovolena-kypr-t02.jpg 1500w, https:\/\/loudavymkrokem.cz\/wp-content\/uploads\/2026\/08\/dovolena-kypr-t02-300x179.jpg 300w, https:\/\/loudavymkrokem.cz\/wp-content\/uploads\/2026\/08\/dovolena-kypr-t02-700x417.jpg 700w, https:\/\/loudavymkrokem.cz\/wp-content\/uploads\/2026\/08\/dovolena-kypr-t02-768x458.jpg 768w, https:\/\/loudavymkrokem.cz\/wp-content\/uploads\/2026\/08\/dovolena-kypr-t02-696x415.jpg 696w, https:\/\/loudavymkrokem.cz\/wp-content\/uploads\/2026\/08\/dovolena-kypr-t02-1392x830.jpg 1392w\" sizes=\"(max-width: 1500px) 100vw, 1500px\" \/><button\n\t\t\tclass=\"lightbox-trigger\"\n\t\t\ttype=\"button\"\n\t\t\taria-haspopup=\"dialog\"\n\t\t\tdata-wp-bind--aria-label=\"state.thisImage.triggerButtonAriaLabel\"\n\t\t\tdata-wp-init=\"callbacks.initTriggerButton\"\n\t\t\tdata-wp-on--click=\"actions.showLightbox\"\n\t\t\tdata-wp-style--right=\"state.thisImage.buttonRight\"\n\t\t\tdata-wp-style--top=\"state.thisImage.buttonTop\"\n\t\t>\n\t\t\t<svg xmlns=\"http:\/\/www.w3.org\/2000\/svg\" width=\"12\" height=\"12\" fill=\"none\" viewBox=\"0 0 12 12\">\n\t\t\t\t<path fill=\"#fff\" d=\"M2 0a2 2 0 0 0-2 2v2h1.5V2a.5.5 0 0 1 .5-.5h2V0H2Zm2 10.5H2a.5.5 0 0 1-.5-.5V8H0v2a2 2 0 0 0 2 2h2v-1.5ZM8 12v-1.5h2a.5.5 0 0 0 .5-.5V8H12v2a2 2 0 0 1-2 2H8Zm2-12a2 2 0 0 1 2 2v2h-1.5V2a.5.5 0 0 0-.5-.5H8V0h2Z\" \/>\n\t\t\t<\/svg>\n\t\t<\/button><figcaption class=\"wp-element-caption\">Kuninkaiden haudat Pafosissa (Kuva: Nikodem Nijaki \/ Wikimedia Commons, CC BY-SA 3.0)<\/figcaption><\/figure>\n\n\n\n<p class=\"wp-block-paragraph\">T\u00e4m\u00e4 arkeologinen kohde on yll\u00e4tt\u00e4v\u00e4n laaja, ja mutkikkaiden maanalaisten k\u00e4yt\u00e4vien tutkiminen vie v\u00e4hint\u00e4\u00e4n tunnin tai kaksi. Paikalliset oppaat suosittelevat <strong>yhdist\u00e4m\u00e4\u00e4n hautojen k\u00e4ynnin l\u00e4heiseen arkeologiseen puistoon<\/strong>, sill\u00e4 ne sijaitsevat hyvin l\u00e4hell\u00e4 toisiaan. Kauneimman tunnelman koet iltah\u00e4m\u00e4riss\u00e4, kun laskeva aurinko v\u00e4rj\u00e4\u00e4 hiekkakivikalliot kultaisiin s\u00e4vyihin ja luo upeita varjoja pylv\u00e4iden v\u00e4liin.<\/p>\n\n\n\n<h3 id=\"3_Petra_tou_Romiou_kallio_jossa_myytin_mukaan_Afrodite_syntyi\" class=\"wp-block-heading\"><span class=\"ez-toc-section\" id=\"3_Petra_tou_Romiou_kallio_jossa_myytin_mukaan_Afrodite_syntyi\"><\/span>3. Petra tou Romiou: kallio, jossa myytin mukaan Afrodite syntyi<span class=\"ez-toc-section-end\"><\/span><\/h3>\n\n\n\n<p class=\"wp-block-paragraph\">Petra tou Romiou on ikoninen kivikkoinen ranta kallioineen, jossa muinaisen myytin mukaan syntyi meren vaahdosta itse rakkauden ja kauneuden jumalatar Afrodite. Paikalla on kuulemma taianomainen tunnelma, ja legendan mukaan se, joka ui p\u00e4\u00e4kallion ymp\u00e4ri kolme kertaa, saa ikuisen nuoruuden ja kauneuden. Legendoihin ei tietenk\u00e4\u00e4n tarvitse uskoa, mutta <strong>n\u00e4kym\u00e4 turkoosista vedest\u00e4 kohoaville mahtaville kalkkikivipaadille<\/strong> kuuluu koko saaren kuvatuimpiin aiheisiin.<\/p>\n\n\n\n<figure data-wp-context=\"{&quot;imageId&quot;:&quot;6a9944e72d62c&quot;}\" data-wp-interactive=\"core\/image\" data-wp-key=\"6a9944e72d62c\" class=\"wp-block-image size-full wp-lightbox-container\"><img decoding=\"async\" width=\"1500\" height=\"999\" data-wp-class--hide=\"state.isContentHidden\" data-wp-class--show=\"state.isContentVisible\" data-wp-init=\"callbacks.setButtonStyles\" data-wp-on--click=\"actions.showLightbox\" data-wp-on--load=\"callbacks.setButtonStyles\" data-wp-on--pointerdown=\"actions.preloadImage\" data-wp-on--pointerenter=\"actions.preloadImageWithDelay\" data-wp-on--pointerleave=\"actions.cancelPreload\" data-wp-on-window--resize=\"callbacks.setButtonStyles\" src=\"https:\/\/loudavymkrokem.cz\/wp-content\/uploads\/2026\/08\/dovolena-kypr-t03.jpg\" alt=\"Petra tou Romiou -kallio, Afroditen synnyinpaikka\" class=\"wp-image-399849\" title=\"\" srcset=\"https:\/\/loudavymkrokem.cz\/wp-content\/uploads\/2026\/08\/dovolena-kypr-t03.jpg 1500w, https:\/\/loudavymkrokem.cz\/wp-content\/uploads\/2026\/08\/dovolena-kypr-t03-300x200.jpg 300w, https:\/\/loudavymkrokem.cz\/wp-content\/uploads\/2026\/08\/dovolena-kypr-t03-700x466.jpg 700w, https:\/\/loudavymkrokem.cz\/wp-content\/uploads\/2026\/08\/dovolena-kypr-t03-768x511.jpg 768w, https:\/\/loudavymkrokem.cz\/wp-content\/uploads\/2026\/08\/dovolena-kypr-t03-696x464.jpg 696w, https:\/\/loudavymkrokem.cz\/wp-content\/uploads\/2026\/08\/dovolena-kypr-t03-1392x927.jpg 1392w\" sizes=\"(max-width: 1500px) 100vw, 1500px\" \/><button\n\t\t\tclass=\"lightbox-trigger\"\n\t\t\ttype=\"button\"\n\t\t\taria-haspopup=\"dialog\"\n\t\t\tdata-wp-bind--aria-label=\"state.thisImage.triggerButtonAriaLabel\"\n\t\t\tdata-wp-init=\"callbacks.initTriggerButton\"\n\t\t\tdata-wp-on--click=\"actions.showLightbox\"\n\t\t\tdata-wp-style--right=\"state.thisImage.buttonRight\"\n\t\t\tdata-wp-style--top=\"state.thisImage.buttonTop\"\n\t\t>\n\t\t\t<svg xmlns=\"http:\/\/www.w3.org\/2000\/svg\" width=\"12\" height=\"12\" fill=\"none\" viewBox=\"0 0 12 12\">\n\t\t\t\t<path fill=\"#fff\" d=\"M2 0a2 2 0 0 0-2 2v2h1.5V2a.5.5 0 0 1 .5-.5h2V0H2Zm2 10.5H2a.5.5 0 0 1-.5-.5V8H0v2a2 2 0 0 0 2 2h2v-1.5ZM8 12v-1.5h2a.5.5 0 0 0 .5-.5V8H12v2a2 2 0 0 1-2 2H8Zm2-12a2 2 0 0 1 2 2v2h-1.5V2a.5.5 0 0 0-.5-.5H8V0h2Z\" \/>\n\t\t\t<\/svg>\n\t\t<\/button><figcaption class=\"wp-element-caption\">Petra tou Romiou -kallio, Afroditen synnyinpaikka (Kuva: Anton Zelenov \/ Wikimedia Commons, CC BY-SA 4.0)<\/figcaption><\/figure>\n\n\n\n<p class=\"wp-block-paragraph\">Uiminen t\u00e4\u00e4ll\u00e4 on voimakkaampien virtausten ja suurempien aaltojen vuoksi toisinaan haastavaa, joten rauhalliseen perheuintiin paikka ei yleens\u00e4 kovin hyvin sovi. Ihanteellista on <strong>saapua t\u00e4lle rannalle auringonlaskun aikaan<\/strong>, jolloin retkibussien tuomat v\u00e4kijoukot hieman h\u00e4lvenev\u00e4t ja koko maisema saa upean romanttisen s\u00e4vyn. Matkailijat kehuvat my\u00f6s l\u00e4heist\u00e4 n\u00e4k\u00f6alapaikkaa rannan yl\u00e4puolisella kalliolla, josta otat parhaat panoraamakuvat.<\/p>\n\n\n\n<h3 id=\"4_Akamasin_niemimaa_ja_Sininen_laguuni\" class=\"wp-block-heading\"><span class=\"ez-toc-section\" id=\"4_Akamasin_niemimaa_ja_Sininen_laguuni\"><\/span>4. Akamasin niemimaa ja Sininen laguuni<span class=\"ez-toc-section-end\"><\/span><\/h3>\n\n\n\n<p class=\"wp-block-paragraph\">Akamasin niemimaa ja Sininen laguuni ovat saaren l\u00e4nsik\u00e4rjen villein ja koskemattomin suojelualue. T\u00e4\u00e4lt\u00e4 l\u00f6yd\u00e4t tiheit\u00e4 metsi\u00e4, tyhji\u00e4 lahtia ja ennen kaikkea suositun Sinisen laguunin, jonka <strong>kirkas ja kristallinkirkas vesi<\/strong> saa sinut tuntemaan olosi pikemminkin jonnekin eksoottiseen Karibialle. Luonto on t\u00e4\u00e4ll\u00e4 suojeltu massiiviselta rakentamiselta, joten \u00e4l\u00e4 odota suuria hotelliresortteja, vaan pikemminkin p\u00f6lyisi\u00e4 teit\u00e4 ja t\u00e4ydellist\u00e4 rauhaa.<\/p>\n\n\n\n<figure data-wp-context=\"{&quot;imageId&quot;:&quot;6a9944e72da57&quot;}\" data-wp-interactive=\"core\/image\" data-wp-key=\"6a9944e72da57\" class=\"wp-block-image size-full wp-lightbox-container\"><img decoding=\"async\" width=\"1500\" height=\"959\" data-wp-class--hide=\"state.isContentHidden\" data-wp-class--show=\"state.isContentVisible\" data-wp-init=\"callbacks.setButtonStyles\" data-wp-on--click=\"actions.showLightbox\" data-wp-on--load=\"callbacks.setButtonStyles\" data-wp-on--pointerdown=\"actions.preloadImage\" data-wp-on--pointerenter=\"actions.preloadImageWithDelay\" data-wp-on--pointerleave=\"actions.cancelPreload\" data-wp-on-window--resize=\"callbacks.setButtonStyles\" src=\"https:\/\/loudavymkrokem.cz\/wp-content\/uploads\/2026\/08\/dovolena-kypr-t04.jpg\" alt=\"Sininen laguuni Akamasin niemimaalla\" class=\"wp-image-399854\" title=\"\" srcset=\"https:\/\/loudavymkrokem.cz\/wp-content\/uploads\/2026\/08\/dovolena-kypr-t04.jpg 1500w, https:\/\/loudavymkrokem.cz\/wp-content\/uploads\/2026\/08\/dovolena-kypr-t04-300x192.jpg 300w, https:\/\/loudavymkrokem.cz\/wp-content\/uploads\/2026\/08\/dovolena-kypr-t04-700x448.jpg 700w, https:\/\/loudavymkrokem.cz\/wp-content\/uploads\/2026\/08\/dovolena-kypr-t04-768x491.jpg 768w, https:\/\/loudavymkrokem.cz\/wp-content\/uploads\/2026\/08\/dovolena-kypr-t04-696x445.jpg 696w, https:\/\/loudavymkrokem.cz\/wp-content\/uploads\/2026\/08\/dovolena-kypr-t04-1392x890.jpg 1392w\" sizes=\"(max-width: 1500px) 100vw, 1500px\" \/><button\n\t\t\tclass=\"lightbox-trigger\"\n\t\t\ttype=\"button\"\n\t\t\taria-haspopup=\"dialog\"\n\t\t\tdata-wp-bind--aria-label=\"state.thisImage.triggerButtonAriaLabel\"\n\t\t\tdata-wp-init=\"callbacks.initTriggerButton\"\n\t\t\tdata-wp-on--click=\"actions.showLightbox\"\n\t\t\tdata-wp-style--right=\"state.thisImage.buttonRight\"\n\t\t\tdata-wp-style--top=\"state.thisImage.buttonTop\"\n\t\t>\n\t\t\t<svg xmlns=\"http:\/\/www.w3.org\/2000\/svg\" width=\"12\" height=\"12\" fill=\"none\" viewBox=\"0 0 12 12\">\n\t\t\t\t<path fill=\"#fff\" d=\"M2 0a2 2 0 0 0-2 2v2h1.5V2a.5.5 0 0 1 .5-.5h2V0H2Zm2 10.5H2a.5.5 0 0 1-.5-.5V8H0v2a2 2 0 0 0 2 2h2v-1.5ZM8 12v-1.5h2a.5.5 0 0 0 .5-.5V8H12v2a2 2 0 0 1-2 2H8Zm2-12a2 2 0 0 1 2 2v2h-1.5V2a.5.5 0 0 0-.5-.5H8V0h2Z\" \/>\n\t\t\t<\/svg>\n\t\t<\/button><figcaption class=\"wp-element-caption\">Sininen laguuni Akamasin niemimaalla (Kuva: Michal Klajban \/ Wikimedia Commons, CC BY-SA 4.0)<\/figcaption><\/figure>\n\n\n\n<p class=\"wp-block-paragraph\">Siniselle laguunille et valitettavasti p\u00e4\u00e4se tavallisella vuokrahenkil\u00f6autolla, sill\u00e4 p\u00e4\u00e4llyst\u00e4m\u00e4tt\u00f6m\u00e4t tiet ovat t\u00e4ynn\u00e4 syvi\u00e4 kuoppia ja ter\u00e4vi\u00e4 kivi\u00e4. K\u00e4yt\u00e4nn\u00f6llinen ratkaisu on <strong>maasturin vuokraaminen tai mukava veneretki<\/strong> l\u00e4heisest\u00e4 Latchin satamasta. Veneretket sis\u00e4lt\u00e4v\u00e4t usein my\u00f6s pidemm\u00e4n uintipys\u00e4hdyksen suoraan laguunilla, mik\u00e4 on monien vierailijoiden mielest\u00e4 kaikkein miellytt\u00e4vin tapa tutustua t\u00e4h\u00e4n seutuun.<\/p>\n\n\n\n<h3 id=\"5_Avakasin_rotko\" class=\"wp-block-heading\"><span class=\"ez-toc-section\" id=\"5_Avakasin_rotko\"><\/span>5. Avakasin rotko<span class=\"ez-toc-section-end\"><\/span><\/h3>\n\n\n\n<p class=\"wp-block-paragraph\">Avakasin rotko on upea luonnonilmi\u00f6 ja kalkkikallioon hakattu kapea kanjoni, joka houkuttelee liikunnan ja luonnon yst\u00e4vi\u00e4. Rotkon sein\u00e4m\u00e4t kohoavat jopa kolmenkymmenen metrin korkeuteen, ja kapeimmissa kohdissa ne l\u00e4hestyv\u00e4t toisiaan niin l\u00e4helt\u00e4, ett\u00e4 voit koskettaa niit\u00e4 molemmilla k\u00e4sill\u00e4 yht\u00e4 aikaa. Itse <strong>vaellus kanjonin l\u00e4pi kest\u00e4\u00e4 noin kaksi tuntia<\/strong> ja tarjoaa mukavaa viilennyst\u00e4 kaikkein paahtavimpinakin kes\u00e4p\u00e4ivin\u00e4, sill\u00e4 ter\u00e4v\u00e4 aurinko p\u00e4\u00e4see t\u00e4nne vain harvoin.<\/p>\n\n\n\n<figure data-wp-context=\"{&quot;imageId&quot;:&quot;6a9944e72de1f&quot;}\" data-wp-interactive=\"core\/image\" data-wp-key=\"6a9944e72de1f\" class=\"wp-block-image size-full wp-lightbox-container\"><img decoding=\"async\" width=\"1500\" height=\"1000\" data-wp-class--hide=\"state.isContentHidden\" data-wp-class--show=\"state.isContentVisible\" data-wp-init=\"callbacks.setButtonStyles\" data-wp-on--click=\"actions.showLightbox\" data-wp-on--load=\"callbacks.setButtonStyles\" data-wp-on--pointerdown=\"actions.preloadImage\" data-wp-on--pointerenter=\"actions.preloadImageWithDelay\" data-wp-on--pointerleave=\"actions.cancelPreload\" data-wp-on-window--resize=\"callbacks.setButtonStyles\" src=\"https:\/\/loudavymkrokem.cz\/wp-content\/uploads\/2026\/08\/dovolena-kypr-t05.jpg\" alt=\"Avakasin rotko L\u00e4nsi-Kyproksella\" class=\"wp-image-399859\" title=\"\" srcset=\"https:\/\/loudavymkrokem.cz\/wp-content\/uploads\/2026\/08\/dovolena-kypr-t05.jpg 1500w, https:\/\/loudavymkrokem.cz\/wp-content\/uploads\/2026\/08\/dovolena-kypr-t05-300x200.jpg 300w, https:\/\/loudavymkrokem.cz\/wp-content\/uploads\/2026\/08\/dovolena-kypr-t05-700x467.jpg 700w, https:\/\/loudavymkrokem.cz\/wp-content\/uploads\/2026\/08\/dovolena-kypr-t05-768x512.jpg 768w, https:\/\/loudavymkrokem.cz\/wp-content\/uploads\/2026\/08\/dovolena-kypr-t05-696x464.jpg 696w, https:\/\/loudavymkrokem.cz\/wp-content\/uploads\/2026\/08\/dovolena-kypr-t05-1392x928.jpg 1392w\" sizes=\"(max-width: 1500px) 100vw, 1500px\" \/><button\n\t\t\tclass=\"lightbox-trigger\"\n\t\t\ttype=\"button\"\n\t\t\taria-haspopup=\"dialog\"\n\t\t\tdata-wp-bind--aria-label=\"state.thisImage.triggerButtonAriaLabel\"\n\t\t\tdata-wp-init=\"callbacks.initTriggerButton\"\n\t\t\tdata-wp-on--click=\"actions.showLightbox\"\n\t\t\tdata-wp-style--right=\"state.thisImage.buttonRight\"\n\t\t\tdata-wp-style--top=\"state.thisImage.buttonTop\"\n\t\t>\n\t\t\t<svg xmlns=\"http:\/\/www.w3.org\/2000\/svg\" width=\"12\" height=\"12\" fill=\"none\" viewBox=\"0 0 12 12\">\n\t\t\t\t<path fill=\"#fff\" d=\"M2 0a2 2 0 0 0-2 2v2h1.5V2a.5.5 0 0 1 .5-.5h2V0H2Zm2 10.5H2a.5.5 0 0 1-.5-.5V8H0v2a2 2 0 0 0 2 2h2v-1.5ZM8 12v-1.5h2a.5.5 0 0 0 .5-.5V8H12v2a2 2 0 0 1-2 2H8Zm2-12a2 2 0 0 1 2 2v2h-1.5V2a.5.5 0 0 0-.5-.5H8V0h2Z\" \/>\n\t\t\t<\/svg>\n\t\t<\/button><figcaption class=\"wp-element-caption\">Avakasin rotko L\u00e4nsi-Kyproksella (Kuva: Krzysztof Ziarnek, Kenraiz \/ Wikimedia Commons, CC BY-SA 4.0)<\/figcaption><\/figure>\n\n\n\n<p class=\"wp-block-paragraph\">Tarkista aina huolellisesti ajantasainen s\u00e4\u00e4ennuste ennen matkaa, sill\u00e4 voimakkaampien sateiden j\u00e4lkeen rotko on usein suljettu putoavien kivien ja \u00e4kkitulvien vaaran vuoksi. Reitti kulkee suurelta osin puron uomassa m\u00e4rki\u00e4 ja liukkaita kivi\u00e4 pitkin, joten sinulle on hy\u00f6ty\u00e4 my\u00f6s hyvin mitoitetusta <a href=\"https:\/\/loudavymkrokem.cz\/jak-vybrat-cestovni-pojisteni-na-dovolenou\/\">matkavakuutuksesta<\/a>, sill\u00e4 pieni liukastuminen uhkaa t\u00e4\u00e4ll\u00e4 k\u00e4yt\u00e4nn\u00f6ss\u00e4 koko ajan.<\/p>\n\n\n\n<h3 id=\"6_Lara_Bay_ja_merikilpikonnat\" class=\"wp-block-heading\"><span class=\"ez-toc-section\" id=\"6_Lara_Bay_ja_merikilpikonnat\"><\/span>6. Lara Bay ja merikilpikonnat<span class=\"ez-toc-section-end\"><\/span><\/h3>\n\n\n\n<p class=\"wp-block-paragraph\">Lara Bay on kaunis ja tiukasti suojeltu ranta, joka on kuuluisa uhanalaisten merikilpikonnien turvasatamana. Kes\u00e4kuusta lokakuuhun t\u00e4nne <strong>saapuvat munimaan valtavat kilpikonnat<\/strong>, mik\u00e4 tekee paikasta poikkeuksellisen t\u00e4rke\u00e4n ekologisen kohteen koko V\u00e4limeren alueella. Vapaaehtoiset merkitsev\u00e4t hiekassa olevat pes\u00e4t huolellisesti erityisill\u00e4 metallih\u00e4keill\u00e4 suojatakseen niit\u00e4 saalistajilta ja varomattomilta turisteilta.<\/p>\n\n\n\n<figure data-wp-context=\"{&quot;imageId&quot;:&quot;6a9944e72e27d&quot;}\" data-wp-interactive=\"core\/image\" data-wp-key=\"6a9944e72e27d\" class=\"wp-block-image size-full wp-lightbox-container\"><img decoding=\"async\" width=\"1500\" height=\"1000\" data-wp-class--hide=\"state.isContentHidden\" data-wp-class--show=\"state.isContentVisible\" data-wp-init=\"callbacks.setButtonStyles\" data-wp-on--click=\"actions.showLightbox\" data-wp-on--load=\"callbacks.setButtonStyles\" data-wp-on--pointerdown=\"actions.preloadImage\" data-wp-on--pointerenter=\"actions.preloadImageWithDelay\" data-wp-on--pointerleave=\"actions.cancelPreload\" data-wp-on-window--resize=\"callbacks.setButtonStyles\" src=\"https:\/\/loudavymkrokem.cz\/wp-content\/uploads\/2026\/08\/dovolena-kypr-t06.jpg\" alt=\"Suojeltu Lara Bay -ranta\" class=\"wp-image-399863\" title=\"\" srcset=\"https:\/\/loudavymkrokem.cz\/wp-content\/uploads\/2026\/08\/dovolena-kypr-t06.jpg 1500w, https:\/\/loudavymkrokem.cz\/wp-content\/uploads\/2026\/08\/dovolena-kypr-t06-300x200.jpg 300w, https:\/\/loudavymkrokem.cz\/wp-content\/uploads\/2026\/08\/dovolena-kypr-t06-700x467.jpg 700w, https:\/\/loudavymkrokem.cz\/wp-content\/uploads\/2026\/08\/dovolena-kypr-t06-768x512.jpg 768w, https:\/\/loudavymkrokem.cz\/wp-content\/uploads\/2026\/08\/dovolena-kypr-t06-696x464.jpg 696w, https:\/\/loudavymkrokem.cz\/wp-content\/uploads\/2026\/08\/dovolena-kypr-t06-1392x928.jpg 1392w\" sizes=\"(max-width: 1500px) 100vw, 1500px\" \/><button\n\t\t\tclass=\"lightbox-trigger\"\n\t\t\ttype=\"button\"\n\t\t\taria-haspopup=\"dialog\"\n\t\t\tdata-wp-bind--aria-label=\"state.thisImage.triggerButtonAriaLabel\"\n\t\t\tdata-wp-init=\"callbacks.initTriggerButton\"\n\t\t\tdata-wp-on--click=\"actions.showLightbox\"\n\t\t\tdata-wp-style--right=\"state.thisImage.buttonRight\"\n\t\t\tdata-wp-style--top=\"state.thisImage.buttonTop\"\n\t\t>\n\t\t\t<svg xmlns=\"http:\/\/www.w3.org\/2000\/svg\" width=\"12\" height=\"12\" fill=\"none\" viewBox=\"0 0 12 12\">\n\t\t\t\t<path fill=\"#fff\" d=\"M2 0a2 2 0 0 0-2 2v2h1.5V2a.5.5 0 0 1 .5-.5h2V0H2Zm2 10.5H2a.5.5 0 0 1-.5-.5V8H0v2a2 2 0 0 0 2 2h2v-1.5ZM8 12v-1.5h2a.5.5 0 0 0 .5-.5V8H12v2a2 2 0 0 1-2 2H8Zm2-12a2 2 0 0 1 2 2v2h-1.5V2a.5.5 0 0 0-.5-.5H8V0h2Z\" \/>\n\t\t\t<\/svg>\n\t\t<\/button><figcaption class=\"wp-element-caption\">Suojeltu Lara Bay -ranta (Kuva: Dm Bsg \/ Wikimedia Commons, CC BY 3.0)<\/figcaption><\/figure>\n\n\n\n<p class=\"wp-block-paragraph\">S\u00e4\u00e4nn\u00f6t vierailulle ovat t\u00e4ss\u00e4 paikassa melko tiukat, ja niit\u00e4 on ehdottomasti noudatettava poikkeuksetta. Rannalle <strong>ei saa menn\u00e4 y\u00f6ll\u00e4 ja valojen k\u00e4ytt\u00f6 on ankarasti kielletty<\/strong>, sill\u00e4 keinovalo h\u00e4mment\u00e4\u00e4 juuri kuoriutuneita kilpikonnanpoikasia, jotka eiv\u00e4t sen vuoksi l\u00f6yt\u00e4isi tiet\u00e4 mereen. Unohda my\u00f6s aurinkovarjojen ty\u00f6nt\u00e4minen hiekkaan, sill\u00e4 voisit vahingossa tuhota syv\u00e4lle pinnan alle k\u00e4tketyt kilpikonnanmunat.<\/p>\n\n\n\n<h3 id=\"7_Peyian_meriluolat_ja_Coral_Bay\" class=\"wp-block-heading\"><span class=\"ez-toc-section\" id=\"7_Peyian_meriluolat_ja_Coral_Bay\"><\/span>7. Peyian meriluolat ja Coral Bay<span class=\"ez-toc-section-end\"><\/span><\/h3>\n\n\n\n<p class=\"wp-block-paragraph\">Peyian meriluolat ja naapurissa oleva Coral Bayn lomakohde muodostavat upean vastakohdan villin kallioisen rannikon ja mukavan uimisen v\u00e4lill\u00e4. Niin sanottujen sea cavesin alue on t\u00e4ynn\u00e4 eriskummallisia kallionmuodostumia, kaaria ja luolia, joihin meren aallot t\u00f6rm\u00e4\u00e4v\u00e4t sinnikk\u00e4\u00e4sti ja luovat dramaattista n\u00e4ytelm\u00e4\u00e4. Aivan vieress\u00e4 on Coral Bay, joka on <strong>yksi harvoista todella kauniista hiekkarannoista<\/strong> muuten enimm\u00e4kseen kivikkoisella l\u00e4nsirannikolla.<\/p>\n\n\n\n<figure data-wp-context=\"{&quot;imageId&quot;:&quot;6a9944e72e94a&quot;}\" data-wp-interactive=\"core\/image\" data-wp-key=\"6a9944e72e94a\" class=\"wp-block-image size-full wp-lightbox-container\"><img decoding=\"async\" width=\"1500\" height=\"1125\" data-wp-class--hide=\"state.isContentHidden\" data-wp-class--show=\"state.isContentVisible\" data-wp-init=\"callbacks.setButtonStyles\" data-wp-on--click=\"actions.showLightbox\" data-wp-on--load=\"callbacks.setButtonStyles\" data-wp-on--pointerdown=\"actions.preloadImage\" data-wp-on--pointerenter=\"actions.preloadImageWithDelay\" data-wp-on--pointerleave=\"actions.cancelPreload\" data-wp-on-window--resize=\"callbacks.setButtonStyles\" src=\"https:\/\/loudavymkrokem.cz\/wp-content\/uploads\/2026\/08\/dovolena-kypr-t07.jpg\" alt=\"Coral Bayn ranta Pafosin l\u00e4hell\u00e4\" class=\"wp-image-399867\" title=\"\" srcset=\"https:\/\/loudavymkrokem.cz\/wp-content\/uploads\/2026\/08\/dovolena-kypr-t07.jpg 1500w, https:\/\/loudavymkrokem.cz\/wp-content\/uploads\/2026\/08\/dovolena-kypr-t07-300x225.jpg 300w, https:\/\/loudavymkrokem.cz\/wp-content\/uploads\/2026\/08\/dovolena-kypr-t07-700x525.jpg 700w, https:\/\/loudavymkrokem.cz\/wp-content\/uploads\/2026\/08\/dovolena-kypr-t07-768x576.jpg 768w, https:\/\/loudavymkrokem.cz\/wp-content\/uploads\/2026\/08\/dovolena-kypr-t07-80x60.jpg 80w, https:\/\/loudavymkrokem.cz\/wp-content\/uploads\/2026\/08\/dovolena-kypr-t07-160x120.jpg 160w, https:\/\/loudavymkrokem.cz\/wp-content\/uploads\/2026\/08\/dovolena-kypr-t07-696x522.jpg 696w, https:\/\/loudavymkrokem.cz\/wp-content\/uploads\/2026\/08\/dovolena-kypr-t07-1392x1044.jpg 1392w\" sizes=\"(max-width: 1500px) 100vw, 1500px\" \/><button\n\t\t\tclass=\"lightbox-trigger\"\n\t\t\ttype=\"button\"\n\t\t\taria-haspopup=\"dialog\"\n\t\t\tdata-wp-bind--aria-label=\"state.thisImage.triggerButtonAriaLabel\"\n\t\t\tdata-wp-init=\"callbacks.initTriggerButton\"\n\t\t\tdata-wp-on--click=\"actions.showLightbox\"\n\t\t\tdata-wp-style--right=\"state.thisImage.buttonRight\"\n\t\t\tdata-wp-style--top=\"state.thisImage.buttonTop\"\n\t\t>\n\t\t\t<svg xmlns=\"http:\/\/www.w3.org\/2000\/svg\" width=\"12\" height=\"12\" fill=\"none\" viewBox=\"0 0 12 12\">\n\t\t\t\t<path fill=\"#fff\" d=\"M2 0a2 2 0 0 0-2 2v2h1.5V2a.5.5 0 0 1 .5-.5h2V0H2Zm2 10.5H2a.5.5 0 0 1-.5-.5V8H0v2a2 2 0 0 0 2 2h2v-1.5ZM8 12v-1.5h2a.5.5 0 0 0 .5-.5V8H12v2a2 2 0 0 1-2 2H8Zm2-12a2 2 0 0 1 2 2v2h-1.5V2a.5.5 0 0 0-.5-.5H8V0h2Z\" \/>\n\t\t\t<\/svg>\n\t\t<\/button><figcaption class=\"wp-element-caption\">Coral Bayn ranta Pafosin l\u00e4hell\u00e4 (Kuva: TomasNY \/ Wikimedia Commons, CC BY-SA 3.0)<\/figcaption><\/figure>\n\n\n\n<p class=\"wp-block-paragraph\">Kun meriluolia ihailevat l\u00e4hinn\u00e4 valokuvaajat kallioilta, Coral Bay tarjoaa t\u00e4ydelliset puitteet aurinkotuoleineen, puhtaine hiekkoineen ja hyvin loivasti syvenevine rantoineen. Paikalliset suosittelevat yhdist\u00e4m\u00e4\u00e4n molemmat kohteet fiksusti, joten voit <strong>ensin uida mukavasti hiekkarannalla<\/strong> ja sen j\u00e4lkeen ajaa muutaman kilometrin luolille, joissa sinua odottaa fantastinen auringonlasku.<\/p>\n\n\n\n<h3 id=\"8_Limassol_rantabulevardi_linna_ja_etelan_vilkkain_kaupunki\" class=\"wp-block-heading\"><span class=\"ez-toc-section\" id=\"8_Limassol_rantabulevardi_linna_ja_etelan_vilkkain_kaupunki\"><\/span>8. Limassol: rantabulevardi, linna ja etel\u00e4n vilkkain kaupunki<span class=\"ez-toc-section-end\"><\/span><\/h3>\n\n\n\n<p class=\"wp-block-paragraph\">Limassol on ep\u00e4ilem\u00e4tt\u00e4 koko kreikkalaisen etel\u00e4n vilkkain ja kosmopoliittisin kaupunki, joka yhdist\u00e4\u00e4 t\u00e4ydellisesti historian ja modernin el\u00e4m\u00e4n. Sen syd\u00e4n on suosittu pitk\u00e4 Molos-rantabulevardi, joka reunustaa rannikkoa ja tarjoaa runsaasti vihreytt\u00e4, penkkej\u00e4, moderneja veistoksia ja viihtyisi\u00e4 merin\u00e4k\u00f6alakahviloita. Kaupungin historiallinen keskus on vanha keskiaikainen linna, jossa <strong>aikalaisl\u00e4hteiden mukaan kuuluisa kuningas Rikhard Leijonamieli kuulemma vihittiin<\/strong> kihlattunsa Berengaria Navarralaisen kanssa.<\/p>\n\n\n\n<figure data-wp-context=\"{&quot;imageId&quot;:&quot;6a9944e72ee0d&quot;}\" data-wp-interactive=\"core\/image\" data-wp-key=\"6a9944e72ee0d\" class=\"wp-block-image size-full wp-lightbox-container\"><img decoding=\"async\" width=\"1500\" height=\"1125\" data-wp-class--hide=\"state.isContentHidden\" data-wp-class--show=\"state.isContentVisible\" data-wp-init=\"callbacks.setButtonStyles\" data-wp-on--click=\"actions.showLightbox\" data-wp-on--load=\"callbacks.setButtonStyles\" data-wp-on--pointerdown=\"actions.preloadImage\" data-wp-on--pointerenter=\"actions.preloadImageWithDelay\" data-wp-on--pointerleave=\"actions.cancelPreload\" data-wp-on-window--resize=\"callbacks.setButtonStyles\" src=\"https:\/\/loudavymkrokem.cz\/wp-content\/uploads\/2026\/08\/dovolena-kypr-t08.jpg\" alt=\"Moloksen rantabulevardi Limassolissa\" class=\"wp-image-399872\" title=\"\" srcset=\"https:\/\/loudavymkrokem.cz\/wp-content\/uploads\/2026\/08\/dovolena-kypr-t08.jpg 1500w, https:\/\/loudavymkrokem.cz\/wp-content\/uploads\/2026\/08\/dovolena-kypr-t08-300x225.jpg 300w, https:\/\/loudavymkrokem.cz\/wp-content\/uploads\/2026\/08\/dovolena-kypr-t08-700x525.jpg 700w, https:\/\/loudavymkrokem.cz\/wp-content\/uploads\/2026\/08\/dovolena-kypr-t08-768x576.jpg 768w, https:\/\/loudavymkrokem.cz\/wp-content\/uploads\/2026\/08\/dovolena-kypr-t08-80x60.jpg 80w, https:\/\/loudavymkrokem.cz\/wp-content\/uploads\/2026\/08\/dovolena-kypr-t08-160x120.jpg 160w, https:\/\/loudavymkrokem.cz\/wp-content\/uploads\/2026\/08\/dovolena-kypr-t08-696x522.jpg 696w, https:\/\/loudavymkrokem.cz\/wp-content\/uploads\/2026\/08\/dovolena-kypr-t08-1392x1044.jpg 1392w\" sizes=\"(max-width: 1500px) 100vw, 1500px\" \/><button\n\t\t\tclass=\"lightbox-trigger\"\n\t\t\ttype=\"button\"\n\t\t\taria-haspopup=\"dialog\"\n\t\t\tdata-wp-bind--aria-label=\"state.thisImage.triggerButtonAriaLabel\"\n\t\t\tdata-wp-init=\"callbacks.initTriggerButton\"\n\t\t\tdata-wp-on--click=\"actions.showLightbox\"\n\t\t\tdata-wp-style--right=\"state.thisImage.buttonRight\"\n\t\t\tdata-wp-style--top=\"state.thisImage.buttonTop\"\n\t\t>\n\t\t\t<svg xmlns=\"http:\/\/www.w3.org\/2000\/svg\" width=\"12\" height=\"12\" fill=\"none\" viewBox=\"0 0 12 12\">\n\t\t\t\t<path fill=\"#fff\" d=\"M2 0a2 2 0 0 0-2 2v2h1.5V2a.5.5 0 0 1 .5-.5h2V0H2Zm2 10.5H2a.5.5 0 0 1-.5-.5V8H0v2a2 2 0 0 0 2 2h2v-1.5ZM8 12v-1.5h2a.5.5 0 0 0 .5-.5V8H12v2a2 2 0 0 1-2 2H8Zm2-12a2 2 0 0 1 2 2v2h-1.5V2a.5.5 0 0 0-.5-.5H8V0h2Z\" \/>\n\t\t\t<\/svg>\n\t\t<\/button><figcaption class=\"wp-element-caption\">Moloksen rantabulevardi Limassolissa (Kuva: A.Savin \/ Wikimedia Commons, FAL)<\/figcaption><\/figure>\n\n\n\n<p class=\"wp-block-paragraph\">Linnan ymp\u00e4rill\u00e4 levitt\u00e4ytyy verkosto kapeita kujia, jotka ovat t\u00e4ynn\u00e4 perinteisi\u00e4 ravintoloita, pieni\u00e4 k\u00e4sity\u00f6liikkeit\u00e4 ja baareja, jotka her\u00e4\u00e4v\u00e4t eloon l\u00e4hinn\u00e4 pime\u00e4n tultua. Limassol toimii erinomaisena tukikohtana saaren tutkimiseen, sill\u00e4 se sijaitsee strategisesti tarkalleen etel\u00e4rannikon keskell\u00e4. Jos etsit <strong>yhdistelm\u00e4\u00e4 vilkasta kaupunkiel\u00e4m\u00e4\u00e4, hyv\u00e4\u00e4 ruokaa ja historiaa<\/strong>, t\u00e4m\u00e4 kaupunki ei varmasti pet\u00e4 sinua.<\/p>\n\n\n\n<h3 id=\"9_Kourion_antiikin_teatteri_meren_ylla\" class=\"wp-block-heading\"><span class=\"ez-toc-section\" id=\"9_Kourion_antiikin_teatteri_meren_ylla\"><\/span>9. Kourion: antiikin teatteri meren yll\u00e4<span class=\"ez-toc-section-end\"><\/span><\/h3>\n\n\n\n<p class=\"wp-block-paragraph\">Kourion on laaja kreikkalais-roomalainen antiikin kaupunki, joka kohoaa t\u00e4ysin dramaattisesti korkealla kalliolla suoraan myrskyisen meren yll\u00e4. Koko kompleksin kuuluisin rakennus on kauniisti kunnostettu antiikin teatteri, joka palvelee t\u00e4ydellisen akustiikkansa ansiosta viel\u00e4 nyky\u00e4\u00e4nkin kes\u00e4isi\u00e4 ulkoilmakonsertteja. Kierroksen aikana voit k\u00e4vell\u00e4 t\u00e4\u00e4ll\u00e4 julkisten kylpyl\u00f6iden raunioiden lomassa ja <strong>tutkia rikkaiden kansalaisten taloissa s\u00e4ilyneit\u00e4 lattiamosaiikkeja<\/strong>, jotka kuuluvat saaren parhaimpiin.<\/p>\n\n\n\n<figure data-wp-context=\"{&quot;imageId&quot;:&quot;6a9944e72f4c7&quot;}\" data-wp-interactive=\"core\/image\" data-wp-key=\"6a9944e72f4c7\" class=\"wp-block-image size-full wp-lightbox-container\"><img decoding=\"async\" width=\"1500\" height=\"937\" data-wp-class--hide=\"state.isContentHidden\" data-wp-class--show=\"state.isContentVisible\" data-wp-init=\"callbacks.setButtonStyles\" data-wp-on--click=\"actions.showLightbox\" data-wp-on--load=\"callbacks.setButtonStyles\" data-wp-on--pointerdown=\"actions.preloadImage\" data-wp-on--pointerenter=\"actions.preloadImageWithDelay\" data-wp-on--pointerleave=\"actions.cancelPreload\" data-wp-on-window--resize=\"callbacks.setButtonStyles\" src=\"https:\/\/loudavymkrokem.cz\/wp-content\/uploads\/2026\/08\/dovolena-kypr-t09.jpg\" alt=\"Antiikin teatteri Kourionissa\" class=\"wp-image-399874\" title=\"\" srcset=\"https:\/\/loudavymkrokem.cz\/wp-content\/uploads\/2026\/08\/dovolena-kypr-t09.jpg 1500w, https:\/\/loudavymkrokem.cz\/wp-content\/uploads\/2026\/08\/dovolena-kypr-t09-300x187.jpg 300w, https:\/\/loudavymkrokem.cz\/wp-content\/uploads\/2026\/08\/dovolena-kypr-t09-700x437.jpg 700w, https:\/\/loudavymkrokem.cz\/wp-content\/uploads\/2026\/08\/dovolena-kypr-t09-768x480.jpg 768w, https:\/\/loudavymkrokem.cz\/wp-content\/uploads\/2026\/08\/dovolena-kypr-t09-696x435.jpg 696w, https:\/\/loudavymkrokem.cz\/wp-content\/uploads\/2026\/08\/dovolena-kypr-t09-1392x870.jpg 1392w\" sizes=\"(max-width: 1500px) 100vw, 1500px\" \/><button\n\t\t\tclass=\"lightbox-trigger\"\n\t\t\ttype=\"button\"\n\t\t\taria-haspopup=\"dialog\"\n\t\t\tdata-wp-bind--aria-label=\"state.thisImage.triggerButtonAriaLabel\"\n\t\t\tdata-wp-init=\"callbacks.initTriggerButton\"\n\t\t\tdata-wp-on--click=\"actions.showLightbox\"\n\t\t\tdata-wp-style--right=\"state.thisImage.buttonRight\"\n\t\t\tdata-wp-style--top=\"state.thisImage.buttonTop\"\n\t\t>\n\t\t\t<svg xmlns=\"http:\/\/www.w3.org\/2000\/svg\" width=\"12\" height=\"12\" fill=\"none\" viewBox=\"0 0 12 12\">\n\t\t\t\t<path fill=\"#fff\" d=\"M2 0a2 2 0 0 0-2 2v2h1.5V2a.5.5 0 0 1 .5-.5h2V0H2Zm2 10.5H2a.5.5 0 0 1-.5-.5V8H0v2a2 2 0 0 0 2 2h2v-1.5ZM8 12v-1.5h2a.5.5 0 0 0 .5-.5V8H12v2a2 2 0 0 1-2 2H8Zm2-12a2 2 0 0 1 2 2v2h-1.5V2a.5.5 0 0 0-.5-.5H8V0h2Z\" \/>\n\t\t\t<\/svg>\n\t\t<\/button><figcaption class=\"wp-element-caption\">Antiikin teatteri Kourionissa (Kuva: A.Savin \/ Wikimedia Commons, FAL)<\/figcaption><\/figure>\n\n\n\n<p class=\"wp-block-paragraph\">Arkeologinen alue on melko suuri ja levitt\u00e4ytyy laajalle kukkulalle, joten varaudu ehdottomasti pidemp\u00e4\u00e4n k\u00e4velyyn suorassa auringonpaisteessa. My\u00f6s t\u00e4\u00e4ll\u00e4 p\u00e4tee koeteltu s\u00e4\u00e4nt\u00f6 varhaisesta aamusaapumisesta, jolloin v\u00e4lt\u00e4t suurimman helteen ja retkibussien tuomat suuret v\u00e4kijoukot. Kalliolta voit sitten <strong>laskeutua suoraan alas samannimiselle Kourionin rannalle<\/strong>, joka on hyvin suosittu paikallisten keskuudessa ja tarjoaa erinomaiset olosuhteet iltap\u00e4iv\u00e4n viilennykseen meress\u00e4.<\/p>\n\n\n\n<h3 id=\"10_Kolossin_linna\" class=\"wp-block-heading\"><span class=\"ez-toc-section\" id=\"10_Kolossin_linna\"><\/span>10. Kolossin linna<span class=\"ez-toc-section-end\"><\/span><\/h3>\n\n\n\n<p class=\"wp-block-paragraph\">Kolossin linna on massiivinen 1200-luvun ristiretkel\u00e4islinnoitus, joka n\u00e4ytt\u00e4\u00e4 ensi silm\u00e4yksell\u00e4 valloittamattomalta kivikuutiolta hedelm\u00e4tarhojen ja viinitilojen ymp\u00e4r\u00f6im\u00e4n\u00e4. T\u00e4m\u00e4 rakennus toimi aikoinaan mahtavien johanniittojen ja temppeliherrojen t\u00e4rke\u00e4n\u00e4 komentokeskuksena, josta k\u00e4sin he hallinnoivat valtavia omaisuuksiaan saarella. Paikka on kuuluisa ennen kaikkea siit\u00e4, ett\u00e4 t\u00e4\u00e4ll\u00e4 alkoi <strong>legendaarisen makean Commandaria-viinin historia<\/strong>, jota ritarit valmistivat ja mielell\u00e4\u00e4n veiv\u00e4t Euroopan kuninkaallisiin hoveihin.<\/p>\n\n\n\n<figure data-wp-context=\"{&quot;imageId&quot;:&quot;6a9944e72fbea&quot;}\" data-wp-interactive=\"core\/image\" data-wp-key=\"6a9944e72fbea\" class=\"wp-block-image size-full wp-lightbox-container\"><img decoding=\"async\" width=\"1500\" height=\"1000\" data-wp-class--hide=\"state.isContentHidden\" data-wp-class--show=\"state.isContentVisible\" data-wp-init=\"callbacks.setButtonStyles\" data-wp-on--click=\"actions.showLightbox\" data-wp-on--load=\"callbacks.setButtonStyles\" data-wp-on--pointerdown=\"actions.preloadImage\" data-wp-on--pointerenter=\"actions.preloadImageWithDelay\" data-wp-on--pointerleave=\"actions.cancelPreload\" data-wp-on-window--resize=\"callbacks.setButtonStyles\" src=\"https:\/\/loudavymkrokem.cz\/wp-content\/uploads\/2026\/08\/dovolena-kypr-t10.jpg\" alt=\"Kolossin ristiretkel\u00e4islinnoitus\" class=\"wp-image-399877\" title=\"\" srcset=\"https:\/\/loudavymkrokem.cz\/wp-content\/uploads\/2026\/08\/dovolena-kypr-t10.jpg 1500w, https:\/\/loudavymkrokem.cz\/wp-content\/uploads\/2026\/08\/dovolena-kypr-t10-300x200.jpg 300w, https:\/\/loudavymkrokem.cz\/wp-content\/uploads\/2026\/08\/dovolena-kypr-t10-700x467.jpg 700w, https:\/\/loudavymkrokem.cz\/wp-content\/uploads\/2026\/08\/dovolena-kypr-t10-768x512.jpg 768w, https:\/\/loudavymkrokem.cz\/wp-content\/uploads\/2026\/08\/dovolena-kypr-t10-696x464.jpg 696w, https:\/\/loudavymkrokem.cz\/wp-content\/uploads\/2026\/08\/dovolena-kypr-t10-1392x928.jpg 1392w\" sizes=\"(max-width: 1500px) 100vw, 1500px\" \/><button\n\t\t\tclass=\"lightbox-trigger\"\n\t\t\ttype=\"button\"\n\t\t\taria-haspopup=\"dialog\"\n\t\t\tdata-wp-bind--aria-label=\"state.thisImage.triggerButtonAriaLabel\"\n\t\t\tdata-wp-init=\"callbacks.initTriggerButton\"\n\t\t\tdata-wp-on--click=\"actions.showLightbox\"\n\t\t\tdata-wp-style--right=\"state.thisImage.buttonRight\"\n\t\t\tdata-wp-style--top=\"state.thisImage.buttonTop\"\n\t\t>\n\t\t\t<svg xmlns=\"http:\/\/www.w3.org\/2000\/svg\" width=\"12\" height=\"12\" fill=\"none\" viewBox=\"0 0 12 12\">\n\t\t\t\t<path fill=\"#fff\" d=\"M2 0a2 2 0 0 0-2 2v2h1.5V2a.5.5 0 0 1 .5-.5h2V0H2Zm2 10.5H2a.5.5 0 0 1-.5-.5V8H0v2a2 2 0 0 0 2 2h2v-1.5ZM8 12v-1.5h2a.5.5 0 0 0 .5-.5V8H12v2a2 2 0 0 1-2 2H8Zm2-12a2 2 0 0 1 2 2v2h-1.5V2a.5.5 0 0 0-.5-.5H8V0h2Z\" \/>\n\t\t\t<\/svg>\n\t\t<\/button><figcaption class=\"wp-element-caption\">Kolossin ristiretkel\u00e4islinnoitus (Kuva: Diego Delso \/ Wikimedia Commons, CC BY-SA 4.0)<\/figcaption><\/figure>\n\n\n\n<p class=\"wp-block-paragraph\">Linnoituksen sis\u00e4ll\u00e4 n\u00e4et valtavia vanhoja takkoja, s\u00e4ilyneit\u00e4 freskoja ja voit nousta turvallisesti kiemuraisia kiviportaita pitkin aina katolle asti. Sielt\u00e4 avautuu <strong>kaunis n\u00e4kym\u00e4 ymp\u00e4r\u00f6iville sitrusplantaaseille<\/strong> ja vanhan keskiaikaisen sokeritehtaan raunioille, joka on aivan linnan vieress\u00e4. T\u00e4m\u00e4n paikan k\u00e4ynti ei vie kovin paljon aikaa, joten se sopii ihanteellisesti lyhyeksi historialliseksi pys\u00e4hdykseksi pidemm\u00e4n rannikkomatkan varrelle.<\/p>\n\n\n\n<h3 id=\"11_Cape_Greco_niemi_ja_Kamara_tou_Koraka\" class=\"wp-block-heading\"><span class=\"ez-toc-section\" id=\"11_Cape_Greco_-niemi_ja_Kamara_tou_Koraka\"><\/span>11. Cape Greco -niemi ja Kamara tou Koraka<span class=\"ez-toc-section-end\"><\/span><\/h3>\n\n\n\n<p class=\"wp-block-paragraph\">Cape Greco -niemi muodostaa kuvitteellisen kallioisen rajan etel\u00e4- ja it\u00e4rannikon v\u00e4lille, ja t\u00e4\u00e4lt\u00e4 l\u00f6yd\u00e4t yhdet koko saaren dramaattisimmista kallioista. Luonnonpuisto k\u00e4tkee runsaasti n\u00e4ht\u00e4v\u00e4\u00e4, joista selv\u00e4sti tunnetuin on valtava kalliokaari Kamara tou Koraka, joka balansoi suoraan jyrk\u00e4n kuilun yll\u00e4. Koko niemimaata ymp\u00e4r\u00f6iv\u00e4ll\u00e4 vedell\u00e4 on uskomaton turkoosi v\u00e4ri, ja <strong>syv\u00e4t meriluolat houkuttelevat tutkimaan<\/strong>, etenkin jos suuntaat niille pienemm\u00e4ll\u00e4 retkiveneell\u00e4 tai snorklaten.<\/p>\n\n\n\n<figure data-wp-context=\"{&quot;imageId&quot;:&quot;6a9944e7303ea&quot;}\" data-wp-interactive=\"core\/image\" data-wp-key=\"6a9944e7303ea\" class=\"wp-block-image size-full wp-lightbox-container\"><img decoding=\"async\" width=\"1500\" height=\"1125\" data-wp-class--hide=\"state.isContentHidden\" data-wp-class--show=\"state.isContentVisible\" data-wp-init=\"callbacks.setButtonStyles\" data-wp-on--click=\"actions.showLightbox\" data-wp-on--load=\"callbacks.setButtonStyles\" data-wp-on--pointerdown=\"actions.preloadImage\" data-wp-on--pointerenter=\"actions.preloadImageWithDelay\" data-wp-on--pointerleave=\"actions.cancelPreload\" data-wp-on-window--resize=\"callbacks.setButtonStyles\" src=\"https:\/\/loudavymkrokem.cz\/wp-content\/uploads\/2026\/08\/dovolena-kypr-t11.jpg\" alt=\"Kalliokaari Cape Greco -niemell\u00e4\" class=\"wp-image-399881\" title=\"\" srcset=\"https:\/\/loudavymkrokem.cz\/wp-content\/uploads\/2026\/08\/dovolena-kypr-t11.jpg 1500w, https:\/\/loudavymkrokem.cz\/wp-content\/uploads\/2026\/08\/dovolena-kypr-t11-300x225.jpg 300w, https:\/\/loudavymkrokem.cz\/wp-content\/uploads\/2026\/08\/dovolena-kypr-t11-700x525.jpg 700w, https:\/\/loudavymkrokem.cz\/wp-content\/uploads\/2026\/08\/dovolena-kypr-t11-768x576.jpg 768w, https:\/\/loudavymkrokem.cz\/wp-content\/uploads\/2026\/08\/dovolena-kypr-t11-80x60.jpg 80w, https:\/\/loudavymkrokem.cz\/wp-content\/uploads\/2026\/08\/dovolena-kypr-t11-160x120.jpg 160w, https:\/\/loudavymkrokem.cz\/wp-content\/uploads\/2026\/08\/dovolena-kypr-t11-696x522.jpg 696w, https:\/\/loudavymkrokem.cz\/wp-content\/uploads\/2026\/08\/dovolena-kypr-t11-1392x1044.jpg 1392w\" sizes=\"(max-width: 1500px) 100vw, 1500px\" \/><button\n\t\t\tclass=\"lightbox-trigger\"\n\t\t\ttype=\"button\"\n\t\t\taria-haspopup=\"dialog\"\n\t\t\tdata-wp-bind--aria-label=\"state.thisImage.triggerButtonAriaLabel\"\n\t\t\tdata-wp-init=\"callbacks.initTriggerButton\"\n\t\t\tdata-wp-on--click=\"actions.showLightbox\"\n\t\t\tdata-wp-style--right=\"state.thisImage.buttonRight\"\n\t\t\tdata-wp-style--top=\"state.thisImage.buttonTop\"\n\t\t>\n\t\t\t<svg xmlns=\"http:\/\/www.w3.org\/2000\/svg\" width=\"12\" height=\"12\" fill=\"none\" viewBox=\"0 0 12 12\">\n\t\t\t\t<path fill=\"#fff\" d=\"M2 0a2 2 0 0 0-2 2v2h1.5V2a.5.5 0 0 1 .5-.5h2V0H2Zm2 10.5H2a.5.5 0 0 1-.5-.5V8H0v2a2 2 0 0 0 2 2h2v-1.5ZM8 12v-1.5h2a.5.5 0 0 0 .5-.5V8H12v2a2 2 0 0 1-2 2H8Zm2-12a2 2 0 0 1 2 2v2h-1.5V2a.5.5 0 0 0-.5-.5H8V0h2Z\" \/>\n\t\t\t<\/svg>\n\t\t<\/button><figcaption class=\"wp-element-caption\">Kalliokaari Cape Greco -niemell\u00e4 (Kuva: Knowledge2need \/ Wikimedia Commons, CC BY-SA 4.0)<\/figcaption><\/figure>\n\n\n\n<p class=\"wp-block-paragraph\">T\u00e4m\u00e4 kohde on t\u00e4ysin fantastinen vedenalaisen maailman yst\u00e4ville, sill\u00e4 n\u00e4kyvyys pinnan alla on t\u00e4\u00e4ll\u00e4 ymp\u00e4ri vuoden erinomainen. Cape Grecolle johtaa runsaasti hyvin yll\u00e4pidettyj\u00e4 patikkapolkuja penkkeineen, jotka ovat mainioita iltapaoihin luontoon. Matkailijat ovat yht\u00e4 mielt\u00e4 siit\u00e4, ett\u00e4 juuri t\u00e4m\u00e4n niemen kalliot tarjoavat <strong>yhdet parhaista n\u00e4kymist\u00e4 maagiseen auringonlaskuun<\/strong> koko Kyproksen it\u00e4osassa.<\/p>\n\n\n\n<h3 id=\"12_Larnaka_Suolajarvi_ja_flamingot\" class=\"wp-block-heading\"><span class=\"ez-toc-section\" id=\"12_Larnaka_Suolajarvi_ja_flamingot\"><\/span>12. Larnaka: Suolaj\u00e4rvi ja flamingot<span class=\"ez-toc-section-end\"><\/span><\/h3>\n\n\n\n<p class=\"wp-block-paragraph\">Larnaka yhdist\u00e4\u00e4 rannikkolomakohteen rennon tunnelman rikkaaseen historiaan ja mielenkiintoisiin luonnonilmi\u00f6ihin aivan l\u00e4hist\u00f6ll\u00e4. Heti kaupungin takana levitt\u00e4ytyy laaja Suolaj\u00e4rvi, jossa <strong>pys\u00e4htyy talvi- ja kev\u00e4tkuukausina valtavia parvia upeita vaaleanpunaisia flamingoja<\/strong>, mik\u00e4 on uskomattoman kuvauksellista katseltavaa. T\u00e4m\u00e4n j\u00e4rven rannalla kyyh\u00f6tt\u00e4\u00e4 merkitt\u00e4v\u00e4 islamilainen pyh\u00e4kk\u00f6, Hala Sultan Tekke -moskeija, ja itse kaupungin keskustassa et saa ohittaa upeaa 800-luvun kivist\u00e4 pyh\u00e4n Lasaruksen kirkkoa.<\/p>\n\n\n\n<figure data-wp-context=\"{&quot;imageId&quot;:&quot;6a9944e7308dd&quot;}\" data-wp-interactive=\"core\/image\" data-wp-key=\"6a9944e7308dd\" class=\"wp-block-image size-full wp-lightbox-container\"><img decoding=\"async\" width=\"1500\" height=\"1124\" data-wp-class--hide=\"state.isContentHidden\" data-wp-class--show=\"state.isContentVisible\" data-wp-init=\"callbacks.setButtonStyles\" data-wp-on--click=\"actions.showLightbox\" data-wp-on--load=\"callbacks.setButtonStyles\" data-wp-on--pointerdown=\"actions.preloadImage\" data-wp-on--pointerenter=\"actions.preloadImageWithDelay\" data-wp-on--pointerleave=\"actions.cancelPreload\" data-wp-on-window--resize=\"callbacks.setButtonStyles\" src=\"https:\/\/loudavymkrokem.cz\/wp-content\/uploads\/2026\/08\/dovolena-kypr-t12.jpg\" alt=\"Suolaj\u00e4rvi Larnakan l\u00e4hell\u00e4\" class=\"wp-image-399885\" title=\"\" srcset=\"https:\/\/loudavymkrokem.cz\/wp-content\/uploads\/2026\/08\/dovolena-kypr-t12.jpg 1500w, https:\/\/loudavymkrokem.cz\/wp-content\/uploads\/2026\/08\/dovolena-kypr-t12-300x225.jpg 300w, https:\/\/loudavymkrokem.cz\/wp-content\/uploads\/2026\/08\/dovolena-kypr-t12-700x525.jpg 700w, https:\/\/loudavymkrokem.cz\/wp-content\/uploads\/2026\/08\/dovolena-kypr-t12-768x575.jpg 768w, https:\/\/loudavymkrokem.cz\/wp-content\/uploads\/2026\/08\/dovolena-kypr-t12-80x60.jpg 80w, https:\/\/loudavymkrokem.cz\/wp-content\/uploads\/2026\/08\/dovolena-kypr-t12-160x120.jpg 160w, https:\/\/loudavymkrokem.cz\/wp-content\/uploads\/2026\/08\/dovolena-kypr-t12-696x522.jpg 696w, https:\/\/loudavymkrokem.cz\/wp-content\/uploads\/2026\/08\/dovolena-kypr-t12-1392x1043.jpg 1392w\" sizes=\"(max-width: 1500px) 100vw, 1500px\" \/><button\n\t\t\tclass=\"lightbox-trigger\"\n\t\t\ttype=\"button\"\n\t\t\taria-haspopup=\"dialog\"\n\t\t\tdata-wp-bind--aria-label=\"state.thisImage.triggerButtonAriaLabel\"\n\t\t\tdata-wp-init=\"callbacks.initTriggerButton\"\n\t\t\tdata-wp-on--click=\"actions.showLightbox\"\n\t\t\tdata-wp-style--right=\"state.thisImage.buttonRight\"\n\t\t\tdata-wp-style--top=\"state.thisImage.buttonTop\"\n\t\t>\n\t\t\t<svg xmlns=\"http:\/\/www.w3.org\/2000\/svg\" width=\"12\" height=\"12\" fill=\"none\" viewBox=\"0 0 12 12\">\n\t\t\t\t<path fill=\"#fff\" d=\"M2 0a2 2 0 0 0-2 2v2h1.5V2a.5.5 0 0 1 .5-.5h2V0H2Zm2 10.5H2a.5.5 0 0 1-.5-.5V8H0v2a2 2 0 0 0 2 2h2v-1.5ZM8 12v-1.5h2a.5.5 0 0 0 .5-.5V8H12v2a2 2 0 0 1-2 2H8Zm2-12a2 2 0 0 1 2 2v2h-1.5V2a.5.5 0 0 0-.5-.5H8V0h2Z\" \/>\n\t\t\t<\/svg>\n\t\t<\/button><figcaption class=\"wp-element-caption\">Suolaj\u00e4rvi Larnakan l\u00e4hell\u00e4 (Kuva: Gerda Arendt \/ Wikimedia Commons, CC0)<\/figcaption><\/figure>\n\n\n\n<p class=\"wp-block-paragraph\">Jos juuri pohdit, <a href=\"https:\/\/loudavymkrokem.cz\/fi\/syysloma-matkakohteet\/\">minne lomalle syyskuussa<\/a>, Larnakan ymp\u00e4rist\u00f6 on erinomainen valinta ihanteellisilla l\u00e4mp\u00f6tiloilla ja yh\u00e4 ihanan l\u00e4mpim\u00e4ll\u00e4 merell\u00e4. Useimmat turistit vain ajavat kaupungin l\u00e4pi nopeasti lentokent\u00e4lle saavuttuaan, mutta <strong>Larnaka ansaitsee ehdottomasti v\u00e4hint\u00e4\u00e4n puolen p\u00e4iv\u00e4n pys\u00e4hdyksen<\/strong>. Voit k\u00e4vell\u00e4 rauhassa palmuja reunustavaa Finikoudes-rantabulevardia, istahtaa paikallisiin kahviloihin ja ime\u00e4 oikeaa kyproslaista rentoutta.<\/p>\n\n\n\n<h3 id=\"13_Nissi_Beach_Kyproksen_kuuluisin_ranta\" class=\"wp-block-heading\"><span class=\"ez-toc-section\" id=\"13_Nissi_Beach_Kyproksen_kuuluisin_ranta\"><\/span>13. Nissi Beach: Kyproksen kuuluisin ranta<span class=\"ez-toc-section-end\"><\/span><\/h3>\n\n\n\n<p class=\"wp-block-paragraph\">Nissi Beach on todenn\u00e4k\u00f6isesti koko Kyproksen kaikkein kuuluisin ja kuvatuin ranta, joka voittaa s\u00e4\u00e4nn\u00f6llisesti kauneuslistat. Se houkuttelee h\u00e4ik\u00e4isev\u00e4n valkoisella hienolla hiekalla, uskomattoman matalalla vedell\u00e4 ja tyypillisell\u00e4 hiekkakaralla, jota pitkin p\u00e4\u00e4set kuivin jaloin pienelle saarelle l\u00e4helle rantaa. Vesi on t\u00e4\u00e4ll\u00e4 <strong>miellytt\u00e4v\u00e4n l\u00e4mmennyt ja suurimman osan ajasta hyvin rauhallinen<\/strong>, mik\u00e4 tekee siit\u00e4 ensi silm\u00e4yksell\u00e4 t\u00e4ydellisen Karibian-paratiisin kaikille uimisen yst\u00e4ville.<\/p>\n\n\n\n<figure data-wp-context=\"{&quot;imageId&quot;:&quot;6a9944e730ed2&quot;}\" data-wp-interactive=\"core\/image\" data-wp-key=\"6a9944e730ed2\" class=\"wp-block-image size-full wp-lightbox-container\"><img decoding=\"async\" width=\"1500\" height=\"1000\" data-wp-class--hide=\"state.isContentHidden\" data-wp-class--show=\"state.isContentVisible\" data-wp-init=\"callbacks.setButtonStyles\" data-wp-on--click=\"actions.showLightbox\" data-wp-on--load=\"callbacks.setButtonStyles\" data-wp-on--pointerdown=\"actions.preloadImage\" data-wp-on--pointerenter=\"actions.preloadImageWithDelay\" data-wp-on--pointerleave=\"actions.cancelPreload\" data-wp-on-window--resize=\"callbacks.setButtonStyles\" src=\"https:\/\/loudavymkrokem.cz\/wp-content\/uploads\/2026\/08\/dovolena-kypr-t13.jpg\" alt=\"Nissi Beach -ranta Ayia Napassa\" class=\"wp-image-399888\" title=\"\" srcset=\"https:\/\/loudavymkrokem.cz\/wp-content\/uploads\/2026\/08\/dovolena-kypr-t13.jpg 1500w, https:\/\/loudavymkrokem.cz\/wp-content\/uploads\/2026\/08\/dovolena-kypr-t13-300x200.jpg 300w, https:\/\/loudavymkrokem.cz\/wp-content\/uploads\/2026\/08\/dovolena-kypr-t13-700x467.jpg 700w, https:\/\/loudavymkrokem.cz\/wp-content\/uploads\/2026\/08\/dovolena-kypr-t13-768x512.jpg 768w, https:\/\/loudavymkrokem.cz\/wp-content\/uploads\/2026\/08\/dovolena-kypr-t13-696x464.jpg 696w, https:\/\/loudavymkrokem.cz\/wp-content\/uploads\/2026\/08\/dovolena-kypr-t13-1392x928.jpg 1392w\" sizes=\"(max-width: 1500px) 100vw, 1500px\" \/><button\n\t\t\tclass=\"lightbox-trigger\"\n\t\t\ttype=\"button\"\n\t\t\taria-haspopup=\"dialog\"\n\t\t\tdata-wp-bind--aria-label=\"state.thisImage.triggerButtonAriaLabel\"\n\t\t\tdata-wp-init=\"callbacks.initTriggerButton\"\n\t\t\tdata-wp-on--click=\"actions.showLightbox\"\n\t\t\tdata-wp-style--right=\"state.thisImage.buttonRight\"\n\t\t\tdata-wp-style--top=\"state.thisImage.buttonTop\"\n\t\t>\n\t\t\t<svg xmlns=\"http:\/\/www.w3.org\/2000\/svg\" width=\"12\" height=\"12\" fill=\"none\" viewBox=\"0 0 12 12\">\n\t\t\t\t<path fill=\"#fff\" d=\"M2 0a2 2 0 0 0-2 2v2h1.5V2a.5.5 0 0 1 .5-.5h2V0H2Zm2 10.5H2a.5.5 0 0 1-.5-.5V8H0v2a2 2 0 0 0 2 2h2v-1.5ZM8 12v-1.5h2a.5.5 0 0 0 .5-.5V8H12v2a2 2 0 0 1-2 2H8Zm2-12a2 2 0 0 1 2 2v2h-1.5V2a.5.5 0 0 0-.5-.5H8V0h2Z\" \/>\n\t\t\t<\/svg>\n\t\t<\/button><figcaption class=\"wp-element-caption\">Nissi Beach -ranta Ayia Napassa (Kuva: Dmitry Panov \/ Wikimedia Commons, CC BY 3.0)<\/figcaption><\/figure>\n\n\n\n<p class=\"wp-block-paragraph\">Minun on kuitenkin rehellisesti varoitettava, ett\u00e4 kes\u00e4sesongin aikaan se on yksi koko saaren t\u00e4p\u00f6t\u00e4ysimmist\u00e4 rannoista, \u00e4l\u00e4k\u00e4 sielt\u00e4 todellakaan etsi rauhaa. P\u00e4iv\u00e4ll\u00e4 t\u00e4\u00e4ll\u00e4 <strong>soi usein hyvin kova musiikki rantaklubeilta<\/strong>, j\u00e4rjestet\u00e4\u00e4n railakkaita bileit\u00e4 ja vapaan aurinkotuolin l\u00f6yt\u00e4minen kymmenen j\u00e4lkeen aamulla on yli-inhimillinen teht\u00e4v\u00e4. Jos haluat nauttia sen kauneudesta suhteellisessa rauhassa, saavu mieluummin todella aikaisin aamulla, jolloin ranta on vasta her\u00e4\u00e4m\u00e4ss\u00e4 eloon.<\/p>\n\n\n\n<h3 id=\"14_Ayia_Napa_bileita_mutta_myos_luostari_ja_meriluolat\" class=\"wp-block-heading\"><span class=\"ez-toc-section\" id=\"14_Ayia_Napa_bileita_mutta_myos_luostari_ja_meriluolat\"><\/span>14. Ayia Napa: bileit\u00e4, mutta my\u00f6s luostari ja meriluolat<span class=\"ez-toc-section-end\"><\/span><\/h3>\n\n\n\n<p class=\"wp-block-paragraph\">Ayia Napa on ansainnut kansainv\u00e4lisen maineen villin\u00e4 bilekaupunkina, joka ei koskaan nuku ja muuttuu kes\u00e4ll\u00e4 yhdeksi valtavaksi tanssiparkkipaikaksi koko Euroopan nuorille. Kaiken y\u00f6el\u00e4m\u00e4n keskus on kuuluisa Nissi Avenue -katu, josta l\u00f6yd\u00e4t kymmeni\u00e4 teemabaareja ja j\u00e4ttim\u00e4isi\u00e4 diskoja. Silti kaupungilla on my\u00f6s hyvin rauhallinen puolensa, sill\u00e4 keskell\u00e4 kaikkea sit\u00e4 modernia hulinaa <strong>seisoo vanha venetsialainen 1400-luvun luostari<\/strong>, joka vaikuttaa odottamattomalta t\u00e4ydellisen hiljaisuuden keitaalta.<\/p>\n\n\n\n<figure data-wp-context=\"{&quot;imageId&quot;:&quot;6a9944e731407&quot;}\" data-wp-interactive=\"core\/image\" data-wp-key=\"6a9944e731407\" class=\"wp-block-image size-full wp-lightbox-container\"><img decoding=\"async\" width=\"1500\" height=\"1086\" data-wp-class--hide=\"state.isContentHidden\" data-wp-class--show=\"state.isContentVisible\" data-wp-init=\"callbacks.setButtonStyles\" data-wp-on--click=\"actions.showLightbox\" data-wp-on--load=\"callbacks.setButtonStyles\" data-wp-on--pointerdown=\"actions.preloadImage\" data-wp-on--pointerenter=\"actions.preloadImageWithDelay\" data-wp-on--pointerleave=\"actions.cancelPreload\" data-wp-on-window--resize=\"callbacks.setButtonStyles\" src=\"https:\/\/loudavymkrokem.cz\/wp-content\/uploads\/2026\/08\/dovolena-kypr-t14.jpg\" alt=\"Luostari Ayia Napassa\" class=\"wp-image-399893\" title=\"\" srcset=\"https:\/\/loudavymkrokem.cz\/wp-content\/uploads\/2026\/08\/dovolena-kypr-t14.jpg 1500w, https:\/\/loudavymkrokem.cz\/wp-content\/uploads\/2026\/08\/dovolena-kypr-t14-300x217.jpg 300w, https:\/\/loudavymkrokem.cz\/wp-content\/uploads\/2026\/08\/dovolena-kypr-t14-700x507.jpg 700w, https:\/\/loudavymkrokem.cz\/wp-content\/uploads\/2026\/08\/dovolena-kypr-t14-768x556.jpg 768w, https:\/\/loudavymkrokem.cz\/wp-content\/uploads\/2026\/08\/dovolena-kypr-t14-696x504.jpg 696w, https:\/\/loudavymkrokem.cz\/wp-content\/uploads\/2026\/08\/dovolena-kypr-t14-1392x1008.jpg 1392w\" sizes=\"(max-width: 1500px) 100vw, 1500px\" \/><button\n\t\t\tclass=\"lightbox-trigger\"\n\t\t\ttype=\"button\"\n\t\t\taria-haspopup=\"dialog\"\n\t\t\tdata-wp-bind--aria-label=\"state.thisImage.triggerButtonAriaLabel\"\n\t\t\tdata-wp-init=\"callbacks.initTriggerButton\"\n\t\t\tdata-wp-on--click=\"actions.showLightbox\"\n\t\t\tdata-wp-style--right=\"state.thisImage.buttonRight\"\n\t\t\tdata-wp-style--top=\"state.thisImage.buttonTop\"\n\t\t>\n\t\t\t<svg xmlns=\"http:\/\/www.w3.org\/2000\/svg\" width=\"12\" height=\"12\" fill=\"none\" viewBox=\"0 0 12 12\">\n\t\t\t\t<path fill=\"#fff\" d=\"M2 0a2 2 0 0 0-2 2v2h1.5V2a.5.5 0 0 1 .5-.5h2V0H2Zm2 10.5H2a.5.5 0 0 1-.5-.5V8H0v2a2 2 0 0 0 2 2h2v-1.5ZM8 12v-1.5h2a.5.5 0 0 0 .5-.5V8H12v2a2 2 0 0 1-2 2H8Zm2-12a2 2 0 0 1 2 2v2h-1.5V2a.5.5 0 0 0-.5-.5H8V0h2Z\" \/>\n\t\t\t<\/svg>\n\t\t<\/button><figcaption class=\"wp-element-caption\">Luostari Ayia Napassa (Kuva: Zairon \/ Wikimedia Commons, CC BY-SA 4.0)<\/figcaption><\/figure>\n\n\n\n<p class=\"wp-block-paragraph\">Y\u00f6el\u00e4m\u00e4n lis\u00e4ksi Ayia Napa ylpeilee erinomaisella p\u00e4\u00e4syll\u00e4 merelle ja runsailla upeilla lahdilla, joissa on kristallinkirkas vesi. Paikallisesta vilkkaasta satamasta <strong>l\u00e4htee p\u00e4ivitt\u00e4in pienempi\u00e4 retkiveneit\u00e4 meriluolille<\/strong>, ja rannikkoa pitkin kulkee runsaasti mukavia k\u00e4velyreittej\u00e4. Kaupunki toimii siis yll\u00e4tt\u00e4v\u00e4n hyvin sek\u00e4 loputtomien juhlien yst\u00e4ville ett\u00e4 matkailijoille, jotka haluavat p\u00e4iv\u00e4ll\u00e4 tutkia kauniita luonnonilmi\u00f6it\u00e4.<\/p>\n\n\n\n<!-- LKM_GYG_CARD start q=\"kypr\" lang=\"fi\" rendered=\"2026-08-31T02:11:41+00:00\" v=\"1\" -->\n<style id=\"lk-gyg-styles\">\n@import url(\"https:\/\/fonts.googleapis.com\/css2?family=Playfair+Display:wght@700&family=DM+Sans:wght@300;400;500;600&display=swap\");\n\/* === LK GYG karty \u2014 CRO redesign 2026-05 (namespace .lkx-) ===\n   C\u00edl: vy\u0161\u0161\u00ed CTR (hero + v\u00fdrazn\u00fd social proof + ak\u010dn\u00ed CTA, m\u00e9n\u011b \"reklamn\u00ed\").\n   Injektuje se inline do prvn\u00edho markeru postu (refresh_cards.py --inline-css). *\/\n.lkx-module, .lkx-module *{box-sizing:border-box;margin:0;padding:0}\n.lkx-module{\n  font-family:'DM Sans',-apple-system,Segoe UI,Roboto,Georgia,sans-serif;\n  max-width:860px;margin:2.5rem auto;color:#1f2328;\n}\n\n\/* HEADER \u2014 lehk\u00fd editorsk\u00fd, \u017e\u00e1dn\u00fd bannerov\u00fd blok; nadpis + popisek pod n\u00edm *\/\n.lkx-head{margin-bottom:16px}\n.lkx-head-main{display:flex;align-items:center;gap:10px}\n.lkx-head-accent{width:26px;height:3px;border-radius:2px;background:#c39f76;flex-shrink:0}\n.lkx-head-title{font-family:'Playfair Display',Georgia,serif;font-size:21px;font-weight:700;color:#1a1a1a;line-height:1.25}\n.lkx-head-meta{display:block;font-size:11px;letter-spacing:.3px;color:#9aa0a6;margin-top:4px;margin-left:36px}\n\n\/* HERO *\/\n.lkx-hero{display:grid;grid-template-columns:300px 1fr;background:#fff;border:1px solid #ece7df;border-radius:14px;overflow:hidden;text-decoration:none!important;color:inherit;box-shadow:0 6px 20px rgba(0,0,0,.06);transition:box-shadow .2s,transform .2s;margin-bottom:14px}\n.lkx-hero:hover{box-shadow:0 12px 30px rgba(0,0,0,.12);transform:translateY(-2px)}\n.lkx-hero-img{position:relative;min-height:230px;background-size:cover;background-position:center;background-color:#eee}\n.lkx-hero-body{padding:22px 24px;display:flex;flex-direction:column}\n.lkx-pick{position:absolute;top:12px;left:12px;background:#1a1a1a;color:#fff;font-size:11px;font-weight:700;letter-spacing:.5px;padding:5px 11px;border-radius:20px}\n\n\/* TITLE *\/\n.lkx-title{font-size:19px;font-weight:700;color:#161616;line-height:1.3}\n.lkx-title-sm{font-size:14.5px;line-height:1.35;display:-webkit-box;-webkit-line-clamp:2;-webkit-box-orient:vertical;overflow:hidden}\n\n\/* SOCIAL PROOF \u2014 v\u00fdrazn\u011b, naho\u0159e *\/\n.lkx-proof{display:flex;align-items:center;gap:7px;margin-top:12px;font-size:15px;color:#3a3a3a}\n.lkx-proof b{font-size:16px;color:#161616}\n.lkx-stars{color:#f5a623;letter-spacing:1px}\n.lkx-proof-sm{font-size:12.5px;margin-top:8px;gap:5px}\n.lkx-proof-sm b{font-size:13px}\n.lkx-proof-new{color:#3685fc;font-weight:600}\n\n\/* PRICE \u2014 n\u00edzk\u00e1 kotva *\/\n.lkx-price{font-size:14px;color:#6b7280}\n.lkx-price b{font-size:20px;color:#161616;font-weight:700}\n.lkx-price-sm b{font-size:15px}\n\n\/* CTA \u2014 tepl\u00e9 ak\u010dn\u00ed tla\u010d\u00edtko *\/\n.lkx-cta{display:inline-flex;align-items:center;justify-content:center;text-decoration:none!important;font-weight:700;color:#fff!important;background:linear-gradient(135deg,#f6743f,#e8552a);border-radius:10px;box-shadow:0 6px 16px rgba(232,85,42,.32);transition:box-shadow .2s}\n.lkx-cta-hero{font-size:15px;padding:13px 22px}\n.lkx-hero:hover .lkx-cta-hero{box-shadow:0 8px 22px rgba(232,85,42,.45)}\n.lkx-cta-sm{font-size:12.5px;padding:9px 14px;width:100%;margin-top:2px}\n.lkx-hero-bottom{margin-top:auto;padding-top:18px;display:flex;align-items:center;justify-content:space-between;gap:14px;flex-wrap:wrap}\n\n\/* BADGE \u2014 jeden v\u00fdrazn\u00fd na fotce *\/\n.lkx-badge{position:absolute;top:12px;right:12px;font-size:10.5px;font-weight:700;letter-spacing:.3px;padding:5px 10px;border-radius:16px;color:#fff}\n.lkx-badge.badge-urgency{background:rgba(214,40,40,.92)}\n.lkx-badge.badge-new{background:rgba(54,133,252,.92)}\n.lkx-badge.badge-top{background:rgba(195,159,118,.95)}\n.lkx-badge.badge-info{background:rgba(40,40,40,.78)}\n\n\/* SECONDARY GRID *\/\n.lkx-grid{display:grid;grid-template-columns:1fr 1fr;gap:14px}\n.lkx-card{background:#fff;border:1px solid #ece7df;border-radius:14px;overflow:hidden;text-decoration:none!important;color:inherit;box-shadow:0 4px 14px rgba(0,0,0,.05);display:flex;flex-direction:column;transition:box-shadow .2s,transform .2s}\n.lkx-card:hover{box-shadow:0 10px 24px rgba(0,0,0,.1);transform:translateY(-2px)}\n.lkx-card-img{position:relative;aspect-ratio:16\/10;background-size:cover;background-position:center;background-color:#eee}\n.lkx-card-body{padding:14px 16px 16px;display:flex;flex-direction:column;gap:7px;flex:1}\n.lkx-card-bottom{margin-top:auto;padding-top:10px;display:flex;align-items:center;justify-content:space-between;gap:8px}\n\n\/* DISCLOSURE \u2014 drobn\u00e1, kv\u016fli d\u016fv\u011b\u0159e\/z\u00e1konu *\/\n.lkx-disclosure{font-size:11px;color:#a7adb3;text-align:center;margin-top:14px;line-height:1.6}\n.lkx-disclosure a{color:#c39f76;text-decoration:none}\n\n@media(max-width:680px){\n  .lkx-hero{grid-template-columns:1fr}\n  .lkx-hero-img{min-height:180px}\n  .lkx-grid{grid-template-columns:1fr}\n  .lkx-head-meta{margin-left:0;width:100%}\n  .lkx-head-title{font-size:19px}\n}\n\n<\/style>\n<div class=\"lkx-module\" data-query=\"kypr\">\n  <div class=\"lkx-head\">\n    <div class=\"lkx-head-main\">\n      <span class=\"lkx-head-accent\"><\/span>\n      <span class=\"lkx-head-title\">El\u00e4mykset ja liput<\/span>\n    <\/div>\n    <span class=\"lkx-head-meta\">matkailijoiden arvioima \u00b7 GetYourGuide<\/span>\n  <\/div><a class=\"lkx-hero\" href=\"https:\/\/www.getyourguide.com\/fi-fi\/nicosian-hallintoalue-l2199\/paralimni-vedenalaiset-skootterit-t975099\/?partner_id=MKZ64IS&amp;utm_medium=online_publisher&amp;cmp=kypros-loma-vinkit\" target=\"_blank\" rel=\"sponsored noopener nofollow\">\n    <div class=\"lkx-hero-img\" style=\"background-image:url('https:\/\/cdn.getyourguide.com\/img\/tour\/8a63e09393e938f9e1f5a3e6e3b62b3cc3a5f70cb6429c2de53d9c6a13f9ded9.jpeg\/132.jpg')\" role=\"img\" aria-label=\"Paralimni: Vedenalaiset skootterit\">\n      <span class=\"lkx-pick\">\u2605 Suosituksemme<\/span><\/div>\n    <div class=\"lkx-hero-body\">\n      <div class=\"lkx-title\">Paralimni: Vedenalaiset skootterit<\/div>\n      <div class=\"lkx-proof\">\n      <span class=\"lkx-stars\">\u2605\u2605\u2605\u2605\u2605<\/span>\n      <b>4.9<\/b> \u00b7 65 arvostelua\n    <\/div>\n      <div class=\"lkx-hero-bottom\"><div class=\"lkx-price\">alkaen <b>80\u00a0\u20ac<\/b><\/div><span class=\"lkx-cta lkx-cta-hero\">Haluan t\u00e4m\u00e4n el\u00e4myksen \u2192<\/span>\n      <\/div>\n    <\/div>\n  <\/a><div class=\"lkx-grid\"><a class=\"lkx-card\" href=\"https:\/\/www.getyourguide.com\/fi-fi\/nicosian-hallintoalue-l2199\/ayia-napa-monkijasafari-ja-nouto-hotellilta-t1354238\/?partner_id=MKZ64IS&amp;utm_medium=online_publisher&amp;cmp=kypros-loma-vinkit\" target=\"_blank\" rel=\"sponsored noopener nofollow\">\n      <div class=\"lkx-card-img\" style=\"background-image:url('https:\/\/cdn.getyourguide.com\/img\/tour\/75d22d46f5f7137b885f665ef9365d84c71193a28d40207b853d3176dc2c9181.png\/132.jpg')\" role=\"img\" aria-label=\"Ayia Napa: M\u00f6nkij\u00e4safari\"><\/div>\n      <div class=\"lkx-card-body\">\n        <div class=\"lkx-title lkx-title-sm\">Ayia Napa: M\u00f6nkij\u00e4safari<\/div>\n        <div class=\"lkx-proof lkx-proof-sm\">\n      <span class=\"lkx-stars\">\u2605<\/span>\n      <b>4.8<\/b> \u00b7 153\n    <\/div>\n        <div class=\"lkx-card-bottom\"><span class=\"lkx-price lkx-price-sm\">alkaen <b>75\u00a0\u20ac<\/b><\/span><span class=\"lkx-cta lkx-cta-sm\">Katso p\u00e4iv\u00e4m\u00e4\u00e4r\u00e4t \u2192<\/span>\n        <\/div>\n      <\/div>\n    <\/a><\/div><div class=\"lkx-disclosure\">\ud83d\udd17 N\u00e4m\u00e4 ovat kumppanilinkkej\u00e4 \u2014 ne eiv\u00e4t muuta hintaasi ja auttavat meit\u00e4 tekem\u00e4\u00e4n sis\u00e4lt\u00f6\u00e4. \u00b7 <a href=\"https:\/\/www.getyourguide.com\/fi-fi\/s\/?q=kypr&amp;partner_id=MKZ64IS&amp;utm_medium=online_publisher\" target=\"_blank\" rel=\"sponsored noopener nofollow\">Kaikki el\u00e4mykset \u2192<\/a><\/div>\n<\/div>\n<!-- LKM_GYG_CARD end -->\n\n\n\n\n<div class=\"lk-stays-module\">\n<style>\n\/* \u2500\u2500\u2500 RESET PRO GUTENBERG \u2500\u2500\u2500 *\/\n.lk-stays-module * { box-sizing: border-box; margin: 0; padding: 0; }\n\n\/* \u2500\u2500\u2500 WRAPPER \u2500\u2500\u2500 *\/\n.lk-stays-module {\n  font-family: 'DM Sans', Georgia, sans-serif;\n  max-width: 100%;\n  margin: 2.5rem auto;\n  background: linear-gradient(135deg, #fdfaf5 0%, #fcf8f0 100%);\n  border: 1px solid #e8dfd4;\n  border-radius: 16px;\n  overflow: hidden;\n  box-shadow: 0 16px 48px rgba(195, 159, 118, 0.25), 0 4px 12px rgba(0,0,0,0.08);\n}\n\n\/* \u2500\u2500\u2500 HEADER \u2500\u2500\u2500 *\/\n.lk-stays-header {\n  position: relative;\n  padding: 24px 36px 24px;\n  background: linear-gradient(135deg, #c39f76 0%, #d4b188 60%, #c39f76 100%);\n  border-bottom: 1px solid rgba(255,255,255,.15);\n  display: flex;\n  align-items: center;\n  gap: 18px;\n}\n.lk-stays-header::before {\n  content: '';\n  position: absolute;\n  inset: 0;\n  background: url(\"data:image\/svg+xml,%3Csvg width='60' height='60' viewBox='0 0 60 60' xmlns='http:\/\/www.w3.org\/2000\/svg'%3E%3Cg fill='none' fill-rule='evenodd'%3E%3Cg fill='%23ffffff' fill-opacity='0.05'%3E%3Cpath d='M36 34v-4h-2v4h-4v2h4v4h2v-4h4v-2h-4zm0-30V0h-2v4h-4v2h4v4h2V6h4V4h-4zM6 34v-4H4v4H0v2h4v4h2v-4h4v-2H6zM6 4V0H4v4H0v2h4v4h2V6h4V4H6z'\/%3E%3C\/g%3E%3C\/g%3E%3C\/svg%3E\") repeat;\n  pointer-events: none;\n}\n.lk-stays-icon {\n  flex-shrink: 0;\n  width: 68px;\n  height: 68px;\n  border-radius: 14px;\n  background: linear-gradient(135deg, #fff 0%, #f9f6f0 100%);\n  display: flex;\n  align-items: center;\n  justify-content: center;\n  font-size: 26px;\n  box-shadow: 0 4px 12px rgba(0,0,0,0.15);\n}\n.lk-stays-eyebrow {\n  font-size: 10px;\n  font-weight: 500;\n  letter-spacing: 2.5px;\n  text-transform: uppercase;\n  color: rgba(255,255,255,.85);\n  margin: 0 0 5px 0;\n}\n.lk-stays-title {\n  font-family: 'Playfair Display', Georgia, serif;\n  font-size: 24px;\n  font-weight: 700;\n  color: #fff;\n  line-height: 1.2;\n  text-shadow: 0 1px 2px rgba(0,0,0,0.1);\n  margin: 0;\n}\n.lk-stays-subtitle {\n  font-size: 13px;\n  color: rgba(255,255,255,.75);\n  margin: 4px 0 0 0;\n  font-weight: 300;\n}\n\n\/* \u2500\u2500\u2500 CARDS GRID \u2500\u2500\u2500 *\/\n.lk-stays-grid {\n  display: grid;\n  grid-template-columns: 1fr 1fr;\n  gap: 1px;\n  background: rgba(195, 159, 118, 0.12);\n}\n\n\/* \u2500\u2500\u2500 SINGLE CARD \u2500\u2500\u2500 *\/\n.lk-stay-card {\n  background: #ffffff;\n  padding: 26px;\n  display: flex;\n  flex-direction: column;\n  gap: 11px;\n  transition: all 0.3s ease;\n  text-decoration: none;\n  color: inherit;\n  position: relative;\n}\n.lk-stay-card:hover {\n  background: #fffbf5;\n  transform: translateY(-2px);\n  box-shadow: 0 8px 24px rgba(195, 159, 118, 0.18);\n  z-index: 1;\n}\n.lk-stay-card.featured {\n  background: linear-gradient(135deg, #fffdf9 0%, #fff9f0 100%);\n  box-shadow: 0 4px 16px rgba(195, 159, 118, 0.15), inset 0 1px 0 rgba(195, 159, 118, 0.1);\n}\n.lk-stay-card.featured:hover {\n  background: linear-gradient(135deg, #fffbf5 0%, #fff8ed 100%);\n  box-shadow: 0 8px 24px rgba(195, 159, 118, 0.25), inset 0 1px 0 rgba(195, 159, 118, 0.15);\n}\n\n.lk-stay-badge {\n  display: inline-flex;\n  align-items: center;\n  gap: 5px;\n  font-size: 10px;\n  font-weight: 500;\n  letter-spacing: 1.5px;\n  text-transform: uppercase;\n  padding: 5px 11px;\n  border-radius: 20px;\n  width: fit-content;\n}\n.badge-top     { background: linear-gradient(135deg, #c39f76 0%, #d4b188 100%); color: #fff; border: 1px solid #c39f76; font-weight: 600; box-shadow: 0 2px 8px rgba(195,159,118,0.3); }\n.badge-luxury  { background: rgba(195,159,118,.12); color: #c39f76; border: 1px solid rgba(195,159,118,.25); }\n.badge-boutique{ background: rgba(54,133,252,.08); color: #3685fc; border: 1px solid rgba(54,133,252,.2); }\n.badge-nature  { background: rgba(130,190,100,.1); color: #6b9c4a; border: 1px solid rgba(130,190,100,.2); }\n.badge-remote  { background: rgba(195,159,118,.12); color: #a67e50; border: 1px solid rgba(195,159,118,.25); }\n\n.lk-stay-name {\n  font-family: 'Playfair Display', Georgia, serif;\n  font-size: 18px;\n  font-weight: 700;\n  color: #111827;\n  line-height: 1.3;\n}\n.lk-stay-desc {\n  font-size: 13.5px;\n  color: #525252;\n  line-height: 1.65;\n  font-weight: 300;\n  flex: 1;\n}\n\n.lk-stay-meta {\n  display: flex;\n  align-items: center;\n  gap: 12px;\n  flex-wrap: wrap;\n  margin-top: 4px;\n}\n.lk-stay-price {\n  font-size: 13px;\n  color: #6b7280;\n}\n.lk-stay-price strong {\n  color: #c39f76;\n  font-weight: 500;\n}\n.lk-stay-stars {\n  color: #c39f76;\n  font-size: 11px;\n  letter-spacing: 1px;\n}\n\n\/* \u2500\u2500\u2500 CTA BUTTON \u2500\u2500\u2500 *\/\n.lk-stay-cta {\n  display: inline-flex;\n  align-items: center;\n  justify-content: center;\n  gap: 7px;\n  margin-top: 8px;\n  padding: 11px 20px;\n  border-radius: 8px;\n  background: linear-gradient(135deg, #3685fc 0%, #2a6fd9 100%);\n  color: #fff;\n  font-size: 13px;\n  font-weight: 500;\n  text-decoration: none;\n  letter-spacing: .3px;\n  transition: all .2s ease;\n  cursor: pointer;\n  border: none;\n  text-align: center;\n  box-shadow: 0 4px 12px rgba(54, 133, 252, 0.25);\n}\n.lk-stay-cta:hover {\n  background: linear-gradient(135deg, #2a6fd9 0%, #1e5bc4 100%);\n  transform: translateY(-1px);\n  box-shadow: 0 6px 16px rgba(54, 133, 252, 0.35);\n}\n.lk-stay-cta svg { flex-shrink: 0; }\n\n\/* \u2500\u2500\u2500 FOOTER \u2500\u2500\u2500 *\/\n.lk-stays-footer {\n  padding: 18px 36px;\n  background: linear-gradient(to bottom, #fdfaf5 0%, #f9f4ed 100%);\n  border-top: 1px solid rgba(195, 159, 118, 0.15);\n  display: flex;\n  align-items: center;\n  justify-content: space-between;\n  flex-wrap: wrap;\n  gap: 12px;\n}\n.lk-stays-footer-note {\n  font-size: 11.5px;\n  color: #6b7280;\n  font-weight: 300;\n  line-height: 1.5;\n}\n.lk-stays-footer-note a {\n  color: #c39f76;\n  text-decoration: none;\n  font-weight: 400;\n}\n.lk-stays-footer-note a:hover {\n  text-decoration: underline;\n}\n.lk-stays-all-btn {\n  display: inline-flex;\n  align-items: center;\n  gap: 6px;\n  font-size: 12.5px;\n  font-weight: 500;\n  color: #c39f76;\n  text-decoration: none;\n  border: 1px solid rgba(195, 159, 118, 0.35);\n  padding: 8px 18px;\n  border-radius: 8px;\n  transition: all .2s ease;\n}\n.lk-stays-all-btn:hover {\n  background: rgba(195, 159, 118, 0.08);\n  border-color: rgba(195, 159, 118, 0.5);\n}\n\n\/* \u2500\u2500\u2500 RESPONSIVE \u2500\u2500\u2500 *\/\n@media (max-width: 600px) {\n  .lk-stays-grid { grid-template-columns: 1fr; }\n  .lk-stays-header { padding: 24px 20px; }\n  .lk-stays-footer { padding: 16px 20px; }\n  .lk-stay-card { padding: 22px; }\n  .lk-stays-title { font-size: 20px; }\n}\n<\/style>\n\n  <!-- HEADER -->\n  <div class=\"lk-stays-header\">\n    <img decoding=\"async\" src=\"https:\/\/loudavymkrokem.cz\/wp-content\/uploads\/2026\/02\/lukas-a-lucka.jpg\" alt=\"\" style=\"width: 75px; height: 75px; border-radius: 8px; flex-shrink: 0; object-fit: cover; display: block; margin: 4px 0;\" title=\"\">\n    <div class=\"lk-stays-header-text\">\n      <div class=\"lk-stays-eyebrow\">Luk\u00e1\u0161 ja Lucie suosittelevat<\/div>\n      <div class=\"lk-stays-title\">Miss\u00e4 y\u00f6py\u00e4 Kyproksella<\/div>\n      <div class=\"lk-stays-subtitle\">6 majoitusvaihtoehtoa \u2014 lomakeskuksia, hotelleja ja muita majoitusmahdollisuuksia<\/div>\n    <\/div>\n  <\/div>\n\n  <!-- CARDS -->\n  <div class=\"lk-stays-grid\">\n\n    <a class=\"lk-stay-card featured\" href=\"https:\/\/www.stay22.com\/allez\/roam?aid=lukaskonecny&#038;campaign=loudavymkrokemcz&#038;campaign=fi&#038;campaign=dovolena-kypr&#038;hotelname=Almyra%20Hotel&#038;address=Paphos%2C%20Kypr\" target=\"_blank\" rel=\"nofollow noopener\">\n      <span class=\"lk-stay-badge badge-top\">\u2b50 HUIPPUVALINTA<\/span>\n      <span class=\"lk-stay-badge badge-nature\">\ud83c\udfe8 Hotelli<\/span>\n      <div class=\"lk-stay-name\">Almyra Hotel<\/div>\n      <div class=\"lk-stay-desc\">Kaunis designhotelli aivan meren rannalla, suosittu pariskuntien keskuudessa, jotka etsiv\u00e4t romantiikkaa ja huippuluokan palvelua.<\/div>\n      <div class=\"lk-stay-meta\">\n        <span class=\"lk-stay-stars\">\u2605\u2605\u2605\u2605<\/span>\n        <span class=\"lk-stay-price\">Tarkista hinnat<\/span>\n      <\/div>\n      <span class=\"lk-stay-cta\">\n        <svg width=\"14\" height=\"14\" viewBox=\"0 0 24 24\" fill=\"none\" stroke=\"currentColor\" stroke-width=\"2\"><path d=\"M18 13v6a2 2 0 0 1-2 2H5a2 2 0 0 1-2-2V8a2 2 0 0 1 2-2h6\"\/><polyline points=\"15 3 21 3 21 9\"\/><line x1=\"10\" y1=\"14\" x2=\"21\" y2=\"3\"\/><\/svg>\n        Tarkista saatavuus\n      <\/span>\n    <\/a>\n\n    <a class=\"lk-stay-card\" href=\"https:\/\/www.stay22.com\/allez\/roam?aid=lukaskonecny&#038;campaign=loudavymkrokemcz&#038;campaign=fi&#038;campaign=dovolena-kypr&#038;hotelname=Elysium%20Hotel&#038;address=Paphos%2C%20Kypr\" target=\"_blank\" rel=\"nofollow noopener\">\n      <span class=\"lk-stay-badge badge-nature\">\u2b50 Luxury<\/span>\n      <div class=\"lk-stay-name\">Elysium Hotel<\/div>\n      <div class=\"lk-stay-desc\">Ylellinen lomakeskus, joka on rakennettu kuninkaallisten hautojen viereen \u2013 t\u00e4\u00e4ll\u00e4 tunnet olosi kuin oikeassa palatsissa.<\/div>\n      <div class=\"lk-stay-meta\">\n        <span class=\"lk-stay-stars\">\u2605\u2605\u2605\u2605<\/span>\n        <span class=\"lk-stay-price\">Tarkista hinnat<\/span>\n      <\/div>\n      <span class=\"lk-stay-cta\">\n        <svg width=\"14\" height=\"14\" viewBox=\"0 0 24 24\" fill=\"none\" stroke=\"currentColor\" stroke-width=\"2\"><path d=\"M18 13v6a2 2 0 0 1-2 2H5a2 2 0 0 1-2-2V8a2 2 0 0 1 2-2h6\"\/><polyline points=\"15 3 21 3 21 9\"\/><line x1=\"10\" y1=\"14\" x2=\"21\" y2=\"3\"\/><\/svg>\n        Tarkista saatavuus\n      <\/span>\n    <\/a>\n\n    <a class=\"lk-stay-card\" href=\"https:\/\/www.stay22.com\/allez\/roam?aid=lukaskonecny&#038;campaign=loudavymkrokemcz&#038;campaign=fi&#038;campaign=dovolena-kypr&#038;hotelname=Olympic%20Lagoon%20Resort%20Paphos&#038;address=Paphos%2C%20Kypr\" target=\"_blank\" rel=\"nofollow noopener\">\n      <span class=\"lk-stay-badge badge-nature\">\ud83c\udf32 Lomakeskus<\/span>\n      <div class=\"lk-stay-name\">Olympic Lagoon Resort Paphos<\/div>\n      <div class=\"lk-stay-desc\">Valtava all inclusive -kompleksi, t\u00e4ydellinen perheille, joissa on lapsia.<\/div>\n      <div class=\"lk-stay-meta\">\n        <span class=\"lk-stay-stars\">\u2605\u2605\u2605\u2605<\/span>\n        <span class=\"lk-stay-price\">Tarkista hinnat<\/span>\n      <\/div>\n      <span class=\"lk-stay-cta\">\n        <svg width=\"14\" height=\"14\" viewBox=\"0 0 24 24\" fill=\"none\" stroke=\"currentColor\" stroke-width=\"2\"><path d=\"M18 13v6a2 2 0 0 1-2 2H5a2 2 0 0 1-2-2V8a2 2 0 0 1 2-2h6\"\/><polyline points=\"15 3 21 3 21 9\"\/><line x1=\"10\" y1=\"14\" x2=\"21\" y2=\"3\"\/><\/svg>\n        Tarkista saatavuus\n      <\/span>\n    <\/a>\n\n    <a class=\"lk-stay-card\" href=\"https:\/\/www.stay22.com\/allez\/roam?aid=lukaskonecny&#038;campaign=loudavymkrokemcz&#038;campaign=fi&#038;campaign=dovolena-kypr&#038;hotelname=Nissiblu%20Beach%20Resort&#038;address=Ayia%20Napa%2C%20Kypr\" target=\"_blank\" rel=\"nofollow noopener\">\n      <span class=\"lk-stay-badge badge-nature\">\ud83c\udfd6\ufe0f Beach<\/span>\n      <div class=\"lk-stay-name\">Nissiblu Beach Resort<\/div>\n      <div class=\"lk-stay-desc\">Moderni viiden t\u00e4hden hotelli aivan kuuluisan Nissi Beachin rannalla, muutaman askeleen p\u00e4\u00e4ss\u00e4 vedest\u00e4.<\/div>\n      <div class=\"lk-stay-meta\">\n        <span class=\"lk-stay-stars\">\u2605\u2605\u2605\u2605\u2605<\/span>\n        <span class=\"lk-stay-price\">Tarkista hinnat<\/span>\n      <\/div>\n      <span class=\"lk-stay-cta\">\n        <svg width=\"14\" height=\"14\" viewBox=\"0 0 24 24\" fill=\"none\" stroke=\"currentColor\" stroke-width=\"2\"><path d=\"M18 13v6a2 2 0 0 1-2 2H5a2 2 0 0 1-2-2V8a2 2 0 0 1 2-2h6\"\/><polyline points=\"15 3 21 3 21 9\"\/><line x1=\"10\" y1=\"14\" x2=\"21\" y2=\"3\"\/><\/svg>\n        Tarkista saatavuus\n      <\/span>\n    <\/a>\n\n    <a class=\"lk-stay-card\" href=\"https:\/\/www.stay22.com\/allez\/roam?aid=lukaskonecny&#038;campaign=loudavymkrokemcz&#038;campaign=fi&#038;campaign=dovolena-kypr&#038;hotelname=Adams%20Beach%20Hotel%20%26%20Spa&#038;address=Ayia%20Napa%2C%20Kypr\" target=\"_blank\" rel=\"nofollow noopener\">\n      <span class=\"lk-stay-badge badge-nature\">\ud83c\udf32 Lomakeskus<\/span>\n      <div class=\"lk-stay-name\">Adams Beach Hotel &#038; Spa<\/div>\n      <div class=\"lk-stay-desc\">Laaja lomakeskus omalla yksityisrannalla, ihanteellinen pakopaikka kes\u00e4n v\u00e4kijoukkoilta.<\/div>\n      <div class=\"lk-stay-meta\">\n        <span class=\"lk-stay-stars\">\u2605\u2605\u2605\u2605<\/span>\n        <span class=\"lk-stay-price\">Tarkista hinnat<\/span>\n      <\/div>\n      <span class=\"lk-stay-cta\">\n        <svg width=\"14\" height=\"14\" viewBox=\"0 0 24 24\" fill=\"none\" stroke=\"currentColor\" stroke-width=\"2\"><path d=\"M18 13v6a2 2 0 0 1-2 2H5a2 2 0 0 1-2-2V8a2 2 0 0 1 2-2h6\"\/><polyline points=\"15 3 21 3 21 9\"\/><line x1=\"10\" y1=\"14\" x2=\"21\" y2=\"3\"\/><\/svg>\n        Tarkista saatavuus\n      <\/span>\n    <\/a>\n\n    <a class=\"lk-stay-card\" href=\"https:\/\/www.stay22.com\/allez\/roam?aid=lukaskonecny&#038;campaign=loudavymkrokemcz&#038;campaign=fi&#038;campaign=dovolena-kypr&#038;hotelname=Parklane%2C%20a%20Luxury%20Collection%20Resort%20%26%20Spa&#038;address=Limassol%2C%20Kypr\" target=\"_blank\" rel=\"nofollow noopener\">\n      <span class=\"lk-stay-badge badge-nature\">\u2b50 Luxury<\/span>\n      <div class=\"lk-stay-name\">Parklane, a Luxury Collection Resort &#038; Spa<\/div>\n      <div class=\"lk-stay-desc\">Huippuluokan elegantti lomakeskus upealla laguunilla vaativimmille vieraille.<\/div>\n      <div class=\"lk-stay-meta\">\n        <span class=\"lk-stay-stars\">\u2605\u2605\u2605\u2605<\/span>\n        <span class=\"lk-stay-price\">Tarkista hinnat<\/span>\n      <\/div>\n      <span class=\"lk-stay-cta\">\n        <svg width=\"14\" height=\"14\" viewBox=\"0 0 24 24\" fill=\"none\" stroke=\"currentColor\" stroke-width=\"2\"><path d=\"M18 13v6a2 2 0 0 1-2 2H5a2 2 0 0 1-2-2V8a2 2 0 0 1 2-2h6\"\/><polyline points=\"15 3 21 3 21 9\"\/><line x1=\"10\" y1=\"14\" x2=\"21\" y2=\"3\"\/><\/svg>\n        Tarkista saatavuus\n      <\/span>\n    <\/a>\n\n  <\/div>\n\n  \n<\/div>\n\n\n\n\n<h3 id=\"15_Protaras_ja_Fig_Tree_Bay\" class=\"wp-block-heading\"><span class=\"ez-toc-section\" id=\"15_Protaras_ja_Fig_Tree_Bay\"><\/span>15. Protaras ja Fig Tree Bay<span class=\"ez-toc-section-end\"><\/span><\/h3>\n\n\n\n<p class=\"wp-block-paragraph\">Protaras on suosittu perhelomakohde it\u00e4rannikolla, joka on naapurissa olevaan meluisaan Ayia Napaan verrattuna paljon rauhallisempi ja rennompi. Sen suurin helmi on upea Fig Tree Bay -ranta, joka on nimetty vanhojen viikunapuiden mukaan ja tarjoaa ihanan matalan lahden ja t\u00e4ydellisen kultaisen hiekan. Noin sadan metrin p\u00e4\u00e4ss\u00e4 rannasta kohoaa pieni kallioinen saari, jolle <strong>voit helposti uida ja snorklata rauhassa<\/strong> sen v\u00e4litt\u00f6m\u00e4ss\u00e4 l\u00e4heisyydess\u00e4.<\/p>\n\n\n\n<figure data-wp-context=\"{&quot;imageId&quot;:&quot;6a9944e731944&quot;}\" data-wp-interactive=\"core\/image\" data-wp-key=\"6a9944e731944\" class=\"wp-block-image size-full wp-lightbox-container\"><img decoding=\"async\" width=\"1500\" height=\"1124\" data-wp-class--hide=\"state.isContentHidden\" data-wp-class--show=\"state.isContentVisible\" data-wp-init=\"callbacks.setButtonStyles\" data-wp-on--click=\"actions.showLightbox\" data-wp-on--load=\"callbacks.setButtonStyles\" data-wp-on--pointerdown=\"actions.preloadImage\" data-wp-on--pointerenter=\"actions.preloadImageWithDelay\" data-wp-on--pointerleave=\"actions.cancelPreload\" data-wp-on-window--resize=\"callbacks.setButtonStyles\" src=\"https:\/\/loudavymkrokem.cz\/wp-content\/uploads\/2026\/08\/dovolena-kypr-t15.jpg\" alt=\"Fig Tree Bay -lahti Protarasissa\" class=\"wp-image-399898\" title=\"\" srcset=\"https:\/\/loudavymkrokem.cz\/wp-content\/uploads\/2026\/08\/dovolena-kypr-t15.jpg 1500w, https:\/\/loudavymkrokem.cz\/wp-content\/uploads\/2026\/08\/dovolena-kypr-t15-300x225.jpg 300w, https:\/\/loudavymkrokem.cz\/wp-content\/uploads\/2026\/08\/dovolena-kypr-t15-700x525.jpg 700w, https:\/\/loudavymkrokem.cz\/wp-content\/uploads\/2026\/08\/dovolena-kypr-t15-768x575.jpg 768w, https:\/\/loudavymkrokem.cz\/wp-content\/uploads\/2026\/08\/dovolena-kypr-t15-80x60.jpg 80w, https:\/\/loudavymkrokem.cz\/wp-content\/uploads\/2026\/08\/dovolena-kypr-t15-160x120.jpg 160w, https:\/\/loudavymkrokem.cz\/wp-content\/uploads\/2026\/08\/dovolena-kypr-t15-696x522.jpg 696w, https:\/\/loudavymkrokem.cz\/wp-content\/uploads\/2026\/08\/dovolena-kypr-t15-1392x1043.jpg 1392w\" sizes=\"(max-width: 1500px) 100vw, 1500px\" \/><button\n\t\t\tclass=\"lightbox-trigger\"\n\t\t\ttype=\"button\"\n\t\t\taria-haspopup=\"dialog\"\n\t\t\tdata-wp-bind--aria-label=\"state.thisImage.triggerButtonAriaLabel\"\n\t\t\tdata-wp-init=\"callbacks.initTriggerButton\"\n\t\t\tdata-wp-on--click=\"actions.showLightbox\"\n\t\t\tdata-wp-style--right=\"state.thisImage.buttonRight\"\n\t\t\tdata-wp-style--top=\"state.thisImage.buttonTop\"\n\t\t>\n\t\t\t<svg xmlns=\"http:\/\/www.w3.org\/2000\/svg\" width=\"12\" height=\"12\" fill=\"none\" viewBox=\"0 0 12 12\">\n\t\t\t\t<path fill=\"#fff\" d=\"M2 0a2 2 0 0 0-2 2v2h1.5V2a.5.5 0 0 1 .5-.5h2V0H2Zm2 10.5H2a.5.5 0 0 1-.5-.5V8H0v2a2 2 0 0 0 2 2h2v-1.5ZM8 12v-1.5h2a.5.5 0 0 0 .5-.5V8H12v2a2 2 0 0 1-2 2H8Zm2-12a2 2 0 0 1 2 2v2h-1.5V2a.5.5 0 0 0-.5-.5H8V0h2Z\" \/>\n\t\t\t<\/svg>\n\t\t<\/button><figcaption class=\"wp-element-caption\">Fig Tree Bay -lahti Protarasissa (Kuva: Gerda Arendt \/ Wikimedia Commons, CC0)<\/figcaption><\/figure>\n\n\n\n<p class=\"wp-block-paragraph\">Koko lomakohteen yll\u00e4 kohoaa jyrk\u00e4ll\u00e4 kallioisella kukkulalla vieh\u00e4tt\u00e4v\u00e4 Profitis Ilias -kirkko, jolle johtaa melko pitk\u00e4t ja jyrk\u00e4t portaat. Nousu yl\u00f6s vaatii kuumina kes\u00e4p\u00e4ivin\u00e4 hieman ponnistelua, mutta <strong>panoraaman\u00e4kym\u00e4 koko rannikolle ja kimmelt\u00e4v\u00e4lle merelle<\/strong> on sen fyysisen vaivan ehdottomasti arvoinen. Paikalliset suosittelevat suuntaamaan t\u00e4nne iltah\u00e4m\u00e4riss\u00e4, jolloin valo on pehmeimmill\u00e4\u00e4n ja kirkon ymp\u00e4rill\u00e4 olevat puut on romanttisesti koristeltu sadoilla toivenauhoilla.<\/p>\n\n\n\n<h3 id=\"16_Ayia_Napa_Sculpture_Park_ja_Cape_Greco_polut\" class=\"wp-block-heading\"><span class=\"ez-toc-section\" id=\"16_Ayia_Napa_Sculpture_Park_ja_Cape_Greco_-polut\"><\/span>16. Ayia Napa Sculpture Park ja Cape Greco -polut<span class=\"ez-toc-section-end\"><\/span><\/h3>\n\n\n\n<p class=\"wp-block-paragraph\">Ayia Napa Sculpture Park on ainutlaatuinen ulkoilmagalleria, joka on sijoitettu loivalle rinteelle, josta avautuu fantastinen n\u00e4kym\u00e4 meren siniselle pinnalle. T\u00e4\u00e4lt\u00e4 l\u00f6yd\u00e4t kymmeni\u00e4 moderneja veistoksia ja kiinnostavia installaatioita taiteilijoilta ymp\u00e4ri maailmaa, jotka <strong>muodostavat kauniin kontrastin karulle kivikkoiselle maisemalle<\/strong> ja mataleille pensaille. Aivan vieress\u00e4 on lis\u00e4ksi hoidettu kaktus- ja mehikasvipuutarha, joten taiteen ja erikoisen kuivuutta siet\u00e4v\u00e4n kasviston yhdistelm\u00e4 luo hyvin kuvauksellisen ymp\u00e4rist\u00f6n.<\/p>\n\n\n\n<figure data-wp-context=\"{&quot;imageId&quot;:&quot;6a9944e731d52&quot;}\" data-wp-interactive=\"core\/image\" data-wp-key=\"6a9944e731d52\" class=\"wp-block-image size-full wp-lightbox-container\"><img decoding=\"async\" width=\"1500\" height=\"843\" data-wp-class--hide=\"state.isContentHidden\" data-wp-class--show=\"state.isContentVisible\" data-wp-init=\"callbacks.setButtonStyles\" data-wp-on--click=\"actions.showLightbox\" data-wp-on--load=\"callbacks.setButtonStyles\" data-wp-on--pointerdown=\"actions.preloadImage\" data-wp-on--pointerenter=\"actions.preloadImageWithDelay\" data-wp-on--pointerleave=\"actions.cancelPreload\" data-wp-on-window--resize=\"callbacks.setButtonStyles\" src=\"https:\/\/loudavymkrokem.cz\/wp-content\/uploads\/2026\/08\/dovolena-kypr-t16.jpg\" alt=\"Veistospuisto meren yll\u00e4 Ayia Napassa\" class=\"wp-image-399902\" title=\"\" srcset=\"https:\/\/loudavymkrokem.cz\/wp-content\/uploads\/2026\/08\/dovolena-kypr-t16.jpg 1500w, https:\/\/loudavymkrokem.cz\/wp-content\/uploads\/2026\/08\/dovolena-kypr-t16-300x169.jpg 300w, https:\/\/loudavymkrokem.cz\/wp-content\/uploads\/2026\/08\/dovolena-kypr-t16-700x393.jpg 700w, https:\/\/loudavymkrokem.cz\/wp-content\/uploads\/2026\/08\/dovolena-kypr-t16-768x432.jpg 768w, https:\/\/loudavymkrokem.cz\/wp-content\/uploads\/2026\/08\/dovolena-kypr-t16-696x391.jpg 696w, https:\/\/loudavymkrokem.cz\/wp-content\/uploads\/2026\/08\/dovolena-kypr-t16-1392x782.jpg 1392w\" sizes=\"(max-width: 1500px) 100vw, 1500px\" \/><button\n\t\t\tclass=\"lightbox-trigger\"\n\t\t\ttype=\"button\"\n\t\t\taria-haspopup=\"dialog\"\n\t\t\tdata-wp-bind--aria-label=\"state.thisImage.triggerButtonAriaLabel\"\n\t\t\tdata-wp-init=\"callbacks.initTriggerButton\"\n\t\t\tdata-wp-on--click=\"actions.showLightbox\"\n\t\t\tdata-wp-style--right=\"state.thisImage.buttonRight\"\n\t\t\tdata-wp-style--top=\"state.thisImage.buttonTop\"\n\t\t>\n\t\t\t<svg xmlns=\"http:\/\/www.w3.org\/2000\/svg\" width=\"12\" height=\"12\" fill=\"none\" viewBox=\"0 0 12 12\">\n\t\t\t\t<path fill=\"#fff\" d=\"M2 0a2 2 0 0 0-2 2v2h1.5V2a.5.5 0 0 1 .5-.5h2V0H2Zm2 10.5H2a.5.5 0 0 1-.5-.5V8H0v2a2 2 0 0 0 2 2h2v-1.5ZM8 12v-1.5h2a.5.5 0 0 0 .5-.5V8H12v2a2 2 0 0 1-2 2H8Zm2-12a2 2 0 0 1 2 2v2h-1.5V2a.5.5 0 0 0-.5-.5H8V0h2Z\" \/>\n\t\t\t<\/svg>\n\t\t<\/button><figcaption class=\"wp-element-caption\">Veistospuisto meren yll\u00e4 Ayia Napassa (Kuva: Qasinka \/ Wikimedia Commons, CC0)<\/figcaption><\/figure>\n\n\n\n<p class=\"wp-block-paragraph\">Puistosta jatkuvat sujuvasti hoidetut rannikkopolut, jotka viev\u00e4t sinut mukavasti aina Cape Grecon kansallispuistoon asti. P\u00e4\u00e4sy t\u00e4h\u00e4n valtavaan ulkoilmaveistosmuseoon on t\u00e4ysin ilmainen, eik\u00e4 alueella ole mit\u00e4\u00e4n rajoittavia aukioloaikoja. Parhaan taide-el\u00e4myksen saat, <strong>kun vierailet puistossa juuri ennen auringonlaskua<\/strong>, jolloin kivi- ja metalliveistokset heitt\u00e4v\u00e4t pitki\u00e4 varjoja.<\/p>\n\n\n\n<h3 id=\"17_WaterWorld_vesipuisto_Ayia_Napassa\" class=\"wp-block-heading\"><span class=\"ez-toc-section\" id=\"17_WaterWorld-vesipuisto_Ayia_Napassa\"><\/span>17. WaterWorld-vesipuisto Ayia Napassa<span class=\"ez-toc-section-end\"><\/span><\/h3>\n\n\n\n<p class=\"wp-block-paragraph\">Ayia Napan WaterWorld-vesipuisto kuuluu jo pitk\u00e4\u00e4n koko Euroopan suurimpiin ja parhaiten arvosteltuihin vesipuistoihin. Koko laaja alue on hauskasti sovitettu antiikin Kreikan teemaan, joten voit odottaa jumalten mukaan nimettyj\u00e4 vesiliukum\u00e4ki\u00e4, j\u00e4reit\u00e4 pylv\u00e4it\u00e4 ja roomalaisiksi kylpyl\u00f6iksi tyyliteltyj\u00e4 altaita. T\u00e4\u00e4lt\u00e4 l\u00f6yd\u00e4t <strong>kaiken adrenaliiniliukum\u00e4ist\u00e4 vapaapudotuksineen aina valtaviin aaltoihin<\/strong> ja pitk\u00e4\u00e4n laiskaan jokeen, jossa lep\u00e4\u00e4t mukavasti kellukkeella.<\/p>\n\n\n\n<figure data-wp-context=\"{&quot;imageId&quot;:&quot;6a9944e732110&quot;}\" data-wp-interactive=\"core\/image\" data-wp-key=\"6a9944e732110\" class=\"wp-block-image size-full wp-lightbox-container\"><img decoding=\"async\" width=\"1500\" height=\"1125\" data-wp-class--hide=\"state.isContentHidden\" data-wp-class--show=\"state.isContentVisible\" data-wp-init=\"callbacks.setButtonStyles\" data-wp-on--click=\"actions.showLightbox\" data-wp-on--load=\"callbacks.setButtonStyles\" data-wp-on--pointerdown=\"actions.preloadImage\" data-wp-on--pointerenter=\"actions.preloadImageWithDelay\" data-wp-on--pointerleave=\"actions.cancelPreload\" data-wp-on-window--resize=\"callbacks.setButtonStyles\" src=\"https:\/\/loudavymkrokem.cz\/wp-content\/uploads\/2026\/08\/dovolena-kypr-t17.jpg\" alt=\"Vesipuisto Ayia Napassa\" class=\"wp-image-399905\" title=\"\" srcset=\"https:\/\/loudavymkrokem.cz\/wp-content\/uploads\/2026\/08\/dovolena-kypr-t17.jpg 1500w, https:\/\/loudavymkrokem.cz\/wp-content\/uploads\/2026\/08\/dovolena-kypr-t17-300x225.jpg 300w, https:\/\/loudavymkrokem.cz\/wp-content\/uploads\/2026\/08\/dovolena-kypr-t17-700x525.jpg 700w, https:\/\/loudavymkrokem.cz\/wp-content\/uploads\/2026\/08\/dovolena-kypr-t17-768x576.jpg 768w, https:\/\/loudavymkrokem.cz\/wp-content\/uploads\/2026\/08\/dovolena-kypr-t17-80x60.jpg 80w, https:\/\/loudavymkrokem.cz\/wp-content\/uploads\/2026\/08\/dovolena-kypr-t17-160x120.jpg 160w, https:\/\/loudavymkrokem.cz\/wp-content\/uploads\/2026\/08\/dovolena-kypr-t17-696x522.jpg 696w, https:\/\/loudavymkrokem.cz\/wp-content\/uploads\/2026\/08\/dovolena-kypr-t17-1392x1044.jpg 1392w\" sizes=\"(max-width: 1500px) 100vw, 1500px\" \/><button\n\t\t\tclass=\"lightbox-trigger\"\n\t\t\ttype=\"button\"\n\t\t\taria-haspopup=\"dialog\"\n\t\t\tdata-wp-bind--aria-label=\"state.thisImage.triggerButtonAriaLabel\"\n\t\t\tdata-wp-init=\"callbacks.initTriggerButton\"\n\t\t\tdata-wp-on--click=\"actions.showLightbox\"\n\t\t\tdata-wp-style--right=\"state.thisImage.buttonRight\"\n\t\t\tdata-wp-style--top=\"state.thisImage.buttonTop\"\n\t\t>\n\t\t\t<svg xmlns=\"http:\/\/www.w3.org\/2000\/svg\" width=\"12\" height=\"12\" fill=\"none\" viewBox=\"0 0 12 12\">\n\t\t\t\t<path fill=\"#fff\" d=\"M2 0a2 2 0 0 0-2 2v2h1.5V2a.5.5 0 0 1 .5-.5h2V0H2Zm2 10.5H2a.5.5 0 0 1-.5-.5V8H0v2a2 2 0 0 0 2 2h2v-1.5ZM8 12v-1.5h2a.5.5 0 0 0 .5-.5V8H12v2a2 2 0 0 1-2 2H8Zm2-12a2 2 0 0 1 2 2v2h-1.5V2a.5.5 0 0 0-.5-.5H8V0h2Z\" \/>\n\t\t\t<\/svg>\n\t\t<\/button><figcaption class=\"wp-element-caption\">Vesipuisto Ayia Napassa (Kuva: Vsatinet \/ Wikimedia Commons, CC BY-SA 4.0)<\/figcaption><\/figure>\n\n\n\n<p class=\"wp-block-paragraph\">Matka-arvostelujen mukaan t\u00e4m\u00e4 on t\u00e4ysin fantastinen paikka lapsiperheille, mutta t\u00e4\u00e4ll\u00e4 viihtyv\u00e4t mainiosti my\u00f6s aikuiset, jotka pit\u00e4v\u00e4t hieman vesiadrenaliinista. Alueella voi helposti viett\u00e4\u00e4 koko pitk\u00e4n p\u00e4iv\u00e4n, sill\u00e4 se tarjoaa runsaasti hyvi\u00e4 ravintoloita, varjoisia lepopaikkoja ja ilmaisia aurinkotuoleja. Liput <strong>kannattaa ehdottomasti ostaa etuk\u00e4teen verkosta<\/strong>, sill\u00e4 ne ovat hieman edullisempia ja v\u00e4lt\u00e4t n\u00e4in uuvuttavat jonot kassoilla.<\/p>\n\n\n\n<h3 id=\"18_Troodoksen_kylat_Omodos_Lefkara_ja_Kakopetria\" class=\"wp-block-heading\"><span class=\"ez-toc-section\" id=\"18_Troodoksen_kylat_Omodos_Lefkara_ja_Kakopetria\"><\/span>18. Troodoksen kyl\u00e4t: Omodos, Lefkara ja Kakopetria<span class=\"ez-toc-section-end\"><\/span><\/h3>\n\n\n\n<p class=\"wp-block-paragraph\">Troodoksen kyl\u00e4t edustavat aivan toisenlaista Kyprosta kuin se, jonka tunnet l\u00e4mpim\u00e4lt\u00e4 rannikolta t\u00e4ynn\u00e4 hotellikomplekseja ja aurinkovarjoja. N\u00e4m\u00e4 vieh\u00e4tt\u00e4v\u00e4t kivikyl\u00e4t sijaitsevat korkealla vihreiss\u00e4 kukkuloissa, ja niit\u00e4 leimaavat kapeat kujat, punakattoiset talot ja uskomaton rauha. K\u00e4ynnin arvoinen on ehdottomasti Lefkaran kyl\u00e4, joka on <strong>maailmankuulu perinteisest\u00e4 pitsintekotaidostaan<\/strong> ja hopeasep\u00e4nty\u00f6st\u00e4\u00e4n, tai historiallinen Kakopetria s\u00e4ilyneine vanhoine taloineen vuoristojoen varrella.<\/p>\n\n\n\n<figure data-wp-context=\"{&quot;imageId&quot;:&quot;6a9944e732543&quot;}\" data-wp-interactive=\"core\/image\" data-wp-key=\"6a9944e732543\" class=\"wp-block-image size-full wp-lightbox-container\"><img decoding=\"async\" width=\"1500\" height=\"1000\" data-wp-class--hide=\"state.isContentHidden\" data-wp-class--show=\"state.isContentVisible\" data-wp-init=\"callbacks.setButtonStyles\" data-wp-on--click=\"actions.showLightbox\" data-wp-on--load=\"callbacks.setButtonStyles\" data-wp-on--pointerdown=\"actions.preloadImage\" data-wp-on--pointerenter=\"actions.preloadImageWithDelay\" data-wp-on--pointerleave=\"actions.cancelPreload\" data-wp-on-window--resize=\"callbacks.setButtonStyles\" src=\"https:\/\/loudavymkrokem.cz\/wp-content\/uploads\/2026\/08\/dovolena-kypr-t18.jpg\" alt=\"Vuoristokyl\u00e4 Troodos-vuoristossa\" class=\"wp-image-399910\" title=\"\" srcset=\"https:\/\/loudavymkrokem.cz\/wp-content\/uploads\/2026\/08\/dovolena-kypr-t18.jpg 1500w, https:\/\/loudavymkrokem.cz\/wp-content\/uploads\/2026\/08\/dovolena-kypr-t18-300x200.jpg 300w, https:\/\/loudavymkrokem.cz\/wp-content\/uploads\/2026\/08\/dovolena-kypr-t18-700x467.jpg 700w, https:\/\/loudavymkrokem.cz\/wp-content\/uploads\/2026\/08\/dovolena-kypr-t18-768x512.jpg 768w, https:\/\/loudavymkrokem.cz\/wp-content\/uploads\/2026\/08\/dovolena-kypr-t18-696x464.jpg 696w, https:\/\/loudavymkrokem.cz\/wp-content\/uploads\/2026\/08\/dovolena-kypr-t18-1392x928.jpg 1392w\" sizes=\"(max-width: 1500px) 100vw, 1500px\" \/><button\n\t\t\tclass=\"lightbox-trigger\"\n\t\t\ttype=\"button\"\n\t\t\taria-haspopup=\"dialog\"\n\t\t\tdata-wp-bind--aria-label=\"state.thisImage.triggerButtonAriaLabel\"\n\t\t\tdata-wp-init=\"callbacks.initTriggerButton\"\n\t\t\tdata-wp-on--click=\"actions.showLightbox\"\n\t\t\tdata-wp-style--right=\"state.thisImage.buttonRight\"\n\t\t\tdata-wp-style--top=\"state.thisImage.buttonTop\"\n\t\t>\n\t\t\t<svg xmlns=\"http:\/\/www.w3.org\/2000\/svg\" width=\"12\" height=\"12\" fill=\"none\" viewBox=\"0 0 12 12\">\n\t\t\t\t<path fill=\"#fff\" d=\"M2 0a2 2 0 0 0-2 2v2h1.5V2a.5.5 0 0 1 .5-.5h2V0H2Zm2 10.5H2a.5.5 0 0 1-.5-.5V8H0v2a2 2 0 0 0 2 2h2v-1.5ZM8 12v-1.5h2a.5.5 0 0 0 .5-.5V8H12v2a2 2 0 0 1-2 2H8Zm2-12a2 2 0 0 1 2 2v2h-1.5V2a.5.5 0 0 0-.5-.5H8V0h2Z\" \/>\n\t\t\t<\/svg>\n\t\t<\/button><figcaption class=\"wp-element-caption\">Vuoristokyl\u00e4 Troodos-vuoristossa (Kuva: Hagai Agmon-Snir \/ Wikimedia Commons, CC BY-SA 4.0)<\/figcaption><\/figure>\n\n\n\n<p class=\"wp-block-paragraph\">Et saa j\u00e4tt\u00e4\u00e4 v\u00e4liin my\u00f6sk\u00e4\u00e4n Omodosin kyl\u00e4\u00e4, joka toimii paikallisen viininviljelyn perinteisen\u00e4 keskuksena ja josta l\u00f6yd\u00e4t runsaasti pieni\u00e4 perheviinikellareita valtavine tynnyreineen. Vuoristokyliss\u00e4 on ymp\u00e4ri vuoden selv\u00e4sti viile\u00e4mp\u00e4\u00e4 kuin rannoilla, joten <strong>muista pakata mukaan kevyt villapaita keskell\u00e4 kuumaa kes\u00e4\u00e4kin<\/strong>. Ihmiset kehuvat t\u00e4\u00e4ll\u00e4 kovasti upeaa vieraanvaraisuutta ja mainioita perhetavernoja.<\/p>\n\n\n\n<h3 id=\"19_Bysanttilaiset_kirkot_UNESCOn_listalla\" class=\"wp-block-heading\"><span class=\"ez-toc-section\" id=\"19_Bysanttilaiset_kirkot_UNESCOn_listalla\"><\/span>19. Bysanttilaiset kirkot UNESCOn listalla<span class=\"ez-toc-section-end\"><\/span><\/h3>\n\n\n\n<p class=\"wp-block-paragraph\">Syv\u00e4lle Troodos-vuoristoon k\u00e4tketyt bysanttilaiset kirkot kuuluvat saaren t\u00e4rkeimpiin kulttuurikohteisiin, ja per\u00e4ti yhdeks\u00e4n niist\u00e4 ylpeilee merkitt\u00e4v\u00e4ll\u00e4 paikalla UNESCOn listalla. Ulkoa ne n\u00e4ytt\u00e4v\u00e4t usein vain tavallisilta kivilatoilta jyrkkine puukattoineen, joiden on tarkoitus suojella niit\u00e4 vuorilla talven lumelta. Sis\u00e4ll\u00e4 ne kuitenkin <strong>k\u00e4tkev\u00e4t t\u00e4ysin fantastisia ja erinomaisesti s\u00e4ilyneit\u00e4 freskoja<\/strong>, joista monet ovat per\u00e4isin jo 1000-luvulta ja kertovat raamatullisia tarinoita hehkuvin v\u00e4rein.<\/p>\n\n\n\n<figure data-wp-context=\"{&quot;imageId&quot;:&quot;6a9944e73295e&quot;}\" data-wp-interactive=\"core\/image\" data-wp-key=\"6a9944e73295e\" class=\"wp-block-image size-full wp-lightbox-container\"><img decoding=\"async\" width=\"1500\" height=\"751\" data-wp-class--hide=\"state.isContentHidden\" data-wp-class--show=\"state.isContentVisible\" data-wp-init=\"callbacks.setButtonStyles\" data-wp-on--click=\"actions.showLightbox\" data-wp-on--load=\"callbacks.setButtonStyles\" data-wp-on--pointerdown=\"actions.preloadImage\" data-wp-on--pointerenter=\"actions.preloadImageWithDelay\" data-wp-on--pointerleave=\"actions.cancelPreload\" data-wp-on-window--resize=\"callbacks.setButtonStyles\" src=\"https:\/\/loudavymkrokem.cz\/wp-content\/uploads\/2026\/08\/dovolena-kypr-t19.jpg\" alt=\"Bysanttilainen kirkko Troodos-vuoristossa\" class=\"wp-image-399914\" title=\"\" srcset=\"https:\/\/loudavymkrokem.cz\/wp-content\/uploads\/2026\/08\/dovolena-kypr-t19.jpg 1500w, https:\/\/loudavymkrokem.cz\/wp-content\/uploads\/2026\/08\/dovolena-kypr-t19-300x150.jpg 300w, https:\/\/loudavymkrokem.cz\/wp-content\/uploads\/2026\/08\/dovolena-kypr-t19-700x350.jpg 700w, https:\/\/loudavymkrokem.cz\/wp-content\/uploads\/2026\/08\/dovolena-kypr-t19-768x385.jpg 768w, https:\/\/loudavymkrokem.cz\/wp-content\/uploads\/2026\/08\/dovolena-kypr-t19-696x348.jpg 696w, https:\/\/loudavymkrokem.cz\/wp-content\/uploads\/2026\/08\/dovolena-kypr-t19-1392x697.jpg 1392w\" sizes=\"(max-width: 1500px) 100vw, 1500px\" \/><button\n\t\t\tclass=\"lightbox-trigger\"\n\t\t\ttype=\"button\"\n\t\t\taria-haspopup=\"dialog\"\n\t\t\tdata-wp-bind--aria-label=\"state.thisImage.triggerButtonAriaLabel\"\n\t\t\tdata-wp-init=\"callbacks.initTriggerButton\"\n\t\t\tdata-wp-on--click=\"actions.showLightbox\"\n\t\t\tdata-wp-style--right=\"state.thisImage.buttonRight\"\n\t\t\tdata-wp-style--top=\"state.thisImage.buttonTop\"\n\t\t>\n\t\t\t<svg xmlns=\"http:\/\/www.w3.org\/2000\/svg\" width=\"12\" height=\"12\" fill=\"none\" viewBox=\"0 0 12 12\">\n\t\t\t\t<path fill=\"#fff\" d=\"M2 0a2 2 0 0 0-2 2v2h1.5V2a.5.5 0 0 1 .5-.5h2V0H2Zm2 10.5H2a.5.5 0 0 1-.5-.5V8H0v2a2 2 0 0 0 2 2h2v-1.5ZM8 12v-1.5h2a.5.5 0 0 0 .5-.5V8H12v2a2 2 0 0 1-2 2H8Zm2-12a2 2 0 0 1 2 2v2h-1.5V2a.5.5 0 0 0-.5-.5H8V0h2Z\" \/>\n\t\t\t<\/svg>\n\t\t<\/button><figcaption class=\"wp-element-caption\">Bysanttilainen kirkko Troodos-vuoristossa (Kuva: Zairon \/ Wikimedia Commons, CC BY-SA 4.0)<\/figcaption><\/figure>\n\n\n\n<p class=\"wp-block-paragraph\">Kaikkein kiinnostavimpiin kuuluvat Asinoun kirkko tai syrj\u00e4inen Panagia tou Arakan luostari, jotka sijaitsevat kauniilla paikoilla keskell\u00e4 tuoksuvia m\u00e4ntymetsi\u00e4. Suurin osa n\u00e4ist\u00e4 uskonnollisista kohteista on melko pieni\u00e4, ja niit\u00e4 vartioivat tarkasti paikalliset avainten haltijat, joiden kanssa p\u00e4rj\u00e4\u00e4t usein vain hymyll\u00e4 ja elein. Kirkkojen sis\u00e4ll\u00e4 <strong>on ankarasti kielletty salamavalolla kuvaaminen<\/strong>, ja vaatetuksen tulee peitt\u00e4\u00e4 olkap\u00e4\u00e4t ja polvet.<\/p>\n\n\n\n<h3 id=\"20_Kalidonian_vesiputoukset_ja_Mount_Olympus\" class=\"wp-block-heading\"><span class=\"ez-toc-section\" id=\"20_Kalidonian_vesiputoukset_ja_Mount_Olympus\"><\/span>20. Kalidonian vesiputoukset ja Mount Olympus<span class=\"ez-toc-section-end\"><\/span><\/h3>\n\n\n\n<p class=\"wp-block-paragraph\">Kalidonian vesiputoukset ja l\u00e4heinen Mount Olympus -huippu todistavat selv\u00e4sti, ettei Kypros ole vain kuiva maa rantoineen, vaan tarjoaa my\u00f6s raikasta ja vihre\u00e4\u00e4 vuoristoluontoa miellytt\u00e4vine ilmastoineen. Vaellus vesiputouksille kulkee tihe\u00e4n m\u00e4ntymets\u00e4n l\u00e4pi viile\u00e4n puron vartta, ja itse reitin pituus on vajaat kolme kilometri\u00e4, mink\u00e4 taitat rauhallista tahtia alle tunnissa. Saaren korkein vuori Olympos <strong>on kunnioitettavat 1 952 metri\u00e4 korkea<\/strong> ja tarjoaa kauniita panoraaman\u00e4kymi\u00e4 syv\u00e4lle vihre\u00e4\u00e4n laaksoon.<\/p>\n\n\n\n<figure data-wp-context=\"{&quot;imageId&quot;:&quot;6a9944e732d97&quot;}\" data-wp-interactive=\"core\/image\" data-wp-key=\"6a9944e732d97\" class=\"wp-block-image size-full wp-lightbox-container\"><img decoding=\"async\" width=\"1500\" height=\"1000\" data-wp-class--hide=\"state.isContentHidden\" data-wp-class--show=\"state.isContentVisible\" data-wp-init=\"callbacks.setButtonStyles\" data-wp-on--click=\"actions.showLightbox\" data-wp-on--load=\"callbacks.setButtonStyles\" data-wp-on--pointerdown=\"actions.preloadImage\" data-wp-on--pointerenter=\"actions.preloadImageWithDelay\" data-wp-on--pointerleave=\"actions.cancelPreload\" data-wp-on-window--resize=\"callbacks.setButtonStyles\" src=\"https:\/\/loudavymkrokem.cz\/wp-content\/uploads\/2026\/08\/dovolena-kypr-t20.jpg\" alt=\"Troodos-vuoristo m\u00e4ntymetsineen\" class=\"wp-image-399933\" title=\"\" srcset=\"https:\/\/loudavymkrokem.cz\/wp-content\/uploads\/2026\/08\/dovolena-kypr-t20.jpg 1500w, https:\/\/loudavymkrokem.cz\/wp-content\/uploads\/2026\/08\/dovolena-kypr-t20-300x200.jpg 300w, https:\/\/loudavymkrokem.cz\/wp-content\/uploads\/2026\/08\/dovolena-kypr-t20-700x467.jpg 700w, https:\/\/loudavymkrokem.cz\/wp-content\/uploads\/2026\/08\/dovolena-kypr-t20-768x512.jpg 768w, https:\/\/loudavymkrokem.cz\/wp-content\/uploads\/2026\/08\/dovolena-kypr-t20-696x464.jpg 696w, https:\/\/loudavymkrokem.cz\/wp-content\/uploads\/2026\/08\/dovolena-kypr-t20-1392x928.jpg 1392w\" sizes=\"(max-width: 1500px) 100vw, 1500px\" \/><button\n\t\t\tclass=\"lightbox-trigger\"\n\t\t\ttype=\"button\"\n\t\t\taria-haspopup=\"dialog\"\n\t\t\tdata-wp-bind--aria-label=\"state.thisImage.triggerButtonAriaLabel\"\n\t\t\tdata-wp-init=\"callbacks.initTriggerButton\"\n\t\t\tdata-wp-on--click=\"actions.showLightbox\"\n\t\t\tdata-wp-style--right=\"state.thisImage.buttonRight\"\n\t\t\tdata-wp-style--top=\"state.thisImage.buttonTop\"\n\t\t>\n\t\t\t<svg xmlns=\"http:\/\/www.w3.org\/2000\/svg\" width=\"12\" height=\"12\" fill=\"none\" viewBox=\"0 0 12 12\">\n\t\t\t\t<path fill=\"#fff\" d=\"M2 0a2 2 0 0 0-2 2v2h1.5V2a.5.5 0 0 1 .5-.5h2V0H2Zm2 10.5H2a.5.5 0 0 1-.5-.5V8H0v2a2 2 0 0 0 2 2h2v-1.5ZM8 12v-1.5h2a.5.5 0 0 0 .5-.5V8H12v2a2 2 0 0 1-2 2H8Zm2-12a2 2 0 0 1 2 2v2h-1.5V2a.5.5 0 0 0-.5-.5H8V0h2Z\" \/>\n\t\t\t<\/svg>\n\t\t<\/button><figcaption class=\"wp-element-caption\">Troodos-vuoristo m\u00e4ntymetsineen (Kuva: Michal Klajban \/ Wikimedia Commons, CC BY-SA 4.0)<\/figcaption><\/figure>\n\n\n\n<p class=\"wp-block-paragraph\">Mielenkiintoista on, ett\u00e4 Olymposin rinteill\u00e4 pysyy tammi- ja helmikuussa melko yleisesti lunta ja siell\u00e4 toimii jopa pienempi\u00e4 hiihtohissej\u00e4 paikallisille harrastajille. Yhden kev\u00e4tp\u00e4iv\u00e4n aikana voit siis teoriassa <strong>aamup\u00e4iv\u00e4ll\u00e4 lasketella vuorilla ja iltap\u00e4iv\u00e4ll\u00e4 uida l\u00e4mpim\u00e4ss\u00e4 meress\u00e4<\/strong> alhaalla rannikolla. Matka vuorille on melko mutkainen ja jyrkk\u00e4, joten jos toisinaan k\u00e4rsit autopahoinvoinnista, on hyv\u00e4 varautua n\u00e4ihin loputtomiin serpentiineihin hieman etuk\u00e4teen.<\/p>\n\n\n\n<h3 id=\"21_Kyproslaiset_viinitilat_ja_viinireitit\" class=\"wp-block-heading\"><span class=\"ez-toc-section\" id=\"21_Kyproslaiset_viinitilat_ja_viinireitit\"><\/span>21. Kyproslaiset viinitilat ja viinireitit<span class=\"ez-toc-section-end\"><\/span><\/h3>\n\n\n\n<p class=\"wp-block-paragraph\">Kyproslaiset viinitilat ja niin sanotut viinireitit ovat valtava houkutus kaikille matkailijoille, jotka rakastavat paikallisen gastronomian ja maatalousperinteiden tutkimista. Koko hedelm\u00e4llinen Troodoksen alarinne on tihe\u00e4sti merkitty viinipoluin, jotka viev\u00e4t sinut pieniin perheyrityksiin ja suuriin perinteisiin tuottajiin. P\u00e4\u00e4k\u00e4t\u00e4hti on makea j\u00e4lkiruokaviini Commandaria, jonka kerrotaan olevan <strong>maailman vanhin yh\u00e4 valmistettava viini<\/strong> samalla nimell\u00e4 ja alkuper\u00e4isell\u00e4 reseptill\u00e4.<\/p>\n\n\n\n<figure data-wp-context=\"{&quot;imageId&quot;:&quot;6a9944e7331be&quot;}\" data-wp-interactive=\"core\/image\" data-wp-key=\"6a9944e7331be\" class=\"wp-block-image size-full wp-lightbox-container\"><img decoding=\"async\" width=\"1500\" height=\"993\" data-wp-class--hide=\"state.isContentHidden\" data-wp-class--show=\"state.isContentVisible\" data-wp-init=\"callbacks.setButtonStyles\" data-wp-on--click=\"actions.showLightbox\" data-wp-on--load=\"callbacks.setButtonStyles\" data-wp-on--pointerdown=\"actions.preloadImage\" data-wp-on--pointerenter=\"actions.preloadImageWithDelay\" data-wp-on--pointerleave=\"actions.cancelPreload\" data-wp-on-window--resize=\"callbacks.setButtonStyles\" src=\"https:\/\/loudavymkrokem.cz\/wp-content\/uploads\/2026\/08\/dovolena-kypr-t21.jpg\" alt=\"Viinitila Troodos-vuoriston alarinteill\u00e4\" class=\"wp-image-399927\" title=\"\" srcset=\"https:\/\/loudavymkrokem.cz\/wp-content\/uploads\/2026\/08\/dovolena-kypr-t21.jpg 1500w, https:\/\/loudavymkrokem.cz\/wp-content\/uploads\/2026\/08\/dovolena-kypr-t21-300x199.jpg 300w, https:\/\/loudavymkrokem.cz\/wp-content\/uploads\/2026\/08\/dovolena-kypr-t21-700x463.jpg 700w, https:\/\/loudavymkrokem.cz\/wp-content\/uploads\/2026\/08\/dovolena-kypr-t21-768x508.jpg 768w, https:\/\/loudavymkrokem.cz\/wp-content\/uploads\/2026\/08\/dovolena-kypr-t21-696x461.jpg 696w, https:\/\/loudavymkrokem.cz\/wp-content\/uploads\/2026\/08\/dovolena-kypr-t21-1392x922.jpg 1392w\" sizes=\"(max-width: 1500px) 100vw, 1500px\" \/><button\n\t\t\tclass=\"lightbox-trigger\"\n\t\t\ttype=\"button\"\n\t\t\taria-haspopup=\"dialog\"\n\t\t\tdata-wp-bind--aria-label=\"state.thisImage.triggerButtonAriaLabel\"\n\t\t\tdata-wp-init=\"callbacks.initTriggerButton\"\n\t\t\tdata-wp-on--click=\"actions.showLightbox\"\n\t\t\tdata-wp-style--right=\"state.thisImage.buttonRight\"\n\t\t\tdata-wp-style--top=\"state.thisImage.buttonTop\"\n\t\t>\n\t\t\t<svg xmlns=\"http:\/\/www.w3.org\/2000\/svg\" width=\"12\" height=\"12\" fill=\"none\" viewBox=\"0 0 12 12\">\n\t\t\t\t<path fill=\"#fff\" d=\"M2 0a2 2 0 0 0-2 2v2h1.5V2a.5.5 0 0 1 .5-.5h2V0H2Zm2 10.5H2a.5.5 0 0 1-.5-.5V8H0v2a2 2 0 0 0 2 2h2v-1.5ZM8 12v-1.5h2a.5.5 0 0 0 .5-.5V8H12v2a2 2 0 0 1-2 2H8Zm2-12a2 2 0 0 1 2 2v2h-1.5V2a.5.5 0 0 0-.5-.5H8V0h2Z\" \/>\n\t\t\t<\/svg>\n\t\t<\/button><figcaption class=\"wp-element-caption\">Viinitila Troodos-vuoriston alarinteill\u00e4 (Kuva: Serhio Magpie \/ Wikimedia Commons, CC BY 4.0)<\/figcaption><\/figure>\n\n\n\n<p class=\"wp-block-paragraph\">Suurin osa perheviinitiloista tarjoaa ennakkosopimuksen j\u00e4lkeen kierroksia kellareissaan maisteluineen, joissa paikalliset viininviljelij\u00e4t selitt\u00e4v\u00e4t mielell\u00e4\u00e4n koko vaativan ryp\u00e4leiden viljely- ja k\u00e4sittelyprosessin. Kokeneet matkailijat suosittelevat l\u00e4htem\u00e4\u00e4n viinireitille ihanteellisesti j\u00e4rjestetyll\u00e4 retkell\u00e4 tai sopimaan luotettavan kuljettajan, sill\u00e4 <strong>Kyproksen poliisi valvoo hyvin tiukasti rattijuoppoutta<\/strong>. Paikalliset viinit ovat yll\u00e4tt\u00e4v\u00e4n laadukkaita, ja pullo aitoa Commandariaa toimii t\u00e4ydellisen\u00e4 matkamuistona lomalta.<\/p>\n\n\n\n<h3 id=\"22_Nikosia_Euroopan_viimeinen_jaettu_paakaupunki\" class=\"wp-block-heading\"><span class=\"ez-toc-section\" id=\"22_Nikosia_Euroopan_viimeinen_jaettu_paakaupunki\"><\/span>22. Nikosia: Euroopan viimeinen jaettu p\u00e4\u00e4kaupunki<span class=\"ez-toc-section-end\"><\/span><\/h3>\n\n\n\n<p class=\"wp-block-paragraph\">Nikosia on uskomattoman kiehtova metropoli, jolla on yksi hyvin surullinen ykk\u00f6ssija, sill\u00e4 se toimii <strong>Euroopan viimeisen\u00e4 sotilaallisesti jaettuna p\u00e4\u00e4kaupunkina<\/strong>. P\u00e4\u00e4ostoskadun Ledra Streetin halkaisee armottomasti tarkasti vartioitu YK:n valvoma vihre\u00e4 linja, joka jakaa kaupungin kreikkalaiseen etel\u00e4\u00e4n ja turkkilaiseen pohjoiseen. Voit k\u00e4vell\u00e4 vapaasti j\u00e4reill\u00e4 venetsialaisilla, s\u00e4\u00e4nn\u00f6llisen t\u00e4hden muotoisilla muureilla, ihailla vanhaa kaupunkia ja aistia omakohtaisesti sen valtavan kulttuurisen kontrastin.<\/p>\n\n\n\n<figure data-wp-context=\"{&quot;imageId&quot;:&quot;6a9944e73364f&quot;}\" data-wp-interactive=\"core\/image\" data-wp-key=\"6a9944e73364f\" class=\"wp-block-image size-full wp-lightbox-container\"><img decoding=\"async\" width=\"1500\" height=\"937\" data-wp-class--hide=\"state.isContentHidden\" data-wp-class--show=\"state.isContentVisible\" data-wp-init=\"callbacks.setButtonStyles\" data-wp-on--click=\"actions.showLightbox\" data-wp-on--load=\"callbacks.setButtonStyles\" data-wp-on--pointerdown=\"actions.preloadImage\" data-wp-on--pointerenter=\"actions.preloadImageWithDelay\" data-wp-on--pointerleave=\"actions.cancelPreload\" data-wp-on-window--resize=\"callbacks.setButtonStyles\" src=\"https:\/\/loudavymkrokem.cz\/wp-content\/uploads\/2026\/08\/dovolena-kypr-t22.jpg\" alt=\"Ledra Street jaetussa Nikosiassa\" class=\"wp-image-399918\" title=\"\" srcset=\"https:\/\/loudavymkrokem.cz\/wp-content\/uploads\/2026\/08\/dovolena-kypr-t22.jpg 1500w, https:\/\/loudavymkrokem.cz\/wp-content\/uploads\/2026\/08\/dovolena-kypr-t22-300x187.jpg 300w, https:\/\/loudavymkrokem.cz\/wp-content\/uploads\/2026\/08\/dovolena-kypr-t22-700x437.jpg 700w, https:\/\/loudavymkrokem.cz\/wp-content\/uploads\/2026\/08\/dovolena-kypr-t22-768x480.jpg 768w, https:\/\/loudavymkrokem.cz\/wp-content\/uploads\/2026\/08\/dovolena-kypr-t22-696x435.jpg 696w, https:\/\/loudavymkrokem.cz\/wp-content\/uploads\/2026\/08\/dovolena-kypr-t22-1392x870.jpg 1392w\" sizes=\"(max-width: 1500px) 100vw, 1500px\" \/><button\n\t\t\tclass=\"lightbox-trigger\"\n\t\t\ttype=\"button\"\n\t\t\taria-haspopup=\"dialog\"\n\t\t\tdata-wp-bind--aria-label=\"state.thisImage.triggerButtonAriaLabel\"\n\t\t\tdata-wp-init=\"callbacks.initTriggerButton\"\n\t\t\tdata-wp-on--click=\"actions.showLightbox\"\n\t\t\tdata-wp-style--right=\"state.thisImage.buttonRight\"\n\t\t\tdata-wp-style--top=\"state.thisImage.buttonTop\"\n\t\t>\n\t\t\t<svg xmlns=\"http:\/\/www.w3.org\/2000\/svg\" width=\"12\" height=\"12\" fill=\"none\" viewBox=\"0 0 12 12\">\n\t\t\t\t<path fill=\"#fff\" d=\"M2 0a2 2 0 0 0-2 2v2h1.5V2a.5.5 0 0 1 .5-.5h2V0H2Zm2 10.5H2a.5.5 0 0 1-.5-.5V8H0v2a2 2 0 0 0 2 2h2v-1.5ZM8 12v-1.5h2a.5.5 0 0 0 .5-.5V8H12v2a2 2 0 0 1-2 2H8Zm2-12a2 2 0 0 1 2 2v2h-1.5V2a.5.5 0 0 0-.5-.5H8V0h2Z\" \/>\n\t\t\t<\/svg>\n\t\t<\/button><figcaption class=\"wp-element-caption\">Ledra Street jaetussa Nikosiassa (Kuva: A.Savin \/ Wikimedia Commons, FAL)<\/figcaption><\/figure>\n\n\n\n<p class=\"wp-block-paragraph\">Nikosian pohjoisosaan siirty\u00e4ksesi sinun on kuljettava virallisen jalankulkijoiden rajanylityspaikan kautta ja <strong>tarvitset siihen ehdottomasti voimassa olevan passin<\/strong>, sill\u00e4 henkil\u00f6kortti ei luotettavasti riit\u00e4. Koko tarkastusprosessi on yleens\u00e4 nopea ja mutkaton, mutta se on suomalaiselle todella voimakas kokemus. Rajan ylitt\u00e4m\u00e4ll\u00e4 p\u00e4\u00e4dyt hetkess\u00e4 orientaalisten torien, moskeijoiden ja mausteiden tuoksun ymp\u00e4rist\u00f6\u00f6n, jossa aivan erilainen el\u00e4m\u00e4ntyyli on ilmeinen jo ensi silm\u00e4yksell\u00e4.<\/p>\n\n\n\n<h3 id=\"23_Kyrenia_Girne_ja_sataman_yllakohoava_linna\" class=\"wp-block-heading\"><span class=\"ez-toc-section\" id=\"23_Kyrenia_Girne_ja_sataman_ylla_kohoava_linna\"><\/span>23. Kyrenia (Girne) ja sataman yll\u00e4 kohoava linna<span class=\"ez-toc-section-end\"><\/span><\/h3>\n\n\n\n<p class=\"wp-block-paragraph\">Kyrenia sijaitsee pohjoisrannikolla, ja monet matkailijat pit\u00e4v\u00e4t sit\u00e4 syyst\u00e4kin koko jaetun saaren kaikkein kuvauksellisimpana satamana. T\u00e4ydellisen hevosenkeng\u00e4n muotoinen lahti on vanhojen kivitalojen reunustama, siell\u00e4 on kiinnittyneen\u00e4 vanhann\u00e4k\u00f6isi\u00e4 puuveneit\u00e4 ja kaiken t\u00e4m\u00e4n yll\u00e4 <strong>kohoaa majesteettisesti valtava bysanttilainen linna<\/strong>, joka aiemmin suojeli kaupunkia hy\u00f6kk\u00e4yksilt\u00e4. Hieman kaupungin yl\u00e4puolella kukkuloihin k\u00e4tkeytyv\u00e4t kauniit goottilaiset Bellapaisin luostarin rauniot upeine merin\u00e4k\u00f6aloineen.<\/p>\n\n\n\n<figure data-wp-context=\"{&quot;imageId&quot;:&quot;6a9944e733a06&quot;}\" data-wp-interactive=\"core\/image\" data-wp-key=\"6a9944e733a06\" class=\"wp-block-image size-full wp-lightbox-container\"><img decoding=\"async\" width=\"1500\" height=\"937\" data-wp-class--hide=\"state.isContentHidden\" data-wp-class--show=\"state.isContentVisible\" data-wp-init=\"callbacks.setButtonStyles\" data-wp-on--click=\"actions.showLightbox\" data-wp-on--load=\"callbacks.setButtonStyles\" data-wp-on--pointerdown=\"actions.preloadImage\" data-wp-on--pointerenter=\"actions.preloadImageWithDelay\" data-wp-on--pointerleave=\"actions.cancelPreload\" data-wp-on-window--resize=\"callbacks.setButtonStyles\" src=\"https:\/\/loudavymkrokem.cz\/wp-content\/uploads\/2026\/08\/dovolena-kypr-t23.jpg\" alt=\"Kyrenian satama ja linna\" class=\"wp-image-399919\" title=\"\" srcset=\"https:\/\/loudavymkrokem.cz\/wp-content\/uploads\/2026\/08\/dovolena-kypr-t23.jpg 1500w, https:\/\/loudavymkrokem.cz\/wp-content\/uploads\/2026\/08\/dovolena-kypr-t23-300x187.jpg 300w, https:\/\/loudavymkrokem.cz\/wp-content\/uploads\/2026\/08\/dovolena-kypr-t23-700x437.jpg 700w, https:\/\/loudavymkrokem.cz\/wp-content\/uploads\/2026\/08\/dovolena-kypr-t23-768x480.jpg 768w, https:\/\/loudavymkrokem.cz\/wp-content\/uploads\/2026\/08\/dovolena-kypr-t23-696x435.jpg 696w, https:\/\/loudavymkrokem.cz\/wp-content\/uploads\/2026\/08\/dovolena-kypr-t23-1392x870.jpg 1392w\" sizes=\"(max-width: 1500px) 100vw, 1500px\" \/><button\n\t\t\tclass=\"lightbox-trigger\"\n\t\t\ttype=\"button\"\n\t\t\taria-haspopup=\"dialog\"\n\t\t\tdata-wp-bind--aria-label=\"state.thisImage.triggerButtonAriaLabel\"\n\t\t\tdata-wp-init=\"callbacks.initTriggerButton\"\n\t\t\tdata-wp-on--click=\"actions.showLightbox\"\n\t\t\tdata-wp-style--right=\"state.thisImage.buttonRight\"\n\t\t\tdata-wp-style--top=\"state.thisImage.buttonTop\"\n\t\t>\n\t\t\t<svg xmlns=\"http:\/\/www.w3.org\/2000\/svg\" width=\"12\" height=\"12\" fill=\"none\" viewBox=\"0 0 12 12\">\n\t\t\t\t<path fill=\"#fff\" d=\"M2 0a2 2 0 0 0-2 2v2h1.5V2a.5.5 0 0 1 .5-.5h2V0H2Zm2 10.5H2a.5.5 0 0 1-.5-.5V8H0v2a2 2 0 0 0 2 2h2v-1.5ZM8 12v-1.5h2a.5.5 0 0 0 .5-.5V8H12v2a2 2 0 0 1-2 2H8Zm2-12a2 2 0 0 1 2 2v2h-1.5V2a.5.5 0 0 0-.5-.5H8V0h2Z\" \/>\n\t\t\t<\/svg>\n\t\t<\/button><figcaption class=\"wp-element-caption\">Kyrenian satama ja linna (Kuva: A.Savin \/ Wikimedia Commons, FAL)<\/figcaption><\/figure>\n\n\n\n<p class=\"wp-block-paragraph\">Koska t\u00e4m\u00e4 historiallinen kohde sijaitsee Pohjois-Kyproksella, sinun on suunnattava sinne virallisen rajanylityspaikan kautta voimassa oleva passi k\u00e4dess\u00e4. Huomautan hyvin t\u00e4rke\u00e4st\u00e4 asiasta: pohjoiseen <strong>saa etel\u00e4st\u00e4 vuokratulla autolla menn\u00e4 vain vuokraamon nimenomaisella luvalla<\/strong> ja velvoitteella ostaa suoraan rajalla tilap\u00e4inen turkkilainen vakuutus. Jos taas ottaisit tyhmyyksiss\u00e4si auton vuokralle pohjoisesta, et saa ajaa sill\u00e4 etel\u00e4n puolelle lainkaan, mik\u00e4 on paikallisten mukaan yleisin tiet\u00e4m\u00e4tt\u00f6mien turistien moka.<\/p>\n\n\n\n<h3 id=\"24_Famagusta_ja_aavemainen_Varosha\" class=\"wp-block-heading\"><span class=\"ez-toc-section\" id=\"24_Famagusta_ja_aavemainen_Varosha\"><\/span>24. Famagusta ja aavemainen Varosha<span class=\"ez-toc-section-end\"><\/span><\/h3>\n\n\n\n<p class=\"wp-block-paragraph\">Famagusta ja aavemainen hyl\u00e4tty Varoshan lomakohde edustavat yht\u00e4 voimakkaimmista ja eriskummallisimmista kokemuksista, joita saaren pohjoisosassa matkatessasi voit kokea. Famagustan historiallisessa keskustassa yll\u00e4tt\u00e4\u00e4 sinut valtava goottilainen katedraali, joka on muutettu moskeijaksi lis\u00e4\u00e4m\u00e4ll\u00e4 siihen sirot minareetit, sek\u00e4 j\u00e4re\u00e4t muinaiset muurit. Aivan vieress\u00e4 on kuitenkin Varoshan kaupunginosa, joka oli aikoinaan filmit\u00e4htien ylellinen lomakohde ja joka on <strong>vuoden 1974 sodasta l\u00e4htien kokonaan hyl\u00e4tty<\/strong> ja rapistuu piikkilangan takana.<\/p>\n\n\n\n<figure data-wp-context=\"{&quot;imageId&quot;:&quot;6a9944e733eae&quot;}\" data-wp-interactive=\"core\/image\" data-wp-key=\"6a9944e733eae\" class=\"wp-block-image size-full wp-lightbox-container\"><img decoding=\"async\" width=\"1500\" height=\"999\" data-wp-class--hide=\"state.isContentHidden\" data-wp-class--show=\"state.isContentVisible\" data-wp-init=\"callbacks.setButtonStyles\" data-wp-on--click=\"actions.showLightbox\" data-wp-on--load=\"callbacks.setButtonStyles\" data-wp-on--pointerdown=\"actions.preloadImage\" data-wp-on--pointerenter=\"actions.preloadImageWithDelay\" data-wp-on--pointerleave=\"actions.cancelPreload\" data-wp-on-window--resize=\"callbacks.setButtonStyles\" src=\"https:\/\/loudavymkrokem.cz\/wp-content\/uploads\/2026\/08\/dovolena-kypr-t24.jpg\" alt=\"Goottilainen katedraali Famagustassa\" class=\"wp-image-399923\" title=\"\" srcset=\"https:\/\/loudavymkrokem.cz\/wp-content\/uploads\/2026\/08\/dovolena-kypr-t24.jpg 1500w, https:\/\/loudavymkrokem.cz\/wp-content\/uploads\/2026\/08\/dovolena-kypr-t24-300x200.jpg 300w, https:\/\/loudavymkrokem.cz\/wp-content\/uploads\/2026\/08\/dovolena-kypr-t24-700x466.jpg 700w, https:\/\/loudavymkrokem.cz\/wp-content\/uploads\/2026\/08\/dovolena-kypr-t24-768x511.jpg 768w, https:\/\/loudavymkrokem.cz\/wp-content\/uploads\/2026\/08\/dovolena-kypr-t24-696x464.jpg 696w, https:\/\/loudavymkrokem.cz\/wp-content\/uploads\/2026\/08\/dovolena-kypr-t24-1392x927.jpg 1392w\" sizes=\"(max-width: 1500px) 100vw, 1500px\" \/><button\n\t\t\tclass=\"lightbox-trigger\"\n\t\t\ttype=\"button\"\n\t\t\taria-haspopup=\"dialog\"\n\t\t\tdata-wp-bind--aria-label=\"state.thisImage.triggerButtonAriaLabel\"\n\t\t\tdata-wp-init=\"callbacks.initTriggerButton\"\n\t\t\tdata-wp-on--click=\"actions.showLightbox\"\n\t\t\tdata-wp-style--right=\"state.thisImage.buttonRight\"\n\t\t\tdata-wp-style--top=\"state.thisImage.buttonTop\"\n\t\t>\n\t\t\t<svg xmlns=\"http:\/\/www.w3.org\/2000\/svg\" width=\"12\" height=\"12\" fill=\"none\" viewBox=\"0 0 12 12\">\n\t\t\t\t<path fill=\"#fff\" d=\"M2 0a2 2 0 0 0-2 2v2h1.5V2a.5.5 0 0 1 .5-.5h2V0H2Zm2 10.5H2a.5.5 0 0 1-.5-.5V8H0v2a2 2 0 0 0 2 2h2v-1.5ZM8 12v-1.5h2a.5.5 0 0 0 .5-.5V8H12v2a2 2 0 0 1-2 2H8Zm2-12a2 2 0 0 1 2 2v2h-1.5V2a.5.5 0 0 0-.5-.5H8V0h2Z\" \/>\n\t\t\t<\/svg>\n\t\t<\/button><figcaption class=\"wp-element-caption\">Goottilainen katedraali Famagustassa (Kuva: A.Savin \/ Wikimedia Commons, FAL)<\/figcaption><\/figure>\n\n\n\n<p class=\"wp-block-paragraph\">T\u00e4m\u00e4 niin sanottu aavealue on \u00e4skett\u00e4in avattu osittain vierailijoille, joten voit k\u00e4vell\u00e4 asfaltoituja teit\u00e4 pitkin suoraan rapistuvien hotellien ja umpeenkasvaneiden huviloiden lomassa. Kuten Kyrenian tapauksessa, sinun on kuljettava virallisen rajanylityspaikan kautta, joten <strong>muista passi ja pid\u00e4 tarkoin huolta vuokra-autosi vakuutuksesta<\/strong>. Euroja tosin otetaan t\u00e4\u00e4ll\u00e4 monissa turistikohteissa vastaan, mutta virallisesti t\u00e4\u00e4ll\u00e4 maksetaan Turkin liiralla, joten valmistaudu siihen hyvin rajanylitysretkelle.<\/p>\n\n\n\n<h2 id=\"Missa_yopya_Kyproksella_mika_alue_sopii_kenelle\" class=\"wp-block-heading\"><span class=\"ez-toc-section\" id=\"Missa_yopya_Kyproksella_mika_alue_sopii_kenelle\"><\/span>Miss\u00e4 y\u00f6py\u00e4 Kyproksella: mik\u00e4 alue sopii kenelle<span class=\"ez-toc-section-end\"><\/span><\/h2>\n\n\n\n<p class=\"wp-block-paragraph\">Oikean tukikohdan valinta on t\u00e4ysin ratkaisevaa sille, ett\u00e4 lomasi Kyproksella sujuu kympill\u00e4. Saari on melko suuri, ja jokainen rannikko tarjoaa aivan erilaisen tunnelman, joten kannattaa pys\u00e4hty\u00e4 hetkeksi miettim\u00e4\u00e4n, mit\u00e4 matkalta oikeastaan odotat. Kun l\u00e4nsiosa houkuttelee historialla ja hieman rauhallisemmilla lahdilla, saaren it\u00e4 sykkii y\u00f6el\u00e4m\u00e4st\u00e4 ja ylpeilee tunnetuimmilla valkohiekkarannoilla.<\/p>\n\n\n\n<p class=\"wp-block-paragraph\"><strong>Suurin osa matkailijoista suosittelee valitsemaan yhden strategisen paikan<\/strong>, josta k\u00e4sin voit sitten tehd\u00e4 retki\u00e4, tai vaihtoehtoisesti jakamaan oleskelun kahteen puolikkaaseen. Ajaminen koko saaren halki nimitt\u00e4in veisi turhaan aikaa, jonka voisit muuten viett\u00e4\u00e4 lasi viini\u00e4 k\u00e4dess\u00e4 jossakin syrj\u00e4isess\u00e4 tavernassa.<\/p>\n\n\n\n<p class=\"wp-block-paragraph\">\ud83d\udca1 <strong>Vinkki:<\/strong> Ennen kuin p\u00e4\u00e4t\u00e4t tietyst\u00e4 hotellista, k\u00e4y l\u00e4pi <a href=\"https:\/\/www.stay22.com\/allez\/roam?aid=lukaskonecny&amp;campaign=loudavymkrokemcz&amp;campaign=dovolena-kypr&amp;address=Kypr\" target=\"_blank\" rel=\"nofollow noopener sponsored\">Kyproksen ajantasainen majoitustarjonta<\/a> ja suodata maksuttoman peruutuksen mukaan. Kyproksella hinnat eroavat p\u00e4\u00e4- ja sivusesongin v\u00e4lill\u00e4 jopa puolella.<\/p>\n\n\n\n<h3 id=\"Alueiden_yleiskatsaus\" class=\"wp-block-heading\"><span class=\"ez-toc-section\" id=\"Alueiden_yleiskatsaus\"><\/span>Alueiden yleiskatsaus<span class=\"ez-toc-section-end\"><\/span><\/h3>\n\n\n\n<ul class=\"wp-block-list\">\n<li><strong>Pafos<\/strong> on ihanteellinen valinta pareille ja n\u00e4ht\u00e4vyyksien yst\u00e4ville, sill\u00e4 t\u00e4\u00e4lt\u00e4 l\u00f6yd\u00e4t uskomattomat UNESCOn arkeologiset kohteet ja tunnelma on hieman rauhallisempi.<\/li>\n\n\n\n<li><strong>Coral Bay<\/strong> sijaitsee vain v\u00e4h\u00e4n matkan p\u00e4\u00e4ss\u00e4 Pafosista ja tarjoaa kauniin hiekkarannan, mik\u00e4 tekee siit\u00e4 valtavan houkutuksen etenkin pienten lasten perheille.<\/li>\n\n\n\n<li><strong>Limassol<\/strong> on etel\u00e4n suurin kaupunki upeine rantabulevardeineen ja runsaine ravintoloineen, joissa on eloa ymp\u00e4ri vuoden, mutta muista, ett\u00e4 kyseess\u00e4 on kalliimpi kohde.<\/li>\n\n\n\n<li><strong>Ayia Napa<\/strong> ylpeilee ehdottomasti parhailla rannoilla ja railakkaalla y\u00f6el\u00e4m\u00e4ll\u00e4, joten kes\u00e4sesongin aikaan t\u00e4\u00e4ll\u00e4 on melko meluisaa ja hyvin eloisaa.<\/li>\n\n\n\n<li><strong>Protaras<\/strong> sijaitsee v\u00e4h\u00e4n matkan p\u00e4\u00e4ss\u00e4 Ayia Napasta, mutta tarjoaa paljon enemm\u00e4n perheiden rauhaa, ja t\u00e4\u00e4lt\u00e4 l\u00f6yd\u00e4t kuuluisan Fig Tree Bayn ihanan mataline vesineen.<\/li>\n\n\n\n<li><strong>Larnaka<\/strong> on erinomainen tukikohta retkille, t\u00e4\u00e4ll\u00e4 on kansainv\u00e4linen lentokentt\u00e4 ja kuuluisa Suolaj\u00e4rvi, ja yleisesti se on edullisin vaihtoehto majoitukselle.<\/li>\n<\/ul>\n\n\n\n<h3 id=\"Konkreettiset_majoitusvinkit\" class=\"wp-block-heading\"><span class=\"ez-toc-section\" id=\"Konkreettiset_majoitusvinkit\"><\/span>Konkreettiset majoitusvinkit<span class=\"ez-toc-section-end\"><\/span><\/h3>\n\n\n\n<ul class=\"wp-block-list\">\n<li><strong><a href=\"https:\/\/www.stay22.com\/allez\/roam?aid=lukaskonecny&amp;campaign=loudavymkrokemcz&amp;campaign=dovolena-kypr&amp;hotelname=Almyra%20Hotel&amp;address=Paphos%2C%20Kypr\" target=\"_blank\" rel=\"noopener nofollow sponsored\">Almyra Hotel<\/a><\/strong> (Pafos): Kaunis designhotelli aivan meren rannalla, joka on eritt\u00e4in suosittu romantiikkaa ja huippupalveluja etsivien parien keskuudessa.<\/li>\n\n\n\n<li><strong><a href=\"https:\/\/www.stay22.com\/allez\/roam?aid=lukaskonecny&amp;campaign=loudavymkrokemcz&amp;campaign=dovolena-kypr&amp;hotelname=Elysium%20Hotel&amp;address=Paphos%2C%20Kypr\" target=\"_blank\" rel=\"noopener nofollow sponsored\">Elysium Hotel<\/a><\/strong> (Pafos): Ylellinen resort aivan Kuninkaiden hautojen vieress\u00e4, jossa tunnet olosi kuin oikeassa palatsissa.<\/li>\n\n\n\n<li><strong><a href=\"https:\/\/www.stay22.com\/allez\/roam?aid=lukaskonecny&amp;campaign=loudavymkrokemcz&amp;campaign=dovolena-kypr&amp;hotelname=Olympic%20Lagoon%20Resort%20Paphos&amp;address=Paphos%2C%20Kypr\" target=\"_blank\" rel=\"noopener nofollow sponsored\">Olympic Lagoon Resort Paphos<\/a><\/strong> (Pafos): Valtava kompleksi all inclusive -ohjelmalla, jota matkailijat pit\u00e4v\u00e4t aivan t\u00e4ydellisen\u00e4 lapsiperheille.<\/li>\n\n\n\n<li><strong><a href=\"https:\/\/www.stay22.com\/allez\/roam?aid=lukaskonecny&amp;campaign=loudavymkrokemcz&amp;campaign=dovolena-kypr&amp;hotelname=Nissiblu%20Beach%20Resort&amp;address=Ayia%20Napa%2C%20Kypr\" target=\"_blank\" rel=\"noopener nofollow sponsored\">Nissiblu Beach Resort<\/a><\/strong> (Ayia Napa): Moderni viiden t\u00e4hden helmi, joka seisoo aivan kuuluisan Nissi Beachin vieress\u00e4, joten vedelle on kirjaimellisesti muutama askel.<\/li>\n\n\n\n<li><strong><a href=\"https:\/\/www.stay22.com\/allez\/roam?aid=lukaskonecny&amp;campaign=loudavymkrokemcz&amp;campaign=dovolena-kypr&amp;hotelname=Adams%20Beach%20Hotel%20%26%20Spa&amp;address=Ayia%20Napa%2C%20Kypr\" target=\"_blank\" rel=\"noopener nofollow sponsored\">Adams Beach Hotel &amp; Spa<\/a><\/strong> (Ayia Napa): Hyvin laaja resort omalla yksityisell\u00e4 rannalla, jossa piiloudut mainiosti kes\u00e4n v\u00e4kijoukoilta.<\/li>\n\n\n\n<li><strong><a href=\"https:\/\/www.stay22.com\/allez\/roam?aid=lukaskonecny&amp;campaign=loudavymkrokemcz&amp;campaign=dovolena-kypr&amp;hotelname=Parklane%2C%20a%20Luxury%20Collection%20Resort%20%26%20Spa&amp;address=Limassol%2C%20Kypr\" target=\"_blank\" rel=\"noopener nofollow sponsored\">Parklane, a Luxury Collection Resort &amp; Spa<\/a><\/strong> (Limassol): Huippuluokan ja hyvin tyylik\u00e4s resort upeine laguuneineen, joka miellytt\u00e4\u00e4 vaativimpiakin vieraita.<\/li>\n<\/ul>\n\n\n\n<h2 id=\"Mita_syoda_Kyproksella_paratiisi_kasvissyojille\" class=\"wp-block-heading\"><span class=\"ez-toc-section\" id=\"Mita_syoda_Kyproksella_paratiisi_kasvissyojille\"><\/span>Mit\u00e4 sy\u00f6d\u00e4 Kyproksella: paratiisi kasvissy\u00f6jille<span class=\"ez-toc-section-end\"><\/span><\/h2>\n\n\n\n<p class=\"wp-block-paragraph\">Kyproslainen keitti\u00f6 yhdist\u00e4\u00e4 leikiten parhaat kreikkalaiset ja l\u00e4hi-it\u00e4iset vaikutteet, joten lautaselle saat aina runsaasti aurinkoa ja tuoreita yrttej\u00e4. <strong>Valtava etu on suuri panostus paikallisiin vihanneksiin ja juustoihin<\/strong>, mik\u00e4 tekee saaresta t\u00e4ysin fantastisen kohteen kaikille, jotka eiv\u00e4t sy\u00f6 lihaa. Saari on tietenkin kuuluisa my\u00f6s liharuoista, kuten hitaasti paahdetusta kleftiko-lampaanlihasta tai perinteisist\u00e4 sheftalia-makkaroista, joiden kerrotaan tuoksuvan joka nurkalla, mutta me keskitymme siihen, mik\u00e4 ilahduttaa kasvissy\u00f6ji\u00e4.<\/p>\n\n\n\n<figure data-wp-context=\"{&quot;imageId&quot;:&quot;6a9944e734be7&quot;}\" data-wp-interactive=\"core\/image\" data-wp-key=\"6a9944e734be7\" class=\"wp-block-image size-full wp-lightbox-container\"><img decoding=\"async\" width=\"1500\" height=\"1125\" data-wp-class--hide=\"state.isContentHidden\" data-wp-class--show=\"state.isContentVisible\" data-wp-init=\"callbacks.setButtonStyles\" data-wp-on--click=\"actions.showLightbox\" data-wp-on--load=\"callbacks.setButtonStyles\" data-wp-on--pointerdown=\"actions.preloadImage\" data-wp-on--pointerenter=\"actions.preloadImageWithDelay\" data-wp-on--pointerleave=\"actions.cancelPreload\" data-wp-on-window--resize=\"callbacks.setButtonStyles\" src=\"https:\/\/loudavymkrokem.cz\/wp-content\/uploads\/2026\/08\/dovolena-kypr-food.jpg\" alt=\"Halloumi, Kyprokselta kotoisin oleva juusto\" class=\"wp-image-399930\" title=\"\" srcset=\"https:\/\/loudavymkrokem.cz\/wp-content\/uploads\/2026\/08\/dovolena-kypr-food.jpg 1500w, https:\/\/loudavymkrokem.cz\/wp-content\/uploads\/2026\/08\/dovolena-kypr-food-300x225.jpg 300w, https:\/\/loudavymkrokem.cz\/wp-content\/uploads\/2026\/08\/dovolena-kypr-food-700x525.jpg 700w, https:\/\/loudavymkrokem.cz\/wp-content\/uploads\/2026\/08\/dovolena-kypr-food-768x576.jpg 768w, https:\/\/loudavymkrokem.cz\/wp-content\/uploads\/2026\/08\/dovolena-kypr-food-80x60.jpg 80w, https:\/\/loudavymkrokem.cz\/wp-content\/uploads\/2026\/08\/dovolena-kypr-food-160x120.jpg 160w, https:\/\/loudavymkrokem.cz\/wp-content\/uploads\/2026\/08\/dovolena-kypr-food-696x522.jpg 696w, https:\/\/loudavymkrokem.cz\/wp-content\/uploads\/2026\/08\/dovolena-kypr-food-1392x1044.jpg 1392w\" sizes=\"(max-width: 1500px) 100vw, 1500px\" \/><button\n\t\t\tclass=\"lightbox-trigger\"\n\t\t\ttype=\"button\"\n\t\t\taria-haspopup=\"dialog\"\n\t\t\tdata-wp-bind--aria-label=\"state.thisImage.triggerButtonAriaLabel\"\n\t\t\tdata-wp-init=\"callbacks.initTriggerButton\"\n\t\t\tdata-wp-on--click=\"actions.showLightbox\"\n\t\t\tdata-wp-style--right=\"state.thisImage.buttonRight\"\n\t\t\tdata-wp-style--top=\"state.thisImage.buttonTop\"\n\t\t>\n\t\t\t<svg xmlns=\"http:\/\/www.w3.org\/2000\/svg\" width=\"12\" height=\"12\" fill=\"none\" viewBox=\"0 0 12 12\">\n\t\t\t\t<path fill=\"#fff\" d=\"M2 0a2 2 0 0 0-2 2v2h1.5V2a.5.5 0 0 1 .5-.5h2V0H2Zm2 10.5H2a.5.5 0 0 1-.5-.5V8H0v2a2 2 0 0 0 2 2h2v-1.5ZM8 12v-1.5h2a.5.5 0 0 0 .5-.5V8H12v2a2 2 0 0 1-2 2H8Zm2-12a2 2 0 0 1 2 2v2h-1.5V2a.5.5 0 0 0-.5-.5H8V0h2Z\" \/>\n\t\t\t<\/svg>\n\t\t<\/button><figcaption class=\"wp-element-caption\">Halloumi, Kyprokselta kotoisin oleva juusto (Kuva: Hmioannou \/ Wikimedia Commons, CC BY 3.0)<\/figcaption><\/figure>\n\n\n\n<p class=\"wp-block-paragraph\">Paikallisissa tavernoissa vieraillessasi et varmasti tee virhett\u00e4, kun kokeilet erilaisia pieni\u00e4 alkupaloja ja jaat niit\u00e4 yst\u00e4vien kanssa p\u00f6yd\u00e4ss\u00e4. <strong>Vieraanvaraisuus otetaan t\u00e4\u00e4ll\u00e4 hyvin vakavasti<\/strong>, joten annokset ovat todella runsaita ja niiden kaveriksi saat usein viel\u00e4 jonkin pienen talon tarjoaman herkun.<\/p>\n\n\n\n<ul class=\"wp-block-list\">\n<li><strong>halloumi<\/strong>: T\u00e4m\u00e4 kuuluisa lampaan- ja vuohenmaidosta valmistettu juusto on kotoisin suoraan Kyprokselta, se grillautuu kauniisti, ei sula lainkaan ja maistuu aivan jumalaiselta.<\/li>\n\n\n\n<li><strong>meze<\/strong>: Perinteinen kestitys, joka koostuu kahdestakymmenest\u00e4 tai useammasta pienest\u00e4 lautasesta, ja monet tavernat tarjoavat my\u00f6s t\u00e4ydellisen kasvismezen t\u00e4ynn\u00e4 dippej\u00e4 ja juustoja.<\/li>\n\n\n\n<li><strong>kolokotes<\/strong>: Perinteiset ja puhtaasti kasvispohjaiset piirakat, jotka t\u00e4ytet\u00e4\u00e4n makealla kurpitsalla, rusinoilla ja vehn\u00e4ll\u00e4, mik\u00e4 luo hyvin kiinnostavan makuyhdistelm\u00e4n.<\/li>\n\n\n\n<li><strong>louvi<\/strong>: Terveellinen ja t\u00e4ytt\u00e4v\u00e4 ruoka mustasilm\u00e4pavuista, joita keitet\u00e4\u00e4n tuoreen lehtivihanneksen kanssa ja jotka pirskotetaan runsaasti sitruunalla ja oliivi\u00f6ljyll\u00e4.<\/li>\n\n\n\n<li><strong>gemista<\/strong>: Pehme\u00e4ksi paahdetut vihannekset, jotka on t\u00e4ytetty riisill\u00e4 ja yrteill\u00e4, useimmiten kyseess\u00e4 ovat suuret tomaatit, paprikat tai kes\u00e4kurpitsat.<\/li>\n\n\n\n<li><strong>kolokythokeftedes<\/strong>: Erinomaiset paistetut kes\u00e4kurpitsapihvit fetajuustolla ja tuoreella mintulla, jotka maistuvat mainiosti jogurttidipin kanssa.<\/li>\n\n\n\n<li><strong>anari johanneksenleip\u00e4siirapilla<\/strong>: Tuore, hienon makuinen herajuusto, joka valellaan johanneksenleip\u00e4puun siirapilla ja tarjoillaan tyypillisen\u00e4 keve\u00e4n\u00e4 j\u00e4lkiruokana.<\/li>\n\n\n\n<li><strong>Commandaria<\/strong>: Makea meripihkanv\u00e4rinen j\u00e4lkiruokaviini, jonka sanotaan mielell\u00e4\u00e4n olevan maailman vanhin yh\u00e4 valmistettava viini.<\/li>\n<\/ul>\n\n\n\n<p class=\"wp-block-paragraph\">\ud83d\udca1 VINKKI: Jos tilaat ravintolassa kasvismezen, se tuodaan aina koko p\u00f6yd\u00e4lle ja sit\u00e4 on aivan valtava m\u00e4\u00e4r\u00e4. \u00c4l\u00e4 miss\u00e4\u00e4n nimess\u00e4 tilaa sen kaveriksi viel\u00e4 p\u00e4\u00e4ruokaa, sill\u00e4 et takuulla saisi kaikkea sy\u00f6ty\u00e4. \ud83d\ude05<\/p>\n\n\n\n<h2 id=\"Liikkuminen_Kyproksella_auto_bussit_ja_ylitys_pohjoiseen\" class=\"wp-block-heading\"><span class=\"ez-toc-section\" id=\"Liikkuminen_Kyproksella_auto_bussit_ja_ylitys_pohjoiseen\"><\/span>Liikkuminen Kyproksella: auto, bussit ja ylitys pohjoiseen<span class=\"ez-toc-section-end\"><\/span><\/h2>\n\n\n\n<p class=\"wp-block-paragraph\">Saarella liikkumisella on omat erityispiirteens\u00e4, ja niihin on hyv\u00e4 valmistautua etuk\u00e4teen, jotta et yll\u00e4ttyisi paikan p\u00e4\u00e4ll\u00e4 turhaan. <strong>Suurin sudenkuoppa suomalaiselle on yleens\u00e4 ajaminen<\/strong>, sill\u00e4 Kypros on s\u00e4ilytt\u00e4nyt Britannian vallan ajoilta runsaasti tapoja, jotka heijastuvat jokap\u00e4iv\u00e4iseen el\u00e4m\u00e4\u00e4n. Heti saapumisen j\u00e4lkeen huomaat my\u00f6s, ett\u00e4 elektroniikkaan tarvitset adapterin, sill\u00e4 t\u00e4\u00e4ll\u00e4 toimivat klassiset brittil\u00e4iset kolmipiikkiset G-tyypin pistorasiat.<\/p>\n\n\n\n<h3 id=\"Ajetaan_vasemmalla\" class=\"wp-block-heading\"><span class=\"ez-toc-section\" id=\"Ajetaan_vasemmalla\"><\/span>Ajetaan vasemmalla<span class=\"ez-toc-section-end\"><\/span><\/h3>\n\n\n\n<p class=\"wp-block-paragraph\">Brittiperint\u00f6n\u00e4 koko saarella ajetaan tiukasti vasemmalla, mik\u00e4 on huomioitava heti auton noutamisen yhteydess\u00e4 vuokraamosta. Kaikissa autoissa ratti on oikealla puolella ja vaihdekeppi\u00e4 ohjaat vasemmalla k\u00e4dell\u00e4, joten matkailijat suosittelevat usein maksamaan lis\u00e4\u00e4 automaattivaihteistosta, mik\u00e4 s\u00e4\u00e4st\u00e4\u00e4 sinut paljolta stressilt\u00e4. <strong>Kiinnit\u00e4 erityist\u00e4 huomiota liikenneympyr\u00f6ihin<\/strong>, joissa ajetaan my\u00f6t\u00e4p\u00e4iv\u00e4\u00e4n, mink\u00e4 aivo aluksi hieman vaikeasti sis\u00e4ist\u00e4\u00e4.<\/p>\n\n\n\n<h3 id=\"Bussit_vastaan_vuokra_auto\" class=\"wp-block-heading\"><span class=\"ez-toc-section\" id=\"Bussit_vastaan_vuokra-auto\"><\/span>Bussit vastaan vuokra-auto<span class=\"ez-toc-section-end\"><\/span><\/h3>\n\n\n\n<p class=\"wp-block-paragraph\">Kaupunkien v\u00e4liset bussit toimivat saaren etel\u00e4ss\u00e4 melko luotettavasti ja verrattain edullisesti, ja niill\u00e4 yhdist\u00e4t kaikki suuret p\u00e4\u00e4kaupungit rannikkoa pitkin. Jos kuitenkin suunnittelet suuntaavasi viileille Troodos-vuorille, villille Akamasin niemimaalle tai parhaiden vaellusten l\u00e4ht\u00f6pisteille, <strong>p\u00e4\u00e4set sinne k\u00e4yt\u00e4nn\u00f6ss\u00e4 vain vuokra-autolla<\/strong>. Julkinen liikenne syrj\u00e4isempiin paikkoihin joko ei kulje lainkaan tai vain kerran p\u00e4iv\u00e4ss\u00e4, joten ilman omaa autoa j\u00e4\u00e4t paitsi kaikkein kauneimmista luonnonmaisemista.<\/p>\n\n\n\n<h3 id=\"Miten_ylittaa_vihrea_linja_pohjoiseen\" class=\"wp-block-heading\"><span class=\"ez-toc-section\" id=\"Miten_ylittaa_vihrea_linja_pohjoiseen\"><\/span>Miten ylitt\u00e4\u00e4 vihre\u00e4 linja pohjoiseen<span class=\"ez-toc-section-end\"><\/span><\/h3>\n\n\n\n<p class=\"wp-block-paragraph\">Saari on vuodesta 1974 jaettu YK:n puskurivy\u00f6hykkeell\u00e4 etel\u00e4iseen Kyproksen tasavaltaan ja Pohjois-Kyprokseen, ja Nikosia toimii Euroopan viimeisen\u00e4 jaettuna p\u00e4\u00e4kaupunkina. T\u00e4m\u00e4n vihre\u00e4n linjan voi ylitt\u00e4\u00e4 virallisilla rajanylityspaikoilla, mutta <strong>tarvitset aina mukanasi voimassa olevan passin<\/strong>, sill\u00e4 tavallinen henkil\u00f6kortti ei toisinaan riit\u00e4 virkailijoille ja he voisivat k\u00e4\u00e4nt\u00e4\u00e4 sinut takaisin. Pohjoisessa maksetaan lis\u00e4ksi Turkin liiralla, ja vaikka euroja monissa paikoissa otetaan vastaan, kurssi on yleens\u00e4 hyvin ep\u00e4edullinen.<\/p>\n\n\n\n<p class=\"wp-block-paragraph\">Turistien suurin moka syntyy vuokra-autojen kohdalla, sill\u00e4 etel\u00e4ss\u00e4 vuokratulla autolla saat menn\u00e4 pohjoiseen vain vuokraamosi nimenomaisella luvalla. Lis\u00e4ksi etel\u00e4n vakuutuksesi ei ole pohjoisessa miss\u00e4\u00e4n tapauksessa voimassa, ja <strong>sinun on ostettava suoraan rajanylityspaikalla tilap\u00e4inen turkkilainen vakuutus<\/strong>. Pohjoisessa vuokratulla autolla taas ei saa menn\u00e4 etel\u00e4\u00e4n en\u00e4\u00e4 lainkaan, siihen kannata todella tarkasti varautua.<\/p>\n\n\n\n<h2 id=\"Paljonko_Kyproksen_loma_maksaa\" class=\"wp-block-heading\"><span class=\"ez-toc-section\" id=\"Paljonko_Kyproksen_loma_maksaa\"><\/span>Paljonko Kyproksen loma maksaa<span class=\"ez-toc-section-end\"><\/span><\/h2>\n\n\n\n<p class=\"wp-block-paragraph\">Matkabudjetti riippuu p\u00e4\u00e4asiassa siit\u00e4, min\u00e4 kuukautena p\u00e4\u00e4t\u00e4t l\u00e4hte\u00e4, sill\u00e4 hein\u00e4- ja elokuussa majoituksen hinnat kohoavat jyrk\u00e4sti. <strong>Kypros on yleisesti kalliimpi kuin mannermaakreikka<\/strong> ja hinnaltaan selv\u00e4sti kalliimpi kuin suosittu Bulgaria, mutta p\u00e4\u00e4sesongin ulkopuolella hinnat osaavat pudota mukavasti. Kaikki palvelut maksetaan etel\u00e4ss\u00e4 euroina, ja turistialueilla p\u00e4rj\u00e4\u00e4t ongelmitta maksukortilla.<\/p>\n\n\n\n<p class=\"wp-block-paragraph\">Alla esit\u00e4n suuntaa-antavan kustannusarvion kahdelle hengelle viikon ajaksi, jotta saat paremman kuvan kokonaisbudjetista. Ota summat varauksella, sill\u00e4 paljon riippuu matkustustyylist\u00e4si.<\/p>\n\n\n\n<ul class=\"wp-block-list\">\n<li><strong>Lennot:<\/strong> Helsingist\u00e4 on suoria lentoja Larnakaan ja Pafosiin noin 3 tuntia 20 minuuttia, ja edestakainen lippu maksaa yleens\u00e4 100\u2013250 \u20ac henkil\u00f6\u00e4 kohti.<\/li>\n\n\n\n<li><strong>Majoitus:<\/strong> Kunnollisesta kahden hengen huoneesta maksat 60\u2013150 \u20ac y\u00f6lt\u00e4, ylelliset resortit maksavat helposti kolminkertaisesti.<\/li>\n\n\n\n<li><strong>Ruoka:<\/strong> Lounas tai illallinen keskitason tavernassa maksaa 15\u201325 \u20ac henkil\u00f6\u00e4 kohti, joten viikossa ruokaan kuluu noin 350\u2013500 \u20ac.<\/li>\n\n\n\n<li><strong>Vuokra-auto:<\/strong> Pieni auto vakuutuksineen maksaa noin 30\u201350 \u20ac p\u00e4iv\u00e4ss\u00e4, viikon vuokra bensoineen nielaisee noin 300 \u20ac.<\/li>\n\n\n\n<li><strong>P\u00e4\u00e4symaksut ja aktiviteetit:<\/strong> P\u00e4\u00e4symaksu arkeologisiin puistoihin on yleens\u00e4 hyvin edullinen, tavallisesti 4\u20135 \u20ac, joten viikoksi riitt\u00e4\u00e4 noin 40 \u20ac budjetti.<\/li>\n<\/ul>\n\n\n\n<p class=\"wp-block-paragraph\">\ud83d\udca1 VINKKI: Jos haluat s\u00e4\u00e4st\u00e4\u00e4 huomattavan osan budjetista heti alkuun, vilkaise yksityiskohtainen oppaamme <a href=\"https:\/\/loudavymkrokem.cz\/fi\/halpalennot-vinkit\/\">miten l\u00f6yt\u00e4\u00e4 halvat lennot<\/a>, josta l\u00f6yd\u00e4t runsaasti hy\u00f6dyllisi\u00e4 vinkkej\u00e4.<\/p>\n\n\n\n<h2 id=\"Mita_kannattaa_varoa_Kyproksella\" class=\"wp-block-heading\"><span class=\"ez-toc-section\" id=\"Mita_kannattaa_varoa_Kyproksella\"><\/span>Mit\u00e4 kannattaa varoa Kyproksella<span class=\"ez-toc-section-end\"><\/span><\/h2>\n\n\n\n<p class=\"wp-block-paragraph\">Jokaisella maalla on omat pienet sudenkuoppansa, ja niist\u00e4 on parempi tiet\u00e4\u00e4 etuk\u00e4teen kuin antaa niiden pilata ansaitut vapaap\u00e4iv\u00e4t. <strong>Suurimmat riskit eiv\u00e4t t\u00e4\u00e4ll\u00e4 johdu rikollisuudesta<\/strong>, sill\u00e4 saari kuuluu kaikkein turvallisimpiin paikkoihin, vaan pikemminkin paikallisista s\u00e4\u00e4nn\u00f6ist\u00e4 ja tinkim\u00e4tt\u00f6m\u00e4st\u00e4 ilmastosta. Viralliset kielet ovat kreikka ja turkki, mutta vahvan brittihistorian ansiosta t\u00e4\u00e4ll\u00e4 p\u00e4rj\u00e4\u00e4t englanniksi t\u00e4ysin arkisesti ja kaikkialla.<\/p>\n\n\n\n<ul class=\"wp-block-list\">\n<li><strong>Vasemmanpuoleinen liikenne:<\/strong> Aivo unohtaa toisinaan, ett\u00e4 ajat vasemmalla, joten kannattaa olla erityisen varovainen etenkin liikenneympyr\u00f6ihin ajaessa ja katua ylitt\u00e4ess\u00e4.<\/li>\n\n\n\n<li><strong>Vakuutus ja auto pohjoisessa:<\/strong> \u00c4l\u00e4 koskaan aja vuokra-autolla pohjoiseen ilman vuokraamon lupaa ja osta aina rajalla turkkilainen vakuutus, muuten maksat onnettomuudessa kaiken omasta pussistasi.<\/li>\n\n\n\n<li><strong>Passi vihre\u00e4n linjan ylitykseen:<\/strong> Saaren pohjoisosaan k\u00e4yntiin tarvitset passin, pelkk\u00e4 henkil\u00f6kortti ei usein riit\u00e4 ja tullivirkailijat k\u00e4\u00e4nt\u00e4v\u00e4t sinut tarkastuspisteell\u00e4 takaisin.<\/li>\n\n\n\n<li><strong>\u00c4\u00e4rimm\u00e4inen helle kes\u00e4ll\u00e4:<\/strong> Hein\u00e4- ja elokuussa vallitsevat todella paahtavat l\u00e4mp\u00f6tilat, esimerkiksi Larnakassa keskiarvo on yleens\u00e4 33,4 \u00b0C, mik\u00e4 voi olla herkemmille siet\u00e4m\u00e4t\u00f6nt\u00e4.<\/li>\n\n\n\n<li><strong>Voimakas aurinko n\u00e4ht\u00e4vyyksill\u00e4:<\/strong> Arkeologisilla kohteilla, kuten Pafosissa tai Kourionissa, ei ole juuri lainkaan varjoa, joten suuntaa sinne heti aikaisin aamulla suuren vesivaraston ja p\u00e4\u00e4hineen kanssa.<\/li>\n\n\n\n<li><strong>Meduusat ja merisiilit:<\/strong> Kallioisten niemekkeiden l\u00e4hell\u00e4 t\u00f6rm\u00e4\u00e4t toisinaan siileihin, joten vesikengist\u00e4 on varmasti hy\u00f6ty\u00e4, ja kes\u00e4ll\u00e4 rannikolla voi poikkeuksellisesti ilmaantua meduusoja.<\/li>\n\n\n\n<li><strong>Avakasin rotkon sulkemiset:<\/strong> Jos sataa, suosittu Avakasin rotko on usein tinkim\u00e4tt\u00f6m\u00e4sti suljettu kaikilta turisteilta putoavien kivien ja \u00e4kkitulvien riskin vuoksi.<\/li>\n<\/ul>\n\n\n\n<h2 id=\"Kypros_lasten_kanssa\" class=\"wp-block-heading\"><span class=\"ez-toc-section\" id=\"Kypros_lasten_kanssa\"><\/span>Kypros lasten kanssa<span class=\"ez-toc-section-end\"><\/span><\/h2>\n\n\n\n<p class=\"wp-block-paragraph\">Paikalliset ihmiset rakastavat lapsiperheit\u00e4 yli kaiken, eiv\u00e4tk\u00e4 ravintoloissa koskaan katso sinua kieroon, kun lapsellasi ei satu olemaan hyv\u00e4 p\u00e4iv\u00e4. <strong>Saari tarjoaa mainion infrastruktuurin pienille matkailijoille<\/strong>, turvallisista resorteista aina kiinnostaviin n\u00e4ht\u00e4vyyksiin, joissa koko perhe viihtyy. Koska kaikkialta saat perustavaraa lapsille ja vaippoja, sinun ei tarvitse raahata kotoa turhaan ylit\u00e4ysi\u00e4 matkalaukkuja.<\/p>\n\n\n\n<ul class=\"wp-block-list\">\n<li><strong>Fig Tree Bay ja Nissi Beach:<\/strong> N\u00e4ill\u00e4 kahdella maineikkaalla rannalla on ihanan matala vesi ja hieno hiekka, joten lapset voivat leikki\u00e4 t\u00e4\u00e4ll\u00e4 turvallisesti tuntikausia.<\/li>\n\n\n\n<li><strong>WaterWorld Ayia Napassa:<\/strong> Valtava antiikin Kreikan teemainen vesipuisto kuuluu kuulemma Euroopan parhaisiin ja viihdytt\u00e4\u00e4 ongelmitta niin vanhempia kuin nuorempiakin lapsia koko p\u00e4iv\u00e4n.<\/li>\n\n\n\n<li><strong>Merikilpikonnat Lara Bayssa:<\/strong> Kuoriutumissesongin aikaan voit puolivillill\u00e4 Lara Bayn rannalla varovasti tarkkailla suojeltuja kilpikonnien pesi\u00e4, mik\u00e4 on lapsille valtava el\u00e4mys.<\/li>\n\n\n\n<li><strong>Lyhyet v\u00e4limatkat ja englanti:<\/strong> Lapset eiv\u00e4t kyll\u00e4sty pitkiin autoajeluihin, ja mahdollisen l\u00e4\u00e4k\u00e4riongelman ratkaiset helposti sujuvalla englannilla.<\/li>\n\n\n\n<li><strong>Troodos-vuoret pakona helteelt\u00e4:<\/strong> Kun rannalla on liian kuuma, mets\u00e4isill\u00e4 vuorilla on aina pari astetta viile\u00e4mp\u00e4\u00e4 ja sielt\u00e4 l\u00f6yd\u00e4t runsaasti kevyit\u00e4 k\u00e4velyj\u00e4.<\/li>\n<\/ul>\n\n\n\n<h2 id=\"Minne_seuraavaksi_lisaa_vinkkeja_rantalomille\" class=\"wp-block-heading\"><span class=\"ez-toc-section\" id=\"Minne_seuraavaksi_lisaa_vinkkeja_rantalomille\"><\/span>Minne seuraavaksi: lis\u00e4\u00e4 vinkkej\u00e4 rantalomille<span class=\"ez-toc-section-end\"><\/span><\/h2>\n\n\n\n<p class=\"wp-block-paragraph\">Jos et viel\u00e4 t\u00e4ysin tied\u00e4, minne t\u00e4n\u00e4 vuonna l\u00e4htisit, ja punnitset useampia vaihtoehtoja, olemme koonneet sinulle runsaasti muita oppaita. <strong>V\u00e4limeri tarjoaa lukemattomia kauniita saaria<\/strong>, joten l\u00f6yd\u00e4t varmasti juuri sinulle sopivan palan rantaa oman makusi mukaan. Vilkaise suosikkiartikkeleitamme, jotka auttavat sinua suunnittelussa ja s\u00e4\u00e4st\u00e4v\u00e4t tunteja netiss\u00e4 etsimist\u00e4.<\/p>\n\n\n\n<ul class=\"wp-block-list\">\n<li><a href=\"https:\/\/loudavymkrokem.cz\/fi\/syysloma-matkakohteet\/\">Minne lomalle syyskuussa<\/a><\/li>\n\n\n\n<li><a href=\"https:\/\/loudavymkrokem.cz\/fi\/milloin-kreikkaan-saa-kuukausittain\/\">Milloin matkustaa Kreikkaan<\/a><\/li>\n\n\n\n<li><a href=\"https:\/\/loudavymkrokem.cz\/fi\/rodos-kreikka-nahtavyydet\/\">Rodoksen loma<\/a><\/li>\n\n\n\n<li><a href=\"https:\/\/loudavymkrokem.cz\/fi\/halpalennot-vinkit\/\">Miten l\u00f6yt\u00e4\u00e4 halvat lennot<\/a><\/li>\n\n\n\n<li><a href=\"https:\/\/loudavymkrokem.cz\/jak-vybrat-cestovni-pojisteni-na-dovolenou\/\">Matkavakuutus<\/a><\/li>\n<\/ul>\n\n\n\n<h2 id=\"Usein_kysytyt_kysymykset\" class=\"wp-block-heading\"><span class=\"ez-toc-section\" id=\"Usein_kysytyt_kysymykset\"><\/span>Usein kysytyt kysymykset<span class=\"ez-toc-section-end\"><\/span><\/h2>\n\n\n\n<p class=\"wp-block-paragraph\">Joskus matkaa suunnitellessa nousee esiin runsaasti pieni\u00e4 kysymyksi\u00e4, jotka tarvitset nopeasti ratkaistua. Kokosimme siksi yleisimm\u00e4t asiat, joita ihmiset ennen l\u00e4ht\u00f6\u00e4 kysyv\u00e4t, jotta sinulla olisivat kaikki t\u00e4rke\u00e4t tiedot k\u00e4tev\u00e4sti yhdess\u00e4 paikassa etk\u00e4 tuhlaisi aikaa foorumeilta etsimiseen.<\/p>\n\n\n<div id=\"rank-math-faq\" class=\"rank-math-block\">\n<div class=\"rank-math-list \">\n<div id=\"faq-question-1787756940000\" class=\"rank-math-list-item\">\n<h3 class=\"rank-math-question \"><span class=\"ez-toc-section\" id=\"Milloin_on_paras_aika_matkustaa_Kyprokselle\"><\/span>Milloin on paras aika matkustaa Kyprokselle?<span class=\"ez-toc-section-end\"><\/span><\/h3>\n<div class=\"rank-math-answer \">\n\n<p>Ihanteellinen aika vierailla saarella on huhti\u2013kes\u00e4kuussa ja sitten syyskuusta marraskuuhun, jolloin v\u00e4lt\u00e4t kaikkein ankarimmat kes\u00e4helleaallot. Pitk\u00e4n aikav\u00e4lin tilastojen mukaan elokuussa vallitsee todella uuvuttava helle, jolloin keskil\u00e4mp\u00f6tilat kipuavat 32,4 \u00b0C:een, mik\u00e4 vaikeuttaa n\u00e4ht\u00e4vyyksien tutustumista paljon. Sen sijaan syksyn kuukaudet saavat matkailijoilta pelkk\u00e4\u00e4 kiitosta, koska meri on l\u00e4mmennyt kauniisti koko kes\u00e4n ajan. Viel\u00e4 marraskuussakin veden l\u00e4mp\u00f6tila on miellytt\u00e4v\u00e4t 24,5 \u00b0C, joten p\u00e4\u00e4set l\u00e4mpim\u00e4\u00e4n veteen ja nautit uinnista ilman v\u00e4kijoukkoja.<\/p>\n\n<\/div>\n<\/div>\n<div id=\"faq-question-1787756940001\" class=\"rank-math-list-item\">\n<h3 class=\"rank-math-question \"><span class=\"ez-toc-section\" id=\"Kuinka_kauan_Kyproksella_tarvitsee_viettaa\"><\/span>Kuinka kauan Kyproksella tarvitsee viett\u00e4\u00e4?<span class=\"ez-toc-section-end\"><\/span><\/h3>\n<div class=\"rank-math-answer \">\n\n<p>Jos haluat vain rentoutua yhdell\u00e4 alueella ja tutkia sen l\u00e4hiymp\u00e4rist\u00f6\u00e4, viisi p\u00e4iv\u00e4\u00e4 riitt\u00e4\u00e4 hyvin. Perinteist\u00e4 lomaa varten, jolloin aiot ajaa koko saaren etel\u00e4osan Pafhoksesta Ayia Napaan, varaa mieluiten koko viikko, jotta sinun ei tarvitse turhaan kiirehti\u00e4. Matkailijat, jotka haluavat sis\u00e4llytt\u00e4\u00e4 ohjelmaan my\u00f6s Troodos-vuoriston vieh\u00e4tt\u00e4v\u00e4t vuoristokyl\u00e4t ja tehd\u00e4 retken saaren pohjoisosaan, valitsevat useimmiten kymmenen p\u00e4iv\u00e4n reitin. Kymmenen p\u00e4iv\u00e4n aikana ehdit nauttia paikallisesta tunnelmasta ja tutustut mielenkiintoisimpiin historiallisiin n\u00e4ht\u00e4vyyksiin t\u00e4ysin rauhassa.<\/p>\n\n<\/div>\n<\/div>\n<div id=\"faq-question-1787756940002\" class=\"rank-math-list-item\">\n<h3 class=\"rank-math-question \"><span class=\"ez-toc-section\" id=\"Voiko_Kyproksella_uida_lokakuussa_ja_marraskuussa\"><\/span>Voiko Kyproksella uida lokakuussa ja marraskuussa?<span class=\"ez-toc-section-end\"><\/span><\/h3>\n<div class=\"rank-math-answer \">\n\n<p>Kyll\u00e4, saari ylpeilee todenn\u00e4k\u00f6isesti kaikkein pisimm\u00e4ll\u00e4 uintikaudella koko Euroopassa ja syksyinen uiminen on t\u00e4\u00e4ll\u00e4 aivan fantastista. Lokakuussa meren l\u00e4mp\u00f6tila on upeat 26,7 \u00b0C, mik\u00e4 on monille ihmisille paljon miellytt\u00e4v\u00e4mp\u00e4\u00e4 kuin l\u00e4mmin vesi keskell\u00e4 kes\u00e4\u00e4. Marraskuussa veden l\u00e4mp\u00f6tila laskee hieman, mutta pysyy silti kauniissa 24,5 \u00b0C:ssa, joten karaistuneemmat luonteet heitt\u00e4ytyv\u00e4t aaltoihin suurella ilolla. Ilma ei tosin ole en\u00e4\u00e4 niin kuuma, mutta aurinko l\u00e4mmitt\u00e4\u00e4 edelleen kauniisti ja rannat loistavat miellytt\u00e4v\u00e4ll\u00e4 tyhjyydell\u00e4.<\/p>\n\n<\/div>\n<\/div>\n<div id=\"faq-question-1787756940003\" class=\"rank-math-list-item\">\n<h3 class=\"rank-math-question \"><span class=\"ez-toc-section\" id=\"Tarvitsenko_Kyproksella_autoa\"><\/span>Tarvitsenko Kyproksella autoa?<span class=\"ez-toc-section-end\"><\/span><\/h3>\n<div class=\"rank-math-answer \">\n\n<p>Se riippuu ennen kaikkea siit\u00e4, millaista lomaa aiot viett\u00e4\u00e4. Jos aiot pysytell\u00e4 vain rannikolla ja silloin t\u00e4ll\u00f6in liikkua suurten kaupunkien v\u00e4lill\u00e4, et v\u00e4ltt\u00e4m\u00e4tt\u00e4 tarvitse autoa, koska bussit toimivat aika hyvin. Jos kuitenkin haluat l\u00e4hte\u00e4 Troodos-vuoristoon, tutkia syrj\u00e4ist\u00e4 Akamas-niemimaan tai l\u00f6yt\u00e4\u00e4 piilotettuja rantoja, et todellisuudessa p\u00e4rj\u00e4\u00e4 ilman vuokra-autoa. Muista kuitenkin, ett\u00e4 t\u00e4\u00e4ll\u00e4 ajetaan ehdottomasti vasemmalla, mik\u00e4 voi olla joillekin kuljettajille aluksi hieman stressaavaa.<\/p>\n\n<\/div>\n<\/div>\n<div id=\"faq-question-1787756940004\" class=\"rank-math-list-item\">\n<h3 class=\"rank-math-question \"><span class=\"ez-toc-section\" id=\"Voinko_menna_Kyproksen_etelaosasta_pohjoisosaan\"><\/span>Voinko menn\u00e4 Kyproksen etel\u00e4osasta pohjoisosaan?<span class=\"ez-toc-section-end\"><\/span><\/h3>\n<div class=\"rank-math-answer \">\n\n<p>Vihre\u00e4n linjan ylitt\u00e4minen on mahdollista virallisten rajanylityspaikkojen kautta, mutta siihen tarvitset aina voimassa olevan passin, koska henkil\u00f6todistuksella saatat kohdata ongelmia. Etel\u00e4ss\u00e4 vuokratulla autolla saa ajaa pohjoiseen vain vuokraamosi nimenomaisella luvalla, ja sinun on ostettava rajalla v\u00e4liaikainen turkkilainen vakuutus. Toiseen suuntaan t\u00e4m\u00e4 ei kuitenkaan toimi lainkaan \u2013 pohjoisessa vuokratulla autolla ei miss\u00e4\u00e4n olosuhteissa saa ajaa etel\u00e4\u00e4n, ole t\u00e4st\u00e4 todella varovainen.<\/p>\n\n<\/div>\n<\/div>\n<div id=\"faq-question-1787756940005\" class=\"rank-math-list-item\">\n<h3 class=\"rank-math-question \"><span class=\"ez-toc-section\" id=\"Onko_Kypros_kallis\"><\/span>Onko Kypros kallis?<span class=\"ez-toc-section-end\"><\/span><\/h3>\n<div class=\"rank-math-answer \">\n\n<p>Yleisesti ottaen saari on hieman kalliimpi kuin manner-Kreikka ja huomattavasti kalliimpi kuin suosittu Bulgaria. Suurin budjettier\u00e4 on yleens\u00e4 majoitus p\u00e4\u00e4sesongin aikana, jolloin hotellihinnat nousevat huikeisiin korkeuksiin, ja my\u00f6s autonvuokraus nielee huomattavan summan. Jos kuitenkin matkustat kiireisimpien kuukausien ulkopuolella, majoitushinnat laskevat miellytt\u00e4v\u00e4sti ja loma voidaan hankkia hyvin kohtuullisilla rahoilla. Ruoka tavernoissa pit\u00e4\u00e4 hinnat enemm\u00e4n tai vain vakaina, ja annoksen laatu on ehdottomasti rahansa arvoinen.<\/p>\n\n<\/div>\n<\/div>\n<div id=\"faq-question-1787756940006\" class=\"rank-math-list-item\">\n<h3 class=\"rank-math-question \"><span class=\"ez-toc-section\" id=\"Millaista_ruokaa_Kyproksella_on_kasvisruokailijoille\"><\/span>Millaista ruokaa Kyproksella on kasvisruokailijoille?<span class=\"ez-toc-section-end\"><\/span><\/h3>\n<div class=\"rank-math-answer \">\n\n<p>Paikallinen keitti\u00f6 on lihattomille ruokailijoille aivan fantastinen, etk\u00e4 todellakaan tule n\u00e4kem\u00e4\u00e4n n\u00e4lk\u00e4\u00e4. Saari on kuuluisan halloumi-juuston kotipaikka, joka grillautuu loistavasti, ja jokainen kunnollinen taverna valmistaa mielell\u00e4\u00e4n runsaan kasvismezetarjoilun t\u00e4ynn\u00e4 dippej\u00e4 ja salaatteja. Sinun tulisi kuulemma maistaa my\u00f6s perinteisi\u00e4 kurpitsalla t\u00e4ytettyj\u00e4 kolokotes-piirakoita, t\u00e4ytt\u00e4v\u00e4 louvi-ruoka mustasil\u00adm\u00e4herneit\u00e4 tai suosittu gemista, eli riisin kera t\u00e4ytetty\u00e4 vihannesta. Lihattomien ruokien valikoima on niin laaja, ett\u00e4 et tied\u00e4 mit\u00e4 ruokalistalta valitsisit ensin.<\/p>\n\n<\/div>\n<\/div>\n<div id=\"faq-question-1787756940007\" class=\"rank-math-list-item\">\n<h3 class=\"rank-math-question \"><span class=\"ez-toc-section\" id=\"Onko_Kypros_turvallinen\"><\/span>Onko Kypros turvallinen?<span class=\"ez-toc-section-end\"><\/span><\/h3>\n<div class=\"rank-math-answer \">\n\n<p>Saari kuuluu vakaasti kaikkein turvallisimpien maiden joukkoon koko Euroopassa, etk\u00e4 tavallisen rikollisuuden suhteen todellakaan joudu pelk\u00e4\u00e4m\u00e4\u00e4n mit\u00e4\u00e4n. Suurimman riskin matkailijoille paradoksaalisesti muodostaa itse liikenne, koska vasemmanpuoleinen liikenne voi yll\u00e4tt\u00e4\u00e4 valmistautumattomat jalankulkijat ik\u00e4v\u00e4sti kadun ylitt\u00e4misess\u00e4. Toinen suuri pelote on petollinen kes\u00e4aurinko, jolla on uskomaton voima, joten ilman laadukasta aurinkovoidetta ja hattu et saisi menn\u00e4 ulos lainkaan. Jos pid\u00e4t huolen n\u00e4ist\u00e4 kahdesta asiasta, nautit t\u00e4ysin rennosti ja h\u00e4iri\u00f6tt\u00e4 lomastasi.<\/p>\n\n<\/div>\n<\/div>\n<\/div>\n<\/div>","protected":false},"excerpt":{"rendered":"<p>Suunnitteletko matkaa V\u00e4limerelle ja kiinnostaako, paljonko Kyproksen loma maksaa, mit\u00e4 kaikkea sinun t\u00e4ytyy n\u00e4hd\u00e4 ja mihin sudenkuoppiin kannattaa suunnitellessa varautua?<\/p>\n","protected":false},"author":3,"featured_media":399834,"comment_status":"open","ping_status":"open","sticky":false,"template":"","format":"standard","meta":{"_acf_changed":false,"footnotes":"","rank_math_title":"Kypros 2026: 24 vinkki\u00e4 n\u00e4ht\u00e4vyyksiin ja rannoille","rank_math_description":"Kypros tarjoaa Euroopan pisimm\u00e4n uintikauden, antiikin n\u00e4ht\u00e4vyydet ja upeat rannat. Lue 24 vinkki\u00e4, s\u00e4\u00e4taulukot ja majoitusideat \u2013 suunnittele lomasi nyt!","rank_math_focus_keyword":"kypros","rank_math_seo_score":""},"categories":[2129,2123],"tags":[],"class_list":["post-408585","post","type-post","status-publish","format-standard","has-post-thumbnail","category-eurooppa","category-matkailu"],"acf":[],"featured_image_src":"https:\/\/loudavymkrokem.cz\/wp-content\/uploads\/2026\/08\/dovolena-kypr-hero.jpg","author_info":{"display_name":"Lucie Kone\u010dn\u00e1","author_link":"https:\/\/loudavymkrokem.cz\/fi\/author\/lucie-konecna\/"},"_links":{"self":[{"href":"https:\/\/loudavymkrokem.cz\/fi\/wp-json\/wp\/v2\/posts\/408585","targetHints":{"allow":["GET"]}}],"collection":[{"href":"https:\/\/loudavymkrokem.cz\/fi\/wp-json\/wp\/v2\/posts"}],"about":[{"href":"https:\/\/loudavymkrokem.cz\/fi\/wp-json\/wp\/v2\/types\/post"}],"author":[{"embeddable":true,"href":"https:\/\/loudavymkrokem.cz\/fi\/wp-json\/wp\/v2\/users\/3"}],"replies":[{"embeddable":true,"href":"https:\/\/loudavymkrokem.cz\/fi\/wp-json\/wp\/v2\/comments?post=408585"}],"version-history":[{"count":0,"href":"https:\/\/loudavymkrokem.cz\/fi\/wp-json\/wp\/v2\/posts\/408585\/revisions"}],"wp:featuredmedia":[{"embeddable":true,"href":"https:\/\/loudavymkrokem.cz\/fi\/wp-json\/wp\/v2\/media\/399834"}],"wp:attachment":[{"href":"https:\/\/loudavymkrokem.cz\/fi\/wp-json\/wp\/v2\/media?parent=408585"}],"wp:term":[{"taxonomy":"category","embeddable":true,"href":"https:\/\/loudavymkrokem.cz\/fi\/wp-json\/wp\/v2\/categories?post=408585"},{"taxonomy":"post_tag","embeddable":true,"href":"https:\/\/loudavymkrokem.cz\/fi\/wp-json\/wp\/v2\/tags?post=408585"}],"curies":[{"name":"wp","href":"https:\/\/api.w.org\/{rel}","templated":true}]}}