{"id":408573,"date":"2026-08-26T17:30:05","date_gmt":"2026-08-26T15:30:05","guid":{"rendered":"https:\/\/loudavymkrokem.cz\/mita-nahda-pisekissa\/"},"modified":"2026-08-31T04:04:37","modified_gmt":"2026-08-31T02:04:37","slug":"mita-nahda-pisekissa","status":"publish","type":"post","link":"https:\/\/loudavymkrokem.cz\/fi\/mita-nahda-pisekissa\/","title":{"rendered":"Mit\u00e4 n\u00e4hd\u00e4 P\u00edsekiss\u00e4: 39 vinkki\u00e4 paikallisen kertomana"},"content":{"rendered":"\n<p class=\"wp-block-paragraph\"><strong>Synnyin P\u00edsekiss\u00e4.<\/strong> Sitten asuin pitk\u00e4t vuodet Prahassa, kiersin osan <strong><a href=\"https:\/\/loudavymkrokem.cz\/fi\/matkailu\/eurooppa\/\" data-type=\"link\" data-id=\"https:\/\/loudavymkrokem.cz\/cestovani\/evropa\/\" target=\"_blank\" rel=\"noreferrer noopener\">Eurooppaa<\/a><\/strong>, n\u00e4in monta kaunista kaupunkia, ja lopulta palasimme mieheni kanssa takaisin t\u00e4nne, Otava-joen varrelle. Nyky\u00e4\u00e4n asumme t\u00e4\u00e4ll\u00e4 poikamme Jon\u00e1\u0161ekin kanssa, ja v\u00e4it\u00e4n edelleen, ett\u00e4 P\u00edsek kuuluu Etel\u00e4-B\u00f6\u00f6min kauneimpiin kaupunkeihin. \ud83d\ude0a<\/p>\n\n\n\n<p class=\"wp-block-paragraph\"><strong>P\u00edsek on kaupunki, jossa synnyin ja jossa nyt taas asun perheeni kanssa.<\/strong> Tunnen t\u00e4\u00e4ll\u00e4 jokaisen kujan, tied\u00e4n mist\u00e4 saa parasta kahvia (ja mist\u00e4 ei kannata hakea), miss\u00e4 p\u00e4\u00e4see kes\u00e4ll\u00e4 joelle niin, ettei yksik\u00e4\u00e4n turisti n\u00e4e sinua, ja tied\u00e4n my\u00f6s, mik\u00e4 ei oikeastaan ole k\u00e4ynnin arvoista (kyll\u00e4, olen rehellinen). Se on sellainen pikkukaupunki, joka ei ehk\u00e4 ensi silm\u00e4yksell\u00e4 h\u00e4mm\u00e4styt\u00e4 sinua monumentaalisella arkkitehtuurilla kuten \u010cesk\u00fd Krumlov, mutta hitaasti se voittaa sinut puolelleen \u2013 tunnelmallaan, joen rauhalla, historialla joka kadunkulmalla ja sill\u00e4 erikoisella etel\u00e4b\u00f6\u00f6mil\u00e4isell\u00e4 rennolla tunnelmalla, jota ei oikein osaa kuvailla, mutta jonka tunnistaa heti.<\/p>\n\n\n\n<p class=\"wp-block-paragraph\">Jos etsit tietoa siit\u00e4, <strong>mit\u00e4 n\u00e4hd\u00e4 P\u00edsekiss\u00e4<\/strong>, ja odotat kuivaa luetteloa n\u00e4ht\u00e4vyyksist\u00e4, saatan hieman yll\u00e4tt\u00e4\u00e4 sinut. T\u00e4m\u00e4 artikkeli on enemm\u00e4nkin kuin k\u00e4velykierros kaupungissa yst\u00e4v\u00e4n kanssa, joka n\u00e4ytt\u00e4\u00e4 sinulle my\u00f6s paikkoja, joita et l\u00f6yd\u00e4 mist\u00e4\u00e4n opaskirjasta. Olen koonnut sinulle <strong>39 vinkki\u00e4 n\u00e4ht\u00e4vyyksist\u00e4, kiinnostavista paikoista ja kahviloista<\/strong>, ja koska minulla on kotona kaksivuotias poika, neuvon my\u00f6s, <strong>mit\u00e4 tehd\u00e4 P\u00edsekiss\u00e4 ja sen ymp\u00e4rist\u00f6ss\u00e4 lasten kanssa<\/strong>. Aloitetaan siis.<\/p>\n\n\n\n<figure data-wp-context=\"{&quot;imageId&quot;:&quot;6a9519ace0907&quot;}\" data-wp-interactive=\"core\/image\" data-wp-key=\"6a9519ace0907\" class=\"wp-block-image size-full wp-lightbox-container\"><img decoding=\"async\" width=\"2200\" height=\"1467\" data-wp-class--hide=\"state.isContentHidden\" data-wp-class--show=\"state.isContentVisible\" data-wp-init=\"callbacks.setButtonStyles\" data-wp-on--click=\"actions.showLightbox\" data-wp-on--load=\"callbacks.setButtonStyles\" data-wp-on--pointerdown=\"actions.preloadImage\" data-wp-on--pointerenter=\"actions.preloadImageWithDelay\" data-wp-on--pointerleave=\"actions.cancelPreload\" data-wp-on-window--resize=\"callbacks.setButtonStyles\" src=\"https:\/\/loudavymkrokem.cz\/wp-content\/uploads\/2026\/08\/pisek-kamenny-most-zapad-slunce.jpg\" alt=\"Kivisilta P\u00edsekiss\u00e4 auringonlaskun aikaan\" class=\"wp-image-399321\" title=\"\" srcset=\"https:\/\/loudavymkrokem.cz\/wp-content\/uploads\/2026\/08\/pisek-kamenny-most-zapad-slunce.jpg 2200w, https:\/\/loudavymkrokem.cz\/wp-content\/uploads\/2026\/08\/pisek-kamenny-most-zapad-slunce-300x200.jpg 300w, https:\/\/loudavymkrokem.cz\/wp-content\/uploads\/2026\/08\/pisek-kamenny-most-zapad-slunce-700x467.jpg 700w, https:\/\/loudavymkrokem.cz\/wp-content\/uploads\/2026\/08\/pisek-kamenny-most-zapad-slunce-768x512.jpg 768w, https:\/\/loudavymkrokem.cz\/wp-content\/uploads\/2026\/08\/pisek-kamenny-most-zapad-slunce-1536x1024.jpg 1536w, https:\/\/loudavymkrokem.cz\/wp-content\/uploads\/2026\/08\/pisek-kamenny-most-zapad-slunce-2048x1366.jpg 2048w, https:\/\/loudavymkrokem.cz\/wp-content\/uploads\/2026\/08\/pisek-kamenny-most-zapad-slunce-696x464.jpg 696w, https:\/\/loudavymkrokem.cz\/wp-content\/uploads\/2026\/08\/pisek-kamenny-most-zapad-slunce-1392x928.jpg 1392w, https:\/\/loudavymkrokem.cz\/wp-content\/uploads\/2026\/08\/pisek-kamenny-most-zapad-slunce-1920x1280.jpg 1920w\" sizes=\"(max-width: 2200px) 100vw, 2200px\" \/><button\n\t\t\tclass=\"lightbox-trigger\"\n\t\t\ttype=\"button\"\n\t\t\taria-haspopup=\"dialog\"\n\t\t\tdata-wp-bind--aria-label=\"state.thisImage.triggerButtonAriaLabel\"\n\t\t\tdata-wp-init=\"callbacks.initTriggerButton\"\n\t\t\tdata-wp-on--click=\"actions.showLightbox\"\n\t\t\tdata-wp-style--right=\"state.thisImage.buttonRight\"\n\t\t\tdata-wp-style--top=\"state.thisImage.buttonTop\"\n\t\t>\n\t\t\t<svg xmlns=\"http:\/\/www.w3.org\/2000\/svg\" width=\"12\" height=\"12\" fill=\"none\" viewBox=\"0 0 12 12\">\n\t\t\t\t<path fill=\"#fff\" d=\"M2 0a2 2 0 0 0-2 2v2h1.5V2a.5.5 0 0 1 .5-.5h2V0H2Zm2 10.5H2a.5.5 0 0 1-.5-.5V8H0v2a2 2 0 0 0 2 2h2v-1.5ZM8 12v-1.5h2a.5.5 0 0 0 .5-.5V8H12v2a2 2 0 0 1-2 2H8Zm2-12a2 2 0 0 1 2 2v2h-1.5V2a.5.5 0 0 0-.5-.5H8V0h2Z\" \/>\n\t\t\t<\/svg>\n\t\t<\/button><\/figure>\n\n\n\n<div id=\"ez-toc-container\" class=\"ez-toc-v2_0_86 ez-toc-wrap-left counter-hierarchy ez-toc-counter ez-toc-grey ez-toc-container-direction\">\n<div class=\"ez-toc-title-container\">\n<p class=\"ez-toc-title\" style=\"cursor:inherit\">Artikkelin sis\u00e4lt\u00f6<\/p>\n<span class=\"ez-toc-title-toggle\"><a href=\"#\" class=\"ez-toc-pull-right ez-toc-btn ez-toc-btn-xs ez-toc-btn-default ez-toc-toggle\" aria-label=\"Toggle Table of Content\"><span class=\"ez-toc-js-icon-con\"><span class=\"\"><span class=\"eztoc-hide\" style=\"display:none;\">Toggle<\/span><span class=\"ez-toc-icon-toggle-span\"><svg style=\"fill: #999;color:#999\" xmlns=\"http:\/\/www.w3.org\/2000\/svg\" class=\"list-377408\" width=\"20px\" height=\"20px\" viewBox=\"0 0 24 24\" fill=\"none\"><path d=\"M6 6H4v2h2V6zm14 0H8v2h12V6zM4 11h2v2H4v-2zm16 0H8v2h12v-2zM4 16h2v2H4v-2zm16 0H8v2h12v-2z\" fill=\"currentColor\"><\/path><\/svg><svg style=\"fill: #999;color:#999\" class=\"arrow-unsorted-368013\" xmlns=\"http:\/\/www.w3.org\/2000\/svg\" width=\"10px\" height=\"10px\" viewBox=\"0 0 24 24\" version=\"1.2\" baseProfile=\"tiny\"><path d=\"M18.2 9.3l-6.2-6.3-6.2 6.3c-.2.2-.3.4-.3.7s.1.5.3.7c.2.2.4.3.7.3h11c.3 0 .5-.1.7-.3.2-.2.3-.5.3-.7s-.1-.5-.3-.7zM5.8 14.7l6.2 6.3 6.2-6.3c.2-.2.3-.5.3-.7s-.1-.5-.3-.7c-.2-.2-.4-.3-.7-.3h-11c-.3 0-.5.1-.7.3-.2.2-.3.5-.3.7s.1.5.3.7z\"\/><\/svg><\/span><\/span><\/span><\/a><\/span><\/div>\n<nav><ul class='ez-toc-list ez-toc-list-level-1 ' ><li class='ez-toc-page-1 ez-toc-heading-level-2'><a class=\"ez-toc-link ez-toc-heading-1\" href=\"https:\/\/loudavymkrokem.cz\/fi\/mita-nahda-pisekissa\/#Yhteenveto_niille_joilla_ei_ole_aikaa_lukea_koko_artikkelia\" >Yhteenveto niille, joilla ei ole aikaa lukea koko artikkelia<\/a><\/li><li class='ez-toc-page-1 ez-toc-heading-level-2'><a class=\"ez-toc-link ez-toc-heading-2\" href=\"https:\/\/loudavymkrokem.cz\/fi\/mita-nahda-pisekissa\/#Mika_tekee_Pisekista_poikkeuksellisen_ja_miksi_se_kannattaa_nahda\" >Mik\u00e4 tekee P\u00edsekist\u00e4 poikkeuksellisen ja miksi se kannattaa n\u00e4hd\u00e4<\/a><\/li><li class='ez-toc-page-1 ez-toc-heading-level-2'><a class=\"ez-toc-link ez-toc-heading-3\" href=\"https:\/\/loudavymkrokem.cz\/fi\/mita-nahda-pisekissa\/#Milloin_lahtea_Pisekiin_ja_miten_paaset_sinne\" >Milloin l\u00e4hte\u00e4 P\u00edsekiin ja miten p\u00e4\u00e4set sinne<\/a><ul class='ez-toc-list-level-3' ><li class='ez-toc-heading-level-3'><a class=\"ez-toc-link ez-toc-heading-4\" href=\"https:\/\/loudavymkrokem.cz\/fi\/mita-nahda-pisekissa\/#Miten_paasee_Pisekiin\" >Miten p\u00e4\u00e4see P\u00edsekiin<\/a><\/li><\/ul><\/li><li class='ez-toc-page-1 ez-toc-heading-level-2'><a class=\"ez-toc-link ez-toc-heading-5\" href=\"https:\/\/loudavymkrokem.cz\/fi\/mita-nahda-pisekissa\/#Missa_yopya_Pisekissa_ja_paljonko_se_maksaa\" >Miss\u00e4 y\u00f6py\u00e4 P\u00edsekiss\u00e4 ja paljonko se maksaa<\/a><\/li><li class='ez-toc-page-1 ez-toc-heading-level-2'><a class=\"ez-toc-link ez-toc-heading-6\" href=\"https:\/\/loudavymkrokem.cz\/fi\/mita-nahda-pisekissa\/#Mita_nahda_Pisekissa_39_vinkkia_nahtavyyksista_ja_kiinnostavista_paikoista\" >Mit\u00e4 n\u00e4hd\u00e4 P\u00edsekiss\u00e4: 39 vinkki\u00e4 n\u00e4ht\u00e4vyyksist\u00e4 ja kiinnostavista paikoista<\/a><ul class='ez-toc-list-level-3' ><li class='ez-toc-heading-level-3'><a class=\"ez-toc-link ez-toc-heading-7\" href=\"https:\/\/loudavymkrokem.cz\/fi\/mita-nahda-pisekissa\/#1_Kivisilta_Peuransilta_%E2%80%93_Tsekin_vanhin_kivisilta\" >1. Kivisilta (Peuransilta) \u2013 T\u0161ekin vanhin kivisilta<\/a><\/li><li class='ez-toc-page-1 ez-toc-heading-level-3'><a class=\"ez-toc-link ez-toc-heading-8\" href=\"https:\/\/loudavymkrokem.cz\/fi\/mita-nahda-pisekissa\/#2_Putimin_portti_ja_Frana_Sramekin_kuja\" >2. Putimin portti ja Fr\u00e1\u0148a \u0160r\u00e1mekin kuja<\/a><\/li><li class='ez-toc-page-1 ez-toc-heading-level-3'><a class=\"ez-toc-link ez-toc-heading-9\" href=\"https:\/\/loudavymkrokem.cz\/fi\/mita-nahda-pisekissa\/#3_Linna_kaupunginmuuri_ja_Prachenske-museo\" >3. Linna, kaupunginmuuri ja Pr\u00e1che\u0148sk\u00e9-museo<\/a><\/li><li class='ez-toc-page-1 ez-toc-heading-level-3'><a class=\"ez-toc-link ez-toc-heading-10\" href=\"https:\/\/loudavymkrokem.cz\/fi\/mita-nahda-pisekissa\/#4_Krizikin_kaupungin_voimalaitos\" >4. K\u0159i\u017e\u00edkin kaupungin voimalaitos<\/a><\/li><li class='ez-toc-page-1 ez-toc-heading-level-3'><a class=\"ez-toc-link ez-toc-heading-11\" href=\"https:\/\/loudavymkrokem.cz\/fi\/mita-nahda-pisekissa\/#5_Valtion_siittola\" >5. Valtion siittola<\/a><\/li><li class='ez-toc-page-1 ez-toc-heading-level-3'><a class=\"ez-toc-link ez-toc-heading-12\" href=\"https:\/\/loudavymkrokem.cz\/fi\/mita-nahda-pisekissa\/#6_Neitsyt_Marian_syntyman_kirkko\" >6. Neitsyt Marian syntym\u00e4n kirkko<\/a><\/li><li class='ez-toc-page-1 ez-toc-heading-level-3'><a class=\"ez-toc-link ez-toc-heading-13\" href=\"https:\/\/loudavymkrokem.cz\/fi\/mita-nahda-pisekissa\/#7_Velke-_ja_Alsovo-aukiot_ja_Kompastuskivet\" >7. Velk\u00e9- ja Al\u0161ovo-aukiot ja Kompastuskivet<\/a><\/li><li class='ez-toc-page-1 ez-toc-heading-level-3'><a class=\"ez-toc-link ez-toc-heading-14\" href=\"https:\/\/loudavymkrokem.cz\/fi\/mita-nahda-pisekissa\/#8_Marian_ruttoveistosryhma_Alsovo-aukiolla\" >8. Marian ruttoveistosryhm\u00e4 Al\u0161ovo-aukiolla<\/a><\/li><li class='ez-toc-page-1 ez-toc-heading-level-3'><a class=\"ez-toc-link ez-toc-heading-15\" href=\"https:\/\/loudavymkrokem.cz\/fi\/mita-nahda-pisekissa\/#9_Kasarmit\" >9. Kasarmit<\/a><\/li><li class='ez-toc-page-1 ez-toc-heading-level-3'><a class=\"ez-toc-link ez-toc-heading-16\" href=\"https:\/\/loudavymkrokem.cz\/fi\/mita-nahda-pisekissa\/#10_Kaupungin_raatihuone\" >10. Kaupungin raatihuone<\/a><\/li><li class='ez-toc-page-1 ez-toc-heading-level-3'><a class=\"ez-toc-link ez-toc-heading-17\" href=\"https:\/\/loudavymkrokem.cz\/fi\/mita-nahda-pisekissa\/#11_Pyhan_ristin_ylentamisen_kirkko\" >11. Pyh\u00e4n ristin ylent\u00e4misen kirkko<\/a><\/li><li class='ez-toc-page-1 ez-toc-heading-level-3'><a class=\"ez-toc-link ez-toc-heading-18\" href=\"https:\/\/loudavymkrokem.cz\/fi\/mita-nahda-pisekissa\/#12_Lihakaupat\" >12. Lihakaupat<\/a><\/li><li class='ez-toc-page-1 ez-toc-heading-level-3'><a class=\"ez-toc-link ez-toc-heading-19\" href=\"https:\/\/loudavymkrokem.cz\/fi\/mita-nahda-pisekissa\/#13_Kaupunginkirjasto_ja_kahvila_Upekla\" >13. Kaupunginkirjasto ja kahvila Upekla<\/a><\/li><li class='ez-toc-page-1 ez-toc-heading-level-3'><a class=\"ez-toc-link ez-toc-heading-20\" href=\"https:\/\/loudavymkrokem.cz\/fi\/mita-nahda-pisekissa\/#14_Poliisiaseman_rakennus_entinen_kirjasto\" >14. Poliisiaseman rakennus (entinen kirjasto)<\/a><\/li><li class='ez-toc-page-1 ez-toc-heading-level-3'><a class=\"ez-toc-link ez-toc-heading-21\" href=\"https:\/\/loudavymkrokem.cz\/fi\/mita-nahda-pisekissa\/#15_Pyhan_Florianin_patsas\" >15. Pyh\u00e4n Florianin patsas<\/a><\/li><li class='ez-toc-page-1 ez-toc-heading-level-3'><a class=\"ez-toc-link ez-toc-heading-22\" href=\"https:\/\/loudavymkrokem.cz\/fi\/mita-nahda-pisekissa\/#16_Palackeho-puisto\" >16. Palack\u00e9ho-puisto<\/a><\/li><li class='ez-toc-page-1 ez-toc-heading-level-3'><a class=\"ez-toc-link ez-toc-heading-23\" href=\"https:\/\/loudavymkrokem.cz\/fi\/mita-nahda-pisekissa\/#17_Schrenkin_paviljonki\" >17. Schrenkin paviljonki<\/a><\/li><li class='ez-toc-page-1 ez-toc-heading-level-3'><a class=\"ez-toc-link ez-toc-heading-24\" href=\"https:\/\/loudavymkrokem.cz\/fi\/mita-nahda-pisekissa\/#18_Neptunuksen_suihkulahde\" >18. Neptunuksen suihkul\u00e4hde<\/a><\/li><li class='ez-toc-page-1 ez-toc-heading-level-3'><a class=\"ez-toc-link ez-toc-heading-25\" href=\"https:\/\/loudavymkrokem.cz\/fi\/mita-nahda-pisekissa\/#19_Adolf_Heydukin_ja_Frantisek_Palackyn_muistomerkki\" >19. Adolf Heydukin ja Franti\u0161ek Palack\u00fdn muistomerkki<\/a><\/li><li class='ez-toc-page-1 ez-toc-heading-level-3'><a class=\"ez-toc-link ez-toc-heading-26\" href=\"https:\/\/loudavymkrokem.cz\/fi\/mita-nahda-pisekissa\/#20_Adolf_Heydukin_talo\" >20. Adolf Heydukin talo<\/a><\/li><li class='ez-toc-page-1 ez-toc-heading-level-3'><a class=\"ez-toc-link ez-toc-heading-27\" href=\"https:\/\/loudavymkrokem.cz\/fi\/mita-nahda-pisekissa\/#21_Kronbergerin_huvimaja\" >21. Kronbergerin huvimaja<\/a><\/li><li class='ez-toc-page-1 ez-toc-heading-level-3'><a class=\"ez-toc-link ez-toc-heading-28\" href=\"https:\/\/loudavymkrokem.cz\/fi\/mita-nahda-pisekissa\/#22_Hotel_Otava\" >22. Hotel Otava<\/a><\/li><li class='ez-toc-page-1 ez-toc-heading-level-3'><a class=\"ez-toc-link ez-toc-heading-29\" href=\"https:\/\/loudavymkrokem.cz\/fi\/mita-nahda-pisekissa\/#23_Juutalainen_synagoga\" >23. Juutalainen synagoga<\/a><\/li><li class='ez-toc-page-1 ez-toc-heading-level-3'><a class=\"ez-toc-link ez-toc-heading-30\" href=\"https:\/\/loudavymkrokem.cz\/fi\/mita-nahda-pisekissa\/#24_Poliklinikan_rakennus\" >24. Poliklinikan rakennus<\/a><\/li><li class='ez-toc-page-1 ez-toc-heading-level-3'><a class=\"ez-toc-link ez-toc-heading-31\" href=\"https:\/\/loudavymkrokem.cz\/fi\/mita-nahda-pisekissa\/#25_Kuulien_talo_ja_porvaristalot\" >25. Kuulien talo ja porvaristalot<\/a><\/li><li class='ez-toc-page-1 ez-toc-heading-level-3'><a class=\"ez-toc-link ez-toc-heading-32\" href=\"https:\/\/loudavymkrokem.cz\/fi\/mita-nahda-pisekissa\/#26_Uusi_silta\" >26. Uusi silta<\/a><\/li><li class='ez-toc-page-1 ez-toc-heading-level-3'><a class=\"ez-toc-link ez-toc-heading-33\" href=\"https:\/\/loudavymkrokem.cz\/fi\/mita-nahda-pisekissa\/#27_Sokol-talo\" >27. Sokol-talo<\/a><\/li><li class='ez-toc-page-1 ez-toc-heading-level-3'><a class=\"ez-toc-link ez-toc-heading-34\" href=\"https:\/\/loudavymkrokem.cz\/fi\/mita-nahda-pisekissa\/#28_Vanha_posti\" >28. Vanha posti<\/a><\/li><li class='ez-toc-page-1 ez-toc-heading-level-3'><a class=\"ez-toc-link ez-toc-heading-35\" href=\"https:\/\/loudavymkrokem.cz\/fi\/mita-nahda-pisekissa\/#29_Raabin_huvila\" >29. Raabin huvila<\/a><\/li><li class='ez-toc-page-1 ez-toc-heading-level-3'><a class=\"ez-toc-link ez-toc-heading-36\" href=\"https:\/\/loudavymkrokem.cz\/fi\/mita-nahda-pisekissa\/#30_Melegnanon_ja_Solferinon_kaatuneiden_muistomerkki\" >30. Melegnanon ja Solferinon kaatuneiden muistomerkki<\/a><\/li><li class='ez-toc-page-1 ez-toc-heading-level-3'><a class=\"ez-toc-link ez-toc-heading-37\" href=\"https:\/\/loudavymkrokem.cz\/fi\/mita-nahda-pisekissa\/#31_Marian_kappeli\" >31. Marian kappeli<\/a><\/li><li class='ez-toc-page-1 ez-toc-heading-level-3'><a class=\"ez-toc-link ez-toc-heading-38\" href=\"https:\/\/loudavymkrokem.cz\/fi\/mita-nahda-pisekissa\/#32_Pyhan_Kolminaisuuden_kirkko\" >32. Pyh\u00e4n Kolminaisuuden kirkko<\/a><\/li><li class='ez-toc-page-1 ez-toc-heading-level-3'><a class=\"ez-toc-link ez-toc-heading-39\" href=\"https:\/\/loudavymkrokem.cz\/fi\/mita-nahda-pisekissa\/#33_Pyhan_Vaclavin_kirkko\" >33. Pyh\u00e4n Vaclavin kirkko<\/a><\/li><li class='ez-toc-page-1 ez-toc-heading-level-3'><a class=\"ez-toc-link ez-toc-heading-40\" href=\"https:\/\/loudavymkrokem.cz\/fi\/mita-nahda-pisekissa\/#34_Muinaislinnavuori\" >34. Muinaislinnavuori<\/a><\/li><li class='ez-toc-page-1 ez-toc-heading-level-3'><a class=\"ez-toc-link ez-toc-heading-41\" href=\"https:\/\/loudavymkrokem.cz\/fi\/mita-nahda-pisekissa\/#35_Kipukivien_polku\" >35. Kipukivien polku<\/a><\/li><li class='ez-toc-page-1 ez-toc-heading-level-3'><a class=\"ez-toc-link ez-toc-heading-42\" href=\"https:\/\/loudavymkrokem.cz\/fi\/mita-nahda-pisekissa\/#36_Marta-huvila_ja_Dagmar_Simkova_-silta\" >36. Marta-huvila ja Dagmar \u0160imkov\u00e1 -silta<\/a><\/li><li class='ez-toc-page-1 ez-toc-heading-level-3'><a class=\"ez-toc-link ez-toc-heading-43\" href=\"https:\/\/loudavymkrokem.cz\/fi\/mita-nahda-pisekissa\/#37_Frana_Sramekin_teatteri\" >37. Fr\u00e1\u0148a \u0160r\u00e1mekin teatteri<\/a><\/li><li class='ez-toc-page-1 ez-toc-heading-level-3'><a class=\"ez-toc-link ez-toc-heading-44\" href=\"https:\/\/loudavymkrokem.cz\/fi\/mita-nahda-pisekissa\/#38_Dekaanintalo\" >38. Dekaanintalo<\/a><\/li><li class='ez-toc-page-1 ez-toc-heading-level-3'><a class=\"ez-toc-link ez-toc-heading-45\" href=\"https:\/\/loudavymkrokem.cz\/fi\/mita-nahda-pisekissa\/#39_Muurinvalit_Putimin_portin_luona\" >39. Muurinv\u00e4lit Putimin portin luona<\/a><\/li><\/ul><\/li><li class='ez-toc-page-1 ez-toc-heading-level-2'><a class=\"ez-toc-link ez-toc-heading-46\" href=\"https:\/\/loudavymkrokem.cz\/fi\/mita-nahda-pisekissa\/#Mita_tehda_Pisekissa_lasten_kanssa_vinkkeja_perheille_kaupungissa_ja_ymparistossa\" >Mit\u00e4 tehd\u00e4 P\u00edsekiss\u00e4 lasten kanssa: vinkkej\u00e4 perheille kaupungissa ja ymp\u00e4rist\u00f6ss\u00e4<\/a><ul class='ez-toc-list-level-3' ><li class='ez-toc-heading-level-3'><a class=\"ez-toc-link ez-toc-heading-47\" href=\"https:\/\/loudavymkrokem.cz\/fi\/mita-nahda-pisekissa\/#Sladovna_Pisek_Jattimainen_leikkigalleria\" >Sladovna P\u00edsek: J\u00e4ttim\u00e4inen leikkigalleria<\/a><\/li><li class='ez-toc-page-1 ez-toc-heading-level-3'><a class=\"ez-toc-link ez-toc-heading-48\" href=\"https:\/\/loudavymkrokem.cz\/fi\/mita-nahda-pisekissa\/#Hiekkaveistokset_jokirannassa_entinen_Cipiskoviste\" >Hiekkaveistokset jokirannassa (entinen Cip\u00edskovi\u0161t\u011b)<\/a><\/li><li class='ez-toc-page-1 ez-toc-heading-level-3'><a class=\"ez-toc-link ez-toc-heading-49\" href=\"https:\/\/loudavymkrokem.cz\/fi\/mita-nahda-pisekissa\/#Travel_Cafe_kahvila_hiekkalaatikolla\" >Travel Cafe: kahvila hiekkalaatikolla<\/a><\/li><li class='ez-toc-page-1 ez-toc-heading-level-3'><a class=\"ez-toc-link ez-toc-heading-50\" href=\"https:\/\/loudavymkrokem.cz\/fi\/mita-nahda-pisekissa\/#Leikkihuoneet_Pisekissa_Myska-leikkihuone_ja_kumppanit\" >Leikkihuoneet P\u00edsekiss\u00e4: My\u0161ka-leikkihuone ja kumppanit<\/a><\/li><li class='ez-toc-page-1 ez-toc-heading-level-3'><a class=\"ez-toc-link ez-toc-heading-51\" href=\"https:\/\/loudavymkrokem.cz\/fi\/mita-nahda-pisekissa\/#U_Vodaka_-tarha\" >U Vod\u00e1ka -tarha<\/a><\/li><li class='ez-toc-page-1 ez-toc-heading-level-3'><a class=\"ez-toc-link ez-toc-heading-52\" href=\"https:\/\/loudavymkrokem.cz\/fi\/mita-nahda-pisekissa\/#Zivec-maja_ja_3D-sokkelo\" >\u017divec-maja ja 3D-sokkelo<\/a><\/li><li class='ez-toc-page-1 ez-toc-heading-level-3'><a class=\"ez-toc-link ez-toc-heading-53\" href=\"https:\/\/loudavymkrokem.cz\/fi\/mita-nahda-pisekissa\/#Kaupungin_saari\" >Kaupungin saari<\/a><\/li><li class='ez-toc-page-1 ez-toc-heading-level-3'><a class=\"ez-toc-link ez-toc-heading-54\" href=\"https:\/\/loudavymkrokem.cz\/fi\/mita-nahda-pisekissa\/#Hernajs\" >Hernajs<\/a><\/li><li class='ez-toc-page-1 ez-toc-heading-level-3'><a class=\"ez-toc-link ez-toc-heading-55\" href=\"https:\/\/loudavymkrokem.cz\/fi\/mita-nahda-pisekissa\/#Mini_Academy\" >Mini Academy<\/a><\/li><li class='ez-toc-page-1 ez-toc-heading-level-3'><a class=\"ez-toc-link ez-toc-heading-56\" href=\"https:\/\/loudavymkrokem.cz\/fi\/mita-nahda-pisekissa\/#Liikennepuisto_Vaclavin_luona\" >Liikennepuisto Vaclavin luona<\/a><\/li><li class='ez-toc-page-1 ez-toc-heading-level-3'><a class=\"ez-toc-link ez-toc-heading-57\" href=\"https:\/\/loudavymkrokem.cz\/fi\/mita-nahda-pisekissa\/#Nase_zviratka_Putim_ilmainen_minielaintarha\" >Na\u0161e zv\u00ed\u0159\u00e1tka Putim: ilmainen miniel\u00e4intarha<\/a><\/li><li class='ez-toc-page-1 ez-toc-heading-level-3'><a class=\"ez-toc-link ez-toc-heading-58\" href=\"https:\/\/loudavymkrokem.cz\/fi\/mita-nahda-pisekissa\/#Uimala_Vaclavin_luona_uintia_nakymalla_Otavaan\" >Uimala Vaclavin luona: uintia n\u00e4kym\u00e4ll\u00e4 Otavaan<\/a><\/li><li class='ez-toc-page-1 ez-toc-heading-level-3'><a class=\"ez-toc-link ez-toc-heading-59\" href=\"https:\/\/loudavymkrokem.cz\/fi\/mita-nahda-pisekissa\/#Veneella_Otavalla_melontaa_myos_perheille\" >Veneell\u00e4 Otavalla: melontaa my\u00f6s perheille<\/a><\/li><li class='ez-toc-page-1 ez-toc-heading-level-3'><a class=\"ez-toc-link ez-toc-heading-60\" href=\"https:\/\/loudavymkrokem.cz\/fi\/mita-nahda-pisekissa\/#Zemeraj_Kovarovin_luona_paiva_varhaiskeskiajalla\" >Zem\u011br\u00e1j Kov\u00e1\u0159ovin luona: p\u00e4iv\u00e4 varhaiskeskiajalla<\/a><\/li><li class='ez-toc-page-1 ez-toc-heading-level-3'><a class=\"ez-toc-link ez-toc-heading-61\" href=\"https:\/\/loudavymkrokem.cz\/fi\/mita-nahda-pisekissa\/#Elinka-junalla_Duha-sillan_yli\" >Elinka-junalla Duha-sillan yli<\/a><\/li><\/ul><\/li><li class='ez-toc-page-1 ez-toc-heading-level-2'><a class=\"ez-toc-link ez-toc-heading-62\" href=\"https:\/\/loudavymkrokem.cz\/fi\/mita-nahda-pisekissa\/#Mita_tehda_Pisekissa_sateella\" >Mit\u00e4 tehd\u00e4 P\u00edsekiss\u00e4 sateella<\/a><\/li><li class='ez-toc-page-1 ez-toc-heading-level-2'><a class=\"ez-toc-link ez-toc-heading-63\" href=\"https:\/\/loudavymkrokem.cz\/fi\/mita-nahda-pisekissa\/#Missa_pysakoida_Pisekissa\" >Miss\u00e4 pys\u00e4k\u00f6id\u00e4 P\u00edsekiss\u00e4<\/a><\/li><li class='ez-toc-page-1 ez-toc-heading-level-2'><a class=\"ez-toc-link ez-toc-heading-64\" href=\"https:\/\/loudavymkrokem.cz\/fi\/mita-nahda-pisekissa\/#Missa_syoda_ja_juoda_hyvin_Pisekissa\" >Miss\u00e4 sy\u00f6d\u00e4 ja juoda hyvin P\u00edsekiss\u00e4<\/a><\/li><li class='ez-toc-page-1 ez-toc-heading-level-2'><a class=\"ez-toc-link ez-toc-heading-65\" href=\"https:\/\/loudavymkrokem.cz\/fi\/mita-nahda-pisekissa\/#Retkivinkkeja_Pisekin_ymparistoon_13_kohdetta_paivaretkelle\" >Retkivinkkej\u00e4 P\u00edsekin ymp\u00e4rist\u00f6\u00f6n: 13 kohdetta p\u00e4iv\u00e4retkelle<\/a><ul class='ez-toc-list-level-3' ><li class='ez-toc-heading-level-3'><a class=\"ez-toc-link ez-toc-heading-66\" href=\"https:\/\/loudavymkrokem.cz\/fi\/mita-nahda-pisekissa\/#Zvikovin_linna_ja_Orlikin_linna\" >Zv\u00edkovin linna ja Orl\u00edkin linna<\/a><\/li><li class='ez-toc-page-1 ez-toc-heading-level-3'><a class=\"ez-toc-link ez-toc-heading-67\" href=\"https:\/\/loudavymkrokem.cz\/fi\/mita-nahda-pisekissa\/#Krokotiilielaintarha_Protivin\" >Krokotiiliel\u00e4intarha Protiv\u00edn<\/a><\/li><li class='ez-toc-page-1 ez-toc-heading-level-3'><a class=\"ez-toc-link ez-toc-heading-68\" href=\"https:\/\/loudavymkrokem.cz\/fi\/mita-nahda-pisekissa\/#Sudomerin_taistelun_muistomerkki\" >Sudom\u011b\u0159in taistelun muistomerkki<\/a><\/li><li class='ez-toc-page-1 ez-toc-heading-level-3'><a class=\"ez-toc-link ez-toc-heading-69\" href=\"https:\/\/loudavymkrokem.cz\/fi\/mita-nahda-pisekissa\/#Satupaja_Selibov\" >Satupaja Selibov<\/a><\/li><li class='ez-toc-page-1 ez-toc-heading-level-3'><a class=\"ez-toc-link ez-toc-heading-70\" href=\"https:\/\/loudavymkrokem.cz\/fi\/mita-nahda-pisekissa\/#Farmapark_Maletice\" >Farmapark Maletice<\/a><\/li><li class='ez-toc-page-1 ez-toc-heading-level-3'><a class=\"ez-toc-link ez-toc-heading-71\" href=\"https:\/\/loudavymkrokem.cz\/fi\/mita-nahda-pisekissa\/#Fiziland_ja_Ajan_valtakunta_Protivinissa\" >Fiziland ja Ajan valtakunta Protiv\u00ednissa<\/a><\/li><li class='ez-toc-page-1 ez-toc-heading-level-3'><a class=\"ez-toc-link ez-toc-heading-72\" href=\"https:\/\/loudavymkrokem.cz\/fi\/mita-nahda-pisekissa\/#Bagrarium_Strakonicessa\" >Bagr\u00e1rium Strakonicessa<\/a><\/li><li class='ez-toc-page-1 ez-toc-heading-level-3'><a class=\"ez-toc-link ez-toc-heading-73\" href=\"https:\/\/loudavymkrokem.cz\/fi\/mita-nahda-pisekissa\/#Tabor\" >T\u00e1bor<\/a><\/li><li class='ez-toc-page-1 ez-toc-heading-level-3'><a class=\"ez-toc-link ez-toc-heading-74\" href=\"https:\/\/loudavymkrokem.cz\/fi\/mita-nahda-pisekissa\/#Ceske_Budejovice\" >\u010cesk\u00e9 Bud\u011bjovice<\/a><\/li><li class='ez-toc-page-1 ez-toc-heading-level-3'><a class=\"ez-toc-link ez-toc-heading-75\" href=\"https:\/\/loudavymkrokem.cz\/fi\/mita-nahda-pisekissa\/#Hluboka_nad_Vltavou\" >Hlubok\u00e1 nad Vltavou<\/a><\/li><li class='ez-toc-page-1 ez-toc-heading-level-3'><a class=\"ez-toc-link ez-toc-heading-76\" href=\"https:\/\/loudavymkrokem.cz\/fi\/mita-nahda-pisekissa\/#Cesky_Krumlov\" >\u010cesk\u00fd Krumlov<\/a><\/li><li class='ez-toc-page-1 ez-toc-heading-level-3'><a class=\"ez-toc-link ez-toc-heading-77\" href=\"https:\/\/loudavymkrokem.cz\/fi\/mita-nahda-pisekissa\/#Sumava\" >\u0160umava<\/a><\/li><li class='ez-toc-page-1 ez-toc-heading-level-3'><a class=\"ez-toc-link ez-toc-heading-78\" href=\"https:\/\/loudavymkrokem.cz\/fi\/mita-nahda-pisekissa\/#Praha\" >Praha<\/a><\/li><\/ul><\/li><li class='ez-toc-page-1 ez-toc-heading-level-2'><a class=\"ez-toc-link ez-toc-heading-79\" href=\"https:\/\/loudavymkrokem.cz\/fi\/mita-nahda-pisekissa\/#Mita_nahda_Pisekissa_Loppusanat\" >Mit\u00e4 n\u00e4hd\u00e4 P\u00edsekiss\u00e4: Loppusanat<\/a><\/li><li class='ez-toc-page-1 ez-toc-heading-level-2'><a class=\"ez-toc-link ez-toc-heading-80\" href=\"https:\/\/loudavymkrokem.cz\/fi\/mita-nahda-pisekissa\/#Minne_seuraavaksi\" >Minne seuraavaksi<\/a><\/li><li class='ez-toc-page-1 ez-toc-heading-level-2'><a class=\"ez-toc-link ez-toc-heading-81\" href=\"https:\/\/loudavymkrokem.cz\/fi\/mita-nahda-pisekissa\/#Usein_kysytyt_kysymykset\" >Usein kysytyt kysymykset<\/a><ul class='ez-toc-list-level-3' ><li class='ez-toc-heading-level-3'><a class=\"ez-toc-link ez-toc-heading-82\" href=\"https:\/\/loudavymkrokem.cz\/fi\/mita-nahda-pisekissa\/#Onko_Pisekin_Kivisilta_todella_vanhempi_kuin_Kaarlen_silta\" >Onko P\u00edsek\u00edn Kivisilta todella vanhempi kuin Kaarlen silta?<\/a><\/li><li class='ez-toc-page-1 ez-toc-heading-level-3'><a class=\"ez-toc-link ez-toc-heading-83\" href=\"https:\/\/loudavymkrokem.cz\/fi\/mita-nahda-pisekissa\/#Kiinnostaako_Sladovna_myos_vanhempia_lapsia\" >Kiinnostaako Sladovna my\u00f6s vanhempia lapsia?<\/a><\/li><li class='ez-toc-page-1 ez-toc-heading-level-3'><a class=\"ez-toc-link ez-toc-heading-84\" href=\"https:\/\/loudavymkrokem.cz\/fi\/mita-nahda-pisekissa\/#Missa_tarkalleen_hiekkaveistokset_sijaitsevat\" >Miss\u00e4 tarkalleen hiekkaveistokset sijaitsevat?<\/a><\/li><li class='ez-toc-page-1 ez-toc-heading-level-3'><a class=\"ez-toc-link ez-toc-heading-85\" href=\"https:\/\/loudavymkrokem.cz\/fi\/mita-nahda-pisekissa\/#Miten_paasen_Jarnik-nakotornille\" >Miten p\u00e4\u00e4sen Jarn\u00edk-n\u00e4k\u00f6tornille?<\/a><\/li><li class='ez-toc-page-1 ez-toc-heading-level-3'><a class=\"ez-toc-link ez-toc-heading-86\" href=\"https:\/\/loudavymkrokem.cz\/fi\/mita-nahda-pisekissa\/#Mika_on_paras_aika_vierailla_Zemsky_hrebcincissa\" >Mik\u00e4 on paras aika vierailla Zemsk\u00fd h\u0159eb\u010d\u00edncissa?<\/a><\/li><li class='ez-toc-page-1 ez-toc-heading-level-3'><a class=\"ez-toc-link ez-toc-heading-87\" href=\"https:\/\/loudavymkrokem.cz\/fi\/mita-nahda-pisekissa\/#Paljonko_Prachenske-museon_paasylippu_maksaa\" >Paljonko Pr\u00e1che\u0148sk\u00e9-museon p\u00e4\u00e4sylippu maksaa?<\/a><\/li><li class='ez-toc-page-1 ez-toc-heading-level-3'><a class=\"ez-toc-link ez-toc-heading-88\" href=\"https:\/\/loudavymkrokem.cz\/fi\/mita-nahda-pisekissa\/#Miten_paasen_parhaiten_Pisekiin_Helsingista\" >Miten p\u00e4\u00e4sen parhaiten P\u00edsekiin Helsingist\u00e4?<\/a><\/li><li class='ez-toc-page-1 ez-toc-heading-level-3'><a class=\"ez-toc-link ez-toc-heading-89\" href=\"https:\/\/loudavymkrokem.cz\/fi\/mita-nahda-pisekissa\/#Minne_Pisekissa_lasten_kanssa\" >Minne P\u00edsekiss\u00e4 lasten kanssa?<\/a><\/li><\/ul><\/li><\/ul><\/nav><\/div>\n<h2 class=\"wp-block-heading\"><span class=\"ez-toc-section\" id=\"Yhteenveto_niille_joilla_ei_ole_aikaa_lukea_koko_artikkelia\"><\/span>Yhteenveto niille, joilla ei ole aikaa lukea koko artikkelia<span class=\"ez-toc-section-end\"><\/span><\/h2>\n\n\n\n<ul class=\"wp-block-list\">\n<li><strong>Kivisilta<\/strong> \u2013 T\u0161ekin vanhin kivisilta, kaupungin ikoninen maamerkki, sis\u00e4\u00e4np\u00e4\u00e4sy ilmainen, kauneimmillaan aamunkoitteessa sumussa.<\/li>\n\n\n\n<li><strong>Sladovna P\u00edsek<\/strong> \u2013 interaktiivinen keskus lapsille (ja rehellisesti sanottuna my\u00f6s aikuisille), ihanteellinen vinkki minne P\u00edsekiss\u00e4 lasten kanssa, kun sataa.<\/li>\n\n\n\n<li><strong>Valtion siittola<\/strong> \u2013 kansallinen kulttuurimuistomerkki tudor-tyyliin, opastetut kierrokset 6 \u20ac, ota k\u00e4teist\u00e4 mukaan.<\/li>\n\n\n\n<li><strong>Palack\u00e9ho-puiston paikat<\/strong> \u2013 gluteeniton Do Nebe ja Park Caf\u00e9, molemmat puiston\u00e4kym\u00e4ll\u00e4.<\/li>\n\n\n\n<li><strong>Travel Cafe<\/strong> \u2013 mielest\u00e4ni kaupungin paras kahvila, sis\u00e4pihan terassilla ja lasten hiekkalaatikolla.<\/li>\n\n\n\n<li><strong>P\u00edsekin mets\u00e4t<\/strong> \u2013 mets\u00e4alue heti kaupungin takana, loistava k\u00e4velyyn, juoksuun ja py\u00f6r\u00e4retkiin.<\/li>\n\n\n\n<li><strong>P\u00edsekin ymp\u00e4rist\u00f6<\/strong> \u2013 Zv\u00edkov, Orl\u00edk, Hlubok\u00e1, T\u00e1bor \u2013 kaikki alle 40 minuutin ajomatkan p\u00e4\u00e4ss\u00e4.<\/li>\n<\/ul>\n\n\n\n<p class=\"wp-block-paragraph\"><strong><a href=\"https:\/\/loudavymkrokem.cz\/fi\/etela-tsekki-kauneimmat-kaupungit\/\" target=\"_blank\" rel=\"noreferrer noopener\">Lue my\u00f6s: 8 retke\u00e4 Etel\u00e4-B\u00f6\u00f6miss\u00e4<\/a><\/strong><\/p>\n\n\n\n<h2 class=\"wp-block-heading\"><span class=\"ez-toc-section\" id=\"Mika_tekee_Pisekista_poikkeuksellisen_ja_miksi_se_kannattaa_nahda\"><\/span>Mik\u00e4 tekee P\u00edsekist\u00e4 poikkeuksellisen ja miksi se kannattaa n\u00e4hd\u00e4<span class=\"ez-toc-section-end\"><\/span><\/h2>\n\n\n\n<figure data-wp-context=\"{&quot;imageId&quot;:&quot;6a9519ace1387&quot;}\" data-wp-interactive=\"core\/image\" data-wp-key=\"6a9519ace1387\" class=\"wp-block-image size-full wp-lightbox-container\"><img decoding=\"async\" width=\"2200\" height=\"1467\" data-wp-class--hide=\"state.isContentHidden\" data-wp-class--show=\"state.isContentVisible\" data-wp-init=\"callbacks.setButtonStyles\" data-wp-on--click=\"actions.showLightbox\" data-wp-on--load=\"callbacks.setButtonStyles\" data-wp-on--pointerdown=\"actions.preloadImage\" data-wp-on--pointerenter=\"actions.preloadImageWithDelay\" data-wp-on--pointerleave=\"actions.cancelPreload\" data-wp-on-window--resize=\"callbacks.setButtonStyles\" src=\"https:\/\/loudavymkrokem.cz\/wp-content\/uploads\/2026\/08\/pisek-alsovo-namesti-vecer.jpg\" alt=\"Al\u0161ovo n\u00e1m\u011bst\u00ed -aukio P\u00edsekiss\u00e4 iltavalossa\" class=\"wp-image-399356\" title=\"\" srcset=\"https:\/\/loudavymkrokem.cz\/wp-content\/uploads\/2026\/08\/pisek-alsovo-namesti-vecer.jpg 2200w, https:\/\/loudavymkrokem.cz\/wp-content\/uploads\/2026\/08\/pisek-alsovo-namesti-vecer-300x200.jpg 300w, https:\/\/loudavymkrokem.cz\/wp-content\/uploads\/2026\/08\/pisek-alsovo-namesti-vecer-700x467.jpg 700w, https:\/\/loudavymkrokem.cz\/wp-content\/uploads\/2026\/08\/pisek-alsovo-namesti-vecer-768x512.jpg 768w, https:\/\/loudavymkrokem.cz\/wp-content\/uploads\/2026\/08\/pisek-alsovo-namesti-vecer-1536x1024.jpg 1536w, https:\/\/loudavymkrokem.cz\/wp-content\/uploads\/2026\/08\/pisek-alsovo-namesti-vecer-2048x1366.jpg 2048w, https:\/\/loudavymkrokem.cz\/wp-content\/uploads\/2026\/08\/pisek-alsovo-namesti-vecer-696x464.jpg 696w, https:\/\/loudavymkrokem.cz\/wp-content\/uploads\/2026\/08\/pisek-alsovo-namesti-vecer-1392x928.jpg 1392w, https:\/\/loudavymkrokem.cz\/wp-content\/uploads\/2026\/08\/pisek-alsovo-namesti-vecer-1920x1280.jpg 1920w\" sizes=\"(max-width: 2200px) 100vw, 2200px\" \/><button\n\t\t\tclass=\"lightbox-trigger\"\n\t\t\ttype=\"button\"\n\t\t\taria-haspopup=\"dialog\"\n\t\t\tdata-wp-bind--aria-label=\"state.thisImage.triggerButtonAriaLabel\"\n\t\t\tdata-wp-init=\"callbacks.initTriggerButton\"\n\t\t\tdata-wp-on--click=\"actions.showLightbox\"\n\t\t\tdata-wp-style--right=\"state.thisImage.buttonRight\"\n\t\t\tdata-wp-style--top=\"state.thisImage.buttonTop\"\n\t\t>\n\t\t\t<svg xmlns=\"http:\/\/www.w3.org\/2000\/svg\" width=\"12\" height=\"12\" fill=\"none\" viewBox=\"0 0 12 12\">\n\t\t\t\t<path fill=\"#fff\" d=\"M2 0a2 2 0 0 0-2 2v2h1.5V2a.5.5 0 0 1 .5-.5h2V0H2Zm2 10.5H2a.5.5 0 0 1-.5-.5V8H0v2a2 2 0 0 0 2 2h2v-1.5ZM8 12v-1.5h2a.5.5 0 0 0 .5-.5V8H12v2a2 2 0 0 1-2 2H8Zm2-12a2 2 0 0 1 2 2v2h-1.5V2a.5.5 0 0 0-.5-.5H8V0h2Z\" \/>\n\t\t\t<\/svg>\n\t\t<\/button><\/figure>\n\n\n\n<p class=\"wp-block-paragraph\"><strong>P\u00edseki\u00e4 kutsutaan joskus etel\u00e4b\u00f6\u00f6mil\u00e4iseksi Ateenaksi<\/strong>, ja vaikka se kuulostaa hieman mahtailevalta kolmikymmentuhantiselle kaupungille, jotain siin\u00e4 on. Koulutuksen perinne ulottuu t\u00e4\u00e4ll\u00e4 vuosisatojen taakse, kulttuuri on t\u00e4\u00e4ll\u00e4 el\u00e4v\u00e4\u00e4 t\u00e4n\u00e4kin p\u00e4iv\u00e4n\u00e4, ja asukaslukuun n\u00e4hden meill\u00e4 on ep\u00e4tavallisen paljon gallerioita, teattereita ja festivaaleja. Mutta ennen kaikkea \u2013 P\u00edsekill\u00e4 on historia, jolla muut kaupungit el\u00e4isiv\u00e4t sukupolvien ajan.<\/p>\n\n\n\n<p class=\"wp-block-paragraph\">Aloitetaan tunnetuimmasta. <strong>Otava-joen ylitt\u00e4v\u00e4 kivisilta on per\u00e4isin 1200-luvulta<\/strong> ja on koko T\u0161ekin vanhin s\u00e4ilynyt silta. Kyll\u00e4, vanhempi kuin Prahan Kaarlensilta, vaikka prahalaiset eiv\u00e4t sit\u00e4 mielell\u00e4\u00e4n kuule minun sanovan. \ud83d\ude05 Mutta kyse ei ole vain sillasta. Vuonna <strong>1887 P\u00edsekist\u00e4 tuli B\u00f6\u00f6min ensimm\u00e4inen kaupunki, jossa oli julkinen s\u00e4hk\u00f6valaistus<\/strong> \u2013 K\u0159i\u017e\u00edkin kaupungin voimalaitos sytytti t\u00e4k\u00e4l\u00e4isen aukion ennen Prahaa! Franti\u0161ek K\u0159i\u017e\u00edk testasi teknologiaansa juuri t\u00e4\u00e4ll\u00e4, pieness\u00e4 etel\u00e4b\u00f6\u00f6mil\u00e4isess\u00e4 pikkukaupungissa kultapitoisen Otavan varrella.<\/p>\n\n\n\n<p class=\"wp-block-paragraph\">Ja Otava, se on joki, jonka ymp\u00e4rill\u00e4 koko P\u00edsek py\u00f6rii. Kultapitoinen, kaunis, kes\u00e4ll\u00e4 t\u00e4ynn\u00e4 melojia ja uimareita. Runoilija <strong>Fr\u00e1\u0148a \u0160r\u00e1mek<\/strong>, joka asui ja loi t\u00e4\u00e4ll\u00e4, kirjoitti siit\u00e4 niin, ett\u00e4 tekisi mieli istua heti rannalle ja antaa tuulen puhaltaa hiuksiin. Muuten, jos matkustat lasten kanssa, \u00e4l\u00e4 miss\u00e4\u00e4n tapauksessa j\u00e4t\u00e4 v\u00e4liin <strong>Hiekkaveistoksia<\/strong>, veistosn\u00e4yttely\u00e4 suoraan Otavan rannalla, jossa joka vuosi syntyy valtavia hiekkaveistoksia, jotka viev\u00e4t hengen. Se on ehk\u00e4 valokuvauksellisin asia, jonka n\u00e4et P\u00edsekiss\u00e4 kev\u00e4\u00e4ll\u00e4 ja kes\u00e4ll\u00e4.<\/p>\n\n\n\n<h2 class=\"wp-block-heading\"><span class=\"ez-toc-section\" id=\"Milloin_lahtea_Pisekiin_ja_miten_paaset_sinne\"><\/span>Milloin l\u00e4hte\u00e4 P\u00edsekiin ja miten p\u00e4\u00e4set sinne<span class=\"ez-toc-section-end\"><\/span><\/h2>\n\n\n\n<figure data-wp-context=\"{&quot;imageId&quot;:&quot;6a9519ace1bd1&quot;}\" data-wp-interactive=\"core\/image\" data-wp-key=\"6a9519ace1bd1\" class=\"wp-block-image size-full wp-lightbox-container\"><img decoding=\"async\" width=\"2200\" height=\"1467\" data-wp-class--hide=\"state.isContentHidden\" data-wp-class--show=\"state.isContentVisible\" data-wp-init=\"callbacks.setButtonStyles\" data-wp-on--click=\"actions.showLightbox\" data-wp-on--load=\"callbacks.setButtonStyles\" data-wp-on--pointerdown=\"actions.preloadImage\" data-wp-on--pointerenter=\"actions.preloadImageWithDelay\" data-wp-on--pointerleave=\"actions.cancelPreload\" data-wp-on-window--resize=\"callbacks.setButtonStyles\" src=\"https:\/\/loudavymkrokem.cz\/wp-content\/uploads\/2026\/08\/pisek-kamenny-most-soumrak.jpg\" alt=\"Otavan ylitt\u00e4v\u00e4 kivisilta h\u00e4m\u00e4r\u00e4ss\u00e4\" class=\"wp-image-399327\" title=\"\" srcset=\"https:\/\/loudavymkrokem.cz\/wp-content\/uploads\/2026\/08\/pisek-kamenny-most-soumrak.jpg 2200w, https:\/\/loudavymkrokem.cz\/wp-content\/uploads\/2026\/08\/pisek-kamenny-most-soumrak-300x200.jpg 300w, https:\/\/loudavymkrokem.cz\/wp-content\/uploads\/2026\/08\/pisek-kamenny-most-soumrak-700x467.jpg 700w, https:\/\/loudavymkrokem.cz\/wp-content\/uploads\/2026\/08\/pisek-kamenny-most-soumrak-768x512.jpg 768w, https:\/\/loudavymkrokem.cz\/wp-content\/uploads\/2026\/08\/pisek-kamenny-most-soumrak-1536x1024.jpg 1536w, https:\/\/loudavymkrokem.cz\/wp-content\/uploads\/2026\/08\/pisek-kamenny-most-soumrak-2048x1366.jpg 2048w, https:\/\/loudavymkrokem.cz\/wp-content\/uploads\/2026\/08\/pisek-kamenny-most-soumrak-696x464.jpg 696w, https:\/\/loudavymkrokem.cz\/wp-content\/uploads\/2026\/08\/pisek-kamenny-most-soumrak-1392x928.jpg 1392w, https:\/\/loudavymkrokem.cz\/wp-content\/uploads\/2026\/08\/pisek-kamenny-most-soumrak-1920x1280.jpg 1920w\" sizes=\"(max-width: 2200px) 100vw, 2200px\" \/><button\n\t\t\tclass=\"lightbox-trigger\"\n\t\t\ttype=\"button\"\n\t\t\taria-haspopup=\"dialog\"\n\t\t\tdata-wp-bind--aria-label=\"state.thisImage.triggerButtonAriaLabel\"\n\t\t\tdata-wp-init=\"callbacks.initTriggerButton\"\n\t\t\tdata-wp-on--click=\"actions.showLightbox\"\n\t\t\tdata-wp-style--right=\"state.thisImage.buttonRight\"\n\t\t\tdata-wp-style--top=\"state.thisImage.buttonTop\"\n\t\t>\n\t\t\t<svg xmlns=\"http:\/\/www.w3.org\/2000\/svg\" width=\"12\" height=\"12\" fill=\"none\" viewBox=\"0 0 12 12\">\n\t\t\t\t<path fill=\"#fff\" d=\"M2 0a2 2 0 0 0-2 2v2h1.5V2a.5.5 0 0 1 .5-.5h2V0H2Zm2 10.5H2a.5.5 0 0 1-.5-.5V8H0v2a2 2 0 0 0 2 2h2v-1.5ZM8 12v-1.5h2a.5.5 0 0 0 .5-.5V8H12v2a2 2 0 0 1-2 2H8Zm2-12a2 2 0 0 1 2 2v2h-1.5V2a.5.5 0 0 0-.5-.5H8V0h2Z\" \/>\n\t\t\t<\/svg>\n\t\t<\/button><\/figure>\n\n\n\n<p class=\"wp-block-paragraph\">P\u00edsek on kaunis jokaisena vuodenaikana, ja sanon sen t\u00e4ydell\u00e4 vastuulla henkil\u00f6n\u00e4, joka on kokenut t\u00e4\u00e4ll\u00e4 nekin masentavat harmaat marraskuut. Mutta jokaisella vuodenajalla on oma juttunsa, ja riippuu siit\u00e4, mit\u00e4 etsit.<\/p>\n\n\n\n<ul class=\"wp-block-list\">\n<li><strong>Kev\u00e4t (huhti\u2013toukokuu)<\/strong> on ehk\u00e4 lempiaikani. Palack\u00e9ho-puisto kukkii, Otavan varsi vihert\u00e4\u00e4 ja kaupunki her\u00e4\u00e4 talven j\u00e4lkeen \u2013 kahviloiden terassit avautuvat, ihmiset tulevat ulos ja ilmassa on sellaista raikasta energiaa. Ja ennen kaikkea toukokuun lopussa jokirannassa paljastetaan uudet j\u00e4ttim\u00e4iset <strong>hiekkaveistokset<\/strong>, t\u00e4n\u00e4 vuonna jo kahdennenkymmenennen kerran, ja niit\u00e4 s\u00e4est\u00e4\u00e4 perhefestivaali P\u00edskovi\u0161t\u011b. Katuteatteria, konsertteja, ty\u00f6pajoja lapsille, koko kaupunki el\u00e4\u00e4. Yksi vuoden kauneimmista viikonlopuista.<\/li>\n\n\n\n<li><strong>Kes\u00e4 (kes\u00e4\u2013elokuu)<\/strong> on uintia varten Otavassa, melontaretki\u00e4, kaupunkijuhlia ja pitki\u00e4 iltoja joen varren terasseilla. Kes\u00e4kuussa j\u00e4rjestet\u00e4\u00e4n <strong>Dotkni se P\u00edsku<\/strong> \u2013 historialliset juhlat suoraan keskustassa, ritareita, k\u00e4sity\u00f6l\u00e4isi\u00e4, ajan mukaisia markkinoita. Elokuussa taas <strong>Kansanmusiikkifestivaali<\/strong>, jonne tulee ryhmi\u00e4 ymp\u00e4ri maailmaa. Varaudu kuitenkin siihen, ett\u00e4 sesonkiaikaan kaupungissa on enemm\u00e4n turisteja (vaikka silti vertaansa vailla v\u00e4hemm\u00e4n kuin Krumlovissa, siit\u00e4 ei ep\u00e4ilyst\u00e4k\u00e4\u00e4n).<\/li>\n\n\n\n<li><strong>Syksy (syys\u2013lokakuu)<\/strong> \u2013 kultainen P\u00edsek. Kirjaimellisesti. Puistojen ja joen varren puut v\u00e4rj\u00e4ytyv\u00e4t, aamusumut Otavan yll\u00e4 n\u00e4ytt\u00e4v\u00e4t kuin elokuvasta, turisteja on v\u00e4hemm\u00e4n. Ihanteellinen k\u00e4velyretkiin ja rentoon n\u00e4ht\u00e4vyyksien katseluun. Ja syyskuun puoliv\u00e4liss\u00e4 keskustan saa liikkeelle musiikkifestivaali Cool v plot\u011b.<\/li>\n\n\n\n<li><strong>Talvi (marras\u2013maaliskuu)<\/strong> \u2013 olen rehellinen, P\u00edsek talvella ei ole mik\u00e4\u00e4n jouluinen Salzburg. Mutta adventtimarkkinoilla Velk\u00e9 n\u00e1m\u011bst\u00ed -aukiolla on my\u00f6s oma taikansa, viime vuosina meill\u00e4 on ollut aukiolla my\u00f6s luistelurata ja Sladovnassa on l\u00e4mmint\u00e4 ja paljon ohjelmaa lapsille, ja kun sataa lunta ja k\u00e4velet sillan yli&#8230; se on aivan satu.<\/li>\n<\/ul>\n\n\n\n<p class=\"wp-block-paragraph\"><strong>Lue my\u00f6s: <a href=\"https:\/\/loudavymkrokem.cz\/fi\/loma-tsekissa-vinkit\/\" target=\"_blank\" data-type=\"link\" data-id=\"https:\/\/loudavymkrokem.cz\/kam-na-dovolenou-v-cesku\/\" rel=\"noreferrer noopener\">20 vinkki\u00e4, minne lomalle T\u0161ekkiin<\/a><\/strong><\/p>\n\n\n\n<h3 class=\"wp-block-heading\"><span class=\"ez-toc-section\" id=\"Miten_paasee_Pisekiin\"><\/span>Miten p\u00e4\u00e4see P\u00edsekiin<span class=\"ez-toc-section-end\"><\/span><\/h3>\n\n\n\n<figure data-wp-context=\"{&quot;imageId&quot;:&quot;6a9519ace24d5&quot;}\" data-wp-interactive=\"core\/image\" data-wp-key=\"6a9519ace24d5\" class=\"wp-block-image size-full wp-lightbox-container\"><img decoding=\"async\" width=\"2200\" height=\"1467\" data-wp-class--hide=\"state.isContentHidden\" data-wp-class--show=\"state.isContentVisible\" data-wp-init=\"callbacks.setButtonStyles\" data-wp-on--click=\"actions.showLightbox\" data-wp-on--load=\"callbacks.setButtonStyles\" data-wp-on--pointerdown=\"actions.preloadImage\" data-wp-on--pointerenter=\"actions.preloadImageWithDelay\" data-wp-on--pointerleave=\"actions.cancelPreload\" data-wp-on-window--resize=\"callbacks.setButtonStyles\" src=\"https:\/\/loudavymkrokem.cz\/wp-content\/uploads\/2026\/08\/pisek-ulicka-vez-radnice.jpg\" alt=\"Kuja P\u00edsekin historiallisessa keskustassa raatihuoneen tornin kanssa\" class=\"wp-image-399384\" title=\"\" srcset=\"https:\/\/loudavymkrokem.cz\/wp-content\/uploads\/2026\/08\/pisek-ulicka-vez-radnice.jpg 2200w, https:\/\/loudavymkrokem.cz\/wp-content\/uploads\/2026\/08\/pisek-ulicka-vez-radnice-300x200.jpg 300w, https:\/\/loudavymkrokem.cz\/wp-content\/uploads\/2026\/08\/pisek-ulicka-vez-radnice-700x467.jpg 700w, https:\/\/loudavymkrokem.cz\/wp-content\/uploads\/2026\/08\/pisek-ulicka-vez-radnice-768x512.jpg 768w, https:\/\/loudavymkrokem.cz\/wp-content\/uploads\/2026\/08\/pisek-ulicka-vez-radnice-1536x1024.jpg 1536w, https:\/\/loudavymkrokem.cz\/wp-content\/uploads\/2026\/08\/pisek-ulicka-vez-radnice-2048x1366.jpg 2048w, https:\/\/loudavymkrokem.cz\/wp-content\/uploads\/2026\/08\/pisek-ulicka-vez-radnice-696x464.jpg 696w, https:\/\/loudavymkrokem.cz\/wp-content\/uploads\/2026\/08\/pisek-ulicka-vez-radnice-1392x928.jpg 1392w, https:\/\/loudavymkrokem.cz\/wp-content\/uploads\/2026\/08\/pisek-ulicka-vez-radnice-1920x1280.jpg 1920w\" sizes=\"(max-width: 2200px) 100vw, 2200px\" \/><button\n\t\t\tclass=\"lightbox-trigger\"\n\t\t\ttype=\"button\"\n\t\t\taria-haspopup=\"dialog\"\n\t\t\tdata-wp-bind--aria-label=\"state.thisImage.triggerButtonAriaLabel\"\n\t\t\tdata-wp-init=\"callbacks.initTriggerButton\"\n\t\t\tdata-wp-on--click=\"actions.showLightbox\"\n\t\t\tdata-wp-style--right=\"state.thisImage.buttonRight\"\n\t\t\tdata-wp-style--top=\"state.thisImage.buttonTop\"\n\t\t>\n\t\t\t<svg xmlns=\"http:\/\/www.w3.org\/2000\/svg\" width=\"12\" height=\"12\" fill=\"none\" viewBox=\"0 0 12 12\">\n\t\t\t\t<path fill=\"#fff\" d=\"M2 0a2 2 0 0 0-2 2v2h1.5V2a.5.5 0 0 1 .5-.5h2V0H2Zm2 10.5H2a.5.5 0 0 1-.5-.5V8H0v2a2 2 0 0 0 2 2h2v-1.5ZM8 12v-1.5h2a.5.5 0 0 0 .5-.5V8H12v2a2 2 0 0 1-2 2H8Zm2-12a2 2 0 0 1 2 2v2h-1.5V2a.5.5 0 0 0-.5-.5H8V0h2Z\" \/>\n\t\t\t<\/svg>\n\t\t<\/button><\/figure>\n\n\n\n<p class=\"wp-block-paragraph\">Suomesta p\u00e4\u00e4set P\u00edsekiin n\u00e4pp\u00e4rimmin lent\u00e4m\u00e4ll\u00e4 ensin Prahaan \u2013 Finnair ja Norwegian lent\u00e4v\u00e4t Helsingist\u00e4 suoraan, ja Prahasta matka jatkuu maata pitkin. <strong>Bussilla Prahasta<\/strong> on ehk\u00e4 mukavin vaihtoehto. <strong>RegioJet<\/strong> l\u00e4htee Na Kn\u00ed\u017eec\u00ed -pys\u00e4kilt\u00e4 ja matka kest\u00e4\u00e4 noin <strong>70 minuuttia<\/strong>. Lippu maksaa <strong>5\u20139 \u20ac<\/strong> riippuen siit\u00e4, kuinka etuk\u00e4teen ostat sen. Vuoroja kulkee melko usein, joten p\u00e4iv\u00e4retkenkin voi tehd\u00e4.<\/p>\n\n\n\n<p class=\"wp-block-paragraph\"><strong>Junalla<\/strong> se ei valitettavasti ole yht\u00e4 hyv\u00e4 \u2013 suoraa yhteytt\u00e4 ei ole, joudut vaihtamaan (yleens\u00e4 T\u00e1borissa tai Protiv\u00ednissa) ja matka kest\u00e4\u00e4 vaihtoineen noin 2,5\u20133 tuntia. Jos et ole paikallisjunien ja vaihtojen yst\u00e4v\u00e4, valitse bussi.<\/p>\n\n\n\n<p class=\"wp-block-paragraph\"><strong>Autolla<\/strong> <strong>Prahasta on<\/strong> <strong>104 km<\/strong>, noin tunti moottoritiet\u00e4 D4 pitkin (joka on vihdoin kokonaan valmis, luojan kiitos). Pys\u00e4k\u00f6inti keskustassa voi olla hieman haastavaa, mutta messualueen pys\u00e4k\u00f6intialuetta voi k\u00e4ytt\u00e4\u00e4.<\/p>\n\n\n\n<h2 class=\"wp-block-heading\"><span class=\"ez-toc-section\" id=\"Missa_yopya_Pisekissa_ja_paljonko_se_maksaa\"><\/span>Miss\u00e4 y\u00f6py\u00e4 P\u00edsekiss\u00e4 ja paljonko se maksaa<span class=\"ez-toc-section-end\"><\/span><\/h2>\n\n\n\n<figure data-wp-context=\"{&quot;imageId&quot;:&quot;6a9519ace2c0b&quot;}\" data-wp-interactive=\"core\/image\" data-wp-key=\"6a9519ace2c0b\" class=\"wp-block-image size-full wp-lightbox-container\"><img decoding=\"async\" width=\"2200\" height=\"1467\" data-wp-class--hide=\"state.isContentHidden\" data-wp-class--show=\"state.isContentVisible\" data-wp-init=\"callbacks.setButtonStyles\" data-wp-on--click=\"actions.showLightbox\" data-wp-on--load=\"callbacks.setButtonStyles\" data-wp-on--pointerdown=\"actions.preloadImage\" data-wp-on--pointerenter=\"actions.preloadImageWithDelay\" data-wp-on--pointerleave=\"actions.cancelPreload\" data-wp-on-window--resize=\"callbacks.setButtonStyles\" src=\"https:\/\/loudavymkrokem.cz\/wp-content\/uploads\/2026\/08\/pisek-fontana-hotel-otava.jpg\" alt=\"Suihkul\u00e4hde P\u00edsekin keskustassa Hotel Otavan edess\u00e4\" class=\"wp-image-399365\" title=\"\" srcset=\"https:\/\/loudavymkrokem.cz\/wp-content\/uploads\/2026\/08\/pisek-fontana-hotel-otava.jpg 2200w, https:\/\/loudavymkrokem.cz\/wp-content\/uploads\/2026\/08\/pisek-fontana-hotel-otava-300x200.jpg 300w, https:\/\/loudavymkrokem.cz\/wp-content\/uploads\/2026\/08\/pisek-fontana-hotel-otava-700x467.jpg 700w, https:\/\/loudavymkrokem.cz\/wp-content\/uploads\/2026\/08\/pisek-fontana-hotel-otava-768x512.jpg 768w, https:\/\/loudavymkrokem.cz\/wp-content\/uploads\/2026\/08\/pisek-fontana-hotel-otava-1536x1024.jpg 1536w, https:\/\/loudavymkrokem.cz\/wp-content\/uploads\/2026\/08\/pisek-fontana-hotel-otava-2048x1366.jpg 2048w, https:\/\/loudavymkrokem.cz\/wp-content\/uploads\/2026\/08\/pisek-fontana-hotel-otava-696x464.jpg 696w, https:\/\/loudavymkrokem.cz\/wp-content\/uploads\/2026\/08\/pisek-fontana-hotel-otava-1392x928.jpg 1392w, https:\/\/loudavymkrokem.cz\/wp-content\/uploads\/2026\/08\/pisek-fontana-hotel-otava-1920x1280.jpg 1920w\" sizes=\"(max-width: 2200px) 100vw, 2200px\" \/><button\n\t\t\tclass=\"lightbox-trigger\"\n\t\t\ttype=\"button\"\n\t\t\taria-haspopup=\"dialog\"\n\t\t\tdata-wp-bind--aria-label=\"state.thisImage.triggerButtonAriaLabel\"\n\t\t\tdata-wp-init=\"callbacks.initTriggerButton\"\n\t\t\tdata-wp-on--click=\"actions.showLightbox\"\n\t\t\tdata-wp-style--right=\"state.thisImage.buttonRight\"\n\t\t\tdata-wp-style--top=\"state.thisImage.buttonTop\"\n\t\t>\n\t\t\t<svg xmlns=\"http:\/\/www.w3.org\/2000\/svg\" width=\"12\" height=\"12\" fill=\"none\" viewBox=\"0 0 12 12\">\n\t\t\t\t<path fill=\"#fff\" d=\"M2 0a2 2 0 0 0-2 2v2h1.5V2a.5.5 0 0 1 .5-.5h2V0H2Zm2 10.5H2a.5.5 0 0 1-.5-.5V8H0v2a2 2 0 0 0 2 2h2v-1.5ZM8 12v-1.5h2a.5.5 0 0 0 .5-.5V8H12v2a2 2 0 0 1-2 2H8Zm2-12a2 2 0 0 1 2 2v2h-1.5V2a.5.5 0 0 0-.5-.5H8V0h2Z\" \/>\n\t\t\t<\/svg>\n\t\t<\/button><\/figure>\n\n\n\n<p class=\"wp-block-paragraph\">P\u00edsek ei ole Praha, joten majoituksen hinnat eiv\u00e4t aja sinua infarktiin, mutta toisaalta t\u00e4\u00e4lt\u00e4 et l\u00f6yd\u00e4 kahtakymment\u00e4 viiden t\u00e4hden hotellia. Tarjonta on pienemp\u00e4\u00e4 mutta kelvollista \u2013 huoneistoista aina ravintolalla varustettuihin hotelleihin.<\/p>\n\n\n\n<p class=\"wp-block-paragraph\"><strong><a class=\"thirstylink\" rel=\"nofollow\" target=\"_blank\" title=\"Hotel Biograf P\u00edsek\" href=\"https:\/\/loudavymkrokem.cz\/doporucujeme\/hotel-biograf-pisek\/\" data-shortcode=\"true\"><a href=\"https:\/\/www.stay22.com\/allez\/roam?aid=lukaskonecny&amp;campaign=loudavymkrokemcz&amp;campaign=co-videt-v-pisku&amp;hotelname=Hotel%20Biograf&amp;address=P%C3%ADsek%2C%20%C4%8Cesko\" target=\"_blank\" rel=\"noopener nofollow sponsored\">Hotel Biograf<\/a><\/a><\/strong> on ehk\u00e4 kaupungin tunnetuin osoite \u2013 <strong>4 t\u00e4hte\u00e4<\/strong>, moderni remontoitu, sijaitsee suoraan entisen elokuvateatterin rakennuksessa (siit\u00e4 nimi). Bookingissa sill\u00e4 on arvosana <strong>8.6\/10<\/strong>, huoneet ovat siistej\u00e4 ja mukavia, aamiainen kunnollinen. Plussaa on my\u00f6s suomalainen sauna ja hieronnat.<\/p>\n\n\n\n<p class=\"wp-block-paragraph\"><strong><a class=\"thirstylink\" rel=\"nofollow\" target=\"_blank\" title=\"Hotel U Kapli\u010dky\" href=\"https:\/\/loudavymkrokem.cz\/doporucujeme\/hotel-u-kaplicky\/\" data-shortcode=\"true\"><a href=\"https:\/\/www.stay22.com\/allez\/roam?aid=lukaskonecny&amp;campaign=loudavymkrokemcz&amp;campaign=co-videt-v-pisku&amp;hotelname=Hotel%20U%20Kapli%C4%8Dky&amp;address=P%C3%ADsek%2C%20%C4%8Cesko\" target=\"_blank\" rel=\"noopener nofollow sponsored\">Hotel U Kapli\u010dky<\/a><\/a><\/strong> on sellainen klassisempi valinta miellytt\u00e4v\u00e4ll\u00e4 tunnelmalla ja ennen kaikkea \u2013 siihen kuuluu ravintola <strong>Chapelle<\/strong>, joka on yksi kaupungin parhaista ja on &#8220;Michelin Selected&#8221; (mutta ruoasta lis\u00e4\u00e4 my\u00f6hemmin).<\/p>\n\n\n\n<p class=\"wp-block-paragraph\">Jos haluat s\u00e4\u00e4st\u00e4\u00e4 tai matkustat isommalla porukalla, <strong>huoneistoja<\/strong> P\u00edsekiss\u00e4 saa <strong>alkaen 23 \u20ac y\u00f6lt\u00e4<\/strong>, mik\u00e4 on todella kohtuullinen hinta. Pienhotellit liikkuvat sitten <strong>alkaen 48 \u20ac y\u00f6lt\u00e4<\/strong> kahden hengen huoneesta. Katso esimerkiksi <strong><a class=\"thirstylink\" rel=\"nofollow\" target=\"_blank\" title=\"Rezidence u Kamenn\u00e9ho mostu\" href=\"https:\/\/loudavymkrokem.cz\/doporucujeme\/rezidence-u-kamenneho-mostu\/\" data-shortcode=\"true\">Rezidence U Kamenn\u00e9ho mostu<\/a>, <a class=\"thirstylink\" rel=\"nofollow\" target=\"_blank\" title=\"Soho Apartment\" href=\"https:\/\/loudavymkrokem.cz\/doporucujeme\/soho-apartment\/\" data-shortcode=\"true\"><a href=\"https:\/\/www.stay22.com\/allez\/roam?aid=lukaskonecny&amp;campaign=loudavymkrokemcz&amp;campaign=co-videt-v-pisku&amp;hotelname=Soho%20apartment&amp;address=P%C3%ADsek%2C%20%C4%8Cesko\" target=\"_blank\" rel=\"noopener nofollow sponsored\">Soho apartment<\/a><\/a>.<\/strong><\/p>\n\n\n\n<p class=\"wp-block-paragraph\">Suosittelen varaamaan etuk\u00e4teen etenkin kes\u00e4ll\u00e4 ja festivaalien aikaan, jolloin paikat t\u00e4yttyv\u00e4t nopeasti.<\/p>\n\n\n\n<h2 class=\"wp-block-heading\"><span class=\"ez-toc-section\" id=\"Mita_nahda_Pisekissa_39_vinkkia_nahtavyyksista_ja_kiinnostavista_paikoista\"><\/span>Mit\u00e4 n\u00e4hd\u00e4 P\u00edsekiss\u00e4: 39 vinkki\u00e4 n\u00e4ht\u00e4vyyksist\u00e4 ja kiinnostavista paikoista<span class=\"ez-toc-section-end\"><\/span><\/h2>\n\n\n\n<figure data-wp-context=\"{&quot;imageId&quot;:&quot;6a9519ace586c&quot;}\" data-wp-interactive=\"core\/image\" data-wp-key=\"6a9519ace586c\" class=\"wp-block-image size-full wp-lightbox-container\"><img decoding=\"async\" width=\"2200\" height=\"1467\" data-wp-class--hide=\"state.isContentHidden\" data-wp-class--show=\"state.isContentVisible\" data-wp-init=\"callbacks.setButtonStyles\" data-wp-on--click=\"actions.showLightbox\" data-wp-on--load=\"callbacks.setButtonStyles\" data-wp-on--pointerdown=\"actions.preloadImage\" data-wp-on--pointerenter=\"actions.preloadImageWithDelay\" data-wp-on--pointerleave=\"actions.cancelPreload\" data-wp-on-window--resize=\"callbacks.setButtonStyles\" src=\"https:\/\/loudavymkrokem.cz\/wp-content\/uploads\/2026\/08\/pisek-vyhled-z-veze-velke-namesti.jpg\" alt=\"N\u00e4kym\u00e4 kirkontornista P\u00edsekin kattojen ja Velk\u00e9 n\u00e1m\u011bst\u00ed -aukion ylle\" class=\"wp-image-399535\" title=\"\" srcset=\"https:\/\/loudavymkrokem.cz\/wp-content\/uploads\/2026\/08\/pisek-vyhled-z-veze-velke-namesti.jpg 2200w, https:\/\/loudavymkrokem.cz\/wp-content\/uploads\/2026\/08\/pisek-vyhled-z-veze-velke-namesti-300x200.jpg 300w, https:\/\/loudavymkrokem.cz\/wp-content\/uploads\/2026\/08\/pisek-vyhled-z-veze-velke-namesti-700x467.jpg 700w, https:\/\/loudavymkrokem.cz\/wp-content\/uploads\/2026\/08\/pisek-vyhled-z-veze-velke-namesti-768x512.jpg 768w, https:\/\/loudavymkrokem.cz\/wp-content\/uploads\/2026\/08\/pisek-vyhled-z-veze-velke-namesti-1536x1024.jpg 1536w, https:\/\/loudavymkrokem.cz\/wp-content\/uploads\/2026\/08\/pisek-vyhled-z-veze-velke-namesti-2048x1366.jpg 2048w, https:\/\/loudavymkrokem.cz\/wp-content\/uploads\/2026\/08\/pisek-vyhled-z-veze-velke-namesti-696x464.jpg 696w, https:\/\/loudavymkrokem.cz\/wp-content\/uploads\/2026\/08\/pisek-vyhled-z-veze-velke-namesti-1392x928.jpg 1392w, https:\/\/loudavymkrokem.cz\/wp-content\/uploads\/2026\/08\/pisek-vyhled-z-veze-velke-namesti-1920x1280.jpg 1920w\" sizes=\"(max-width: 2200px) 100vw, 2200px\" \/><button\n\t\t\tclass=\"lightbox-trigger\"\n\t\t\ttype=\"button\"\n\t\t\taria-haspopup=\"dialog\"\n\t\t\tdata-wp-bind--aria-label=\"state.thisImage.triggerButtonAriaLabel\"\n\t\t\tdata-wp-init=\"callbacks.initTriggerButton\"\n\t\t\tdata-wp-on--click=\"actions.showLightbox\"\n\t\t\tdata-wp-style--right=\"state.thisImage.buttonRight\"\n\t\t\tdata-wp-style--top=\"state.thisImage.buttonTop\"\n\t\t>\n\t\t\t<svg xmlns=\"http:\/\/www.w3.org\/2000\/svg\" width=\"12\" height=\"12\" fill=\"none\" viewBox=\"0 0 12 12\">\n\t\t\t\t<path fill=\"#fff\" d=\"M2 0a2 2 0 0 0-2 2v2h1.5V2a.5.5 0 0 1 .5-.5h2V0H2Zm2 10.5H2a.5.5 0 0 1-.5-.5V8H0v2a2 2 0 0 0 2 2h2v-1.5ZM8 12v-1.5h2a.5.5 0 0 0 .5-.5V8H12v2a2 2 0 0 1-2 2H8Zm2-12a2 2 0 0 1 2 2v2h-1.5V2a.5.5 0 0 0-.5-.5H8V0h2Z\" \/>\n\t\t\t<\/svg>\n\t\t<\/button><\/figure>\n\n\n\n<p class=\"wp-block-paragraph\">Ja nyt se t\u00e4rkein \u2013 miksi oikeastaan avasit t\u00e4m\u00e4n artikkelin. \ud83d\ude01 Kokosin listan <strong>39 paikasta, n\u00e4ht\u00e4vyydest\u00e4 ja kiinnostavasta kohteesta<\/strong>, jotka P\u00edsekiss\u00e4 kannattaa n\u00e4hd\u00e4. Osan tunnet postikorteista, toiset saattavat yll\u00e4tt\u00e4\u00e4 sinut. Yritin olla ajattelematta vain &#8220;suuria&#8221; turistikohteita, vaan lis\u00e4t\u00e4 my\u00f6s niit\u00e4 huomaamattomia paikkoja, joiden ohi turistit k\u00e4velev\u00e4t huomaamatta, vaikka niill\u00e4 on tarina.<\/p>\n\n\n\n<p class=\"wp-block-paragraph\">P\u00edsek on yll\u00e4tt\u00e4v\u00e4n rikas n\u00e4ht\u00e4vyyksien ja kiinnostavien kohteiden osalta, ja t\u00e4m\u00e4 on henkil\u00f6kohtainen oppaani, jonka takana seison. <strong>Tulehan siis, otetaan se sillasta.<\/strong><\/p>\n\n\n\n<h3 class=\"wp-block-heading\"><span class=\"ez-toc-section\" id=\"1_Kivisilta_Peuransilta_%E2%80%93_Tsekin_vanhin_kivisilta\"><\/span>1. Kivisilta (Peuransilta) \u2013 T\u0161ekin vanhin kivisilta<span class=\"ez-toc-section-end\"><\/span><\/h3>\n\n\n\n<figure data-wp-context=\"{&quot;imageId&quot;:&quot;6a9519ace5f82&quot;}\" data-wp-interactive=\"core\/image\" data-wp-key=\"6a9519ace5f82\" class=\"wp-block-image size-full wp-lightbox-container\"><img decoding=\"async\" width=\"2200\" height=\"1467\" data-wp-class--hide=\"state.isContentHidden\" data-wp-class--show=\"state.isContentVisible\" data-wp-init=\"callbacks.setButtonStyles\" data-wp-on--click=\"actions.showLightbox\" data-wp-on--load=\"callbacks.setButtonStyles\" data-wp-on--pointerdown=\"actions.preloadImage\" data-wp-on--pointerenter=\"actions.preloadImageWithDelay\" data-wp-on--pointerleave=\"actions.cancelPreload\" data-wp-on-window--resize=\"callbacks.setButtonStyles\" src=\"https:\/\/loudavymkrokem.cz\/wp-content\/uploads\/2026\/08\/pisek-kamenny-most-sochy.jpg\" alt=\"P\u00edsekin kivisilta barokkiaikaisilla pyhimysveistoksilla\" class=\"wp-image-399324\" title=\"\" srcset=\"https:\/\/loudavymkrokem.cz\/wp-content\/uploads\/2026\/08\/pisek-kamenny-most-sochy.jpg 2200w, https:\/\/loudavymkrokem.cz\/wp-content\/uploads\/2026\/08\/pisek-kamenny-most-sochy-300x200.jpg 300w, https:\/\/loudavymkrokem.cz\/wp-content\/uploads\/2026\/08\/pisek-kamenny-most-sochy-700x467.jpg 700w, https:\/\/loudavymkrokem.cz\/wp-content\/uploads\/2026\/08\/pisek-kamenny-most-sochy-768x512.jpg 768w, https:\/\/loudavymkrokem.cz\/wp-content\/uploads\/2026\/08\/pisek-kamenny-most-sochy-1536x1024.jpg 1536w, https:\/\/loudavymkrokem.cz\/wp-content\/uploads\/2026\/08\/pisek-kamenny-most-sochy-2048x1366.jpg 2048w, https:\/\/loudavymkrokem.cz\/wp-content\/uploads\/2026\/08\/pisek-kamenny-most-sochy-696x464.jpg 696w, https:\/\/loudavymkrokem.cz\/wp-content\/uploads\/2026\/08\/pisek-kamenny-most-sochy-1392x928.jpg 1392w, https:\/\/loudavymkrokem.cz\/wp-content\/uploads\/2026\/08\/pisek-kamenny-most-sochy-1920x1280.jpg 1920w\" sizes=\"(max-width: 2200px) 100vw, 2200px\" \/><button\n\t\t\tclass=\"lightbox-trigger\"\n\t\t\ttype=\"button\"\n\t\t\taria-haspopup=\"dialog\"\n\t\t\tdata-wp-bind--aria-label=\"state.thisImage.triggerButtonAriaLabel\"\n\t\t\tdata-wp-init=\"callbacks.initTriggerButton\"\n\t\t\tdata-wp-on--click=\"actions.showLightbox\"\n\t\t\tdata-wp-style--right=\"state.thisImage.buttonRight\"\n\t\t\tdata-wp-style--top=\"state.thisImage.buttonTop\"\n\t\t>\n\t\t\t<svg xmlns=\"http:\/\/www.w3.org\/2000\/svg\" width=\"12\" height=\"12\" fill=\"none\" viewBox=\"0 0 12 12\">\n\t\t\t\t<path fill=\"#fff\" d=\"M2 0a2 2 0 0 0-2 2v2h1.5V2a.5.5 0 0 1 .5-.5h2V0H2Zm2 10.5H2a.5.5 0 0 1-.5-.5V8H0v2a2 2 0 0 0 2 2h2v-1.5ZM8 12v-1.5h2a.5.5 0 0 0 .5-.5V8H12v2a2 2 0 0 1-2 2H8Zm2-12a2 2 0 0 1 2 2v2h-1.5V2a.5.5 0 0 0-.5-.5H8V0h2Z\" \/>\n\t\t\t<\/svg>\n\t\t<\/button><\/figure>\n\n\n\n<p class=\"wp-block-paragraph\">T\u00e4m\u00e4 on se paikka, jonka takia useimmat ihmiset ylip\u00e4\u00e4t\u00e4\u00e4n saapuvat P\u00edsekiin, enk\u00e4 moiti heit\u00e4 siit\u00e4 lainkaan. <strong>Otavan ylitt\u00e4v\u00e4 kivisilta<\/strong> on per\u00e4isin <strong>1200-luvulta<\/strong>, on <strong>l\u00e4hes 110 metri\u00e4 pitk\u00e4<\/strong>, siin\u00e4 on <strong>7 kaarta<\/strong> ja se on yksinkertaisesti koko T\u0161ekin vanhin s\u00e4ilynyt kivisilta. Prahan Kaarlensilta on nuorempi ja kyll\u00e4, toistan sit\u00e4 joka tilaisuudessa, koska se ilahduttaa minua. \ud83d\ude0a<\/p>\n\n\n\n<p class=\"wp-block-paragraph\">Siltaa koristavat <strong>kopiot barokkiaikaisista pyhimysveistoksista<\/strong> (alkuper\u00e4iset on jo turvallisesti k\u00e4tketty), jotka lis\u00e4ttiin siihen vasta my\u00f6hemmin, ja koko tuo n\u00e4kym\u00e4 \u2013 kivikaaret, Otava niiden alla, kaupunki molemmilla rannoilla \u2013 on yksi kauneimmista Etel\u00e4-B\u00f6\u00f6miss\u00e4. Ja tied\u00e4tk\u00f6, milloin t\u00e4\u00e4ll\u00e4 on aivan kauneinta? <strong>Varhain aamulla, kun joen yll\u00e4 lep\u00e4\u00e4 sumu.<\/strong> Silta nousee esiin usvasta kuin jostain historiallisesta romaanista ja seisot siell\u00e4 aivan yksin, koska kello kuudelta aamulla t\u00e4\u00e4ll\u00e4 ei yksinkertaisesti ole ket\u00e4\u00e4n muuta. Toiseksi paras aika on <strong>auringonlaskun aikaan<\/strong>, kun Otavan pinta v\u00e4rj\u00e4ytyy oranssiksi. Ota kamera mukaan.<\/p>\n\n\n\n<p class=\"wp-block-paragraph\">Sis\u00e4\u00e4np\u00e4\u00e4sy on tietysti <strong>ilmainen, 24 tuntia vuorokaudessa, 7 p\u00e4iv\u00e4\u00e4 viikossa<\/strong>. Se on silta, kuljet vain sen yli. Vain sin\u00e4, vanhat kivet ja joki jalkojesi alla. Joskus ajattelen, ett\u00e4 se on paikka, jossa P\u00edsek on eniten oma itsens\u00e4.<\/p>\n\n\n\n<h3 class=\"wp-block-heading\"><span class=\"ez-toc-section\" id=\"2_Putimin_portti_ja_Frana_Sramekin_kuja\"><\/span>2. Putimin portti ja Fr\u00e1\u0148a \u0160r\u00e1mekin kuja<span class=\"ez-toc-section-end\"><\/span><\/h3>\n\n\n\n<figure data-wp-context=\"{&quot;imageId&quot;:&quot;6a9519ace66b9&quot;}\" data-wp-interactive=\"core\/image\" data-wp-key=\"6a9519ace66b9\" class=\"wp-block-image size-full wp-lightbox-container\"><img decoding=\"async\" width=\"2200\" height=\"1467\" data-wp-class--hide=\"state.isContentHidden\" data-wp-class--show=\"state.isContentVisible\" data-wp-init=\"callbacks.setButtonStyles\" data-wp-on--click=\"actions.showLightbox\" data-wp-on--load=\"callbacks.setButtonStyles\" data-wp-on--pointerdown=\"actions.preloadImage\" data-wp-on--pointerenter=\"actions.preloadImageWithDelay\" data-wp-on--pointerleave=\"actions.cancelPreload\" data-wp-on-window--resize=\"callbacks.setButtonStyles\" src=\"https:\/\/loudavymkrokem.cz\/wp-content\/uploads\/2026\/08\/pisek-basta-putimska-brana.jpg\" alt=\"Kaupunginmuurin bastioni entisen Putimin portin luona P\u00edsekiss\u00e4\" class=\"wp-image-399337\" title=\"\" srcset=\"https:\/\/loudavymkrokem.cz\/wp-content\/uploads\/2026\/08\/pisek-basta-putimska-brana.jpg 2200w, https:\/\/loudavymkrokem.cz\/wp-content\/uploads\/2026\/08\/pisek-basta-putimska-brana-300x200.jpg 300w, https:\/\/loudavymkrokem.cz\/wp-content\/uploads\/2026\/08\/pisek-basta-putimska-brana-700x467.jpg 700w, https:\/\/loudavymkrokem.cz\/wp-content\/uploads\/2026\/08\/pisek-basta-putimska-brana-768x512.jpg 768w, https:\/\/loudavymkrokem.cz\/wp-content\/uploads\/2026\/08\/pisek-basta-putimska-brana-1536x1024.jpg 1536w, https:\/\/loudavymkrokem.cz\/wp-content\/uploads\/2026\/08\/pisek-basta-putimska-brana-2048x1366.jpg 2048w, https:\/\/loudavymkrokem.cz\/wp-content\/uploads\/2026\/08\/pisek-basta-putimska-brana-696x464.jpg 696w, https:\/\/loudavymkrokem.cz\/wp-content\/uploads\/2026\/08\/pisek-basta-putimska-brana-1392x928.jpg 1392w, https:\/\/loudavymkrokem.cz\/wp-content\/uploads\/2026\/08\/pisek-basta-putimska-brana-1920x1280.jpg 1920w\" sizes=\"(max-width: 2200px) 100vw, 2200px\" \/><button\n\t\t\tclass=\"lightbox-trigger\"\n\t\t\ttype=\"button\"\n\t\t\taria-haspopup=\"dialog\"\n\t\t\tdata-wp-bind--aria-label=\"state.thisImage.triggerButtonAriaLabel\"\n\t\t\tdata-wp-init=\"callbacks.initTriggerButton\"\n\t\t\tdata-wp-on--click=\"actions.showLightbox\"\n\t\t\tdata-wp-style--right=\"state.thisImage.buttonRight\"\n\t\t\tdata-wp-style--top=\"state.thisImage.buttonTop\"\n\t\t>\n\t\t\t<svg xmlns=\"http:\/\/www.w3.org\/2000\/svg\" width=\"12\" height=\"12\" fill=\"none\" viewBox=\"0 0 12 12\">\n\t\t\t\t<path fill=\"#fff\" d=\"M2 0a2 2 0 0 0-2 2v2h1.5V2a.5.5 0 0 1 .5-.5h2V0H2Zm2 10.5H2a.5.5 0 0 1-.5-.5V8H0v2a2 2 0 0 0 2 2h2v-1.5ZM8 12v-1.5h2a.5.5 0 0 0 .5-.5V8H12v2a2 2 0 0 1-2 2H8Zm2-12a2 2 0 0 1 2 2v2h-1.5V2a.5.5 0 0 0-.5-.5H8V0h2Z\" \/>\n\t\t\t<\/svg>\n\t\t<\/button><\/figure>\n\n\n\n<p class=\"wp-block-paragraph\">&#8220;<em>Kun kuljin sen Putimin portin l\u00e4pi\u2026<\/em>&#8221; \u2013 t\u00e4m\u00e4n laulun tuntee varmaan jokainen t\u0161ekki. Ja nyt saatan yll\u00e4tt\u00e4\u00e4 sinut: <strong>itse portti ei ole en\u00e4\u00e4 olemassa<\/strong>. Torni purettiin vuonna 1812 ja loput katosivat vuoteen 1836 menness\u00e4. J\u00e4ljelle j\u00e4i kuitenkin paikka, jossa portti seisoi, ja ennen kaikkea pala <strong>keskiaikaista kaupunginmuuria<\/strong> muurinv\u00e4lin ja puolipy\u00f6re\u00e4n bastionin kanssa, joka on s\u00e4ilynyt t\u00e4\u00e4ll\u00e4 melko vaikuttavassa laajuudessa.<\/p>\n\n\n\n<p class=\"wp-block-paragraph\">V\u00e4h\u00e4n matkan p\u00e4\u00e4ss\u00e4, talon nro 154 julkisivussa Putimsk\u00e1-kadulla, l\u00f6yd\u00e4t reliefin, joka tunnetaan nimell\u00e4 <strong>&#8220;kaksi nukkea&#8221;<\/strong>, veistetyt hahmot, joiden sanotaan viittaavan juuri siihen kuuluisaan lauluun. Koko paikalla on sellainen rauhallinen, hieman nostalginen tunnelma, joka saa hidastamaan, vaikka kulkee t\u00e4st\u00e4 usein.<\/p>\n\n\n\n<h3 class=\"wp-block-heading\"><span class=\"ez-toc-section\" id=\"3_Linna_kaupunginmuuri_ja_Prachenske-museo\"><\/span>3. Linna, kaupunginmuuri ja Pr\u00e1che\u0148sk\u00e9-museo<span class=\"ez-toc-section-end\"><\/span><\/h3>\n\n\n\n<figure data-wp-context=\"{&quot;imageId&quot;:&quot;6a9519ace6da5&quot;}\" data-wp-interactive=\"core\/image\" data-wp-key=\"6a9519ace6da5\" class=\"wp-block-image size-full wp-lightbox-container\"><img decoding=\"async\" width=\"2200\" height=\"1467\" data-wp-class--hide=\"state.isContentHidden\" data-wp-class--show=\"state.isContentVisible\" data-wp-init=\"callbacks.setButtonStyles\" data-wp-on--click=\"actions.showLightbox\" data-wp-on--load=\"callbacks.setButtonStyles\" data-wp-on--pointerdown=\"actions.preloadImage\" data-wp-on--pointerenter=\"actions.preloadImageWithDelay\" data-wp-on--pointerleave=\"actions.cancelPreload\" data-wp-on-window--resize=\"callbacks.setButtonStyles\" src=\"https:\/\/loudavymkrokem.cz\/wp-content\/uploads\/2026\/08\/pisek-hrad-hradby.jpg\" alt=\"P\u00edsekin linnan muurit Otavan yll\u00e4\" class=\"wp-image-399339\" title=\"\" srcset=\"https:\/\/loudavymkrokem.cz\/wp-content\/uploads\/2026\/08\/pisek-hrad-hradby.jpg 2200w, https:\/\/loudavymkrokem.cz\/wp-content\/uploads\/2026\/08\/pisek-hrad-hradby-300x200.jpg 300w, https:\/\/loudavymkrokem.cz\/wp-content\/uploads\/2026\/08\/pisek-hrad-hradby-700x467.jpg 700w, https:\/\/loudavymkrokem.cz\/wp-content\/uploads\/2026\/08\/pisek-hrad-hradby-768x512.jpg 768w, https:\/\/loudavymkrokem.cz\/wp-content\/uploads\/2026\/08\/pisek-hrad-hradby-1536x1024.jpg 1536w, https:\/\/loudavymkrokem.cz\/wp-content\/uploads\/2026\/08\/pisek-hrad-hradby-2048x1366.jpg 2048w, https:\/\/loudavymkrokem.cz\/wp-content\/uploads\/2026\/08\/pisek-hrad-hradby-696x464.jpg 696w, https:\/\/loudavymkrokem.cz\/wp-content\/uploads\/2026\/08\/pisek-hrad-hradby-1392x928.jpg 1392w, https:\/\/loudavymkrokem.cz\/wp-content\/uploads\/2026\/08\/pisek-hrad-hradby-1920x1280.jpg 1920w\" sizes=\"(max-width: 2200px) 100vw, 2200px\" \/><button\n\t\t\tclass=\"lightbox-trigger\"\n\t\t\ttype=\"button\"\n\t\t\taria-haspopup=\"dialog\"\n\t\t\tdata-wp-bind--aria-label=\"state.thisImage.triggerButtonAriaLabel\"\n\t\t\tdata-wp-init=\"callbacks.initTriggerButton\"\n\t\t\tdata-wp-on--click=\"actions.showLightbox\"\n\t\t\tdata-wp-style--right=\"state.thisImage.buttonRight\"\n\t\t\tdata-wp-style--top=\"state.thisImage.buttonTop\"\n\t\t>\n\t\t\t<svg xmlns=\"http:\/\/www.w3.org\/2000\/svg\" width=\"12\" height=\"12\" fill=\"none\" viewBox=\"0 0 12 12\">\n\t\t\t\t<path fill=\"#fff\" d=\"M2 0a2 2 0 0 0-2 2v2h1.5V2a.5.5 0 0 1 .5-.5h2V0H2Zm2 10.5H2a.5.5 0 0 1-.5-.5V8H0v2a2 2 0 0 0 2 2h2v-1.5ZM8 12v-1.5h2a.5.5 0 0 0 .5-.5V8H12v2a2 2 0 0 1-2 2H8Zm2-12a2 2 0 0 1 2 2v2h-1.5V2a.5.5 0 0 0-.5-.5H8V0h2Z\" \/>\n\t\t\t<\/svg>\n\t\t<\/button><\/figure>\n\n\n\n<p class=\"wp-block-paragraph\">P\u00edsekin linna on yksi niist\u00e4 asioista, joista paikalliset sanovat &#8220;no joo, linna&#8221; ja turistit j\u00e4\u00e4v\u00e4t seisomaan suu auki. Se on <strong>varhaisgoottilainen<\/strong>, sen rakennutti <strong>P\u0159emysl Otakar II<\/strong> ja se seisoo niemekkeell\u00e4 Otavan yll\u00e4 niin, ett\u00e4 joistakin kulmista se n\u00e4ytt\u00e4\u00e4 kuin se olisi kasvanut suoraan kalliosta. Sen tiloissa toimii nyky\u00e4\u00e4n <strong>Pr\u00e1che\u0148sk\u00e9-museo<\/strong>, joka \u2013 ja pid\u00e4 nyt kiinni \u2013 sai erityispalkinnon arvostetussa Euroopan vuoden museo -kilpailussa. P\u00edsekist\u00e4! Joskus mietin, huomasivatko ihmiset sit\u00e4 lainkaan.<\/p>\n\n\n\n<p class=\"wp-block-paragraph\">N\u00e4yttelyt ovat yll\u00e4tt\u00e4v\u00e4n monipuolisia. Arkeologiasta keskiaikaisen taiteen kautta kansatieteeseen. Itse pid\u00e4n aina goottilaisesta lapidaariumista, mutta jos matkustat lasten kanssa, he arvostavat enemm\u00e4n interaktiivisia osioita. Ja itse linnan tila on el\u00e4mys \u2013 kivisalit, holvikatot, k\u00e4yt\u00e4v\u00e4t muurissa.<\/p>\n\n\n\n<p class=\"wp-block-paragraph\"><strong>K\u00e4yt\u00e4nn\u00f6n tietoa:<\/strong> Aukioloajat <strong>maalis\u2013syyskuu 9:00\u201318:00<\/strong>, <strong>loka\u2013joulukuu 9:00\u201317:00<\/strong>. P\u00e4\u00e4symaksu <strong>aikuiset 2,50 \u20ac<\/strong>, <strong>lapset 1,20 \u20ac<\/strong>, <strong>perhelippu 6 \u20ac<\/strong>. Sill\u00e4 rahalla se on yksi kaupungin parhaista hinta-el\u00e4mys-suhteista.<\/p>\n\n\n\n<h3 class=\"wp-block-heading\"><span class=\"ez-toc-section\" id=\"4_Krizikin_kaupungin_voimalaitos\"><\/span>4. K\u0159i\u017e\u00edkin kaupungin voimalaitos<span class=\"ez-toc-section-end\"><\/span><\/h3>\n\n\n\n<figure data-wp-context=\"{&quot;imageId&quot;:&quot;6a9519ace75e3&quot;}\" data-wp-interactive=\"core\/image\" data-wp-key=\"6a9519ace75e3\" class=\"wp-block-image size-full wp-lightbox-container\"><img decoding=\"async\" width=\"2200\" height=\"1467\" data-wp-class--hide=\"state.isContentHidden\" data-wp-class--show=\"state.isContentVisible\" data-wp-init=\"callbacks.setButtonStyles\" data-wp-on--click=\"actions.showLightbox\" data-wp-on--load=\"callbacks.setButtonStyles\" data-wp-on--pointerdown=\"actions.preloadImage\" data-wp-on--pointerenter=\"actions.preloadImageWithDelay\" data-wp-on--pointerleave=\"actions.cancelPreload\" data-wp-on-window--resize=\"callbacks.setButtonStyles\" src=\"https:\/\/loudavymkrokem.cz\/wp-content\/uploads\/2026\/08\/pisek-krizikova-elektrarna.jpg\" alt=\"K\u0159i\u017e\u00edkin kaupungin voimalaitos P\u00edsekiss\u00e4\" class=\"wp-image-399347\" title=\"\" srcset=\"https:\/\/loudavymkrokem.cz\/wp-content\/uploads\/2026\/08\/pisek-krizikova-elektrarna.jpg 2200w, https:\/\/loudavymkrokem.cz\/wp-content\/uploads\/2026\/08\/pisek-krizikova-elektrarna-300x200.jpg 300w, https:\/\/loudavymkrokem.cz\/wp-content\/uploads\/2026\/08\/pisek-krizikova-elektrarna-700x467.jpg 700w, https:\/\/loudavymkrokem.cz\/wp-content\/uploads\/2026\/08\/pisek-krizikova-elektrarna-768x512.jpg 768w, https:\/\/loudavymkrokem.cz\/wp-content\/uploads\/2026\/08\/pisek-krizikova-elektrarna-1536x1024.jpg 1536w, https:\/\/loudavymkrokem.cz\/wp-content\/uploads\/2026\/08\/pisek-krizikova-elektrarna-2048x1366.jpg 2048w, https:\/\/loudavymkrokem.cz\/wp-content\/uploads\/2026\/08\/pisek-krizikova-elektrarna-696x464.jpg 696w, https:\/\/loudavymkrokem.cz\/wp-content\/uploads\/2026\/08\/pisek-krizikova-elektrarna-1392x928.jpg 1392w, https:\/\/loudavymkrokem.cz\/wp-content\/uploads\/2026\/08\/pisek-krizikova-elektrarna-1920x1280.jpg 1920w\" sizes=\"(max-width: 2200px) 100vw, 2200px\" \/><button\n\t\t\tclass=\"lightbox-trigger\"\n\t\t\ttype=\"button\"\n\t\t\taria-haspopup=\"dialog\"\n\t\t\tdata-wp-bind--aria-label=\"state.thisImage.triggerButtonAriaLabel\"\n\t\t\tdata-wp-init=\"callbacks.initTriggerButton\"\n\t\t\tdata-wp-on--click=\"actions.showLightbox\"\n\t\t\tdata-wp-style--right=\"state.thisImage.buttonRight\"\n\t\t\tdata-wp-style--top=\"state.thisImage.buttonTop\"\n\t\t>\n\t\t\t<svg xmlns=\"http:\/\/www.w3.org\/2000\/svg\" width=\"12\" height=\"12\" fill=\"none\" viewBox=\"0 0 12 12\">\n\t\t\t\t<path fill=\"#fff\" d=\"M2 0a2 2 0 0 0-2 2v2h1.5V2a.5.5 0 0 1 .5-.5h2V0H2Zm2 10.5H2a.5.5 0 0 1-.5-.5V8H0v2a2 2 0 0 0 2 2h2v-1.5ZM8 12v-1.5h2a.5.5 0 0 0 .5-.5V8H12v2a2 2 0 0 1-2 2H8Zm2-12a2 2 0 0 1 2 2v2h-1.5V2a.5.5 0 0 0-.5-.5H8V0h2Z\" \/>\n\t\t\t<\/svg>\n\t\t<\/button><\/figure>\n\n\n\n<p class=\"wp-block-paragraph\">T\u00e4ss\u00e4 joudun tuottamaan pettymyksen: <strong>voimalaitos on t\u00e4ll\u00e4 hetkell\u00e4 suljettu<\/strong> ja uutta n\u00e4yttely\u00e4 valmistellaan. Joten jos suunnittelit sit\u00e4 ohjelmasi p\u00e4\u00e4kohdaksi, joudut odottamaan. Mutta minun on mainittava se, koska sen tarina on aivan olennainen sen ymm\u00e4rt\u00e4miseksi, miksi P\u00edsek on niin poikkeuksellinen kaupunki.<\/p>\n\n\n\n<p class=\"wp-block-paragraph\">Vuonna <strong>1887<\/strong> \u2013 eli vuosi ennen Prahan \u017di\u017ekovin voimalaitosta \u2013 P\u00edsekiss\u00e4 syttyi <strong>B\u00f6\u00f6min ensimm\u00e4inen pysyv\u00e4 julkinen s\u00e4hk\u00f6valaistus<\/strong>. Franti\u0161ek K\u0159i\u017e\u00edk, t\u0161ekkil\u00e4inen Edison, valitsi juuri t\u00e4m\u00e4n pienen etel\u00e4b\u00f6\u00f6mil\u00e4isen pikkukaupungin uraauurtavaan kokeeseensa. Kuvittele se aika: ihmiset aukiolla, jotka olivat koko el\u00e4m\u00e4ns\u00e4 tunteneet vain kynttil\u00e4t ja kaasulamput, ja yht\u00e4kki\u00e4 syttyy s\u00e4hk\u00f6valo. P\u00edsek oli ennen Prahaa. Se on fakta, joka ei koskaan v\u00e4syt\u00e4 minua.<\/p>\n\n\n\n<p class=\"wp-block-paragraph\">Hyv\u00e4 uutinen lopuksi: kev\u00e4\u00e4ll\u00e4 2026 voimalaitokseen palasivat kunnostetut Francis-turbiinit ja muistomerkki tuottaa toukokuusta l\u00e4htien taas s\u00e4hk\u00f6\u00e4. Uusi n\u00e4yttely odottaa viel\u00e4 avautumistaan, seuraa kaupungin verkkosivuja ajankohtaisten tietojen varalta.<\/p>\n\n\n\n<h3 class=\"wp-block-heading\"><span class=\"ez-toc-section\" id=\"5_Valtion_siittola\"><\/span>5. Valtion siittola<span class=\"ez-toc-section-end\"><\/span><\/h3>\n\n\n\n<figure data-wp-context=\"{&quot;imageId&quot;:&quot;6a9519ace7d25&quot;}\" data-wp-interactive=\"core\/image\" data-wp-key=\"6a9519ace7d25\" class=\"wp-block-image size-full wp-lightbox-container\"><img decoding=\"async\" width=\"1600\" height=\"1018\" data-wp-class--hide=\"state.isContentHidden\" data-wp-class--show=\"state.isContentVisible\" data-wp-init=\"callbacks.setButtonStyles\" data-wp-on--click=\"actions.showLightbox\" data-wp-on--load=\"callbacks.setButtonStyles\" data-wp-on--pointerdown=\"actions.preloadImage\" data-wp-on--pointerenter=\"actions.preloadImageWithDelay\" data-wp-on--pointerleave=\"actions.cancelPreload\" data-wp-on-window--resize=\"callbacks.setButtonStyles\" src=\"https:\/\/loudavymkrokem.cz\/wp-content\/uploads\/2026\/08\/zemsky-hrebcinec-pisek-letecky.jpg\" alt=\"Ilmakuva P\u00edsekin valtion siittolan alueesta\" class=\"wp-image-399598\" title=\"\" srcset=\"https:\/\/loudavymkrokem.cz\/wp-content\/uploads\/2026\/08\/zemsky-hrebcinec-pisek-letecky.jpg 1600w, https:\/\/loudavymkrokem.cz\/wp-content\/uploads\/2026\/08\/zemsky-hrebcinec-pisek-letecky-300x191.jpg 300w, https:\/\/loudavymkrokem.cz\/wp-content\/uploads\/2026\/08\/zemsky-hrebcinec-pisek-letecky-700x445.jpg 700w, https:\/\/loudavymkrokem.cz\/wp-content\/uploads\/2026\/08\/zemsky-hrebcinec-pisek-letecky-768x489.jpg 768w, https:\/\/loudavymkrokem.cz\/wp-content\/uploads\/2026\/08\/zemsky-hrebcinec-pisek-letecky-1536x977.jpg 1536w, https:\/\/loudavymkrokem.cz\/wp-content\/uploads\/2026\/08\/zemsky-hrebcinec-pisek-letecky-696x443.jpg 696w, https:\/\/loudavymkrokem.cz\/wp-content\/uploads\/2026\/08\/zemsky-hrebcinec-pisek-letecky-1392x886.jpg 1392w\" sizes=\"(max-width: 1600px) 100vw, 1600px\" \/><button\n\t\t\tclass=\"lightbox-trigger\"\n\t\t\ttype=\"button\"\n\t\t\taria-haspopup=\"dialog\"\n\t\t\tdata-wp-bind--aria-label=\"state.thisImage.triggerButtonAriaLabel\"\n\t\t\tdata-wp-init=\"callbacks.initTriggerButton\"\n\t\t\tdata-wp-on--click=\"actions.showLightbox\"\n\t\t\tdata-wp-style--right=\"state.thisImage.buttonRight\"\n\t\t\tdata-wp-style--top=\"state.thisImage.buttonTop\"\n\t\t>\n\t\t\t<svg xmlns=\"http:\/\/www.w3.org\/2000\/svg\" width=\"12\" height=\"12\" fill=\"none\" viewBox=\"0 0 12 12\">\n\t\t\t\t<path fill=\"#fff\" d=\"M2 0a2 2 0 0 0-2 2v2h1.5V2a.5.5 0 0 1 .5-.5h2V0H2Zm2 10.5H2a.5.5 0 0 1-.5-.5V8H0v2a2 2 0 0 0 2 2h2v-1.5ZM8 12v-1.5h2a.5.5 0 0 0 .5-.5V8H12v2a2 2 0 0 1-2 2H8Zm2-12a2 2 0 0 1 2 2v2h-1.5V2a.5.5 0 0 0-.5-.5H8V0h2Z\" \/>\n\t\t\t<\/svg>\n\t\t<\/button><\/figure>\n\n\n\n<p class=\"wp-block-paragraph\">Jos P\u00edsekiss\u00e4 on yksi paikka, jonne l\u00e4hett\u00e4isin ihan jokaisen vieraan, se on <strong>siittola<\/strong>. Ei vain hevosten takia (vaikka ne ovat upeita), vaan itse alueen takia. Rakennus <strong>tudor-tyyliin<\/strong>, kyll\u00e4, P\u00edsekiss\u00e4, Etel\u00e4-B\u00f6\u00f6miss\u00e4, n\u00e4ytt\u00e4\u00e4 kuin olisit siirtynyt jonnekin Englannin maaseudulle. Se on <strong>kansallinen kulttuurimuistomerkki<\/strong> ja yksi kauneimmista siittoloista koko Euroopassa.<\/p>\n\n\n\n<p class=\"wp-block-paragraph\">Ja nyt sellainen herkkupala historian yst\u00e4ville: ori nimelt\u00e4 <strong>Ardo<\/strong>, joka asui t\u00e4\u00e4ll\u00e4, toimi perim\u00e4tiedon mukaan <strong>mallina pyh\u00e4n Vaclavin patsaalle<\/strong> Prahan Vaclavinaukiolla. Joten aina kun kuljet sen patsaan ohi, <strong>tied\u00e4, ett\u00e4 se hevonen on oikeastaan P\u00edsekist\u00e4.<\/strong> \ud83d\ude04<\/p>\n\n\n\n<p class=\"wp-block-paragraph\"><strong>Opastetut kierrokset<\/strong> <strong>kest\u00e4v\u00e4t<\/strong> <strong>1\u20131,5 tuntia<\/strong>, opas vie sinut talleihin, ratsastuskent\u00e4lle ja historiallisiin tiloihin. P\u00e4\u00e4symaksu <strong>6 \u20ac aikuiset<\/strong>, <strong>4 \u20ac lapset<\/strong>. Ja nyt t\u00e4rke\u00e4 varoitus, joka s\u00e4\u00e4st\u00e4\u00e4 sinut ongelmalta lippuluukulla: <strong>he ottavat VAIN K\u00c4TEIST\u00c4!<\/strong> Ei kortteja, ei mobiilia. Ota kolikot mukaan.<\/p>\n\n\n\n<h3 class=\"wp-block-heading\"><span class=\"ez-toc-section\" id=\"6_Neitsyt_Marian_syntyman_kirkko\"><\/span>6. Neitsyt Marian syntym\u00e4n kirkko<span class=\"ez-toc-section-end\"><\/span><\/h3>\n\n\n\n<figure data-wp-context=\"{&quot;imageId&quot;:&quot;6a9519ace85cb&quot;}\" data-wp-interactive=\"core\/image\" data-wp-key=\"6a9519ace85cb\" class=\"wp-block-image size-full wp-lightbox-container\"><img decoding=\"async\" width=\"2200\" height=\"1467\" data-wp-class--hide=\"state.isContentHidden\" data-wp-class--show=\"state.isContentVisible\" data-wp-init=\"callbacks.setButtonStyles\" data-wp-on--click=\"actions.showLightbox\" data-wp-on--load=\"callbacks.setButtonStyles\" data-wp-on--pointerdown=\"actions.preloadImage\" data-wp-on--pointerenter=\"actions.preloadImageWithDelay\" data-wp-on--pointerleave=\"actions.cancelPreload\" data-wp-on-window--resize=\"callbacks.setButtonStyles\" src=\"https:\/\/loudavymkrokem.cz\/wp-content\/uploads\/2026\/08\/pisek-kostel-narozeni-panny-marie.jpg\" alt=\"Goottilainen Neitsyt Marian syntym\u00e4n kirkko P\u00edsekiss\u00e4\" class=\"wp-image-399350\" title=\"\" srcset=\"https:\/\/loudavymkrokem.cz\/wp-content\/uploads\/2026\/08\/pisek-kostel-narozeni-panny-marie.jpg 2200w, https:\/\/loudavymkrokem.cz\/wp-content\/uploads\/2026\/08\/pisek-kostel-narozeni-panny-marie-300x200.jpg 300w, https:\/\/loudavymkrokem.cz\/wp-content\/uploads\/2026\/08\/pisek-kostel-narozeni-panny-marie-700x467.jpg 700w, https:\/\/loudavymkrokem.cz\/wp-content\/uploads\/2026\/08\/pisek-kostel-narozeni-panny-marie-768x512.jpg 768w, https:\/\/loudavymkrokem.cz\/wp-content\/uploads\/2026\/08\/pisek-kostel-narozeni-panny-marie-1536x1024.jpg 1536w, https:\/\/loudavymkrokem.cz\/wp-content\/uploads\/2026\/08\/pisek-kostel-narozeni-panny-marie-2048x1366.jpg 2048w, https:\/\/loudavymkrokem.cz\/wp-content\/uploads\/2026\/08\/pisek-kostel-narozeni-panny-marie-696x464.jpg 696w, https:\/\/loudavymkrokem.cz\/wp-content\/uploads\/2026\/08\/pisek-kostel-narozeni-panny-marie-1392x928.jpg 1392w, https:\/\/loudavymkrokem.cz\/wp-content\/uploads\/2026\/08\/pisek-kostel-narozeni-panny-marie-1920x1280.jpg 1920w\" sizes=\"(max-width: 2200px) 100vw, 2200px\" \/><button\n\t\t\tclass=\"lightbox-trigger\"\n\t\t\ttype=\"button\"\n\t\t\taria-haspopup=\"dialog\"\n\t\t\tdata-wp-bind--aria-label=\"state.thisImage.triggerButtonAriaLabel\"\n\t\t\tdata-wp-init=\"callbacks.initTriggerButton\"\n\t\t\tdata-wp-on--click=\"actions.showLightbox\"\n\t\t\tdata-wp-style--right=\"state.thisImage.buttonRight\"\n\t\t\tdata-wp-style--top=\"state.thisImage.buttonTop\"\n\t\t>\n\t\t\t<svg xmlns=\"http:\/\/www.w3.org\/2000\/svg\" width=\"12\" height=\"12\" fill=\"none\" viewBox=\"0 0 12 12\">\n\t\t\t\t<path fill=\"#fff\" d=\"M2 0a2 2 0 0 0-2 2v2h1.5V2a.5.5 0 0 1 .5-.5h2V0H2Zm2 10.5H2a.5.5 0 0 1-.5-.5V8H0v2a2 2 0 0 0 2 2h2v-1.5ZM8 12v-1.5h2a.5.5 0 0 0 .5-.5V8H12v2a2 2 0 0 1-2 2H8Zm2-12a2 2 0 0 1 2 2v2h-1.5V2a.5.5 0 0 0-.5-.5H8V0h2Z\" \/>\n\t\t\t<\/svg>\n\t\t<\/button><\/figure>\n\n\n\n<p class=\"wp-block-paragraph\">T\u00e4m\u00e4n kirkon torni on sellainen maamerkki, jonka n\u00e4et P\u00edsekist\u00e4 melkein joka paikasta \u2013 torni on yli 70 metri\u00e4 korkea ja n\u00e4k\u00f6alapaikka on <strong>42 metriss\u00e4<\/strong>, ken ei pelk\u00e4\u00e4, kiipe\u00e4\u00e4 yl\u00f6s <strong>210 porrasta<\/strong>. N\u00e4kym\u00e4 kaupunkiin ja ymp\u00e4rist\u00f6\u00f6n on heng\u00e4stymisen arvoinen, sen takaan sinulle. Mutta aivan kiinnostavin asia t\u00e4ss\u00e4 kirkossa on <strong>tornin kello<\/strong>. Katso sit\u00e4 tarkkaan, jokin ei t\u00e4sm\u00e4\u00e4.<\/p>\n\n\n\n<p class=\"wp-block-paragraph\">Keksitk\u00f6? <strong>Pieni viisari n\u00e4ytt\u00e4\u00e4 minuutit ja iso tunnit.<\/strong> Aivan p\u00e4invastoin kuin olet tottunut. Kukaan ei tarkalleen tied\u00e4 miksi, teorioita on useita, mutta lopputulos on se, ett\u00e4 melkein jokainen turisti katsoo sit\u00e4 kelloa h\u00e4mmentyneen\u00e4 ja paikalliset nauravat hiljaa. Paikalliset ovat viihtyneet sen parissa sukupolvien ajan. Ja toinen pieni hauska fakta? Kun katsot kelloa oikeasta kulmasta, tunnistat siit\u00e4 p\u00f6ll\u00f6n.<\/p>\n\n\n\n<p class=\"wp-block-paragraph\"><strong>T\u00e4rke\u00e4\u00e4:<\/strong> Torniin p\u00e4\u00e4see <strong>vain ennakkovarauksella<\/strong>, joten suunnittele se etuk\u00e4teen. Tiedot saat kaupungin infopisteest\u00e4.<\/p>\n\n\n\n<h3 class=\"wp-block-heading\"><span class=\"ez-toc-section\" id=\"7_Velke-_ja_Alsovo-aukiot_ja_Kompastuskivet\"><\/span>7. Velk\u00e9- ja Al\u0161ovo-aukiot ja Kompastuskivet<span class=\"ez-toc-section-end\"><\/span><\/h3>\n\n\n\n<figure data-wp-context=\"{&quot;imageId&quot;:&quot;6a9519ace8d92&quot;}\" data-wp-interactive=\"core\/image\" data-wp-key=\"6a9519ace8d92\" class=\"wp-block-image size-full wp-lightbox-container\"><img decoding=\"async\" width=\"2200\" height=\"1467\" data-wp-class--hide=\"state.isContentHidden\" data-wp-class--show=\"state.isContentVisible\" data-wp-init=\"callbacks.setButtonStyles\" data-wp-on--click=\"actions.showLightbox\" data-wp-on--load=\"callbacks.setButtonStyles\" data-wp-on--pointerdown=\"actions.preloadImage\" data-wp-on--pointerenter=\"actions.preloadImageWithDelay\" data-wp-on--pointerleave=\"actions.cancelPreload\" data-wp-on-window--resize=\"callbacks.setButtonStyles\" src=\"https:\/\/loudavymkrokem.cz\/wp-content\/uploads\/2026\/08\/pisek-velke-namesti-vez-kostela.jpg\" alt=\"Velk\u00e9 n\u00e1m\u011bst\u00ed -aukio P\u00edsekiss\u00e4 Neitsyt Marian syntym\u00e4n kirkon tornin kanssa\" class=\"wp-image-399352\" title=\"\" srcset=\"https:\/\/loudavymkrokem.cz\/wp-content\/uploads\/2026\/08\/pisek-velke-namesti-vez-kostela.jpg 2200w, https:\/\/loudavymkrokem.cz\/wp-content\/uploads\/2026\/08\/pisek-velke-namesti-vez-kostela-300x200.jpg 300w, https:\/\/loudavymkrokem.cz\/wp-content\/uploads\/2026\/08\/pisek-velke-namesti-vez-kostela-700x467.jpg 700w, https:\/\/loudavymkrokem.cz\/wp-content\/uploads\/2026\/08\/pisek-velke-namesti-vez-kostela-768x512.jpg 768w, https:\/\/loudavymkrokem.cz\/wp-content\/uploads\/2026\/08\/pisek-velke-namesti-vez-kostela-1536x1024.jpg 1536w, https:\/\/loudavymkrokem.cz\/wp-content\/uploads\/2026\/08\/pisek-velke-namesti-vez-kostela-2048x1366.jpg 2048w, https:\/\/loudavymkrokem.cz\/wp-content\/uploads\/2026\/08\/pisek-velke-namesti-vez-kostela-696x464.jpg 696w, https:\/\/loudavymkrokem.cz\/wp-content\/uploads\/2026\/08\/pisek-velke-namesti-vez-kostela-1392x928.jpg 1392w, https:\/\/loudavymkrokem.cz\/wp-content\/uploads\/2026\/08\/pisek-velke-namesti-vez-kostela-1920x1280.jpg 1920w\" sizes=\"(max-width: 2200px) 100vw, 2200px\" \/><button\n\t\t\tclass=\"lightbox-trigger\"\n\t\t\ttype=\"button\"\n\t\t\taria-haspopup=\"dialog\"\n\t\t\tdata-wp-bind--aria-label=\"state.thisImage.triggerButtonAriaLabel\"\n\t\t\tdata-wp-init=\"callbacks.initTriggerButton\"\n\t\t\tdata-wp-on--click=\"actions.showLightbox\"\n\t\t\tdata-wp-style--right=\"state.thisImage.buttonRight\"\n\t\t\tdata-wp-style--top=\"state.thisImage.buttonTop\"\n\t\t>\n\t\t\t<svg xmlns=\"http:\/\/www.w3.org\/2000\/svg\" width=\"12\" height=\"12\" fill=\"none\" viewBox=\"0 0 12 12\">\n\t\t\t\t<path fill=\"#fff\" d=\"M2 0a2 2 0 0 0-2 2v2h1.5V2a.5.5 0 0 1 .5-.5h2V0H2Zm2 10.5H2a.5.5 0 0 1-.5-.5V8H0v2a2 2 0 0 0 2 2h2v-1.5ZM8 12v-1.5h2a.5.5 0 0 0 .5-.5V8H12v2a2 2 0 0 1-2 2H8Zm2-12a2 2 0 0 1 2 2v2h-1.5V2a.5.5 0 0 0-.5-.5H8V0h2Z\" \/>\n\t\t\t<\/svg>\n\t\t<\/button><\/figure>\n\n\n\n<p class=\"wp-block-paragraph\">P\u00edsekin molemmat p\u00e4\u00e4aukiot ovat yhteydess\u00e4 toisiinsa ja muodostavat kaupungin syd\u00e4men: Velk\u00e9 n\u00e1m\u011bst\u00ed on se edustava raatihuoneineen ja suihkul\u00e4hteineen, Al\u0161ovo on rauhallisempi, kirjastoineen ja puineen. Niill\u00e4 k\u00e4vely on miellytt\u00e4v\u00e4\u00e4 milloin tahansa, mutta haluaisin kiinnitt\u00e4\u00e4 huomiosi yhteen asiaan, jonka ohittaa helposti, jos et tied\u00e4 siit\u00e4.<\/p>\n\n\n\n<p class=\"wp-block-paragraph\">P\u00edsekin keskustan jalkak\u00e4yt\u00e4vill\u00e4 l\u00f6yd\u00e4t <strong>Kompastuskivi\u00e4<\/strong>, niin sanottuja <strong>Stolpersteine-kivi\u00e4<\/strong>. Ne ovat pieni\u00e4 <strong>messinkilaattoja<\/strong>, jotka on upotettu katukiveykseen, jokaisessa nimi, syntym\u00e4aika ja sen ihmisen kohtalo, joka asui sill\u00e4 paikalla ja joutui holokaustin uhriksi. L\u00f6yd\u00e4t ne <strong>Heydukova-kadulta, \u017di\u017ekova-kadulta ja Velk\u00e9 n\u00e1m\u011bst\u00ed -aukiolta<\/strong>.<\/p>\n\n\n\n<p class=\"wp-block-paragraph\">Aina kun kuljen niiden ohi, pys\u00e4hdyn hetkeksi. Ne pakottavat tajuamaan, ett\u00e4 n\u00e4m\u00e4 eiv\u00e4t ole vain nimi\u00e4 oppikirjasta. He olivat naapureita, kauppiaita, ihmisi\u00e4, jotka k\u00e4veliv\u00e4t samoilla kaduilla kuin me t\u00e4n\u00e4\u00e4n. Se on hiljainen, arvokas muistutus, ja mielest\u00e4ni sit\u00e4 ei tulisi ohittaa kenenk\u00e4\u00e4n, joka P\u00edsekiss\u00e4 vierailee.<\/p>\n\n\n\n<h3 class=\"wp-block-heading\"><span class=\"ez-toc-section\" id=\"8_Marian_ruttoveistosryhma_Alsovo-aukiolla\"><\/span>8. Marian ruttoveistosryhm\u00e4 Al\u0161ovo-aukiolla<span class=\"ez-toc-section-end\"><\/span><\/h3>\n\n\n\n<figure data-wp-context=\"{&quot;imageId&quot;:&quot;6a9519ace944e&quot;}\" data-wp-interactive=\"core\/image\" data-wp-key=\"6a9519ace944e\" class=\"wp-block-image size-full wp-lightbox-container\"><img decoding=\"async\" width=\"2200\" height=\"1467\" data-wp-class--hide=\"state.isContentHidden\" data-wp-class--show=\"state.isContentVisible\" data-wp-init=\"callbacks.setButtonStyles\" data-wp-on--click=\"actions.showLightbox\" data-wp-on--load=\"callbacks.setButtonStyles\" data-wp-on--pointerdown=\"actions.preloadImage\" data-wp-on--pointerenter=\"actions.preloadImageWithDelay\" data-wp-on--pointerleave=\"actions.cancelPreload\" data-wp-on-window--resize=\"callbacks.setButtonStyles\" src=\"https:\/\/loudavymkrokem.cz\/wp-content\/uploads\/2026\/08\/pisek-marianske-sousosi-alsovo-namesti.jpg\" alt=\"Marian ruttoveistosryhm\u00e4 Al\u0161ovo n\u00e1m\u011bst\u00ed -aukiolla P\u00edsekiss\u00e4\" class=\"wp-image-399355\" title=\"\" srcset=\"https:\/\/loudavymkrokem.cz\/wp-content\/uploads\/2026\/08\/pisek-marianske-sousosi-alsovo-namesti.jpg 2200w, https:\/\/loudavymkrokem.cz\/wp-content\/uploads\/2026\/08\/pisek-marianske-sousosi-alsovo-namesti-300x200.jpg 300w, https:\/\/loudavymkrokem.cz\/wp-content\/uploads\/2026\/08\/pisek-marianske-sousosi-alsovo-namesti-700x467.jpg 700w, https:\/\/loudavymkrokem.cz\/wp-content\/uploads\/2026\/08\/pisek-marianske-sousosi-alsovo-namesti-768x512.jpg 768w, https:\/\/loudavymkrokem.cz\/wp-content\/uploads\/2026\/08\/pisek-marianske-sousosi-alsovo-namesti-1536x1024.jpg 1536w, https:\/\/loudavymkrokem.cz\/wp-content\/uploads\/2026\/08\/pisek-marianske-sousosi-alsovo-namesti-2048x1366.jpg 2048w, https:\/\/loudavymkrokem.cz\/wp-content\/uploads\/2026\/08\/pisek-marianske-sousosi-alsovo-namesti-696x464.jpg 696w, https:\/\/loudavymkrokem.cz\/wp-content\/uploads\/2026\/08\/pisek-marianske-sousosi-alsovo-namesti-1392x928.jpg 1392w, https:\/\/loudavymkrokem.cz\/wp-content\/uploads\/2026\/08\/pisek-marianske-sousosi-alsovo-namesti-1920x1280.jpg 1920w\" sizes=\"(max-width: 2200px) 100vw, 2200px\" \/><button\n\t\t\tclass=\"lightbox-trigger\"\n\t\t\ttype=\"button\"\n\t\t\taria-haspopup=\"dialog\"\n\t\t\tdata-wp-bind--aria-label=\"state.thisImage.triggerButtonAriaLabel\"\n\t\t\tdata-wp-init=\"callbacks.initTriggerButton\"\n\t\t\tdata-wp-on--click=\"actions.showLightbox\"\n\t\t\tdata-wp-style--right=\"state.thisImage.buttonRight\"\n\t\t\tdata-wp-style--top=\"state.thisImage.buttonTop\"\n\t\t>\n\t\t\t<svg xmlns=\"http:\/\/www.w3.org\/2000\/svg\" width=\"12\" height=\"12\" fill=\"none\" viewBox=\"0 0 12 12\">\n\t\t\t\t<path fill=\"#fff\" d=\"M2 0a2 2 0 0 0-2 2v2h1.5V2a.5.5 0 0 1 .5-.5h2V0H2Zm2 10.5H2a.5.5 0 0 1-.5-.5V8H0v2a2 2 0 0 0 2 2h2v-1.5ZM8 12v-1.5h2a.5.5 0 0 0 .5-.5V8H12v2a2 2 0 0 1-2 2H8Zm2-12a2 2 0 0 1 2 2v2h-1.5V2a.5.5 0 0 0-.5-.5H8V0h2Z\" \/>\n\t\t\t<\/svg>\n\t\t<\/button><\/figure>\n\n\n\n<p class=\"wp-block-paragraph\">Al\u0161ovo-aukiolla seisoo <strong>barokkiaikainen ruttopatsas vuosilta 1713\u20131714<\/strong>, jonka kaupunki rakennutti kiitokseksi ruttoepidemian v\u00e4istymisest\u00e4. Huipulla on <strong>Neitsyt Maria<\/strong>, h\u00e4nen alapuolellaan <strong>10 pyhimyst\u00e4<\/strong>: rutontorjunnan suojeluspyh\u00e4t, kaupungin suojelijat. Tekij\u00e4 on kuvanveist\u00e4j\u00e4 <strong>Christian Widemann<\/strong> ja koko kokonaisuus on yll\u00e4tt\u00e4v\u00e4n dynaaminen ja yksityiskohtainen ottaen huomioon, kuinka pieni aukio se oikeastaan on.<\/p>\n\n\n\n<p class=\"wp-block-paragraph\">Jos pid\u00e4t barokista, t\u00e4m\u00e4 on yksi kauniimmista ruttopatsaista Etel\u00e4-B\u00f6\u00f6miss\u00e4. Ja vaikka barokki ei olisikaan sinun juttusi, pys\u00e4hdy sen luona edes hetkeksi \u2013 vanhan veistosryhm\u00e4n kontrasti ymp\u00e4rill\u00e4 olevien kahviloiden kanssa on oma taikansa.<\/p>\n\n\n\n<h3 class=\"wp-block-heading\"><span class=\"ez-toc-section\" id=\"9_Kasarmit\"><\/span>9. Kasarmit<span class=\"ez-toc-section-end\"><\/span><\/h3>\n\n\n\n<p class=\"wp-block-paragraph\">Entiset <strong>\u017di\u017ekovin kasarmit<\/strong> \u017di\u017ekova-kadulla ovat <strong>suojeltuja<\/strong> ja muuttuvat v\u00e4hitellen. En valehtele sinulle \u2013 se ei ole paikka, jonne menisit tarkoituksella kahdeksi tunniksi, mutta jos kuljet \u017di\u017ekova-katua pitkin, huomaa ne mahtavat rakennukset ja kuvittele, kuinka monta sotilasta t\u00e4\u00e4ll\u00e4 on vuosisatojen aikana kulkenut. P\u00edsekill\u00e4 on aina ollut vahva sotilasperinne ja n\u00e4m\u00e4 kasarmit ovat sen konkreettinen muistutus.<\/p>\n\n\n\n<h3 class=\"wp-block-heading\"><span class=\"ez-toc-section\" id=\"10_Kaupungin_raatihuone\"><\/span>10. Kaupungin raatihuone<span class=\"ez-toc-section-end\"><\/span><\/h3>\n\n\n\n<figure data-wp-context=\"{&quot;imageId&quot;:&quot;6a9519ace9bb9&quot;}\" data-wp-interactive=\"core\/image\" data-wp-key=\"6a9519ace9bb9\" class=\"wp-block-image size-full wp-lightbox-container\"><img decoding=\"async\" width=\"2200\" height=\"1467\" data-wp-class--hide=\"state.isContentHidden\" data-wp-class--show=\"state.isContentVisible\" data-wp-init=\"callbacks.setButtonStyles\" data-wp-on--click=\"actions.showLightbox\" data-wp-on--load=\"callbacks.setButtonStyles\" data-wp-on--pointerdown=\"actions.preloadImage\" data-wp-on--pointerenter=\"actions.preloadImageWithDelay\" data-wp-on--pointerleave=\"actions.cancelPreload\" data-wp-on-window--resize=\"callbacks.setButtonStyles\" src=\"https:\/\/loudavymkrokem.cz\/wp-content\/uploads\/2026\/08\/pisek-radnice-veze.jpg\" alt=\"Barokkiaikainen kaksitorninen raatihuone Velk\u00e9 n\u00e1m\u011bst\u00ed -aukiolla P\u00edsekiss\u00e4\" class=\"wp-image-399357\" title=\"\" srcset=\"https:\/\/loudavymkrokem.cz\/wp-content\/uploads\/2026\/08\/pisek-radnice-veze.jpg 2200w, https:\/\/loudavymkrokem.cz\/wp-content\/uploads\/2026\/08\/pisek-radnice-veze-300x200.jpg 300w, https:\/\/loudavymkrokem.cz\/wp-content\/uploads\/2026\/08\/pisek-radnice-veze-700x467.jpg 700w, https:\/\/loudavymkrokem.cz\/wp-content\/uploads\/2026\/08\/pisek-radnice-veze-768x512.jpg 768w, https:\/\/loudavymkrokem.cz\/wp-content\/uploads\/2026\/08\/pisek-radnice-veze-1536x1024.jpg 1536w, https:\/\/loudavymkrokem.cz\/wp-content\/uploads\/2026\/08\/pisek-radnice-veze-2048x1366.jpg 2048w, https:\/\/loudavymkrokem.cz\/wp-content\/uploads\/2026\/08\/pisek-radnice-veze-696x464.jpg 696w, https:\/\/loudavymkrokem.cz\/wp-content\/uploads\/2026\/08\/pisek-radnice-veze-1392x928.jpg 1392w, https:\/\/loudavymkrokem.cz\/wp-content\/uploads\/2026\/08\/pisek-radnice-veze-1920x1280.jpg 1920w\" sizes=\"(max-width: 2200px) 100vw, 2200px\" \/><button\n\t\t\tclass=\"lightbox-trigger\"\n\t\t\ttype=\"button\"\n\t\t\taria-haspopup=\"dialog\"\n\t\t\tdata-wp-bind--aria-label=\"state.thisImage.triggerButtonAriaLabel\"\n\t\t\tdata-wp-init=\"callbacks.initTriggerButton\"\n\t\t\tdata-wp-on--click=\"actions.showLightbox\"\n\t\t\tdata-wp-style--right=\"state.thisImage.buttonRight\"\n\t\t\tdata-wp-style--top=\"state.thisImage.buttonTop\"\n\t\t>\n\t\t\t<svg xmlns=\"http:\/\/www.w3.org\/2000\/svg\" width=\"12\" height=\"12\" fill=\"none\" viewBox=\"0 0 12 12\">\n\t\t\t\t<path fill=\"#fff\" d=\"M2 0a2 2 0 0 0-2 2v2h1.5V2a.5.5 0 0 1 .5-.5h2V0H2Zm2 10.5H2a.5.5 0 0 1-.5-.5V8H0v2a2 2 0 0 0 2 2h2v-1.5ZM8 12v-1.5h2a.5.5 0 0 0 .5-.5V8H12v2a2 2 0 0 1-2 2H8Zm2-12a2 2 0 0 1 2 2v2h-1.5V2a.5.5 0 0 0-.5-.5H8V0h2Z\" \/>\n\t\t\t<\/svg>\n\t\t<\/button><\/figure>\n\n\n\n<p class=\"wp-block-paragraph\"><strong>Barokkiaikainen raatihuone<\/strong> Velk\u00e9 n\u00e1m\u011bst\u00ed -aukiolla rakennettiin vuosina <strong>1740\u20131767<\/strong> ja sen <strong>sipulikupolinen torni<\/strong> kuuluu kaupungin valokuvauksellisimpiin siluetteihin. Tornista avataan toisinaan <strong>n\u00e4k\u00f6ala<\/strong>, josta on kaunis n\u00e4kym\u00e4 aukiolle, kaupungin katoille ja selke\u00e4ll\u00e4 s\u00e4\u00e4ll\u00e4 jopa \u0160umavan kukkuloille kaukaisuudessa.<\/p>\n\n\n\n<p class=\"wp-block-paragraph\">Raatihuone sin\u00e4ns\u00e4 on yh\u00e4 toiminnassa, siin\u00e4 toimii kaupunginvirasto, joten sis\u00e4\u00e4n et vain noin vain p\u00e4\u00e4se, mutta ulkopuoli on upea. Se l\u00e4mmin keltainen julkisivun s\u00e4vy, barokkiaikaiset p\u00e4\u00e4dyt, tornin kello&#8230; Aina kun kuljen aukion halki, katson siihen automaattisesti.<\/p>\n\n\n\n<h3 class=\"wp-block-heading\"><span class=\"ez-toc-section\" id=\"11_Pyhan_ristin_ylentamisen_kirkko\"><\/span>11. Pyh\u00e4n ristin ylent\u00e4misen kirkko<span class=\"ez-toc-section-end\"><\/span><\/h3>\n\n\n\n<figure data-wp-context=\"{&quot;imageId&quot;:&quot;6a9519acea225&quot;}\" data-wp-interactive=\"core\/image\" data-wp-key=\"6a9519acea225\" class=\"wp-block-image size-full wp-lightbox-container\"><img decoding=\"async\" width=\"2200\" height=\"1467\" data-wp-class--hide=\"state.isContentHidden\" data-wp-class--show=\"state.isContentVisible\" data-wp-init=\"callbacks.setButtonStyles\" data-wp-on--click=\"actions.showLightbox\" data-wp-on--load=\"callbacks.setButtonStyles\" data-wp-on--pointerdown=\"actions.preloadImage\" data-wp-on--pointerenter=\"actions.preloadImageWithDelay\" data-wp-on--pointerleave=\"actions.cancelPreload\" data-wp-on-window--resize=\"callbacks.setButtonStyles\" src=\"https:\/\/loudavymkrokem.cz\/wp-content\/uploads\/2026\/08\/pisek-kostel-povyseni-sv-krize.jpg\" alt=\"Pyh\u00e4n ristin ylent\u00e4misen kirkko P\u00edsekiss\u00e4 sgraffito-julkisivulla\" class=\"wp-image-399359\" title=\"\" srcset=\"https:\/\/loudavymkrokem.cz\/wp-content\/uploads\/2026\/08\/pisek-kostel-povyseni-sv-krize.jpg 2200w, https:\/\/loudavymkrokem.cz\/wp-content\/uploads\/2026\/08\/pisek-kostel-povyseni-sv-krize-300x200.jpg 300w, https:\/\/loudavymkrokem.cz\/wp-content\/uploads\/2026\/08\/pisek-kostel-povyseni-sv-krize-700x467.jpg 700w, https:\/\/loudavymkrokem.cz\/wp-content\/uploads\/2026\/08\/pisek-kostel-povyseni-sv-krize-768x512.jpg 768w, https:\/\/loudavymkrokem.cz\/wp-content\/uploads\/2026\/08\/pisek-kostel-povyseni-sv-krize-1536x1024.jpg 1536w, https:\/\/loudavymkrokem.cz\/wp-content\/uploads\/2026\/08\/pisek-kostel-povyseni-sv-krize-2048x1366.jpg 2048w, https:\/\/loudavymkrokem.cz\/wp-content\/uploads\/2026\/08\/pisek-kostel-povyseni-sv-krize-696x464.jpg 696w, https:\/\/loudavymkrokem.cz\/wp-content\/uploads\/2026\/08\/pisek-kostel-povyseni-sv-krize-1392x928.jpg 1392w, https:\/\/loudavymkrokem.cz\/wp-content\/uploads\/2026\/08\/pisek-kostel-povyseni-sv-krize-1920x1280.jpg 1920w\" sizes=\"(max-width: 2200px) 100vw, 2200px\" \/><button\n\t\t\tclass=\"lightbox-trigger\"\n\t\t\ttype=\"button\"\n\t\t\taria-haspopup=\"dialog\"\n\t\t\tdata-wp-bind--aria-label=\"state.thisImage.triggerButtonAriaLabel\"\n\t\t\tdata-wp-init=\"callbacks.initTriggerButton\"\n\t\t\tdata-wp-on--click=\"actions.showLightbox\"\n\t\t\tdata-wp-style--right=\"state.thisImage.buttonRight\"\n\t\t\tdata-wp-style--top=\"state.thisImage.buttonTop\"\n\t\t>\n\t\t\t<svg xmlns=\"http:\/\/www.w3.org\/2000\/svg\" width=\"12\" height=\"12\" fill=\"none\" viewBox=\"0 0 12 12\">\n\t\t\t\t<path fill=\"#fff\" d=\"M2 0a2 2 0 0 0-2 2v2h1.5V2a.5.5 0 0 1 .5-.5h2V0H2Zm2 10.5H2a.5.5 0 0 1-.5-.5V8H0v2a2 2 0 0 0 2 2h2v-1.5ZM8 12v-1.5h2a.5.5 0 0 0 .5-.5V8H12v2a2 2 0 0 1-2 2H8Zm2-12a2 2 0 0 1 2 2v2h-1.5V2a.5.5 0 0 0-.5-.5H8V0h2Z\" \/>\n\t\t\t<\/svg>\n\t\t<\/button><\/figure>\n\n\n\n<p class=\"wp-block-paragraph\">Toinen kirkko, jonka P\u00edsekiss\u00e4 perusti <strong>P\u0159emysl Otakar II<\/strong> <strong>1200-luvulla<\/strong> \u2013 t\u00e4ll\u00e4 kuninkaalla oli t\u00e4\u00e4ll\u00e4 ilmeisesti rakennuskuume. Kirkko kiehtoo minua kahdesta syyst\u00e4. Ensinn\u00e4kin, sill\u00e4 on kaunis <strong>renessanssiajan sgraffito<\/strong> julkisivussa, joka on etel\u00e4b\u00f6\u00f6mil\u00e4iselle kirkolle ep\u00e4tavallisen rikas ja ty\u00f6stetty. Toiseksi, ja t\u00e4m\u00e4n arvostavat etenkin sakraaliarkkitehtuurista kiinnostuneet \u2013 sill\u00e4 on <strong>k\u00e4\u00e4nteinen orientaatio<\/strong>, alttari osoittaa l\u00e4nteen. Se syntyi nimitt\u00e4in dominikaanien luostarikirkosta ja nykyisen muotonsa se sai 1600-luvun uudistuksessa, sakraaliarkkitehtuurin yst\u00e4vi\u00e4 se sekoittaa varmasti.<\/p>\n\n\n\n<p class=\"wp-block-paragraph\">Ulkoa se n\u00e4ytt\u00e4\u00e4 hieman huomaamattomalta, joten moni ohittaa sen. \u00c4l\u00e4 tee samaa virhett\u00e4.<\/p>\n\n\n\n<h3 class=\"wp-block-heading\"><span class=\"ez-toc-section\" id=\"12_Lihakaupat\"><\/span>12. Lihakaupat<span class=\"ez-toc-section-end\"><\/span><\/h3>\n\n\n\n<p class=\"wp-block-paragraph\">Lihakaupat (Masn\u00e9 kr\u00e1my) ovat toimineet P\u00edsekiss\u00e4 <strong>jo keskiajalta<\/strong>. Se on <strong>katettu kuja<\/strong> Velk\u00e9 n\u00e1m\u011bst\u00ed -aukion etel\u00e4reunassa, ja molemmilla puolilla on pieni\u00e4 <strong>myym\u00e4l\u00f6it\u00e4<\/strong> (nyky\u00e4\u00e4n niit\u00e4 on yli 20), joissa myyd\u00e4\u00e4n keramiikasta koruihin ja paikallisiin elintarvikkeisiin.<\/p>\n\n\n\n<p class=\"wp-block-paragraph\">Pienten lasten mielest\u00e4 se kuja voi vaikuttaa hieman pime\u00e4lt\u00e4 ja salaper\u00e4iselt\u00e4, mutta juuri siin\u00e4 on sen taika. Tuolla kapealla kujalla on tunnelma, jota ostoskeskukset ymp\u00e4ri maailmaa keinotekoisesti kopioivat, ja t\u00e4\u00e4ll\u00e4 on alkuper\u00e4inen keskiaikaisin juurin. Se on lis\u00e4ksi loistava oikotie aukiolta Ningrova-kadulle.<\/p>\n\n\n\n<h3 class=\"wp-block-heading\"><span class=\"ez-toc-section\" id=\"13_Kaupunginkirjasto_ja_kahvila_Upekla\"><\/span>13. Kaupunginkirjasto ja kahvila Upekla<span class=\"ez-toc-section-end\"><\/span><\/h3>\n\n\n\n<figure data-wp-context=\"{&quot;imageId&quot;:&quot;6a9519acea776&quot;}\" data-wp-interactive=\"core\/image\" data-wp-key=\"6a9519acea776\" class=\"wp-block-image size-full wp-lightbox-container\"><img decoding=\"async\" width=\"2200\" height=\"1650\" data-wp-class--hide=\"state.isContentHidden\" data-wp-class--show=\"state.isContentVisible\" data-wp-init=\"callbacks.setButtonStyles\" data-wp-on--click=\"actions.showLightbox\" data-wp-on--load=\"callbacks.setButtonStyles\" data-wp-on--pointerdown=\"actions.preloadImage\" data-wp-on--pointerenter=\"actions.preloadImageWithDelay\" data-wp-on--pointerleave=\"actions.cancelPreload\" data-wp-on-window--resize=\"callbacks.setButtonStyles\" src=\"https:\/\/loudavymkrokem.cz\/wp-content\/uploads\/2026\/08\/pisek-knihovna-vnitroblok-piskoviste-upekla.jpg\" alt=\"P\u00edsekin kaupunginkirjaston sis\u00e4piha hiekkalaatikolla kahvila Upeklan luona\" class=\"wp-image-399544\" title=\"\" srcset=\"https:\/\/loudavymkrokem.cz\/wp-content\/uploads\/2026\/08\/pisek-knihovna-vnitroblok-piskoviste-upekla.jpg 2200w, https:\/\/loudavymkrokem.cz\/wp-content\/uploads\/2026\/08\/pisek-knihovna-vnitroblok-piskoviste-upekla-300x225.jpg 300w, https:\/\/loudavymkrokem.cz\/wp-content\/uploads\/2026\/08\/pisek-knihovna-vnitroblok-piskoviste-upekla-700x525.jpg 700w, https:\/\/loudavymkrokem.cz\/wp-content\/uploads\/2026\/08\/pisek-knihovna-vnitroblok-piskoviste-upekla-768x576.jpg 768w, https:\/\/loudavymkrokem.cz\/wp-content\/uploads\/2026\/08\/pisek-knihovna-vnitroblok-piskoviste-upekla-1536x1152.jpg 1536w, https:\/\/loudavymkrokem.cz\/wp-content\/uploads\/2026\/08\/pisek-knihovna-vnitroblok-piskoviste-upekla-2048x1536.jpg 2048w, https:\/\/loudavymkrokem.cz\/wp-content\/uploads\/2026\/08\/pisek-knihovna-vnitroblok-piskoviste-upekla-80x60.jpg 80w, https:\/\/loudavymkrokem.cz\/wp-content\/uploads\/2026\/08\/pisek-knihovna-vnitroblok-piskoviste-upekla-160x120.jpg 160w, https:\/\/loudavymkrokem.cz\/wp-content\/uploads\/2026\/08\/pisek-knihovna-vnitroblok-piskoviste-upekla-696x522.jpg 696w, https:\/\/loudavymkrokem.cz\/wp-content\/uploads\/2026\/08\/pisek-knihovna-vnitroblok-piskoviste-upekla-1392x1044.jpg 1392w, https:\/\/loudavymkrokem.cz\/wp-content\/uploads\/2026\/08\/pisek-knihovna-vnitroblok-piskoviste-upekla-1920x1440.jpg 1920w\" sizes=\"(max-width: 2200px) 100vw, 2200px\" \/><button\n\t\t\tclass=\"lightbox-trigger\"\n\t\t\ttype=\"button\"\n\t\t\taria-haspopup=\"dialog\"\n\t\t\tdata-wp-bind--aria-label=\"state.thisImage.triggerButtonAriaLabel\"\n\t\t\tdata-wp-init=\"callbacks.initTriggerButton\"\n\t\t\tdata-wp-on--click=\"actions.showLightbox\"\n\t\t\tdata-wp-style--right=\"state.thisImage.buttonRight\"\n\t\t\tdata-wp-style--top=\"state.thisImage.buttonTop\"\n\t\t>\n\t\t\t<svg xmlns=\"http:\/\/www.w3.org\/2000\/svg\" width=\"12\" height=\"12\" fill=\"none\" viewBox=\"0 0 12 12\">\n\t\t\t\t<path fill=\"#fff\" d=\"M2 0a2 2 0 0 0-2 2v2h1.5V2a.5.5 0 0 1 .5-.5h2V0H2Zm2 10.5H2a.5.5 0 0 1-.5-.5V8H0v2a2 2 0 0 0 2 2h2v-1.5ZM8 12v-1.5h2a.5.5 0 0 0 .5-.5V8H12v2a2 2 0 0 1-2 2H8Zm2-12a2 2 0 0 1 2 2v2h-1.5V2a.5.5 0 0 0-.5-.5H8V0h2Z\" \/>\n\t\t\t<\/svg>\n\t\t<\/button><\/figure>\n\n\n\n<figure data-wp-context=\"{&quot;imageId&quot;:&quot;6a9519aceabad&quot;}\" data-wp-interactive=\"core\/image\" data-wp-key=\"6a9519aceabad\" class=\"wp-block-image size-full wp-lightbox-container\"><img decoding=\"async\" width=\"2200\" height=\"1467\" data-wp-class--hide=\"state.isContentHidden\" data-wp-class--show=\"state.isContentVisible\" data-wp-init=\"callbacks.setButtonStyles\" data-wp-on--click=\"actions.showLightbox\" data-wp-on--load=\"callbacks.setButtonStyles\" data-wp-on--pointerdown=\"actions.preloadImage\" data-wp-on--pointerenter=\"actions.preloadImageWithDelay\" data-wp-on--pointerleave=\"actions.cancelPreload\" data-wp-on-window--resize=\"callbacks.setButtonStyles\" src=\"https:\/\/loudavymkrokem.cz\/wp-content\/uploads\/2026\/08\/pisek-mestska-knihovna.jpg\" alt=\"P\u00edsekin kaupunginkirjaston rakennus Al\u0161ovo n\u00e1m\u011bst\u00ed -aukiolla\" class=\"wp-image-399360\" title=\"\" srcset=\"https:\/\/loudavymkrokem.cz\/wp-content\/uploads\/2026\/08\/pisek-mestska-knihovna.jpg 2200w, https:\/\/loudavymkrokem.cz\/wp-content\/uploads\/2026\/08\/pisek-mestska-knihovna-300x200.jpg 300w, https:\/\/loudavymkrokem.cz\/wp-content\/uploads\/2026\/08\/pisek-mestska-knihovna-700x467.jpg 700w, https:\/\/loudavymkrokem.cz\/wp-content\/uploads\/2026\/08\/pisek-mestska-knihovna-768x512.jpg 768w, https:\/\/loudavymkrokem.cz\/wp-content\/uploads\/2026\/08\/pisek-mestska-knihovna-1536x1024.jpg 1536w, https:\/\/loudavymkrokem.cz\/wp-content\/uploads\/2026\/08\/pisek-mestska-knihovna-2048x1366.jpg 2048w, https:\/\/loudavymkrokem.cz\/wp-content\/uploads\/2026\/08\/pisek-mestska-knihovna-696x464.jpg 696w, https:\/\/loudavymkrokem.cz\/wp-content\/uploads\/2026\/08\/pisek-mestska-knihovna-1392x928.jpg 1392w, https:\/\/loudavymkrokem.cz\/wp-content\/uploads\/2026\/08\/pisek-mestska-knihovna-1920x1280.jpg 1920w\" sizes=\"(max-width: 2200px) 100vw, 2200px\" \/><button\n\t\t\tclass=\"lightbox-trigger\"\n\t\t\ttype=\"button\"\n\t\t\taria-haspopup=\"dialog\"\n\t\t\tdata-wp-bind--aria-label=\"state.thisImage.triggerButtonAriaLabel\"\n\t\t\tdata-wp-init=\"callbacks.initTriggerButton\"\n\t\t\tdata-wp-on--click=\"actions.showLightbox\"\n\t\t\tdata-wp-style--right=\"state.thisImage.buttonRight\"\n\t\t\tdata-wp-style--top=\"state.thisImage.buttonTop\"\n\t\t>\n\t\t\t<svg xmlns=\"http:\/\/www.w3.org\/2000\/svg\" width=\"12\" height=\"12\" fill=\"none\" viewBox=\"0 0 12 12\">\n\t\t\t\t<path fill=\"#fff\" d=\"M2 0a2 2 0 0 0-2 2v2h1.5V2a.5.5 0 0 1 .5-.5h2V0H2Zm2 10.5H2a.5.5 0 0 1-.5-.5V8H0v2a2 2 0 0 0 2 2h2v-1.5ZM8 12v-1.5h2a.5.5 0 0 0 .5-.5V8H12v2a2 2 0 0 1-2 2H8Zm2-12a2 2 0 0 1 2 2v2h-1.5V2a.5.5 0 0 0-.5-.5H8V0h2Z\" \/>\n\t\t\t<\/svg>\n\t\t<\/button><\/figure>\n\n\n\n<p class=\"wp-block-paragraph\"><strong>Empiretyylinen rakennus<\/strong> Al\u0161ovo-aukiolla, jossa kaupunginkirjasto toimii, on itsess\u00e4\u00e4n arkkitehtoninen helmi. Aiemmin se oli J. A. Comeniuksen koulu. Muistomerkkiviranomaiset jopa l\u00f6ysiv\u00e4t ja pelastivat remontin yhteydess\u00e4 arvokkaita 1800-luvun maalauksia. Nyky\u00e4\u00e4n se on arkkitehtonisesti onnistunut, valoisa ja moderni julkinen tila rentouttavan yhteis\u00f6puutarhan kanssa.<\/p>\n\n\n\n<p class=\"wp-block-paragraph\">Mutta ennen kaikkea kirjaston pohjakerroksessa toimii <strong>kahvila Upekla<\/strong> kotitekoisin leivonnaisin, piirakoin ja kakuin (heill\u00e4 on my\u00f6s gluteenittomia j\u00e4lkiruokia) ja terassilla suihkul\u00e4hteen luona. Upeklaan kuuluu my\u00f6s sis\u00e4pihan piha ja siin\u00e4 <strong>hiekkalaatikko ja melko iso tila<\/strong>, jossa lapset saavat riehua, kun sin\u00e4 juot kahvisi loppuun. Se yhdistelm\u00e4, kahvila historiallisessa kirjastorakennuksessa aukion varrella, on yksinkertaisesti mukava. Ihanteellinen paikka tauolle kaupungin katselun lomassa.<\/p>\n\n\n\n<h3 class=\"wp-block-heading\"><span class=\"ez-toc-section\" id=\"14_Poliisiaseman_rakennus_entinen_kirjasto\"><\/span>14. Poliisiaseman rakennus (entinen kirjasto)<span class=\"ez-toc-section-end\"><\/span><\/h3>\n\n\n\n<p class=\"wp-block-paragraph\">P\u00edsekin historiallisen ytimen rakennukset el\u00e4v\u00e4t omaa el\u00e4m\u00e4\u00e4ns\u00e4 ja vaihtavat k\u00e4ytt\u00f6tarkoituksiaan, ja t\u00e4m\u00e4 <strong>valtava talo Al\u0161ovo n\u00e1m\u011bst\u00ed 85:ss\u00e4<\/strong> on siit\u00e4 loistava esimerkki. Aiemmin tulit t\u00e4nne hiljaisuuden ja kirjojen lainaamisen takia, sill\u00e4 t\u00e4\u00e4ll\u00e4 toimi vuosikymmeni\u00e4 suosittu kaupungin (aiemmin piirin) kirjasto. Kun kirjasto muutti J. A. Comeniuksen koulun uusiin ja moderneihin remontoituihin tiloihin, rakennus ei j\u00e4\u00e4nyt tyhjilleen. T\u00e4ll\u00e4 hetkell\u00e4 sit\u00e4 muokataan v\u00e4hitellen P\u00edsekin kaupunginpoliisin uudeksi p\u00e4\u00e4majaksi ja moderniksi asemaksi.<\/p>\n\n\n\n<h3 class=\"wp-block-heading\"><span class=\"ez-toc-section\" id=\"15_Pyhan_Florianin_patsas\"><\/span>15. Pyh\u00e4n Florianin patsas<span class=\"ez-toc-section-end\"><\/span><\/h3>\n\n\n\n<p class=\"wp-block-paragraph\"><strong>Havl\u00ed\u010dkovo n\u00e1m\u011bst\u00ed -aukiolla<\/strong>, jota kaikki paikalliset kutsuvat yksinkertaisesti <strong>&#8220;Florianiksi&#8221;<\/strong>, seisoo <strong>pyh\u00e4n Florianin<\/strong> patsas, palomiesten suojeluspyhimys. Se pieni aukio on sellainen pienempi, rauhallisempi ja hieman syrj\u00e4ss\u00e4. Lis\u00e4ksi t\u00e4\u00e4lt\u00e4 l\u00f6yd\u00e4t loistavia kirpputoreja.<\/p>\n\n\n\n<h3 class=\"wp-block-heading\"><span class=\"ez-toc-section\" id=\"16_Palackeho-puisto\"><\/span>16. Palack\u00e9ho-puisto<span class=\"ez-toc-section-end\"><\/span><\/h3>\n\n\n\n<figure data-wp-context=\"{&quot;imageId&quot;:&quot;6a9519aceb57f&quot;}\" data-wp-interactive=\"core\/image\" data-wp-key=\"6a9519aceb57f\" class=\"wp-block-image size-full wp-lightbox-container\"><img decoding=\"async\" width=\"1200\" height=\"800\" data-wp-class--hide=\"state.isContentHidden\" data-wp-class--show=\"state.isContentVisible\" data-wp-init=\"callbacks.setButtonStyles\" data-wp-on--click=\"actions.showLightbox\" data-wp-on--load=\"callbacks.setButtonStyles\" data-wp-on--pointerdown=\"actions.preloadImage\" data-wp-on--pointerenter=\"actions.preloadImageWithDelay\" data-wp-on--pointerleave=\"actions.cancelPreload\" data-wp-on-window--resize=\"callbacks.setButtonStyles\" src=\"https:\/\/loudavymkrokem.cz\/wp-content\/uploads\/2026\/08\/palackeho-sady-pisek-jaro.jpg\" alt=\"Palack\u00e9ho-puisto P\u00edsekiss\u00e4 kev\u00e4\u00e4ll\u00e4 Franti\u0161ek Palack\u00fdn muistomerkin kanssa\" class=\"wp-image-399648\" title=\"\" srcset=\"https:\/\/loudavymkrokem.cz\/wp-content\/uploads\/2026\/08\/palackeho-sady-pisek-jaro.jpg 1200w, https:\/\/loudavymkrokem.cz\/wp-content\/uploads\/2026\/08\/palackeho-sady-pisek-jaro-300x200.jpg 300w, https:\/\/loudavymkrokem.cz\/wp-content\/uploads\/2026\/08\/palackeho-sady-pisek-jaro-700x467.jpg 700w, https:\/\/loudavymkrokem.cz\/wp-content\/uploads\/2026\/08\/palackeho-sady-pisek-jaro-768x512.jpg 768w, https:\/\/loudavymkrokem.cz\/wp-content\/uploads\/2026\/08\/palackeho-sady-pisek-jaro-696x464.jpg 696w\" sizes=\"(max-width: 1200px) 100vw, 1200px\" \/><button\n\t\t\tclass=\"lightbox-trigger\"\n\t\t\ttype=\"button\"\n\t\t\taria-haspopup=\"dialog\"\n\t\t\tdata-wp-bind--aria-label=\"state.thisImage.triggerButtonAriaLabel\"\n\t\t\tdata-wp-init=\"callbacks.initTriggerButton\"\n\t\t\tdata-wp-on--click=\"actions.showLightbox\"\n\t\t\tdata-wp-style--right=\"state.thisImage.buttonRight\"\n\t\t\tdata-wp-style--top=\"state.thisImage.buttonTop\"\n\t\t>\n\t\t\t<svg xmlns=\"http:\/\/www.w3.org\/2000\/svg\" width=\"12\" height=\"12\" fill=\"none\" viewBox=\"0 0 12 12\">\n\t\t\t\t<path fill=\"#fff\" d=\"M2 0a2 2 0 0 0-2 2v2h1.5V2a.5.5 0 0 1 .5-.5h2V0H2Zm2 10.5H2a.5.5 0 0 1-.5-.5V8H0v2a2 2 0 0 0 2 2h2v-1.5ZM8 12v-1.5h2a.5.5 0 0 0 .5-.5V8H12v2a2 2 0 0 1-2 2H8Zm2-12a2 2 0 0 1 2 2v2h-1.5V2a.5.5 0 0 0-.5-.5H8V0h2Z\" \/>\n\t\t\t<\/svg>\n\t\t<\/button><\/figure>\n\n\n\n<p class=\"wp-block-paragraph\">Palack\u00e9ho-puisto syntyi <strong>entisten linnoitusvallihautojen<\/strong> paikalle ja nyky\u00e4\u00e4n se on yksi miellytt\u00e4vimmist\u00e4 paikoista koko P\u00edsekiss\u00e4. Varjoisat puut, hoidetut polut, penkit n\u00e4k\u00f6alalla, ja ennen kaikkea \u2013 t\u00e4\u00e4ll\u00e4 toimii kaksi fantastista kahvilaa.<\/p>\n\n\n\n<p class=\"wp-block-paragraph\"><strong>Do Nebe -paikka<\/strong> on juuri niin kaunis kuin nimi (Taivaaseen) antaa ymm\u00e4rt\u00e4\u00e4, vaikka kahvilasta on ajan my\u00f6t\u00e4 tullut pihviravintola. Se on kuitenkin edelleen t\u00e4ysin gluteeniton, mit\u00e4 jokainen keliaakikko arvostaa. Tyylik\u00e4s sisustus, mainio kahvi, kes\u00e4ll\u00e4 terassi puiden alla. Ja heti v\u00e4h\u00e4n kauempana <strong>Park Caf\u00e9<\/strong>, joka on hieman modernimpi ja jolla on loistavat vohvelit. Ja sitten on viel\u00e4 kuuluisa <strong>ravintola U Reiner\u016f<\/strong> vuodelta 1844. Ollakseni todella rehellinen, sen loistoaika on varmaan jo takana, mutta k\u00e4y t\u00e4\u00e4ll\u00e4 ainakin hanaoluella (ruoan j\u00e4tt\u00e4isin v\u00e4liin) ja kunnon annoksella historiaa.<\/p>\n\n\n\n<p class=\"wp-block-paragraph\">Palack\u00e9ho-puisto on my\u00f6s paikka, jossa kes\u00e4ll\u00e4 pidet\u00e4\u00e4n konsertteja ja kulttuuritapahtumia, jossa juostaan, ulkoilutetaan koiria ja jossa P\u00edsek yksinkertaisesti el\u00e4\u00e4. Jos ohjelmassasi on vain puoli tuntia ylim\u00e4\u00e4r\u00e4ist\u00e4, k\u00e4vele t\u00e4st\u00e4. Se on sen arvoista.<\/p>\n\n\n\n<h3 class=\"wp-block-heading\"><span class=\"ez-toc-section\" id=\"17_Schrenkin_paviljonki\"><\/span>17. Schrenkin paviljonki<span class=\"ez-toc-section-end\"><\/span><\/h3>\n\n\n\n<p class=\"wp-block-paragraph\">Ensi silm\u00e4yksell\u00e4 romanttinen klassismityylinen huvimaja suoraan Palack\u00e9ho-puistossa vuodelta 1841. Se on nimetty silloisen piirihallitsijan mukaan. Kiinnostavaa on, ett\u00e4 vaikka se n\u00e4ytt\u00e4\u00e4 ylh\u00e4iselt\u00e4, siin\u00e4 oli aiemmin my\u00f6s teatteri- ja musiikkiohjelmaa.<\/p>\n\n\n\n<h3 class=\"wp-block-heading\"><span class=\"ez-toc-section\" id=\"18_Neptunuksen_suihkulahde\"><\/span>18. Neptunuksen suihkul\u00e4hde<span class=\"ez-toc-section-end\"><\/span><\/h3>\n\n\n\n<p class=\"wp-block-paragraph\">Neptunuksen patsas on per\u00e4isin <strong>barokkiaikaisesta suihkul\u00e4hteest\u00e4 vuodelta 1771<\/strong>, joka seisoi alun perin <strong>Velk\u00e9 n\u00e1m\u011bst\u00ed -aukiolla<\/strong>. Suihkul\u00e4hde poistettiin 1900-luvun alussa ja Neptunus sai vuosien j\u00e4lkeen uuden paikan t\u00e4\u00e4ll\u00e4 <strong>Palack\u00e9ho-puistossa.<\/strong> Neptunus kolmik\u00e4rkineen poseeraa t\u00e4\u00e4ll\u00e4 puiden keskell\u00e4 ja joskus mietin, viihtyyk\u00f6 h\u00e4n t\u00e4\u00e4ll\u00e4 paremmin kuin vilkkaalla aukiolla. Kai viihtyy, puistossa on rauhallista ja suihkul\u00e4hteen vesi kohisee miellytt\u00e4v\u00e4sti.<\/p>\n\n\n\n<h3 class=\"wp-block-heading\"><span class=\"ez-toc-section\" id=\"19_Adolf_Heydukin_ja_Frantisek_Palackyn_muistomerkki\"><\/span>19. Adolf Heydukin ja Franti\u0161ek Palack\u00fdn muistomerkki<span class=\"ez-toc-section-end\"><\/span><\/h3>\n\n\n\n<p class=\"wp-block-paragraph\">Palack\u00e9ho-puistosta l\u00f6yd\u00e4t kahden merkitt\u00e4v\u00e4n henkil\u00f6n muistomerkit, ja haluan pys\u00e4hty\u00e4 etenkin ensimm\u00e4isen luona. <strong>Adolf Heyduk<\/strong> oli runoilija, joka asui P\u00edsekiss\u00e4 yli <strong>60 vuotta<\/strong>, meni t\u00e4\u00e4ll\u00e4 naimisiin (h\u00e4nen vaimonsa oli Reinerin perheen tyt\u00e4r \u2013 kyll\u00e4, sen ravintola U Reiner\u016f:n perheen) ja kirjoitti t\u00e4\u00e4ll\u00e4 suuren osan teoksistaan. H\u00e4n oli sellainen hiljainen patriootti, rakasti P\u00edseki\u00e4 ja Etel\u00e4-B\u00f6\u00f6mi\u00e4 ja kietoi sen kaiken runouteensa.<\/p>\n\n\n\n<p class=\"wp-block-paragraph\"><strong>Franti\u0161ek Palack\u00fdn<\/strong>, kansakunnan is\u00e4n ja historioitsijan, muistomerkki muistuttaa sitten siit\u00e4, ett\u00e4 my\u00f6s P\u00edsekill\u00e4 oli roolinsa T\u0161ekin kansallisessa her\u00e4tyksess\u00e4. Molemmat muistomerkit ovat kauniissa puistomilj\u00f6\u00f6ss\u00e4, ihanteellinen pys\u00e4hdys k\u00e4velyllesi.<\/p>\n\n\n\n<h3 class=\"wp-block-heading\"><span class=\"ez-toc-section\" id=\"20_Adolf_Heydukin_talo\"><\/span>20. Adolf Heydukin talo<span class=\"ez-toc-section-end\"><\/span><\/h3>\n\n\n\n<figure data-wp-context=\"{&quot;imageId&quot;:&quot;6a9519acec04d&quot;}\" data-wp-interactive=\"core\/image\" data-wp-key=\"6a9519acec04d\" class=\"wp-block-image size-full wp-lightbox-container\"><img decoding=\"async\" width=\"1200\" height=\"800\" data-wp-class--hide=\"state.isContentHidden\" data-wp-class--show=\"state.isContentVisible\" data-wp-init=\"callbacks.setButtonStyles\" data-wp-on--click=\"actions.showLightbox\" data-wp-on--load=\"callbacks.setButtonStyles\" data-wp-on--pointerdown=\"actions.preloadImage\" data-wp-on--pointerenter=\"actions.preloadImageWithDelay\" data-wp-on--pointerleave=\"actions.cancelPreload\" data-wp-on-window--resize=\"callbacks.setButtonStyles\" src=\"https:\/\/loudavymkrokem.cz\/wp-content\/uploads\/2026\/08\/pamatnik-adolfa-heyduka-interier.jpg\" alt=\"Ajan mukainen sali Adolf Heydukin muistomerkiss\u00e4 P\u00edsekiss\u00e4\" class=\"wp-image-399662\" title=\"\" srcset=\"https:\/\/loudavymkrokem.cz\/wp-content\/uploads\/2026\/08\/pamatnik-adolfa-heyduka-interier.jpg 1200w, https:\/\/loudavymkrokem.cz\/wp-content\/uploads\/2026\/08\/pamatnik-adolfa-heyduka-interier-300x200.jpg 300w, https:\/\/loudavymkrokem.cz\/wp-content\/uploads\/2026\/08\/pamatnik-adolfa-heyduka-interier-700x467.jpg 700w, https:\/\/loudavymkrokem.cz\/wp-content\/uploads\/2026\/08\/pamatnik-adolfa-heyduka-interier-768x512.jpg 768w, https:\/\/loudavymkrokem.cz\/wp-content\/uploads\/2026\/08\/pamatnik-adolfa-heyduka-interier-696x464.jpg 696w\" sizes=\"(max-width: 1200px) 100vw, 1200px\" \/><button\n\t\t\tclass=\"lightbox-trigger\"\n\t\t\ttype=\"button\"\n\t\t\taria-haspopup=\"dialog\"\n\t\t\tdata-wp-bind--aria-label=\"state.thisImage.triggerButtonAriaLabel\"\n\t\t\tdata-wp-init=\"callbacks.initTriggerButton\"\n\t\t\tdata-wp-on--click=\"actions.showLightbox\"\n\t\t\tdata-wp-style--right=\"state.thisImage.buttonRight\"\n\t\t\tdata-wp-style--top=\"state.thisImage.buttonTop\"\n\t\t>\n\t\t\t<svg xmlns=\"http:\/\/www.w3.org\/2000\/svg\" width=\"12\" height=\"12\" fill=\"none\" viewBox=\"0 0 12 12\">\n\t\t\t\t<path fill=\"#fff\" d=\"M2 0a2 2 0 0 0-2 2v2h1.5V2a.5.5 0 0 1 .5-.5h2V0H2Zm2 10.5H2a.5.5 0 0 1-.5-.5V8H0v2a2 2 0 0 0 2 2h2v-1.5ZM8 12v-1.5h2a.5.5 0 0 0 .5-.5V8H12v2a2 2 0 0 1-2 2H8Zm2-12a2 2 0 0 1 2 2v2h-1.5V2a.5.5 0 0 0-.5-.5H8V0h2Z\" \/>\n\t\t\t<\/svg>\n\t\t<\/button><\/figure>\n\n\n\n<p class=\"wp-block-paragraph\">Ja muistomerkilt\u00e4 suoraan talolle. <strong>Tyr\u0161ova-kadulla<\/strong> seisoo huvila, jossa Adolf Heyduk asui, ja se on toinen arkkitehtoninen helmi. Sen suunnitteli arkkitehti <strong>Jan Koula<\/strong> vuonna <strong>1900<\/strong> <strong>t\u0161ekkil\u00e4isen uusrenessanssin<\/strong> tyyliin, ja siin\u00e4 on ainutlaatuista se, ett\u00e4 sill\u00e4 on suurelta osin <strong>s\u00e4ilynyt alkuper\u00e4inen sisustus<\/strong>. Se on T\u0161ekiss\u00e4 harvinaisuus, useimmat vastaavat talot ovat k\u00e4yneet l\u00e4pi niin monta muutosta, ettei alkuper\u00e4isest\u00e4 ole j\u00e4\u00e4nyt mit\u00e4\u00e4n.<\/p>\n\n\n\n<p class=\"wp-block-paragraph\">Ulkoa kiinnitt\u00e4v\u00e4t huomion sgraffitot, koristellut p\u00e4\u00e4dyt ja kokonaistunne siit\u00e4, ett\u00e4 talon rakensi joku, jolle jokainen yksityiskohta oli t\u00e4rke\u00e4. Jos olet kiinnostunut 1800- ja 1900-lukujen taitteen arkkitehtuurista, t\u00e4m\u00e4 on pakollinen pys\u00e4hdys. Huomaa vain, ett\u00e4 muistomerkki on koko vuoden 2026 remontin takia suljettu, joten j\u00e4t\u00e4 sis\u00e4tilojen kierros ensi kaudelle.<\/p>\n\n\n\n<h3 class=\"wp-block-heading\"><span class=\"ez-toc-section\" id=\"21_Kronbergerin_huvimaja\"><\/span>21. Kronbergerin huvimaja<span class=\"ez-toc-section-end\"><\/span><\/h3>\n\n\n\n<p class=\"wp-block-paragraph\">T\u00e4m\u00e4 on sellainen k\u00e4tketty helmi, josta moni ei edes tied\u00e4. Empiretyylinen pikkurakennus vuodelta 1840, upotettuna suoraan muurinv\u00e4lin sein\u00e4\u00e4n. Sen rakennutti kappalainen Kronberger, halusi kai vain kauniin paikan lukemiseen ja mietiskelyyn, ja kuka h\u00e4nt\u00e4 siit\u00e4 moittisi. Nyky\u00e4\u00e4n t\u00e4\u00e4ll\u00e4 toimii filatelistiseura, mik\u00e4 on tavallaan runollista itsess\u00e4\u00e4n. Pikkuruinen huvimaja t\u00e4ynn\u00e4 pikkuruisia postimerkkej\u00e4.<\/p>\n\n\n\n<h3 class=\"wp-block-heading\"><span class=\"ez-toc-section\" id=\"22_Hotel_Otava\"><\/span>22. Hotel Otava<span class=\"ez-toc-section-end\"><\/span><\/h3>\n\n\n\n<figure data-wp-context=\"{&quot;imageId&quot;:&quot;6a9519acec798&quot;}\" data-wp-interactive=\"core\/image\" data-wp-key=\"6a9519acec798\" class=\"wp-block-image size-full wp-lightbox-container\"><img decoding=\"async\" width=\"2200\" height=\"1467\" data-wp-class--hide=\"state.isContentHidden\" data-wp-class--show=\"state.isContentVisible\" data-wp-init=\"callbacks.setButtonStyles\" data-wp-on--click=\"actions.showLightbox\" data-wp-on--load=\"callbacks.setButtonStyles\" data-wp-on--pointerdown=\"actions.preloadImage\" data-wp-on--pointerenter=\"actions.preloadImageWithDelay\" data-wp-on--pointerleave=\"actions.cancelPreload\" data-wp-on-window--resize=\"callbacks.setButtonStyles\" src=\"https:\/\/loudavymkrokem.cz\/wp-content\/uploads\/2026\/08\/pisek-hotel-otava-alsovy-malby.jpg\" alt=\"Hotel Otava P\u00edsekiss\u00e4 Mikol\u00e1\u0161 Al\u0161in luonnosten mukaisilla maalauksilla\" class=\"wp-image-399363\" title=\"\" srcset=\"https:\/\/loudavymkrokem.cz\/wp-content\/uploads\/2026\/08\/pisek-hotel-otava-alsovy-malby.jpg 2200w, https:\/\/loudavymkrokem.cz\/wp-content\/uploads\/2026\/08\/pisek-hotel-otava-alsovy-malby-300x200.jpg 300w, https:\/\/loudavymkrokem.cz\/wp-content\/uploads\/2026\/08\/pisek-hotel-otava-alsovy-malby-700x467.jpg 700w, https:\/\/loudavymkrokem.cz\/wp-content\/uploads\/2026\/08\/pisek-hotel-otava-alsovy-malby-768x512.jpg 768w, https:\/\/loudavymkrokem.cz\/wp-content\/uploads\/2026\/08\/pisek-hotel-otava-alsovy-malby-1536x1024.jpg 1536w, https:\/\/loudavymkrokem.cz\/wp-content\/uploads\/2026\/08\/pisek-hotel-otava-alsovy-malby-2048x1366.jpg 2048w, https:\/\/loudavymkrokem.cz\/wp-content\/uploads\/2026\/08\/pisek-hotel-otava-alsovy-malby-696x464.jpg 696w, https:\/\/loudavymkrokem.cz\/wp-content\/uploads\/2026\/08\/pisek-hotel-otava-alsovy-malby-1392x928.jpg 1392w, https:\/\/loudavymkrokem.cz\/wp-content\/uploads\/2026\/08\/pisek-hotel-otava-alsovy-malby-1920x1280.jpg 1920w\" sizes=\"(max-width: 2200px) 100vw, 2200px\" \/><button\n\t\t\tclass=\"lightbox-trigger\"\n\t\t\ttype=\"button\"\n\t\t\taria-haspopup=\"dialog\"\n\t\t\tdata-wp-bind--aria-label=\"state.thisImage.triggerButtonAriaLabel\"\n\t\t\tdata-wp-init=\"callbacks.initTriggerButton\"\n\t\t\tdata-wp-on--click=\"actions.showLightbox\"\n\t\t\tdata-wp-style--right=\"state.thisImage.buttonRight\"\n\t\t\tdata-wp-style--top=\"state.thisImage.buttonTop\"\n\t\t>\n\t\t\t<svg xmlns=\"http:\/\/www.w3.org\/2000\/svg\" width=\"12\" height=\"12\" fill=\"none\" viewBox=\"0 0 12 12\">\n\t\t\t\t<path fill=\"#fff\" d=\"M2 0a2 2 0 0 0-2 2v2h1.5V2a.5.5 0 0 1 .5-.5h2V0H2Zm2 10.5H2a.5.5 0 0 1-.5-.5V8H0v2a2 2 0 0 0 2 2h2v-1.5ZM8 12v-1.5h2a.5.5 0 0 0 .5-.5V8H12v2a2 2 0 0 1-2 2H8Zm2-12a2 2 0 0 1 2 2v2h-1.5V2a.5.5 0 0 0-.5-.5H8V0h2Z\" \/>\n\t\t\t<\/svg>\n\t\t<\/button><\/figure>\n\n\n\n<p class=\"wp-block-paragraph\">Uusrenessanssihelmi jugendelementein 1800-luvun lopusta, jonka rakennutti apteekkari Dvo\u0159\u00e1\u010dek. Mutta huomaa, katso niit\u00e4 julkisivuja! Maalaukset teki Josef Bos\u00e1\u010dek Mikol\u00e1\u0161 Al\u0161in luonnosten mukaan jo hotellin rakentamisen yhteydess\u00e4. Al\u0161in j\u00e4lki on P\u00edsekiss\u00e4 kaikkialla, mutta t\u00e4\u00e4ll\u00e4 se on erityisen n\u00e4kyv\u00e4. Hotelli on k\u00e4ynyt l\u00e4pi erilaisia vaiheita, mutta julkisivu n\u00e4ytt\u00e4\u00e4 yh\u00e4 upealta.<\/p>\n\n\n\n<p class=\"wp-block-paragraph\">Ja nyt se uutuus, jonka takia t\u00e4nne kannattaa menn\u00e4 my\u00f6s sis\u00e4\u00e4n. Remontin j\u00e4lkeen pohjakerrokseen avattiin <strong>Caf\u00e9 Otava<\/strong> (Komensk\u00e9ho 56\/1), ravintola kahvilalla ja viinibaarilla <strong>ensimm\u00e4isen tasavallan tyyliin<\/strong>, mik\u00e4 sopii siihen historialliseen rakennukseen aivan parhaiten. Auki on p\u00e4ivitt\u00e4in, arkisin jo klo 7:30 aamiaisella, lounasmenu tarjoillaan klo 11\u201315 ja illalla paikasta tulee viinibaari omine viinikauppoineen.<\/p>\n\n\n\n<p class=\"wp-block-paragraph\">Kasvissy\u00f6j\u00e4t eiv\u00e4t j\u00e4\u00e4 t\u00e4\u00e4ll\u00e4 n\u00e4lk\u00e4isiksi: listalla on esimerkiksi <strong>sieni-risottoa parmesaanilla tai paistettua kukkakaalia hintaan 8 \u20ac<\/strong>, salaatti grillatulla vuohenjuustolla hintaan 10 \u20ac ja kurpitsakeitto hintaan 2,50 \u20ac, lis\u00e4ksi kotitekoisia j\u00e4lkiruokia omalta kondiittorilta. \ud83d\udca1 <strong>Vinkki:<\/strong> Istu ikkunan viereen ja mene sitten ulos katsomaan Al\u0161in maalaukset viel\u00e4 kerran, kahvi k\u00e4dess\u00e4 se on eri el\u00e4mys.<\/p>\n\n\n\n<h3 class=\"wp-block-heading\"><span class=\"ez-toc-section\" id=\"23_Juutalainen_synagoga\"><\/span>23. Juutalainen synagoga<span class=\"ez-toc-section-end\"><\/span><\/h3>\n\n\n\n<figure data-wp-context=\"{&quot;imageId&quot;:&quot;6a9519acecf13&quot;}\" data-wp-interactive=\"core\/image\" data-wp-key=\"6a9519acecf13\" class=\"wp-block-image size-full wp-lightbox-container\"><img decoding=\"async\" width=\"1200\" height=\"800\" data-wp-class--hide=\"state.isContentHidden\" data-wp-class--show=\"state.isContentVisible\" data-wp-init=\"callbacks.setButtonStyles\" data-wp-on--click=\"actions.showLightbox\" data-wp-on--load=\"callbacks.setButtonStyles\" data-wp-on--pointerdown=\"actions.preloadImage\" data-wp-on--pointerenter=\"actions.preloadImageWithDelay\" data-wp-on--pointerleave=\"actions.cancelPreload\" data-wp-on-window--resize=\"callbacks.setButtonStyles\" src=\"https:\/\/loudavymkrokem.cz\/wp-content\/uploads\/2026\/08\/synagoga-pisek-soukenicka.jpg\" alt=\"Synagoga Soukenick\u00e1-kadulla P\u00edsekiss\u00e4\" class=\"wp-image-399654\" title=\"\" srcset=\"https:\/\/loudavymkrokem.cz\/wp-content\/uploads\/2026\/08\/synagoga-pisek-soukenicka.jpg 1200w, https:\/\/loudavymkrokem.cz\/wp-content\/uploads\/2026\/08\/synagoga-pisek-soukenicka-300x200.jpg 300w, https:\/\/loudavymkrokem.cz\/wp-content\/uploads\/2026\/08\/synagoga-pisek-soukenicka-700x467.jpg 700w, https:\/\/loudavymkrokem.cz\/wp-content\/uploads\/2026\/08\/synagoga-pisek-soukenicka-768x512.jpg 768w, https:\/\/loudavymkrokem.cz\/wp-content\/uploads\/2026\/08\/synagoga-pisek-soukenicka-696x464.jpg 696w\" sizes=\"(max-width: 1200px) 100vw, 1200px\" \/><button\n\t\t\tclass=\"lightbox-trigger\"\n\t\t\ttype=\"button\"\n\t\t\taria-haspopup=\"dialog\"\n\t\t\tdata-wp-bind--aria-label=\"state.thisImage.triggerButtonAriaLabel\"\n\t\t\tdata-wp-init=\"callbacks.initTriggerButton\"\n\t\t\tdata-wp-on--click=\"actions.showLightbox\"\n\t\t\tdata-wp-style--right=\"state.thisImage.buttonRight\"\n\t\t\tdata-wp-style--top=\"state.thisImage.buttonTop\"\n\t\t>\n\t\t\t<svg xmlns=\"http:\/\/www.w3.org\/2000\/svg\" width=\"12\" height=\"12\" fill=\"none\" viewBox=\"0 0 12 12\">\n\t\t\t\t<path fill=\"#fff\" d=\"M2 0a2 2 0 0 0-2 2v2h1.5V2a.5.5 0 0 1 .5-.5h2V0H2Zm2 10.5H2a.5.5 0 0 1-.5-.5V8H0v2a2 2 0 0 0 2 2h2v-1.5ZM8 12v-1.5h2a.5.5 0 0 0 .5-.5V8H12v2a2 2 0 0 1-2 2H8Zm2-12a2 2 0 0 1 2 2v2h-1.5V2a.5.5 0 0 0-.5-.5H8V0h2Z\" \/>\n\t\t\t<\/svg>\n\t\t<\/button><\/figure>\n\n\n\n<p class=\"wp-block-paragraph\">Soukenick\u00e1-kadulla seisoo synagoga vuodelta 1871. T\u00e4h\u00e4n liittyy surullinen tarina. Jumalanpalvelukset t\u00e4\u00e4ll\u00e4 loppuivat vuonna 1938, miehityksen aikana synagoga suljettiin ja sodan j\u00e4lkeen se toimi pitk\u00e4t vuodet vain varastona. Nyky\u00e4\u00e4n se on hiljainen, hieman unohdettu paikka, joka kuitenkin kantaa t\u00e4rke\u00e4\u00e4 historiaa. Kun kuljet ohi, pys\u00e4hdy edes hetkeksi.<\/p>\n\n\n\n<h3 class=\"wp-block-heading\"><span class=\"ez-toc-section\" id=\"24_Poliklinikan_rakennus\"><\/span>24. Poliklinikan rakennus<span class=\"ez-toc-section-end\"><\/span><\/h3>\n\n\n\n<p class=\"wp-block-paragraph\">Uusrenessanssipalatsi Al\u0161ovo-aukiolla, joka n\u00e4ytt\u00e4\u00e4 silt\u00e4, kuin siell\u00e4 pit\u00e4isi j\u00e4rjest\u00e4\u00e4 tanssiaisia ja juhlavastaanottoja. Ja mit\u00e4 siell\u00e4 on? Poliklinikka. \ud83d\ude05 Aiemmin t\u00e4\u00e4ll\u00e4 oli majatalo U \u010cern\u00e9ho orla, joten rakennus on kokenut kiinnostavan matkan \u2013 tanssiaisista oluen kautta hammasl\u00e4\u00e4k\u00e4riin. Kohtalon ironiaa, mutta ainakin voit katsoa sit\u00e4 kauneutta odottaessasi verikoetta.<\/p>\n\n\n\n<h3 class=\"wp-block-heading\"><span class=\"ez-toc-section\" id=\"25_Kuulien_talo_ja_porvaristalot\"><\/span>25. Kuulien talo ja porvaristalot<span class=\"ez-toc-section-end\"><\/span><\/h3>\n\n\n\n<figure data-wp-context=\"{&quot;imageId&quot;:&quot;6a9519aced5e7&quot;}\" data-wp-interactive=\"core\/image\" data-wp-key=\"6a9519aced5e7\" class=\"wp-block-image size-full wp-lightbox-container\"><img decoding=\"async\" width=\"2200\" height=\"1467\" data-wp-class--hide=\"state.isContentHidden\" data-wp-class--show=\"state.isContentVisible\" data-wp-init=\"callbacks.setButtonStyles\" data-wp-on--click=\"actions.showLightbox\" data-wp-on--load=\"callbacks.setButtonStyles\" data-wp-on--pointerdown=\"actions.preloadImage\" data-wp-on--pointerenter=\"actions.preloadImageWithDelay\" data-wp-on--pointerleave=\"actions.cancelPreload\" data-wp-on-window--resize=\"callbacks.setButtonStyles\" src=\"https:\/\/loudavymkrokem.cz\/wp-content\/uploads\/2026\/08\/pisek-dum-u-slona.jpg\" alt=\"Norsun talo P\u00edsekiss\u00e4 norsuveistoksella julkisivussa\" class=\"wp-image-399368\" title=\"\" srcset=\"https:\/\/loudavymkrokem.cz\/wp-content\/uploads\/2026\/08\/pisek-dum-u-slona.jpg 2200w, https:\/\/loudavymkrokem.cz\/wp-content\/uploads\/2026\/08\/pisek-dum-u-slona-300x200.jpg 300w, https:\/\/loudavymkrokem.cz\/wp-content\/uploads\/2026\/08\/pisek-dum-u-slona-700x467.jpg 700w, https:\/\/loudavymkrokem.cz\/wp-content\/uploads\/2026\/08\/pisek-dum-u-slona-768x512.jpg 768w, https:\/\/loudavymkrokem.cz\/wp-content\/uploads\/2026\/08\/pisek-dum-u-slona-1536x1024.jpg 1536w, https:\/\/loudavymkrokem.cz\/wp-content\/uploads\/2026\/08\/pisek-dum-u-slona-2048x1366.jpg 2048w, https:\/\/loudavymkrokem.cz\/wp-content\/uploads\/2026\/08\/pisek-dum-u-slona-696x464.jpg 696w, https:\/\/loudavymkrokem.cz\/wp-content\/uploads\/2026\/08\/pisek-dum-u-slona-1392x928.jpg 1392w, https:\/\/loudavymkrokem.cz\/wp-content\/uploads\/2026\/08\/pisek-dum-u-slona-1920x1280.jpg 1920w\" sizes=\"(max-width: 2200px) 100vw, 2200px\" \/><button\n\t\t\tclass=\"lightbox-trigger\"\n\t\t\ttype=\"button\"\n\t\t\taria-haspopup=\"dialog\"\n\t\t\tdata-wp-bind--aria-label=\"state.thisImage.triggerButtonAriaLabel\"\n\t\t\tdata-wp-init=\"callbacks.initTriggerButton\"\n\t\t\tdata-wp-on--click=\"actions.showLightbox\"\n\t\t\tdata-wp-style--right=\"state.thisImage.buttonRight\"\n\t\t\tdata-wp-style--top=\"state.thisImage.buttonTop\"\n\t\t>\n\t\t\t<svg xmlns=\"http:\/\/www.w3.org\/2000\/svg\" width=\"12\" height=\"12\" fill=\"none\" viewBox=\"0 0 12 12\">\n\t\t\t\t<path fill=\"#fff\" d=\"M2 0a2 2 0 0 0-2 2v2h1.5V2a.5.5 0 0 1 .5-.5h2V0H2Zm2 10.5H2a.5.5 0 0 1-.5-.5V8H0v2a2 2 0 0 0 2 2h2v-1.5ZM8 12v-1.5h2a.5.5 0 0 0 .5-.5V8H12v2a2 2 0 0 1-2 2H8Zm2-12a2 2 0 0 1 2 2v2h-1.5V2a.5.5 0 0 0-.5-.5H8V0h2Z\" \/>\n\t\t\t<\/svg>\n\t\t<\/button><\/figure>\n\n\n\n<p class=\"wp-block-paragraph\">T\u00e4m\u00e4n talon tunnistat helposti. Sill\u00e4 on julkisivuun muurattuja tykinkuulia. Se ei ole koriste, vaan aito muistutus sota-ajoista. Renessanssiajan sgraffitot julkisivussa ovat upeita ja bonuksena \u2013 t\u00e4\u00e4ll\u00e4 asui runoilija Fr\u00e1\u0148a \u0160r\u00e1mek.<\/p>\n\n\n\n<p class=\"wp-block-paragraph\">Mutta P\u00edsek on ylip\u00e4\u00e4t\u00e4\u00e4n t\u00e4ynn\u00e4 kauniita porvaristaloja, jotka ansaitsevat huomiota. <strong>Norsun talo<\/strong>, <strong>U Ber\u00e1nka<\/strong>, <strong>Drl\u00ed\u010dov<\/strong>, <strong>Chel\u010dick\u00e9ho 4<\/strong>, <strong>U Matky Bo\u017e\u00ed<\/strong> \u2013 jokaisella on oma tarinansa, oma koristelunsa, oma luonteensa. Suosittelen yksinkertaisesti nostamaan katseen jalkak\u00e4yt\u00e4v\u00e4lt\u00e4 ja katsomaan yl\u00f6s. P\u00edsek palkitsee ne, jotka katsovat tarkkaan.<\/p>\n\n\n\n<h3 class=\"wp-block-heading\"><span class=\"ez-toc-section\" id=\"26_Uusi_silta\"><\/span>26. Uusi silta<span class=\"ez-toc-section-end\"><\/span><\/h3>\n\n\n\n<p class=\"wp-block-paragraph\">Toisen maailmansodan aikana rakennettu silta, mik\u00e4 voisi kuulostaa kiinnostamattomalta, mutta se on oikeastaan arkkitehtoninen muistomerkki. Puhdas, toiminnallinen muotoilu, tyylik\u00e4s kaari Otavan yli. Se on hieman kuuluisamman kivinaapurinsa varjossa, mutta mainitsen sen silti.<\/p>\n\n\n\n<h3 class=\"wp-block-heading\"><span class=\"ez-toc-section\" id=\"27_Sokol-talo\"><\/span>27. Sokol-talo<span class=\"ez-toc-section-end\"><\/span><\/h3>\n\n\n\n<p class=\"wp-block-paragraph\">Tyr\u0161ova-kadulla on vuodesta 1895 seisonut Sokol-talo runsain stukkokoristein. Se oli is\u00e4nmaallisuuden ja yhdistysel\u00e4m\u00e4n keskus: t\u00e4\u00e4ll\u00e4 liikuttiin, laulettiin, keskusteltiin ja rakennettiin kansallista identiteetti\u00e4. Sokol-voimistelua ohjataan siin\u00e4 t\u00e4n\u00e4kin p\u00e4iv\u00e4n\u00e4.<\/p>\n\n\n\n<h3 class=\"wp-block-heading\"><span class=\"ez-toc-section\" id=\"28_Vanha_posti\"><\/span>28. Vanha posti<span class=\"ez-toc-section-end\"><\/span><\/h3>\n\n\n\n<p class=\"wp-block-paragraph\">Gregorova-katu, osoitenumero 125. Vanha posti muistaa viel\u00e4 postivaunujen ajan. Kuvittele, kuinka t\u00e4nne saapui hevosk\u00e4rryj\u00e4 kirjeineen, paketteineen ja toisinaan matkasta p\u00f6lyisine matkustajineen. Aikaan, jolloin s\u00e4hk\u00f6posti tarkoitti sit\u00e4, ett\u00e4 kyyhky toi viestin tavallista nopeammin.<\/p>\n\n\n\n<h3 class=\"wp-block-heading\"><span class=\"ez-toc-section\" id=\"29_Raabin_huvila\"><\/span>29. Raabin huvila<span class=\"ez-toc-section-end\"><\/span><\/h3>\n\n\n\n<p class=\"wp-block-paragraph\">Ja nyt jotain, mik\u00e4 ei lakkaa kiehtomasta minua. <strong>Raabin huvila on ensimm\u00e4inen itsen\u00e4inen rakennus, jonka arkkitehti Du\u0161an Jurkovi\u010d suunnitteli.<\/strong> Vuosi 1901. Sen rakennutti teollisuusmies Adolf Raab ja se on ihana sekoitus slovakialaista ja sveitsil\u00e4ist\u00e4 kansanarkkitehtuuria. Puiset elementit, romanttiset yksityiskohdat, kaikki t\u00e4ydellisesti harkittua.<\/p>\n\n\n\n<p class=\"wp-block-paragraph\">L\u00f6yd\u00e4t sen T\u00e1borsk\u00e1- ja Sedl\u00e1\u010dkova-katujen risteyksest\u00e4. On uskomatonta, ett\u00e4 t\u00e4m\u00e4 helmi seisoo juuri t\u00e4\u00e4ll\u00e4 P\u00edsekiss\u00e4. Jurkovi\u010d rakensi sitten ymp\u00e4ri T\u0161ekki\u00e4 ja Slovakiaa, mutta aloitti meid\u00e4n luonamme. Paikallisena en voi olla siit\u00e4 ylpe\u00e4. \u263a\ufe0f<\/p>\n\n\n\n<h3 class=\"wp-block-heading\"><span class=\"ez-toc-section\" id=\"30_Melegnanon_ja_Solferinon_kaatuneiden_muistomerkki\"><\/span>30. Melegnanon ja Solferinon kaatuneiden muistomerkki<span class=\"ez-toc-section-end\"><\/span><\/h3>\n\n\n\n<figure data-wp-context=\"{&quot;imageId&quot;:&quot;6a9519acee091&quot;}\" data-wp-interactive=\"core\/image\" data-wp-key=\"6a9519acee091\" class=\"wp-block-image size-full wp-lightbox-container\"><img decoding=\"async\" width=\"2200\" height=\"1467\" data-wp-class--hide=\"state.isContentHidden\" data-wp-class--show=\"state.isContentVisible\" data-wp-init=\"callbacks.setButtonStyles\" data-wp-on--click=\"actions.showLightbox\" data-wp-on--load=\"callbacks.setButtonStyles\" data-wp-on--pointerdown=\"actions.preloadImage\" data-wp-on--pointerenter=\"actions.preloadImageWithDelay\" data-wp-on--pointerleave=\"actions.cancelPreload\" data-wp-on-window--resize=\"callbacks.setButtonStyles\" src=\"https:\/\/loudavymkrokem.cz\/wp-content\/uploads\/2026\/08\/pisek-pomnik-melegnano-solferino.jpg\" alt=\"Melegnanon ja Solferinon kaatuneiden muistomerkki P\u00edsekiss\u00e4\" class=\"wp-image-399375\" title=\"\" srcset=\"https:\/\/loudavymkrokem.cz\/wp-content\/uploads\/2026\/08\/pisek-pomnik-melegnano-solferino.jpg 2200w, https:\/\/loudavymkrokem.cz\/wp-content\/uploads\/2026\/08\/pisek-pomnik-melegnano-solferino-300x200.jpg 300w, https:\/\/loudavymkrokem.cz\/wp-content\/uploads\/2026\/08\/pisek-pomnik-melegnano-solferino-700x467.jpg 700w, https:\/\/loudavymkrokem.cz\/wp-content\/uploads\/2026\/08\/pisek-pomnik-melegnano-solferino-768x512.jpg 768w, https:\/\/loudavymkrokem.cz\/wp-content\/uploads\/2026\/08\/pisek-pomnik-melegnano-solferino-1536x1024.jpg 1536w, https:\/\/loudavymkrokem.cz\/wp-content\/uploads\/2026\/08\/pisek-pomnik-melegnano-solferino-2048x1366.jpg 2048w, https:\/\/loudavymkrokem.cz\/wp-content\/uploads\/2026\/08\/pisek-pomnik-melegnano-solferino-696x464.jpg 696w, https:\/\/loudavymkrokem.cz\/wp-content\/uploads\/2026\/08\/pisek-pomnik-melegnano-solferino-1392x928.jpg 1392w, https:\/\/loudavymkrokem.cz\/wp-content\/uploads\/2026\/08\/pisek-pomnik-melegnano-solferino-1920x1280.jpg 1920w\" sizes=\"(max-width: 2200px) 100vw, 2200px\" \/><button\n\t\t\tclass=\"lightbox-trigger\"\n\t\t\ttype=\"button\"\n\t\t\taria-haspopup=\"dialog\"\n\t\t\tdata-wp-bind--aria-label=\"state.thisImage.triggerButtonAriaLabel\"\n\t\t\tdata-wp-init=\"callbacks.initTriggerButton\"\n\t\t\tdata-wp-on--click=\"actions.showLightbox\"\n\t\t\tdata-wp-style--right=\"state.thisImage.buttonRight\"\n\t\t\tdata-wp-style--top=\"state.thisImage.buttonTop\"\n\t\t>\n\t\t\t<svg xmlns=\"http:\/\/www.w3.org\/2000\/svg\" width=\"12\" height=\"12\" fill=\"none\" viewBox=\"0 0 12 12\">\n\t\t\t\t<path fill=\"#fff\" d=\"M2 0a2 2 0 0 0-2 2v2h1.5V2a.5.5 0 0 1 .5-.5h2V0H2Zm2 10.5H2a.5.5 0 0 1-.5-.5V8H0v2a2 2 0 0 0 2 2h2v-1.5ZM8 12v-1.5h2a.5.5 0 0 0 .5-.5V8H12v2a2 2 0 0 1-2 2H8Zm2-12a2 2 0 0 1 2 2v2h-1.5V2a.5.5 0 0 0-.5-.5H8V0h2Z\" \/>\n\t\t\t<\/svg>\n\t\t<\/button><\/figure>\n\n\n\n<p class=\"wp-block-paragraph\">Veistos leijonasta, joka seisoo levitetyll\u00e4 lipulla, taistelun j\u00e4lkeisen rauhan symboli. Muistomerkki muistuttaa 11. P\u00edsekin rykmentin sotilaista, jotka kaatuivat Melegnanon ja Solferinon taisteluissa Italiassa vuonna 1859. Kaukana kotoa, kaukana Otavasta. Hiljainen, arvokas muistomerkki, jonka luona kannattaa hetkeksi pys\u00e4hty\u00e4.<\/p>\n\n\n\n<h3 class=\"wp-block-heading\"><span class=\"ez-toc-section\" id=\"31_Marian_kappeli\"><\/span>31. Marian kappeli<span class=\"ez-toc-section-end\"><\/span><\/h3>\n\n\n\n<p class=\"wp-block-paragraph\">Pieni barokkiaikainen muistomerkki keskustan laidalla. Ei mik\u00e4\u00e4n mahtava tuomiokirkko, vaan pikemminkin sellainen rauhallinen piste kaupungin kartalla. Juuri sellainen paikka, jonka ohi kuljet kaksikymment\u00e4 kertaa ennen kuin ensimm\u00e4isen kerran huomaat sen, ja sitten ihmettelet, miten saatoit ohittaa sen.<\/p>\n\n\n\n<h3 class=\"wp-block-heading\"><span class=\"ez-toc-section\" id=\"32_Pyhan_Kolminaisuuden_kirkko\"><\/span>32. Pyh\u00e4n Kolminaisuuden kirkko<span class=\"ez-toc-section-end\"><\/span><\/h3>\n\n\n\n<figure data-wp-context=\"{&quot;imageId&quot;:&quot;6a9519acee764&quot;}\" data-wp-interactive=\"core\/image\" data-wp-key=\"6a9519acee764\" class=\"wp-block-image size-full wp-lightbox-container\"><img decoding=\"async\" width=\"1600\" height=\"1200\" data-wp-class--hide=\"state.isContentHidden\" data-wp-class--show=\"state.isContentVisible\" data-wp-init=\"callbacks.setButtonStyles\" data-wp-on--click=\"actions.showLightbox\" data-wp-on--load=\"callbacks.setButtonStyles\" data-wp-on--pointerdown=\"actions.preloadImage\" data-wp-on--pointerenter=\"actions.preloadImageWithDelay\" data-wp-on--pointerleave=\"actions.cancelPreload\" data-wp-on-window--resize=\"callbacks.setButtonStyles\" src=\"https:\/\/loudavymkrokem.cz\/wp-content\/uploads\/2026\/08\/kostel-nejsvetejsi-trojice-pisek.jpg\" alt=\"Pyh\u00e4n Kolminaisuuden kirkko P\u00edsekiss\u00e4\" class=\"wp-image-399710\" title=\"\" srcset=\"https:\/\/loudavymkrokem.cz\/wp-content\/uploads\/2026\/08\/kostel-nejsvetejsi-trojice-pisek.jpg 1600w, https:\/\/loudavymkrokem.cz\/wp-content\/uploads\/2026\/08\/kostel-nejsvetejsi-trojice-pisek-300x225.jpg 300w, https:\/\/loudavymkrokem.cz\/wp-content\/uploads\/2026\/08\/kostel-nejsvetejsi-trojice-pisek-700x525.jpg 700w, https:\/\/loudavymkrokem.cz\/wp-content\/uploads\/2026\/08\/kostel-nejsvetejsi-trojice-pisek-768x576.jpg 768w, https:\/\/loudavymkrokem.cz\/wp-content\/uploads\/2026\/08\/kostel-nejsvetejsi-trojice-pisek-1536x1152.jpg 1536w, https:\/\/loudavymkrokem.cz\/wp-content\/uploads\/2026\/08\/kostel-nejsvetejsi-trojice-pisek-80x60.jpg 80w, https:\/\/loudavymkrokem.cz\/wp-content\/uploads\/2026\/08\/kostel-nejsvetejsi-trojice-pisek-160x120.jpg 160w, https:\/\/loudavymkrokem.cz\/wp-content\/uploads\/2026\/08\/kostel-nejsvetejsi-trojice-pisek-696x522.jpg 696w, https:\/\/loudavymkrokem.cz\/wp-content\/uploads\/2026\/08\/kostel-nejsvetejsi-trojice-pisek-1392x1044.jpg 1392w\" sizes=\"(max-width: 1600px) 100vw, 1600px\" \/><button\n\t\t\tclass=\"lightbox-trigger\"\n\t\t\ttype=\"button\"\n\t\t\taria-haspopup=\"dialog\"\n\t\t\tdata-wp-bind--aria-label=\"state.thisImage.triggerButtonAriaLabel\"\n\t\t\tdata-wp-init=\"callbacks.initTriggerButton\"\n\t\t\tdata-wp-on--click=\"actions.showLightbox\"\n\t\t\tdata-wp-style--right=\"state.thisImage.buttonRight\"\n\t\t\tdata-wp-style--top=\"state.thisImage.buttonTop\"\n\t\t>\n\t\t\t<svg xmlns=\"http:\/\/www.w3.org\/2000\/svg\" width=\"12\" height=\"12\" fill=\"none\" viewBox=\"0 0 12 12\">\n\t\t\t\t<path fill=\"#fff\" d=\"M2 0a2 2 0 0 0-2 2v2h1.5V2a.5.5 0 0 1 .5-.5h2V0H2Zm2 10.5H2a.5.5 0 0 1-.5-.5V8H0v2a2 2 0 0 0 2 2h2v-1.5ZM8 12v-1.5h2a.5.5 0 0 0 .5-.5V8H12v2a2 2 0 0 1-2 2H8Zm2-12a2 2 0 0 1 2 2v2h-1.5V2a.5.5 0 0 0-.5-.5H8V0h2Z\" \/>\n\t\t\t<\/svg>\n\t\t<\/button><\/figure>\n\n\n\n<p class=\"wp-block-paragraph\">My\u00f6h\u00e4isgoottilainen kirkko vuodelta 1576 viereisine vanhoine hautausmaineen. Ja nyt se t\u00e4rkein, sill\u00e4 on aivan <strong>upea akustiikka<\/strong>. Siksi se toimii nyky\u00e4\u00e4n konserttisalina ja el\u00e4v\u00e4n musiikin kuuntelu t\u00e4\u00e4ll\u00e4 on unohtumaton el\u00e4mys. Goottilaiset holvit, vanhat hautakivet ikkunoiden takana ja \u00e4\u00e4ni, joka syleilee sinua joka puolelta. Jos t\u00e4\u00e4ll\u00e4 sattuu olemaan jokin konsertti, mene. Miettim\u00e4tt\u00e4.<\/p>\n\n\n\n<h3 class=\"wp-block-heading\"><span class=\"ez-toc-section\" id=\"33_Pyhan_Vaclavin_kirkko\"><\/span>33. Pyh\u00e4n Vaclavin kirkko<span class=\"ez-toc-section-end\"><\/span><\/h3>\n\n\n\n<figure data-wp-context=\"{&quot;imageId&quot;:&quot;6a9519aceedc5&quot;}\" data-wp-interactive=\"core\/image\" data-wp-key=\"6a9519aceedc5\" class=\"wp-block-image size-full wp-lightbox-container\"><img decoding=\"async\" width=\"1600\" height=\"1071\" data-wp-class--hide=\"state.isContentHidden\" data-wp-class--show=\"state.isContentVisible\" data-wp-init=\"callbacks.setButtonStyles\" data-wp-on--click=\"actions.showLightbox\" data-wp-on--load=\"callbacks.setButtonStyles\" data-wp-on--pointerdown=\"actions.preloadImage\" data-wp-on--pointerenter=\"actions.preloadImageWithDelay\" data-wp-on--pointerleave=\"actions.cancelPreload\" data-wp-on-window--resize=\"callbacks.setButtonStyles\" src=\"https:\/\/loudavymkrokem.cz\/wp-content\/uploads\/2026\/08\/kostel-sv-vaclava-pisek-vaclavske-predmesti.jpg\" alt=\"Pyh\u00e4n Vaclavin kirkko P\u00edsekin Vaclavin esikaupungissa\" class=\"wp-image-399713\" title=\"\" srcset=\"https:\/\/loudavymkrokem.cz\/wp-content\/uploads\/2026\/08\/kostel-sv-vaclava-pisek-vaclavske-predmesti.jpg 1600w, https:\/\/loudavymkrokem.cz\/wp-content\/uploads\/2026\/08\/kostel-sv-vaclava-pisek-vaclavske-predmesti-300x201.jpg 300w, https:\/\/loudavymkrokem.cz\/wp-content\/uploads\/2026\/08\/kostel-sv-vaclava-pisek-vaclavske-predmesti-700x469.jpg 700w, https:\/\/loudavymkrokem.cz\/wp-content\/uploads\/2026\/08\/kostel-sv-vaclava-pisek-vaclavske-predmesti-768x514.jpg 768w, https:\/\/loudavymkrokem.cz\/wp-content\/uploads\/2026\/08\/kostel-sv-vaclava-pisek-vaclavske-predmesti-1536x1028.jpg 1536w, https:\/\/loudavymkrokem.cz\/wp-content\/uploads\/2026\/08\/kostel-sv-vaclava-pisek-vaclavske-predmesti-696x466.jpg 696w, https:\/\/loudavymkrokem.cz\/wp-content\/uploads\/2026\/08\/kostel-sv-vaclava-pisek-vaclavske-predmesti-1392x932.jpg 1392w\" sizes=\"(max-width: 1600px) 100vw, 1600px\" \/><button\n\t\t\tclass=\"lightbox-trigger\"\n\t\t\ttype=\"button\"\n\t\t\taria-haspopup=\"dialog\"\n\t\t\tdata-wp-bind--aria-label=\"state.thisImage.triggerButtonAriaLabel\"\n\t\t\tdata-wp-init=\"callbacks.initTriggerButton\"\n\t\t\tdata-wp-on--click=\"actions.showLightbox\"\n\t\t\tdata-wp-style--right=\"state.thisImage.buttonRight\"\n\t\t\tdata-wp-style--top=\"state.thisImage.buttonTop\"\n\t\t>\n\t\t\t<svg xmlns=\"http:\/\/www.w3.org\/2000\/svg\" width=\"12\" height=\"12\" fill=\"none\" viewBox=\"0 0 12 12\">\n\t\t\t\t<path fill=\"#fff\" d=\"M2 0a2 2 0 0 0-2 2v2h1.5V2a.5.5 0 0 1 .5-.5h2V0H2Zm2 10.5H2a.5.5 0 0 1-.5-.5V8H0v2a2 2 0 0 0 2 2h2v-1.5ZM8 12v-1.5h2a.5.5 0 0 0 .5-.5V8H12v2a2 2 0 0 1-2 2H8Zm2-12a2 2 0 0 1 2 2v2h-1.5V2a.5.5 0 0 0-.5-.5H8V0h2Z\" \/>\n\t\t\t<\/svg>\n\t\t<\/button><\/figure>\n\n\n\n<p class=\"wp-block-paragraph\"><strong>P\u00edsekin vanhin sakraalipaikka<\/strong>, dokumentoitu jo noin vuodelta 1200, nykyinen goottilais-renessanssirakennus on 1500-luvulta ja seisoo Vaclavin esikaupungissa. L\u00f6yd\u00e4t t\u00e4\u00e4lt\u00e4 <strong>luultavasti Euroopan vanhimman freskokuvauksen mestari Jan Husin polttamisesta<\/strong>. P\u00edsekiss\u00e4! Varaudu vain siihen, ett\u00e4 sis\u00e4\u00e4n p\u00e4\u00e4see yleens\u00e4 vain messujen aikaan.<\/p>\n\n\n\n<p class=\"wp-block-paragraph\">T\u00e4m\u00e4 ansaitsisi paljon enemm\u00e4n huomiota kuin sit\u00e4 saa. Jos olet kiinnostunut historiasta, seisot t\u00e4ss\u00e4 jonkin todella poikkeuksellisen \u00e4\u00e4rell\u00e4.<\/p>\n\n\n\n<h3 class=\"wp-block-heading\"><span class=\"ez-toc-section\" id=\"34_Muinaislinnavuori\"><\/span>34. Muinaislinnavuori<span class=\"ez-toc-section-end\"><\/span><\/h3>\n\n\n\n<p class=\"wp-block-paragraph\">J\u00e4\u00e4nteit\u00e4 ikivanhasta asutuksesta ajalta, jolloin P\u00edsekin kaupunkia ei viel\u00e4 ollut olemassa. Ihmiset asuivat t\u00e4\u00e4ll\u00e4 kauan ennen kuin kukaan latoi Kivisillan ensimm\u00e4ist\u00e4 kive\u00e4. Se on ajattelemisen arvoista \u2013 seisot paikassa, jonne ihmiset asettuivat ehk\u00e4 tuhansia vuosia sitten, koska heill\u00e4 oli t\u00e4\u00e4ll\u00e4 hyv\u00e4 olla. Ja t\u00e4\u00e4ll\u00e4 on hyv\u00e4 olla edelleen.<\/p>\n\n\n\n<h3 class=\"wp-block-heading\"><span class=\"ez-toc-section\" id=\"35_Kipukivien_polku\"><\/span>35. Kipukivien polku<span class=\"ez-toc-section-end\"><\/span><\/h3>\n\n\n\n<p class=\"wp-block-paragraph\">Noin 1,5 km U Vod\u00e1ka -tarhalta l\u00f6yd\u00e4t polun, joka voi yll\u00e4tt\u00e4\u00e4 sinut. <strong>14 kivilohkaretta<\/strong> reunustaa polkua ja jokainen niist\u00e4 symboloi yht\u00e4 modernia k\u00e4rsimyst\u00e4 \u2013 masennusta, yksin\u00e4isyytt\u00e4, uupumusta, l\u00e4heisen menetyst\u00e4, riippuvuutta&#8230;<\/p>\n\n\n\n<p class=\"wp-block-paragraph\">Se ei ole mik\u00e4\u00e4n masentava k\u00e4vely, vaikka se voi silt\u00e4 kuulostaa. Se on pikemminkin niiden asioiden nime\u00e4mist\u00e4, joista normaalisti ei puhuta. Ja polku p\u00e4\u00e4ttyy toivoon \u2013 n\u00e4k\u00f6alapaikkaan, josta n\u00e4et kauas. Vertauskuvana se toimii kauniisti. K\u00e4velyn\u00e4 my\u00f6s.<\/p>\n\n\n\n<h3 class=\"wp-block-heading\"><span class=\"ez-toc-section\" id=\"36_Marta-huvila_ja_Dagmar_Simkova_-silta\"><\/span>36. Marta-huvila ja Dagmar \u0160imkov\u00e1 -silta<span class=\"ez-toc-section-end\"><\/span><\/h3>\n\n\n\n<figure data-wp-context=\"{&quot;imageId&quot;:&quot;6a9519acef68c&quot;}\" data-wp-interactive=\"core\/image\" data-wp-key=\"6a9519acef68c\" class=\"wp-block-image size-full wp-lightbox-container\"><img decoding=\"async\" width=\"1200\" height=\"800\" data-wp-class--hide=\"state.isContentHidden\" data-wp-class--show=\"state.isContentVisible\" data-wp-init=\"callbacks.setButtonStyles\" data-wp-on--click=\"actions.showLightbox\" data-wp-on--load=\"callbacks.setButtonStyles\" data-wp-on--pointerdown=\"actions.preloadImage\" data-wp-on--pointerenter=\"actions.preloadImageWithDelay\" data-wp-on--pointerleave=\"actions.cancelPreload\" data-wp-on-window--resize=\"callbacks.setButtonStyles\" src=\"https:\/\/loudavymkrokem.cz\/wp-content\/uploads\/2026\/08\/lavka-dagmar-simkove-pisek.jpg\" alt=\"Dagmar \u0160imkov\u00e1 -kevytsilta Otavan yli P\u00edsekiss\u00e4\" class=\"wp-image-399611\" title=\"\" srcset=\"https:\/\/loudavymkrokem.cz\/wp-content\/uploads\/2026\/08\/lavka-dagmar-simkove-pisek.jpg 1200w, https:\/\/loudavymkrokem.cz\/wp-content\/uploads\/2026\/08\/lavka-dagmar-simkove-pisek-300x200.jpg 300w, https:\/\/loudavymkrokem.cz\/wp-content\/uploads\/2026\/08\/lavka-dagmar-simkove-pisek-700x467.jpg 700w, https:\/\/loudavymkrokem.cz\/wp-content\/uploads\/2026\/08\/lavka-dagmar-simkove-pisek-768x512.jpg 768w, https:\/\/loudavymkrokem.cz\/wp-content\/uploads\/2026\/08\/lavka-dagmar-simkove-pisek-696x464.jpg 696w\" sizes=\"(max-width: 1200px) 100vw, 1200px\" \/><button\n\t\t\tclass=\"lightbox-trigger\"\n\t\t\ttype=\"button\"\n\t\t\taria-haspopup=\"dialog\"\n\t\t\tdata-wp-bind--aria-label=\"state.thisImage.triggerButtonAriaLabel\"\n\t\t\tdata-wp-init=\"callbacks.initTriggerButton\"\n\t\t\tdata-wp-on--click=\"actions.showLightbox\"\n\t\t\tdata-wp-style--right=\"state.thisImage.buttonRight\"\n\t\t\tdata-wp-style--top=\"state.thisImage.buttonTop\"\n\t\t>\n\t\t\t<svg xmlns=\"http:\/\/www.w3.org\/2000\/svg\" width=\"12\" height=\"12\" fill=\"none\" viewBox=\"0 0 12 12\">\n\t\t\t\t<path fill=\"#fff\" d=\"M2 0a2 2 0 0 0-2 2v2h1.5V2a.5.5 0 0 1 .5-.5h2V0H2Zm2 10.5H2a.5.5 0 0 1-.5-.5V8H0v2a2 2 0 0 0 2 2h2v-1.5ZM8 12v-1.5h2a.5.5 0 0 0 .5-.5V8H12v2a2 2 0 0 1-2 2H8Zm2-12a2 2 0 0 1 2 2v2h-1.5V2a.5.5 0 0 0-.5-.5H8V0h2Z\" \/>\n\t\t\t<\/svg>\n\t\t<\/button><\/figure>\n\n\n\n<p class=\"wp-block-paragraph\">Tarina, joka riitt\u00e4isi kokonaiseen elokuvaan. <strong>Dagmar \u0160imkov\u00e1<\/strong> oli poliittinen vanki, jonka salainen poliisi StB pid\u00e4tti juuri kauniissa Marta-huvilassa t\u00e4\u00e4ll\u00e4 P\u00edsekiss\u00e4. H\u00e4n vietti vuosia kommunistivankiloissa ja kirjoitti siit\u00e4 kirjan <strong>Byly jsme tam taky<\/strong> (Olimme mekin siell\u00e4) \u2013 jos et tunne sit\u00e4, lue se.<\/p>\n\n\n\n<p class=\"wp-block-paragraph\">Vuonna 2018 h\u00e4nen kunniakseen avattiin tyylik\u00e4s <strong>kevytsilta Otavan yli<\/strong> \u2013 140 metri\u00e4 pitk\u00e4, sen suunnitteli arkkitehti <strong>Josef Pleskot<\/strong>, joka on muuten kotoisin P\u00edsekist\u00e4. Silta on upea, ilmava, moderni, ja kantaa silti raskasta ja t\u00e4rke\u00e4\u00e4 tarinaa. Yksi kaupungin kauneimmista paikoista k\u00e4velyyn vaunujen kanssa tai juoksuun.<\/p>\n\n\n\n<h3 class=\"wp-block-heading\"><span class=\"ez-toc-section\" id=\"37_Frana_Sramekin_teatteri\"><\/span>37. Fr\u00e1\u0148a \u0160r\u00e1mekin teatteri<span class=\"ez-toc-section-end\"><\/span><\/h3>\n\n\n\n<figure data-wp-context=\"{&quot;imageId&quot;:&quot;6a9519acefd95&quot;}\" data-wp-interactive=\"core\/image\" data-wp-key=\"6a9519acefd95\" class=\"wp-block-image size-full wp-lightbox-container\"><img decoding=\"async\" width=\"1600\" height=\"1066\" data-wp-class--hide=\"state.isContentHidden\" data-wp-class--show=\"state.isContentVisible\" data-wp-init=\"callbacks.setButtonStyles\" data-wp-on--click=\"actions.showLightbox\" data-wp-on--load=\"callbacks.setButtonStyles\" data-wp-on--pointerdown=\"actions.preloadImage\" data-wp-on--pointerenter=\"actions.preloadImageWithDelay\" data-wp-on--pointerleave=\"actions.cancelPreload\" data-wp-on-window--resize=\"callbacks.setButtonStyles\" src=\"https:\/\/loudavymkrokem.cz\/wp-content\/uploads\/2026\/08\/divadlo-frani-sramka-pisek.jpg\" alt=\"Fr\u00e1\u0148a \u0160r\u00e1mekin teatteri P\u00edsekiss\u00e4\" class=\"wp-image-399705\" title=\"\" srcset=\"https:\/\/loudavymkrokem.cz\/wp-content\/uploads\/2026\/08\/divadlo-frani-sramka-pisek.jpg 1600w, https:\/\/loudavymkrokem.cz\/wp-content\/uploads\/2026\/08\/divadlo-frani-sramka-pisek-300x200.jpg 300w, https:\/\/loudavymkrokem.cz\/wp-content\/uploads\/2026\/08\/divadlo-frani-sramka-pisek-700x466.jpg 700w, https:\/\/loudavymkrokem.cz\/wp-content\/uploads\/2026\/08\/divadlo-frani-sramka-pisek-768x512.jpg 768w, https:\/\/loudavymkrokem.cz\/wp-content\/uploads\/2026\/08\/divadlo-frani-sramka-pisek-1536x1023.jpg 1536w, https:\/\/loudavymkrokem.cz\/wp-content\/uploads\/2026\/08\/divadlo-frani-sramka-pisek-696x464.jpg 696w, https:\/\/loudavymkrokem.cz\/wp-content\/uploads\/2026\/08\/divadlo-frani-sramka-pisek-1392x927.jpg 1392w\" sizes=\"(max-width: 1600px) 100vw, 1600px\" \/><button\n\t\t\tclass=\"lightbox-trigger\"\n\t\t\ttype=\"button\"\n\t\t\taria-haspopup=\"dialog\"\n\t\t\tdata-wp-bind--aria-label=\"state.thisImage.triggerButtonAriaLabel\"\n\t\t\tdata-wp-init=\"callbacks.initTriggerButton\"\n\t\t\tdata-wp-on--click=\"actions.showLightbox\"\n\t\t\tdata-wp-style--right=\"state.thisImage.buttonRight\"\n\t\t\tdata-wp-style--top=\"state.thisImage.buttonTop\"\n\t\t>\n\t\t\t<svg xmlns=\"http:\/\/www.w3.org\/2000\/svg\" width=\"12\" height=\"12\" fill=\"none\" viewBox=\"0 0 12 12\">\n\t\t\t\t<path fill=\"#fff\" d=\"M2 0a2 2 0 0 0-2 2v2h1.5V2a.5.5 0 0 1 .5-.5h2V0H2Zm2 10.5H2a.5.5 0 0 1-.5-.5V8H0v2a2 2 0 0 0 2 2h2v-1.5ZM8 12v-1.5h2a.5.5 0 0 0 .5-.5V8H12v2a2 2 0 0 1-2 2H8Zm2-12a2 2 0 0 1 2 2v2h-1.5V2a.5.5 0 0 0-.5-.5H8V0h2Z\" \/>\n\t\t\t<\/svg>\n\t\t<\/button><\/figure>\n\n\n\n<p class=\"wp-block-paragraph\">Kuka olisi uskonut, ett\u00e4 entisest\u00e4 sotilasampumaradasta tulisi kerran teatteri? Se avattiin vuonna 1940, ja heti Myyty morsian -oopperalla \u2014 Smetana olisi varmaan iloinen. Fr\u00e1\u0148a \u0160r\u00e1mekin nimen se sai vasta vuonna 1991.<\/p>\n\n\n\n<p class=\"wp-block-paragraph\">Sis\u00e4lt\u00e4 l\u00f6yd\u00e4t kauniin historiallisen esiripun ja kuvanveist\u00e4j\u00e4 Libor Hurdan tekemi\u00e4 istuimia. Teatterilla on sielunsa ja tunnelmansa, jota suuremmat n\u00e4ytt\u00e4m\u00f6t joskus kaipaavat. Ohjelmaa kannattaa seurata, t\u00e4\u00e4ll\u00e4 esitet\u00e4\u00e4n s\u00e4\u00e4nn\u00f6llisesti ja laadukkaasti.<\/p>\n\n\n\n<!-- LKM_GYG_CARD start q=\"pisku\" lang=\"fi\" rendered=\"2026-08-31T02:04:13+00:00\" v=\"1\" -->\n\n<!-- LKM_GYG_CARD end -->\n\n\n\n\n<div class=\"lk-stays-module\">\n<style>\n\/* \u2500\u2500\u2500 RESET PRO GUTENBERG \u2500\u2500\u2500 *\/\n.lk-stays-module * { box-sizing: border-box; margin: 0; padding: 0; }\n\n\/* \u2500\u2500\u2500 WRAPPER \u2500\u2500\u2500 *\/\n.lk-stays-module {\n  font-family: 'DM Sans', Georgia, sans-serif;\n  max-width: 100%;\n  margin: 2.5rem auto;\n  background: linear-gradient(135deg, #fdfaf5 0%, #fcf8f0 100%);\n  border: 1px solid #e8dfd4;\n  border-radius: 16px;\n  overflow: hidden;\n  box-shadow: 0 16px 48px rgba(195, 159, 118, 0.25), 0 4px 12px rgba(0,0,0,0.08);\n}\n\n\/* \u2500\u2500\u2500 HEADER \u2500\u2500\u2500 *\/\n.lk-stays-header {\n  position: relative;\n  padding: 24px 36px 24px;\n  background: linear-gradient(135deg, #c39f76 0%, #d4b188 60%, #c39f76 100%);\n  border-bottom: 1px solid rgba(255,255,255,.15);\n  display: flex;\n  align-items: center;\n  gap: 18px;\n}\n.lk-stays-header::before {\n  content: '';\n  position: absolute;\n  inset: 0;\n  background: url(\"data:image\/svg+xml,%3Csvg width='60' height='60' viewBox='0 0 60 60' xmlns='http:\/\/www.w3.org\/2000\/svg'%3E%3Cg fill='none' fill-rule='evenodd'%3E%3Cg fill='%23ffffff' fill-opacity='0.05'%3E%3Cpath d='M36 34v-4h-2v4h-4v2h4v4h2v-4h4v-2h-4zm0-30V0h-2v4h-4v2h4v4h2V6h4V4h-4zM6 34v-4H4v4H0v2h4v4h2v-4h4v-2H6zM6 4V0H4v4H0v2h4v4h2V6h4V4H6z'\/%3E%3C\/g%3E%3C\/g%3E%3C\/svg%3E\") repeat;\n  pointer-events: none;\n}\n.lk-stays-icon {\n  flex-shrink: 0;\n  width: 68px;\n  height: 68px;\n  border-radius: 14px;\n  background: linear-gradient(135deg, #fff 0%, #f9f6f0 100%);\n  display: flex;\n  align-items: center;\n  justify-content: center;\n  font-size: 26px;\n  box-shadow: 0 4px 12px rgba(0,0,0,0.15);\n}\n.lk-stays-eyebrow {\n  font-size: 10px;\n  font-weight: 500;\n  letter-spacing: 2.5px;\n  text-transform: uppercase;\n  color: rgba(255,255,255,.85);\n  margin: 0 0 5px 0;\n}\n.lk-stays-title {\n  font-family: 'Playfair Display', Georgia, serif;\n  font-size: 24px;\n  font-weight: 700;\n  color: #fff;\n  line-height: 1.2;\n  text-shadow: 0 1px 2px rgba(0,0,0,0.1);\n  margin: 0;\n}\n.lk-stays-subtitle {\n  font-size: 13px;\n  color: rgba(255,255,255,.75);\n  margin: 4px 0 0 0;\n  font-weight: 300;\n}\n\n\/* \u2500\u2500\u2500 CARDS GRID \u2500\u2500\u2500 *\/\n.lk-stays-grid {\n  display: grid;\n  grid-template-columns: 1fr 1fr;\n  gap: 1px;\n  background: rgba(195, 159, 118, 0.12);\n}\n\n\/* \u2500\u2500\u2500 SINGLE CARD \u2500\u2500\u2500 *\/\n.lk-stay-card {\n  background: #ffffff;\n  padding: 26px;\n  display: flex;\n  flex-direction: column;\n  gap: 11px;\n  transition: all 0.3s ease;\n  text-decoration: none;\n  color: inherit;\n  position: relative;\n}\n.lk-stay-card:hover {\n  background: #fffbf5;\n  transform: translateY(-2px);\n  box-shadow: 0 8px 24px rgba(195, 159, 118, 0.18);\n  z-index: 1;\n}\n.lk-stay-card.featured {\n  background: linear-gradient(135deg, #fffdf9 0%, #fff9f0 100%);\n  box-shadow: 0 4px 16px rgba(195, 159, 118, 0.15), inset 0 1px 0 rgba(195, 159, 118, 0.1);\n}\n.lk-stay-card.featured:hover {\n  background: linear-gradient(135deg, #fffbf5 0%, #fff8ed 100%);\n  box-shadow: 0 8px 24px rgba(195, 159, 118, 0.25), inset 0 1px 0 rgba(195, 159, 118, 0.15);\n}\n\n.lk-stay-badge {\n  display: inline-flex;\n  align-items: center;\n  gap: 5px;\n  font-size: 10px;\n  font-weight: 500;\n  letter-spacing: 1.5px;\n  text-transform: uppercase;\n  padding: 5px 11px;\n  border-radius: 20px;\n  width: fit-content;\n}\n.badge-top     { background: linear-gradient(135deg, #c39f76 0%, #d4b188 100%); color: #fff; border: 1px solid #c39f76; font-weight: 600; box-shadow: 0 2px 8px rgba(195,159,118,0.3); }\n.badge-luxury  { background: rgba(195,159,118,.12); color: #c39f76; border: 1px solid rgba(195,159,118,.25); }\n.badge-boutique{ background: rgba(54,133,252,.08); color: #3685fc; border: 1px solid rgba(54,133,252,.2); }\n.badge-nature  { background: rgba(130,190,100,.1); color: #6b9c4a; border: 1px solid rgba(130,190,100,.2); }\n.badge-remote  { background: rgba(195,159,118,.12); color: #a67e50; border: 1px solid rgba(195,159,118,.25); }\n\n.lk-stay-name {\n  font-family: 'Playfair Display', Georgia, serif;\n  font-size: 18px;\n  font-weight: 700;\n  color: #111827;\n  line-height: 1.3;\n}\n.lk-stay-desc {\n  font-size: 13.5px;\n  color: #525252;\n  line-height: 1.65;\n  font-weight: 300;\n  flex: 1;\n}\n\n.lk-stay-meta {\n  display: flex;\n  align-items: center;\n  gap: 12px;\n  flex-wrap: wrap;\n  margin-top: 4px;\n}\n.lk-stay-price {\n  font-size: 13px;\n  color: #6b7280;\n}\n.lk-stay-price strong {\n  color: #c39f76;\n  font-weight: 500;\n}\n.lk-stay-stars {\n  color: #c39f76;\n  font-size: 11px;\n  letter-spacing: 1px;\n}\n\n\/* \u2500\u2500\u2500 CTA BUTTON \u2500\u2500\u2500 *\/\n.lk-stay-cta {\n  display: inline-flex;\n  align-items: center;\n  justify-content: center;\n  gap: 7px;\n  margin-top: 8px;\n  padding: 11px 20px;\n  border-radius: 8px;\n  background: linear-gradient(135deg, #3685fc 0%, #2a6fd9 100%);\n  color: #fff;\n  font-size: 13px;\n  font-weight: 500;\n  text-decoration: none;\n  letter-spacing: .3px;\n  transition: all .2s ease;\n  cursor: pointer;\n  border: none;\n  text-align: center;\n  box-shadow: 0 4px 12px rgba(54, 133, 252, 0.25);\n}\n.lk-stay-cta:hover {\n  background: linear-gradient(135deg, #2a6fd9 0%, #1e5bc4 100%);\n  transform: translateY(-1px);\n  box-shadow: 0 6px 16px rgba(54, 133, 252, 0.35);\n}\n.lk-stay-cta svg { flex-shrink: 0; }\n\n\/* \u2500\u2500\u2500 FOOTER \u2500\u2500\u2500 *\/\n.lk-stays-footer {\n  padding: 18px 36px;\n  background: linear-gradient(to bottom, #fdfaf5 0%, #f9f4ed 100%);\n  border-top: 1px solid rgba(195, 159, 118, 0.15);\n  display: flex;\n  align-items: center;\n  justify-content: space-between;\n  flex-wrap: wrap;\n  gap: 12px;\n}\n.lk-stays-footer-note {\n  font-size: 11.5px;\n  color: #6b7280;\n  font-weight: 300;\n  line-height: 1.5;\n}\n.lk-stays-footer-note a {\n  color: #c39f76;\n  text-decoration: none;\n  font-weight: 400;\n}\n.lk-stays-footer-note a:hover {\n  text-decoration: underline;\n}\n.lk-stays-all-btn {\n  display: inline-flex;\n  align-items: center;\n  gap: 6px;\n  font-size: 12.5px;\n  font-weight: 500;\n  color: #c39f76;\n  text-decoration: none;\n  border: 1px solid rgba(195, 159, 118, 0.35);\n  padding: 8px 18px;\n  border-radius: 8px;\n  transition: all .2s ease;\n}\n.lk-stays-all-btn:hover {\n  background: rgba(195, 159, 118, 0.08);\n  border-color: rgba(195, 159, 118, 0.5);\n}\n\n\/* \u2500\u2500\u2500 RESPONSIVE \u2500\u2500\u2500 *\/\n@media (max-width: 600px) {\n  .lk-stays-grid { grid-template-columns: 1fr; }\n  .lk-stays-header { padding: 24px 20px; }\n  .lk-stays-footer { padding: 16px 20px; }\n  .lk-stay-card { padding: 22px; }\n  .lk-stays-title { font-size: 20px; }\n}\n<\/style>\n\n  <!-- HEADER -->\n  <div class=\"lk-stays-header\">\n    <img decoding=\"async\" src=\"https:\/\/loudavymkrokem.cz\/wp-content\/uploads\/2026\/02\/lukas-a-lucka.jpg\" alt=\"\" style=\"width: 75px; height: 75px; border-radius: 8px; flex-shrink: 0; object-fit: cover; display: block; margin: 4px 0;\" title=\"\">\n    <div class=\"lk-stays-header-text\">\n      <div class=\"lk-stays-eyebrow\">Luk\u00e1\u0161 ja Lucie suosittelevat<\/div>\n      <div class=\"lk-stays-title\">Miss\u00e4 y\u00f6py\u00e4 P\u00edsekiss\u00e4<\/div>\n      <div class=\"lk-stays-subtitle\">5 majoitusta \u2014 hotellit ja muut majoitusvaihtoehdot<\/div>\n    <\/div>\n  <\/div>\n\n  <!-- CARDS -->\n  <div class=\"lk-stays-grid\">\n\n    <a class=\"lk-stay-card featured\" href=\"https:\/\/www.stay22.com\/allez\/roam?aid=lukaskonecny&#038;campaign=loudavymkrokemcz&#038;campaign=fi&#038;campaign=co-videt-v-pisku&#038;hotelname=Hotel%20Biograf&#038;address=P%C3%ADsek%2C%20%C4%8Cesko\" target=\"_blank\" rel=\"nofollow noopener\">\n      <span class=\"lk-stay-badge badge-top\">\u2b50 HUIPPUVALINTA<\/span>\n      <span class=\"lk-stay-badge badge-nature\">\ud83c\udfe8 Hotelli<\/span>\n      <div class=\"lk-stay-name\">Hotel Biograf<\/div>\n      <div class=\"lk-stay-desc\">4 t\u00e4hden hotelli entisess\u00e4 elokuvateatterissa. Arvosana 8.6\/10, modernit huoneet, suomalainen sauna, hieronnat.<\/div>\n      <div class=\"lk-stay-meta\">\n        <span class=\"lk-stay-stars\">\u2605\u2605\u2605\u2605<\/span>\n        <span class=\"lk-stay-price\">Tarkista hinnat<\/span>\n      <\/div>\n      <span class=\"lk-stay-cta\">\n        <svg width=\"14\" height=\"14\" viewBox=\"0 0 24 24\" fill=\"none\" stroke=\"currentColor\" stroke-width=\"2\"><path d=\"M18 13v6a2 2 0 0 1-2 2H5a2 2 0 0 1-2-2V8a2 2 0 0 1 2-2h6\"\/><polyline points=\"15 3 21 3 21 9\"\/><line x1=\"10\" y1=\"14\" x2=\"21\" y2=\"3\"\/><\/svg>\n        Tarkista saatavuus\n      <\/span>\n    <\/a>\n\n    <a class=\"lk-stay-card\" href=\"https:\/\/www.stay22.com\/allez\/roam?aid=lukaskonecny&#038;campaign=loudavymkrokemcz&#038;campaign=fi&#038;campaign=co-videt-v-pisku&#038;hotelname=Hotel%20U%20Kapli%C4%8Dky&#038;address=P%C3%ADsek%2C%20%C4%8Cesko\" target=\"_blank\" rel=\"nofollow noopener\">\n      <span class=\"lk-stay-badge badge-nature\">\ud83c\udfe8 Hotelli<\/span>\n      <div class=\"lk-stay-name\">Hotel U Kapli\u010dky<\/div>\n      <div class=\"lk-stay-desc\">Klassinen hotelli miellytt\u00e4v\u00e4ll\u00e4 tunnelmalla ja ravintola Chapelle (Michelin Selected).<\/div>\n      <div class=\"lk-stay-meta\">\n        <span class=\"lk-stay-stars\">\u2605\u2605\u2605\u2605<\/span>\n        <span class=\"lk-stay-price\">Tarkista hinnat<\/span>\n      <\/div>\n      <span class=\"lk-stay-cta\">\n        <svg width=\"14\" height=\"14\" viewBox=\"0 0 24 24\" fill=\"none\" stroke=\"currentColor\" stroke-width=\"2\"><path d=\"M18 13v6a2 2 0 0 1-2 2H5a2 2 0 0 1-2-2V8a2 2 0 0 1 2-2h6\"\/><polyline points=\"15 3 21 3 21 9\"\/><line x1=\"10\" y1=\"14\" x2=\"21\" y2=\"3\"\/><\/svg>\n        Tarkista saatavuus\n      <\/span>\n    <\/a>\n\n    <a class=\"lk-stay-card\" href=\"https:\/\/www.stay22.com\/allez\/roam?aid=lukaskonecny&#038;campaign=loudavymkrokemcz&#038;campaign=fi&#038;campaign=covidetvpisku&#038;address=P%C3%ADsek&#038;hotelname=Rezidence+U+Kamenn%C3%A9ho+mostu&#038;search=Rezidence+U+Kamenn%C3%A9ho+mostu&#038;category=accommodation\" target=\"_blank\" rel=\"nofollow noopener\">\n      <span class=\"lk-stay-badge badge-nature\">\ud83c\udfe1 Pension\/B&#038;B<\/span>\n      <div class=\"lk-stay-name\">Rezidence U Kamenn\u00e9ho mostu<\/div>\n      <div class=\"lk-stay-desc\">Huoneistot kaupungin keskustassa Kivisillan l\u00e4hell\u00e4.<\/div>\n      <div class=\"lk-stay-meta\">\n        <span class=\"lk-stay-stars\">\u2605\u2605\u2605\u2605<\/span>\n        <span class=\"lk-stay-price\">alkaen 22 \u20ac\/y\u00f6<\/span>\n      <\/div>\n      <span class=\"lk-stay-cta\">\n        <svg width=\"14\" height=\"14\" viewBox=\"0 0 24 24\" fill=\"none\" stroke=\"currentColor\" stroke-width=\"2\"><path d=\"M18 13v6a2 2 0 0 1-2 2H5a2 2 0 0 1-2-2V8a2 2 0 0 1 2-2h6\"\/><polyline points=\"15 3 21 3 21 9\"\/><line x1=\"10\" y1=\"14\" x2=\"21\" y2=\"3\"\/><\/svg>\n        Tarkista saatavuus\n      <\/span>\n    <\/a>\n\n    <a class=\"lk-stay-card\" href=\"https:\/\/www.stay22.com\/allez\/roam?aid=lukaskonecny&#038;campaign=loudavymkrokemcz&#038;campaign=fi&#038;campaign=co-videt-v-pisku&#038;hotelname=Soho%20apartment&#038;address=P%C3%ADsek%2C%20%C4%8Cesko\" target=\"_blank\" rel=\"nofollow noopener\">\n      <span class=\"lk-stay-badge badge-nature\">\ud83c\udfe1 Pension\/B&#038;B<\/span>\n      <div class=\"lk-stay-name\">Soho apartment<\/div>\n      <div class=\"lk-stay-desc\">Huoneisto P\u00edsekin keskustassa.<\/div>\n      <div class=\"lk-stay-meta\">\n        <span class=\"lk-stay-stars\">\u2605\u2605\u2605\u2605<\/span>\n        <span class=\"lk-stay-price\">Tarkista hinnat<\/span>\n      <\/div>\n      <span class=\"lk-stay-cta\">\n        <svg width=\"14\" height=\"14\" viewBox=\"0 0 24 24\" fill=\"none\" stroke=\"currentColor\" stroke-width=\"2\"><path d=\"M18 13v6a2 2 0 0 1-2 2H5a2 2 0 0 1-2-2V8a2 2 0 0 1 2-2h6\"\/><polyline points=\"15 3 21 3 21 9\"\/><line x1=\"10\" y1=\"14\" x2=\"21\" y2=\"3\"\/><\/svg>\n        Tarkista saatavuus\n      <\/span>\n    <\/a>\n\n    <a class=\"lk-stay-card\" href=\"https:\/\/www.stay22.com\/allez\/roam?aid=lukaskonecny&#038;campaign=loudavymkrokemcz&#038;campaign=fi&#038;campaign=covidetvpisku&#038;address=p\u00edsek\" target=\"_blank\" rel=\"nofollow noopener\">\n      <span class=\"lk-stay-badge badge-nature\">\ud83d\udd0d Hae<\/span>\n      <div class=\"lk-stay-name\">N\u00e4yt\u00e4 kaikki majoitukset P\u00edsekiss\u00e4<\/div>\n      <div class=\"lk-stay-desc\">Tutki kaikki saatavilla olevat majoitusvaihtoehdot P\u00edsekiss\u00e4 ja l\u00f6yd\u00e4 paras mieltymystesi ja budjettisi mukaan.<\/div>\n      <div class=\"lk-stay-meta\">\n        <span class=\"lk-stay-stars\">\u2605\u2605\u2605\u2605<\/span>\n        <span class=\"lk-stay-price\">Vertaile hintoja<\/span>\n      <\/div>\n      <span class=\"lk-stay-cta\">\n        <svg width=\"14\" height=\"14\" viewBox=\"0 0 24 24\" fill=\"none\" stroke=\"currentColor\" stroke-width=\"2\"><path d=\"M18 13v6a2 2 0 0 1-2 2H5a2 2 0 0 1-2-2V8a2 2 0 0 1 2-2h6\"\/><polyline points=\"15 3 21 3 21 9\"\/><line x1=\"10\" y1=\"14\" x2=\"21\" y2=\"3\"\/><\/svg>\n        Tarkista saatavuus\n      <\/span>\n    <\/a>\n\n  <\/div>\n\n  \n<\/div>\n\n\n\n\n<h3 class=\"wp-block-heading\"><span class=\"ez-toc-section\" id=\"38_Dekaanintalo\"><\/span>38. Dekaanintalo<span class=\"ez-toc-section-end\"><\/span><\/h3>\n\n\n\n<figure data-wp-context=\"{&quot;imageId&quot;:&quot;6a9519acf059f&quot;}\" data-wp-interactive=\"core\/image\" data-wp-key=\"6a9519acf059f\" class=\"wp-block-image size-full wp-lightbox-container\"><img decoding=\"async\" width=\"2200\" height=\"1467\" data-wp-class--hide=\"state.isContentHidden\" data-wp-class--show=\"state.isContentVisible\" data-wp-init=\"callbacks.setButtonStyles\" data-wp-on--click=\"actions.showLightbox\" data-wp-on--load=\"callbacks.setButtonStyles\" data-wp-on--pointerdown=\"actions.preloadImage\" data-wp-on--pointerenter=\"actions.preloadImageWithDelay\" data-wp-on--pointerleave=\"actions.cancelPreload\" data-wp-on-window--resize=\"callbacks.setButtonStyles\" src=\"https:\/\/loudavymkrokem.cz\/wp-content\/uploads\/2026\/08\/pisek-dekanstvi-bakalare.jpg\" alt=\"Dekaanintalon rakennus Bakal\u00e1\u0159e-kadulla P\u00edsekiss\u00e4\" class=\"wp-image-399376\" title=\"\" srcset=\"https:\/\/loudavymkrokem.cz\/wp-content\/uploads\/2026\/08\/pisek-dekanstvi-bakalare.jpg 2200w, https:\/\/loudavymkrokem.cz\/wp-content\/uploads\/2026\/08\/pisek-dekanstvi-bakalare-300x200.jpg 300w, https:\/\/loudavymkrokem.cz\/wp-content\/uploads\/2026\/08\/pisek-dekanstvi-bakalare-700x467.jpg 700w, https:\/\/loudavymkrokem.cz\/wp-content\/uploads\/2026\/08\/pisek-dekanstvi-bakalare-768x512.jpg 768w, https:\/\/loudavymkrokem.cz\/wp-content\/uploads\/2026\/08\/pisek-dekanstvi-bakalare-1536x1024.jpg 1536w, https:\/\/loudavymkrokem.cz\/wp-content\/uploads\/2026\/08\/pisek-dekanstvi-bakalare-2048x1366.jpg 2048w, https:\/\/loudavymkrokem.cz\/wp-content\/uploads\/2026\/08\/pisek-dekanstvi-bakalare-696x464.jpg 696w, https:\/\/loudavymkrokem.cz\/wp-content\/uploads\/2026\/08\/pisek-dekanstvi-bakalare-1392x928.jpg 1392w, https:\/\/loudavymkrokem.cz\/wp-content\/uploads\/2026\/08\/pisek-dekanstvi-bakalare-1920x1280.jpg 1920w\" sizes=\"(max-width: 2200px) 100vw, 2200px\" \/><button\n\t\t\tclass=\"lightbox-trigger\"\n\t\t\ttype=\"button\"\n\t\t\taria-haspopup=\"dialog\"\n\t\t\tdata-wp-bind--aria-label=\"state.thisImage.triggerButtonAriaLabel\"\n\t\t\tdata-wp-init=\"callbacks.initTriggerButton\"\n\t\t\tdata-wp-on--click=\"actions.showLightbox\"\n\t\t\tdata-wp-style--right=\"state.thisImage.buttonRight\"\n\t\t\tdata-wp-style--top=\"state.thisImage.buttonTop\"\n\t\t>\n\t\t\t<svg xmlns=\"http:\/\/www.w3.org\/2000\/svg\" width=\"12\" height=\"12\" fill=\"none\" viewBox=\"0 0 12 12\">\n\t\t\t\t<path fill=\"#fff\" d=\"M2 0a2 2 0 0 0-2 2v2h1.5V2a.5.5 0 0 1 .5-.5h2V0H2Zm2 10.5H2a.5.5 0 0 1-.5-.5V8H0v2a2 2 0 0 0 2 2h2v-1.5ZM8 12v-1.5h2a.5.5 0 0 0 .5-.5V8H12v2a2 2 0 0 1-2 2H8Zm2-12a2 2 0 0 1 2 2v2h-1.5V2a.5.5 0 0 0-.5-.5H8V0h2Z\" \/>\n\t\t\t<\/svg>\n\t\t<\/button><\/figure>\n\n\n\n<p class=\"wp-block-paragraph\">Osoite Bakal\u00e1\u0159e 43\/6, heti Neitsyt Marian syntym\u00e4n kirkon vieress\u00e4. My\u00f6h\u00e4isbarokkirakennus klassismielementein, jonka historia ulottuu aina 1300-luvulle. Ja se kiinnostavin, se on kirjaimellisesti kasvanut yhteen muurin kanssa ja siihen kuuluu goottilainen bastioni. Joten kun astut sis\u00e4\u00e4n, astut oikeastaan muuriin. Sellaista rakennusarkeologiaa k\u00e4yt\u00e4nn\u00f6ss\u00e4.<\/p>\n\n\n\n<h3 class=\"wp-block-heading\"><span class=\"ez-toc-section\" id=\"39_Muurinvalit_Putimin_portin_luona\"><\/span>39. Muurinv\u00e4lit Putimin portin luona<span class=\"ez-toc-section-end\"><\/span><\/h3>\n\n\n\n<figure data-wp-context=\"{&quot;imageId&quot;:&quot;6a9519acf0ba1&quot;}\" data-wp-interactive=\"core\/image\" data-wp-key=\"6a9519acf0ba1\" class=\"wp-block-image size-full wp-lightbox-container\"><img decoding=\"async\" width=\"2200\" height=\"1467\" data-wp-class--hide=\"state.isContentHidden\" data-wp-class--show=\"state.isContentVisible\" data-wp-init=\"callbacks.setButtonStyles\" data-wp-on--click=\"actions.showLightbox\" data-wp-on--load=\"callbacks.setButtonStyles\" data-wp-on--pointerdown=\"actions.preloadImage\" data-wp-on--pointerenter=\"actions.preloadImageWithDelay\" data-wp-on--pointerleave=\"actions.cancelPreload\" data-wp-on-window--resize=\"callbacks.setButtonStyles\" src=\"https:\/\/loudavymkrokem.cz\/wp-content\/uploads\/2026\/08\/pisek-parkany-hradby.jpg\" alt=\"Muurinv\u00e4lit muurien v\u00e4liss\u00e4 P\u00edsekiss\u00e4\" class=\"wp-image-399377\" title=\"\" srcset=\"https:\/\/loudavymkrokem.cz\/wp-content\/uploads\/2026\/08\/pisek-parkany-hradby.jpg 2200w, https:\/\/loudavymkrokem.cz\/wp-content\/uploads\/2026\/08\/pisek-parkany-hradby-300x200.jpg 300w, https:\/\/loudavymkrokem.cz\/wp-content\/uploads\/2026\/08\/pisek-parkany-hradby-700x467.jpg 700w, https:\/\/loudavymkrokem.cz\/wp-content\/uploads\/2026\/08\/pisek-parkany-hradby-768x512.jpg 768w, https:\/\/loudavymkrokem.cz\/wp-content\/uploads\/2026\/08\/pisek-parkany-hradby-1536x1024.jpg 1536w, https:\/\/loudavymkrokem.cz\/wp-content\/uploads\/2026\/08\/pisek-parkany-hradby-2048x1366.jpg 2048w, https:\/\/loudavymkrokem.cz\/wp-content\/uploads\/2026\/08\/pisek-parkany-hradby-696x464.jpg 696w, https:\/\/loudavymkrokem.cz\/wp-content\/uploads\/2026\/08\/pisek-parkany-hradby-1392x928.jpg 1392w, https:\/\/loudavymkrokem.cz\/wp-content\/uploads\/2026\/08\/pisek-parkany-hradby-1920x1280.jpg 1920w\" sizes=\"(max-width: 2200px) 100vw, 2200px\" \/><button\n\t\t\tclass=\"lightbox-trigger\"\n\t\t\ttype=\"button\"\n\t\t\taria-haspopup=\"dialog\"\n\t\t\tdata-wp-bind--aria-label=\"state.thisImage.triggerButtonAriaLabel\"\n\t\t\tdata-wp-init=\"callbacks.initTriggerButton\"\n\t\t\tdata-wp-on--click=\"actions.showLightbox\"\n\t\t\tdata-wp-style--right=\"state.thisImage.buttonRight\"\n\t\t\tdata-wp-style--top=\"state.thisImage.buttonTop\"\n\t\t>\n\t\t\t<svg xmlns=\"http:\/\/www.w3.org\/2000\/svg\" width=\"12\" height=\"12\" fill=\"none\" viewBox=\"0 0 12 12\">\n\t\t\t\t<path fill=\"#fff\" d=\"M2 0a2 2 0 0 0-2 2v2h1.5V2a.5.5 0 0 1 .5-.5h2V0H2Zm2 10.5H2a.5.5 0 0 1-.5-.5V8H0v2a2 2 0 0 0 2 2h2v-1.5ZM8 12v-1.5h2a.5.5 0 0 0 .5-.5V8H12v2a2 2 0 0 1-2 2H8Zm2-12a2 2 0 0 1 2 2v2h-1.5V2a.5.5 0 0 0-.5-.5H8V0h2Z\" \/>\n\t\t\t<\/svg>\n\t\t<\/button><\/figure>\n\n\n\n<p class=\"wp-block-paragraph\">Muurien v\u00e4linen tila, joka on k\u00e4ynyt l\u00e4pi remontin ja muuttunut kauniiksi lepoalueeksi. N\u00e4kymi\u00e4 vanhoihin bastioneihin, penkkej\u00e4, rauhaa. Ihanteellinen paikka, kun tarvitset hetkeksi paeta keskustan h\u00e4lin\u00e4st\u00e4, mutta et halua menn\u00e4 kauas.<\/p>\n\n\n\n<h2 class=\"wp-block-heading\"><span class=\"ez-toc-section\" id=\"Mita_tehda_Pisekissa_lasten_kanssa_vinkkeja_perheille_kaupungissa_ja_ymparistossa\"><\/span>Mit\u00e4 tehd\u00e4 P\u00edsekiss\u00e4 lasten kanssa: vinkkej\u00e4 perheille kaupungissa ja ymp\u00e4rist\u00f6ss\u00e4<span class=\"ez-toc-section-end\"><\/span><\/h2>\n\n\n\n<p class=\"wp-block-paragraph\">P\u00edsek on kaupunki, jossa lasten kanssa et tule tylsistym\u00e4\u00e4n. Ja sen sanon <strong>kaksivuotiaan Jon\u00e1\u0161ekin \u00e4itin\u00e4<\/strong>, jonka kanssa viet\u00e4n t\u00e4\u00e4ll\u00e4 suurimman osan p\u00e4ivist\u00e4. Olipa kyse siit\u00e4, ett\u00e4 lapset hyppiv\u00e4t j\u00e4ttim\u00e4isill\u00e4 n\u00e4yttelyesineill\u00e4 Sladovnassa, sy\u00f6tt\u00e4v\u00e4t kuusipeuroja tarhassa tai leikkiv\u00e4t puiston leikkipaikoilla. T\u00e4ss\u00e4 ovat vinkkini, minne perheen kanssa l\u00e4hte\u00e4 suoraan kaupungissa, ja lis\u00e4ksi pari retke\u00e4 ymp\u00e4rist\u00f6\u00f6n, jotka meill\u00e4 on nurkan takana.<\/p>\n\n\n\n<p class=\"wp-block-paragraph\"><strong>Lue my\u00f6s: <a href=\"https:\/\/loudavymkrokem.cz\/fi\/pisek-lasten-kanssa\/\">P\u00edsek lasten kanssa: 40 vinkki\u00e4 paikalliselta \u00e4idilt\u00e4 leikkihuoneista, leikkipaikoista ja retkist\u00e4<\/a><\/strong>, josta l\u00f6yd\u00e4t t\u00e4ydellisen perheoppaan mukaan lukien kaikki leikkihuoneet, leikkipaikat ja hinnastot.<\/p>\n\n\n\n<h3 class=\"wp-block-heading\"><span class=\"ez-toc-section\" id=\"Sladovna_Pisek_Jattimainen_leikkigalleria\"><\/span>Sladovna P\u00edsek: J\u00e4ttim\u00e4inen leikkigalleria<span class=\"ez-toc-section-end\"><\/span><\/h3>\n\n\n\n<figure data-wp-context=\"{&quot;imageId&quot;:&quot;6a9519acf1324&quot;}\" data-wp-interactive=\"core\/image\" data-wp-key=\"6a9519acf1324\" class=\"wp-block-image size-full wp-lightbox-container\"><img decoding=\"async\" width=\"2200\" height=\"1467\" data-wp-class--hide=\"state.isContentHidden\" data-wp-class--show=\"state.isContentVisible\" data-wp-init=\"callbacks.setButtonStyles\" data-wp-on--click=\"actions.showLightbox\" data-wp-on--load=\"callbacks.setButtonStyles\" data-wp-on--pointerdown=\"actions.preloadImage\" data-wp-on--pointerenter=\"actions.preloadImageWithDelay\" data-wp-on--pointerleave=\"actions.cancelPreload\" data-wp-on-window--resize=\"callbacks.setButtonStyles\" src=\"https:\/\/loudavymkrokem.cz\/wp-content\/uploads\/2026\/08\/pisek-sladovna.jpg\" alt=\"Sladovna P\u00edsek, leikkigalleria lapsille\" class=\"wp-image-399379\" title=\"\" srcset=\"https:\/\/loudavymkrokem.cz\/wp-content\/uploads\/2026\/08\/pisek-sladovna.jpg 2200w, https:\/\/loudavymkrokem.cz\/wp-content\/uploads\/2026\/08\/pisek-sladovna-300x200.jpg 300w, https:\/\/loudavymkrokem.cz\/wp-content\/uploads\/2026\/08\/pisek-sladovna-700x467.jpg 700w, https:\/\/loudavymkrokem.cz\/wp-content\/uploads\/2026\/08\/pisek-sladovna-768x512.jpg 768w, https:\/\/loudavymkrokem.cz\/wp-content\/uploads\/2026\/08\/pisek-sladovna-1536x1024.jpg 1536w, https:\/\/loudavymkrokem.cz\/wp-content\/uploads\/2026\/08\/pisek-sladovna-2048x1366.jpg 2048w, https:\/\/loudavymkrokem.cz\/wp-content\/uploads\/2026\/08\/pisek-sladovna-696x464.jpg 696w, https:\/\/loudavymkrokem.cz\/wp-content\/uploads\/2026\/08\/pisek-sladovna-1392x928.jpg 1392w, https:\/\/loudavymkrokem.cz\/wp-content\/uploads\/2026\/08\/pisek-sladovna-1920x1280.jpg 1920w\" sizes=\"(max-width: 2200px) 100vw, 2200px\" \/><button\n\t\t\tclass=\"lightbox-trigger\"\n\t\t\ttype=\"button\"\n\t\t\taria-haspopup=\"dialog\"\n\t\t\tdata-wp-bind--aria-label=\"state.thisImage.triggerButtonAriaLabel\"\n\t\t\tdata-wp-init=\"callbacks.initTriggerButton\"\n\t\t\tdata-wp-on--click=\"actions.showLightbox\"\n\t\t\tdata-wp-style--right=\"state.thisImage.buttonRight\"\n\t\t\tdata-wp-style--top=\"state.thisImage.buttonTop\"\n\t\t>\n\t\t\t<svg xmlns=\"http:\/\/www.w3.org\/2000\/svg\" width=\"12\" height=\"12\" fill=\"none\" viewBox=\"0 0 12 12\">\n\t\t\t\t<path fill=\"#fff\" d=\"M2 0a2 2 0 0 0-2 2v2h1.5V2a.5.5 0 0 1 .5-.5h2V0H2Zm2 10.5H2a.5.5 0 0 1-.5-.5V8H0v2a2 2 0 0 0 2 2h2v-1.5ZM8 12v-1.5h2a.5.5 0 0 0 .5-.5V8H12v2a2 2 0 0 1-2 2H8Zm2-12a2 2 0 0 1 2 2v2h-1.5V2a.5.5 0 0 0-.5-.5H8V0h2Z\" \/>\n\t\t\t<\/svg>\n\t\t<\/button><\/figure>\n\n\n\n<p class=\"wp-block-paragraph\">T\u00e4m\u00e4 on yksinkertaisesti ykk\u00f6nen. Nelj\u00e4 kerrosta t\u00e4ynn\u00e4 interaktiivisia n\u00e4yttelyit\u00e4, joissa lapset (ja my\u00f6nnet\u00e4\u00e4n, my\u00f6s vanhemmat) leikkiv\u00e4t, tutkivat, rakentavat ja l\u00f6yt\u00e4v\u00e4t. Pienimmille 0\u20136-vuotiaille on t\u00e4\u00e4ll\u00e4 <strong>Pila\u0159i\u0161t\u011b<\/strong>, turvallinen tila t\u00e4ynn\u00e4 virikkeit\u00e4. Isommat lapset nielaisee <strong>Mraveni\u0161t\u011b<\/strong> ja vaihtuvat teeman\u00e4yttelyt.<\/p>\n\n\n\n<p class=\"wp-block-paragraph\">Auki tiistaista sunnuntaihin klo 9\u201317, kes\u00e4ll\u00e4 p\u00e4ivitt\u00e4in mukaan lukien maanantai klo 18 asti. P\u00e4\u00e4symaksu <strong>6 \u20ac henkil\u00f6lt\u00e4<\/strong>, Pila\u0159i\u0161t\u011b <strong>5 \u20ac<\/strong>, perhelippu 2+2 maksaa 20 \u20ac ja alle 3-vuotiaat lapset ilmaiseksi. Ja t\u00e4rke\u00e4 neuvo \u2013 <strong>varaa netist\u00e4<\/strong>, etenkin viikonloppuisin ja loma-aikoina, koska t\u00e4ynn\u00e4 on usein.<\/p>\n\n\n\n<h3 class=\"wp-block-heading\"><span class=\"ez-toc-section\" id=\"Hiekkaveistokset_jokirannassa_entinen_Cipiskoviste\"><\/span>Hiekkaveistokset jokirannassa (entinen Cip\u00edskovi\u0161t\u011b)<span class=\"ez-toc-section-end\"><\/span><\/h3>\n\n\n\n<figure data-wp-context=\"{&quot;imageId&quot;:&quot;6a9519acf1996&quot;}\" data-wp-interactive=\"core\/image\" data-wp-key=\"6a9519acf1996\" class=\"wp-block-image size-full wp-lightbox-container\"><img decoding=\"async\" width=\"2000\" height=\"1333\" data-wp-class--hide=\"state.isContentHidden\" data-wp-class--show=\"state.isContentVisible\" data-wp-init=\"callbacks.setButtonStyles\" data-wp-on--click=\"actions.showLightbox\" data-wp-on--load=\"callbacks.setButtonStyles\" data-wp-on--pointerdown=\"actions.preloadImage\" data-wp-on--pointerenter=\"actions.preloadImageWithDelay\" data-wp-on--pointerleave=\"actions.cancelPreload\" data-wp-on-window--resize=\"callbacks.setButtonStyles\" src=\"https:\/\/loudavymkrokem.cz\/wp-content\/uploads\/2026\/08\/sochy-z-pisku-naplavka-kamenny-most.jpg\" alt=\"Hiekkaveistokset Otavan jokirannassa Kivisillan luona P\u00edsekiss\u00e4\" class=\"wp-image-399607\" title=\"\" srcset=\"https:\/\/loudavymkrokem.cz\/wp-content\/uploads\/2026\/08\/sochy-z-pisku-naplavka-kamenny-most.jpg 2000w, https:\/\/loudavymkrokem.cz\/wp-content\/uploads\/2026\/08\/sochy-z-pisku-naplavka-kamenny-most-300x200.jpg 300w, https:\/\/loudavymkrokem.cz\/wp-content\/uploads\/2026\/08\/sochy-z-pisku-naplavka-kamenny-most-700x467.jpg 700w, https:\/\/loudavymkrokem.cz\/wp-content\/uploads\/2026\/08\/sochy-z-pisku-naplavka-kamenny-most-768x512.jpg 768w, https:\/\/loudavymkrokem.cz\/wp-content\/uploads\/2026\/08\/sochy-z-pisku-naplavka-kamenny-most-1536x1024.jpg 1536w, https:\/\/loudavymkrokem.cz\/wp-content\/uploads\/2026\/08\/sochy-z-pisku-naplavka-kamenny-most-696x464.jpg 696w, https:\/\/loudavymkrokem.cz\/wp-content\/uploads\/2026\/08\/sochy-z-pisku-naplavka-kamenny-most-1392x928.jpg 1392w, https:\/\/loudavymkrokem.cz\/wp-content\/uploads\/2026\/08\/sochy-z-pisku-naplavka-kamenny-most-1920x1280.jpg 1920w\" sizes=\"(max-width: 2000px) 100vw, 2000px\" \/><button\n\t\t\tclass=\"lightbox-trigger\"\n\t\t\ttype=\"button\"\n\t\t\taria-haspopup=\"dialog\"\n\t\t\tdata-wp-bind--aria-label=\"state.thisImage.triggerButtonAriaLabel\"\n\t\t\tdata-wp-init=\"callbacks.initTriggerButton\"\n\t\t\tdata-wp-on--click=\"actions.showLightbox\"\n\t\t\tdata-wp-style--right=\"state.thisImage.buttonRight\"\n\t\t\tdata-wp-style--top=\"state.thisImage.buttonTop\"\n\t\t>\n\t\t\t<svg xmlns=\"http:\/\/www.w3.org\/2000\/svg\" width=\"12\" height=\"12\" fill=\"none\" viewBox=\"0 0 12 12\">\n\t\t\t\t<path fill=\"#fff\" d=\"M2 0a2 2 0 0 0-2 2v2h1.5V2a.5.5 0 0 1 .5-.5h2V0H2Zm2 10.5H2a.5.5 0 0 1-.5-.5V8H0v2a2 2 0 0 0 2 2h2v-1.5ZM8 12v-1.5h2a.5.5 0 0 0 .5-.5V8H12v2a2 2 0 0 1-2 2H8Zm2-12a2 2 0 0 1 2 2v2h-1.5V2a.5.5 0 0 0-.5-.5H8V0h2Z\" \/>\n\t\t\t<\/svg>\n\t\t<\/button><\/figure>\n\n\n\n<p class=\"wp-block-paragraph\">J\u00e4ttim\u00e4isi\u00e4 hiekkaveistoksia suoraan Kivisillan luona, Otavan jokirannassa. Joka vuosi uusi teema, uusi h\u00e4mm\u00e4stys. Tapahtuma tunnettiin aiemmin nimell\u00e4 Cip\u00edskovi\u0161t\u011b, mutta nyky\u00e4\u00e4n sen virallinen nimi on Sochy z p\u00edsku v P\u00edsku (Hiekkaveistokset P\u00edsekiss\u00e4) ja kev\u00e4\u00e4ll\u00e4 sit\u00e4 s\u00e4est\u00e4\u00e4 perhefestivaali P\u00edskovi\u0161t\u011b. Se toimii kev\u00e4\u00e4st\u00e4 kes\u00e4\u00e4n ja on ilmainen, tulet vain ja katselet. Lapset ovat aivan haltioissaan.<\/p>\n\n\n\n<h3 class=\"wp-block-heading\"><span class=\"ez-toc-section\" id=\"Travel_Cafe_kahvila_hiekkalaatikolla\"><\/span>Travel Cafe: kahvila hiekkalaatikolla<span class=\"ez-toc-section-end\"><\/span><\/h3>\n\n\n\n<figure data-wp-context=\"{&quot;imageId&quot;:&quot;6a9519acf1fe5&quot;}\" data-wp-interactive=\"core\/image\" data-wp-key=\"6a9519acf1fe5\" class=\"wp-block-image size-full wp-lightbox-container\"><img decoding=\"async\" width=\"2200\" height=\"1650\" data-wp-class--hide=\"state.isContentHidden\" data-wp-class--show=\"state.isContentVisible\" data-wp-init=\"callbacks.setButtonStyles\" data-wp-on--click=\"actions.showLightbox\" data-wp-on--load=\"callbacks.setButtonStyles\" data-wp-on--pointerdown=\"actions.preloadImage\" data-wp-on--pointerenter=\"actions.preloadImageWithDelay\" data-wp-on--pointerleave=\"actions.cancelPreload\" data-wp-on-window--resize=\"callbacks.setButtonStyles\" src=\"https:\/\/loudavymkrokem.cz\/wp-content\/uploads\/2026\/08\/pisek-travel-cafe-piskoviste-domecek.jpg\" alt=\"Hiekkalaatikko leikkim\u00f6kill\u00e4 Travel Cafen terassilla P\u00edsekiss\u00e4\" class=\"wp-image-399550\" title=\"\" srcset=\"https:\/\/loudavymkrokem.cz\/wp-content\/uploads\/2026\/08\/pisek-travel-cafe-piskoviste-domecek.jpg 2200w, https:\/\/loudavymkrokem.cz\/wp-content\/uploads\/2026\/08\/pisek-travel-cafe-piskoviste-domecek-300x225.jpg 300w, https:\/\/loudavymkrokem.cz\/wp-content\/uploads\/2026\/08\/pisek-travel-cafe-piskoviste-domecek-700x525.jpg 700w, https:\/\/loudavymkrokem.cz\/wp-content\/uploads\/2026\/08\/pisek-travel-cafe-piskoviste-domecek-768x576.jpg 768w, https:\/\/loudavymkrokem.cz\/wp-content\/uploads\/2026\/08\/pisek-travel-cafe-piskoviste-domecek-1536x1152.jpg 1536w, https:\/\/loudavymkrokem.cz\/wp-content\/uploads\/2026\/08\/pisek-travel-cafe-piskoviste-domecek-2048x1536.jpg 2048w, https:\/\/loudavymkrokem.cz\/wp-content\/uploads\/2026\/08\/pisek-travel-cafe-piskoviste-domecek-80x60.jpg 80w, https:\/\/loudavymkrokem.cz\/wp-content\/uploads\/2026\/08\/pisek-travel-cafe-piskoviste-domecek-160x120.jpg 160w, https:\/\/loudavymkrokem.cz\/wp-content\/uploads\/2026\/08\/pisek-travel-cafe-piskoviste-domecek-696x522.jpg 696w, https:\/\/loudavymkrokem.cz\/wp-content\/uploads\/2026\/08\/pisek-travel-cafe-piskoviste-domecek-1392x1044.jpg 1392w, https:\/\/loudavymkrokem.cz\/wp-content\/uploads\/2026\/08\/pisek-travel-cafe-piskoviste-domecek-1920x1440.jpg 1920w\" sizes=\"(max-width: 2200px) 100vw, 2200px\" \/><button\n\t\t\tclass=\"lightbox-trigger\"\n\t\t\ttype=\"button\"\n\t\t\taria-haspopup=\"dialog\"\n\t\t\tdata-wp-bind--aria-label=\"state.thisImage.triggerButtonAriaLabel\"\n\t\t\tdata-wp-init=\"callbacks.initTriggerButton\"\n\t\t\tdata-wp-on--click=\"actions.showLightbox\"\n\t\t\tdata-wp-style--right=\"state.thisImage.buttonRight\"\n\t\t\tdata-wp-style--top=\"state.thisImage.buttonTop\"\n\t\t>\n\t\t\t<svg xmlns=\"http:\/\/www.w3.org\/2000\/svg\" width=\"12\" height=\"12\" fill=\"none\" viewBox=\"0 0 12 12\">\n\t\t\t\t<path fill=\"#fff\" d=\"M2 0a2 2 0 0 0-2 2v2h1.5V2a.5.5 0 0 1 .5-.5h2V0H2Zm2 10.5H2a.5.5 0 0 1-.5-.5V8H0v2a2 2 0 0 0 2 2h2v-1.5ZM8 12v-1.5h2a.5.5 0 0 0 .5-.5V8H12v2a2 2 0 0 1-2 2H8Zm2-12a2 2 0 0 1 2 2v2h-1.5V2a.5.5 0 0 0-.5-.5H8V0h2Z\" \/>\n\t\t\t<\/svg>\n\t\t<\/button><\/figure>\n\n\n\n<p class=\"wp-block-paragraph\">T\u00e4m\u00e4 on <strong>meid\u00e4n perheemme vakiopaikka<\/strong> ja mielest\u00e4ni P\u00edsekin paras kahvila. <strong>Travel Cafen<\/strong> l\u00f6yd\u00e4t Komensk\u00e9ho-kadulta lukion alta, kahden minuutin p\u00e4\u00e4ss\u00e4 Velk\u00e9 n\u00e1m\u011bst\u00ed -aukiolta. Aamulla aamiainen ja brunssi, p\u00e4iv\u00e4ll\u00e4 bistro erikoiskahvilla, illalla lasillinen viini\u00e4, ja ennen kaikkea <strong>sis\u00e4pihan terassi hiekkalaatikolla ja leikkim\u00f6kill\u00e4<\/strong>, jonka ansiosta juot kahvisi todella rauhassa. Istumme t\u00e4\u00e4ll\u00e4 melkein aina ulkona ja sy\u00f6mme kaikki: heill\u00e4 on t\u00e4ydelliset aamiaiset ja kevyet lounaat ja pikkumiehemme ottaa lettuja. Kes\u00e4ll\u00e4 t\u00e4\u00e4ll\u00e4 j\u00e4rjestet\u00e4\u00e4n my\u00f6s lasten esityksi\u00e4.<\/p>\n\n\n\n<p class=\"wp-block-paragraph\">\ud83d\udca1 <strong>Vinkki:<\/strong> Lastennurkkaus on my\u00f6s <strong>SOHO Cafessa<\/strong> Velk\u00e9 n\u00e1m\u011bst\u00ed -aukiolla, <strong>Sova na V\u011btvi<\/strong> -kahvilassa Kivisillan luona ja <strong>Upeklassa<\/strong> kirjastossa (hiekkalaatikko sis\u00e4pihalla).<\/p>\n\n\n\n<h3 class=\"wp-block-heading\"><span class=\"ez-toc-section\" id=\"Leikkihuoneet_Pisekissa_Myska-leikkihuone_ja_kumppanit\"><\/span>Leikkihuoneet P\u00edsekiss\u00e4: My\u0161ka-leikkihuone ja kumppanit<span class=\"ez-toc-section-end\"><\/span><\/h3>\n\n\n\n<figure data-wp-context=\"{&quot;imageId&quot;:&quot;6a9519acf266e&quot;}\" data-wp-interactive=\"core\/image\" data-wp-key=\"6a9519acf266e\" class=\"wp-block-image size-full wp-lightbox-container\"><img decoding=\"async\" width=\"2200\" height=\"1467\" data-wp-class--hide=\"state.isContentHidden\" data-wp-class--show=\"state.isContentVisible\" data-wp-init=\"callbacks.setButtonStyles\" data-wp-on--click=\"actions.showLightbox\" data-wp-on--load=\"callbacks.setButtonStyles\" data-wp-on--pointerdown=\"actions.preloadImage\" data-wp-on--pointerenter=\"actions.preloadImageWithDelay\" data-wp-on--pointerleave=\"actions.cancelPreload\" data-wp-on-window--resize=\"callbacks.setButtonStyles\" src=\"https:\/\/loudavymkrokem.cz\/wp-content\/uploads\/2026\/08\/pisek-myska-herna-bazenek-s-micky.jpg\" alt=\"Pallomeri My\u0161ka-leikkihuoneessa P\u00edsekiss\u00e4\" class=\"wp-image-399531\" title=\"\" srcset=\"https:\/\/loudavymkrokem.cz\/wp-content\/uploads\/2026\/08\/pisek-myska-herna-bazenek-s-micky.jpg 2200w, https:\/\/loudavymkrokem.cz\/wp-content\/uploads\/2026\/08\/pisek-myska-herna-bazenek-s-micky-300x200.jpg 300w, https:\/\/loudavymkrokem.cz\/wp-content\/uploads\/2026\/08\/pisek-myska-herna-bazenek-s-micky-700x467.jpg 700w, https:\/\/loudavymkrokem.cz\/wp-content\/uploads\/2026\/08\/pisek-myska-herna-bazenek-s-micky-768x512.jpg 768w, https:\/\/loudavymkrokem.cz\/wp-content\/uploads\/2026\/08\/pisek-myska-herna-bazenek-s-micky-1536x1024.jpg 1536w, https:\/\/loudavymkrokem.cz\/wp-content\/uploads\/2026\/08\/pisek-myska-herna-bazenek-s-micky-2048x1366.jpg 2048w, https:\/\/loudavymkrokem.cz\/wp-content\/uploads\/2026\/08\/pisek-myska-herna-bazenek-s-micky-696x464.jpg 696w, https:\/\/loudavymkrokem.cz\/wp-content\/uploads\/2026\/08\/pisek-myska-herna-bazenek-s-micky-1392x928.jpg 1392w, https:\/\/loudavymkrokem.cz\/wp-content\/uploads\/2026\/08\/pisek-myska-herna-bazenek-s-micky-1920x1280.jpg 1920w\" sizes=\"(max-width: 2200px) 100vw, 2200px\" \/><button\n\t\t\tclass=\"lightbox-trigger\"\n\t\t\ttype=\"button\"\n\t\t\taria-haspopup=\"dialog\"\n\t\t\tdata-wp-bind--aria-label=\"state.thisImage.triggerButtonAriaLabel\"\n\t\t\tdata-wp-init=\"callbacks.initTriggerButton\"\n\t\t\tdata-wp-on--click=\"actions.showLightbox\"\n\t\t\tdata-wp-style--right=\"state.thisImage.buttonRight\"\n\t\t\tdata-wp-style--top=\"state.thisImage.buttonTop\"\n\t\t>\n\t\t\t<svg xmlns=\"http:\/\/www.w3.org\/2000\/svg\" width=\"12\" height=\"12\" fill=\"none\" viewBox=\"0 0 12 12\">\n\t\t\t\t<path fill=\"#fff\" d=\"M2 0a2 2 0 0 0-2 2v2h1.5V2a.5.5 0 0 1 .5-.5h2V0H2Zm2 10.5H2a.5.5 0 0 1-.5-.5V8H0v2a2 2 0 0 0 2 2h2v-1.5ZM8 12v-1.5h2a.5.5 0 0 0 .5-.5V8H12v2a2 2 0 0 1-2 2H8Zm2-12a2 2 0 0 1 2 2v2h-1.5V2a.5.5 0 0 0-.5-.5H8V0h2Z\" \/>\n\t\t\t<\/svg>\n\t\t<\/button><\/figure>\n\n\n\n<p class=\"wp-block-paragraph\">Kun s\u00e4\u00e4 ei suosi, leikkihuoneet pelastavat meid\u00e4t. Kaupungin suurin sis\u00e4leikkipaikka on <strong>My\u0161ka-leikkihuone<\/strong> (V Porty\u010di 450): kiipeilytelineit\u00e4, liukum\u00e4ki\u00e4, trampoliini, pehmustepalikoita ja kahvila vanhemmille. Varustelu on jo melko vanhentunutta, mutta silti se on P\u00edsekin suurin leikkihuone, joten k\u00e4ymme siell\u00e4. Koko p\u00e4iv\u00e4n sis\u00e4\u00e4np\u00e4\u00e4sy 1\u201310-vuotiaalle lapselle maksaa <strong>5 \u20ac<\/strong>, tunti 3,50 \u20ac, aikuiset 2 \u20ac, perjantaisin suljettu. Yksivuotiaista kolmivuotiaisiin taaperot arvostavat torstaisia <strong>Fazole-montessority\u00f6pajoja<\/strong> (8 \u20ac, enint\u00e4\u00e4n 6 lasta), koululaiset taas <strong>kiipeilykeskus LezeTopia<\/strong> lastensein\u00e4ll\u00e4 tai <strong>Laser-areenaa<\/strong> Luna-tavaratalossa.<\/p>\n\n\n\n<p class=\"wp-block-paragraph\">T\u00e4ydellisen yhteenvedon leikkihuoneista aukioloaikoineen ja hintoineen l\u00f6yd\u00e4t artikkelista <a href=\"https:\/\/loudavymkrokem.cz\/fi\/pisek-lasten-kanssa\/\">P\u00edsek lasten kanssa<\/a> ja jatkuvasti p\u00e4ivitett\u00e4v\u00e4n luettelon leikkihuoneista, lastennurkkauskahviloista ja leikkipaikoista sivulta <a href=\"https:\/\/pisek.info\/deti\/hernicky\" target=\"_blank\" rel=\"noopener\">pisek.info\/deti\/hernicky<\/a>.<\/p>\n\n\n\n<h3 class=\"wp-block-heading\"><span class=\"ez-toc-section\" id=\"U_Vodaka_-tarha\"><\/span>U Vod\u00e1ka -tarha<span class=\"ez-toc-section-end\"><\/span><\/h3>\n\n\n\n<figure data-wp-context=\"{&quot;imageId&quot;:&quot;6a9519acf2d17&quot;}\" data-wp-interactive=\"core\/image\" data-wp-key=\"6a9519acf2d17\" class=\"wp-block-image size-full wp-lightbox-container\"><img decoding=\"async\" width=\"960\" height=\"640\" data-wp-class--hide=\"state.isContentHidden\" data-wp-class--show=\"state.isContentVisible\" data-wp-init=\"callbacks.setButtonStyles\" data-wp-on--click=\"actions.showLightbox\" data-wp-on--load=\"callbacks.setButtonStyles\" data-wp-on--pointerdown=\"actions.preloadImage\" data-wp-on--pointerenter=\"actions.preloadImageWithDelay\" data-wp-on--pointerleave=\"actions.cancelPreload\" data-wp-on-window--resize=\"callbacks.setButtonStyles\" src=\"https:\/\/loudavymkrokem.cz\/wp-content\/uploads\/2026\/08\/oburka-u-vodaka-danci.jpg\" alt=\"Kuusipeuroja U Vod\u00e1ka -tarhassa P\u00edsekin metsiss\u00e4\" class=\"wp-image-399639\" title=\"\" srcset=\"https:\/\/loudavymkrokem.cz\/wp-content\/uploads\/2026\/08\/oburka-u-vodaka-danci.jpg 960w, https:\/\/loudavymkrokem.cz\/wp-content\/uploads\/2026\/08\/oburka-u-vodaka-danci-300x200.jpg 300w, https:\/\/loudavymkrokem.cz\/wp-content\/uploads\/2026\/08\/oburka-u-vodaka-danci-700x467.jpg 700w, https:\/\/loudavymkrokem.cz\/wp-content\/uploads\/2026\/08\/oburka-u-vodaka-danci-768x512.jpg 768w, https:\/\/loudavymkrokem.cz\/wp-content\/uploads\/2026\/08\/oburka-u-vodaka-danci-696x464.jpg 696w\" sizes=\"(max-width: 960px) 100vw, 960px\" \/><button\n\t\t\tclass=\"lightbox-trigger\"\n\t\t\ttype=\"button\"\n\t\t\taria-haspopup=\"dialog\"\n\t\t\tdata-wp-bind--aria-label=\"state.thisImage.triggerButtonAriaLabel\"\n\t\t\tdata-wp-init=\"callbacks.initTriggerButton\"\n\t\t\tdata-wp-on--click=\"actions.showLightbox\"\n\t\t\tdata-wp-style--right=\"state.thisImage.buttonRight\"\n\t\t\tdata-wp-style--top=\"state.thisImage.buttonTop\"\n\t\t>\n\t\t\t<svg xmlns=\"http:\/\/www.w3.org\/2000\/svg\" width=\"12\" height=\"12\" fill=\"none\" viewBox=\"0 0 12 12\">\n\t\t\t\t<path fill=\"#fff\" d=\"M2 0a2 2 0 0 0-2 2v2h1.5V2a.5.5 0 0 1 .5-.5h2V0H2Zm2 10.5H2a.5.5 0 0 1-.5-.5V8H0v2a2 2 0 0 0 2 2h2v-1.5ZM8 12v-1.5h2a.5.5 0 0 0 .5-.5V8H12v2a2 2 0 0 1-2 2H8Zm2-12a2 2 0 0 1 2 2v2h-1.5V2a.5.5 0 0 0-.5-.5H8V0h2Z\" \/>\n\t\t\t<\/svg>\n\t\t<\/button><\/figure>\n\n\n\n<p class=\"wp-block-paragraph\">Mets\u00e4tarha, jossa <strong>mufloneja ja kuusipeuroja<\/strong> tarkkaillaan n\u00e4k\u00f6alatasanteelta ja aidan varrelta. El\u00e4imet ovat tottuneet ihmisiin, joten n\u00e4et ne melkein aina, ja etenkin kuusipeurat antavat mielell\u00e4\u00e4n ihailla itse\u00e4\u00e4n. K\u00e4vely on vaivaton, sen taittavat pienetkin jalat, ja ymp\u00e4r\u00f6iv\u00e4 mets\u00e4 on kaunis jokaisena vuodenaikana.<\/p>\n\n\n\n<h3 class=\"wp-block-heading\"><span class=\"ez-toc-section\" id=\"Zivec-maja_ja_3D-sokkelo\"><\/span>\u017divec-maja ja 3D-sokkelo<span class=\"ez-toc-section-end\"><\/span><\/h3>\n\n\n\n<figure data-wp-context=\"{&quot;imageId&quot;:&quot;6a9519acf32ff&quot;}\" data-wp-interactive=\"core\/image\" data-wp-key=\"6a9519acf32ff\" class=\"wp-block-image size-full wp-lightbox-container\"><img decoding=\"async\" width=\"1200\" height=\"600\" data-wp-class--hide=\"state.isContentHidden\" data-wp-class--show=\"state.isContentVisible\" data-wp-init=\"callbacks.setButtonStyles\" data-wp-on--click=\"actions.showLightbox\" data-wp-on--load=\"callbacks.setButtonStyles\" data-wp-on--pointerdown=\"actions.preloadImage\" data-wp-on--pointerenter=\"actions.preloadImageWithDelay\" data-wp-on--pointerleave=\"actions.cancelPreload\" data-wp-on-window--resize=\"callbacks.setButtonStyles\" src=\"https:\/\/loudavymkrokem.cz\/wp-content\/uploads\/2026\/08\/chata-zivec-3d-bludiste-pisecke-hory.jpg\" alt=\"K\u00f6ysipuisto ja 3D-sokkelo \u017divec-majalla P\u00edsekin metsiss\u00e4\" class=\"wp-image-399626\" title=\"\" srcset=\"https:\/\/loudavymkrokem.cz\/wp-content\/uploads\/2026\/08\/chata-zivec-3d-bludiste-pisecke-hory.jpg 1200w, https:\/\/loudavymkrokem.cz\/wp-content\/uploads\/2026\/08\/chata-zivec-3d-bludiste-pisecke-hory-300x150.jpg 300w, https:\/\/loudavymkrokem.cz\/wp-content\/uploads\/2026\/08\/chata-zivec-3d-bludiste-pisecke-hory-700x350.jpg 700w, https:\/\/loudavymkrokem.cz\/wp-content\/uploads\/2026\/08\/chata-zivec-3d-bludiste-pisecke-hory-768x384.jpg 768w, https:\/\/loudavymkrokem.cz\/wp-content\/uploads\/2026\/08\/chata-zivec-3d-bludiste-pisecke-hory-696x348.jpg 696w\" sizes=\"(max-width: 1200px) 100vw, 1200px\" \/><button\n\t\t\tclass=\"lightbox-trigger\"\n\t\t\ttype=\"button\"\n\t\t\taria-haspopup=\"dialog\"\n\t\t\tdata-wp-bind--aria-label=\"state.thisImage.triggerButtonAriaLabel\"\n\t\t\tdata-wp-init=\"callbacks.initTriggerButton\"\n\t\t\tdata-wp-on--click=\"actions.showLightbox\"\n\t\t\tdata-wp-style--right=\"state.thisImage.buttonRight\"\n\t\t\tdata-wp-style--top=\"state.thisImage.buttonTop\"\n\t\t>\n\t\t\t<svg xmlns=\"http:\/\/www.w3.org\/2000\/svg\" width=\"12\" height=\"12\" fill=\"none\" viewBox=\"0 0 12 12\">\n\t\t\t\t<path fill=\"#fff\" d=\"M2 0a2 2 0 0 0-2 2v2h1.5V2a.5.5 0 0 1 .5-.5h2V0H2Zm2 10.5H2a.5.5 0 0 1-.5-.5V8H0v2a2 2 0 0 0 2 2h2v-1.5ZM8 12v-1.5h2a.5.5 0 0 0 .5-.5V8H12v2a2 2 0 0 1-2 2H8Zm2-12a2 2 0 0 1 2 2v2h-1.5V2a.5.5 0 0 0-.5-.5H8V0h2Z\" \/>\n\t\t\t<\/svg>\n\t\t<\/button><\/figure>\n\n\n\n<p class=\"wp-block-paragraph\">P\u00edsekin metsist\u00e4 l\u00f6yd\u00e4t \u017divec-majan mets\u00e4leikkipaikalla ja ennen kaikkea <strong>verkkosokkelolla puiden latvoissa<\/strong>. Lapset kiipe\u00e4v\u00e4t siell\u00e4, ry\u00f6miv\u00e4t, roikkuvat ilmassa ja ovat aivan hurmiossa. Vanhemmille: alhaalla on kahvio ja penkkej\u00e4. Eli rauhassa. \ud83d\ude01<\/p>\n\n\n\n<h3 class=\"wp-block-heading\"><span class=\"ez-toc-section\" id=\"Kaupungin_saari\"><\/span>Kaupungin saari<span class=\"ez-toc-section-end\"><\/span><\/h3>\n\n\n\n<figure data-wp-context=\"{&quot;imageId&quot;:&quot;6a9519acf3926&quot;}\" data-wp-interactive=\"core\/image\" data-wp-key=\"6a9519acf3926\" class=\"wp-block-image size-full wp-lightbox-container\"><img decoding=\"async\" width=\"1200\" height=\"800\" data-wp-class--hide=\"state.isContentHidden\" data-wp-class--show=\"state.isContentVisible\" data-wp-init=\"callbacks.setButtonStyles\" data-wp-on--click=\"actions.showLightbox\" data-wp-on--load=\"callbacks.setButtonStyles\" data-wp-on--pointerdown=\"actions.preloadImage\" data-wp-on--pointerenter=\"actions.preloadImageWithDelay\" data-wp-on--pointerleave=\"actions.cancelPreload\" data-wp-on-window--resize=\"callbacks.setButtonStyles\" src=\"https:\/\/loudavymkrokem.cz\/wp-content\/uploads\/2026\/08\/mestsky-ostrov-pisek-zahradka.jpg\" alt=\"Kes\u00e4terassi P\u00edsekin kaupungin saarella\" class=\"wp-image-399671\" title=\"\" srcset=\"https:\/\/loudavymkrokem.cz\/wp-content\/uploads\/2026\/08\/mestsky-ostrov-pisek-zahradka.jpg 1200w, https:\/\/loudavymkrokem.cz\/wp-content\/uploads\/2026\/08\/mestsky-ostrov-pisek-zahradka-300x200.jpg 300w, https:\/\/loudavymkrokem.cz\/wp-content\/uploads\/2026\/08\/mestsky-ostrov-pisek-zahradka-700x467.jpg 700w, https:\/\/loudavymkrokem.cz\/wp-content\/uploads\/2026\/08\/mestsky-ostrov-pisek-zahradka-768x512.jpg 768w, https:\/\/loudavymkrokem.cz\/wp-content\/uploads\/2026\/08\/mestsky-ostrov-pisek-zahradka-696x464.jpg 696w\" sizes=\"(max-width: 1200px) 100vw, 1200px\" \/><button\n\t\t\tclass=\"lightbox-trigger\"\n\t\t\ttype=\"button\"\n\t\t\taria-haspopup=\"dialog\"\n\t\t\tdata-wp-bind--aria-label=\"state.thisImage.triggerButtonAriaLabel\"\n\t\t\tdata-wp-init=\"callbacks.initTriggerButton\"\n\t\t\tdata-wp-on--click=\"actions.showLightbox\"\n\t\t\tdata-wp-style--right=\"state.thisImage.buttonRight\"\n\t\t\tdata-wp-style--top=\"state.thisImage.buttonTop\"\n\t\t>\n\t\t\t<svg xmlns=\"http:\/\/www.w3.org\/2000\/svg\" width=\"12\" height=\"12\" fill=\"none\" viewBox=\"0 0 12 12\">\n\t\t\t\t<path fill=\"#fff\" d=\"M2 0a2 2 0 0 0-2 2v2h1.5V2a.5.5 0 0 1 .5-.5h2V0H2Zm2 10.5H2a.5.5 0 0 1-.5-.5V8H0v2a2 2 0 0 0 2 2h2v-1.5ZM8 12v-1.5h2a.5.5 0 0 0 .5-.5V8H12v2a2 2 0 0 1-2 2H8Zm2-12a2 2 0 0 1 2 2v2h-1.5V2a.5.5 0 0 0-.5-.5H8V0h2Z\" \/>\n\t\t\t<\/svg>\n\t\t<\/button><\/figure>\n\n\n\n<p class=\"wp-block-paragraph\">Saari keskell\u00e4 Otavaa \u2013 kuulostaa satumaiselta ja hieman silt\u00e4 se my\u00f6s n\u00e4ytt\u00e4\u00e4. Leikkipaikka lapsille, minigolf, veneiden vuokraamo ja ravintola jokin\u00e4kym\u00e4ll\u00e4. Kes\u00e4ll\u00e4 ihanteellinen paikka koko iltap\u00e4iv\u00e4ksi. Lapset leikkiv\u00e4t, sin\u00e4 istut oluen tai limonadin kanssa ja katsot vett\u00e4. Mit\u00e4 muuta voi toivoa.<\/p>\n\n\n\n<h3 class=\"wp-block-heading\"><span class=\"ez-toc-section\" id=\"Hernajs\"><\/span>Hernajs<span class=\"ez-toc-section-end\"><\/span><\/h3>\n\n\n\n<figure data-wp-context=\"{&quot;imageId&quot;:&quot;6a9519acf3f18&quot;}\" data-wp-interactive=\"core\/image\" data-wp-key=\"6a9519acf3f18\" class=\"wp-block-image size-full wp-lightbox-container\"><img decoding=\"async\" width=\"2200\" height=\"1455\" data-wp-class--hide=\"state.isContentHidden\" data-wp-class--show=\"state.isContentVisible\" data-wp-init=\"callbacks.setButtonStyles\" data-wp-on--click=\"actions.showLightbox\" data-wp-on--load=\"callbacks.setButtonStyles\" data-wp-on--pointerdown=\"actions.preloadImage\" data-wp-on--pointerenter=\"actions.preloadImageWithDelay\" data-wp-on--pointerleave=\"actions.cancelPreload\" data-wp-on-window--resize=\"callbacks.setButtonStyles\" src=\"https:\/\/loudavymkrokem.cz\/wp-content\/uploads\/2026\/08\/pisek-hernajs-hernicka-az-na-pudu.jpg\" alt=\"Hernajs-leikkihuone P\u00edsekiss\u00e4\" class=\"wp-image-399527\" title=\"\" srcset=\"https:\/\/loudavymkrokem.cz\/wp-content\/uploads\/2026\/08\/pisek-hernajs-hernicka-az-na-pudu.jpg 2200w, https:\/\/loudavymkrokem.cz\/wp-content\/uploads\/2026\/08\/pisek-hernajs-hernicka-az-na-pudu-300x198.jpg 300w, https:\/\/loudavymkrokem.cz\/wp-content\/uploads\/2026\/08\/pisek-hernajs-hernicka-az-na-pudu-700x463.jpg 700w, https:\/\/loudavymkrokem.cz\/wp-content\/uploads\/2026\/08\/pisek-hernajs-hernicka-az-na-pudu-768x508.jpg 768w, https:\/\/loudavymkrokem.cz\/wp-content\/uploads\/2026\/08\/pisek-hernajs-hernicka-az-na-pudu-1536x1016.jpg 1536w, https:\/\/loudavymkrokem.cz\/wp-content\/uploads\/2026\/08\/pisek-hernajs-hernicka-az-na-pudu-2048x1354.jpg 2048w, https:\/\/loudavymkrokem.cz\/wp-content\/uploads\/2026\/08\/pisek-hernajs-hernicka-az-na-pudu-696x460.jpg 696w, https:\/\/loudavymkrokem.cz\/wp-content\/uploads\/2026\/08\/pisek-hernajs-hernicka-az-na-pudu-1392x921.jpg 1392w, https:\/\/loudavymkrokem.cz\/wp-content\/uploads\/2026\/08\/pisek-hernajs-hernicka-az-na-pudu-1920x1270.jpg 1920w\" sizes=\"(max-width: 2200px) 100vw, 2200px\" \/><button\n\t\t\tclass=\"lightbox-trigger\"\n\t\t\ttype=\"button\"\n\t\t\taria-haspopup=\"dialog\"\n\t\t\tdata-wp-bind--aria-label=\"state.thisImage.triggerButtonAriaLabel\"\n\t\t\tdata-wp-init=\"callbacks.initTriggerButton\"\n\t\t\tdata-wp-on--click=\"actions.showLightbox\"\n\t\t\tdata-wp-style--right=\"state.thisImage.buttonRight\"\n\t\t\tdata-wp-style--top=\"state.thisImage.buttonTop\"\n\t\t>\n\t\t\t<svg xmlns=\"http:\/\/www.w3.org\/2000\/svg\" width=\"12\" height=\"12\" fill=\"none\" viewBox=\"0 0 12 12\">\n\t\t\t\t<path fill=\"#fff\" d=\"M2 0a2 2 0 0 0-2 2v2h1.5V2a.5.5 0 0 1 .5-.5h2V0H2Zm2 10.5H2a.5.5 0 0 1-.5-.5V8H0v2a2 2 0 0 0 2 2h2v-1.5ZM8 12v-1.5h2a.5.5 0 0 0 .5-.5V8H12v2a2 2 0 0 1-2 2H8Zm2-12a2 2 0 0 1 2 2v2h-1.5V2a.5.5 0 0 0-.5-.5H8V0h2Z\" \/>\n\t\t\t<\/svg>\n\t\t<\/button><\/figure>\n\n\n\n<p class=\"wp-block-paragraph\"><strong><a href=\"https:\/\/www.instagram.com\/her.najs\/\" target=\"_blank\" data-type=\"link\" data-id=\"https:\/\/www.instagram.com\/her.najs\/\" rel=\"noreferrer noopener\">Hernajsin<\/a><\/strong> l\u00f6yd\u00e4t Jungmannova-kadulta, samasta talosta kuin kahvila <strong>A\u017e na p\u016fdu<\/strong>. Niill\u00e4 on yhteinen sis\u00e4\u00e4nk\u00e4ynti, mutta <strong>leikkihuone ei kuulu kahvilaan<\/strong> \u2014 se on erillinen paikka yl\u00e4kerrassa ja kahvin voit vain ottaa lasten luo mukaan. Se on pieni eik\u00e4 tilaa juoksentelulle ole, joten se sopii l\u00e4hinn\u00e4 taaperoille noin kaksivuotiaisiin asti. Ty\u00f6pajoista ja aistileikeist\u00e4 he tiedottavat Instagramissaan, mutta ohjelma muuttuu hirve\u00e4sti eik\u00e4 niit\u00e4 usein juuri pidet\u00e4.<\/p>\n\n\n\n<h3 class=\"wp-block-heading\"><span class=\"ez-toc-section\" id=\"Mini_Academy\"><\/span>Mini Academy<span class=\"ez-toc-section-end\"><\/span><\/h3>\n\n\n\n<p class=\"wp-block-paragraph\"><strong><a href=\"https:\/\/miniacademy.cz\/?gad_source=1&amp;gad_campaignid=22872992318&amp;gbraid=0AAAABAVHf7aeYOGgZ9GHDcgoWE_YHNW6K&amp;gclid=Cj0KCQjw1ZjOBhCmARIsADDuFTAF61N7iieFbWaKkfCkX_axM0q7-K4YjE_rgSqdVOEvNxjLs5s5jeMaAh7MEALw_wcB\" target=\"_blank\" data-type=\"link\" data-id=\"https:\/\/miniacademy.cz\/?gad_source=1&amp;gad_campaignid=22872992318&amp;gbraid=0AAAABAVHf7aeYOGgZ9GHDcgoWE_YHNW6K&amp;gclid=Cj0KCQjw1ZjOBhCmARIsADDuFTAF61N7iieFbWaKkfCkX_axM0q7-K4YjE_rgSqdVOEvNxjLs5s5jeMaAh7MEALw_wcB\" rel=\"noreferrer noopener\">Lastenkeskus<\/a><\/strong>, jossa tarjotaan aistileikkej\u00e4, englantia pienimmille, jumppaa taaperoiden kanssa ja jopa mini-diskoja. Ohjelmat vaihtuvat, joten heid\u00e4n sivujaan kannattaa seurata. Pienten lasten vanhemmille se on pelastus, tapaat t\u00e4\u00e4ll\u00e4 my\u00f6s muita perheit\u00e4 P\u00edsekist\u00e4.<\/p>\n\n\n\n<h3 class=\"wp-block-heading\"><span class=\"ez-toc-section\" id=\"Liikennepuisto_Vaclavin_luona\"><\/span>Liikennepuisto Vaclavin luona<span class=\"ez-toc-section-end\"><\/span><\/h3>\n\n\n\n<figure data-wp-context=\"{&quot;imageId&quot;:&quot;6a9519ad003d7&quot;}\" data-wp-interactive=\"core\/image\" data-wp-key=\"6a9519ad003d7\" class=\"wp-block-image size-full wp-lightbox-container\"><img decoding=\"async\" width=\"1024\" height=\"461\" data-wp-class--hide=\"state.isContentHidden\" data-wp-class--show=\"state.isContentVisible\" data-wp-init=\"callbacks.setButtonStyles\" data-wp-on--click=\"actions.showLightbox\" data-wp-on--load=\"callbacks.setButtonStyles\" data-wp-on--pointerdown=\"actions.preloadImage\" data-wp-on--pointerenter=\"actions.preloadImageWithDelay\" data-wp-on--pointerleave=\"actions.cancelPreload\" data-wp-on-window--resize=\"callbacks.setButtonStyles\" src=\"https:\/\/loudavymkrokem.cz\/wp-content\/uploads\/2026\/08\/dopravni-hriste-u-sv-vaclava-pisek.jpg\" alt=\"Lasten liikennepuisto pyh\u00e4n Vaclavin luona P\u00edsekiss\u00e4 remontin j\u00e4lkeen\" class=\"wp-image-399632\" title=\"\" srcset=\"https:\/\/loudavymkrokem.cz\/wp-content\/uploads\/2026\/08\/dopravni-hriste-u-sv-vaclava-pisek.jpg 1024w, https:\/\/loudavymkrokem.cz\/wp-content\/uploads\/2026\/08\/dopravni-hriste-u-sv-vaclava-pisek-300x135.jpg 300w, https:\/\/loudavymkrokem.cz\/wp-content\/uploads\/2026\/08\/dopravni-hriste-u-sv-vaclava-pisek-700x315.jpg 700w, https:\/\/loudavymkrokem.cz\/wp-content\/uploads\/2026\/08\/dopravni-hriste-u-sv-vaclava-pisek-768x346.jpg 768w, https:\/\/loudavymkrokem.cz\/wp-content\/uploads\/2026\/08\/dopravni-hriste-u-sv-vaclava-pisek-696x313.jpg 696w\" sizes=\"(max-width: 1024px) 100vw, 1024px\" \/><button\n\t\t\tclass=\"lightbox-trigger\"\n\t\t\ttype=\"button\"\n\t\t\taria-haspopup=\"dialog\"\n\t\t\tdata-wp-bind--aria-label=\"state.thisImage.triggerButtonAriaLabel\"\n\t\t\tdata-wp-init=\"callbacks.initTriggerButton\"\n\t\t\tdata-wp-on--click=\"actions.showLightbox\"\n\t\t\tdata-wp-style--right=\"state.thisImage.buttonRight\"\n\t\t\tdata-wp-style--top=\"state.thisImage.buttonTop\"\n\t\t>\n\t\t\t<svg xmlns=\"http:\/\/www.w3.org\/2000\/svg\" width=\"12\" height=\"12\" fill=\"none\" viewBox=\"0 0 12 12\">\n\t\t\t\t<path fill=\"#fff\" d=\"M2 0a2 2 0 0 0-2 2v2h1.5V2a.5.5 0 0 1 .5-.5h2V0H2Zm2 10.5H2a.5.5 0 0 1-.5-.5V8H0v2a2 2 0 0 0 2 2h2v-1.5ZM8 12v-1.5h2a.5.5 0 0 0 .5-.5V8H12v2a2 2 0 0 1-2 2H8Zm2-12a2 2 0 0 1 2 2v2h-1.5V2a.5.5 0 0 0-.5-.5H8V0h2Z\" \/>\n\t\t\t<\/svg>\n\t\t<\/button><\/figure>\n\n\n\n<p class=\"wp-block-paragraph\">Uimalan luota l\u00f6yd\u00e4t remontoidun liikennepuiston liikennevaloineen, kiertoliittymineen ja kaikella, mit\u00e4 pienet kuljettajat tarvitsevat. Lapset oppivat t\u00e4\u00e4ll\u00e4 liikennes\u00e4\u00e4nt\u00f6j\u00e4 ja viihtyv\u00e4t samalla. Ja koska t\u00e4\u00e4ll\u00e4 on my\u00f6s <strong>YEZ Caf\u00e9<\/strong> hiekkalaatikolla pienimmille, sin\u00e4 voit sill\u00e4 v\u00e4lin sy\u00f6d\u00e4 rauhassa ja nuoremmat sisarukset viihtyv\u00e4t my\u00f6s. K\u00e4yt\u00e4nn\u00f6llist\u00e4, hauskaa, toimivaa.<\/p>\n\n\n\n<h3 class=\"wp-block-heading\"><span class=\"ez-toc-section\" id=\"Nase_zviratka_Putim_ilmainen_minielaintarha\"><\/span>Na\u0161e zv\u00ed\u0159\u00e1tka Putim: ilmainen miniel\u00e4intarha<span class=\"ez-toc-section-end\"><\/span><\/h3>\n\n\n\n<figure data-wp-context=\"{&quot;imageId&quot;:&quot;6a9519ad0098c&quot;}\" data-wp-interactive=\"core\/image\" data-wp-key=\"6a9519ad0098c\" class=\"wp-block-image size-full wp-lightbox-container\"><img decoding=\"async\" width=\"1000\" height=\"563\" data-wp-class--hide=\"state.isContentHidden\" data-wp-class--show=\"state.isContentVisible\" data-wp-init=\"callbacks.setButtonStyles\" data-wp-on--click=\"actions.showLightbox\" data-wp-on--load=\"callbacks.setButtonStyles\" data-wp-on--pointerdown=\"actions.preloadImage\" data-wp-on--pointerenter=\"actions.preloadImageWithDelay\" data-wp-on--pointerleave=\"actions.cancelPreload\" data-wp-on-window--resize=\"callbacks.setButtonStyles\" src=\"https:\/\/loudavymkrokem.cz\/wp-content\/uploads\/2026\/08\/nase-zviratka-putim-klokan.jpg\" alt=\"Kenguru miniel\u00e4intarhassa Na\u0161e zv\u00ed\u0159\u00e1tka Putimissa\" class=\"wp-image-399583\" title=\"\" srcset=\"https:\/\/loudavymkrokem.cz\/wp-content\/uploads\/2026\/08\/nase-zviratka-putim-klokan.jpg 1000w, https:\/\/loudavymkrokem.cz\/wp-content\/uploads\/2026\/08\/nase-zviratka-putim-klokan-300x169.jpg 300w, https:\/\/loudavymkrokem.cz\/wp-content\/uploads\/2026\/08\/nase-zviratka-putim-klokan-700x394.jpg 700w, https:\/\/loudavymkrokem.cz\/wp-content\/uploads\/2026\/08\/nase-zviratka-putim-klokan-768x432.jpg 768w, https:\/\/loudavymkrokem.cz\/wp-content\/uploads\/2026\/08\/nase-zviratka-putim-klokan-696x392.jpg 696w\" sizes=\"(max-width: 1000px) 100vw, 1000px\" \/><button\n\t\t\tclass=\"lightbox-trigger\"\n\t\t\ttype=\"button\"\n\t\t\taria-haspopup=\"dialog\"\n\t\t\tdata-wp-bind--aria-label=\"state.thisImage.triggerButtonAriaLabel\"\n\t\t\tdata-wp-init=\"callbacks.initTriggerButton\"\n\t\t\tdata-wp-on--click=\"actions.showLightbox\"\n\t\t\tdata-wp-style--right=\"state.thisImage.buttonRight\"\n\t\t\tdata-wp-style--top=\"state.thisImage.buttonTop\"\n\t\t>\n\t\t\t<svg xmlns=\"http:\/\/www.w3.org\/2000\/svg\" width=\"12\" height=\"12\" fill=\"none\" viewBox=\"0 0 12 12\">\n\t\t\t\t<path fill=\"#fff\" d=\"M2 0a2 2 0 0 0-2 2v2h1.5V2a.5.5 0 0 1 .5-.5h2V0H2Zm2 10.5H2a.5.5 0 0 1-.5-.5V8H0v2a2 2 0 0 0 2 2h2v-1.5ZM8 12v-1.5h2a.5.5 0 0 0 .5-.5V8H12v2a2 2 0 0 1-2 2H8Zm2-12a2 2 0 0 1 2 2v2h-1.5V2a.5.5 0 0 0-.5-.5H8V0h2Z\" \/>\n\t\t\t<\/svg>\n\t\t<\/button><\/figure>\n\n\n\n<p class=\"wp-block-paragraph\">T\u00e4m\u00e4 on lempivinkkini pienimmille lapsille. Putimissa, <strong>kymmenen minuutin ajomatkan p\u00e4\u00e4ss\u00e4 P\u00edsekist\u00e4<\/strong>, toimii perheen miniel\u00e4intarha Na\u0161e zv\u00ed\u0159\u00e1tka, jossa tapaat kenguruja, surikaatteja, vuohia, petolintuja ja puhuvan korpin, ja lis\u00e4ksi t\u00e4\u00e4ll\u00e4 on retroleikkipaikka keinuineen ja hiekkalaatikkoineen. Ja nyt se paras: <strong>sis\u00e4\u00e4np\u00e4\u00e4sy on ilmainen<\/strong>, maksetaan vain vapaaehtoinen lahjoitus kolehtiin (suositellaan 2\u20134 \u20ac), auki on p\u00e4ivitt\u00e4in klo 9\u201319.<\/p>\n\n\n\n<p class=\"wp-block-paragraph\">\ud83d\udca1 <strong>Vinkki:<\/strong> Yhdist\u00e4 se k\u00e4velyyn Putimissa, kyl\u00e4ss\u00e4, jonka \u0160vejk teki kuuluisaksi. Ja jos lapsesi haaveilevat hevosista, v\u00e4h\u00e4n matkan p\u00e4\u00e4ss\u00e4 P\u00edsekist\u00e4 Smrkovicessa on <strong>Talli Merlin<\/strong>, jossa voit sopia ponilla ratsastuksesta tai k\u00e4velyst\u00e4 laaman tai alpakan kanssa. Soita vain etuk\u00e4teen, kaikki toimii t\u00e4\u00e4ll\u00e4 tilauksesta ja hinnat ovat kyselyst\u00e4.<\/p>\n\n\n\n<h3 class=\"wp-block-heading\"><span class=\"ez-toc-section\" id=\"Uimala_Vaclavin_luona_uintia_nakymalla_Otavaan\"><\/span>Uimala Vaclavin luona: uintia n\u00e4kym\u00e4ll\u00e4 Otavaan<span class=\"ez-toc-section-end\"><\/span><\/h3>\n\n\n\n<p class=\"wp-block-paragraph\">Kun on helle, P\u00edsekin perheet suuntaavat Vaclavin uimalaan, joka on toiminut t\u00e4\u00e4ll\u00e4 jo yli 75 vuotta. Se on sellainen klassikko joen rannalla: <strong>lasten allas liukum\u00e4ell\u00e4, kahluuallas<\/strong> ja ken haluaa, uikoon suoraan Otavassa. Aikuiset maksavat <strong>3,70 \u20ac p\u00e4iv\u00e4lt\u00e4<\/strong>, alle 140 cm lapset 2,50 \u20ac ja perhelippu maksaa 9 \u20ac, mik\u00e4 on mielest\u00e4ni enemm\u00e4n kuin reilua. Alueelta vuokraat lis\u00e4ksi veneen 4 \u20ac tunnilta ja kahvio on heti veden \u00e4\u00e4rell\u00e4.<\/p>\n\n\n\n<h3 class=\"wp-block-heading\"><span class=\"ez-toc-section\" id=\"Veneella_Otavalla_melontaa_myos_perheille\"><\/span>Veneell\u00e4 Otavalla: melontaa my\u00f6s perheille<span class=\"ez-toc-section-end\"><\/span><\/h3>\n\n\n\n<p class=\"wp-block-paragraph\">Otava P\u00edsekin ymp\u00e4rill\u00e4 on rauhallinen ja hidas joki, ihanteellinen ensimm\u00e4isiin melontayrityksiin lasten kanssa. Vuokraamot tuovat veneet ilmaiseksi suoraan P\u00edsekiin, <strong>perhekanootti kahdelle aikuiselle ja kahdelle lapselle maksaa noin 31 \u20ac p\u00e4iv\u00e4lt\u00e4<\/strong>, iso rafti kuudelle hengelle noin 64 \u20ac, ja hintaan sis\u00e4ltyv\u00e4t pelastusliivit, tynnyrit ja melat. Sinun ei tarvitse heti suunnitella koko p\u00e4iv\u00e4n retke\u00e4, vuokraamot osaavat my\u00f6s <strong>lyhyet iltap\u00e4iv\u00e4seikkailut puolestatoista kolmeen tuntiin<\/strong>, konkreettisen osuuden he neuvovat sinulle veden ajankohtaisen tilanteen mukaan.<\/p>\n\n\n\n<h3 class=\"wp-block-heading\"><span class=\"ez-toc-section\" id=\"Zemeraj_Kovarovin_luona_paiva_varhaiskeskiajalla\"><\/span>Zem\u011br\u00e1j Kov\u00e1\u0159ovin luona: p\u00e4iv\u00e4 varhaiskeskiajalla<span class=\"ez-toc-section-end\"><\/span><\/h3>\n\n\n\n<figure data-wp-context=\"{&quot;imageId&quot;:&quot;6a9519ad00f26&quot;}\" data-wp-interactive=\"core\/image\" data-wp-key=\"6a9519ad00f26\" class=\"wp-block-image size-full wp-lightbox-container\"><img decoding=\"async\" width=\"1400\" height=\"550\" data-wp-class--hide=\"state.isContentHidden\" data-wp-class--show=\"state.isContentVisible\" data-wp-init=\"callbacks.setButtonStyles\" data-wp-on--click=\"actions.showLightbox\" data-wp-on--load=\"callbacks.setButtonStyles\" data-wp-on--pointerdown=\"actions.preloadImage\" data-wp-on--pointerenter=\"actions.preloadImageWithDelay\" data-wp-on--pointerleave=\"actions.cancelPreload\" data-wp-on-window--resize=\"callbacks.setButtonStyles\" src=\"https:\/\/loudavymkrokem.cz\/wp-content\/uploads\/2026\/08\/zemeraj-kovarov-lidova-staveni.jpg\" alt=\"Kansanrakennuksia el\u00e4myspuisto Zem\u011br\u00e1jissa Kov\u00e1\u0159ovin luona\" class=\"wp-image-399579\" title=\"\" srcset=\"https:\/\/loudavymkrokem.cz\/wp-content\/uploads\/2026\/08\/zemeraj-kovarov-lidova-staveni.jpg 1400w, https:\/\/loudavymkrokem.cz\/wp-content\/uploads\/2026\/08\/zemeraj-kovarov-lidova-staveni-300x118.jpg 300w, https:\/\/loudavymkrokem.cz\/wp-content\/uploads\/2026\/08\/zemeraj-kovarov-lidova-staveni-700x275.jpg 700w, https:\/\/loudavymkrokem.cz\/wp-content\/uploads\/2026\/08\/zemeraj-kovarov-lidova-staveni-768x302.jpg 768w, https:\/\/loudavymkrokem.cz\/wp-content\/uploads\/2026\/08\/zemeraj-kovarov-lidova-staveni-696x273.jpg 696w, https:\/\/loudavymkrokem.cz\/wp-content\/uploads\/2026\/08\/zemeraj-kovarov-lidova-staveni-1392x547.jpg 1392w\" sizes=\"(max-width: 1400px) 100vw, 1400px\" \/><button\n\t\t\tclass=\"lightbox-trigger\"\n\t\t\ttype=\"button\"\n\t\t\taria-haspopup=\"dialog\"\n\t\t\tdata-wp-bind--aria-label=\"state.thisImage.triggerButtonAriaLabel\"\n\t\t\tdata-wp-init=\"callbacks.initTriggerButton\"\n\t\t\tdata-wp-on--click=\"actions.showLightbox\"\n\t\t\tdata-wp-style--right=\"state.thisImage.buttonRight\"\n\t\t\tdata-wp-style--top=\"state.thisImage.buttonTop\"\n\t\t>\n\t\t\t<svg xmlns=\"http:\/\/www.w3.org\/2000\/svg\" width=\"12\" height=\"12\" fill=\"none\" viewBox=\"0 0 12 12\">\n\t\t\t\t<path fill=\"#fff\" d=\"M2 0a2 2 0 0 0-2 2v2h1.5V2a.5.5 0 0 1 .5-.5h2V0H2Zm2 10.5H2a.5.5 0 0 1-.5-.5V8H0v2a2 2 0 0 0 2 2h2v-1.5ZM8 12v-1.5h2a.5.5 0 0 0 .5-.5V8H12v2a2 2 0 0 1-2 2H8Zm2-12a2 2 0 0 1 2 2v2h-1.5V2a.5.5 0 0 0-.5-.5H8V0h2Z\" \/>\n\t\t\t<\/svg>\n\t\t<\/button><\/figure>\n\n\n\n<p class=\"wp-block-paragraph\">T\u00e4lle retkelle varaa koko p\u00e4iv\u00e4. El\u00e4myspuisto <strong>Zem\u011br\u00e1j<\/strong> Kov\u00e1\u0159ovin luona (noin 35 minuuttia autolla Milevskon suuntaan) on eloon her\u00e4tetty arkeoskanseeni varhaiskeskiaikaisesta kyl\u00e4st\u00e4, jossa lapset saavat koskettaa kaikkea: jauhetaan viljaa, kokeillaan ajan k\u00e4sit\u00f6it\u00e4 ja lis\u00e4ksi t\u00e4\u00e4ll\u00e4 on <strong>kilometrin pituinen paljasjalkapolku<\/strong>, vesileikkipaikka, sokkelo ja yli sata peli\u00e4 ja p\u00e4hkin\u00e4\u00e4 ripoteltuna ymp\u00e4ri aluetta.<\/p>\n\n\n\n<p class=\"wp-block-paragraph\">P\u00e4\u00e4symaksu on <strong>8 \u20ac aikuisilta ja 7 \u20ac 2-vuotiaista lapsilta<\/strong>, pienemm\u00e4t lapset ilmaiseksi ja pys\u00e4k\u00f6inti my\u00f6s. Auki on toukokuusta syyskuun loppuun, kes\u00e4loman aikaan p\u00e4ivitt\u00e4in klo 9:30\u201318:30, loman ulkopuolella l\u00e4hinn\u00e4 viikonloppuisin. \ud83d\udca1 <strong>Vinkki:<\/strong> Ota paljasjalkapolkua varten pyyhe jalkojen huuhteluun, tulet haluamaan sit\u00e4.<\/p>\n\n\n\n<h3 class=\"wp-block-heading\"><span class=\"ez-toc-section\" id=\"Elinka-junalla_Duha-sillan_yli\"><\/span>Elinka-junalla Duha-sillan yli<span class=\"ez-toc-section-end\"><\/span><\/h3>\n\n\n\n<p class=\"wp-block-paragraph\">T\u00e4m\u00e4 on syd\u00e4men asia niin pienille kuin isoillekin veturien faneille. Kes\u00e4loman lauantaisin l\u00e4htee radalle T\u00e1borista Bechyn\u011ben historiallinen s\u00e4hk\u00f6vaunu <strong>Elinka vuodelta 1903<\/strong>, T\u0161ekin vanhin lajissaan, ja sen kanssa upea veturi Bobinka. Rata on muuten muistorikas, kyseess\u00e4 on T\u0161ekin ensimm\u00e4inen s\u00e4hk\u00f6istetty rata ja juna ylitt\u00e4\u00e4 matkalla my\u00f6s kuuluisan <strong>Bechy\u0148sk\u00e1 duha -sillan<\/strong>.<\/p>\n\n\n\n<p class=\"wp-block-paragraph\">P\u00edsekist\u00e4 on mukavinta tulla Bechyn\u011ben (puoli tuntia autolla) ja nousta paluuvuoroihin noin klo 11:25 ja 15:25. Lippu maksaa <strong>8 \u20ac aikuisilta ja 4 \u20ac lapsilta<\/strong> 6\u201315-vuotiaille. Tarkista ajankohtaiset p\u00e4iv\u00e4m\u00e4\u00e4r\u00e4t ja ajat ennen matkaa T\u0161ekin rautateilt\u00e4, ne voivat vaihdella hieman vuosittain.<\/p>\n\n\n\n<h2 class=\"wp-block-heading\"><span class=\"ez-toc-section\" id=\"Mita_tehda_Pisekissa_sateella\"><\/span>Mit\u00e4 tehd\u00e4 P\u00edsekiss\u00e4 sateella<span class=\"ez-toc-section-end\"><\/span><\/h2>\n\n\n\n<figure data-wp-context=\"{&quot;imageId&quot;:&quot;6a9519ad01450&quot;}\" data-wp-interactive=\"core\/image\" data-wp-key=\"6a9519ad01450\" class=\"wp-block-image size-full wp-lightbox-container\"><img decoding=\"async\" width=\"2200\" height=\"1467\" data-wp-class--hide=\"state.isContentHidden\" data-wp-class--show=\"state.isContentVisible\" data-wp-init=\"callbacks.setButtonStyles\" data-wp-on--click=\"actions.showLightbox\" data-wp-on--load=\"callbacks.setButtonStyles\" data-wp-on--pointerdown=\"actions.preloadImage\" data-wp-on--pointerenter=\"actions.preloadImageWithDelay\" data-wp-on--pointerleave=\"actions.cancelPreload\" data-wp-on-window--resize=\"callbacks.setButtonStyles\" src=\"https:\/\/loudavymkrokem.cz\/wp-content\/uploads\/2026\/08\/pisek-prachenske-muzeum-nadvori.jpg\" alt=\"P\u00edsekin linnan sis\u00e4piha Pr\u00e1che\u0148sk\u00e9-museon kanssa\" class=\"wp-image-399341\" title=\"\" srcset=\"https:\/\/loudavymkrokem.cz\/wp-content\/uploads\/2026\/08\/pisek-prachenske-muzeum-nadvori.jpg 2200w, https:\/\/loudavymkrokem.cz\/wp-content\/uploads\/2026\/08\/pisek-prachenske-muzeum-nadvori-300x200.jpg 300w, https:\/\/loudavymkrokem.cz\/wp-content\/uploads\/2026\/08\/pisek-prachenske-muzeum-nadvori-700x467.jpg 700w, https:\/\/loudavymkrokem.cz\/wp-content\/uploads\/2026\/08\/pisek-prachenske-muzeum-nadvori-768x512.jpg 768w, https:\/\/loudavymkrokem.cz\/wp-content\/uploads\/2026\/08\/pisek-prachenske-muzeum-nadvori-1536x1024.jpg 1536w, https:\/\/loudavymkrokem.cz\/wp-content\/uploads\/2026\/08\/pisek-prachenske-muzeum-nadvori-2048x1366.jpg 2048w, https:\/\/loudavymkrokem.cz\/wp-content\/uploads\/2026\/08\/pisek-prachenske-muzeum-nadvori-696x464.jpg 696w, https:\/\/loudavymkrokem.cz\/wp-content\/uploads\/2026\/08\/pisek-prachenske-muzeum-nadvori-1392x928.jpg 1392w, https:\/\/loudavymkrokem.cz\/wp-content\/uploads\/2026\/08\/pisek-prachenske-muzeum-nadvori-1920x1280.jpg 1920w\" sizes=\"(max-width: 2200px) 100vw, 2200px\" \/><button\n\t\t\tclass=\"lightbox-trigger\"\n\t\t\ttype=\"button\"\n\t\t\taria-haspopup=\"dialog\"\n\t\t\tdata-wp-bind--aria-label=\"state.thisImage.triggerButtonAriaLabel\"\n\t\t\tdata-wp-init=\"callbacks.initTriggerButton\"\n\t\t\tdata-wp-on--click=\"actions.showLightbox\"\n\t\t\tdata-wp-style--right=\"state.thisImage.buttonRight\"\n\t\t\tdata-wp-style--top=\"state.thisImage.buttonTop\"\n\t\t>\n\t\t\t<svg xmlns=\"http:\/\/www.w3.org\/2000\/svg\" width=\"12\" height=\"12\" fill=\"none\" viewBox=\"0 0 12 12\">\n\t\t\t\t<path fill=\"#fff\" d=\"M2 0a2 2 0 0 0-2 2v2h1.5V2a.5.5 0 0 1 .5-.5h2V0H2Zm2 10.5H2a.5.5 0 0 1-.5-.5V8H0v2a2 2 0 0 0 2 2h2v-1.5ZM8 12v-1.5h2a.5.5 0 0 0 .5-.5V8H12v2a2 2 0 0 1-2 2H8Zm2-12a2 2 0 0 1 2 2v2h-1.5V2a.5.5 0 0 0-.5-.5H8V0h2Z\" \/>\n\t\t\t<\/svg>\n\t\t<\/button><\/figure>\n\n\n\n<p class=\"wp-block-paragraph\">Sateinen p\u00e4iv\u00e4 P\u00edsekiss\u00e4 ei ole syy pakata laukkuja. Itse asiassa, ja sen sanon rehellisesti, jotkin parhaista el\u00e4myksist\u00e4 t\u00e4\u00e4ll\u00e4 ovat juuri katon alla. <strong>T\u00e4ss\u00e4 on lista paikoista, joihin suojautua ilman ett\u00e4 tuntisit vain tappavasi aikaa.<\/strong><\/p>\n\n\n\n<ul class=\"wp-block-list\">\n<li><strong>Sladovna<\/strong> \u2013 selke\u00e4 valinta numero yksi. Nelj\u00e4 kerrosta hauskaa koko perheelle, voit hyvin viett\u00e4\u00e4 t\u00e4\u00e4ll\u00e4 koko aamup\u00e4iv\u00e4n ja iltap\u00e4iv\u00e4n.<\/li>\n\n\n\n<li><strong>Pr\u00e1che\u0148sk\u00e9-museo<\/strong> \u2013 goottilainen linna, kokoelmia esihistoriasta nykyp\u00e4iv\u00e4\u00e4n. Sateella se tunnelma saa viel\u00e4 enemm\u00e4n tehoa.<\/li>\n\n\n\n<li><strong>K\u0159i\u017e\u00edkin voimalaitos<\/strong> \u2013 huomaa, t\u00e4ll\u00e4 hetkell\u00e4 se on <strong>suljettu<\/strong> remontin takia. Mutta seuraa, milloin se avautuu, koska se on sen arvoista.<\/li>\n\n\n\n<li><strong>Kahvilat<\/strong> \u2013 P\u00edsekiss\u00e4 kahvilaskene on yll\u00e4tt\u00e4v\u00e4n rikas. Valitse <strong>Balz\u00e1m caf\u00e9<\/strong> rauhalliseen istuskeluun, <strong>Sova na V\u011btvi<\/strong> mainioon kahviin, <strong>A\u017e na p\u016fdu<\/strong> aamiaiseen ja istuskeluun pihalla, <strong>Frame<\/strong> moderniin designiin ja kupilliseen kahvia tai matchaa, <strong>Travel Cafe<\/strong> (meid\u00e4n lempikahvilamme, hiekkalaatikkoterassilla) kun haluat matkustaa edes ajatuksissa ja nauttia siihen hyv\u00e4\u00e4 brunssia. Omaa kategoriaansa ovat leikkihuoneet, etenkin <strong>My\u0161ka-leikkihuone<\/strong>.<\/li>\n\n\n\n<li><strong>Ravintolat<\/strong> \u2013 sateinen p\u00e4iv\u00e4 on loistava tekosyy kunnon lounaalle. Lis\u00e4\u00e4 ruokaosiossa alempana.<\/li>\n\n\n\n<li><strong>Kino Porty\u010d<\/strong> \u2013 \u00e4l\u00e4 odota mit\u00e4\u00e4n modernia monisalielokuvateatteria suurella kahviovalikoimalla, mutta uuden elokuvan katsot edulliseen hintaan.<\/li>\n\n\n\n<li><strong>Milevskon naamiaisten museo<\/strong> \u2013 puoli tuntia autolla ja olet museossa, jossa on T\u0161ekin vanhin laskiaiskulkue. Lapset kokeilevat naamioiden j\u00e4ljenn\u00f6ksi\u00e4, leikkiv\u00e4t tableteilla ja ty\u00f6pajassa v\u00e4ritt\u00e4v\u00e4t oman naamionsa. P\u00e4\u00e4symaksu 2,50\/1,20 \u20ac, perhelippu 6 \u20ac.<\/li>\n\n\n\n<li><strong>Hora\u017e\u010fovicen vesipuisto<\/strong> \u2013 nelj\u00e4kymment\u00e4 minuuttia autolla, mutta siell\u00e4 on vesiliukum\u00e4ki, villi joki, aallokko ja lasten allas merirosvolaivalla. Perhelippu kahdeksi tunniksi maksaa 20 \u20ac. Sis\u00e4uima-altaan 86-metrisell\u00e4 vesiliukum\u00e4ell\u00e4 l\u00f6yd\u00e4t my\u00f6s l\u00e4hemp\u00e4\u00e4, Strakonicesta.<\/li>\n\n\n\n<li><strong>Uimastadion + h\u00f6yry<\/strong> \u2013 sis\u00e4allas ja h\u00f6yry toimivat, vain ulkoalue on nyt suljettu (kaupunki nimitt\u00e4in rakentaa aivan uutta allasta). Kun kerran ulkona on vett\u00e4, ole ainakin siin\u00e4 l\u00e4mpim\u00e4ss\u00e4.<\/li>\n\n\n\n<li><strong>Harmony<\/strong> \u2013 joogaa, pilatesta, kuntosali, sauna, hierontoja. Sateisen p\u00e4iv\u00e4n voi muuttaa hyvinvointip\u00e4iv\u00e4ksi, eik\u00f6?<\/li>\n\n\n\n<li><strong>Puppy-jooga Mini Academyssa<\/strong> \u2013 joogaa pentujen kanssa. Kyll\u00e4, luit oikein. Joogaa. Pentujen. Kanssa. Tarvitseeko sanoa enemp\u00e4\u00e4? \ud83d\ude05<\/li>\n<\/ul>\n\n\n\n<h2 class=\"wp-block-heading\"><span class=\"ez-toc-section\" id=\"Missa_pysakoida_Pisekissa\"><\/span>Miss\u00e4 pys\u00e4k\u00f6id\u00e4 P\u00edsekiss\u00e4<span class=\"ez-toc-section-end\"><\/span><\/h2>\n\n\n\n<p class=\"wp-block-paragraph\">Pys\u00e4k\u00f6inti P\u00edsekiss\u00e4 voi olla toisinaan haastavaa, ja pari asiaa on hyv\u00e4 tiet\u00e4\u00e4 etuk\u00e4teen, jotta et kiertele keskustassa turhaan. Kaupungilla on kolme hintavy\u00f6hykett\u00e4 ja j\u00e4rjestelm\u00e4 on selke\u00e4.<\/p>\n\n\n\n<p class=\"wp-block-paragraph\"><strong>Vy\u00f6hyke I (keskusta):<\/strong><\/p>\n\n\n\n<ul class=\"wp-block-list\">\n<li>1. tunti: 0,80 \u20ac<\/li>\n\n\n\n<li>2. tunti: 1,20 \u20ac<\/li>\n\n\n\n<li>Jokainen seuraava tunti: 2,50 \u20ac<\/li>\n<\/ul>\n\n\n\n<p class=\"wp-block-paragraph\"><strong>Vy\u00f6hyke II (laajempi keskusta):<\/strong><\/p>\n\n\n\n<ul class=\"wp-block-list\">\n<li>1.\u20132. tunti: 0,40 \u20ac<\/li>\n\n\n\n<li>Jokainen seuraava tunti: 1,20 \u20ac<\/li>\n<\/ul>\n\n\n\n<p class=\"wp-block-paragraph\"><strong>Vy\u00f6hyke III (reuna):<\/strong><\/p>\n\n\n\n<ul class=\"wp-block-list\">\n<li>0,40 \u20ac\/tunti<\/li>\n<\/ul>\n\n\n\n<p class=\"wp-block-paragraph\"><strong>Yleisin\u00e4 juhlap\u00e4ivin\u00e4 pys\u00e4k\u00f6inti on ilmaista kaikkialla ja sunnuntaisin melkein kaikkialla<\/strong>, poikkeuksena on Velk\u00e9 n\u00e1m\u011bst\u00ed -aukio, jossa maksetaan joka p\u00e4iv\u00e4.<\/p>\n\n\n\n<p class=\"wp-block-paragraph\">Maksaa voit sovelluksella <strong>MPLA<\/strong>, joka on ehk\u00e4 mukavin vaihtoehto. Ei kolikoiden etsimist\u00e4, ei juoksentelua automaatille.<\/p>\n\n\n\n<p class=\"wp-block-paragraph\"><strong>Vinkkini:<\/strong> Jos tulet pidemm\u00e4ksi aikaa, pys\u00e4k\u00f6i <strong>Messualueelle<\/strong> tai <strong>kulttuuritalon luo<\/strong> \u2013 se on v\u00e4h\u00e4n matkan p\u00e4\u00e4ss\u00e4 keskustasta, vy\u00f6hyke on halvempi ja tilaa on t\u00e4\u00e4ll\u00e4 yleens\u00e4. Pari minuuttia k\u00e4vely\u00e4 ei sinua satuta ja lompakko kiitt\u00e4\u00e4. Jos <strong>pys\u00e4k\u00f6it Elim-urheiluhallin luo<\/strong>, se on t\u00e4ysin ilmaista.<\/p>\n\n\n\n<h2 class=\"wp-block-heading\"><span class=\"ez-toc-section\" id=\"Missa_syoda_ja_juoda_hyvin_Pisekissa\"><\/span>Miss\u00e4 sy\u00f6d\u00e4 ja juoda hyvin P\u00edsekiss\u00e4<span class=\"ez-toc-section-end\"><\/span><\/h2>\n\n\n\n<figure data-wp-context=\"{&quot;imageId&quot;:&quot;6a9519ad01cab&quot;}\" data-wp-interactive=\"core\/image\" data-wp-key=\"6a9519ad01cab\" class=\"wp-block-image size-full wp-lightbox-container\"><img decoding=\"async\" width=\"2200\" height=\"1467\" data-wp-class--hide=\"state.isContentHidden\" data-wp-class--show=\"state.isContentVisible\" data-wp-init=\"callbacks.setButtonStyles\" data-wp-on--click=\"actions.showLightbox\" data-wp-on--load=\"callbacks.setButtonStyles\" data-wp-on--pointerdown=\"actions.preloadImage\" data-wp-on--pointerenter=\"actions.preloadImageWithDelay\" data-wp-on--pointerleave=\"actions.cancelPreload\" data-wp-on-window--resize=\"callbacks.setButtonStyles\" src=\"https:\/\/loudavymkrokem.cz\/wp-content\/uploads\/2026\/08\/pisek-namesticko-zahradky.jpg\" alt=\"Pieni aukio P\u00edsekin keskustassa kes\u00e4terasseilla\" class=\"wp-image-399382\" title=\"\" srcset=\"https:\/\/loudavymkrokem.cz\/wp-content\/uploads\/2026\/08\/pisek-namesticko-zahradky.jpg 2200w, https:\/\/loudavymkrokem.cz\/wp-content\/uploads\/2026\/08\/pisek-namesticko-zahradky-300x200.jpg 300w, https:\/\/loudavymkrokem.cz\/wp-content\/uploads\/2026\/08\/pisek-namesticko-zahradky-700x467.jpg 700w, https:\/\/loudavymkrokem.cz\/wp-content\/uploads\/2026\/08\/pisek-namesticko-zahradky-768x512.jpg 768w, https:\/\/loudavymkrokem.cz\/wp-content\/uploads\/2026\/08\/pisek-namesticko-zahradky-1536x1024.jpg 1536w, https:\/\/loudavymkrokem.cz\/wp-content\/uploads\/2026\/08\/pisek-namesticko-zahradky-2048x1366.jpg 2048w, https:\/\/loudavymkrokem.cz\/wp-content\/uploads\/2026\/08\/pisek-namesticko-zahradky-696x464.jpg 696w, https:\/\/loudavymkrokem.cz\/wp-content\/uploads\/2026\/08\/pisek-namesticko-zahradky-1392x928.jpg 1392w, https:\/\/loudavymkrokem.cz\/wp-content\/uploads\/2026\/08\/pisek-namesticko-zahradky-1920x1280.jpg 1920w\" sizes=\"(max-width: 2200px) 100vw, 2200px\" \/><button\n\t\t\tclass=\"lightbox-trigger\"\n\t\t\ttype=\"button\"\n\t\t\taria-haspopup=\"dialog\"\n\t\t\tdata-wp-bind--aria-label=\"state.thisImage.triggerButtonAriaLabel\"\n\t\t\tdata-wp-init=\"callbacks.initTriggerButton\"\n\t\t\tdata-wp-on--click=\"actions.showLightbox\"\n\t\t\tdata-wp-style--right=\"state.thisImage.buttonRight\"\n\t\t\tdata-wp-style--top=\"state.thisImage.buttonTop\"\n\t\t>\n\t\t\t<svg xmlns=\"http:\/\/www.w3.org\/2000\/svg\" width=\"12\" height=\"12\" fill=\"none\" viewBox=\"0 0 12 12\">\n\t\t\t\t<path fill=\"#fff\" d=\"M2 0a2 2 0 0 0-2 2v2h1.5V2a.5.5 0 0 1 .5-.5h2V0H2Zm2 10.5H2a.5.5 0 0 1-.5-.5V8H0v2a2 2 0 0 0 2 2h2v-1.5ZM8 12v-1.5h2a.5.5 0 0 0 .5-.5V8H12v2a2 2 0 0 1-2 2H8Zm2-12a2 2 0 0 1 2 2v2h-1.5V2a.5.5 0 0 0-.5-.5H8V0h2Z\" \/>\n\t\t\t<\/svg>\n\t\t<\/button><\/figure>\n\n\n\n<p class=\"wp-block-paragraph\">P\u00edsek on kaupunki, jossa sy\u00f6 ja juo yll\u00e4tt\u00e4v\u00e4n hyvin. Ei mik\u00e4\u00e4n gastronominen autiomaa, kuten joku voisi t\u00e4m\u00e4n kokoiselta kaupungilta odottaa. T\u00e4ss\u00e4 ovat <strong>paikat, joissa P\u00edsekiss\u00e4 k\u00e4ymme mielell\u00e4mme<\/strong>, ja koska olemme mieheni kanssa molemmat kasvissy\u00f6ji\u00e4, kirjoitan l\u00e4hinn\u00e4 siit\u00e4, mit\u00e4 me sy\u00f6mme.<\/p>\n\n\n\n<p class=\"wp-block-paragraph\"><strong>Nelj\u00e4 ruokavakiopaikkaamme:<\/strong><\/p>\n\n\n\n<ul class=\"wp-block-list\">\n<li><strong>Tandoor<\/strong> (Heydukova 172\/10) \u2013 intialainen ravintola, joka on k\u00e4tketty k\u00e4yt\u00e4v\u00e4\u00e4n Heydukova-kadulta Palack\u00e9ho-puistoon, sis\u00e4\u00e4nk\u00e4ynti portaita pitkin. Nepalilaisia kokkeja, aito tandoor-uuni ja loistava kasvistarjonta: <strong>palak paneer, daal makhani tai channa masala noin 7 \u20ac<\/strong>, lis\u00e4ksi tuoretta naania 2,20 \u20ac. Sunnuntaisin heill\u00e4 on suljettu.<\/li>\n\n\n\n<li><strong>Do Nebe<\/strong> (Palack\u00e9ho sady 68\/9) \u2013 <strong>gluteeniton ravintola<\/strong>, joka profiloituu nyky\u00e4\u00e4n pihviravintolaksi, mutta suurin osa listasta on luontaisesti gluteenitonta ja keliaakikoille se on P\u00edsekiss\u00e4 osoite numero yksi. Menu muuttuu siell\u00e4 kuitenkin jatkuvasti, joten etuk\u00e4teen en tied\u00e4, sy\u00f6mmek\u00f6 kasvissy\u00f6jin\u00e4 hyvin \u2014 toisinaan t\u00e4\u00e4ll\u00e4 on jotain lihatonta ja silloin tulemme t\u00e4nne mielell\u00e4mme. P\u00e4iv\u00e4n menu maksaa 2,20\u201310 \u20ac. Terassi puistossa, vieress\u00e4 pieni leikkipaikka, sunnuntaisin suljettu.<\/li>\n\n\n\n<li><strong>Pizzeria San Marco<\/strong> (Velk\u00e9 n\u00e1m\u011bst\u00ed 118\/11) \u2013 italialainen ravintola suoraan aukiolla, italialaisen omistajan kanssa, puu-uunilla ja kotitekoisilla pastoilla. Margherita, quattro formaggi, lasagne ja tiramisu, varaudu <strong>8\u201312 \u20ac henkil\u00f6lt\u00e4<\/strong>.<\/li>\n\n\n\n<li><strong>Pomodoro Ristorante Italiano<\/strong> (Bakal\u00e1\u0159e 147\/3) \u2013 toinen italialainen, t\u00e4ll\u00e4 kertaa heti Neitsyt Marian syntym\u00e4n kirkon luona. Omat pastat, gnocchi, pesto ja j\u00e4\u00e4tel\u00f6, kes\u00e4ll\u00e4 terassi j\u00e4\u00e4tel\u00f6kioskilla. Kun San Marcossa on t\u00e4ynn\u00e4, t\u00e4\u00e4ll\u00e4 on yleens\u00e4 rauhallisempaa.<\/li>\n<\/ul>\n\n\n\n<p class=\"wp-block-paragraph\"><strong>Muita mainitsemisen arvoisia paikkoja:<\/strong><\/p>\n\n\n\n<ul class=\"wp-block-list\">\n<li><strong>Kozlovna u Plechandy<\/strong> (Svatotrojick\u00e1 164\/5) \u2013 t\u0161ekkil\u00e4inen klassikko terassilla, josta n\u00e4kym\u00e4 Kivisillalle, ruokalistalla on my\u00f6s pari kasvisruokaa ja heill\u00e4 on lastenistuimia. Paikallista erikoisuutta ovat h\u00e4rk\u00e4k\u00e4\u00e4ryle (sv\u00ed\u010dkov\u00e1) ja potka, ilman varausta t\u00e4nne p\u00e4\u00e4see sesongin aikaan vaikeasti.<\/li>\n\n\n\n<li><strong>Chapelle<\/strong> Hotel U Kapli\u010dkyss\u00e4 \u2013 moderni keitti\u00f6 palkittuna Michelin-oppaassa 2026, tyylikk\u00e4\u00e4mpi milj\u00f6\u00f6, ihanteellinen romanttiseen illalliseen tai juhlaan.<\/li>\n\n\n\n<li><strong>U Reiner\u016f<\/strong> (Palack\u00e9ho sady 98) \u2013 ravintola vuodelta 1844 terassilla puistossa. Loistoaikansa se on varmaan takanaan, mutta hanaoluen ja kunnon annoksen historiaa takia pys\u00e4hdyksen arvoinen.<\/li>\n\n\n\n<li><strong>Aura<\/strong> (Velk\u00e9 n\u00e1m\u011bst\u00ed 104) \u2013 aasialaista keitti\u00f6t\u00e4 niille, jotka haluavat jotain muuta.<\/li>\n\n\n\n<li><strong>Restaurace Ostrov<\/strong> Kaupungin saarella \u2013 terassi puolivarjossa aidatulla lasten leikkipaikalla, minigolfilla ja veneill\u00e4. Paistettu juusto 8,50 \u20ac, lasten kanssa ihanne.<\/li>\n<\/ul>\n\n\n\n<p class=\"wp-block-paragraph\"><strong>Kahvilat<\/strong> (koska kahvi ansaitsee oman kategoriansa):<\/p>\n\n\n\n<ul class=\"wp-block-list\">\n<li><strong>Travel Cafe<\/strong> (Komensk\u00e9ho 87\/16) \u2013 lempikahvilani P\u00edsekiss\u00e4. Erikoiskahvia, aamiaista ja brunssia, illalla viini\u00e4, ja ennen kaikkea sis\u00e4pihan terassi hiekkalaatikolla. Kaksi minuuttia aukiolta.<\/li>\n\n\n\n<li><strong>Coffee Dealer<\/strong> (Drl\u00ed\u010dov 145\/17) \u2013 espresso ja brew bar niille, jotka ottavat kahvin vakavasti, etenkin suodatin. Ma\u2013la 9\u201317, su 10:30\u201317.<\/li>\n\n\n\n<li><strong>Kaf\u00e9rna<\/strong> (Heydukova) \u2013 ja t\u00e4ss\u00e4 minun on oltava rehellinen. Kahvi siell\u00e4 on hyv\u00e4\u00e4, siit\u00e4 ei ep\u00e4ilyst\u00e4k\u00e4\u00e4n, mutta henkil\u00f6kunta saattaa tuntemattomista syist\u00e4 huutaa sinulle kadun poikki. T\u00e4m\u00e4 kahvibaari on paikallisten keskuudessa tunnettu ep\u00e4miellytt\u00e4v\u00e4st\u00e4 palvelusta ja on s\u00e4\u00e4li pilata sill\u00e4 P\u00edsek-vierailunsa. Suuntaa mieluummin kirkolle Coffee Dealeriin.<\/li>\n\n\n\n<li><strong>Sova na V\u011btvi<\/strong> \u2013 oma paahtimo ja lastennurkkaus, v\u00e4h\u00e4n matkan p\u00e4\u00e4ss\u00e4 sillasta<\/li>\n\n\n\n<li><strong>Balz\u00e1m Caf\u00e9<\/strong> \u2013 musiikkikahvila Sladovnassa, kes\u00e4ll\u00e4 keskiviikkoisin konsertteja<\/li>\n\n\n\n<li><strong>Frame Kaf\u00e9<\/strong> \u2013 moderni, designpainotteinen, brunssi Kivisillan luona<\/li>\n\n\n\n<li><strong>A\u017e na p\u016fdu<\/strong> \u2013 aamiaista ja istuskelua pihalla; samassa talossa on my\u00f6s leikkihuone Hernajs (erillinen paikka)<\/li>\n\n\n\n<li><strong>Upekla<\/strong> \u2013 kotitekoisia leivonnaisia, piirakoita ja kakkuja kirjastossa, hiekkalaatikko sis\u00e4pihalla<\/li>\n\n\n\n<li><strong>SOHO Cafe<\/strong> \u2013 aidattu lastennurkkaus ja lettuja Velk\u00e9 n\u00e1m\u011bst\u00ed -aukiolla<\/li>\n\n\n\n<li><strong>Park Caf\u00e9 67<\/strong> \u2013 parhaat vohvelit koko kaupungissa<\/li>\n<\/ul>\n\n\n\n<p class=\"wp-block-paragraph\"><strong>Viini ja drinkit:<\/strong><\/p>\n\n\n\n<ul class=\"wp-block-list\">\n<li><strong>Degust\u00e1rna<\/strong> (Bakal\u00e1\u0159e 44\/4) \u2013 viinin yst\u00e4ville<\/li>\n\n\n\n<li><strong>V\u00edno Hru\u0161ka<\/strong> \u2013 toinen viinivinkki<\/li>\n\n\n\n<li><strong>Kav\u00e1rni\u010dka Hella<\/strong> \u2013 kahvia ja cocktaileja ja miellytt\u00e4v\u00e4 iltatunnelma<\/li>\n\n\n\n<li><strong>Revolution bar<\/strong> \u2013 drinkkej\u00e4, musiikkia, v\u00e4h\u00e4n enemm\u00e4n energiaa, loistavia baarimikkoja<\/li>\n<\/ul>\n\n\n\n<h2 class=\"wp-block-heading\"><span class=\"ez-toc-section\" id=\"Retkivinkkeja_Pisekin_ymparistoon_13_kohdetta_paivaretkelle\"><\/span>Retkivinkkej\u00e4 P\u00edsekin ymp\u00e4rist\u00f6\u00f6n: 13 kohdetta p\u00e4iv\u00e4retkelle<span class=\"ez-toc-section-end\"><\/span><\/h2>\n\n\n\n<p class=\"wp-block-paragraph\">P\u00edsek on loistava tukikohta retkille Etel\u00e4-B\u00f6\u00f6miin. Autolla, bussilla, py\u00f6r\u00e4ll\u00e4 \u2013 t\u00e4\u00e4lt\u00e4 p\u00e4\u00e4set minne tahansa. Ja se &#8220;minne tahansa&#8221; sis\u00e4lt\u00e4\u00e4 linnoja, patoaltaita, krokotiileja ja \u0160umavan. <strong>T\u00e4ss\u00e4 on kolmetoista kohdetta, joihin kannattaa suunnata.<\/strong><\/p>\n\n\n\n<p class=\"wp-block-paragraph\"><strong>Lue my\u00f6s: <a href=\"https:\/\/loudavymkrokem.cz\/fi\/etela-tsekki-kauneimmat-paikat\/\">Minne lomalle Etel\u00e4-B\u00f6\u00f6miin: 15 kauneinta paikkaa (my\u00f6s lasten kanssa)<\/a><\/strong><\/p>\n\n\n\n<h3 class=\"wp-block-heading\"><span class=\"ez-toc-section\" id=\"Zvikovin_linna_ja_Orlikin_linna\"><\/span>Zv\u00edkovin linna ja Orl\u00edkin linna<span class=\"ez-toc-section-end\"><\/span><\/h3>\n\n\n\n<figure data-wp-context=\"{&quot;imageId&quot;:&quot;6a9519ad0253c&quot;}\" data-wp-interactive=\"core\/image\" data-wp-key=\"6a9519ad0253c\" class=\"wp-block-image size-full wp-lightbox-container\"><img decoding=\"async\" width=\"1600\" height=\"856\" data-wp-class--hide=\"state.isContentHidden\" data-wp-class--show=\"state.isContentVisible\" data-wp-init=\"callbacks.setButtonStyles\" data-wp-on--click=\"actions.showLightbox\" data-wp-on--load=\"callbacks.setButtonStyles\" data-wp-on--pointerdown=\"actions.preloadImage\" data-wp-on--pointerenter=\"actions.preloadImageWithDelay\" data-wp-on--pointerleave=\"actions.cancelPreload\" data-wp-on-window--resize=\"callbacks.setButtonStyles\" src=\"https:\/\/loudavymkrokem.cz\/wp-content\/uploads\/2026\/08\/hrad-zvikov-soutok-otavy-a-vltavy.jpg\" alt=\"Zv\u00edkovin linna Otavan ja Vltavan yhtym\u00e4kohdassa\" class=\"wp-image-399401\" title=\"\" srcset=\"https:\/\/loudavymkrokem.cz\/wp-content\/uploads\/2026\/08\/hrad-zvikov-soutok-otavy-a-vltavy.jpg 1600w, https:\/\/loudavymkrokem.cz\/wp-content\/uploads\/2026\/08\/hrad-zvikov-soutok-otavy-a-vltavy-300x161.jpg 300w, https:\/\/loudavymkrokem.cz\/wp-content\/uploads\/2026\/08\/hrad-zvikov-soutok-otavy-a-vltavy-700x375.jpg 700w, https:\/\/loudavymkrokem.cz\/wp-content\/uploads\/2026\/08\/hrad-zvikov-soutok-otavy-a-vltavy-768x411.jpg 768w, https:\/\/loudavymkrokem.cz\/wp-content\/uploads\/2026\/08\/hrad-zvikov-soutok-otavy-a-vltavy-1536x822.jpg 1536w, https:\/\/loudavymkrokem.cz\/wp-content\/uploads\/2026\/08\/hrad-zvikov-soutok-otavy-a-vltavy-696x372.jpg 696w, https:\/\/loudavymkrokem.cz\/wp-content\/uploads\/2026\/08\/hrad-zvikov-soutok-otavy-a-vltavy-1392x745.jpg 1392w\" sizes=\"(max-width: 1600px) 100vw, 1600px\" \/><button\n\t\t\tclass=\"lightbox-trigger\"\n\t\t\ttype=\"button\"\n\t\t\taria-haspopup=\"dialog\"\n\t\t\tdata-wp-bind--aria-label=\"state.thisImage.triggerButtonAriaLabel\"\n\t\t\tdata-wp-init=\"callbacks.initTriggerButton\"\n\t\t\tdata-wp-on--click=\"actions.showLightbox\"\n\t\t\tdata-wp-style--right=\"state.thisImage.buttonRight\"\n\t\t\tdata-wp-style--top=\"state.thisImage.buttonTop\"\n\t\t>\n\t\t\t<svg xmlns=\"http:\/\/www.w3.org\/2000\/svg\" width=\"12\" height=\"12\" fill=\"none\" viewBox=\"0 0 12 12\">\n\t\t\t\t<path fill=\"#fff\" d=\"M2 0a2 2 0 0 0-2 2v2h1.5V2a.5.5 0 0 1 .5-.5h2V0H2Zm2 10.5H2a.5.5 0 0 1-.5-.5V8H0v2a2 2 0 0 0 2 2h2v-1.5ZM8 12v-1.5h2a.5.5 0 0 0 .5-.5V8H12v2a2 2 0 0 1-2 2H8Zm2-12a2 2 0 0 1 2 2v2h-1.5V2a.5.5 0 0 0-.5-.5H8V0h2Z\" \/>\n\t\t\t<\/svg>\n\t\t<\/button><\/figure>\n\n\n\n<p class=\"wp-block-paragraph\">Zv\u00edkov seisoo Otavan ja Vltavan yhtym\u00e4kohdassa ja on ehk\u00e4 <strong>ymp\u00e4rist\u00f6n kaunein linna<\/strong>. P\u00e4\u00e4symaksu on noin 7,50 \u20ac, ja kun tulet n\u00e4lk\u00e4iseksi, Pivovarsk\u00fd dv\u016fr Zv\u00edkov pelastaa sinut. V\u00e4h\u00e4n kauempana on Orl\u00edkin linna patoaltaan yll\u00e4 ja kes\u00e4loman aikaan Zv\u00edkovin ja Orl\u00edkin v\u00e4lill\u00e4 kulkee my\u00f6s n\u00e4k\u00f6alalaiva, risteily kest\u00e4\u00e4 noin 50 minuuttia ja maksaa 12 \u20ac. Retki kuin sadusta.<\/p>\n\n\n\n<h3 class=\"wp-block-heading\"><span class=\"ez-toc-section\" id=\"Krokotiilielaintarha_Protivin\"><\/span>Krokotiiliel\u00e4intarha Protiv\u00edn<span class=\"ez-toc-section-end\"><\/span><\/h3>\n\n\n\n<figure data-wp-context=\"{&quot;imageId&quot;:&quot;6a9519ad02999&quot;}\" data-wp-interactive=\"core\/image\" data-wp-key=\"6a9519ad02999\" class=\"wp-block-image size-full wp-lightbox-container\"><img decoding=\"async\" width=\"1120\" height=\"800\" data-wp-class--hide=\"state.isContentHidden\" data-wp-class--show=\"state.isContentVisible\" data-wp-init=\"callbacks.setButtonStyles\" data-wp-on--click=\"actions.showLightbox\" data-wp-on--load=\"callbacks.setButtonStyles\" data-wp-on--pointerdown=\"actions.preloadImage\" data-wp-on--pointerenter=\"actions.preloadImageWithDelay\" data-wp-on--pointerleave=\"actions.cancelPreload\" data-wp-on-window--resize=\"callbacks.setButtonStyles\" src=\"https:\/\/loudavymkrokem.cz\/wp-content\/uploads\/2026\/08\/krokodyli-zoo-protivin-aligator.jpg\" alt=\"Alligaattori Protiv\u00ednin krokotiiliel\u00e4intarhassa\" class=\"wp-image-399574\" title=\"\" srcset=\"https:\/\/loudavymkrokem.cz\/wp-content\/uploads\/2026\/08\/krokodyli-zoo-protivin-aligator.jpg 1120w, https:\/\/loudavymkrokem.cz\/wp-content\/uploads\/2026\/08\/krokodyli-zoo-protivin-aligator-300x214.jpg 300w, https:\/\/loudavymkrokem.cz\/wp-content\/uploads\/2026\/08\/krokodyli-zoo-protivin-aligator-700x500.jpg 700w, https:\/\/loudavymkrokem.cz\/wp-content\/uploads\/2026\/08\/krokodyli-zoo-protivin-aligator-768x549.jpg 768w, https:\/\/loudavymkrokem.cz\/wp-content\/uploads\/2026\/08\/krokodyli-zoo-protivin-aligator-696x497.jpg 696w\" sizes=\"(max-width: 1120px) 100vw, 1120px\" \/><button\n\t\t\tclass=\"lightbox-trigger\"\n\t\t\ttype=\"button\"\n\t\t\taria-haspopup=\"dialog\"\n\t\t\tdata-wp-bind--aria-label=\"state.thisImage.triggerButtonAriaLabel\"\n\t\t\tdata-wp-init=\"callbacks.initTriggerButton\"\n\t\t\tdata-wp-on--click=\"actions.showLightbox\"\n\t\t\tdata-wp-style--right=\"state.thisImage.buttonRight\"\n\t\t\tdata-wp-style--top=\"state.thisImage.buttonTop\"\n\t\t>\n\t\t\t<svg xmlns=\"http:\/\/www.w3.org\/2000\/svg\" width=\"12\" height=\"12\" fill=\"none\" viewBox=\"0 0 12 12\">\n\t\t\t\t<path fill=\"#fff\" d=\"M2 0a2 2 0 0 0-2 2v2h1.5V2a.5.5 0 0 1 .5-.5h2V0H2Zm2 10.5H2a.5.5 0 0 1-.5-.5V8H0v2a2 2 0 0 0 2 2h2v-1.5ZM8 12v-1.5h2a.5.5 0 0 0 .5-.5V8H12v2a2 2 0 0 1-2 2H8Zm2-12a2 2 0 0 1 2 2v2h-1.5V2a.5.5 0 0 0-.5-.5H8V0h2Z\" \/>\n\t\t\t<\/svg>\n\t\t<\/button><\/figure>\n\n\n\n<p class=\"wp-block-paragraph\">Viisitoista minuuttia autolla P\u00edsekist\u00e4 ja olet krokotiilien keskell\u00e4. Kaikki lajit, jotka voit kuvitella, ja jopa <strong>valkoisia krokotiileja<\/strong>. Lapset ovat innoissaan, aikuiset my\u00f6s, ja min\u00e4 joka kerta siell\u00e4 ollessani h\u00e4mm\u00e4stelen, ett\u00e4 t\u00e4m\u00e4 krokotiilifarmi on niin l\u00e4hell\u00e4.<\/p>\n\n\n\n<h3 class=\"wp-block-heading\"><span class=\"ez-toc-section\" id=\"Sudomerin_taistelun_muistomerkki\"><\/span>Sudom\u011b\u0159in taistelun muistomerkki<span class=\"ez-toc-section-end\"><\/span><\/h3>\n\n\n\n<figure data-wp-context=\"{&quot;imageId&quot;:&quot;6a9519ad02fdf&quot;}\" data-wp-interactive=\"core\/image\" data-wp-key=\"6a9519ad02fdf\" class=\"wp-block-image size-full wp-lightbox-container\"><img decoding=\"async\" width=\"1200\" height=\"900\" data-wp-class--hide=\"state.isContentHidden\" data-wp-class--show=\"state.isContentVisible\" data-wp-init=\"callbacks.setButtonStyles\" data-wp-on--click=\"actions.showLightbox\" data-wp-on--load=\"callbacks.setButtonStyles\" data-wp-on--pointerdown=\"actions.preloadImage\" data-wp-on--pointerenter=\"actions.preloadImageWithDelay\" data-wp-on--pointerleave=\"actions.cancelPreload\" data-wp-on-window--resize=\"callbacks.setButtonStyles\" src=\"https:\/\/loudavymkrokem.cz\/wp-content\/uploads\/2026\/08\/pamatnik-bitvy-u-sudomere.jpg\" alt=\"Jan \u017di\u017ekan muistomerkki Sudom\u011b\u0159in luona\" class=\"wp-image-399697\" title=\"\" srcset=\"https:\/\/loudavymkrokem.cz\/wp-content\/uploads\/2026\/08\/pamatnik-bitvy-u-sudomere.jpg 1200w, https:\/\/loudavymkrokem.cz\/wp-content\/uploads\/2026\/08\/pamatnik-bitvy-u-sudomere-300x225.jpg 300w, https:\/\/loudavymkrokem.cz\/wp-content\/uploads\/2026\/08\/pamatnik-bitvy-u-sudomere-700x525.jpg 700w, https:\/\/loudavymkrokem.cz\/wp-content\/uploads\/2026\/08\/pamatnik-bitvy-u-sudomere-768x576.jpg 768w, https:\/\/loudavymkrokem.cz\/wp-content\/uploads\/2026\/08\/pamatnik-bitvy-u-sudomere-80x60.jpg 80w, https:\/\/loudavymkrokem.cz\/wp-content\/uploads\/2026\/08\/pamatnik-bitvy-u-sudomere-160x120.jpg 160w, https:\/\/loudavymkrokem.cz\/wp-content\/uploads\/2026\/08\/pamatnik-bitvy-u-sudomere-696x522.jpg 696w\" sizes=\"(max-width: 1200px) 100vw, 1200px\" \/><button\n\t\t\tclass=\"lightbox-trigger\"\n\t\t\ttype=\"button\"\n\t\t\taria-haspopup=\"dialog\"\n\t\t\tdata-wp-bind--aria-label=\"state.thisImage.triggerButtonAriaLabel\"\n\t\t\tdata-wp-init=\"callbacks.initTriggerButton\"\n\t\t\tdata-wp-on--click=\"actions.showLightbox\"\n\t\t\tdata-wp-style--right=\"state.thisImage.buttonRight\"\n\t\t\tdata-wp-style--top=\"state.thisImage.buttonTop\"\n\t\t>\n\t\t\t<svg xmlns=\"http:\/\/www.w3.org\/2000\/svg\" width=\"12\" height=\"12\" fill=\"none\" viewBox=\"0 0 12 12\">\n\t\t\t\t<path fill=\"#fff\" d=\"M2 0a2 2 0 0 0-2 2v2h1.5V2a.5.5 0 0 1 .5-.5h2V0H2Zm2 10.5H2a.5.5 0 0 1-.5-.5V8H0v2a2 2 0 0 0 2 2h2v-1.5ZM8 12v-1.5h2a.5.5 0 0 0 .5-.5V8H12v2a2 2 0 0 1-2 2H8Zm2-12a2 2 0 0 1 2 2v2h-1.5V2a.5.5 0 0 0-.5-.5H8V0h2Z\" \/>\n\t\t\t<\/svg>\n\t\t<\/button><\/figure>\n\n\n\n<p class=\"wp-block-paragraph\">Jan \u017di\u017eka voitti t\u00e4\u00e4ll\u00e4 vuonna 1420 husiittiensa kanssa yhden ensimm\u00e4isist\u00e4 taisteluista. T\u00e4\u00e4ll\u00e4 seisoo 16-metrinen patsas ja ymp\u00e4rill\u00e4 ovat Markovec- ja \u0160kared\u00fd-lammet. Jos pid\u00e4t T\u0161ekin historiasta, t\u00e4ll\u00e4 paikalla on vahva tunnelma. Ja ymp\u00e4r\u00f6iv\u00e4 maisema on upea, sellainen tyyni etel\u00e4b\u00f6\u00f6mil\u00e4inen tauluaihe.<\/p>\n\n\n\n<h3 class=\"wp-block-heading\"><span class=\"ez-toc-section\" id=\"Satupaja_Selibov\"><\/span>Satupaja Selibov<span class=\"ez-toc-section-end\"><\/span><\/h3>\n\n\n\n<figure data-wp-context=\"{&quot;imageId&quot;:&quot;6a9519ad03674&quot;}\" data-wp-interactive=\"core\/image\" data-wp-key=\"6a9519ad03674\" class=\"wp-block-image size-full wp-lightbox-container\"><img decoding=\"async\" width=\"2000\" height=\"1333\" data-wp-class--hide=\"state.isContentHidden\" data-wp-class--show=\"state.isContentVisible\" data-wp-init=\"callbacks.setButtonStyles\" data-wp-on--click=\"actions.showLightbox\" data-wp-on--load=\"callbacks.setButtonStyles\" data-wp-on--pointerdown=\"actions.preloadImage\" data-wp-on--pointerenter=\"actions.preloadImageWithDelay\" data-wp-on--pointerleave=\"actions.cancelPreload\" data-wp-on-window--resize=\"callbacks.setButtonStyles\" src=\"https:\/\/loudavymkrokem.cz\/wp-content\/uploads\/2026\/08\/pohadkova-kovarna-selibov.jpg\" alt=\"Satupaja Selibovissa olkikattoineen\" class=\"wp-image-399577\" title=\"\" srcset=\"https:\/\/loudavymkrokem.cz\/wp-content\/uploads\/2026\/08\/pohadkova-kovarna-selibov.jpg 2000w, https:\/\/loudavymkrokem.cz\/wp-content\/uploads\/2026\/08\/pohadkova-kovarna-selibov-300x200.jpg 300w, https:\/\/loudavymkrokem.cz\/wp-content\/uploads\/2026\/08\/pohadkova-kovarna-selibov-700x467.jpg 700w, https:\/\/loudavymkrokem.cz\/wp-content\/uploads\/2026\/08\/pohadkova-kovarna-selibov-768x512.jpg 768w, https:\/\/loudavymkrokem.cz\/wp-content\/uploads\/2026\/08\/pohadkova-kovarna-selibov-1536x1024.jpg 1536w, https:\/\/loudavymkrokem.cz\/wp-content\/uploads\/2026\/08\/pohadkova-kovarna-selibov-696x464.jpg 696w, https:\/\/loudavymkrokem.cz\/wp-content\/uploads\/2026\/08\/pohadkova-kovarna-selibov-1392x928.jpg 1392w, https:\/\/loudavymkrokem.cz\/wp-content\/uploads\/2026\/08\/pohadkova-kovarna-selibov-1920x1280.jpg 1920w\" sizes=\"(max-width: 2000px) 100vw, 2000px\" \/><button\n\t\t\tclass=\"lightbox-trigger\"\n\t\t\ttype=\"button\"\n\t\t\taria-haspopup=\"dialog\"\n\t\t\tdata-wp-bind--aria-label=\"state.thisImage.triggerButtonAriaLabel\"\n\t\t\tdata-wp-init=\"callbacks.initTriggerButton\"\n\t\t\tdata-wp-on--click=\"actions.showLightbox\"\n\t\t\tdata-wp-style--right=\"state.thisImage.buttonRight\"\n\t\t\tdata-wp-style--top=\"state.thisImage.buttonTop\"\n\t\t>\n\t\t\t<svg xmlns=\"http:\/\/www.w3.org\/2000\/svg\" width=\"12\" height=\"12\" fill=\"none\" viewBox=\"0 0 12 12\">\n\t\t\t\t<path fill=\"#fff\" d=\"M2 0a2 2 0 0 0-2 2v2h1.5V2a.5.5 0 0 1 .5-.5h2V0H2Zm2 10.5H2a.5.5 0 0 1-.5-.5V8H0v2a2 2 0 0 0 2 2h2v-1.5ZM8 12v-1.5h2a.5.5 0 0 0 .5-.5V8H12v2a2 2 0 0 1-2 2H8Zm2-12a2 2 0 0 1 2 2v2h-1.5V2a.5.5 0 0 0-.5-.5H8V0h2Z\" \/>\n\t\t\t<\/svg>\n\t\t<\/button><\/figure>\n\n\n\n<p class=\"wp-block-paragraph\">Pirunhahmoja, vetehisi\u00e4, keijuja ja lis\u00e4ksi luova ty\u00f6paja. Ihanteellinen retki pienempien lasten kanssa, jotka viel\u00e4 uskovat satuihin (ja isompien kanssa, jotka teeskentelev\u00e4t etteiv\u00e4t usko, mutta viihtyv\u00e4t silti).<\/p>\n\n\n\n<h3 class=\"wp-block-heading\"><span class=\"ez-toc-section\" id=\"Farmapark_Maletice\"><\/span>Farmapark Maletice<span class=\"ez-toc-section-end\"><\/span><\/h3>\n\n\n\n<figure data-wp-context=\"{&quot;imageId&quot;:&quot;6a9519ad03dce&quot;}\" data-wp-interactive=\"core\/image\" data-wp-key=\"6a9519ad03dce\" class=\"wp-block-image size-full wp-lightbox-container\"><img decoding=\"async\" width=\"2048\" height=\"1365\" data-wp-class--hide=\"state.isContentHidden\" data-wp-class--show=\"state.isContentVisible\" data-wp-init=\"callbacks.setButtonStyles\" data-wp-on--click=\"actions.showLightbox\" data-wp-on--load=\"callbacks.setButtonStyles\" data-wp-on--pointerdown=\"actions.preloadImage\" data-wp-on--pointerenter=\"actions.preloadImageWithDelay\" data-wp-on--pointerleave=\"actions.cancelPreload\" data-wp-on-window--resize=\"callbacks.setButtonStyles\" src=\"https:\/\/loudavymkrokem.cz\/wp-content\/uploads\/2026\/08\/farmapark-maletice-alpaka.jpg\" alt=\"Alpakka Farmapark Maleticen aitauksessa P\u00edsekin luona\" class=\"wp-image-399568\" title=\"\" srcset=\"https:\/\/loudavymkrokem.cz\/wp-content\/uploads\/2026\/08\/farmapark-maletice-alpaka.jpg 2048w, https:\/\/loudavymkrokem.cz\/wp-content\/uploads\/2026\/08\/farmapark-maletice-alpaka-300x200.jpg 300w, https:\/\/loudavymkrokem.cz\/wp-content\/uploads\/2026\/08\/farmapark-maletice-alpaka-700x467.jpg 700w, https:\/\/loudavymkrokem.cz\/wp-content\/uploads\/2026\/08\/farmapark-maletice-alpaka-768x512.jpg 768w, https:\/\/loudavymkrokem.cz\/wp-content\/uploads\/2026\/08\/farmapark-maletice-alpaka-1536x1024.jpg 1536w, https:\/\/loudavymkrokem.cz\/wp-content\/uploads\/2026\/08\/farmapark-maletice-alpaka-696x464.jpg 696w, https:\/\/loudavymkrokem.cz\/wp-content\/uploads\/2026\/08\/farmapark-maletice-alpaka-1392x928.jpg 1392w, https:\/\/loudavymkrokem.cz\/wp-content\/uploads\/2026\/08\/farmapark-maletice-alpaka-1920x1280.jpg 1920w\" sizes=\"(max-width: 2048px) 100vw, 2048px\" \/><button\n\t\t\tclass=\"lightbox-trigger\"\n\t\t\ttype=\"button\"\n\t\t\taria-haspopup=\"dialog\"\n\t\t\tdata-wp-bind--aria-label=\"state.thisImage.triggerButtonAriaLabel\"\n\t\t\tdata-wp-init=\"callbacks.initTriggerButton\"\n\t\t\tdata-wp-on--click=\"actions.showLightbox\"\n\t\t\tdata-wp-style--right=\"state.thisImage.buttonRight\"\n\t\t\tdata-wp-style--top=\"state.thisImage.buttonTop\"\n\t\t>\n\t\t\t<svg xmlns=\"http:\/\/www.w3.org\/2000\/svg\" width=\"12\" height=\"12\" fill=\"none\" viewBox=\"0 0 12 12\">\n\t\t\t\t<path fill=\"#fff\" d=\"M2 0a2 2 0 0 0-2 2v2h1.5V2a.5.5 0 0 1 .5-.5h2V0H2Zm2 10.5H2a.5.5 0 0 1-.5-.5V8H0v2a2 2 0 0 0 2 2h2v-1.5ZM8 12v-1.5h2a.5.5 0 0 0 .5-.5V8H12v2a2 2 0 0 1-2 2H8Zm2-12a2 2 0 0 1 2 2v2h-1.5V2a.5.5 0 0 0-.5-.5H8V0h2Z\" \/>\n\t\t\t<\/svg>\n\t\t<\/button><\/figure>\n\n\n\n<p class=\"wp-block-paragraph\"><a href=\"https:\/\/www.farmaparkmaletice.cz\/\" data-type=\"link\" data-id=\"https:\/\/www.farmaparkmaletice.cz\/\" target=\"_blank\" rel=\"noopener\"><strong>Kotiel\u00e4inpiha<\/strong><\/a> ja huvipuisto Protiv\u00ednin tien varrella, <strong>noin 12 minuuttia P\u00edsekist\u00e4<\/strong>. Vuohia, alpakoita, poneja, kaneja, lis\u00e4ksi j\u00e4ttim\u00e4isi\u00e4 ilmatrampoliineja, hein\u00e4sokkelo, k\u00f6ysiratoja ja katettu hiekkalaatikko liukum\u00e4ell\u00e4. Auki on p\u00e4ivitt\u00e4in klo 10\u201318, <strong>p\u00e4\u00e4symaksu 10 \u20ac lapsi, 8,50 \u20ac aikuinen, perhelippu 36 \u20ac<\/strong> (netiss\u00e4 halvemmalla), alle 2-vuotiaat lapset ilmaiseksi, pys\u00e4k\u00f6inti ilmaista. Farmapark avattiin kes\u00e4ll\u00e4 2025 ja se on t\u00e4ll\u00e4 hetkell\u00e4 ehk\u00e4 suosituin perheretki P\u00edsekist\u00e4.<\/p>\n\n\n\n<h3 class=\"wp-block-heading\"><span class=\"ez-toc-section\" id=\"Fiziland_ja_Ajan_valtakunta_Protivinissa\"><\/span>Fiziland ja Ajan valtakunta Protiv\u00ednissa<span class=\"ez-toc-section-end\"><\/span><\/h3>\n\n\n\n<figure data-wp-context=\"{&quot;imageId&quot;:&quot;6a9519ad0443f&quot;}\" data-wp-interactive=\"core\/image\" data-wp-key=\"6a9519ad0443f\" class=\"wp-block-image size-full wp-lightbox-container\"><img decoding=\"async\" width=\"2200\" height=\"1467\" data-wp-class--hide=\"state.isContentHidden\" data-wp-class--show=\"state.isContentVisible\" data-wp-init=\"callbacks.setButtonStyles\" data-wp-on--click=\"actions.showLightbox\" data-wp-on--load=\"callbacks.setButtonStyles\" data-wp-on--pointerdown=\"actions.preloadImage\" data-wp-on--pointerenter=\"actions.preloadImageWithDelay\" data-wp-on--pointerleave=\"actions.cancelPreload\" data-wp-on-window--resize=\"callbacks.setButtonStyles\" src=\"https:\/\/loudavymkrokem.cz\/wp-content\/uploads\/2026\/08\/fiziland-protivin-herna.jpg\" alt=\"Fizilandin sis\u00e4leikkitila Protiv\u00ednissa pehmustekuopalla ja kiipeilytelineill\u00e4\" class=\"wp-image-399563\" title=\"\" srcset=\"https:\/\/loudavymkrokem.cz\/wp-content\/uploads\/2026\/08\/fiziland-protivin-herna.jpg 2200w, https:\/\/loudavymkrokem.cz\/wp-content\/uploads\/2026\/08\/fiziland-protivin-herna-300x200.jpg 300w, https:\/\/loudavymkrokem.cz\/wp-content\/uploads\/2026\/08\/fiziland-protivin-herna-700x467.jpg 700w, https:\/\/loudavymkrokem.cz\/wp-content\/uploads\/2026\/08\/fiziland-protivin-herna-768x512.jpg 768w, https:\/\/loudavymkrokem.cz\/wp-content\/uploads\/2026\/08\/fiziland-protivin-herna-1536x1024.jpg 1536w, https:\/\/loudavymkrokem.cz\/wp-content\/uploads\/2026\/08\/fiziland-protivin-herna-2048x1366.jpg 2048w, https:\/\/loudavymkrokem.cz\/wp-content\/uploads\/2026\/08\/fiziland-protivin-herna-696x464.jpg 696w, https:\/\/loudavymkrokem.cz\/wp-content\/uploads\/2026\/08\/fiziland-protivin-herna-1392x928.jpg 1392w, https:\/\/loudavymkrokem.cz\/wp-content\/uploads\/2026\/08\/fiziland-protivin-herna-1920x1280.jpg 1920w\" sizes=\"(max-width: 2200px) 100vw, 2200px\" \/><button\n\t\t\tclass=\"lightbox-trigger\"\n\t\t\ttype=\"button\"\n\t\t\taria-haspopup=\"dialog\"\n\t\t\tdata-wp-bind--aria-label=\"state.thisImage.triggerButtonAriaLabel\"\n\t\t\tdata-wp-init=\"callbacks.initTriggerButton\"\n\t\t\tdata-wp-on--click=\"actions.showLightbox\"\n\t\t\tdata-wp-style--right=\"state.thisImage.buttonRight\"\n\t\t\tdata-wp-style--top=\"state.thisImage.buttonTop\"\n\t\t>\n\t\t\t<svg xmlns=\"http:\/\/www.w3.org\/2000\/svg\" width=\"12\" height=\"12\" fill=\"none\" viewBox=\"0 0 12 12\">\n\t\t\t\t<path fill=\"#fff\" d=\"M2 0a2 2 0 0 0-2 2v2h1.5V2a.5.5 0 0 1 .5-.5h2V0H2Zm2 10.5H2a.5.5 0 0 1-.5-.5V8H0v2a2 2 0 0 0 2 2h2v-1.5ZM8 12v-1.5h2a.5.5 0 0 0 .5-.5V8H12v2a2 2 0 0 1-2 2H8Zm2-12a2 2 0 0 1 2 2v2h-1.5V2a.5.5 0 0 0-.5-.5H8V0h2Z\" \/>\n\t\t\t<\/svg>\n\t\t<\/button><\/figure>\n\n\n\n<p class=\"wp-block-paragraph\">Protiv\u00ednissa, 15 minuuttia P\u00edsekist\u00e4, on heti kaksi perhekohdetta katon alla. <strong>Fiziland<\/strong> (Zelenohorsk\u00e1 986) on jutuberi Fizin huvipuisto: j\u00e4ttim\u00e4inen liukum\u00e4ki, trampoliineja, pehmustekuoppa, pomppulinna ja rauhoittumisalue pienimmille, lis\u00e4ksi ulkoleikkipaikka. Auki p\u00e4ivitt\u00e4in klo 10\u201318, <strong>lapsi maksaa 16 \u20ac ja aikuinen saattaja 6,50 \u20ac<\/strong> (perhepaketti kahdelle aikuiselle ja kahdelle lapselle maksaa 36 \u20ac), alle 3-vuotiaat lapset ilmaiseksi. Liput on ostettava etuk\u00e4teen netist\u00e4, myynti paikan p\u00e4\u00e4ll\u00e4 ei ole taattu. K\u00e4vin puiston l\u00e4pi yksityiskohtaisesti <a href=\"https:\/\/loudavymkrokem.cz\/fiziland-protivin\/\">Fiziland-artikkelissa<\/a>.<\/p>\n\n\n\n<p class=\"wp-block-paragraph\">Aivan eri sarjaa on <strong>Ajan valtakunta<\/strong> (Purky\u0148ova 255): kunnostettu jugendhuvila kellomuseolla, jossa 1800-luvun tornikoneisto ly\u00f6 joka t\u00e4ystunnin, ja pohjakerroksessa leikkitila, luova ty\u00f6paja ja aidattu puutarha vesiliukum\u00e4ell\u00e4 ja k\u00f6ysiradalla. Auki p\u00e4ivitt\u00e4in klo 9\u201317, museo maksaa 3,70\/2,50 \u20ac, mutta <strong>leikkitila ja puutarha ovat ilmaisia, kun otat kahvin<\/strong>. Taaperoille ihanteellinen.<\/p>\n\n\n\n<h3 class=\"wp-block-heading\"><span class=\"ez-toc-section\" id=\"Bagrarium_Strakonicessa\"><\/span>Bagr\u00e1rium Strakonicessa<span class=\"ez-toc-section-end\"><\/span><\/h3>\n\n\n\n<p class=\"wp-block-paragraph\">Vuoden 2026 uutuus ja ensimm\u00e4inen laatuaan B\u00f6\u00f6miss\u00e4: <strong>Bagr\u00e1rium<\/strong> (Pov\u00e1\u017esk\u00e1 358, Strakonice, 30 minuuttia autolla) on katettu leikkitila, jossa lapset ohjaavat realistisia kaivinkone-, kuormaaja- ja kippiautomalleja suuren hiekkalaatikon yll\u00e4 ja etsiv\u00e4t siit\u00e4 aarretta. Varataan netist\u00e4 puolen tunnin aikav\u00e4leille klo 10\u201318 v\u00e4lill\u00e4, <strong>11 \u20ac 30 minuutista yht\u00e4 konetta kohden<\/strong>. Huomaa, suositusik\u00e4 on <strong>6 vuodesta<\/strong> (ohjaaminen vaatii molempien k\u00e4sien koordinaatiota), joten se on pikemminkin vinkki isommille sisaruksille.<\/p>\n\n\n\n<h3 class=\"wp-block-heading\"><span class=\"ez-toc-section\" id=\"Tabor\"><\/span>T\u00e1bor<span class=\"ez-toc-section-end\"><\/span><\/h3>\n\n\n\n<p class=\"wp-block-paragraph\"><strong><a href=\"https:\/\/loudavymkrokem.cz\/fi\/tabor-tsekki-nahtavyydet\/\" target=\"_blank\" data-type=\"link\" data-id=\"https:\/\/loudavymkrokem.cz\/co-videt-v-tabore\/\" rel=\"noreferrer noopener\">Husiittikaupunki<\/a><\/strong>, 45 minuutin ajomatka. Keskiaikaiset maanalaiset k\u00e4yt\u00e4v\u00e4t (hieman klaustrofobiset, mutta sen arvoiset), <strong>Suklaamuseo<\/strong> (lapset + suklaa = voitto), el\u00e4intarha ja Jord\u00e1n-patoallas uintiin kes\u00e4ll\u00e4. T\u00e1bor on kaupunki, jolla on luonnetta ja tunnelmaa, joka poikkeaa P\u00edsekist\u00e4 ja on ehdottomasti k\u00e4ynnin arvoinen.<\/p>\n\n\n\n<figure data-wp-context=\"{&quot;imageId&quot;:&quot;6a9519ad04e24&quot;}\" data-wp-interactive=\"core\/image\" data-wp-key=\"6a9519ad04e24\" class=\"wp-block-image size-full wp-lightbox-container\"><img decoding=\"async\" width=\"1200\" height=\"800\" data-wp-class--hide=\"state.isContentHidden\" data-wp-class--show=\"state.isContentVisible\" data-wp-init=\"callbacks.setButtonStyles\" data-wp-on--click=\"actions.showLightbox\" data-wp-on--load=\"callbacks.setButtonStyles\" data-wp-on--pointerdown=\"actions.preloadImage\" data-wp-on--pointerenter=\"actions.preloadImageWithDelay\" data-wp-on--pointerleave=\"actions.cancelPreload\" data-wp-on-window--resize=\"callbacks.setButtonStyles\" src=\"https:\/\/loudavymkrokem.cz\/wp-content\/uploads\/2026\/03\/tabor-co-videt-3.jpg\" alt=\"T\u00e1bor\" class=\"wp-image-132729\" title=\"\" srcset=\"https:\/\/loudavymkrokem.cz\/wp-content\/uploads\/2026\/03\/tabor-co-videt-3.jpg 1200w, https:\/\/loudavymkrokem.cz\/wp-content\/uploads\/2026\/03\/tabor-co-videt-3-300x200.jpg 300w, https:\/\/loudavymkrokem.cz\/wp-content\/uploads\/2026\/03\/tabor-co-videt-3-700x467.jpg 700w, https:\/\/loudavymkrokem.cz\/wp-content\/uploads\/2026\/03\/tabor-co-videt-3-768x512.jpg 768w, https:\/\/loudavymkrokem.cz\/wp-content\/uploads\/2026\/03\/tabor-co-videt-3-696x464.jpg 696w\" sizes=\"(max-width: 1200px) 100vw, 1200px\" \/><button\n\t\t\tclass=\"lightbox-trigger\"\n\t\t\ttype=\"button\"\n\t\t\taria-haspopup=\"dialog\"\n\t\t\tdata-wp-bind--aria-label=\"state.thisImage.triggerButtonAriaLabel\"\n\t\t\tdata-wp-init=\"callbacks.initTriggerButton\"\n\t\t\tdata-wp-on--click=\"actions.showLightbox\"\n\t\t\tdata-wp-style--right=\"state.thisImage.buttonRight\"\n\t\t\tdata-wp-style--top=\"state.thisImage.buttonTop\"\n\t\t>\n\t\t\t<svg xmlns=\"http:\/\/www.w3.org\/2000\/svg\" width=\"12\" height=\"12\" fill=\"none\" viewBox=\"0 0 12 12\">\n\t\t\t\t<path fill=\"#fff\" d=\"M2 0a2 2 0 0 0-2 2v2h1.5V2a.5.5 0 0 1 .5-.5h2V0H2Zm2 10.5H2a.5.5 0 0 1-.5-.5V8H0v2a2 2 0 0 0 2 2h2v-1.5ZM8 12v-1.5h2a.5.5 0 0 0 .5-.5V8H12v2a2 2 0 0 1-2 2H8Zm2-12a2 2 0 0 1 2 2v2h-1.5V2a.5.5 0 0 0-.5-.5H8V0h2Z\" \/>\n\t\t\t<\/svg>\n\t\t<\/button><figcaption class=\"wp-element-caption\">T\u00e1bor<\/figcaption><\/figure>\n\n\n\n<h3 class=\"wp-block-heading\"><span class=\"ez-toc-section\" id=\"Ceske_Budejovice\"><\/span>\u010cesk\u00e9 Bud\u011bjovice<span class=\"ez-toc-section-end\"><\/span><\/h3>\n\n\n\n<p class=\"wp-block-paragraph\"><strong><a href=\"https:\/\/loudavymkrokem.cz\/fi\/ceske-budejovice-tsekki\/\" target=\"_blank\" data-type=\"link\" data-id=\"https:\/\/loudavymkrokem.cz\/ceske-budejovice\/\" rel=\"noreferrer noopener\">\u010cesk\u00e9 Bud\u011bjovice<\/a><\/strong> on P\u00edsekist\u00e4 noin nelj\u00e4kymment\u00e4 minuuttia autolla. Valtava <strong>P\u0159emysl Otakar II -aukio<\/strong>, nousu <strong>Mustaan torniin<\/strong> (225 porrasta, mutta se n\u00e4kym\u00e4!) ja tietysti Budvar-panimo kierroksineen. Etel\u00e4-B\u00f6\u00f6min metropoli, jossa voi viett\u00e4\u00e4 koko p\u00e4iv\u00e4n etk\u00e4 silti n\u00e4e kaikkea.<\/p>\n\n\n\n<figure data-wp-context=\"{&quot;imageId&quot;:&quot;6a9519ad05523&quot;}\" data-wp-interactive=\"core\/image\" data-wp-key=\"6a9519ad05523\" class=\"wp-block-image size-full wp-lightbox-container\"><img decoding=\"async\" width=\"1500\" height=\"1000\" data-wp-class--hide=\"state.isContentHidden\" data-wp-class--show=\"state.isContentVisible\" data-wp-init=\"callbacks.setButtonStyles\" data-wp-on--click=\"actions.showLightbox\" data-wp-on--load=\"callbacks.setButtonStyles\" data-wp-on--pointerdown=\"actions.preloadImage\" data-wp-on--pointerenter=\"actions.preloadImageWithDelay\" data-wp-on--pointerleave=\"actions.cancelPreload\" data-wp-on-window--resize=\"callbacks.setButtonStyles\" src=\"https:\/\/loudavymkrokem.cz\/wp-content\/uploads\/2024\/03\/namesti-ceske-budejovice.jpg\" alt=\"Mit\u00e4 n\u00e4hd\u00e4 ja tehd\u00e4 \u010cesk\u00e9 Bud\u011bjovicessa\" class=\"wp-image-83546\" title=\"\" srcset=\"https:\/\/loudavymkrokem.cz\/wp-content\/uploads\/2024\/03\/namesti-ceske-budejovice.jpg 1500w, https:\/\/loudavymkrokem.cz\/wp-content\/uploads\/2024\/03\/namesti-ceske-budejovice-300x200.jpg 300w, https:\/\/loudavymkrokem.cz\/wp-content\/uploads\/2024\/03\/namesti-ceske-budejovice-700x467.jpg 700w, https:\/\/loudavymkrokem.cz\/wp-content\/uploads\/2024\/03\/namesti-ceske-budejovice-768x512.jpg 768w, https:\/\/loudavymkrokem.cz\/wp-content\/uploads\/2024\/03\/namesti-ceske-budejovice-696x464.jpg 696w, https:\/\/loudavymkrokem.cz\/wp-content\/uploads\/2024\/03\/namesti-ceske-budejovice-1392x928.jpg 1392w\" sizes=\"(max-width: 1500px) 100vw, 1500px\" \/><button\n\t\t\tclass=\"lightbox-trigger\"\n\t\t\ttype=\"button\"\n\t\t\taria-haspopup=\"dialog\"\n\t\t\tdata-wp-bind--aria-label=\"state.thisImage.triggerButtonAriaLabel\"\n\t\t\tdata-wp-init=\"callbacks.initTriggerButton\"\n\t\t\tdata-wp-on--click=\"actions.showLightbox\"\n\t\t\tdata-wp-style--right=\"state.thisImage.buttonRight\"\n\t\t\tdata-wp-style--top=\"state.thisImage.buttonTop\"\n\t\t>\n\t\t\t<svg xmlns=\"http:\/\/www.w3.org\/2000\/svg\" width=\"12\" height=\"12\" fill=\"none\" viewBox=\"0 0 12 12\">\n\t\t\t\t<path fill=\"#fff\" d=\"M2 0a2 2 0 0 0-2 2v2h1.5V2a.5.5 0 0 1 .5-.5h2V0H2Zm2 10.5H2a.5.5 0 0 1-.5-.5V8H0v2a2 2 0 0 0 2 2h2v-1.5ZM8 12v-1.5h2a.5.5 0 0 0 .5-.5V8H12v2a2 2 0 0 1-2 2H8Zm2-12a2 2 0 0 1 2 2v2h-1.5V2a.5.5 0 0 0-.5-.5H8V0h2Z\" \/>\n\t\t\t<\/svg>\n\t\t<\/button><figcaption class=\"wp-element-caption\">Mit\u00e4 n\u00e4hd\u00e4 ja tehd\u00e4 \u010cesk\u00e9 Bud\u011bjovicessa<\/figcaption><\/figure>\n\n\n\n<h3 class=\"wp-block-heading\"><span class=\"ez-toc-section\" id=\"Hluboka_nad_Vltavou\"><\/span>Hlubok\u00e1 nad Vltavou<span class=\"ez-toc-section-end\"><\/span><\/h3>\n\n\n\n<figure data-wp-context=\"{&quot;imageId&quot;:&quot;6a9519ad05abe&quot;}\" data-wp-interactive=\"core\/image\" data-wp-key=\"6a9519ad05abe\" class=\"wp-block-image size-full wp-lightbox-container\"><img decoding=\"async\" width=\"1600\" height=\"1244\" data-wp-class--hide=\"state.isContentHidden\" data-wp-class--show=\"state.isContentVisible\" data-wp-init=\"callbacks.setButtonStyles\" data-wp-on--click=\"actions.showLightbox\" data-wp-on--load=\"callbacks.setButtonStyles\" data-wp-on--pointerdown=\"actions.preloadImage\" data-wp-on--pointerenter=\"actions.preloadImageWithDelay\" data-wp-on--pointerleave=\"actions.cancelPreload\" data-wp-on-window--resize=\"callbacks.setButtonStyles\" src=\"https:\/\/loudavymkrokem.cz\/wp-content\/uploads\/2026\/08\/zamek-hluboka-nad-vltavou-zapad-slunce.jpg\" alt=\"Hlubok\u00e1 nad Vltavou -linna auringonlaskun aikaan\" class=\"wp-image-399405\" title=\"\" srcset=\"https:\/\/loudavymkrokem.cz\/wp-content\/uploads\/2026\/08\/zamek-hluboka-nad-vltavou-zapad-slunce.jpg 1600w, https:\/\/loudavymkrokem.cz\/wp-content\/uploads\/2026\/08\/zamek-hluboka-nad-vltavou-zapad-slunce-300x233.jpg 300w, https:\/\/loudavymkrokem.cz\/wp-content\/uploads\/2026\/08\/zamek-hluboka-nad-vltavou-zapad-slunce-700x544.jpg 700w, https:\/\/loudavymkrokem.cz\/wp-content\/uploads\/2026\/08\/zamek-hluboka-nad-vltavou-zapad-slunce-768x597.jpg 768w, https:\/\/loudavymkrokem.cz\/wp-content\/uploads\/2026\/08\/zamek-hluboka-nad-vltavou-zapad-slunce-1536x1194.jpg 1536w, https:\/\/loudavymkrokem.cz\/wp-content\/uploads\/2026\/08\/zamek-hluboka-nad-vltavou-zapad-slunce-696x541.jpg 696w, https:\/\/loudavymkrokem.cz\/wp-content\/uploads\/2026\/08\/zamek-hluboka-nad-vltavou-zapad-slunce-1392x1082.jpg 1392w\" sizes=\"(max-width: 1600px) 100vw, 1600px\" \/><button\n\t\t\tclass=\"lightbox-trigger\"\n\t\t\ttype=\"button\"\n\t\t\taria-haspopup=\"dialog\"\n\t\t\tdata-wp-bind--aria-label=\"state.thisImage.triggerButtonAriaLabel\"\n\t\t\tdata-wp-init=\"callbacks.initTriggerButton\"\n\t\t\tdata-wp-on--click=\"actions.showLightbox\"\n\t\t\tdata-wp-style--right=\"state.thisImage.buttonRight\"\n\t\t\tdata-wp-style--top=\"state.thisImage.buttonTop\"\n\t\t>\n\t\t\t<svg xmlns=\"http:\/\/www.w3.org\/2000\/svg\" width=\"12\" height=\"12\" fill=\"none\" viewBox=\"0 0 12 12\">\n\t\t\t\t<path fill=\"#fff\" d=\"M2 0a2 2 0 0 0-2 2v2h1.5V2a.5.5 0 0 1 .5-.5h2V0H2Zm2 10.5H2a.5.5 0 0 1-.5-.5V8H0v2a2 2 0 0 0 2 2h2v-1.5ZM8 12v-1.5h2a.5.5 0 0 0 .5-.5V8H12v2a2 2 0 0 1-2 2H8Zm2-12a2 2 0 0 1 2 2v2h-1.5V2a.5.5 0 0 0-.5-.5H8V0h2Z\" \/>\n\t\t\t<\/svg>\n\t\t<\/button><\/figure>\n\n\n\n<p class=\"wp-block-paragraph\">Tunnetuin satulinnamme on P\u00edsekist\u00e4 alle 40 minuuttia. Kes\u00e4n aikana 5\u201310-vuotiaille lapsille j\u00e4rjestet\u00e4\u00e4n t\u00e4\u00e4ll\u00e4 <strong>kierroksia ruhtinattaren kanssa<\/strong>, puvustettu ruhtinatar Eleonora opastaa p\u00e4ivitt\u00e4in klo 12:15, 13:30 ja 14:45, ryhm\u00e4 on kuitenkin vain kahdenkymmenen hengen, joten varaa netist\u00e4 etuk\u00e4teen. Ja heti linnan alla Munick\u00fd-lammen luona on <strong>ZOO Hlubok\u00e1<\/strong> (7 \u20ac aikuiset, 5,50 \u20ac lapset, alle 90 cm pikkuiset ilmaiseksi), juuri sopivan kokoinen, jotta pienetkin jalat sen taittavat.<\/p>\n\n\n\n<h3 class=\"wp-block-heading\"><span class=\"ez-toc-section\" id=\"Cesky_Krumlov\"><\/span>\u010cesk\u00fd Krumlov<span class=\"ez-toc-section-end\"><\/span><\/h3>\n\n\n\n<p class=\"wp-block-paragraph\">Tunnin ajomatka ja olet <a href=\"https:\/\/loudavymkrokem.cz\/fi\/cesky-krumlov-nahtavyydet\/\" target=\"_blank\" data-type=\"link\" data-id=\"https:\/\/loudavymkrokem.cz\/cesky-krumlov\/\" rel=\"noreferrer noopener\"><strong>UNESCO-kaupungissa<\/strong><\/a>, joka n\u00e4ytt\u00e4\u00e4 kuin keskiaikaisesta elokuvasta. Linna karhuineen vallihaudassa (oikeasti, el\u00e4vi\u00e4 karhuja), keskusta t\u00e4ynn\u00e4 kujia ja Egon Schielen galleria taiteen yst\u00e4ville. Varaudu turistiv\u00e4enpaljouteen, mutta silti se on sen arvoista. Parhaiten sesongin ulkopuolella.<\/p>\n\n\n\n<figure data-wp-context=\"{&quot;imageId&quot;:&quot;6a9519ad06328&quot;}\" data-wp-interactive=\"core\/image\" data-wp-key=\"6a9519ad06328\" class=\"wp-block-image size-full wp-lightbox-container\"><img decoding=\"async\" data-wp-class--hide=\"state.isContentHidden\" data-wp-class--show=\"state.isContentVisible\" data-wp-init=\"callbacks.setButtonStyles\" data-wp-on--click=\"actions.showLightbox\" data-wp-on--load=\"callbacks.setButtonStyles\" data-wp-on--pointerdown=\"actions.preloadImage\" data-wp-on--pointerenter=\"actions.preloadImageWithDelay\" data-wp-on--pointerleave=\"actions.cancelPreload\" data-wp-on-window--resize=\"callbacks.setButtonStyles\" src=\"https:\/\/loudavymkrokem.cz\/wp-content\/uploads\/2024\/01\/cesky-krumlov-2.jpg\" alt=\"\u010cesk\u00fd Krumlov\" class=\"wp-image-122246\" title=\"\"><button\n\t\t\tclass=\"lightbox-trigger\"\n\t\t\ttype=\"button\"\n\t\t\taria-haspopup=\"dialog\"\n\t\t\tdata-wp-bind--aria-label=\"state.thisImage.triggerButtonAriaLabel\"\n\t\t\tdata-wp-init=\"callbacks.initTriggerButton\"\n\t\t\tdata-wp-on--click=\"actions.showLightbox\"\n\t\t\tdata-wp-style--right=\"state.thisImage.buttonRight\"\n\t\t\tdata-wp-style--top=\"state.thisImage.buttonTop\"\n\t\t>\n\t\t\t<svg xmlns=\"http:\/\/www.w3.org\/2000\/svg\" width=\"12\" height=\"12\" fill=\"none\" viewBox=\"0 0 12 12\">\n\t\t\t\t<path fill=\"#fff\" d=\"M2 0a2 2 0 0 0-2 2v2h1.5V2a.5.5 0 0 1 .5-.5h2V0H2Zm2 10.5H2a.5.5 0 0 1-.5-.5V8H0v2a2 2 0 0 0 2 2h2v-1.5ZM8 12v-1.5h2a.5.5 0 0 0 .5-.5V8H12v2a2 2 0 0 1-2 2H8Zm2-12a2 2 0 0 1 2 2v2h-1.5V2a.5.5 0 0 0-.5-.5H8V0h2Z\" \/>\n\t\t\t<\/svg>\n\t\t<\/button><figcaption class=\"wp-element-caption\">\u010cesk\u00fd Krumlov<\/figcaption><\/figure>\n\n\n\n<h3 class=\"wp-block-heading\"><span class=\"ez-toc-section\" id=\"Sumava\"><\/span>\u0160umava<span class=\"ez-toc-section-end\"><\/span><\/h3>\n\n\n\n<p class=\"wp-block-paragraph\"><strong>Sinulle riitt\u00e4\u00e4 tunti ja olet<\/strong> <strong><a href=\"https:\/\/loudavymkrokem.cz\/fi\/sumava-lastenrattaat-tsekki\/\" target=\"_blank\" data-type=\"link\" data-id=\"https:\/\/loudavymkrokem.cz\/sumava-s-kocarkem\/\" rel=\"noreferrer noopener\">\u0160umavan kansallispuistossa<\/a><\/strong>. Boub\u00ednin aarniomets\u00e4, villi Vydra-joki, Modrava seikkailukertomusten yst\u00e4ville (tai ainakin sen tunteen), py\u00f6r\u00e4teit\u00e4 koko p\u00e4iv\u00e4ksi. \u0160umava on eri maailma \u2013 hitaampi, vihre\u00e4mpi, hiljaisempi. Ihanteellinen tauko kaikesta.<\/p>\n\n\n\n<figure data-wp-context=\"{&quot;imageId&quot;:&quot;6a9519ad06fd2&quot;}\" data-wp-interactive=\"core\/image\" data-wp-key=\"6a9519ad06fd2\" class=\"wp-block-image size-full wp-lightbox-container\"><img decoding=\"async\" width=\"1200\" height=\"800\" data-wp-class--hide=\"state.isContentHidden\" data-wp-class--show=\"state.isContentVisible\" data-wp-init=\"callbacks.setButtonStyles\" data-wp-on--click=\"actions.showLightbox\" data-wp-on--load=\"callbacks.setButtonStyles\" data-wp-on--pointerdown=\"actions.preloadImage\" data-wp-on--pointerenter=\"actions.preloadImageWithDelay\" data-wp-on--pointerleave=\"actions.cancelPreload\" data-wp-on-window--resize=\"callbacks.setButtonStyles\" src=\"https:\/\/loudavymkrokem.cz\/wp-content\/uploads\/2024\/05\/sumava-s-kocarkem-3.jpg\" alt=\"\u0160umava\" class=\"wp-image-84399\" title=\"\" srcset=\"https:\/\/loudavymkrokem.cz\/wp-content\/uploads\/2024\/05\/sumava-s-kocarkem-3.jpg 1200w, https:\/\/loudavymkrokem.cz\/wp-content\/uploads\/2024\/05\/sumava-s-kocarkem-3-300x200.jpg 300w, https:\/\/loudavymkrokem.cz\/wp-content\/uploads\/2024\/05\/sumava-s-kocarkem-3-700x467.jpg 700w, https:\/\/loudavymkrokem.cz\/wp-content\/uploads\/2024\/05\/sumava-s-kocarkem-3-768x512.jpg 768w, https:\/\/loudavymkrokem.cz\/wp-content\/uploads\/2024\/05\/sumava-s-kocarkem-3-696x464.jpg 696w\" sizes=\"(max-width: 1200px) 100vw, 1200px\" \/><button\n\t\t\tclass=\"lightbox-trigger\"\n\t\t\ttype=\"button\"\n\t\t\taria-haspopup=\"dialog\"\n\t\t\tdata-wp-bind--aria-label=\"state.thisImage.triggerButtonAriaLabel\"\n\t\t\tdata-wp-init=\"callbacks.initTriggerButton\"\n\t\t\tdata-wp-on--click=\"actions.showLightbox\"\n\t\t\tdata-wp-style--right=\"state.thisImage.buttonRight\"\n\t\t\tdata-wp-style--top=\"state.thisImage.buttonTop\"\n\t\t>\n\t\t\t<svg xmlns=\"http:\/\/www.w3.org\/2000\/svg\" width=\"12\" height=\"12\" fill=\"none\" viewBox=\"0 0 12 12\">\n\t\t\t\t<path fill=\"#fff\" d=\"M2 0a2 2 0 0 0-2 2v2h1.5V2a.5.5 0 0 1 .5-.5h2V0H2Zm2 10.5H2a.5.5 0 0 1-.5-.5V8H0v2a2 2 0 0 0 2 2h2v-1.5ZM8 12v-1.5h2a.5.5 0 0 0 .5-.5V8H12v2a2 2 0 0 1-2 2H8Zm2-12a2 2 0 0 1 2 2v2h-1.5V2a.5.5 0 0 0-.5-.5H8V0h2Z\" \/>\n\t\t\t<\/svg>\n\t\t<\/button><figcaption class=\"wp-element-caption\">\u0160umava<\/figcaption><\/figure>\n\n\n\n<h3 class=\"wp-block-heading\"><span class=\"ez-toc-section\" id=\"Praha\"><\/span>Praha<span class=\"ez-toc-section-end\"><\/span><\/h3>\n\n\n\n<p class=\"wp-block-paragraph\"><strong><a href=\"https:\/\/loudavymkrokem.cz\/fi\/nahtavyydet-praha-vinkit-ravintolat\/\" target=\"_blank\" data-type=\"link\" data-id=\"https:\/\/loudavymkrokem.cz\/co-videt-v-praze\/\" rel=\"noreferrer noopener\">Praha<\/a><\/strong> on P\u00edsekist\u00e4 noin tunti autolla D4:\u00e4\u00e4 pitkin, tai <strong>70 minuuttia RegioJet-bussilla<\/strong>. Mukavasti, ilman pys\u00e4k\u00f6intistressi\u00e4, hintaan 5\u20139 \u20ac. Praha on Praha, mutta on kiva tiet\u00e4\u00e4, ett\u00e4 P\u00edsekist\u00e4 se on oikeastaan l\u00e4hell\u00e4. Retkelle, konserttiin, museoon ja illalla takaisin kotiin Otavan varrelle.<\/p>\n\n\n\n<figure data-wp-context=\"{&quot;imageId&quot;:&quot;6a9519ad076e8&quot;}\" data-wp-interactive=\"core\/image\" data-wp-key=\"6a9519ad076e8\" class=\"wp-block-image size-full wp-lightbox-container\"><img decoding=\"async\" width=\"1200\" height=\"800\" data-wp-class--hide=\"state.isContentHidden\" data-wp-class--show=\"state.isContentVisible\" data-wp-init=\"callbacks.setButtonStyles\" data-wp-on--click=\"actions.showLightbox\" data-wp-on--load=\"callbacks.setButtonStyles\" data-wp-on--pointerdown=\"actions.preloadImage\" data-wp-on--pointerenter=\"actions.preloadImageWithDelay\" data-wp-on--pointerleave=\"actions.cancelPreload\" data-wp-on-window--resize=\"callbacks.setButtonStyles\" src=\"https:\/\/loudavymkrokem.cz\/wp-content\/uploads\/2025\/03\/recenze-domus-balthasar-praha-s-batoletem-3.jpg\" alt=\"Kaarlensillalle on minuutin matka\" class=\"wp-image-94712\" title=\"\" srcset=\"https:\/\/loudavymkrokem.cz\/wp-content\/uploads\/2025\/03\/recenze-domus-balthasar-praha-s-batoletem-3.jpg 1200w, https:\/\/loudavymkrokem.cz\/wp-content\/uploads\/2025\/03\/recenze-domus-balthasar-praha-s-batoletem-3-300x200.jpg 300w, https:\/\/loudavymkrokem.cz\/wp-content\/uploads\/2025\/03\/recenze-domus-balthasar-praha-s-batoletem-3-700x467.jpg 700w, https:\/\/loudavymkrokem.cz\/wp-content\/uploads\/2025\/03\/recenze-domus-balthasar-praha-s-batoletem-3-768x512.jpg 768w, https:\/\/loudavymkrokem.cz\/wp-content\/uploads\/2025\/03\/recenze-domus-balthasar-praha-s-batoletem-3-696x464.jpg 696w\" sizes=\"(max-width: 1200px) 100vw, 1200px\" \/><button\n\t\t\tclass=\"lightbox-trigger\"\n\t\t\ttype=\"button\"\n\t\t\taria-haspopup=\"dialog\"\n\t\t\tdata-wp-bind--aria-label=\"state.thisImage.triggerButtonAriaLabel\"\n\t\t\tdata-wp-init=\"callbacks.initTriggerButton\"\n\t\t\tdata-wp-on--click=\"actions.showLightbox\"\n\t\t\tdata-wp-style--right=\"state.thisImage.buttonRight\"\n\t\t\tdata-wp-style--top=\"state.thisImage.buttonTop\"\n\t\t>\n\t\t\t<svg xmlns=\"http:\/\/www.w3.org\/2000\/svg\" width=\"12\" height=\"12\" fill=\"none\" viewBox=\"0 0 12 12\">\n\t\t\t\t<path fill=\"#fff\" d=\"M2 0a2 2 0 0 0-2 2v2h1.5V2a.5.5 0 0 1 .5-.5h2V0H2Zm2 10.5H2a.5.5 0 0 1-.5-.5V8H0v2a2 2 0 0 0 2 2h2v-1.5ZM8 12v-1.5h2a.5.5 0 0 0 .5-.5V8H12v2a2 2 0 0 1-2 2H8Zm2-12a2 2 0 0 1 2 2v2h-1.5V2a.5.5 0 0 0-.5-.5H8V0h2Z\" \/>\n\t\t\t<\/svg>\n\t\t<\/button><figcaption class=\"wp-element-caption\">Praha<\/figcaption><\/figure>\n\n\n\n<h2 class=\"wp-block-heading\"><span class=\"ez-toc-section\" id=\"Mita_nahda_Pisekissa_Loppusanat\"><\/span>Mit\u00e4 n\u00e4hd\u00e4 P\u00edsekiss\u00e4: Loppusanat<span class=\"ez-toc-section-end\"><\/span><\/h2>\n\n\n\n<figure data-wp-context=\"{&quot;imageId&quot;:&quot;6a9519ad07ca5&quot;}\" data-wp-interactive=\"core\/image\" data-wp-key=\"6a9519ad07ca5\" class=\"wp-block-image size-full wp-lightbox-container\"><img decoding=\"async\" width=\"2200\" height=\"1467\" data-wp-class--hide=\"state.isContentHidden\" data-wp-class--show=\"state.isContentVisible\" data-wp-init=\"callbacks.setButtonStyles\" data-wp-on--click=\"actions.showLightbox\" data-wp-on--load=\"callbacks.setButtonStyles\" data-wp-on--pointerdown=\"actions.preloadImage\" data-wp-on--pointerenter=\"actions.preloadImageWithDelay\" data-wp-on--pointerleave=\"actions.cancelPreload\" data-wp-on-window--resize=\"callbacks.setButtonStyles\" src=\"https:\/\/loudavymkrokem.cz\/wp-content\/uploads\/2026\/08\/pisek-otava-naplavka-most.jpg\" alt=\"Otavan jokiranta Kivisillan luona P\u00edsekiss\u00e4\" class=\"wp-image-399329\" title=\"\" srcset=\"https:\/\/loudavymkrokem.cz\/wp-content\/uploads\/2026\/08\/pisek-otava-naplavka-most.jpg 2200w, https:\/\/loudavymkrokem.cz\/wp-content\/uploads\/2026\/08\/pisek-otava-naplavka-most-300x200.jpg 300w, https:\/\/loudavymkrokem.cz\/wp-content\/uploads\/2026\/08\/pisek-otava-naplavka-most-700x467.jpg 700w, https:\/\/loudavymkrokem.cz\/wp-content\/uploads\/2026\/08\/pisek-otava-naplavka-most-768x512.jpg 768w, https:\/\/loudavymkrokem.cz\/wp-content\/uploads\/2026\/08\/pisek-otava-naplavka-most-1536x1024.jpg 1536w, https:\/\/loudavymkrokem.cz\/wp-content\/uploads\/2026\/08\/pisek-otava-naplavka-most-2048x1366.jpg 2048w, https:\/\/loudavymkrokem.cz\/wp-content\/uploads\/2026\/08\/pisek-otava-naplavka-most-696x464.jpg 696w, https:\/\/loudavymkrokem.cz\/wp-content\/uploads\/2026\/08\/pisek-otava-naplavka-most-1392x928.jpg 1392w, https:\/\/loudavymkrokem.cz\/wp-content\/uploads\/2026\/08\/pisek-otava-naplavka-most-1920x1280.jpg 1920w\" sizes=\"(max-width: 2200px) 100vw, 2200px\" \/><button\n\t\t\tclass=\"lightbox-trigger\"\n\t\t\ttype=\"button\"\n\t\t\taria-haspopup=\"dialog\"\n\t\t\tdata-wp-bind--aria-label=\"state.thisImage.triggerButtonAriaLabel\"\n\t\t\tdata-wp-init=\"callbacks.initTriggerButton\"\n\t\t\tdata-wp-on--click=\"actions.showLightbox\"\n\t\t\tdata-wp-style--right=\"state.thisImage.buttonRight\"\n\t\t\tdata-wp-style--top=\"state.thisImage.buttonTop\"\n\t\t>\n\t\t\t<svg xmlns=\"http:\/\/www.w3.org\/2000\/svg\" width=\"12\" height=\"12\" fill=\"none\" viewBox=\"0 0 12 12\">\n\t\t\t\t<path fill=\"#fff\" d=\"M2 0a2 2 0 0 0-2 2v2h1.5V2a.5.5 0 0 1 .5-.5h2V0H2Zm2 10.5H2a.5.5 0 0 1-.5-.5V8H0v2a2 2 0 0 0 2 2h2v-1.5ZM8 12v-1.5h2a.5.5 0 0 0 .5-.5V8H12v2a2 2 0 0 1-2 2H8Zm2-12a2 2 0 0 1 2 2v2h-1.5V2a.5.5 0 0 0-.5-.5H8V0h2Z\" \/>\n\t\t\t<\/svg>\n\t\t<\/button><\/figure>\n\n\n\n<p class=\"wp-block-paragraph\">No niin. T\u00e4ss\u00e4 on P\u00edsek sellaisena kuin sen tunnen ja rakastan. Kaupunki, joka ei odota turistijoukkoja, vaan el\u00e4\u00e4 hiljaa kaunista el\u00e4m\u00e4\u00e4ns\u00e4 joen varrella. Vanhimman siltansa kanssa, gallerian kanssa, jossa lapset leikkiv\u00e4t, kahviloiden kanssa, joissa ei polteta kahviasi, ja tarinoiden kanssa, joita t\u00e4\u00e4ll\u00e4 on kirjoitettu vuosisatojen ajan.<\/p>\n\n\n\n<p class=\"wp-block-paragraph\">Synnyin t\u00e4\u00e4ll\u00e4, palasin t\u00e4nne ja olen siit\u00e4 kiitollinen. Mutta P\u00edsek ei ole mustasukkainen \u2013 se jakaa mielell\u00e4\u00e4n. Tulehan siis, k\u00e4vele sillan yli, ota kahvi aukiolla, k\u00e4y Sladovnassa, katso Otavaa Dagmar \u0160imkov\u00e1 -sillalta ja anna itsesi yll\u00e4tty\u00e4 siit\u00e4, kuinka paljon kauneutta mahtuu yhteen etel\u00e4b\u00f6\u00f6mil\u00e4iseen kaupunkiin.<\/p>\n\n\n\n<h2 class=\"wp-block-heading\"><span class=\"ez-toc-section\" id=\"Minne_seuraavaksi\"><\/span>Minne seuraavaksi<span class=\"ez-toc-section-end\"><\/span><\/h2>\n\n\n\n<p class=\"wp-block-paragraph\">Ajankohtaiset tapahtumat, festivaalit ja katsauksen paikoista P\u00edsekiss\u00e4 l\u00f6yd\u00e4t sivulta <a href=\"https:\/\/pisek.info\" target=\"_blank\" rel=\"noopener\">pisek.info<\/a> (osiot <a href=\"https:\/\/pisek.info\/akce\" target=\"_blank\" rel=\"noopener\">Tapahtumat<\/a> ja <a href=\"https:\/\/pisek.info\/mista\" target=\"_blank\" rel=\"noopener\">Paikat<\/a>). Matkustatko lasten kanssa? Lue silloin erillinen oppaani <a href=\"https:\/\/loudavymkrokem.cz\/fi\/pisek-lasten-kanssa\/\">P\u00edsek lasten kanssa: 40 vinkki\u00e4 paikalliselta \u00e4idilt\u00e4<\/a>, josta l\u00f6yd\u00e4t kaikki leikkihuoneet, leikkipaikat ja perheretket hintoineen. Jos suunnittelet viett\u00e4v\u00e4si Etel\u00e4-B\u00f6\u00f6miss\u00e4 useamman p\u00e4iv\u00e4n, vilkaise laaja katsaus <a href=\"https:\/\/loudavymkrokem.cz\/fi\/etela-tsekki-kauneimmat-paikat\/\">Minne lomalle Etel\u00e4-B\u00f6\u00f6miin: 15 kauneinta paikkaa (my\u00f6s lasten kanssa)<\/a>, jossa P\u00edseki\u00e4 t\u00e4ydent\u00e4\u00e4 nelj\u00e4toista muuta kaunista kolkkaa. V\u00e4h\u00e4n matkan p\u00e4\u00e4ss\u00e4 P\u00edsekist\u00e4 on husiittinen <a href=\"https:\/\/loudavymkrokem.cz\/fi\/tabor-tsekki-nahtavyydet\/\">T\u00e1bor, josta meill\u00e4 on yksityiskohtainen opas<\/a>, ja nelj\u00e4ss\u00e4kymmeness\u00e4 minuutissa olet <a href=\"https:\/\/loudavymkrokem.cz\/fi\/ceske-budejovice-tsekki\/\">\u010cesk\u00e9 Bud\u011bjovicessa<\/a>. Ja jos koko T\u0161ekki houkuttaa sinua, k\u00e4y l\u00e4pi <a href=\"https:\/\/loudavymkrokem.cz\/fi\/loma-tsekissa-vinkit\/\">20 vinkki\u00e4, minne lomalle T\u0161ekkiin<\/a>.<\/p>\n\n\n\n<p class=\"wp-block-paragraph\">Haluatko l\u00e4hte\u00e4 P\u00edsekist\u00e4 ymp\u00e4rist\u00f6\u00f6n? Kirjoitin erillisen oppaan <a href=\"https:\/\/loudavymkrokem.cz\/vylety-v-okoli-pisku\/\">Retket P\u00edsekin ymp\u00e4rist\u00f6ss\u00e4: 30 vinkki\u00e4 paikalliselta<\/a> \u2014 Zv\u00edkovin ja Orl\u00edkin linnat, risteily patoaltaalla, Blatn\u00e1 ja Hlubok\u00e1, kaikki tarkkoine et\u00e4isyyksineen ja ajomatka-aikoineen P\u00edsekist\u00e4.<\/p>\n\n\n\n<h2 class=\"wp-block-heading\"><span class=\"ez-toc-section\" id=\"Usein_kysytyt_kysymykset\"><\/span>Usein kysytyt kysymykset<span class=\"ez-toc-section-end\"><\/span><\/h2>\n\n\n<div id=\"rank-math-faq\" class=\"rank-math-block\">\n<div class=\"rank-math-list \">\n<div id=\"faq-question-1774379600001\" class=\"rank-math-list-item\">\n<h3 class=\"rank-math-question \"><span class=\"ez-toc-section\" id=\"Onko_Pisekin_Kivisilta_todella_vanhempi_kuin_Kaarlen_silta\"><\/span>Onko P\u00edsek\u00edn Kivisilta todella vanhempi kuin Kaarlen silta?<span class=\"ez-toc-section-end\"><\/span><\/h3>\n<div class=\"rank-math-answer \">\n\n<p>Kyll\u00e4, eik\u00e4 kyse ole pelk\u00e4st\u00e4\u00e4n legendasta. P\u00edsek\u00edn Kivisilta on per\u00e4isin 1200-luvun j\u00e4lkipuoliskolta, kun taas Kaarlen silta Prahassa perustettiin vasta vuonna 1357. P\u00edsek\u00edn silta on kymmeni\u00e4 vuosia vanhempi \u2014 se on T\u0161ekin vanhin s\u00e4ilynyt kivisilta.<\/p>\n\n<\/div>\n<\/div>\n<div id=\"faq-question-1774379600002\" class=\"rank-math-list-item\">\n<h3 class=\"rank-math-question \"><span class=\"ez-toc-section\" id=\"Kiinnostaako_Sladovna_myos_vanhempia_lapsia\"><\/span>Kiinnostaako Sladovna my\u00f6s vanhempia lapsia?<span class=\"ez-toc-section-end\"><\/span><\/h3>\n<div class=\"rank-math-answer \">\n\n<p>Ehdottomasti. Muurahaispes\u00e4 ja vaihtuvat interaktiiviset n\u00e4yttelyt on suunniteltu kiinnostamaan my\u00f6s koululaisia ja teini-ik\u00e4isi\u00e4. T\u00e4m\u00e4 ei ole pelkk\u00e4 kiipeilyteline taaperoille \u2014 vanhemmat lapset ratkaisevat t\u00e4\u00e4ll\u00e4 loogisia teht\u00e4vi\u00e4, kokeilevat ja l\u00f6yt\u00e4v\u00e4t uutta. Rehellisesti sanottuna, aikuisetkin pit\u00e4v\u00e4t siit\u00e4.<\/p>\n\n<\/div>\n<\/div>\n<div id=\"faq-question-1774379600003\" class=\"rank-math-list-item\">\n<h3 class=\"rank-math-question \"><span class=\"ez-toc-section\" id=\"Missa_tarkalleen_hiekkaveistokset_sijaitsevat\"><\/span>Miss\u00e4 tarkalleen hiekkaveistokset sijaitsevat?<span class=\"ez-toc-section-end\"><\/span><\/h3>\n<div class=\"rank-math-answer \">\n\n<p>Rantat\u00f6rm\u00e4ll\u00e4 Kivisillan l\u00e4hell\u00e4, aivan Otava-joen varressa. Veistokset ovat yleens\u00e4 esill\u00e4 kev\u00e4\u00e4st\u00e4 kes\u00e4\u00e4n ja katselu on ilmaista. Riitt\u00e4\u00e4 kun tulet ihailemaan \u2014 ei p\u00e4\u00e4symaksua, ei varausta.<\/p>\n\n<\/div>\n<\/div>\n<div id=\"faq-question-1774379600004\" class=\"rank-math-list-item\">\n<h3 class=\"rank-math-question \"><span class=\"ez-toc-section\" id=\"Miten_paasen_Jarnik-nakotornille\"><\/span>Miten p\u00e4\u00e4sen Jarn\u00edk-n\u00e4k\u00f6tornille?<span class=\"ez-toc-section-end\"><\/span><\/h3>\n<div class=\"rank-math-answer \">\n\n<p>P\u00edsek\u00edn keskustasta matkaa on noin 4 km, helpoin reitti kulkee mets\u00e4n kautta U Vod\u00e1ka -pys\u00e4k\u00f6intialueelta (autolla ei p\u00e4\u00e4se ihan tornille asti). Polku nousee loivasti m\u00e4ke\u00e4 ja lapsetkin p\u00e4rj\u00e4\u00e4v\u00e4t, yl\u00f6s johtaa sitten 182 porrasta ja sis\u00e4\u00e4np\u00e4\u00e4sy on ilmainen. Paikalla sinut palkitsee panoraaman\u00e4k\u00f6ala kaupunkiin ja ymp\u00e4r\u00f6iv\u00e4\u00e4n maisemaan.<\/p>\n\n<\/div>\n<\/div>\n<div id=\"faq-question-1774379600005\" class=\"rank-math-list-item\">\n<h3 class=\"rank-math-question \"><span class=\"ez-toc-section\" id=\"Mika_on_paras_aika_vierailla_Zemsky_hrebcincissa\"><\/span>Mik\u00e4 on paras aika vierailla Zemsk\u00fd h\u0159eb\u010d\u00edncissa?<span class=\"ez-toc-section-end\"><\/span><\/h3>\n<div class=\"rank-math-answer \">\n\n<p>Ihanteellinen aika on kes\u00e4ll\u00e4, kes\u00e4kuusta lokakuuhun, jolloin j\u00e4rjestet\u00e4\u00e4n s\u00e4\u00e4nn\u00f6llisi\u00e4 opastettuja kierroksia \u2014 keskiviikkoisin, perjantaisin ja sunnuntaisin kello 14:00. Sesongin ulkopuolella alue on rajoitetusti avoinna, joten kes\u00e4 on varma valinta.<\/p>\n\n<\/div>\n<\/div>\n<div id=\"faq-question-1774379600006\" class=\"rank-math-list-item\">\n<h3 class=\"rank-math-question \"><span class=\"ez-toc-section\" id=\"Paljonko_Prachenske-museon_paasylippu_maksaa\"><\/span>Paljonko Pr\u00e1che\u0148sk\u00e9-museon p\u00e4\u00e4sylippu maksaa?<span class=\"ez-toc-section-end\"><\/span><\/h3>\n<div class=\"rank-math-answer \">\n\n<p>Aikuiset maksavat 2,50 \u20ac, lapset 1,20 \u20ac ja perhep\u00e4\u00e4sylippu maksaa 6 \u20ac. Siihen n\u00e4hden mit\u00e4 sis\u00e4ll\u00e4 n\u00e4et \u2014 goottilaislinnasta koko alueen kokoelmiin \u2014 t\u00e4m\u00e4 on varmaan yksi P\u00edsek\u00edn parhaista hinta-el\u00e4myssuhteista.<\/p>\n\n<\/div>\n<\/div>\n<div id=\"faq-question-1774379600007\" class=\"rank-math-list-item\">\n<h3 class=\"rank-math-question \"><span class=\"ez-toc-section\" id=\"Miten_paasen_parhaiten_Pisekiin_Helsingista\"><\/span>Miten p\u00e4\u00e4sen parhaiten P\u00edsekiin Helsingist\u00e4?<span class=\"ez-toc-section-end\"><\/span><\/h3>\n<div class=\"rank-math-answer \">\n\n<p>Mukavin vaihtoehto on lent\u00e4\u00e4 ensin Prahaan (Finnair tai Norwegian Helsingist\u00e4) ja sitten jatkaa autobus RegioJetill\u00e4 \u2014 l\u00e4htee pys\u00e4kilt\u00e4 Na Kn\u00ed\u017eec\u00ed ja matka kest\u00e4\u00e4 noin 70 minuuttia. Lippu maksaa 5\u20139 \u20ac tarifista riippuen. Autolla moottoritiet\u00e4 D4 pitkin p\u00e4\u00e4set perille noin tunnissa. Molemmat vaihtoehdot ovat vaivattomia.<\/p>\n\n<\/div>\n<\/div>\n<div id=\"faq-question-1774379600008\" class=\"rank-math-list-item\">\n<h3 class=\"rank-math-question \"><span class=\"ez-toc-section\" id=\"Minne_Pisekissa_lasten_kanssa\"><\/span>Minne P\u00edsekiss\u00e4 lasten kanssa?<span class=\"ez-toc-section-end\"><\/span><\/h3>\n<div class=\"rank-math-answer \">\n\n<p>Ykk\u00f6sen\u00e4 on Sladovna (leikillinen galleria, 6 \u20ac (150 K\u010d), alle 3-vuotiaat lapset ilmaiseksi), kes\u00e4ll\u00e4 hiekkaveistokset rantabulevardilla ja uimaranta V\u00e1clavin luona, sateella My\u0161ka-leikkihuone. Alle 20 minuutin retkist\u00e4 suosittelen Farmapark Maleticea, Na\u0161e zv\u00ed\u0159\u00e1tka -kohdetta Putimissa (ilmaiseksi) ja Kr\u00e1lovstv\u00ed \u010dasu -kohdetta Protiv\u00ednissa. T\u00e4ydellinen perheopas l\u00f6ytyy artikkelista P\u00edsek lasten kanssa.<\/p>\n\n<\/div>\n<\/div>\n<\/div>\n<\/div>","protected":false},"excerpt":{"rendered":"<p>Mit\u00e4 n\u00e4hd\u00e4 P\u00edsekiss\u00e4? 39 vinkki\u00e4 paikalliselta, joka palasi vuosien Praha-jakson j\u00e4lkeen perheineen: T\u0161ekin vanhin kivisilta, hiekkaveistokset, Sladovna, kahvilat ja vinkkej\u00e4 lasten kanssa.<\/p>\n","protected":false},"author":3,"featured_media":399318,"comment_status":"open","ping_status":"open","sticky":false,"template":"","format":"standard","meta":{"_acf_changed":false,"footnotes":"","rank_math_title":"Mit\u00e4 n\u00e4hd\u00e4 P\u00edsekiss\u00e4: 39 vinkki\u00e4 paikalliselta","rank_math_description":"Mit\u00e4 n\u00e4hd\u00e4 P\u00edsekiss\u00e4? 39 vinkki\u00e4 paikalliselta: T\u0161ekin vanhin kivisilta, hiekkaveistokset, kahvilat ja lasten kohteet. Suunnittele retkesi jo t\u00e4n\u00e4\u00e4n!","rank_math_focus_keyword":"mit\u00e4 n\u00e4hd\u00e4 P\u00edsekiss\u00e4","rank_math_seo_score":""},"categories":[2129,2123,2208],"tags":[],"class_list":["post-408573","post","type-post","status-publish","format-standard","has-post-thumbnail","category-eurooppa","category-matkailu","category-tsekin-tasavalta"],"acf":[],"featured_image_src":"https:\/\/loudavymkrokem.cz\/wp-content\/uploads\/2026\/08\/pisek-velke-namesti-radnice.jpg","author_info":{"display_name":"Lucie Kone\u010dn\u00e1","author_link":"https:\/\/loudavymkrokem.cz\/fi\/author\/lucie-konecna\/"},"_links":{"self":[{"href":"https:\/\/loudavymkrokem.cz\/fi\/wp-json\/wp\/v2\/posts\/408573","targetHints":{"allow":["GET"]}}],"collection":[{"href":"https:\/\/loudavymkrokem.cz\/fi\/wp-json\/wp\/v2\/posts"}],"about":[{"href":"https:\/\/loudavymkrokem.cz\/fi\/wp-json\/wp\/v2\/types\/post"}],"author":[{"embeddable":true,"href":"https:\/\/loudavymkrokem.cz\/fi\/wp-json\/wp\/v2\/users\/3"}],"replies":[{"embeddable":true,"href":"https:\/\/loudavymkrokem.cz\/fi\/wp-json\/wp\/v2\/comments?post=408573"}],"version-history":[{"count":0,"href":"https:\/\/loudavymkrokem.cz\/fi\/wp-json\/wp\/v2\/posts\/408573\/revisions"}],"wp:featuredmedia":[{"embeddable":true,"href":"https:\/\/loudavymkrokem.cz\/fi\/wp-json\/wp\/v2\/media\/399318"}],"wp:attachment":[{"href":"https:\/\/loudavymkrokem.cz\/fi\/wp-json\/wp\/v2\/media?parent=408573"}],"wp:term":[{"taxonomy":"category","embeddable":true,"href":"https:\/\/loudavymkrokem.cz\/fi\/wp-json\/wp\/v2\/categories?post=408573"},{"taxonomy":"post_tag","embeddable":true,"href":"https:\/\/loudavymkrokem.cz\/fi\/wp-json\/wp\/v2\/tags?post=408573"}],"curies":[{"name":"wp","href":"https:\/\/api.w.org\/{rel}","templated":true}]}}