{"id":408567,"date":"2026-08-26T17:25:52","date_gmt":"2026-08-26T15:25:52","guid":{"rendered":"https:\/\/loudavymkrokem.cz\/pisek-lasten-kanssa\/"},"modified":"2026-08-31T04:00:48","modified_gmt":"2026-08-31T02:00:48","slug":"pisek-lasten-kanssa","status":"publish","type":"post","link":"https:\/\/loudavymkrokem.cz\/fi\/pisek-lasten-kanssa\/","title":{"rendered":"P\u00edsek lasten kanssa: 44 paikallisen \u00e4idin vinkki\u00e4 leikkipaikkoihin ja retkiin 2026"},"content":{"rendered":"\n<p class=\"wp-block-paragraph\">Suunnitteletko matkaa P\u00edsekiin lasten kanssa? P\u00edsek lasten kanssa on minulle syd\u00e4men asia, sill\u00e4 synnyin t\u00e4ss\u00e4 kauniissa Etel\u00e4-T\u0161ekin kaupungissa ja vietin t\u00e4\u00e4ll\u00e4 lapsuuteni. Vaikka asuin sitten pitk\u00e4\u00e4n Prahassa, p\u00e4\u00e4timme mieheni Luk\u00e1\u0161in kanssa jokin aika sitten <strong>palata takaisin etel\u00e4\u00e4n<\/strong>, joten nyt asumme t\u00e4\u00e4ll\u00e4 my\u00f6s kaksivuotiaan poikamme Jon\u00e1\u0161ekin kanssa. Paikallisena \u00e4itin\u00e4 voin siis puhtaalla omallatunnolla sanoa, ett\u00e4 <strong>P\u00edsek on lapsiperheille aivan t\u00e4ydellinen kohde<\/strong>, jossa kaikki on mukavasti k\u00e4den ulottuvilla.<\/p>\n\n\n\n<p class=\"wp-block-paragraph\">Koska liikun kaupungissa p\u00e4ivitt\u00e4in lastenvaunujen ja energisen taaperon kanssa, tied\u00e4n hyvin, miten vaikeaa on joskus keksi\u00e4 ohjelmaa, joka viihdytt\u00e4isi koko perhett\u00e4. Siksi p\u00e4\u00e4tin koota t\u00e4m\u00e4n kattavan oppaan, josta l\u00f6yd\u00e4t <strong>parhaat sis\u00e4leikkipaikat, ulkoleikkikent\u00e4t ja retkivinkit<\/strong>, jotta perhelomanne sujuisi mahdollisimman rauhallisesti. P\u00edsek ei nimitt\u00e4in ole pelkk\u00e4\u00e4 vanhinta Kivisiltaa, vaan se tarjoaa upeat puitteet kaikenik\u00e4isille lapsille.<\/p>\n\n\n\n<p class=\"wp-block-paragraph\">Kokosin sinulle 40 vinkki\u00e4, joita me paikalliset \u00e4idit l\u00e4hettelemme jatkuvasti erilaisissa ryhmiss\u00e4 ja v\u00e4lit\u00e4mme yst\u00e4villemme, jotka ovat vasta tulossa. Lis\u00e4sin niihin my\u00f6s k\u00e4yt\u00e4nn\u00f6n tietoa hinnoista ja aukioloajoista vuodelle 2026. Tulitpa sitten pidennetylle viikonlopulle tai koko kes\u00e4lomaksi, <strong>uskon, ett\u00e4 saat t\u00e4st\u00e4 listasta helposti kasattua matkaohjelman<\/strong>, jota muistelet viel\u00e4 pitk\u00e4\u00e4n.<\/p>\n\n\n\n<figure data-wp-context=\"{&quot;imageId&quot;:&quot;6a951b9a1f17f&quot;}\" data-wp-interactive=\"core\/image\" data-wp-key=\"6a951b9a1f17f\" class=\"wp-block-image size-full wp-lightbox-container\"><img decoding=\"async\" width=\"2200\" height=\"1467\" data-wp-class--hide=\"state.isContentHidden\" data-wp-class--show=\"state.isContentVisible\" data-wp-init=\"callbacks.setButtonStyles\" data-wp-on--click=\"actions.showLightbox\" data-wp-on--load=\"callbacks.setButtonStyles\" data-wp-on--pointerdown=\"actions.preloadImage\" data-wp-on--pointerenter=\"actions.preloadImageWithDelay\" data-wp-on--pointerleave=\"actions.cancelPreload\" data-wp-on-window--resize=\"callbacks.setButtonStyles\" src=\"https:\/\/loudavymkrokem.cz\/wp-content\/uploads\/2026\/08\/pisek-kamenny-most-den.jpg\" alt=\"Kivisilta P\u00edsekiss\u00e4 kes\u00e4p\u00e4iv\u00e4n\u00e4\" class=\"wp-image-399336\" title=\"\" srcset=\"https:\/\/loudavymkrokem.cz\/wp-content\/uploads\/2026\/08\/pisek-kamenny-most-den.jpg 2200w, https:\/\/loudavymkrokem.cz\/wp-content\/uploads\/2026\/08\/pisek-kamenny-most-den-300x200.jpg 300w, https:\/\/loudavymkrokem.cz\/wp-content\/uploads\/2026\/08\/pisek-kamenny-most-den-700x467.jpg 700w, https:\/\/loudavymkrokem.cz\/wp-content\/uploads\/2026\/08\/pisek-kamenny-most-den-768x512.jpg 768w, https:\/\/loudavymkrokem.cz\/wp-content\/uploads\/2026\/08\/pisek-kamenny-most-den-1536x1024.jpg 1536w, https:\/\/loudavymkrokem.cz\/wp-content\/uploads\/2026\/08\/pisek-kamenny-most-den-2048x1366.jpg 2048w, https:\/\/loudavymkrokem.cz\/wp-content\/uploads\/2026\/08\/pisek-kamenny-most-den-696x464.jpg 696w, https:\/\/loudavymkrokem.cz\/wp-content\/uploads\/2026\/08\/pisek-kamenny-most-den-1392x928.jpg 1392w, https:\/\/loudavymkrokem.cz\/wp-content\/uploads\/2026\/08\/pisek-kamenny-most-den-1920x1280.jpg 1920w\" sizes=\"(max-width: 2200px) 100vw, 2200px\" \/><button\n\t\t\tclass=\"lightbox-trigger\"\n\t\t\ttype=\"button\"\n\t\t\taria-haspopup=\"dialog\"\n\t\t\tdata-wp-bind--aria-label=\"state.thisImage.triggerButtonAriaLabel\"\n\t\t\tdata-wp-init=\"callbacks.initTriggerButton\"\n\t\t\tdata-wp-on--click=\"actions.showLightbox\"\n\t\t\tdata-wp-style--right=\"state.thisImage.buttonRight\"\n\t\t\tdata-wp-style--top=\"state.thisImage.buttonTop\"\n\t\t>\n\t\t\t<svg xmlns=\"http:\/\/www.w3.org\/2000\/svg\" width=\"12\" height=\"12\" fill=\"none\" viewBox=\"0 0 12 12\">\n\t\t\t\t<path fill=\"#fff\" d=\"M2 0a2 2 0 0 0-2 2v2h1.5V2a.5.5 0 0 1 .5-.5h2V0H2Zm2 10.5H2a.5.5 0 0 1-.5-.5V8H0v2a2 2 0 0 0 2 2h2v-1.5ZM8 12v-1.5h2a.5.5 0 0 0 .5-.5V8H12v2a2 2 0 0 1-2 2H8Zm2-12a2 2 0 0 1 2 2v2h-1.5V2a.5.5 0 0 0-.5-.5H8V0h2Z\" \/>\n\t\t\t<\/svg>\n\t\t<\/button><\/figure>\n\n\n\n<div id=\"ez-toc-container\" class=\"ez-toc-v2_0_86 ez-toc-wrap-left counter-hierarchy ez-toc-counter ez-toc-grey ez-toc-container-direction\">\n<div class=\"ez-toc-title-container\">\n<p class=\"ez-toc-title\" style=\"cursor:inherit\">Artikkelin sis\u00e4lt\u00f6<\/p>\n<span class=\"ez-toc-title-toggle\"><a href=\"#\" class=\"ez-toc-pull-right ez-toc-btn ez-toc-btn-xs ez-toc-btn-default ez-toc-toggle\" aria-label=\"Toggle Table of Content\"><span class=\"ez-toc-js-icon-con\"><span class=\"\"><span class=\"eztoc-hide\" style=\"display:none;\">Toggle<\/span><span class=\"ez-toc-icon-toggle-span\"><svg style=\"fill: #999;color:#999\" xmlns=\"http:\/\/www.w3.org\/2000\/svg\" class=\"list-377408\" width=\"20px\" height=\"20px\" viewBox=\"0 0 24 24\" fill=\"none\"><path d=\"M6 6H4v2h2V6zm14 0H8v2h12V6zM4 11h2v2H4v-2zm16 0H8v2h12v-2zM4 16h2v2H4v-2zm16 0H8v2h12v-2z\" fill=\"currentColor\"><\/path><\/svg><svg style=\"fill: #999;color:#999\" class=\"arrow-unsorted-368013\" xmlns=\"http:\/\/www.w3.org\/2000\/svg\" width=\"10px\" height=\"10px\" viewBox=\"0 0 24 24\" version=\"1.2\" baseProfile=\"tiny\"><path d=\"M18.2 9.3l-6.2-6.3-6.2 6.3c-.2.2-.3.4-.3.7s.1.5.3.7c.2.2.4.3.7.3h11c.3 0 .5-.1.7-.3.2-.2.3-.5.3-.7s-.1-.5-.3-.7zM5.8 14.7l6.2 6.3 6.2-6.3c.2-.2.3-.5.3-.7s-.1-.5-.3-.7c-.2-.2-.4-.3-.7-.3h-11c-.3 0-.5.1-.7.3-.2.2-.3.5-.3.7s.1.5.3.7z\"\/><\/svg><\/span><\/span><\/span><\/a><\/span><\/div>\n<nav><ul class='ez-toc-list ez-toc-list-level-1 ' ><ul class='ez-toc-list-level-3' ><li class='ez-toc-heading-level-3'><a class=\"ez-toc-link ez-toc-heading-1\" href=\"https:\/\/loudavymkrokem.cz\/fi\/pisek-lasten-kanssa\/#Yhteenveto_niille_joilla_ei_ole_aikaa_lukea_koko_artikkelia\" >Yhteenveto niille, joilla ei ole aikaa lukea koko artikkelia<\/a><\/li><\/ul><\/li><li class='ez-toc-page-1 ez-toc-heading-level-2'><a class=\"ez-toc-link ez-toc-heading-2\" href=\"https:\/\/loudavymkrokem.cz\/fi\/pisek-lasten-kanssa\/#Milloin_lahtea_Pisekiin_lasten_kanssa\" >Milloin l\u00e4hte\u00e4 P\u00edsekiin lasten kanssa<\/a><\/li><li class='ez-toc-page-1 ez-toc-heading-level-2'><a class=\"ez-toc-link ez-toc-heading-3\" href=\"https:\/\/loudavymkrokem.cz\/fi\/pisek-lasten-kanssa\/#Missa_majoittua_Pisekissa_lasten_kanssa\" >Miss\u00e4 majoittua P\u00edsekiss\u00e4 lasten kanssa<\/a><\/li><li class='ez-toc-page-1 ez-toc-heading-level-2'><a class=\"ez-toc-link ez-toc-heading-4\" href=\"https:\/\/loudavymkrokem.cz\/fi\/pisek-lasten-kanssa\/#Sisaleikkipaikat_ja_katon_alla_viihtyminen_Pisekissa\" >Sis\u00e4leikkipaikat ja katon alla viihtyminen P\u00edsekiss\u00e4<\/a><ul class='ez-toc-list-level-3' ><li class='ez-toc-heading-level-3'><a class=\"ez-toc-link ez-toc-heading-5\" href=\"https:\/\/loudavymkrokem.cz\/fi\/pisek-lasten-kanssa\/#1_Myska-leikkipaikka\" >1. My\u0161ka-leikkipaikka<\/a><\/li><li class='ez-toc-page-1 ez-toc-heading-level-3'><a class=\"ez-toc-link ez-toc-heading-6\" href=\"https:\/\/loudavymkrokem.cz\/fi\/pisek-lasten-kanssa\/#2_Sladovna_%E2%80%93_Pilariste-nayttely\" >2. Sladovna \u2013 Pila\u0159i\u0161t\u011b-n\u00e4yttely<\/a><\/li><li class='ez-toc-page-1 ez-toc-heading-level-3'><a class=\"ez-toc-link ez-toc-heading-7\" href=\"https:\/\/loudavymkrokem.cz\/fi\/pisek-lasten-kanssa\/#3_Sladovna_%E2%80%93_Mraveniste-nayttely\" >3. Sladovna \u2013 Mraveni\u0161t\u011b-n\u00e4yttely<\/a><\/li><li class='ez-toc-page-1 ez-toc-heading-level-3'><a class=\"ez-toc-link ez-toc-heading-8\" href=\"https:\/\/loudavymkrokem.cz\/fi\/pisek-lasten-kanssa\/#4_Fazole_%E2%80%93_Montessori-tyohuoneet\" >4. Fazole \u2013 Montessori-ty\u00f6huoneet<\/a><\/li><li class='ez-toc-page-1 ez-toc-heading-level-3'><a class=\"ez-toc-link ez-toc-heading-9\" href=\"https:\/\/loudavymkrokem.cz\/fi\/pisek-lasten-kanssa\/#5_Hernajs\" >5. Hernajs<\/a><\/li><li class='ez-toc-page-1 ez-toc-heading-level-3'><a class=\"ez-toc-link ez-toc-heading-10\" href=\"https:\/\/loudavymkrokem.cz\/fi\/pisek-lasten-kanssa\/#6_Mini_Academy_Pisek\" >6. Mini Academy P\u00edsek<\/a><\/li><li class='ez-toc-page-1 ez-toc-heading-level-3'><a class=\"ez-toc-link ez-toc-heading-11\" href=\"https:\/\/loudavymkrokem.cz\/fi\/pisek-lasten-kanssa\/#7_Laser_Arena_Pisek_Game_Cafe_Bar\" >7. Laser Ar\u00e9na P\u00edsek &amp; Game Caf\u00e9 Bar<\/a><\/li><li class='ez-toc-page-1 ez-toc-heading-level-3'><a class=\"ez-toc-link ez-toc-heading-12\" href=\"https:\/\/loudavymkrokem.cz\/fi\/pisek-lasten-kanssa\/#8_LezeTop_%E2%80%93_Pisekin_kiipeilykeskus\" >8. LezeTop \u2013 P\u00edsekin kiipeilykeskus<\/a><\/li><li class='ez-toc-page-1 ez-toc-heading-level-3'><a class=\"ez-toc-link ez-toc-heading-13\" href=\"https:\/\/loudavymkrokem.cz\/fi\/pisek-lasten-kanssa\/#9_Uimahalli\" >9. Uimahalli<\/a><\/li><li class='ez-toc-page-1 ez-toc-heading-level-3'><a class=\"ez-toc-link ez-toc-heading-14\" href=\"https:\/\/loudavymkrokem.cz\/fi\/pisek-lasten-kanssa\/#10_Aidin_ja_lapsen_hoivakeskus\" >10. \u00c4idin ja lapsen hoivakeskus<\/a><\/li><li class='ez-toc-page-1 ez-toc-heading-level-3'><a class=\"ez-toc-link ez-toc-heading-15\" href=\"https:\/\/loudavymkrokem.cz\/fi\/pisek-lasten-kanssa\/#11_Kaupunginkirjasto_ja_kahvila_Upekla\" >11. Kaupunginkirjasto ja kahvila Upekla<\/a><\/li><\/ul><\/li><li class='ez-toc-page-1 ez-toc-heading-level-2'><a class=\"ez-toc-link ez-toc-heading-16\" href=\"https:\/\/loudavymkrokem.cz\/fi\/pisek-lasten-kanssa\/#Leikkikentat_puisto_ja_joki_Pisek_lasten_kanssa_ulkona\" >Leikkikent\u00e4t, puisto ja joki: P\u00edsek lasten kanssa ulkona<\/a><ul class='ez-toc-list-level-3' ><li class='ez-toc-heading-level-3'><a class=\"ez-toc-link ez-toc-heading-17\" href=\"https:\/\/loudavymkrokem.cz\/fi\/pisek-lasten-kanssa\/#12_Hiekkaveistokset_rantatormalla\" >12. Hiekkaveistokset rantat\u00f6rm\u00e4ll\u00e4<\/a><\/li><li class='ez-toc-page-1 ez-toc-heading-level-3'><a class=\"ez-toc-link ez-toc-heading-18\" href=\"https:\/\/loudavymkrokem.cz\/fi\/pisek-lasten-kanssa\/#13_Kivisilta_ja_rantatorma\" >13. Kivisilta ja rantat\u00f6rm\u00e4<\/a><\/li><li class='ez-toc-page-1 ez-toc-heading-level-3'><a class=\"ez-toc-link ez-toc-heading-19\" href=\"https:\/\/loudavymkrokem.cz\/fi\/pisek-lasten-kanssa\/#14_Kaupunginsaari\" >14. Kaupunginsaari<\/a><\/li><li class='ez-toc-page-1 ez-toc-heading-level-3'><a class=\"ez-toc-link ez-toc-heading-20\" href=\"https:\/\/loudavymkrokem.cz\/fi\/pisek-lasten-kanssa\/#15_Liikennepuisto_pyhan_Vaclavin_luona\" >15. Liikennepuisto pyh\u00e4n V\u00e1clavin luona<\/a><\/li><li class='ez-toc-page-1 ez-toc-heading-level-3'><a class=\"ez-toc-link ez-toc-heading-21\" href=\"https:\/\/loudavymkrokem.cz\/fi\/pisek-lasten-kanssa\/#16_Jiraskovo_nabrezi_ja_kuulaleikkikentta\" >16. Jir\u00e1skovo n\u00e1b\u0159e\u017e\u00ed ja kuulaleikkikentt\u00e4<\/a><\/li><li class='ez-toc-page-1 ez-toc-heading-level-3'><a class=\"ez-toc-link ez-toc-heading-22\" href=\"https:\/\/loudavymkrokem.cz\/fi\/pisek-lasten-kanssa\/#17_Peuraleikkikentta_Na_Trubach\" >17. Peuraleikkikentt\u00e4 Na Trub\u00e1ch<\/a><\/li><li class='ez-toc-page-1 ez-toc-heading-level-3'><a class=\"ez-toc-link ez-toc-heading-23\" href=\"https:\/\/loudavymkrokem.cz\/fi\/pisek-lasten-kanssa\/#18_Palackeho_sady_-puisto\" >18. Palack\u00e9ho sady -puisto<\/a><\/li><li class='ez-toc-page-1 ez-toc-heading-level-3'><a class=\"ez-toc-link ez-toc-heading-24\" href=\"https:\/\/loudavymkrokem.cz\/fi\/pisek-lasten-kanssa\/#19_Uimala_pyhan_Vaclavin_luona\" >19. Uimala pyh\u00e4n V\u00e1clavin luona<\/a><\/li><li class='ez-toc-page-1 ez-toc-heading-level-3'><a class=\"ez-toc-link ez-toc-heading-25\" href=\"https:\/\/loudavymkrokem.cz\/fi\/pisek-lasten-kanssa\/#20_Veneily_ja_melonta_Otavalla\" >20. Veneily ja melonta Otavalla<\/a><\/li><li class='ez-toc-page-1 ez-toc-heading-level-3'><a class=\"ez-toc-link ez-toc-heading-26\" href=\"https:\/\/loudavymkrokem.cz\/fi\/pisek-lasten-kanssa\/#21_Riistatarha_U_Vodaka\" >21. Riistatarha U Vod\u00e1ka<\/a><\/li><li class='ez-toc-page-1 ez-toc-heading-level-3'><a class=\"ez-toc-link ez-toc-heading-27\" href=\"https:\/\/loudavymkrokem.cz\/fi\/pisek-lasten-kanssa\/#22_3D-labyrintti_Zivec\" >22. 3D-labyrintti \u017divec<\/a><\/li><li class='ez-toc-page-1 ez-toc-heading-level-3'><a class=\"ez-toc-link ez-toc-heading-28\" href=\"https:\/\/loudavymkrokem.cz\/fi\/pisek-lasten-kanssa\/#23_Jarnik-nakotorni\" >23. Jarn\u00edk-n\u00e4k\u00f6torni<\/a><\/li><li class='ez-toc-page-1 ez-toc-heading-level-3'><a class=\"ez-toc-link ez-toc-heading-29\" href=\"https:\/\/loudavymkrokem.cz\/fi\/pisek-lasten-kanssa\/#24_Kuularata_Hradiste\" >24. Kuularata Hradi\u0161t\u011b<\/a><\/li><li class='ez-toc-page-1 ez-toc-heading-level-3'><a class=\"ez-toc-link ez-toc-heading-30\" href=\"https:\/\/loudavymkrokem.cz\/fi\/pisek-lasten-kanssa\/#25_Jattihiekkalaatikko_Vystaviste\" >25. J\u00e4ttihiekkalaatikko V\u00fdstavi\u0161t\u011b<\/a><\/li><\/ul><\/li><li class='ez-toc-page-1 ez-toc-heading-level-2'><a class=\"ez-toc-link ez-toc-heading-31\" href=\"https:\/\/loudavymkrokem.cz\/fi\/pisek-lasten-kanssa\/#Retket_lasten_kanssa_Pisekin_ymparistossa\" >Retket lasten kanssa P\u00edsekin ymp\u00e4rist\u00f6ss\u00e4<\/a><ul class='ez-toc-list-level-3' ><li class='ez-toc-heading-level-3'><a class=\"ez-toc-link ez-toc-heading-32\" href=\"https:\/\/loudavymkrokem.cz\/fi\/pisek-lasten-kanssa\/#26_Farmapark_Maletice\" >26. Farmapark Maletice<\/a><\/li><li class='ez-toc-page-1 ez-toc-heading-level-3'><a class=\"ez-toc-link ez-toc-heading-33\" href=\"https:\/\/loudavymkrokem.cz\/fi\/pisek-lasten-kanssa\/#27_Nase_zviratka_Putim\" >27. Na\u0161e zv\u00ed\u0159\u00e1tka Putim<\/a><\/li><li class='ez-toc-page-1 ez-toc-heading-level-3'><a class=\"ez-toc-link ez-toc-heading-34\" href=\"https:\/\/loudavymkrokem.cz\/fi\/pisek-lasten-kanssa\/#28_Kozluv_statek_Predoticessa\" >28. Kozl\u016fv statek P\u0159edoticessa<\/a><\/li><li class='ez-toc-page-1 ez-toc-heading-level-3'><a class=\"ez-toc-link ez-toc-heading-35\" href=\"https:\/\/loudavymkrokem.cz\/fi\/pisek-lasten-kanssa\/#29_Farma_Stary_Bor_Sedlicen_luona\" >29. Farma Star\u00fd Bor Sedlicen luona<\/a><\/li><li class='ez-toc-page-1 ez-toc-heading-level-3'><a class=\"ez-toc-link ez-toc-heading-36\" href=\"https:\/\/loudavymkrokem.cz\/fi\/pisek-lasten-kanssa\/#30_Talli_Stetice\" >30. Talli \u0160t\u011btice<\/a><\/li><li class='ez-toc-page-1 ez-toc-heading-level-3'><a class=\"ez-toc-link ez-toc-heading-37\" href=\"https:\/\/loudavymkrokem.cz\/fi\/pisek-lasten-kanssa\/#31_Ranch_Calamity_Jane_Probulovissa\" >31. Ranch Calamity Jane Probulovissa<\/a><\/li><li class='ez-toc-page-1 ez-toc-heading-level-3'><a class=\"ez-toc-link ez-toc-heading-38\" href=\"https:\/\/loudavymkrokem.cz\/fi\/pisek-lasten-kanssa\/#32_Fiziland_Protivin\" >32. Fiziland Protiv\u00edn<\/a><\/li><li class='ez-toc-page-1 ez-toc-heading-level-3'><a class=\"ez-toc-link ez-toc-heading-39\" href=\"https:\/\/loudavymkrokem.cz\/fi\/pisek-lasten-kanssa\/#33_Ajan_valtakunta_Protivin\" >33. Ajan valtakunta Protiv\u00edn<\/a><\/li><li class='ez-toc-page-1 ez-toc-heading-level-3'><a class=\"ez-toc-link ez-toc-heading-40\" href=\"https:\/\/loudavymkrokem.cz\/fi\/pisek-lasten-kanssa\/#34_Krokotiili-ZOO_Protivin\" >34. Krokotiili-ZOO Protiv\u00edn<\/a><\/li><li class='ez-toc-page-1 ez-toc-heading-level-3'><a class=\"ez-toc-link ez-toc-heading-41\" href=\"https:\/\/loudavymkrokem.cz\/fi\/pisek-lasten-kanssa\/#35_Selibovin_satukoulupaja\" >35. Selibovin satukoulupaja<\/a><\/li><li class='ez-toc-page-1 ez-toc-heading-level-3'><a class=\"ez-toc-link ez-toc-heading-42\" href=\"https:\/\/loudavymkrokem.cz\/fi\/pisek-lasten-kanssa\/#36_Zemeraj_Kovarov\" >36. Zem\u011br\u00e1j Kov\u00e1\u0159ov<\/a><\/li><li class='ez-toc-page-1 ez-toc-heading-level-3'><a class=\"ez-toc-link ez-toc-heading-43\" href=\"https:\/\/loudavymkrokem.cz\/fi\/pisek-lasten-kanssa\/#37_Bagrarium_Strakonice\" >37. Bagr\u00e1rium Strakonice<\/a><\/li><li class='ez-toc-page-1 ez-toc-heading-level-3'><a class=\"ez-toc-link ez-toc-heading-44\" href=\"https:\/\/loudavymkrokem.cz\/fi\/pisek-lasten-kanssa\/#38_Zvikov_ja_laiva_Orlikiin\" >38. Zv\u00edkov ja laiva Orl\u00edkiin<\/a><\/li><li class='ez-toc-page-1 ez-toc-heading-level-3'><a class=\"ez-toc-link ez-toc-heading-45\" href=\"https:\/\/loudavymkrokem.cz\/fi\/pisek-lasten-kanssa\/#39_Blatnan_linna_ja_kuusipeurat\" >39. Blatn\u00e1n linna ja kuusipeurat<\/a><\/li><li class='ez-toc-page-1 ez-toc-heading-level-3'><a class=\"ez-toc-link ez-toc-heading-46\" href=\"https:\/\/loudavymkrokem.cz\/fi\/pisek-lasten-kanssa\/#40_ZOO_Hluboka\" >40. ZOO Hlubok\u00e1<\/a><\/li><li class='ez-toc-page-1 ez-toc-heading-level-3'><a class=\"ez-toc-link ez-toc-heading-47\" href=\"https:\/\/loudavymkrokem.cz\/fi\/pisek-lasten-kanssa\/#41_Tabor_ja_sen_museot\" >41. T\u00e1bor ja sen museot<\/a><\/li><li class='ez-toc-page-1 ez-toc-heading-level-3'><a class=\"ez-toc-link ez-toc-heading-48\" href=\"https:\/\/loudavymkrokem.cz\/fi\/pisek-lasten-kanssa\/#42_Milevskon_naamiaisten_museo\" >42. Milevskon naamiaisten museo<\/a><\/li><li class='ez-toc-page-1 ez-toc-heading-level-3'><a class=\"ez-toc-link ez-toc-heading-49\" href=\"https:\/\/loudavymkrokem.cz\/fi\/pisek-lasten-kanssa\/#43_Aquapark_Horazdovice\" >43. Aquapark Hora\u017e\u010fovice<\/a><\/li><li class='ez-toc-page-1 ez-toc-heading-level-3'><a class=\"ez-toc-link ez-toc-heading-50\" href=\"https:\/\/loudavymkrokem.cz\/fi\/pisek-lasten-kanssa\/#44_Vodnany_ja_kalastusmuseo\" >44. Vod\u0148any ja kalastusmuseo<\/a><\/li><\/ul><\/li><li class='ez-toc-page-1 ez-toc-heading-level-2'><a class=\"ez-toc-link ez-toc-heading-51\" href=\"https:\/\/loudavymkrokem.cz\/fi\/pisek-lasten-kanssa\/#Missa_syoda_Pisekissa_lasten_kanssa\" >Miss\u00e4 sy\u00f6d\u00e4 P\u00edsekiss\u00e4 lasten kanssa<\/a><\/li><li class='ez-toc-page-1 ez-toc-heading-level-2'><a class=\"ez-toc-link ez-toc-heading-52\" href=\"https:\/\/loudavymkrokem.cz\/fi\/pisek-lasten-kanssa\/#Mita_tehda_Pisekissa_lasten_kanssa_kun_sataa\" >Mit\u00e4 tehd\u00e4 P\u00edsekiss\u00e4 lasten kanssa, kun sataa<\/a><\/li><li class='ez-toc-page-1 ez-toc-heading-level-2'><a class=\"ez-toc-link ez-toc-heading-53\" href=\"https:\/\/loudavymkrokem.cz\/fi\/pisek-lasten-kanssa\/#Kaytannon_vinkit_perheille_parkkeeraus_lastenvaunut_vaipanvaihto\" >K\u00e4yt\u00e4nn\u00f6n vinkit perheille: parkkeeraus, lastenvaunut, vaipanvaihto<\/a><\/li><li class='ez-toc-page-1 ez-toc-heading-level-2'><a class=\"ez-toc-link ez-toc-heading-54\" href=\"https:\/\/loudavymkrokem.cz\/fi\/pisek-lasten-kanssa\/#Minne_seuraavaksi\" >Minne seuraavaksi<\/a><\/li><li class='ez-toc-page-1 ez-toc-heading-level-2'><a class=\"ez-toc-link ez-toc-heading-55\" href=\"https:\/\/loudavymkrokem.cz\/fi\/pisek-lasten-kanssa\/#Usein_kysytyt_kysymykset\" >Usein kysytyt kysymykset<\/a><ul class='ez-toc-list-level-3' ><li class='ez-toc-heading-level-3'><a class=\"ez-toc-link ez-toc-heading-56\" href=\"https:\/\/loudavymkrokem.cz\/fi\/pisek-lasten-kanssa\/#Mita_tehda_lasten_kanssa_Pisekissa_sateella\" >Mit\u00e4 tehd\u00e4 lasten kanssa P\u00edsekiss\u00e4 sateella?<\/a><\/li><li class='ez-toc-page-1 ez-toc-heading-level-3'><a class=\"ez-toc-link ez-toc-heading-57\" href=\"https:\/\/loudavymkrokem.cz\/fi\/pisek-lasten-kanssa\/#Paljonko_Sladovna_maksaa\" >Paljonko Sladovna maksaa?<\/a><\/li><li class='ez-toc-page-1 ez-toc-heading-level-3'><a class=\"ez-toc-link ez-toc-heading-58\" href=\"https:\/\/loudavymkrokem.cz\/fi\/pisek-lasten-kanssa\/#Minne_Pisekissa_kannattaa_menna_taaperon_kanssa\" >Minne P\u00edsekiss\u00e4 kannattaa menn\u00e4 taaperon kanssa?<\/a><\/li><li class='ez-toc-page-1 ez-toc-heading-level-3'><a class=\"ez-toc-link ez-toc-heading-59\" href=\"https:\/\/loudavymkrokem.cz\/fi\/pisek-lasten-kanssa\/#Mika_on_paras_leikkipaikka_Pisekissa\" >Mik\u00e4 on paras leikkipaikka P\u00edsekiss\u00e4?<\/a><\/li><li class='ez-toc-page-1 ez-toc-heading-level-3'><a class=\"ez-toc-link ez-toc-heading-60\" href=\"https:\/\/loudavymkrokem.cz\/fi\/pisek-lasten-kanssa\/#Mitka_ovat_parhaat_retket_alle_20_minuutin_paahan\" >Mitk\u00e4 ovat parhaat retket alle 20 minuutin p\u00e4\u00e4h\u00e4n?<\/a><\/li><li class='ez-toc-page-1 ez-toc-heading-level-3'><a class=\"ez-toc-link ez-toc-heading-61\" href=\"https:\/\/loudavymkrokem.cz\/fi\/pisek-lasten-kanssa\/#Onko_Pisek_sopiva_rattaiden_kanssa\" >Onko P\u00edsek sopiva rattaiden kanssa?<\/a><\/li><li class='ez-toc-page-1 ez-toc-heading-level-3'><a class=\"ez-toc-link ez-toc-heading-62\" href=\"https:\/\/loudavymkrokem.cz\/fi\/pisek-lasten-kanssa\/#Missa_Pisekissa_voi_uida_lasten_kanssa\" >Miss\u00e4 P\u00edsekiss\u00e4 voi uida lasten kanssa?<\/a><\/li><li class='ez-toc-page-1 ez-toc-heading-level-3'><a class=\"ez-toc-link ez-toc-heading-63\" href=\"https:\/\/loudavymkrokem.cz\/fi\/pisek-lasten-kanssa\/#Minne_menna_lasten_kanssa_ilmaiseksi\" >Minne menn\u00e4 lasten kanssa ilmaiseksi?<\/a><\/li><\/ul><\/li><\/ul><\/nav><\/div>\n<h3 class=\"wp-block-heading\"><span class=\"ez-toc-section\" id=\"Yhteenveto_niille_joilla_ei_ole_aikaa_lukea_koko_artikkelia\"><\/span>Yhteenveto niille, joilla ei ole aikaa lukea koko artikkelia<span class=\"ez-toc-section-end\"><\/span><\/h3>\n\n\n\n<ul class=\"wp-block-list\">\n<li><strong>Suurin sis\u00e4leikkipaikka:<\/strong> My\u0161ka-leikkipaikan varusteet Porty\u010dissa ovat jo melko vanhentuneita, mutta se on silti P\u00edsekin suurin leikkipaikka, joten k\u00e4ymme siell\u00e4.<\/li>\n\n\n\n<li><strong>Kulttuuria lapsille:<\/strong> Sladovna Pila\u0159i\u0161t\u011b- ja Mraveni\u0161t\u011b-n\u00e4yttelyineen on ehdoton pakko, muista vain ostaa liput etuk\u00e4teen netist\u00e4.<\/li>\n\n\n\n<li><strong>Suosituin leikkipaikka:<\/strong> Uusi leikkipaikka j\u00e4ttim\u00e4isine puisine peuroineen Na Trub\u00e1ch sek\u00e4 kuularadat Jir\u00e1skovo n\u00e1b\u0159e\u017e\u00edll\u00e4 viihdytt\u00e4v\u00e4t lapsia koko iltap\u00e4iv\u00e4n.<\/li>\n\n\n\n<li><strong>Kahvila lastennurkkauksella:<\/strong> Suosikkimme Travel Cafella on sis\u00e4pihalla terassi upean hiekkalaatikon ja leikkim\u00f6kin kanssa.<\/li>\n\n\n\n<li><strong>Kolme parasta l\u00e4hiretke\u00e4:<\/strong> Farmapark Maletice, Ajan valtakunta Protiv\u00ednissa ja Selibovin satukoulupaja ovat varma valinta.<\/li>\n\n\n\n<li><strong>Mit\u00e4 tehd\u00e4 sateella:<\/strong> Pelastuksesi ovat Sladovna, My\u0161ka-leikkipaikka, uimahallin allas, pieni Hernajs-leikkipaikka tai Porty\u010d-elokuvateatteri.<\/li>\n<\/ul>\n\n\n\n<h2 class=\"wp-block-heading\"><span class=\"ez-toc-section\" id=\"Milloin_lahtea_Pisekiin_lasten_kanssa\"><\/span>Milloin l\u00e4hte\u00e4 P\u00edsekiin lasten kanssa<span class=\"ez-toc-section-end\"><\/span><\/h2>\n\n\n\n<figure data-wp-context=\"{&quot;imageId&quot;:&quot;6a951b9a1f93d&quot;}\" data-wp-interactive=\"core\/image\" data-wp-key=\"6a951b9a1f93d\" class=\"wp-block-image size-full wp-lightbox-container\"><img decoding=\"async\" width=\"2200\" height=\"1467\" data-wp-class--hide=\"state.isContentHidden\" data-wp-class--show=\"state.isContentVisible\" data-wp-init=\"callbacks.setButtonStyles\" data-wp-on--click=\"actions.showLightbox\" data-wp-on--load=\"callbacks.setButtonStyles\" data-wp-on--pointerdown=\"actions.preloadImage\" data-wp-on--pointerenter=\"actions.preloadImageWithDelay\" data-wp-on--pointerleave=\"actions.cancelPreload\" data-wp-on-window--resize=\"callbacks.setButtonStyles\" src=\"https:\/\/loudavymkrokem.cz\/wp-content\/uploads\/2026\/08\/pisek-mestanske-domy-velke-namesti.jpg\" alt=\"V\u00e4rikk\u00e4\u00e4t porvaristalot P\u00edsekin Suurella torilla\" class=\"wp-image-399373\" title=\"\" srcset=\"https:\/\/loudavymkrokem.cz\/wp-content\/uploads\/2026\/08\/pisek-mestanske-domy-velke-namesti.jpg 2200w, https:\/\/loudavymkrokem.cz\/wp-content\/uploads\/2026\/08\/pisek-mestanske-domy-velke-namesti-300x200.jpg 300w, https:\/\/loudavymkrokem.cz\/wp-content\/uploads\/2026\/08\/pisek-mestanske-domy-velke-namesti-700x467.jpg 700w, https:\/\/loudavymkrokem.cz\/wp-content\/uploads\/2026\/08\/pisek-mestanske-domy-velke-namesti-768x512.jpg 768w, https:\/\/loudavymkrokem.cz\/wp-content\/uploads\/2026\/08\/pisek-mestanske-domy-velke-namesti-1536x1024.jpg 1536w, https:\/\/loudavymkrokem.cz\/wp-content\/uploads\/2026\/08\/pisek-mestanske-domy-velke-namesti-2048x1366.jpg 2048w, https:\/\/loudavymkrokem.cz\/wp-content\/uploads\/2026\/08\/pisek-mestanske-domy-velke-namesti-696x464.jpg 696w, https:\/\/loudavymkrokem.cz\/wp-content\/uploads\/2026\/08\/pisek-mestanske-domy-velke-namesti-1392x928.jpg 1392w, https:\/\/loudavymkrokem.cz\/wp-content\/uploads\/2026\/08\/pisek-mestanske-domy-velke-namesti-1920x1280.jpg 1920w\" sizes=\"(max-width: 2200px) 100vw, 2200px\" \/><button\n\t\t\tclass=\"lightbox-trigger\"\n\t\t\ttype=\"button\"\n\t\t\taria-haspopup=\"dialog\"\n\t\t\tdata-wp-bind--aria-label=\"state.thisImage.triggerButtonAriaLabel\"\n\t\t\tdata-wp-init=\"callbacks.initTriggerButton\"\n\t\t\tdata-wp-on--click=\"actions.showLightbox\"\n\t\t\tdata-wp-style--right=\"state.thisImage.buttonRight\"\n\t\t\tdata-wp-style--top=\"state.thisImage.buttonTop\"\n\t\t>\n\t\t\t<svg xmlns=\"http:\/\/www.w3.org\/2000\/svg\" width=\"12\" height=\"12\" fill=\"none\" viewBox=\"0 0 12 12\">\n\t\t\t\t<path fill=\"#fff\" d=\"M2 0a2 2 0 0 0-2 2v2h1.5V2a.5.5 0 0 1 .5-.5h2V0H2Zm2 10.5H2a.5.5 0 0 1-.5-.5V8H0v2a2 2 0 0 0 2 2h2v-1.5ZM8 12v-1.5h2a.5.5 0 0 0 .5-.5V8H12v2a2 2 0 0 1-2 2H8Zm2-12a2 2 0 0 1 2 2v2h-1.5V2a.5.5 0 0 0-.5-.5H8V0h2Z\" \/>\n\t\t\t<\/svg>\n\t\t<\/button><\/figure>\n\n\n\n<p class=\"wp-block-paragraph\">P\u00edsek on kaunis ymp\u00e4ri vuoden, mutta jos haluat nauttia kaupungista t\u00e4ysill\u00e4 my\u00f6s ulkoaktiviteettien kera, <strong>paras vierailuaika on toukokuun lopusta syyskuuhun<\/strong>. Toukokuun lopusta l\u00e4htien Kivisillan rantat\u00f6rm\u00e4lle nousevat nimitt\u00e4in s\u00e4\u00e4nn\u00f6llisesti j\u00e4ttim\u00e4iset hiekkaveistokset, jotka ovat suuri vetonaula, ja kes\u00e4kuukaudet suorastaan houkuttelevat vierailemaan kauniilla jokiuimalalla pyh\u00e4n V\u00e1clavin luona.<\/p>\n\n\n\n<p class=\"wp-block-paragraph\">Jos olet tulossa meille talvella tai syksyll\u00e4, <strong>et varmasti pitk\u00e4sty<\/strong>, sill\u00e4 kaupungissa on erinomaiset sis\u00e4tilat Sladovnan ja useiden leikkipaikkojen johdolla, joten ohjelmasta on huolehdittu, vaikka kaataisi kaatamalla. Lasten kanssa vierailuun suosittelen varaamaan <strong>v\u00e4hint\u00e4\u00e4n pidennetyn viikonlopun<\/strong>, mutta jos haluat ehti\u00e4 my\u00f6s l\u00e4hiretkille, voit hyvin viett\u00e4\u00e4 t\u00e4\u00e4ll\u00e4 kokonaisen el\u00e4mysten t\u00e4yteisen viikon.<\/p>\n\n\n\n<h2 class=\"wp-block-heading\"><span class=\"ez-toc-section\" id=\"Missa_majoittua_Pisekissa_lasten_kanssa\"><\/span>Miss\u00e4 majoittua P\u00edsekiss\u00e4 lasten kanssa<span class=\"ez-toc-section-end\"><\/span><\/h2>\n\n\n\n<figure data-wp-context=\"{&quot;imageId&quot;:&quot;6a951b9a1fe71&quot;}\" data-wp-interactive=\"core\/image\" data-wp-key=\"6a951b9a1fe71\" class=\"wp-block-image size-full wp-lightbox-container\"><img decoding=\"async\" width=\"2200\" height=\"1467\" data-wp-class--hide=\"state.isContentHidden\" data-wp-class--show=\"state.isContentVisible\" data-wp-init=\"callbacks.setButtonStyles\" data-wp-on--click=\"actions.showLightbox\" data-wp-on--load=\"callbacks.setButtonStyles\" data-wp-on--pointerdown=\"actions.preloadImage\" data-wp-on--pointerenter=\"actions.preloadImageWithDelay\" data-wp-on--pointerleave=\"actions.cancelPreload\" data-wp-on-window--resize=\"callbacks.setButtonStyles\" src=\"https:\/\/loudavymkrokem.cz\/wp-content\/uploads\/2026\/08\/pisek-fontana-hotel-otava.jpg\" alt=\"Suihkul\u00e4hde P\u00edsekin keskustassa ja Hotelli Otava taustalla\" class=\"wp-image-399365\" title=\"\" srcset=\"https:\/\/loudavymkrokem.cz\/wp-content\/uploads\/2026\/08\/pisek-fontana-hotel-otava.jpg 2200w, https:\/\/loudavymkrokem.cz\/wp-content\/uploads\/2026\/08\/pisek-fontana-hotel-otava-300x200.jpg 300w, https:\/\/loudavymkrokem.cz\/wp-content\/uploads\/2026\/08\/pisek-fontana-hotel-otava-700x467.jpg 700w, https:\/\/loudavymkrokem.cz\/wp-content\/uploads\/2026\/08\/pisek-fontana-hotel-otava-768x512.jpg 768w, https:\/\/loudavymkrokem.cz\/wp-content\/uploads\/2026\/08\/pisek-fontana-hotel-otava-1536x1024.jpg 1536w, https:\/\/loudavymkrokem.cz\/wp-content\/uploads\/2026\/08\/pisek-fontana-hotel-otava-2048x1366.jpg 2048w, https:\/\/loudavymkrokem.cz\/wp-content\/uploads\/2026\/08\/pisek-fontana-hotel-otava-696x464.jpg 696w, https:\/\/loudavymkrokem.cz\/wp-content\/uploads\/2026\/08\/pisek-fontana-hotel-otava-1392x928.jpg 1392w, https:\/\/loudavymkrokem.cz\/wp-content\/uploads\/2026\/08\/pisek-fontana-hotel-otava-1920x1280.jpg 1920w\" sizes=\"(max-width: 2200px) 100vw, 2200px\" \/><button\n\t\t\tclass=\"lightbox-trigger\"\n\t\t\ttype=\"button\"\n\t\t\taria-haspopup=\"dialog\"\n\t\t\tdata-wp-bind--aria-label=\"state.thisImage.triggerButtonAriaLabel\"\n\t\t\tdata-wp-init=\"callbacks.initTriggerButton\"\n\t\t\tdata-wp-on--click=\"actions.showLightbox\"\n\t\t\tdata-wp-style--right=\"state.thisImage.buttonRight\"\n\t\t\tdata-wp-style--top=\"state.thisImage.buttonTop\"\n\t\t>\n\t\t\t<svg xmlns=\"http:\/\/www.w3.org\/2000\/svg\" width=\"12\" height=\"12\" fill=\"none\" viewBox=\"0 0 12 12\">\n\t\t\t\t<path fill=\"#fff\" d=\"M2 0a2 2 0 0 0-2 2v2h1.5V2a.5.5 0 0 1 .5-.5h2V0H2Zm2 10.5H2a.5.5 0 0 1-.5-.5V8H0v2a2 2 0 0 0 2 2h2v-1.5ZM8 12v-1.5h2a.5.5 0 0 0 .5-.5V8H12v2a2 2 0 0 1-2 2H8Zm2-12a2 2 0 0 1 2 2v2h-1.5V2a.5.5 0 0 0-.5-.5H8V0h2Z\" \/>\n\t\t\t<\/svg>\n\t\t<\/button><\/figure>\n\n\n\n<p class=\"wp-block-paragraph\">Majoituksen valinta on lapsiperheille ratkaisevaa, ja P\u00edsekist\u00e4 l\u00f6yd\u00e4t heti useita loistavia vaihtoehtoja aivan keskustasta. <strong><a href=\"https:\/\/www.stay22.com\/allez\/roam?aid=lukaskonecny&amp;campaign=loudavymkrokemcz&amp;campaign=pisek-s-detmi&amp;hotelname=Hotel%20Biograf&amp;address=P%C3%ADsek%2C%20%C4%8Cesko\" target=\"_blank\" rel=\"noopener nofollow sponsored\">Hotel Biograf<\/a><\/strong> on kaunis nelj\u00e4n t\u00e4hden hotelli aivan keskustan tuntumassa, jolla on Bookingissa loistava arvosana 8,6, ja vanhemmat arvostavat varmasti mahdollisuutta rentoutua illalla saunassa.<\/p>\n\n\n\n<p class=\"wp-block-paragraph\">Historiallisessa <strong>Hotel Otavassa<\/strong>, jonka julkisivua koristavat Al\u0161in maalaukset, on remontin j\u00e4lkeen pohjakerroksessa uusi <strong>Caf\u00e9 Otava<\/strong> (aamiainen klo 7.30 alkaen, lounasmenu, kotitekoiset j\u00e4lkiruoat) \u2014 se on loistava osoite aamiaiselle lasten kanssa. Huoneita et kuitenkaan t\u00e4ll\u00e4 hetkell\u00e4 l\u00f6yd\u00e4 Bookingista, joten hoida majoitus mieluummin Biografissa tai U Kapli\u010dkyssa. Jos etsit ennemminkin modernia gastronomista el\u00e4myst\u00e4 yhdistettyn\u00e4 majoitukseen, tutustu <strong><a href=\"https:\/\/www.stay22.com\/allez\/roam?aid=lukaskonecny&amp;campaign=loudavymkrokemcz&amp;campaign=pisek-s-detmi&amp;hotelname=Hotel%20U%20Kapli%C4%8Dky&amp;address=P%C3%ADsek%2C%20%C4%8Cesko\" target=\"_blank\" rel=\"noopener nofollow sponsored\">Hotel U Kapli\u010dkyyn<\/a><\/strong>, jonka ravintola Chapelle p\u00e4\u00e4si jopa Michelin-oppaan valikoimaan.<\/p>\n\n\n\n<p class=\"wp-block-paragraph\">Perheille, jotka tulevat t\u00e4nne p\u00e4\u00e4asiassa kes\u00e4ll\u00e4 uimaan ja urheilemaan, t\u00e4ydellinen valinta on <strong><a href=\"https:\/\/www.stay22.com\/allez\/roam?aid=lukaskonecny&amp;campaign=loudavymkrokemcz&amp;campaign=pisek-s-detmi&amp;hotelname=Penzion%20Sport&amp;address=P%C3%ADsek%2C%20%C4%8Cesko\" target=\"_blank\" rel=\"noopener nofollow sponsored\">Penzion Sport<\/a><\/strong>, joka sijaitsee aivan joen varrella kaupungin uimalan alueella. Etuna on, ett\u00e4 terassillinen ravintola on suoraan uimalan alueella, joten altaille ja kahluualtaalle on vain muutama askel. Kaikki n\u00e4m\u00e4 majoitukset varaat helposti Bookingin kautta, josta t\u00f6rm\u00e4\u00e4 v\u00e4lill\u00e4 kiinnostaviin alennuksiin.<\/p>\n\n\n\n<h2 class=\"wp-block-heading\"><span class=\"ez-toc-section\" id=\"Sisaleikkipaikat_ja_katon_alla_viihtyminen_Pisekissa\"><\/span>Sis\u00e4leikkipaikat ja katon alla viihtyminen P\u00edsekiss\u00e4<span class=\"ez-toc-section-end\"><\/span><\/h2>\n\n\n\n<p class=\"wp-block-paragraph\">Kun s\u00e4\u00e4 ei suosi tai tarvitset yksinkertaisesti pari tuntia suojaan kes\u00e4auringolta, P\u00edsek tarjoaa paljon sis\u00e4vaihtoehtoja. Jatkuvasti p\u00e4ivittyv\u00e4n katsauksen leikkipaikoista, lastennurkkauksellisista kahviloista ja leikkikentist\u00e4 varmennettuine aukioloaikoineen l\u00f6yd\u00e4t osoitteesta <a href=\"https:\/\/pisek.info\/deti\/hernicky\" target=\"_blank\" rel=\"noopener\">pisek.info\/deti\/hernicky<\/a>. N\u00e4m\u00e4 paikat ovat jokaisen p\u00edsekil\u00e4isen \u00e4idin puhelimessa.<\/p>\n\n\n\n<h3 class=\"wp-block-heading\"><span class=\"ez-toc-section\" id=\"1_Myska-leikkipaikka\"><\/span>1. My\u0161ka-leikkipaikka<span class=\"ez-toc-section-end\"><\/span><\/h3>\n\n\n\n<figure data-wp-context=\"{&quot;imageId&quot;:&quot;6a951b9a20343&quot;}\" data-wp-interactive=\"core\/image\" data-wp-key=\"6a951b9a20343\" class=\"wp-block-image size-full wp-lightbox-container\"><img decoding=\"async\" width=\"2200\" height=\"1467\" data-wp-class--hide=\"state.isContentHidden\" data-wp-class--show=\"state.isContentVisible\" data-wp-init=\"callbacks.setButtonStyles\" data-wp-on--click=\"actions.showLightbox\" data-wp-on--load=\"callbacks.setButtonStyles\" data-wp-on--pointerdown=\"actions.preloadImage\" data-wp-on--pointerenter=\"actions.preloadImageWithDelay\" data-wp-on--pointerleave=\"actions.cancelPreload\" data-wp-on-window--resize=\"callbacks.setButtonStyles\" src=\"https:\/\/loudavymkrokem.cz\/wp-content\/uploads\/2026\/08\/pisek-myska-herna-bazenek-s-micky.jpg\" alt=\"Pallomeri My\u0161ka-leikkipaikassa P\u00edsekiss\u00e4\" class=\"wp-image-399531\" title=\"\" srcset=\"https:\/\/loudavymkrokem.cz\/wp-content\/uploads\/2026\/08\/pisek-myska-herna-bazenek-s-micky.jpg 2200w, https:\/\/loudavymkrokem.cz\/wp-content\/uploads\/2026\/08\/pisek-myska-herna-bazenek-s-micky-300x200.jpg 300w, https:\/\/loudavymkrokem.cz\/wp-content\/uploads\/2026\/08\/pisek-myska-herna-bazenek-s-micky-700x467.jpg 700w, https:\/\/loudavymkrokem.cz\/wp-content\/uploads\/2026\/08\/pisek-myska-herna-bazenek-s-micky-768x512.jpg 768w, https:\/\/loudavymkrokem.cz\/wp-content\/uploads\/2026\/08\/pisek-myska-herna-bazenek-s-micky-1536x1024.jpg 1536w, https:\/\/loudavymkrokem.cz\/wp-content\/uploads\/2026\/08\/pisek-myska-herna-bazenek-s-micky-2048x1366.jpg 2048w, https:\/\/loudavymkrokem.cz\/wp-content\/uploads\/2026\/08\/pisek-myska-herna-bazenek-s-micky-696x464.jpg 696w, https:\/\/loudavymkrokem.cz\/wp-content\/uploads\/2026\/08\/pisek-myska-herna-bazenek-s-micky-1392x928.jpg 1392w, https:\/\/loudavymkrokem.cz\/wp-content\/uploads\/2026\/08\/pisek-myska-herna-bazenek-s-micky-1920x1280.jpg 1920w\" sizes=\"(max-width: 2200px) 100vw, 2200px\" \/><button\n\t\t\tclass=\"lightbox-trigger\"\n\t\t\ttype=\"button\"\n\t\t\taria-haspopup=\"dialog\"\n\t\t\tdata-wp-bind--aria-label=\"state.thisImage.triggerButtonAriaLabel\"\n\t\t\tdata-wp-init=\"callbacks.initTriggerButton\"\n\t\t\tdata-wp-on--click=\"actions.showLightbox\"\n\t\t\tdata-wp-style--right=\"state.thisImage.buttonRight\"\n\t\t\tdata-wp-style--top=\"state.thisImage.buttonTop\"\n\t\t>\n\t\t\t<svg xmlns=\"http:\/\/www.w3.org\/2000\/svg\" width=\"12\" height=\"12\" fill=\"none\" viewBox=\"0 0 12 12\">\n\t\t\t\t<path fill=\"#fff\" d=\"M2 0a2 2 0 0 0-2 2v2h1.5V2a.5.5 0 0 1 .5-.5h2V0H2Zm2 10.5H2a.5.5 0 0 1-.5-.5V8H0v2a2 2 0 0 0 2 2h2v-1.5ZM8 12v-1.5h2a.5.5 0 0 0 .5-.5V8H12v2a2 2 0 0 1-2 2H8Zm2-12a2 2 0 0 1 2 2v2h-1.5V2a.5.5 0 0 0-.5-.5H8V0h2Z\" \/>\n\t\t\t<\/svg>\n\t\t<\/button><\/figure>\n\n\n\n<p class=\"wp-block-paragraph\">T\u00e4m\u00e4 on kiistatta <strong>P\u00edsekin suurin sis\u00e4leikkipaikka<\/strong>, jonka l\u00f6yd\u00e4t kadulta V Porty\u010di (nro 450), ja me paikalliset perheet suuntaamme t\u00e4nne todella usein, etenkin kun ulkona sataa kaatamalla. Tilasta l\u00f6yd\u00e4t valtavat kiipeilytelineet, liukum\u00e4et, ison trampoliinin ja paljon vaahtomuovirakennuspalikoita, joista lapset rakentavat majoja.<\/p>\n\n\n\n<p class=\"wp-block-paragraph\">Leikkipaikka on ensisijaisesti <strong>tarkoitettu alle 10-vuotiaille lapsille<\/strong>, mutta erityisten leikkielementtien ansiosta t\u00e4\u00e4ll\u00e4 viihtyv\u00e4t my\u00f6s pienimm\u00e4t taaperot, joille on varattu turvallinen ymp\u00e4rist\u00f6. Vanhemmat voivat sill\u00e4 aikaa istua kahvila-osioon, ottaa kahvin ja pit\u00e4\u00e4 lapset koko ajan silm\u00e4ll\u00e4.<\/p>\n\n\n\n<p class=\"wp-block-paragraph\">P\u00e4\u00e4symaksu m\u00e4\u00e4r\u00e4ytyy leikkipaikalla vietetyn ajan mukaan \u2014 tunti lapselle maksaa 84 K\u010d (noin 3,50 \u20ac), mutta 129 K\u010d:ll\u00e4 (noin 5 \u20ac) voit olla t\u00e4\u00e4ll\u00e4 vaikka koko p\u00e4iv\u00e4n. Alle vuoden ik\u00e4iset vauvat maksavat vain 49 K\u010d (noin 2 \u20ac) ja aikuinen saattaja symbolisen 50 K\u010d (noin 2 \u20ac), mik\u00e4 tekee My\u0161kasta eritt\u00e4in edullista huvia.<\/p>\n\n\n\n<p class=\"wp-block-paragraph\">Ollaan rehellisi\u00e4: <strong>varusteet ovat jo aika vanhentuneita<\/strong> eik\u00e4 t\u00e4\u00e4ll\u00e4 tuoksu uutuudelta. Silti se on edelleen P\u00edsekin suurin leikkipaikka, ja juuri siksi k\u00e4ymme t\u00e4\u00e4ll\u00e4 jatkossakin. Miss\u00e4\u00e4n muualla kaupungissa lapsilla ei ole n\u00e4in paljon tilaa juosta.<\/p>\n\n\n\n<h3 class=\"wp-block-heading\"><span class=\"ez-toc-section\" id=\"2_Sladovna_%E2%80%93_Pilariste-nayttely\"><\/span>2. Sladovna \u2013 Pila\u0159i\u0161t\u011b-n\u00e4yttely<span class=\"ez-toc-section-end\"><\/span><\/h3>\n\n\n\n<figure data-wp-context=\"{&quot;imageId&quot;:&quot;6a951b9a20826&quot;}\" data-wp-interactive=\"core\/image\" data-wp-key=\"6a951b9a20826\" class=\"wp-block-image size-full wp-lightbox-container\"><img decoding=\"async\" width=\"2200\" height=\"1457\" data-wp-class--hide=\"state.isContentHidden\" data-wp-class--show=\"state.isContentVisible\" data-wp-init=\"callbacks.setButtonStyles\" data-wp-on--click=\"actions.showLightbox\" data-wp-on--load=\"callbacks.setButtonStyles\" data-wp-on--pointerdown=\"actions.preloadImage\" data-wp-on--pointerenter=\"actions.preloadImageWithDelay\" data-wp-on--pointerleave=\"actions.cancelPreload\" data-wp-on-window--resize=\"callbacks.setButtonStyles\" src=\"https:\/\/loudavymkrokem.cz\/wp-content\/uploads\/2026\/08\/sladovna-pisek-pilariste-expozice.jpg\" alt=\"Pila\u0159i\u0161t\u011b-n\u00e4yttely P\u00edsekin Sladovnassa\" class=\"wp-image-399622\" title=\"\" srcset=\"https:\/\/loudavymkrokem.cz\/wp-content\/uploads\/2026\/08\/sladovna-pisek-pilariste-expozice.jpg 2200w, https:\/\/loudavymkrokem.cz\/wp-content\/uploads\/2026\/08\/sladovna-pisek-pilariste-expozice-300x199.jpg 300w, https:\/\/loudavymkrokem.cz\/wp-content\/uploads\/2026\/08\/sladovna-pisek-pilariste-expozice-700x464.jpg 700w, https:\/\/loudavymkrokem.cz\/wp-content\/uploads\/2026\/08\/sladovna-pisek-pilariste-expozice-768x509.jpg 768w, https:\/\/loudavymkrokem.cz\/wp-content\/uploads\/2026\/08\/sladovna-pisek-pilariste-expozice-1536x1017.jpg 1536w, https:\/\/loudavymkrokem.cz\/wp-content\/uploads\/2026\/08\/sladovna-pisek-pilariste-expozice-2048x1356.jpg 2048w, https:\/\/loudavymkrokem.cz\/wp-content\/uploads\/2026\/08\/sladovna-pisek-pilariste-expozice-696x461.jpg 696w, https:\/\/loudavymkrokem.cz\/wp-content\/uploads\/2026\/08\/sladovna-pisek-pilariste-expozice-1392x922.jpg 1392w, https:\/\/loudavymkrokem.cz\/wp-content\/uploads\/2026\/08\/sladovna-pisek-pilariste-expozice-1920x1272.jpg 1920w\" sizes=\"(max-width: 2200px) 100vw, 2200px\" \/><button\n\t\t\tclass=\"lightbox-trigger\"\n\t\t\ttype=\"button\"\n\t\t\taria-haspopup=\"dialog\"\n\t\t\tdata-wp-bind--aria-label=\"state.thisImage.triggerButtonAriaLabel\"\n\t\t\tdata-wp-init=\"callbacks.initTriggerButton\"\n\t\t\tdata-wp-on--click=\"actions.showLightbox\"\n\t\t\tdata-wp-style--right=\"state.thisImage.buttonRight\"\n\t\t\tdata-wp-style--top=\"state.thisImage.buttonTop\"\n\t\t>\n\t\t\t<svg xmlns=\"http:\/\/www.w3.org\/2000\/svg\" width=\"12\" height=\"12\" fill=\"none\" viewBox=\"0 0 12 12\">\n\t\t\t\t<path fill=\"#fff\" d=\"M2 0a2 2 0 0 0-2 2v2h1.5V2a.5.5 0 0 1 .5-.5h2V0H2Zm2 10.5H2a.5.5 0 0 1-.5-.5V8H0v2a2 2 0 0 0 2 2h2v-1.5ZM8 12v-1.5h2a.5.5 0 0 0 .5-.5V8H12v2a2 2 0 0 1-2 2H8Zm2-12a2 2 0 0 1 2 2v2h-1.5V2a.5.5 0 0 0-.5-.5H8V0h2Z\" \/>\n\t\t\t<\/svg>\n\t\t<\/button><\/figure>\n\n\n\n<figure data-wp-context=\"{&quot;imageId&quot;:&quot;6a951b9a20b4b&quot;}\" data-wp-interactive=\"core\/image\" data-wp-key=\"6a951b9a20b4b\" class=\"wp-block-image size-full wp-lightbox-container\"><img decoding=\"async\" width=\"2200\" height=\"1467\" data-wp-class--hide=\"state.isContentHidden\" data-wp-class--show=\"state.isContentVisible\" data-wp-init=\"callbacks.setButtonStyles\" data-wp-on--click=\"actions.showLightbox\" data-wp-on--load=\"callbacks.setButtonStyles\" data-wp-on--pointerdown=\"actions.preloadImage\" data-wp-on--pointerenter=\"actions.preloadImageWithDelay\" data-wp-on--pointerleave=\"actions.cancelPreload\" data-wp-on-window--resize=\"callbacks.setButtonStyles\" src=\"https:\/\/loudavymkrokem.cz\/wp-content\/uploads\/2026\/08\/pisek-sladovna.jpg\" alt=\"Sladovna P\u00edsek, leikin kautta oppimisen galleria lapsille\" class=\"wp-image-399379\" title=\"\" srcset=\"https:\/\/loudavymkrokem.cz\/wp-content\/uploads\/2026\/08\/pisek-sladovna.jpg 2200w, https:\/\/loudavymkrokem.cz\/wp-content\/uploads\/2026\/08\/pisek-sladovna-300x200.jpg 300w, https:\/\/loudavymkrokem.cz\/wp-content\/uploads\/2026\/08\/pisek-sladovna-700x467.jpg 700w, https:\/\/loudavymkrokem.cz\/wp-content\/uploads\/2026\/08\/pisek-sladovna-768x512.jpg 768w, https:\/\/loudavymkrokem.cz\/wp-content\/uploads\/2026\/08\/pisek-sladovna-1536x1024.jpg 1536w, https:\/\/loudavymkrokem.cz\/wp-content\/uploads\/2026\/08\/pisek-sladovna-2048x1366.jpg 2048w, https:\/\/loudavymkrokem.cz\/wp-content\/uploads\/2026\/08\/pisek-sladovna-696x464.jpg 696w, https:\/\/loudavymkrokem.cz\/wp-content\/uploads\/2026\/08\/pisek-sladovna-1392x928.jpg 1392w, https:\/\/loudavymkrokem.cz\/wp-content\/uploads\/2026\/08\/pisek-sladovna-1920x1280.jpg 1920w\" sizes=\"(max-width: 2200px) 100vw, 2200px\" \/><button\n\t\t\tclass=\"lightbox-trigger\"\n\t\t\ttype=\"button\"\n\t\t\taria-haspopup=\"dialog\"\n\t\t\tdata-wp-bind--aria-label=\"state.thisImage.triggerButtonAriaLabel\"\n\t\t\tdata-wp-init=\"callbacks.initTriggerButton\"\n\t\t\tdata-wp-on--click=\"actions.showLightbox\"\n\t\t\tdata-wp-style--right=\"state.thisImage.buttonRight\"\n\t\t\tdata-wp-style--top=\"state.thisImage.buttonTop\"\n\t\t>\n\t\t\t<svg xmlns=\"http:\/\/www.w3.org\/2000\/svg\" width=\"12\" height=\"12\" fill=\"none\" viewBox=\"0 0 12 12\">\n\t\t\t\t<path fill=\"#fff\" d=\"M2 0a2 2 0 0 0-2 2v2h1.5V2a.5.5 0 0 1 .5-.5h2V0H2Zm2 10.5H2a.5.5 0 0 1-.5-.5V8H0v2a2 2 0 0 0 2 2h2v-1.5ZM8 12v-1.5h2a.5.5 0 0 0 .5-.5V8H12v2a2 2 0 0 1-2 2H8Zm2-12a2 2 0 0 1 2 2v2h-1.5V2a.5.5 0 0 0-.5-.5H8V0h2Z\" \/>\n\t\t\t<\/svg>\n\t\t<\/button><\/figure>\n\n\n\n<p class=\"wp-block-paragraph\"><a href=\"https:\/\/www.sladovna.cz\" target=\"_blank\" rel=\"nofollow noopener\">Sladovna<\/a>, joka toimii valtavana leikin kautta oppimisen galleriana, on <strong>aivan ainutlaatuinen P\u00edsekin ylpeys<\/strong>, jota et saa ohittaa. Sen Pila\u0159i\u0161t\u011b-osio on tehty erityisesti kaikkein pienimmille, syntym\u00e4st\u00e4 kuuteen ik\u00e4vuoteen, jotka voivat t\u00e4\u00e4ll\u00e4 turvallisesti tutkia maailmaa v\u00e4rien, \u00e4\u00e4nien ja tuntoaistimusten kautta.<\/p>\n\n\n\n<p class=\"wp-block-paragraph\">Tila on saanut inspiraationsa kuvittaja Radek Pila\u0159in teoksista, ja <strong>lapset voivat t\u00e4\u00e4ll\u00e4 ry\u00f6mi\u00e4, kiivet\u00e4 pehmeisiin piiloihin<\/strong> ja leikki\u00e4 interaktiivisten elementtien kanssa. Sladovnan valtavan suosion vuoksi turistien keskuudessa suosittelen selvitt\u00e4m\u00e4\u00e4n vapaat ajat ja ostamaan liput etuk\u00e4teen netist\u00e4.<\/p>\n\n\n\n<p class=\"wp-block-paragraph\">Sis\u00e4\u00e4np\u00e4\u00e4syt Pila\u0159i\u0161t\u011ben tapahtuvat <strong>varatuissa 90 minuutin aikablokeissa<\/strong>, jotta sis\u00e4ll\u00e4 ei ole liikaa v\u00e4ke\u00e4, ja perusp\u00e4\u00e4symaksu vuonna 2026 on 120 K\u010d (noin 5 \u20ac) henkil\u00f6lt\u00e4. Alle vuoden ik\u00e4iset lapset p\u00e4\u00e4sev\u00e4t ilmaiseksi ja lastenvaunut pys\u00e4k\u00f6it ongelmitta pohjakerroksen isoon vaates\u00e4ilytykseen.<\/p>\n\n\n\n<h3 class=\"wp-block-heading\"><span class=\"ez-toc-section\" id=\"3_Sladovna_%E2%80%93_Mraveniste-nayttely\"><\/span>3. Sladovna \u2013 Mraveni\u0161t\u011b-n\u00e4yttely<span class=\"ez-toc-section-end\"><\/span><\/h3>\n\n\n\n<p class=\"wp-block-paragraph\">Siin\u00e4 miss\u00e4 Pila\u0159i\u0161t\u011b on pikkuisille, kolme vuotta t\u00e4ytt\u00e4neet isommat lapset <strong>ihastuvat aivan t\u00e4ysin j\u00e4ttim\u00e4iseen Mraveni\u0161t\u011ben<\/strong> (Muurahaispes\u00e4\u00e4n), joka sijaitsee Sladovnan ylemm\u00e4ss\u00e4 kerroksessa. Kyseess\u00e4 on valtava puinen labyrintti t\u00e4ynn\u00e4 tunneleita, siltoja ja kiipeilytelineit\u00e4, jossa lapsista tulee hetkeksi pieni\u00e4 muurahaisia ja he tutkivat monimutkaista k\u00e4yt\u00e4v\u00e4verkostoa.<\/p>\n\n\n\n<p class=\"wp-block-paragraph\">Mraveni\u0161t\u011ben p\u00e4\u00e4stet\u00e4\u00e4n k\u00e4vij\u00f6it\u00e4 <strong>puolen tunnin v\u00e4lein<\/strong>, jotta kapeisiin tunneleihin ei syntyisi ruuhkia, ja sis\u00e4\u00e4np\u00e4\u00e4sy sis\u00e4ltyy p\u00e4\u00e4sylippuun p\u00e4\u00e4n\u00e4yttelyihin (150 K\u010d eli noin 6 \u20ac, alle 3-vuotiaat ilmaiseksi). N\u00e4yttelyt vaihtuvat s\u00e4\u00e4nn\u00f6llisesti, joten vaikka tulisit P\u00edsekiin monta kertaa, l\u00f6yd\u00e4t aina jotain uutta.<\/p>\n\n\n\n<p class=\"wp-block-paragraph\">Jos haluatte vierailun aikana lev\u00e4ht\u00e4\u00e4, <strong>aulasta l\u00f6yd\u00e4t kahviautomaatin<\/strong>, tai voit poiketa suoraan viereiseen Balz\u00e1m Caf\u00e9 -kahvilaan. Perhelippu p\u00e4\u00e4n\u00e4yttelyihin maksaa noin 500\u2013600 K\u010d (noin 20\u201325 \u20ac), mik\u00e4 on ehdottomasti sen arvoista niist\u00e4 tunneista laadukasta viihdett\u00e4.<\/p>\n\n\n\n<h3 class=\"wp-block-heading\"><span class=\"ez-toc-section\" id=\"4_Fazole_%E2%80%93_Montessori-tyohuoneet\"><\/span>4. Fazole \u2013 Montessori-ty\u00f6huoneet<span class=\"ez-toc-section-end\"><\/span><\/h3>\n\n\n\n<figure data-wp-context=\"{&quot;imageId&quot;:&quot;6a951b9a2128a&quot;}\" data-wp-interactive=\"core\/image\" data-wp-key=\"6a951b9a2128a\" class=\"wp-block-image size-full wp-lightbox-container\"><img decoding=\"async\" width=\"1600\" height=\"1067\" data-wp-class--hide=\"state.isContentHidden\" data-wp-class--show=\"state.isContentVisible\" data-wp-init=\"callbacks.setButtonStyles\" data-wp-on--click=\"actions.showLightbox\" data-wp-on--load=\"callbacks.setButtonStyles\" data-wp-on--pointerdown=\"actions.preloadImage\" data-wp-on--pointerenter=\"actions.preloadImageWithDelay\" data-wp-on--pointerleave=\"actions.cancelPreload\" data-wp-on-window--resize=\"callbacks.setButtonStyles\" src=\"https:\/\/loudavymkrokem.cz\/wp-content\/uploads\/2026\/08\/fazole-montessori-pomucky-pisek.jpg\" alt=\"Montessori-v\u00e4lineet Fazole-ty\u00f6huoneissa P\u00edsekiss\u00e4\" class=\"wp-image-399691\" title=\"\" srcset=\"https:\/\/loudavymkrokem.cz\/wp-content\/uploads\/2026\/08\/fazole-montessori-pomucky-pisek.jpg 1600w, https:\/\/loudavymkrokem.cz\/wp-content\/uploads\/2026\/08\/fazole-montessori-pomucky-pisek-300x200.jpg 300w, https:\/\/loudavymkrokem.cz\/wp-content\/uploads\/2026\/08\/fazole-montessori-pomucky-pisek-700x467.jpg 700w, https:\/\/loudavymkrokem.cz\/wp-content\/uploads\/2026\/08\/fazole-montessori-pomucky-pisek-768x512.jpg 768w, https:\/\/loudavymkrokem.cz\/wp-content\/uploads\/2026\/08\/fazole-montessori-pomucky-pisek-1536x1024.jpg 1536w, https:\/\/loudavymkrokem.cz\/wp-content\/uploads\/2026\/08\/fazole-montessori-pomucky-pisek-696x464.jpg 696w, https:\/\/loudavymkrokem.cz\/wp-content\/uploads\/2026\/08\/fazole-montessori-pomucky-pisek-1392x928.jpg 1392w\" sizes=\"(max-width: 1600px) 100vw, 1600px\" \/><button\n\t\t\tclass=\"lightbox-trigger\"\n\t\t\ttype=\"button\"\n\t\t\taria-haspopup=\"dialog\"\n\t\t\tdata-wp-bind--aria-label=\"state.thisImage.triggerButtonAriaLabel\"\n\t\t\tdata-wp-init=\"callbacks.initTriggerButton\"\n\t\t\tdata-wp-on--click=\"actions.showLightbox\"\n\t\t\tdata-wp-style--right=\"state.thisImage.buttonRight\"\n\t\t\tdata-wp-style--top=\"state.thisImage.buttonTop\"\n\t\t>\n\t\t\t<svg xmlns=\"http:\/\/www.w3.org\/2000\/svg\" width=\"12\" height=\"12\" fill=\"none\" viewBox=\"0 0 12 12\">\n\t\t\t\t<path fill=\"#fff\" d=\"M2 0a2 2 0 0 0-2 2v2h1.5V2a.5.5 0 0 1 .5-.5h2V0H2Zm2 10.5H2a.5.5 0 0 1-.5-.5V8H0v2a2 2 0 0 0 2 2h2v-1.5ZM8 12v-1.5h2a.5.5 0 0 0 .5-.5V8H12v2a2 2 0 0 1-2 2H8Zm2-12a2 2 0 0 1 2 2v2h-1.5V2a.5.5 0 0 0-.5-.5H8V0h2Z\" \/>\n\t\t\t<\/svg>\n\t\t<\/button><\/figure>\n\n\n\n<p class=\"wp-block-paragraph\">Yhdest\u00e4 kolmeen vuoden ik\u00e4isten taaperoiden vanhemmille P\u00edsekiss\u00e4 toimivat <strong>kauniit Fazole Montessori -ty\u00f6huoneet<\/strong>, joita vet\u00e4v\u00e4t kunnioittavaan l\u00e4hestymistapaan keskittyneet ohjaajat. Lapset voivat t\u00e4\u00e4ll\u00e4 erityisesti muokatussa ymp\u00e4rist\u00f6ss\u00e4 kokeilla ty\u00f6skentely\u00e4 Montessori-v\u00e4lineill\u00e4, harjoittaa hienomotoriikkaa ja opetella omatoimisuutta.<\/p>\n\n\n\n<p class=\"wp-block-paragraph\">Yleis\u00f6lle avoimet ty\u00f6huoneet pidet\u00e4\u00e4n <strong>yleens\u00e4 torstaiaamuisin<\/strong>, mutta koska kapasiteetti on rajattu enint\u00e4\u00e4n kuuteen lapseen, sinun t\u00e4ytyy aina varata paikkasi etuk\u00e4teen. P\u00e4\u00e4symaksu on 200 K\u010d (noin 8 \u20ac) yhdelt\u00e4 aamup\u00e4iv\u00e4lt\u00e4, ja hintaan sis\u00e4ltyy my\u00f6s terveellinen lasten v\u00e4lipala.<\/p>\n\n\n\n<p class=\"wp-block-paragraph\">Varo vain oikeaa osoitetta, sill\u00e4 <strong>jotkut vanhemmat sivustot ilmoittavat kaduksi Sedl\u00e1\u010dkova<\/strong>, mutta nyky\u00e4\u00e4n yleis\u00f6lle avoimet ty\u00f6huoneet pidet\u00e4\u00e4n Karlova-kadulla. Varmista se siis mieluummin ennen vierailua heid\u00e4n verkkosivuiltaan.<\/p>\n\n\n\n<h3 class=\"wp-block-heading\"><span class=\"ez-toc-section\" id=\"5_Hernajs\"><\/span>5. Hernajs<span class=\"ez-toc-section-end\"><\/span><\/h3>\n\n\n\n<figure data-wp-context=\"{&quot;imageId&quot;:&quot;6a951b9a218d4&quot;}\" data-wp-interactive=\"core\/image\" data-wp-key=\"6a951b9a218d4\" class=\"wp-block-image size-full wp-lightbox-container\"><img decoding=\"async\" width=\"2200\" height=\"1455\" data-wp-class--hide=\"state.isContentHidden\" data-wp-class--show=\"state.isContentVisible\" data-wp-init=\"callbacks.setButtonStyles\" data-wp-on--click=\"actions.showLightbox\" data-wp-on--load=\"callbacks.setButtonStyles\" data-wp-on--pointerdown=\"actions.preloadImage\" data-wp-on--pointerenter=\"actions.preloadImageWithDelay\" data-wp-on--pointerleave=\"actions.cancelPreload\" data-wp-on-window--resize=\"callbacks.setButtonStyles\" src=\"https:\/\/loudavymkrokem.cz\/wp-content\/uploads\/2026\/08\/pisek-hernajs-hernicka-az-na-pudu.jpg\" alt=\"Hernajs-leikkipaikka P\u00edsekiss\u00e4\" class=\"wp-image-399527\" title=\"\" srcset=\"https:\/\/loudavymkrokem.cz\/wp-content\/uploads\/2026\/08\/pisek-hernajs-hernicka-az-na-pudu.jpg 2200w, https:\/\/loudavymkrokem.cz\/wp-content\/uploads\/2026\/08\/pisek-hernajs-hernicka-az-na-pudu-300x198.jpg 300w, https:\/\/loudavymkrokem.cz\/wp-content\/uploads\/2026\/08\/pisek-hernajs-hernicka-az-na-pudu-700x463.jpg 700w, https:\/\/loudavymkrokem.cz\/wp-content\/uploads\/2026\/08\/pisek-hernajs-hernicka-az-na-pudu-768x508.jpg 768w, https:\/\/loudavymkrokem.cz\/wp-content\/uploads\/2026\/08\/pisek-hernajs-hernicka-az-na-pudu-1536x1016.jpg 1536w, https:\/\/loudavymkrokem.cz\/wp-content\/uploads\/2026\/08\/pisek-hernajs-hernicka-az-na-pudu-2048x1354.jpg 2048w, https:\/\/loudavymkrokem.cz\/wp-content\/uploads\/2026\/08\/pisek-hernajs-hernicka-az-na-pudu-696x460.jpg 696w, https:\/\/loudavymkrokem.cz\/wp-content\/uploads\/2026\/08\/pisek-hernajs-hernicka-az-na-pudu-1392x921.jpg 1392w, https:\/\/loudavymkrokem.cz\/wp-content\/uploads\/2026\/08\/pisek-hernajs-hernicka-az-na-pudu-1920x1270.jpg 1920w\" sizes=\"(max-width: 2200px) 100vw, 2200px\" \/><button\n\t\t\tclass=\"lightbox-trigger\"\n\t\t\ttype=\"button\"\n\t\t\taria-haspopup=\"dialog\"\n\t\t\tdata-wp-bind--aria-label=\"state.thisImage.triggerButtonAriaLabel\"\n\t\t\tdata-wp-init=\"callbacks.initTriggerButton\"\n\t\t\tdata-wp-on--click=\"actions.showLightbox\"\n\t\t\tdata-wp-style--right=\"state.thisImage.buttonRight\"\n\t\t\tdata-wp-style--top=\"state.thisImage.buttonTop\"\n\t\t>\n\t\t\t<svg xmlns=\"http:\/\/www.w3.org\/2000\/svg\" width=\"12\" height=\"12\" fill=\"none\" viewBox=\"0 0 12 12\">\n\t\t\t\t<path fill=\"#fff\" d=\"M2 0a2 2 0 0 0-2 2v2h1.5V2a.5.5 0 0 1 .5-.5h2V0H2Zm2 10.5H2a.5.5 0 0 1-.5-.5V8H0v2a2 2 0 0 0 2 2h2v-1.5ZM8 12v-1.5h2a.5.5 0 0 0 .5-.5V8H12v2a2 2 0 0 1-2 2H8Zm2-12a2 2 0 0 1 2 2v2h-1.5V2a.5.5 0 0 0-.5-.5H8V0h2Z\" \/>\n\t\t\t<\/svg>\n\t\t<\/button><\/figure>\n\n\n\n<p class=\"wp-block-paragraph\">Hernajsin l\u00f6yd\u00e4t Jungmannova-kadulta, samasta talosta kuin kahvila A\u017e na p\u016fdu. <strong>Leikkipaikka ei kuitenkaan kuulu kahvilaan<\/strong>, se on itsen\u00e4inen yritys \u2014 niill\u00e4 on vain yhteinen sis\u00e4\u00e4nk\u00e4ynti, ja kahvilan kahvin voit ottaa mukaan lasten luo yl\u00e4kertaan.<\/p>\n\n\n\n<p class=\"wp-block-paragraph\">Kyseess\u00e4 on <strong>pieni leikkipaikka toisessa kerroksessa<\/strong>, jossa on puisia leluja \u2014 leikkikeitti\u00f6, nukkekoti ja soittimia pienimmille. Me k\u00e4vimme t\u00e4\u00e4ll\u00e4 Jon\u00e1\u0161ekin kanssa l\u00e4hinn\u00e4 ensimm\u00e4isen ja toisen ik\u00e4vuoden v\u00e4liss\u00e4. Heti kun h\u00e4n alkoi liikkua enemm\u00e4n, k\u00e4ymme harvemmin, koska t\u00e4\u00e4ll\u00e4 ei yksinkertaisesti ole tilaa juosta.<\/p>\n\n\n\n<p class=\"wp-block-paragraph\"><a href=\"https:\/\/www.instagram.com\/her.najs\/\" target=\"_blank\" rel=\"nofollow noopener\">Instagramissa @her.najs<\/a> l\u00f6yd\u00e4t tietoa my\u00f6s kerhoista, ty\u00f6pajoista ja aistileikeist\u00e4. Ohjelma kuitenkin muuttuu hurjasti eik\u00e4 usein j\u00e4rjestet\u00e4 juuri mit\u00e4\u00e4n, joten varmista ajankohta mieluummin aina etuk\u00e4teen. Julkista hinnastoa heill\u00e4 ei ole.<\/p>\n\n\n\n<h3 class=\"wp-block-heading\"><span class=\"ez-toc-section\" id=\"6_Mini_Academy_Pisek\"><\/span>6. Mini Academy P\u00edsek<span class=\"ez-toc-section-end\"><\/span><\/h3>\n\n\n\n<p class=\"wp-block-paragraph\">Toinen kiinnostava paikka perheille on Mini Academy Pra\u017esk\u00e1-kadulla, joka <strong>keskittyy ennen kaikkea lasten kerhoihin<\/strong> ja j\u00e4rjestettyihin aktiviteetteihin. Tarjonta on todella laaja (t\u00e4ydellisen katsauksen p\u00edsekil\u00e4isist\u00e4 kerhoista i\u00e4n mukaan tarjoaa <a href=\"https:\/\/pisek.info\/deti\/krouzky\" target=\"_blank\" rel=\"noopener\">pisek.info<\/a>), suosituista Mimihr\u00e1tky-leikeist\u00e4 alle kaksivuotiaille aistileikkien kautta moderneihin kerhoihin kuten Hobby Horse tai voimistelu.<\/p>\n\n\n\n<p class=\"wp-block-paragraph\">Kyse on ensisijaisesti s\u00e4\u00e4nn\u00f6llisist\u00e4 kerhoista, ei vapaasta leikist\u00e4, joten tarkista konkreettiset ajat ja hinnat suoraan heilt\u00e4 puhelimitse tai verkosta \u2014 ja muuten, tilat voit vuokrata my\u00f6s syntym\u00e4p\u00e4iv\u00e4juhliin.<\/p>\n\n\n\n<p class=\"wp-block-paragraph\">\ud83d\udca1 <strong>Vinkki:<\/strong> Loma-aikojen p\u00e4iv\u00e4leirej\u00e4 j\u00e4rjest\u00e4\u00e4 Laser Ar\u00e9na (ks. seuraava vinkki), Mini Academylta kannattaa kysy\u00e4 ajankohtaista tarjontaa.<\/p>\n\n\n\n<h3 class=\"wp-block-heading\"><span class=\"ez-toc-section\" id=\"7_Laser_Arena_Pisek_Game_Cafe_Bar\"><\/span>7. Laser Ar\u00e9na P\u00edsek &amp; Game Caf\u00e9 Bar<span class=\"ez-toc-section-end\"><\/span><\/h3>\n\n\n\n<figure data-wp-context=\"{&quot;imageId&quot;:&quot;6a951b9a221e9&quot;}\" data-wp-interactive=\"core\/image\" data-wp-key=\"6a951b9a221e9\" class=\"wp-block-image size-full wp-lightbox-container\"><img decoding=\"async\" width=\"2000\" height=\"1333\" data-wp-class--hide=\"state.isContentHidden\" data-wp-class--show=\"state.isContentVisible\" data-wp-init=\"callbacks.setButtonStyles\" data-wp-on--click=\"actions.showLightbox\" data-wp-on--load=\"callbacks.setButtonStyles\" data-wp-on--pointerdown=\"actions.preloadImage\" data-wp-on--pointerenter=\"actions.preloadImageWithDelay\" data-wp-on--pointerleave=\"actions.cancelPreload\" data-wp-on-window--resize=\"callbacks.setButtonStyles\" src=\"https:\/\/loudavymkrokem.cz\/wp-content\/uploads\/2026\/08\/laser-arena-pisek.jpg\" alt=\"Lasergame P\u00edsekin Laser Ar\u00e9nassa\" class=\"wp-image-399679\" title=\"\" srcset=\"https:\/\/loudavymkrokem.cz\/wp-content\/uploads\/2026\/08\/laser-arena-pisek.jpg 2000w, https:\/\/loudavymkrokem.cz\/wp-content\/uploads\/2026\/08\/laser-arena-pisek-300x200.jpg 300w, https:\/\/loudavymkrokem.cz\/wp-content\/uploads\/2026\/08\/laser-arena-pisek-700x467.jpg 700w, https:\/\/loudavymkrokem.cz\/wp-content\/uploads\/2026\/08\/laser-arena-pisek-768x512.jpg 768w, https:\/\/loudavymkrokem.cz\/wp-content\/uploads\/2026\/08\/laser-arena-pisek-1536x1024.jpg 1536w, https:\/\/loudavymkrokem.cz\/wp-content\/uploads\/2026\/08\/laser-arena-pisek-696x464.jpg 696w, https:\/\/loudavymkrokem.cz\/wp-content\/uploads\/2026\/08\/laser-arena-pisek-1392x928.jpg 1392w, https:\/\/loudavymkrokem.cz\/wp-content\/uploads\/2026\/08\/laser-arena-pisek-1920x1280.jpg 1920w\" sizes=\"(max-width: 2000px) 100vw, 2000px\" \/><button\n\t\t\tclass=\"lightbox-trigger\"\n\t\t\ttype=\"button\"\n\t\t\taria-haspopup=\"dialog\"\n\t\t\tdata-wp-bind--aria-label=\"state.thisImage.triggerButtonAriaLabel\"\n\t\t\tdata-wp-init=\"callbacks.initTriggerButton\"\n\t\t\tdata-wp-on--click=\"actions.showLightbox\"\n\t\t\tdata-wp-style--right=\"state.thisImage.buttonRight\"\n\t\t\tdata-wp-style--top=\"state.thisImage.buttonTop\"\n\t\t>\n\t\t\t<svg xmlns=\"http:\/\/www.w3.org\/2000\/svg\" width=\"12\" height=\"12\" fill=\"none\" viewBox=\"0 0 12 12\">\n\t\t\t\t<path fill=\"#fff\" d=\"M2 0a2 2 0 0 0-2 2v2h1.5V2a.5.5 0 0 1 .5-.5h2V0H2Zm2 10.5H2a.5.5 0 0 1-.5-.5V8H0v2a2 2 0 0 0 2 2h2v-1.5ZM8 12v-1.5h2a.5.5 0 0 0 .5-.5V8H12v2a2 2 0 0 1-2 2H8Zm2-12a2 2 0 0 1 2 2v2h-1.5V2a.5.5 0 0 0-.5-.5H8V0h2Z\" \/>\n\t\t\t<\/svg>\n\t\t<\/button><\/figure>\n\n\n\n<p class=\"wp-block-paragraph\">Jos perheess\u00e4 on my\u00f6s isompia lapsia tai teini-ik\u00e4isi\u00e4, vie heid\u00e4t ehdottomasti Luna-tavarataloon Suurella torilla, jonka kolmannessa kerroksessa piilee <strong>mahtava Laser Ar\u00e9na<\/strong>. Noin kuusivuotiaista l\u00e4htien p\u00e4tee s\u00e4\u00e4nt\u00f6, ett\u00e4 pelata saa jokainen, joka jaksaa kantaa p\u00e4\u00e4ll\u00e4\u00e4n valaisevan peliliivin.<\/p>\n\n\n\n<p class=\"wp-block-paragraph\">Siin\u00e4 miss\u00e4 isommat lapset juoksevat pimennetyss\u00e4 areenassa, sin\u00e4 voit istua viereiseen Game Caf\u00e9 Bariin, jossa on lis\u00e4ksi <strong>ajateltu my\u00f6s vauvoja ja varustettu se lastennurkkauksella<\/strong> vaihtop\u00f6ytineen. Lasergamen lis\u00e4ksi t\u00e4\u00e4lt\u00e4 l\u00f6ytyy my\u00f6s biljardi, p\u00f6yt\u00e4jalkapallo, kilpasimulaattori tai virtuaalitodellisuuslasit.<\/p>\n\n\n\n<p class=\"wp-block-paragraph\">Perusp\u00e4\u00e4symaksu <strong>yhteen lasergame-peliin on 110 K\u010d<\/strong> (noin 4,50 \u20ac), mutta viikonloppuisin ja loma-aikoina t\u00e4\u00e4ll\u00e4 on usein hyvin ruuhkaista, joten suosittelen tekem\u00e4\u00e4n varauksen etuk\u00e4teen. Auki on yleens\u00e4 perjantaista sunnuntaihin, arkisin taas sopimuksen mukaan.<\/p>\n\n\n\n<h3 class=\"wp-block-heading\"><span class=\"ez-toc-section\" id=\"8_LezeTop_%E2%80%93_Pisekin_kiipeilykeskus\"><\/span>8. LezeTop \u2013 P\u00edsekin kiipeilykeskus<span class=\"ez-toc-section-end\"><\/span><\/h3>\n\n\n\n<figure data-wp-context=\"{&quot;imageId&quot;:&quot;6a951b9a22877&quot;}\" data-wp-interactive=\"core\/image\" data-wp-key=\"6a951b9a22877\" class=\"wp-block-image size-full wp-lightbox-container\"><img decoding=\"async\" width=\"1280\" height=\"721\" data-wp-class--hide=\"state.isContentHidden\" data-wp-class--show=\"state.isContentVisible\" data-wp-init=\"callbacks.setButtonStyles\" data-wp-on--click=\"actions.showLightbox\" data-wp-on--load=\"callbacks.setButtonStyles\" data-wp-on--pointerdown=\"actions.preloadImage\" data-wp-on--pointerenter=\"actions.preloadImageWithDelay\" data-wp-on--pointerleave=\"actions.cancelPreload\" data-wp-on-window--resize=\"callbacks.setButtonStyles\" src=\"https:\/\/loudavymkrokem.cz\/wp-content\/uploads\/2026\/08\/lezetop-lezecke-centrum-pisek.jpg\" alt=\"Kiipeilysein\u00e4 P\u00edsekin LezeTop-keskuksessa\" class=\"wp-image-399686\" title=\"\" srcset=\"https:\/\/loudavymkrokem.cz\/wp-content\/uploads\/2026\/08\/lezetop-lezecke-centrum-pisek.jpg 1280w, https:\/\/loudavymkrokem.cz\/wp-content\/uploads\/2026\/08\/lezetop-lezecke-centrum-pisek-300x169.jpg 300w, https:\/\/loudavymkrokem.cz\/wp-content\/uploads\/2026\/08\/lezetop-lezecke-centrum-pisek-700x394.jpg 700w, https:\/\/loudavymkrokem.cz\/wp-content\/uploads\/2026\/08\/lezetop-lezecke-centrum-pisek-768x433.jpg 768w, https:\/\/loudavymkrokem.cz\/wp-content\/uploads\/2026\/08\/lezetop-lezecke-centrum-pisek-696x392.jpg 696w\" sizes=\"(max-width: 1280px) 100vw, 1280px\" \/><button\n\t\t\tclass=\"lightbox-trigger\"\n\t\t\ttype=\"button\"\n\t\t\taria-haspopup=\"dialog\"\n\t\t\tdata-wp-bind--aria-label=\"state.thisImage.triggerButtonAriaLabel\"\n\t\t\tdata-wp-init=\"callbacks.initTriggerButton\"\n\t\t\tdata-wp-on--click=\"actions.showLightbox\"\n\t\t\tdata-wp-style--right=\"state.thisImage.buttonRight\"\n\t\t\tdata-wp-style--top=\"state.thisImage.buttonTop\"\n\t\t>\n\t\t\t<svg xmlns=\"http:\/\/www.w3.org\/2000\/svg\" width=\"12\" height=\"12\" fill=\"none\" viewBox=\"0 0 12 12\">\n\t\t\t\t<path fill=\"#fff\" d=\"M2 0a2 2 0 0 0-2 2v2h1.5V2a.5.5 0 0 1 .5-.5h2V0H2Zm2 10.5H2a.5.5 0 0 1-.5-.5V8H0v2a2 2 0 0 0 2 2h2v-1.5ZM8 12v-1.5h2a.5.5 0 0 0 .5-.5V8H12v2a2 2 0 0 1-2 2H8Zm2-12a2 2 0 0 1 2 2v2h-1.5V2a.5.5 0 0 0-.5-.5H8V0h2Z\" \/>\n\t\t\t<\/svg>\n\t\t<\/button><\/figure>\n\n\n\n<p class=\"wp-block-paragraph\">Kaikille pienille apinoille, jotka kiipeilev\u00e4t kotona huonekaluilla, t\u00e4ydellinen valinta on <strong>vierailu <a href=\"https:\/\/lezetop.cz\" target=\"_blank\" rel=\"nofollow noopener\">kiipeilykeskus LezeTopissa<\/a><\/strong> kadulla U Vod\u00e1rny. K\u00e4ytett\u00e4viss\u00e4 on valtava yli 1500 neli\u00f6metrin pinta-ala ja yli 150 eri vaikeustasoista kiipeilyreitti\u00e4.<\/p>\n\n\n\n<p class=\"wp-block-paragraph\">Ei tarvitse pel\u00e4t\u00e4 tulla edes t\u00e4ysien aloittelijoiden kanssa, sill\u00e4 t\u00e4\u00e4ll\u00e4 <strong>on erityinen lasten sein\u00e4 ja boulder<\/strong>, jossa my\u00f6s pienimm\u00e4t voivat kokeilla kiipeily\u00e4 turvallisesti ilman monimutkaista varmistusta. Kaikki varusteet pienet kiipeilykeng\u00e4t mukaan lukien lainataan mielell\u00e4\u00e4n suoraan vastaanotossa.<\/p>\n\n\n\n<p class=\"wp-block-paragraph\">Koko tila on t\u00e4ysin esteet\u00f6n, joten t\u00e4nne p\u00e4\u00e4set my\u00f6s lastenvaunujen kanssa, ja kun olette kiipeilyst\u00e4 puhki, voitte istahtaa heid\u00e4n baariinsa, jonka yhteydess\u00e4 on my\u00f6s pieni lastennurkkaus. Auki on joka p\u00e4iv\u00e4 aamukymmenest\u00e4 iltaan.<\/p>\n\n\n\n<h3 class=\"wp-block-heading\"><span class=\"ez-toc-section\" id=\"9_Uimahalli\"><\/span>9. Uimahalli<span class=\"ez-toc-section-end\"><\/span><\/h3>\n\n\n\n<p class=\"wp-block-paragraph\">Kun ulkona on koleaa, sinut pelastaa luotettavasti P\u00edsekin uimahalli Ostrovn\u00ed-kadulla, jonne <strong>paikalliset perheet k\u00e4yv\u00e4t viikonloppu-uinnilla<\/strong>. Lapsille on t\u00e4\u00e4ll\u00e4 yhdeks\u00e4n kertaa kuuden metrin lastenallas, jonka enimm\u00e4issyvyys on 90 senttimetri\u00e4, joten sinne ylt\u00e4\u00e4 helposti.<\/p>\n\n\n\n<p class=\"wp-block-paragraph\">Sill\u00e4 aikaa kun lapset polskivat l\u00e4mpim\u00e4ss\u00e4 vedess\u00e4, <strong>aikuiset voivat vuorotella h\u00f6yryhuoneissa<\/strong>, jotka ovat k\u00e4ytett\u00e4viss\u00e4 suoraan altaan vieress\u00e4. Kes\u00e4kuukausina voi lis\u00e4ksi k\u00e4vell\u00e4 ulkoterassille ottamaan aurinkoa auringonvarjolla.<\/p>\n\n\n\n<p class=\"wp-block-paragraph\">P\u00e4\u00e4symaksut muuttuvat usein, ja <strong>verkossa on vanha hinnasto vuodelta 2022<\/strong>, jonka mukaan aikuiset maksavat 100 K\u010d (noin 4 \u20ac) ja alle 140-senttiset lapset 60 K\u010d (noin 2,50 \u20ac) kahdelta tunnilta, joten varaudu mieluummin siihen, ett\u00e4 kassalla summat voivat olla hieman korkeampia. Auki on joka p\u00e4iv\u00e4, mutta viikonloppuisin vasta iltap\u00e4iv\u00e4ll\u00e4.<\/p>\n\n\n\n<h3 class=\"wp-block-heading\"><span class=\"ez-toc-section\" id=\"10_Aidin_ja_lapsen_hoivakeskus\"><\/span>10. \u00c4idin ja lapsen hoivakeskus<span class=\"ez-toc-section-end\"><\/span><\/h3>\n\n\n\n<p class=\"wp-block-paragraph\">Jos sinulla on todella pieni vauva ja haluat nauttia veden kanssa intiimimm\u00e4ss\u00e4 ymp\u00e4rist\u00f6ss\u00e4, tutustu Erbenova-kadun \u00e4idin ja lapsen hoivakeskuksen tarjontaan. Heill\u00e4 on <strong>erityinen l\u00e4mmitetty lastenallas<\/strong>, jossa pidet\u00e4\u00e4n uintikursseja vauvoille ja taaperoille aina kuuteen ik\u00e4vuoteen asti.<\/p>\n\n\n\n<p class=\"wp-block-paragraph\">Altaan lis\u00e4ksi keskuksessa toimii my\u00f6s <strong>miellytt\u00e4v\u00e4 lastennurkkaus<\/strong>, jossa lapset voivat uinnin j\u00e4lkeen leikki\u00e4 ja sopeutua ennen ulos l\u00e4ht\u00f6\u00e4. Keskus keskittyy ensisijaisesti s\u00e4\u00e4nn\u00f6llisiin kursseihin ja fysioterapiaan, joten kertaluontoiset k\u00e4ynnit on aina sovittava puhelimitse.<\/p>\n\n\n\n<p class=\"wp-block-paragraph\">Aukioloaika on <strong>maanantaista perjantaihin<\/strong> (ma\u2013to 8\u201318, pe 8\u201316), mutta tarkkaa tietoa vapaista kapasiteeteista ja ajankohtaisista hinnoista varten suosittelen soittamaan, sill\u00e4 n\u00e4m\u00e4 tiedot valitettavasti puuttuvat verkkosivuilta.<\/p>\n\n\n\n<h3 class=\"wp-block-heading\"><span class=\"ez-toc-section\" id=\"11_Kaupunginkirjasto_ja_kahvila_Upekla\"><\/span>11. Kaupunginkirjasto ja kahvila Upekla<span class=\"ez-toc-section-end\"><\/span><\/h3>\n\n\n\n<figure data-wp-context=\"{&quot;imageId&quot;:&quot;6a951b9a2360f&quot;}\" data-wp-interactive=\"core\/image\" data-wp-key=\"6a951b9a2360f\" class=\"wp-block-image size-full wp-lightbox-container\"><img decoding=\"async\" width=\"2200\" height=\"1650\" data-wp-class--hide=\"state.isContentHidden\" data-wp-class--show=\"state.isContentVisible\" data-wp-init=\"callbacks.setButtonStyles\" data-wp-on--click=\"actions.showLightbox\" data-wp-on--load=\"callbacks.setButtonStyles\" data-wp-on--pointerdown=\"actions.preloadImage\" data-wp-on--pointerenter=\"actions.preloadImageWithDelay\" data-wp-on--pointerleave=\"actions.cancelPreload\" data-wp-on-window--resize=\"callbacks.setButtonStyles\" src=\"https:\/\/loudavymkrokem.cz\/wp-content\/uploads\/2026\/08\/pisek-knihovna-vnitroblok-piskoviste-upekla.jpg\" alt=\"P\u00edsekin kaupunginkirjaston sis\u00e4piha hiekkalaatikoineen Upekla-kahvilan luona\" class=\"wp-image-399544\" title=\"\" srcset=\"https:\/\/loudavymkrokem.cz\/wp-content\/uploads\/2026\/08\/pisek-knihovna-vnitroblok-piskoviste-upekla.jpg 2200w, https:\/\/loudavymkrokem.cz\/wp-content\/uploads\/2026\/08\/pisek-knihovna-vnitroblok-piskoviste-upekla-300x225.jpg 300w, https:\/\/loudavymkrokem.cz\/wp-content\/uploads\/2026\/08\/pisek-knihovna-vnitroblok-piskoviste-upekla-700x525.jpg 700w, https:\/\/loudavymkrokem.cz\/wp-content\/uploads\/2026\/08\/pisek-knihovna-vnitroblok-piskoviste-upekla-768x576.jpg 768w, https:\/\/loudavymkrokem.cz\/wp-content\/uploads\/2026\/08\/pisek-knihovna-vnitroblok-piskoviste-upekla-1536x1152.jpg 1536w, https:\/\/loudavymkrokem.cz\/wp-content\/uploads\/2026\/08\/pisek-knihovna-vnitroblok-piskoviste-upekla-2048x1536.jpg 2048w, https:\/\/loudavymkrokem.cz\/wp-content\/uploads\/2026\/08\/pisek-knihovna-vnitroblok-piskoviste-upekla-80x60.jpg 80w, https:\/\/loudavymkrokem.cz\/wp-content\/uploads\/2026\/08\/pisek-knihovna-vnitroblok-piskoviste-upekla-160x120.jpg 160w, https:\/\/loudavymkrokem.cz\/wp-content\/uploads\/2026\/08\/pisek-knihovna-vnitroblok-piskoviste-upekla-696x522.jpg 696w, https:\/\/loudavymkrokem.cz\/wp-content\/uploads\/2026\/08\/pisek-knihovna-vnitroblok-piskoviste-upekla-1392x1044.jpg 1392w, https:\/\/loudavymkrokem.cz\/wp-content\/uploads\/2026\/08\/pisek-knihovna-vnitroblok-piskoviste-upekla-1920x1440.jpg 1920w\" sizes=\"(max-width: 2200px) 100vw, 2200px\" \/><button\n\t\t\tclass=\"lightbox-trigger\"\n\t\t\ttype=\"button\"\n\t\t\taria-haspopup=\"dialog\"\n\t\t\tdata-wp-bind--aria-label=\"state.thisImage.triggerButtonAriaLabel\"\n\t\t\tdata-wp-init=\"callbacks.initTriggerButton\"\n\t\t\tdata-wp-on--click=\"actions.showLightbox\"\n\t\t\tdata-wp-style--right=\"state.thisImage.buttonRight\"\n\t\t\tdata-wp-style--top=\"state.thisImage.buttonTop\"\n\t\t>\n\t\t\t<svg xmlns=\"http:\/\/www.w3.org\/2000\/svg\" width=\"12\" height=\"12\" fill=\"none\" viewBox=\"0 0 12 12\">\n\t\t\t\t<path fill=\"#fff\" d=\"M2 0a2 2 0 0 0-2 2v2h1.5V2a.5.5 0 0 1 .5-.5h2V0H2Zm2 10.5H2a.5.5 0 0 1-.5-.5V8H0v2a2 2 0 0 0 2 2h2v-1.5ZM8 12v-1.5h2a.5.5 0 0 0 .5-.5V8H12v2a2 2 0 0 1-2 2H8Zm2-12a2 2 0 0 1 2 2v2h-1.5V2a.5.5 0 0 0-.5-.5H8V0h2Z\" \/>\n\t\t\t<\/svg>\n\t\t<\/button><\/figure>\n\n\n\n<figure data-wp-context=\"{&quot;imageId&quot;:&quot;6a951b9a23a83&quot;}\" data-wp-interactive=\"core\/image\" data-wp-key=\"6a951b9a23a83\" class=\"wp-block-image size-full wp-lightbox-container\"><img decoding=\"async\" width=\"2200\" height=\"1467\" data-wp-class--hide=\"state.isContentHidden\" data-wp-class--show=\"state.isContentVisible\" data-wp-init=\"callbacks.setButtonStyles\" data-wp-on--click=\"actions.showLightbox\" data-wp-on--load=\"callbacks.setButtonStyles\" data-wp-on--pointerdown=\"actions.preloadImage\" data-wp-on--pointerenter=\"actions.preloadImageWithDelay\" data-wp-on--pointerleave=\"actions.cancelPreload\" data-wp-on-window--resize=\"callbacks.setButtonStyles\" src=\"https:\/\/loudavymkrokem.cz\/wp-content\/uploads\/2026\/08\/pisek-mestska-knihovna.jpg\" alt=\"P\u00edsekin kaupunginkirjaston rakennus Al\u0161in aukiolla\" class=\"wp-image-399360\" title=\"\" srcset=\"https:\/\/loudavymkrokem.cz\/wp-content\/uploads\/2026\/08\/pisek-mestska-knihovna.jpg 2200w, https:\/\/loudavymkrokem.cz\/wp-content\/uploads\/2026\/08\/pisek-mestska-knihovna-300x200.jpg 300w, https:\/\/loudavymkrokem.cz\/wp-content\/uploads\/2026\/08\/pisek-mestska-knihovna-700x467.jpg 700w, https:\/\/loudavymkrokem.cz\/wp-content\/uploads\/2026\/08\/pisek-mestska-knihovna-768x512.jpg 768w, https:\/\/loudavymkrokem.cz\/wp-content\/uploads\/2026\/08\/pisek-mestska-knihovna-1536x1024.jpg 1536w, https:\/\/loudavymkrokem.cz\/wp-content\/uploads\/2026\/08\/pisek-mestska-knihovna-2048x1366.jpg 2048w, https:\/\/loudavymkrokem.cz\/wp-content\/uploads\/2026\/08\/pisek-mestska-knihovna-696x464.jpg 696w, https:\/\/loudavymkrokem.cz\/wp-content\/uploads\/2026\/08\/pisek-mestska-knihovna-1392x928.jpg 1392w, https:\/\/loudavymkrokem.cz\/wp-content\/uploads\/2026\/08\/pisek-mestska-knihovna-1920x1280.jpg 1920w\" sizes=\"(max-width: 2200px) 100vw, 2200px\" \/><button\n\t\t\tclass=\"lightbox-trigger\"\n\t\t\ttype=\"button\"\n\t\t\taria-haspopup=\"dialog\"\n\t\t\tdata-wp-bind--aria-label=\"state.thisImage.triggerButtonAriaLabel\"\n\t\t\tdata-wp-init=\"callbacks.initTriggerButton\"\n\t\t\tdata-wp-on--click=\"actions.showLightbox\"\n\t\t\tdata-wp-style--right=\"state.thisImage.buttonRight\"\n\t\t\tdata-wp-style--top=\"state.thisImage.buttonTop\"\n\t\t>\n\t\t\t<svg xmlns=\"http:\/\/www.w3.org\/2000\/svg\" width=\"12\" height=\"12\" fill=\"none\" viewBox=\"0 0 12 12\">\n\t\t\t\t<path fill=\"#fff\" d=\"M2 0a2 2 0 0 0-2 2v2h1.5V2a.5.5 0 0 1 .5-.5h2V0H2Zm2 10.5H2a.5.5 0 0 1-.5-.5V8H0v2a2 2 0 0 0 2 2h2v-1.5ZM8 12v-1.5h2a.5.5 0 0 0 .5-.5V8H12v2a2 2 0 0 1-2 2H8Zm2-12a2 2 0 0 1 2 2v2h-1.5V2a.5.5 0 0 0-.5-.5H8V0h2Z\" \/>\n\t\t\t<\/svg>\n\t\t<\/button><\/figure>\n\n\n\n<p class=\"wp-block-paragraph\">Kaupunginkirjasto Al\u0161in aukiolla ei ole vain tyls\u00e4 kirjojen lainaamo, vaan <strong>p\u00edsekil\u00e4inen lastenosasto on aivan silm\u00e4nruokaa<\/strong>. Tila on kauniisti maalattu vedenalaiseen tyyliin, seiniss\u00e4 on kaksi isoa el\u00e4v\u00e4\u00e4 kalojen akvaariota, eik\u00e4 t\u00e4\u00e4lt\u00e4 puutu edes oikea lasten liukum\u00e4ki.<\/p>\n\n\n\n<p class=\"wp-block-paragraph\">Samassa rakennuksessa sijaitsee konditoria ja kahvila <strong>Upekla<\/strong>, johon kuuluu my\u00f6s sis\u00e4pihan piha-alue. Ja juuri sinne on k\u00e4tketty <strong>hiekkalaatikko ja melko iso tila<\/strong>, jossa lapset saavat rauhassa purkaa energiaansa, kun sin\u00e4 juot kahvisi loppuun. Lastenosastolta p\u00e4\u00e4set pihan poikki, joten lukemisen ja riehumisen voi yhdist\u00e4\u00e4 yhteen aamup\u00e4iv\u00e4\u00e4n.<\/p>\n\n\n\n<p class=\"wp-block-paragraph\">\ud83d\udca1 <strong>Vinkki:<\/strong> Upeklassa ajatellaan my\u00f6s gluteenitonta ruokavaliota, joten leivoksen saa t\u00e4\u00e4lt\u00e4 my\u00f6s keliakiaa sairastava lapsi.<\/p>\n\n\n\n<h2 class=\"wp-block-heading\"><span class=\"ez-toc-section\" id=\"Leikkikentat_puisto_ja_joki_Pisek_lasten_kanssa_ulkona\"><\/span>Leikkikent\u00e4t, puisto ja joki: P\u00edsek lasten kanssa ulkona<span class=\"ez-toc-section-end\"><\/span><\/h2>\n\n\n\n<p class=\"wp-block-paragraph\">Heti kun aurinko paistaa, P\u00edsek her\u00e4\u00e4 eloon ja kaikki perheet siirtyv\u00e4t joen varrelle ja puistoihin. T\u00e4ss\u00e4 katsaus paikkoihin, joissa lapset viihtyv\u00e4t taatusti raittiissa ilmassa.<\/p>\n\n\n\n<h3 class=\"wp-block-heading\"><span class=\"ez-toc-section\" id=\"12_Hiekkaveistokset_rantatormalla\"><\/span>12. Hiekkaveistokset rantat\u00f6rm\u00e4ll\u00e4<span class=\"ez-toc-section-end\"><\/span><\/h3>\n\n\n\n<figure data-wp-context=\"{&quot;imageId&quot;:&quot;6a951b9a24079&quot;}\" data-wp-interactive=\"core\/image\" data-wp-key=\"6a951b9a24079\" class=\"wp-block-image size-full wp-lightbox-container\"><img decoding=\"async\" width=\"2000\" height=\"1333\" data-wp-class--hide=\"state.isContentHidden\" data-wp-class--show=\"state.isContentVisible\" data-wp-init=\"callbacks.setButtonStyles\" data-wp-on--click=\"actions.showLightbox\" data-wp-on--load=\"callbacks.setButtonStyles\" data-wp-on--pointerdown=\"actions.preloadImage\" data-wp-on--pointerenter=\"actions.preloadImageWithDelay\" data-wp-on--pointerleave=\"actions.cancelPreload\" data-wp-on-window--resize=\"callbacks.setButtonStyles\" src=\"https:\/\/loudavymkrokem.cz\/wp-content\/uploads\/2026\/08\/sochy-z-pisku-naplavka-kamenny-most.jpg\" alt=\"Hiekkaveistokset Otavan rantat\u00f6rm\u00e4ll\u00e4 Kivisillan luona P\u00edsekiss\u00e4\" class=\"wp-image-399607\" title=\"\" srcset=\"https:\/\/loudavymkrokem.cz\/wp-content\/uploads\/2026\/08\/sochy-z-pisku-naplavka-kamenny-most.jpg 2000w, https:\/\/loudavymkrokem.cz\/wp-content\/uploads\/2026\/08\/sochy-z-pisku-naplavka-kamenny-most-300x200.jpg 300w, https:\/\/loudavymkrokem.cz\/wp-content\/uploads\/2026\/08\/sochy-z-pisku-naplavka-kamenny-most-700x467.jpg 700w, https:\/\/loudavymkrokem.cz\/wp-content\/uploads\/2026\/08\/sochy-z-pisku-naplavka-kamenny-most-768x512.jpg 768w, https:\/\/loudavymkrokem.cz\/wp-content\/uploads\/2026\/08\/sochy-z-pisku-naplavka-kamenny-most-1536x1024.jpg 1536w, https:\/\/loudavymkrokem.cz\/wp-content\/uploads\/2026\/08\/sochy-z-pisku-naplavka-kamenny-most-696x464.jpg 696w, https:\/\/loudavymkrokem.cz\/wp-content\/uploads\/2026\/08\/sochy-z-pisku-naplavka-kamenny-most-1392x928.jpg 1392w, https:\/\/loudavymkrokem.cz\/wp-content\/uploads\/2026\/08\/sochy-z-pisku-naplavka-kamenny-most-1920x1280.jpg 1920w\" sizes=\"(max-width: 2000px) 100vw, 2000px\" \/><button\n\t\t\tclass=\"lightbox-trigger\"\n\t\t\ttype=\"button\"\n\t\t\taria-haspopup=\"dialog\"\n\t\t\tdata-wp-bind--aria-label=\"state.thisImage.triggerButtonAriaLabel\"\n\t\t\tdata-wp-init=\"callbacks.initTriggerButton\"\n\t\t\tdata-wp-on--click=\"actions.showLightbox\"\n\t\t\tdata-wp-style--right=\"state.thisImage.buttonRight\"\n\t\t\tdata-wp-style--top=\"state.thisImage.buttonTop\"\n\t\t>\n\t\t\t<svg xmlns=\"http:\/\/www.w3.org\/2000\/svg\" width=\"12\" height=\"12\" fill=\"none\" viewBox=\"0 0 12 12\">\n\t\t\t\t<path fill=\"#fff\" d=\"M2 0a2 2 0 0 0-2 2v2h1.5V2a.5.5 0 0 1 .5-.5h2V0H2Zm2 10.5H2a.5.5 0 0 1-.5-.5V8H0v2a2 2 0 0 0 2 2h2v-1.5ZM8 12v-1.5h2a.5.5 0 0 0 .5-.5V8H12v2a2 2 0 0 1-2 2H8Zm2-12a2 2 0 0 1 2 2v2h-1.5V2a.5.5 0 0 0-.5-.5H8V0h2Z\" \/>\n\t\t\t<\/svg>\n\t\t<\/button><\/figure>\n\n\n\n<figure data-wp-context=\"{&quot;imageId&quot;:&quot;6a951b9a243df&quot;}\" data-wp-interactive=\"core\/image\" data-wp-key=\"6a951b9a243df\" class=\"wp-block-image size-full wp-lightbox-container\"><img decoding=\"async\" width=\"2200\" height=\"1467\" data-wp-class--hide=\"state.isContentHidden\" data-wp-class--show=\"state.isContentVisible\" data-wp-init=\"callbacks.setButtonStyles\" data-wp-on--click=\"actions.showLightbox\" data-wp-on--load=\"callbacks.setButtonStyles\" data-wp-on--pointerdown=\"actions.preloadImage\" data-wp-on--pointerenter=\"actions.preloadImageWithDelay\" data-wp-on--pointerleave=\"actions.cancelPreload\" data-wp-on-window--resize=\"callbacks.setButtonStyles\" src=\"https:\/\/loudavymkrokem.cz\/wp-content\/uploads\/2026\/08\/pisek-otava-naplavka-most.jpg\" alt=\"Otavan rantat\u00f6rm\u00e4 Kivisillan luona P\u00edsekiss\u00e4\" class=\"wp-image-399329\" title=\"\" srcset=\"https:\/\/loudavymkrokem.cz\/wp-content\/uploads\/2026\/08\/pisek-otava-naplavka-most.jpg 2200w, https:\/\/loudavymkrokem.cz\/wp-content\/uploads\/2026\/08\/pisek-otava-naplavka-most-300x200.jpg 300w, https:\/\/loudavymkrokem.cz\/wp-content\/uploads\/2026\/08\/pisek-otava-naplavka-most-700x467.jpg 700w, https:\/\/loudavymkrokem.cz\/wp-content\/uploads\/2026\/08\/pisek-otava-naplavka-most-768x512.jpg 768w, https:\/\/loudavymkrokem.cz\/wp-content\/uploads\/2026\/08\/pisek-otava-naplavka-most-1536x1024.jpg 1536w, https:\/\/loudavymkrokem.cz\/wp-content\/uploads\/2026\/08\/pisek-otava-naplavka-most-2048x1366.jpg 2048w, https:\/\/loudavymkrokem.cz\/wp-content\/uploads\/2026\/08\/pisek-otava-naplavka-most-696x464.jpg 696w, https:\/\/loudavymkrokem.cz\/wp-content\/uploads\/2026\/08\/pisek-otava-naplavka-most-1392x928.jpg 1392w, https:\/\/loudavymkrokem.cz\/wp-content\/uploads\/2026\/08\/pisek-otava-naplavka-most-1920x1280.jpg 1920w\" sizes=\"(max-width: 2200px) 100vw, 2200px\" \/><button\n\t\t\tclass=\"lightbox-trigger\"\n\t\t\ttype=\"button\"\n\t\t\taria-haspopup=\"dialog\"\n\t\t\tdata-wp-bind--aria-label=\"state.thisImage.triggerButtonAriaLabel\"\n\t\t\tdata-wp-init=\"callbacks.initTriggerButton\"\n\t\t\tdata-wp-on--click=\"actions.showLightbox\"\n\t\t\tdata-wp-style--right=\"state.thisImage.buttonRight\"\n\t\t\tdata-wp-style--top=\"state.thisImage.buttonTop\"\n\t\t>\n\t\t\t<svg xmlns=\"http:\/\/www.w3.org\/2000\/svg\" width=\"12\" height=\"12\" fill=\"none\" viewBox=\"0 0 12 12\">\n\t\t\t\t<path fill=\"#fff\" d=\"M2 0a2 2 0 0 0-2 2v2h1.5V2a.5.5 0 0 1 .5-.5h2V0H2Zm2 10.5H2a.5.5 0 0 1-.5-.5V8H0v2a2 2 0 0 0 2 2h2v-1.5ZM8 12v-1.5h2a.5.5 0 0 0 .5-.5V8H12v2a2 2 0 0 1-2 2H8Zm2-12a2 2 0 0 1 2 2v2h-1.5V2a.5.5 0 0 0-.5-.5H8V0h2Z\" \/>\n\t\t\t<\/svg>\n\t\t<\/button><\/figure>\n\n\n\n<p class=\"wp-block-paragraph\">T\u00e4m\u00e4 on <strong>kes\u00e4isen P\u00edsekin ehdoton symboli<\/strong>, joka houkuttelee k\u00e4vij\u00f6it\u00e4 koko maasta. Joka vuosi toukokuun lopusta l\u00e4htien Kivisillan rantat\u00f6rm\u00e4lle alkaa nousta valtavia hiekkaveistoksia, jotka kokeneet kuvanveist\u00e4j\u00e4t luovat, ja joka vuosi niill\u00e4 on aivan eri teema.<\/p>\n\n\n\n<p class=\"wp-block-paragraph\">Aikaisemmin tapahtumaa kutsuttiin nimell\u00e4 Cip\u00edskovi\u0161t\u011b, nyky\u00e4\u00e4n sen l\u00f6yd\u00e4t nimell\u00e4 Sochy z p\u00edsku v P\u00edsku (Hiekkaveistokset P\u00edsekiss\u00e4), ja <strong>koko n\u00e4yttely on t\u00e4ysin ilmainen<\/strong> koko kes\u00e4n, kunnes syyssateet tuhoavat veistokset. Aina siihen liittyy my\u00f6s oheisfestivaali P\u00edskovi\u0161t\u011b ohjelmineen perheille.<\/p>\n\n\n\n<p class=\"wp-block-paragraph\">Taaperoille on kiehtovaa <strong>tarkkailla niit\u00e4 valtavia hiekkalinnoja<\/strong>, ja lis\u00e4ksi voit samalla k\u00e4vell\u00e4 joen vartta pitkin ja poiketa j\u00e4\u00e4tel\u00f6lle Pomodoroon kirkon luo tai johonkin sillan l\u00e4hell\u00e4 olevista kahviloista.<\/p>\n\n\n\n<h3 class=\"wp-block-heading\"><span class=\"ez-toc-section\" id=\"13_Kivisilta_ja_rantatorma\"><\/span>13. Kivisilta ja rantat\u00f6rm\u00e4<span class=\"ez-toc-section-end\"><\/span><\/h3>\n\n\n\n<figure data-wp-context=\"{&quot;imageId&quot;:&quot;6a951b9a248db&quot;}\" data-wp-interactive=\"core\/image\" data-wp-key=\"6a951b9a248db\" class=\"wp-block-image size-full wp-lightbox-container\"><img decoding=\"async\" width=\"2200\" height=\"1467\" data-wp-class--hide=\"state.isContentHidden\" data-wp-class--show=\"state.isContentVisible\" data-wp-init=\"callbacks.setButtonStyles\" data-wp-on--click=\"actions.showLightbox\" data-wp-on--load=\"callbacks.setButtonStyles\" data-wp-on--pointerdown=\"actions.preloadImage\" data-wp-on--pointerenter=\"actions.preloadImageWithDelay\" data-wp-on--pointerleave=\"actions.cancelPreload\" data-wp-on-window--resize=\"callbacks.setButtonStyles\" src=\"https:\/\/loudavymkrokem.cz\/wp-content\/uploads\/2026\/08\/pisek-kamenny-most-sochy.jpg\" alt=\"P\u00edsekin Kivisilta barokkiajan pyhimyspatsaineen\" class=\"wp-image-399324\" title=\"\" srcset=\"https:\/\/loudavymkrokem.cz\/wp-content\/uploads\/2026\/08\/pisek-kamenny-most-sochy.jpg 2200w, https:\/\/loudavymkrokem.cz\/wp-content\/uploads\/2026\/08\/pisek-kamenny-most-sochy-300x200.jpg 300w, https:\/\/loudavymkrokem.cz\/wp-content\/uploads\/2026\/08\/pisek-kamenny-most-sochy-700x467.jpg 700w, https:\/\/loudavymkrokem.cz\/wp-content\/uploads\/2026\/08\/pisek-kamenny-most-sochy-768x512.jpg 768w, https:\/\/loudavymkrokem.cz\/wp-content\/uploads\/2026\/08\/pisek-kamenny-most-sochy-1536x1024.jpg 1536w, https:\/\/loudavymkrokem.cz\/wp-content\/uploads\/2026\/08\/pisek-kamenny-most-sochy-2048x1366.jpg 2048w, https:\/\/loudavymkrokem.cz\/wp-content\/uploads\/2026\/08\/pisek-kamenny-most-sochy-696x464.jpg 696w, https:\/\/loudavymkrokem.cz\/wp-content\/uploads\/2026\/08\/pisek-kamenny-most-sochy-1392x928.jpg 1392w, https:\/\/loudavymkrokem.cz\/wp-content\/uploads\/2026\/08\/pisek-kamenny-most-sochy-1920x1280.jpg 1920w\" sizes=\"(max-width: 2200px) 100vw, 2200px\" \/><button\n\t\t\tclass=\"lightbox-trigger\"\n\t\t\ttype=\"button\"\n\t\t\taria-haspopup=\"dialog\"\n\t\t\tdata-wp-bind--aria-label=\"state.thisImage.triggerButtonAriaLabel\"\n\t\t\tdata-wp-init=\"callbacks.initTriggerButton\"\n\t\t\tdata-wp-on--click=\"actions.showLightbox\"\n\t\t\tdata-wp-style--right=\"state.thisImage.buttonRight\"\n\t\t\tdata-wp-style--top=\"state.thisImage.buttonTop\"\n\t\t>\n\t\t\t<svg xmlns=\"http:\/\/www.w3.org\/2000\/svg\" width=\"12\" height=\"12\" fill=\"none\" viewBox=\"0 0 12 12\">\n\t\t\t\t<path fill=\"#fff\" d=\"M2 0a2 2 0 0 0-2 2v2h1.5V2a.5.5 0 0 1 .5-.5h2V0H2Zm2 10.5H2a.5.5 0 0 1-.5-.5V8H0v2a2 2 0 0 0 2 2h2v-1.5ZM8 12v-1.5h2a.5.5 0 0 0 .5-.5V8H12v2a2 2 0 0 1-2 2H8Zm2-12a2 2 0 0 1 2 2v2h-1.5V2a.5.5 0 0 0-.5-.5H8V0h2Z\" \/>\n\t\t\t<\/svg>\n\t\t<\/button><\/figure>\n\n\n\n<p class=\"wp-block-paragraph\">Kun jo olette veistosten luona, et saa j\u00e4tt\u00e4\u00e4 v\u00e4liin k\u00e4vely\u00e4 itse Kivisillan yli, joka on <strong>T\u0161ekin vanhin s\u00e4ilynyt silta<\/strong> ja per\u00e4isin jo 1200-luvulta. Lapsille silta on kiinnostava syvennyksineen ja patsaineen, joiden lomassa he voivat juoksennella, sill\u00e4 autoilta on kielletty p\u00e4\u00e4sy.<\/p>\n\n\n\n<p class=\"wp-block-paragraph\">Sillan alla kulkee kauniisti kunnostettu rantat\u00f6rm\u00e4, jonne <strong>paikalliset perheet k\u00e4yv\u00e4t s\u00e4\u00e4nn\u00f6llisesti ruokkimassa ankkoja ja joutsenia<\/strong>. Muistathan vain, ett\u00e4 leip\u00e4 vahingoittaa lintuja, joten tuo niille mieluummin hieman maissia, herneit\u00e4 tai erityisi\u00e4 vesilinnuille tarkoitettuja rakeita.<\/p>\n\n\n\n<p class=\"wp-block-paragraph\">Rantat\u00f6rm\u00e4lt\u00e4 avautuu my\u00f6s <strong>kaunis n\u00e4kym\u00e4 P\u00edsekin linnaan<\/strong>, ja koko maiseman voit ikuistaa perhealbumiin. K\u00e4vely veden vartta pitkin on lis\u00e4ksi t\u00e4ysin esteet\u00f6nt\u00e4, joten lastenvaunut ja lasten potkupy\u00f6r\u00e4t kulkevat siit\u00e4 pienimmitt\u00e4 ongelmitta.<\/p>\n\n\n\n<h3 class=\"wp-block-heading\"><span class=\"ez-toc-section\" id=\"14_Kaupunginsaari\"><\/span>14. Kaupunginsaari<span class=\"ez-toc-section-end\"><\/span><\/h3>\n\n\n\n<figure data-wp-context=\"{&quot;imageId&quot;:&quot;6a951b9a250d9&quot;}\" data-wp-interactive=\"core\/image\" data-wp-key=\"6a951b9a250d9\" class=\"wp-block-image size-full wp-lightbox-container\"><img decoding=\"async\" width=\"1200\" height=\"800\" data-wp-class--hide=\"state.isContentHidden\" data-wp-class--show=\"state.isContentVisible\" data-wp-init=\"callbacks.setButtonStyles\" data-wp-on--click=\"actions.showLightbox\" data-wp-on--load=\"callbacks.setButtonStyles\" data-wp-on--pointerdown=\"actions.preloadImage\" data-wp-on--pointerenter=\"actions.preloadImageWithDelay\" data-wp-on--pointerleave=\"actions.cancelPreload\" data-wp-on-window--resize=\"callbacks.setButtonStyles\" src=\"https:\/\/loudavymkrokem.cz\/wp-content\/uploads\/2026\/08\/mestsky-ostrov-pisek-zahradka.jpg\" alt=\"Kes\u00e4terassi P\u00edsekin Kaupunginsaarella\" class=\"wp-image-399671\" title=\"\" srcset=\"https:\/\/loudavymkrokem.cz\/wp-content\/uploads\/2026\/08\/mestsky-ostrov-pisek-zahradka.jpg 1200w, https:\/\/loudavymkrokem.cz\/wp-content\/uploads\/2026\/08\/mestsky-ostrov-pisek-zahradka-300x200.jpg 300w, https:\/\/loudavymkrokem.cz\/wp-content\/uploads\/2026\/08\/mestsky-ostrov-pisek-zahradka-700x467.jpg 700w, https:\/\/loudavymkrokem.cz\/wp-content\/uploads\/2026\/08\/mestsky-ostrov-pisek-zahradka-768x512.jpg 768w, https:\/\/loudavymkrokem.cz\/wp-content\/uploads\/2026\/08\/mestsky-ostrov-pisek-zahradka-696x464.jpg 696w\" sizes=\"(max-width: 1200px) 100vw, 1200px\" \/><button\n\t\t\tclass=\"lightbox-trigger\"\n\t\t\ttype=\"button\"\n\t\t\taria-haspopup=\"dialog\"\n\t\t\tdata-wp-bind--aria-label=\"state.thisImage.triggerButtonAriaLabel\"\n\t\t\tdata-wp-init=\"callbacks.initTriggerButton\"\n\t\t\tdata-wp-on--click=\"actions.showLightbox\"\n\t\t\tdata-wp-style--right=\"state.thisImage.buttonRight\"\n\t\t\tdata-wp-style--top=\"state.thisImage.buttonTop\"\n\t\t>\n\t\t\t<svg xmlns=\"http:\/\/www.w3.org\/2000\/svg\" width=\"12\" height=\"12\" fill=\"none\" viewBox=\"0 0 12 12\">\n\t\t\t\t<path fill=\"#fff\" d=\"M2 0a2 2 0 0 0-2 2v2h1.5V2a.5.5 0 0 1 .5-.5h2V0H2Zm2 10.5H2a.5.5 0 0 1-.5-.5V8H0v2a2 2 0 0 0 2 2h2v-1.5ZM8 12v-1.5h2a.5.5 0 0 0 .5-.5V8H12v2a2 2 0 0 1-2 2H8Zm2-12a2 2 0 0 1 2 2v2h-1.5V2a.5.5 0 0 0-.5-.5H8V0h2Z\" \/>\n\t\t\t<\/svg>\n\t\t<\/button><\/figure>\n\n\n\n<p class=\"wp-block-paragraph\">Otava-joen ymp\u00e4r\u00f6im\u00e4 Kaupunginsaari on <strong>rauhallinen vihre\u00e4 keidas aivan kaupungin keskustassa<\/strong>, jonne p\u00e4\u00e4set kevyen sillan yli. T\u00e4\u00e4lt\u00e4 l\u00f6yd\u00e4t ison puiston kauniine korkeine puineen, jotka tarjoavat paahtavana kes\u00e4n\u00e4 niin tarpeellista varjoa.<\/p>\n\n\n\n<p class=\"wp-block-paragraph\">Lapsille on t\u00e4\u00e4ll\u00e4 <strong>iso aidattu leikkikentt\u00e4 moderneine leikkielementteineen<\/strong>, joten sinun ei tarvitse pel\u00e4t\u00e4 taaperon karkaavan jonnekin. Leikkikent\u00e4n vieress\u00e4 isommat lapset ja aikuiset voivat lis\u00e4ksi pelata minigolfia paikallisella hyvin hoidetulla kent\u00e4ll\u00e4.<\/p>\n\n\n\n<p class=\"wp-block-paragraph\">Kun lapsille tulee n\u00e4lk\u00e4, <strong>saarella toimii perinteik\u00e4s Restaurace Ostrov<\/strong>, jolla on kes\u00e4terassin yhteydess\u00e4 oma pienempi leikkikentt\u00e4, joten voitte rauhassa sy\u00f6d\u00e4 lounasta loppuun samalla kun lapset leikkiv\u00e4t vieress\u00e4.<\/p>\n\n\n\n<h3 class=\"wp-block-heading\"><span class=\"ez-toc-section\" id=\"15_Liikennepuisto_pyhan_Vaclavin_luona\"><\/span>15. Liikennepuisto pyh\u00e4n V\u00e1clavin luona<span class=\"ez-toc-section-end\"><\/span><\/h3>\n\n\n\n<figure data-wp-context=\"{&quot;imageId&quot;:&quot;6a951b9a257f3&quot;}\" data-wp-interactive=\"core\/image\" data-wp-key=\"6a951b9a257f3\" class=\"wp-block-image size-full wp-lightbox-container\"><img decoding=\"async\" width=\"1024\" height=\"461\" data-wp-class--hide=\"state.isContentHidden\" data-wp-class--show=\"state.isContentVisible\" data-wp-init=\"callbacks.setButtonStyles\" data-wp-on--click=\"actions.showLightbox\" data-wp-on--load=\"callbacks.setButtonStyles\" data-wp-on--pointerdown=\"actions.preloadImage\" data-wp-on--pointerenter=\"actions.preloadImageWithDelay\" data-wp-on--pointerleave=\"actions.cancelPreload\" data-wp-on-window--resize=\"callbacks.setButtonStyles\" src=\"https:\/\/loudavymkrokem.cz\/wp-content\/uploads\/2026\/08\/dopravni-hriste-u-sv-vaclava-pisek.jpg\" alt=\"Lasten liikennepuisto pyh\u00e4n V\u00e1clavin luona P\u00edsekiss\u00e4 remontin j\u00e4lkeen\" class=\"wp-image-399632\" title=\"\" srcset=\"https:\/\/loudavymkrokem.cz\/wp-content\/uploads\/2026\/08\/dopravni-hriste-u-sv-vaclava-pisek.jpg 1024w, https:\/\/loudavymkrokem.cz\/wp-content\/uploads\/2026\/08\/dopravni-hriste-u-sv-vaclava-pisek-300x135.jpg 300w, https:\/\/loudavymkrokem.cz\/wp-content\/uploads\/2026\/08\/dopravni-hriste-u-sv-vaclava-pisek-700x315.jpg 700w, https:\/\/loudavymkrokem.cz\/wp-content\/uploads\/2026\/08\/dopravni-hriste-u-sv-vaclava-pisek-768x346.jpg 768w, https:\/\/loudavymkrokem.cz\/wp-content\/uploads\/2026\/08\/dopravni-hriste-u-sv-vaclava-pisek-696x313.jpg 696w\" sizes=\"(max-width: 1024px) 100vw, 1024px\" \/><button\n\t\t\tclass=\"lightbox-trigger\"\n\t\t\ttype=\"button\"\n\t\t\taria-haspopup=\"dialog\"\n\t\t\tdata-wp-bind--aria-label=\"state.thisImage.triggerButtonAriaLabel\"\n\t\t\tdata-wp-init=\"callbacks.initTriggerButton\"\n\t\t\tdata-wp-on--click=\"actions.showLightbox\"\n\t\t\tdata-wp-style--right=\"state.thisImage.buttonRight\"\n\t\t\tdata-wp-style--top=\"state.thisImage.buttonTop\"\n\t\t>\n\t\t\t<svg xmlns=\"http:\/\/www.w3.org\/2000\/svg\" width=\"12\" height=\"12\" fill=\"none\" viewBox=\"0 0 12 12\">\n\t\t\t\t<path fill=\"#fff\" d=\"M2 0a2 2 0 0 0-2 2v2h1.5V2a.5.5 0 0 1 .5-.5h2V0H2Zm2 10.5H2a.5.5 0 0 1-.5-.5V8H0v2a2 2 0 0 0 2 2h2v-1.5ZM8 12v-1.5h2a.5.5 0 0 0 .5-.5V8H12v2a2 2 0 0 1-2 2H8Zm2-12a2 2 0 0 1 2 2v2h-1.5V2a.5.5 0 0 0-.5-.5H8V0h2Z\" \/>\n\t\t\t<\/svg>\n\t\t<\/button><\/figure>\n\n\n\n<p class=\"wp-block-paragraph\">Liikennepuisto Z\u00e1tavsk\u00e9 n\u00e1b\u0159e\u017e\u00edll\u00e4 koki \u00e4skett\u00e4in ison remontin ja on toukokuusta 2025 l\u00e4htien <strong>j\u00e4lleen avoinna t\u00e4ydess\u00e4 loistossaan<\/strong>. Se on aivan paratiisi kaikille pienille autojen, potkupy\u00f6rien ja potkulautojen yst\u00e4ville, jotka voivat harjoitella t\u00e4\u00e4ll\u00e4 ajamista s\u00e4\u00e4nt\u00f6jen mukaan.<\/p>\n\n\n\n<p class=\"wp-block-paragraph\">Puistosta ei puutu <strong>oikeat toimivat liikennevalot, liikenneympyr\u00e4, suojatiet<\/strong> ja erilaisia liikennemerkkej\u00e4. Jos mukanasi ei ole omaa kulkuv\u00e4linett\u00e4, voit vuokrata t\u00e4\u00e4lt\u00e4 50 K\u010d:ll\u00e4 (noin 2 \u20ac) puolelta tunnilta mahtavia polkuautoja, jotka viihdytt\u00e4v\u00e4t etenkin esikouluik\u00e4isi\u00e4 ja alakoululaisia.<\/p>\n\n\n\n<p class=\"wp-block-paragraph\">Kes\u00e4ll\u00e4 loma-aikoina auki on <strong>joka p\u00e4iv\u00e4 aamup\u00e4iv\u00e4ll\u00e4 ja iltap\u00e4iv\u00e4ll\u00e4<\/strong>, kev\u00e4\u00e4ll\u00e4 ja syksyll\u00e4 taas l\u00e4hinn\u00e4 iltap\u00e4ivisin ja viikonloppuisin. P\u00e4\u00e4sy alueelle omalla py\u00f6r\u00e4ll\u00e4 tai potkupy\u00f6r\u00e4ll\u00e4 on t\u00e4ysin ilmaista.<\/p>\n\n\n\n<p class=\"wp-block-paragraph\">Suoraan leikkikent\u00e4n vieress\u00e4 toimii lis\u00e4ksi <strong>YEZ Caf\u00e9<\/strong>, joten sinulla on paikka istahtaa kahville ja sy\u00f6m\u00e4\u00e4n jotain. Ja koska t\u00e4\u00e4ll\u00e4 on my\u00f6s <strong>hiekkalaatikko pienimmille<\/strong>, viihtyv\u00e4t my\u00f6s sisarukset, jotka eiv\u00e4t viel\u00e4 ylet\u00e4 polkuautoihin.<\/p>\n\n\n\n<h3 class=\"wp-block-heading\"><span class=\"ez-toc-section\" id=\"16_Jiraskovo_nabrezi_ja_kuulaleikkikentta\"><\/span>16. Jir\u00e1skovo n\u00e1b\u0159e\u017e\u00ed ja kuulaleikkikentt\u00e4<span class=\"ez-toc-section-end\"><\/span><\/h3>\n\n\n\n<p class=\"wp-block-paragraph\">Jir\u00e1skovo n\u00e1b\u0159e\u017e\u00ed on toinen loistavasti kunnostettu tila joen varrella, jossa sijaitsee <strong>ainutlaatuinen 186 neli\u00f6metrin kuulaleikkikentt\u00e4<\/strong>. T\u00e4\u00e4lt\u00e4 l\u00f6yd\u00e4t yhdeks\u00e4n eri rataa ja jopa erityisen kuulaliukum\u00e4en, mik\u00e4 pystyy viihdytt\u00e4m\u00e4\u00e4n lapsia uskomattoman pitk\u00e4n aikaa.<\/p>\n\n\n\n<p class=\"wp-block-paragraph\">Jos sinulla ei ole omia lasikuulia, \u00e4l\u00e4 ep\u00e4toivoile, <strong>kuulat voit ostaa 20 K\u010d:ll\u00e4<\/strong> (alle euron) l\u00e4heisest\u00e4 infopisteest\u00e4 tai suoraan radan vieress\u00e4 olevasta automaatista. Koko tila on aivan mahtavan interaktiivinen ja leikkis\u00e4, vaikka suosittu pumptrack valitettavasti poistettiin t\u00e4\u00e4lt\u00e4 toukokuussa 2026.<\/p>\n\n\n\n<p class=\"wp-block-paragraph\">Kuulien lis\u00e4ksi t\u00e4\u00e4lt\u00e4 l\u00f6ytyy my\u00f6s <strong>el\u00e4v\u00e4st\u00e4 pajusta tehty leikkikentt\u00e4<\/strong>, paljasjalkapolku, jossa lapset kokeilevat erilaisia pintoja, ja parkour-kentt\u00e4 Flux vanhemmille urheilijoille, joten t\u00e4\u00e4ll\u00e4 lomittuvat aktiviteetit kaikenik\u00e4isille.<\/p>\n\n\n\n<h3 class=\"wp-block-heading\"><span class=\"ez-toc-section\" id=\"17_Peuraleikkikentta_Na_Trubach\"><\/span>17. Peuraleikkikentt\u00e4 Na Trub\u00e1ch<span class=\"ez-toc-section-end\"><\/span><\/h3>\n\n\n\n<figure data-wp-context=\"{&quot;imageId&quot;:&quot;6a951b9a2630d&quot;}\" data-wp-interactive=\"core\/image\" data-wp-key=\"6a951b9a2630d\" class=\"wp-block-image size-full wp-lightbox-container\"><img decoding=\"async\" width=\"1920\" height=\"1440\" data-wp-class--hide=\"state.isContentHidden\" data-wp-class--show=\"state.isContentVisible\" data-wp-init=\"callbacks.setButtonStyles\" data-wp-on--click=\"actions.showLightbox\" data-wp-on--load=\"callbacks.setButtonStyles\" data-wp-on--pointerdown=\"actions.preloadImage\" data-wp-on--pointerenter=\"actions.preloadImageWithDelay\" data-wp-on--pointerleave=\"actions.cancelPreload\" data-wp-on-window--resize=\"callbacks.setButtonStyles\" src=\"https:\/\/loudavymkrokem.cz\/wp-content\/uploads\/2026\/08\/hriste-jelen-na-trubach-pisek.jpg\" alt=\"Puinen peura liukum\u00e4kineen Na Trub\u00e1ch -leikkikent\u00e4ll\u00e4 P\u00edsekiss\u00e4\" class=\"wp-image-399616\" title=\"\" srcset=\"https:\/\/loudavymkrokem.cz\/wp-content\/uploads\/2026\/08\/hriste-jelen-na-trubach-pisek.jpg 1920w, https:\/\/loudavymkrokem.cz\/wp-content\/uploads\/2026\/08\/hriste-jelen-na-trubach-pisek-300x225.jpg 300w, https:\/\/loudavymkrokem.cz\/wp-content\/uploads\/2026\/08\/hriste-jelen-na-trubach-pisek-700x525.jpg 700w, https:\/\/loudavymkrokem.cz\/wp-content\/uploads\/2026\/08\/hriste-jelen-na-trubach-pisek-768x576.jpg 768w, https:\/\/loudavymkrokem.cz\/wp-content\/uploads\/2026\/08\/hriste-jelen-na-trubach-pisek-1536x1152.jpg 1536w, https:\/\/loudavymkrokem.cz\/wp-content\/uploads\/2026\/08\/hriste-jelen-na-trubach-pisek-80x60.jpg 80w, https:\/\/loudavymkrokem.cz\/wp-content\/uploads\/2026\/08\/hriste-jelen-na-trubach-pisek-160x120.jpg 160w, https:\/\/loudavymkrokem.cz\/wp-content\/uploads\/2026\/08\/hriste-jelen-na-trubach-pisek-696x522.jpg 696w, https:\/\/loudavymkrokem.cz\/wp-content\/uploads\/2026\/08\/hriste-jelen-na-trubach-pisek-1392x1044.jpg 1392w\" sizes=\"(max-width: 1920px) 100vw, 1920px\" \/><button\n\t\t\tclass=\"lightbox-trigger\"\n\t\t\ttype=\"button\"\n\t\t\taria-haspopup=\"dialog\"\n\t\t\tdata-wp-bind--aria-label=\"state.thisImage.triggerButtonAriaLabel\"\n\t\t\tdata-wp-init=\"callbacks.initTriggerButton\"\n\t\t\tdata-wp-on--click=\"actions.showLightbox\"\n\t\t\tdata-wp-style--right=\"state.thisImage.buttonRight\"\n\t\t\tdata-wp-style--top=\"state.thisImage.buttonTop\"\n\t\t>\n\t\t\t<svg xmlns=\"http:\/\/www.w3.org\/2000\/svg\" width=\"12\" height=\"12\" fill=\"none\" viewBox=\"0 0 12 12\">\n\t\t\t\t<path fill=\"#fff\" d=\"M2 0a2 2 0 0 0-2 2v2h1.5V2a.5.5 0 0 1 .5-.5h2V0H2Zm2 10.5H2a.5.5 0 0 1-.5-.5V8H0v2a2 2 0 0 0 2 2h2v-1.5ZM8 12v-1.5h2a.5.5 0 0 0 .5-.5V8H12v2a2 2 0 0 1-2 2H8Zm2-12a2 2 0 0 1 2 2v2h-1.5V2a.5.5 0 0 0-.5-.5H8V0h2Z\" \/>\n\t\t\t<\/svg>\n\t\t<\/button><\/figure>\n\n\n\n<p class=\"wp-block-paragraph\">T\u00e4m\u00e4 on <strong>aivan uusi helmi vuodelta 2026<\/strong>, josta kaikki p\u00edsekil\u00e4iset lapset ovat aivan haltioissaan. Uuden mets\u00e4leikkikent\u00e4n Na Trub\u00e1ch hallitseva elementti on valtava, kahdeksan metri\u00e4 korkea puinen peura, joka toimii toisaalta n\u00e4k\u00f6alapaikkana, mutta ennen kaikkea monimutkaisena kiipeilytelineen\u00e4 liukum\u00e4en kera.<\/p>\n\n\n\n<p class=\"wp-block-paragraph\">Peuran ymp\u00e4rill\u00e4 levitt\u00e4ytyy <strong>kaunis tila keinuineen, tasapainoiluun tarkoitettuine puutukkeineen<\/strong> ja isoine hiekkalaatikkoineen taaperoille. Leikkikentt\u00e4 on suunniteltu luonnonl\u00e4heiseen tyyliin, jotta se sopisi ymp\u00e4r\u00f6iv\u00e4\u00e4n ymp\u00e4rist\u00f6\u00f6n, ja suunnitelmissa on lis\u00e4t\u00e4 v\u00e4hitellen viel\u00e4 muurahaisen, p\u00f6ll\u00f6n ja oravan veistokset.<\/p>\n\n\n\n<p class=\"wp-block-paragraph\">Koska leikkikentt\u00e4 on aivan uusi, <strong>varaudu viikonloppuisin ruuhkaan<\/strong>, joten pienempien lasten kanssa suosittelen l\u00e4htem\u00e4\u00e4n mieluummin arkena aamup\u00e4iv\u00e4ll\u00e4.<\/p>\n\n\n\n<h3 class=\"wp-block-heading\"><span class=\"ez-toc-section\" id=\"18_Palackeho_sady_-puisto\"><\/span>18. Palack\u00e9ho sady -puisto<span class=\"ez-toc-section-end\"><\/span><\/h3>\n\n\n\n<figure data-wp-context=\"{&quot;imageId&quot;:&quot;6a951b9a26ad0&quot;}\" data-wp-interactive=\"core\/image\" data-wp-key=\"6a951b9a26ad0\" class=\"wp-block-image size-full wp-lightbox-container\"><img decoding=\"async\" width=\"1200\" height=\"800\" data-wp-class--hide=\"state.isContentHidden\" data-wp-class--show=\"state.isContentVisible\" data-wp-init=\"callbacks.setButtonStyles\" data-wp-on--click=\"actions.showLightbox\" data-wp-on--load=\"callbacks.setButtonStyles\" data-wp-on--pointerdown=\"actions.preloadImage\" data-wp-on--pointerenter=\"actions.preloadImageWithDelay\" data-wp-on--pointerleave=\"actions.cancelPreload\" data-wp-on-window--resize=\"callbacks.setButtonStyles\" src=\"https:\/\/loudavymkrokem.cz\/wp-content\/uploads\/2026\/08\/palackeho-sady-pisek-jaro.jpg\" alt=\"Palack\u00e9ho sady -puisto P\u00edsekiss\u00e4 kev\u00e4\u00e4ll\u00e4 Franti\u0161ek Palack\u00fdn muistomerkkeineen\" class=\"wp-image-399648\" title=\"\" srcset=\"https:\/\/loudavymkrokem.cz\/wp-content\/uploads\/2026\/08\/palackeho-sady-pisek-jaro.jpg 1200w, https:\/\/loudavymkrokem.cz\/wp-content\/uploads\/2026\/08\/palackeho-sady-pisek-jaro-300x200.jpg 300w, https:\/\/loudavymkrokem.cz\/wp-content\/uploads\/2026\/08\/palackeho-sady-pisek-jaro-700x467.jpg 700w, https:\/\/loudavymkrokem.cz\/wp-content\/uploads\/2026\/08\/palackeho-sady-pisek-jaro-768x512.jpg 768w, https:\/\/loudavymkrokem.cz\/wp-content\/uploads\/2026\/08\/palackeho-sady-pisek-jaro-696x464.jpg 696w\" sizes=\"(max-width: 1200px) 100vw, 1200px\" \/><button\n\t\t\tclass=\"lightbox-trigger\"\n\t\t\ttype=\"button\"\n\t\t\taria-haspopup=\"dialog\"\n\t\t\tdata-wp-bind--aria-label=\"state.thisImage.triggerButtonAriaLabel\"\n\t\t\tdata-wp-init=\"callbacks.initTriggerButton\"\n\t\t\tdata-wp-on--click=\"actions.showLightbox\"\n\t\t\tdata-wp-style--right=\"state.thisImage.buttonRight\"\n\t\t\tdata-wp-style--top=\"state.thisImage.buttonTop\"\n\t\t>\n\t\t\t<svg xmlns=\"http:\/\/www.w3.org\/2000\/svg\" width=\"12\" height=\"12\" fill=\"none\" viewBox=\"0 0 12 12\">\n\t\t\t\t<path fill=\"#fff\" d=\"M2 0a2 2 0 0 0-2 2v2h1.5V2a.5.5 0 0 1 .5-.5h2V0H2Zm2 10.5H2a.5.5 0 0 1-.5-.5V8H0v2a2 2 0 0 0 2 2h2v-1.5ZM8 12v-1.5h2a.5.5 0 0 0 .5-.5V8H12v2a2 2 0 0 1-2 2H8Zm2-12a2 2 0 0 1 2 2v2h-1.5V2a.5.5 0 0 0-.5-.5H8V0h2Z\" \/>\n\t\t\t<\/svg>\n\t\t<\/button><\/figure>\n\n\n\n<figure data-wp-context=\"{&quot;imageId&quot;:&quot;6a951b9a26e99&quot;}\" data-wp-interactive=\"core\/image\" data-wp-key=\"6a951b9a26e99\" class=\"wp-block-image size-full wp-lightbox-container\"><img decoding=\"async\" width=\"2200\" height=\"1467\" data-wp-class--hide=\"state.isContentHidden\" data-wp-class--show=\"state.isContentVisible\" data-wp-init=\"callbacks.setButtonStyles\" data-wp-on--click=\"actions.showLightbox\" data-wp-on--load=\"callbacks.setButtonStyles\" data-wp-on--pointerdown=\"actions.preloadImage\" data-wp-on--pointerenter=\"actions.preloadImageWithDelay\" data-wp-on--pointerleave=\"actions.cancelPreload\" data-wp-on-window--resize=\"callbacks.setButtonStyles\" src=\"https:\/\/loudavymkrokem.cz\/wp-content\/uploads\/2026\/08\/pisek-fontana-centrum.jpg\" alt=\"Suihkul\u00e4hde P\u00edsekin historiallisessa keskustassa\" class=\"wp-image-399366\" title=\"\" srcset=\"https:\/\/loudavymkrokem.cz\/wp-content\/uploads\/2026\/08\/pisek-fontana-centrum.jpg 2200w, https:\/\/loudavymkrokem.cz\/wp-content\/uploads\/2026\/08\/pisek-fontana-centrum-300x200.jpg 300w, https:\/\/loudavymkrokem.cz\/wp-content\/uploads\/2026\/08\/pisek-fontana-centrum-700x467.jpg 700w, https:\/\/loudavymkrokem.cz\/wp-content\/uploads\/2026\/08\/pisek-fontana-centrum-768x512.jpg 768w, https:\/\/loudavymkrokem.cz\/wp-content\/uploads\/2026\/08\/pisek-fontana-centrum-1536x1024.jpg 1536w, https:\/\/loudavymkrokem.cz\/wp-content\/uploads\/2026\/08\/pisek-fontana-centrum-2048x1366.jpg 2048w, https:\/\/loudavymkrokem.cz\/wp-content\/uploads\/2026\/08\/pisek-fontana-centrum-696x464.jpg 696w, https:\/\/loudavymkrokem.cz\/wp-content\/uploads\/2026\/08\/pisek-fontana-centrum-1392x928.jpg 1392w, https:\/\/loudavymkrokem.cz\/wp-content\/uploads\/2026\/08\/pisek-fontana-centrum-1920x1280.jpg 1920w\" sizes=\"(max-width: 2200px) 100vw, 2200px\" \/><button\n\t\t\tclass=\"lightbox-trigger\"\n\t\t\ttype=\"button\"\n\t\t\taria-haspopup=\"dialog\"\n\t\t\tdata-wp-bind--aria-label=\"state.thisImage.triggerButtonAriaLabel\"\n\t\t\tdata-wp-init=\"callbacks.initTriggerButton\"\n\t\t\tdata-wp-on--click=\"actions.showLightbox\"\n\t\t\tdata-wp-style--right=\"state.thisImage.buttonRight\"\n\t\t\tdata-wp-style--top=\"state.thisImage.buttonTop\"\n\t\t>\n\t\t\t<svg xmlns=\"http:\/\/www.w3.org\/2000\/svg\" width=\"12\" height=\"12\" fill=\"none\" viewBox=\"0 0 12 12\">\n\t\t\t\t<path fill=\"#fff\" d=\"M2 0a2 2 0 0 0-2 2v2h1.5V2a.5.5 0 0 1 .5-.5h2V0H2Zm2 10.5H2a.5.5 0 0 1-.5-.5V8H0v2a2 2 0 0 0 2 2h2v-1.5ZM8 12v-1.5h2a.5.5 0 0 0 .5-.5V8H12v2a2 2 0 0 1-2 2H8Zm2-12a2 2 0 0 1 2 2v2h-1.5V2a.5.5 0 0 0-.5-.5H8V0h2Z\" \/>\n\t\t\t<\/svg>\n\t\t<\/button><\/figure>\n\n\n\n<p class=\"wp-block-paragraph\">Palack\u00e9ho sady on <strong>P\u00edsekin keskustan suurin puisto<\/strong>, joka syntyi entisten linnoitusvallihautojen paikalle. Se on ihanteellinen paikka rauhalliselle k\u00e4velylle lastenvaunujen kanssa vanhojen puiden latvusten alla, ja kes\u00e4ll\u00e4 t\u00e4\u00e4ll\u00e4 j\u00e4rjestet\u00e4\u00e4n usein erilaisia puistokonsertteja.<\/p>\n\n\n\n<p class=\"wp-block-paragraph\">Puiston l\u00e4nsireunalla sijaitsee <strong>pienempi lasten leikkikentt\u00e4 pikkukivipintaisena<\/strong>, jota hallitsee kaunis kalan muotoinen puinen kiipeilyteline. T\u00e4\u00e4lt\u00e4 l\u00f6yd\u00e4t my\u00f6s jousikeinuja taaperoille ja yhden suositun riippukeinun.<\/p>\n\n\n\n<p class=\"wp-block-paragraph\">T\u00e4m\u00e4n leikkikent\u00e4n ainoa haittapuoli on se, ett\u00e4 <strong>suoraan leikkielementtien vierest\u00e4 puuttuvat penkit<\/strong> vanhemmille, joten yleens\u00e4 joutuu seisoskelemaan vieress\u00e4 tai istumaan puisten reunusten laidalle. Silti se on loistava pys\u00e4hdyspaikka kaupungilla samoillessa.<\/p>\n\n\n\n<h3 class=\"wp-block-heading\"><span class=\"ez-toc-section\" id=\"19_Uimala_pyhan_Vaclavin_luona\"><\/span>19. Uimala pyh\u00e4n V\u00e1clavin luona<span class=\"ez-toc-section-end\"><\/span><\/h3>\n\n\n\n<p class=\"wp-block-paragraph\">Kun kes\u00e4helteet iskev\u00e4t, koko kaupunki muuttaa uimalaan pyh\u00e4n V\u00e1clavin luo, joka sijaitsee Z\u00e1tavsk\u00e9 n\u00e1b\u0159e\u017e\u00edll\u00e4. T\u00e4m\u00e4 alue yhdist\u00e4\u00e4 <strong>klassisen uinnin Otava-joessa moderneihin altaisiin<\/strong>, joten t\u00e4\u00e4lt\u00e4 l\u00f6yt\u00e4\u00e4 jokainen jotakin.<\/p>\n\n\n\n<p class=\"wp-block-paragraph\">Lapsiperheille on t\u00e4\u00e4ll\u00e4 <strong>matala lastenallas liukum\u00e4kineen ja erillinen kahluuallas<\/strong> aivan pienimmille taaperoille. Altaiden ymp\u00e4rill\u00e4 on nurmialueita huovilla oleskeluun, eik\u00e4 t\u00e4\u00e4lt\u00e4 puutu my\u00f6sk\u00e4\u00e4n korkeita puita, joiden alle voit paeta varjoon lastenvaunujen kanssa.<\/p>\n\n\n\n<p class=\"wp-block-paragraph\">Uimala toimii <strong>toukokuusta syyskuuhun joka p\u00e4iv\u00e4 puoli kahdeksaan illalla<\/strong>, aikuiset maksavat p\u00e4\u00e4syst\u00e4 90 K\u010d (noin 3,50 \u20ac) ja alle 140-senttiset lapset 60 K\u010d (noin 2,50 \u20ac). Etuna on, ett\u00e4 suoraan alueella toimii viereisen Penzion Sportin ravintola, joten lounas on turvattu.<\/p>\n\n\n\n<h3 class=\"wp-block-heading\"><span class=\"ez-toc-section\" id=\"20_Veneily_ja_melonta_Otavalla\"><\/span>20. Veneily ja melonta Otavalla<span class=\"ez-toc-section-end\"><\/span><\/h3>\n\n\n\n<p class=\"wp-block-paragraph\">Otava-joki ei vain virtaa P\u00edsekin l\u00e4pi, vaan suorastaan houkuttelee erilaisiin vesiaktiviteetteihin, jotka onnistuvat pienempienkin lasten kanssa. <strong>Suoraan Kaupunginsaaren luona toimii vuokraamo<\/strong>, josta voit kaudella vuokrata perinteisi\u00e4 soutuveneit\u00e4 tai vesipolkupy\u00f6ri\u00e4.<\/p>\n\n\n\n<p class=\"wp-block-paragraph\">Lapset rakastavat sit\u00e4, kun he voivat veneest\u00e4 <strong>tarkkailla kaupunkia aivan eri n\u00e4k\u00f6kulmasta<\/strong> ja seurata l\u00e4helt\u00e4 pinnalla uivia ankkoja. Uimalalta pyh\u00e4n V\u00e1clavin luona vuokraat taas veneen satasella tunnilta ja voit meloa hieman pitkin Otavaa.<\/p>\n\n\n\n<p class=\"wp-block-paragraph\">Jos pid\u00e4t pidemmist\u00e4 retkist\u00e4, <strong>Otava on tunnettu melontajoki<\/strong>, joten voit suunnitella perheen kanssa jonkin rauhallisemman osuuden lasku, veneiden ja lauttojen vuokraamoja P\u00edsekin l\u00e4hist\u00f6ll\u00e4 on heti useita.<\/p>\n\n\n\n<h3 class=\"wp-block-heading\"><span class=\"ez-toc-section\" id=\"21_Riistatarha_U_Vodaka\"><\/span>21. Riistatarha U Vod\u00e1ka<span class=\"ez-toc-section-end\"><\/span><\/h3>\n\n\n\n<figure data-wp-context=\"{&quot;imageId&quot;:&quot;6a951b9a2760c&quot;}\" data-wp-interactive=\"core\/image\" data-wp-key=\"6a951b9a2760c\" class=\"wp-block-image size-full wp-lightbox-container\"><img decoding=\"async\" width=\"960\" height=\"640\" data-wp-class--hide=\"state.isContentHidden\" data-wp-class--show=\"state.isContentVisible\" data-wp-init=\"callbacks.setButtonStyles\" data-wp-on--click=\"actions.showLightbox\" data-wp-on--load=\"callbacks.setButtonStyles\" data-wp-on--pointerdown=\"actions.preloadImage\" data-wp-on--pointerenter=\"actions.preloadImageWithDelay\" data-wp-on--pointerleave=\"actions.cancelPreload\" data-wp-on-window--resize=\"callbacks.setButtonStyles\" src=\"https:\/\/loudavymkrokem.cz\/wp-content\/uploads\/2026\/08\/oburka-u-vodaka-danci.jpg\" alt=\"Kuusipeuroja U Vod\u00e1ka -riistatarhassa P\u00edsekin vuorilla\" class=\"wp-image-399639\" title=\"\" srcset=\"https:\/\/loudavymkrokem.cz\/wp-content\/uploads\/2026\/08\/oburka-u-vodaka-danci.jpg 960w, https:\/\/loudavymkrokem.cz\/wp-content\/uploads\/2026\/08\/oburka-u-vodaka-danci-300x200.jpg 300w, https:\/\/loudavymkrokem.cz\/wp-content\/uploads\/2026\/08\/oburka-u-vodaka-danci-700x467.jpg 700w, https:\/\/loudavymkrokem.cz\/wp-content\/uploads\/2026\/08\/oburka-u-vodaka-danci-768x512.jpg 768w, https:\/\/loudavymkrokem.cz\/wp-content\/uploads\/2026\/08\/oburka-u-vodaka-danci-696x464.jpg 696w\" sizes=\"(max-width: 960px) 100vw, 960px\" \/><button\n\t\t\tclass=\"lightbox-trigger\"\n\t\t\ttype=\"button\"\n\t\t\taria-haspopup=\"dialog\"\n\t\t\tdata-wp-bind--aria-label=\"state.thisImage.triggerButtonAriaLabel\"\n\t\t\tdata-wp-init=\"callbacks.initTriggerButton\"\n\t\t\tdata-wp-on--click=\"actions.showLightbox\"\n\t\t\tdata-wp-style--right=\"state.thisImage.buttonRight\"\n\t\t\tdata-wp-style--top=\"state.thisImage.buttonTop\"\n\t\t>\n\t\t\t<svg xmlns=\"http:\/\/www.w3.org\/2000\/svg\" width=\"12\" height=\"12\" fill=\"none\" viewBox=\"0 0 12 12\">\n\t\t\t\t<path fill=\"#fff\" d=\"M2 0a2 2 0 0 0-2 2v2h1.5V2a.5.5 0 0 1 .5-.5h2V0H2Zm2 10.5H2a.5.5 0 0 1-.5-.5V8H0v2a2 2 0 0 0 2 2h2v-1.5ZM8 12v-1.5h2a.5.5 0 0 0 .5-.5V8H12v2a2 2 0 0 1-2 2H8Zm2-12a2 2 0 0 1 2 2v2h-1.5V2a.5.5 0 0 0-.5-.5H8V0h2Z\" \/>\n\t\t\t<\/svg>\n\t\t<\/button><\/figure>\n\n\n\n<p class=\"wp-block-paragraph\">Perheille, jotka rakastavat el\u00e4imi\u00e4 ja luontoa, <strong>kaunis k\u00e4velyretken kohde on mets\u00e4inen riistatarha U Vod\u00e1ka<\/strong>, joka sijaitsee P\u00edsekin vuorten reunalla. Se on vain pienen matkan p\u00e4\u00e4ss\u00e4 kaupungista, mutta silti p\u00e4\u00e4dyt t\u00e4ydelliseen mets\u00e4n rauhaan.<\/p>\n\n\n\n<p class=\"wp-block-paragraph\">N\u00e4k\u00f6alatasanteelta ja aidan vierest\u00e4 voit t\u00e4\u00e4ll\u00e4 <strong>tarkkailla kuusipeuroja ja muvloneja<\/strong>, jotka ovat tottuneet ihmisiin, mik\u00e4 viihdytt\u00e4\u00e4 lapsia luotettavasti pitk\u00e4n aikaa. Riistatarhaan johtaa helppo mets\u00e4polku, jonka pienetkin jalat jaksavat, lastenvaunujen kanssa varaudu maastoon.<\/p>\n\n\n\n<p class=\"wp-block-paragraph\">Parasta t\u00e4ss\u00e4 retkess\u00e4 on se, ett\u00e4 <strong>se on avoinna ymp\u00e4ri vuoden ja t\u00e4ysin ilmainen<\/strong>, joten paikalliset perheet l\u00e4htev\u00e4t t\u00e4nne huoletta my\u00f6s talvella termospullo teet\u00e4 mukanaan, kun sataa lunta ja el\u00e4imet n\u00e4kyv\u00e4t kauniisti lumisessa mets\u00e4ss\u00e4.<\/p>\n\n\n\n<h3 class=\"wp-block-heading\"><span class=\"ez-toc-section\" id=\"22_3D-labyrintti_Zivec\"><\/span>22. 3D-labyrintti \u017divec<span class=\"ez-toc-section-end\"><\/span><\/h3>\n\n\n\n<figure data-wp-context=\"{&quot;imageId&quot;:&quot;6a951b9a27b5c&quot;}\" data-wp-interactive=\"core\/image\" data-wp-key=\"6a951b9a27b5c\" class=\"wp-block-image size-full wp-lightbox-container\"><img decoding=\"async\" width=\"1200\" height=\"600\" data-wp-class--hide=\"state.isContentHidden\" data-wp-class--show=\"state.isContentVisible\" data-wp-init=\"callbacks.setButtonStyles\" data-wp-on--click=\"actions.showLightbox\" data-wp-on--load=\"callbacks.setButtonStyles\" data-wp-on--pointerdown=\"actions.preloadImage\" data-wp-on--pointerenter=\"actions.preloadImageWithDelay\" data-wp-on--pointerleave=\"actions.cancelPreload\" data-wp-on-window--resize=\"callbacks.setButtonStyles\" src=\"https:\/\/loudavymkrokem.cz\/wp-content\/uploads\/2026\/08\/chata-zivec-3d-bludiste-pisecke-hory.jpg\" alt=\"K\u00f6ysirata ja 3D-labyrintti \u017divec-majan luona P\u00edsekin vuorilla\" class=\"wp-image-399626\" title=\"\" srcset=\"https:\/\/loudavymkrokem.cz\/wp-content\/uploads\/2026\/08\/chata-zivec-3d-bludiste-pisecke-hory.jpg 1200w, https:\/\/loudavymkrokem.cz\/wp-content\/uploads\/2026\/08\/chata-zivec-3d-bludiste-pisecke-hory-300x150.jpg 300w, https:\/\/loudavymkrokem.cz\/wp-content\/uploads\/2026\/08\/chata-zivec-3d-bludiste-pisecke-hory-700x350.jpg 700w, https:\/\/loudavymkrokem.cz\/wp-content\/uploads\/2026\/08\/chata-zivec-3d-bludiste-pisecke-hory-768x384.jpg 768w, https:\/\/loudavymkrokem.cz\/wp-content\/uploads\/2026\/08\/chata-zivec-3d-bludiste-pisecke-hory-696x348.jpg 696w\" sizes=\"(max-width: 1200px) 100vw, 1200px\" \/><button\n\t\t\tclass=\"lightbox-trigger\"\n\t\t\ttype=\"button\"\n\t\t\taria-haspopup=\"dialog\"\n\t\t\tdata-wp-bind--aria-label=\"state.thisImage.triggerButtonAriaLabel\"\n\t\t\tdata-wp-init=\"callbacks.initTriggerButton\"\n\t\t\tdata-wp-on--click=\"actions.showLightbox\"\n\t\t\tdata-wp-style--right=\"state.thisImage.buttonRight\"\n\t\t\tdata-wp-style--top=\"state.thisImage.buttonTop\"\n\t\t>\n\t\t\t<svg xmlns=\"http:\/\/www.w3.org\/2000\/svg\" width=\"12\" height=\"12\" fill=\"none\" viewBox=\"0 0 12 12\">\n\t\t\t\t<path fill=\"#fff\" d=\"M2 0a2 2 0 0 0-2 2v2h1.5V2a.5.5 0 0 1 .5-.5h2V0H2Zm2 10.5H2a.5.5 0 0 1-.5-.5V8H0v2a2 2 0 0 0 2 2h2v-1.5ZM8 12v-1.5h2a.5.5 0 0 0 .5-.5V8H12v2a2 2 0 0 1-2 2H8Zm2-12a2 2 0 0 1 2 2v2h-1.5V2a.5.5 0 0 0-.5-.5H8V0h2Z\" \/>\n\t\t\t<\/svg>\n\t\t<\/button><\/figure>\n\n\n\n<p class=\"wp-block-paragraph\">P\u00edsekin yl\u00e4puolisiin metsiin, aivan tunnetun \u017divec-majan viereen, nousi <strong>ainutlaatuinen puiden v\u00e4liin ripustettu 3D-labyrintti<\/strong>. Kyseess\u00e4 on riippuvien k\u00e4velysiltojen ja m\u00f6kkien j\u00e4rjestelm\u00e4, joka on kokonaan suojattu turvaverkoilla, joten et tarvitse mit\u00e4\u00e4n vuorikiipeilyvarmistusta etk\u00e4 kyp\u00e4ri\u00e4.<\/p>\n\n\n\n<p class=\"wp-block-paragraph\">Aktiviteetti sijaitsee <strong>kolmen ja puolen metrin korkeudesta kuuteen metriin maan yl\u00e4puolella<\/strong>, mik\u00e4 takaa kunnon annoksen adrenaliinia. Kolmesta seitsem\u00e4\u00e4n vuoden ik\u00e4iset lapset p\u00e4\u00e4sev\u00e4t t\u00e4nne vain aikuisen seurassa, aivan pienimmille on taas alhaalla maassa pienempi mets\u00e4k\u00f6ysirata kristallim\u00f6kkeineen.<\/p>\n\n\n\n<p class=\"wp-block-paragraph\">Labyrintti on <strong>osa Jalokivien polku -luontopolkua ja vapaasti avoin<\/strong>, joten et maksa mit\u00e4\u00e4n p\u00e4\u00e4symaksua. Auton voit j\u00e4tt\u00e4\u00e4 U T\u0159\u00ed rybn\u00edk\u016f- tai U Honz\u00ed\u010dka -parkkipaikalle ja k\u00e4vell\u00e4 t\u00e4nne miellytt\u00e4v\u00e4n mets\u00e4k\u00e4velyn kautta.<\/p>\n\n\n\n<h3 class=\"wp-block-heading\"><span class=\"ez-toc-section\" id=\"23_Jarnik-nakotorni\"><\/span>23. Jarn\u00edk-n\u00e4k\u00f6torni<span class=\"ez-toc-section-end\"><\/span><\/h3>\n\n\n\n<figure data-wp-context=\"{&quot;imageId&quot;:&quot;6a951b9a2813f&quot;}\" data-wp-interactive=\"core\/image\" data-wp-key=\"6a951b9a2813f\" class=\"wp-block-image size-full wp-lightbox-container\"><img decoding=\"async\" width=\"1000\" height=\"562\" data-wp-class--hide=\"state.isContentHidden\" data-wp-class--show=\"state.isContentVisible\" data-wp-init=\"callbacks.setButtonStyles\" data-wp-on--click=\"actions.showLightbox\" data-wp-on--load=\"callbacks.setButtonStyles\" data-wp-on--pointerdown=\"actions.preloadImage\" data-wp-on--pointerenter=\"actions.preloadImageWithDelay\" data-wp-on--pointerleave=\"actions.cancelPreload\" data-wp-on-window--resize=\"callbacks.setButtonStyles\" src=\"https:\/\/loudavymkrokem.cz\/wp-content\/uploads\/2026\/08\/rozhledna-jarnik-pisecke-hory.jpg\" alt=\"Jarn\u00edk-n\u00e4k\u00f6torni P\u00edsekin vuorilla ilmasta kuvattuna\" class=\"wp-image-399674\" title=\"\" srcset=\"https:\/\/loudavymkrokem.cz\/wp-content\/uploads\/2026\/08\/rozhledna-jarnik-pisecke-hory.jpg 1000w, https:\/\/loudavymkrokem.cz\/wp-content\/uploads\/2026\/08\/rozhledna-jarnik-pisecke-hory-300x169.jpg 300w, https:\/\/loudavymkrokem.cz\/wp-content\/uploads\/2026\/08\/rozhledna-jarnik-pisecke-hory-700x393.jpg 700w, https:\/\/loudavymkrokem.cz\/wp-content\/uploads\/2026\/08\/rozhledna-jarnik-pisecke-hory-768x432.jpg 768w, https:\/\/loudavymkrokem.cz\/wp-content\/uploads\/2026\/08\/rozhledna-jarnik-pisecke-hory-696x391.jpg 696w\" sizes=\"(max-width: 1000px) 100vw, 1000px\" \/><button\n\t\t\tclass=\"lightbox-trigger\"\n\t\t\ttype=\"button\"\n\t\t\taria-haspopup=\"dialog\"\n\t\t\tdata-wp-bind--aria-label=\"state.thisImage.triggerButtonAriaLabel\"\n\t\t\tdata-wp-init=\"callbacks.initTriggerButton\"\n\t\t\tdata-wp-on--click=\"actions.showLightbox\"\n\t\t\tdata-wp-style--right=\"state.thisImage.buttonRight\"\n\t\t\tdata-wp-style--top=\"state.thisImage.buttonTop\"\n\t\t>\n\t\t\t<svg xmlns=\"http:\/\/www.w3.org\/2000\/svg\" width=\"12\" height=\"12\" fill=\"none\" viewBox=\"0 0 12 12\">\n\t\t\t\t<path fill=\"#fff\" d=\"M2 0a2 2 0 0 0-2 2v2h1.5V2a.5.5 0 0 1 .5-.5h2V0H2Zm2 10.5H2a.5.5 0 0 1-.5-.5V8H0v2a2 2 0 0 0 2 2h2v-1.5ZM8 12v-1.5h2a.5.5 0 0 0 .5-.5V8H12v2a2 2 0 0 1-2 2H8Zm2-12a2 2 0 0 1 2 2v2h-1.5V2a.5.5 0 0 0-.5-.5H8V0h2Z\" \/>\n\t\t\t<\/svg>\n\t\t<\/button><\/figure>\n\n\n\n<p class=\"wp-block-paragraph\">Kun jo olette \u017divec-majan luona, tehk\u00e4\u00e4 ehdottomasti noin seitsem\u00e4nsataa metri\u00e4 pitk\u00e4 k\u00e4vely sinist\u00e4 merkitty\u00e4 reitti\u00e4 pitkin <strong>rautaiselle Jarn\u00edk-n\u00e4k\u00f6tornille<\/strong>, joka kohoaa 606 metriin merenpinnan yl\u00e4puolelle. Nousun sel\u00e4tt\u00e4v\u00e4t my\u00f6s aktiivisemmat esikoululaiset, varo vain sit\u00e4, ett\u00e4 yl\u00f6s johtaa 182 melko l\u00e4pin\u00e4kyv\u00e4\u00e4 porrasta.<\/p>\n\n\n\n<p class=\"wp-block-paragraph\">N\u00e4k\u00f6alatasanteelta avautuu <strong>upea n\u00e4kym\u00e4 koko P\u00edsekin seudulle ja \u0160umavaan<\/strong>, mik\u00e4 on ehdottomasti sen vaivan arvoista. P\u00e4\u00e4sy n\u00e4k\u00f6tornille on ilmainen, mutta talvikuukausina ja sesongin ulkopuolella se on usein lukossa ja avaimet t\u00e4ytyy lainata juuri \u017divec-majalta.<\/p>\n\n\n\n<p class=\"wp-block-paragraph\">\ud83d\udca1 <strong>Vinkki:<\/strong> Jos suunnittelet yhdist\u00e4\u00e4 retken lounaaseen, tarkista etuk\u00e4teen \u017divec-majan ravintolan aukioloajat, sill\u00e4 talvikaudella auki on usein vain perjantaista sunnuntaihin.<\/p>\n\n\n\n<h3 class=\"wp-block-heading\"><span class=\"ez-toc-section\" id=\"24_Kuularata_Hradiste\"><\/span>24. Kuularata Hradi\u0161t\u011b<span class=\"ez-toc-section-end\"><\/span><\/h3>\n\n\n\n<p class=\"wp-block-paragraph\">Hradi\u0161t\u011bn kaupunkimetsiin, miss\u00e4 joskus sijaitsi esihistoriallinen linnavuori, syntyi elokuussa 2025 <strong>fantastinen nelj\u00e4kymment\u00e4 metri\u00e4 pitk\u00e4 mets\u00e4kuularata<\/strong>. Se on aivan mahtavasti sijoitettu luonnonmukaiseen maastoon, se risteilee kantojen ja maaston ep\u00e4tasaisuuksien lomassa, ja lapset jaksavat juosta sen ymp\u00e4rill\u00e4 yl\u00f6s ja alas pitki\u00e4 tunteja.<\/p>\n\n\n\n<p class=\"wp-block-paragraph\">Toisin kuin rantat\u00f6rm\u00e4n kuulaleikkikent\u00e4ll\u00e4, t\u00e4\u00e4ll\u00e4 <strong>ei ole automaattia, joten sinun t\u00e4ytyy tuoda omat kuulat<\/strong> kotoa, mieluiten isommat puiset tai lasiset. Rata on osa laajempia mets\u00e4n liikuntareittej\u00e4, joten t\u00e4\u00e4ll\u00e4 t\u00f6rm\u00e4\u00e4 my\u00f6s erilaisiin kuntoiluv\u00e4lineisiin.<\/p>\n\n\n\n<p class=\"wp-block-paragraph\">Mets\u00e4k\u00e4vely Hradi\u0161t\u011blla on <strong>hyvin rauhoittava ja onnistuu my\u00f6s maastolastenvaunuilla<\/strong>, varaudu vain liev\u00e4\u00e4n nousuun, sill\u00e4 rata on rakennettu rinteeseen, jotta kuulat saisivat oikean vauhdin.<\/p>\n\n\n\n<!-- LKM_GYG_CARD start q=\"pisek detmi\" lang=\"fi\" rendered=\"2026-08-31T02:00:26+00:00\" v=\"1\" -->\n\n<!-- LKM_GYG_CARD end -->\n\n\n\n\n<div class=\"lk-stays-module\">\n<style>\n\/* \u2500\u2500\u2500 RESET PRO GUTENBERG \u2500\u2500\u2500 *\/\n.lk-stays-module * { box-sizing: border-box; margin: 0; padding: 0; }\n\n\/* \u2500\u2500\u2500 WRAPPER \u2500\u2500\u2500 *\/\n.lk-stays-module {\n  font-family: 'DM Sans', Georgia, sans-serif;\n  max-width: 100%;\n  margin: 2.5rem auto;\n  background: linear-gradient(135deg, #fdfaf5 0%, #fcf8f0 100%);\n  border: 1px solid #e8dfd4;\n  border-radius: 16px;\n  overflow: hidden;\n  box-shadow: 0 16px 48px rgba(195, 159, 118, 0.25), 0 4px 12px rgba(0,0,0,0.08);\n}\n\n\/* \u2500\u2500\u2500 HEADER \u2500\u2500\u2500 *\/\n.lk-stays-header {\n  position: relative;\n  padding: 24px 36px 24px;\n  background: linear-gradient(135deg, #c39f76 0%, #d4b188 60%, #c39f76 100%);\n  border-bottom: 1px solid rgba(255,255,255,.15);\n  display: flex;\n  align-items: center;\n  gap: 18px;\n}\n.lk-stays-header::before {\n  content: '';\n  position: absolute;\n  inset: 0;\n  background: url(\"data:image\/svg+xml,%3Csvg width='60' height='60' viewBox='0 0 60 60' xmlns='http:\/\/www.w3.org\/2000\/svg'%3E%3Cg fill='none' fill-rule='evenodd'%3E%3Cg fill='%23ffffff' fill-opacity='0.05'%3E%3Cpath d='M36 34v-4h-2v4h-4v2h4v4h2v-4h4v-2h-4zm0-30V0h-2v4h-4v2h4v4h2V6h4V4h-4zM6 34v-4H4v4H0v2h4v4h2v-4h4v-2H6zM6 4V0H4v4H0v2h4v4h2V6h4V4H6z'\/%3E%3C\/g%3E%3C\/g%3E%3C\/svg%3E\") repeat;\n  pointer-events: none;\n}\n.lk-stays-icon {\n  flex-shrink: 0;\n  width: 68px;\n  height: 68px;\n  border-radius: 14px;\n  background: linear-gradient(135deg, #fff 0%, #f9f6f0 100%);\n  display: flex;\n  align-items: center;\n  justify-content: center;\n  font-size: 26px;\n  box-shadow: 0 4px 12px rgba(0,0,0,0.15);\n}\n.lk-stays-eyebrow {\n  font-size: 10px;\n  font-weight: 500;\n  letter-spacing: 2.5px;\n  text-transform: uppercase;\n  color: rgba(255,255,255,.85);\n  margin: 0 0 5px 0;\n}\n.lk-stays-title {\n  font-family: 'Playfair Display', Georgia, serif;\n  font-size: 24px;\n  font-weight: 700;\n  color: #fff;\n  line-height: 1.2;\n  text-shadow: 0 1px 2px rgba(0,0,0,0.1);\n  margin: 0;\n}\n.lk-stays-subtitle {\n  font-size: 13px;\n  color: rgba(255,255,255,.75);\n  margin: 4px 0 0 0;\n  font-weight: 300;\n}\n\n\/* \u2500\u2500\u2500 CARDS GRID \u2500\u2500\u2500 *\/\n.lk-stays-grid {\n  display: grid;\n  grid-template-columns: 1fr 1fr;\n  gap: 1px;\n  background: rgba(195, 159, 118, 0.12);\n}\n\n\/* \u2500\u2500\u2500 SINGLE CARD \u2500\u2500\u2500 *\/\n.lk-stay-card {\n  background: #ffffff;\n  padding: 26px;\n  display: flex;\n  flex-direction: column;\n  gap: 11px;\n  transition: all 0.3s ease;\n  text-decoration: none;\n  color: inherit;\n  position: relative;\n}\n.lk-stay-card:hover {\n  background: #fffbf5;\n  transform: translateY(-2px);\n  box-shadow: 0 8px 24px rgba(195, 159, 118, 0.18);\n  z-index: 1;\n}\n.lk-stay-card.featured {\n  background: linear-gradient(135deg, #fffdf9 0%, #fff9f0 100%);\n  box-shadow: 0 4px 16px rgba(195, 159, 118, 0.15), inset 0 1px 0 rgba(195, 159, 118, 0.1);\n}\n.lk-stay-card.featured:hover {\n  background: linear-gradient(135deg, #fffbf5 0%, #fff8ed 100%);\n  box-shadow: 0 8px 24px rgba(195, 159, 118, 0.25), inset 0 1px 0 rgba(195, 159, 118, 0.15);\n}\n\n.lk-stay-badge {\n  display: inline-flex;\n  align-items: center;\n  gap: 5px;\n  font-size: 10px;\n  font-weight: 500;\n  letter-spacing: 1.5px;\n  text-transform: uppercase;\n  padding: 5px 11px;\n  border-radius: 20px;\n  width: fit-content;\n}\n.badge-top     { background: linear-gradient(135deg, #c39f76 0%, #d4b188 100%); color: #fff; border: 1px solid #c39f76; font-weight: 600; box-shadow: 0 2px 8px rgba(195,159,118,0.3); }\n.badge-luxury  { background: rgba(195,159,118,.12); color: #c39f76; border: 1px solid rgba(195,159,118,.25); }\n.badge-boutique{ background: rgba(54,133,252,.08); color: #3685fc; border: 1px solid rgba(54,133,252,.2); }\n.badge-nature  { background: rgba(130,190,100,.1); color: #6b9c4a; border: 1px solid rgba(130,190,100,.2); }\n.badge-remote  { background: rgba(195,159,118,.12); color: #a67e50; border: 1px solid rgba(195,159,118,.25); }\n\n.lk-stay-name {\n  font-family: 'Playfair Display', Georgia, serif;\n  font-size: 18px;\n  font-weight: 700;\n  color: #111827;\n  line-height: 1.3;\n}\n.lk-stay-desc {\n  font-size: 13.5px;\n  color: #525252;\n  line-height: 1.65;\n  font-weight: 300;\n  flex: 1;\n}\n\n.lk-stay-meta {\n  display: flex;\n  align-items: center;\n  gap: 12px;\n  flex-wrap: wrap;\n  margin-top: 4px;\n}\n.lk-stay-price {\n  font-size: 13px;\n  color: #6b7280;\n}\n.lk-stay-price strong {\n  color: #c39f76;\n  font-weight: 500;\n}\n.lk-stay-stars {\n  color: #c39f76;\n  font-size: 11px;\n  letter-spacing: 1px;\n}\n\n\/* \u2500\u2500\u2500 CTA BUTTON \u2500\u2500\u2500 *\/\n.lk-stay-cta {\n  display: inline-flex;\n  align-items: center;\n  justify-content: center;\n  gap: 7px;\n  margin-top: 8px;\n  padding: 11px 20px;\n  border-radius: 8px;\n  background: linear-gradient(135deg, #3685fc 0%, #2a6fd9 100%);\n  color: #fff;\n  font-size: 13px;\n  font-weight: 500;\n  text-decoration: none;\n  letter-spacing: .3px;\n  transition: all .2s ease;\n  cursor: pointer;\n  border: none;\n  text-align: center;\n  box-shadow: 0 4px 12px rgba(54, 133, 252, 0.25);\n}\n.lk-stay-cta:hover {\n  background: linear-gradient(135deg, #2a6fd9 0%, #1e5bc4 100%);\n  transform: translateY(-1px);\n  box-shadow: 0 6px 16px rgba(54, 133, 252, 0.35);\n}\n.lk-stay-cta svg { flex-shrink: 0; }\n\n\/* \u2500\u2500\u2500 FOOTER \u2500\u2500\u2500 *\/\n.lk-stays-footer {\n  padding: 18px 36px;\n  background: linear-gradient(to bottom, #fdfaf5 0%, #f9f4ed 100%);\n  border-top: 1px solid rgba(195, 159, 118, 0.15);\n  display: flex;\n  align-items: center;\n  justify-content: space-between;\n  flex-wrap: wrap;\n  gap: 12px;\n}\n.lk-stays-footer-note {\n  font-size: 11.5px;\n  color: #6b7280;\n  font-weight: 300;\n  line-height: 1.5;\n}\n.lk-stays-footer-note a {\n  color: #c39f76;\n  text-decoration: none;\n  font-weight: 400;\n}\n.lk-stays-footer-note a:hover {\n  text-decoration: underline;\n}\n.lk-stays-all-btn {\n  display: inline-flex;\n  align-items: center;\n  gap: 6px;\n  font-size: 12.5px;\n  font-weight: 500;\n  color: #c39f76;\n  text-decoration: none;\n  border: 1px solid rgba(195, 159, 118, 0.35);\n  padding: 8px 18px;\n  border-radius: 8px;\n  transition: all .2s ease;\n}\n.lk-stays-all-btn:hover {\n  background: rgba(195, 159, 118, 0.08);\n  border-color: rgba(195, 159, 118, 0.5);\n}\n\n\/* \u2500\u2500\u2500 RESPONSIVE \u2500\u2500\u2500 *\/\n@media (max-width: 600px) {\n  .lk-stays-grid { grid-template-columns: 1fr; }\n  .lk-stays-header { padding: 24px 20px; }\n  .lk-stays-footer { padding: 16px 20px; }\n  .lk-stay-card { padding: 22px; }\n  .lk-stays-title { font-size: 20px; }\n}\n<\/style>\n\n  <!-- HEADER -->\n  <div class=\"lk-stays-header\">\n    <img decoding=\"async\" src=\"https:\/\/loudavymkrokem.cz\/wp-content\/uploads\/2026\/02\/lukas-a-lucka.jpg\" alt=\"\" style=\"width: 75px; height: 75px; border-radius: 8px; flex-shrink: 0; object-fit: cover; display: block; margin: 4px 0;\" title=\"\">\n    <div class=\"lk-stays-header-text\">\n      <div class=\"lk-stays-eyebrow\">Luk\u00e1\u0161 ja Lucie suosittelevat<\/div>\n      <div class=\"lk-stays-title\">Miss\u00e4 y\u00f6py\u00e4 P\u00edsekissa<\/div>\n      <div class=\"lk-stays-subtitle\">5 majoitusta \u2014 hotelleja ja muita majoitusvaihtoehtoja<\/div>\n    <\/div>\n  <\/div>\n\n  <!-- CARDS -->\n  <div class=\"lk-stays-grid\">\n\n    <a class=\"lk-stay-card featured\" href=\"https:\/\/www.stay22.com\/allez\/roam?aid=lukaskonecny&#038;campaign=loudavymkrokemcz&#038;campaign=fi&#038;campaign=pisek-s-detmi&#038;hotelname=Hotel%20Biograf&#038;address=P%C3%ADsek%2C%20%C4%8Cesko\" target=\"_blank\" rel=\"nofollow noopener\">\n      <span class=\"lk-stay-badge badge-top\">\u2b50 HUIPPUVALINTA<\/span>\n      <span class=\"lk-stay-badge badge-nature\">\ud83c\udfe8 Hotelli<\/span>\n      <div class=\"lk-stay-name\">Hotel Biograf<\/div>\n      <div class=\"lk-stay-desc\">Nelj\u00e4n t\u00e4hden hotelli l\u00e4hell\u00e4 keskustaa, arvosana 8,6 Booking.comissa ja sauna illan rentoutumiseen.<\/div>\n      <div class=\"lk-stay-meta\">\n        <span class=\"lk-stay-stars\">\u2605\u2605\u2605\u2605<\/span>\n        <span class=\"lk-stay-price\">Tarkista hinnat<\/span>\n      <\/div>\n      <span class=\"lk-stay-cta\">\n        <svg width=\"14\" height=\"14\" viewBox=\"0 0 24 24\" fill=\"none\" stroke=\"currentColor\" stroke-width=\"2\"><path d=\"M18 13v6a2 2 0 0 1-2 2H5a2 2 0 0 1-2-2V8a2 2 0 0 1 2-2h6\"\/><polyline points=\"15 3 21 3 21 9\"\/><line x1=\"10\" y1=\"14\" x2=\"21\" y2=\"3\"\/><\/svg>\n        Tarkista saatavuus\n      <\/span>\n    <\/a>\n\n    <a class=\"lk-stay-card\" href=\"https:\/\/www.stay22.com\/allez\/roam?aid=lukaskonecny&#038;campaign=loudavymkrokemcz&#038;campaign=fi&#038;campaign=piseksdetmi&#038;address=P%C3%ADsek&#038;hotelname=Hotel+Otava&#038;search=Hotel+Otava&#038;category=accommodation\" target=\"_blank\" rel=\"nofollow noopener\">\n      <span class=\"lk-stay-badge badge-nature\">\ud83c\udfe8 Hotelli<\/span>\n      <div class=\"lk-stay-name\">Hotel Otava<\/div>\n      <div class=\"lk-stay-desc\">Historiallinen hotelli, jossa on Al\u0161an maalaukset julkisivussa kunnostuksen j\u00e4lkeen, ja Caf\u00e9 Otava pohjakerroksessa.<\/div>\n      <div class=\"lk-stay-meta\">\n        <span class=\"lk-stay-stars\">\u2605\u2605\u2605\u2605<\/span>\n        <span class=\"lk-stay-price\">Tarkista hinnat<\/span>\n      <\/div>\n      <span class=\"lk-stay-cta\">\n        <svg width=\"14\" height=\"14\" viewBox=\"0 0 24 24\" fill=\"none\" stroke=\"currentColor\" stroke-width=\"2\"><path d=\"M18 13v6a2 2 0 0 1-2 2H5a2 2 0 0 1-2-2V8a2 2 0 0 1 2-2h6\"\/><polyline points=\"15 3 21 3 21 9\"\/><line x1=\"10\" y1=\"14\" x2=\"21\" y2=\"3\"\/><\/svg>\n        Tarkista saatavuus\n      <\/span>\n    <\/a>\n\n    <a class=\"lk-stay-card\" href=\"https:\/\/www.stay22.com\/allez\/roam?aid=lukaskonecny&#038;campaign=loudavymkrokemcz&#038;campaign=fi&#038;campaign=pisek-s-detmi&#038;hotelname=Hotel%20U%20Kapli%C4%8Dky&#038;address=P%C3%ADsek%2C%20%C4%8Cesko\" target=\"_blank\" rel=\"nofollow noopener\">\n      <span class=\"lk-stay-badge badge-nature\">\ud83c\udfe8 Hotelli<\/span>\n      <div class=\"lk-stay-name\">Hotel U Kapli\u010dky<\/div>\n      <div class=\"lk-stay-desc\">Moderni hotelli gastronomisella kokemuksella, ravintola Chapelle on Michelin Guidessa.<\/div>\n      <div class=\"lk-stay-meta\">\n        <span class=\"lk-stay-stars\">\u2605\u2605\u2605\u2605<\/span>\n        <span class=\"lk-stay-price\">Tarkista hinnat<\/span>\n      <\/div>\n      <span class=\"lk-stay-cta\">\n        <svg width=\"14\" height=\"14\" viewBox=\"0 0 24 24\" fill=\"none\" stroke=\"currentColor\" stroke-width=\"2\"><path d=\"M18 13v6a2 2 0 0 1-2 2H5a2 2 0 0 1-2-2V8a2 2 0 0 1 2-2h6\"\/><polyline points=\"15 3 21 3 21 9\"\/><line x1=\"10\" y1=\"14\" x2=\"21\" y2=\"3\"\/><\/svg>\n        Tarkista saatavuus\n      <\/span>\n    <\/a>\n\n    <a class=\"lk-stay-card\" href=\"https:\/\/www.stay22.com\/allez\/roam?aid=lukaskonecny&#038;campaign=loudavymkrokemcz&#038;campaign=fi&#038;campaign=pisek-s-detmi&#038;hotelname=Penzion%20Sport&#038;address=P%C3%ADsek%2C%20%C4%8Cesko\" target=\"_blank\" rel=\"nofollow noopener\">\n      <span class=\"lk-stay-badge badge-nature\">\ud83c\udfe1 Majatalo\/B&#038;B<\/span>\n      <div class=\"lk-stay-name\">Penzion Sport<\/div>\n      <div class=\"lk-stay-desc\">Joen varrella sijaitseva majatalo uima-altaan alueella, ihanteellinen uimiseen. Ravintola terassilla muutaman askeleen p\u00e4\u00e4ss\u00e4 altaista.<\/div>\n      <div class=\"lk-stay-meta\">\n        <span class=\"lk-stay-stars\">\u2605\u2605\u2605\u2605<\/span>\n        <span class=\"lk-stay-price\">Tarkista hinnat<\/span>\n      <\/div>\n      <span class=\"lk-stay-cta\">\n        <svg width=\"14\" height=\"14\" viewBox=\"0 0 24 24\" fill=\"none\" stroke=\"currentColor\" stroke-width=\"2\"><path d=\"M18 13v6a2 2 0 0 1-2 2H5a2 2 0 0 1-2-2V8a2 2 0 0 1 2-2h6\"\/><polyline points=\"15 3 21 3 21 9\"\/><line x1=\"10\" y1=\"14\" x2=\"21\" y2=\"3\"\/><\/svg>\n        Tarkista saatavuus\n      <\/span>\n    <\/a>\n\n    <a class=\"lk-stay-card\" href=\"https:\/\/www.stay22.com\/allez\/roam?aid=lukaskonecny&#038;campaign=loudavymkrokemcz&#038;campaign=fi&#038;campaign=piseksdetmi&#038;address=p\u00edsek\" target=\"_blank\" rel=\"nofollow noopener\">\n      <span class=\"lk-stay-badge badge-nature\">\ud83d\udd0d Hae<\/span>\n      <div class=\"lk-stay-name\">N\u00e4yt\u00e4 kaikki majoitukset P\u00edsekissa<\/div>\n      <div class=\"lk-stay-desc\">Tutustu kaikkiin saatavilla oleviin majoitusvaihtoehtoihin P\u00edsekissa ja l\u00f6yd\u00e4 paras mieltymystesi ja budjettisi mukaan.<\/div>\n      <div class=\"lk-stay-meta\">\n        <span class=\"lk-stay-stars\">\u2605\u2605\u2605\u2605<\/span>\n        <span class=\"lk-stay-price\">Vertaa hintoja<\/span>\n      <\/div>\n      <span class=\"lk-stay-cta\">\n        <svg width=\"14\" height=\"14\" viewBox=\"0 0 24 24\" fill=\"none\" stroke=\"currentColor\" stroke-width=\"2\"><path d=\"M18 13v6a2 2 0 0 1-2 2H5a2 2 0 0 1-2-2V8a2 2 0 0 1 2-2h6\"\/><polyline points=\"15 3 21 3 21 9\"\/><line x1=\"10\" y1=\"14\" x2=\"21\" y2=\"3\"\/><\/svg>\n        Tarkista saatavuus\n      <\/span>\n    <\/a>\n\n  <\/div>\n\n  \n<\/div>\n\n\n\n\n<h3 class=\"wp-block-heading\"><span class=\"ez-toc-section\" id=\"25_Jattihiekkalaatikko_Vystaviste\"><\/span>25. J\u00e4ttihiekkalaatikko V\u00fdstavi\u0161t\u011b<span class=\"ez-toc-section-end\"><\/span><\/h3>\n\n\n\n<p class=\"wp-block-paragraph\">Jos sinulla on kotona itsep\u00e4inen hiekkalinnojen rakentaja, vie h\u00e4net P\u00edsekin messualueen (V\u00fdstavi\u0161t\u011b) luo, miss\u00e4 sijaitsee <strong>aivan j\u00e4ttim\u00e4inen julkinen hiekkalaatikko<\/strong>. Se on niin iso hiekkapinta, ett\u00e4 t\u00e4\u00e4ll\u00e4 leikkii kymmeni\u00e4 lapsia yht\u00e4 aikaa eiv\u00e4tk\u00e4 he ole ollenkaan toistensa tiell\u00e4.<\/p>\n\n\n\n<p class=\"wp-block-paragraph\">T\u00e4m\u00e4n paikan etuna on <strong>valtava ja hyvin edullinen parkkipaikka aivan vieress\u00e4<\/strong>, joten sinun ei tarvitse k\u00e4vell\u00e4 lelujen, hiekkamuottien ja potkupy\u00f6rien kanssa minnek\u00e4\u00e4n kauas. Hiekkalaatikko on lis\u00e4ksi osittain puiden varjostama, joten t\u00e4\u00e4ll\u00e4 p\u00e4rj\u00e4\u00e4 my\u00f6s kes\u00e4helteess\u00e4.<\/p>\n\n\n\n<p class=\"wp-block-paragraph\">Se on lis\u00e4ksi <strong>vain pari minuuttia k\u00e4velymatkaa joesta ja keskustasta<\/strong>, joten voit helposti yhdist\u00e4\u00e4 sen muihin aktiviteetteihin P\u00edsekiss\u00e4.<\/p>\n\n\n\n<h2 class=\"wp-block-heading\"><span class=\"ez-toc-section\" id=\"Retket_lasten_kanssa_Pisekin_ymparistossa\"><\/span>Retket lasten kanssa P\u00edsekin ymp\u00e4rist\u00f6ss\u00e4<span class=\"ez-toc-section-end\"><\/span><\/h2>\n\n\n\n<p class=\"wp-block-paragraph\">Kaikki n\u00e4m\u00e4 paikat sijaitsevat enint\u00e4\u00e4n 45 minuutin ajomatkan p\u00e4\u00e4ss\u00e4 autolla, joten ne onnistuvat p\u00e4iv\u00e4retkin\u00e4.<\/p>\n\n\n\n<h3 class=\"wp-block-heading\"><span class=\"ez-toc-section\" id=\"26_Farmapark_Maletice\"><\/span>26. Farmapark Maletice<span class=\"ez-toc-section-end\"><\/span><\/h3>\n\n\n\n<figure data-wp-context=\"{&quot;imageId&quot;:&quot;6a951b9a28951&quot;}\" data-wp-interactive=\"core\/image\" data-wp-key=\"6a951b9a28951\" class=\"wp-block-image size-full wp-lightbox-container\"><img decoding=\"async\" width=\"2048\" height=\"1365\" data-wp-class--hide=\"state.isContentHidden\" data-wp-class--show=\"state.isContentVisible\" data-wp-init=\"callbacks.setButtonStyles\" data-wp-on--click=\"actions.showLightbox\" data-wp-on--load=\"callbacks.setButtonStyles\" data-wp-on--pointerdown=\"actions.preloadImage\" data-wp-on--pointerenter=\"actions.preloadImageWithDelay\" data-wp-on--pointerleave=\"actions.cancelPreload\" data-wp-on-window--resize=\"callbacks.setButtonStyles\" src=\"https:\/\/loudavymkrokem.cz\/wp-content\/uploads\/2026\/08\/farmapark-maletice-alpaka.jpg\" alt=\"Alpakka Farmapark Maleticen tarhassa P\u00edsekin l\u00e4hell\u00e4\" class=\"wp-image-399568\" title=\"\" srcset=\"https:\/\/loudavymkrokem.cz\/wp-content\/uploads\/2026\/08\/farmapark-maletice-alpaka.jpg 2048w, https:\/\/loudavymkrokem.cz\/wp-content\/uploads\/2026\/08\/farmapark-maletice-alpaka-300x200.jpg 300w, https:\/\/loudavymkrokem.cz\/wp-content\/uploads\/2026\/08\/farmapark-maletice-alpaka-700x467.jpg 700w, https:\/\/loudavymkrokem.cz\/wp-content\/uploads\/2026\/08\/farmapark-maletice-alpaka-768x512.jpg 768w, https:\/\/loudavymkrokem.cz\/wp-content\/uploads\/2026\/08\/farmapark-maletice-alpaka-1536x1024.jpg 1536w, https:\/\/loudavymkrokem.cz\/wp-content\/uploads\/2026\/08\/farmapark-maletice-alpaka-696x464.jpg 696w, https:\/\/loudavymkrokem.cz\/wp-content\/uploads\/2026\/08\/farmapark-maletice-alpaka-1392x928.jpg 1392w, https:\/\/loudavymkrokem.cz\/wp-content\/uploads\/2026\/08\/farmapark-maletice-alpaka-1920x1280.jpg 1920w\" sizes=\"(max-width: 2048px) 100vw, 2048px\" \/><button\n\t\t\tclass=\"lightbox-trigger\"\n\t\t\ttype=\"button\"\n\t\t\taria-haspopup=\"dialog\"\n\t\t\tdata-wp-bind--aria-label=\"state.thisImage.triggerButtonAriaLabel\"\n\t\t\tdata-wp-init=\"callbacks.initTriggerButton\"\n\t\t\tdata-wp-on--click=\"actions.showLightbox\"\n\t\t\tdata-wp-style--right=\"state.thisImage.buttonRight\"\n\t\t\tdata-wp-style--top=\"state.thisImage.buttonTop\"\n\t\t>\n\t\t\t<svg xmlns=\"http:\/\/www.w3.org\/2000\/svg\" width=\"12\" height=\"12\" fill=\"none\" viewBox=\"0 0 12 12\">\n\t\t\t\t<path fill=\"#fff\" d=\"M2 0a2 2 0 0 0-2 2v2h1.5V2a.5.5 0 0 1 .5-.5h2V0H2Zm2 10.5H2a.5.5 0 0 1-.5-.5V8H0v2a2 2 0 0 0 2 2h2v-1.5ZM8 12v-1.5h2a.5.5 0 0 0 .5-.5V8H12v2a2 2 0 0 1-2 2H8Zm2-12a2 2 0 0 1 2 2v2h-1.5V2a.5.5 0 0 0-.5-.5H8V0h2Z\" \/>\n\t\t\t<\/svg>\n\t\t<\/button><\/figure>\n\n\n\n<p class=\"wp-block-paragraph\"><a href=\"https:\/\/www.farmaparkmaletice.cz\" target=\"_blank\" rel=\"nofollow noopener\">T\u00e4m\u00e4 aivan uusi farmapuisto<\/a> avattiin vasta kes\u00e4ll\u00e4 2025 ja se el\u00e4\u00e4 t\u00e4n\u00e4 vuonna toista kauttaan, ja se sijaitsee <strong>vain kahdentoista minuutin ajomatkan p\u00e4\u00e4ss\u00e4 Protiv\u00ednin suuntaan<\/strong>. Lapset voivat t\u00e4\u00e4ll\u00e4 n\u00e4hd\u00e4 l\u00e4helt\u00e4 vuohia, lampaita, alpakoita, suloisia possuja tai papukaijoja, ja jopa lis\u00e4maksusta kokeilla ponien harjaamista ja niill\u00e4 ratsastamista.<\/p>\n\n\n\n<p class=\"wp-block-paragraph\">Suurin hitti ovat kuitenkin <strong>j\u00e4ttim\u00e4iset ilmatrampoliinit, joita omistajat kutsuvat T\u0161ekin suurimmiksi<\/strong>, joilla lapset saavat riehua uupumukseen asti. Sen lis\u00e4ksi t\u00e4\u00e4lt\u00e4 l\u00f6yd\u00e4t hein\u00e4ladon labyrintin, vesipatjoja hiekkarannalla, k\u00f6ysiratoja ja katetun hiekkalaatikon, joten ohjelmaa riitt\u00e4\u00e4 t\u00e4\u00e4ll\u00e4 v\u00e4hint\u00e4\u00e4n puoleksi p\u00e4iv\u00e4ksi.<\/p>\n\n\n\n<p class=\"wp-block-paragraph\">P\u00e4\u00e4symaksu paikan p\u00e4\u00e4ll\u00e4 on <strong>250 K\u010d lapsille (noin 10 \u20ac) ja 210 K\u010d aikuisille (noin 8,50 \u20ac)<\/strong>, mutta jos ostat liput ajoissa netist\u00e4, s\u00e4\u00e4st\u00e4t perhelipussa jopa satasen. Alle kaksivuotiaat p\u00e4\u00e4sev\u00e4t ilmaiseksi, ja sis\u00e4ll\u00e4 toimii bistro, jossa maksetaan yksinomaan kortilla.<\/p>\n\n\n\n<h3 class=\"wp-block-heading\"><span class=\"ez-toc-section\" id=\"27_Nase_zviratka_Putim\"><\/span>27. Na\u0161e zv\u00ed\u0159\u00e1tka Putim<span class=\"ez-toc-section-end\"><\/span><\/h3>\n\n\n\n<figure data-wp-context=\"{&quot;imageId&quot;:&quot;6a951b9a28ddb&quot;}\" data-wp-interactive=\"core\/image\" data-wp-key=\"6a951b9a28ddb\" class=\"wp-block-image size-full wp-lightbox-container\"><img decoding=\"async\" width=\"1000\" height=\"563\" data-wp-class--hide=\"state.isContentHidden\" data-wp-class--show=\"state.isContentVisible\" data-wp-init=\"callbacks.setButtonStyles\" data-wp-on--click=\"actions.showLightbox\" data-wp-on--load=\"callbacks.setButtonStyles\" data-wp-on--pointerdown=\"actions.preloadImage\" data-wp-on--pointerenter=\"actions.preloadImageWithDelay\" data-wp-on--pointerleave=\"actions.cancelPreload\" data-wp-on-window--resize=\"callbacks.setButtonStyles\" src=\"https:\/\/loudavymkrokem.cz\/wp-content\/uploads\/2026\/08\/nase-zviratka-putim-klokan.jpg\" alt=\"Kenguru miniel\u00e4intarhassa Na\u0161e zv\u00ed\u0159\u00e1tka Putimissa\" class=\"wp-image-399583\" title=\"\" srcset=\"https:\/\/loudavymkrokem.cz\/wp-content\/uploads\/2026\/08\/nase-zviratka-putim-klokan.jpg 1000w, https:\/\/loudavymkrokem.cz\/wp-content\/uploads\/2026\/08\/nase-zviratka-putim-klokan-300x169.jpg 300w, https:\/\/loudavymkrokem.cz\/wp-content\/uploads\/2026\/08\/nase-zviratka-putim-klokan-700x394.jpg 700w, https:\/\/loudavymkrokem.cz\/wp-content\/uploads\/2026\/08\/nase-zviratka-putim-klokan-768x432.jpg 768w, https:\/\/loudavymkrokem.cz\/wp-content\/uploads\/2026\/08\/nase-zviratka-putim-klokan-696x392.jpg 696w\" sizes=\"(max-width: 1000px) 100vw, 1000px\" \/><button\n\t\t\tclass=\"lightbox-trigger\"\n\t\t\ttype=\"button\"\n\t\t\taria-haspopup=\"dialog\"\n\t\t\tdata-wp-bind--aria-label=\"state.thisImage.triggerButtonAriaLabel\"\n\t\t\tdata-wp-init=\"callbacks.initTriggerButton\"\n\t\t\tdata-wp-on--click=\"actions.showLightbox\"\n\t\t\tdata-wp-style--right=\"state.thisImage.buttonRight\"\n\t\t\tdata-wp-style--top=\"state.thisImage.buttonTop\"\n\t\t>\n\t\t\t<svg xmlns=\"http:\/\/www.w3.org\/2000\/svg\" width=\"12\" height=\"12\" fill=\"none\" viewBox=\"0 0 12 12\">\n\t\t\t\t<path fill=\"#fff\" d=\"M2 0a2 2 0 0 0-2 2v2h1.5V2a.5.5 0 0 1 .5-.5h2V0H2Zm2 10.5H2a.5.5 0 0 1-.5-.5V8H0v2a2 2 0 0 0 2 2h2v-1.5ZM8 12v-1.5h2a.5.5 0 0 0 .5-.5V8H12v2a2 2 0 0 1-2 2H8Zm2-12a2 2 0 0 1 2 2v2h-1.5V2a.5.5 0 0 0-.5-.5H8V0h2Z\" \/>\n\t\t\t<\/svg>\n\t\t<\/button><\/figure>\n\n\n\n<p class=\"wp-block-paragraph\">L\u00e4heiseen Putimiin, jonka kelpo sotamies \u0160vejk teki kuuluisaksi, on P\u00edsekist\u00e4 vain kuusi kilometri\u00e4. T\u00e4\u00e4ll\u00e4 sijaitsee <strong>kaunis ja rakkaudella rakennettu el\u00e4innurkkaus Na\u0161e zv\u00ed\u0159\u00e1tka<\/strong>, josta huolehtii rouva Koz\u00e1kov\u00e1, ja t\u00e4\u00e4ll\u00e4 n\u00e4et Bennettin kenguruja, surikaatteja, petolintuja ja puhuvan variksen.<\/p>\n\n\n\n<p class=\"wp-block-paragraph\">Koko alue on suunniteltu hyvin perheyst\u00e4v\u00e4lliseksi, ja el\u00e4inten lis\u00e4ksi lapset l\u00f6yt\u00e4v\u00e4t t\u00e4\u00e4lt\u00e4 my\u00f6s <strong>miellytt\u00e4v\u00e4n retroleikkikent\u00e4n elementeill\u00e4 kahdesta kahteentoista vuoden ik\u00e4isille<\/strong>. Taaperot arvostavat varmasti eniten vuohien, lampaiden ja kanien tarhoja, joita he voivat katsella aivan l\u00e4helt\u00e4.<\/p>\n\n\n\n<p class=\"wp-block-paragraph\">Parasta t\u00e4ss\u00e4 paikassa on se, ett\u00e4 <strong>p\u00e4\u00e4sy on t\u00e4ysin ilmainen tai vapaaehtoista maksua vastaan<\/strong> lippaaseen, ja auki on joka p\u00e4iv\u00e4 aamuyhdeks\u00e4st\u00e4 iltaseitsem\u00e4\u00e4n. Auton pys\u00e4k\u00f6it ilmaiseksi noin puolen kilometrin p\u00e4\u00e4h\u00e4n alueesta, ja sis\u00e4lt\u00e4 voit ostaa pient\u00e4 sy\u00f6t\u00e4v\u00e4\u00e4.<\/p>\n\n\n\n<h3 class=\"wp-block-heading\"><span class=\"ez-toc-section\" id=\"28_Kozluv_statek_Predoticessa\"><\/span>28. Kozl\u016fv statek P\u0159edoticessa<span class=\"ez-toc-section-end\"><\/span><\/h3>\n\n\n\n<p class=\"wp-block-paragraph\">P\u0159edoticeen on P\u00edsekist\u00e4 <strong>vajaat 13 kilometri\u00e4 ja kahdentoista minuutin ajomatka<\/strong>, joten se on yksi kaikkein l\u00e4himmist\u00e4 farmapuistoista, mit\u00e4 meill\u00e4 on. El\u00e4imet ovat t\u00e4\u00e4ll\u00e4 tottuneet lapsiin, niit\u00e4 saa silitt\u00e4\u00e4 ja ruokkia, ja koko alue vaikuttaa enemm\u00e4n perhetilalta kuin maksulliselta n\u00e4ht\u00e4vyydelt\u00e4.<\/p>\n\n\n\n<p class=\"wp-block-paragraph\">El\u00e4inten lis\u00e4ksi lapsia odottaa t\u00e4\u00e4ll\u00e4 <strong>karuselli, leluja ja tutustumispelej\u00e4<\/strong> ymp\u00e4ri aluetta, joten viihtyv\u00e4t my\u00f6s ne, joilta vuohien silittely on nopeasti kuitattu. Sis\u00e4\u00e4nk\u00e4ynnin luona toimii kioski, jossa on tarjolla sy\u00f6t\u00e4v\u00e4\u00e4 ja jossa voi rauhassa istahtaa.<\/p>\n\n\n\n<p class=\"wp-block-paragraph\">\ud83d\udca1 <strong>Vinkki:<\/strong> <strong>Keskiviikkoisin on suljettu<\/strong>, muuten auki on kymmenest\u00e4 kuuteen. Ajankohtaisen p\u00e4\u00e4symaksun l\u00f6yd\u00e4t osoitteesta kozluvstatek.cz tai kysy puhelinnumerosta 775 172 474.<\/p>\n\n\n\n<h3 class=\"wp-block-heading\"><span class=\"ez-toc-section\" id=\"29_Farma_Stary_Bor_Sedlicen_luona\"><\/span>29. Farma Star\u00fd Bor Sedlicen luona<span class=\"ez-toc-section-end\"><\/span><\/h3>\n\n\n\n<p class=\"wp-block-paragraph\">Farma Star\u00fd Bor sijaitsee Sedlicen luona, <strong>16 kilometri\u00e4 ja vartin ajomatka P\u00edsekist\u00e4<\/strong>, ja se on yksi niist\u00e4 paikoista, jotka voittavat my\u00f6s vanhemmat puolelleen. Suurin osa el\u00e4imist\u00e4 nimitt\u00e4in tuli t\u00e4nne omistajilta, jotka eiv\u00e4t voineet tai halunneet huolehtia niist\u00e4, joten se on puoliksi farma ja puoliksi turvakoti.<\/p>\n\n\n\n<p class=\"wp-block-paragraph\">T\u00e4\u00e4ll\u00e4 n\u00e4et <strong>strutseja, emuja, laamoja, vuohia, lampaita sek\u00e4 eksoottisia papukaijoja ja riikinkukkoja<\/strong>, el\u00e4imi\u00e4 saa ruokkia, ja ymp\u00e4ri aluetta on sijoitettu arvoituksia, joita lapset ratkovat kierroksen aikana. T\u00e4\u00e4ll\u00e4 on leikkikentt\u00e4 ja kioski, jossa on muun muassa j\u00e4\u00e4tel\u00f6\u00e4, my\u00f6s gluteenitonta.<\/p>\n\n\n\n<p class=\"wp-block-paragraph\">Farma toimii <strong>kausiluontoisesti suunnilleen toukokuusta syyskuuhun, p\u00e4ivitt\u00e4in yhdest\u00e4toista kuuteen<\/strong>. P\u00e4\u00e4symaksu on k\u00e4vij\u00f6iden mukaan yleens\u00e4 vapaaehtoinen, mutta varmista se mieluummin etuk\u00e4teen osoitteesta farmastarybor.cz tai puhelinnumerosta 606 560 993. Maastokelpoisemmat lastenvaunut alue sel\u00e4tt\u00e4\u00e4, ja vierailua voi pident\u00e4\u00e4 k\u00e4velyll\u00e4 lammen ymp\u00e4ri.<\/p>\n\n\n\n<h3 class=\"wp-block-heading\"><span class=\"ez-toc-section\" id=\"30_Talli_Stetice\"><\/span>30. Talli \u0160t\u011btice<span class=\"ez-toc-section-end\"><\/span><\/h3>\n\n\n\n<p class=\"wp-block-paragraph\">\u0160t\u011btice Ra\u017eicen luona on P\u00edsekist\u00e4 <strong>vajaat 12 kilometri\u00e4, eli varttitunti autolla<\/strong>, ja se on seudun parhaimman arvosanan saanut talli. T\u00e4\u00e4lt\u00e4 l\u00e4hdet\u00e4\u00e4n ratsastusretkille ymp\u00e4rist\u00f6\u00f6n ja mukaan otetaan my\u00f6s t\u00e4ydet aloittelijat, joten t\u00e4nne voi l\u00e4hte\u00e4 my\u00f6s lapsen kanssa, joka ei ole koskaan istunut hevosen sel\u00e4ss\u00e4.<\/p>\n\n\n\n<p class=\"wp-block-paragraph\">Loman aikana <strong>p\u00edsekil\u00e4iset perheet k\u00e4yv\u00e4t t\u00e4\u00e4ll\u00e4 ratsastamassa s\u00e4\u00e4nn\u00f6llisesti<\/strong>, ja arvosteluissa nostetaan toistuvasti esiin hevosista huolehtivien ihmisten asenne. Sovi ajat ja lasten ehdot etuk\u00e4teen osoitteessa stajestetice.cz tai puhelinnumerossa 724 759 880.<\/p>\n\n\n\n<h3 class=\"wp-block-heading\"><span class=\"ez-toc-section\" id=\"31_Ranch_Calamity_Jane_Probulovissa\"><\/span>31. Ranch Calamity Jane Probulovissa<span class=\"ez-toc-section-end\"><\/span><\/h3>\n\n\n\n<p class=\"wp-block-paragraph\">Ranssi Probulovin luona on hieman kauempana, <strong>32 kilometri\u00e4 ja puolen tunnin ajomatka<\/strong>, mutta sen sijaan se on l\u00e4hell\u00e4 Orl\u00edkin tekoj\u00e4rve\u00e4, joten sen voi yhdist\u00e4\u00e4 retkeen veden \u00e4\u00e4relle. Alue on todella laaja: hevosia, maatilan el\u00e4imi\u00e4, laidunmaita ja western-tunnelma.<\/p>\n\n\n\n<p class=\"wp-block-paragraph\">Ratsastuksen lis\u00e4ksi t\u00e4\u00e4ll\u00e4 toimii my\u00f6s <strong>leiripaikka tiipiineen, jossa voi y\u00f6py\u00e4<\/strong>, mit\u00e4 arvostavat etenkin isommat lapset. Auki on yleens\u00e4 p\u00e4ivitt\u00e4in kymmenest\u00e4 kuuteen, ohjelman ja hinnat tarkista osoitteesta calamity.cz tai puhelinnumerosta 775 646 461.<\/p>\n\n\n\n<h3 class=\"wp-block-heading\"><span class=\"ez-toc-section\" id=\"32_Fiziland_Protivin\"><\/span>32. Fiziland Protiv\u00edn<span class=\"ez-toc-section-end\"><\/span><\/h3>\n\n\n\n<figure data-wp-context=\"{&quot;imageId&quot;:&quot;6a951b9a29546&quot;}\" data-wp-interactive=\"core\/image\" data-wp-key=\"6a951b9a29546\" class=\"wp-block-image size-full wp-lightbox-container\"><img decoding=\"async\" width=\"2200\" height=\"1467\" data-wp-class--hide=\"state.isContentHidden\" data-wp-class--show=\"state.isContentVisible\" data-wp-init=\"callbacks.setButtonStyles\" data-wp-on--click=\"actions.showLightbox\" data-wp-on--load=\"callbacks.setButtonStyles\" data-wp-on--pointerdown=\"actions.preloadImage\" data-wp-on--pointerenter=\"actions.preloadImageWithDelay\" data-wp-on--pointerleave=\"actions.cancelPreload\" data-wp-on-window--resize=\"callbacks.setButtonStyles\" src=\"https:\/\/loudavymkrokem.cz\/wp-content\/uploads\/2026\/08\/fiziland-protivin-herna.jpg\" alt=\"Fiziland-sis\u00e4leikkipaikka Protiv\u00ednissa vaahtomuovikuoppineen ja kiipeilytelineineen\" class=\"wp-image-399563\" title=\"\" srcset=\"https:\/\/loudavymkrokem.cz\/wp-content\/uploads\/2026\/08\/fiziland-protivin-herna.jpg 2200w, https:\/\/loudavymkrokem.cz\/wp-content\/uploads\/2026\/08\/fiziland-protivin-herna-300x200.jpg 300w, https:\/\/loudavymkrokem.cz\/wp-content\/uploads\/2026\/08\/fiziland-protivin-herna-700x467.jpg 700w, https:\/\/loudavymkrokem.cz\/wp-content\/uploads\/2026\/08\/fiziland-protivin-herna-768x512.jpg 768w, https:\/\/loudavymkrokem.cz\/wp-content\/uploads\/2026\/08\/fiziland-protivin-herna-1536x1024.jpg 1536w, https:\/\/loudavymkrokem.cz\/wp-content\/uploads\/2026\/08\/fiziland-protivin-herna-2048x1366.jpg 2048w, https:\/\/loudavymkrokem.cz\/wp-content\/uploads\/2026\/08\/fiziland-protivin-herna-696x464.jpg 696w, https:\/\/loudavymkrokem.cz\/wp-content\/uploads\/2026\/08\/fiziland-protivin-herna-1392x928.jpg 1392w, https:\/\/loudavymkrokem.cz\/wp-content\/uploads\/2026\/08\/fiziland-protivin-herna-1920x1280.jpg 1920w\" sizes=\"(max-width: 2200px) 100vw, 2200px\" \/><button\n\t\t\tclass=\"lightbox-trigger\"\n\t\t\ttype=\"button\"\n\t\t\taria-haspopup=\"dialog\"\n\t\t\tdata-wp-bind--aria-label=\"state.thisImage.triggerButtonAriaLabel\"\n\t\t\tdata-wp-init=\"callbacks.initTriggerButton\"\n\t\t\tdata-wp-on--click=\"actions.showLightbox\"\n\t\t\tdata-wp-style--right=\"state.thisImage.buttonRight\"\n\t\t\tdata-wp-style--top=\"state.thisImage.buttonTop\"\n\t\t>\n\t\t\t<svg xmlns=\"http:\/\/www.w3.org\/2000\/svg\" width=\"12\" height=\"12\" fill=\"none\" viewBox=\"0 0 12 12\">\n\t\t\t\t<path fill=\"#fff\" d=\"M2 0a2 2 0 0 0-2 2v2h1.5V2a.5.5 0 0 1 .5-.5h2V0H2Zm2 10.5H2a.5.5 0 0 1-.5-.5V8H0v2a2 2 0 0 0 2 2h2v-1.5ZM8 12v-1.5h2a.5.5 0 0 0 .5-.5V8H12v2a2 2 0 0 1-2 2H8Zm2-12a2 2 0 0 1 2 2v2h-1.5V2a.5.5 0 0 0-.5-.5H8V0h2Z\" \/>\n\t\t\t<\/svg>\n\t\t<\/button><\/figure>\n\n\n\n<p class=\"wp-block-paragraph\">Jos sinulla on kotona koululaisia tai seuraatte lasten tubettajia, tunnet varmasti nimen Fizi, joka avasi Protiv\u00ednissa (noin 15 minuuttia P\u00edsekist\u00e4) <strong>oman valtavan huvipuiston <a href=\"https:\/\/fiziland.cz\" target=\"_blank\" rel=\"nofollow noopener\">Fizilandin<\/a><\/strong>. Valtavassa hallissa kaikkien t\u00e4ytyy liikkua vain sukkasillaan, ja turvallisuuden vuoksi laitteissa suositellaan pitki\u00e4 housuja ja hihoja.<\/p>\n\n\n\n<p class=\"wp-block-paragraph\">Lapset l\u00f6yt\u00e4v\u00e4t t\u00e4\u00e4lt\u00e4 <strong>j\u00e4ttiliukum\u00e4ki\u00e4, kilparatoja, vaahtomuovikuoppia ja paljon isoja trampoliineja<\/strong>, eik\u00e4 t\u00e4\u00e4lt\u00e4 puutu my\u00f6sk\u00e4\u00e4n ulkoleikkikentt\u00e4\u00e4 ja paljon peliautomaatteja. Aivan pienimmille taaperoille on t\u00e4\u00e4ll\u00e4 varattu rauhoittumisvy\u00f6hyke, jotta isommat lapset eiv\u00e4t kaataisi heit\u00e4 villeiss\u00e4 leikeiss\u00e4.<\/p>\n\n\n\n<p class=\"wp-block-paragraph\">Varaudu siihen, ett\u00e4 <strong>vierailu Fizilandissa ei ole aivan halpaa huvia<\/strong>, lastenlippu maksaa 389 K\u010d (noin 16 \u20ac), aikuinen saattaja 159 K\u010d (noin 6,50 \u20ac) ja edullisin perhepaketti kahdelle aikuiselle ja kahdelle lapselle tulee maksamaan 889 K\u010d (noin 36 \u20ac). Kiinnostus on kuitenkin niin valtava, ett\u00e4 lippujen myynti\u00e4 paikan p\u00e4\u00e4ll\u00e4 ei ole ollenkaan taattu, joten sinun t\u00e4ytyy tehd\u00e4 varaus verkkokaupassa v\u00e4hint\u00e4\u00e4n p\u00e4iv\u00e4 tai kaksi etuk\u00e4teen. Kaikki laitteet, hinnat sek\u00e4 vinkit puiston l\u00e4hell\u00e4 majoittumiseen kokosin erilliseen artikkeliin <a href=\"https:\/\/loudavymkrokem.cz\/fiziland-protivin\/\">Fizilandista Protiv\u00ednissa<\/a>.<\/p>\n\n\n\n<h3 class=\"wp-block-heading\"><span class=\"ez-toc-section\" id=\"33_Ajan_valtakunta_Protivin\"><\/span>33. Ajan valtakunta Protiv\u00edn<span class=\"ez-toc-section-end\"><\/span><\/h3>\n\n\n\n<figure data-wp-context=\"{&quot;imageId&quot;:&quot;6a951b9a29a38&quot;}\" data-wp-interactive=\"core\/image\" data-wp-key=\"6a951b9a29a38\" class=\"wp-block-image size-full wp-lightbox-container\"><img decoding=\"async\" width=\"1440\" height=\"960\" data-wp-class--hide=\"state.isContentHidden\" data-wp-class--show=\"state.isContentVisible\" data-wp-init=\"callbacks.setButtonStyles\" data-wp-on--click=\"actions.showLightbox\" data-wp-on--load=\"callbacks.setButtonStyles\" data-wp-on--pointerdown=\"actions.preloadImage\" data-wp-on--pointerenter=\"actions.preloadImageWithDelay\" data-wp-on--pointerleave=\"actions.cancelPreload\" data-wp-on-window--resize=\"callbacks.setButtonStyles\" src=\"https:\/\/loudavymkrokem.cz\/wp-content\/uploads\/2026\/08\/kralovstvi-casu-protivin-vila.jpg\" alt=\"Jugend-huvila Ajan valtakunta Protiv\u00ednissa\" class=\"wp-image-399570\" title=\"\" srcset=\"https:\/\/loudavymkrokem.cz\/wp-content\/uploads\/2026\/08\/kralovstvi-casu-protivin-vila.jpg 1440w, https:\/\/loudavymkrokem.cz\/wp-content\/uploads\/2026\/08\/kralovstvi-casu-protivin-vila-300x200.jpg 300w, https:\/\/loudavymkrokem.cz\/wp-content\/uploads\/2026\/08\/kralovstvi-casu-protivin-vila-700x467.jpg 700w, https:\/\/loudavymkrokem.cz\/wp-content\/uploads\/2026\/08\/kralovstvi-casu-protivin-vila-768x512.jpg 768w, https:\/\/loudavymkrokem.cz\/wp-content\/uploads\/2026\/08\/kralovstvi-casu-protivin-vila-696x464.jpg 696w, https:\/\/loudavymkrokem.cz\/wp-content\/uploads\/2026\/08\/kralovstvi-casu-protivin-vila-1392x928.jpg 1392w\" sizes=\"(max-width: 1440px) 100vw, 1440px\" \/><button\n\t\t\tclass=\"lightbox-trigger\"\n\t\t\ttype=\"button\"\n\t\t\taria-haspopup=\"dialog\"\n\t\t\tdata-wp-bind--aria-label=\"state.thisImage.triggerButtonAriaLabel\"\n\t\t\tdata-wp-init=\"callbacks.initTriggerButton\"\n\t\t\tdata-wp-on--click=\"actions.showLightbox\"\n\t\t\tdata-wp-style--right=\"state.thisImage.buttonRight\"\n\t\t\tdata-wp-style--top=\"state.thisImage.buttonTop\"\n\t\t>\n\t\t\t<svg xmlns=\"http:\/\/www.w3.org\/2000\/svg\" width=\"12\" height=\"12\" fill=\"none\" viewBox=\"0 0 12 12\">\n\t\t\t\t<path fill=\"#fff\" d=\"M2 0a2 2 0 0 0-2 2v2h1.5V2a.5.5 0 0 1 .5-.5h2V0H2Zm2 10.5H2a.5.5 0 0 1-.5-.5V8H0v2a2 2 0 0 0 2 2h2v-1.5ZM8 12v-1.5h2a.5.5 0 0 0 .5-.5V8H12v2a2 2 0 0 1-2 2H8Zm2-12a2 2 0 0 1 2 2v2h-1.5V2a.5.5 0 0 0-.5-.5H8V0h2Z\" \/>\n\t\t\t<\/svg>\n\t\t<\/button><\/figure>\n\n\n\n<p class=\"wp-block-paragraph\">Kun jo olette Protiv\u00ednissa, \u00e4lk\u00e4\u00e4 miss\u00e4\u00e4n nimess\u00e4 j\u00e4tt\u00e4k\u00f6 v\u00e4liin Ajan valtakuntaa (Kr\u00e1lovstv\u00ed \u010dasu), joka on <strong>upeasti kunnostettu jugend-huvila<\/strong>, joka toimii kellomuseona, mutta ennen kaikkea aivan paratiisina lapsiperheille. Historiallisten kellojen ja tornikoneiston n\u00e4yttely on kyll\u00e4 yl\u00e4kerrassa, mutta t\u00e4rkein lapsille tapahtuu pohjakerroksessa ja puutarhassa.<\/p>\n\n\n\n<p class=\"wp-block-paragraph\">T\u00e4\u00e4lt\u00e4 l\u00f6yd\u00e4t <strong>kauniin luovan ty\u00f6pajan, jossa lapset valmistavat her\u00e4tyskelloja tai k\u00e4sinukkeja<\/strong>, ja mahtavan leikkipaikan leikkikeitti\u00f6ineen ja potkupy\u00f6rineen. Viel\u00e4 parempi on sitten aidattu puutarha liukum\u00e4kineen, k\u00f6ysiratoineen ja lukuisine kiipeilytelineineen, jossa lapset saavat purkaa energiaansa samalla kun sin\u00e4 istut kahvilla.<\/p>\n\n\n\n<p class=\"wp-block-paragraph\">Parasta viimeiseksi \u2013 <strong>leikkipaikka ja puutarha ovat kahvilan asiakkaille t\u00e4ysin ilmaisia<\/strong>, maksetaan vain p\u00e4\u00e4symaksu itse kellomuseoon (aikuiset 90 K\u010d eli noin 3,50 \u20ac, lapset 60 K\u010d eli noin 2,50 \u20ac). Kaksivuotiaiden taaperoiden perheille se on ihanteellinen paikka, joka pelastaa sinut turvallisesti my\u00f6s sateen sattuessa.<\/p>\n\n\n\n<h3 class=\"wp-block-heading\"><span class=\"ez-toc-section\" id=\"34_Krokotiili-ZOO_Protivin\"><\/span>34. Krokotiili-ZOO Protiv\u00edn<span class=\"ez-toc-section-end\"><\/span><\/h3>\n\n\n\n<figure data-wp-context=\"{&quot;imageId&quot;:&quot;6a951b9a29eec&quot;}\" data-wp-interactive=\"core\/image\" data-wp-key=\"6a951b9a29eec\" class=\"wp-block-image size-full wp-lightbox-container\"><img decoding=\"async\" width=\"1120\" height=\"800\" data-wp-class--hide=\"state.isContentHidden\" data-wp-class--show=\"state.isContentVisible\" data-wp-init=\"callbacks.setButtonStyles\" data-wp-on--click=\"actions.showLightbox\" data-wp-on--load=\"callbacks.setButtonStyles\" data-wp-on--pointerdown=\"actions.preloadImage\" data-wp-on--pointerenter=\"actions.preloadImageWithDelay\" data-wp-on--pointerleave=\"actions.cancelPreload\" data-wp-on-window--resize=\"callbacks.setButtonStyles\" src=\"https:\/\/loudavymkrokem.cz\/wp-content\/uploads\/2026\/08\/krokodyli-zoo-protivin-aligator.jpg\" alt=\"Alligaattori Krokotiili-ZOOssa Protiv\u00ednissa\" class=\"wp-image-399574\" title=\"\" srcset=\"https:\/\/loudavymkrokem.cz\/wp-content\/uploads\/2026\/08\/krokodyli-zoo-protivin-aligator.jpg 1120w, https:\/\/loudavymkrokem.cz\/wp-content\/uploads\/2026\/08\/krokodyli-zoo-protivin-aligator-300x214.jpg 300w, https:\/\/loudavymkrokem.cz\/wp-content\/uploads\/2026\/08\/krokodyli-zoo-protivin-aligator-700x500.jpg 700w, https:\/\/loudavymkrokem.cz\/wp-content\/uploads\/2026\/08\/krokodyli-zoo-protivin-aligator-768x549.jpg 768w, https:\/\/loudavymkrokem.cz\/wp-content\/uploads\/2026\/08\/krokodyli-zoo-protivin-aligator-696x497.jpg 696w\" sizes=\"(max-width: 1120px) 100vw, 1120px\" \/><button\n\t\t\tclass=\"lightbox-trigger\"\n\t\t\ttype=\"button\"\n\t\t\taria-haspopup=\"dialog\"\n\t\t\tdata-wp-bind--aria-label=\"state.thisImage.triggerButtonAriaLabel\"\n\t\t\tdata-wp-init=\"callbacks.initTriggerButton\"\n\t\t\tdata-wp-on--click=\"actions.showLightbox\"\n\t\t\tdata-wp-style--right=\"state.thisImage.buttonRight\"\n\t\t\tdata-wp-style--top=\"state.thisImage.buttonTop\"\n\t\t>\n\t\t\t<svg xmlns=\"http:\/\/www.w3.org\/2000\/svg\" width=\"12\" height=\"12\" fill=\"none\" viewBox=\"0 0 12 12\">\n\t\t\t\t<path fill=\"#fff\" d=\"M2 0a2 2 0 0 0-2 2v2h1.5V2a.5.5 0 0 1 .5-.5h2V0H2Zm2 10.5H2a.5.5 0 0 1-.5-.5V8H0v2a2 2 0 0 0 2 2h2v-1.5ZM8 12v-1.5h2a.5.5 0 0 0 .5-.5V8H12v2a2 2 0 0 1-2 2H8Zm2-12a2 2 0 0 1 2 2v2h-1.5V2a.5.5 0 0 0-.5-.5H8V0h2Z\" \/>\n\t\t\t<\/svg>\n\t\t<\/button><\/figure>\n\n\n\n<p class=\"wp-block-paragraph\">Kolmannen kerran Protiv\u00edn, t\u00e4ll\u00e4 kertaa matelijoiden yst\u00e4ville, sill\u00e4 t\u00e4\u00e4ll\u00e4 sijaitsee aivan torilla <strong><a href=\"https:\/\/www.krokodylizoo.cz\" target=\"_blank\" rel=\"nofollow noopener\">Krokotiili-ZOO, jossa pidet\u00e4\u00e4n yli sataa n\u00e4it\u00e4 esihistoriallisia el\u00e4imi\u00e4<\/a><\/strong>. Koko n\u00e4yttely on lis\u00e4ksi t\u00e4ysin esteet\u00f6n, joten t\u00e4nne p\u00e4\u00e4see helposti my\u00f6s lastenvaunujen kanssa.<\/p>\n\n\n\n<p class=\"wp-block-paragraph\">Krokotiilit ovat n\u00e4ht\u00e4viss\u00e4 valtavissa terraarioissa, ja <strong>perhelippu kahdelle aikuiselle ja kahdelle lapselle maksaa 1000 K\u010d<\/strong> (noin 41 \u20ac), alle kaksivuotiaat p\u00e4\u00e4sev\u00e4t perinteisesti ilmaiseksi. Auki on yleens\u00e4 syyskuusta kes\u00e4kuuhun nelj\u00e4\u00e4n iltap\u00e4iv\u00e4ll\u00e4, kes\u00e4ll\u00e4 taas tunnin pidemp\u00e4\u00e4n.<\/p>\n\n\n\n<p class=\"wp-block-paragraph\">Varo vain sit\u00e4, ett\u00e4 <strong>suosittu krokotiilien selostettu ruokinta on t\u00e4ll\u00e4 hetkell\u00e4 osa vain maksullista eksklusiivista kierrosta<\/strong>, joten jos haluat n\u00e4hd\u00e4 el\u00e4imet toiminnassa, sinun t\u00e4ytyy maksaa t\u00e4st\u00e4 el\u00e4myksest\u00e4 lis\u00e4\u00e4. Auton pys\u00e4k\u00f6it helposti ilmaiseksi ymp\u00e4r\u00f6iville kaduille tai l\u00e4heisen Norman luo.<\/p>\n\n\n\n<h3 class=\"wp-block-heading\"><span class=\"ez-toc-section\" id=\"35_Selibovin_satukoulupaja\"><\/span>35. Selibovin satukoulupaja<span class=\"ez-toc-section-end\"><\/span><\/h3>\n\n\n\n<figure data-wp-context=\"{&quot;imageId&quot;:&quot;6a951b9a2a4f5&quot;}\" data-wp-interactive=\"core\/image\" data-wp-key=\"6a951b9a2a4f5\" class=\"wp-block-image size-full wp-lightbox-container\"><img decoding=\"async\" width=\"2000\" height=\"1333\" data-wp-class--hide=\"state.isContentHidden\" data-wp-class--show=\"state.isContentVisible\" data-wp-init=\"callbacks.setButtonStyles\" data-wp-on--click=\"actions.showLightbox\" data-wp-on--load=\"callbacks.setButtonStyles\" data-wp-on--pointerdown=\"actions.preloadImage\" data-wp-on--pointerenter=\"actions.preloadImageWithDelay\" data-wp-on--pointerleave=\"actions.cancelPreload\" data-wp-on-window--resize=\"callbacks.setButtonStyles\" src=\"https:\/\/loudavymkrokem.cz\/wp-content\/uploads\/2026\/08\/pohadkova-kovarna-selibov.jpg\" alt=\"Satukoulupaja Selibovissa olkikattoineen\" class=\"wp-image-399577\" title=\"\" srcset=\"https:\/\/loudavymkrokem.cz\/wp-content\/uploads\/2026\/08\/pohadkova-kovarna-selibov.jpg 2000w, https:\/\/loudavymkrokem.cz\/wp-content\/uploads\/2026\/08\/pohadkova-kovarna-selibov-300x200.jpg 300w, https:\/\/loudavymkrokem.cz\/wp-content\/uploads\/2026\/08\/pohadkova-kovarna-selibov-700x467.jpg 700w, https:\/\/loudavymkrokem.cz\/wp-content\/uploads\/2026\/08\/pohadkova-kovarna-selibov-768x512.jpg 768w, https:\/\/loudavymkrokem.cz\/wp-content\/uploads\/2026\/08\/pohadkova-kovarna-selibov-1536x1024.jpg 1536w, https:\/\/loudavymkrokem.cz\/wp-content\/uploads\/2026\/08\/pohadkova-kovarna-selibov-696x464.jpg 696w, https:\/\/loudavymkrokem.cz\/wp-content\/uploads\/2026\/08\/pohadkova-kovarna-selibov-1392x928.jpg 1392w, https:\/\/loudavymkrokem.cz\/wp-content\/uploads\/2026\/08\/pohadkova-kovarna-selibov-1920x1280.jpg 1920w\" sizes=\"(max-width: 2000px) 100vw, 2000px\" \/><button\n\t\t\tclass=\"lightbox-trigger\"\n\t\t\ttype=\"button\"\n\t\t\taria-haspopup=\"dialog\"\n\t\t\tdata-wp-bind--aria-label=\"state.thisImage.triggerButtonAriaLabel\"\n\t\t\tdata-wp-init=\"callbacks.initTriggerButton\"\n\t\t\tdata-wp-on--click=\"actions.showLightbox\"\n\t\t\tdata-wp-style--right=\"state.thisImage.buttonRight\"\n\t\t\tdata-wp-style--top=\"state.thisImage.buttonTop\"\n\t\t>\n\t\t\t<svg xmlns=\"http:\/\/www.w3.org\/2000\/svg\" width=\"12\" height=\"12\" fill=\"none\" viewBox=\"0 0 12 12\">\n\t\t\t\t<path fill=\"#fff\" d=\"M2 0a2 2 0 0 0-2 2v2h1.5V2a.5.5 0 0 1 .5-.5h2V0H2Zm2 10.5H2a.5.5 0 0 1-.5-.5V8H0v2a2 2 0 0 0 2 2h2v-1.5ZM8 12v-1.5h2a.5.5 0 0 0 .5-.5V8H12v2a2 2 0 0 1-2 2H8Zm2-12a2 2 0 0 1 2 2v2h-1.5V2a.5.5 0 0 0-.5-.5H8V0h2Z\" \/>\n\t\t\t<\/svg>\n\t\t<\/button><\/figure>\n\n\n\n<p class=\"wp-block-paragraph\">Matkalla Protiv\u00edniin pys\u00e4htyk\u00e4\u00e4 ehdottomasti pieness\u00e4 Selibovin kyl\u00e4ss\u00e4, jossa sijaitsee <strong>lumoava satupaja, joka innostaa etenkin esikoululaisia<\/strong>. Heti sis\u00e4\u00e4nk\u00e4ynnin luona teit\u00e4 toivottavat tervetulleiksi el\u00e4v\u00e4t aasit Aladin ja Jasm\u00ednka, ja sis\u00e4ll\u00e4 lapset voivat pukeutua mit\u00e4 erilaisimmiksi satuhahmoiksi.<\/p>\n\n\n\n<p class=\"wp-block-paragraph\">Koko vierailu vie noin kaksi tuntia, joiden aikana <strong>kuljette satutallin l\u00e4pi, kokeilette luovaa ty\u00f6pajaa ja eksytte labyrinttiin<\/strong> hahmojen kera. Pajan ymp\u00e4ri kulkee lis\u00e4ksi Ferdinand-haikaran polku kahdentoista hauskan pys\u00e4kin kera.<\/p>\n\n\n\n<p class=\"wp-block-paragraph\">P\u00e4\u00e4symaksu on t\u00e4n\u00e4 vuonna <strong>yhten\u00e4inen kaikille ja se on 95 K\u010d<\/strong> (noin 4 \u20ac), alle kaksivuotiaat pikkuiset eiv\u00e4t maksa mit\u00e4\u00e4n. Kes\u00e4loman aikana auki on joka p\u00e4iv\u00e4, sesongin ulkopuolella taas l\u00e4hinn\u00e4 viikonloppuisin, ja t\u00e4\u00e4ll\u00e4 j\u00e4rjestet\u00e4\u00e4n kauniita tapahtumia my\u00f6s adventin aikaan, kun tuoksuu U \u010cerven\u00e9 karkulky -tarjoilut.<\/p>\n\n\n\n<h3 class=\"wp-block-heading\"><span class=\"ez-toc-section\" id=\"36_Zemeraj_Kovarov\"><\/span>36. Zem\u011br\u00e1j Kov\u00e1\u0159ov<span class=\"ez-toc-section-end\"><\/span><\/h3>\n\n\n\n<figure data-wp-context=\"{&quot;imageId&quot;:&quot;6a951b9a2adb9&quot;}\" data-wp-interactive=\"core\/image\" data-wp-key=\"6a951b9a2adb9\" class=\"wp-block-image size-full wp-lightbox-container\"><img decoding=\"async\" width=\"1400\" height=\"550\" data-wp-class--hide=\"state.isContentHidden\" data-wp-class--show=\"state.isContentVisible\" data-wp-init=\"callbacks.setButtonStyles\" data-wp-on--click=\"actions.showLightbox\" data-wp-on--load=\"callbacks.setButtonStyles\" data-wp-on--pointerdown=\"actions.preloadImage\" data-wp-on--pointerenter=\"actions.preloadImageWithDelay\" data-wp-on--pointerleave=\"actions.cancelPreload\" data-wp-on-window--resize=\"callbacks.setButtonStyles\" src=\"https:\/\/loudavymkrokem.cz\/wp-content\/uploads\/2026\/08\/zemeraj-kovarov-lidova-staveni.jpg\" alt=\"Kansanrakennuksia Zem\u011br\u00e1j-el\u00e4myspuistossa Kov\u00e1\u0159ovin luona\" class=\"wp-image-399579\" title=\"\" srcset=\"https:\/\/loudavymkrokem.cz\/wp-content\/uploads\/2026\/08\/zemeraj-kovarov-lidova-staveni.jpg 1400w, https:\/\/loudavymkrokem.cz\/wp-content\/uploads\/2026\/08\/zemeraj-kovarov-lidova-staveni-300x118.jpg 300w, https:\/\/loudavymkrokem.cz\/wp-content\/uploads\/2026\/08\/zemeraj-kovarov-lidova-staveni-700x275.jpg 700w, https:\/\/loudavymkrokem.cz\/wp-content\/uploads\/2026\/08\/zemeraj-kovarov-lidova-staveni-768x302.jpg 768w, https:\/\/loudavymkrokem.cz\/wp-content\/uploads\/2026\/08\/zemeraj-kovarov-lidova-staveni-696x273.jpg 696w, https:\/\/loudavymkrokem.cz\/wp-content\/uploads\/2026\/08\/zemeraj-kovarov-lidova-staveni-1392x547.jpg 1392w\" sizes=\"(max-width: 1400px) 100vw, 1400px\" \/><button\n\t\t\tclass=\"lightbox-trigger\"\n\t\t\ttype=\"button\"\n\t\t\taria-haspopup=\"dialog\"\n\t\t\tdata-wp-bind--aria-label=\"state.thisImage.triggerButtonAriaLabel\"\n\t\t\tdata-wp-init=\"callbacks.initTriggerButton\"\n\t\t\tdata-wp-on--click=\"actions.showLightbox\"\n\t\t\tdata-wp-style--right=\"state.thisImage.buttonRight\"\n\t\t\tdata-wp-style--top=\"state.thisImage.buttonTop\"\n\t\t>\n\t\t\t<svg xmlns=\"http:\/\/www.w3.org\/2000\/svg\" width=\"12\" height=\"12\" fill=\"none\" viewBox=\"0 0 12 12\">\n\t\t\t\t<path fill=\"#fff\" d=\"M2 0a2 2 0 0 0-2 2v2h1.5V2a.5.5 0 0 1 .5-.5h2V0H2Zm2 10.5H2a.5.5 0 0 1-.5-.5V8H0v2a2 2 0 0 0 2 2h2v-1.5ZM8 12v-1.5h2a.5.5 0 0 0 .5-.5V8H12v2a2 2 0 0 1-2 2H8Zm2-12a2 2 0 0 1 2 2v2h-1.5V2a.5.5 0 0 0-.5-.5H8V0h2Z\" \/>\n\t\t\t<\/svg>\n\t\t<\/button><\/figure>\n\n\n\n<p class=\"wp-block-paragraph\">Noin 35 minuutin ajomatkan p\u00e4\u00e4ss\u00e4 P\u00edsekist\u00e4 sijaitsee <strong><a href=\"https:\/\/www.zemeraj.cz\" target=\"_blank\" rel=\"nofollow noopener\">Zem\u011br\u00e1j<\/a>, joka on valtava T\u0161ekin historiaan ja perinteisiin keskittyv\u00e4 luonnonpuisto<\/strong>. Kaikkein pienimmille on t\u00e4\u00e4ll\u00e4 varattu ihana lasten kyl\u00e4 Hrejkov, jossa he voivat kokeilla vanhoja k\u00e4sity\u00f6ammatteja ja leikki\u00e4 tyylikk\u00e4iss\u00e4 puum\u00f6keiss\u00e4.<\/p>\n\n\n\n<p class=\"wp-block-paragraph\">T\u00e4\u00e4ll\u00e4 viihtyv\u00e4t kaikki lapset, jotka rakastavat liikuntaa luonnossa \u2013 t\u00e4\u00e4ll\u00e4 on <strong>kilometrin pituinen paljasjalkapolku, vesileikkej\u00e4 ja arkeologinen kaivauspaikka<\/strong>, ja voitte jopa yhdess\u00e4 paistaa taikinasta rieskoja. Luonnonmukaisen maaston vuoksi j\u00e4t\u00e4 ehdottomasti valkoiset lenkkarit kotiin ja ota tukevat keng\u00e4t.<\/p>\n\n\n\n<p class=\"wp-block-paragraph\">P\u00e4\u00e4symaksu Zem\u011br\u00e1jiin on <strong>190 K\u010d aikuisille (noin 8 \u20ac) ja 170 K\u010d lapsille kahdesta ik\u00e4vuodesta l\u00e4htien (noin 7 \u20ac)<\/strong>, parkkeeraus alueen luona on ilmaista. Auki on toukokuusta syyskuun loppuun, ja kes\u00e4ll\u00e4 auki on joka p\u00e4iv\u00e4 puoli kymmenest\u00e4 aamulla iltaan asti.<\/p>\n\n\n\n<h3 class=\"wp-block-heading\"><span class=\"ez-toc-section\" id=\"37_Bagrarium_Strakonice\"><\/span>37. Bagr\u00e1rium Strakonice<span class=\"ez-toc-section-end\"><\/span><\/h3>\n\n\n\n<p class=\"wp-block-paragraph\">Strakoniceen on P\u00edsekist\u00e4 noin puoli tuntia, ja helmikuusta 2026 l\u00e4htien siell\u00e4 sijaitsee <strong>ensimm\u00e4inen katettu Bagr\u00e1rium T\u0161ekiss\u00e4<\/strong>, mik\u00e4 on aivan ainutlaatuista. Kyseess\u00e4 on valtava katettu leikkipaikka hiekkalaatikkoineen, jossa lapset ohjaavat realistisia ja isoja kaivinkoneiden, kuormaajien ja kippureiden RC-malleja.<\/p>\n\n\n\n<p class=\"wp-block-paragraph\">T\u00e4m\u00e4n vinkin kohdalla minun on korostettava, ett\u00e4 <strong>aktiviteetti sopii vasta kuusi vuotta t\u00e4ytt\u00e4neille lapsille<\/strong>, sill\u00e4 koneiden ohjaaminen vaatii hyv\u00e4\u00e4 hienomotoriikkaa ja molempien k\u00e4sien koordinaatiota, joten taaperoille se on t\u00e4ysin sopimaton. Mutta jos sinulla on isompi sisarus, joka rakastaa rakentamista, siit\u00e4 tulee h\u00e4nelle vuoden el\u00e4mys.<\/p>\n\n\n\n<p class=\"wp-block-paragraph\">Ajot tapahtuvat puolen tunnin aikablokeissa, ja <strong>yhdest\u00e4 koneesta kolmeltakymmenelt\u00e4 minuutilta maksat 279 K\u010d<\/strong> (noin 11 \u20ac), ja hintaan sis\u00e4ltyy my\u00f6s juoma. Suuren kiinnostuksen vuoksi on tarpeen tehd\u00e4 varaus netist\u00e4 v\u00e4hint\u00e4\u00e4n p\u00e4iv\u00e4 etuk\u00e4teen, auki on kymmenest\u00e4 iltaan.<\/p>\n\n\n\n<h3 class=\"wp-block-heading\"><span class=\"ez-toc-section\" id=\"38_Zvikov_ja_laiva_Orlikiin\"><\/span>38. Zv\u00edkov ja laiva Orl\u00edkiin<span class=\"ez-toc-section-end\"><\/span><\/h3>\n\n\n\n<figure data-wp-context=\"{&quot;imageId&quot;:&quot;6a951b9a2b869&quot;}\" data-wp-interactive=\"core\/image\" data-wp-key=\"6a951b9a2b869\" class=\"wp-block-image size-full wp-lightbox-container\"><img decoding=\"async\" width=\"1600\" height=\"856\" data-wp-class--hide=\"state.isContentHidden\" data-wp-class--show=\"state.isContentVisible\" data-wp-init=\"callbacks.setButtonStyles\" data-wp-on--click=\"actions.showLightbox\" data-wp-on--load=\"callbacks.setButtonStyles\" data-wp-on--pointerdown=\"actions.preloadImage\" data-wp-on--pointerenter=\"actions.preloadImageWithDelay\" data-wp-on--pointerleave=\"actions.cancelPreload\" data-wp-on-window--resize=\"callbacks.setButtonStyles\" src=\"https:\/\/loudavymkrokem.cz\/wp-content\/uploads\/2026\/08\/hrad-zvikov-soutok-otavy-a-vltavy.jpg\" alt=\"Zv\u00edkovin linna Otavan ja Vltavan yhtym\u00e4kohdassa\" class=\"wp-image-399401\" title=\"\" srcset=\"https:\/\/loudavymkrokem.cz\/wp-content\/uploads\/2026\/08\/hrad-zvikov-soutok-otavy-a-vltavy.jpg 1600w, https:\/\/loudavymkrokem.cz\/wp-content\/uploads\/2026\/08\/hrad-zvikov-soutok-otavy-a-vltavy-300x161.jpg 300w, https:\/\/loudavymkrokem.cz\/wp-content\/uploads\/2026\/08\/hrad-zvikov-soutok-otavy-a-vltavy-700x375.jpg 700w, https:\/\/loudavymkrokem.cz\/wp-content\/uploads\/2026\/08\/hrad-zvikov-soutok-otavy-a-vltavy-768x411.jpg 768w, https:\/\/loudavymkrokem.cz\/wp-content\/uploads\/2026\/08\/hrad-zvikov-soutok-otavy-a-vltavy-1536x822.jpg 1536w, https:\/\/loudavymkrokem.cz\/wp-content\/uploads\/2026\/08\/hrad-zvikov-soutok-otavy-a-vltavy-696x372.jpg 696w, https:\/\/loudavymkrokem.cz\/wp-content\/uploads\/2026\/08\/hrad-zvikov-soutok-otavy-a-vltavy-1392x745.jpg 1392w\" sizes=\"(max-width: 1600px) 100vw, 1600px\" \/><button\n\t\t\tclass=\"lightbox-trigger\"\n\t\t\ttype=\"button\"\n\t\t\taria-haspopup=\"dialog\"\n\t\t\tdata-wp-bind--aria-label=\"state.thisImage.triggerButtonAriaLabel\"\n\t\t\tdata-wp-init=\"callbacks.initTriggerButton\"\n\t\t\tdata-wp-on--click=\"actions.showLightbox\"\n\t\t\tdata-wp-style--right=\"state.thisImage.buttonRight\"\n\t\t\tdata-wp-style--top=\"state.thisImage.buttonTop\"\n\t\t>\n\t\t\t<svg xmlns=\"http:\/\/www.w3.org\/2000\/svg\" width=\"12\" height=\"12\" fill=\"none\" viewBox=\"0 0 12 12\">\n\t\t\t\t<path fill=\"#fff\" d=\"M2 0a2 2 0 0 0-2 2v2h1.5V2a.5.5 0 0 1 .5-.5h2V0H2Zm2 10.5H2a.5.5 0 0 1-.5-.5V8H0v2a2 2 0 0 0 2 2h2v-1.5ZM8 12v-1.5h2a.5.5 0 0 0 .5-.5V8H12v2a2 2 0 0 1-2 2H8Zm2-12a2 2 0 0 1 2 2v2h-1.5V2a.5.5 0 0 0-.5-.5H8V0h2Z\" \/>\n\t\t\t<\/svg>\n\t\t<\/button><\/figure>\n\n\n\n<p class=\"wp-block-paragraph\">Linnan ja veneilyn yhdistelm\u00e4 kuulostaa t\u00e4ydelliselt\u00e4 kes\u00e4retkelt\u00e4, ja juuri sit\u00e4 tarjoaa Zv\u00edkovin linna, joka sijaitsee noin 25 minuutin p\u00e4\u00e4ss\u00e4 P\u00edsekist\u00e4. T\u00e4ll\u00e4 <strong>mahtipontisella linnalla Vltavan ja Otavan yhtym\u00e4kohdassa<\/strong> on kaunis ulkon\u00e4k\u00f6, ja kuninkaanpalatsin kierros tapahtuu ilman opasta, joten voit kulkea sen omaan tahtiisi, mit\u00e4 levottomien lasten kanssa arvostat suuresti.<\/p>\n\n\n\n<p class=\"wp-block-paragraph\">Aivan linnan alla sijaitsee laituri, josta <strong>kes\u00e4kaudella l\u00e4htee laivoja Orl\u00edkin linnan suuntaan<\/strong>. Itse risteily kest\u00e4\u00e4 vajaan tunnin, mik\u00e4 on juuri sopivasti, jotta se viihdytt\u00e4isi lapsia eiv\u00e4tk\u00e4 he alkaisi pitk\u00e4sty\u00e4, ja aikuisesta maksat 300 K\u010d (noin 12 \u20ac), kun taas alle kolmivuotiaat matkustavat ilmaiseksi.<\/p>\n\n\n\n<p class=\"wp-block-paragraph\">Jos p\u00e4\u00e4t\u00e4t vierailla my\u00f6s itse Orl\u00edkin linnassa, varaudu siihen, ett\u00e4 <strong>linnakierros kest\u00e4\u00e4 l\u00e4hes tunnin<\/strong>, mik\u00e4 voi kaksivuotiaalle taaperolle olla jo liian pitk\u00e4, joten pienempien lasten kanssa suosittelen j\u00e4\u00e4m\u00e4\u00e4n mieluummin vain risteilyyn ja piknikkiin linnan alla.<\/p>\n\n\n\n<h3 class=\"wp-block-heading\"><span class=\"ez-toc-section\" id=\"39_Blatnan_linna_ja_kuusipeurat\"><\/span>39. Blatn\u00e1n linna ja kuusipeurat<span class=\"ez-toc-section-end\"><\/span><\/h3>\n\n\n\n<figure data-wp-context=\"{&quot;imageId&quot;:&quot;6a951b9a2c040&quot;}\" data-wp-interactive=\"core\/image\" data-wp-key=\"6a951b9a2c040\" class=\"wp-block-image size-full wp-lightbox-container\"><img decoding=\"async\" width=\"1920\" height=\"1280\" data-wp-class--hide=\"state.isContentHidden\" data-wp-class--show=\"state.isContentVisible\" data-wp-init=\"callbacks.setButtonStyles\" data-wp-on--click=\"actions.showLightbox\" data-wp-on--load=\"callbacks.setButtonStyles\" data-wp-on--pointerdown=\"actions.preloadImage\" data-wp-on--pointerenter=\"actions.preloadImageWithDelay\" data-wp-on--pointerleave=\"actions.cancelPreload\" data-wp-on-window--resize=\"callbacks.setButtonStyles\" src=\"https:\/\/loudavymkrokem.cz\/wp-content\/uploads\/2026\/08\/zamek-blatna-vodni-zamek-park.jpg\" alt=\"Blatn\u00e1n vesilinna puistoineen t\u00e4ynn\u00e4 kuusipeuroja\" class=\"wp-image-399409\" title=\"\" srcset=\"https:\/\/loudavymkrokem.cz\/wp-content\/uploads\/2026\/08\/zamek-blatna-vodni-zamek-park.jpg 1920w, https:\/\/loudavymkrokem.cz\/wp-content\/uploads\/2026\/08\/zamek-blatna-vodni-zamek-park-300x200.jpg 300w, https:\/\/loudavymkrokem.cz\/wp-content\/uploads\/2026\/08\/zamek-blatna-vodni-zamek-park-700x467.jpg 700w, https:\/\/loudavymkrokem.cz\/wp-content\/uploads\/2026\/08\/zamek-blatna-vodni-zamek-park-768x512.jpg 768w, https:\/\/loudavymkrokem.cz\/wp-content\/uploads\/2026\/08\/zamek-blatna-vodni-zamek-park-1536x1024.jpg 1536w, https:\/\/loudavymkrokem.cz\/wp-content\/uploads\/2026\/08\/zamek-blatna-vodni-zamek-park-696x464.jpg 696w, https:\/\/loudavymkrokem.cz\/wp-content\/uploads\/2026\/08\/zamek-blatna-vodni-zamek-park-1392x928.jpg 1392w\" sizes=\"(max-width: 1920px) 100vw, 1920px\" \/><button\n\t\t\tclass=\"lightbox-trigger\"\n\t\t\ttype=\"button\"\n\t\t\taria-haspopup=\"dialog\"\n\t\t\tdata-wp-bind--aria-label=\"state.thisImage.triggerButtonAriaLabel\"\n\t\t\tdata-wp-init=\"callbacks.initTriggerButton\"\n\t\t\tdata-wp-on--click=\"actions.showLightbox\"\n\t\t\tdata-wp-style--right=\"state.thisImage.buttonRight\"\n\t\t\tdata-wp-style--top=\"state.thisImage.buttonTop\"\n\t\t>\n\t\t\t<svg xmlns=\"http:\/\/www.w3.org\/2000\/svg\" width=\"12\" height=\"12\" fill=\"none\" viewBox=\"0 0 12 12\">\n\t\t\t\t<path fill=\"#fff\" d=\"M2 0a2 2 0 0 0-2 2v2h1.5V2a.5.5 0 0 1 .5-.5h2V0H2Zm2 10.5H2a.5.5 0 0 1-.5-.5V8H0v2a2 2 0 0 0 2 2h2v-1.5ZM8 12v-1.5h2a.5.5 0 0 0 .5-.5V8H12v2a2 2 0 0 1-2 2H8Zm2-12a2 2 0 0 1 2 2v2h-1.5V2a.5.5 0 0 0-.5-.5H8V0h2Z\" \/>\n\t\t\t<\/svg>\n\t\t<\/button><\/figure>\n\n\n\n<p class=\"wp-block-paragraph\">Blatn\u00e1n vesilinna on noin puolen tunnin ajomatkan p\u00e4\u00e4ss\u00e4, ja se on <strong>yksi paikallisten perheiden suosikkipaikoista<\/strong>, ja sit\u00e4 juuri upean linnanpuiston ansiosta. Siell\u00e4 nimitt\u00e4in liikkuu vapaana kuusipeuralauma, joka on tottunut k\u00e4vij\u00f6ihin ja antaa itse\u00e4\u00e4n tarkkailla parin metrin p\u00e4\u00e4st\u00e4.<\/p>\n\n\n\n<p class=\"wp-block-paragraph\">P\u00e4\u00e4sy puistoon maksaa <strong>vain 50 K\u010d (noin 2 \u20ac), ja alle kuusivuotiaat lapset p\u00e4\u00e4sev\u00e4t t\u00e4ysin ilmaiseksi<\/strong>, auki on joka p\u00e4iv\u00e4 varhaisesta aamusta iltaan. Ole vain eritt\u00e4in varovainen syksyn kiima-aikana, jolloin on voimassa ehdoton ruokintakielto ja kielto l\u00e4hesty\u00e4 el\u00e4imi\u00e4.<\/p>\n\n\n\n<p class=\"wp-block-paragraph\">Linna j\u00e4rjest\u00e4\u00e4 kes\u00e4ll\u00e4 my\u00f6s <strong>erityisi\u00e4 lasten kierroksia kolme vuotta t\u00e4ytt\u00e4neille<\/strong>, jotka kest\u00e4v\u00e4t noin 40 minuuttia ja jotka on tarpeen varata etuk\u00e4teen. K\u00e4velyn j\u00e4lkeen poikkea ehdottomasti linnan kahvilaan Oh My Deer, jossa n\u00e4et joskus tarhassa my\u00f6s suloisia alpakoita.<\/p>\n\n\n\n<h3 class=\"wp-block-heading\"><span class=\"ez-toc-section\" id=\"40_ZOO_Hluboka\"><\/span>40. ZOO Hlubok\u00e1<span class=\"ez-toc-section-end\"><\/span><\/h3>\n\n\n\n<figure data-wp-context=\"{&quot;imageId&quot;:&quot;6a951b9a2c8e0&quot;}\" data-wp-interactive=\"core\/image\" data-wp-key=\"6a951b9a2c8e0\" class=\"wp-block-image size-full wp-lightbox-container\"><img decoding=\"async\" width=\"1600\" height=\"1244\" data-wp-class--hide=\"state.isContentHidden\" data-wp-class--show=\"state.isContentVisible\" data-wp-init=\"callbacks.setButtonStyles\" data-wp-on--click=\"actions.showLightbox\" data-wp-on--load=\"callbacks.setButtonStyles\" data-wp-on--pointerdown=\"actions.preloadImage\" data-wp-on--pointerenter=\"actions.preloadImageWithDelay\" data-wp-on--pointerleave=\"actions.cancelPreload\" data-wp-on-window--resize=\"callbacks.setButtonStyles\" src=\"https:\/\/loudavymkrokem.cz\/wp-content\/uploads\/2026\/08\/zamek-hluboka-nad-vltavou-zapad-slunce.jpg\" alt=\"Hlubok\u00e1 nad Vltavoun linna auringonlaskun aikaan\" class=\"wp-image-399405\" title=\"\" srcset=\"https:\/\/loudavymkrokem.cz\/wp-content\/uploads\/2026\/08\/zamek-hluboka-nad-vltavou-zapad-slunce.jpg 1600w, https:\/\/loudavymkrokem.cz\/wp-content\/uploads\/2026\/08\/zamek-hluboka-nad-vltavou-zapad-slunce-300x233.jpg 300w, https:\/\/loudavymkrokem.cz\/wp-content\/uploads\/2026\/08\/zamek-hluboka-nad-vltavou-zapad-slunce-700x544.jpg 700w, https:\/\/loudavymkrokem.cz\/wp-content\/uploads\/2026\/08\/zamek-hluboka-nad-vltavou-zapad-slunce-768x597.jpg 768w, https:\/\/loudavymkrokem.cz\/wp-content\/uploads\/2026\/08\/zamek-hluboka-nad-vltavou-zapad-slunce-1536x1194.jpg 1536w, https:\/\/loudavymkrokem.cz\/wp-content\/uploads\/2026\/08\/zamek-hluboka-nad-vltavou-zapad-slunce-696x541.jpg 696w, https:\/\/loudavymkrokem.cz\/wp-content\/uploads\/2026\/08\/zamek-hluboka-nad-vltavou-zapad-slunce-1392x1082.jpg 1392w\" sizes=\"(max-width: 1600px) 100vw, 1600px\" \/><button\n\t\t\tclass=\"lightbox-trigger\"\n\t\t\ttype=\"button\"\n\t\t\taria-haspopup=\"dialog\"\n\t\t\tdata-wp-bind--aria-label=\"state.thisImage.triggerButtonAriaLabel\"\n\t\t\tdata-wp-init=\"callbacks.initTriggerButton\"\n\t\t\tdata-wp-on--click=\"actions.showLightbox\"\n\t\t\tdata-wp-style--right=\"state.thisImage.buttonRight\"\n\t\t\tdata-wp-style--top=\"state.thisImage.buttonTop\"\n\t\t>\n\t\t\t<svg xmlns=\"http:\/\/www.w3.org\/2000\/svg\" width=\"12\" height=\"12\" fill=\"none\" viewBox=\"0 0 12 12\">\n\t\t\t\t<path fill=\"#fff\" d=\"M2 0a2 2 0 0 0-2 2v2h1.5V2a.5.5 0 0 1 .5-.5h2V0H2Zm2 10.5H2a.5.5 0 0 1-.5-.5V8H0v2a2 2 0 0 0 2 2h2v-1.5ZM8 12v-1.5h2a.5.5 0 0 0 .5-.5V8H12v2a2 2 0 0 1-2 2H8Zm2-12a2 2 0 0 1 2 2v2h-1.5V2a.5.5 0 0 0-.5-.5H8V0h2Z\" \/>\n\t\t\t<\/svg>\n\t\t<\/button><\/figure>\n\n\n\n<p class=\"wp-block-paragraph\">Etel\u00e4-T\u0161ekin el\u00e4intarha Hlubok\u00e1ssa on <strong>kaunis, kompakti ja sijaitsee noin 40 minuutin p\u00e4\u00e4ss\u00e4 P\u00edsekist\u00e4<\/strong>, joten se on ihanteellinen kohde puolen p\u00e4iv\u00e4n retkelle. T\u00e4\u00e4ll\u00e4 pidet\u00e4\u00e4n ennen kaikkea el\u00e4imi\u00e4 Euroopan ja Aasian lauhkealta vy\u00f6hykkeelt\u00e4, ja tasaisen maaston ansiosta koko el\u00e4intarhassa on mahtava k\u00e4vell\u00e4 lastenvaunujen kanssa.<\/p>\n\n\n\n<p class=\"wp-block-paragraph\">Perusp\u00e4\u00e4symaksu aikuiselle on 180 K\u010d (noin 7 \u20ac), ja <strong>alle 90-senttiset lapset p\u00e4\u00e4sev\u00e4t t\u00e4ysin ilmaiseksi<\/strong>. El\u00e4intarha on auki ymp\u00e4ri vuoden, kes\u00e4kaudella puoli yhdeks\u00e4st\u00e4 aamulla iltaseitsem\u00e4\u00e4n, ja sis\u00e4\u00e4nk\u00e4ynnin luona maksetaan parkkimaksu noin 80 K\u010d (noin 3,50 \u20ac) p\u00e4iv\u00e4lt\u00e4.<\/p>\n\n\n\n<p class=\"wp-block-paragraph\">Aivan el\u00e4intarhan vieress\u00e4 sijaitsee <strong>suosittu Park Hlubok\u00e1<\/strong>, jossa kuusi vuotta t\u00e4ytt\u00e4neet isommat lapset voivat kokeilla adrenaliinipitoista k\u00f6ysiratapuistoa, tai koko perhe voi pelata minigolfia ja hyppi\u00e4 bungee-trampoliineilla.<\/p>\n\n\n\n<h3 class=\"wp-block-heading\"><span class=\"ez-toc-section\" id=\"41_Tabor_ja_sen_museot\"><\/span>41. T\u00e1bor ja sen museot<span class=\"ez-toc-section-end\"><\/span><\/h3>\n\n\n\n<figure data-wp-context=\"{&quot;imageId&quot;:&quot;6a951b9a2d04a&quot;}\" data-wp-interactive=\"core\/image\" data-wp-key=\"6a951b9a2d04a\" class=\"wp-block-image size-full wp-lightbox-container\"><img decoding=\"async\" width=\"1200\" height=\"800\" data-wp-class--hide=\"state.isContentHidden\" data-wp-class--show=\"state.isContentVisible\" data-wp-init=\"callbacks.setButtonStyles\" data-wp-on--click=\"actions.showLightbox\" data-wp-on--load=\"callbacks.setButtonStyles\" data-wp-on--pointerdown=\"actions.preloadImage\" data-wp-on--pointerenter=\"actions.preloadImageWithDelay\" data-wp-on--pointerleave=\"actions.cancelPreload\" data-wp-on-window--resize=\"callbacks.setButtonStyles\" src=\"https:\/\/loudavymkrokem.cz\/wp-content\/uploads\/2026\/03\/tabor-co-videt-3.jpg\" alt=\"T\u00e1bor\" class=\"wp-image-132729\" title=\"\" srcset=\"https:\/\/loudavymkrokem.cz\/wp-content\/uploads\/2026\/03\/tabor-co-videt-3.jpg 1200w, https:\/\/loudavymkrokem.cz\/wp-content\/uploads\/2026\/03\/tabor-co-videt-3-300x200.jpg 300w, https:\/\/loudavymkrokem.cz\/wp-content\/uploads\/2026\/03\/tabor-co-videt-3-700x467.jpg 700w, https:\/\/loudavymkrokem.cz\/wp-content\/uploads\/2026\/03\/tabor-co-videt-3-768x512.jpg 768w, https:\/\/loudavymkrokem.cz\/wp-content\/uploads\/2026\/03\/tabor-co-videt-3-696x464.jpg 696w\" sizes=\"(max-width: 1200px) 100vw, 1200px\" \/><button\n\t\t\tclass=\"lightbox-trigger\"\n\t\t\ttype=\"button\"\n\t\t\taria-haspopup=\"dialog\"\n\t\t\tdata-wp-bind--aria-label=\"state.thisImage.triggerButtonAriaLabel\"\n\t\t\tdata-wp-init=\"callbacks.initTriggerButton\"\n\t\t\tdata-wp-on--click=\"actions.showLightbox\"\n\t\t\tdata-wp-style--right=\"state.thisImage.buttonRight\"\n\t\t\tdata-wp-style--top=\"state.thisImage.buttonTop\"\n\t\t>\n\t\t\t<svg xmlns=\"http:\/\/www.w3.org\/2000\/svg\" width=\"12\" height=\"12\" fill=\"none\" viewBox=\"0 0 12 12\">\n\t\t\t\t<path fill=\"#fff\" d=\"M2 0a2 2 0 0 0-2 2v2h1.5V2a.5.5 0 0 1 .5-.5h2V0H2Zm2 10.5H2a.5.5 0 0 1-.5-.5V8H0v2a2 2 0 0 0 2 2h2v-1.5ZM8 12v-1.5h2a.5.5 0 0 0 .5-.5V8H12v2a2 2 0 0 1-2 2H8Zm2-12a2 2 0 0 1 2 2v2h-1.5V2a.5.5 0 0 0-.5-.5H8V0h2Z\" \/>\n\t\t\t<\/svg>\n\t\t<\/button><\/figure>\n\n\n\n<p class=\"wp-block-paragraph\">Historiallinen T\u00e1borin kaupunki, vajaan tunnin ajomatkan p\u00e4\u00e4ss\u00e4, on <strong>loistava pelastus, kun lomalla sataa<\/strong>, sill\u00e4 t\u00e4\u00e4lt\u00e4 l\u00f6yd\u00e4t heti kaksi upeaa museota. Ensimm\u00e4inen niist\u00e4 on maineikas Suklaa- ja marsipaanimuseo, jossa n\u00e4et uskomattomia veistoksia n\u00e4ist\u00e4 makeista massoista (p\u00e4\u00e4symaksu 290 K\u010d eli noin 12 \u20ac, lapset 200 K\u010d eli noin 8 \u20ac, alle 100 cm ilmaiseksi, perhelippu 830 K\u010d eli noin 34 \u20ac).<\/p>\n\n\n\n<p class=\"wp-block-paragraph\">Aivan l\u00e4hell\u00e4 sijaitsee <strong>Lego-museo, joka tarjoaa valtavan palikkaleikkipaikan<\/strong>, jossa lapset jaksavat rakentaa pitki\u00e4 tunteja, ja alle kolmivuotiaat taaperot p\u00e4\u00e4sev\u00e4t t\u00e4nne ilmaiseksi. N\u00e4yttely on t\u00e4ynn\u00e4 j\u00e4ttim\u00e4isi\u00e4 malleja ja interaktiivisia painikkeita.<\/p>\n\n\n\n<p class=\"wp-block-paragraph\">Jos taas aurinko paistaisi, <strong>voitte l\u00e4hte\u00e4 paikalliseen ZOO T\u00e1boriin V\u011btrovyssa<\/strong>, joka on pienempi mutta hyvin miellytt\u00e4v\u00e4. P\u00e4\u00e4sy maksaa aikuiselta vain 110 K\u010d (noin 4,50 \u20ac), ja alle kolmivuotiaat lapset eiv\u00e4t taaskaan maksa mit\u00e4\u00e4n.<\/p>\n\n\n\n<h3 class=\"wp-block-heading\"><span class=\"ez-toc-section\" id=\"42_Milevskon_naamiaisten_museo\"><\/span>42. Milevskon naamiaisten museo<span class=\"ez-toc-section-end\"><\/span><\/h3>\n\n\n\n<figure data-wp-context=\"{&quot;imageId&quot;:&quot;6a951b9a2d817&quot;}\" data-wp-interactive=\"core\/image\" data-wp-key=\"6a951b9a2d817\" class=\"wp-block-image size-full wp-lightbox-container\"><img decoding=\"async\" width=\"1200\" height=\"800\" data-wp-class--hide=\"state.isContentHidden\" data-wp-class--show=\"state.isContentVisible\" data-wp-init=\"callbacks.setButtonStyles\" data-wp-on--click=\"actions.showLightbox\" data-wp-on--load=\"callbacks.setButtonStyles\" data-wp-on--pointerdown=\"actions.preloadImage\" data-wp-on--pointerenter=\"actions.preloadImageWithDelay\" data-wp-on--pointerleave=\"actions.cancelPreload\" data-wp-on-window--resize=\"callbacks.setButtonStyles\" src=\"https:\/\/loudavymkrokem.cz\/wp-content\/uploads\/2026\/08\/muzeum-milevskych-maskar-expozice.jpg\" alt=\"Laskiaisnaamioita Milevskon naamiaisten museossa\" class=\"wp-image-399585\" title=\"\" srcset=\"https:\/\/loudavymkrokem.cz\/wp-content\/uploads\/2026\/08\/muzeum-milevskych-maskar-expozice.jpg 1200w, https:\/\/loudavymkrokem.cz\/wp-content\/uploads\/2026\/08\/muzeum-milevskych-maskar-expozice-300x200.jpg 300w, https:\/\/loudavymkrokem.cz\/wp-content\/uploads\/2026\/08\/muzeum-milevskych-maskar-expozice-700x467.jpg 700w, https:\/\/loudavymkrokem.cz\/wp-content\/uploads\/2026\/08\/muzeum-milevskych-maskar-expozice-768x512.jpg 768w, https:\/\/loudavymkrokem.cz\/wp-content\/uploads\/2026\/08\/muzeum-milevskych-maskar-expozice-696x464.jpg 696w\" sizes=\"(max-width: 1200px) 100vw, 1200px\" \/><button\n\t\t\tclass=\"lightbox-trigger\"\n\t\t\ttype=\"button\"\n\t\t\taria-haspopup=\"dialog\"\n\t\t\tdata-wp-bind--aria-label=\"state.thisImage.triggerButtonAriaLabel\"\n\t\t\tdata-wp-init=\"callbacks.initTriggerButton\"\n\t\t\tdata-wp-on--click=\"actions.showLightbox\"\n\t\t\tdata-wp-style--right=\"state.thisImage.buttonRight\"\n\t\t\tdata-wp-style--top=\"state.thisImage.buttonTop\"\n\t\t>\n\t\t\t<svg xmlns=\"http:\/\/www.w3.org\/2000\/svg\" width=\"12\" height=\"12\" fill=\"none\" viewBox=\"0 0 12 12\">\n\t\t\t\t<path fill=\"#fff\" d=\"M2 0a2 2 0 0 0-2 2v2h1.5V2a.5.5 0 0 1 .5-.5h2V0H2Zm2 10.5H2a.5.5 0 0 1-.5-.5V8H0v2a2 2 0 0 0 2 2h2v-1.5ZM8 12v-1.5h2a.5.5 0 0 0 .5-.5V8H12v2a2 2 0 0 1-2 2H8Zm2-12a2 2 0 0 1 2 2v2h-1.5V2a.5.5 0 0 0-.5-.5H8V0h2Z\" \/>\n\t\t\t<\/svg>\n\t\t<\/button><\/figure>\n\n\n\n<p class=\"wp-block-paragraph\">Milevskon kaupungista tiedet\u00e4\u00e4n, ett\u00e4 sill\u00e4 on maan vanhin laskiaiskulkue, ja siksi t\u00e4nne noin 25 minuutin p\u00e4\u00e4h\u00e4n P\u00edsekist\u00e4 syntyi <strong>ainutlaatuinen Milevskon naamiaisten museo<\/strong>. Se on pienempi mutta hyvin visuaalinen museo t\u00e4ynn\u00e4 valtavia v\u00e4rikk\u00e4it\u00e4 naamioita, jotka takuulla kiinnostavat lapsia.<\/p>\n\n\n\n<p class=\"wp-block-paragraph\">Kierros ei kest\u00e4 turhan pitk\u00e4\u00e4n, joten sen <strong>sel\u00e4tt\u00e4v\u00e4t helposti my\u00f6s k\u00e4rsim\u00e4tt\u00f6m\u00e4t taaperot<\/strong>, ja perhelippu maksaa vain 140 K\u010d (noin 6 \u20ac). Kes\u00e4kuukausina auki on maanantaista lauantaihin, sunnuntaisin taas vasta iltap\u00e4iv\u00e4ll\u00e4.<\/p>\n\n\n\n<p class=\"wp-block-paragraph\">Museovierailun j\u00e4lkeen voitte <strong>k\u00e4vell\u00e4 l\u00e4heisen Milevskon luostarin kauniilla alueella<\/strong>, jota ymp\u00e4r\u00f6i luonto ja jossa lapset voivat juosta vapaasti nurmialueilla kaukana tiest\u00e4.<\/p>\n\n\n\n<h3 class=\"wp-block-heading\"><span class=\"ez-toc-section\" id=\"43_Aquapark_Horazdovice\"><\/span>43. Aquapark Hora\u017e\u010fovice<span class=\"ez-toc-section-end\"><\/span><\/h3>\n\n\n\n<figure data-wp-context=\"{&quot;imageId&quot;:&quot;6a951b9a2df46&quot;}\" data-wp-interactive=\"core\/image\" data-wp-key=\"6a951b9a2df46\" class=\"wp-block-image size-full wp-lightbox-container\"><img decoding=\"async\" width=\"1919\" height=\"1281\" data-wp-class--hide=\"state.isContentHidden\" data-wp-class--show=\"state.isContentVisible\" data-wp-init=\"callbacks.setButtonStyles\" data-wp-on--click=\"actions.showLightbox\" data-wp-on--load=\"callbacks.setButtonStyles\" data-wp-on--pointerdown=\"actions.preloadImage\" data-wp-on--pointerenter=\"actions.preloadImageWithDelay\" data-wp-on--pointerleave=\"actions.cancelPreload\" data-wp-on-window--resize=\"callbacks.setButtonStyles\" src=\"https:\/\/loudavymkrokem.cz\/wp-content\/uploads\/2026\/08\/aquapark-horazdovice-bazen-tobogan.jpg\" alt=\"Aquapark Hora\u017e\u010fovicen allashalli vesiliukum\u00e4kineen\" class=\"wp-image-399591\" title=\"\" srcset=\"https:\/\/loudavymkrokem.cz\/wp-content\/uploads\/2026\/08\/aquapark-horazdovice-bazen-tobogan.jpg 1919w, https:\/\/loudavymkrokem.cz\/wp-content\/uploads\/2026\/08\/aquapark-horazdovice-bazen-tobogan-300x200.jpg 300w, https:\/\/loudavymkrokem.cz\/wp-content\/uploads\/2026\/08\/aquapark-horazdovice-bazen-tobogan-700x467.jpg 700w, https:\/\/loudavymkrokem.cz\/wp-content\/uploads\/2026\/08\/aquapark-horazdovice-bazen-tobogan-768x513.jpg 768w, https:\/\/loudavymkrokem.cz\/wp-content\/uploads\/2026\/08\/aquapark-horazdovice-bazen-tobogan-1536x1025.jpg 1536w, https:\/\/loudavymkrokem.cz\/wp-content\/uploads\/2026\/08\/aquapark-horazdovice-bazen-tobogan-696x465.jpg 696w, https:\/\/loudavymkrokem.cz\/wp-content\/uploads\/2026\/08\/aquapark-horazdovice-bazen-tobogan-1392x929.jpg 1392w\" sizes=\"(max-width: 1919px) 100vw, 1919px\" \/><button\n\t\t\tclass=\"lightbox-trigger\"\n\t\t\ttype=\"button\"\n\t\t\taria-haspopup=\"dialog\"\n\t\t\tdata-wp-bind--aria-label=\"state.thisImage.triggerButtonAriaLabel\"\n\t\t\tdata-wp-init=\"callbacks.initTriggerButton\"\n\t\t\tdata-wp-on--click=\"actions.showLightbox\"\n\t\t\tdata-wp-style--right=\"state.thisImage.buttonRight\"\n\t\t\tdata-wp-style--top=\"state.thisImage.buttonTop\"\n\t\t>\n\t\t\t<svg xmlns=\"http:\/\/www.w3.org\/2000\/svg\" width=\"12\" height=\"12\" fill=\"none\" viewBox=\"0 0 12 12\">\n\t\t\t\t<path fill=\"#fff\" d=\"M2 0a2 2 0 0 0-2 2v2h1.5V2a.5.5 0 0 1 .5-.5h2V0H2Zm2 10.5H2a.5.5 0 0 1-.5-.5V8H0v2a2 2 0 0 0 2 2h2v-1.5ZM8 12v-1.5h2a.5.5 0 0 0 .5-.5V8H12v2a2 2 0 0 1-2 2H8Zm2-12a2 2 0 0 1 2 2v2h-1.5V2a.5.5 0 0 0-.5-.5H8V0h2Z\" \/>\n\t\t\t<\/svg>\n\t\t<\/button><\/figure>\n\n\n\n<p class=\"wp-block-paragraph\">Kun haluatte uida kunnolla eik\u00e4 P\u00edsekin uimahalli riit\u00e4 sinulle, <strong>l\u00e4htek\u00e4\u00e4 noin 45 minuutin p\u00e4\u00e4ss\u00e4 sijaitsevaan Hora\u017e\u010foviceen paikalliseen vesipuistoon<\/strong>. Toisin kuin klassisissa uimahalleissa, t\u00e4\u00e4ll\u00e4 vesi on l\u00e4mmitetty kauniisiin 28,4 \u00b0C:seen, mit\u00e4 arvostat etenkin pienten palelevien lasten kanssa.<\/p>\n\n\n\n<p class=\"wp-block-paragraph\">Perheille on t\u00e4\u00e4ll\u00e4 t\u00e4ydellisesti varusteltu <strong>lastenallas kahdella liukum\u00e4ell\u00e4 ja vesisienell\u00e4<\/strong>, joka on k\u00e4rp\u00e4ssienen muotoinen. P\u00e4\u00e4symaksu on eritt\u00e4in yst\u00e4v\u00e4llinen, aikuinen maksaa kahdelta tunnilta 160 K\u010d (noin 6,50 \u20ac) ja perhelippu maksaa kauniit 490 K\u010d (noin 20 \u20ac).<\/p>\n\n\n\n<p class=\"wp-block-paragraph\">Ainoa asia, mist\u00e4 sinun t\u00e4ytyy olla varovainen, on <strong>s\u00e4\u00e4nn\u00f6llinen syksyn teknologinen huoltokatko<\/strong>, joka vuonna 2026 osuu ajalle 31. elokuuta \u2013 13. syyskuuta, joten t\u00e4n\u00e4 aikana \u00e4l\u00e4 miss\u00e4\u00e4n nimess\u00e4 tule t\u00e4nne, vaan valitse mieluummin muuta ohjelmaa.<\/p>\n\n\n\n<h3 class=\"wp-block-heading\"><span class=\"ez-toc-section\" id=\"44_Vodnany_ja_kalastusmuseo\"><\/span>44. Vod\u0148any ja kalastusmuseo<span class=\"ez-toc-section-end\"><\/span><\/h3>\n\n\n\n<p class=\"wp-block-paragraph\">Vain hieman yli kahdenkymmenen kilometrin p\u00e4\u00e4ss\u00e4 P\u00edsekist\u00e4 sijaitsee <strong>kalanviljelykaupunki Vod\u0148any<\/strong>, joka tarjoaa eritt\u00e4in miellytt\u00e4v\u00e4n ja rauhallisen vaihtoehdon vilkkaammille turistikohteille. Lapsia innostaa varmasti paikallinen Lesopark Z\u00e1ti\u0161\u00ed -mets\u00e4puisto, jonka l\u00e4pi kulkee hauska Vod\u0148an-haikaran polku, joka on lis\u00e4ksi vapaasti avoin ja t\u00e4ysin ilmainen.<\/p>\n\n\n\n<p class=\"wp-block-paragraph\">Luonnossa k\u00e4velyn j\u00e4lkeen voitte <strong>siirty\u00e4 Kalastusmuseoon<\/strong>, jossa on n\u00e4ht\u00e4viss\u00e4 isoja akvaarioita el\u00e4ville makean veden kaloille, mik\u00e4 on taaperoille aina suuri el\u00e4mys. Jos energiaa j\u00e4\u00e4, l\u00e4htek\u00e4\u00e4 hieman kaupungin ulkopuolelle vapaasti avoimelle Haniperk-n\u00e4k\u00f6tornille, josta avautuu kaunis n\u00e4kym\u00e4 seudulle.<\/p>\n\n\n\n<h2 class=\"wp-block-heading\"><span class=\"ez-toc-section\" id=\"Missa_syoda_Pisekissa_lasten_kanssa\"><\/span>Miss\u00e4 sy\u00f6d\u00e4 P\u00edsekiss\u00e4 lasten kanssa<span class=\"ez-toc-section-end\"><\/span><\/h2>\n\n\n\n<figure data-wp-context=\"{&quot;imageId&quot;:&quot;6a951b9a2e8cf&quot;}\" data-wp-interactive=\"core\/image\" data-wp-key=\"6a951b9a2e8cf\" class=\"wp-block-image size-full wp-lightbox-container\"><img decoding=\"async\" width=\"2200\" height=\"1650\" data-wp-class--hide=\"state.isContentHidden\" data-wp-class--show=\"state.isContentVisible\" data-wp-init=\"callbacks.setButtonStyles\" data-wp-on--click=\"actions.showLightbox\" data-wp-on--load=\"callbacks.setButtonStyles\" data-wp-on--pointerdown=\"actions.preloadImage\" data-wp-on--pointerenter=\"actions.preloadImageWithDelay\" data-wp-on--pointerleave=\"actions.cancelPreload\" data-wp-on-window--resize=\"callbacks.setButtonStyles\" src=\"https:\/\/loudavymkrokem.cz\/wp-content\/uploads\/2026\/08\/pisek-travel-cafe-piskoviste-domecek.jpg\" alt=\"Hiekkalaatikko ja leikkim\u00f6kki Travel Cafen terassilla P\u00edsekiss\u00e4\" class=\"wp-image-399550\" title=\"\" srcset=\"https:\/\/loudavymkrokem.cz\/wp-content\/uploads\/2026\/08\/pisek-travel-cafe-piskoviste-domecek.jpg 2200w, https:\/\/loudavymkrokem.cz\/wp-content\/uploads\/2026\/08\/pisek-travel-cafe-piskoviste-domecek-300x225.jpg 300w, https:\/\/loudavymkrokem.cz\/wp-content\/uploads\/2026\/08\/pisek-travel-cafe-piskoviste-domecek-700x525.jpg 700w, https:\/\/loudavymkrokem.cz\/wp-content\/uploads\/2026\/08\/pisek-travel-cafe-piskoviste-domecek-768x576.jpg 768w, https:\/\/loudavymkrokem.cz\/wp-content\/uploads\/2026\/08\/pisek-travel-cafe-piskoviste-domecek-1536x1152.jpg 1536w, https:\/\/loudavymkrokem.cz\/wp-content\/uploads\/2026\/08\/pisek-travel-cafe-piskoviste-domecek-2048x1536.jpg 2048w, https:\/\/loudavymkrokem.cz\/wp-content\/uploads\/2026\/08\/pisek-travel-cafe-piskoviste-domecek-80x60.jpg 80w, https:\/\/loudavymkrokem.cz\/wp-content\/uploads\/2026\/08\/pisek-travel-cafe-piskoviste-domecek-160x120.jpg 160w, https:\/\/loudavymkrokem.cz\/wp-content\/uploads\/2026\/08\/pisek-travel-cafe-piskoviste-domecek-696x522.jpg 696w, https:\/\/loudavymkrokem.cz\/wp-content\/uploads\/2026\/08\/pisek-travel-cafe-piskoviste-domecek-1392x1044.jpg 1392w, https:\/\/loudavymkrokem.cz\/wp-content\/uploads\/2026\/08\/pisek-travel-cafe-piskoviste-domecek-1920x1440.jpg 1920w\" sizes=\"(max-width: 2200px) 100vw, 2200px\" \/><button\n\t\t\tclass=\"lightbox-trigger\"\n\t\t\ttype=\"button\"\n\t\t\taria-haspopup=\"dialog\"\n\t\t\tdata-wp-bind--aria-label=\"state.thisImage.triggerButtonAriaLabel\"\n\t\t\tdata-wp-init=\"callbacks.initTriggerButton\"\n\t\t\tdata-wp-on--click=\"actions.showLightbox\"\n\t\t\tdata-wp-style--right=\"state.thisImage.buttonRight\"\n\t\t\tdata-wp-style--top=\"state.thisImage.buttonTop\"\n\t\t>\n\t\t\t<svg xmlns=\"http:\/\/www.w3.org\/2000\/svg\" width=\"12\" height=\"12\" fill=\"none\" viewBox=\"0 0 12 12\">\n\t\t\t\t<path fill=\"#fff\" d=\"M2 0a2 2 0 0 0-2 2v2h1.5V2a.5.5 0 0 1 .5-.5h2V0H2Zm2 10.5H2a.5.5 0 0 1-.5-.5V8H0v2a2 2 0 0 0 2 2h2v-1.5ZM8 12v-1.5h2a.5.5 0 0 0 .5-.5V8H12v2a2 2 0 0 1-2 2H8Zm2-12a2 2 0 0 1 2 2v2h-1.5V2a.5.5 0 0 0-.5-.5H8V0h2Z\" \/>\n\t\t\t<\/svg>\n\t\t<\/button><\/figure>\n\n\n\n<figure data-wp-context=\"{&quot;imageId&quot;:&quot;6a951b9a2ed91&quot;}\" data-wp-interactive=\"core\/image\" data-wp-key=\"6a951b9a2ed91\" class=\"wp-block-image size-full wp-lightbox-container\"><img decoding=\"async\" width=\"2200\" height=\"1467\" data-wp-class--hide=\"state.isContentHidden\" data-wp-class--show=\"state.isContentVisible\" data-wp-init=\"callbacks.setButtonStyles\" data-wp-on--click=\"actions.showLightbox\" data-wp-on--load=\"callbacks.setButtonStyles\" data-wp-on--pointerdown=\"actions.preloadImage\" data-wp-on--pointerenter=\"actions.preloadImageWithDelay\" data-wp-on--pointerleave=\"actions.cancelPreload\" data-wp-on-window--resize=\"callbacks.setButtonStyles\" src=\"https:\/\/loudavymkrokem.cz\/wp-content\/uploads\/2026\/08\/pisek-namesticko-zahradky.jpg\" alt=\"Pieni aukio P\u00edsekin keskustassa kes\u00e4terasseineen\" class=\"wp-image-399382\" title=\"\" srcset=\"https:\/\/loudavymkrokem.cz\/wp-content\/uploads\/2026\/08\/pisek-namesticko-zahradky.jpg 2200w, https:\/\/loudavymkrokem.cz\/wp-content\/uploads\/2026\/08\/pisek-namesticko-zahradky-300x200.jpg 300w, https:\/\/loudavymkrokem.cz\/wp-content\/uploads\/2026\/08\/pisek-namesticko-zahradky-700x467.jpg 700w, https:\/\/loudavymkrokem.cz\/wp-content\/uploads\/2026\/08\/pisek-namesticko-zahradky-768x512.jpg 768w, https:\/\/loudavymkrokem.cz\/wp-content\/uploads\/2026\/08\/pisek-namesticko-zahradky-1536x1024.jpg 1536w, https:\/\/loudavymkrokem.cz\/wp-content\/uploads\/2026\/08\/pisek-namesticko-zahradky-2048x1366.jpg 2048w, https:\/\/loudavymkrokem.cz\/wp-content\/uploads\/2026\/08\/pisek-namesticko-zahradky-696x464.jpg 696w, https:\/\/loudavymkrokem.cz\/wp-content\/uploads\/2026\/08\/pisek-namesticko-zahradky-1392x928.jpg 1392w, https:\/\/loudavymkrokem.cz\/wp-content\/uploads\/2026\/08\/pisek-namesticko-zahradky-1920x1280.jpg 1920w\" sizes=\"(max-width: 2200px) 100vw, 2200px\" \/><button\n\t\t\tclass=\"lightbox-trigger\"\n\t\t\ttype=\"button\"\n\t\t\taria-haspopup=\"dialog\"\n\t\t\tdata-wp-bind--aria-label=\"state.thisImage.triggerButtonAriaLabel\"\n\t\t\tdata-wp-init=\"callbacks.initTriggerButton\"\n\t\t\tdata-wp-on--click=\"actions.showLightbox\"\n\t\t\tdata-wp-style--right=\"state.thisImage.buttonRight\"\n\t\t\tdata-wp-style--top=\"state.thisImage.buttonTop\"\n\t\t>\n\t\t\t<svg xmlns=\"http:\/\/www.w3.org\/2000\/svg\" width=\"12\" height=\"12\" fill=\"none\" viewBox=\"0 0 12 12\">\n\t\t\t\t<path fill=\"#fff\" d=\"M2 0a2 2 0 0 0-2 2v2h1.5V2a.5.5 0 0 1 .5-.5h2V0H2Zm2 10.5H2a.5.5 0 0 1-.5-.5V8H0v2a2 2 0 0 0 2 2h2v-1.5ZM8 12v-1.5h2a.5.5 0 0 0 .5-.5V8H12v2a2 2 0 0 1-2 2H8Zm2-12a2 2 0 0 1 2 2v2h-1.5V2a.5.5 0 0 0-.5-.5H8V0h2Z\" \/>\n\t\t\t<\/svg>\n\t\t<\/button><\/figure>\n\n\n\n<p class=\"wp-block-paragraph\">Kun tulee ruoan ja kahvin aika, en vaihtaisi mist\u00e4\u00e4n hinnasta <strong>Travel Cafea Komensk\u00e9ho-kadulla<\/strong>, jonne k\u00e4yn Jon\u00e1\u0161ekin ja Luk\u00e1\u0161in kanssa useimmiten ja istumme l\u00e4hes aina ulkona. Heill\u00e4 on nimitt\u00e4in mahtava terassi sis\u00e4pihalla upean hiekkalaatikon ja pienen leikkim\u00f6kin kera, joten voin rauhassa juoda oman erikoiskahvini samalla kun pieni leikkii hiekkamuoteilla.<\/p>\n\n\n\n<p class=\"wp-block-paragraph\">Kyse ei ole vain kahvista: heill\u00e4 on <strong>t\u00e4ydelliset aamiaiset ja kevyet lounaat<\/strong>, joten t\u00e4\u00e4ll\u00e4 sy\u00f6mme kaikki, my\u00f6s pieni, joka ottaa lettuja. Meille se on selv\u00e4sti kaupungin suosikkiosoite.<\/p>\n\n\n\n<p class=\"wp-block-paragraph\">Jos etsit muita lapsiyst\u00e4v\u00e4llisi\u00e4 kahviloita, kokeile ehdottomasti <strong>SOHO Cafea aidatulla nurkkauksella ja mainioilla pannukakuilla<\/strong> tai kahvilaa Sova na V\u011btvi, jolla on oma paahtimo ja leikkinurkkaus. Loistava valinta on my\u00f6s <strong>YEZ Caf\u00e9 suoraan liikennepuiston luona<\/strong>, jossa on hiekkalaatikko pienimmille, tai konditoria Upekla (heill\u00e4 on my\u00f6s gluteenittomia j\u00e4lkiruokia), joka k\u00e4tkee sis\u00e4pihalleen toisen hiekkalaatikon.<\/p>\n\n\n\n<p class=\"wp-block-paragraph\">Jos haluat yhdist\u00e4\u00e4 lounaan ulkona oleskeluun, <strong>Restaurace Ostrov sijaitsee suoraan puistossa joen varrella<\/strong> ja aivan sen kes\u00e4terassin luona on aidattu lasten leikkikentt\u00e4. Vanhemmat voivat siis nauttia puolivarjossa ruoasta samalla kun isommat lapset leikkiv\u00e4t vieress\u00e4 tai harjoittelevat paikallisella minigolfilla.<\/p>\n\n\n\n<p class=\"wp-block-paragraph\">Runsaalle lounaalle tai illalliselle suosittelen l\u00e4mpim\u00e4sti <strong>intialaista ravintola Tandooria<\/strong>, jossa kokkaavat loistavat nepalilaiset kokit ja tekev\u00e4t parhainta kasvisruokaa Palak Paneeria, jota me mieheni kanssa aina odotamme. Tai poikkea ravintola Do Nebeen Palack\u00e9ho sadyss\u00e4. Se on kyll\u00e4 ensisijaisesti pihviravintola ja <strong>menu vaihtuu siell\u00e4 koko ajan<\/strong>, joten en koskaan tied\u00e4 etuk\u00e4teen, saammeko me kasvissy\u00f6jin\u00e4 ruokaa. Toisinaan siell\u00e4 on kuitenkin jotain lihatonta, joten k\u00e4ymme siell\u00e4.<\/p>\n\n\n\n<p class=\"wp-block-paragraph\">Kun tekee mieli klassista italialaista keitti\u00f6t\u00e4, <strong>Pizzeria San Marco Suurella torilla<\/strong> tarjoaa loistavaa puu-uunipizzaa ja mainiota kotitekoista pastaa. Yht\u00e4 loistava on my\u00f6s italialainen ravintola Pomodoro aivan kirkon vieress\u00e4, jossa voit kes\u00e4ll\u00e4 terassilla lis\u00e4ksi ottaa heid\u00e4n erinomaista kotitekoista j\u00e4\u00e4tel\u00f6\u00e4\u00e4n.<\/p>\n\n\n\n<p class=\"wp-block-paragraph\">Mit\u00e4 tulee muuhun erikoiskahviin, suuntaa mieluummin <strong>Coffee Dealeriin Drl\u00ed\u010dovilla<\/strong>, jossa tehd\u00e4\u00e4n loistavaa suodatinkahvia. Usein suositellulla Kafernalla on kyll\u00e4 hyv\u00e4\u00e4 kahvia, mutta henkil\u00f6kunta pystyy tuntemattomista syist\u00e4 huutamaan sinulle koko kadun poikki. T\u00e4m\u00e4 kahvibaari on paikallisten keskuudessa tunnettu ep\u00e4miellytt\u00e4v\u00e4st\u00e4 palvelusta, ja on s\u00e4\u00e4li pilata sill\u00e4 vierailu, joten k\u00e4yt\u00e4 rahasi mieluummin muutaman askeleen p\u00e4\u00e4ss\u00e4 Coffee Dealerissa.<\/p>\n\n\n\n<h2 class=\"wp-block-heading\"><span class=\"ez-toc-section\" id=\"Mita_tehda_Pisekissa_lasten_kanssa_kun_sataa\"><\/span>Mit\u00e4 tehd\u00e4 P\u00edsekiss\u00e4 lasten kanssa, kun sataa<span class=\"ez-toc-section-end\"><\/span><\/h2>\n\n\n\n<figure data-wp-context=\"{&quot;imageId&quot;:&quot;6a951b9a2f7b3&quot;}\" data-wp-interactive=\"core\/image\" data-wp-key=\"6a951b9a2f7b3\" class=\"wp-block-image size-full wp-lightbox-container\"><img decoding=\"async\" width=\"2200\" height=\"1467\" data-wp-class--hide=\"state.isContentHidden\" data-wp-class--show=\"state.isContentVisible\" data-wp-init=\"callbacks.setButtonStyles\" data-wp-on--click=\"actions.showLightbox\" data-wp-on--load=\"callbacks.setButtonStyles\" data-wp-on--pointerdown=\"actions.preloadImage\" data-wp-on--pointerenter=\"actions.preloadImageWithDelay\" data-wp-on--pointerleave=\"actions.cancelPreload\" data-wp-on-window--resize=\"callbacks.setButtonStyles\" src=\"https:\/\/loudavymkrokem.cz\/wp-content\/uploads\/2026\/08\/pisek-prachenske-muzeum-vstup.jpg\" alt=\"Kulkuv\u00e4yl\u00e4 Pr\u00e1che\u0148-museon sis\u00e4pihalle P\u00edsekiss\u00e4\" class=\"wp-image-399345\" title=\"\" srcset=\"https:\/\/loudavymkrokem.cz\/wp-content\/uploads\/2026\/08\/pisek-prachenske-muzeum-vstup.jpg 2200w, https:\/\/loudavymkrokem.cz\/wp-content\/uploads\/2026\/08\/pisek-prachenske-muzeum-vstup-300x200.jpg 300w, https:\/\/loudavymkrokem.cz\/wp-content\/uploads\/2026\/08\/pisek-prachenske-muzeum-vstup-700x467.jpg 700w, https:\/\/loudavymkrokem.cz\/wp-content\/uploads\/2026\/08\/pisek-prachenske-muzeum-vstup-768x512.jpg 768w, https:\/\/loudavymkrokem.cz\/wp-content\/uploads\/2026\/08\/pisek-prachenske-muzeum-vstup-1536x1024.jpg 1536w, https:\/\/loudavymkrokem.cz\/wp-content\/uploads\/2026\/08\/pisek-prachenske-muzeum-vstup-2048x1366.jpg 2048w, https:\/\/loudavymkrokem.cz\/wp-content\/uploads\/2026\/08\/pisek-prachenske-muzeum-vstup-696x464.jpg 696w, https:\/\/loudavymkrokem.cz\/wp-content\/uploads\/2026\/08\/pisek-prachenske-muzeum-vstup-1392x928.jpg 1392w, https:\/\/loudavymkrokem.cz\/wp-content\/uploads\/2026\/08\/pisek-prachenske-muzeum-vstup-1920x1280.jpg 1920w\" sizes=\"(max-width: 2200px) 100vw, 2200px\" \/><button\n\t\t\tclass=\"lightbox-trigger\"\n\t\t\ttype=\"button\"\n\t\t\taria-haspopup=\"dialog\"\n\t\t\tdata-wp-bind--aria-label=\"state.thisImage.triggerButtonAriaLabel\"\n\t\t\tdata-wp-init=\"callbacks.initTriggerButton\"\n\t\t\tdata-wp-on--click=\"actions.showLightbox\"\n\t\t\tdata-wp-style--right=\"state.thisImage.buttonRight\"\n\t\t\tdata-wp-style--top=\"state.thisImage.buttonTop\"\n\t\t>\n\t\t\t<svg xmlns=\"http:\/\/www.w3.org\/2000\/svg\" width=\"12\" height=\"12\" fill=\"none\" viewBox=\"0 0 12 12\">\n\t\t\t\t<path fill=\"#fff\" d=\"M2 0a2 2 0 0 0-2 2v2h1.5V2a.5.5 0 0 1 .5-.5h2V0H2Zm2 10.5H2a.5.5 0 0 1-.5-.5V8H0v2a2 2 0 0 0 2 2h2v-1.5ZM8 12v-1.5h2a.5.5 0 0 0 .5-.5V8H12v2a2 2 0 0 1-2 2H8Zm2-12a2 2 0 0 1 2 2v2h-1.5V2a.5.5 0 0 0-.5-.5H8V0h2Z\" \/>\n\t\t\t<\/svg>\n\t\t<\/button><\/figure>\n\n\n\n<p class=\"wp-block-paragraph\">Vaikka lomalla yll\u00e4tt\u00e4isi huono s\u00e4\u00e4, P\u00edsekiss\u00e4 se ei haittaa lainkaan. T\u00e4ss\u00e4 <strong>lyhyt katsaus parhaisiin vaihtoehtoihin<\/strong>, minne menn\u00e4 lasten kanssa suojaan sateelta:<\/p>\n\n\n\n<ul class=\"wp-block-list\">\n<li><strong>Sladovna P\u00edsek:<\/strong> Piiloudu pariksi tunniksi Pila\u0159i\u0161t\u011ben tai Mraveni\u0161t\u011ben, mutta osta liput netist\u00e4.<\/li>\n\n\n\n<li><strong>My\u0161ka-leikkipaikka:<\/strong> J\u00e4ttikiipeilytelineet ja trampoliinit Porty\u010dissa v\u00e4sytt\u00e4v\u00e4t luotettavasti jopa kymmenvuotiaat lapset.<\/li>\n\n\n\n<li><strong>Uimahalli:<\/strong> L\u00e4mmin vesi lastenaltaassa l\u00e4mmitt\u00e4\u00e4 sinut ja lyhent\u00e4\u00e4 sateisen iltap\u00e4iv\u00e4n.<\/li>\n\n\n\n<li><strong>Hernajs:<\/strong> Pieni leikkipaikka toisessa kerroksessa puisine leluineen, ihanteellinen taaperoille noin kahteen ik\u00e4vuoteen asti.<\/li>\n\n\n\n<li><strong>Kino Porty\u010d:<\/strong> Moderni digitaalinen elokuvateatteri \u010cechova-kadulla, joka n\u00e4ytt\u00e4\u00e4 iltap\u00e4ivisin lastenelokuvia.<\/li>\n\n\n\n<li><strong>Laser Ar\u00e9na P\u00edsek:<\/strong> Loistava toimintavaihtoehto isommille lapsille ja koululaisille suoraan torilla.<\/li>\n\n\n\n<li><strong>LezeTop:<\/strong> Sis\u00e4kiipeilysein\u00e4 turvallisella lasten boulderilla ja miellytt\u00e4v\u00e4ll\u00e4 baarilla.<\/li>\n<\/ul>\n\n\n\n<h2 class=\"wp-block-heading\"><span class=\"ez-toc-section\" id=\"Kaytannon_vinkit_perheille_parkkeeraus_lastenvaunut_vaipanvaihto\"><\/span>K\u00e4yt\u00e4nn\u00f6n vinkit perheille: parkkeeraus, lastenvaunut, vaipanvaihto<span class=\"ez-toc-section-end\"><\/span><\/h2>\n\n\n\n<figure data-wp-context=\"{&quot;imageId&quot;:&quot;6a951b9a300b3&quot;}\" data-wp-interactive=\"core\/image\" data-wp-key=\"6a951b9a300b3\" class=\"wp-block-image size-full wp-lightbox-container\"><img decoding=\"async\" width=\"2200\" height=\"1467\" data-wp-class--hide=\"state.isContentHidden\" data-wp-class--show=\"state.isContentVisible\" data-wp-init=\"callbacks.setButtonStyles\" data-wp-on--click=\"actions.showLightbox\" data-wp-on--load=\"callbacks.setButtonStyles\" data-wp-on--pointerdown=\"actions.preloadImage\" data-wp-on--pointerenter=\"actions.preloadImageWithDelay\" data-wp-on--pointerleave=\"actions.cancelPreload\" data-wp-on-window--resize=\"callbacks.setButtonStyles\" src=\"https:\/\/loudavymkrokem.cz\/wp-content\/uploads\/2026\/08\/pisek-ulicka-vez-radnice.jpg\" alt=\"Kuja P\u00edsekin historiallisessa keskustassa raatihuoneen torneineen\" class=\"wp-image-399384\" title=\"\" srcset=\"https:\/\/loudavymkrokem.cz\/wp-content\/uploads\/2026\/08\/pisek-ulicka-vez-radnice.jpg 2200w, https:\/\/loudavymkrokem.cz\/wp-content\/uploads\/2026\/08\/pisek-ulicka-vez-radnice-300x200.jpg 300w, https:\/\/loudavymkrokem.cz\/wp-content\/uploads\/2026\/08\/pisek-ulicka-vez-radnice-700x467.jpg 700w, https:\/\/loudavymkrokem.cz\/wp-content\/uploads\/2026\/08\/pisek-ulicka-vez-radnice-768x512.jpg 768w, https:\/\/loudavymkrokem.cz\/wp-content\/uploads\/2026\/08\/pisek-ulicka-vez-radnice-1536x1024.jpg 1536w, https:\/\/loudavymkrokem.cz\/wp-content\/uploads\/2026\/08\/pisek-ulicka-vez-radnice-2048x1366.jpg 2048w, https:\/\/loudavymkrokem.cz\/wp-content\/uploads\/2026\/08\/pisek-ulicka-vez-radnice-696x464.jpg 696w, https:\/\/loudavymkrokem.cz\/wp-content\/uploads\/2026\/08\/pisek-ulicka-vez-radnice-1392x928.jpg 1392w, https:\/\/loudavymkrokem.cz\/wp-content\/uploads\/2026\/08\/pisek-ulicka-vez-radnice-1920x1280.jpg 1920w\" sizes=\"(max-width: 2200px) 100vw, 2200px\" \/><button\n\t\t\tclass=\"lightbox-trigger\"\n\t\t\ttype=\"button\"\n\t\t\taria-haspopup=\"dialog\"\n\t\t\tdata-wp-bind--aria-label=\"state.thisImage.triggerButtonAriaLabel\"\n\t\t\tdata-wp-init=\"callbacks.initTriggerButton\"\n\t\t\tdata-wp-on--click=\"actions.showLightbox\"\n\t\t\tdata-wp-style--right=\"state.thisImage.buttonRight\"\n\t\t\tdata-wp-style--top=\"state.thisImage.buttonTop\"\n\t\t>\n\t\t\t<svg xmlns=\"http:\/\/www.w3.org\/2000\/svg\" width=\"12\" height=\"12\" fill=\"none\" viewBox=\"0 0 12 12\">\n\t\t\t\t<path fill=\"#fff\" d=\"M2 0a2 2 0 0 0-2 2v2h1.5V2a.5.5 0 0 1 .5-.5h2V0H2Zm2 10.5H2a.5.5 0 0 1-.5-.5V8H0v2a2 2 0 0 0 2 2h2v-1.5ZM8 12v-1.5h2a.5.5 0 0 0 .5-.5V8H12v2a2 2 0 0 1-2 2H8Zm2-12a2 2 0 0 1 2 2v2h-1.5V2a.5.5 0 0 0-.5-.5H8V0h2Z\" \/>\n\t\t\t<\/svg>\n\t\t<\/button><\/figure>\n\n\n\n<p class=\"wp-block-paragraph\">Liikkuminen P\u00edsekiss\u00e4 on melko helppoa, mutta keskustan pys\u00e4k\u00f6inti\u00e4 varten <strong>lataa ehdottomasti MPLA-sovellus<\/strong>, jonka kautta maksat parkkimaksun helposti ilman kolikoiden etsimist\u00e4. Jos haluat pys\u00e4k\u00f6id\u00e4 t\u00e4ysin ilmaiseksi, j\u00e4t\u00e4 auto urheiluhalli Elimin luo, tai hyvin edullisesti parkkeeraat isolle parkkipaikalle V\u00fdstavi\u0161t\u011bn luona.<\/p>\n\n\n\n<p class=\"wp-block-paragraph\">Lastenvaunujen kanssa p\u00e4\u00e4set l\u00e4hes kaikkialle, mutta muista, ett\u00e4 <strong>historiallisessa keskustassa on mukulakiveyst\u00e4 ja katukiveyst\u00e4<\/strong>, joten sinulle kannattaa olla mieluummin isommat ilmat\u00e4ytteiset renkaat. Sen sijaan joen varrella ja puistoissa polut ovat kauniin tasaiset ja asfaltoidut.<\/p>\n\n\n\n<p class=\"wp-block-paragraph\">Maineikkaan Sladovnan vierailulla sinun ei tarvitse pel\u00e4t\u00e4 monimutkaista logistiikkaa, sill\u00e4 <strong>lastenvaunut pys\u00e4k\u00f6it mukavasti tilavaan vaates\u00e4ilytykseen pohjakerroksessa<\/strong>, jossa niille on varattu paikka. Samoin useimmissa listani kahviloissa ja ravintoloissa on lasten sy\u00f6tt\u00f6tuoleja ja tilat mukavaan vaipanvaihtoon.<\/p>\n\n\n\n<h2 class=\"wp-block-heading\"><span class=\"ez-toc-section\" id=\"Minne_seuraavaksi\"><\/span>Minne seuraavaksi<span class=\"ez-toc-section-end\"><\/span><\/h2>\n\n\n\n<p class=\"wp-block-paragraph\">Mit\u00e4 P\u00edsekiss\u00e4 juuri tapahtuu, seuraa osoitteessa <a href=\"https:\/\/pisek.info\/akce\" target=\"_blank\" rel=\"noopener\">pisek.info\/akce<\/a>, katsauksen paikoista ja n\u00e4ht\u00e4vyyksist\u00e4 tarjoaa <a href=\"https:\/\/pisek.info\/mista\" target=\"_blank\" rel=\"noopener\">pisek.info\/mista<\/a>, ja vanhemmat arvostavat koko <a href=\"https:\/\/pisek.info\/deti\" target=\"_blank\" rel=\"noopener\">Lapset<\/a>-osiota p\u00e4iv\u00e4koteineen, lapsiryhmineen ja kerhoineen.<\/p>\n\n\n\n<p class=\"wp-block-paragraph\">Jos P\u00edsek kiinnosti sinua ja haluat tutustua siihen viel\u00e4 enemm\u00e4n, lue artikkelimme <a href=\"https:\/\/loudavymkrokem.cz\/co-videt-v-pisku\/\">Mit\u00e4 n\u00e4hd\u00e4 P\u00edsekiss\u00e4: 39 vinkki\u00e4 syntyper\u00e4iselt\u00e4 p\u00edsekil\u00e4iselt\u00e4<\/a>, josta l\u00f6yd\u00e4t paljon historiallisia kiinnostavia asioita. Pidemm\u00e4n loman suunnitteluun sinulle on hy\u00f6ty\u00e4 oppaasta <a href=\"https:\/\/loudavymkrokem.cz\/fi\/etela-tsekki-kauneimmat-paikat\/\">Minne lomalle Etel\u00e4-T\u0161ekkiin<\/a> tai inspiraatiosta artikkeliin <a href=\"https:\/\/loudavymkrokem.cz\/fi\/etela-tsekki-kauneimmat-kaupungit\/\">8 retke\u00e4 ymp\u00e4ri Etel\u00e4-T\u0161ekki\u00e4<\/a>.<\/p>\n\n\n\n<p class=\"wp-block-paragraph\">Jos taas l\u00f6yd\u00e4t mielell\u00e4si uusia kauniita kaupunkeja, tutustu artikkeliimme <a href=\"https:\/\/loudavymkrokem.cz\/fi\/tabor-tsekki-nahtavyydet\/\">Mit\u00e4 n\u00e4hd\u00e4 T\u00e1borissa<\/a> \u00e4l\u00e4k\u00e4 unohda my\u00f6sk\u00e4\u00e4n <a href=\"https:\/\/loudavymkrokem.cz\/fi\/ceske-budejovice-tsekki\/\">\u010cesk\u00e9 Bud\u011bjovicea<\/a>. Luonnon yst\u00e4v\u00e4t arvostavat sitten varmasti vinkkej\u00e4 artikkelissa <a href=\"https:\/\/loudavymkrokem.cz\/fi\/sumava-lastenrattaat-tsekki\/\">\u0160umava lastenvaunujen kanssa<\/a>, ja laajempaa n\u00e4k\u00f6kulmaa varten vilkaise artikkelia <a href=\"https:\/\/loudavymkrokem.cz\/fi\/loma-tsekissa-vinkit\/\">Minne lomalle T\u0161ekkiin<\/a>.<\/p>\n\n\n\n<p class=\"wp-block-paragraph\">Ja jos suunnittelet retki\u00e4 my\u00f6s perhekohteiden ulkopuolelle, vilkaise artikkelia <a href=\"https:\/\/loudavymkrokem.cz\/vylety-v-okoli-pisku\/\">Retket P\u00edsekin ymp\u00e4rist\u00f6ss\u00e4: 30 vinkki\u00e4 syntyper\u00e4iselt\u00e4 p\u00edsekil\u00e4iselt\u00e4<\/a>, josta l\u00f6yd\u00e4t linnoja, kartanoita, n\u00e4k\u00f6torneja ja vett\u00e4 j\u00e4rjestettyn\u00e4 et\u00e4isyyden mukaan P\u00edsekist\u00e4.<\/p>\n\n\n\n<h2 class=\"wp-block-heading\"><span class=\"ez-toc-section\" id=\"Usein_kysytyt_kysymykset\"><\/span>Usein kysytyt kysymykset<span class=\"ez-toc-section-end\"><\/span><\/h2>\n\n\n<div id=\"rank-math-faq\" class=\"rank-math-block\">\n<div class=\"rank-math-list \">\n<div id=\"faq-question-1787751907000\" class=\"rank-math-list-item\">\n<h3 class=\"rank-math-question \"><span class=\"ez-toc-section\" id=\"Mita_tehda_lasten_kanssa_Pisekissa_sateella\"><\/span>Mit\u00e4 tehd\u00e4 lasten kanssa P\u00edsekiss\u00e4 sateella?<span class=\"ez-toc-section-end\"><\/span><\/h3>\n<div class=\"rank-math-answer \">\n\n<p>Paras suoja sateelta on Sladovnan leikkigalleria, jossa on Pila\u0159i\u0161t\u011b- ja Mraveni\u0161t\u011b-n\u00e4yttelyt. Loistava vaihtoehto on my\u00f6s valtava My\u0161ka-leikkipaikka Porty\u010dissa, uima-allas uimastadionilla tai pieni leikkipaikka Hernajs Jungmannin kadulla. Sateiseen iltap\u00e4iv\u00e4\u00e4n sopii my\u00f6s Porty\u010d-elokuvateatteri lasten esityksill\u00e4.<\/p>\n\n<\/div>\n<\/div>\n<div id=\"faq-question-1787751907001\" class=\"rank-math-list-item\">\n<h3 class=\"rank-math-question \"><span class=\"ez-toc-section\" id=\"Paljonko_Sladovna_maksaa\"><\/span>Paljonko Sladovna maksaa?<span class=\"ez-toc-section-end\"><\/span><\/h3>\n<div class=\"rank-math-answer \">\n\n<p>Pila\u0159i\u0161ten peruslippu maksaa 5 \u20ac henkil\u00f6lt\u00e4, ja alle yhden vuoden vauvoilla on ilmainen sis\u00e4\u00e4np\u00e4\u00e4sy. Perheen p\u00e4\u00e4sylippu p\u00e4\u00e4n\u00e4yttelyihin on 20\u201325 \u20ac. Varaa liput ehdottomasti etuk\u00e4teen verkossa, sill\u00e4 kapasiteetti loppuu usein nopeasti.<\/p>\n\n<\/div>\n<\/div>\n<div id=\"faq-question-1787751907002\" class=\"rank-math-list-item\">\n<h3 class=\"rank-math-question \"><span class=\"ez-toc-section\" id=\"Minne_Pisekissa_kannattaa_menna_taaperon_kanssa\"><\/span>Minne P\u00edsekiss\u00e4 kannattaa menn\u00e4 taaperon kanssa?<span class=\"ez-toc-section-end\"><\/span><\/h3>\n<div class=\"rank-math-answer \">\n\n<p>Kaksivuotiaille lapsille ihanteellinen on Pila\u0159i\u0161t\u011b Sladovnassa, hiekkalaatikko Travel Cafessa tai aivan uusi leikkipaikka Na Trub\u00e1ch. L\u00e4hialueen retkist\u00e4 taaperot arvostavat eniten Na\u0161e zv\u00ed\u0159\u00e1tka -el\u00e4intarhaa Putimissa, joka on lis\u00e4ksi t\u00e4ysin ilmainen.<\/p>\n\n<\/div>\n<\/div>\n<div id=\"faq-question-1787751907003\" class=\"rank-math-list-item\">\n<h3 class=\"rank-math-question \"><span class=\"ez-toc-section\" id=\"Mika_on_paras_leikkipaikka_Pisekissa\"><\/span>Mik\u00e4 on paras leikkipaikka P\u00edsekiss\u00e4?<span class=\"ez-toc-section-end\"><\/span><\/h3>\n<div class=\"rank-math-answer \">\n\n<p>Suurin ja suosituin on My\u0161ka-leikkipaikka osoitteessa V Porty\u010di. Varusteet ovat jo vanhentuneita, mutta se on edelleen kaupungin suurin tila: valtavat kiipeilytelineet, trampoliini ja turvallinen nurkkaus taaperoille. Tunti maksaa 3,50 \u20ac, mutta lapset viihtyv\u00e4t t\u00e4\u00e4ll\u00e4 helposti koko aamup\u00e4iv\u00e4n.<\/p>\n\n<\/div>\n<\/div>\n<div id=\"faq-question-1787751907004\" class=\"rank-math-list-item\">\n<h3 class=\"rank-math-question \"><span class=\"ez-toc-section\" id=\"Mitka_ovat_parhaat_retket_alle_20_minuutin_paahan\"><\/span>Mitk\u00e4 ovat parhaat retket alle 20 minuutin p\u00e4\u00e4h\u00e4n?<span class=\"ez-toc-section-end\"><\/span><\/h3>\n<div class=\"rank-math-answer \">\n\n<p>\u00c4l\u00e4 j\u00e4t\u00e4 v\u00e4liin uutta Farmapark Maleticea j\u00e4ttitrampoliineineen ja el\u00e4imineen. Loistava valinta on my\u00f6s Kr\u00e1lovstv\u00ed \u010dasu Protiv\u00edniss\u00e4, jossa on upea leikkipaikka kahviloineen, tai taianomaisessa Poh\u00e1dkov\u00e1 kov\u00e1rna Selibovissa el\u00e4vine aaseineen ja luovina ty\u00f6pajoina.<\/p>\n\n<\/div>\n<\/div>\n<div id=\"faq-question-1787751907005\" class=\"rank-math-list-item\">\n<h3 class=\"rank-math-question \"><span class=\"ez-toc-section\" id=\"Onko_Pisek_sopiva_rattaiden_kanssa\"><\/span>Onko P\u00edsek sopiva rattaiden kanssa?<span class=\"ez-toc-section-end\"><\/span><\/h3>\n<div class=\"rank-math-answer \">\n\n<p>Kyll\u00e4, P\u00edsek on eritt\u00e4in rattaisyst\u00e4v\u00e4llinen. Otava-joen rantaraitilla, M\u011bstsk\u00fd ostrovilla ja ymp\u00e4r\u00f6ivill\u00e4 P\u00edseck\u00e9n metsill\u00e4 on kauniita asfaltoituja tai vahvistettuja polkuja. Vain historiallisessa keskustassa toreilla on perinteist\u00e4 katukiveyst\u00e4 ja mukulakivi\u00e4.<\/p>\n\n<\/div>\n<\/div>\n<div id=\"faq-question-1787751907006\" class=\"rank-math-list-item\">\n<h3 class=\"rank-math-question \"><span class=\"ez-toc-section\" id=\"Missa_Pisekissa_voi_uida_lasten_kanssa\"><\/span>Miss\u00e4 P\u00edsekiss\u00e4 voi uida lasten kanssa?<span class=\"ez-toc-section-end\"><\/span><\/h3>\n<div class=\"rank-math-answer \">\n\n<p>Kes\u00e4ll\u00e4 ehdottomasti ly\u00f6m\u00e4t\u00f6n on uimapaikka u V\u00e1clava suoraan joella, jossa on my\u00f6s lasten allas liukum\u00e4kineen ja kahluuallas. Kes\u00e4kauden ulkopuolella vieraile lasten kanssa kaupungin uimastadionilla, joka tarjoaa l\u00e4mmitetyn lastenaltaan ja h\u00f6yryhuoneet.<\/p>\n\n<\/div>\n<\/div>\n<div id=\"faq-question-1787751907007\" class=\"rank-math-list-item\">\n<h3 class=\"rank-math-question \"><span class=\"ez-toc-section\" id=\"Minne_menna_lasten_kanssa_ilmaiseksi\"><\/span>Minne menn\u00e4 lasten kanssa ilmaiseksi?<span class=\"ez-toc-section-end\"><\/span><\/h3>\n<div class=\"rank-math-answer \">\n\n<p>T\u00e4ysin ilmainen on j\u00e4ttim\u00e4isten hiekkaveistosten katselu rantakadulla ja kauriinoikien ruokkiminen mets\u00e4aitauksessa U Vod\u00e1ka. Ilmainen on my\u00f6s p\u00e4\u00e4sy upealle kuulaleikkipaikalle Jir\u00e1skovan rantakadulla tai kauniiseen el\u00e4intarhaan kenguruineen ja surikatteineen l\u00e4heisess\u00e4 Putimissa.<\/p>\n\n<\/div>\n<\/div>\n<\/div>\n<\/div>","protected":false},"excerpt":{"rendered":"<p>Suunnitteletko perhelomaa Etel\u00e4-T\u0161ekkiin? Paikallinen \u00e4iti neuvoo parhaat leikkipaikat, leikkikent\u00e4t ja retket P\u00edsekiss\u00e4, joihin rakastut lasten kanssa.<\/p>\n","protected":false},"author":3,"featured_media":399352,"comment_status":"open","ping_status":"open","sticky":false,"template":"","format":"standard","meta":{"_acf_changed":false,"footnotes":"","rank_math_title":"P\u00edsek lasten kanssa: 44 paikallisen \u00e4idin vinkki\u00e4","rank_math_description":"P\u00edsek lasten kanssa: 44 paikallisen \u00e4idin vinkki\u00e4 leikkipaikoista, leikkikentist\u00e4 ja retkist\u00e4 2026. L\u00f6yd\u00e4 perheen unohtumaton loma \u2013 lue vinkit nyt!","rank_math_focus_keyword":"P\u00edsek lasten kanssa","rank_math_seo_score":""},"categories":[2129,2123,2208],"tags":[],"class_list":["post-408567","post","type-post","status-publish","format-standard","has-post-thumbnail","category-eurooppa","category-matkailu","category-tsekin-tasavalta"],"acf":[],"featured_image_src":"https:\/\/loudavymkrokem.cz\/wp-content\/uploads\/2026\/08\/pisek-velke-namesti-vez-kostela.jpg","author_info":{"display_name":"Lucie Kone\u010dn\u00e1","author_link":"https:\/\/loudavymkrokem.cz\/fi\/author\/lucie-konecna\/"},"_links":{"self":[{"href":"https:\/\/loudavymkrokem.cz\/fi\/wp-json\/wp\/v2\/posts\/408567","targetHints":{"allow":["GET"]}}],"collection":[{"href":"https:\/\/loudavymkrokem.cz\/fi\/wp-json\/wp\/v2\/posts"}],"about":[{"href":"https:\/\/loudavymkrokem.cz\/fi\/wp-json\/wp\/v2\/types\/post"}],"author":[{"embeddable":true,"href":"https:\/\/loudavymkrokem.cz\/fi\/wp-json\/wp\/v2\/users\/3"}],"replies":[{"embeddable":true,"href":"https:\/\/loudavymkrokem.cz\/fi\/wp-json\/wp\/v2\/comments?post=408567"}],"version-history":[{"count":0,"href":"https:\/\/loudavymkrokem.cz\/fi\/wp-json\/wp\/v2\/posts\/408567\/revisions"}],"wp:featuredmedia":[{"embeddable":true,"href":"https:\/\/loudavymkrokem.cz\/fi\/wp-json\/wp\/v2\/media\/399352"}],"wp:attachment":[{"href":"https:\/\/loudavymkrokem.cz\/fi\/wp-json\/wp\/v2\/media?parent=408567"}],"wp:term":[{"taxonomy":"category","embeddable":true,"href":"https:\/\/loudavymkrokem.cz\/fi\/wp-json\/wp\/v2\/categories?post=408567"},{"taxonomy":"post_tag","embeddable":true,"href":"https:\/\/loudavymkrokem.cz\/fi\/wp-json\/wp\/v2\/tags?post=408567"}],"curies":[{"name":"wp","href":"https:\/\/api.w.org\/{rel}","templated":true}]}}