{"id":327597,"date":"2026-05-31T01:00:17","date_gmt":"2026-05-30T23:00:17","guid":{"rendered":"https:\/\/loudavymkrokem.cz\/braga-portugali-nahtavyydet\/"},"modified":"2026-08-01T21:52:09","modified_gmt":"2026-08-01T19:52:09","slug":"braga-portugali-nahtavyydet","status":"publish","type":"post","link":"https:\/\/loudavymkrokem.cz\/fi\/braga-portugali-nahtavyydet\/","title":{"rendered":"Braga, Portugali: 14 vinkki\u00e4 pohjoisen barokkihelmeen"},"content":{"rendered":"\n<!-- lk-tldr -->\n<div class=\"lk-tldr\" style=\"background:#f7f5f0;border-left:4px solid #c39f76;border-radius:0 10px 10px 0;padding:14px 18px;margin:0 0 26px;font-size:15px;line-height:1.65;\"><strong style=\"display:block;font-size:12px;text-transform:uppercase;letter-spacing:.06em;color:#a9885a;margin-bottom:5px;\">TL;DR<\/strong>Braga Portugalin pohjoisosassa tarjoaa 14 keskeist\u00e4 vinkki\u00e4. N\u00e4ist\u00e4 kohokohtina ovat <strong>Bom Jesus do Monten<\/strong> pyhiinvaelluskompleksi barokkiportaikkoineen ja ainutlaatuisine vuonna 1882 rakennettuine vesik\u00e4ytt\u00f6isine k\u00f6ysiratoineen, Portugalin vanhin katedraali <strong>S\u00e9 do Braga<\/strong> 1000-luvulta sek\u00e4 Santu\u00e1rio do Sameiron Neitsyt Marialle omistettu pyh\u00e4kk\u00f6, josta avautuu n\u00e4kym\u00e4 yli 500 metrin korkeudesta merenpinnan yl\u00e4puolelta. Historiallinen keskusta on tasainen ja helppo kiert\u00e4\u00e4 k\u00e4vellen. Bragan ja Bom Jesusin n\u00e4ht\u00e4vyyksiin riitt\u00e4\u00e4 yksi p\u00e4iv\u00e4, mutta jos mukaan otetaan naapurikaupunki Guimar\u00e3es, kannattaa varata v\u00e4hint\u00e4\u00e4n kaksi y\u00f6t\u00e4. Portosta p\u00e4\u00e4set perille l\u00e4hijunalla noin tunnissa. Parhaat matkustuskuukaudet ovat <strong>syyskuu ja lokakuu<\/strong>, jolloin turisteja on v\u00e4hemm\u00e4n ja l\u00e4mp\u00f6tila on miellytt\u00e4v\u00e4, kun taas marraskuusta maaliskuuhun sataa usein p\u00e4iv\u00e4kausia.<\/div>\n<!-- \/lk-tldr -->\n\n\n\n<p class=\"wp-block-paragraph\">Jos harkitset matkaa Pohjois-Portugaliin, valmistaudu aivan toisenlaiseen maailmaan kuin aurinkoinen etel\u00e4. <strong>Pohjoinen on ylpe\u00e4, graniittinen ja uskomattoman autenttinen<\/strong>. Braga, Portugali, jota kutsutaan usein Portugalin Roomaksi, on yksi niist\u00e4 paikoista, jotka imaisevat sinut heti mukaansa historiaansa mutta yll\u00e4tt\u00e4v\u00e4t samalla nuorekkaalla energiallaan. <strong>Kaupunki on nimitt\u00e4in t\u00e4ynn\u00e4 paikallisen yliopiston opiskelijoita<\/strong>, joten historialliset barokkikirkot rajautuvat luontevasti vilkkaisiin kahviloihin ja baareihin. L\u00e4hde tutkimaan kaupunkia, jossa syv\u00e4 hengellisyys yhdistyy rentoon opiskelijael\u00e4m\u00e4\u00e4n ja jossa t\u00f6rm\u00e4\u00e4t joka askeleella henke\u00e4salpaavaan arkkitehtuuriin.<\/p>\n\n\n\n<figure data-wp-context=\"{&quot;imageId&quot;:&quot;6a967947bc883&quot;}\" data-wp-interactive=\"core\/image\" data-wp-key=\"6a967947bc883\" class=\"wp-block-image size-full wp-lightbox-container\"><img decoding=\"async\" width=\"1501\" height=\"2048\" data-wp-class--hide=\"state.isContentHidden\" data-wp-class--show=\"state.isContentVisible\" data-wp-init=\"callbacks.setButtonStyles\" data-wp-on--click=\"actions.showLightbox\" data-wp-on--load=\"callbacks.setButtonStyles\" data-wp-on--pointerdown=\"actions.preloadImage\" data-wp-on--pointerenter=\"actions.preloadImageWithDelay\" data-wp-on--pointerleave=\"actions.cancelPreload\" data-wp-on-window--resize=\"callbacks.setButtonStyles\" src=\"https:\/\/loudavymkrokem.cz\/wp-content\/uploads\/2026\/05\/braga-portugal-hero-scaled.jpg\" alt=\"Braga Portugali\" class=\"wp-image-181973\" title=\"\" srcset=\"https:\/\/loudavymkrokem.cz\/wp-content\/uploads\/2026\/05\/braga-portugal-hero-scaled.jpg 1501w, https:\/\/loudavymkrokem.cz\/wp-content\/uploads\/2026\/05\/braga-portugal-hero-220x300.jpg 220w, https:\/\/loudavymkrokem.cz\/wp-content\/uploads\/2026\/05\/braga-portugal-hero-700x955.jpg 700w, https:\/\/loudavymkrokem.cz\/wp-content\/uploads\/2026\/05\/braga-portugal-hero-768x1048.jpg 768w, https:\/\/loudavymkrokem.cz\/wp-content\/uploads\/2026\/05\/braga-portugal-hero-1126x1536.jpg 1126w, https:\/\/loudavymkrokem.cz\/wp-content\/uploads\/2026\/05\/braga-portugal-hero-696x950.jpg 696w, https:\/\/loudavymkrokem.cz\/wp-content\/uploads\/2026\/05\/braga-portugal-hero-1392x1900.jpg 1392w\" sizes=\"(max-width: 1501px) 100vw, 1501px\" \/><button\n\t\t\tclass=\"lightbox-trigger\"\n\t\t\ttype=\"button\"\n\t\t\taria-haspopup=\"dialog\"\n\t\t\tdata-wp-bind--aria-label=\"state.thisImage.triggerButtonAriaLabel\"\n\t\t\tdata-wp-init=\"callbacks.initTriggerButton\"\n\t\t\tdata-wp-on--click=\"actions.showLightbox\"\n\t\t\tdata-wp-style--right=\"state.thisImage.buttonRight\"\n\t\t\tdata-wp-style--top=\"state.thisImage.buttonTop\"\n\t\t>\n\t\t\t<svg xmlns=\"http:\/\/www.w3.org\/2000\/svg\" width=\"12\" height=\"12\" fill=\"none\" viewBox=\"0 0 12 12\">\n\t\t\t\t<path fill=\"#fff\" d=\"M2 0a2 2 0 0 0-2 2v2h1.5V2a.5.5 0 0 1 .5-.5h2V0H2Zm2 10.5H2a.5.5 0 0 1-.5-.5V8H0v2a2 2 0 0 0 2 2h2v-1.5ZM8 12v-1.5h2a.5.5 0 0 0 .5-.5V8H12v2a2 2 0 0 1-2 2H8Zm2-12a2 2 0 0 1 2 2v2h-1.5V2a.5.5 0 0 0-.5-.5H8V0h2Z\" \/>\n\t\t\t<\/svg>\n\t\t<\/button><figcaption class=\"wp-element-caption\">Kuva: Gerd Eichmann \/ Wikimedia Commons, CC BY-SA 4.0<\/figcaption><\/figure>\n\n\n\n<div id=\"ez-toc-container\" class=\"ez-toc-v2_0_86 ez-toc-wrap-left counter-hierarchy ez-toc-counter ez-toc-grey ez-toc-container-direction\">\n<div class=\"ez-toc-title-container\">\n<p class=\"ez-toc-title\" style=\"cursor:inherit\">Artikkelin sis\u00e4lt\u00f6<\/p>\n<span class=\"ez-toc-title-toggle\"><a href=\"#\" class=\"ez-toc-pull-right ez-toc-btn ez-toc-btn-xs ez-toc-btn-default ez-toc-toggle\" aria-label=\"Toggle Table of Content\"><span class=\"ez-toc-js-icon-con\"><span class=\"\"><span class=\"eztoc-hide\" style=\"display:none;\">Toggle<\/span><span class=\"ez-toc-icon-toggle-span\"><svg style=\"fill: #999;color:#999\" xmlns=\"http:\/\/www.w3.org\/2000\/svg\" class=\"list-377408\" width=\"20px\" height=\"20px\" viewBox=\"0 0 24 24\" fill=\"none\"><path d=\"M6 6H4v2h2V6zm14 0H8v2h12V6zM4 11h2v2H4v-2zm16 0H8v2h12v-2zM4 16h2v2H4v-2zm16 0H8v2h12v-2z\" fill=\"currentColor\"><\/path><\/svg><svg style=\"fill: #999;color:#999\" class=\"arrow-unsorted-368013\" xmlns=\"http:\/\/www.w3.org\/2000\/svg\" width=\"10px\" height=\"10px\" viewBox=\"0 0 24 24\" version=\"1.2\" baseProfile=\"tiny\"><path d=\"M18.2 9.3l-6.2-6.3-6.2 6.3c-.2.2-.3.4-.3.7s.1.5.3.7c.2.2.4.3.7.3h11c.3 0 .5-.1.7-.3.2-.2.3-.5.3-.7s-.1-.5-.3-.7zM5.8 14.7l6.2 6.3 6.2-6.3c.2-.2.3-.5.3-.7s-.1-.5-.3-.7c-.2-.2-.4-.3-.7-.3h-11c-.3 0-.5.1-.7.3-.2.2-.3.5-.3.7s.1.5.3.7z\"\/><\/svg><\/span><\/span><\/span><\/a><\/span><\/div>\n<nav><ul class='ez-toc-list ez-toc-list-level-1 ' ><ul class='ez-toc-list-level-3' ><li class='ez-toc-heading-level-3'><a class=\"ez-toc-link ez-toc-heading-1\" href=\"https:\/\/loudavymkrokem.cz\/fi\/braga-portugali-nahtavyydet\/#Yhteenveto\" >Yhteenveto<\/a><\/li><\/ul><\/li><li class='ez-toc-page-1 ez-toc-heading-level-2'><a class=\"ez-toc-link ez-toc-heading-2\" href=\"https:\/\/loudavymkrokem.cz\/fi\/braga-portugali-nahtavyydet\/#Milloin_lahtea_Bragaan\" >Milloin l\u00e4hte\u00e4 Bragaan<\/a><\/li><li class='ez-toc-page-1 ez-toc-heading-level-2'><a class=\"ez-toc-link ez-toc-heading-3\" href=\"https:\/\/loudavymkrokem.cz\/fi\/braga-portugali-nahtavyydet\/#Missa_yopya_Bragassa\" >Miss\u00e4 y\u00f6py\u00e4 Bragassa<\/a><\/li><li class='ez-toc-page-1 ez-toc-heading-level-2'><a class=\"ez-toc-link ez-toc-heading-4\" href=\"https:\/\/loudavymkrokem.cz\/fi\/braga-portugali-nahtavyydet\/#14_vinkkia_mita_nahda_ja_tehda_Bragassa\" >14 vinkki\u00e4, mit\u00e4 n\u00e4hd\u00e4 ja tehd\u00e4 Bragassa<\/a><ul class='ez-toc-list-level-3' ><li class='ez-toc-heading-level-3'><a class=\"ez-toc-link ez-toc-heading-5\" href=\"https:\/\/loudavymkrokem.cz\/fi\/braga-portugali-nahtavyydet\/#1_Bom_Jesus_do_Monte_ja_sen_barokkiportaat\" >1. Bom Jesus do Monte ja sen barokkiportaat<\/a><\/li><li class='ez-toc-page-1 ez-toc-heading-level-3'><a class=\"ez-toc-link ez-toc-heading-6\" href=\"https:\/\/loudavymkrokem.cz\/fi\/braga-portugali-nahtavyydet\/#2_Ainutlaatuinen_vesikayttoinen_koysirata\" >2. Ainutlaatuinen vesik\u00e4ytt\u00f6inen k\u00f6ysirata<\/a><\/li><li class='ez-toc-page-1 ez-toc-heading-level-3'><a class=\"ez-toc-link ez-toc-heading-7\" href=\"https:\/\/loudavymkrokem.cz\/fi\/braga-portugali-nahtavyydet\/#3_Katedraali_Se_%E2%80%93_Portugalin_vanhin\" >3. Katedraali S\u00e9 \u2013 Portugalin vanhin<\/a><\/li><li class='ez-toc-page-1 ez-toc-heading-level-3'><a class=\"ez-toc-link ez-toc-heading-8\" href=\"https:\/\/loudavymkrokem.cz\/fi\/braga-portugali-nahtavyydet\/#4_Historiallinen_keskusta_ja_Arco_da_Porta_Nova\" >4. Historiallinen keskusta ja Arco da Porta Nova<\/a><\/li><li class='ez-toc-page-1 ez-toc-heading-level-3'><a class=\"ez-toc-link ez-toc-heading-9\" href=\"https:\/\/loudavymkrokem.cz\/fi\/braga-portugali-nahtavyydet\/#5_Santuario_do_Sameiro_ja_jumalaiset_nakymat\" >5. Santu\u00e1rio do Sameiro ja jumalaiset n\u00e4kym\u00e4t<\/a><\/li><li class='ez-toc-page-1 ez-toc-heading-level-3'><a class=\"ez-toc-link ez-toc-heading-10\" href=\"https:\/\/loudavymkrokem.cz\/fi\/braga-portugali-nahtavyydet\/#6_Kahvilat_ja_sykkiva_opiskelijaelama\" >6. Kahvilat ja sykkiv\u00e4 opiskelijael\u00e4m\u00e4<\/a><\/li><li class='ez-toc-page-1 ez-toc-heading-level-3'><a class=\"ez-toc-link ez-toc-heading-11\" href=\"https:\/\/loudavymkrokem.cz\/fi\/braga-portugali-nahtavyydet\/#7_Jardim_de_Santa_Barbara_ja_keskiaikaiset_rauniot\" >7. Jardim de Santa B\u00e1rbara ja keskiaikaiset rauniot<\/a><\/li><li class='ez-toc-page-1 ez-toc-heading-level-3'><a class=\"ez-toc-link ez-toc-heading-12\" href=\"https:\/\/loudavymkrokem.cz\/fi\/braga-portugali-nahtavyydet\/#8_Palacio_do_Raio_ja_siniset_azulejot\" >8. Pal\u00e1cio do Raio ja siniset azulejot<\/a><\/li><li class='ez-toc-page-1 ez-toc-heading-level-3'><a class=\"ez-toc-link ez-toc-heading-13\" href=\"https:\/\/loudavymkrokem.cz\/fi\/braga-portugali-nahtavyydet\/#9_Paasiaiskulkueet_Semana_Santa\" >9. P\u00e4\u00e4si\u00e4iskulkueet (Semana Santa)<\/a><\/li><li class='ez-toc-page-1 ez-toc-heading-level-3'><a class=\"ez-toc-link ez-toc-heading-14\" href=\"https:\/\/loudavymkrokem.cz\/fi\/braga-portugali-nahtavyydet\/#10_Museu_dos_Biscainhos_ja_aateliston_elama\" >10. Museu dos Biscainhos ja aateliston el\u00e4m\u00e4<\/a><\/li><li class='ez-toc-page-1 ez-toc-heading-level-3'><a class=\"ez-toc-link ez-toc-heading-15\" href=\"https:\/\/loudavymkrokem.cz\/fi\/braga-portugali-nahtavyydet\/#11_Capela_de_Sao_Frutuoso_%E2%80%93_piilotettu_helmi\" >11. Capela de S\u00e3o Frutuoso \u2013 piilotettu helmi<\/a><\/li><li class='ez-toc-page-1 ez-toc-heading-level-3'><a class=\"ez-toc-link ez-toc-heading-16\" href=\"https:\/\/loudavymkrokem.cz\/fi\/braga-portugali-nahtavyydet\/#12_Maista_makeaa_Bragaa_ja_mahtavaa_kahvia\" >12. Maista makeaa Bragaa ja mahtavaa kahvia<\/a><\/li><li class='ez-toc-page-1 ez-toc-heading-level-3'><a class=\"ez-toc-link ez-toc-heading-17\" href=\"https:\/\/loudavymkrokem.cz\/fi\/braga-portugali-nahtavyydet\/#13_Retki_Guimaraesiin_paikkaan_jossa_Portugali_syntyi\" >13. Retki Guimar\u00e3esiin: paikkaan, jossa Portugali syntyi<\/a><\/li><li class='ez-toc-page-1 ez-toc-heading-level-3'><a class=\"ez-toc-link ez-toc-heading-18\" href=\"https:\/\/loudavymkrokem.cz\/fi\/braga-portugali-nahtavyydet\/#14_Retki_Portoon_ja_viinin_aarelle_Douron_laaksoon\" >14. Retki Portoon ja viinin \u00e4\u00e4relle Douron laaksoon<\/a><\/li><\/ul><\/li><li class='ez-toc-page-1 ez-toc-heading-level-2'><a class=\"ez-toc-link ez-toc-heading-19\" href=\"https:\/\/loudavymkrokem.cz\/fi\/braga-portugali-nahtavyydet\/#Minne_matkaa_Bragasta\" >Minne matkaa Bragasta<\/a><\/li><li class='ez-toc-page-1 ez-toc-heading-level-2'><a class=\"ez-toc-link ez-toc-heading-20\" href=\"https:\/\/loudavymkrokem.cz\/fi\/braga-portugali-nahtavyydet\/#Usein_kysytyt_kysymykset\" >Usein kysytyt kysymykset<\/a><ul class='ez-toc-list-level-3' ><li class='ez-toc-heading-level-3'><a class=\"ez-toc-link ez-toc-heading-21\" href=\"https:\/\/loudavymkrokem.cz\/fi\/braga-portugali-nahtavyydet\/#Miten_paasen_Portosta_Bragaan\" >Miten p\u00e4\u00e4sen Portosta Bragaan?<\/a><\/li><li class='ez-toc-page-1 ez-toc-heading-level-3'><a class=\"ez-toc-link ez-toc-heading-22\" href=\"https:\/\/loudavymkrokem.cz\/fi\/braga-portugali-nahtavyydet\/#Kuinka_monta_paivaa_tarvitsen_Bragan_kiertelyyn\" >Kuinka monta p\u00e4iv\u00e4\u00e4 tarvitsen Bragan kiertelyyn?<\/a><\/li><li class='ez-toc-page-1 ez-toc-heading-level-3'><a class=\"ez-toc-link ez-toc-heading-23\" href=\"https:\/\/loudavymkrokem.cz\/fi\/braga-portugali-nahtavyydet\/#Onko_keskusta_makista\" >Onko keskusta m\u00e4kist\u00e4?<\/a><\/li><li class='ez-toc-page-1 ez-toc-heading-level-3'><a class=\"ez-toc-link ez-toc-heading-24\" href=\"https:\/\/loudavymkrokem.cz\/fi\/braga-portugali-nahtavyydet\/#Toimivatko_Uber_ja_Bolt_Bragassa\" >Toimivatko Uber ja Bolt Bragassa?<\/a><\/li><li class='ez-toc-page-1 ez-toc-heading-level-3'><a class=\"ez-toc-link ez-toc-heading-25\" href=\"https:\/\/loudavymkrokem.cz\/fi\/braga-portugali-nahtavyydet\/#Peritaanko_Bragassa_matkailuvero\" >Perit\u00e4\u00e4nk\u00f6 Bragassa matkailuvero?<\/a><\/li><li class='ez-toc-page-1 ez-toc-heading-level-3'><a class=\"ez-toc-link ez-toc-heading-26\" href=\"https:\/\/loudavymkrokem.cz\/fi\/braga-portugali-nahtavyydet\/#Onko_koysirata_Bom_Jesukselle_kaytossa_ympari_vuoden\" >Onko k\u00f6ysirata Bom Jesukselle k\u00e4yt\u00f6ss\u00e4 ymp\u00e4ri vuoden?<\/a><\/li><li class='ez-toc-page-1 ez-toc-heading-level-3'><a class=\"ez-toc-link ez-toc-heading-27\" href=\"https:\/\/loudavymkrokem.cz\/fi\/braga-portugali-nahtavyydet\/#Missa_on_parasta_pysakoida_vuokra-auto\" >Miss\u00e4 on parasta pys\u00e4k\u00f6id\u00e4 vuokra-auto?<\/a><\/li><\/ul><\/li><\/ul><\/nav><\/div>\n<h3 class=\"wp-block-heading\"><span class=\"ez-toc-section\" id=\"Yhteenveto\"><\/span>Yhteenveto<span class=\"ez-toc-section-end\"><\/span><\/h3>\n\n\n\n<ul class=\"wp-block-list\">\n<li>  <strong>Portugalin Rooma:<\/strong> Braga on koko maan uskonnollinen keskus, ja t\u00e4\u00e4lt\u00e4 l\u00f6yd\u00e4t kymmeni\u00e4 upeita kirkkoja Portugalin vanhimman katedraalin johdolla.<\/li>\n<li>  <strong>Bom Jesus do Monte:<\/strong> T\u00e4t\u00e4 ikonista pyhiinvaelluspaikkaa barokkiportaineen ja ainutlaatuisine vesik\u00e4ytt\u00f6isine k\u00f6ysiratoineen ei kannata missata.<\/li>\n<li>  <strong>Nuorta verta:<\/strong> Yliopiston ansiosta kaupunki on t\u00e4ynn\u00e4 el\u00e4m\u00e4\u00e4 ja mahtavia kahviloita, ja illalla kadut todella her\u00e4\u00e4v\u00e4t henkiin.<\/li>\n<li>  <strong>Varo s\u00e4\u00e4t\u00e4:<\/strong> Pohjois-Portugalissa sataa paljon, joten <strong>laadukas sadetakki ja tukevat keng\u00e4t ovat ehdoton pakko<\/strong>.<\/li>\n<li>  <strong>Ihanteellinen tukikohta:<\/strong> Braga toimii t\u00e4ydellisen\u00e4 l\u00e4ht\u00f6pisteen\u00e4 retkille Guimar\u00e3esiin tai Douron jokilaaksoon.<\/li>\n<li>  <strong>Liikkuminen:<\/strong> Portosta p\u00e4\u00e4set t\u00e4nne <strong>hyvin helposti ja edullisesti l\u00e4hijunalla noin tunnissa<\/strong>.<\/li>\n<\/ul>\n\n\n\n<!-- lk-navbar -->\n<div class=\"lk-navbar\" style=\"margin:0 0 28px;\"><div style=\"font-size:12px;text-transform:uppercase;letter-spacing:.06em;color:#a9885a;font-weight:700;margin-bottom:9px;\">Pikalinkit<\/div><div style=\"display:flex;flex-wrap:wrap;gap:9px;\"><a href=\"#Missa_yopya_Bragassa\" style=\"background:#c39f76;color:#fff;border:1px solid #c39f76;padding:9px 15px;border-radius:22px;font-size:14px;font-weight:700;text-decoration:none;display:inline-block;line-height:1;\">\ud83d\udccd Miss\u00e4 y\u00f6py\u00e4<\/a><a href=\"#14_vinkkia_mita_nahda_ja_tehda_Bragassa\" style=\"background:#c39f76;color:#fff;border:1px solid #c39f76;padding:9px 15px;border-radius:22px;font-size:14px;font-weight:700;text-decoration:none;display:inline-block;line-height:1;\">\u2b50 Mit\u00e4 n\u00e4hd\u00e4<\/a><a href=\"#Milloin_lahtea_Bragaan\" style=\"background:#fff;color:#6b5a44;border:1px solid #e2d6c1;padding:9px 15px;border-radius:22px;font-size:14px;font-weight:600;text-decoration:none;display:inline-block;line-height:1;\">\u2600\ufe0f Milloin menn\u00e4<\/a><a href=\"#Usein_kysytyt_kysymykset\" style=\"background:#fff;color:#6b5a44;border:1px solid #e2d6c1;padding:9px 15px;border-radius:22px;font-size:14px;font-weight:600;text-decoration:none;display:inline-block;line-height:1;\">\u2753 UKK<\/a><\/div><\/div>\n<!-- \/lk-navbar -->\n\n\n\n<h2 class=\"wp-block-heading\"><span class=\"ez-toc-section\" id=\"Milloin_lahtea_Bragaan\"><\/span>Milloin l\u00e4hte\u00e4 Bragaan<span class=\"ez-toc-section-end\"><\/span><\/h2>\n\n\n\n<p class=\"wp-block-paragraph\">T\u00e4m\u00e4 on ehdottoman keskeinen kysymys, joka sinun kannattaa esitt\u00e4\u00e4 ennen lentolippujen ostoa. <strong>Pohjois-Portugali on alttiina Atlantille ja t\u00e4\u00e4ll\u00e4 sataa paljon enemm\u00e4n<\/strong> kuin Lissabonissa tai Algarvessa. Bragaa ymp\u00e4r\u00f6iv\u00e4t vihre\u00e4t kukkulat eiv\u00e4t ole vihreit\u00e4 sattumalta. Marraskuusta maaliskuuhun t\u00e4nne vaeltavat matalapaineet valtamerelt\u00e4 ja <strong>voi hyvin sataa jopa viikon putkeen<\/strong>. Talvi on t\u00e4\u00e4ll\u00e4 kostea ja kolea, eik\u00e4 sateenvarjoa vailla p\u00e4rj\u00e4\u00e4 mitenk\u00e4\u00e4n, ja l\u00e4mp\u00f6tilat py\u00f6riv\u00e4t vain 13\u201315 asteen tienoilla.<\/p>\n\n\n\n<p class=\"wp-block-paragraph\">Sen sijaan <strong>kes\u00e4kuusta elokuuhun sinua odottaa mahtava kes\u00e4s\u00e4\u00e4<\/strong>, jolloin p\u00e4iv\u00e4t ovat aurinkoisia ja mukavan l\u00e4mpimi\u00e4. Aamut voivat olla hieman sumuisia, mutta iltap\u00e4iv\u00e4ll\u00e4 l\u00e4mp\u00f6tila kohoaa 25 asteeseen. Jos haluat tutkia kaupunkia ilman v\u00e4entungosta ja miellytt\u00e4viss\u00e4 l\u00e4mp\u00f6tiloissa, <strong>ihanteellinen valinta on syys- ja lokakuu<\/strong>. Syyskuu sopii t\u00e4ydellisesti k\u00e4velyihin ja retkiin l\u00e4hialueille, kun taas lokakuussa t\u00e4ytyy jo varautua suurempaan sateen todenn\u00e4k\u00f6isyyteen. Kev\u00e4t (maalis\u2013toukokuu) on hyvin vaihtelevainen ja t\u00e4ynn\u00e4 sadekuuroja, mutta luonto her\u00e4\u00e4 kauniisti ja n\u00e4ht\u00e4vyyksien kiertelyyn se on ihanteellista aikaa.<\/p>\n\n\n\n<h2 class=\"wp-block-heading\"><span class=\"ez-toc-section\" id=\"Missa_yopya_Bragassa\"><\/span>Miss\u00e4 y\u00f6py\u00e4 Bragassa<span class=\"ez-toc-section-end\"><\/span><\/h2>\n\n\n\n<p class=\"wp-block-paragraph\"><em>\ud83d\udca1 Vinkki majoitukseen ja el\u00e4myksiin: Etsimme majoituksen mieluiten <a class=\"thirstylink\" rel=\"nofollow\" target=\"_blank\" title=\"Booking.com\" href=\"https:\/\/loudavymkrokem.cz\/doporucujeme\/booking-com\/\" data-shortcode=\"true\">Booking.comista<\/a>, jossa on yleens\u00e4 parhaat peruutusehdot. Liput, retket ja aktiviteetit kannattaa vertailla <a class=\"thirstylink\" rel=\"nofollow\" target=\"_blank\" title=\"GetYourGuide\" href=\"https:\/\/loudavymkrokem.cz\/doporucujeme\/getyourguide\/\" data-shortcode=\"true\">GetYourGuiden<\/a> kautta.<\/em><\/p>\n\n\n\n<p class=\"wp-block-paragraph\">Majoitusta etsiess\u00e4si t\u00f6rm\u00e4\u00e4t samankaltaisiin s\u00e4\u00e4nt\u00f6ihin kuin l\u00e4heisess\u00e4 Portossa, sill\u00e4 <strong>koko alue pyrkii s\u00e4\u00e4ntelem\u00e4\u00e4n lyhytaikaisia vuokrauksia<\/strong>. Yksityisten huoneistojen tarjonta keskustassa v\u00e4henee, joten matkailijat siirtyv\u00e4t yh\u00e4 enemm\u00e4n perinteisiin hotelleihin tai pensionaatteihin. <strong>Varaudu kaupungin turistiveroon<\/strong>, jonka hotellit periv\u00e4t paikan p\u00e4\u00e4ll\u00e4 sis\u00e4\u00e4nkirjautumisen yhteydess\u00e4 (yleens\u00e4 muutama euro henkil\u00f6\u00e4 ja y\u00f6t\u00e4 kohti). Paras kaupunginosa majoittumiseen on ehdottomasti historiallinen keskusta (Centro Hist\u00f3rico), josta p\u00e4\u00e4set kaikkiin t\u00e4rkeimpiin n\u00e4ht\u00e4vyyksiin k\u00e4vellen ja jonka l\u00e4hell\u00e4 ovat parhaat ravintolat.<\/p>\n\n\n\n<p class=\"wp-block-paragraph\">Jos arvostat rauhaa etk\u00e4 pahastu lyhyest\u00e4 bussimatkasta, <strong>Bom Jesus do Monten l\u00e4hell\u00e4 sijaitseva Ten\u00f5esin kaupunginosa tarjoaa upeat n\u00e4kym\u00e4t<\/strong> ja pakopaikan kaupungin h\u00e4lin\u00e4st\u00e4. Majoituksen varaamiseen meille on pitk\u00e4\u00e4n toiminut parhaiten Booking.com-portaali. <strong>Erinomaisesti arvosteltuihin hotelleihin suoraan keskustassa kuuluu esimerkiksi Vila Gal\u00e9 Collection Braga<\/strong>, joka sijaitsee historiallisessa rakennuksessa ja huokuu ihanaa tunnelmaa. Jos etsit jotain modernimpaa, mainio valinta on hotelli Melia Braga upeine wellness-keskuksineen tai suosittu boutique-hotelli Bracara Augusta.<\/p>\n\n\n<!-- UBYTOVANI:BRAGA -->\n\n\n<h2 class=\"wp-block-heading\"><span class=\"ez-toc-section\" id=\"14_vinkkia_mita_nahda_ja_tehda_Bragassa\"><\/span>14 vinkki\u00e4, mit\u00e4 n\u00e4hd\u00e4 ja tehd\u00e4 Bragassa<span class=\"ez-toc-section-end\"><\/span><\/h2>\n\n\n\n<p class=\"wp-block-paragraph\">Katsotaan yhdess\u00e4, mit\u00e4 parasta t\u00e4ll\u00e4 lumoavalla pohjoisen kaupungilla on tarjota. <strong>Braga on hyvin kompakti ja keskustan kiertelet helposti jalan<\/strong>, mutta joillekin kukkuloilla sijaitseville n\u00e4ht\u00e4vyyksille joudut k\u00e4ytt\u00e4m\u00e4\u00e4n paikallisliikennett\u00e4. Ota mukavat keng\u00e4t mukaan, sill\u00e4 perinteinen portugalilainen kiveys (cal\u00e7ada) voi olla todella liukas sateen j\u00e4lkeen.<\/p>\n\n\n\n<h3 class=\"wp-block-heading\"><span class=\"ez-toc-section\" id=\"1_Bom_Jesus_do_Monte_ja_sen_barokkiportaat\"><\/span>1. Bom Jesus do Monte ja sen barokkiportaat<span class=\"ez-toc-section-end\"><\/span><\/h3>\n\n\n\n<figure data-wp-context=\"{&quot;imageId&quot;:&quot;6a967947bd1f5&quot;}\" data-wp-interactive=\"core\/image\" data-wp-key=\"6a967947bd1f5\" class=\"wp-block-image size-full wp-lightbox-container\"><img decoding=\"async\" width=\"1750\" height=\"2048\" data-wp-class--hide=\"state.isContentHidden\" data-wp-class--show=\"state.isContentVisible\" data-wp-init=\"callbacks.setButtonStyles\" data-wp-on--click=\"actions.showLightbox\" data-wp-on--load=\"callbacks.setButtonStyles\" data-wp-on--pointerdown=\"actions.preloadImage\" data-wp-on--pointerenter=\"actions.preloadImageWithDelay\" data-wp-on--pointerleave=\"actions.cancelPreload\" data-wp-on-window--resize=\"callbacks.setButtonStyles\" src=\"https:\/\/loudavymkrokem.cz\/wp-content\/uploads\/2026\/05\/braga-portugal-1.jpg\" alt=\"Bom Jesus do Monte ja sen barokkiportaat\" class=\"wp-image-181978\" title=\"\" srcset=\"https:\/\/loudavymkrokem.cz\/wp-content\/uploads\/2026\/05\/braga-portugal-1.jpg 1750w, https:\/\/loudavymkrokem.cz\/wp-content\/uploads\/2026\/05\/braga-portugal-1-256x300.jpg 256w, https:\/\/loudavymkrokem.cz\/wp-content\/uploads\/2026\/05\/braga-portugal-1-700x819.jpg 700w, https:\/\/loudavymkrokem.cz\/wp-content\/uploads\/2026\/05\/braga-portugal-1-768x899.jpg 768w, https:\/\/loudavymkrokem.cz\/wp-content\/uploads\/2026\/05\/braga-portugal-1-1312x1536.jpg 1312w, https:\/\/loudavymkrokem.cz\/wp-content\/uploads\/2026\/05\/braga-portugal-1-696x815.jpg 696w, https:\/\/loudavymkrokem.cz\/wp-content\/uploads\/2026\/05\/braga-portugal-1-1392x1629.jpg 1392w\" sizes=\"(max-width: 1750px) 100vw, 1750px\" \/><button\n\t\t\tclass=\"lightbox-trigger\"\n\t\t\ttype=\"button\"\n\t\t\taria-haspopup=\"dialog\"\n\t\t\tdata-wp-bind--aria-label=\"state.thisImage.triggerButtonAriaLabel\"\n\t\t\tdata-wp-init=\"callbacks.initTriggerButton\"\n\t\t\tdata-wp-on--click=\"actions.showLightbox\"\n\t\t\tdata-wp-style--right=\"state.thisImage.buttonRight\"\n\t\t\tdata-wp-style--top=\"state.thisImage.buttonTop\"\n\t\t>\n\t\t\t<svg xmlns=\"http:\/\/www.w3.org\/2000\/svg\" width=\"12\" height=\"12\" fill=\"none\" viewBox=\"0 0 12 12\">\n\t\t\t\t<path fill=\"#fff\" d=\"M2 0a2 2 0 0 0-2 2v2h1.5V2a.5.5 0 0 1 .5-.5h2V0H2Zm2 10.5H2a.5.5 0 0 1-.5-.5V8H0v2a2 2 0 0 0 2 2h2v-1.5ZM8 12v-1.5h2a.5.5 0 0 0 .5-.5V8H12v2a2 2 0 0 1-2 2H8Zm2-12a2 2 0 0 1 2 2v2h-1.5V2a.5.5 0 0 0-.5-.5H8V0h2Z\" \/>\n\t\t\t<\/svg>\n\t\t<\/button><figcaption class=\"wp-element-caption\">Kuva: Gerd Eichmann \/ Wikimedia Commons, CC BY-SA 4.0<\/figcaption><\/figure>\n\n\n\n<p class=\"wp-block-paragraph\">T\u00e4m\u00e4 Unescon maailmanperint\u00f6luetteloon merkitty pyhiinvaelluspaikka on <strong>Bragan ehdoton symboli ja t\u00e4rkein syy, miksi ihmiset tulevat t\u00e4nne<\/strong>. Se sijaitsee kukkulalla kaupungin yl\u00e4puolella ja vangitsee sinut monumentaalisuudellaan jo kaukaa. Barokkibasilikalle johtaa uskomaton porras ristintiet\u00e4 pitkin, joka <strong>luo alhaalta katsottuna kiehtovan optisen illuusion<\/strong> ja n\u00e4ytt\u00e4\u00e4 kuvissa aivan upealta.<\/p>\n\n\n\n<p class=\"wp-block-paragraph\">Portaikko on jaettu useaan osaan, ja <strong>jokainen terassi symboloi yht\u00e4 ihmisen aisteista ja hyveist\u00e4<\/strong>. T\u00e4\u00e4lt\u00e4 l\u00f6yd\u00e4t upeita suihkul\u00e4hteit\u00e4, patsaita ja huolella hoidettuja puutarhoja. Nousu yl\u00f6s on melko rankka fyysisesti, mutta n\u00e4kym\u00e4t koko Bragaan ovat ehdottomasti sen vaivan arvoisia.<\/p>\n\n\n\n<p class=\"wp-block-paragraph\">\ud83d\udca1 Vinkki: <strong>Tule t\u00e4nne heti aikaisin aamulla tai p\u00e4invastoin juuri ennen auringonlaskua<\/strong>. N\u00e4in v\u00e4lt\u00e4t pahimmat turistiruuhkat ja saat parhaan valon valokuviisi.<\/p>\n\n\n\n<h3 class=\"wp-block-heading\"><span class=\"ez-toc-section\" id=\"2_Ainutlaatuinen_vesikayttoinen_koysirata\"><\/span>2. Ainutlaatuinen vesik\u00e4ytt\u00f6inen k\u00f6ysirata<span class=\"ez-toc-section-end\"><\/span><\/h3>\n\n\n\n<p class=\"wp-block-paragraph\">Jos et jaksa k\u00e4vell\u00e4 satoja portaita Bom Jesusille omin voimin, <strong>k\u00e4yt\u00e4 paikallista tekniikan ihmett\u00e4 vuodelta 1882<\/strong>. T\u00e4m\u00e4 historiallinen k\u00f6ysirata (Elevador do Bom Jesus) on maailman vanhin toimiva vesik\u00e4ytt\u00f6inen k\u00f6ysirata. Matka puuvaunussa on valtava el\u00e4mys, ja lis\u00e4ksi se vie sinut yl\u00f6s vain kolmessa minuutissa.<\/p>\n\n\n\n<p class=\"wp-block-paragraph\">J\u00e4rjestelm\u00e4 toimii t\u00e4ysin nerokkaalla vastapainoperiaatteella. <strong>Ylh\u00e4\u00e4ll\u00e4 olevan vaunun s\u00e4ili\u00f6 t\u00e4ytet\u00e4\u00e4n vedell\u00e4, vaunu k\u00e4y raskaaksi ja vet\u00e4\u00e4 painollaan luonnostaan alhaalla olevan tyhjennetyn vaunun yl\u00f6s<\/strong>. Alhaalla vesi lasketaan taas yl\u00e4vaunusta ulos, ja koko prosessi toistuu. Lippu maksaa vain muutaman euron, ja se on el\u00e4mys, jota ei kannata j\u00e4tt\u00e4\u00e4 v\u00e4liin.<\/p>\n\n\n\n<h3 class=\"wp-block-heading\"><span class=\"ez-toc-section\" id=\"3_Katedraali_Se_%E2%80%93_Portugalin_vanhin\"><\/span>3. Katedraali S\u00e9 \u2013 Portugalin vanhin<span class=\"ez-toc-section-end\"><\/span><\/h3>\n\n\n\n<figure data-wp-context=\"{&quot;imageId&quot;:&quot;6a967947bd940&quot;}\" data-wp-interactive=\"core\/image\" data-wp-key=\"6a967947bd940\" class=\"wp-block-image size-full wp-lightbox-container\"><img decoding=\"async\" width=\"1366\" height=\"2048\" data-wp-class--hide=\"state.isContentHidden\" data-wp-class--show=\"state.isContentVisible\" data-wp-init=\"callbacks.setButtonStyles\" data-wp-on--click=\"actions.showLightbox\" data-wp-on--load=\"callbacks.setButtonStyles\" data-wp-on--pointerdown=\"actions.preloadImage\" data-wp-on--pointerenter=\"actions.preloadImageWithDelay\" data-wp-on--pointerleave=\"actions.cancelPreload\" data-wp-on-window--resize=\"callbacks.setButtonStyles\" src=\"https:\/\/loudavymkrokem.cz\/wp-content\/uploads\/2026\/05\/braga-portugal-3-scaled.jpg\" alt=\"Katedraali S\u00e9 \u2013 Portugalin vanhin\" class=\"wp-image-181984\" title=\"\" srcset=\"https:\/\/loudavymkrokem.cz\/wp-content\/uploads\/2026\/05\/braga-portugal-3-scaled.jpg 1366w, https:\/\/loudavymkrokem.cz\/wp-content\/uploads\/2026\/05\/braga-portugal-3-200x300.jpg 200w, https:\/\/loudavymkrokem.cz\/wp-content\/uploads\/2026\/05\/braga-portugal-3-700x1050.jpg 700w, https:\/\/loudavymkrokem.cz\/wp-content\/uploads\/2026\/05\/braga-portugal-3-768x1152.jpg 768w, https:\/\/loudavymkrokem.cz\/wp-content\/uploads\/2026\/05\/braga-portugal-3-1024x1536.jpg 1024w, https:\/\/loudavymkrokem.cz\/wp-content\/uploads\/2026\/05\/braga-portugal-3-1392x2088.jpg 1365w, https:\/\/loudavymkrokem.cz\/wp-content\/uploads\/2026\/05\/braga-portugal-3-696x1044.jpg 696w\" sizes=\"(max-width: 1366px) 100vw, 1366px\" \/><button\n\t\t\tclass=\"lightbox-trigger\"\n\t\t\ttype=\"button\"\n\t\t\taria-haspopup=\"dialog\"\n\t\t\tdata-wp-bind--aria-label=\"state.thisImage.triggerButtonAriaLabel\"\n\t\t\tdata-wp-init=\"callbacks.initTriggerButton\"\n\t\t\tdata-wp-on--click=\"actions.showLightbox\"\n\t\t\tdata-wp-style--right=\"state.thisImage.buttonRight\"\n\t\t\tdata-wp-style--top=\"state.thisImage.buttonTop\"\n\t\t>\n\t\t\t<svg xmlns=\"http:\/\/www.w3.org\/2000\/svg\" width=\"12\" height=\"12\" fill=\"none\" viewBox=\"0 0 12 12\">\n\t\t\t\t<path fill=\"#fff\" d=\"M2 0a2 2 0 0 0-2 2v2h1.5V2a.5.5 0 0 1 .5-.5h2V0H2Zm2 10.5H2a.5.5 0 0 1-.5-.5V8H0v2a2 2 0 0 0 2 2h2v-1.5ZM8 12v-1.5h2a.5.5 0 0 0 .5-.5V8H12v2a2 2 0 0 1-2 2H8Zm2-12a2 2 0 0 1 2 2v2h-1.5V2a.5.5 0 0 0-.5-.5H8V0h2Z\" \/>\n\t\t\t<\/svg>\n\t\t<\/button><figcaption class=\"wp-element-caption\">Kuva: John Samuel \/ Wikimedia Commons, CC BY-SA 4.0<\/figcaption><\/figure>\n\n\n\n<p class=\"wp-block-paragraph\">S\u00e9 do Braga -katedraali on <strong>koko maan vanhin katedraali, ja se on per\u00e4isin jo 1000-luvulta<\/strong>. Ulkoa se n\u00e4ytt\u00e4\u00e4 enemm\u00e4n valloittamattomalta linnoitukselta kuin perinteiselt\u00e4 kirkolta. Vuosisatojen aikana sit\u00e4 rakennettiin uudelleen monta kertaa, joten siit\u00e4 <strong>l\u00f6yd\u00e4t uskomattoman sekoituksen romaanista, goottilaista ja barokkityyli\u00e4<\/strong>.<\/p>\n\n\n\n<p class=\"wp-block-paragraph\">Suosittelen ehdottomasti maksamaan symbolisen p\u00e4\u00e4symaksun sis\u00e4tiloihin ja aarrekammioon. <strong>Sis\u00e4ll\u00e4 sinut h\u00e4mm\u00e4stytt\u00e4v\u00e4t majesteettiset barokkiurut<\/strong>, jotka on koristeltu upealla puuleikkauksella, sek\u00e4 kaunis kuori. Katedraaliin on haudattu my\u00f6s Portugalin ensimm\u00e4isen kuninkaan vanhemmat, mik\u00e4 vain todistaa t\u00e4m\u00e4n paikan valtavan historiallisen merkityksen.<\/p>\n\n\n\n<p class=\"wp-block-paragraph\">\ud83d\udca1 Vinkki: <strong>Muista kierroksella nostaa p\u00e4\u00e4si ja katsella upeasti koristeltuja kattoja<\/strong>, jotka moni vierailija kiireess\u00e4 sivuuttaa.<\/p>\n\n\n\n<h3 class=\"wp-block-heading\"><span class=\"ez-toc-section\" id=\"4_Historiallinen_keskusta_ja_Arco_da_Porta_Nova\"><\/span>4. Historiallinen keskusta ja Arco da Porta Nova<span class=\"ez-toc-section-end\"><\/span><\/h3>\n\n\n\n<figure data-wp-context=\"{&quot;imageId&quot;:&quot;6a967947be2aa&quot;}\" data-wp-interactive=\"core\/image\" data-wp-key=\"6a967947be2aa\" class=\"wp-block-image size-full wp-lightbox-container\"><img decoding=\"async\" width=\"1920\" height=\"1080\" data-wp-class--hide=\"state.isContentHidden\" data-wp-class--show=\"state.isContentVisible\" data-wp-init=\"callbacks.setButtonStyles\" data-wp-on--click=\"actions.showLightbox\" data-wp-on--load=\"callbacks.setButtonStyles\" data-wp-on--pointerdown=\"actions.preloadImage\" data-wp-on--pointerenter=\"actions.preloadImageWithDelay\" data-wp-on--pointerleave=\"actions.cancelPreload\" data-wp-on-window--resize=\"callbacks.setButtonStyles\" src=\"https:\/\/loudavymkrokem.cz\/wp-content\/uploads\/2026\/05\/braga-portugal-4.jpg\" alt=\"Historiallinen keskusta ja Arco da Porta Nova\" class=\"wp-image-181991\" title=\"\" srcset=\"https:\/\/loudavymkrokem.cz\/wp-content\/uploads\/2026\/05\/braga-portugal-4.jpg 1920w, https:\/\/loudavymkrokem.cz\/wp-content\/uploads\/2026\/05\/braga-portugal-4-300x169.jpg 300w, https:\/\/loudavymkrokem.cz\/wp-content\/uploads\/2026\/05\/braga-portugal-4-700x394.jpg 700w, https:\/\/loudavymkrokem.cz\/wp-content\/uploads\/2026\/05\/braga-portugal-4-768x432.jpg 768w, https:\/\/loudavymkrokem.cz\/wp-content\/uploads\/2026\/05\/braga-portugal-4-1536x864.jpg 1536w, https:\/\/loudavymkrokem.cz\/wp-content\/uploads\/2026\/05\/braga-portugal-4-696x392.jpg 696w, https:\/\/loudavymkrokem.cz\/wp-content\/uploads\/2026\/05\/braga-portugal-4-1392x783.jpg 1392w\" sizes=\"(max-width: 1920px) 100vw, 1920px\" \/><button\n\t\t\tclass=\"lightbox-trigger\"\n\t\t\ttype=\"button\"\n\t\t\taria-haspopup=\"dialog\"\n\t\t\tdata-wp-bind--aria-label=\"state.thisImage.triggerButtonAriaLabel\"\n\t\t\tdata-wp-init=\"callbacks.initTriggerButton\"\n\t\t\tdata-wp-on--click=\"actions.showLightbox\"\n\t\t\tdata-wp-style--right=\"state.thisImage.buttonRight\"\n\t\t\tdata-wp-style--top=\"state.thisImage.buttonTop\"\n\t\t>\n\t\t\t<svg xmlns=\"http:\/\/www.w3.org\/2000\/svg\" width=\"12\" height=\"12\" fill=\"none\" viewBox=\"0 0 12 12\">\n\t\t\t\t<path fill=\"#fff\" d=\"M2 0a2 2 0 0 0-2 2v2h1.5V2a.5.5 0 0 1 .5-.5h2V0H2Zm2 10.5H2a.5.5 0 0 1-.5-.5V8H0v2a2 2 0 0 0 2 2h2v-1.5ZM8 12v-1.5h2a.5.5 0 0 0 .5-.5V8H12v2a2 2 0 0 1-2 2H8Zm2-12a2 2 0 0 1 2 2v2h-1.5V2a.5.5 0 0 0-.5-.5H8V0h2Z\" \/>\n\t\t\t<\/svg>\n\t\t<\/button><figcaption class=\"wp-element-caption\">Kuva: Lessormore \/ Wikimedia Commons, CC BY 4.0<\/figcaption><\/figure>\n\n\n\n<p class=\"wp-block-paragraph\">Bragan syd\u00e4men muodostaa upea historiallinen keskusta kapeine kujineen ja v\u00e4rikk\u00e4ine taloineen. <strong>Portti t\u00e4h\u00e4n labyrinttiin on Arco da Porta Nova -kaari<\/strong>, joka toimi aiemmin keskiaikaisen kaupungin p\u00e4\u00e4sis\u00e4\u00e4nk\u00e4yntin\u00e4. Mielenkiintoista on, ett\u00e4 portilla ei koskaan ollut ovia.<\/p>\n\n\n\n<p class=\"wp-block-paragraph\">T\u00e4st\u00e4 tosiasiasta syntyi kuuluisa portugalilainen sanonta. Kun joku ei sulje ovea, paikalliset kysyv\u00e4t h\u00e4nelt\u00e4 usein: <strong>\u201e\u00c9s de Braga?&#8221; (Oletko Bragasta?)<\/strong>. K\u00e4vely kaaresta keskustaan p\u00e4in vie sinut Rua do Souto -kadulle, joka on p\u00e4\u00e4ostoskatu t\u00e4ynn\u00e4 pieni\u00e4 puoteja ja perinteisi\u00e4 leipomoita.<\/p>\n\n\n\n<h3 class=\"wp-block-heading\"><span class=\"ez-toc-section\" id=\"5_Santuario_do_Sameiro_ja_jumalaiset_nakymat\"><\/span>5. Santu\u00e1rio do Sameiro ja jumalaiset n\u00e4kym\u00e4t<span class=\"ez-toc-section-end\"><\/span><\/h3>\n\n\n\n<figure data-wp-context=\"{&quot;imageId&quot;:&quot;6a967947bea57&quot;}\" data-wp-interactive=\"core\/image\" data-wp-key=\"6a967947bea57\" class=\"wp-block-image size-full wp-lightbox-container\"><img decoding=\"async\" width=\"1920\" height=\"1280\" data-wp-class--hide=\"state.isContentHidden\" data-wp-class--show=\"state.isContentVisible\" data-wp-init=\"callbacks.setButtonStyles\" data-wp-on--click=\"actions.showLightbox\" data-wp-on--load=\"callbacks.setButtonStyles\" data-wp-on--pointerdown=\"actions.preloadImage\" data-wp-on--pointerenter=\"actions.preloadImageWithDelay\" data-wp-on--pointerleave=\"actions.cancelPreload\" data-wp-on-window--resize=\"callbacks.setButtonStyles\" src=\"https:\/\/loudavymkrokem.cz\/wp-content\/uploads\/2026\/05\/braga-portugal-5.jpg\" alt=\"Santu\u00e1rio do Sameiro ja jumalaiset n\u00e4kym\u00e4t\" class=\"wp-image-181996\" title=\"\" srcset=\"https:\/\/loudavymkrokem.cz\/wp-content\/uploads\/2026\/05\/braga-portugal-5.jpg 1920w, https:\/\/loudavymkrokem.cz\/wp-content\/uploads\/2026\/05\/braga-portugal-5-300x200.jpg 300w, https:\/\/loudavymkrokem.cz\/wp-content\/uploads\/2026\/05\/braga-portugal-5-700x467.jpg 700w, https:\/\/loudavymkrokem.cz\/wp-content\/uploads\/2026\/05\/braga-portugal-5-768x512.jpg 768w, https:\/\/loudavymkrokem.cz\/wp-content\/uploads\/2026\/05\/braga-portugal-5-1536x1024.jpg 1536w, https:\/\/loudavymkrokem.cz\/wp-content\/uploads\/2026\/05\/braga-portugal-5-696x464.jpg 696w, https:\/\/loudavymkrokem.cz\/wp-content\/uploads\/2026\/05\/braga-portugal-5-1392x928.jpg 1392w\" sizes=\"(max-width: 1920px) 100vw, 1920px\" \/><button\n\t\t\tclass=\"lightbox-trigger\"\n\t\t\ttype=\"button\"\n\t\t\taria-haspopup=\"dialog\"\n\t\t\tdata-wp-bind--aria-label=\"state.thisImage.triggerButtonAriaLabel\"\n\t\t\tdata-wp-init=\"callbacks.initTriggerButton\"\n\t\t\tdata-wp-on--click=\"actions.showLightbox\"\n\t\t\tdata-wp-style--right=\"state.thisImage.buttonRight\"\n\t\t\tdata-wp-style--top=\"state.thisImage.buttonTop\"\n\t\t>\n\t\t\t<svg xmlns=\"http:\/\/www.w3.org\/2000\/svg\" width=\"12\" height=\"12\" fill=\"none\" viewBox=\"0 0 12 12\">\n\t\t\t\t<path fill=\"#fff\" d=\"M2 0a2 2 0 0 0-2 2v2h1.5V2a.5.5 0 0 1 .5-.5h2V0H2Zm2 10.5H2a.5.5 0 0 1-.5-.5V8H0v2a2 2 0 0 0 2 2h2v-1.5ZM8 12v-1.5h2a.5.5 0 0 0 .5-.5V8H12v2a2 2 0 0 1-2 2H8Zm2-12a2 2 0 0 1 2 2v2h-1.5V2a.5.5 0 0 0-.5-.5H8V0h2Z\" \/>\n\t\t\t<\/svg>\n\t\t<\/button><figcaption class=\"wp-element-caption\">Kuva: Joseolgon \/ Wikimedia Commons, CC BY-SA 4.0<\/figcaption><\/figure>\n\n\n\n<p class=\"wp-block-paragraph\">Jos olet jo Bom Jesus do Monten luona, <strong>aja ehdottomasti viel\u00e4 hieman ylemm\u00e4s Santu\u00e1rio do Sameirolle<\/strong>. Kyseess\u00e4 on Portugalin toiseksi suurin Neitsyt Marian pyh\u00e4kk\u00f6 (heti kuuluisan F\u00e1timan j\u00e4lkeen). Itse 1800-luvun basilika on valtava ja hyvin vaikuttava.<\/p>\n\n\n\n<p class=\"wp-block-paragraph\">T\u00e4rkein syy, miksi ihmiset t\u00e4nne suuntaavat, on kuitenkin kirkon edess\u00e4 oleva valtava aukio. <strong>Yli 500 metrin korkeudesta merenpinnasta avautuu paras panoraaman\u00e4kym\u00e4 koko Minhon alueelle<\/strong>. Kirkkaana p\u00e4iv\u00e4n\u00e4 n\u00e4et t\u00e4\u00e4lt\u00e4 aina Peneda-Ger\u00easin kansallispuiston vuorille asti.<\/p>\n\n\n\n<h3 class=\"wp-block-heading\"><span class=\"ez-toc-section\" id=\"6_Kahvilat_ja_sykkiva_opiskelijaelama\"><\/span>6. Kahvilat ja sykkiv\u00e4 opiskelijael\u00e4m\u00e4<span class=\"ez-toc-section-end\"><\/span><\/h3>\n\n\n\n<p class=\"wp-block-paragraph\">Braga ei ole vain kirkkojen kaupunki vaan ennen kaikkea Minhon yliopiston koti. <strong>Tuhansien opiskelijoiden ansiosta kaupungissa on uskomattoman raikas ja sykkiv\u00e4 tunnelma<\/strong>. T\u00e4rkein kohtaamispaikka on Pra\u00e7a da Rep\u00fablica ikonisine Arcada-rakennuksineen, josta l\u00f6yd\u00e4t suosituimmat kahvilaterassit.<\/p>\n\n\n\n<p class=\"wp-block-paragraph\">Istahda ehdottomasti legendaariseen Caf\u00e9 A Brasileira -kahvilaan, tilaa kahvi ja tarkkaile ymp\u00e4rill\u00e4 olevaa vilin\u00e4\u00e4. <strong>Illalla keskustan kujat t\u00e4yttyv\u00e4t nuorista<\/strong>, baarit avautuvat ja kaupunki saa aivan toisenlaisen, paljon rennomman ulottuvuuden. Se on kiehtova kontrasti paikallisten n\u00e4ht\u00e4vyyksien vakavuudelle.<\/p>\n\n\n\n<h3 class=\"wp-block-heading\"><span class=\"ez-toc-section\" id=\"7_Jardim_de_Santa_Barbara_ja_keskiaikaiset_rauniot\"><\/span>7. Jardim de Santa B\u00e1rbara ja keskiaikaiset rauniot<span class=\"ez-toc-section-end\"><\/span><\/h3>\n\n\n\n<figure data-wp-context=\"{&quot;imageId&quot;:&quot;6a967947bef97&quot;}\" data-wp-interactive=\"core\/image\" data-wp-key=\"6a967947bef97\" class=\"wp-block-image size-full wp-lightbox-container\"><img decoding=\"async\" width=\"1920\" height=\"1440\" data-wp-class--hide=\"state.isContentHidden\" data-wp-class--show=\"state.isContentVisible\" data-wp-init=\"callbacks.setButtonStyles\" data-wp-on--click=\"actions.showLightbox\" data-wp-on--load=\"callbacks.setButtonStyles\" data-wp-on--pointerdown=\"actions.preloadImage\" data-wp-on--pointerenter=\"actions.preloadImageWithDelay\" data-wp-on--pointerleave=\"actions.cancelPreload\" data-wp-on-window--resize=\"callbacks.setButtonStyles\" src=\"https:\/\/loudavymkrokem.cz\/wp-content\/uploads\/2026\/05\/braga-portugal-7.jpg\" alt=\"Jardim de Santa B\u00e1rbara ja keskiaikaiset rauniot\" class=\"wp-image-182003\" title=\"\" srcset=\"https:\/\/loudavymkrokem.cz\/wp-content\/uploads\/2026\/05\/braga-portugal-7.jpg 1920w, https:\/\/loudavymkrokem.cz\/wp-content\/uploads\/2026\/05\/braga-portugal-7-300x225.jpg 300w, https:\/\/loudavymkrokem.cz\/wp-content\/uploads\/2026\/05\/braga-portugal-7-700x525.jpg 700w, https:\/\/loudavymkrokem.cz\/wp-content\/uploads\/2026\/05\/braga-portugal-7-768x576.jpg 768w, https:\/\/loudavymkrokem.cz\/wp-content\/uploads\/2026\/05\/braga-portugal-7-1536x1152.jpg 1536w, https:\/\/loudavymkrokem.cz\/wp-content\/uploads\/2026\/05\/braga-portugal-7-80x60.jpg 80w, https:\/\/loudavymkrokem.cz\/wp-content\/uploads\/2026\/05\/braga-portugal-7-160x120.jpg 160w, https:\/\/loudavymkrokem.cz\/wp-content\/uploads\/2026\/05\/braga-portugal-7-696x522.jpg 696w, https:\/\/loudavymkrokem.cz\/wp-content\/uploads\/2026\/05\/braga-portugal-7-1392x1044.jpg 1392w\" sizes=\"(max-width: 1920px) 100vw, 1920px\" \/><button\n\t\t\tclass=\"lightbox-trigger\"\n\t\t\ttype=\"button\"\n\t\t\taria-haspopup=\"dialog\"\n\t\t\tdata-wp-bind--aria-label=\"state.thisImage.triggerButtonAriaLabel\"\n\t\t\tdata-wp-init=\"callbacks.initTriggerButton\"\n\t\t\tdata-wp-on--click=\"actions.showLightbox\"\n\t\t\tdata-wp-style--right=\"state.thisImage.buttonRight\"\n\t\t\tdata-wp-style--top=\"state.thisImage.buttonTop\"\n\t\t>\n\t\t\t<svg xmlns=\"http:\/\/www.w3.org\/2000\/svg\" width=\"12\" height=\"12\" fill=\"none\" viewBox=\"0 0 12 12\">\n\t\t\t\t<path fill=\"#fff\" d=\"M2 0a2 2 0 0 0-2 2v2h1.5V2a.5.5 0 0 1 .5-.5h2V0H2Zm2 10.5H2a.5.5 0 0 1-.5-.5V8H0v2a2 2 0 0 0 2 2h2v-1.5ZM8 12v-1.5h2a.5.5 0 0 0 .5-.5V8H12v2a2 2 0 0 1-2 2H8Zm2-12a2 2 0 0 1 2 2v2h-1.5V2a.5.5 0 0 0-.5-.5H8V0h2Z\" \/>\n\t\t\t<\/svg>\n\t\t<\/button><figcaption class=\"wp-element-caption\">Kuva: Vitor Oliveira from Torres Vedras, PORTUGAL \/ Wikimedia Commons, CC BY-SA 2.0<\/figcaption><\/figure>\n\n\n\n<p class=\"wp-block-paragraph\">Aivan kaupungin keskustassa l\u00f6yd\u00e4t rauhan keitaan Jardim de Santa B\u00e1rbara -puutarhojen muodossa. <strong>T\u00e4m\u00e4 huolella hoidettu, 1600-luvulta per\u00e4isin oleva julkinen puisto on t\u00e4ynn\u00e4 v\u00e4rikk\u00e4it\u00e4 kukkia<\/strong> ja geometrisesti leikattuja pensaita. Keskell\u00e4 seisoo suihkul\u00e4hde pyh\u00e4n Barbaran patsaineen.<\/p>\n\n\n\n<p class=\"wp-block-paragraph\">Suurimman lumon puutarhoille antaa kuitenkin niiden tausta. <strong>Kukkapenkkej\u00e4 hallitsevat romanttiset keskiaikaisen arkkipiispanpalatsin rauniot<\/strong>. Se on todenn\u00e4k\u00f6isesti koko historiallisen keskustan valokuvauksellisin paikka ja ihanteellinen kohta lyhyeen lepohetkeen kaupunkiin tutustuessa.<\/p>\n\n\n\n<!-- LKM_GYG_CARD start q=\"braga portugalsko\" lang=\"fi\" --><!-- LKM_GYG_CARD end -->\n\n\n\n\n<div class=\"lk-stays-module\">\n<style>\n\/* \u2500\u2500\u2500 RESET PRO GUTENBERG \u2500\u2500\u2500 *\/\n.lk-stays-module * { box-sizing: border-box; margin: 0; padding: 0; }\n\n\/* \u2500\u2500\u2500 WRAPPER \u2500\u2500\u2500 *\/\n.lk-stays-module {\n  font-family: 'DM Sans', Georgia, sans-serif;\n  max-width: 100%;\n  margin: 2.5rem auto;\n  background: linear-gradient(135deg, #fdfaf5 0%, #fcf8f0 100%);\n  border: 1px solid #e8dfd4;\n  border-radius: 16px;\n  overflow: hidden;\n  box-shadow: 0 16px 48px rgba(195, 159, 118, 0.25), 0 4px 12px rgba(0,0,0,0.08);\n}\n\n\/* \u2500\u2500\u2500 HEADER \u2500\u2500\u2500 *\/\n.lk-stays-header {\n  position: relative;\n  padding: 24px 36px 24px;\n  background: linear-gradient(135deg, #c39f76 0%, #d4b188 60%, #c39f76 100%);\n  border-bottom: 1px solid rgba(255,255,255,.15);\n  display: flex;\n  align-items: center;\n  gap: 18px;\n}\n.lk-stays-header::before {\n  content: '';\n  position: absolute;\n  inset: 0;\n  background: url(\"data:image\/svg+xml,%3Csvg width='60' height='60' viewBox='0 0 60 60' xmlns='http:\/\/www.w3.org\/2000\/svg'%3E%3Cg fill='none' fill-rule='evenodd'%3E%3Cg fill='%23ffffff' fill-opacity='0.05'%3E%3Cpath d='M36 34v-4h-2v4h-4v2h4v4h2v-4h4v-2h-4zm0-30V0h-2v4h-4v2h4v4h2V6h4V4h-4zM6 34v-4H4v4H0v2h4v4h2v-4h4v-2H6zM6 4V0H4v4H0v2h4v4h2V6h4V4H6z'\/%3E%3C\/g%3E%3C\/g%3E%3C\/svg%3E\") repeat;\n  pointer-events: none;\n}\n.lk-stays-icon {\n  flex-shrink: 0;\n  width: 68px;\n  height: 68px;\n  border-radius: 14px;\n  background: linear-gradient(135deg, #fff 0%, #f9f6f0 100%);\n  display: flex;\n  align-items: center;\n  justify-content: center;\n  font-size: 26px;\n  box-shadow: 0 4px 12px rgba(0,0,0,0.15);\n}\n.lk-stays-eyebrow {\n  font-size: 10px;\n  font-weight: 500;\n  letter-spacing: 2.5px;\n  text-transform: uppercase;\n  color: rgba(255,255,255,.85);\n  margin: 0 0 5px 0;\n}\n.lk-stays-title {\n  font-family: 'Playfair Display', Georgia, serif;\n  font-size: 24px;\n  font-weight: 700;\n  color: #fff;\n  line-height: 1.2;\n  text-shadow: 0 1px 2px rgba(0,0,0,0.1);\n  margin: 0;\n}\n.lk-stays-subtitle {\n  font-size: 13px;\n  color: rgba(255,255,255,.75);\n  margin: 4px 0 0 0;\n  font-weight: 300;\n}\n\n\/* \u2500\u2500\u2500 CARDS GRID \u2500\u2500\u2500 *\/\n.lk-stays-grid {\n  display: grid;\n  grid-template-columns: 1fr 1fr;\n  gap: 1px;\n  background: rgba(195, 159, 118, 0.12);\n}\n\n\/* \u2500\u2500\u2500 SINGLE CARD \u2500\u2500\u2500 *\/\n.lk-stay-card {\n  background: #ffffff;\n  padding: 26px;\n  display: flex;\n  flex-direction: column;\n  gap: 11px;\n  transition: all 0.3s ease;\n  text-decoration: none;\n  color: inherit;\n  position: relative;\n}\n.lk-stay-card:hover {\n  background: #fffbf5;\n  transform: translateY(-2px);\n  box-shadow: 0 8px 24px rgba(195, 159, 118, 0.18);\n  z-index: 1;\n}\n.lk-stay-card.featured {\n  background: linear-gradient(135deg, #fffdf9 0%, #fff9f0 100%);\n  box-shadow: 0 4px 16px rgba(195, 159, 118, 0.15), inset 0 1px 0 rgba(195, 159, 118, 0.1);\n}\n.lk-stay-card.featured:hover {\n  background: linear-gradient(135deg, #fffbf5 0%, #fff8ed 100%);\n  box-shadow: 0 8px 24px rgba(195, 159, 118, 0.25), inset 0 1px 0 rgba(195, 159, 118, 0.15);\n}\n\n.lk-stay-badge {\n  display: inline-flex;\n  align-items: center;\n  gap: 5px;\n  font-size: 10px;\n  font-weight: 500;\n  letter-spacing: 1.5px;\n  text-transform: uppercase;\n  padding: 5px 11px;\n  border-radius: 20px;\n  width: fit-content;\n}\n.badge-top     { background: linear-gradient(135deg, #c39f76 0%, #d4b188 100%); color: #fff; border: 1px solid #c39f76; font-weight: 600; box-shadow: 0 2px 8px rgba(195,159,118,0.3); }\n.badge-luxury  { background: rgba(195,159,118,.12); color: #c39f76; border: 1px solid rgba(195,159,118,.25); }\n.badge-boutique{ background: rgba(54,133,252,.08); color: #3685fc; border: 1px solid rgba(54,133,252,.2); }\n.badge-nature  { background: rgba(130,190,100,.1); color: #6b9c4a; border: 1px solid rgba(130,190,100,.2); }\n.badge-remote  { background: rgba(195,159,118,.12); color: #a67e50; border: 1px solid rgba(195,159,118,.25); }\n\n.lk-stay-name {\n  font-family: 'Playfair Display', Georgia, serif;\n  font-size: 18px;\n  font-weight: 700;\n  color: #111827;\n  line-height: 1.3;\n}\n.lk-stay-desc {\n  font-size: 13.5px;\n  color: #525252;\n  line-height: 1.65;\n  font-weight: 300;\n  flex: 1;\n}\n\n.lk-stay-meta {\n  display: flex;\n  align-items: center;\n  gap: 12px;\n  flex-wrap: wrap;\n  margin-top: 4px;\n}\n.lk-stay-price {\n  font-size: 13px;\n  color: #6b7280;\n}\n.lk-stay-price strong {\n  color: #c39f76;\n  font-weight: 500;\n}\n.lk-stay-stars {\n  color: #c39f76;\n  font-size: 11px;\n  letter-spacing: 1px;\n}\n\n\/* \u2500\u2500\u2500 CTA BUTTON \u2500\u2500\u2500 *\/\n.lk-stay-cta {\n  display: inline-flex;\n  align-items: center;\n  justify-content: center;\n  gap: 7px;\n  margin-top: 8px;\n  padding: 11px 20px;\n  border-radius: 8px;\n  background: linear-gradient(135deg, #3685fc 0%, #2a6fd9 100%);\n  color: #fff;\n  font-size: 13px;\n  font-weight: 500;\n  text-decoration: none;\n  letter-spacing: .3px;\n  transition: all .2s ease;\n  cursor: pointer;\n  border: none;\n  text-align: center;\n  box-shadow: 0 4px 12px rgba(54, 133, 252, 0.25);\n}\n.lk-stay-cta:hover {\n  background: linear-gradient(135deg, #2a6fd9 0%, #1e5bc4 100%);\n  transform: translateY(-1px);\n  box-shadow: 0 6px 16px rgba(54, 133, 252, 0.35);\n}\n.lk-stay-cta svg { flex-shrink: 0; }\n\n\/* \u2500\u2500\u2500 FOOTER \u2500\u2500\u2500 *\/\n.lk-stays-footer {\n  padding: 18px 36px;\n  background: linear-gradient(to bottom, #fdfaf5 0%, #f9f4ed 100%);\n  border-top: 1px solid rgba(195, 159, 118, 0.15);\n  display: flex;\n  align-items: center;\n  justify-content: space-between;\n  flex-wrap: wrap;\n  gap: 12px;\n}\n.lk-stays-footer-note {\n  font-size: 11.5px;\n  color: #6b7280;\n  font-weight: 300;\n  line-height: 1.5;\n}\n.lk-stays-footer-note a {\n  color: #c39f76;\n  text-decoration: none;\n  font-weight: 400;\n}\n.lk-stays-footer-note a:hover {\n  text-decoration: underline;\n}\n.lk-stays-all-btn {\n  display: inline-flex;\n  align-items: center;\n  gap: 6px;\n  font-size: 12.5px;\n  font-weight: 500;\n  color: #c39f76;\n  text-decoration: none;\n  border: 1px solid rgba(195, 159, 118, 0.35);\n  padding: 8px 18px;\n  border-radius: 8px;\n  transition: all .2s ease;\n}\n.lk-stays-all-btn:hover {\n  background: rgba(195, 159, 118, 0.08);\n  border-color: rgba(195, 159, 118, 0.5);\n}\n\n\/* \u2500\u2500\u2500 RESPONSIVE \u2500\u2500\u2500 *\/\n@media (max-width: 600px) {\n  .lk-stays-grid { grid-template-columns: 1fr; }\n  .lk-stays-header { padding: 24px 20px; }\n  .lk-stays-footer { padding: 16px 20px; }\n  .lk-stay-card { padding: 22px; }\n  .lk-stays-title { font-size: 20px; }\n}\n<\/style>\n\n  <!-- HEADER -->\n  <div class=\"lk-stays-header\">\n    <img decoding=\"async\" src=\"https:\/\/loudavymkrokem.cz\/wp-content\/uploads\/2026\/02\/lukas-a-lucka.jpg\" alt=\"\" style=\"width: 75px; height: 75px; border-radius: 8px; flex-shrink: 0; object-fit: cover; display: block; margin: 4px 0;\" title=\"\">\n    <div class=\"lk-stays-header-text\">\n      <div class=\"lk-stays-eyebrow\">Luk\u00e1\u0161 ja Lucie suosittelevat<\/div>\n      <div class=\"lk-stays-title\">Miss\u00e4 y\u00f6py\u00e4 Bragassa<\/div>\n      <div class=\"lk-stays-subtitle\">4 majoitusvaihtoehtoa \u2014 hotelleja, kylpyl\u00e4hotelleja ja muita majoitusvaihtoehtoja<\/div>\n    <\/div>\n  <\/div>\n\n  <!-- CARDS -->\n  <div class=\"lk-stays-grid\">\n\n    <a class=\"lk-stay-card featured\" href=\"https:\/\/www.stay22.com\/allez\/roam?aid=lukaskonecny&#038;campaign=loudavymkrokemcz&#038;campaign=fi&#038;campaign=bragaportugalsko&#038;address=Braga&#038;hotelname=Vila+Gal%C3%A9+Collection+Braga&#038;search=Vila+Gal%C3%A9+Collection+Braga&#038;category=accommodation\" target=\"_blank\" rel=\"nofollow noopener\">\n      <span class=\"lk-stay-badge badge-top\">\u2b50 HUIPPUVALINTA<\/span>\n      <span class=\"lk-stay-badge badge-nature\">\ud83c\udfe8 Hotelli<\/span>\n      <div class=\"lk-stay-name\">Vila Gal\u00e9 Collection Braga<\/div>\n      <div class=\"lk-stay-desc\">Erinomaisesti arvosteltu hotelli aivan historiallisessa keskustassa, sijaitsee historiallisessa rakennuksessa ja henkii upea tunnelma.<\/div>\n      <div class=\"lk-stay-meta\">\n        <span class=\"lk-stay-stars\">\u2605\u2605\u2605\u2605<\/span>\n        <span class=\"lk-stay-price\">Tarkista hinnat<\/span>\n      <\/div>\n      <span class=\"lk-stay-cta\">\n        <svg width=\"14\" height=\"14\" viewBox=\"0 0 24 24\" fill=\"none\" stroke=\"currentColor\" stroke-width=\"2\"><path d=\"M18 13v6a2 2 0 0 1-2 2H5a2 2 0 0 1-2-2V8a2 2 0 0 1 2-2h6\"\/><polyline points=\"15 3 21 3 21 9\"\/><line x1=\"10\" y1=\"14\" x2=\"21\" y2=\"3\"\/><\/svg>\n        Tarkista saatavuus\n      <\/span>\n    <\/a>\n\n    <a class=\"lk-stay-card\" href=\"https:\/\/www.stay22.com\/allez\/roam?aid=lukaskonecny&#038;campaign=loudavymkrokemcz&#038;campaign=fi&#038;campaign=bragaportugalsko&#038;address=Braga&#038;hotelname=Melia+Braga&#038;search=Melia+Braga&#038;category=accommodation\" target=\"_blank\" rel=\"nofollow noopener\">\n      <span class=\"lk-stay-badge badge-nature\">\u2b50 Luxury<\/span>\n      <div class=\"lk-stay-name\">Melia Braga<\/div>\n      <div class=\"lk-stay-desc\">Moderni hotelli, jossa on kaunis kylpyl\u00e4keskus, erinomainen valinta niille, jotka etsiv\u00e4t mukavuutta ja rentoutumista.<\/div>\n      <div class=\"lk-stay-meta\">\n        <span class=\"lk-stay-stars\">\u2605\u2605\u2605\u2605<\/span>\n        <span class=\"lk-stay-price\">Tarkista hinnat<\/span>\n      <\/div>\n      <span class=\"lk-stay-cta\">\n        <svg width=\"14\" height=\"14\" viewBox=\"0 0 24 24\" fill=\"none\" stroke=\"currentColor\" stroke-width=\"2\"><path d=\"M18 13v6a2 2 0 0 1-2 2H5a2 2 0 0 1-2-2V8a2 2 0 0 1 2-2h6\"\/><polyline points=\"15 3 21 3 21 9\"\/><line x1=\"10\" y1=\"14\" x2=\"21\" y2=\"3\"\/><\/svg>\n        Tarkista saatavuus\n      <\/span>\n    <\/a>\n\n    <a class=\"lk-stay-card\" href=\"https:\/\/www.stay22.com\/allez\/roam?aid=lukaskonecny&#038;campaign=loudavymkrokemcz&#038;campaign=fi&#038;campaign=bragaportugalsko&#038;address=Braga&#038;hotelname=Bracara+Augusta&#038;search=Bracara+Augusta&#038;category=accommodation\" target=\"_blank\" rel=\"nofollow noopener\">\n      <span class=\"lk-stay-badge badge-nature\">\ud83c\udfe8 Hotelli<\/span>\n      <div class=\"lk-stay-name\">Bracara Augusta<\/div>\n      <div class=\"lk-stay-desc\">Suosittu boutiquehotelli kaupungin keskustassa, jolla on omaleimainen luonne ja erinomaiset arvostelut.<\/div>\n      <div class=\"lk-stay-meta\">\n        <span class=\"lk-stay-stars\">\u2605\u2605\u2605\u2605<\/span>\n        <span class=\"lk-stay-price\">Tarkista hinnat<\/span>\n      <\/div>\n      <span class=\"lk-stay-cta\">\n        <svg width=\"14\" height=\"14\" viewBox=\"0 0 24 24\" fill=\"none\" stroke=\"currentColor\" stroke-width=\"2\"><path d=\"M18 13v6a2 2 0 0 1-2 2H5a2 2 0 0 1-2-2V8a2 2 0 0 1 2-2h6\"\/><polyline points=\"15 3 21 3 21 9\"\/><line x1=\"10\" y1=\"14\" x2=\"21\" y2=\"3\"\/><\/svg>\n        Tarkista saatavuus\n      <\/span>\n    <\/a>\n\n    <a class=\"lk-stay-card\" href=\"https:\/\/www.stay22.com\/allez\/roam?aid=lukaskonecny&#038;campaign=loudavymkrokemcz&#038;campaign=fi&#038;campaign=bragaportugalsko&#038;address=braga\" target=\"_blank\" rel=\"nofollow noopener\">\n      <span class=\"lk-stay-badge badge-nature\">\ud83d\udd0d Hae<\/span>\n      <div class=\"lk-stay-name\">N\u00e4yt\u00e4 kaikki majoitusvaihtoehdot Bragassa<\/div>\n      <div class=\"lk-stay-desc\">Tutustu kaikkiin saatavilla oleviin majoitusvaihtoehtoihin Bragassa ja l\u00f6yd\u00e4 paras mieltymystesi ja budjettisi mukaan.<\/div>\n      <div class=\"lk-stay-meta\">\n        <span class=\"lk-stay-stars\">\u2605\u2605\u2605\u2605<\/span>\n        <span class=\"lk-stay-price\">Vertaile hintoja<\/span>\n      <\/div>\n      <span class=\"lk-stay-cta\">\n        <svg width=\"14\" height=\"14\" viewBox=\"0 0 24 24\" fill=\"none\" stroke=\"currentColor\" stroke-width=\"2\"><path d=\"M18 13v6a2 2 0 0 1-2 2H5a2 2 0 0 1-2-2V8a2 2 0 0 1 2-2h6\"\/><polyline points=\"15 3 21 3 21 9\"\/><line x1=\"10\" y1=\"14\" x2=\"21\" y2=\"3\"\/><\/svg>\n        Tarkista saatavuus\n      <\/span>\n    <\/a>\n\n  <\/div>\n\n  \n<\/div>\n\n\n\n\n<h3 class=\"wp-block-heading\"><span class=\"ez-toc-section\" id=\"8_Palacio_do_Raio_ja_siniset_azulejot\"><\/span>8. Pal\u00e1cio do Raio ja siniset azulejot<span class=\"ez-toc-section-end\"><\/span><\/h3>\n\n\n\n<figure data-wp-context=\"{&quot;imageId&quot;:&quot;6a967947bf4ed&quot;}\" data-wp-interactive=\"core\/image\" data-wp-key=\"6a967947bf4ed\" class=\"wp-block-image size-full wp-lightbox-container\"><img decoding=\"async\" width=\"1920\" height=\"1275\" data-wp-class--hide=\"state.isContentHidden\" data-wp-class--show=\"state.isContentVisible\" data-wp-init=\"callbacks.setButtonStyles\" data-wp-on--click=\"actions.showLightbox\" data-wp-on--load=\"callbacks.setButtonStyles\" data-wp-on--pointerdown=\"actions.preloadImage\" data-wp-on--pointerenter=\"actions.preloadImageWithDelay\" data-wp-on--pointerleave=\"actions.cancelPreload\" data-wp-on-window--resize=\"callbacks.setButtonStyles\" src=\"https:\/\/loudavymkrokem.cz\/wp-content\/uploads\/2026\/05\/braga-portugal-8.jpg\" alt=\"Pal\u00e1cio do Raio ja siniset azulejot\" class=\"wp-image-182007\" title=\"\" srcset=\"https:\/\/loudavymkrokem.cz\/wp-content\/uploads\/2026\/05\/braga-portugal-8.jpg 1920w, https:\/\/loudavymkrokem.cz\/wp-content\/uploads\/2026\/05\/braga-portugal-8-300x199.jpg 300w, https:\/\/loudavymkrokem.cz\/wp-content\/uploads\/2026\/05\/braga-portugal-8-700x465.jpg 700w, https:\/\/loudavymkrokem.cz\/wp-content\/uploads\/2026\/05\/braga-portugal-8-768x510.jpg 768w, https:\/\/loudavymkrokem.cz\/wp-content\/uploads\/2026\/05\/braga-portugal-8-1536x1020.jpg 1536w, https:\/\/loudavymkrokem.cz\/wp-content\/uploads\/2026\/05\/braga-portugal-8-696x462.jpg 696w, https:\/\/loudavymkrokem.cz\/wp-content\/uploads\/2026\/05\/braga-portugal-8-1392x924.jpg 1392w\" sizes=\"(max-width: 1920px) 100vw, 1920px\" \/><button\n\t\t\tclass=\"lightbox-trigger\"\n\t\t\ttype=\"button\"\n\t\t\taria-haspopup=\"dialog\"\n\t\t\tdata-wp-bind--aria-label=\"state.thisImage.triggerButtonAriaLabel\"\n\t\t\tdata-wp-init=\"callbacks.initTriggerButton\"\n\t\t\tdata-wp-on--click=\"actions.showLightbox\"\n\t\t\tdata-wp-style--right=\"state.thisImage.buttonRight\"\n\t\t\tdata-wp-style--top=\"state.thisImage.buttonTop\"\n\t\t>\n\t\t\t<svg xmlns=\"http:\/\/www.w3.org\/2000\/svg\" width=\"12\" height=\"12\" fill=\"none\" viewBox=\"0 0 12 12\">\n\t\t\t\t<path fill=\"#fff\" d=\"M2 0a2 2 0 0 0-2 2v2h1.5V2a.5.5 0 0 1 .5-.5h2V0H2Zm2 10.5H2a.5.5 0 0 1-.5-.5V8H0v2a2 2 0 0 0 2 2h2v-1.5ZM8 12v-1.5h2a.5.5 0 0 0 .5-.5V8H12v2a2 2 0 0 1-2 2H8Zm2-12a2 2 0 0 1 2 2v2h-1.5V2a.5.5 0 0 0-.5-.5H8V0h2Z\" \/>\n\t\t\t<\/svg>\n\t\t<\/button><figcaption class=\"wp-element-caption\">Kuva: Palickap \/ Wikimedia Commons, CC BY-SA 4.0<\/figcaption><\/figure>\n\n\n\n<p class=\"wp-block-paragraph\">Arkkitehtuurin ja portugalilaisten azulejo-laattojen yst\u00e4v\u00e4t ovat t\u00e4\u00e4ll\u00e4 seitsem\u00e4nness\u00e4 taivaassa. <strong>Pal\u00e1cio do Raio on h\u00e4ik\u00e4isev\u00e4 1700-luvun barokkipalatsi<\/strong>, joka erottuu rikkaasti koristellulla julkisivullaan. Sen suunnitteli kuuluisa arkkitehti Andr\u00e9 Soares, ja rakennus muistuttaa enemm\u00e4n leivonnaista kuin tavallista taloa.<\/p>\n\n\n\n<p class=\"wp-block-paragraph\"><strong>Koko etusein\u00e4 on peitetty upeilla sinivalkoisilla laatoilla<\/strong>, jotka kontrastoivat jyrk\u00e4sti runsaiden graniittiporttien ja veistettyjen parvekkeiden kanssa. Nyky\u00e4\u00e4n sis\u00e4ll\u00e4 toimii pieni museo, mutta jo pelkk\u00e4 ulkoa katselu kuuluu Bragan suurimpiin esteettisiin el\u00e4myksiin.<\/p>\n\n\n\n<p class=\"wp-block-paragraph\">\ud83d\udca1 Vinkki: <strong>Kauneimmat kuvat julkisivusta otat aamup\u00e4iv\u00e4ll\u00e4<\/strong>, kun sinisiin laattoihin osuu aamuaurinko ja v\u00e4rit ovat kirkkaimmillaan.<\/p>\n\n\n\n<h3 class=\"wp-block-heading\"><span class=\"ez-toc-section\" id=\"9_Paasiaiskulkueet_Semana_Santa\"><\/span>9. P\u00e4\u00e4si\u00e4iskulkueet (Semana Santa)<span class=\"ez-toc-section-end\"><\/span><\/h3>\n\n\n\n<p class=\"wp-block-paragraph\">Jos suunnittelet matkaa kev\u00e4\u00e4lle, <strong>harkitse ehdottomasti vierailua pyh\u00e4n viikon (Semana Santa) aikana<\/strong>. Braga on Portugalin uskonnollinen syd\u00e4n, ja p\u00e4\u00e4si\u00e4isjuhlilla on t\u00e4\u00e4ll\u00e4 aivan ainutlaatuinen tunnelma, joka houkuttelee vierailijoita ymp\u00e4ri maailmaa.<\/p>\n\n\n\n<p class=\"wp-block-paragraph\">Kadut on koristeltu kukilla ja violeteilla lipuilla. <strong>Kaupungin l\u00e4pi kulkee hiljaisia, salaper\u00e4isi\u00e4 kulkueita huppup\u00e4isine osallistujineen ja avojalkaisine katujineen<\/strong>, jotka kantavat raskaita pyhimyspatsaita. Se on syv\u00e4sti hengellinen kokemus t\u00e4ynn\u00e4 suitsukkeiden tuoksuvaa savua ja rumpujen vaimennettua \u00e4\u00e4nt\u00e4.<\/p>\n\n\n\n<h3 class=\"wp-block-heading\"><span class=\"ez-toc-section\" id=\"10_Museu_dos_Biscainhos_ja_aateliston_elama\"><\/span>10. Museu dos Biscainhos ja aateliston el\u00e4m\u00e4<span class=\"ez-toc-section-end\"><\/span><\/h3>\n\n\n\n<figure data-wp-context=\"{&quot;imageId&quot;:&quot;6a967947bfa03&quot;}\" data-wp-interactive=\"core\/image\" data-wp-key=\"6a967947bfa03\" class=\"wp-block-image size-full wp-lightbox-container\"><img decoding=\"async\" width=\"1366\" height=\"2048\" data-wp-class--hide=\"state.isContentHidden\" data-wp-class--show=\"state.isContentVisible\" data-wp-init=\"callbacks.setButtonStyles\" data-wp-on--click=\"actions.showLightbox\" data-wp-on--load=\"callbacks.setButtonStyles\" data-wp-on--pointerdown=\"actions.preloadImage\" data-wp-on--pointerenter=\"actions.preloadImageWithDelay\" data-wp-on--pointerleave=\"actions.cancelPreload\" data-wp-on-window--resize=\"callbacks.setButtonStyles\" src=\"https:\/\/loudavymkrokem.cz\/wp-content\/uploads\/2026\/05\/braga-portugal-10-scaled.jpg\" alt=\"Museu dos Biscainhos ja aateliston el\u00e4m\u00e4\" class=\"wp-image-182015\" title=\"\" srcset=\"https:\/\/loudavymkrokem.cz\/wp-content\/uploads\/2026\/05\/braga-portugal-10-scaled.jpg 1366w, https:\/\/loudavymkrokem.cz\/wp-content\/uploads\/2026\/05\/braga-portugal-10-200x300.jpg 200w, https:\/\/loudavymkrokem.cz\/wp-content\/uploads\/2026\/05\/braga-portugal-10-700x1050.jpg 700w, https:\/\/loudavymkrokem.cz\/wp-content\/uploads\/2026\/05\/braga-portugal-10-768x1152.jpg 768w, https:\/\/loudavymkrokem.cz\/wp-content\/uploads\/2026\/05\/braga-portugal-10-1024x1536.jpg 1024w, https:\/\/loudavymkrokem.cz\/wp-content\/uploads\/2026\/05\/braga-portugal-10-1392x2088.jpg 1365w, https:\/\/loudavymkrokem.cz\/wp-content\/uploads\/2026\/05\/braga-portugal-10-696x1044.jpg 696w\" sizes=\"(max-width: 1366px) 100vw, 1366px\" \/><button\n\t\t\tclass=\"lightbox-trigger\"\n\t\t\ttype=\"button\"\n\t\t\taria-haspopup=\"dialog\"\n\t\t\tdata-wp-bind--aria-label=\"state.thisImage.triggerButtonAriaLabel\"\n\t\t\tdata-wp-init=\"callbacks.initTriggerButton\"\n\t\t\tdata-wp-on--click=\"actions.showLightbox\"\n\t\t\tdata-wp-style--right=\"state.thisImage.buttonRight\"\n\t\t\tdata-wp-style--top=\"state.thisImage.buttonTop\"\n\t\t>\n\t\t\t<svg xmlns=\"http:\/\/www.w3.org\/2000\/svg\" width=\"12\" height=\"12\" fill=\"none\" viewBox=\"0 0 12 12\">\n\t\t\t\t<path fill=\"#fff\" d=\"M2 0a2 2 0 0 0-2 2v2h1.5V2a.5.5 0 0 1 .5-.5h2V0H2Zm2 10.5H2a.5.5 0 0 1-.5-.5V8H0v2a2 2 0 0 0 2 2h2v-1.5ZM8 12v-1.5h2a.5.5 0 0 0 .5-.5V8H12v2a2 2 0 0 1-2 2H8Zm2-12a2 2 0 0 1 2 2v2h-1.5V2a.5.5 0 0 0-.5-.5H8V0h2Z\" \/>\n\t\t\t<\/svg>\n\t\t<\/button><figcaption class=\"wp-element-caption\">Kuva: Joseolgon \/ Wikimedia Commons, CC BY 4.0<\/figcaption><\/figure>\n\n\n\n<p class=\"wp-block-paragraph\">Haluatko n\u00e4hd\u00e4, miten varakas aatelisto eli Bragassa barokin aikaan? <strong>Suuntaa Museu dos Biscainhosiin, joka sijaitsee upeassa 1600-luvun palatsissa<\/strong>. K\u00e4velet rikkaasti koristeltujen salien l\u00e4pi, joissa on alkuper\u00e4isi\u00e4 huonekaluja, astioita ja kokoelma harvinaisia kelloja.<\/p>\n\n\n\n<p class=\"wp-block-paragraph\">Ehdoton helmi on kuitenkin palatsin puutarha. <strong>Se on yksi Portugalin parhaiten s\u00e4ilyneist\u00e4 barokkipuutarhoista<\/strong>, t\u00e4ynn\u00e4 suihkul\u00e4hteit\u00e4, patsaita ja pensasaidoista tehtyj\u00e4 labyrinttej\u00e4. P\u00e4\u00e4sy puutarhaan oli aiemmin ilmainen, ja se on mahtava paikka paeta kes\u00e4helteit\u00e4.<\/p>\n\n\n\n<h3 class=\"wp-block-heading\"><span class=\"ez-toc-section\" id=\"11_Capela_de_Sao_Frutuoso_%E2%80%93_piilotettu_helmi\"><\/span>11. Capela de S\u00e3o Frutuoso \u2013 piilotettu helmi<span class=\"ez-toc-section-end\"><\/span><\/h3>\n\n\n\n<figure data-wp-context=\"{&quot;imageId&quot;:&quot;6a967947bff37&quot;}\" data-wp-interactive=\"core\/image\" data-wp-key=\"6a967947bff37\" class=\"wp-block-image size-full wp-lightbox-container\"><img decoding=\"async\" width=\"1920\" height=\"1280\" data-wp-class--hide=\"state.isContentHidden\" data-wp-class--show=\"state.isContentVisible\" data-wp-init=\"callbacks.setButtonStyles\" data-wp-on--click=\"actions.showLightbox\" data-wp-on--load=\"callbacks.setButtonStyles\" data-wp-on--pointerdown=\"actions.preloadImage\" data-wp-on--pointerenter=\"actions.preloadImageWithDelay\" data-wp-on--pointerleave=\"actions.cancelPreload\" data-wp-on-window--resize=\"callbacks.setButtonStyles\" src=\"https:\/\/loudavymkrokem.cz\/wp-content\/uploads\/2026\/05\/braga-portugal-11.jpg\" alt=\"Capela de S\u00e3o Frutuoso \u2013 piilotettu helmi\" class=\"wp-image-182018\" title=\"\" srcset=\"https:\/\/loudavymkrokem.cz\/wp-content\/uploads\/2026\/05\/braga-portugal-11.jpg 1920w, https:\/\/loudavymkrokem.cz\/wp-content\/uploads\/2026\/05\/braga-portugal-11-300x200.jpg 300w, https:\/\/loudavymkrokem.cz\/wp-content\/uploads\/2026\/05\/braga-portugal-11-700x467.jpg 700w, https:\/\/loudavymkrokem.cz\/wp-content\/uploads\/2026\/05\/braga-portugal-11-768x512.jpg 768w, https:\/\/loudavymkrokem.cz\/wp-content\/uploads\/2026\/05\/braga-portugal-11-1536x1024.jpg 1536w, https:\/\/loudavymkrokem.cz\/wp-content\/uploads\/2026\/05\/braga-portugal-11-696x464.jpg 696w, https:\/\/loudavymkrokem.cz\/wp-content\/uploads\/2026\/05\/braga-portugal-11-1392x928.jpg 1392w\" sizes=\"(max-width: 1920px) 100vw, 1920px\" \/><button\n\t\t\tclass=\"lightbox-trigger\"\n\t\t\ttype=\"button\"\n\t\t\taria-haspopup=\"dialog\"\n\t\t\tdata-wp-bind--aria-label=\"state.thisImage.triggerButtonAriaLabel\"\n\t\t\tdata-wp-init=\"callbacks.initTriggerButton\"\n\t\t\tdata-wp-on--click=\"actions.showLightbox\"\n\t\t\tdata-wp-style--right=\"state.thisImage.buttonRight\"\n\t\t\tdata-wp-style--top=\"state.thisImage.buttonTop\"\n\t\t>\n\t\t\t<svg xmlns=\"http:\/\/www.w3.org\/2000\/svg\" width=\"12\" height=\"12\" fill=\"none\" viewBox=\"0 0 12 12\">\n\t\t\t\t<path fill=\"#fff\" d=\"M2 0a2 2 0 0 0-2 2v2h1.5V2a.5.5 0 0 1 .5-.5h2V0H2Zm2 10.5H2a.5.5 0 0 1-.5-.5V8H0v2a2 2 0 0 0 2 2h2v-1.5ZM8 12v-1.5h2a.5.5 0 0 0 .5-.5V8H12v2a2 2 0 0 1-2 2H8Zm2-12a2 2 0 0 1 2 2v2h-1.5V2a.5.5 0 0 0-.5-.5H8V0h2Z\" \/>\n\t\t\t<\/svg>\n\t\t<\/button><figcaption class=\"wp-element-caption\">Kuva: Joseolgon \/ Wikimedia Commons, CC BY-SA 4.0<\/figcaption><\/figure>\n\n\n\n<p class=\"wp-block-paragraph\">Hieman keskustan ulkopuolella sijaitsee n\u00e4ht\u00e4vyys, jonka useimmat turistit sivuuttavat t\u00e4ysin. <strong>Capela de S\u00e3o Frutuoso on harvinainen esiromaaninen kappeli 600-luvulta<\/strong>, joka selvisi maurien vallasta. Sill\u00e4 on ainutlaatuinen kreikkalaisen ristin muotoinen pohjakaava.<\/p>\n\n\n\n<p class=\"wp-block-paragraph\">T\u00e4m\u00e4 pieni kivirakennus <strong>vaikuttaa uskomattoman mystiselt\u00e4 ja huokuu vuosisatojen painoa<\/strong>. Kappeli on nyky\u00e4\u00e4n osa suurempaa luostarikompleksia, ja sen kierteleminen vie vain hetken, mutta arkkitehtonisesti se on yksi koko Iberian niemimaan t\u00e4rkeimmist\u00e4 kohteista.<\/p>\n\n\n\n<h3 class=\"wp-block-heading\"><span class=\"ez-toc-section\" id=\"12_Maista_makeaa_Bragaa_ja_mahtavaa_kahvia\"><\/span>12. Maista makeaa Bragaa ja mahtavaa kahvia<span class=\"ez-toc-section-end\"><\/span><\/h3>\n\n\n\n<p class=\"wp-block-paragraph\">Portugali on makeanyst\u00e4vien paratiisi, eik\u00e4 Braga ole poikkeus. <strong>Lounaaksi suosittelen k\u00e4ym\u00e4\u00e4n jossakin modernissa kasvisravintolassa<\/strong>, joita opiskelijoiden ansiosta on syntynyt t\u00e4nne paljon, mutta iltap\u00e4iv\u00e4ll\u00e4 sinun t\u00e4ytyy suunnata perinteiseen pastelariaan.<\/p>\n\n\n\n<p class=\"wp-block-paragraph\"><strong>Paikallinen erikoisuus ovat niin sanotut Tibias de Braga<\/strong>, mainion rapea leivonnainen, joka on t\u00e4ytetty makealla kreemill\u00e4 ja ripoteltu tomusokerilla. Tilaa sen kanssa vahva portugalilainen espresso (bica) ja nauti iltap\u00e4iv\u00e4n rennosta tunnelmasta kuin oikea paikallinen.<\/p>\n\n\n\n<p class=\"wp-block-paragraph\">\ud83d\udca1 Vinkki: <strong>V\u00e4lt\u00e4 p\u00e4\u00e4aukioiden ravintoloita, joissa on asiakkaita houkuttelevia ty\u00f6ntekij\u00f6it\u00e4<\/strong>. Parhaat perheravintolat autenttisine ruokineen ja mainioine piilopaikkoineen (mistranslation of &#8216;za\u0161\u00edv\u00e1rnami&#8217;) l\u00f6yd\u00e4t piilossa sivukujilta.<\/p>\n\n\n\n<h3 class=\"wp-block-heading\"><span class=\"ez-toc-section\" id=\"13_Retki_Guimaraesiin_paikkaan_jossa_Portugali_syntyi\"><\/span>13. Retki Guimar\u00e3esiin: paikkaan, jossa Portugali syntyi<span class=\"ez-toc-section-end\"><\/span><\/h3>\n\n\n\n<p class=\"wp-block-paragraph\">Kun olet jo Bragassa, <strong>olisi synti j\u00e4tt\u00e4\u00e4 k\u00e4ym\u00e4tt\u00e4 naapurikaupungissa Guimar\u00e3esissa<\/strong>, joka sijaitsee vain lyhyen matkan p\u00e4\u00e4ss\u00e4. Historiallisen keskustan sein\u00e4ll\u00e4 roikkuu kuuluisa teksti \u201eAqui nasceu Portugal&#8221; (T\u00e4\u00e4ll\u00e4 syntyi Portugali), sill\u00e4 juuri t\u00e4\u00e4ll\u00e4 syntyi 1100-luvulla Portugalin ensimm\u00e4inen kuningas.<\/p>\n\n\n\n<p class=\"wp-block-paragraph\">Kaupungilla on t\u00e4ydellisesti s\u00e4ilynyt keskiaikainen ydin, jonka Unesco suojelee. <strong>Kapeat kujat ovat t\u00e4ynn\u00e4 kahviloita, ja kaupungin yll\u00e4 kohoaa majesteettinen linna mahtavine neli\u00f6m\u00e4isine torneineen<\/strong>. Se on hyvin kompakti ja valokuvauksellinen paikka uskomattoman ylpeine tunnelmineen, jonka kierr\u00e4t ongelmitta puolessa p\u00e4iv\u00e4ss\u00e4.<\/p>\n\n\n\n<h3 class=\"wp-block-heading\"><span class=\"ez-toc-section\" id=\"14_Retki_Portoon_ja_viinin_aarelle_Douron_laaksoon\"><\/span>14. Retki Portoon ja viinin \u00e4\u00e4relle Douron laaksoon<span class=\"ez-toc-section-end\"><\/span><\/h3>\n\n\n\n<p class=\"wp-block-paragraph\">Braga on mainio l\u00e4ht\u00f6piste koko pohjoisen tutkimiseen. <strong>Porton keskustaan p\u00e4\u00e4set l\u00e4hijunalla noin tunnissa<\/strong>, ja voit ihailla ikonista Dom Lu\u00eds I -siltaa, sinisill\u00e4 laatoilla peitetty\u00e4 S\u00e3o Benton rautatieasemaa tai kierrell\u00e4 Ribeiran kaupunginosan jyrkill\u00e4 kujilla.<\/p>\n\n\n\n<p class=\"wp-block-paragraph\">Portosta suosittelen jatkamaan it\u00e4\u00e4n Douron jokilaaksoon. <strong>T\u00e4m\u00e4 laakso on maailman vanhin viinintuotantoa varten rajattu alue<\/strong>, ja viinik\u00f6ynn\u00f6kset kasvavat t\u00e4\u00e4ll\u00e4 jyrkill\u00e4 terassirinteill\u00e4, jotka laskeutuvat suoraan jokeen. Junamatka (Linha do Douro) joen vartta pitkin kuuluu koko Portugalin romanttisimpiin el\u00e4myksiin.<\/p>\n\n\n<!-- GYG:BRAGA -->\n\n\n<h2 class=\"wp-block-heading\"><span class=\"ez-toc-section\" id=\"Minne_matkaa_Bragasta\"><\/span>Minne matkaa Bragasta<span class=\"ez-toc-section-end\"><\/span><\/h2>\n\n\n\n<p class=\"wp-block-paragraph\">Jos sinulla on vuokra-auto tai matkustat mielell\u00e4si junalla, Pohjois-Portugalilla on todella paljon tarjottavaa. Voit l\u00e4hte\u00e4 lumoavaan <a href=\"https:\/\/loudavymkrokem.cz\/fi\/porto-portugali-nahtavyydet\/\">Portoon<\/a>, joka hurmaa sinut melankolisella tunnelmallaan. Matkalla etel\u00e4\u00e4n pys\u00e4hdy ehdottomasti <a href=\"https:\/\/loudavymkrokem.cz\/fi\/aveiro-portugali-nahtavyydet\/\">Aveirossa<\/a>, jota vesikanaviensa ansiosta kutsutaan Portugalin Venetsiaksi. J\u00e4ttim\u00e4isten aaltojen ja surffaustunnelman per\u00e4ss\u00e4 suuntaa kuuluisaan <a href=\"https:\/\/loudavymkrokem.cz\/fi\/nazare-portugali-vinkit\/\">Nazar\u00e9hen<\/a>.<\/p>\n\n\n\n<p class=\"wp-block-paragraph\">Jos aiot tutkia koko maan, \u00e4l\u00e4 j\u00e4t\u00e4 v\u00e4liin <a href=\"https:\/\/loudavymkrokem.cz\/fi\/lissabon-portugali-nahtavyydet\/\">Lissabonin opasta<\/a> ja satumaista <a href=\"https:\/\/loudavymkrokem.cz\/fi\/sintra-portugali-nahtavyydet\/\">Sintraa<\/a> t\u00e4ynn\u00e4 v\u00e4rikk\u00e4it\u00e4 palatseja. L\u00e4hell\u00e4 Lissabonia sijaitsee my\u00f6s leppoisa rannikkokaupunki <a href=\"https:\/\/loudavymkrokem.cz\/fi\/cascais-portugali-nahtavyydet\/\">Cascais<\/a>. Ja jos sinua houkuttaa enemm\u00e4n aurinkoinen etel\u00e4, poikkea lumoavaan Algarveen, jossa sinua odottavat villit kalliot <a href=\"https:\/\/loudavymkrokem.cz\/fi\/sagres-portugali-vinkit\/\">Sagresissa<\/a>, rannat <a href=\"https:\/\/loudavymkrokem.cz\/fi\/lagos-portugali-vinkit\/\">Lagosissa<\/a> ja <a href=\"https:\/\/loudavymkrokem.cz\/fi\/carvoeiro-portugali\/\">Carvoeirossa<\/a> tai historialliset kaupungit kuten <a href=\"https:\/\/loudavymkrokem.cz\/fi\/silves-portugali-nahtavyydet\/\">Silves<\/a>, <a href=\"https:\/\/loudavymkrokem.cz\/fi\/tavira-portugali-nahtavyydet\/\">Tavira<\/a>, <a href=\"https:\/\/loudavymkrokem.cz\/fi\/faro-portugali-nahtavyydet\/\">Faro<\/a>, <a href=\"https:\/\/loudavymkrokem.cz\/fi\/loule-portugali\/\">Loul\u00e9<\/a> ja <a href=\"https:\/\/loudavymkrokem.cz\/fi\/olhao-portugali-nahtavyydet\/\">Olh\u00e3o<\/a>.<\/p>\n\n\n\n<h2 class=\"wp-block-heading\"><span class=\"ez-toc-section\" id=\"Usein_kysytyt_kysymykset\"><\/span>Usein kysytyt kysymykset<span class=\"ez-toc-section-end\"><\/span><\/h2>\n\n\n<div id=\"rank-math-faq\" class=\"rank-math-block\">\n<div class=\"rank-math-list \">\n<div id=\"faq-question-1780209113000\" class=\"rank-math-list-item\">\n<h3 class=\"rank-math-question \"><span class=\"ez-toc-section\" id=\"Miten_paasen_Portosta_Bragaan\"><\/span>Miten p\u00e4\u00e4sen Portosta Bragaan?<span class=\"ez-toc-section-end\"><\/span><\/h3>\n<div class=\"rank-math-answer \">\n\n<p>Liikenneyhteydet ovat eritt\u00e4in helppoja ja edullisia. <strong>Paras vaihtoehto ovat l\u00e4hijunat (CP \u2013 Comboios de Portugal)<\/strong>, jotka l\u00e4htev\u00e4t Porton S\u00e3o Benton tai Campanh\u00e3n asemalta. Matka kest\u00e4\u00e4 noin tunnin ja lippu maksaa vain muutaman euron. Junia kulkee eritt\u00e4in usein koko p\u00e4iv\u00e4n ajan.<\/p>\n\n<\/div>\n<\/div>\n<div id=\"faq-question-1780209113001\" class=\"rank-math-list-item\">\n<h3 class=\"rank-math-question \"><span class=\"ez-toc-section\" id=\"Kuinka_monta_paivaa_tarvitsen_Bragan_kiertelyyn\"><\/span>Kuinka monta p\u00e4iv\u00e4\u00e4 tarvitsen Bragan kiertelyyn?<span class=\"ez-toc-section-end\"><\/span><\/h3>\n<div class=\"rank-math-answer \">\n\n<p>Itse historialliseen keskustaan ja retkeen Bom Jesus do Monteen <strong>riitt\u00e4\u00e4 hyvin yksi t\u00e4ysi p\u00e4iv\u00e4<\/strong>. Jos kuitenkin haluat lis\u00e4t\u00e4 retken naapurikaupunki Guimar\u00e3esiin tai nauttia opiskelijakaupungin iltatunnelmasta, suosittelen j\u00e4\u00e4m\u00e4\u00e4n v\u00e4hint\u00e4\u00e4n kahdeksi y\u00f6ksi.<\/p>\n\n<\/div>\n<\/div>\n<div id=\"faq-question-1780209113002\" class=\"rank-math-list-item\">\n<h3 class=\"rank-math-question \"><span class=\"ez-toc-section\" id=\"Onko_keskusta_makista\"><\/span>Onko keskusta m\u00e4kist\u00e4?<span class=\"ez-toc-section-end\"><\/span><\/h3>\n<div class=\"rank-math-answer \">\n\n<p>Itse Bragan historiallinen keskusta on <strong>yll\u00e4tt\u00e4v\u00e4n tasaista ja eritt\u00e4in helposti k\u00e4velt\u00e4v\u00e4\u00e4 jalkaisin<\/strong>, mik\u00e4 on miellytt\u00e4v\u00e4 muutos verrattuna Porton tai Lissabonin jyrkiin katuihin. Pyhiinvaelluspaikkoihin kuten Bom Jesus do Monte ja Sameiro, jotka sijaitsevat ymp\u00e4r\u00f6ivill\u00e4 kukkuloilla, p\u00e4\u00e4set mukavasti bussilla, k\u00f6ysiradalla tai autolla.<\/p>\n\n<\/div>\n<\/div>\n<div id=\"faq-question-1780209113003\" class=\"rank-math-list-item\">\n<h3 class=\"rank-math-question \"><span class=\"ez-toc-section\" id=\"Toimivatko_Uber_ja_Bolt_Bragassa\"><\/span>Toimivatko Uber ja Bolt Bragassa?<span class=\"ez-toc-section-end\"><\/span><\/h3>\n<div class=\"rank-math-answer \">\n\n<p>Kyll\u00e4, <strong>sovellukset kuten Uber ja Bolt toimivat t\u00e4\u00e4ll\u00e4 t\u00e4ysin luotettavasti ja ovat hinnaltaan eritt\u00e4in edullisia<\/strong>. Se on loistava ja usein nopein vaihtoehto siirty\u00e4 kaupungin keskustasta kauempana sijaitseville kukkuloiden n\u00e4ht\u00e4vyyksille, jos et halua odottaa paikallisia busseja.<\/p>\n\n<\/div>\n<\/div>\n<div id=\"faq-question-1780209113004\" class=\"rank-math-list-item\">\n<h3 class=\"rank-math-question \"><span class=\"ez-toc-section\" id=\"Peritaanko_Bragassa_matkailuvero\"><\/span>Perit\u00e4\u00e4nk\u00f6 Bragassa matkailuvero?<span class=\"ez-toc-section-end\"><\/span><\/h3>\n<div class=\"rank-math-answer \">\n\n<p>Samoin kuin useimmissa suurissa portugalilaisissa kaupungeissa, my\u00f6s t\u00e4\u00e4ll\u00e4 <strong>otetaan asteittain k\u00e4ytt\u00f6\u00f6n turistimaksuja<\/strong>. Varaudu siihen, ett\u00e4 hotellissa tai loma-asunnossa y\u00f6pyess\u00e4si maksat pienen maksun henkil\u00f6\u00e4 ja y\u00f6t\u00e4 kohden, joka perit\u00e4\u00e4n suoraan vastaanotossa sis\u00e4\u00e4nkirjautumisen yhteydess\u00e4.<\/p>\n\n<\/div>\n<\/div>\n<div id=\"faq-question-1780209113005\" class=\"rank-math-list-item\">\n<h3 class=\"rank-math-question \"><span class=\"ez-toc-section\" id=\"Onko_koysirata_Bom_Jesukselle_kaytossa_ympari_vuoden\"><\/span>Onko k\u00f6ysirata Bom Jesukselle k\u00e4yt\u00f6ss\u00e4 ymp\u00e4ri vuoden?<span class=\"ez-toc-section-end\"><\/span><\/h3>\n<div class=\"rank-math-answer \">\n\n<p>Historiallinen vesik\u00e4ytt\u00f6inen k\u00f6ysirata <strong>liikenn\u00f6i ymp\u00e4ri vuoden, mutta p\u00e4\u00e4kes\u00e4kauden ulkopuolella sill\u00e4 on lyhyemm\u00e4t aukioloajat<\/strong>. Tarkista aina etuk\u00e4teen ajankohtainen aikataulu virallisista l\u00e4hteist\u00e4, jotta et j\u00e4\u00e4 paitsi t\u00e4st\u00e4 ainutlaatuisesta teknisest\u00e4 el\u00e4myksest\u00e4.<\/p>\n\n<\/div>\n<\/div>\n<div id=\"faq-question-1780209113006\" class=\"rank-math-list-item\">\n<h3 class=\"rank-math-question \"><span class=\"ez-toc-section\" id=\"Missa_on_parasta_pysakoida_vuokra-auto\"><\/span>Miss\u00e4 on parasta pys\u00e4k\u00f6id\u00e4 vuokra-auto?<span class=\"ez-toc-section-end\"><\/span><\/h3>\n<div class=\"rank-math-answer \">\n\n<p>Historiallisessa keskustassa kadunvarsipys\u00e4k\u00f6inti on hankalaa ja usein rajoitettua. <strong>Parasta on k\u00e4ytt\u00e4\u00e4 keskustan reunalla olevia maanalaisia maksullisia pys\u00e4k\u00f6intitaloja<\/strong>, esimerkiksi Pra\u00e7a da Rep\u00fablican aukion alla. Pyhiinvaelluspaikoilla Bom Jesuksella ja Sameirolla on k\u00e4yt\u00f6ss\u00e4 suuret ilmaiset tai eritt\u00e4in edulliset pys\u00e4k\u00f6intialueet.<\/p>\n\n<\/div>\n<\/div>\n<\/div>\n<\/div>","protected":false},"excerpt":{"rendered":"<p>Tutustu Portugalin Roomaan! Tarjoan sinulle 14 vinkki\u00e4 Bragan parhaista kohteista ainutlaatuisesta vesik\u00f6ysiradasta sykkiviin kahviloihin barokkimaisemissa.<\/p>\n","protected":false},"author":3,"featured_media":181973,"comment_status":"open","ping_status":"open","sticky":false,"template":"","format":"standard","meta":{"_acf_changed":false,"footnotes":"","rank_math_title":"Braga, Portugali: 14 vinkki\u00e4 n\u00e4ht\u00e4vyyksiin","rank_math_description":"Braga Portugali on pohjoisen barokkihelmi. Tutustu 14 parhaaseen n\u00e4ht\u00e4vyyteen, vinkkeihin ja retkiin \u2013 suunnittele unohtumaton matkasi jo nyt!","rank_math_focus_keyword":"braga portugali","rank_math_seo_score":""},"categories":[2129,2123,2179],"tags":[],"class_list":["post-327597","post","type-post","status-publish","format-standard","has-post-thumbnail","category-eurooppa","category-matkailu","category-portugali"],"acf":[],"featured_image_src":"https:\/\/loudavymkrokem.cz\/wp-content\/uploads\/2026\/05\/braga-portugal-hero-scaled.jpg","author_info":{"display_name":"Lucie Kone\u010dn\u00e1","author_link":"https:\/\/loudavymkrokem.cz\/fi\/author\/lucie-konecna\/"},"_links":{"self":[{"href":"https:\/\/loudavymkrokem.cz\/fi\/wp-json\/wp\/v2\/posts\/327597","targetHints":{"allow":["GET"]}}],"collection":[{"href":"https:\/\/loudavymkrokem.cz\/fi\/wp-json\/wp\/v2\/posts"}],"about":[{"href":"https:\/\/loudavymkrokem.cz\/fi\/wp-json\/wp\/v2\/types\/post"}],"author":[{"embeddable":true,"href":"https:\/\/loudavymkrokem.cz\/fi\/wp-json\/wp\/v2\/users\/3"}],"replies":[{"embeddable":true,"href":"https:\/\/loudavymkrokem.cz\/fi\/wp-json\/wp\/v2\/comments?post=327597"}],"version-history":[{"count":0,"href":"https:\/\/loudavymkrokem.cz\/fi\/wp-json\/wp\/v2\/posts\/327597\/revisions"}],"wp:featuredmedia":[{"embeddable":true,"href":"https:\/\/loudavymkrokem.cz\/fi\/wp-json\/wp\/v2\/media\/181973"}],"wp:attachment":[{"href":"https:\/\/loudavymkrokem.cz\/fi\/wp-json\/wp\/v2\/media?parent=327597"}],"wp:term":[{"taxonomy":"category","embeddable":true,"href":"https:\/\/loudavymkrokem.cz\/fi\/wp-json\/wp\/v2\/categories?post=327597"},{"taxonomy":"post_tag","embeddable":true,"href":"https:\/\/loudavymkrokem.cz\/fi\/wp-json\/wp\/v2\/tags?post=327597"}],"curies":[{"name":"wp","href":"https:\/\/api.w.org\/{rel}","templated":true}]}}