{"id":324870,"date":"2026-05-31T10:55:53","date_gmt":"2026-05-31T08:55:53","guid":{"rendered":"https:\/\/loudavymkrokem.cz\/prahassa-puutarhat-puistot\/"},"modified":"2026-08-01T20:44:15","modified_gmt":"2026-08-01T18:44:15","slug":"prahassa-puutarhat-puistot","status":"publish","type":"post","link":"https:\/\/loudavymkrokem.cz\/fi\/prahassa-puutarhat-puistot\/","title":{"rendered":"Prahan kauneimmat puutarhat ja puistot: 15 vinkki\u00e4 k\u00e4velyretkelle (2026)"},"content":{"rendered":"\n<!-- lk-tldr -->\n<div class=\"lk-tldr\" style=\"background:#f7f5f0;border-left:4px solid #c39f76;border-radius:0 10px 10px 0;padding:14px 18px;margin:0 0 26px;font-size:15px;line-height:1.65;\"><strong style=\"display:block;font-size:12px;text-transform:uppercase;letter-spacing:.06em;color:#a9885a;margin-bottom:5px;\">TL;DR<\/strong>Prahan kauneimmat puutarhat ja puistot -listalta l\u00f6yd\u00e4t 15 vinkki\u00e4, joista erottuvat barokkinen <strong>Vrtbovsk\u00e1 zahrada<\/strong> -puutarha n\u00e4k\u00f6alalla Mal\u00e1 Straniin (p\u00e4\u00e4symaksu noin 130 CZK), maksutta avoinna oleva <strong>Vald\u0161tejnsk\u00e1 zahrada<\/strong> riikinkukkoineen ja laaja, esteett\u00f6m\u00e4sti kuljettava <strong>Stromovka<\/strong>, joka sopii mainiosti lastenrattaiden kanssa liikkuville perheille. Mal\u00e1 Stranan ja Prahan linnan alla sijaitsevat historialliset palatsipuutarhat ovat auki kausiluontoisesti 1. huhtikuuta\u201331. lokakuuta, kun taas suuret puistot, kuten Letn\u00e1, Riegrovy sady ja Pet\u0159\u00edn, ovat avoinna ymp\u00e4ri vuoden ja ymp\u00e4ri vuorokauden. Parhaat kuukaudet k\u00e4velyretkille ovat huhti- ja toukokuu, kun Pet\u0159\u00edn on kukkeimmillaan, tai vaihtoehtoisesti syys- ja lokakuu, kun Letn\u00e1ll\u00e4 ja Riegrovy sadyssa nautitaan ruskan v\u00e4reist\u00e4. V\u00e4hemm\u00e4n tunnettuja vinkkej\u00e4 ovat Vojanovy sady, viinitarhallinen ja luolarakennelmalla varustettu Gr\u00e9bovka sek\u00e4 Divok\u00e1 \u0160\u00e1rkan koskematon luonto kallioineen ja luonnollisine uimapaikkoineen.<\/div>\n<!-- \/lk-tldr -->\n\n\n\n<!-- lk-navbar -->\n<div class=\"lk-navbar\" style=\"margin:0 0 28px;\"><div style=\"font-size:12px;text-transform:uppercase;letter-spacing:.06em;color:#a9885a;font-weight:700;margin-bottom:9px;\">Pikalinkit<\/div><div style=\"display:flex;flex-wrap:wrap;gap:9px;\"><a href=\"#Missa_majoittua\" style=\"background:#c39f76;color:#fff;border:1px solid #c39f76;padding:9px 15px;border-radius:22px;font-size:14px;font-weight:700;text-decoration:none;display:inline-block;line-height:1;\">\ud83d\udccd Miss\u00e4 y\u00f6py\u00e4<\/a><a href=\"#Minne_seuraavaksi\" style=\"background:#fff;color:#6b5a44;border:1px solid #e2d6c1;padding:9px 15px;border-radius:22px;font-size:14px;font-weight:600;text-decoration:none;display:inline-block;line-height:1;\">\ud83e\udded L\u00e4hist\u00f6ll\u00e4<\/a><a href=\"#Milloin_kannattaa_lahtea_Prahan_puutarhoihin_ja_puistoihin\" style=\"background:#fff;color:#6b5a44;border:1px solid #e2d6c1;padding:9px 15px;border-radius:22px;font-size:14px;font-weight:600;text-decoration:none;display:inline-block;line-height:1;\">\u2600\ufe0f Milloin menn\u00e4<\/a><a href=\"#Kaytannon_tietoa_ja_vinkkeja_vierailulle\" style=\"background:#fff;color:#6b5a44;border:1px solid #e2d6c1;padding:9px 15px;border-radius:22px;font-size:14px;font-weight:600;text-decoration:none;display:inline-block;line-height:1;\">\ud83d\udca1 Vinkit<\/a><a href=\"#Usein_kysytyt_kysymykset\" style=\"background:#fff;color:#6b5a44;border:1px solid #e2d6c1;padding:9px 15px;border-radius:22px;font-size:14px;font-weight:600;text-decoration:none;display:inline-block;line-height:1;\">\u2753 UKK<\/a><\/div><\/div>\n<!-- \/lk-navbar -->\n\n\n\n<p class=\"wp-block-paragraph\">Kun puhutaan Prahan puutarhoista ja puistoista, mieleeni palaa aina aika, jolloin k\u00e4vin <strong>Mal\u00e1 Stranan lukiota<\/strong> ja vietin lounastauot k\u00e4velem\u00e4ll\u00e4 l\u00e4hipuutarhoissa. Praha ei ole minulle koskaan ollut pelkk\u00e4 kivien, goottilaisten tornien ja mukulakivikatujen kaupunki. Se oli <strong>mutkikas verkosto piilotettuja sis\u00e4pihoja<\/strong>, terassoituja puutarhoja ja laajoja puistoja, jotka muodostivat luonnollisen kulissin nuoruudelleni ja opiskeluvuosilleni.<\/p>\n\n\n\n<p class=\"wp-block-paragraph\">Kun my\u00f6hemmin suoritin <strong>Kaarlen yliopistossa<\/strong> valokuvajournalismin kurssin, vietin tuntikausia odottaen t\u00e4ydellist\u00e4 valoa barokkipuutarhojen hiljaisissa nurkkauksissa. Raskas j\u00e4rjestelm\u00e4kamera kaulassa dokumentoin, miten varjot muuttuivat rapautuneilla muureilla ja miten villi luonto tunkeutui tarkkaan leikattuihin pensasaitoihin. Silloin opin tuntemaan n\u00e4m\u00e4 vihre\u00e4t keitaat aivan toisesta n\u00e4k\u00f6kulmasta \u2013 en pikaisen levon paikkoina vaan <strong>itsen\u00e4isin\u00e4 arkkitehtonisina teoksina<\/strong>, joilla on omat s\u00e4\u00e4nt\u00f6ns\u00e4 ja rytmins\u00e4.<\/p>\n\n\n\n<p class=\"wp-block-paragraph\">Nyky\u00e4\u00e4n palaamme Prahaan mieheni <strong>Luk\u00e1\u0161in<\/strong> kanssa joka vuosi ja l\u00f6yd\u00e4mme kaupungin yh\u00e4 uudelleen \u2013 t\u00e4ll\u00e4 kertaa tahdissa, jonka m\u00e4\u00e4r\u00e4\u00e4 kaksivuotias poikamme <strong>Jon\u00e1\u0161<\/strong>. Olen huomannut, ett\u00e4 romanttiset terassoidut puutarhat kymmenine portaineen, joita ennen niin rakastin, ovat lastenvaunujen kanssa t\u00e4ydellinen painajainen. N\u00e4kemykseni Prahan vihreydest\u00e4 on muuttunut radikaalisti. Aloin arvostaa <strong>leveit\u00e4 asfalttiteit\u00e4, esteett\u00f6mi\u00e4 sis\u00e4\u00e4nk\u00e4yntej\u00e4<\/strong> ja varjoisia paikkoja kookkaiden puiden alla, joihin voi rauhassa levitt\u00e4\u00e4 piknikpeiton kasvisev\u00e4\u00e4n kera.<\/p>\n\n\n\n<p class=\"wp-block-paragraph\">Prahan puistot ovat jatkuvassa muutoksessa. Toiset k\u00e4yv\u00e4t l\u00e4pi hienovaraista kunnostusta, toiset s\u00e4ilytt\u00e4v\u00e4t hieman hoitamattoman, melankolisen ilmeens\u00e4, jonka olen tuntenut jo lukioajoista. P\u00e4ivit\u00e4n t\u00e4t\u00e4 teksti\u00e4 vuosittain, ja sen viimeisin versio kuvaa tilannetta <strong>huhtikuussa 2026<\/strong>. Etsitp\u00e4 sitten t\u00e4ydellist\u00e4 n\u00e4kym\u00e4\u00e4 punaisille katoille, rauhallista paikkaa kirjan lukemiseen tai tilaa, jossa lapsesi voivat juosta turvallisesti, minulla on sinulle <strong>lista suosikkipaikoistani<\/strong>, jotka p\u00f6yd\u00e4n \u00e4\u00e4ress\u00e4 laaditut oppaat often unohtavat.<\/p>\n\n\n\n<figure data-wp-context=\"{&quot;imageId&quot;:&quot;6a9724d935069&quot;}\" data-wp-interactive=\"core\/image\" data-wp-key=\"6a9724d935069\" class=\"wp-block-image size-full wp-lightbox-container\"><img decoding=\"async\" width=\"2000\" height=\"1333\" data-wp-class--hide=\"state.isContentHidden\" data-wp-class--show=\"state.isContentVisible\" data-wp-init=\"callbacks.setButtonStyles\" data-wp-on--click=\"actions.showLightbox\" data-wp-on--load=\"callbacks.setButtonStyles\" data-wp-on--pointerdown=\"actions.preloadImage\" data-wp-on--pointerenter=\"actions.preloadImageWithDelay\" data-wp-on--pointerleave=\"actions.cancelPreload\" data-wp-on-window--resize=\"callbacks.setButtonStyles\" src=\"https:\/\/loudavymkrokem.cz\/wp-content\/uploads\/2023\/07\/vrtbovske-zahrady-praha.jpg\" alt=\"Vrtban puutarha: barokkikeidas Karmelitsk\u00e1ssa\" class=\"wp-image-63063\" title=\"\" srcset=\"https:\/\/loudavymkrokem.cz\/wp-content\/uploads\/2023\/07\/vrtbovske-zahrady-praha.jpg 2000w, https:\/\/loudavymkrokem.cz\/wp-content\/uploads\/2023\/07\/vrtbovske-zahrady-praha-300x200.jpg 300w, https:\/\/loudavymkrokem.cz\/wp-content\/uploads\/2023\/07\/vrtbovske-zahrady-praha-700x467.jpg 700w, https:\/\/loudavymkrokem.cz\/wp-content\/uploads\/2023\/07\/vrtbovske-zahrady-praha-768x512.jpg 768w, https:\/\/loudavymkrokem.cz\/wp-content\/uploads\/2023\/07\/vrtbovske-zahrady-praha-1536x1024.jpg 1536w, https:\/\/loudavymkrokem.cz\/wp-content\/uploads\/2023\/07\/vrtbovske-zahrady-praha-696x464.jpg 696w, https:\/\/loudavymkrokem.cz\/wp-content\/uploads\/2023\/07\/vrtbovske-zahrady-praha-1392x928.jpg 1392w, https:\/\/loudavymkrokem.cz\/wp-content\/uploads\/2023\/07\/vrtbovske-zahrady-praha-1920x1280.jpg 1920w\" sizes=\"(max-width: 2000px) 100vw, 2000px\" \/><button\n\t\t\tclass=\"lightbox-trigger\"\n\t\t\ttype=\"button\"\n\t\t\taria-haspopup=\"dialog\"\n\t\t\tdata-wp-bind--aria-label=\"state.thisImage.triggerButtonAriaLabel\"\n\t\t\tdata-wp-init=\"callbacks.initTriggerButton\"\n\t\t\tdata-wp-on--click=\"actions.showLightbox\"\n\t\t\tdata-wp-style--right=\"state.thisImage.buttonRight\"\n\t\t\tdata-wp-style--top=\"state.thisImage.buttonTop\"\n\t\t>\n\t\t\t<svg xmlns=\"http:\/\/www.w3.org\/2000\/svg\" width=\"12\" height=\"12\" fill=\"none\" viewBox=\"0 0 12 12\">\n\t\t\t\t<path fill=\"#fff\" d=\"M2 0a2 2 0 0 0-2 2v2h1.5V2a.5.5 0 0 1 .5-.5h2V0H2Zm2 10.5H2a.5.5 0 0 1-.5-.5V8H0v2a2 2 0 0 0 2 2h2v-1.5ZM8 12v-1.5h2a.5.5 0 0 0 .5-.5V8H12v2a2 2 0 0 1-2 2H8Zm2-12a2 2 0 0 1 2 2v2h-1.5V2a.5.5 0 0 0-.5-.5H8V0h2Z\" \/>\n\t\t\t<\/svg>\n\t\t<\/button><figcaption class=\"wp-element-caption\">Vrtban puutarha: barokkikeidas Karmelitsk\u00e1ssa<\/figcaption><\/figure>\n\n\n\n<div id=\"ez-toc-container\" class=\"ez-toc-v2_0_87 ez-toc-wrap-left counter-hierarchy ez-toc-counter ez-toc-grey ez-toc-container-direction\">\n<div class=\"ez-toc-title-container\">\n<p class=\"ez-toc-title\" style=\"cursor:inherit\">Artikkelin sis\u00e4lt\u00f6<\/p>\n<span class=\"ez-toc-title-toggle\"><a href=\"#\" class=\"ez-toc-pull-right ez-toc-btn ez-toc-btn-xs ez-toc-btn-default ez-toc-toggle\" aria-label=\"Toggle Table of Content\"><span class=\"ez-toc-js-icon-con\"><span class=\"\"><span class=\"eztoc-hide\" style=\"display:none;\">Toggle<\/span><span class=\"ez-toc-icon-toggle-span\"><svg style=\"fill: #999;color:#999\" xmlns=\"http:\/\/www.w3.org\/2000\/svg\" class=\"list-377408\" width=\"20px\" height=\"20px\" viewBox=\"0 0 24 24\" fill=\"none\"><path d=\"M6 6H4v2h2V6zm14 0H8v2h12V6zM4 11h2v2H4v-2zm16 0H8v2h12v-2zM4 16h2v2H4v-2zm16 0H8v2h12v-2z\" fill=\"currentColor\"><\/path><\/svg><svg style=\"fill: #999;color:#999\" class=\"arrow-unsorted-368013\" xmlns=\"http:\/\/www.w3.org\/2000\/svg\" width=\"10px\" height=\"10px\" viewBox=\"0 0 24 24\" version=\"1.2\" baseProfile=\"tiny\"><path d=\"M18.2 9.3l-6.2-6.3-6.2 6.3c-.2.2-.3.4-.3.7s.1.5.3.7c.2.2.4.3.7.3h11c.3 0 .5-.1.7-.3.2-.2.3-.5.3-.7s-.1-.5-.3-.7zM5.8 14.7l6.2 6.3 6.2-6.3c.2-.2.3-.5.3-.7s-.1-.5-.3-.7c-.2-.2-.4-.3-.7-.3h-11c-.3 0-.5.1-.7.3-.2.2-.3.5-.3.7s.1.5.3.7z\"\/><\/svg><\/span><\/span><\/span><\/a><\/span><\/div>\n<nav><ul class='ez-toc-list ez-toc-list-level-1 ' ><ul class='ez-toc-list-level-3' ><li class='ez-toc-heading-level-3'><a class=\"ez-toc-link ez-toc-heading-1\" href=\"https:\/\/loudavymkrokem.cz\/fi\/prahassa-puutarhat-puistot\/#Yhteenveto_niille_joilla_ei_ole_aikaa_lukea_koko_artikkelia\" >Yhteenveto niille, joilla ei ole aikaa lukea koko artikkelia<\/a><\/li><\/ul><\/li><li class='ez-toc-page-1 ez-toc-heading-level-2'><a class=\"ez-toc-link ez-toc-heading-2\" href=\"https:\/\/loudavymkrokem.cz\/fi\/prahassa-puutarhat-puistot\/#Milloin_kannattaa_lahtea_Prahan_puutarhoihin_ja_puistoihin\" >Milloin kannattaa l\u00e4hte\u00e4 Prahan puutarhoihin ja puistoihin<\/a><ul class='ez-toc-list-level-3' ><li class='ez-toc-heading-level-3'><a class=\"ez-toc-link ez-toc-heading-3\" href=\"https:\/\/loudavymkrokem.cz\/fi\/prahassa-puutarhat-puistot\/#Kevat_ja_kesa_Praha_taydessa_kukassa\" >Kev\u00e4t ja kes\u00e4: Praha t\u00e4ydess\u00e4 kukassa<\/a><\/li><li class='ez-toc-page-1 ez-toc-heading-level-3'><a class=\"ez-toc-link ez-toc-heading-4\" href=\"https:\/\/loudavymkrokem.cz\/fi\/prahassa-puutarhat-puistot\/#Syksy_ja_talvi_melankolia_ja_rauha\" >Syksy ja talvi: melankolia ja rauha<\/a><\/li><\/ul><\/li><li class='ez-toc-page-1 ez-toc-heading-level-2'><a class=\"ez-toc-link ez-toc-heading-5\" href=\"https:\/\/loudavymkrokem.cz\/fi\/prahassa-puutarhat-puistot\/#Missa_majoittua\" >Miss\u00e4 majoittua<\/a><\/li><li class='ez-toc-page-1 ez-toc-heading-level-2'><a class=\"ez-toc-link ez-toc-heading-6\" href=\"https:\/\/loudavymkrokem.cz\/fi\/prahassa-puutarhat-puistot\/#Barokki-_ja_palatsipuutarhat_missa_aika_pysahtyi\" >Barokki- ja palatsipuutarhat (miss\u00e4 aika pys\u00e4htyi)<\/a><ul class='ez-toc-list-level-3' ><li class='ez-toc-heading-level-3'><a class=\"ez-toc-link ez-toc-heading-7\" href=\"https:\/\/loudavymkrokem.cz\/fi\/prahassa-puutarhat-puistot\/#Vrtban_puutarha\" >Vrtban puutarha<\/a><\/li><li class='ez-toc-page-1 ez-toc-heading-level-3'><a class=\"ez-toc-link ez-toc-heading-8\" href=\"https:\/\/loudavymkrokem.cz\/fi\/prahassa-puutarhat-puistot\/#Valdstejnin_puutarha\" >Vald\u0161tejnin puutarha<\/a><\/li><li class='ez-toc-page-1 ez-toc-heading-level-3'><a class=\"ez-toc-link ez-toc-heading-9\" href=\"https:\/\/loudavymkrokem.cz\/fi\/prahassa-puutarhat-puistot\/#Prahan_linnan_kuninkaallinen_puutarha\" >Prahan linnan kuninkaallinen puutarha<\/a><\/li><li class='ez-toc-page-1 ez-toc-heading-level-3'><a class=\"ez-toc-link ez-toc-heading-10\" href=\"https:\/\/loudavymkrokem.cz\/fi\/prahassa-puutarhat-puistot\/#Prahan_linnan_alapuoliset_palatsipuutarhat\" >Prahan linnan alapuoliset palatsipuutarhat<\/a><\/li><li class='ez-toc-page-1 ez-toc-heading-level-3'><a class=\"ez-toc-link ez-toc-heading-11\" href=\"https:\/\/loudavymkrokem.cz\/fi\/prahassa-puutarhat-puistot\/#Vojanin_puisto\" >Vojanin puisto<\/a><\/li><\/ul><\/li><li class='ez-toc-page-1 ez-toc-heading-level-2'><a class=\"ez-toc-link ez-toc-heading-12\" href=\"https:\/\/loudavymkrokem.cz\/fi\/prahassa-puutarhat-puistot\/#Prahan_suuret_kaupunkipuistot_missa_koko_kaupunki_elaa\" >Prahan suuret kaupunkipuistot (miss\u00e4 koko kaupunki el\u00e4\u00e4)<\/a><ul class='ez-toc-list-level-3' ><li class='ez-toc-heading-level-3'><a class=\"ez-toc-link ez-toc-heading-13\" href=\"https:\/\/loudavymkrokem.cz\/fi\/prahassa-puutarhat-puistot\/#Petrinin_puisto_ja_Ruusutarha\" >Pet\u0159\u00ednin puisto ja Ruusutarha<\/a><\/li><li class='ez-toc-page-1 ez-toc-heading-level-3'><a class=\"ez-toc-link ez-toc-heading-14\" href=\"https:\/\/loudavymkrokem.cz\/fi\/prahassa-puutarhat-puistot\/#Stromovka_Kuninkaallinen_puisto\" >Stromovka (Kuninkaallinen puisto)<\/a><\/li><li class='ez-toc-page-1 ez-toc-heading-level-3'><a class=\"ez-toc-link ez-toc-heading-15\" href=\"https:\/\/loudavymkrokem.cz\/fi\/prahassa-puutarhat-puistot\/#Riegrin_puisto\" >Riegrin puisto<\/a><\/li><li class='ez-toc-page-1 ez-toc-heading-level-3'><a class=\"ez-toc-link ez-toc-heading-16\" href=\"https:\/\/loudavymkrokem.cz\/fi\/prahassa-puutarhat-puistot\/#Letnan_puisto\" >Letn\u00e1n puisto<\/a><\/li><li class='ez-toc-page-1 ez-toc-heading-level-3'><a class=\"ez-toc-link ez-toc-heading-17\" href=\"https:\/\/loudavymkrokem.cz\/fi\/prahassa-puutarhat-puistot\/#Kampan_saari\" >Kampan saari<\/a><\/li><\/ul><\/li><li class='ez-toc-page-1 ez-toc-heading-level-2'><a class=\"ez-toc-link ez-toc-heading-18\" href=\"https:\/\/loudavymkrokem.cz\/fi\/prahassa-puutarhat-puistot\/#Piilotetut_vihreat_nurkkaukset_minne_paeta_vakijoukkoja\" >Piilotetut vihre\u00e4t nurkkaukset (minne paeta v\u00e4kijoukkoja)<\/a><ul class='ez-toc-list-level-3' ><li class='ez-toc-heading-level-3'><a class=\"ez-toc-link ez-toc-heading-19\" href=\"https:\/\/loudavymkrokem.cz\/fi\/prahassa-puutarhat-puistot\/#Havlicekin_puisto_Grebovka\" >Havl\u00ed\u010dekin puisto (Gr\u00e9bovka)<\/a><\/li><li class='ez-toc-page-1 ez-toc-heading-level-3'><a class=\"ez-toc-link ez-toc-heading-20\" href=\"https:\/\/loudavymkrokem.cz\/fi\/prahassa-puutarhat-puistot\/#Kinskyn_puutarha\" >Kinsk\u00fdn puutarha<\/a><\/li><li class='ez-toc-page-1 ez-toc-heading-level-3'><a class=\"ez-toc-link ez-toc-heading-21\" href=\"https:\/\/loudavymkrokem.cz\/fi\/prahassa-puutarhat-puistot\/#Divoka_Sarka\" >Divok\u00e1 \u0160\u00e1rka<\/a><\/li><li class='ez-toc-page-1 ez-toc-heading-level-3'><a class=\"ez-toc-link ez-toc-heading-22\" href=\"https:\/\/loudavymkrokem.cz\/fi\/prahassa-puutarhat-puistot\/#Fransiskaanien_puutarha\" >Fransiskaanien puutarha<\/a><\/li><li class='ez-toc-page-1 ez-toc-heading-level-3'><a class=\"ez-toc-link ez-toc-heading-23\" href=\"https:\/\/loudavymkrokem.cz\/fi\/prahassa-puutarhat-puistot\/#Prahan_linnan_etelaiset_puutarhat_ja_Kauriinvallihauta\" >Prahan linnan etel\u00e4iset puutarhat ja Kauriinvallihauta<\/a><\/li><\/ul><\/li><li class='ez-toc-page-1 ez-toc-heading-level-2'><a class=\"ez-toc-link ez-toc-heading-24\" href=\"https:\/\/loudavymkrokem.cz\/fi\/prahassa-puutarhat-puistot\/#Missa_syoda_kavelyretken_jalkeen\" >Miss\u00e4 sy\u00f6d\u00e4 k\u00e4velyretken j\u00e4lkeen<\/a><ul class='ez-toc-list-level-3' ><li class='ez-toc-heading-level-3'><a class=\"ez-toc-link ez-toc-heading-25\" href=\"https:\/\/loudavymkrokem.cz\/fi\/prahassa-puutarhat-puistot\/#Suosikkibistroni_ja_-kahvilani\" >Suosikkibistroni ja -kahvilani<\/a><\/li><\/ul><\/li><li class='ez-toc-page-1 ez-toc-heading-level-2'><a class=\"ez-toc-link ez-toc-heading-26\" href=\"https:\/\/loudavymkrokem.cz\/fi\/prahassa-puutarhat-puistot\/#Kaytannon_tietoa_ja_vinkkeja_vierailulle\" >K\u00e4yt\u00e4nn\u00f6n tietoa ja vinkkej\u00e4 vierailulle<\/a><\/li><li class='ez-toc-page-1 ez-toc-heading-level-2'><a class=\"ez-toc-link ez-toc-heading-27\" href=\"https:\/\/loudavymkrokem.cz\/fi\/prahassa-puutarhat-puistot\/#Minne_seuraavaksi\" >Minne seuraavaksi<\/a><\/li><li class='ez-toc-page-1 ez-toc-heading-level-2'><a class=\"ez-toc-link ez-toc-heading-28\" href=\"https:\/\/loudavymkrokem.cz\/fi\/prahassa-puutarhat-puistot\/#Usein_kysytyt_kysymykset\" >Usein kysytyt kysymykset<\/a><ul class='ez-toc-list-level-3' ><li class='ez-toc-heading-level-3'><a class=\"ez-toc-link ez-toc-heading-29\" href=\"https:\/\/loudavymkrokem.cz\/fi\/prahassa-puutarhat-puistot\/#Mitka_puutarhat_Prahassa_ovat_ilmaisia\" >Mitk\u00e4 puutarhat Prahassa ovat ilmaisia?<\/a><\/li><li class='ez-toc-page-1 ez-toc-heading-level-3'><a class=\"ez-toc-link ez-toc-heading-30\" href=\"https:\/\/loudavymkrokem.cz\/fi\/prahassa-puutarhat-puistot\/#Mista_loytyvat_parhaat_nakymat_Prahaan\" >Mist\u00e4 l\u00f6ytyv\u00e4t parhaat n\u00e4kym\u00e4t Prahaan?<\/a><\/li><li class='ez-toc-page-1 ez-toc-heading-level-3'><a class=\"ez-toc-link ez-toc-heading-31\" href=\"https:\/\/loudavymkrokem.cz\/fi\/prahassa-puutarhat-puistot\/#Ovatko_Prahan_puutarhat_auki_myos_talvella\" >Ovatko Prahan puutarhat auki my\u00f6s talvella?<\/a><\/li><li class='ez-toc-page-1 ez-toc-heading-level-3'><a class=\"ez-toc-link ez-toc-heading-32\" href=\"https:\/\/loudavymkrokem.cz\/fi\/prahassa-puutarhat-puistot\/#Mihin_puistoihin_voin_menna_lastenvaunujen_kanssa\" >Mihin puistoihin voin menn\u00e4 lastenvaunujen kanssa?<\/a><\/li><li class='ez-toc-page-1 ez-toc-heading-level-3'><a class=\"ez-toc-link ez-toc-heading-33\" href=\"https:\/\/loudavymkrokem.cz\/fi\/prahassa-puutarhat-puistot\/#Missa_voin_pitaa_piknikin_Prahassa\" >Miss\u00e4 voin pit\u00e4\u00e4 piknikin Prahassa?<\/a><\/li><li class='ez-toc-page-1 ez-toc-heading-level-3'><a class=\"ez-toc-link ez-toc-heading-34\" href=\"https:\/\/loudavymkrokem.cz\/fi\/prahassa-puutarhat-puistot\/#Mista_loydan_puistoissa_wc_t\" >Mist\u00e4 l\u00f6yd\u00e4n puistoissa wc:t?<\/a><\/li><\/ul><\/li><\/ul><\/nav><\/div>\n<h3 class=\"wp-block-heading\"><span class=\"ez-toc-section\" id=\"Yhteenveto_niille_joilla_ei_ole_aikaa_lukea_koko_artikkelia\"><\/span>Yhteenveto niille, joilla ei ole aikaa lukea koko artikkelia<span class=\"ez-toc-section-end\"><\/span><\/h3>\n\n\n\n<ul class=\"wp-block-list\">\n\n\n<li>Suurin osa historiallisista palatsipuutarhoista (mukaan lukien Vrtban puutarha ja Prahan linnan alapuoliset) avaa porttinsa yksinomaan kes\u00e4kaudella, tyypillisesti <strong>1. huhtikuuta\u201331. lokakuuta<\/strong>.<\/li>\n\n\n\n<li>Lastenvaunuperheille ehdoton voittaja on <strong>Stromovka<\/strong>. T\u00e4\u00e4lt\u00e4 l\u00f6yd\u00e4t kilometreitt\u00e4in sileit\u00e4 teit\u00e4, modernin leikkipuiston ja runsaasti varjoa. Mal\u00e1 Stranan terassoidut barokkipuutarhat kannattaa j\u00e4tt\u00e4\u00e4 lastenvaunujen kanssa v\u00e4liin.<\/li>\n\n\n\n<li><strong>Vrtban puutarha<\/strong> tarjoaa mielest\u00e4ni kaikkein valokuvauksellisimman n\u00e4kym\u00e4n Prahan linnalle ja Pyh\u00e4n Nikolauksen kirkolle, eik\u00e4 t\u00e4\u00e4ll\u00e4 ole niit\u00e4 satoja ihmisi\u00e4, jotka tungeksivat klassisilla n\u00e4k\u00f6alapaikoilla.<\/li>\n\n\n\n<li>Sis\u00e4\u00e4np\u00e4\u00e4sy <strong>Vald\u0161tejnin puutarhaan<\/strong> on ilmainen. T\u00e4\u00e4ll\u00e4 voit ihailla monumentaalista sala terrenaa ja vapaasti juoksentelevia riikinkukkoja, mutta huomioi aukioloajat, jotka m\u00e4\u00e4r\u00e4ytyv\u00e4t senaatin istuntojen mukaan.<\/li>\n\n\n\n<li>Jos haluat kokea aitoa er\u00e4maata kaupungin rajojen sis\u00e4ll\u00e4, matkusta raitiovaunulla <strong>Divok\u00e1 \u0160\u00e1rkaan<\/strong>. Kalliot, mets\u00e4t ja luonnonuimala saavat sinut unohtamaan, ett\u00e4 olet suurkaupungissa.<\/li>\n\n\n\n<li>Parhaat auringonlaskut n\u00e4kym\u00e4ll\u00e4 Hrad\u010danylle koet <strong>Riegrin puistossa<\/strong> Vinohradyssa. Se on paikka, jonne paikalliset kokoontuvat iltap\u00e4iv\u00e4ll\u00e4 viinipullon ja peiton kanssa.<\/li>\n\n\n\n<li><strong>Vojanin puisto<\/strong> on piilotettu keidas lyhyen k\u00e4velymatkan p\u00e4\u00e4ss\u00e4 vilkkaalta Malostransk\u00e1n metroasemalta. Hiljaisuutta, penkkej\u00e4 hedelm\u00e4puiden alla ja rauhaa, jota keskustassa ei helposti l\u00f6yd\u00e4.<\/li>\n\n\n\n<li><strong>Havl\u00ed\u010dekin puistossa (Gr\u00e9bovka)<\/strong> voit k\u00e4vell\u00e4 aidossa viinitarhassa ja ihailla keinotekoista Grotta-luolaa, joka kunnostettiin hiljattain upeasti.<\/li>\n<\/ul>\n\n\n\n<h2 class=\"wp-block-heading\"><span class=\"ez-toc-section\" id=\"Milloin_kannattaa_lahtea_Prahan_puutarhoihin_ja_puistoihin\"><\/span>Milloin kannattaa l\u00e4hte\u00e4 Prahan puutarhoihin ja puistoihin<span class=\"ez-toc-section-end\"><\/span><\/h2>\n\n\n\n<p class=\"wp-block-paragraph\">Prahan vihreys el\u00e4\u00e4 oman kalenterinsa mukaan, joka jakaa vuoden tiukasti kahteen puoliskoon. Kun <strong>suuret kaupunkipuistot ovat avoinna ymp\u00e4ri vuoden<\/strong> ja vaihtavat vain v\u00e4ripalettiaan, historialliset barokkipuutarhat vaipuvat talveksi syv\u00e4\u00e4n uneen ja niiden raskaat takorautaportit pysyv\u00e4t lukossa.<\/p>\n\n\n\n<h3 class=\"wp-block-heading\"><span class=\"ez-toc-section\" id=\"Kevat_ja_kesa_Praha_taydessa_kukassa\"><\/span>Kev\u00e4t ja kes\u00e4: Praha t\u00e4ydess\u00e4 kukassa<span class=\"ez-toc-section-end\"><\/span><\/h3>\n\n\n\n<p class=\"wp-block-paragraph\">Kev\u00e4t on Prahassa aivan ratkaiseva. Huhti- ja toukokuu v\u00e4rj\u00e4\u00e4v\u00e4t <strong>Pet\u0159\u00ednin<\/strong> rinteet vaaleanpunaisiksi ja valkoisiksi, ilma tuoksuu ja kaupunki her\u00e4\u00e4 harmaasta talvesta. T\u00e4m\u00e4 ajanjakso on ihanteellinen puutarhavierailulle, koska l\u00e4mp\u00f6tilat eiv\u00e4t viel\u00e4 yll\u00e4 kes\u00e4n \u00e4\u00e4rimm\u00e4isyyksiin ja nurmi on raikkaan vihre\u00e4\u00e4. Yrit\u00e4 nousta aikaisin ja l\u00e4hte\u00e4 puutarhoihin heti aukeamisen j\u00e4lkeen, noin yhdeks\u00e4lt\u00e4 aamulla. Silloin nurmikoilla kimaltelee kaste ja penkit ovat tyhji\u00e4 vain sinua varten.<\/p>\n\n\n\n<p class=\"wp-block-paragraph\">Kes\u00e4- ja elokuun my\u00f6t\u00e4 kadut kuumenevat ja kookkaiden puiden varjosta tulee harvinaista herkkua. Kes\u00e4n helteess\u00e4 historiallinen keskusta ylikuumenee, joten pako <strong>Stromovkaan<\/strong> tai <strong>Kampan<\/strong> plataanien alle on selviytymisen kannalta v\u00e4ltt\u00e4m\u00e4t\u00f6nt\u00e4. Varaudu siihen, ett\u00e4 kes\u00e4viikonloppuisin puistot ovat t\u00e4p\u00f6t\u00e4ynn\u00e4, peitoilla lekottelee opiskelijaryhmi\u00e4 ja kioskien terassit k\u00e4yv\u00e4t t\u00e4ydell\u00e4 teholla.<\/p>\n\n\n\n<h3 class=\"wp-block-heading\"><span class=\"ez-toc-section\" id=\"Syksy_ja_talvi_melankolia_ja_rauha\"><\/span>Syksy ja talvi: melankolia ja rauha<span class=\"ez-toc-section-end\"><\/span><\/h3>\n\n\n\n<p class=\"wp-block-paragraph\">Syys- ja lokakuu ovat minulle henkil\u00f6kohtaisesti parhaat kuukaudet pitkille k\u00e4velyretkille. Intiaanikes\u00e4n kultainen valo osuu pehme\u00e4sti palatsien julkisivuihin, ja lehtipuut <strong>Letn\u00e1ll\u00e4<\/strong> ja <strong>Riegrin puistossa<\/strong> hehkuvat kaikissa keltaisen ja punaisen s\u00e4vyiss\u00e4. L\u00e4mp\u00f6tilat ovat siedett\u00e4vi\u00e4 ja turistiry\u00f6ppy hieman laantuu. Muista kuitenkin, ett\u00e4 lokakuun lopulla suurin osa palatsipuutarhoista sulkeutuu tinkim\u00e4tt\u00e4.<\/p>\n\n\n\n<figure data-wp-context=\"{&quot;imageId&quot;:&quot;6a9724d935f31&quot;}\" data-wp-interactive=\"core\/image\" data-wp-key=\"6a9724d935f31\" class=\"wp-block-image size-full wp-lightbox-container\"><img decoding=\"async\" width=\"1800\" height=\"1200\" data-wp-class--hide=\"state.isContentHidden\" data-wp-class--show=\"state.isContentVisible\" data-wp-init=\"callbacks.setButtonStyles\" data-wp-on--click=\"actions.showLightbox\" data-wp-on--load=\"callbacks.setButtonStyles\" data-wp-on--pointerdown=\"actions.preloadImage\" data-wp-on--pointerenter=\"actions.preloadImageWithDelay\" data-wp-on--pointerleave=\"actions.cancelPreload\" data-wp-on-window--resize=\"callbacks.setButtonStyles\" src=\"https:\/\/loudavymkrokem.cz\/wp-content\/uploads\/2026\/05\/parky-praha-letna-podzimni-list.jpg\" alt=\"Syksyinen vaahteranlehti Prahan panoraaman yll\u00e4 Letn\u00e1ll\u00e4\" class=\"wp-image-174075\" title=\"\" srcset=\"https:\/\/loudavymkrokem.cz\/wp-content\/uploads\/2026\/05\/parky-praha-letna-podzimni-list.jpg 1800w, https:\/\/loudavymkrokem.cz\/wp-content\/uploads\/2026\/05\/parky-praha-letna-podzimni-list-300x200.jpg 300w, https:\/\/loudavymkrokem.cz\/wp-content\/uploads\/2026\/05\/parky-praha-letna-podzimni-list-700x467.jpg 700w, https:\/\/loudavymkrokem.cz\/wp-content\/uploads\/2026\/05\/parky-praha-letna-podzimni-list-768x512.jpg 768w, https:\/\/loudavymkrokem.cz\/wp-content\/uploads\/2026\/05\/parky-praha-letna-podzimni-list-1536x1024.jpg 1536w, https:\/\/loudavymkrokem.cz\/wp-content\/uploads\/2026\/05\/parky-praha-letna-podzimni-list-696x464.jpg 696w, https:\/\/loudavymkrokem.cz\/wp-content\/uploads\/2026\/05\/parky-praha-letna-podzimni-list-1392x928.jpg 1392w\" sizes=\"(max-width: 1800px) 100vw, 1800px\" \/><button\n\t\t\tclass=\"lightbox-trigger\"\n\t\t\ttype=\"button\"\n\t\t\taria-haspopup=\"dialog\"\n\t\t\tdata-wp-bind--aria-label=\"state.thisImage.triggerButtonAriaLabel\"\n\t\t\tdata-wp-init=\"callbacks.initTriggerButton\"\n\t\t\tdata-wp-on--click=\"actions.showLightbox\"\n\t\t\tdata-wp-style--right=\"state.thisImage.buttonRight\"\n\t\t\tdata-wp-style--top=\"state.thisImage.buttonTop\"\n\t\t>\n\t\t\t<svg xmlns=\"http:\/\/www.w3.org\/2000\/svg\" width=\"12\" height=\"12\" fill=\"none\" viewBox=\"0 0 12 12\">\n\t\t\t\t<path fill=\"#fff\" d=\"M2 0a2 2 0 0 0-2 2v2h1.5V2a.5.5 0 0 1 .5-.5h2V0H2Zm2 10.5H2a.5.5 0 0 1-.5-.5V8H0v2a2 2 0 0 0 2 2h2v-1.5ZM8 12v-1.5h2a.5.5 0 0 0 .5-.5V8H12v2a2 2 0 0 1-2 2H8Zm2-12a2 2 0 0 1 2 2v2h-1.5V2a.5.5 0 0 0-.5-.5H8V0h2Z\" \/>\n\t\t\t<\/svg>\n\t\t<\/button><figcaption class=\"wp-element-caption\">Intiaanikes\u00e4 Letn\u00e1ll\u00e4<\/figcaption><\/figure>\n\n\n\n<p class=\"wp-block-paragraph\">Marras\u2013maaliskuu rajaa valikoiman vapaasti avoimiin puistoihin. Talvi paljastaa kaupungin karun kasvot, lehdett\u00f6m\u00e4t puut avaavat uusia n\u00e4kymi\u00e4 arkkitehtuuriin, jotka muun vuoden ajan ovat piilossa. Jos lunta sataa, Pet\u0159\u00edn ja Stromovka muuttuvat satumaiseksi talvivaltakunnaksi, jonne prahalaiset l\u00e4htev\u00e4t kelkkojen ja pulkkien kanssa. Se on ajanjakso introverteille, jotka arvostavat j\u00e4\u00e4tyneen kaupungin hiljaista melankoliaa.<\/p>\n\n\n\n<h2 class=\"wp-block-heading\"><span class=\"ez-toc-section\" id=\"Missa_majoittua\"><\/span>Miss\u00e4 majoittua<span class=\"ez-toc-section-end\"><\/span><\/h2>\n\n\n\n<p class=\"wp-block-paragraph\">Kun Luk\u00e1\u0161 ja min\u00e4 viimeksi palasimme Prahaan, pohdimme pitk\u00e4\u00e4n, miss\u00e4 y\u00f6pyisimme. Pienen Jon\u00e1\u0161in kanssa emme voi en\u00e4\u00e4 y\u00f6py\u00e4 meluisissa hostelleissa kapakan yl\u00e4puolella, kuten opiskeluaikoina. Tarvitsimme rauhaa, tilaa ja mahdollisuuden tehd\u00e4 oman aamiaisen. Valitsimme <strong><a href=\"https:\/\/www.stay22.com\/allez\/roam?aid=lukaskonecny&amp;campaign=loudavymkrokemcz&amp;campaign=post-151016&amp;hotelname=The%20Julius%20Hotel&amp;address=Praha%2C%20%C4%8Cesko\" target=\"_blank\" rel=\"noopener nofollow sponsored\">The Julius Hotelin<\/a><\/strong> Senov\u00e1\u017en\u00e9-aukiolla, ja se oli t\u00e4ysosuma.<\/p>\n\n\n\n<p class=\"wp-block-paragraph\">Asuimme heid\u00e4n One Bedroom Suitessaan, mik\u00e4 tarkoitti <strong>erillist\u00e4 makuuhuonetta ja t\u00e4ysin varusteltua pikkukeitti\u00f6t\u00e4<\/strong>. Meille kaksivuotiaan vanhemmille se oli t\u00e4ydellinen pelastus: pystyimme l\u00e4mmitt\u00e4m\u00e4\u00e4n maitoa tai valmistamaan nopean illallisen, kun poika oli jo liian v\u00e4synyt ravintolaan. Lis\u00e4ksi kasvissy\u00f6j\u00e4n\u00e4 arvostin heid\u00e4n aamiaisiaan, jotka eiv\u00e4t rajoittuneet pelkkiin kananmuniin ja juustoon vaan tarjosivat hienon valikoiman kasvispohjaisia vaihtoehtoja. Hotelli on vain muutaman minuutin k\u00e4velymatkan p\u00e4\u00e4ss\u00e4 sek\u00e4 p\u00e4\u00e4rautatieasemalta ett\u00e4 Venceslauksenaukiolta, joten meid\u00e4n ei tarvinnut lastenvaunujen kanssa luovia hankalasti joukkoliikenteess\u00e4. Jos etsit \u00e4lyk\u00e4st\u00e4 majoitusta t\u00e4ydellisell\u00e4 designilla, tarkista <a href=\"https:\/\/www.booking.com\/hotel\/cz\/julius-meinl-house-prague.html?aid=2397601\" target=\"_blank\" rel=\"nofollow noopener\">The Julius Hotelin hinnat Bookingista<\/a>.<\/p>\n\n\n\n<h2 class=\"wp-block-heading\"><span class=\"ez-toc-section\" id=\"Barokki-_ja_palatsipuutarhat_missa_aika_pysahtyi\"><\/span>Barokki- ja palatsipuutarhat (miss\u00e4 aika pys\u00e4htyi)<span class=\"ez-toc-section-end\"><\/span><\/h2>\n\n\n\n<p class=\"wp-block-paragraph\">Mal\u00e1 Strana ja Hrad\u010dany k\u00e4tkev\u00e4t korkeiden muurien taakse parhaat palansa, ja t\u00e4ytyy sanoa, ett\u00e4 aina astuessani yhteen n\u00e4ist\u00e4 puutarhoista minulla on tunne, ett\u00e4 olen tunkeutunut yksityisalueelle. Historiallisesti t\u00e4m\u00e4 on itse asiassa melko osuvaa: n\u00e4it\u00e4 tiloja ei luotu yleis\u00f6lle vaan aatelissukujen vallan mahtipontiseksi osoitukseksi. Nyky\u00e4\u00e4n ne ovat (useimmiten p\u00e4\u00e4symaksua vastaan) meid\u00e4n kaikkien k\u00e4ytett\u00e4viss\u00e4, ja min\u00e4 hy\u00f6dynn\u00e4n t\u00e4t\u00e4 joka vuosi. Muista vain, ett\u00e4 <strong>niiden kausi kest\u00e4\u00e4 huhtikuusta lokakuuhun<\/strong>.<\/p>\n\n\n\n<h3 class=\"wp-block-heading\"><span class=\"ez-toc-section\" id=\"Vrtban_puutarha\"><\/span>Vrtban puutarha<span class=\"ez-toc-section-end\"><\/span><\/h3>\n\n\n\n<figure data-wp-context=\"{&quot;imageId&quot;:&quot;6a9724d9366df&quot;}\" data-wp-interactive=\"core\/image\" data-wp-key=\"6a9724d9366df\" class=\"wp-block-image size-full wp-lightbox-container\"><img decoding=\"async\" width=\"1600\" height=\"1066\" data-wp-class--hide=\"state.isContentHidden\" data-wp-class--show=\"state.isContentVisible\" data-wp-init=\"callbacks.setButtonStyles\" data-wp-on--click=\"actions.showLightbox\" data-wp-on--load=\"callbacks.setButtonStyles\" data-wp-on--pointerdown=\"actions.preloadImage\" data-wp-on--pointerenter=\"actions.preloadImageWithDelay\" data-wp-on--pointerleave=\"actions.cancelPreload\" data-wp-on-window--resize=\"callbacks.setButtonStyles\" src=\"https:\/\/loudavymkrokem.cz\/wp-content\/uploads\/2026\/05\/parky-praha-vrtbovska-zahrada.jpg\" alt=\"Keltainen puutarhapaviljonki Vrtban puutarhassa Mal\u00e1 Stranassa\" class=\"wp-image-183717\" title=\"\" srcset=\"https:\/\/loudavymkrokem.cz\/wp-content\/uploads\/2026\/05\/parky-praha-vrtbovska-zahrada.jpg 1600w, https:\/\/loudavymkrokem.cz\/wp-content\/uploads\/2026\/05\/parky-praha-vrtbovska-zahrada-300x200.jpg 300w, https:\/\/loudavymkrokem.cz\/wp-content\/uploads\/2026\/05\/parky-praha-vrtbovska-zahrada-700x466.jpg 700w, https:\/\/loudavymkrokem.cz\/wp-content\/uploads\/2026\/05\/parky-praha-vrtbovska-zahrada-768x512.jpg 768w, https:\/\/loudavymkrokem.cz\/wp-content\/uploads\/2026\/05\/parky-praha-vrtbovska-zahrada-1536x1023.jpg 1536w, https:\/\/loudavymkrokem.cz\/wp-content\/uploads\/2026\/05\/parky-praha-vrtbovska-zahrada-696x464.jpg 696w, https:\/\/loudavymkrokem.cz\/wp-content\/uploads\/2026\/05\/parky-praha-vrtbovska-zahrada-1392x927.jpg 1392w\" sizes=\"(max-width: 1600px) 100vw, 1600px\" \/><button\n\t\t\tclass=\"lightbox-trigger\"\n\t\t\ttype=\"button\"\n\t\t\taria-haspopup=\"dialog\"\n\t\t\tdata-wp-bind--aria-label=\"state.thisImage.triggerButtonAriaLabel\"\n\t\t\tdata-wp-init=\"callbacks.initTriggerButton\"\n\t\t\tdata-wp-on--click=\"actions.showLightbox\"\n\t\t\tdata-wp-style--right=\"state.thisImage.buttonRight\"\n\t\t\tdata-wp-style--top=\"state.thisImage.buttonTop\"\n\t\t>\n\t\t\t<svg xmlns=\"http:\/\/www.w3.org\/2000\/svg\" width=\"12\" height=\"12\" fill=\"none\" viewBox=\"0 0 12 12\">\n\t\t\t\t<path fill=\"#fff\" d=\"M2 0a2 2 0 0 0-2 2v2h1.5V2a.5.5 0 0 1 .5-.5h2V0H2Zm2 10.5H2a.5.5 0 0 1-.5-.5V8H0v2a2 2 0 0 0 2 2h2v-1.5ZM8 12v-1.5h2a.5.5 0 0 0 .5-.5V8H12v2a2 2 0 0 1-2 2H8Zm2-12a2 2 0 0 1 2 2v2h-1.5V2a.5.5 0 0 0-.5-.5H8V0h2Z\" \/>\n\t\t\t<\/svg>\n\t\t<\/button><figcaption class=\"wp-element-caption\">Sala terrena Vrtban puutarhassa<\/figcaption><\/figure>\n\n\n\n<p class=\"wp-block-paragraph\">T\u00e4m\u00e4 porrastettu barokkipuutarha, joka on k\u00e4tketty vaatimattomaan sis\u00e4pihaan <strong>Karmelitsk\u00e1-kadulla<\/strong>, on henkil\u00f6kohtainen suosikkini. Kun vietin t\u00e4\u00e4ll\u00e4 iltap\u00e4ivi\u00e4 valokuvajournalismin kurssin puitteissa, minua kiehtoi, miten mestarillisesti arkkitehti Franti\u0161ek Maxmili\u00e1n Ka\u0148ka hy\u00f6dynsi Pet\u0159\u00ednin jyrkk\u00e4\u00e4 rinnett\u00e4. Puutarha on terassoitu, se nousee jyrk\u00e4sti yl\u00f6sp\u00e4in, ja jokaista kerrosta koristavat Maty\u00e1\u0161 Bernard Braunin omintakeiset veistokset. Ylimm\u00e4lt\u00e4 terassilta avautuu n\u00e4kym\u00e4 Mal\u00e1 Stranan punaisille tiilikatoille ja Pyh\u00e4n Nikolauksen kirkon majesteettiselle kupolille.<\/p>\n\n\n\n<p class=\"wp-block-paragraph\">Varmuuden vuoksi vilkaise <a href=\"https:\/\/www.vrtbovska.cz\/\" target=\"_blank\" rel=\"nofollow noopener\">Vrtban puutarhan virallisia sivuja<\/a>: aikuisen p\u00e4\u00e4symaksu on kaudella 2026 noin <strong>5 \u20ac (130 K\u010d)<\/strong>. Avoinna on p\u00e4ivitt\u00e4in klo 10.00\u201318.00 (kes\u00e4kuukausina klo 19.00 asti). T\u00e4nne p\u00e4\u00e4set raitiovaunulla numero 12, 15, 20 tai 22 pys\u00e4kille Malostransk\u00e9 n\u00e1m\u011bst\u00ed tai Hellichova. Lastenvaunujen kanssa t\u00e4nne ei kannata tulla lainkaan, sill\u00e4 portaat ovat kapeat ja jyrk\u00e4t.<\/p>\n\n\n\n<p class=\"wp-block-paragraph\"><strong>\ud83d\udca1 Vinkki:<\/strong> Parhaat kuvat otat t\u00e4\u00e4ll\u00e4 noin tunti ennen sulkemisaikaa, kun aurinko laskee Pet\u0159\u00ednin taakse ja heitt\u00e4\u00e4 hiekkakiviveistoksille pehmeit\u00e4, pitki\u00e4 varjoja. Silloin t\u00e4\u00e4ll\u00e4 on lis\u00e4ksi vain v\u00e4h\u00e4n ihmisi\u00e4.<\/p>\n\n\n\n<h3 class=\"wp-block-heading\"><span class=\"ez-toc-section\" id=\"Valdstejnin_puutarha\"><\/span>Vald\u0161tejnin puutarha<span class=\"ez-toc-section-end\"><\/span><\/h3>\n\n\n\n<figure data-wp-context=\"{&quot;imageId&quot;:&quot;6a9724d936e50&quot;}\" data-wp-interactive=\"core\/image\" data-wp-key=\"6a9724d936e50\" class=\"wp-block-image size-full wp-lightbox-container\"><img decoding=\"async\" width=\"1600\" height=\"1066\" data-wp-class--hide=\"state.isContentHidden\" data-wp-class--show=\"state.isContentVisible\" data-wp-init=\"callbacks.setButtonStyles\" data-wp-on--click=\"actions.showLightbox\" data-wp-on--load=\"callbacks.setButtonStyles\" data-wp-on--pointerdown=\"actions.preloadImage\" data-wp-on--pointerenter=\"actions.preloadImageWithDelay\" data-wp-on--pointerleave=\"actions.cancelPreload\" data-wp-on-window--resize=\"callbacks.setButtonStyles\" src=\"https:\/\/loudavymkrokem.cz\/wp-content\/uploads\/2026\/05\/parky-praha-valdstejnska-zahrada.jpg\" alt=\"Pergola ja hoidettu vehreys Vald\u0161tejnin puutarhassa\" class=\"wp-image-183722\" title=\"\" srcset=\"https:\/\/loudavymkrokem.cz\/wp-content\/uploads\/2026\/05\/parky-praha-valdstejnska-zahrada.jpg 1600w, https:\/\/loudavymkrokem.cz\/wp-content\/uploads\/2026\/05\/parky-praha-valdstejnska-zahrada-300x200.jpg 300w, https:\/\/loudavymkrokem.cz\/wp-content\/uploads\/2026\/05\/parky-praha-valdstejnska-zahrada-700x466.jpg 700w, https:\/\/loudavymkrokem.cz\/wp-content\/uploads\/2026\/05\/parky-praha-valdstejnska-zahrada-768x512.jpg 768w, https:\/\/loudavymkrokem.cz\/wp-content\/uploads\/2026\/05\/parky-praha-valdstejnska-zahrada-1536x1023.jpg 1536w, https:\/\/loudavymkrokem.cz\/wp-content\/uploads\/2026\/05\/parky-praha-valdstejnska-zahrada-696x464.jpg 696w, https:\/\/loudavymkrokem.cz\/wp-content\/uploads\/2026\/05\/parky-praha-valdstejnska-zahrada-1392x927.jpg 1392w\" sizes=\"(max-width: 1600px) 100vw, 1600px\" \/><button\n\t\t\tclass=\"lightbox-trigger\"\n\t\t\ttype=\"button\"\n\t\t\taria-haspopup=\"dialog\"\n\t\t\tdata-wp-bind--aria-label=\"state.thisImage.triggerButtonAriaLabel\"\n\t\t\tdata-wp-init=\"callbacks.initTriggerButton\"\n\t\t\tdata-wp-on--click=\"actions.showLightbox\"\n\t\t\tdata-wp-style--right=\"state.thisImage.buttonRight\"\n\t\t\tdata-wp-style--top=\"state.thisImage.buttonTop\"\n\t\t>\n\t\t\t<svg xmlns=\"http:\/\/www.w3.org\/2000\/svg\" width=\"12\" height=\"12\" fill=\"none\" viewBox=\"0 0 12 12\">\n\t\t\t\t<path fill=\"#fff\" d=\"M2 0a2 2 0 0 0-2 2v2h1.5V2a.5.5 0 0 1 .5-.5h2V0H2Zm2 10.5H2a.5.5 0 0 1-.5-.5V8H0v2a2 2 0 0 0 2 2h2v-1.5ZM8 12v-1.5h2a.5.5 0 0 0 .5-.5V8H12v2a2 2 0 0 1-2 2H8Zm2-12a2 2 0 0 1 2 2v2h-1.5V2a.5.5 0 0 0-.5-.5H8V0h2Z\" \/>\n\t\t\t<\/svg>\n\t\t<\/button><figcaption class=\"wp-element-caption\">Vald\u0161tejnin puutarha pergoloineen<\/figcaption><\/figure>\n\n\n\n<p class=\"wp-block-paragraph\">T\u0161ekin parlamentin senaatin alueeseen kuuluva puutarha on valtava yll\u00e4tys jokaiselle, joka astuu sis\u00e4\u00e4n ensimm\u00e4ist\u00e4 kertaa. Albrecht z Vald\u0161tejna halusi palatsillaan ja puutarhallaan varjostaa itse Prahan linnaa, ja kun seisot monumentaalisen loggian (sala terrenan) edess\u00e4, on my\u00f6nnett\u00e4v\u00e4, ett\u00e4 h\u00e4n l\u00e4hes onnistui siin\u00e4. Puutarha on t\u00e4ynn\u00e4 pronssiveistoksia (kopioita Adrian de Vriesin teoksista), geometrisesti leikattuja pensasaitoja ja suuri karppiallas. T\u00e4\u00e4ll\u00e4 k\u00e4velev\u00e4t vapaasti riikinkukot, mukaan lukien harvinaiset valkoiset yksil\u00f6t, jotka osaavat pit\u00e4\u00e4 kunnon meteli\u00e4.<\/p>\n\n\n\n<p class=\"wp-block-paragraph\">Sis\u00e4\u00e4np\u00e4\u00e4sy alueelle (vilkaise my\u00f6s <a href=\"https:\/\/www.senat.cz\/zajimavosti\/valdstejnsky_palac\/\" target=\"_blank\" rel=\"nofollow noopener\">T\u0161ekin senaatin sivuja<\/a>, jos siell\u00e4 ei ole erityistapahtumaa) on t\u00e4ysin ilmainen, puutarha on avoinna huhtikuusta lokakuuhun (arkisin klo 7.30 alkaen, viikonloppuisin klo 10.00 alkaen, kes\u00e4ll\u00e4 molemmat pidennettyn\u00e4 klo 19.00 asti) ja l\u00f6yd\u00e4t sen suoraan A-linjan metro- ja raitiovaunuaseman Malostransk\u00e1 vierest\u00e4. Polut on t\u00e4\u00e4ll\u00e4 sirotettu hienolla hiekalla, ja <strong>ne ovat ongelmitta kuljettavissa my\u00f6s lastenvaunuilla<\/strong> tai py\u00f6r\u00e4tuolilla.<\/p>\n\n\n\n<p class=\"wp-block-paragraph\"><strong>\ud83d\udca1 Vinkki:<\/strong> Pys\u00e4hdy keinotekoisen tippukivisein\u00e4n luona puutarhan etel\u00e4osassa. Kun kuuntelet ja katsot tarpeeksi tarkasti, l\u00f6yd\u00e4t tippukivien rakenteesta piilotettuja el\u00e4inten ja outojen hirvi\u00f6iden kasvoja, jotka rakentajat sommittelivat sinne 1600-luvulla.<\/p>\n\n\n\n<h3 class=\"wp-block-heading\"><span class=\"ez-toc-section\" id=\"Prahan_linnan_kuninkaallinen_puutarha\"><\/span>Prahan linnan kuninkaallinen puutarha<span class=\"ez-toc-section-end\"><\/span><\/h3>\n\n\n\n<p class=\"wp-block-paragraph\">Renessanssikeidas Prahan linnan pohjoisreunalla perustettiin alun perin Ferdinand I:n toimesta eksoottisten kasvien viljelyyn ja harvinaisten el\u00e4inten kasvattamiseen. Nyky\u00e4\u00e4n se on laaja ja huolellisesti hoidettu tila, jota hallitsevat kuningatar Annan huvilinna (Belvedere) ja kuuluisa Laulava suihkul\u00e4hde. Sen pisarat pronssimaljaan tippuen luovat kaukaista kellonsoittoa muistuttavan \u00e4\u00e4nen. Minulle se on paikka, joka liittyy ensitreffeihimme Luk\u00e1\u0161in kanssa \u2013 juuri t\u00e4\u00e4ll\u00e4 k\u00e4velimme silloin, ennen kuin laskeuduimme alas Mal\u00e1 Stranaan.<\/p>\n\n\n\n<figure data-wp-context=\"{&quot;imageId&quot;:&quot;6a9724d937568&quot;}\" data-wp-interactive=\"core\/image\" data-wp-key=\"6a9724d937568\" class=\"wp-block-image size-full wp-lightbox-container\"><img decoding=\"async\" width=\"1600\" height=\"1181\" data-wp-class--hide=\"state.isContentHidden\" data-wp-class--show=\"state.isContentVisible\" data-wp-init=\"callbacks.setButtonStyles\" data-wp-on--click=\"actions.showLightbox\" data-wp-on--load=\"callbacks.setButtonStyles\" data-wp-on--pointerdown=\"actions.preloadImage\" data-wp-on--pointerenter=\"actions.preloadImageWithDelay\" data-wp-on--pointerleave=\"actions.cancelPreload\" data-wp-on-window--resize=\"callbacks.setButtonStyles\" src=\"https:\/\/loudavymkrokem.cz\/wp-content\/uploads\/2026\/05\/parky-praha-kralovska-zahrada-belveder.jpg\" alt=\"Kuningatar Annan huvilinna Prahan linnan kuninkaallisessa puutarhassa\" class=\"wp-image-181833\" title=\"\" srcset=\"https:\/\/loudavymkrokem.cz\/wp-content\/uploads\/2026\/05\/parky-praha-kralovska-zahrada-belveder.jpg 1600w, https:\/\/loudavymkrokem.cz\/wp-content\/uploads\/2026\/05\/parky-praha-kralovska-zahrada-belveder-300x221.jpg 300w, https:\/\/loudavymkrokem.cz\/wp-content\/uploads\/2026\/05\/parky-praha-kralovska-zahrada-belveder-700x517.jpg 700w, https:\/\/loudavymkrokem.cz\/wp-content\/uploads\/2026\/05\/parky-praha-kralovska-zahrada-belveder-768x567.jpg 768w, https:\/\/loudavymkrokem.cz\/wp-content\/uploads\/2026\/05\/parky-praha-kralovska-zahrada-belveder-1536x1134.jpg 1536w, https:\/\/loudavymkrokem.cz\/wp-content\/uploads\/2026\/05\/parky-praha-kralovska-zahrada-belveder-80x60.jpg 80w, https:\/\/loudavymkrokem.cz\/wp-content\/uploads\/2026\/05\/parky-praha-kralovska-zahrada-belveder-696x514.jpg 696w, https:\/\/loudavymkrokem.cz\/wp-content\/uploads\/2026\/05\/parky-praha-kralovska-zahrada-belveder-1392x1027.jpg 1392w\" sizes=\"(max-width: 1600px) 100vw, 1600px\" \/><button\n\t\t\tclass=\"lightbox-trigger\"\n\t\t\ttype=\"button\"\n\t\t\taria-haspopup=\"dialog\"\n\t\t\tdata-wp-bind--aria-label=\"state.thisImage.triggerButtonAriaLabel\"\n\t\t\tdata-wp-init=\"callbacks.initTriggerButton\"\n\t\t\tdata-wp-on--click=\"actions.showLightbox\"\n\t\t\tdata-wp-style--right=\"state.thisImage.buttonRight\"\n\t\t\tdata-wp-style--top=\"state.thisImage.buttonTop\"\n\t\t>\n\t\t\t<svg xmlns=\"http:\/\/www.w3.org\/2000\/svg\" width=\"12\" height=\"12\" fill=\"none\" viewBox=\"0 0 12 12\">\n\t\t\t\t<path fill=\"#fff\" d=\"M2 0a2 2 0 0 0-2 2v2h1.5V2a.5.5 0 0 1 .5-.5h2V0H2Zm2 10.5H2a.5.5 0 0 1-.5-.5V8H0v2a2 2 0 0 0 2 2h2v-1.5ZM8 12v-1.5h2a.5.5 0 0 0 .5-.5V8H12v2a2 2 0 0 1-2 2H8Zm2-12a2 2 0 0 1 2 2v2h-1.5V2a.5.5 0 0 0-.5-.5H8V0h2Z\" \/>\n\t\t\t<\/svg>\n\t\t<\/button><figcaption class=\"wp-element-caption\">Kuva: Palickap \/ CC BY-SA 4.0 \/ Wikimedia Commons<\/figcaption><\/figure>\n\n\n\n<p class=\"wp-block-paragraph\">Sis\u00e4\u00e4np\u00e4\u00e4sy on ilmainen, mutta sinun on <strong>kuljettava turvatarkastusporttien l\u00e4pi linnan sis\u00e4\u00e4nk\u00e4ynneill\u00e4<\/strong> (nopeinta on yleens\u00e4 raitiovaunupys\u00e4kilt\u00e4 Kr\u00e1lovsk\u00fd letohr\u00e1dek). Avoinna on huhtikuusta lokakuun loppuun, klo 10.00\u201318.00. Jos haluat tutkia linnaa ja sen puutarhoja perusteellisesti asiantuntevan selostuksen kera, suosittelen <a class=\"thirstylink\" rel=\"nofollow\" target=\"_blank\" title=\"GetYourGuide\" href=\"https:\/\/loudavymkrokem.cz\/doporucujeme\/getyourguide\/\" data-shortcode=\"true\">kierroksen varaamista GetYourGuiden kautta<\/a>.<\/p>\n\n\n\n<p class=\"wp-block-paragraph\"><strong>\ud83d\udca1 Vinkki:<\/strong> Suurin osa turisteista tulee linnaan Hrad\u010dansk\u00e9 n\u00e1m\u011bst\u00edn suunnalta. Jos saavut raitiovaunulla 22 pys\u00e4kille Kr\u00e1lovsk\u00fd letohr\u00e1dek ja aloitat kierroksen juuri kuninkaallisesta puutarhasta, v\u00e4lt\u00e4t pahimmat aamun turvatarkastusjonot.<\/p>\n\n\n\n<h3 class=\"wp-block-heading\"><span class=\"ez-toc-section\" id=\"Prahan_linnan_alapuoliset_palatsipuutarhat\"><\/span>Prahan linnan alapuoliset palatsipuutarhat<span class=\"ez-toc-section-end\"><\/span><\/h3>\n\n\n\n<p class=\"wp-block-paragraph\">T\u00e4m\u00e4 on itse asiassa <strong>viiden toisiinsa yhdistetyn historiallisen puutarhan kompleksi<\/strong> (Ledeburin, pieni ja suuri P\u00e1lffyn, Kolowratin ja pieni F\u00fcrstenbergin), jotka kiipe\u00e4v\u00e4t linnan etel\u00e4ist\u00e4 rinnett\u00e4 pitkin. Terassoitu arkkitehtuuri portaineen, balustradeineen, huvimajoineen ja k\u00f6ynn\u00f6sruusuineen luo yhden Euroopan monimutkaisimmista barokkitiloista. N\u00e4kym\u00e4t t\u00e4\u00e4lt\u00e4 ovat huikeat, n\u00e4et koko Mal\u00e1 Stranan k\u00e4mmenell\u00e4si.<\/p>\n\n\n\n<p class=\"wp-block-paragraph\">P\u00e4\u00e4symaksu koko kompleksiin on noin <strong>6 \u20ac (140 K\u010d)<\/strong>. Sis\u00e4\u00e4nk\u00e4ynti on Vald\u0161tejnsk\u00e9 n\u00e1m\u011bst\u00edlt\u00e4 (Vald\u0161tejnsk\u00e1-katu). Avoinna on huhtikuusta lokakuuhun, p\u00e4ivitt\u00e4in klo 10.00\u201318.00. Unohda kokonaan vierailu lastenvaunujen kanssa tai jos sinulla on polviongelmia \u2013 portaita, jotka on kiivett\u00e4v\u00e4, on satoja ja maasto on fyysisesti eritt\u00e4in vaativa.<\/p>\n\n\n\n<p class=\"wp-block-paragraph\"><strong>\ud83d\udca1 Vinkki:<\/strong> Ledeburin puutarhan ylimm\u00e4ll\u00e4 terassilla on pieni, usein autio huvimaja. Se on aivan t\u00e4ydellinen, hiljainen paikka kirjan lukemiseen n\u00e4kym\u00e4n kera, jossa kukaan ei h\u00e4iritse sinua, koska harva jaksaa nousta aivan yl\u00f6s asti.<\/p>\n\n\n\n<h3 class=\"wp-block-heading\"><span class=\"ez-toc-section\" id=\"Vojanin_puisto\"><\/span>Vojanin puisto<span class=\"ez-toc-section-end\"><\/span><\/h3>\n\n\n\n<p class=\"wp-block-paragraph\">Prahan vanhin osittain s\u00e4ilynyt puutarha sijaitsee paradoksaalisesti vain muutaman kymmenen metrin p\u00e4\u00e4ss\u00e4 meluisasta Kl\u00e1rovin risteyksest\u00e4, ja silti moni ei tied\u00e4 siit\u00e4 lainkaan. Alun perin se kuului karmeliittaluostariin, nyky\u00e4\u00e4n se on <strong>julkinen puisto t\u00e4ynn\u00e4 vanhoja hedelm\u00e4puita<\/strong>, joiden alla kev\u00e4isin kukkivat lumikellojen ja narsissien matot. Se on suljettu, hiljainen maailma, jossa riikinkukot k\u00e4velev\u00e4t vapaasti ja jossa paikalliset istuvat penkeill\u00e4 l\u00e4heisten bistrojen kahvit k\u00e4siss\u00e4\u00e4n.<\/p>\n\n\n\n<p class=\"wp-block-paragraph\">Sis\u00e4\u00e4np\u00e4\u00e4sy on ilmainen ja puisto sijaitsee U Lu\u017eick\u00e9ho semin\u00e1\u0159e -kadulla. Avoinna on ymp\u00e4ri vuoden (talvella klo 8.00\u201316.00, kes\u00e4ll\u00e4 klo 19.00 asti) ja polut ovat niin tasaisia ja leveit\u00e4, ett\u00e4 <strong>lastenvaunujen kanssa t\u00e4\u00e4ll\u00e4 ei ole pienint\u00e4k\u00e4\u00e4n ongelmaa<\/strong>. Lapsille t\u00e4\u00e4ll\u00e4 on runsaasti turvallista tilaa juosta nurmella.<\/p>\n\n\n\n<p class=\"wp-block-paragraph\"><strong>\ud83d\udca1 Vinkki:<\/strong> Syksyll\u00e4, kun omenat ja p\u00e4\u00e4ryn\u00e4t vanhoissa puissa kypsyv\u00e4t, hedelm\u00e4t putoavat vapaasti nurmelle. Paikalliset tulevat t\u00e4nne kangaskassien kanssa ja ker\u00e4\u00e4v\u00e4t pudonneet hedelm\u00e4t piirakkaan \u2013 se on sellainen hiljainen Mal\u00e1 Stranan perinne, jota kukaan ei virallisesti kiell\u00e4.<\/p>\n\n\n\n<h2 class=\"wp-block-heading\"><span class=\"ez-toc-section\" id=\"Prahan_suuret_kaupunkipuistot_missa_koko_kaupunki_elaa\"><\/span>Prahan suuret kaupunkipuistot (miss\u00e4 koko kaupunki el\u00e4\u00e4)<span class=\"ez-toc-section-end\"><\/span><\/h2>\n\n\n\n<p class=\"wp-block-paragraph\">Kun barokkipuutarhat ovat pikemminkin ulkoilmamuseoita, suuret puistot edustavat kaupungin todellisia keuhkoja. Ne ovat avoinna 24 tuntia vuorokaudessa, 7 p\u00e4iv\u00e4\u00e4 viikossa. T\u00e4\u00e4ll\u00e4 prahalaiset juoksevat, ulkoiluttavat koiria, pelaavat frisbeet\u00e4, juovat olutta mukista ja viett\u00e4v\u00e4t viikonloput.<\/p>\n\n\n\n<h3 class=\"wp-block-heading\"><span class=\"ez-toc-section\" id=\"Petrinin_puisto_ja_Ruusutarha\"><\/span>Pet\u0159\u00ednin puisto ja Ruusutarha<span class=\"ez-toc-section-end\"><\/span><\/h3>\n\n\n\n<p class=\"wp-block-paragraph\">Kun puhutaan Pet\u0159\u00ednist\u00e4, useimmat kuvittelevat k\u00f6ysiradan ja Eiffel-tornin pienoismallin. Minulle se on m\u00e4ki, jonne pinnasimme koulusta lukioaikoina. Laaja puisto peitt\u00e4\u00e4 koko m\u00e4en ja tarjoaa lukemattomia mutkittelevia polkuja. Erityist\u00e4 huomiota ansaitsee Ruusutarha itse huipulla, jossa <strong>kukkii yli kymmenentuhatta ruusupensasta<\/strong>, sek\u00e4 Kv\u011btnice, pieni suljettu perennapuutarha, joka vaikuttaa l\u00e4hes maalaismaiselta.<\/p>\n\n\n\n<figure data-wp-context=\"{&quot;imageId&quot;:&quot;6a9724d937deb&quot;}\" data-wp-interactive=\"core\/image\" data-wp-key=\"6a9724d937deb\" class=\"wp-block-image size-full wp-lightbox-container\"><img decoding=\"async\" width=\"1600\" height=\"1066\" data-wp-class--hide=\"state.isContentHidden\" data-wp-class--show=\"state.isContentVisible\" data-wp-init=\"callbacks.setButtonStyles\" data-wp-on--click=\"actions.showLightbox\" data-wp-on--load=\"callbacks.setButtonStyles\" data-wp-on--pointerdown=\"actions.preloadImage\" data-wp-on--pointerenter=\"actions.preloadImageWithDelay\" data-wp-on--pointerleave=\"actions.cancelPreload\" data-wp-on-window--resize=\"callbacks.setButtonStyles\" src=\"https:\/\/loudavymkrokem.cz\/wp-content\/uploads\/2026\/05\/parky-praha-petrin-rozhledna.jpg\" alt=\"Pet\u0159\u00ednin n\u00e4k\u00f6torni vihre\u00e4ll\u00e4 Pet\u0159\u00ednin kukkulalla Mal\u00e1 Stranan kattojen yll\u00e4\" class=\"wp-image-183714\" title=\"\" srcset=\"https:\/\/loudavymkrokem.cz\/wp-content\/uploads\/2026\/05\/parky-praha-petrin-rozhledna.jpg 1600w, https:\/\/loudavymkrokem.cz\/wp-content\/uploads\/2026\/05\/parky-praha-petrin-rozhledna-300x200.jpg 300w, https:\/\/loudavymkrokem.cz\/wp-content\/uploads\/2026\/05\/parky-praha-petrin-rozhledna-700x466.jpg 700w, https:\/\/loudavymkrokem.cz\/wp-content\/uploads\/2026\/05\/parky-praha-petrin-rozhledna-768x512.jpg 768w, https:\/\/loudavymkrokem.cz\/wp-content\/uploads\/2026\/05\/parky-praha-petrin-rozhledna-1536x1023.jpg 1536w, https:\/\/loudavymkrokem.cz\/wp-content\/uploads\/2026\/05\/parky-praha-petrin-rozhledna-696x464.jpg 696w, https:\/\/loudavymkrokem.cz\/wp-content\/uploads\/2026\/05\/parky-praha-petrin-rozhledna-1392x927.jpg 1392w\" sizes=\"(max-width: 1600px) 100vw, 1600px\" \/><button\n\t\t\tclass=\"lightbox-trigger\"\n\t\t\ttype=\"button\"\n\t\t\taria-haspopup=\"dialog\"\n\t\t\tdata-wp-bind--aria-label=\"state.thisImage.triggerButtonAriaLabel\"\n\t\t\tdata-wp-init=\"callbacks.initTriggerButton\"\n\t\t\tdata-wp-on--click=\"actions.showLightbox\"\n\t\t\tdata-wp-style--right=\"state.thisImage.buttonRight\"\n\t\t\tdata-wp-style--top=\"state.thisImage.buttonTop\"\n\t\t>\n\t\t\t<svg xmlns=\"http:\/\/www.w3.org\/2000\/svg\" width=\"12\" height=\"12\" fill=\"none\" viewBox=\"0 0 12 12\">\n\t\t\t\t<path fill=\"#fff\" d=\"M2 0a2 2 0 0 0-2 2v2h1.5V2a.5.5 0 0 1 .5-.5h2V0H2Zm2 10.5H2a.5.5 0 0 1-.5-.5V8H0v2a2 2 0 0 0 2 2h2v-1.5ZM8 12v-1.5h2a.5.5 0 0 0 .5-.5V8H12v2a2 2 0 0 1-2 2H8Zm2-12a2 2 0 0 1 2 2v2h-1.5V2a.5.5 0 0 0-.5-.5H8V0h2Z\" \/>\n\t\t\t<\/svg>\n\t\t<\/button><figcaption class=\"wp-element-caption\">Pet\u0159\u00edn n\u00e4k\u00f6torneineen Mal\u00e1 Stranan kattojen yll\u00e4<\/figcaption><\/figure>\n\n\n\n<p class=\"wp-block-paragraph\">Puistoon ei ole p\u00e4\u00e4symaksua, maksetaan vain n\u00e4k\u00f6tornista tai peililabyrintist\u00e4. Pet\u0159\u00ednin k\u00f6ysirata kuuluu Prahan joukkoliikenteeseen, joten kelpaa tavallinen lippu tai kausikortti (lis\u00e4\u00e4 l\u00f6yd\u00e4t <a href=\"https:\/\/www.prague.eu\/cs\/objekt\/mista\/112\/petrin\" target=\"_blank\" rel=\"nofollow noopener\">Prague City Tourismin sivuilta<\/a>). Lapsiperheille suosittelen nousemaan k\u00f6ysiradalla yl\u00f6s ja k\u00e4velem\u00e4\u00e4n alas asfalttiteit\u00e4 pitkin, jotka <strong>ajat lastenvaunujen kanssa ongelmitta<\/strong>, vaikka v\u00e4lill\u00e4 joudutkin jarruttamaan jyrkemm\u00e4ss\u00e4 alam\u00e4ess\u00e4.<\/p>\n\n\n\n<p class=\"wp-block-paragraph\"><strong>\ud83d\udca1 Vinkki:<\/strong> J\u00e4t\u00e4 v\u00e4liin p\u00e4\u00e4asfalttitie k\u00f6ysiradalta n\u00e4k\u00f6tornille. Suuntaa Lobkovicin puutarhaan Pet\u0159\u00ednin it\u00e4rinteelle. Siell\u00e4 on huomattavasti v\u00e4hemm\u00e4n ihmisi\u00e4, vanhoja hedelm\u00e4tarhoja ja upea n\u00e4kym\u00e4 Hrad\u010danylle puiden oksien lomasta.<\/p>\n\n\n\n<h3 class=\"wp-block-heading\"><span class=\"ez-toc-section\" id=\"Stromovka_Kuninkaallinen_puisto\"><\/span>Stromovka (Kuninkaallinen puisto)<span class=\"ez-toc-section-end\"><\/span><\/h3>\n\n\n\n<figure data-wp-context=\"{&quot;imageId&quot;:&quot;6a9724d938398&quot;}\" data-wp-interactive=\"core\/image\" data-wp-key=\"6a9724d938398\" class=\"wp-block-image size-full wp-lightbox-container\"><img decoding=\"async\" width=\"1600\" height=\"1066\" data-wp-class--hide=\"state.isContentHidden\" data-wp-class--show=\"state.isContentVisible\" data-wp-init=\"callbacks.setButtonStyles\" data-wp-on--click=\"actions.showLightbox\" data-wp-on--load=\"callbacks.setButtonStyles\" data-wp-on--pointerdown=\"actions.preloadImage\" data-wp-on--pointerenter=\"actions.preloadImageWithDelay\" data-wp-on--pointerleave=\"actions.cancelPreload\" data-wp-on-window--resize=\"callbacks.setButtonStyles\" src=\"https:\/\/loudavymkrokem.cz\/wp-content\/uploads\/2026\/05\/parky-praha-stromovka.jpg\" alt=\"Leve\u00e4 kookkaiden puiden lehtokuja Stromovkassa\" class=\"wp-image-183719\" title=\"\" srcset=\"https:\/\/loudavymkrokem.cz\/wp-content\/uploads\/2026\/05\/parky-praha-stromovka.jpg 1600w, https:\/\/loudavymkrokem.cz\/wp-content\/uploads\/2026\/05\/parky-praha-stromovka-300x200.jpg 300w, https:\/\/loudavymkrokem.cz\/wp-content\/uploads\/2026\/05\/parky-praha-stromovka-700x466.jpg 700w, https:\/\/loudavymkrokem.cz\/wp-content\/uploads\/2026\/05\/parky-praha-stromovka-768x512.jpg 768w, https:\/\/loudavymkrokem.cz\/wp-content\/uploads\/2026\/05\/parky-praha-stromovka-1536x1023.jpg 1536w, https:\/\/loudavymkrokem.cz\/wp-content\/uploads\/2026\/05\/parky-praha-stromovka-696x464.jpg 696w, https:\/\/loudavymkrokem.cz\/wp-content\/uploads\/2026\/05\/parky-praha-stromovka-1392x927.jpg 1392w\" sizes=\"(max-width: 1600px) 100vw, 1600px\" \/><button\n\t\t\tclass=\"lightbox-trigger\"\n\t\t\ttype=\"button\"\n\t\t\taria-haspopup=\"dialog\"\n\t\t\tdata-wp-bind--aria-label=\"state.thisImage.triggerButtonAriaLabel\"\n\t\t\tdata-wp-init=\"callbacks.initTriggerButton\"\n\t\t\tdata-wp-on--click=\"actions.showLightbox\"\n\t\t\tdata-wp-style--right=\"state.thisImage.buttonRight\"\n\t\t\tdata-wp-style--top=\"state.thisImage.buttonTop\"\n\t\t>\n\t\t\t<svg xmlns=\"http:\/\/www.w3.org\/2000\/svg\" width=\"12\" height=\"12\" fill=\"none\" viewBox=\"0 0 12 12\">\n\t\t\t\t<path fill=\"#fff\" d=\"M2 0a2 2 0 0 0-2 2v2h1.5V2a.5.5 0 0 1 .5-.5h2V0H2Zm2 10.5H2a.5.5 0 0 1-.5-.5V8H0v2a2 2 0 0 0 2 2h2v-1.5ZM8 12v-1.5h2a.5.5 0 0 0 .5-.5V8H12v2a2 2 0 0 1-2 2H8Zm2-12a2 2 0 0 1 2 2v2h-1.5V2a.5.5 0 0 0-.5-.5H8V0h2Z\" \/>\n\t\t\t<\/svg>\n\t\t<\/button><figcaption class=\"wp-element-caption\">Stromovka, kuninkaallinen puisto Hole\u0161ovicessa<\/figcaption><\/figure>\n\n\n\n<p class=\"wp-block-paragraph\">T\u00e4m\u00e4 on kiistaton Prahan puistojen kuningas ja nykyinen suosikkini. Siit\u00e4 l\u00e4htien, kun meill\u00e4 on Jon\u00e1\u0161, olemme t\u00e4\u00e4ll\u00e4 alituiseen. Stromovka sijaitsee Hole\u0161ovicessa ja se on <strong>valtava tasainen tila lampineen<\/strong>, leveine asfalttiteineen ja vanhoine tammineen. T\u0161ekin kuninkaiden entinen mets\u00e4styspuisto toimii nyky\u00e4\u00e4n keskeisen\u00e4 paikkana juoksijoille, rullaluistelijoille ja lastenvaunuja ty\u00f6nt\u00e4ville vanhemmille. Hiljattainen kunnostus toi uudet laiturit lampien \u00e4\u00e4relle ja siistit yleiset vessat.<\/p>\n\n\n\n<p class=\"wp-block-paragraph\">Sis\u00e4\u00e4np\u00e4\u00e4sy on ilmainen ymp\u00e4ri vuoden. Paras reitti on V\u00fdstavi\u0161t\u011b Hole\u0161ovicen suunnalta (raitiovaunut 6, 12, 17). <strong>Puisto on t\u00e4ysin esteet\u00f6n<\/strong>. Suosikkipys\u00e4hdyksemme on ravintola Vozovnan luona, jossa on hieno leikkipuisto, tai lampien \u00e4\u00e4rell\u00e4, miss\u00e4 lapset ruokkivat sorsia. Kasvissy\u00f6j\u00e4n\u00e4 l\u00f6yd\u00e4n t\u00e4\u00e4lt\u00e4 aina jonkin kivan ruokarekan kasvisruoalla.<\/p>\n\n\n\n<p class=\"wp-block-paragraph\"><strong>\ud83d\udca1 Vinkki:<\/strong> Stromovkan takaosassa C\u00edsa\u0159sk\u00fd ostrovin suuntaan on suosittu leikkipuisto Ka\u0161t\u00e1nek. Se on aidattu ja j\u00e4ttipuiden varjostama, joten helteisen\u00e4 kes\u00e4n\u00e4kin siell\u00e4 on siedett\u00e4v\u00e4\u00e4 eiv\u00e4tk\u00e4 lapset pala auringossa.<\/p>\n\n\n\n<!-- LKM_GYG_CARD start q=\"parky praha\" lang=\"fi\" --><!-- LKM_GYG_CARD end -->\n\n\n\n\n\n<div class=\"lk-stays-module\">\n<style>\n\/* \u2500\u2500\u2500 RESET PRO GUTENBERG \u2500\u2500\u2500 *\/\n.lk-stays-module * { box-sizing: border-box; margin: 0; padding: 0; }\n\n\/* \u2500\u2500\u2500 WRAPPER \u2500\u2500\u2500 *\/\n.lk-stays-module {\n  font-family: 'DM Sans', Georgia, sans-serif;\n  max-width: 100%;\n  margin: 2.5rem auto;\n  background: linear-gradient(135deg, #fdfaf5 0%, #fcf8f0 100%);\n  border: 1px solid #e8dfd4;\n  border-radius: 16px;\n  overflow: hidden;\n  box-shadow: 0 16px 48px rgba(195, 159, 118, 0.25), 0 4px 12px rgba(0,0,0,0.08);\n}\n\n\/* \u2500\u2500\u2500 HEADER \u2500\u2500\u2500 *\/\n.lk-stays-header {\n  position: relative;\n  padding: 24px 36px 24px;\n  background: linear-gradient(135deg, #c39f76 0%, #d4b188 60%, #c39f76 100%);\n  border-bottom: 1px solid rgba(255,255,255,.15);\n  display: flex;\n  align-items: center;\n  gap: 18px;\n}\n.lk-stays-header::before {\n  content: '';\n  position: absolute;\n  inset: 0;\n  background: url(\"data:image\/svg+xml,%3Csvg width='60' height='60' viewBox='0 0 60 60' xmlns='http:\/\/www.w3.org\/2000\/svg'%3E%3Cg fill='none' fill-rule='evenodd'%3E%3Cg fill='%23ffffff' fill-opacity='0.05'%3E%3Cpath d='M36 34v-4h-2v4h-4v2h4v4h2v-4h4v-2h-4zm0-30V0h-2v4h-4v2h4v4h2V6h4V4h-4zM6 34v-4H4v4H0v2h4v4h2v-4h4v-2H6zM6 4V0H4v4H0v2h4v4h2V6h4V4H6z'\/%3E%3C\/g%3E%3C\/g%3E%3C\/svg%3E\") repeat;\n  pointer-events: none;\n}\n.lk-stays-icon {\n  flex-shrink: 0;\n  width: 68px;\n  height: 68px;\n  border-radius: 14px;\n  background: linear-gradient(135deg, #fff 0%, #f9f6f0 100%);\n  display: flex;\n  align-items: center;\n  justify-content: center;\n  font-size: 26px;\n  box-shadow: 0 4px 12px rgba(0,0,0,0.15);\n}\n.lk-stays-eyebrow {\n  font-size: 10px;\n  font-weight: 500;\n  letter-spacing: 2.5px;\n  text-transform: uppercase;\n  color: rgba(255,255,255,.85);\n  margin: 0 0 5px 0;\n}\n.lk-stays-title {\n  font-family: 'Playfair Display', Georgia, serif;\n  font-size: 24px;\n  font-weight: 700;\n  color: #fff;\n  line-height: 1.2;\n  text-shadow: 0 1px 2px rgba(0,0,0,0.1);\n  margin: 0;\n}\n.lk-stays-subtitle {\n  font-size: 13px;\n  color: rgba(255,255,255,.75);\n  margin: 4px 0 0 0;\n  font-weight: 300;\n}\n\n\/* \u2500\u2500\u2500 CARDS GRID \u2500\u2500\u2500 *\/\n.lk-stays-grid {\n  display: grid;\n  grid-template-columns: 1fr 1fr;\n  gap: 1px;\n  background: rgba(195, 159, 118, 0.12);\n}\n\n\/* \u2500\u2500\u2500 SINGLE CARD \u2500\u2500\u2500 *\/\n.lk-stay-card {\n  background: #ffffff;\n  padding: 26px;\n  display: flex;\n  flex-direction: column;\n  gap: 11px;\n  transition: all 0.3s ease;\n  text-decoration: none;\n  color: inherit;\n  position: relative;\n}\n.lk-stay-card:hover {\n  background: #fffbf5;\n  transform: translateY(-2px);\n  box-shadow: 0 8px 24px rgba(195, 159, 118, 0.18);\n  z-index: 1;\n}\n.lk-stay-card.featured {\n  background: linear-gradient(135deg, #fffdf9 0%, #fff9f0 100%);\n  box-shadow: 0 4px 16px rgba(195, 159, 118, 0.15), inset 0 1px 0 rgba(195, 159, 118, 0.1);\n}\n.lk-stay-card.featured:hover {\n  background: linear-gradient(135deg, #fffbf5 0%, #fff8ed 100%);\n  box-shadow: 0 8px 24px rgba(195, 159, 118, 0.25), inset 0 1px 0 rgba(195, 159, 118, 0.15);\n}\n\n.lk-stay-badge {\n  display: inline-flex;\n  align-items: center;\n  gap: 5px;\n  font-size: 10px;\n  font-weight: 500;\n  letter-spacing: 1.5px;\n  text-transform: uppercase;\n  padding: 5px 11px;\n  border-radius: 20px;\n  width: fit-content;\n}\n.badge-top     { background: linear-gradient(135deg, #c39f76 0%, #d4b188 100%); color: #fff; border: 1px solid #c39f76; font-weight: 600; box-shadow: 0 2px 8px rgba(195,159,118,0.3); }\n.badge-luxury  { background: rgba(195,159,118,.12); color: #c39f76; border: 1px solid rgba(195,159,118,.25); }\n.badge-boutique{ background: rgba(54,133,252,.08); color: #3685fc; border: 1px solid rgba(54,133,252,.2); }\n.badge-nature  { background: rgba(130,190,100,.1); color: #6b9c4a; border: 1px solid rgba(130,190,100,.2); }\n.badge-remote  { background: rgba(195,159,118,.12); color: #a67e50; border: 1px solid rgba(195,159,118,.25); }\n\n.lk-stay-name {\n  font-family: 'Playfair Display', Georgia, serif;\n  font-size: 18px;\n  font-weight: 700;\n  color: #111827;\n  line-height: 1.3;\n}\n.lk-stay-desc {\n  font-size: 13.5px;\n  color: #525252;\n  line-height: 1.65;\n  font-weight: 300;\n  flex: 1;\n}\n\n.lk-stay-meta {\n  display: flex;\n  align-items: center;\n  gap: 12px;\n  flex-wrap: wrap;\n  margin-top: 4px;\n}\n.lk-stay-price {\n  font-size: 13px;\n  color: #6b7280;\n}\n.lk-stay-price strong {\n  color: #c39f76;\n  font-weight: 500;\n}\n.lk-stay-stars {\n  color: #c39f76;\n  font-size: 11px;\n  letter-spacing: 1px;\n}\n\n\/* \u2500\u2500\u2500 CTA BUTTON \u2500\u2500\u2500 *\/\n.lk-stay-cta {\n  display: inline-flex;\n  align-items: center;\n  justify-content: center;\n  gap: 7px;\n  margin-top: 8px;\n  padding: 11px 20px;\n  border-radius: 8px;\n  background: linear-gradient(135deg, #3685fc 0%, #2a6fd9 100%);\n  color: #fff;\n  font-size: 13px;\n  font-weight: 500;\n  text-decoration: none;\n  letter-spacing: .3px;\n  transition: all .2s ease;\n  cursor: pointer;\n  border: none;\n  text-align: center;\n  box-shadow: 0 4px 12px rgba(54, 133, 252, 0.25);\n}\n.lk-stay-cta:hover {\n  background: linear-gradient(135deg, #2a6fd9 0%, #1e5bc4 100%);\n  transform: translateY(-1px);\n  box-shadow: 0 6px 16px rgba(54, 133, 252, 0.35);\n}\n.lk-stay-cta svg { flex-shrink: 0; }\n\n\/* \u2500\u2500\u2500 FOOTER \u2500\u2500\u2500 *\/\n.lk-stays-footer {\n  padding: 18px 36px;\n  background: linear-gradient(to bottom, #fdfaf5 0%, #f9f4ed 100%);\n  border-top: 1px solid rgba(195, 159, 118, 0.15);\n  display: flex;\n  align-items: center;\n  justify-content: space-between;\n  flex-wrap: wrap;\n  gap: 12px;\n}\n.lk-stays-footer-note {\n  font-size: 11.5px;\n  color: #6b7280;\n  font-weight: 300;\n  line-height: 1.5;\n}\n.lk-stays-footer-note a {\n  color: #c39f76;\n  text-decoration: none;\n  font-weight: 400;\n}\n.lk-stays-footer-note a:hover {\n  text-decoration: underline;\n}\n.lk-stays-all-btn {\n  display: inline-flex;\n  align-items: center;\n  gap: 6px;\n  font-size: 12.5px;\n  font-weight: 500;\n  color: #c39f76;\n  text-decoration: none;\n  border: 1px solid rgba(195, 159, 118, 0.35);\n  padding: 8px 18px;\n  border-radius: 8px;\n  transition: all .2s ease;\n}\n.lk-stays-all-btn:hover {\n  background: rgba(195, 159, 118, 0.08);\n  border-color: rgba(195, 159, 118, 0.5);\n}\n\n\/* \u2500\u2500\u2500 RESPONSIVE \u2500\u2500\u2500 *\/\n@media (max-width: 600px) {\n  .lk-stays-grid { grid-template-columns: 1fr; }\n  .lk-stays-header { padding: 24px 20px; }\n  .lk-stays-footer { padding: 16px 20px; }\n  .lk-stay-card { padding: 22px; }\n  .lk-stays-title { font-size: 20px; }\n}\n<\/style>\n\n  <!-- HEADER -->\n  <div class=\"lk-stays-header\">\n    <img decoding=\"async\" src=\"https:\/\/loudavymkrokem.cz\/wp-content\/uploads\/2026\/02\/lukas-a-lucka.jpg\" alt=\"\" style=\"width: 75px; height: 75px; border-radius: 8px; flex-shrink: 0; object-fit: cover; display: block; margin: 4px 0;\" title=\"\">\n    <div class=\"lk-stays-header-text\">\n      <div class=\"lk-stays-eyebrow\">Luk\u00e1\u0161 ja Lucie suosittelevat<\/div>\n      <div class=\"lk-stays-title\">Miss\u00e4 y\u00f6py\u00e4 Prahassa<\/div>\n      <div class=\"lk-stays-subtitle\">3 majoitusta \u2014 hotelleja ja muita majoitusvaihtoehtoja<\/div>\n    <\/div>\n  <\/div>\n\n  <!-- CARDS -->\n  <div class=\"lk-stays-grid\">\n\n    <a class=\"lk-stay-card featured\" href=\"https:\/\/www.stay22.com\/allez\/roam?aid=lukaskonecny&#038;campaign=loudavymkrokemcz&#038;campaign=fi&#038;campaign=post-151016&#038;hotelname=The%20Julius%20Hotel&#038;address=Praha%2C%20%C4%8Cesko\" target=\"_blank\" rel=\"nofollow noopener\">\n      <span class=\"lk-stay-badge badge-top\">\u2b50 HUIPPUVALINTA<\/span>\n      <span class=\"lk-stay-badge badge-nature\">\ud83c\udfe8 Hotelli<\/span>\n      <div class=\"lk-stay-name\">The Julius Hotel<\/div>\n      <div class=\"lk-stay-desc\">Hotelli Senov\u00e1\u017en\u00e9 n\u00e1m\u011bst\u00ed -aukiolla, jossa One Bedroom Suite, erillinen makuuhuone ja t\u00e4ysin varustettu keitti\u00f6. Ihanteellinen lapsiperheille, loistava valikoima kasvisaamiaisia, vain muutaman minuutin k\u00e4velymatkan p\u00e4\u00e4ss\u00e4 sek\u00e4 p\u00e4\u00e4rautatieasemalta ett\u00e4 V\u00e1clavsk\u00e9 n\u00e1m\u011bst\u00ed -aukeolta.<\/div>\n      <div class=\"lk-stay-meta\">\n        <span class=\"lk-stay-stars\">\u2605\u2605\u2605\u2605<\/span>\n        <span class=\"lk-stay-price\">Tarkista hinnat<\/span>\n      <\/div>\n      <span class=\"lk-stay-cta\">\n        <svg width=\"14\" height=\"14\" viewBox=\"0 0 24 24\" fill=\"none\" stroke=\"currentColor\" stroke-width=\"2\"><path d=\"M18 13v6a2 2 0 0 1-2 2H5a2 2 0 0 1-2-2V8a2 2 0 0 1 2-2h6\"\/><polyline points=\"15 3 21 3 21 9\"\/><line x1=\"10\" y1=\"14\" x2=\"21\" y2=\"3\"\/><\/svg>\n        Tarkista saatavuus\n      <\/span>\n    <\/a>\n\n    <a class=\"lk-stay-card\" href=\"https:\/\/www.booking.com\/hotel\/cz\/julius-meinl-house-prague.html?aid=2397601\" target=\"_blank\" rel=\"nofollow noopener\">\n      <span class=\"lk-stay-badge badge-nature\">\ud83c\udfe8 Hotelli<\/span>\n      <div class=\"lk-stay-name\">The Julius Hotel<\/div>\n      <div class=\"lk-stay-desc\">Hotelli, jossa t\u00e4ydellinen design, t\u00e4ysin varustettu keitti\u00f6 ja erinomainen sijainti p\u00e4\u00e4rautatieaseman l\u00e4hell\u00e4. Tarjoaa tilavan One Bedroom Suiten, joka on ihanteellinen perheille, erinomaiset kasvisaamiaiset.<\/div>\n      <div class=\"lk-stay-meta\">\n        <span class=\"lk-stay-stars\">\u2605\u2605\u2605\u2605<\/span>\n        <span class=\"lk-stay-price\">Tarkista hinnat<\/span>\n      <\/div>\n      <span class=\"lk-stay-cta\">\n        <svg width=\"14\" height=\"14\" viewBox=\"0 0 24 24\" fill=\"none\" stroke=\"currentColor\" stroke-width=\"2\"><path d=\"M18 13v6a2 2 0 0 1-2 2H5a2 2 0 0 1-2-2V8a2 2 0 0 1 2-2h6\"\/><polyline points=\"15 3 21 3 21 9\"\/><line x1=\"10\" y1=\"14\" x2=\"21\" y2=\"3\"\/><\/svg>\n        Tarkista saatavuus\n      <\/span>\n    <\/a>\n\n    <a class=\"lk-stay-card\" href=\"https:\/\/www.stay22.com\/allez\/roam?aid=lukaskonecny&#038;campaign=loudavymkrokemcz&#038;campaign=fi&#038;campaign=nejkrasnejsizahradyaparkyvpraze&#038;address=praha\" target=\"_blank\" rel=\"nofollow noopener\">\n      <span class=\"lk-stay-badge badge-nature\">\ud83d\udd0d Hae<\/span>\n      <div class=\"lk-stay-name\">N\u00e4yt\u00e4 kaikki majoitukset Prahassa<\/div>\n      <div class=\"lk-stay-desc\">Tutustu kaikkiin saatavilla oleviin majoitusvaihtoehtoihin Prahassa ja l\u00f6yd\u00e4 paras mieltymystesi ja budjettisi mukaan.<\/div>\n      <div class=\"lk-stay-meta\">\n        <span class=\"lk-stay-stars\">\u2605\u2605\u2605\u2605<\/span>\n        <span class=\"lk-stay-price\">Vertaile hintoja<\/span>\n      <\/div>\n      <span class=\"lk-stay-cta\">\n        <svg width=\"14\" height=\"14\" viewBox=\"0 0 24 24\" fill=\"none\" stroke=\"currentColor\" stroke-width=\"2\"><path d=\"M18 13v6a2 2 0 0 1-2 2H5a2 2 0 0 1-2-2V8a2 2 0 0 1 2-2h6\"\/><polyline points=\"15 3 21 3 21 9\"\/><line x1=\"10\" y1=\"14\" x2=\"21\" y2=\"3\"\/><\/svg>\n        Tarkista saatavuus\n      <\/span>\n    <\/a>\n\n  <\/div>\n\n  \n<\/div>\n\n\n\n\n<h3 class=\"wp-block-heading\"><span class=\"ez-toc-section\" id=\"Riegrin_puisto\"><\/span>Riegrin puisto<span class=\"ez-toc-section-end\"><\/span><\/h3>\n\n\n\n<p class=\"wp-block-paragraph\">&#8220;Riegr\u00e1\u010de&#8221; Vinohradyssa on synonyymi Prahan kes\u00e4illoille. Puisto sijaitsee loivalla rinteell\u00e4, ja sen p\u00e4\u00e4attraktio on <strong>valtava nurmikentt\u00e4, jolta on n\u00e4kym\u00e4<\/strong> Prahan linnan panoraamalle. Auringonlaskut ovat t\u00e4\u00e4ll\u00e4 niin suosittuja, ett\u00e4 l\u00e4mpimin\u00e4 kuukausina t\u00e4\u00e4ll\u00e4 istuu p\u00e4\u00e4 p\u00e4\u00e4n vieress\u00e4 satoja ihmisi\u00e4 piknikpeittojen, kitaroiden ja viinipullojen kanssa. Se on rento, hieman boheemi paikka, jossa sekoittuvat ekspatit, opiskelijat ja lapsiperheet.<\/p>\n\n\n\n<p class=\"wp-block-paragraph\">Puisto on ilmainen ja avoinna 24\/7. L\u00e4himm\u00e4ksi p\u00e4\u00e4set metro- ja raitiovaunuasemalta <strong>Ji\u0159\u00edho z Pod\u011bbrad<\/strong>. Puiston sis\u00e4lt\u00e4 l\u00f6yd\u00e4t valtavan ulkoilmaolutterassin (beer garden), jossa oluen saa sek\u00e4 lasiin ett\u00e4 mukiin ja josta l\u00f6ytyy my\u00f6s perinteisi\u00e4 kapakkaherkkuja, mukaan lukien juustoa kasvissy\u00f6jille. Lastenvaunujen kanssa t\u00e4\u00e4ll\u00e4 liikkuu hyvin, vaikka jotkin sivupolut onkin sirotettu karkeammalla soralla.<\/p>\n\n\n\n<p class=\"wp-block-paragraph\"><strong>\ud83d\udca1 Vinkki:<\/strong> Jos haluat n\u00e4hd\u00e4 sen kuuluisan auringonlaskun p\u00e4\u00e4niitylt\u00e4, saavu kes\u00e4ll\u00e4 v\u00e4hint\u00e4\u00e4n tunti etuk\u00e4teen. Parhaat paikat suoralla n\u00e4kym\u00e4ll\u00e4 linnalle ovat varattuja jo noin seitsem\u00e4lt\u00e4 illalla.<\/p>\n\n\n\n<h3 class=\"wp-block-heading\"><span class=\"ez-toc-section\" id=\"Letnan_puisto\"><\/span>Letn\u00e1n puisto<span class=\"ez-toc-section-end\"><\/span><\/h3>\n\n\n\n<p class=\"wp-block-paragraph\">Vihre\u00e4 vy\u00f6hyke, joka kulkee Letn\u00e1n kukkulan reunaa pitkin Vltavan yl\u00e4puolella, tarjoaa <strong>tunnetuimmat n\u00e4kym\u00e4t Prahan silloille<\/strong>. Yhdeks\u00e4nkymment\u00e4luvulla, kommunismin kaaduttua, t\u00e4nne nousi Stalinin muistomerkin tilalle j\u00e4ttim\u00e4inen Metronomi, jonka ymp\u00e4rille skeittariyhteis\u00f6 nyky\u00e4\u00e4n kokoontuu. Letn\u00e1 on jaettu kahteen osaan: leveisiin niittyihin, jotka soveltuvat urheiluun ja koiran ulkoiluttamiseen, sek\u00e4 joen yl\u00e4puolista rinnett\u00e4 reunustaviin polkuihin, joilta avautuvat fantastiset n\u00e4kym\u00e4t.<\/p>\n\n\n\n<figure data-wp-context=\"{&quot;imageId&quot;:&quot;6a9724d938cb7&quot;}\" data-wp-interactive=\"core\/image\" data-wp-key=\"6a9724d938cb7\" class=\"wp-block-image size-full wp-lightbox-container\"><img decoding=\"async\" width=\"1800\" height=\"1200\" data-wp-class--hide=\"state.isContentHidden\" data-wp-class--show=\"state.isContentVisible\" data-wp-init=\"callbacks.setButtonStyles\" data-wp-on--click=\"actions.showLightbox\" data-wp-on--load=\"callbacks.setButtonStyles\" data-wp-on--pointerdown=\"actions.preloadImage\" data-wp-on--pointerenter=\"actions.preloadImageWithDelay\" data-wp-on--pointerleave=\"actions.cancelPreload\" data-wp-on-window--resize=\"callbacks.setButtonStyles\" src=\"https:\/\/loudavymkrokem.cz\/wp-content\/uploads\/2026\/05\/parky-praha-letna-vyhled-mosty.jpg\" alt=\"N\u00e4kym\u00e4 Prahan silloille ja Vltavalle Letn\u00e1n puistosta\" class=\"wp-image-174073\" title=\"\" srcset=\"https:\/\/loudavymkrokem.cz\/wp-content\/uploads\/2026\/05\/parky-praha-letna-vyhled-mosty.jpg 1800w, https:\/\/loudavymkrokem.cz\/wp-content\/uploads\/2026\/05\/parky-praha-letna-vyhled-mosty-300x200.jpg 300w, https:\/\/loudavymkrokem.cz\/wp-content\/uploads\/2026\/05\/parky-praha-letna-vyhled-mosty-700x467.jpg 700w, https:\/\/loudavymkrokem.cz\/wp-content\/uploads\/2026\/05\/parky-praha-letna-vyhled-mosty-768x512.jpg 768w, https:\/\/loudavymkrokem.cz\/wp-content\/uploads\/2026\/05\/parky-praha-letna-vyhled-mosty-1536x1024.jpg 1536w, https:\/\/loudavymkrokem.cz\/wp-content\/uploads\/2026\/05\/parky-praha-letna-vyhled-mosty-696x464.jpg 696w, https:\/\/loudavymkrokem.cz\/wp-content\/uploads\/2026\/05\/parky-praha-letna-vyhled-mosty-1392x928.jpg 1392w\" sizes=\"(max-width: 1800px) 100vw, 1800px\" \/><button\n\t\t\tclass=\"lightbox-trigger\"\n\t\t\ttype=\"button\"\n\t\t\taria-haspopup=\"dialog\"\n\t\t\tdata-wp-bind--aria-label=\"state.thisImage.triggerButtonAriaLabel\"\n\t\t\tdata-wp-init=\"callbacks.initTriggerButton\"\n\t\t\tdata-wp-on--click=\"actions.showLightbox\"\n\t\t\tdata-wp-style--right=\"state.thisImage.buttonRight\"\n\t\t\tdata-wp-style--top=\"state.thisImage.buttonTop\"\n\t\t>\n\t\t\t<svg xmlns=\"http:\/\/www.w3.org\/2000\/svg\" width=\"12\" height=\"12\" fill=\"none\" viewBox=\"0 0 12 12\">\n\t\t\t\t<path fill=\"#fff\" d=\"M2 0a2 2 0 0 0-2 2v2h1.5V2a.5.5 0 0 1 .5-.5h2V0H2Zm2 10.5H2a.5.5 0 0 1-.5-.5V8H0v2a2 2 0 0 0 2 2h2v-1.5ZM8 12v-1.5h2a.5.5 0 0 0 .5-.5V8H12v2a2 2 0 0 1-2 2H8Zm2-12a2 2 0 0 1 2 2v2h-1.5V2a.5.5 0 0 0-.5-.5H8V0h2Z\" \/>\n\t\t\t<\/svg>\n\t\t<\/button><figcaption class=\"wp-element-caption\">N\u00e4kym\u00e4 Prahan silloille Letn\u00e1ll\u00e4<\/figcaption><\/figure>\n\n\n\n<p class=\"wp-block-paragraph\">Sis\u00e4\u00e4np\u00e4\u00e4sy on ilmainen, t\u00e4nne p\u00e4\u00e4set raitiovaunulla pys\u00e4keille Sparta tai Letensk\u00e9 n\u00e1m\u011bst\u00ed. Aivan kuten Riegrin puistossa, my\u00f6s Letn\u00e1ll\u00e4 toimii <strong>legendaarinen olutterassi Letensk\u00fd z\u00e1me\u010dekin luona<\/strong>. Luk\u00e1\u0161 ja min\u00e4 istuimme t\u00e4\u00e4ll\u00e4 kerran koko iltap\u00e4iv\u00e4n \u2013 kookkaat kastanjat, n\u00e4kym\u00e4 vanhaankaupunkiin ja kylm\u00e4 olut. Yksi niist\u00e4 hetkist\u00e4, jolloin sanot itsellesi, miksi Praha ei koskaan lakkaa olemasta upea.<\/p>\n\n\n\n<figure data-wp-context=\"{&quot;imageId&quot;:&quot;6a9724d939129&quot;}\" data-wp-interactive=\"core\/image\" data-wp-key=\"6a9724d939129\" class=\"wp-block-image size-full wp-lightbox-container\"><img decoding=\"async\" width=\"1800\" height=\"1200\" data-wp-class--hide=\"state.isContentHidden\" data-wp-class--show=\"state.isContentVisible\" data-wp-init=\"callbacks.setButtonStyles\" data-wp-on--click=\"actions.showLightbox\" data-wp-on--load=\"callbacks.setButtonStyles\" data-wp-on--pointerdown=\"actions.preloadImage\" data-wp-on--pointerenter=\"actions.preloadImageWithDelay\" data-wp-on--pointerleave=\"actions.cancelPreload\" data-wp-on-window--resize=\"callbacks.setButtonStyles\" src=\"https:\/\/loudavymkrokem.cz\/wp-content\/uploads\/2026\/05\/parky-praha-letna-lavicka-vyhled.jpg\" alt=\"Penkki m\u00e4ntyjen alla n\u00e4kym\u00e4ll\u00e4 Prahaan Letn\u00e1ll\u00e4\" class=\"wp-image-174074\" title=\"\" srcset=\"https:\/\/loudavymkrokem.cz\/wp-content\/uploads\/2026\/05\/parky-praha-letna-lavicka-vyhled.jpg 1800w, https:\/\/loudavymkrokem.cz\/wp-content\/uploads\/2026\/05\/parky-praha-letna-lavicka-vyhled-300x200.jpg 300w, https:\/\/loudavymkrokem.cz\/wp-content\/uploads\/2026\/05\/parky-praha-letna-lavicka-vyhled-700x467.jpg 700w, https:\/\/loudavymkrokem.cz\/wp-content\/uploads\/2026\/05\/parky-praha-letna-lavicka-vyhled-768x512.jpg 768w, https:\/\/loudavymkrokem.cz\/wp-content\/uploads\/2026\/05\/parky-praha-letna-lavicka-vyhled-1536x1024.jpg 1536w, https:\/\/loudavymkrokem.cz\/wp-content\/uploads\/2026\/05\/parky-praha-letna-lavicka-vyhled-696x464.jpg 696w, https:\/\/loudavymkrokem.cz\/wp-content\/uploads\/2026\/05\/parky-praha-letna-lavicka-vyhled-1392x928.jpg 1392w\" sizes=\"(max-width: 1800px) 100vw, 1800px\" \/><button\n\t\t\tclass=\"lightbox-trigger\"\n\t\t\ttype=\"button\"\n\t\t\taria-haspopup=\"dialog\"\n\t\t\tdata-wp-bind--aria-label=\"state.thisImage.triggerButtonAriaLabel\"\n\t\t\tdata-wp-init=\"callbacks.initTriggerButton\"\n\t\t\tdata-wp-on--click=\"actions.showLightbox\"\n\t\t\tdata-wp-style--right=\"state.thisImage.buttonRight\"\n\t\t\tdata-wp-style--top=\"state.thisImage.buttonTop\"\n\t\t>\n\t\t\t<svg xmlns=\"http:\/\/www.w3.org\/2000\/svg\" width=\"12\" height=\"12\" fill=\"none\" viewBox=\"0 0 12 12\">\n\t\t\t\t<path fill=\"#fff\" d=\"M2 0a2 2 0 0 0-2 2v2h1.5V2a.5.5 0 0 1 .5-.5h2V0H2Zm2 10.5H2a.5.5 0 0 1-.5-.5V8H0v2a2 2 0 0 0 2 2h2v-1.5ZM8 12v-1.5h2a.5.5 0 0 0 .5-.5V8H12v2a2 2 0 0 1-2 2H8Zm2-12a2 2 0 0 1 2 2v2h-1.5V2a.5.5 0 0 0-.5-.5H8V0h2Z\" \/>\n\t\t\t<\/svg>\n\t\t<\/button><figcaption class=\"wp-element-caption\">Penkki n\u00e4kym\u00e4ll\u00e4 vanhaankaupunkiin Letn\u00e1ll\u00e4<\/figcaption><\/figure>\n\n\n\n<p class=\"wp-block-paragraph\"><strong>\ud83d\udca1 Vinkki:<\/strong> \u00c4l\u00e4 mene vain p\u00e4\u00e4n\u00e4k\u00f6alapaikalle Hanavsk\u00fd-paviljongin luo, jossa kamerojoukot tungeksivat. Siirry noin 300 metri\u00e4 it\u00e4\u00e4n rinteen reunaa pitkin pienemm\u00e4lle, huomaamattomammalle muurille. N\u00e4kym\u00e4 Vltavan mutkaan on sielt\u00e4 puhtaampi eik\u00e4 paikasta tarvitse kilpailla.<\/p>\n\n\n\n<h3 class=\"wp-block-heading\"><span class=\"ez-toc-section\" id=\"Kampan_saari\"><\/span>Kampan saari<span class=\"ez-toc-section-end\"><\/span><\/h3>\n\n\n\n<p class=\"wp-block-paragraph\">Kampa ei itse asiassa ole klassinen puisto vaan pikemminkin laaja nurmialue saarella, jonka keinotekoinen \u010certovka-kanava erottaa Mal\u00e1 Stranasta. Se sijaitsee suoraan Kaarlensillan alapuolella, joten t\u00e4\u00e4lt\u00e4 ei voi v\u00e4ltt\u00e4\u00e4 turisteja, mutta silti paikka s\u00e4ilytt\u00e4\u00e4 valtavan annoksen vieh\u00e4tyst\u00e4. Suurta niitty\u00e4 reunustavat plataanit ja toiselta puolelta Vltava, jolla risteilyalukset seilaavat.<\/p>\n\n\n\n<figure data-wp-context=\"{&quot;imageId&quot;:&quot;6a9724d93964c&quot;}\" data-wp-interactive=\"core\/image\" data-wp-key=\"6a9724d93964c\" class=\"wp-block-image size-full wp-lightbox-container\"><img decoding=\"async\" width=\"1600\" height=\"1200\" data-wp-class--hide=\"state.isContentHidden\" data-wp-class--show=\"state.isContentVisible\" data-wp-init=\"callbacks.setButtonStyles\" data-wp-on--click=\"actions.showLightbox\" data-wp-on--load=\"callbacks.setButtonStyles\" data-wp-on--pointerdown=\"actions.preloadImage\" data-wp-on--pointerenter=\"actions.preloadImageWithDelay\" data-wp-on--pointerleave=\"actions.cancelPreload\" data-wp-on-window--resize=\"callbacks.setButtonStyles\" src=\"https:\/\/loudavymkrokem.cz\/wp-content\/uploads\/2026\/05\/parky-praha-kampa-sovovy-mlyny.jpg\" alt=\"Puisto Kampan saarella Sovovy ml\u00fdny -myllyineen\" class=\"wp-image-181838\" title=\"\" srcset=\"https:\/\/loudavymkrokem.cz\/wp-content\/uploads\/2026\/05\/parky-praha-kampa-sovovy-mlyny.jpg 1600w, https:\/\/loudavymkrokem.cz\/wp-content\/uploads\/2026\/05\/parky-praha-kampa-sovovy-mlyny-300x225.jpg 300w, https:\/\/loudavymkrokem.cz\/wp-content\/uploads\/2026\/05\/parky-praha-kampa-sovovy-mlyny-700x525.jpg 700w, https:\/\/loudavymkrokem.cz\/wp-content\/uploads\/2026\/05\/parky-praha-kampa-sovovy-mlyny-768x576.jpg 768w, https:\/\/loudavymkrokem.cz\/wp-content\/uploads\/2026\/05\/parky-praha-kampa-sovovy-mlyny-1536x1152.jpg 1536w, https:\/\/loudavymkrokem.cz\/wp-content\/uploads\/2026\/05\/parky-praha-kampa-sovovy-mlyny-80x60.jpg 80w, https:\/\/loudavymkrokem.cz\/wp-content\/uploads\/2026\/05\/parky-praha-kampa-sovovy-mlyny-160x120.jpg 160w, https:\/\/loudavymkrokem.cz\/wp-content\/uploads\/2026\/05\/parky-praha-kampa-sovovy-mlyny-696x522.jpg 696w, https:\/\/loudavymkrokem.cz\/wp-content\/uploads\/2026\/05\/parky-praha-kampa-sovovy-mlyny-1392x1044.jpg 1392w\" sizes=\"(max-width: 1600px) 100vw, 1600px\" \/><button\n\t\t\tclass=\"lightbox-trigger\"\n\t\t\ttype=\"button\"\n\t\t\taria-haspopup=\"dialog\"\n\t\t\tdata-wp-bind--aria-label=\"state.thisImage.triggerButtonAriaLabel\"\n\t\t\tdata-wp-init=\"callbacks.initTriggerButton\"\n\t\t\tdata-wp-on--click=\"actions.showLightbox\"\n\t\t\tdata-wp-style--right=\"state.thisImage.buttonRight\"\n\t\t\tdata-wp-style--top=\"state.thisImage.buttonTop\"\n\t\t>\n\t\t\t<svg xmlns=\"http:\/\/www.w3.org\/2000\/svg\" width=\"12\" height=\"12\" fill=\"none\" viewBox=\"0 0 12 12\">\n\t\t\t\t<path fill=\"#fff\" d=\"M2 0a2 2 0 0 0-2 2v2h1.5V2a.5.5 0 0 1 .5-.5h2V0H2Zm2 10.5H2a.5.5 0 0 1-.5-.5V8H0v2a2 2 0 0 0 2 2h2v-1.5ZM8 12v-1.5h2a.5.5 0 0 0 .5-.5V8H12v2a2 2 0 0 1-2 2H8Zm2-12a2 2 0 0 1 2 2v2h-1.5V2a.5.5 0 0 0-.5-.5H8V0h2Z\" \/>\n\t\t\t<\/svg>\n\t\t<\/button><figcaption class=\"wp-element-caption\">Kuva: \u0160J\u016f \/ CC BY 4.0 \/ Wikimedia Commons<\/figcaption><\/figure>\n\n\n\n<p class=\"wp-block-paragraph\">P\u00e4\u00e4sy on ilmainen ymp\u00e4ri vuoden, riitt\u00e4\u00e4 kun laskeudut portaat Kaarlensillalta tai tulet \u00dajezd-kadun suunnalta. Se on <strong>ihanteellinen paikka lyhyeen lepoon<\/strong> keskustan raskaan tutkimisen aikana. T\u00e4\u00e4lt\u00e4 l\u00f6yd\u00e4t my\u00f6s nykytaiteeseen keskittyv\u00e4n Museum Kampan, jonka edess\u00e4 nurmella k\u00e4velev\u00e4t Davos \u010cern\u00fdn tunnetut pronssivauvat.<\/p>\n\n\n\n<p class=\"wp-block-paragraph\"><strong>\ud83d\udca1 Vinkki:<\/strong> Kampan etel\u00e4k\u00e4rjess\u00e4, l\u00e4hell\u00e4 Sovovy ml\u00fdny -myllyj\u00e4, on kapea rantakaistale, jota pitkin voi laskeutua aivan veden \u00e4\u00e4reen. Se on hieno paikka, jossa lapset heittelev\u00e4t mielell\u00e4\u00e4n kivi\u00e4 Vltavaan ja jossa voi ruokkia joutsenia kaukana suurimmasta h\u00e4lin\u00e4st\u00e4.<\/p>\n\n\n\n<h2 class=\"wp-block-heading\"><span class=\"ez-toc-section\" id=\"Piilotetut_vihreat_nurkkaukset_minne_paeta_vakijoukkoja\"><\/span>Piilotetut vihre\u00e4t nurkkaukset (minne paeta v\u00e4kijoukkoja)<span class=\"ez-toc-section-end\"><\/span><\/h2>\n\n\n\n<p class=\"wp-block-paragraph\">Jos sinusta tuntuu, ett\u00e4 Prahan keskusta muuttuu yhdeksi suureksi turistikulissiksi, riitt\u00e4\u00e4 kun siirryt muutaman pys\u00e4kin raitiovaunulla. On puistoja ja puutarhoja, jotka ovat s\u00e4ilytt\u00e4neet paikallisen luonteensa ja joissa tapaat pikemminkin koiraa ulkoiluttavia naapureita kuin opasretki\u00e4.<\/p>\n\n\n\n<h3 class=\"wp-block-heading\"><span class=\"ez-toc-section\" id=\"Havlicekin_puisto_Grebovka\"><\/span>Havl\u00ed\u010dekin puisto (Gr\u00e9bovka)<span class=\"ez-toc-section-end\"><\/span><\/h3>\n\n\n\n<p class=\"wp-block-paragraph\">T\u00e4m\u00e4 laaja puisto Vinohradyn ja Vr\u0161ovicen rajalla on italialaisen renessanssin innoittama, ja rehellisesti sanottuna ensivierailulla se hieman salpasi henkeni \u2013 t\u00e4llaista mahtipontisuutta en osannut Vr\u0161ovicessa odottaa. Sen rakennutti teollisuusmies Moritz Gr\u00f6be, ja sit\u00e4 hallitsee edelleen majesteettinen Gr\u00f6ben huvila. Suurin vetonaula on kuitenkin <strong>toimiva historiallinen viinitarha etel\u00e4isell\u00e4 rinteell\u00e4<\/strong>, jossa kasvatetaan viinik\u00f6ynn\u00f6st\u00e4, sek\u00e4 puinen Vini\u010dn\u00ed alt\u00e1n, jossa voit nauttia lasillisen paikallista viini\u00e4.<\/p>\n\n\n\n<p class=\"wp-block-paragraph\">Sis\u00e4\u00e4np\u00e4\u00e4sy on ilmainen ja puisto on avoinna p\u00e4ivitt\u00e4in, mutta y\u00f6ksi portit lukitaan (avoinna klo 6.00\u201322.00, talvella klo 20.00 asti). Sinne p\u00e4\u00e4see parhaiten raitiovaunulla pys\u00e4kille Krymsk\u00e1 tai N\u00e1dra\u017e\u00ed Vr\u0161ovice. Puistossa on melko huomattavaa korkeuseroa, joten lastenvaunujen kanssa hikoilet m\u00e4ke\u00e4 yl\u00f6s hieman, mutta asfalttitiet ovat laadukkaita.<\/p>\n\n\n\n<p class=\"wp-block-paragraph\"><strong>\ud83d\udca1 Vinkki:<\/strong> \u00c4l\u00e4 j\u00e4t\u00e4 v\u00e4liin keinotekoista Grotta-luolaa puiston yl\u00e4osassa. Kunnostuksen j\u00e4lkeen se on avoinna ja voit ry\u00f6mi\u00e4 sen kivik\u00e4yt\u00e4viss\u00e4 ja portaissa. Se on aivan surrealistinen kokemus, jota et Prahan keskustassa osaisi odottaa.<\/p>\n\n\n\n<h3 class=\"wp-block-heading\"><span class=\"ez-toc-section\" id=\"Kinskyn_puutarha\"><\/span>Kinsk\u00fdn puutarha<span class=\"ez-toc-section-end\"><\/span><\/h3>\n\n\n\n<p class=\"wp-block-paragraph\">Kinsk\u00fdn puutarha jatkuu saumattomasti Pet\u0159\u00ednin puistosta etel\u00e4iselt\u00e4, Sm\u00edchovin puolelta, mutta sill\u00e4 on aivan toisenlainen tunnelma. Se on <strong>villimpi, jyrkempi ja paljon v\u00e4hemm\u00e4n vierailtu<\/strong>. Mets\u00e4polut mutkittelevat t\u00e4\u00e4ll\u00e4 hiekkakivikallioiden, keinotekoisten vesiputousten ja lampien ymp\u00e4ri. Rinteen keskell\u00e4 seisoo Kinsk\u00fdn huvilinna, jossa nyky\u00e4\u00e4n sijaitsee kansatieteellinen museo, ja hieman sen yl\u00e4puolella kokonaan puinen karpaattilainen Pyh\u00e4n Mikaelin kirkko (joka valitettavasti paloi muutama vuosi sitten ja odottaa j\u00e4lleenrakennusta).<\/p>\n\n\n\n<p class=\"wp-block-paragraph\">Sis\u00e4\u00e4np\u00e4\u00e4sy on ilmainen, avoinna nonstop. Helpoin reitti on Kinsk\u00fdch-aukiolta (raitiovaunupys\u00e4kki \u0160vandovo divadlo tai \u00dajezd). Maasto on t\u00e4\u00e4ll\u00e4 todella jyrkk\u00e4, joten lapsiperheille tai lastenvaunujen kanssa se on pikemminkin kuntotreeni kuin rentouttava k\u00e4vely.<\/p>\n\n\n\n<p class=\"wp-block-paragraph\"><strong>\ud83d\udca1 Vinkki:<\/strong> Jos haluat v\u00e4ltt\u00e4\u00e4 jyrk\u00e4n nousun, aja bussilla 176 pys\u00e4kille Stadion Strahov ja astu Kinsk\u00fdn puutarhaan ylh\u00e4\u00e4lt\u00e4. Koko matkan k\u00e4velet mukavasti alam\u00e4keen ja nautit kauniista n\u00e4kymist\u00e4 Sm\u00edchoville.<\/p>\n\n\n\n<h3 class=\"wp-block-heading\"><span class=\"ez-toc-section\" id=\"Divoka_Sarka\"><\/span>Divok\u00e1 \u0160\u00e1rka<span class=\"ez-toc-section-end\"><\/span><\/h3>\n\n\n\n<p class=\"wp-block-paragraph\">Kun Luk\u00e1\u0161 ja min\u00e4 tarvitsemme t\u00e4ydellisen katkoksen ja haluamme unohtaa asuvamme miljoonakaupungissa, matkustamme Divok\u00e1 \u0160\u00e1rkaan. T\u00e4m\u00e4 laaja luonnonsuojelualue Prahan luoteisosassa tarjoaa syv\u00e4n laakson jyrkkien kallioiden puristuksessa, tihe\u00e4t mets\u00e4t ja mutkittelevan \u0160\u00e1reck\u00fd-puron. Se on <strong>ihanteellinen paikka kokop\u00e4iv\u00e4retkelle<\/strong>, pidemmille patikoille ja kes\u00e4ll\u00e4 my\u00f6s uimiseen.<\/p>\n\n\n\n<figure data-wp-context=\"{&quot;imageId&quot;:&quot;6a9724d93a077&quot;}\" data-wp-interactive=\"core\/image\" data-wp-key=\"6a9724d93a077\" class=\"wp-block-image size-full wp-lightbox-container\"><img decoding=\"async\" width=\"2000\" height=\"1333\" data-wp-class--hide=\"state.isContentHidden\" data-wp-class--show=\"state.isContentVisible\" data-wp-init=\"callbacks.setButtonStyles\" data-wp-on--click=\"actions.showLightbox\" data-wp-on--load=\"callbacks.setButtonStyles\" data-wp-on--pointerdown=\"actions.preloadImage\" data-wp-on--pointerenter=\"actions.preloadImageWithDelay\" data-wp-on--pointerleave=\"actions.cancelPreload\" data-wp-on-window--resize=\"callbacks.setButtonStyles\" src=\"https:\/\/loudavymkrokem.cz\/wp-content\/uploads\/2023\/07\/divoka-sarka-praha.jpg\" alt=\"Divok\u00e1 \u0160\u00e1rka\" class=\"wp-image-62967\" title=\"\" srcset=\"https:\/\/loudavymkrokem.cz\/wp-content\/uploads\/2023\/07\/divoka-sarka-praha.jpg 2000w, https:\/\/loudavymkrokem.cz\/wp-content\/uploads\/2023\/07\/divoka-sarka-praha-300x200.jpg 300w, https:\/\/loudavymkrokem.cz\/wp-content\/uploads\/2023\/07\/divoka-sarka-praha-700x467.jpg 700w, https:\/\/loudavymkrokem.cz\/wp-content\/uploads\/2023\/07\/divoka-sarka-praha-768x512.jpg 768w, https:\/\/loudavymkrokem.cz\/wp-content\/uploads\/2023\/07\/divoka-sarka-praha-1536x1024.jpg 1536w, https:\/\/loudavymkrokem.cz\/wp-content\/uploads\/2023\/07\/divoka-sarka-praha-696x464.jpg 696w, https:\/\/loudavymkrokem.cz\/wp-content\/uploads\/2023\/07\/divoka-sarka-praha-1392x928.jpg 1392w, https:\/\/loudavymkrokem.cz\/wp-content\/uploads\/2023\/07\/divoka-sarka-praha-1920x1280.jpg 1920w\" sizes=\"(max-width: 2000px) 100vw, 2000px\" \/><button\n\t\t\tclass=\"lightbox-trigger\"\n\t\t\ttype=\"button\"\n\t\t\taria-haspopup=\"dialog\"\n\t\t\tdata-wp-bind--aria-label=\"state.thisImage.triggerButtonAriaLabel\"\n\t\t\tdata-wp-init=\"callbacks.initTriggerButton\"\n\t\t\tdata-wp-on--click=\"actions.showLightbox\"\n\t\t\tdata-wp-style--right=\"state.thisImage.buttonRight\"\n\t\t\tdata-wp-style--top=\"state.thisImage.buttonTop\"\n\t\t>\n\t\t\t<svg xmlns=\"http:\/\/www.w3.org\/2000\/svg\" width=\"12\" height=\"12\" fill=\"none\" viewBox=\"0 0 12 12\">\n\t\t\t\t<path fill=\"#fff\" d=\"M2 0a2 2 0 0 0-2 2v2h1.5V2a.5.5 0 0 1 .5-.5h2V0H2Zm2 10.5H2a.5.5 0 0 1-.5-.5V8H0v2a2 2 0 0 0 2 2h2v-1.5ZM8 12v-1.5h2a.5.5 0 0 0 .5-.5V8H12v2a2 2 0 0 1-2 2H8Zm2-12a2 2 0 0 1 2 2v2h-1.5V2a.5.5 0 0 0-.5-.5H8V0h2Z\" \/>\n\t\t\t<\/svg>\n\t\t<\/button><figcaption class=\"wp-element-caption\">Divok\u00e1 \u0160\u00e1rka<\/figcaption><\/figure>\n\n\n\n<p class=\"wp-block-paragraph\">Sis\u00e4\u00e4np\u00e4\u00e4sy suojelualueelle on ilmainen. Paras l\u00e4ht\u00f6piste on raitiovaunujen 20 ja 26 p\u00e4\u00e4tepys\u00e4kki <strong>Divok\u00e1 \u0160\u00e1rka<\/strong>. P\u00e4\u00e4asfalttitie laakson l\u00e4pi on t\u00e4ydellinen lastenvaunuille ja potkupy\u00f6rille, mutta heti kun poikkeat kallioiden n\u00e4k\u00f6alapaikoille johtaville mets\u00e4poluille, varaudu vaativaan maastoon juurineen ja kivineen.<\/p>\n\n\n\n<p class=\"wp-block-paragraph\"><strong>\ud83d\udca1 Vinkki:<\/strong> Laakson syd\u00e4mest\u00e4 l\u00f6yd\u00e4t kes\u00e4uimalan U Vesel\u00edka. Sit\u00e4 sy\u00f6tt\u00e4\u00e4 l\u00e4hdevesi, joten pahimmissakin elokuun helteiss\u00e4 veden l\u00e4mp\u00f6tila viilent\u00e4\u00e4 sinut varmasti (jotkut sanoisivat, ett\u00e4 se on j\u00e4\u00e4kylm\u00e4). Lis\u00e4ksi siell\u00e4 tehd\u00e4\u00e4n hyvi\u00e4 langoseja (t\u0161ekkil\u00e4isi\u00e4 lettuja).<\/p>\n\n\n\n<h3 class=\"wp-block-heading\"><span class=\"ez-toc-section\" id=\"Fransiskaanien_puutarha\"><\/span>Fransiskaanien puutarha<span class=\"ez-toc-section-end\"><\/span><\/h3>\n\n\n\n<p class=\"wp-block-paragraph\">T\u00e4m\u00e4 on pieni ihme suoraan sykkiv\u00e4n kaupallisen Prahan syd\u00e4mess\u00e4. Venceslauksenaukion ja Jungmannovo-aukion v\u00e4liss\u00e4 sis\u00e4pihalla piilee entisen fransiskaaniluostarin puutarha. Puolenp\u00e4iv\u00e4n aikaan penkit t\u00e4yttyv\u00e4t virkailijoista, jotka tuovat t\u00e4nne lounaansa rasioissa, ja loppup\u00e4iv\u00e4n t\u00e4\u00e4ll\u00e4 lep\u00e4\u00e4v\u00e4t turistit, joiden jalat v\u00e4syv\u00e4t ostoksista. Puutarha tunnetaan yrttipenkeist\u00e4\u00e4n ja upeista ruusujen peitt\u00e4mist\u00e4 kaarista.<\/p>\n\n\n\n<figure data-wp-context=\"{&quot;imageId&quot;:&quot;6a9724d93a5cf&quot;}\" data-wp-interactive=\"core\/image\" data-wp-key=\"6a9724d93a5cf\" class=\"wp-block-image size-full wp-lightbox-container\"><img decoding=\"async\" width=\"2000\" height=\"1314\" data-wp-class--hide=\"state.isContentHidden\" data-wp-class--show=\"state.isContentVisible\" data-wp-init=\"callbacks.setButtonStyles\" data-wp-on--click=\"actions.showLightbox\" data-wp-on--load=\"callbacks.setButtonStyles\" data-wp-on--pointerdown=\"actions.preloadImage\" data-wp-on--pointerenter=\"actions.preloadImageWithDelay\" data-wp-on--pointerleave=\"actions.cancelPreload\" data-wp-on-window--resize=\"callbacks.setButtonStyles\" src=\"https:\/\/loudavymkrokem.cz\/wp-content\/uploads\/2023\/07\/frantiskanska-zahrada.jpg\" alt=\"Fransiskaanien puutarha keskustassa\" class=\"wp-image-63064\" title=\"\" srcset=\"https:\/\/loudavymkrokem.cz\/wp-content\/uploads\/2023\/07\/frantiskanska-zahrada.jpg 2000w, https:\/\/loudavymkrokem.cz\/wp-content\/uploads\/2023\/07\/frantiskanska-zahrada-300x197.jpg 300w, https:\/\/loudavymkrokem.cz\/wp-content\/uploads\/2023\/07\/frantiskanska-zahrada-700x460.jpg 700w, https:\/\/loudavymkrokem.cz\/wp-content\/uploads\/2023\/07\/frantiskanska-zahrada-768x505.jpg 768w, https:\/\/loudavymkrokem.cz\/wp-content\/uploads\/2023\/07\/frantiskanska-zahrada-1536x1009.jpg 1536w, https:\/\/loudavymkrokem.cz\/wp-content\/uploads\/2023\/07\/frantiskanska-zahrada-696x457.jpg 696w, https:\/\/loudavymkrokem.cz\/wp-content\/uploads\/2023\/07\/frantiskanska-zahrada-1392x915.jpg 1392w, https:\/\/loudavymkrokem.cz\/wp-content\/uploads\/2023\/07\/frantiskanska-zahrada-1920x1261.jpg 1920w\" sizes=\"(max-width: 2000px) 100vw, 2000px\" \/><button\n\t\t\tclass=\"lightbox-trigger\"\n\t\t\ttype=\"button\"\n\t\t\taria-haspopup=\"dialog\"\n\t\t\tdata-wp-bind--aria-label=\"state.thisImage.triggerButtonAriaLabel\"\n\t\t\tdata-wp-init=\"callbacks.initTriggerButton\"\n\t\t\tdata-wp-on--click=\"actions.showLightbox\"\n\t\t\tdata-wp-style--right=\"state.thisImage.buttonRight\"\n\t\t\tdata-wp-style--top=\"state.thisImage.buttonTop\"\n\t\t>\n\t\t\t<svg xmlns=\"http:\/\/www.w3.org\/2000\/svg\" width=\"12\" height=\"12\" fill=\"none\" viewBox=\"0 0 12 12\">\n\t\t\t\t<path fill=\"#fff\" d=\"M2 0a2 2 0 0 0-2 2v2h1.5V2a.5.5 0 0 1 .5-.5h2V0H2Zm2 10.5H2a.5.5 0 0 1-.5-.5V8H0v2a2 2 0 0 0 2 2h2v-1.5ZM8 12v-1.5h2a.5.5 0 0 0 .5-.5V8H12v2a2 2 0 0 1-2 2H8Zm2-12a2 2 0 0 1 2 2v2h-1.5V2a.5.5 0 0 0-.5-.5H8V0h2Z\" \/>\n\t\t\t<\/svg>\n\t\t<\/button><figcaption class=\"wp-element-caption\">Fransiskaanien puutarha keskustassa<\/figcaption><\/figure>\n\n\n\n<p class=\"wp-block-paragraph\">Puutarha lukitaan y\u00f6ksi, p\u00e4iv\u00e4ll\u00e4 (yleens\u00e4 klo 8.00\u201319.00) sis\u00e4\u00e4np\u00e4\u00e4sy on ilmainen. Sinne voi tulla Sv\u011btozor-passaasista, Jungmannovo-aukiolta tai Venceslauksenaukiolta Alfa-passaasin kautta. T\u00e4\u00e4ll\u00e4 on aivan tasaista, joten <strong>lastenvaunut ja py\u00f6r\u00e4tuolit kulkevat ongelmitta<\/strong>. Yl\u00e4osassa on my\u00f6s aidattu leikkipuisto.<\/p>\n\n\n\n<p class=\"wp-block-paragraph\"><strong>\ud83d\udca1 Vinkki:<\/strong> Ennen kuin menet istumaan penkille, pys\u00e4hdy Sv\u011btozor-passaasissa legendaarisessa j\u00e4\u00e4tel\u00f6baarissa Ovocn\u00fd Sv\u011btozor. Ota pehmytj\u00e4\u00e4tel\u00f6 mansikan ja banaanin makuisena mukaan puutarhaan. Se on rituaali, jota noudattavat l\u00e4hes kaikki prahalaiset.<\/p>\n\n\n\n<h3 class=\"wp-block-heading\"><span class=\"ez-toc-section\" id=\"Prahan_linnan_etelaiset_puutarhat_ja_Kauriinvallihauta\"><\/span>Prahan linnan etel\u00e4iset puutarhat ja Kauriinvallihauta<span class=\"ez-toc-section-end\"><\/span><\/h3>\n\n\n\n<p class=\"wp-block-paragraph\">Prahan linnan ymp\u00e4rist\u00f6 ei ole vain kuninkaallinen puutarha. Etel\u00e4iset puutarhat (Rajsk\u00e1, Na Valech ja Hartigin) kulkevat kapeana kaistaleena linnan etel\u00e4isen julkisivun vieress\u00e4 ja tarjoavat <strong>ikonisimmat n\u00e4kym\u00e4t Mal\u00e1 Stranan katoille<\/strong>. Niiden nykyisen muodon takana on osittain slovenialainen arkkitehti Josip Ple\u010dnik, jonka silm\u00e4\u00e4 yksityiskohdille ja kivenk\u00e4sittelylle n\u00e4et t\u00e4\u00e4ll\u00e4 joka askeleella. Vastakkaisella, pohjoisella puolella linnaa sijaitsee Kauriinvallihauta, syv\u00e4 rotko, joka aiemmin toimi puolustusvallina ja riistan kasvatuspaikkana.<\/p>\n\n\n\n<figure data-wp-context=\"{&quot;imageId&quot;:&quot;6a9724d93aaf6&quot;}\" data-wp-interactive=\"core\/image\" data-wp-key=\"6a9724d93aaf6\" class=\"wp-block-image size-full wp-lightbox-container\"><img decoding=\"async\" width=\"1600\" height=\"1066\" data-wp-class--hide=\"state.isContentHidden\" data-wp-class--show=\"state.isContentVisible\" data-wp-init=\"callbacks.setButtonStyles\" data-wp-on--click=\"actions.showLightbox\" data-wp-on--load=\"callbacks.setButtonStyles\" data-wp-on--pointerdown=\"actions.preloadImage\" data-wp-on--pointerenter=\"actions.preloadImageWithDelay\" data-wp-on--pointerleave=\"actions.cancelPreload\" data-wp-on-window--resize=\"callbacks.setButtonStyles\" src=\"https:\/\/loudavymkrokem.cz\/wp-content\/uploads\/2026\/05\/parky-praha-jizni-zahrady-vlastni.jpg\" alt=\"Prahan linnan etel\u00e4iset puutarhat etel\u00e4isen julkisivun vieress\u00e4\" class=\"wp-image-183716\" title=\"\" srcset=\"https:\/\/loudavymkrokem.cz\/wp-content\/uploads\/2026\/05\/parky-praha-jizni-zahrady-vlastni.jpg 1600w, https:\/\/loudavymkrokem.cz\/wp-content\/uploads\/2026\/05\/parky-praha-jizni-zahrady-vlastni-300x200.jpg 300w, https:\/\/loudavymkrokem.cz\/wp-content\/uploads\/2026\/05\/parky-praha-jizni-zahrady-vlastni-700x466.jpg 700w, https:\/\/loudavymkrokem.cz\/wp-content\/uploads\/2026\/05\/parky-praha-jizni-zahrady-vlastni-768x512.jpg 768w, https:\/\/loudavymkrokem.cz\/wp-content\/uploads\/2026\/05\/parky-praha-jizni-zahrady-vlastni-1536x1023.jpg 1536w, https:\/\/loudavymkrokem.cz\/wp-content\/uploads\/2026\/05\/parky-praha-jizni-zahrady-vlastni-696x464.jpg 696w, https:\/\/loudavymkrokem.cz\/wp-content\/uploads\/2026\/05\/parky-praha-jizni-zahrady-vlastni-1392x927.jpg 1392w\" sizes=\"(max-width: 1600px) 100vw, 1600px\" \/><button\n\t\t\tclass=\"lightbox-trigger\"\n\t\t\ttype=\"button\"\n\t\t\taria-haspopup=\"dialog\"\n\t\t\tdata-wp-bind--aria-label=\"state.thisImage.triggerButtonAriaLabel\"\n\t\t\tdata-wp-init=\"callbacks.initTriggerButton\"\n\t\t\tdata-wp-on--click=\"actions.showLightbox\"\n\t\t\tdata-wp-style--right=\"state.thisImage.buttonRight\"\n\t\t\tdata-wp-style--top=\"state.thisImage.buttonTop\"\n\t\t>\n\t\t\t<svg xmlns=\"http:\/\/www.w3.org\/2000\/svg\" width=\"12\" height=\"12\" fill=\"none\" viewBox=\"0 0 12 12\">\n\t\t\t\t<path fill=\"#fff\" d=\"M2 0a2 2 0 0 0-2 2v2h1.5V2a.5.5 0 0 1 .5-.5h2V0H2Zm2 10.5H2a.5.5 0 0 1-.5-.5V8H0v2a2 2 0 0 0 2 2h2v-1.5ZM8 12v-1.5h2a.5.5 0 0 0 .5-.5V8H12v2a2 2 0 0 1-2 2H8Zm2-12a2 2 0 0 1 2 2v2h-1.5V2a.5.5 0 0 0-.5-.5H8V0h2Z\" \/>\n\t\t\t<\/svg>\n\t\t<\/button><figcaption class=\"wp-element-caption\">Etel\u00e4iset puutarhat Prahan linnan etel\u00e4isen julkisivun alla<\/figcaption><\/figure>\n\n\n\n<figure data-wp-context=\"{&quot;imageId&quot;:&quot;6a9724d93aeb4&quot;}\" data-wp-interactive=\"core\/image\" data-wp-key=\"6a9724d93aeb4\" class=\"wp-block-image size-full wp-lightbox-container\"><img decoding=\"async\" width=\"1600\" height=\"1066\" data-wp-class--hide=\"state.isContentHidden\" data-wp-class--show=\"state.isContentVisible\" data-wp-init=\"callbacks.setButtonStyles\" data-wp-on--click=\"actions.showLightbox\" data-wp-on--load=\"callbacks.setButtonStyles\" data-wp-on--pointerdown=\"actions.preloadImage\" data-wp-on--pointerenter=\"actions.preloadImageWithDelay\" data-wp-on--pointerleave=\"actions.cancelPreload\" data-wp-on-window--resize=\"callbacks.setButtonStyles\" src=\"https:\/\/loudavymkrokem.cz\/wp-content\/uploads\/2026\/05\/parky-praha-jeleni-prikop.jpg\" alt=\"Alempi Kauriinvallihauta Prahan linnan alapuolella\" class=\"wp-image-181843\" title=\"\" srcset=\"https:\/\/loudavymkrokem.cz\/wp-content\/uploads\/2026\/05\/parky-praha-jeleni-prikop.jpg 1600w, https:\/\/loudavymkrokem.cz\/wp-content\/uploads\/2026\/05\/parky-praha-jeleni-prikop-300x200.jpg 300w, https:\/\/loudavymkrokem.cz\/wp-content\/uploads\/2026\/05\/parky-praha-jeleni-prikop-700x466.jpg 700w, https:\/\/loudavymkrokem.cz\/wp-content\/uploads\/2026\/05\/parky-praha-jeleni-prikop-768x512.jpg 768w, https:\/\/loudavymkrokem.cz\/wp-content\/uploads\/2026\/05\/parky-praha-jeleni-prikop-1536x1023.jpg 1536w, https:\/\/loudavymkrokem.cz\/wp-content\/uploads\/2026\/05\/parky-praha-jeleni-prikop-696x464.jpg 696w, https:\/\/loudavymkrokem.cz\/wp-content\/uploads\/2026\/05\/parky-praha-jeleni-prikop-1392x927.jpg 1392w\" sizes=\"(max-width: 1600px) 100vw, 1600px\" \/><button\n\t\t\tclass=\"lightbox-trigger\"\n\t\t\ttype=\"button\"\n\t\t\taria-haspopup=\"dialog\"\n\t\t\tdata-wp-bind--aria-label=\"state.thisImage.triggerButtonAriaLabel\"\n\t\t\tdata-wp-init=\"callbacks.initTriggerButton\"\n\t\t\tdata-wp-on--click=\"actions.showLightbox\"\n\t\t\tdata-wp-style--right=\"state.thisImage.buttonRight\"\n\t\t\tdata-wp-style--top=\"state.thisImage.buttonTop\"\n\t\t>\n\t\t\t<svg xmlns=\"http:\/\/www.w3.org\/2000\/svg\" width=\"12\" height=\"12\" fill=\"none\" viewBox=\"0 0 12 12\">\n\t\t\t\t<path fill=\"#fff\" d=\"M2 0a2 2 0 0 0-2 2v2h1.5V2a.5.5 0 0 1 .5-.5h2V0H2Zm2 10.5H2a.5.5 0 0 1-.5-.5V8H0v2a2 2 0 0 0 2 2h2v-1.5ZM8 12v-1.5h2a.5.5 0 0 0 .5-.5V8H12v2a2 2 0 0 1-2 2H8Zm2-12a2 2 0 0 1 2 2v2h-1.5V2a.5.5 0 0 0-.5-.5H8V0h2Z\" \/>\n\t\t\t<\/svg>\n\t\t<\/button><figcaption class=\"wp-element-caption\">Kuva: Hubert Kororo \/ CC BY-SA 4.0 \/ Wikimedia Commons<\/figcaption><\/figure>\n\n\n\n<p class=\"wp-block-paragraph\">Sis\u00e4\u00e4np\u00e4\u00e4sy etel\u00e4isiin puutarhoihin ja Kauriinvallihautaan on ilmainen (linnan turvatarkastuksen l\u00e4p\u00e4isyn j\u00e4lkeen). Avoinna on vain kes\u00e4kaudella, huhtikuusta lokakuuhun. Kauriinvallihauta kunnostettiin hiljattain, ja k\u00e4vely siell\u00e4 on hiljaista ja varjoisaa, ihanteellista kuumina p\u00e4ivin\u00e4. Vallihautaan johtaa melko jyrkk\u00e4 tie, joten lastenvaunujen kanssa se vaatii hieman voimaa.<\/p>\n\n\n\n<p class=\"wp-block-paragraph\"><strong>\ud83d\udca1 Vinkki:<\/strong> Kauriinvallihaudassa \u00e4l\u00e4 j\u00e4t\u00e4 v\u00e4liin kulkua Pra\u0161n\u00fd most -sillan alta johtavan tunnelin l\u00e4pi, jonka suunnitteli juuri Josip Ple\u010dnik. Se on pime\u00e4, tiilill\u00e4 vuorattu paikka upealla akustiikalla, joka vaikuttaa l\u00e4hes mystiselt\u00e4.<\/p>\n\n\n\n<h2 class=\"wp-block-heading\"><span class=\"ez-toc-section\" id=\"Missa_syoda_kavelyretken_jalkeen\"><\/span>Miss\u00e4 sy\u00f6d\u00e4 k\u00e4velyretken j\u00e4lkeen<span class=\"ez-toc-section-end\"><\/span><\/h2>\n\n\n\n<p class=\"wp-block-paragraph\">Kun k\u00e4velet koko iltap\u00e4iv\u00e4n raikkaassa ilmassa, ennemmin tai my\u00f6hemmin vatsa ilmoittautuu. Jon\u00e1\u0161in kanssa olemme tottuneet siihen, ett\u00e4 meill\u00e4 t\u00e4ytyy aina olla k\u00e4sill\u00e4 jokin s\u00e4mpyl\u00e4, mutta kun haluamme Luk\u00e1\u0161in kanssa normaalin lounaan tai kahvin, meill\u00e4 on muutama suosikkipaikka l\u00e4hell\u00e4 lempipuistojamme.<\/p>\n\n\n\n<p class=\"wp-block-paragraph\">Steriilit ravintolat eiv\u00e4t kiinnosta meit\u00e4, joten yleens\u00e4 etsimme paikkoja, jotka ovat hieman yhteis\u00f6llisi\u00e4 ja joissa on loistava tunnelma. Lis\u00e4ksi kasvissy\u00f6j\u00e4n\u00e4 arvostan aina, kun listalla on jotain muutakin kuin paistettua juustoa.<\/p>\n\n\n\n<h3 class=\"wp-block-heading\"><span class=\"ez-toc-section\" id=\"Suosikkibistroni_ja_-kahvilani\"><\/span>Suosikkibistroni ja -kahvilani<span class=\"ez-toc-section-end\"><\/span><\/h3>\n\n\n\n<p class=\"wp-block-paragraph\">Stromovkan l\u00e4hell\u00e4 suosittelemme l\u00e4mpim\u00e4sti bistroa <strong>Salt&#8217;n&#8217;Pepa<\/strong>, jossa tehd\u00e4\u00e4n fantastisia kasvisburgereja ja ranskalaisia. Se on pieni mutta uskomattoman yst\u00e4v\u00e4llinen. Jos py\u00f6rit Riegrin puiston tienoilla Vinohradyssa, kokeile <strong>kahvila Mezi Srnkya<\/strong>. Siell\u00e4 on loistavat brunssit, verraton kahvi, ja Luk\u00e1\u0161 ja min\u00e4 istumme siell\u00e4 mielell\u00e4mme kananmunien \u00e4\u00e4rell\u00e4 ennen kuin l\u00e4hdemme puistoon.<\/p>\n\n\n\n<p class=\"wp-block-paragraph\">Ja kun laskeudumme Letn\u00e1ll\u00e4 Strossmayerovo-aukion suuntaan, selke\u00e4 valintamme on <strong>Bistro Cobra<\/strong>. P\u00e4iv\u00e4ll\u00e4 siell\u00e4 tehd\u00e4\u00e4n mahtavia lounaita, illalla se muuttuu miellytt\u00e4v\u00e4ksi baariksi. N\u00e4iss\u00e4 paikoissa on juuri se oikea rento energia, ja pikkupoikamme kanssakin tunsimme itsemme aina tervetulleiksi.<\/p>\n\n\n\n<h2 class=\"wp-block-heading\"><span class=\"ez-toc-section\" id=\"Kaytannon_tietoa_ja_vinkkeja_vierailulle\"><\/span>K\u00e4yt\u00e4nn\u00f6n tietoa ja vinkkej\u00e4 vierailulle<span class=\"ez-toc-section-end\"><\/span><\/h2>\n\n\n\n<p class=\"wp-block-paragraph\">Muutama asia, jotka olisin toivonut jonkun kertovan minulle ensimm\u00e4isell\u00e4 vierailulla. Se olisi s\u00e4\u00e4st\u00e4nyt minulta yhden turhaan pilatun iltap\u00e4iv\u00e4n lukitun portin edess\u00e4.<\/p>\n\n\n\n<ul class=\"wp-block-list\">\n\n\n<li><strong>Liikenne ja joukkoliikenne:<\/strong> Prahassa on yksi Euroopan parhaista joukkoliikennej\u00e4rjestelmist\u00e4. Useimpiin puutarhoihin sinut vie raitiovaunu. Jos suunnittelet intensiivist\u00e4 siirtymist\u00e4 paikasta toiseen, kannattaa hankkia 24 tunnin lippu hintaan <strong>6 \u20ac (150 K\u010d)<\/strong>. Kertaliput 30 minuutiksi maksavat 30 K\u010d (noin 1,20 \u20ac) ja ostat ne l\u00e4himaksulla keltaisista terminaaleista suoraan jokaisen raitiovaunun ja bussin sis\u00e4lt\u00e4.<\/li>\n\n\n\n<li><strong>Aukiolokausi:<\/strong> Paina mieleen taianomainen p\u00e4iv\u00e4m\u00e4\u00e4r\u00e4 <strong>1. huhtikuuta<\/strong>. Se on p\u00e4iv\u00e4, jolloin valtaosa palatsi- ja linnapuutarhoista avataan. Ne suljetaan yleens\u00e4 tismalleen 31. lokakuuta. Kaupunkipuistoilla kuten Stromovkalla tai Letn\u00e1ll\u00e4 ei ole mit\u00e4\u00e4n rajoituksia.<\/li>\n\n\n\n<li><strong>Piknikit ja alkoholi:<\/strong> Suurissa julkisissa puistoissa (Stromovka, Riegrin puisto, Letn\u00e1) piknikkeily nurmella on sallittua ja yleist\u00e4. Alkoholin nauttiminen julkisilla paikoilla on Prahassa asetuksella monin paikoin kielletty, mutta puistoissa piknikin \u00e4\u00e4rell\u00e4 se katsotaan hiljaisesti sormien l\u00e4pi, jos et pid\u00e4 meteli\u00e4 tai sotke. Historiallisissa barokkipuutarhoissa piknikkeily ja nurmella istuminen on kuitenkin ehdottomasti kielletty.<\/li>\n\n\n\n<li><strong>Koirat:<\/strong> Suuriin puistoihin koirat p\u00e4\u00e4sev\u00e4t ongelmitta, usein siell\u00e4 on jopa erilliset niityt vapaaseen juoksuun. Historiallisiin puutarhoihin (Vrtban, Vald\u0161tejnin, Prahan linnan puutarhat) koirilta on p\u00e4\u00e4sy ehdottomasti kielletty.<\/li>\n<\/ul>\n\n\n\n<h2 class=\"wp-block-heading\"><span class=\"ez-toc-section\" id=\"Minne_seuraavaksi\"><\/span>Minne seuraavaksi<span class=\"ez-toc-section-end\"><\/span><\/h2>\n\n\n\n<p class=\"wp-block-paragraph\">Jos olet jo tutkinut vehreyden ja haluat ryhty\u00e4 tutkimaan kaupunkia lis\u00e4\u00e4, olen valmistanut sinulle lis\u00e4\u00e4 oppaita ja yksityiskohtaisia artikkeleita:<\/p>\n\n\n\n<ul class=\"wp-block-list\">\n\n\n<li><a href=\"https:\/\/loudavymkrokem.cz\/fi\/nahtavyydet-praha-vinkit-ravintolat\/\">Mit\u00e4 n\u00e4hd\u00e4 Prahassa: 100+ vinkki\u00e4 n\u00e4ht\u00e4vyyksiin, kahviloihin ja ravintoloihin<\/a><\/li>\n\n\n\n<li><a href=\"https:\/\/loudavymkrokem.cz\/fi\/prahan-linna-opas\/\">Prahan linna: t\u00e4ydellinen opas stressitt\u00f6m\u00e4lle vierailulle<\/a><\/li>\n\n\n\n<li><a href=\"https:\/\/loudavymkrokem.cz\/petrin-prazska-rozhledna\/\">Pet\u0159\u00ednin n\u00e4k\u00f6torni: miten sinne p\u00e4\u00e4see ja mit\u00e4 ei kannata j\u00e4tt\u00e4\u00e4 v\u00e4liin<\/a><\/li>\n\n\n\n<li><a href=\"https:\/\/loudavymkrokem.cz\/fi\/taapero-tsekki\/\">Mit\u00e4 tehd\u00e4 taaperon kanssa Prahassa: testatut vinkit vanhemmille<\/a><\/li>\n<\/ul>\n\n\n\n<h2 class=\"wp-block-heading\"><span class=\"ez-toc-section\" id=\"Usein_kysytyt_kysymykset\"><\/span>Usein kysytyt kysymykset<span class=\"ez-toc-section-end\"><\/span><\/h2>\n\n\n<div id=\"rank-math-faq\" class=\"rank-math-block\">\n<div class=\"rank-math-list \">\n<div id=\"faq-question-151016-1\" class=\"rank-math-list-item\">\n<h3 class=\"rank-math-question \"><span class=\"ez-toc-section\" id=\"Mitka_puutarhat_Prahassa_ovat_ilmaisia\"><\/span>Mitk\u00e4 puutarhat Prahassa ovat ilmaisia?<span class=\"ez-toc-section-end\"><\/span><\/h3>\n<div class=\"rank-math-answer \">\n\n<p>Historiallisista merkitt\u00e4vimm\u00e4t ovat Vald\u0161tejnin puutarha, Kuninkaallinen puutarha ja Prahan linnan etel\u00e4iset puutarhat. T\u00e4ysin ilmaisia ovat tietenkin kaikki suuret kaupunkipuistot kuten Stromovka, Pet\u0159\u00edn, Letn\u00e1 tai Riegrovy sady.<\/p>\n\n<\/div>\n<\/div>\n<div id=\"faq-question-151016-2\" class=\"rank-math-list-item\">\n<h3 class=\"rank-math-question \"><span class=\"ez-toc-section\" id=\"Mista_loytyvat_parhaat_nakymat_Prahaan\"><\/span>Mist\u00e4 l\u00f6ytyv\u00e4t parhaat n\u00e4kym\u00e4t Prahaan?<span class=\"ez-toc-section-end\"><\/span><\/h3>\n<div class=\"rank-math-answer \">\n\n<p>Jos haluat klassisen n\u00e4kym\u00e4n silloille, mene Letensk\u00e9 sady -puistoon. N\u00e4kym\u00e4 Mal\u00e1 Stranan punaisten kattojen mereen on verraton Vrtbovsk\u00e1n puutarhasta tai Prahan linnan alapuolisista Palatsienpuutarhoista.<\/p>\n\n<\/div>\n<\/div>\n<div id=\"faq-question-151016-3\" class=\"rank-math-list-item\">\n<h3 class=\"rank-math-question \"><span class=\"ez-toc-section\" id=\"Ovatko_Prahan_puutarhat_auki_myos_talvella\"><\/span>Ovatko Prahan puutarhat auki my\u00f6s talvella?<span class=\"ez-toc-section-end\"><\/span><\/h3>\n<div class=\"rank-math-answer \">\n\n<p>Suuret puistot (Stromovka, Pet\u0159\u00edn, Gr\u00e9bovka) ovat auki ymp\u00e4ri vuoden. Barokkipuutarhat ja palatsienpuutarhat (Vrtbovsk\u00e1, Vald\u0161tejnsk\u00e1, linnan puutarhat) ovat marraskuusta maaliskuun loppuun suljettuina.<\/p>\n\n<\/div>\n<\/div>\n<div id=\"faq-question-151016-4\" class=\"rank-math-list-item\">\n<h3 class=\"rank-math-question \"><span class=\"ez-toc-section\" id=\"Mihin_puistoihin_voin_menna_lastenvaunujen_kanssa\"><\/span>Mihin puistoihin voin menn\u00e4 lastenvaunujen kanssa?<span class=\"ez-toc-section-end\"><\/span><\/h3>\n<div class=\"rank-math-answer \">\n\n<p>Ehdottomasti parhaat ovat Stromovka, Letensk\u00e9 sady ja Vojanovy sady, joissa on leveit\u00e4 ja tasaisia polkuja. V\u00e4lt\u00e4 Vrtbovsk\u00e1n puutarhaa, linnan alapuolisia Palatsienpuutarhoja ja Kinsk\u00fdn puutarhan jyrkki\u00e4 osia.<\/p>\n\n<\/div>\n<\/div>\n<div id=\"faq-question-151016-5\" class=\"rank-math-list-item\">\n<h3 class=\"rank-math-question \"><span class=\"ez-toc-section\" id=\"Missa_voin_pitaa_piknikin_Prahassa\"><\/span>Miss\u00e4 voin pit\u00e4\u00e4 piknikin Prahassa?<span class=\"ez-toc-section-end\"><\/span><\/h3>\n<div class=\"rank-math-answer \">\n\n<p>Suosituimmat piknikpaikat ovat Stromovka, Riegrovy sady, Letensk\u00e9 sady ja Kampa-saari. Historiallisissa barokkipuutarhoissa nurmikolla istuminen on kielletty\u00e4.<\/p>\n\n<\/div>\n<\/div>\n<div id=\"faq-question-151016-6\" class=\"rank-math-list-item\">\n<h3 class=\"rank-math-question \"><span class=\"ez-toc-section\" id=\"Mista_loydan_puistoissa_wc_t\"><\/span>Mist\u00e4 l\u00f6yd\u00e4n puistoissa wc:t?<span class=\"ez-toc-section-end\"><\/span><\/h3>\n<div class=\"rank-math-answer \">\n\n<p>Suurissa puistoissa kuten Stromovka tai Riegrovy sady on julkiset wc:t (usein pient\u00e4 maksua vastaan noin 0,50 \u20ac, joskus hyv\u00e4ksyt\u00e4\u00e4n my\u00f6s kortit). Historiallisissa puutarhoissa, joissa on maksullinen sis\u00e4\u00e4np\u00e4\u00e4sy (Vrtbovsk\u00e1), wc:t kuuluvat alueeseen ilmaiseksi.<\/p>\n\n<\/div>\n<\/div>\n<\/div>\n<\/div>","protected":false},"excerpt":{"rendered":"<p>Prahan puutarhat ja puistot ovat kaupungin kauneimpia keitaita \u2013 t\u00e4ss\u00e4 15 suosikkipaikkaani barokkipuutarhoista salaisiin vihreisiin nurkkauksiin.<\/p>\n","protected":false},"author":3,"featured_media":174072,"comment_status":"open","ping_status":"open","sticky":false,"template":"","format":"standard","meta":{"_acf_changed":false,"footnotes":"","rank_math_title":"Prahan puutarhat ja puistot: 15 vinkki\u00e4 (2026)","rank_math_description":"Prahan puutarhat ja puistot \u2013 15 kauneinta paikkaa barokkipuutarhoista salaisiin keitaisiin. L\u00f6yd\u00e4 parhaat n\u00e4kym\u00e4t ja lue vinkit k\u00e4velyretkelle!","rank_math_focus_keyword":"Prahan puutarhat","rank_math_seo_score":""},"categories":[2129,2123,2208],"tags":[],"class_list":["post-324870","post","type-post","status-publish","format-standard","has-post-thumbnail","category-eurooppa","category-matkailu","category-tsekin-tasavalta"],"acf":[],"featured_image_src":"https:\/\/loudavymkrokem.cz\/wp-content\/uploads\/2026\/05\/parky-praha-letna-podzimni-park.jpg","author_info":{"display_name":"Lucie Kone\u010dn\u00e1","author_link":"https:\/\/loudavymkrokem.cz\/fi\/author\/lucie-konecna\/"},"_links":{"self":[{"href":"https:\/\/loudavymkrokem.cz\/fi\/wp-json\/wp\/v2\/posts\/324870","targetHints":{"allow":["GET"]}}],"collection":[{"href":"https:\/\/loudavymkrokem.cz\/fi\/wp-json\/wp\/v2\/posts"}],"about":[{"href":"https:\/\/loudavymkrokem.cz\/fi\/wp-json\/wp\/v2\/types\/post"}],"author":[{"embeddable":true,"href":"https:\/\/loudavymkrokem.cz\/fi\/wp-json\/wp\/v2\/users\/3"}],"replies":[{"embeddable":true,"href":"https:\/\/loudavymkrokem.cz\/fi\/wp-json\/wp\/v2\/comments?post=324870"}],"version-history":[{"count":0,"href":"https:\/\/loudavymkrokem.cz\/fi\/wp-json\/wp\/v2\/posts\/324870\/revisions"}],"wp:featuredmedia":[{"embeddable":true,"href":"https:\/\/loudavymkrokem.cz\/fi\/wp-json\/wp\/v2\/media\/174072"}],"wp:attachment":[{"href":"https:\/\/loudavymkrokem.cz\/fi\/wp-json\/wp\/v2\/media?parent=324870"}],"wp:term":[{"taxonomy":"category","embeddable":true,"href":"https:\/\/loudavymkrokem.cz\/fi\/wp-json\/wp\/v2\/categories?post=324870"},{"taxonomy":"post_tag","embeddable":true,"href":"https:\/\/loudavymkrokem.cz\/fi\/wp-json\/wp\/v2\/tags?post=324870"}],"curies":[{"name":"wp","href":"https:\/\/api.w.org\/{rel}","templated":true}]}}