{"id":324101,"date":"2026-05-31T01:00:44","date_gmt":"2026-05-30T23:00:44","guid":{"rendered":"https:\/\/loudavymkrokem.cz\/vigo-espanja-nahtavyydet\/"},"modified":"2026-08-01T20:24:02","modified_gmt":"2026-08-01T18:24:02","slug":"vigo-espanja-nahtavyydet","status":"publish","type":"post","link":"https:\/\/loudavymkrokem.cz\/fi\/vigo-espanja-nahtavyydet\/","title":{"rendered":"Vigo, Espanja: 14 vinkki\u00e4 ja portti C\u00edes-saarille"},"content":{"rendered":"\n<!-- lk-tldr -->\n<div class=\"lk-tldr\" style=\"background:#f7f5f0;border-left:4px solid #c39f76;border-radius:0 10px 10px 0;padding:14px 18px;margin:0 0 26px;font-size:15px;line-height:1.65;\"><strong style=\"display:block;font-size:12px;text-transform:uppercase;letter-spacing:.06em;color:#a9885a;margin-bottom:5px;\">TL;DR<\/strong>Vigo on satamakaupunki Espanjan luoteisosassa Galiciassa, ja se toimii ennen kaikkea porttina <strong>C\u00edesin saarille<\/strong>, joilta l\u00f6ytyy Rodasin ranta \u2013 sen The Guardian on nimennyt maailman kauneimmaksi. Artikkelista l\u00f6yd\u00e4t 14 vinkki\u00e4 siihen, mit\u00e4 Vigossa ja sen ymp\u00e4rist\u00f6ss\u00e4 kannattaa n\u00e4hd\u00e4: historiallisen <strong>Casco Vellon<\/strong> keskustan ja Monte do Castron n\u00e4k\u00f6alapaikan, Samilin rannan sek\u00e4 retket Santiago de Compostelaan (matka kest\u00e4\u00e4 alle tunnin) ja R\u00edas Baixasin viinialueelle. C\u00edesin saarille tarvitaan etuk\u00e4teen haettava lupa, k\u00e4vij\u00e4m\u00e4\u00e4r\u00e4 on rajattu noin 2000 henkeen p\u00e4iv\u00e4ss\u00e4, ja lautta kulkee noin 40 minuutissa. Parasta matkailuaikaa on toukokuusta lokakuun loppuun, ja uintikausi ajoittuu kes\u00e4kuusta syyskuuhun, kun Atlantin veden l\u00e4mp\u00f6tila on noin 15\u201318 \u00b0C. Vigo itsess\u00e4\u00e4n k\u00e4y l\u00e4pi yhdess\u00e4 p\u00e4iv\u00e4ss\u00e4, mutta saarille kannattaa varata kokonainen ylim\u00e4\u00e4r\u00e4inen p\u00e4iv\u00e4.<\/div>\n<!-- \/lk-tldr -->\n\n\n\n<p class=\"wp-block-paragraph\">Jos mieless\u00e4si Espanja tarkoittaa vain kuivia lakeuksia, loputtomia fiestoja auringonpaisteisella rannikolla ja asfaltin yll\u00e4 v\u00e4reilev\u00e4\u00e4 kuumaa ilmaa, luoteinen Galician alue oikaisee t\u00e4m\u00e4n harhaluulon nopeasti ja varmasti. Kuivan maiseman sijaan sinut toivottaa t\u00e4\u00e4ll\u00e4 tervetulleeksi rehev\u00e4n vihre\u00e4 luonto, joka muistuttaa enemm\u00e4n Irlantia \u2014 paikallisista eukalyptusmetsist\u00e4 nousee usein salaper\u00e4inen usva ja v\u00e4sym\u00e4tt\u00f6m\u00e4t Atlantin kylm\u00e4t aallot murtuvat rosoisia kallioita vasten. Juuri t\u00e4ss\u00e4 omaleimaisessa Iberian niemimaan kolkassa, jossa paikallinen kieli on l\u00e4hemp\u00e4n\u00e4 portugalia kuin kastiliaa, sijaitsee Vigo. Espanjan Vigo on satamakaupunki, joka ensi silm\u00e4yksell\u00e4 saattaa h\u00e4m\u00e4t\u00e4 hieman teollisella ulkokuorellaan, mutta kun annat sille mahdollisuuden, se paljastaa lumoavan historiallisen keskustansa, upeat n\u00e4kym\u00e4t ja ennen kaikkea toimii <strong>p\u00e4\u00e4porttina paratiisimaisille C\u00edes-saarille<\/strong>, joiden rannat sijoittuvat s\u00e4\u00e4nn\u00f6llisesti maailman kauneimpien listoille.<\/p>\n\n\n\n<figure data-wp-context=\"{&quot;imageId&quot;:&quot;6a966eb4b7b26&quot;}\" data-wp-interactive=\"core\/image\" data-wp-key=\"6a966eb4b7b26\" class=\"wp-block-image size-full wp-lightbox-container\"><img decoding=\"async\" width=\"1920\" height=\"1280\" data-wp-class--hide=\"state.isContentHidden\" data-wp-class--show=\"state.isContentVisible\" data-wp-init=\"callbacks.setButtonStyles\" data-wp-on--click=\"actions.showLightbox\" data-wp-on--load=\"callbacks.setButtonStyles\" data-wp-on--pointerdown=\"actions.preloadImage\" data-wp-on--pointerenter=\"actions.preloadImageWithDelay\" data-wp-on--pointerleave=\"actions.cancelPreload\" data-wp-on-window--resize=\"callbacks.setButtonStyles\" src=\"https:\/\/loudavymkrokem.cz\/wp-content\/uploads\/2026\/05\/vigo-hero2.jpg\" alt=\"Vigo\" class=\"wp-image-182221\" title=\"\" srcset=\"https:\/\/loudavymkrokem.cz\/wp-content\/uploads\/2026\/05\/vigo-hero2.jpg 1920w, https:\/\/loudavymkrokem.cz\/wp-content\/uploads\/2026\/05\/vigo-hero2-300x200.jpg 300w, https:\/\/loudavymkrokem.cz\/wp-content\/uploads\/2026\/05\/vigo-hero2-700x467.jpg 700w, https:\/\/loudavymkrokem.cz\/wp-content\/uploads\/2026\/05\/vigo-hero2-768x512.jpg 768w, https:\/\/loudavymkrokem.cz\/wp-content\/uploads\/2026\/05\/vigo-hero2-1536x1024.jpg 1536w, https:\/\/loudavymkrokem.cz\/wp-content\/uploads\/2026\/05\/vigo-hero2-696x464.jpg 696w, https:\/\/loudavymkrokem.cz\/wp-content\/uploads\/2026\/05\/vigo-hero2-1392x928.jpg 1392w\" sizes=\"(max-width: 1920px) 100vw, 1920px\" \/><button\n\t\t\tclass=\"lightbox-trigger\"\n\t\t\ttype=\"button\"\n\t\t\taria-haspopup=\"dialog\"\n\t\t\tdata-wp-bind--aria-label=\"state.thisImage.triggerButtonAriaLabel\"\n\t\t\tdata-wp-init=\"callbacks.initTriggerButton\"\n\t\t\tdata-wp-on--click=\"actions.showLightbox\"\n\t\t\tdata-wp-style--right=\"state.thisImage.buttonRight\"\n\t\t\tdata-wp-style--top=\"state.thisImage.buttonTop\"\n\t\t>\n\t\t\t<svg xmlns=\"http:\/\/www.w3.org\/2000\/svg\" width=\"12\" height=\"12\" fill=\"none\" viewBox=\"0 0 12 12\">\n\t\t\t\t<path fill=\"#fff\" d=\"M2 0a2 2 0 0 0-2 2v2h1.5V2a.5.5 0 0 1 .5-.5h2V0H2Zm2 10.5H2a.5.5 0 0 1-.5-.5V8H0v2a2 2 0 0 0 2 2h2v-1.5ZM8 12v-1.5h2a.5.5 0 0 0 .5-.5V8H12v2a2 2 0 0 1-2 2H8Zm2-12a2 2 0 0 1 2 2v2h-1.5V2a.5.5 0 0 0-.5-.5H8V0h2Z\" \/>\n\t\t\t<\/svg>\n\t\t<\/button><figcaption class=\"wp-element-caption\">Foto: Luis Miguel Bugallo S\u00e1nchez (Lmbuga) \/ Wikimedia Commons, CC BY-SA 4.0<\/figcaption><\/figure>\n\n\n\n<div id=\"ez-toc-container\" class=\"ez-toc-v2_0_86 ez-toc-wrap-left counter-hierarchy ez-toc-counter ez-toc-grey ez-toc-container-direction\">\n<div class=\"ez-toc-title-container\">\n<p class=\"ez-toc-title\" style=\"cursor:inherit\">Artikkelin sis\u00e4lt\u00f6<\/p>\n<span class=\"ez-toc-title-toggle\"><a href=\"#\" class=\"ez-toc-pull-right ez-toc-btn ez-toc-btn-xs ez-toc-btn-default ez-toc-toggle\" aria-label=\"Toggle Table of Content\"><span class=\"ez-toc-js-icon-con\"><span class=\"\"><span class=\"eztoc-hide\" style=\"display:none;\">Toggle<\/span><span class=\"ez-toc-icon-toggle-span\"><svg style=\"fill: #999;color:#999\" xmlns=\"http:\/\/www.w3.org\/2000\/svg\" class=\"list-377408\" width=\"20px\" height=\"20px\" viewBox=\"0 0 24 24\" fill=\"none\"><path d=\"M6 6H4v2h2V6zm14 0H8v2h12V6zM4 11h2v2H4v-2zm16 0H8v2h12v-2zM4 16h2v2H4v-2zm16 0H8v2h12v-2z\" fill=\"currentColor\"><\/path><\/svg><svg style=\"fill: #999;color:#999\" class=\"arrow-unsorted-368013\" xmlns=\"http:\/\/www.w3.org\/2000\/svg\" width=\"10px\" height=\"10px\" viewBox=\"0 0 24 24\" version=\"1.2\" baseProfile=\"tiny\"><path d=\"M18.2 9.3l-6.2-6.3-6.2 6.3c-.2.2-.3.4-.3.7s.1.5.3.7c.2.2.4.3.7.3h11c.3 0 .5-.1.7-.3.2-.2.3-.5.3-.7s-.1-.5-.3-.7zM5.8 14.7l6.2 6.3 6.2-6.3c.2-.2.3-.5.3-.7s-.1-.5-.3-.7c-.2-.2-.4-.3-.7-.3h-11c-.3 0-.5.1-.7.3-.2.2-.3.5-.3.7s.1.5.3.7z\"\/><\/svg><\/span><\/span><\/span><\/a><\/span><\/div>\n<nav><ul class='ez-toc-list ez-toc-list-level-1 ' ><ul class='ez-toc-list-level-3' ><li class='ez-toc-heading-level-3'><a class=\"ez-toc-link ez-toc-heading-1\" href=\"https:\/\/loudavymkrokem.cz\/fi\/vigo-espanja-nahtavyydet\/#Yhteenveto\" >Yhteenveto<\/a><\/li><\/ul><\/li><li class='ez-toc-page-1 ez-toc-heading-level-2'><a class=\"ez-toc-link ez-toc-heading-2\" href=\"https:\/\/loudavymkrokem.cz\/fi\/vigo-espanja-nahtavyydet\/#Milloin_kannattaa_lahtea_Vigoon\" >Milloin kannattaa l\u00e4hte\u00e4 Vigoon<\/a><\/li><li class='ez-toc-page-1 ez-toc-heading-level-2'><a class=\"ez-toc-link ez-toc-heading-3\" href=\"https:\/\/loudavymkrokem.cz\/fi\/vigo-espanja-nahtavyydet\/#Missa_yopya_Vigossa\" >Miss\u00e4 y\u00f6py\u00e4 Vigossa<\/a><\/li><li class='ez-toc-page-1 ez-toc-heading-level-2'><a class=\"ez-toc-link ez-toc-heading-4\" href=\"https:\/\/loudavymkrokem.cz\/fi\/vigo-espanja-nahtavyydet\/#14_vinkkia_mita_nahda_ja_tehda_Vigossa_ja_lahialueella\" >14 vinkki\u00e4, mit\u00e4 n\u00e4hd\u00e4 ja tehd\u00e4 Vigossa ja l\u00e4hialueella<\/a><ul class='ez-toc-list-level-3' ><li class='ez-toc-heading-level-3'><a class=\"ez-toc-link ez-toc-heading-5\" href=\"https:\/\/loudavymkrokem.cz\/fi\/vigo-espanja-nahtavyydet\/#1_Cies-saaret_ja_Rodas-ranta\" >1. C\u00edes-saaret ja Rodas-ranta<\/a><\/li><li class='ez-toc-page-1 ez-toc-heading-level-3'><a class=\"ez-toc-link ez-toc-heading-6\" href=\"https:\/\/loudavymkrokem.cz\/fi\/vigo-espanja-nahtavyydet\/#2_Historiallinen_keskusta_Casco_Vello\" >2. Historiallinen keskusta Casco Vello<\/a><\/li><li class='ez-toc-page-1 ez-toc-heading-level-3'><a class=\"ez-toc-link ez-toc-heading-7\" href=\"https:\/\/loudavymkrokem.cz\/fi\/vigo-espanja-nahtavyydet\/#3_Linnoitus_ja_puisto_Monte_do_Castro\" >3. Linnoitus ja puisto Monte do Castro<\/a><\/li><li class='ez-toc-page-1 ez-toc-heading-level-3'><a class=\"ez-toc-link ez-toc-heading-8\" href=\"https:\/\/loudavymkrokem.cz\/fi\/vigo-espanja-nahtavyydet\/#4_Satama_ja_kalastusperinne\" >4. Satama ja kalastusperinne<\/a><\/li><li class='ez-toc-page-1 ez-toc-heading-level-3'><a class=\"ez-toc-link ez-toc-heading-9\" href=\"https:\/\/loudavymkrokem.cz\/fi\/vigo-espanja-nahtavyydet\/#5_Samil-ranta\" >5. Samil-ranta<\/a><\/li><li class='ez-toc-page-1 ez-toc-heading-level-3'><a class=\"ez-toc-link ez-toc-heading-10\" href=\"https:\/\/loudavymkrokem.cz\/fi\/vigo-espanja-nahtavyydet\/#6_Rua_das_Ostras_-katu\" >6. R\u00faa das Ostras -katu<\/a><\/li><li class='ez-toc-page-1 ez-toc-heading-level-3'><a class=\"ez-toc-link ez-toc-heading-11\" href=\"https:\/\/loudavymkrokem.cz\/fi\/vigo-espanja-nahtavyydet\/#7_Pazo_de_Castreloksen_puutarhat_Museo_Quinones_de_Leon\" >7. Pazo de Castreloksen puutarhat (Museo Qui\u00f1ones de Le\u00f3n)<\/a><\/li><li class='ez-toc-page-1 ez-toc-heading-level-3'><a class=\"ez-toc-link ez-toc-heading-12\" href=\"https:\/\/loudavymkrokem.cz\/fi\/vigo-espanja-nahtavyydet\/#8_Praza_da_Constitucion_-aukio\" >8. Praza da Constituci\u00f3n -aukio<\/a><\/li><li class='ez-toc-page-1 ez-toc-heading-level-3'><a class=\"ez-toc-link ez-toc-heading-13\" href=\"https:\/\/loudavymkrokem.cz\/fi\/vigo-espanja-nahtavyydet\/#9_Retki_Albarino-viinin_aarelle_Rias_Baixasin_alueelle\" >9. Retki Albari\u00f1o-viinin \u00e4\u00e4relle R\u00edas Baixasin alueelle<\/a><\/li><li class='ez-toc-page-1 ez-toc-heading-level-3'><a class=\"ez-toc-link ez-toc-heading-14\" href=\"https:\/\/loudavymkrokem.cz\/fi\/vigo-espanja-nahtavyydet\/#10_Dinoseto_ja_kaupungin_modernit_kasvot\" >10. Dinoseto ja kaupungin modernit kasvot<\/a><\/li><li class='ez-toc-page-1 ez-toc-heading-level-3'><a class=\"ez-toc-link ez-toc-heading-15\" href=\"https:\/\/loudavymkrokem.cz\/fi\/vigo-espanja-nahtavyydet\/#11_Ostoskatu_Rua_do_Principe\" >11. Ostoskatu R\u00faa do Pr\u00edncipe<\/a><\/li><li class='ez-toc-page-1 ez-toc-heading-level-3'><a class=\"ez-toc-link ez-toc-heading-16\" href=\"https:\/\/loudavymkrokem.cz\/fi\/vigo-espanja-nahtavyydet\/#12_Retki_Santiago_de_Compostelaan\" >12. Retki Santiago de Compostelaan<\/a><\/li><li class='ez-toc-page-1 ez-toc-heading-level-3'><a class=\"ez-toc-link ez-toc-heading-17\" href=\"https:\/\/loudavymkrokem.cz\/fi\/vigo-espanja-nahtavyydet\/#13_Pysahdys_Praia_do_Vao_-rannalla\" >13. Pys\u00e4hdys Praia do Vao -rannalla<\/a><\/li><li class='ez-toc-page-1 ez-toc-heading-level-3'><a class=\"ez-toc-link ez-toc-heading-18\" href=\"https:\/\/loudavymkrokem.cz\/fi\/vigo-espanja-nahtavyydet\/#14_Majakka_ja_Museo_del_Mar_de_Galicia\" >14. Majakka ja Museo del Mar de Galicia<\/a><\/li><\/ul><\/li><li class='ez-toc-page-1 ez-toc-heading-level-2'><a class=\"ez-toc-link ez-toc-heading-19\" href=\"https:\/\/loudavymkrokem.cz\/fi\/vigo-espanja-nahtavyydet\/#Minne_jatkaa_Vigosta\" >Minne jatkaa Vigosta<\/a><\/li><li class='ez-toc-page-1 ez-toc-heading-level-2'><a class=\"ez-toc-link ez-toc-heading-20\" href=\"https:\/\/loudavymkrokem.cz\/fi\/vigo-espanja-nahtavyydet\/#Usein_kysytyt_kysymykset\" >Usein kysytyt kysymykset<\/a><ul class='ez-toc-list-level-3' ><li class='ez-toc-heading-level-3'><a class=\"ez-toc-link ez-toc-heading-21\" href=\"https:\/\/loudavymkrokem.cz\/fi\/vigo-espanja-nahtavyydet\/#Miten_paasen_Ciesin_saarille\" >Miten p\u00e4\u00e4sen C\u00edesin saarille?<\/a><\/li><li class='ez-toc-page-1 ez-toc-heading-level-3'><a class=\"ez-toc-link ez-toc-heading-22\" href=\"https:\/\/loudavymkrokem.cz\/fi\/vigo-espanja-nahtavyydet\/#Onko_valtameren_vesi_Vigon_edustalla_todella_niin_kylmaa\" >Onko valtameren vesi Vigon edustalla todella niin kylm\u00e4\u00e4?<\/a><\/li><li class='ez-toc-page-1 ez-toc-heading-level-3'><a class=\"ez-toc-link ez-toc-heading-23\" href=\"https:\/\/loudavymkrokem.cz\/fi\/vigo-espanja-nahtavyydet\/#Kuinka_monta_paivaa_tarvitsen_Vigon_vierailuun\" >Kuinka monta p\u00e4iv\u00e4\u00e4 tarvitsen Vigon vierailuun?<\/a><\/li><li class='ez-toc-page-1 ez-toc-heading-level-3'><a class=\"ez-toc-link ez-toc-heading-24\" href=\"https:\/\/loudavymkrokem.cz\/fi\/vigo-espanja-nahtavyydet\/#Parjaako_Vigossa_englannilla\" >P\u00e4rj\u00e4\u00e4k\u00f6 Vigossa englannilla?<\/a><\/li><li class='ez-toc-page-1 ez-toc-heading-level-3'><a class=\"ez-toc-link ez-toc-heading-25\" href=\"https:\/\/loudavymkrokem.cz\/fi\/vigo-espanja-nahtavyydet\/#Onko_Vigo_turvallinen_kaupunki\" >Onko Vigo turvallinen kaupunki?<\/a><\/li><li class='ez-toc-page-1 ez-toc-heading-level-3'><a class=\"ez-toc-link ez-toc-heading-26\" href=\"https:\/\/loudavymkrokem.cz\/fi\/vigo-espanja-nahtavyydet\/#Missa_on_paras_pysakoida_jos_saavun_autolla\" >Miss\u00e4 on paras pys\u00e4k\u00f6id\u00e4, jos saavun autolla?<\/a><\/li><li class='ez-toc-page-1 ez-toc-heading-level-3'><a class=\"ez-toc-link ez-toc-heading-27\" href=\"https:\/\/loudavymkrokem.cz\/fi\/vigo-espanja-nahtavyydet\/#Milloin_kaupungin_tarkeimmat_juhlat_jarjestetaan\" >Milloin kaupungin t\u00e4rkeimm\u00e4t juhlat j\u00e4rjestet\u00e4\u00e4n?<\/a><\/li><li class='ez-toc-page-1 ez-toc-heading-level-3'><a class=\"ez-toc-link ez-toc-heading-28\" href=\"https:\/\/loudavymkrokem.cz\/fi\/vigo-espanja-nahtavyydet\/#Miten_liikkua_itse_kaupungissa\" >Miten liikkua itse kaupungissa?<\/a><\/li><\/ul><\/li><\/ul><\/nav><\/div>\n<h3 class=\"wp-block-heading\"><span class=\"ez-toc-section\" id=\"Yhteenveto\"><\/span>Yhteenveto<span class=\"ez-toc-section-end\"><\/span><\/h3>\n\n\n\n<ul class=\"wp-block-list\">\n<li>  <strong>C\u00edes-saaret ovat pakollinen n\u00e4ht\u00e4vyys:<\/strong> Jos l\u00e4hdet Vigoon, k\u00e4ynti t\u00e4ss\u00e4 kansallispuistossa karibialaisen n\u00e4k\u00f6isine Rodas-rantoineen on ehdoton velvollisuus, mutta se vaatii etuk\u00e4teen hankittavan luvan.<\/li>\n<li>  <strong>Historiaa Casco Vellossa:<\/strong> Vanhakaupunki lumoaa mutkittelevine graniittikujineen, viihtyisine tavernoineen ja aidon galicialaisella tunnelmallaan.<\/li>\n<li>  <strong>N\u00e4kym\u00e4t Monte do Castrolta:<\/strong> Suoraan kaupungin yll\u00e4 kohoava entinen linnoitus tarjoaa parhaat panoraaman\u00e4kym\u00e4t koko lahdelle ja laskevalle auringolle.<\/li>\n<li>  <strong>Gastronominen paratiisi (ei vain) meren yst\u00e4ville:<\/strong> R\u00edas Baixas on Espanjan parhaiden merenantimien epicentrum, mutta my\u00f6s viinin yst\u00e4v\u00e4t saavat nautintonsa mainiosta Albari\u00f1o-ryp\u00e4leest\u00e4.<\/li>\n<li>  <strong>Loistava l\u00e4ht\u00f6kohta:<\/strong> Vigo toimii strategisesti tukikohtana retkille l\u00e4hell\u00e4 sijaitsevaan Santiago de Compostelaan tai villin rannikon tutkimiseen.<\/li>\n<li>  <strong>Varaudu sateeseen:<\/strong> Galicia on ihanan vihre\u00e4 syyst\u00e4, joten kes\u00e4ll\u00e4kin kannattaa pit\u00e4\u00e4 repussa kevyt sadetakki.<\/li>\n<\/ul>\n\n\n\n<!-- lk-navbar -->\n<div class=\"lk-navbar\" style=\"margin:0 0 28px;\"><div style=\"font-size:12px;text-transform:uppercase;letter-spacing:.06em;color:#a9885a;font-weight:700;margin-bottom:9px;\">Pikalinkit<\/div><div style=\"display:flex;flex-wrap:wrap;gap:9px;\"><a href=\"#Missa_yopya_Vigossa\" style=\"background:#c39f76;color:#fff;border:1px solid #c39f76;padding:9px 15px;border-radius:22px;font-size:14px;font-weight:700;text-decoration:none;display:inline-block;line-height:1;\">\ud83d\udccd Miss\u00e4 y\u00f6py\u00e4<\/a><a href=\"#Milloin_kannattaa_lahtea_Vigoon\" style=\"background:#fff;color:#6b5a44;border:1px solid #e2d6c1;padding:9px 15px;border-radius:22px;font-size:14px;font-weight:600;text-decoration:none;display:inline-block;line-height:1;\">\u2600\ufe0f Milloin menn\u00e4<\/a><a href=\"#14_vinkkia_mita_nahda_ja_tehda_Vigossa_ja_lahialueella\" style=\"background:#fff;color:#6b5a44;border:1px solid #e2d6c1;padding:9px 15px;border-radius:22px;font-size:14px;font-weight:600;text-decoration:none;display:inline-block;line-height:1;\">\ud83e\udded L\u00e4hist\u00f6ll\u00e4<\/a><a href=\"#Usein_kysytyt_kysymykset\" style=\"background:#fff;color:#6b5a44;border:1px solid #e2d6c1;padding:9px 15px;border-radius:22px;font-size:14px;font-weight:600;text-decoration:none;display:inline-block;line-height:1;\">\u2753 UKK<\/a><\/div><\/div>\n<!-- \/lk-navbar -->\n\n\n\n<h2 class=\"wp-block-heading\"><span class=\"ez-toc-section\" id=\"Milloin_kannattaa_lahtea_Vigoon\"><\/span>Milloin kannattaa l\u00e4hte\u00e4 Vigoon<span class=\"ez-toc-section-end\"><\/span><\/h2>\n\n\n\n<p class=\"wp-block-paragraph\">Luoteis-Espanjan ilmastoa sanelee armottomasti Atlantin valtameri, mik\u00e4 tarkoittaa, ett\u00e4 t\u00e4\u00e4ll\u00e4 vallitsevat aivan toiset s\u00e4\u00e4nn\u00f6t kuin Etel\u00e4-Andalusiassa. Talvet ovat t\u00e4\u00e4ll\u00e4 melko leutoja ja l\u00e4mp\u00f6tilat laskevat harvoin nollaan, mutta ne ovat sen sijaan <strong>\u00e4\u00e4rimm\u00e4isen sateisia ja koleita<\/strong>, joten pitkiin kaupunkik\u00e4velyihin se ei todellakaan ole ihanteellista aikaa. Jos haluat nauttia kaupungista t\u00e4ysin ja v\u00e4ltt\u00e4\u00e4 p\u00e4ivien viett\u00e4misen kahviloihin piiloutuneena, on t\u00e4rke\u00e4\u00e4 valita vierailulle oikea vuodenaika.<\/p>\n\n\n\n<p class=\"wp-block-paragraph\">Ainoa luotettavan kuiva ja l\u00e4mmin ikkuna Galician vierailuun avautuu <strong>toukokuusta lokakuun loppuun<\/strong>, jolloin kaupunki her\u00e4\u00e4 eloon ja aurinko saa vihdoin yliotteen pilvist\u00e4. Uintiin valtameress\u00e4 ja t\u00e4ysipainoiseen rannikon tutkimiseen sopivat erityisesti kuukaudet kes\u00e4kuusta syyskuuhun, mutta helteisen\u00e4kin kes\u00e4n\u00e4 varaudu siihen, ett\u00e4 Atlantin vesi pysyy hyvin virkist\u00e4v\u00e4n\u00e4 eik\u00e4 l\u00e4mp\u00f6tilaltaan yll\u00e4 V\u00e4limeren tasolle. Jos haluat v\u00e4ltt\u00e4\u00e4 suurimmat kotimaisten turistien joukot, jotka pakenevat t\u00e4nne elokuussa sis\u00e4maan helteit\u00e4, <strong>suunnittele matkasi kes\u00e4kuulle tai syyskuulle<\/strong>, jolloin s\u00e4\u00e4 on yh\u00e4 hyvin miellytt\u00e4v\u00e4, mutta rannat ja kujat huomattavasti rauhallisempia.<\/p>\n\n\n\n<h2 class=\"wp-block-heading\"><span class=\"ez-toc-section\" id=\"Missa_yopya_Vigossa\"><\/span>Miss\u00e4 y\u00f6py\u00e4 Vigossa<span class=\"ez-toc-section-end\"><\/span><\/h2>\n\n\n\n<p class=\"wp-block-paragraph\"><em>\ud83d\udca1 Vinkki majoitukseen ja el\u00e4myksiin: Majoituksen etsimme mieluiten <a class=\"thirstylink\" rel=\"nofollow\" target=\"_blank\" title=\"Booking.com\" href=\"https:\/\/loudavymkrokem.cz\/doporucujeme\/booking-com\/\" data-shortcode=\"true\">Booking.comista<\/a>, jossa on yleens\u00e4 parhaat peruutusehdot. Liput, retket ja aktiviteetit kannattaa vertailla <a class=\"thirstylink\" rel=\"nofollow\" target=\"_blank\" title=\"GetYourGuide\" href=\"https:\/\/loudavymkrokem.cz\/doporucujeme\/getyourguide\/\" data-shortcode=\"true\">GetYourGuidessa<\/a>.<\/em><\/p>\n\n\n\n<p class=\"wp-block-paragraph\">Vigo on melko laaja, kumpuilevaan maastoon sijoittuva kaupunki, joten oikean kaupunginosan valinta voi s\u00e4\u00e4st\u00e4\u00e4 sinulta paljon k\u00e4veltyj\u00e4 kilometrej\u00e4 ja hikoiltuja paitoja. Paras valinta lyhyeen oleskeluun on <strong>historiallinen keskusta Casco Vello tai sen viereinen Centro-kaupunginosa<\/strong>, joista p\u00e4\u00e4set vain muutaman askeleen p\u00e4\u00e4h\u00e4n t\u00e4rkeimmist\u00e4 n\u00e4ht\u00e4vyyksist\u00e4, satamasta ja saarille suuntaavista lautoista. Jos suosit rauhallisempaa tunnelmaa etk\u00e4 pahastu keskustaan matkustamisesta, voit etsi\u00e4 majoitusta Samil-rannan alueelta, jossa nautit aamun\u00e4kymist\u00e4 valtamerelle ja pitkist\u00e4 rantabulevardeista.<\/p>\n\n\n\n<p class=\"wp-block-paragraph\">Majoituskapasiteettia on kaupungissa riitt\u00e4v\u00e4sti, mutta erityisesti kes\u00e4kuukausina parhaat tarjoukset katoavat uskomattoman nopeasti. Loistava l\u00e4ht\u00f6kohta on esimerkiksi <strong>NH Collection Vigo<\/strong>, joka tarjoaa t\u00e4ydellisen tasapainon modernin mukavuuden ja historiallisen keskustan sek\u00e4 sataman v\u00e4litt\u00f6m\u00e4n l\u00e4heisyyden v\u00e4lill\u00e4. Jos etsit jotain todella erityist\u00e4 ripauksella ylellisyytt\u00e4 ja historiaa, suosittelen tutustumaan kohteeseen <strong>Hotel Pazo Los Escudos Spa &amp; Resort<\/strong>, joka on kauniisti kunnostettu perinteinen galicialainen kartano aivan meren \u00e4\u00e4rell\u00e4. Kaikki saatavilla olevat vaihtoehdot ja ajantasaiset hinnat voit helposti ja turvallisesti vertailla klassisesti Bookingissa, josta l\u00f6yd\u00e4t my\u00f6s runsaasti viihtyisi\u00e4 huoneistoja omalla keitti\u00f6ll\u00e4.<\/p>\n\n\n\n<h2 class=\"wp-block-heading\"><span class=\"ez-toc-section\" id=\"14_vinkkia_mita_nahda_ja_tehda_Vigossa_ja_lahialueella\"><\/span>14 vinkki\u00e4, mit\u00e4 n\u00e4hd\u00e4 ja tehd\u00e4 Vigossa ja l\u00e4hialueella<span class=\"ez-toc-section-end\"><\/span><\/h2>\n\n\n\n<h3 class=\"wp-block-heading\"><span class=\"ez-toc-section\" id=\"1_Cies-saaret_ja_Rodas-ranta\"><\/span>1. C\u00edes-saaret ja Rodas-ranta<span class=\"ez-toc-section-end\"><\/span><\/h3>\n\n\n\n<p class=\"wp-block-paragraph\">Islas C\u00edes -saaristo on ep\u00e4ilem\u00e4tt\u00e4 koko alueen suurin turistihoukutin ja syy siihen, miksi Vigoon suuntaa niin moni matkailija. T\u00e4m\u00e4 suojeltu kansallispuisto Parque Nacional Mar\u00edtimo-Terrestre das Illas Atl\u00e1nticas de Galicia tarjoaa <strong>koskematonta luontoa ilman autoja ja hotelleja<\/strong>, jossa p\u00e4\u00e4osassa ovat m\u00e4ntymets\u00e4t, jyrk\u00e4t kalliot ja ennen kaikkea uskomattoman valkoinen hiekka. Saaria on yhteens\u00e4 kolme, ja kahta p\u00e4\u00e4saarta, Monteagudoa ja Faroa, yhdist\u00e4\u00e4 ikoninen ranta.<\/p>\n\n\n\n<p class=\"wp-block-paragraph\">Juuri Praia de Rodas -ranta on paikka, jonka brittil\u00e4inen The Guardian aikoinaan nimesi <strong>maailman kauneimmaksi rannaksi<\/strong>, ja kun n\u00e4kym\u00e4 sen lumivalkoiseen hiekkaan turkoosin veden kanssa kontrastoivana avautuu ensi kertaa edess\u00e4si, ymm\u00e4rr\u00e4t miksi. Vesi on tosin j\u00e4\u00e4t\u00e4v\u00e4\u00e4 ja uimaan siihen l\u00e4htev\u00e4t vain karaistuneimmat, mutta itse k\u00e4vely rantaa pitkin tai vaellus Faro de C\u00edesin majakalle avomeren n\u00e4kymien per\u00e4ss\u00e4 on jokaisen minuuttisi arvoinen.<\/p>\n\n\n\n<p class=\"wp-block-paragraph\">\ud83d\udca1 Vinkki: Saarille p\u00e4\u00e4syyn liittyv\u00e4t <strong>tiukat p\u00e4ivitt\u00e4iset k\u00e4vij\u00e4rajat<\/strong>, joten lupa Galician hallitukselta (ns. autorisaatio) ja sen j\u00e4lkeen lauttaliput sinun t\u00e4ytyy hankkia hyviss\u00e4 ajoin, kes\u00e4ll\u00e4 vaikka kuukausi etuk\u00e4teen.<\/p>\n\n\n\n<h3 class=\"wp-block-heading\"><span class=\"ez-toc-section\" id=\"2_Historiallinen_keskusta_Casco_Vello\"><\/span>2. Historiallinen keskusta Casco Vello<span class=\"ez-toc-section-end\"><\/span><\/h3>\n\n\n\n<figure data-wp-context=\"{&quot;imageId&quot;:&quot;6a966eb4b87a1&quot;}\" data-wp-interactive=\"core\/image\" data-wp-key=\"6a966eb4b87a1\" class=\"wp-block-image size-full wp-lightbox-container\"><img decoding=\"async\" width=\"1920\" height=\"1440\" data-wp-class--hide=\"state.isContentHidden\" data-wp-class--show=\"state.isContentVisible\" data-wp-init=\"callbacks.setButtonStyles\" data-wp-on--click=\"actions.showLightbox\" data-wp-on--load=\"callbacks.setButtonStyles\" data-wp-on--pointerdown=\"actions.preloadImage\" data-wp-on--pointerenter=\"actions.preloadImageWithDelay\" data-wp-on--pointerleave=\"actions.cancelPreload\" data-wp-on-window--resize=\"callbacks.setButtonStyles\" src=\"https:\/\/loudavymkrokem.cz\/wp-content\/uploads\/2026\/05\/vigo-2.jpg\" alt=\"Historiallinen keskusta Casco Vello\" class=\"wp-image-182225\" title=\"\" srcset=\"https:\/\/loudavymkrokem.cz\/wp-content\/uploads\/2026\/05\/vigo-2.jpg 1920w, https:\/\/loudavymkrokem.cz\/wp-content\/uploads\/2026\/05\/vigo-2-300x225.jpg 300w, https:\/\/loudavymkrokem.cz\/wp-content\/uploads\/2026\/05\/vigo-2-700x525.jpg 700w, https:\/\/loudavymkrokem.cz\/wp-content\/uploads\/2026\/05\/vigo-2-768x576.jpg 768w, https:\/\/loudavymkrokem.cz\/wp-content\/uploads\/2026\/05\/vigo-2-1536x1152.jpg 1536w, https:\/\/loudavymkrokem.cz\/wp-content\/uploads\/2026\/05\/vigo-2-80x60.jpg 80w, https:\/\/loudavymkrokem.cz\/wp-content\/uploads\/2026\/05\/vigo-2-160x120.jpg 160w, https:\/\/loudavymkrokem.cz\/wp-content\/uploads\/2026\/05\/vigo-2-696x522.jpg 696w, https:\/\/loudavymkrokem.cz\/wp-content\/uploads\/2026\/05\/vigo-2-1392x1044.jpg 1392w\" sizes=\"(max-width: 1920px) 100vw, 1920px\" \/><button\n\t\t\tclass=\"lightbox-trigger\"\n\t\t\ttype=\"button\"\n\t\t\taria-haspopup=\"dialog\"\n\t\t\tdata-wp-bind--aria-label=\"state.thisImage.triggerButtonAriaLabel\"\n\t\t\tdata-wp-init=\"callbacks.initTriggerButton\"\n\t\t\tdata-wp-on--click=\"actions.showLightbox\"\n\t\t\tdata-wp-style--right=\"state.thisImage.buttonRight\"\n\t\t\tdata-wp-style--top=\"state.thisImage.buttonTop\"\n\t\t>\n\t\t\t<svg xmlns=\"http:\/\/www.w3.org\/2000\/svg\" width=\"12\" height=\"12\" fill=\"none\" viewBox=\"0 0 12 12\">\n\t\t\t\t<path fill=\"#fff\" d=\"M2 0a2 2 0 0 0-2 2v2h1.5V2a.5.5 0 0 1 .5-.5h2V0H2Zm2 10.5H2a.5.5 0 0 1-.5-.5V8H0v2a2 2 0 0 0 2 2h2v-1.5ZM8 12v-1.5h2a.5.5 0 0 0 .5-.5V8H12v2a2 2 0 0 1-2 2H8Zm2-12a2 2 0 0 1 2 2v2h-1.5V2a.5.5 0 0 0-.5-.5H8V0h2Z\" \/>\n\t\t\t<\/svg>\n\t\t<\/button><figcaption class=\"wp-element-caption\">Foto: Zarateman \/ Wikimedia Commons, CC0<\/figcaption><\/figure>\n\n\n\n<p class=\"wp-block-paragraph\">Jokaisen espanjalaisen kaupungin syd\u00e4n on sen vanha osa, eik\u00e4 Vigo ole t\u00e4ss\u00e4 poikkeus, vaikka sen Casco Vello on k\u00e4ynyt viime vuosina l\u00e4pi massiivisen kunnostuksen. Massiivisella graniitilla kivetyt mutkittelevat kujat kiemurtelevat vanhojen kivitalojen v\u00e4liss\u00e4, joista monia koristavat perinteiset lasitetut parvekkeet nimelt\u00e4 galer\u00edas, jotka aikoinaan suojasivat asukkaita usein toistuvalta sateelta ja tuulelta. Koko kaupunginosa sykkii nyky\u00e4\u00e4n el\u00e4m\u00e4\u00e4, ja l\u00f6yd\u00e4t sielt\u00e4 <strong>kymmeni\u00e4 itsen\u00e4isi\u00e4 putiikkeja ja k\u00e4sity\u00f6pajoja<\/strong>, jotka vaihtuvat sujuvasti idyllisiin kahviloihin ja pieniin tapas-baareihin.<\/p>\n\n\n\n<p class=\"wp-block-paragraph\">Eksy kujien sokkeloon ja anna vain aistiesi johdattaa itse\u00e4si \u2014 ennemmin tai my\u00f6hemmin t\u00f6rm\u00e4\u00e4t joka tapauksessa keskustan maamerkkiin, uusklassistiseen konkatedraaliin Santa Mar\u00eda de Vigo. T\u00e4m\u00e4 majesteettinen rakennus, jota paikalliset kutsuvat usein yksinkertaisesti La Colegiataksi, k\u00e4tkee sis\u00e4\u00e4ns\u00e4 kuuluisan Voittavan Kristuksen (Cristo de la Victoria), jonka ansioksi luetaan kaupungin pelastaminen napoleonilaisilta joukoilta. <strong>Tunnelma on t\u00e4\u00e4ll\u00e4 parhaimmillaan iltah\u00e4m\u00e4riss\u00e4<\/strong>, kun kujat t\u00e4yttyv\u00e4t ihmisist\u00e4 ja ilmassa leijuu tuoreiden tapasten tuoksu.<\/p>\n\n\n\n<h3 class=\"wp-block-heading\"><span class=\"ez-toc-section\" id=\"3_Linnoitus_ja_puisto_Monte_do_Castro\"><\/span>3. Linnoitus ja puisto Monte do Castro<span class=\"ez-toc-section-end\"><\/span><\/h3>\n\n\n\n<figure data-wp-context=\"{&quot;imageId&quot;:&quot;6a966eb4b8dd3&quot;}\" data-wp-interactive=\"core\/image\" data-wp-key=\"6a966eb4b8dd3\" class=\"wp-block-image size-full wp-lightbox-container\"><img decoding=\"async\" width=\"1920\" height=\"1278\" data-wp-class--hide=\"state.isContentHidden\" data-wp-class--show=\"state.isContentVisible\" data-wp-init=\"callbacks.setButtonStyles\" data-wp-on--click=\"actions.showLightbox\" data-wp-on--load=\"callbacks.setButtonStyles\" data-wp-on--pointerdown=\"actions.preloadImage\" data-wp-on--pointerenter=\"actions.preloadImageWithDelay\" data-wp-on--pointerleave=\"actions.cancelPreload\" data-wp-on-window--resize=\"callbacks.setButtonStyles\" src=\"https:\/\/loudavymkrokem.cz\/wp-content\/uploads\/2026\/05\/vigo-3.jpg\" alt=\"Linnoitus ja puisto Monte do Castro\" class=\"wp-image-182228\" title=\"\" srcset=\"https:\/\/loudavymkrokem.cz\/wp-content\/uploads\/2026\/05\/vigo-3.jpg 1920w, https:\/\/loudavymkrokem.cz\/wp-content\/uploads\/2026\/05\/vigo-3-300x200.jpg 300w, https:\/\/loudavymkrokem.cz\/wp-content\/uploads\/2026\/05\/vigo-3-700x466.jpg 700w, https:\/\/loudavymkrokem.cz\/wp-content\/uploads\/2026\/05\/vigo-3-768x511.jpg 768w, https:\/\/loudavymkrokem.cz\/wp-content\/uploads\/2026\/05\/vigo-3-1536x1022.jpg 1536w, https:\/\/loudavymkrokem.cz\/wp-content\/uploads\/2026\/05\/vigo-3-696x463.jpg 696w, https:\/\/loudavymkrokem.cz\/wp-content\/uploads\/2026\/05\/vigo-3-1392x927.jpg 1392w\" sizes=\"(max-width: 1920px) 100vw, 1920px\" \/><button\n\t\t\tclass=\"lightbox-trigger\"\n\t\t\ttype=\"button\"\n\t\t\taria-haspopup=\"dialog\"\n\t\t\tdata-wp-bind--aria-label=\"state.thisImage.triggerButtonAriaLabel\"\n\t\t\tdata-wp-init=\"callbacks.initTriggerButton\"\n\t\t\tdata-wp-on--click=\"actions.showLightbox\"\n\t\t\tdata-wp-style--right=\"state.thisImage.buttonRight\"\n\t\t\tdata-wp-style--top=\"state.thisImage.buttonTop\"\n\t\t>\n\t\t\t<svg xmlns=\"http:\/\/www.w3.org\/2000\/svg\" width=\"12\" height=\"12\" fill=\"none\" viewBox=\"0 0 12 12\">\n\t\t\t\t<path fill=\"#fff\" d=\"M2 0a2 2 0 0 0-2 2v2h1.5V2a.5.5 0 0 1 .5-.5h2V0H2Zm2 10.5H2a.5.5 0 0 1-.5-.5V8H0v2a2 2 0 0 0 2 2h2v-1.5ZM8 12v-1.5h2a.5.5 0 0 0 .5-.5V8H12v2a2 2 0 0 1-2 2H8Zm2-12a2 2 0 0 1 2 2v2h-1.5V2a.5.5 0 0 0-.5-.5H8V0h2Z\" \/>\n\t\t\t<\/svg>\n\t\t<\/button><figcaption class=\"wp-element-caption\">Foto: Lameiro \/ Wikimedia Commons, CC BY-SA 4.0<\/figcaption><\/figure>\n\n\n\n<p class=\"wp-block-paragraph\">Jos haluat saada kokonaisvaltaisen kuvan siit\u00e4, kuinka Vigo asettuu maisemaan, sinun on v\u00e4ltt\u00e4m\u00e4tt\u00e4 noustava Monte do Castro -kukkulalle, joka kohoaa keskell\u00e4 kaupunkia. T\u00e4m\u00e4 vihre\u00e4 kumpu on itse asiassa Vigon syntypaikka, sill\u00e4 juuri t\u00e4\u00e4lt\u00e4 l\u00f6ydettiin kaikkein ensimm\u00e4iset asutuksen j\u00e4ljet linnavuorikaudelta (ns. castros) 200-luvulta ennen ajanlaskun alkua. Matka yl\u00f6s vaatii hieman fyysist\u00e4 kuntoa, sill\u00e4 <strong>edess\u00e4si on melko jyrkk\u00e4 nousu<\/strong>, mutta palkkio huipulla on yksinkertaisesti korvaamaton.<\/p>\n\n\n\n<p class=\"wp-block-paragraph\">Aivan kukkulan huipulta l\u00f6yd\u00e4t j\u00e4\u00e4nteit\u00e4 1600-luvun Castillo del Castro -linnoituksen muureista, joka aikoinaan palveli kaupungin puolustusta Britannian laivaston sitkeit\u00e4 hy\u00f6kk\u00e4yksi\u00e4 vastaan. Nyky\u00e4\u00e4n se on kauniisti hoidettu puisto t\u00e4ynn\u00e4 eksoottisia kasveja, penkkej\u00e4 ja varjoisia sopukoita, josta avautuu <strong>spektaakkelimainen panoraaman\u00e4kym\u00e4 koko R\u00eda de Vigo -lahdelle<\/strong>, moderniin satamaan ja C\u00edes-saarten siluettiin kaukaisuudessa. Erityisesti auringonlaskun aikaan, kun taivas v\u00e4rj\u00e4ytyy oranssiksi ja heijastuu veden pinnasta, t\u00e4ss\u00e4 paikassa on aivan maaginen tunnelma.<\/p>\n\n\n\n<h3 class=\"wp-block-heading\"><span class=\"ez-toc-section\" id=\"4_Satama_ja_kalastusperinne\"><\/span>4. Satama ja kalastusperinne<span class=\"ez-toc-section-end\"><\/span><\/h3>\n\n\n\n<p class=\"wp-block-paragraph\">Vigo ei olisi Vigo ilman massiivista satamaansa, joka on yksi koko Euroopan t\u00e4rkeimmist\u00e4 ja suurimmista kalastussatamista. Itse laiturit ja lastausalueet vaikuttavat tosin voimakkaan teollisilta ja t\u00e4\u00e4ll\u00e4 ajaa rekka toisensa per\u00e4\u00e4n, mutta rantaviivaa pitkin l\u00f6yd\u00e4t hoidetun bulevardin, joka on kuin luotu iltap\u00e4iv\u00e4k\u00e4velyyn. R\u00edas Baixasin syv\u00e4t lahdet, joissa Atlantin suolainen vesi sekoittuu jokien makeaan veteen, luovat nimitt\u00e4in <strong>t\u00e4ydellisen ekosysteemin meren el\u00e4imist\u00f6lle<\/strong>.<\/p>\n\n\n\n<p class=\"wp-block-paragraph\">Juuri t\u00e4m\u00e4n ainutlaatuisen ymp\u00e4rist\u00f6n ansiosta alue on kirjaimellisesti koko Espanjan parhaiden merenantimien epicentrum. Paikallisille asukkaille ehdoton legenda on mustekala (pulpo a la gallega), joka perinteisesti keitet\u00e4\u00e4n kuparipadassa, kunnes se on t\u00e4ydellisen mureaa, ja tarjoillaan puisella laudalla oliivi\u00f6ljyll\u00e4 pirskoteltuna. Paikallinen kauppahalli Mercado da Pedra on puolestaan muiden valtameren aarteiden n\u00e4yteikkuna, mukaan lukien kuuluisat hanhenkaulasimpukat (percebes), jotka ovat <strong>ter\u00e4vill\u00e4 kallioilla kasvavia pieni\u00e4 \u00e4yri\u00e4isi\u00e4<\/strong>, joiden vaarallinen ker\u00e4ys tekee niist\u00e4 korkealle arvostetun ylellisyystuotteen.<\/p>\n\n\n\n<h3 class=\"wp-block-heading\"><span class=\"ez-toc-section\" id=\"5_Samil-ranta\"><\/span>5. Samil-ranta<span class=\"ez-toc-section-end\"><\/span><\/h3>\n\n\n\n<figure data-wp-context=\"{&quot;imageId&quot;:&quot;6a966eb4b9548&quot;}\" data-wp-interactive=\"core\/image\" data-wp-key=\"6a966eb4b9548\" class=\"wp-block-image size-full wp-lightbox-container\"><img decoding=\"async\" width=\"1920\" height=\"693\" data-wp-class--hide=\"state.isContentHidden\" data-wp-class--show=\"state.isContentVisible\" data-wp-init=\"callbacks.setButtonStyles\" data-wp-on--click=\"actions.showLightbox\" data-wp-on--load=\"callbacks.setButtonStyles\" data-wp-on--pointerdown=\"actions.preloadImage\" data-wp-on--pointerenter=\"actions.preloadImageWithDelay\" data-wp-on--pointerleave=\"actions.cancelPreload\" data-wp-on-window--resize=\"callbacks.setButtonStyles\" src=\"https:\/\/loudavymkrokem.cz\/wp-content\/uploads\/2026\/05\/vigo-5.jpg\" alt=\"Samil-ranta\" class=\"wp-image-182232\" title=\"\" srcset=\"https:\/\/loudavymkrokem.cz\/wp-content\/uploads\/2026\/05\/vigo-5.jpg 1920w, https:\/\/loudavymkrokem.cz\/wp-content\/uploads\/2026\/05\/vigo-5-300x108.jpg 300w, https:\/\/loudavymkrokem.cz\/wp-content\/uploads\/2026\/05\/vigo-5-700x253.jpg 700w, https:\/\/loudavymkrokem.cz\/wp-content\/uploads\/2026\/05\/vigo-5-768x277.jpg 768w, https:\/\/loudavymkrokem.cz\/wp-content\/uploads\/2026\/05\/vigo-5-1536x554.jpg 1536w, https:\/\/loudavymkrokem.cz\/wp-content\/uploads\/2026\/05\/vigo-5-696x251.jpg 696w, https:\/\/loudavymkrokem.cz\/wp-content\/uploads\/2026\/05\/vigo-5-1392x502.jpg 1392w\" sizes=\"(max-width: 1920px) 100vw, 1920px\" \/><button\n\t\t\tclass=\"lightbox-trigger\"\n\t\t\ttype=\"button\"\n\t\t\taria-haspopup=\"dialog\"\n\t\t\tdata-wp-bind--aria-label=\"state.thisImage.triggerButtonAriaLabel\"\n\t\t\tdata-wp-init=\"callbacks.initTriggerButton\"\n\t\t\tdata-wp-on--click=\"actions.showLightbox\"\n\t\t\tdata-wp-style--right=\"state.thisImage.buttonRight\"\n\t\t\tdata-wp-style--top=\"state.thisImage.buttonTop\"\n\t\t>\n\t\t\t<svg xmlns=\"http:\/\/www.w3.org\/2000\/svg\" width=\"12\" height=\"12\" fill=\"none\" viewBox=\"0 0 12 12\">\n\t\t\t\t<path fill=\"#fff\" d=\"M2 0a2 2 0 0 0-2 2v2h1.5V2a.5.5 0 0 1 .5-.5h2V0H2Zm2 10.5H2a.5.5 0 0 1-.5-.5V8H0v2a2 2 0 0 0 2 2h2v-1.5ZM8 12v-1.5h2a.5.5 0 0 0 .5-.5V8H12v2a2 2 0 0 1-2 2H8Zm2-12a2 2 0 0 1 2 2v2h-1.5V2a.5.5 0 0 0-.5-.5H8V0h2Z\" \/>\n\t\t\t<\/svg>\n\t\t<\/button><figcaption class=\"wp-element-caption\">Foto: juantiagues \/ Wikimedia Commons, CC BY-SA 2.0<\/figcaption><\/figure>\n\n\n\n<p class=\"wp-block-paragraph\">Kun sanotaan kaupunkiranta Vigossa, jokaiselle paikalliselle tulee heti mieleen Praia de Samil, joka on koko laajan l\u00e4hialueen t\u00e4rkein kes\u00e4virkistyksen keskus. T\u00e4m\u00e4 ranta ulottuu yli kilometrin pituudelle ja tarjoaa uskomattoman hienoa, vaaleaa hiekkaa, joka kontrastoi jyrk\u00e4sti lahden sinisi\u00e4 vesi\u00e4 vasten. Toisin kuin saarten villit rannat, Samil on <strong>varustettu aivan t\u00e4ydellisell\u00e4 infrastruktuurilla<\/strong>, joten sielt\u00e4 ei puutu julkisia suihkuja, hoidettuja vessoja, lasten leikkipaikkoja eik\u00e4 edes muutamaa ilmaista uima-allasta niille, joista valtameri tuntuu liian kylm\u00e4lt\u00e4.<\/p>\n\n\n\n<p class=\"wp-block-paragraph\">Koko rantaa pitkin kulkee leve\u00e4 kivetty puiden reunustama bulevardi, joka on ihanteellinen aamulenkkiin, rullaluisteluun tai vain laiskaan iltap\u00e4iv\u00e4k\u00e4velyyn kahvikuppi k\u00e4dess\u00e4. L\u00f6yd\u00e4t sielt\u00e4 <strong>kymmeni\u00e4 ravintoloita, kahviloita ja j\u00e4\u00e4tel\u00f6kojuja<\/strong>, jotka kes\u00e4kuukausina ovat pullollaan, mutta anteliaan tilan ansiosta joukot jakautuvat melko hyvin. Samil-rannan valtava bonus on suora n\u00e4kym\u00e4 C\u00edes-saarille, joiden taakse aurinko laskee t\u00e4\u00e4ll\u00e4 joka ilta dramaattisesti.<\/p>\n\n\n\n<h3 class=\"wp-block-heading\"><span class=\"ez-toc-section\" id=\"6_Rua_das_Ostras_-katu\"><\/span>6. R\u00faa das Ostras -katu<span class=\"ez-toc-section-end\"><\/span><\/h3>\n\n\n\n<p class=\"wp-block-paragraph\">Jos haluat kokea kaupungin todellisen kulinaarisen sykkeen, sinun on ehdottomasti poikettava R\u00faa Pescader\u00eda -kujalle, jota paikalliset eiv\u00e4t tunne muulla nimell\u00e4 kuin R\u00faa das Ostras eli Osterikatu. T\u00e4m\u00e4 lyhyt katu, joka sijaitsee aivan historiallisen keskustan laidalla Mercado da Pedra -kauppahallin luona, on <strong>maailmankuulu tuoreiden ostereiden myynnin ja nauttimisen keskus<\/strong>, joita t\u00e4nne tuodaan l\u00e4hell\u00e4 olevilta lahden viljelyasemilta.<\/p>\n\n\n\n<p class=\"wp-block-paragraph\">T\u00e4\u00e4ll\u00e4 kaikki toimii kuin t\u00e4ydellisesti harjoiteltu teatteri, jossa taitavat myyj\u00e4t, nimelt\u00e4\u00e4n ostreiras, avaavat ostereita valtavalla vauhdilla suoraan kivitiskeill\u00e4 n\u00e4lk\u00e4isten asiakkaiden silmien edess\u00e4. Turistit ja paikalliset saapuvat t\u00e4nne kaikkialta Espanjasta ostaakseen tusinan tuoreeltaan avattuja ostereita, pirskottaakseen ne sitruunalla ja nauttiakseen ne suoraan kadulla pieniss\u00e4 p\u00f6ydiss\u00e4. Vannoutuneena kasvissy\u00f6j\u00e4n\u00e4 et tosin t\u00e4\u00e4ll\u00e4 saa makunautintojasi, mutta <strong>itse tunnelma, myyjien huudot ja kadun vilske<\/strong> tekev\u00e4t t\u00e4st\u00e4 paikasta kiehtovan kulttuuriel\u00e4myksen, joka kuuluu Vigoon erottamattomasti.<\/p>\n\n\n\n<h3 class=\"wp-block-heading\"><span class=\"ez-toc-section\" id=\"7_Pazo_de_Castreloksen_puutarhat_Museo_Quinones_de_Leon\"><\/span>7. Pazo de Castreloksen puutarhat (Museo Qui\u00f1ones de Le\u00f3n)<span class=\"ez-toc-section-end\"><\/span><\/h3>\n\n\n\n<figure data-wp-context=\"{&quot;imageId&quot;:&quot;6a966eb4b9c90&quot;}\" data-wp-interactive=\"core\/image\" data-wp-key=\"6a966eb4b9c90\" class=\"wp-block-image size-full wp-lightbox-container\"><img decoding=\"async\" width=\"960\" height=\"1280\" data-wp-class--hide=\"state.isContentHidden\" data-wp-class--show=\"state.isContentVisible\" data-wp-init=\"callbacks.setButtonStyles\" data-wp-on--click=\"actions.showLightbox\" data-wp-on--load=\"callbacks.setButtonStyles\" data-wp-on--pointerdown=\"actions.preloadImage\" data-wp-on--pointerenter=\"actions.preloadImageWithDelay\" data-wp-on--pointerleave=\"actions.cancelPreload\" data-wp-on-window--resize=\"callbacks.setButtonStyles\" src=\"https:\/\/loudavymkrokem.cz\/wp-content\/uploads\/2026\/05\/vigo-7.jpg\" alt=\"Pazo de Castreloksen puutarhat (Museo Qui\u00f1ones de Le\u00f3n)\" class=\"wp-image-182234\" title=\"\" srcset=\"https:\/\/loudavymkrokem.cz\/wp-content\/uploads\/2026\/05\/vigo-7.jpg 960w, https:\/\/loudavymkrokem.cz\/wp-content\/uploads\/2026\/05\/vigo-7-225x300.jpg 225w, https:\/\/loudavymkrokem.cz\/wp-content\/uploads\/2026\/05\/vigo-7-700x933.jpg 700w, https:\/\/loudavymkrokem.cz\/wp-content\/uploads\/2026\/05\/vigo-7-768x1024.jpg 768w, https:\/\/loudavymkrokem.cz\/wp-content\/uploads\/2026\/05\/vigo-7-696x928.jpg 696w\" sizes=\"(max-width: 960px) 100vw, 960px\" \/><button\n\t\t\tclass=\"lightbox-trigger\"\n\t\t\ttype=\"button\"\n\t\t\taria-haspopup=\"dialog\"\n\t\t\tdata-wp-bind--aria-label=\"state.thisImage.triggerButtonAriaLabel\"\n\t\t\tdata-wp-init=\"callbacks.initTriggerButton\"\n\t\t\tdata-wp-on--click=\"actions.showLightbox\"\n\t\t\tdata-wp-style--right=\"state.thisImage.buttonRight\"\n\t\t\tdata-wp-style--top=\"state.thisImage.buttonTop\"\n\t\t>\n\t\t\t<svg xmlns=\"http:\/\/www.w3.org\/2000\/svg\" width=\"12\" height=\"12\" fill=\"none\" viewBox=\"0 0 12 12\">\n\t\t\t\t<path fill=\"#fff\" d=\"M2 0a2 2 0 0 0-2 2v2h1.5V2a.5.5 0 0 1 .5-.5h2V0H2Zm2 10.5H2a.5.5 0 0 1-.5-.5V8H0v2a2 2 0 0 0 2 2h2v-1.5ZM8 12v-1.5h2a.5.5 0 0 0 .5-.5V8H12v2a2 2 0 0 1-2 2H8Zm2-12a2 2 0 0 1 2 2v2h-1.5V2a.5.5 0 0 0-.5-.5H8V0h2Z\" \/>\n\t\t\t<\/svg>\n\t\t<\/button><figcaption class=\"wp-element-caption\">Foto: juantiagues \/ Wikimedia Commons, CC BY-SA 2.0<\/figcaption><\/figure>\n\n\n\n<p class=\"wp-block-paragraph\">Kun haluat hetkeksi lev\u00e4ht\u00e4\u00e4 vilkkailta kaduilta ja valtameren tuulelta, suuntaa kaupungin laidalle laajaan Parque de Castrelos -puistoon. Sen suurin helmi on historiallinen maaseutukartano Pazo de Qui\u00f1ones de Le\u00f3n, joka on upea esimerkki perinteisest\u00e4 1600-luvun galicialaisesta arkkitehtuurista. Nyky\u00e4\u00e4n rakennuksessa toimii kaupunginmuseo mukaansatempaavine kaupungin historiaa k\u00e4sittelevine n\u00e4yttelyineen, arkeologisine l\u00f6yt\u00f6ineen ja <strong>mainiona galicialaisen maalaustaiteen kokoelmineen<\/strong>, ja museoon on kaikille k\u00e4vij\u00f6ille aivan ilmainen sis\u00e4\u00e4np\u00e4\u00e4sy.<\/p>\n\n\n\n<p class=\"wp-block-paragraph\">Se, mik\u00e4 t\u00e4st\u00e4 paikasta tekee todella poikkeuksellisen, ovat kuitenkin laajat viereiset puutarhat, jotka ovat maisema-arkkitehtuurin mestariteos. Puutarhat on jaettu ranskalaiseen osaan huolellisesti leikattuine pensasaitoineen ja geometrisine kuvioineen sek\u00e4 villimp\u00e4\u00e4n englantilaiseen puistoon t\u00e4ynn\u00e4 vanhoja tammia, kastanjoita ja kamelioita, jotka kukkivat kauniisti alkukev\u00e4\u00e4st\u00e4. <strong>Se on t\u00e4ydellinen rauhan keidas<\/strong>, jossa voit j\u00e4rjest\u00e4\u00e4 piknikin nurmikolla, lukea kirjaa penkill\u00e4 suihkul\u00e4hteen luona tai vain k\u00e4vell\u00e4 ja ihailla historiallisia veistoksia, joita on ripoteltu ymp\u00e4ri aluetta.<\/p>\n\n\n\n<!-- LKM_GYG_CARD start q=\"vigo spanelsko\" lang=\"fi\" --><!-- LKM_GYG_CARD end -->\n\n\n\n\n<div class=\"lk-stays-module\">\n<style>\n\/* \u2500\u2500\u2500 RESET PRO GUTENBERG \u2500\u2500\u2500 *\/\n.lk-stays-module * { box-sizing: border-box; margin: 0; padding: 0; }\n\n\/* \u2500\u2500\u2500 WRAPPER \u2500\u2500\u2500 *\/\n.lk-stays-module {\n  font-family: 'DM Sans', Georgia, sans-serif;\n  max-width: 100%;\n  margin: 2.5rem auto;\n  background: linear-gradient(135deg, #fdfaf5 0%, #fcf8f0 100%);\n  border: 1px solid #e8dfd4;\n  border-radius: 16px;\n  overflow: hidden;\n  box-shadow: 0 16px 48px rgba(195, 159, 118, 0.25), 0 4px 12px rgba(0,0,0,0.08);\n}\n\n\/* \u2500\u2500\u2500 HEADER \u2500\u2500\u2500 *\/\n.lk-stays-header {\n  position: relative;\n  padding: 24px 36px 24px;\n  background: linear-gradient(135deg, #c39f76 0%, #d4b188 60%, #c39f76 100%);\n  border-bottom: 1px solid rgba(255,255,255,.15);\n  display: flex;\n  align-items: center;\n  gap: 18px;\n}\n.lk-stays-header::before {\n  content: '';\n  position: absolute;\n  inset: 0;\n  background: url(\"data:image\/svg+xml,%3Csvg width='60' height='60' viewBox='0 0 60 60' xmlns='http:\/\/www.w3.org\/2000\/svg'%3E%3Cg fill='none' fill-rule='evenodd'%3E%3Cg fill='%23ffffff' fill-opacity='0.05'%3E%3Cpath d='M36 34v-4h-2v4h-4v2h4v4h2v-4h4v-2h-4zm0-30V0h-2v4h-4v2h4v4h2V6h4V4h-4zM6 34v-4H4v4H0v2h4v4h2v-4h4v-2H6zM6 4V0H4v4H0v2h4v4h2V6h4V4H6z'\/%3E%3C\/g%3E%3C\/g%3E%3C\/svg%3E\") repeat;\n  pointer-events: none;\n}\n.lk-stays-icon {\n  flex-shrink: 0;\n  width: 68px;\n  height: 68px;\n  border-radius: 14px;\n  background: linear-gradient(135deg, #fff 0%, #f9f6f0 100%);\n  display: flex;\n  align-items: center;\n  justify-content: center;\n  font-size: 26px;\n  box-shadow: 0 4px 12px rgba(0,0,0,0.15);\n}\n.lk-stays-eyebrow {\n  font-size: 10px;\n  font-weight: 500;\n  letter-spacing: 2.5px;\n  text-transform: uppercase;\n  color: rgba(255,255,255,.85);\n  margin: 0 0 5px 0;\n}\n.lk-stays-title {\n  font-family: 'Playfair Display', Georgia, serif;\n  font-size: 24px;\n  font-weight: 700;\n  color: #fff;\n  line-height: 1.2;\n  text-shadow: 0 1px 2px rgba(0,0,0,0.1);\n  margin: 0;\n}\n.lk-stays-subtitle {\n  font-size: 13px;\n  color: rgba(255,255,255,.75);\n  margin: 4px 0 0 0;\n  font-weight: 300;\n}\n\n\/* \u2500\u2500\u2500 CARDS GRID \u2500\u2500\u2500 *\/\n.lk-stays-grid {\n  display: grid;\n  grid-template-columns: 1fr 1fr;\n  gap: 1px;\n  background: rgba(195, 159, 118, 0.12);\n}\n\n\/* \u2500\u2500\u2500 SINGLE CARD \u2500\u2500\u2500 *\/\n.lk-stay-card {\n  background: #ffffff;\n  padding: 26px;\n  display: flex;\n  flex-direction: column;\n  gap: 11px;\n  transition: all 0.3s ease;\n  text-decoration: none;\n  color: inherit;\n  position: relative;\n}\n.lk-stay-card:hover {\n  background: #fffbf5;\n  transform: translateY(-2px);\n  box-shadow: 0 8px 24px rgba(195, 159, 118, 0.18);\n  z-index: 1;\n}\n.lk-stay-card.featured {\n  background: linear-gradient(135deg, #fffdf9 0%, #fff9f0 100%);\n  box-shadow: 0 4px 16px rgba(195, 159, 118, 0.15), inset 0 1px 0 rgba(195, 159, 118, 0.1);\n}\n.lk-stay-card.featured:hover {\n  background: linear-gradient(135deg, #fffbf5 0%, #fff8ed 100%);\n  box-shadow: 0 8px 24px rgba(195, 159, 118, 0.25), inset 0 1px 0 rgba(195, 159, 118, 0.15);\n}\n\n.lk-stay-badge {\n  display: inline-flex;\n  align-items: center;\n  gap: 5px;\n  font-size: 10px;\n  font-weight: 500;\n  letter-spacing: 1.5px;\n  text-transform: uppercase;\n  padding: 5px 11px;\n  border-radius: 20px;\n  width: fit-content;\n}\n.badge-top     { background: linear-gradient(135deg, #c39f76 0%, #d4b188 100%); color: #fff; border: 1px solid #c39f76; font-weight: 600; box-shadow: 0 2px 8px rgba(195,159,118,0.3); }\n.badge-luxury  { background: rgba(195,159,118,.12); color: #c39f76; border: 1px solid rgba(195,159,118,.25); }\n.badge-boutique{ background: rgba(54,133,252,.08); color: #3685fc; border: 1px solid rgba(54,133,252,.2); }\n.badge-nature  { background: rgba(130,190,100,.1); color: #6b9c4a; border: 1px solid rgba(130,190,100,.2); }\n.badge-remote  { background: rgba(195,159,118,.12); color: #a67e50; border: 1px solid rgba(195,159,118,.25); }\n\n.lk-stay-name {\n  font-family: 'Playfair Display', Georgia, serif;\n  font-size: 18px;\n  font-weight: 700;\n  color: #111827;\n  line-height: 1.3;\n}\n.lk-stay-desc {\n  font-size: 13.5px;\n  color: #525252;\n  line-height: 1.65;\n  font-weight: 300;\n  flex: 1;\n}\n\n.lk-stay-meta {\n  display: flex;\n  align-items: center;\n  gap: 12px;\n  flex-wrap: wrap;\n  margin-top: 4px;\n}\n.lk-stay-price {\n  font-size: 13px;\n  color: #6b7280;\n}\n.lk-stay-price strong {\n  color: #c39f76;\n  font-weight: 500;\n}\n.lk-stay-stars {\n  color: #c39f76;\n  font-size: 11px;\n  letter-spacing: 1px;\n}\n\n\/* \u2500\u2500\u2500 CTA BUTTON \u2500\u2500\u2500 *\/\n.lk-stay-cta {\n  display: inline-flex;\n  align-items: center;\n  justify-content: center;\n  gap: 7px;\n  margin-top: 8px;\n  padding: 11px 20px;\n  border-radius: 8px;\n  background: linear-gradient(135deg, #3685fc 0%, #2a6fd9 100%);\n  color: #fff;\n  font-size: 13px;\n  font-weight: 500;\n  text-decoration: none;\n  letter-spacing: .3px;\n  transition: all .2s ease;\n  cursor: pointer;\n  border: none;\n  text-align: center;\n  box-shadow: 0 4px 12px rgba(54, 133, 252, 0.25);\n}\n.lk-stay-cta:hover {\n  background: linear-gradient(135deg, #2a6fd9 0%, #1e5bc4 100%);\n  transform: translateY(-1px);\n  box-shadow: 0 6px 16px rgba(54, 133, 252, 0.35);\n}\n.lk-stay-cta svg { flex-shrink: 0; }\n\n\/* \u2500\u2500\u2500 FOOTER \u2500\u2500\u2500 *\/\n.lk-stays-footer {\n  padding: 18px 36px;\n  background: linear-gradient(to bottom, #fdfaf5 0%, #f9f4ed 100%);\n  border-top: 1px solid rgba(195, 159, 118, 0.15);\n  display: flex;\n  align-items: center;\n  justify-content: space-between;\n  flex-wrap: wrap;\n  gap: 12px;\n}\n.lk-stays-footer-note {\n  font-size: 11.5px;\n  color: #6b7280;\n  font-weight: 300;\n  line-height: 1.5;\n}\n.lk-stays-footer-note a {\n  color: #c39f76;\n  text-decoration: none;\n  font-weight: 400;\n}\n.lk-stays-footer-note a:hover {\n  text-decoration: underline;\n}\n.lk-stays-all-btn {\n  display: inline-flex;\n  align-items: center;\n  gap: 6px;\n  font-size: 12.5px;\n  font-weight: 500;\n  color: #c39f76;\n  text-decoration: none;\n  border: 1px solid rgba(195, 159, 118, 0.35);\n  padding: 8px 18px;\n  border-radius: 8px;\n  transition: all .2s ease;\n}\n.lk-stays-all-btn:hover {\n  background: rgba(195, 159, 118, 0.08);\n  border-color: rgba(195, 159, 118, 0.5);\n}\n\n\/* \u2500\u2500\u2500 RESPONSIVE \u2500\u2500\u2500 *\/\n@media (max-width: 600px) {\n  .lk-stays-grid { grid-template-columns: 1fr; }\n  .lk-stays-header { padding: 24px 20px; }\n  .lk-stays-footer { padding: 16px 20px; }\n  .lk-stay-card { padding: 22px; }\n  .lk-stays-title { font-size: 20px; }\n}\n<\/style>\n\n  <!-- HEADER -->\n  <div class=\"lk-stays-header\">\n    <img decoding=\"async\" src=\"https:\/\/loudavymkrokem.cz\/wp-content\/uploads\/2026\/02\/lukas-a-lucka.jpg\" alt=\"\" style=\"width: 75px; height: 75px; border-radius: 8px; flex-shrink: 0; object-fit: cover; display: block; margin: 4px 0;\" title=\"\">\n    <div class=\"lk-stays-header-text\">\n      <div class=\"lk-stays-eyebrow\">Luk\u00e1\u0161 ja Lucie suosittelevat<\/div>\n      <div class=\"lk-stays-title\">Miss\u00e4 y\u00f6py\u00e4 Vigossa<\/div>\n      <div class=\"lk-stays-subtitle\">3 majoitusta \u2014 wellness-hotellit, hotellit ja muut majoitusvaihtoehdot<\/div>\n    <\/div>\n  <\/div>\n\n  <!-- CARDS -->\n  <div class=\"lk-stays-grid\">\n\n    <a class=\"lk-stay-card featured\" href=\"https:\/\/www.stay22.com\/allez\/roam?aid=lukaskonecny&#038;campaign=loudavymkrokemcz&#038;campaign=fi&#038;campaign=vigospanelsko&#038;address=Vigo&#038;hotelname=NH+Collection+Vigo&#038;search=NH+Collection+Vigo&#038;category=accommodation\" target=\"_blank\" rel=\"nofollow noopener\">\n      <span class=\"lk-stay-badge badge-top\">\u2b50 HUIPPUVALINTA<\/span>\n      <span class=\"lk-stay-badge badge-nature\">\ud83c\udfe8 Hotelli<\/span>\n      <div class=\"lk-stay-name\">NH Collection Vigo<\/div>\n      <div class=\"lk-stay-desc\">Hotelli, joka tarjoaa t\u00e4ydellisen tasapainon modernin mukavuuden sek\u00e4 historiallisen keskustan ja sataman v\u00e4litt\u00f6m\u00e4n l\u00e4heisyyden v\u00e4lill\u00e4. Erinomainen l\u00e4ht\u00f6kohta kaupungin tutkimiseen.<\/div>\n      <div class=\"lk-stay-meta\">\n        <span class=\"lk-stay-stars\">\u2605\u2605\u2605\u2605<\/span>\n        <span class=\"lk-stay-price\">Tarkista hinnat<\/span>\n      <\/div>\n      <span class=\"lk-stay-cta\">\n        <svg width=\"14\" height=\"14\" viewBox=\"0 0 24 24\" fill=\"none\" stroke=\"currentColor\" stroke-width=\"2\"><path d=\"M18 13v6a2 2 0 0 1-2 2H5a2 2 0 0 1-2-2V8a2 2 0 0 1 2-2h6\"\/><polyline points=\"15 3 21 3 21 9\"\/><line x1=\"10\" y1=\"14\" x2=\"21\" y2=\"3\"\/><\/svg>\n        Tarkista saatavuus\n      <\/span>\n    <\/a>\n\n    <a class=\"lk-stay-card\" href=\"https:\/\/www.booking.com\/searchresults.html?ss=Hotel%20Pazo%20Los%20Escudos%20Spa%20Vigo&#038;aid=2397601\" target=\"_blank\" rel=\"nofollow noopener\">\n      <span class=\"lk-stay-badge badge-nature\">\u2b50 Luxury<\/span>\n      <div class=\"lk-stay-name\">Hotel Pazo Los Escudos Spa &#038; Resort<\/div>\n      <div class=\"lk-stay-desc\">Kauniisti kunnostettu perinteinen galicialainen kartano aivan meren rannalla. Ihanteellinen valinta ylelliseen oleskeluun historian vivahteella ja kylpyl\u00e4ll\u00e4.<\/div>\n      <div class=\"lk-stay-meta\">\n        <span class=\"lk-stay-stars\">\u2605\u2605\u2605\u2605<\/span>\n        <span class=\"lk-stay-price\">Tarkista hinnat<\/span>\n      <\/div>\n      <span class=\"lk-stay-cta\">\n        <svg width=\"14\" height=\"14\" viewBox=\"0 0 24 24\" fill=\"none\" stroke=\"currentColor\" stroke-width=\"2\"><path d=\"M18 13v6a2 2 0 0 1-2 2H5a2 2 0 0 1-2-2V8a2 2 0 0 1 2-2h6\"\/><polyline points=\"15 3 21 3 21 9\"\/><line x1=\"10\" y1=\"14\" x2=\"21\" y2=\"3\"\/><\/svg>\n        Tarkista saatavuus\n      <\/span>\n    <\/a>\n\n    <a class=\"lk-stay-card\" href=\"https:\/\/www.stay22.com\/allez\/roam?aid=lukaskonecny&#038;campaign=loudavymkrokemcz&#038;campaign=fi&#038;campaign=vigospanelsko&#038;address=vigo\" target=\"_blank\" rel=\"nofollow noopener\">\n      <span class=\"lk-stay-badge badge-nature\">\ud83d\udd0d Hae<\/span>\n      <div class=\"lk-stay-name\">N\u00e4yt\u00e4 kaikki majoitukset Vigossa<\/div>\n      <div class=\"lk-stay-desc\">Tutustu kaikkiin saatavilla oleviin majoitusvaihtoehtoihin Vigossa ja l\u00f6yd\u00e4 paras mieltymystesi ja budjettisi mukaan.<\/div>\n      <div class=\"lk-stay-meta\">\n        <span class=\"lk-stay-stars\">\u2605\u2605\u2605\u2605<\/span>\n        <span class=\"lk-stay-price\">Vertaa hintoja<\/span>\n      <\/div>\n      <span class=\"lk-stay-cta\">\n        <svg width=\"14\" height=\"14\" viewBox=\"0 0 24 24\" fill=\"none\" stroke=\"currentColor\" stroke-width=\"2\"><path d=\"M18 13v6a2 2 0 0 1-2 2H5a2 2 0 0 1-2-2V8a2 2 0 0 1 2-2h6\"\/><polyline points=\"15 3 21 3 21 9\"\/><line x1=\"10\" y1=\"14\" x2=\"21\" y2=\"3\"\/><\/svg>\n        Tarkista saatavuus\n      <\/span>\n    <\/a>\n\n  <\/div>\n\n  \n<\/div>\n\n\n\n\n<h3 class=\"wp-block-heading\"><span class=\"ez-toc-section\" id=\"8_Praza_da_Constitucion_-aukio\"><\/span>8. Praza da Constituci\u00f3n -aukio<span class=\"ez-toc-section-end\"><\/span><\/h3>\n\n\n\n<figure data-wp-context=\"{&quot;imageId&quot;:&quot;6a966eb4ba4f1&quot;}\" data-wp-interactive=\"core\/image\" data-wp-key=\"6a966eb4ba4f1\" class=\"wp-block-image size-full wp-lightbox-container\"><img decoding=\"async\" width=\"1920\" height=\"1440\" data-wp-class--hide=\"state.isContentHidden\" data-wp-class--show=\"state.isContentVisible\" data-wp-init=\"callbacks.setButtonStyles\" data-wp-on--click=\"actions.showLightbox\" data-wp-on--load=\"callbacks.setButtonStyles\" data-wp-on--pointerdown=\"actions.preloadImage\" data-wp-on--pointerenter=\"actions.preloadImageWithDelay\" data-wp-on--pointerleave=\"actions.cancelPreload\" data-wp-on-window--resize=\"callbacks.setButtonStyles\" src=\"https:\/\/loudavymkrokem.cz\/wp-content\/uploads\/2026\/05\/vigo-8.jpg\" alt=\"Praza da Constituci\u00f3n -aukio\" class=\"wp-image-182238\" title=\"\" srcset=\"https:\/\/loudavymkrokem.cz\/wp-content\/uploads\/2026\/05\/vigo-8.jpg 1920w, https:\/\/loudavymkrokem.cz\/wp-content\/uploads\/2026\/05\/vigo-8-300x225.jpg 300w, https:\/\/loudavymkrokem.cz\/wp-content\/uploads\/2026\/05\/vigo-8-700x525.jpg 700w, https:\/\/loudavymkrokem.cz\/wp-content\/uploads\/2026\/05\/vigo-8-768x576.jpg 768w, https:\/\/loudavymkrokem.cz\/wp-content\/uploads\/2026\/05\/vigo-8-1536x1152.jpg 1536w, https:\/\/loudavymkrokem.cz\/wp-content\/uploads\/2026\/05\/vigo-8-80x60.jpg 80w, https:\/\/loudavymkrokem.cz\/wp-content\/uploads\/2026\/05\/vigo-8-160x120.jpg 160w, https:\/\/loudavymkrokem.cz\/wp-content\/uploads\/2026\/05\/vigo-8-696x522.jpg 696w, https:\/\/loudavymkrokem.cz\/wp-content\/uploads\/2026\/05\/vigo-8-1392x1044.jpg 1392w\" sizes=\"(max-width: 1920px) 100vw, 1920px\" \/><button\n\t\t\tclass=\"lightbox-trigger\"\n\t\t\ttype=\"button\"\n\t\t\taria-haspopup=\"dialog\"\n\t\t\tdata-wp-bind--aria-label=\"state.thisImage.triggerButtonAriaLabel\"\n\t\t\tdata-wp-init=\"callbacks.initTriggerButton\"\n\t\t\tdata-wp-on--click=\"actions.showLightbox\"\n\t\t\tdata-wp-style--right=\"state.thisImage.buttonRight\"\n\t\t\tdata-wp-style--top=\"state.thisImage.buttonTop\"\n\t\t>\n\t\t\t<svg xmlns=\"http:\/\/www.w3.org\/2000\/svg\" width=\"12\" height=\"12\" fill=\"none\" viewBox=\"0 0 12 12\">\n\t\t\t\t<path fill=\"#fff\" d=\"M2 0a2 2 0 0 0-2 2v2h1.5V2a.5.5 0 0 1 .5-.5h2V0H2Zm2 10.5H2a.5.5 0 0 1-.5-.5V8H0v2a2 2 0 0 0 2 2h2v-1.5ZM8 12v-1.5h2a.5.5 0 0 0 .5-.5V8H12v2a2 2 0 0 1-2 2H8Zm2-12a2 2 0 0 1 2 2v2h-1.5V2a.5.5 0 0 0-.5-.5H8V0h2Z\" \/>\n\t\t\t<\/svg>\n\t\t<\/button><figcaption class=\"wp-element-caption\">Foto: Zarateman \/ Wikimedia Commons, CC0<\/figcaption><\/figure>\n\n\n\n<p class=\"wp-block-paragraph\">Jokaisella espanjalaisella kaupungilla on p\u00e4\u00e4aukionsa, ja Vigossa t\u00e4m\u00e4 vanhankaupungin sykkiv\u00e4 syd\u00e4n on kiistatta Praza da Constituci\u00f3n. T\u00e4t\u00e4 poikkeuksellisen valokuvauksellista pient\u00e4 aukiota reunustavat historialliset kivitalot tyypillisine lasitettuine parvekkeineen ja pylv\u00e4sk\u00e4yt\u00e4vineen, jotka aikoinaan tarjosivat torikauppiaille suojan galicialaisilta sateilta. Aivan aukion keskell\u00e4, paikalla jossa aikoinaan seisoi ensimm\u00e4inen kaupungintalo, l\u00f6yd\u00e4t nyky\u00e4\u00e4n <strong>tyylikk\u00e4it\u00e4 katulamppuja ja runsaasti terasseja<\/strong>.<\/p>\n\n\n\n<p class=\"wp-block-paragraph\">Aukio her\u00e4\u00e4 eloon erityisesti my\u00f6h\u00e4isin\u00e4 iltap\u00e4iv\u00e4- ja iltatunteina, kun se t\u00e4yttyy paikallisista, jotka suuntaavat t\u00e4nne lasilliselle ty\u00f6n j\u00e4lkeen, sek\u00e4 turisteista, jotka ihailevat historiallista arkkitehtuuria. Se on ihanteellinen paikka istahtaa johonkin monista kahviloista, tilata mainiota espanjalaista kahvia tai illan drinkki ja <strong>tarkkailla tuota tyypillist\u00e4 rentoa etel\u00e4ist\u00e4 vilin\u00e4\u00e4 ymp\u00e4rill\u00e4si<\/strong>. Aukiolta l\u00e4htev\u00e4t lis\u00e4ksi vanhankaupungin mielenkiintoisimmat kujat, joten se toimii sinulle loistavana orientaatiopisteen\u00e4.<\/p>\n\n\n\n<h3 class=\"wp-block-heading\"><span class=\"ez-toc-section\" id=\"9_Retki_Albarino-viinin_aarelle_Rias_Baixasin_alueelle\"><\/span>9. Retki Albari\u00f1o-viinin \u00e4\u00e4relle R\u00edas Baixasin alueelle<span class=\"ez-toc-section-end\"><\/span><\/h3>\n\n\n\n<figure data-wp-context=\"{&quot;imageId&quot;:&quot;6a966eb4baae6&quot;}\" data-wp-interactive=\"core\/image\" data-wp-key=\"6a966eb4baae6\" class=\"wp-block-image size-full wp-lightbox-container\"><img decoding=\"async\" width=\"1920\" height=\"1280\" data-wp-class--hide=\"state.isContentHidden\" data-wp-class--show=\"state.isContentVisible\" data-wp-init=\"callbacks.setButtonStyles\" data-wp-on--click=\"actions.showLightbox\" data-wp-on--load=\"callbacks.setButtonStyles\" data-wp-on--pointerdown=\"actions.preloadImage\" data-wp-on--pointerenter=\"actions.preloadImageWithDelay\" data-wp-on--pointerleave=\"actions.cancelPreload\" data-wp-on-window--resize=\"callbacks.setButtonStyles\" src=\"https:\/\/loudavymkrokem.cz\/wp-content\/uploads\/2026\/05\/vigo-9.jpg\" alt=\"Retki Albari\u00f1o-viinin \u00e4\u00e4relle R\u00edas Baixasin alueelle\" class=\"wp-image-182241\" title=\"\" srcset=\"https:\/\/loudavymkrokem.cz\/wp-content\/uploads\/2026\/05\/vigo-9.jpg 1920w, https:\/\/loudavymkrokem.cz\/wp-content\/uploads\/2026\/05\/vigo-9-300x200.jpg 300w, https:\/\/loudavymkrokem.cz\/wp-content\/uploads\/2026\/05\/vigo-9-700x467.jpg 700w, https:\/\/loudavymkrokem.cz\/wp-content\/uploads\/2026\/05\/vigo-9-768x512.jpg 768w, https:\/\/loudavymkrokem.cz\/wp-content\/uploads\/2026\/05\/vigo-9-1536x1024.jpg 1536w, https:\/\/loudavymkrokem.cz\/wp-content\/uploads\/2026\/05\/vigo-9-696x464.jpg 696w, https:\/\/loudavymkrokem.cz\/wp-content\/uploads\/2026\/05\/vigo-9-1392x928.jpg 1392w\" sizes=\"(max-width: 1920px) 100vw, 1920px\" \/><button\n\t\t\tclass=\"lightbox-trigger\"\n\t\t\ttype=\"button\"\n\t\t\taria-haspopup=\"dialog\"\n\t\t\tdata-wp-bind--aria-label=\"state.thisImage.triggerButtonAriaLabel\"\n\t\t\tdata-wp-init=\"callbacks.initTriggerButton\"\n\t\t\tdata-wp-on--click=\"actions.showLightbox\"\n\t\t\tdata-wp-style--right=\"state.thisImage.buttonRight\"\n\t\t\tdata-wp-style--top=\"state.thisImage.buttonTop\"\n\t\t>\n\t\t\t<svg xmlns=\"http:\/\/www.w3.org\/2000\/svg\" width=\"12\" height=\"12\" fill=\"none\" viewBox=\"0 0 12 12\">\n\t\t\t\t<path fill=\"#fff\" d=\"M2 0a2 2 0 0 0-2 2v2h1.5V2a.5.5 0 0 1 .5-.5h2V0H2Zm2 10.5H2a.5.5 0 0 1-.5-.5V8H0v2a2 2 0 0 0 2 2h2v-1.5ZM8 12v-1.5h2a.5.5 0 0 0 .5-.5V8H12v2a2 2 0 0 1-2 2H8Zm2-12a2 2 0 0 1 2 2v2h-1.5V2a.5.5 0 0 0-.5-.5H8V0h2Z\" \/>\n\t\t\t<\/svg>\n\t\t<\/button><figcaption class=\"wp-element-caption\">Foto: Re Fresh Vigo \/ Wikimedia Commons, CC BY-SA 3.0<\/figcaption><\/figure>\n\n\n\n<p class=\"wp-block-paragraph\">Galiciassa ei ole kyse vain valtamerest\u00e4 ja historiasta, vaan my\u00f6s mainiosta viinist\u00e4, jota t\u00e4\u00e4ll\u00e4 on viljelty jo Rooman valtakunnan ajoista. Vigo on loistava l\u00e4ht\u00f6kohta R\u00edas Baixasin viinialueen tutkimiseen, joka on tullut kuuluisaksi ymp\u00e4ri maailman mainion Albari\u00f1o-ryp\u00e4leen valkoviinin tuotannostaan. T\u00e4m\u00e4 raikas, mineraalinen valkoviini persikan ja sitrusten hienovaraisine s\u00e4vyineen t\u00e4ydent\u00e4\u00e4 t\u00e4ydellisesti paikallista gastronomiaa, ja <strong>sen keskus on idyllinen historiallinen pikkukaupunki Cambados<\/strong>, joka on vajaan tunnin ajomatkan p\u00e4\u00e4ss\u00e4.<\/p>\n\n\n\n<p class=\"wp-block-paragraph\">Ajellessasi galicialaista maaseutua viinitilojen suuntaan huomaat varmasti omituisia pylv\u00e4iden p\u00e4\u00e4ll\u00e4 olevia kivirakennuksia, jotka muistuttavat silmiinpist\u00e4v\u00e4sti pieni\u00e4 kapeita kappeleita. Kyseess\u00e4 ovat h\u00f3rreos, <strong>perinteiset galicialaiset viljavarastot<\/strong>, joiden korotettu rakenne litteine kivineen suojaa luotettavasti varastoidun sadon maakosteudelta ja n\u00e4lk\u00e4isilt\u00e4 jyrsij\u00f6ilt\u00e4. K\u00e4ynti jollakin paikallisista viinitiloista (bodegas) yhdistettyn\u00e4 maisteluun on el\u00e4mys, jota et Luoteis-Espanjassa todellakaan saisi j\u00e4tt\u00e4\u00e4 v\u00e4liin.<\/p>\n\n\n\n<h3 class=\"wp-block-heading\"><span class=\"ez-toc-section\" id=\"10_Dinoseto_ja_kaupungin_modernit_kasvot\"><\/span>10. Dinoseto ja kaupungin modernit kasvot<span class=\"ez-toc-section-end\"><\/span><\/h3>\n\n\n\n<figure data-wp-context=\"{&quot;imageId&quot;:&quot;6a966eb4bb168&quot;}\" data-wp-interactive=\"core\/image\" data-wp-key=\"6a966eb4bb168\" class=\"wp-block-image size-full wp-lightbox-container\"><img decoding=\"async\" width=\"1366\" height=\"2048\" data-wp-class--hide=\"state.isContentHidden\" data-wp-class--show=\"state.isContentVisible\" data-wp-init=\"callbacks.setButtonStyles\" data-wp-on--click=\"actions.showLightbox\" data-wp-on--load=\"callbacks.setButtonStyles\" data-wp-on--pointerdown=\"actions.preloadImage\" data-wp-on--pointerenter=\"actions.preloadImageWithDelay\" data-wp-on--pointerleave=\"actions.cancelPreload\" data-wp-on-window--resize=\"callbacks.setButtonStyles\" src=\"https:\/\/loudavymkrokem.cz\/wp-content\/uploads\/2026\/05\/vigo-10-scaled.jpg\" alt=\"Dinoseto ja kaupungin modernit kasvot\" class=\"wp-image-182243\" title=\"\" srcset=\"https:\/\/loudavymkrokem.cz\/wp-content\/uploads\/2026\/05\/vigo-10-scaled.jpg 1366w, https:\/\/loudavymkrokem.cz\/wp-content\/uploads\/2026\/05\/vigo-10-200x300.jpg 200w, https:\/\/loudavymkrokem.cz\/wp-content\/uploads\/2026\/05\/vigo-10-700x1050.jpg 700w, https:\/\/loudavymkrokem.cz\/wp-content\/uploads\/2026\/05\/vigo-10-768x1152.jpg 768w, https:\/\/loudavymkrokem.cz\/wp-content\/uploads\/2026\/05\/vigo-10-1024x1536.jpg 1024w, https:\/\/loudavymkrokem.cz\/wp-content\/uploads\/2026\/05\/vigo-10-1392x2088.jpg 1365w, https:\/\/loudavymkrokem.cz\/wp-content\/uploads\/2026\/05\/vigo-10-696x1044.jpg 696w\" sizes=\"(max-width: 1366px) 100vw, 1366px\" \/><button\n\t\t\tclass=\"lightbox-trigger\"\n\t\t\ttype=\"button\"\n\t\t\taria-haspopup=\"dialog\"\n\t\t\tdata-wp-bind--aria-label=\"state.thisImage.triggerButtonAriaLabel\"\n\t\t\tdata-wp-init=\"callbacks.initTriggerButton\"\n\t\t\tdata-wp-on--click=\"actions.showLightbox\"\n\t\t\tdata-wp-style--right=\"state.thisImage.buttonRight\"\n\t\t\tdata-wp-style--top=\"state.thisImage.buttonTop\"\n\t\t>\n\t\t\t<svg xmlns=\"http:\/\/www.w3.org\/2000\/svg\" width=\"12\" height=\"12\" fill=\"none\" viewBox=\"0 0 12 12\">\n\t\t\t\t<path fill=\"#fff\" d=\"M2 0a2 2 0 0 0-2 2v2h1.5V2a.5.5 0 0 1 .5-.5h2V0H2Zm2 10.5H2a.5.5 0 0 1-.5-.5V8H0v2a2 2 0 0 0 2 2h2v-1.5ZM8 12v-1.5h2a.5.5 0 0 0 .5-.5V8H12v2a2 2 0 0 1-2 2H8Zm2-12a2 2 0 0 1 2 2v2h-1.5V2a.5.5 0 0 0-.5-.5H8V0h2Z\" \/>\n\t\t\t<\/svg>\n\t\t<\/button><figcaption class=\"wp-element-caption\">Foto: Roi Gonz\u00e1lez Villa (Vivaelcelta) \/ Wikimedia Commons, CC BY-SA 4.0<\/figcaption><\/figure>\n\n\n\n<p class=\"wp-block-paragraph\">Vigo osaa olla my\u00f6s hyvin hauska eik\u00e4 aina ota itse\u00e4\u00e4n niin t\u00e4ydellisen vakavasti, mit\u00e4 todistaa yksi kaupungin oudoimmista symboleista viime vuosina. Praza da Princesa -aukiolla t\u00f6rm\u00e4\u00e4t Dinosetoon, joka on <strong>valtava tyrannosaurus rexin muotoon taidokkaasti leikattu pensas<\/strong>. Alun perin sen piti olla vain v\u00e4liaikainen installaatio, mutta paikalliset ihastuivat t\u00e4h\u00e4n vihre\u00e4\u00e4n dinosaurukseen niin paljon, ett\u00e4 siit\u00e4 tuli erottamaton osa kaupunkia, ja nyky\u00e4\u00e4n sen luota l\u00f6ytyy jopa pieni dinosauruksen muna poikasineen. Kuva Dinoseton kanssa on nyky\u00e4\u00e4n turisteille l\u00e4hes yht\u00e4 pakollinen kuin k\u00e4ynti katedraalissa.<\/p>\n\n\n\n<p class=\"wp-block-paragraph\">Vihreiden dinosaurusten lis\u00e4ksi kaupunki voi ylpeill\u00e4 rikkaalla modernin taiteen ja arkkitehtuurin skenell\u00e4, joka kontrastoi jyrk\u00e4sti vanhaa graniittirakennuskantaa vasten. Jos olet kiinnostunut taiteesta, suuntaa MARCO-rakennukselle (Museo de Arte Contempor\u00e1nea de Vigo), joka syntyi entisen kaupunginvankilan upeasta muutosty\u00f6st\u00e4. Nyky\u00e4\u00e4n t\u00e4m\u00e4 valoisa tila <strong>is\u00e4nn\u00f6i huippuluokan n\u00e4yttelyit\u00e4 nykyaikaisilta espanjalaisilta ja kansainv\u00e4lisilt\u00e4 taiteilijoilta<\/strong>, ja lis\u00e4ksi se sijaitsee aivan p\u00e4\u00e4ostoskadun varrella, joten yhdist\u00e4t sen k\u00e4ynnin helposti keskustak\u00e4velyyn.<\/p>\n\n\n\n<h3 class=\"wp-block-heading\"><span class=\"ez-toc-section\" id=\"11_Ostoskatu_Rua_do_Principe\"><\/span>11. Ostoskatu R\u00faa do Pr\u00edncipe<span class=\"ez-toc-section-end\"><\/span><\/h3>\n\n\n\n<p class=\"wp-block-paragraph\">Kun historialliset n\u00e4ht\u00e4vyydet alkavat kyll\u00e4stytt\u00e4\u00e4 ja saat halun tuulettaa hieman lompakkoasi, askeleesi tulisi suunnata R\u00faa do Pr\u00edncipe -kadulle. T\u00e4m\u00e4 leve\u00e4, t\u00e4ysin k\u00e4velykatu on <strong>koko Vigon p\u00e4\u00e4ostoskatu<\/strong>, ja se ulottuu Porta do Sol -aukiolta aina MARCO-museolle asti. Katu sai nimens\u00e4 kuningatar Isabella II:n pojan kunniaksi, ja jo 1800-luvulta l\u00e4htien se on ollut kaupungin arvostetuin osoite, jossa ylellisyys kohtaa paikallisten asukkaiden arjen.<\/p>\n\n\n\n<p class=\"wp-block-paragraph\">L\u00f6yd\u00e4t sielt\u00e4 kaikkien tunnettujen espanjalaisten ja maailmanlaajuisten muotimerkkien liikkeet, elegantit korukaupat sek\u00e4 liikkeit\u00e4 perinteisill\u00e4 paikallistuotteilla ja k\u00e4sity\u00f6tuotteilla. R\u00faa do Pr\u00edncipe ei kuitenkaan ole vain ostoksista, se on my\u00f6s <strong>p\u00e4\u00e4korso, jonne paikalliset tulevat iltap\u00e4iv\u00e4ll\u00e4 k\u00e4velem\u00e4\u00e4n<\/strong>, tapaamaan tuttuja ja kuuntelemaan katumuusikoita. Erityisen taianomainen t\u00e4m\u00e4 katu on joulun aikaan, kun sit\u00e4 koristavat aivan mahtavat valoinstallaatiot, joiden ansiosta Vigosta on viime vuosina tullut yksi Espanjan vierailluimmista talvikaupungeista.<\/p>\n\n\n\n<h3 class=\"wp-block-heading\"><span class=\"ez-toc-section\" id=\"12_Retki_Santiago_de_Compostelaan\"><\/span>12. Retki Santiago de Compostelaan<span class=\"ez-toc-section-end\"><\/span><\/h3>\n\n\n\n<p class=\"wp-block-paragraph\">Olla Galiciassa ja j\u00e4tt\u00e4\u00e4 k\u00e4ym\u00e4tt\u00e4 Santiago de Compostelassa olisi synti, varsinkin kun sinne p\u00e4\u00e4set Vigosta junalla tai autolla vajaassa tunnissa. Kaikki tiet t\u00e4ss\u00e4 pyh\u00e4ss\u00e4 kaupungissa viev\u00e4t valtavalle Praza do Obradoiro -aukiolle, jonne <strong>saapuu joka p\u00e4iv\u00e4 satoja uupuneita mutta onnellisia pyhiinvaeltajia<\/strong> matkansa p\u00e4\u00e4tteeksi. Monet heist\u00e4 nojaavat vaellussauvoihin eiv\u00e4tk\u00e4 salaa liikutuksen kyyneleit\u00e4 paikallisen katedraalin monumentaalisen barokkijulkisivun edess\u00e4, joka vuosisatojen perinteen mukaan k\u00e4tkee p\u00e4\u00e4alttarin alla olevaan kryptaan apostoli Jaakob vanhemman j\u00e4\u00e4nn\u00f6kset.<\/p>\n\n\n\n<p class=\"wp-block-paragraph\">Santiagon koko historiallinen keskusta, joka on merkitty UNESCOn listalle, on uskomaton graniittiarkadien, kapeiden kujien ja vanhojen luostareiden sokkelo. Sinua kiinnostanee, ett\u00e4 <strong>vuosi 2027 on niin sanottu Pyh\u00e4 vuosi (Ano Xacobeo)<\/strong>, joka koittaa, kun pyh\u00e4n Jaakobin juhla osuu sunnuntaille. Pyh\u00e4n vuoden aikana k\u00e4vij\u00e4m\u00e4\u00e4r\u00e4 nousee 50\u201380 %, joten vuosi 2026 tarjoutuu ihanteelliseksi ikkunaksi vierailulle, jolloin koet aidon tunnelman juuri ennen kuin alue t\u00e4yttyy juhlavuoteen ja Pyh\u00e4n portin avaamiseen liittyvist\u00e4 \u00e4\u00e4rimm\u00e4isist\u00e4 joukoista.<\/p>\n\n\n\n<h3 class=\"wp-block-heading\"><span class=\"ez-toc-section\" id=\"13_Pysahdys_Praia_do_Vao_-rannalla\"><\/span>13. Pys\u00e4hdys Praia do Vao -rannalla<span class=\"ez-toc-section-end\"><\/span><\/h3>\n\n\n\n<p class=\"wp-block-paragraph\">Jos p\u00e4\u00e4ranta Samil on sinulle liian t\u00e4ynn\u00e4 ja vilkas, riitt\u00e4\u00e4 kun siirryt vain hieman pidemm\u00e4lle rannikkoa pitkin ja l\u00f6yd\u00e4t Praia do Vaon. T\u00e4m\u00e4 ranta on huomattavasti rauhallisempi, <strong>sit\u00e4 suosivat erityisesti paikalliset perheet ja nuoret vigolaiset<\/strong>, jotka arvostavat enemm\u00e4n rentoutta ja tilaa hiekalla. Ranta tarjoaa yht\u00e4 upeaa valkoista hiekkaa ja kristallinkirkasta vett\u00e4 kuin Samil, mutta t\u00e4\u00e4lt\u00e4 puuttuu tuo massiivinen kaupallisuuden betonirengas, mik\u00e4 antaa sille paljon luonnollisemman ilmeen.<\/p>\n\n\n\n<p class=\"wp-block-paragraph\">T\u00e4m\u00e4n rannan mielenkiintoinen piirre on, ett\u00e4 silt\u00e4 johtaa silta pienelle yksityiselle Toralla-saarelle, jota hallitsee valtava korkea rakennus, joka on viel\u00e4 t\u00e4n\u00e4kin p\u00e4iv\u00e4n\u00e4 paikallisten asukkaiden arkkitehtonisten ja poliittisten kiistojen kohteena. Praia do Vao on <strong>ihanteellinen paikka pitkille k\u00e4velyille laskuveden aikaan<\/strong>, jolloin merenpohjaa paljastuu iso pala ja voit tarkkailla pieni\u00e4 rapuja ja ker\u00e4t\u00e4 maalle huuhtoutuneita simpukoita. Lis\u00e4ksi sen aivan v\u00e4litt\u00f6m\u00e4ss\u00e4 l\u00e4heisyydess\u00e4 sijaitsee pieni mutta mielenkiintoinen arkeologinen kohde Villa Romana de Toralla, joka paljastaa, miten muinaiset roomalaiset t\u00e4\u00e4ll\u00e4 eliv\u00e4t.<\/p>\n\n\n\n<h3 class=\"wp-block-heading\"><span class=\"ez-toc-section\" id=\"14_Majakka_ja_Museo_del_Mar_de_Galicia\"><\/span>14. Majakka ja Museo del Mar de Galicia<span class=\"ez-toc-section-end\"><\/span><\/h3>\n\n\n\n<figure data-wp-context=\"{&quot;imageId&quot;:&quot;6a966eb4bbb15&quot;}\" data-wp-interactive=\"core\/image\" data-wp-key=\"6a966eb4bbb15\" class=\"wp-block-image size-full wp-lightbox-container\"><img decoding=\"async\" width=\"1366\" height=\"2048\" data-wp-class--hide=\"state.isContentHidden\" data-wp-class--show=\"state.isContentVisible\" data-wp-init=\"callbacks.setButtonStyles\" data-wp-on--click=\"actions.showLightbox\" data-wp-on--load=\"callbacks.setButtonStyles\" data-wp-on--pointerdown=\"actions.preloadImage\" data-wp-on--pointerenter=\"actions.preloadImageWithDelay\" data-wp-on--pointerleave=\"actions.cancelPreload\" data-wp-on-window--resize=\"callbacks.setButtonStyles\" src=\"https:\/\/loudavymkrokem.cz\/wp-content\/uploads\/2026\/05\/vigo-14-scaled.jpg\" alt=\"Majakka ja Museo del Mar de Galicia\" class=\"wp-image-182245\" title=\"\" srcset=\"https:\/\/loudavymkrokem.cz\/wp-content\/uploads\/2026\/05\/vigo-14-scaled.jpg 1366w, https:\/\/loudavymkrokem.cz\/wp-content\/uploads\/2026\/05\/vigo-14-200x300.jpg 200w, https:\/\/loudavymkrokem.cz\/wp-content\/uploads\/2026\/05\/vigo-14-700x1050.jpg 700w, https:\/\/loudavymkrokem.cz\/wp-content\/uploads\/2026\/05\/vigo-14-768x1152.jpg 768w, https:\/\/loudavymkrokem.cz\/wp-content\/uploads\/2026\/05\/vigo-14-1024x1536.jpg 1024w, https:\/\/loudavymkrokem.cz\/wp-content\/uploads\/2026\/05\/vigo-14-1392x2088.jpg 1365w, https:\/\/loudavymkrokem.cz\/wp-content\/uploads\/2026\/05\/vigo-14-696x1044.jpg 696w\" sizes=\"(max-width: 1366px) 100vw, 1366px\" \/><button\n\t\t\tclass=\"lightbox-trigger\"\n\t\t\ttype=\"button\"\n\t\t\taria-haspopup=\"dialog\"\n\t\t\tdata-wp-bind--aria-label=\"state.thisImage.triggerButtonAriaLabel\"\n\t\t\tdata-wp-init=\"callbacks.initTriggerButton\"\n\t\t\tdata-wp-on--click=\"actions.showLightbox\"\n\t\t\tdata-wp-style--right=\"state.thisImage.buttonRight\"\n\t\t\tdata-wp-style--top=\"state.thisImage.buttonTop\"\n\t\t>\n\t\t\t<svg xmlns=\"http:\/\/www.w3.org\/2000\/svg\" width=\"12\" height=\"12\" fill=\"none\" viewBox=\"0 0 12 12\">\n\t\t\t\t<path fill=\"#fff\" d=\"M2 0a2 2 0 0 0-2 2v2h1.5V2a.5.5 0 0 1 .5-.5h2V0H2Zm2 10.5H2a.5.5 0 0 1-.5-.5V8H0v2a2 2 0 0 0 2 2h2v-1.5ZM8 12v-1.5h2a.5.5 0 0 0 .5-.5V8H12v2a2 2 0 0 1-2 2H8Zm2-12a2 2 0 0 1 2 2v2h-1.5V2a.5.5 0 0 0-.5-.5H8V0h2Z\" \/>\n\t\t\t<\/svg>\n\t\t<\/button><figcaption class=\"wp-element-caption\">Foto: Luis Miguel Bugallo S\u00e1nchez (Lmbuga) \/ Wikimedia Commons, CC BY-SA 4.0<\/figcaption><\/figure>\n\n\n\n<p class=\"wp-block-paragraph\">Kun kuljeksit rannikkoa pitkin kaupungin laidalla, \u00e4l\u00e4 miss\u00e4\u00e4n tapauksessa j\u00e4t\u00e4 v\u00e4liin k\u00e4ynti\u00e4 Galician merimuseossa (Museo del Mar de Galicia). Jo itse museorakennus, jonka suunnitteli kuuluisa arkkitehti Aldo Rossi ja jonka viimeisteli C\u00e9sar Portela, on kiehtova arkkitehtoninen kappale, joka rakennettiin vanhan kalanjalostustehtaan j\u00e4\u00e4nn\u00f6sten p\u00e4\u00e4lle. Sis\u00e4ll\u00e4 olevat n\u00e4yttelyt ovat moderneja, interaktiivisia ja <strong>selitt\u00e4v\u00e4t loistavasti Galician syv\u00e4\u00e4 yhteytt\u00e4 valtamereen<\/strong>, kalastuksen historiasta merisotiin ja lahteen upotettuihin laivanhylkyihin.<\/p>\n\n\n\n<p class=\"wp-block-paragraph\">Osa kompleksia on my\u00f6s pienempi akvaario, joka esittelee paikallista meren el\u00e4imist\u00f6\u00e4 ja kasvistoa, mutta koko museon valokuvauksellisin elementti on sen ulkopuoli. Pitk\u00e4 kauas mereen ulottuva laituri p\u00e4\u00e4ttyy moderniin majakkaan, ja <strong>k\u00e4vely t\u00e4t\u00e4 laituria pitkin kovassa tuulessa<\/strong> on \u00e4\u00e4rimm\u00e4isen virkist\u00e4v\u00e4 el\u00e4mys. Sielt\u00e4 avautuvat jotkin parhaista uudenlaisista n\u00e4kymist\u00e4 itse Vigon kaupunkiin, ymp\u00e4r\u00f6iviin kallioihin ja v\u00e4ist\u00e4m\u00e4tt\u00e4 my\u00f6s l\u00e4hell\u00e4 olevien C\u00edes-saarten siluettiin.<\/p>\n\n\n\n<h2 class=\"wp-block-heading\"><span class=\"ez-toc-section\" id=\"Minne_jatkaa_Vigosta\"><\/span>Minne jatkaa Vigosta<span class=\"ez-toc-section-end\"><\/span><\/h2>\n\n\n\n<p class=\"wp-block-paragraph\">Galicia on tosin upea, mutta syrj\u00e4inen. Jos matkustat Espanjassa pidemp\u00e4\u00e4n, sinulla on Vigosta loistavat mahdollisuudet jatkaa Iberian niemimaan tutkimista, joko lentokoneella (Vigolla on oma lentokentt\u00e4) tai luotijunalla.<\/p>\n\n\n\n<ul class=\"wp-block-list\">\n<li>  <strong><a href=\"https:\/\/loudavymkrokem.cz\/fi\/santiago-de-compostela-espanja\/\">Santiago de Compostela<\/a><\/strong> \u2013 Kuten jo mainitsimme, t\u00e4m\u00e4 maaginen pyhiinvaelluskaupunki henke\u00e4salpaavine katedraaleineen on Vigosta vain vajaan tunnin matkan p\u00e4\u00e4ss\u00e4 ja sen vierailu on aivan ehdotonta.<\/li>\n<li>  <strong><a href=\"https:\/\/loudavymkrokem.cz\/fi\/madrid-espanja-nahtavyydet\/\">Madrid<\/a><\/strong> \u2013 \u00c4skett\u00e4in k\u00e4ytt\u00f6\u00f6n otetun AVE-luotijunayhteyden ansiosta p\u00e4\u00e4set Vigosta sykkiv\u00e4\u00e4n p\u00e4\u00e4kaupunkiin hieman yli 4 tunnissa, mik\u00e4 tekee siit\u00e4 loistavan seuraavan kohdan matkasuunnitelmaasi.<\/li>\n<li>  <strong><a href=\"https:\/\/loudavymkrokem.cz\/fi\/barcelona-espanja-nahtavyydet\/\">Barcelona<\/a><\/strong> \u2013 Jos vaihdat kylm\u00e4n Atlantin l\u00e4mpim\u00e4\u00e4n V\u00e4limereen, voit lent\u00e4\u00e4 katalonialaiseen metropoliin suoralla lennolla ja nauttia Gaud\u00edn arkkitehtuurista.<\/li>\n<li>  <strong><a href=\"https:\/\/loudavymkrokem.cz\/fi\/espanja-ruoka-maistettavat\/\">Tyypillinen espanjalainen ruoka<\/a><\/strong> \u2013 Jos sinua kiinnostaa, mit\u00e4 muita herkkuja (olipa kyse kasvistapaksista, tortillasta tai juustoista) voit matkoillasi maan halki maistaa, tutustu gastro-oppaaseemme.<\/li>\n<\/ul>\n\n\n\n<h2 class=\"wp-block-heading\"><span class=\"ez-toc-section\" id=\"Usein_kysytyt_kysymykset\"><\/span>Usein kysytyt kysymykset<span class=\"ez-toc-section-end\"><\/span><\/h2>\n\n\n<div id=\"rank-math-faq\" class=\"rank-math-block\">\n<div class=\"rank-math-list \">\n<div id=\"faq-question-1780212982000\" class=\"rank-math-list-item\">\n<h3 class=\"rank-math-question \"><span class=\"ez-toc-section\" id=\"Miten_paasen_Ciesin_saarille\"><\/span>Miten p\u00e4\u00e4sen C\u00edesin saarille?<span class=\"ez-toc-section-end\"><\/span><\/h3>\n<div class=\"rank-math-answer \">\n\n<p>Saarille p\u00e4\u00e4see ainoastaan lautalla Vigon, Cangasin tai Baionan satamasta (matka kest\u00e4\u00e4 noin 40 minuuttia). Ennen kuin ostat lipun, sinun on kuitenkin hankittava maksuton virallinen lupa Galician hallitukselta (Xunta de Galicia) tietylle p\u00e4iv\u00e4lle, koska p\u00e4ivitt\u00e4inen k\u00e4vij\u00e4m\u00e4\u00e4r\u00e4 on tiukasti rajoitettu noin 2000 henkil\u00f6\u00f6n.<\/p>\n\n<\/div>\n<\/div>\n<div id=\"faq-question-1780212982001\" class=\"rank-math-list-item\">\n<h3 class=\"rank-math-question \"><span class=\"ez-toc-section\" id=\"Onko_valtameren_vesi_Vigon_edustalla_todella_niin_kylmaa\"><\/span>Onko valtameren vesi Vigon edustalla todella niin kylm\u00e4\u00e4?<span class=\"ez-toc-section-end\"><\/span><\/h3>\n<div class=\"rank-math-answer \">\n\n<p>Kyll\u00e4, jopa l\u00e4mpimimpin\u00e4 kes\u00e4kuukausina Atlantin veden l\u00e4mp\u00f6tila Vigon edustalla on yleens\u00e4 15\u201318 celsiusastetta. Uiminen on siis todella enemm\u00e4n viilentelyn ja kuumien p\u00e4ivien virkistyksen paikka, eik\u00e4 sit\u00e4 voi verrata Andalusian l\u00e4mpimiin vesiin.<\/p>\n\n<\/div>\n<\/div>\n<div id=\"faq-question-1780212982002\" class=\"rank-math-list-item\">\n<h3 class=\"rank-math-question \"><span class=\"ez-toc-section\" id=\"Kuinka_monta_paivaa_tarvitsen_Vigon_vierailuun\"><\/span>Kuinka monta p\u00e4iv\u00e4\u00e4 tarvitsen Vigon vierailuun?<span class=\"ez-toc-section-end\"><\/span><\/h3>\n<div class=\"rank-math-answer \">\n\n<p>Itse kaupunkiin, sen historialliseen keskustaan, Monte do Castroon ja rantakaduille riitt\u00e4\u00e4 hyvin yksi kokonainen p\u00e4iv\u00e4. Varaa kuitenkin ehdottomasti toinen kokonainen p\u00e4iv\u00e4 retkelle C\u00edesin saarille ja mielell\u00e4\u00e4n my\u00f6s kolmas p\u00e4iv\u00e4 R\u00edas Baixasin l\u00e4hikylien tai l\u00e4heisen Santiagon tutkimiseen.<\/p>\n\n<\/div>\n<\/div>\n<div id=\"faq-question-1780212982003\" class=\"rank-math-list-item\">\n<h3 class=\"rank-math-question \"><span class=\"ez-toc-section\" id=\"Parjaako_Vigossa_englannilla\"><\/span>P\u00e4rj\u00e4\u00e4k\u00f6 Vigossa englannilla?<span class=\"ez-toc-section-end\"><\/span><\/h3>\n<div class=\"rank-math-answer \">\n\n<p>Turistikeskuksissa, hotelleissa ja suuremmissa ravintoloissa p\u00e4rj\u00e4\u00e4t englannilla ilman suurempia ongelmia. Vigo ei kuitenkaan ole yht\u00e4 kansainv\u00e4lisen massaturismin kohteena kuin Barcelona tai Etel\u00e4-Espanja, joten pienemmiss\u00e4 ravintoloissa ja toreilla ainakin perustason espanjan (tai galician) kielitaito auttaa paljon.<\/p>\n\n<\/div>\n<\/div>\n<div id=\"faq-question-1780212982004\" class=\"rank-math-list-item\">\n<h3 class=\"rank-math-question \"><span class=\"ez-toc-section\" id=\"Onko_Vigo_turvallinen_kaupunki\"><\/span>Onko Vigo turvallinen kaupunki?<span class=\"ez-toc-section-end\"><\/span><\/h3>\n<div class=\"rank-math-answer \">\n\n<p>Vigo on yksi Espanjan turvallisimmista kaupungeista ja rikollisuus on v\u00e4h\u00e4ist\u00e4. Voit k\u00e4vell\u00e4 t\u00e4\u00e4ll\u00e4 pime\u00e4ll\u00e4kin huoletta, ainoastaan vilkkailla turistialueilla (esim. kauppatori, Casco Vello, satama) kannattaa pit\u00e4\u00e4 silm\u00e4ll\u00e4 henkil\u00f6kohtaisia tavaroitaan mahdollisten taskuvarkaiden varalta, kuten jokaisessa suuremmassa kaupungissa.<\/p>\n\n<\/div>\n<\/div>\n<div id=\"faq-question-1780212982005\" class=\"rank-math-list-item\">\n<h3 class=\"rank-math-question \"><span class=\"ez-toc-section\" id=\"Missa_on_paras_pysakoida_jos_saavun_autolla\"><\/span>Miss\u00e4 on paras pys\u00e4k\u00f6id\u00e4, jos saavun autolla?<span class=\"ez-toc-section-end\"><\/span><\/h3>\n<div class=\"rank-math-answer \">\n\n<p>Vigo on hyvin m\u00e4kinen ja pys\u00e4k\u00f6inti historiallisen keskustan kadulla on l\u00e4hes mahdotonta. Paras vaihtoehto on k\u00e4ytt\u00e4\u00e4 maksullisia maanalaisia pys\u00e4k\u00f6intihalleja, joita keskustassa on runsaasti (esim. Parking Rosal\u00eda de Castro tai ostoskeskus A Laxen alla). Laske hinnaksi noin 15\u201320 euroa p\u00e4iv\u00e4ss\u00e4.<\/p>\n\n<\/div>\n<\/div>\n<div id=\"faq-question-1780212982006\" class=\"rank-math-list-item\">\n<h3 class=\"rank-math-question \"><span class=\"ez-toc-section\" id=\"Milloin_kaupungin_tarkeimmat_juhlat_jarjestetaan\"><\/span>Milloin kaupungin t\u00e4rkeimm\u00e4t juhlat j\u00e4rjestet\u00e4\u00e4n?<span class=\"ez-toc-section-end\"><\/span><\/h3>\n<div class=\"rank-math-answer \">\n\n<p>Vigon suurin juhla on niin kutsuttu Reconquista, jota vietet\u00e4\u00e4n vuosittain 28. maaliskuuta. Koko historiallinen keskusta muuttuu silloin, ihmiset pukeutuvat 1800-luvun aikakausipukuihin, kadut ovat t\u00e4ynn\u00e4 markkinoita, musiikkia ja ruokaa, ja j\u00e4rjestet\u00e4\u00e4n historiallinen n\u00e4ytelm\u00e4 ranskalaisjoukkojen karkottamisesta kaupungista.<\/p>\n\n<\/div>\n<\/div>\n<div id=\"faq-question-1780212982007\" class=\"rank-math-list-item\">\n<h3 class=\"rank-math-question \"><span class=\"ez-toc-section\" id=\"Miten_liikkua_itse_kaupungissa\"><\/span>Miten liikkua itse kaupungissa?<span class=\"ez-toc-section-end\"><\/span><\/h3>\n<div class=\"rank-math-answer \">\n\n<p>Kaupungin keskusta ja Casco Vello voi k\u00e4vell\u00e4 ongelmitta jalkaisin, vaikka joudutkin hikoilemaan jyrkimpien kukkuloiden vuoksi (kaupunki on viime vuosina asentanut jyrkimpiin katuihin liukuportaita). Kauempana sijaitseville rannoille, kuten Samiliin, p\u00e4\u00e4set helposti luotettavilla kaupunkibusseilla (yhti\u00f6 Vitrasa), lipun ostaa suoraan kuljettajalta.<\/p>\n\n<\/div>\n<\/div>\n<\/div>\n<\/div>","protected":false},"excerpt":{"rendered":"<p>Tutustu galicialaiseen Vigoon \u2014 satamakaupunkiin t\u00e4ynn\u00e4 historiallisia kujia, karua Atlantin rannikkoa ja ennen kaikkea p\u00e4\u00e4porttiin paratiisimaisten C\u00edes-saarten koskemattomille rannoille.<\/p>\n","protected":false},"author":3,"featured_media":182221,"comment_status":"open","ping_status":"open","sticky":false,"template":"","format":"standard","meta":{"_acf_changed":false,"footnotes":"","rank_math_title":"Vigo Espanja: 14 vinkki\u00e4 ja portti C\u00edes-saarille","rank_math_description":"Vigo Espanja on portti paratiisimaisille C\u00edes-saarille. Tutustu 14 parhaaseen n\u00e4ht\u00e4vyyteen, rantoihin ja gastronomiaan \u2014 suunnittele matkasi nyt!","rank_math_focus_keyword":"vigo espanja","rank_math_seo_score":""},"categories":[2211,2129,2123,2189],"tags":[],"class_list":["post-324101","post","type-post","status-publish","format-standard","has-post-thumbnail","category-espanja","category-eurooppa","category-pohjois-espanja"],"acf":[],"featured_image_src":"https:\/\/loudavymkrokem.cz\/wp-content\/uploads\/2026\/05\/vigo-hero2.jpg","author_info":{"display_name":"Lucie Kone\u010dn\u00e1","author_link":"https:\/\/loudavymkrokem.cz\/fi\/author\/lucie-konecna\/"},"_links":{"self":[{"href":"https:\/\/loudavymkrokem.cz\/fi\/wp-json\/wp\/v2\/posts\/324101","targetHints":{"allow":["GET"]}}],"collection":[{"href":"https:\/\/loudavymkrokem.cz\/fi\/wp-json\/wp\/v2\/posts"}],"about":[{"href":"https:\/\/loudavymkrokem.cz\/fi\/wp-json\/wp\/v2\/types\/post"}],"author":[{"embeddable":true,"href":"https:\/\/loudavymkrokem.cz\/fi\/wp-json\/wp\/v2\/users\/3"}],"replies":[{"embeddable":true,"href":"https:\/\/loudavymkrokem.cz\/fi\/wp-json\/wp\/v2\/comments?post=324101"}],"version-history":[{"count":0,"href":"https:\/\/loudavymkrokem.cz\/fi\/wp-json\/wp\/v2\/posts\/324101\/revisions"}],"wp:featuredmedia":[{"embeddable":true,"href":"https:\/\/loudavymkrokem.cz\/fi\/wp-json\/wp\/v2\/media\/182221"}],"wp:attachment":[{"href":"https:\/\/loudavymkrokem.cz\/fi\/wp-json\/wp\/v2\/media?parent=324101"}],"wp:term":[{"taxonomy":"category","embeddable":true,"href":"https:\/\/loudavymkrokem.cz\/fi\/wp-json\/wp\/v2\/categories?post=324101"},{"taxonomy":"post_tag","embeddable":true,"href":"https:\/\/loudavymkrokem.cz\/fi\/wp-json\/wp\/v2\/tags?post=324101"}],"curies":[{"name":"wp","href":"https:\/\/api.w.org\/{rel}","templated":true}]}}