{"id":323439,"date":"2026-06-12T02:00:00","date_gmt":"2026-06-12T00:00:00","guid":{"rendered":"https:\/\/loudavymkrokem.cz\/vis-kroatia-saari\/"},"modified":"2026-08-27T10:40:48","modified_gmt":"2026-08-27T08:40:48","slug":"vis-kroatia-saari","status":"publish","type":"post","link":"https:\/\/loudavymkrokem.cz\/fi\/vis-kroatia-saari\/","title":{"rendered":"Vis, Kroatia: 11 vinkki\u00e4 + Sininen luola vuonna 2026"},"content":{"rendered":"\n<!-- lk-tldr -->\n<div class=\"lk-tldr\" style=\"background:#f7f5f0;border-left:4px solid #c39f76;border-radius:0 10px 10px 0;padding:14px 18px;margin:0 0 26px;font-size:15px;line-height:1.65;\"><strong style=\"display:block;font-size:12px;text-transform:uppercase;letter-spacing:.06em;color:#a9885a;margin-bottom:5px;\">TL;DR<\/strong>Vis, Kroatia \u2014 Keski-Dalmatian kaukaisin pysyv\u00e4sti asuttu saari \u2014 tarjoaa 11 keskeist\u00e4 vinkki\u00e4, mukaan lukien <strong>Sininen luola<\/strong> Bi\u0161evon pikkusaarella, <strong>Stinivan<\/strong> ranta ja kalastajakaupunki Komi\u017ea. Saarelle p\u00e4\u00e4see vain lautalla tai katamaraanilla Splitist\u00e4 (n. 140 tai 80\u2013120 minuuttia), ja paras aika matkustaa on toukokuun lopusta syyskuun loppuun, mieluiten kes\u00e4kuussa tai syyskuun ensimm\u00e4isell\u00e4 puoliskolla. Sis\u00e4\u00e4np\u00e4\u00e4sy Siniseen luolaan maksaa vuonna 2025 huippukaudella (20.6.\u201310.9.) 24 euroa aikuiselta, sesongin ulkopuolella 18 euroa, ja uiminen sis\u00e4ll\u00e4 on kielletty. Suositellun majoituksen l\u00f6yd\u00e4t satamakaupunki Visist\u00e4 (esimerkiksi Boutique Hotel San Giorgio) tai Komi\u017easta (Pomalo Inn), josta on lyhin matka luolaretkille.<\/div>\n<!-- \/lk-tldr -->\n\n\n\n<!-- lk-navbar -->\n<div class=\"lk-navbar\" style=\"margin:0 0 28px;\"><div style=\"font-size:12px;text-transform:uppercase;letter-spacing:.06em;color:#a9885a;font-weight:700;margin-bottom:9px;\">Pikalinkit<\/div><div style=\"display:flex;flex-wrap:wrap;gap:9px;\"><a href=\"#Kde_se_ubytovat_na_ostrove_Vis\" style=\"background:#c39f76;color:#fff;border:1px solid #c39f76;padding:9px 15px;border-radius:22px;font-size:14px;font-weight:700;text-decoration:none;display:inline-block;line-height:1;\">\ud83d\udccd Miss\u00e4 majoittua<\/a><a href=\"#11_tipu_co_videt_a_delat_na_ostrove_Vis\" style=\"background:#c39f76;color:#fff;border:1px solid #c39f76;padding:9px 15px;border-radius:22px;font-size:14px;font-weight:700;text-decoration:none;display:inline-block;line-height:1;\">\u2b50 Mit\u00e4 n\u00e4hd\u00e4<\/a><a href=\"#Kdy_vyrazit_na_ostrov_Vis\" style=\"background:#fff;color:#6b5a44;border:1px solid #e2d6c1;padding:9px 15px;border-radius:22px;font-size:14px;font-weight:600;text-decoration:none;display:inline-block;line-height:1;\">\u2600\ufe0f Milloin matkustaa<\/a><a href=\"#Kam_dal_z_ostrova_Vis\" style=\"background:#fff;color:#6b5a44;border:1px solid #e2d6c1;padding:9px 15px;border-radius:22px;font-size:14px;font-weight:600;text-decoration:none;display:inline-block;line-height:1;\">\ud83e\udded Ymp\u00e4rist\u00f6<\/a><a href=\"#Casto_kladene_otazky\" style=\"background:#fff;color:#6b5a44;border:1px solid #e2d6c1;padding:9px 15px;border-radius:22px;font-size:14px;font-weight:600;text-decoration:none;display:inline-block;line-height:1;\">\u2753 UKK<\/a><\/div><\/div>\n<!-- \/lk-navbar -->\n\n\n\n\n<p class=\"wp-block-paragraph\">Kuvittele saari, joka oli vuosikymmenten ajan <strong>t\u00e4ysin suljettu ulkomaisilta turisteilta<\/strong>, mink\u00e4 ansiosta se on s\u00e4ilytt\u00e4nyt t\u00e4h\u00e4n p\u00e4iv\u00e4\u00e4n asti uskomattoman aidon ja rauhallisen tunnelman. Juuri t\u00e4llainen on kroatialainen Vis, Kroatia \u2014 <strong>Keski-Dalmatian kaukaisin pysyv\u00e4sti asuttu saari<\/strong>, joka lumoaa sinut heti. Ei ihme, ett\u00e4 elokuvantekij\u00e4t valitsivat sen romanttiset kujat ja lahdet suosikkimusikaalin Mamma Mia! Here We Go Again p\u00e4\u00e4kulissiksi.<\/p>\n\n\n\n<p class=\"wp-block-paragraph\">Toisin kuin vilkkaammilla naapurisaarilla, t\u00e4\u00e4lt\u00e4 et l\u00f6yd\u00e4 valtavia hotellikomplekseja, vaan pikemminkin <strong>piilotettuja lahtia kristallinkirkkaine vesineen<\/strong> ja uinuvia kivikaupunkeja. Mantereelta t\u00e4nne p\u00e4\u00e4see <strong>vain lautalla tai katamaraanilla Splitist\u00e4<\/strong>, mik\u00e4 hyvin luontevasti suodattaa kes\u00e4kuukausien v\u00e4kijoukot ja takaa paljon rennomman loman. Lis\u00e4ksi saari k\u00e4tkee sis\u00e4\u00e4ns\u00e4 kiehtovan sotilashistorian, jota voit tutkia seikkailullisilla retkill\u00e4.<\/p>\n\n\n\n<p class=\"wp-block-paragraph\">T\u00e4st\u00e4 yksityiskohtaisesta oppaasta l\u00f6yd\u00e4t <strong>tasan 11 vinkki\u00e4 mielenkiintoisista kohteista<\/strong>, joita et miss\u00e4\u00e4n nimess\u00e4 saa j\u00e4tt\u00e4\u00e4 v\u00e4liin Visin vierailulla. K\u00e4ymme l\u00e4pi k\u00e4yt\u00e4nn\u00f6n tietoa <strong>kuuluisan Sinisen luolan vierailusta vuonna 2025<\/strong>, autan sinua valitsemaan strategisen majoituksen ja suosittelen kauneimmat rannat. Valmistaudu siihen, ett\u00e4 t\u00e4m\u00e4n saaren vieh\u00e4tykselle ei yksinkertaisesti voi vastustaa.<\/p>\n\n\n\n<figure data-wp-context=\"{&quot;imageId&quot;:&quot;6a9ad8b45051c&quot;}\" data-wp-interactive=\"core\/image\" data-wp-key=\"6a9ad8b45051c\" class=\"wp-block-image size-full wp-lightbox-container\"><img decoding=\"async\" width=\"1600\" height=\"961\" data-wp-class--hide=\"state.isContentHidden\" data-wp-class--show=\"state.isContentVisible\" data-wp-init=\"callbacks.setButtonStyles\" data-wp-on--click=\"actions.showLightbox\" data-wp-on--load=\"callbacks.setButtonStyles\" data-wp-on--pointerdown=\"actions.preloadImage\" data-wp-on--pointerenter=\"actions.preloadImageWithDelay\" data-wp-on--pointerleave=\"actions.cancelPreload\" data-wp-on-window--resize=\"callbacks.setButtonStyles\" src=\"https:\/\/loudavymkrokem.cz\/wp-content\/uploads\/2026\/06\/islB-220384-220688.jpg\" alt=\"Vis-saari\" class=\"wp-image-220899\" title=\"\" srcset=\"https:\/\/loudavymkrokem.cz\/wp-content\/uploads\/2026\/06\/islB-220384-220688.jpg 1600w, https:\/\/loudavymkrokem.cz\/wp-content\/uploads\/2026\/06\/islB-220384-220688-300x180.jpg 300w, https:\/\/loudavymkrokem.cz\/wp-content\/uploads\/2026\/06\/islB-220384-220688-700x420.jpg 700w, https:\/\/loudavymkrokem.cz\/wp-content\/uploads\/2026\/06\/islB-220384-220688-768x461.jpg 768w, https:\/\/loudavymkrokem.cz\/wp-content\/uploads\/2026\/06\/islB-220384-220688-1536x923.jpg 1536w, https:\/\/loudavymkrokem.cz\/wp-content\/uploads\/2026\/06\/islB-220384-220688-696x418.jpg 696w, https:\/\/loudavymkrokem.cz\/wp-content\/uploads\/2026\/06\/islB-220384-220688-1392x836.jpg 1392w\" sizes=\"(max-width: 1600px) 100vw, 1600px\" \/><button\n\t\t\tclass=\"lightbox-trigger\"\n\t\t\ttype=\"button\"\n\t\t\taria-haspopup=\"dialog\"\n\t\t\tdata-wp-bind--aria-label=\"state.thisImage.triggerButtonAriaLabel\"\n\t\t\tdata-wp-init=\"callbacks.initTriggerButton\"\n\t\t\tdata-wp-on--click=\"actions.showLightbox\"\n\t\t\tdata-wp-style--right=\"state.thisImage.buttonRight\"\n\t\t\tdata-wp-style--top=\"state.thisImage.buttonTop\"\n\t\t>\n\t\t\t<svg xmlns=\"http:\/\/www.w3.org\/2000\/svg\" width=\"12\" height=\"12\" fill=\"none\" viewBox=\"0 0 12 12\">\n\t\t\t\t<path fill=\"#fff\" d=\"M2 0a2 2 0 0 0-2 2v2h1.5V2a.5.5 0 0 1 .5-.5h2V0H2Zm2 10.5H2a.5.5 0 0 1-.5-.5V8H0v2a2 2 0 0 0 2 2h2v-1.5ZM8 12v-1.5h2a.5.5 0 0 0 .5-.5V8H12v2a2 2 0 0 1-2 2H8Zm2-12a2 2 0 0 1 2 2v2h-1.5V2a.5.5 0 0 0-.5-.5H8V0h2Z\" \/>\n\t\t\t<\/svg>\n\t\t<\/button><\/figure>\n\n\n\n<div id=\"ez-toc-container\" class=\"ez-toc-v2_0_87 ez-toc-wrap-left counter-hierarchy ez-toc-counter ez-toc-grey ez-toc-container-direction\">\n<div class=\"ez-toc-title-container\">\n<p class=\"ez-toc-title\" style=\"cursor:inherit\">Artikkelin sis\u00e4lt\u00f6<\/p>\n<span class=\"ez-toc-title-toggle\"><a href=\"#\" class=\"ez-toc-pull-right ez-toc-btn ez-toc-btn-xs ez-toc-btn-default ez-toc-toggle\" aria-label=\"Toggle Table of Content\"><span class=\"ez-toc-js-icon-con\"><span class=\"\"><span class=\"eztoc-hide\" style=\"display:none;\">Toggle<\/span><span class=\"ez-toc-icon-toggle-span\"><svg style=\"fill: #999;color:#999\" xmlns=\"http:\/\/www.w3.org\/2000\/svg\" class=\"list-377408\" width=\"20px\" height=\"20px\" viewBox=\"0 0 24 24\" fill=\"none\"><path d=\"M6 6H4v2h2V6zm14 0H8v2h12V6zM4 11h2v2H4v-2zm16 0H8v2h12v-2zM4 16h2v2H4v-2zm16 0H8v2h12v-2z\" fill=\"currentColor\"><\/path><\/svg><svg style=\"fill: #999;color:#999\" class=\"arrow-unsorted-368013\" xmlns=\"http:\/\/www.w3.org\/2000\/svg\" width=\"10px\" height=\"10px\" viewBox=\"0 0 24 24\" version=\"1.2\" baseProfile=\"tiny\"><path d=\"M18.2 9.3l-6.2-6.3-6.2 6.3c-.2.2-.3.4-.3.7s.1.5.3.7c.2.2.4.3.7.3h11c.3 0 .5-.1.7-.3.2-.2.3-.5.3-.7s-.1-.5-.3-.7zM5.8 14.7l6.2 6.3 6.2-6.3c.2-.2.3-.5.3-.7s-.1-.5-.3-.7c-.2-.2-.4-.3-.7-.3h-11c-.3 0-.5.1-.7.3-.2.2-.3.5-.3.7s.1.5.3.7z\"\/><\/svg><\/span><\/span><\/span><\/a><\/span><\/div>\n<nav><ul class='ez-toc-list ez-toc-list-level-1 ' ><ul class='ez-toc-list-level-3' ><li class='ez-toc-heading-level-3'><a class=\"ez-toc-link ez-toc-heading-1\" href=\"https:\/\/loudavymkrokem.cz\/fi\/vis-kroatia-saari\/#Yhteenveto_niille_joilla_ei_ole_aikaa_lukea_koko_artikkelia\" >Yhteenveto niille, joilla ei ole aikaa lukea koko artikkelia<\/a><\/li><\/ul><\/li><li class='ez-toc-page-1 ez-toc-heading-level-2'><a class=\"ez-toc-link ez-toc-heading-2\" href=\"https:\/\/loudavymkrokem.cz\/fi\/vis-kroatia-saari\/#Milloin_matkustaa_Vis-saarelle\" >Milloin matkustaa Vis-saarelle<\/a><\/li><li class='ez-toc-page-1 ez-toc-heading-level-2'><a class=\"ez-toc-link ez-toc-heading-3\" href=\"https:\/\/loudavymkrokem.cz\/fi\/vis-kroatia-saari\/#Missa_majoittua_Vis-saarella\" >Miss\u00e4 majoittua Vis-saarella<\/a><\/li><li class='ez-toc-page-1 ez-toc-heading-level-2'><a class=\"ez-toc-link ez-toc-heading-4\" href=\"https:\/\/loudavymkrokem.cz\/fi\/vis-kroatia-saari\/#11_vinkkia_mita_nahda_ja_tehda_Vis-saarella\" >11 vinkki\u00e4, mit\u00e4 n\u00e4hd\u00e4 ja tehd\u00e4 Vis-saarella<\/a><ul class='ez-toc-list-level-3' ><li class='ez-toc-heading-level-3'><a class=\"ez-toc-link ez-toc-heading-5\" href=\"https:\/\/loudavymkrokem.cz\/fi\/vis-kroatia-saari\/#1_Sininen_luola_Bisevon_pikkusaarella\" >1. Sininen luola Bi\u0161evon pikkusaarella<\/a><\/li><li class='ez-toc-page-1 ez-toc-heading-level-3'><a class=\"ez-toc-link ez-toc-heading-6\" href=\"https:\/\/loudavymkrokem.cz\/fi\/vis-kroatia-saari\/#2_Visin_kaupunki_ja_antiikin_Issan_jaanteet\" >2. Visin kaupunki ja antiikin Issan j\u00e4\u00e4nteet<\/a><\/li><li class='ez-toc-page-1 ez-toc-heading-level-3'><a class=\"ez-toc-link ez-toc-heading-7\" href=\"https:\/\/loudavymkrokem.cz\/fi\/vis-kroatia-saari\/#3_Ikoninen_Stinivan_ranta_kapeassa_lahdessa\" >3. Ikoninen Stinivan ranta kapeassa lahdessa<\/a><\/li><li class='ez-toc-page-1 ez-toc-heading-level-3'><a class=\"ez-toc-link ez-toc-heading-8\" href=\"https:\/\/loudavymkrokem.cz\/fi\/vis-kroatia-saari\/#4_Kalastajakaupunki_Komiza\" >4. Kalastajakaupunki Komi\u017ea<\/a><\/li><li class='ez-toc-page-1 ez-toc-heading-level-3'><a class=\"ez-toc-link ez-toc-heading-9\" href=\"https:\/\/loudavymkrokem.cz\/fi\/vis-kroatia-saari\/#5_Vihrea_luola_Ravnikin_pikkusaarella\" >5. Vihre\u00e4 luola Ravnikin pikkusaarella<\/a><\/li><li class='ez-toc-page-1 ez-toc-heading-level-3'><a class=\"ez-toc-link ez-toc-heading-10\" href=\"https:\/\/loudavymkrokem.cz\/fi\/vis-kroatia-saari\/#6_Sotilastunnelit_ja_Titon_luola\" >6. Sotilastunnelit ja Titon luola<\/a><\/li><li class='ez-toc-page-1 ez-toc-heading-level-3'><a class=\"ez-toc-link ez-toc-heading-11\" href=\"https:\/\/loudavymkrokem.cz\/fi\/vis-kroatia-saari\/#7_Paikallisen_Vugava-viinin_maistelu\" >7. Paikallisen Vugava-viinin maistelu<\/a><\/li><li class='ez-toc-page-1 ez-toc-heading-level-3'><a class=\"ez-toc-link ez-toc-heading-12\" href=\"https:\/\/loudavymkrokem.cz\/fi\/vis-kroatia-saari\/#8_Stoncican_hiekkaranta_matalassa_vedessa\" >8. Ston\u010dican hiekkaranta matalassa vedess\u00e4<\/a><\/li><li class='ez-toc-page-1 ez-toc-heading-level-3'><a class=\"ez-toc-link ez-toc-heading-13\" href=\"https:\/\/loudavymkrokem.cz\/fi\/vis-kroatia-saari\/#9_Pikkukiviranta_Srebrna_mantyjen_alla\" >9. Pikkukiviranta Srebrna m\u00e4ntyjen alla<\/a><\/li><li class='ez-toc-page-1 ez-toc-heading-level-3'><a class=\"ez-toc-link ez-toc-heading-14\" href=\"https:\/\/loudavymkrokem.cz\/fi\/vis-kroatia-saari\/#10_Milnan_ja_Grandovacin_rannat\" >10. Milnan ja Grandovacin rannat<\/a><\/li><li class='ez-toc-page-1 ez-toc-heading-level-3'><a class=\"ez-toc-link ez-toc-heading-15\" href=\"https:\/\/loudavymkrokem.cz\/fi\/vis-kroatia-saari\/#11_UNESCO-geopuisto_ja_paikallinen_gastronomia\" >11. UNESCO-geopuisto ja paikallinen gastronomia<\/a><\/li><\/ul><\/li><li class='ez-toc-page-1 ez-toc-heading-level-2'><a class=\"ez-toc-link ez-toc-heading-16\" href=\"https:\/\/loudavymkrokem.cz\/fi\/vis-kroatia-saari\/#Minne_jatkaa_Vis-saarelta\" >Minne jatkaa Vis-saarelta<\/a><\/li><li class='ez-toc-page-1 ez-toc-heading-level-2'><a class=\"ez-toc-link ez-toc-heading-17\" href=\"https:\/\/loudavymkrokem.cz\/fi\/vis-kroatia-saari\/#Usein_kysytyt_kysymykset\" >Usein kysytyt kysymykset<\/a><ul class='ez-toc-list-level-3' ><li class='ez-toc-heading-level-3'><a class=\"ez-toc-link ez-toc-heading-18\" href=\"https:\/\/loudavymkrokem.cz\/fi\/vis-kroatia-saari\/#Kuinka_kauan_matka_lautalla_Visiin_kestaa\" >Kuinka kauan matka lautalla Visiin kest\u00e4\u00e4?<\/a><\/li><li class='ez-toc-page-1 ez-toc-heading-level-3'><a class=\"ez-toc-link ez-toc-heading-19\" href=\"https:\/\/loudavymkrokem.cz\/fi\/vis-kroatia-saari\/#Voinko_uida_Sinisessa_luolassa\" >Voinko uida Sinisess\u00e4 luolassa?<\/a><\/li><li class='ez-toc-page-1 ez-toc-heading-level-3'><a class=\"ez-toc-link ez-toc-heading-20\" href=\"https:\/\/loudavymkrokem.cz\/fi\/vis-kroatia-saari\/#Soveltuuko_saari_perheille_pienten_lasten_kanssa\" >Soveltuuko saari perheille pienten lasten kanssa?<\/a><\/li><li class='ez-toc-page-1 ez-toc-heading-level-3'><a class=\"ez-toc-link ez-toc-heading-21\" href=\"https:\/\/loudavymkrokem.cz\/fi\/vis-kroatia-saari\/#Mika_on_paras_tapa_liikkua_saarella\" >Mik\u00e4 on paras tapa liikkua saarella?<\/a><\/li><li class='ez-toc-page-1 ez-toc-heading-level-3'><a class=\"ez-toc-link ez-toc-heading-22\" href=\"https:\/\/loudavymkrokem.cz\/fi\/vis-kroatia-saari\/#Kuinka_paljon_retki_Siniseen_luolaan_maksaa_vuonna_2025\" >Kuinka paljon retki Siniseen luolaan maksaa vuonna 2025?<\/a><\/li><li class='ez-toc-page-1 ez-toc-heading-level-3'><a class=\"ez-toc-link ez-toc-heading-23\" href=\"https:\/\/loudavymkrokem.cz\/fi\/vis-kroatia-saari\/#Voiko_saarella_maksaa_kaikkialla_kortilla\" >Voiko saarella maksaa kaikkialla kortilla?<\/a><\/li><li class='ez-toc-page-1 ez-toc-heading-level-3'><a class=\"ez-toc-link ez-toc-heading-24\" href=\"https:\/\/loudavymkrokem.cz\/fi\/vis-kroatia-saari\/#Missa_tarkalleen_ottaen_kuvattiin_musikaali_Mamma_Mia_2\" >Miss\u00e4 tarkalleen ottaen kuvattiin musikaali Mamma Mia 2?<\/a><\/li><li class='ez-toc-page-1 ez-toc-heading-level-3'><a class=\"ez-toc-link ez-toc-heading-25\" href=\"https:\/\/loudavymkrokem.cz\/fi\/vis-kroatia-saari\/#Onko_saarella_hiekkarantoja\" >Onko saarella hiekkarantoja?<\/a><\/li><\/ul><\/li><\/ul><\/nav><\/div>\n<h3 class=\"wp-block-heading\"><span class=\"ez-toc-section\" id=\"Yhteenveto_niille_joilla_ei_ole_aikaa_lukea_koko_artikkelia\"><\/span>Yhteenveto niille, joilla ei ole aikaa lukea koko artikkelia<span class=\"ez-toc-section-end\"><\/span><\/h3>\n\n\n\n<ul class=\"wp-block-list\">\n<li>  <strong>Kaukaisin paratiisi:<\/strong> Vis sijaitsee noin 45 kilometrin p\u00e4\u00e4ss\u00e4 mantereelta, ja sinne p\u00e4\u00e4see lautalla Splitist\u00e4 alle kahdessa ja puolessa tunnissa.<\/li>\n<li>  <strong>Sotilaallinen menneisyys:<\/strong> Saari toimi laivastotukikohtana ja oli vuoteen 1989 asti suljettu ulkomaalaisilta, mik\u00e4 s\u00e4\u00e4sti sen massaturismilta.<\/li>\n<li>  <strong>Elokuvien kuvauspaikka:<\/strong> Komi\u017ean ja Visin kaupungeissa kuvattiin Mamma Mia -musikaalin toinen osa, jossa saari esitti kuvitteellista kreikkalaista Kalokairin saarta.<\/li>\n<li>  <strong>Sininen luola:<\/strong> Sijaitsee naapuripikkusaari Bi\u0161evolla ja on suurin turistin\u00e4ht\u00e4vyys, jonne perit\u00e4\u00e4n p\u00e4\u00e4symaksu eik\u00e4 siell\u00e4 saa uida.<\/li>\n<li>  <strong>Kaunein ranta:<\/strong> Stinivan lahti kapeine kallioiden v\u00e4lisine kurkkuineen valittiin vuonna 2016 Euroopan kauneimmaksi rannaksi.<\/li>\n<li>  <strong>UNESCO-geopuisto:<\/strong> Koko saaristo on vuodesta 2019 l\u00e4htien saanut arvostetun UNESCO Global Geopark -statuksen ainutlaatuisten vulkaanisten kivilajien ansiosta.<\/li>\n<\/ul>\n\n\n\n<figure data-wp-context=\"{&quot;imageId&quot;:&quot;6a9ad8b450987&quot;}\" data-wp-interactive=\"core\/image\" data-wp-key=\"6a9ad8b450987\" class=\"wp-block-image size-full wp-lightbox-container\"><img decoding=\"async\" width=\"1600\" height=\"961\" data-wp-class--hide=\"state.isContentHidden\" data-wp-class--show=\"state.isContentVisible\" data-wp-init=\"callbacks.setButtonStyles\" data-wp-on--click=\"actions.showLightbox\" data-wp-on--load=\"callbacks.setButtonStyles\" data-wp-on--pointerdown=\"actions.preloadImage\" data-wp-on--pointerenter=\"actions.preloadImageWithDelay\" data-wp-on--pointerleave=\"actions.cancelPreload\" data-wp-on-window--resize=\"callbacks.setButtonStyles\" src=\"https:\/\/loudavymkrokem.cz\/wp-content\/uploads\/2026\/06\/islB-220384-220690.jpg\" alt=\"Visin rannikko\" class=\"wp-image-220902\" title=\"\" srcset=\"https:\/\/loudavymkrokem.cz\/wp-content\/uploads\/2026\/06\/islB-220384-220690.jpg 1600w, https:\/\/loudavymkrokem.cz\/wp-content\/uploads\/2026\/06\/islB-220384-220690-300x180.jpg 300w, https:\/\/loudavymkrokem.cz\/wp-content\/uploads\/2026\/06\/islB-220384-220690-700x420.jpg 700w, https:\/\/loudavymkrokem.cz\/wp-content\/uploads\/2026\/06\/islB-220384-220690-768x461.jpg 768w, https:\/\/loudavymkrokem.cz\/wp-content\/uploads\/2026\/06\/islB-220384-220690-1536x923.jpg 1536w, https:\/\/loudavymkrokem.cz\/wp-content\/uploads\/2026\/06\/islB-220384-220690-696x418.jpg 696w, https:\/\/loudavymkrokem.cz\/wp-content\/uploads\/2026\/06\/islB-220384-220690-1392x836.jpg 1392w\" sizes=\"(max-width: 1600px) 100vw, 1600px\" \/><button\n\t\t\tclass=\"lightbox-trigger\"\n\t\t\ttype=\"button\"\n\t\t\taria-haspopup=\"dialog\"\n\t\t\tdata-wp-bind--aria-label=\"state.thisImage.triggerButtonAriaLabel\"\n\t\t\tdata-wp-init=\"callbacks.initTriggerButton\"\n\t\t\tdata-wp-on--click=\"actions.showLightbox\"\n\t\t\tdata-wp-style--right=\"state.thisImage.buttonRight\"\n\t\t\tdata-wp-style--top=\"state.thisImage.buttonTop\"\n\t\t>\n\t\t\t<svg xmlns=\"http:\/\/www.w3.org\/2000\/svg\" width=\"12\" height=\"12\" fill=\"none\" viewBox=\"0 0 12 12\">\n\t\t\t\t<path fill=\"#fff\" d=\"M2 0a2 2 0 0 0-2 2v2h1.5V2a.5.5 0 0 1 .5-.5h2V0H2Zm2 10.5H2a.5.5 0 0 1-.5-.5V8H0v2a2 2 0 0 0 2 2h2v-1.5ZM8 12v-1.5h2a.5.5 0 0 0 .5-.5V8H12v2a2 2 0 0 1-2 2H8Zm2-12a2 2 0 0 1 2 2v2h-1.5V2a.5.5 0 0 0-.5-.5H8V0h2Z\" \/>\n\t\t\t<\/svg>\n\t\t<\/button><\/figure>\n\n\n\n<h2 class=\"wp-block-heading\"><span class=\"ez-toc-section\" id=\"Milloin_matkustaa_Vis-saarelle\"><\/span><span class=\"ez-toc-section\" id=\"Kdy_vyrazit_na_ostrov_Vis\"><\/span>Milloin matkustaa Vis-saarelle<span class=\"ez-toc-section-end\"><\/span><\/h2>\n\n\n\n<p class=\"wp-block-paragraph\">Paras aika saarelle matkustamiseen on <strong>toukokuun lopusta syyskuun loppuun<\/strong>, jolloin nautit miellytt\u00e4vist\u00e4 l\u00e4mp\u00f6tiloista ja uimisesta ihanan kirkkaassa meress\u00e4. Jos haluat v\u00e4ltt\u00e4\u00e4 suurimmat kes\u00e4kuukausien v\u00e4kijoukot ja \u00e4\u00e4rimm\u00e4iset helteet, <strong>suosittelen matkustamaan kes\u00e4kuussa tai syyskuun ensimm\u00e4isell\u00e4 puoliskolla<\/strong>. N\u00e4in\u00e4 reunakuukausina meri on jo riitt\u00e4v\u00e4n l\u00e4mmennyt mukavaa uimista varten, mutta kuuluisilla rannoilla on paljon enemm\u00e4n tilaa itselle ja majoitushinnat ovat huomattavasti edullisempia.<\/p>\n\n\n\n<p class=\"wp-block-paragraph\">Varsinainen kes\u00e4sesonki osuu perinteisesti <strong>hein\u00e4- ja elokuuhun<\/strong>, jolloin saari her\u00e4si t\u00e4yteen eloon ja aivan kaikki palvelut, ravintolat ja rantabaarit toimivat rajoituksitta. Sinun on kuitenkin varauduttava siihen, ett\u00e4 <strong>l\u00e4mp\u00f6tilat kohoavat usein reilusti yli kolmenkymmenen asteen<\/strong> ja lautoille muodostuu pitki\u00e4 autojonoja. T\u00e4n\u00e4 vilkkaana aikana valtionyhti\u00f6 Jadrolinijan lautat ja katamaraanit kulkevat jopa nelj\u00e4 kertaa p\u00e4iv\u00e4ss\u00e4, kun taas sesongin ulkopuolella yhteys mantereelle on rajoitettu noin kolmeen vuoroon p\u00e4iv\u00e4ss\u00e4.<\/p>\n\n\n\n<p class=\"wp-block-paragraph\">Lokakuusta huhtikuuhun saari on suurelta osin <strong>vajonnut syv\u00e4\u00e4n talviuneen<\/strong> ja monet toimipaikat sulkevat ovensa kokonaan aina kev\u00e4\u00e4seen asti. Jos haluaisit matkustaa sesongin ulkopuolella, sinun on varauduttava hyvin rajoitettuihin palveluihin ja <strong>arvaamattomaan s\u00e4\u00e4h\u00e4n<\/strong>, joka voi yll\u00e4tt\u00e4en keskeytt\u00e4\u00e4 laivaliikenteen. Kuuluisat meriluolat, mukaan lukien Sininen luola, ovat lis\u00e4ksi kaikille turisteille avoinna vain huhtikuusta marraskuun alkuun.<\/p>\n\n\n\n<p class=\"wp-block-paragraph\">Saarelle p\u00e4\u00e4see <strong>ainoastaan mantereella sijaitsevasta Splitist\u00e4<\/strong>, sill\u00e4 suoraa reittiliikennett\u00e4 ymp\u00e4r\u00f6ivilt\u00e4 saarilta, kuten Hvarilta tai Bra\u010dilta, ei ole olemassa. Voit valita joko klassisen ison lautan (reitti 602) autoille ja jalankulkijoille, joka kulkee noin 140 minuuttia, tai <strong>nopeamman katamaraanin (reitti 9602) vain jalankulkijoille<\/strong>. T\u00e4m\u00e4 katamaraani selvi\u00e4\u00e4 reitist\u00e4 tunnissa ja kahdessakymmeness\u00e4 minuutissa tai kahdessa tunnissa, ja yhdensuuntaisen lipun hinta liikkuu vuonna 2025 suuntaa antavasti noin 8,23 eurossa.<\/p>\n\n\n\n<figure data-wp-context=\"{&quot;imageId&quot;:&quot;6a9ad8b450db8&quot;}\" data-wp-interactive=\"core\/image\" data-wp-key=\"6a9ad8b450db8\" class=\"wp-block-image size-full wp-lightbox-container\"><img decoding=\"async\" width=\"1600\" height=\"836\" data-wp-class--hide=\"state.isContentHidden\" data-wp-class--show=\"state.isContentVisible\" data-wp-init=\"callbacks.setButtonStyles\" data-wp-on--click=\"actions.showLightbox\" data-wp-on--load=\"callbacks.setButtonStyles\" data-wp-on--pointerdown=\"actions.preloadImage\" data-wp-on--pointerenter=\"actions.preloadImageWithDelay\" data-wp-on--pointerleave=\"actions.cancelPreload\" data-wp-on-window--resize=\"callbacks.setButtonStyles\" src=\"https:\/\/loudavymkrokem.cz\/wp-content\/uploads\/2026\/06\/islB-220384-220692.jpg\" alt=\"Visin kaupunki\" class=\"wp-image-220905\" title=\"\" srcset=\"https:\/\/loudavymkrokem.cz\/wp-content\/uploads\/2026\/06\/islB-220384-220692.jpg 1600w, https:\/\/loudavymkrokem.cz\/wp-content\/uploads\/2026\/06\/islB-220384-220692-300x157.jpg 300w, https:\/\/loudavymkrokem.cz\/wp-content\/uploads\/2026\/06\/islB-220384-220692-700x366.jpg 700w, https:\/\/loudavymkrokem.cz\/wp-content\/uploads\/2026\/06\/islB-220384-220692-768x401.jpg 768w, https:\/\/loudavymkrokem.cz\/wp-content\/uploads\/2026\/06\/islB-220384-220692-1536x803.jpg 1536w, https:\/\/loudavymkrokem.cz\/wp-content\/uploads\/2026\/06\/islB-220384-220692-696x364.jpg 696w, https:\/\/loudavymkrokem.cz\/wp-content\/uploads\/2026\/06\/islB-220384-220692-1392x727.jpg 1392w\" sizes=\"(max-width: 1600px) 100vw, 1600px\" \/><button\n\t\t\tclass=\"lightbox-trigger\"\n\t\t\ttype=\"button\"\n\t\t\taria-haspopup=\"dialog\"\n\t\t\tdata-wp-bind--aria-label=\"state.thisImage.triggerButtonAriaLabel\"\n\t\t\tdata-wp-init=\"callbacks.initTriggerButton\"\n\t\t\tdata-wp-on--click=\"actions.showLightbox\"\n\t\t\tdata-wp-style--right=\"state.thisImage.buttonRight\"\n\t\t\tdata-wp-style--top=\"state.thisImage.buttonTop\"\n\t\t>\n\t\t\t<svg xmlns=\"http:\/\/www.w3.org\/2000\/svg\" width=\"12\" height=\"12\" fill=\"none\" viewBox=\"0 0 12 12\">\n\t\t\t\t<path fill=\"#fff\" d=\"M2 0a2 2 0 0 0-2 2v2h1.5V2a.5.5 0 0 1 .5-.5h2V0H2Zm2 10.5H2a.5.5 0 0 1-.5-.5V8H0v2a2 2 0 0 0 2 2h2v-1.5ZM8 12v-1.5h2a.5.5 0 0 0 .5-.5V8H12v2a2 2 0 0 1-2 2H8Zm2-12a2 2 0 0 1 2 2v2h-1.5V2a.5.5 0 0 0-.5-.5H8V0h2Z\" \/>\n\t\t\t<\/svg>\n\t\t<\/button><\/figure>\n\n\n\n<h2 class=\"wp-block-heading\"><span class=\"ez-toc-section\" id=\"Missa_majoittua_Vis-saarella\"><\/span><span class=\"ez-toc-section\" id=\"Kde_se_ubytovat_na_ostrove_Vis\"><\/span>Miss\u00e4 majoittua Vis-saarella<span class=\"ez-toc-section-end\"><\/span><\/h2>\n\n\n\n<p class=\"wp-block-paragraph\"><em>\ud83d\udca1 Vinkki majoitukseen ja el\u00e4myksiin: Majoituksen etsimme mieluiten <a href=\"https:\/\/loudavymkrokem.cz\/doporucujeme\/booking-com\/\" target=\"_blank\" rel=\"nofollow noopener sponsored\">Booking.comista<\/a>, jossa on yleens\u00e4 parhaat peruutusehdot. P\u00e4\u00e4syliput, retket ja aktiviteetit kannattaa taas vertailla ja ostaa <a href=\"https:\/\/loudavymkrokem.cz\/doporucujeme\/getyourguide\/\" target=\"_blank\" rel=\"nofollow noopener sponsored\">GetYourGuiden<\/a> kautta.<\/em><\/p>\n\n\n\n<p class=\"wp-block-paragraph\">Saarelta l\u00f6ytyy yll\u00e4tt\u00e4v\u00e4n <strong>v\u00e4h\u00e4n suuria majoituskapasiteetteja<\/strong>, mik\u00e4 on suora seuraus vuoteen 1989 asti kest\u00e4neist\u00e4 pitkist\u00e4 sotilaseristyksen vuosista. Suurin osa k\u00e4vij\u00f6ist\u00e4 valitsee siksi aivan luontevasti majoituksen yksityisist\u00e4 perheasunnoista, romanttisista kivihuviloista tai muutamasta pienest\u00e4 boutique-hotellista. Strategisesti kannattaa valita tukikohta joko <strong>satamakaupunki Visist\u00e4<\/strong> tai hieman pienemm\u00e4st\u00e4 kalastajakaupunki Komi\u017easta saaren l\u00e4nsirannikolla.<\/p>\n\n\n\n<p class=\"wp-block-paragraph\">Visin kaupunki on aivan ihanteellinen valinta niille, jotka haluavat <strong>kaiken mukavuuden k\u00e4den ulottuvilla<\/strong>, sill\u00e4 juuri t\u00e4nne saapuvat kaikki lautat Splitist\u00e4. T\u00e4\u00e4lt\u00e4 l\u00f6yd\u00e4t suurimman keskittym\u00e4n erinomaisia ravintoloita, auto- ja skootterivuokraamoita sek\u00e4 kauniin pitk\u00e4n palmujen reunustaman rantapromenadin. Jos etsit todella tyylik\u00e4st\u00e4 majapaikkaa, tutustu <strong><a href=\"https:\/\/www.stay22.com\/allez\/roam?aid=lukaskonecny&#038;campaign=loudavymkrokemcz&#038;campaign=vis&#038;hotelname=Boutique%20Hotel%20San%20Giorgio&#038;address=Vis%2C%20Chorvatsko\" target=\"_blank\" rel=\"noopener nofollow sponsored\">Boutique Hotel San Giorgioon<\/a><\/strong>, joka tarjoaa upeita designhuoneita ja hyvin arvostetun ravintolan, joka on k\u00e4tketty historiallisiin kujiin l\u00e4helle satamaa.<\/p>\n\n\n\n<p class=\"wp-block-paragraph\">Komi\u017ea puolestaan tarjoaa <strong>paljon rustiikkisemman ja rauhallisemman tunnelman<\/strong> tyypillisen dalmatialaisen kalastajakyl\u00e4n kapeine kujineen ja v\u00e4rikk\u00e4ine ikkunoineen. Automatka p\u00e4\u00e4satamasta t\u00e4nne kest\u00e4\u00e4 noin kaksikymment\u00e4viisi minuuttia, mutta palkkiona ovat maalauksellisia sopukoita ja ehdottomasti paras l\u00e4ht\u00f6piste Sinisen luolan veneretkille. Hyvin miellytt\u00e4v\u00e4 majoitusvaihtoehto t\u00e4\u00e4ll\u00e4 on <strong>Pomalo Inn<\/strong>, pieni moderni majatalo, jolla on \u00e4\u00e4rimm\u00e4isen yst\u00e4v\u00e4llinen perhetunnelma ja kaunis siisti design.<\/p>\n\n\n<!-- UBYTOVANI:VIS -->\n\n\n<p class=\"wp-block-paragraph\">Koko saaren hyvin rajallisen kapasiteetin vuoksi suosittelen sinua painokkaasti <strong>varaamaan majoituksen hyviss\u00e4 ajoin<\/strong>, mieluiten jo kev\u00e4tkuukausien alussa. Tavallisilta varausportaaleilta l\u00f6ytyy toki aina jokin vapaa asunto, mutta <strong>aivan parhaat merin\u00e4k\u00f6alalla varustetut katoavat salamannopeasti<\/strong>. Kaupunkien keskustoissa sijaitsevien asuntojen kohdalla tarkista my\u00f6s aina huolellisesti, tarjoavatko ne varatun pys\u00e4k\u00f6intipaikan, sill\u00e4 pys\u00e4k\u00f6inti kapeilla yksisuuntaisilla kaduilla on usein hyvin hankalaa ja turhauttavaa.<\/p>\n\n\n\n<figure data-wp-context=\"{&quot;imageId&quot;:&quot;6a9ad8b451227&quot;}\" data-wp-interactive=\"core\/image\" data-wp-key=\"6a9ad8b451227\" class=\"wp-block-image size-full wp-lightbox-container\"><img decoding=\"async\" width=\"1600\" height=\"961\" data-wp-class--hide=\"state.isContentHidden\" data-wp-class--show=\"state.isContentVisible\" data-wp-init=\"callbacks.setButtonStyles\" data-wp-on--click=\"actions.showLightbox\" data-wp-on--load=\"callbacks.setButtonStyles\" data-wp-on--pointerdown=\"actions.preloadImage\" data-wp-on--pointerenter=\"actions.preloadImageWithDelay\" data-wp-on--pointerleave=\"actions.cancelPreload\" data-wp-on-window--resize=\"callbacks.setButtonStyles\" src=\"https:\/\/loudavymkrokem.cz\/wp-content\/uploads\/2026\/06\/islB-220384-220694.jpg\" alt=\"Vis-saari\" class=\"wp-image-220907\" title=\"\" srcset=\"https:\/\/loudavymkrokem.cz\/wp-content\/uploads\/2026\/06\/islB-220384-220694.jpg 1600w, https:\/\/loudavymkrokem.cz\/wp-content\/uploads\/2026\/06\/islB-220384-220694-300x180.jpg 300w, https:\/\/loudavymkrokem.cz\/wp-content\/uploads\/2026\/06\/islB-220384-220694-700x420.jpg 700w, https:\/\/loudavymkrokem.cz\/wp-content\/uploads\/2026\/06\/islB-220384-220694-768x461.jpg 768w, https:\/\/loudavymkrokem.cz\/wp-content\/uploads\/2026\/06\/islB-220384-220694-1536x923.jpg 1536w, https:\/\/loudavymkrokem.cz\/wp-content\/uploads\/2026\/06\/islB-220384-220694-696x418.jpg 696w, https:\/\/loudavymkrokem.cz\/wp-content\/uploads\/2026\/06\/islB-220384-220694-1392x836.jpg 1392w\" sizes=\"(max-width: 1600px) 100vw, 1600px\" \/><button\n\t\t\tclass=\"lightbox-trigger\"\n\t\t\ttype=\"button\"\n\t\t\taria-haspopup=\"dialog\"\n\t\t\tdata-wp-bind--aria-label=\"state.thisImage.triggerButtonAriaLabel\"\n\t\t\tdata-wp-init=\"callbacks.initTriggerButton\"\n\t\t\tdata-wp-on--click=\"actions.showLightbox\"\n\t\t\tdata-wp-style--right=\"state.thisImage.buttonRight\"\n\t\t\tdata-wp-style--top=\"state.thisImage.buttonTop\"\n\t\t>\n\t\t\t<svg xmlns=\"http:\/\/www.w3.org\/2000\/svg\" width=\"12\" height=\"12\" fill=\"none\" viewBox=\"0 0 12 12\">\n\t\t\t\t<path fill=\"#fff\" d=\"M2 0a2 2 0 0 0-2 2v2h1.5V2a.5.5 0 0 1 .5-.5h2V0H2Zm2 10.5H2a.5.5 0 0 1-.5-.5V8H0v2a2 2 0 0 0 2 2h2v-1.5ZM8 12v-1.5h2a.5.5 0 0 0 .5-.5V8H12v2a2 2 0 0 1-2 2H8Zm2-12a2 2 0 0 1 2 2v2h-1.5V2a.5.5 0 0 0-.5-.5H8V0h2Z\" \/>\n\t\t\t<\/svg>\n\t\t<\/button><\/figure>\n\n\n\n<h2 class=\"wp-block-heading\"><span class=\"ez-toc-section\" id=\"11_vinkkia_mita_nahda_ja_tehda_Vis-saarella\"><\/span><span class=\"ez-toc-section\" id=\"11_tipu_co_videt_a_delat_na_ostrove_Vis\"><\/span>11 vinkki\u00e4, mit\u00e4 n\u00e4hd\u00e4 ja tehd\u00e4 Vis-saarella<span class=\"ez-toc-section-end\"><\/span><\/h2>\n\n\n\n<p class=\"wp-block-paragraph\">Tutustutaanpa yksityiskohtaisesti <strong>11 mielenkiintoisimpaan kohteeseen ja aktiviteettiin<\/strong>, joita et saarella miss\u00e4\u00e4n nimess\u00e4 saisi j\u00e4tt\u00e4\u00e4 v\u00e4liin. Sinua odottavat muinaiset antiikin n\u00e4ht\u00e4vyydet, salaiset pikkukiviranta, henke\u00e4salpaavat luonnonilmi\u00f6t sek\u00e4 paikallinen saaristogastronomia, johon rakastut taatusti.<\/p>\n\n\n\n<figure data-wp-context=\"{&quot;imageId&quot;:&quot;6a9ad8b451697&quot;}\" data-wp-interactive=\"core\/image\" data-wp-key=\"6a9ad8b451697\" class=\"wp-block-image size-full wp-lightbox-container\"><img decoding=\"async\" width=\"1600\" height=\"900\" data-wp-class--hide=\"state.isContentHidden\" data-wp-class--show=\"state.isContentVisible\" data-wp-init=\"callbacks.setButtonStyles\" data-wp-on--click=\"actions.showLightbox\" data-wp-on--load=\"callbacks.setButtonStyles\" data-wp-on--pointerdown=\"actions.preloadImage\" data-wp-on--pointerenter=\"actions.preloadImageWithDelay\" data-wp-on--pointerleave=\"actions.cancelPreload\" data-wp-on-window--resize=\"callbacks.setButtonStyles\" src=\"https:\/\/loudavymkrokem.cz\/wp-content\/uploads\/2026\/06\/islB-220384-220695.jpg\" alt=\"Sininen luola Bi\u0161evolla\" class=\"wp-image-220908\" title=\"\" srcset=\"https:\/\/loudavymkrokem.cz\/wp-content\/uploads\/2026\/06\/islB-220384-220695.jpg 1600w, https:\/\/loudavymkrokem.cz\/wp-content\/uploads\/2026\/06\/islB-220384-220695-300x169.jpg 300w, https:\/\/loudavymkrokem.cz\/wp-content\/uploads\/2026\/06\/islB-220384-220695-700x394.jpg 700w, https:\/\/loudavymkrokem.cz\/wp-content\/uploads\/2026\/06\/islB-220384-220695-768x432.jpg 768w, https:\/\/loudavymkrokem.cz\/wp-content\/uploads\/2026\/06\/islB-220384-220695-1536x864.jpg 1536w, https:\/\/loudavymkrokem.cz\/wp-content\/uploads\/2026\/06\/islB-220384-220695-696x392.jpg 696w, https:\/\/loudavymkrokem.cz\/wp-content\/uploads\/2026\/06\/islB-220384-220695-1392x783.jpg 1392w\" sizes=\"(max-width: 1600px) 100vw, 1600px\" \/><button\n\t\t\tclass=\"lightbox-trigger\"\n\t\t\ttype=\"button\"\n\t\t\taria-haspopup=\"dialog\"\n\t\t\tdata-wp-bind--aria-label=\"state.thisImage.triggerButtonAriaLabel\"\n\t\t\tdata-wp-init=\"callbacks.initTriggerButton\"\n\t\t\tdata-wp-on--click=\"actions.showLightbox\"\n\t\t\tdata-wp-style--right=\"state.thisImage.buttonRight\"\n\t\t\tdata-wp-style--top=\"state.thisImage.buttonTop\"\n\t\t>\n\t\t\t<svg xmlns=\"http:\/\/www.w3.org\/2000\/svg\" width=\"12\" height=\"12\" fill=\"none\" viewBox=\"0 0 12 12\">\n\t\t\t\t<path fill=\"#fff\" d=\"M2 0a2 2 0 0 0-2 2v2h1.5V2a.5.5 0 0 1 .5-.5h2V0H2Zm2 10.5H2a.5.5 0 0 1-.5-.5V8H0v2a2 2 0 0 0 2 2h2v-1.5ZM8 12v-1.5h2a.5.5 0 0 0 .5-.5V8H12v2a2 2 0 0 1-2 2H8Zm2-12a2 2 0 0 1 2 2v2h-1.5V2a.5.5 0 0 0-.5-.5H8V0h2Z\" \/>\n\t\t\t<\/svg>\n\t\t<\/button><\/figure>\n\n\n\n<h3 class=\"wp-block-heading\"><span class=\"ez-toc-section\" id=\"1_Sininen_luola_Bisevon_pikkusaarella\"><\/span>1. Sininen luola Bi\u0161evon pikkusaarella<span class=\"ez-toc-section-end\"><\/span><\/h3>\n\n\n\n<p class=\"wp-block-paragraph\">Sininen luola, jota paikalliset kutsuvat nimell\u00e4 Modra \u0161pilja, on ep\u00e4ilem\u00e4tt\u00e4 <strong>koko etel\u00e4isen Dalmatian alueen suurin turistimagneetti<\/strong>. Se sijaitsee pienell\u00e4 naapuripikkusaarella Bi\u0161evolla, ja sen uskomaton lumovoima piilee auringons\u00e4teiss\u00e4, jotka tunkeutuvat vedenalaisen kallioaukon kautta ja <strong>v\u00e4rj\u00e4\u00e4v\u00e4t koko luolan sis\u00e4tilan hehkuvan neonsiniseksi<\/strong>. T\u00e4m\u00e4 harvinainen luonnonilmi\u00f6 houkuttelee vuosittain satojatuhansia k\u00e4vij\u00f6it\u00e4 ymp\u00e4ri maailmaa.<\/p>\n\n\n\n<p class=\"wp-block-paragraph\">Retket luolaan toimivat <strong>ainoastaan huhtikuun alusta marraskuun alkuun<\/strong>, ja p\u00e4\u00e4symaksu vaihtelee kulloisenkin sesongin mukaan. Vuoden 2025 huippukaudella, joka kest\u00e4\u00e4 20. kes\u00e4kuuta 10. syyskuuta asti, aikuiset maksavat sis\u00e4\u00e4np\u00e4\u00e4syst\u00e4 24 euroa, kun taas huippukauden ulkopuolella hinta laskee 18 euroon. <strong>Parhaat valo-olosuhteet sis\u00e4ll\u00e4 vallitsevat kello yhdeks\u00e4n ja kolmentoista v\u00e4lill\u00e4<\/strong>, joten suosittelen l\u00e4htem\u00e4\u00e4n retkelle heti aikaisin aamulla, jotta v\u00e4lt\u00e4t jonottamisen, joka voi kes\u00e4ll\u00e4 veny\u00e4 kymmenest\u00e4 minuutista kahteen tuntiin.<\/p>\n\n\n\n<p class=\"wp-block-paragraph\">Muista, ett\u00e4 <strong>uiminen on Sinisen luolan sis\u00e4ll\u00e4 ehdottomasti kielletty<\/strong> herk\u00e4n luonnon suojelemiseksi sek\u00e4 retkiveneiden vilkkaan liikenteen vuoksi. Vierailu tapahtuu ainoastaan niin, ett\u00e4 ennen luolaa vaihdat pieneen puuveneeseen, hyvin matalasta sis\u00e4\u00e4nk\u00e4ynnist\u00e4 l\u00e4pi kulkiessasi sinun on kumarrettava p\u00e4\u00e4t\u00e4si, ja <strong>itse luolan sis\u00e4ll\u00e4 viet\u00e4t noin viidest\u00e4 kymmeneen minuuttiin<\/strong>. Voimakkaan etel\u00e4tuulen tai korkean nousuveden vuoksi luola voi joskus olla aivan yll\u00e4tt\u00e4en suljettu yleis\u00f6lt\u00e4.<\/p>\n\n\n\n<p class=\"wp-block-paragraph\">\ud83d\udca1 <strong>Vinkki:<\/strong> Liput ja t\u00e4ydelliset retket voit hankkia hyvin helposti monilta paikallisilta toimistoilta suoraan Komi\u017ean rantabulevardilta, tai vaihtoehtoisesti tutkia niit\u00e4 rauhassa esimerkiksi GetYourGuiden kaltaisilla portaaleilla.<\/p>\n\n\n\n<figure data-wp-context=\"{&quot;imageId&quot;:&quot;6a9ad8b451b52&quot;}\" data-wp-interactive=\"core\/image\" data-wp-key=\"6a9ad8b451b52\" class=\"wp-block-image size-full wp-lightbox-container\"><img decoding=\"async\" width=\"1600\" height=\"1200\" data-wp-class--hide=\"state.isContentHidden\" data-wp-class--show=\"state.isContentVisible\" data-wp-init=\"callbacks.setButtonStyles\" data-wp-on--click=\"actions.showLightbox\" data-wp-on--load=\"callbacks.setButtonStyles\" data-wp-on--pointerdown=\"actions.preloadImage\" data-wp-on--pointerenter=\"actions.preloadImageWithDelay\" data-wp-on--pointerleave=\"actions.cancelPreload\" data-wp-on-window--resize=\"callbacks.setButtonStyles\" src=\"https:\/\/loudavymkrokem.cz\/wp-content\/uploads\/2026\/06\/vis-island-croatia-mesto-vis-a-pozustatky-anti-px.jpg\" alt=\"Visin kaupunki ja antiikin Issan j\u00e4\u00e4nteet\" class=\"wp-image-220696\" title=\"\" srcset=\"https:\/\/loudavymkrokem.cz\/wp-content\/uploads\/2026\/06\/vis-island-croatia-mesto-vis-a-pozustatky-anti-px.jpg 1600w, https:\/\/loudavymkrokem.cz\/wp-content\/uploads\/2026\/06\/vis-island-croatia-mesto-vis-a-pozustatky-anti-px-300x225.jpg 300w, https:\/\/loudavymkrokem.cz\/wp-content\/uploads\/2026\/06\/vis-island-croatia-mesto-vis-a-pozustatky-anti-px-700x525.jpg 700w, https:\/\/loudavymkrokem.cz\/wp-content\/uploads\/2026\/06\/vis-island-croatia-mesto-vis-a-pozustatky-anti-px-768x576.jpg 768w, https:\/\/loudavymkrokem.cz\/wp-content\/uploads\/2026\/06\/vis-island-croatia-mesto-vis-a-pozustatky-anti-px-1536x1152.jpg 1536w, https:\/\/loudavymkrokem.cz\/wp-content\/uploads\/2026\/06\/vis-island-croatia-mesto-vis-a-pozustatky-anti-px-80x60.jpg 80w, https:\/\/loudavymkrokem.cz\/wp-content\/uploads\/2026\/06\/vis-island-croatia-mesto-vis-a-pozustatky-anti-px-160x120.jpg 160w, https:\/\/loudavymkrokem.cz\/wp-content\/uploads\/2026\/06\/vis-island-croatia-mesto-vis-a-pozustatky-anti-px-696x522.jpg 696w, https:\/\/loudavymkrokem.cz\/wp-content\/uploads\/2026\/06\/vis-island-croatia-mesto-vis-a-pozustatky-anti-px-1392x1044.jpg 1392w\" sizes=\"(max-width: 1600px) 100vw, 1600px\" \/><button\n\t\t\tclass=\"lightbox-trigger\"\n\t\t\ttype=\"button\"\n\t\t\taria-haspopup=\"dialog\"\n\t\t\tdata-wp-bind--aria-label=\"state.thisImage.triggerButtonAriaLabel\"\n\t\t\tdata-wp-init=\"callbacks.initTriggerButton\"\n\t\t\tdata-wp-on--click=\"actions.showLightbox\"\n\t\t\tdata-wp-style--right=\"state.thisImage.buttonRight\"\n\t\t\tdata-wp-style--top=\"state.thisImage.buttonTop\"\n\t\t>\n\t\t\t<svg xmlns=\"http:\/\/www.w3.org\/2000\/svg\" width=\"12\" height=\"12\" fill=\"none\" viewBox=\"0 0 12 12\">\n\t\t\t\t<path fill=\"#fff\" d=\"M2 0a2 2 0 0 0-2 2v2h1.5V2a.5.5 0 0 1 .5-.5h2V0H2Zm2 10.5H2a.5.5 0 0 1-.5-.5V8H0v2a2 2 0 0 0 2 2h2v-1.5ZM8 12v-1.5h2a.5.5 0 0 0 .5-.5V8H12v2a2 2 0 0 1-2 2H8Zm2-12a2 2 0 0 1 2 2v2h-1.5V2a.5.5 0 0 0-.5-.5H8V0h2Z\" \/>\n\t\t\t<\/svg>\n\t\t<\/button><figcaption class=\"wp-element-caption\">Kuva: DeLuca G \/ Pexels<\/figcaption><\/figure>\n\n\n\n<h3 class=\"wp-block-heading\"><span class=\"ez-toc-section\" id=\"2_Visin_kaupunki_ja_antiikin_Issan_jaanteet\"><\/span>2. Visin kaupunki ja antiikin Issan j\u00e4\u00e4nteet<span class=\"ez-toc-section-end\"><\/span><\/h3>\n\n\n\n<p class=\"wp-block-paragraph\">P\u00e4\u00e4kaupunki Vis, johon kaikki suuret lautat mantereelta s\u00e4\u00e4nn\u00f6llisesti saapuvat, on <strong>kiehtova sekoitus vanhaa venetsialaista arkkitehtuuria ja syv\u00e4\u00e4 muinaista historiaa<\/strong>. Kaupunki levitt\u00e4ytyy hyvin maalauksellisesti syv\u00e4\u00e4n luonnonlahteen, ja sen pitk\u00e4 rantapromenadi on korkeiden palmujen, kahviloiden ja loistokkaiden ankkuroitujen jahtien reunustama. <strong>Rauhallisella k\u00e4velyll\u00e4 kapeilla kivetyill\u00e4 kujilla t\u00f6rm\u00e4\u00e4t vanhoihin kivitaloihin<\/strong>, jotka muistavat kokonaisia vuosisatoja saaren myrskyis\u00e4\u00e4 kehityst\u00e4.<\/p>\n\n\n\n<p class=\"wp-block-paragraph\">Harva tavallinen k\u00e4vij\u00e4 tiet\u00e4\u00e4, ett\u00e4 Vis on <strong>yksi koko Kroatian vanhimmista pysyv\u00e4sti asutuista kaupungeista<\/strong>. Sen mutkikkaat juuret ulottuvat aina nelj\u00e4nnen vuosisadan taitteeseen ennen ajanlaskumme alkua, jolloin kuuluisa kreikkalainen hallitsija Dionysios Vanhempi Syrakusasta perusti t\u00e4nne <strong>mahtavan siirtokunnan nimelt\u00e4 Issa<\/strong>, joka toimi pitk\u00e4\u00e4n eritt\u00e4in t\u00e4rke\u00e4n\u00e4 koko Adrianmeren kauppasolmuna. L\u00e4hell\u00e4 nykyist\u00e4 p\u00e4\u00e4satamaa voit yh\u00e4 rauhassa ihailla alkuper\u00e4isten kreikkalaisten muurien massiivisia j\u00e4\u00e4nteit\u00e4.<\/p>\n\n\n\n<p class=\"wp-block-paragraph\">Jos muinainen historia kiinnostaa sinua, l\u00e4hde ehdottomasti tutkimaan l\u00e4helt\u00e4 <strong>antiikin roomalaisten kylpyl\u00f6iden laajoja j\u00e4\u00e4nteit\u00e4<\/strong>, jotka sijaitsevat aivan vilkkaan rantabulevardin l\u00e4heisyydess\u00e4. Paikan p\u00e4\u00e4ll\u00e4 n\u00e4et hyvin s\u00e4ilyneet rakennusten pohjapiirrokset, ja toisinaan erottuvat my\u00f6s pienet fragmentit alkuper\u00e4isist\u00e4 v\u00e4rikk\u00e4ist\u00e4 mosaiikeista ja muinaisista saviamforoista. <strong>Paikallinen arkeologinen museo, joka sijaitsee majesteettisessa it\u00e4valtalaisessa Batarijan linnoituksessa<\/strong>, k\u00e4tkee valtavan m\u00e4\u00e4r\u00e4n kiehtovia kaivausl\u00f6yt\u00f6j\u00e4 juuri t\u00e4lt\u00e4 kuuluisalta ajalta.<\/p>\n\n\n\n<p class=\"wp-block-paragraph\">\ud83d\udca1 <strong>Vinkki:<\/strong> Kaupungissa on paras ja romanttisin tunnelma illansuussa, kun <strong>laskeva aurinko v\u00e4rj\u00e4\u00e4 historialliset venetsialaiset julkisivut kultaisiksi<\/strong> ja paikalliset alkavat hitaasti kokoontua sataman varren ravintoloihin.<\/p>\n\n\n\n<figure data-wp-context=\"{&quot;imageId&quot;:&quot;6a9ad8b451f8b&quot;}\" data-wp-interactive=\"core\/image\" data-wp-key=\"6a9ad8b451f8b\" class=\"wp-block-image size-full wp-lightbox-container\"><img decoding=\"async\" width=\"1600\" height=\"961\" data-wp-class--hide=\"state.isContentHidden\" data-wp-class--show=\"state.isContentVisible\" data-wp-init=\"callbacks.setButtonStyles\" data-wp-on--click=\"actions.showLightbox\" data-wp-on--load=\"callbacks.setButtonStyles\" data-wp-on--pointerdown=\"actions.preloadImage\" data-wp-on--pointerenter=\"actions.preloadImageWithDelay\" data-wp-on--pointerleave=\"actions.cancelPreload\" data-wp-on-window--resize=\"callbacks.setButtonStyles\" src=\"https:\/\/loudavymkrokem.cz\/wp-content\/uploads\/2026\/06\/islB-220384-220701.jpg\" alt=\"Stinivan lahti\" class=\"wp-image-220909\" title=\"\" srcset=\"https:\/\/loudavymkrokem.cz\/wp-content\/uploads\/2026\/06\/islB-220384-220701.jpg 1600w, https:\/\/loudavymkrokem.cz\/wp-content\/uploads\/2026\/06\/islB-220384-220701-300x180.jpg 300w, https:\/\/loudavymkrokem.cz\/wp-content\/uploads\/2026\/06\/islB-220384-220701-700x420.jpg 700w, https:\/\/loudavymkrokem.cz\/wp-content\/uploads\/2026\/06\/islB-220384-220701-768x461.jpg 768w, https:\/\/loudavymkrokem.cz\/wp-content\/uploads\/2026\/06\/islB-220384-220701-1536x923.jpg 1536w, https:\/\/loudavymkrokem.cz\/wp-content\/uploads\/2026\/06\/islB-220384-220701-696x418.jpg 696w, https:\/\/loudavymkrokem.cz\/wp-content\/uploads\/2026\/06\/islB-220384-220701-1392x836.jpg 1392w\" sizes=\"(max-width: 1600px) 100vw, 1600px\" \/><button\n\t\t\tclass=\"lightbox-trigger\"\n\t\t\ttype=\"button\"\n\t\t\taria-haspopup=\"dialog\"\n\t\t\tdata-wp-bind--aria-label=\"state.thisImage.triggerButtonAriaLabel\"\n\t\t\tdata-wp-init=\"callbacks.initTriggerButton\"\n\t\t\tdata-wp-on--click=\"actions.showLightbox\"\n\t\t\tdata-wp-style--right=\"state.thisImage.buttonRight\"\n\t\t\tdata-wp-style--top=\"state.thisImage.buttonTop\"\n\t\t>\n\t\t\t<svg xmlns=\"http:\/\/www.w3.org\/2000\/svg\" width=\"12\" height=\"12\" fill=\"none\" viewBox=\"0 0 12 12\">\n\t\t\t\t<path fill=\"#fff\" d=\"M2 0a2 2 0 0 0-2 2v2h1.5V2a.5.5 0 0 1 .5-.5h2V0H2Zm2 10.5H2a.5.5 0 0 1-.5-.5V8H0v2a2 2 0 0 0 2 2h2v-1.5ZM8 12v-1.5h2a.5.5 0 0 0 .5-.5V8H12v2a2 2 0 0 1-2 2H8Zm2-12a2 2 0 0 1 2 2v2h-1.5V2a.5.5 0 0 0-.5-.5H8V0h2Z\" \/>\n\t\t\t<\/svg>\n\t\t<\/button><\/figure>\n\n\n\n<h3 class=\"wp-block-heading\"><span class=\"ez-toc-section\" id=\"3_Ikoninen_Stinivan_ranta_kapeassa_lahdessa\"><\/span>3. Ikoninen Stinivan ranta kapeassa lahdessa<span class=\"ez-toc-section-end\"><\/span><\/h3>\n\n\n\n<p class=\"wp-block-paragraph\">Saaren rosoisella etel\u00e4rannikolla sijaitseva Stinivan lahti on <strong>visuaalisesti aivan h\u00e4mm\u00e4stytt\u00e4v\u00e4 paikka<\/strong>, joka n\u00e4ytt\u00e4\u00e4 lintuperspektiivist\u00e4 valtavalta luonnon kallioamfiteatterilta. Sis\u00e4\u00e4nk\u00e4ynti t\u00e4h\u00e4n lahteen avomerelt\u00e4 on <strong>vain viisi metri\u00e4 leve\u00e4<\/strong>, ja sen takana piileksii vasta ihana pieni ranta hyvin hienoine valkoisine pikkukivineen, joka on noin nelj\u00e4kymment\u00e4 metri\u00e4 pitk\u00e4. Juuri t\u00e4m\u00e4n aivan ainutlaatuisen topografian ansiosta Stiniva sai vuonna 2016 brysselil\u00e4isess\u00e4 \u00e4\u00e4nestyksess\u00e4 arvostetun palkinnon Euroopan kauneimpana rantana.<\/p>\n\n\n\n<p class=\"wp-block-paragraph\">T\u00e4lle piilotetulle rannalle p\u00e4\u00e4seminen maitse vaatii kuitenkin <strong>melko hyv\u00e4\u00e4 fyysist\u00e4 kuntoa ja tukevat keng\u00e4t<\/strong>. Jos p\u00e4\u00e4t\u00e4t k\u00e4vell\u00e4, edess\u00e4si on \u017du\u017eecin pienelt\u00e4 kyl\u00e4lt\u00e4 hyvin jyrkk\u00e4 ja paikoin vaarallinen polku alas, jonka taittamiseen menee noin kaksikymment\u00e4 minuuttia. T\u00e4m\u00e4 matka <strong>ei todellakaan sovi pienille lapsille tai liikuntarajoitteisille<\/strong>, \u00e4l\u00e4k\u00e4 tavallisilla rantasandaaleilla mieluummin edes yrit\u00e4 sit\u00e4, sill\u00e4 nilkan nyrj\u00e4ht\u00e4misen riski on todellinen.<\/p>\n\n\n\n<p class=\"wp-block-paragraph\">Mukavampi vaihtoehto on <strong>saapua Stinivaan vesitse veneell\u00e4<\/strong> jollakin monista j\u00e4rjestetyist\u00e4 retkist\u00e4. Suuremmat retkiveneet eiv\u00e4t luonnollisestikaan turvallisuussyist\u00e4 saa kulkea kapean kallionkurkun l\u00e4pi, joten ne j\u00e4tt\u00e4v\u00e4t sinut hieman ennen sit\u00e4 avomerelle, ja <strong>loppumatkan itse rannalle sinun on yksinkertaisesti uitava<\/strong>. Koska lahti on hyvin tiiviisti korkeiden kallioiden ymp\u00e4r\u00f6im\u00e4, suora aurinko paistaa t\u00e4nne vain tietyn osan p\u00e4iv\u00e4st\u00e4.<\/p>\n\n\n\n<p class=\"wp-block-paragraph\">\ud83d\udca1 <strong>Vinkki:<\/strong> Jos haluat nauttia henke\u00e4salpaavasta Stinivasta suhteellisen rauhassa, <strong>l\u00e4hde t\u00e4nne heti hyvin aikaisin aamulla<\/strong>, ennen kuin ensimm\u00e4iset meluisat retkiveneet saapuvat naapurisaari Hvarilta ja ranta t\u00e4yttyy kokonaan.<\/p>\n\n\n\n<figure data-wp-context=\"{&quot;imageId&quot;:&quot;6a9ad8b4524ff&quot;}\" data-wp-interactive=\"core\/image\" data-wp-key=\"6a9ad8b4524ff\" class=\"wp-block-image size-full wp-lightbox-container\"><img decoding=\"async\" width=\"1600\" height=\"836\" data-wp-class--hide=\"state.isContentHidden\" data-wp-class--show=\"state.isContentVisible\" data-wp-init=\"callbacks.setButtonStyles\" data-wp-on--click=\"actions.showLightbox\" data-wp-on--load=\"callbacks.setButtonStyles\" data-wp-on--pointerdown=\"actions.preloadImage\" data-wp-on--pointerenter=\"actions.preloadImageWithDelay\" data-wp-on--pointerleave=\"actions.cancelPreload\" data-wp-on-window--resize=\"callbacks.setButtonStyles\" src=\"https:\/\/loudavymkrokem.cz\/wp-content\/uploads\/2026\/06\/islB-220384-220711.jpg\" alt=\"Komi\u017ea\" class=\"wp-image-220911\" title=\"\" srcset=\"https:\/\/loudavymkrokem.cz\/wp-content\/uploads\/2026\/06\/islB-220384-220711.jpg 1600w, https:\/\/loudavymkrokem.cz\/wp-content\/uploads\/2026\/06\/islB-220384-220711-300x157.jpg 300w, https:\/\/loudavymkrokem.cz\/wp-content\/uploads\/2026\/06\/islB-220384-220711-700x366.jpg 700w, https:\/\/loudavymkrokem.cz\/wp-content\/uploads\/2026\/06\/islB-220384-220711-768x401.jpg 768w, https:\/\/loudavymkrokem.cz\/wp-content\/uploads\/2026\/06\/islB-220384-220711-1536x803.jpg 1536w, https:\/\/loudavymkrokem.cz\/wp-content\/uploads\/2026\/06\/islB-220384-220711-696x364.jpg 696w, https:\/\/loudavymkrokem.cz\/wp-content\/uploads\/2026\/06\/islB-220384-220711-1392x727.jpg 1392w\" sizes=\"(max-width: 1600px) 100vw, 1600px\" \/><button\n\t\t\tclass=\"lightbox-trigger\"\n\t\t\ttype=\"button\"\n\t\t\taria-haspopup=\"dialog\"\n\t\t\tdata-wp-bind--aria-label=\"state.thisImage.triggerButtonAriaLabel\"\n\t\t\tdata-wp-init=\"callbacks.initTriggerButton\"\n\t\t\tdata-wp-on--click=\"actions.showLightbox\"\n\t\t\tdata-wp-style--right=\"state.thisImage.buttonRight\"\n\t\t\tdata-wp-style--top=\"state.thisImage.buttonTop\"\n\t\t>\n\t\t\t<svg xmlns=\"http:\/\/www.w3.org\/2000\/svg\" width=\"12\" height=\"12\" fill=\"none\" viewBox=\"0 0 12 12\">\n\t\t\t\t<path fill=\"#fff\" d=\"M2 0a2 2 0 0 0-2 2v2h1.5V2a.5.5 0 0 1 .5-.5h2V0H2Zm2 10.5H2a.5.5 0 0 1-.5-.5V8H0v2a2 2 0 0 0 2 2h2v-1.5ZM8 12v-1.5h2a.5.5 0 0 0 .5-.5V8H12v2a2 2 0 0 1-2 2H8Zm2-12a2 2 0 0 1 2 2v2h-1.5V2a.5.5 0 0 0-.5-.5H8V0h2Z\" \/>\n\t\t\t<\/svg>\n\t\t<\/button><\/figure>\n\n\n\n<h3 class=\"wp-block-heading\"><span class=\"ez-toc-section\" id=\"4_Kalastajakaupunki_Komiza\"><\/span>4. Kalastajakaupunki Komi\u017ea<span class=\"ez-toc-section-end\"><\/span><\/h3>\n\n\n\n<p class=\"wp-block-paragraph\">Komi\u017ea on ilman mink\u00e4\u00e4nlaista liioittelua <strong>yksi koko nykyisen Kroatian maalauksellisimmista kalastajakaupungeista<\/strong>. Se sijaitsee saaren aurinkoisella l\u00e4nsirannikolla, ja p\u00e4\u00e4kaupunki Visist\u00e4 sen erottaa noin kaksikymment\u00e4viisi minuuttia rauhallista automatkaa eritt\u00e4in m\u00e4kisen sis\u00e4maan halki. <strong>Sen yleistunnelma on paljon villimpi ja perinteisempi<\/strong>, kivetyt kujat ovat huomattavasti kapeampia ja korkeiden kivitalojen rapistuneet julkisivut hehkuvat kaikissa v\u00e4reiss\u00e4 ter\u00e4v\u00e4n dalmatialaisen auringon alla.<\/p>\n\n\n\n<p class=\"wp-block-paragraph\">T\u00e4ll\u00e4 kaupungilla on <strong>syv\u00e4lle juurtunut ja hyvin ylpe\u00e4 kalastusperinne<\/strong>, jota t\u00e4k\u00e4l\u00e4iset asukkaat pit\u00e4v\u00e4t rakkaudella elossa t\u00e4h\u00e4n p\u00e4iv\u00e4\u00e4n asti. Koko sataman p\u00e4\u00e4dominantti on vanha mahtava venetsialainen 1500-luvun Ka\u0161tel-torni, jossa nyky\u00e4\u00e4n sijaitsee <strong>hyvin mielenkiintoinen interaktiivinen kalastusmuseo<\/strong>. Sis\u00e4ll\u00e4 voit noin kolmen euron p\u00e4\u00e4symaksulla ihailla tarkkaa puista j\u00e4ljenn\u00f6st\u00e4 perinteisest\u00e4 kalastusveneest\u00e4 nimelt\u00e4 falku\u0161a, ja koko kierros vie sinulta miellytt\u00e4v\u00e4n alle tunnin.<\/p>\n\n\n\n<p class=\"wp-block-paragraph\">Rantabulevardilla k\u00e4velless\u00e4si muistat aivan varmasti <strong>iloisia kohtauksia suositusta elokuvasta Mamma Mia 2<\/strong>, joita kuvattiin juuri paikallisilla mutkittelevilla kujilla ja ymp\u00e4r\u00f6ivill\u00e4 rannoilla. Kuuluisa puinen ravintola Jasto\u017eera, joka on rakennettu paaluille suoraan merenpinnan yl\u00e4puolelle, toimi elokuvantekij\u00f6ille <strong>t\u00e4ydellisen\u00e4 kulissina elokuvan kreikkalaiselle tavernalle<\/strong>. Paikallinen saaristoerikoisuus, jota sinulle tarjotaan kaikkialla, on my\u00f6s perinteinen v\u00e4kev\u00e4 rakija, jota on maustettu johannesleip\u00e4puulla eli karobilla.<\/p>\n\n\n\n<p class=\"wp-block-paragraph\">\ud83d\udca1 <strong>Vinkki:<\/strong> Komi\u017ea on suunnattu suoraan avoimeen l\u00e4nteen, mik\u00e4 tekee siit\u00e4 luonnollisesti <strong>ehdottomasti parhaan paikan koko saarella pitkien romanttisten auringonlaskujen katseluun<\/strong> lasi k\u00e4dess\u00e4.<\/p>\n\n\n\n<figure data-wp-context=\"{&quot;imageId&quot;:&quot;6a9ad8b45299b&quot;}\" data-wp-interactive=\"core\/image\" data-wp-key=\"6a9ad8b45299b\" class=\"wp-block-image size-full wp-lightbox-container\"><img decoding=\"async\" width=\"1600\" height=\"900\" data-wp-class--hide=\"state.isContentHidden\" data-wp-class--show=\"state.isContentVisible\" data-wp-init=\"callbacks.setButtonStyles\" data-wp-on--click=\"actions.showLightbox\" data-wp-on--load=\"callbacks.setButtonStyles\" data-wp-on--pointerdown=\"actions.preloadImage\" data-wp-on--pointerenter=\"actions.preloadImageWithDelay\" data-wp-on--pointerleave=\"actions.cancelPreload\" data-wp-on-window--resize=\"callbacks.setButtonStyles\" src=\"https:\/\/loudavymkrokem.cz\/wp-content\/uploads\/2026\/06\/islB-220384-220713.jpg\" alt=\"Vihre\u00e4 luola\" class=\"wp-image-220912\" title=\"\" srcset=\"https:\/\/loudavymkrokem.cz\/wp-content\/uploads\/2026\/06\/islB-220384-220713.jpg 1600w, https:\/\/loudavymkrokem.cz\/wp-content\/uploads\/2026\/06\/islB-220384-220713-300x169.jpg 300w, https:\/\/loudavymkrokem.cz\/wp-content\/uploads\/2026\/06\/islB-220384-220713-700x394.jpg 700w, https:\/\/loudavymkrokem.cz\/wp-content\/uploads\/2026\/06\/islB-220384-220713-768x432.jpg 768w, https:\/\/loudavymkrokem.cz\/wp-content\/uploads\/2026\/06\/islB-220384-220713-1536x864.jpg 1536w, https:\/\/loudavymkrokem.cz\/wp-content\/uploads\/2026\/06\/islB-220384-220713-696x392.jpg 696w, https:\/\/loudavymkrokem.cz\/wp-content\/uploads\/2026\/06\/islB-220384-220713-1392x783.jpg 1392w\" sizes=\"(max-width: 1600px) 100vw, 1600px\" \/><button\n\t\t\tclass=\"lightbox-trigger\"\n\t\t\ttype=\"button\"\n\t\t\taria-haspopup=\"dialog\"\n\t\t\tdata-wp-bind--aria-label=\"state.thisImage.triggerButtonAriaLabel\"\n\t\t\tdata-wp-init=\"callbacks.initTriggerButton\"\n\t\t\tdata-wp-on--click=\"actions.showLightbox\"\n\t\t\tdata-wp-style--right=\"state.thisImage.buttonRight\"\n\t\t\tdata-wp-style--top=\"state.thisImage.buttonTop\"\n\t\t>\n\t\t\t<svg xmlns=\"http:\/\/www.w3.org\/2000\/svg\" width=\"12\" height=\"12\" fill=\"none\" viewBox=\"0 0 12 12\">\n\t\t\t\t<path fill=\"#fff\" d=\"M2 0a2 2 0 0 0-2 2v2h1.5V2a.5.5 0 0 1 .5-.5h2V0H2Zm2 10.5H2a.5.5 0 0 1-.5-.5V8H0v2a2 2 0 0 0 2 2h2v-1.5ZM8 12v-1.5h2a.5.5 0 0 0 .5-.5V8H12v2a2 2 0 0 1-2 2H8Zm2-12a2 2 0 0 1 2 2v2h-1.5V2a.5.5 0 0 0-.5-.5H8V0h2Z\" \/>\n\t\t\t<\/svg>\n\t\t<\/button><\/figure>\n\n\n\n<h3 class=\"wp-block-heading\"><span class=\"ez-toc-section\" id=\"5_Vihrea_luola_Ravnikin_pikkusaarella\"><\/span>5. Vihre\u00e4 luola Ravnikin pikkusaarella<span class=\"ez-toc-section-end\"><\/span><\/h3>\n\n\n\n<p class=\"wp-block-paragraph\">Kun kuuluisa Sininen luola ker\u00e4\u00e4 vuosittain suurimman osan turistikunniasta, <strong>Vihre\u00e4 luola eli paikallisesti Zelena \u0161pilja<\/strong> tarjoaa hyvin mielenkiintoisen ja huomattavasti v\u00e4hemm\u00e4n ruuhkaisen luonnonvaihtoehdon. L\u00f6yd\u00e4t sen pienelt\u00e4 asumattomalta Ravnikin pikkusaarelta l\u00e4hell\u00e4 Visin kaakkoisrannikkoa. Sen osuva nimi on johdettu <strong>maagisesta smaragdinvihre\u00e4st\u00e4 heijastuksesta<\/strong>, jonka suorat auringons\u00e4teet luovat tunkeutuessaan suuresta py\u00f6re\u00e4st\u00e4 aukosta suoraan luolan kalkkikivikatossa.<\/p>\n\n\n\n<p class=\"wp-block-paragraph\">Vihre\u00e4n luolan valtava k\u00e4yt\u00e4nn\u00f6n etu on se, ett\u00e4 <strong>sen p\u00e4\u00e4sis\u00e4\u00e4nk\u00e4ynti merelt\u00e4 on hyvin tilava<\/strong>, joten t\u00e4nne p\u00e4\u00e4sev\u00e4t aivan helposti ja turvallisesti sis\u00e4\u00e4n my\u00f6s hieman suuremmat turistiretkiveneet. Kaikkein suurin ja t\u00e4rkein ero Siniseen luolaan verrattuna on kuitenkin se, ett\u00e4 <strong>Vihre\u00e4n luolan sis\u00e4ll\u00e4 on virallisesti ja aivan laillisesti sallittua uida ja snorklata<\/strong>. Kokemus vapaasta uimisesta hehkuvan vihre\u00e4ss\u00e4 vedess\u00e4 mahtavan kallioholvin alla on yksinkertaisesti unohtumaton.<\/p>\n\n\n\n<p class=\"wp-block-paragraph\">T\u00e4m\u00e4 upea luola on ollut tiukasti suojeltu luonnonmuistomerkki jo vuodesta 1967, ja <strong>nyky\u00e4\u00e4n se muodostaa hyvin t\u00e4rke\u00e4n osan koko paikallista geopuistoa<\/strong>. Voimakkaimman ja kauneimman vihre\u00e4n valon visuaalisen tehon koet loogisesti keskip\u00e4iv\u00e4n tienoilla kuumina kes\u00e4p\u00e4ivin\u00e4, kun aurinko on korkeimmillaan taivaalla. Suurin osa paikallisista laivayhti\u00f6ist\u00e4 Komi\u017easta tai Visist\u00e4 tarjoaa <strong>yhdistettyj\u00e4 koko p\u00e4iv\u00e4n retki\u00e4, joiden aikana k\u00e4yt mukavasti sek\u00e4 Sinisess\u00e4 ett\u00e4 Vihre\u00e4ss\u00e4 luolassa<\/strong> yhden ainoan merip\u00e4iv\u00e4n aikana.<\/p>\n\n\n\n<p class=\"wp-block-paragraph\">\ud83d\udca1 <strong>Vinkki:<\/strong> Muista ehdottomasti ottaa veneeseen mukaan <strong>laadukkaat sukelluslasit snorklaamiseen<\/strong>, sill\u00e4 vedenalainen el\u00e4m\u00e4 luolan v\u00e4litt\u00f6m\u00e4ss\u00e4 l\u00e4heisyydess\u00e4 on yll\u00e4tt\u00e4v\u00e4n rikasta ja kauniin v\u00e4rik\u00e4st\u00e4.<\/p>\n\n\n\n<figure data-wp-context=\"{&quot;imageId&quot;:&quot;6a9ad8b452f31&quot;}\" data-wp-interactive=\"core\/image\" data-wp-key=\"6a9ad8b452f31\" class=\"wp-block-image size-full wp-lightbox-container\"><img decoding=\"async\" width=\"1600\" height=\"900\" data-wp-class--hide=\"state.isContentHidden\" data-wp-class--show=\"state.isContentVisible\" data-wp-init=\"callbacks.setButtonStyles\" data-wp-on--click=\"actions.showLightbox\" data-wp-on--load=\"callbacks.setButtonStyles\" data-wp-on--pointerdown=\"actions.preloadImage\" data-wp-on--pointerenter=\"actions.preloadImageWithDelay\" data-wp-on--pointerleave=\"actions.cancelPreload\" data-wp-on-window--resize=\"callbacks.setButtonStyles\" src=\"https:\/\/loudavymkrokem.cz\/wp-content\/uploads\/2026\/06\/islB-220384-220714.jpg\" alt=\"Visin sotilastunnelit\" class=\"wp-image-220913\" title=\"\" srcset=\"https:\/\/loudavymkrokem.cz\/wp-content\/uploads\/2026\/06\/islB-220384-220714.jpg 1600w, https:\/\/loudavymkrokem.cz\/wp-content\/uploads\/2026\/06\/islB-220384-220714-300x169.jpg 300w, https:\/\/loudavymkrokem.cz\/wp-content\/uploads\/2026\/06\/islB-220384-220714-700x394.jpg 700w, https:\/\/loudavymkrokem.cz\/wp-content\/uploads\/2026\/06\/islB-220384-220714-768x432.jpg 768w, https:\/\/loudavymkrokem.cz\/wp-content\/uploads\/2026\/06\/islB-220384-220714-1536x864.jpg 1536w, https:\/\/loudavymkrokem.cz\/wp-content\/uploads\/2026\/06\/islB-220384-220714-696x392.jpg 696w, https:\/\/loudavymkrokem.cz\/wp-content\/uploads\/2026\/06\/islB-220384-220714-1392x783.jpg 1392w\" sizes=\"(max-width: 1600px) 100vw, 1600px\" \/><button\n\t\t\tclass=\"lightbox-trigger\"\n\t\t\ttype=\"button\"\n\t\t\taria-haspopup=\"dialog\"\n\t\t\tdata-wp-bind--aria-label=\"state.thisImage.triggerButtonAriaLabel\"\n\t\t\tdata-wp-init=\"callbacks.initTriggerButton\"\n\t\t\tdata-wp-on--click=\"actions.showLightbox\"\n\t\t\tdata-wp-style--right=\"state.thisImage.buttonRight\"\n\t\t\tdata-wp-style--top=\"state.thisImage.buttonTop\"\n\t\t>\n\t\t\t<svg xmlns=\"http:\/\/www.w3.org\/2000\/svg\" width=\"12\" height=\"12\" fill=\"none\" viewBox=\"0 0 12 12\">\n\t\t\t\t<path fill=\"#fff\" d=\"M2 0a2 2 0 0 0-2 2v2h1.5V2a.5.5 0 0 1 .5-.5h2V0H2Zm2 10.5H2a.5.5 0 0 1-.5-.5V8H0v2a2 2 0 0 0 2 2h2v-1.5ZM8 12v-1.5h2a.5.5 0 0 0 .5-.5V8H12v2a2 2 0 0 1-2 2H8Zm2-12a2 2 0 0 1 2 2v2h-1.5V2a.5.5 0 0 0-.5-.5H8V0h2Z\" \/>\n\t\t\t<\/svg>\n\t\t<\/button><\/figure>\n\n\n\n<h3 class=\"wp-block-heading\"><span class=\"ez-toc-section\" id=\"6_Sotilastunnelit_ja_Titon_luola\"><\/span>6. Sotilastunnelit ja Titon luola<span class=\"ez-toc-section-end\"><\/span><\/h3>\n\n\n\n<p class=\"wp-block-paragraph\">Vis-saarella on takanaan uskomattoman <strong>myrskyis\u00e4 ja turisteilta pitk\u00e4\u00e4n salattu sotilashistoria<\/strong>, joka on suurelta osin muovannut sen nykyisen koskemattoman ilmeen. Toisen maailmansodan p\u00e4\u00e4tytty\u00e4 saaresta tuli silloisen Jugoslavian kansanarmeijan t\u00e4rkein strateginen laivastotukikohta, ja <strong>vuoteen 1989 asti se oli tiukoista turvallisuussyist\u00e4 t\u00e4ysin suljettu<\/strong> kaikilta ulkomaisilta siviileilt\u00e4. T\u00e4m\u00e4n pitk\u00e4n eristyneisyyden ansiosta vuoristosta l\u00f6ytyy t\u00e4n\u00e4kin p\u00e4iv\u00e4n\u00e4 valtava labyrintti maanalaisia k\u00e4yt\u00e4vi\u00e4, hyl\u00e4ttyj\u00e4 bunkkereita ja tykist\u00f6suojia.<\/p>\n\n\n\n<p class=\"wp-block-paragraph\">Toisen maailmansodan aikana, tarkemmin dramaattisena vuonna 1944, saarella <strong>piileskeli vihollisilta onnistuneesti partisaanijohtaja Josip Broz Tito<\/strong>. H\u00e4nen p\u00e4\u00e4komentokeskuksensa sijaitsi vaatimattomassa luolassa korkealla kukkuloilla, joka kantaa nyky\u00e4\u00e4n nime\u00e4 Titon luola ja josta on tullut hyvin suosittu historiallisten retkien kohde. Juuri t\u00e4\u00e4lt\u00e4 Tito <strong>johti salaisia strategisia neuvottelujaan liittoutuneiden joukkojen kanssa<\/strong> ja suunnitteli yksityiskohtaisesti alueen tulevia sotilasoperaatioita.<\/p>\n\n\n\n<p class=\"wp-block-paragraph\">Aivan kiehtova kylm\u00e4n sodan betonij\u00e4\u00e4nne on my\u00f6s <strong>valtava maanalainen sukellusveneiden suoja Parjan lahdessa<\/strong>, joka on yli sata kymmenen metri\u00e4 pitk\u00e4 ja jonka sis\u00e4\u00e4najo johtaa suoraan avomerelt\u00e4. Paras tapa tutkia kaikkia n\u00e4it\u00e4 ripoteltuja sotilaskohteita turvallisesti on <strong>varata niin kutsuttu military tour avoimessa maastojeepiss\u00e4<\/strong>. Yksityinen noin kolmesta viiteen tuntia kest\u00e4v\u00e4 atomisuojien ja vanhojen tutkien kierros maksaa suuntaa antavasti 320 euroa koko ajoneuvolta.<\/p>\n\n\n\n<p class=\"wp-block-paragraph\">\ud83d\udca1 <strong>Vinkki:<\/strong> Hyl\u00e4ttyihin vanhoihin sotilastunneleihin <strong>et mieluummin koskaan l\u00e4htisi omin p\u00e4in ilman kokenutta opasta<\/strong>, sill\u00e4 monet maanalaiset k\u00e4yt\u00e4v\u00e4t ovat t\u00e4ysin valaisemattomia ja niiss\u00e4 on todellinen loukkaantumisriski.<\/p>\n\n\n\n<figure data-wp-context=\"{&quot;imageId&quot;:&quot;6a9ad8b45336c&quot;}\" data-wp-interactive=\"core\/image\" data-wp-key=\"6a9ad8b45336c\" class=\"wp-block-image size-full wp-lightbox-container\"><img decoding=\"async\" width=\"1500\" height=\"750\" data-wp-class--hide=\"state.isContentHidden\" data-wp-class--show=\"state.isContentVisible\" data-wp-init=\"callbacks.setButtonStyles\" data-wp-on--click=\"actions.showLightbox\" data-wp-on--load=\"callbacks.setButtonStyles\" data-wp-on--pointerdown=\"actions.preloadImage\" data-wp-on--pointerenter=\"actions.preloadImageWithDelay\" data-wp-on--pointerleave=\"actions.cancelPreload\" data-wp-on-window--resize=\"callbacks.setButtonStyles\" src=\"https:\/\/loudavymkrokem.cz\/wp-content\/uploads\/2026\/06\/vis-island-croatia-degustace-mistniho-vina-vug.jpg\" alt=\"Paikallisen Vugava-viinin maistelu\" class=\"wp-image-220715\" title=\"\" srcset=\"https:\/\/loudavymkrokem.cz\/wp-content\/uploads\/2026\/06\/vis-island-croatia-degustace-mistniho-vina-vug.jpg 1500w, https:\/\/loudavymkrokem.cz\/wp-content\/uploads\/2026\/06\/vis-island-croatia-degustace-mistniho-vina-vug-300x150.jpg 300w, https:\/\/loudavymkrokem.cz\/wp-content\/uploads\/2026\/06\/vis-island-croatia-degustace-mistniho-vina-vug-700x350.jpg 700w, https:\/\/loudavymkrokem.cz\/wp-content\/uploads\/2026\/06\/vis-island-croatia-degustace-mistniho-vina-vug-768x384.jpg 768w, https:\/\/loudavymkrokem.cz\/wp-content\/uploads\/2026\/06\/vis-island-croatia-degustace-mistniho-vina-vug-696x348.jpg 696w, https:\/\/loudavymkrokem.cz\/wp-content\/uploads\/2026\/06\/vis-island-croatia-degustace-mistniho-vina-vug-1392x696.jpg 1392w\" sizes=\"(max-width: 1500px) 100vw, 1500px\" \/><button\n\t\t\tclass=\"lightbox-trigger\"\n\t\t\ttype=\"button\"\n\t\t\taria-haspopup=\"dialog\"\n\t\t\tdata-wp-bind--aria-label=\"state.thisImage.triggerButtonAriaLabel\"\n\t\t\tdata-wp-init=\"callbacks.initTriggerButton\"\n\t\t\tdata-wp-on--click=\"actions.showLightbox\"\n\t\t\tdata-wp-style--right=\"state.thisImage.buttonRight\"\n\t\t\tdata-wp-style--top=\"state.thisImage.buttonTop\"\n\t\t>\n\t\t\t<svg xmlns=\"http:\/\/www.w3.org\/2000\/svg\" width=\"12\" height=\"12\" fill=\"none\" viewBox=\"0 0 12 12\">\n\t\t\t\t<path fill=\"#fff\" d=\"M2 0a2 2 0 0 0-2 2v2h1.5V2a.5.5 0 0 1 .5-.5h2V0H2Zm2 10.5H2a.5.5 0 0 1-.5-.5V8H0v2a2 2 0 0 0 2 2h2v-1.5ZM8 12v-1.5h2a.5.5 0 0 0 .5-.5V8H12v2a2 2 0 0 1-2 2H8Zm2-12a2 2 0 0 1 2 2v2h-1.5V2a.5.5 0 0 0-.5-.5H8V0h2Z\" \/>\n\t\t\t<\/svg>\n\t\t<\/button><figcaption class=\"wp-element-caption\">Kuva: Ante Perkovic \/ Wikimedia Commons, CC BY-SA 3.0<\/figcaption><\/figure>\n\n\n\n\n<div class=\"lk-stays-module\">\n<style>\n\/* \u2500\u2500\u2500 RESET PRO GUTENBERG \u2500\u2500\u2500 *\/\n.lk-stays-module * { box-sizing: border-box; margin: 0; padding: 0; }\n\n\/* \u2500\u2500\u2500 WRAPPER \u2500\u2500\u2500 *\/\n.lk-stays-module {\n  font-family: 'DM Sans', Georgia, sans-serif;\n  max-width: 100%;\n  margin: 2.5rem auto;\n  background: linear-gradient(135deg, #fdfaf5 0%, #fcf8f0 100%);\n  border: 1px solid #e8dfd4;\n  border-radius: 16px;\n  overflow: hidden;\n  box-shadow: 0 16px 48px rgba(195, 159, 118, 0.25), 0 4px 12px rgba(0,0,0,0.08);\n}\n\n\/* \u2500\u2500\u2500 HEADER \u2500\u2500\u2500 *\/\n.lk-stays-header {\n  position: relative;\n  padding: 24px 36px 24px;\n  background: linear-gradient(135deg, #c39f76 0%, #d4b188 60%, #c39f76 100%);\n  border-bottom: 1px solid rgba(255,255,255,.15);\n  display: flex;\n  align-items: center;\n  gap: 18px;\n}\n.lk-stays-header::before {\n  content: '';\n  position: absolute;\n  inset: 0;\n  background: url(\"data:image\/svg+xml,%3Csvg width='60' height='60' viewBox='0 0 60 60' xmlns='http:\/\/www.w3.org\/2000\/svg'%3E%3Cg fill='none' fill-rule='evenodd'%3E%3Cg fill='%23ffffff' fill-opacity='0.05'%3E%3Cpath d='M36 34v-4h-2v4h-4v2h4v4h2v-4h4v-2h-4zm0-30V0h-2v4h-4v2h4v4h2V6h4V4h-4zM6 34v-4H4v4H0v2h4v4h2v-4h4v-2H6zM6 4V0H4v4H0v2h4v4h2V6h4V4H6z'\/%3E%3C\/g%3E%3C\/g%3E%3C\/svg%3E\") repeat;\n  pointer-events: none;\n}\n.lk-stays-icon {\n  flex-shrink: 0;\n  width: 68px;\n  height: 68px;\n  border-radius: 14px;\n  background: linear-gradient(135deg, #fff 0%, #f9f6f0 100%);\n  display: flex;\n  align-items: center;\n  justify-content: center;\n  font-size: 26px;\n  box-shadow: 0 4px 12px rgba(0,0,0,0.15);\n}\n.lk-stays-eyebrow {\n  font-size: 10px;\n  font-weight: 500;\n  letter-spacing: 2.5px;\n  text-transform: uppercase;\n  color: rgba(255,255,255,.85);\n  margin: 0 0 5px 0;\n}\n.lk-stays-title {\n  font-family: 'Playfair Display', Georgia, serif;\n  font-size: 24px;\n  font-weight: 700;\n  color: #fff;\n  line-height: 1.2;\n  text-shadow: 0 1px 2px rgba(0,0,0,0.1);\n  margin: 0;\n}\n.lk-stays-subtitle {\n  font-size: 13px;\n  color: rgba(255,255,255,.75);\n  margin: 4px 0 0 0;\n  font-weight: 300;\n}\n\n\/* \u2500\u2500\u2500 CARDS GRID \u2500\u2500\u2500 *\/\n.lk-stays-grid {\n  display: grid;\n  grid-template-columns: 1fr 1fr;\n  gap: 1px;\n  background: rgba(195, 159, 118, 0.12);\n}\n\n\/* \u2500\u2500\u2500 SINGLE CARD \u2500\u2500\u2500 *\/\n.lk-stay-card {\n  background: #ffffff;\n  padding: 26px;\n  display: flex;\n  flex-direction: column;\n  gap: 11px;\n  transition: all 0.3s ease;\n  text-decoration: none;\n  color: inherit;\n  position: relative;\n}\n.lk-stay-card:hover {\n  background: #fffbf5;\n  transform: translateY(-2px);\n  box-shadow: 0 8px 24px rgba(195, 159, 118, 0.18);\n  z-index: 1;\n}\n.lk-stay-card.featured {\n  background: linear-gradient(135deg, #fffdf9 0%, #fff9f0 100%);\n  box-shadow: 0 4px 16px rgba(195, 159, 118, 0.15), inset 0 1px 0 rgba(195, 159, 118, 0.1);\n}\n.lk-stay-card.featured:hover {\n  background: linear-gradient(135deg, #fffbf5 0%, #fff8ed 100%);\n  box-shadow: 0 8px 24px rgba(195, 159, 118, 0.25), inset 0 1px 0 rgba(195, 159, 118, 0.15);\n}\n\n.lk-stay-badge {\n  display: inline-flex;\n  align-items: center;\n  gap: 5px;\n  font-size: 10px;\n  font-weight: 500;\n  letter-spacing: 1.5px;\n  text-transform: uppercase;\n  padding: 5px 11px;\n  border-radius: 20px;\n  width: fit-content;\n}\n.badge-top     { background: linear-gradient(135deg, #c39f76 0%, #d4b188 100%); color: #fff; border: 1px solid #c39f76; font-weight: 600; box-shadow: 0 2px 8px rgba(195,159,118,0.3); }\n.badge-luxury  { background: rgba(195,159,118,.12); color: #c39f76; border: 1px solid rgba(195,159,118,.25); }\n.badge-boutique{ background: rgba(54,133,252,.08); color: #3685fc; border: 1px solid rgba(54,133,252,.2); }\n.badge-nature  { background: rgba(130,190,100,.1); color: #6b9c4a; border: 1px solid rgba(130,190,100,.2); }\n.badge-remote  { background: rgba(195,159,118,.12); color: #a67e50; border: 1px solid rgba(195,159,118,.25); }\n\n.lk-stay-name {\n  font-family: 'Playfair Display', Georgia, serif;\n  font-size: 18px;\n  font-weight: 700;\n  color: #111827;\n  line-height: 1.3;\n}\n.lk-stay-desc {\n  font-size: 13.5px;\n  color: #525252;\n  line-height: 1.65;\n  font-weight: 300;\n  flex: 1;\n}\n\n.lk-stay-meta {\n  display: flex;\n  align-items: center;\n  gap: 12px;\n  flex-wrap: wrap;\n  margin-top: 4px;\n}\n.lk-stay-price {\n  font-size: 13px;\n  color: #6b7280;\n}\n.lk-stay-price strong {\n  color: #c39f76;\n  font-weight: 500;\n}\n.lk-stay-stars {\n  color: #c39f76;\n  font-size: 11px;\n  letter-spacing: 1px;\n}\n\n\/* \u2500\u2500\u2500 CTA BUTTON \u2500\u2500\u2500 *\/\n.lk-stay-cta {\n  display: inline-flex;\n  align-items: center;\n  justify-content: center;\n  gap: 7px;\n  margin-top: 8px;\n  padding: 11px 20px;\n  border-radius: 8px;\n  background: linear-gradient(135deg, #3685fc 0%, #2a6fd9 100%);\n  color: #fff;\n  font-size: 13px;\n  font-weight: 500;\n  text-decoration: none;\n  letter-spacing: .3px;\n  transition: all .2s ease;\n  cursor: pointer;\n  border: none;\n  text-align: center;\n  box-shadow: 0 4px 12px rgba(54, 133, 252, 0.25);\n}\n.lk-stay-cta:hover {\n  background: linear-gradient(135deg, #2a6fd9 0%, #1e5bc4 100%);\n  transform: translateY(-1px);\n  box-shadow: 0 6px 16px rgba(54, 133, 252, 0.35);\n}\n.lk-stay-cta svg { flex-shrink: 0; }\n\n\/* \u2500\u2500\u2500 FOOTER \u2500\u2500\u2500 *\/\n.lk-stays-footer {\n  padding: 18px 36px;\n  background: linear-gradient(to bottom, #fdfaf5 0%, #f9f4ed 100%);\n  border-top: 1px solid rgba(195, 159, 118, 0.15);\n  display: flex;\n  align-items: center;\n  justify-content: space-between;\n  flex-wrap: wrap;\n  gap: 12px;\n}\n.lk-stays-footer-note {\n  font-size: 11.5px;\n  color: #6b7280;\n  font-weight: 300;\n  line-height: 1.5;\n}\n.lk-stays-footer-note a {\n  color: #c39f76;\n  text-decoration: none;\n  font-weight: 400;\n}\n.lk-stays-footer-note a:hover {\n  text-decoration: underline;\n}\n.lk-stays-all-btn {\n  display: inline-flex;\n  align-items: center;\n  gap: 6px;\n  font-size: 12.5px;\n  font-weight: 500;\n  color: #c39f76;\n  text-decoration: none;\n  border: 1px solid rgba(195, 159, 118, 0.35);\n  padding: 8px 18px;\n  border-radius: 8px;\n  transition: all .2s ease;\n}\n.lk-stays-all-btn:hover {\n  background: rgba(195, 159, 118, 0.08);\n  border-color: rgba(195, 159, 118, 0.5);\n}\n\n\/* \u2500\u2500\u2500 RESPONSIVE \u2500\u2500\u2500 *\/\n@media (max-width: 600px) {\n  .lk-stays-grid { grid-template-columns: 1fr; }\n  .lk-stays-header { padding: 24px 20px; }\n  .lk-stays-footer { padding: 16px 20px; }\n  .lk-stay-card { padding: 22px; }\n  .lk-stays-title { font-size: 20px; }\n}\n<\/style>\n\n  <!-- HEADER -->\n  <div class=\"lk-stays-header\">\n    <img decoding=\"async\" src=\"https:\/\/loudavymkrokem.cz\/wp-content\/uploads\/2026\/02\/lukas-a-lucka.jpg\" alt=\"\" style=\"width: 75px; height: 75px; border-radius: 8px; flex-shrink: 0; object-fit: cover; display: block; margin: 4px 0;\" title=\"\">\n    <div class=\"lk-stays-header-text\">\n      <div class=\"lk-stays-eyebrow\">Luk\u00e1\u0161 ja Lucie suosittelevat<\/div>\n      <div class=\"lk-stays-title\">Miss\u00e4 y\u00f6py\u00e4 Visin saarella<\/div>\n      <div class=\"lk-stays-subtitle\">3 majoitusta \u2014 hotelleja ja muita majoitusvaihtoehtoja<\/div>\n    <\/div>\n  <\/div>\n\n  <!-- CARDS -->\n  <div class=\"lk-stays-grid\">\n\n    <a class=\"lk-stay-card featured\" href=\"https:\/\/www.stay22.com\/allez\/roam?aid=lukaskonecny&#038;campaign=loudavymkrokemcz&#038;campaign=fi&#038;campaign=vis&#038;hotelname=Boutique%20Hotel%20San%20Giorgio&#038;address=Vis%2C%20Chorvatsko\" target=\"_blank\" rel=\"nofollow noopener\">\n      <span class=\"lk-stay-badge badge-top\">\u2b50 HUIPPUVALINTA<\/span>\n      <span class=\"lk-stay-badge badge-nature\">\ud83c\udfe8 Hotelli<\/span>\n      <div class=\"lk-stay-name\">Boutique Hotel San Giorgio<\/div>\n      <div class=\"lk-stay-desc\">Tyylik\u00e4s boutiquehotelli upeine designhuoneineen ja eritt\u00e4in maineikkaalla ravintolalla historiallisissa kujissa, vain lyhyen k\u00e4velymatkan p\u00e4\u00e4ss\u00e4 satamasta Visin kaupungissa.<\/div>\n      <div class=\"lk-stay-meta\">\n        <span class=\"lk-stay-stars\">\u2605\u2605\u2605\u2605<\/span>\n        <span class=\"lk-stay-price\">Tarkista hinnat<\/span>\n      <\/div>\n      <span class=\"lk-stay-cta\">\n        <svg width=\"14\" height=\"14\" viewBox=\"0 0 24 24\" fill=\"none\" stroke=\"currentColor\" stroke-width=\"2\"><path d=\"M18 13v6a2 2 0 0 1-2 2H5a2 2 0 0 1-2-2V8a2 2 0 0 1 2-2h6\"\/><polyline points=\"15 3 21 3 21 9\"\/><line x1=\"10\" y1=\"14\" x2=\"21\" y2=\"3\"\/><\/svg>\n        Tarkista saatavuus\n      <\/span>\n    <\/a>\n\n    <a class=\"lk-stay-card\" href=\"https:\/\/www.stay22.com\/allez\/roam?aid=lukaskonecny&#038;campaign=loudavymkrokemcz&#038;campaign=fi&#038;campaign=vis&#038;address=ostrov+Vis&#038;hotelname=Pomalo+Inn&#038;search=Pomalo+Inn&#038;category=accommodation\" target=\"_blank\" rel=\"nofollow noopener\">\n      <span class=\"lk-stay-badge badge-nature\">\ud83c\udfe1 Majatalo<\/span>\n      <div class=\"lk-stay-name\">Pomalo Inn<\/div>\n      <div class=\"lk-stay-desc\">Pienempi moderni majatalo eritt\u00e4in yst\u00e4v\u00e4llisell\u00e4 perheilmapiirill\u00e4 ja kauniilla puhtaalla designilla kalastajakyl\u00e4ss\u00e4 Komi\u017eassa.<\/div>\n      <div class=\"lk-stay-meta\">\n        <span class=\"lk-stay-stars\">\u2605\u2605\u2605\u2605<\/span>\n        <span class=\"lk-stay-price\">Tarkista hinnat<\/span>\n      <\/div>\n      <span class=\"lk-stay-cta\">\n        <svg width=\"14\" height=\"14\" viewBox=\"0 0 24 24\" fill=\"none\" stroke=\"currentColor\" stroke-width=\"2\"><path d=\"M18 13v6a2 2 0 0 1-2 2H5a2 2 0 0 1-2-2V8a2 2 0 0 1 2-2h6\"\/><polyline points=\"15 3 21 3 21 9\"\/><line x1=\"10\" y1=\"14\" x2=\"21\" y2=\"3\"\/><\/svg>\n        Tarkista saatavuus\n      <\/span>\n    <\/a>\n\n    <a class=\"lk-stay-card\" href=\"https:\/\/www.stay22.com\/allez\/roam?aid=lukaskonecny&#038;campaign=loudavymkrokemcz&#038;campaign=fi&#038;campaign=vis&#038;address=ostrov%20vis\" target=\"_blank\" rel=\"nofollow noopener\">\n      <span class=\"lk-stay-badge badge-nature\">\ud83d\udd0d Hae<\/span>\n      <div class=\"lk-stay-name\">N\u00e4yt\u00e4 kaikki majoitukset Visin saarella<\/div>\n      <div class=\"lk-stay-desc\">Tutustu kaikkiin saatavilla oleviin majoitusvaihtoehtoihin Visin saarella ja l\u00f6yd\u00e4 paras vaihtoehto mieltymystesi ja budjettisi mukaan.<\/div>\n      <div class=\"lk-stay-meta\">\n        <span class=\"lk-stay-stars\">\u2605\u2605\u2605\u2605<\/span>\n        <span class=\"lk-stay-price\">Vertaa hintoja<\/span>\n      <\/div>\n      <span class=\"lk-stay-cta\">\n        <svg width=\"14\" height=\"14\" viewBox=\"0 0 24 24\" fill=\"none\" stroke=\"currentColor\" stroke-width=\"2\"><path d=\"M18 13v6a2 2 0 0 1-2 2H5a2 2 0 0 1-2-2V8a2 2 0 0 1 2-2h6\"\/><polyline points=\"15 3 21 3 21 9\"\/><line x1=\"10\" y1=\"14\" x2=\"21\" y2=\"3\"\/><\/svg>\n        Tarkista saatavuus\n      <\/span>\n    <\/a>\n\n  <\/div>\n\n  \n<\/div>\n\n\n\n\n<h3 class=\"wp-block-heading\"><span class=\"ez-toc-section\" id=\"7_Paikallisen_Vugava-viinin_maistelu\"><\/span>7. Paikallisen Vugava-viinin maistelu<span class=\"ez-toc-section-end\"><\/span><\/h3>\n\n\n\n<p class=\"wp-block-paragraph\">Saaren viininviljelyperinne on <strong>poikkeuksellisen syv\u00e4lle juurtunut ja todistetusti yli kaksituhatta vuotta vanha<\/strong>, mik\u00e4 tekee Visist\u00e4 luonnollisesti paratiisin kaikille hyv\u00e4n ja laadukkaan viinin yst\u00e4ville. Jo muinaiset kreikkalaiset tiesiv\u00e4t hyvin, ett\u00e4 t\u00e4k\u00e4l\u00e4inen erityinen saaren mikroilmasto ja kivinen maaper\u00e4 tarjoavat aivan ihanteelliset olosuhteet viinik\u00f6ynn\u00f6ksen viljelyyn. <strong>Saaren m\u00e4kinen sis\u00e4maa on kirjaimellisesti hedelm\u00e4llisten vihreiden viinitarhojen peitt\u00e4m\u00e4<\/strong>, jotka reunustavat maalauksellisesti kapeita p\u00f6lyisi\u00e4 teit\u00e4 yksitt\u00e4isten kylien v\u00e4lill\u00e4.<\/p>\n\n\n\n<p class=\"wp-block-paragraph\">Ehdoton saariston ikoni ja paikallisten viininviljelij\u00f6iden ylpeys on <strong>valkoinen ryp\u00e4lelajike nimelt\u00e4 Vugava<\/strong>, josta kerrotaan ylpe\u00e4sti, ett\u00e4 se on per\u00e4isin juuri muinaisten kreikkalaisten uudisasukkaiden ajoilta. T\u00e4ll\u00e4 erityisell\u00e4 viinill\u00e4 on hyvin omintakeinen luonne, se on <strong>miellytt\u00e4v\u00e4n t\u00e4ytel\u00e4inen, voimakkaan aromaattinen, ja kitalaella maistat siin\u00e4 selv\u00e4t vivahteet makeaa hunajaa ja villej\u00e4 V\u00e4limeren yrttej\u00e4<\/strong>. Jos kaiken kaikkiaan suosit ennemmin punaviinej\u00e4, \u00e4l\u00e4 miss\u00e4\u00e4n nimess\u00e4 j\u00e4t\u00e4 v\u00e4liin paikallista Plavac mali -lajiketta, joka on hyvin tyypillinen koko etel\u00e4isen Dalmatian alueelle.<\/p>\n\n\n\n<p class=\"wp-block-paragraph\">Saarelta l\u00f6yd\u00e4t <strong>useita selke\u00e4sti merkittyj\u00e4 viinireittej\u00e4<\/strong>, jotka johdattavat sinut luotettavasti suoraan pienten perheviinitilojen ja perinteisten kivikonobien luo. Paikalliset vieraanvaraiset viininviljelij\u00e4t <strong>opastavat sinut mielell\u00e4\u00e4n henkil\u00f6kohtaisesti kylmiin kellareihinsa ja tarjoavat runsaan ohjatun maistelun<\/strong> yhdistettyn\u00e4 mukaansatempaavaan kertomukseen viljelyn historiasta. Muutaman pullon j\u00e4\u00e4hdytetty\u00e4 Vugavaa ostaminen suoraan viljelij\u00e4lt\u00e4 on muuten kaikkein paras matkamuisto lomaltasi.<\/p>\n\n\n\n<p class=\"wp-block-paragraph\">\ud83d\udca1 <strong>Vinkki:<\/strong> Jos sinulla ei ole autoa k\u00e4yt\u00f6ss\u00e4 tai et halua ajaa, monet viihtyis\u00e4t viinibaarit ja maistelutilat <strong>l\u00f6ytyv\u00e4t my\u00f6s suoraan Visin kaupungin historiallisilta kujilta<\/strong>, miss\u00e4 voit huoletta istua lasin \u00e4\u00e4ress\u00e4 my\u00f6h\u00e4isiin iltatunteihin asti.<\/p>\n\n\n\n<figure data-wp-context=\"{&quot;imageId&quot;:&quot;6a9ad8b453930&quot;}\" data-wp-interactive=\"core\/image\" data-wp-key=\"6a9ad8b453930\" class=\"wp-block-image size-full wp-lightbox-container\"><img decoding=\"async\" width=\"1600\" height=\"1068\" data-wp-class--hide=\"state.isContentHidden\" data-wp-class--show=\"state.isContentVisible\" data-wp-init=\"callbacks.setButtonStyles\" data-wp-on--click=\"actions.showLightbox\" data-wp-on--load=\"callbacks.setButtonStyles\" data-wp-on--pointerdown=\"actions.preloadImage\" data-wp-on--pointerenter=\"actions.preloadImageWithDelay\" data-wp-on--pointerleave=\"actions.cancelPreload\" data-wp-on-window--resize=\"callbacks.setButtonStyles\" src=\"https:\/\/loudavymkrokem.cz\/wp-content\/uploads\/2026\/06\/vis-island-croatia-pisecna-plaz-stoncica-s-mel-px.jpg\" alt=\"Ston\u010dican hiekkaranta matalassa vedess\u00e4\" class=\"wp-image-220717\" title=\"\" srcset=\"https:\/\/loudavymkrokem.cz\/wp-content\/uploads\/2026\/06\/vis-island-croatia-pisecna-plaz-stoncica-s-mel-px.jpg 1600w, https:\/\/loudavymkrokem.cz\/wp-content\/uploads\/2026\/06\/vis-island-croatia-pisecna-plaz-stoncica-s-mel-px-300x200.jpg 300w, https:\/\/loudavymkrokem.cz\/wp-content\/uploads\/2026\/06\/vis-island-croatia-pisecna-plaz-stoncica-s-mel-px-700x467.jpg 700w, https:\/\/loudavymkrokem.cz\/wp-content\/uploads\/2026\/06\/vis-island-croatia-pisecna-plaz-stoncica-s-mel-px-768x513.jpg 768w, https:\/\/loudavymkrokem.cz\/wp-content\/uploads\/2026\/06\/vis-island-croatia-pisecna-plaz-stoncica-s-mel-px-1536x1025.jpg 1536w, https:\/\/loudavymkrokem.cz\/wp-content\/uploads\/2026\/06\/vis-island-croatia-pisecna-plaz-stoncica-s-mel-px-696x465.jpg 696w, https:\/\/loudavymkrokem.cz\/wp-content\/uploads\/2026\/06\/vis-island-croatia-pisecna-plaz-stoncica-s-mel-px-1392x929.jpg 1392w\" sizes=\"(max-width: 1600px) 100vw, 1600px\" \/><button\n\t\t\tclass=\"lightbox-trigger\"\n\t\t\ttype=\"button\"\n\t\t\taria-haspopup=\"dialog\"\n\t\t\tdata-wp-bind--aria-label=\"state.thisImage.triggerButtonAriaLabel\"\n\t\t\tdata-wp-init=\"callbacks.initTriggerButton\"\n\t\t\tdata-wp-on--click=\"actions.showLightbox\"\n\t\t\tdata-wp-style--right=\"state.thisImage.buttonRight\"\n\t\t\tdata-wp-style--top=\"state.thisImage.buttonTop\"\n\t\t>\n\t\t\t<svg xmlns=\"http:\/\/www.w3.org\/2000\/svg\" width=\"12\" height=\"12\" fill=\"none\" viewBox=\"0 0 12 12\">\n\t\t\t\t<path fill=\"#fff\" d=\"M2 0a2 2 0 0 0-2 2v2h1.5V2a.5.5 0 0 1 .5-.5h2V0H2Zm2 10.5H2a.5.5 0 0 1-.5-.5V8H0v2a2 2 0 0 0 2 2h2v-1.5ZM8 12v-1.5h2a.5.5 0 0 0 .5-.5V8H12v2a2 2 0 0 1-2 2H8Zm2-12a2 2 0 0 1 2 2v2h-1.5V2a.5.5 0 0 0-.5-.5H8V0h2Z\" \/>\n\t\t\t<\/svg>\n\t\t<\/button><figcaption class=\"wp-element-caption\">Kuva: Vladimir Srajber \/ Pexels<\/figcaption><\/figure>\n\n\n\n<h3 class=\"wp-block-heading\"><span class=\"ez-toc-section\" id=\"8_Stoncican_hiekkaranta_matalassa_vedessa\"><\/span>8. Ston\u010dican hiekkaranta matalassa vedess\u00e4<span class=\"ez-toc-section-end\"><\/span><\/h3>\n\n\n\n<p class=\"wp-block-paragraph\">Jos matkustat kes\u00e4lomalle pienten lasten kanssa, <strong>suojaisa Ston\u010dican lahti on sinulle todenn\u00e4k\u00f6isesti kaikkein paras paikka<\/strong> koko saarella. Se sijaitsee koillisrannikolla, ja toisin kuin valtaosa muista kroatialaisista rannoista, se ylpeilee <strong>todella hienolla hiekalla sek\u00e4 rannalla ett\u00e4 koko merenpohjassa<\/strong>. Vesi on t\u00e4\u00e4ll\u00e4 uskomattoman matalaa ja siksi ihanan l\u00e4mmennytt\u00e4 kymmenienkin metrien p\u00e4\u00e4ss\u00e4 itse rannasta, joten lapset voivat leikki\u00e4 t\u00e4\u00e4ll\u00e4 turvallisesti tuntikausia.<\/p>\n\n\n\n<p class=\"wp-block-paragraph\">Koko lahti on hyvin suojattu avomerelt\u00e4, ja sit\u00e4 ymp\u00e4r\u00f6i <strong>tihe\u00e4 vihre\u00e4 m\u00e4ntymets\u00e4<\/strong>, joka tarjoaa niin tervetulleen luonnollisen varjon kuumina iltap\u00e4iv\u00e4tunteina. Tunnelma on t\u00e4\u00e4ll\u00e4 aina hyvin rento ja yst\u00e4v\u00e4llinen, <strong>paikalliset pelaavat t\u00e4\u00e4ll\u00e4 mielell\u00e4\u00e4n rantalentopalloa<\/strong> tai hyvin suosittua perinteist\u00e4 kroatialaista peli\u00e4 nimelt\u00e4 picigin, jossa akrobaattisesti torjutaan pient\u00e4 palloa matalassa vedess\u00e4.<\/p>\n\n\n\n<p class=\"wp-block-paragraph\">Aivan rannan takaosassa toimii luotettavasti <strong>hyvin miellytt\u00e4v\u00e4 rantabaari ja arvostettu perheravintola Konoba Ston\u010dica<\/strong>, jossa voit sy\u00f6d\u00e4 nopean lounaan tai virkist\u00e4v\u00e4n j\u00e4\u00e4hdytetyn juoman, ilman ett\u00e4 sinun t\u00e4ytyy poistua rannalta pitk\u00e4ksi aikaa. T\u00e4nne p\u00e4\u00e4set mukavasti autolla, jonka parkkipaikalta sinua odottaa <strong>vain hyvin lyhyt ja fyysisesti aivan vaivaton k\u00e4vely mets\u00e4tiet\u00e4 pitkin<\/strong> aina turkoosille merelle asti.<\/p>\n\n\n\n<p class=\"wp-block-paragraph\">\ud83d\udca1 <strong>Vinkki:<\/strong> Pid\u00e4 mieless\u00e4, ett\u00e4 kes\u00e4sesongin huipulla Ston\u010dica on <strong>hyvin suosittu pys\u00e4hdyspaikka perheille ja pienemmille turistiretkiveneille<\/strong>, joten kannattaa ehdottomasti tulla mieluummin heti aamup\u00e4iv\u00e4ll\u00e4, jotta ehdit varata hyv\u00e4n paikan varjosta.<\/p>\n\n\n\n<figure data-wp-context=\"{&quot;imageId&quot;:&quot;6a9ad8b453fc1&quot;}\" data-wp-interactive=\"core\/image\" data-wp-key=\"6a9ad8b453fc1\" class=\"wp-block-image size-full wp-lightbox-container\"><img decoding=\"async\" width=\"1600\" height=\"1200\" data-wp-class--hide=\"state.isContentHidden\" data-wp-class--show=\"state.isContentVisible\" data-wp-init=\"callbacks.setButtonStyles\" data-wp-on--click=\"actions.showLightbox\" data-wp-on--load=\"callbacks.setButtonStyles\" data-wp-on--pointerdown=\"actions.preloadImage\" data-wp-on--pointerenter=\"actions.preloadImageWithDelay\" data-wp-on--pointerleave=\"actions.cancelPreload\" data-wp-on-window--resize=\"callbacks.setButtonStyles\" src=\"https:\/\/loudavymkrokem.cz\/wp-content\/uploads\/2026\/06\/vis-island-croatia-oblazkova-plaz-srebrna-pod-px.jpg\" alt=\"Pikkukiviranta Srebrna m\u00e4ntyjen alla\" class=\"wp-image-220718\" title=\"\" srcset=\"https:\/\/loudavymkrokem.cz\/wp-content\/uploads\/2026\/06\/vis-island-croatia-oblazkova-plaz-srebrna-pod-px.jpg 1600w, https:\/\/loudavymkrokem.cz\/wp-content\/uploads\/2026\/06\/vis-island-croatia-oblazkova-plaz-srebrna-pod-px-300x225.jpg 300w, https:\/\/loudavymkrokem.cz\/wp-content\/uploads\/2026\/06\/vis-island-croatia-oblazkova-plaz-srebrna-pod-px-700x525.jpg 700w, https:\/\/loudavymkrokem.cz\/wp-content\/uploads\/2026\/06\/vis-island-croatia-oblazkova-plaz-srebrna-pod-px-768x576.jpg 768w, https:\/\/loudavymkrokem.cz\/wp-content\/uploads\/2026\/06\/vis-island-croatia-oblazkova-plaz-srebrna-pod-px-1536x1152.jpg 1536w, https:\/\/loudavymkrokem.cz\/wp-content\/uploads\/2026\/06\/vis-island-croatia-oblazkova-plaz-srebrna-pod-px-80x60.jpg 80w, https:\/\/loudavymkrokem.cz\/wp-content\/uploads\/2026\/06\/vis-island-croatia-oblazkova-plaz-srebrna-pod-px-160x120.jpg 160w, https:\/\/loudavymkrokem.cz\/wp-content\/uploads\/2026\/06\/vis-island-croatia-oblazkova-plaz-srebrna-pod-px-696x522.jpg 696w, https:\/\/loudavymkrokem.cz\/wp-content\/uploads\/2026\/06\/vis-island-croatia-oblazkova-plaz-srebrna-pod-px-1392x1044.jpg 1392w\" sizes=\"(max-width: 1600px) 100vw, 1600px\" \/><button\n\t\t\tclass=\"lightbox-trigger\"\n\t\t\ttype=\"button\"\n\t\t\taria-haspopup=\"dialog\"\n\t\t\tdata-wp-bind--aria-label=\"state.thisImage.triggerButtonAriaLabel\"\n\t\t\tdata-wp-init=\"callbacks.initTriggerButton\"\n\t\t\tdata-wp-on--click=\"actions.showLightbox\"\n\t\t\tdata-wp-style--right=\"state.thisImage.buttonRight\"\n\t\t\tdata-wp-style--top=\"state.thisImage.buttonTop\"\n\t\t>\n\t\t\t<svg xmlns=\"http:\/\/www.w3.org\/2000\/svg\" width=\"12\" height=\"12\" fill=\"none\" viewBox=\"0 0 12 12\">\n\t\t\t\t<path fill=\"#fff\" d=\"M2 0a2 2 0 0 0-2 2v2h1.5V2a.5.5 0 0 1 .5-.5h2V0H2Zm2 10.5H2a.5.5 0 0 1-.5-.5V8H0v2a2 2 0 0 0 2 2h2v-1.5ZM8 12v-1.5h2a.5.5 0 0 0 .5-.5V8H12v2a2 2 0 0 1-2 2H8Zm2-12a2 2 0 0 1 2 2v2h-1.5V2a.5.5 0 0 0-.5-.5H8V0h2Z\" \/>\n\t\t\t<\/svg>\n\t\t<\/button><figcaption class=\"wp-element-caption\">Kuva: Butch Aleksich \/ Pexels<\/figcaption><\/figure>\n\n\n\n<h3 class=\"wp-block-heading\"><span class=\"ez-toc-section\" id=\"9_Pikkukiviranta_Srebrna_mantyjen_alla\"><\/span>9. Pikkukiviranta Srebrna m\u00e4ntyjen alla<span class=\"ez-toc-section-end\"><\/span><\/h3>\n\n\n\n<p class=\"wp-block-paragraph\">Srebrnan ranta, kirjaimellisesti Hopearanta, kuuluu jo pitk\u00e4\u00e4n saaren <strong>aivan suosituimpiin uimapaikkoihin<\/strong> koko kaakkoisrannikolla. Runollisen nimens\u00e4 se sai tyypillisist\u00e4 suurista valkoisista pikkukivist\u00e4 ja litteist\u00e4 kivist\u00e4, jotka <strong>hohtavat y\u00f6ll\u00e4 kirkkaassa kuunvalossa upean hopeanhohtoisina<\/strong>. Itse ranta jakautuu luonnollisesti kahteen erilaiseen osaan, joista toinen muodostuu klassisista py\u00f6reist\u00e4 pikkukivist\u00e4 ja toinen valtavista litteist\u00e4 kivist\u00e4, joilla on mainiota maata.<\/p>\n\n\n\n<p class=\"wp-block-paragraph\">T\u00e4m\u00e4 maalauksellinen lahti on <strong>tiiviisti t\u00e4ysikasvuisen tihe\u00e4n m\u00e4ntymets\u00e4n ymp\u00e4r\u00f6im\u00e4<\/strong>, joka kasvaa l\u00e4hes itse vedenpintaan asti ja tuoksuu pihkalta. Sen ansiosta t\u00e4\u00e4lt\u00e4 l\u00f6yt\u00e4\u00e4 kaikkein suurimmillakin kes\u00e4helteill\u00e4 hyvin helposti varjoisan viile\u00e4n lepopaikan, mit\u00e4 <strong>arvostavat erityisesti lapsiperheet ja i\u00e4kk\u00e4\u00e4mm\u00e4t matkailijat<\/strong>, jotka eiv\u00e4t hakeudu suoraan aurinkoon. Meri on t\u00e4\u00e4ll\u00e4 useimmiten hyvin tyyni, uskomattoman l\u00e4pin\u00e4kyv\u00e4n kirkas ja veteen meno riitt\u00e4v\u00e4n loivaa ja turvallista.<\/p>\n\n\n\n<p class=\"wp-block-paragraph\">Rannalle ei johda lainkaan asfaltoitua tiet\u00e4 aivan alas vedelle asti, <strong>auto on j\u00e4tett\u00e4v\u00e4 ilmaiselle p\u00f6lyiselle parkkipaikalle l\u00e4heiseen Rukavacin kyl\u00e4\u00e4n<\/strong>, ja sen j\u00e4lkeen sinua odottaa noin kymmenminuuttinen hyvin mukava k\u00e4vely tuoksuvan m\u00e4ntylehdon l\u00e4pi. Paikan p\u00e4\u00e4ll\u00e4 et l\u00f6yd\u00e4 <strong>lainkaan meluisia rantaklubeja tai \u00e4rsytt\u00e4v\u00e4\u00e4 kova\u00e4\u00e4nist\u00e4 musiikkia<\/strong>, mik\u00e4 \u00e4\u00e4rimm\u00e4isen selv\u00e4sti lis\u00e4\u00e4 t\u00e4m\u00e4n maagisen paikan hyvin rauhaisaa ja syv\u00e4sti rentouttavaa tunnelmaa.<\/p>\n\n\n\n<p class=\"wp-block-paragraph\">\ud83d\udca1 <strong>Vinkki:<\/strong> Srebrnan rannan v\u00e4litt\u00f6m\u00e4ss\u00e4 kallioisessa ymp\u00e4rist\u00f6ss\u00e4 on useita muita <strong>hyvin pieni\u00e4, katseilta piilotettuja kallioisia lahtia<\/strong>, joissa voit hieman onnella ja vaivalla l\u00f6yt\u00e4\u00e4 t\u00e4ydellisen absoluuttisen yksityisyyden keskell\u00e4 elokuutakin.<\/p>\n\n\n\n<figure data-wp-context=\"{&quot;imageId&quot;:&quot;6a9ad8b4545bf&quot;}\" data-wp-interactive=\"core\/image\" data-wp-key=\"6a9ad8b4545bf\" class=\"wp-block-image size-full wp-lightbox-container\"><img decoding=\"async\" width=\"1600\" height=\"961\" data-wp-class--hide=\"state.isContentHidden\" data-wp-class--show=\"state.isContentVisible\" data-wp-init=\"callbacks.setButtonStyles\" data-wp-on--click=\"actions.showLightbox\" data-wp-on--load=\"callbacks.setButtonStyles\" data-wp-on--pointerdown=\"actions.preloadImage\" data-wp-on--pointerenter=\"actions.preloadImageWithDelay\" data-wp-on--pointerleave=\"actions.cancelPreload\" data-wp-on-window--resize=\"callbacks.setButtonStyles\" src=\"https:\/\/loudavymkrokem.cz\/wp-content\/uploads\/2026\/06\/islB-220384-220719.jpg\" alt=\"Visin rannat\" class=\"wp-image-220914\" title=\"\" srcset=\"https:\/\/loudavymkrokem.cz\/wp-content\/uploads\/2026\/06\/islB-220384-220719.jpg 1600w, https:\/\/loudavymkrokem.cz\/wp-content\/uploads\/2026\/06\/islB-220384-220719-300x180.jpg 300w, https:\/\/loudavymkrokem.cz\/wp-content\/uploads\/2026\/06\/islB-220384-220719-700x420.jpg 700w, https:\/\/loudavymkrokem.cz\/wp-content\/uploads\/2026\/06\/islB-220384-220719-768x461.jpg 768w, https:\/\/loudavymkrokem.cz\/wp-content\/uploads\/2026\/06\/islB-220384-220719-1536x923.jpg 1536w, https:\/\/loudavymkrokem.cz\/wp-content\/uploads\/2026\/06\/islB-220384-220719-696x418.jpg 696w, https:\/\/loudavymkrokem.cz\/wp-content\/uploads\/2026\/06\/islB-220384-220719-1392x836.jpg 1392w\" sizes=\"(max-width: 1600px) 100vw, 1600px\" \/><button\n\t\t\tclass=\"lightbox-trigger\"\n\t\t\ttype=\"button\"\n\t\t\taria-haspopup=\"dialog\"\n\t\t\tdata-wp-bind--aria-label=\"state.thisImage.triggerButtonAriaLabel\"\n\t\t\tdata-wp-init=\"callbacks.initTriggerButton\"\n\t\t\tdata-wp-on--click=\"actions.showLightbox\"\n\t\t\tdata-wp-style--right=\"state.thisImage.buttonRight\"\n\t\t\tdata-wp-style--top=\"state.thisImage.buttonTop\"\n\t\t>\n\t\t\t<svg xmlns=\"http:\/\/www.w3.org\/2000\/svg\" width=\"12\" height=\"12\" fill=\"none\" viewBox=\"0 0 12 12\">\n\t\t\t\t<path fill=\"#fff\" d=\"M2 0a2 2 0 0 0-2 2v2h1.5V2a.5.5 0 0 1 .5-.5h2V0H2Zm2 10.5H2a.5.5 0 0 1-.5-.5V8H0v2a2 2 0 0 0 2 2h2v-1.5ZM8 12v-1.5h2a.5.5 0 0 0 .5-.5V8H12v2a2 2 0 0 1-2 2H8Zm2-12a2 2 0 0 1 2 2v2h-1.5V2a.5.5 0 0 0-.5-.5H8V0h2Z\" \/>\n\t\t\t<\/svg>\n\t\t<\/button><\/figure>\n\n\n\n<h3 class=\"wp-block-heading\"><span class=\"ez-toc-section\" id=\"10_Milnan_ja_Grandovacin_rannat\"><\/span>10. Milnan ja Grandovacin rannat<span class=\"ez-toc-section-end\"><\/span><\/h3>\n\n\n\n<p class=\"wp-block-paragraph\">Kuuluisan ja runsaasti vieraillun Ston\u010dican lis\u00e4ksi kaakkoisrannikolta l\u00f6ytyy viel\u00e4 <strong>yksi hyvin kaunis ja rauhallinen hiekkaranta, nimitt\u00e4in Milnan lahti<\/strong>. Ston\u010dican tavoin my\u00f6s Milnalle on ominaista yll\u00e4tt\u00e4v\u00e4n hieno hiekka pohjassa ja hyvin matala veteen meno, mik\u00e4 tekee siit\u00e4 <strong>aivan ihanteellisen ja turvallisen vesileikkipaikan kaikkein pienimmille lapsille<\/strong>, jotka eiv\u00e4t viel\u00e4 osaa uida. Rannan l\u00e4hell\u00e4 on my\u00f6s pieni rauhallinen kyl\u00e4, jossa voit vuokrata asunnon n\u00e4k\u00f6alalla suoraan avomerelle.<\/p>\n\n\n\n<p class=\"wp-block-paragraph\">Jos taas majoitut suoraan p\u00e4\u00e4satamakaupunki Visiss\u00e4 etk\u00e4 halua ajaa helteess\u00e4 minnek\u00e4\u00e4n kauas, <strong>l\u00e4hde yksinkertaisesti sataman it\u00e4laidalle kauniille Grandovacin rannalle<\/strong>. T\u00e4m\u00e4 noin kuudenkymmenen metrin pituinen puhdas ranta valkoisine pikkukivineen sijaitsee liev\u00e4sti sis\u00e4\u00e4n lovetussa lahdessa aivan kaupungin takana. Se on <strong>tihe\u00e4sti t\u00e4ysikasvuisten tamariskien ja m\u00e4ntyjen reunustama<\/strong>, jotka luovat \u00e4\u00e4rimm\u00e4isen miellytt\u00e4v\u00e4n ja varjoisan ymp\u00e4rist\u00f6n koko p\u00e4iv\u00e4n makailuun hyv\u00e4n kirjan kanssa.<\/p>\n\n\n\n<p class=\"wp-block-paragraph\">Grandovacille p\u00e4\u00e4see <strong>hyvin helposti ja nopeasti k\u00e4vellen kaupungin keskustasta<\/strong>, tarvitsee vain l\u00e4hte\u00e4 mukavin askelin rantapromenadia pitkin kohti pient\u00e4 Prirovon niemimaata. Aivan rannan l\u00e4heisyydess\u00e4 on pieni puinen rantabaari, jossa voit <strong>ostaa j\u00e4\u00e4kylmi\u00e4 juomia, kahvia ja pient\u00e4 purtavaa<\/strong>, joten et joudu raahaamaan mukanasi vedelle raskaita ruokakylm\u00e4laukkuja.<\/p>\n\n\n\n<p class=\"wp-block-paragraph\">\ud83d\udca1 <strong>Vinkki:<\/strong> Grandovacin pikkukiviranta voit turvalliselta et\u00e4isyydelt\u00e4 tarkkailla <strong>kaikkia saapuvia ja l\u00e4htevi\u00e4 valtavia lauttoja Splitist\u00e4<\/strong>, mik\u00e4 on yll\u00e4tt\u00e4v\u00e4n rauhoittava ja hyvin kuvauksellinen kes\u00e4n\u00e4ytelm\u00e4.<\/p>\n\n\n\n<figure data-wp-context=\"{&quot;imageId&quot;:&quot;6a9ad8b454ac5&quot;}\" data-wp-interactive=\"core\/image\" data-wp-key=\"6a9ad8b454ac5\" class=\"wp-block-image size-full wp-lightbox-container\"><img decoding=\"async\" width=\"1600\" height=\"1199\" data-wp-class--hide=\"state.isContentHidden\" data-wp-class--show=\"state.isContentVisible\" data-wp-init=\"callbacks.setButtonStyles\" data-wp-on--click=\"actions.showLightbox\" data-wp-on--load=\"callbacks.setButtonStyles\" data-wp-on--pointerdown=\"actions.preloadImage\" data-wp-on--pointerenter=\"actions.preloadImageWithDelay\" data-wp-on--pointerleave=\"actions.cancelPreload\" data-wp-on-window--resize=\"callbacks.setButtonStyles\" src=\"https:\/\/loudavymkrokem.cz\/wp-content\/uploads\/2026\/06\/vis-island-croatia-geopark-unesco-a-mistni-gas-px.jpg\" alt=\"UNESCO-geopuisto ja paikallinen gastronomia\" class=\"wp-image-220720\" title=\"\" srcset=\"https:\/\/loudavymkrokem.cz\/wp-content\/uploads\/2026\/06\/vis-island-croatia-geopark-unesco-a-mistni-gas-px.jpg 1600w, https:\/\/loudavymkrokem.cz\/wp-content\/uploads\/2026\/06\/vis-island-croatia-geopark-unesco-a-mistni-gas-px-300x225.jpg 300w, https:\/\/loudavymkrokem.cz\/wp-content\/uploads\/2026\/06\/vis-island-croatia-geopark-unesco-a-mistni-gas-px-700x525.jpg 700w, https:\/\/loudavymkrokem.cz\/wp-content\/uploads\/2026\/06\/vis-island-croatia-geopark-unesco-a-mistni-gas-px-768x576.jpg 768w, https:\/\/loudavymkrokem.cz\/wp-content\/uploads\/2026\/06\/vis-island-croatia-geopark-unesco-a-mistni-gas-px-1536x1151.jpg 1536w, https:\/\/loudavymkrokem.cz\/wp-content\/uploads\/2026\/06\/vis-island-croatia-geopark-unesco-a-mistni-gas-px-80x60.jpg 80w, https:\/\/loudavymkrokem.cz\/wp-content\/uploads\/2026\/06\/vis-island-croatia-geopark-unesco-a-mistni-gas-px-160x120.jpg 160w, https:\/\/loudavymkrokem.cz\/wp-content\/uploads\/2026\/06\/vis-island-croatia-geopark-unesco-a-mistni-gas-px-696x522.jpg 696w, https:\/\/loudavymkrokem.cz\/wp-content\/uploads\/2026\/06\/vis-island-croatia-geopark-unesco-a-mistni-gas-px-1392x1043.jpg 1392w\" sizes=\"(max-width: 1600px) 100vw, 1600px\" \/><button\n\t\t\tclass=\"lightbox-trigger\"\n\t\t\ttype=\"button\"\n\t\t\taria-haspopup=\"dialog\"\n\t\t\tdata-wp-bind--aria-label=\"state.thisImage.triggerButtonAriaLabel\"\n\t\t\tdata-wp-init=\"callbacks.initTriggerButton\"\n\t\t\tdata-wp-on--click=\"actions.showLightbox\"\n\t\t\tdata-wp-style--right=\"state.thisImage.buttonRight\"\n\t\t\tdata-wp-style--top=\"state.thisImage.buttonTop\"\n\t\t>\n\t\t\t<svg xmlns=\"http:\/\/www.w3.org\/2000\/svg\" width=\"12\" height=\"12\" fill=\"none\" viewBox=\"0 0 12 12\">\n\t\t\t\t<path fill=\"#fff\" d=\"M2 0a2 2 0 0 0-2 2v2h1.5V2a.5.5 0 0 1 .5-.5h2V0H2Zm2 10.5H2a.5.5 0 0 1-.5-.5V8H0v2a2 2 0 0 0 2 2h2v-1.5ZM8 12v-1.5h2a.5.5 0 0 0 .5-.5V8H12v2a2 2 0 0 1-2 2H8Zm2-12a2 2 0 0 1 2 2v2h-1.5V2a.5.5 0 0 0-.5-.5H8V0h2Z\" \/>\n\t\t\t<\/svg>\n\t\t<\/button><figcaption class=\"wp-element-caption\">Kuva: Marc Mueller \/ Pexels<\/figcaption><\/figure>\n\n\n\n<h3 class=\"wp-block-heading\"><span class=\"ez-toc-section\" id=\"11_UNESCO-geopuisto_ja_paikallinen_gastronomia\"><\/span>11. UNESCO-geopuisto ja paikallinen gastronomia<span class=\"ez-toc-section-end\"><\/span><\/h3>\n\n\n\n<p class=\"wp-block-paragraph\">Vis-saari ei todellakaan ole vain uimista ja aurinkoa, vaan my\u00f6s aivan ainutlaatuista luonnon geologiaa, jonka ansiosta <strong>koko saaristo sai huhtikuussa 2019 hyvin arvostetun UNESCO Global Geopark -statuksen<\/strong>. Kyseess\u00e4 on vasta toinen t\u00e4llainen tunnustettu geopuisto koko Kroatiassa heti sis\u00e4maan Papukin j\u00e4lkeen. T\u00e4m\u00e4 suojeltu alue ylpeilee <strong>harvinaisilla, yli kaksisataakaksikymment\u00e4 miljoonaa vuotta vanhoilla vulkaanisilla kivilajeilla<\/strong>, jotka ovat todistetusti kaikkein vanhimpia koko Adrianmeress\u00e4.<\/p>\n\n\n\n<p class=\"wp-block-paragraph\">Geologisten ihmeiden vaativan tutkimisen j\u00e4lkeen tulee sinulle taatusti n\u00e4lk\u00e4, ja siksi sinun t\u00e4ytyy tutustua yksityiskohtaisesti <strong>tyypilliseen saaristogastronomiaan, joka tuoksuu yrteilt\u00e4 ja oliivi\u00f6ljylt\u00e4<\/strong>. Kuuluisin paikallinen ruoka on niin kutsuttu vi\u0161ka poga\u010da, kullankeltaiseksi paistettu leip\u00e4piirakka, joka t\u00e4ytet\u00e4\u00e4n perinteisesti sipulisekoituksella ja johon lis\u00e4t\u00e4\u00e4n usein my\u00f6s anjovista tai sardellia, kun taas komi\u0161ka poga\u010da -niminen versio sis\u00e4lt\u00e4\u00e4 lis\u00e4ksi voimakasta tomaattia.<\/p>\n\n\n\n<p class=\"wp-block-paragraph\">Kasvissy\u00f6j\u00e4n\u00e4 et todellakaan n\u00e4e t\u00e4\u00e4ll\u00e4 n\u00e4lk\u00e4\u00e4, sill\u00e4 <strong>paikallinen dalmatialainen keitti\u00f6 osaa aivan mainiosti ja kekseli\u00e4\u00e4sti k\u00e4sitell\u00e4 sesongin kasviksia<\/strong>. Suosittelen sinulle l\u00e4mpim\u00e4sti kokeilemaan perinteist\u00e4 kasvis-pekaa, joka on runsas sekoitus tuoreita kasviksia ja perunoita hitaasti paistettuna massiivisen valurautakuvun alla hehkuvan tuhkan peitt\u00e4m\u00e4n\u00e4. <strong>Erinomaista on my\u00f6s tavallinen grillattu V\u00e4limeren kasvisannos<\/strong>, jonka p\u00e4\u00e4lle on tiputettu laadukasta oliivi\u00f6ljy\u00e4, tai kotitekoinen pasta pieniss\u00e4 perhekonobissa, kuten esimerkiksi ymp\u00e4ri vuoden avoinna oleva Pojoda Visiss\u00e4 tai Konoba Bako Komi\u017eassa.<\/p>\n\n\n\n<p class=\"wp-block-paragraph\">\ud83d\udca1 <strong>Vinkki:<\/strong> Jos haluat tilata mielell\u00e4si perinteisen poga\u010dan ilman kalaa, <strong>kysy aina paikallisessa leipomossa tai ravintolassa etuk\u00e4teen erikseen<\/strong>, onko heill\u00e4 valmiina versio, joka on t\u00e4ytetty vain haudutetulla sipulilla ja tomaatilla.<\/p>\n\n\n\n<figure data-wp-context=\"{&quot;imageId&quot;:&quot;6a9ad8b454fcf&quot;}\" data-wp-interactive=\"core\/image\" data-wp-key=\"6a9ad8b454fcf\" class=\"wp-block-image size-full wp-lightbox-container\"><img decoding=\"async\" width=\"1600\" height=\"1200\" data-wp-class--hide=\"state.isContentHidden\" data-wp-class--show=\"state.isContentVisible\" data-wp-init=\"callbacks.setButtonStyles\" data-wp-on--click=\"actions.showLightbox\" data-wp-on--load=\"callbacks.setButtonStyles\" data-wp-on--pointerdown=\"actions.preloadImage\" data-wp-on--pointerenter=\"actions.preloadImageWithDelay\" data-wp-on--pointerleave=\"actions.cancelPreload\" data-wp-on-window--resize=\"callbacks.setButtonStyles\" src=\"https:\/\/loudavymkrokem.cz\/wp-content\/uploads\/2026\/06\/islB-220384-220721.jpg\" alt=\"Hvar-saari, retki Visist\u00e4\" class=\"wp-image-220915\" title=\"\" srcset=\"https:\/\/loudavymkrokem.cz\/wp-content\/uploads\/2026\/06\/islB-220384-220721.jpg 1600w, https:\/\/loudavymkrokem.cz\/wp-content\/uploads\/2026\/06\/islB-220384-220721-300x225.jpg 300w, https:\/\/loudavymkrokem.cz\/wp-content\/uploads\/2026\/06\/islB-220384-220721-700x525.jpg 700w, https:\/\/loudavymkrokem.cz\/wp-content\/uploads\/2026\/06\/islB-220384-220721-768x576.jpg 768w, https:\/\/loudavymkrokem.cz\/wp-content\/uploads\/2026\/06\/islB-220384-220721-1536x1152.jpg 1536w, https:\/\/loudavymkrokem.cz\/wp-content\/uploads\/2026\/06\/islB-220384-220721-80x60.jpg 80w, https:\/\/loudavymkrokem.cz\/wp-content\/uploads\/2026\/06\/islB-220384-220721-160x120.jpg 160w, https:\/\/loudavymkrokem.cz\/wp-content\/uploads\/2026\/06\/islB-220384-220721-696x522.jpg 696w, https:\/\/loudavymkrokem.cz\/wp-content\/uploads\/2026\/06\/islB-220384-220721-1392x1044.jpg 1392w\" sizes=\"(max-width: 1600px) 100vw, 1600px\" \/><button\n\t\t\tclass=\"lightbox-trigger\"\n\t\t\ttype=\"button\"\n\t\t\taria-haspopup=\"dialog\"\n\t\t\tdata-wp-bind--aria-label=\"state.thisImage.triggerButtonAriaLabel\"\n\t\t\tdata-wp-init=\"callbacks.initTriggerButton\"\n\t\t\tdata-wp-on--click=\"actions.showLightbox\"\n\t\t\tdata-wp-style--right=\"state.thisImage.buttonRight\"\n\t\t\tdata-wp-style--top=\"state.thisImage.buttonTop\"\n\t\t>\n\t\t\t<svg xmlns=\"http:\/\/www.w3.org\/2000\/svg\" width=\"12\" height=\"12\" fill=\"none\" viewBox=\"0 0 12 12\">\n\t\t\t\t<path fill=\"#fff\" d=\"M2 0a2 2 0 0 0-2 2v2h1.5V2a.5.5 0 0 1 .5-.5h2V0H2Zm2 10.5H2a.5.5 0 0 1-.5-.5V8H0v2a2 2 0 0 0 2 2h2v-1.5ZM8 12v-1.5h2a.5.5 0 0 0 .5-.5V8H12v2a2 2 0 0 1-2 2H8Zm2-12a2 2 0 0 1 2 2v2h-1.5V2a.5.5 0 0 0-.5-.5H8V0h2Z\" \/>\n\t\t\t<\/svg>\n\t\t<\/button><\/figure>\n\n\n\n<h2 class=\"wp-block-heading\"><span class=\"ez-toc-section\" id=\"Minne_jatkaa_Vis-saarelta\"><\/span><span class=\"ez-toc-section\" id=\"Kam_dal_z_ostrova_Vis\"><\/span>Minne jatkaa Vis-saarelta<span class=\"ez-toc-section-end\"><\/span><\/h2>\n\n\n\n<p class=\"wp-block-paragraph\">Jos suunnittelet laajempaa Dalmatian rannikon tutkimista, Vis-saari on <strong>mainio l\u00e4ht\u00f6piste muille siirtymille<\/strong>. Matkasi alkaa tai p\u00e4\u00e4ttyy todenn\u00e4k\u00f6isesti mantereella, joten lue ehdottomasti vinkkimme siit\u00e4, mit\u00e4 n\u00e4hd\u00e4 historiallisessa <a href=\"https:\/\/loudavymkrokem.cz\/fi\/split-kroatia-nahtavyydet\/\">Splitiss\u00e4<\/a>, joka toimii <strong>kaikkien lauttojen p\u00e4\u00e4solmukohtana<\/strong>.<\/p>\n\n\n\n<p class=\"wp-block-paragraph\">Hyv\u00e4n laivayhteyden ansiosta mantereelta voit <strong>helposti yhdist\u00e4\u00e4 matkasi muiden saarten vierailuun<\/strong>. Hyvin suosittu valinta on naapurisaari <a href=\"https:\/\/loudavymkrokem.cz\/fi\/hvar-kroatia-vinkit\/\">Hvar<\/a>, joka tarjoaa aivan erilaisen, paljon vilkkaamman ja loistokkaamman tunnelman t\u00e4ynn\u00e4 laventelia ja historiaa. Jos harkitset toisenlaisia el\u00e4myksi\u00e4, tutustu artikkeliimme siit\u00e4, miten sujuu <a href=\"https:\/\/loudavymkrokem.cz\/chorvatsko-na-lodi\/\">Kroatia veneell\u00e4<\/a>, joka on <strong>yksi kauneimmista tavoista tutkia piilotettuja lahtia<\/strong>.<\/p>\n\n\n\n<p class=\"wp-block-paragraph\">Etk\u00f6 tied\u00e4, miten <strong>suunnitella koko matkasi Adrianmerelle<\/strong>? Kurkkaa suureen oppaaseemme <a href=\"https:\/\/loudavymkrokem.cz\/fi\/loma-kroatiassa-vinkit\/\">minne lomalle Kroatiaan<\/a>, josta l\u00f6yd\u00e4t eri alueiden vertailun. Ja jos et ole viel\u00e4 valinnut majapaikkaa oleskelullesi mantereella tai muualla, <strong>k\u00e4yt\u00e4nn\u00f6n neuvot ja vinkit l\u00f6yd\u00e4t<\/strong> artikkelista, joka keskittyy <a href=\"https:\/\/loudavymkrokem.cz\/fi\/kroatia-majoitus-rannalla\/\">majoitukseen Kroatiassa<\/a>.<\/p>\n\n\n\n<figure data-wp-context=\"{&quot;imageId&quot;:&quot;6a9ad8b455475&quot;}\" data-wp-interactive=\"core\/image\" data-wp-key=\"6a9ad8b455475\" class=\"wp-block-image size-full wp-lightbox-container\"><img decoding=\"async\" width=\"1600\" height=\"1067\" data-wp-class--hide=\"state.isContentHidden\" data-wp-class--show=\"state.isContentVisible\" data-wp-init=\"callbacks.setButtonStyles\" data-wp-on--click=\"actions.showLightbox\" data-wp-on--load=\"callbacks.setButtonStyles\" data-wp-on--pointerdown=\"actions.preloadImage\" data-wp-on--pointerenter=\"actions.preloadImageWithDelay\" data-wp-on--pointerleave=\"actions.cancelPreload\" data-wp-on-window--resize=\"callbacks.setButtonStyles\" src=\"https:\/\/loudavymkrokem.cz\/wp-content\/uploads\/2026\/06\/vis-island-croatia-casto-kladene-otazky-px.jpg\" alt=\"Usein kysytyt kysymykset\" class=\"wp-image-220722\" title=\"\" srcset=\"https:\/\/loudavymkrokem.cz\/wp-content\/uploads\/2026\/06\/vis-island-croatia-casto-kladene-otazky-px.jpg 1600w, https:\/\/loudavymkrokem.cz\/wp-content\/uploads\/2026\/06\/vis-island-croatia-casto-kladene-otazky-px-300x200.jpg 300w, https:\/\/loudavymkrokem.cz\/wp-content\/uploads\/2026\/06\/vis-island-croatia-casto-kladene-otazky-px-700x467.jpg 700w, https:\/\/loudavymkrokem.cz\/wp-content\/uploads\/2026\/06\/vis-island-croatia-casto-kladene-otazky-px-768x512.jpg 768w, https:\/\/loudavymkrokem.cz\/wp-content\/uploads\/2026\/06\/vis-island-croatia-casto-kladene-otazky-px-1536x1024.jpg 1536w, https:\/\/loudavymkrokem.cz\/wp-content\/uploads\/2026\/06\/vis-island-croatia-casto-kladene-otazky-px-696x464.jpg 696w, https:\/\/loudavymkrokem.cz\/wp-content\/uploads\/2026\/06\/vis-island-croatia-casto-kladene-otazky-px-1392x928.jpg 1392w\" sizes=\"(max-width: 1600px) 100vw, 1600px\" \/><button\n\t\t\tclass=\"lightbox-trigger\"\n\t\t\ttype=\"button\"\n\t\t\taria-haspopup=\"dialog\"\n\t\t\tdata-wp-bind--aria-label=\"state.thisImage.triggerButtonAriaLabel\"\n\t\t\tdata-wp-init=\"callbacks.initTriggerButton\"\n\t\t\tdata-wp-on--click=\"actions.showLightbox\"\n\t\t\tdata-wp-style--right=\"state.thisImage.buttonRight\"\n\t\t\tdata-wp-style--top=\"state.thisImage.buttonTop\"\n\t\t>\n\t\t\t<svg xmlns=\"http:\/\/www.w3.org\/2000\/svg\" width=\"12\" height=\"12\" fill=\"none\" viewBox=\"0 0 12 12\">\n\t\t\t\t<path fill=\"#fff\" d=\"M2 0a2 2 0 0 0-2 2v2h1.5V2a.5.5 0 0 1 .5-.5h2V0H2Zm2 10.5H2a.5.5 0 0 1-.5-.5V8H0v2a2 2 0 0 0 2 2h2v-1.5ZM8 12v-1.5h2a.5.5 0 0 0 .5-.5V8H12v2a2 2 0 0 1-2 2H8Zm2-12a2 2 0 0 1 2 2v2h-1.5V2a.5.5 0 0 0-.5-.5H8V0h2Z\" \/>\n\t\t\t<\/svg>\n\t\t<\/button><figcaption class=\"wp-element-caption\">Kuva: Vladimir Srajber \/ Pexels<\/figcaption><\/figure>\n\n\n\n<!-- LKM_GYG_CARD start q=\"chorvatsko\" lang=\"fi\" rendered=\"2026-08-27T08:40:25+00:00\" v=\"1\" -->\n<style id=\"lk-gyg-styles\">\n@import url(\"https:\/\/fonts.googleapis.com\/css2?family=Playfair+Display:wght@700&family=DM+Sans:wght@300;400;500;600&display=swap\");\n\/* === LK GYG karty \u2014 CRO redesign 2026-05 (namespace .lkx-) ===\n   C\u00edl: vy\u0161\u0161\u00ed CTR (hero + v\u00fdrazn\u00fd social proof + ak\u010dn\u00ed CTA, m\u00e9n\u011b \"reklamn\u00ed\").\n   Injektuje se inline do prvn\u00edho markeru postu (refresh_cards.py --inline-css). *\/\n.lkx-module, .lkx-module *{box-sizing:border-box;margin:0;padding:0}\n.lkx-module{\n  font-family:'DM Sans',-apple-system,Segoe UI,Roboto,Georgia,sans-serif;\n  max-width:860px;margin:2.5rem auto;color:#1f2328;\n}\n\n\/* HEADER \u2014 lehk\u00fd editorsk\u00fd, \u017e\u00e1dn\u00fd bannerov\u00fd blok; nadpis + popisek pod n\u00edm *\/\n.lkx-head{margin-bottom:16px}\n.lkx-head-main{display:flex;align-items:center;gap:10px}\n.lkx-head-accent{width:26px;height:3px;border-radius:2px;background:#c39f76;flex-shrink:0}\n.lkx-head-title{font-family:'Playfair Display',Georgia,serif;font-size:21px;font-weight:700;color:#1a1a1a;line-height:1.25}\n.lkx-head-meta{display:block;font-size:11px;letter-spacing:.3px;color:#9aa0a6;margin-top:4px;margin-left:36px}\n\n\/* HERO *\/\n.lkx-hero{display:grid;grid-template-columns:300px 1fr;background:#fff;border:1px solid #ece7df;border-radius:14px;overflow:hidden;text-decoration:none!important;color:inherit;box-shadow:0 6px 20px rgba(0,0,0,.06);transition:box-shadow .2s,transform .2s;margin-bottom:14px}\n.lkx-hero:hover{box-shadow:0 12px 30px rgba(0,0,0,.12);transform:translateY(-2px)}\n.lkx-hero-img{position:relative;min-height:230px;background-size:cover;background-position:center;background-color:#eee}\n.lkx-hero-body{padding:22px 24px;display:flex;flex-direction:column}\n.lkx-pick{position:absolute;top:12px;left:12px;background:#1a1a1a;color:#fff;font-size:11px;font-weight:700;letter-spacing:.5px;padding:5px 11px;border-radius:20px}\n\n\/* TITLE *\/\n.lkx-title{font-size:19px;font-weight:700;color:#161616;line-height:1.3}\n.lkx-title-sm{font-size:14.5px;line-height:1.35;display:-webkit-box;-webkit-line-clamp:2;-webkit-box-orient:vertical;overflow:hidden}\n\n\/* SOCIAL PROOF \u2014 v\u00fdrazn\u011b, naho\u0159e *\/\n.lkx-proof{display:flex;align-items:center;gap:7px;margin-top:12px;font-size:15px;color:#3a3a3a}\n.lkx-proof b{font-size:16px;color:#161616}\n.lkx-stars{color:#f5a623;letter-spacing:1px}\n.lkx-proof-sm{font-size:12.5px;margin-top:8px;gap:5px}\n.lkx-proof-sm b{font-size:13px}\n.lkx-proof-new{color:#3685fc;font-weight:600}\n\n\/* PRICE \u2014 n\u00edzk\u00e1 kotva *\/\n.lkx-price{font-size:14px;color:#6b7280}\n.lkx-price b{font-size:20px;color:#161616;font-weight:700}\n.lkx-price-sm b{font-size:15px}\n\n\/* CTA \u2014 tepl\u00e9 ak\u010dn\u00ed tla\u010d\u00edtko *\/\n.lkx-cta{display:inline-flex;align-items:center;justify-content:center;text-decoration:none!important;font-weight:700;color:#fff!important;background:linear-gradient(135deg,#f6743f,#e8552a);border-radius:10px;box-shadow:0 6px 16px rgba(232,85,42,.32);transition:box-shadow .2s}\n.lkx-cta-hero{font-size:15px;padding:13px 22px}\n.lkx-hero:hover .lkx-cta-hero{box-shadow:0 8px 22px rgba(232,85,42,.45)}\n.lkx-cta-sm{font-size:12.5px;padding:9px 14px;width:100%;margin-top:2px}\n.lkx-hero-bottom{margin-top:auto;padding-top:18px;display:flex;align-items:center;justify-content:space-between;gap:14px;flex-wrap:wrap}\n\n\/* BADGE \u2014 jeden v\u00fdrazn\u00fd na fotce *\/\n.lkx-badge{position:absolute;top:12px;right:12px;font-size:10.5px;font-weight:700;letter-spacing:.3px;padding:5px 10px;border-radius:16px;color:#fff}\n.lkx-badge.badge-urgency{background:rgba(214,40,40,.92)}\n.lkx-badge.badge-new{background:rgba(54,133,252,.92)}\n.lkx-badge.badge-top{background:rgba(195,159,118,.95)}\n.lkx-badge.badge-info{background:rgba(40,40,40,.78)}\n\n\/* SECONDARY GRID *\/\n.lkx-grid{display:grid;grid-template-columns:1fr 1fr;gap:14px}\n.lkx-card{background:#fff;border:1px solid #ece7df;border-radius:14px;overflow:hidden;text-decoration:none!important;color:inherit;box-shadow:0 4px 14px rgba(0,0,0,.05);display:flex;flex-direction:column;transition:box-shadow .2s,transform .2s}\n.lkx-card:hover{box-shadow:0 10px 24px rgba(0,0,0,.1);transform:translateY(-2px)}\n.lkx-card-img{position:relative;aspect-ratio:16\/10;background-size:cover;background-position:center;background-color:#eee}\n.lkx-card-body{padding:14px 16px 16px;display:flex;flex-direction:column;gap:7px;flex:1}\n.lkx-card-bottom{margin-top:auto;padding-top:10px;display:flex;align-items:center;justify-content:space-between;gap:8px}\n\n\/* DISCLOSURE \u2014 drobn\u00e1, kv\u016fli d\u016fv\u011b\u0159e\/z\u00e1konu *\/\n.lkx-disclosure{font-size:11px;color:#a7adb3;text-align:center;margin-top:14px;line-height:1.6}\n.lkx-disclosure a{color:#c39f76;text-decoration:none}\n\n@media(max-width:680px){\n  .lkx-hero{grid-template-columns:1fr}\n  .lkx-hero-img{min-height:180px}\n  .lkx-grid{grid-template-columns:1fr}\n  .lkx-head-meta{margin-left:0;width:100%}\n  .lkx-head-title{font-size:19px}\n}\n\n<\/style>\n<div class=\"lkx-module\" data-query=\"chorvatsko\">\n  <div class=\"lkx-head\">\n    <div class=\"lkx-head-main\">\n      <span class=\"lkx-head-accent\"><\/span>\n      <span class=\"lkx-head-title\">El\u00e4mykset ja liput<\/span>\n    <\/div>\n    <span class=\"lkx-head-meta\">matkailijoiden arvioima \u00b7 GetYourGuide<\/span>\n  <\/div><a class=\"lkx-hero\" href=\"https:\/\/www.getyourguide.com\/fi-fi\/makarska-l1331\/makarska-monkijasafari-biokovossa-ja-paasy-skywalkille-t1059242\/?partner_id=MKZ64IS&amp;utm_medium=online_publisher&amp;cmp=vis-kroatia-saari\" target=\"_blank\" rel=\"sponsored noopener nofollow\">\n    <div class=\"lkx-hero-img\" style=\"background-image:url('https:\/\/cdn.getyourguide.com\/img\/tour\/e3e42a85d3c17b3daa5d480d23340c789570d396917f86edcee23e683ad6a1a5.jpeg\/132.jpg')\" role=\"img\" aria-label=\"Makarska: M\u00f6nkij\u00e4kierros Biokovossa ja vierailu Skywalkilla\">\n      <span class=\"lkx-pick\">\u2605 Suosituksemme<\/span><\/div>\n    <div class=\"lkx-hero-body\">\n      <div class=\"lkx-title\">Makarska: M\u00f6nkij\u00e4kierros Biokovossa ja vierailu Skywalkilla<\/div>\n      <div class=\"lkx-proof\">\n      <span class=\"lkx-stars\">\u2605\u2605\u2605\u2605\u2605<\/span>\n      <b>5.0<\/b> \u00b7 221 arvostelua\n    <\/div>\n      <div class=\"lkx-hero-bottom\"><div class=\"lkx-price\">alkaen <b>70\u00a0\u20ac<\/b><\/div><span class=\"lkx-cta lkx-cta-hero\">Haluan t\u00e4m\u00e4n el\u00e4myksen \u2192<\/span>\n      <\/div>\n    <\/div>\n  <\/a><div class=\"lkx-grid\"><a class=\"lkx-card\" href=\"https:\/\/www.getyourguide.com\/fi-fi\/makarska-l1331\/makarskan-riviera-aja-itse-venevuokraus-polttoainemaksu-sisaltyy-hintaan-t1368655\/?partner_id=MKZ64IS&amp;utm_medium=online_publisher&amp;cmp=vis-kroatia-saari\" target=\"_blank\" rel=\"sponsored noopener nofollow\">\n      <div class=\"lkx-card-img\" style=\"background-image:url('https:\/\/cdn.getyourguide.com\/img\/tour\/5e300b43d54ff8235047aaa181922a6b69c7e6bc78eda19c699e5a8b71d6056d.jpeg\/132.jpg')\" role=\"img\" aria-label=\"Makarskan Riviera: Aja itse -venevuokraus \u2013 Polttoainemaksu sis\u00e4ltyy hintaan\"><\/div>\n      <div class=\"lkx-card-body\">\n        <div class=\"lkx-title lkx-title-sm\">Makarskan Riviera: Aja itse -venevuokraus \u2013 Polttoainemaksu sis\u00e4ltyy hintaan<\/div>\n        <div class=\"lkx-proof lkx-proof-sm\">\n      <span class=\"lkx-stars\">\u2605<\/span>\n      <b>4.9<\/b> \u00b7 28\n    <\/div>\n        <div class=\"lkx-card-bottom\"><span class=\"lkx-price lkx-price-sm\">alkaen <b>135\u00a0\u20ac<\/b><\/span><span class=\"lkx-cta lkx-cta-sm\">Katso p\u00e4iv\u00e4m\u00e4\u00e4r\u00e4t \u2192<\/span>\n        <\/div>\n      <\/div>\n    <\/a><a class=\"lkx-card\" href=\"https:\/\/www.getyourguide.com\/fi-fi\/makarska-l1331\/makarska-mpl-nautika-t620725\/?partner_id=MKZ64IS&amp;utm_medium=online_publisher&amp;cmp=vis-kroatia-saari\" target=\"_blank\" rel=\"sponsored noopener nofollow\">\n      <div class=\"lkx-card-img\" style=\"background-image:url('https:\/\/cdn.getyourguide.com\/img\/tour\/14604cbc2fb331017c10d523c33f915f17a0b3643f363d292ee656e5110f8a4b.jpeg\/132.jpg')\" role=\"img\" aria-label=\"Makarska: MPL Nautika\"><\/div>\n      <div class=\"lkx-card-body\">\n        <div class=\"lkx-title lkx-title-sm\">Makarska: MPL Nautika<\/div>\n        <div class=\"lkx-proof lkx-proof-sm\">\n      <span class=\"lkx-stars\">\u2605<\/span>\n      <b>4.8<\/b> \u00b7 146\n    <\/div>\n        <div class=\"lkx-card-bottom\"><span class=\"lkx-price lkx-price-sm\">alkaen <b>45\u00a0\u20ac<\/b><\/span><span class=\"lkx-cta lkx-cta-sm\">Katso p\u00e4iv\u00e4m\u00e4\u00e4r\u00e4t \u2192<\/span>\n        <\/div>\n      <\/div>\n    <\/a><\/div><div class=\"lkx-disclosure\">\ud83d\udd17 N\u00e4m\u00e4 ovat kumppanilinkkej\u00e4 \u2014 ne eiv\u00e4t muuta hintaasi ja auttavat meit\u00e4 tekem\u00e4\u00e4n sis\u00e4lt\u00f6\u00e4. \u00b7 <a href=\"https:\/\/www.getyourguide.com\/fi-fi\/s\/?q=chorvatsko&amp;partner_id=MKZ64IS&amp;utm_medium=online_publisher\" target=\"_blank\" rel=\"sponsored noopener nofollow\">Kaikki el\u00e4mykset \u2192<\/a><\/div>\n<\/div>\n<!-- LKM_GYG_CARD end -->\n\n\n\n\n<p class=\"wp-block-paragraph\">Visill\u00e4 kuvattiin <em>Mamma Mia! Here We Go Again<\/em>, vaikka elokuva sijoittuu Kreikkaan. Kaikki molempien osien kuvauspaikat l\u00f6yd\u00e4t artikkelista <a href=\"https:\/\/loudavymkrokem.cz\/fi\/kreikka-vai-kroatia-mamma-mia\/\">Miss\u00e4 Mamma Mia on kuvattu<\/a>.<\/p>\n\n\n\n<h2 class=\"wp-block-heading\"><span class=\"ez-toc-section\" id=\"Usein_kysytyt_kysymykset\"><\/span><span class=\"ez-toc-section\" id=\"Casto_kladene_otazky\"><\/span>Usein kysytyt kysymykset<span class=\"ez-toc-section-end\"><\/span><\/h2>\n\n\n<div id=\"rank-math-faq\" class=\"rank-math-block\">\n<div class=\"rank-math-list \">\n<div id=\"faq-question-1780721968000\" class=\"rank-math-list-item\">\n<h3 class=\"rank-math-question \"><span class=\"ez-toc-section\" id=\"Kuinka_kauan_matka_lautalla_Visiin_kestaa\"><\/span>Kuinka kauan matka lautalla Visiin kest\u00e4\u00e4?<span class=\"ez-toc-section-end\"><\/span><\/h3>\n<div class=\"rank-math-answer \">\n\n<p>Matka perinteisell\u00e4 suurella autolautalla linjalla 602 valtion yhti\u00f6n Jadrolinijan kanssa Splitist\u00e4 kest\u00e4\u00e4 noin 140 minuuttia. Jos matkustat ilman autoa ja k\u00e4yt\u00e4t nopeaa katamaraania linjalla 9602, matka lyhenee huomattavasti tunnista ja 20 minuutista kahteen tuntiin riippuen tietyst\u00e4 yhteydest\u00e4.<\/p>\n\n<\/div>\n<\/div>\n<div id=\"faq-question-1780721968001\" class=\"rank-math-list-item\">\n<h3 class=\"rank-math-question \"><span class=\"ez-toc-section\" id=\"Voinko_uida_Sinisessa_luolassa\"><\/span>Voinko uida Sinisess\u00e4 luolassa?<span class=\"ez-toc-section-end\"><\/span><\/h3>\n<div class=\"rank-math-answer \">\n\n<p>Ei, uiminen Sinisen luolan sis\u00e4ll\u00e4 on ehdottomasti kielletty luonnonsuojelun ja turvallisuuden vuoksi, koska ahtaassa suljetussa tilassa liikkuu jatkuvasti suuri m\u00e4\u00e4r\u00e4 retkiveneit\u00e4. Jos haluat uida vapaasti meriluolassa, suuntaa mieluummin retkelle Vihre\u00e4\u00e4n luolaan l\u00e4heisell\u00e4 Ravnikin saarella.<\/p>\n\n<\/div>\n<\/div>\n<div id=\"faq-question-1780721968002\" class=\"rank-math-list-item\">\n<h3 class=\"rank-math-question \"><span class=\"ez-toc-section\" id=\"Soveltuuko_saari_perheille_pienten_lasten_kanssa\"><\/span>Soveltuuko saari perheille pienten lasten kanssa?<span class=\"ez-toc-section-end\"><\/span><\/h3>\n<div class=\"rank-math-answer \">\n\n<p>Kyll\u00e4, saari on yleisesti eritt\u00e4in rauhallinen ja turvallinen ilman vilkkaita y\u00f6kerhoja. T\u00e4\u00e4ll\u00e4 on jopa useita kauniita hiekkarantoja hyvin matalalla sis\u00e4\u00e4nk\u00e4ynnill\u00e4 mereen, kuten Ston\u010dica tai Milna, jotka ovat pienimmille lapsille aivan ihanteellisia. Haittana perheille voi olla vain hieman pidempi lauttaluoma mantereelta.<\/p>\n\n<\/div>\n<\/div>\n<div id=\"faq-question-1780721968003\" class=\"rank-math-list-item\">\n<h3 class=\"rank-math-question \"><span class=\"ez-toc-section\" id=\"Mika_on_paras_tapa_liikkua_saarella\"><\/span>Mik\u00e4 on paras tapa liikkua saarella?<span class=\"ez-toc-section-end\"><\/span><\/h3>\n<div class=\"rank-math-answer \">\n\n<p>Paras vaihtoehto on ep\u00e4ilem\u00e4tt\u00e4 oma tai paikan p\u00e4\u00e4ll\u00e4 vuokrattu auto, tai vaihtoehtoisesti pienempi skuuttari, koska julkinen linja-autoliikenne Visin ja Komi\u017ean kaupunkien v\u00e4lill\u00e4 kulkee vain muutaman kerran p\u00e4iv\u00e4ss\u00e4 p\u00e4\u00e4asiassa lauttojen saapumisten mukaan. Monille syrj\u00e4isemmille rannoille ja viinitarhoille p\u00e4\u00e4set ilman omaa kulkuneuvoa vain eritt\u00e4in vaikeasti.<\/p>\n\n<\/div>\n<\/div>\n<div id=\"faq-question-1780721968004\" class=\"rank-math-list-item\">\n<h3 class=\"rank-math-question \"><span class=\"ez-toc-section\" id=\"Kuinka_paljon_retki_Siniseen_luolaan_maksaa_vuonna_2025\"><\/span>Kuinka paljon retki Siniseen luolaan maksaa vuonna 2025?<span class=\"ez-toc-section-end\"><\/span><\/h3>\n<div class=\"rank-math-answer \">\n\n<p>Virallisen p\u00e4\u00e4sylipun hinta Siniseen luolaan p\u00e4\u00e4sesongissa (20. kes\u00e4kuuta \u2013 10. syyskuuta) on 24 euroa aikuiselta ja 12 euroa lapsilta. P\u00e4\u00e4sesongin ulkopuolella hinta laskee 18 euroon aikuisilta. Lipun hintaan sis\u00e4ltyy aina my\u00f6s vierailu paikallisessa modernissa vierailijakeskuksessa Bi\u0161evon saarella.<\/p>\n\n<\/div>\n<\/div>\n<div id=\"faq-question-1780721968005\" class=\"rank-math-list-item\">\n<h3 class=\"rank-math-question \"><span class=\"ez-toc-section\" id=\"Voiko_saarella_maksaa_kaikkialla_kortilla\"><\/span>Voiko saarella maksaa kaikkialla kortilla?<span class=\"ez-toc-section-end\"><\/span><\/h3>\n<div class=\"rank-math-answer \">\n\n<p>Suuremmissa supermarketeissa, paremmissa ravintoloissa ja hotelleissa Visin ja Komi\u017ean kaupungeissa voit maksaa tavallisesti ja ongelmitta maksukortilla. Pieniss\u00e4 syrj\u00e4isiss\u00e4 konobissa, kojuilla, hedelm\u00e4torilla tai pienemmist\u00e4 yksityisist\u00e4 veneretkist\u00e4 vaaditaan kuitenkin edelleen yleisesti k\u00e4teismaksua (euroina), joten pid\u00e4 aina jonkin verran k\u00e4teist\u00e4 mukana.<\/p>\n\n<\/div>\n<\/div>\n<div id=\"faq-question-1780721968006\" class=\"rank-math-list-item\">\n<h3 class=\"rank-math-question \"><span class=\"ez-toc-section\" id=\"Missa_tarkalleen_ottaen_kuvattiin_musikaali_Mamma_Mia_2\"><\/span>Miss\u00e4 tarkalleen ottaen kuvattiin musikaali Mamma Mia 2?<span class=\"ez-toc-section-end\"><\/span><\/h3>\n<div class=\"rank-math-answer \">\n\n<p>Suosittu elokuva kuvattiin useissa upeissa kohteissa ymp\u00e4ri saarta. T\u00e4rkein kreikkalainen taverna sijaitsi kuuluisassa ravintola Jasto\u017eerassa Komi\u017eassa, monia tanssikohtauksia kuvattiin molempien p\u00e4\u00e4kaupunkien kujilla ja rantakohtaukset syntyiv\u00e4t esimerkiksi k\u00e4tketyss\u00e4 vieh\u00e4tt\u00e4v\u00e4ss\u00e4 Barjo\u0161kan lahdessa.<\/p>\n\n<\/div>\n<\/div>\n<div id=\"faq-question-1780721968007\" class=\"rank-math-list-item\">\n<h3 class=\"rank-math-question \"><span class=\"ez-toc-section\" id=\"Onko_saarella_hiekkarantoja\"><\/span>Onko saarella hiekkarantoja?<span class=\"ez-toc-section-end\"><\/span><\/h3>\n<div class=\"rank-math-answer \">\n\n<p>Kyll\u00e4, vaikka koko Kroatia tunnetaan pikemminkin kivikkorannoistaan, Visist\u00e4 l\u00f6yd\u00e4t yll\u00e4tt\u00e4en kauniita hiekkalahteita. Kaikkein tunnetuin on Ston\u010dican ranta eritt\u00e4in hienolla hiekalla ja matalalla l\u00e4mpim\u00e4ll\u00e4 merell\u00e4, toinen loistava hiekkainen vaihtoehto on Milnan lahti saaren kaakkoispuolella.<\/p>\n\n<\/div>\n<\/div>\n<\/div>\n<\/div>","protected":false},"excerpt":{"rendered":"<p>Kroatian kaukaisin ja aidoin saari: Sininen luola, Stinivan lahti, kalastajakaupunki Komi\u017ea ja Vugava-viini.<\/p>\n","protected":false},"author":3,"featured_media":220896,"comment_status":"open","ping_status":"open","sticky":false,"template":"","format":"standard","meta":{"_acf_changed":false,"footnotes":"","rank_math_title":"Vis, Kroatia: 11 vinkki\u00e4 + Sininen luola 2026","rank_math_description":"Vis, Kroatia \u2014 kaukaisin ja aidoin saari: Sininen luola, Stinivan ranta, Komi\u017ea ja Vugava-viini. Lue 11 vinkki\u00e4 ja suunnittele unohtumaton matka!","rank_math_focus_keyword":"vis kroatia","rank_math_seo_score":""},"categories":[2129,2124,2123],"tags":[],"class_list":["post-323439","post","type-post","status-publish","format-standard","has-post-thumbnail","category-eurooppa","category-kroatia","category-matkailu"],"acf":[],"featured_image_src":"https:\/\/loudavymkrokem.cz\/wp-content\/uploads\/2026\/06\/islB-220384-feat.jpg","author_info":{"display_name":"Lucie Kone\u010dn\u00e1","author_link":"https:\/\/loudavymkrokem.cz\/fi\/author\/lucie-konecna\/"},"_links":{"self":[{"href":"https:\/\/loudavymkrokem.cz\/fi\/wp-json\/wp\/v2\/posts\/323439","targetHints":{"allow":["GET"]}}],"collection":[{"href":"https:\/\/loudavymkrokem.cz\/fi\/wp-json\/wp\/v2\/posts"}],"about":[{"href":"https:\/\/loudavymkrokem.cz\/fi\/wp-json\/wp\/v2\/types\/post"}],"author":[{"embeddable":true,"href":"https:\/\/loudavymkrokem.cz\/fi\/wp-json\/wp\/v2\/users\/3"}],"replies":[{"embeddable":true,"href":"https:\/\/loudavymkrokem.cz\/fi\/wp-json\/wp\/v2\/comments?post=323439"}],"version-history":[{"count":0,"href":"https:\/\/loudavymkrokem.cz\/fi\/wp-json\/wp\/v2\/posts\/323439\/revisions"}],"wp:featuredmedia":[{"embeddable":true,"href":"https:\/\/loudavymkrokem.cz\/fi\/wp-json\/wp\/v2\/media\/220896"}],"wp:attachment":[{"href":"https:\/\/loudavymkrokem.cz\/fi\/wp-json\/wp\/v2\/media?parent=323439"}],"wp:term":[{"taxonomy":"category","embeddable":true,"href":"https:\/\/loudavymkrokem.cz\/fi\/wp-json\/wp\/v2\/categories?post=323439"},{"taxonomy":"post_tag","embeddable":true,"href":"https:\/\/loudavymkrokem.cz\/fi\/wp-json\/wp\/v2\/tags?post=323439"}],"curies":[{"name":"wp","href":"https:\/\/api.w.org\/{rel}","templated":true}]}}