{"id":321484,"date":"2026-06-30T02:00:00","date_gmt":"2026-06-30T00:00:00","guid":{"rendered":"https:\/\/loudavymkrokem.cz\/ranska-hiihto-alpit\/"},"modified":"2026-09-02T06:15:24","modified_gmt":"2026-09-02T04:15:24","slug":"ranska-hiihto-alpit","status":"publish","type":"post","link":"https:\/\/loudavymkrokem.cz\/fi\/ranska-hiihto-alpit\/","title":{"rendered":"Ranskan Alpit: 12 parasta hiihtokeskusta vuonna 2026"},"content":{"rendered":"\n<!-- lk-tldr -->\n<div class=\"lk-tldr\" style=\"background:#f7f5f0;border-left:4px solid #c39f76;border-radius:0 10px 10px 0;padding:14px 18px;margin:0 0 26px;font-size:15px;line-height:1.65;\"><strong style=\"display:block;font-size:12px;text-transform:uppercase;letter-spacing:.06em;color:#a9885a;margin-bottom:5px;\">TL;DR<\/strong>Ranskan Alppien parhaisiin hiihtokeskuksiin vuonna 2026 kuuluu kaksitoista vinkki\u00e4, joista k\u00e4rjess\u00e4 on <strong>Les Trois Vall\u00e9es<\/strong> \u2011alue 600 kilometrin yhteenkytketyill\u00e4 rinteill\u00e4\u00e4n maailman suurimpana hiihtoalueena sek\u00e4 <strong>Val Thorens<\/strong> Euroopan korkeimpana keskuksena 2300 metriss\u00e4 kaudella 6. joulukuuta\u201317. huhtikuuta 2025\/2026. Muihin vinkkeihin lukeutuvat ylellinen <strong>Courchevel<\/strong>, romanttinen M\u00e9ribel, freeriden paratiisi Espace Killy (Tignes ja Val d&#x27;Is\u00e8re, 300 km rinteit\u00e4) ja Chamonix-Mont-Blanc, jonka k\u00f6ysirata vie Aiguille du Midille (3842 m, edestakainen lippu 81\u201383 euroa, terassi suljettuna 25. toukokuuta 2026 alkaen 4\u20135 viikoksi). Kuuden p\u00e4iv\u00e4n hissilippu Kolmeen laaksoon maksaa 368 euroa, paras laskettelukuukausi on maaliskuu ja kes\u00e4vaelluksiin syyskuu, ja Tour du Mont Blanc \u2011vaellus on 170 kilometri\u00e4 pitk\u00e4 majojen varauksilla, jotka on teht\u00e4v\u00e4 vuosi etuk\u00e4teen.<\/div>\n<!-- \/lk-tldr -->\n\n\n\n<!-- lk-navbar -->\n<div class=\"lk-navbar\" style=\"margin:0 0 28px;\"><div style=\"font-size:12px;text-transform:uppercase;letter-spacing:.06em;color:#a9885a;font-weight:700;margin-bottom:9px;\">Pikalinkit<\/div><div style=\"display:flex;flex-wrap:wrap;gap:9px;\"><a href=\"#Missa_yopya_Ranskan_Alpeilla\" style=\"background:#c39f76;color:#fff;border:1px solid #c39f76;padding:9px 15px;border-radius:22px;font-size:14px;font-weight:700;text-decoration:none;display:inline-block;line-height:1;\">\ud83d\udccd Miss\u00e4 majoittua<\/a><a href=\"#12_vinkkia_mita_nahda_ja_tehda_Ranskan_Alpeilla\" style=\"background:#c39f76;color:#fff;border:1px solid #c39f76;padding:9px 15px;border-radius:22px;font-size:14px;font-weight:700;text-decoration:none;display:inline-block;line-height:1;\">\u2b50 Mit\u00e4 n\u00e4hd\u00e4<\/a><a href=\"#Milloin_matkustaa_Ranskan_Alpeille\" style=\"background:#fff;color:#6b5a44;border:1px solid #e2d6c1;padding:9px 15px;border-radius:22px;font-size:14px;font-weight:600;text-decoration:none;display:inline-block;line-height:1;\">\u2600\ufe0f Milloin l\u00e4hte\u00e4<\/a><a href=\"#Minne_seuraavaksi_Ranskan_Alpeilta\" style=\"background:#fff;color:#6b5a44;border:1px solid #e2d6c1;padding:9px 15px;border-radius:22px;font-size:14px;font-weight:600;text-decoration:none;display:inline-block;line-height:1;\">\ud83e\udded Ymp\u00e4rist\u00f6<\/a><a href=\"#Usein_kysytyt_kysymykset\" style=\"background:#fff;color:#6b5a44;border:1px solid #e2d6c1;padding:9px 15px;border-radius:22px;font-size:14px;font-weight:600;text-decoration:none;display:inline-block;line-height:1;\">\u2753 FAQ<\/a><\/div><\/div>\n<!-- \/lk-navbar -->\n\n\n\n\n<p class=\"wp-block-paragraph\"><strong>Ranskan Alpit eiv\u00e4t ole vain tavallinen kulissi<\/strong> talvisille huvituksille, vaan ne ovat omalaatuinen ja hieman karu maailma, joka nielaisee sinut t\u00e4ydellisesti tinkim\u00e4tt\u00f6m\u00e4ll\u00e4 kauneudellaan. Seisot t\u00e4\u00e4ll\u00e4 L\u00e4nsi-Euroopan korkeimpien vuorten kynnyksell\u00e4, miss\u00e4 voit aamulla seist\u00e4 l\u00e4hes nelj\u00e4ntuhannen metrin korkeudessa kohoavalla kalliopiikill\u00e4 ja iltap\u00e4iv\u00e4ll\u00e4 <strong>katsella lumoutuneena laaksoon valuvia, katoavia j\u00e4\u00e4tik\u00f6it\u00e4<\/strong>.<\/p>\n\n\n\n<p class=\"wp-block-paragraph\">T\u00e4m\u00e4 on lyhyesti sanottuna \u00e4\u00e4rimm\u00e4isyyksien alue, ja ranskalaiset suhtautuvat vuoriin heille ominaisella insin\u00f6\u00f6rim\u00e4isell\u00e4 r\u00f6yhkeydell\u00e4. Miss\u00e4 muualla rakennettaisiin pieni puinen maja, Ranskassa pystytet\u00e4\u00e4n <strong>j\u00e4ttim\u00e4inen k\u00f6ysiratojen verkosto, joka yhdist\u00e4\u00e4 kokonaisia laaksoja<\/strong>. Tuloksena on planeetan suurin lasketteluleikkikentt\u00e4, legendaarisia pitk\u00e4n matkan vaelluksia ja tiet, joilla kirjoitetaan joka kes\u00e4 maailman py\u00f6r\u00e4ilyhistoriaa. Olen koonnut sinulle <strong>12 vinkki\u00e4 siit\u00e4, mit\u00e4 n\u00e4hd\u00e4 ja tehd\u00e4 Ranskan Alpeilla<\/strong>, jotta voit nauttia t\u00e4st\u00e4 majesteettisesta kohteesta sataprosenttisesti. Saat tiet\u00e4\u00e4, miss\u00e4 kannattaa majoittua strategisesti, mit\u00e4 hissiliput maksavat vuonna 2026 ja mist\u00e4 matkaa suunnitellessa kannattaa olla erityisen tarkkana.<\/p>\n\n\n\n<div id=\"ez-toc-container\" class=\"ez-toc-v2_0_87 ez-toc-wrap-left counter-hierarchy ez-toc-counter ez-toc-grey ez-toc-container-direction\">\n<div class=\"ez-toc-title-container\">\n<p class=\"ez-toc-title\" style=\"cursor:inherit\">Artikkelin sis\u00e4lt\u00f6<\/p>\n<span class=\"ez-toc-title-toggle\"><a href=\"#\" class=\"ez-toc-pull-right ez-toc-btn ez-toc-btn-xs ez-toc-btn-default ez-toc-toggle\" aria-label=\"Toggle Table of Content\"><span class=\"ez-toc-js-icon-con\"><span class=\"\"><span class=\"eztoc-hide\" style=\"display:none;\">Toggle<\/span><span class=\"ez-toc-icon-toggle-span\"><svg style=\"fill: #999;color:#999\" xmlns=\"http:\/\/www.w3.org\/2000\/svg\" class=\"list-377408\" width=\"20px\" height=\"20px\" viewBox=\"0 0 24 24\" fill=\"none\"><path d=\"M6 6H4v2h2V6zm14 0H8v2h12V6zM4 11h2v2H4v-2zm16 0H8v2h12v-2zM4 16h2v2H4v-2zm16 0H8v2h12v-2z\" fill=\"currentColor\"><\/path><\/svg><svg style=\"fill: #999;color:#999\" class=\"arrow-unsorted-368013\" xmlns=\"http:\/\/www.w3.org\/2000\/svg\" width=\"10px\" height=\"10px\" viewBox=\"0 0 24 24\" version=\"1.2\" baseProfile=\"tiny\"><path d=\"M18.2 9.3l-6.2-6.3-6.2 6.3c-.2.2-.3.4-.3.7s.1.5.3.7c.2.2.4.3.7.3h11c.3 0 .5-.1.7-.3.2-.2.3-.5.3-.7s-.1-.5-.3-.7zM5.8 14.7l6.2 6.3 6.2-6.3c.2-.2.3-.5.3-.7s-.1-.5-.3-.7c-.2-.2-.4-.3-.7-.3h-11c-.3 0-.5.1-.7.3-.2.2-.3.5-.3.7s.1.5.3.7z\"\/><\/svg><\/span><\/span><\/span><\/a><\/span><\/div>\n<nav><ul class='ez-toc-list ez-toc-list-level-1 ' ><ul class='ez-toc-list-level-3' ><li class='ez-toc-heading-level-3'><a class=\"ez-toc-link ez-toc-heading-1\" href=\"https:\/\/loudavymkrokem.cz\/fi\/ranska-hiihto-alpit\/#Yhteenveto_niille_joilla_ei_ole_aikaa_lukea_koko_artikkelia\" >Yhteenveto niille, joilla ei ole aikaa lukea koko artikkelia<\/a><\/li><\/ul><\/li><li class='ez-toc-page-1 ez-toc-heading-level-2'><a class=\"ez-toc-link ez-toc-heading-2\" href=\"https:\/\/loudavymkrokem.cz\/fi\/ranska-hiihto-alpit\/#Milloin_matkustaa_Ranskan_Alpeille\" >Milloin matkustaa Ranskan Alpeille<\/a><\/li><li class='ez-toc-page-1 ez-toc-heading-level-2'><a class=\"ez-toc-link ez-toc-heading-3\" href=\"https:\/\/loudavymkrokem.cz\/fi\/ranska-hiihto-alpit\/#Missa_majoittua_Ranskan_Alpeilla\" >Miss\u00e4 majoittua Ranskan Alpeilla<\/a><\/li><li class='ez-toc-page-1 ez-toc-heading-level-2'><a class=\"ez-toc-link ez-toc-heading-4\" href=\"https:\/\/loudavymkrokem.cz\/fi\/ranska-hiihto-alpit\/#12_vinkkia_mita_nahda_ja_tehda_Ranskan_Alpeilla\" >12 vinkki\u00e4, mit\u00e4 n\u00e4hd\u00e4 ja tehd\u00e4 Ranskan Alpeilla<\/a><ul class='ez-toc-list-level-3' ><li class='ez-toc-heading-level-3'><a class=\"ez-toc-link ez-toc-heading-5\" href=\"https:\/\/loudavymkrokem.cz\/fi\/ranska-hiihto-alpit\/#1_Val_Thorens_Euroopan_korkeimpana_keskuksena\" >1. Val Thorens Euroopan korkeimpana keskuksena<\/a><\/li><li class='ez-toc-page-1 ez-toc-heading-level-3'><a class=\"ez-toc-link ez-toc-heading-6\" href=\"https:\/\/loudavymkrokem.cz\/fi\/ranska-hiihto-alpit\/#2_Les_Trois_Vallees_eli_laske_maailman_suurimmalla_hiihtoalueella\" >2. Les Trois Vall\u00e9es eli laske maailman suurimmalla hiihtoalueella<\/a><\/li><li class='ez-toc-page-1 ez-toc-heading-level-3'><a class=\"ez-toc-link ez-toc-heading-7\" href=\"https:\/\/loudavymkrokem.cz\/fi\/ranska-hiihto-alpit\/#3_Courchevel_ja_katsaus_absoluuttisen_ylellisyyden_maailmaan\" >3. Courchevel ja katsaus absoluuttisen ylellisyyden maailmaan<\/a><\/li><li class='ez-toc-page-1 ez-toc-heading-level-3'><a class=\"ez-toc-link ez-toc-heading-8\" href=\"https:\/\/loudavymkrokem.cz\/fi\/ranska-hiihto-alpit\/#4_Meribel_tarjoaa_puista_romantiikkaa_vuorten_sydamessa\" >4. M\u00e9ribel tarjoaa puista romantiikkaa vuorten syd\u00e4mess\u00e4<\/a><\/li><li class='ez-toc-page-1 ez-toc-heading-level-3'><a class=\"ez-toc-link ez-toc-heading-9\" href=\"https:\/\/loudavymkrokem.cz\/fi\/ranska-hiihto-alpit\/#5_Tignes_ja_Val_dIsere_katkevat_freeriden_paratiisin_Espace_Killyn\" >5. Tignes ja Val d&#8217;Is\u00e8re k\u00e4tkev\u00e4t freeriden paratiisin Espace Killyn<\/a><\/li><li class='ez-toc-page-1 ez-toc-heading-level-3'><a class=\"ez-toc-link ez-toc-heading-10\" href=\"https:\/\/loudavymkrokem.cz\/fi\/ranska-hiihto-alpit\/#6_Alpe_dHuez_ja_legendaariset_21_pyorailymutkaa\" >6. Alpe d&#8217;Huez ja legendaariset 21 py\u00f6r\u00e4ilymutkaa<\/a><\/li><li class='ez-toc-page-1 ez-toc-heading-level-3'><a class=\"ez-toc-link ez-toc-heading-11\" href=\"https:\/\/loudavymkrokem.cz\/fi\/ranska-hiihto-alpit\/#7_Les_Deux_Alpes_ja_sen_nurinkurinen_jaatikko\" >7. Les Deux Alpes ja sen nurinkurinen j\u00e4\u00e4tikk\u00f6<\/a><\/li><li class='ez-toc-page-1 ez-toc-heading-level-3'><a class=\"ez-toc-link ez-toc-heading-12\" href=\"https:\/\/loudavymkrokem.cz\/fi\/ranska-hiihto-alpit\/#8_La_Plagne_ja_Les_Arcs_yhdistyneina_jattimaiseen_Paradiskiin\" >8. La Plagne ja Les Arcs yhdistynein\u00e4 j\u00e4ttim\u00e4iseen Paradiskiin<\/a><\/li><li class='ez-toc-page-1 ez-toc-heading-level-3'><a class=\"ez-toc-link ez-toc-heading-13\" href=\"https:\/\/loudavymkrokem.cz\/fi\/ranska-hiihto-alpit\/#9_Chamonix-Mont-Blanc_sykkivana_alpinismin_mekkana\" >9. Chamonix-Mont-Blanc sykkiv\u00e4n\u00e4 alpinismin mekkana<\/a><\/li><li class='ez-toc-page-1 ez-toc-heading-level-3'><a class=\"ez-toc-link ez-toc-heading-14\" href=\"https:\/\/loudavymkrokem.cz\/fi\/ranska-hiihto-alpit\/#10_Aiguille_du_Midi_on_lippu_stratosfaariin\" >10. Aiguille du Midi on lippu stratosf\u00e4\u00e4riin<\/a><\/li><li class='ez-toc-page-1 ez-toc-heading-level-3'><a class=\"ez-toc-link ez-toc-heading-15\" href=\"https:\/\/loudavymkrokem.cz\/fi\/ranska-hiihto-alpit\/#11_Mer_de_Glace_kertoo_surullisen_tarinan_katoavasta_jaatikosta\" >11. Mer de Glace kertoo surullisen tarinan katoavasta j\u00e4\u00e4tik\u00f6st\u00e4<\/a><\/li><li class='ez-toc-page-1 ez-toc-heading-level-3'><a class=\"ez-toc-link ez-toc-heading-16\" href=\"https:\/\/loudavymkrokem.cz\/fi\/ranska-hiihto-alpit\/#12_Tour_du_Mont_Blanc_on_pitkan_matkan_vaellusten_kiistaton_kuningas\" >12. Tour du Mont Blanc on pitk\u00e4n matkan vaellusten kiistaton kuningas<\/a><\/li><\/ul><\/li><li class='ez-toc-page-1 ez-toc-heading-level-2'><a class=\"ez-toc-link ez-toc-heading-17\" href=\"https:\/\/loudavymkrokem.cz\/fi\/ranska-hiihto-alpit\/#Minne_seuraavaksi_Ranskan_Alpeilta\" >Minne seuraavaksi Ranskan Alpeilta<\/a><\/li><li class='ez-toc-page-1 ez-toc-heading-level-2'><a class=\"ez-toc-link ez-toc-heading-18\" href=\"https:\/\/loudavymkrokem.cz\/fi\/ranska-hiihto-alpit\/#Usein_kysytyt_kysymykset\" >Usein kysytyt kysymykset<\/a><ul class='ez-toc-list-level-3' ><li class='ez-toc-heading-level-3'><a class=\"ez-toc-link ez-toc-heading-19\" href=\"https:\/\/loudavymkrokem.cz\/fi\/ranska-hiihto-alpit\/#Paljonko_hiihtolippu_maksaa_Ranskan_Alpeilla\" >Paljonko hiihtolippu maksaa Ranskan Alpeilla?<\/a><\/li><li class='ez-toc-page-1 ez-toc-heading-level-3'><a class=\"ez-toc-link ez-toc-heading-20\" href=\"https:\/\/loudavymkrokem.cz\/fi\/ranska-hiihto-alpit\/#Mika_on_paras_reitti_autolla_Suomesta\" >Mik\u00e4 on paras reitti autolla Suomesta?<\/a><\/li><li class='ez-toc-page-1 ez-toc-heading-level-3'><a class=\"ez-toc-link ez-toc-heading-21\" href=\"https:\/\/loudavymkrokem.cz\/fi\/ranska-hiihto-alpit\/#Milloin_on_parhaat_lumiolosuhteet_hiihtolle\" >Milloin on parhaat lumiolosuhteet hiihtolle?<\/a><\/li><li class='ez-toc-page-1 ez-toc-heading-level-3'><a class=\"ez-toc-link ez-toc-heading-22\" href=\"https:\/\/loudavymkrokem.cz\/fi\/ranska-hiihto-alpit\/#Milloin_aukeavat_varaukset_kesaiselle_Tour_du_Mont_Blanc_-vaellukselle\" >Milloin aukeavat varaukset kes\u00e4iselle Tour du Mont Blanc -vaellukselle?<\/a><\/li><li class='ez-toc-page-1 ez-toc-heading-level-3'><a class=\"ez-toc-link ez-toc-heading-23\" href=\"https:\/\/loudavymkrokem.cz\/fi\/ranska-hiihto-alpit\/#Tarvitsenko_autooni_ekotarran_Ranskan_vuoristoihin\" >Tarvitsenko autooni ekotarran Ranskan vuoristoihin?<\/a><\/li><li class='ez-toc-page-1 ez-toc-heading-level-3'><a class=\"ez-toc-link ez-toc-heading-24\" href=\"https:\/\/loudavymkrokem.cz\/fi\/ranska-hiihto-alpit\/#Onko_Aiguille_du_Midi_-nakoalapaikka_avoinna_koko_vuoden_2026\" >Onko Aiguille du Midi -n\u00e4k\u00f6alapaikka avoinna koko vuoden 2026?<\/a><\/li><li class='ez-toc-page-1 ez-toc-heading-level-3'><a class=\"ez-toc-link ez-toc-heading-25\" href=\"https:\/\/loudavymkrokem.cz\/fi\/ranska-hiihto-alpit\/#Milloin_Tour_de_France_2026_ajaa_Alppien_halki\" >Milloin Tour de France 2026 ajaa Alppien halki?<\/a><\/li><li class='ez-toc-page-1 ez-toc-heading-level-3'><a class=\"ez-toc-link ez-toc-heading-26\" href=\"https:\/\/loudavymkrokem.cz\/fi\/ranska-hiihto-alpit\/#Voiko_Ranskassa_hiihtaa_myos_kesalla\" >Voiko Ranskassa hiiht\u00e4\u00e4 my\u00f6s kes\u00e4ll\u00e4?<\/a><\/li><\/ul><\/li><\/ul><\/nav><\/div>\n<h3 class=\"wp-block-heading\"><span class=\"ez-toc-section\" id=\"Yhteenveto_niille_joilla_ei_ole_aikaa_lukea_koko_artikkelia\"><\/span>Yhteenveto niille, joilla ei ole aikaa lukea koko artikkelia<span class=\"ez-toc-section-end\"><\/span><\/h3>\n\n\n\n<ul class=\"wp-block-list\">\n<li><strong>Planeetan suurin hiihtoalue:<\/strong> Les Trois Vall\u00e9es \u2011alue tarjoaa uskomattomat 600 kilometri\u00e4 yhteenkytkettyj\u00e4 rinteit\u00e4 yhdell\u00e4 hissilipulla.<\/li>\n\n\n\n<li><strong>Euroopan korkein keskus:<\/strong> Val Thorensissa lunta riitt\u00e4\u00e4 marraskuusta toukokuuhun, ja se on valtava hitti kev\u00e4tlaskettelulle.<\/li>\n\n\n\n<li><strong>Alpinismin mekka:<\/strong> Chamonix ei ole tyypillinen hiihtokeskus, vaan sykkiv\u00e4 tukikohta vuorikiipeilij\u00f6ille suoraan Mont Blancin juurella.<\/li>\n\n\n\n<li><strong>Retki stratosf\u00e4\u00e4riin:<\/strong> K\u00f6ysirata Aiguille du Midille vie sinut 3842 metriin, mutta touko- ja kes\u00e4kuussa 2026 p\u00e4\u00e4terassi on remontissa.<\/li>\n\n\n\n<li><strong>Kes\u00e4n \u00e4\u00e4rimm\u00e4isyys:<\/strong> Jos rakastat py\u00f6r\u00e4ily\u00e4, merkitse kalenteriisi hein\u00e4kuu 2026, jolloin Tour de Francen peloton nousee per\u00e4ti kahdesti legendaariset 21 mutkaa Alpe d&#8217;Huezille.<\/li>\n\n\n\n<li><strong>Kuninkaallinen vaellus:<\/strong> Tour du Mont Blanc on 170 kilometri\u00e4 pitk\u00e4, ja vuorimajojen varaukset on hoidettava jo vuosi etuk\u00e4teen.<\/li>\n<\/ul>\n\n\n\n<figure data-wp-context=\"{&quot;imageId&quot;:&quot;6a9adac5ecb09&quot;}\" data-wp-interactive=\"core\/image\" data-wp-key=\"6a9adac5ecb09\" class=\"wp-block-image size-full wp-lightbox-container\"><img decoding=\"async\" width=\"1920\" height=\"444\" data-wp-class--hide=\"state.isContentHidden\" data-wp-class--show=\"state.isContentVisible\" data-wp-init=\"callbacks.setButtonStyles\" data-wp-on--click=\"actions.showLightbox\" data-wp-on--load=\"callbacks.setButtonStyles\" data-wp-on--pointerdown=\"actions.preloadImage\" data-wp-on--pointerenter=\"actions.preloadImageWithDelay\" data-wp-on--pointerleave=\"actions.cancelPreload\" data-wp-on-window--resize=\"callbacks.setButtonStyles\" src=\"https:\/\/loudavymkrokem.cz\/wp-content\/uploads\/2026\/06\/val-thorens-ski-resort-a729f27c.jpg\" alt=\"Milloin matkustaa Ranskan Alpeille\" class=\"wp-image-210021\" title=\"\" srcset=\"https:\/\/loudavymkrokem.cz\/wp-content\/uploads\/2026\/06\/val-thorens-ski-resort-a729f27c.jpg 1920w, https:\/\/loudavymkrokem.cz\/wp-content\/uploads\/2026\/06\/val-thorens-ski-resort-a729f27c-300x69.jpg 300w, https:\/\/loudavymkrokem.cz\/wp-content\/uploads\/2026\/06\/val-thorens-ski-resort-a729f27c-700x162.jpg 700w, https:\/\/loudavymkrokem.cz\/wp-content\/uploads\/2026\/06\/val-thorens-ski-resort-a729f27c-768x178.jpg 768w, https:\/\/loudavymkrokem.cz\/wp-content\/uploads\/2026\/06\/val-thorens-ski-resort-a729f27c-1536x355.jpg 1536w, https:\/\/loudavymkrokem.cz\/wp-content\/uploads\/2026\/06\/val-thorens-ski-resort-a729f27c-696x161.jpg 696w, https:\/\/loudavymkrokem.cz\/wp-content\/uploads\/2026\/06\/val-thorens-ski-resort-a729f27c-1392x322.jpg 1392w\" sizes=\"(max-width: 1920px) 100vw, 1920px\" \/><button\n\t\t\tclass=\"lightbox-trigger\"\n\t\t\ttype=\"button\"\n\t\t\taria-haspopup=\"dialog\"\n\t\t\tdata-wp-bind--aria-label=\"state.thisImage.triggerButtonAriaLabel\"\n\t\t\tdata-wp-init=\"callbacks.initTriggerButton\"\n\t\t\tdata-wp-on--click=\"actions.showLightbox\"\n\t\t\tdata-wp-style--right=\"state.thisImage.buttonRight\"\n\t\t\tdata-wp-style--top=\"state.thisImage.buttonTop\"\n\t\t>\n\t\t\t<svg xmlns=\"http:\/\/www.w3.org\/2000\/svg\" width=\"12\" height=\"12\" fill=\"none\" viewBox=\"0 0 12 12\">\n\t\t\t\t<path fill=\"#fff\" d=\"M2 0a2 2 0 0 0-2 2v2h1.5V2a.5.5 0 0 1 .5-.5h2V0H2Zm2 10.5H2a.5.5 0 0 1-.5-.5V8H0v2a2 2 0 0 0 2 2h2v-1.5ZM8 12v-1.5h2a.5.5 0 0 0 .5-.5V8H12v2a2 2 0 0 1-2 2H8Zm2-12a2 2 0 0 1 2 2v2h-1.5V2a.5.5 0 0 0-.5-.5H8V0h2Z\" \/>\n\t\t\t<\/svg>\n\t\t<\/button><figcaption class=\"wp-element-caption\">Kuva: Henrik \/ Wikimedia Commons, CC BY-SA 3.0<\/figcaption><\/figure>\n\n\n\n<h2 class=\"wp-block-heading\"><span class=\"ez-toc-section\" id=\"Milloin_matkustaa_Ranskan_Alpeille\"><\/span><span class=\"ez-toc-section\" id=\"Milloin_matkustaa_Ranskan_Alpeille\"><\/span>Milloin matkustaa Ranskan Alpeille<span class=\"ez-toc-section-end\"><\/span><\/h2>\n\n\n\n<p class=\"wp-block-paragraph\">Alpit eiv\u00e4t anna anteeksi suunnitteluvirheit\u00e4, ja oikean ajankohdan valinta on aivan ratkaisevaa. <strong>Laskettelukausi alkaa joulukuussa<\/strong>, mutta kaikkein parhaat lumiolosuhteet ja pidemm\u00e4t aurinkoiset p\u00e4iv\u00e4t odottavat sinua vasta maaliskuussa. Kierr\u00e4 sen sijaan helmikuu kaukaa, sill\u00e4 koko Ranska pit\u00e4\u00e4 v\u00e4hitellen hiihtolomaa ja <strong>keskukset ovat kirjaimellisesti t\u00e4p\u00f6t\u00e4ynn\u00e4<\/strong>. Kev\u00e4\u00e4n firn-lumen yst\u00e4ville taas ihanteellinen kuukausi on huhtikuu, jolloin korkealla sijaitsevissa keskuksissa on yh\u00e4 loistavat olosuhteet, mutta majoitushinnat ovat jo tuntuvasti laskeneet.<\/p>\n\n\n\n<p class=\"wp-block-paragraph\">Jos suuntaat t\u00e4nne kes\u00e4ll\u00e4 vuoristovaelluksille, <strong>aikaikkuna on melko kapea<\/strong>. Suurin osa vuorimajoista avautuu vasta kes\u00e4kuun puoliv\u00e4liss\u00e4 ja sulkeutuu syyskuun lopussa. Viel\u00e4 kes\u00e4kuussa korkeilla solilla voi olla paljon vaarallista lunta, kun taas elokuu on ylikansoitettu ja t\u00e4ynn\u00e4 l\u00e4mm\u00f6n aiheuttamia iltap\u00e4iv\u00e4myrskyj\u00e4. <strong>Ehdottomasti paras kuukausi kes\u00e4vuorille on syyskuu<\/strong>, joka tarjoaa vakaan s\u00e4\u00e4n, ter\u00e4v\u00e4n syysvalon ja paljon v\u00e4hemm\u00e4n turisteja poluilla.<\/p>\n\n\n\n<p class=\"wp-block-paragraph\">Kun suunnittelet automatkaa Suomesta, varaudu pitk\u00e4\u00e4n taipaleeseen. K\u00e4yt\u00e4nn\u00f6ss\u00e4 p\u00e4\u00e4set Alpeille k\u00e4tevimmin lent\u00e4en: <strong>nopein vaihtoehto on lent\u00e4\u00e4 Sveitsin Geneveen<\/strong> esimerkiksi Finnairilla tai Norwegianilla Helsingist\u00e4, mist\u00e4 hiihtokeskuksiin kuten Chamonixiin kulkee jatkuvasti luotettavia bussikuljetuksia. Jos taas p\u00e4\u00e4t\u00e4t ajaa vuokra-autolla paikalta toiselle, varaudu Ranskan kalliisiin moottoritietulleihin, jotka maksetaan ajetuista osuuksista ja nousevat kymmeniin euroihin. Ole varovainen my\u00f6s ajaessasi laakson suurten kaupunkien, kuten Lyonin tai Grenoblen, l\u00e4pi, sill\u00e4 <strong>Ranskassa on tiukat v\u00e4h\u00e4p\u00e4\u00e4st\u00f6vy\u00f6hykkeet<\/strong>. Tarvitset Crit&#8217;Air-ymp\u00e4rist\u00f6tarran noin 5 eurolla, muuten riskeeraat tukevan 68 euron sakon.<\/p>\n\n\n\n<h2 class=\"wp-block-heading\"><span class=\"ez-toc-section\" id=\"Missa_majoittua_Ranskan_Alpeilla\"><\/span><span class=\"ez-toc-section\" id=\"Missa_yopya_Ranskan_Alpeilla\"><\/span>Miss\u00e4 majoittua Ranskan Alpeilla<span class=\"ez-toc-section-end\"><\/span><\/h2>\n\n\n\n<p class=\"wp-block-paragraph\"><em>\ud83d\udca1 Vinkki majoitukseen ja el\u00e4myksiin: Etsimme majoitusta mieluiten <a href=\"https:\/\/www.booking.com\/searchresults.html?ss=Val%20Thorens%20Three%20Valleys%20ski&amp;aid=2397601\" target=\"_blank\" rel=\"nofollow noopener sponsored\">Booking.comista<\/a>, jossa on yleens\u00e4 parhaat peruutusehdot. Liput, retket ja aktiviteetit kannattaa taas vertailla ja ostaa <a href=\"https:\/\/www.getyourguide.com\/s\/?q=Val%20Thorens%20Three%20Valleys%20ski&amp;partner_id=MKZ64IS\" target=\"_blank\" rel=\"nofollow noopener sponsored\">GetYourGuiden<\/a> kautta.<\/em><\/p>\n\n\n\n<p class=\"wp-block-paragraph\">Ranskalainen suhtautuminen 1960- ja 1970-luvun vuoristoarkkitehtuuriin on usein hyvin brutaali. \u00c4l\u00e4 etsi t\u00e4\u00e4lt\u00e4 romanttisia, mets\u00e4\u00e4n k\u00e4tkeytyvi\u00e4 puum\u00f6kkej\u00e4 kuten naapurimaassa It\u00e4vallassa. Ranskalaiset rakensivat puhtaan k\u00e4yt\u00e4nn\u00f6llisesti niin sanotun plan neige \u2011suunnitelman puitteissa ja <strong>halusivat majoittaa mahdollisimman paljon ihmisi\u00e4 mahdollisimman l\u00e4helle rinteit\u00e4<\/strong>. Ski-in ski-out \u2011konsepti p\u00e4tee t\u00e4\u00e4ll\u00e4 kirjaimellisesti, joten yleens\u00e4 laitat sukset jalkaan heti j\u00e4ttim\u00e4isen betonikompleksin hissin vieress\u00e4 ja lasket suoraan rinteeseen. Jos etsit majoitusta, kannattaa tutkia Booking.comin tarjontaa, josta l\u00f6yd\u00e4t kaiken vaatimattomista huoneistoista ylellisiin vuoristohotelleihin.<\/p>\n\n\n\n<p class=\"wp-block-paragraph\">Laajan Kolmen laakson alueen lasketteluun <strong>loistava kompromissi on Les Menuires \u2011keskus<\/strong>, josta p\u00e4\u00e4set nopeasti kaikkiin suuntiin ja jonka hinnat ovat tuntuvasti alhaisemmat kuin naapurin ylellisess\u00e4 Courchevelissa. Jos haluat varmuuden puuterilumesta etk\u00e4 v\u00e4lit\u00e4 ohuemmasta ilmasta, valitse korkeimmalla sijaitseva Val Thorens. Mont Blancin ymp\u00e4rist\u00f6n tutkimiseen ei suinkaan tarvitse asua suoraan ylihinnoitellussa Chamonixissa, vaan paljon enemm\u00e4n rauhaa ja <strong>siedett\u00e4v\u00e4mpi\u00e4 hintoja l\u00f6yd\u00e4t kylist\u00e4 Les Houches tai Argenti\u00e8re<\/strong>. N\u00e4m\u00e4 pienemm\u00e4t kunnat ovat lis\u00e4ksi mainiosti yhteydess\u00e4 p\u00e4\u00e4keskukseen ilmaisella junalla, jos sinulla on majoittuneen matkailukortti.<\/p>\n\n\n\n<p class=\"wp-block-paragraph\">Konkreettisia vinkkej\u00e4 varten voit tutustua vaikkapa <strong>erinomaisesti arvosteltuun <strong><a href=\"https:\/\/www.stay22.com\/allez\/roam?aid=lukaskonecny&#038;campaign=loudavymkrokemcz&#038;campaign=lyzovani-francouzske-alpy&#038;hotelname=Hotel%20Le%20Chablis&#038;address=Ly%C5%BEov%C3%A1n%C3%AD%20ve%20francouzsk%C3%BDch%20Alp%C3%A1ch%2C%20Francie\" target=\"_blank\" rel=\"noopener nofollow sponsored\">Hotel Le Chablisiin<\/a><\/strong> Les Houchesissa<\/strong>, joka tarjoaa viihtyis\u00e4t huoneet, fantastiset aamiaiset ja sijaitsee vain lyhyen k\u00e4velymatkan p\u00e4\u00e4ss\u00e4 p\u00e4\u00e4k\u00f6ysiradasta. Jos etsit absoluuttista ylellisyytt\u00e4 suoraan rinteess\u00e4 Val Thorensissa, <strong>varaa huone Hotel Pashmina Le Refugesta<\/strong>, jossa on upea wellness ja henke\u00e4salpaavat n\u00e4kym\u00e4t lumihuippuisille laille. Chamonixin laaksossa taas hyvin suosittu on designhenkinen <strong>H\u00e9liopic Hotel &amp; Spa<\/strong>, joka sijaitsee strategisesti suoraan Aiguille du Midin k\u00f6ysiradan alaaseman vieress\u00e4. Rankan p\u00e4iv\u00e4n j\u00e4lkeen voit maistaa suoraan hotellissa tai l\u00e4hitienoon ravintoloissa loistavaa juustofondueta, joka ilahduttaa varmasti jokaista kasvissy\u00f6j\u00e4\u00e4.<\/p>\n\n\n\n<h2 class=\"wp-block-heading\"><span class=\"ez-toc-section\" id=\"12_vinkkia_mita_nahda_ja_tehda_Ranskan_Alpeilla\"><\/span><span class=\"ez-toc-section\" id=\"12_vinkkia_mita_nahda_ja_tehda_Ranskan_Alpeilla\"><\/span>12 vinkki\u00e4, mit\u00e4 n\u00e4hd\u00e4 ja tehd\u00e4 Ranskan Alpeilla<span class=\"ez-toc-section-end\"><\/span><\/h2>\n\n\n\n<p class=\"wp-block-paragraph\">Katsotaanpa parasta, mit\u00e4 Ranskan vuoret voivat tarjota. Sinua odottavat uskomattomat lasketteluteseet, n\u00e4kym\u00e4t lintuperspektiivist\u00e4 sek\u00e4 j\u00e4ttim\u00e4iset j\u00e4\u00e4tik\u00f6t, jotka valitettavasti sulavat hitaasti silmien edess\u00e4.<\/p>\n\n\n\n<figure data-wp-context=\"{&quot;imageId&quot;:&quot;6a9adac5ed278&quot;}\" data-wp-interactive=\"core\/image\" data-wp-key=\"6a9adac5ed278\" class=\"wp-block-image size-full wp-lightbox-container\"><img decoding=\"async\" width=\"1396\" height=\"2048\" data-wp-class--hide=\"state.isContentHidden\" data-wp-class--show=\"state.isContentVisible\" data-wp-init=\"callbacks.setButtonStyles\" data-wp-on--click=\"actions.showLightbox\" data-wp-on--load=\"callbacks.setButtonStyles\" data-wp-on--pointerdown=\"actions.preloadImage\" data-wp-on--pointerenter=\"actions.preloadImageWithDelay\" data-wp-on--pointerleave=\"actions.cancelPreload\" data-wp-on-window--resize=\"callbacks.setButtonStyles\" src=\"https:\/\/loudavymkrokem.cz\/wp-content\/uploads\/2026\/06\/val-thorens-jako-nejvyse-polozene-stredi-541b8eb8-scaled.jpg\" alt=\"Val Thorens Euroopan korkeimpana keskuksena\" class=\"wp-image-209782\" title=\"\" srcset=\"https:\/\/loudavymkrokem.cz\/wp-content\/uploads\/2026\/06\/val-thorens-jako-nejvyse-polozene-stredi-541b8eb8-scaled.jpg 1396w, https:\/\/loudavymkrokem.cz\/wp-content\/uploads\/2026\/06\/val-thorens-jako-nejvyse-polozene-stredi-541b8eb8-204x300.jpg 204w, https:\/\/loudavymkrokem.cz\/wp-content\/uploads\/2026\/06\/val-thorens-jako-nejvyse-polozene-stredi-541b8eb8-700x1027.jpg 700w, https:\/\/loudavymkrokem.cz\/wp-content\/uploads\/2026\/06\/val-thorens-jako-nejvyse-polozene-stredi-541b8eb8-768x1127.jpg 768w, https:\/\/loudavymkrokem.cz\/wp-content\/uploads\/2026\/06\/val-thorens-jako-nejvyse-polozene-stredi-541b8eb8-1047x1536.jpg 1047w, https:\/\/loudavymkrokem.cz\/wp-content\/uploads\/2026\/06\/val-thorens-jako-nejvyse-polozene-stredi-541b8eb8-696x1021.jpg 696w, https:\/\/loudavymkrokem.cz\/wp-content\/uploads\/2026\/06\/val-thorens-jako-nejvyse-polozene-stredi-541b8eb8-1392x2042.jpg 1392w\" sizes=\"(max-width: 1396px) 100vw, 1396px\" \/><button\n\t\t\tclass=\"lightbox-trigger\"\n\t\t\ttype=\"button\"\n\t\t\taria-haspopup=\"dialog\"\n\t\t\tdata-wp-bind--aria-label=\"state.thisImage.triggerButtonAriaLabel\"\n\t\t\tdata-wp-init=\"callbacks.initTriggerButton\"\n\t\t\tdata-wp-on--click=\"actions.showLightbox\"\n\t\t\tdata-wp-style--right=\"state.thisImage.buttonRight\"\n\t\t\tdata-wp-style--top=\"state.thisImage.buttonTop\"\n\t\t>\n\t\t\t<svg xmlns=\"http:\/\/www.w3.org\/2000\/svg\" width=\"12\" height=\"12\" fill=\"none\" viewBox=\"0 0 12 12\">\n\t\t\t\t<path fill=\"#fff\" d=\"M2 0a2 2 0 0 0-2 2v2h1.5V2a.5.5 0 0 1 .5-.5h2V0H2Zm2 10.5H2a.5.5 0 0 1-.5-.5V8H0v2a2 2 0 0 0 2 2h2v-1.5ZM8 12v-1.5h2a.5.5 0 0 0 .5-.5V8H12v2a2 2 0 0 1-2 2H8Zm2-12a2 2 0 0 1 2 2v2h-1.5V2a.5.5 0 0 0-.5-.5H8V0h2Z\" \/>\n\t\t\t<\/svg>\n\t\t<\/button><figcaption class=\"wp-element-caption\">Kuva: Krzysztof Golik \/ Wikimedia Commons, CC BY-SA 4.0<\/figcaption><\/figure>\n\n\n\n<h3 class=\"wp-block-heading\"><span class=\"ez-toc-section\" id=\"1_Val_Thorens_Euroopan_korkeimpana_keskuksena\"><\/span>1. Val Thorens Euroopan korkeimpana keskuksena<span class=\"ez-toc-section-end\"><\/span><\/h3>\n\n\n\n<p class=\"wp-block-paragraph\">Ranskalaiset eiv\u00e4t ole koskaan pel\u00e4nneet \u00e4\u00e4rimm\u00e4isi\u00e4 projekteja, ja Val Thorens on siit\u00e4 paras todiste. Kyseess\u00e4 on <strong>Euroopan kaikkein korkeimmalla sijaitseva hiihtokeskus<\/strong>, jossa itse majoituskyl\u00e4 on kunnioitettavassa 2300 metrin korkeudessa. Se antaa sinulle sataprosenttisen takuun loistavasta lumesta marraskuun lopusta pitk\u00e4lle toukokuuhun, ja kaudella 2025\/2026 t\u00e4\u00e4ll\u00e4 lasketellaan 6. joulukuuta\u201317. huhtikuuta. Koko paikallisen alueen huippu on Cime de Caron \u2011huippu, joka kohoaa 3195 metriin ja josta avautuu <strong>henke\u00e4salpaava ympyr\u00e4n\u00e4kym\u00e4 yli tuhannelle alppihuipulle<\/strong>.<\/p>\n\n\n\n<p class=\"wp-block-paragraph\">T\u00e4m\u00e4 paikka on suomalaisten laskettelijoiden keskuudessa suosittu ja tunnettu, ja joka talvi t\u00e4\u00e4ll\u00e4 k\u00e4y tuhansia matkailijoita. Automatka Geneven, Albertvillen ja Mo\u00fbtiersin kautta vie tosin ik\u00e4vi\u00e4 tunteja, ja viimeiset kolmekymment\u00e4 kilometri\u00e4 karuja serpentiinej\u00e4 <strong>panevat autosi kytkimen koetukselle<\/strong>, mutta lopputulos on ehdottomasti sen arvoinen. Lasketteluteseet ovat t\u00e4\u00e4ll\u00e4 valtavat, ja paikallisten rinteiden urheilullinen arvo tyydytt\u00e4\u00e4 vaativimmatkin laskijat, olitpa sitten aamun ruudutetun rinnepinnan tai syv\u00e4n puuterin yst\u00e4v\u00e4.<\/p>\n\n\n\n<p class=\"wp-block-paragraph\">\ud83d\udca1 Vinkki: Jos haluat s\u00e4\u00e4st\u00e4\u00e4 ja v\u00e4ltt\u00e4\u00e4 v\u00e4enpaljouden, <strong>l\u00e4hde t\u00e4nne kauden reunoilla eli joulukuussa tai huhtikuussa<\/strong>. Voit my\u00f6s ostaa halvemman hissilipun pelk\u00e4lle paikalliselle Val Thorensin ja Orellen laaksolle, vaikka t\u00e4yden el\u00e4myksen vuoksi suosittelen maksamaan hieman lis\u00e4\u00e4 koko yhteenkytketyst\u00e4 Kolmen laakson alueesta.<\/p>\n\n\n\n<figure data-wp-context=\"{&quot;imageId&quot;:&quot;6a9adac5ed779&quot;}\" data-wp-interactive=\"core\/image\" data-wp-key=\"6a9adac5ed779\" class=\"wp-block-image size-full wp-lightbox-container\"><img decoding=\"async\" width=\"1920\" height=\"1280\" data-wp-class--hide=\"state.isContentHidden\" data-wp-class--show=\"state.isContentVisible\" data-wp-init=\"callbacks.setButtonStyles\" data-wp-on--click=\"actions.showLightbox\" data-wp-on--load=\"callbacks.setButtonStyles\" data-wp-on--pointerdown=\"actions.preloadImage\" data-wp-on--pointerenter=\"actions.preloadImageWithDelay\" data-wp-on--pointerleave=\"actions.cancelPreload\" data-wp-on-window--resize=\"callbacks.setButtonStyles\" src=\"https:\/\/loudavymkrokem.cz\/wp-content\/uploads\/2026\/06\/les-trois-vallees-aneb-projezdete-nejvet-6efe2f95.jpg\" alt=\"Les Trois Vall\u00e9es eli maailman suurin hiihtoalue\" class=\"wp-image-209786\" title=\"\" srcset=\"https:\/\/loudavymkrokem.cz\/wp-content\/uploads\/2026\/06\/les-trois-vallees-aneb-projezdete-nejvet-6efe2f95.jpg 1920w, https:\/\/loudavymkrokem.cz\/wp-content\/uploads\/2026\/06\/les-trois-vallees-aneb-projezdete-nejvet-6efe2f95-300x200.jpg 300w, https:\/\/loudavymkrokem.cz\/wp-content\/uploads\/2026\/06\/les-trois-vallees-aneb-projezdete-nejvet-6efe2f95-700x467.jpg 700w, https:\/\/loudavymkrokem.cz\/wp-content\/uploads\/2026\/06\/les-trois-vallees-aneb-projezdete-nejvet-6efe2f95-768x512.jpg 768w, https:\/\/loudavymkrokem.cz\/wp-content\/uploads\/2026\/06\/les-trois-vallees-aneb-projezdete-nejvet-6efe2f95-1536x1024.jpg 1536w, https:\/\/loudavymkrokem.cz\/wp-content\/uploads\/2026\/06\/les-trois-vallees-aneb-projezdete-nejvet-6efe2f95-696x464.jpg 696w, https:\/\/loudavymkrokem.cz\/wp-content\/uploads\/2026\/06\/les-trois-vallees-aneb-projezdete-nejvet-6efe2f95-1392x928.jpg 1392w\" sizes=\"(max-width: 1920px) 100vw, 1920px\" \/><button\n\t\t\tclass=\"lightbox-trigger\"\n\t\t\ttype=\"button\"\n\t\t\taria-haspopup=\"dialog\"\n\t\t\tdata-wp-bind--aria-label=\"state.thisImage.triggerButtonAriaLabel\"\n\t\t\tdata-wp-init=\"callbacks.initTriggerButton\"\n\t\t\tdata-wp-on--click=\"actions.showLightbox\"\n\t\t\tdata-wp-style--right=\"state.thisImage.buttonRight\"\n\t\t\tdata-wp-style--top=\"state.thisImage.buttonTop\"\n\t\t>\n\t\t\t<svg xmlns=\"http:\/\/www.w3.org\/2000\/svg\" width=\"12\" height=\"12\" fill=\"none\" viewBox=\"0 0 12 12\">\n\t\t\t\t<path fill=\"#fff\" d=\"M2 0a2 2 0 0 0-2 2v2h1.5V2a.5.5 0 0 1 .5-.5h2V0H2Zm2 10.5H2a.5.5 0 0 1-.5-.5V8H0v2a2 2 0 0 0 2 2h2v-1.5ZM8 12v-1.5h2a.5.5 0 0 0 .5-.5V8H12v2a2 2 0 0 1-2 2H8Zm2-12a2 2 0 0 1 2 2v2h-1.5V2a.5.5 0 0 0-.5-.5H8V0h2Z\" \/>\n\t\t\t<\/svg>\n\t\t<\/button><figcaption class=\"wp-element-caption\">Kuva: Willtron \/ Wikimedia Commons, CC BY-SA 3.0<\/figcaption><\/figure>\n\n\n\n<h3 class=\"wp-block-heading\"><span class=\"ez-toc-section\" id=\"2_Les_Trois_Vallees_eli_laske_maailman_suurimmalla_hiihtoalueella\"><\/span>2. Les Trois Vall\u00e9es eli laske maailman suurimmalla hiihtoalueella<span class=\"ez-toc-section-end\"><\/span><\/h3>\n\n\n\n<p class=\"wp-block-paragraph\">Kolme laaksoa muodostavat yhdess\u00e4 absoluuttisen lasketteluliigan huipun, jolle on Euroopassa hyvin vaikea l\u00f6yt\u00e4\u00e4 kilpailijaa. Ne tarjoavat <strong>uskomattomat 600 kilometri\u00e4 yhteenkytkettyj\u00e4 rinteit\u00e4<\/strong>, mik\u00e4 tekee niist\u00e4 virallisesti maailman suurimman hiihtoalueen. Voit lasketella t\u00e4\u00e4ll\u00e4 koko viikon aamusta iltaan etk\u00e4 koskaan laske samaa rinnett\u00e4 kahdesti. K\u00f6ysirataj\u00e4rjestelm\u00e4 on niin harkittu ja nopea, ett\u00e4 siirtym\u00e4t yksitt\u00e4isten m\u00e4kien v\u00e4lill\u00e4 sujuvat aivan kitkattomasti ja viet\u00e4t maksimim\u00e4\u00e4r\u00e4n aikaa lumessa loputtomissa jonoissa seisomisen sijaan.<\/p>\n\n\n\n<p class=\"wp-block-paragraph\">T\u00e4st\u00e4 loputtomasta ylellisyydest\u00e4 ranskalaiset ottavat kuitenkin melko sievoisen maksun, ja hissiliput lohkaisevat huomattavan osan budjetistasi. Kaudella 2025\/2026 <strong>kuuden p\u00e4iv\u00e4n hissilippu koko yhteenkytketylle alueelle maksaa 368 euroa<\/strong>, kun taas yhden p\u00e4iv\u00e4n lippu maksaa 73,60 euroa. Laskettelu alkaa t\u00e4\u00e4ll\u00e4 joulukuun alussa ja hissit pys\u00e4htyv\u00e4t lopullisesti vasta huhtikuun puoliv\u00e4liss\u00e4, joten sinulla on runsaasti aikaa suunnitella talvilomaasi ja bongata parhaat lumiolosuhteet.<\/p>\n\n\n\n<p class=\"wp-block-paragraph\">\ud83d\udca1 Vinkki: Kun siirryt laaksosta toiseen, <strong>pid\u00e4 aina tarkasti silm\u00e4ll\u00e4 paluuaikaa<\/strong>. Jos et ehdi viimeiseen harjanteen ylitt\u00e4v\u00e4\u00e4n yhdysk\u00f6ysirataan, edess\u00e4si on \u00e4lytt\u00f6m\u00e4n kallis taksimatka mutkan kautta alalaakson l\u00e4pi, joka voi tulla maksamaan satoja euroja.<\/p>\n\n\n\n<figure data-wp-context=\"{&quot;imageId&quot;:&quot;6a9adac5edb55&quot;}\" data-wp-interactive=\"core\/image\" data-wp-key=\"6a9adac5edb55\" class=\"wp-block-image size-full wp-lightbox-container\"><img decoding=\"async\" width=\"1920\" height=\"1440\" data-wp-class--hide=\"state.isContentHidden\" data-wp-class--show=\"state.isContentVisible\" data-wp-init=\"callbacks.setButtonStyles\" data-wp-on--click=\"actions.showLightbox\" data-wp-on--load=\"callbacks.setButtonStyles\" data-wp-on--pointerdown=\"actions.preloadImage\" data-wp-on--pointerenter=\"actions.preloadImageWithDelay\" data-wp-on--pointerleave=\"actions.cancelPreload\" data-wp-on-window--resize=\"callbacks.setButtonStyles\" src=\"https:\/\/loudavymkrokem.cz\/wp-content\/uploads\/2026\/06\/courchevel-a-nahlednuti-do-sveta-absolut-63eb7882.jpg\" alt=\"Courchevel ja katsaus absoluuttisen ylellisyyden maailmaan\" class=\"wp-image-209790\" title=\"\" srcset=\"https:\/\/loudavymkrokem.cz\/wp-content\/uploads\/2026\/06\/courchevel-a-nahlednuti-do-sveta-absolut-63eb7882.jpg 1920w, https:\/\/loudavymkrokem.cz\/wp-content\/uploads\/2026\/06\/courchevel-a-nahlednuti-do-sveta-absolut-63eb7882-300x225.jpg 300w, https:\/\/loudavymkrokem.cz\/wp-content\/uploads\/2026\/06\/courchevel-a-nahlednuti-do-sveta-absolut-63eb7882-700x525.jpg 700w, https:\/\/loudavymkrokem.cz\/wp-content\/uploads\/2026\/06\/courchevel-a-nahlednuti-do-sveta-absolut-63eb7882-768x576.jpg 768w, https:\/\/loudavymkrokem.cz\/wp-content\/uploads\/2026\/06\/courchevel-a-nahlednuti-do-sveta-absolut-63eb7882-1536x1152.jpg 1536w, https:\/\/loudavymkrokem.cz\/wp-content\/uploads\/2026\/06\/courchevel-a-nahlednuti-do-sveta-absolut-63eb7882-80x60.jpg 80w, https:\/\/loudavymkrokem.cz\/wp-content\/uploads\/2026\/06\/courchevel-a-nahlednuti-do-sveta-absolut-63eb7882-160x120.jpg 160w, https:\/\/loudavymkrokem.cz\/wp-content\/uploads\/2026\/06\/courchevel-a-nahlednuti-do-sveta-absolut-63eb7882-696x522.jpg 696w, https:\/\/loudavymkrokem.cz\/wp-content\/uploads\/2026\/06\/courchevel-a-nahlednuti-do-sveta-absolut-63eb7882-1392x1044.jpg 1392w\" sizes=\"(max-width: 1920px) 100vw, 1920px\" \/><button\n\t\t\tclass=\"lightbox-trigger\"\n\t\t\ttype=\"button\"\n\t\t\taria-haspopup=\"dialog\"\n\t\t\tdata-wp-bind--aria-label=\"state.thisImage.triggerButtonAriaLabel\"\n\t\t\tdata-wp-init=\"callbacks.initTriggerButton\"\n\t\t\tdata-wp-on--click=\"actions.showLightbox\"\n\t\t\tdata-wp-style--right=\"state.thisImage.buttonRight\"\n\t\t\tdata-wp-style--top=\"state.thisImage.buttonTop\"\n\t\t>\n\t\t\t<svg xmlns=\"http:\/\/www.w3.org\/2000\/svg\" width=\"12\" height=\"12\" fill=\"none\" viewBox=\"0 0 12 12\">\n\t\t\t\t<path fill=\"#fff\" d=\"M2 0a2 2 0 0 0-2 2v2h1.5V2a.5.5 0 0 1 .5-.5h2V0H2Zm2 10.5H2a.5.5 0 0 1-.5-.5V8H0v2a2 2 0 0 0 2 2h2v-1.5ZM8 12v-1.5h2a.5.5 0 0 0 .5-.5V8H12v2a2 2 0 0 1-2 2H8Zm2-12a2 2 0 0 1 2 2v2h-1.5V2a.5.5 0 0 0-.5-.5H8V0h2Z\" \/>\n\t\t\t<\/svg>\n\t\t<\/button><figcaption class=\"wp-element-caption\">Kuva: Florian P\u00e9pellin \/ Wikimedia Commons, CC BY-SA 4.0<\/figcaption><\/figure>\n\n\n\n<h3 class=\"wp-block-heading\"><span class=\"ez-toc-section\" id=\"3_Courchevel_ja_katsaus_absoluuttisen_ylellisyyden_maailmaan\"><\/span>3. Courchevel ja katsaus absoluuttisen ylellisyyden maailmaan<span class=\"ez-toc-section-end\"><\/span><\/h3>\n\n\n\n<p class=\"wp-block-paragraph\">Aivan Kolmen laakson reunalla sijaitsee Courchevel, joka on eksklusiivinen leikkikentt\u00e4 miljard\u00f6\u00f6reille, maailman julkkiksille ja rikkaalle eliitille. Keskus on jaettu useaan korkeuskerrokseen, ja niist\u00e4 korkein, ikoninen Courchevel 1850, on <strong>maailman ylellisimpien vuoristom\u00f6kkien ja viiden t\u00e4hden hotellien esittely<\/strong>. L\u00f6yd\u00e4t t\u00e4\u00e4lt\u00e4 kalliita maailman muotimerkkien putiikkeja suoraan lumeen istutettuina ja opulentteja ravintoloita, jotka on koristeltu per\u00e4ti useilla Michelin-t\u00e4hdill\u00e4 ja joihin joudut odottamaan p\u00f6yt\u00e4varausta jopa kuukausia.<\/p>\n\n\n\n<p class=\"wp-block-paragraph\">Vaikka et todenn\u00e4k\u00f6isesti majoitu t\u00e4\u00e4ll\u00e4, kannattaa ehdottomasti tulla t\u00e4nne edes yhdeksi laskettelup\u00e4iv\u00e4ksi laajennetun hissilippusi puitteissa. Se on sen arvoista, sill\u00e4 <strong>paikalliset rinteet ovat t\u00e4ydellisesti kunnossapidettyj\u00e4 ja usein aivan tyhji\u00e4<\/strong>. T\u00e4k\u00e4l\u00e4inen varakas asiakaskunta viett\u00e4\u00e4 nimitt\u00e4in paljon enemm\u00e4n aikaa iltap\u00e4iv\u00e4n juhlissa samppanjapullon kanssa kuin aamun kaartoja veist\u00e4en ruudutetulla rinteell\u00e4. Kahvipys\u00e4hdyksell\u00e4 kannattaa kuitenkin varautua etuk\u00e4teen kunnon hintashokkiin, sill\u00e4 tavallinenkin espresso voi maksaa t\u00e4\u00e4ll\u00e4 helposti kymmenen euroa.<\/p>\n\n\n\n<p class=\"wp-block-paragraph\">\ud83d\udca1 Vinkki: Suuntaa ehdottomasti <strong>kauniille punaiselle Combe de la Saulire \u2011rinteelle<\/strong>, joka alkaa samannimiselt\u00e4 huipulta. Se tarjoaa upean ja uskomattoman sulavan urheilullisen laskun l\u00e4hes tuhannen metrin korkeuserolla alas laaksoon asti.<\/p>\n\n\n\n<figure data-wp-context=\"{&quot;imageId&quot;:&quot;6a9adac5ee036&quot;}\" data-wp-interactive=\"core\/image\" data-wp-key=\"6a9adac5ee036\" class=\"wp-block-image size-full wp-lightbox-container\"><img decoding=\"async\" width=\"1920\" height=\"1277\" data-wp-class--hide=\"state.isContentHidden\" data-wp-class--show=\"state.isContentVisible\" data-wp-init=\"callbacks.setButtonStyles\" data-wp-on--click=\"actions.showLightbox\" data-wp-on--load=\"callbacks.setButtonStyles\" data-wp-on--pointerdown=\"actions.preloadImage\" data-wp-on--pointerenter=\"actions.preloadImageWithDelay\" data-wp-on--pointerleave=\"actions.cancelPreload\" data-wp-on-window--resize=\"callbacks.setButtonStyles\" src=\"https:\/\/loudavymkrokem.cz\/wp-content\/uploads\/2026\/06\/meribel-nabidne-drevenou-romantiku-v-srd-4bf78d0d.jpg\" alt=\"M\u00e9ribel tarjoaa puista romantiikkaa vuorten syd\u00e4mess\u00e4\" class=\"wp-image-209796\" title=\"\" srcset=\"https:\/\/loudavymkrokem.cz\/wp-content\/uploads\/2026\/06\/meribel-nabidne-drevenou-romantiku-v-srd-4bf78d0d.jpg 1920w, https:\/\/loudavymkrokem.cz\/wp-content\/uploads\/2026\/06\/meribel-nabidne-drevenou-romantiku-v-srd-4bf78d0d-300x200.jpg 300w, https:\/\/loudavymkrokem.cz\/wp-content\/uploads\/2026\/06\/meribel-nabidne-drevenou-romantiku-v-srd-4bf78d0d-700x466.jpg 700w, https:\/\/loudavymkrokem.cz\/wp-content\/uploads\/2026\/06\/meribel-nabidne-drevenou-romantiku-v-srd-4bf78d0d-768x511.jpg 768w, https:\/\/loudavymkrokem.cz\/wp-content\/uploads\/2026\/06\/meribel-nabidne-drevenou-romantiku-v-srd-4bf78d0d-1536x1022.jpg 1536w, https:\/\/loudavymkrokem.cz\/wp-content\/uploads\/2026\/06\/meribel-nabidne-drevenou-romantiku-v-srd-4bf78d0d-696x463.jpg 696w, https:\/\/loudavymkrokem.cz\/wp-content\/uploads\/2026\/06\/meribel-nabidne-drevenou-romantiku-v-srd-4bf78d0d-1392x926.jpg 1392w\" sizes=\"(max-width: 1920px) 100vw, 1920px\" \/><button\n\t\t\tclass=\"lightbox-trigger\"\n\t\t\ttype=\"button\"\n\t\t\taria-haspopup=\"dialog\"\n\t\t\tdata-wp-bind--aria-label=\"state.thisImage.triggerButtonAriaLabel\"\n\t\t\tdata-wp-init=\"callbacks.initTriggerButton\"\n\t\t\tdata-wp-on--click=\"actions.showLightbox\"\n\t\t\tdata-wp-style--right=\"state.thisImage.buttonRight\"\n\t\t\tdata-wp-style--top=\"state.thisImage.buttonTop\"\n\t\t>\n\t\t\t<svg xmlns=\"http:\/\/www.w3.org\/2000\/svg\" width=\"12\" height=\"12\" fill=\"none\" viewBox=\"0 0 12 12\">\n\t\t\t\t<path fill=\"#fff\" d=\"M2 0a2 2 0 0 0-2 2v2h1.5V2a.5.5 0 0 1 .5-.5h2V0H2Zm2 10.5H2a.5.5 0 0 1-.5-.5V8H0v2a2 2 0 0 0 2 2h2v-1.5ZM8 12v-1.5h2a.5.5 0 0 0 .5-.5V8H12v2a2 2 0 0 1-2 2H8Zm2-12a2 2 0 0 1 2 2v2h-1.5V2a.5.5 0 0 0-.5-.5H8V0h2Z\" \/>\n\t\t\t<\/svg>\n\t\t<\/button><figcaption class=\"wp-element-caption\">Kuva: DimiTalen \/ Wikimedia Commons, CC0<\/figcaption><\/figure>\n\n\n\n<h3 class=\"wp-block-heading\"><span class=\"ez-toc-section\" id=\"4_Meribel_tarjoaa_puista_romantiikkaa_vuorten_sydamessa\"><\/span>4. M\u00e9ribel tarjoaa puista romantiikkaa vuorten syd\u00e4mess\u00e4<span class=\"ez-toc-section-end\"><\/span><\/h3>\n\n\n\n<p class=\"wp-block-paragraph\">Aivan Kolmen laakson j\u00e4ttikompleksin keskell\u00e4 sijaitsee M\u00e9ribel, joka muodostaa t\u00e4ydellisen vastakohdan muiden ranskalaisten keskusten betonil\u00e4hi\u00f6ille. Rakentaminen oli t\u00e4\u00e4ll\u00e4 hyvin tiukkojen s\u00e4\u00e4nt\u00f6jen alaista, joten <strong>kaikkien rakennusten on kunnioitettava perinteist\u00e4 alppityyli\u00e4<\/strong> ja ne on pakko verhoilla puulla ja paikallisella kivell\u00e4. N\u00e4in keskus on s\u00e4ilytt\u00e4nyt ihanan romanttisen ja l\u00e4mpim\u00e4n tunnelman, jota Ranskassa muualla usein kaipaat, ja tunnet olevasi pikemminkin naapurimaassa It\u00e4vallassa tai Sveitsiss\u00e4.<\/p>\n\n\n\n<p class=\"wp-block-paragraph\">Kauniin ja tyylikk\u00e4\u00e4n arkkitehtuurin lis\u00e4ksi M\u00e9ribelin valtava etu on sen <strong>t\u00e4ysin verraton strateginen sijainti hiihtokartalla<\/strong>. Se sijaitsee t\u00e4sm\u00e4lleen koko rinneseitin keskell\u00e4, joten voit joka aamu vapaasti p\u00e4\u00e4tt\u00e4\u00e4, l\u00e4hdetk\u00f6 tutkimaan ylellist\u00e4 Courchevelia toisella puolella vai urheilullista ja korkeammalla sijaitsevaa Val Thorensia toisella. Logistiselta kannalta se on lyhyesti sanottuna paras l\u00e4ht\u00f6piste koko alueen tutkimiseen.<\/p>\n\n\n\n<p class=\"wp-block-paragraph\">\ud83d\udca1 Vinkki: Jos rakastat pitki\u00e4 ja monimuotoisia rinteit\u00e4, l\u00e4hde heti ensimm\u00e4isell\u00e4 aamuk\u00f6ysiradalla Mont Vallonin huipulle 2952 metrin korkeuteen. Sielt\u00e4 laskee <strong>yksi koko alueen kauneimmista punaisista rinteist\u00e4<\/strong>, jota ymp\u00e4r\u00f6i lis\u00e4ksi t\u00e4ysin villi vuoristoluonto ilman muuta infrastruktuuria.<\/p>\n\n\n\n<figure data-wp-context=\"{&quot;imageId&quot;:&quot;6a9adac5ee55a&quot;}\" data-wp-interactive=\"core\/image\" data-wp-key=\"6a9adac5ee55a\" class=\"wp-block-image size-full wp-lightbox-container\"><img decoding=\"async\" width=\"1920\" height=\"1139\" data-wp-class--hide=\"state.isContentHidden\" data-wp-class--show=\"state.isContentVisible\" data-wp-init=\"callbacks.setButtonStyles\" data-wp-on--click=\"actions.showLightbox\" data-wp-on--load=\"callbacks.setButtonStyles\" data-wp-on--pointerdown=\"actions.preloadImage\" data-wp-on--pointerenter=\"actions.preloadImageWithDelay\" data-wp-on--pointerleave=\"actions.cancelPreload\" data-wp-on-window--resize=\"callbacks.setButtonStyles\" src=\"https:\/\/loudavymkrokem.cz\/wp-content\/uploads\/2026\/06\/tignes-a-val-d-isere-skryvaji-freeridovy-c67b879d.jpg\" alt=\"Tignes ja Val d&#039;Is\u00e8re k\u00e4tkev\u00e4t freeriden paratiisin Espace Killyn\" class=\"wp-image-209803\" title=\"\" srcset=\"https:\/\/loudavymkrokem.cz\/wp-content\/uploads\/2026\/06\/tignes-a-val-d-isere-skryvaji-freeridovy-c67b879d.jpg 1920w, https:\/\/loudavymkrokem.cz\/wp-content\/uploads\/2026\/06\/tignes-a-val-d-isere-skryvaji-freeridovy-c67b879d-300x178.jpg 300w, https:\/\/loudavymkrokem.cz\/wp-content\/uploads\/2026\/06\/tignes-a-val-d-isere-skryvaji-freeridovy-c67b879d-700x415.jpg 700w, https:\/\/loudavymkrokem.cz\/wp-content\/uploads\/2026\/06\/tignes-a-val-d-isere-skryvaji-freeridovy-c67b879d-768x456.jpg 768w, https:\/\/loudavymkrokem.cz\/wp-content\/uploads\/2026\/06\/tignes-a-val-d-isere-skryvaji-freeridovy-c67b879d-1536x911.jpg 1536w, https:\/\/loudavymkrokem.cz\/wp-content\/uploads\/2026\/06\/tignes-a-val-d-isere-skryvaji-freeridovy-c67b879d-696x413.jpg 696w, https:\/\/loudavymkrokem.cz\/wp-content\/uploads\/2026\/06\/tignes-a-val-d-isere-skryvaji-freeridovy-c67b879d-1392x826.jpg 1392w\" sizes=\"(max-width: 1920px) 100vw, 1920px\" \/><button\n\t\t\tclass=\"lightbox-trigger\"\n\t\t\ttype=\"button\"\n\t\t\taria-haspopup=\"dialog\"\n\t\t\tdata-wp-bind--aria-label=\"state.thisImage.triggerButtonAriaLabel\"\n\t\t\tdata-wp-init=\"callbacks.initTriggerButton\"\n\t\t\tdata-wp-on--click=\"actions.showLightbox\"\n\t\t\tdata-wp-style--right=\"state.thisImage.buttonRight\"\n\t\t\tdata-wp-style--top=\"state.thisImage.buttonTop\"\n\t\t>\n\t\t\t<svg xmlns=\"http:\/\/www.w3.org\/2000\/svg\" width=\"12\" height=\"12\" fill=\"none\" viewBox=\"0 0 12 12\">\n\t\t\t\t<path fill=\"#fff\" d=\"M2 0a2 2 0 0 0-2 2v2h1.5V2a.5.5 0 0 1 .5-.5h2V0H2Zm2 10.5H2a.5.5 0 0 1-.5-.5V8H0v2a2 2 0 0 0 2 2h2v-1.5ZM8 12v-1.5h2a.5.5 0 0 0 .5-.5V8H12v2a2 2 0 0 1-2 2H8Zm2-12a2 2 0 0 1 2 2v2h-1.5V2a.5.5 0 0 0-.5-.5H8V0h2Z\" \/>\n\t\t\t<\/svg>\n\t\t<\/button><figcaption class=\"wp-element-caption\">Kuva: Didier Descouens \/ Wikimedia Commons, CC BY-SA 4.0<\/figcaption><\/figure>\n\n\n\n<h3 class=\"wp-block-heading\"><span class=\"ez-toc-section\" id=\"5_Tignes_ja_Val_dIsere_katkevat_freeriden_paratiisin_Espace_Killyn\"><\/span>5. Tignes ja Val d&#8217;Is\u00e8re k\u00e4tkev\u00e4t freeriden paratiisin Espace Killyn<span class=\"ez-toc-section-end\"><\/span><\/h3>\n\n\n\n<p class=\"wp-block-paragraph\">Jos Kolme laaksoa tuntuu sinusta liian valtavirtaiselta ja siloitellulta, riitt\u00e4\u00e4 kun siirryt yhden laakson verran viereen henke\u00e4salpaavalle Espace Killyn alueelle, joka on nimetty legendaarisen ranskalaisen alppihiiht\u00e4j\u00e4n mukaan. Se yhdist\u00e4\u00e4 Tignesin ja Val d&#8217;Is\u00e8ren keskukset ja tarjoaa yhteens\u00e4 300 kilometri\u00e4 ensiluokkaisia rinteit\u00e4. Teseet ovat t\u00e4\u00e4ll\u00e4 kuitenkin <strong>tuntuvasti urheilullisempia, paljon jyrkempi\u00e4 ja freeriden mahdollisuudet k\u00e4yt\u00e4nn\u00f6ss\u00e4 loputtomat<\/strong>. Se on kuuluisa paikka, jonne tullaan todella rehellisen, fyysisesti vaativan laskettelun ja t\u00e4ydellisen puuterin per\u00e4ss\u00e4.<\/p>\n\n\n\n<p class=\"wp-block-paragraph\">Tignes on lis\u00e4ksi yksi harvoista paikoista Ranskassa, joissa <strong>voit lasketella ongelmitta my\u00f6s kes\u00e4lomien aikaan<\/strong>. Grande Motte \u2011j\u00e4\u00e4tik\u00f6n ansiosta talvikausi p\u00e4\u00e4ttyy t\u00e4\u00e4ll\u00e4 vasta 3. toukokuuta, ja t\u00e4m\u00e4n j\u00e4lkeen k\u00f6ysiradat k\u00e4ynnistyv\u00e4t kes\u00e4- ja hein\u00e4kuussa uudelleen kes\u00e4n harjoitusleirej\u00e4 varten. Lasketella hein\u00e4kuussa lyhythihaisessa suolatulla lumella ja iltap\u00e4iv\u00e4ll\u00e4 uida alhaalla laaksossa kirkkaassa vuoristoj\u00e4rvess\u00e4 on uskomattoman bisarri, mutta aivan loistava el\u00e4mys, johon rakastut.<\/p>\n\n\n\n<p class=\"wp-block-paragraph\">\ud83d\udca1 Vinkki: Rankan Espace Killyn rinnep\u00e4iv\u00e4n j\u00e4lkeen unohda ehdottomasti ansaittu ilta paikallisissa ravintoloissa. Suosittelen l\u00e4mpim\u00e4sti maistamaan <strong>perinteist\u00e4 juustofonduea tai tuoksuvaa raclettea<\/strong>, joka on t\u00e4ydellinen kasvisherkku ja l\u00e4mmitt\u00e4\u00e4 sinut varmasti pakkasp\u00e4iv\u00e4n j\u00e4lkeen ja antaa kadonneen energian takaisin.<\/p>\n\n\n\n<figure data-wp-context=\"{&quot;imageId&quot;:&quot;6a9adac5eea67&quot;}\" data-wp-interactive=\"core\/image\" data-wp-key=\"6a9adac5eea67\" class=\"wp-block-image size-full wp-lightbox-container\"><img decoding=\"async\" width=\"1920\" height=\"1280\" data-wp-class--hide=\"state.isContentHidden\" data-wp-class--show=\"state.isContentVisible\" data-wp-init=\"callbacks.setButtonStyles\" data-wp-on--click=\"actions.showLightbox\" data-wp-on--load=\"callbacks.setButtonStyles\" data-wp-on--pointerdown=\"actions.preloadImage\" data-wp-on--pointerenter=\"actions.preloadImageWithDelay\" data-wp-on--pointerleave=\"actions.cancelPreload\" data-wp-on-window--resize=\"callbacks.setButtonStyles\" src=\"https:\/\/loudavymkrokem.cz\/wp-content\/uploads\/2026\/06\/alpe-d-huez-a-legendarnich-21-cyklistick-2ec58a7e.jpg\" alt=\"Alpe d&#039;Huez ja legendaariset 21 py\u00f6r\u00e4ilymutkaa\" class=\"wp-image-209807\" title=\"\" srcset=\"https:\/\/loudavymkrokem.cz\/wp-content\/uploads\/2026\/06\/alpe-d-huez-a-legendarnich-21-cyklistick-2ec58a7e.jpg 1920w, https:\/\/loudavymkrokem.cz\/wp-content\/uploads\/2026\/06\/alpe-d-huez-a-legendarnich-21-cyklistick-2ec58a7e-300x200.jpg 300w, https:\/\/loudavymkrokem.cz\/wp-content\/uploads\/2026\/06\/alpe-d-huez-a-legendarnich-21-cyklistick-2ec58a7e-700x467.jpg 700w, https:\/\/loudavymkrokem.cz\/wp-content\/uploads\/2026\/06\/alpe-d-huez-a-legendarnich-21-cyklistick-2ec58a7e-768x512.jpg 768w, https:\/\/loudavymkrokem.cz\/wp-content\/uploads\/2026\/06\/alpe-d-huez-a-legendarnich-21-cyklistick-2ec58a7e-1536x1024.jpg 1536w, https:\/\/loudavymkrokem.cz\/wp-content\/uploads\/2026\/06\/alpe-d-huez-a-legendarnich-21-cyklistick-2ec58a7e-696x464.jpg 696w, https:\/\/loudavymkrokem.cz\/wp-content\/uploads\/2026\/06\/alpe-d-huez-a-legendarnich-21-cyklistick-2ec58a7e-1392x928.jpg 1392w\" sizes=\"(max-width: 1920px) 100vw, 1920px\" \/><button\n\t\t\tclass=\"lightbox-trigger\"\n\t\t\ttype=\"button\"\n\t\t\taria-haspopup=\"dialog\"\n\t\t\tdata-wp-bind--aria-label=\"state.thisImage.triggerButtonAriaLabel\"\n\t\t\tdata-wp-init=\"callbacks.initTriggerButton\"\n\t\t\tdata-wp-on--click=\"actions.showLightbox\"\n\t\t\tdata-wp-style--right=\"state.thisImage.buttonRight\"\n\t\t\tdata-wp-style--top=\"state.thisImage.buttonTop\"\n\t\t>\n\t\t\t<svg xmlns=\"http:\/\/www.w3.org\/2000\/svg\" width=\"12\" height=\"12\" fill=\"none\" viewBox=\"0 0 12 12\">\n\t\t\t\t<path fill=\"#fff\" d=\"M2 0a2 2 0 0 0-2 2v2h1.5V2a.5.5 0 0 1 .5-.5h2V0H2Zm2 10.5H2a.5.5 0 0 1-.5-.5V8H0v2a2 2 0 0 0 2 2h2v-1.5ZM8 12v-1.5h2a.5.5 0 0 0 .5-.5V8H12v2a2 2 0 0 1-2 2H8Zm2-12a2 2 0 0 1 2 2v2h-1.5V2a.5.5 0 0 0-.5-.5H8V0h2Z\" \/>\n\t\t\t<\/svg>\n\t\t<\/button><figcaption class=\"wp-element-caption\">Kuva: Nathalie \/ Wikimedia Commons, CC BY 2.0<\/figcaption><\/figure>\n\n\n\n<h3 class=\"wp-block-heading\"><span class=\"ez-toc-section\" id=\"6_Alpe_dHuez_ja_legendaariset_21_pyorailymutkaa\"><\/span>6. Alpe d&#8217;Huez ja legendaariset 21 py\u00f6r\u00e4ilymutkaa<span class=\"ez-toc-section-end\"><\/span><\/h3>\n\n\n\n<p class=\"wp-block-paragraph\">Alpe d&#8217;Huez on fantastinen talvikeskus, joka ylpeilee <strong>Euroopan pisimm\u00e4ll\u00e4 mustalla rinteell\u00e4<\/strong>, joka tunnetaan nimell\u00e4 La Sarenne ja joka on uskomattomat 16 kilometri\u00e4 pitk\u00e4. Ihan rehellisesti t\u00e4ytyy kuitenkin sanoa, ett\u00e4 t\u00e4m\u00e4 nimi resonoi urheilumaailmassa paljon voimakkaammin kes\u00e4n kuuman asfaltin vuoksi. Laaksokaupunki Bourg d&#8217;Oisansista keskukseen nouseva tie on vajaat 14 kilometri\u00e4 pitk\u00e4 ja sen keskim\u00e4\u00e4r\u00e4inen, hyvin raskas nousu on yli kahdeksan prosenttia.<\/p>\n\n\n\n<p class=\"wp-block-paragraph\">Kaikkein t\u00e4rkeint\u00e4 ovat kuitenkin <strong>tasan 21 numeroitua serpentiini\u00e4<\/strong>, jotka muodostavat yhden planeetan ikonisimmista nousuista. Joka kes\u00e4p\u00e4iv\u00e4 t\u00e4\u00e4ll\u00e4 tapaa satoja amat\u00f6\u00f6ripy\u00f6r\u00e4ilij\u00f6it\u00e4, jotka yritt\u00e4v\u00e4t hikip\u00e4iss\u00e4\u00e4n ylitt\u00e4\u00e4 itsens\u00e4 ja polkea aivan huipulle asti. Jokainen mutka kantaa lis\u00e4ksi jonkin kuuluisan Tour de Francen etappivoittajan nime\u00e4. Erityisen kuuluisa on seitsem\u00e4s mutka, lempinimelt\u00e4\u00e4n hollantilainen, jonne kisojen aikana ker\u00e4\u00e4ntyy oranssiin pukeutuneita faneja ja luo t\u00e4ydellisen helvetin.<\/p>\n\n\n\n<p class=\"wp-block-paragraph\">\ud83d\udca1 Vinkki: Vuosi 2026 on t\u00e4ss\u00e4 suhteessa aivan \u00e4\u00e4rimm\u00e4inen, sill\u00e4 <strong>Tour de Francen peloton saapuu t\u00e4nne per\u00e4ti kahdesti<\/strong>. Jos haluat n\u00e4hd\u00e4 19. ja 20. etapin maalin el\u00e4v\u00e4n\u00e4 24. ja 25. hein\u00e4kuuta 2026, sinun on saavuttava paikalle valtavalla etumatkalla, sill\u00e4 kisap\u00e4iv\u00e4n\u00e4 tie suljetaan tinkim\u00e4tt\u00f6m\u00e4sti.<\/p>\n\n\n\n<figure data-wp-context=\"{&quot;imageId&quot;:&quot;6a9adac5eefd6&quot;}\" data-wp-interactive=\"core\/image\" data-wp-key=\"6a9adac5eefd6\" class=\"wp-block-image size-full wp-lightbox-container\"><img decoding=\"async\" width=\"1366\" height=\"2048\" data-wp-class--hide=\"state.isContentHidden\" data-wp-class--show=\"state.isContentVisible\" data-wp-init=\"callbacks.setButtonStyles\" data-wp-on--click=\"actions.showLightbox\" data-wp-on--load=\"callbacks.setButtonStyles\" data-wp-on--pointerdown=\"actions.preloadImage\" data-wp-on--pointerenter=\"actions.preloadImageWithDelay\" data-wp-on--pointerleave=\"actions.cancelPreload\" data-wp-on-window--resize=\"callbacks.setButtonStyles\" src=\"https:\/\/loudavymkrokem.cz\/wp-content\/uploads\/2026\/06\/les-deux-alpes-a-jeho-naruby-prevraceny-3fc56896-scaled.jpg\" alt=\"Les Deux Alpes ja sen nurinkurinen j\u00e4\u00e4tikk\u00f6\" class=\"wp-image-209812\" title=\"\" srcset=\"https:\/\/loudavymkrokem.cz\/wp-content\/uploads\/2026\/06\/les-deux-alpes-a-jeho-naruby-prevraceny-3fc56896-scaled.jpg 1366w, https:\/\/loudavymkrokem.cz\/wp-content\/uploads\/2026\/06\/les-deux-alpes-a-jeho-naruby-prevraceny-3fc56896-200x300.jpg 200w, https:\/\/loudavymkrokem.cz\/wp-content\/uploads\/2026\/06\/les-deux-alpes-a-jeho-naruby-prevraceny-3fc56896-700x1050.jpg 700w, https:\/\/loudavymkrokem.cz\/wp-content\/uploads\/2026\/06\/les-deux-alpes-a-jeho-naruby-prevraceny-3fc56896-768x1152.jpg 768w, https:\/\/loudavymkrokem.cz\/wp-content\/uploads\/2026\/06\/les-deux-alpes-a-jeho-naruby-prevraceny-3fc56896-1024x1536.jpg 1024w, https:\/\/loudavymkrokem.cz\/wp-content\/uploads\/2026\/06\/les-deux-alpes-a-jeho-naruby-prevraceny-3fc56896-1392x2088.jpg 1365w, https:\/\/loudavymkrokem.cz\/wp-content\/uploads\/2026\/06\/les-deux-alpes-a-jeho-naruby-prevraceny-3fc56896-696x1044.jpg 696w\" sizes=\"(max-width: 1366px) 100vw, 1366px\" \/><button\n\t\t\tclass=\"lightbox-trigger\"\n\t\t\ttype=\"button\"\n\t\t\taria-haspopup=\"dialog\"\n\t\t\tdata-wp-bind--aria-label=\"state.thisImage.triggerButtonAriaLabel\"\n\t\t\tdata-wp-init=\"callbacks.initTriggerButton\"\n\t\t\tdata-wp-on--click=\"actions.showLightbox\"\n\t\t\tdata-wp-style--right=\"state.thisImage.buttonRight\"\n\t\t\tdata-wp-style--top=\"state.thisImage.buttonTop\"\n\t\t>\n\t\t\t<svg xmlns=\"http:\/\/www.w3.org\/2000\/svg\" width=\"12\" height=\"12\" fill=\"none\" viewBox=\"0 0 12 12\">\n\t\t\t\t<path fill=\"#fff\" d=\"M2 0a2 2 0 0 0-2 2v2h1.5V2a.5.5 0 0 1 .5-.5h2V0H2Zm2 10.5H2a.5.5 0 0 1-.5-.5V8H0v2a2 2 0 0 0 2 2h2v-1.5ZM8 12v-1.5h2a.5.5 0 0 0 .5-.5V8H12v2a2 2 0 0 1-2 2H8Zm2-12a2 2 0 0 1 2 2v2h-1.5V2a.5.5 0 0 0-.5-.5H8V0h2Z\" \/>\n\t\t\t<\/svg>\n\t\t<\/button><figcaption class=\"wp-element-caption\">Kuva: Pline \/ Wikimedia Commons, CC BY-SA 4.0<\/figcaption><\/figure>\n\n\n\n<!-- LKM_GYG_CARD start q=\"francouzske alpy\" lang=\"fi\" --><!-- LKM_GYG_CARD end -->\n\n\n\n\n<div class=\"lk-stays-module\">\n<style>\n\/* \u2500\u2500\u2500 RESET PRO GUTENBERG \u2500\u2500\u2500 *\/\n.lk-stays-module * { box-sizing: border-box; margin: 0; padding: 0; }\n\n\/* \u2500\u2500\u2500 WRAPPER \u2500\u2500\u2500 *\/\n.lk-stays-module {\n  font-family: 'DM Sans', Georgia, sans-serif;\n  max-width: 100%;\n  margin: 2.5rem auto;\n  background: linear-gradient(135deg, #fdfaf5 0%, #fcf8f0 100%);\n  border: 1px solid #e8dfd4;\n  border-radius: 16px;\n  overflow: hidden;\n  box-shadow: 0 16px 48px rgba(195, 159, 118, 0.25), 0 4px 12px rgba(0,0,0,0.08);\n}\n\n\/* \u2500\u2500\u2500 HEADER \u2500\u2500\u2500 *\/\n.lk-stays-header {\n  position: relative;\n  padding: 24px 36px 24px;\n  background: linear-gradient(135deg, #c39f76 0%, #d4b188 60%, #c39f76 100%);\n  border-bottom: 1px solid rgba(255,255,255,.15);\n  display: flex;\n  align-items: center;\n  gap: 18px;\n}\n.lk-stays-header::before {\n  content: '';\n  position: absolute;\n  inset: 0;\n  background: url(\"data:image\/svg+xml,%3Csvg width='60' height='60' viewBox='0 0 60 60' xmlns='http:\/\/www.w3.org\/2000\/svg'%3E%3Cg fill='none' fill-rule='evenodd'%3E%3Cg fill='%23ffffff' fill-opacity='0.05'%3E%3Cpath d='M36 34v-4h-2v4h-4v2h4v4h2v-4h4v-2h-4zm0-30V0h-2v4h-4v2h4v4h2V6h4V4h-4zM6 34v-4H4v4H0v2h4v4h2v-4h4v-2H6zM6 4V0H4v4H0v2h4v4h2V6h4V4H6z'\/%3E%3C\/g%3E%3C\/g%3E%3C\/svg%3E\") repeat;\n  pointer-events: none;\n}\n.lk-stays-icon {\n  flex-shrink: 0;\n  width: 68px;\n  height: 68px;\n  border-radius: 14px;\n  background: linear-gradient(135deg, #fff 0%, #f9f6f0 100%);\n  display: flex;\n  align-items: center;\n  justify-content: center;\n  font-size: 26px;\n  box-shadow: 0 4px 12px rgba(0,0,0,0.15);\n}\n.lk-stays-eyebrow {\n  font-size: 10px;\n  font-weight: 500;\n  letter-spacing: 2.5px;\n  text-transform: uppercase;\n  color: rgba(255,255,255,.85);\n  margin: 0 0 5px 0;\n}\n.lk-stays-title {\n  font-family: 'Playfair Display', Georgia, serif;\n  font-size: 24px;\n  font-weight: 700;\n  color: #fff;\n  line-height: 1.2;\n  text-shadow: 0 1px 2px rgba(0,0,0,0.1);\n  margin: 0;\n}\n.lk-stays-subtitle {\n  font-size: 13px;\n  color: rgba(255,255,255,.75);\n  margin: 4px 0 0 0;\n  font-weight: 300;\n}\n\n\/* \u2500\u2500\u2500 CARDS GRID \u2500\u2500\u2500 *\/\n.lk-stays-grid {\n  display: grid;\n  grid-template-columns: 1fr 1fr;\n  gap: 1px;\n  background: rgba(195, 159, 118, 0.12);\n}\n\n\/* \u2500\u2500\u2500 SINGLE CARD \u2500\u2500\u2500 *\/\n.lk-stay-card {\n  background: #ffffff;\n  padding: 26px;\n  display: flex;\n  flex-direction: column;\n  gap: 11px;\n  transition: all 0.3s ease;\n  text-decoration: none;\n  color: inherit;\n  position: relative;\n}\n.lk-stay-card:hover {\n  background: #fffbf5;\n  transform: translateY(-2px);\n  box-shadow: 0 8px 24px rgba(195, 159, 118, 0.18);\n  z-index: 1;\n}\n.lk-stay-card.featured {\n  background: linear-gradient(135deg, #fffdf9 0%, #fff9f0 100%);\n  box-shadow: 0 4px 16px rgba(195, 159, 118, 0.15), inset 0 1px 0 rgba(195, 159, 118, 0.1);\n}\n.lk-stay-card.featured:hover {\n  background: linear-gradient(135deg, #fffbf5 0%, #fff8ed 100%);\n  box-shadow: 0 8px 24px rgba(195, 159, 118, 0.25), inset 0 1px 0 rgba(195, 159, 118, 0.15);\n}\n\n.lk-stay-badge {\n  display: inline-flex;\n  align-items: center;\n  gap: 5px;\n  font-size: 10px;\n  font-weight: 500;\n  letter-spacing: 1.5px;\n  text-transform: uppercase;\n  padding: 5px 11px;\n  border-radius: 20px;\n  width: fit-content;\n}\n.badge-top     { background: linear-gradient(135deg, #c39f76 0%, #d4b188 100%); color: #fff; border: 1px solid #c39f76; font-weight: 600; box-shadow: 0 2px 8px rgba(195,159,118,0.3); }\n.badge-luxury  { background: rgba(195,159,118,.12); color: #c39f76; border: 1px solid rgba(195,159,118,.25); }\n.badge-boutique{ background: rgba(54,133,252,.08); color: #3685fc; border: 1px solid rgba(54,133,252,.2); }\n.badge-nature  { background: rgba(130,190,100,.1); color: #6b9c4a; border: 1px solid rgba(130,190,100,.2); }\n.badge-remote  { background: rgba(195,159,118,.12); color: #a67e50; border: 1px solid rgba(195,159,118,.25); }\n\n.lk-stay-name {\n  font-family: 'Playfair Display', Georgia, serif;\n  font-size: 18px;\n  font-weight: 700;\n  color: #111827;\n  line-height: 1.3;\n}\n.lk-stay-desc {\n  font-size: 13.5px;\n  color: #525252;\n  line-height: 1.65;\n  font-weight: 300;\n  flex: 1;\n}\n\n.lk-stay-meta {\n  display: flex;\n  align-items: center;\n  gap: 12px;\n  flex-wrap: wrap;\n  margin-top: 4px;\n}\n.lk-stay-price {\n  font-size: 13px;\n  color: #6b7280;\n}\n.lk-stay-price strong {\n  color: #c39f76;\n  font-weight: 500;\n}\n.lk-stay-stars {\n  color: #c39f76;\n  font-size: 11px;\n  letter-spacing: 1px;\n}\n\n\/* \u2500\u2500\u2500 CTA BUTTON \u2500\u2500\u2500 *\/\n.lk-stay-cta {\n  display: inline-flex;\n  align-items: center;\n  justify-content: center;\n  gap: 7px;\n  margin-top: 8px;\n  padding: 11px 20px;\n  border-radius: 8px;\n  background: linear-gradient(135deg, #3685fc 0%, #2a6fd9 100%);\n  color: #fff;\n  font-size: 13px;\n  font-weight: 500;\n  text-decoration: none;\n  letter-spacing: .3px;\n  transition: all .2s ease;\n  cursor: pointer;\n  border: none;\n  text-align: center;\n  box-shadow: 0 4px 12px rgba(54, 133, 252, 0.25);\n}\n.lk-stay-cta:hover {\n  background: linear-gradient(135deg, #2a6fd9 0%, #1e5bc4 100%);\n  transform: translateY(-1px);\n  box-shadow: 0 6px 16px rgba(54, 133, 252, 0.35);\n}\n.lk-stay-cta svg { flex-shrink: 0; }\n\n\/* \u2500\u2500\u2500 FOOTER \u2500\u2500\u2500 *\/\n.lk-stays-footer {\n  padding: 18px 36px;\n  background: linear-gradient(to bottom, #fdfaf5 0%, #f9f4ed 100%);\n  border-top: 1px solid rgba(195, 159, 118, 0.15);\n  display: flex;\n  align-items: center;\n  justify-content: space-between;\n  flex-wrap: wrap;\n  gap: 12px;\n}\n.lk-stays-footer-note {\n  font-size: 11.5px;\n  color: #6b7280;\n  font-weight: 300;\n  line-height: 1.5;\n}\n.lk-stays-footer-note a {\n  color: #c39f76;\n  text-decoration: none;\n  font-weight: 400;\n}\n.lk-stays-footer-note a:hover {\n  text-decoration: underline;\n}\n.lk-stays-all-btn {\n  display: inline-flex;\n  align-items: center;\n  gap: 6px;\n  font-size: 12.5px;\n  font-weight: 500;\n  color: #c39f76;\n  text-decoration: none;\n  border: 1px solid rgba(195, 159, 118, 0.35);\n  padding: 8px 18px;\n  border-radius: 8px;\n  transition: all .2s ease;\n}\n.lk-stays-all-btn:hover {\n  background: rgba(195, 159, 118, 0.08);\n  border-color: rgba(195, 159, 118, 0.5);\n}\n\n\/* \u2500\u2500\u2500 RESPONSIVE \u2500\u2500\u2500 *\/\n@media (max-width: 600px) {\n  .lk-stays-grid { grid-template-columns: 1fr; }\n  .lk-stays-header { padding: 24px 20px; }\n  .lk-stays-footer { padding: 16px 20px; }\n  .lk-stay-card { padding: 22px; }\n  .lk-stays-title { font-size: 20px; }\n}\n<\/style>\n\n  <!-- HEADER -->\n  <div class=\"lk-stays-header\">\n    <img decoding=\"async\" src=\"https:\/\/loudavymkrokem.cz\/wp-content\/uploads\/2026\/02\/lukas-a-lucka.jpg\" alt=\"\" style=\"width: 75px; height: 75px; border-radius: 8px; flex-shrink: 0; object-fit: cover; display: block; margin: 4px 0;\" title=\"\">\n    <div class=\"lk-stays-header-text\">\n      <div class=\"lk-stays-eyebrow\">Luk\u00e1\u0161 ja Lucie suosittelevat<\/div>\n      <div class=\"lk-stays-title\">Miss\u00e4 majoittua Ranskan Alpeilla<\/div>\n      <div class=\"lk-stays-subtitle\">4 majoitusvaihtoehtoa \u2014 wellness-hotelleja, hotelleja ja muita majoitusvaihtoehtoja<\/div>\n    <\/div>\n  <\/div>\n\n  <!-- CARDS -->\n  <div class=\"lk-stays-grid\">\n\n    <a class=\"lk-stay-card featured\" href=\"https:\/\/www.stay22.com\/allez\/roam?aid=lukaskonecny&#038;campaign=loudavymkrokemcz&#038;campaign=fi&#038;campaign=lyzovani-francouzske-alpy&#038;hotelname=Hotel%20Le%20Chablis&#038;address=Ly%C5%BEov%C3%A1n%C3%AD%20ve%20francouzsk%C3%BDch%20Alp%C3%A1ch%2C%20Francie\" target=\"_blank\" rel=\"nofollow noopener\">\n      <span class=\"lk-stay-badge badge-top\">\u2b50 HUIPPUVALINTA<\/span>\n      <span class=\"lk-stay-badge badge-nature\">\ud83c\udfe8 Hotelli<\/span>\n      <div class=\"lk-stay-name\">Hotel Le Chablis<\/div>\n      <div class=\"lk-stay-desc\">Erinomaisesti arvioitu hotelli Les Houchesissa tarjoaa viihtyisi\u00e4 huoneita, upeat aamiaiset ja sijaitsee vain lyhyen matkan p\u00e4\u00e4ss\u00e4 p\u00e4\u00e4k\u00f6ysiradasta.<\/div>\n      <div class=\"lk-stay-meta\">\n        <span class=\"lk-stay-stars\">\u2605\u2605\u2605\u2605<\/span>\n        <span class=\"lk-stay-price\">Tarkista hinnat<\/span>\n      <\/div>\n      <span class=\"lk-stay-cta\">\n        <svg width=\"14\" height=\"14\" viewBox=\"0 0 24 24\" fill=\"none\" stroke=\"currentColor\" stroke-width=\"2\"><path d=\"M18 13v6a2 2 0 0 1-2 2H5a2 2 0 0 1-2-2V8a2 2 0 0 1 2-2h6\"\/><polyline points=\"15 3 21 3 21 9\"\/><line x1=\"10\" y1=\"14\" x2=\"21\" y2=\"3\"\/><\/svg>\n        Tarkista saatavuus\n      <\/span>\n    <\/a>\n\n    <a class=\"lk-stay-card\" href=\"https:\/\/www.stay22.com\/allez\/roam?aid=lukaskonecny&#038;campaign=loudavymkrokemcz&#038;campaign=fi&#038;campaign=lyzovanifrancouzskealpy&#038;address=francouzsk%C3%A9+Alpy&#038;hotelname=Hotel+Pashmina+Le+Refuge&#038;search=Hotel+Pashmina+Le+Refuge&#038;category=accommodation\" target=\"_blank\" rel=\"nofollow noopener\">\n      <span class=\"lk-stay-badge badge-nature\">\u2b50 Luxury<\/span>\n      <div class=\"lk-stay-name\">Hotel Pashmina Le Refuge<\/div>\n      <div class=\"lk-stay-desc\">Luksushotelli suoraan rinteess\u00e4 Val Thorensissa upeine kylpyl\u00f6ineen ja henke\u00e4salpaavine n\u00e4k\u00f6aloineen lumisille huipuille.<\/div>\n      <div class=\"lk-stay-meta\">\n        <span class=\"lk-stay-stars\">\u2605\u2605\u2605\u2605<\/span>\n        <span class=\"lk-stay-price\">Tarkista hinnat<\/span>\n      <\/div>\n      <span class=\"lk-stay-cta\">\n        <svg width=\"14\" height=\"14\" viewBox=\"0 0 24 24\" fill=\"none\" stroke=\"currentColor\" stroke-width=\"2\"><path d=\"M18 13v6a2 2 0 0 1-2 2H5a2 2 0 0 1-2-2V8a2 2 0 0 1 2-2h6\"\/><polyline points=\"15 3 21 3 21 9\"\/><line x1=\"10\" y1=\"14\" x2=\"21\" y2=\"3\"\/><\/svg>\n        Tarkista saatavuus\n      <\/span>\n    <\/a>\n\n    <a class=\"lk-stay-card\" href=\"https:\/\/www.stay22.com\/allez\/roam?aid=lukaskonecny&#038;campaign=loudavymkrokemcz&#038;campaign=fi&#038;campaign=lyzovanifrancouzskealpy&#038;address=francouzsk%C3%A9+Alpy&#038;hotelname=H%C3%A9liopic+Hotel+%26+Spa&#038;search=H%C3%A9liopic+Hotel+%26+Spa&#038;category=accommodation\" target=\"_blank\" rel=\"nofollow noopener\">\n      <span class=\"lk-stay-badge badge-nature\">\u2b50 Luxury<\/span>\n      <div class=\"lk-stay-name\">H\u00e9liopic Hotel &#038; Spa<\/div>\n      <div class=\"lk-stay-desc\">Eritt\u00e4in suosittu designhotelli Chamonixin laaksossa, joka sijaitsee strategisesti Aiguille du Midin k\u00f6ysiradan alaaseman vieress\u00e4. Vaativan p\u00e4iv\u00e4n j\u00e4lkeen voit rentoutua kylpyl\u00e4ss\u00e4.<\/div>\n      <div class=\"lk-stay-meta\">\n        <span class=\"lk-stay-stars\">\u2605\u2605\u2605\u2605<\/span>\n        <span class=\"lk-stay-price\">Tarkista hinnat<\/span>\n      <\/div>\n      <span class=\"lk-stay-cta\">\n        <svg width=\"14\" height=\"14\" viewBox=\"0 0 24 24\" fill=\"none\" stroke=\"currentColor\" stroke-width=\"2\"><path d=\"M18 13v6a2 2 0 0 1-2 2H5a2 2 0 0 1-2-2V8a2 2 0 0 1 2-2h6\"\/><polyline points=\"15 3 21 3 21 9\"\/><line x1=\"10\" y1=\"14\" x2=\"21\" y2=\"3\"\/><\/svg>\n        Tarkista saatavuus\n      <\/span>\n    <\/a>\n\n    <a class=\"lk-stay-card\" href=\"https:\/\/www.stay22.com\/allez\/roam?aid=lukaskonecny&#038;campaign=loudavymkrokemcz&#038;campaign=fi&#038;campaign=lyzovanifrancouzskealpy&#038;address=francouzsk\u00e9%20alpy\" target=\"_blank\" rel=\"nofollow noopener\">\n      <span class=\"lk-stay-badge badge-nature\">\ud83d\udd0d Hae<\/span>\n      <div class=\"lk-stay-name\">N\u00e4yt\u00e4 kaikki majoitukset Ranskan Alpeilla<\/div>\n      <div class=\"lk-stay-desc\">Tutustu kaikkiin saatavilla oleviin majoitusvaihtoehtoihin Ranskan Alpeilla ja l\u00f6yd\u00e4 paras vaihtoehto mieltymystesi ja budjettisi mukaan.<\/div>\n      <div class=\"lk-stay-meta\">\n        <span class=\"lk-stay-stars\">\u2605\u2605\u2605\u2605<\/span>\n        <span class=\"lk-stay-price\">Vertaile hintoja<\/span>\n      <\/div>\n      <span class=\"lk-stay-cta\">\n        <svg width=\"14\" height=\"14\" viewBox=\"0 0 24 24\" fill=\"none\" stroke=\"currentColor\" stroke-width=\"2\"><path d=\"M18 13v6a2 2 0 0 1-2 2H5a2 2 0 0 1-2-2V8a2 2 0 0 1 2-2h6\"\/><polyline points=\"15 3 21 3 21 9\"\/><line x1=\"10\" y1=\"14\" x2=\"21\" y2=\"3\"\/><\/svg>\n        Tarkista saatavuus\n      <\/span>\n    <\/a>\n\n  <\/div>\n\n  \n<\/div>\n\n\n\n\n<h3 class=\"wp-block-heading\"><span class=\"ez-toc-section\" id=\"7_Les_Deux_Alpes_ja_sen_nurinkurinen_jaatikko\"><\/span>7. Les Deux Alpes ja sen nurinkurinen j\u00e4\u00e4tikk\u00f6<span class=\"ez-toc-section-end\"><\/span><\/h3>\n\n\n\n<p class=\"wp-block-paragraph\">Les Deux Alpes \u2011keskus on monessa suhteessa t\u00e4ysin ainutlaatuinen ja hieman kumoaa tavallisten vuorten fysiikan lait. Sen topografia on nimitt\u00e4in <strong>t\u00e4ysin p\u00e4invastainen kuin useimpien muiden hiihtoalueiden<\/strong> Euroopassa. Jyrkimm\u00e4t ja vaativimmat mustat rinteet l\u00f6yd\u00e4t aivan alhaalta kyl\u00e4n yl\u00e4puolelta, kun taas mit\u00e4 korkeammalle k\u00f6ysiradalla nouset, sit\u00e4 tasaisemmat ja loivemmat lakeudet ovat. Koko alueen huipun muodostaa nimitt\u00e4in valtava ja loiva Mantel-j\u00e4\u00e4tikk\u00f6, jossa sijaitsevat kaikkein helpoimmat siniset moottoritiet aloittelijoille.<\/p>\n\n\n\n<p class=\"wp-block-paragraph\">T\u00e4m\u00e4 laaja, kunnioitettavassa 3600 metrin korkeudessa lep\u00e4\u00e4v\u00e4 j\u00e4\u00e4tikk\u00f6 on my\u00f6s <strong>valtava houkutin freestyle-laskettelun rakastajille ja innokkaille lumilautailijoille<\/strong>. Joka kes\u00e4 t\u00e4\u00e4ll\u00e4 nimitt\u00e4in rakennetaan yksi Euroopan suurimmista ja parhaiten arvostetuista snowparkeista, jonne tulee ammattilaisia kaikkialta maailmasta harjoittelemaan vaativia hyppyj\u00e4 j\u00e4ttim\u00e4isiin ilmatyynyihin ja laskemaan t\u00e4ydellisesti jyrsityiss\u00e4 U-rampeissa kes\u00e4auringon alla.<\/p>\n\n\n\n<p class=\"wp-block-paragraph\">\ud83d\udca1 Vinkki: Kun lasket j\u00e4\u00e4tik\u00f6lt\u00e4 takaisin laaksoon iltap\u00e4iv\u00e4tunteina, ole aina hyvin varovainen. K\u00e4\u00e4nteisen topografian vuoksi sinun on aivan p\u00e4iv\u00e4n lopuksi <strong>ylitett\u00e4v\u00e4 hyvin jyrkki\u00e4 ja usein ik\u00e4v\u00e4sti j\u00e4\u00e4tyneit\u00e4 osuuksia<\/strong>, joissa kapeissa kohdissa tungeksii satoja v\u00e4syneit\u00e4 laskettelijoita matkalla hotelleihinsa.<\/p>\n\n\n\n<figure data-wp-context=\"{&quot;imageId&quot;:&quot;6a9adac5ef60c&quot;}\" data-wp-interactive=\"core\/image\" data-wp-key=\"6a9adac5ef60c\" class=\"wp-block-image size-full wp-lightbox-container\"><img decoding=\"async\" width=\"1920\" height=\"1081\" data-wp-class--hide=\"state.isContentHidden\" data-wp-class--show=\"state.isContentVisible\" data-wp-init=\"callbacks.setButtonStyles\" data-wp-on--click=\"actions.showLightbox\" data-wp-on--load=\"callbacks.setButtonStyles\" data-wp-on--pointerdown=\"actions.preloadImage\" data-wp-on--pointerenter=\"actions.preloadImageWithDelay\" data-wp-on--pointerleave=\"actions.cancelPreload\" data-wp-on-window--resize=\"callbacks.setButtonStyles\" src=\"https:\/\/loudavymkrokem.cz\/wp-content\/uploads\/2026\/06\/la-plagne-a-les-arcs-spojene-v-obrim-par-69b7b752.jpg\" alt=\"La Plagne ja Les Arcs yhdistynein\u00e4 j\u00e4ttim\u00e4iseen Paradiskiin\" class=\"wp-image-209816\" title=\"\" srcset=\"https:\/\/loudavymkrokem.cz\/wp-content\/uploads\/2026\/06\/la-plagne-a-les-arcs-spojene-v-obrim-par-69b7b752.jpg 1920w, https:\/\/loudavymkrokem.cz\/wp-content\/uploads\/2026\/06\/la-plagne-a-les-arcs-spojene-v-obrim-par-69b7b752-300x169.jpg 300w, https:\/\/loudavymkrokem.cz\/wp-content\/uploads\/2026\/06\/la-plagne-a-les-arcs-spojene-v-obrim-par-69b7b752-700x394.jpg 700w, https:\/\/loudavymkrokem.cz\/wp-content\/uploads\/2026\/06\/la-plagne-a-les-arcs-spojene-v-obrim-par-69b7b752-768x432.jpg 768w, https:\/\/loudavymkrokem.cz\/wp-content\/uploads\/2026\/06\/la-plagne-a-les-arcs-spojene-v-obrim-par-69b7b752-1536x865.jpg 1536w, https:\/\/loudavymkrokem.cz\/wp-content\/uploads\/2026\/06\/la-plagne-a-les-arcs-spojene-v-obrim-par-69b7b752-696x392.jpg 696w, https:\/\/loudavymkrokem.cz\/wp-content\/uploads\/2026\/06\/la-plagne-a-les-arcs-spojene-v-obrim-par-69b7b752-1392x784.jpg 1392w\" sizes=\"(max-width: 1920px) 100vw, 1920px\" \/><button\n\t\t\tclass=\"lightbox-trigger\"\n\t\t\ttype=\"button\"\n\t\t\taria-haspopup=\"dialog\"\n\t\t\tdata-wp-bind--aria-label=\"state.thisImage.triggerButtonAriaLabel\"\n\t\t\tdata-wp-init=\"callbacks.initTriggerButton\"\n\t\t\tdata-wp-on--click=\"actions.showLightbox\"\n\t\t\tdata-wp-style--right=\"state.thisImage.buttonRight\"\n\t\t\tdata-wp-style--top=\"state.thisImage.buttonTop\"\n\t\t>\n\t\t\t<svg xmlns=\"http:\/\/www.w3.org\/2000\/svg\" width=\"12\" height=\"12\" fill=\"none\" viewBox=\"0 0 12 12\">\n\t\t\t\t<path fill=\"#fff\" d=\"M2 0a2 2 0 0 0-2 2v2h1.5V2a.5.5 0 0 1 .5-.5h2V0H2Zm2 10.5H2a.5.5 0 0 1-.5-.5V8H0v2a2 2 0 0 0 2 2h2v-1.5ZM8 12v-1.5h2a.5.5 0 0 0 .5-.5V8H12v2a2 2 0 0 1-2 2H8Zm2-12a2 2 0 0 1 2 2v2h-1.5V2a.5.5 0 0 0-.5-.5H8V0h2Z\" \/>\n\t\t\t<\/svg>\n\t\t<\/button><figcaption class=\"wp-element-caption\">Kuva: Andreas Eichler \/ Wikimedia Commons, CC BY-SA 4.0<\/figcaption><\/figure>\n\n\n\n<h3 class=\"wp-block-heading\"><span class=\"ez-toc-section\" id=\"8_La_Plagne_ja_Les_Arcs_yhdistyneina_jattimaiseen_Paradiskiin\"><\/span>8. La Plagne ja Les Arcs yhdistynein\u00e4 j\u00e4ttim\u00e4iseen Paradiskiin<span class=\"ez-toc-section-end\"><\/span><\/h3>\n\n\n\n<p class=\"wp-block-paragraph\">Kaksi valtavaa ja hyvin suosittua keskusta, La Plagne ja Les Arcs, p\u00e4\u00e4ttiv\u00e4t vuosituhannen alussa yhdist\u00e4\u00e4 voimansa ja loivat j\u00e4ttim\u00e4isen alueen nimelt\u00e4 Paradiski, joka tarjoaa laskettelijoille tasan 425 kilometri\u00e4 upeita rinteit\u00e4. Niiden yhdist\u00e4miseksi ranskalaisten oli rakennettava todellinen insin\u00f6\u00f6ri-ihme. Vanoise Express \u2011k\u00f6ysirata on <strong>j\u00e4ttim\u00e4inen kaksikerroksinen kabiini, johon mahtuu kunnioitettavat 200 ihmist\u00e4 kerralla<\/strong> ja joka ylitt\u00e4\u00e4 syv\u00e4n ja jyrk\u00e4n laakson aivan ilman yht\u00e4k\u00e4\u00e4n tukipilaria, mik\u00e4 on jo itsess\u00e4\u00e4n el\u00e4mys.<\/p>\n\n\n\n<p class=\"wp-block-paragraph\">Kun La Plagne on luonteeltaan pikemminkin loivempi ja suuntautunut rentoon perhelasketteluun hyvin leveine sinisine moottoriteineen, <strong>Les Arcs tarjoaa paljon urheilullisempia ja jyrkempi\u00e4 teseit\u00e4<\/strong> nokkelasti mets\u00e4\u00e4n k\u00e4tkettyin\u00e4. Molemmat keskukset ajavat j\u00e4lleen tinkim\u00e4tt\u00f6m\u00e4sti suosittua ski-in ski-out \u2011filosofiaa, joten t\u00e4\u00e4lt\u00e4 l\u00f6ytyy paljon valtavia huoneistokomplekseja, jotka eiv\u00e4t tosin voita arkkitehtuurillaan kauneuspalkintoa, mutta ovat talvilomaa varten \u00e4\u00e4rimm\u00e4isen k\u00e4yt\u00e4nn\u00f6llisi\u00e4.<\/p>\n\n\n\n<p class=\"wp-block-paragraph\">\ud83d\udca1 Vinkki: Jos poikkeat Les Arcsissa, \u00e4l\u00e4 miss\u00e4\u00e4n tapauksessa j\u00e4t\u00e4 v\u00e4liin <strong>legendaarista Aiguille Rouge \u2011rinnett\u00e4<\/strong>, joka putoaa tinkim\u00e4tt\u00f6m\u00e4sti yli kolmentuhannen metrin korkeudesta alas vieh\u00e4tt\u00e4v\u00e4\u00e4n Villarogerin kyl\u00e4\u00e4n. T\u00e4m\u00e4n loputtoman laskun korkeusero on yli kaksi kilometri\u00e4 ja se polttaa reisi\u00e4si luotettavasti.<\/p>\n\n\n\n<figure data-wp-context=\"{&quot;imageId&quot;:&quot;6a9adac5efbdb&quot;}\" data-wp-interactive=\"core\/image\" data-wp-key=\"6a9adac5efbdb\" class=\"wp-block-image size-full wp-lightbox-container\"><img decoding=\"async\" width=\"1920\" height=\"1280\" data-wp-class--hide=\"state.isContentHidden\" data-wp-class--show=\"state.isContentVisible\" data-wp-init=\"callbacks.setButtonStyles\" data-wp-on--click=\"actions.showLightbox\" data-wp-on--load=\"callbacks.setButtonStyles\" data-wp-on--pointerdown=\"actions.preloadImage\" data-wp-on--pointerenter=\"actions.preloadImageWithDelay\" data-wp-on--pointerleave=\"actions.cancelPreload\" data-wp-on-window--resize=\"callbacks.setButtonStyles\" src=\"https:\/\/loudavymkrokem.cz\/wp-content\/uploads\/2026\/06\/chamonix-mont-blanc-jako-pulzujici-mekka-76573f13.jpg\" alt=\"Chamonix-Mont-Blanc sykkiv\u00e4n\u00e4 alpinismin mekkana\" class=\"wp-image-209821\" title=\"\" srcset=\"https:\/\/loudavymkrokem.cz\/wp-content\/uploads\/2026\/06\/chamonix-mont-blanc-jako-pulzujici-mekka-76573f13.jpg 1920w, https:\/\/loudavymkrokem.cz\/wp-content\/uploads\/2026\/06\/chamonix-mont-blanc-jako-pulzujici-mekka-76573f13-300x200.jpg 300w, https:\/\/loudavymkrokem.cz\/wp-content\/uploads\/2026\/06\/chamonix-mont-blanc-jako-pulzujici-mekka-76573f13-700x467.jpg 700w, https:\/\/loudavymkrokem.cz\/wp-content\/uploads\/2026\/06\/chamonix-mont-blanc-jako-pulzujici-mekka-76573f13-768x512.jpg 768w, https:\/\/loudavymkrokem.cz\/wp-content\/uploads\/2026\/06\/chamonix-mont-blanc-jako-pulzujici-mekka-76573f13-1536x1024.jpg 1536w, https:\/\/loudavymkrokem.cz\/wp-content\/uploads\/2026\/06\/chamonix-mont-blanc-jako-pulzujici-mekka-76573f13-696x464.jpg 696w, https:\/\/loudavymkrokem.cz\/wp-content\/uploads\/2026\/06\/chamonix-mont-blanc-jako-pulzujici-mekka-76573f13-1392x928.jpg 1392w\" sizes=\"(max-width: 1920px) 100vw, 1920px\" \/><button\n\t\t\tclass=\"lightbox-trigger\"\n\t\t\ttype=\"button\"\n\t\t\taria-haspopup=\"dialog\"\n\t\t\tdata-wp-bind--aria-label=\"state.thisImage.triggerButtonAriaLabel\"\n\t\t\tdata-wp-init=\"callbacks.initTriggerButton\"\n\t\t\tdata-wp-on--click=\"actions.showLightbox\"\n\t\t\tdata-wp-style--right=\"state.thisImage.buttonRight\"\n\t\t\tdata-wp-style--top=\"state.thisImage.buttonTop\"\n\t\t>\n\t\t\t<svg xmlns=\"http:\/\/www.w3.org\/2000\/svg\" width=\"12\" height=\"12\" fill=\"none\" viewBox=\"0 0 12 12\">\n\t\t\t\t<path fill=\"#fff\" d=\"M2 0a2 2 0 0 0-2 2v2h1.5V2a.5.5 0 0 1 .5-.5h2V0H2Zm2 10.5H2a.5.5 0 0 1-.5-.5V8H0v2a2 2 0 0 0 2 2h2v-1.5ZM8 12v-1.5h2a.5.5 0 0 0 .5-.5V8H12v2a2 2 0 0 1-2 2H8Zm2-12a2 2 0 0 1 2 2v2h-1.5V2a.5.5 0 0 0-.5-.5H8V0h2Z\" \/>\n\t\t\t<\/svg>\n\t\t<\/button><figcaption class=\"wp-element-caption\">Kuva: Ximonic, Simo R\u00e4s\u00e4nen \/ Wikimedia Commons, CC BY-SA 3.0<\/figcaption><\/figure>\n\n\n\n<h3 class=\"wp-block-heading\"><span class=\"ez-toc-section\" id=\"9_Chamonix-Mont-Blanc_sykkivana_alpinismin_mekkana\"><\/span>9. Chamonix-Mont-Blanc sykkiv\u00e4n\u00e4 alpinismin mekkana<span class=\"ez-toc-section-end\"><\/span><\/h3>\n\n\n\n<p class=\"wp-block-paragraph\">Chamonix ei todellakaan ole tavallinen rauhallinen vuoristokaupunki viihtyisine perheasuntoineen, vaan se on aito vuoristomekka. T\u00e4ll\u00e4 <strong>sykkiv\u00e4ll\u00e4 eurooppalaisen alpinismin tukikohdalla<\/strong> on aivan uskomaton tunnelma, ja kaduilla tapaat oudon sekoituksen j\u00e4ttikameroilla varustautuneita japanilaisturisteja, pronssinruskeaksi paahtuneita karabiineilla koristeltuja vuorikiipeilij\u00f6it\u00e4 ja karuja freeridereit\u00e4, jotka odottavat aikaisesta aamusta l\u00e4htien k\u00e4rsim\u00e4tt\u00f6min\u00e4 ensimm\u00e4ist\u00e4 syv\u00e4\u00e4 puuteria.<\/p>\n\n\n\n<p class=\"wp-block-paragraph\">Kaupunki sijaitsee tiukasti syv\u00e4n laakson puristuksessa, ja suoraan sen yl\u00e4puolella <strong>kohoaa l\u00e4pip\u00e4\u00e4sem\u00e4tt\u00f6m\u00e4n\u00e4 ja majesteettisena valkoisena muurina Mont Blancin massiivi<\/strong>. Aina kun nostat p\u00e4\u00e4si taivaalle, n\u00e4et repaleisia j\u00e4\u00e4tik\u00f6it\u00e4, jotka ry\u00f6miv\u00e4t kuin loputtomat j\u00e4\u00e4tyneet joet jyrkki\u00e4 rinteit\u00e4 alas kohti kaupunkia. Chamonixilla on kokonaisuudessaan paljon karumpi ja urheilullisempi tunnelma kuin siloitelluilla it\u00e4valtalaisilla keskuksilla, ja paikallisissa baareissa keskustellaan iltaisin ylellisen muodin sijaan pikemminkin lumivy\u00f6ryvaarasta ja j\u00e4\u00e4tikk\u00f6railojen ajankohtaisista olosuhteista.<\/p>\n\n\n<p><!-- GYG:Chamonix --><\/p>\n\n\n<p class=\"wp-block-paragraph\">\ud83d\udca1 Vinkki: Jos haluat vied\u00e4 vuorilta mukaasi jotain todella unohtumatonta, tutustu tandemliito\u00advarjolentoihin. N\u00e4m\u00e4 <strong>henke\u00e4salpaavat n\u00e4k\u00f6alalennot liitovarjolla Chamonixin laakson yll\u00e4<\/strong> voit helposti varata etuk\u00e4teen esimerkiksi GetYourGuide-alustan kautta, ja se on aivan fantastinen el\u00e4mys koko el\u00e4m\u00e4ksi.<\/p>\n\n\n\n<figure data-wp-context=\"{&quot;imageId&quot;:&quot;6a9adac5f0147&quot;}\" data-wp-interactive=\"core\/image\" data-wp-key=\"6a9adac5f0147\" class=\"wp-block-image size-full wp-lightbox-container\"><img decoding=\"async\" width=\"1782\" height=\"2048\" data-wp-class--hide=\"state.isContentHidden\" data-wp-class--show=\"state.isContentVisible\" data-wp-init=\"callbacks.setButtonStyles\" data-wp-on--click=\"actions.showLightbox\" data-wp-on--load=\"callbacks.setButtonStyles\" data-wp-on--pointerdown=\"actions.preloadImage\" data-wp-on--pointerenter=\"actions.preloadImageWithDelay\" data-wp-on--pointerleave=\"actions.cancelPreload\" data-wp-on-window--resize=\"callbacks.setButtonStyles\" src=\"https:\/\/loudavymkrokem.cz\/wp-content\/uploads\/2026\/06\/aiguille-du-midi-predstavuje-listek-do-s-6d10b142.jpg\" alt=\"Aiguille du Midi on lippu stratosf\u00e4\u00e4riin\" class=\"wp-image-209826\" title=\"\" srcset=\"https:\/\/loudavymkrokem.cz\/wp-content\/uploads\/2026\/06\/aiguille-du-midi-predstavuje-listek-do-s-6d10b142.jpg 1782w, https:\/\/loudavymkrokem.cz\/wp-content\/uploads\/2026\/06\/aiguille-du-midi-predstavuje-listek-do-s-6d10b142-261x300.jpg 261w, https:\/\/loudavymkrokem.cz\/wp-content\/uploads\/2026\/06\/aiguille-du-midi-predstavuje-listek-do-s-6d10b142-700x804.jpg 700w, https:\/\/loudavymkrokem.cz\/wp-content\/uploads\/2026\/06\/aiguille-du-midi-predstavuje-listek-do-s-6d10b142-768x882.jpg 768w, https:\/\/loudavymkrokem.cz\/wp-content\/uploads\/2026\/06\/aiguille-du-midi-predstavuje-listek-do-s-6d10b142-1337x1536.jpg 1337w, https:\/\/loudavymkrokem.cz\/wp-content\/uploads\/2026\/06\/aiguille-du-midi-predstavuje-listek-do-s-6d10b142-696x800.jpg 696w, https:\/\/loudavymkrokem.cz\/wp-content\/uploads\/2026\/06\/aiguille-du-midi-predstavuje-listek-do-s-6d10b142-1392x1599.jpg 1392w\" sizes=\"(max-width: 1782px) 100vw, 1782px\" \/><button\n\t\t\tclass=\"lightbox-trigger\"\n\t\t\ttype=\"button\"\n\t\t\taria-haspopup=\"dialog\"\n\t\t\tdata-wp-bind--aria-label=\"state.thisImage.triggerButtonAriaLabel\"\n\t\t\tdata-wp-init=\"callbacks.initTriggerButton\"\n\t\t\tdata-wp-on--click=\"actions.showLightbox\"\n\t\t\tdata-wp-style--right=\"state.thisImage.buttonRight\"\n\t\t\tdata-wp-style--top=\"state.thisImage.buttonTop\"\n\t\t>\n\t\t\t<svg xmlns=\"http:\/\/www.w3.org\/2000\/svg\" width=\"12\" height=\"12\" fill=\"none\" viewBox=\"0 0 12 12\">\n\t\t\t\t<path fill=\"#fff\" d=\"M2 0a2 2 0 0 0-2 2v2h1.5V2a.5.5 0 0 1 .5-.5h2V0H2Zm2 10.5H2a.5.5 0 0 1-.5-.5V8H0v2a2 2 0 0 0 2 2h2v-1.5ZM8 12v-1.5h2a.5.5 0 0 0 .5-.5V8H12v2a2 2 0 0 1-2 2H8Zm2-12a2 2 0 0 1 2 2v2h-1.5V2a.5.5 0 0 0-.5-.5H8V0h2Z\" \/>\n\t\t\t<\/svg>\n\t\t<\/button><figcaption class=\"wp-element-caption\">Kuva: Benh LIEU SONG \/ Wikimedia Commons, CC BY-SA 3.0<\/figcaption><\/figure>\n\n\n\n<h3 class=\"wp-block-heading\"><span class=\"ez-toc-section\" id=\"10_Aiguille_du_Midi_on_lippu_stratosfaariin\"><\/span>10. Aiguille du Midi on lippu stratosf\u00e4\u00e4riin<span class=\"ez-toc-section-end\"><\/span><\/h3>\n\n\n\n<p class=\"wp-block-paragraph\">Jos sinulla on Chamonixissa aikaa vain yhdelle isolle n\u00e4ht\u00e4vyydelle, sen on ilman muuta oltava t\u00e4m\u00e4 uskomaton k\u00f6ysirata. Aiguille du Midi, jonka huippu on 3842 metriss\u00e4, on rosoinen kalliopiikki, jonka laella tasapainoilee monimutkainen terassien ja n\u00e4k\u00f6alojen kompleksi, <strong>joka n\u00e4ytt\u00e4\u00e4 ensisilm\u00e4yksell\u00e4 jonkinlaiselta salaiselta tukikohdalta Bond-elokuvasta<\/strong>. Itse matka yl\u00f6s on voimakas fyysinen el\u00e4mys, sill\u00e4 k\u00f6ysirata ylitt\u00e4\u00e4 valtavan korkeuseron ilman yht\u00e4k\u00e4\u00e4n tukipilaria, ja kun kabiini heilahtaa kallion reunan yli kilometrin syvyisen kuilun yll\u00e4, matkustajien henki varmasti salpautuu.<\/p>\n\n\n\n<p class=\"wp-block-paragraph\">Ylh\u00e4\u00e4ll\u00e4 sinua odottaa karu isku hyvin ohuen ilman muodossa, miss\u00e4 happea on noin 40 prosenttia v\u00e4hemm\u00e4n kuin merenpinnalla. Palkinnoksi saat kuitenkin <strong>absoluuttisen ja verrattoman n\u00e4kym\u00e4n Mont Blancin massiiville<\/strong> sek\u00e4 mahdollisuuden kokeilla niin sanottua Askel tyhjyyteen \u2011lasikoppia, joka roikkuu suoraan kuilun yll\u00e4. Edestakainen lippu maksaa talvi- ja kev\u00e4tkaudella 81 euroa ja kes\u00e4kuusta alkaen hinta nousee 83 euroon, ja tietyn ajan varaaminen on aivan v\u00e4ltt\u00e4m\u00e4t\u00f6nt\u00e4.<\/p>\n\n\n\n<p class=\"wp-block-paragraph\">\ud83d\udca1 Vinkki: Minulla on sinulle hyvin kriittinen varoitus vuodelle 2026. Toukokuun 25. p\u00e4iv\u00e4st\u00e4 alkaen t\u00e4\u00e4ll\u00e4 nimitt\u00e4in <strong>suljetaan nelj\u00e4ksi tai viideksi viikoksi kokonaan p\u00e4\u00e4n\u00e4k\u00f6alaterassi<\/strong> vaativan remontin vuoksi. Kompleksi on osittain k\u00e4ytett\u00e4viss\u00e4, mutta se ikonisin n\u00e4kym\u00e4 on valitettavasti huomattavasti rajoitettu.<\/p>\n\n\n\n<figure data-wp-context=\"{&quot;imageId&quot;:&quot;6a9adac5f067a&quot;}\" data-wp-interactive=\"core\/image\" data-wp-key=\"6a9adac5f067a\" class=\"wp-block-image size-full wp-lightbox-container\"><img decoding=\"async\" width=\"1920\" height=\"1440\" data-wp-class--hide=\"state.isContentHidden\" data-wp-class--show=\"state.isContentVisible\" data-wp-init=\"callbacks.setButtonStyles\" data-wp-on--click=\"actions.showLightbox\" data-wp-on--load=\"callbacks.setButtonStyles\" data-wp-on--pointerdown=\"actions.preloadImage\" data-wp-on--pointerenter=\"actions.preloadImageWithDelay\" data-wp-on--pointerleave=\"actions.cancelPreload\" data-wp-on-window--resize=\"callbacks.setButtonStyles\" src=\"https:\/\/loudavymkrokem.cz\/wp-content\/uploads\/2026\/06\/mer-de-glace-vypravi-smutny-pribeh-mizej-0fbce509.jpg\" alt=\"Mer de Glace kertoo surullisen tarinan katoavasta j\u00e4\u00e4tik\u00f6st\u00e4\" class=\"wp-image-209831\" title=\"\" srcset=\"https:\/\/loudavymkrokem.cz\/wp-content\/uploads\/2026\/06\/mer-de-glace-vypravi-smutny-pribeh-mizej-0fbce509.jpg 1920w, https:\/\/loudavymkrokem.cz\/wp-content\/uploads\/2026\/06\/mer-de-glace-vypravi-smutny-pribeh-mizej-0fbce509-300x225.jpg 300w, https:\/\/loudavymkrokem.cz\/wp-content\/uploads\/2026\/06\/mer-de-glace-vypravi-smutny-pribeh-mizej-0fbce509-700x525.jpg 700w, https:\/\/loudavymkrokem.cz\/wp-content\/uploads\/2026\/06\/mer-de-glace-vypravi-smutny-pribeh-mizej-0fbce509-768x576.jpg 768w, https:\/\/loudavymkrokem.cz\/wp-content\/uploads\/2026\/06\/mer-de-glace-vypravi-smutny-pribeh-mizej-0fbce509-1536x1152.jpg 1536w, https:\/\/loudavymkrokem.cz\/wp-content\/uploads\/2026\/06\/mer-de-glace-vypravi-smutny-pribeh-mizej-0fbce509-80x60.jpg 80w, https:\/\/loudavymkrokem.cz\/wp-content\/uploads\/2026\/06\/mer-de-glace-vypravi-smutny-pribeh-mizej-0fbce509-160x120.jpg 160w, https:\/\/loudavymkrokem.cz\/wp-content\/uploads\/2026\/06\/mer-de-glace-vypravi-smutny-pribeh-mizej-0fbce509-696x522.jpg 696w, https:\/\/loudavymkrokem.cz\/wp-content\/uploads\/2026\/06\/mer-de-glace-vypravi-smutny-pribeh-mizej-0fbce509-1392x1044.jpg 1392w\" sizes=\"(max-width: 1920px) 100vw, 1920px\" \/><button\n\t\t\tclass=\"lightbox-trigger\"\n\t\t\ttype=\"button\"\n\t\t\taria-haspopup=\"dialog\"\n\t\t\tdata-wp-bind--aria-label=\"state.thisImage.triggerButtonAriaLabel\"\n\t\t\tdata-wp-init=\"callbacks.initTriggerButton\"\n\t\t\tdata-wp-on--click=\"actions.showLightbox\"\n\t\t\tdata-wp-style--right=\"state.thisImage.buttonRight\"\n\t\t\tdata-wp-style--top=\"state.thisImage.buttonTop\"\n\t\t>\n\t\t\t<svg xmlns=\"http:\/\/www.w3.org\/2000\/svg\" width=\"12\" height=\"12\" fill=\"none\" viewBox=\"0 0 12 12\">\n\t\t\t\t<path fill=\"#fff\" d=\"M2 0a2 2 0 0 0-2 2v2h1.5V2a.5.5 0 0 1 .5-.5h2V0H2Zm2 10.5H2a.5.5 0 0 1-.5-.5V8H0v2a2 2 0 0 0 2 2h2v-1.5ZM8 12v-1.5h2a.5.5 0 0 0 .5-.5V8H12v2a2 2 0 0 1-2 2H8Zm2-12a2 2 0 0 1 2 2v2h-1.5V2a.5.5 0 0 0-.5-.5H8V0h2Z\" \/>\n\t\t\t<\/svg>\n\t\t<\/button><figcaption class=\"wp-element-caption\">Kuva: SNappa2006 (https:\/\/www.flickr.com\/people\/snappa2006\/) \/ Wikimedia Commons, CC BY 2.0<\/figcaption><\/figure>\n\n\n\n<h3 class=\"wp-block-heading\"><span class=\"ez-toc-section\" id=\"11_Mer_de_Glace_kertoo_surullisen_tarinan_katoavasta_jaatikosta\"><\/span>11. Mer de Glace kertoo surullisen tarinan katoavasta j\u00e4\u00e4tik\u00f6st\u00e4<span class=\"ez-toc-section-end\"><\/span><\/h3>\n\n\n\n<p class=\"wp-block-paragraph\">Chamonixin matkailun toinen kantava pilari on kiehtova Mer de Glace, joka k\u00e4\u00e4nnettyn\u00e4 tarkoittaa osuvasti J\u00e4\u00e4merta. Sinne sinua ei kuitenkaan vie tavallinen k\u00f6ysirata, vaan <strong>historiallinen hammasratasjuna Tramway de Montenvers<\/strong>, joka on jo vuodesta 1908 sinnikk\u00e4\u00e4sti kiivennyt tiheiden m\u00e4ntymetsien l\u00e4pi Chamonixista vajaan kahden tuhannen metrin korkeuteen. Matka ikonisissa punaisissa historiallisissa vaunuissa on uskomattoman romanttinen ja koko matka yl\u00f6s tarjoaa kauniit n\u00e4kym\u00e4t vihre\u00e4\u00e4n laaksoon.<\/p>\n\n\n\n<p class=\"wp-block-paragraph\">Itse paikalla sinua odottaa kuitenkin pikemminkin karu ja k\u00e4sinkosketeltava oppitunti k\u00e4ynniss\u00e4 olevasta ilmastonmuutoksesta, sill\u00e4 <strong>t\u00e4m\u00e4 ennen mahtava j\u00e4\u00e4tikk\u00f6 vet\u00e4ytyy todella pelottavaa vauhtia<\/strong>. Aikoinaan se ulottui aivan junan asemalle asti, nyky\u00e4\u00e4n sen luo t\u00e4ytyy laskeutua syv\u00e4lle laaksoon. Vuodesta 2024 l\u00e4htien t\u00e4\u00e4ll\u00e4 toimii onneksi aivan uusi moderni gondoli, joka korvasi vanhan k\u00f6ysiradan ja lyhensi turistien matkaa vet\u00e4ytyv\u00e4lle j\u00e4\u00e4lle ja keinotekoisesti veistettyyn j\u00e4\u00e4luolaan huomattavasti.<\/p>\n\n\n\n<p class=\"wp-block-paragraph\">\ud83d\udca1 Vinkki: Osta heti <strong>yhdistelm\u00e4lippu sek\u00e4 hammasratasjunaan ett\u00e4 uuteen gondoliin<\/strong>, se kannattaa paljon enemm\u00e4n, ellet tietenk\u00e4\u00e4n matkusta edullisella Mont Blanc Natural Resort \u2011passilla. J\u00e4\u00e4luolan sis\u00e4puolen kierros upeine sinisine valoineen on el\u00e4mys, jota ei kannata j\u00e4tt\u00e4\u00e4 v\u00e4liin k\u00e4ynnin aikana.<\/p>\n\n\n\n<figure data-wp-context=\"{&quot;imageId&quot;:&quot;6a9adac5f0c97&quot;}\" data-wp-interactive=\"core\/image\" data-wp-key=\"6a9adac5f0c97\" class=\"wp-block-image size-full wp-lightbox-container\"><img decoding=\"async\" width=\"1920\" height=\"1080\" data-wp-class--hide=\"state.isContentHidden\" data-wp-class--show=\"state.isContentVisible\" data-wp-init=\"callbacks.setButtonStyles\" data-wp-on--click=\"actions.showLightbox\" data-wp-on--load=\"callbacks.setButtonStyles\" data-wp-on--pointerdown=\"actions.preloadImage\" data-wp-on--pointerenter=\"actions.preloadImageWithDelay\" data-wp-on--pointerleave=\"actions.cancelPreload\" data-wp-on-window--resize=\"callbacks.setButtonStyles\" src=\"https:\/\/loudavymkrokem.cz\/wp-content\/uploads\/2026\/06\/tour-du-mont-blanc-je-ultimatnim-kralem-25adcd28.jpg\" alt=\"Tour du Mont Blanc on pitk\u00e4n matkan vaellusten kiistaton kuningas\" class=\"wp-image-209837\" title=\"\" srcset=\"https:\/\/loudavymkrokem.cz\/wp-content\/uploads\/2026\/06\/tour-du-mont-blanc-je-ultimatnim-kralem-25adcd28.jpg 1920w, https:\/\/loudavymkrokem.cz\/wp-content\/uploads\/2026\/06\/tour-du-mont-blanc-je-ultimatnim-kralem-25adcd28-300x169.jpg 300w, https:\/\/loudavymkrokem.cz\/wp-content\/uploads\/2026\/06\/tour-du-mont-blanc-je-ultimatnim-kralem-25adcd28-700x394.jpg 700w, https:\/\/loudavymkrokem.cz\/wp-content\/uploads\/2026\/06\/tour-du-mont-blanc-je-ultimatnim-kralem-25adcd28-768x432.jpg 768w, https:\/\/loudavymkrokem.cz\/wp-content\/uploads\/2026\/06\/tour-du-mont-blanc-je-ultimatnim-kralem-25adcd28-1536x864.jpg 1536w, https:\/\/loudavymkrokem.cz\/wp-content\/uploads\/2026\/06\/tour-du-mont-blanc-je-ultimatnim-kralem-25adcd28-696x392.jpg 696w, https:\/\/loudavymkrokem.cz\/wp-content\/uploads\/2026\/06\/tour-du-mont-blanc-je-ultimatnim-kralem-25adcd28-1392x783.jpg 1392w\" sizes=\"(max-width: 1920px) 100vw, 1920px\" \/><button\n\t\t\tclass=\"lightbox-trigger\"\n\t\t\ttype=\"button\"\n\t\t\taria-haspopup=\"dialog\"\n\t\t\tdata-wp-bind--aria-label=\"state.thisImage.triggerButtonAriaLabel\"\n\t\t\tdata-wp-init=\"callbacks.initTriggerButton\"\n\t\t\tdata-wp-on--click=\"actions.showLightbox\"\n\t\t\tdata-wp-style--right=\"state.thisImage.buttonRight\"\n\t\t\tdata-wp-style--top=\"state.thisImage.buttonTop\"\n\t\t>\n\t\t\t<svg xmlns=\"http:\/\/www.w3.org\/2000\/svg\" width=\"12\" height=\"12\" fill=\"none\" viewBox=\"0 0 12 12\">\n\t\t\t\t<path fill=\"#fff\" d=\"M2 0a2 2 0 0 0-2 2v2h1.5V2a.5.5 0 0 1 .5-.5h2V0H2Zm2 10.5H2a.5.5 0 0 1-.5-.5V8H0v2a2 2 0 0 0 2 2h2v-1.5ZM8 12v-1.5h2a.5.5 0 0 0 .5-.5V8H12v2a2 2 0 0 1-2 2H8Zm2-12a2 2 0 0 1 2 2v2h-1.5V2a.5.5 0 0 0-.5-.5H8V0h2Z\" \/>\n\t\t\t<\/svg>\n\t\t<\/button><figcaption class=\"wp-element-caption\">Kuva: Dmitry A. Mottl \/ Wikimedia Commons, CC BY-SA 4.0<\/figcaption><\/figure>\n\n\n\n<h3 class=\"wp-block-heading\"><span class=\"ez-toc-section\" id=\"12_Tour_du_Mont_Blanc_on_pitkan_matkan_vaellusten_kiistaton_kuningas\"><\/span>12. Tour du Mont Blanc on pitk\u00e4n matkan vaellusten kiistaton kuningas<span class=\"ez-toc-section-end\"><\/span><\/h3>\n\n\n\n<p class=\"wp-block-paragraph\">K\u00e4\u00e4nn\u00e4 selk\u00e4si k\u00f6ysiradoille, ved\u00e4 laadukkaat vaelluskeng\u00e4t jalkaan ja l\u00e4hde vuorille omin jaloin. Tour du Mont Blanc on kirjaimellisesti kaikkien pitk\u00e4n matkan vaeltajien graalin malja ja se on <strong>170 kilometri\u00e4 pitk\u00e4 kierros, joka halkoo vuorotellen Ranskaa, Italiaa ja Sveitsi\u00e4<\/strong>. Tavanomaisten seitsem\u00e4n tai kymmenen k\u00e4velyp\u00e4iv\u00e4n aikana t\u00e4m\u00e4 reitti tarjoilee sinulle noin 10 600 metri\u00e4 kumulatiivista nousua, mik\u00e4 on sama kuin kiipe\u00e4isit merenpinnasta Mount Everestin huipulle ja lis\u00e4isit viel\u00e4 hieman. Reitti vie sinut upeiden alppiniittyjen halki ja tarjoaa n\u00e4kym\u00e4n valkoiselle vuorelle kaikista kulmista.<\/p>\n\n\n\n<p class=\"wp-block-paragraph\">Koko hankkeen kompastuskivi ei kuitenkaan ole brutaali fyysinen nousu, vaan melko monimutkainen logistiikka. Vaellus on oman valtavan menestyksens\u00e4 uhri, ja <strong>vuorimajojen eli refugejen kapasiteetti on tiukasti rajoitettu<\/strong>. Villileiriytyminen on reitin varrella kielletty tukevien sakkojen uhalla, joten olet t\u00e4ysin riippuvainen virallisesta majoituksesta, jossa yksi y\u00f6 pakollisella puolihoidolla maksaa noin 80\u201390 euroa henkil\u00f6lt\u00e4.<\/p>\n\n\n\n<p class=\"wp-block-paragraph\">\ud83d\udca1 Vinkki: Paina korvasi taakse, ett\u00e4 vuorimajojen varaukset <strong>avautuvat joka vuosi jo 15. lokakuuta koko seuraavaksi kes\u00e4ksi etuk\u00e4teen<\/strong>. Jos haluat tehd\u00e4 t\u00e4m\u00e4n vaelluksen elokuussa, sinun on istuttava tietokoneen \u00e4\u00e4ress\u00e4 jo edellisen vuoden syksyll\u00e4 ja klikattava raivokkaasti virallisella portaalilla, sill\u00e4 parhaat paikat katoavat v\u00e4litt\u00f6m\u00e4sti.<\/p>\n\n\n\n<h2 class=\"wp-block-heading\"><span class=\"ez-toc-section\" id=\"Minne_seuraavaksi_Ranskan_Alpeilta\"><\/span><span class=\"ez-toc-section\" id=\"Minne_seuraavaksi_Ranskan_Alpeilta\"><\/span>Minne seuraavaksi Ranskan Alpeilta<span class=\"ez-toc-section-end\"><\/span><\/h2>\n\n\n\n<p class=\"wp-block-paragraph\">Jos alppihuiput lumosivat sinut ja haluat jatkaa t\u00e4m\u00e4n alueen tutkimista, sinulla on heti useita loistavia vaihtoehtoja. Pys\u00e4hdy <a href=\"https:\/\/loudavymkrokem.cz\/fi\/annecy-ranska-nahtavyydet\/\">Annecyn<\/a> kaupungissa, jota kutsutaan sen upeiden vesikanavien ansiosta Ranskan Venetsiaksi ja josta l\u00f6yd\u00e4t yhden koko Euroopan puhtaimmista j\u00e4rvist\u00e4.<\/p>\n\n\n\n<p class=\"wp-block-paragraph\">Jos haluat tunkeutua viel\u00e4 syvemm\u00e4lle eurooppalaisen alpinismin saloihin ja selvitt\u00e4\u00e4 enemm\u00e4n vanhan mantereen korkeimman vuoren valloituksen historiasta, lue ehdottomasti yksityiskohtainen oppaamme <a href=\"https:\/\/loudavymkrokem.cz\/fi\/chamonix-ranska-vinkit\/\">Chamonixiin ja Mont Blanciin<\/a>, josta saat runsaasti muita k\u00e4yt\u00e4nn\u00f6n vinkkej\u00e4 t\u00e4h\u00e4n nimenomaiseen Ranskan kolkkaan.<\/p>\n\n\n\n<h2 class=\"wp-block-heading\"><span class=\"ez-toc-section\" id=\"Usein_kysytyt_kysymykset\"><\/span><span class=\"ez-toc-section\" id=\"Usein_kysytyt_kysymykset\"><\/span>Usein kysytyt kysymykset<span class=\"ez-toc-section-end\"><\/span><\/h2>\n\n\n<div id=\"rank-math-faq\" class=\"rank-math-block\">\n<div class=\"rank-math-list \">\n<div id=\"faq-question-1780568174000\" class=\"rank-math-list-item\">\n<h3 class=\"rank-math-question \"><span class=\"ez-toc-section\" id=\"Paljonko_hiihtolippu_maksaa_Ranskan_Alpeilla\"><\/span>Paljonko hiihtolippu maksaa Ranskan Alpeilla?<span class=\"ez-toc-section-end\"><\/span><\/h3>\n<div class=\"rank-math-answer \">\n\n<p>Suurilla yhdistetyill\u00e4 alueilla hiihtolipat ovat melko kalliita. Esimerkiksi kuuden p\u00e4iv\u00e4n kauskortti koko Kolmen laakson alueelle (Les Trois Vall\u00e9es) maksaa kaudella 2025\/2026 noin 368 euroa. Voit kuitenkin s\u00e4\u00e4st\u00e4\u00e4 merkitt\u00e4v\u00e4sti, jos ostat hiihtolipun vain siihen paikalliseen laaksoon, jossa majoitut.<\/p>\n\n<\/div>\n<\/div>\n<div id=\"faq-question-1780568174001\" class=\"rank-math-list-item\">\n<h3 class=\"rank-math-question \"><span class=\"ez-toc-section\" id=\"Mika_on_paras_reitti_autolla_Suomesta\"><\/span>Mik\u00e4 on paras reitti autolla Suomesta?<span class=\"ez-toc-section-end\"><\/span><\/h3>\n<div class=\"rank-math-answer \">\n\n<p>Nopein ja mukavin reitti pohjoisiin Savoijin hiihtokeskuksiin kulkee Helsingist\u00e4 Saksan N\u00fcrnbergin, Sveitsin Geneven ja Ranskan Annecyn kautta. Puhdas ajoaika on noin 10\u201312 tuntia. Varaudu kuitenkin Sveitsin moottoritievinjetin ja melko kalliin Ranskan tiemaksun kustannuksiin.<\/p>\n\n<\/div>\n<\/div>\n<div id=\"faq-question-1780568174002\" class=\"rank-math-list-item\">\n<h3 class=\"rank-math-question \"><span class=\"ez-toc-section\" id=\"Milloin_on_parhaat_lumiolosuhteet_hiihtolle\"><\/span>Milloin on parhaat lumiolosuhteet hiihtolle?<span class=\"ez-toc-section-end\"><\/span><\/h3>\n<div class=\"rank-math-answer \">\n\n<p>Kaikkein parhaat hiihto-olosuhteet Ranskan hiihtokeskuksissa vallitsevat maaliskuussa, jolloin lunta on kertynyt paljon koko talven ajalta, mutta p\u00e4iv\u00e4t ovat jo pitempi\u00e4 ja aurinko paistaa useammin. My\u00f6s tammikuu on eritt\u00e4in hyv\u00e4, sen sijaan helmikuu on uskomattoman ruuhkainen meneill\u00e4\u00e4n olevien Ranskan talvilomien vuoksi.<\/p>\n\n<\/div>\n<\/div>\n<div id=\"faq-question-1780568174003\" class=\"rank-math-list-item\">\n<h3 class=\"rank-math-question \"><span class=\"ez-toc-section\" id=\"Milloin_aukeavat_varaukset_kesaiselle_Tour_du_Mont_Blanc_-vaellukselle\"><\/span>Milloin aukeavat varaukset kes\u00e4iselle Tour du Mont Blanc -vaellukselle?<span class=\"ez-toc-section-end\"><\/span><\/h3>\n<div class=\"rank-math-answer \">\n\n<p>T\u00e4m\u00e4 on \u00e4\u00e4rimm\u00e4isen t\u00e4rke\u00e4 tieto, sill\u00e4 vuoristomajavarauksien (refuges) avautuminen tapahtuu aina jo edellisen vuoden lokakuun 15. p\u00e4iv\u00e4n\u00e4. Jos haluat l\u00e4hte\u00e4 vaellukselle kes\u00e4kuukausina, sinun t\u00e4ytyy varata majoitus viralliselta portaalilta l\u00e4hes kolme nelj\u00e4sosaa vuotta etuk\u00e4teen. Suositun reitin kapasiteetti on nimitt\u00e4in tiukasti rajoitettu, ja kaikkein parhaat paikat katoavat tyypillisesti salamannopeasti ensimm\u00e4isten muutaman p\u00e4iv\u00e4n aikana.<\/p>\n\n<\/div>\n<\/div>\n<div id=\"faq-question-1780568174004\" class=\"rank-math-list-item\">\n<h3 class=\"rank-math-question \"><span class=\"ez-toc-section\" id=\"Tarvitsenko_autooni_ekotarran_Ranskan_vuoristoihin\"><\/span>Tarvitsenko autooni ekotarran Ranskan vuoristoihin?<span class=\"ez-toc-section-end\"><\/span><\/h3>\n<div class=\"rank-math-answer \">\n\n<p>Itse korkealla sijaitseviin hiihtokeskuksiin et yleens\u00e4 tarvitse Crit&#8217;Air-ekotarraa, mutta ole eritt\u00e4in varovainen ajaessasi suurten laaksossa sijaitsevien kaupunkien, kuten Grenoblen tai Lyonin, l\u00e4pi. N\u00e4m\u00e4 matalien p\u00e4\u00e4st\u00f6jen vy\u00f6hykkeet ovat voimassa my\u00f6s vuonna 2026, ja ilman tarraa ajamisesta, joka maksaa vain hieman yli 5 euroa ja ostetaan etuk\u00e4teen verkossa, uhkaa mojova 68 euron sakko.<\/p>\n\n<\/div>\n<\/div>\n<div id=\"faq-question-1780568174005\" class=\"rank-math-list-item\">\n<h3 class=\"rank-math-question \"><span class=\"ez-toc-section\" id=\"Onko_Aiguille_du_Midi_-nakoalapaikka_avoinna_koko_vuoden_2026\"><\/span>Onko Aiguille du Midi -n\u00e4k\u00f6alapaikka avoinna koko vuoden 2026?<span class=\"ez-toc-section-end\"><\/span><\/h3>\n<div class=\"rank-math-answer \">\n\n<p>Valitettavasti ei, ja kiinnit\u00e4 t\u00e4h\u00e4n todella suurta huomiota lomasi suunnittelussa. 25. toukokuuta 2026 alkaen huipulla sijaitseva p\u00e4\u00e4terassi suljetaan kokonaan nelj\u00e4ksi tai viideksi viikoksi laajan ja vaativan kunnostuksen vuoksi. K\u00f6ysirata toimii kyll\u00e4 ja osa koko kompleksista on k\u00e4ytett\u00e4viss\u00e4, mutta kaikkein paras n\u00e4k\u00f6ala on v\u00e4liaikaisesti merkitt\u00e4v\u00e4sti rajoitettu.<\/p>\n\n<\/div>\n<\/div>\n<div id=\"faq-question-1780568174006\" class=\"rank-math-list-item\">\n<h3 class=\"rank-math-question \"><span class=\"ez-toc-section\" id=\"Milloin_Tour_de_France_2026_ajaa_Alppien_halki\"><\/span>Milloin Tour de France 2026 ajaa Alppien halki?<span class=\"ez-toc-section-end\"><\/span><\/h3>\n<div class=\"rank-math-answer \">\n\n<p>Jos olet intohimoinen py\u00f6r\u00e4ilyn fani, merkitse kalenteriisi hein\u00e4kuun kolmas viikko vuonna 2026. Koko kilpailu saapuu Alpeille 15. etapilla, joka ajetaan 19. hein\u00e4kuuta. Sen j\u00e4lkeen peloton nousee legendaarista Alpe d&#8217;Huezin nousua kahdesti per\u00e4kk\u00e4in 19. ja 20. etapilla, tarkemmin 24. ja 25. hein\u00e4kuuta.<\/p>\n\n<\/div>\n<\/div>\n<div id=\"faq-question-1780568174007\" class=\"rank-math-list-item\">\n<h3 class=\"rank-math-question \"><span class=\"ez-toc-section\" id=\"Voiko_Ranskassa_hiihtaa_myos_kesalla\"><\/span>Voiko Ranskassa hiiht\u00e4\u00e4 my\u00f6s kes\u00e4ll\u00e4?<span class=\"ez-toc-section-end\"><\/span><\/h3>\n<div class=\"rank-math-answer \">\n\n<p>Kyll\u00e4, kes\u00e4hiihto on onneksi yh\u00e4 mahdollista suurilla j\u00e4\u00e4tik\u00f6ill\u00e4 hiihtokeskuksissa Tignes, josta l\u00f6yd\u00e4t laajan Grande Motte -j\u00e4\u00e4tik\u00f6n, sek\u00e4 Les Deux Alpesissa. Hissit alkavat py\u00f6ri\u00e4 lyhyen kev\u00e4tkatkoksen j\u00e4lkeen yleens\u00e4 kes\u00e4\u2013hein\u00e4kuun vaihteessa. Korkeiden l\u00e4mp\u00f6tilojen vuoksi hiihdet\u00e4\u00e4n kuitenkin yleens\u00e4 vain aamup\u00e4iv\u00e4ll\u00e4, ennen kuin lumi pehmenee liikaa voimakkaassa kes\u00e4auringossa.<\/p>\n\n<\/div>\n<\/div>\n<\/div>\n<\/div>","protected":false},"excerpt":{"rendered":"<p>L\u00e4hde tutkimaan maailman suurimpia hiihtokeskuksia, katoavia j\u00e4\u00e4tik\u00f6it\u00e4 ja legendaarisia py\u00f6r\u00e4ilynousuja majesteettisten Ranskan Alppien syd\u00e4mess\u00e4.<\/p>\n","protected":false},"author":3,"featured_media":210021,"comment_status":"open","ping_status":"open","sticky":false,"template":"","format":"standard","meta":{"_acf_changed":false,"footnotes":"","rank_math_title":"Ranskan Alpit: 12 parasta hiihtokeskusta 2026","rank_math_description":"Ranskan Alpit tarjoavat maailman suurimmat hiihtoalueet, katoavat j\u00e4\u00e4tik\u00f6t ja upeat vaellukset. Tutustu 12 parhaaseen keskukseen vuonna 2026 ja suunnittele matkasi!","rank_math_focus_keyword":"ranskan alpit","rank_math_seo_score":""},"categories":[2129,2123,2132],"tags":[],"class_list":["post-321484","post","type-post","status-publish","format-standard","has-post-thumbnail","category-eurooppa","category-matkailu","category-ranska"],"acf":[],"featured_image_src":"https:\/\/loudavymkrokem.cz\/wp-content\/uploads\/2026\/06\/val-thorens-ski-resort-a729f27c.jpg","author_info":{"display_name":"Lucie Kone\u010dn\u00e1","author_link":"https:\/\/loudavymkrokem.cz\/fi\/author\/lucie-konecna\/"},"_links":{"self":[{"href":"https:\/\/loudavymkrokem.cz\/fi\/wp-json\/wp\/v2\/posts\/321484","targetHints":{"allow":["GET"]}}],"collection":[{"href":"https:\/\/loudavymkrokem.cz\/fi\/wp-json\/wp\/v2\/posts"}],"about":[{"href":"https:\/\/loudavymkrokem.cz\/fi\/wp-json\/wp\/v2\/types\/post"}],"author":[{"embeddable":true,"href":"https:\/\/loudavymkrokem.cz\/fi\/wp-json\/wp\/v2\/users\/3"}],"replies":[{"embeddable":true,"href":"https:\/\/loudavymkrokem.cz\/fi\/wp-json\/wp\/v2\/comments?post=321484"}],"version-history":[{"count":0,"href":"https:\/\/loudavymkrokem.cz\/fi\/wp-json\/wp\/v2\/posts\/321484\/revisions"}],"wp:featuredmedia":[{"embeddable":true,"href":"https:\/\/loudavymkrokem.cz\/fi\/wp-json\/wp\/v2\/media\/210021"}],"wp:attachment":[{"href":"https:\/\/loudavymkrokem.cz\/fi\/wp-json\/wp\/v2\/media?parent=321484"}],"wp:term":[{"taxonomy":"category","embeddable":true,"href":"https:\/\/loudavymkrokem.cz\/fi\/wp-json\/wp\/v2\/categories?post=321484"},{"taxonomy":"post_tag","embeddable":true,"href":"https:\/\/loudavymkrokem.cz\/fi\/wp-json\/wp\/v2\/tags?post=321484"}],"curies":[{"name":"wp","href":"https:\/\/api.w.org\/{rel}","templated":true}]}}