{"id":320728,"date":"2026-05-29T19:56:12","date_gmt":"2026-05-29T17:56:12","guid":{"rendered":"https:\/\/loudavymkrokem.cz\/alpe-di-siusi-dolomiitit-italia\/"},"modified":"2026-09-02T06:22:42","modified_gmt":"2026-09-02T04:22:42","slug":"alpe-di-siusi-dolomiitit-italia","status":"publish","type":"post","link":"https:\/\/loudavymkrokem.cz\/fi\/alpe-di-siusi-dolomiitit-italia\/","title":{"rendered":"Alpe di Siusi (Seiser Alm), Dolomiitit: 12 vinkki\u00e4 n\u00e4ht\u00e4vyyksiin ja tekemiseen"},"content":{"rendered":"\n<!-- lk-tldr -->\n<div class=\"lk-tldr\" style=\"background:#f7f5f0;border-left:4px solid #c39f76;border-radius:0 10px 10px 0;padding:14px 18px;margin:0 0 26px;font-size:15px;line-height:1.65;\"><strong style=\"display:block;font-size:12px;text-transform:uppercase;letter-spacing:.06em;color:#a9885a;margin-bottom:5px;\">TL;DR<\/strong><strong>Alpe di Siusi (Seiser Alm)<\/strong> on 56 km\u00b2:n pinta-alallaan Euroopan suurin vuoristolaidun. Se sijaitsee Italian Dolomiiteilla 1680\u20132350 metrin korkeudessa ja tarjoaa panoraaman\u00e4kym\u00e4t Sasso Lungon, Sasso Piatton ja Sciliarin vuoristomassiiveille. Parhaat kuukaudet vierailulle ovat toukokuusta syyskuuhun, tai lokakuun puoliv\u00e4li syksyn kultaisia v\u00e4rej\u00e4 varten. Yl\u00f6s p\u00e4\u00e4set k\u00f6ysiradalla Ortiseista tai Compatschista, sill\u00e4 sesonkiaikaan voimassa on tiukka autojen ajokielto klo 9\u201317. Pys\u00e4k\u00f6inti ylh\u00e4\u00e4ll\u00e4 maksaa noin 25 \u20ac\/p\u00e4iv\u00e4 ja k\u00f6ysiratalippu 35\u201350 \u20ac. Artikkeli tarjoaa 12 konkreettista vinkki\u00e4 n\u00e4ht\u00e4vyyksiin ja tekemiseen \u2013 Hans und Paula Steger Weg -k\u00e4velyst\u00e4 Sasso Piatton kiipeilyyn ja Lago di Fie -pikkuj\u00e4rveen sek\u00e4 Tirlerin ja Mahlknechtin vuoristomajoihin \u2013 ja se sopii my\u00f6s lapsiperheille rattaiden kanssa sek\u00e4 koiranomistajille, sill\u00e4 maasto on enimm\u00e4kseen tasaista ja esteet\u00f6nt\u00e4.<\/div>\n<!-- \/lk-tldr -->\n\n\n\n<!-- lk-navbar -->\n<div class=\"lk-navbar\" style=\"margin:0 0 28px;\"><div style=\"font-size:12px;text-transform:uppercase;letter-spacing:.06em;color:#a9885a;font-weight:700;margin-bottom:9px;\">Pikalinkit<\/div><div style=\"display:flex;flex-wrap:wrap;gap:9px;\"><a href=\"#Kde_se_ubytovat_a_kolik_to_stoji\" style=\"background:#c39f76;color:#fff;border:1px solid #c39f76;padding:9px 15px;border-radius:22px;font-size:14px;font-weight:700;text-decoration:none;display:inline-block;line-height:1;\">\ud83d\udccd Miss\u00e4 majoittua<\/a><a href=\"#Alpe_di_Siusi_12_mist_ktera_musite_navstivit_a_co_tu_delat\" style=\"background:#c39f76;color:#fff;border:1px solid #c39f76;padding:9px 15px;border-radius:22px;font-size:14px;font-weight:700;text-decoration:none;display:inline-block;line-height:1;\">\u2b50 Mit\u00e4 n\u00e4hd\u00e4<\/a><a href=\"#Kdy_vyrazit_a_jake_vas_ceka_pocasi\" style=\"background:#fff;color:#6b5a44;border:1px solid #e2d6c1;padding:9px 15px;border-radius:22px;font-size:14px;font-weight:600;text-decoration:none;display:inline-block;line-height:1;\">\u2600\ufe0f Milloin menn\u00e4<\/a><a href=\"#Jak_se_dostat_nahoru_Pozor_na_zakaz_aut\" style=\"background:#fff;color:#6b5a44;border:1px solid #e2d6c1;padding:9px 15px;border-radius:22px;font-size:14px;font-weight:600;text-decoration:none;display:inline-block;line-height:1;\">\u2708\ufe0f Liikenne<\/a><a href=\"#Kde_se_najist_a_co_ochutnat\" style=\"background:#fff;color:#6b5a44;border:1px solid #e2d6c1;padding:9px 15px;border-radius:22px;font-size:14px;font-weight:600;text-decoration:none;display:inline-block;line-height:1;\">\ud83c\udf7d\ufe0f Ruoka<\/a><a href=\"#Kam_dal_Nechte_se_inspirovat\" style=\"background:#fff;color:#6b5a44;border:1px solid #e2d6c1;padding:9px 15px;border-radius:22px;font-size:14px;font-weight:600;text-decoration:none;display:inline-block;line-height:1;\">\ud83e\udded Ymp\u00e4rist\u00f6<\/a><\/div><\/div>\n<!-- \/lk-navbar -->\n\n\n\n\n<p class=\"wp-block-paragraph\">Muistan, kun Luk\u00e1\u0161 ja min\u00e4 ensimm\u00e4ist\u00e4 kertaa kaivoimme puhelimet esiin ja n\u00e4ytimme toisillemme t\u00e4sm\u00e4lleen saman tallennetun kuvan samasta alppilaitumesta (kyll\u00e4, se, jossa on ne kaksi taivaalle sojottavaa hammasta). <strong>Silloin emme viel\u00e4 tienneet, ett\u00e4 olisimme siell\u00e4 parin vuoden p\u00e4\u00e4st\u00e4 rattaiden ja kahden koiran kanssa.<\/strong> Alpe di Siusi eli Seiser Alm on paikka, joka pomppaa esiin l\u00e4hes jokaisessa Pohjois-Italian matkaoppaassa, ja voin luvata sinulle, ett\u00e4 todellisuus on viel\u00e4 paljon kauniimpi kuin siistityt Instagram-kuvat. Kun nouset k\u00f6ysiradalla yl\u00f6s, n\u00e4kym\u00e4t ovat aivan henke\u00e4salpaavat ja ymm\u00e4rr\u00e4t heti, miksi t\u00e4nne saapuu ihmisi\u00e4 kaikkialta maailmasta. \u263a\ufe0f<\/p>\n\n\n\n<p class=\"wp-block-paragraph\">Me rakastuimme Dolomiitteihin jo vuosia sitten, mutta t\u00e4n\u00e4 vuonna se sai meille aivan uuden ulottuvuuden. <strong>Kaksivuotiaan Jon\u00e1\u0161ekin kanssa etsimme n\u00e4et paikkoja, jotka ovat niin sanotusti rattaisiin sopivia, ja Alpe di Siusi osoittautui t\u00e4ysin ihanteelliseksi kohteeksi.<\/strong> Maasto on t\u00e4\u00e4ll\u00e4 enimm\u00e4kseen tasaista, joka paikkaan p\u00e4\u00e4see esteett\u00f6mill\u00e4 k\u00f6ysiradoilla ja busseilla, joten voit nauttia vuoristomaisemista ilman, ett\u00e4 joudut kiipe\u00e4m\u00e4\u00e4n pystysuoria kallioita lapsi sel\u00e4ss\u00e4. Seuranamme olivat tietysti my\u00f6s kaksi koiraamme K\u00e1ja ja Baby, joille laajat ruohotasangot olivat t\u00e4ysi paratiisi. Ja juuri t\u00e4m\u00e4n haluan t\u00e4n\u00e4\u00e4n jakaa kanssasi \u2013 mit\u00e4 tehd\u00e4, miss\u00e4 sy\u00f6d\u00e4 ja miten sinne ylip\u00e4\u00e4t\u00e4\u00e4n p\u00e4\u00e4see viett\u00e4m\u00e4tt\u00e4 ensimm\u00e4ist\u00e4 p\u00e4iv\u00e4\u00e4 parkkipaikalla.<\/p>\n\n\n\n<figure data-wp-context=\"{&quot;imageId&quot;:&quot;6a9931af76893&quot;}\" data-wp-interactive=\"core\/image\" data-wp-key=\"6a9931af76893\" class=\"wp-block-image size-large wp-lightbox-container\"><img decoding=\"async\" width=\"2048\" height=\"1365\" data-wp-class--hide=\"state.isContentHidden\" data-wp-class--show=\"state.isContentVisible\" data-wp-init=\"callbacks.setButtonStyles\" data-wp-on--click=\"actions.showLightbox\" data-wp-on--load=\"callbacks.setButtonStyles\" data-wp-on--pointerdown=\"actions.preloadImage\" data-wp-on--pointerenter=\"actions.preloadImageWithDelay\" data-wp-on--pointerleave=\"actions.cancelPreload\" data-wp-on-window--resize=\"callbacks.setButtonStyles\" src=\"https:\/\/loudavymkrokem.cz\/wp-content\/uploads\/2026\/05\/alpe-di-siusi-rodina-pes-pastvina.jpg\" alt=\"Perhe ja koira lep\u00e4\u00e4v\u00e4t laitumella Sassolungon n\u00e4kym\u00e4n edess\u00e4\" class=\"wp-image-173509\" title=\"\" srcset=\"https:\/\/loudavymkrokem.cz\/wp-content\/uploads\/2026\/05\/alpe-di-siusi-rodina-pes-pastvina.jpg 2048w, https:\/\/loudavymkrokem.cz\/wp-content\/uploads\/2026\/05\/alpe-di-siusi-rodina-pes-pastvina-300x200.jpg 300w, https:\/\/loudavymkrokem.cz\/wp-content\/uploads\/2026\/05\/alpe-di-siusi-rodina-pes-pastvina-700x467.jpg 700w, https:\/\/loudavymkrokem.cz\/wp-content\/uploads\/2026\/05\/alpe-di-siusi-rodina-pes-pastvina-768x512.jpg 768w, https:\/\/loudavymkrokem.cz\/wp-content\/uploads\/2026\/05\/alpe-di-siusi-rodina-pes-pastvina-1536x1024.jpg 1536w, https:\/\/loudavymkrokem.cz\/wp-content\/uploads\/2026\/05\/alpe-di-siusi-rodina-pes-pastvina-696x464.jpg 696w, https:\/\/loudavymkrokem.cz\/wp-content\/uploads\/2026\/05\/alpe-di-siusi-rodina-pes-pastvina-1392x928.jpg 1392w, https:\/\/loudavymkrokem.cz\/wp-content\/uploads\/2026\/05\/alpe-di-siusi-rodina-pes-pastvina-1920x1280.jpg 1920w\" sizes=\"(max-width: 2048px) 100vw, 2048px\" \/><button\n\t\t\tclass=\"lightbox-trigger\"\n\t\t\ttype=\"button\"\n\t\t\taria-haspopup=\"dialog\"\n\t\t\tdata-wp-bind--aria-label=\"state.thisImage.triggerButtonAriaLabel\"\n\t\t\tdata-wp-init=\"callbacks.initTriggerButton\"\n\t\t\tdata-wp-on--click=\"actions.showLightbox\"\n\t\t\tdata-wp-style--right=\"state.thisImage.buttonRight\"\n\t\t\tdata-wp-style--top=\"state.thisImage.buttonTop\"\n\t\t>\n\t\t\t<svg xmlns=\"http:\/\/www.w3.org\/2000\/svg\" width=\"12\" height=\"12\" fill=\"none\" viewBox=\"0 0 12 12\">\n\t\t\t\t<path fill=\"#fff\" d=\"M2 0a2 2 0 0 0-2 2v2h1.5V2a.5.5 0 0 1 .5-.5h2V0H2Zm2 10.5H2a.5.5 0 0 1-.5-.5V8H0v2a2 2 0 0 0 2 2h2v-1.5ZM8 12v-1.5h2a.5.5 0 0 0 .5-.5V8H12v2a2 2 0 0 1-2 2H8Zm2-12a2 2 0 0 1 2 2v2h-1.5V2a.5.5 0 0 0-.5-.5H8V0h2Z\" \/>\n\t\t\t<\/svg>\n\t\t<\/button><figcaption class=\"wp-element-caption\">Perhe ja koira lep\u00e4\u00e4v\u00e4t laitumella Sassolungon n\u00e4kym\u00e4n edess\u00e4<\/figcaption><\/figure>\n\n\n\n<div id=\"ez-toc-container\" class=\"ez-toc-v2_0_87 ez-toc-wrap-left counter-hierarchy ez-toc-counter ez-toc-grey ez-toc-container-direction\">\n<div class=\"ez-toc-title-container\">\n<p class=\"ez-toc-title\" style=\"cursor:inherit\">Artikkelin sis\u00e4lt\u00f6<\/p>\n<span class=\"ez-toc-title-toggle\"><a href=\"#\" class=\"ez-toc-pull-right ez-toc-btn ez-toc-btn-xs ez-toc-btn-default ez-toc-toggle\" aria-label=\"Toggle Table of Content\"><span class=\"ez-toc-js-icon-con\"><span class=\"\"><span class=\"eztoc-hide\" style=\"display:none;\">Toggle<\/span><span class=\"ez-toc-icon-toggle-span\"><svg style=\"fill: #999;color:#999\" xmlns=\"http:\/\/www.w3.org\/2000\/svg\" class=\"list-377408\" width=\"20px\" height=\"20px\" viewBox=\"0 0 24 24\" fill=\"none\"><path d=\"M6 6H4v2h2V6zm14 0H8v2h12V6zM4 11h2v2H4v-2zm16 0H8v2h12v-2zM4 16h2v2H4v-2zm16 0H8v2h12v-2z\" fill=\"currentColor\"><\/path><\/svg><svg style=\"fill: #999;color:#999\" class=\"arrow-unsorted-368013\" xmlns=\"http:\/\/www.w3.org\/2000\/svg\" width=\"10px\" height=\"10px\" viewBox=\"0 0 24 24\" version=\"1.2\" baseProfile=\"tiny\"><path d=\"M18.2 9.3l-6.2-6.3-6.2 6.3c-.2.2-.3.4-.3.7s.1.5.3.7c.2.2.4.3.7.3h11c.3 0 .5-.1.7-.3.2-.2.3-.5.3-.7s-.1-.5-.3-.7zM5.8 14.7l6.2 6.3 6.2-6.3c.2-.2.3-.5.3-.7s-.1-.5-.3-.7c-.2-.2-.4-.3-.7-.3h-11c-.3 0-.5.1-.7.3-.2.2-.3.5-.3.7s.1.5.3.7z\"\/><\/svg><\/span><\/span><\/span><\/a><\/span><\/div>\n<nav><ul class='ez-toc-list ez-toc-list-level-1 ' ><li class='ez-toc-page-1 ez-toc-heading-level-2'><a class=\"ez-toc-link ez-toc-heading-1\" href=\"https:\/\/loudavymkrokem.cz\/fi\/alpe-di-siusi-dolomiitit-italia\/#Yhteenveto\" >Yhteenveto<\/a><\/li><li class='ez-toc-page-1 ez-toc-heading-level-2'><a class=\"ez-toc-link ez-toc-heading-2\" href=\"https:\/\/loudavymkrokem.cz\/fi\/alpe-di-siusi-dolomiitit-italia\/#Mika_Alpe_di_Siusi_Seiser_Alm_oikeastaan_on\" >Mik\u00e4 Alpe di Siusi (Seiser Alm) oikeastaan on<\/a><\/li><li class='ez-toc-page-1 ez-toc-heading-level-2'><a class=\"ez-toc-link ez-toc-heading-3\" href=\"https:\/\/loudavymkrokem.cz\/fi\/alpe-di-siusi-dolomiitit-italia\/#Milloin_lahtea_ja_millaista_saata_odottaa\" >Milloin l\u00e4hte\u00e4 ja millaista s\u00e4\u00e4t\u00e4 odottaa<\/a><\/li><li class='ez-toc-page-1 ez-toc-heading-level-2'><a class=\"ez-toc-link ez-toc-heading-4\" href=\"https:\/\/loudavymkrokem.cz\/fi\/alpe-di-siusi-dolomiitit-italia\/#Miten_paasee_ylos_varo_autojen_ajokieltoa\" >Miten p\u00e4\u00e4see yl\u00f6s: varo autojen ajokieltoa!<\/a><\/li><li class='ez-toc-page-1 ez-toc-heading-level-2'><a class=\"ez-toc-link ez-toc-heading-5\" href=\"https:\/\/loudavymkrokem.cz\/fi\/alpe-di-siusi-dolomiitit-italia\/#Missa_majoittua_ja_paljonko_se_maksaa\" >Miss\u00e4 majoittua ja paljonko se maksaa<\/a><\/li><li class='ez-toc-page-1 ez-toc-heading-level-2'><a class=\"ez-toc-link ez-toc-heading-6\" href=\"https:\/\/loudavymkrokem.cz\/fi\/alpe-di-siusi-dolomiitit-italia\/#Alpe_di_Siusi_12_paikkaa_jotka_sinun_on_nahtava_ja_mita_taalla_tehda\" >Alpe di Siusi: 12 paikkaa, jotka sinun on n\u00e4ht\u00e4v\u00e4, ja mit\u00e4 t\u00e4\u00e4ll\u00e4 tehd\u00e4<\/a><ul class='ez-toc-list-level-3' ><li class='ez-toc-heading-level-3'><a class=\"ez-toc-link ez-toc-heading-7\" href=\"https:\/\/loudavymkrokem.cz\/fi\/alpe-di-siusi-dolomiitit-italia\/#1_Henkeasalpaava_nakyma_Sasso_Lungolle_ja_Sasso_Piattolle_laitumelta\" >1. Henke\u00e4salpaava n\u00e4kym\u00e4 Sasso Lungolle ja Sasso Piattolle laitumelta<\/a><\/li><li class='ez-toc-page-1 ez-toc-heading-level-3'><a class=\"ez-toc-link ez-toc-heading-8\" href=\"https:\/\/loudavymkrokem.cz\/fi\/alpe-di-siusi-dolomiitit-italia\/#2_Romanttinen_kavely_Hans_und_Paula_Steger_Weg_-reitilla\" >2. Romanttinen k\u00e4vely Hans und Paula Steger Weg -reitill\u00e4<\/a><\/li><li class='ez-toc-page-1 ez-toc-heading-level-3'><a class=\"ez-toc-link ez-toc-heading-9\" href=\"https:\/\/loudavymkrokem.cz\/fi\/alpe-di-siusi-dolomiitit-italia\/#3_Koko_paivan_vaellus_Plattkofelille_Sasso_Piattolle\" >3. Koko p\u00e4iv\u00e4n vaellus Plattkofelille \/ Sasso Piattolle<\/a><\/li><li class='ez-toc-page-1 ez-toc-heading-level-3'><a class=\"ez-toc-link ez-toc-heading-10\" href=\"https:\/\/loudavymkrokem.cz\/fi\/alpe-di-siusi-dolomiitit-italia\/#4_Compatschin_keskusta_ja_paikallinen_Almstation\" >4. Compatschin keskusta ja paikallinen Almstation<\/a><\/li><li class='ez-toc-page-1 ez-toc-heading-level-3'><a class=\"ez-toc-link ez-toc-heading-11\" href=\"https:\/\/loudavymkrokem.cz\/fi\/alpe-di-siusi-dolomiitit-italia\/#5_Skihotel_Saltria_ja_Saltrian_ympari_kiertava_lenkki\" >5. Skihotel Saltria ja Saltrian ymp\u00e4ri kiert\u00e4v\u00e4 lenkki<\/a><\/li><li class='ez-toc-page-1 ez-toc-heading-level-3'><a class=\"ez-toc-link ez-toc-heading-12\" href=\"https:\/\/loudavymkrokem.cz\/fi\/alpe-di-siusi-dolomiitit-italia\/#6_Retki_satumaiselle_Lago_di_Fie_-pikkujarvelle\" >6. Retki satumaiselle Lago di Fie -pikkuj\u00e4rvelle<\/a><\/li><li class='ez-toc-page-1 ez-toc-heading-level-3'><a class=\"ez-toc-link ez-toc-heading-13\" href=\"https:\/\/loudavymkrokem.cz\/fi\/alpe-di-siusi-dolomiitit-italia\/#7_Taianomainen_paikka_Witches_Benches_Lavon_dles_Streghes\" >7. Taianomainen paikka Witches Benches (Lavon dles Streghes)<\/a><\/li><li class='ez-toc-page-1 ez-toc-heading-level-3'><a class=\"ez-toc-link ez-toc-heading-14\" href=\"https:\/\/loudavymkrokem.cz\/fi\/alpe-di-siusi-dolomiitit-italia\/#8_Ajelu_panoraamakoysiradalla_Mont_Seuc\" >8. Ajelu panoraamak\u00f6ysiradalla Mont S\u00ebuc<\/a><\/li><li class='ez-toc-page-1 ez-toc-heading-level-3'><a class=\"ez-toc-link ez-toc-heading-15\" href=\"https:\/\/loudavymkrokem.cz\/fi\/alpe-di-siusi-dolomiitit-italia\/#9_Ratsastus_ja_hevosvetoiset_vaunut\" >9. Ratsastus ja hevosvetoiset vaunut<\/a><\/li><li class='ez-toc-page-1 ez-toc-heading-level-3'><a class=\"ez-toc-link ez-toc-heading-16\" href=\"https:\/\/loudavymkrokem.cz\/fi\/alpe-di-siusi-dolomiitit-italia\/#10_Syksyn_perinne_Almabtrieb_vuohien_ja_lehmien_juhla\" >10. Syksyn perinne Almabtrieb (vuohien ja lehmien juhla)<\/a><\/li><li class='ez-toc-page-1 ez-toc-heading-level-3'><a class=\"ez-toc-link ez-toc-heading-17\" href=\"https:\/\/loudavymkrokem.cz\/fi\/alpe-di-siusi-dolomiitit-italia\/#11_Talviurheilu_laskettelu_ja_lumikenkaily\" >11. Talviurheilu, laskettelu ja lumikenk\u00e4ily<\/a><\/li><li class='ez-toc-page-1 ez-toc-heading-level-3'><a class=\"ez-toc-link ez-toc-heading-18\" href=\"https:\/\/loudavymkrokem.cz\/fi\/alpe-di-siusi-dolomiitit-italia\/#12_Istuskelu_suosikkivuoristomajoissamme_Rifugio-majoissa\" >12. Istuskelu suosikkivuoristomajoissamme (Rifugio-majoissa)<\/a><\/li><\/ul><\/li><li class='ez-toc-page-1 ez-toc-heading-level-2'><a class=\"ez-toc-link ez-toc-heading-19\" href=\"https:\/\/loudavymkrokem.cz\/fi\/alpe-di-siusi-dolomiitit-italia\/#Seiser_Alm_lasten_kanssa_kaksivuotiaan_Jonasekin_nakokulmasta\" >Seiser Alm lasten kanssa: kaksivuotiaan Jon\u00e1\u0161ekin n\u00e4k\u00f6kulmasta<\/a><\/li><li class='ez-toc-page-1 ez-toc-heading-level-2'><a class=\"ez-toc-link ez-toc-heading-20\" href=\"https:\/\/loudavymkrokem.cz\/fi\/alpe-di-siusi-dolomiitit-italia\/#Matkustamme_koirien_kanssa_koiranomistajien_paratiisi_yhdella_saannolla\" >Matkustamme koirien kanssa: koiranomistajien paratiisi yhdell\u00e4 s\u00e4\u00e4nn\u00f6ll\u00e4<\/a><\/li><li class='ez-toc-page-1 ez-toc-heading-level-2'><a class=\"ez-toc-link ez-toc-heading-21\" href=\"https:\/\/loudavymkrokem.cz\/fi\/alpe-di-siusi-dolomiitit-italia\/#Missa_syoda_ja_mita_maistaa\" >Miss\u00e4 sy\u00f6d\u00e4 ja mit\u00e4 maistaa<\/a><\/li><li class='ez-toc-page-1 ez-toc-heading-level-2'><a class=\"ez-toc-link ez-toc-heading-22\" href=\"https:\/\/loudavymkrokem.cz\/fi\/alpe-di-siusi-dolomiitit-italia\/#Ennen_kuin_pakkaat_laukun_asioita_jotka_olisin_halunnut_tietaa_etukateen\" >Ennen kuin pakkaat laukun: asioita, jotka olisin halunnut tiet\u00e4\u00e4 etuk\u00e4teen<\/a><ul class='ez-toc-list-level-3' ><li class='ez-toc-heading-level-3'><a class=\"ez-toc-link ez-toc-heading-23\" href=\"https:\/\/loudavymkrokem.cz\/fi\/alpe-di-siusi-dolomiitit-italia\/#Mita_pakata\" >Mit\u00e4 pakata<\/a><\/li><li class='ez-toc-page-1 ez-toc-heading-level-3'><a class=\"ez-toc-link ez-toc-heading-24\" href=\"https:\/\/loudavymkrokem.cz\/fi\/alpe-di-siusi-dolomiitit-italia\/#Mista_ostaa_lentoliput\" >Mist\u00e4 ostaa lentoliput<\/a><\/li><li class='ez-toc-page-1 ez-toc-heading-level-3'><a class=\"ez-toc-link ez-toc-heading-25\" href=\"https:\/\/loudavymkrokem.cz\/fi\/alpe-di-siusi-dolomiitit-italia\/#Auton_vuokraus\" >Auton vuokraus<\/a><\/li><li class='ez-toc-page-1 ez-toc-heading-level-3'><a class=\"ez-toc-link ez-toc-heading-26\" href=\"https:\/\/loudavymkrokem.cz\/fi\/alpe-di-siusi-dolomiitit-italia\/#Ala_unohda_vakuutusta_ja_nettiyhteytta\" >\u00c4l\u00e4 unohda vakuutusta ja nettiyhteytt\u00e4<\/a><\/li><\/ul><\/li><li class='ez-toc-page-1 ez-toc-heading-level-2'><a class=\"ez-toc-link ez-toc-heading-27\" href=\"https:\/\/loudavymkrokem.cz\/fi\/alpe-di-siusi-dolomiitit-italia\/#Minne_seuraavaksi_anna_inspiroitua\" >Minne seuraavaksi: anna inspiroitua<\/a><\/li><li class='ez-toc-page-1 ez-toc-heading-level-2'><a class=\"ez-toc-link ez-toc-heading-28\" href=\"https:\/\/loudavymkrokem.cz\/fi\/alpe-di-siusi-dolomiitit-italia\/#UKK_Useimmin_kysytyt_kysymykset\" >UKK: Useimmin kysytyt kysymykset<\/a><ul class='ez-toc-list-level-3' ><li class='ez-toc-heading-level-3'><a class=\"ez-toc-link ez-toc-heading-29\" href=\"https:\/\/loudavymkrokem.cz\/fi\/alpe-di-siusi-dolomiitit-italia\/#Miten_paasen_Alpe_di_Siusiin\" >Miten p\u00e4\u00e4sen Alpe di Siusiin?<\/a><\/li><li class='ez-toc-page-1 ez-toc-heading-level-3'><a class=\"ez-toc-link ez-toc-heading-30\" href=\"https:\/\/loudavymkrokem.cz\/fi\/alpe-di-siusi-dolomiitit-italia\/#Missa_Alpe_di_Siusi_sijaitsee\" >Miss\u00e4 Alpe di Siusi sijaitsee?<\/a><\/li><li class='ez-toc-page-1 ez-toc-heading-level-3'><a class=\"ez-toc-link ez-toc-heading-31\" href=\"https:\/\/loudavymkrokem.cz\/fi\/alpe-di-siusi-dolomiitit-italia\/#Voinko_menna_sinne_pienten_lasten_ja_lastenvaunujen_kanssa\" >Voinko menn\u00e4 sinne pienten lasten ja lastenvaunujen kanssa?<\/a><\/li><li class='ez-toc-page-1 ez-toc-heading-level-3'><a class=\"ez-toc-link ez-toc-heading-32\" href=\"https:\/\/loudavymkrokem.cz\/fi\/alpe-di-siusi-dolomiitit-italia\/#Sopiiko_Alpe_di_Siusi_koiranomistajille\" >Sopiiko Alpe di Siusi koiranomistajille?<\/a><\/li><li class='ez-toc-page-1 ez-toc-heading-level-3'><a class=\"ez-toc-link ez-toc-heading-33\" href=\"https:\/\/loudavymkrokem.cz\/fi\/alpe-di-siusi-dolomiitit-italia\/#Paljonko_pysakointi_ylhaalla_tasangolla_maksaa\" >Paljonko pys\u00e4k\u00f6inti ylh\u00e4\u00e4ll\u00e4 tasangolla maksaa?<\/a><\/li><li class='ez-toc-page-1 ez-toc-heading-level-3'><a class=\"ez-toc-link ez-toc-heading-34\" href=\"https:\/\/loudavymkrokem.cz\/fi\/alpe-di-siusi-dolomiitit-italia\/#Onko_ylhaalla_ravintoloita_vai_pitaako_ruoka_ottaa_mukaan\" >Onko ylh\u00e4\u00e4ll\u00e4 ravintoloita vai pit\u00e4\u00e4k\u00f6 ruoka ottaa mukaan?<\/a><\/li><li class='ez-toc-page-1 ez-toc-heading-level-3'><a class=\"ez-toc-link ez-toc-heading-35\" href=\"https:\/\/loudavymkrokem.cz\/fi\/alpe-di-siusi-dolomiitit-italia\/#Voinko_lennattaa_dronea_niitylla\" >Voinko lenn\u00e4tt\u00e4\u00e4 dronea niityll\u00e4?<\/a><\/li><\/ul><\/li><\/ul><\/nav><\/div>\n<h2 class=\"wp-block-heading\"><span class=\"ez-toc-section\" id=\"Yhteenveto\"><\/span>Yhteenveto<span class=\"ez-toc-section-end\"><\/span><\/h2>\n\n\n\n<ul class=\"wp-block-list\">\n<li><strong>Miss\u00e4 se on:<\/strong> Euroopan suurin vuoristolaidun sijaitsee Italian Dolomiiteilla (Trentino-Alto Adigen alue) 1680\u20132350 metrin korkeudessa.<\/li>\n\n\n\n<li><strong>Suurin vetonaula:<\/strong> Panoraaman\u00e4kym\u00e4t Sasso Lungon, Sasso Piatton ja Sciliarin vuoristomassiiveille.<\/li>\n\n\n\n<li><strong>Liikenne:<\/strong> Sesonkiaikaan voimassa on tiukka autojen ajokielto klo 9\u201317. K\u00e4yt\u00e4 yl\u00f6s p\u00e4\u00e4syyn k\u00f6ysirataa Ortiseista tai Compatschista.<\/li>\n\n\n\n<li><strong>Kenelle paikka sopii ihanteellisesti:<\/strong> Lapsiperheille, rattaille, koiranomistajille sek\u00e4 rentojen k\u00e4velyjen ja panoraamareittien yst\u00e4ville.<\/li>\n\n\n\n<li><strong>Mit\u00e4 varoa:<\/strong> Dronella lent\u00e4minen on t\u00e4\u00e4ll\u00e4 ehdottomasti kielletty aina 3000 euron sakon uhalla.<\/li>\n<\/ul>\n\n\n\n<h2 class=\"wp-block-heading\"><span class=\"ez-toc-section\" id=\"Mika_Alpe_di_Siusi_Seiser_Alm_oikeastaan_on\"><\/span>Mik\u00e4 Alpe di Siusi (Seiser Alm) oikeastaan on<span class=\"ez-toc-section-end\"><\/span><\/h2>\n\n\n\n<p class=\"wp-block-paragraph\">Jos italialaiset ja saksalaiset nimet menev\u00e4t hieman sekaisin, et ole yksin. Koko Etel\u00e4-Tirolin (S\u00fcdtirol) alue on n\u00e4et kaksikielinen, ja siksi n\u00e4et aina italialaisen nimen Alpe di Siusi heti saksalaisen Seiser Alm -nimen vieress\u00e4, joskus jopa t\u00e4ydennettyn\u00e4 paikallisella ladiininkielisell\u00e4 nimell\u00e4 Mont S\u00ebuc. Kutsuit sit\u00e4 miten hyv\u00e4ns\u00e4, minulla se on tallennettuna puhelimeen nimell\u00e4 \u201dse laidun, jonka takia itkin auringonlaskussa\u201d.<\/p>\n\n\n\n<figure data-wp-context=\"{&quot;imageId&quot;:&quot;6a9931af7704c&quot;}\" data-wp-interactive=\"core\/image\" data-wp-key=\"6a9931af7704c\" class=\"wp-block-image size-large wp-lightbox-container\"><img decoding=\"async\" width=\"2048\" height=\"1365\" data-wp-class--hide=\"state.isContentHidden\" data-wp-class--show=\"state.isContentVisible\" data-wp-init=\"callbacks.setButtonStyles\" data-wp-on--click=\"actions.showLightbox\" data-wp-on--load=\"callbacks.setButtonStyles\" data-wp-on--pointerdown=\"actions.preloadImage\" data-wp-on--pointerenter=\"actions.preloadImageWithDelay\" data-wp-on--pointerleave=\"actions.cancelPreload\" data-wp-on-window--resize=\"callbacks.setButtonStyles\" src=\"https:\/\/loudavymkrokem.cz\/wp-content\/uploads\/2026\/05\/alpe-di-siusi-zvlnena-plosina-panorama.jpg\" alt=\"Alpe di Siusin kumpuileva ruohoinen yl\u00e4tasanko hajallaan olevine hein\u00e4latoineen\" class=\"wp-image-173510\" title=\"\" srcset=\"https:\/\/loudavymkrokem.cz\/wp-content\/uploads\/2026\/05\/alpe-di-siusi-zvlnena-plosina-panorama.jpg 2048w, https:\/\/loudavymkrokem.cz\/wp-content\/uploads\/2026\/05\/alpe-di-siusi-zvlnena-plosina-panorama-300x200.jpg 300w, https:\/\/loudavymkrokem.cz\/wp-content\/uploads\/2026\/05\/alpe-di-siusi-zvlnena-plosina-panorama-700x467.jpg 700w, https:\/\/loudavymkrokem.cz\/wp-content\/uploads\/2026\/05\/alpe-di-siusi-zvlnena-plosina-panorama-768x512.jpg 768w, https:\/\/loudavymkrokem.cz\/wp-content\/uploads\/2026\/05\/alpe-di-siusi-zvlnena-plosina-panorama-1536x1024.jpg 1536w, https:\/\/loudavymkrokem.cz\/wp-content\/uploads\/2026\/05\/alpe-di-siusi-zvlnena-plosina-panorama-696x464.jpg 696w, https:\/\/loudavymkrokem.cz\/wp-content\/uploads\/2026\/05\/alpe-di-siusi-zvlnena-plosina-panorama-1392x928.jpg 1392w, https:\/\/loudavymkrokem.cz\/wp-content\/uploads\/2026\/05\/alpe-di-siusi-zvlnena-plosina-panorama-1920x1280.jpg 1920w\" sizes=\"(max-width: 2048px) 100vw, 2048px\" \/><button\n\t\t\tclass=\"lightbox-trigger\"\n\t\t\ttype=\"button\"\n\t\t\taria-haspopup=\"dialog\"\n\t\t\tdata-wp-bind--aria-label=\"state.thisImage.triggerButtonAriaLabel\"\n\t\t\tdata-wp-init=\"callbacks.initTriggerButton\"\n\t\t\tdata-wp-on--click=\"actions.showLightbox\"\n\t\t\tdata-wp-style--right=\"state.thisImage.buttonRight\"\n\t\t\tdata-wp-style--top=\"state.thisImage.buttonTop\"\n\t\t>\n\t\t\t<svg xmlns=\"http:\/\/www.w3.org\/2000\/svg\" width=\"12\" height=\"12\" fill=\"none\" viewBox=\"0 0 12 12\">\n\t\t\t\t<path fill=\"#fff\" d=\"M2 0a2 2 0 0 0-2 2v2h1.5V2a.5.5 0 0 1 .5-.5h2V0H2Zm2 10.5H2a.5.5 0 0 1-.5-.5V8H0v2a2 2 0 0 0 2 2h2v-1.5ZM8 12v-1.5h2a.5.5 0 0 0 .5-.5V8H12v2a2 2 0 0 1-2 2H8Zm2-12a2 2 0 0 1 2 2v2h-1.5V2a.5.5 0 0 0-.5-.5H8V0h2Z\" \/>\n\t\t\t<\/svg>\n\t\t<\/button><figcaption class=\"wp-element-caption\">Alpe di Siusin kumpuileva ruohoinen yl\u00e4tasanko hajallaan olevine hein\u00e4latoineen<\/figcaption><\/figure>\n\n\n\n<p class=\"wp-block-paragraph\">Kyseess\u00e4 on koko Euroopan suurin vuoristolaidun, joka peitt\u00e4\u00e4 valtavan 56 km\u00b2:n alan ja on ansaitusti Unescon maailmanperint\u00f6luettelossa osana Dolomiitteja. Laidun on kuin vihre\u00e4 jalokivi dramaattisten kalkkikivihuippujen keskell\u00e4, joista n\u00e4ytt\u00e4vimm\u00e4t ovat Sasso Lungon (Langkofel) ter\u00e4v\u00e4k\u00e4rkiset hampaat ja massiivinen litte\u00e4 Sciliar-vuori (Schlern). Toisin kuin ymp\u00e4r\u00f6iv\u00e4t repaleiset ja jyrk\u00e4t vuoret, t\u00e4m\u00e4 yl\u00e4tasanko on uskomattoman lempe\u00e4, kumpuileva ja t\u00e4ynn\u00e4 puisia vuoristomajoja, mik\u00e4 antaa sille erottamattoman romanttisen tunnelman.<\/p>\n\n\n\n<h2 class=\"wp-block-heading\"><span class=\"ez-toc-section\" id=\"Milloin_lahtea_ja_millaista_saata_odottaa\"><\/span>Milloin l\u00e4hte\u00e4 ja millaista s\u00e4\u00e4t\u00e4 odottaa<span class=\"ez-toc-section-end\"><\/span><\/h2>\n\n\n\n<p class=\"wp-block-paragraph\">Oikean ajankohdan valinta Alpe di Siusin vierailulle on t\u00e4rke\u00e4\u00e4, sill\u00e4 jokainen vuodenaika tarjoaa t\u00e4\u00e4ll\u00e4 t\u00e4ysin erilaisen kokemuksen, enk\u00e4 oikeastaan osaa sanoa, mik\u00e4 niist\u00e4 on aivan paras. Kaikki riippuu vain siit\u00e4, mit\u00e4 lomalta odotat.<\/p>\n\n\n\n<figure data-wp-context=\"{&quot;imageId&quot;:&quot;6a9931af77593&quot;}\" data-wp-interactive=\"core\/image\" data-wp-key=\"6a9931af77593\" class=\"wp-block-image size-large wp-lightbox-container\"><img decoding=\"async\" width=\"2048\" height=\"1365\" data-wp-class--hide=\"state.isContentHidden\" data-wp-class--show=\"state.isContentVisible\" data-wp-init=\"callbacks.setButtonStyles\" data-wp-on--click=\"actions.showLightbox\" data-wp-on--load=\"callbacks.setButtonStyles\" data-wp-on--pointerdown=\"actions.preloadImage\" data-wp-on--pointerenter=\"actions.preloadImageWithDelay\" data-wp-on--pointerleave=\"actions.cancelPreload\" data-wp-on-window--resize=\"callbacks.setButtonStyles\" src=\"https:\/\/loudavymkrokem.cz\/wp-content\/uploads\/2026\/05\/alpe-di-siusi-jaro-snih-senik.jpg\" alt=\"Puinen hein\u00e4lato laitumella ja lumipeitteinen harjanne kev\u00e4\u00e4n lopulla\" class=\"wp-image-173511\" title=\"\" srcset=\"https:\/\/loudavymkrokem.cz\/wp-content\/uploads\/2026\/05\/alpe-di-siusi-jaro-snih-senik.jpg 2048w, https:\/\/loudavymkrokem.cz\/wp-content\/uploads\/2026\/05\/alpe-di-siusi-jaro-snih-senik-300x200.jpg 300w, https:\/\/loudavymkrokem.cz\/wp-content\/uploads\/2026\/05\/alpe-di-siusi-jaro-snih-senik-700x467.jpg 700w, https:\/\/loudavymkrokem.cz\/wp-content\/uploads\/2026\/05\/alpe-di-siusi-jaro-snih-senik-768x512.jpg 768w, https:\/\/loudavymkrokem.cz\/wp-content\/uploads\/2026\/05\/alpe-di-siusi-jaro-snih-senik-1536x1024.jpg 1536w, https:\/\/loudavymkrokem.cz\/wp-content\/uploads\/2026\/05\/alpe-di-siusi-jaro-snih-senik-696x464.jpg 696w, https:\/\/loudavymkrokem.cz\/wp-content\/uploads\/2026\/05\/alpe-di-siusi-jaro-snih-senik-1392x928.jpg 1392w, https:\/\/loudavymkrokem.cz\/wp-content\/uploads\/2026\/05\/alpe-di-siusi-jaro-snih-senik-1920x1280.jpg 1920w\" sizes=\"(max-width: 2048px) 100vw, 2048px\" \/><button\n\t\t\tclass=\"lightbox-trigger\"\n\t\t\ttype=\"button\"\n\t\t\taria-haspopup=\"dialog\"\n\t\t\tdata-wp-bind--aria-label=\"state.thisImage.triggerButtonAriaLabel\"\n\t\t\tdata-wp-init=\"callbacks.initTriggerButton\"\n\t\t\tdata-wp-on--click=\"actions.showLightbox\"\n\t\t\tdata-wp-style--right=\"state.thisImage.buttonRight\"\n\t\t\tdata-wp-style--top=\"state.thisImage.buttonTop\"\n\t\t>\n\t\t\t<svg xmlns=\"http:\/\/www.w3.org\/2000\/svg\" width=\"12\" height=\"12\" fill=\"none\" viewBox=\"0 0 12 12\">\n\t\t\t\t<path fill=\"#fff\" d=\"M2 0a2 2 0 0 0-2 2v2h1.5V2a.5.5 0 0 1 .5-.5h2V0H2Zm2 10.5H2a.5.5 0 0 1-.5-.5V8H0v2a2 2 0 0 0 2 2h2v-1.5ZM8 12v-1.5h2a.5.5 0 0 0 .5-.5V8H12v2a2 2 0 0 1-2 2H8Zm2-12a2 2 0 0 1 2 2v2h-1.5V2a.5.5 0 0 0-.5-.5H8V0h2Z\" \/>\n\t\t\t<\/svg>\n\t\t<\/button><figcaption class=\"wp-element-caption\">Puinen hein\u00e4lato laitumella ja lumipeitteinen harjanne kev\u00e4\u00e4n lopulla<\/figcaption><\/figure>\n\n\n\n<p class=\"wp-block-paragraph\">Perinteiseen vaellukseen ja retkiin rattaiden kanssa t\u00e4ysin ihanteellisia ovat kuukaudet toukokuusta syyskuuhun. P\u00e4iv\u00e4t ovat pitki\u00e4 ja l\u00e4mp\u00f6tilat miellytt\u00e4vi\u00e4, joskin sinun on syyt\u00e4 varautua siihen, ett\u00e4 noin kahden tuhannen metrin korkeudessa voi kes\u00e4ll\u00e4kin puhaltaa viile\u00e4mpi tuuli. Jos rakastat kukkia, suuntaa t\u00e4nne kev\u00e4\u00e4n ja kes\u00e4n taitteessa, kun koko tuo valtava puoliaro r\u00e4j\u00e4ht\u00e4\u00e4 v\u00e4reihin ja kukkii tuhansin vuoristokukin.<\/p>\n\n\n\n<p class=\"wp-block-paragraph\">Syksyll\u00e4, suunnilleen lokakuun puoliv\u00e4list\u00e4 alkaen, koko laidun sen sijaan v\u00e4rj\u00e4ytyy syv\u00e4n kultaisiin s\u00e4vyihin ja ilma on uskomattoman kirkasta, joten n\u00e4et todella kauas. Ent\u00e4 talvi? Se on oma lukunsa. Yl\u00e4tasanko muuttuu t\u00e4ydelliseksi talvikohteeksi, joka kuuluu kuuluisaan <a href=\"https:\/\/www.dolomitisuperski.com\/\" target=\"_blank\" rel=\"nofollow noopener\">Dolomiti Superski<\/a> -verkostoon. Ennen kuin l\u00e4hdet matkaan, suosittelemme aina tarkistamaan Alpe di Siusin ajankohtaisen s\u00e4\u00e4n netist\u00e4 ja mielell\u00e4\u00e4n vilkaisemaan my\u00f6s jotakin Alpe di Siusin webkameraa, sill\u00e4 vuoristossa s\u00e4\u00e4 muuttuu todella nopeasti.<\/p>\n\n\n\n<h2 class=\"wp-block-heading\"><span class=\"ez-toc-section\" id=\"Miten_paasee_ylos_varo_autojen_ajokieltoa\"><\/span>Miten p\u00e4\u00e4see yl\u00f6s: varo autojen ajokieltoa!<span class=\"ez-toc-section-end\"><\/span><\/h2>\n\n\n\n<p class=\"wp-block-paragraph\">Kuuntele, t\u00e4t\u00e4 ei kannata todella aliarvioida, sill\u00e4 olemme n\u00e4hneet ihmisten py\u00f6riv\u00e4n parkkipaikalla puoli kymmenelt\u00e4 aamulla ja tuijottavan ep\u00e4uskoisina kyltti\u00e4, jossa lukee ajokielto. Liikenteell\u00e4 yl\u00e4tasangolle on hyvin tiukat s\u00e4\u00e4nn\u00f6t, jotka sinun on tunnettava.<\/p>\n\n\n\n<figure data-wp-context=\"{&quot;imageId&quot;:&quot;6a9931af77bbd&quot;}\" data-wp-interactive=\"core\/image\" data-wp-key=\"6a9931af77bbd\" class=\"wp-block-image size-large wp-lightbox-container\"><img decoding=\"async\" width=\"2048\" height=\"1365\" data-wp-class--hide=\"state.isContentHidden\" data-wp-class--show=\"state.isContentVisible\" data-wp-init=\"callbacks.setButtonStyles\" data-wp-on--click=\"actions.showLightbox\" data-wp-on--load=\"callbacks.setButtonStyles\" data-wp-on--pointerdown=\"actions.preloadImage\" data-wp-on--pointerenter=\"actions.preloadImageWithDelay\" data-wp-on--pointerleave=\"actions.cancelPreload\" data-wp-on-window--resize=\"callbacks.setButtonStyles\" src=\"https:\/\/loudavymkrokem.cz\/wp-content\/uploads\/2026\/05\/alpe-di-siusi-lanovka-kabinka.jpg\" alt=\"Nousu gondolihissill\u00e4 Alpe di Siusille n\u00e4kym\u00e4n avautuessa laaksoon\" class=\"wp-image-173512\" title=\"\" srcset=\"https:\/\/loudavymkrokem.cz\/wp-content\/uploads\/2026\/05\/alpe-di-siusi-lanovka-kabinka.jpg 2048w, https:\/\/loudavymkrokem.cz\/wp-content\/uploads\/2026\/05\/alpe-di-siusi-lanovka-kabinka-300x200.jpg 300w, https:\/\/loudavymkrokem.cz\/wp-content\/uploads\/2026\/05\/alpe-di-siusi-lanovka-kabinka-700x467.jpg 700w, https:\/\/loudavymkrokem.cz\/wp-content\/uploads\/2026\/05\/alpe-di-siusi-lanovka-kabinka-768x512.jpg 768w, https:\/\/loudavymkrokem.cz\/wp-content\/uploads\/2026\/05\/alpe-di-siusi-lanovka-kabinka-1536x1024.jpg 1536w, https:\/\/loudavymkrokem.cz\/wp-content\/uploads\/2026\/05\/alpe-di-siusi-lanovka-kabinka-696x464.jpg 696w, https:\/\/loudavymkrokem.cz\/wp-content\/uploads\/2026\/05\/alpe-di-siusi-lanovka-kabinka-1392x928.jpg 1392w, https:\/\/loudavymkrokem.cz\/wp-content\/uploads\/2026\/05\/alpe-di-siusi-lanovka-kabinka-1920x1280.jpg 1920w\" sizes=\"(max-width: 2048px) 100vw, 2048px\" \/><button\n\t\t\tclass=\"lightbox-trigger\"\n\t\t\ttype=\"button\"\n\t\t\taria-haspopup=\"dialog\"\n\t\t\tdata-wp-bind--aria-label=\"state.thisImage.triggerButtonAriaLabel\"\n\t\t\tdata-wp-init=\"callbacks.initTriggerButton\"\n\t\t\tdata-wp-on--click=\"actions.showLightbox\"\n\t\t\tdata-wp-style--right=\"state.thisImage.buttonRight\"\n\t\t\tdata-wp-style--top=\"state.thisImage.buttonTop\"\n\t\t>\n\t\t\t<svg xmlns=\"http:\/\/www.w3.org\/2000\/svg\" width=\"12\" height=\"12\" fill=\"none\" viewBox=\"0 0 12 12\">\n\t\t\t\t<path fill=\"#fff\" d=\"M2 0a2 2 0 0 0-2 2v2h1.5V2a.5.5 0 0 1 .5-.5h2V0H2Zm2 10.5H2a.5.5 0 0 1-.5-.5V8H0v2a2 2 0 0 0 2 2h2v-1.5ZM8 12v-1.5h2a.5.5 0 0 0 .5-.5V8H12v2a2 2 0 0 1-2 2H8Zm2-12a2 2 0 0 1 2 2v2h-1.5V2a.5.5 0 0 0-.5-.5H8V0h2Z\" \/>\n\t\t\t<\/svg>\n\t\t<\/button><figcaption class=\"wp-element-caption\">Nousu gondolihissill\u00e4 Alpe di Siusille n\u00e4kym\u00e4n avautuessa laaksoon<\/figcaption><\/figure>\n\n\n\n<p class=\"wp-block-paragraph\">P\u00e4\u00e4sesongin aikaan Alpe di Siusin alueella on voimassa t\u00e4ysin tinkim\u00e4t\u00f6n yksityisautojen ajokielto klo 9\u201317. Jos yritt\u00e4isit rikkoa kieltoa, sinua odottavat matkan varrella kamerat ja hyvin tukeva sakko. Mit\u00e4 vaihtoehtoja sinulla siis on?<\/p>\n\n\n\n<ul class=\"wp-block-list\">\n<li><strong>Autolla ennen klo 9 tai klo 17 j\u00e4lkeen:<\/strong> Jos her\u00e4\u00e4t mielell\u00e4si aikaisin, voit ajaa yl\u00f6s Compatschin kyl\u00e4\u00e4n (joka on er\u00e4\u00e4nlainen laitumen p\u00e4\u00e4portti) ennen kello yhdeks\u00e4\u00e4 aamulla. Tie on usein t\u00e4ynn\u00e4, joten varaa aikaa. Ylh\u00e4\u00e4ll\u00e4 pys\u00e4k\u00f6it isolle parkkipaikalle noin 25 euron p\u00e4iv\u00e4maksusta. Sen j\u00e4lkeen voit l\u00e4hte\u00e4 milloin haluat, mutta et saa ajella autolla itse yl\u00e4tasangolla p\u00e4iv\u00e4n aikana. Pikku Jon\u00e1\u0161ekin kanssa emme oikein p\u00e4rj\u00e4\u00e4 aikaisilla aamuilla, joten valitsimme muita vaihtoehtoja. \ud83d\ude05<\/li>\n\n\n\n<li><strong>K\u00f6ysiradalla Ortiseista:<\/strong> T\u00e4m\u00e4 on suosikkimme ja mukavin reittimme. Kauniista Ortisein kaupungista kulkee punainen gondolihissi (Cabinovia Mont S\u00ebuc) suoraan laitumen laidalle. Kabiiniin p\u00e4\u00e4set ongelmitta rattaiden kanssa ja koirat p\u00e4\u00e4sev\u00e4t mukaan.<\/li>\n\n\n\n<li><strong>K\u00f6ysiradalla Siusin (Seis) kyl\u00e4st\u00e4 Compatschiin:<\/strong> Toinen loistava vaihtoehto on Alpe di Siusin k\u00f6ysirata, joka vie sinut laaksosta p\u00e4\u00e4solmukohtaan Compatschiin. K\u00f6ysiradat ovat nopeita, hiljaisia ja niist\u00e4 avautuvat n\u00e4kym\u00e4t ovat sen arvoisia.<\/li>\n\n\n\n<li><strong>Bussilla:<\/strong> Monista ymp\u00e4r\u00f6ivist\u00e4 kaupungeista, mukaan lukien Castelrotto (Kastelruth), kulkee s\u00e4\u00e4nn\u00f6llisi\u00e4 bussilinjoja, ja yl\u00e4tasangolla toimivat t\u00e4ydellisesti paikalliset keltaiset ja siniset bussit (esimerkiksi linja 11 tai 12 Saltrian alueelle), jotka viev\u00e4t sinut l\u00e4helle eri vaellusreittej\u00e4.<\/li>\n<\/ul>\n\n\n\n<h2 class=\"wp-block-heading\"><span class=\"ez-toc-section\" id=\"Missa_majoittua_ja_paljonko_se_maksaa\"><\/span>Miss\u00e4 majoittua ja paljonko se maksaa<span class=\"ez-toc-section-end\"><\/span><\/h2>\n\n\n\n<p class=\"wp-block-paragraph\">Oikean majoituksen l\u00f6yt\u00e4minen t\u00e4lt\u00e4 alueelta vaatii hieman suunnittelua, sill\u00e4 sijainti m\u00e4\u00e4r\u00e4\u00e4 hyvin voimakkaasti my\u00f6s hinnan. Jos haluat s\u00e4\u00e4st\u00e4\u00e4 eik\u00e4 sinua haittaa siirtyminen paikasta toiseen, tarjolla on ihania laaksokyli\u00e4, mutta jos etsit romantiikkaa ja aamun\u00e4kym\u00e4\u00e4 suoraan laitumelle, joudut maksamaan hieman enemm\u00e4n.<\/p>\n\n\n\n<figure data-wp-context=\"{&quot;imageId&quot;:&quot;6a9931af78293&quot;}\" data-wp-interactive=\"core\/image\" data-wp-key=\"6a9931af78293\" class=\"wp-block-image size-large wp-lightbox-container\"><img decoding=\"async\" width=\"2048\" height=\"1365\" data-wp-class--hide=\"state.isContentHidden\" data-wp-class--show=\"state.isContentVisible\" data-wp-init=\"callbacks.setButtonStyles\" data-wp-on--click=\"actions.showLightbox\" data-wp-on--load=\"callbacks.setButtonStyles\" data-wp-on--pointerdown=\"actions.preloadImage\" data-wp-on--pointerenter=\"actions.preloadImageWithDelay\" data-wp-on--pointerleave=\"actions.cancelPreload\" data-wp-on-window--resize=\"callbacks.setButtonStyles\" src=\"https:\/\/loudavymkrokem.cz\/wp-content\/uploads\/2026\/05\/alpe-di-siusi-vesnice-hotel-pod-horami.jpg\" alt=\"Alppikyl\u00e4 perinteisine arkkitehtuureineen Dolomiittien huippujen alla\" class=\"wp-image-173513\" title=\"\" srcset=\"https:\/\/loudavymkrokem.cz\/wp-content\/uploads\/2026\/05\/alpe-di-siusi-vesnice-hotel-pod-horami.jpg 2048w, https:\/\/loudavymkrokem.cz\/wp-content\/uploads\/2026\/05\/alpe-di-siusi-vesnice-hotel-pod-horami-300x200.jpg 300w, https:\/\/loudavymkrokem.cz\/wp-content\/uploads\/2026\/05\/alpe-di-siusi-vesnice-hotel-pod-horami-700x467.jpg 700w, https:\/\/loudavymkrokem.cz\/wp-content\/uploads\/2026\/05\/alpe-di-siusi-vesnice-hotel-pod-horami-768x512.jpg 768w, https:\/\/loudavymkrokem.cz\/wp-content\/uploads\/2026\/05\/alpe-di-siusi-vesnice-hotel-pod-horami-1536x1024.jpg 1536w, https:\/\/loudavymkrokem.cz\/wp-content\/uploads\/2026\/05\/alpe-di-siusi-vesnice-hotel-pod-horami-696x464.jpg 696w, https:\/\/loudavymkrokem.cz\/wp-content\/uploads\/2026\/05\/alpe-di-siusi-vesnice-hotel-pod-horami-1392x928.jpg 1392w, https:\/\/loudavymkrokem.cz\/wp-content\/uploads\/2026\/05\/alpe-di-siusi-vesnice-hotel-pod-horami-1920x1280.jpg 1920w\" sizes=\"(max-width: 2048px) 100vw, 2048px\" \/><button\n\t\t\tclass=\"lightbox-trigger\"\n\t\t\ttype=\"button\"\n\t\t\taria-haspopup=\"dialog\"\n\t\t\tdata-wp-bind--aria-label=\"state.thisImage.triggerButtonAriaLabel\"\n\t\t\tdata-wp-init=\"callbacks.initTriggerButton\"\n\t\t\tdata-wp-on--click=\"actions.showLightbox\"\n\t\t\tdata-wp-style--right=\"state.thisImage.buttonRight\"\n\t\t\tdata-wp-style--top=\"state.thisImage.buttonTop\"\n\t\t>\n\t\t\t<svg xmlns=\"http:\/\/www.w3.org\/2000\/svg\" width=\"12\" height=\"12\" fill=\"none\" viewBox=\"0 0 12 12\">\n\t\t\t\t<path fill=\"#fff\" d=\"M2 0a2 2 0 0 0-2 2v2h1.5V2a.5.5 0 0 1 .5-.5h2V0H2Zm2 10.5H2a.5.5 0 0 1-.5-.5V8H0v2a2 2 0 0 0 2 2h2v-1.5ZM8 12v-1.5h2a.5.5 0 0 0 .5-.5V8H12v2a2 2 0 0 1-2 2H8Zm2-12a2 2 0 0 1 2 2v2h-1.5V2a.5.5 0 0 0-.5-.5H8V0h2Z\" \/>\n\t\t\t<\/svg>\n\t\t<\/button><figcaption class=\"wp-element-caption\">Alppikyl\u00e4 perinteisine arkkitehtuureineen Dolomiittien huippujen alla<\/figcaption><\/figure>\n\n\n\n<p class=\"wp-block-paragraph\">Suoraan Alpe di Siusin laitumelta l\u00f6yd\u00e4t paljon kauniita hotelleja ja vuoristomajoja, mutta hinnat liikkuvat t\u00e4\u00e4ll\u00e4 tavallisesti yli 200 eurossa y\u00f6lt\u00e4 kahdelle hengelle, ja p\u00e4\u00e4kes\u00e4- ja talvisesonkina paikat ovat usein loppuunmyytyj\u00e4 pitk\u00e4lle etuk\u00e4teen. Strategisesti edullisinta on majoittua suoraan Compatschin kyl\u00e4\u00e4n laitumen reunalle, sill\u00e4 sielt\u00e4 on kaikkialle lyhyt matka.<\/p>\n\n\n\n<p class=\"wp-block-paragraph\">T\u00e4ss\u00e4 voin suositella <a href=\"https:\/\/www.seiseralm.it\/cs\/ubytovani.html\" target=\"_blank\" rel=\"nofollow noopener\">paikallisia hotelleja virallisen turistisivuston kautta<\/a>, tai vaihtoehtoisesti vertailla ajankohtaisia hintoja ja saatavuutta <a class=\"thirstylink\" rel=\"nofollow\" target=\"_blank\" title=\"Booking.com\" href=\"https:\/\/loudavymkrokem.cz\/doporucujeme\/booking-com\/\" data-shortcode=\"true\">Booking.comissa<\/a>. Me itse pid\u00e4mme kovasti l\u00e4heisest\u00e4 Castelrottosta (Kastelruth), joka on upea perinteinen ladiinilaiskyl\u00e4, josta saat kauniita huoneistoja kohtuullisempaan hintaan, ja tunnelma on siell\u00e4 aivan mahtava. Siell\u00e4 on huippuhieno perheyst\u00e4v\u00e4llinen <a href=\"https:\/\/www.stay22.com\/allez\/roam?aid=lukaskonecny&amp;campaign=loudavymkrokemcz&amp;campaign=alpedisiusi&amp;hotelname=Schgaguler%20Hotel&amp;address=Castelrotto%2C%20Italy\" target=\"_blank\" rel=\"noopener nofollow sponsored\">Schgaguler Hotel<\/a> vaativammille, tai edullisempi <a href=\"https:\/\/www.stay22.com\/allez\/roam?aid=lukaskonecny&amp;campaign=loudavymkrokemcz&amp;campaign=alpedisiusi&amp;hotelname=Aparthotel%20Kastel%20Seiser%20Alm&amp;address=Castelrotto%2C%20Italy\" target=\"_blank\" rel=\"noopener nofollow sponsored\">Aparthotel Kastel Seiser Alm<\/a>. Toinen loistava tukikohta on jo mainittu Ortisein kaupunki, josta olet k\u00f6ysiradalla ylh\u00e4\u00e4ll\u00e4 vain 15 minuutissa ja voit illalla kuljeskella kuuluisilla kahviloilla.<\/p>\n\n\n<p><!-- UBYTOVANI:Ortisei --><\/p>\n\n\n\n<div class=\"lk-stays-module\">\n<style>\n\/* \u2500\u2500\u2500 RESET PRO GUTENBERG \u2500\u2500\u2500 *\/\n.lk-stays-module * { box-sizing: border-box; margin: 0; padding: 0; }\n\n\/* \u2500\u2500\u2500 WRAPPER \u2500\u2500\u2500 *\/\n.lk-stays-module {\n  font-family: 'DM Sans', Georgia, sans-serif;\n  max-width: 100%;\n  margin: 2.5rem auto;\n  background: linear-gradient(135deg, #fdfaf5 0%, #fcf8f0 100%);\n  border: 1px solid #e8dfd4;\n  border-radius: 16px;\n  overflow: hidden;\n  box-shadow: 0 16px 48px rgba(195, 159, 118, 0.25), 0 4px 12px rgba(0,0,0,0.08);\n}\n\n\/* \u2500\u2500\u2500 HEADER \u2500\u2500\u2500 *\/\n.lk-stays-header {\n  position: relative;\n  padding: 24px 36px 24px;\n  background: linear-gradient(135deg, #c39f76 0%, #d4b188 60%, #c39f76 100%);\n  border-bottom: 1px solid rgba(255,255,255,.15);\n  display: flex;\n  align-items: center;\n  gap: 18px;\n}\n.lk-stays-header::before {\n  content: '';\n  position: absolute;\n  inset: 0;\n  background: url(\"data:image\/svg+xml,%3Csvg width='60' height='60' viewBox='0 0 60 60' xmlns='http:\/\/www.w3.org\/2000\/svg'%3E%3Cg fill='none' fill-rule='evenodd'%3E%3Cg fill='%23ffffff' fill-opacity='0.05'%3E%3Cpath d='M36 34v-4h-2v4h-4v2h4v4h2v-4h4v-2h-4zm0-30V0h-2v4h-4v2h4v4h2V6h4V4h-4zM6 34v-4H4v4H0v2h4v4h2v-4h4v-2H6zM6 4V0H4v4H0v2h4v4h2V6h4V4H6z'\/%3E%3C\/g%3E%3C\/g%3E%3C\/svg%3E\") repeat;\n  pointer-events: none;\n}\n.lk-stays-icon {\n  flex-shrink: 0;\n  width: 68px;\n  height: 68px;\n  border-radius: 14px;\n  background: linear-gradient(135deg, #fff 0%, #f9f6f0 100%);\n  display: flex;\n  align-items: center;\n  justify-content: center;\n  font-size: 26px;\n  box-shadow: 0 4px 12px rgba(0,0,0,0.15);\n}\n.lk-stays-eyebrow {\n  font-size: 10px;\n  font-weight: 500;\n  letter-spacing: 2.5px;\n  text-transform: uppercase;\n  color: rgba(255,255,255,.85);\n  margin: 0 0 5px 0;\n}\n.lk-stays-title {\n  font-family: 'Playfair Display', Georgia, serif;\n  font-size: 24px;\n  font-weight: 700;\n  color: #fff;\n  line-height: 1.2;\n  text-shadow: 0 1px 2px rgba(0,0,0,0.1);\n  margin: 0;\n}\n.lk-stays-subtitle {\n  font-size: 13px;\n  color: rgba(255,255,255,.75);\n  margin: 4px 0 0 0;\n  font-weight: 300;\n}\n\n\/* \u2500\u2500\u2500 CARDS GRID \u2500\u2500\u2500 *\/\n.lk-stays-grid {\n  display: grid;\n  grid-template-columns: 1fr 1fr;\n  gap: 1px;\n  background: rgba(195, 159, 118, 0.12);\n}\n\n\/* \u2500\u2500\u2500 SINGLE CARD \u2500\u2500\u2500 *\/\n.lk-stay-card {\n  background: #ffffff;\n  padding: 26px;\n  display: flex;\n  flex-direction: column;\n  gap: 11px;\n  transition: all 0.3s ease;\n  text-decoration: none;\n  color: inherit;\n  position: relative;\n}\n.lk-stay-card:hover {\n  background: #fffbf5;\n  transform: translateY(-2px);\n  box-shadow: 0 8px 24px rgba(195, 159, 118, 0.18);\n  z-index: 1;\n}\n.lk-stay-card.featured {\n  background: linear-gradient(135deg, #fffdf9 0%, #fff9f0 100%);\n  box-shadow: 0 4px 16px rgba(195, 159, 118, 0.15), inset 0 1px 0 rgba(195, 159, 118, 0.1);\n}\n.lk-stay-card.featured:hover {\n  background: linear-gradient(135deg, #fffbf5 0%, #fff8ed 100%);\n  box-shadow: 0 8px 24px rgba(195, 159, 118, 0.25), inset 0 1px 0 rgba(195, 159, 118, 0.15);\n}\n\n.lk-stay-badge {\n  display: inline-flex;\n  align-items: center;\n  gap: 5px;\n  font-size: 10px;\n  font-weight: 500;\n  letter-spacing: 1.5px;\n  text-transform: uppercase;\n  padding: 5px 11px;\n  border-radius: 20px;\n  width: fit-content;\n}\n.badge-top     { background: linear-gradient(135deg, #c39f76 0%, #d4b188 100%); color: #fff; border: 1px solid #c39f76; font-weight: 600; box-shadow: 0 2px 8px rgba(195,159,118,0.3); }\n.badge-luxury  { background: rgba(195,159,118,.12); color: #c39f76; border: 1px solid rgba(195,159,118,.25); }\n.badge-boutique{ background: rgba(54,133,252,.08); color: #3685fc; border: 1px solid rgba(54,133,252,.2); }\n.badge-nature  { background: rgba(130,190,100,.1); color: #6b9c4a; border: 1px solid rgba(130,190,100,.2); }\n.badge-remote  { background: rgba(195,159,118,.12); color: #a67e50; border: 1px solid rgba(195,159,118,.25); }\n\n.lk-stay-name {\n  font-family: 'Playfair Display', Georgia, serif;\n  font-size: 18px;\n  font-weight: 700;\n  color: #111827;\n  line-height: 1.3;\n}\n.lk-stay-desc {\n  font-size: 13.5px;\n  color: #525252;\n  line-height: 1.65;\n  font-weight: 300;\n  flex: 1;\n}\n\n.lk-stay-meta {\n  display: flex;\n  align-items: center;\n  gap: 12px;\n  flex-wrap: wrap;\n  margin-top: 4px;\n}\n.lk-stay-price {\n  font-size: 13px;\n  color: #6b7280;\n}\n.lk-stay-price strong {\n  color: #c39f76;\n  font-weight: 500;\n}\n.lk-stay-stars {\n  color: #c39f76;\n  font-size: 11px;\n  letter-spacing: 1px;\n}\n\n\/* \u2500\u2500\u2500 CTA BUTTON \u2500\u2500\u2500 *\/\n.lk-stay-cta {\n  display: inline-flex;\n  align-items: center;\n  justify-content: center;\n  gap: 7px;\n  margin-top: 8px;\n  padding: 11px 20px;\n  border-radius: 8px;\n  background: linear-gradient(135deg, #3685fc 0%, #2a6fd9 100%);\n  color: #fff;\n  font-size: 13px;\n  font-weight: 500;\n  text-decoration: none;\n  letter-spacing: .3px;\n  transition: all .2s ease;\n  cursor: pointer;\n  border: none;\n  text-align: center;\n  box-shadow: 0 4px 12px rgba(54, 133, 252, 0.25);\n}\n.lk-stay-cta:hover {\n  background: linear-gradient(135deg, #2a6fd9 0%, #1e5bc4 100%);\n  transform: translateY(-1px);\n  box-shadow: 0 6px 16px rgba(54, 133, 252, 0.35);\n}\n.lk-stay-cta svg { flex-shrink: 0; }\n\n\/* \u2500\u2500\u2500 FOOTER \u2500\u2500\u2500 *\/\n.lk-stays-footer {\n  padding: 18px 36px;\n  background: linear-gradient(to bottom, #fdfaf5 0%, #f9f4ed 100%);\n  border-top: 1px solid rgba(195, 159, 118, 0.15);\n  display: flex;\n  align-items: center;\n  justify-content: space-between;\n  flex-wrap: wrap;\n  gap: 12px;\n}\n.lk-stays-footer-note {\n  font-size: 11.5px;\n  color: #6b7280;\n  font-weight: 300;\n  line-height: 1.5;\n}\n.lk-stays-footer-note a {\n  color: #c39f76;\n  text-decoration: none;\n  font-weight: 400;\n}\n.lk-stays-footer-note a:hover {\n  text-decoration: underline;\n}\n.lk-stays-all-btn {\n  display: inline-flex;\n  align-items: center;\n  gap: 6px;\n  font-size: 12.5px;\n  font-weight: 500;\n  color: #c39f76;\n  text-decoration: none;\n  border: 1px solid rgba(195, 159, 118, 0.35);\n  padding: 8px 18px;\n  border-radius: 8px;\n  transition: all .2s ease;\n}\n.lk-stays-all-btn:hover {\n  background: rgba(195, 159, 118, 0.08);\n  border-color: rgba(195, 159, 118, 0.5);\n}\n\n\/* \u2500\u2500\u2500 RESPONSIVE \u2500\u2500\u2500 *\/\n@media (max-width: 600px) {\n  .lk-stays-grid { grid-template-columns: 1fr; }\n  .lk-stays-header { padding: 24px 20px; }\n  .lk-stays-footer { padding: 16px 20px; }\n  .lk-stay-card { padding: 22px; }\n  .lk-stays-title { font-size: 20px; }\n}\n<\/style>\n\n  <!-- HEADER -->\n  <div class=\"lk-stays-header\">\n    <img decoding=\"async\" src=\"https:\/\/loudavymkrokem.cz\/wp-content\/uploads\/2026\/02\/lukas-a-lucka.jpg\" alt=\"\" style=\"width: 75px; height: 75px; border-radius: 8px; flex-shrink: 0; object-fit: cover; display: block; margin: 4px 0;\" title=\"\">\n    <div class=\"lk-stays-header-text\">\n      <div class=\"lk-stays-eyebrow\">Luk\u00e1\u0161 ja Lucie suosittelevat<\/div>\n      <div class=\"lk-stays-title\">Miss\u00e4 y\u00f6py\u00e4 Alpe di Siusissa<\/div>\n      <div class=\"lk-stays-subtitle\">4 majoitusta \u2014 wellness-hotelleja, hotelleja ja muita majoitusvaihtoehtoja<\/div>\n    <\/div>\n  <\/div>\n\n  <!-- CARDS -->\n  <div class=\"lk-stays-grid\">\n\n    <a class=\"lk-stay-card featured\" href=\"https:\/\/www.stay22.com\/allez\/roam?aid=lukaskonecny&#038;campaign=loudavymkrokemcz&#038;campaign=fi&#038;campaign=alpedisiusi&#038;hotelname=Schgaguler%20Hotel&#038;address=Castelrotto%2C%20Italy\" target=\"_blank\" rel=\"noopener nofollow sponsored\">\n      <span class=\"lk-stay-badge badge-top\">\u2b50 HUIPPUVALINTA<\/span>\n      <span class=\"lk-stay-badge badge-nature\">\u2b50 Luxury<\/span>\n      <div class=\"lk-stay-name\">Schgaguler Hotel<\/div>\n      <div class=\"lk-stay-desc\">Upea perhehotelli vaativammille vierailijoille vieh\u00e4tt\u00e4v\u00e4ss\u00e4 perinteisess\u00e4 ladiinilaisessa Castelrotton (Kastelruth) kaupungissa, josta on hyv\u00e4t yhteydet Alpe di Siusiin.<\/div>\n      <div class=\"lk-stay-meta\">\n        <span class=\"lk-stay-stars\">\u2605\u2605\u2605\u2605<\/span>\n        <span class=\"lk-stay-price\">Tarkista hinnat<\/span>\n      <\/div>\n      <span class=\"lk-stay-cta\">\n        <svg width=\"14\" height=\"14\" viewBox=\"0 0 24 24\" fill=\"none\" stroke=\"currentColor\" stroke-width=\"2\"><path d=\"M18 13v6a2 2 0 0 1-2 2H5a2 2 0 0 1-2-2V8a2 2 0 0 1 2-2h6\"\/><polyline points=\"15 3 21 3 21 9\"\/><line x1=\"10\" y1=\"14\" x2=\"21\" y2=\"3\"\/><\/svg>\n        Tarkista saatavuus\n      <\/span>\n    <\/a>\n\n    <a class=\"lk-stay-card\" href=\"https:\/\/www.stay22.com\/allez\/roam?aid=lukaskonecny&#038;campaign=loudavymkrokemcz&#038;campaign=fi&#038;campaign=alpedisiusi&#038;hotelname=Aparthotel%20Kastel%20Seiser%20Alm&#038;address=Castelrotto%2C%20Italy\" target=\"_blank\" rel=\"noopener nofollow sponsored\">\n      <span class=\"lk-stay-badge badge-nature\">\ud83c\udfe1 Huoneisto<\/span>\n      <div class=\"lk-stay-name\">Aparthotel Kastel Seiser Alm<\/div>\n      <div class=\"lk-stay-desc\">Edullisemmat huoneistot Castelrottossa, erinomainen tukikohta retkille Alpe di Siusiin mahdollisuudella valmistaa itse ruokaa.<\/div>\n      <div class=\"lk-stay-meta\">\n        <span class=\"lk-stay-stars\">\u2605\u2605\u2605\u2605<\/span>\n        <span class=\"lk-stay-price\">Tarkista hinnat<\/span>\n      <\/div>\n      <span class=\"lk-stay-cta\">\n        <svg width=\"14\" height=\"14\" viewBox=\"0 0 24 24\" fill=\"none\" stroke=\"currentColor\" stroke-width=\"2\"><path d=\"M18 13v6a2 2 0 0 1-2 2H5a2 2 0 0 1-2-2V8a2 2 0 0 1 2-2h6\"\/><polyline points=\"15 3 21 3 21 9\"\/><line x1=\"10\" y1=\"14\" x2=\"21\" y2=\"3\"\/><\/svg>\n        Tarkista saatavuus\n      <\/span>\n    <\/a>\n\n    <a class=\"lk-stay-card\" href=\"https:\/\/www.stay22.com\/allez\/roam?aid=lukaskonecny&#038;campaign=loudavymkrokemcz&#038;campaign=fi&#038;campaign=alpedisiusiseiseralm12tipucodelatnanejvetsivysokohorskeloucevevrope&#038;address=Alpe+di+Siusi&#038;hotelname=Skihotel+Saltria&#038;search=Skihotel+Saltria&#038;category=accommodation\" target=\"_blank\" rel=\"nofollow noopener\">\n      <span class=\"lk-stay-badge badge-nature\">\ud83c\udfe8 Hotelli<\/span>\n      <div class=\"lk-stay-name\">Skihotel Saltria<\/div>\n      <div class=\"lk-stay-desc\">Hotelli tasangon rauhallisemmassa osassa Saltrian alueella, syvien metsien ja purojen ymp\u00e4r\u00f6im\u00e4n\u00e4. Erinomainen l\u00e4ht\u00f6kohta lyhyemmille k\u00e4velyreiteille.<\/div>\n      <div class=\"lk-stay-meta\">\n        <span class=\"lk-stay-stars\">\u2605\u2605\u2605\u2605<\/span>\n        <span class=\"lk-stay-price\">Tarkista hinnat<\/span>\n      <\/div>\n      <span class=\"lk-stay-cta\">\n        <svg width=\"14\" height=\"14\" viewBox=\"0 0 24 24\" fill=\"none\" stroke=\"currentColor\" stroke-width=\"2\"><path d=\"M18 13v6a2 2 0 0 1-2 2H5a2 2 0 0 1-2-2V8a2 2 0 0 1 2-2h6\"\/><polyline points=\"15 3 21 3 21 9\"\/><line x1=\"10\" y1=\"14\" x2=\"21\" y2=\"3\"\/><\/svg>\n        Tarkista saatavuus\n      <\/span>\n    <\/a>\n\n    <a class=\"lk-stay-card\" href=\"https:\/\/www.stay22.com\/allez\/roam?aid=lukaskonecny&#038;campaign=loudavymkrokemcz&#038;campaign=fi&#038;campaign=alpedisiusiseiseralm12tipucodelatnanejvetsivysokohorskeloucevevrope&#038;address=alpe%20di%20siusi\" target=\"_blank\" rel=\"nofollow noopener\">\n      <span class=\"lk-stay-badge badge-nature\">\ud83d\udd0d Hae<\/span>\n      <div class=\"lk-stay-name\">N\u00e4yt\u00e4 kaikki majoitukset Alpe di Siusissa<\/div>\n      <div class=\"lk-stay-desc\">Tutustu kaikkiin saatavilla oleviin majoitusvaihtoehtoihin Alpe di Siusissa ja l\u00f6yd\u00e4 paras vaihtoehto mieltymystesi ja budjettisi mukaan.<\/div>\n      <div class=\"lk-stay-meta\">\n        <span class=\"lk-stay-stars\">\u2605\u2605\u2605\u2605<\/span>\n        <span class=\"lk-stay-price\">Vertaile hintoja<\/span>\n      <\/div>\n      <span class=\"lk-stay-cta\">\n        <svg width=\"14\" height=\"14\" viewBox=\"0 0 24 24\" fill=\"none\" stroke=\"currentColor\" stroke-width=\"2\"><path d=\"M18 13v6a2 2 0 0 1-2 2H5a2 2 0 0 1-2-2V8a2 2 0 0 1 2-2h6\"\/><polyline points=\"15 3 21 3 21 9\"\/><line x1=\"10\" y1=\"14\" x2=\"21\" y2=\"3\"\/><\/svg>\n        Tarkista saatavuus\n      <\/span>\n    <\/a>\n\n  <\/div>\n\n  \n<\/div>\n\n\n\n\n<h2 class=\"wp-block-heading\"><span class=\"ez-toc-section\" id=\"Alpe_di_Siusi_12_paikkaa_jotka_sinun_on_nahtava_ja_mita_taalla_tehda\"><\/span>Alpe di Siusi: 12 paikkaa, jotka sinun on n\u00e4ht\u00e4v\u00e4, ja mit\u00e4 t\u00e4\u00e4ll\u00e4 tehd\u00e4<span class=\"ez-toc-section-end\"><\/span><\/h2>\n\n\n\n<p class=\"wp-block-paragraph\">T\u00e4ll\u00e4 valtavalla alueella voi hyvin viett\u00e4\u00e4 kokonaisen viikon ja silti sinulla riitt\u00e4\u00e4 l\u00f6ydett\u00e4v\u00e4\u00e4. T\u00e4ss\u00e4 on meid\u00e4n valintamme \u2013 r\u00e4\u00e4t\u00e4l\u00f6ity perheille, koiranomistajille ja niille, jotka haluavat vain istua terassilla ja katsella vuoria kahvi k\u00e4dess\u00e4.<\/p>\n\n\n\n<h3 class=\"wp-block-heading\"><span class=\"ez-toc-section\" id=\"1_Henkeasalpaava_nakyma_Sasso_Lungolle_ja_Sasso_Piattolle_laitumelta\"><\/span>1. Henke\u00e4salpaava n\u00e4kym\u00e4 Sasso Lungolle ja Sasso Piattolle laitumelta<span class=\"ez-toc-section-end\"><\/span><\/h3>\n\n\n\n<p class=\"wp-block-paragraph\">T\u00e4m\u00e4 on juuri se n\u00e4kym\u00e4, jonka takia kaikki t\u00e4nne tulevat. Nuo kaksi majesteettista vuorta, Sasso Lungo ja Sasso Piatto, kohoavat vihre\u00e4n tasangon yll\u00e4 kuin kaksi vartijaa ja luovat t\u00e4ydellisen taustan mille tahansa kuvalle.<\/p>\n\n\n\n<figure data-wp-context=\"{&quot;imageId&quot;:&quot;6a9931af78ca4&quot;}\" data-wp-interactive=\"core\/image\" data-wp-key=\"6a9931af78ca4\" class=\"wp-block-image size-large wp-lightbox-container\"><img decoding=\"async\" width=\"2048\" height=\"1365\" data-wp-class--hide=\"state.isContentHidden\" data-wp-class--show=\"state.isContentVisible\" data-wp-init=\"callbacks.setButtonStyles\" data-wp-on--click=\"actions.showLightbox\" data-wp-on--load=\"callbacks.setButtonStyles\" data-wp-on--pointerdown=\"actions.preloadImage\" data-wp-on--pointerenter=\"actions.preloadImageWithDelay\" data-wp-on--pointerleave=\"actions.cancelPreload\" data-wp-on-window--resize=\"callbacks.setButtonStyles\" src=\"https:\/\/loudavymkrokem.cz\/wp-content\/uploads\/2026\/05\/alpe-di-siusi-sassolungo-louka.jpg\" alt=\"N\u00e4kym\u00e4 Sasso Lungon ja Sasso Piatton massiiville laajan laitumen yli\" class=\"wp-image-173514\" title=\"\" srcset=\"https:\/\/loudavymkrokem.cz\/wp-content\/uploads\/2026\/05\/alpe-di-siusi-sassolungo-louka.jpg 2048w, https:\/\/loudavymkrokem.cz\/wp-content\/uploads\/2026\/05\/alpe-di-siusi-sassolungo-louka-300x200.jpg 300w, https:\/\/loudavymkrokem.cz\/wp-content\/uploads\/2026\/05\/alpe-di-siusi-sassolungo-louka-700x467.jpg 700w, https:\/\/loudavymkrokem.cz\/wp-content\/uploads\/2026\/05\/alpe-di-siusi-sassolungo-louka-768x512.jpg 768w, https:\/\/loudavymkrokem.cz\/wp-content\/uploads\/2026\/05\/alpe-di-siusi-sassolungo-louka-1536x1024.jpg 1536w, https:\/\/loudavymkrokem.cz\/wp-content\/uploads\/2026\/05\/alpe-di-siusi-sassolungo-louka-696x464.jpg 696w, https:\/\/loudavymkrokem.cz\/wp-content\/uploads\/2026\/05\/alpe-di-siusi-sassolungo-louka-1392x928.jpg 1392w, https:\/\/loudavymkrokem.cz\/wp-content\/uploads\/2026\/05\/alpe-di-siusi-sassolungo-louka-1920x1280.jpg 1920w\" sizes=\"(max-width: 2048px) 100vw, 2048px\" \/><button\n\t\t\tclass=\"lightbox-trigger\"\n\t\t\ttype=\"button\"\n\t\t\taria-haspopup=\"dialog\"\n\t\t\tdata-wp-bind--aria-label=\"state.thisImage.triggerButtonAriaLabel\"\n\t\t\tdata-wp-init=\"callbacks.initTriggerButton\"\n\t\t\tdata-wp-on--click=\"actions.showLightbox\"\n\t\t\tdata-wp-style--right=\"state.thisImage.buttonRight\"\n\t\t\tdata-wp-style--top=\"state.thisImage.buttonTop\"\n\t\t>\n\t\t\t<svg xmlns=\"http:\/\/www.w3.org\/2000\/svg\" width=\"12\" height=\"12\" fill=\"none\" viewBox=\"0 0 12 12\">\n\t\t\t\t<path fill=\"#fff\" d=\"M2 0a2 2 0 0 0-2 2v2h1.5V2a.5.5 0 0 1 .5-.5h2V0H2Zm2 10.5H2a.5.5 0 0 1-.5-.5V8H0v2a2 2 0 0 0 2 2h2v-1.5ZM8 12v-1.5h2a.5.5 0 0 0 .5-.5V8H12v2a2 2 0 0 1-2 2H8Zm2-12a2 2 0 0 1 2 2v2h-1.5V2a.5.5 0 0 0-.5-.5H8V0h2Z\" \/>\n\t\t\t<\/svg>\n\t\t<\/button><figcaption class=\"wp-element-caption\">N\u00e4kym\u00e4 Sasso Lungon ja Sasso Piatton massiiville laajan laitumen yli<\/figcaption><\/figure>\n\n\n\n<p class=\"wp-block-paragraph\">Ja parasta? Sinun ei tarvitse tehd\u00e4 mit\u00e4\u00e4n monimutkaista vaellusta, riitt\u00e4\u00e4 ett\u00e4 nouset k\u00f6ysiradalla Ortiseista, k\u00e4velet muutaman kymmenen metri\u00e4 Mont S\u00ebucin yl\u00e4asemalta ja tuo postikorttimainen panoraama avautuu eteesi. Erityisesti alkuillasta, kun laskeva aurinko v\u00e4rj\u00e4\u00e4 kalliot vaaleanpunaisiksi ja violeteiksi, se on n\u00e4kym\u00e4, jonka \u00e4\u00e4rell\u00e4 haukot henke\u00e4.<\/p>\n\n\n\n<h3 class=\"wp-block-heading\"><span class=\"ez-toc-section\" id=\"2_Romanttinen_kavely_Hans_und_Paula_Steger_Weg_-reitilla\"><\/span>2. Romanttinen k\u00e4vely Hans und Paula Steger Weg -reitill\u00e4<span class=\"ez-toc-section-end\"><\/span><\/h3>\n\n\n\n<p class=\"wp-block-paragraph\">Jos etsit vaivatonta reitti\u00e4, joka on t\u00e4ynn\u00e4 kiinnostavaa tietoa ja kauniita n\u00e4kymi\u00e4, t\u00e4m\u00e4 polku on t\u00e4ysin ihanteellinen. Se on nimetty kahden kuuluisan vuorikiipeilij\u00e4n ja paikallisen matkailun pioneerin mukaan, jotka rakastuivat alueeseen ja omistivat sille el\u00e4m\u00e4ns\u00e4.<\/p>\n\n\n\n<figure data-wp-context=\"{&quot;imageId&quot;:&quot;6a9931af79355&quot;}\" data-wp-interactive=\"core\/image\" data-wp-key=\"6a9931af79355\" class=\"wp-block-image size-full wp-lightbox-container\"><img decoding=\"async\" data-wp-class--hide=\"state.isContentHidden\" data-wp-class--show=\"state.isContentVisible\" data-wp-init=\"callbacks.setButtonStyles\" data-wp-on--click=\"actions.showLightbox\" data-wp-on--load=\"callbacks.setButtonStyles\" data-wp-on--pointerdown=\"actions.preloadImage\" data-wp-on--pointerenter=\"actions.preloadImageWithDelay\" data-wp-on--pointerleave=\"actions.cancelPreload\" data-wp-on-window--resize=\"callbacks.setButtonStyles\" src=\"https:\/\/www.loudavymkrokem.cz\/wp-content\/uploads\/2023\/05\/alpe-di-suisi-seiser-alm-2048x1366.jpg\" alt=\"Alpe di Siusi Seiser Alm alppilaidun\" class=\"wp-image-74398\" title=\"\"><button\n\t\t\tclass=\"lightbox-trigger\"\n\t\t\ttype=\"button\"\n\t\t\taria-haspopup=\"dialog\"\n\t\t\tdata-wp-bind--aria-label=\"state.thisImage.triggerButtonAriaLabel\"\n\t\t\tdata-wp-init=\"callbacks.initTriggerButton\"\n\t\t\tdata-wp-on--click=\"actions.showLightbox\"\n\t\t\tdata-wp-style--right=\"state.thisImage.buttonRight\"\n\t\t\tdata-wp-style--top=\"state.thisImage.buttonTop\"\n\t\t>\n\t\t\t<svg xmlns=\"http:\/\/www.w3.org\/2000\/svg\" width=\"12\" height=\"12\" fill=\"none\" viewBox=\"0 0 12 12\">\n\t\t\t\t<path fill=\"#fff\" d=\"M2 0a2 2 0 0 0-2 2v2h1.5V2a.5.5 0 0 1 .5-.5h2V0H2Zm2 10.5H2a.5.5 0 0 1-.5-.5V8H0v2a2 2 0 0 0 2 2h2v-1.5ZM8 12v-1.5h2a.5.5 0 0 0 .5-.5V8H12v2a2 2 0 0 1-2 2H8Zm2-12a2 2 0 0 1 2 2v2h-1.5V2a.5.5 0 0 0-.5-.5H8V0h2Z\" \/>\n\t\t\t<\/svg>\n\t\t<\/button><\/figure>\n\n\n\n<p class=\"wp-block-paragraph\">Polku kulkee Compatschin kaupungista Saltrian alueelle, on noin viisi kilometri\u00e4 pitk\u00e4 ja l\u00e4hes kokonaan tasaista tai loivasti laskevaa. Reitti on leve\u00e4, pinnoitettu ja t\u00e4ysin ihanteellinen lapsiperheille rattaiden kanssa. Matkan varrella t\u00f6rm\u00e4\u00e4t moniin opastauluihin paikallisesta el\u00e4imist\u00f6st\u00e4 ja kasvistosta, ja Jon\u00e1\u0161ek nukkui rattaissa tyytyv\u00e4isen\u00e4 suurimman osan matkasta raikkaassa vuoristoilmassa.<\/p>\n\n\n\n<h3 class=\"wp-block-heading\"><span class=\"ez-toc-section\" id=\"3_Koko_paivan_vaellus_Plattkofelille_Sasso_Piattolle\"><\/span>3. Koko p\u00e4iv\u00e4n vaellus Plattkofelille \/ Sasso Piattolle<span class=\"ez-toc-section-end\"><\/span><\/h3>\n\n\n\n<p class=\"wp-block-paragraph\">T\u00e4m\u00e4 vinkki on niille teist\u00e4, jotka pit\u00e4v\u00e4t hieman enemm\u00e4n adrenaliinista ja fyysisest\u00e4 ponnistuksesta \u2013 me suoritimme sen Luk\u00e1\u0161in kanssa viel\u00e4 ennen Jon\u00e1\u0161ekin syntym\u00e4\u00e4. Nousu laajalle, ik\u00e4\u00e4n kuin vinosti leikatulle Sasso Piatto -vuorelle on koko p\u00e4iv\u00e4n el\u00e4mys.<\/p>\n\n\n\n<figure data-wp-context=\"{&quot;imageId&quot;:&quot;6a9931af79a83&quot;}\" data-wp-interactive=\"core\/image\" data-wp-key=\"6a9931af79a83\" class=\"wp-block-image size-large wp-lightbox-container\"><img decoding=\"async\" width=\"2048\" height=\"1365\" data-wp-class--hide=\"state.isContentHidden\" data-wp-class--show=\"state.isContentVisible\" data-wp-init=\"callbacks.setButtonStyles\" data-wp-on--click=\"actions.showLightbox\" data-wp-on--load=\"callbacks.setButtonStyles\" data-wp-on--pointerdown=\"actions.preloadImage\" data-wp-on--pointerenter=\"actions.preloadImageWithDelay\" data-wp-on--pointerleave=\"actions.cancelPreload\" data-wp-on-window--resize=\"callbacks.setButtonStyles\" src=\"https:\/\/loudavymkrokem.cz\/wp-content\/uploads\/2026\/05\/alpe-di-siusi-trek-vrcholy.jpg\" alt=\"Vaeltaja lapsen kanssa laitumella Sasso Piatton huippujen alla\" class=\"wp-image-173516\" title=\"\" srcset=\"https:\/\/loudavymkrokem.cz\/wp-content\/uploads\/2026\/05\/alpe-di-siusi-trek-vrcholy.jpg 2048w, https:\/\/loudavymkrokem.cz\/wp-content\/uploads\/2026\/05\/alpe-di-siusi-trek-vrcholy-300x200.jpg 300w, https:\/\/loudavymkrokem.cz\/wp-content\/uploads\/2026\/05\/alpe-di-siusi-trek-vrcholy-700x467.jpg 700w, https:\/\/loudavymkrokem.cz\/wp-content\/uploads\/2026\/05\/alpe-di-siusi-trek-vrcholy-768x512.jpg 768w, https:\/\/loudavymkrokem.cz\/wp-content\/uploads\/2026\/05\/alpe-di-siusi-trek-vrcholy-1536x1024.jpg 1536w, https:\/\/loudavymkrokem.cz\/wp-content\/uploads\/2026\/05\/alpe-di-siusi-trek-vrcholy-696x464.jpg 696w, https:\/\/loudavymkrokem.cz\/wp-content\/uploads\/2026\/05\/alpe-di-siusi-trek-vrcholy-1392x928.jpg 1392w, https:\/\/loudavymkrokem.cz\/wp-content\/uploads\/2026\/05\/alpe-di-siusi-trek-vrcholy-1920x1280.jpg 1920w\" sizes=\"(max-width: 2048px) 100vw, 2048px\" \/><button\n\t\t\tclass=\"lightbox-trigger\"\n\t\t\ttype=\"button\"\n\t\t\taria-haspopup=\"dialog\"\n\t\t\tdata-wp-bind--aria-label=\"state.thisImage.triggerButtonAriaLabel\"\n\t\t\tdata-wp-init=\"callbacks.initTriggerButton\"\n\t\t\tdata-wp-on--click=\"actions.showLightbox\"\n\t\t\tdata-wp-style--right=\"state.thisImage.buttonRight\"\n\t\t\tdata-wp-style--top=\"state.thisImage.buttonTop\"\n\t\t>\n\t\t\t<svg xmlns=\"http:\/\/www.w3.org\/2000\/svg\" width=\"12\" height=\"12\" fill=\"none\" viewBox=\"0 0 12 12\">\n\t\t\t\t<path fill=\"#fff\" d=\"M2 0a2 2 0 0 0-2 2v2h1.5V2a.5.5 0 0 1 .5-.5h2V0H2Zm2 10.5H2a.5.5 0 0 1-.5-.5V8H0v2a2 2 0 0 0 2 2h2v-1.5ZM8 12v-1.5h2a.5.5 0 0 0 .5-.5V8H12v2a2 2 0 0 1-2 2H8Zm2-12a2 2 0 0 1 2 2v2h-1.5V2a.5.5 0 0 0-.5-.5H8V0h2Z\" \/>\n\t\t\t<\/svg>\n\t\t<\/button><figcaption class=\"wp-element-caption\">Vaeltaja lapsen kanssa laitumella Sasso Piatton huippujen alla<\/figcaption><\/figure>\n\n\n\n<p class=\"wp-block-paragraph\">Reitti vie sinulta noin 4\u20135 tuntia ja vaatii jo hyv\u00e4\u00e4 fyysist\u00e4 kuntoa sek\u00e4 tukevat jalkineet. Palkinnoksi saat kuitenkin fantastiset n\u00e4kym\u00e4t paitsi koko Alpe di Siusin laitumelle syv\u00e4lle allasi, my\u00f6s kauempana olevalle Marmoladan j\u00e4\u00e4tik\u00f6lle ja Sella-massiiville. L\u00e4hde liikkeelle aikaisin aamulla, ennen kuin aurinko alkaa paahtaa, ja pakkaa mukaan enemm\u00e4n vett\u00e4 kuin luulet tarvitsevasi. Me otimme Luk\u00e1\u0161in kanssa aina \u201djuuri sopivasti\u201d ja aina kaduimme sit\u00e4.<\/p>\n\n\n\n<h3 class=\"wp-block-heading\"><span class=\"ez-toc-section\" id=\"4_Compatschin_keskusta_ja_paikallinen_Almstation\"><\/span>4. Compatschin keskusta ja paikallinen Almstation<span class=\"ez-toc-section-end\"><\/span><\/h3>\n\n\n\n<p class=\"wp-block-paragraph\">Compatsch on er\u00e4\u00e4nlainen luonnollinen keskus koko Alpe di Siusin tapahtumille. T\u00e4\u00e4lt\u00e4 l\u00f6yd\u00e4t suurimman keskittym\u00e4n hotelleja, ravintoloita, matkamuistokauppoja ja ennen kaikkea suuren opastuskeskuksen, jossa autetaan mielell\u00e4\u00e4n reittien valinnassa ja jossa saat my\u00f6s ajankohtaisimman Alpe di Siusin s\u00e4\u00e4ennusteen.<\/p>\n\n\n\n<figure data-wp-context=\"{&quot;imageId&quot;:&quot;6a9931af7a0f3&quot;}\" data-wp-interactive=\"core\/image\" data-wp-key=\"6a9931af7a0f3\" class=\"wp-block-image size-large wp-lightbox-container\"><img decoding=\"async\" width=\"2048\" height=\"1365\" data-wp-class--hide=\"state.isContentHidden\" data-wp-class--show=\"state.isContentVisible\" data-wp-init=\"callbacks.setButtonStyles\" data-wp-on--click=\"actions.showLightbox\" data-wp-on--load=\"callbacks.setButtonStyles\" data-wp-on--pointerdown=\"actions.preloadImage\" data-wp-on--pointerenter=\"actions.preloadImageWithDelay\" data-wp-on--pointerleave=\"actions.cancelPreload\" data-wp-on-window--resize=\"callbacks.setButtonStyles\" src=\"https:\/\/loudavymkrokem.cz\/wp-content\/uploads\/2026\/05\/alpe-di-siusi-terasa-almstation.jpg\" alt=\"Istuskelua vuoristo-Almstationin terassilla vuoriston\u00e4kym\u00e4n edess\u00e4\" class=\"wp-image-173517\" title=\"\" srcset=\"https:\/\/loudavymkrokem.cz\/wp-content\/uploads\/2026\/05\/alpe-di-siusi-terasa-almstation.jpg 2048w, https:\/\/loudavymkrokem.cz\/wp-content\/uploads\/2026\/05\/alpe-di-siusi-terasa-almstation-300x200.jpg 300w, https:\/\/loudavymkrokem.cz\/wp-content\/uploads\/2026\/05\/alpe-di-siusi-terasa-almstation-700x467.jpg 700w, https:\/\/loudavymkrokem.cz\/wp-content\/uploads\/2026\/05\/alpe-di-siusi-terasa-almstation-768x512.jpg 768w, https:\/\/loudavymkrokem.cz\/wp-content\/uploads\/2026\/05\/alpe-di-siusi-terasa-almstation-1536x1024.jpg 1536w, https:\/\/loudavymkrokem.cz\/wp-content\/uploads\/2026\/05\/alpe-di-siusi-terasa-almstation-696x464.jpg 696w, https:\/\/loudavymkrokem.cz\/wp-content\/uploads\/2026\/05\/alpe-di-siusi-terasa-almstation-1392x928.jpg 1392w, https:\/\/loudavymkrokem.cz\/wp-content\/uploads\/2026\/05\/alpe-di-siusi-terasa-almstation-1920x1280.jpg 1920w\" sizes=\"(max-width: 2048px) 100vw, 2048px\" \/><button\n\t\t\tclass=\"lightbox-trigger\"\n\t\t\ttype=\"button\"\n\t\t\taria-haspopup=\"dialog\"\n\t\t\tdata-wp-bind--aria-label=\"state.thisImage.triggerButtonAriaLabel\"\n\t\t\tdata-wp-init=\"callbacks.initTriggerButton\"\n\t\t\tdata-wp-on--click=\"actions.showLightbox\"\n\t\t\tdata-wp-style--right=\"state.thisImage.buttonRight\"\n\t\t\tdata-wp-style--top=\"state.thisImage.buttonTop\"\n\t\t>\n\t\t\t<svg xmlns=\"http:\/\/www.w3.org\/2000\/svg\" width=\"12\" height=\"12\" fill=\"none\" viewBox=\"0 0 12 12\">\n\t\t\t\t<path fill=\"#fff\" d=\"M2 0a2 2 0 0 0-2 2v2h1.5V2a.5.5 0 0 1 .5-.5h2V0H2Zm2 10.5H2a.5.5 0 0 1-.5-.5V8H0v2a2 2 0 0 0 2 2h2v-1.5ZM8 12v-1.5h2a.5.5 0 0 0 .5-.5V8H12v2a2 2 0 0 1-2 2H8Zm2-12a2 2 0 0 1 2 2v2h-1.5V2a.5.5 0 0 0-.5-.5H8V0h2Z\" \/>\n\t\t\t<\/svg>\n\t\t<\/button><figcaption class=\"wp-element-caption\">Istuskelua vuoristo-Almstationin terassilla vuoriston\u00e4kym\u00e4n edess\u00e4<\/figcaption><\/figure>\n\n\n\n<p class=\"wp-block-paragraph\">Vaikka se on melko vilkas, turisteja t\u00e4ynn\u00e4 oleva paikka, siell\u00e4 kannattaa viiv\u00e4ht\u00e4\u00e4 hetki. Voit vuokrata s\u00e4hk\u00f6py\u00f6ri\u00e4, ostaa mukaan paikallisia juustoja ja Speck-savuliha tai vain istua jonkin kahvilan terassille ja tarkkailla ymp\u00e4rill\u00e4 olevaa vilin\u00e4\u00e4. Compatschista l\u00e4htev\u00e4t my\u00f6s s\u00e4teitt\u00e4in l\u00e4hestulkoon kaikki laitumen p\u00e4\u00e4reitit.<\/p>\n\n\n\n<h3 class=\"wp-block-heading\"><span class=\"ez-toc-section\" id=\"5_Skihotel_Saltria_ja_Saltrian_ympari_kiertava_lenkki\"><\/span>5. Skihotel Saltria ja Saltrian ymp\u00e4ri kiert\u00e4v\u00e4 lenkki<span class=\"ez-toc-section-end\"><\/span><\/h3>\n\n\n\n<p class=\"wp-block-paragraph\">Saltrian alue sijaitsee hieman laaksossa yl\u00e4tasangon it\u00e4laidalla, ja sinne p\u00e4\u00e4set joko jalan tai hyvin mukavasti paikallisbussilla Compatschista. Se on rauhallisempi osa laidunta, jota ymp\u00e4r\u00f6iv\u00e4t syv\u00e4t mets\u00e4t ja lorisevat purot.<\/p>\n\n\n\n<figure data-wp-context=\"{&quot;imageId&quot;:&quot;6a9931af7a79f&quot;}\" data-wp-interactive=\"core\/image\" data-wp-key=\"6a9931af7a79f\" class=\"wp-block-image size-large wp-lightbox-container\"><img decoding=\"async\" width=\"2048\" height=\"1365\" data-wp-class--hide=\"state.isContentHidden\" data-wp-class--show=\"state.isContentVisible\" data-wp-init=\"callbacks.setButtonStyles\" data-wp-on--click=\"actions.showLightbox\" data-wp-on--load=\"callbacks.setButtonStyles\" data-wp-on--pointerdown=\"actions.preloadImage\" data-wp-on--pointerenter=\"actions.preloadImageWithDelay\" data-wp-on--pointerleave=\"actions.cancelPreload\" data-wp-on-window--resize=\"callbacks.setButtonStyles\" src=\"https:\/\/loudavymkrokem.cz\/wp-content\/uploads\/2026\/05\/alpe-di-siusi-moderni-chata-saltria.jpg\" alt=\"Moderni vuoristomaja n\u00e4kym\u00e4ll\u00e4 kalliohuipuille Saltrian alueella\" class=\"wp-image-173518\" title=\"\" srcset=\"https:\/\/loudavymkrokem.cz\/wp-content\/uploads\/2026\/05\/alpe-di-siusi-moderni-chata-saltria.jpg 2048w, https:\/\/loudavymkrokem.cz\/wp-content\/uploads\/2026\/05\/alpe-di-siusi-moderni-chata-saltria-300x200.jpg 300w, https:\/\/loudavymkrokem.cz\/wp-content\/uploads\/2026\/05\/alpe-di-siusi-moderni-chata-saltria-700x467.jpg 700w, https:\/\/loudavymkrokem.cz\/wp-content\/uploads\/2026\/05\/alpe-di-siusi-moderni-chata-saltria-768x512.jpg 768w, https:\/\/loudavymkrokem.cz\/wp-content\/uploads\/2026\/05\/alpe-di-siusi-moderni-chata-saltria-1536x1024.jpg 1536w, https:\/\/loudavymkrokem.cz\/wp-content\/uploads\/2026\/05\/alpe-di-siusi-moderni-chata-saltria-696x464.jpg 696w, https:\/\/loudavymkrokem.cz\/wp-content\/uploads\/2026\/05\/alpe-di-siusi-moderni-chata-saltria-1392x928.jpg 1392w, https:\/\/loudavymkrokem.cz\/wp-content\/uploads\/2026\/05\/alpe-di-siusi-moderni-chata-saltria-1920x1280.jpg 1920w\" sizes=\"(max-width: 2048px) 100vw, 2048px\" \/><button\n\t\t\tclass=\"lightbox-trigger\"\n\t\t\ttype=\"button\"\n\t\t\taria-haspopup=\"dialog\"\n\t\t\tdata-wp-bind--aria-label=\"state.thisImage.triggerButtonAriaLabel\"\n\t\t\tdata-wp-init=\"callbacks.initTriggerButton\"\n\t\t\tdata-wp-on--click=\"actions.showLightbox\"\n\t\t\tdata-wp-style--right=\"state.thisImage.buttonRight\"\n\t\t\tdata-wp-style--top=\"state.thisImage.buttonTop\"\n\t\t>\n\t\t\t<svg xmlns=\"http:\/\/www.w3.org\/2000\/svg\" width=\"12\" height=\"12\" fill=\"none\" viewBox=\"0 0 12 12\">\n\t\t\t\t<path fill=\"#fff\" d=\"M2 0a2 2 0 0 0-2 2v2h1.5V2a.5.5 0 0 1 .5-.5h2V0H2Zm2 10.5H2a.5.5 0 0 1-.5-.5V8H0v2a2 2 0 0 0 2 2h2v-1.5ZM8 12v-1.5h2a.5.5 0 0 0 .5-.5V8H12v2a2 2 0 0 1-2 2H8Zm2-12a2 2 0 0 1 2 2v2h-1.5V2a.5.5 0 0 0-.5-.5H8V0h2Z\" \/>\n\t\t\t<\/svg>\n\t\t<\/button><figcaption class=\"wp-element-caption\">Moderni vuoristomaja n\u00e4kym\u00e4ll\u00e4 kalliohuipuille Saltrian alueella<\/figcaption><\/figure>\n\n\n\n<p class=\"wp-block-paragraph\">Paikallinen Skihotel Saltria on hyv\u00e4 maamerkki, ja siit\u00e4 voit l\u00e4hte\u00e4 lyhyemmille k\u00e4velylenkeille, jotka johdattavat sinut pienempien vesiputousten ja idyllisten puum\u00f6kkien ohi. T\u00e4m\u00e4kin on aivan rento ja turvallinen k\u00e4vely, joten jos matkustat pienempien lasten tai i\u00e4kk\u00e4\u00e4mpien vanhempien kanssa, viihdyt t\u00e4\u00e4ll\u00e4 varmasti mainiosti.<\/p>\n\n\n\n<h3 class=\"wp-block-heading\"><span class=\"ez-toc-section\" id=\"6_Retki_satumaiselle_Lago_di_Fie_-pikkujarvelle\"><\/span>6. Retki satumaiselle Lago di Fie -pikkuj\u00e4rvelle<span class=\"ez-toc-section-end\"><\/span><\/h3>\n\n\n\n<p class=\"wp-block-paragraph\">Vaikka t\u00e4m\u00e4 pikkuj\u00e4rvi ei sijaitse suoraan itse vuoristotasangolla, vaan hieman alempana Fi\u00e8 allo Sciliarin kyl\u00e4n (V\u00f6ls am Schlern) l\u00e4hell\u00e4, se ei saa puuttua listaltamme. Se kuuluu n\u00e4et koko Italian kauneimpiin luonnonj\u00e4rviin.<\/p>\n\n\n\n<figure data-wp-context=\"{&quot;imageId&quot;:&quot;6a9931af7aee7&quot;}\" data-wp-interactive=\"core\/image\" data-wp-key=\"6a9931af7aee7\" class=\"wp-block-image size-large wp-lightbox-container\"><img decoding=\"async\" width=\"2048\" height=\"1365\" data-wp-class--hide=\"state.isContentHidden\" data-wp-class--show=\"state.isContentVisible\" data-wp-init=\"callbacks.setButtonStyles\" data-wp-on--click=\"actions.showLightbox\" data-wp-on--load=\"callbacks.setButtonStyles\" data-wp-on--pointerdown=\"actions.preloadImage\" data-wp-on--pointerenter=\"actions.preloadImageWithDelay\" data-wp-on--pointerleave=\"actions.cancelPreload\" data-wp-on-window--resize=\"callbacks.setButtonStyles\" src=\"https:\/\/loudavymkrokem.cz\/wp-content\/uploads\/2026\/05\/alpe-di-siusi-jezirko-lago-di-fie.jpg\" alt=\"Vuoristoj\u00e4rvi Lago di Fie ja koirat laitumella\" class=\"wp-image-173519\" title=\"\" srcset=\"https:\/\/loudavymkrokem.cz\/wp-content\/uploads\/2026\/05\/alpe-di-siusi-jezirko-lago-di-fie.jpg 2048w, https:\/\/loudavymkrokem.cz\/wp-content\/uploads\/2026\/05\/alpe-di-siusi-jezirko-lago-di-fie-300x200.jpg 300w, https:\/\/loudavymkrokem.cz\/wp-content\/uploads\/2026\/05\/alpe-di-siusi-jezirko-lago-di-fie-700x467.jpg 700w, https:\/\/loudavymkrokem.cz\/wp-content\/uploads\/2026\/05\/alpe-di-siusi-jezirko-lago-di-fie-768x512.jpg 768w, https:\/\/loudavymkrokem.cz\/wp-content\/uploads\/2026\/05\/alpe-di-siusi-jezirko-lago-di-fie-1536x1024.jpg 1536w, https:\/\/loudavymkrokem.cz\/wp-content\/uploads\/2026\/05\/alpe-di-siusi-jezirko-lago-di-fie-696x464.jpg 696w, https:\/\/loudavymkrokem.cz\/wp-content\/uploads\/2026\/05\/alpe-di-siusi-jezirko-lago-di-fie-1392x928.jpg 1392w, https:\/\/loudavymkrokem.cz\/wp-content\/uploads\/2026\/05\/alpe-di-siusi-jezirko-lago-di-fie-1920x1280.jpg 1920w\" sizes=\"(max-width: 2048px) 100vw, 2048px\" \/><button\n\t\t\tclass=\"lightbox-trigger\"\n\t\t\ttype=\"button\"\n\t\t\taria-haspopup=\"dialog\"\n\t\t\tdata-wp-bind--aria-label=\"state.thisImage.triggerButtonAriaLabel\"\n\t\t\tdata-wp-init=\"callbacks.initTriggerButton\"\n\t\t\tdata-wp-on--click=\"actions.showLightbox\"\n\t\t\tdata-wp-style--right=\"state.thisImage.buttonRight\"\n\t\t\tdata-wp-style--top=\"state.thisImage.buttonTop\"\n\t\t>\n\t\t\t<svg xmlns=\"http:\/\/www.w3.org\/2000\/svg\" width=\"12\" height=\"12\" fill=\"none\" viewBox=\"0 0 12 12\">\n\t\t\t\t<path fill=\"#fff\" d=\"M2 0a2 2 0 0 0-2 2v2h1.5V2a.5.5 0 0 1 .5-.5h2V0H2Zm2 10.5H2a.5.5 0 0 1-.5-.5V8H0v2a2 2 0 0 0 2 2h2v-1.5ZM8 12v-1.5h2a.5.5 0 0 0 .5-.5V8H12v2a2 2 0 0 1-2 2H8Zm2-12a2 2 0 0 1 2 2v2h-1.5V2a.5.5 0 0 0-.5-.5H8V0h2Z\" \/>\n\t\t\t<\/svg>\n\t\t<\/button><figcaption class=\"wp-element-caption\">Vuoristoj\u00e4rvi Lago di Fie ja koirat laitumella<\/figcaption><\/figure>\n\n\n\n<p class=\"wp-block-paragraph\">Pikkuj\u00e4rve\u00e4 ymp\u00e4r\u00f6i tihe\u00e4 kuusimets\u00e4 ja kirkkaalla s\u00e4\u00e4ll\u00e4 sen tummasta pinnasta heijastuu Sciliar-massiivi. Kes\u00e4ll\u00e4 vesi on kyll\u00e4 varsin virkist\u00e4v\u00e4\u00e4, mutta siin\u00e4 voi uidakin, ja rannalta l\u00f6yd\u00e4t kauniita puisia laituripolkuja sek\u00e4 piknikpaikkoja. Alpe di Siusilta t\u00e4nne p\u00e4\u00e4set hyvin helposti autolla tai bussilla, ja se on loistava paikka rentoutua koko p\u00e4iv\u00e4n vaelluksen j\u00e4lkeen.<\/p>\n\n\n\n<h3 class=\"wp-block-heading\"><span class=\"ez-toc-section\" id=\"7_Taianomainen_paikka_Witches_Benches_Lavon_dles_Streghes\"><\/span>7. Taianomainen paikka Witches Benches (Lavon dles Streghes)<span class=\"ez-toc-section-end\"><\/span><\/h3>\n\n\n\n<p class=\"wp-block-paragraph\">Koko Alpe di Siusin aluetta kietovat monet tarinat ja legendat noidista, jotka kuulemma pimein\u00e4 \u00f6in\u00e4 kokoontuivat lent\u00e4en juuri Sciliar-vuoren rinteille. Ja juuri t\u00e4h\u00e4n legendaan liittyy my\u00f6s Noidanpenkeiksi kutsuttu paikka.<\/p>\n\n\n\n<figure data-wp-context=\"{&quot;imageId&quot;:&quot;6a9931af7b807&quot;}\" data-wp-interactive=\"core\/image\" data-wp-key=\"6a9931af7b807\" class=\"wp-block-image size-large wp-lightbox-container\"><img decoding=\"async\" width=\"2048\" height=\"1365\" data-wp-class--hide=\"state.isContentHidden\" data-wp-class--show=\"state.isContentVisible\" data-wp-init=\"callbacks.setButtonStyles\" data-wp-on--click=\"actions.showLightbox\" data-wp-on--load=\"callbacks.setButtonStyles\" data-wp-on--pointerdown=\"actions.preloadImage\" data-wp-on--pointerenter=\"actions.preloadImageWithDelay\" data-wp-on--pointerleave=\"actions.cancelPreload\" data-wp-on-window--resize=\"callbacks.setButtonStyles\" src=\"https:\/\/loudavymkrokem.cz\/wp-content\/uploads\/2026\/05\/alpe-di-siusi-witches-benches-lavicka.jpg\" alt=\"Pariskunta penkill\u00e4 n\u00e4kym\u00e4ll\u00e4 laajalle Seiser Almin alppilaitumelle\" class=\"wp-image-173520\" title=\"\" srcset=\"https:\/\/loudavymkrokem.cz\/wp-content\/uploads\/2026\/05\/alpe-di-siusi-witches-benches-lavicka.jpg 2048w, https:\/\/loudavymkrokem.cz\/wp-content\/uploads\/2026\/05\/alpe-di-siusi-witches-benches-lavicka-300x200.jpg 300w, https:\/\/loudavymkrokem.cz\/wp-content\/uploads\/2026\/05\/alpe-di-siusi-witches-benches-lavicka-700x467.jpg 700w, https:\/\/loudavymkrokem.cz\/wp-content\/uploads\/2026\/05\/alpe-di-siusi-witches-benches-lavicka-768x512.jpg 768w, https:\/\/loudavymkrokem.cz\/wp-content\/uploads\/2026\/05\/alpe-di-siusi-witches-benches-lavicka-1536x1024.jpg 1536w, https:\/\/loudavymkrokem.cz\/wp-content\/uploads\/2026\/05\/alpe-di-siusi-witches-benches-lavicka-696x464.jpg 696w, https:\/\/loudavymkrokem.cz\/wp-content\/uploads\/2026\/05\/alpe-di-siusi-witches-benches-lavicka-1392x928.jpg 1392w, https:\/\/loudavymkrokem.cz\/wp-content\/uploads\/2026\/05\/alpe-di-siusi-witches-benches-lavicka-1920x1280.jpg 1920w\" sizes=\"(max-width: 2048px) 100vw, 2048px\" \/><button\n\t\t\tclass=\"lightbox-trigger\"\n\t\t\ttype=\"button\"\n\t\t\taria-haspopup=\"dialog\"\n\t\t\tdata-wp-bind--aria-label=\"state.thisImage.triggerButtonAriaLabel\"\n\t\t\tdata-wp-init=\"callbacks.initTriggerButton\"\n\t\t\tdata-wp-on--click=\"actions.showLightbox\"\n\t\t\tdata-wp-style--right=\"state.thisImage.buttonRight\"\n\t\t\tdata-wp-style--top=\"state.thisImage.buttonTop\"\n\t\t>\n\t\t\t<svg xmlns=\"http:\/\/www.w3.org\/2000\/svg\" width=\"12\" height=\"12\" fill=\"none\" viewBox=\"0 0 12 12\">\n\t\t\t\t<path fill=\"#fff\" d=\"M2 0a2 2 0 0 0-2 2v2h1.5V2a.5.5 0 0 1 .5-.5h2V0H2Zm2 10.5H2a.5.5 0 0 1-.5-.5V8H0v2a2 2 0 0 0 2 2h2v-1.5ZM8 12v-1.5h2a.5.5 0 0 0 .5-.5V8H12v2a2 2 0 0 1-2 2H8Zm2-12a2 2 0 0 1 2 2v2h-1.5V2a.5.5 0 0 0-.5-.5H8V0h2Z\" \/>\n\t\t\t<\/svg>\n\t\t<\/button><figcaption class=\"wp-element-caption\">Pariskunta penkill\u00e4 n\u00e4kym\u00e4ll\u00e4 laajalle Seiser Almin alppilaitumelle<\/figcaption><\/figure>\n\n\n\n<p class=\"wp-block-paragraph\">Kyseess\u00e4 ovat kiinnostavat kalliomuodostelmat, jotka todella muistuttavat muodoltaan valtavia kivisi\u00e4 nojatuoleja t\u00e4ydellisell\u00e4 n\u00e4kym\u00e4ll\u00e4 laaksoon. Niiden luo p\u00e4\u00e4set melko helpolla ja vaivattomalla k\u00e4velyll\u00e4, ja etenkin isommille lapsille t\u00e4m\u00e4 maaginen paikka pienine salaper\u00e4isine historioineen on valtava vetonaula. \u00c4l\u00e4 unohda ottaa t\u00e4\u00e4ll\u00e4 hauskaa kuvaa, jossa istut j\u00e4ttim\u00e4isell\u00e4 noidantuolilla. \ud83d\ude01<\/p>\n\n\n\n<h3 class=\"wp-block-heading\"><span class=\"ez-toc-section\" id=\"8_Ajelu_panoraamakoysiradalla_Mont_Seuc\"><\/span>8. Ajelu panoraamak\u00f6ysiradalla Mont S\u00ebuc<span class=\"ez-toc-section-end\"><\/span><\/h3>\n\n\n\n<p class=\"wp-block-paragraph\">Kuten jo aiemmin mainitsin, t\u00e4m\u00e4 n\u00e4ytt\u00e4v\u00e4 <a href=\"https:\/\/www.funiviaortisei.eu\/\" target=\"_blank\" rel=\"nofollow noopener\">Ortiseista l\u00e4htev\u00e4 punainen k\u00f6ysirata<\/a> ei ole vain kulkuv\u00e4line, vaan jo itse ajelu siin\u00e4 on valtava el\u00e4mys, jonka kaikki arvostavat.<\/p>\n\n\n\n<figure data-wp-context=\"{&quot;imageId&quot;:&quot;6a9931af7c20f&quot;}\" data-wp-interactive=\"core\/image\" data-wp-key=\"6a9931af7c20f\" class=\"wp-block-image size-large wp-lightbox-container\"><img decoding=\"async\" width=\"2048\" height=\"1365\" data-wp-class--hide=\"state.isContentHidden\" data-wp-class--show=\"state.isContentVisible\" data-wp-init=\"callbacks.setButtonStyles\" data-wp-on--click=\"actions.showLightbox\" data-wp-on--load=\"callbacks.setButtonStyles\" data-wp-on--pointerdown=\"actions.preloadImage\" data-wp-on--pointerenter=\"actions.preloadImageWithDelay\" data-wp-on--pointerleave=\"actions.cancelPreload\" data-wp-on-window--resize=\"callbacks.setButtonStyles\" src=\"https:\/\/loudavymkrokem.cz\/wp-content\/uploads\/2026\/05\/alpe-di-siusi-lanovka-mont-seuc.jpg\" alt=\"Panoraamagondoli Mont S\u00ebuc metsien yll\u00e4\" class=\"wp-image-173521\" title=\"\" srcset=\"https:\/\/loudavymkrokem.cz\/wp-content\/uploads\/2026\/05\/alpe-di-siusi-lanovka-mont-seuc.jpg 2048w, https:\/\/loudavymkrokem.cz\/wp-content\/uploads\/2026\/05\/alpe-di-siusi-lanovka-mont-seuc-300x200.jpg 300w, https:\/\/loudavymkrokem.cz\/wp-content\/uploads\/2026\/05\/alpe-di-siusi-lanovka-mont-seuc-700x467.jpg 700w, https:\/\/loudavymkrokem.cz\/wp-content\/uploads\/2026\/05\/alpe-di-siusi-lanovka-mont-seuc-768x512.jpg 768w, https:\/\/loudavymkrokem.cz\/wp-content\/uploads\/2026\/05\/alpe-di-siusi-lanovka-mont-seuc-1536x1024.jpg 1536w, https:\/\/loudavymkrokem.cz\/wp-content\/uploads\/2026\/05\/alpe-di-siusi-lanovka-mont-seuc-696x464.jpg 696w, https:\/\/loudavymkrokem.cz\/wp-content\/uploads\/2026\/05\/alpe-di-siusi-lanovka-mont-seuc-1392x928.jpg 1392w, https:\/\/loudavymkrokem.cz\/wp-content\/uploads\/2026\/05\/alpe-di-siusi-lanovka-mont-seuc-1920x1280.jpg 1920w\" sizes=\"(max-width: 2048px) 100vw, 2048px\" \/><button\n\t\t\tclass=\"lightbox-trigger\"\n\t\t\ttype=\"button\"\n\t\t\taria-haspopup=\"dialog\"\n\t\t\tdata-wp-bind--aria-label=\"state.thisImage.triggerButtonAriaLabel\"\n\t\t\tdata-wp-init=\"callbacks.initTriggerButton\"\n\t\t\tdata-wp-on--click=\"actions.showLightbox\"\n\t\t\tdata-wp-style--right=\"state.thisImage.buttonRight\"\n\t\t\tdata-wp-style--top=\"state.thisImage.buttonTop\"\n\t\t>\n\t\t\t<svg xmlns=\"http:\/\/www.w3.org\/2000\/svg\" width=\"12\" height=\"12\" fill=\"none\" viewBox=\"0 0 12 12\">\n\t\t\t\t<path fill=\"#fff\" d=\"M2 0a2 2 0 0 0-2 2v2h1.5V2a.5.5 0 0 1 .5-.5h2V0H2Zm2 10.5H2a.5.5 0 0 1-.5-.5V8H0v2a2 2 0 0 0 2 2h2v-1.5ZM8 12v-1.5h2a.5.5 0 0 0 .5-.5V8H12v2a2 2 0 0 1-2 2H8Zm2-12a2 2 0 0 1 2 2v2h-1.5V2a.5.5 0 0 0-.5-.5H8V0h2Z\" \/>\n\t\t\t<\/svg>\n\t\t<\/button><figcaption class=\"wp-element-caption\">Panoraamagondoli Mont S\u00ebuc metsien yll\u00e4<\/figcaption><\/figure>\n\n\n\n<p class=\"wp-block-paragraph\">Matka kest\u00e4\u00e4 alle 15 minuuttia ja sen aikana ylit\u00e4t kunnioitettavan korkeuseron. Heti kun nouset laaksosta, eteesi alkavat v\u00e4hitellen avautua yh\u00e4 laajemmat ja heng\u00e4stytt\u00e4v\u00e4mm\u00e4t n\u00e4kym\u00e4t koko laitumelle. Ylh\u00e4\u00e4ll\u00e4 yl\u00e4asemalla on my\u00f6s hyvin kaunis ravintola n\u00e4k\u00f6alaterasseineen, jossa nautimme s\u00e4\u00e4nn\u00f6llisesti ensimm\u00e4isen aamu-cappuccinon.<\/p>\n\n\n\n<h3 class=\"wp-block-heading\"><span class=\"ez-toc-section\" id=\"9_Ratsastus_ja_hevosvetoiset_vaunut\"><\/span>9. Ratsastus ja hevosvetoiset vaunut<span class=\"ez-toc-section-end\"><\/span><\/h3>\n\n\n\n<p class=\"wp-block-paragraph\">Kun puhutaan vuoristolaitumesta, silt\u00e4 eiv\u00e4t saa puuttua el\u00e4imet. Ja kaikkialla l\u00e4sn\u00e4 olevien lehmien lis\u00e4ksi t\u00e4\u00e4ll\u00e4 tapaat my\u00f6s valtavan m\u00e4\u00e4r\u00e4n kauniita ja voimakkaita hevosia, jotka kuuluvat erottamattomasti paikalliseen v\u00e4ritykseen.<\/p>\n\n\n\n<figure data-wp-context=\"{&quot;imageId&quot;:&quot;6a9931af7cab3&quot;}\" data-wp-interactive=\"core\/image\" data-wp-key=\"6a9931af7cab3\" class=\"wp-block-image size-large wp-lightbox-container\"><img decoding=\"async\" width=\"2048\" height=\"1365\" data-wp-class--hide=\"state.isContentHidden\" data-wp-class--show=\"state.isContentVisible\" data-wp-init=\"callbacks.setButtonStyles\" data-wp-on--click=\"actions.showLightbox\" data-wp-on--load=\"callbacks.setButtonStyles\" data-wp-on--pointerdown=\"actions.preloadImage\" data-wp-on--pointerenter=\"actions.preloadImageWithDelay\" data-wp-on--pointerleave=\"actions.cancelPreload\" data-wp-on-window--resize=\"callbacks.setButtonStyles\" src=\"https:\/\/loudavymkrokem.cz\/wp-content\/uploads\/2026\/05\/alpe-di-siusi-kone-pastvina.jpg\" alt=\"Hevosia laitumella vuoristomajan ja massiivin edess\u00e4\" class=\"wp-image-173522\" title=\"\" srcset=\"https:\/\/loudavymkrokem.cz\/wp-content\/uploads\/2026\/05\/alpe-di-siusi-kone-pastvina.jpg 2048w, https:\/\/loudavymkrokem.cz\/wp-content\/uploads\/2026\/05\/alpe-di-siusi-kone-pastvina-300x200.jpg 300w, https:\/\/loudavymkrokem.cz\/wp-content\/uploads\/2026\/05\/alpe-di-siusi-kone-pastvina-700x467.jpg 700w, https:\/\/loudavymkrokem.cz\/wp-content\/uploads\/2026\/05\/alpe-di-siusi-kone-pastvina-768x512.jpg 768w, https:\/\/loudavymkrokem.cz\/wp-content\/uploads\/2026\/05\/alpe-di-siusi-kone-pastvina-1536x1024.jpg 1536w, https:\/\/loudavymkrokem.cz\/wp-content\/uploads\/2026\/05\/alpe-di-siusi-kone-pastvina-696x464.jpg 696w, https:\/\/loudavymkrokem.cz\/wp-content\/uploads\/2026\/05\/alpe-di-siusi-kone-pastvina-1392x928.jpg 1392w, https:\/\/loudavymkrokem.cz\/wp-content\/uploads\/2026\/05\/alpe-di-siusi-kone-pastvina-1920x1280.jpg 1920w\" sizes=\"(max-width: 2048px) 100vw, 2048px\" \/><button\n\t\t\tclass=\"lightbox-trigger\"\n\t\t\ttype=\"button\"\n\t\t\taria-haspopup=\"dialog\"\n\t\t\tdata-wp-bind--aria-label=\"state.thisImage.triggerButtonAriaLabel\"\n\t\t\tdata-wp-init=\"callbacks.initTriggerButton\"\n\t\t\tdata-wp-on--click=\"actions.showLightbox\"\n\t\t\tdata-wp-style--right=\"state.thisImage.buttonRight\"\n\t\t\tdata-wp-style--top=\"state.thisImage.buttonTop\"\n\t\t>\n\t\t\t<svg xmlns=\"http:\/\/www.w3.org\/2000\/svg\" width=\"12\" height=\"12\" fill=\"none\" viewBox=\"0 0 12 12\">\n\t\t\t\t<path fill=\"#fff\" d=\"M2 0a2 2 0 0 0-2 2v2h1.5V2a.5.5 0 0 1 .5-.5h2V0H2Zm2 10.5H2a.5.5 0 0 1-.5-.5V8H0v2a2 2 0 0 0 2 2h2v-1.5ZM8 12v-1.5h2a.5.5 0 0 0 .5-.5V8H12v2a2 2 0 0 1-2 2H8Zm2-12a2 2 0 0 1 2 2v2h-1.5V2a.5.5 0 0 0-.5-.5H8V0h2Z\" \/>\n\t\t\t<\/svg>\n\t\t<\/button><figcaption class=\"wp-element-caption\">Hevosia laitumella vuoristomajan ja massiivin edess\u00e4<\/figcaption><\/figure>\n\n\n\n<p class=\"wp-block-paragraph\">Jos haluat tehd\u00e4 kumppaniisi todella vaikutuksen, kokeile vuokrata perinteiset hevosvetoiset puuvaunut. N\u00e4it\u00e4 mahtavia haflinger-oreja tapaat t\u00e4\u00e4ll\u00e4 joka paikassa, ja yksi ajelu auringonlaskun aikaan on jokaisen lis\u00e4maksun arvoinen. Hevosista pit\u00e4v\u00e4t my\u00f6s lapset, jotka p\u00e4\u00e4sev\u00e4t ainakin silitt\u00e4m\u00e4\u00e4n niit\u00e4 aidan yli.<\/p>\n\n\n\n<h3 class=\"wp-block-heading\"><span class=\"ez-toc-section\" id=\"10_Syksyn_perinne_Almabtrieb_vuohien_ja_lehmien_juhla\"><\/span>10. Syksyn perinne Almabtrieb (vuohien ja lehmien juhla)<span class=\"ez-toc-section-end\"><\/span><\/h3>\n\n\n\n<p class=\"wp-block-paragraph\">Jos ajoitat matkasi alkusyksyyn, esimerkiksi noin syyskuun 2. p\u00e4iv\u00e4n tienoille, voit kokea yhden kauneimmista ja autenttisimmista paikallisista perinteist\u00e4. Almabtrieb on juhlallinen karjan tuominen vuoriston kes\u00e4laitumilta takaisin laaksoon ennen talven tuloa.<\/p>\n\n\n\n<figure data-wp-context=\"{&quot;imageId&quot;:&quot;6a9931af7d30e&quot;}\" data-wp-interactive=\"core\/image\" data-wp-key=\"6a9931af7d30e\" class=\"wp-block-image size-large wp-lightbox-container\"><img decoding=\"async\" width=\"2048\" height=\"905\" data-wp-class--hide=\"state.isContentHidden\" data-wp-class--show=\"state.isContentVisible\" data-wp-init=\"callbacks.setButtonStyles\" data-wp-on--click=\"actions.showLightbox\" data-wp-on--load=\"callbacks.setButtonStyles\" data-wp-on--pointerdown=\"actions.preloadImage\" data-wp-on--pointerenter=\"actions.preloadImageWithDelay\" data-wp-on--pointerleave=\"actions.cancelPreload\" data-wp-on-window--resize=\"callbacks.setButtonStyles\" src=\"https:\/\/loudavymkrokem.cz\/wp-content\/uploads\/2026\/05\/alpe-di-siusi-almabtrieb-dobytek.jpg\" alt=\"Syksyn Almabtrieb-juhla juhlallisesti koristellun karjan kanssa\" class=\"wp-image-173532\" title=\"\" srcset=\"https:\/\/loudavymkrokem.cz\/wp-content\/uploads\/2026\/05\/alpe-di-siusi-almabtrieb-dobytek.jpg 2048w, https:\/\/loudavymkrokem.cz\/wp-content\/uploads\/2026\/05\/alpe-di-siusi-almabtrieb-dobytek-300x133.jpg 300w, https:\/\/loudavymkrokem.cz\/wp-content\/uploads\/2026\/05\/alpe-di-siusi-almabtrieb-dobytek-700x309.jpg 700w, https:\/\/loudavymkrokem.cz\/wp-content\/uploads\/2026\/05\/alpe-di-siusi-almabtrieb-dobytek-768x339.jpg 768w, https:\/\/loudavymkrokem.cz\/wp-content\/uploads\/2026\/05\/alpe-di-siusi-almabtrieb-dobytek-1536x678.jpg 1536w, https:\/\/loudavymkrokem.cz\/wp-content\/uploads\/2026\/05\/alpe-di-siusi-almabtrieb-dobytek-696x307.jpg 696w, https:\/\/loudavymkrokem.cz\/wp-content\/uploads\/2026\/05\/alpe-di-siusi-almabtrieb-dobytek-1392x615.jpg 1392w, https:\/\/loudavymkrokem.cz\/wp-content\/uploads\/2026\/05\/alpe-di-siusi-almabtrieb-dobytek-1920x848.jpg 1920w\" sizes=\"(max-width: 2048px) 100vw, 2048px\" \/><button\n\t\t\tclass=\"lightbox-trigger\"\n\t\t\ttype=\"button\"\n\t\t\taria-haspopup=\"dialog\"\n\t\t\tdata-wp-bind--aria-label=\"state.thisImage.triggerButtonAriaLabel\"\n\t\t\tdata-wp-init=\"callbacks.initTriggerButton\"\n\t\t\tdata-wp-on--click=\"actions.showLightbox\"\n\t\t\tdata-wp-style--right=\"state.thisImage.buttonRight\"\n\t\t\tdata-wp-style--top=\"state.thisImage.buttonTop\"\n\t\t>\n\t\t\t<svg xmlns=\"http:\/\/www.w3.org\/2000\/svg\" width=\"12\" height=\"12\" fill=\"none\" viewBox=\"0 0 12 12\">\n\t\t\t\t<path fill=\"#fff\" d=\"M2 0a2 2 0 0 0-2 2v2h1.5V2a.5.5 0 0 1 .5-.5h2V0H2Zm2 10.5H2a.5.5 0 0 1-.5-.5V8H0v2a2 2 0 0 0 2 2h2v-1.5ZM8 12v-1.5h2a.5.5 0 0 0 .5-.5V8H12v2a2 2 0 0 1-2 2H8Zm2-12a2 2 0 0 1 2 2v2h-1.5V2a.5.5 0 0 0-.5-.5H8V0h2Z\" \/>\n\t\t\t<\/svg>\n\t\t<\/button><figcaption class=\"wp-element-caption\">Syksyn Almabtrieb-juhla juhlallisesti koristellun karjan kanssa (Kuva: Friedrich B\u00f6hringer, CC BY-SA 4.0, Wikimedia Commons)<\/figcaption><\/figure>\n\n\n\n<p class=\"wp-block-paragraph\">Lehm\u00e4t, vuohet ja lampaat on koristeltu kauniisti valtavilla kukkaseppeleill\u00e4 ja isoilla kelloilla, ja koko tapahtumalla on valtava tunnelma, jota s\u00e4est\u00e4v\u00e4t el\u00e4v\u00e4 kansanmusiikki, makkaroiden tuoksu sek\u00e4 paikallisen oluen ja viinin virta. Se on suuri juhla paikallisille asukkaille, ja takaan sinulle, ett\u00e4 nautit siit\u00e4 yht\u00e4 hyvin kuin hekin.<\/p>\n\n\n\n\n\n<h3 class=\"wp-block-heading\"><span class=\"ez-toc-section\" id=\"11_Talviurheilu_laskettelu_ja_lumikenkaily\"><\/span>11. Talviurheilu, laskettelu ja lumikenk\u00e4ily<span class=\"ez-toc-section-end\"><\/span><\/h3>\n\n\n\n<p class=\"wp-block-paragraph\">Talvi muuttaa n\u00e4m\u00e4 loputtomat vihre\u00e4t tasangot t\u00e4ydelliseksi lumiseksi satukuningaskunnaksi. Jos suuntaat t\u00e4nne talvella, ensimm\u00e4inen matkasi kannattaa suuntautua Alpe di Siusin skipassin hankintaan, sill\u00e4 alue tarjoaa t\u00e4ydellisesti hoidettuja rinteit\u00e4, jotka eiv\u00e4t ole mitenk\u00e4\u00e4n \u00e4\u00e4rimm\u00e4isen jyrkki\u00e4 ja ovat siten j\u00e4lleen t\u00e4ydellisi\u00e4 perheille ja aloittelijoille.<\/p>\n\n\n\n<figure data-wp-context=\"{&quot;imageId&quot;:&quot;6a9931af7dad7&quot;}\" data-wp-interactive=\"core\/image\" data-wp-key=\"6a9931af7dad7\" class=\"wp-block-image size-large wp-lightbox-container\"><img decoding=\"async\" width=\"2048\" height=\"1027\" data-wp-class--hide=\"state.isContentHidden\" data-wp-class--show=\"state.isContentVisible\" data-wp-init=\"callbacks.setButtonStyles\" data-wp-on--click=\"actions.showLightbox\" data-wp-on--load=\"callbacks.setButtonStyles\" data-wp-on--pointerdown=\"actions.preloadImage\" data-wp-on--pointerenter=\"actions.preloadImageWithDelay\" data-wp-on--pointerleave=\"actions.cancelPreload\" data-wp-on-window--resize=\"callbacks.setButtonStyles\" src=\"https:\/\/loudavymkrokem.cz\/wp-content\/uploads\/2026\/05\/alpe-di-siusi-zima-snih-panorama.jpg\" alt=\"Lumipeitteinen Alpe di Siusin yl\u00e4tasanko talvella Sciliar-massiivin alla\" class=\"wp-image-173533\" title=\"\" srcset=\"https:\/\/loudavymkrokem.cz\/wp-content\/uploads\/2026\/05\/alpe-di-siusi-zima-snih-panorama.jpg 2048w, https:\/\/loudavymkrokem.cz\/wp-content\/uploads\/2026\/05\/alpe-di-siusi-zima-snih-panorama-300x150.jpg 300w, https:\/\/loudavymkrokem.cz\/wp-content\/uploads\/2026\/05\/alpe-di-siusi-zima-snih-panorama-700x351.jpg 700w, https:\/\/loudavymkrokem.cz\/wp-content\/uploads\/2026\/05\/alpe-di-siusi-zima-snih-panorama-768x385.jpg 768w, https:\/\/loudavymkrokem.cz\/wp-content\/uploads\/2026\/05\/alpe-di-siusi-zima-snih-panorama-1536x770.jpg 1536w, https:\/\/loudavymkrokem.cz\/wp-content\/uploads\/2026\/05\/alpe-di-siusi-zima-snih-panorama-696x349.jpg 696w, https:\/\/loudavymkrokem.cz\/wp-content\/uploads\/2026\/05\/alpe-di-siusi-zima-snih-panorama-1392x698.jpg 1392w, https:\/\/loudavymkrokem.cz\/wp-content\/uploads\/2026\/05\/alpe-di-siusi-zima-snih-panorama-1920x962.jpg 1920w\" sizes=\"(max-width: 2048px) 100vw, 2048px\" \/><button\n\t\t\tclass=\"lightbox-trigger\"\n\t\t\ttype=\"button\"\n\t\t\taria-haspopup=\"dialog\"\n\t\t\tdata-wp-bind--aria-label=\"state.thisImage.triggerButtonAriaLabel\"\n\t\t\tdata-wp-init=\"callbacks.initTriggerButton\"\n\t\t\tdata-wp-on--click=\"actions.showLightbox\"\n\t\t\tdata-wp-style--right=\"state.thisImage.buttonRight\"\n\t\t\tdata-wp-style--top=\"state.thisImage.buttonTop\"\n\t\t>\n\t\t\t<svg xmlns=\"http:\/\/www.w3.org\/2000\/svg\" width=\"12\" height=\"12\" fill=\"none\" viewBox=\"0 0 12 12\">\n\t\t\t\t<path fill=\"#fff\" d=\"M2 0a2 2 0 0 0-2 2v2h1.5V2a.5.5 0 0 1 .5-.5h2V0H2Zm2 10.5H2a.5.5 0 0 1-.5-.5V8H0v2a2 2 0 0 0 2 2h2v-1.5ZM8 12v-1.5h2a.5.5 0 0 0 .5-.5V8H12v2a2 2 0 0 1-2 2H8Zm2-12a2 2 0 0 1 2 2v2h-1.5V2a.5.5 0 0 0-.5-.5H8V0h2Z\" \/>\n\t\t\t<\/svg>\n\t\t<\/button><figcaption class=\"wp-element-caption\">Lumipeitteinen Alpe di Siusin yl\u00e4tasanko talvella Sciliar-massiivin alla (Kuva: Wolfgang Moroder, CC BY-SA 3.0, Wikimedia Commons)<\/figcaption><\/figure>\n\n\n\n<p class=\"wp-block-paragraph\">Lataa ehdottomasti etuk\u00e4teen puhelimeesi Alpe di Siusin hiihtokartta, jotta tied\u00e4t minne menn\u00e4, vaikka alue onkin melko selke\u00e4. Me itse rakastamme perinteisen laskettelun ohella kuitenkin ennen kaikkea lumikenk\u00e4retki\u00e4 ja hiihtoa, sill\u00e4 latuja on t\u00e4\u00e4ll\u00e4 ajettu uskomattomat yli 80 kilometri\u00e4. Pujahtelu hiljaisessa lumisessa mets\u00e4ss\u00e4 vuorten alla tapaamatta ainoatakaan sielua on yksinkertaisesti huippua.<\/p>\n\n\n\n<h3 class=\"wp-block-heading\"><span class=\"ez-toc-section\" id=\"12_Istuskelu_suosikkivuoristomajoissamme_Rifugio-majoissa\"><\/span>12. Istuskelu suosikkivuoristomajoissamme (Rifugio-majoissa)<span class=\"ez-toc-section-end\"><\/span><\/h3>\n\n\n\n<p class=\"wp-block-paragraph\">Italian Dolomiitit eiv\u00e4t ole vain kaunista luontoa, vaan my\u00f6s aivan fenomenaalista gastronomiaa, joka keskittyy juuri vuoristomajoihin, niin sanottuihin rifugio-majoihin. Alpe di Siusilta niit\u00e4 l\u00f6yd\u00e4t valtavan m\u00e4\u00e4r\u00e4n, ja jokaisessa on jotain omaa.<\/p>\n\n\n\n<figure data-wp-context=\"{&quot;imageId&quot;:&quot;6a9931af7e47f&quot;}\" data-wp-interactive=\"core\/image\" data-wp-key=\"6a9931af7e47f\" class=\"wp-block-image size-large wp-lightbox-container\"><img decoding=\"async\" width=\"2048\" height=\"1365\" data-wp-class--hide=\"state.isContentHidden\" data-wp-class--show=\"state.isContentVisible\" data-wp-init=\"callbacks.setButtonStyles\" data-wp-on--click=\"actions.showLightbox\" data-wp-on--load=\"callbacks.setButtonStyles\" data-wp-on--pointerdown=\"actions.preloadImage\" data-wp-on--pointerenter=\"actions.preloadImageWithDelay\" data-wp-on--pointerleave=\"actions.cancelPreload\" data-wp-on-window--resize=\"callbacks.setButtonStyles\" src=\"https:\/\/loudavymkrokem.cz\/wp-content\/uploads\/2026\/05\/alpe-di-siusi-rifugio-terasa-stul.jpg\" alt=\"Istuskelua puisen p\u00f6yd\u00e4n \u00e4\u00e4ress\u00e4 vuoristomajan aurinkoterassilla\" class=\"wp-image-173523\" title=\"\" srcset=\"https:\/\/loudavymkrokem.cz\/wp-content\/uploads\/2026\/05\/alpe-di-siusi-rifugio-terasa-stul.jpg 2048w, https:\/\/loudavymkrokem.cz\/wp-content\/uploads\/2026\/05\/alpe-di-siusi-rifugio-terasa-stul-300x200.jpg 300w, https:\/\/loudavymkrokem.cz\/wp-content\/uploads\/2026\/05\/alpe-di-siusi-rifugio-terasa-stul-700x467.jpg 700w, https:\/\/loudavymkrokem.cz\/wp-content\/uploads\/2026\/05\/alpe-di-siusi-rifugio-terasa-stul-768x512.jpg 768w, https:\/\/loudavymkrokem.cz\/wp-content\/uploads\/2026\/05\/alpe-di-siusi-rifugio-terasa-stul-1536x1024.jpg 1536w, https:\/\/loudavymkrokem.cz\/wp-content\/uploads\/2026\/05\/alpe-di-siusi-rifugio-terasa-stul-696x464.jpg 696w, https:\/\/loudavymkrokem.cz\/wp-content\/uploads\/2026\/05\/alpe-di-siusi-rifugio-terasa-stul-1392x928.jpg 1392w, https:\/\/loudavymkrokem.cz\/wp-content\/uploads\/2026\/05\/alpe-di-siusi-rifugio-terasa-stul-1920x1280.jpg 1920w\" sizes=\"(max-width: 2048px) 100vw, 2048px\" \/><button\n\t\t\tclass=\"lightbox-trigger\"\n\t\t\ttype=\"button\"\n\t\t\taria-haspopup=\"dialog\"\n\t\t\tdata-wp-bind--aria-label=\"state.thisImage.triggerButtonAriaLabel\"\n\t\t\tdata-wp-init=\"callbacks.initTriggerButton\"\n\t\t\tdata-wp-on--click=\"actions.showLightbox\"\n\t\t\tdata-wp-style--right=\"state.thisImage.buttonRight\"\n\t\t\tdata-wp-style--top=\"state.thisImage.buttonTop\"\n\t\t>\n\t\t\t<svg xmlns=\"http:\/\/www.w3.org\/2000\/svg\" width=\"12\" height=\"12\" fill=\"none\" viewBox=\"0 0 12 12\">\n\t\t\t\t<path fill=\"#fff\" d=\"M2 0a2 2 0 0 0-2 2v2h1.5V2a.5.5 0 0 1 .5-.5h2V0H2Zm2 10.5H2a.5.5 0 0 1-.5-.5V8H0v2a2 2 0 0 0 2 2h2v-1.5ZM8 12v-1.5h2a.5.5 0 0 0 .5-.5V8H12v2a2 2 0 0 1-2 2H8Zm2-12a2 2 0 0 1 2 2v2h-1.5V2a.5.5 0 0 0-.5-.5H8V0h2Z\" \/>\n\t\t\t<\/svg>\n\t\t<\/button><figcaption class=\"wp-element-caption\">Istuskelua puisen p\u00f6yd\u00e4n \u00e4\u00e4ress\u00e4 vuoristomajan aurinkoterassilla<\/figcaption><\/figure>\n\n\n\n<p class=\"wp-block-paragraph\">Luk\u00e1\u0161illa ja minulla on kaksi todellista syd\u00e4nsuosikkia. Ensimm\u00e4inen niist\u00e4 on viihtyis\u00e4 Tirlerin maja, jossa on ihana terassi ja ulkoleikkipaikka lapsille, joten voit rauhassa juoda siell\u00e4 bombardinon lasten leikkiess\u00e4. Toinen taas on Mahlknechtin vuoristomaja, joka sijaitsee hieman syrj\u00e4ss\u00e4 vilkkaimmista reiteist\u00e4 ja jossa tehd\u00e4\u00e4n mielest\u00e4mme aivan parhaat kotitekoiset knedlikit koko laajassa ymp\u00e4rist\u00f6ss\u00e4. Pys\u00e4htyminen rifugioon hyv\u00e4lle lounaalle on yksinkertaisesti velvollisuus, jota et saa j\u00e4tt\u00e4\u00e4 v\u00e4liin. \ud83d\ude09<\/p>\n\n\n\n<h2 class=\"wp-block-heading\"><span class=\"ez-toc-section\" id=\"Seiser_Alm_lasten_kanssa_kaksivuotiaan_Jonasekin_nakokulmasta\"><\/span>Seiser Alm lasten kanssa: kaksivuotiaan Jon\u00e1\u0161ekin n\u00e4k\u00f6kulmasta<span class=\"ez-toc-section-end\"><\/span><\/h2>\n\n\n\n<p class=\"wp-block-paragraph\">Matkustaminen lasten, etenkin pienten, kanssa muuttaa t\u00e4ysin n\u00e4k\u00f6kulman kaikkiin kohteisiin, siit\u00e4 olet varmasti kanssani samaa mielt\u00e4. Paikoista, jotka aiemmin olivat helppoja, tulee yht\u00e4kki\u00e4 logistisia p\u00e4hkin\u00f6it\u00e4, mutta Alpe di Siusi on t\u00e4ss\u00e4 suhteessa t\u00e4ysi yksisarvinen.<\/p>\n\n\n\n<figure data-wp-context=\"{&quot;imageId&quot;:&quot;6a9931af7ef86&quot;}\" data-wp-interactive=\"core\/image\" data-wp-key=\"6a9931af7ef86\" class=\"wp-block-image size-large wp-lightbox-container\"><img decoding=\"async\" width=\"2048\" height=\"1365\" data-wp-class--hide=\"state.isContentHidden\" data-wp-class--show=\"state.isContentVisible\" data-wp-init=\"callbacks.setButtonStyles\" data-wp-on--click=\"actions.showLightbox\" data-wp-on--load=\"callbacks.setButtonStyles\" data-wp-on--pointerdown=\"actions.preloadImage\" data-wp-on--pointerenter=\"actions.preloadImageWithDelay\" data-wp-on--pointerleave=\"actions.cancelPreload\" data-wp-on-window--resize=\"callbacks.setButtonStyles\" src=\"https:\/\/loudavymkrokem.cz\/wp-content\/uploads\/2026\/05\/alpe-di-siusi-deti-jonasek-louka.jpg\" alt=\"\u00c4iti kaksivuotiaan poikansa kanssa alppilaitumella vuorten edess\u00e4\" class=\"wp-image-173524\" title=\"\" srcset=\"https:\/\/loudavymkrokem.cz\/wp-content\/uploads\/2026\/05\/alpe-di-siusi-deti-jonasek-louka.jpg 2048w, https:\/\/loudavymkrokem.cz\/wp-content\/uploads\/2026\/05\/alpe-di-siusi-deti-jonasek-louka-300x200.jpg 300w, https:\/\/loudavymkrokem.cz\/wp-content\/uploads\/2026\/05\/alpe-di-siusi-deti-jonasek-louka-700x467.jpg 700w, https:\/\/loudavymkrokem.cz\/wp-content\/uploads\/2026\/05\/alpe-di-siusi-deti-jonasek-louka-768x512.jpg 768w, https:\/\/loudavymkrokem.cz\/wp-content\/uploads\/2026\/05\/alpe-di-siusi-deti-jonasek-louka-1536x1024.jpg 1536w, https:\/\/loudavymkrokem.cz\/wp-content\/uploads\/2026\/05\/alpe-di-siusi-deti-jonasek-louka-696x464.jpg 696w, https:\/\/loudavymkrokem.cz\/wp-content\/uploads\/2026\/05\/alpe-di-siusi-deti-jonasek-louka-1392x928.jpg 1392w, https:\/\/loudavymkrokem.cz\/wp-content\/uploads\/2026\/05\/alpe-di-siusi-deti-jonasek-louka-1920x1280.jpg 1920w\" sizes=\"(max-width: 2048px) 100vw, 2048px\" \/><button\n\t\t\tclass=\"lightbox-trigger\"\n\t\t\ttype=\"button\"\n\t\t\taria-haspopup=\"dialog\"\n\t\t\tdata-wp-bind--aria-label=\"state.thisImage.triggerButtonAriaLabel\"\n\t\t\tdata-wp-init=\"callbacks.initTriggerButton\"\n\t\t\tdata-wp-on--click=\"actions.showLightbox\"\n\t\t\tdata-wp-style--right=\"state.thisImage.buttonRight\"\n\t\t\tdata-wp-style--top=\"state.thisImage.buttonTop\"\n\t\t>\n\t\t\t<svg xmlns=\"http:\/\/www.w3.org\/2000\/svg\" width=\"12\" height=\"12\" fill=\"none\" viewBox=\"0 0 12 12\">\n\t\t\t\t<path fill=\"#fff\" d=\"M2 0a2 2 0 0 0-2 2v2h1.5V2a.5.5 0 0 1 .5-.5h2V0H2Zm2 10.5H2a.5.5 0 0 1-.5-.5V8H0v2a2 2 0 0 0 2 2h2v-1.5ZM8 12v-1.5h2a.5.5 0 0 0 .5-.5V8H12v2a2 2 0 0 1-2 2H8Zm2-12a2 2 0 0 1 2 2v2h-1.5V2a.5.5 0 0 0-.5-.5H8V0h2Z\" \/>\n\t\t\t<\/svg>\n\t\t<\/button><figcaption class=\"wp-element-caption\">\u00c4iti kaksivuotiaan poikansa kanssa alppilaitumella vuorten edess\u00e4<\/figcaption><\/figure>\n\n\n\n<p class=\"wp-block-paragraph\">Olen rehellinen: ennen kuin l\u00e4hdimme sinne, pelk\u00e4sin melkoisesti, selvi\u00e4isimmek\u00f6 rattaiden kanssa. Selvisimme ilman yht\u00e4k\u00e4\u00e4n raivokohtausta. Koska olet valtavalla yl\u00e4tasangolla, voit taittaa rattaiden kanssa kilometrej\u00e4 ilman, ett\u00e4 joudut kiipe\u00e4m\u00e4\u00e4n jyrkki\u00e4 kivisi\u00e4 rinteit\u00e4. Suurin osa p\u00e4\u00e4v\u00e4ylist\u00e4 on asfaltoitu tai p\u00e4\u00e4llystetty hienolla soralla. Lis\u00e4ksi bussiliikenne toimii t\u00e4\u00e4ll\u00e4 t\u00e4ydellisesti, kuljettajat ovat avuliaita ja rattaiden kanssa p\u00e4\u00e4set bussiin ongelmitta. Lapsille on tarjolla valtavasti avointa tilaa leikkiin ja turvalliseen juoksemiseen, ja alppiyrttien raikas tuoksu v\u00e4sytt\u00e4\u00e4 suurimmatkin unettomat. Muistelemme yhteist\u00e4 lomaamme yhten\u00e4 rennoimmista siit\u00e4 hetkest\u00e4 l\u00e4htien, kun meit\u00e4 on ollut kolme.<\/p>\n\n\n\n<h2 class=\"wp-block-heading\"><span class=\"ez-toc-section\" id=\"Matkustamme_koirien_kanssa_koiranomistajien_paratiisi_yhdella_saannolla\"><\/span>Matkustamme koirien kanssa: koiranomistajien paratiisi yhdell\u00e4 s\u00e4\u00e4nn\u00f6ll\u00e4<span class=\"ez-toc-section-end\"><\/span><\/h2>\n\n\n\n<p class=\"wp-block-paragraph\">Jos sinulla on kotona nelijalkainen kaveri etk\u00e4 halua j\u00e4tt\u00e4\u00e4 h\u00e4nt\u00e4 kotiin, ota h\u00e4net Dolomiitteihin mukaan huoletta. Meid\u00e4n K\u00e1ja ja hulluttava naaraskoira Baby nauttivat t\u00e4\u00e4ll\u00e4 aina valtavasti, sill\u00e4 heille nuo suuret tuoksuvat laitumet ovat todellinen ruohoinen paratiisi.<\/p>\n\n\n<p class=\"wp-block-paragraph\">\ud83d\udca1 <strong>Vinkki:<\/strong> L\u00e4hes kaikissa k\u00f6ysiradoissa ja busseissa koirilta vaaditaan kuonokoppa (sen ostat k\u00e4yt\u00e4nn\u00f6ss\u00e4 joka paikasta, my\u00f6s suoraan ala-asemilta). Meit\u00e4 se rehellisesti sanottuna melko harmitti \u2013 sit\u00e4 vaadittiin silloinkin, kun matkustimme kabiinissa aivan yksin. Kun edess\u00e4mme oli useampi k\u00f6ysirata per\u00e4kk\u00e4in, j\u00e4timme K\u00e1jan ja Babyn mieluummin lep\u00e4\u00e4m\u00e4\u00e4n leirint\u00e4alueelle.<\/p>\n\n\n\n\n<figure data-wp-context=\"{&quot;imageId&quot;:&quot;6a9931af7f653&quot;}\" data-wp-interactive=\"core\/image\" data-wp-key=\"6a9931af7f653\" class=\"wp-block-image size-large wp-lightbox-container\"><img decoding=\"async\" width=\"2048\" height=\"1365\" data-wp-class--hide=\"state.isContentHidden\" data-wp-class--show=\"state.isContentVisible\" data-wp-init=\"callbacks.setButtonStyles\" data-wp-on--click=\"actions.showLightbox\" data-wp-on--load=\"callbacks.setButtonStyles\" data-wp-on--pointerdown=\"actions.preloadImage\" data-wp-on--pointerenter=\"actions.preloadImageWithDelay\" data-wp-on--pointerleave=\"actions.cancelPreload\" data-wp-on-window--resize=\"callbacks.setButtonStyles\" src=\"https:\/\/loudavymkrokem.cz\/wp-content\/uploads\/2026\/05\/alpe-di-siusi-psi-kocarek-louka.jpg\" alt=\"Is\u00e4 rattaiden ja kahden koiran kanssa vuoristolaitumella Sassolungon alla\" class=\"wp-image-173525\" title=\"\" srcset=\"https:\/\/loudavymkrokem.cz\/wp-content\/uploads\/2026\/05\/alpe-di-siusi-psi-kocarek-louka.jpg 2048w, https:\/\/loudavymkrokem.cz\/wp-content\/uploads\/2026\/05\/alpe-di-siusi-psi-kocarek-louka-300x200.jpg 300w, https:\/\/loudavymkrokem.cz\/wp-content\/uploads\/2026\/05\/alpe-di-siusi-psi-kocarek-louka-700x467.jpg 700w, https:\/\/loudavymkrokem.cz\/wp-content\/uploads\/2026\/05\/alpe-di-siusi-psi-kocarek-louka-768x512.jpg 768w, https:\/\/loudavymkrokem.cz\/wp-content\/uploads\/2026\/05\/alpe-di-siusi-psi-kocarek-louka-1536x1024.jpg 1536w, https:\/\/loudavymkrokem.cz\/wp-content\/uploads\/2026\/05\/alpe-di-siusi-psi-kocarek-louka-696x464.jpg 696w, https:\/\/loudavymkrokem.cz\/wp-content\/uploads\/2026\/05\/alpe-di-siusi-psi-kocarek-louka-1392x928.jpg 1392w, https:\/\/loudavymkrokem.cz\/wp-content\/uploads\/2026\/05\/alpe-di-siusi-psi-kocarek-louka-1920x1280.jpg 1920w\" sizes=\"(max-width: 2048px) 100vw, 2048px\" \/><button\n\t\t\tclass=\"lightbox-trigger\"\n\t\t\ttype=\"button\"\n\t\t\taria-haspopup=\"dialog\"\n\t\t\tdata-wp-bind--aria-label=\"state.thisImage.triggerButtonAriaLabel\"\n\t\t\tdata-wp-init=\"callbacks.initTriggerButton\"\n\t\t\tdata-wp-on--click=\"actions.showLightbox\"\n\t\t\tdata-wp-style--right=\"state.thisImage.buttonRight\"\n\t\t\tdata-wp-style--top=\"state.thisImage.buttonTop\"\n\t\t>\n\t\t\t<svg xmlns=\"http:\/\/www.w3.org\/2000\/svg\" width=\"12\" height=\"12\" fill=\"none\" viewBox=\"0 0 12 12\">\n\t\t\t\t<path fill=\"#fff\" d=\"M2 0a2 2 0 0 0-2 2v2h1.5V2a.5.5 0 0 1 .5-.5h2V0H2Zm2 10.5H2a.5.5 0 0 1-.5-.5V8H0v2a2 2 0 0 0 2 2h2v-1.5ZM8 12v-1.5h2a.5.5 0 0 0 .5-.5V8H12v2a2 2 0 0 1-2 2H8Zm2-12a2 2 0 0 1 2 2v2h-1.5V2a.5.5 0 0 0-.5-.5H8V0h2Z\" \/>\n\t\t\t<\/svg>\n\t\t<\/button><figcaption class=\"wp-element-caption\">Is\u00e4 rattaiden ja kahden koiran kanssa vuoristolaitumella Sassolungon alla<\/figcaption><\/figure>\n\n\n\n<p class=\"wp-block-paragraph\">On kuitenkin yksi hyvin olennainen asia, jota sinun on kunnioitettava, ja se on paikallisten kotiel\u00e4inten vapaa liikkuminen. Tasangoilla liikkuu vapaasti valtavien lehmien ja hevosten laumoja, ja sinun tulisi pit\u00e4\u00e4 koira aina t\u00e4ydellisess\u00e4 hallinnassa. Vaikka hihna ei t\u00e4\u00e4ll\u00e4 olekaan aivan joka paikassa dogmaattisesti pakollinen, se on eritt\u00e4in suositeltavaa jo pelk\u00e4st\u00e4\u00e4n turvallisuussyist\u00e4. Lehm\u00e4t osaavat n\u00e4et olla vieraille koirille varsin ep\u00e4yst\u00e4v\u00e4llisi\u00e4, etenkin kun niill\u00e4 on vasikoita, etk\u00e4 varmasti halua joutua konfliktiin puolen tonnin painoisen el\u00e4imen kanssa. Jos pid\u00e4t t\u00e4st\u00e4 huolen, sinua odottaa koirien kanssa unelmaloma.<\/p>\n\n\n\n<h2 class=\"wp-block-heading\"><span class=\"ez-toc-section\" id=\"Missa_syoda_ja_mita_maistaa\"><\/span>Miss\u00e4 sy\u00f6d\u00e4 ja mit\u00e4 maistaa<span class=\"ez-toc-section-end\"><\/span><\/h2>\n\n\n\n<p class=\"wp-block-paragraph\">Etel\u00e4-Tiroli ja erityisesti Alpe di Siusi yhdist\u00e4\u00e4 parhaat puolet kahdesta maailmasta: rehdin ja tukevan saksalais-it\u00e4valtalaisjuurisen keitti\u00f6n ja italialaisen tyylin, mik\u00e4 lopputuloksena tarkoittaa, ett\u00e4 t\u00e4\u00e4ll\u00e4 lihot jo pelk\u00e4st\u00e4 ruokalistan katselusta. \ud83d\ude05<\/p>\n\n\n\n<figure data-wp-context=\"{&quot;imageId&quot;:&quot;6a9931af7fc61&quot;}\" data-wp-interactive=\"core\/image\" data-wp-key=\"6a9931af7fc61\" class=\"wp-block-image size-large wp-lightbox-container\"><img decoding=\"async\" width=\"2048\" height=\"1365\" data-wp-class--hide=\"state.isContentHidden\" data-wp-class--show=\"state.isContentVisible\" data-wp-init=\"callbacks.setButtonStyles\" data-wp-on--click=\"actions.showLightbox\" data-wp-on--load=\"callbacks.setButtonStyles\" data-wp-on--pointerdown=\"actions.preloadImage\" data-wp-on--pointerenter=\"actions.preloadImageWithDelay\" data-wp-on--pointerleave=\"actions.cancelPreload\" data-wp-on-window--resize=\"callbacks.setButtonStyles\" src=\"https:\/\/loudavymkrokem.cz\/wp-content\/uploads\/2026\/05\/alpe-di-siusi-posezeni-vyhled.jpg\" alt=\"Lepohetki aurinkotuolissa n\u00e4kym\u00e4ll\u00e4 Sassolungon massiiville\" class=\"wp-image-173526\" title=\"\" srcset=\"https:\/\/loudavymkrokem.cz\/wp-content\/uploads\/2026\/05\/alpe-di-siusi-posezeni-vyhled.jpg 2048w, https:\/\/loudavymkrokem.cz\/wp-content\/uploads\/2026\/05\/alpe-di-siusi-posezeni-vyhled-300x200.jpg 300w, https:\/\/loudavymkrokem.cz\/wp-content\/uploads\/2026\/05\/alpe-di-siusi-posezeni-vyhled-700x467.jpg 700w, https:\/\/loudavymkrokem.cz\/wp-content\/uploads\/2026\/05\/alpe-di-siusi-posezeni-vyhled-768x512.jpg 768w, https:\/\/loudavymkrokem.cz\/wp-content\/uploads\/2026\/05\/alpe-di-siusi-posezeni-vyhled-1536x1024.jpg 1536w, https:\/\/loudavymkrokem.cz\/wp-content\/uploads\/2026\/05\/alpe-di-siusi-posezeni-vyhled-696x464.jpg 696w, https:\/\/loudavymkrokem.cz\/wp-content\/uploads\/2026\/05\/alpe-di-siusi-posezeni-vyhled-1392x928.jpg 1392w, https:\/\/loudavymkrokem.cz\/wp-content\/uploads\/2026\/05\/alpe-di-siusi-posezeni-vyhled-1920x1280.jpg 1920w\" sizes=\"(max-width: 2048px) 100vw, 2048px\" \/><button\n\t\t\tclass=\"lightbox-trigger\"\n\t\t\ttype=\"button\"\n\t\t\taria-haspopup=\"dialog\"\n\t\t\tdata-wp-bind--aria-label=\"state.thisImage.triggerButtonAriaLabel\"\n\t\t\tdata-wp-init=\"callbacks.initTriggerButton\"\n\t\t\tdata-wp-on--click=\"actions.showLightbox\"\n\t\t\tdata-wp-style--right=\"state.thisImage.buttonRight\"\n\t\t\tdata-wp-style--top=\"state.thisImage.buttonTop\"\n\t\t>\n\t\t\t<svg xmlns=\"http:\/\/www.w3.org\/2000\/svg\" width=\"12\" height=\"12\" fill=\"none\" viewBox=\"0 0 12 12\">\n\t\t\t\t<path fill=\"#fff\" d=\"M2 0a2 2 0 0 0-2 2v2h1.5V2a.5.5 0 0 1 .5-.5h2V0H2Zm2 10.5H2a.5.5 0 0 1-.5-.5V8H0v2a2 2 0 0 0 2 2h2v-1.5ZM8 12v-1.5h2a.5.5 0 0 0 .5-.5V8H12v2a2 2 0 0 1-2 2H8Zm2-12a2 2 0 0 1 2 2v2h-1.5V2a.5.5 0 0 0-.5-.5H8V0h2Z\" \/>\n\t\t\t<\/svg>\n\t\t<\/button><figcaption class=\"wp-element-caption\">Lepohetki aurinkotuolissa n\u00e4kym\u00e4ll\u00e4 Sassolungon massiiville<\/figcaption><\/figure>\n\n\n\n<p class=\"wp-block-paragraph\">Et ehdottomasti voi l\u00e4hte\u00e4 maistamatta perinteisi\u00e4 knedlikkej\u00e4 (Kn\u00f6del), joita tehd\u00e4\u00e4n t\u00e4\u00e4ll\u00e4 monissa versioissa pinaatti- ja juustot\u00e4ytteisist\u00e4 aina savulihanpaloilla h\u00f6ystettyihin. Erinomaista on my\u00f6s paikallinen ohut ja kuivattu etel\u00e4tirolilainen Speck, etk\u00e4 saa j\u00e4tt\u00e4\u00e4 v\u00e4liin my\u00f6sk\u00e4\u00e4n Schlutzkrapfen-nimist\u00e4 erikoisuutta (jotka ovat oikeastaan ravioleita muistuttavia pinaatti- ja ricottat\u00e4ytteisi\u00e4 nyyttej\u00e4 ruskistetulla voilla valeltuna). Makea p\u00e4\u00e4t\u00f6s jokaiselle vaellukselle on fantastinen Apfelstrudel (omenastruudeli) runsaan vaniljakastikkeen kanssa, ja huuhtele kaikki alas lasillisella erinomaista t\u00e4ytel\u00e4ist\u00e4 paikallista Lagrein-viini\u00e4.<\/p>\n\n\n\n<h2 class=\"wp-block-heading\"><span class=\"ez-toc-section\" id=\"Ennen_kuin_pakkaat_laukun_asioita_jotka_olisin_halunnut_tietaa_etukateen\"><\/span>Ennen kuin pakkaat laukun: asioita, jotka olisin halunnut tiet\u00e4\u00e4 etuk\u00e4teen<span class=\"ez-toc-section-end\"><\/span><\/h2>\n\n\n\n<p class=\"wp-block-paragraph\">Muutama asia, jotka kertoisin sinulle, jos istuisimme viinilasin \u00e4\u00e4ress\u00e4 ja kyselisit minulta Dolomiiteista ensimm\u00e4ist\u00e4 kertaa. Dolomiitit osaavat n\u00e4et joskus olla hieman byrokraattiset ja kalliit.<\/p>\n\n\n\n<p class=\"wp-block-paragraph\">K\u00f6ysiratojen hinnat vaihtelevat kaudesta toiseen, mutta vuodelle 2026 sinun on varauduttava noin 35\u201350 euroon henkil\u00f6lt\u00e4 edestakaisesta lipusta yl\u00f6s ja alas. Jos aiot ajaa k\u00f6ysiradoilla usein, hanki ehdottomasti heti ensimm\u00e4isen\u00e4 p\u00e4iv\u00e4n\u00e4 edullinen kortti (usein nimelt\u00e4\u00e4n Combi Card), jolla voit yhdistell\u00e4 matkoja useilla paikallisilla k\u00f6ysiradoilla ja k\u00e4ytt\u00e4\u00e4 my\u00f6s liitynt\u00e4liikennett\u00e4. Jos kuitenkin ajaisit yl\u00f6s omalla autolla kiellettyjen tuntien ulkopuolella, muista, ett\u00e4 ylh\u00e4\u00e4ll\u00e4 sinua odottaa noin 25 euron pys\u00e4k\u00f6intimaksu p\u00e4iv\u00e4lt\u00e4.<\/p>\n\n\n\n<p class=\"wp-block-paragraph\">Ja viel\u00e4 yksi suuri pyynt\u00f6 ja huomautus loppuun. Koko Alpe di Siusin alueella on voimassa tiukka dronella lent\u00e4misen kielto, ja neuvon sinua, ettet yritt\u00e4isi rikkoa t\u00e4t\u00e4 s\u00e4\u00e4nt\u00f6\u00e4 vain kauniin Instagram-videon vuoksi. Sakkoja jaetaan n\u00e4et todella tunnollisesti ja ne kohoavat aina t\u00e4htitieteellisiin 3000 euroon asti (joilla voisit hankkia kaksi uutta ihanaa lomaa), joten j\u00e4t\u00e4 dronet rauhassa kotiin.<\/p>\n\n\n\n<h3 class=\"wp-block-heading\"><span class=\"ez-toc-section\" id=\"Mita_pakata\"><\/span>Mit\u00e4 pakata<span class=\"ez-toc-section-end\"><\/span><\/h3>\n\n\n\n<p class=\"wp-block-paragraph\">Lue ehdottomasti <a href=\"https:\/\/loudavymkrokem.cz\/fi\/vaelluskengat-nain-valitset\/\">artikkelimme siit\u00e4, miten pukeutua oikein vuoristoon ja miten valita vaelluskeng\u00e4t<\/a>, sill\u00e4 vuoristossa s\u00e4\u00e4 muuttuu uskomattoman nopeasti ja sinun on oltava valmis kaikkeen auringonpaisteesta viile\u00e4\u00e4n tuuleen.<\/p>\n\n\n\n<h3 class=\"wp-block-heading\"><span class=\"ez-toc-section\" id=\"Mista_ostaa_lentoliput\"><\/span>Mist\u00e4 ostaa lentoliput<span class=\"ez-toc-section-end\"><\/span><\/h3>\n\n\n\n<p class=\"wp-block-paragraph\">Jos et l\u00e4hde Italiaan omalla autolla, edullisia lentoja etsit palvelusta <a class=\"thirstylink\" rel=\"nofollow\" target=\"_blank\" title=\"Kiwi\" href=\"https:\/\/loudavymkrokem.cz\/doporucujeme\/kiwi\/\" data-shortcode=\"true\">Kiwi<\/a>, joka on suosikkiportaalimme, mist\u00e4 l\u00f6yd\u00e4mme usein lentoja Helsingist\u00e4 l\u00e4heiseen Milanoon tai Venetsiaan. Reittej\u00e4 liikenn\u00f6iv\u00e4t my\u00f6s Finnair, Norwegian ja Ryanair.<\/p>\n\n\n\n<h3 class=\"wp-block-heading\"><span class=\"ez-toc-section\" id=\"Auton_vuokraus\"><\/span>Auton vuokraus<span class=\"ez-toc-section-end\"><\/span><\/h3>\n\n\n\n<p class=\"wp-block-paragraph\">K\u00e4yt\u00e4mme tavallisesti ja varmoin mielin vertailupalvelua <a href=\"https:\/\/www.discovercars.com\/?a_aid=lukaskonecny\" target=\"_blank\" rel=\"sponsored nofollow noopener\">DiscoverCars<\/a>, josta Luk\u00e1\u0161illa ja minulla on pitk\u00e4aikaisesti hyvi\u00e4 kokemuksia eik\u00e4 se ole koskaan pett\u00e4nyt meit\u00e4. Muista, ett\u00e4 Italiaan ajaessa tarvitset moottoritievinjetin (It\u00e4valta\/Sveitsi), jos reittisi kulkee n\u00e4iden maiden l\u00e4pi.<\/p>\n\n\n\n<h3 class=\"wp-block-heading\"><span class=\"ez-toc-section\" id=\"Ala_unohda_vakuutusta_ja_nettiyhteytta\"><\/span>\u00c4l\u00e4 unohda vakuutusta ja nettiyhteytt\u00e4<span class=\"ez-toc-section-end\"><\/span><\/h3>\n\n\n\n<p class=\"wp-block-paragraph\">Lyhyemmille matkoille valitsemme aina matkavakuutuksen, jonka saat usein 50 % alennuksella, ja pidemmille matkoille tai riskialttiimpia lajeja suunnitellessamme meill\u00e4 on hyvi\u00e4 kokemuksia palveluista True Traveller ja <a href=\"https:\/\/loudavymkrokem.cz\/safetywing\/\">SafetyWing<\/a>. Ja jottei tarvitsisi murehtia ylihinnoiteltua dataa, erityisesti l\u00e4hell\u00e4 Sveitsin rajaa, ostamme aina etuk\u00e4teen <a class=\"thirstylink\" rel=\"nofollow\" target=\"_blank\" title=\"Holafly\" href=\"https:\/\/loudavymkrokem.cz\/doporucujeme\/holafly\/\" data-shortcode=\"true\">eSIMin Holaflyn kautta<\/a>.<\/p>\n\n\n<p class=\"wp-block-paragraph\">\u279c Ennen kuin l\u00e4hdet, vilkaise <a href=\"https:\/\/loudavymkrokem.cz\/cestovni-pojisteni\/\">matkavakuutusten vertailumme<\/a> (sis. 50 % alennuksen).<\/p>\n\n\n<h2 class=\"wp-block-heading\"><span class=\"ez-toc-section\" id=\"Minne_seuraavaksi_anna_inspiroitua\"><\/span>Minne seuraavaksi: anna inspiroitua<span class=\"ez-toc-section-end\"><\/span><\/h2>\n\n\n\n<p class=\"wp-block-paragraph\">Kun olet k\u00e4vellyt t\u00e4m\u00e4n vihre\u00e4n tasangon l\u00e4pi, Dolomiitit tarjoavat sinulle paljon muitakin mahdollisuuksia vain muutaman kilometrin p\u00e4\u00e4ss\u00e4. \u00c4l\u00e4 miss\u00e4\u00e4n tapauksessa j\u00e4t\u00e4 v\u00e4liin n\u00e4it\u00e4 muita suosikkiartikkeleitamme vinkkej\u00e4 t\u00e4ynn\u00e4:<\/p>\n\n\n\n<ul class=\"wp-block-list\">\n<li>Jos etsit aivan heng\u00e4stytt\u00e4vi\u00e4 kallioita, et saa ohittaa harjannetta heti laakson toisella puolella: <a href=\"https:\/\/loudavymkrokem.cz\/seceda-pruvodce-nejfotogenickejsi-hrebenovkou-dolomit\/\">Seceda: opas Dolomiittien valokuvauksellisimpaan harjannereittiin<\/a>.<\/li>\n\n\n\n<li>Rakastatko postikortteja ikonisine laakson kirkkoineen? Silloin innostut l\u00e4heisest\u00e4 kohteesta <a href=\"https:\/\/loudavymkrokem.cz\/val-di-funes-santa-maddalena\/\">Val di Funes ja Santa Maddalena<\/a>.<\/li>\n\n\n\n<li>Ja jos etsit pikemminkin kokonaiskuvaa vuoriston parhaista puolista, katso koontiartikkelimme <a href=\"https:\/\/loudavymkrokem.cz\/fi\/dolomiitit-italia-kauneimmat-paikat\/\">Mit\u00e4 tehd\u00e4 Dolomiiteilla<\/a> tai l\u00f6yd\u00e4 it\u00e4osan taika artikkelista <a href=\"https:\/\/loudavymkrokem.cz\/cortina-dampezzo-nase-hlavni-base-v-dolomitech-a-kompletni-pruvodce\/\">Cortina d&#8217;Ampezzo<\/a>.<\/li>\n<\/ul>\n\n\n\n<!-- LKM_GYG_CARD start q=\"dolomity\" lang=\"fi\" --><!-- LKM_GYG_CARD end -->\n\n\n\n<h2 class=\"wp-block-heading\"><span class=\"ez-toc-section\" id=\"UKK_Useimmin_kysytyt_kysymykset\"><\/span>UKK: Useimmin kysytyt kysymykset<span class=\"ez-toc-section-end\"><\/span><\/h2>\n\n\n<div id=\"rank-math-faq\" class=\"rank-math-block\">\n<div class=\"rank-math-list \">\n<div id=\"faq-question-1779780470000\" class=\"rank-math-list-item\">\n<h3 class=\"rank-math-question \"><span class=\"ez-toc-section\" id=\"Miten_paasen_Alpe_di_Siusiin\"><\/span>Miten p\u00e4\u00e4sen Alpe di Siusiin?<span class=\"ez-toc-section-end\"><\/span><\/h3>\n<div class=\"rank-math-answer \">\n\n<p>Helpoin ja stressit\u00f6n tapa p\u00e4\u00e4st\u00e4 yl\u00f6s on k\u00e4ytt\u00e4\u00e4 Ortisei-kaupungista l\u00e4htev\u00e4\u00e4 hissi\u00e4 (Cabinovia Mont S\u00ebuc) tai Siusi-kaupungista Compatsch-alueelle kulkevaa k\u00f6ysirataa. Klo 9:00\u201317:00 v\u00e4lisen\u00e4 aikana yksityisautoilla ajaminen on ehdottomasti kielletty korkean sakon uhalla.<\/p>\n\n<\/div>\n<\/div>\n<div id=\"faq-question-1779780470001\" class=\"rank-math-list-item\">\n<h3 class=\"rank-math-question \"><span class=\"ez-toc-section\" id=\"Missa_Alpe_di_Siusi_sijaitsee\"><\/span>Miss\u00e4 Alpe di Siusi sijaitsee?<span class=\"ez-toc-section-end\"><\/span><\/h3>\n<div class=\"rank-math-answer \">\n\n<p>Kyseess\u00e4 on valtava yl\u00e4tasanko, jonka pinta-ala on 56 km\u00b2. Se sijaitsee Dolomiittien italialaisella puolella Bolzanon maakunnassa (Trentino-Alto Adige -alue), l\u00e4hell\u00e4 It\u00e4vallan rajaa. Usein t\u00f6rm\u00e4\u00e4t siihen my\u00f6s sen saksankielisell\u00e4 nimell\u00e4 Seiser Alm.<\/p>\n\n<\/div>\n<\/div>\n<div id=\"faq-question-1779780470002\" class=\"rank-math-list-item\">\n<h3 class=\"rank-math-question \"><span class=\"ez-toc-section\" id=\"Voinko_menna_sinne_pienten_lasten_ja_lastenvaunujen_kanssa\"><\/span>Voinko menn\u00e4 sinne pienten lasten ja lastenvaunujen kanssa?<span class=\"ez-toc-section-end\"><\/span><\/h3>\n<div class=\"rank-math-answer \">\n\n<p>Ehdottomasti kyll\u00e4. Omasta kokemuksestamme kaksivuotiaan Jon\u00e1\u0161ekin kanssa voimme vahvistaa, ett\u00e4 t\u00e4m\u00e4 on todenn\u00e4k\u00f6isesti paras lastenvaunuyst\u00e4v\u00e4llinen kohde Dolomiteilla. Polut ovat vahvistettuja, p\u00e4\u00e4osin tasaisia, ja alueella toimii loistavia ja esteett\u00f6mi\u00e4 paikallisia busseja sek\u00e4 hissej\u00e4.<\/p>\n\n<\/div>\n<\/div>\n<div id=\"faq-question-1779780470003\" class=\"rank-math-list-item\">\n<h3 class=\"rank-math-question \"><span class=\"ez-toc-section\" id=\"Sopiiko_Alpe_di_Siusi_koiranomistajille\"><\/span>Sopiiko Alpe di Siusi koiranomistajille?<span class=\"ez-toc-section-end\"><\/span><\/h3>\n<div class=\"rank-math-answer \">\n\n<p>Kyll\u00e4, matkustamme t\u00e4nne s\u00e4\u00e4nn\u00f6llisesti kahden koiran kanssa. Suuren m\u00e4\u00e4r\u00e4n vapaana laiduntavien lehmien, hevosten ja lampaiden vuoksi on kuitenkin eritt\u00e4in suositeltavaa pit\u00e4\u00e4 koira kytkettyn\u00e4 mahdollisten konfliktien v\u00e4ltt\u00e4miseksi. Koirat saavat lis\u00e4ksi matkustaa ongelmitta paikallisissa hisseiss\u00e4.<\/p>\n\n<\/div>\n<\/div>\n<div id=\"faq-question-1779780470004\" class=\"rank-math-list-item\">\n<h3 class=\"rank-math-question \"><span class=\"ez-toc-section\" id=\"Paljonko_pysakointi_ylhaalla_tasangolla_maksaa\"><\/span>Paljonko pys\u00e4k\u00f6inti ylh\u00e4\u00e4ll\u00e4 tasangolla maksaa?<span class=\"ez-toc-section-end\"><\/span><\/h3>\n<div class=\"rank-math-answer \">\n\n<p>Jos p\u00e4\u00e4t\u00e4t ajaa omalla autolla aikaisin aamulla (ennen klo 9:00) Compatschin p\u00e4\u00e4parkkipaikalle, varaudu noin 25 euron kustannukseen koko p\u00e4iv\u00e4n pys\u00e4k\u00f6innist\u00e4. Maksu suoritetaan sis\u00e4\u00e4najettaessa ja alas voit l\u00e4hte\u00e4 milloin tahansa, mutta kieltoaikana et saa liikkua autolla tasangolla mitenk\u00e4\u00e4n.<\/p>\n\n<\/div>\n<\/div>\n<div id=\"faq-question-1779780470005\" class=\"rank-math-list-item\">\n<h3 class=\"rank-math-question \"><span class=\"ez-toc-section\" id=\"Onko_ylhaalla_ravintoloita_vai_pitaako_ruoka_ottaa_mukaan\"><\/span>Onko ylh\u00e4\u00e4ll\u00e4 ravintoloita vai pit\u00e4\u00e4k\u00f6 ruoka ottaa mukaan?<span class=\"ez-toc-section-end\"><\/span><\/h3>\n<div class=\"rank-math-answer \">\n\n<p>Ruokaa ei todellakaan tarvitse ottaa mukaan, sill\u00e4 tasanko on t\u00e4ynn\u00e4 fantastisia vuoristomajojahuoneita (ns. rifugio), jotka tarjoavat erinomaista paikallista keitti\u00f6t\u00e4, loistavia viinej\u00e4 sek\u00e4 kotitekoisia juustoja ja leivonnaisia. Suosikkejamme ovat esimerkiksi Tirler- tai Mahlknecht-majat.<\/p>\n\n<\/div>\n<\/div>\n<div id=\"faq-question-1779780470006\" class=\"rank-math-list-item\">\n<h3 class=\"rank-math-question \"><span class=\"ez-toc-section\" id=\"Voinko_lennattaa_dronea_niitylla\"><\/span>Voinko lenn\u00e4tt\u00e4\u00e4 dronea niityll\u00e4?<span class=\"ez-toc-section-end\"><\/span><\/h3>\n<div class=\"rank-math-answer \">\n\n<p>Ehdottomasti ei. Koko Sciliar-masiivin ymp\u00e4rill\u00e4 olevan suojellun puiston alueella on ehdoton ja tiukka kielto k\u00e4ytt\u00e4\u00e4 droneja, ja sakkoja todella perit\u00e4\u00e4n valtavina summina, jotka voivat nousta jopa 3000 euroon. J\u00e4t\u00e4 drone mieluummin kotiin ja nauti maisemista omin silmin.<\/p>\n\n<\/div>\n<\/div>\n<\/div>\n<\/div>","protected":false},"excerpt":{"rendered":"<p>Alpe di Siusi (Seiser Alm) on Euroopan suurin vuoristolaidun ja rakkain perhekohteemme Dolomiiteilla. Opas 12 vinkill\u00e4 \u2013 varo autojen ajokieltoa klo 9\u201317!<\/p>\n","protected":false},"author":3,"featured_media":173524,"comment_status":"open","ping_status":"open","sticky":false,"template":"","format":"standard","meta":{"_acf_changed":false,"footnotes":"","rank_math_title":"Alpe di Siusi: 12 vinkki\u00e4 n\u00e4ht\u00e4vyyksiin ja tekemiseen","rank_math_description":"Alpe di Siusi on Euroopan suurin vuoristolaidun Dolomiiteilla. Lue 12 vinkki\u00e4 n\u00e4ht\u00e4vyyksiin, k\u00f6ysiratoihin ja perhereitteihin \u2013 suunnittele matkasi jo t\u00e4n\u00e4\u00e4n!","rank_math_focus_keyword":"alpe di siusi","rank_math_seo_score":""},"categories":[2129,2137,2123,2183],"tags":[],"class_list":["post-320728","post","type-post","status-publish","format-standard","has-post-thumbnail","category-eurooppa","category-italia","category-matkailu","category-roadtripit-matkareitit"],"acf":[],"featured_image_src":"https:\/\/loudavymkrokem.cz\/wp-content\/uploads\/2026\/05\/alpe-di-siusi-deti-jonasek-louka.jpg","author_info":{"display_name":"Lucie Kone\u010dn\u00e1","author_link":"https:\/\/loudavymkrokem.cz\/fi\/author\/lucie-konecna\/"},"_links":{"self":[{"href":"https:\/\/loudavymkrokem.cz\/fi\/wp-json\/wp\/v2\/posts\/320728","targetHints":{"allow":["GET"]}}],"collection":[{"href":"https:\/\/loudavymkrokem.cz\/fi\/wp-json\/wp\/v2\/posts"}],"about":[{"href":"https:\/\/loudavymkrokem.cz\/fi\/wp-json\/wp\/v2\/types\/post"}],"author":[{"embeddable":true,"href":"https:\/\/loudavymkrokem.cz\/fi\/wp-json\/wp\/v2\/users\/3"}],"replies":[{"embeddable":true,"href":"https:\/\/loudavymkrokem.cz\/fi\/wp-json\/wp\/v2\/comments?post=320728"}],"version-history":[{"count":0,"href":"https:\/\/loudavymkrokem.cz\/fi\/wp-json\/wp\/v2\/posts\/320728\/revisions"}],"wp:featuredmedia":[{"embeddable":true,"href":"https:\/\/loudavymkrokem.cz\/fi\/wp-json\/wp\/v2\/media\/173524"}],"wp:attachment":[{"href":"https:\/\/loudavymkrokem.cz\/fi\/wp-json\/wp\/v2\/media?parent=320728"}],"wp:term":[{"taxonomy":"category","embeddable":true,"href":"https:\/\/loudavymkrokem.cz\/fi\/wp-json\/wp\/v2\/categories?post=320728"},{"taxonomy":"post_tag","embeddable":true,"href":"https:\/\/loudavymkrokem.cz\/fi\/wp-json\/wp\/v2\/tags?post=320728"}],"curies":[{"name":"wp","href":"https:\/\/api.w.org\/{rel}","templated":true}]}}