{"id":418789,"date":"2026-09-06T03:04:26","date_gmt":"2026-09-06T01:04:26","guid":{"rendered":"https:\/\/loudavymkrokem.cz\/donde-alojarse-estrasburgo-francia\/"},"modified":"2026-09-06T03:04:26","modified_gmt":"2026-09-06T01:04:26","slug":"donde-alojarse-estrasburgo-francia","status":"publish","type":"post","link":"https:\/\/loudavymkrokem.cz\/es\/donde-alojarse-estrasburgo-francia\/","title":{"rendered":"D\u00f3nde alojarse en Estrasburgo, Francia: 18 mejores hoteles y barrios en 2026"},"content":{"rendered":"\n<p class=\"wp-block-paragraph\">Estrasburgo, en Francia, es una ciudad cuya atm\u00f3sfera te atrapa por completo, sobre todo cuando sus callejuelas se iluminan con miles de lucecitas y huelen a vino caliente. Pero <strong>elegir el alojamiento adecuado<\/strong> aqu\u00ed funciona un poco diferente que en la mayor\u00eda de las capitales europeas, porque <strong>en Estrasburgo lo que manda es la fecha<\/strong>, no tanto el hotel en s\u00ed.<\/p>\n\n\n\n<p class=\"wp-block-paragraph\">Si planeas tu visita durante los famosos mercados navide\u00f1os, prep\u00e1rate para que <strong>un hotel en el centro hist\u00f3rico cueste hasta el triple del precio de enero<\/strong>. Las mejores direcciones en la isla Grande \u00cele desaparecen de los portales de reserva a una velocidad incre\u00edble, y por eso <strong>se agotan tranquilamente con seis a nueve meses de antelaci\u00f3n<\/strong>.<\/p>\n\n\n\n<p class=\"wp-block-paragraph\">Te voy a ense\u00f1ar c\u00f3mo evitar las mayores trampas tur\u00edsticas \u2014 y te voy a revelar un peque\u00f1o secreto gracias al cual puedes ahorrar entre un 30 y un 40 por ciento del precio de adviento si te alojas a solo diez o veinte minutos a pie del casco hist\u00f3rico.<\/p>\n\n\n\n<figure data-wp-context=\"{&quot;imageId&quot;:&quot;6a9ce3b9317c2&quot;}\" data-wp-interactive=\"core\/image\" data-wp-key=\"6a9ce3b9317c2\" class=\"wp-block-image size-full wp-lightbox-container\"><img decoding=\"async\" width=\"1920\" height=\"1848\" data-wp-class--hide=\"state.isContentHidden\" data-wp-class--show=\"state.isContentVisible\" data-wp-init=\"callbacks.setButtonStyles\" data-wp-on--click=\"actions.showLightbox\" data-wp-on--load=\"callbacks.setButtonStyles\" data-wp-on--pointerdown=\"actions.preloadImage\" data-wp-on--pointerenter=\"actions.preloadImageWithDelay\" data-wp-on--pointerleave=\"actions.cancelPreload\" data-wp-on-window--resize=\"callbacks.setButtonStyles\" src=\"https:\/\/loudavymkrokem.cz\/wp-content\/uploads\/2026\/09\/grande-ile-historicke-jadro-strasburku-2b97f23a.jpg\" alt=\"Grande \u00cele, casco hist\u00f3rico de Estrasburgo\" class=\"wp-image-413380\" title=\"\" srcset=\"https:\/\/loudavymkrokem.cz\/wp-content\/uploads\/2026\/09\/grande-ile-historicke-jadro-strasburku-2b97f23a.jpg 1920w, https:\/\/loudavymkrokem.cz\/wp-content\/uploads\/2026\/09\/grande-ile-historicke-jadro-strasburku-2b97f23a-300x289.jpg 300w, https:\/\/loudavymkrokem.cz\/wp-content\/uploads\/2026\/09\/grande-ile-historicke-jadro-strasburku-2b97f23a-700x674.jpg 700w, https:\/\/loudavymkrokem.cz\/wp-content\/uploads\/2026\/09\/grande-ile-historicke-jadro-strasburku-2b97f23a-768x739.jpg 768w, https:\/\/loudavymkrokem.cz\/wp-content\/uploads\/2026\/09\/grande-ile-historicke-jadro-strasburku-2b97f23a-1536x1478.jpg 1536w, https:\/\/loudavymkrokem.cz\/wp-content\/uploads\/2026\/09\/grande-ile-historicke-jadro-strasburku-2b97f23a-696x670.jpg 696w, https:\/\/loudavymkrokem.cz\/wp-content\/uploads\/2026\/09\/grande-ile-historicke-jadro-strasburku-2b97f23a-1392x1340.jpg 1392w\" sizes=\"(max-width: 1920px) 100vw, 1920px\" \/><button\n\t\t\tclass=\"lightbox-trigger\"\n\t\t\ttype=\"button\"\n\t\t\taria-haspopup=\"dialog\"\n\t\t\tdata-wp-bind--aria-label=\"state.thisImage.triggerButtonAriaLabel\"\n\t\t\tdata-wp-init=\"callbacks.initTriggerButton\"\n\t\t\tdata-wp-on--click=\"actions.showLightbox\"\n\t\t\tdata-wp-style--right=\"state.thisImage.buttonRight\"\n\t\t\tdata-wp-style--top=\"state.thisImage.buttonTop\"\n\t\t>\n\t\t\t<svg xmlns=\"http:\/\/www.w3.org\/2000\/svg\" width=\"12\" height=\"12\" fill=\"none\" viewBox=\"0 0 12 12\">\n\t\t\t\t<path fill=\"#fff\" d=\"M2 0a2 2 0 0 0-2 2v2h1.5V2a.5.5 0 0 1 .5-.5h2V0H2Zm2 10.5H2a.5.5 0 0 1-.5-.5V8H0v2a2 2 0 0 0 2 2h2v-1.5ZM8 12v-1.5h2a.5.5 0 0 0 .5-.5V8H12v2a2 2 0 0 1-2 2H8Zm2-12a2 2 0 0 1 2 2v2h-1.5V2a.5.5 0 0 0-.5-.5H8V0h2Z\" \/>\n\t\t\t<\/svg>\n\t\t<\/button><figcaption class=\"wp-element-caption\">Foto: Cayambe \/ Wikimedia Commons, CC BY-SA 3.0<\/figcaption><\/figure>\n\n\n\n<div id=\"ez-toc-container\" class=\"ez-toc-v2_0_87 ez-toc-wrap-left counter-hierarchy ez-toc-counter ez-toc-grey ez-toc-container-direction\">\n<div class=\"ez-toc-title-container\">\n<p class=\"ez-toc-title\" style=\"cursor:inherit\">Contenido del art\u00edculo<\/p>\n<span class=\"ez-toc-title-toggle\"><a href=\"#\" class=\"ez-toc-pull-right ez-toc-btn ez-toc-btn-xs ez-toc-btn-default ez-toc-toggle\" aria-label=\"Alternar tabla de contenidos\"><span class=\"ez-toc-js-icon-con\"><span class=\"\"><span class=\"eztoc-hide\" style=\"display:none;\">Toggle<\/span><span class=\"ez-toc-icon-toggle-span\"><svg style=\"fill: #999;color:#999\" xmlns=\"http:\/\/www.w3.org\/2000\/svg\" class=\"list-377408\" width=\"20px\" height=\"20px\" viewBox=\"0 0 24 24\" fill=\"none\"><path d=\"M6 6H4v2h2V6zm14 0H8v2h12V6zM4 11h2v2H4v-2zm16 0H8v2h12v-2zM4 16h2v2H4v-2zm16 0H8v2h12v-2z\" fill=\"currentColor\"><\/path><\/svg><svg style=\"fill: #999;color:#999\" class=\"arrow-unsorted-368013\" xmlns=\"http:\/\/www.w3.org\/2000\/svg\" width=\"10px\" height=\"10px\" viewBox=\"0 0 24 24\" version=\"1.2\" baseProfile=\"tiny\"><path d=\"M18.2 9.3l-6.2-6.3-6.2 6.3c-.2.2-.3.4-.3.7s.1.5.3.7c.2.2.4.3.7.3h11c.3 0 .5-.1.7-.3.2-.2.3-.5.3-.7s-.1-.5-.3-.7zM5.8 14.7l6.2 6.3 6.2-6.3c.2-.2.3-.5.3-.7s-.1-.5-.3-.7c-.2-.2-.4-.3-.7-.3h-11c-.3 0-.5.1-.7.3-.2.2-.3.5-.3.7s.1.5.3.7z\"\/><\/svg><\/span><\/span><\/span><\/a><\/span><\/div>\n<nav><ul class='ez-toc-list ez-toc-list-level-1 ' ><ul class='ez-toc-list-level-3' ><li class='ez-toc-heading-level-3'><a class=\"ez-toc-link ez-toc-heading-1\" href=\"https:\/\/loudavymkrokem.cz\/es\/donde-alojarse-estrasburgo-francia\/#Resumen_para_quienes_no_tienen_tiempo_de_leer_todo_el_articulo\" >Resumen para quienes no tienen tiempo de leer todo el art\u00edculo<\/a><\/li><\/ul><\/li><li class='ez-toc-page-1 ez-toc-heading-level-2'><a class=\"ez-toc-link ez-toc-heading-2\" href=\"https:\/\/loudavymkrokem.cz\/es\/donde-alojarse-estrasburgo-francia\/#Que_zona_elegir_para_alojarse\" >Qu\u00e9 zona elegir para alojarse<\/a><\/li><li class='ez-toc-page-1 ez-toc-heading-level-2'><a class=\"ez-toc-link ez-toc-heading-3\" href=\"https:\/\/loudavymkrokem.cz\/es\/donde-alojarse-estrasburgo-francia\/#Cuando_ir_y_cuando_reservar_habitacion\" >Cu\u00e1ndo ir y cu\u00e1ndo reservar habitaci\u00f3n<\/a><\/li><li class='ez-toc-page-1 ez-toc-heading-level-2'><a class=\"ez-toc-link ez-toc-heading-4\" href=\"https:\/\/loudavymkrokem.cz\/es\/donde-alojarse-estrasburgo-francia\/#Donde_alojarse_en_Estrasburgo_los_18_mejores_hoteles\" >D\u00f3nde alojarse en Estrasburgo: los 18 mejores hoteles<\/a><ul class='ez-toc-list-level-3' ><li class='ez-toc-heading-level-3'><a class=\"ez-toc-link ez-toc-heading-5\" href=\"https:\/\/loudavymkrokem.cz\/es\/donde-alojarse-estrasburgo-francia\/#1_Cour_du_Corbeau_Hotel_Strasbourg_MGallery\" >1. Cour du Corbeau Hotel Strasbourg MGallery<\/a><\/li><li class='ez-toc-page-1 ez-toc-heading-level-3'><a class=\"ez-toc-link ez-toc-heading-6\" href=\"https:\/\/loudavymkrokem.cz\/es\/donde-alojarse-estrasburgo-francia\/#2_Les_Haras_Hotel_by_Stay_Collection\" >2. Les Haras H\u00f4tel by Stay Collection<\/a><\/li><li class='ez-toc-page-1 ez-toc-heading-level-3'><a class=\"ez-toc-link ez-toc-heading-7\" href=\"https:\/\/loudavymkrokem.cz\/es\/donde-alojarse-estrasburgo-francia\/#3_Maison_Rouge_Strasbourg_Hotel_Spa\" >3. Maison Rouge Strasbourg Hotel &#038; Spa<\/a><\/li><li class='ez-toc-page-1 ez-toc-heading-level-3'><a class=\"ez-toc-link ez-toc-heading-8\" href=\"https:\/\/loudavymkrokem.cz\/es\/donde-alojarse-estrasburgo-francia\/#4_Hotel_Beaucour\" >4. H\u00f4tel Beaucour<\/a><\/li><li class='ez-toc-page-1 ez-toc-heading-level-3'><a class=\"ez-toc-link ez-toc-heading-9\" href=\"https:\/\/loudavymkrokem.cz\/es\/donde-alojarse-estrasburgo-francia\/#5_LEONOR_Hotel_by_Stay_Collection\" >5. L\u00c9ONOR H\u00f4tel by Stay Collection<\/a><\/li><li class='ez-toc-page-1 ez-toc-heading-level-3'><a class=\"ez-toc-link ez-toc-heading-10\" href=\"https:\/\/loudavymkrokem.cz\/es\/donde-alojarse-estrasburgo-francia\/#6_Hotel_Tandem\" >6. Hotel Tandem<\/a><\/li><li class='ez-toc-page-1 ez-toc-heading-level-3'><a class=\"ez-toc-link ez-toc-heading-11\" href=\"https:\/\/loudavymkrokem.cz\/es\/donde-alojarse-estrasburgo-francia\/#7_Sofitel_Strasbourg_Grande_Ile\" >7. Sofitel Strasbourg Grande \u00cele<\/a><\/li><li class='ez-toc-page-1 ez-toc-heading-level-3'><a class=\"ez-toc-link ez-toc-heading-12\" href=\"https:\/\/loudavymkrokem.cz\/es\/donde-alojarse-estrasburgo-francia\/#8_Hotel_Regent_Contades_by_Stay_Collection\" >8. H\u00f4tel R\u00e9gent Contades by Stay Collection<\/a><\/li><li class='ez-toc-page-1 ez-toc-heading-level-3'><a class=\"ez-toc-link ez-toc-heading-13\" href=\"https:\/\/loudavymkrokem.cz\/es\/donde-alojarse-estrasburgo-francia\/#9_Pavillon_Regent_Petite_France\" >9. Pavillon R\u00e9gent Petite France<\/a><\/li><li class='ez-toc-page-1 ez-toc-heading-level-3'><a class=\"ez-toc-link ez-toc-heading-14\" href=\"https:\/\/loudavymkrokem.cz\/es\/donde-alojarse-estrasburgo-francia\/#10_Hannong_Hotel_Wine_Bar\" >10. Hannong H\u00f4tel &#038; Wine Bar<\/a><\/li><li class='ez-toc-page-1 ez-toc-heading-level-3'><a class=\"ez-toc-link ez-toc-heading-15\" href=\"https:\/\/loudavymkrokem.cz\/es\/donde-alojarse-estrasburgo-francia\/#11_Hotel_Gutenberg\" >11. H\u00f4tel Gutenberg<\/a><\/li><li class='ez-toc-page-1 ez-toc-heading-level-3'><a class=\"ez-toc-link ez-toc-heading-16\" href=\"https:\/\/loudavymkrokem.cz\/es\/donde-alojarse-estrasburgo-francia\/#12_Hotel_Rohan_Strasbourg\" >12. H\u00f4tel Rohan Strasbourg<\/a><\/li><li class='ez-toc-page-1 ez-toc-heading-level-3'><a class=\"ez-toc-link ez-toc-heading-17\" href=\"https:\/\/loudavymkrokem.cz\/es\/donde-alojarse-estrasburgo-francia\/#13_Hotel_de_lEurope_by_HappyCulture\" >13. Hotel de l&#8217;Europe by HappyCulture<\/a><\/li><li class='ez-toc-page-1 ez-toc-heading-level-3'><a class=\"ez-toc-link ez-toc-heading-18\" href=\"https:\/\/loudavymkrokem.cz\/es\/donde-alojarse-estrasburgo-francia\/#14_Logis_Hotel_Au_Cerf_dOr\" >14. Logis H\u00f4tel Au Cerf d&#8217;Or<\/a><\/li><li class='ez-toc-page-1 ez-toc-heading-level-3'><a class=\"ez-toc-link ez-toc-heading-19\" href=\"https:\/\/loudavymkrokem.cz\/es\/donde-alojarse-estrasburgo-francia\/#15_Best_Western_Plus_Hotel_Monopole_Metropole\" >15. Best Western Plus H\u00f4tel Monopole M\u00e9tropole<\/a><\/li><li class='ez-toc-page-1 ez-toc-heading-level-3'><a class=\"ez-toc-link ez-toc-heading-20\" href=\"https:\/\/loudavymkrokem.cz\/es\/donde-alojarse-estrasburgo-francia\/#16_Hotel_Arok\" >16. H\u00f4tel Arok<\/a><\/li><li class='ez-toc-page-1 ez-toc-heading-level-3'><a class=\"ez-toc-link ez-toc-heading-21\" href=\"https:\/\/loudavymkrokem.cz\/es\/donde-alojarse-estrasburgo-francia\/#17_Ciarus\" >17. Ciarus<\/a><\/li><li class='ez-toc-page-1 ez-toc-heading-level-3'><a class=\"ez-toc-link ez-toc-heading-22\" href=\"https:\/\/loudavymkrokem.cz\/es\/donde-alojarse-estrasburgo-francia\/#18_Chateau_de_Pourtales\" >18. Ch\u00e2teau de Pourtal\u00e8s<\/a><\/li><\/ul><\/li><li class='ez-toc-page-1 ez-toc-heading-level-2'><a class=\"ez-toc-link ez-toc-heading-23\" href=\"https:\/\/loudavymkrokem.cz\/es\/donde-alojarse-estrasburgo-francia\/#Como_elegir_el_hotel_adecuado\" >C\u00f3mo elegir el hotel adecuado<\/a><\/li><li class='ez-toc-page-1 ez-toc-heading-level-2'><a class=\"ez-toc-link ez-toc-heading-24\" href=\"https:\/\/loudavymkrokem.cz\/es\/donde-alojarse-estrasburgo-francia\/#Que_ver_despues\" >Qu\u00e9 ver despu\u00e9s<\/a><\/li><li class='ez-toc-page-1 ez-toc-heading-level-2'><a class=\"ez-toc-link ez-toc-heading-25\" href=\"https:\/\/loudavymkrokem.cz\/es\/donde-alojarse-estrasburgo-francia\/#Preguntas_frecuentes\" >Preguntas frecuentes<\/a><ul class='ez-toc-list-level-3' ><li class='ez-toc-heading-level-3'><a class=\"ez-toc-link ez-toc-heading-26\" href=\"https:\/\/loudavymkrokem.cz\/es\/donde-alojarse-estrasburgo-francia\/#%C2%BFCuando_es_el_mejor_momento_para_reservar_hotel_para_los_mercados_navidenos\" >\u00bfCu\u00e1ndo es el mejor momento para reservar hotel para los mercados navide\u00f1os?<\/a><\/li><li class='ez-toc-page-1 ez-toc-heading-level-3'><a class=\"ez-toc-link ez-toc-heading-27\" href=\"https:\/\/loudavymkrokem.cz\/es\/donde-alojarse-estrasburgo-francia\/#%C2%BFDonde_encuentro_el_alojamiento_mas_barato_en_Estrasburgo\" >\u00bfD\u00f3nde encuentro el alojamiento m\u00e1s barato en Estrasburgo?<\/a><\/li><li class='ez-toc-page-1 ez-toc-heading-level-3'><a class=\"ez-toc-link ez-toc-heading-28\" href=\"https:\/\/loudavymkrokem.cz\/es\/donde-alojarse-estrasburgo-francia\/#%C2%BFSe_puede_aparcar_comodamente_junto_al_hotel_en_Estrasburgo\" >\u00bfSe puede aparcar c\u00f3modamente junto al hotel en Estrasburgo?<\/a><\/li><li class='ez-toc-page-1 ez-toc-heading-level-3'><a class=\"ez-toc-link ez-toc-heading-29\" href=\"https:\/\/loudavymkrokem.cz\/es\/donde-alojarse-estrasburgo-francia\/#%C2%BFMerece_la_pena_alojarse_en_el_barrio_de_Petite_France\" >\u00bfMerece la pena alojarse en el barrio de Petite France?<\/a><\/li><li class='ez-toc-page-1 ez-toc-heading-level-3'><a class=\"ez-toc-link ez-toc-heading-30\" href=\"https:\/\/loudavymkrokem.cz\/es\/donde-alojarse-estrasburgo-francia\/#%C2%BFSuben_los_precios_de_los_hoteles_durante_las_sesiones_del_Parlamento_Europeo\" >\u00bfSuben los precios de los hoteles durante las sesiones del Parlamento Europeo?<\/a><\/li><li class='ez-toc-page-1 ez-toc-heading-level-3'><a class=\"ez-toc-link ez-toc-heading-31\" href=\"https:\/\/loudavymkrokem.cz\/es\/donde-alojarse-estrasburgo-francia\/#%C2%BFQue_probar_en_Estrasburgo_de_la_cocina_local\" >\u00bfQu\u00e9 probar en Estrasburgo de la cocina local?<\/a><\/li><li class='ez-toc-page-1 ez-toc-heading-level-3'><a class=\"ez-toc-link ez-toc-heading-32\" href=\"https:\/\/loudavymkrokem.cz\/es\/donde-alojarse-estrasburgo-francia\/#%C2%BFEs_Estrasburgo_una_buena_base_para_excursiones_por_Alsacia\" >\u00bfEs Estrasburgo una buena base para excursiones por Alsacia?<\/a><\/li><\/ul><\/li><\/ul><\/nav><\/div>\n<h3 class=\"wp-block-heading\"><span class=\"ez-toc-section\" id=\"Resumen_para_quienes_no_tienen_tiempo_de_leer_todo_el_articulo\"><\/span>Resumen para quienes no tienen tiempo de leer todo el art\u00edculo<span class=\"ez-toc-section-end\"><\/span><\/h3>\n\n\n\n<p class=\"wp-block-paragraph\">\u00bfNo tienes tiempo de leer todo el art\u00edculo? Sin estr\u00e9s, aqu\u00ed van mis recomendaciones en pocas palabras:<\/p>\n\n\n\n<ul class=\"wp-block-list\">\n\n<li><strong>Mejor hotel en general:<\/strong> <strong>Cour du Corbeau Hotel Strasbourg<\/strong> ocupa un magn\u00edfico edificio del siglo XVI y ofrece la direcci\u00f3n m\u00e1s bonita de la ciudad.<\/li>\n\n\n\n<li><strong>Mejor relaci\u00f3n precio-ubicaci\u00f3n:<\/strong> <strong>Best Western Plus H\u00f4tel Monopole M\u00e9tropole<\/strong>, junto a la estaci\u00f3n, es una opci\u00f3n fiable con excelente acceso al centro.<\/li>\n\n\n\n<li><strong>Para los amantes del lujo y el dise\u00f1o:<\/strong> <strong>L\u00c9ONOR H\u00f4tel<\/strong> combina un interior moderno con arquitectura hist\u00f3rica y tiene su propia pasteler\u00eda de renombre.<\/li>\n\n\n\n<li><strong>Las vistas m\u00e1s rom\u00e1nticas:<\/strong> <strong>Pavillon R\u00e9gent Petite France<\/strong> ofrece escenarios de postal en pleno coraz\u00f3n del pintoresco barrio de los canales.<\/li>\n\n\n\n<li><strong>Ideal para viajeros con coche:<\/strong> <strong>Ch\u00e2teau de Pourtal\u00e8s<\/strong> se encuentra a las afueras, rodeado de verde, y gracias al sistema Park &#038; Ride llegas al centro sin ning\u00fan estr\u00e9s.<\/li>\n\n\n\n<li><strong>Mejor opci\u00f3n econ\u00f3mica:<\/strong> el hostel <strong>Ciarus<\/strong> ofrece habitaciones privadas y compartidas limpias a poca distancia a pie de los principales monumentos.<\/li>\n\n\n<\/ul>\n\n\n\n<p class=\"wp-block-paragraph\"><em>\ud83d\udca1 <a href=\"https:\/\/www.stay22.com\/allez\/roam?aid=lukaskonecny&#038;campaign=loudavymkrokemcz&#038;campaign=kde-bydlet-ve-strasburku&#038;address=%C5%A0trasburk%2C%20Francie\" target=\"_blank\" rel=\"nofollow noopener sponsored\">En este mapa puedes comparar lo que hay disponible ahora mismo<\/a> \u2014 ver\u00e1s tambi\u00e9n cu\u00e1nto m\u00e1s barato sale alojarse a un par de paradas del centro.<\/em><\/p>\n\n\n\n<h2 class=\"wp-block-heading\"><span class=\"ez-toc-section\" id=\"Que_zona_elegir_para_alojarse\"><\/span>Qu\u00e9 zona elegir para alojarse<span class=\"ez-toc-section-end\"><\/span><\/h2>\n\n\n\n<p class=\"wp-block-paragraph\">Estrasburgo es una ciudad bastante compacta, pero sus distintos barrios se diferencian enormemente no solo por su ambiente, sino sobre todo por el nivel de precios. Antes de empezar a navegar por los portales de reserva, <strong>es fundamental tener claro qu\u00e9 zona encaja mejor con tu itinerario<\/strong> y tu presupuesto.<\/p>\n\n\n\n<p class=\"wp-block-paragraph\">El coraz\u00f3n hist\u00f3rico absoluto es la <strong>isla Grande \u00cele<\/strong>, protegida por todos lados por los brazos del r\u00edo Ill y que desde 1988 luce con orgullo su inscripci\u00f3n en la <a href=\"https:\/\/whc.unesco.org\/en\/list\/495\/\" rel=\"nofollow noopener\" target=\"_blank\">lista de la UNESCO<\/a>. Aqu\u00ed encontrar\u00e1s los hoteles m\u00e1s lujosos escondidos en antiqu\u00edsimas casas burguesas, y llegar\u00e1s a la impresionante catedral de Notre Dame en apenas unos pasos. Eso s\u00ed, ten en cuenta que <strong>por esta ubicaci\u00f3n exclusiva pagar\u00e1s bastante m\u00e1s<\/strong>, y en la \u00e9poca de adviento suele estar todo agotado sin remedio.<\/p>\n\n\n\n<p class=\"wp-block-paragraph\">Si sue\u00f1as con fotos perfectas, dir\u00edgete al <strong>barrio de Petite France<\/strong>. Sus callejuelas est\u00e1n flanqueadas por casas de entramado de madera incre\u00edblemente fotog\u00e9nicas, anta\u00f1o de curtidores, que se reflejan rom\u00e1nticamente en las aguas tranquilas de los canales. Es un lugar de cuento para parejas, aunque <strong>en \u00e9poca de mercados navide\u00f1os apenas se puede pasar por estas callejuelas estrechas<\/strong>, as\u00ed que si buscas tranquilidad, en diciembre desde luego no la encontrar\u00e1s aqu\u00ed.<\/p>\n\n\n\n<p class=\"wp-block-paragraph\">Para los viajeros que vigilan el presupuesto, el <strong>claro ganador es la zona de la <a href=\"https:\/\/www.garesetconnexions.sncf\/fr\/gares-services\/strasbourg\" rel=\"nofollow noopener\" target=\"_blank\">estaci\u00f3n de tren (Gare)<\/a><\/strong>. A primera vista no parece sacada de una pel\u00edcula rom\u00e1ntica, pero esconde la mejor relaci\u00f3n entre precio y ubicaci\u00f3n estrat\u00e9gica. A pie llegas al casco hist\u00f3rico en menos de diez minutos y <strong>los hoteles de todas las categor\u00edas suelen ser notablemente m\u00e1s baratos<\/strong> que en la propia isla.<\/p>\n\n\n\n<p class=\"wp-block-paragraph\">Los amantes de la tranquilidad apreciar\u00e1n el <strong>barrio estudiantil de Krutenau y el monumental barrio alem\u00e1n vecino de Neustadt<\/strong>, que por cierto desde 2017 tambi\u00e9n est\u00e1 bajo la protecci\u00f3n de la UNESCO. Justo en estos lugares encontrar\u00e1s alojamientos m\u00e1s tranquilos, y al centro llegas con un agradable paseo de unos quince minutos. Un gran plus es que <strong>los hoteles de estos barrios suelen ser entre un 30 y un 40 por ciento m\u00e1s baratos<\/strong>, lo que en una estancia larga marca una diferencia enorme.<\/p>\n\n\n\n<p class=\"wp-block-paragraph\">Tambi\u00e9n tengo que mencionar el <strong>elegante Barrio Europeo y los alrededores del parque de la Orangerie<\/strong>, que encantar\u00e1n a quien busque escapar de las multitudes de turistas. Desde esta zona verde llegas al centro c\u00f3moda y r\u00e1pidamente con la l\u00ednea de tranv\u00eda E. Las localidades a las afueras, como <strong>Robertsau o Montagne Verte, tienen sentido \u00fanicamente si llegas en coche<\/strong>. Aqu\u00ed aparcar\u00e1s mucho m\u00e1s f\u00e1cil y luego ir\u00e1s al centro aprovechando los aparcamientos disuasorios.<\/p>\n\n\n\n<h2 class=\"wp-block-heading\"><span class=\"ez-toc-section\" id=\"Cuando_ir_y_cuando_reservar_habitacion\"><\/span>Cu\u00e1ndo ir y cu\u00e1ndo reservar habitaci\u00f3n<span class=\"ez-toc-section-end\"><\/span><\/h2>\n\n\n\n<p class=\"wp-block-paragraph\">Planificar el viaje a la capital alsaciana se rige por una regla principal. <strong>En Estrasburgo el precio del alojamiento lo decide sobre todo la fecha<\/strong>, y solo en segundo lugar el propio hotel.<\/p>\n\n\n\n<p class=\"wp-block-paragraph\">Si te preparas para los famosos <a href=\"https:\/\/noel.strasbourg.eu\/en\/accueil\" rel=\"nofollow noopener\" target=\"_blank\">mercados navide\u00f1os<\/a>, que <strong>en 2026 se celebran del 27 de noviembre al 27 de diciembre<\/strong>, tienes que empezar a planificar con much\u00edsima antelaci\u00f3n. El adviento es con diferencia la \u00e9poca m\u00e1s cara de todo el a\u00f1o en esta ciudad, y la diferencia de precio es simplemente abismal. <strong>Los precios del alojamiento en el centro hist\u00f3rico suben hasta el triple de las cifras habituales de enero<\/strong>, lo que convierte a Estrasburgo en uno de los destinos de adviento m\u00e1s caros de Europa.<\/p>\n\n\n\n<p class=\"wp-block-paragraph\">Los hoteles m\u00e1s buscados y mejor valorados de la isla Grande \u00cele se <strong>agotan tranquilamente con seis a nueve meses de antelaci\u00f3n<\/strong>. As\u00ed que si quieres dormir en diciembre justo al lado de la catedral, deber\u00edas tener la reserva resuelta ya en primavera. Pero existe un truco estupendo para ahorrar bastante en alojamiento. <strong>Basta con elegir un hotel a unos veinte minutos a pie del casco hist\u00f3rico<\/strong>, donde los precios de adviento caen entre un 30 y un 40 por ciento.<\/p>\n\n\n\n<p class=\"wp-block-paragraph\">En cuanto al presupuesto total, la opci\u00f3n <strong>claramente m\u00e1s barata es visitar la ciudad en enero<\/strong>, cuando por fin duerme tras las agitadas fiestas y puedes disfrutar de sus encantos sin las multitudes omnipresentes. Ahora bien, si anhelas buen tiempo para largos paseos junto a los canales y sentarte en las terrazas de las cafeter\u00edas, <strong>las condiciones m\u00e1s bonitas las ofrecen mayo, junio y septiembre<\/strong>. Adem\u00e1s, en estos meses los precios del alojamiento se mantienen a un nivel muy razonable.<\/p>\n\n\n\n<p class=\"wp-block-paragraph\">Presta tambi\u00e9n mucha atenci\u00f3n a las <strong>sesiones plenarias peri\u00f3dicas del Parlamento Europeo<\/strong>, que pueden alterar bastante los precios de los hoteles. Durante esos d\u00edas se llenan a toda velocidad las plazas no solo en el propio Barrio Europeo, sino en todo el centro hist\u00f3rico. <strong>Las fechas de las sesiones se pueden consultar f\u00e1cilmente por adelantado en la <a href=\"https:\/\/www.europarl.europa.eu\/plenary\/en\/home.html\" rel=\"nofollow noopener\" target=\"_blank\">p\u00e1gina oficial<\/a><\/strong>, y si no tienes una fecha fija, sin duda merece la pena planificar el viaje fuera de esos d\u00edas.<\/p>\n\n\n\n<h2 class=\"wp-block-heading\"><span class=\"ez-toc-section\" id=\"Donde_alojarse_en_Estrasburgo_los_18_mejores_hoteles\"><\/span>D\u00f3nde alojarse en Estrasburgo: los 18 mejores hoteles<span class=\"ez-toc-section-end\"><\/span><\/h2>\n\n\n\n<p class=\"wp-block-paragraph\">Vamos a ver recomendaciones concretas de <strong>d\u00f3nde alojarse en Estrasburgo<\/strong> para llevarte las mejores experiencias. He seleccionado para ti alojamientos de distintas categor\u00edas de precio, <strong>desde lujosos palacios hist\u00f3ricos hasta la opci\u00f3n inteligente junto a la estaci\u00f3n<\/strong>.<\/p>\n\n\n\n<figure data-wp-context=\"{&quot;imageId&quot;:&quot;6a9ce3b93214c&quot;}\" data-wp-interactive=\"core\/image\" data-wp-key=\"6a9ce3b93214c\" class=\"wp-block-image size-full wp-lightbox-container\"><img decoding=\"async\" width=\"1600\" height=\"1067\" data-wp-class--hide=\"state.isContentHidden\" data-wp-class--show=\"state.isContentVisible\" data-wp-init=\"callbacks.setButtonStyles\" data-wp-on--click=\"actions.showLightbox\" data-wp-on--load=\"callbacks.setButtonStyles\" data-wp-on--pointerdown=\"actions.preloadImage\" data-wp-on--pointerenter=\"actions.preloadImageWithDelay\" data-wp-on--pointerleave=\"actions.cancelPreload\" data-wp-on-window--resize=\"callbacks.setButtonStyles\" src=\"https:\/\/loudavymkrokem.cz\/wp-content\/uploads\/2026\/09\/cour-du-corbeau-hotel-strasbourg-mgallery.jpg\" alt=\"Hotel Cour du Corbeau Hotel Strasbourg MGallery\" class=\"wp-image-413030\" title=\"\" srcset=\"https:\/\/loudavymkrokem.cz\/wp-content\/uploads\/2026\/09\/cour-du-corbeau-hotel-strasbourg-mgallery.jpg 1600w, https:\/\/loudavymkrokem.cz\/wp-content\/uploads\/2026\/09\/cour-du-corbeau-hotel-strasbourg-mgallery-300x200.jpg 300w, https:\/\/loudavymkrokem.cz\/wp-content\/uploads\/2026\/09\/cour-du-corbeau-hotel-strasbourg-mgallery-700x467.jpg 700w, https:\/\/loudavymkrokem.cz\/wp-content\/uploads\/2026\/09\/cour-du-corbeau-hotel-strasbourg-mgallery-768x512.jpg 768w, https:\/\/loudavymkrokem.cz\/wp-content\/uploads\/2026\/09\/cour-du-corbeau-hotel-strasbourg-mgallery-1536x1024.jpg 1536w, https:\/\/loudavymkrokem.cz\/wp-content\/uploads\/2026\/09\/cour-du-corbeau-hotel-strasbourg-mgallery-696x464.jpg 696w, https:\/\/loudavymkrokem.cz\/wp-content\/uploads\/2026\/09\/cour-du-corbeau-hotel-strasbourg-mgallery-1392x928.jpg 1392w\" sizes=\"(max-width: 1600px) 100vw, 1600px\" \/><button\n\t\t\tclass=\"lightbox-trigger\"\n\t\t\ttype=\"button\"\n\t\t\taria-haspopup=\"dialog\"\n\t\t\tdata-wp-bind--aria-label=\"state.thisImage.triggerButtonAriaLabel\"\n\t\t\tdata-wp-init=\"callbacks.initTriggerButton\"\n\t\t\tdata-wp-on--click=\"actions.showLightbox\"\n\t\t\tdata-wp-style--right=\"state.thisImage.buttonRight\"\n\t\t\tdata-wp-style--top=\"state.thisImage.buttonTop\"\n\t\t>\n\t\t\t<svg xmlns=\"http:\/\/www.w3.org\/2000\/svg\" width=\"12\" height=\"12\" fill=\"none\" viewBox=\"0 0 12 12\">\n\t\t\t\t<path fill=\"#fff\" d=\"M2 0a2 2 0 0 0-2 2v2h1.5V2a.5.5 0 0 1 .5-.5h2V0H2Zm2 10.5H2a.5.5 0 0 1-.5-.5V8H0v2a2 2 0 0 0 2 2h2v-1.5ZM8 12v-1.5h2a.5.5 0 0 0 .5-.5V8H12v2a2 2 0 0 1-2 2H8Zm2-12a2 2 0 0 1 2 2v2h-1.5V2a.5.5 0 0 0-.5-.5H8V0h2Z\" \/>\n\t\t\t<\/svg>\n\t\t<\/button><figcaption class=\"wp-element-caption\">Foto: Cour du Corbeau Hotel Strasbourg &#8211; MGallery Collection \/ Google Maps<\/figcaption><\/figure>\n\n\n\n<h3 class=\"wp-block-heading\"><span class=\"ez-toc-section\" id=\"1_Cour_du_Corbeau_Hotel_Strasbourg_MGallery\"><\/span>1. Cour du Corbeau Hotel Strasbourg MGallery<span class=\"ez-toc-section-end\"><\/span><\/h3>\n\n\n\n<p class=\"wp-block-paragraph\">Este encantador hotel <strong><a href=\"https:\/\/www.stay22.com\/allez\/roam?aid=lukaskonecny&#038;campaign=loudavymkrokemcz&#038;campaign=kde-bydlet-ve-strasburku&#038;hotelname=Cour%20du%20Corbeau%20Hotel%20Strasbourg%20MGallery&#038;address=%C5%A0trasburk%2C%20Francie\" target=\"_blank\" rel=\"noopener nofollow sponsored\">Cour du Corbeau Hotel Strasbourg MGallery<\/a><\/strong>, que ya nada m\u00e1s entrar te convence de que no has pagado de m\u00e1s para nada, presume de una fant\u00e1stica valoraci\u00f3n de 4,8 sobre m\u00e1s de mil doscientas rese\u00f1as, lo que lo convierte en <strong>el alojamiento mejor valorado de toda la ciudad, sin competencia<\/strong>. Ocupa un edificio cuidadosamente restaurado que data ya del siglo XVI y que te cautiva de inmediato al entrar. <strong>La t\u00edpica galer\u00eda de madera y el incre\u00edblemente tranquilo patio interior<\/strong> crean una atm\u00f3sfera \u00fanica, como si de golpe te hubieras trasladado a otra \u00e9poca hist\u00f3rica.<\/p>\n\n\n\n<p class=\"wp-block-paragraph\">Se encuentra a solo unos minutos de agradable paseo de la catedral de Notre Dame, as\u00ed que tienes <strong>todos los principales monumentos al alcance de la mano<\/strong>, pero a la vez disfrutas de una tranquilidad perfecta, apartado del mayor bullicio tur\u00edstico. Cada habitaci\u00f3n es aqu\u00ed \u00fanica, con detalles diferentes, y <strong>todo el conjunto respira una historia incre\u00edble<\/strong>, que el equipamiento moderno y de alto confort solo complementa con sensibilidad y funcionalidad.<\/p>\n\n\n\n<p class=\"wp-block-paragraph\">El personal sabe c\u00f3mo cuidar al hu\u00e9sped \u2014 \u00bfy el desayuno? Boller\u00eda alsaciana reci\u00e9n hecha, quesos locales, buen caf\u00e9. Por la ma\u00f1ana no querr\u00e1s levantarte de la cama. Adem\u00e1s, en los alrededores encontrar\u00e1s un sinf\u00edn de excelentes restaurantes tradicionales a los que ir a cenar rom\u00e1nticamente.<\/p>\n\n\n\n<p class=\"wp-block-paragraph\">\ud83d\udca1 <strong>Consejo:<\/strong> Si buscas <strong>la direcci\u00f3n m\u00e1s bonita de Estrasburgo<\/strong> y no te importa pagar algo m\u00e1s por un lujo excepcional unido a un servicio impecable, este hotel te encantar\u00e1 sin duda y la propia estancia se convertir\u00e1 en una experiencia inolvidable.<\/p>\n\n\n\n<figure data-wp-context=\"{&quot;imageId&quot;:&quot;6a9ce3b9326d4&quot;}\" data-wp-interactive=\"core\/image\" data-wp-key=\"6a9ce3b9326d4\" class=\"wp-block-image size-full wp-lightbox-container\"><img decoding=\"async\" width=\"1600\" height=\"1067\" data-wp-class--hide=\"state.isContentHidden\" data-wp-class--show=\"state.isContentVisible\" data-wp-init=\"callbacks.setButtonStyles\" data-wp-on--click=\"actions.showLightbox\" data-wp-on--load=\"callbacks.setButtonStyles\" data-wp-on--pointerdown=\"actions.preloadImage\" data-wp-on--pointerenter=\"actions.preloadImageWithDelay\" data-wp-on--pointerleave=\"actions.cancelPreload\" data-wp-on-window--resize=\"callbacks.setButtonStyles\" src=\"https:\/\/loudavymkrokem.cz\/wp-content\/uploads\/2026\/09\/les-haras-h-tel-by-stay-collection.jpg\" alt=\"Hotel Les Haras H\u00f4tel by Stay Collection\" class=\"wp-image-413036\" title=\"\" srcset=\"https:\/\/loudavymkrokem.cz\/wp-content\/uploads\/2026\/09\/les-haras-h-tel-by-stay-collection.jpg 1600w, https:\/\/loudavymkrokem.cz\/wp-content\/uploads\/2026\/09\/les-haras-h-tel-by-stay-collection-300x200.jpg 300w, https:\/\/loudavymkrokem.cz\/wp-content\/uploads\/2026\/09\/les-haras-h-tel-by-stay-collection-700x467.jpg 700w, https:\/\/loudavymkrokem.cz\/wp-content\/uploads\/2026\/09\/les-haras-h-tel-by-stay-collection-768x512.jpg 768w, https:\/\/loudavymkrokem.cz\/wp-content\/uploads\/2026\/09\/les-haras-h-tel-by-stay-collection-1536x1024.jpg 1536w, https:\/\/loudavymkrokem.cz\/wp-content\/uploads\/2026\/09\/les-haras-h-tel-by-stay-collection-696x464.jpg 696w, https:\/\/loudavymkrokem.cz\/wp-content\/uploads\/2026\/09\/les-haras-h-tel-by-stay-collection-1392x928.jpg 1392w\" sizes=\"(max-width: 1600px) 100vw, 1600px\" \/><button\n\t\t\tclass=\"lightbox-trigger\"\n\t\t\ttype=\"button\"\n\t\t\taria-haspopup=\"dialog\"\n\t\t\tdata-wp-bind--aria-label=\"state.thisImage.triggerButtonAriaLabel\"\n\t\t\tdata-wp-init=\"callbacks.initTriggerButton\"\n\t\t\tdata-wp-on--click=\"actions.showLightbox\"\n\t\t\tdata-wp-style--right=\"state.thisImage.buttonRight\"\n\t\t\tdata-wp-style--top=\"state.thisImage.buttonTop\"\n\t\t>\n\t\t\t<svg xmlns=\"http:\/\/www.w3.org\/2000\/svg\" width=\"12\" height=\"12\" fill=\"none\" viewBox=\"0 0 12 12\">\n\t\t\t\t<path fill=\"#fff\" d=\"M2 0a2 2 0 0 0-2 2v2h1.5V2a.5.5 0 0 1 .5-.5h2V0H2Zm2 10.5H2a.5.5 0 0 1-.5-.5V8H0v2a2 2 0 0 0 2 2h2v-1.5ZM8 12v-1.5h2a.5.5 0 0 0 .5-.5V8H12v2a2 2 0 0 1-2 2H8Zm2-12a2 2 0 0 1 2 2v2h-1.5V2a.5.5 0 0 0-.5-.5H8V0h2Z\" \/>\n\t\t\t<\/svg>\n\t\t<\/button><figcaption class=\"wp-element-caption\">Foto: Les Haras H\u00f4tel by Stay Collection \/ Google Maps<\/figcaption><\/figure>\n\n\n\n<h3 class=\"wp-block-heading\"><span class=\"ez-toc-section\" id=\"2_Les_Haras_Hotel_by_Stay_Collection\"><\/span>2. Les Haras H\u00f4tel by Stay Collection<span class=\"ez-toc-section-end\"><\/span><\/h3>\n\n\n\n<p class=\"wp-block-paragraph\">Imag\u00ednate alojarte en un amplio edificio que anta\u00f1o serv\u00eda como una prestigiosa cuadra real del siglo XVIII y que hoy se ha transformado en el impresionante hotel de dise\u00f1o <strong><a href=\"https:\/\/www.stay22.com\/allez\/roam?aid=lukaskonecny&#038;campaign=loudavymkrokemcz&#038;campaign=kde-bydlet-ve-strasburku&#038;hotelname=Les%20Haras%20H%C3%B4tel%20by%20Stay%20Collection&#038;address=%C5%A0trasburk%2C%20Francie\" target=\"_blank\" rel=\"noopener nofollow sponsored\">Les Haras H\u00f4tel by Stay Collection<\/a><\/strong>, con una estupenda valoraci\u00f3n de 4,6. Los arquitectos hicieron aqu\u00ed un gran trabajo al <strong>combinar a la perfecci\u00f3n las antiguas vigas de madera vistas con la elegancia moderna<\/strong>, el cuero y materiales de lujo.<\/p>\n\n\n\n<p class=\"wp-block-paragraph\">El gran atractivo de este complejo de cuatro estrellas es el <strong>precioso spa del hotel con piscina<\/strong>, donde puedes concederte un merecido descanso tras un largo d\u00eda explorando la capital alsaciana. Merece menci\u00f3n aparte tambi\u00e9n el <strong>muy valorado restaurante ubicado en los establos originales (s\u00ed, comes donde anta\u00f1o estaban los caballos, y no resulta nada raro, m\u00e1s bien al contrario)<\/strong>, que ofrece una experiencia culinaria estupenda.<\/p>\n\n\n\n<p class=\"wp-block-paragraph\">El hotel se encuentra en una parte algo m\u00e1s tranquila de la ciudad, pero al casco hist\u00f3rico y al c\u00e9lebre barrio de Petite France llegas con un agradable paseo en menos de diez minutos. <strong>Las habitaciones son muy espaciosas, con un aislamiento ac\u00fastico superior a la media<\/strong> y presumen de camas de primera, gracias a las cuales dormir\u00e1s a pierna suelta en tus viajes.<\/p>\n\n\n\n<p class=\"wp-block-paragraph\">\ud83d\udca1 <strong>Consejo:<\/strong> Este hotel es <strong>la opci\u00f3n ideal para los amantes del dise\u00f1o de primera y de la historia \u00fanica<\/strong>, que apreciar\u00e1n una ubicaci\u00f3n m\u00e1s tranquila con un servicio fant\u00e1stico. Si quieres disfrutar de una velada opulenta, no olvides reservar mesa en el restaurante con suficiente antelaci\u00f3n.<\/p>\n\n\n\n<figure data-wp-context=\"{&quot;imageId&quot;:&quot;6a9ce3b932bc3&quot;}\" data-wp-interactive=\"core\/image\" data-wp-key=\"6a9ce3b932bc3\" class=\"wp-block-image size-full wp-lightbox-container\"><img decoding=\"async\" width=\"1600\" height=\"1600\" data-wp-class--hide=\"state.isContentHidden\" data-wp-class--show=\"state.isContentVisible\" data-wp-init=\"callbacks.setButtonStyles\" data-wp-on--click=\"actions.showLightbox\" data-wp-on--load=\"callbacks.setButtonStyles\" data-wp-on--pointerdown=\"actions.preloadImage\" data-wp-on--pointerenter=\"actions.preloadImageWithDelay\" data-wp-on--pointerleave=\"actions.cancelPreload\" data-wp-on-window--resize=\"callbacks.setButtonStyles\" src=\"https:\/\/loudavymkrokem.cz\/wp-content\/uploads\/2026\/09\/maison-rouge-strasbourg-hotel-spa.jpg\" alt=\"Hotel Maison Rouge Strasbourg Hotel &#038; Spa\" class=\"wp-image-413042\" title=\"\" srcset=\"https:\/\/loudavymkrokem.cz\/wp-content\/uploads\/2026\/09\/maison-rouge-strasbourg-hotel-spa.jpg 1600w, https:\/\/loudavymkrokem.cz\/wp-content\/uploads\/2026\/09\/maison-rouge-strasbourg-hotel-spa-300x300.jpg 300w, https:\/\/loudavymkrokem.cz\/wp-content\/uploads\/2026\/09\/maison-rouge-strasbourg-hotel-spa-700x700.jpg 700w, https:\/\/loudavymkrokem.cz\/wp-content\/uploads\/2026\/09\/maison-rouge-strasbourg-hotel-spa-150x150.jpg 150w, https:\/\/loudavymkrokem.cz\/wp-content\/uploads\/2026\/09\/maison-rouge-strasbourg-hotel-spa-768x768.jpg 768w, https:\/\/loudavymkrokem.cz\/wp-content\/uploads\/2026\/09\/maison-rouge-strasbourg-hotel-spa-1536x1536.jpg 1536w, https:\/\/loudavymkrokem.cz\/wp-content\/uploads\/2026\/09\/maison-rouge-strasbourg-hotel-spa-696x696.jpg 696w, https:\/\/loudavymkrokem.cz\/wp-content\/uploads\/2026\/09\/maison-rouge-strasbourg-hotel-spa-1392x1392.jpg 1392w\" sizes=\"(max-width: 1600px) 100vw, 1600px\" \/><button\n\t\t\tclass=\"lightbox-trigger\"\n\t\t\ttype=\"button\"\n\t\t\taria-haspopup=\"dialog\"\n\t\t\tdata-wp-bind--aria-label=\"state.thisImage.triggerButtonAriaLabel\"\n\t\t\tdata-wp-init=\"callbacks.initTriggerButton\"\n\t\t\tdata-wp-on--click=\"actions.showLightbox\"\n\t\t\tdata-wp-style--right=\"state.thisImage.buttonRight\"\n\t\t\tdata-wp-style--top=\"state.thisImage.buttonTop\"\n\t\t>\n\t\t\t<svg xmlns=\"http:\/\/www.w3.org\/2000\/svg\" width=\"12\" height=\"12\" fill=\"none\" viewBox=\"0 0 12 12\">\n\t\t\t\t<path fill=\"#fff\" d=\"M2 0a2 2 0 0 0-2 2v2h1.5V2a.5.5 0 0 1 .5-.5h2V0H2Zm2 10.5H2a.5.5 0 0 1-.5-.5V8H0v2a2 2 0 0 0 2 2h2v-1.5ZM8 12v-1.5h2a.5.5 0 0 0 .5-.5V8H12v2a2 2 0 0 1-2 2H8Zm2-12a2 2 0 0 1 2 2v2h-1.5V2a.5.5 0 0 0-.5-.5H8V0h2Z\" \/>\n\t\t\t<\/svg>\n\t\t<\/button><figcaption class=\"wp-element-caption\">Foto: Taiwan Cherry \/ Google Maps<\/figcaption><\/figure>\n\n\n\n<h3 class=\"wp-block-heading\"><span class=\"ez-toc-section\" id=\"3_Maison_Rouge_Strasbourg_Hotel_Spa\"><\/span>3. Maison Rouge Strasbourg Hotel &#038; Spa<span class=\"ez-toc-section-end\"><\/span><\/h3>\n\n\n\n<p class=\"wp-block-paragraph\">Este cl\u00e1sico de Estrasburgo, el <strong><a href=\"https:\/\/www.stay22.com\/allez\/roam?aid=lukaskonecny&#038;campaign=loudavymkrokemcz&#038;campaign=kde-bydlet-ve-strasburku&#038;hotelname=Maison%20Rouge%20Strasbourg%20Hotel%20%26%20Spa&#038;address=%C5%A0trasburk%2C%20Francie\" target=\"_blank\" rel=\"noopener nofollow sponsored\">Maison Rouge Strasbourg Hotel &#038; Spa<\/a><\/strong> de la prestigiosa Autograph Collection, mantiene una estupenda valoraci\u00f3n de 4,5 sobre m\u00e1s de mil setecientas rese\u00f1as. Se encuentra en un llamativo edificio de ladrillo <strong>a solo unos pasos de la impresionante catedral de Notre Dame y de la plaza Kl\u00e9ber<\/strong>, as\u00ed que est\u00e1 justo en el coraz\u00f3n m\u00e1s vibrante de la ciudad. Las habitaciones est\u00e1n decoradas en un estilo cl\u00e1sico y atemporal que <strong>remite bellamente a la rica tradici\u00f3n de la hospitalidad alsaciana<\/strong>.<\/p>\n\n\n\n<p class=\"wp-block-paragraph\">Los hu\u00e9spedes elogian especialmente el <strong>precioso sal\u00f3n de desayunos ricamente decorado con frescos originales<\/strong>, donde el d\u00eda empieza a lo grande ante mesas repletas de quesos locales, baguettes reci\u00e9n hechas y boller\u00eda dulce. Tras exigentes paseos por las pintorescas callejuelas, seguro que agradecer\u00e1s el <strong>acceso al moderno spa y zona de wellness del hotel<\/strong>, que ofrece un relax perfecto para las piernas cansadas.<\/p>\n\n\n\n<p class=\"wp-block-paragraph\">A pesar de su ubicaci\u00f3n extremadamente c\u00e9ntrica, el hotel ofrece un refugio perfecto frente al bullicio del entorno. <strong>Desde algunas habitaciones de las plantas superiores se disfruta adem\u00e1s de una vista incre\u00edble<\/strong> directamente a la torre de la catedral, algo que apreciar\u00e1s sobre todo con la iluminaci\u00f3n nocturna de la ciudad.<\/p>\n\n\n\n<p class=\"wp-block-paragraph\">\ud83d\udca1 <strong>Consejo:<\/strong> Elige este hotel si tu prioridad es alojarte <strong>en el mism\u00edsimo epicentro de la acci\u00f3n<\/strong> y te gusta la elegancia francesa tradicional unida a los servicios profesionales de un gran hotel hist\u00f3ricamente consolidado.<\/p>\n\n\n\n<figure data-wp-context=\"{&quot;imageId&quot;:&quot;6a9ce3b9330ac&quot;}\" data-wp-interactive=\"core\/image\" data-wp-key=\"6a9ce3b9330ac\" class=\"wp-block-image size-full wp-lightbox-container\"><img decoding=\"async\" width=\"1600\" height=\"2133\" data-wp-class--hide=\"state.isContentHidden\" data-wp-class--show=\"state.isContentVisible\" data-wp-init=\"callbacks.setButtonStyles\" data-wp-on--click=\"actions.showLightbox\" data-wp-on--load=\"callbacks.setButtonStyles\" data-wp-on--pointerdown=\"actions.preloadImage\" data-wp-on--pointerenter=\"actions.preloadImageWithDelay\" data-wp-on--pointerleave=\"actions.cancelPreload\" data-wp-on-window--resize=\"callbacks.setButtonStyles\" src=\"https:\/\/loudavymkrokem.cz\/wp-content\/uploads\/2026\/09\/h-tel-beaucour.jpg\" alt=\"Hotel H\u00f4tel Beaucour\" class=\"wp-image-413048\" title=\"\" srcset=\"https:\/\/loudavymkrokem.cz\/wp-content\/uploads\/2026\/09\/h-tel-beaucour.jpg 1600w, https:\/\/loudavymkrokem.cz\/wp-content\/uploads\/2026\/09\/h-tel-beaucour-225x300.jpg 225w, https:\/\/loudavymkrokem.cz\/wp-content\/uploads\/2026\/09\/h-tel-beaucour-700x933.jpg 700w, https:\/\/loudavymkrokem.cz\/wp-content\/uploads\/2026\/09\/h-tel-beaucour-768x1024.jpg 768w, https:\/\/loudavymkrokem.cz\/wp-content\/uploads\/2026\/09\/h-tel-beaucour-1152x1536.jpg 1152w, https:\/\/loudavymkrokem.cz\/wp-content\/uploads\/2026\/09\/h-tel-beaucour-1536x2048.jpg 1536w, https:\/\/loudavymkrokem.cz\/wp-content\/uploads\/2026\/09\/h-tel-beaucour-696x928.jpg 696w, https:\/\/loudavymkrokem.cz\/wp-content\/uploads\/2026\/09\/h-tel-beaucour-1392x1856.jpg 1392w\" sizes=\"(max-width: 1600px) 100vw, 1600px\" \/><button\n\t\t\tclass=\"lightbox-trigger\"\n\t\t\ttype=\"button\"\n\t\t\taria-haspopup=\"dialog\"\n\t\t\tdata-wp-bind--aria-label=\"state.thisImage.triggerButtonAriaLabel\"\n\t\t\tdata-wp-init=\"callbacks.initTriggerButton\"\n\t\t\tdata-wp-on--click=\"actions.showLightbox\"\n\t\t\tdata-wp-style--right=\"state.thisImage.buttonRight\"\n\t\t\tdata-wp-style--top=\"state.thisImage.buttonTop\"\n\t\t>\n\t\t\t<svg xmlns=\"http:\/\/www.w3.org\/2000\/svg\" width=\"12\" height=\"12\" fill=\"none\" viewBox=\"0 0 12 12\">\n\t\t\t\t<path fill=\"#fff\" d=\"M2 0a2 2 0 0 0-2 2v2h1.5V2a.5.5 0 0 1 .5-.5h2V0H2Zm2 10.5H2a.5.5 0 0 1-.5-.5V8H0v2a2 2 0 0 0 2 2h2v-1.5ZM8 12v-1.5h2a.5.5 0 0 0 .5-.5V8H12v2a2 2 0 0 1-2 2H8Zm2-12a2 2 0 0 1 2 2v2h-1.5V2a.5.5 0 0 0-.5-.5H8V0h2Z\" \/>\n\t\t\t<\/svg>\n\t\t<\/button><figcaption class=\"wp-element-caption\">Foto: H\u00f4tel Beaucour \/ Google Maps<\/figcaption><\/figure>\n\n\n\n<h3 class=\"wp-block-heading\"><span class=\"ez-toc-section\" id=\"4_Hotel_Beaucour\"><\/span>4. H\u00f4tel Beaucour<span class=\"ez-toc-section-end\"><\/span><\/h3>\n\n\n\n<p class=\"wp-block-paragraph\">Este encantador <strong><a href=\"https:\/\/www.stay22.com\/allez\/roam?aid=lukaskonecny&#038;campaign=loudavymkrokemcz&#038;campaign=kde-bydlet-ve-strasburku&#038;hotelname=H%C3%B4tel%20Beaucour&#038;address=%C5%A0trasburk%2C%20Francie\" target=\"_blank\" rel=\"noopener nofollow sponsored\">H\u00f4tel Beaucour<\/a><\/strong>, con una excelente valoraci\u00f3n de 4,6, ocupa una tradicional casa urbana de entramado de madera y ofrece una <strong>estupenda relaci\u00f3n entre la maravillosa atm\u00f3sfera de \u00e9poca y el precio, justo en el casco hist\u00f3rico<\/strong>. Nada m\u00e1s llegar te sorprender\u00e1 el pintoresco patio interior, que esconde una preciosa y silenciosa terraza plantada de flores. Es <strong>el oasis de calma perfecto en medio de la ajetreada ciudad<\/strong>, donde puedes sentarte con un libro y descansar de las multitudes de turistas.<\/p>\n\n\n\n<p class=\"wp-block-paragraph\">Las habitaciones est\u00e1n decoradas de forma muy acogedora, a menudo con vigas de madera vistas y elegante mobiliario de \u00e9poca. Si buscas algo realmente especial, te alegrar\u00e1 saber que <strong>algunas de las habitaciones seleccionadas cuentan incluso con su propia ba\u00f1era de hidromasaje grande<\/strong>. Es un lugar donde, gracias a su ambiente \u00edntimo, te sentir\u00e1s como en casa al instante, y el personal destaca por su calidez excepcional y su disposici\u00f3n a aconsejarte con la planificaci\u00f3n del programa.<\/p>\n\n\n\n<p class=\"wp-block-paragraph\">Por la ma\u00f1ana se sirve un abundante desayuno en un comedor con estilo, donde no faltan quesos alsacianos frescos, boller\u00eda crujiente y mermeladas locales. Gracias a su ubicaci\u00f3n a poca distancia del r\u00edo Ill, <strong>tienes todos los monumentos a poca distancia a pie<\/strong>, pero a la vez no duermes justo en las plazas m\u00e1s ruidosas.<\/p>\n\n\n\n<p class=\"wp-block-paragraph\">\ud83d\udca1 <strong>Consejo:<\/strong> Estupenda opci\u00f3n para parejas que quieren una casa de entramado de madera, un patio tranquilo y su propia ba\u00f1era de hidromasaje \u2014 sin pagar por ello como en un hotel de cinco estrellas junto a la catedral. \ud83d\ude09<\/p>\n\n\n\n<figure data-wp-context=\"{&quot;imageId&quot;:&quot;6a9ce3b9335d4&quot;}\" data-wp-interactive=\"core\/image\" data-wp-key=\"6a9ce3b9335d4\" class=\"wp-block-image size-full wp-lightbox-container\"><img decoding=\"async\" width=\"1600\" height=\"1068\" data-wp-class--hide=\"state.isContentHidden\" data-wp-class--show=\"state.isContentVisible\" data-wp-init=\"callbacks.setButtonStyles\" data-wp-on--click=\"actions.showLightbox\" data-wp-on--load=\"callbacks.setButtonStyles\" data-wp-on--pointerdown=\"actions.preloadImage\" data-wp-on--pointerenter=\"actions.preloadImageWithDelay\" data-wp-on--pointerleave=\"actions.cancelPreload\" data-wp-on-window--resize=\"callbacks.setButtonStyles\" src=\"https:\/\/loudavymkrokem.cz\/wp-content\/uploads\/2026\/09\/l-onor-h-tel-by-stay-collection.jpg\" alt=\"Hotel L\u00c9ONOR H\u00f4tel by Stay Collection\" class=\"wp-image-413054\" title=\"\" srcset=\"https:\/\/loudavymkrokem.cz\/wp-content\/uploads\/2026\/09\/l-onor-h-tel-by-stay-collection.jpg 1600w, https:\/\/loudavymkrokem.cz\/wp-content\/uploads\/2026\/09\/l-onor-h-tel-by-stay-collection-300x200.jpg 300w, https:\/\/loudavymkrokem.cz\/wp-content\/uploads\/2026\/09\/l-onor-h-tel-by-stay-collection-700x467.jpg 700w, https:\/\/loudavymkrokem.cz\/wp-content\/uploads\/2026\/09\/l-onor-h-tel-by-stay-collection-768x513.jpg 768w, https:\/\/loudavymkrokem.cz\/wp-content\/uploads\/2026\/09\/l-onor-h-tel-by-stay-collection-1536x1025.jpg 1536w, https:\/\/loudavymkrokem.cz\/wp-content\/uploads\/2026\/09\/l-onor-h-tel-by-stay-collection-696x465.jpg 696w, https:\/\/loudavymkrokem.cz\/wp-content\/uploads\/2026\/09\/l-onor-h-tel-by-stay-collection-1392x929.jpg 1392w\" sizes=\"(max-width: 1600px) 100vw, 1600px\" \/><button\n\t\t\tclass=\"lightbox-trigger\"\n\t\t\ttype=\"button\"\n\t\t\taria-haspopup=\"dialog\"\n\t\t\tdata-wp-bind--aria-label=\"state.thisImage.triggerButtonAriaLabel\"\n\t\t\tdata-wp-init=\"callbacks.initTriggerButton\"\n\t\t\tdata-wp-on--click=\"actions.showLightbox\"\n\t\t\tdata-wp-style--right=\"state.thisImage.buttonRight\"\n\t\t\tdata-wp-style--top=\"state.thisImage.buttonTop\"\n\t\t>\n\t\t\t<svg xmlns=\"http:\/\/www.w3.org\/2000\/svg\" width=\"12\" height=\"12\" fill=\"none\" viewBox=\"0 0 12 12\">\n\t\t\t\t<path fill=\"#fff\" d=\"M2 0a2 2 0 0 0-2 2v2h1.5V2a.5.5 0 0 1 .5-.5h2V0H2Zm2 10.5H2a.5.5 0 0 1-.5-.5V8H0v2a2 2 0 0 0 2 2h2v-1.5ZM8 12v-1.5h2a.5.5 0 0 0 .5-.5V8H12v2a2 2 0 0 1-2 2H8Zm2-12a2 2 0 0 1 2 2v2h-1.5V2a.5.5 0 0 0-.5-.5H8V0h2Z\" \/>\n\t\t\t<\/svg>\n\t\t<\/button><figcaption class=\"wp-element-caption\">Foto: L\u00c9ONOR H\u00f4tel \/ Google Maps<\/figcaption><\/figure>\n\n\n\n<h3 class=\"wp-block-heading\"><span class=\"ez-toc-section\" id=\"5_LEONOR_Hotel_by_Stay_Collection\"><\/span>5. L\u00c9ONOR H\u00f4tel by Stay Collection<span class=\"ez-toc-section-end\"><\/span><\/h3>\n\n\n\n<p class=\"wp-block-paragraph\">Lujo moderno y bien pensado enmarcado en un magn\u00edfico edificio hist\u00f3rico; as\u00ed se podr\u00eda describir en pocas palabras el estiloso <strong><a href=\"https:\/\/www.stay22.com\/allez\/roam?aid=lukaskonecny&#038;campaign=loudavymkrokemcz&#038;campaign=kde-bydlet-ve-strasburku&#038;hotelname=L%C3%89ONOR%20H%C3%B4tel%20by%20Stay%20Collection&#038;address=%C5%A0trasburk%2C%20Francie\" target=\"_blank\" rel=\"noopener nofollow sponsored\">L\u00c9ONOR H\u00f4tel by Stay Collection<\/a><\/strong>, que presume de una excelente valoraci\u00f3n de 4,7. Los interiores son <strong>obra de destacados dise\u00f1adores franceses<\/strong> y combinan con muy buen gusto colores intensos y atrevidos con l\u00edneas limpias y elegantes y elementos arquitect\u00f3nicos hist\u00f3ricos originales.<\/p>\n\n\n\n<p class=\"wp-block-paragraph\">El enorme atractivo de este lugar es sin duda su <strong>propia pasteler\u00eda y su c\u00e9lebre restaurante<\/strong>, adonde acuden encantados en busca de experiencias culinarias incluso los propios lugare\u00f1os. El enorme y amplio patio interior funciona durante los meses m\u00e1s c\u00e1lidos como el <strong>animado centro social de todo el hotel<\/strong>, donde puedes tomar tranquilamente un caf\u00e9 de especialidad o una copa antes de salir a la ciudad.<\/p>\n\n\n\n<p class=\"wp-block-paragraph\">Las habitaciones est\u00e1n equipadas con la \u00faltima tecnolog\u00eda, cosm\u00e9tica pr\u00e9mium y enormes camas de las que no querr\u00e1s levantarte por la ma\u00f1ana. Aunque el hotel se encuentra cerca del centro, <strong>gracias a la inteligente distribuci\u00f3n de los edificios ofrece calma y silencio<\/strong> para un sue\u00f1o sin interrupciones.<\/p>\n\n\n\n<p class=\"wp-block-paragraph\">\ud83d\udca1 <strong>Consejo:<\/strong> L\u00c9ONOR encantar\u00e1 a cualquiera que ame la <strong>combinaci\u00f3n de arquitectura antigua y noble con un dise\u00f1o muy moderno y fresco<\/strong>, y que a la vez exija servicios gastron\u00f3micos de primera bajo su propio techo.<\/p>\n\n\n\n<figure data-wp-context=\"{&quot;imageId&quot;:&quot;6a9ce3b933ad3&quot;}\" data-wp-interactive=\"core\/image\" data-wp-key=\"6a9ce3b933ad3\" class=\"wp-block-image size-full wp-lightbox-container\"><img decoding=\"async\" width=\"1280\" height=\"853\" data-wp-class--hide=\"state.isContentHidden\" data-wp-class--show=\"state.isContentVisible\" data-wp-init=\"callbacks.setButtonStyles\" data-wp-on--click=\"actions.showLightbox\" data-wp-on--load=\"callbacks.setButtonStyles\" data-wp-on--pointerdown=\"actions.preloadImage\" data-wp-on--pointerenter=\"actions.preloadImageWithDelay\" data-wp-on--pointerleave=\"actions.cancelPreload\" data-wp-on-window--resize=\"callbacks.setButtonStyles\" src=\"https:\/\/loudavymkrokem.cz\/wp-content\/uploads\/2026\/09\/hotel-tandem.jpg\" alt=\"Hotel Hotel Tandem\" class=\"wp-image-413062\" title=\"\" srcset=\"https:\/\/loudavymkrokem.cz\/wp-content\/uploads\/2026\/09\/hotel-tandem.jpg 1280w, https:\/\/loudavymkrokem.cz\/wp-content\/uploads\/2026\/09\/hotel-tandem-300x200.jpg 300w, https:\/\/loudavymkrokem.cz\/wp-content\/uploads\/2026\/09\/hotel-tandem-700x466.jpg 700w, https:\/\/loudavymkrokem.cz\/wp-content\/uploads\/2026\/09\/hotel-tandem-768x512.jpg 768w, https:\/\/loudavymkrokem.cz\/wp-content\/uploads\/2026\/09\/hotel-tandem-696x464.jpg 696w\" sizes=\"(max-width: 1280px) 100vw, 1280px\" \/><button\n\t\t\tclass=\"lightbox-trigger\"\n\t\t\ttype=\"button\"\n\t\t\taria-haspopup=\"dialog\"\n\t\t\tdata-wp-bind--aria-label=\"state.thisImage.triggerButtonAriaLabel\"\n\t\t\tdata-wp-init=\"callbacks.initTriggerButton\"\n\t\t\tdata-wp-on--click=\"actions.showLightbox\"\n\t\t\tdata-wp-style--right=\"state.thisImage.buttonRight\"\n\t\t\tdata-wp-style--top=\"state.thisImage.buttonTop\"\n\t\t>\n\t\t\t<svg xmlns=\"http:\/\/www.w3.org\/2000\/svg\" width=\"12\" height=\"12\" fill=\"none\" viewBox=\"0 0 12 12\">\n\t\t\t\t<path fill=\"#fff\" d=\"M2 0a2 2 0 0 0-2 2v2h1.5V2a.5.5 0 0 1 .5-.5h2V0H2Zm2 10.5H2a.5.5 0 0 1-.5-.5V8H0v2a2 2 0 0 0 2 2h2v-1.5ZM8 12v-1.5h2a.5.5 0 0 0 .5-.5V8H12v2a2 2 0 0 1-2 2H8Zm2-12a2 2 0 0 1 2 2v2h-1.5V2a.5.5 0 0 0-.5-.5H8V0h2Z\" \/>\n\t\t\t<\/svg>\n\t\t<\/button><figcaption class=\"wp-element-caption\">Foto: H\u00f4tel Tandem \/ Google Maps<\/figcaption><\/figure>\n\n\n\n<h3 class=\"wp-block-heading\"><span class=\"ez-toc-section\" id=\"6_Hotel_Tandem\"><\/span>6. Hotel Tandem<span class=\"ez-toc-section-end\"><\/span><\/h3>\n\n\n\n<p class=\"wp-block-paragraph\">Si buscas alojamiento fuera del car\u00edsimo casco hist\u00f3rico, el fant\u00e1stico hotel boutique de enfoque ecol\u00f3gico <strong><a href=\"https:\/\/www.stay22.com\/allez\/roam?aid=lukaskonecny&#038;campaign=loudavymkrokemcz&#038;campaign=kde-bydlet-ve-strasburku&#038;hotelname=Hotel%20Tandem&#038;address=%C5%A0trasburk%2C%20Francie\" target=\"_blank\" rel=\"noopener nofollow sponsored\">Hotel Tandem<\/a><\/strong>, junto a la estaci\u00f3n y con una valoraci\u00f3n de 4,7, es <strong>el mejor valorado de toda la zona<\/strong>. Las habitaciones est\u00e1n decoradas en tonos muy c\u00e1lidos y naturales, llenas de madera, que desde el primer momento <strong>transmiten una sensaci\u00f3n incre\u00edblemente relajante y acogedora<\/strong>.<\/p>\n\n\n\n<p class=\"wp-block-paragraph\">Este hotel se caracteriza por un enfoque muy moderno y sostenible, algo que demuestra en la pr\u00e1ctica su <strong>estupendo wine bar nocturno con una variada oferta de vinos biodin\u00e1micos locales y su propio alquiler de bicicletas<\/strong> para los hu\u00e9spedes. Precisamente en bici puedes descubrir Estrasburgo como los aut\u00e9nticos lugare\u00f1os. Adem\u00e1s, los desayunos se preparan exclusivamente con productos locales y los hu\u00e9spedes cantan sus alabanzas a este ritual matutino en las rese\u00f1as.<\/p>\n\n\n\n<p class=\"wp-block-paragraph\">Al centro hist\u00f3rico llegas desde aqu\u00ed a pie en unos c\u00f3modos diez minutos, o puedes subirte al tranv\u00eda que para cerca. <strong>El personal es informal pero muy profesional<\/strong>, y te recomendar\u00e1 encantado estupendos restaurantes sin carne en los alrededores.<\/p>\n\n\n\n<p class=\"wp-block-paragraph\">\ud83d\udca1 <strong>Consejo:<\/strong> Esta es sencillamente <strong>la mejor opci\u00f3n para los viajeros que llegan a Alsacia en tren<\/strong>, que quieren alojarse en un entorno moderno y con estilo y valoran la sostenibilidad y la m\u00e1xima calidad de los productos locales.<\/p>\n\n\n\n<figure data-wp-context=\"{&quot;imageId&quot;:&quot;6a9ce3b933fce&quot;}\" data-wp-interactive=\"core\/image\" data-wp-key=\"6a9ce3b933fce\" class=\"wp-block-image size-full wp-lightbox-container\"><img decoding=\"async\" width=\"1600\" height=\"1067\" data-wp-class--hide=\"state.isContentHidden\" data-wp-class--show=\"state.isContentVisible\" data-wp-init=\"callbacks.setButtonStyles\" data-wp-on--click=\"actions.showLightbox\" data-wp-on--load=\"callbacks.setButtonStyles\" data-wp-on--pointerdown=\"actions.preloadImage\" data-wp-on--pointerenter=\"actions.preloadImageWithDelay\" data-wp-on--pointerleave=\"actions.cancelPreload\" data-wp-on-window--resize=\"callbacks.setButtonStyles\" src=\"https:\/\/loudavymkrokem.cz\/wp-content\/uploads\/2026\/09\/sofitel-strasbourg-grande-le.jpg\" alt=\"Hotel Sofitel Strasbourg Grande \u00cele\" class=\"wp-image-413067\" title=\"\" srcset=\"https:\/\/loudavymkrokem.cz\/wp-content\/uploads\/2026\/09\/sofitel-strasbourg-grande-le.jpg 1600w, https:\/\/loudavymkrokem.cz\/wp-content\/uploads\/2026\/09\/sofitel-strasbourg-grande-le-300x200.jpg 300w, https:\/\/loudavymkrokem.cz\/wp-content\/uploads\/2026\/09\/sofitel-strasbourg-grande-le-700x467.jpg 700w, https:\/\/loudavymkrokem.cz\/wp-content\/uploads\/2026\/09\/sofitel-strasbourg-grande-le-768x512.jpg 768w, https:\/\/loudavymkrokem.cz\/wp-content\/uploads\/2026\/09\/sofitel-strasbourg-grande-le-1536x1024.jpg 1536w, https:\/\/loudavymkrokem.cz\/wp-content\/uploads\/2026\/09\/sofitel-strasbourg-grande-le-696x464.jpg 696w, https:\/\/loudavymkrokem.cz\/wp-content\/uploads\/2026\/09\/sofitel-strasbourg-grande-le-1392x928.jpg 1392w\" sizes=\"(max-width: 1600px) 100vw, 1600px\" \/><button\n\t\t\tclass=\"lightbox-trigger\"\n\t\t\ttype=\"button\"\n\t\t\taria-haspopup=\"dialog\"\n\t\t\tdata-wp-bind--aria-label=\"state.thisImage.triggerButtonAriaLabel\"\n\t\t\tdata-wp-init=\"callbacks.initTriggerButton\"\n\t\t\tdata-wp-on--click=\"actions.showLightbox\"\n\t\t\tdata-wp-style--right=\"state.thisImage.buttonRight\"\n\t\t\tdata-wp-style--top=\"state.thisImage.buttonTop\"\n\t\t>\n\t\t\t<svg xmlns=\"http:\/\/www.w3.org\/2000\/svg\" width=\"12\" height=\"12\" fill=\"none\" viewBox=\"0 0 12 12\">\n\t\t\t\t<path fill=\"#fff\" d=\"M2 0a2 2 0 0 0-2 2v2h1.5V2a.5.5 0 0 1 .5-.5h2V0H2Zm2 10.5H2a.5.5 0 0 1-.5-.5V8H0v2a2 2 0 0 0 2 2h2v-1.5ZM8 12v-1.5h2a.5.5 0 0 0 .5-.5V8H12v2a2 2 0 0 1-2 2H8Zm2-12a2 2 0 0 1 2 2v2h-1.5V2a.5.5 0 0 0-.5-.5H8V0h2Z\" \/>\n\t\t\t<\/svg>\n\t\t<\/button><figcaption class=\"wp-element-caption\">Foto: Sofitel Strasbourg Grande \u00cele \/ Google Maps<\/figcaption><\/figure>\n\n\n\n<h3 class=\"wp-block-heading\"><span class=\"ez-toc-section\" id=\"7_Sofitel_Strasbourg_Grande_Ile\"><\/span>7. Sofitel Strasbourg Grande \u00cele<span class=\"ez-toc-section-end\"><\/span><\/h3>\n\n\n\n<p class=\"wp-block-paragraph\">Con un incre\u00edble n\u00famero de rese\u00f1as, este magn\u00edfico <strong><a href=\"https:\/\/www.stay22.com\/allez\/roam?aid=lukaskonecny&#038;campaign=loudavymkrokemcz&#038;campaign=kde-bydlet-ve-strasburku&#038;hotelname=Sofitel%20Strasbourg%20Grande%20%C3%8Ele&#038;address=%C5%A0trasburk%2C%20Francie\" target=\"_blank\" rel=\"noopener nofollow sponsored\">Sofitel Strasbourg Grande \u00cele<\/a><\/strong> mantiene una bonita nota de 4,5 y es as\u00ed <strong>el hotel con m\u00e1s rese\u00f1as de toda la ciudad<\/strong>. Se alza justo en la isla hist\u00f3rica principal y representa un c\u00e9lebre cl\u00e1sico de Estrasburgo que <strong>mantiene desde hace tiempo un est\u00e1ndar muy alto de contrastados servicios de cinco estrellas<\/strong>.<\/p>\n\n\n\n<p class=\"wp-block-paragraph\">Los interiores respiran un claro aire de elegancia francesa moderna, dominados por alfombras de calidad, colores suaves y mobiliario de dise\u00f1o. Encontrar\u00e1s aqu\u00ed un estupendo restaurante centrado en la gastronom\u00eda francesa y, sobre todo, <strong>un bar muy estiloso al que ir a tomar una copa exclusiva por la noche<\/strong> tras un largo d\u00eda en las calles. Las habitaciones son m\u00e1s amplias de lo habitual, silenciosas y ofrecen el confort de primera t\u00edpico de esta prestigiosa marca.<\/p>\n\n\n\n<p class=\"wp-block-paragraph\">Gracias a su tama\u00f1o, el hotel dispone de estupendas instalaciones, incluido un amplio gimnasio. <strong>La ubicaci\u00f3n es fant\u00e1stica<\/strong>, porque tanto si vas a la catedral como al pintoresco barrio de Petite France, llegas a todas partes en menos de diez minutos.<\/p>\n\n\n\n<p class=\"wp-block-paragraph\">\ud83d\udca1 <strong>Consejo:<\/strong> Ideal para quienes prefieren <strong>la seguridad y la fiabilidad de las grandes marcas internacionales<\/strong> y exigen un servicio impecable y muy profesional a poca distancia a pie de todo lo esencial que ofrece la ciudad.<\/p>\n\n\n\n<figure data-wp-context=\"{&quot;imageId&quot;:&quot;6a9ce3b9344f7&quot;}\" data-wp-interactive=\"core\/image\" data-wp-key=\"6a9ce3b9344f7\" class=\"wp-block-image size-full wp-lightbox-container\"><img decoding=\"async\" width=\"1600\" height=\"1067\" data-wp-class--hide=\"state.isContentHidden\" data-wp-class--show=\"state.isContentVisible\" data-wp-init=\"callbacks.setButtonStyles\" data-wp-on--click=\"actions.showLightbox\" data-wp-on--load=\"callbacks.setButtonStyles\" data-wp-on--pointerdown=\"actions.preloadImage\" data-wp-on--pointerenter=\"actions.preloadImageWithDelay\" data-wp-on--pointerleave=\"actions.cancelPreload\" data-wp-on-window--resize=\"callbacks.setButtonStyles\" src=\"https:\/\/loudavymkrokem.cz\/wp-content\/uploads\/2026\/09\/h-tel-r-gent-contades-by-stay-collection.jpg\" alt=\"Hotel H\u00f4tel R\u00e9gent Contades by Stay Collection\" class=\"wp-image-413072\" title=\"\" srcset=\"https:\/\/loudavymkrokem.cz\/wp-content\/uploads\/2026\/09\/h-tel-r-gent-contades-by-stay-collection.jpg 1600w, https:\/\/loudavymkrokem.cz\/wp-content\/uploads\/2026\/09\/h-tel-r-gent-contades-by-stay-collection-300x200.jpg 300w, https:\/\/loudavymkrokem.cz\/wp-content\/uploads\/2026\/09\/h-tel-r-gent-contades-by-stay-collection-700x467.jpg 700w, https:\/\/loudavymkrokem.cz\/wp-content\/uploads\/2026\/09\/h-tel-r-gent-contades-by-stay-collection-768x512.jpg 768w, https:\/\/loudavymkrokem.cz\/wp-content\/uploads\/2026\/09\/h-tel-r-gent-contades-by-stay-collection-1536x1024.jpg 1536w, https:\/\/loudavymkrokem.cz\/wp-content\/uploads\/2026\/09\/h-tel-r-gent-contades-by-stay-collection-696x464.jpg 696w, https:\/\/loudavymkrokem.cz\/wp-content\/uploads\/2026\/09\/h-tel-r-gent-contades-by-stay-collection-1392x928.jpg 1392w\" sizes=\"(max-width: 1600px) 100vw, 1600px\" \/><button\n\t\t\tclass=\"lightbox-trigger\"\n\t\t\ttype=\"button\"\n\t\t\taria-haspopup=\"dialog\"\n\t\t\tdata-wp-bind--aria-label=\"state.thisImage.triggerButtonAriaLabel\"\n\t\t\tdata-wp-init=\"callbacks.initTriggerButton\"\n\t\t\tdata-wp-on--click=\"actions.showLightbox\"\n\t\t\tdata-wp-style--right=\"state.thisImage.buttonRight\"\n\t\t\tdata-wp-style--top=\"state.thisImage.buttonTop\"\n\t\t>\n\t\t\t<svg xmlns=\"http:\/\/www.w3.org\/2000\/svg\" width=\"12\" height=\"12\" fill=\"none\" viewBox=\"0 0 12 12\">\n\t\t\t\t<path fill=\"#fff\" d=\"M2 0a2 2 0 0 0-2 2v2h1.5V2a.5.5 0 0 1 .5-.5h2V0H2Zm2 10.5H2a.5.5 0 0 1-.5-.5V8H0v2a2 2 0 0 0 2 2h2v-1.5ZM8 12v-1.5h2a.5.5 0 0 0 .5-.5V8H12v2a2 2 0 0 1-2 2H8Zm2-12a2 2 0 0 1 2 2v2h-1.5V2a.5.5 0 0 0-.5-.5H8V0h2Z\" \/>\n\t\t\t<\/svg>\n\t\t<\/button><figcaption class=\"wp-element-caption\">Foto: H\u00f4tel R\u00e9gent Contades \/ Google Maps<\/figcaption><\/figure>\n\n\n\n<h3 class=\"wp-block-heading\"><span class=\"ez-toc-section\" id=\"8_Hotel_Regent_Contades_by_Stay_Collection\"><\/span>8. H\u00f4tel R\u00e9gent Contades by Stay Collection<span class=\"ez-toc-section-end\"><\/span><\/h3>\n\n\n\n<p class=\"wp-block-paragraph\">Este extraordinariamente elegante <strong><a href=\"https:\/\/www.stay22.com\/allez\/roam?aid=lukaskonecny&#038;campaign=loudavymkrokemcz&#038;campaign=kde-bydlet-ve-strasburku&#038;hotelname=H%C3%B4tel%20R%C3%A9gent%20Contades%20by%20Stay%20Collection&#038;address=%C5%A0trasburk%2C%20Francie\" target=\"_blank\" rel=\"noopener nofollow sponsored\">H\u00f4tel R\u00e9gent Contades by Stay Collection<\/a><\/strong>, con una muy buena valoraci\u00f3n de 4,4, se encuentra en un bonito edificio burgu\u00e9s del siglo XIX que <strong>se alza justo en la ribera del r\u00edo Ill, cerca del majestuoso barrio de Neustadt<\/strong>. Ya al entrar te da la bienvenida un precioso bar revestido de madera oscura con butacas de cuero, que <strong>parece sacado de un cl\u00e1sico club brit\u00e1nico<\/strong>.<\/p>\n\n\n\n<p class=\"wp-block-paragraph\">Tras largos paseos por la ciudad con un tiempo m\u00e1s fr\u00edo y desapacible, seguro que aprovechas la <strong>moderna sauna del hotel y el tradicional hammam<\/strong>, a plena disposici\u00f3n de los hu\u00e9spedes y que ofrecen un calorcito perfecto. Las habitaciones de techos altos combinan con gracia el encanto de anta\u00f1o con todas las comodidades modernas que esperas autom\u00e1ticamente de este alto est\u00e1ndar.<\/p>\n\n\n\n<p class=\"wp-block-paragraph\">La catedral queda a unos doce minutos de agradable paseo junto al agua, as\u00ed que <strong>disfrutas de las ventajas de una ubicaci\u00f3n c\u00e9ntrica, pero sin el molesto ruido de las calles ajetreadas<\/strong>. Por la ma\u00f1ana puedes esperar un abundante buf\u00e9 de desayuno servido en un precioso sal\u00f3n lleno de luz.<\/p>\n\n\n\n<p class=\"wp-block-paragraph\">\ud83d\udca1 <strong>Consejo:<\/strong> Esta es sencillamente una estupenda direcci\u00f3n para una estancia m\u00e1s tranquila y relajada, si quieres alojarte <strong>en un entorno elegante y distinguido, entre el casco hist\u00f3rico y el verde barrio alem\u00e1n<\/strong>.<\/p>\n\n\n\n<figure data-wp-context=\"{&quot;imageId&quot;:&quot;6a9ce3b9349c5&quot;}\" data-wp-interactive=\"core\/image\" data-wp-key=\"6a9ce3b9349c5\" class=\"wp-block-image size-full wp-lightbox-container\"><img decoding=\"async\" width=\"1600\" height=\"1084\" data-wp-class--hide=\"state.isContentHidden\" data-wp-class--show=\"state.isContentVisible\" data-wp-init=\"callbacks.setButtonStyles\" data-wp-on--click=\"actions.showLightbox\" data-wp-on--load=\"callbacks.setButtonStyles\" data-wp-on--pointerdown=\"actions.preloadImage\" data-wp-on--pointerenter=\"actions.preloadImageWithDelay\" data-wp-on--pointerleave=\"actions.cancelPreload\" data-wp-on-window--resize=\"callbacks.setButtonStyles\" src=\"https:\/\/loudavymkrokem.cz\/wp-content\/uploads\/2026\/09\/pavillon-r-gent-petite-france.jpg\" alt=\"Hotel Pavillon R\u00e9gent Petite France\" class=\"wp-image-413077\" title=\"\" srcset=\"https:\/\/loudavymkrokem.cz\/wp-content\/uploads\/2026\/09\/pavillon-r-gent-petite-france.jpg 1600w, https:\/\/loudavymkrokem.cz\/wp-content\/uploads\/2026\/09\/pavillon-r-gent-petite-france-300x203.jpg 300w, https:\/\/loudavymkrokem.cz\/wp-content\/uploads\/2026\/09\/pavillon-r-gent-petite-france-700x474.jpg 700w, https:\/\/loudavymkrokem.cz\/wp-content\/uploads\/2026\/09\/pavillon-r-gent-petite-france-768x520.jpg 768w, https:\/\/loudavymkrokem.cz\/wp-content\/uploads\/2026\/09\/pavillon-r-gent-petite-france-1536x1041.jpg 1536w, https:\/\/loudavymkrokem.cz\/wp-content\/uploads\/2026\/09\/pavillon-r-gent-petite-france-696x472.jpg 696w, https:\/\/loudavymkrokem.cz\/wp-content\/uploads\/2026\/09\/pavillon-r-gent-petite-france-1392x943.jpg 1392w\" sizes=\"(max-width: 1600px) 100vw, 1600px\" \/><button\n\t\t\tclass=\"lightbox-trigger\"\n\t\t\ttype=\"button\"\n\t\t\taria-haspopup=\"dialog\"\n\t\t\tdata-wp-bind--aria-label=\"state.thisImage.triggerButtonAriaLabel\"\n\t\t\tdata-wp-init=\"callbacks.initTriggerButton\"\n\t\t\tdata-wp-on--click=\"actions.showLightbox\"\n\t\t\tdata-wp-style--right=\"state.thisImage.buttonRight\"\n\t\t\tdata-wp-style--top=\"state.thisImage.buttonTop\"\n\t\t>\n\t\t\t<svg xmlns=\"http:\/\/www.w3.org\/2000\/svg\" width=\"12\" height=\"12\" fill=\"none\" viewBox=\"0 0 12 12\">\n\t\t\t\t<path fill=\"#fff\" d=\"M2 0a2 2 0 0 0-2 2v2h1.5V2a.5.5 0 0 1 .5-.5h2V0H2Zm2 10.5H2a.5.5 0 0 1-.5-.5V8H0v2a2 2 0 0 0 2 2h2v-1.5ZM8 12v-1.5h2a.5.5 0 0 0 .5-.5V8H12v2a2 2 0 0 1-2 2H8Zm2-12a2 2 0 0 1 2 2v2h-1.5V2a.5.5 0 0 0-.5-.5H8V0h2Z\" \/>\n\t\t\t<\/svg>\n\t\t<\/button><figcaption class=\"wp-element-caption\">Foto: H\u00f4tel &#038; Spa R\u00e9gent Petite France \/ Google Maps<\/figcaption><\/figure>\n\n\n\n<h3 class=\"wp-block-heading\"><span class=\"ez-toc-section\" id=\"9_Pavillon_Regent_Petite_France\"><\/span>9. Pavillon R\u00e9gent Petite France<span class=\"ez-toc-section-end\"><\/span><\/h3>\n\n\n\n<p class=\"wp-block-paragraph\">Si buscas el romanticismo m\u00e1s absoluto, el c\u00e9lebre <strong><a href=\"https:\/\/www.stay22.com\/allez\/roam?aid=lukaskonecny&#038;campaign=loudavymkrokemcz&#038;campaign=kde-bydlet-ve-strasburku&#038;hotelname=Pavillon%20R%C3%A9gent%20Petite%20France&#038;address=%C5%A0trasburk%2C%20Francie\" target=\"_blank\" rel=\"noopener nofollow sponsored\">Pavillon R\u00e9gent Petite France<\/a><\/strong>, con una valoraci\u00f3n de 4,4, ocupa un precioso y antiguo edificio de entramado de madera <strong>en pleno coraz\u00f3n del ic\u00f3nico y fotog\u00e9nico barrio de Petite France<\/strong>. Desde muchas de sus acogedoras habitaciones se abren <strong>vistas de aut\u00e9ntica postal al r\u00edo Ill<\/strong> y a las casas hist\u00f3ricas del entorno, una experiencia visual que no encuentras en cualquier sitio.<\/p>\n\n\n\n<p class=\"wp-block-paragraph\">Este alojamiento boutique incluye tambi\u00e9n un excelente restaurante y un bar muy agradable, as\u00ed que para comer y beber bien al final del d\u00eda ni siquiera tienes que salir. La ubicaci\u00f3n es realmente \u00fanica e inolvidable, pero recuerda una regla importante. <strong>En \u00e9poca de mercados de adviento los alrededores del hotel est\u00e1n extremadamente abarrotados de turistas<\/strong> y por las callejuelas bajo las ventanas fluyen sin parar multitudes de gente.<\/p>\n\n\n\n<p class=\"wp-block-paragraph\">Las habitaciones est\u00e1n decoradas en un estilo limpio y elegante, que hace lucir bellamente los elementos hist\u00f3ricos originales del edificio. Los desayunos se sirven en un precioso sal\u00f3n de grandes ventanales, desde donde puedes observar, caf\u00e9 en mano, los barcos tur\u00edsticos que pasan.<\/p>\n\n\n\n<p class=\"wp-block-paragraph\">\ud83d\udca1 <strong>Consejo:<\/strong> Esta es <strong>la opci\u00f3n perfecta para parejas enamoradas y fot\u00f3grafos apasionados<\/strong>, que quieren tener los escenarios m\u00e1s bonitos de Estrasburgo justo tras la ventana de su habitaci\u00f3n.<\/p>\n\n\n\n<figure data-wp-context=\"{&quot;imageId&quot;:&quot;6a9ce3b934eaa&quot;}\" data-wp-interactive=\"core\/image\" data-wp-key=\"6a9ce3b934eaa\" class=\"wp-block-image size-full wp-lightbox-container\"><img decoding=\"async\" width=\"1600\" height=\"1068\" data-wp-class--hide=\"state.isContentHidden\" data-wp-class--show=\"state.isContentVisible\" data-wp-init=\"callbacks.setButtonStyles\" data-wp-on--click=\"actions.showLightbox\" data-wp-on--load=\"callbacks.setButtonStyles\" data-wp-on--pointerdown=\"actions.preloadImage\" data-wp-on--pointerenter=\"actions.preloadImageWithDelay\" data-wp-on--pointerleave=\"actions.cancelPreload\" data-wp-on-window--resize=\"callbacks.setButtonStyles\" src=\"https:\/\/loudavymkrokem.cz\/wp-content\/uploads\/2026\/09\/hannong-h-tel-wine-bar.jpg\" alt=\"Hotel Hannong H\u00f4tel &#038; Wine Bar\" class=\"wp-image-413081\" title=\"\" srcset=\"https:\/\/loudavymkrokem.cz\/wp-content\/uploads\/2026\/09\/hannong-h-tel-wine-bar.jpg 1600w, https:\/\/loudavymkrokem.cz\/wp-content\/uploads\/2026\/09\/hannong-h-tel-wine-bar-300x200.jpg 300w, https:\/\/loudavymkrokem.cz\/wp-content\/uploads\/2026\/09\/hannong-h-tel-wine-bar-700x467.jpg 700w, https:\/\/loudavymkrokem.cz\/wp-content\/uploads\/2026\/09\/hannong-h-tel-wine-bar-768x513.jpg 768w, https:\/\/loudavymkrokem.cz\/wp-content\/uploads\/2026\/09\/hannong-h-tel-wine-bar-1536x1025.jpg 1536w, https:\/\/loudavymkrokem.cz\/wp-content\/uploads\/2026\/09\/hannong-h-tel-wine-bar-696x465.jpg 696w, https:\/\/loudavymkrokem.cz\/wp-content\/uploads\/2026\/09\/hannong-h-tel-wine-bar-1392x929.jpg 1392w\" sizes=\"(max-width: 1600px) 100vw, 1600px\" \/><button\n\t\t\tclass=\"lightbox-trigger\"\n\t\t\ttype=\"button\"\n\t\t\taria-haspopup=\"dialog\"\n\t\t\tdata-wp-bind--aria-label=\"state.thisImage.triggerButtonAriaLabel\"\n\t\t\tdata-wp-init=\"callbacks.initTriggerButton\"\n\t\t\tdata-wp-on--click=\"actions.showLightbox\"\n\t\t\tdata-wp-style--right=\"state.thisImage.buttonRight\"\n\t\t\tdata-wp-style--top=\"state.thisImage.buttonTop\"\n\t\t>\n\t\t\t<svg xmlns=\"http:\/\/www.w3.org\/2000\/svg\" width=\"12\" height=\"12\" fill=\"none\" viewBox=\"0 0 12 12\">\n\t\t\t\t<path fill=\"#fff\" d=\"M2 0a2 2 0 0 0-2 2v2h1.5V2a.5.5 0 0 1 .5-.5h2V0H2Zm2 10.5H2a.5.5 0 0 1-.5-.5V8H0v2a2 2 0 0 0 2 2h2v-1.5ZM8 12v-1.5h2a.5.5 0 0 0 .5-.5V8H12v2a2 2 0 0 1-2 2H8Zm2-12a2 2 0 0 1 2 2v2h-1.5V2a.5.5 0 0 0-.5-.5H8V0h2Z\" \/>\n\t\t\t<\/svg>\n\t\t<\/button><figcaption class=\"wp-element-caption\">Foto: Hannong H\u00f4tel &#038; Wine Bar \/ Google Maps<\/figcaption><\/figure>\n\n\n\n<!-- LKM_GYG_CARD start q=\"strasbourg\" lang=\"es\" --><!-- LKM_GYG_CARD end -->\n\n\n\n\n<div class=\"lk-stays-module\">\n<style>\n\/* \u2500\u2500\u2500 RESET PRO GUTENBERG \u2500\u2500\u2500 *\/\n.lk-stays-module * { box-sizing: border-box; margin: 0; padding: 0; }\n\n\/* \u2500\u2500\u2500 WRAPPER \u2500\u2500\u2500 *\/\n.lk-stays-module {\n  font-family: 'DM Sans', Georgia, sans-serif;\n  max-width: 100%;\n  margin: 2.5rem auto;\n  background: linear-gradient(135deg, #fdfaf5 0%, #fcf8f0 100%);\n  border: 1px solid #e8dfd4;\n  border-radius: 16px;\n  overflow: hidden;\n  box-shadow: 0 16px 48px rgba(195, 159, 118, 0.25), 0 4px 12px rgba(0,0,0,0.08);\n}\n\n\/* \u2500\u2500\u2500 HEADER \u2500\u2500\u2500 *\/\n.lk-stays-header {\n  position: relative;\n  padding: 24px 36px 24px;\n  background: linear-gradient(135deg, #c39f76 0%, #d4b188 60%, #c39f76 100%);\n  border-bottom: 1px solid rgba(255,255,255,.15);\n  display: flex;\n  align-items: center;\n  gap: 18px;\n}\n.lk-stays-header::before {\n  content: '';\n  position: absolute;\n  inset: 0;\n  background: url(\"data:image\/svg+xml,%3Csvg width='60' height='60' viewBox='0 0 60 60' xmlns='http:\/\/www.w3.org\/2000\/svg'%3E%3Cg fill='none' fill-rule='evenodd'%3E%3Cg fill='%23ffffff' fill-opacity='0.05'%3E%3Cpath d='M36 34v-4h-2v4h-4v2h4v4h2v-4h4v-2h-4zm0-30V0h-2v4h-4v2h4v4h2V6h4V4h-4zM6 34v-4H4v4H0v2h4v4h2v-4h4v-2H6zM6 4V0H4v4H0v2h4v4h2V6h4V4H6z'\/%3E%3C\/g%3E%3C\/g%3E%3C\/svg%3E\") repeat;\n  pointer-events: none;\n}\n.lk-stays-icon {\n  flex-shrink: 0;\n  width: 68px;\n  height: 68px;\n  border-radius: 14px;\n  background: linear-gradient(135deg, #fff 0%, #f9f6f0 100%);\n  display: flex;\n  align-items: center;\n  justify-content: center;\n  font-size: 26px;\n  box-shadow: 0 4px 12px rgba(0,0,0,0.15);\n}\n.lk-stays-eyebrow {\n  font-size: 10px;\n  font-weight: 500;\n  letter-spacing: 2.5px;\n  text-transform: uppercase;\n  color: rgba(255,255,255,.85);\n  margin: 0 0 5px 0;\n}\n.lk-stays-title {\n  font-family: 'Playfair Display', Georgia, serif;\n  font-size: 24px;\n  font-weight: 700;\n  color: #fff;\n  line-height: 1.2;\n  text-shadow: 0 1px 2px rgba(0,0,0,0.1);\n  margin: 0;\n}\n.lk-stays-subtitle {\n  font-size: 13px;\n  color: rgba(255,255,255,.75);\n  margin: 4px 0 0 0;\n  font-weight: 300;\n}\n\n\/* \u2500\u2500\u2500 CARDS GRID \u2500\u2500\u2500 *\/\n.lk-stays-grid {\n  display: grid;\n  grid-template-columns: 1fr 1fr;\n  gap: 1px;\n  background: rgba(195, 159, 118, 0.12);\n}\n\n\/* \u2500\u2500\u2500 SINGLE CARD \u2500\u2500\u2500 *\/\n.lk-stay-card {\n  background: #ffffff;\n  padding: 26px;\n  display: flex;\n  flex-direction: column;\n  gap: 11px;\n  transition: all 0.3s ease;\n  text-decoration: none;\n  color: inherit;\n  position: relative;\n}\n.lk-stay-card:hover {\n  background: #fffbf5;\n  transform: translateY(-2px);\n  box-shadow: 0 8px 24px rgba(195, 159, 118, 0.18);\n  z-index: 1;\n}\n.lk-stay-card.featured {\n  background: linear-gradient(135deg, #fffdf9 0%, #fff9f0 100%);\n  box-shadow: 0 4px 16px rgba(195, 159, 118, 0.15), inset 0 1px 0 rgba(195, 159, 118, 0.1);\n}\n.lk-stay-card.featured:hover {\n  background: linear-gradient(135deg, #fffbf5 0%, #fff8ed 100%);\n  box-shadow: 0 8px 24px rgba(195, 159, 118, 0.25), inset 0 1px 0 rgba(195, 159, 118, 0.15);\n}\n\n.lk-stay-badge {\n  display: inline-flex;\n  align-items: center;\n  gap: 5px;\n  font-size: 10px;\n  font-weight: 500;\n  letter-spacing: 1.5px;\n  text-transform: uppercase;\n  padding: 5px 11px;\n  border-radius: 20px;\n  width: fit-content;\n}\n.badge-top     { background: linear-gradient(135deg, #c39f76 0%, #d4b188 100%); color: #fff; border: 1px solid #c39f76; font-weight: 600; box-shadow: 0 2px 8px rgba(195,159,118,0.3); }\n.badge-luxury  { background: rgba(195,159,118,.12); color: #c39f76; border: 1px solid rgba(195,159,118,.25); }\n.badge-boutique{ background: rgba(54,133,252,.08); color: #3685fc; border: 1px solid rgba(54,133,252,.2); }\n.badge-nature  { background: rgba(130,190,100,.1); color: #6b9c4a; border: 1px solid rgba(130,190,100,.2); }\n.badge-remote  { background: rgba(195,159,118,.12); color: #a67e50; border: 1px solid rgba(195,159,118,.25); }\n\n.lk-stay-name {\n  font-family: 'Playfair Display', Georgia, serif;\n  font-size: 18px;\n  font-weight: 700;\n  color: #111827;\n  line-height: 1.3;\n}\n.lk-stay-desc {\n  font-size: 13.5px;\n  color: #525252;\n  line-height: 1.65;\n  font-weight: 300;\n  flex: 1;\n}\n\n.lk-stay-meta {\n  display: flex;\n  align-items: center;\n  gap: 12px;\n  flex-wrap: wrap;\n  margin-top: 4px;\n}\n.lk-stay-price {\n  font-size: 13px;\n  color: #6b7280;\n}\n.lk-stay-price strong {\n  color: #c39f76;\n  font-weight: 500;\n}\n.lk-stay-stars {\n  color: #c39f76;\n  font-size: 11px;\n  letter-spacing: 1px;\n}\n\n\/* \u2500\u2500\u2500 CTA BUTTON \u2500\u2500\u2500 *\/\n.lk-stay-cta {\n  display: inline-flex;\n  align-items: center;\n  justify-content: center;\n  gap: 7px;\n  margin-top: 8px;\n  padding: 11px 20px;\n  border-radius: 8px;\n  background: linear-gradient(135deg, #3685fc 0%, #2a6fd9 100%);\n  color: #fff;\n  font-size: 13px;\n  font-weight: 500;\n  text-decoration: none;\n  letter-spacing: .3px;\n  transition: all .2s ease;\n  cursor: pointer;\n  border: none;\n  text-align: center;\n  box-shadow: 0 4px 12px rgba(54, 133, 252, 0.25);\n}\n.lk-stay-cta:hover {\n  background: linear-gradient(135deg, #2a6fd9 0%, #1e5bc4 100%);\n  transform: translateY(-1px);\n  box-shadow: 0 6px 16px rgba(54, 133, 252, 0.35);\n}\n.lk-stay-cta svg { flex-shrink: 0; }\n\n\/* \u2500\u2500\u2500 FOOTER \u2500\u2500\u2500 *\/\n.lk-stays-footer {\n  padding: 18px 36px;\n  background: linear-gradient(to bottom, #fdfaf5 0%, #f9f4ed 100%);\n  border-top: 1px solid rgba(195, 159, 118, 0.15);\n  display: flex;\n  align-items: center;\n  justify-content: space-between;\n  flex-wrap: wrap;\n  gap: 12px;\n}\n.lk-stays-footer-note {\n  font-size: 11.5px;\n  color: #6b7280;\n  font-weight: 300;\n  line-height: 1.5;\n}\n.lk-stays-footer-note a {\n  color: #c39f76;\n  text-decoration: none;\n  font-weight: 400;\n}\n.lk-stays-footer-note a:hover {\n  text-decoration: underline;\n}\n.lk-stays-all-btn {\n  display: inline-flex;\n  align-items: center;\n  gap: 6px;\n  font-size: 12.5px;\n  font-weight: 500;\n  color: #c39f76;\n  text-decoration: none;\n  border: 1px solid rgba(195, 159, 118, 0.35);\n  padding: 8px 18px;\n  border-radius: 8px;\n  transition: all .2s ease;\n}\n.lk-stays-all-btn:hover {\n  background: rgba(195, 159, 118, 0.08);\n  border-color: rgba(195, 159, 118, 0.5);\n}\n\n\/* \u2500\u2500\u2500 RESPONSIVE \u2500\u2500\u2500 *\/\n@media (max-width: 600px) {\n  .lk-stays-grid { grid-template-columns: 1fr; }\n  .lk-stays-header { padding: 24px 20px; }\n  .lk-stays-footer { padding: 16px 20px; }\n  .lk-stay-card { padding: 22px; }\n  .lk-stays-title { font-size: 20px; }\n}\n<\/style>\n\n  <!-- HEADER -->\n  <div class=\"lk-stays-header\">\n    <img decoding=\"async\" src=\"https:\/\/loudavymkrokem.cz\/wp-content\/uploads\/2026\/02\/lukas-a-lucka.jpg\" alt=\"\" style=\"width: 75px; height: 75px; border-radius: 8px; flex-shrink: 0; object-fit: cover; display: block; margin: 4px 0;\" title=\"\">\n    <div class=\"lk-stays-header-text\">\n      <div class=\"lk-stays-eyebrow\">Luk\u00e1\u0161 y Lucie recomiendan<\/div>\n      <div class=\"lk-stays-title\">D\u00f3nde alojarse en Estrasburgo<\/div>\n      <div class=\"lk-stays-subtitle\">6 alojamientos \u2014 hoteles wellness, hoteles y otras opciones de alojamiento<\/div>\n    <\/div>\n  <\/div>\n\n  <!-- CARDS -->\n  <div class=\"lk-stays-grid\">\n\n    <a class=\"lk-stay-card featured\" href=\"https:\/\/www.stay22.com\/allez\/roam?aid=lukaskonecny&#038;campaign=loudavymkrokemcz&#038;campaign=es&#038;campaign=kde-bydlet-ve-strasburku&#038;hotelname=Cour%20du%20Corbeau%20Hotel%20Strasbourg%20MGallery&#038;address=%C5%A0trasburk%2C%20Francie\" target=\"_blank\" rel=\"nofollow noopener\">\n      <span class=\"lk-stay-badge badge-top\">\u2b50 MEJOR OPCI\u00d3N<\/span>\n      <span class=\"lk-stay-badge badge-nature\">\u2b50 Lujo<\/span>\n      <div class=\"lk-stay-name\">Cour du Corbeau Hotel Strasbourg MGallery<\/div>\n      <div class=\"lk-stay-desc\">Hotel de lujo en un edificio del siglo XVI con una excelente puntuaci\u00f3n de 4,8. Hermosa galer\u00eda de madera y patio tranquilo. A solo unos minutos de la catedral.<\/div>\n      <div class=\"lk-stay-meta\">\n        <span class=\"lk-stay-stars\">\u2605\u2605\u2605\u2605<\/span>\n        <span class=\"lk-stay-price\">Consultar precios<\/span>\n      <\/div>\n      <span class=\"lk-stay-cta\">\n        <svg width=\"14\" height=\"14\" viewBox=\"0 0 24 24\" fill=\"none\" stroke=\"currentColor\" stroke-width=\"2\"><path d=\"M18 13v6a2 2 0 0 1-2 2H5a2 2 0 0 1-2-2V8a2 2 0 0 1 2-2h6\"\/><polyline points=\"15 3 21 3 21 9\"\/><line x1=\"10\" y1=\"14\" x2=\"21\" y2=\"3\"\/><\/svg>\n        Comprobar disponibilidad\n      <\/span>\n    <\/a>\n\n    <a class=\"lk-stay-card\" href=\"https:\/\/www.stay22.com\/allez\/roam?aid=lukaskonecny&#038;campaign=loudavymkrokemcz&#038;campaign=es&#038;campaign=kde-bydlet-ve-strasburku&#038;hotelname=Les%20Haras%20H%C3%B4tel%20by%20Stay%20Collection&#038;address=%C5%A0trasburk%2C%20Francie\" target=\"_blank\" rel=\"nofollow noopener\">\n      <span class=\"lk-stay-badge badge-nature\">\ud83c\udfe8 Hotel<\/span>\n      <div class=\"lk-stay-name\">Les Haras H\u00f4tel by Stay Collection<\/div>\n      <div class=\"lk-stay-desc\">Hotel de dise\u00f1o en una antigua yeguada real del siglo XVIII. Hotel spa con piscina y restaurante de renombre. Puntuaci\u00f3n 4,6.<\/div>\n      <div class=\"lk-stay-meta\">\n        <span class=\"lk-stay-stars\">\u2605\u2605\u2605\u2605<\/span>\n        <span class=\"lk-stay-price\">Consultar precios<\/span>\n      <\/div>\n      <span class=\"lk-stay-cta\">\n        <svg width=\"14\" height=\"14\" viewBox=\"0 0 24 24\" fill=\"none\" stroke=\"currentColor\" stroke-width=\"2\"><path d=\"M18 13v6a2 2 0 0 1-2 2H5a2 2 0 0 1-2-2V8a2 2 0 0 1 2-2h6\"\/><polyline points=\"15 3 21 3 21 9\"\/><line x1=\"10\" y1=\"14\" x2=\"21\" y2=\"3\"\/><\/svg>\n        Comprobar disponibilidad\n      <\/span>\n    <\/a>\n\n    <a class=\"lk-stay-card\" href=\"https:\/\/www.stay22.com\/allez\/roam?aid=lukaskonecny&#038;campaign=loudavymkrokemcz&#038;campaign=es&#038;campaign=kde-bydlet-ve-strasburku&#038;hotelname=Maison%20Rouge%20Strasbourg%20Hotel%20%26%20Spa&#038;address=%C5%A0trasburk%2C%20Francie\" target=\"_blank\" rel=\"nofollow noopener\">\n      <span class=\"lk-stay-badge badge-nature\">\ud83c\udfe8 Hotel<\/span>\n      <div class=\"lk-stay-name\">Maison Rouge Strasbourg Hotel &#038; Spa<\/div>\n      <div class=\"lk-stay-desc\">Hotel cl\u00e1sico a pocos pasos de la catedral. Sal\u00f3n de desayunos con frescos originales. Spa y wellness del hotel. Puntuaci\u00f3n 4,5.<\/div>\n      <div class=\"lk-stay-meta\">\n        <span class=\"lk-stay-stars\">\u2605\u2605\u2605\u2605<\/span>\n        <span class=\"lk-stay-price\">Consultar precios<\/span>\n      <\/div>\n      <span class=\"lk-stay-cta\">\n        <svg width=\"14\" height=\"14\" viewBox=\"0 0 24 24\" fill=\"none\" stroke=\"currentColor\" stroke-width=\"2\"><path d=\"M18 13v6a2 2 0 0 1-2 2H5a2 2 0 0 1-2-2V8a2 2 0 0 1 2-2h6\"\/><polyline points=\"15 3 21 3 21 9\"\/><line x1=\"10\" y1=\"14\" x2=\"21\" y2=\"3\"\/><\/svg>\n        Comprobar disponibilidad\n      <\/span>\n    <\/a>\n\n    <a class=\"lk-stay-card\" href=\"https:\/\/www.stay22.com\/allez\/roam?aid=lukaskonecny&#038;campaign=loudavymkrokemcz&#038;campaign=es&#038;campaign=kde-bydlet-ve-strasburku&#038;hotelname=H%C3%B4tel%20Beaucour&#038;address=%C5%A0trasburk%2C%20Francie\" target=\"_blank\" rel=\"nofollow noopener\">\n      <span class=\"lk-stay-badge badge-nature\">\ud83c\udfe8 Hotel<\/span>\n      <div class=\"lk-stay-name\">H\u00f4tel Beaucour<\/div>\n      <div class=\"lk-stay-desc\">Casa tradicional de entramado de madera con terraza pintoresca. Algunas habitaciones con jacuzzi privado. Excelente relaci\u00f3n calidad-precio y ambiente. Puntuaci\u00f3n 4,6.<\/div>\n      <div class=\"lk-stay-meta\">\n        <span class=\"lk-stay-stars\">\u2605\u2605\u2605\u2605<\/span>\n        <span class=\"lk-stay-price\">Consultar precios<\/span>\n      <\/div>\n      <span class=\"lk-stay-cta\">\n        <svg width=\"14\" height=\"14\" viewBox=\"0 0 24 24\" fill=\"none\" stroke=\"currentColor\" stroke-width=\"2\"><path d=\"M18 13v6a2 2 0 0 1-2 2H5a2 2 0 0 1-2-2V8a2 2 0 0 1 2-2h6\"\/><polyline points=\"15 3 21 3 21 9\"\/><line x1=\"10\" y1=\"14\" x2=\"21\" y2=\"3\"\/><\/svg>\n        Comprobar disponibilidad\n      <\/span>\n    <\/a>\n\n    <a class=\"lk-stay-card\" href=\"https:\/\/www.stay22.com\/allez\/roam?aid=lukaskonecny&#038;campaign=loudavymkrokemcz&#038;campaign=es&#038;campaign=kde-bydlet-ve-strasburku&#038;hotelname=L%C3%89ONOR%20H%C3%B4tel%20by%20Stay%20Collection&#038;address=%C5%A0trasburk%2C%20Francie\" target=\"_blank\" rel=\"nofollow noopener\">\n      <span class=\"lk-stay-badge badge-nature\">\u2b50 Lujo<\/span>\n      <div class=\"lk-stay-name\">L\u00c9ONOR H\u00f4tel by Stay Collection<\/div>\n      <div class=\"lk-stay-desc\">Lujo de dise\u00f1o moderno en un edificio hist\u00f3rico. Pasteler\u00eda y restaurante propios de renombre. Puntuaci\u00f3n 4,7.<\/div>\n      <div class=\"lk-stay-meta\">\n        <span class=\"lk-stay-stars\">\u2605\u2605\u2605\u2605<\/span>\n        <span class=\"lk-stay-price\">Consultar precios<\/span>\n      <\/div>\n      <span class=\"lk-stay-cta\">\n        <svg width=\"14\" height=\"14\" viewBox=\"0 0 24 24\" fill=\"none\" stroke=\"currentColor\" stroke-width=\"2\"><path d=\"M18 13v6a2 2 0 0 1-2 2H5a2 2 0 0 1-2-2V8a2 2 0 0 1 2-2h6\"\/><polyline points=\"15 3 21 3 21 9\"\/><line x1=\"10\" y1=\"14\" x2=\"21\" y2=\"3\"\/><\/svg>\n        Comprobar disponibilidad\n      <\/span>\n    <\/a>\n\n    <a class=\"lk-stay-card\" href=\"https:\/\/www.stay22.com\/allez\/roam?aid=lukaskonecny&#038;campaign=loudavymkrokemcz&#038;campaign=es&#038;campaign=kde-bydlet-ve-strasburku&#038;hotelname=Hotel%20Tandem&#038;address=%C5%A0trasburk%2C%20Francie\" target=\"_blank\" rel=\"nofollow noopener\">\n      <span class=\"lk-stay-badge badge-nature\">\ud83c\udfe8 Hotel<\/span>\n      <div class=\"lk-stay-name\">Hotel Tandem<\/div>\n      <div class=\"lk-stay-desc\">Hotel boutique ecol\u00f3gico cerca de la estaci\u00f3n. Bar de vinos con vinos biodin\u00e1micos y alquiler de bicicletas. Puntuaci\u00f3n 4,7.<\/div>\n      <div class=\"lk-stay-meta\">\n        <span class=\"lk-stay-stars\">\u2605\u2605\u2605\u2605<\/span>\n        <span class=\"lk-stay-price\">Consultar precios<\/span>\n      <\/div>\n      <span class=\"lk-stay-cta\">\n        <svg width=\"14\" height=\"14\" viewBox=\"0 0 24 24\" fill=\"none\" stroke=\"currentColor\" stroke-width=\"2\"><path d=\"M18 13v6a2 2 0 0 1-2 2H5a2 2 0 0 1-2-2V8a2 2 0 0 1 2-2h6\"\/><polyline points=\"15 3 21 3 21 9\"\/><line x1=\"10\" y1=\"14\" x2=\"21\" y2=\"3\"\/><\/svg>\n        Comprobar disponibilidad\n      <\/span>\n    <\/a>\n\n  <\/div>\n\n  \n<\/div>\n\n\n\n\n<h3 class=\"wp-block-heading\"><span class=\"ez-toc-section\" id=\"10_Hannong_Hotel_Wine_Bar\"><\/span>10. Hannong H\u00f4tel &#038; Wine Bar<span class=\"ez-toc-section-end\"><\/span><\/h3>\n\n\n\n<p class=\"wp-block-paragraph\">Este extraordinariamente estiloso <strong><a href=\"https:\/\/www.stay22.com\/allez\/roam?aid=lukaskonecny&#038;campaign=loudavymkrokemcz&#038;campaign=kde-bydlet-ve-strasburku&#038;hotelname=Hannong%20H%C3%B4tel%20%26%20Wine%20Bar&#038;address=%C5%A0trasburk%2C%20Francie\" target=\"_blank\" rel=\"noopener nofollow sponsored\">Hannong H\u00f4tel &#038; Wine Bar<\/a><\/strong>, con una valoraci\u00f3n de 4,5, encantar\u00e1 sin duda a cualquier amante del buen beber, porque su <strong>coraz\u00f3n es un fant\u00e1stico wine bar con una preciosa terraza en la azotea<\/strong>. El alojamiento se encuentra a poca distancia del popular barrio de Petite France y ofrece una <strong>estupenda y muy cuidada mezcla de dise\u00f1o moderno y elementos hist\u00f3ricos originales<\/strong>.<\/p>\n\n\n\n<p class=\"wp-block-paragraph\">El gran orgullo de este hotel es un precioso sal\u00f3n vintage con un enorme lucernario acristalado, donde cada ma\u00f1ana se sirven abundant\u00edsimos desayunos y donde <strong>puedes sentarte a lo largo del d\u00eda con un buen libro y una copa de excelente vino alsaciano<\/strong>. Las habitaciones son bonitas y luminosas, impecablemente limpias y presumen de camas muy c\u00f3modas con ropa de cama de calidad.<\/p>\n\n\n\n<p class=\"wp-block-paragraph\">El hotel se encuentra a la distancia a pie perfecta tanto de la estaci\u00f3n de tren como del propio centro, as\u00ed que no necesitar\u00e1s ning\u00fan transporte p\u00fablico. El personal aconseja aqu\u00ed con enorme entusiasmo a los hu\u00e9spedes qu\u00e9 bodega concreta de los alrededores no deber\u00edan perderse.<\/p>\n\n\n\n<p class=\"wp-block-paragraph\">\ud83d\udca1 <strong>Consejo:<\/strong> Reserva aqu\u00ed una habitaci\u00f3n si quieres <strong>disfrutar a fondo de catas de vinos locales de primera en la comodidad del propio hotel<\/strong> y amas los entornos de dise\u00f1o elegantes y originales.<\/p>\n\n\n\n<figure data-wp-context=\"{&quot;imageId&quot;:&quot;6a9ce3b935523&quot;}\" data-wp-interactive=\"core\/image\" data-wp-key=\"6a9ce3b935523\" class=\"wp-block-image size-full wp-lightbox-container\"><img decoding=\"async\" width=\"1600\" height=\"1067\" data-wp-class--hide=\"state.isContentHidden\" data-wp-class--show=\"state.isContentVisible\" data-wp-init=\"callbacks.setButtonStyles\" data-wp-on--click=\"actions.showLightbox\" data-wp-on--load=\"callbacks.setButtonStyles\" data-wp-on--pointerdown=\"actions.preloadImage\" data-wp-on--pointerenter=\"actions.preloadImageWithDelay\" data-wp-on--pointerleave=\"actions.cancelPreload\" data-wp-on-window--resize=\"callbacks.setButtonStyles\" src=\"https:\/\/loudavymkrokem.cz\/wp-content\/uploads\/2026\/09\/h-tel-gutenberg.jpg\" alt=\"Hotel H\u00f4tel Gutenberg\" class=\"wp-image-413085\" title=\"\" srcset=\"https:\/\/loudavymkrokem.cz\/wp-content\/uploads\/2026\/09\/h-tel-gutenberg.jpg 1600w, https:\/\/loudavymkrokem.cz\/wp-content\/uploads\/2026\/09\/h-tel-gutenberg-300x200.jpg 300w, https:\/\/loudavymkrokem.cz\/wp-content\/uploads\/2026\/09\/h-tel-gutenberg-700x467.jpg 700w, https:\/\/loudavymkrokem.cz\/wp-content\/uploads\/2026\/09\/h-tel-gutenberg-768x512.jpg 768w, https:\/\/loudavymkrokem.cz\/wp-content\/uploads\/2026\/09\/h-tel-gutenberg-1536x1024.jpg 1536w, https:\/\/loudavymkrokem.cz\/wp-content\/uploads\/2026\/09\/h-tel-gutenberg-696x464.jpg 696w, https:\/\/loudavymkrokem.cz\/wp-content\/uploads\/2026\/09\/h-tel-gutenberg-1392x928.jpg 1392w\" sizes=\"(max-width: 1600px) 100vw, 1600px\" \/><button\n\t\t\tclass=\"lightbox-trigger\"\n\t\t\ttype=\"button\"\n\t\t\taria-haspopup=\"dialog\"\n\t\t\tdata-wp-bind--aria-label=\"state.thisImage.triggerButtonAriaLabel\"\n\t\t\tdata-wp-init=\"callbacks.initTriggerButton\"\n\t\t\tdata-wp-on--click=\"actions.showLightbox\"\n\t\t\tdata-wp-style--right=\"state.thisImage.buttonRight\"\n\t\t\tdata-wp-style--top=\"state.thisImage.buttonTop\"\n\t\t>\n\t\t\t<svg xmlns=\"http:\/\/www.w3.org\/2000\/svg\" width=\"12\" height=\"12\" fill=\"none\" viewBox=\"0 0 12 12\">\n\t\t\t\t<path fill=\"#fff\" d=\"M2 0a2 2 0 0 0-2 2v2h1.5V2a.5.5 0 0 1 .5-.5h2V0H2Zm2 10.5H2a.5.5 0 0 1-.5-.5V8H0v2a2 2 0 0 0 2 2h2v-1.5ZM8 12v-1.5h2a.5.5 0 0 0 .5-.5V8H12v2a2 2 0 0 1-2 2H8Zm2-12a2 2 0 0 1 2 2v2h-1.5V2a.5.5 0 0 0-.5-.5H8V0h2Z\" \/>\n\t\t\t<\/svg>\n\t\t<\/button><figcaption class=\"wp-element-caption\">Foto: H\u00f4tel Gutenberg \/ Google Maps<\/figcaption><\/figure>\n\n\n\n<h3 class=\"wp-block-heading\"><span class=\"ez-toc-section\" id=\"11_Hotel_Gutenberg\"><\/span>11. H\u00f4tel Gutenberg<span class=\"ez-toc-section-end\"><\/span><\/h3>\n\n\n\n<p class=\"wp-block-paragraph\">Este muy agradable y m\u00e1s bien peque\u00f1o <strong><a href=\"https:\/\/www.stay22.com\/allez\/roam?aid=lukaskonecny&#038;campaign=loudavymkrokemcz&#038;campaign=kde-bydlet-ve-strasburku&#038;hotelname=H%C3%B4tel%20Gutenberg&#038;address=%C5%A0trasburk%2C%20Francie\" target=\"_blank\" rel=\"noopener nofollow sponsored\">H\u00f4tel Gutenberg<\/a><\/strong> mantiene una s\u00f3lida valoraci\u00f3n de 4,5 y se encuentra en un lugar estrat\u00e9gico <strong>a solo un pasito de la catedral principal y de la plaza Gutenberg<\/strong>. Ofrece habitaciones m\u00e1s bien \u00edntimas, pero decoradas con mucho gusto y de forma pr\u00e1ctica, que <strong>proporcionan todo el confort moderno necesario para descubrir la ciudad durante todo el d\u00eda<\/strong>.<\/p>\n\n\n\n<p class=\"wp-block-paragraph\">Es sencillamente una estupenda opci\u00f3n para quienes quieren alojarse en el mismo centro de toda la acci\u00f3n, pero a la vez <strong>buscan un precio muy bueno y asequible por una ubicaci\u00f3n en la car\u00edsima isla Grande \u00cele<\/strong>. Desde algunas habitaciones se disfruta adem\u00e1s de una bonita vista directa a la torre de la catedral, lo que aporta al alojamiento una atm\u00f3sfera incre\u00edble y la sensaci\u00f3n de estar realmente en el coraz\u00f3n de Alsacia.<\/p>\n\n\n\n<p class=\"wp-block-paragraph\">El personal es c\u00e9lebre por su m\u00e1xima disposici\u00f3n y te aconsejar\u00e1 encantado con las reservas de los mejores restaurantes de los alrededores. Cada ma\u00f1ana se sirve un excelente desayuno continental con zumos frescos y perfecta boller\u00eda francesa de panaderos locales.<\/p>\n\n\n\n<p class=\"wp-block-paragraph\">\ud83d\udca1 <strong>Consejo:<\/strong> El t\u00e9rmino medio ideal para los viajeros que insisten tenazmente en <strong>alojarse en la isla hist\u00f3rica Grande \u00cele<\/strong>, pero no necesitan para ello un lujo de cinco estrellas.<\/p>\n\n\n\n<figure data-wp-context=\"{&quot;imageId&quot;:&quot;6a9ce3b935c3a&quot;}\" data-wp-interactive=\"core\/image\" data-wp-key=\"6a9ce3b935c3a\" class=\"wp-block-image size-full wp-lightbox-container\"><img decoding=\"async\" width=\"1600\" height=\"1063\" data-wp-class--hide=\"state.isContentHidden\" data-wp-class--show=\"state.isContentVisible\" data-wp-init=\"callbacks.setButtonStyles\" data-wp-on--click=\"actions.showLightbox\" data-wp-on--load=\"callbacks.setButtonStyles\" data-wp-on--pointerdown=\"actions.preloadImage\" data-wp-on--pointerenter=\"actions.preloadImageWithDelay\" data-wp-on--pointerleave=\"actions.cancelPreload\" data-wp-on-window--resize=\"callbacks.setButtonStyles\" src=\"https:\/\/loudavymkrokem.cz\/wp-content\/uploads\/2026\/09\/h-tel-rohan-strasbourg.png\" alt=\"Hotel H\u00f4tel Rohan Strasbourg\" class=\"wp-image-413091\" title=\"\" srcset=\"https:\/\/loudavymkrokem.cz\/wp-content\/uploads\/2026\/09\/h-tel-rohan-strasbourg.png 1600w, https:\/\/loudavymkrokem.cz\/wp-content\/uploads\/2026\/09\/h-tel-rohan-strasbourg-300x199.png 300w, https:\/\/loudavymkrokem.cz\/wp-content\/uploads\/2026\/09\/h-tel-rohan-strasbourg-700x465.png 700w, https:\/\/loudavymkrokem.cz\/wp-content\/uploads\/2026\/09\/h-tel-rohan-strasbourg-768x510.png 768w, https:\/\/loudavymkrokem.cz\/wp-content\/uploads\/2026\/09\/h-tel-rohan-strasbourg-1536x1020.png 1536w, https:\/\/loudavymkrokem.cz\/wp-content\/uploads\/2026\/09\/h-tel-rohan-strasbourg-696x462.png 696w, https:\/\/loudavymkrokem.cz\/wp-content\/uploads\/2026\/09\/h-tel-rohan-strasbourg-1392x925.png 1392w\" sizes=\"(max-width: 1600px) 100vw, 1600px\" \/><button\n\t\t\tclass=\"lightbox-trigger\"\n\t\t\ttype=\"button\"\n\t\t\taria-haspopup=\"dialog\"\n\t\t\tdata-wp-bind--aria-label=\"state.thisImage.triggerButtonAriaLabel\"\n\t\t\tdata-wp-init=\"callbacks.initTriggerButton\"\n\t\t\tdata-wp-on--click=\"actions.showLightbox\"\n\t\t\tdata-wp-style--right=\"state.thisImage.buttonRight\"\n\t\t\tdata-wp-style--top=\"state.thisImage.buttonTop\"\n\t\t>\n\t\t\t<svg xmlns=\"http:\/\/www.w3.org\/2000\/svg\" width=\"12\" height=\"12\" fill=\"none\" viewBox=\"0 0 12 12\">\n\t\t\t\t<path fill=\"#fff\" d=\"M2 0a2 2 0 0 0-2 2v2h1.5V2a.5.5 0 0 1 .5-.5h2V0H2Zm2 10.5H2a.5.5 0 0 1-.5-.5V8H0v2a2 2 0 0 0 2 2h2v-1.5ZM8 12v-1.5h2a.5.5 0 0 0 .5-.5V8H12v2a2 2 0 0 1-2 2H8Zm2-12a2 2 0 0 1 2 2v2h-1.5V2a.5.5 0 0 0-.5-.5H8V0h2Z\" \/>\n\t\t\t<\/svg>\n\t\t<\/button><figcaption class=\"wp-element-caption\">Foto: H\u00f4tel Rohan Strasbourg \/ Google Maps<\/figcaption><\/figure>\n\n\n\n<h3 class=\"wp-block-heading\"><span class=\"ez-toc-section\" id=\"12_Hotel_Rohan_Strasbourg\"><\/span>12. H\u00f4tel Rohan Strasbourg<span class=\"ez-toc-section-end\"><\/span><\/h3>\n\n\n\n<p class=\"wp-block-paragraph\">Otra estupenda opci\u00f3n justo al lado de la impresionante catedral. Este popular <strong><a href=\"https:\/\/www.stay22.com\/allez\/roam?aid=lukaskonecny&#038;campaign=loudavymkrokemcz&#038;campaign=kde-bydlet-ve-strasburku&#038;hotelname=H%C3%B4tel%20Rohan%20Strasbourg&#038;address=%C5%A0trasburk%2C%20Francie\" target=\"_blank\" rel=\"noopener nofollow sponsored\">H\u00f4tel Rohan Strasbourg<\/a><\/strong>, con una valoraci\u00f3n de 4,3, presume de una <strong>atm\u00f3sfera muy cercana y familiar y de un cl\u00e1sico e inconfundible encanto franc\u00e9s<\/strong>. Las habitaciones son agradablemente acogedoras, a menudo con rom\u00e1nticas vistas a las pintorescas callejuelas peatonales del centro hist\u00f3rico, y sorprendentemente <strong>ofrecen calma absoluta incluso en los meses m\u00e1s ajetreados de verano e invierno<\/strong>.<\/p>\n\n\n\n<p class=\"wp-block-paragraph\">La enorme e impagable ventaja de este alojamiento es su <strong>propio y excelente restaurante alsaciano<\/strong>, donde puedes probar c\u00f3modamente las especialidades locales sin necesidad de buscar mesa libre en otro sitio de la ciudad, algo que viene de perlas sobre todo los fines de semana. La ubicaci\u00f3n es tan c\u00e9ntrica que puedes volver aqu\u00ed en cualquier momento del d\u00eda, dejar las compras y descansar un rato.<\/p>\n\n\n\n<p class=\"wp-block-paragraph\">Los interiores combinan elementos tradicionales de \u00e9poca con materiales modernos, y el desayuno tipo buf\u00e9 ofrece un mont\u00f3n de delicias locales de proveedores de la zona. El personal cuida aqu\u00ed a los hu\u00e9spedes con un mimo sincero y aut\u00e9ntico.<\/p>\n\n\n\n<p class=\"wp-block-paragraph\">\ud83d\udca1 <strong>Consejo:<\/strong> Elige tranquilamente este hotel si tu mayor prioridad es <strong>alojarte a solo unas decenas de metros de la majestuosa catedral de Notre Dame<\/strong> y tener siempre a mano una gastronom\u00eda local de calidad.<\/p>\n\n\n\n<figure data-wp-context=\"{&quot;imageId&quot;:&quot;6a9ce3b936123&quot;}\" data-wp-interactive=\"core\/image\" data-wp-key=\"6a9ce3b936123\" class=\"wp-block-image size-full wp-lightbox-container\"><img decoding=\"async\" width=\"1600\" height=\"1067\" data-wp-class--hide=\"state.isContentHidden\" data-wp-class--show=\"state.isContentVisible\" data-wp-init=\"callbacks.setButtonStyles\" data-wp-on--click=\"actions.showLightbox\" data-wp-on--load=\"callbacks.setButtonStyles\" data-wp-on--pointerdown=\"actions.preloadImage\" data-wp-on--pointerenter=\"actions.preloadImageWithDelay\" data-wp-on--pointerleave=\"actions.cancelPreload\" data-wp-on-window--resize=\"callbacks.setButtonStyles\" src=\"https:\/\/loudavymkrokem.cz\/wp-content\/uploads\/2026\/09\/hotel-de-l-europe-by-happyculture.jpg\" alt=\"Hotel Hotel de l&#039;Europe by HappyCulture\" class=\"wp-image-413096\" title=\"\" srcset=\"https:\/\/loudavymkrokem.cz\/wp-content\/uploads\/2026\/09\/hotel-de-l-europe-by-happyculture.jpg 1600w, https:\/\/loudavymkrokem.cz\/wp-content\/uploads\/2026\/09\/hotel-de-l-europe-by-happyculture-300x200.jpg 300w, https:\/\/loudavymkrokem.cz\/wp-content\/uploads\/2026\/09\/hotel-de-l-europe-by-happyculture-700x467.jpg 700w, https:\/\/loudavymkrokem.cz\/wp-content\/uploads\/2026\/09\/hotel-de-l-europe-by-happyculture-768x512.jpg 768w, https:\/\/loudavymkrokem.cz\/wp-content\/uploads\/2026\/09\/hotel-de-l-europe-by-happyculture-1536x1024.jpg 1536w, https:\/\/loudavymkrokem.cz\/wp-content\/uploads\/2026\/09\/hotel-de-l-europe-by-happyculture-696x464.jpg 696w, https:\/\/loudavymkrokem.cz\/wp-content\/uploads\/2026\/09\/hotel-de-l-europe-by-happyculture-1392x928.jpg 1392w\" sizes=\"(max-width: 1600px) 100vw, 1600px\" \/><button\n\t\t\tclass=\"lightbox-trigger\"\n\t\t\ttype=\"button\"\n\t\t\taria-haspopup=\"dialog\"\n\t\t\tdata-wp-bind--aria-label=\"state.thisImage.triggerButtonAriaLabel\"\n\t\t\tdata-wp-init=\"callbacks.initTriggerButton\"\n\t\t\tdata-wp-on--click=\"actions.showLightbox\"\n\t\t\tdata-wp-style--right=\"state.thisImage.buttonRight\"\n\t\t\tdata-wp-style--top=\"state.thisImage.buttonTop\"\n\t\t>\n\t\t\t<svg xmlns=\"http:\/\/www.w3.org\/2000\/svg\" width=\"12\" height=\"12\" fill=\"none\" viewBox=\"0 0 12 12\">\n\t\t\t\t<path fill=\"#fff\" d=\"M2 0a2 2 0 0 0-2 2v2h1.5V2a.5.5 0 0 1 .5-.5h2V0H2Zm2 10.5H2a.5.5 0 0 1-.5-.5V8H0v2a2 2 0 0 0 2 2h2v-1.5ZM8 12v-1.5h2a.5.5 0 0 0 .5-.5V8H12v2a2 2 0 0 1-2 2H8Zm2-12a2 2 0 0 1 2 2v2h-1.5V2a.5.5 0 0 0-.5-.5H8V0h2Z\" \/>\n\t\t\t<\/svg>\n\t\t<\/button><figcaption class=\"wp-element-caption\">Foto: Hotel de l&#8217;Europe by HappyCulture \/ Google Maps<\/figcaption><\/figure>\n\n\n\n<h3 class=\"wp-block-heading\"><span class=\"ez-toc-section\" id=\"13_Hotel_de_lEurope_by_HappyCulture\"><\/span>13. Hotel de l&#8217;Europe by HappyCulture<span class=\"ez-toc-section-end\"><\/span><\/h3>\n\n\n\n<p class=\"wp-block-paragraph\">Con una muy buena y estable valoraci\u00f3n de 4,3, el complejo hotelero <strong><a href=\"https:\/\/www.stay22.com\/allez\/roam?aid=lukaskonecny&#038;campaign=loudavymkrokemcz&#038;campaign=kde-bydlet-ve-strasburku&#038;hotelname=Hotel%20de%20l%27Europe%20by%20HappyCulture&#038;address=%C5%A0trasburk%2C%20Francie\" target=\"_blank\" rel=\"noopener nofollow sponsored\">Hotel de l&#8217;Europe by HappyCulture<\/a><\/strong> ofrece habitaciones elegantes y espaciosas complementadas con preciosos elementos r\u00fasticos, como las viejas vigas de madera vistas en los techos. Se encuentra en una calle lateral m\u00e1s tranquila justo al lado del popular barrio de Petite France, as\u00ed que <strong>se sit\u00faa en la parte m\u00e1s pintoresca de la ciudad, pero h\u00e1bilmente algo apartado del mayor caos tur\u00edstico<\/strong>.<\/p>\n\n\n\n<p class=\"wp-block-paragraph\">El hotel incluye un bar muy popular y agradable, donde a los hu\u00e9spedes les gusta reunirse por las noches con una copa de vino, y <strong>el ambiente general resulta muy relajado, juvenil y cercano<\/strong>. Los desayunos matutinos suelen ser muy abundantes y disfrutar\u00e1s de excelente boller\u00eda fresca de panaderos locales seleccionados y de quesos de calidad.<\/p>\n\n\n\n<p class=\"wp-block-paragraph\">Adem\u00e1s, el concepto de la cadena HappyCulture se encarga de que durante todo el d\u00eda tengas a tu disposici\u00f3n en el lobby caf\u00e9, t\u00e9 y alg\u00fan peque\u00f1o detalle dulce gratis, algo muy agradable tras un paseo por la ciudad.<\/p>\n\n\n\n<p class=\"wp-block-paragraph\">\ud83d\udca1 <strong>Consejo:<\/strong> Opci\u00f3n de gama media muy s\u00f3lida y fiable si quieres <strong>vivir en primera persona la atm\u00f3sfera de las casas de entramado de madera<\/strong>, pero a la vez necesitas para tu estancia unas instalaciones modernas y de confianza.<\/p>\n\n\n\n<figure data-wp-context=\"{&quot;imageId&quot;:&quot;6a9ce3b9365f3&quot;}\" data-wp-interactive=\"core\/image\" data-wp-key=\"6a9ce3b9365f3\" class=\"wp-block-image size-full wp-lightbox-container\"><img decoding=\"async\" width=\"1600\" height=\"900\" data-wp-class--hide=\"state.isContentHidden\" data-wp-class--show=\"state.isContentVisible\" data-wp-init=\"callbacks.setButtonStyles\" data-wp-on--click=\"actions.showLightbox\" data-wp-on--load=\"callbacks.setButtonStyles\" data-wp-on--pointerdown=\"actions.preloadImage\" data-wp-on--pointerenter=\"actions.preloadImageWithDelay\" data-wp-on--pointerleave=\"actions.cancelPreload\" data-wp-on-window--resize=\"callbacks.setButtonStyles\" src=\"https:\/\/loudavymkrokem.cz\/wp-content\/uploads\/2026\/09\/logis-h-tel-au-cerf-d-or.jpg\" alt=\"Hotel Logis H\u00f4tel Au Cerf d&#039;Or\" class=\"wp-image-413101\" title=\"\" srcset=\"https:\/\/loudavymkrokem.cz\/wp-content\/uploads\/2026\/09\/logis-h-tel-au-cerf-d-or.jpg 1600w, https:\/\/loudavymkrokem.cz\/wp-content\/uploads\/2026\/09\/logis-h-tel-au-cerf-d-or-300x169.jpg 300w, https:\/\/loudavymkrokem.cz\/wp-content\/uploads\/2026\/09\/logis-h-tel-au-cerf-d-or-700x394.jpg 700w, https:\/\/loudavymkrokem.cz\/wp-content\/uploads\/2026\/09\/logis-h-tel-au-cerf-d-or-768x432.jpg 768w, https:\/\/loudavymkrokem.cz\/wp-content\/uploads\/2026\/09\/logis-h-tel-au-cerf-d-or-1536x864.jpg 1536w, https:\/\/loudavymkrokem.cz\/wp-content\/uploads\/2026\/09\/logis-h-tel-au-cerf-d-or-696x392.jpg 696w, https:\/\/loudavymkrokem.cz\/wp-content\/uploads\/2026\/09\/logis-h-tel-au-cerf-d-or-1392x783.jpg 1392w\" sizes=\"(max-width: 1600px) 100vw, 1600px\" \/><button\n\t\t\tclass=\"lightbox-trigger\"\n\t\t\ttype=\"button\"\n\t\t\taria-haspopup=\"dialog\"\n\t\t\tdata-wp-bind--aria-label=\"state.thisImage.triggerButtonAriaLabel\"\n\t\t\tdata-wp-init=\"callbacks.initTriggerButton\"\n\t\t\tdata-wp-on--click=\"actions.showLightbox\"\n\t\t\tdata-wp-style--right=\"state.thisImage.buttonRight\"\n\t\t\tdata-wp-style--top=\"state.thisImage.buttonTop\"\n\t\t>\n\t\t\t<svg xmlns=\"http:\/\/www.w3.org\/2000\/svg\" width=\"12\" height=\"12\" fill=\"none\" viewBox=\"0 0 12 12\">\n\t\t\t\t<path fill=\"#fff\" d=\"M2 0a2 2 0 0 0-2 2v2h1.5V2a.5.5 0 0 1 .5-.5h2V0H2Zm2 10.5H2a.5.5 0 0 1-.5-.5V8H0v2a2 2 0 0 0 2 2h2v-1.5ZM8 12v-1.5h2a.5.5 0 0 0 .5-.5V8H12v2a2 2 0 0 1-2 2H8Zm2-12a2 2 0 0 1 2 2v2h-1.5V2a.5.5 0 0 0-.5-.5H8V0h2Z\" \/>\n\t\t\t<\/svg>\n\t\t<\/button><figcaption class=\"wp-element-caption\">Foto: Logis H\u00f4tel Au Cerf d&#8217;Or \/ Google Maps<\/figcaption><\/figure>\n\n\n\n<h3 class=\"wp-block-heading\"><span class=\"ez-toc-section\" id=\"14_Logis_Hotel_Au_Cerf_dOr\"><\/span>14. Logis H\u00f4tel Au Cerf d&#8217;Or<span class=\"ez-toc-section-end\"><\/span><\/h3>\n\n\n\n<p class=\"wp-block-paragraph\">Esta encantadora joya hist\u00f3rica, el <strong><a href=\"https:\/\/www.stay22.com\/allez\/roam?aid=lukaskonecny&#038;campaign=loudavymkrokemcz&#038;campaign=kde-bydlet-ve-strasburku&#038;hotelname=Logis%20H%C3%B4tel%20Au%20Cerf%20d%27Or&#038;address=%C5%A0trasburk%2C%20Francie\" target=\"_blank\" rel=\"noopener nofollow sponsored\">Logis H\u00f4tel Au Cerf d&#8217;Or<\/a><\/strong> con una valoraci\u00f3n de 4,3, ocupa <strong>una casa tradicional del siglo XV bellamente restaurada<\/strong> y ya en la puerta te transporta de inmediato en el tiempo. Los antiguos revestimientos de madera, el tradicional y c\u00e1lido estilo alsaciano y un personal familiar incre\u00edblemente amable <strong>convierten este alojamiento en un lugar con alma de verdad<\/strong>, que recordar\u00e1s durante mucho tiempo.<\/p>\n\n\n\n<p class=\"wp-block-paragraph\">Adem\u00e1s de su c\u00e9lebre y excelente restaurante tradicional, este hotel te sorprender\u00e1 tambi\u00e9n con un <strong>precioso spa moderno con piscina cubierta climatizada<\/strong>, algo muy poco frecuente en el propio casco hist\u00f3rico de la ciudad. As\u00ed, durante el d\u00eda puedes combinar a fondo la exploraci\u00f3n de los monumentos con un completo descanso vespertino en la sauna y la ba\u00f1era de hidromasaje.<\/p>\n\n\n\n<p class=\"wp-block-paragraph\">Las habitaciones son aqu\u00ed m\u00e1s bien peque\u00f1as, pero incre\u00edblemente acogedoras y llenas de detalles hist\u00f3ricos que te contagian ese romanticismo franc\u00e9s tan aut\u00e9ntico. Los desayunos se sirven en un fant\u00e1stico sal\u00f3n de madera y ofrecen lo mejor de los productos locales.<\/p>\n\n\n\n<p class=\"wp-block-paragraph\">\ud83d\udca1 <strong>Consejo:<\/strong> Recomiendo calurosamente este hotel a todos los que <strong>aman los edificios hist\u00f3ricos aut\u00e9nticos con una historia fuerte<\/strong> y a la vez agradecen enormemente la posibilidad de nadar en la piscina tras un d\u00eda exigente por las calles.<\/p>\n\n\n\n<figure data-wp-context=\"{&quot;imageId&quot;:&quot;6a9ce3b936a8d&quot;}\" data-wp-interactive=\"core\/image\" data-wp-key=\"6a9ce3b936a8d\" class=\"wp-block-image size-full wp-lightbox-container\"><img decoding=\"async\" width=\"1024\" height=\"683\" data-wp-class--hide=\"state.isContentHidden\" data-wp-class--show=\"state.isContentVisible\" data-wp-init=\"callbacks.setButtonStyles\" data-wp-on--click=\"actions.showLightbox\" data-wp-on--load=\"callbacks.setButtonStyles\" data-wp-on--pointerdown=\"actions.preloadImage\" data-wp-on--pointerenter=\"actions.preloadImageWithDelay\" data-wp-on--pointerleave=\"actions.cancelPreload\" data-wp-on-window--resize=\"callbacks.setButtonStyles\" src=\"https:\/\/loudavymkrokem.cz\/wp-content\/uploads\/2026\/09\/best-western-plus-h-tel-monopole-m-tropole.jpg\" alt=\"Hotel Best Western Plus H\u00f4tel Monopole M\u00e9tropole\" class=\"wp-image-413105\" title=\"\" srcset=\"https:\/\/loudavymkrokem.cz\/wp-content\/uploads\/2026\/09\/best-western-plus-h-tel-monopole-m-tropole.jpg 1024w, https:\/\/loudavymkrokem.cz\/wp-content\/uploads\/2026\/09\/best-western-plus-h-tel-monopole-m-tropole-300x200.jpg 300w, https:\/\/loudavymkrokem.cz\/wp-content\/uploads\/2026\/09\/best-western-plus-h-tel-monopole-m-tropole-700x467.jpg 700w, https:\/\/loudavymkrokem.cz\/wp-content\/uploads\/2026\/09\/best-western-plus-h-tel-monopole-m-tropole-768x512.jpg 768w, https:\/\/loudavymkrokem.cz\/wp-content\/uploads\/2026\/09\/best-western-plus-h-tel-monopole-m-tropole-696x464.jpg 696w\" sizes=\"(max-width: 1024px) 100vw, 1024px\" \/><button\n\t\t\tclass=\"lightbox-trigger\"\n\t\t\ttype=\"button\"\n\t\t\taria-haspopup=\"dialog\"\n\t\t\tdata-wp-bind--aria-label=\"state.thisImage.triggerButtonAriaLabel\"\n\t\t\tdata-wp-init=\"callbacks.initTriggerButton\"\n\t\t\tdata-wp-on--click=\"actions.showLightbox\"\n\t\t\tdata-wp-style--right=\"state.thisImage.buttonRight\"\n\t\t\tdata-wp-style--top=\"state.thisImage.buttonTop\"\n\t\t>\n\t\t\t<svg xmlns=\"http:\/\/www.w3.org\/2000\/svg\" width=\"12\" height=\"12\" fill=\"none\" viewBox=\"0 0 12 12\">\n\t\t\t\t<path fill=\"#fff\" d=\"M2 0a2 2 0 0 0-2 2v2h1.5V2a.5.5 0 0 1 .5-.5h2V0H2Zm2 10.5H2a.5.5 0 0 1-.5-.5V8H0v2a2 2 0 0 0 2 2h2v-1.5ZM8 12v-1.5h2a.5.5 0 0 0 .5-.5V8H12v2a2 2 0 0 1-2 2H8Zm2-12a2 2 0 0 1 2 2v2h-1.5V2a.5.5 0 0 0-.5-.5H8V0h2Z\" \/>\n\t\t\t<\/svg>\n\t\t<\/button><figcaption class=\"wp-element-caption\">Foto: Best Western Plus H\u00f4tel Monopole M\u00e9tropole \/ Google Maps<\/figcaption><\/figure>\n\n\n\n<h3 class=\"wp-block-heading\"><span class=\"ez-toc-section\" id=\"15_Best_Western_Plus_Hotel_Monopole_Metropole\"><\/span>15. Best Western Plus H\u00f4tel Monopole M\u00e9tropole<span class=\"ez-toc-section-end\"><\/span><\/h3>\n\n\n\n<p class=\"wp-block-paragraph\">Si buscas una fiabilidad al cien por cien con una excelente valoraci\u00f3n de 4,5 en las inmediaciones de la estaci\u00f3n principal, el <strong><a href=\"https:\/\/www.stay22.com\/allez\/roam?aid=lukaskonecny&#038;campaign=loudavymkrokemcz&#038;campaign=kde-bydlet-ve-strasburku&#038;hotelname=Best%20Western%20Plus%20H%C3%B4tel%20Monopole%20M%C3%A9tropole&#038;address=%C5%A0trasburk%2C%20Francie\" target=\"_blank\" rel=\"noopener nofollow sponsored\">Best Western Plus H\u00f4tel Monopole M\u00e9tropole<\/a><\/strong> es una apuesta segura dentro de su nivel de precio. El hotel mantiene el alto y predecible est\u00e1ndar de una gran cadena, pero a la vez <strong>ofrece un car\u00e1cter \u00fanico y personal gracias a un precioso sal\u00f3n de c\u00f3cteles<\/strong> con chimenea y a numerosas obras de arte repartidas por los interiores.<\/p>\n\n\n\n<p class=\"wp-block-paragraph\">Todos los hu\u00e9spedes tienen a su disposici\u00f3n un gimnasio moderno muy bien equipado y, sobre todo, <strong>habitaciones extraordinariamente amplias, impecablemente limpias y con las camas m\u00e1s c\u00f3modas<\/strong>. Al propio centro hist\u00f3rico y a los brazos del r\u00edo llegas desde aqu\u00ed con un agradable paseo llano en menos de diez minutos, lo que lo convierte en una base estupenda y pr\u00e1ctica para tu estancia.<\/p>\n\n\n\n<p class=\"wp-block-paragraph\">El abundante desayuno ofrece una enorme selecci\u00f3n de todo, desde fruta fresca y huevos hasta quesos locales. El personal de recepci\u00f3n funciona a las mil maravillas y siempre te consigue con gusto mapas, ideas para excursiones o billetes de transporte.<\/p>\n\n\n\n<p class=\"wp-block-paragraph\">\ud83d\udca1 <strong>Consejo:<\/strong> Opci\u00f3n perfecta para quienes <strong>quieren un precio muy razonable, una alta calidad garantizada y un excelente acceso<\/strong> tanto a las conexiones de tren como a los principales monumentos del centro.<\/p>\n\n\n\n<figure data-wp-context=\"{&quot;imageId&quot;:&quot;6a9ce3b936f5c&quot;}\" data-wp-interactive=\"core\/image\" data-wp-key=\"6a9ce3b936f5c\" class=\"wp-block-image size-full wp-lightbox-container\"><img decoding=\"async\" width=\"1600\" height=\"900\" data-wp-class--hide=\"state.isContentHidden\" data-wp-class--show=\"state.isContentVisible\" data-wp-init=\"callbacks.setButtonStyles\" data-wp-on--click=\"actions.showLightbox\" data-wp-on--load=\"callbacks.setButtonStyles\" data-wp-on--pointerdown=\"actions.preloadImage\" data-wp-on--pointerenter=\"actions.preloadImageWithDelay\" data-wp-on--pointerleave=\"actions.cancelPreload\" data-wp-on-window--resize=\"callbacks.setButtonStyles\" src=\"https:\/\/loudavymkrokem.cz\/wp-content\/uploads\/2026\/09\/h-tel-arok.jpg\" alt=\"Hotel H\u00f4tel Arok\" class=\"wp-image-413109\" title=\"\" srcset=\"https:\/\/loudavymkrokem.cz\/wp-content\/uploads\/2026\/09\/h-tel-arok.jpg 1600w, https:\/\/loudavymkrokem.cz\/wp-content\/uploads\/2026\/09\/h-tel-arok-300x169.jpg 300w, https:\/\/loudavymkrokem.cz\/wp-content\/uploads\/2026\/09\/h-tel-arok-700x394.jpg 700w, https:\/\/loudavymkrokem.cz\/wp-content\/uploads\/2026\/09\/h-tel-arok-768x432.jpg 768w, https:\/\/loudavymkrokem.cz\/wp-content\/uploads\/2026\/09\/h-tel-arok-1536x864.jpg 1536w, https:\/\/loudavymkrokem.cz\/wp-content\/uploads\/2026\/09\/h-tel-arok-696x392.jpg 696w, https:\/\/loudavymkrokem.cz\/wp-content\/uploads\/2026\/09\/h-tel-arok-1392x783.jpg 1392w\" sizes=\"(max-width: 1600px) 100vw, 1600px\" \/><button\n\t\t\tclass=\"lightbox-trigger\"\n\t\t\ttype=\"button\"\n\t\t\taria-haspopup=\"dialog\"\n\t\t\tdata-wp-bind--aria-label=\"state.thisImage.triggerButtonAriaLabel\"\n\t\t\tdata-wp-init=\"callbacks.initTriggerButton\"\n\t\t\tdata-wp-on--click=\"actions.showLightbox\"\n\t\t\tdata-wp-style--right=\"state.thisImage.buttonRight\"\n\t\t\tdata-wp-style--top=\"state.thisImage.buttonTop\"\n\t\t>\n\t\t\t<svg xmlns=\"http:\/\/www.w3.org\/2000\/svg\" width=\"12\" height=\"12\" fill=\"none\" viewBox=\"0 0 12 12\">\n\t\t\t\t<path fill=\"#fff\" d=\"M2 0a2 2 0 0 0-2 2v2h1.5V2a.5.5 0 0 1 .5-.5h2V0H2Zm2 10.5H2a.5.5 0 0 1-.5-.5V8H0v2a2 2 0 0 0 2 2h2v-1.5ZM8 12v-1.5h2a.5.5 0 0 0 .5-.5V8H12v2a2 2 0 0 1-2 2H8Zm2-12a2 2 0 0 1 2 2v2h-1.5V2a.5.5 0 0 0-.5-.5H8V0h2Z\" \/>\n\t\t\t<\/svg>\n\t\t<\/button><figcaption class=\"wp-element-caption\">Foto: Guenter Ditzel \/ Google Maps<\/figcaption><\/figure>\n\n\n\n<h3 class=\"wp-block-heading\"><span class=\"ez-toc-section\" id=\"16_Hotel_Arok\"><\/span>16. H\u00f4tel Arok<span class=\"ez-toc-section-end\"><\/span><\/h3>\n\n\n\n<p class=\"wp-block-paragraph\">Este muy estiloso <strong><a href=\"https:\/\/www.stay22.com\/allez\/roam?aid=lukaskonecny&#038;campaign=loudavymkrokemcz&#038;campaign=kde-bydlet-ve-strasburku&#038;hotelname=H%C3%B4tel%20Arok&#038;address=%C5%A0trasburk%2C%20Francie\" target=\"_blank\" rel=\"noopener nofollow sponsored\">H\u00f4tel Arok<\/a><\/strong>, junto a la estaci\u00f3n principal de tren y con una estupenda valoraci\u00f3n de 4,6, se dirige sobre todo a los viajeros m\u00e1s j\u00f3venes y a los n\u00f3madas digitales. Nada m\u00e1s entrar te <strong>cautiva con su dise\u00f1o poco convencional, desenfadado y muy colorido<\/strong>, que impregna todo el edificio. Ya en el vest\u00edbulo encuentras una <strong>preciosa biblioteca y un amplio sal\u00f3n art\u00edstico con bar<\/strong>, que durante el d\u00eda funciona como un espacio de coworking sumamente agradable para quienes necesitan abrir un rato el port\u00e1til.<\/p>\n\n\n\n<p class=\"wp-block-paragraph\">Las habitaciones son algo m\u00e1s peque\u00f1as de tama\u00f1o, pero est\u00e1n decoradas de forma extraordinariamente inteligente y pr\u00e1ctica, impecablemente limpias y <strong>no les falta ninguna tecnolog\u00eda moderna<\/strong> que necesites para una estancia c\u00f3moda. Todos los hu\u00e9spedes disponen tambi\u00e9n de un gimnasio peque\u00f1o pero muy bien equipado para el estiramiento matutino. El desayuno tipo buf\u00e9 ofrece un mont\u00f3n de opciones sanas y frescas, incluida una estupenda boller\u00eda integral y quesos locales.<\/p>\n\n\n\n<p class=\"wp-block-paragraph\">La ubicaci\u00f3n justo junto a la estaci\u00f3n significa que del tren dejas directamente las maletas en la habitaci\u00f3n, en diez minutos a pie admiras el casco hist\u00f3rico y la parada de tranv\u00eda justo delante del hotel te lleva sin problema al resto de la ciudad.<\/p>\n\n\n\n<p class=\"wp-block-paragraph\">\ud83d\udca1 <strong>Consejo:<\/strong> Arok es sencillamente estupendo para parejas y viajeros en solitario que prefieren un <strong>ambiente informal y muy moderno<\/strong> y quieren alojarse en un entorno con estilo en las inmediaciones de la estaci\u00f3n de tren.<\/p>\n\n\n\n<figure data-wp-context=\"{&quot;imageId&quot;:&quot;6a9ce3b937830&quot;}\" data-wp-interactive=\"core\/image\" data-wp-key=\"6a9ce3b937830\" class=\"wp-block-image size-full wp-lightbox-container\"><img decoding=\"async\" width=\"1592\" height=\"1063\" data-wp-class--hide=\"state.isContentHidden\" data-wp-class--show=\"state.isContentVisible\" data-wp-init=\"callbacks.setButtonStyles\" data-wp-on--click=\"actions.showLightbox\" data-wp-on--load=\"callbacks.setButtonStyles\" data-wp-on--pointerdown=\"actions.preloadImage\" data-wp-on--pointerenter=\"actions.preloadImageWithDelay\" data-wp-on--pointerleave=\"actions.cancelPreload\" data-wp-on-window--resize=\"callbacks.setButtonStyles\" src=\"https:\/\/loudavymkrokem.cz\/wp-content\/uploads\/2026\/09\/ciarus.jpg\" alt=\"Hotel Ciarus\" class=\"wp-image-413113\" title=\"\" srcset=\"https:\/\/loudavymkrokem.cz\/wp-content\/uploads\/2026\/09\/ciarus.jpg 1592w, https:\/\/loudavymkrokem.cz\/wp-content\/uploads\/2026\/09\/ciarus-300x200.jpg 300w, https:\/\/loudavymkrokem.cz\/wp-content\/uploads\/2026\/09\/ciarus-700x467.jpg 700w, https:\/\/loudavymkrokem.cz\/wp-content\/uploads\/2026\/09\/ciarus-768x513.jpg 768w, https:\/\/loudavymkrokem.cz\/wp-content\/uploads\/2026\/09\/ciarus-1536x1026.jpg 1536w, https:\/\/loudavymkrokem.cz\/wp-content\/uploads\/2026\/09\/ciarus-696x465.jpg 696w, https:\/\/loudavymkrokem.cz\/wp-content\/uploads\/2026\/09\/ciarus-1392x929.jpg 1392w\" sizes=\"(max-width: 1592px) 100vw, 1592px\" \/><button\n\t\t\tclass=\"lightbox-trigger\"\n\t\t\ttype=\"button\"\n\t\t\taria-haspopup=\"dialog\"\n\t\t\tdata-wp-bind--aria-label=\"state.thisImage.triggerButtonAriaLabel\"\n\t\t\tdata-wp-init=\"callbacks.initTriggerButton\"\n\t\t\tdata-wp-on--click=\"actions.showLightbox\"\n\t\t\tdata-wp-style--right=\"state.thisImage.buttonRight\"\n\t\t\tdata-wp-style--top=\"state.thisImage.buttonTop\"\n\t\t>\n\t\t\t<svg xmlns=\"http:\/\/www.w3.org\/2000\/svg\" width=\"12\" height=\"12\" fill=\"none\" viewBox=\"0 0 12 12\">\n\t\t\t\t<path fill=\"#fff\" d=\"M2 0a2 2 0 0 0-2 2v2h1.5V2a.5.5 0 0 1 .5-.5h2V0H2Zm2 10.5H2a.5.5 0 0 1-.5-.5V8H0v2a2 2 0 0 0 2 2h2v-1.5ZM8 12v-1.5h2a.5.5 0 0 0 .5-.5V8H12v2a2 2 0 0 1-2 2H8Zm2-12a2 2 0 0 1 2 2v2h-1.5V2a.5.5 0 0 0-.5-.5H8V0h2Z\" \/>\n\t\t\t<\/svg>\n\t\t<\/button><figcaption class=\"wp-element-caption\">Foto: Ciarus \/ Google Maps<\/figcaption><\/figure>\n\n\n\n<h3 class=\"wp-block-heading\"><span class=\"ez-toc-section\" id=\"17_Ciarus\"><\/span>17. Ciarus<span class=\"ez-toc-section-end\"><\/span><\/h3>\n\n\n\n<p class=\"wp-block-paragraph\">Este legendario hostel de Estrasburgo, el <strong><a href=\"https:\/\/www.stay22.com\/allez\/roam?aid=lukaskonecny&#038;campaign=loudavymkrokemcz&#038;campaign=kde-bydlet-ve-strasburku&#038;hotelname=Ciarus&#038;address=%C5%A0trasburk%2C%20Francie\" target=\"_blank\" rel=\"noopener nofollow sponsored\">Ciarus<\/a><\/strong> con una s\u00f3lida valoraci\u00f3n de 4,0, es la prueba clara de que <strong>viajar con un presupuesto m\u00e1s bajo tambi\u00e9n puede ser muy c\u00f3modo y con estilo en esta cara ciudad<\/strong>. Ofrece no solo las cl\u00e1sicas habitaciones compartidas limpias de varias camas, sino tambi\u00e9n preciosas habitaciones privadas de decoraci\u00f3n moderna con ba\u00f1o propio y un est\u00e1ndar sorprendentemente alto. As\u00ed satisface sin problema incluso a mochileros m\u00e1s exigentes y a parejas que quieren ahorrar en el alojamiento.<\/p>\n\n\n\n<p class=\"wp-block-paragraph\">Se encuentra a una distancia a pie muy c\u00f3moda del centro hist\u00f3rico y <strong>cuenta con un estupendo comedor autoservicio y un bar nocturno<\/strong>, donde conocer\u00e1s facil\u00edsimamente a otros viajeros con inquietudes parecidas de todo el mundo. Hay tambi\u00e9n amplias salas comunes con billar y una terraza exterior, que en los meses de verano invita claramente a sentarse por las noches.<\/p>\n\n\n\n<p class=\"wp-block-paragraph\">Es sencillamente la opci\u00f3n ideal para quienes no necesitan lujo hotelero, pero exigen una limpieza impecable, un wifi fiable y un ambiente internacional cercano, y la recepci\u00f3n abierta las 24 horas con personal dispuesto a aconsejarte sobre excursiones lo redondea todo.<\/p>\n\n\n\n<p class=\"wp-block-paragraph\">\ud83d\udca1 <strong>Consejo:<\/strong> Si buscas <strong>el presupuesto m\u00e1s bajo posible a una c\u00f3moda distancia a pie del centro<\/strong>, este moderno hostel con estupendas instalaciones desde luego no te decepcionar\u00e1.<\/p>\n\n\n\n<figure data-wp-context=\"{&quot;imageId&quot;:&quot;6a9ce3b937e58&quot;}\" data-wp-interactive=\"core\/image\" data-wp-key=\"6a9ce3b937e58\" class=\"wp-block-image size-full wp-lightbox-container\"><img decoding=\"async\" width=\"1600\" height=\"858\" data-wp-class--hide=\"state.isContentHidden\" data-wp-class--show=\"state.isContentVisible\" data-wp-init=\"callbacks.setButtonStyles\" data-wp-on--click=\"actions.showLightbox\" data-wp-on--load=\"callbacks.setButtonStyles\" data-wp-on--pointerdown=\"actions.preloadImage\" data-wp-on--pointerenter=\"actions.preloadImageWithDelay\" data-wp-on--pointerleave=\"actions.cancelPreload\" data-wp-on-window--resize=\"callbacks.setButtonStyles\" src=\"https:\/\/loudavymkrokem.cz\/wp-content\/uploads\/2026\/09\/ch-teau-de-pourtal-s.jpg\" alt=\"Hotel Ch\u00e2teau de Pourtal\u00e8s\" class=\"wp-image-413119\" title=\"\" srcset=\"https:\/\/loudavymkrokem.cz\/wp-content\/uploads\/2026\/09\/ch-teau-de-pourtal-s.jpg 1600w, https:\/\/loudavymkrokem.cz\/wp-content\/uploads\/2026\/09\/ch-teau-de-pourtal-s-300x161.jpg 300w, https:\/\/loudavymkrokem.cz\/wp-content\/uploads\/2026\/09\/ch-teau-de-pourtal-s-700x375.jpg 700w, https:\/\/loudavymkrokem.cz\/wp-content\/uploads\/2026\/09\/ch-teau-de-pourtal-s-768x412.jpg 768w, https:\/\/loudavymkrokem.cz\/wp-content\/uploads\/2026\/09\/ch-teau-de-pourtal-s-1536x824.jpg 1536w, https:\/\/loudavymkrokem.cz\/wp-content\/uploads\/2026\/09\/ch-teau-de-pourtal-s-696x373.jpg 696w, https:\/\/loudavymkrokem.cz\/wp-content\/uploads\/2026\/09\/ch-teau-de-pourtal-s-1392x746.jpg 1392w\" sizes=\"(max-width: 1600px) 100vw, 1600px\" \/><button\n\t\t\tclass=\"lightbox-trigger\"\n\t\t\ttype=\"button\"\n\t\t\taria-haspopup=\"dialog\"\n\t\t\tdata-wp-bind--aria-label=\"state.thisImage.triggerButtonAriaLabel\"\n\t\t\tdata-wp-init=\"callbacks.initTriggerButton\"\n\t\t\tdata-wp-on--click=\"actions.showLightbox\"\n\t\t\tdata-wp-style--right=\"state.thisImage.buttonRight\"\n\t\t\tdata-wp-style--top=\"state.thisImage.buttonTop\"\n\t\t>\n\t\t\t<svg xmlns=\"http:\/\/www.w3.org\/2000\/svg\" width=\"12\" height=\"12\" fill=\"none\" viewBox=\"0 0 12 12\">\n\t\t\t\t<path fill=\"#fff\" d=\"M2 0a2 2 0 0 0-2 2v2h1.5V2a.5.5 0 0 1 .5-.5h2V0H2Zm2 10.5H2a.5.5 0 0 1-.5-.5V8H0v2a2 2 0 0 0 2 2h2v-1.5ZM8 12v-1.5h2a.5.5 0 0 0 .5-.5V8H12v2a2 2 0 0 1-2 2H8Zm2-12a2 2 0 0 1 2 2v2h-1.5V2a.5.5 0 0 0-.5-.5H8V0h2Z\" \/>\n\t\t\t<\/svg>\n\t\t<\/button><figcaption class=\"wp-element-caption\">Foto: Ch\u00e2teau de Pourtal\u00e8s \/ Google Maps<\/figcaption><\/figure>\n\n\n\n<h3 class=\"wp-block-heading\"><span class=\"ez-toc-section\" id=\"18_Chateau_de_Pourtales\"><\/span>18. Ch\u00e2teau de Pourtal\u00e8s<span class=\"ez-toc-section-end\"><\/span><\/h3>\n\n\n\n<p class=\"wp-block-paragraph\">Con una estupenda valoraci\u00f3n de 4,5 sobre m\u00e1s de dos mil rese\u00f1as, este precioso castillo restaurado, el <strong><a href=\"https:\/\/www.stay22.com\/allez\/roam?aid=lukaskonecny&#038;campaign=loudavymkrokemcz&#038;campaign=kde-bydlet-ve-strasburku&#038;hotelname=Ch%C3%A2teau%20de%20Pourtal%C3%A8s&#038;address=%C5%A0trasburk%2C%20Francie\" target=\"_blank\" rel=\"noopener nofollow sponsored\">Ch\u00e2teau de Pourtal\u00e8s<\/a><\/strong> de principios del siglo XVIII, representa algo completamente distinto al resto de hoteles cl\u00e1sicos del centro. Se sit\u00faa en el tranquilo barrio de Robertsau, a las afueras, rodeado por todos lados del verde intenso de un amplio parque, y <strong>ofrece a sus hu\u00e9spedes incluso un spa privado y su propia pista de tenis<\/strong> para un descanso activo.<\/p>\n\n\n\n<p class=\"wp-block-paragraph\">El abundante desayuno est\u00e1 aqu\u00ed siempre incluido en el precio base del alojamiento y <strong>las propias habitaciones respiran una aut\u00e9ntica atm\u00f3sfera aristocr\u00e1tica<\/strong>, as\u00ed que te sentir\u00e1s como en una verdadera mansi\u00f3n campestre francesa. Adem\u00e1s, puedes elegir entre habitaciones m\u00e1s tradicionales en el edificio hist\u00f3rico del castillo y habitaciones de decoraci\u00f3n m\u00e1s moderna en el pabell\u00f3n anexo.<\/p>\n\n\n\n<p class=\"wp-block-paragraph\">Pero no olvides un dato clave: al centro hist\u00f3rico tienes que desplazarte desde aqu\u00ed. Eso lo resuelves f\u00e1cilmente con el tranv\u00eda cercano o con una bici de alquiler, pero la ubicaci\u00f3n viene bien sobre todo para los que van en coche, que quieren tener el aparcamiento resuelto y disfrutar por las noches del silencio absoluto del enorme parque del castillo.<\/p>\n\n\n\n<p class=\"wp-block-paragraph\">\ud83d\udca1 <strong>Consejo:<\/strong> Estupenda opci\u00f3n rom\u00e1ntica para quienes <strong>llegan a Alsacia en su propio coche y quieren alojarse en un entorno verde y relajante<\/strong>, pudiendo desplazarse a la ciudad c\u00f3modamente en cualquier momento con el transporte p\u00fablico.<\/p>\n\n\n\n<h2 class=\"wp-block-heading\"><span class=\"ez-toc-section\" id=\"Como_elegir_el_hotel_adecuado\"><\/span>C\u00f3mo elegir el hotel adecuado<span class=\"ez-toc-section-end\"><\/span><\/h2>\n\n\n\n<p class=\"wp-block-paragraph\">A la hora de decidir sobre el alojamiento ideal, el papel principal lo juegan tu presupuesto, la fecha concreta del viaje y, sobre todo, el modo de transporte. Si <strong>viajas en familia y llevas coche<\/strong>, no tiene ning\u00fan sentido pagar cantidades enormes por hoteles car\u00edsimos justo en la isla Grande \u00cele (aparcar en las estrechas callejuelas es una aut\u00e9ntica pesadilla). Mucho m\u00e1s inteligente es elegir barrios m\u00e1s tranquilos m\u00e1s all\u00e1 del n\u00facleo, o directamente alg\u00fan castillo a las afueras, y <strong>aprovechar el ingenioso sistema urbano <a href=\"https:\/\/www.cts-strasbourg.eu\/en\/getting-around\/park-and-ride\/\" rel=\"nofollow noopener\" target=\"_blank\">Park &#038; Ride<\/a><\/strong>. Gracias a \u00e9l pagas una cantidad \u00ednfima por el aparcamiento y toda la tripulaci\u00f3n del coche obtiene, con el precio del p\u00e1rking, tambi\u00e9n el billete de ida y vuelta en tranv\u00eda al centro, lo que te ahorra un mont\u00f3n de dinero y de nervios.<\/p>\n\n\n\n<p class=\"wp-block-paragraph\">Para las parejas rom\u00e1nticas que, por el contrario, llegan en tren y quieren simplemente embelesarse despreocupadamente con la belleza de las callejuelas hist\u00f3ricas, la <strong>mejor opci\u00f3n es la zona de cuento de Petite France o las inmediaciones de la impresionante catedral<\/strong>. Aqu\u00ed disfrutar\u00e1s a fondo de la maravillosa atm\u00f3sfera del casco antiguo, porque tendr\u00e1s todos los monumentos nada m\u00e1s salir de la puerta. Eso s\u00ed, <strong>prep\u00e1rate para pagar bastante m\u00e1s por esa ubicaci\u00f3n exclusiva en el coraz\u00f3n de la acci\u00f3n<\/strong>, sobre todo durante la temporada alta de verano e invierno.<\/p>\n\n\n\n<p class=\"wp-block-paragraph\">Si lo que m\u00e1s te interesa es <strong>la mejor relaci\u00f3n calidad-precio, busca alojamiento sobre todo en la zona de la estaci\u00f3n de tren<\/strong> (barrio Gare) o en el m\u00e1s tranquilo barrio estudiantil de Krutenau. A pie llegas al centro en unos agradables diez o quince minutos junto al agua, pero <strong>aqu\u00ed los precios suelen ser entre un 30 y un 40 por ciento m\u00e1s bajos que en la isla<\/strong>, lo que en una estancia de varios d\u00edas marca en el presupuesto una diferencia realmente enorme.<\/p>\n\n\n\n<p class=\"wp-block-paragraph\">\u26a0\ufe0f Pero al elegir, ten mucho cuidado con los nombres tentadores. <strong>La palabra \u00abStrasbourg\u00bb en el nombre del hotel no significa autom\u00e1ticamente que vayas a dormir en el centro<\/strong>. Por ejemplo, el <em>Hotel Strasbourg Montagne Verte<\/em> queda bastante lejos, a las afueras. Del mismo modo, comprueba siempre con cuidado las rese\u00f1as reales de otros viajeros. Por ejemplo, el <em>City R\u00e9sidence Access Strasbourg<\/em> tiene una valoraci\u00f3n de solo 3,2, muy floja para la capital alsaciana, y el <em>ibis Strasbourg Centre Petite France<\/em>, de cadena, llega apenas a un 3,8, la <strong>valoraci\u00f3n m\u00e1s baja de todos los hoteles de cadena del casco hist\u00f3rico<\/strong> (su nombre suena sencillamente mucho mejor de lo que luego es la realidad sobre el terreno).<\/p>\n\n\n\n<h2 class=\"wp-block-heading\"><span class=\"ez-toc-section\" id=\"Que_ver_despues\"><\/span>Qu\u00e9 ver despu\u00e9s<span class=\"ez-toc-section-end\"><\/span><\/h2>\n\n\n\n<p class=\"wp-block-paragraph\">Una vez tengas resuelto el alojamiento, seguro que te vendr\u00e1 bien m\u00e1s informaci\u00f3n pr\u00e1ctica para planificar el viaje. He preparado para ti <strong>gu\u00edas detalladas que te ayudar\u00e1n a descubrir las mayores maravillas de la regi\u00f3n<\/strong> sin estr\u00e9s innecesario.<\/p>\n\n\n\n<p class=\"wp-block-paragraph\">Lee el art\u00edculo <a href=\"https:\/\/loudavymkrokem.cz\/co-videt-ve-strasburku\/\">Qu\u00e9 ver en Estrasburgo<\/a>, donde encontrar\u00e1s recomendaciones sobre los monumentos y lugares m\u00e1s bonitos que no debes perderte en tu primera visita. Si vas en invierno, no te pierdas la gu\u00eda <a href=\"https:\/\/loudavymkrokem.cz\/vanocni-trhy-strasburk\/\">Mercados navide\u00f1os de Estrasburgo<\/a>, que te <strong>prepara a la perfecci\u00f3n para la locura del adviento y te aconseja de qu\u00e9 multitudes huir<\/strong>.<\/p>\n\n\n\n<p class=\"wp-block-paragraph\">Para quienes quieren salir tambi\u00e9n m\u00e1s all\u00e1 de las puertas de la ciudad, recomiendo calurosamente el art\u00edculo <a href=\"https:\/\/loudavymkrokem.cz\/alsaska-vinna-stezka\/\">Ruta del vino de Alsacia: los 12 pueblos m\u00e1s bonitos<\/a>, porque <strong>Alsacia es sencillamente una regi\u00f3n de cuento llena de vi\u00f1edos y casas de entramado de madera<\/strong>. Una estupenda inspiraci\u00f3n ser\u00e1 tambi\u00e9n la gu\u00eda de la pintoresca localidad de <a href=\"https:\/\/loudavymkrokem.cz\/colmar-francie\/\">Colmar, Francia<\/a> o nuestro gran <a href=\"https:\/\/loudavymkrokem.cz\/roadtrip-po-francii-itinerar-na-14-dni\/\">Roadtrip por Francia: itinerario de 14 d\u00edas<\/a>, si <strong>planeas un viaje m\u00e1s largo en coche y quieres ver lo mejor del pa\u00eds<\/strong>.<\/p>\n\n\n\n<h2 class=\"wp-block-heading\"><span class=\"ez-toc-section\" id=\"Preguntas_frecuentes\"><\/span>Preguntas frecuentes<span class=\"ez-toc-section-end\"><\/span><\/h2>\n\n\n\n<p class=\"wp-block-paragraph\">\u00bfA\u00fan te quedan dudas antes del viaje a la capital alsaciana? Hemos recopilado para ti las respuestas a las preguntas m\u00e1s frecuentes, que te facilitar\u00e1n la planificaci\u00f3n.<\/p>\n\n\n<div id=\"rank-math-faq\" class=\"rank-math-block\">\n<div class=\"rank-math-list \">\n<div id=\"faq-question-1788283127000\" class=\"rank-math-list-item\">\n<h3 class=\"rank-math-question \"><span class=\"ez-toc-section\" id=\"%C2%BFCuando_es_el_mejor_momento_para_reservar_hotel_para_los_mercados_navidenos\"><\/span>\u00bfCu\u00e1ndo es el mejor momento para reservar hotel para los mercados navide\u00f1os?<span class=\"ez-toc-section-end\"><\/span><\/h3>\n<div class=\"rank-math-answer \">\n\n<p>Si quieres alojarte en el casco hist\u00f3rico de la isla Grande \u00cele, <strong>debes reservar con 6 a 9 meses de antelaci\u00f3n<\/strong>, porque los hoteles se agotan aqu\u00ed durante el Adviento a una velocidad incre\u00edble. Cuanto antes resuelvas el alojamiento, mayor ser\u00e1 la selecci\u00f3n disponible y evitar\u00e1s con seguridad tener que pagar las habitaciones sobrantes m\u00e1s caras a precios astron\u00f3micos.<\/p>\n\n<\/div>\n<\/div>\n<div id=\"faq-question-1788283127001\" class=\"rank-math-list-item\">\n<h3 class=\"rank-math-question \"><span class=\"ez-toc-section\" id=\"%C2%BFDonde_encuentro_el_alojamiento_mas_barato_en_Estrasburgo\"><\/span>\u00bfD\u00f3nde encuentro el alojamiento m\u00e1s barato en Estrasburgo?<span class=\"ez-toc-section-end\"><\/span><\/h3>\n<div class=\"rank-math-answer \">\n\n<p>Los mejores precios los encontrar\u00e1s sin duda <strong>en los alrededores de la estaci\u00f3n central de tren o en el barrio m\u00e1s tranquilo de Krutenau<\/strong>, que est\u00e1n a pocos minutos a pie del centro hist\u00f3rico. Aqu\u00ed se aplica una regla sencilla: <strong>los hoteles situados a 10 o 20 minutos a pie de la catedral suelen ser entre un 30 y un 40 por ciento m\u00e1s baratos<\/strong>, as\u00ed que el breve paseo al centro merece definitivamente la pena.<\/p>\n\n<\/div>\n<\/div>\n<div id=\"faq-question-1788283127002\" class=\"rank-math-list-item\">\n<h3 class=\"rank-math-question \"><span class=\"ez-toc-section\" id=\"%C2%BFSe_puede_aparcar_comodamente_junto_al_hotel_en_Estrasburgo\"><\/span>\u00bfSe puede aparcar c\u00f3modamente junto al hotel en Estrasburgo?<span class=\"ez-toc-section-end\"><\/span><\/h3>\n<div class=\"rank-math-answer \">\n\n<p>En el centro hist\u00f3rico, <strong>aparcar con coche es una aut\u00e9ntica pesadilla<\/strong> y los peque\u00f1os hoteles boutique a menudo ni siquiera tienen garaje propio. Por eso, es mucho m\u00e1s inteligente <strong>utilizar los aparcamientos disuasorios del muy elaborado sistema Park &amp; Ride en las afueras de la ciudad<\/strong>, donde por el precio de un aparcamiento insignificante obtienes tambi\u00e9n un billete de ida y vuelta en tranv\u00eda al centro para todos los ocupantes del veh\u00edculo.<\/p>\n\n<\/div>\n<\/div>\n<div id=\"faq-question-1788283127003\" class=\"rank-math-list-item\">\n<h3 class=\"rank-math-question \"><span class=\"ez-toc-section\" id=\"%C2%BFMerece_la_pena_alojarse_en_el_barrio_de_Petite_France\"><\/span>\u00bfMerece la pena alojarse en el barrio de Petite France?<span class=\"ez-toc-section-end\"><\/span><\/h3>\n<div class=\"rank-math-answer \">\n\n<p>El barrio de Petite France es sin duda <strong>la parte m\u00e1s fotog\u00e9nica y rom\u00e1ntica de toda la ciudad<\/strong>, llena de antiguas casas con entramado de madera y canales entrelazados. Durante los meses de primavera fuera de temporada alta es una opci\u00f3n de cuento para parejas, pero <strong>en \u00e9poca de Adviento hay tales multitudes de turistas que apenas se puede pasar por las callejuelas<\/strong>, as\u00ed que la tranquilidad deseada definitivamente no la encontrar\u00e1s aqu\u00ed en diciembre.<\/p>\n\n<\/div>\n<\/div>\n<div id=\"faq-question-1788283127004\" class=\"rank-math-list-item\">\n<h3 class=\"rank-math-question \"><span class=\"ez-toc-section\" id=\"%C2%BFSuben_los_precios_de_los_hoteles_durante_las_sesiones_del_Parlamento_Europeo\"><\/span>\u00bfSuben los precios de los hoteles durante las sesiones del Parlamento Europeo?<span class=\"ez-toc-section-end\"><\/span><\/h3>\n<div class=\"rank-math-answer \">\n\n<p>S\u00ed, y siempre de forma muy notable. <strong>Las sesiones plenarias del Parlamento Europeo llenan de manera regular y fulminante no solo todos los hoteles del barrio europeo adyacente, sino tambi\u00e9n los de todo el centro hist\u00f3rico de la ciudad.<\/strong> Afortunadamente, las fechas exactas de estas sesiones se pueden consultar en internet con mucha antelaci\u00f3n y <strong>si no est\u00e1s atado a una fecha fija, evita estos d\u00edas sin duda alguna<\/strong>.<\/p>\n\n<\/div>\n<\/div>\n<div id=\"faq-question-1788283127005\" class=\"rank-math-list-item\">\n<h3 class=\"rank-math-question \"><span class=\"ez-toc-section\" id=\"%C2%BFQue_probar_en_Estrasburgo_de_la_cocina_local\"><\/span>\u00bfQu\u00e9 probar en Estrasburgo de la cocina local?<span class=\"ez-toc-section-end\"><\/span><\/h3>\n<div class=\"rank-math-answer \">\n\n<p>T\u00e9cnicamente esto no tiene que ver con hoteles, pero s\u00e9 que me lo vais a preguntar igualmente, as\u00ed que aqu\u00ed est\u00e1 la respuesta: La cocina alsaciana es famosa por sus platos de carne, pero incluso sin carne encontrar\u00e1s opciones magn\u00edficas. <strong>Prueba sin falta la tradicional tarta fina tarte flamb\u00e9e (flammekueche) en su excelente versi\u00f3n vegetariana con queso y cebolla<\/strong>, acomp\u00e1\u00f1ala con un bretzel salado reci\u00e9n hecho y como postre dulce toma un esponjoso kougelhopf. <strong>No olvides regar todo con un excelente vino blanco alsaciano.<\/strong><\/p>\n\n<\/div>\n<\/div>\n<div id=\"faq-question-1788283127006\" class=\"rank-math-list-item\">\n<h3 class=\"rank-math-question \"><span class=\"ez-toc-section\" id=\"%C2%BFEs_Estrasburgo_una_buena_base_para_excursiones_por_Alsacia\"><\/span>\u00bfEs Estrasburgo una buena base para excursiones por Alsacia?<span class=\"ez-toc-section-end\"><\/span><\/h3>\n<div class=\"rank-math-answer \">\n\n<p>Definitivamente s\u00ed, Estrasburgo representa <strong>la mejor base estrat\u00e9gica para conocer toda esta regi\u00f3n de cuento<\/strong>. Desde la estaci\u00f3n central puedes llegar c\u00f3modamente en tren <strong>de forma f\u00e1cil y r\u00e1pida a la pintoresca Colmar y a pueblos m\u00e1s peque\u00f1os de la famosa ruta del vino<\/strong>, o puedes salir en coche para explorar la hermosa naturaleza de los cercanos montes Vosgos.<\/p>\n\n<\/div>\n<\/div>\n<\/div>\n<\/div>","protected":false},"excerpt":{"rendered":"<p>\u00bfBuscas hotel en Estrasburgo, Francia? Descubre en qu\u00e9 barrios ahorras hasta un 40 % del precio y por qu\u00e9 en adviento conviene alojarse fuera del centro hist\u00f3rico.<\/p>\n","protected":false},"author":3,"featured_media":413382,"comment_status":"open","ping_status":"open","sticky":false,"template":"","format":"standard","meta":{"_acf_changed":false,"footnotes":"","rank_math_title":"D\u00f3nde alojarse en Estrasburgo, Francia: 18 hoteles","rank_math_description":"Gu\u00eda de los 18 mejores hoteles en Estrasburgo, Francia y sus barrios: ahorra hasta un 40 % seg\u00fan la zona y reserva con antelaci\u00f3n. \u00a1Descubre d\u00f3nde alojarte!","rank_math_focus_keyword":"hoteles en estrasburgo francia","rank_math_seo_score":""},"categories":[996,1009,980],"tags":[],"class_list":["post-418789","post","type-post","status-publish","format-standard","has-post-thumbnail","category-europa","category-francia","category-viajes"],"acf":[],"featured_image_src":"https:\/\/loudavymkrokem.cz\/wp-content\/uploads\/2026\/09\/petite-france-po-soumraku-2cf25977.jpg","author_info":{"display_name":"Lucie Kone\u010dn\u00e1","author_link":"https:\/\/loudavymkrokem.cz\/es\/author\/lucie-konecna\/"},"_links":{"self":[{"href":"https:\/\/loudavymkrokem.cz\/es\/wp-json\/wp\/v2\/posts\/418789","targetHints":{"allow":["GET"]}}],"collection":[{"href":"https:\/\/loudavymkrokem.cz\/es\/wp-json\/wp\/v2\/posts"}],"about":[{"href":"https:\/\/loudavymkrokem.cz\/es\/wp-json\/wp\/v2\/types\/post"}],"author":[{"embeddable":true,"href":"https:\/\/loudavymkrokem.cz\/es\/wp-json\/wp\/v2\/users\/3"}],"replies":[{"embeddable":true,"href":"https:\/\/loudavymkrokem.cz\/es\/wp-json\/wp\/v2\/comments?post=418789"}],"version-history":[{"count":0,"href":"https:\/\/loudavymkrokem.cz\/es\/wp-json\/wp\/v2\/posts\/418789\/revisions"}],"wp:featuredmedia":[{"embeddable":true,"href":"https:\/\/loudavymkrokem.cz\/es\/wp-json\/wp\/v2\/media\/413382"}],"wp:attachment":[{"href":"https:\/\/loudavymkrokem.cz\/es\/wp-json\/wp\/v2\/media?parent=418789"}],"wp:term":[{"taxonomy":"category","embeddable":true,"href":"https:\/\/loudavymkrokem.cz\/es\/wp-json\/wp\/v2\/categories?post=418789"},{"taxonomy":"post_tag","embeddable":true,"href":"https:\/\/loudavymkrokem.cz\/es\/wp-json\/wp\/v2\/tags?post=418789"}],"curies":[{"name":"wp","href":"https:\/\/api.w.org\/{rel}","templated":true}]}}