{"id":418606,"date":"2026-09-04T20:50:25","date_gmt":"2026-09-04T18:50:25","guid":{"rendered":"https:\/\/loudavymkrokem.cz\/?p=418606"},"modified":"2026-09-06T02:56:26","modified_gmt":"2026-09-06T00:56:26","slug":"estrasburgo-francia-que-ver","status":"publish","type":"post","link":"https:\/\/loudavymkrokem.cz\/es\/estrasburgo-francia-que-ver\/","title":{"rendered":"Estrasburgo (Francia): 18 lugares que ver y cosas que hacer"},"content":{"rendered":"\n<p class=\"wp-block-paragraph\">La mayor\u00eda de nosotros asociamos Estrasburgo, en Francia, con el aroma del vino caliente y un mar de lucecitas navide\u00f1as, pero la verdad es que <strong>esta ciudad tiene mucho que ofrecer durante los otros once meses del a\u00f1o<\/strong>. Mientras que en diciembre revienta de gente y los precios se disparan, fuera del tiempo de Adviento se convierte en un destino m\u00e1s tranquilo y <strong>notablemente m\u00e1s barato<\/strong>, donde la elegancia francesa se funde con la precisi\u00f3n alemana. En el \u00faltimo siglo cambi\u00f3 de nacionalidad hasta cuatro veces, lo que dej\u00f3 una huella imborrable en su arquitectura, en el idioma local y en su excelente gastronom\u00eda.<\/p>\n\n\n\n<p class=\"wp-block-paragraph\">Aqu\u00ed encontrar\u00e1s un <strong>barrio hist\u00f3rico declarado Patrimonio de la UNESCO<\/strong>, una monumental catedral g\u00f3tica y los modernos edificios de cristal del Parlamento Europeo, que juntos crean una atm\u00f3sfera absolutamente \u00fanica. Puedes pasear por callejuelas pintorescas repletas de casas de entramado de madera, observar los barcos en los canales o simplemente sentarte en una cafeter\u00eda y <strong>empaparte de esa incre\u00edble calma sin multitudes de turistas<\/strong>. Estrasburgo es, en definitiva, una ciudad de dos identidades que te sorprender\u00e1 a cada paso.<\/p>\n\n\n\n<p class=\"wp-block-paragraph\">Si buscas el lugar ideal para un fin de semana largo, donde <strong>la historia se entrelaza con una vida moderna vibrante<\/strong>, acabas de encontrarlo. He preparado para ti una gu\u00eda detallada que te mostrar\u00e1 los mayores tesoros de la ciudad y te aconsejar\u00e1 c\u00f3mo disfrutar al m\u00e1ximo de tu visita, sin importar en qu\u00e9 \u00e9poca del a\u00f1o vengas.<\/p>\n\n\n\n<figure data-wp-context=\"{&quot;imageId&quot;:&quot;6a9d0c00f01fb&quot;}\" data-wp-interactive=\"core\/image\" data-wp-key=\"6a9d0c00f01fb\" class=\"wp-block-image size-full wp-lightbox-container\"><img decoding=\"async\" width=\"1920\" height=\"2454\" data-wp-class--hide=\"state.isContentHidden\" data-wp-class--show=\"state.isContentVisible\" data-wp-init=\"callbacks.setButtonStyles\" data-wp-on--click=\"actions.showLightbox\" data-wp-on--load=\"callbacks.setButtonStyles\" data-wp-on--pointerdown=\"actions.preloadImage\" data-wp-on--pointerenter=\"actions.preloadImageWithDelay\" data-wp-on--pointerleave=\"actions.cancelPreload\" data-wp-on-window--resize=\"callbacks.setButtonStyles\" src=\"https:\/\/loudavymkrokem.cz\/wp-content\/uploads\/2026\/09\/katedrala-notre-dame-ve-strasburku-af4b864e.jpg\" alt=\"Catedral de Notre-Dame en Estrasburgo\" class=\"wp-image-413376\" title=\"\" srcset=\"https:\/\/loudavymkrokem.cz\/wp-content\/uploads\/2026\/09\/katedrala-notre-dame-ve-strasburku-af4b864e.jpg 1920w, https:\/\/loudavymkrokem.cz\/wp-content\/uploads\/2026\/09\/katedrala-notre-dame-ve-strasburku-af4b864e-235x300.jpg 235w, https:\/\/loudavymkrokem.cz\/wp-content\/uploads\/2026\/09\/katedrala-notre-dame-ve-strasburku-af4b864e-700x895.jpg 700w, https:\/\/loudavymkrokem.cz\/wp-content\/uploads\/2026\/09\/katedrala-notre-dame-ve-strasburku-af4b864e-768x982.jpg 768w, https:\/\/loudavymkrokem.cz\/wp-content\/uploads\/2026\/09\/katedrala-notre-dame-ve-strasburku-af4b864e-1202x1536.jpg 1202w, https:\/\/loudavymkrokem.cz\/wp-content\/uploads\/2026\/09\/katedrala-notre-dame-ve-strasburku-af4b864e-1602x2048.jpg 1602w, https:\/\/loudavymkrokem.cz\/wp-content\/uploads\/2026\/09\/katedrala-notre-dame-ve-strasburku-af4b864e-696x890.jpg 696w, https:\/\/loudavymkrokem.cz\/wp-content\/uploads\/2026\/09\/katedrala-notre-dame-ve-strasburku-af4b864e-1392x1779.jpg 1392w\" sizes=\"(max-width: 1920px) 100vw, 1920px\" \/><button\n\t\t\tclass=\"lightbox-trigger\"\n\t\t\ttype=\"button\"\n\t\t\taria-haspopup=\"dialog\"\n\t\t\tdata-wp-bind--aria-label=\"state.thisImage.triggerButtonAriaLabel\"\n\t\t\tdata-wp-init=\"callbacks.initTriggerButton\"\n\t\t\tdata-wp-on--click=\"actions.showLightbox\"\n\t\t\tdata-wp-style--right=\"state.thisImage.buttonRight\"\n\t\t\tdata-wp-style--top=\"state.thisImage.buttonTop\"\n\t\t>\n\t\t\t<svg xmlns=\"http:\/\/www.w3.org\/2000\/svg\" width=\"12\" height=\"12\" fill=\"none\" viewBox=\"0 0 12 12\">\n\t\t\t\t<path fill=\"#fff\" d=\"M2 0a2 2 0 0 0-2 2v2h1.5V2a.5.5 0 0 1 .5-.5h2V0H2Zm2 10.5H2a.5.5 0 0 1-.5-.5V8H0v2a2 2 0 0 0 2 2h2v-1.5ZM8 12v-1.5h2a.5.5 0 0 0 .5-.5V8H12v2a2 2 0 0 1-2 2H8Zm2-12a2 2 0 0 1 2 2v2h-1.5V2a.5.5 0 0 0-.5-.5H8V0h2Z\" \/>\n\t\t\t<\/svg>\n\t\t<\/button><figcaption class=\"wp-element-caption\">Foto: Diliff \/ Wikimedia Commons, CC BY-SA 3.0<\/figcaption><\/figure>\n\n\n\n<div id=\"ez-toc-container\" class=\"ez-toc-v2_0_87 ez-toc-wrap-left counter-hierarchy ez-toc-counter ez-toc-grey ez-toc-container-direction\">\n<div class=\"ez-toc-title-container\">\n<p class=\"ez-toc-title\" style=\"cursor:inherit\">Contenido del art\u00edculo<\/p>\n<span class=\"ez-toc-title-toggle\"><a href=\"#\" class=\"ez-toc-pull-right ez-toc-btn ez-toc-btn-xs ez-toc-btn-default ez-toc-toggle\" aria-label=\"Alternar tabla de contenidos\"><span class=\"ez-toc-js-icon-con\"><span class=\"\"><span class=\"eztoc-hide\" style=\"display:none;\">Toggle<\/span><span class=\"ez-toc-icon-toggle-span\"><svg style=\"fill: #999;color:#999\" xmlns=\"http:\/\/www.w3.org\/2000\/svg\" class=\"list-377408\" width=\"20px\" height=\"20px\" viewBox=\"0 0 24 24\" fill=\"none\"><path d=\"M6 6H4v2h2V6zm14 0H8v2h12V6zM4 11h2v2H4v-2zm16 0H8v2h12v-2zM4 16h2v2H4v-2zm16 0H8v2h12v-2z\" fill=\"currentColor\"><\/path><\/svg><svg style=\"fill: #999;color:#999\" class=\"arrow-unsorted-368013\" xmlns=\"http:\/\/www.w3.org\/2000\/svg\" width=\"10px\" height=\"10px\" viewBox=\"0 0 24 24\" version=\"1.2\" baseProfile=\"tiny\"><path d=\"M18.2 9.3l-6.2-6.3-6.2 6.3c-.2.2-.3.4-.3.7s.1.5.3.7c.2.2.4.3.7.3h11c.3 0 .5-.1.7-.3.2-.2.3-.5.3-.7s-.1-.5-.3-.7zM5.8 14.7l6.2 6.3 6.2-6.3c.2-.2.3-.5.3-.7s-.1-.5-.3-.7c-.2-.2-.4-.3-.7-.3h-11c-.3 0-.5.1-.7.3-.2.2-.3.5-.3.7s.1.5.3.7z\"\/><\/svg><\/span><\/span><\/span><\/a><\/span><\/div>\n<nav><ul class='ez-toc-list ez-toc-list-level-1 ' ><ul class='ez-toc-list-level-3' ><li class='ez-toc-heading-level-3'><a class=\"ez-toc-link ez-toc-heading-1\" href=\"https:\/\/loudavymkrokem.cz\/es\/estrasburgo-francia-que-ver\/#Resumen_para_quienes_no_tienen_tiempo_de_leer_el_articulo_entero\" >Resumen para quienes no tienen tiempo de leer el art\u00edculo entero<\/a><\/li><\/ul><\/li><li class='ez-toc-page-1 ez-toc-heading-level-2'><a class=\"ez-toc-link ez-toc-heading-2\" href=\"https:\/\/loudavymkrokem.cz\/es\/estrasburgo-francia-que-ver\/#Cuando_viajar_a_Estrasburgo\" >Cu\u00e1ndo viajar a Estrasburgo<\/a><\/li><li class='ez-toc-page-1 ez-toc-heading-level-2'><a class=\"ez-toc-link ez-toc-heading-3\" href=\"https:\/\/loudavymkrokem.cz\/es\/estrasburgo-francia-que-ver\/#Donde_alojarse_en_Estrasburgo\" >D\u00f3nde alojarse en Estrasburgo<\/a><\/li><li class='ez-toc-page-1 ez-toc-heading-level-2'><a class=\"ez-toc-link ez-toc-heading-4\" href=\"https:\/\/loudavymkrokem.cz\/es\/estrasburgo-francia-que-ver\/#18_lugares_que_ver_y_cosas_que_hacer_en_Estrasburgo\" >18 lugares que ver y cosas que hacer en Estrasburgo<\/a><ul class='ez-toc-list-level-3' ><li class='ez-toc-heading-level-3'><a class=\"ez-toc-link ez-toc-heading-5\" href=\"https:\/\/loudavymkrokem.cz\/es\/estrasburgo-francia-que-ver\/#1_Cathedrale_Notre-Dame-de-Strasbourg\" >1. Cath\u00e9drale Notre-Dame-de-Strasbourg<\/a><\/li><li class='ez-toc-page-1 ez-toc-heading-level-3'><a class=\"ez-toc-link ez-toc-heading-6\" href=\"https:\/\/loudavymkrokem.cz\/es\/estrasburgo-francia-que-ver\/#2_El_reloj_astronomico_del_siglo_XVI\" >2. El reloj astron\u00f3mico del siglo XVI<\/a><\/li><li class='ez-toc-page-1 ez-toc-heading-level-3'><a class=\"ez-toc-link ez-toc-heading-7\" href=\"https:\/\/loudavymkrokem.cz\/es\/estrasburgo-francia-que-ver\/#3_Subida_al_mirador_de_la_catedral\" >3. Subida al mirador de la catedral<\/a><\/li><li class='ez-toc-page-1 ez-toc-heading-level-3'><a class=\"ez-toc-link ez-toc-heading-8\" href=\"https:\/\/loudavymkrokem.cz\/es\/estrasburgo-francia-que-ver\/#4_Petite_France\" >4. Petite France<\/a><\/li><li class='ez-toc-page-1 ez-toc-heading-level-3'><a class=\"ez-toc-link ez-toc-heading-9\" href=\"https:\/\/loudavymkrokem.cz\/es\/estrasburgo-francia-que-ver\/#5_Ponts_Couverts_de_Strasbourg\" >5. Ponts Couverts de Strasbourg<\/a><\/li><li class='ez-toc-page-1 ez-toc-heading-level-3'><a class=\"ez-toc-link ez-toc-heading-10\" href=\"https:\/\/loudavymkrokem.cz\/es\/estrasburgo-francia-que-ver\/#6_Barrage_Vauban\" >6. Barrage Vauban<\/a><\/li><li class='ez-toc-page-1 ez-toc-heading-level-3'><a class=\"ez-toc-link ez-toc-heading-11\" href=\"https:\/\/loudavymkrokem.cz\/es\/estrasburgo-francia-que-ver\/#7_Paseo_en_barco_por_los_canales_con_Batorama\" >7. Paseo en barco por los canales con Batorama<\/a><\/li><li class='ez-toc-page-1 ez-toc-heading-level-3'><a class=\"ez-toc-link ez-toc-heading-12\" href=\"https:\/\/loudavymkrokem.cz\/es\/estrasburgo-francia-que-ver\/#8_Parlamento_Europeo\" >8. Parlamento Europeo<\/a><\/li><li class='ez-toc-page-1 ez-toc-heading-level-3'><a class=\"ez-toc-link ez-toc-heading-13\" href=\"https:\/\/loudavymkrokem.cz\/es\/estrasburgo-francia-que-ver\/#9_Parlamentarium_Simone_Veil\" >9. Parlamentarium Simone Veil<\/a><\/li><li class='ez-toc-page-1 ez-toc-heading-level-3'><a class=\"ez-toc-link ez-toc-heading-14\" href=\"https:\/\/loudavymkrokem.cz\/es\/estrasburgo-francia-que-ver\/#10_Consejo_de_Europa_y_el_barrio_de_las_instituciones\" >10. Consejo de Europa y el barrio de las instituciones<\/a><\/li><li class='ez-toc-page-1 ez-toc-heading-level-3'><a class=\"ez-toc-link ez-toc-heading-15\" href=\"https:\/\/loudavymkrokem.cz\/es\/estrasburgo-francia-que-ver\/#11_Grande_Ile_el_primer_barrio_Patrimonio_de_la_UNESCO\" >11. Grande \u00cele (el primer barrio Patrimonio de la UNESCO)<\/a><\/li><li class='ez-toc-page-1 ez-toc-heading-level-3'><a class=\"ez-toc-link ez-toc-heading-16\" href=\"https:\/\/loudavymkrokem.cz\/es\/estrasburgo-francia-que-ver\/#12_Neustadt_el_barrio_imperial_aleman\" >12. Neustadt (el barrio imperial alem\u00e1n)<\/a><\/li><li class='ez-toc-page-1 ez-toc-heading-level-3'><a class=\"ez-toc-link ez-toc-heading-17\" href=\"https:\/\/loudavymkrokem.cz\/es\/estrasburgo-francia-que-ver\/#13_Place_Kleber\" >13. Place Kl\u00e9ber<\/a><\/li><li class='ez-toc-page-1 ez-toc-heading-level-3'><a class=\"ez-toc-link ez-toc-heading-18\" href=\"https:\/\/loudavymkrokem.cz\/es\/estrasburgo-francia-que-ver\/#14_Parc_de_lOrangerie\" >14. Parc de l&#8217;Orangerie<\/a><\/li><li class='ez-toc-page-1 ez-toc-heading-level-3'><a class=\"ez-toc-link ez-toc-heading-19\" href=\"https:\/\/loudavymkrokem.cz\/es\/estrasburgo-francia-que-ver\/#15_Parc_de_lEtoile\" >15. Parc de l&#8217;\u00c9toile<\/a><\/li><li class='ez-toc-page-1 ez-toc-heading-level-3'><a class=\"ez-toc-link ez-toc-heading-20\" href=\"https:\/\/loudavymkrokem.cz\/es\/estrasburgo-francia-que-ver\/#16_Palais_Rohan\" >16. Palais Rohan<\/a><\/li><li class='ez-toc-page-1 ez-toc-heading-level-3'><a class=\"ez-toc-link ez-toc-heading-21\" href=\"https:\/\/loudavymkrokem.cz\/es\/estrasburgo-francia-que-ver\/#17_Museo_de_Arte_Moderno_y_Contemporaneo_de_Estrasburgo_MAMCS\" >17. Museo de Arte Moderno y Contempor\u00e1neo de Estrasburgo (MAMCS)<\/a><\/li><li class='ez-toc-page-1 ez-toc-heading-level-3'><a class=\"ez-toc-link ez-toc-heading-22\" href=\"https:\/\/loudavymkrokem.cz\/es\/estrasburgo-francia-que-ver\/#18_Musee_Alsacien\" >18. Mus\u00e9e Alsacien<\/a><\/li><\/ul><\/li><li class='ez-toc-page-1 ez-toc-heading-level-2'><a class=\"ez-toc-link ez-toc-heading-23\" href=\"https:\/\/loudavymkrokem.cz\/es\/estrasburgo-francia-que-ver\/#Adonde_ir_desde_Estrasburgo\" >Ad\u00f3nde ir desde Estrasburgo<\/a><\/li><li class='ez-toc-page-1 ez-toc-heading-level-2'><a class=\"ez-toc-link ez-toc-heading-24\" href=\"https:\/\/loudavymkrokem.cz\/es\/estrasburgo-francia-que-ver\/#Preguntas_frecuentes\" >Preguntas frecuentes<\/a><ul class='ez-toc-list-level-3' ><li class='ez-toc-heading-level-3'><a class=\"ez-toc-link ez-toc-heading-25\" href=\"https:\/\/loudavymkrokem.cz\/es\/estrasburgo-francia-que-ver\/#%C2%BFCuando_se_celebran_los_mercados_navidenos_en_2026\" >\u00bfCu\u00e1ndo se celebran los mercados navide\u00f1os en 2026?<\/a><\/li><li class='ez-toc-page-1 ez-toc-heading-level-3'><a class=\"ez-toc-link ez-toc-heading-26\" href=\"https:\/\/loudavymkrokem.cz\/es\/estrasburgo-francia-que-ver\/#%C2%BFComo_funciona_el_sistema_de_aparcamiento_Park_and_Ride\" >\u00bfC\u00f3mo funciona el sistema de aparcamiento Park and Ride?<\/a><\/li><li class='ez-toc-page-1 ez-toc-heading-level-3'><a class=\"ez-toc-link ez-toc-heading-27\" href=\"https:\/\/loudavymkrokem.cz\/es\/estrasburgo-francia-que-ver\/#%C2%BFCuantos_dias_dedicar_a_la_visita_de_la_ciudad\" >\u00bfCu\u00e1ntos d\u00edas dedicar a la visita de la ciudad?<\/a><\/li><li class='ez-toc-page-1 ez-toc-heading-level-3'><a class=\"ez-toc-link ez-toc-heading-28\" href=\"https:\/\/loudavymkrokem.cz\/es\/estrasburgo-francia-que-ver\/#%C2%BFLas_visitas_al_Parlamento_Europeo_tienen_coste\" >\u00bfLas visitas al Parlamento Europeo tienen coste?<\/a><\/li><li class='ez-toc-page-1 ez-toc-heading-level-3'><a class=\"ez-toc-link ez-toc-heading-29\" href=\"https:\/\/loudavymkrokem.cz\/es\/estrasburgo-francia-que-ver\/#%C2%BFCual_es_la_mejor_forma_de_moverse_por_el_centro_de_la_ciudad\" >\u00bfCu\u00e1l es la mejor forma de moverse por el centro de la ciudad?<\/a><\/li><li class='ez-toc-page-1 ez-toc-heading-level-3'><a class=\"ez-toc-link ez-toc-heading-30\" href=\"https:\/\/loudavymkrokem.cz\/es\/estrasburgo-francia-que-ver\/#%C2%BFEs_Estrasburgo_una_ciudad_cara\" >\u00bfEs Estrasburgo una ciudad cara?<\/a><\/li><li class='ez-toc-page-1 ez-toc-heading-level-3'><a class=\"ez-toc-link ez-toc-heading-31\" href=\"https:\/\/loudavymkrokem.cz\/es\/estrasburgo-francia-que-ver\/#%C2%BFEs_la_ciudad_adecuada_para_vegetarianos\" >\u00bfEs la ciudad adecuada para vegetarianos?<\/a><\/li><li class='ez-toc-page-1 ez-toc-heading-level-3'><a class=\"ez-toc-link ez-toc-heading-32\" href=\"https:\/\/loudavymkrokem.cz\/es\/estrasburgo-francia-que-ver\/#%C2%BFCuales_son_los_mejores_lugares_para_fotografiar\" >\u00bfCu\u00e1les son los mejores lugares para fotografiar?<\/a><\/li><\/ul><\/li><\/ul><\/nav><\/div>\n<h3 class=\"wp-block-heading\"><span class=\"ez-toc-section\" id=\"Resumen_para_quienes_no_tienen_tiempo_de_leer_el_articulo_entero\"><\/span>Resumen para quienes no tienen tiempo de leer el art\u00edculo entero<span class=\"ez-toc-section-end\"><\/span><\/h3>\n\n\n\n<ul class=\"wp-block-list\">\n\n<li><strong>Monumento m\u00e1s visitado:<\/strong> la <a href=\"https:\/\/www.cathedrale-strasbourg.fr\/\" target=\"_blank\" rel=\"nofollow noopener\">Cath\u00e9drale Notre-Dame-de-Strasbourg<\/a>, con su singular reloj astron\u00f3mico del siglo XVI.<\/li>\n\n\n\n<li><strong>Lugares m\u00e1s fotografiados:<\/strong> el pintoresco barrio de la Petite France, con sus casas de entramado y sus canales.<\/li>\n\n\n\n<li><strong>Mejor mirador gratuito:<\/strong> la terraza de la hist\u00f3rica presa Barrage Vauban, desde donde har\u00e1s las fotos m\u00e1s bonitas.<\/li>\n\n\n\n<li><strong>Experiencia \u00fanica:<\/strong> la visita gratuita al Parlamento Europeo y al centro interactivo Parlamentarium Simone Veil.<\/li>\n\n\n\n<li><strong>Transporte en la ciudad:<\/strong> el centro es bastante hostil para los coches, as\u00ed que lo que m\u00e1s compensa es usar el sistema de aparcamientos disuasorios Park and Ride combinado con el tranv\u00eda.<\/li>\n\n\n\n<li><strong>Cu\u00e1ndo ir:<\/strong> para la mejor relaci\u00f3n entre precio y clima recomiendo mayo, junio o septiembre, mientras que para los precios de hotel m\u00e1s bajos lo ideal es enero.<\/li>\n\n\n\n<li><strong>Patrimonio mundial:<\/strong> todo el barrio hist\u00f3rico de la Grande \u00cele y tambi\u00e9n el m\u00e1s joven Neustadt alem\u00e1n est\u00e1n inscritos en la lista de la UNESCO.<\/li>\n\n\n<\/ul>\n\n\n\n<h2 class=\"wp-block-heading\"><span class=\"ez-toc-section\" id=\"Cuando_viajar_a_Estrasburgo\"><\/span>Cu\u00e1ndo viajar a Estrasburgo<span class=\"ez-toc-section-end\"><\/span><\/h2>\n\n\n\n<p class=\"wp-block-paragraph\">Planificar la fecha es absolutamente clave en esta ciudad, porque <strong>la estacionalidad mueve los precios del alojamiento de forma extrema<\/strong>. Si vienes en diciembre, durante los famosos mercados, prep\u00e1rate para que los hoteles del centro cuesten hasta el triple de su precio normal de verano. En cambio, en enero o febrero vivir\u00e1s la ciudad completamente sin multitudes y, <strong>con un poco de suerte, conseguir\u00e1s una habitaci\u00f3n de lujo por una fracci\u00f3n de la tarifa invernal<\/strong>. Los meses de primavera y oto\u00f1o representan el compromiso perfecto para quienes quieren ahorrar pero tambi\u00e9n disfrutar de buen tiempo.<\/p>\n\n\n\n<p class=\"wp-block-paragraph\">El clima m\u00e1s agradable para largos paseos junto a los canales te espera <strong>en mayo, junio y septiembre<\/strong>, cuando las temperaturas se mueven en valores muy c\u00f3modos y los d\u00edas son suficientemente largos. En verano el centro de piedra puede resultar bastante caluroso, pero gracias al agua omnipresente y a los amplios parques se lleva sin problemas. Si no te importa un tiempo algo m\u00e1s gris, <strong>el inicio de la primavera revela la ciudad con un aire bellamente melanc\u00f3lico<\/strong>, cuando las cafeter\u00edas locales despiertan poco a poco y las calles pertenecen solo a sus habitantes.<\/p>\n\n\n\n<p class=\"wp-block-paragraph\">En 2026, los famosos mercados navide\u00f1os se celebran del viernes 27 de noviembre al domingo 27 de diciembre. Se reparten nada menos que en once ubicaciones distintas por todo el barrio hist\u00f3rico de la Grande \u00cele, y los m\u00e1s conocidos los encontrar\u00e1s en Place Broglie, Place de la Cath\u00e9drale o en las callejuelas de la Petite France. Si lo que te interesa sobre todo es esta \u00e9poca m\u00e1gica y no te importa un presupuesto bastante m\u00e1s alto, <strong>lee sin falta nuestro art\u00edculo dedicado <a href=\"https:\/\/loudavymkrokem.cz\/es\/mercados-navidenos-estrasburgo-francia\/\">Mercados de Navidad de Estrasburgo<\/a><\/strong>, donde encontrar\u00e1s un mapa detallado de las ubicaciones, las costumbres locales y consejos concretos sobre las delicias tradicionales.<\/p>\n\n\n\n<h2 class=\"wp-block-heading\"><span class=\"ez-toc-section\" id=\"Donde_alojarse_en_Estrasburgo\"><\/span>D\u00f3nde alojarse en Estrasburgo<span class=\"ez-toc-section-end\"><\/span><\/h2>\n\n\n\n<p class=\"wp-block-paragraph\">Elegir bien la zona de alojamiento te ahorrar\u00e1 mucho tiempo y dinero en transporte. La zona m\u00e1s encantadora, pero l\u00f3gicamente tambi\u00e9n la m\u00e1s cara, es <strong>el barrio hist\u00f3rico de la Grande \u00cele y su parte de la Petite France<\/strong>, donde tendr\u00e1s todos los monumentos principales a pocos pasos de la cama. Si buscas algo bastante m\u00e1s tranquilo y asequible, <strong>te recomiendo echar un vistazo al barrio de Neustadt<\/strong>, que ofrece una arquitectura preciosa y desde donde llegar\u00e1s al centro con un agradable paseo de menos de diez minutos.<\/p>\n\n\n\n<p class=\"wp-block-paragraph\">No dejes la reserva de habitaci\u00f3n para el \u00faltimo momento y <strong>siempre recomiendo usar portales fiables como Booking<\/strong>, donde encontrar\u00e1s la mejor visi\u00f3n de conjunto de los precios actuales. Sobre todo en el periodo de Adviento, la mayor\u00eda del alojamiento suele estar reservado con medio a\u00f1o de antelaci\u00f3n. Seg\u00fan las rese\u00f1as de otros viajeros y tras mirar Booking con atenci\u00f3n, he seleccionado para ti algunos hoteles con una excelente relaci\u00f3n calidad-precio:<\/p>\n\n\n\n<p class=\"wp-block-paragraph\">El <strong>H\u00f4tel Cour du Corbeau Strasbourg &#8211; MGallery<\/strong> es una aut\u00e9ntica joya arquitect\u00f3nica y uno de los lugares m\u00e1s bonitos para dormir de toda la ciudad. Se encuentra en una casa hist\u00f3rica maravillosamente restaurada, con galer\u00edas de madera del siglo XVI, y <strong>ofrece una atm\u00f3sfera rom\u00e1ntica inolvidable<\/strong> justo junto a un canal. Los hu\u00e9spedes cuentan encantados que los desayunos son ricos hasta pecar y que la calma es asombrosa, a pesar de que la catedral queda a cinco minutos a pie.<\/p>\n\n\n\n<p class=\"wp-block-paragraph\">Si prefieres un dise\u00f1o m\u00e1s moderno y l\u00edneas limpias, el <strong>H\u00f4tel L\u00c9ONOR the place to live<\/strong> tiene su encanto. Ofrece un interior moderno en un edificio hist\u00f3rico a un paso de la plaza Broglie y, sobre todo, un precioso patio interior donde tomarte una copa de vino alsaciano tras un d\u00eda entero caminando.<\/p>\n\n\n\n<p class=\"wp-block-paragraph\">Para viajeros con un presupuesto algo m\u00e1s ajustado, una opci\u00f3n estupenda es el <strong>H\u00f4tel Gutenberg<\/strong>, situado en un punto absolutamente estrat\u00e9gico a un paso de la principal zona peatonal. Las habitaciones son algo m\u00e1s peque\u00f1as, pero <strong>destacan por su perfecta limpieza y sus camas muy c\u00f3modas<\/strong>. Un gran plus, seg\u00fan los hu\u00e9spedes, es tambi\u00e9n el personal enormemente amable, que te ayudar\u00e1 a orientarte por la ciudad y te recomendar\u00e1 las mejores panader\u00edas locales de los alrededores. Si quieres explorar m\u00e1s opciones en distintas gamas de precio, echa un vistazo a nuestro art\u00edculo detallado <a href=\"https:\/\/loudavymkrokem.cz\/kde-bydlet-ve-strasburku\/\">D\u00f3nde alojarse en Estrasburgo<\/a>.<\/p>\n\n\n\n\n\n<p class=\"wp-block-paragraph\"><em>\ud83d\udca1 <a href=\"https:\/\/www.stay22.com\/allez\/roam?aid=lukaskonecny&#038;campaign=loudavymkrokemcz&#038;campaign=co-videt-ve-strasburku&#038;address=%C5%A0trasburk%2C%20Francie\" target=\"_blank\" rel=\"nofollow noopener sponsored\">En este mapa puedes comparar lo que est\u00e1 disponible ahora mismo<\/a> \u2014 ver\u00e1s enseguida cu\u00e1nto m\u00e1s barato sale el alojamiento a un par de paradas del centro.<\/em><\/p>\n\n<h2 class=\"wp-block-heading\"><span class=\"ez-toc-section\" id=\"18_lugares_que_ver_y_cosas_que_hacer_en_Estrasburgo\"><\/span>18 lugares que ver y cosas que hacer en Estrasburgo<span class=\"ez-toc-section-end\"><\/span><\/h2>\n\n\n\n<p class=\"wp-block-paragraph\">Tanto si tienes reservado un solo fin de semana para visitar la ciudad como una semana entera, aqu\u00ed no te aburrir\u00e1s desde luego. He preparado para ti una <strong>lista de dieciocho lugares y experiencias<\/strong> que no deber\u00edas perderte al planificar tu itinerario. He incluido tanto los monumentos ic\u00f3nicos m\u00e1s conocidos como alg\u00fan rinc\u00f3n m\u00e1s tranquilo.<\/p>\n\n\n\n<figure data-wp-context=\"{&quot;imageId&quot;:&quot;6a9d0c00f0e04&quot;}\" data-wp-interactive=\"core\/image\" data-wp-key=\"6a9d0c00f0e04\" class=\"wp-block-image size-full wp-lightbox-container\"><img decoding=\"async\" width=\"1600\" height=\"2133\" data-wp-class--hide=\"state.isContentHidden\" data-wp-class--show=\"state.isContentVisible\" data-wp-init=\"callbacks.setButtonStyles\" data-wp-on--click=\"actions.showLightbox\" data-wp-on--load=\"callbacks.setButtonStyles\" data-wp-on--pointerdown=\"actions.preloadImage\" data-wp-on--pointerenter=\"actions.preloadImageWithDelay\" data-wp-on--pointerleave=\"actions.cancelPreload\" data-wp-on-window--resize=\"callbacks.setButtonStyles\" src=\"https:\/\/loudavymkrokem.cz\/wp-content\/uploads\/2026\/09\/cath-drale-notre-dame-de-strasbourg.jpg\" alt=\"Cath\u00e9drale Notre-Dame-de-Strasbourg\" class=\"wp-image-413168\" title=\"\" srcset=\"https:\/\/loudavymkrokem.cz\/wp-content\/uploads\/2026\/09\/cath-drale-notre-dame-de-strasbourg.jpg 1600w, https:\/\/loudavymkrokem.cz\/wp-content\/uploads\/2026\/09\/cath-drale-notre-dame-de-strasbourg-225x300.jpg 225w, https:\/\/loudavymkrokem.cz\/wp-content\/uploads\/2026\/09\/cath-drale-notre-dame-de-strasbourg-700x933.jpg 700w, https:\/\/loudavymkrokem.cz\/wp-content\/uploads\/2026\/09\/cath-drale-notre-dame-de-strasbourg-768x1024.jpg 768w, https:\/\/loudavymkrokem.cz\/wp-content\/uploads\/2026\/09\/cath-drale-notre-dame-de-strasbourg-1152x1536.jpg 1152w, https:\/\/loudavymkrokem.cz\/wp-content\/uploads\/2026\/09\/cath-drale-notre-dame-de-strasbourg-1536x2048.jpg 1536w, https:\/\/loudavymkrokem.cz\/wp-content\/uploads\/2026\/09\/cath-drale-notre-dame-de-strasbourg-696x928.jpg 696w, https:\/\/loudavymkrokem.cz\/wp-content\/uploads\/2026\/09\/cath-drale-notre-dame-de-strasbourg-1392x1856.jpg 1392w\" sizes=\"(max-width: 1600px) 100vw, 1600px\" \/><button\n\t\t\tclass=\"lightbox-trigger\"\n\t\t\ttype=\"button\"\n\t\t\taria-haspopup=\"dialog\"\n\t\t\tdata-wp-bind--aria-label=\"state.thisImage.triggerButtonAriaLabel\"\n\t\t\tdata-wp-init=\"callbacks.initTriggerButton\"\n\t\t\tdata-wp-on--click=\"actions.showLightbox\"\n\t\t\tdata-wp-style--right=\"state.thisImage.buttonRight\"\n\t\t\tdata-wp-style--top=\"state.thisImage.buttonTop\"\n\t\t>\n\t\t\t<svg xmlns=\"http:\/\/www.w3.org\/2000\/svg\" width=\"12\" height=\"12\" fill=\"none\" viewBox=\"0 0 12 12\">\n\t\t\t\t<path fill=\"#fff\" d=\"M2 0a2 2 0 0 0-2 2v2h1.5V2a.5.5 0 0 1 .5-.5h2V0H2Zm2 10.5H2a.5.5 0 0 1-.5-.5V8H0v2a2 2 0 0 0 2 2h2v-1.5ZM8 12v-1.5h2a.5.5 0 0 0 .5-.5V8H12v2a2 2 0 0 1-2 2H8Zm2-12a2 2 0 0 1 2 2v2h-1.5V2a.5.5 0 0 0-.5-.5H8V0h2Z\" \/>\n\t\t\t<\/svg>\n\t\t<\/button><figcaption class=\"wp-element-caption\">Foto: Dorien Van Der Werf \/ Google Maps<\/figcaption><\/figure>\n\n\n\n<h3 class=\"wp-block-heading\"><span class=\"ez-toc-section\" id=\"1_Cathedrale_Notre-Dame-de-Strasbourg\"><\/span>1. Cath\u00e9drale Notre-Dame-de-Strasbourg<span class=\"ez-toc-section-end\"><\/span><\/h3>\n\n\n\n<p class=\"wp-block-paragraph\">Esta monumental catedral g\u00f3tica del siglo XIII es, con todo merecimiento, <strong>el lugar m\u00e1s visitado de toda la ciudad<\/strong>. Cuando te plantes por primera vez ante ella en la peque\u00f1a plaza, su enorme fachada de arenisca rosa de los Vosgos te dejar\u00e1 sin aliento. Lo m\u00e1s fascinante del edificio es su asimetr\u00eda, porque la segunda torre nunca lleg\u00f3 a construirse y la catedral adquiri\u00f3 as\u00ed su aspecto absolutamente inconfundible. Su construcci\u00f3n dur\u00f3 varios siglos y en cada cent\u00edmetro de piedra se aprecia la incre\u00edble precisi\u00f3n de los maestros de la \u00e9poca.<\/p>\n\n\n\n<p class=\"wp-block-paragraph\">Dentro te espera un enorme espacio iluminado por preciosas vidrieras, entre las que <strong>el gran roset\u00f3n sobre la entrada principal figura entre los m\u00e1s bellos de toda Europa<\/strong>. La entrada a la nave principal de la catedral es gratuita, pero prep\u00e1rate porque a menudo hay cola en la puerta debido a los controles de seguridad. Por suerte, la cola avanza bastante r\u00e1pido, as\u00ed que no deber\u00eda desanimarte en absoluto. El interior resulta incre\u00edblemente majestuoso y merece la pena recorrerlo con calma, sin prisas.<\/p>\n\n\n\n<p class=\"wp-block-paragraph\">\ud83d\udca1 Consejo: el mejor momento para fotografiar el exterior es <strong>a \u00faltima hora de la tarde o al atardecer<\/strong>, cuando el sol poniente ilumina de forma preciosa la arenisca rosa y todo el edificio adquiere un c\u00e1lido tono maravilloso. Adem\u00e1s, la plaza que rodea la catedral est\u00e1 flanqueada por casas hist\u00f3ricas que completan el decorado fotog\u00e9nico perfecto. Puedes sentarte en una de las cafeter\u00edas cercanas y observar sin m\u00e1s c\u00f3mo cambian los colores de la piedra.<\/p>\n\n\n\n<figure data-wp-context=\"{&quot;imageId&quot;:&quot;6a9d0c00f1467&quot;}\" data-wp-interactive=\"core\/image\" data-wp-key=\"6a9d0c00f1467\" class=\"wp-block-image size-full wp-lightbox-container\"><img decoding=\"async\" width=\"1171\" height=\"1560\" data-wp-class--hide=\"state.isContentHidden\" data-wp-class--show=\"state.isContentVisible\" data-wp-init=\"callbacks.setButtonStyles\" data-wp-on--click=\"actions.showLightbox\" data-wp-on--load=\"callbacks.setButtonStyles\" data-wp-on--pointerdown=\"actions.preloadImage\" data-wp-on--pointerenter=\"actions.preloadImageWithDelay\" data-wp-on--pointerleave=\"actions.cancelPreload\" data-wp-on-window--resize=\"callbacks.setButtonStyles\" src=\"https:\/\/loudavymkrokem.cz\/wp-content\/uploads\/2026\/09\/astronomick-hodiny-ze-estn-ct-ho-stolet.jpg\" alt=\"Reloj astron\u00f3mico del siglo XVI\" class=\"wp-image-413172\" title=\"\" srcset=\"https:\/\/loudavymkrokem.cz\/wp-content\/uploads\/2026\/09\/astronomick-hodiny-ze-estn-ct-ho-stolet.jpg 1171w, https:\/\/loudavymkrokem.cz\/wp-content\/uploads\/2026\/09\/astronomick-hodiny-ze-estn-ct-ho-stolet-225x300.jpg 225w, https:\/\/loudavymkrokem.cz\/wp-content\/uploads\/2026\/09\/astronomick-hodiny-ze-estn-ct-ho-stolet-700x933.jpg 700w, https:\/\/loudavymkrokem.cz\/wp-content\/uploads\/2026\/09\/astronomick-hodiny-ze-estn-ct-ho-stolet-768x1023.jpg 768w, https:\/\/loudavymkrokem.cz\/wp-content\/uploads\/2026\/09\/astronomick-hodiny-ze-estn-ct-ho-stolet-1153x1536.jpg 1153w, https:\/\/loudavymkrokem.cz\/wp-content\/uploads\/2026\/09\/astronomick-hodiny-ze-estn-ct-ho-stolet-696x927.jpg 696w\" sizes=\"(max-width: 1171px) 100vw, 1171px\" \/><button\n\t\t\tclass=\"lightbox-trigger\"\n\t\t\ttype=\"button\"\n\t\t\taria-haspopup=\"dialog\"\n\t\t\tdata-wp-bind--aria-label=\"state.thisImage.triggerButtonAriaLabel\"\n\t\t\tdata-wp-init=\"callbacks.initTriggerButton\"\n\t\t\tdata-wp-on--click=\"actions.showLightbox\"\n\t\t\tdata-wp-style--right=\"state.thisImage.buttonRight\"\n\t\t\tdata-wp-style--top=\"state.thisImage.buttonTop\"\n\t\t>\n\t\t\t<svg xmlns=\"http:\/\/www.w3.org\/2000\/svg\" width=\"12\" height=\"12\" fill=\"none\" viewBox=\"0 0 12 12\">\n\t\t\t\t<path fill=\"#fff\" d=\"M2 0a2 2 0 0 0-2 2v2h1.5V2a.5.5 0 0 1 .5-.5h2V0H2Zm2 10.5H2a.5.5 0 0 1-.5-.5V8H0v2a2 2 0 0 0 2 2h2v-1.5ZM8 12v-1.5h2a.5.5 0 0 0 .5-.5V8H12v2a2 2 0 0 1-2 2H8Zm2-12a2 2 0 0 1 2 2v2h-1.5V2a.5.5 0 0 0-.5-.5H8V0h2Z\" \/>\n\t\t\t<\/svg>\n\t\t<\/button><figcaption class=\"wp-element-caption\">Foto: H \/ Google Maps<\/figcaption><\/figure>\n\n\n\n<h3 class=\"wp-block-heading\"><span class=\"ez-toc-section\" id=\"2_El_reloj_astronomico_del_siglo_XVI\"><\/span>2. El reloj astron\u00f3mico del siglo XVI<span class=\"ez-toc-section-end\"><\/span><\/h3>\n\n\n\n<p class=\"wp-block-paragraph\">Dentro de la propia catedral se esconde un prodigio t\u00e9cnico y art\u00edstico: el <strong>reloj astron\u00f3mico renacentista<\/strong>. Este complejo mecanismo procede del siglo XVI y muestra no solo la hora exacta, sino tambi\u00e9n la posici\u00f3n del sol y la luna o el signo del zodiaco actual. Los detalles y la precisi\u00f3n del trabajo de talla del propio armaz\u00f3n del reloj resultan incre\u00edbles de cerca y demuestran el enorme talento de los matem\u00e1ticos y artesanos de la \u00e9poca.<\/p>\n\n\n\n<p class=\"wp-block-paragraph\">El espect\u00e1culo principal tiene lugar cada d\u00eda exactamente a las doce y media, cuando <strong>se pone en marcha un complejo desfile de figuras m\u00f3viles<\/strong>. Ver\u00e1s a los ap\u00f3stoles desfilando ante Cristo y las distintas fases de la vida humana, desde la infancia hasta la muerte, que miden simb\u00f3licamente el paso del tiempo. Para este popular espect\u00e1culo del mediod\u00eda se paga una peque\u00f1a entrada y las localidades se venden en el portal sur; conviene mucho llegar con antelaci\u00f3n para tener siquiera algo de visibilidad.<\/p>\n\n\n\n<p class=\"wp-block-paragraph\">Aunque no llegues al espect\u00e1culo del mediod\u00eda, el reloj merece una visita en cualquier momento. Los peque\u00f1os movimientos de las figuras se producen cada cuarto de hora y, adem\u00e1s, todo el mecanismo est\u00e1 bellamente iluminado, as\u00ed que no te perder\u00e1s la experiencia.<\/p>\n\n\n\n<figure data-wp-context=\"{&quot;imageId&quot;:&quot;6a9d0c00f1e29&quot;}\" data-wp-interactive=\"core\/image\" data-wp-key=\"6a9d0c00f1e29\" class=\"wp-block-image size-full wp-lightbox-container\"><img decoding=\"async\" width=\"1080\" height=\"1397\" data-wp-class--hide=\"state.isContentHidden\" data-wp-class--show=\"state.isContentVisible\" data-wp-init=\"callbacks.setButtonStyles\" data-wp-on--click=\"actions.showLightbox\" data-wp-on--load=\"callbacks.setButtonStyles\" data-wp-on--pointerdown=\"actions.preloadImage\" data-wp-on--pointerenter=\"actions.preloadImageWithDelay\" data-wp-on--pointerleave=\"actions.cancelPreload\" data-wp-on-window--resize=\"callbacks.setButtonStyles\" src=\"https:\/\/loudavymkrokem.cz\/wp-content\/uploads\/2026\/09\/swap-412754-3-f43292b7.jpg\" alt=\"Vistas desde la plataforma de la catedral de Estrasburgo\" class=\"wp-image-413447\" title=\"\" srcset=\"https:\/\/loudavymkrokem.cz\/wp-content\/uploads\/2026\/09\/swap-412754-3-f43292b7.jpg 1080w, https:\/\/loudavymkrokem.cz\/wp-content\/uploads\/2026\/09\/swap-412754-3-f43292b7-232x300.jpg 232w, https:\/\/loudavymkrokem.cz\/wp-content\/uploads\/2026\/09\/swap-412754-3-f43292b7-700x905.jpg 700w, https:\/\/loudavymkrokem.cz\/wp-content\/uploads\/2026\/09\/swap-412754-3-f43292b7-768x993.jpg 768w, https:\/\/loudavymkrokem.cz\/wp-content\/uploads\/2026\/09\/swap-412754-3-f43292b7-696x900.jpg 696w\" sizes=\"(max-width: 1080px) 100vw, 1080px\" \/><button\n\t\t\tclass=\"lightbox-trigger\"\n\t\t\ttype=\"button\"\n\t\t\taria-haspopup=\"dialog\"\n\t\t\tdata-wp-bind--aria-label=\"state.thisImage.triggerButtonAriaLabel\"\n\t\t\tdata-wp-init=\"callbacks.initTriggerButton\"\n\t\t\tdata-wp-on--click=\"actions.showLightbox\"\n\t\t\tdata-wp-style--right=\"state.thisImage.buttonRight\"\n\t\t\tdata-wp-style--top=\"state.thisImage.buttonTop\"\n\t\t>\n\t\t\t<svg xmlns=\"http:\/\/www.w3.org\/2000\/svg\" width=\"12\" height=\"12\" fill=\"none\" viewBox=\"0 0 12 12\">\n\t\t\t\t<path fill=\"#fff\" d=\"M2 0a2 2 0 0 0-2 2v2h1.5V2a.5.5 0 0 1 .5-.5h2V0H2Zm2 10.5H2a.5.5 0 0 1-.5-.5V8H0v2a2 2 0 0 0 2 2h2v-1.5ZM8 12v-1.5h2a.5.5 0 0 0 .5-.5V8H12v2a2 2 0 0 1-2 2H8Zm2-12a2 2 0 0 1 2 2v2h-1.5V2a.5.5 0 0 0-.5-.5H8V0h2Z\" \/>\n\t\t\t<\/svg>\n\t\t<\/button><figcaption class=\"wp-element-caption\">Foto: Lydia Bogdanovic \/ Google Maps<\/figcaption><\/figure>\n\n\n\n<h3 class=\"wp-block-heading\"><span class=\"ez-toc-section\" id=\"3_Subida_al_mirador_de_la_catedral\"><\/span>3. Subida al mirador de la catedral<span class=\"ez-toc-section-end\"><\/span><\/h3>\n\n\n\n<p class=\"wp-block-paragraph\">Si no sufres de v\u00e9rtigo y tienes al menos una forma f\u00edsica decente, <strong>no debes perderte por nada la subida a la plataforma mirador<\/strong>. Se encuentra a una respetable altura de sesenta y seis metros y hasta arriba conducen trescientos treinta y dos escalones de caracol bastante estrechos. Las entradas se compran en una peque\u00f1a caseta a la derecha de la entrada principal; arriba solo dejan subir a un n\u00famero limitado de personas a la vez, as\u00ed que no temas una breve espera.<\/p>\n\n\n\n<p class=\"wp-block-paragraph\">La recompensa por la camiseta empapada de sudor ser\u00e1 una <strong>vista panor\u00e1mica absolutamente fant\u00e1stica de toda la ciudad<\/strong>. Ver\u00e1s los tejados de las casas hist\u00f3ricas, la enrevesada red de canales y, con buen tiempo, alcanzar\u00e1s a divisar las monta\u00f1as de los Vosgos, del lado franc\u00e9s, y la oscura Selva Negra, del lado alem\u00e1n. Es la mejor manera posible de entender la distribuci\u00f3n general de la ciudad y descubrir d\u00f3nde est\u00e1n los barrios m\u00e1s interesantes.<\/p>\n\n\n\n<p class=\"wp-block-paragraph\">\ud83d\udca1 Consejo: la subida no la recomiendo a personas con claustrofobia, porque <strong>la escalera es muy estrecha en algunos tramos y no resulta f\u00e1cil cruzarse con otros visitantes<\/strong>. Arriba, en la plataforma, hay por suerte espacio suficiente para descansar y hacer las fotos m\u00e1s bonitas a vista de p\u00e1jaro.<\/p>\n\n\n\n<figure data-wp-context=\"{&quot;imageId&quot;:&quot;6a9d0c00f28c4&quot;}\" data-wp-interactive=\"core\/image\" data-wp-key=\"6a9d0c00f28c4\" class=\"wp-block-image size-full wp-lightbox-container\"><img decoding=\"async\" width=\"1600\" height=\"2133\" data-wp-class--hide=\"state.isContentHidden\" data-wp-class--show=\"state.isContentVisible\" data-wp-init=\"callbacks.setButtonStyles\" data-wp-on--click=\"actions.showLightbox\" data-wp-on--load=\"callbacks.setButtonStyles\" data-wp-on--pointerdown=\"actions.preloadImage\" data-wp-on--pointerenter=\"actions.preloadImageWithDelay\" data-wp-on--pointerleave=\"actions.cancelPreload\" data-wp-on-window--resize=\"callbacks.setButtonStyles\" src=\"https:\/\/loudavymkrokem.cz\/wp-content\/uploads\/2026\/09\/petite-france.jpg\" alt=\"Petite France\" class=\"wp-image-413182\" title=\"\" srcset=\"https:\/\/loudavymkrokem.cz\/wp-content\/uploads\/2026\/09\/petite-france.jpg 1600w, https:\/\/loudavymkrokem.cz\/wp-content\/uploads\/2026\/09\/petite-france-225x300.jpg 225w, https:\/\/loudavymkrokem.cz\/wp-content\/uploads\/2026\/09\/petite-france-700x933.jpg 700w, https:\/\/loudavymkrokem.cz\/wp-content\/uploads\/2026\/09\/petite-france-768x1024.jpg 768w, https:\/\/loudavymkrokem.cz\/wp-content\/uploads\/2026\/09\/petite-france-1152x1536.jpg 1152w, https:\/\/loudavymkrokem.cz\/wp-content\/uploads\/2026\/09\/petite-france-1536x2048.jpg 1536w, https:\/\/loudavymkrokem.cz\/wp-content\/uploads\/2026\/09\/petite-france-696x928.jpg 696w, https:\/\/loudavymkrokem.cz\/wp-content\/uploads\/2026\/09\/petite-france-1392x1856.jpg 1392w\" sizes=\"(max-width: 1600px) 100vw, 1600px\" \/><button\n\t\t\tclass=\"lightbox-trigger\"\n\t\t\ttype=\"button\"\n\t\t\taria-haspopup=\"dialog\"\n\t\t\tdata-wp-bind--aria-label=\"state.thisImage.triggerButtonAriaLabel\"\n\t\t\tdata-wp-init=\"callbacks.initTriggerButton\"\n\t\t\tdata-wp-on--click=\"actions.showLightbox\"\n\t\t\tdata-wp-style--right=\"state.thisImage.buttonRight\"\n\t\t\tdata-wp-style--top=\"state.thisImage.buttonTop\"\n\t\t>\n\t\t\t<svg xmlns=\"http:\/\/www.w3.org\/2000\/svg\" width=\"12\" height=\"12\" fill=\"none\" viewBox=\"0 0 12 12\">\n\t\t\t\t<path fill=\"#fff\" d=\"M2 0a2 2 0 0 0-2 2v2h1.5V2a.5.5 0 0 1 .5-.5h2V0H2Zm2 10.5H2a.5.5 0 0 1-.5-.5V8H0v2a2 2 0 0 0 2 2h2v-1.5ZM8 12v-1.5h2a.5.5 0 0 0 .5-.5V8H12v2a2 2 0 0 1-2 2H8Zm2-12a2 2 0 0 1 2 2v2h-1.5V2a.5.5 0 0 0-.5-.5H8V0h2Z\" \/>\n\t\t\t<\/svg>\n\t\t<\/button><figcaption class=\"wp-element-caption\">Foto: Zulfikar CEKIC \/ Google Maps<\/figcaption><\/figure>\n\n\n\n<h3 class=\"wp-block-heading\"><span class=\"ez-toc-section\" id=\"4_Petite_France\"><\/span>4. Petite France<span class=\"ez-toc-section-end\"><\/span><\/h3>\n\n\n\n<p class=\"wp-block-paragraph\">El barrio m\u00e1s fotografiado y, sin duda, m\u00e1s rom\u00e1ntico de toda la ciudad es la c\u00e9lebre Petite France. En el pasado viv\u00edan y trabajaban aqu\u00ed sobre todo curtidores, molineros y pescadores, que necesitaban acceso directo al agua corriente para ejercer sus duros oficios. Hoy es una <strong>preciosa red de estrechos canales flanqueados por casas de entramado de madera perfectamente conservadas<\/strong>, con los t\u00edpicos tejados inclinados bajo los que anta\u00f1o se secaban las pieles de animales.<\/p>\n\n\n\n<p class=\"wp-block-paragraph\">La mejor manera de disfrutar de este barrio hist\u00f3rico es, simplemente, <strong>perderte sin prisas por sus callejuelas<\/strong>. Te topar\u00e1s con un mont\u00f3n de peque\u00f1as tiendas, panader\u00edas artesanales y acogedoras cafeter\u00edas donde parar a tomar un caf\u00e9 y observar los barcos tur\u00edsticos desliz\u00e1ndose. Adem\u00e1s, en los meses de verano todas las ventanas y puentes se cubren de una explosi\u00f3n de geranios de colores, lo que crea un decorado de cuento.<\/p>\n\n\n\n<p class=\"wp-block-paragraph\">Aunque es la parte m\u00e1s concurrida de la ciudad, conserva un encanto enorme. <strong>Prueba a venir muy temprano por la ma\u00f1ana, antes de que las calles se llenen de gente<\/strong>, y vivir\u00e1s aqu\u00ed la aut\u00e9ntica y tranquila atm\u00f3sfera alsaciana, cuando las viejas fachadas hist\u00f3ricas se reflejan en la superficie inm\u00f3vil de los canales.<\/p>\n\n\n\n<figure data-wp-context=\"{&quot;imageId&quot;:&quot;6a9d0c00f306a&quot;}\" data-wp-interactive=\"core\/image\" data-wp-key=\"6a9d0c00f306a\" class=\"wp-block-image size-full wp-lightbox-container\"><img decoding=\"async\" width=\"1600\" height=\"1200\" data-wp-class--hide=\"state.isContentHidden\" data-wp-class--show=\"state.isContentVisible\" data-wp-init=\"callbacks.setButtonStyles\" data-wp-on--click=\"actions.showLightbox\" data-wp-on--load=\"callbacks.setButtonStyles\" data-wp-on--pointerdown=\"actions.preloadImage\" data-wp-on--pointerenter=\"actions.preloadImageWithDelay\" data-wp-on--pointerleave=\"actions.cancelPreload\" data-wp-on-window--resize=\"callbacks.setButtonStyles\" src=\"https:\/\/loudavymkrokem.cz\/wp-content\/uploads\/2026\/09\/ponts-couverts-de-strasbourg.jpg\" alt=\"Ponts Couverts de Strasbourg\" class=\"wp-image-413186\" title=\"\" srcset=\"https:\/\/loudavymkrokem.cz\/wp-content\/uploads\/2026\/09\/ponts-couverts-de-strasbourg.jpg 1600w, https:\/\/loudavymkrokem.cz\/wp-content\/uploads\/2026\/09\/ponts-couverts-de-strasbourg-300x225.jpg 300w, https:\/\/loudavymkrokem.cz\/wp-content\/uploads\/2026\/09\/ponts-couverts-de-strasbourg-700x525.jpg 700w, https:\/\/loudavymkrokem.cz\/wp-content\/uploads\/2026\/09\/ponts-couverts-de-strasbourg-768x576.jpg 768w, https:\/\/loudavymkrokem.cz\/wp-content\/uploads\/2026\/09\/ponts-couverts-de-strasbourg-1536x1152.jpg 1536w, https:\/\/loudavymkrokem.cz\/wp-content\/uploads\/2026\/09\/ponts-couverts-de-strasbourg-80x60.jpg 80w, https:\/\/loudavymkrokem.cz\/wp-content\/uploads\/2026\/09\/ponts-couverts-de-strasbourg-160x120.jpg 160w, https:\/\/loudavymkrokem.cz\/wp-content\/uploads\/2026\/09\/ponts-couverts-de-strasbourg-696x522.jpg 696w, https:\/\/loudavymkrokem.cz\/wp-content\/uploads\/2026\/09\/ponts-couverts-de-strasbourg-1392x1044.jpg 1392w\" sizes=\"(max-width: 1600px) 100vw, 1600px\" \/><button\n\t\t\tclass=\"lightbox-trigger\"\n\t\t\ttype=\"button\"\n\t\t\taria-haspopup=\"dialog\"\n\t\t\tdata-wp-bind--aria-label=\"state.thisImage.triggerButtonAriaLabel\"\n\t\t\tdata-wp-init=\"callbacks.initTriggerButton\"\n\t\t\tdata-wp-on--click=\"actions.showLightbox\"\n\t\t\tdata-wp-style--right=\"state.thisImage.buttonRight\"\n\t\t\tdata-wp-style--top=\"state.thisImage.buttonTop\"\n\t\t>\n\t\t\t<svg xmlns=\"http:\/\/www.w3.org\/2000\/svg\" width=\"12\" height=\"12\" fill=\"none\" viewBox=\"0 0 12 12\">\n\t\t\t\t<path fill=\"#fff\" d=\"M2 0a2 2 0 0 0-2 2v2h1.5V2a.5.5 0 0 1 .5-.5h2V0H2Zm2 10.5H2a.5.5 0 0 1-.5-.5V8H0v2a2 2 0 0 0 2 2h2v-1.5ZM8 12v-1.5h2a.5.5 0 0 0 .5-.5V8H12v2a2 2 0 0 1-2 2H8Zm2-12a2 2 0 0 1 2 2v2h-1.5V2a.5.5 0 0 0-.5-.5H8V0h2Z\" \/>\n\t\t\t<\/svg>\n\t\t<\/button><figcaption class=\"wp-element-caption\">Foto: Lukas PL \/ Google Maps<\/figcaption><\/figure>\n\n\n\n<h3 class=\"wp-block-heading\"><span class=\"ez-toc-section\" id=\"5_Ponts_Couverts_de_Strasbourg\"><\/span>5. Ponts Couverts de Strasbourg<span class=\"ez-toc-section-end\"><\/span><\/h3>\n\n\n\n<p class=\"wp-block-paragraph\">Justo en el borde del pintoresco barrio de la Petite France te encontrar\u00e1s con los imponentes restos de las fortificaciones medievales, conocidos como los Ponts Couverts. Originalmente eran un ingenioso sistema de tres puentes y cuatro torres defensivas del siglo XIII que <strong>serv\u00edan para proteger la ciudad de los ataques enemigos por el r\u00edo<\/strong>. Aunque los puentes perdieron hace mucho sus tejados de madera originales, el nombre de puentes cubiertos les ha quedado hasta hoy, para sorpresa de muchos turistas.<\/p>\n\n\n\n<p class=\"wp-block-paragraph\">Un paseo por estos puentes de piedra ofrece vistas preciosas sobre el agua y hacia el interior del casco antiguo. <strong>Las cuatro robustas torres cuadradas resultan verdaderamente majestuosas<\/strong> y completan a la perfecci\u00f3n el car\u00e1cter hist\u00f3rico m\u00e1s severo de esta parte de Estrasburgo. Adem\u00e1s, todo el conjunto se ilumina de noche de forma muy elegante y dram\u00e1tica, as\u00ed que el paseo nocturno tiene un encanto inconfundible y ligeramente misterioso.<\/p>\n\n\n\n<p class=\"wp-block-paragraph\">Al moverte por esta zona te topar\u00e1s con un mont\u00f3n de rincones bonitos y bancos escondidos donde descansar. Los alrededores de los puentes est\u00e1n bien cubiertos de vegetaci\u00f3n y \u00e1rboles crecidos, as\u00ed que en el caluroso verano al menos no te achicharrar\u00e1s mientras descansas.<\/p>\n\n\n\n<figure data-wp-context=\"{&quot;imageId&quot;:&quot;6a9d0c00f36e2&quot;}\" data-wp-interactive=\"core\/image\" data-wp-key=\"6a9d0c00f36e2\" class=\"wp-block-image size-full wp-lightbox-container\"><img decoding=\"async\" width=\"1600\" height=\"1200\" data-wp-class--hide=\"state.isContentHidden\" data-wp-class--show=\"state.isContentVisible\" data-wp-init=\"callbacks.setButtonStyles\" data-wp-on--click=\"actions.showLightbox\" data-wp-on--load=\"callbacks.setButtonStyles\" data-wp-on--pointerdown=\"actions.preloadImage\" data-wp-on--pointerenter=\"actions.preloadImageWithDelay\" data-wp-on--pointerleave=\"actions.cancelPreload\" data-wp-on-window--resize=\"callbacks.setButtonStyles\" src=\"https:\/\/loudavymkrokem.cz\/wp-content\/uploads\/2026\/09\/barrage-vauban.jpg\" alt=\"Barrage Vauban\" class=\"wp-image-413191\" title=\"\" srcset=\"https:\/\/loudavymkrokem.cz\/wp-content\/uploads\/2026\/09\/barrage-vauban.jpg 1600w, https:\/\/loudavymkrokem.cz\/wp-content\/uploads\/2026\/09\/barrage-vauban-300x225.jpg 300w, https:\/\/loudavymkrokem.cz\/wp-content\/uploads\/2026\/09\/barrage-vauban-700x525.jpg 700w, https:\/\/loudavymkrokem.cz\/wp-content\/uploads\/2026\/09\/barrage-vauban-768x576.jpg 768w, https:\/\/loudavymkrokem.cz\/wp-content\/uploads\/2026\/09\/barrage-vauban-1536x1152.jpg 1536w, https:\/\/loudavymkrokem.cz\/wp-content\/uploads\/2026\/09\/barrage-vauban-80x60.jpg 80w, https:\/\/loudavymkrokem.cz\/wp-content\/uploads\/2026\/09\/barrage-vauban-160x120.jpg 160w, https:\/\/loudavymkrokem.cz\/wp-content\/uploads\/2026\/09\/barrage-vauban-696x522.jpg 696w, https:\/\/loudavymkrokem.cz\/wp-content\/uploads\/2026\/09\/barrage-vauban-1392x1044.jpg 1392w\" sizes=\"(max-width: 1600px) 100vw, 1600px\" \/><button\n\t\t\tclass=\"lightbox-trigger\"\n\t\t\ttype=\"button\"\n\t\t\taria-haspopup=\"dialog\"\n\t\t\tdata-wp-bind--aria-label=\"state.thisImage.triggerButtonAriaLabel\"\n\t\t\tdata-wp-init=\"callbacks.initTriggerButton\"\n\t\t\tdata-wp-on--click=\"actions.showLightbox\"\n\t\t\tdata-wp-style--right=\"state.thisImage.buttonRight\"\n\t\t\tdata-wp-style--top=\"state.thisImage.buttonTop\"\n\t\t>\n\t\t\t<svg xmlns=\"http:\/\/www.w3.org\/2000\/svg\" width=\"12\" height=\"12\" fill=\"none\" viewBox=\"0 0 12 12\">\n\t\t\t\t<path fill=\"#fff\" d=\"M2 0a2 2 0 0 0-2 2v2h1.5V2a.5.5 0 0 1 .5-.5h2V0H2Zm2 10.5H2a.5.5 0 0 1-.5-.5V8H0v2a2 2 0 0 0 2 2h2v-1.5ZM8 12v-1.5h2a.5.5 0 0 0 .5-.5V8H12v2a2 2 0 0 1-2 2H8Zm2-12a2 2 0 0 1 2 2v2h-1.5V2a.5.5 0 0 0-.5-.5H8V0h2Z\" \/>\n\t\t\t<\/svg>\n\t\t<\/button><figcaption class=\"wp-element-caption\">Foto: cyril L. \/ Google Maps<\/figcaption><\/figure>\n\n\n\n<h3 class=\"wp-block-heading\"><span class=\"ez-toc-section\" id=\"6_Barrage_Vauban\"><\/span>6. Barrage Vauban<span class=\"ez-toc-section-end\"><\/span><\/h3>\n\n\n\n<p class=\"wp-block-paragraph\">Si buscas el mejor lugar de todos para hacer la foto perfecta de Estrasburgo, tienes que ir al Barrage Vauban. Esta enorme presa y puente en uno, de arenisca rosa, se construy\u00f3 en el siglo XVII seg\u00fan el dise\u00f1o del c\u00e9lebre ingeniero militar Vauban. <strong>Su principal funci\u00f3n era inundar la parte sur de la ciudad en caso de amenaza<\/strong> e impedir as\u00ed el avance de las tropas enemigas hacia el centro.<\/p>\n\n\n\n<p class=\"wp-block-paragraph\">Hoy alberga en su interior una galer\u00eda de esculturas y g\u00e1rgolas rescatadas de la catedral. Es interesante, pero, seamos sinceros, has venido aqu\u00ed por la azotea. <strong>En la amplia terraza hay una plataforma mirador cuya entrada es totalmente gratuita para todos<\/strong>. Precisamente desde aqu\u00ed se abre la vista ic\u00f3nica m\u00e1s conocida hacia las torres de los Ponts Couverts, el barrio de entramado de la Petite France y la majestuosa torre de la catedral al fondo.<\/p>\n\n\n\n<p class=\"wp-block-paragraph\">\ud83d\udca1 Consejo: el acceso a la terraza mirador suele ser por escaleras, pero <strong>dentro del edificio tambi\u00e9n hay ascensor<\/strong>, as\u00ed que arriba llegan c\u00f3modamente incluso las familias con cochecito o los viajeros con movilidad reducida. Por la noche la terraza se cierra por motivos de seguridad, as\u00ed que comprueba de antemano el horario actual.<\/p>\n\n\n\n<figure data-wp-context=\"{&quot;imageId&quot;:&quot;6a9d0c00f3e1b&quot;}\" data-wp-interactive=\"core\/image\" data-wp-key=\"6a9d0c00f3e1b\" class=\"wp-block-image size-full wp-lightbox-container\"><img decoding=\"async\" width=\"1600\" height=\"1200\" data-wp-class--hide=\"state.isContentHidden\" data-wp-class--show=\"state.isContentVisible\" data-wp-init=\"callbacks.setButtonStyles\" data-wp-on--click=\"actions.showLightbox\" data-wp-on--load=\"callbacks.setButtonStyles\" data-wp-on--pointerdown=\"actions.preloadImage\" data-wp-on--pointerenter=\"actions.preloadImageWithDelay\" data-wp-on--pointerleave=\"actions.cancelPreload\" data-wp-on-window--resize=\"callbacks.setButtonStyles\" src=\"https:\/\/loudavymkrokem.cz\/wp-content\/uploads\/2026\/09\/swap-412754-7-b98b2d6c.jpg\" alt=\"Paseo en barco Batorama por Estrasburgo\" class=\"wp-image-413433\" title=\"\" srcset=\"https:\/\/loudavymkrokem.cz\/wp-content\/uploads\/2026\/09\/swap-412754-7-b98b2d6c.jpg 1600w, https:\/\/loudavymkrokem.cz\/wp-content\/uploads\/2026\/09\/swap-412754-7-b98b2d6c-300x225.jpg 300w, https:\/\/loudavymkrokem.cz\/wp-content\/uploads\/2026\/09\/swap-412754-7-b98b2d6c-700x525.jpg 700w, https:\/\/loudavymkrokem.cz\/wp-content\/uploads\/2026\/09\/swap-412754-7-b98b2d6c-768x576.jpg 768w, https:\/\/loudavymkrokem.cz\/wp-content\/uploads\/2026\/09\/swap-412754-7-b98b2d6c-1536x1152.jpg 1536w, https:\/\/loudavymkrokem.cz\/wp-content\/uploads\/2026\/09\/swap-412754-7-b98b2d6c-80x60.jpg 80w, https:\/\/loudavymkrokem.cz\/wp-content\/uploads\/2026\/09\/swap-412754-7-b98b2d6c-160x120.jpg 160w, https:\/\/loudavymkrokem.cz\/wp-content\/uploads\/2026\/09\/swap-412754-7-b98b2d6c-696x522.jpg 696w, https:\/\/loudavymkrokem.cz\/wp-content\/uploads\/2026\/09\/swap-412754-7-b98b2d6c-1392x1044.jpg 1392w\" sizes=\"(max-width: 1600px) 100vw, 1600px\" \/><button\n\t\t\tclass=\"lightbox-trigger\"\n\t\t\ttype=\"button\"\n\t\t\taria-haspopup=\"dialog\"\n\t\t\tdata-wp-bind--aria-label=\"state.thisImage.triggerButtonAriaLabel\"\n\t\t\tdata-wp-init=\"callbacks.initTriggerButton\"\n\t\t\tdata-wp-on--click=\"actions.showLightbox\"\n\t\t\tdata-wp-style--right=\"state.thisImage.buttonRight\"\n\t\t\tdata-wp-style--top=\"state.thisImage.buttonTop\"\n\t\t>\n\t\t\t<svg xmlns=\"http:\/\/www.w3.org\/2000\/svg\" width=\"12\" height=\"12\" fill=\"none\" viewBox=\"0 0 12 12\">\n\t\t\t\t<path fill=\"#fff\" d=\"M2 0a2 2 0 0 0-2 2v2h1.5V2a.5.5 0 0 1 .5-.5h2V0H2Zm2 10.5H2a.5.5 0 0 1-.5-.5V8H0v2a2 2 0 0 0 2 2h2v-1.5ZM8 12v-1.5h2a.5.5 0 0 0 .5-.5V8H12v2a2 2 0 0 1-2 2H8Zm2-12a2 2 0 0 1 2 2v2h-1.5V2a.5.5 0 0 0-.5-.5H8V0h2Z\" \/>\n\t\t\t<\/svg>\n\t\t<\/button><figcaption class=\"wp-element-caption\">Foto: Chris Jeffery \/ Google Maps<\/figcaption><\/figure>\n\n\n\n<h3 class=\"wp-block-heading\"><span class=\"ez-toc-section\" id=\"7_Paseo_en_barco_por_los_canales_con_Batorama\"><\/span>7. Paseo en barco por los canales con Batorama<span class=\"ez-toc-section-end\"><\/span><\/h3>\n\n\n\n<p class=\"wp-block-paragraph\">Si quieres hacerte una idea r\u00e1pida y completa de la ciudad desde una perspectiva totalmente distinta, el <a href=\"https:\/\/www.batorama.com\/\" target=\"_blank\" rel=\"nofollow noopener\">paseo panor\u00e1mico en barco de Batorama<\/a> es algo que no querr\u00e1s saltarte, sobre todo cuando empiezan a dolerte los pies. El embarcadero lo encontrar\u00e1s muy f\u00e1cilmente junto a la catedral, en el Embarcad\u00e8re Batorama Cath\u00e9drale, desde donde los barcos zarpan con regularidad para un recorrido de setenta minutos por todo el centro hist\u00f3rico y tambi\u00e9n por el barrio europeo m\u00e1s moderno. Es la mejor manera de comprender la ciudad justamente cuando te duelen los pies.<\/p>\n\n\n\n<p class=\"wp-block-paragraph\">Durante el paseo cruzar\u00e1s el rom\u00e1ntico barrio de la Petite France, donde el barco salva los desniveles mediante estrechas y antiguas esclusas, algo que en s\u00ed mismo es un espect\u00e1culo inolvidable. <strong>Puedes elegir entre barcos totalmente abiertos y otros acristalados<\/strong>; estos \u00faltimos los agradecer\u00e1s sobre todo en los meses m\u00e1s fr\u00edos de primavera u oto\u00f1o, porque est\u00e1n perfectamente climatizados y protegidos de la lluvia. Tambi\u00e9n hay audiogu\u00edas con explicaciones.<\/p>\n\n\n\n<p class=\"wp-block-paragraph\">\ud83d\udca1 Consejo: sobre todo en plena temporada de verano y durante los fines de semana soleados, las entradas suelen agotarse muy r\u00e1pido para todo el d\u00eda. <strong>Te recomiendo reservar las entradas online con suficiente antelaci\u00f3n<\/strong> para ahorrarte esperas innecesarias en las colas y asegurarte de subir a bordo justo a la hora que elijas.<\/p>\n\n\n\n<figure data-wp-context=\"{&quot;imageId&quot;:&quot;6a9d0c010039d&quot;}\" data-wp-interactive=\"core\/image\" data-wp-key=\"6a9d0c010039d\" class=\"wp-block-image size-full wp-lightbox-container\"><img decoding=\"async\" width=\"1280\" height=\"960\" data-wp-class--hide=\"state.isContentHidden\" data-wp-class--show=\"state.isContentVisible\" data-wp-init=\"callbacks.setButtonStyles\" data-wp-on--click=\"actions.showLightbox\" data-wp-on--load=\"callbacks.setButtonStyles\" data-wp-on--pointerdown=\"actions.preloadImage\" data-wp-on--pointerenter=\"actions.preloadImageWithDelay\" data-wp-on--pointerleave=\"actions.cancelPreload\" data-wp-on-window--resize=\"callbacks.setButtonStyles\" src=\"https:\/\/loudavymkrokem.cz\/wp-content\/uploads\/2026\/09\/evropsk-parlament.jpg\" alt=\"Parlamento Europeo\" class=\"wp-image-413197\" title=\"\" srcset=\"https:\/\/loudavymkrokem.cz\/wp-content\/uploads\/2026\/09\/evropsk-parlament.jpg 1280w, https:\/\/loudavymkrokem.cz\/wp-content\/uploads\/2026\/09\/evropsk-parlament-300x225.jpg 300w, https:\/\/loudavymkrokem.cz\/wp-content\/uploads\/2026\/09\/evropsk-parlament-700x525.jpg 700w, https:\/\/loudavymkrokem.cz\/wp-content\/uploads\/2026\/09\/evropsk-parlament-768x576.jpg 768w, https:\/\/loudavymkrokem.cz\/wp-content\/uploads\/2026\/09\/evropsk-parlament-80x60.jpg 80w, https:\/\/loudavymkrokem.cz\/wp-content\/uploads\/2026\/09\/evropsk-parlament-160x120.jpg 160w, https:\/\/loudavymkrokem.cz\/wp-content\/uploads\/2026\/09\/evropsk-parlament-696x522.jpg 696w\" sizes=\"(max-width: 1280px) 100vw, 1280px\" \/><button\n\t\t\tclass=\"lightbox-trigger\"\n\t\t\ttype=\"button\"\n\t\t\taria-haspopup=\"dialog\"\n\t\t\tdata-wp-bind--aria-label=\"state.thisImage.triggerButtonAriaLabel\"\n\t\t\tdata-wp-init=\"callbacks.initTriggerButton\"\n\t\t\tdata-wp-on--click=\"actions.showLightbox\"\n\t\t\tdata-wp-style--right=\"state.thisImage.buttonRight\"\n\t\t\tdata-wp-style--top=\"state.thisImage.buttonTop\"\n\t\t>\n\t\t\t<svg xmlns=\"http:\/\/www.w3.org\/2000\/svg\" width=\"12\" height=\"12\" fill=\"none\" viewBox=\"0 0 12 12\">\n\t\t\t\t<path fill=\"#fff\" d=\"M2 0a2 2 0 0 0-2 2v2h1.5V2a.5.5 0 0 1 .5-.5h2V0H2Zm2 10.5H2a.5.5 0 0 1-.5-.5V8H0v2a2 2 0 0 0 2 2h2v-1.5ZM8 12v-1.5h2a.5.5 0 0 0 .5-.5V8H12v2a2 2 0 0 1-2 2H8Zm2-12a2 2 0 0 1 2 2v2h-1.5V2a.5.5 0 0 0-.5-.5H8V0h2Z\" \/>\n\t\t\t<\/svg>\n\t\t<\/button><figcaption class=\"wp-element-caption\">Foto: Ryan Jose Ruiz III \/ Google Maps<\/figcaption><\/figure>\n\n\n\n<h3 class=\"wp-block-heading\"><span class=\"ez-toc-section\" id=\"8_Parlamento_Europeo\"><\/span>8. Parlamento Europeo<span class=\"ez-toc-section-end\"><\/span><\/h3>\n\n\n\n<p class=\"wp-block-paragraph\">Estrasburgo es la sede oficial del <a href=\"https:\/\/visiting.europarl.europa.eu\/cs\/\" target=\"_blank\" rel=\"nofollow noopener\">Parlamento Europeo<\/a> y la visita a este imponente edificio moderno no deber\u00eda faltar en tu lista de puntos de inter\u00e9s. La enorme construcci\u00f3n acristalada, de planta circular y tejado curvo, domina todo el barrio y <strong>supone un fascinante contraste visual con el centro hist\u00f3rico de la ciudad<\/strong>. La forma m\u00e1s sencilla de llegar es en el c\u00f3modo tranv\u00eda de la l\u00ednea E; basta con bajarse en la parada del mismo nombre, Parlement Europ\u00e9en.<\/p>\n\n\n\n<p class=\"wp-block-paragraph\">Lo mejor de todo es que <strong>las visitas al p\u00fablico son totalmente gratuitas<\/strong>; basta con mostrar en la entrada un documento de identidad o pasaporte v\u00e1lido. Durante la visita te asomar\u00e1s directamente al famoso hemiciclo, donde se sientan los eurodiputados y se elabora la importante legislaci\u00f3n europea. La atm\u00f3sfera de este enorme y moderno espacio es realmente impresionante y, de repente, caes en la cuenta de que esa burocracia de Bruselas tambi\u00e9n tiene su direcci\u00f3n f\u00edsica \ud83d\ude04.<\/p>\n\n\n\n<p class=\"wp-block-paragraph\">Planifica la visita al parlamento con suficiente antelaci\u00f3n y <strong>cuenta con que toda la visita te llevar\u00e1 unas dos o tres horas<\/strong>, incluido el control de seguridad bastante minucioso de la entrada. Las visitas se realizan con gu\u00edas multimedia en todas las lenguas oficiales de la Uni\u00f3n Europea, as\u00ed que puedes escuchar toda la informaci\u00f3n c\u00f3modamente en espa\u00f1ol.<\/p>\n\n\n\n<figure data-wp-context=\"{&quot;imageId&quot;:&quot;6a9d0c0100924&quot;}\" data-wp-interactive=\"core\/image\" data-wp-key=\"6a9d0c0100924\" class=\"wp-block-image size-full wp-lightbox-container\"><img decoding=\"async\" width=\"1440\" height=\"1080\" data-wp-class--hide=\"state.isContentHidden\" data-wp-class--show=\"state.isContentVisible\" data-wp-init=\"callbacks.setButtonStyles\" data-wp-on--click=\"actions.showLightbox\" data-wp-on--load=\"callbacks.setButtonStyles\" data-wp-on--pointerdown=\"actions.preloadImage\" data-wp-on--pointerenter=\"actions.preloadImageWithDelay\" data-wp-on--pointerleave=\"actions.cancelPreload\" data-wp-on-window--resize=\"callbacks.setButtonStyles\" src=\"https:\/\/loudavymkrokem.cz\/wp-content\/uploads\/2026\/09\/parlamentarium-simone-veil.jpg\" alt=\"Parlamentarium Simone Veil\" class=\"wp-image-413201\" title=\"\" srcset=\"https:\/\/loudavymkrokem.cz\/wp-content\/uploads\/2026\/09\/parlamentarium-simone-veil.jpg 1440w, https:\/\/loudavymkrokem.cz\/wp-content\/uploads\/2026\/09\/parlamentarium-simone-veil-300x225.jpg 300w, https:\/\/loudavymkrokem.cz\/wp-content\/uploads\/2026\/09\/parlamentarium-simone-veil-700x525.jpg 700w, https:\/\/loudavymkrokem.cz\/wp-content\/uploads\/2026\/09\/parlamentarium-simone-veil-768x576.jpg 768w, https:\/\/loudavymkrokem.cz\/wp-content\/uploads\/2026\/09\/parlamentarium-simone-veil-80x60.jpg 80w, https:\/\/loudavymkrokem.cz\/wp-content\/uploads\/2026\/09\/parlamentarium-simone-veil-160x120.jpg 160w, https:\/\/loudavymkrokem.cz\/wp-content\/uploads\/2026\/09\/parlamentarium-simone-veil-696x522.jpg 696w, https:\/\/loudavymkrokem.cz\/wp-content\/uploads\/2026\/09\/parlamentarium-simone-veil-1392x1044.jpg 1392w\" sizes=\"(max-width: 1440px) 100vw, 1440px\" \/><button\n\t\t\tclass=\"lightbox-trigger\"\n\t\t\ttype=\"button\"\n\t\t\taria-haspopup=\"dialog\"\n\t\t\tdata-wp-bind--aria-label=\"state.thisImage.triggerButtonAriaLabel\"\n\t\t\tdata-wp-init=\"callbacks.initTriggerButton\"\n\t\t\tdata-wp-on--click=\"actions.showLightbox\"\n\t\t\tdata-wp-style--right=\"state.thisImage.buttonRight\"\n\t\t\tdata-wp-style--top=\"state.thisImage.buttonTop\"\n\t\t>\n\t\t\t<svg xmlns=\"http:\/\/www.w3.org\/2000\/svg\" width=\"12\" height=\"12\" fill=\"none\" viewBox=\"0 0 12 12\">\n\t\t\t\t<path fill=\"#fff\" d=\"M2 0a2 2 0 0 0-2 2v2h1.5V2a.5.5 0 0 1 .5-.5h2V0H2Zm2 10.5H2a.5.5 0 0 1-.5-.5V8H0v2a2 2 0 0 0 2 2h2v-1.5ZM8 12v-1.5h2a.5.5 0 0 0 .5-.5V8H12v2a2 2 0 0 1-2 2H8Zm2-12a2 2 0 0 1 2 2v2h-1.5V2a.5.5 0 0 0-.5-.5H8V0h2Z\" \/>\n\t\t\t<\/svg>\n\t\t<\/button><figcaption class=\"wp-element-caption\">Foto: Bianca K. \/ Google Maps<\/figcaption><\/figure>\n\n\n\n<h3 class=\"wp-block-heading\"><span class=\"ez-toc-section\" id=\"9_Parlamentarium_Simone_Veil\"><\/span>9. Parlamentarium Simone Veil<span class=\"ez-toc-section-end\"><\/span><\/h3>\n\n\n\n<p class=\"wp-block-paragraph\">Parte del amplio complejo del Parlamento Europeo es tambi\u00e9n el espacio para visitantes inaugurado hace poco y llamado <a href=\"https:\/\/visiting.europarl.europa.eu\/cs\/visitor-offer\/strasbourg\/parlamentarium-simone-veil\" target=\"_blank\" rel=\"nofollow noopener\">Parlamentarium Simone Veil<\/a>. El centro est\u00e1 dise\u00f1ado para que la integraci\u00f3n europea suene emocionante y, sorprendentemente, lo consigue. Es un lugar estupendo no solo para los visitantes adultos, sino tambi\u00e9n para ni\u00f1os mayores y curiosos.<\/p>\n\n\n\n<p class=\"wp-block-paragraph\">El gran reclamo de todo el centro es, sin duda, la <strong>espectacular sala de proyecci\u00f3n de 360\u00b0<\/strong>, donde se proyecta una pel\u00edcula din\u00e1mica sobre el funcionamiento del Parlamento Europeo gracias a la cual te sientes visualmente en el mism\u00edsimo centro de la acci\u00f3n. Tambi\u00e9n hay diversos m\u00f3dulos interactivos y pantallas t\u00e1ctiles a trav\u00e9s de las cuales puedes averiguar f\u00e1cilmente qu\u00e9 decisiones se tomaron en el pasado precisamente para tu regi\u00f3n de origen.<\/p>\n\n\n\n<p class=\"wp-block-paragraph\">Para grupos organizados m\u00e1s grandes, el centro ofrece tambi\u00e9n un <strong>juego de rol especial<\/strong> en el que los participantes pueden experimentar en primera persona qu\u00e9 se siente al ser un verdadero diputado y negociar con dificultad nuevas leyes. La parada en este centro complementa a la perfecci\u00f3n la visita al propio hemiciclo, y la entrada aqu\u00ed tambi\u00e9n es gratuita para todos.<\/p>\n\n\n\n<figure data-wp-context=\"{&quot;imageId&quot;:&quot;6a9d0c0100ea0&quot;}\" data-wp-interactive=\"core\/image\" data-wp-key=\"6a9d0c0100ea0\" class=\"wp-block-image size-full wp-lightbox-container\"><img decoding=\"async\" width=\"1600\" height=\"1200\" data-wp-class--hide=\"state.isContentHidden\" data-wp-class--show=\"state.isContentVisible\" data-wp-init=\"callbacks.setButtonStyles\" data-wp-on--click=\"actions.showLightbox\" data-wp-on--load=\"callbacks.setButtonStyles\" data-wp-on--pointerdown=\"actions.preloadImage\" data-wp-on--pointerenter=\"actions.preloadImageWithDelay\" data-wp-on--pointerleave=\"actions.cancelPreload\" data-wp-on-window--resize=\"callbacks.setButtonStyles\" src=\"https:\/\/loudavymkrokem.cz\/wp-content\/uploads\/2026\/09\/rada-evropy.jpg\" alt=\"Consejo de Europa y el barrio de las instituciones\" class=\"wp-image-413204\" title=\"\" srcset=\"https:\/\/loudavymkrokem.cz\/wp-content\/uploads\/2026\/09\/rada-evropy.jpg 1600w, https:\/\/loudavymkrokem.cz\/wp-content\/uploads\/2026\/09\/rada-evropy-300x225.jpg 300w, https:\/\/loudavymkrokem.cz\/wp-content\/uploads\/2026\/09\/rada-evropy-700x525.jpg 700w, https:\/\/loudavymkrokem.cz\/wp-content\/uploads\/2026\/09\/rada-evropy-768x576.jpg 768w, https:\/\/loudavymkrokem.cz\/wp-content\/uploads\/2026\/09\/rada-evropy-1536x1152.jpg 1536w, https:\/\/loudavymkrokem.cz\/wp-content\/uploads\/2026\/09\/rada-evropy-80x60.jpg 80w, https:\/\/loudavymkrokem.cz\/wp-content\/uploads\/2026\/09\/rada-evropy-160x120.jpg 160w, https:\/\/loudavymkrokem.cz\/wp-content\/uploads\/2026\/09\/rada-evropy-696x522.jpg 696w, https:\/\/loudavymkrokem.cz\/wp-content\/uploads\/2026\/09\/rada-evropy-1392x1044.jpg 1392w\" sizes=\"(max-width: 1600px) 100vw, 1600px\" \/><button\n\t\t\tclass=\"lightbox-trigger\"\n\t\t\ttype=\"button\"\n\t\t\taria-haspopup=\"dialog\"\n\t\t\tdata-wp-bind--aria-label=\"state.thisImage.triggerButtonAriaLabel\"\n\t\t\tdata-wp-init=\"callbacks.initTriggerButton\"\n\t\t\tdata-wp-on--click=\"actions.showLightbox\"\n\t\t\tdata-wp-style--right=\"state.thisImage.buttonRight\"\n\t\t\tdata-wp-style--top=\"state.thisImage.buttonTop\"\n\t\t>\n\t\t\t<svg xmlns=\"http:\/\/www.w3.org\/2000\/svg\" width=\"12\" height=\"12\" fill=\"none\" viewBox=\"0 0 12 12\">\n\t\t\t\t<path fill=\"#fff\" d=\"M2 0a2 2 0 0 0-2 2v2h1.5V2a.5.5 0 0 1 .5-.5h2V0H2Zm2 10.5H2a.5.5 0 0 1-.5-.5V8H0v2a2 2 0 0 0 2 2h2v-1.5ZM8 12v-1.5h2a.5.5 0 0 0 .5-.5V8H12v2a2 2 0 0 1-2 2H8Zm2-12a2 2 0 0 1 2 2v2h-1.5V2a.5.5 0 0 0-.5-.5H8V0h2Z\" \/>\n\t\t\t<\/svg>\n\t\t<\/button><figcaption class=\"wp-element-caption\">Foto: Anton Nyberg \/ Google Maps<\/figcaption><\/figure>\n\n\n\n<!-- LKM_GYG_CARD start q=\"strasbourg\" lang=\"es\" --><!-- LKM_GYG_CARD end -->\n\n\n\n\n<div class=\"lk-stays-module\">\n<style>\n\/* \u2500\u2500\u2500 RESET PRO GUTENBERG \u2500\u2500\u2500 *\/\n.lk-stays-module * { box-sizing: border-box; margin: 0; padding: 0; }\n\n\/* \u2500\u2500\u2500 WRAPPER \u2500\u2500\u2500 *\/\n.lk-stays-module {\n  font-family: 'DM Sans', Georgia, sans-serif;\n  max-width: 100%;\n  margin: 2.5rem auto;\n  background: linear-gradient(135deg, #fdfaf5 0%, #fcf8f0 100%);\n  border: 1px solid #e8dfd4;\n  border-radius: 16px;\n  overflow: hidden;\n  box-shadow: 0 16px 48px rgba(195, 159, 118, 0.25), 0 4px 12px rgba(0,0,0,0.08);\n}\n\n\/* \u2500\u2500\u2500 HEADER \u2500\u2500\u2500 *\/\n.lk-stays-header {\n  position: relative;\n  padding: 24px 36px 24px;\n  background: linear-gradient(135deg, #c39f76 0%, #d4b188 60%, #c39f76 100%);\n  border-bottom: 1px solid rgba(255,255,255,.15);\n  display: flex;\n  align-items: center;\n  gap: 18px;\n}\n.lk-stays-header::before {\n  content: '';\n  position: absolute;\n  inset: 0;\n  background: url(\"data:image\/svg+xml,%3Csvg width='60' height='60' viewBox='0 0 60 60' xmlns='http:\/\/www.w3.org\/2000\/svg'%3E%3Cg fill='none' fill-rule='evenodd'%3E%3Cg fill='%23ffffff' fill-opacity='0.05'%3E%3Cpath d='M36 34v-4h-2v4h-4v2h4v4h2v-4h4v-2h-4zm0-30V0h-2v4h-4v2h4v4h2V6h4V4h-4zM6 34v-4H4v4H0v2h4v4h2v-4h4v-2H6zM6 4V0H4v4H0v2h4v4h2V6h4V4H6z'\/%3E%3C\/g%3E%3C\/g%3E%3C\/svg%3E\") repeat;\n  pointer-events: none;\n}\n.lk-stays-icon {\n  flex-shrink: 0;\n  width: 68px;\n  height: 68px;\n  border-radius: 14px;\n  background: linear-gradient(135deg, #fff 0%, #f9f6f0 100%);\n  display: flex;\n  align-items: center;\n  justify-content: center;\n  font-size: 26px;\n  box-shadow: 0 4px 12px rgba(0,0,0,0.15);\n}\n.lk-stays-eyebrow {\n  font-size: 10px;\n  font-weight: 500;\n  letter-spacing: 2.5px;\n  text-transform: uppercase;\n  color: rgba(255,255,255,.85);\n  margin: 0 0 5px 0;\n}\n.lk-stays-title {\n  font-family: 'Playfair Display', Georgia, serif;\n  font-size: 24px;\n  font-weight: 700;\n  color: #fff;\n  line-height: 1.2;\n  text-shadow: 0 1px 2px rgba(0,0,0,0.1);\n  margin: 0;\n}\n.lk-stays-subtitle {\n  font-size: 13px;\n  color: rgba(255,255,255,.75);\n  margin: 4px 0 0 0;\n  font-weight: 300;\n}\n\n\/* \u2500\u2500\u2500 CARDS GRID \u2500\u2500\u2500 *\/\n.lk-stays-grid {\n  display: grid;\n  grid-template-columns: 1fr 1fr;\n  gap: 1px;\n  background: rgba(195, 159, 118, 0.12);\n}\n\n\/* \u2500\u2500\u2500 SINGLE CARD \u2500\u2500\u2500 *\/\n.lk-stay-card {\n  background: #ffffff;\n  padding: 26px;\n  display: flex;\n  flex-direction: column;\n  gap: 11px;\n  transition: all 0.3s ease;\n  text-decoration: none;\n  color: inherit;\n  position: relative;\n}\n.lk-stay-card:hover {\n  background: #fffbf5;\n  transform: translateY(-2px);\n  box-shadow: 0 8px 24px rgba(195, 159, 118, 0.18);\n  z-index: 1;\n}\n.lk-stay-card.featured {\n  background: linear-gradient(135deg, #fffdf9 0%, #fff9f0 100%);\n  box-shadow: 0 4px 16px rgba(195, 159, 118, 0.15), inset 0 1px 0 rgba(195, 159, 118, 0.1);\n}\n.lk-stay-card.featured:hover {\n  background: linear-gradient(135deg, #fffbf5 0%, #fff8ed 100%);\n  box-shadow: 0 8px 24px rgba(195, 159, 118, 0.25), inset 0 1px 0 rgba(195, 159, 118, 0.15);\n}\n\n.lk-stay-badge {\n  display: inline-flex;\n  align-items: center;\n  gap: 5px;\n  font-size: 10px;\n  font-weight: 500;\n  letter-spacing: 1.5px;\n  text-transform: uppercase;\n  padding: 5px 11px;\n  border-radius: 20px;\n  width: fit-content;\n}\n.badge-top     { background: linear-gradient(135deg, #c39f76 0%, #d4b188 100%); color: #fff; border: 1px solid #c39f76; font-weight: 600; box-shadow: 0 2px 8px rgba(195,159,118,0.3); }\n.badge-luxury  { background: rgba(195,159,118,.12); color: #c39f76; border: 1px solid rgba(195,159,118,.25); }\n.badge-boutique{ background: rgba(54,133,252,.08); color: #3685fc; border: 1px solid rgba(54,133,252,.2); }\n.badge-nature  { background: rgba(130,190,100,.1); color: #6b9c4a; border: 1px solid rgba(130,190,100,.2); }\n.badge-remote  { background: rgba(195,159,118,.12); color: #a67e50; border: 1px solid rgba(195,159,118,.25); }\n\n.lk-stay-name {\n  font-family: 'Playfair Display', Georgia, serif;\n  font-size: 18px;\n  font-weight: 700;\n  color: #111827;\n  line-height: 1.3;\n}\n.lk-stay-desc {\n  font-size: 13.5px;\n  color: #525252;\n  line-height: 1.65;\n  font-weight: 300;\n  flex: 1;\n}\n\n.lk-stay-meta {\n  display: flex;\n  align-items: center;\n  gap: 12px;\n  flex-wrap: wrap;\n  margin-top: 4px;\n}\n.lk-stay-price {\n  font-size: 13px;\n  color: #6b7280;\n}\n.lk-stay-price strong {\n  color: #c39f76;\n  font-weight: 500;\n}\n.lk-stay-stars {\n  color: #c39f76;\n  font-size: 11px;\n  letter-spacing: 1px;\n}\n\n\/* \u2500\u2500\u2500 CTA BUTTON \u2500\u2500\u2500 *\/\n.lk-stay-cta {\n  display: inline-flex;\n  align-items: center;\n  justify-content: center;\n  gap: 7px;\n  margin-top: 8px;\n  padding: 11px 20px;\n  border-radius: 8px;\n  background: linear-gradient(135deg, #3685fc 0%, #2a6fd9 100%);\n  color: #fff;\n  font-size: 13px;\n  font-weight: 500;\n  text-decoration: none;\n  letter-spacing: .3px;\n  transition: all .2s ease;\n  cursor: pointer;\n  border: none;\n  text-align: center;\n  box-shadow: 0 4px 12px rgba(54, 133, 252, 0.25);\n}\n.lk-stay-cta:hover {\n  background: linear-gradient(135deg, #2a6fd9 0%, #1e5bc4 100%);\n  transform: translateY(-1px);\n  box-shadow: 0 6px 16px rgba(54, 133, 252, 0.35);\n}\n.lk-stay-cta svg { flex-shrink: 0; }\n\n\/* \u2500\u2500\u2500 FOOTER \u2500\u2500\u2500 *\/\n.lk-stays-footer {\n  padding: 18px 36px;\n  background: linear-gradient(to bottom, #fdfaf5 0%, #f9f4ed 100%);\n  border-top: 1px solid rgba(195, 159, 118, 0.15);\n  display: flex;\n  align-items: center;\n  justify-content: space-between;\n  flex-wrap: wrap;\n  gap: 12px;\n}\n.lk-stays-footer-note {\n  font-size: 11.5px;\n  color: #6b7280;\n  font-weight: 300;\n  line-height: 1.5;\n}\n.lk-stays-footer-note a {\n  color: #c39f76;\n  text-decoration: none;\n  font-weight: 400;\n}\n.lk-stays-footer-note a:hover {\n  text-decoration: underline;\n}\n.lk-stays-all-btn {\n  display: inline-flex;\n  align-items: center;\n  gap: 6px;\n  font-size: 12.5px;\n  font-weight: 500;\n  color: #c39f76;\n  text-decoration: none;\n  border: 1px solid rgba(195, 159, 118, 0.35);\n  padding: 8px 18px;\n  border-radius: 8px;\n  transition: all .2s ease;\n}\n.lk-stays-all-btn:hover {\n  background: rgba(195, 159, 118, 0.08);\n  border-color: rgba(195, 159, 118, 0.5);\n}\n\n\/* \u2500\u2500\u2500 RESPONSIVE \u2500\u2500\u2500 *\/\n@media (max-width: 600px) {\n  .lk-stays-grid { grid-template-columns: 1fr; }\n  .lk-stays-header { padding: 24px 20px; }\n  .lk-stays-footer { padding: 16px 20px; }\n  .lk-stay-card { padding: 22px; }\n  .lk-stays-title { font-size: 20px; }\n}\n<\/style>\n\n  <!-- HEADER -->\n  <div class=\"lk-stays-header\">\n    <img decoding=\"async\" src=\"https:\/\/loudavymkrokem.cz\/wp-content\/uploads\/2026\/02\/lukas-a-lucka.jpg\" alt=\"\" style=\"width: 75px; height: 75px; border-radius: 8px; flex-shrink: 0; object-fit: cover; display: block; margin: 4px 0;\" title=\"\">\n    <div class=\"lk-stays-header-text\">\n      <div class=\"lk-stays-eyebrow\">Luk\u00e1\u0161 y Lucie recomiendan<\/div>\n      <div class=\"lk-stays-title\">D\u00f3nde alojarse en Estrasburgo<\/div>\n      <div class=\"lk-stays-subtitle\">4 alojamientos \u2014 hoteles y otras opciones de alojamiento<\/div>\n    <\/div>\n  <\/div>\n\n  <!-- CARDS -->\n  <div class=\"lk-stays-grid\">\n\n    <a class=\"lk-stay-card featured\" href=\"https:\/\/www.stay22.com\/allez\/roam?aid=lukaskonecny&#038;campaign=loudavymkrokemcz&#038;campaign=es&#038;campaign=covidetvestrasburku&#038;address=%C5%A0trasburk&#038;hotelname=H%C3%B4tel+Cour+du+Corbeau+Strasbourg+-+MGallery&#038;search=H%C3%B4tel+Cour+du+Corbeau+Strasbourg+-+MGallery&#038;category=accommodation\" target=\"_blank\" rel=\"nofollow noopener\">\n      <span class=\"lk-stay-badge badge-top\">\u2b50 MEJOR OPCI\u00d3N<\/span>\n      <span class=\"lk-stay-badge badge-nature\">\ud83c\udfe8 Hotel<\/span>\n      <div class=\"lk-stay-name\">H\u00f4tel Cour du Corbeau Strasbourg &#8211; MGallery<\/div>\n      <div class=\"lk-stay-desc\">Una joya arquitect\u00f3nica en una casa hist\u00f3rica renovada del siglo XVI con balcones de madera, ofrece un ambiente rom\u00e1ntico junto al canal.<\/div>\n      <div class=\"lk-stay-meta\">\n        <span class=\"lk-stay-stars\">\u2605\u2605\u2605\u2605<\/span>\n        <span class=\"lk-stay-price\">Consultar precios<\/span>\n      <\/div>\n      <span class=\"lk-stay-cta\">\n        <svg width=\"14\" height=\"14\" viewBox=\"0 0 24 24\" fill=\"none\" stroke=\"currentColor\" stroke-width=\"2\"><path d=\"M18 13v6a2 2 0 0 1-2 2H5a2 2 0 0 1-2-2V8a2 2 0 0 1 2-2h6\"\/><polyline points=\"15 3 21 3 21 9\"\/><line x1=\"10\" y1=\"14\" x2=\"21\" y2=\"3\"\/><\/svg>\n        Comprobar disponibilidad\n      <\/span>\n    <\/a>\n\n    <a class=\"lk-stay-card\" href=\"https:\/\/www.stay22.com\/allez\/roam?aid=lukaskonecny&#038;campaign=loudavymkrokemcz&#038;campaign=es&#038;campaign=covidetvestrasburku&#038;address=%C5%A0trasburk&#038;hotelname=H%C3%B4tel+L%C3%89ONOR+the+place+to+live&#038;search=H%C3%B4tel+L%C3%89ONOR+the+place+to+live&#038;category=accommodation\" target=\"_blank\" rel=\"nofollow noopener\">\n      <span class=\"lk-stay-badge badge-nature\">\ud83c\udfe8 Hotel<\/span>\n      <div class=\"lk-stay-name\">H\u00f4tel L\u00c9ONOR the place to live<\/div>\n      <div class=\"lk-stay-desc\">Dise\u00f1o moderno en un edificio hist\u00f3rico cerca de la plaza Broglie con un hermoso patio interior para sentarse.<\/div>\n      <div class=\"lk-stay-meta\">\n        <span class=\"lk-stay-stars\">\u2605\u2605\u2605\u2605<\/span>\n        <span class=\"lk-stay-price\">Consultar precios<\/span>\n      <\/div>\n      <span class=\"lk-stay-cta\">\n        <svg width=\"14\" height=\"14\" viewBox=\"0 0 24 24\" fill=\"none\" stroke=\"currentColor\" stroke-width=\"2\"><path d=\"M18 13v6a2 2 0 0 1-2 2H5a2 2 0 0 1-2-2V8a2 2 0 0 1 2-2h6\"\/><polyline points=\"15 3 21 3 21 9\"\/><line x1=\"10\" y1=\"14\" x2=\"21\" y2=\"3\"\/><\/svg>\n        Comprobar disponibilidad\n      <\/span>\n    <\/a>\n\n    <a class=\"lk-stay-card\" href=\"https:\/\/www.stay22.com\/allez\/roam?aid=lukaskonecny&#038;campaign=loudavymkrokemcz&#038;campaign=es&#038;campaign=covidetvestrasburku&#038;address=%C5%A0trasburk&#038;hotelname=H%C3%B4tel+Gutenberg&#038;search=H%C3%B4tel+Gutenberg&#038;category=accommodation\" target=\"_blank\" rel=\"nofollow noopener\">\n      <span class=\"lk-stay-badge badge-nature\">\ud83c\udfe8 Hotel<\/span>\n      <div class=\"lk-stay-name\">H\u00f4tel Gutenberg<\/div>\n      <div class=\"lk-stay-desc\">Ubicaci\u00f3n estrat\u00e9gica cerca de la zona peatonal principal, habitaciones m\u00e1s peque\u00f1as que destacan por su limpieza y camas c\u00f3modas, personal muy servicial.<\/div>\n      <div class=\"lk-stay-meta\">\n        <span class=\"lk-stay-stars\">\u2605\u2605\u2605\u2605<\/span>\n        <span class=\"lk-stay-price\">Consultar precios<\/span>\n      <\/div>\n      <span class=\"lk-stay-cta\">\n        <svg width=\"14\" height=\"14\" viewBox=\"0 0 24 24\" fill=\"none\" stroke=\"currentColor\" stroke-width=\"2\"><path d=\"M18 13v6a2 2 0 0 1-2 2H5a2 2 0 0 1-2-2V8a2 2 0 0 1 2-2h6\"\/><polyline points=\"15 3 21 3 21 9\"\/><line x1=\"10\" y1=\"14\" x2=\"21\" y2=\"3\"\/><\/svg>\n        Comprobar disponibilidad\n      <\/span>\n    <\/a>\n\n    <a class=\"lk-stay-card\" href=\"https:\/\/www.stay22.com\/allez\/roam?aid=lukaskonecny&#038;campaign=loudavymkrokemcz&#038;campaign=es&#038;campaign=covidetvestrasburku&#038;address=\u0161trasburk\" target=\"_blank\" rel=\"nofollow noopener\">\n      <span class=\"lk-stay-badge badge-nature\">\ud83d\udd0d Buscar<\/span>\n      <div class=\"lk-stay-name\">Ver todos los alojamientos en Estrasburgo<\/div>\n      <div class=\"lk-stay-desc\">Explore todas las opciones de alojamiento disponibles en Estrasburgo y encuentre la mejor seg\u00fan sus preferencias y presupuesto.<\/div>\n      <div class=\"lk-stay-meta\">\n        <span class=\"lk-stay-stars\">\u2605\u2605\u2605\u2605<\/span>\n        <span class=\"lk-stay-price\">Comparar precios<\/span>\n      <\/div>\n      <span class=\"lk-stay-cta\">\n        <svg width=\"14\" height=\"14\" viewBox=\"0 0 24 24\" fill=\"none\" stroke=\"currentColor\" stroke-width=\"2\"><path d=\"M18 13v6a2 2 0 0 1-2 2H5a2 2 0 0 1-2-2V8a2 2 0 0 1 2-2h6\"\/><polyline points=\"15 3 21 3 21 9\"\/><line x1=\"10\" y1=\"14\" x2=\"21\" y2=\"3\"\/><\/svg>\n        Comprobar disponibilidad\n      <\/span>\n    <\/a>\n\n  <\/div>\n\n  \n<\/div>\n\n\n\n\n<h3 class=\"wp-block-heading\"><span class=\"ez-toc-section\" id=\"10_Consejo_de_Europa_y_el_barrio_de_las_instituciones\"><\/span>10. Consejo de Europa y el barrio de las instituciones<span class=\"ez-toc-section-end\"><\/span><\/h3>\n\n\n\n<p class=\"wp-block-paragraph\">El Parlamento Europeo no es, ni mucho menos, la \u00fanica instituci\u00f3n importante de esta ciudad. Justo al lado se encuentran <strong>el imponente edificio del Consejo de Europa y tambi\u00e9n el famoso Tribunal Europeo de Derechos Humanos<\/strong>. Todo este barrio moderno, que se extiende alrededor de la tranquila confluencia de los r\u00edos Ill y Marne, es arquitect\u00f3nicamente muy interesante, y un simple paseo entre estos palacios de cristal te pondr\u00e1 de buen humor.<\/p>\n\n\n\n<p class=\"wp-block-paragraph\">El propio edificio del Tribunal Europeo de Derechos Humanos, dise\u00f1ado por el afamado arquitecto Richard Rogers, <strong>recuerda con sus formas audaces a dos enormes barcos de acero a la orilla del r\u00edo<\/strong> y figura entre las construcciones modernas m\u00e1s notables de toda Francia. Las visitas a estas instituciones concretas para particulares son m\u00e1s complicadas y a menudo requieren una aprobaci\u00f3n previa tediosa, pero solo la vista desde fuera y un paseo por las amplias avenidas de los alrededores ya merecen la pena.<\/p>\n\n\n\n<p class=\"wp-block-paragraph\">Toda esta zona administrativa est\u00e1, sorprendentemente, muy rodeada de vegetaci\u00f3n y canales, as\u00ed que <strong>el contraste entre la severa arquitectura moderna y la naturaleza tranquila es aqu\u00ed muy fuerte<\/strong>. Es un lugar estupendo para un paseo por la tarde cuando quieras descansar un rato de las a veces bulliciosas callejuelas hist\u00f3ricas del centro.<\/p>\n\n\n\n<figure data-wp-context=\"{&quot;imageId&quot;:&quot;6a9d0c010154f&quot;}\" data-wp-interactive=\"core\/image\" data-wp-key=\"6a9d0c010154f\" class=\"wp-block-image size-full wp-lightbox-container\"><img decoding=\"async\" width=\"1600\" height=\"2400\" data-wp-class--hide=\"state.isContentHidden\" data-wp-class--show=\"state.isContentVisible\" data-wp-init=\"callbacks.setButtonStyles\" data-wp-on--click=\"actions.showLightbox\" data-wp-on--load=\"callbacks.setButtonStyles\" data-wp-on--pointerdown=\"actions.preloadImage\" data-wp-on--pointerenter=\"actions.preloadImageWithDelay\" data-wp-on--pointerleave=\"actions.cancelPreload\" data-wp-on-window--resize=\"callbacks.setButtonStyles\" src=\"https:\/\/loudavymkrokem.cz\/wp-content\/uploads\/2026\/09\/grande-le.jpg\" alt=\"Grande \u00cele (primer barrio declarado Patrimonio de la UNESCO)\" class=\"wp-image-413208\" title=\"\" srcset=\"https:\/\/loudavymkrokem.cz\/wp-content\/uploads\/2026\/09\/grande-le.jpg 1600w, https:\/\/loudavymkrokem.cz\/wp-content\/uploads\/2026\/09\/grande-le-200x300.jpg 200w, https:\/\/loudavymkrokem.cz\/wp-content\/uploads\/2026\/09\/grande-le-700x1050.jpg 700w, https:\/\/loudavymkrokem.cz\/wp-content\/uploads\/2026\/09\/grande-le-768x1152.jpg 768w, https:\/\/loudavymkrokem.cz\/wp-content\/uploads\/2026\/09\/grande-le-1024x1536.jpg 1024w, https:\/\/loudavymkrokem.cz\/wp-content\/uploads\/2026\/09\/grande-le-1365x2048.jpg 1365w, https:\/\/loudavymkrokem.cz\/wp-content\/uploads\/2026\/09\/grande-le-696x1044.jpg 696w, https:\/\/loudavymkrokem.cz\/wp-content\/uploads\/2026\/09\/grande-le-1392x2088.jpg 1392w\" sizes=\"(max-width: 1600px) 100vw, 1600px\" \/><button\n\t\t\tclass=\"lightbox-trigger\"\n\t\t\ttype=\"button\"\n\t\t\taria-haspopup=\"dialog\"\n\t\t\tdata-wp-bind--aria-label=\"state.thisImage.triggerButtonAriaLabel\"\n\t\t\tdata-wp-init=\"callbacks.initTriggerButton\"\n\t\t\tdata-wp-on--click=\"actions.showLightbox\"\n\t\t\tdata-wp-style--right=\"state.thisImage.buttonRight\"\n\t\t\tdata-wp-style--top=\"state.thisImage.buttonTop\"\n\t\t>\n\t\t\t<svg xmlns=\"http:\/\/www.w3.org\/2000\/svg\" width=\"12\" height=\"12\" fill=\"none\" viewBox=\"0 0 12 12\">\n\t\t\t\t<path fill=\"#fff\" d=\"M2 0a2 2 0 0 0-2 2v2h1.5V2a.5.5 0 0 1 .5-.5h2V0H2Zm2 10.5H2a.5.5 0 0 1-.5-.5V8H0v2a2 2 0 0 0 2 2h2v-1.5ZM8 12v-1.5h2a.5.5 0 0 0 .5-.5V8H12v2a2 2 0 0 1-2 2H8Zm2-12a2 2 0 0 1 2 2v2h-1.5V2a.5.5 0 0 0-.5-.5H8V0h2Z\" \/>\n\t\t\t<\/svg>\n\t\t<\/button><figcaption class=\"wp-element-caption\">Foto: Alberto Belli \/ Google Maps<\/figcaption><\/figure>\n\n\n\n<h3 class=\"wp-block-heading\"><span class=\"ez-toc-section\" id=\"11_Grande_Ile_el_primer_barrio_Patrimonio_de_la_UNESCO\"><\/span>11. Grande \u00cele (el primer barrio Patrimonio de la UNESCO)<span class=\"ez-toc-section-end\"><\/span><\/h3>\n\n\n\n<p class=\"wp-block-paragraph\">El n\u00facleo hist\u00f3rico de Estrasburgo se extiende sobre la preciosa isla de la Grande \u00cele, rodeada perezosamente por dos brazos del r\u00edo Ill. Esta isla es una aut\u00e9ntica singularidad mundial, porque <strong>en 1988 fue inscrita en la lista del Patrimonio Mundial de la UNESCO como el primer barrio urbano completo<\/strong> de la historia. No es de extra\u00f1ar, porque la concentraci\u00f3n de preciosos monumentos hist\u00f3ricos en un espacio tan peque\u00f1o es aqu\u00ed verdaderamente excepcional.<\/p>\n\n\n\n<p class=\"wp-block-paragraph\">Durante un paseo pausado por la isla te topar\u00e1s con un ejemplo perfecto de c\u00f3mo la ciudad fue evolucionando de forma fluida desde la Edad Media, pasando por el Renacimiento, hasta el elegante clasicismo. <strong>Las casas de tejados inusualmente altos y empinados, con multitud de buhardillas que originalmente serv\u00edan para secar pieles de animales y almacenar grano<\/strong>, se alternan con palacios se\u00f1oriales y pintorescas placitas escondidas. Todo est\u00e1 conectado, adem\u00e1s, por una red de estrechas callejuelas empedradas que invitan a un rom\u00e1ntico deambular sin rumbo.<\/p>\n\n\n\n<p class=\"wp-block-paragraph\">La mejor manera de explorar la isla es, simplemente, salir sin plan. Aqu\u00ed, en realidad, ni siquiera puedes perderte. <strong>En cada esquina descubrir\u00e1s alg\u00fan detalle arquitect\u00f3nico interesante<\/strong>, un patio verde oculto o una peque\u00f1a panader\u00eda que huele a pan reci\u00e9n horneado. Puedes recorrer toda la isla a pie c\u00f3modamente en una agradable tarde.<\/p>\n\n\n\n<figure data-wp-context=\"{&quot;imageId&quot;:&quot;6a9d0c0101ee5&quot;}\" data-wp-interactive=\"core\/image\" data-wp-key=\"6a9d0c0101ee5\" class=\"wp-block-image size-full wp-lightbox-container\"><img decoding=\"async\" width=\"1440\" height=\"1080\" data-wp-class--hide=\"state.isContentHidden\" data-wp-class--show=\"state.isContentVisible\" data-wp-init=\"callbacks.setButtonStyles\" data-wp-on--click=\"actions.showLightbox\" data-wp-on--load=\"callbacks.setButtonStyles\" data-wp-on--pointerdown=\"actions.preloadImage\" data-wp-on--pointerenter=\"actions.preloadImageWithDelay\" data-wp-on--pointerleave=\"actions.cancelPreload\" data-wp-on-window--resize=\"callbacks.setButtonStyles\" src=\"https:\/\/loudavymkrokem.cz\/wp-content\/uploads\/2026\/09\/neustadt.jpg\" alt=\"Neustadt (el barrio imperial alem\u00e1n)\" class=\"wp-image-413212\" title=\"\" srcset=\"https:\/\/loudavymkrokem.cz\/wp-content\/uploads\/2026\/09\/neustadt.jpg 1440w, https:\/\/loudavymkrokem.cz\/wp-content\/uploads\/2026\/09\/neustadt-300x225.jpg 300w, https:\/\/loudavymkrokem.cz\/wp-content\/uploads\/2026\/09\/neustadt-700x525.jpg 700w, https:\/\/loudavymkrokem.cz\/wp-content\/uploads\/2026\/09\/neustadt-768x576.jpg 768w, https:\/\/loudavymkrokem.cz\/wp-content\/uploads\/2026\/09\/neustadt-80x60.jpg 80w, https:\/\/loudavymkrokem.cz\/wp-content\/uploads\/2026\/09\/neustadt-160x120.jpg 160w, https:\/\/loudavymkrokem.cz\/wp-content\/uploads\/2026\/09\/neustadt-696x522.jpg 696w, https:\/\/loudavymkrokem.cz\/wp-content\/uploads\/2026\/09\/neustadt-1392x1044.jpg 1392w\" sizes=\"(max-width: 1440px) 100vw, 1440px\" \/><button\n\t\t\tclass=\"lightbox-trigger\"\n\t\t\ttype=\"button\"\n\t\t\taria-haspopup=\"dialog\"\n\t\t\tdata-wp-bind--aria-label=\"state.thisImage.triggerButtonAriaLabel\"\n\t\t\tdata-wp-init=\"callbacks.initTriggerButton\"\n\t\t\tdata-wp-on--click=\"actions.showLightbox\"\n\t\t\tdata-wp-style--right=\"state.thisImage.buttonRight\"\n\t\t\tdata-wp-style--top=\"state.thisImage.buttonTop\"\n\t\t>\n\t\t\t<svg xmlns=\"http:\/\/www.w3.org\/2000\/svg\" width=\"12\" height=\"12\" fill=\"none\" viewBox=\"0 0 12 12\">\n\t\t\t\t<path fill=\"#fff\" d=\"M2 0a2 2 0 0 0-2 2v2h1.5V2a.5.5 0 0 1 .5-.5h2V0H2Zm2 10.5H2a.5.5 0 0 1-.5-.5V8H0v2a2 2 0 0 0 2 2h2v-1.5ZM8 12v-1.5h2a.5.5 0 0 0 .5-.5V8H12v2a2 2 0 0 1-2 2H8Zm2-12a2 2 0 0 1 2 2v2h-1.5V2a.5.5 0 0 0-.5-.5H8V0h2Z\" \/>\n\t\t\t<\/svg>\n\t\t<\/button><figcaption class=\"wp-element-caption\">Foto: M. E. \/ Google Maps<\/figcaption><\/figure>\n\n\n\n<h3 class=\"wp-block-heading\"><span class=\"ez-toc-section\" id=\"12_Neustadt_el_barrio_imperial_aleman\"><\/span>12. Neustadt (el barrio imperial alem\u00e1n)<span class=\"ez-toc-section-end\"><\/span><\/h3>\n\n\n\n<p class=\"wp-block-paragraph\">Despu\u00e9s de que la ciudad fuera anexionada por la fuerza al Imperio alem\u00e1n a finales del siglo XIX, los alemanes decidieron construir un barrio completamente nuevo y muy representativo que mostrara su poder de entonces y su inmensa riqueza. As\u00ed naci\u00f3 el Neustadt, es decir, la Ciudad Nueva, que <strong>desde 2017 se convirti\u00f3 en otra ampliaci\u00f3n oficial de la inscripci\u00f3n en la prestigiosa lista de la UNESCO<\/strong>. Este barrio supone un contraste absoluto y fascinante con las estrechas callejuelas del casco antiguo.<\/p>\n\n\n\n<p class=\"wp-block-paragraph\">Aqu\u00ed encontrar\u00e1s <strong>enormes y anch\u00edsimos bulevares flanqueados por \u00e1rboles crecidos, gigantescas plazas circulares y monumentales edificios p\u00fablicos<\/strong> construidos en una peculiar mezcla de neog\u00f3tico, neorrenacimiento y ornamentado modernismo. El punto central de todo este suntuoso barrio es la Place de la R\u00e9publique, con el edificio del Teatro Nacional y una impresionante biblioteca universitaria que corta la respiraci\u00f3n.<\/p>\n\n\n\n<p class=\"wp-block-paragraph\">Un paseo por este tranquilo barrio te <strong>ilustra a la perfecci\u00f3n esa doble identidad de Estrasburgo tantas veces mencionada<\/strong>, cuando pasas de la t\u00edpica Edad Media francesa al urbanismo alem\u00e1n de manual de finales del siglo XIX. Muchas casas residenciales tienen aqu\u00ed preciosas fachadas modernistas con una rica decoraci\u00f3n floral que sin duda merecen que las explores m\u00e1s de cerca, c\u00e1mara en mano.<\/p>\n\n\n\n<figure data-wp-context=\"{&quot;imageId&quot;:&quot;6a9d0c010258e&quot;}\" data-wp-interactive=\"core\/image\" data-wp-key=\"6a9d0c010258e\" class=\"wp-block-image size-full wp-lightbox-container\"><img decoding=\"async\" width=\"1600\" height=\"1200\" data-wp-class--hide=\"state.isContentHidden\" data-wp-class--show=\"state.isContentVisible\" data-wp-init=\"callbacks.setButtonStyles\" data-wp-on--click=\"actions.showLightbox\" data-wp-on--load=\"callbacks.setButtonStyles\" data-wp-on--pointerdown=\"actions.preloadImage\" data-wp-on--pointerenter=\"actions.preloadImageWithDelay\" data-wp-on--pointerleave=\"actions.cancelPreload\" data-wp-on-window--resize=\"callbacks.setButtonStyles\" src=\"https:\/\/loudavymkrokem.cz\/wp-content\/uploads\/2026\/09\/place-kl-ber.jpg\" alt=\"Place Kl\u00e9ber\" class=\"wp-image-413217\" title=\"\" srcset=\"https:\/\/loudavymkrokem.cz\/wp-content\/uploads\/2026\/09\/place-kl-ber.jpg 1600w, https:\/\/loudavymkrokem.cz\/wp-content\/uploads\/2026\/09\/place-kl-ber-300x225.jpg 300w, https:\/\/loudavymkrokem.cz\/wp-content\/uploads\/2026\/09\/place-kl-ber-700x525.jpg 700w, https:\/\/loudavymkrokem.cz\/wp-content\/uploads\/2026\/09\/place-kl-ber-768x576.jpg 768w, https:\/\/loudavymkrokem.cz\/wp-content\/uploads\/2026\/09\/place-kl-ber-1536x1152.jpg 1536w, https:\/\/loudavymkrokem.cz\/wp-content\/uploads\/2026\/09\/place-kl-ber-80x60.jpg 80w, https:\/\/loudavymkrokem.cz\/wp-content\/uploads\/2026\/09\/place-kl-ber-160x120.jpg 160w, https:\/\/loudavymkrokem.cz\/wp-content\/uploads\/2026\/09\/place-kl-ber-696x522.jpg 696w, https:\/\/loudavymkrokem.cz\/wp-content\/uploads\/2026\/09\/place-kl-ber-1392x1044.jpg 1392w\" sizes=\"(max-width: 1600px) 100vw, 1600px\" \/><button\n\t\t\tclass=\"lightbox-trigger\"\n\t\t\ttype=\"button\"\n\t\t\taria-haspopup=\"dialog\"\n\t\t\tdata-wp-bind--aria-label=\"state.thisImage.triggerButtonAriaLabel\"\n\t\t\tdata-wp-init=\"callbacks.initTriggerButton\"\n\t\t\tdata-wp-on--click=\"actions.showLightbox\"\n\t\t\tdata-wp-style--right=\"state.thisImage.buttonRight\"\n\t\t\tdata-wp-style--top=\"state.thisImage.buttonTop\"\n\t\t>\n\t\t\t<svg xmlns=\"http:\/\/www.w3.org\/2000\/svg\" width=\"12\" height=\"12\" fill=\"none\" viewBox=\"0 0 12 12\">\n\t\t\t\t<path fill=\"#fff\" d=\"M2 0a2 2 0 0 0-2 2v2h1.5V2a.5.5 0 0 1 .5-.5h2V0H2Zm2 10.5H2a.5.5 0 0 1-.5-.5V8H0v2a2 2 0 0 0 2 2h2v-1.5ZM8 12v-1.5h2a.5.5 0 0 0 .5-.5V8H12v2a2 2 0 0 1-2 2H8Zm2-12a2 2 0 0 1 2 2v2h-1.5V2a.5.5 0 0 0-.5-.5H8V0h2Z\" \/>\n\t\t\t<\/svg>\n\t\t<\/button><figcaption class=\"wp-element-caption\">Foto: Curzio Pinnelli \/ Google Maps<\/figcaption><\/figure>\n\n\n\n<h3 class=\"wp-block-heading\"><span class=\"ez-toc-section\" id=\"13_Place_Kleber\"><\/span>13. Place Kl\u00e9ber<span class=\"ez-toc-section-end\"><\/span><\/h3>\n\n\n\n<p class=\"wp-block-paragraph\">La plaza principal y de mayor superficie de todo el centro es la Place Kl\u00e9ber, que sirve fielmente como punto de encuentro natural de todos los habitantes locales. Todo el enorme espacio funciona como una <strong>amplia zona peatonal rodeada de bonitos edificios hist\u00f3ricos<\/strong> en los que hoy tienen su sede tiendas de lujosas marcas mundiales, espaciosas cafeter\u00edas y afamados restaurantes. La plaza lleva el nombre del c\u00e9lebre general Jean-Baptiste Kl\u00e9ber, cuya estatua de bronce se alza justo en el centro y bajo la cual reposan, de hecho, sus restos reales.<\/p>\n\n\n\n<p class=\"wp-block-paragraph\">Esta plaza est\u00e1 realmente llena de vida incesante durante todo el a\u00f1o. Los locales vienen aqu\u00ed a comprar, a tomar el caf\u00e9 de la tarde o a ver a los m\u00e1s diversos artistas callejeros. <strong>El edificio m\u00e1s bonito de la plaza es, sin duda, el Aubette<\/strong>, un palacio clasicista del siglo XVIII que en el pasado sirvi\u00f3 de cuartel militar y que hoy alberga una galer\u00eda comercial y salas hist\u00f3ricas con una singular decoraci\u00f3n vanguardista de los a\u00f1os veinte del siglo XX.<\/p>\n\n\n\n<p class=\"wp-block-paragraph\">En la \u00e9poca de Adviento, la plaza se transforma m\u00e1gicamente en el epicentro absoluto de la actividad, porque precisamente <strong>aqu\u00ed se levanta con gran ceremonia el enorme y bellamente adornado \u00e1rbol de Navidad<\/strong>, uno de los mayores s\u00edmbolos de toda la ciudad. Pero incluso fuera del Adviento disfrutar\u00e1s aqu\u00ed a fondo del ambiente estupendo de una vibrante y moderna gran ciudad europea.<\/p>\n\n\n\n<figure data-wp-context=\"{&quot;imageId&quot;:&quot;6a9d0c0102d92&quot;}\" data-wp-interactive=\"core\/image\" data-wp-key=\"6a9d0c0102d92\" class=\"wp-block-image size-full wp-lightbox-container\"><img decoding=\"async\" width=\"1600\" height=\"1200\" data-wp-class--hide=\"state.isContentHidden\" data-wp-class--show=\"state.isContentVisible\" data-wp-init=\"callbacks.setButtonStyles\" data-wp-on--click=\"actions.showLightbox\" data-wp-on--load=\"callbacks.setButtonStyles\" data-wp-on--pointerdown=\"actions.preloadImage\" data-wp-on--pointerenter=\"actions.preloadImageWithDelay\" data-wp-on--pointerleave=\"actions.cancelPreload\" data-wp-on-window--resize=\"callbacks.setButtonStyles\" src=\"https:\/\/loudavymkrokem.cz\/wp-content\/uploads\/2026\/09\/parc-de-l-orangerie.jpg\" alt=\"Parc de l&#039;Orangerie\" class=\"wp-image-413221\" title=\"\" srcset=\"https:\/\/loudavymkrokem.cz\/wp-content\/uploads\/2026\/09\/parc-de-l-orangerie.jpg 1600w, https:\/\/loudavymkrokem.cz\/wp-content\/uploads\/2026\/09\/parc-de-l-orangerie-300x225.jpg 300w, https:\/\/loudavymkrokem.cz\/wp-content\/uploads\/2026\/09\/parc-de-l-orangerie-700x525.jpg 700w, https:\/\/loudavymkrokem.cz\/wp-content\/uploads\/2026\/09\/parc-de-l-orangerie-768x576.jpg 768w, https:\/\/loudavymkrokem.cz\/wp-content\/uploads\/2026\/09\/parc-de-l-orangerie-1536x1152.jpg 1536w, https:\/\/loudavymkrokem.cz\/wp-content\/uploads\/2026\/09\/parc-de-l-orangerie-80x60.jpg 80w, https:\/\/loudavymkrokem.cz\/wp-content\/uploads\/2026\/09\/parc-de-l-orangerie-160x120.jpg 160w, https:\/\/loudavymkrokem.cz\/wp-content\/uploads\/2026\/09\/parc-de-l-orangerie-696x522.jpg 696w, https:\/\/loudavymkrokem.cz\/wp-content\/uploads\/2026\/09\/parc-de-l-orangerie-1392x1044.jpg 1392w\" sizes=\"(max-width: 1600px) 100vw, 1600px\" \/><button\n\t\t\tclass=\"lightbox-trigger\"\n\t\t\ttype=\"button\"\n\t\t\taria-haspopup=\"dialog\"\n\t\t\tdata-wp-bind--aria-label=\"state.thisImage.triggerButtonAriaLabel\"\n\t\t\tdata-wp-init=\"callbacks.initTriggerButton\"\n\t\t\tdata-wp-on--click=\"actions.showLightbox\"\n\t\t\tdata-wp-style--right=\"state.thisImage.buttonRight\"\n\t\t\tdata-wp-style--top=\"state.thisImage.buttonTop\"\n\t\t>\n\t\t\t<svg xmlns=\"http:\/\/www.w3.org\/2000\/svg\" width=\"12\" height=\"12\" fill=\"none\" viewBox=\"0 0 12 12\">\n\t\t\t\t<path fill=\"#fff\" d=\"M2 0a2 2 0 0 0-2 2v2h1.5V2a.5.5 0 0 1 .5-.5h2V0H2Zm2 10.5H2a.5.5 0 0 1-.5-.5V8H0v2a2 2 0 0 0 2 2h2v-1.5ZM8 12v-1.5h2a.5.5 0 0 0 .5-.5V8H12v2a2 2 0 0 1-2 2H8Zm2-12a2 2 0 0 1 2 2v2h-1.5V2a.5.5 0 0 0-.5-.5H8V0h2Z\" \/>\n\t\t\t<\/svg>\n\t\t<\/button><figcaption class=\"wp-element-caption\">Foto: dante coccia \/ Google Maps<\/figcaption><\/figure>\n\n\n\n<h3 class=\"wp-block-heading\"><span class=\"ez-toc-section\" id=\"14_Parc_de_lOrangerie\"><\/span>14. Parc de l&#8217;Orangerie<span class=\"ez-toc-section-end\"><\/span><\/h3>\n\n\n\n<p class=\"wp-block-paragraph\">Si en alg\u00fan momento quieres descansar del ruido de la gran ciudad y recargar energ\u00eda en la naturaleza, ve al Parc de l&#8217;Orangerie. Este impresionante parque, que data del siglo XVII, es el <strong>parque m\u00e1s grande y tambi\u00e9n el m\u00e1s antiguo de la ciudad<\/strong> y se encuentra muy cerca del moderno barrio europeo. Originalmente aqu\u00ed se cultivaban naranjos raros. \u00bfQui\u00e9n iba a decir que un d\u00eda saldr\u00eda de ah\u00ed el mayor parque de la ciudad?<\/p>\n\n\n\n<p class=\"wp-block-paragraph\">Hoy es un enorme y cuidado oasis de vegetaci\u00f3n con un amplio lago donde <strong>puedes alquilar una peque\u00f1a barca en los c\u00e1lidos meses de verano y pasear por la tranquila superficie del agua<\/strong>. El parque est\u00e1 atravesado por una densa red de anchos caminos de arena; te topar\u00e1s con preciosos parterres de flores, fuentes que murmuran e incluso un peque\u00f1o zoo. Adem\u00e1s, en el pabell\u00f3n del centro del parque hay un lujoso restaurante con una bonita terraza para una comida especial.<\/p>\n\n\n\n<p class=\"wp-block-paragraph\">\ud83d\udca1 Consejo: el parque es tambi\u00e9n el hogar de una enorme cantidad de cig\u00fce\u00f1as salvajes, s\u00edmbolo animal de toda Alsacia. <strong>Puedes observarlas libremente construyendo sus gigantescos nidos en lo alto de las copas de los \u00e1rboles<\/strong>, una experiencia que entusiasmar\u00e1 sin falta no solo a los m\u00e1s peque\u00f1os, sino tambi\u00e9n a los visitantes adultos.<\/p>\n\n\n\n<figure data-wp-context=\"{&quot;imageId&quot;:&quot;6a9d0c0103744&quot;}\" data-wp-interactive=\"core\/image\" data-wp-key=\"6a9d0c0103744\" class=\"wp-block-image size-full wp-lightbox-container\"><img decoding=\"async\" width=\"1600\" height=\"1183\" data-wp-class--hide=\"state.isContentHidden\" data-wp-class--show=\"state.isContentVisible\" data-wp-init=\"callbacks.setButtonStyles\" data-wp-on--click=\"actions.showLightbox\" data-wp-on--load=\"callbacks.setButtonStyles\" data-wp-on--pointerdown=\"actions.preloadImage\" data-wp-on--pointerenter=\"actions.preloadImageWithDelay\" data-wp-on--pointerleave=\"actions.cancelPreload\" data-wp-on-window--resize=\"callbacks.setButtonStyles\" src=\"https:\/\/loudavymkrokem.cz\/wp-content\/uploads\/2026\/09\/parc-de-l-toile.jpg\" alt=\"Parc de l&#039;\u00c9toile\" class=\"wp-image-413224\" title=\"\" srcset=\"https:\/\/loudavymkrokem.cz\/wp-content\/uploads\/2026\/09\/parc-de-l-toile.jpg 1600w, https:\/\/loudavymkrokem.cz\/wp-content\/uploads\/2026\/09\/parc-de-l-toile-300x222.jpg 300w, https:\/\/loudavymkrokem.cz\/wp-content\/uploads\/2026\/09\/parc-de-l-toile-700x518.jpg 700w, https:\/\/loudavymkrokem.cz\/wp-content\/uploads\/2026\/09\/parc-de-l-toile-768x568.jpg 768w, https:\/\/loudavymkrokem.cz\/wp-content\/uploads\/2026\/09\/parc-de-l-toile-1536x1136.jpg 1536w, https:\/\/loudavymkrokem.cz\/wp-content\/uploads\/2026\/09\/parc-de-l-toile-80x60.jpg 80w, https:\/\/loudavymkrokem.cz\/wp-content\/uploads\/2026\/09\/parc-de-l-toile-696x515.jpg 696w, https:\/\/loudavymkrokem.cz\/wp-content\/uploads\/2026\/09\/parc-de-l-toile-1392x1029.jpg 1392w\" sizes=\"(max-width: 1600px) 100vw, 1600px\" \/><button\n\t\t\tclass=\"lightbox-trigger\"\n\t\t\ttype=\"button\"\n\t\t\taria-haspopup=\"dialog\"\n\t\t\tdata-wp-bind--aria-label=\"state.thisImage.triggerButtonAriaLabel\"\n\t\t\tdata-wp-init=\"callbacks.initTriggerButton\"\n\t\t\tdata-wp-on--click=\"actions.showLightbox\"\n\t\t\tdata-wp-style--right=\"state.thisImage.buttonRight\"\n\t\t\tdata-wp-style--top=\"state.thisImage.buttonTop\"\n\t\t>\n\t\t\t<svg xmlns=\"http:\/\/www.w3.org\/2000\/svg\" width=\"12\" height=\"12\" fill=\"none\" viewBox=\"0 0 12 12\">\n\t\t\t\t<path fill=\"#fff\" d=\"M2 0a2 2 0 0 0-2 2v2h1.5V2a.5.5 0 0 1 .5-.5h2V0H2Zm2 10.5H2a.5.5 0 0 1-.5-.5V8H0v2a2 2 0 0 0 2 2h2v-1.5ZM8 12v-1.5h2a.5.5 0 0 0 .5-.5V8H12v2a2 2 0 0 1-2 2H8Zm2-12a2 2 0 0 1 2 2v2h-1.5V2a.5.5 0 0 0-.5-.5H8V0h2Z\" \/>\n\t\t\t<\/svg>\n\t\t<\/button><figcaption class=\"wp-element-caption\">Foto: Zulfikar CEKIC \/ Google Maps<\/figcaption><\/figure>\n\n\n\n<h3 class=\"wp-block-heading\"><span class=\"ez-toc-section\" id=\"15_Parc_de_lEtoile\"><\/span>15. Parc de l&#8217;\u00c9toile<span class=\"ez-toc-section-end\"><\/span><\/h3>\n\n\n\n<p class=\"wp-block-paragraph\">Otro espacio verde muy interesante que sin duda merece tu visita es el Parc de l&#8217;\u00c9toile. Frente al estilo franc\u00e9s cl\u00e1sico y estrictamente sim\u00e9trico del Orangerie, este espacio est\u00e1 concebido de forma mucho m\u00e1s relajada y moderna. <strong>Aqu\u00ed encontrar\u00e1s amplias colinas de c\u00e9sped, pasarelas de madera y anchos caminos que bordean los canales<\/strong>, lo que lo convierte en un lugar enormemente popular para picnics y para la relajaci\u00f3n de tarde de los estudiantes de la cercana universidad.<\/p>\n\n\n\n<p class=\"wp-block-paragraph\">Una de las principales curiosidades art\u00edsticas de este parque es la <strong>estatua de bronce de Mahatma Gandhi<\/strong>, que el gobierno de la India regal\u00f3 oficialmente a la ciudad como s\u00edmbolo permanente de paz y no violencia. El parque funciona como un estupendo y verde nexo entre el centro hist\u00f3rico de la ciudad y los barrios del sur, m\u00e1s modernos, y gracias a la cantidad de bancos repartidos ofrece un lugar muy agradable para descansar.<\/p>\n\n\n\n<p class=\"wp-block-paragraph\">Todo el espacio es tambi\u00e9n muy popular entre los ciclistas y corredores locales, porque desde aqu\u00ed puedes enlazar sin problemas con la extensa red de carriles bici acondicionados que discurren junto a los canales hasta bien lejos de los l\u00edmites de la ciudad. <strong>Si tienes pensado alquilar una bici en la ciudad, te recomiendo empezar tu recorrido precisamente aqu\u00ed<\/strong>.<\/p>\n\n\n\n<figure data-wp-context=\"{&quot;imageId&quot;:&quot;6a9d0c0103ff9&quot;}\" data-wp-interactive=\"core\/image\" data-wp-key=\"6a9d0c0103ff9\" class=\"wp-block-image size-full wp-lightbox-container\"><img decoding=\"async\" width=\"1600\" height=\"1200\" data-wp-class--hide=\"state.isContentHidden\" data-wp-class--show=\"state.isContentVisible\" data-wp-init=\"callbacks.setButtonStyles\" data-wp-on--click=\"actions.showLightbox\" data-wp-on--load=\"callbacks.setButtonStyles\" data-wp-on--pointerdown=\"actions.preloadImage\" data-wp-on--pointerenter=\"actions.preloadImageWithDelay\" data-wp-on--pointerleave=\"actions.cancelPreload\" data-wp-on-window--resize=\"callbacks.setButtonStyles\" src=\"https:\/\/loudavymkrokem.cz\/wp-content\/uploads\/2026\/09\/palais-rohan.jpg\" alt=\"Palais Rohan\" class=\"wp-image-413228\" title=\"\" srcset=\"https:\/\/loudavymkrokem.cz\/wp-content\/uploads\/2026\/09\/palais-rohan.jpg 1600w, https:\/\/loudavymkrokem.cz\/wp-content\/uploads\/2026\/09\/palais-rohan-300x225.jpg 300w, https:\/\/loudavymkrokem.cz\/wp-content\/uploads\/2026\/09\/palais-rohan-700x525.jpg 700w, https:\/\/loudavymkrokem.cz\/wp-content\/uploads\/2026\/09\/palais-rohan-768x576.jpg 768w, https:\/\/loudavymkrokem.cz\/wp-content\/uploads\/2026\/09\/palais-rohan-1536x1152.jpg 1536w, https:\/\/loudavymkrokem.cz\/wp-content\/uploads\/2026\/09\/palais-rohan-80x60.jpg 80w, https:\/\/loudavymkrokem.cz\/wp-content\/uploads\/2026\/09\/palais-rohan-160x120.jpg 160w, https:\/\/loudavymkrokem.cz\/wp-content\/uploads\/2026\/09\/palais-rohan-696x522.jpg 696w, https:\/\/loudavymkrokem.cz\/wp-content\/uploads\/2026\/09\/palais-rohan-1392x1044.jpg 1392w\" sizes=\"(max-width: 1600px) 100vw, 1600px\" \/><button\n\t\t\tclass=\"lightbox-trigger\"\n\t\t\ttype=\"button\"\n\t\t\taria-haspopup=\"dialog\"\n\t\t\tdata-wp-bind--aria-label=\"state.thisImage.triggerButtonAriaLabel\"\n\t\t\tdata-wp-init=\"callbacks.initTriggerButton\"\n\t\t\tdata-wp-on--click=\"actions.showLightbox\"\n\t\t\tdata-wp-style--right=\"state.thisImage.buttonRight\"\n\t\t\tdata-wp-style--top=\"state.thisImage.buttonTop\"\n\t\t>\n\t\t\t<svg xmlns=\"http:\/\/www.w3.org\/2000\/svg\" width=\"12\" height=\"12\" fill=\"none\" viewBox=\"0 0 12 12\">\n\t\t\t\t<path fill=\"#fff\" d=\"M2 0a2 2 0 0 0-2 2v2h1.5V2a.5.5 0 0 1 .5-.5h2V0H2Zm2 10.5H2a.5.5 0 0 1-.5-.5V8H0v2a2 2 0 0 0 2 2h2v-1.5ZM8 12v-1.5h2a.5.5 0 0 0 .5-.5V8H12v2a2 2 0 0 1-2 2H8Zm2-12a2 2 0 0 1 2 2v2h-1.5V2a.5.5 0 0 0-.5-.5H8V0h2Z\" \/>\n\t\t\t<\/svg>\n\t\t<\/button><figcaption class=\"wp-element-caption\">Foto: Kent Wang \/ Google Maps<\/figcaption><\/figure>\n\n\n\n<h3 class=\"wp-block-heading\"><span class=\"ez-toc-section\" id=\"16_Palais_Rohan\"><\/span>16. Palais Rohan<span class=\"ez-toc-section-end\"><\/span><\/h3>\n\n\n\n<p class=\"wp-block-paragraph\">A un paso de la catedral principal se alza majestuoso el <a href=\"https:\/\/en.musees.strasbourg.eu\/palais-rohan\" target=\"_blank\" rel=\"nofollow noopener\">Palais Rohan<\/a>, un precioso y amplio palacio barroco del siglo XVIII que anta\u00f1o sirvi\u00f3 de suntuosa residencia a los obispos de Estrasburgo de la muy influyente familia Rohan. <strong>Esta imponente construcci\u00f3n se compara a menudo, por su belleza, con los palacios de Par\u00eds<\/strong>, y su noble fachada reflejada en las aguas del r\u00edo Ill figura entre las vistas m\u00e1s bonitas de la ciudad.<\/p>\n\n\n\n<p class=\"wp-block-paragraph\">Hoy este enorme palacio alberga nada menos que tres importantes museos de la ciudad, as\u00ed que todos los amantes del arte y la historia profunda encontrar\u00e1n aqu\u00ed lo suyo, seguro. <strong>En la planta baja tiene su sede el Museo de Artes Decorativas, con las estancias episcopales originales maravillosamente conservadas<\/strong>; en el s\u00f3tano encontrar\u00e1s el amplio Museo Arqueol\u00f3gico, y en la primera planta, el Museo de Bellas Artes, con una impactante colecci\u00f3n de pintura cl\u00e1sica europea.<\/p>\n\n\n\n<p class=\"wp-block-paragraph\">Aunque no seas precisamente un gran fan de las largas y exigentes visitas a museos, as\u00f3mate al menos al patio central; la entrada es gratuita y la fachada merece la pena. Aqu\u00ed podr\u00e1s admirar con calma la perfecta simetr\u00eda y la incre\u00edble ornamentaci\u00f3n de la cl\u00e1sica arquitectura palaciega francesa.<\/p>\n\n\n\n<figure data-wp-context=\"{&quot;imageId&quot;:&quot;6a9d0c0104884&quot;}\" data-wp-interactive=\"core\/image\" data-wp-key=\"6a9d0c0104884\" class=\"wp-block-image size-full wp-lightbox-container\"><img decoding=\"async\" width=\"1600\" height=\"1105\" data-wp-class--hide=\"state.isContentHidden\" data-wp-class--show=\"state.isContentVisible\" data-wp-init=\"callbacks.setButtonStyles\" data-wp-on--click=\"actions.showLightbox\" data-wp-on--load=\"callbacks.setButtonStyles\" data-wp-on--pointerdown=\"actions.preloadImage\" data-wp-on--pointerenter=\"actions.preloadImageWithDelay\" data-wp-on--pointerleave=\"actions.cancelPreload\" data-wp-on-window--resize=\"callbacks.setButtonStyles\" src=\"https:\/\/loudavymkrokem.cz\/wp-content\/uploads\/2026\/09\/strasbourg-museum-of-modern-and-contemporary-art.jpg\" alt=\"Museo de Arte Moderno y Contempor\u00e1neo de Estrasburgo (MAMCS)\" class=\"wp-image-413231\" title=\"\" srcset=\"https:\/\/loudavymkrokem.cz\/wp-content\/uploads\/2026\/09\/strasbourg-museum-of-modern-and-contemporary-art.jpg 1600w, https:\/\/loudavymkrokem.cz\/wp-content\/uploads\/2026\/09\/strasbourg-museum-of-modern-and-contemporary-art-300x207.jpg 300w, https:\/\/loudavymkrokem.cz\/wp-content\/uploads\/2026\/09\/strasbourg-museum-of-modern-and-contemporary-art-700x483.jpg 700w, https:\/\/loudavymkrokem.cz\/wp-content\/uploads\/2026\/09\/strasbourg-museum-of-modern-and-contemporary-art-768x530.jpg 768w, https:\/\/loudavymkrokem.cz\/wp-content\/uploads\/2026\/09\/strasbourg-museum-of-modern-and-contemporary-art-1536x1061.jpg 1536w, https:\/\/loudavymkrokem.cz\/wp-content\/uploads\/2026\/09\/strasbourg-museum-of-modern-and-contemporary-art-696x481.jpg 696w, https:\/\/loudavymkrokem.cz\/wp-content\/uploads\/2026\/09\/strasbourg-museum-of-modern-and-contemporary-art-1392x961.jpg 1392w\" sizes=\"(max-width: 1600px) 100vw, 1600px\" \/><button\n\t\t\tclass=\"lightbox-trigger\"\n\t\t\ttype=\"button\"\n\t\t\taria-haspopup=\"dialog\"\n\t\t\tdata-wp-bind--aria-label=\"state.thisImage.triggerButtonAriaLabel\"\n\t\t\tdata-wp-init=\"callbacks.initTriggerButton\"\n\t\t\tdata-wp-on--click=\"actions.showLightbox\"\n\t\t\tdata-wp-style--right=\"state.thisImage.buttonRight\"\n\t\t\tdata-wp-style--top=\"state.thisImage.buttonTop\"\n\t\t>\n\t\t\t<svg xmlns=\"http:\/\/www.w3.org\/2000\/svg\" width=\"12\" height=\"12\" fill=\"none\" viewBox=\"0 0 12 12\">\n\t\t\t\t<path fill=\"#fff\" d=\"M2 0a2 2 0 0 0-2 2v2h1.5V2a.5.5 0 0 1 .5-.5h2V0H2Zm2 10.5H2a.5.5 0 0 1-.5-.5V8H0v2a2 2 0 0 0 2 2h2v-1.5ZM8 12v-1.5h2a.5.5 0 0 0 .5-.5V8H12v2a2 2 0 0 1-2 2H8Zm2-12a2 2 0 0 1 2 2v2h-1.5V2a.5.5 0 0 0-.5-.5H8V0h2Z\" \/>\n\t\t\t<\/svg>\n\t\t<\/button><figcaption class=\"wp-element-caption\">Foto: Mus\u00e9e d&#8217;Art Moderne et Contemporain de Strasbourg \/ Google Maps<\/figcaption><\/figure>\n\n\n\n<h3 class=\"wp-block-heading\"><span class=\"ez-toc-section\" id=\"17_Museo_de_Arte_Moderno_y_Contemporaneo_de_Estrasburgo_MAMCS\"><\/span>17. Museo de Arte Moderno y Contempor\u00e1neo de Estrasburgo (MAMCS)<span class=\"ez-toc-section-end\"><\/span><\/h3>\n\n\n\n<p class=\"wp-block-paragraph\">Para todos los amantes del arte algo m\u00e1s moderno es una visita imprescindible la del Museo de Arte Moderno y Contempor\u00e1neo, que los locales llaman abreviadamente <a href=\"https:\/\/en.musees.strasbourg.eu\/mamcs\" target=\"_blank\" rel=\"nofollow noopener\">MAMCS<\/a>. Ya el propio edificio del museo es toda una experiencia arquitect\u00f3nica. <strong>Se trata de una enorme construcci\u00f3n acristalada situada justo a la orilla del r\u00edo<\/strong>, que crea un contraste visual fant\u00e1stico y muy fotog\u00e9nico con el cercano barrio hist\u00f3rico de la Petite France.<\/p>\n\n\n\n<p class=\"wp-block-paragraph\">Dentro te esperan colecciones de arte realmente amplias, desde finales del siglo XIX hasta la actualidad, <strong>incluida una riqu\u00edsima colecci\u00f3n de fotograf\u00eda y grabado modernos<\/strong>. Aqu\u00ed encontrar\u00e1s obras expuestas de maestros c\u00e9lebres como Kandinsky, Picasso o Monet, pero tambi\u00e9n se dedica un generoso espacio a instalaciones contempor\u00e1neas y a prometedores artistas locales alsacianos.<\/p>\n\n\n\n<p class=\"wp-block-paragraph\">\ud83d\udca1 Consejo: tras la larga visita a las exposiciones, no te pierdas por nada la cafeter\u00eda del museo, que se encuentra en la terraza abierta de la azotea. <strong>Desde aqu\u00ed se ofrece una de las vistas m\u00e1s bonitas y menos conocidas entre los turistas del centro hist\u00f3rico y las torres de los Ponts Couverts<\/strong>, y adem\u00e1s en absoluta calma, lejos de las principales multitudes tur\u00edsticas de las calles a tus pies.<\/p>\n\n\n\n<figure data-wp-context=\"{&quot;imageId&quot;:&quot;6a9d0c0104e37&quot;}\" data-wp-interactive=\"core\/image\" data-wp-key=\"6a9d0c0104e37\" class=\"wp-block-image size-full wp-lightbox-container\"><img decoding=\"async\" width=\"1600\" height=\"1066\" data-wp-class--hide=\"state.isContentHidden\" data-wp-class--show=\"state.isContentVisible\" data-wp-init=\"callbacks.setButtonStyles\" data-wp-on--click=\"actions.showLightbox\" data-wp-on--load=\"callbacks.setButtonStyles\" data-wp-on--pointerdown=\"actions.preloadImage\" data-wp-on--pointerenter=\"actions.preloadImageWithDelay\" data-wp-on--pointerleave=\"actions.cancelPreload\" data-wp-on-window--resize=\"callbacks.setButtonStyles\" src=\"https:\/\/loudavymkrokem.cz\/wp-content\/uploads\/2026\/09\/mus-e-alsacien.jpg\" alt=\"Mus\u00e9e Alsacien\" class=\"wp-image-413235\" title=\"\" srcset=\"https:\/\/loudavymkrokem.cz\/wp-content\/uploads\/2026\/09\/mus-e-alsacien.jpg 1600w, https:\/\/loudavymkrokem.cz\/wp-content\/uploads\/2026\/09\/mus-e-alsacien-300x200.jpg 300w, https:\/\/loudavymkrokem.cz\/wp-content\/uploads\/2026\/09\/mus-e-alsacien-700x466.jpg 700w, https:\/\/loudavymkrokem.cz\/wp-content\/uploads\/2026\/09\/mus-e-alsacien-768x512.jpg 768w, https:\/\/loudavymkrokem.cz\/wp-content\/uploads\/2026\/09\/mus-e-alsacien-1536x1023.jpg 1536w, https:\/\/loudavymkrokem.cz\/wp-content\/uploads\/2026\/09\/mus-e-alsacien-696x464.jpg 696w, https:\/\/loudavymkrokem.cz\/wp-content\/uploads\/2026\/09\/mus-e-alsacien-1392x927.jpg 1392w\" sizes=\"(max-width: 1600px) 100vw, 1600px\" \/><button\n\t\t\tclass=\"lightbox-trigger\"\n\t\t\ttype=\"button\"\n\t\t\taria-haspopup=\"dialog\"\n\t\t\tdata-wp-bind--aria-label=\"state.thisImage.triggerButtonAriaLabel\"\n\t\t\tdata-wp-init=\"callbacks.initTriggerButton\"\n\t\t\tdata-wp-on--click=\"actions.showLightbox\"\n\t\t\tdata-wp-style--right=\"state.thisImage.buttonRight\"\n\t\t\tdata-wp-style--top=\"state.thisImage.buttonTop\"\n\t\t>\n\t\t\t<svg xmlns=\"http:\/\/www.w3.org\/2000\/svg\" width=\"12\" height=\"12\" fill=\"none\" viewBox=\"0 0 12 12\">\n\t\t\t\t<path fill=\"#fff\" d=\"M2 0a2 2 0 0 0-2 2v2h1.5V2a.5.5 0 0 1 .5-.5h2V0H2Zm2 10.5H2a.5.5 0 0 1-.5-.5V8H0v2a2 2 0 0 0 2 2h2v-1.5ZM8 12v-1.5h2a.5.5 0 0 0 .5-.5V8H12v2a2 2 0 0 1-2 2H8Zm2-12a2 2 0 0 1 2 2v2h-1.5V2a.5.5 0 0 0-.5-.5H8V0h2Z\" \/>\n\t\t\t<\/svg>\n\t\t<\/button><figcaption class=\"wp-element-caption\">Foto: Bertrand Strasbourg \/ Google Maps<\/figcaption><\/figure>\n\n\n\n<h3 class=\"wp-block-heading\"><span class=\"ez-toc-section\" id=\"18_Musee_Alsacien\"><\/span>18. Mus\u00e9e Alsacien<span class=\"ez-toc-section-end\"><\/span><\/h3>\n\n\n\n<p class=\"wp-block-paragraph\">Si quieres adentrarte de verdad en el alma de esta regi\u00f3n, visita primero el <a href=\"https:\/\/en.musees.strasbourg.eu\/alsatian-museum\" target=\"_blank\" rel=\"nofollow noopener\">Mus\u00e9e Alsacien<\/a>. Se encuentra en varias casas hist\u00f3ricas de entramado conectadas entre s\u00ed y <strong>traza de forma maravillosa la vida popular tradicional alsaciana, las costumbres rurales y los oficios de la \u00e9poca<\/strong>. Todo est\u00e1 enmarcado en un entorno hist\u00f3rico absolutamente aut\u00e9ntico y ligeramente laber\u00edntico, lleno de escaleras de madera que crujen.<\/p>\n\n\n\n<p class=\"wp-block-paragraph\">Gracias a ello obtendr\u00e1s un contexto estupendo para lo que ver\u00e1s luego por las calles y comprender\u00e1s mejor c\u00f3mo viv\u00eda aqu\u00ed la gente. Descubrir\u00e1s qu\u00e9 oficios dominaban en la zona, ver\u00e1s los trajes t\u00edpicos y, de repente, la arquitectura de alrededor te resultar\u00e1 a\u00fan m\u00e1s l\u00f3gica.<\/p>\n\n\n\n<h2 class=\"wp-block-heading\"><span class=\"ez-toc-section\" id=\"Adonde_ir_desde_Estrasburgo\"><\/span>Ad\u00f3nde ir desde Estrasburgo<span class=\"ez-toc-section-end\"><\/span><\/h2>\n\n\n\n<p class=\"wp-block-paragraph\">Estrasburgo funciona como una <strong>base absolutamente ideal para descubrir toda Alsacia<\/strong>. En menos de una hora en coche llegar\u00e1s a pueblecitos de cuento que parecen decorados de una pel\u00edcula hist\u00f3rica. Si dispones de coche, <strong>no te pierdas por nada nuestra ruta en el art\u00edculo <a href=\"https:\/\/loudavymkrokem.cz\/es\/pueblos-mas-bonitos-alsacia\/\">La Ruta del Vino de Alsacia: los 12 pueblos m\u00e1s bonitos<\/a><\/strong>, donde describimos en detalle las paradas del recorrido por localidades como Riquewihr o Kaysersberg.<\/p>\n\n\n\n<p class=\"wp-block-paragraph\">Merece una visita aparte la capital del vino alsaciano, sobre la que escribimos largo y tendido en la gu\u00eda <a href=\"https:\/\/loudavymkrokem.cz\/es\/colmar-francia-venecia-francesa\/\">Colmar, Francia<\/a>. Es una versi\u00f3n m\u00e1s peque\u00f1a y a\u00fan m\u00e1s concentrada de Estrasburgo, con un impresionante barrio llamado la Peque\u00f1a Venecia.<\/p>\n\n\n\n<p class=\"wp-block-paragraph\">Cuando busques m\u00e1s inspiraci\u00f3n para excursiones por los alrededores, quiz\u00e1s en los mapas te topes con el \u00c9comus\u00e9e d&#8217;Alsace o el museo militar MM Park, pero no te confundas. El \u00c9comus\u00e9e est\u00e1 en Ungersheim, a unos sesenta kil\u00f3metros de la ciudad, y el MM Park lo encontrar\u00e1s en la localidad de La Wantzenau, as\u00ed que <strong>ambos lugares requieren m\u00e1s bien una excursi\u00f3n de medio d\u00eda o de d\u00eda entero en coche<\/strong> y desde luego no est\u00e1n a distancia caminable del centro de la ciudad.<\/p>\n\n\n\n<p class=\"wp-block-paragraph\">Si planeas descubrir el pa\u00eds del queso y el vino de forma m\u00e1s amplia, echa un vistazo a nuestro <a href=\"https:\/\/loudavymkrokem.cz\/es\/roadtrip-francia-itinerario-14-dias\/\">Roadtrip por Francia: itinerario de 14 d\u00edas<\/a>, donde encontrar\u00e1s un mont\u00f3n de consejos pr\u00e1cticos para los trayectos largos. Y si finalmente decidieras viajar a finales de a\u00f1o, no te olvides de asomarte a nuestro especial <a href=\"https:\/\/loudavymkrokem.cz\/es\/mercados-navidenos-estrasburgo-francia\/\">Mercados de Navidad de Estrasburgo<\/a>.<\/p>\n\n\n\n<h2 class=\"wp-block-heading\"><span class=\"ez-toc-section\" id=\"Preguntas_frecuentes\"><\/span>Preguntas frecuentes<span class=\"ez-toc-section-end\"><\/span><\/h2>\n\n\n<div id=\"rank-math-faq\" class=\"rank-math-block\">\n<div class=\"rank-math-list \">\n<div id=\"faq-question-1788283122000\" class=\"rank-math-list-item\">\n<h3 class=\"rank-math-question \"><span class=\"ez-toc-section\" id=\"%C2%BFCuando_se_celebran_los_mercados_navidenos_en_2026\"><\/span>\u00bfCu\u00e1ndo se celebran los mercados navide\u00f1os en 2026?<span class=\"ez-toc-section-end\"><\/span><\/h3>\n<div class=\"rank-math-answer \">\n\n<p>En 2026, los famosos mercados de Adviento se celebran desde el viernes 27 de noviembre hasta el domingo 27 de diciembre. Se extienden por once ubicaciones diferentes en todo el barrio hist\u00f3rico de Grande \u00cele, siendo los m\u00e1s conocidos y grandes los de la Place Broglie y la plaza principal Place Kl\u00e9ber.<\/p>\n\n<\/div>\n<\/div>\n<div id=\"faq-question-1788283122001\" class=\"rank-math-list-item\">\n<h3 class=\"rank-math-question \"><span class=\"ez-toc-section\" id=\"%C2%BFComo_funciona_el_sistema_de_aparcamiento_Park_and_Ride\"><\/span>\u00bfC\u00f3mo funciona el sistema de aparcamiento Park and Ride?<span class=\"ez-toc-section-end\"><\/span><\/h3>\n<div class=\"rank-math-answer \">\n\n<p>Es sin duda la forma m\u00e1s inteligente de llegar a la ciudad sin estr\u00e9s. Pagas una \u00fanica tarifa muy econ\u00f3mica por el aparcamiento de todo el d\u00eda en un parking disuasorio en las afueras de la ciudad. Por este precio, todos los pasajeros de tu coche reciben autom\u00e1ticamente un billete de ida y vuelta en tranv\u00eda directo al centro. As\u00ed ahorras mucho dinero en caros garajes subterr\u00e1neos y nervios serpenteando por estrechas calles de sentido \u00fanico.<\/p>\n\n<\/div>\n<\/div>\n<div id=\"faq-question-1788283122002\" class=\"rank-math-list-item\">\n<h3 class=\"rank-math-question \"><span class=\"ez-toc-section\" id=\"%C2%BFCuantos_dias_dedicar_a_la_visita_de_la_ciudad\"><\/span>\u00bfCu\u00e1ntos d\u00edas dedicar a la visita de la ciudad?<span class=\"ez-toc-section-end\"><\/span><\/h3>\n<div class=\"rank-math-answer \">\n\n<p>Para poder absorber la aut\u00e9ntica atm\u00f3sfera tranquila y recorrer todos los principales monumentos sin estr\u00e9s innecesario, recomiendo dedicar a la ciudad entre dos y tres d\u00edas completos. Si planeas visitar tambi\u00e9n los museos locales o las instalaciones del Parlamento Europeo, tres d\u00edas ser\u00e1n absolutamente ideales.<\/p>\n\n<\/div>\n<\/div>\n<div id=\"faq-question-1788283122003\" class=\"rank-math-list-item\">\n<h3 class=\"rank-math-question \"><span class=\"ez-toc-section\" id=\"%C2%BFLas_visitas_al_Parlamento_Europeo_tienen_coste\"><\/span>\u00bfLas visitas al Parlamento Europeo tienen coste?<span class=\"ez-toc-section-end\"><\/span><\/h3>\n<div class=\"rank-math-answer \">\n\n<p>No, las visitas para el p\u00fablico y la entrada al moderno centro interactivo Parlamentarium Simone Veil son totalmente gratuitas para todos los visitantes. Sin embargo, es necesario llevar un documento de identidad v\u00e1lido en forma de DNI o pasaporte y contar con la demora en los estrictos controles de seguridad en la entrada.<\/p>\n\n<\/div>\n<\/div>\n<div id=\"faq-question-1788283122004\" class=\"rank-math-list-item\">\n<h3 class=\"rank-math-question \"><span class=\"ez-toc-section\" id=\"%C2%BFCual_es_la_mejor_forma_de_moverse_por_el_centro_de_la_ciudad\"><\/span>\u00bfCu\u00e1l es la mejor forma de moverse por el centro de la ciudad?<span class=\"ez-toc-section-end\"><\/span><\/h3>\n<div class=\"rank-math-answer \">\n\n<p>El n\u00facleo hist\u00f3rico en la isla Grande \u00cele es bastante compacto y lo mejor es explorarlo a pie. Para desplazamientos m\u00e1s largos, por ejemplo al Parlamento Europeo o a parques m\u00e1s alejados, recomiendo utilizar el excelente sistema de tranv\u00edas, que cuenta con seis l\u00edneas que cubren de manera fiable toda la ciudad.<\/p>\n\n<\/div>\n<\/div>\n<div id=\"faq-question-1788283122005\" class=\"rank-math-list-item\">\n<h3 class=\"rank-math-question \"><span class=\"ez-toc-section\" id=\"%C2%BFEs_Estrasburgo_una_ciudad_cara\"><\/span>\u00bfEs Estrasburgo una ciudad cara?<span class=\"ez-toc-section-end\"><\/span><\/h3>\n<div class=\"rank-math-answer \">\n\n<p>Depende puramente de en qu\u00e9 fechas vayas. Durante los mercados de Adviento, los precios del alojamiento en el centro se disparan hasta alturas astron\u00f3micas. Pero si viajas fuera de diciembre, por ejemplo en enero o febrero, los precios de los hoteles caen a una fracci\u00f3n y la ciudad es totalmente comparable en precio con otros destinos europeos normales.<\/p>\n\n<\/div>\n<\/div>\n<div id=\"faq-question-1788283122006\" class=\"rank-math-list-item\">\n<h3 class=\"rank-math-question \"><span class=\"ez-toc-section\" id=\"%C2%BFEs_la_ciudad_adecuada_para_vegetarianos\"><\/span>\u00bfEs la ciudad adecuada para vegetarianos?<span class=\"ez-toc-section-end\"><\/span><\/h3>\n<div class=\"rank-math-answer \">\n\n<p>Sin duda alguna. Aunque la cocina alsaciana es conocida por sus platos de carne, los vegetarianos definitivamente no pasar\u00e1n hambre aqu\u00ed. En cada restaurante encontrar\u00e1s excelentes sp\u00e4tzle de queso, en las panader\u00edas huele el tradicional bretzel y por todas partes se ofrece la variante sin carne de la crujiente tarta flamb\u00e9e con queso y champi\u00f1ones.<\/p>\n\n<\/div>\n<\/div>\n<div id=\"faq-question-1788283122007\" class=\"rank-math-list-item\">\n<h3 class=\"rank-math-question \"><span class=\"ez-toc-section\" id=\"%C2%BFCuales_son_los_mejores_lugares_para_fotografiar\"><\/span>\u00bfCu\u00e1les son los mejores lugares para fotografiar?<span class=\"ez-toc-section-end\"><\/span><\/h3>\n<div class=\"rank-math-answer \">\n\n<p>Las fotograf\u00edas de postal m\u00e1s famosas las conseguir\u00e1s sin duda desde la terraza panor\u00e1mica en la hist\u00f3rica presa Barrage Vauban, desde donde se ven perfectamente los puentes de piedra Ponts Couverts y la majestuosa torre de la catedral. Otros lugares muy fotog\u00e9nicos se encuentran a lo largo de los canales de agua en el barrio hist\u00f3rico de Petite France.<\/p>\n\n<\/div>\n<\/div>\n<\/div>\n<\/div>\n","protected":false},"excerpt":{"rendered":"<p>Descubre Estrasburgo, en Francia, sin multitudes de turistas. Te cuento cu\u00e1ndo ir, d\u00f3nde est\u00e1n los mejores miradores gratuitos y c\u00f3mo disfrutar a fondo de esta encantadora ciudad alsaciana.<\/p>\n","protected":false},"author":3,"featured_media":413378,"comment_status":"open","ping_status":"open","sticky":false,"template":"","format":"standard","meta":{"_acf_changed":false,"footnotes":"","rank_math_title":"Estrasburgo (Francia): 18 lugares que ver","rank_math_description":"Gu\u00eda de Estrasburgo, Francia: 18 lugares que ver, cu\u00e1ndo ir, d\u00f3nde dormir y los mejores miradores gratuitos. \u00a1Planifica ya tu escapada a Alsacia!","rank_math_focus_keyword":"estrasburgo francia","rank_math_seo_score":""},"categories":[996,1009,980],"tags":[],"class_list":["post-418606","post","type-post","status-publish","format-standard","has-post-thumbnail","category-europa","category-francia","category-viajes"],"acf":[],"featured_image_src":"https:\/\/loudavymkrokem.cz\/wp-content\/uploads\/2026\/09\/strasburska-katedrala-7353a339.jpg","author_info":{"display_name":"Lucie Kone\u010dn\u00e1","author_link":"https:\/\/loudavymkrokem.cz\/es\/author\/lucie-konecna\/"},"_links":{"self":[{"href":"https:\/\/loudavymkrokem.cz\/es\/wp-json\/wp\/v2\/posts\/418606","targetHints":{"allow":["GET"]}}],"collection":[{"href":"https:\/\/loudavymkrokem.cz\/es\/wp-json\/wp\/v2\/posts"}],"about":[{"href":"https:\/\/loudavymkrokem.cz\/es\/wp-json\/wp\/v2\/types\/post"}],"author":[{"embeddable":true,"href":"https:\/\/loudavymkrokem.cz\/es\/wp-json\/wp\/v2\/users\/3"}],"replies":[{"embeddable":true,"href":"https:\/\/loudavymkrokem.cz\/es\/wp-json\/wp\/v2\/comments?post=418606"}],"version-history":[{"count":1,"href":"https:\/\/loudavymkrokem.cz\/es\/wp-json\/wp\/v2\/posts\/418606\/revisions"}],"predecessor-version":[{"id":418768,"href":"https:\/\/loudavymkrokem.cz\/es\/wp-json\/wp\/v2\/posts\/418606\/revisions\/418768"}],"wp:featuredmedia":[{"embeddable":true,"href":"https:\/\/loudavymkrokem.cz\/es\/wp-json\/wp\/v2\/media\/413378"}],"wp:attachment":[{"href":"https:\/\/loudavymkrokem.cz\/es\/wp-json\/wp\/v2\/media?parent=418606"}],"wp:term":[{"taxonomy":"category","embeddable":true,"href":"https:\/\/loudavymkrokem.cz\/es\/wp-json\/wp\/v2\/categories?post=418606"},{"taxonomy":"post_tag","embeddable":true,"href":"https:\/\/loudavymkrokem.cz\/es\/wp-json\/wp\/v2\/tags?post=418606"}],"curies":[{"name":"wp","href":"https:\/\/api.w.org\/{rel}","templated":true}]}}