{"id":418605,"date":"2026-09-05T09:32:23","date_gmt":"2026-09-05T07:32:23","guid":{"rendered":"https:\/\/loudavymkrokem.cz\/?p=418605"},"modified":"2026-09-06T02:56:18","modified_gmt":"2026-09-06T00:56:18","slug":"donde-dormir-viena-austria","status":"publish","type":"post","link":"https:\/\/loudavymkrokem.cz\/es\/donde-dormir-viena-austria\/","title":{"rendered":"D\u00f3nde dormir en Viena, Austria: 26 hoteles y barrios seguros en 2026"},"content":{"rendered":"\n<p class=\"wp-block-paragraph\">Viena, en Austria, es una capital tan bien conectada con Espa\u00f1a que se ha convertido en un <strong>destino ideal para escapadas de fin de semana<\/strong>. Pocas capitales europeas ofrecen una combinaci\u00f3n tan incre\u00edble de majestuosidad imperial, parques cuidados a la perfecci\u00f3n y una cultura de caf\u00e9 con la que puedes pasar tranquilamente toda una tarde. Luk\u00e1\u0161 y yo venimos aqu\u00ed con mucho gusto y a menudo, porque desde Madrid llegas en apenas unas horas de vuelo y siempre descubrimos algo nuevo.<\/p>\n\n\n\n<p class=\"wp-block-paragraph\">Al planificar el viaje quiz\u00e1 te est\u00e9s preguntando <strong>d\u00f3nde alojarte y cu\u00e1nto te va a costar<\/strong>. La metr\u00f3poli austriaca es enorme y a primera vista puede parecer que alojarse justo junto a la catedral de San Esteban es una absoluta necesidad. Pero es todo lo contrario, porque la ciudad tiene un <strong>sistema de transporte p\u00fablico genial<\/strong> que te lleva desde los barrios perif\u00e9ricos al centro en pocos minutos.<\/p>\n\n\n\n<p class=\"wp-block-paragraph\">He preparado para ti una gu\u00eda detallada de alojamiento basada en <strong>una investigaci\u00f3n minuciosa de las experiencias reales de otros viajeros<\/strong>. Encontrar\u00e1s recomendaciones de palacios ic\u00f3nicos para ocasiones especiales, pensiones familiares y hostales asequibles que <strong>no arruinar\u00e1n tu bolsillo<\/strong>. Repasaremos juntos los distintos distritos vieneses para que sepas exactamente qu\u00e9 zona encaja mejor con tu estilo de viaje.<\/p>\n\n\n\n<figure data-wp-context=\"{&quot;imageId&quot;:&quot;6a9ce1b812028&quot;}\" data-wp-interactive=\"core\/image\" data-wp-key=\"6a9ce1b812028\" class=\"wp-block-image size-full wp-lightbox-container\"><img decoding=\"async\" width=\"1600\" height=\"2133\" data-wp-class--hide=\"state.isContentHidden\" data-wp-class--show=\"state.isContentVisible\" data-wp-init=\"callbacks.setButtonStyles\" data-wp-on--click=\"actions.showLightbox\" data-wp-on--load=\"callbacks.setButtonStyles\" data-wp-on--pointerdown=\"actions.preloadImage\" data-wp-on--pointerenter=\"actions.preloadImageWithDelay\" data-wp-on--pointerleave=\"actions.cancelPreload\" data-wp-on-window--resize=\"callbacks.setButtonStyles\" src=\"https:\/\/loudavymkrokem.cz\/wp-content\/uploads\/2026\/08\/viden-neubau.jpg\" alt=\"Callejuelas del s\u00e9ptimo distrito vien\u00e9s, Neubau\" class=\"wp-image-407200\" title=\"\" srcset=\"https:\/\/loudavymkrokem.cz\/wp-content\/uploads\/2026\/08\/viden-neubau.jpg 1600w, https:\/\/loudavymkrokem.cz\/wp-content\/uploads\/2026\/08\/viden-neubau-225x300.jpg 225w, https:\/\/loudavymkrokem.cz\/wp-content\/uploads\/2026\/08\/viden-neubau-700x933.jpg 700w, https:\/\/loudavymkrokem.cz\/wp-content\/uploads\/2026\/08\/viden-neubau-768x1024.jpg 768w, https:\/\/loudavymkrokem.cz\/wp-content\/uploads\/2026\/08\/viden-neubau-1152x1536.jpg 1152w, https:\/\/loudavymkrokem.cz\/wp-content\/uploads\/2026\/08\/viden-neubau-1536x2048.jpg 1536w, https:\/\/loudavymkrokem.cz\/wp-content\/uploads\/2026\/08\/viden-neubau-696x928.jpg 696w, https:\/\/loudavymkrokem.cz\/wp-content\/uploads\/2026\/08\/viden-neubau-1392x1856.jpg 1392w\" sizes=\"(max-width: 1600px) 100vw, 1600px\" \/><button\n\t\t\tclass=\"lightbox-trigger\"\n\t\t\ttype=\"button\"\n\t\t\taria-haspopup=\"dialog\"\n\t\t\tdata-wp-bind--aria-label=\"state.thisImage.triggerButtonAriaLabel\"\n\t\t\tdata-wp-init=\"callbacks.initTriggerButton\"\n\t\t\tdata-wp-on--click=\"actions.showLightbox\"\n\t\t\tdata-wp-style--right=\"state.thisImage.buttonRight\"\n\t\t\tdata-wp-style--top=\"state.thisImage.buttonTop\"\n\t\t>\n\t\t\t<svg xmlns=\"http:\/\/www.w3.org\/2000\/svg\" width=\"12\" height=\"12\" fill=\"none\" viewBox=\"0 0 12 12\">\n\t\t\t\t<path fill=\"#fff\" d=\"M2 0a2 2 0 0 0-2 2v2h1.5V2a.5.5 0 0 1 .5-.5h2V0H2Zm2 10.5H2a.5.5 0 0 1-.5-.5V8H0v2a2 2 0 0 0 2 2h2v-1.5ZM8 12v-1.5h2a.5.5 0 0 0 .5-.5V8H12v2a2 2 0 0 1-2 2H8Zm2-12a2 2 0 0 1 2 2v2h-1.5V2a.5.5 0 0 0-.5-.5H8V0h2Z\" \/>\n\t\t\t<\/svg>\n\t\t<\/button><figcaption class=\"wp-element-caption\">Foto: Thorsten Schreiber \/ Google Maps<\/figcaption><\/figure>\n\n\n\n<div id=\"ez-toc-container\" class=\"ez-toc-v2_0_87 ez-toc-wrap-left counter-hierarchy ez-toc-counter ez-toc-grey ez-toc-container-direction\">\n<div class=\"ez-toc-title-container\">\n<p class=\"ez-toc-title\" style=\"cursor:inherit\">Contenido del art\u00edculo<\/p>\n<span class=\"ez-toc-title-toggle\"><a href=\"#\" class=\"ez-toc-pull-right ez-toc-btn ez-toc-btn-xs ez-toc-btn-default ez-toc-toggle\" aria-label=\"Alternar tabla de contenidos\"><span class=\"ez-toc-js-icon-con\"><span class=\"\"><span class=\"eztoc-hide\" style=\"display:none;\">Toggle<\/span><span class=\"ez-toc-icon-toggle-span\"><svg style=\"fill: #999;color:#999\" xmlns=\"http:\/\/www.w3.org\/2000\/svg\" class=\"list-377408\" width=\"20px\" height=\"20px\" viewBox=\"0 0 24 24\" fill=\"none\"><path d=\"M6 6H4v2h2V6zm14 0H8v2h12V6zM4 11h2v2H4v-2zm16 0H8v2h12v-2zM4 16h2v2H4v-2zm16 0H8v2h12v-2z\" fill=\"currentColor\"><\/path><\/svg><svg style=\"fill: #999;color:#999\" class=\"arrow-unsorted-368013\" xmlns=\"http:\/\/www.w3.org\/2000\/svg\" width=\"10px\" height=\"10px\" viewBox=\"0 0 24 24\" version=\"1.2\" baseProfile=\"tiny\"><path d=\"M18.2 9.3l-6.2-6.3-6.2 6.3c-.2.2-.3.4-.3.7s.1.5.3.7c.2.2.4.3.7.3h11c.3 0 .5-.1.7-.3.2-.2.3-.5.3-.7s-.1-.5-.3-.7zM5.8 14.7l6.2 6.3 6.2-6.3c.2-.2.3-.5.3-.7s-.1-.5-.3-.7c-.2-.2-.4-.3-.7-.3h-11c-.3 0-.5.1-.7.3-.2.2-.3.5-.3.7s.1.5.3.7z\"\/><\/svg><\/span><\/span><\/span><\/a><\/span><\/div>\n<nav><ul class='ez-toc-list ez-toc-list-level-1 ' ><ul class='ez-toc-list-level-3' ><li class='ez-toc-heading-level-3'><a class=\"ez-toc-link ez-toc-heading-1\" href=\"https:\/\/loudavymkrokem.cz\/es\/donde-dormir-viena-austria\/#Resumen\" >Resumen<\/a><\/li><\/ul><\/li><li class='ez-toc-page-1 ez-toc-heading-level-2'><a class=\"ez-toc-link ez-toc-heading-2\" href=\"https:\/\/loudavymkrokem.cz\/es\/donde-dormir-viena-austria\/#Que_zona_elegir_en_Viena\" >Qu\u00e9 zona elegir en Viena<\/a><\/li><li class='ez-toc-page-1 ez-toc-heading-level-2'><a class=\"ez-toc-link ez-toc-heading-3\" href=\"https:\/\/loudavymkrokem.cz\/es\/donde-dormir-viena-austria\/#Cuando_ir_y_cuando_reservar\" >Cu\u00e1ndo ir y cu\u00e1ndo reservar<\/a><\/li><li class='ez-toc-page-1 ez-toc-heading-level-2'><a class=\"ez-toc-link ez-toc-heading-4\" href=\"https:\/\/loudavymkrokem.cz\/es\/donde-dormir-viena-austria\/#Los_26_mejores_hoteles_de_Viena_Austria\" >Los 26 mejores hoteles de Viena, Austria<\/a><ul class='ez-toc-list-level-3' ><li class='ez-toc-heading-level-3'><a class=\"ez-toc-link ez-toc-heading-5\" href=\"https:\/\/loudavymkrokem.cz\/es\/donde-dormir-viena-austria\/#1_Hotel_Sacher_Vienna\" >1. Hotel Sacher Vienna<\/a><\/li><li class='ez-toc-page-1 ez-toc-heading-level-3'><a class=\"ez-toc-link ez-toc-heading-6\" href=\"https:\/\/loudavymkrokem.cz\/es\/donde-dormir-viena-austria\/#2_Hotel_Imperial\" >2. Hotel Imperial<\/a><\/li><li class='ez-toc-page-1 ez-toc-heading-level-3'><a class=\"ez-toc-link ez-toc-heading-7\" href=\"https:\/\/loudavymkrokem.cz\/es\/donde-dormir-viena-austria\/#3_Park_Hyatt_Vienna\" >3. Park Hyatt Vienna<\/a><\/li><li class='ez-toc-page-1 ez-toc-heading-level-3'><a class=\"ez-toc-link ez-toc-heading-8\" href=\"https:\/\/loudavymkrokem.cz\/es\/donde-dormir-viena-austria\/#4_The_Ritz-Carlton_Vienna\" >4. The Ritz-Carlton Vienna<\/a><\/li><li class='ez-toc-page-1 ez-toc-heading-level-3'><a class=\"ez-toc-link ez-toc-heading-9\" href=\"https:\/\/loudavymkrokem.cz\/es\/donde-dormir-viena-austria\/#5_Hotel_Bristol\" >5. Hotel Bristol<\/a><\/li><li class='ez-toc-page-1 ez-toc-heading-level-3'><a class=\"ez-toc-link ez-toc-heading-10\" href=\"https:\/\/loudavymkrokem.cz\/es\/donde-dormir-viena-austria\/#6_Rosewood_Vienna\" >6. Rosewood Vienna<\/a><\/li><li class='ez-toc-page-1 ez-toc-heading-level-3'><a class=\"ez-toc-link ez-toc-heading-11\" href=\"https:\/\/loudavymkrokem.cz\/es\/donde-dormir-viena-austria\/#7_Eurostars_Grand_Hotel_Wien\" >7. Eurostars Grand Hotel Wien<\/a><\/li><li class='ez-toc-page-1 ez-toc-heading-level-3'><a class=\"ez-toc-link ez-toc-heading-12\" href=\"https:\/\/loudavymkrokem.cz\/es\/donde-dormir-viena-austria\/#8_HOTEL_KAISERHOF_WIEN\" >8. HOTEL KAISERHOF WIEN<\/a><\/li><li class='ez-toc-page-1 ez-toc-heading-level-3'><a class=\"ez-toc-link ez-toc-heading-13\" href=\"https:\/\/loudavymkrokem.cz\/es\/donde-dormir-viena-austria\/#9_Cocoon_Wien_Westbahnhof_%E2%80%94_Boutiquehotel_Stadthalle\" >9. Cocoon Wien Westbahnhof \u2014 Boutiquehotel Stadthalle<\/a><\/li><li class='ez-toc-page-1 ez-toc-heading-level-3'><a class=\"ez-toc-link ez-toc-heading-14\" href=\"https:\/\/loudavymkrokem.cz\/es\/donde-dormir-viena-austria\/#10_Hotel_MOTTO\" >10. Hotel MOTTO<\/a><\/li><li class='ez-toc-page-1 ez-toc-heading-level-3'><a class=\"ez-toc-link ez-toc-heading-15\" href=\"https:\/\/loudavymkrokem.cz\/es\/donde-dormir-viena-austria\/#11_Altstadt_Vienna_an_SLH_Hotel\" >11. Altstadt Vienna, an SLH Hotel<\/a><\/li><li class='ez-toc-page-1 ez-toc-heading-level-3'><a class=\"ez-toc-link ez-toc-heading-16\" href=\"https:\/\/loudavymkrokem.cz\/es\/donde-dormir-viena-austria\/#12_Hotel_Beethoven_Wien\" >12. Hotel Beethoven Wien<\/a><\/li><li class='ez-toc-page-1 ez-toc-heading-level-3'><a class=\"ez-toc-link ez-toc-heading-17\" href=\"https:\/\/loudavymkrokem.cz\/es\/donde-dormir-viena-austria\/#13_magdas_HOTEL_Vienna_City\" >13. magdas HOTEL Vienna City<\/a><\/li><li class='ez-toc-page-1 ez-toc-heading-level-3'><a class=\"ez-toc-link ez-toc-heading-18\" href=\"https:\/\/loudavymkrokem.cz\/es\/donde-dormir-viena-austria\/#14_Hotel_am_Brillantengrund\" >14. Hotel am Brillantengrund<\/a><\/li><li class='ez-toc-page-1 ez-toc-heading-level-3'><a class=\"ez-toc-link ez-toc-heading-19\" href=\"https:\/\/loudavymkrokem.cz\/es\/donde-dormir-viena-austria\/#15_25hours_Hotel_Vienna_at_MuseumsQuartier\" >15. 25hours Hotel Vienna at MuseumsQuartier<\/a><\/li><li class='ez-toc-page-1 ez-toc-heading-level-3'><a class=\"ez-toc-link ez-toc-heading-20\" href=\"https:\/\/loudavymkrokem.cz\/es\/donde-dormir-viena-austria\/#16_Hotel_Am_Konzerthaus_%E2%80%94_MGallery\" >16. Hotel Am Konzerthaus \u2014 MGallery<\/a><\/li><li class='ez-toc-page-1 ez-toc-heading-level-3'><a class=\"ez-toc-link ez-toc-heading-21\" href=\"https:\/\/loudavymkrokem.cz\/es\/donde-dormir-viena-austria\/#17_Hotel_Gilbert\" >17. Hotel Gilbert<\/a><\/li><li class='ez-toc-page-1 ez-toc-heading-level-3'><a class=\"ez-toc-link ez-toc-heading-22\" href=\"https:\/\/loudavymkrokem.cz\/es\/donde-dormir-viena-austria\/#18_Hotel_Schani\" >18. Hotel Schani<\/a><\/li><li class='ez-toc-page-1 ez-toc-heading-level-3'><a class=\"ez-toc-link ez-toc-heading-23\" href=\"https:\/\/loudavymkrokem.cz\/es\/donde-dormir-viena-austria\/#19_Ruby_Marie_Hotel_Vienna\" >19. Ruby Marie Hotel Vienna<\/a><\/li><li class='ez-toc-page-1 ez-toc-heading-level-3'><a class=\"ez-toc-link ez-toc-heading-24\" href=\"https:\/\/loudavymkrokem.cz\/es\/donde-dormir-viena-austria\/#20_Hotel_Josefshof_am_Rathaus\" >20. Hotel Josefshof am Rathaus<\/a><\/li><li class='ez-toc-page-1 ez-toc-heading-level-3'><a class=\"ez-toc-link ez-toc-heading-25\" href=\"https:\/\/loudavymkrokem.cz\/es\/donde-dormir-viena-austria\/#21_Hotel_Rathauspark_Wien_%E2%80%94_Handwritten_Collection\" >21. Hotel Rathauspark Wien \u2014 Handwritten Collection<\/a><\/li><li class='ez-toc-page-1 ez-toc-heading-level-3'><a class=\"ez-toc-link ez-toc-heading-26\" href=\"https:\/\/loudavymkrokem.cz\/es\/donde-dormir-viena-austria\/#22_Ruby_Lissi_Hotel_Vienna\" >22. Ruby Lissi Hotel Vienna<\/a><\/li><li class='ez-toc-page-1 ez-toc-heading-level-3'><a class=\"ez-toc-link ez-toc-heading-27\" href=\"https:\/\/loudavymkrokem.cz\/es\/donde-dormir-viena-austria\/#23_Hotel_Zipser\" >23. Hotel Zipser<\/a><\/li><li class='ez-toc-page-1 ez-toc-heading-level-3'><a class=\"ez-toc-link ez-toc-heading-28\" href=\"https:\/\/loudavymkrokem.cz\/es\/donde-dormir-viena-austria\/#24_Vienna_Hostel_Ruthensteiner\" >24. Vienna Hostel Ruthensteiner<\/a><\/li><li class='ez-toc-page-1 ez-toc-heading-level-3'><a class=\"ez-toc-link ez-toc-heading-29\" href=\"https:\/\/loudavymkrokem.cz\/es\/donde-dormir-viena-austria\/#25_Wombats_City_Hostel_Vienna_Naschmarkt\" >25. Wombat&#8217;s City Hostel Vienna Naschmarkt<\/a><\/li><li class='ez-toc-page-1 ez-toc-heading-level-3'><a class=\"ez-toc-link ez-toc-heading-30\" href=\"https:\/\/loudavymkrokem.cz\/es\/donde-dormir-viena-austria\/#26_MEININGER_Hotel_Wien_Downtown_Sissi\" >26. MEININGER Hotel Wien Downtown Sissi<\/a><\/li><\/ul><\/li><li class='ez-toc-page-1 ez-toc-heading-level-2'><a class=\"ez-toc-link ez-toc-heading-31\" href=\"https:\/\/loudavymkrokem.cz\/es\/donde-dormir-viena-austria\/#Como_elegir_el_hotel_adecuado_en_Viena_Austria\" >C\u00f3mo elegir el hotel adecuado en Viena, Austria<\/a><\/li><li class='ez-toc-page-1 ez-toc-heading-level-2'><a class=\"ez-toc-link ez-toc-heading-32\" href=\"https:\/\/loudavymkrokem.cz\/es\/donde-dormir-viena-austria\/#Que_mas_ver_en_Viena_Austria\" >Qu\u00e9 m\u00e1s ver en Viena, Austria<\/a><\/li><li class='ez-toc-page-1 ez-toc-heading-level-2'><a class=\"ez-toc-link ez-toc-heading-33\" href=\"https:\/\/loudavymkrokem.cz\/es\/donde-dormir-viena-austria\/#Preguntas_frecuentes\" >Preguntas frecuentes<\/a><ul class='ez-toc-list-level-3' ><li class='ez-toc-heading-level-3'><a class=\"ez-toc-link ez-toc-heading-34\" href=\"https:\/\/loudavymkrokem.cz\/es\/donde-dormir-viena-austria\/#%C2%BFTengo_que_alojarme_directamente_en_el_centro_de_Viena\" >\u00bfTengo que alojarme directamente en el centro de Viena?<\/a><\/li><li class='ez-toc-page-1 ez-toc-heading-level-3'><a class=\"ez-toc-link ez-toc-heading-35\" href=\"https:\/\/loudavymkrokem.cz\/es\/donde-dormir-viena-austria\/#%C2%BFDonde_alojarse_cuando_viajo_a_los_mercados_navidenos\" >\u00bfD\u00f3nde alojarse cuando viajo a los mercados navide\u00f1os?<\/a><\/li><li class='ez-toc-page-1 ez-toc-heading-level-3'><a class=\"ez-toc-link ez-toc-heading-36\" href=\"https:\/\/loudavymkrokem.cz\/es\/donde-dormir-viena-austria\/#%C2%BFComo_es_el_aparcamiento_en_el_hotel_en_Viena\" >\u00bfC\u00f3mo es el aparcamiento en el hotel en Viena?<\/a><\/li><li class='ez-toc-page-1 ez-toc-heading-level-3'><a class=\"ez-toc-link ez-toc-heading-37\" href=\"https:\/\/loudavymkrokem.cz\/es\/donde-dormir-viena-austria\/#%C2%BFSon_caros_los_hoteles_en_Viena\" >\u00bfSon caros los hoteles en Viena?<\/a><\/li><li class='ez-toc-page-1 ez-toc-heading-level-3'><a class=\"ez-toc-link ez-toc-heading-38\" href=\"https:\/\/loudavymkrokem.cz\/es\/donde-dormir-viena-austria\/#%C2%BFQue_barrio_vienes_es_el_mejor_para_los_amantes_de_la_comida\" >\u00bfQu\u00e9 barrio vien\u00e9s es el mejor para los amantes de la comida?<\/a><\/li><li class='ez-toc-page-1 ez-toc-heading-level-3'><a class=\"ez-toc-link ez-toc-heading-39\" href=\"https:\/\/loudavymkrokem.cz\/es\/donde-dormir-viena-austria\/#%C2%BFCuando_es_el_mejor_momento_para_reservar_hotel\" >\u00bfCu\u00e1ndo es el mejor momento para reservar hotel?<\/a><\/li><li class='ez-toc-page-1 ez-toc-heading-level-3'><a class=\"ez-toc-link ez-toc-heading-40\" href=\"https:\/\/loudavymkrokem.cz\/es\/donde-dormir-viena-austria\/#%C2%BFDonde_alojarse_en_Viena_con_ninos\" >\u00bfD\u00f3nde alojarse en Viena con ni\u00f1os?<\/a><\/li><\/ul><\/li><\/ul><\/nav><\/div>\n<h3 class=\"wp-block-heading\"><span class=\"ez-toc-section\" id=\"Resumen\"><\/span>Resumen<span class=\"ez-toc-section-end\"><\/span><\/h3>\n\n\n\n<ul class=\"wp-block-list\">\n\n<li><strong>Mejor relaci\u00f3n calidad-ubicaci\u00f3n:<\/strong> Si quieres vivir un ambiente realmente local, <strong>busca alojamiento en el distrito de Neubau<\/strong>, desde donde llegas caminando a los principales museos pero pagas una fracci\u00f3n del precio del centro.<\/li>\n\n\n\n<li><strong>Para los amantes del lujo:<\/strong> Una experiencia inolvidable llena de historia la ofrecen el legendario <strong>Hotel Sacher Vienna<\/strong> o el antiguo palacio <strong>Hotel Imperial<\/strong>, que satisfacen incluso a los hu\u00e9spedes m\u00e1s exigentes.<\/li>\n\n\n\n<li><strong>Mejor experiencia boutique:<\/strong> El mejor valorado con diferencia es el <strong>HOTEL KAISERHOF WIEN<\/strong>, pero tambi\u00e9n merece atenci\u00f3n el singular <strong>Altstadt Vienna<\/strong> con sus fant\u00e1sticos desayunos.<\/li>\n\n\n\n<li><strong>Alojamiento con historia:<\/strong> Apoya una buena causa y aloja\u00adte en el <strong>magdas HOTEL Vienna City<\/strong>, que emplea a personas con experiencia como refugiados, o prueba el antiguo monasterio <strong>Hotel am Brillantengrund<\/strong>.<\/li>\n\n\n\n<li><strong>Para familias con ni\u00f1os:<\/strong> Una gran opci\u00f3n es el tranquilo <strong>Hotel Zipser<\/strong>, en el silencioso distrito de Josefstadt, o bien los hoteles cerca del verde Prater, en Leopoldstadt.<\/li>\n\n\n\n<li><strong>Mejor para presupuestos ajustados:<\/strong> Mochileros y estudiantes adorar\u00e1n el <strong>Vienna Hostel Ruthensteiner<\/strong>, que ofrece un ambiente acogedor y excelentes instalaciones a precios m\u00ednimos.<\/li>\n\n\n\n<li><strong>Pr\u00e1ctico si viajas en coche:<\/strong> Elige hoteles cerca de las estaciones de Westbahnhof o Hauptbahnhof, como el <strong>Hotel Schani<\/strong>, donde evitar\u00e1s la complicada navegaci\u00f3n por el centro hist\u00f3rico.<\/li>\n\n\n<\/ul>\n\n\n\n\n<p class=\"wp-block-paragraph\"><em>\ud83d\udca1 El transporte p\u00fablico de Viena es tan bueno que desde los barrios perif\u00e9ricos llegas al centro en diez minutos: por eso merece la pena comparar tambi\u00e9n alojamientos fuera del Ring. <a href=\"https:\/\/www.stay22.com\/allez\/roam?aid=lukaskonecny&#038;campaign=loudavymkrokemcz&#038;campaign=kde-bydlet-ve-vidni&#038;address=V%C3%ADde%C5%88%2C%20Rakousko\" target=\"_blank\" rel=\"nofollow noopener sponsored\">En este mapa ver\u00e1s toda la oferta de una vez<\/a>, incluido cu\u00e1nto m\u00e1s barato es el s\u00e9ptimo o el octavo distrito.<\/em><\/p>\n\n\n\n<h2 class=\"wp-block-heading\"><span class=\"ez-toc-section\" id=\"Que_zona_elegir_en_Viena\"><\/span>Qu\u00e9 zona elegir en Viena<span class=\"ez-toc-section-end\"><\/span><\/h2>\n\n\n\n<p class=\"wp-block-paragraph\">Viena est\u00e1 dividida administrativamente en veintitr\u00e9s distritos numerados, a los que los locales llaman Bezirke. <strong>Conocer estos n\u00fameros es absolutamente clave<\/strong>, porque los encontrar\u00e1s en cada cartel de calle y te facilitar\u00e1n much\u00edsimo la orientaci\u00f3n al elegir hotel. Si est\u00e1s valorando tus opciones, recuerda que Viena es una de las pocas grandes ciudades europeas donde <strong>no tiene ning\u00fan sentido pagar cantidades exageradas por el centro hist\u00f3rico<\/strong>. La red de metro y tranv\u00edas es tan incre\u00edblemente densa y puntual que desde los barrios perif\u00e9ricos llegas directamente a Stephansplatz en apenas diez minutos. Gracias a ello puedes permitirte una habitaci\u00f3n mucho mejor y m\u00e1s interesante en el s\u00e9ptimo u octavo distrito por el precio de un alojamiento medio en el famoso Ring.<\/p>\n\n\n\n<p class=\"wp-block-paragraph\"><strong>1. Innere Stadt (primer distrito)<\/strong> es el coraz\u00f3n hist\u00f3rico absoluto de la ciudad, donde encontrar\u00e1s el majestuoso Hofburg, la \u00f3pera y la c\u00e9lebre calle comercial Graben. Es una <strong>opci\u00f3n estupenda para una primer\u00edsima visita<\/strong>, si dispones de muy poco tiempo y no te importa pagar m\u00e1s por la exclusividad. Pero ten en cuenta que aqu\u00ed los precios del alojamiento y de los restaurantes son con diferencia los m\u00e1s altos de toda la ciudad y por todas partes te topar\u00e1s con multitudes de turistas.<\/p>\n\n\n\n<p class=\"wp-block-paragraph\"><strong>7. Neubau<\/strong> es, seg\u00fan muchos viajeros y valoraciones independientes, el barrio con <strong>la mejor relaci\u00f3n entre ambiente general y precio<\/strong>. Aqu\u00ed vienen a pasar su tiempo libre los propios vieneses y encontrar\u00e1s decenas de cafeter\u00edas independientes y tiendas de dise\u00f1o. Una gran ventaja es tambi\u00e9n que tienes el enorme complejo cultural MuseumsQuartier literalmente a la vuelta de la esquina.<\/p>\n\n\n\n<p class=\"wp-block-paragraph\"><strong>6. Mariahilf<\/strong> limita directamente con Neubau y su arteria principal es la larga Mariahilfer Stra\u00dfe. Se trata de <strong>la calle comercial m\u00e1s larga y sin duda m\u00e1s conocida<\/strong> de toda Austria. Si el objetivo de tu viaje es sobre todo renovar el armario y quieres tener cerca el famoso mercado Naschmarkt, aqu\u00ed estar\u00e1s encantado.<\/p>\n\n\n\n<p class=\"wp-block-paragraph\"><strong>8. Josefstadt<\/strong> es el distrito m\u00e1s peque\u00f1o de Viena, que sin embargo ofrece al visitante atento <strong>una calma incre\u00edble y callejuelas tranquilas<\/strong> llenas de caf\u00e9s literarios tradicionales. Desde este precioso barrio residencial llegas con un paseo muy agradable directamente al espl\u00e9ndido ayuntamiento neog\u00f3tico.<\/p>\n\n\n\n<p class=\"wp-block-paragraph\"><strong>4. Wieden<\/strong>, en cambio, lo apreciar\u00e1n sobre todo los entusiastas de la gastronom\u00eda y los amantes de la buena comida. Se encuentra a un paso del famoso Naschmarkt y est\u00e1 literalmente <strong>salpicado de excelentes restaurantes modernos y bistr\u00f3s acogedores<\/strong>. En cuanto al transporte urbano, adem\u00e1s, es un punto muy estrat\u00e9gico con una conexi\u00f3n excelente a la red de metro.<\/p>\n\n\n\n<p class=\"wp-block-paragraph\"><strong>2. Leopoldstadt<\/strong> se extiende justo al otro lado del canal del centro hist\u00f3rico y su enorme ventaja es <strong>la cercan\u00eda del extenso y verde Prater de Viena, en Austria<\/strong>. Esto lo convierte en una opci\u00f3n fant\u00e1stica y muy buscada para familias con ni\u00f1os. Encontrar\u00e1s much\u00edsima zona verde, amplios bulevares y, por las tardes, un ambiente muy tranquilo.<\/p>\n\n\n\n<p class=\"wp-block-paragraph\"><strong>15. Distrito junto a Westbahnhof<\/strong> es una base ideal para todos los viajeros con presupuesto m\u00e1s ajustado. Tambi\u00e9n sirve estupendamente a quienes <strong>llegan a la metr\u00f3poli austriaca en su propio coche<\/strong>. Los hoteles de esta zona suelen ser claramente m\u00e1s baratos, ofrecen a menudo aparcamiento propio seguro y, gracias a la cercana estaci\u00f3n, en metro est\u00e1s en el centro en pocos minutos.<\/p>\n\n\n\n<h2 class=\"wp-block-heading\"><span class=\"ez-toc-section\" id=\"Cuando_ir_y_cuando_reservar\"><\/span>Cu\u00e1ndo ir y cu\u00e1ndo reservar<span class=\"ez-toc-section-end\"><\/span><\/h2>\n\n\n\n<p class=\"wp-block-paragraph\">El momento de tu visita influye enormemente en <strong>los precios finales del alojamiento que puedes esperar en los buscadores<\/strong>. La metr\u00f3poli austriaca es un destino muy popular durante todo el a\u00f1o, pero algunos meses est\u00e1n extremadamente saturados desde el punto de vista tur\u00edstico y requieren, por tanto, planificar con suficiente antelaci\u00f3n.<\/p>\n\n\n\n<p class=\"wp-block-paragraph\">El pico absoluto es <strong>el periodo de Adviento, desde finales de noviembre hasta finales de diciembre<\/strong>, cuando toda la ciudad se transforma m\u00e1gicamente en un reino invernal de cuento lleno de lucecitas. Los famosos mercados navide\u00f1os atraen a visitantes entusiastas de toda Europa central. Por eso en esta \u00e9poca los hoteles son, como es l\u00f3gico, los m\u00e1s caros y las mejores habitaciones <strong>se agotan tranquilamente varios meses antes<\/strong>.<\/p>\n\n\n\n<p class=\"wp-block-paragraph\">Los meses de primavera \u2014<strong>de abril a junio\u2014 y el oto\u00f1o, con septiembre y octubre<\/strong>, son quiz\u00e1 los m\u00e1s agradables para descubrir los encantos de la ciudad. Las temperaturas son ideales para largos paseos entre monumentos y para relajarse en las terrazas de los caf\u00e9s locales. Los precios de los hoteles siguen siendo bastante altos, pero la experiencia de los parques en flor te compensar\u00e1 con creces.<\/p>\n\n\n\n<p class=\"wp-block-paragraph\">Si quieres ahorrar mucho en el viaje, <strong>ve durante el fr\u00edo enero o en febrero<\/strong>. Entonces los precios de todo el alojamiento caen a su m\u00ednimo anual y puedes disfrutar de calles m\u00e1s vac\u00edas. Tendr\u00e1s que contar con un tiempo g\u00e9lido y con que anochece muy pronto, pero esta \u00e9poca invernal es, por el contrario, el momento cumbre de la famosa temporada de bailes, que tiene un encanto social absolutamente irrepetible.<\/p>\n\n\n\n<p class=\"wp-block-paragraph\">Ten mucho cuidado con <strong>los puentes y los festivos<\/strong>. Viena es una escapada muy f\u00e1cil y mucha gente aprovecha los d\u00edas libres para venir. En estas fechas las habitaciones disponibles desaparecen a velocidad de v\u00e9rtigo y los precios se disparan, as\u00ed que no dejes la reserva final para el \u00faltimo momento.<\/p>\n\n\n\n<h2 class=\"wp-block-heading\"><span class=\"ez-toc-section\" id=\"Los_26_mejores_hoteles_de_Viena_Austria\"><\/span>Los 26 mejores hoteles de Viena, Austria<span class=\"ez-toc-section-end\"><\/span><\/h2>\n\n\n\n<p class=\"wp-block-paragraph\">La elecci\u00f3n de un hotel concreto siempre depende de tu presupuesto y tus preferencias, y por eso he ordenado el alojamiento desde los iconos m\u00e1s lujosos hasta los hostales m\u00e1s econ\u00f3micos. Todas las valoraciones y el n\u00famero de rese\u00f1as <strong>corresponden a experiencias reales de viajeros<\/strong> y te ayudar\u00e1n a tomar la mejor decisi\u00f3n.<\/p>\n\n\n\n<figure data-wp-context=\"{&quot;imageId&quot;:&quot;6a9ce1b813180&quot;}\" data-wp-interactive=\"core\/image\" data-wp-key=\"6a9ce1b813180\" class=\"wp-block-image size-full wp-lightbox-container\"><img decoding=\"async\" width=\"1800\" height=\"1200\" data-wp-class--hide=\"state.isContentHidden\" data-wp-class--show=\"state.isContentVisible\" data-wp-init=\"callbacks.setButtonStyles\" data-wp-on--click=\"actions.showLightbox\" data-wp-on--load=\"callbacks.setButtonStyles\" data-wp-on--pointerdown=\"actions.preloadImage\" data-wp-on--pointerenter=\"actions.preloadImageWithDelay\" data-wp-on--pointerleave=\"actions.cancelPreload\" data-wp-on-window--resize=\"callbacks.setButtonStyles\" src=\"https:\/\/loudavymkrokem.cz\/wp-content\/uploads\/2026\/08\/hotel-sacher-vienna-1-1.jpg\" alt=\"Sal\u00f3n del Hotel Sacher frente a la \u00f3pera de Viena\" class=\"wp-image-407103\" title=\"\" srcset=\"https:\/\/loudavymkrokem.cz\/wp-content\/uploads\/2026\/08\/hotel-sacher-vienna-1-1.jpg 1800w, https:\/\/loudavymkrokem.cz\/wp-content\/uploads\/2026\/08\/hotel-sacher-vienna-1-1-300x200.jpg 300w, https:\/\/loudavymkrokem.cz\/wp-content\/uploads\/2026\/08\/hotel-sacher-vienna-1-1-700x467.jpg 700w, https:\/\/loudavymkrokem.cz\/wp-content\/uploads\/2026\/08\/hotel-sacher-vienna-1-1-768x512.jpg 768w, https:\/\/loudavymkrokem.cz\/wp-content\/uploads\/2026\/08\/hotel-sacher-vienna-1-1-1536x1024.jpg 1536w, https:\/\/loudavymkrokem.cz\/wp-content\/uploads\/2026\/08\/hotel-sacher-vienna-1-1-696x464.jpg 696w, https:\/\/loudavymkrokem.cz\/wp-content\/uploads\/2026\/08\/hotel-sacher-vienna-1-1-1392x928.jpg 1392w\" sizes=\"(max-width: 1800px) 100vw, 1800px\" \/><button\n\t\t\tclass=\"lightbox-trigger\"\n\t\t\ttype=\"button\"\n\t\t\taria-haspopup=\"dialog\"\n\t\t\tdata-wp-bind--aria-label=\"state.thisImage.triggerButtonAriaLabel\"\n\t\t\tdata-wp-init=\"callbacks.initTriggerButton\"\n\t\t\tdata-wp-on--click=\"actions.showLightbox\"\n\t\t\tdata-wp-style--right=\"state.thisImage.buttonRight\"\n\t\t\tdata-wp-style--top=\"state.thisImage.buttonTop\"\n\t\t>\n\t\t\t<svg xmlns=\"http:\/\/www.w3.org\/2000\/svg\" width=\"12\" height=\"12\" fill=\"none\" viewBox=\"0 0 12 12\">\n\t\t\t\t<path fill=\"#fff\" d=\"M2 0a2 2 0 0 0-2 2v2h1.5V2a.5.5 0 0 1 .5-.5h2V0H2Zm2 10.5H2a.5.5 0 0 1-.5-.5V8H0v2a2 2 0 0 0 2 2h2v-1.5ZM8 12v-1.5h2a.5.5 0 0 0 .5-.5V8H12v2a2 2 0 0 1-2 2H8Zm2-12a2 2 0 0 1 2 2v2h-1.5V2a.5.5 0 0 0-.5-.5H8V0h2Z\" \/>\n\t\t\t<\/svg>\n\t\t<\/button><figcaption class=\"wp-element-caption\">Foto: Hotel Sacher \/ web oficial<\/figcaption><\/figure>\n\n\n\n<h3 class=\"wp-block-heading\"><span class=\"ez-toc-section\" id=\"1_Hotel_Sacher_Vienna\"><\/span>1. Hotel Sacher Vienna<span class=\"ez-toc-section-end\"><\/span><\/h3>\n\n\n\n<p class=\"wp-block-paragraph\">Este legendario hotel de cinco estrellas data ya de 1876 y lo encuentras justo en el primer distrito, Innere Stadt, enfrente del edificio de la \u00f3pera estatal. Con una valoraci\u00f3n absolutamente sobresaliente de <strong>4,5 sobre m\u00e1s de 14 088 rese\u00f1as<\/strong>, ostenta el r\u00e9cord absoluto en n\u00famero de valoraciones de toda Viena y representa la encarnaci\u00f3n del lujo austriaco tradicional.<\/p>\n\n\n\n<figure data-wp-context=\"{&quot;galleryId&quot;:&quot;6a9ce1b813484&quot;}\" data-wp-interactive=\"core\/gallery\" class=\"wp-block-gallery has-nested-images columns-2 is-cropped wp-block-gallery-is-layout-flex wp-block-gallery-1 is-layout-flex\">\n\n<figure data-wp-context=\"{&quot;imageId&quot;:&quot;6a9ce1b8138c2&quot;}\" data-wp-interactive=\"core\/image\" data-wp-key=\"6a9ce1b8138c2\" class=\"wp-block-image size-large wp-lightbox-container\"><img decoding=\"async\" width=\"1800\" height=\"1201\" data-wp-class--hide=\"state.isContentHidden\" data-wp-class--show=\"state.isContentVisible\" data-wp-init=\"callbacks.setButtonStyles\" data-wp-on--click=\"actions.showLightbox\" data-wp-on--load=\"callbacks.setButtonStyles\" data-wp-on--pointerdown=\"actions.preloadImage\" data-wp-on--pointerenter=\"actions.preloadImageWithDelay\" data-wp-on--pointerleave=\"actions.cancelPreload\" data-wp-on-window--resize=\"callbacks.setButtonStyles\" data-id=\"407107\" src=\"https:\/\/loudavymkrokem.cz\/wp-content\/uploads\/2026\/08\/hotel-sacher-vienna-2-1.jpg\" alt=\"El Rote Bar del Hotel Sacher preparado para un evento\" class=\"wp-image-407107\" title=\"\" srcset=\"https:\/\/loudavymkrokem.cz\/wp-content\/uploads\/2026\/08\/hotel-sacher-vienna-2-1.jpg 1800w, https:\/\/loudavymkrokem.cz\/wp-content\/uploads\/2026\/08\/hotel-sacher-vienna-2-1-300x200.jpg 300w, https:\/\/loudavymkrokem.cz\/wp-content\/uploads\/2026\/08\/hotel-sacher-vienna-2-1-700x467.jpg 700w, https:\/\/loudavymkrokem.cz\/wp-content\/uploads\/2026\/08\/hotel-sacher-vienna-2-1-768x512.jpg 768w, https:\/\/loudavymkrokem.cz\/wp-content\/uploads\/2026\/08\/hotel-sacher-vienna-2-1-1536x1025.jpg 1536w, https:\/\/loudavymkrokem.cz\/wp-content\/uploads\/2026\/08\/hotel-sacher-vienna-2-1-696x464.jpg 696w, https:\/\/loudavymkrokem.cz\/wp-content\/uploads\/2026\/08\/hotel-sacher-vienna-2-1-1392x929.jpg 1392w\" sizes=\"(max-width: 1800px) 100vw, 1800px\" \/><button\n\t\t\tclass=\"lightbox-trigger\"\n\t\t\ttype=\"button\"\n\t\t\taria-haspopup=\"dialog\"\n\t\t\tdata-wp-bind--aria-label=\"state.thisImage.triggerButtonAriaLabel\"\n\t\t\tdata-wp-init=\"callbacks.initTriggerButton\"\n\t\t\tdata-wp-on--click=\"actions.showLightbox\"\n\t\t\tdata-wp-style--right=\"state.thisImage.buttonRight\"\n\t\t\tdata-wp-style--top=\"state.thisImage.buttonTop\"\n\t\t>\n\t\t\t<svg xmlns=\"http:\/\/www.w3.org\/2000\/svg\" width=\"12\" height=\"12\" fill=\"none\" viewBox=\"0 0 12 12\">\n\t\t\t\t<path fill=\"#fff\" d=\"M2 0a2 2 0 0 0-2 2v2h1.5V2a.5.5 0 0 1 .5-.5h2V0H2Zm2 10.5H2a.5.5 0 0 1-.5-.5V8H0v2a2 2 0 0 0 2 2h2v-1.5ZM8 12v-1.5h2a.5.5 0 0 0 .5-.5V8H12v2a2 2 0 0 1-2 2H8Zm2-12a2 2 0 0 1 2 2v2h-1.5V2a.5.5 0 0 0-.5-.5H8V0h2Z\" \/>\n\t\t\t<\/svg>\n\t\t<\/button><figcaption class=\"wp-element-caption\">Foto: Hotel Sacher \/ web oficial<\/figcaption><\/figure>\n\n\n<figure data-wp-context=\"{&quot;imageId&quot;:&quot;6a9ce1b813dff&quot;}\" data-wp-interactive=\"core\/image\" data-wp-key=\"6a9ce1b813dff\" class=\"wp-block-image size-large wp-lightbox-container\"><img decoding=\"async\" width=\"1800\" height=\"1201\" data-wp-class--hide=\"state.isContentHidden\" data-wp-class--show=\"state.isContentVisible\" data-wp-init=\"callbacks.setButtonStyles\" data-wp-on--click=\"actions.showLightbox\" data-wp-on--load=\"callbacks.setButtonStyles\" data-wp-on--pointerdown=\"actions.preloadImage\" data-wp-on--pointerenter=\"actions.preloadImageWithDelay\" data-wp-on--pointerleave=\"actions.cancelPreload\" data-wp-on-window--resize=\"callbacks.setButtonStyles\" data-id=\"407111\" src=\"https:\/\/loudavymkrokem.cz\/wp-content\/uploads\/2026\/08\/hotel-sacher-vienna-3-1.jpg\" alt=\"Habitaci\u00f3n del Hotel Sacher\" class=\"wp-image-407111\" title=\"\" srcset=\"https:\/\/loudavymkrokem.cz\/wp-content\/uploads\/2026\/08\/hotel-sacher-vienna-3-1.jpg 1800w, https:\/\/loudavymkrokem.cz\/wp-content\/uploads\/2026\/08\/hotel-sacher-vienna-3-1-300x200.jpg 300w, https:\/\/loudavymkrokem.cz\/wp-content\/uploads\/2026\/08\/hotel-sacher-vienna-3-1-700x467.jpg 700w, https:\/\/loudavymkrokem.cz\/wp-content\/uploads\/2026\/08\/hotel-sacher-vienna-3-1-768x512.jpg 768w, https:\/\/loudavymkrokem.cz\/wp-content\/uploads\/2026\/08\/hotel-sacher-vienna-3-1-1536x1025.jpg 1536w, https:\/\/loudavymkrokem.cz\/wp-content\/uploads\/2026\/08\/hotel-sacher-vienna-3-1-696x464.jpg 696w, https:\/\/loudavymkrokem.cz\/wp-content\/uploads\/2026\/08\/hotel-sacher-vienna-3-1-1392x929.jpg 1392w\" sizes=\"(max-width: 1800px) 100vw, 1800px\" \/><button\n\t\t\tclass=\"lightbox-trigger\"\n\t\t\ttype=\"button\"\n\t\t\taria-haspopup=\"dialog\"\n\t\t\tdata-wp-bind--aria-label=\"state.thisImage.triggerButtonAriaLabel\"\n\t\t\tdata-wp-init=\"callbacks.initTriggerButton\"\n\t\t\tdata-wp-on--click=\"actions.showLightbox\"\n\t\t\tdata-wp-style--right=\"state.thisImage.buttonRight\"\n\t\t\tdata-wp-style--top=\"state.thisImage.buttonTop\"\n\t\t>\n\t\t\t<svg xmlns=\"http:\/\/www.w3.org\/2000\/svg\" width=\"12\" height=\"12\" fill=\"none\" viewBox=\"0 0 12 12\">\n\t\t\t\t<path fill=\"#fff\" d=\"M2 0a2 2 0 0 0-2 2v2h1.5V2a.5.5 0 0 1 .5-.5h2V0H2Zm2 10.5H2a.5.5 0 0 1-.5-.5V8H0v2a2 2 0 0 0 2 2h2v-1.5ZM8 12v-1.5h2a.5.5 0 0 0 .5-.5V8H12v2a2 2 0 0 1-2 2H8Zm2-12a2 2 0 0 1 2 2v2h-1.5V2a.5.5 0 0 0-.5-.5H8V0h2Z\" \/>\n\t\t\t<\/svg>\n\t\t<\/button><figcaption class=\"wp-element-caption\">Foto: Hotel Sacher \/ web oficial<\/figcaption><\/figure>\n\n\n<figure data-wp-context=\"{&quot;imageId&quot;:&quot;6a9ce1b814361&quot;}\" data-wp-interactive=\"core\/image\" data-wp-key=\"6a9ce1b814361\" class=\"wp-block-image size-large wp-lightbox-container\"><img decoding=\"async\" width=\"1800\" height=\"1201\" data-wp-class--hide=\"state.isContentHidden\" data-wp-class--show=\"state.isContentVisible\" data-wp-init=\"callbacks.setButtonStyles\" data-wp-on--click=\"actions.showLightbox\" data-wp-on--load=\"callbacks.setButtonStyles\" data-wp-on--pointerdown=\"actions.preloadImage\" data-wp-on--pointerenter=\"actions.preloadImageWithDelay\" data-wp-on--pointerleave=\"actions.cancelPreload\" data-wp-on-window--resize=\"callbacks.setButtonStyles\" data-id=\"407115\" src=\"https:\/\/loudavymkrokem.cz\/wp-content\/uploads\/2026\/08\/hotel-sacher-vienna-4-1.jpg\" alt=\"Sal\u00f3n del Hotel Sacher frente a la \u00f3pera de Viena\" class=\"wp-image-407115\" title=\"\" srcset=\"https:\/\/loudavymkrokem.cz\/wp-content\/uploads\/2026\/08\/hotel-sacher-vienna-4-1.jpg 1800w, https:\/\/loudavymkrokem.cz\/wp-content\/uploads\/2026\/08\/hotel-sacher-vienna-4-1-300x200.jpg 300w, https:\/\/loudavymkrokem.cz\/wp-content\/uploads\/2026\/08\/hotel-sacher-vienna-4-1-700x467.jpg 700w, https:\/\/loudavymkrokem.cz\/wp-content\/uploads\/2026\/08\/hotel-sacher-vienna-4-1-768x512.jpg 768w, https:\/\/loudavymkrokem.cz\/wp-content\/uploads\/2026\/08\/hotel-sacher-vienna-4-1-1536x1025.jpg 1536w, https:\/\/loudavymkrokem.cz\/wp-content\/uploads\/2026\/08\/hotel-sacher-vienna-4-1-696x464.jpg 696w, https:\/\/loudavymkrokem.cz\/wp-content\/uploads\/2026\/08\/hotel-sacher-vienna-4-1-1392x929.jpg 1392w\" sizes=\"(max-width: 1800px) 100vw, 1800px\" \/><button\n\t\t\tclass=\"lightbox-trigger\"\n\t\t\ttype=\"button\"\n\t\t\taria-haspopup=\"dialog\"\n\t\t\tdata-wp-bind--aria-label=\"state.thisImage.triggerButtonAriaLabel\"\n\t\t\tdata-wp-init=\"callbacks.initTriggerButton\"\n\t\t\tdata-wp-on--click=\"actions.showLightbox\"\n\t\t\tdata-wp-style--right=\"state.thisImage.buttonRight\"\n\t\t\tdata-wp-style--top=\"state.thisImage.buttonTop\"\n\t\t>\n\t\t\t<svg xmlns=\"http:\/\/www.w3.org\/2000\/svg\" width=\"12\" height=\"12\" fill=\"none\" viewBox=\"0 0 12 12\">\n\t\t\t\t<path fill=\"#fff\" d=\"M2 0a2 2 0 0 0-2 2v2h1.5V2a.5.5 0 0 1 .5-.5h2V0H2Zm2 10.5H2a.5.5 0 0 1-.5-.5V8H0v2a2 2 0 0 0 2 2h2v-1.5ZM8 12v-1.5h2a.5.5 0 0 0 .5-.5V8H12v2a2 2 0 0 1-2 2H8Zm2-12a2 2 0 0 1 2 2v2h-1.5V2a.5.5 0 0 0-.5-.5H8V0h2Z\" \/>\n\t\t\t<\/svg>\n\t\t<\/button><figcaption class=\"wp-element-caption\">Foto: Hotel Sacher \/ web oficial<\/figcaption><\/figure>\n\n<\/figure>\n\n\n\n<p class=\"wp-block-paragraph\">Lo que m\u00e1s valoran los viajeros en las rese\u00f1as es el servicio personal absolutamente impecable, los interiores opulentos llenos de antig\u00fcedades valiosas y la atm\u00f3sfera \u00fanica de otros tiempos. Por supuesto, puedes probar la mundialmente famosa Sachertorte original directamente en su origen, lo cual es <strong>una delicia culinaria que nosotros adoramos por completo<\/strong>.<\/p>\n\n\n\n<p class=\"wp-block-paragraph\">El edificio se encuentra en el centro hist\u00f3rico m\u00e1s absoluto, as\u00ed que a todos los monumentos importantes llegas c\u00f3modamente a pie por hermosas calles. <strong>Adem\u00e1s, los amantes de la m\u00fasica cl\u00e1sica agradecer\u00e1n la cercan\u00eda inmediata de la \u00f3pera<\/strong>, adonde pueden volver por la noche tras la funci\u00f3n sin complicados desplazamientos en transporte nocturno.<\/p>\n\n\n\n<p class=\"wp-block-paragraph\">\ud83d\udca1 Consejo: Elige este hotel si buscas <strong>lo mejor de lo mejor para una ocasi\u00f3n especial de tu vida<\/strong>, como un aniversario redondo o una luna de miel de lujo. El precio, como es l\u00f3gico, va acorde con la exclusividad, pero la experiencia de alojarte en una instituci\u00f3n tan ic\u00f3nica la recordar\u00e1s para siempre. <em><a href=\"https:\/\/www.stay22.com\/allez\/roam?aid=lukaskonecny&#038;campaign=loudavymkrokemcz&#038;campaign=kde-bydlet-ve-vidni&#038;hotelname=Hotel%20Sacher%20Vienna&#038;address=V%C3%ADde%C5%88%2C%20Rakousko\" target=\"_blank\" rel=\"nofollow noopener sponsored\">consultar precios y disponibilidad<\/a><\/em><\/p>\n\n\n\n<figure data-wp-context=\"{&quot;imageId&quot;:&quot;6a9ce1b814ee6&quot;}\" data-wp-interactive=\"core\/image\" data-wp-key=\"6a9ce1b814ee6\" class=\"wp-block-image size-full wp-lightbox-container\"><img decoding=\"async\" width=\"569\" height=\"320\" data-wp-class--hide=\"state.isContentHidden\" data-wp-class--show=\"state.isContentVisible\" data-wp-init=\"callbacks.setButtonStyles\" data-wp-on--click=\"actions.showLightbox\" data-wp-on--load=\"callbacks.setButtonStyles\" data-wp-on--pointerdown=\"actions.preloadImage\" data-wp-on--pointerenter=\"actions.preloadImageWithDelay\" data-wp-on--pointerleave=\"actions.cancelPreload\" data-wp-on-window--resize=\"callbacks.setButtonStyles\" src=\"https:\/\/loudavymkrokem.cz\/wp-content\/uploads\/2026\/08\/hotel-imperial-na-v-de-sk-ringstra-e.jpg\" alt=\"Hotel Imperial en la Ringstra\u00dfe de Viena\" class=\"wp-image-407165\" title=\"\" srcset=\"https:\/\/loudavymkrokem.cz\/wp-content\/uploads\/2026\/08\/hotel-imperial-na-v-de-sk-ringstra-e.jpg 569w, https:\/\/loudavymkrokem.cz\/wp-content\/uploads\/2026\/08\/hotel-imperial-na-v-de-sk-ringstra-e-300x169.jpg 300w\" sizes=\"(max-width: 569px) 100vw, 569px\" \/><button\n\t\t\tclass=\"lightbox-trigger\"\n\t\t\ttype=\"button\"\n\t\t\taria-haspopup=\"dialog\"\n\t\t\tdata-wp-bind--aria-label=\"state.thisImage.triggerButtonAriaLabel\"\n\t\t\tdata-wp-init=\"callbacks.initTriggerButton\"\n\t\t\tdata-wp-on--click=\"actions.showLightbox\"\n\t\t\tdata-wp-style--right=\"state.thisImage.buttonRight\"\n\t\t\tdata-wp-style--top=\"state.thisImage.buttonTop\"\n\t\t>\n\t\t\t<svg xmlns=\"http:\/\/www.w3.org\/2000\/svg\" width=\"12\" height=\"12\" fill=\"none\" viewBox=\"0 0 12 12\">\n\t\t\t\t<path fill=\"#fff\" d=\"M2 0a2 2 0 0 0-2 2v2h1.5V2a.5.5 0 0 1 .5-.5h2V0H2Zm2 10.5H2a.5.5 0 0 1-.5-.5V8H0v2a2 2 0 0 0 2 2h2v-1.5ZM8 12v-1.5h2a.5.5 0 0 0 .5-.5V8H12v2a2 2 0 0 1-2 2H8Zm2-12a2 2 0 0 1 2 2v2h-1.5V2a.5.5 0 0 0-.5-.5H8V0h2Z\" \/>\n\t\t\t<\/svg>\n\t\t<\/button><figcaption class=\"wp-element-caption\">Foto: Hotel Imperial, a Luxury Collection Hotel, Vienna \/ Google Maps<\/figcaption><\/figure>\n\n\n\n<h3 class=\"wp-block-heading\"><span class=\"ez-toc-section\" id=\"2_Hotel_Imperial\"><\/span>2. Hotel Imperial<span class=\"ez-toc-section-end\"><\/span><\/h3>\n\n\n\n<p class=\"wp-block-paragraph\">Este impresionante antiguo palacio nobiliario en la famosa Ringstra\u00dfe presume de una prestigiosa <strong>valoraci\u00f3n de 4,7 sobre 1 877 rese\u00f1as<\/strong> y merece con todo derecho estar entre lo m\u00e1s grandioso que la metr\u00f3poli austriaca ofrece a sus hu\u00e9spedes. Ya al entrar en el majestuoso lobby con columnas de m\u00e1rmol y enormes l\u00e1mparas de ara\u00f1a de cristal te sentir\u00e1s como un miembro de la familia imperial.<\/p>\n\n\n\n<p class=\"wp-block-paragraph\">Todas las habitaciones est\u00e1n decoradas con un incre\u00edble sentido del detalle hist\u00f3rico y las paredes lucen a menudo lujosos empapelados de seda. En las rese\u00f1as, los hu\u00e9spedes destacan muy a menudo <strong>el servicio de mayordomo personal por encima de lo habitual<\/strong>, que atiende con una sonrisa absolutamente cualquier deseo imaginable durante toda tu estancia.<\/p>\n\n\n\n<p class=\"wp-block-paragraph\">Este edificio \u00fanico respira siglos de historia a cada paso y alojarse aqu\u00ed es m\u00e1s bien la experiencia de visitar un museo en funcionamiento que un hotel corriente. <strong>El servicio est\u00e1 pulido hasta la perfecci\u00f3n m\u00e1s absoluta<\/strong> y el personal hace lo m\u00e1ximo para que cada hu\u00e9sped se sienta absolutamente especial.<\/p>\n\n\n\n<p class=\"wp-block-paragraph\">\ud83d\udca1 Consejo: Aloja\u00adte aqu\u00ed si de verdad amas <strong>la rica historia y la arquitectura cl\u00e1sica de palacio<\/strong>. El hotel est\u00e1 justo en el primer distrito, as\u00ed que a los monumentos m\u00e1s conocidos te separan solo unos pasos rom\u00e1nticos por las preciosas calles vienesas. <em><a href=\"https:\/\/www.stay22.com\/allez\/roam?aid=lukaskonecny&#038;campaign=loudavymkrokemcz&#038;campaign=kde-bydlet-ve-vidni&#038;hotelname=Hotel%20Imperial&#038;address=V%C3%ADde%C5%88%2C%20Rakousko\" target=\"_blank\" rel=\"nofollow noopener sponsored\">consultar precios y disponibilidad<\/a><\/em><\/p>\n\n\n\n<figure data-wp-context=\"{&quot;imageId&quot;:&quot;6a9ce1b8154ce&quot;}\" data-wp-interactive=\"core\/image\" data-wp-key=\"6a9ce1b8154ce\" class=\"wp-block-image size-full wp-lightbox-container\"><img decoding=\"async\" width=\"1600\" height=\"1116\" data-wp-class--hide=\"state.isContentHidden\" data-wp-class--show=\"state.isContentVisible\" data-wp-init=\"callbacks.setButtonStyles\" data-wp-on--click=\"actions.showLightbox\" data-wp-on--load=\"callbacks.setButtonStyles\" data-wp-on--pointerdown=\"actions.preloadImage\" data-wp-on--pointerenter=\"actions.preloadImageWithDelay\" data-wp-on--pointerleave=\"actions.cancelPreload\" data-wp-on-window--resize=\"callbacks.setButtonStyles\" src=\"https:\/\/loudavymkrokem.cz\/wp-content\/uploads\/2026\/08\/park-hyatt-vienna-v-budov-b-val-banky.jpg\" alt=\"Park Hyatt Vienna en el edificio de un antiguo banco\" class=\"wp-image-407161\" title=\"\" srcset=\"https:\/\/loudavymkrokem.cz\/wp-content\/uploads\/2026\/08\/park-hyatt-vienna-v-budov-b-val-banky.jpg 1600w, https:\/\/loudavymkrokem.cz\/wp-content\/uploads\/2026\/08\/park-hyatt-vienna-v-budov-b-val-banky-300x209.jpg 300w, https:\/\/loudavymkrokem.cz\/wp-content\/uploads\/2026\/08\/park-hyatt-vienna-v-budov-b-val-banky-700x488.jpg 700w, https:\/\/loudavymkrokem.cz\/wp-content\/uploads\/2026\/08\/park-hyatt-vienna-v-budov-b-val-banky-768x536.jpg 768w, https:\/\/loudavymkrokem.cz\/wp-content\/uploads\/2026\/08\/park-hyatt-vienna-v-budov-b-val-banky-1536x1071.jpg 1536w, https:\/\/loudavymkrokem.cz\/wp-content\/uploads\/2026\/08\/park-hyatt-vienna-v-budov-b-val-banky-696x485.jpg 696w, https:\/\/loudavymkrokem.cz\/wp-content\/uploads\/2026\/08\/park-hyatt-vienna-v-budov-b-val-banky-1392x971.jpg 1392w\" sizes=\"(max-width: 1600px) 100vw, 1600px\" \/><button\n\t\t\tclass=\"lightbox-trigger\"\n\t\t\ttype=\"button\"\n\t\t\taria-haspopup=\"dialog\"\n\t\t\tdata-wp-bind--aria-label=\"state.thisImage.triggerButtonAriaLabel\"\n\t\t\tdata-wp-init=\"callbacks.initTriggerButton\"\n\t\t\tdata-wp-on--click=\"actions.showLightbox\"\n\t\t\tdata-wp-style--right=\"state.thisImage.buttonRight\"\n\t\t\tdata-wp-style--top=\"state.thisImage.buttonTop\"\n\t\t>\n\t\t\t<svg xmlns=\"http:\/\/www.w3.org\/2000\/svg\" width=\"12\" height=\"12\" fill=\"none\" viewBox=\"0 0 12 12\">\n\t\t\t\t<path fill=\"#fff\" d=\"M2 0a2 2 0 0 0-2 2v2h1.5V2a.5.5 0 0 1 .5-.5h2V0H2Zm2 10.5H2a.5.5 0 0 1-.5-.5V8H0v2a2 2 0 0 0 2 2h2v-1.5ZM8 12v-1.5h2a.5.5 0 0 0 .5-.5V8H12v2a2 2 0 0 1-2 2H8Zm2-12a2 2 0 0 1 2 2v2h-1.5V2a.5.5 0 0 0-.5-.5H8V0h2Z\" \/>\n\t\t\t<\/svg>\n\t\t<\/button><figcaption class=\"wp-element-caption\">Foto: Park Hyatt Vienna \/ Google Maps<\/figcaption><\/figure>\n\n\n\n<h3 class=\"wp-block-heading\"><span class=\"ez-toc-section\" id=\"3_Park_Hyatt_Vienna\"><\/span>3. Park Hyatt Vienna<span class=\"ez-toc-section-end\"><\/span><\/h3>\n\n\n\n<p class=\"wp-block-paragraph\">En pleno coraz\u00f3n del primer distrito, en el edificio maravillosamente restaurado de un antiguo banco, se encuentra este moderno hotel de lujo que mantiene una estupenda <strong>valoraci\u00f3n de 4,7 sobre 2 846 rese\u00f1as<\/strong>. Los arquitectos lograron aqu\u00ed conectar de forma magistral la fachada hist\u00f3rica protegida con un dise\u00f1o interior muy elegante y absolutamente contempor\u00e1neo.<\/p>\n\n\n\n<p class=\"wp-block-paragraph\">El mayor reclamo para los hu\u00e9spedes es sin duda <strong>la piscina de quince metros ubicada en la que fuera la enorme c\u00e1mara acorazada del banco<\/strong>, un detalle arquitect\u00f3nico que, seg\u00fan las rese\u00f1as, literalmente quita el aliento. El spa y la amplia zona de wellness figuran entre los lugares de relax mejor valorados de toda la ciudad.<\/p>\n\n\n\n<p class=\"wp-block-paragraph\">Los viajeros elogian mucho la amplitud de las habitaciones y el perfecto aislamiento ac\u00fastico de las ventanas, que garantiza un sue\u00f1o tranquilo incluso en el bullicioso centro. <strong>Las calles de alrededor est\u00e1n llenas de las boutiques m\u00e1s lujosas del mundo<\/strong>, as\u00ed que si piensas combinar el descubrimiento de la ciudad con las compras, dif\u00edcilmente encontrar\u00e1s mejor punto de partida.<\/p>\n\n\n\n<p class=\"wp-block-paragraph\">\ud83d\udca1 Consejo: Este fant\u00e1stico hotel es ideal para viajeros que prefieren <strong>una concepci\u00f3n m\u00e1s moderna del lujo<\/strong> antes que pesados cortinajes y alfombras hist\u00f3ricas. Se encuentra justo en el famoso barrio comercial, as\u00ed que los amantes de la moda estar\u00e1n aqu\u00ed en el s\u00e9ptimo cielo. <em><a href=\"https:\/\/www.stay22.com\/allez\/roam?aid=lukaskonecny&#038;campaign=loudavymkrokemcz&#038;campaign=kde-bydlet-ve-vidni&#038;hotelname=Park%20Hyatt%20Vienna&#038;address=V%C3%ADde%C5%88%2C%20Rakousko\" target=\"_blank\" rel=\"nofollow noopener sponsored\">consultar precios y disponibilidad<\/a><\/em><\/p>\n\n\n\n<figure data-wp-context=\"{&quot;imageId&quot;:&quot;6a9ce1b8159ce&quot;}\" data-wp-interactive=\"core\/image\" data-wp-key=\"6a9ce1b8159ce\" class=\"wp-block-image size-full wp-lightbox-container\"><img decoding=\"async\" width=\"1336\" height=\"752\" data-wp-class--hide=\"state.isContentHidden\" data-wp-class--show=\"state.isContentVisible\" data-wp-init=\"callbacks.setButtonStyles\" data-wp-on--click=\"actions.showLightbox\" data-wp-on--load=\"callbacks.setButtonStyles\" data-wp-on--pointerdown=\"actions.preloadImage\" data-wp-on--pointerenter=\"actions.preloadImageWithDelay\" data-wp-on--pointerleave=\"actions.cancelPreload\" data-wp-on-window--resize=\"callbacks.setButtonStyles\" src=\"https:\/\/loudavymkrokem.cz\/wp-content\/uploads\/2026\/08\/the-ritz-carlton-vienna-1.jpg\" alt=\"Entrada del The Ritz-Carlton en la Schubertring\" class=\"wp-image-407090\" title=\"\" srcset=\"https:\/\/loudavymkrokem.cz\/wp-content\/uploads\/2026\/08\/the-ritz-carlton-vienna-1.jpg 1336w, https:\/\/loudavymkrokem.cz\/wp-content\/uploads\/2026\/08\/the-ritz-carlton-vienna-1-300x169.jpg 300w, https:\/\/loudavymkrokem.cz\/wp-content\/uploads\/2026\/08\/the-ritz-carlton-vienna-1-700x394.jpg 700w, https:\/\/loudavymkrokem.cz\/wp-content\/uploads\/2026\/08\/the-ritz-carlton-vienna-1-768x432.jpg 768w, https:\/\/loudavymkrokem.cz\/wp-content\/uploads\/2026\/08\/the-ritz-carlton-vienna-1-696x392.jpg 696w\" sizes=\"(max-width: 1336px) 100vw, 1336px\" \/><button\n\t\t\tclass=\"lightbox-trigger\"\n\t\t\ttype=\"button\"\n\t\t\taria-haspopup=\"dialog\"\n\t\t\tdata-wp-bind--aria-label=\"state.thisImage.triggerButtonAriaLabel\"\n\t\t\tdata-wp-init=\"callbacks.initTriggerButton\"\n\t\t\tdata-wp-on--click=\"actions.showLightbox\"\n\t\t\tdata-wp-style--right=\"state.thisImage.buttonRight\"\n\t\t\tdata-wp-style--top=\"state.thisImage.buttonTop\"\n\t\t>\n\t\t\t<svg xmlns=\"http:\/\/www.w3.org\/2000\/svg\" width=\"12\" height=\"12\" fill=\"none\" viewBox=\"0 0 12 12\">\n\t\t\t\t<path fill=\"#fff\" d=\"M2 0a2 2 0 0 0-2 2v2h1.5V2a.5.5 0 0 1 .5-.5h2V0H2Zm2 10.5H2a.5.5 0 0 1-.5-.5V8H0v2a2 2 0 0 0 2 2h2v-1.5ZM8 12v-1.5h2a.5.5 0 0 0 .5-.5V8H12v2a2 2 0 0 1-2 2H8Zm2-12a2 2 0 0 1 2 2v2h-1.5V2a.5.5 0 0 0-.5-.5H8V0h2Z\" \/>\n\t\t\t<\/svg>\n\t\t<\/button><figcaption class=\"wp-element-caption\">Foto: The Ritz-Carlton Vienna \/ web oficial<\/figcaption><\/figure>\n\n\n\n<h3 class=\"wp-block-heading\"><span class=\"ez-toc-section\" id=\"4_The_Ritz-Carlton_Vienna\"><\/span>4. The Ritz-Carlton Vienna<span class=\"ez-toc-section-end\"><\/span><\/h3>\n\n\n\n<p class=\"wp-block-paragraph\">Cuatro palacios del siglo XIX restaurados con precisi\u00f3n forman hoy este lujoso complejo de alojamiento con una excelente <strong>valoraci\u00f3n de 4,6 sobre 2 624 rese\u00f1as<\/strong>. Est\u00e1 en la prestigiosa avenida Schubertring y ofrece una combinaci\u00f3n magn\u00edfica de legado hist\u00f3rico y un servicio de primer nivel internacional.<\/p>\n\n\n\n<figure data-wp-context=\"{&quot;galleryId&quot;:&quot;6a9ce1b815b5f&quot;}\" data-wp-interactive=\"core\/gallery\" class=\"wp-block-gallery has-nested-images columns-2 is-cropped wp-block-gallery-is-layout-flex wp-block-gallery-2 is-layout-flex\">\n\n<figure data-wp-context=\"{&quot;imageId&quot;:&quot;6a9ce1b815eae&quot;}\" data-wp-interactive=\"core\/image\" data-wp-key=\"6a9ce1b815eae\" class=\"wp-block-image size-large wp-lightbox-container\"><img decoding=\"async\" width=\"1800\" height=\"600\" data-wp-class--hide=\"state.isContentHidden\" data-wp-class--show=\"state.isContentVisible\" data-wp-init=\"callbacks.setButtonStyles\" data-wp-on--click=\"actions.showLightbox\" data-wp-on--load=\"callbacks.setButtonStyles\" data-wp-on--pointerdown=\"actions.preloadImage\" data-wp-on--pointerenter=\"actions.preloadImageWithDelay\" data-wp-on--pointerleave=\"actions.cancelPreload\" data-wp-on-window--resize=\"callbacks.setButtonStyles\" data-id=\"407093\" src=\"https:\/\/loudavymkrokem.cz\/wp-content\/uploads\/2026\/08\/the-ritz-carlton-vienna-2.jpg\" alt=\"The Ritz-Carlton Vienna de noche\" class=\"wp-image-407093\" title=\"\" srcset=\"https:\/\/loudavymkrokem.cz\/wp-content\/uploads\/2026\/08\/the-ritz-carlton-vienna-2.jpg 1800w, https:\/\/loudavymkrokem.cz\/wp-content\/uploads\/2026\/08\/the-ritz-carlton-vienna-2-300x100.jpg 300w, https:\/\/loudavymkrokem.cz\/wp-content\/uploads\/2026\/08\/the-ritz-carlton-vienna-2-700x233.jpg 700w, https:\/\/loudavymkrokem.cz\/wp-content\/uploads\/2026\/08\/the-ritz-carlton-vienna-2-768x256.jpg 768w, https:\/\/loudavymkrokem.cz\/wp-content\/uploads\/2026\/08\/the-ritz-carlton-vienna-2-1536x512.jpg 1536w, https:\/\/loudavymkrokem.cz\/wp-content\/uploads\/2026\/08\/the-ritz-carlton-vienna-2-696x232.jpg 696w, https:\/\/loudavymkrokem.cz\/wp-content\/uploads\/2026\/08\/the-ritz-carlton-vienna-2-1392x464.jpg 1392w\" sizes=\"(max-width: 1800px) 100vw, 1800px\" \/><button\n\t\t\tclass=\"lightbox-trigger\"\n\t\t\ttype=\"button\"\n\t\t\taria-haspopup=\"dialog\"\n\t\t\tdata-wp-bind--aria-label=\"state.thisImage.triggerButtonAriaLabel\"\n\t\t\tdata-wp-init=\"callbacks.initTriggerButton\"\n\t\t\tdata-wp-on--click=\"actions.showLightbox\"\n\t\t\tdata-wp-style--right=\"state.thisImage.buttonRight\"\n\t\t\tdata-wp-style--top=\"state.thisImage.buttonTop\"\n\t\t>\n\t\t\t<svg xmlns=\"http:\/\/www.w3.org\/2000\/svg\" width=\"12\" height=\"12\" fill=\"none\" viewBox=\"0 0 12 12\">\n\t\t\t\t<path fill=\"#fff\" d=\"M2 0a2 2 0 0 0-2 2v2h1.5V2a.5.5 0 0 1 .5-.5h2V0H2Zm2 10.5H2a.5.5 0 0 1-.5-.5V8H0v2a2 2 0 0 0 2 2h2v-1.5ZM8 12v-1.5h2a.5.5 0 0 0 .5-.5V8H12v2a2 2 0 0 1-2 2H8Zm2-12a2 2 0 0 1 2 2v2h-1.5V2a.5.5 0 0 0-.5-.5H8V0h2Z\" \/>\n\t\t\t<\/svg>\n\t\t<\/button><figcaption class=\"wp-element-caption\">Foto: The Ritz-Carlton Vienna \/ web oficial<\/figcaption><\/figure>\n\n\n<figure data-wp-context=\"{&quot;imageId&quot;:&quot;6a9ce1b816246&quot;}\" data-wp-interactive=\"core\/image\" data-wp-key=\"6a9ce1b816246\" class=\"wp-block-image size-large wp-lightbox-container\"><img decoding=\"async\" width=\"1800\" height=\"599\" data-wp-class--hide=\"state.isContentHidden\" data-wp-class--show=\"state.isContentVisible\" data-wp-init=\"callbacks.setButtonStyles\" data-wp-on--click=\"actions.showLightbox\" data-wp-on--load=\"callbacks.setButtonStyles\" data-wp-on--pointerdown=\"actions.preloadImage\" data-wp-on--pointerenter=\"actions.preloadImageWithDelay\" data-wp-on--pointerleave=\"actions.cancelPreload\" data-wp-on-window--resize=\"callbacks.setButtonStyles\" data-id=\"407096\" src=\"https:\/\/loudavymkrokem.cz\/wp-content\/uploads\/2026\/08\/the-ritz-carlton-vienna-3.jpg\" alt=\"Suite del The Ritz-Carlton Vienna\" class=\"wp-image-407096\" title=\"\" srcset=\"https:\/\/loudavymkrokem.cz\/wp-content\/uploads\/2026\/08\/the-ritz-carlton-vienna-3.jpg 1800w, https:\/\/loudavymkrokem.cz\/wp-content\/uploads\/2026\/08\/the-ritz-carlton-vienna-3-300x100.jpg 300w, https:\/\/loudavymkrokem.cz\/wp-content\/uploads\/2026\/08\/the-ritz-carlton-vienna-3-700x233.jpg 700w, https:\/\/loudavymkrokem.cz\/wp-content\/uploads\/2026\/08\/the-ritz-carlton-vienna-3-768x256.jpg 768w, https:\/\/loudavymkrokem.cz\/wp-content\/uploads\/2026\/08\/the-ritz-carlton-vienna-3-1536x511.jpg 1536w, https:\/\/loudavymkrokem.cz\/wp-content\/uploads\/2026\/08\/the-ritz-carlton-vienna-3-696x232.jpg 696w, https:\/\/loudavymkrokem.cz\/wp-content\/uploads\/2026\/08\/the-ritz-carlton-vienna-3-1392x463.jpg 1392w\" sizes=\"(max-width: 1800px) 100vw, 1800px\" \/><button\n\t\t\tclass=\"lightbox-trigger\"\n\t\t\ttype=\"button\"\n\t\t\taria-haspopup=\"dialog\"\n\t\t\tdata-wp-bind--aria-label=\"state.thisImage.triggerButtonAriaLabel\"\n\t\t\tdata-wp-init=\"callbacks.initTriggerButton\"\n\t\t\tdata-wp-on--click=\"actions.showLightbox\"\n\t\t\tdata-wp-style--right=\"state.thisImage.buttonRight\"\n\t\t\tdata-wp-style--top=\"state.thisImage.buttonTop\"\n\t\t>\n\t\t\t<svg xmlns=\"http:\/\/www.w3.org\/2000\/svg\" width=\"12\" height=\"12\" fill=\"none\" viewBox=\"0 0 12 12\">\n\t\t\t\t<path fill=\"#fff\" d=\"M2 0a2 2 0 0 0-2 2v2h1.5V2a.5.5 0 0 1 .5-.5h2V0H2Zm2 10.5H2a.5.5 0 0 1-.5-.5V8H0v2a2 2 0 0 0 2 2h2v-1.5ZM8 12v-1.5h2a.5.5 0 0 0 .5-.5V8H12v2a2 2 0 0 1-2 2H8Zm2-12a2 2 0 0 1 2 2v2h-1.5V2a.5.5 0 0 0-.5-.5H8V0h2Z\" \/>\n\t\t\t<\/svg>\n\t\t<\/button><figcaption class=\"wp-element-caption\">Foto: The Ritz-Carlton Vienna \/ web oficial<\/figcaption><\/figure>\n\n\n<figure data-wp-context=\"{&quot;imageId&quot;:&quot;6a9ce1b8165b4&quot;}\" data-wp-interactive=\"core\/image\" data-wp-key=\"6a9ce1b8165b4\" class=\"wp-block-image size-large wp-lightbox-container\"><img decoding=\"async\" width=\"1800\" height=\"599\" data-wp-class--hide=\"state.isContentHidden\" data-wp-class--show=\"state.isContentVisible\" data-wp-init=\"callbacks.setButtonStyles\" data-wp-on--click=\"actions.showLightbox\" data-wp-on--load=\"callbacks.setButtonStyles\" data-wp-on--pointerdown=\"actions.preloadImage\" data-wp-on--pointerenter=\"actions.preloadImageWithDelay\" data-wp-on--pointerleave=\"actions.cancelPreload\" data-wp-on-window--resize=\"callbacks.setButtonStyles\" data-id=\"407100\" src=\"https:\/\/loudavymkrokem.cz\/wp-content\/uploads\/2026\/08\/the-ritz-carlton-vienna-4.jpg\" alt=\"Entrada del The Ritz-Carlton en la Schubertring\" class=\"wp-image-407100\" title=\"\" srcset=\"https:\/\/loudavymkrokem.cz\/wp-content\/uploads\/2026\/08\/the-ritz-carlton-vienna-4.jpg 1800w, https:\/\/loudavymkrokem.cz\/wp-content\/uploads\/2026\/08\/the-ritz-carlton-vienna-4-300x100.jpg 300w, https:\/\/loudavymkrokem.cz\/wp-content\/uploads\/2026\/08\/the-ritz-carlton-vienna-4-700x233.jpg 700w, https:\/\/loudavymkrokem.cz\/wp-content\/uploads\/2026\/08\/the-ritz-carlton-vienna-4-768x256.jpg 768w, https:\/\/loudavymkrokem.cz\/wp-content\/uploads\/2026\/08\/the-ritz-carlton-vienna-4-1536x511.jpg 1536w, https:\/\/loudavymkrokem.cz\/wp-content\/uploads\/2026\/08\/the-ritz-carlton-vienna-4-696x232.jpg 696w, https:\/\/loudavymkrokem.cz\/wp-content\/uploads\/2026\/08\/the-ritz-carlton-vienna-4-1392x463.jpg 1392w\" sizes=\"(max-width: 1800px) 100vw, 1800px\" \/><button\n\t\t\tclass=\"lightbox-trigger\"\n\t\t\ttype=\"button\"\n\t\t\taria-haspopup=\"dialog\"\n\t\t\tdata-wp-bind--aria-label=\"state.thisImage.triggerButtonAriaLabel\"\n\t\t\tdata-wp-init=\"callbacks.initTriggerButton\"\n\t\t\tdata-wp-on--click=\"actions.showLightbox\"\n\t\t\tdata-wp-style--right=\"state.thisImage.buttonRight\"\n\t\t\tdata-wp-style--top=\"state.thisImage.buttonTop\"\n\t\t>\n\t\t\t<svg xmlns=\"http:\/\/www.w3.org\/2000\/svg\" width=\"12\" height=\"12\" fill=\"none\" viewBox=\"0 0 12 12\">\n\t\t\t\t<path fill=\"#fff\" d=\"M2 0a2 2 0 0 0-2 2v2h1.5V2a.5.5 0 0 1 .5-.5h2V0H2Zm2 10.5H2a.5.5 0 0 1-.5-.5V8H0v2a2 2 0 0 0 2 2h2v-1.5ZM8 12v-1.5h2a.5.5 0 0 0 .5-.5V8H12v2a2 2 0 0 1-2 2H8Zm2-12a2 2 0 0 1 2 2v2h-1.5V2a.5.5 0 0 0-.5-.5H8V0h2Z\" \/>\n\t\t\t<\/svg>\n\t\t<\/button><figcaption class=\"wp-element-caption\">Foto: The Ritz-Carlton Vienna \/ web oficial<\/figcaption><\/figure>\n\n<\/figure>\n\n\n\n<p class=\"wp-block-paragraph\">En las rese\u00f1as, los hu\u00e9spedes elogian much\u00edsimo las habitaciones especialmente amplias, el perfecto aislamiento ac\u00fastico y, sobre todo, <strong>las camas muy c\u00f3modas que garantizan el mejor descanso posible<\/strong>. Seg\u00fan la experiencia de los viajeros, el personal es siempre discreto y profesional en cualquier situaci\u00f3n.<\/p>\n\n\n\n<p class=\"wp-block-paragraph\">La sensaci\u00f3n de este establecimiento es, sin embargo, <strong>su elegante bar en la azotea con vistas panor\u00e1micas de toda la ciudad<\/strong>, que seg\u00fan los visitantes es un lugar absolutamente perfecto para una copa vespertina bajo una rom\u00e1ntica puesta de sol sobre los tejados vieneses. La experiencia de este lugar figura entre los aspectos positivos m\u00e1s mencionados.<\/p>\n\n\n\n<p class=\"wp-block-paragraph\">\ud83d\udca1 Consejo: Si en tus viajes buscas <strong>la combinaci\u00f3n perfecta de servicio de primera y vistas impresionantes<\/strong>, esta es la opci\u00f3n adecuada para ti. La excelente ubicaci\u00f3n central te permite explorar el coraz\u00f3n de la ciudad c\u00f3modamente a pie y descansar por la noche en el m\u00e1ximo lujo. <em><a href=\"https:\/\/www.stay22.com\/allez\/roam?aid=lukaskonecny&#038;campaign=loudavymkrokemcz&#038;campaign=kde-bydlet-ve-vidni&#038;hotelname=The%20Ritz-Carlton%20Vienna&#038;address=V%C3%ADde%C5%88%2C%20Rakousko\" target=\"_blank\" rel=\"nofollow noopener sponsored\">consultar precios y disponibilidad<\/a><\/em><\/p>\n\n\n\n<figure data-wp-context=\"{&quot;imageId&quot;:&quot;6a9ce1b816b1f&quot;}\" data-wp-interactive=\"core\/image\" data-wp-key=\"6a9ce1b816b1f\" class=\"wp-block-image size-full wp-lightbox-container\"><img decoding=\"async\" width=\"480\" height=\"320\" data-wp-class--hide=\"state.isContentHidden\" data-wp-class--show=\"state.isContentVisible\" data-wp-init=\"callbacks.setButtonStyles\" data-wp-on--click=\"actions.showLightbox\" data-wp-on--load=\"callbacks.setButtonStyles\" data-wp-on--pointerdown=\"actions.preloadImage\" data-wp-on--pointerenter=\"actions.preloadImageWithDelay\" data-wp-on--pointerleave=\"actions.cancelPreload\" data-wp-on-window--resize=\"callbacks.setButtonStyles\" src=\"https:\/\/loudavymkrokem.cz\/wp-content\/uploads\/2026\/08\/hotel-bristol-naproti-st-tn-ope-e.jpg\" alt=\"Hotel Bristol frente a la \u00d3pera Estatal\" class=\"wp-image-407158\" title=\"\" srcset=\"https:\/\/loudavymkrokem.cz\/wp-content\/uploads\/2026\/08\/hotel-bristol-naproti-st-tn-ope-e.jpg 480w, https:\/\/loudavymkrokem.cz\/wp-content\/uploads\/2026\/08\/hotel-bristol-naproti-st-tn-ope-e-300x200.jpg 300w\" sizes=\"(max-width: 480px) 100vw, 480px\" \/><button\n\t\t\tclass=\"lightbox-trigger\"\n\t\t\ttype=\"button\"\n\t\t\taria-haspopup=\"dialog\"\n\t\t\tdata-wp-bind--aria-label=\"state.thisImage.triggerButtonAriaLabel\"\n\t\t\tdata-wp-init=\"callbacks.initTriggerButton\"\n\t\t\tdata-wp-on--click=\"actions.showLightbox\"\n\t\t\tdata-wp-style--right=\"state.thisImage.buttonRight\"\n\t\t\tdata-wp-style--top=\"state.thisImage.buttonTop\"\n\t\t>\n\t\t\t<svg xmlns=\"http:\/\/www.w3.org\/2000\/svg\" width=\"12\" height=\"12\" fill=\"none\" viewBox=\"0 0 12 12\">\n\t\t\t\t<path fill=\"#fff\" d=\"M2 0a2 2 0 0 0-2 2v2h1.5V2a.5.5 0 0 1 .5-.5h2V0H2Zm2 10.5H2a.5.5 0 0 1-.5-.5V8H0v2a2 2 0 0 0 2 2h2v-1.5ZM8 12v-1.5h2a.5.5 0 0 0 .5-.5V8H12v2a2 2 0 0 1-2 2H8Zm2-12a2 2 0 0 1 2 2v2h-1.5V2a.5.5 0 0 0-.5-.5H8V0h2Z\" \/>\n\t\t\t<\/svg>\n\t\t<\/button><figcaption class=\"wp-element-caption\">Foto: Hotel Bristol, a Luxury Collection Hotel, Vienna \/ Google Maps<\/figcaption><\/figure>\n\n\n\n<h3 class=\"wp-block-heading\"><span class=\"ez-toc-section\" id=\"5_Hotel_Bristol\"><\/span>5. Hotel Bristol<span class=\"ez-toc-section-end\"><\/span><\/h3>\n\n\n\n<p class=\"wp-block-paragraph\">Este precioso edificio hist\u00f3rico, con una muy s\u00f3lida <strong>valoraci\u00f3n de 4,6 sobre 1 104 rese\u00f1as<\/strong>, se alza justo enfrente de la conocida \u00d3pera Estatal, lo que le confiere desde el principio un prestigio incre\u00edble. Sus interiores en un maravilloso estilo Art D\u00e9co respiran la elegancia de la primera mitad del siglo XX y conservan su encanto original.<\/p>\n\n\n\n<p class=\"wp-block-paragraph\">En las rese\u00f1as, los hu\u00e9spedes destacan sobre todo <strong>las vistas \u00fanicas desde algunas habitaciones directamente al grandioso edificio de la \u00f3pera<\/strong>, una experiencia cultural que cualquier hotel vien\u00e9s no te ofrece as\u00ed como as\u00ed. El ambiente nocturno en esas habitaciones es, dicen, insuperable.<\/p>\n\n\n\n<p class=\"wp-block-paragraph\">El personal es, seg\u00fan dicen, muy cort\u00e9s, servicial y siempre dispuesto a ayudarte con la reserva de entradas o la elecci\u00f3n de un buen restaurante. <strong>El restaurante del hotel y su elegante bar gozan adem\u00e1s de una excelente reputaci\u00f3n<\/strong> incluso entre los propios vieneses, que vienen aqu\u00ed encantados a tomar un caf\u00e9 por la tarde.<\/p>\n\n\n\n<p class=\"wp-block-paragraph\">\ud83d\udca1 Consejo: Reserva una habitaci\u00f3n en este hotel si el punto principal de tu programa es <strong>asistir a una funci\u00f3n de \u00f3pera o a un concierto de m\u00fasica cl\u00e1sica<\/strong>. La ubicaci\u00f3n del edificio, por pura l\u00f3gica, no puede ser mejor para estos fines. <em><a href=\"https:\/\/www.stay22.com\/allez\/roam?aid=lukaskonecny&#038;campaign=loudavymkrokemcz&#038;campaign=kde-bydlet-ve-vidni&#038;hotelname=Hotel%20Bristol&#038;address=V%C3%ADde%C5%88%2C%20Rakousko\" target=\"_blank\" rel=\"nofollow noopener sponsored\">consultar precios y disponibilidad<\/a><\/em><\/p>\n\n\n\n<figure data-wp-context=\"{&quot;imageId&quot;:&quot;6a9ce1b81706a&quot;}\" data-wp-interactive=\"core\/image\" data-wp-key=\"6a9ce1b81706a\" class=\"wp-block-image size-full wp-lightbox-container\"><img decoding=\"async\" width=\"1800\" height=\"1200\" data-wp-class--hide=\"state.isContentHidden\" data-wp-class--show=\"state.isContentVisible\" data-wp-init=\"callbacks.setButtonStyles\" data-wp-on--click=\"actions.showLightbox\" data-wp-on--load=\"callbacks.setButtonStyles\" data-wp-on--pointerdown=\"actions.preloadImage\" data-wp-on--pointerenter=\"actions.preloadImageWithDelay\" data-wp-on--pointerleave=\"actions.cancelPreload\" data-wp-on-window--resize=\"callbacks.setButtonStyles\" src=\"https:\/\/loudavymkrokem.cz\/wp-content\/uploads\/2026\/08\/rosewood-vienna-1.jpg\" alt=\"Fachada hist\u00f3rica del hotel Rosewood Vienna\" class=\"wp-image-407087\" title=\"\" srcset=\"https:\/\/loudavymkrokem.cz\/wp-content\/uploads\/2026\/08\/rosewood-vienna-1.jpg 1800w, https:\/\/loudavymkrokem.cz\/wp-content\/uploads\/2026\/08\/rosewood-vienna-1-300x200.jpg 300w, https:\/\/loudavymkrokem.cz\/wp-content\/uploads\/2026\/08\/rosewood-vienna-1-700x467.jpg 700w, https:\/\/loudavymkrokem.cz\/wp-content\/uploads\/2026\/08\/rosewood-vienna-1-768x512.jpg 768w, https:\/\/loudavymkrokem.cz\/wp-content\/uploads\/2026\/08\/rosewood-vienna-1-1536x1024.jpg 1536w, https:\/\/loudavymkrokem.cz\/wp-content\/uploads\/2026\/08\/rosewood-vienna-1-696x464.jpg 696w, https:\/\/loudavymkrokem.cz\/wp-content\/uploads\/2026\/08\/rosewood-vienna-1-1392x928.jpg 1392w\" sizes=\"(max-width: 1800px) 100vw, 1800px\" \/><button\n\t\t\tclass=\"lightbox-trigger\"\n\t\t\ttype=\"button\"\n\t\t\taria-haspopup=\"dialog\"\n\t\t\tdata-wp-bind--aria-label=\"state.thisImage.triggerButtonAriaLabel\"\n\t\t\tdata-wp-init=\"callbacks.initTriggerButton\"\n\t\t\tdata-wp-on--click=\"actions.showLightbox\"\n\t\t\tdata-wp-style--right=\"state.thisImage.buttonRight\"\n\t\t\tdata-wp-style--top=\"state.thisImage.buttonTop\"\n\t\t>\n\t\t\t<svg xmlns=\"http:\/\/www.w3.org\/2000\/svg\" width=\"12\" height=\"12\" fill=\"none\" viewBox=\"0 0 12 12\">\n\t\t\t\t<path fill=\"#fff\" d=\"M2 0a2 2 0 0 0-2 2v2h1.5V2a.5.5 0 0 1 .5-.5h2V0H2Zm2 10.5H2a.5.5 0 0 1-.5-.5V8H0v2a2 2 0 0 0 2 2h2v-1.5ZM8 12v-1.5h2a.5.5 0 0 0 .5-.5V8H12v2a2 2 0 0 1-2 2H8Zm2-12a2 2 0 0 1 2 2v2h-1.5V2a.5.5 0 0 0-.5-.5H8V0h2Z\" \/>\n\t\t\t<\/svg>\n\t\t<\/button><figcaption class=\"wp-element-caption\">Foto: Rosewood Vienna \/ web oficial<\/figcaption><\/figure>\n\n\n\n<h3 class=\"wp-block-heading\"><span class=\"ez-toc-section\" id=\"6_Rosewood_Vienna\"><\/span>6. Rosewood Vienna<span class=\"ez-toc-section-end\"><\/span><\/h3>\n\n\n\n<p class=\"wp-block-paragraph\">Como una de las incorporaciones m\u00e1s recientes a la escena del lujo vien\u00e9s, este hotel se gan\u00f3 muy r\u00e1pido el coraz\u00f3n de los hu\u00e9spedes y presume de una preciosa <strong>valoraci\u00f3n de 4,6 sobre 513 rese\u00f1as<\/strong>. Se encuentra en la pintoresca plaza Petersplatz, literalmente a unas decenas de metros de la famosa calle comercial Graben, y ofrece una atm\u00f3sfera muy \u00edntima y boutique.<\/p>\n\n\n\n<p class=\"wp-block-paragraph\">Los dise\u00f1adores expertos apostaron aqu\u00ed conscientemente por la ligereza, los colores pastel claros y el arte moderno omnipresente. Con ello crearon <strong>un contraste muy fresco y agradable frente a los tradicionales hoteles vieneses oscuros<\/strong>, que a veces pueden resultar algo recargados. Este enfoque lo agradece sobre todo la generaci\u00f3n m\u00e1s joven de viajeros.<\/p>\n\n\n\n<p class=\"wp-block-paragraph\">Hu\u00e9spedes de todo el mundo valoran en las rese\u00f1as sobre todo <strong>el silencio absoluto y la total privacidad<\/strong> que el hotel proporciona sorprendentemente a pesar de su ubicaci\u00f3n en pleno centro palpitante de la metr\u00f3poli. Tambi\u00e9n hay a disposici\u00f3n un excelente restaurante con terraza de verano.<\/p>\n\n\n\n<p class=\"wp-block-paragraph\">\ud83d\udca1 Consejo: Este es un lugar absolutamente perfecto para los viajeros que en sus vacaciones exigen <strong>el equipamiento m\u00e1s moderno y un dise\u00f1o luminoso impecable<\/strong> combinado con la atm\u00f3sfera \u00edntima y tranquila de un establecimiento de lujo m\u00e1s peque\u00f1o. <em><a href=\"https:\/\/www.stay22.com\/allez\/roam?aid=lukaskonecny&#038;campaign=loudavymkrokemcz&#038;campaign=kde-bydlet-ve-vidni&#038;hotelname=Rosewood%20Vienna&#038;address=V%C3%ADde%C5%88%2C%20Rakousko\" target=\"_blank\" rel=\"nofollow noopener sponsored\">consultar precios y disponibilidad<\/a><\/em><\/p>\n\n\n\n<figure data-wp-context=\"{&quot;imageId&quot;:&quot;6a9ce1b817598&quot;}\" data-wp-interactive=\"core\/image\" data-wp-key=\"6a9ce1b817598\" class=\"wp-block-image size-full wp-lightbox-container\"><img decoding=\"async\" width=\"1600\" height=\"1066\" data-wp-class--hide=\"state.isContentHidden\" data-wp-class--show=\"state.isContentVisible\" data-wp-init=\"callbacks.setButtonStyles\" data-wp-on--click=\"actions.showLightbox\" data-wp-on--load=\"callbacks.setButtonStyles\" data-wp-on--pointerdown=\"actions.preloadImage\" data-wp-on--pointerenter=\"actions.preloadImageWithDelay\" data-wp-on--pointerleave=\"actions.cancelPreload\" data-wp-on-window--resize=\"callbacks.setButtonStyles\" src=\"https:\/\/loudavymkrokem.cz\/wp-content\/uploads\/2026\/08\/eurostars-grand-hotel-na-k-rntner-ringu.jpg\" alt=\"Eurostars Grand Hotel en la K\u00e4rntner Ring\" class=\"wp-image-407141\" title=\"\" srcset=\"https:\/\/loudavymkrokem.cz\/wp-content\/uploads\/2026\/08\/eurostars-grand-hotel-na-k-rntner-ringu.jpg 1600w, https:\/\/loudavymkrokem.cz\/wp-content\/uploads\/2026\/08\/eurostars-grand-hotel-na-k-rntner-ringu-300x200.jpg 300w, https:\/\/loudavymkrokem.cz\/wp-content\/uploads\/2026\/08\/eurostars-grand-hotel-na-k-rntner-ringu-700x466.jpg 700w, https:\/\/loudavymkrokem.cz\/wp-content\/uploads\/2026\/08\/eurostars-grand-hotel-na-k-rntner-ringu-768x512.jpg 768w, https:\/\/loudavymkrokem.cz\/wp-content\/uploads\/2026\/08\/eurostars-grand-hotel-na-k-rntner-ringu-1536x1023.jpg 1536w, https:\/\/loudavymkrokem.cz\/wp-content\/uploads\/2026\/08\/eurostars-grand-hotel-na-k-rntner-ringu-696x464.jpg 696w, https:\/\/loudavymkrokem.cz\/wp-content\/uploads\/2026\/08\/eurostars-grand-hotel-na-k-rntner-ringu-1392x927.jpg 1392w\" sizes=\"(max-width: 1600px) 100vw, 1600px\" \/><button\n\t\t\tclass=\"lightbox-trigger\"\n\t\t\ttype=\"button\"\n\t\t\taria-haspopup=\"dialog\"\n\t\t\tdata-wp-bind--aria-label=\"state.thisImage.triggerButtonAriaLabel\"\n\t\t\tdata-wp-init=\"callbacks.initTriggerButton\"\n\t\t\tdata-wp-on--click=\"actions.showLightbox\"\n\t\t\tdata-wp-style--right=\"state.thisImage.buttonRight\"\n\t\t\tdata-wp-style--top=\"state.thisImage.buttonTop\"\n\t\t>\n\t\t\t<svg xmlns=\"http:\/\/www.w3.org\/2000\/svg\" width=\"12\" height=\"12\" fill=\"none\" viewBox=\"0 0 12 12\">\n\t\t\t\t<path fill=\"#fff\" d=\"M2 0a2 2 0 0 0-2 2v2h1.5V2a.5.5 0 0 1 .5-.5h2V0H2Zm2 10.5H2a.5.5 0 0 1-.5-.5V8H0v2a2 2 0 0 0 2 2h2v-1.5ZM8 12v-1.5h2a.5.5 0 0 0 .5-.5V8H12v2a2 2 0 0 1-2 2H8Zm2-12a2 2 0 0 1 2 2v2h-1.5V2a.5.5 0 0 0-.5-.5H8V0h2Z\" \/>\n\t\t\t<\/svg>\n\t\t<\/button><figcaption class=\"wp-element-caption\">Foto: Eurostars Grand Hotel Wien \/ Google Maps<\/figcaption><\/figure>\n\n\n\n<h3 class=\"wp-block-heading\"><span class=\"ez-toc-section\" id=\"7_Eurostars_Grand_Hotel_Wien\"><\/span>7. Eurostars Grand Hotel Wien<span class=\"ez-toc-section-end\"><\/span><\/h3>\n\n\n\n<p class=\"wp-block-paragraph\">Este hotel muy popular en la prestigiosa K\u00e4rntner Ring alcanza una excelente <strong>valoraci\u00f3n de 4,6 sobre 1 986 rese\u00f1as<\/strong> y ofrece el cl\u00e1sico estilo vien\u00e9s a un precio algo m\u00e1s asequible que los iconos palaciegos m\u00e1s conocidos. El edificio combina de forma muy inteligente el encanto hist\u00f3rico conservado con todo el confort moderno que puedas necesitar.<\/p>\n\n\n\n<p class=\"wp-block-paragraph\">Los viajeros elogian en las rese\u00f1as, muy a menudo y con gusto, <strong>los desayunos buf\u00e9 riqu\u00edsimos y los ba\u00f1os inesperadamente amplios<\/strong>, que en los edificios hist\u00f3ricos del centro de Viena suelen ser a menudo un problema serio. Aqu\u00ed, en cambio, no tendr\u00e1s motivo para quejarte por falta de espacio.<\/p>\n\n\n\n<p class=\"wp-block-paragraph\">Una enorme ventaja log\u00edstica es tambi\u00e9n la cercan\u00eda inmediata de la importante estaci\u00f3n de metro Karlsplatz. <strong>Este gran nudo de transporte te garantiza una conexi\u00f3n estupenda y r\u00e1pida<\/strong> a absolutamente todos los rincones de la ciudad, incluida la ruta directa al palacio de Sch\u00f6nbrunn.<\/p>\n\n\n\n<p class=\"wp-block-paragraph\">\ud83d\udca1 Consejo: Si quieres a toda costa alojarte en el prestigioso Ring pero no necesitas el car\u00edsimo servicio de mayordomo personal, este hotel te ofrece <strong>un compromiso excelente y razonable entre lujo real y precio asumible<\/strong>. <em><a href=\"https:\/\/www.stay22.com\/allez\/roam?aid=lukaskonecny&#038;campaign=loudavymkrokemcz&#038;campaign=kde-bydlet-ve-vidni&#038;hotelname=Eurostars%20Grand%20Hotel%20Wien&#038;address=V%C3%ADde%C5%88%2C%20Rakousko\" target=\"_blank\" rel=\"nofollow noopener sponsored\">consultar precios y disponibilidad<\/a><\/em><\/p>\n\n\n\n<figure data-wp-context=\"{&quot;imageId&quot;:&quot;6a9ce1b817ace&quot;}\" data-wp-interactive=\"core\/image\" data-wp-key=\"6a9ce1b817ace\" class=\"wp-block-image size-full wp-lightbox-container\"><img decoding=\"async\" width=\"1800\" height=\"1199\" data-wp-class--hide=\"state.isContentHidden\" data-wp-class--show=\"state.isContentVisible\" data-wp-init=\"callbacks.setButtonStyles\" data-wp-on--click=\"actions.showLightbox\" data-wp-on--load=\"callbacks.setButtonStyles\" data-wp-on--pointerdown=\"actions.preloadImage\" data-wp-on--pointerenter=\"actions.preloadImageWithDelay\" data-wp-on--pointerleave=\"actions.cancelPreload\" data-wp-on-window--resize=\"callbacks.setButtonStyles\" src=\"https:\/\/loudavymkrokem.cz\/wp-content\/uploads\/2026\/08\/hotel-kaiserhof-wien-1.jpg\" alt=\"Habitaci\u00f3n del Hotel Kaiserhof Wien\" class=\"wp-image-407082\" title=\"\" srcset=\"https:\/\/loudavymkrokem.cz\/wp-content\/uploads\/2026\/08\/hotel-kaiserhof-wien-1.jpg 1800w, https:\/\/loudavymkrokem.cz\/wp-content\/uploads\/2026\/08\/hotel-kaiserhof-wien-1-300x200.jpg 300w, https:\/\/loudavymkrokem.cz\/wp-content\/uploads\/2026\/08\/hotel-kaiserhof-wien-1-700x466.jpg 700w, https:\/\/loudavymkrokem.cz\/wp-content\/uploads\/2026\/08\/hotel-kaiserhof-wien-1-768x512.jpg 768w, https:\/\/loudavymkrokem.cz\/wp-content\/uploads\/2026\/08\/hotel-kaiserhof-wien-1-1536x1023.jpg 1536w, https:\/\/loudavymkrokem.cz\/wp-content\/uploads\/2026\/08\/hotel-kaiserhof-wien-1-696x464.jpg 696w, https:\/\/loudavymkrokem.cz\/wp-content\/uploads\/2026\/08\/hotel-kaiserhof-wien-1-1392x927.jpg 1392w\" sizes=\"(max-width: 1800px) 100vw, 1800px\" \/><button\n\t\t\tclass=\"lightbox-trigger\"\n\t\t\ttype=\"button\"\n\t\t\taria-haspopup=\"dialog\"\n\t\t\tdata-wp-bind--aria-label=\"state.thisImage.triggerButtonAriaLabel\"\n\t\t\tdata-wp-init=\"callbacks.initTriggerButton\"\n\t\t\tdata-wp-on--click=\"actions.showLightbox\"\n\t\t\tdata-wp-style--right=\"state.thisImage.buttonRight\"\n\t\t\tdata-wp-style--top=\"state.thisImage.buttonTop\"\n\t\t>\n\t\t\t<svg xmlns=\"http:\/\/www.w3.org\/2000\/svg\" width=\"12\" height=\"12\" fill=\"none\" viewBox=\"0 0 12 12\">\n\t\t\t\t<path fill=\"#fff\" d=\"M2 0a2 2 0 0 0-2 2v2h1.5V2a.5.5 0 0 1 .5-.5h2V0H2Zm2 10.5H2a.5.5 0 0 1-.5-.5V8H0v2a2 2 0 0 0 2 2h2v-1.5ZM8 12v-1.5h2a.5.5 0 0 0 .5-.5V8H12v2a2 2 0 0 1-2 2H8Zm2-12a2 2 0 0 1 2 2v2h-1.5V2a.5.5 0 0 0-.5-.5H8V0h2Z\" \/>\n\t\t\t<\/svg>\n\t\t<\/button><figcaption class=\"wp-element-caption\">Foto: Hotel Kaiserhof Wien \/ web oficial<\/figcaption><\/figure>\n\n\n\n<h3 class=\"wp-block-heading\"><span class=\"ez-toc-section\" id=\"8_HOTEL_KAISERHOF_WIEN\"><\/span>8. HOTEL KAISERHOF WIEN<span class=\"ez-toc-section-end\"><\/span><\/h3>\n\n\n\n<p class=\"wp-block-paragraph\">Con una <strong>valoraci\u00f3n absolutamente fant\u00e1stica y singular de 4,8 sobre 1 364 rese\u00f1as, se trata del hotel mejor valorado de toda nuestra amplia selecci\u00f3n<\/strong>. Este hotel boutique familiar y tradicional est\u00e1 cerca del bullicioso Karlsplatz y conquista a los hu\u00e9spedes sobre todo por el trato incre\u00edblemente c\u00e1lido y personal de todo su personal.<\/p>\n\n\n\n<figure data-wp-context=\"{&quot;galleryId&quot;:&quot;6a9ce1b817ccf&quot;}\" data-wp-interactive=\"core\/gallery\" class=\"wp-block-gallery has-nested-images columns-2 is-cropped wp-block-gallery-is-layout-flex wp-block-gallery-3 is-layout-flex\">\n\n<figure data-wp-context=\"{&quot;imageId&quot;:&quot;6a9ce1b817ffc&quot;}\" data-wp-interactive=\"core\/image\" data-wp-key=\"6a9ce1b817ffc\" class=\"wp-block-image size-large wp-lightbox-container\"><img decoding=\"async\" width=\"1800\" height=\"1199\" data-wp-class--hide=\"state.isContentHidden\" data-wp-class--show=\"state.isContentVisible\" data-wp-init=\"callbacks.setButtonStyles\" data-wp-on--click=\"actions.showLightbox\" data-wp-on--load=\"callbacks.setButtonStyles\" data-wp-on--pointerdown=\"actions.preloadImage\" data-wp-on--pointerenter=\"actions.preloadImageWithDelay\" data-wp-on--pointerleave=\"actions.cancelPreload\" data-wp-on-window--resize=\"callbacks.setButtonStyles\" data-id=\"407085\" src=\"https:\/\/loudavymkrokem.cz\/wp-content\/uploads\/2026\/08\/hotel-kaiserhof-wien-2.jpg\" alt=\"Interior del Hotel Kaiserhof Wien\" class=\"wp-image-407085\" title=\"\" srcset=\"https:\/\/loudavymkrokem.cz\/wp-content\/uploads\/2026\/08\/hotel-kaiserhof-wien-2.jpg 1800w, https:\/\/loudavymkrokem.cz\/wp-content\/uploads\/2026\/08\/hotel-kaiserhof-wien-2-300x200.jpg 300w, https:\/\/loudavymkrokem.cz\/wp-content\/uploads\/2026\/08\/hotel-kaiserhof-wien-2-700x466.jpg 700w, https:\/\/loudavymkrokem.cz\/wp-content\/uploads\/2026\/08\/hotel-kaiserhof-wien-2-768x512.jpg 768w, https:\/\/loudavymkrokem.cz\/wp-content\/uploads\/2026\/08\/hotel-kaiserhof-wien-2-1536x1023.jpg 1536w, https:\/\/loudavymkrokem.cz\/wp-content\/uploads\/2026\/08\/hotel-kaiserhof-wien-2-696x464.jpg 696w, https:\/\/loudavymkrokem.cz\/wp-content\/uploads\/2026\/08\/hotel-kaiserhof-wien-2-1392x927.jpg 1392w\" sizes=\"(max-width: 1800px) 100vw, 1800px\" \/><button\n\t\t\tclass=\"lightbox-trigger\"\n\t\t\ttype=\"button\"\n\t\t\taria-haspopup=\"dialog\"\n\t\t\tdata-wp-bind--aria-label=\"state.thisImage.triggerButtonAriaLabel\"\n\t\t\tdata-wp-init=\"callbacks.initTriggerButton\"\n\t\t\tdata-wp-on--click=\"actions.showLightbox\"\n\t\t\tdata-wp-style--right=\"state.thisImage.buttonRight\"\n\t\t\tdata-wp-style--top=\"state.thisImage.buttonTop\"\n\t\t>\n\t\t\t<svg xmlns=\"http:\/\/www.w3.org\/2000\/svg\" width=\"12\" height=\"12\" fill=\"none\" viewBox=\"0 0 12 12\">\n\t\t\t\t<path fill=\"#fff\" d=\"M2 0a2 2 0 0 0-2 2v2h1.5V2a.5.5 0 0 1 .5-.5h2V0H2Zm2 10.5H2a.5.5 0 0 1-.5-.5V8H0v2a2 2 0 0 0 2 2h2v-1.5ZM8 12v-1.5h2a.5.5 0 0 0 .5-.5V8H12v2a2 2 0 0 1-2 2H8Zm2-12a2 2 0 0 1 2 2v2h-1.5V2a.5.5 0 0 0-.5-.5H8V0h2Z\" \/>\n\t\t\t<\/svg>\n\t\t<\/button><figcaption class=\"wp-element-caption\">Foto: Hotel Kaiserhof Wien \/ web oficial<\/figcaption><\/figure>\n\n<\/figure>\n\n\n\n<p class=\"wp-block-paragraph\">En las rese\u00f1as entusiastas se repiten sin cesar los grandes elogios a los famosos desayunos, la limpieza impecable de todos los espacios y el equipamiento muy acogedor de las habitaciones, que mezclan con naturalidad tradici\u00f3n y elementos modernos. <strong>Cada detalle est\u00e1 aqu\u00ed cuidadosamente pensado para el m\u00e1ximo confort del hu\u00e9sped<\/strong>.<\/p>\n\n\n\n<p class=\"wp-block-paragraph\">La ubicaci\u00f3n es muy tranquila y, sin embargo, est\u00e1 <strong>a solo unos minutos a pie del edificio de la \u00f3pera<\/strong> y del centro hist\u00f3rico. Los visitantes tienen adem\u00e1s a su disposici\u00f3n un agradable centro wellness, que tras un largo d\u00eda caminando por la ciudad viene de maravilla.<\/p>\n\n\n\n<p class=\"wp-block-paragraph\">\ud83d\udca1 Consejo: Es la opci\u00f3n absolutamente ideal para los viajeros que prefieren <strong>el ambiente familiar y el trato personal<\/strong> frente al fr\u00edo anonimato de las grandes cadenas hoteleras. Aqu\u00ed recibir\u00e1s un cuidado sincero que hoy en d\u00eda ya es muy dif\u00edcil de encontrar. <em><a href=\"https:\/\/www.stay22.com\/allez\/roam?aid=lukaskonecny&#038;campaign=loudavymkrokemcz&#038;campaign=kde-bydlet-ve-vidni&#038;hotelname=HOTEL%20KAISERHOF%20WIEN&#038;address=V%C3%ADde%C5%88%2C%20Rakousko\" target=\"_blank\" rel=\"nofollow noopener sponsored\">consultar precios y disponibilidad<\/a><\/em><\/p>\n\n\n\n<figure data-wp-context=\"{&quot;imageId&quot;:&quot;6a9ce1b818647&quot;}\" data-wp-interactive=\"core\/image\" data-wp-key=\"6a9ce1b818647\" class=\"wp-block-image size-full wp-lightbox-container\"><img decoding=\"async\" width=\"1800\" height=\"1201\" data-wp-class--hide=\"state.isContentHidden\" data-wp-class--show=\"state.isContentVisible\" data-wp-init=\"callbacks.setButtonStyles\" data-wp-on--click=\"actions.showLightbox\" data-wp-on--load=\"callbacks.setButtonStyles\" data-wp-on--pointerdown=\"actions.preloadImage\" data-wp-on--pointerenter=\"actions.preloadImageWithDelay\" data-wp-on--pointerleave=\"actions.cancelPreload\" data-wp-on-window--resize=\"callbacks.setButtonStyles\" src=\"https:\/\/loudavymkrokem.cz\/wp-content\/uploads\/2026\/08\/cocoon-wien-westbahnhof-boutiquehotel-stadth-1.jpg\" alt=\"Fachada verde del Boutiquehotel Stadthalle junto a Westbahnhof\" class=\"wp-image-407077\" title=\"\" srcset=\"https:\/\/loudavymkrokem.cz\/wp-content\/uploads\/2026\/08\/cocoon-wien-westbahnhof-boutiquehotel-stadth-1.jpg 1800w, https:\/\/loudavymkrokem.cz\/wp-content\/uploads\/2026\/08\/cocoon-wien-westbahnhof-boutiquehotel-stadth-1-300x200.jpg 300w, https:\/\/loudavymkrokem.cz\/wp-content\/uploads\/2026\/08\/cocoon-wien-westbahnhof-boutiquehotel-stadth-1-700x467.jpg 700w, https:\/\/loudavymkrokem.cz\/wp-content\/uploads\/2026\/08\/cocoon-wien-westbahnhof-boutiquehotel-stadth-1-768x512.jpg 768w, https:\/\/loudavymkrokem.cz\/wp-content\/uploads\/2026\/08\/cocoon-wien-westbahnhof-boutiquehotel-stadth-1-1536x1025.jpg 1536w, https:\/\/loudavymkrokem.cz\/wp-content\/uploads\/2026\/08\/cocoon-wien-westbahnhof-boutiquehotel-stadth-1-696x464.jpg 696w, https:\/\/loudavymkrokem.cz\/wp-content\/uploads\/2026\/08\/cocoon-wien-westbahnhof-boutiquehotel-stadth-1-1392x929.jpg 1392w\" sizes=\"(max-width: 1800px) 100vw, 1800px\" \/><button\n\t\t\tclass=\"lightbox-trigger\"\n\t\t\ttype=\"button\"\n\t\t\taria-haspopup=\"dialog\"\n\t\t\tdata-wp-bind--aria-label=\"state.thisImage.triggerButtonAriaLabel\"\n\t\t\tdata-wp-init=\"callbacks.initTriggerButton\"\n\t\t\tdata-wp-on--click=\"actions.showLightbox\"\n\t\t\tdata-wp-style--right=\"state.thisImage.buttonRight\"\n\t\t\tdata-wp-style--top=\"state.thisImage.buttonTop\"\n\t\t>\n\t\t\t<svg xmlns=\"http:\/\/www.w3.org\/2000\/svg\" width=\"12\" height=\"12\" fill=\"none\" viewBox=\"0 0 12 12\">\n\t\t\t\t<path fill=\"#fff\" d=\"M2 0a2 2 0 0 0-2 2v2h1.5V2a.5.5 0 0 1 .5-.5h2V0H2Zm2 10.5H2a.5.5 0 0 1-.5-.5V8H0v2a2 2 0 0 0 2 2h2v-1.5ZM8 12v-1.5h2a.5.5 0 0 0 .5-.5V8H12v2a2 2 0 0 1-2 2H8Zm2-12a2 2 0 0 1 2 2v2h-1.5V2a.5.5 0 0 0-.5-.5H8V0h2Z\" \/>\n\t\t\t<\/svg>\n\t\t<\/button><figcaption class=\"wp-element-caption\">Foto: Boutiquehotel Stadthalle \/ web oficial<\/figcaption><\/figure>\n\n\n\n<h3 class=\"wp-block-heading\"><span class=\"ez-toc-section\" id=\"9_Cocoon_Wien_Westbahnhof_%E2%80%94_Boutiquehotel_Stadthalle\"><\/span>9. Cocoon Wien Westbahnhof \u2014 Boutiquehotel Stadthalle<span class=\"ez-toc-section-end\"><\/span><\/h3>\n\n\n\n<p class=\"wp-block-paragraph\">Este interesante hotel de orientaci\u00f3n ecol\u00f3gica ocupa una preciosa casa de principios del siglo XX. Lo encuentras cerca de la importante estaci\u00f3n de Westbahnhof y presume con raz\u00f3n de una estupenda <strong>valoraci\u00f3n de 4,8 sobre 1 369 rese\u00f1as<\/strong>. Todo el concepto se basa en un profundo respeto por la naturaleza y el viaje sostenible.<\/p>\n\n\n\n<figure data-wp-context=\"{&quot;galleryId&quot;:&quot;6a9ce1b818903&quot;}\" data-wp-interactive=\"core\/gallery\" class=\"wp-block-gallery has-nested-images columns-2 is-cropped wp-block-gallery-is-layout-flex wp-block-gallery-4 is-layout-flex\">\n\n<figure data-wp-context=\"{&quot;imageId&quot;:&quot;6a9ce1b818dab&quot;}\" data-wp-interactive=\"core\/image\" data-wp-key=\"6a9ce1b818dab\" class=\"wp-block-image size-large wp-lightbox-container\"><img decoding=\"async\" width=\"1707\" height=\"2560\" data-wp-class--hide=\"state.isContentHidden\" data-wp-class--show=\"state.isContentVisible\" data-wp-init=\"callbacks.setButtonStyles\" data-wp-on--click=\"actions.showLightbox\" data-wp-on--load=\"callbacks.setButtonStyles\" data-wp-on--pointerdown=\"actions.preloadImage\" data-wp-on--pointerenter=\"actions.preloadImageWithDelay\" data-wp-on--pointerleave=\"actions.cancelPreload\" data-wp-on-window--resize=\"callbacks.setButtonStyles\" data-id=\"407080\" src=\"https:\/\/loudavymkrokem.cz\/wp-content\/uploads\/2026\/08\/cocoon-wien-westbahnhof-boutiquehotel-stadth-3.jpg\" alt=\"Zona de desayunos del Boutiquehotel Stadthalle\" class=\"wp-image-407080\" title=\"\" srcset=\"https:\/\/loudavymkrokem.cz\/wp-content\/uploads\/2026\/08\/cocoon-wien-westbahnhof-boutiquehotel-stadth-3.jpg 1707w, https:\/\/loudavymkrokem.cz\/wp-content\/uploads\/2026\/08\/cocoon-wien-westbahnhof-boutiquehotel-stadth-3-200x300.jpg 200w, https:\/\/loudavymkrokem.cz\/wp-content\/uploads\/2026\/08\/cocoon-wien-westbahnhof-boutiquehotel-stadth-3-700x1050.jpg 700w, https:\/\/loudavymkrokem.cz\/wp-content\/uploads\/2026\/08\/cocoon-wien-westbahnhof-boutiquehotel-stadth-3-768x1152.jpg 768w, https:\/\/loudavymkrokem.cz\/wp-content\/uploads\/2026\/08\/cocoon-wien-westbahnhof-boutiquehotel-stadth-3-1024x1536.jpg 1024w, https:\/\/loudavymkrokem.cz\/wp-content\/uploads\/2026\/08\/cocoon-wien-westbahnhof-boutiquehotel-stadth-3-1366x2048.jpg 1366w, https:\/\/loudavymkrokem.cz\/wp-content\/uploads\/2026\/08\/cocoon-wien-westbahnhof-boutiquehotel-stadth-3-696x1044.jpg 696w, https:\/\/loudavymkrokem.cz\/wp-content\/uploads\/2026\/08\/cocoon-wien-westbahnhof-boutiquehotel-stadth-3-1392x2088.jpg 1392w\" sizes=\"(max-width: 1707px) 100vw, 1707px\" \/><button\n\t\t\tclass=\"lightbox-trigger\"\n\t\t\ttype=\"button\"\n\t\t\taria-haspopup=\"dialog\"\n\t\t\tdata-wp-bind--aria-label=\"state.thisImage.triggerButtonAriaLabel\"\n\t\t\tdata-wp-init=\"callbacks.initTriggerButton\"\n\t\t\tdata-wp-on--click=\"actions.showLightbox\"\n\t\t\tdata-wp-style--right=\"state.thisImage.buttonRight\"\n\t\t\tdata-wp-style--top=\"state.thisImage.buttonTop\"\n\t\t>\n\t\t\t<svg xmlns=\"http:\/\/www.w3.org\/2000\/svg\" width=\"12\" height=\"12\" fill=\"none\" viewBox=\"0 0 12 12\">\n\t\t\t\t<path fill=\"#fff\" d=\"M2 0a2 2 0 0 0-2 2v2h1.5V2a.5.5 0 0 1 .5-.5h2V0H2Zm2 10.5H2a.5.5 0 0 1-.5-.5V8H0v2a2 2 0 0 0 2 2h2v-1.5ZM8 12v-1.5h2a.5.5 0 0 0 .5-.5V8H12v2a2 2 0 0 1-2 2H8Zm2-12a2 2 0 0 1 2 2v2h-1.5V2a.5.5 0 0 0-.5-.5H8V0h2Z\" \/>\n\t\t\t<\/svg>\n\t\t<\/button><figcaption class=\"wp-element-caption\">Foto: Boutiquehotel Stadthalle \/ web oficial<\/figcaption><\/figure>\n\n<\/figure>\n\n\n\n<p class=\"wp-block-paragraph\">El elemento \u00fanico de todo el recinto es un precioso patio interior y un cuidado jard\u00edn de lavanda en flor. Este ofrece a los hu\u00e9spedes <strong>un oasis maravilloso de calma verde en medio de la ciudad<\/strong>, donde puedes refugiarte c\u00f3modamente tras un d\u00eda entero corriendo entre monumentos. Adem\u00e1s, los hu\u00e9spedes adoran los desayunos con productos ecol\u00f3gicos locales.<\/p>\n\n\n\n<p class=\"wp-block-paragraph\">\u26a0\ufe0f Aviso de las rese\u00f1as: Antes de reservar una habitaci\u00f3n aqu\u00ed, debes saber una cosa importante. Si eliges deliberadamente <strong>las habitaciones con vistas al jard\u00edn, ten en cuenta que est\u00e1n en el edificio hist\u00f3rico sin ascensor<\/strong>, lo cual puede ser un gran problema para personas con movilidad reducida o con maletas pesadas.<\/p>\n\n\n\n<p class=\"wp-block-paragraph\">\ud83d\udca1 Consejo: Elige este hotel si llegas a la ciudad en tren a Westbahnhof y valoras de verdad <strong>el enfoque ecol\u00f3gico combinado con la calma del jard\u00edn interior<\/strong>. Adem\u00e1s, al centro llegas f\u00e1cilmente desde aqu\u00ed con una l\u00ednea directa de metro en un momento. <em><a href=\"https:\/\/www.stay22.com\/allez\/roam?aid=lukaskonecny&#038;campaign=loudavymkrokemcz&#038;campaign=kde-bydlet-ve-vidni&#038;hotelname=Cocoon%20Wien%20Westbahnhof&#038;address=V%C3%ADde%C5%88%2C%20Rakousko\" target=\"_blank\" rel=\"nofollow noopener sponsored\">consultar precios y disponibilidad<\/a><\/em><\/p>\n\n\n\n<figure data-wp-context=\"{&quot;imageId&quot;:&quot;6a9ce1b8195eb&quot;}\" data-wp-interactive=\"core\/image\" data-wp-key=\"6a9ce1b8195eb\" class=\"wp-block-image size-full wp-lightbox-container\"><img decoding=\"async\" width=\"1800\" height=\"1200\" data-wp-class--hide=\"state.isContentHidden\" data-wp-class--show=\"state.isContentVisible\" data-wp-init=\"callbacks.setButtonStyles\" data-wp-on--click=\"actions.showLightbox\" data-wp-on--load=\"callbacks.setButtonStyles\" data-wp-on--pointerdown=\"actions.preloadImage\" data-wp-on--pointerenter=\"actions.preloadImageWithDelay\" data-wp-on--pointerleave=\"actions.cancelPreload\" data-wp-on-window--resize=\"callbacks.setButtonStyles\" src=\"https:\/\/loudavymkrokem.cz\/wp-content\/uploads\/2026\/08\/hotel-motto-2.jpg\" alt=\"Hotel MOTTO en el barrio vien\u00e9s de Mariahilf\" class=\"wp-image-407072\" title=\"\" srcset=\"https:\/\/loudavymkrokem.cz\/wp-content\/uploads\/2026\/08\/hotel-motto-2.jpg 1800w, https:\/\/loudavymkrokem.cz\/wp-content\/uploads\/2026\/08\/hotel-motto-2-300x200.jpg 300w, https:\/\/loudavymkrokem.cz\/wp-content\/uploads\/2026\/08\/hotel-motto-2-700x467.jpg 700w, https:\/\/loudavymkrokem.cz\/wp-content\/uploads\/2026\/08\/hotel-motto-2-768x512.jpg 768w, https:\/\/loudavymkrokem.cz\/wp-content\/uploads\/2026\/08\/hotel-motto-2-1536x1024.jpg 1536w, https:\/\/loudavymkrokem.cz\/wp-content\/uploads\/2026\/08\/hotel-motto-2-696x464.jpg 696w, https:\/\/loudavymkrokem.cz\/wp-content\/uploads\/2026\/08\/hotel-motto-2-1392x928.jpg 1392w\" sizes=\"(max-width: 1800px) 100vw, 1800px\" \/><button\n\t\t\tclass=\"lightbox-trigger\"\n\t\t\ttype=\"button\"\n\t\t\taria-haspopup=\"dialog\"\n\t\t\tdata-wp-bind--aria-label=\"state.thisImage.triggerButtonAriaLabel\"\n\t\t\tdata-wp-init=\"callbacks.initTriggerButton\"\n\t\t\tdata-wp-on--click=\"actions.showLightbox\"\n\t\t\tdata-wp-style--right=\"state.thisImage.buttonRight\"\n\t\t\tdata-wp-style--top=\"state.thisImage.buttonTop\"\n\t\t>\n\t\t\t<svg xmlns=\"http:\/\/www.w3.org\/2000\/svg\" width=\"12\" height=\"12\" fill=\"none\" viewBox=\"0 0 12 12\">\n\t\t\t\t<path fill=\"#fff\" d=\"M2 0a2 2 0 0 0-2 2v2h1.5V2a.5.5 0 0 1 .5-.5h2V0H2Zm2 10.5H2a.5.5 0 0 1-.5-.5V8H0v2a2 2 0 0 0 2 2h2v-1.5ZM8 12v-1.5h2a.5.5 0 0 0 .5-.5V8H12v2a2 2 0 0 1-2 2H8Zm2-12a2 2 0 0 1 2 2v2h-1.5V2a.5.5 0 0 0-.5-.5H8V0h2Z\" \/>\n\t\t\t<\/svg>\n\t\t<\/button><figcaption class=\"wp-element-caption\">Foto: Hotel MOTTO \/ web oficial<\/figcaption><\/figure>\n\n\n\n<h3 class=\"wp-block-heading\"><span class=\"ez-toc-section\" id=\"10_Hotel_MOTTO\"><\/span>10. Hotel MOTTO<span class=\"ez-toc-section-end\"><\/span><\/h3>\n\n\n\n<p class=\"wp-block-paragraph\">Justo en el distrito de Mariahilf, en la famosa y animada calle comercial, encontrar\u00e1s este hotel boutique incre\u00edblemente elegante con una excelente <strong>valoraci\u00f3n de 4,7 sobre 1 154 rese\u00f1as<\/strong>. Los interiores est\u00e1n fuertemente inspirados en la bohemia parisina de los a\u00f1os veinte y cada rinc\u00f3n parece de verdad sacado de una lujosa revista de dise\u00f1o.<\/p>\n\n\n\n<figure data-wp-context=\"{&quot;galleryId&quot;:&quot;6a9ce1b8198ab&quot;}\" data-wp-interactive=\"core\/gallery\" class=\"wp-block-gallery has-nested-images columns-2 is-cropped wp-block-gallery-is-layout-flex wp-block-gallery-5 is-layout-flex\">\n\n<figure data-wp-context=\"{&quot;imageId&quot;:&quot;6a9ce1b819cd7&quot;}\" data-wp-interactive=\"core\/image\" data-wp-key=\"6a9ce1b819cd7\" class=\"wp-block-image size-large wp-lightbox-container\"><img decoding=\"async\" width=\"1286\" height=\"730\" data-wp-class--hide=\"state.isContentHidden\" data-wp-class--show=\"state.isContentVisible\" data-wp-init=\"callbacks.setButtonStyles\" data-wp-on--click=\"actions.showLightbox\" data-wp-on--load=\"callbacks.setButtonStyles\" data-wp-on--pointerdown=\"actions.preloadImage\" data-wp-on--pointerenter=\"actions.preloadImageWithDelay\" data-wp-on--pointerleave=\"actions.cancelPreload\" data-wp-on-window--resize=\"callbacks.setButtonStyles\" data-id=\"407074\" src=\"https:\/\/loudavymkrokem.cz\/wp-content\/uploads\/2026\/08\/hotel-motto-3.jpg\" alt=\"Restaurante del hotel MOTTO\" class=\"wp-image-407074\" title=\"\" srcset=\"https:\/\/loudavymkrokem.cz\/wp-content\/uploads\/2026\/08\/hotel-motto-3.jpg 1286w, https:\/\/loudavymkrokem.cz\/wp-content\/uploads\/2026\/08\/hotel-motto-3-300x170.jpg 300w, https:\/\/loudavymkrokem.cz\/wp-content\/uploads\/2026\/08\/hotel-motto-3-700x397.jpg 700w, https:\/\/loudavymkrokem.cz\/wp-content\/uploads\/2026\/08\/hotel-motto-3-768x436.jpg 768w, https:\/\/loudavymkrokem.cz\/wp-content\/uploads\/2026\/08\/hotel-motto-3-696x395.jpg 696w\" sizes=\"(max-width: 1286px) 100vw, 1286px\" \/><button\n\t\t\tclass=\"lightbox-trigger\"\n\t\t\ttype=\"button\"\n\t\t\taria-haspopup=\"dialog\"\n\t\t\tdata-wp-bind--aria-label=\"state.thisImage.triggerButtonAriaLabel\"\n\t\t\tdata-wp-init=\"callbacks.initTriggerButton\"\n\t\t\tdata-wp-on--click=\"actions.showLightbox\"\n\t\t\tdata-wp-style--right=\"state.thisImage.buttonRight\"\n\t\t\tdata-wp-style--top=\"state.thisImage.buttonTop\"\n\t\t>\n\t\t\t<svg xmlns=\"http:\/\/www.w3.org\/2000\/svg\" width=\"12\" height=\"12\" fill=\"none\" viewBox=\"0 0 12 12\">\n\t\t\t\t<path fill=\"#fff\" d=\"M2 0a2 2 0 0 0-2 2v2h1.5V2a.5.5 0 0 1 .5-.5h2V0H2Zm2 10.5H2a.5.5 0 0 1-.5-.5V8H0v2a2 2 0 0 0 2 2h2v-1.5ZM8 12v-1.5h2a.5.5 0 0 0 .5-.5V8H12v2a2 2 0 0 1-2 2H8Zm2-12a2 2 0 0 1 2 2v2h-1.5V2a.5.5 0 0 0-.5-.5H8V0h2Z\" \/>\n\t\t\t<\/svg>\n\t\t<\/button><figcaption class=\"wp-element-caption\">Foto: Hotel MOTTO \/ web oficial<\/figcaption><\/figure>\n\n<\/figure>\n\n\n\n<p class=\"wp-block-paragraph\">Los hu\u00e9spedes adoran no solo las habitaciones decoradas de forma muy original, sino sobre todo <strong>el famoso restaurante del hotel con panader\u00eda propia<\/strong>, adonde los propios vecinos vienen encantados a por pan reci\u00e9n hecho. La calidad de la comida alcanza aqu\u00ed un nivel realmente muy alto.<\/p>\n\n\n\n<p class=\"wp-block-paragraph\">Un gran extra para los hu\u00e9spedes es tambi\u00e9n <strong>la preciosa zona de relax con sauna<\/strong>, donde puedes descansar a la perfecci\u00f3n tras un d\u00eda intenso de compras y visitas cuando el tiempo es m\u00e1s fr\u00edo.<\/p>\n\n\n\n<p class=\"wp-block-paragraph\">\ud83d\udca1 Consejo: Aloja\u00adte en el hotel MOTTO si te gusta <strong>un dise\u00f1o visual llamativo, una gran gastronom\u00eda local y quieres tener las mejores tiendas justo delante de la puerta<\/strong>. Es un lugar estupendo para parejas que buscan un fin de semana rom\u00e1ntico y con estilo. <em><a href=\"https:\/\/www.stay22.com\/allez\/roam?aid=lukaskonecny&#038;campaign=loudavymkrokemcz&#038;campaign=kde-bydlet-ve-vidni&#038;hotelname=Hotel%20MOTTO&#038;address=V%C3%ADde%C5%88%2C%20Rakousko\" target=\"_blank\" rel=\"nofollow noopener sponsored\">consultar precios y disponibilidad<\/a><\/em><\/p>\n\n\n\n<figure data-wp-context=\"{&quot;imageId&quot;:&quot;6a9ce1b81a4bf&quot;}\" data-wp-interactive=\"core\/image\" data-wp-key=\"6a9ce1b81a4bf\" class=\"wp-block-image size-full wp-lightbox-container\"><img decoding=\"async\" width=\"1200\" height=\"628\" data-wp-class--hide=\"state.isContentHidden\" data-wp-class--show=\"state.isContentVisible\" data-wp-init=\"callbacks.setButtonStyles\" data-wp-on--click=\"actions.showLightbox\" data-wp-on--load=\"callbacks.setButtonStyles\" data-wp-on--pointerdown=\"actions.preloadImage\" data-wp-on--pointerenter=\"actions.preloadImageWithDelay\" data-wp-on--pointerleave=\"actions.cancelPreload\" data-wp-on-window--resize=\"callbacks.setButtonStyles\" src=\"https:\/\/loudavymkrokem.cz\/wp-content\/uploads\/2026\/08\/altstadt-vienna-an-slh-hotel-1.jpg\" alt=\"Habitaci\u00f3n decorada de forma individual en el Altstadt Vienna\" class=\"wp-image-407063\" title=\"\" srcset=\"https:\/\/loudavymkrokem.cz\/wp-content\/uploads\/2026\/08\/altstadt-vienna-an-slh-hotel-1.jpg 1200w, https:\/\/loudavymkrokem.cz\/wp-content\/uploads\/2026\/08\/altstadt-vienna-an-slh-hotel-1-300x157.jpg 300w, https:\/\/loudavymkrokem.cz\/wp-content\/uploads\/2026\/08\/altstadt-vienna-an-slh-hotel-1-700x366.jpg 700w, https:\/\/loudavymkrokem.cz\/wp-content\/uploads\/2026\/08\/altstadt-vienna-an-slh-hotel-1-768x402.jpg 768w, https:\/\/loudavymkrokem.cz\/wp-content\/uploads\/2026\/08\/altstadt-vienna-an-slh-hotel-1-696x364.jpg 696w\" sizes=\"(max-width: 1200px) 100vw, 1200px\" \/><button\n\t\t\tclass=\"lightbox-trigger\"\n\t\t\ttype=\"button\"\n\t\t\taria-haspopup=\"dialog\"\n\t\t\tdata-wp-bind--aria-label=\"state.thisImage.triggerButtonAriaLabel\"\n\t\t\tdata-wp-init=\"callbacks.initTriggerButton\"\n\t\t\tdata-wp-on--click=\"actions.showLightbox\"\n\t\t\tdata-wp-style--right=\"state.thisImage.buttonRight\"\n\t\t\tdata-wp-style--top=\"state.thisImage.buttonTop\"\n\t\t>\n\t\t\t<svg xmlns=\"http:\/\/www.w3.org\/2000\/svg\" width=\"12\" height=\"12\" fill=\"none\" viewBox=\"0 0 12 12\">\n\t\t\t\t<path fill=\"#fff\" d=\"M2 0a2 2 0 0 0-2 2v2h1.5V2a.5.5 0 0 1 .5-.5h2V0H2Zm2 10.5H2a.5.5 0 0 1-.5-.5V8H0v2a2 2 0 0 0 2 2h2v-1.5ZM8 12v-1.5h2a.5.5 0 0 0 .5-.5V8H12v2a2 2 0 0 1-2 2H8Zm2-12a2 2 0 0 1 2 2v2h-1.5V2a.5.5 0 0 0-.5-.5H8V0h2Z\" \/>\n\t\t\t<\/svg>\n\t\t<\/button><figcaption class=\"wp-element-caption\">Foto: Altstadt Vienna \/ web oficial<\/figcaption><\/figure>\n\n\n\n<h3 class=\"wp-block-heading\"><span class=\"ez-toc-section\" id=\"11_Altstadt_Vienna_an_SLH_Hotel\"><\/span>11. Altstadt Vienna, an SLH Hotel<span class=\"ez-toc-section-end\"><\/span><\/h3>\n\n\n\n<p class=\"wp-block-paragraph\">Este singular hotel boutique en el popular s\u00e9ptimo distrito, Neubau, tiene una respetable <strong>valoraci\u00f3n de 4,7 sobre 715 rese\u00f1as<\/strong> y es ampliamente conocido porque cada una de sus habitaciones est\u00e1 decorada en un estilo completamente distinto. En el dise\u00f1o participaron arquitectos famosos y reconocidos dise\u00f1adores de moda, as\u00ed que alojarse aqu\u00ed es una aut\u00e9ntica experiencia art\u00edstica visual.<\/p>\n\n\n\n<figure data-wp-context=\"{&quot;galleryId&quot;:&quot;6a9ce1b81a7ad&quot;}\" data-wp-interactive=\"core\/gallery\" class=\"wp-block-gallery has-nested-images columns-2 is-cropped wp-block-gallery-is-layout-flex wp-block-gallery-6 is-layout-flex\">\n\n<figure data-wp-context=\"{&quot;imageId&quot;:&quot;6a9ce1b81abf1&quot;}\" data-wp-interactive=\"core\/image\" data-wp-key=\"6a9ce1b81abf1\" class=\"wp-block-image size-large wp-lightbox-container\"><img decoding=\"async\" width=\"1600\" height=\"2400\" data-wp-class--hide=\"state.isContentHidden\" data-wp-class--show=\"state.isContentVisible\" data-wp-init=\"callbacks.setButtonStyles\" data-wp-on--click=\"actions.showLightbox\" data-wp-on--load=\"callbacks.setButtonStyles\" data-wp-on--pointerdown=\"actions.preloadImage\" data-wp-on--pointerenter=\"actions.preloadImageWithDelay\" data-wp-on--pointerleave=\"actions.cancelPreload\" data-wp-on-window--resize=\"callbacks.setButtonStyles\" data-id=\"407066\" src=\"https:\/\/loudavymkrokem.cz\/wp-content\/uploads\/2026\/08\/altstadt-vienna-an-slh-hotel-2.jpg\" alt=\"Dormitorio del Altstadt Vienna\" class=\"wp-image-407066\" title=\"\" srcset=\"https:\/\/loudavymkrokem.cz\/wp-content\/uploads\/2026\/08\/altstadt-vienna-an-slh-hotel-2.jpg 1600w, https:\/\/loudavymkrokem.cz\/wp-content\/uploads\/2026\/08\/altstadt-vienna-an-slh-hotel-2-200x300.jpg 200w, https:\/\/loudavymkrokem.cz\/wp-content\/uploads\/2026\/08\/altstadt-vienna-an-slh-hotel-2-700x1050.jpg 700w, https:\/\/loudavymkrokem.cz\/wp-content\/uploads\/2026\/08\/altstadt-vienna-an-slh-hotel-2-768x1152.jpg 768w, https:\/\/loudavymkrokem.cz\/wp-content\/uploads\/2026\/08\/altstadt-vienna-an-slh-hotel-2-1024x1536.jpg 1024w, https:\/\/loudavymkrokem.cz\/wp-content\/uploads\/2026\/08\/altstadt-vienna-an-slh-hotel-2-1365x2048.jpg 1365w, https:\/\/loudavymkrokem.cz\/wp-content\/uploads\/2026\/08\/altstadt-vienna-an-slh-hotel-2-696x1044.jpg 696w, https:\/\/loudavymkrokem.cz\/wp-content\/uploads\/2026\/08\/altstadt-vienna-an-slh-hotel-2-1392x2088.jpg 1392w\" sizes=\"(max-width: 1600px) 100vw, 1600px\" \/><button\n\t\t\tclass=\"lightbox-trigger\"\n\t\t\ttype=\"button\"\n\t\t\taria-haspopup=\"dialog\"\n\t\t\tdata-wp-bind--aria-label=\"state.thisImage.triggerButtonAriaLabel\"\n\t\t\tdata-wp-init=\"callbacks.initTriggerButton\"\n\t\t\tdata-wp-on--click=\"actions.showLightbox\"\n\t\t\tdata-wp-style--right=\"state.thisImage.buttonRight\"\n\t\t\tdata-wp-style--top=\"state.thisImage.buttonTop\"\n\t\t>\n\t\t\t<svg xmlns=\"http:\/\/www.w3.org\/2000\/svg\" width=\"12\" height=\"12\" fill=\"none\" viewBox=\"0 0 12 12\">\n\t\t\t\t<path fill=\"#fff\" d=\"M2 0a2 2 0 0 0-2 2v2h1.5V2a.5.5 0 0 1 .5-.5h2V0H2Zm2 10.5H2a.5.5 0 0 1-.5-.5V8H0v2a2 2 0 0 0 2 2h2v-1.5ZM8 12v-1.5h2a.5.5 0 0 0 .5-.5V8H12v2a2 2 0 0 1-2 2H8Zm2-12a2 2 0 0 1 2 2v2h-1.5V2a.5.5 0 0 0-.5-.5H8V0h2Z\" \/>\n\t\t\t<\/svg>\n\t\t<\/button><figcaption class=\"wp-element-caption\">Foto: Altstadt Vienna \/ web oficial<\/figcaption><\/figure>\n\n\n<figure data-wp-context=\"{&quot;imageId&quot;:&quot;6a9ce1b81b16b&quot;}\" data-wp-interactive=\"core\/image\" data-wp-key=\"6a9ce1b81b16b\" class=\"wp-block-image size-large wp-lightbox-container\"><img decoding=\"async\" width=\"1800\" height=\"1350\" data-wp-class--hide=\"state.isContentHidden\" data-wp-class--show=\"state.isContentVisible\" data-wp-init=\"callbacks.setButtonStyles\" data-wp-on--click=\"actions.showLightbox\" data-wp-on--load=\"callbacks.setButtonStyles\" data-wp-on--pointerdown=\"actions.preloadImage\" data-wp-on--pointerenter=\"actions.preloadImageWithDelay\" data-wp-on--pointerleave=\"actions.cancelPreload\" data-wp-on-window--resize=\"callbacks.setButtonStyles\" data-id=\"407069\" src=\"https:\/\/loudavymkrokem.cz\/wp-content\/uploads\/2026\/08\/altstadt-vienna-an-slh-hotel-3.jpg\" alt=\"Interior del Altstadt Vienna\" class=\"wp-image-407069\" title=\"\" srcset=\"https:\/\/loudavymkrokem.cz\/wp-content\/uploads\/2026\/08\/altstadt-vienna-an-slh-hotel-3.jpg 1800w, https:\/\/loudavymkrokem.cz\/wp-content\/uploads\/2026\/08\/altstadt-vienna-an-slh-hotel-3-300x225.jpg 300w, https:\/\/loudavymkrokem.cz\/wp-content\/uploads\/2026\/08\/altstadt-vienna-an-slh-hotel-3-700x525.jpg 700w, https:\/\/loudavymkrokem.cz\/wp-content\/uploads\/2026\/08\/altstadt-vienna-an-slh-hotel-3-768x576.jpg 768w, https:\/\/loudavymkrokem.cz\/wp-content\/uploads\/2026\/08\/altstadt-vienna-an-slh-hotel-3-1536x1152.jpg 1536w, https:\/\/loudavymkrokem.cz\/wp-content\/uploads\/2026\/08\/altstadt-vienna-an-slh-hotel-3-80x60.jpg 80w, https:\/\/loudavymkrokem.cz\/wp-content\/uploads\/2026\/08\/altstadt-vienna-an-slh-hotel-3-160x120.jpg 160w, https:\/\/loudavymkrokem.cz\/wp-content\/uploads\/2026\/08\/altstadt-vienna-an-slh-hotel-3-696x522.jpg 696w, https:\/\/loudavymkrokem.cz\/wp-content\/uploads\/2026\/08\/altstadt-vienna-an-slh-hotel-3-1392x1044.jpg 1392w\" sizes=\"(max-width: 1800px) 100vw, 1800px\" \/><button\n\t\t\tclass=\"lightbox-trigger\"\n\t\t\ttype=\"button\"\n\t\t\taria-haspopup=\"dialog\"\n\t\t\tdata-wp-bind--aria-label=\"state.thisImage.triggerButtonAriaLabel\"\n\t\t\tdata-wp-init=\"callbacks.initTriggerButton\"\n\t\t\tdata-wp-on--click=\"actions.showLightbox\"\n\t\t\tdata-wp-style--right=\"state.thisImage.buttonRight\"\n\t\t\tdata-wp-style--top=\"state.thisImage.buttonTop\"\n\t\t>\n\t\t\t<svg xmlns=\"http:\/\/www.w3.org\/2000\/svg\" width=\"12\" height=\"12\" fill=\"none\" viewBox=\"0 0 12 12\">\n\t\t\t\t<path fill=\"#fff\" d=\"M2 0a2 2 0 0 0-2 2v2h1.5V2a.5.5 0 0 1 .5-.5h2V0H2Zm2 10.5H2a.5.5 0 0 1-.5-.5V8H0v2a2 2 0 0 0 2 2h2v-1.5ZM8 12v-1.5h2a.5.5 0 0 0 .5-.5V8H12v2a2 2 0 0 1-2 2H8Zm2-12a2 2 0 0 1 2 2v2h-1.5V2a.5.5 0 0 0-.5-.5H8V0h2Z\" \/>\n\t\t\t<\/svg>\n\t\t<\/button><figcaption class=\"wp-element-caption\">Foto: Altstadt Vienna \/ web oficial<\/figcaption><\/figure>\n\n<\/figure>\n\n\n\n<p class=\"wp-block-paragraph\">Pero el mayor elogio en la avalancha de rese\u00f1as se lo llevan los fant\u00e1sticos desayunos, que est\u00e1n incluidos directamente en el precio base del alojamiento. El hotel se adapta al m\u00e1ximo a todos los requisitos diet\u00e9ticos posibles y los hu\u00e9spedes destacan con entusiasmo sobre todo <strong>las excelentes opciones sin gluten, veganas y sin lactosa<\/strong>.<\/p>\n\n\n\n<p class=\"wp-block-paragraph\">Gracias a este generoso enfoque culinario, el establecimiento se ha convertido literalmente en <strong>un para\u00edso para todos los viajeros con restricciones alimentarias<\/strong>, que en otros sitios tienen que buscarse la vida fuera del hotel. La oferta del buf\u00e9 matinal es, dicen, sin competencia.<\/p>\n\n\n\n<p class=\"wp-block-paragraph\">\ud83d\udca1 Consejo: Reserva una habitaci\u00f3n aqu\u00ed si buscas <strong>un alojamiento con alma, un concepto art\u00edstico \u00fanico y le das importancia a un desayuno abundante y seguro<\/strong>. Adem\u00e1s, el propio barrio de Neubau es un lugar estupendo para pasear sin rumbo por las tardes y descubrir cafeter\u00edas. <em><a href=\"https:\/\/www.stay22.com\/allez\/roam?aid=lukaskonecny&#038;campaign=loudavymkrokemcz&#038;campaign=kde-bydlet-ve-vidni&#038;hotelname=Altstadt%20Vienna&#038;address=V%C3%ADde%C5%88%2C%20Rakousko\" target=\"_blank\" rel=\"nofollow noopener sponsored\">consultar precios y disponibilidad<\/a><\/em><\/p>\n\n\n\n<figure data-wp-context=\"{&quot;imageId&quot;:&quot;6a9ce1b81b9ea&quot;}\" data-wp-interactive=\"core\/image\" data-wp-key=\"6a9ce1b81b9ea\" class=\"wp-block-image size-full wp-lightbox-container\"><img decoding=\"async\" width=\"1800\" height=\"1198\" data-wp-class--hide=\"state.isContentHidden\" data-wp-class--show=\"state.isContentVisible\" data-wp-init=\"callbacks.setButtonStyles\" data-wp-on--click=\"actions.showLightbox\" data-wp-on--load=\"callbacks.setButtonStyles\" data-wp-on--pointerdown=\"actions.preloadImage\" data-wp-on--pointerenter=\"actions.preloadImageWithDelay\" data-wp-on--pointerleave=\"actions.cancelPreload\" data-wp-on-window--resize=\"callbacks.setButtonStyles\" src=\"https:\/\/loudavymkrokem.cz\/wp-content\/uploads\/2026\/08\/hotel-beethoven-wien-1.jpg\" alt=\"Lobby del Hotel Beethoven junto al Theater an der Wien\" class=\"wp-image-407060\" title=\"\" srcset=\"https:\/\/loudavymkrokem.cz\/wp-content\/uploads\/2026\/08\/hotel-beethoven-wien-1.jpg 1800w, https:\/\/loudavymkrokem.cz\/wp-content\/uploads\/2026\/08\/hotel-beethoven-wien-1-300x200.jpg 300w, https:\/\/loudavymkrokem.cz\/wp-content\/uploads\/2026\/08\/hotel-beethoven-wien-1-700x466.jpg 700w, https:\/\/loudavymkrokem.cz\/wp-content\/uploads\/2026\/08\/hotel-beethoven-wien-1-768x511.jpg 768w, https:\/\/loudavymkrokem.cz\/wp-content\/uploads\/2026\/08\/hotel-beethoven-wien-1-1536x1022.jpg 1536w, https:\/\/loudavymkrokem.cz\/wp-content\/uploads\/2026\/08\/hotel-beethoven-wien-1-696x463.jpg 696w, https:\/\/loudavymkrokem.cz\/wp-content\/uploads\/2026\/08\/hotel-beethoven-wien-1-1392x926.jpg 1392w\" sizes=\"(max-width: 1800px) 100vw, 1800px\" \/><button\n\t\t\tclass=\"lightbox-trigger\"\n\t\t\ttype=\"button\"\n\t\t\taria-haspopup=\"dialog\"\n\t\t\tdata-wp-bind--aria-label=\"state.thisImage.triggerButtonAriaLabel\"\n\t\t\tdata-wp-init=\"callbacks.initTriggerButton\"\n\t\t\tdata-wp-on--click=\"actions.showLightbox\"\n\t\t\tdata-wp-style--right=\"state.thisImage.buttonRight\"\n\t\t\tdata-wp-style--top=\"state.thisImage.buttonTop\"\n\t\t>\n\t\t\t<svg xmlns=\"http:\/\/www.w3.org\/2000\/svg\" width=\"12\" height=\"12\" fill=\"none\" viewBox=\"0 0 12 12\">\n\t\t\t\t<path fill=\"#fff\" d=\"M2 0a2 2 0 0 0-2 2v2h1.5V2a.5.5 0 0 1 .5-.5h2V0H2Zm2 10.5H2a.5.5 0 0 1-.5-.5V8H0v2a2 2 0 0 0 2 2h2v-1.5ZM8 12v-1.5h2a.5.5 0 0 0 .5-.5V8H12v2a2 2 0 0 1-2 2H8Zm2-12a2 2 0 0 1 2 2v2h-1.5V2a.5.5 0 0 0-.5-.5H8V0h2Z\" \/>\n\t\t\t<\/svg>\n\t\t<\/button><figcaption class=\"wp-element-caption\">Foto: Hotel Beethoven Wien \/ web oficial<\/figcaption><\/figure>\n\n\n\n<h3 class=\"wp-block-heading\"><span class=\"ez-toc-section\" id=\"12_Hotel_Beethoven_Wien\"><\/span>12. Hotel Beethoven Wien<span class=\"ez-toc-section-end\"><\/span><\/h3>\n\n\n\n<p class=\"wp-block-paragraph\">Este elegante hotel familiar, con una preciosa <strong>valoraci\u00f3n de 4,7 sobre 776 rese\u00f1as<\/strong>, se encuentra a unos pasos del bullicioso mercado Naschmarkt y del Theater an der Wien. El edificio hist\u00f3rico de seis plantas tiene una ambientaci\u00f3n tem\u00e1tica muy ingeniosa y cada planta cuenta una historia algo distinta de la rica historia vienesa.<\/p>\n\n\n\n<p class=\"wp-block-paragraph\">En las valoraciones, los visitantes elogian mucho el t\u00e9 de la tarde gratuito y el excelente caf\u00e9 que se sirve en el precioso sal\u00f3n del hotel. <strong>Tambi\u00e9n se menciona el aislamiento ac\u00fastico inesperadamente bueno de las habitaciones<\/strong>, que garantiza a los hu\u00e9spedes un sue\u00f1o sin interrupciones aun cerca del centro.<\/p>\n\n\n\n<p class=\"wp-block-paragraph\">El ambiente es en general muy \u00edntimo y amable. <strong>El personal conoce muy bien la zona y te aconseja de buen grado sobre los mejores restaurantes<\/strong>, as\u00ed que evitar\u00e1s las t\u00edpicas trampas tur\u00edsticas.<\/p>\n\n\n\n<p class=\"wp-block-paragraph\">\ud83d\udca1 Consejo: Es un lugar estupendo para <strong>todos los amantes de la cultura y de la buena comida<\/strong>. La propia ubicaci\u00f3n junto al mercado Naschmarkt te garantiza a diario una dosis de las mejores experiencias gastron\u00f3micas a la vuelta de la esquina. <em><a href=\"https:\/\/www.stay22.com\/allez\/roam?aid=lukaskonecny&#038;campaign=loudavymkrokemcz&#038;campaign=kde-bydlet-ve-vidni&#038;hotelname=Hotel%20Beethoven%20Wien&#038;address=V%C3%ADde%C5%88%2C%20Rakousko\" target=\"_blank\" rel=\"nofollow noopener sponsored\">consultar precios y disponibilidad<\/a><\/em><\/p>\n\n\n\n<figure data-wp-context=\"{&quot;imageId&quot;:&quot;6a9ce1b81c1c0&quot;}\" data-wp-interactive=\"core\/image\" data-wp-key=\"6a9ce1b81c1c0\" class=\"wp-block-image size-full wp-lightbox-container\"><img decoding=\"async\" width=\"1800\" height=\"1199\" data-wp-class--hide=\"state.isContentHidden\" data-wp-class--show=\"state.isContentVisible\" data-wp-init=\"callbacks.setButtonStyles\" data-wp-on--click=\"actions.showLightbox\" data-wp-on--load=\"callbacks.setButtonStyles\" data-wp-on--pointerdown=\"actions.preloadImage\" data-wp-on--pointerenter=\"actions.preloadImageWithDelay\" data-wp-on--pointerleave=\"actions.cancelPreload\" data-wp-on-window--resize=\"callbacks.setButtonStyles\" src=\"https:\/\/loudavymkrokem.cz\/wp-content\/uploads\/2026\/08\/magdas-hotel-vienna-city-1.jpg\" alt=\"Recepci\u00f3n del hotel magdas, que emplea a personas con experiencia como refugiados\" class=\"wp-image-407055\" title=\"\" srcset=\"https:\/\/loudavymkrokem.cz\/wp-content\/uploads\/2026\/08\/magdas-hotel-vienna-city-1.jpg 1800w, https:\/\/loudavymkrokem.cz\/wp-content\/uploads\/2026\/08\/magdas-hotel-vienna-city-1-300x200.jpg 300w, https:\/\/loudavymkrokem.cz\/wp-content\/uploads\/2026\/08\/magdas-hotel-vienna-city-1-700x466.jpg 700w, https:\/\/loudavymkrokem.cz\/wp-content\/uploads\/2026\/08\/magdas-hotel-vienna-city-1-768x512.jpg 768w, https:\/\/loudavymkrokem.cz\/wp-content\/uploads\/2026\/08\/magdas-hotel-vienna-city-1-1536x1023.jpg 1536w, https:\/\/loudavymkrokem.cz\/wp-content\/uploads\/2026\/08\/magdas-hotel-vienna-city-1-696x464.jpg 696w, https:\/\/loudavymkrokem.cz\/wp-content\/uploads\/2026\/08\/magdas-hotel-vienna-city-1-1392x927.jpg 1392w\" sizes=\"(max-width: 1800px) 100vw, 1800px\" \/><button\n\t\t\tclass=\"lightbox-trigger\"\n\t\t\ttype=\"button\"\n\t\t\taria-haspopup=\"dialog\"\n\t\t\tdata-wp-bind--aria-label=\"state.thisImage.triggerButtonAriaLabel\"\n\t\t\tdata-wp-init=\"callbacks.initTriggerButton\"\n\t\t\tdata-wp-on--click=\"actions.showLightbox\"\n\t\t\tdata-wp-style--right=\"state.thisImage.buttonRight\"\n\t\t\tdata-wp-style--top=\"state.thisImage.buttonTop\"\n\t\t>\n\t\t\t<svg xmlns=\"http:\/\/www.w3.org\/2000\/svg\" width=\"12\" height=\"12\" fill=\"none\" viewBox=\"0 0 12 12\">\n\t\t\t\t<path fill=\"#fff\" d=\"M2 0a2 2 0 0 0-2 2v2h1.5V2a.5.5 0 0 1 .5-.5h2V0H2Zm2 10.5H2a.5.5 0 0 1-.5-.5V8H0v2a2 2 0 0 0 2 2h2v-1.5ZM8 12v-1.5h2a.5.5 0 0 0 .5-.5V8H12v2a2 2 0 0 1-2 2H8Zm2-12a2 2 0 0 1 2 2v2h-1.5V2a.5.5 0 0 0-.5-.5H8V0h2Z\" \/>\n\t\t\t<\/svg>\n\t\t<\/button><figcaption class=\"wp-element-caption\">Foto: magdas HOTEL \/ web oficial<\/figcaption><\/figure>\n\n\n\n<h3 class=\"wp-block-heading\"><span class=\"ez-toc-section\" id=\"13_magdas_HOTEL_Vienna_City\"><\/span>13. magdas HOTEL Vienna City<span class=\"ez-toc-section-end\"><\/span><\/h3>\n\n\n\n<p class=\"wp-block-paragraph\">Este hotel fuera de lo com\u00fan no es solo un lugar donde dormir, sino sobre todo un proyecto en funcionamiento con un coraz\u00f3n enorme. Con su <strong>valoraci\u00f3n de 4,7 sobre 578 rese\u00f1as<\/strong>, se trata de una empresa social absolutamente excepcional que <strong>emplea deliberadamente a personas con experiencia como refugiados<\/strong> y les ayuda de forma activa a integrarse en la sociedad.<\/p>\n\n\n\n<figure data-wp-context=\"{&quot;galleryId&quot;:&quot;6a9ce1b81c466&quot;}\" data-wp-interactive=\"core\/gallery\" class=\"wp-block-gallery has-nested-images columns-2 is-cropped wp-block-gallery-is-layout-flex wp-block-gallery-7 is-layout-flex\">\n\n<figure data-wp-context=\"{&quot;imageId&quot;:&quot;6a9ce1b81c85f&quot;}\" data-wp-interactive=\"core\/image\" data-wp-key=\"6a9ce1b81c85f\" class=\"wp-block-image size-large wp-lightbox-container\"><img decoding=\"async\" width=\"1263\" height=\"1800\" data-wp-class--hide=\"state.isContentHidden\" data-wp-class--show=\"state.isContentVisible\" data-wp-init=\"callbacks.setButtonStyles\" data-wp-on--click=\"actions.showLightbox\" data-wp-on--load=\"callbacks.setButtonStyles\" data-wp-on--pointerdown=\"actions.preloadImage\" data-wp-on--pointerenter=\"actions.preloadImageWithDelay\" data-wp-on--pointerleave=\"actions.cancelPreload\" data-wp-on-window--resize=\"callbacks.setButtonStyles\" data-id=\"407058\" src=\"https:\/\/loudavymkrokem.cz\/wp-content\/uploads\/2026\/08\/magdas-hotel-vienna-city-3.jpg\" alt=\"Habitaci\u00f3n del hotel magdas\" class=\"wp-image-407058\" title=\"\" srcset=\"https:\/\/loudavymkrokem.cz\/wp-content\/uploads\/2026\/08\/magdas-hotel-vienna-city-3.jpg 1263w, https:\/\/loudavymkrokem.cz\/wp-content\/uploads\/2026\/08\/magdas-hotel-vienna-city-3-211x300.jpg 211w, https:\/\/loudavymkrokem.cz\/wp-content\/uploads\/2026\/08\/magdas-hotel-vienna-city-3-700x998.jpg 700w, https:\/\/loudavymkrokem.cz\/wp-content\/uploads\/2026\/08\/magdas-hotel-vienna-city-3-768x1095.jpg 768w, https:\/\/loudavymkrokem.cz\/wp-content\/uploads\/2026\/08\/magdas-hotel-vienna-city-3-1078x1536.jpg 1078w, https:\/\/loudavymkrokem.cz\/wp-content\/uploads\/2026\/08\/magdas-hotel-vienna-city-3-696x992.jpg 696w\" sizes=\"(max-width: 1263px) 100vw, 1263px\" \/><button\n\t\t\tclass=\"lightbox-trigger\"\n\t\t\ttype=\"button\"\n\t\t\taria-haspopup=\"dialog\"\n\t\t\tdata-wp-bind--aria-label=\"state.thisImage.triggerButtonAriaLabel\"\n\t\t\tdata-wp-init=\"callbacks.initTriggerButton\"\n\t\t\tdata-wp-on--click=\"actions.showLightbox\"\n\t\t\tdata-wp-style--right=\"state.thisImage.buttonRight\"\n\t\t\tdata-wp-style--top=\"state.thisImage.buttonTop\"\n\t\t>\n\t\t\t<svg xmlns=\"http:\/\/www.w3.org\/2000\/svg\" width=\"12\" height=\"12\" fill=\"none\" viewBox=\"0 0 12 12\">\n\t\t\t\t<path fill=\"#fff\" d=\"M2 0a2 2 0 0 0-2 2v2h1.5V2a.5.5 0 0 1 .5-.5h2V0H2Zm2 10.5H2a.5.5 0 0 1-.5-.5V8H0v2a2 2 0 0 0 2 2h2v-1.5ZM8 12v-1.5h2a.5.5 0 0 0 .5-.5V8H12v2a2 2 0 0 1-2 2H8Zm2-12a2 2 0 0 1 2 2v2h-1.5V2a.5.5 0 0 0-.5-.5H8V0h2Z\" \/>\n\t\t\t<\/svg>\n\t\t<\/button><figcaption class=\"wp-element-caption\">Foto: magdas HOTEL \/ web oficial<\/figcaption><\/figure>\n\n<\/figure>\n\n\n\n<p class=\"wp-block-paragraph\">El hotel se encuentra en un <strong>precioso edificio retro<\/strong> de los a\u00f1os sesenta, que los arquitectos rehabilitaron de forma muy sensible y moderna. Los viajeros con experiencia adoran aqu\u00ed sobre todo el mobiliario reutilizado con ingenio, <strong>el precioso y tranquilo jard\u00edn<\/strong> y el estilo visual desenfadado de todo el espacio.<\/p>\n\n\n\n<p class=\"wp-block-paragraph\">Pero lo que los hu\u00e9spedes mencionan con m\u00e1s frecuencia es <strong>la atm\u00f3sfera incre\u00edblemente cordial y aut\u00e9ntica<\/strong> que crea aqu\u00ed un personal variado, literalmente de todo el mundo. Cada miembro del equipo tiene su propia historia, lo que da a la estancia una profundidad y una dimensi\u00f3n humana totalmente nuevas.<\/p>\n\n\n\n<p class=\"wp-block-paragraph\">\ud83d\udca1 Consejo: Elige alojarte en magdas si de verdad quieres que <strong>tu dinero de las vacaciones apoye directamente una causa buena y con sentido<\/strong>. Obtendr\u00e1s no solo una habitaci\u00f3n estupenda y limpia, sino tambi\u00e9n la bonita sensaci\u00f3n de apoyar de forma tangible un proyecto que cambia vidas para mejor. <em><a href=\"https:\/\/www.stay22.com\/allez\/roam?aid=lukaskonecny&#038;campaign=loudavymkrokemcz&#038;campaign=kde-bydlet-ve-vidni&#038;hotelname=magdas%20HOTEL%20Vienna%20City&#038;address=V%C3%ADde%C5%88%2C%20Rakousko\" target=\"_blank\" rel=\"nofollow noopener sponsored\">consultar precios y disponibilidad<\/a><\/em><\/p>\n\n\n\n<figure data-wp-context=\"{&quot;imageId&quot;:&quot;6a9ce1b81d1a2&quot;}\" data-wp-interactive=\"core\/image\" data-wp-key=\"6a9ce1b81d1a2\" class=\"wp-block-image size-full wp-lightbox-container\"><img decoding=\"async\" width=\"1800\" height=\"1193\" data-wp-class--hide=\"state.isContentHidden\" data-wp-class--show=\"state.isContentVisible\" data-wp-init=\"callbacks.setButtonStyles\" data-wp-on--click=\"actions.showLightbox\" data-wp-on--load=\"callbacks.setButtonStyles\" data-wp-on--pointerdown=\"actions.preloadImage\" data-wp-on--pointerenter=\"actions.preloadImageWithDelay\" data-wp-on--pointerleave=\"actions.cancelPreload\" data-wp-on-window--resize=\"callbacks.setButtonStyles\" src=\"https:\/\/loudavymkrokem.cz\/wp-content\/uploads\/2026\/08\/hotel-am-brillantengrund-2.jpg\" alt=\"Patio del Hotel am Brillantengrund en un antiguo monasterio\" class=\"wp-image-407049\" title=\"\" srcset=\"https:\/\/loudavymkrokem.cz\/wp-content\/uploads\/2026\/08\/hotel-am-brillantengrund-2.jpg 1800w, https:\/\/loudavymkrokem.cz\/wp-content\/uploads\/2026\/08\/hotel-am-brillantengrund-2-300x199.jpg 300w, https:\/\/loudavymkrokem.cz\/wp-content\/uploads\/2026\/08\/hotel-am-brillantengrund-2-700x464.jpg 700w, https:\/\/loudavymkrokem.cz\/wp-content\/uploads\/2026\/08\/hotel-am-brillantengrund-2-768x509.jpg 768w, https:\/\/loudavymkrokem.cz\/wp-content\/uploads\/2026\/08\/hotel-am-brillantengrund-2-1536x1018.jpg 1536w, https:\/\/loudavymkrokem.cz\/wp-content\/uploads\/2026\/08\/hotel-am-brillantengrund-2-696x461.jpg 696w, https:\/\/loudavymkrokem.cz\/wp-content\/uploads\/2026\/08\/hotel-am-brillantengrund-2-1392x923.jpg 1392w\" sizes=\"(max-width: 1800px) 100vw, 1800px\" \/><button\n\t\t\tclass=\"lightbox-trigger\"\n\t\t\ttype=\"button\"\n\t\t\taria-haspopup=\"dialog\"\n\t\t\tdata-wp-bind--aria-label=\"state.thisImage.triggerButtonAriaLabel\"\n\t\t\tdata-wp-init=\"callbacks.initTriggerButton\"\n\t\t\tdata-wp-on--click=\"actions.showLightbox\"\n\t\t\tdata-wp-style--right=\"state.thisImage.buttonRight\"\n\t\t\tdata-wp-style--top=\"state.thisImage.buttonTop\"\n\t\t>\n\t\t\t<svg xmlns=\"http:\/\/www.w3.org\/2000\/svg\" width=\"12\" height=\"12\" fill=\"none\" viewBox=\"0 0 12 12\">\n\t\t\t\t<path fill=\"#fff\" d=\"M2 0a2 2 0 0 0-2 2v2h1.5V2a.5.5 0 0 1 .5-.5h2V0H2Zm2 10.5H2a.5.5 0 0 1-.5-.5V8H0v2a2 2 0 0 0 2 2h2v-1.5ZM8 12v-1.5h2a.5.5 0 0 0 .5-.5V8H12v2a2 2 0 0 1-2 2H8Zm2-12a2 2 0 0 1 2 2v2h-1.5V2a.5.5 0 0 0-.5-.5H8V0h2Z\" \/>\n\t\t\t<\/svg>\n\t\t<\/button><figcaption class=\"wp-element-caption\">Foto: Hotel am Brillantengrund \/ web oficial<\/figcaption><\/figure>\n\n\n\n<!-- LKM_GYG_CARD start q=\"vienna\" lang=\"es\" --><!-- LKM_GYG_CARD end -->\n\n\n\n\n<div class=\"lk-stays-module\">\n<style>\n\/* \u2500\u2500\u2500 RESET PRO GUTENBERG \u2500\u2500\u2500 *\/\n.lk-stays-module * { box-sizing: border-box; margin: 0; padding: 0; }\n\n\/* \u2500\u2500\u2500 WRAPPER \u2500\u2500\u2500 *\/\n.lk-stays-module {\n  font-family: 'DM Sans', Georgia, sans-serif;\n  max-width: 100%;\n  margin: 2.5rem auto;\n  background: linear-gradient(135deg, #fdfaf5 0%, #fcf8f0 100%);\n  border: 1px solid #e8dfd4;\n  border-radius: 16px;\n  overflow: hidden;\n  box-shadow: 0 16px 48px rgba(195, 159, 118, 0.25), 0 4px 12px rgba(0,0,0,0.08);\n}\n\n\/* \u2500\u2500\u2500 HEADER \u2500\u2500\u2500 *\/\n.lk-stays-header {\n  position: relative;\n  padding: 24px 36px 24px;\n  background: linear-gradient(135deg, #c39f76 0%, #d4b188 60%, #c39f76 100%);\n  border-bottom: 1px solid rgba(255,255,255,.15);\n  display: flex;\n  align-items: center;\n  gap: 18px;\n}\n.lk-stays-header::before {\n  content: '';\n  position: absolute;\n  inset: 0;\n  background: url(\"data:image\/svg+xml,%3Csvg width='60' height='60' viewBox='0 0 60 60' xmlns='http:\/\/www.w3.org\/2000\/svg'%3E%3Cg fill='none' fill-rule='evenodd'%3E%3Cg fill='%23ffffff' fill-opacity='0.05'%3E%3Cpath d='M36 34v-4h-2v4h-4v2h4v4h2v-4h4v-2h-4zm0-30V0h-2v4h-4v2h4v4h2V6h4V4h-4zM6 34v-4H4v4H0v2h4v4h2v-4h4v-2H6zM6 4V0H4v4H0v2h4v4h2V6h4V4H6z'\/%3E%3C\/g%3E%3C\/g%3E%3C\/svg%3E\") repeat;\n  pointer-events: none;\n}\n.lk-stays-icon {\n  flex-shrink: 0;\n  width: 68px;\n  height: 68px;\n  border-radius: 14px;\n  background: linear-gradient(135deg, #fff 0%, #f9f6f0 100%);\n  display: flex;\n  align-items: center;\n  justify-content: center;\n  font-size: 26px;\n  box-shadow: 0 4px 12px rgba(0,0,0,0.15);\n}\n.lk-stays-eyebrow {\n  font-size: 10px;\n  font-weight: 500;\n  letter-spacing: 2.5px;\n  text-transform: uppercase;\n  color: rgba(255,255,255,.85);\n  margin: 0 0 5px 0;\n}\n.lk-stays-title {\n  font-family: 'Playfair Display', Georgia, serif;\n  font-size: 24px;\n  font-weight: 700;\n  color: #fff;\n  line-height: 1.2;\n  text-shadow: 0 1px 2px rgba(0,0,0,0.1);\n  margin: 0;\n}\n.lk-stays-subtitle {\n  font-size: 13px;\n  color: rgba(255,255,255,.75);\n  margin: 4px 0 0 0;\n  font-weight: 300;\n}\n\n\/* \u2500\u2500\u2500 CARDS GRID \u2500\u2500\u2500 *\/\n.lk-stays-grid {\n  display: grid;\n  grid-template-columns: 1fr 1fr;\n  gap: 1px;\n  background: rgba(195, 159, 118, 0.12);\n}\n\n\/* \u2500\u2500\u2500 SINGLE CARD \u2500\u2500\u2500 *\/\n.lk-stay-card {\n  background: #ffffff;\n  padding: 26px;\n  display: flex;\n  flex-direction: column;\n  gap: 11px;\n  transition: all 0.3s ease;\n  text-decoration: none;\n  color: inherit;\n  position: relative;\n}\n.lk-stay-card:hover {\n  background: #fffbf5;\n  transform: translateY(-2px);\n  box-shadow: 0 8px 24px rgba(195, 159, 118, 0.18);\n  z-index: 1;\n}\n.lk-stay-card.featured {\n  background: linear-gradient(135deg, #fffdf9 0%, #fff9f0 100%);\n  box-shadow: 0 4px 16px rgba(195, 159, 118, 0.15), inset 0 1px 0 rgba(195, 159, 118, 0.1);\n}\n.lk-stay-card.featured:hover {\n  background: linear-gradient(135deg, #fffbf5 0%, #fff8ed 100%);\n  box-shadow: 0 8px 24px rgba(195, 159, 118, 0.25), inset 0 1px 0 rgba(195, 159, 118, 0.15);\n}\n\n.lk-stay-badge {\n  display: inline-flex;\n  align-items: center;\n  gap: 5px;\n  font-size: 10px;\n  font-weight: 500;\n  letter-spacing: 1.5px;\n  text-transform: uppercase;\n  padding: 5px 11px;\n  border-radius: 20px;\n  width: fit-content;\n}\n.badge-top     { background: linear-gradient(135deg, #c39f76 0%, #d4b188 100%); color: #fff; border: 1px solid #c39f76; font-weight: 600; box-shadow: 0 2px 8px rgba(195,159,118,0.3); }\n.badge-luxury  { background: rgba(195,159,118,.12); color: #c39f76; border: 1px solid rgba(195,159,118,.25); }\n.badge-boutique{ background: rgba(54,133,252,.08); color: #3685fc; border: 1px solid rgba(54,133,252,.2); }\n.badge-nature  { background: rgba(130,190,100,.1); color: #6b9c4a; border: 1px solid rgba(130,190,100,.2); }\n.badge-remote  { background: rgba(195,159,118,.12); color: #a67e50; border: 1px solid rgba(195,159,118,.25); }\n\n.lk-stay-name {\n  font-family: 'Playfair Display', Georgia, serif;\n  font-size: 18px;\n  font-weight: 700;\n  color: #111827;\n  line-height: 1.3;\n}\n.lk-stay-desc {\n  font-size: 13.5px;\n  color: #525252;\n  line-height: 1.65;\n  font-weight: 300;\n  flex: 1;\n}\n\n.lk-stay-meta {\n  display: flex;\n  align-items: center;\n  gap: 12px;\n  flex-wrap: wrap;\n  margin-top: 4px;\n}\n.lk-stay-price {\n  font-size: 13px;\n  color: #6b7280;\n}\n.lk-stay-price strong {\n  color: #c39f76;\n  font-weight: 500;\n}\n.lk-stay-stars {\n  color: #c39f76;\n  font-size: 11px;\n  letter-spacing: 1px;\n}\n\n\/* \u2500\u2500\u2500 CTA BUTTON \u2500\u2500\u2500 *\/\n.lk-stay-cta {\n  display: inline-flex;\n  align-items: center;\n  justify-content: center;\n  gap: 7px;\n  margin-top: 8px;\n  padding: 11px 20px;\n  border-radius: 8px;\n  background: linear-gradient(135deg, #3685fc 0%, #2a6fd9 100%);\n  color: #fff;\n  font-size: 13px;\n  font-weight: 500;\n  text-decoration: none;\n  letter-spacing: .3px;\n  transition: all .2s ease;\n  cursor: pointer;\n  border: none;\n  text-align: center;\n  box-shadow: 0 4px 12px rgba(54, 133, 252, 0.25);\n}\n.lk-stay-cta:hover {\n  background: linear-gradient(135deg, #2a6fd9 0%, #1e5bc4 100%);\n  transform: translateY(-1px);\n  box-shadow: 0 6px 16px rgba(54, 133, 252, 0.35);\n}\n.lk-stay-cta svg { flex-shrink: 0; }\n\n\/* \u2500\u2500\u2500 FOOTER \u2500\u2500\u2500 *\/\n.lk-stays-footer {\n  padding: 18px 36px;\n  background: linear-gradient(to bottom, #fdfaf5 0%, #f9f4ed 100%);\n  border-top: 1px solid rgba(195, 159, 118, 0.15);\n  display: flex;\n  align-items: center;\n  justify-content: space-between;\n  flex-wrap: wrap;\n  gap: 12px;\n}\n.lk-stays-footer-note {\n  font-size: 11.5px;\n  color: #6b7280;\n  font-weight: 300;\n  line-height: 1.5;\n}\n.lk-stays-footer-note a {\n  color: #c39f76;\n  text-decoration: none;\n  font-weight: 400;\n}\n.lk-stays-footer-note a:hover {\n  text-decoration: underline;\n}\n.lk-stays-all-btn {\n  display: inline-flex;\n  align-items: center;\n  gap: 6px;\n  font-size: 12.5px;\n  font-weight: 500;\n  color: #c39f76;\n  text-decoration: none;\n  border: 1px solid rgba(195, 159, 118, 0.35);\n  padding: 8px 18px;\n  border-radius: 8px;\n  transition: all .2s ease;\n}\n.lk-stays-all-btn:hover {\n  background: rgba(195, 159, 118, 0.08);\n  border-color: rgba(195, 159, 118, 0.5);\n}\n\n\/* \u2500\u2500\u2500 RESPONSIVE \u2500\u2500\u2500 *\/\n@media (max-width: 600px) {\n  .lk-stays-grid { grid-template-columns: 1fr; }\n  .lk-stays-header { padding: 24px 20px; }\n  .lk-stays-footer { padding: 16px 20px; }\n  .lk-stay-card { padding: 22px; }\n  .lk-stays-title { font-size: 20px; }\n}\n<\/style>\n\n  <!-- HEADER -->\n  <div class=\"lk-stays-header\">\n    <img decoding=\"async\" src=\"https:\/\/loudavymkrokem.cz\/wp-content\/uploads\/2026\/02\/lukas-a-lucka.jpg\" alt=\"\" style=\"width: 75px; height: 75px; border-radius: 8px; flex-shrink: 0; object-fit: cover; display: block; margin: 4px 0;\" title=\"\">\n    <div class=\"lk-stays-header-text\">\n      <div class=\"lk-stays-eyebrow\">Luk\u00e1\u0161 y Lucie recomiendan<\/div>\n      <div class=\"lk-stays-title\">D\u00f3nde alojarse en Viena<\/div>\n      <div class=\"lk-stays-subtitle\">6 alojamientos \u2014 hoteles wellness y otras opciones de alojamiento<\/div>\n    <\/div>\n  <\/div>\n\n  <!-- CARDS -->\n  <div class=\"lk-stays-grid\">\n\n    <a class=\"lk-stay-card featured\" href=\"https:\/\/www.stay22.com\/allez\/roam?aid=lukaskonecny&#038;campaign=loudavymkrokemcz&#038;campaign=es&#038;campaign=kde-bydlet-ve-vidni&#038;hotelname=Hotel%20Sacher%20Vienna&#038;address=V%C3%ADde%C5%88%2C%20Rakousko\" target=\"_blank\" rel=\"nofollow noopener\">\n      <span class=\"lk-stay-badge badge-top\">\u2b50 MEJOR OPCI\u00d3N<\/span>\n      <span class=\"lk-stay-badge badge-nature\">\u2b50 Luxury<\/span>\n      <div class=\"lk-stay-name\">Hotel Sacher Vienna<\/div>\n      <div class=\"lk-stay-desc\">Legendario hotel de cinco estrellas de 1876 justo enfrente de la \u00f3pera con lujo absoluto y la aut\u00e9ntica tarta Sacher.<\/div>\n      <div class=\"lk-stay-meta\">\n        <span class=\"lk-stay-stars\">\u2605\u2605\u2605\u2605\u2605<\/span>\n        <span class=\"lk-stay-price\">Consultar precios<\/span>\n      <\/div>\n      <span class=\"lk-stay-cta\">\n        <svg width=\"14\" height=\"14\" viewBox=\"0 0 24 24\" fill=\"none\" stroke=\"currentColor\" stroke-width=\"2\"><path d=\"M18 13v6a2 2 0 0 1-2 2H5a2 2 0 0 1-2-2V8a2 2 0 0 1 2-2h6\"\/><polyline points=\"15 3 21 3 21 9\"\/><line x1=\"10\" y1=\"14\" x2=\"21\" y2=\"3\"\/><\/svg>\n        Comprobar disponibilidad\n      <\/span>\n    <\/a>\n\n    <a class=\"lk-stay-card\" href=\"https:\/\/www.stay22.com\/allez\/roam?aid=lukaskonecny&#038;campaign=loudavymkrokemcz&#038;campaign=es&#038;campaign=kde-bydlet-ve-vidni&#038;hotelname=Hotel%20Imperial&#038;address=V%C3%ADde%C5%88%2C%20Rakousko\" target=\"_blank\" rel=\"nofollow noopener\">\n      <span class=\"lk-stay-badge badge-nature\">\u2b50 Luxury<\/span>\n      <div class=\"lk-stay-name\">Hotel Imperial<\/div>\n      <div class=\"lk-stay-desc\">Antiguo palacio nobiliario en Ringstra\u00dfe con columnas de m\u00e1rmol y servicios de mayordomo personal.<\/div>\n      <div class=\"lk-stay-meta\">\n        <span class=\"lk-stay-stars\">\u2605\u2605\u2605\u2605\u2605<\/span>\n        <span class=\"lk-stay-price\">Consultar precios<\/span>\n      <\/div>\n      <span class=\"lk-stay-cta\">\n        <svg width=\"14\" height=\"14\" viewBox=\"0 0 24 24\" fill=\"none\" stroke=\"currentColor\" stroke-width=\"2\"><path d=\"M18 13v6a2 2 0 0 1-2 2H5a2 2 0 0 1-2-2V8a2 2 0 0 1 2-2h6\"\/><polyline points=\"15 3 21 3 21 9\"\/><line x1=\"10\" y1=\"14\" x2=\"21\" y2=\"3\"\/><\/svg>\n        Comprobar disponibilidad\n      <\/span>\n    <\/a>\n\n    <a class=\"lk-stay-card\" href=\"https:\/\/www.stay22.com\/allez\/roam?aid=lukaskonecny&#038;campaign=loudavymkrokemcz&#038;campaign=es&#038;campaign=kde-bydlet-ve-vidni&#038;hotelname=Park%20Hyatt%20Vienna&#038;address=V%C3%ADde%C5%88%2C%20Rakousko\" target=\"_blank\" rel=\"nofollow noopener\">\n      <span class=\"lk-stay-badge badge-nature\">\u2b50 Luxury<\/span>\n      <div class=\"lk-stay-name\">Park Hyatt Vienna<\/div>\n      <div class=\"lk-stay-desc\">Hotel de lujo moderno en un antiguo banco con piscina en la c\u00e1mara acorazada hist\u00f3rica y excelente spa.<\/div>\n      <div class=\"lk-stay-meta\">\n        <span class=\"lk-stay-stars\">\u2605\u2605\u2605\u2605\u2605<\/span>\n        <span class=\"lk-stay-price\">Consultar precios<\/span>\n      <\/div>\n      <span class=\"lk-stay-cta\">\n        <svg width=\"14\" height=\"14\" viewBox=\"0 0 24 24\" fill=\"none\" stroke=\"currentColor\" stroke-width=\"2\"><path d=\"M18 13v6a2 2 0 0 1-2 2H5a2 2 0 0 1-2-2V8a2 2 0 0 1 2-2h6\"\/><polyline points=\"15 3 21 3 21 9\"\/><line x1=\"10\" y1=\"14\" x2=\"21\" y2=\"3\"\/><\/svg>\n        Comprobar disponibilidad\n      <\/span>\n    <\/a>\n\n    <a class=\"lk-stay-card\" href=\"https:\/\/www.stay22.com\/allez\/roam?aid=lukaskonecny&#038;campaign=loudavymkrokemcz&#038;campaign=es&#038;campaign=kde-bydlet-ve-vidni&#038;hotelname=The%20Ritz-Carlton%20Vienna&#038;address=V%C3%ADde%C5%88%2C%20Rakousko\" target=\"_blank\" rel=\"nofollow noopener\">\n      <span class=\"lk-stay-badge badge-nature\">\u2b50 Luxury<\/span>\n      <div class=\"lk-stay-name\">The Ritz-Carlton Vienna<\/div>\n      <div class=\"lk-stay-desc\">Cuatro palacios hist\u00f3ricos en Schubertring con bar en la azotea con vistas panor\u00e1micas.<\/div>\n      <div class=\"lk-stay-meta\">\n        <span class=\"lk-stay-stars\">\u2605\u2605\u2605\u2605\u2605<\/span>\n        <span class=\"lk-stay-price\">Consultar precios<\/span>\n      <\/div>\n      <span class=\"lk-stay-cta\">\n        <svg width=\"14\" height=\"14\" viewBox=\"0 0 24 24\" fill=\"none\" stroke=\"currentColor\" stroke-width=\"2\"><path d=\"M18 13v6a2 2 0 0 1-2 2H5a2 2 0 0 1-2-2V8a2 2 0 0 1 2-2h6\"\/><polyline points=\"15 3 21 3 21 9\"\/><line x1=\"10\" y1=\"14\" x2=\"21\" y2=\"3\"\/><\/svg>\n        Comprobar disponibilidad\n      <\/span>\n    <\/a>\n\n    <a class=\"lk-stay-card\" href=\"https:\/\/www.stay22.com\/allez\/roam?aid=lukaskonecny&#038;campaign=loudavymkrokemcz&#038;campaign=es&#038;campaign=kde-bydlet-ve-vidni&#038;hotelname=Hotel%20Bristol&#038;address=V%C3%ADde%C5%88%2C%20Rakousko\" target=\"_blank\" rel=\"nofollow noopener\">\n      <span class=\"lk-stay-badge badge-nature\">\u2b50 Luxury<\/span>\n      <div class=\"lk-stay-name\">Hotel Bristol<\/div>\n      <div class=\"lk-stay-desc\">Edificio hist\u00f3rico de estilo Art D\u00e9co frente a la \u00d3pera Estatal con vistas al edificio de la \u00f3pera.<\/div>\n      <div class=\"lk-stay-meta\">\n        <span class=\"lk-stay-stars\">\u2605\u2605\u2605\u2605\u2605<\/span>\n        <span class=\"lk-stay-price\">Consultar precios<\/span>\n      <\/div>\n      <span class=\"lk-stay-cta\">\n        <svg width=\"14\" height=\"14\" viewBox=\"0 0 24 24\" fill=\"none\" stroke=\"currentColor\" stroke-width=\"2\"><path d=\"M18 13v6a2 2 0 0 1-2 2H5a2 2 0 0 1-2-2V8a2 2 0 0 1 2-2h6\"\/><polyline points=\"15 3 21 3 21 9\"\/><line x1=\"10\" y1=\"14\" x2=\"21\" y2=\"3\"\/><\/svg>\n        Comprobar disponibilidad\n      <\/span>\n    <\/a>\n\n    <a class=\"lk-stay-card\" href=\"https:\/\/www.stay22.com\/allez\/roam?aid=lukaskonecny&#038;campaign=loudavymkrokemcz&#038;campaign=es&#038;campaign=kde-bydlet-ve-vidni&#038;hotelname=Rosewood%20Vienna&#038;address=V%C3%ADde%C5%88%2C%20Rakousko\" target=\"_blank\" rel=\"nofollow noopener\">\n      <span class=\"lk-stay-badge badge-nature\">\u2b50 Luxury<\/span>\n      <div class=\"lk-stay-name\">Rosewood Vienna<\/div>\n      <div class=\"lk-stay-desc\">Nuevo hotel boutique en Petersplatz con dise\u00f1o moderno luminoso y atm\u00f3sfera \u00edntima.<\/div>\n      <div class=\"lk-stay-meta\">\n        <span class=\"lk-stay-stars\">\u2605\u2605\u2605\u2605\u2605<\/span>\n        <span class=\"lk-stay-price\">Consultar precios<\/span>\n      <\/div>\n      <span class=\"lk-stay-cta\">\n        <svg width=\"14\" height=\"14\" viewBox=\"0 0 24 24\" fill=\"none\" stroke=\"currentColor\" stroke-width=\"2\"><path d=\"M18 13v6a2 2 0 0 1-2 2H5a2 2 0 0 1-2-2V8a2 2 0 0 1 2-2h6\"\/><polyline points=\"15 3 21 3 21 9\"\/><line x1=\"10\" y1=\"14\" x2=\"21\" y2=\"3\"\/><\/svg>\n        Comprobar disponibilidad\n      <\/span>\n    <\/a>\n\n  <\/div>\n\n  \n<\/div>\n\n\n\n\n<h3 class=\"wp-block-heading\"><span class=\"ez-toc-section\" id=\"14_Hotel_am_Brillantengrund\"><\/span>14. Hotel am Brillantengrund<span class=\"ez-toc-section-end\"><\/span><\/h3>\n\n\n\n<p class=\"wp-block-paragraph\">En pleno coraz\u00f3n del bohemio distrito de Neubau encontrar\u00e1s este hotel absolutamente \u00fanico con una preciosa <strong>valoraci\u00f3n de 4,5 sobre 863 rese\u00f1as<\/strong>, que de forma muy poco habitual ocupa los amplios espacios de un antiguo monasterio. En su interior se esconde un patio absolutamente encantador rodeado de viejas galer\u00edas, que en los meses m\u00e1s c\u00e1lidos hace de perfecto oasis de calma.<\/p>\n\n\n\n<figure data-wp-context=\"{&quot;galleryId&quot;:&quot;6a9ce1b81d541&quot;}\" data-wp-interactive=\"core\/gallery\" class=\"wp-block-gallery has-nested-images columns-2 is-cropped wp-block-gallery-is-layout-flex wp-block-gallery-8 is-layout-flex\">\n\n<figure data-wp-context=\"{&quot;imageId&quot;:&quot;6a9ce1b81da24&quot;}\" data-wp-interactive=\"core\/image\" data-wp-key=\"6a9ce1b81da24\" class=\"wp-block-image size-large wp-lightbox-container\"><img decoding=\"async\" width=\"1800\" height=\"1193\" data-wp-class--hide=\"state.isContentHidden\" data-wp-class--show=\"state.isContentVisible\" data-wp-init=\"callbacks.setButtonStyles\" data-wp-on--click=\"actions.showLightbox\" data-wp-on--load=\"callbacks.setButtonStyles\" data-wp-on--pointerdown=\"actions.preloadImage\" data-wp-on--pointerenter=\"actions.preloadImageWithDelay\" data-wp-on--pointerleave=\"actions.cancelPreload\" data-wp-on-window--resize=\"callbacks.setButtonStyles\" data-id=\"407052\" src=\"https:\/\/loudavymkrokem.cz\/wp-content\/uploads\/2026\/08\/hotel-am-brillantengrund-3.jpg\" alt=\"Habitaci\u00f3n del Hotel am Brillantengrund\" class=\"wp-image-407052\" title=\"\" srcset=\"https:\/\/loudavymkrokem.cz\/wp-content\/uploads\/2026\/08\/hotel-am-brillantengrund-3.jpg 1800w, https:\/\/loudavymkrokem.cz\/wp-content\/uploads\/2026\/08\/hotel-am-brillantengrund-3-300x199.jpg 300w, https:\/\/loudavymkrokem.cz\/wp-content\/uploads\/2026\/08\/hotel-am-brillantengrund-3-700x464.jpg 700w, https:\/\/loudavymkrokem.cz\/wp-content\/uploads\/2026\/08\/hotel-am-brillantengrund-3-768x509.jpg 768w, https:\/\/loudavymkrokem.cz\/wp-content\/uploads\/2026\/08\/hotel-am-brillantengrund-3-1536x1018.jpg 1536w, https:\/\/loudavymkrokem.cz\/wp-content\/uploads\/2026\/08\/hotel-am-brillantengrund-3-696x461.jpg 696w, https:\/\/loudavymkrokem.cz\/wp-content\/uploads\/2026\/08\/hotel-am-brillantengrund-3-1392x923.jpg 1392w\" sizes=\"(max-width: 1800px) 100vw, 1800px\" \/><button\n\t\t\tclass=\"lightbox-trigger\"\n\t\t\ttype=\"button\"\n\t\t\taria-haspopup=\"dialog\"\n\t\t\tdata-wp-bind--aria-label=\"state.thisImage.triggerButtonAriaLabel\"\n\t\t\tdata-wp-init=\"callbacks.initTriggerButton\"\n\t\t\tdata-wp-on--click=\"actions.showLightbox\"\n\t\t\tdata-wp-style--right=\"state.thisImage.buttonRight\"\n\t\t\tdata-wp-style--top=\"state.thisImage.buttonTop\"\n\t\t>\n\t\t\t<svg xmlns=\"http:\/\/www.w3.org\/2000\/svg\" width=\"12\" height=\"12\" fill=\"none\" viewBox=\"0 0 12 12\">\n\t\t\t\t<path fill=\"#fff\" d=\"M2 0a2 2 0 0 0-2 2v2h1.5V2a.5.5 0 0 1 .5-.5h2V0H2Zm2 10.5H2a.5.5 0 0 1-.5-.5V8H0v2a2 2 0 0 0 2 2h2v-1.5ZM8 12v-1.5h2a.5.5 0 0 0 .5-.5V8H12v2a2 2 0 0 1-2 2H8Zm2-12a2 2 0 0 1 2 2v2h-1.5V2a.5.5 0 0 0-.5-.5H8V0h2Z\" \/>\n\t\t\t<\/svg>\n\t\t<\/button><figcaption class=\"wp-element-caption\">Foto: Hotel am Brillantengrund \/ web oficial<\/figcaption><\/figure>\n\n<\/figure>\n\n\n\n<p class=\"wp-block-paragraph\">Lo que hace este lugar tan especial y querido es <strong>su excelente restaurante filipino y la m\u00fasica en directo habitual<\/strong>. Los conciertos y eventos vespertinos atraen no solo a turistas curiosos, sino tambi\u00e9n a muchos vecinos, as\u00ed que aqu\u00ed se mezclan las culturas de forma natural.<\/p>\n\n\n\n<p class=\"wp-block-paragraph\">Todo el espacio vive, sin m\u00e1s, su propia vida y ofrece algo que en los hoteles cl\u00e1sicos no encontrar\u00e1s. <strong>Es un lugar lleno de energ\u00eda sin ataduras, creatividad y un ambiente muy informal<\/strong>, donde cada hu\u00e9sped se siente inmediatamente bienvenido.<\/p>\n\n\n\n<p class=\"wp-block-paragraph\">\ud83d\udca1 Consejo: Esta es una opci\u00f3n absolutamente ideal para <strong>viajeros que buscan a prop\u00f3sito un ambiente hipster y experiencias locales poco convencionales<\/strong>. Aqu\u00ed no te sentir\u00e1s r\u00edgido como en un hotel cl\u00e1sico, sino m\u00e1s bien como en una divertida visita a casa de unos amigos muy creativos. <em><a href=\"https:\/\/www.stay22.com\/allez\/roam?aid=lukaskonecny&#038;campaign=loudavymkrokemcz&#038;campaign=kde-bydlet-ve-vidni&#038;hotelname=Hotel%20am%20Brillantengrund&#038;address=V%C3%ADde%C5%88%2C%20Rakousko\" target=\"_blank\" rel=\"nofollow noopener sponsored\">consultar precios y disponibilidad<\/a><\/em><\/p>\n\n\n\n<figure data-wp-context=\"{&quot;imageId&quot;:&quot;6a9ce1b81e22a&quot;}\" data-wp-interactive=\"core\/image\" data-wp-key=\"6a9ce1b81e22a\" class=\"wp-block-image size-full wp-lightbox-container\"><img decoding=\"async\" width=\"1139\" height=\"660\" data-wp-class--hide=\"state.isContentHidden\" data-wp-class--show=\"state.isContentVisible\" data-wp-init=\"callbacks.setButtonStyles\" data-wp-on--click=\"actions.showLightbox\" data-wp-on--load=\"callbacks.setButtonStyles\" data-wp-on--pointerdown=\"actions.preloadImage\" data-wp-on--pointerenter=\"actions.preloadImageWithDelay\" data-wp-on--pointerleave=\"actions.cancelPreload\" data-wp-on-window--resize=\"callbacks.setButtonStyles\" src=\"https:\/\/loudavymkrokem.cz\/wp-content\/uploads\/2026\/08\/25hours-hotel-vienna-at-museumsquartier-1.jpg\" alt=\"Bar en la azotea del 25hours Hotel junto al MuseumsQuartier\" class=\"wp-image-407044\" title=\"\" srcset=\"https:\/\/loudavymkrokem.cz\/wp-content\/uploads\/2026\/08\/25hours-hotel-vienna-at-museumsquartier-1.jpg 1139w, https:\/\/loudavymkrokem.cz\/wp-content\/uploads\/2026\/08\/25hours-hotel-vienna-at-museumsquartier-1-300x174.jpg 300w, https:\/\/loudavymkrokem.cz\/wp-content\/uploads\/2026\/08\/25hours-hotel-vienna-at-museumsquartier-1-700x406.jpg 700w, https:\/\/loudavymkrokem.cz\/wp-content\/uploads\/2026\/08\/25hours-hotel-vienna-at-museumsquartier-1-768x445.jpg 768w, https:\/\/loudavymkrokem.cz\/wp-content\/uploads\/2026\/08\/25hours-hotel-vienna-at-museumsquartier-1-696x403.jpg 696w\" sizes=\"(max-width: 1139px) 100vw, 1139px\" \/><button\n\t\t\tclass=\"lightbox-trigger\"\n\t\t\ttype=\"button\"\n\t\t\taria-haspopup=\"dialog\"\n\t\t\tdata-wp-bind--aria-label=\"state.thisImage.triggerButtonAriaLabel\"\n\t\t\tdata-wp-init=\"callbacks.initTriggerButton\"\n\t\t\tdata-wp-on--click=\"actions.showLightbox\"\n\t\t\tdata-wp-style--right=\"state.thisImage.buttonRight\"\n\t\t\tdata-wp-style--top=\"state.thisImage.buttonTop\"\n\t\t>\n\t\t\t<svg xmlns=\"http:\/\/www.w3.org\/2000\/svg\" width=\"12\" height=\"12\" fill=\"none\" viewBox=\"0 0 12 12\">\n\t\t\t\t<path fill=\"#fff\" d=\"M2 0a2 2 0 0 0-2 2v2h1.5V2a.5.5 0 0 1 .5-.5h2V0H2Zm2 10.5H2a.5.5 0 0 1-.5-.5V8H0v2a2 2 0 0 0 2 2h2v-1.5ZM8 12v-1.5h2a.5.5 0 0 0 .5-.5V8H12v2a2 2 0 0 1-2 2H8Zm2-12a2 2 0 0 1 2 2v2h-1.5V2a.5.5 0 0 0-.5-.5H8V0h2Z\" \/>\n\t\t\t<\/svg>\n\t\t<\/button><figcaption class=\"wp-element-caption\">Foto: 25hours Hotel Vienna \/ web oficial<\/figcaption><\/figure>\n\n\n\n<h3 class=\"wp-block-heading\"><span class=\"ez-toc-section\" id=\"15_25hours_Hotel_Vienna_at_MuseumsQuartier\"><\/span>15. 25hours Hotel Vienna at MuseumsQuartier<span class=\"ez-toc-section-end\"><\/span><\/h3>\n\n\n\n<p class=\"wp-block-paragraph\">Divertido, colorido y a primera vista un poco loco: as\u00ed es exactamente este gran hotel con una muy s\u00f3lida <strong>valoraci\u00f3n de 4,5 sobre nada menos que 4 906 rese\u00f1as<\/strong>. Sus interiores est\u00e1n totalmente inspirados en el motivo l\u00fadico de un viejo circo y se encuentra en el s\u00e9ptimo distrito, junto al enorme centro cultural MuseumsQuartier.<\/p>\n\n\n\n<figure data-wp-context=\"{&quot;galleryId&quot;:&quot;6a9ce1b81e4dd&quot;}\" data-wp-interactive=\"core\/gallery\" class=\"wp-block-gallery has-nested-images columns-2 is-cropped wp-block-gallery-is-layout-flex wp-block-gallery-9 is-layout-flex\">\n\n<figure data-wp-context=\"{&quot;imageId&quot;:&quot;6a9ce1b81e8ae&quot;}\" data-wp-interactive=\"core\/image\" data-wp-key=\"6a9ce1b81e8ae\" class=\"wp-block-image size-large wp-lightbox-container\"><img decoding=\"async\" width=\"1800\" height=\"1012\" data-wp-class--hide=\"state.isContentHidden\" data-wp-class--show=\"state.isContentVisible\" data-wp-init=\"callbacks.setButtonStyles\" data-wp-on--click=\"actions.showLightbox\" data-wp-on--load=\"callbacks.setButtonStyles\" data-wp-on--pointerdown=\"actions.preloadImage\" data-wp-on--pointerenter=\"actions.preloadImageWithDelay\" data-wp-on--pointerleave=\"actions.cancelPreload\" data-wp-on-window--resize=\"callbacks.setButtonStyles\" data-id=\"407046\" src=\"https:\/\/loudavymkrokem.cz\/wp-content\/uploads\/2026\/08\/25hours-hotel-vienna-at-museumsquartier-2.jpg\" alt=\"Habitaci\u00f3n de tem\u00e1tica circense en el 25hours Hotel\" class=\"wp-image-407046\" title=\"\" srcset=\"https:\/\/loudavymkrokem.cz\/wp-content\/uploads\/2026\/08\/25hours-hotel-vienna-at-museumsquartier-2.jpg 1800w, https:\/\/loudavymkrokem.cz\/wp-content\/uploads\/2026\/08\/25hours-hotel-vienna-at-museumsquartier-2-300x169.jpg 300w, https:\/\/loudavymkrokem.cz\/wp-content\/uploads\/2026\/08\/25hours-hotel-vienna-at-museumsquartier-2-700x394.jpg 700w, https:\/\/loudavymkrokem.cz\/wp-content\/uploads\/2026\/08\/25hours-hotel-vienna-at-museumsquartier-2-768x432.jpg 768w, https:\/\/loudavymkrokem.cz\/wp-content\/uploads\/2026\/08\/25hours-hotel-vienna-at-museumsquartier-2-1536x864.jpg 1536w, https:\/\/loudavymkrokem.cz\/wp-content\/uploads\/2026\/08\/25hours-hotel-vienna-at-museumsquartier-2-696x391.jpg 696w, https:\/\/loudavymkrokem.cz\/wp-content\/uploads\/2026\/08\/25hours-hotel-vienna-at-museumsquartier-2-1392x783.jpg 1392w\" sizes=\"(max-width: 1800px) 100vw, 1800px\" \/><button\n\t\t\tclass=\"lightbox-trigger\"\n\t\t\ttype=\"button\"\n\t\t\taria-haspopup=\"dialog\"\n\t\t\tdata-wp-bind--aria-label=\"state.thisImage.triggerButtonAriaLabel\"\n\t\t\tdata-wp-init=\"callbacks.initTriggerButton\"\n\t\t\tdata-wp-on--click=\"actions.showLightbox\"\n\t\t\tdata-wp-style--right=\"state.thisImage.buttonRight\"\n\t\t\tdata-wp-style--top=\"state.thisImage.buttonTop\"\n\t\t>\n\t\t\t<svg xmlns=\"http:\/\/www.w3.org\/2000\/svg\" width=\"12\" height=\"12\" fill=\"none\" viewBox=\"0 0 12 12\">\n\t\t\t\t<path fill=\"#fff\" d=\"M2 0a2 2 0 0 0-2 2v2h1.5V2a.5.5 0 0 1 .5-.5h2V0H2Zm2 10.5H2a.5.5 0 0 1-.5-.5V8H0v2a2 2 0 0 0 2 2h2v-1.5ZM8 12v-1.5h2a.5.5 0 0 0 .5-.5V8H12v2a2 2 0 0 1-2 2H8Zm2-12a2 2 0 0 1 2 2v2h-1.5V2a.5.5 0 0 0-.5-.5H8V0h2Z\" \/>\n\t\t\t<\/svg>\n\t\t<\/button><figcaption class=\"wp-element-caption\">Foto: 25hours Hotel Vienna \/ web oficial<\/figcaption><\/figure>\n\n<\/figure>\n\n\n\n<p class=\"wp-block-paragraph\">En las rese\u00f1as, los hu\u00e9spedes adoran los detalles ingeniosos e inesperados de las habitaciones, as\u00ed como la estupenda opci\u00f3n de alquilar gratis bicicletas urbanas para explorar Viena m\u00e1s f\u00e1cilmente. <strong>El dise\u00f1o circense impregna cada detalle imaginable<\/strong> y aburrirte, desde luego, no te vas a aburrir.<\/p>\n\n\n\n<p class=\"wp-block-paragraph\">Pero el mayor \u00e9xito de este lugar es <strong>el estupendo bar de azotea Dachboden<\/strong>, desde el que se abre una preciosa vista de toda la ciudad de noche y donde se re\u00fane con regularidad la juventud vienesa con estilo a tomar una copa.<\/p>\n\n\n\n<p class=\"wp-block-paragraph\">\ud83d\udca1 Consejo: Aloja\u00adte aqu\u00ed con la conciencia tranquila si ya te aburren las cl\u00e1sicas y grises cadenas hoteleras y <strong>buscas un alojamiento moderno con una gran dosis de humor y un dise\u00f1o visual original<\/strong>. La ubicaci\u00f3n, adem\u00e1s, es absolutamente ideal para explorar la ciudad. <em><a href=\"https:\/\/www.stay22.com\/allez\/roam?aid=lukaskonecny&#038;campaign=loudavymkrokemcz&#038;campaign=kde-bydlet-ve-vidni&#038;hotelname=25hours%20Hotel%20Vienna%20at%20MuseumsQuartier&#038;address=V%C3%ADde%C5%88%2C%20Rakousko\" target=\"_blank\" rel=\"nofollow noopener sponsored\">consultar precios y disponibilidad<\/a><\/em><\/p>\n\n\n\n<figure data-wp-context=\"{&quot;imageId&quot;:&quot;6a9ce1b81f05d&quot;}\" data-wp-interactive=\"core\/image\" data-wp-key=\"6a9ce1b81f05d\" class=\"wp-block-image size-full wp-lightbox-container\"><img decoding=\"async\" width=\"1024\" height=\"768\" data-wp-class--hide=\"state.isContentHidden\" data-wp-class--show=\"state.isContentVisible\" data-wp-init=\"callbacks.setButtonStyles\" data-wp-on--click=\"actions.showLightbox\" data-wp-on--load=\"callbacks.setButtonStyles\" data-wp-on--pointerdown=\"actions.preloadImage\" data-wp-on--pointerenter=\"actions.preloadImageWithDelay\" data-wp-on--pointerleave=\"actions.cancelPreload\" data-wp-on-window--resize=\"callbacks.setButtonStyles\" src=\"https:\/\/loudavymkrokem.cz\/wp-content\/uploads\/2026\/08\/hotel-am-konzerthaus-pobl-v-de-sk-ho-konzertha.jpg\" alt=\"Hotel Am Konzerthaus cerca del Konzerthaus de Viena\" class=\"wp-image-407137\" title=\"\" srcset=\"https:\/\/loudavymkrokem.cz\/wp-content\/uploads\/2026\/08\/hotel-am-konzerthaus-pobl-v-de-sk-ho-konzertha.jpg 1024w, https:\/\/loudavymkrokem.cz\/wp-content\/uploads\/2026\/08\/hotel-am-konzerthaus-pobl-v-de-sk-ho-konzertha-300x225.jpg 300w, https:\/\/loudavymkrokem.cz\/wp-content\/uploads\/2026\/08\/hotel-am-konzerthaus-pobl-v-de-sk-ho-konzertha-700x525.jpg 700w, https:\/\/loudavymkrokem.cz\/wp-content\/uploads\/2026\/08\/hotel-am-konzerthaus-pobl-v-de-sk-ho-konzertha-768x576.jpg 768w, https:\/\/loudavymkrokem.cz\/wp-content\/uploads\/2026\/08\/hotel-am-konzerthaus-pobl-v-de-sk-ho-konzertha-80x60.jpg 80w, https:\/\/loudavymkrokem.cz\/wp-content\/uploads\/2026\/08\/hotel-am-konzerthaus-pobl-v-de-sk-ho-konzertha-160x120.jpg 160w, https:\/\/loudavymkrokem.cz\/wp-content\/uploads\/2026\/08\/hotel-am-konzerthaus-pobl-v-de-sk-ho-konzertha-696x522.jpg 696w\" sizes=\"(max-width: 1024px) 100vw, 1024px\" \/><button\n\t\t\tclass=\"lightbox-trigger\"\n\t\t\ttype=\"button\"\n\t\t\taria-haspopup=\"dialog\"\n\t\t\tdata-wp-bind--aria-label=\"state.thisImage.triggerButtonAriaLabel\"\n\t\t\tdata-wp-init=\"callbacks.initTriggerButton\"\n\t\t\tdata-wp-on--click=\"actions.showLightbox\"\n\t\t\tdata-wp-style--right=\"state.thisImage.buttonRight\"\n\t\t\tdata-wp-style--top=\"state.thisImage.buttonTop\"\n\t\t>\n\t\t\t<svg xmlns=\"http:\/\/www.w3.org\/2000\/svg\" width=\"12\" height=\"12\" fill=\"none\" viewBox=\"0 0 12 12\">\n\t\t\t\t<path fill=\"#fff\" d=\"M2 0a2 2 0 0 0-2 2v2h1.5V2a.5.5 0 0 1 .5-.5h2V0H2Zm2 10.5H2a.5.5 0 0 1-.5-.5V8H0v2a2 2 0 0 0 2 2h2v-1.5ZM8 12v-1.5h2a.5.5 0 0 0 .5-.5V8H12v2a2 2 0 0 1-2 2H8Zm2-12a2 2 0 0 1 2 2v2h-1.5V2a.5.5 0 0 0-.5-.5H8V0h2Z\" \/>\n\t\t\t<\/svg>\n\t\t<\/button><figcaption class=\"wp-element-caption\">Foto: Hotel Am Konzerthaus &#8211; MGallery Collection \/ Google Maps<\/figcaption><\/figure>\n\n\n\n<h3 class=\"wp-block-heading\"><span class=\"ez-toc-section\" id=\"16_Hotel_Am_Konzerthaus_%E2%80%94_MGallery\"><\/span>16. Hotel Am Konzerthaus \u2014 MGallery<span class=\"ez-toc-section-end\"><\/span><\/h3>\n\n\n\n<p class=\"wp-block-paragraph\">Este hotel muy elegante, con una preciosa <strong>valoraci\u00f3n de 4,5 sobre 2 396 rese\u00f1as<\/strong>, se encuentra a un peque\u00f1o paso del famoso palacio Belvedere y limita directamente con la conocida sala de conciertos Konzerthaus. Sus interiores est\u00e1n fuertemente inspirados en el modernismo y en las c\u00e9lebres obras del pintor Gustav Klimt, lo que da a todo el hotel una atm\u00f3sfera muy sofisticada y art\u00edstica.<\/p>\n\n\n\n<p class=\"wp-block-paragraph\">En las rese\u00f1as positivas, los hu\u00e9spedes mencionan muy a menudo <strong>las camas sorprendentemente c\u00f3modas, la limpieza de primera de todos los espacios y un desayuno muy variado<\/strong>, que satisface con seguridad a cualquier gourmet exigente. Aqu\u00ed se apuesta por la elegancia cl\u00e1sica sin excentricidades innecesarias.<\/p>\n\n\n\n<p class=\"wp-block-paragraph\">La ubicaci\u00f3n en el tercer distrito garantiza a los hu\u00e9spedes suficiente calma nocturna. <strong>El centro hist\u00f3rico, sin embargo, sigue siendo muy f\u00e1cil de alcanzar a pie<\/strong> o con un breve trayecto en tranv\u00eda, as\u00ed que no te perder\u00e1s ninguna atracci\u00f3n principal.<\/p>\n\n\n\n<p class=\"wp-block-paragraph\">\ud83d\udca1 Consejo: Esta es una opci\u00f3n realmente estupenda para viajeros que prefieren <strong>un estilo de alojamiento m\u00e1s cl\u00e1sico con un claro toque art\u00edstico<\/strong> y que a la vez valoran una ubicaci\u00f3n m\u00e1s tranquila con excelente acceso a los monumentos culturales. <em><a href=\"https:\/\/www.stay22.com\/allez\/roam?aid=lukaskonecny&#038;campaign=loudavymkrokemcz&#038;campaign=kde-bydlet-ve-vidni&#038;hotelname=Hotel%20Am%20Konzerthaus&#038;address=V%C3%ADde%C5%88%2C%20Rakousko\" target=\"_blank\" rel=\"nofollow noopener sponsored\">consultar precios y disponibilidad<\/a><\/em><\/p>\n\n\n\n<figure data-wp-context=\"{&quot;imageId&quot;:&quot;6a9ce1b81f763&quot;}\" data-wp-interactive=\"core\/image\" data-wp-key=\"6a9ce1b81f763\" class=\"wp-block-image size-full wp-lightbox-container\"><img decoding=\"async\" width=\"1800\" height=\"937\" data-wp-class--hide=\"state.isContentHidden\" data-wp-class--show=\"state.isContentVisible\" data-wp-init=\"callbacks.setButtonStyles\" data-wp-on--click=\"actions.showLightbox\" data-wp-on--load=\"callbacks.setButtonStyles\" data-wp-on--pointerdown=\"actions.preloadImage\" data-wp-on--pointerenter=\"actions.preloadImageWithDelay\" data-wp-on--pointerleave=\"actions.cancelPreload\" data-wp-on-window--resize=\"callbacks.setButtonStyles\" src=\"https:\/\/loudavymkrokem.cz\/wp-content\/uploads\/2026\/08\/hotel-gilbert-3.jpg\" alt=\"Habitaci\u00f3n del Hotel Gilbert\" class=\"wp-image-407038\" title=\"\" srcset=\"https:\/\/loudavymkrokem.cz\/wp-content\/uploads\/2026\/08\/hotel-gilbert-3.jpg 1800w, https:\/\/loudavymkrokem.cz\/wp-content\/uploads\/2026\/08\/hotel-gilbert-3-300x156.jpg 300w, https:\/\/loudavymkrokem.cz\/wp-content\/uploads\/2026\/08\/hotel-gilbert-3-700x364.jpg 700w, https:\/\/loudavymkrokem.cz\/wp-content\/uploads\/2026\/08\/hotel-gilbert-3-768x400.jpg 768w, https:\/\/loudavymkrokem.cz\/wp-content\/uploads\/2026\/08\/hotel-gilbert-3-1536x800.jpg 1536w, https:\/\/loudavymkrokem.cz\/wp-content\/uploads\/2026\/08\/hotel-gilbert-3-696x362.jpg 696w, https:\/\/loudavymkrokem.cz\/wp-content\/uploads\/2026\/08\/hotel-gilbert-3-1392x725.jpg 1392w\" sizes=\"(max-width: 1800px) 100vw, 1800px\" \/><button\n\t\t\tclass=\"lightbox-trigger\"\n\t\t\ttype=\"button\"\n\t\t\taria-haspopup=\"dialog\"\n\t\t\tdata-wp-bind--aria-label=\"state.thisImage.triggerButtonAriaLabel\"\n\t\t\tdata-wp-init=\"callbacks.initTriggerButton\"\n\t\t\tdata-wp-on--click=\"actions.showLightbox\"\n\t\t\tdata-wp-style--right=\"state.thisImage.buttonRight\"\n\t\t\tdata-wp-style--top=\"state.thisImage.buttonTop\"\n\t\t>\n\t\t\t<svg xmlns=\"http:\/\/www.w3.org\/2000\/svg\" width=\"12\" height=\"12\" fill=\"none\" viewBox=\"0 0 12 12\">\n\t\t\t\t<path fill=\"#fff\" d=\"M2 0a2 2 0 0 0-2 2v2h1.5V2a.5.5 0 0 1 .5-.5h2V0H2Zm2 10.5H2a.5.5 0 0 1-.5-.5V8H0v2a2 2 0 0 0 2 2h2v-1.5ZM8 12v-1.5h2a.5.5 0 0 0 .5-.5V8H12v2a2 2 0 0 1-2 2H8Zm2-12a2 2 0 0 1 2 2v2h-1.5V2a.5.5 0 0 0-.5-.5H8V0h2Z\" \/>\n\t\t\t<\/svg>\n\t\t<\/button><figcaption class=\"wp-element-caption\">Foto: Hotel Gilbert \/ web oficial<\/figcaption><\/figure>\n\n\n\n<h3 class=\"wp-block-heading\"><span class=\"ez-toc-section\" id=\"17_Hotel_Gilbert\"><\/span>17. Hotel Gilbert<span class=\"ez-toc-section-end\"><\/span><\/h3>\n\n\n\n<p class=\"wp-block-paragraph\">Este hotel moderno y visualmente muy fresco, cerca del cultural MuseumsQuartier, presume de una <strong>valoraci\u00f3n de 4,5 sobre 1 073 rese\u00f1as<\/strong>. Su se\u00f1a de identidad y reclamo principal es la enorme cantidad de plantas vivas que decoran generosamente tanto el exterior como todos los espacios interiores. El concepto se basa firmemente en la sostenibilidad y en el v\u00ednculo con la naturaleza.<\/p>\n\n\n\n<figure data-wp-context=\"{&quot;galleryId&quot;:&quot;6a9ce1b81fa80&quot;}\" data-wp-interactive=\"core\/gallery\" class=\"wp-block-gallery has-nested-images columns-2 is-cropped wp-block-gallery-is-layout-flex wp-block-gallery-10 is-layout-flex\">\n\n<figure data-wp-context=\"{&quot;imageId&quot;:&quot;6a9ce1b81ff2d&quot;}\" data-wp-interactive=\"core\/image\" data-wp-key=\"6a9ce1b81ff2d\" class=\"wp-block-image size-large wp-lightbox-container\"><img decoding=\"async\" width=\"1800\" height=\"937\" data-wp-class--hide=\"state.isContentHidden\" data-wp-class--show=\"state.isContentVisible\" data-wp-init=\"callbacks.setButtonStyles\" data-wp-on--click=\"actions.showLightbox\" data-wp-on--load=\"callbacks.setButtonStyles\" data-wp-on--pointerdown=\"actions.preloadImage\" data-wp-on--pointerenter=\"actions.preloadImageWithDelay\" data-wp-on--pointerleave=\"actions.cancelPreload\" data-wp-on-window--resize=\"callbacks.setButtonStyles\" data-id=\"407041\" src=\"https:\/\/loudavymkrokem.cz\/wp-content\/uploads\/2026\/08\/hotel-gilbert-4.jpg\" alt=\"Interior del Hotel Gilbert\" class=\"wp-image-407041\" title=\"\" srcset=\"https:\/\/loudavymkrokem.cz\/wp-content\/uploads\/2026\/08\/hotel-gilbert-4.jpg 1800w, https:\/\/loudavymkrokem.cz\/wp-content\/uploads\/2026\/08\/hotel-gilbert-4-300x156.jpg 300w, https:\/\/loudavymkrokem.cz\/wp-content\/uploads\/2026\/08\/hotel-gilbert-4-700x364.jpg 700w, https:\/\/loudavymkrokem.cz\/wp-content\/uploads\/2026\/08\/hotel-gilbert-4-768x400.jpg 768w, https:\/\/loudavymkrokem.cz\/wp-content\/uploads\/2026\/08\/hotel-gilbert-4-1536x800.jpg 1536w, https:\/\/loudavymkrokem.cz\/wp-content\/uploads\/2026\/08\/hotel-gilbert-4-696x362.jpg 696w, https:\/\/loudavymkrokem.cz\/wp-content\/uploads\/2026\/08\/hotel-gilbert-4-1392x725.jpg 1392w\" sizes=\"(max-width: 1800px) 100vw, 1800px\" \/><button\n\t\t\tclass=\"lightbox-trigger\"\n\t\t\ttype=\"button\"\n\t\t\taria-haspopup=\"dialog\"\n\t\t\tdata-wp-bind--aria-label=\"state.thisImage.triggerButtonAriaLabel\"\n\t\t\tdata-wp-init=\"callbacks.initTriggerButton\"\n\t\t\tdata-wp-on--click=\"actions.showLightbox\"\n\t\t\tdata-wp-style--right=\"state.thisImage.buttonRight\"\n\t\t\tdata-wp-style--top=\"state.thisImage.buttonTop\"\n\t\t>\n\t\t\t<svg xmlns=\"http:\/\/www.w3.org\/2000\/svg\" width=\"12\" height=\"12\" fill=\"none\" viewBox=\"0 0 12 12\">\n\t\t\t\t<path fill=\"#fff\" d=\"M2 0a2 2 0 0 0-2 2v2h1.5V2a.5.5 0 0 1 .5-.5h2V0H2Zm2 10.5H2a.5.5 0 0 1-.5-.5V8H0v2a2 2 0 0 0 2 2h2v-1.5ZM8 12v-1.5h2a.5.5 0 0 0 .5-.5V8H12v2a2 2 0 0 1-2 2H8Zm2-12a2 2 0 0 1 2 2v2h-1.5V2a.5.5 0 0 0-.5-.5H8V0h2Z\" \/>\n\t\t\t<\/svg>\n\t\t<\/button><figcaption class=\"wp-element-caption\">Foto: Hotel Gilbert \/ web oficial<\/figcaption><\/figure>\n\n<\/figure>\n\n\n\n<p class=\"wp-block-paragraph\">En las numerosas valoraciones, los hu\u00e9spedes elogian las habitaciones decoradas con estilo escandinavo, modernas y funcionales. <strong>La excelente cafeter\u00eda de la planta baja sirve como un lugar estupendo para arrancar la ma\u00f1ana<\/strong> y ofrece un gran caf\u00e9 de especialidad.<\/p>\n\n\n\n<p class=\"wp-block-paragraph\">Un gran elogio recibe tambi\u00e9n <strong>el personal muy amable y joven, que ayuda a crear un ambiente relajado y absolutamente informal<\/strong> durante toda la estancia. Aqu\u00ed nadie se hace el importante y la atm\u00f3sfera es maravillosamente distendida.<\/p>\n\n\n\n<p class=\"wp-block-paragraph\">\ud83d\udca1 Consejo: Este hotel verde es perfecto para todos los que aman de verdad <strong>el dise\u00f1o minimalista y limpio, el verde vivo y quieren alojarse en un barrio moderno lleno de estupendos locales<\/strong>, sin tener que pagar los precios pr\u00e9mium del primer distrito. <em><a href=\"https:\/\/www.stay22.com\/allez\/roam?aid=lukaskonecny&#038;campaign=loudavymkrokemcz&#038;campaign=kde-bydlet-ve-vidni&#038;hotelname=Hotel%20Gilbert&#038;address=V%C3%ADde%C5%88%2C%20Rakousko\" target=\"_blank\" rel=\"nofollow noopener sponsored\">consultar precios y disponibilidad<\/a><\/em><\/p>\n\n\n\n<figure data-wp-context=\"{&quot;imageId&quot;:&quot;6a9ce1b8206e2&quot;}\" data-wp-interactive=\"core\/image\" data-wp-key=\"6a9ce1b8206e2\" class=\"wp-block-image size-full wp-lightbox-container\"><img decoding=\"async\" width=\"1650\" height=\"1000\" data-wp-class--hide=\"state.isContentHidden\" data-wp-class--show=\"state.isContentVisible\" data-wp-init=\"callbacks.setButtonStyles\" data-wp-on--click=\"actions.showLightbox\" data-wp-on--load=\"callbacks.setButtonStyles\" data-wp-on--pointerdown=\"actions.preloadImage\" data-wp-on--pointerenter=\"actions.preloadImageWithDelay\" data-wp-on--pointerleave=\"actions.cancelPreload\" data-wp-on-window--resize=\"callbacks.setButtonStyles\" src=\"https:\/\/loudavymkrokem.cz\/wp-content\/uploads\/2026\/08\/hotel-schani-1.jpg\" alt=\"Lobby del Hotel Schani junto a la estaci\u00f3n central\" class=\"wp-image-407035\" title=\"\" srcset=\"https:\/\/loudavymkrokem.cz\/wp-content\/uploads\/2026\/08\/hotel-schani-1.jpg 1650w, https:\/\/loudavymkrokem.cz\/wp-content\/uploads\/2026\/08\/hotel-schani-1-300x182.jpg 300w, https:\/\/loudavymkrokem.cz\/wp-content\/uploads\/2026\/08\/hotel-schani-1-700x424.jpg 700w, https:\/\/loudavymkrokem.cz\/wp-content\/uploads\/2026\/08\/hotel-schani-1-768x465.jpg 768w, https:\/\/loudavymkrokem.cz\/wp-content\/uploads\/2026\/08\/hotel-schani-1-1536x931.jpg 1536w, https:\/\/loudavymkrokem.cz\/wp-content\/uploads\/2026\/08\/hotel-schani-1-696x422.jpg 696w, https:\/\/loudavymkrokem.cz\/wp-content\/uploads\/2026\/08\/hotel-schani-1-1392x844.jpg 1392w\" sizes=\"(max-width: 1650px) 100vw, 1650px\" \/><button\n\t\t\tclass=\"lightbox-trigger\"\n\t\t\ttype=\"button\"\n\t\t\taria-haspopup=\"dialog\"\n\t\t\tdata-wp-bind--aria-label=\"state.thisImage.triggerButtonAriaLabel\"\n\t\t\tdata-wp-init=\"callbacks.initTriggerButton\"\n\t\t\tdata-wp-on--click=\"actions.showLightbox\"\n\t\t\tdata-wp-style--right=\"state.thisImage.buttonRight\"\n\t\t\tdata-wp-style--top=\"state.thisImage.buttonTop\"\n\t\t>\n\t\t\t<svg xmlns=\"http:\/\/www.w3.org\/2000\/svg\" width=\"12\" height=\"12\" fill=\"none\" viewBox=\"0 0 12 12\">\n\t\t\t\t<path fill=\"#fff\" d=\"M2 0a2 2 0 0 0-2 2v2h1.5V2a.5.5 0 0 1 .5-.5h2V0H2Zm2 10.5H2a.5.5 0 0 1-.5-.5V8H0v2a2 2 0 0 0 2 2h2v-1.5ZM8 12v-1.5h2a.5.5 0 0 0 .5-.5V8H12v2a2 2 0 0 1-2 2H8Zm2-12a2 2 0 0 1 2 2v2h-1.5V2a.5.5 0 0 0-.5-.5H8V0h2Z\" \/>\n\t\t\t<\/svg>\n\t\t<\/button><figcaption class=\"wp-element-caption\">Foto: Hotel Schani \/ web oficial<\/figcaption><\/figure>\n\n\n\n<h3 class=\"wp-block-heading\"><span class=\"ez-toc-section\" id=\"18_Hotel_Schani\"><\/span>18. Hotel Schani<span class=\"ez-toc-section-end\"><\/span><\/h3>\n\n\n\n<p class=\"wp-block-paragraph\">Si llegas a Viena c\u00f3modamente en tren, este hotel inteligente con una <strong>valoraci\u00f3n de 4,5 sobre 1 690 rese\u00f1as<\/strong> est\u00e1 justo junto a la estaci\u00f3n central (Hauptbahnhof) y representa un alojamiento tecnol\u00f3gicamente muy avanzado. Todo el largo proceso, desde el check-in inicial hasta abrir la habitaci\u00f3n, lo puedes gestionar puramente a trav\u00e9s de una app en tu tel\u00e9fono.<\/p>\n\n\n\n<p class=\"wp-block-paragraph\">En las rese\u00f1as, los viajeros valoran mucho <strong>las c\u00f3modas zonas de trabajo ingeniosamente pensadas en el amplio lobby<\/strong>, que convierten el hotel en un lugar estupendo para n\u00f3madas digitales. Las habitaciones modernas son m\u00e1s bien peque\u00f1as, pero est\u00e1n perfectamente y muy l\u00f3gicamente distribuidas.<\/p>\n\n\n\n<p class=\"wp-block-paragraph\">Un enorme plus es, por supuesto, <strong>la excelente conexi\u00f3n de transporte<\/strong>, porque la estaci\u00f3n de al lado es a la vez el nudo principal de metro y tranv\u00eda. Desde este punto de partida llegas en un instante literalmente a cualquier lugar de la ciudad.<\/p>\n\n\n\n<p class=\"wp-block-paragraph\">\ud83d\udca1 Consejo: Recomiendo sin duda probar este hotel para <strong>viajes de trabajo o escapadas cortas de fin de semana en tren<\/strong>, cuando no quieres perder un tiempo precioso desplaz\u00e1ndote con maletas pesadas por toda la ciudad. La estaci\u00f3n est\u00e1 justo enfrente y puedes alojarte inmediatamente al llegar y salir a descubrir los encantos de la metr\u00f3poli austriaca. <em><a href=\"https:\/\/www.stay22.com\/allez\/roam?aid=lukaskonecny&#038;campaign=loudavymkrokemcz&#038;campaign=kde-bydlet-ve-vidni&#038;hotelname=Hotel%20Schani&#038;address=V%C3%ADde%C5%88%2C%20Rakousko\" target=\"_blank\" rel=\"nofollow noopener sponsored\">consultar precios y disponibilidad<\/a><\/em><\/p>\n\n\n\n<figure data-wp-context=\"{&quot;imageId&quot;:&quot;6a9ce1b820f2a&quot;}\" data-wp-interactive=\"core\/image\" data-wp-key=\"6a9ce1b820f2a\" class=\"wp-block-image size-full wp-lightbox-container\"><img decoding=\"async\" width=\"1600\" height=\"1067\" data-wp-class--hide=\"state.isContentHidden\" data-wp-class--show=\"state.isContentVisible\" data-wp-init=\"callbacks.setButtonStyles\" data-wp-on--click=\"actions.showLightbox\" data-wp-on--load=\"callbacks.setButtonStyles\" data-wp-on--pointerdown=\"actions.preloadImage\" data-wp-on--pointerenter=\"actions.preloadImageWithDelay\" data-wp-on--pointerleave=\"actions.cancelPreload\" data-wp-on-window--resize=\"callbacks.setButtonStyles\" src=\"https:\/\/loudavymkrokem.cz\/wp-content\/uploads\/2026\/08\/ruby-marie-hotel-u-mariahilfer-stra-e.jpg\" alt=\"Ruby Marie Hotel junto a la Mariahilfer Stra\u00dfe\" class=\"wp-image-407134\" title=\"\" srcset=\"https:\/\/loudavymkrokem.cz\/wp-content\/uploads\/2026\/08\/ruby-marie-hotel-u-mariahilfer-stra-e.jpg 1600w, https:\/\/loudavymkrokem.cz\/wp-content\/uploads\/2026\/08\/ruby-marie-hotel-u-mariahilfer-stra-e-300x200.jpg 300w, https:\/\/loudavymkrokem.cz\/wp-content\/uploads\/2026\/08\/ruby-marie-hotel-u-mariahilfer-stra-e-700x467.jpg 700w, https:\/\/loudavymkrokem.cz\/wp-content\/uploads\/2026\/08\/ruby-marie-hotel-u-mariahilfer-stra-e-768x512.jpg 768w, https:\/\/loudavymkrokem.cz\/wp-content\/uploads\/2026\/08\/ruby-marie-hotel-u-mariahilfer-stra-e-1536x1024.jpg 1536w, https:\/\/loudavymkrokem.cz\/wp-content\/uploads\/2026\/08\/ruby-marie-hotel-u-mariahilfer-stra-e-696x464.jpg 696w, https:\/\/loudavymkrokem.cz\/wp-content\/uploads\/2026\/08\/ruby-marie-hotel-u-mariahilfer-stra-e-1392x928.jpg 1392w\" sizes=\"(max-width: 1600px) 100vw, 1600px\" \/><button\n\t\t\tclass=\"lightbox-trigger\"\n\t\t\ttype=\"button\"\n\t\t\taria-haspopup=\"dialog\"\n\t\t\tdata-wp-bind--aria-label=\"state.thisImage.triggerButtonAriaLabel\"\n\t\t\tdata-wp-init=\"callbacks.initTriggerButton\"\n\t\t\tdata-wp-on--click=\"actions.showLightbox\"\n\t\t\tdata-wp-style--right=\"state.thisImage.buttonRight\"\n\t\t\tdata-wp-style--top=\"state.thisImage.buttonTop\"\n\t\t>\n\t\t\t<svg xmlns=\"http:\/\/www.w3.org\/2000\/svg\" width=\"12\" height=\"12\" fill=\"none\" viewBox=\"0 0 12 12\">\n\t\t\t\t<path fill=\"#fff\" d=\"M2 0a2 2 0 0 0-2 2v2h1.5V2a.5.5 0 0 1 .5-.5h2V0H2Zm2 10.5H2a.5.5 0 0 1-.5-.5V8H0v2a2 2 0 0 0 2 2h2v-1.5ZM8 12v-1.5h2a.5.5 0 0 0 .5-.5V8H12v2a2 2 0 0 1-2 2H8Zm2-12a2 2 0 0 1 2 2v2h-1.5V2a.5.5 0 0 0-.5-.5H8V0h2Z\" \/>\n\t\t\t<\/svg>\n\t\t<\/button><figcaption class=\"wp-element-caption\">Foto: Ruby Marie Hotel Vienna by IHG \/ Google Maps<\/figcaption><\/figure>\n\n\n\n<h3 class=\"wp-block-heading\"><span class=\"ez-toc-section\" id=\"19_Ruby_Marie_Hotel_Vienna\"><\/span>19. Ruby Marie Hotel Vienna<span class=\"ez-toc-section-end\"><\/span><\/h3>\n\n\n\n<p class=\"wp-block-paragraph\">Este hotel enorme y muy popular est\u00e1 justo en la famosa calle comercial Mariahilfer Stra\u00dfe y tiene una <strong>valoraci\u00f3n absolutamente estupenda de 4,6 sobre 3 579 rese\u00f1as<\/strong>. Todo el concepto de la exitosa marca Ruby se apoya en la interesante idea del llamado \u00ablean luxury\u00bb. En la pr\u00e1ctica, esto significa que pagas por una cama fant\u00e1stica y c\u00f3moda, una ducha potente y una ubicaci\u00f3n estupenda, pero no pagas por servicios hoteleros innecesarios que de todas formas no vas a usar.<\/p>\n\n\n\n<p class=\"wp-block-paragraph\">De las muchas rese\u00f1as disponibles se aprecia claramente el enorme entusiasmo por <strong>la preciosa terraza en la azotea y el elegante bar con horario ininterrumpido las 24 horas<\/strong>. Este bar no sirve solo para los desayunos matinales, sino que funciona como un lugar estupendo para una velada distendida con un c\u00f3ctel en la mano. Las habitaciones modernas son m\u00e1s bien peque\u00f1as en tama\u00f1o, pero est\u00e1n resueltas de forma muy inteligente y pr\u00e1ctica.<\/p>\n\n\n\n<p class=\"wp-block-paragraph\">Gracias a su ubicaci\u00f3n en el sexto distrito, Mariahilf, tienes las mejores tiendas literalmente justo delante de la puerta. <strong>La estaci\u00f3n de metro est\u00e1 a unos pasos de la recepci\u00f3n<\/strong>, as\u00ed que tras un d\u00eda intenso de compras no tienes que arrastrar bolsas muy lejos.<\/p>\n\n\n\n<p class=\"wp-block-paragraph\">\ud83d\udca1 Consejo: Esta es una base absolutamente perfecta y estrat\u00e9gica para <strong>los amantes de las compras y las parejas j\u00f3venes<\/strong> que quieren alojarse en un entorno moderno y muy animado con excelente acceso a todo el ambiente nocturno. <em><a href=\"https:\/\/www.stay22.com\/allez\/roam?aid=lukaskonecny&#038;campaign=loudavymkrokemcz&#038;campaign=kde-bydlet-ve-vidni&#038;hotelname=Ruby%20Marie%20Hotel%20Vienna&#038;address=V%C3%ADde%C5%88%2C%20Rakousko\" target=\"_blank\" rel=\"nofollow noopener sponsored\">consultar precios y disponibilidad<\/a><\/em><\/p>\n\n\n\n<figure data-wp-context=\"{&quot;imageId&quot;:&quot;6a9ce1b8216c5&quot;}\" data-wp-interactive=\"core\/image\" data-wp-key=\"6a9ce1b8216c5\" class=\"wp-block-image size-full wp-lightbox-container\"><img decoding=\"async\" width=\"1800\" height=\"945\" data-wp-class--hide=\"state.isContentHidden\" data-wp-class--show=\"state.isContentVisible\" data-wp-init=\"callbacks.setButtonStyles\" data-wp-on--click=\"actions.showLightbox\" data-wp-on--load=\"callbacks.setButtonStyles\" data-wp-on--pointerdown=\"actions.preloadImage\" data-wp-on--pointerenter=\"actions.preloadImageWithDelay\" data-wp-on--pointerleave=\"actions.cancelPreload\" data-wp-on-window--resize=\"callbacks.setButtonStyles\" src=\"https:\/\/loudavymkrokem.cz\/wp-content\/uploads\/2026\/08\/hotel-josefshof-am-rathaus-1.jpg\" alt=\"Hotel Josefshof am Rathaus en Josefstadt\" class=\"wp-image-407032\" title=\"\" srcset=\"https:\/\/loudavymkrokem.cz\/wp-content\/uploads\/2026\/08\/hotel-josefshof-am-rathaus-1.jpg 1800w, https:\/\/loudavymkrokem.cz\/wp-content\/uploads\/2026\/08\/hotel-josefshof-am-rathaus-1-300x158.jpg 300w, https:\/\/loudavymkrokem.cz\/wp-content\/uploads\/2026\/08\/hotel-josefshof-am-rathaus-1-700x368.jpg 700w, https:\/\/loudavymkrokem.cz\/wp-content\/uploads\/2026\/08\/hotel-josefshof-am-rathaus-1-768x403.jpg 768w, https:\/\/loudavymkrokem.cz\/wp-content\/uploads\/2026\/08\/hotel-josefshof-am-rathaus-1-1536x806.jpg 1536w, https:\/\/loudavymkrokem.cz\/wp-content\/uploads\/2026\/08\/hotel-josefshof-am-rathaus-1-696x365.jpg 696w, https:\/\/loudavymkrokem.cz\/wp-content\/uploads\/2026\/08\/hotel-josefshof-am-rathaus-1-1392x731.jpg 1392w\" sizes=\"(max-width: 1800px) 100vw, 1800px\" \/><button\n\t\t\tclass=\"lightbox-trigger\"\n\t\t\ttype=\"button\"\n\t\t\taria-haspopup=\"dialog\"\n\t\t\tdata-wp-bind--aria-label=\"state.thisImage.triggerButtonAriaLabel\"\n\t\t\tdata-wp-init=\"callbacks.initTriggerButton\"\n\t\t\tdata-wp-on--click=\"actions.showLightbox\"\n\t\t\tdata-wp-style--right=\"state.thisImage.buttonRight\"\n\t\t\tdata-wp-style--top=\"state.thisImage.buttonTop\"\n\t\t>\n\t\t\t<svg xmlns=\"http:\/\/www.w3.org\/2000\/svg\" width=\"12\" height=\"12\" fill=\"none\" viewBox=\"0 0 12 12\">\n\t\t\t\t<path fill=\"#fff\" d=\"M2 0a2 2 0 0 0-2 2v2h1.5V2a.5.5 0 0 1 .5-.5h2V0H2Zm2 10.5H2a.5.5 0 0 1-.5-.5V8H0v2a2 2 0 0 0 2 2h2v-1.5ZM8 12v-1.5h2a.5.5 0 0 0 .5-.5V8H12v2a2 2 0 0 1-2 2H8Zm2-12a2 2 0 0 1 2 2v2h-1.5V2a.5.5 0 0 0-.5-.5H8V0h2Z\" \/>\n\t\t\t<\/svg>\n\t\t<\/button><figcaption class=\"wp-element-caption\">Foto: Hotel Josefshof am Rathaus \/ web oficial<\/figcaption><\/figure>\n\n\n\n<h3 class=\"wp-block-heading\"><span class=\"ez-toc-section\" id=\"20_Hotel_Josefshof_am_Rathaus\"><\/span>20. Hotel Josefshof am Rathaus<span class=\"ez-toc-section-end\"><\/span><\/h3>\n\n\n\n<p class=\"wp-block-paragraph\">En el precioso e incre\u00edblemente tranquilo octavo distrito, Josefstadt, se encuentra este hotel muy tradicional con una <strong>valoraci\u00f3n de 4,5 sobre 2 310 rese\u00f1as<\/strong>. Su amplio edificio ofrece bonitas habitaciones decoradas ya sea al estilo de la cl\u00e1sica elegancia hist\u00f3rica vienesa, ya sea con un dise\u00f1o modernista muy fresco. Del majestuoso ayuntamiento y del famoso Burgtheater te separan apenas unos minutos de agradable paseo por calles tranquilas.<\/p>\n\n\n\n<p class=\"wp-block-paragraph\">En las rese\u00f1as, lo que m\u00e1s elogian los visitantes es <strong>el precioso y perfectamente silencioso patio interior, donde en verano se sirven los desayunos<\/strong>. Otro enorme beneficio es el generoso horario del excelente buf\u00e9 de desayuno, que aqu\u00ed funciona hasta las doce del mediod\u00eda, algo que sin duda agradecer\u00e1n todos los dormilones cansados.<\/p>\n\n\n\n<p class=\"wp-block-paragraph\">Este distrito es conocido por sus peque\u00f1as cafeter\u00edas independientes y por su ritmo de vida en general muy pausado. <strong>El personal del hotel es famoso por su tradicional hospitalidad austriaca<\/strong> y siempre te aconseja de buen grado sobre un local tranquilo donde tomar una buena copa por la noche.<\/p>\n\n\n\n<p class=\"wp-block-paragraph\">\ud83d\udca1 Consejo: Aloja\u00adte aqu\u00ed sin dudarlo si buscas <strong>calma absoluta en un precioso barrio residencial, pero quieres tener el centro de la ciudad siempre al alcance de la mano<\/strong>. El octavo distrito es para estos fines absolutamente perfecto y muy aut\u00e9ntico. <em><a href=\"https:\/\/www.stay22.com\/allez\/roam?aid=lukaskonecny&#038;campaign=loudavymkrokemcz&#038;campaign=kde-bydlet-ve-vidni&#038;hotelname=Hotel%20Josefshof%20am%20Rathaus&#038;address=V%C3%ADde%C5%88%2C%20Rakousko\" target=\"_blank\" rel=\"nofollow noopener sponsored\">consultar precios y disponibilidad<\/a><\/em><\/p>\n\n\n\n<figure data-wp-context=\"{&quot;imageId&quot;:&quot;6a9ce1b821ed6&quot;}\" data-wp-interactive=\"core\/image\" data-wp-key=\"6a9ce1b821ed6\" class=\"wp-block-image size-full wp-lightbox-container\"><img decoding=\"async\" width=\"1600\" height=\"900\" data-wp-class--hide=\"state.isContentHidden\" data-wp-class--show=\"state.isContentVisible\" data-wp-init=\"callbacks.setButtonStyles\" data-wp-on--click=\"actions.showLightbox\" data-wp-on--load=\"callbacks.setButtonStyles\" data-wp-on--pointerdown=\"actions.preloadImage\" data-wp-on--pointerenter=\"actions.preloadImageWithDelay\" data-wp-on--pointerleave=\"actions.cancelPreload\" data-wp-on-window--resize=\"callbacks.setButtonStyles\" src=\"https:\/\/loudavymkrokem.cz\/wp-content\/uploads\/2026\/08\/hotel-rathauspark-u-v-de-sk-radnice.jpg\" alt=\"Hotel Rathauspark junto al ayuntamiento de Viena\" class=\"wp-image-407130\" title=\"\" srcset=\"https:\/\/loudavymkrokem.cz\/wp-content\/uploads\/2026\/08\/hotel-rathauspark-u-v-de-sk-radnice.jpg 1600w, https:\/\/loudavymkrokem.cz\/wp-content\/uploads\/2026\/08\/hotel-rathauspark-u-v-de-sk-radnice-300x169.jpg 300w, https:\/\/loudavymkrokem.cz\/wp-content\/uploads\/2026\/08\/hotel-rathauspark-u-v-de-sk-radnice-700x394.jpg 700w, https:\/\/loudavymkrokem.cz\/wp-content\/uploads\/2026\/08\/hotel-rathauspark-u-v-de-sk-radnice-768x432.jpg 768w, https:\/\/loudavymkrokem.cz\/wp-content\/uploads\/2026\/08\/hotel-rathauspark-u-v-de-sk-radnice-1536x864.jpg 1536w, https:\/\/loudavymkrokem.cz\/wp-content\/uploads\/2026\/08\/hotel-rathauspark-u-v-de-sk-radnice-696x392.jpg 696w, https:\/\/loudavymkrokem.cz\/wp-content\/uploads\/2026\/08\/hotel-rathauspark-u-v-de-sk-radnice-1392x783.jpg 1392w\" sizes=\"(max-width: 1600px) 100vw, 1600px\" \/><button\n\t\t\tclass=\"lightbox-trigger\"\n\t\t\ttype=\"button\"\n\t\t\taria-haspopup=\"dialog\"\n\t\t\tdata-wp-bind--aria-label=\"state.thisImage.triggerButtonAriaLabel\"\n\t\t\tdata-wp-init=\"callbacks.initTriggerButton\"\n\t\t\tdata-wp-on--click=\"actions.showLightbox\"\n\t\t\tdata-wp-style--right=\"state.thisImage.buttonRight\"\n\t\t\tdata-wp-style--top=\"state.thisImage.buttonTop\"\n\t\t>\n\t\t\t<svg xmlns=\"http:\/\/www.w3.org\/2000\/svg\" width=\"12\" height=\"12\" fill=\"none\" viewBox=\"0 0 12 12\">\n\t\t\t\t<path fill=\"#fff\" d=\"M2 0a2 2 0 0 0-2 2v2h1.5V2a.5.5 0 0 1 .5-.5h2V0H2Zm2 10.5H2a.5.5 0 0 1-.5-.5V8H0v2a2 2 0 0 0 2 2h2v-1.5ZM8 12v-1.5h2a.5.5 0 0 0 .5-.5V8H12v2a2 2 0 0 1-2 2H8Zm2-12a2 2 0 0 1 2 2v2h-1.5V2a.5.5 0 0 0-.5-.5H8V0h2Z\" \/>\n\t\t\t<\/svg>\n\t\t<\/button><figcaption class=\"wp-element-caption\">Foto: Hotel Rathauspark Wien &#8211; Handwritten Collection \/ Google Maps<\/figcaption><\/figure>\n\n\n\n<h3 class=\"wp-block-heading\"><span class=\"ez-toc-section\" id=\"21_Hotel_Rathauspark_Wien_%E2%80%94_Handwritten_Collection\"><\/span>21. Hotel Rathauspark Wien \u2014 Handwritten Collection<span class=\"ez-toc-section-end\"><\/span><\/h3>\n\n\n\n<p class=\"wp-block-paragraph\">Este hotel de gama media muy agradable y fiable, con una preciosa <strong>valoraci\u00f3n de 4,4 sobre 1 300 rese\u00f1as<\/strong>, ocupa un palacete burgu\u00e9s del siglo XIX cuidadosamente rehabilitado. Lo encuentras a un peque\u00f1o paso del majestuoso ayuntamiento y del edificio principal de la universidad de Viena. Todas las habitaciones combinan con gusto elementos hist\u00f3ricos originales con un dise\u00f1o absolutamente moderno y limpio.<\/p>\n\n\n\n<p class=\"wp-block-paragraph\">Seg\u00fan muchas rese\u00f1as independientes de hu\u00e9spedes, la mayor virtud de este hotel es <strong>la excelente relaci\u00f3n calidad-precio, las habitaciones muy amplias y una atm\u00f3sfera sorprendentemente tranquila<\/strong>. Esta calma est\u00e1 en un fuerte y muy agradable contraste con el bullicio constante del cercano centro hist\u00f3rico, adonde se va de d\u00eda a admirar los monumentos.<\/p>\n\n\n\n<p class=\"wp-block-paragraph\">Gracias a la cercan\u00eda del campus universitario, encontrar\u00e1s en las calles de alrededor muchos bistr\u00f3s y cafeter\u00edas estupendos y asequibles, adonde vienen encantados los estudiantes locales. <strong>La conexi\u00f3n de transporte en tranv\u00eda es aqu\u00ed de manual<\/strong>, as\u00ed que llegas f\u00e1cilmente a cualquier atracci\u00f3n m\u00e1s lejana.<\/p>\n\n\n\n<p class=\"wp-block-paragraph\">\ud83d\udca1 Consejo: Elige este hotel probado si buscas <strong>un alojamiento s\u00f3lido y muy fiable en un precioso edificio hist\u00f3rico<\/strong>, desde el que llegas c\u00f3modamente a pie a los principales museos y monumentos del famoso Ring. <em><a href=\"https:\/\/www.stay22.com\/allez\/roam?aid=lukaskonecny&#038;campaign=loudavymkrokemcz&#038;campaign=kde-bydlet-ve-vidni&#038;hotelname=Hotel%20Rathauspark%20Wien&#038;address=V%C3%ADde%C5%88%2C%20Rakousko\" target=\"_blank\" rel=\"nofollow noopener sponsored\">consultar precios y disponibilidad<\/a><\/em><\/p>\n\n\n\n<figure data-wp-context=\"{&quot;imageId&quot;:&quot;6a9ce1b82260b&quot;}\" data-wp-interactive=\"core\/image\" data-wp-key=\"6a9ce1b82260b\" class=\"wp-block-image size-full wp-lightbox-container\"><img decoding=\"async\" width=\"1600\" height=\"900\" data-wp-class--hide=\"state.isContentHidden\" data-wp-class--show=\"state.isContentVisible\" data-wp-init=\"callbacks.setButtonStyles\" data-wp-on--click=\"actions.showLightbox\" data-wp-on--load=\"callbacks.setButtonStyles\" data-wp-on--pointerdown=\"actions.preloadImage\" data-wp-on--pointerenter=\"actions.preloadImageWithDelay\" data-wp-on--pointerleave=\"actions.cancelPreload\" data-wp-on-window--resize=\"callbacks.setButtonStyles\" src=\"https:\/\/loudavymkrokem.cz\/wp-content\/uploads\/2026\/08\/ruby-lissi-hotel-pobl-stephansdomu.jpg\" alt=\"Ruby Lissi Hotel cerca del Stephansdom\" class=\"wp-image-407127\" title=\"\" srcset=\"https:\/\/loudavymkrokem.cz\/wp-content\/uploads\/2026\/08\/ruby-lissi-hotel-pobl-stephansdomu.jpg 1600w, https:\/\/loudavymkrokem.cz\/wp-content\/uploads\/2026\/08\/ruby-lissi-hotel-pobl-stephansdomu-300x169.jpg 300w, https:\/\/loudavymkrokem.cz\/wp-content\/uploads\/2026\/08\/ruby-lissi-hotel-pobl-stephansdomu-700x394.jpg 700w, https:\/\/loudavymkrokem.cz\/wp-content\/uploads\/2026\/08\/ruby-lissi-hotel-pobl-stephansdomu-768x432.jpg 768w, https:\/\/loudavymkrokem.cz\/wp-content\/uploads\/2026\/08\/ruby-lissi-hotel-pobl-stephansdomu-1536x864.jpg 1536w, https:\/\/loudavymkrokem.cz\/wp-content\/uploads\/2026\/08\/ruby-lissi-hotel-pobl-stephansdomu-696x392.jpg 696w, https:\/\/loudavymkrokem.cz\/wp-content\/uploads\/2026\/08\/ruby-lissi-hotel-pobl-stephansdomu-1392x783.jpg 1392w\" sizes=\"(max-width: 1600px) 100vw, 1600px\" \/><button\n\t\t\tclass=\"lightbox-trigger\"\n\t\t\ttype=\"button\"\n\t\t\taria-haspopup=\"dialog\"\n\t\t\tdata-wp-bind--aria-label=\"state.thisImage.triggerButtonAriaLabel\"\n\t\t\tdata-wp-init=\"callbacks.initTriggerButton\"\n\t\t\tdata-wp-on--click=\"actions.showLightbox\"\n\t\t\tdata-wp-style--right=\"state.thisImage.buttonRight\"\n\t\t\tdata-wp-style--top=\"state.thisImage.buttonTop\"\n\t\t>\n\t\t\t<svg xmlns=\"http:\/\/www.w3.org\/2000\/svg\" width=\"12\" height=\"12\" fill=\"none\" viewBox=\"0 0 12 12\">\n\t\t\t\t<path fill=\"#fff\" d=\"M2 0a2 2 0 0 0-2 2v2h1.5V2a.5.5 0 0 1 .5-.5h2V0H2Zm2 10.5H2a.5.5 0 0 1-.5-.5V8H0v2a2 2 0 0 0 2 2h2v-1.5ZM8 12v-1.5h2a.5.5 0 0 0 .5-.5V8H12v2a2 2 0 0 1-2 2H8Zm2-12a2 2 0 0 1 2 2v2h-1.5V2a.5.5 0 0 0-.5-.5H8V0h2Z\" \/>\n\t\t\t<\/svg>\n\t\t<\/button><figcaption class=\"wp-element-caption\">Foto: Ruby Lissi Hotel Vienna by IHG \/ Google Maps<\/figcaption><\/figure>\n\n\n\n<h3 class=\"wp-block-heading\"><span class=\"ez-toc-section\" id=\"22_Ruby_Lissi_Hotel_Vienna\"><\/span>22. Ruby Lissi Hotel Vienna<span class=\"ez-toc-section-end\"><\/span><\/h3>\n\n\n\n<p class=\"wp-block-paragraph\">Este otro popular representante del concepto de \u00ablean luxury\u00bb se encuentra justo en el primer distrito, cerca de la catedral Stephansdom, y mantiene una muy s\u00f3lida <strong>valoraci\u00f3n de 4,3 sobre 1 600 rese\u00f1as<\/strong>. Sus interiores est\u00e1n fuertemente inspirados en los viajes del siglo XIX y en la querida emperatriz Sissi, lo que da a todo el hotel un car\u00e1cter muy personal e inolvidable.<\/p>\n\n\n\n<p class=\"wp-block-paragraph\">Hu\u00e9spedes de todo el mundo valoran sobre todo <strong>la fant\u00e1stica y absolutamente inmejorable ubicaci\u00f3n en pleno coraz\u00f3n hist\u00f3rico de la ciudad y el elegante bar abierto las 24 horas<\/strong>, donde adem\u00e1s se sirven estupendos desayunos saludables con productos ecol\u00f3gicos locales. Las habitaciones est\u00e1n decoradas de forma muy funcional e inteligente, con un enorme \u00e9nfasis en la calidad de tu sue\u00f1o nocturno.<\/p>\n\n\n\n<p class=\"wp-block-paragraph\">Aunque algunas habitaciones son m\u00e1s peque\u00f1as en distribuci\u00f3n, en ellas encontrar\u00e1s absolutamente todo lo necesario, incluida una excelente cosm\u00e9tica y un sonido de primera. <strong>La combinaci\u00f3n del legado hist\u00f3rico de la emperatriz y las tecnolog\u00edas modernas<\/strong> funciona aqu\u00ed, seg\u00fan las rese\u00f1as, a la perfecci\u00f3n y crea un ambiente muy divertido.<\/p>\n\n\n\n<p class=\"wp-block-paragraph\">\ud83d\udca1 Consejo: Si quieres a toda costa <strong>alojarte justo en el centro hist\u00f3rico por un precio razonable y no necesitas necesariamente una habitaci\u00f3n enorme y espaciosa<\/strong>, este hotel te ofrece una base estupenda y con estilo para descubrir la ciudad a diario. <em><a href=\"https:\/\/www.stay22.com\/allez\/roam?aid=lukaskonecny&#038;campaign=loudavymkrokemcz&#038;campaign=kde-bydlet-ve-vidni&#038;hotelname=Ruby%20Lissi%20Hotel%20Vienna&#038;address=V%C3%ADde%C5%88%2C%20Rakousko\" target=\"_blank\" rel=\"nofollow noopener sponsored\">consultar precios y disponibilidad<\/a><\/em><\/p>\n\n\n\n<figure data-wp-context=\"{&quot;imageId&quot;:&quot;6a9ce1b822d95&quot;}\" data-wp-interactive=\"core\/image\" data-wp-key=\"6a9ce1b822d95\" class=\"wp-block-image size-full wp-lightbox-container\"><img decoding=\"async\" width=\"1800\" height=\"1350\" data-wp-class--hide=\"state.isContentHidden\" data-wp-class--show=\"state.isContentVisible\" data-wp-init=\"callbacks.setButtonStyles\" data-wp-on--click=\"actions.showLightbox\" data-wp-on--load=\"callbacks.setButtonStyles\" data-wp-on--pointerdown=\"actions.preloadImage\" data-wp-on--pointerenter=\"actions.preloadImageWithDelay\" data-wp-on--pointerleave=\"actions.cancelPreload\" data-wp-on-window--resize=\"callbacks.setButtonStyles\" src=\"https:\/\/loudavymkrokem.cz\/wp-content\/uploads\/2026\/08\/hotel-zipser-1.jpg\" alt=\"Habitaci\u00f3n del familiar Hotel Zipser en Josefstadt\" class=\"wp-image-407019\" title=\"\" srcset=\"https:\/\/loudavymkrokem.cz\/wp-content\/uploads\/2026\/08\/hotel-zipser-1.jpg 1800w, https:\/\/loudavymkrokem.cz\/wp-content\/uploads\/2026\/08\/hotel-zipser-1-300x225.jpg 300w, https:\/\/loudavymkrokem.cz\/wp-content\/uploads\/2026\/08\/hotel-zipser-1-700x525.jpg 700w, https:\/\/loudavymkrokem.cz\/wp-content\/uploads\/2026\/08\/hotel-zipser-1-768x576.jpg 768w, https:\/\/loudavymkrokem.cz\/wp-content\/uploads\/2026\/08\/hotel-zipser-1-1536x1152.jpg 1536w, https:\/\/loudavymkrokem.cz\/wp-content\/uploads\/2026\/08\/hotel-zipser-1-80x60.jpg 80w, https:\/\/loudavymkrokem.cz\/wp-content\/uploads\/2026\/08\/hotel-zipser-1-160x120.jpg 160w, https:\/\/loudavymkrokem.cz\/wp-content\/uploads\/2026\/08\/hotel-zipser-1-696x522.jpg 696w, https:\/\/loudavymkrokem.cz\/wp-content\/uploads\/2026\/08\/hotel-zipser-1-1392x1044.jpg 1392w\" sizes=\"(max-width: 1800px) 100vw, 1800px\" \/><button\n\t\t\tclass=\"lightbox-trigger\"\n\t\t\ttype=\"button\"\n\t\t\taria-haspopup=\"dialog\"\n\t\t\tdata-wp-bind--aria-label=\"state.thisImage.triggerButtonAriaLabel\"\n\t\t\tdata-wp-init=\"callbacks.initTriggerButton\"\n\t\t\tdata-wp-on--click=\"actions.showLightbox\"\n\t\t\tdata-wp-style--right=\"state.thisImage.buttonRight\"\n\t\t\tdata-wp-style--top=\"state.thisImage.buttonTop\"\n\t\t>\n\t\t\t<svg xmlns=\"http:\/\/www.w3.org\/2000\/svg\" width=\"12\" height=\"12\" fill=\"none\" viewBox=\"0 0 12 12\">\n\t\t\t\t<path fill=\"#fff\" d=\"M2 0a2 2 0 0 0-2 2v2h1.5V2a.5.5 0 0 1 .5-.5h2V0H2Zm2 10.5H2a.5.5 0 0 1-.5-.5V8H0v2a2 2 0 0 0 2 2h2v-1.5ZM8 12v-1.5h2a.5.5 0 0 0 .5-.5V8H12v2a2 2 0 0 1-2 2H8Zm2-12a2 2 0 0 1 2 2v2h-1.5V2a.5.5 0 0 0-.5-.5H8V0h2Z\" \/>\n\t\t\t<\/svg>\n\t\t<\/button><figcaption class=\"wp-element-caption\">Foto: Hotel Zipser \/ web oficial<\/figcaption><\/figure>\n\n\n\n<h3 class=\"wp-block-heading\"><span class=\"ez-toc-section\" id=\"23_Hotel_Zipser\"><\/span>23. Hotel Zipser<span class=\"ez-toc-section-end\"><\/span><\/h3>\n\n\n\n<p class=\"wp-block-paragraph\">Este hotel familiar a primera vista muy tradicional, con una bonita <strong>valoraci\u00f3n de 4,3 sobre 713 rese\u00f1as<\/strong>, lo encuentras en el incre\u00edblemente tranquilo distrito de Josefstadt. Desde hace ya varias d\u00e9cadas mantiene con fiabilidad su fama de alojamiento muy acogedor, que en el pasado apreciaron incluso algunos famosos artistas y escritores austriacos.<\/p>\n\n\n\n<figure data-wp-context=\"{&quot;galleryId&quot;:&quot;6a9ce1b823037&quot;}\" data-wp-interactive=\"core\/gallery\" class=\"wp-block-gallery has-nested-images columns-2 is-cropped wp-block-gallery-is-layout-flex wp-block-gallery-11 is-layout-flex\">\n\n<figure data-wp-context=\"{&quot;imageId&quot;:&quot;6a9ce1b8234e0&quot;}\" data-wp-interactive=\"core\/image\" data-wp-key=\"6a9ce1b8234e0\" class=\"wp-block-image size-large wp-lightbox-container\"><img decoding=\"async\" width=\"1800\" height=\"1343\" data-wp-class--hide=\"state.isContentHidden\" data-wp-class--show=\"state.isContentVisible\" data-wp-init=\"callbacks.setButtonStyles\" data-wp-on--click=\"actions.showLightbox\" data-wp-on--load=\"callbacks.setButtonStyles\" data-wp-on--pointerdown=\"actions.preloadImage\" data-wp-on--pointerenter=\"actions.preloadImageWithDelay\" data-wp-on--pointerleave=\"actions.cancelPreload\" data-wp-on-window--resize=\"callbacks.setButtonStyles\" data-id=\"407023\" src=\"https:\/\/loudavymkrokem.cz\/wp-content\/uploads\/2026\/08\/hotel-zipser-2.jpg\" alt=\"Otra habitaci\u00f3n del Hotel Zipser\" class=\"wp-image-407023\" title=\"\" srcset=\"https:\/\/loudavymkrokem.cz\/wp-content\/uploads\/2026\/08\/hotel-zipser-2.jpg 1800w, https:\/\/loudavymkrokem.cz\/wp-content\/uploads\/2026\/08\/hotel-zipser-2-300x224.jpg 300w, https:\/\/loudavymkrokem.cz\/wp-content\/uploads\/2026\/08\/hotel-zipser-2-700x522.jpg 700w, https:\/\/loudavymkrokem.cz\/wp-content\/uploads\/2026\/08\/hotel-zipser-2-768x573.jpg 768w, https:\/\/loudavymkrokem.cz\/wp-content\/uploads\/2026\/08\/hotel-zipser-2-1536x1146.jpg 1536w, https:\/\/loudavymkrokem.cz\/wp-content\/uploads\/2026\/08\/hotel-zipser-2-80x60.jpg 80w, https:\/\/loudavymkrokem.cz\/wp-content\/uploads\/2026\/08\/hotel-zipser-2-160x120.jpg 160w, https:\/\/loudavymkrokem.cz\/wp-content\/uploads\/2026\/08\/hotel-zipser-2-696x519.jpg 696w, https:\/\/loudavymkrokem.cz\/wp-content\/uploads\/2026\/08\/hotel-zipser-2-1392x1039.jpg 1392w\" sizes=\"(max-width: 1800px) 100vw, 1800px\" \/><button\n\t\t\tclass=\"lightbox-trigger\"\n\t\t\ttype=\"button\"\n\t\t\taria-haspopup=\"dialog\"\n\t\t\tdata-wp-bind--aria-label=\"state.thisImage.triggerButtonAriaLabel\"\n\t\t\tdata-wp-init=\"callbacks.initTriggerButton\"\n\t\t\tdata-wp-on--click=\"actions.showLightbox\"\n\t\t\tdata-wp-style--right=\"state.thisImage.buttonRight\"\n\t\t\tdata-wp-style--top=\"state.thisImage.buttonTop\"\n\t\t>\n\t\t\t<svg xmlns=\"http:\/\/www.w3.org\/2000\/svg\" width=\"12\" height=\"12\" fill=\"none\" viewBox=\"0 0 12 12\">\n\t\t\t\t<path fill=\"#fff\" d=\"M2 0a2 2 0 0 0-2 2v2h1.5V2a.5.5 0 0 1 .5-.5h2V0H2Zm2 10.5H2a.5.5 0 0 1-.5-.5V8H0v2a2 2 0 0 0 2 2h2v-1.5ZM8 12v-1.5h2a.5.5 0 0 0 .5-.5V8H12v2a2 2 0 0 1-2 2H8Zm2-12a2 2 0 0 1 2 2v2h-1.5V2a.5.5 0 0 0-.5-.5H8V0h2Z\" \/>\n\t\t\t<\/svg>\n\t\t<\/button><figcaption class=\"wp-element-caption\">Foto: Hotel Zipser \/ web oficial<\/figcaption><\/figure>\n\n\n<figure data-wp-context=\"{&quot;imageId&quot;:&quot;6a9ce1b823bef&quot;}\" data-wp-interactive=\"core\/image\" data-wp-key=\"6a9ce1b823bef\" class=\"wp-block-image size-large wp-lightbox-container\"><img decoding=\"async\" width=\"1800\" height=\"1350\" data-wp-class--hide=\"state.isContentHidden\" data-wp-class--show=\"state.isContentVisible\" data-wp-init=\"callbacks.setButtonStyles\" data-wp-on--click=\"actions.showLightbox\" data-wp-on--load=\"callbacks.setButtonStyles\" data-wp-on--pointerdown=\"actions.preloadImage\" data-wp-on--pointerenter=\"actions.preloadImageWithDelay\" data-wp-on--pointerleave=\"actions.cancelPreload\" data-wp-on-window--resize=\"callbacks.setButtonStyles\" data-id=\"407026\" src=\"https:\/\/loudavymkrokem.cz\/wp-content\/uploads\/2026\/08\/hotel-zipser-3.jpg\" alt=\"Interior del Hotel Zipser\" class=\"wp-image-407026\" title=\"\" srcset=\"https:\/\/loudavymkrokem.cz\/wp-content\/uploads\/2026\/08\/hotel-zipser-3.jpg 1800w, https:\/\/loudavymkrokem.cz\/wp-content\/uploads\/2026\/08\/hotel-zipser-3-300x225.jpg 300w, https:\/\/loudavymkrokem.cz\/wp-content\/uploads\/2026\/08\/hotel-zipser-3-700x525.jpg 700w, https:\/\/loudavymkrokem.cz\/wp-content\/uploads\/2026\/08\/hotel-zipser-3-768x576.jpg 768w, https:\/\/loudavymkrokem.cz\/wp-content\/uploads\/2026\/08\/hotel-zipser-3-1536x1152.jpg 1536w, https:\/\/loudavymkrokem.cz\/wp-content\/uploads\/2026\/08\/hotel-zipser-3-80x60.jpg 80w, https:\/\/loudavymkrokem.cz\/wp-content\/uploads\/2026\/08\/hotel-zipser-3-160x120.jpg 160w, https:\/\/loudavymkrokem.cz\/wp-content\/uploads\/2026\/08\/hotel-zipser-3-696x522.jpg 696w, https:\/\/loudavymkrokem.cz\/wp-content\/uploads\/2026\/08\/hotel-zipser-3-1392x1044.jpg 1392w\" sizes=\"(max-width: 1800px) 100vw, 1800px\" \/><button\n\t\t\tclass=\"lightbox-trigger\"\n\t\t\ttype=\"button\"\n\t\t\taria-haspopup=\"dialog\"\n\t\t\tdata-wp-bind--aria-label=\"state.thisImage.triggerButtonAriaLabel\"\n\t\t\tdata-wp-init=\"callbacks.initTriggerButton\"\n\t\t\tdata-wp-on--click=\"actions.showLightbox\"\n\t\t\tdata-wp-style--right=\"state.thisImage.buttonRight\"\n\t\t\tdata-wp-style--top=\"state.thisImage.buttonTop\"\n\t\t>\n\t\t\t<svg xmlns=\"http:\/\/www.w3.org\/2000\/svg\" width=\"12\" height=\"12\" fill=\"none\" viewBox=\"0 0 12 12\">\n\t\t\t\t<path fill=\"#fff\" d=\"M2 0a2 2 0 0 0-2 2v2h1.5V2a.5.5 0 0 1 .5-.5h2V0H2Zm2 10.5H2a.5.5 0 0 1-.5-.5V8H0v2a2 2 0 0 0 2 2h2v-1.5ZM8 12v-1.5h2a.5.5 0 0 0 .5-.5V8H12v2a2 2 0 0 1-2 2H8Zm2-12a2 2 0 0 1 2 2v2h-1.5V2a.5.5 0 0 0-.5-.5H8V0h2Z\" \/>\n\t\t\t<\/svg>\n\t\t<\/button><figcaption class=\"wp-element-caption\">Foto: Hotel Zipser \/ web oficial<\/figcaption><\/figure>\n\n\n<figure data-wp-context=\"{&quot;imageId&quot;:&quot;6a9ce1b8241d9&quot;}\" data-wp-interactive=\"core\/image\" data-wp-key=\"6a9ce1b8241d9\" class=\"wp-block-image size-large wp-lightbox-container\"><img decoding=\"async\" width=\"1800\" height=\"1350\" data-wp-class--hide=\"state.isContentHidden\" data-wp-class--show=\"state.isContentVisible\" data-wp-init=\"callbacks.setButtonStyles\" data-wp-on--click=\"actions.showLightbox\" data-wp-on--load=\"callbacks.setButtonStyles\" data-wp-on--pointerdown=\"actions.preloadImage\" data-wp-on--pointerenter=\"actions.preloadImageWithDelay\" data-wp-on--pointerleave=\"actions.cancelPreload\" data-wp-on-window--resize=\"callbacks.setButtonStyles\" data-id=\"407029\" src=\"https:\/\/loudavymkrokem.cz\/wp-content\/uploads\/2026\/08\/hotel-zipser-4.jpg\" alt=\"Habitaci\u00f3n del familiar Hotel Zipser en Josefstadt\" class=\"wp-image-407029\" title=\"\" srcset=\"https:\/\/loudavymkrokem.cz\/wp-content\/uploads\/2026\/08\/hotel-zipser-4.jpg 1800w, https:\/\/loudavymkrokem.cz\/wp-content\/uploads\/2026\/08\/hotel-zipser-4-300x225.jpg 300w, https:\/\/loudavymkrokem.cz\/wp-content\/uploads\/2026\/08\/hotel-zipser-4-700x525.jpg 700w, https:\/\/loudavymkrokem.cz\/wp-content\/uploads\/2026\/08\/hotel-zipser-4-768x576.jpg 768w, https:\/\/loudavymkrokem.cz\/wp-content\/uploads\/2026\/08\/hotel-zipser-4-1536x1152.jpg 1536w, https:\/\/loudavymkrokem.cz\/wp-content\/uploads\/2026\/08\/hotel-zipser-4-80x60.jpg 80w, https:\/\/loudavymkrokem.cz\/wp-content\/uploads\/2026\/08\/hotel-zipser-4-160x120.jpg 160w, https:\/\/loudavymkrokem.cz\/wp-content\/uploads\/2026\/08\/hotel-zipser-4-696x522.jpg 696w, https:\/\/loudavymkrokem.cz\/wp-content\/uploads\/2026\/08\/hotel-zipser-4-1392x1044.jpg 1392w\" sizes=\"(max-width: 1800px) 100vw, 1800px\" \/><button\n\t\t\tclass=\"lightbox-trigger\"\n\t\t\ttype=\"button\"\n\t\t\taria-haspopup=\"dialog\"\n\t\t\tdata-wp-bind--aria-label=\"state.thisImage.triggerButtonAriaLabel\"\n\t\t\tdata-wp-init=\"callbacks.initTriggerButton\"\n\t\t\tdata-wp-on--click=\"actions.showLightbox\"\n\t\t\tdata-wp-style--right=\"state.thisImage.buttonRight\"\n\t\t\tdata-wp-style--top=\"state.thisImage.buttonTop\"\n\t\t>\n\t\t\t<svg xmlns=\"http:\/\/www.w3.org\/2000\/svg\" width=\"12\" height=\"12\" fill=\"none\" viewBox=\"0 0 12 12\">\n\t\t\t\t<path fill=\"#fff\" d=\"M2 0a2 2 0 0 0-2 2v2h1.5V2a.5.5 0 0 1 .5-.5h2V0H2Zm2 10.5H2a.5.5 0 0 1-.5-.5V8H0v2a2 2 0 0 0 2 2h2v-1.5ZM8 12v-1.5h2a.5.5 0 0 0 .5-.5V8H12v2a2 2 0 0 1-2 2H8Zm2-12a2 2 0 0 1 2 2v2h-1.5V2a.5.5 0 0 0-.5-.5H8V0h2Z\" \/>\n\t\t\t<\/svg>\n\t\t<\/button><figcaption class=\"wp-element-caption\">Foto: Hotel Zipser \/ web oficial<\/figcaption><\/figure>\n\n<\/figure>\n\n\n\n<p class=\"wp-block-paragraph\">En las rese\u00f1as escritas, lo que m\u00e1s destacan los viajeros es <strong>la atm\u00f3sfera perfectamente tranquila, el personal familiar muy amable y el precioso y silencioso patio interior<\/strong>. No es la \u00faltima excentricidad de dise\u00f1o de las portadas de las revistas, pero el edificio ofrece una hospitalidad vienesa aut\u00e9ntica a precios realmente muy buenos.<\/p>\n\n\n\n<p class=\"wp-block-paragraph\">El personal trata a los hu\u00e9spedes con mucha cordialidad y crea la sensaci\u00f3n de que has venido de visita a casa de buenos conocidos. <strong>Los desayunos transcurren aqu\u00ed a un ritmo muy pausado<\/strong> y todo el edificio respira una agradable nostalgia de otros tiempos, que a Viena, sin m\u00e1s, le pega.<\/p>\n\n\n\n<p class=\"wp-block-paragraph\">\ud83d\udca1 Consejo: Es una opci\u00f3n estupenda y segura para <strong>familias con ni\u00f1os o parejas mayores<\/strong> que buscan un entorno tranquilo en un precioso barrio lleno de cafeter\u00edas locales y quieren alojarse un poco apartados de las rutas tur\u00edsticas m\u00e1s concurridas. <em><a href=\"https:\/\/www.stay22.com\/allez\/roam?aid=lukaskonecny&#038;campaign=loudavymkrokemcz&#038;campaign=kde-bydlet-ve-vidni&#038;hotelname=Hotel%20Zipser&#038;address=V%C3%ADde%C5%88%2C%20Rakousko\" target=\"_blank\" rel=\"nofollow noopener sponsored\">consultar precios y disponibilidad<\/a><\/em><\/p>\n\n\n\n<figure data-wp-context=\"{&quot;imageId&quot;:&quot;6a9ce1b824b3f&quot;}\" data-wp-interactive=\"core\/image\" data-wp-key=\"6a9ce1b824b3f\" class=\"wp-block-image size-full wp-lightbox-container\"><img decoding=\"async\" width=\"1800\" height=\"1200\" data-wp-class--hide=\"state.isContentHidden\" data-wp-class--show=\"state.isContentVisible\" data-wp-init=\"callbacks.setButtonStyles\" data-wp-on--click=\"actions.showLightbox\" data-wp-on--load=\"callbacks.setButtonStyles\" data-wp-on--pointerdown=\"actions.preloadImage\" data-wp-on--pointerenter=\"actions.preloadImageWithDelay\" data-wp-on--pointerleave=\"actions.cancelPreload\" data-wp-on-window--resize=\"callbacks.setButtonStyles\" src=\"https:\/\/loudavymkrokem.cz\/wp-content\/uploads\/2026\/08\/vienna-hostel-ruthensteiner-1.jpg\" alt=\"Habitaci\u00f3n del hostal Ruthensteiner\" class=\"wp-image-407002\" title=\"\" srcset=\"https:\/\/loudavymkrokem.cz\/wp-content\/uploads\/2026\/08\/vienna-hostel-ruthensteiner-1.jpg 1800w, https:\/\/loudavymkrokem.cz\/wp-content\/uploads\/2026\/08\/vienna-hostel-ruthensteiner-1-300x200.jpg 300w, https:\/\/loudavymkrokem.cz\/wp-content\/uploads\/2026\/08\/vienna-hostel-ruthensteiner-1-700x467.jpg 700w, https:\/\/loudavymkrokem.cz\/wp-content\/uploads\/2026\/08\/vienna-hostel-ruthensteiner-1-768x512.jpg 768w, https:\/\/loudavymkrokem.cz\/wp-content\/uploads\/2026\/08\/vienna-hostel-ruthensteiner-1-1536x1024.jpg 1536w, https:\/\/loudavymkrokem.cz\/wp-content\/uploads\/2026\/08\/vienna-hostel-ruthensteiner-1-696x464.jpg 696w, https:\/\/loudavymkrokem.cz\/wp-content\/uploads\/2026\/08\/vienna-hostel-ruthensteiner-1-1392x928.jpg 1392w\" sizes=\"(max-width: 1800px) 100vw, 1800px\" \/><button\n\t\t\tclass=\"lightbox-trigger\"\n\t\t\ttype=\"button\"\n\t\t\taria-haspopup=\"dialog\"\n\t\t\tdata-wp-bind--aria-label=\"state.thisImage.triggerButtonAriaLabel\"\n\t\t\tdata-wp-init=\"callbacks.initTriggerButton\"\n\t\t\tdata-wp-on--click=\"actions.showLightbox\"\n\t\t\tdata-wp-style--right=\"state.thisImage.buttonRight\"\n\t\t\tdata-wp-style--top=\"state.thisImage.buttonTop\"\n\t\t>\n\t\t\t<svg xmlns=\"http:\/\/www.w3.org\/2000\/svg\" width=\"12\" height=\"12\" fill=\"none\" viewBox=\"0 0 12 12\">\n\t\t\t\t<path fill=\"#fff\" d=\"M2 0a2 2 0 0 0-2 2v2h1.5V2a.5.5 0 0 1 .5-.5h2V0H2Zm2 10.5H2a.5.5 0 0 1-.5-.5V8H0v2a2 2 0 0 0 2 2h2v-1.5ZM8 12v-1.5h2a.5.5 0 0 0 .5-.5V8H12v2a2 2 0 0 1-2 2H8Zm2-12a2 2 0 0 1 2 2v2h-1.5V2a.5.5 0 0 0-.5-.5H8V0h2Z\" \/>\n\t\t\t<\/svg>\n\t\t<\/button><figcaption class=\"wp-element-caption\">Foto: Vienna Hostel Ruthensteiner \/ web oficial<\/figcaption><\/figure>\n\n\n\n<h3 class=\"wp-block-heading\"><span class=\"ez-toc-section\" id=\"24_Vienna_Hostel_Ruthensteiner\"><\/span>24. Vienna Hostel Ruthensteiner<span class=\"ez-toc-section-end\"><\/span><\/h3>\n\n\n\n<p class=\"wp-block-paragraph\">Con una <strong>valoraci\u00f3n absolutamente excelente y muy poco habitual de 4,7 sobre 1 932 rese\u00f1as, se trata del hostal mejor valorado de toda nuestra amplia selecci\u00f3n<\/strong>. Est\u00e1 a un peque\u00f1o paso de la estaci\u00f3n de Westbahnhof y funciona con \u00e9xito desde hace d\u00e9cadas como un negocio familiar independiente que se enorgullece much\u00edsimo de su ambiente comunitario incre\u00edblemente cercano.<\/p>\n\n\n\n<figure data-wp-context=\"{&quot;galleryId&quot;:&quot;6a9ce1b824dfc&quot;}\" data-wp-interactive=\"core\/gallery\" class=\"wp-block-gallery has-nested-images columns-2 is-cropped wp-block-gallery-is-layout-flex wp-block-gallery-12 is-layout-flex\">\n\n<figure data-wp-context=\"{&quot;imageId&quot;:&quot;6a9ce1b825221&quot;}\" data-wp-interactive=\"core\/image\" data-wp-key=\"6a9ce1b825221\" class=\"wp-block-image size-large wp-lightbox-container\"><img decoding=\"async\" width=\"1800\" height=\"1200\" data-wp-class--hide=\"state.isContentHidden\" data-wp-class--show=\"state.isContentVisible\" data-wp-init=\"callbacks.setButtonStyles\" data-wp-on--click=\"actions.showLightbox\" data-wp-on--load=\"callbacks.setButtonStyles\" data-wp-on--pointerdown=\"actions.preloadImage\" data-wp-on--pointerenter=\"actions.preloadImageWithDelay\" data-wp-on--pointerleave=\"actions.cancelPreload\" data-wp-on-window--resize=\"callbacks.setButtonStyles\" data-id=\"407007\" src=\"https:\/\/loudavymkrokem.cz\/wp-content\/uploads\/2026\/08\/vienna-hostel-ruthensteiner-2.jpg\" alt=\"Interior colorido del hostal Ruthensteiner\" class=\"wp-image-407007\" title=\"\" srcset=\"https:\/\/loudavymkrokem.cz\/wp-content\/uploads\/2026\/08\/vienna-hostel-ruthensteiner-2.jpg 1800w, https:\/\/loudavymkrokem.cz\/wp-content\/uploads\/2026\/08\/vienna-hostel-ruthensteiner-2-300x200.jpg 300w, https:\/\/loudavymkrokem.cz\/wp-content\/uploads\/2026\/08\/vienna-hostel-ruthensteiner-2-700x467.jpg 700w, https:\/\/loudavymkrokem.cz\/wp-content\/uploads\/2026\/08\/vienna-hostel-ruthensteiner-2-768x512.jpg 768w, https:\/\/loudavymkrokem.cz\/wp-content\/uploads\/2026\/08\/vienna-hostel-ruthensteiner-2-1536x1024.jpg 1536w, https:\/\/loudavymkrokem.cz\/wp-content\/uploads\/2026\/08\/vienna-hostel-ruthensteiner-2-696x464.jpg 696w, https:\/\/loudavymkrokem.cz\/wp-content\/uploads\/2026\/08\/vienna-hostel-ruthensteiner-2-1392x928.jpg 1392w\" sizes=\"(max-width: 1800px) 100vw, 1800px\" \/><button\n\t\t\tclass=\"lightbox-trigger\"\n\t\t\ttype=\"button\"\n\t\t\taria-haspopup=\"dialog\"\n\t\t\tdata-wp-bind--aria-label=\"state.thisImage.triggerButtonAriaLabel\"\n\t\t\tdata-wp-init=\"callbacks.initTriggerButton\"\n\t\t\tdata-wp-on--click=\"actions.showLightbox\"\n\t\t\tdata-wp-style--right=\"state.thisImage.buttonRight\"\n\t\t\tdata-wp-style--top=\"state.thisImage.buttonTop\"\n\t\t>\n\t\t\t<svg xmlns=\"http:\/\/www.w3.org\/2000\/svg\" width=\"12\" height=\"12\" fill=\"none\" viewBox=\"0 0 12 12\">\n\t\t\t\t<path fill=\"#fff\" d=\"M2 0a2 2 0 0 0-2 2v2h1.5V2a.5.5 0 0 1 .5-.5h2V0H2Zm2 10.5H2a.5.5 0 0 1-.5-.5V8H0v2a2 2 0 0 0 2 2h2v-1.5ZM8 12v-1.5h2a.5.5 0 0 0 .5-.5V8H12v2a2 2 0 0 1-2 2H8Zm2-12a2 2 0 0 1 2 2v2h-1.5V2a.5.5 0 0 0-.5-.5H8V0h2Z\" \/>\n\t\t\t<\/svg>\n\t\t<\/button><figcaption class=\"wp-element-caption\">Foto: Vienna Hostel Ruthensteiner \/ web oficial<\/figcaption><\/figure>\n\n\n<figure data-wp-context=\"{&quot;imageId&quot;:&quot;6a9ce1b825801&quot;}\" data-wp-interactive=\"core\/image\" data-wp-key=\"6a9ce1b825801\" class=\"wp-block-image size-large wp-lightbox-container\"><img decoding=\"async\" width=\"1800\" height=\"1200\" data-wp-class--hide=\"state.isContentHidden\" data-wp-class--show=\"state.isContentVisible\" data-wp-init=\"callbacks.setButtonStyles\" data-wp-on--click=\"actions.showLightbox\" data-wp-on--load=\"callbacks.setButtonStyles\" data-wp-on--pointerdown=\"actions.preloadImage\" data-wp-on--pointerenter=\"actions.preloadImageWithDelay\" data-wp-on--pointerleave=\"actions.cancelPreload\" data-wp-on-window--resize=\"callbacks.setButtonStyles\" data-id=\"407011\" src=\"https:\/\/loudavymkrokem.cz\/wp-content\/uploads\/2026\/08\/vienna-hostel-ruthensteiner-3.jpg\" alt=\"Habitaci\u00f3n compartida del hostal Ruthensteiner\" class=\"wp-image-407011\" title=\"\" srcset=\"https:\/\/loudavymkrokem.cz\/wp-content\/uploads\/2026\/08\/vienna-hostel-ruthensteiner-3.jpg 1800w, https:\/\/loudavymkrokem.cz\/wp-content\/uploads\/2026\/08\/vienna-hostel-ruthensteiner-3-300x200.jpg 300w, https:\/\/loudavymkrokem.cz\/wp-content\/uploads\/2026\/08\/vienna-hostel-ruthensteiner-3-700x467.jpg 700w, https:\/\/loudavymkrokem.cz\/wp-content\/uploads\/2026\/08\/vienna-hostel-ruthensteiner-3-768x512.jpg 768w, https:\/\/loudavymkrokem.cz\/wp-content\/uploads\/2026\/08\/vienna-hostel-ruthensteiner-3-1536x1024.jpg 1536w, https:\/\/loudavymkrokem.cz\/wp-content\/uploads\/2026\/08\/vienna-hostel-ruthensteiner-3-696x464.jpg 696w, https:\/\/loudavymkrokem.cz\/wp-content\/uploads\/2026\/08\/vienna-hostel-ruthensteiner-3-1392x928.jpg 1392w\" sizes=\"(max-width: 1800px) 100vw, 1800px\" \/><button\n\t\t\tclass=\"lightbox-trigger\"\n\t\t\ttype=\"button\"\n\t\t\taria-haspopup=\"dialog\"\n\t\t\tdata-wp-bind--aria-label=\"state.thisImage.triggerButtonAriaLabel\"\n\t\t\tdata-wp-init=\"callbacks.initTriggerButton\"\n\t\t\tdata-wp-on--click=\"actions.showLightbox\"\n\t\t\tdata-wp-style--right=\"state.thisImage.buttonRight\"\n\t\t\tdata-wp-style--top=\"state.thisImage.buttonTop\"\n\t\t>\n\t\t\t<svg xmlns=\"http:\/\/www.w3.org\/2000\/svg\" width=\"12\" height=\"12\" fill=\"none\" viewBox=\"0 0 12 12\">\n\t\t\t\t<path fill=\"#fff\" d=\"M2 0a2 2 0 0 0-2 2v2h1.5V2a.5.5 0 0 1 .5-.5h2V0H2Zm2 10.5H2a.5.5 0 0 1-.5-.5V8H0v2a2 2 0 0 0 2 2h2v-1.5ZM8 12v-1.5h2a.5.5 0 0 0 .5-.5V8H12v2a2 2 0 0 1-2 2H8Zm2-12a2 2 0 0 1 2 2v2h-1.5V2a.5.5 0 0 0-.5-.5H8V0h2Z\" \/>\n\t\t\t<\/svg>\n\t\t<\/button><figcaption class=\"wp-element-caption\">Foto: Vienna Hostel Ruthensteiner \/ web oficial<\/figcaption><\/figure>\n\n\n<figure data-wp-context=\"{&quot;imageId&quot;:&quot;6a9ce1b825c5e&quot;}\" data-wp-interactive=\"core\/image\" data-wp-key=\"6a9ce1b825c5e\" class=\"wp-block-image size-large wp-lightbox-container\"><img decoding=\"async\" width=\"1160\" height=\"1160\" data-wp-class--hide=\"state.isContentHidden\" data-wp-class--show=\"state.isContentVisible\" data-wp-init=\"callbacks.setButtonStyles\" data-wp-on--click=\"actions.showLightbox\" data-wp-on--load=\"callbacks.setButtonStyles\" data-wp-on--pointerdown=\"actions.preloadImage\" data-wp-on--pointerenter=\"actions.preloadImageWithDelay\" data-wp-on--pointerleave=\"actions.cancelPreload\" data-wp-on-window--resize=\"callbacks.setButtonStyles\" data-id=\"407015\" src=\"https:\/\/loudavymkrokem.cz\/wp-content\/uploads\/2026\/08\/vienna-hostel-ruthensteiner-4.jpg\" alt=\"Habitaci\u00f3n del hostal Ruthensteiner\" class=\"wp-image-407015\" title=\"\" srcset=\"https:\/\/loudavymkrokem.cz\/wp-content\/uploads\/2026\/08\/vienna-hostel-ruthensteiner-4.jpg 1160w, https:\/\/loudavymkrokem.cz\/wp-content\/uploads\/2026\/08\/vienna-hostel-ruthensteiner-4-300x300.jpg 300w, https:\/\/loudavymkrokem.cz\/wp-content\/uploads\/2026\/08\/vienna-hostel-ruthensteiner-4-700x700.jpg 700w, https:\/\/loudavymkrokem.cz\/wp-content\/uploads\/2026\/08\/vienna-hostel-ruthensteiner-4-150x150.jpg 150w, https:\/\/loudavymkrokem.cz\/wp-content\/uploads\/2026\/08\/vienna-hostel-ruthensteiner-4-768x768.jpg 768w, https:\/\/loudavymkrokem.cz\/wp-content\/uploads\/2026\/08\/vienna-hostel-ruthensteiner-4-696x696.jpg 696w\" sizes=\"(max-width: 1160px) 100vw, 1160px\" \/><button\n\t\t\tclass=\"lightbox-trigger\"\n\t\t\ttype=\"button\"\n\t\t\taria-haspopup=\"dialog\"\n\t\t\tdata-wp-bind--aria-label=\"state.thisImage.triggerButtonAriaLabel\"\n\t\t\tdata-wp-init=\"callbacks.initTriggerButton\"\n\t\t\tdata-wp-on--click=\"actions.showLightbox\"\n\t\t\tdata-wp-style--right=\"state.thisImage.buttonRight\"\n\t\t\tdata-wp-style--top=\"state.thisImage.buttonTop\"\n\t\t>\n\t\t\t<svg xmlns=\"http:\/\/www.w3.org\/2000\/svg\" width=\"12\" height=\"12\" fill=\"none\" viewBox=\"0 0 12 12\">\n\t\t\t\t<path fill=\"#fff\" d=\"M2 0a2 2 0 0 0-2 2v2h1.5V2a.5.5 0 0 1 .5-.5h2V0H2Zm2 10.5H2a.5.5 0 0 1-.5-.5V8H0v2a2 2 0 0 0 2 2h2v-1.5ZM8 12v-1.5h2a.5.5 0 0 0 .5-.5V8H12v2a2 2 0 0 1-2 2H8Zm2-12a2 2 0 0 1 2 2v2h-1.5V2a.5.5 0 0 0-.5-.5H8V0h2Z\" \/>\n\t\t\t<\/svg>\n\t\t<\/button><figcaption class=\"wp-element-caption\">Foto: Vienna Hostel Ruthensteiner \/ web oficial<\/figcaption><\/figure>\n\n<\/figure>\n\n\n\n<p class=\"wp-block-paragraph\">Los hu\u00e9spedes adoran literalmente el precioso jard\u00edn exterior con muchos rincones para sentarse por la noche, los distintos instrumentos musicales que se pueden coger prestados libremente y la enorme cocina com\u00fan perfectamente equipada. <strong>La limpieza de todos los espacios est\u00e1 aqu\u00ed, seg\u00fan muchas rese\u00f1as, al nivel de hoteles cl\u00e1sicos mucho m\u00e1s caros<\/strong>, lo que en un alojamiento de este tipo desde luego no suele darse por sentado.<\/p>\n\n\n\n<p class=\"wp-block-paragraph\">Es un lugar absolutamente ideal para conocer gente de los m\u00e1s diversos rincones del planeta. <strong>El personal del hostal organiza con regularidad eventos y barbacoas comunes<\/strong>, as\u00ed que aqu\u00ed conoces gente muy f\u00e1cilmente y consigues consejos valiosos sobre sitios interesantes directamente de otros mochileros viajados.<\/p>\n\n\n\n<p class=\"wp-block-paragraph\">\ud83d\udca1 Consejo: Si viajas ligero de equipaje, buscas un alojamiento asequible de alta calidad y <strong>quieres conocer a otros viajeros con la misma onda de todo el mundo<\/strong>, este lugar te encantar\u00e1 con su ambiente distendido e informal. <em><a href=\"https:\/\/www.stay22.com\/allez\/roam?aid=lukaskonecny&#038;campaign=loudavymkrokemcz&#038;campaign=kde-bydlet-ve-vidni&#038;hotelname=Vienna%20Hostel%20Ruthensteiner&#038;address=V%C3%ADde%C5%88%2C%20Rakousko\" target=\"_blank\" rel=\"nofollow noopener sponsored\">consultar precios y disponibilidad<\/a><\/em><\/p>\n\n\n\n<figure data-wp-context=\"{&quot;imageId&quot;:&quot;6a9ce1b826213&quot;}\" data-wp-interactive=\"core\/image\" data-wp-key=\"6a9ce1b826213\" class=\"wp-block-image size-full wp-lightbox-container\"><img decoding=\"async\" width=\"1600\" height=\"1067\" data-wp-class--hide=\"state.isContentHidden\" data-wp-class--show=\"state.isContentVisible\" data-wp-init=\"callbacks.setButtonStyles\" data-wp-on--click=\"actions.showLightbox\" data-wp-on--load=\"callbacks.setButtonStyles\" data-wp-on--pointerdown=\"actions.preloadImage\" data-wp-on--pointerenter=\"actions.preloadImageWithDelay\" data-wp-on--pointerleave=\"actions.cancelPreload\" data-wp-on-window--resize=\"callbacks.setButtonStyles\" src=\"https:\/\/loudavymkrokem.cz\/wp-content\/uploads\/2026\/08\/hostel-wombat-s-u-v-de-sk-ho-naschmarktu.jpg\" alt=\"Hostal Wombat&#039;s junto al Naschmarkt de Viena\" class=\"wp-image-407124\" title=\"\" srcset=\"https:\/\/loudavymkrokem.cz\/wp-content\/uploads\/2026\/08\/hostel-wombat-s-u-v-de-sk-ho-naschmarktu.jpg 1600w, https:\/\/loudavymkrokem.cz\/wp-content\/uploads\/2026\/08\/hostel-wombat-s-u-v-de-sk-ho-naschmarktu-300x200.jpg 300w, https:\/\/loudavymkrokem.cz\/wp-content\/uploads\/2026\/08\/hostel-wombat-s-u-v-de-sk-ho-naschmarktu-700x467.jpg 700w, https:\/\/loudavymkrokem.cz\/wp-content\/uploads\/2026\/08\/hostel-wombat-s-u-v-de-sk-ho-naschmarktu-768x512.jpg 768w, https:\/\/loudavymkrokem.cz\/wp-content\/uploads\/2026\/08\/hostel-wombat-s-u-v-de-sk-ho-naschmarktu-1536x1024.jpg 1536w, https:\/\/loudavymkrokem.cz\/wp-content\/uploads\/2026\/08\/hostel-wombat-s-u-v-de-sk-ho-naschmarktu-696x464.jpg 696w, https:\/\/loudavymkrokem.cz\/wp-content\/uploads\/2026\/08\/hostel-wombat-s-u-v-de-sk-ho-naschmarktu-1392x928.jpg 1392w\" sizes=\"(max-width: 1600px) 100vw, 1600px\" \/><button\n\t\t\tclass=\"lightbox-trigger\"\n\t\t\ttype=\"button\"\n\t\t\taria-haspopup=\"dialog\"\n\t\t\tdata-wp-bind--aria-label=\"state.thisImage.triggerButtonAriaLabel\"\n\t\t\tdata-wp-init=\"callbacks.initTriggerButton\"\n\t\t\tdata-wp-on--click=\"actions.showLightbox\"\n\t\t\tdata-wp-style--right=\"state.thisImage.buttonRight\"\n\t\t\tdata-wp-style--top=\"state.thisImage.buttonTop\"\n\t\t>\n\t\t\t<svg xmlns=\"http:\/\/www.w3.org\/2000\/svg\" width=\"12\" height=\"12\" fill=\"none\" viewBox=\"0 0 12 12\">\n\t\t\t\t<path fill=\"#fff\" d=\"M2 0a2 2 0 0 0-2 2v2h1.5V2a.5.5 0 0 1 .5-.5h2V0H2Zm2 10.5H2a.5.5 0 0 1-.5-.5V8H0v2a2 2 0 0 0 2 2h2v-1.5ZM8 12v-1.5h2a.5.5 0 0 0 .5-.5V8H12v2a2 2 0 0 1-2 2H8Zm2-12a2 2 0 0 1 2 2v2h-1.5V2a.5.5 0 0 0-.5-.5H8V0h2Z\" \/>\n\t\t\t<\/svg>\n\t\t<\/button><figcaption class=\"wp-element-caption\">Foto: Wombat&#8217;s City Hostel Vienna Naschmarkt \/ Google Maps<\/figcaption><\/figure>\n\n\n\n<h3 class=\"wp-block-heading\"><span class=\"ez-toc-section\" id=\"25_Wombats_City_Hostel_Vienna_Naschmarkt\"><\/span>25. Wombat&#8217;s City Hostel Vienna Naschmarkt<span class=\"ez-toc-section-end\"><\/span><\/h3>\n\n\n\n<p class=\"wp-block-paragraph\">Este hostal moderno, enorme y muy popular entre los j\u00f3venes tiene una estupenda <strong>valoraci\u00f3n de 4,4 sobre 4 227 rese\u00f1as<\/strong>. Lo encuentras en un lugar absolutamente fant\u00e1stico y estrat\u00e9gico, justo junto al famoso y siempre animado mercado Naschmarkt. Ofrece dormitorios compartidos muy limpios y modernos, pero sorprendentemente tambi\u00e9n amplias habitaciones privadas con ba\u00f1o propio.<\/p>\n\n\n\n<p class=\"wp-block-paragraph\">En miles de rese\u00f1as, los visitantes elogian sobre todo <strong>el enorme y muy animado bar de la planta baja, la excelente seguridad de todo el edificio y su incre\u00edble ubicaci\u00f3n<\/strong>. Desde este lugar llegas sin problema a pie a la mayor\u00eda de los monumentos principales y, al mismo tiempo, est\u00e1s a unos minutos a pie de las mejores discotecas de la ciudad.<\/p>\n\n\n\n<p class=\"wp-block-paragraph\">Gracias a su enorme capacidad, aqu\u00ed reina siempre un ambiente muy cosmopolita y animado, as\u00ed que nunca te sentir\u00e1s solo. <strong>El cercano mercado te ofrece adem\u00e1s posibilidades ilimitadas de comer barato e incre\u00edblemente variado<\/strong>, desde primera hora de la ma\u00f1ana hasta bien entrada la noche.<\/p>\n\n\n\n<p class=\"wp-block-paragraph\">\ud83d\udca1 Consejo: Este alojamiento es una base absolutamente ideal para <strong>viajeros j\u00f3venes y estudiantes entusiastas que quieren estar siempre en el centro de la acci\u00f3n<\/strong>, aman la vida nocturna y quieren tener los mejores bares de Viena literalmente bajo sus ventanas. <em><a href=\"https:\/\/www.stay22.com\/allez\/roam?aid=lukaskonecny&#038;campaign=loudavymkrokemcz&#038;campaign=kde-bydlet-ve-vidni&#038;hotelname=Wombat%27s%20City%20Hostel%20Vienna%20Naschmarkt&#038;address=V%C3%ADde%C5%88%2C%20Rakousko\" target=\"_blank\" rel=\"nofollow noopener sponsored\">consultar precios y disponibilidad<\/a><\/em><\/p>\n\n\n\n<figure data-wp-context=\"{&quot;imageId&quot;:&quot;6a9ce1b826871&quot;}\" data-wp-interactive=\"core\/image\" data-wp-key=\"6a9ce1b826871\" class=\"wp-block-image size-full wp-lightbox-container\"><img decoding=\"async\" width=\"1800\" height=\"945\" data-wp-class--hide=\"state.isContentHidden\" data-wp-class--show=\"state.isContentVisible\" data-wp-init=\"callbacks.setButtonStyles\" data-wp-on--click=\"actions.showLightbox\" data-wp-on--load=\"callbacks.setButtonStyles\" data-wp-on--pointerdown=\"actions.preloadImage\" data-wp-on--pointerenter=\"actions.preloadImageWithDelay\" data-wp-on--pointerleave=\"actions.cancelPreload\" data-wp-on-window--resize=\"callbacks.setButtonStyles\" src=\"https:\/\/loudavymkrokem.cz\/wp-content\/uploads\/2026\/08\/meininger-hotel-wien-downtown-sissi-1.jpg\" alt=\"Habitaci\u00f3n del MEININGER Hotel Wien Downtown Sissi\" class=\"wp-image-406994\" title=\"\" srcset=\"https:\/\/loudavymkrokem.cz\/wp-content\/uploads\/2026\/08\/meininger-hotel-wien-downtown-sissi-1.jpg 1800w, https:\/\/loudavymkrokem.cz\/wp-content\/uploads\/2026\/08\/meininger-hotel-wien-downtown-sissi-1-300x158.jpg 300w, https:\/\/loudavymkrokem.cz\/wp-content\/uploads\/2026\/08\/meininger-hotel-wien-downtown-sissi-1-700x368.jpg 700w, https:\/\/loudavymkrokem.cz\/wp-content\/uploads\/2026\/08\/meininger-hotel-wien-downtown-sissi-1-768x403.jpg 768w, https:\/\/loudavymkrokem.cz\/wp-content\/uploads\/2026\/08\/meininger-hotel-wien-downtown-sissi-1-1536x806.jpg 1536w, https:\/\/loudavymkrokem.cz\/wp-content\/uploads\/2026\/08\/meininger-hotel-wien-downtown-sissi-1-696x365.jpg 696w, https:\/\/loudavymkrokem.cz\/wp-content\/uploads\/2026\/08\/meininger-hotel-wien-downtown-sissi-1-1392x731.jpg 1392w\" sizes=\"(max-width: 1800px) 100vw, 1800px\" \/><button\n\t\t\tclass=\"lightbox-trigger\"\n\t\t\ttype=\"button\"\n\t\t\taria-haspopup=\"dialog\"\n\t\t\tdata-wp-bind--aria-label=\"state.thisImage.triggerButtonAriaLabel\"\n\t\t\tdata-wp-init=\"callbacks.initTriggerButton\"\n\t\t\tdata-wp-on--click=\"actions.showLightbox\"\n\t\t\tdata-wp-style--right=\"state.thisImage.buttonRight\"\n\t\t\tdata-wp-style--top=\"state.thisImage.buttonTop\"\n\t\t>\n\t\t\t<svg xmlns=\"http:\/\/www.w3.org\/2000\/svg\" width=\"12\" height=\"12\" fill=\"none\" viewBox=\"0 0 12 12\">\n\t\t\t\t<path fill=\"#fff\" d=\"M2 0a2 2 0 0 0-2 2v2h1.5V2a.5.5 0 0 1 .5-.5h2V0H2Zm2 10.5H2a.5.5 0 0 1-.5-.5V8H0v2a2 2 0 0 0 2 2h2v-1.5ZM8 12v-1.5h2a.5.5 0 0 0 .5-.5V8H12v2a2 2 0 0 1-2 2H8Zm2-12a2 2 0 0 1 2 2v2h-1.5V2a.5.5 0 0 0-.5-.5H8V0h2Z\" \/>\n\t\t\t<\/svg>\n\t\t<\/button><figcaption class=\"wp-element-caption\">Foto: MEININGER Hotel Wien \/ web oficial<\/figcaption><\/figure>\n\n\n\n<h3 class=\"wp-block-heading\"><span class=\"ez-toc-section\" id=\"26_MEININGER_Hotel_Wien_Downtown_Sissi\"><\/span>26. MEININGER Hotel Wien Downtown Sissi<span class=\"ez-toc-section-end\"><\/span><\/h3>\n\n\n\n<p class=\"wp-block-paragraph\">Este conocido y muy asequible h\u00edbrido entre hotel cl\u00e1sico y hostal grande est\u00e1 en el popular y verde segundo distrito, Leopoldstadt. Con una <strong>valoraci\u00f3n media de 4,1 sobre 3 169 rese\u00f1as, tiene la valoraci\u00f3n m\u00e1s baja de toda nuestra selecci\u00f3n<\/strong>, pero gracias a su precio bajo y muy atractivo sigue atrayendo con constancia a muchos viajeros ahorradores y a grupos organizados m\u00e1s grandes.<\/p>\n\n\n\n<figure data-wp-context=\"{&quot;galleryId&quot;:&quot;6a9ce1b826a23&quot;}\" data-wp-interactive=\"core\/gallery\" class=\"wp-block-gallery has-nested-images columns-2 is-cropped wp-block-gallery-is-layout-flex wp-block-gallery-13 is-layout-flex\">\n\n<figure data-wp-context=\"{&quot;imageId&quot;:&quot;6a9ce1b826dae&quot;}\" data-wp-interactive=\"core\/image\" data-wp-key=\"6a9ce1b826dae\" class=\"wp-block-image size-large wp-lightbox-container\"><img decoding=\"async\" width=\"1700\" height=\"1112\" data-wp-class--hide=\"state.isContentHidden\" data-wp-class--show=\"state.isContentVisible\" data-wp-init=\"callbacks.setButtonStyles\" data-wp-on--click=\"actions.showLightbox\" data-wp-on--load=\"callbacks.setButtonStyles\" data-wp-on--pointerdown=\"actions.preloadImage\" data-wp-on--pointerenter=\"actions.preloadImageWithDelay\" data-wp-on--pointerleave=\"actions.cancelPreload\" data-wp-on-window--resize=\"callbacks.setButtonStyles\" data-id=\"406998\" src=\"https:\/\/loudavymkrokem.cz\/wp-content\/uploads\/2026\/08\/meininger-hotel-wien-downtown-sissi-2.jpg\" alt=\"Interior del MEININGER Hotel Wien\" class=\"wp-image-406998\" title=\"\" srcset=\"https:\/\/loudavymkrokem.cz\/wp-content\/uploads\/2026\/08\/meininger-hotel-wien-downtown-sissi-2.jpg 1700w, https:\/\/loudavymkrokem.cz\/wp-content\/uploads\/2026\/08\/meininger-hotel-wien-downtown-sissi-2-300x196.jpg 300w, https:\/\/loudavymkrokem.cz\/wp-content\/uploads\/2026\/08\/meininger-hotel-wien-downtown-sissi-2-700x458.jpg 700w, https:\/\/loudavymkrokem.cz\/wp-content\/uploads\/2026\/08\/meininger-hotel-wien-downtown-sissi-2-768x502.jpg 768w, https:\/\/loudavymkrokem.cz\/wp-content\/uploads\/2026\/08\/meininger-hotel-wien-downtown-sissi-2-1536x1005.jpg 1536w, https:\/\/loudavymkrokem.cz\/wp-content\/uploads\/2026\/08\/meininger-hotel-wien-downtown-sissi-2-696x455.jpg 696w, https:\/\/loudavymkrokem.cz\/wp-content\/uploads\/2026\/08\/meininger-hotel-wien-downtown-sissi-2-1392x911.jpg 1392w\" sizes=\"(max-width: 1700px) 100vw, 1700px\" \/><button\n\t\t\tclass=\"lightbox-trigger\"\n\t\t\ttype=\"button\"\n\t\t\taria-haspopup=\"dialog\"\n\t\t\tdata-wp-bind--aria-label=\"state.thisImage.triggerButtonAriaLabel\"\n\t\t\tdata-wp-init=\"callbacks.initTriggerButton\"\n\t\t\tdata-wp-on--click=\"actions.showLightbox\"\n\t\t\tdata-wp-style--right=\"state.thisImage.buttonRight\"\n\t\t\tdata-wp-style--top=\"state.thisImage.buttonTop\"\n\t\t>\n\t\t\t<svg xmlns=\"http:\/\/www.w3.org\/2000\/svg\" width=\"12\" height=\"12\" fill=\"none\" viewBox=\"0 0 12 12\">\n\t\t\t\t<path fill=\"#fff\" d=\"M2 0a2 2 0 0 0-2 2v2h1.5V2a.5.5 0 0 1 .5-.5h2V0H2Zm2 10.5H2a.5.5 0 0 1-.5-.5V8H0v2a2 2 0 0 0 2 2h2v-1.5ZM8 12v-1.5h2a.5.5 0 0 0 .5-.5V8H12v2a2 2 0 0 1-2 2H8Zm2-12a2 2 0 0 1 2 2v2h-1.5V2a.5.5 0 0 0-.5-.5H8V0h2Z\" \/>\n\t\t\t<\/svg>\n\t\t<\/button><figcaption class=\"wp-element-caption\">Foto: MEININGER Hotel Wien \/ web oficial<\/figcaption><\/figure>\n\n<\/figure>\n\n\n\n<p class=\"wp-block-paragraph\">\u26a0\ufe0f Aviso de las rese\u00f1as: Antes de reservar aqu\u00ed en firme tu habitaci\u00f3n barata, debes saber varias informaciones muy importantes. El hotel pas\u00f3 hace poco por <strong>una amplia reforma con el establecimiento en funcionamiento, lo que provocaba a los hu\u00e9spedes un ruido molesto<\/strong>. Las rese\u00f1as cr\u00edticas tambi\u00e9n mencionan muy a menudo y con insistencia <strong>las camas de matrimonio m\u00e1s estrechas, de solo 160 cent\u00edmetros de ancho<\/strong>, lo cual, por l\u00f3gica, no tiene por qu\u00e9 ser c\u00f3modo para todo viajero adulto.<\/p>\n\n\n\n<p class=\"wp-block-paragraph\">Por otro lado, la ubicaci\u00f3n verde cerca del popular <strong>parque de atracciones Prater<\/strong> es absolutamente excelente y la conexi\u00f3n al <strong>centro hist\u00f3rico de la ciudad en metro<\/strong> funciona sin ning\u00fan fallo.<\/p>\n\n\n\n<p class=\"wp-block-paragraph\">\ud83d\udca1 Consejo: Considera alojarte aqu\u00ed solo si <strong>tienes un presupuesto de viaje realmente muy ajustado y buscas una habitaci\u00f3n privada a distancia caminable del centro<\/strong>, pero est\u00e1s dispuesto, por un buen precio, a hacer un claro compromiso en cuanto al tama\u00f1o de la cama y al confort general de la estancia.<\/p>\n\n\n\n<h2 class=\"wp-block-heading\"><span class=\"ez-toc-section\" id=\"Como_elegir_el_hotel_adecuado_en_Viena_Austria\"><\/span>C\u00f3mo elegir el hotel adecuado en Viena, Austria<span class=\"ez-toc-section-end\"><\/span><\/h2>\n\n\n\n<p class=\"wp-block-paragraph\">A la hora de decidir d\u00f3nde dormir en Viena, piensa sobre todo en <strong>c\u00f3mo viajas a la ciudad y con qui\u00e9n exactamente vas<\/strong>. Eso te ayudar\u00e1 mucho a reducir la selecci\u00f3n entre esas veintis\u00e9is estupendas opciones. Como a nuestros vecinos vamos normalmente solo para una escapada corta de fin de semana, el transporte juega un papel esencial en la satisfacci\u00f3n con toda la excursi\u00f3n.<\/p>\n\n\n\n<p class=\"wp-block-paragraph\">Si te lanzas al viaje <strong>en tu propio coche<\/strong>, evita a toda costa el centro hist\u00f3rico Innere Stadt, donde aparcar en la calle es extremadamente caro y navegar por las estrechas calles de sentido \u00fanico es un estr\u00e9s innecesario. Busca alojamiento mejor en los distritos perif\u00e9ricos, como la zona de Westbahnhof o el verde Leopoldstadt. Elige idealmente hoteles que ofrezcan garaje de aparcamiento propio y seguro. Deja el coche all\u00ed aparcado tras llegar y mu\u00e9vete por la ciudad mejor con el estupendo metro, as\u00ed te ahorrar\u00e1s muchos nervios. Recuerda tambi\u00e9n que para circular por las autopistas austriacas necesitas la vi\u00f1eta de autopista (Austria\/Suiza), que puedes comprar c\u00f3modamente por internet antes de salir.<\/p>\n\n\n\n<p class=\"wp-block-paragraph\">Los viajeros que deciden llegar c\u00f3modamente <strong>en tren o en un vuelo directo con Iberia, Vueling o Ryanair desde Madrid o Barcelona<\/strong> har\u00e1n mejor en alojarse justo junto a la estaci\u00f3n central (Hauptbahnhof) o, en su caso, junto a la estaci\u00f3n de Meidling. As\u00ed te ahorras el pesado arrastre de maletas por las escaleras mec\u00e1nicas del metro y, justo al llegar, puedes alojarte r\u00e1pido y salir a la ciudad ligero de equipaje.<\/p>\n\n\n\n<p class=\"wp-block-paragraph\">Para <strong>familias con ni\u00f1os peque\u00f1os<\/strong>, en cambio, lo absolutamente clave es el espacio suficiente y la cercan\u00eda del verde. La mejor opci\u00f3n suele ser el ya mencionado distrito de Leopoldstadt, porque el enorme parque Prater ofrece posibilidades infinitas de ocio para ni\u00f1os de todas las edades. Evita, en cambio, las animadas calles comerciales y los ruidosos barrios de bulliciosa vida nocturna.<\/p>\n\n\n\n<p class=\"wp-block-paragraph\">Si planeas <strong>un relajado fin de semana rom\u00e1ntico en pareja<\/strong>, dir\u00edgete directamente a los preciosos hoteles boutique del s\u00e9ptimo distrito, Neubau, o del octavo, Josefstadt. Estos barrios tienen un encanto local incre\u00edble, est\u00e1n literalmente llenos de peque\u00f1os bistr\u00f3s, curiosas tiendas de dise\u00f1o y viejas cafeter\u00edas. Nosotros adoramos sentarnos en las terrazas, donde preparan un delicioso Kaiserschmarrn (la t\u00edpica tortita imperial desmenuzada) y otras exquisiteces sin carne. Por cierto, las tradicionales delicias con carne, como el famoso escalope vien\u00e9s, el tafelspitz o las salchichas locales, las encuentras aqu\u00ed en cada esquina, porque es una c\u00e9lebre especialidad local que en Austria consigues en la mayor\u00eda de los restaurantes tradicionales. En resumen, estos barrios ofrecen exactamente ese tipo de atm\u00f3sfera maravillosamente relajada por la que se viaja a Viena.<\/p>\n\n\n\n<h2 class=\"wp-block-heading\"><span class=\"ez-toc-section\" id=\"Que_mas_ver_en_Viena_Austria\"><\/span>Qu\u00e9 m\u00e1s ver en Viena, Austria<span class=\"ez-toc-section-end\"><\/span><\/h2>\n\n\n\n<p class=\"wp-block-paragraph\">Si ya tienes elegido el alojamiento y te apetece el viaje, seguro que te vendr\u00e1 bien m\u00e1s informaci\u00f3n. Hemos preparado para ti un art\u00edculo completo con consejos sobre <a href=\"https:\/\/loudavymkrokem.cz\/es\/viena-austria-que-ver\/\">qu\u00e9 ver en Viena<\/a>, donde encontrar\u00e1s los mejores monumentos y tambi\u00e9n rincones escondidos sin multitudes de turistas.<\/p>\n\n\n\n<p class=\"wp-block-paragraph\">En caso de que planees una visita en los meses de invierno, no puedes perderte nuestra gu\u00eda de los <a href=\"https:\/\/loudavymkrokem.cz\/es\/mercados-navidenos-viena-austria\/\">mercados navide\u00f1os de Viena<\/a>, donde te aconsejamos qu\u00e9 mercados merecen la pena y a cu\u00e1les es mejor no ir.<\/p>\n\n\n\n<p class=\"wp-block-paragraph\">Si Viena es para ti solo una parada en un viaje m\u00e1s largo en coche, lee de antemano todo sobre c\u00f3mo funciona la <a href=\"https:\/\/loudavymkrokem.cz\/es\/vineta-autopista-austria\/\">vi\u00f1eta de autopista en Austria<\/a>, para evitar multas innecesarias. La inspiraci\u00f3n para seguir viajando la encontrar\u00e1s en nuestro art\u00edculo sobre un <a href=\"https:\/\/loudavymkrokem.cz\/es\/roadtrip-austria-itinerario-7-dias\/\">roadtrip por Austria en 7 d\u00edas<\/a> o puedes echar un vistazo a los <a href=\"https:\/\/loudavymkrokem.cz\/es\/lagos-austria-mejores-lugares\/\">lagos austriacos<\/a> m\u00e1s bonitos y a nuestros consejos sobre los mejores <a href=\"https:\/\/loudavymkrokem.cz\/es\/hoteles-wellness-austria\/\">hoteles de wellness en Austria<\/a>. <em><a href=\"https:\/\/www.stay22.com\/allez\/roam?aid=lukaskonecny&#038;campaign=loudavymkrokemcz&#038;campaign=kde-bydlet-ve-vidni&#038;hotelname=MEININGER%20Hotel%20Wien%20Downtown%20Sissi&#038;address=V%C3%ADde%C5%88%2C%20Rakousko\" target=\"_blank\" rel=\"nofollow noopener sponsored\">consultar precios y disponibilidad<\/a><\/em><\/p>\n\n\n\n<h2 class=\"wp-block-heading\"><span class=\"ez-toc-section\" id=\"Preguntas_frecuentes\"><\/span>Preguntas frecuentes<span class=\"ez-toc-section-end\"><\/span><\/h2>\n\n\n<div id=\"rank-math-faq\" class=\"rank-math-block\">\n<div class=\"rank-math-list \">\n<div id=\"faq-question-1788071086000\" class=\"rank-math-list-item\">\n<h3 class=\"rank-math-question \"><span class=\"ez-toc-section\" id=\"%C2%BFTengo_que_alojarme_directamente_en_el_centro_de_Viena\"><\/span>\u00bfTengo que alojarme directamente en el centro de Viena?<span class=\"ez-toc-section-end\"><\/span><\/h3>\n<div class=\"rank-math-answer \">\n\n<p>Desde luego no es necesario. Viena cuenta con una red de metro y tranv\u00edas absolutamente fiable, limpia y muy densa. Si te alojas en distritos adyacentes como el popular Neubau, Mariahilf o Wieden, pagar\u00e1s bastante menos por un hotel precioso y llegar\u00e1s en transporte p\u00fablico al centro hist\u00f3rico en apenas diez minutos.<\/p>\n\n<\/div>\n<\/div>\n<div id=\"faq-question-1788071086001\" class=\"rank-math-list-item\">\n<h3 class=\"rank-math-question \"><span class=\"ez-toc-section\" id=\"%C2%BFDonde_alojarse_cuando_viajo_a_los_mercados_navidenos\"><\/span>\u00bfD\u00f3nde alojarse cuando viajo a los mercados navide\u00f1os?<span class=\"ez-toc-section-end\"><\/span><\/h3>\n<div class=\"rank-math-answer \">\n\n<p>Los mercados navide\u00f1os m\u00e1s grandes y conocidos los encontrar\u00e1s frente al Ayuntamiento y junto al majestuoso palacio de Sch\u00f6nbrunn. Lo m\u00e1s estrat\u00e9gico es alojarse en los distritos de Innere Stadt, Josefstadt o Neubau, desde donde podr\u00e1s llegar tranquilamente incluso a pie a los mercados m\u00e1s bonitos por calles bellamente decoradas y disfrutar del aut\u00e9ntico ambiente navide\u00f1o.<\/p>\n\n<\/div>\n<\/div>\n<div id=\"faq-question-1788071086002\" class=\"rank-math-list-item\">\n<h3 class=\"rank-math-question \"><span class=\"ez-toc-section\" id=\"%C2%BFComo_es_el_aparcamiento_en_el_hotel_en_Viena\"><\/span>\u00bfC\u00f3mo es el aparcamiento en el hotel en Viena?<span class=\"ez-toc-section-end\"><\/span><\/h3>\n<div class=\"rank-math-answer \">\n\n<p>El aparcamiento en la calle est\u00e1 estrictamente regulado en Viena y resulta muy poco ventajoso para turistas habituales. Por eso, verifica siempre de antemano si tu hotel ofrece plazas de aparcamiento vigiladas propias, y ten en cuenta que la tarifa ronda las decenas de euros por una sola noche. Una alternativa estupenda y m\u00e1s econ\u00f3mica son los aparcamientos disuasorios P+R en las afueras de la ciudad.<\/p>\n\n<\/div>\n<\/div>\n<div id=\"faq-question-1788071086003\" class=\"rank-math-list-item\">\n<h3 class=\"rank-math-question \"><span class=\"ez-toc-section\" id=\"%C2%BFSon_caros_los_hoteles_en_Viena\"><\/span>\u00bfSon caros los hoteles en Viena?<span class=\"ez-toc-section-end\"><\/span><\/h3>\n<div class=\"rank-math-answer \">\n\n<p>El rango de precios es realmente enorme. Mientras que en el primer distrito encuentras palacios hist\u00f3ricos de lujo donde una noche cuesta literalmente una fortuna, en los barrios alrededor de las estaciones y cerca del mercado Naschmarkt descubrir\u00e1s un mont\u00f3n de hoteles boutique y hostales modernos muy asequibles. Estos ofrecen una relaci\u00f3n calidad-precio absolutamente estupenda.<\/p>\n\n<\/div>\n<\/div>\n<div id=\"faq-question-1788071086004\" class=\"rank-math-list-item\">\n<h3 class=\"rank-math-question \"><span class=\"ez-toc-section\" id=\"%C2%BFQue_barrio_vienes_es_el_mejor_para_los_amantes_de_la_comida\"><\/span>\u00bfQu\u00e9 barrio vien\u00e9s es el mejor para los amantes de la comida?<span class=\"ez-toc-section-end\"><\/span><\/h3>\n<div class=\"rank-math-answer \">\n\n<p>Si viajas principalmente en busca de buena gastronom\u00eda, busca alojamiento en el distrito de Wieden o Mariahilf cerca del conocido mercado Naschmarkt. All\u00ed encontrar\u00e1s una enorme cantidad de bistr\u00f3s modernos, puestos con productos locales frescos, excelentes restaurantes vegetarianos y aut\u00e9nticas cafeter\u00edas peque\u00f1as con el mejor caf\u00e9.<\/p>\n\n<\/div>\n<\/div>\n<div id=\"faq-question-1788071086005\" class=\"rank-math-list-item\">\n<h3 class=\"rank-math-question \"><span class=\"ez-toc-section\" id=\"%C2%BFCuando_es_el_mejor_momento_para_reservar_hotel\"><\/span>\u00bfCu\u00e1ndo es el mejor momento para reservar hotel?<span class=\"ez-toc-section-end\"><\/span><\/h3>\n<div class=\"rank-math-answer \">\n\n<p>Para fechas bonitas de primavera y oto\u00f1o recomiendo reservar habitaci\u00f3n al menos con dos meses de antelaci\u00f3n. Pero si tienes pensado ir a Viena en diciembre para el famoso fin de semana de Adviento, busca alojamiento idealmente ya a finales de verano. Los hoteles mejores y m\u00e1s asequibles suelen agotarse muy r\u00e1pido.<\/p>\n\n<\/div>\n<\/div>\n<div id=\"faq-question-1788071086006\" class=\"rank-math-list-item\">\n<h3 class=\"rank-math-question \"><span class=\"ez-toc-section\" id=\"%C2%BFDonde_alojarse_en_Viena_con_ninos\"><\/span>\u00bfD\u00f3nde alojarse en Viena con ni\u00f1os?<span class=\"ez-toc-section-end\"><\/span><\/h3>\n<div class=\"rank-math-answer \">\n\n<p>Para familias con ni\u00f1os peque\u00f1os es una elecci\u00f3n absolutamente fant\u00e1stica el distrito de Leopoldstadt, el n\u00famero dos. Es una zona muy tranquila que ofrece un mont\u00f3n de zonas verdes necesarias para descansar. Pero sobre todo tienes a mano el enorme parque de atracciones Prater, donde los ni\u00f1os se lo pasar\u00e1n en grande con decenas de atracciones.<\/p>\n\n<\/div>\n<\/div>\n<\/div>\n<\/div>","protected":false},"excerpt":{"rendered":"<p>\u00bfVas a viajar a Viena, en Austria, y no sabes qu\u00e9 barrio elegir? He preparado para ti un repaso de los 26 mejores hoteles para todos los presupuestos.<\/p>\n","protected":false},"author":3,"featured_media":407188,"comment_status":"open","ping_status":"open","sticky":false,"template":"","format":"standard","meta":{"_acf_changed":false,"footnotes":"","rank_math_title":"D\u00f3nde dormir en Viena, Austria: 26 hoteles en 2026","rank_math_description":"Descubre d\u00f3nde dormir en Viena, Austria: 26 hoteles y los barrios m\u00e1s seguros para todos los presupuestos en 2026. Compara precios y reserva tu escapada ideal.","rank_math_focus_keyword":"viena austria","rank_math_seo_score":""},"categories":[1024,996,980],"tags":[],"class_list":["post-418605","post","type-post","status-publish","format-standard","has-post-thumbnail","category-austria","category-europa","category-viajes"],"acf":[],"featured_image_src":"https:\/\/loudavymkrokem.cz\/wp-content\/uploads\/2026\/08\/viden-stephansdom.jpg","author_info":{"display_name":"Lucie Kone\u010dn\u00e1","author_link":"https:\/\/loudavymkrokem.cz\/es\/author\/lucie-konecna\/"},"_links":{"self":[{"href":"https:\/\/loudavymkrokem.cz\/es\/wp-json\/wp\/v2\/posts\/418605","targetHints":{"allow":["GET"]}}],"collection":[{"href":"https:\/\/loudavymkrokem.cz\/es\/wp-json\/wp\/v2\/posts"}],"about":[{"href":"https:\/\/loudavymkrokem.cz\/es\/wp-json\/wp\/v2\/types\/post"}],"author":[{"embeddable":true,"href":"https:\/\/loudavymkrokem.cz\/es\/wp-json\/wp\/v2\/users\/3"}],"replies":[{"embeddable":true,"href":"https:\/\/loudavymkrokem.cz\/es\/wp-json\/wp\/v2\/comments?post=418605"}],"version-history":[{"count":1,"href":"https:\/\/loudavymkrokem.cz\/es\/wp-json\/wp\/v2\/posts\/418605\/revisions"}],"predecessor-version":[{"id":418772,"href":"https:\/\/loudavymkrokem.cz\/es\/wp-json\/wp\/v2\/posts\/418605\/revisions\/418772"}],"wp:featuredmedia":[{"embeddable":true,"href":"https:\/\/loudavymkrokem.cz\/es\/wp-json\/wp\/v2\/media\/407188"}],"wp:attachment":[{"href":"https:\/\/loudavymkrokem.cz\/es\/wp-json\/wp\/v2\/media?parent=418605"}],"wp:term":[{"taxonomy":"category","embeddable":true,"href":"https:\/\/loudavymkrokem.cz\/es\/wp-json\/wp\/v2\/categories?post=418605"},{"taxonomy":"post_tag","embeddable":true,"href":"https:\/\/loudavymkrokem.cz\/es\/wp-json\/wp\/v2\/tags?post=418605"}],"curies":[{"name":"wp","href":"https:\/\/api.w.org\/{rel}","templated":true}]}}