{"id":417097,"date":"2026-09-04T10:46:03","date_gmt":"2026-09-04T08:46:03","guid":{"rendered":"https:\/\/loudavymkrokem.cz\/cartagena-colombia-que-ver\/"},"modified":"2026-09-05T13:00:50","modified_gmt":"2026-09-05T11:00:50","slug":"cartagena-colombia-que-ver","status":"publish","type":"post","link":"https:\/\/loudavymkrokem.cz\/es\/cartagena-colombia-que-ver\/","title":{"rendered":"Cartagena, Colombia: 22 cosas que ver y hacer en 2026"},"content":{"rendered":"\n<p class=\"wp-block-paragraph\">Cartagena, en Colombia, es una ciudad de extremos absolutos y, muy posiblemente, <strong>el lugar m\u00e1s bonito y a la vez m\u00e1s agotador<\/strong> que visitar\u00e1s en Sudam\u00e9rica. Por un lado te esperan callejones coloniales que quitan el aliento, balcones que se comban bajo la avalancha de buganvillas de colores y un ambiente caribe\u00f1o que te atrapa al instante. Pero prep\u00e1rate: <strong>nada de todo ese romanticismo lo tendr\u00e1s gratis<\/strong> ni sin interrupciones constantes.<\/p>\n\n\n\n<p class=\"wp-block-paragraph\">Nada m\u00e1s llegar te dar\u00e1s cuenta de que <strong>la ciudad est\u00e1 llena de vendedores ambulantes<\/strong> que te ofrecer\u00e1n de todo, desde sombreros hasta pulseras \u00abde regalo\u00bb o masajes que desde luego no son gratis. Quien lo sabe de antemano y aprende a decir un no rotundo con una sonrisa se llevar\u00e1 de Cartagena las mejores experiencias. Pero si te pilla por sorpresa, <strong>el continuo regateo con taxistas sin tax\u00edmetro puede llegar a agotarte<\/strong>, as\u00ed que conviene prepararse mentalmente para esta realidad.<\/p>\n\n\n\n<p class=\"wp-block-paragraph\">Aqu\u00ed te hemos reunido directamente <strong>22 consejos<\/strong>: desde las viejas murallas hasta rincones secretos y excursiones a las islas del Caribe. Y s\u00ed, tambi\u00e9n te contamos por qu\u00e9 debes tener mucho <strong>cuidado con las aplicaciones de citas<\/strong>. \ud83d\ude05<\/p>\n\n\n\n<figure data-wp-context=\"{&quot;imageId&quot;:&quot;6a9c1d5514ee2&quot;}\" data-wp-interactive=\"core\/image\" data-wp-key=\"6a9c1d5514ee2\" class=\"wp-block-image size-full wp-lightbox-container\"><img decoding=\"async\" width=\"1920\" height=\"1272\" data-wp-class--hide=\"state.isContentHidden\" data-wp-class--show=\"state.isContentVisible\" data-wp-init=\"callbacks.setButtonStyles\" data-wp-on--click=\"actions.showLightbox\" data-wp-on--load=\"callbacks.setButtonStyles\" data-wp-on--pointerdown=\"actions.preloadImage\" data-wp-on--pointerenter=\"actions.preloadImageWithDelay\" data-wp-on--pointerleave=\"actions.cancelPreload\" data-wp-on-window--resize=\"callbacks.setButtonStyles\" src=\"https:\/\/loudavymkrokem.cz\/wp-content\/uploads\/2026\/09\/street-art-v-getsemani-v-cartagene-e2ad9fff.jpg\" alt=\"Arte urbano en Getseman\u00ed, Cartagena\" class=\"wp-image-415748\" title=\"\" srcset=\"https:\/\/loudavymkrokem.cz\/wp-content\/uploads\/2026\/09\/street-art-v-getsemani-v-cartagene-e2ad9fff.jpg 1920w, https:\/\/loudavymkrokem.cz\/wp-content\/uploads\/2026\/09\/street-art-v-getsemani-v-cartagene-e2ad9fff-300x199.jpg 300w, https:\/\/loudavymkrokem.cz\/wp-content\/uploads\/2026\/09\/street-art-v-getsemani-v-cartagene-e2ad9fff-700x464.jpg 700w, https:\/\/loudavymkrokem.cz\/wp-content\/uploads\/2026\/09\/street-art-v-getsemani-v-cartagene-e2ad9fff-768x509.jpg 768w, https:\/\/loudavymkrokem.cz\/wp-content\/uploads\/2026\/09\/street-art-v-getsemani-v-cartagene-e2ad9fff-1536x1018.jpg 1536w, https:\/\/loudavymkrokem.cz\/wp-content\/uploads\/2026\/09\/street-art-v-getsemani-v-cartagene-e2ad9fff-696x461.jpg 696w, https:\/\/loudavymkrokem.cz\/wp-content\/uploads\/2026\/09\/street-art-v-getsemani-v-cartagene-e2ad9fff-1392x922.jpg 1392w\" sizes=\"(max-width: 1920px) 100vw, 1920px\" \/><button\n\t\t\tclass=\"lightbox-trigger\"\n\t\t\ttype=\"button\"\n\t\t\taria-haspopup=\"dialog\"\n\t\t\tdata-wp-bind--aria-label=\"state.thisImage.triggerButtonAriaLabel\"\n\t\t\tdata-wp-init=\"callbacks.initTriggerButton\"\n\t\t\tdata-wp-on--click=\"actions.showLightbox\"\n\t\t\tdata-wp-style--right=\"state.thisImage.buttonRight\"\n\t\t\tdata-wp-style--top=\"state.thisImage.buttonTop\"\n\t\t>\n\t\t\t<svg xmlns=\"http:\/\/www.w3.org\/2000\/svg\" width=\"12\" height=\"12\" fill=\"none\" viewBox=\"0 0 12 12\">\n\t\t\t\t<path fill=\"#fff\" d=\"M2 0a2 2 0 0 0-2 2v2h1.5V2a.5.5 0 0 1 .5-.5h2V0H2Zm2 10.5H2a.5.5 0 0 1-.5-.5V8H0v2a2 2 0 0 0 2 2h2v-1.5ZM8 12v-1.5h2a.5.5 0 0 0 .5-.5V8H12v2a2 2 0 0 1-2 2H8Zm2-12a2 2 0 0 1 2 2v2h-1.5V2a.5.5 0 0 0-.5-.5H8V0h2Z\" \/>\n\t\t\t<\/svg>\n\t\t<\/button><figcaption class=\"wp-element-caption\">Foto: Joe Ross from Lansing, Michigan \/ Wikimedia Commons, CC BY-SA 2.0<\/figcaption><\/figure>\n\n\n\n<div id=\"ez-toc-container\" class=\"ez-toc-v2_0_87 ez-toc-wrap-left counter-hierarchy ez-toc-counter ez-toc-grey ez-toc-container-direction\">\n<div class=\"ez-toc-title-container\">\n<p class=\"ez-toc-title\" style=\"cursor:inherit\">Contenido del art\u00edculo<\/p>\n<span class=\"ez-toc-title-toggle\"><a href=\"#\" class=\"ez-toc-pull-right ez-toc-btn ez-toc-btn-xs ez-toc-btn-default ez-toc-toggle\" aria-label=\"Alternar tabla de contenidos\"><span class=\"ez-toc-js-icon-con\"><span class=\"\"><span class=\"eztoc-hide\" style=\"display:none;\">Toggle<\/span><span class=\"ez-toc-icon-toggle-span\"><svg style=\"fill: #999;color:#999\" xmlns=\"http:\/\/www.w3.org\/2000\/svg\" class=\"list-377408\" width=\"20px\" height=\"20px\" viewBox=\"0 0 24 24\" fill=\"none\"><path d=\"M6 6H4v2h2V6zm14 0H8v2h12V6zM4 11h2v2H4v-2zm16 0H8v2h12v-2zM4 16h2v2H4v-2zm16 0H8v2h12v-2z\" fill=\"currentColor\"><\/path><\/svg><svg style=\"fill: #999;color:#999\" class=\"arrow-unsorted-368013\" xmlns=\"http:\/\/www.w3.org\/2000\/svg\" width=\"10px\" height=\"10px\" viewBox=\"0 0 24 24\" version=\"1.2\" baseProfile=\"tiny\"><path d=\"M18.2 9.3l-6.2-6.3-6.2 6.3c-.2.2-.3.4-.3.7s.1.5.3.7c.2.2.4.3.7.3h11c.3 0 .5-.1.7-.3.2-.2.3-.5.3-.7s-.1-.5-.3-.7zM5.8 14.7l6.2 6.3 6.2-6.3c.2-.2.3-.5.3-.7s-.1-.5-.3-.7c-.2-.2-.4-.3-.7-.3h-11c-.3 0-.5.1-.7.3-.2.2-.3.5-.3.7s.1.5.3.7z\"\/><\/svg><\/span><\/span><\/span><\/a><\/span><\/div>\n<nav><ul class='ez-toc-list ez-toc-list-level-1 ' ><ul class='ez-toc-list-level-3' ><li class='ez-toc-heading-level-3'><a class=\"ez-toc-link ez-toc-heading-1\" href=\"https:\/\/loudavymkrokem.cz\/es\/cartagena-colombia-que-ver\/#Resumen\" >Resumen<\/a><\/li><\/ul><\/li><li class='ez-toc-page-1 ez-toc-heading-level-2'><a class=\"ez-toc-link ez-toc-heading-2\" href=\"https:\/\/loudavymkrokem.cz\/es\/cartagena-colombia-que-ver\/#Cuando_viajar_a_Cartagena\" >Cu\u00e1ndo viajar a Cartagena<\/a><\/li><li class='ez-toc-page-1 ez-toc-heading-level-2'><a class=\"ez-toc-link ez-toc-heading-3\" href=\"https:\/\/loudavymkrokem.cz\/es\/cartagena-colombia-que-ver\/#Donde_alojarse_en_Cartagena\" >D\u00f3nde alojarse en Cartagena<\/a><\/li><li class='ez-toc-page-1 ez-toc-heading-level-2'><a class=\"ez-toc-link ez-toc-heading-4\" href=\"https:\/\/loudavymkrokem.cz\/es\/cartagena-colombia-que-ver\/#22_cosas_que_ver_y_hacer_en_Cartagena_Colombia\" >22 cosas que ver y hacer en Cartagena, Colombia<\/a><ul class='ez-toc-list-level-3' ><li class='ez-toc-heading-level-3'><a class=\"ez-toc-link ez-toc-heading-5\" href=\"https:\/\/loudavymkrokem.cz\/es\/cartagena-colombia-que-ver\/#1_El_Centro_Historico_y_sus_iconicas_murallas\" >1. El Centro Hist\u00f3rico y sus ic\u00f3nicas murallas<\/a><\/li><li class='ez-toc-page-1 ez-toc-heading-level-3'><a class=\"ez-toc-link ez-toc-heading-6\" href=\"https:\/\/loudavymkrokem.cz\/es\/cartagena-colombia-que-ver\/#2_Castillo_de_San_Felipe_de_Barajas\" >2. Castillo de San Felipe de Barajas<\/a><\/li><li class='ez-toc-page-1 ez-toc-heading-level-3'><a class=\"ez-toc-link ez-toc-heading-7\" href=\"https:\/\/loudavymkrokem.cz\/es\/cartagena-colombia-que-ver\/#3_La_Plaza_de_Bolivar\" >3. La Plaza de Bol\u00edvar<\/a><\/li><li class='ez-toc-page-1 ez-toc-heading-level-3'><a class=\"ez-toc-link ez-toc-heading-8\" href=\"https:\/\/loudavymkrokem.cz\/es\/cartagena-colombia-que-ver\/#4_Museo_del_Oro_Zenu\" >4. Museo del Oro Zen\u00fa<\/a><\/li><li class='ez-toc-page-1 ez-toc-heading-level-3'><a class=\"ez-toc-link ez-toc-heading-9\" href=\"https:\/\/loudavymkrokem.cz\/es\/cartagena-colombia-que-ver\/#5_Palacio_de_la_Inquisicion\" >5. Palacio de la Inquisici\u00f3n<\/a><\/li><li class='ez-toc-page-1 ez-toc-heading-level-3'><a class=\"ez-toc-link ez-toc-heading-10\" href=\"https:\/\/loudavymkrokem.cz\/es\/cartagena-colombia-que-ver\/#6_Museo_Naval_del_Caribe\" >6. Museo Naval del Caribe<\/a><\/li><li class='ez-toc-page-1 ez-toc-heading-level-3'><a class=\"ez-toc-link ez-toc-heading-11\" href=\"https:\/\/loudavymkrokem.cz\/es\/cartagena-colombia-que-ver\/#7_Plaza_de_los_Coches_y_la_Torre_del_Reloj\" >7. Plaza de los Coches y la Torre del Reloj<\/a><\/li><li class='ez-toc-page-1 ez-toc-heading-level-3'><a class=\"ez-toc-link ez-toc-heading-12\" href=\"https:\/\/loudavymkrokem.cz\/es\/cartagena-colombia-que-ver\/#8_Camellon_de_los_Martires\" >8. Camell\u00f3n de los M\u00e1rtires<\/a><\/li><li class='ez-toc-page-1 ez-toc-heading-level-3'><a class=\"ez-toc-link ez-toc-heading-13\" href=\"https:\/\/loudavymkrokem.cz\/es\/cartagena-colombia-que-ver\/#9_Getsemani_y_el_arte_urbano\" >9. Getseman\u00ed y el arte urbano<\/a><\/li><li class='ez-toc-page-1 ez-toc-heading-level-3'><a class=\"ez-toc-link ez-toc-heading-14\" href=\"https:\/\/loudavymkrokem.cz\/es\/cartagena-colombia-que-ver\/#10_La_Plaza_de_la_Trinidad_de_noche\" >10. La Plaza de la Trinidad de noche<\/a><\/li><li class='ez-toc-page-1 ez-toc-heading-level-3'><a class=\"ez-toc-link ez-toc-heading-15\" href=\"https:\/\/loudavymkrokem.cz\/es\/cartagena-colombia-que-ver\/#11_Los_perezosos_del_Parque_Centenario\" >11. Los perezosos del Parque Centenario<\/a><\/li><li class='ez-toc-page-1 ez-toc-heading-level-3'><a class=\"ez-toc-link ez-toc-heading-16\" href=\"https:\/\/loudavymkrokem.cz\/es\/cartagena-colombia-que-ver\/#12_Las_vistas_desde_el_Convento_de_la_Popa\" >12. Las vistas desde el Convento de la Popa<\/a><\/li><li class='ez-toc-page-1 ez-toc-heading-level-3'><a class=\"ez-toc-link ez-toc-heading-17\" href=\"https:\/\/loudavymkrokem.cz\/es\/cartagena-colombia-que-ver\/#13_Bares_de_azotea_y_vistas_de_lujo\" >13. Bares de azotea y vistas de lujo<\/a><\/li><li class='ez-toc-page-1 ez-toc-heading-level-3'><a class=\"ez-toc-link ez-toc-heading-18\" href=\"https:\/\/loudavymkrokem.cz\/es\/cartagena-colombia-que-ver\/#14_El_atardecer_en_las_murallas_Cafe_del_Mar\" >14. El atardecer en las murallas (Caf\u00e9 del Mar)<\/a><\/li><li class='ez-toc-page-1 ez-toc-heading-level-3'><a class=\"ez-toc-link ez-toc-heading-19\" href=\"https:\/\/loudavymkrokem.cz\/es\/cartagena-colombia-que-ver\/#15_Playas_de_Bocagrande_y_Castillogrande_resena_sincera\" >15. Playas de Bocagrande y Castillogrande (rese\u00f1a sincera)<\/a><\/li><li class='ez-toc-page-1 ez-toc-heading-level-3'><a class=\"ez-toc-link ez-toc-heading-20\" href=\"https:\/\/loudavymkrokem.cz\/es\/cartagena-colombia-que-ver\/#16_Islas_del_Rosario_y_la_trampa_del_dinero\" >16. Islas del Rosario y la trampa del dinero<\/a><\/li><li class='ez-toc-page-1 ez-toc-heading-level-3'><a class=\"ez-toc-link ez-toc-heading-21\" href=\"https:\/\/loudavymkrokem.cz\/es\/cartagena-colombia-que-ver\/#17_Beach_clubs_de_las_islas_en_lugar_de_playas_publicas\" >17. Beach clubs de las islas (en lugar de playas p\u00fablicas)<\/a><\/li><li class='ez-toc-page-1 ez-toc-heading-level-3'><a class=\"ez-toc-link ez-toc-heading-22\" href=\"https:\/\/loudavymkrokem.cz\/es\/cartagena-colombia-que-ver\/#18_El_pueblo_pesquero_de_La_Boquilla_y_los_manglares\" >18. El pueblo pesquero de La Boquilla y los manglares<\/a><\/li><li class='ez-toc-page-1 ez-toc-heading-level-3'><a class=\"ez-toc-link ez-toc-heading-23\" href=\"https:\/\/loudavymkrokem.cz\/es\/cartagena-colombia-que-ver\/#19_Mercado_de_Bazurto_solo_para_valientes\" >19. Mercado de Bazurto (solo para valientes)<\/a><\/li><li class='ez-toc-page-1 ez-toc-heading-level-3'><a class=\"ez-toc-link ez-toc-heading-24\" href=\"https:\/\/loudavymkrokem.cz\/es\/cartagena-colombia-que-ver\/#20_Museo_del_Chocolate_y_el_cacao_colombiano\" >20. Museo del Chocolate y el cacao colombiano<\/a><\/li><li class='ez-toc-page-1 ez-toc-heading-level-3'><a class=\"ez-toc-link ez-toc-heading-25\" href=\"https:\/\/loudavymkrokem.cz\/es\/cartagena-colombia-que-ver\/#21_Comida_callejera_y_sabores_caribenos\" >21. Comida callejera y sabores caribe\u00f1os<\/a><\/li><li class='ez-toc-page-1 ez-toc-heading-level-3'><a class=\"ez-toc-link ez-toc-heading-26\" href=\"https:\/\/loudavymkrokem.cz\/es\/cartagena-colombia-que-ver\/#22_Donde_comer_sin_carne_consejos_vegetarianos\" >22. D\u00f3nde comer sin carne (consejos vegetarianos)<\/a><\/li><\/ul><\/li><li class='ez-toc-page-1 ez-toc-heading-level-2'><a class=\"ez-toc-link ez-toc-heading-27\" href=\"https:\/\/loudavymkrokem.cz\/es\/cartagena-colombia-que-ver\/#Adonde_ir_desde_Cartagena_excursiones_por_los_alrededores\" >Ad\u00f3nde ir desde Cartagena (excursiones por los alrededores)<\/a><\/li><li class='ez-toc-page-1 ez-toc-heading-level-2'><a class=\"ez-toc-link ez-toc-heading-28\" href=\"https:\/\/loudavymkrokem.cz\/es\/cartagena-colombia-que-ver\/#Preguntas_frecuentes\" >Preguntas frecuentes<\/a><ul class='ez-toc-list-level-3' ><li class='ez-toc-heading-level-3'><a class=\"ez-toc-link ez-toc-heading-29\" href=\"https:\/\/loudavymkrokem.cz\/es\/cartagena-colombia-que-ver\/#%C2%BFEs_segura_Cartagena\" >\u00bfEs segura Cartagena?<\/a><\/li><li class='ez-toc-page-1 ez-toc-heading-level-3'><a class=\"ez-toc-link ez-toc-heading-30\" href=\"https:\/\/loudavymkrokem.cz\/es\/cartagena-colombia-que-ver\/#%C2%BFQue_pasa_con_los_taxis_tienen_taximetro\" >\u00bfQu\u00e9 pasa con los taxis, tienen tax\u00edmetro?<\/a><\/li><li class='ez-toc-page-1 ez-toc-heading-level-3'><a class=\"ez-toc-link ez-toc-heading-31\" href=\"https:\/\/loudavymkrokem.cz\/es\/cartagena-colombia-que-ver\/#%C2%BFDeberia_ir_a_las_islas_del_Rosario_o_a_Playa_Blanca\" >\u00bfDeber\u00eda ir a las islas del Rosario o a Playa Blanca?<\/a><\/li><li class='ez-toc-page-1 ez-toc-heading-level-3'><a class=\"ez-toc-link ez-toc-heading-32\" href=\"https:\/\/loudavymkrokem.cz\/es\/cartagena-colombia-que-ver\/#%C2%BFComo_deshacerse_eficazmente_de_los_vendedores_ambulantes\" >\u00bfC\u00f3mo deshacerse eficazmente de los vendedores ambulantes?<\/a><\/li><li class='ez-toc-page-1 ez-toc-heading-level-3'><a class=\"ez-toc-link ez-toc-heading-33\" href=\"https:\/\/loudavymkrokem.cz\/es\/cartagena-colombia-que-ver\/#%C2%BFSe_puede_pagar_en_Cartagena_con_dolares_americanos\" >\u00bfSe puede pagar en Cartagena con d\u00f3lares americanos?<\/a><\/li><li class='ez-toc-page-1 ez-toc-heading-level-3'><a class=\"ez-toc-link ez-toc-heading-34\" href=\"https:\/\/loudavymkrokem.cz\/es\/cartagena-colombia-que-ver\/#%C2%BFSe_puede_beber_agua_del_grifo_en_Cartagena\" >\u00bfSe puede beber agua del grifo en Cartagena?<\/a><\/li><li class='ez-toc-page-1 ez-toc-heading-level-3'><a class=\"ez-toc-link ez-toc-heading-35\" href=\"https:\/\/loudavymkrokem.cz\/es\/cartagena-colombia-que-ver\/#%C2%BFCuantos_dias_necesito_para_Cartagena\" >\u00bfCu\u00e1ntos d\u00edas necesito para Cartagena?<\/a><\/li><\/ul><\/li><\/ul><\/nav><\/div>\n<h3 class=\"wp-block-heading\"><span class=\"ez-toc-section\" id=\"Resumen\"><\/span>Resumen<span class=\"ez-toc-section-end\"><\/span><\/h3>\n\n\n\n<ul class=\"wp-block-list\">\n\n<li><strong>Exenci\u00f3n fiscal para extranjeros:<\/strong> Si tienes en el pasaporte el sello tur\u00edstico PIP-5, <strong>no pagas el 19% de IVA en los hoteles<\/strong>. Compru\u00e9balo siempre en la factura final, porque algunos hoteles intentan cobrarlo.<\/li>\n\n\n\n<li><strong>Cargos ocultos por las islas:<\/strong> Las excursiones a las Islas del Rosario tienen truco: <strong>la entrada al parque nacional y el seguro (unos 40.000 COP) se pagan en efectivo en el muelle<\/strong> y no est\u00e1n incluidos en el tour.<\/li>\n\n\n\n<li><strong>Belleza a cambio de paciencia:<\/strong> Cartagena es un para\u00edso visual, pero <strong>prep\u00e1rate para los insistentes vendedores ambulantes<\/strong>, a quienes hay que saber rechazar con educaci\u00f3n pero con mucha firmeza.<\/li>\n\n\n\n<li><strong>Playas con reservas:<\/strong> La playa urbana de Bocagrande tiene el agua marr\u00f3n, <strong>para arena blanca hay que ir a las islas<\/strong>, pero cuidado con las multitudes del mediod\u00eda en Playa Blanca.<\/li>\n\n\n\n<li><strong>La seguridad ante todo:<\/strong> Nunca uses taxis sin precio acordado de antemano (o mejor elige Uber o InDriver) y <strong>ten much\u00edsimo cuidado con la vida nocturna y las citas a ciegas<\/strong>.<\/li>\n\n\n\n<li><strong>Transporte desde el aeropuerto:<\/strong> El aeropuerto Rafael N\u00fa\u00f1ez est\u00e1 <strong>a solo 10 o 15 minutos del centro<\/strong>, una gran ventaja frente a otras capitales.<\/li>\n\n\n<\/ul>\n\n\n\n<h2 class=\"wp-block-heading\"><span class=\"ez-toc-section\" id=\"Cuando_viajar_a_Cartagena\"><\/span>Cu\u00e1ndo viajar a Cartagena<span class=\"ez-toc-section-end\"><\/span><\/h2>\n\n\n\n<p class=\"wp-block-paragraph\">Cartagena es un destino caribe\u00f1o t\u00edpico, donde reina una <strong>temperatura constante de 31 a 33 \u00b0C durante todo el a\u00f1o<\/strong>, as\u00ed que los jers\u00e9is puedes dejarlos tranquilamente en casa. La diferencia del clima en Cartagena est\u00e1 solo en si el aire pesa e inm\u00f3vil o si desde el mar sopla una brisa agradablemente fresca. <strong>La temporada alta y m\u00e1s popular va de diciembre a abril<\/strong>, cuando la ciudad est\u00e1 seca, sopla un refrescante viento alisio y el sol brilla pr\u00e1cticamente cada d\u00eda. Pero en esa \u00e9poca la ciudad revienta bajo la avalancha de turistas extranjeros y colombianos de vacaciones, lo que l\u00f3gicamente dispara los precios de los hoteles a su m\u00e1ximo anual.<\/p>\n\n\n\n<p class=\"wp-block-paragraph\">Si no te gusta el bochorno pesado ni la humedad alta, <strong>evita el periodo de septiembre a noviembre<\/strong>, que es la principal temporada de lluvias en la costa caribe\u00f1a. Septiembre en concreto es estad\u00edsticamente el mes m\u00e1s h\u00famedo del a\u00f1o, cuando los callejones hist\u00f3ricos pueden convertirse en pocos minutos en profundos charcos. <strong>La alta humedad del aire convierte los paseos normales en toda una haza\u00f1a deportiva<\/strong> en la que empiezas a sudar de inmediato. Aun as\u00ed se puede visitar la ciudad, pero cuenta con que tendr\u00e1s que refugiarte mucho m\u00e1s a menudo en cafeter\u00edas y museos con aire acondicionado.<\/p>\n\n\n\n<p class=\"wp-block-paragraph\">Para la mejor combinaci\u00f3n posible de buen tiempo y precios algo m\u00e1s soportables, <strong>un estupendo t\u00e9rmino medio es el cambio de noviembre a diciembre<\/strong>, o los meses de primavera justo fuera de las fiestas de Semana Santa. Pero ten siempre en cuenta que <strong>el sol del Caribe es realmente fuerte y no perdona errores<\/strong>, as\u00ed que un sombrero de ala ancha, litros de agua embotellada y una buena crema solar son absolutamente imprescindibles en cualquier mes del a\u00f1o. Mete tambi\u00e9n en la maleta ropa ligera de lino, con la que te sentir\u00e1s mucho m\u00e1s c\u00f3modo.<\/p>\n\n\n\n<h2 class=\"wp-block-heading\"><span class=\"ez-toc-section\" id=\"Donde_alojarse_en_Cartagena\"><\/span>D\u00f3nde alojarse en Cartagena<span class=\"ez-toc-section-end\"><\/span><\/h2>\n\n\n\n<p class=\"wp-block-paragraph\">D\u00f3nde te alojes importa de verdad, y en Cartagena m\u00e1s que en ning\u00fan otro sitio, porque la diferencia entre barrios es brutal. <strong>Lo m\u00e1s encantador es alojarse directamente en el Centro Hist\u00f3rico<\/strong>, donde tienes todos los monumentos famosos y excelentes restaurantes al alcance de la mano, aunque los precios aqu\u00ed suelen ser los m\u00e1s altos de toda Colombia. Para un ambiente algo m\u00e1s bohemio, lleno de arte urbano y vida nocturna animada, <strong>elige el popular barrio de Getseman\u00ed<\/strong>, que hoy es un aut\u00e9ntico \u00e9xito. Si en cambio buscas sobre todo modernos hoteles de altura con piscina y vistas directas al mar, la pen\u00ednsula de Bocagrande ser\u00e1 tu opci\u00f3n ideal.<\/p>\n\n\n\n<p class=\"wp-block-paragraph\">Un dato esencial para tu presupuesto de viaje es que <strong>los extranjeros en Colombia no pagan el 19% de IVA por el alojamiento<\/strong>. La condici\u00f3n principal es entrar al pa\u00eds con el cl\u00e1sico sello tur\u00edstico, el llamado PIP-5, que normalmente te ponen en el pasaporte ya en el aeropuerto. <strong>Para aplicar este descuento, el hotel debe fotocopiar tu pasaporte precisamente con ese sello<\/strong>, de lo contrario te cobrar\u00e1 el impuesto sin contemplaciones. La pr\u00e1ctica por toda la ciudad es que, por desgracia, cerca de la mitad de los hoteles te descuentan el impuesto autom\u00e1ticamente, mientras que la otra mitad intenta cobr\u00e1rtelo sin decir nada. <strong>Comprueba siempre con cuidado la factura final al marcharte<\/strong> y no dudes en reclamar en recepci\u00f3n.<\/p>\n\n\n\n<p class=\"wp-block-paragraph\">Entre los hoteles probados y preciosos est\u00e1 por ejemplo el <strong>Hotel Casa San Agust\u00edn<\/strong>, un lujoso hotel boutique en pleno coraz\u00f3n del casco antiguo que te cautivar\u00e1 con su tranquilo patio interior y una piscina integrada en las viejas murallas. Si buscas algo m\u00e1s moderno en una zona con vistas panor\u00e1micas, prueba el <strong>GHL San Lazaro Art Hotel<\/strong>, que ofrece unas vistas impresionantes directamente al castillo de San Felipe. Y para una estancia totalmente relajada de estilo colonial con un servicio de primera, toda una leyenda es el <strong>Sofitel Legend Santa Clara<\/strong>, ubicado en un antiguo convento cuidadosamente restaurado.<\/p>\n\n\n\n<p class=\"wp-block-paragraph\"><em>\ud83d\udca1 <a href=\"https:\/\/www.stay22.com\/allez\/roam?aid=lukaskonecny&#038;campaign=loudavymkrokemcz&#038;campaign=co-videt-v-cartagene&#038;address=Cartagena%2C%20Kolumbie\" target=\"_blank\" rel=\"nofollow noopener sponsored\">En este mapa puedes comparar qu\u00e9 hay disponible ahora mismo<\/a>; ver\u00e1s enseguida cu\u00e1nto m\u00e1s barato es Getseman\u00ed que las murallas.<\/em><\/p>\n\n\n\n<h2 class=\"wp-block-heading\"><span class=\"ez-toc-section\" id=\"22_cosas_que_ver_y_hacer_en_Cartagena_Colombia\"><\/span>22 cosas que ver y hacer en Cartagena, Colombia<span class=\"ez-toc-section-end\"><\/span><\/h2>\n\n\n\n<p class=\"wp-block-paragraph\">Antes de lanzarte al torbellino de los callejones colombianos, echa un vistazo a nuestra selecci\u00f3n de lo m\u00e1s interesante que ofrece la ciudad. Estos 22 consejos te mostrar\u00e1n Cartagena con todo lujo de detalles, desde los monumentos m\u00e1s relucientes hasta los rincones m\u00e1s escondidos, y te ayudar\u00e1n a evitar las <strong>trampas para turistas<\/strong> innecesarias.<\/p>\n\n\n\n<p class=\"wp-block-paragraph\">Hemos combinado para ti los cl\u00e1sicos lugares <strong>imprescindibles<\/strong> con unas cuantas <strong>joyas escondidas<\/strong>, para que puedas mezclar el c\u00f3ctel de experiencias perfecto seg\u00fan tus gustos.<\/p>\n\n\n\n<figure data-wp-context=\"{&quot;imageId&quot;:&quot;6a9c1d55163e2&quot;}\" data-wp-interactive=\"core\/image\" data-wp-key=\"6a9c1d55163e2\" class=\"wp-block-image size-full wp-lightbox-container\"><img decoding=\"async\" width=\"1600\" height=\"1067\" data-wp-class--hide=\"state.isContentHidden\" data-wp-class--show=\"state.isContentVisible\" data-wp-init=\"callbacks.setButtonStyles\" data-wp-on--click=\"actions.showLightbox\" data-wp-on--load=\"callbacks.setButtonStyles\" data-wp-on--pointerdown=\"actions.preloadImage\" data-wp-on--pointerenter=\"actions.preloadImageWithDelay\" data-wp-on--pointerleave=\"actions.cancelPreload\" data-wp-on-window--resize=\"callbacks.setButtonStyles\" src=\"https:\/\/loudavymkrokem.cz\/wp-content\/uploads\/2026\/09\/centro-hist-rico.jpg\" alt=\"Centro Hist\u00f3rico y sus ic\u00f3nicas murallas\" class=\"wp-image-415691\" title=\"\" srcset=\"https:\/\/loudavymkrokem.cz\/wp-content\/uploads\/2026\/09\/centro-hist-rico.jpg 1600w, https:\/\/loudavymkrokem.cz\/wp-content\/uploads\/2026\/09\/centro-hist-rico-300x200.jpg 300w, https:\/\/loudavymkrokem.cz\/wp-content\/uploads\/2026\/09\/centro-hist-rico-700x467.jpg 700w, https:\/\/loudavymkrokem.cz\/wp-content\/uploads\/2026\/09\/centro-hist-rico-768x512.jpg 768w, https:\/\/loudavymkrokem.cz\/wp-content\/uploads\/2026\/09\/centro-hist-rico-1536x1024.jpg 1536w, https:\/\/loudavymkrokem.cz\/wp-content\/uploads\/2026\/09\/centro-hist-rico-696x464.jpg 696w, https:\/\/loudavymkrokem.cz\/wp-content\/uploads\/2026\/09\/centro-hist-rico-1392x928.jpg 1392w\" sizes=\"(max-width: 1600px) 100vw, 1600px\" \/><button\n\t\t\tclass=\"lightbox-trigger\"\n\t\t\ttype=\"button\"\n\t\t\taria-haspopup=\"dialog\"\n\t\t\tdata-wp-bind--aria-label=\"state.thisImage.triggerButtonAriaLabel\"\n\t\t\tdata-wp-init=\"callbacks.initTriggerButton\"\n\t\t\tdata-wp-on--click=\"actions.showLightbox\"\n\t\t\tdata-wp-style--right=\"state.thisImage.buttonRight\"\n\t\t\tdata-wp-style--top=\"state.thisImage.buttonTop\"\n\t\t>\n\t\t\t<svg xmlns=\"http:\/\/www.w3.org\/2000\/svg\" width=\"12\" height=\"12\" fill=\"none\" viewBox=\"0 0 12 12\">\n\t\t\t\t<path fill=\"#fff\" d=\"M2 0a2 2 0 0 0-2 2v2h1.5V2a.5.5 0 0 1 .5-.5h2V0H2Zm2 10.5H2a.5.5 0 0 1-.5-.5V8H0v2a2 2 0 0 0 2 2h2v-1.5ZM8 12v-1.5h2a.5.5 0 0 0 .5-.5V8H12v2a2 2 0 0 1-2 2H8Zm2-12a2 2 0 0 1 2 2v2h-1.5V2a.5.5 0 0 0-.5-.5H8V0h2Z\" \/>\n\t\t\t<\/svg>\n\t\t<\/button><figcaption class=\"wp-element-caption\">Foto: Andreas Saxer \/ Google Maps<\/figcaption><\/figure>\n\n\n\n<h3 class=\"wp-block-heading\"><span class=\"ez-toc-section\" id=\"1_El_Centro_Historico_y_sus_iconicas_murallas\"><\/span>1. El Centro Hist\u00f3rico y sus ic\u00f3nicas murallas<span class=\"ez-toc-section-end\"><\/span><\/h3>\n\n\n\n<p class=\"wp-block-paragraph\">Lo principal por lo que viajeros de todo el mundo vienen aqu\u00ed es el <strong>Centro Hist\u00f3rico de Cartagena, que tiene una fant\u00e1stica valoraci\u00f3n de 4,8 con m\u00e1s de 4.000 rese\u00f1as<\/strong>. Con toda raz\u00f3n, esta obra maestra arquitect\u00f3nica est\u00e1 <a href=\"https:\/\/whc.unesco.org\/en\/list\/285\" rel=\"nofollow noopener\" target=\"_blank\">inscrita en la lista del Patrimonio Mundial de la UNESCO<\/a> desde 1984. Todo el casco antiguo est\u00e1 rodeado por unos <strong>11 kil\u00f3metros de macizas murallas de piedra<\/strong>, que anta\u00f1o proteg\u00edan la riqueza de la ciudad de los ataques piratas y hoy sirven como la mejor ruta panor\u00e1mica imaginable.<\/p>\n\n\n\n<p class=\"wp-block-paragraph\">Reserva de verdad las murallas para primera hora de la ma\u00f1ana o para el atardecer. Hacia el mediod\u00eda, las piedras hist\u00f3ricas se calientan bajo el sol caribe\u00f1o hasta el punto de que no se puede respirar y no hay ni pizca de sombra. Dentro de las propias murallas encontrar\u00e1s el aut\u00e9ntico cuento de hadas caribe\u00f1o: <strong>casas coloniales de colores con balcones de madera<\/strong>, de los que cuelgan racimos de buganvillas radiantes en tonos rosas, morados y rojo intenso.<\/p>\n\n\n\n<p class=\"wp-block-paragraph\">Al recorrer estos pintorescos callejones te topar\u00e1s con incontables rincones fotog\u00e9nicos, pero tambi\u00e9n con <strong>una enorme cantidad de vendedores ambulantes y sonrientes mujeres con vestidos de colores<\/strong>, a las que llaman palenqueras. Si quieres hacerte con ellas la t\u00edpica foto con la fruta en la cabeza, cuenta con que siempre hay que pagar una propina. \ud83d\udca1 <strong>Consejo:<\/strong> No te dejes arrastrar a largas conversaciones con los captadores de la calle; basta con sonre\u00edr educadamente, decir un firme \u00abno, gracias\u00bb y seguir tu camino sin detenerte.<\/p>\n\n\n\n<figure data-wp-context=\"{&quot;imageId&quot;:&quot;6a9c1d5516abf&quot;}\" data-wp-interactive=\"core\/image\" data-wp-key=\"6a9c1d5516abf\" class=\"wp-block-image size-full wp-lightbox-container\"><img decoding=\"async\" width=\"1600\" height=\"1200\" data-wp-class--hide=\"state.isContentHidden\" data-wp-class--show=\"state.isContentVisible\" data-wp-init=\"callbacks.setButtonStyles\" data-wp-on--click=\"actions.showLightbox\" data-wp-on--load=\"callbacks.setButtonStyles\" data-wp-on--pointerdown=\"actions.preloadImage\" data-wp-on--pointerenter=\"actions.preloadImageWithDelay\" data-wp-on--pointerleave=\"actions.cancelPreload\" data-wp-on-window--resize=\"callbacks.setButtonStyles\" src=\"https:\/\/loudavymkrokem.cz\/wp-content\/uploads\/2026\/09\/castillo-de-san-felipe-de-barajas.jpg\" alt=\"Castillo de San Felipe de Barajas\" class=\"wp-image-415695\" title=\"\" srcset=\"https:\/\/loudavymkrokem.cz\/wp-content\/uploads\/2026\/09\/castillo-de-san-felipe-de-barajas.jpg 1600w, https:\/\/loudavymkrokem.cz\/wp-content\/uploads\/2026\/09\/castillo-de-san-felipe-de-barajas-300x225.jpg 300w, https:\/\/loudavymkrokem.cz\/wp-content\/uploads\/2026\/09\/castillo-de-san-felipe-de-barajas-700x525.jpg 700w, https:\/\/loudavymkrokem.cz\/wp-content\/uploads\/2026\/09\/castillo-de-san-felipe-de-barajas-768x576.jpg 768w, https:\/\/loudavymkrokem.cz\/wp-content\/uploads\/2026\/09\/castillo-de-san-felipe-de-barajas-1536x1152.jpg 1536w, https:\/\/loudavymkrokem.cz\/wp-content\/uploads\/2026\/09\/castillo-de-san-felipe-de-barajas-80x60.jpg 80w, https:\/\/loudavymkrokem.cz\/wp-content\/uploads\/2026\/09\/castillo-de-san-felipe-de-barajas-160x120.jpg 160w, https:\/\/loudavymkrokem.cz\/wp-content\/uploads\/2026\/09\/castillo-de-san-felipe-de-barajas-696x522.jpg 696w, https:\/\/loudavymkrokem.cz\/wp-content\/uploads\/2026\/09\/castillo-de-san-felipe-de-barajas-1392x1044.jpg 1392w\" sizes=\"(max-width: 1600px) 100vw, 1600px\" \/><button\n\t\t\tclass=\"lightbox-trigger\"\n\t\t\ttype=\"button\"\n\t\t\taria-haspopup=\"dialog\"\n\t\t\tdata-wp-bind--aria-label=\"state.thisImage.triggerButtonAriaLabel\"\n\t\t\tdata-wp-init=\"callbacks.initTriggerButton\"\n\t\t\tdata-wp-on--click=\"actions.showLightbox\"\n\t\t\tdata-wp-style--right=\"state.thisImage.buttonRight\"\n\t\t\tdata-wp-style--top=\"state.thisImage.buttonTop\"\n\t\t>\n\t\t\t<svg xmlns=\"http:\/\/www.w3.org\/2000\/svg\" width=\"12\" height=\"12\" fill=\"none\" viewBox=\"0 0 12 12\">\n\t\t\t\t<path fill=\"#fff\" d=\"M2 0a2 2 0 0 0-2 2v2h1.5V2a.5.5 0 0 1 .5-.5h2V0H2Zm2 10.5H2a.5.5 0 0 1-.5-.5V8H0v2a2 2 0 0 0 2 2h2v-1.5ZM8 12v-1.5h2a.5.5 0 0 0 .5-.5V8H12v2a2 2 0 0 1-2 2H8Zm2-12a2 2 0 0 1 2 2v2h-1.5V2a.5.5 0 0 0-.5-.5H8V0h2Z\" \/>\n\t\t\t<\/svg>\n\t\t<\/button><figcaption class=\"wp-element-caption\">Foto: Kelly Ng \/ Google Maps<\/figcaption><\/figure>\n\n\n\n<h3 class=\"wp-block-heading\"><span class=\"ez-toc-section\" id=\"2_Castillo_de_San_Felipe_de_Barajas\"><\/span>2. Castillo de San Felipe de Barajas<span class=\"ez-toc-section-end\"><\/span><\/h3>\n\n\n\n<p class=\"wp-block-paragraph\">Este es el emblema absoluto de toda la ciudad y, <strong>seg\u00fan el n\u00famero de valoraciones (casi 68.000), es el lugar m\u00e1s visitado de toda Cartagena<\/strong>. El Castillo de San Felipe de Barajas es la mayor fortaleza espa\u00f1ola del continente americano (y cuando est\u00e1s ah\u00ed, viendo esos muros de piedra macizos, te lo crees de verdad). Su construcci\u00f3n comenz\u00f3 ya en 1657 sobre una colina estrat\u00e9gica y, gracias a un ingenioso sistema de defensa y t\u00faneles subterr\u00e1neos, ning\u00fan enemigo logr\u00f3 nunca conquistarla.<\/p>\n\n\n\n<p class=\"wp-block-paragraph\">Explorar esta enorme fortaleza puede llevarte tranquilamente dos horas y <strong>la mayor experiencia es perderse por los oscuros y laber\u00ednticos t\u00faneles<\/strong>, dise\u00f1ados por los arquitectos para amplificar deliberadamente el sonido de los pasos de posibles atacantes. La fortaleza est\u00e1 <a href=\"https:\/\/fortificacionescartagena.com.co\/en\/castle-of-san-felipe-de-barajas\/\" rel=\"nofollow noopener\" target=\"_blank\">abierta al p\u00fablico<\/a> <strong>todos los d\u00edas de 8:00 a 18:00<\/strong> y aqu\u00ed tambi\u00e9n rige la regla de oro: no vengas al mediod\u00eda, porque en las murallas pr\u00e1cticamente no hay d\u00f3nde refugiarse del sol.<\/p>\n\n\n\n<p class=\"wp-block-paragraph\"><strong>La entrada b\u00e1sica para extranjeros cuesta 25.000 COP<\/strong>, mientras que los locales pagan algo menos, unos 20.000 COP. Si viajas en familia, los ni\u00f1os menores de 6 a\u00f1os y los mayores de 62 entran gratis a todo el recinto. \ud83d\udca1 <strong>Consejo para viajeros ahorradores:<\/strong> Si te cuadra con las fechas, planifica tu visita para el <strong>\u00faltimo domingo del mes, cuando la entrada es totalmente gratuita para absolutamente todos los visitantes<\/strong> (salvo los meses de mucho tr\u00e1fico de enero y diciembre).<\/p>\n\n\n\n<figure data-wp-context=\"{&quot;imageId&quot;:&quot;6a9c1d5517018&quot;}\" data-wp-interactive=\"core\/image\" data-wp-key=\"6a9c1d5517018\" class=\"wp-block-image size-full wp-lightbox-container\"><img decoding=\"async\" width=\"1600\" height=\"2133\" data-wp-class--hide=\"state.isContentHidden\" data-wp-class--show=\"state.isContentVisible\" data-wp-init=\"callbacks.setButtonStyles\" data-wp-on--click=\"actions.showLightbox\" data-wp-on--load=\"callbacks.setButtonStyles\" data-wp-on--pointerdown=\"actions.preloadImage\" data-wp-on--pointerenter=\"actions.preloadImageWithDelay\" data-wp-on--pointerleave=\"actions.cancelPreload\" data-wp-on-window--resize=\"callbacks.setButtonStyles\" src=\"https:\/\/loudavymkrokem.cz\/wp-content\/uploads\/2026\/09\/n-m-st-plaza-de-bol-var.jpg\" alt=\"Plaza de Bol\u00edvar\" class=\"wp-image-415697\" title=\"\" srcset=\"https:\/\/loudavymkrokem.cz\/wp-content\/uploads\/2026\/09\/n-m-st-plaza-de-bol-var.jpg 1600w, https:\/\/loudavymkrokem.cz\/wp-content\/uploads\/2026\/09\/n-m-st-plaza-de-bol-var-225x300.jpg 225w, https:\/\/loudavymkrokem.cz\/wp-content\/uploads\/2026\/09\/n-m-st-plaza-de-bol-var-700x933.jpg 700w, https:\/\/loudavymkrokem.cz\/wp-content\/uploads\/2026\/09\/n-m-st-plaza-de-bol-var-768x1024.jpg 768w, https:\/\/loudavymkrokem.cz\/wp-content\/uploads\/2026\/09\/n-m-st-plaza-de-bol-var-1152x1536.jpg 1152w, https:\/\/loudavymkrokem.cz\/wp-content\/uploads\/2026\/09\/n-m-st-plaza-de-bol-var-1536x2048.jpg 1536w, https:\/\/loudavymkrokem.cz\/wp-content\/uploads\/2026\/09\/n-m-st-plaza-de-bol-var-696x928.jpg 696w, https:\/\/loudavymkrokem.cz\/wp-content\/uploads\/2026\/09\/n-m-st-plaza-de-bol-var-1392x1856.jpg 1392w\" sizes=\"(max-width: 1600px) 100vw, 1600px\" \/><button\n\t\t\tclass=\"lightbox-trigger\"\n\t\t\ttype=\"button\"\n\t\t\taria-haspopup=\"dialog\"\n\t\t\tdata-wp-bind--aria-label=\"state.thisImage.triggerButtonAriaLabel\"\n\t\t\tdata-wp-init=\"callbacks.initTriggerButton\"\n\t\t\tdata-wp-on--click=\"actions.showLightbox\"\n\t\t\tdata-wp-style--right=\"state.thisImage.buttonRight\"\n\t\t\tdata-wp-style--top=\"state.thisImage.buttonTop\"\n\t\t>\n\t\t\t<svg xmlns=\"http:\/\/www.w3.org\/2000\/svg\" width=\"12\" height=\"12\" fill=\"none\" viewBox=\"0 0 12 12\">\n\t\t\t\t<path fill=\"#fff\" d=\"M2 0a2 2 0 0 0-2 2v2h1.5V2a.5.5 0 0 1 .5-.5h2V0H2Zm2 10.5H2a.5.5 0 0 1-.5-.5V8H0v2a2 2 0 0 0 2 2h2v-1.5ZM8 12v-1.5h2a.5.5 0 0 0 .5-.5V8H12v2a2 2 0 0 1-2 2H8Zm2-12a2 2 0 0 1 2 2v2h-1.5V2a.5.5 0 0 0-.5-.5H8V0h2Z\" \/>\n\t\t\t<\/svg>\n\t\t<\/button><figcaption class=\"wp-element-caption\">Foto: Kody Kozak \/ Google Maps<\/figcaption><\/figure>\n\n\n\n<h3 class=\"wp-block-heading\"><span class=\"ez-toc-section\" id=\"3_La_Plaza_de_Bolivar\"><\/span>3. La Plaza de Bol\u00edvar<span class=\"ez-toc-section-end\"><\/span><\/h3>\n\n\n\n<p class=\"wp-block-paragraph\">El coraz\u00f3n verde de todo el casco antiguo es la <strong>Plaza de Bol\u00edvar (con una preciosa valoraci\u00f3n de 4,6), que funciona como el oasis de tranquilidad perfecto<\/strong>. A diferencia de los callejones de piedra recalentados por el sol de alrededor, aqu\u00ed encontrar\u00e1s muchos bancos a buen resguardo bajo la sombra de enormes \u00e1rboles antiguos, donde se sientan tanto los locales como viajeros cansados de todo el mundo. En el centro de la plaza no falta, por supuesto, la estatua ecuestre del propio Sim\u00f3n Bol\u00edvar, el famoso libertador de Sudam\u00e9rica.<\/p>\n\n\n\n<p class=\"wp-block-paragraph\">Esta plaza no solo es un lugar estupendo para descansar tras una larga caminata, sino tambi\u00e9n <strong>un punto de partida estrat\u00e9gico para visitar los mejores museos<\/strong> de la ciudad. Por un lado, el parque est\u00e1 flanqueado por la preciosa catedral hist\u00f3rica, y por el otro, por ornamentados palacios coloniales con macizas puertas de madera y enormes aldabas met\u00e1licas con forma de animales.<\/p>\n\n\n\n<p class=\"wp-block-paragraph\">Cuando te sientes aqu\u00ed un rato, <strong>compra sin falta fruta caribe\u00f1a fresca a los vendedores locales con sus carritos<\/strong> o una bebida bien fr\u00eda. Elige eso s\u00ed a los vendedores que pelan y cortan la fruta delante de ti: al menos sabes lo que te llevas. Es, sin competencia, el mejor refresco despu\u00e9s de horas caminando bajo el calor tropical.<\/p>\n\n\n\n<figure data-wp-context=\"{&quot;imageId&quot;:&quot;6a9c1d55175e1&quot;}\" data-wp-interactive=\"core\/image\" data-wp-key=\"6a9c1d55175e1\" class=\"wp-block-image size-full wp-lightbox-container\"><img decoding=\"async\" width=\"1280\" height=\"960\" data-wp-class--hide=\"state.isContentHidden\" data-wp-class--show=\"state.isContentVisible\" data-wp-init=\"callbacks.setButtonStyles\" data-wp-on--click=\"actions.showLightbox\" data-wp-on--load=\"callbacks.setButtonStyles\" data-wp-on--pointerdown=\"actions.preloadImage\" data-wp-on--pointerenter=\"actions.preloadImageWithDelay\" data-wp-on--pointerleave=\"actions.cancelPreload\" data-wp-on-window--resize=\"callbacks.setButtonStyles\" src=\"https:\/\/loudavymkrokem.cz\/wp-content\/uploads\/2026\/09\/museo-del-oro-zen.jpg\" alt=\"Museo del Oro Zen\u00fa\" class=\"wp-image-415699\" title=\"\" srcset=\"https:\/\/loudavymkrokem.cz\/wp-content\/uploads\/2026\/09\/museo-del-oro-zen.jpg 1280w, https:\/\/loudavymkrokem.cz\/wp-content\/uploads\/2026\/09\/museo-del-oro-zen-300x225.jpg 300w, https:\/\/loudavymkrokem.cz\/wp-content\/uploads\/2026\/09\/museo-del-oro-zen-700x525.jpg 700w, https:\/\/loudavymkrokem.cz\/wp-content\/uploads\/2026\/09\/museo-del-oro-zen-768x576.jpg 768w, https:\/\/loudavymkrokem.cz\/wp-content\/uploads\/2026\/09\/museo-del-oro-zen-80x60.jpg 80w, https:\/\/loudavymkrokem.cz\/wp-content\/uploads\/2026\/09\/museo-del-oro-zen-160x120.jpg 160w, https:\/\/loudavymkrokem.cz\/wp-content\/uploads\/2026\/09\/museo-del-oro-zen-696x522.jpg 696w\" sizes=\"(max-width: 1280px) 100vw, 1280px\" \/><button\n\t\t\tclass=\"lightbox-trigger\"\n\t\t\ttype=\"button\"\n\t\t\taria-haspopup=\"dialog\"\n\t\t\tdata-wp-bind--aria-label=\"state.thisImage.triggerButtonAriaLabel\"\n\t\t\tdata-wp-init=\"callbacks.initTriggerButton\"\n\t\t\tdata-wp-on--click=\"actions.showLightbox\"\n\t\t\tdata-wp-style--right=\"state.thisImage.buttonRight\"\n\t\t\tdata-wp-style--top=\"state.thisImage.buttonTop\"\n\t\t>\n\t\t\t<svg xmlns=\"http:\/\/www.w3.org\/2000\/svg\" width=\"12\" height=\"12\" fill=\"none\" viewBox=\"0 0 12 12\">\n\t\t\t\t<path fill=\"#fff\" d=\"M2 0a2 2 0 0 0-2 2v2h1.5V2a.5.5 0 0 1 .5-.5h2V0H2Zm2 10.5H2a.5.5 0 0 1-.5-.5V8H0v2a2 2 0 0 0 2 2h2v-1.5ZM8 12v-1.5h2a.5.5 0 0 0 .5-.5V8H12v2a2 2 0 0 1-2 2H8Zm2-12a2 2 0 0 1 2 2v2h-1.5V2a.5.5 0 0 0-.5-.5H8V0h2Z\" \/>\n\t\t\t<\/svg>\n\t\t<\/button><figcaption class=\"wp-element-caption\">Foto: Museo del Oro Zen\u00fa \/ Google Maps<\/figcaption><\/figure>\n\n\n\n<h3 class=\"wp-block-heading\"><span class=\"ez-toc-section\" id=\"4_Museo_del_Oro_Zenu\"><\/span>4. Museo del Oro Zen\u00fa<span class=\"ez-toc-section-end\"><\/span><\/h3>\n\n\n\n<p class=\"wp-block-paragraph\">Justo al borde de la popular Plaza de Bol\u00edvar se encuentra el <strong>Museo del Oro Zen\u00fa, una fascinante sede del <a href=\"https:\/\/www.banrepcultural.org\/cartagena\/museo-del-oro-zenu\" rel=\"nofollow noopener\" target=\"_blank\">famoso Museo del Oro<\/a><\/strong> de la capital, Bogot\u00e1. Aunque es algo m\u00e1s peque\u00f1o que su enorme versi\u00f3n principal, la exposici\u00f3n es absolutamente impresionante y, adem\u00e1s, <strong>la entrada a este fant\u00e1stico museo es totalmente gratuita<\/strong>, algo bastante raro en la cara Cartagena que deber\u00edas aprovechar.<\/p>\n\n\n\n<p class=\"wp-block-paragraph\">Dentro ver\u00e1s una colecci\u00f3n impresionante y muy valiosa de objetos de oro creados por la cultura originaria Zen\u00fa mucho antes de la llegada de los colonizadores espa\u00f1oles. <strong>Esta cultura era conocida por sus t\u00e9cnicas orfebres absolutamente perfectas<\/strong> y tambi\u00e9n por sus elaborados sistemas de canales de drenaje, que les permit\u00edan sobrevivir en zonas inundables. La exposici\u00f3n explica de forma excelente y comprensible su profunda conexi\u00f3n con la naturaleza, especialmente con los anfibios y el rico mundo acu\u00e1tico.<\/p>\n\n\n\n<p class=\"wp-block-paragraph\">El museo tiene adem\u00e1s un agradable aire acondicionado, as\u00ed que si fuera te aprieta el sol y ya no puedes m\u00e1s, este refugio gratuito del calor de la tarde es simplemente un regalo del cielo. \ud83d\udca1 <strong>Consejo:<\/strong> No te olvides de observar de cerca las famosas pecheras de oro y las incre\u00edblemente delicadas joyas de filigrana, que por su precisi\u00f3n fascinan a\u00fan hoy incluso a los joyeros modernos.<\/p>\n\n\n\n<figure data-wp-context=\"{&quot;imageId&quot;:&quot;6a9c1d5517e07&quot;}\" data-wp-interactive=\"core\/image\" data-wp-key=\"6a9c1d5517e07\" class=\"wp-block-image size-full wp-lightbox-container\"><img decoding=\"async\" width=\"1600\" height=\"1200\" data-wp-class--hide=\"state.isContentHidden\" data-wp-class--show=\"state.isContentVisible\" data-wp-init=\"callbacks.setButtonStyles\" data-wp-on--click=\"actions.showLightbox\" data-wp-on--load=\"callbacks.setButtonStyles\" data-wp-on--pointerdown=\"actions.preloadImage\" data-wp-on--pointerenter=\"actions.preloadImageWithDelay\" data-wp-on--pointerleave=\"actions.cancelPreload\" data-wp-on-window--resize=\"callbacks.setButtonStyles\" src=\"https:\/\/loudavymkrokem.cz\/wp-content\/uploads\/2026\/09\/palacio-de-la-inquisici-n.jpg\" alt=\"Palacio de la Inquisici\u00f3n\" class=\"wp-image-415704\" title=\"\" srcset=\"https:\/\/loudavymkrokem.cz\/wp-content\/uploads\/2026\/09\/palacio-de-la-inquisici-n.jpg 1600w, https:\/\/loudavymkrokem.cz\/wp-content\/uploads\/2026\/09\/palacio-de-la-inquisici-n-300x225.jpg 300w, https:\/\/loudavymkrokem.cz\/wp-content\/uploads\/2026\/09\/palacio-de-la-inquisici-n-700x525.jpg 700w, https:\/\/loudavymkrokem.cz\/wp-content\/uploads\/2026\/09\/palacio-de-la-inquisici-n-768x576.jpg 768w, https:\/\/loudavymkrokem.cz\/wp-content\/uploads\/2026\/09\/palacio-de-la-inquisici-n-1536x1152.jpg 1536w, https:\/\/loudavymkrokem.cz\/wp-content\/uploads\/2026\/09\/palacio-de-la-inquisici-n-80x60.jpg 80w, https:\/\/loudavymkrokem.cz\/wp-content\/uploads\/2026\/09\/palacio-de-la-inquisici-n-160x120.jpg 160w, https:\/\/loudavymkrokem.cz\/wp-content\/uploads\/2026\/09\/palacio-de-la-inquisici-n-696x522.jpg 696w, https:\/\/loudavymkrokem.cz\/wp-content\/uploads\/2026\/09\/palacio-de-la-inquisici-n-1392x1044.jpg 1392w\" sizes=\"(max-width: 1600px) 100vw, 1600px\" \/><button\n\t\t\tclass=\"lightbox-trigger\"\n\t\t\ttype=\"button\"\n\t\t\taria-haspopup=\"dialog\"\n\t\t\tdata-wp-bind--aria-label=\"state.thisImage.triggerButtonAriaLabel\"\n\t\t\tdata-wp-init=\"callbacks.initTriggerButton\"\n\t\t\tdata-wp-on--click=\"actions.showLightbox\"\n\t\t\tdata-wp-style--right=\"state.thisImage.buttonRight\"\n\t\t\tdata-wp-style--top=\"state.thisImage.buttonTop\"\n\t\t>\n\t\t\t<svg xmlns=\"http:\/\/www.w3.org\/2000\/svg\" width=\"12\" height=\"12\" fill=\"none\" viewBox=\"0 0 12 12\">\n\t\t\t\t<path fill=\"#fff\" d=\"M2 0a2 2 0 0 0-2 2v2h1.5V2a.5.5 0 0 1 .5-.5h2V0H2Zm2 10.5H2a.5.5 0 0 1-.5-.5V8H0v2a2 2 0 0 0 2 2h2v-1.5ZM8 12v-1.5h2a.5.5 0 0 0 .5-.5V8H12v2a2 2 0 0 1-2 2H8Zm2-12a2 2 0 0 1 2 2v2h-1.5V2a.5.5 0 0 0-.5-.5H8V0h2Z\" \/>\n\t\t\t<\/svg>\n\t\t<\/button><figcaption class=\"wp-element-caption\">Foto: Adri\u00e1n S\u00e1nchez Alan\u00eds \/ Google Maps<\/figcaption><\/figure>\n\n\n\n<h3 class=\"wp-block-heading\"><span class=\"ez-toc-section\" id=\"5_Palacio_de_la_Inquisicion\"><\/span>5. Palacio de la Inquisici\u00f3n<span class=\"ez-toc-section-end\"><\/span><\/h3>\n\n\n\n<p class=\"wp-block-paragraph\">Justo enfrente, en la misma plaza, encontrar\u00e1s el <strong>Museo de Cartagena de Indias, m\u00e1s conocido por la gente como el Palacio de la Inquisici\u00f3n<\/strong> (valoraci\u00f3n 4,2). Este majestuoso edificio hist\u00f3rico, con un precioso portal barroco de 1770, esconde bajo su bella fachada una historia bastante oscura. Fue la sede principal de la Inquisici\u00f3n espa\u00f1ola, que durante siglos juzg\u00f3 y castig\u00f3 duramente a los acusados de herej\u00eda y brujer\u00eda.<\/p>\n\n\n\n<p class=\"wp-block-paragraph\">Dentro te espera una exposici\u00f3n bastante escalofriante, pero muy instructiva, en la que <strong>puedes ver instrumentos de tortura originales<\/strong> y conocer en detalle los despiadados m\u00e9todos de los tribunales eclesi\u00e1sticos de la \u00e9poca. Al mismo tiempo, en las plantas superiores encontrar\u00e1s tambi\u00e9n una parte muy amplia dedicada a la historia general de la ciudad desde su fundaci\u00f3n, as\u00ed que el museo funciona como una estupenda introducci\u00f3n completa a la compleja historia de Cartagena.<\/p>\n\n\n\n<p class=\"wp-block-paragraph\">El precio de la entrada para turistas extranjeros suele <strong>oscilar entre 21.000 y 25.000 COP<\/strong>, pero comprueba sin falta el importe actual directamente en taquilla, porque a veces cambia sin previo aviso. La experiencia del sombreado patio interior, donde anta\u00f1o se dictaban crueles sentencias y donde hoy ir\u00f3nicamente crece una exuberante vegetaci\u00f3n tropical, es realmente intensa y merece la pena verla.<\/p>\n\n\n\n<figure data-wp-context=\"{&quot;imageId&quot;:&quot;6a9c1d55183dc&quot;}\" data-wp-interactive=\"core\/image\" data-wp-key=\"6a9c1d55183dc\" class=\"wp-block-image size-full wp-lightbox-container\"><img decoding=\"async\" width=\"1600\" height=\"1186\" data-wp-class--hide=\"state.isContentHidden\" data-wp-class--show=\"state.isContentVisible\" data-wp-init=\"callbacks.setButtonStyles\" data-wp-on--click=\"actions.showLightbox\" data-wp-on--load=\"callbacks.setButtonStyles\" data-wp-on--pointerdown=\"actions.preloadImage\" data-wp-on--pointerenter=\"actions.preloadImageWithDelay\" data-wp-on--pointerleave=\"actions.cancelPreload\" data-wp-on-window--resize=\"callbacks.setButtonStyles\" src=\"https:\/\/loudavymkrokem.cz\/wp-content\/uploads\/2026\/09\/museo-naval-del-caribe.jpg\" alt=\"Museo Naval del Caribe\" class=\"wp-image-415706\" title=\"\" srcset=\"https:\/\/loudavymkrokem.cz\/wp-content\/uploads\/2026\/09\/museo-naval-del-caribe.jpg 1600w, https:\/\/loudavymkrokem.cz\/wp-content\/uploads\/2026\/09\/museo-naval-del-caribe-300x222.jpg 300w, https:\/\/loudavymkrokem.cz\/wp-content\/uploads\/2026\/09\/museo-naval-del-caribe-700x519.jpg 700w, https:\/\/loudavymkrokem.cz\/wp-content\/uploads\/2026\/09\/museo-naval-del-caribe-768x569.jpg 768w, https:\/\/loudavymkrokem.cz\/wp-content\/uploads\/2026\/09\/museo-naval-del-caribe-1536x1139.jpg 1536w, https:\/\/loudavymkrokem.cz\/wp-content\/uploads\/2026\/09\/museo-naval-del-caribe-80x60.jpg 80w, https:\/\/loudavymkrokem.cz\/wp-content\/uploads\/2026\/09\/museo-naval-del-caribe-160x120.jpg 160w, https:\/\/loudavymkrokem.cz\/wp-content\/uploads\/2026\/09\/museo-naval-del-caribe-696x516.jpg 696w, https:\/\/loudavymkrokem.cz\/wp-content\/uploads\/2026\/09\/museo-naval-del-caribe-1392x1032.jpg 1392w\" sizes=\"(max-width: 1600px) 100vw, 1600px\" \/><button\n\t\t\tclass=\"lightbox-trigger\"\n\t\t\ttype=\"button\"\n\t\t\taria-haspopup=\"dialog\"\n\t\t\tdata-wp-bind--aria-label=\"state.thisImage.triggerButtonAriaLabel\"\n\t\t\tdata-wp-init=\"callbacks.initTriggerButton\"\n\t\t\tdata-wp-on--click=\"actions.showLightbox\"\n\t\t\tdata-wp-style--right=\"state.thisImage.buttonRight\"\n\t\t\tdata-wp-style--top=\"state.thisImage.buttonTop\"\n\t\t>\n\t\t\t<svg xmlns=\"http:\/\/www.w3.org\/2000\/svg\" width=\"12\" height=\"12\" fill=\"none\" viewBox=\"0 0 12 12\">\n\t\t\t\t<path fill=\"#fff\" d=\"M2 0a2 2 0 0 0-2 2v2h1.5V2a.5.5 0 0 1 .5-.5h2V0H2Zm2 10.5H2a.5.5 0 0 1-.5-.5V8H0v2a2 2 0 0 0 2 2h2v-1.5ZM8 12v-1.5h2a.5.5 0 0 0 .5-.5V8H12v2a2 2 0 0 1-2 2H8Zm2-12a2 2 0 0 1 2 2v2h-1.5V2a.5.5 0 0 0-.5-.5H8V0h2Z\" \/>\n\t\t\t<\/svg>\n\t\t<\/button><figcaption class=\"wp-element-caption\">Foto: LATINA VIAJERA [Sam Broxio] \/ Google Maps<\/figcaption><\/figure>\n\n\n\n<h3 class=\"wp-block-heading\"><span class=\"ez-toc-section\" id=\"6_Museo_Naval_del_Caribe\"><\/span>6. Museo Naval del Caribe<span class=\"ez-toc-section-end\"><\/span><\/h3>\n\n\n\n<p class=\"wp-block-paragraph\">Si te interesan aunque sea un poco los barcos antiguos, los piratas y las batallas navales, <strong>el Museo Naval del Caribe (excelente valoraci\u00f3n de 4,6) te entusiasmar\u00e1 por completo<\/strong>. Lo encontrar\u00e1s a un paso de las murallas principales y su amplia exposici\u00f3n se dedica a la fascinante historia de los piratas caribe\u00f1os, los galeones espa\u00f1oles hundidos cargados de oro y las interminables batallas navales por el dominio de este estrat\u00e9gico puerto caribe\u00f1o.<\/p>\n\n\n\n<p class=\"wp-block-paragraph\">El museo est\u00e1 realmente bien y modernamente elaborado, <strong>ofrece muchas maquetas interactivas interesantes de fortalezas y barcos gigantes<\/strong>, algo que apreciar\u00e1n no solo los adultos amantes de la historia, sino tambi\u00e9n las familias con ni\u00f1os. Descubrir\u00e1s un mont\u00f3n de detalles inesperados sobre c\u00f3mo la ciudad se defendi\u00f3 heroicamente en el pasado del famoso y devastador ataque del almirante ingl\u00e9s Vernon.<\/p>\n\n\n\n<p class=\"wp-block-paragraph\">\u26a0\ufe0f <strong>Aviso importante con los mapas:<\/strong> Al buscar informaci\u00f3n y la ruta online, ten mucho cuidado de no confundir ciudades. No lo confundas con el \u00abMuseo Naval Cartagena\u00bb, que Google a veces te cuela, pero est\u00e1 en la Cartagena de Murcia (Espa\u00f1a) y el navegador te enviar\u00eda a otro continente. \ud83d\ude05 Comprueba siempre con cuidado que en la direcci\u00f3n de Google Maps aparezca Bol\u00edvar, Colombia.<\/p>\n\n\n\n<figure data-wp-context=\"{&quot;imageId&quot;:&quot;6a9c1d55188ef&quot;}\" data-wp-interactive=\"core\/image\" data-wp-key=\"6a9c1d55188ef\" class=\"wp-block-image size-full wp-lightbox-container\"><img decoding=\"async\" width=\"1600\" height=\"1200\" data-wp-class--hide=\"state.isContentHidden\" data-wp-class--show=\"state.isContentVisible\" data-wp-init=\"callbacks.setButtonStyles\" data-wp-on--click=\"actions.showLightbox\" data-wp-on--load=\"callbacks.setButtonStyles\" data-wp-on--pointerdown=\"actions.preloadImage\" data-wp-on--pointerenter=\"actions.preloadImageWithDelay\" data-wp-on--pointerleave=\"actions.cancelPreload\" data-wp-on-window--resize=\"callbacks.setButtonStyles\" src=\"https:\/\/loudavymkrokem.cz\/wp-content\/uploads\/2026\/09\/plaza-de-los-coches.jpg\" alt=\"Plaza de los Coches y la Torre del Reloj\" class=\"wp-image-415708\" title=\"\" srcset=\"https:\/\/loudavymkrokem.cz\/wp-content\/uploads\/2026\/09\/plaza-de-los-coches.jpg 1600w, https:\/\/loudavymkrokem.cz\/wp-content\/uploads\/2026\/09\/plaza-de-los-coches-300x225.jpg 300w, https:\/\/loudavymkrokem.cz\/wp-content\/uploads\/2026\/09\/plaza-de-los-coches-700x525.jpg 700w, https:\/\/loudavymkrokem.cz\/wp-content\/uploads\/2026\/09\/plaza-de-los-coches-768x576.jpg 768w, https:\/\/loudavymkrokem.cz\/wp-content\/uploads\/2026\/09\/plaza-de-los-coches-1536x1152.jpg 1536w, https:\/\/loudavymkrokem.cz\/wp-content\/uploads\/2026\/09\/plaza-de-los-coches-80x60.jpg 80w, https:\/\/loudavymkrokem.cz\/wp-content\/uploads\/2026\/09\/plaza-de-los-coches-160x120.jpg 160w, https:\/\/loudavymkrokem.cz\/wp-content\/uploads\/2026\/09\/plaza-de-los-coches-696x522.jpg 696w, https:\/\/loudavymkrokem.cz\/wp-content\/uploads\/2026\/09\/plaza-de-los-coches-1392x1044.jpg 1392w\" sizes=\"(max-width: 1600px) 100vw, 1600px\" \/><button\n\t\t\tclass=\"lightbox-trigger\"\n\t\t\ttype=\"button\"\n\t\t\taria-haspopup=\"dialog\"\n\t\t\tdata-wp-bind--aria-label=\"state.thisImage.triggerButtonAriaLabel\"\n\t\t\tdata-wp-init=\"callbacks.initTriggerButton\"\n\t\t\tdata-wp-on--click=\"actions.showLightbox\"\n\t\t\tdata-wp-style--right=\"state.thisImage.buttonRight\"\n\t\t\tdata-wp-style--top=\"state.thisImage.buttonTop\"\n\t\t>\n\t\t\t<svg xmlns=\"http:\/\/www.w3.org\/2000\/svg\" width=\"12\" height=\"12\" fill=\"none\" viewBox=\"0 0 12 12\">\n\t\t\t\t<path fill=\"#fff\" d=\"M2 0a2 2 0 0 0-2 2v2h1.5V2a.5.5 0 0 1 .5-.5h2V0H2Zm2 10.5H2a.5.5 0 0 1-.5-.5V8H0v2a2 2 0 0 0 2 2h2v-1.5ZM8 12v-1.5h2a.5.5 0 0 0 .5-.5V8H12v2a2 2 0 0 1-2 2H8Zm2-12a2 2 0 0 1 2 2v2h-1.5V2a.5.5 0 0 0-.5-.5H8V0h2Z\" \/>\n\t\t\t<\/svg>\n\t\t<\/button><figcaption class=\"wp-element-caption\">Foto: Kelly Hewitt \/ Google Maps<\/figcaption><\/figure>\n\n\n\n<h3 class=\"wp-block-heading\"><span class=\"ez-toc-section\" id=\"7_Plaza_de_los_Coches_y_la_Torre_del_Reloj\"><\/span>7. Plaza de los Coches y la Torre del Reloj<span class=\"ez-toc-section-end\"><\/span><\/h3>\n\n\n\n<p class=\"wp-block-paragraph\">Tus primeros pasos hacia el casco antiguo probablemente te lleven directamente a trav\u00e9s de la <strong>Torre del Reloj, la ic\u00f3nica torre amarilla con reloj<\/strong> que sirve como la principal y m\u00e1s bonita puerta de entrada a trav\u00e9s de las murallas. Justo detr\u00e1s de esta puerta se abrir\u00e1 ante ti la <strong>Plaza de los Coches (valoraci\u00f3n 4,5)<\/strong>, que tiene un pasado muy oscuro, pues antes serv\u00eda como el principal mercado de esclavos, pero que hoy est\u00e1 llena de casas de colores con los t\u00edpicos balcones.<\/p>\n\n\n\n<p class=\"wp-block-paragraph\">Justo en esta bulliciosa plaza encontrar\u00e1s los <strong>famosos y sombreados soportales del Portal de los Dulces<\/strong>. Aqu\u00ed se apretujan decenas de peque\u00f1os puestos de madera que desde hace generaciones venden dulces caribe\u00f1os tradicionales. Todo aqu\u00ed luce colores radiantes y el aire huele constantemente a coco fresco, az\u00facar de ca\u00f1a quemado y fruta tropical ex\u00f3tica.<\/p>\n\n\n\n<p class=\"wp-block-paragraph\">Es un lugar absolutamente ideal para <strong>probar las bolitas de coco locales (las llamadas cocadas) o los dulces pegajosos de tamarindo<\/strong>. \ud83d\udca1 <strong>Consejo:<\/strong> Estos dulces locales son extremadamente dulces y densos, as\u00ed que con una o dos piezas junto a un caf\u00e9 fuerte de la tarde tendr\u00e1s de sobra; no esperes desde luego postres ligeros y esponjosos.<\/p>\n\n\n\n<figure data-wp-context=\"{&quot;imageId&quot;:&quot;6a9c1d5518e00&quot;}\" data-wp-interactive=\"core\/image\" data-wp-key=\"6a9c1d5518e00\" class=\"wp-block-image size-full wp-lightbox-container\"><img decoding=\"async\" width=\"1600\" height=\"901\" data-wp-class--hide=\"state.isContentHidden\" data-wp-class--show=\"state.isContentVisible\" data-wp-init=\"callbacks.setButtonStyles\" data-wp-on--click=\"actions.showLightbox\" data-wp-on--load=\"callbacks.setButtonStyles\" data-wp-on--pointerdown=\"actions.preloadImage\" data-wp-on--pointerenter=\"actions.preloadImageWithDelay\" data-wp-on--pointerleave=\"actions.cancelPreload\" data-wp-on-window--resize=\"callbacks.setButtonStyles\" src=\"https:\/\/loudavymkrokem.cz\/wp-content\/uploads\/2026\/09\/camell-n-de-los-m-rtires.jpg\" alt=\"Camell\u00f3n de los M\u00e1rtires\" class=\"wp-image-415710\" title=\"\" srcset=\"https:\/\/loudavymkrokem.cz\/wp-content\/uploads\/2026\/09\/camell-n-de-los-m-rtires.jpg 1600w, https:\/\/loudavymkrokem.cz\/wp-content\/uploads\/2026\/09\/camell-n-de-los-m-rtires-300x169.jpg 300w, https:\/\/loudavymkrokem.cz\/wp-content\/uploads\/2026\/09\/camell-n-de-los-m-rtires-700x394.jpg 700w, https:\/\/loudavymkrokem.cz\/wp-content\/uploads\/2026\/09\/camell-n-de-los-m-rtires-768x432.jpg 768w, https:\/\/loudavymkrokem.cz\/wp-content\/uploads\/2026\/09\/camell-n-de-los-m-rtires-1536x865.jpg 1536w, https:\/\/loudavymkrokem.cz\/wp-content\/uploads\/2026\/09\/camell-n-de-los-m-rtires-696x392.jpg 696w, https:\/\/loudavymkrokem.cz\/wp-content\/uploads\/2026\/09\/camell-n-de-los-m-rtires-1392x784.jpg 1392w\" sizes=\"(max-width: 1600px) 100vw, 1600px\" \/><button\n\t\t\tclass=\"lightbox-trigger\"\n\t\t\ttype=\"button\"\n\t\t\taria-haspopup=\"dialog\"\n\t\t\tdata-wp-bind--aria-label=\"state.thisImage.triggerButtonAriaLabel\"\n\t\t\tdata-wp-init=\"callbacks.initTriggerButton\"\n\t\t\tdata-wp-on--click=\"actions.showLightbox\"\n\t\t\tdata-wp-style--right=\"state.thisImage.buttonRight\"\n\t\t\tdata-wp-style--top=\"state.thisImage.buttonTop\"\n\t\t>\n\t\t\t<svg xmlns=\"http:\/\/www.w3.org\/2000\/svg\" width=\"12\" height=\"12\" fill=\"none\" viewBox=\"0 0 12 12\">\n\t\t\t\t<path fill=\"#fff\" d=\"M2 0a2 2 0 0 0-2 2v2h1.5V2a.5.5 0 0 1 .5-.5h2V0H2Zm2 10.5H2a.5.5 0 0 1-.5-.5V8H0v2a2 2 0 0 0 2 2h2v-1.5ZM8 12v-1.5h2a.5.5 0 0 0 .5-.5V8H12v2a2 2 0 0 1-2 2H8Zm2-12a2 2 0 0 1 2 2v2h-1.5V2a.5.5 0 0 0-.5-.5H8V0h2Z\" \/>\n\t\t\t<\/svg>\n\t\t<\/button><figcaption class=\"wp-element-caption\">Foto: Libor Novotn\u00fd \/ Google Maps<\/figcaption><\/figure>\n\n\n\n<h3 class=\"wp-block-heading\"><span class=\"ez-toc-section\" id=\"8_Camellon_de_los_Martires\"><\/span>8. Camell\u00f3n de los M\u00e1rtires<span class=\"ez-toc-section-end\"><\/span><\/h3>\n\n\n\n<p class=\"wp-block-paragraph\">Justo delante de la principal puerta amarilla con reloj, antes incluso de entrar al casco antiguo, se extiende <strong>un amplio paseo conocido como Camell\u00f3n de los M\u00e1rtires<\/strong> (valoraci\u00f3n 4,6). Este elegante y cuidado paseo bordeado de estatuas es uno de los mejores lugares para pasear al atardecer, cuando est\u00e1 preciosamente iluminado y palpita con una incre\u00edble vida local.<\/p>\n\n\n\n<p class=\"wp-block-paragraph\">El nombre de este paseo alude directamente a una historia sangrienta: <strong>aqu\u00ed encontrar\u00e1s los bustos de nueve m\u00e1rtires<\/strong>, valientes l\u00edderes del movimiento de independencia colombiano que fueron ejecutados sin piedad por los realistas espa\u00f1oles en 1816. Es un lugar muy importante de orgullo nacional que aporta un interesante contraste hist\u00f3rico al ambiente caribe\u00f1o, por lo dem\u00e1s despreocupado, de todo el entorno.<\/p>\n\n\n\n<p class=\"wp-block-paragraph\">Durante el d\u00eda te topar\u00e1s con incontables vendedores sonrientes de zumos frescos y artesan\u00edas. <strong>Es tambi\u00e9n el lugar m\u00e1s popular para subirse a los coches de caballos tur\u00edsticos<\/strong>, aunque, por consideraci\u00f3n a los animales bajo el enorme calor caribe\u00f1o, es mejor moverse por la ciudad con tus propios pies.<\/p>\n\n\n\n<figure data-wp-context=\"{&quot;imageId&quot;:&quot;6a9c1d5519435&quot;}\" data-wp-interactive=\"core\/image\" data-wp-key=\"6a9c1d5519435\" class=\"wp-block-image size-full wp-lightbox-container\"><img decoding=\"async\" width=\"1600\" height=\"2133\" data-wp-class--hide=\"state.isContentHidden\" data-wp-class--show=\"state.isContentVisible\" data-wp-init=\"callbacks.setButtonStyles\" data-wp-on--click=\"actions.showLightbox\" data-wp-on--load=\"callbacks.setButtonStyles\" data-wp-on--pointerdown=\"actions.preloadImage\" data-wp-on--pointerenter=\"actions.preloadImageWithDelay\" data-wp-on--pointerleave=\"actions.cancelPreload\" data-wp-on-window--resize=\"callbacks.setButtonStyles\" src=\"https:\/\/loudavymkrokem.cz\/wp-content\/uploads\/2026\/09\/getseman.jpg\" alt=\"Getseman\u00ed y su arte urbano\" class=\"wp-image-415712\" title=\"\" srcset=\"https:\/\/loudavymkrokem.cz\/wp-content\/uploads\/2026\/09\/getseman.jpg 1600w, https:\/\/loudavymkrokem.cz\/wp-content\/uploads\/2026\/09\/getseman-225x300.jpg 225w, https:\/\/loudavymkrokem.cz\/wp-content\/uploads\/2026\/09\/getseman-700x933.jpg 700w, https:\/\/loudavymkrokem.cz\/wp-content\/uploads\/2026\/09\/getseman-768x1024.jpg 768w, https:\/\/loudavymkrokem.cz\/wp-content\/uploads\/2026\/09\/getseman-1152x1536.jpg 1152w, https:\/\/loudavymkrokem.cz\/wp-content\/uploads\/2026\/09\/getseman-1536x2048.jpg 1536w, https:\/\/loudavymkrokem.cz\/wp-content\/uploads\/2026\/09\/getseman-696x928.jpg 696w, https:\/\/loudavymkrokem.cz\/wp-content\/uploads\/2026\/09\/getseman-1392x1856.jpg 1392w\" sizes=\"(max-width: 1600px) 100vw, 1600px\" \/><button\n\t\t\tclass=\"lightbox-trigger\"\n\t\t\ttype=\"button\"\n\t\t\taria-haspopup=\"dialog\"\n\t\t\tdata-wp-bind--aria-label=\"state.thisImage.triggerButtonAriaLabel\"\n\t\t\tdata-wp-init=\"callbacks.initTriggerButton\"\n\t\t\tdata-wp-on--click=\"actions.showLightbox\"\n\t\t\tdata-wp-style--right=\"state.thisImage.buttonRight\"\n\t\t\tdata-wp-style--top=\"state.thisImage.buttonTop\"\n\t\t>\n\t\t\t<svg xmlns=\"http:\/\/www.w3.org\/2000\/svg\" width=\"12\" height=\"12\" fill=\"none\" viewBox=\"0 0 12 12\">\n\t\t\t\t<path fill=\"#fff\" d=\"M2 0a2 2 0 0 0-2 2v2h1.5V2a.5.5 0 0 1 .5-.5h2V0H2Zm2 10.5H2a.5.5 0 0 1-.5-.5V8H0v2a2 2 0 0 0 2 2h2v-1.5ZM8 12v-1.5h2a.5.5 0 0 0 .5-.5V8H12v2a2 2 0 0 1-2 2H8Zm2-12a2 2 0 0 1 2 2v2h-1.5V2a.5.5 0 0 0-.5-.5H8V0h2Z\" \/>\n\t\t\t<\/svg>\n\t\t<\/button><figcaption class=\"wp-element-caption\">Foto: Daniel Rivera Pimienta \/ Google Maps<\/figcaption><\/figure>\n\n\n\n<h3 class=\"wp-block-heading\"><span class=\"ez-toc-section\" id=\"9_Getsemani_y_el_arte_urbano\"><\/span>9. Getseman\u00ed y el arte urbano<span class=\"ez-toc-section-end\"><\/span><\/h3>\n\n\n\n<p class=\"wp-block-paragraph\">Mientras que el reluciente Centro Hist\u00f3rico es pulido y aristocr\u00e1tico, <strong>el vecino barrio de Getseman\u00ed tiene un alma aut\u00e9ntica, salvaje y desbordante<\/strong>. No hace mucho era un barrio obrero y pobre bastante peligroso extramuros, al que ni siquiera se recomendaba ir a los turistas, pero hoy es sin duda la parte m\u00e1s interesante, colorida y fotografiada de toda Cartagena.<\/p>\n\n\n\n<p class=\"wp-block-paragraph\">Aqu\u00ed los callejones son algo m\u00e1s estrechos que en el centro y las fachadas desconchadas de las casas sirven de enormes lienzos. <strong>Encontrar\u00e1s arte urbano de primera y muy elaborado<\/strong>, que refleja las ra\u00edces africanas de la ciudad, la cultura de las palenqueras y la exuberante flora local. El m\u00e1s famoso de todos es el estrecho callej\u00f3n de la Calle de la Sierpe, sobre el que cuelgan cientos de sombrillas de colores, o el callej\u00f3n lleno de banderitas, donde salen las mejores fotos de todas las vacaciones.<\/p>\n\n\n\n<p class=\"wp-block-paragraph\">Durante el d\u00eda, Getseman\u00ed es sorprendentemente tranquilo (la gente se sienta delante de las casas en sillas de pl\u00e1stico, juega apasionadamente al domin\u00f3 y casi no te presta atenci\u00f3n, lo cual, tras el continuo acoso comercial del centro, es todo un alivio). <strong>Es aqu\u00ed donde todav\u00eda percibir\u00e1s ese aut\u00e9ntico ambiente comunitario<\/strong> que, por desgracia, del centro m\u00e1s reluciente y caro ya se ha perdido un poco.<\/p>\n\n\n\n<figure data-wp-context=\"{&quot;imageId&quot;:&quot;6a9c1d5519a03&quot;}\" data-wp-interactive=\"core\/image\" data-wp-key=\"6a9c1d5519a03\" class=\"wp-block-image size-full wp-lightbox-container\"><img decoding=\"async\" width=\"1600\" height=\"1200\" data-wp-class--hide=\"state.isContentHidden\" data-wp-class--show=\"state.isContentVisible\" data-wp-init=\"callbacks.setButtonStyles\" data-wp-on--click=\"actions.showLightbox\" data-wp-on--load=\"callbacks.setButtonStyles\" data-wp-on--pointerdown=\"actions.preloadImage\" data-wp-on--pointerenter=\"actions.preloadImageWithDelay\" data-wp-on--pointerleave=\"actions.cancelPreload\" data-wp-on-window--resize=\"callbacks.setButtonStyles\" src=\"https:\/\/loudavymkrokem.cz\/wp-content\/uploads\/2026\/09\/ve-ern-plaza-de-la-trinidad.jpg\" alt=\"Plaza de la Trinidad al atardecer\" class=\"wp-image-415715\" title=\"\" srcset=\"https:\/\/loudavymkrokem.cz\/wp-content\/uploads\/2026\/09\/ve-ern-plaza-de-la-trinidad.jpg 1600w, https:\/\/loudavymkrokem.cz\/wp-content\/uploads\/2026\/09\/ve-ern-plaza-de-la-trinidad-300x225.jpg 300w, https:\/\/loudavymkrokem.cz\/wp-content\/uploads\/2026\/09\/ve-ern-plaza-de-la-trinidad-700x525.jpg 700w, https:\/\/loudavymkrokem.cz\/wp-content\/uploads\/2026\/09\/ve-ern-plaza-de-la-trinidad-768x576.jpg 768w, https:\/\/loudavymkrokem.cz\/wp-content\/uploads\/2026\/09\/ve-ern-plaza-de-la-trinidad-1536x1152.jpg 1536w, https:\/\/loudavymkrokem.cz\/wp-content\/uploads\/2026\/09\/ve-ern-plaza-de-la-trinidad-80x60.jpg 80w, https:\/\/loudavymkrokem.cz\/wp-content\/uploads\/2026\/09\/ve-ern-plaza-de-la-trinidad-160x120.jpg 160w, https:\/\/loudavymkrokem.cz\/wp-content\/uploads\/2026\/09\/ve-ern-plaza-de-la-trinidad-696x522.jpg 696w, https:\/\/loudavymkrokem.cz\/wp-content\/uploads\/2026\/09\/ve-ern-plaza-de-la-trinidad-1392x1044.jpg 1392w\" sizes=\"(max-width: 1600px) 100vw, 1600px\" \/><button\n\t\t\tclass=\"lightbox-trigger\"\n\t\t\ttype=\"button\"\n\t\t\taria-haspopup=\"dialog\"\n\t\t\tdata-wp-bind--aria-label=\"state.thisImage.triggerButtonAriaLabel\"\n\t\t\tdata-wp-init=\"callbacks.initTriggerButton\"\n\t\t\tdata-wp-on--click=\"actions.showLightbox\"\n\t\t\tdata-wp-style--right=\"state.thisImage.buttonRight\"\n\t\t\tdata-wp-style--top=\"state.thisImage.buttonTop\"\n\t\t>\n\t\t\t<svg xmlns=\"http:\/\/www.w3.org\/2000\/svg\" width=\"12\" height=\"12\" fill=\"none\" viewBox=\"0 0 12 12\">\n\t\t\t\t<path fill=\"#fff\" d=\"M2 0a2 2 0 0 0-2 2v2h1.5V2a.5.5 0 0 1 .5-.5h2V0H2Zm2 10.5H2a.5.5 0 0 1-.5-.5V8H0v2a2 2 0 0 0 2 2h2v-1.5ZM8 12v-1.5h2a.5.5 0 0 0 .5-.5V8H12v2a2 2 0 0 1-2 2H8Zm2-12a2 2 0 0 1 2 2v2h-1.5V2a.5.5 0 0 0-.5-.5H8V0h2Z\" \/>\n\t\t\t<\/svg>\n\t\t<\/button><figcaption class=\"wp-element-caption\">Foto: Drixdel Prera \/ Google Maps<\/figcaption><\/figure>\n\n\n\n<h3 class=\"wp-block-heading\"><span class=\"ez-toc-section\" id=\"10_La_Plaza_de_la_Trinidad_de_noche\"><\/span>10. La Plaza de la Trinidad de noche<span class=\"ez-toc-section-end\"><\/span><\/h3>\n\n\n\n<p class=\"wp-block-paragraph\">Si quieres vivir en tu propia piel la verdadera y genuina alegr\u00eda caribe\u00f1a, <strong>tienes que ir al anochecer a la Plaza de la Trinidad<\/strong>, en pleno coraz\u00f3n del colorido barrio de Getseman\u00ed. De d\u00eda es una placita bastante discreta frente a una vieja iglesia amarilla desconchada, pero en cuanto se pone el sol, el espacio se transforma en un chasquido en el epicentro palpitante de toda la ciudad.<\/p>\n\n\n\n<p class=\"wp-block-paragraph\"><strong>Cada noche se re\u00fane aqu\u00ed medio barrio: familias locales con ni\u00f1os, mochileros de todo el mundo y talentosos artistas callejeros<\/strong>. La gente se sienta directamente en las aceras a\u00fan calientes, compra cerveza barata bien fr\u00eda en una tienda cercana y prueba la deliciosa comida de los carritos ambulantes. Hacia las ocho de la tarde empiezan aqu\u00ed con regularidad impresionantes espect\u00e1culos improvisados de baile, malabares con fuego o ruidosos conciertos de grupos locales.<\/p>\n\n\n\n<p class=\"wp-block-paragraph\">No hace falta pagar ninguna cara entrada a discotecas de lujo, porque <strong>la mejor y m\u00e1s aut\u00e9ntica fiesta ocurre directamente en la calle<\/strong>. \ud83d\udca1 <strong>Consejo:<\/strong> Ten mucho cuidado eso s\u00ed con tus objetos personales; entre la densa multitud pueden moverse carteristas sin que te des cuenta, as\u00ed que lleva la mochila mejor siempre por delante y deja los objetos de valor y el pasaporte en la caja fuerte del hotel.<\/p>\n\n\n\n<figure data-wp-context=\"{&quot;imageId&quot;:&quot;6a9c1d551a06d&quot;}\" data-wp-interactive=\"core\/image\" data-wp-key=\"6a9c1d551a06d\" class=\"wp-block-image size-full wp-lightbox-container\"><img decoding=\"async\" width=\"1600\" height=\"1600\" data-wp-class--hide=\"state.isContentHidden\" data-wp-class--show=\"state.isContentVisible\" data-wp-init=\"callbacks.setButtonStyles\" data-wp-on--click=\"actions.showLightbox\" data-wp-on--load=\"callbacks.setButtonStyles\" data-wp-on--pointerdown=\"actions.preloadImage\" data-wp-on--pointerenter=\"actions.preloadImageWithDelay\" data-wp-on--pointerleave=\"actions.cancelPreload\" data-wp-on-window--resize=\"callbacks.setButtonStyles\" src=\"https:\/\/loudavymkrokem.cz\/wp-content\/uploads\/2026\/09\/lenochodi-v-centenario-parku.jpg\" alt=\"Perezosos en el Parque Centenario\" class=\"wp-image-415716\" title=\"\" srcset=\"https:\/\/loudavymkrokem.cz\/wp-content\/uploads\/2026\/09\/lenochodi-v-centenario-parku.jpg 1600w, https:\/\/loudavymkrokem.cz\/wp-content\/uploads\/2026\/09\/lenochodi-v-centenario-parku-300x300.jpg 300w, https:\/\/loudavymkrokem.cz\/wp-content\/uploads\/2026\/09\/lenochodi-v-centenario-parku-700x700.jpg 700w, https:\/\/loudavymkrokem.cz\/wp-content\/uploads\/2026\/09\/lenochodi-v-centenario-parku-150x150.jpg 150w, https:\/\/loudavymkrokem.cz\/wp-content\/uploads\/2026\/09\/lenochodi-v-centenario-parku-768x768.jpg 768w, https:\/\/loudavymkrokem.cz\/wp-content\/uploads\/2026\/09\/lenochodi-v-centenario-parku-1536x1536.jpg 1536w, https:\/\/loudavymkrokem.cz\/wp-content\/uploads\/2026\/09\/lenochodi-v-centenario-parku-696x696.jpg 696w, https:\/\/loudavymkrokem.cz\/wp-content\/uploads\/2026\/09\/lenochodi-v-centenario-parku-1392x1392.jpg 1392w\" sizes=\"(max-width: 1600px) 100vw, 1600px\" \/><button\n\t\t\tclass=\"lightbox-trigger\"\n\t\t\ttype=\"button\"\n\t\t\taria-haspopup=\"dialog\"\n\t\t\tdata-wp-bind--aria-label=\"state.thisImage.triggerButtonAriaLabel\"\n\t\t\tdata-wp-init=\"callbacks.initTriggerButton\"\n\t\t\tdata-wp-on--click=\"actions.showLightbox\"\n\t\t\tdata-wp-style--right=\"state.thisImage.buttonRight\"\n\t\t\tdata-wp-style--top=\"state.thisImage.buttonTop\"\n\t\t>\n\t\t\t<svg xmlns=\"http:\/\/www.w3.org\/2000\/svg\" width=\"12\" height=\"12\" fill=\"none\" viewBox=\"0 0 12 12\">\n\t\t\t\t<path fill=\"#fff\" d=\"M2 0a2 2 0 0 0-2 2v2h1.5V2a.5.5 0 0 1 .5-.5h2V0H2Zm2 10.5H2a.5.5 0 0 1-.5-.5V8H0v2a2 2 0 0 0 2 2h2v-1.5ZM8 12v-1.5h2a.5.5 0 0 0 .5-.5V8H12v2a2 2 0 0 1-2 2H8Zm2-12a2 2 0 0 1 2 2v2h-1.5V2a.5.5 0 0 0-.5-.5H8V0h2Z\" \/>\n\t\t\t<\/svg>\n\t\t<\/button><figcaption class=\"wp-element-caption\">Foto: Gustavo. A \/ Google Maps<\/figcaption><\/figure>\n\n\n\n<h3 class=\"wp-block-heading\"><span class=\"ez-toc-section\" id=\"11_Los_perezosos_del_Parque_Centenario\"><\/span>11. Los perezosos del Parque Centenario<span class=\"ez-toc-section-end\"><\/span><\/h3>\n\n\n\n<p class=\"wp-block-paragraph\">Justo en la frontera entre Getseman\u00ed y el casco antiguo se encuentra el aparentemente corriente <strong>Parque Centenario (valoraci\u00f3n 4,4), que sin embargo esconde una enorme e inesperada sorpresa natural<\/strong>. La mayor\u00eda de los turistas con prisa solo lo cruzan r\u00e1pidamente de camino a las murallas y no tienen ni idea de lo asombroso que se esconde justo sobre sus cabezas, en las densas copas de los enormes \u00e1rboles.<\/p>\n\n\n\n<p class=\"wp-block-paragraph\">En pleno centro de la ruidosa y ajetreada ciudad viven aqu\u00ed, <strong>en plena naturaleza, lentos perezosos, adorables monitos (tit\u00edes) y enormes iguanas prehist\u00f3ricas<\/strong>. Basta con detenerse un momento, quedarse quieto un rato y examinar con atenci\u00f3n las enredadas ramas sobre ti. A las iguanas las ver\u00e1s a menudo tomando el sol perezosamente junto al camino, mientras que los perezosos suelen dormir profundamente, escondidos en lo alto entre el follaje.<\/p>\n\n\n\n<p class=\"wp-block-paragraph\">Si no consigues encontrar a los animales entre la densa vegetaci\u00f3n, <strong>a menudo te ayudar\u00e1n de buena gana los vendedores locales de frutos secos o los guardas fijos del parque<\/strong>, que siempre saben con exactitud en qu\u00e9 \u00e1rbol descansa justo la familia de perezosos. Es un trozo absolutamente fascinante de selva salvaje en medio del ajetreado tr\u00e1fico de hormig\u00f3n.<\/p>\n\n\n\n<figure data-wp-context=\"{&quot;imageId&quot;:&quot;6a9c1d551a6e6&quot;}\" data-wp-interactive=\"core\/image\" data-wp-key=\"6a9c1d551a6e6\" class=\"wp-block-image size-full wp-lightbox-container\"><img decoding=\"async\" width=\"1600\" height=\"1200\" data-wp-class--hide=\"state.isContentHidden\" data-wp-class--show=\"state.isContentVisible\" data-wp-init=\"callbacks.setButtonStyles\" data-wp-on--click=\"actions.showLightbox\" data-wp-on--load=\"callbacks.setButtonStyles\" data-wp-on--pointerdown=\"actions.preloadImage\" data-wp-on--pointerenter=\"actions.preloadImageWithDelay\" data-wp-on--pointerleave=\"actions.cancelPreload\" data-wp-on-window--resize=\"callbacks.setButtonStyles\" src=\"https:\/\/loudavymkrokem.cz\/wp-content\/uploads\/2026\/09\/z-convento-de-la-popa.jpg\" alt=\"Vistas desde el Convento de la Popa\" class=\"wp-image-415719\" title=\"\" srcset=\"https:\/\/loudavymkrokem.cz\/wp-content\/uploads\/2026\/09\/z-convento-de-la-popa.jpg 1600w, https:\/\/loudavymkrokem.cz\/wp-content\/uploads\/2026\/09\/z-convento-de-la-popa-300x225.jpg 300w, https:\/\/loudavymkrokem.cz\/wp-content\/uploads\/2026\/09\/z-convento-de-la-popa-700x525.jpg 700w, https:\/\/loudavymkrokem.cz\/wp-content\/uploads\/2026\/09\/z-convento-de-la-popa-768x576.jpg 768w, https:\/\/loudavymkrokem.cz\/wp-content\/uploads\/2026\/09\/z-convento-de-la-popa-1536x1152.jpg 1536w, https:\/\/loudavymkrokem.cz\/wp-content\/uploads\/2026\/09\/z-convento-de-la-popa-80x60.jpg 80w, https:\/\/loudavymkrokem.cz\/wp-content\/uploads\/2026\/09\/z-convento-de-la-popa-160x120.jpg 160w, https:\/\/loudavymkrokem.cz\/wp-content\/uploads\/2026\/09\/z-convento-de-la-popa-696x522.jpg 696w, https:\/\/loudavymkrokem.cz\/wp-content\/uploads\/2026\/09\/z-convento-de-la-popa-1392x1044.jpg 1392w\" sizes=\"(max-width: 1600px) 100vw, 1600px\" \/><button\n\t\t\tclass=\"lightbox-trigger\"\n\t\t\ttype=\"button\"\n\t\t\taria-haspopup=\"dialog\"\n\t\t\tdata-wp-bind--aria-label=\"state.thisImage.triggerButtonAriaLabel\"\n\t\t\tdata-wp-init=\"callbacks.initTriggerButton\"\n\t\t\tdata-wp-on--click=\"actions.showLightbox\"\n\t\t\tdata-wp-style--right=\"state.thisImage.buttonRight\"\n\t\t\tdata-wp-style--top=\"state.thisImage.buttonTop\"\n\t\t>\n\t\t\t<svg xmlns=\"http:\/\/www.w3.org\/2000\/svg\" width=\"12\" height=\"12\" fill=\"none\" viewBox=\"0 0 12 12\">\n\t\t\t\t<path fill=\"#fff\" d=\"M2 0a2 2 0 0 0-2 2v2h1.5V2a.5.5 0 0 1 .5-.5h2V0H2Zm2 10.5H2a.5.5 0 0 1-.5-.5V8H0v2a2 2 0 0 0 2 2h2v-1.5ZM8 12v-1.5h2a.5.5 0 0 0 .5-.5V8H12v2a2 2 0 0 1-2 2H8Zm2-12a2 2 0 0 1 2 2v2h-1.5V2a.5.5 0 0 0-.5-.5H8V0h2Z\" \/>\n\t\t\t<\/svg>\n\t\t<\/button><figcaption class=\"wp-element-caption\">Foto: Javier Ruiz \/ Google Maps<\/figcaption><\/figure>\n\n\n\n<h3 class=\"wp-block-heading\"><span class=\"ez-toc-section\" id=\"12_Las_vistas_desde_el_Convento_de_la_Popa\"><\/span>12. Las vistas desde el Convento de la Popa<span class=\"ez-toc-section-end\"><\/span><\/h3>\n\n\n\n<p class=\"wp-block-paragraph\">\u00bfLas <strong>mejores vistas<\/strong> de toda Cartagena? Est\u00e1n en la colina m\u00e1s alta de la ciudad, donde se alza el viejo <strong>Convento de la Popa<\/strong>. Este precioso convento data ya de 1607 y se yergue a unos 150 metros sobre el mar, as\u00ed que desde aqu\u00ed ver\u00e1s como en la palma de la mano tanto el casco antiguo hist\u00f3rico como los modernos rascacielos de Bocagrande y la mara\u00f1a de canales de agua y de los barrios perif\u00e9ricos m\u00e1s humildes.<\/p>\n\n\n\n<p class=\"wp-block-paragraph\">El propio convento tiene un precioso y tranquilo patio interior lleno de flores en flor y una peque\u00f1a, pero muy ricamente decorada, capilla. <strong>La entrada a todo el recinto ronda entre 11.000 y 25.000 COP<\/strong> seg\u00fan las distintas fuentes y temporadas, as\u00ed que comprueba el precio actual directamente en el lugar. Pero la experiencia de esa enorme altura merece la pena a m\u00e1s no poder.<\/p>\n\n\n\n<p class=\"wp-block-paragraph\">\u26a0\ufe0f <strong>Aviso de seguridad esencial:<\/strong> El camino de subida al convento pasa por barrios muy pobres y problem\u00e1ticos y <strong>por razones de seguridad se desaconseja encarecidamente a los extranjeros subir a pie<\/strong>. Arriba se sube exclusivamente en un tour organizado o en taxi amarillo, con el que debes acordar directamente que te espere unos 30 minutos arriba y te lleve de vuelta al centro con seguridad.<\/p>\n\n\n\n<figure data-wp-context=\"{&quot;imageId&quot;:&quot;6a9c1d551ad03&quot;}\" data-wp-interactive=\"core\/image\" data-wp-key=\"6a9c1d551ad03\" class=\"wp-block-image size-full wp-lightbox-container\"><img decoding=\"async\" width=\"1600\" height=\"1200\" data-wp-class--hide=\"state.isContentHidden\" data-wp-class--show=\"state.isContentVisible\" data-wp-init=\"callbacks.setButtonStyles\" data-wp-on--click=\"actions.showLightbox\" data-wp-on--load=\"callbacks.setButtonStyles\" data-wp-on--pointerdown=\"actions.preloadImage\" data-wp-on--pointerenter=\"actions.preloadImageWithDelay\" data-wp-on--pointerleave=\"actions.cancelPreload\" data-wp-on-window--resize=\"callbacks.setButtonStyles\" src=\"https:\/\/loudavymkrokem.cz\/wp-content\/uploads\/2026\/09\/st-e-n-bary.jpg\" alt=\"Bares de azotea y vistas de lujo\" class=\"wp-image-415721\" title=\"\" srcset=\"https:\/\/loudavymkrokem.cz\/wp-content\/uploads\/2026\/09\/st-e-n-bary.jpg 1600w, https:\/\/loudavymkrokem.cz\/wp-content\/uploads\/2026\/09\/st-e-n-bary-300x225.jpg 300w, https:\/\/loudavymkrokem.cz\/wp-content\/uploads\/2026\/09\/st-e-n-bary-700x525.jpg 700w, https:\/\/loudavymkrokem.cz\/wp-content\/uploads\/2026\/09\/st-e-n-bary-768x576.jpg 768w, https:\/\/loudavymkrokem.cz\/wp-content\/uploads\/2026\/09\/st-e-n-bary-1536x1152.jpg 1536w, https:\/\/loudavymkrokem.cz\/wp-content\/uploads\/2026\/09\/st-e-n-bary-80x60.jpg 80w, https:\/\/loudavymkrokem.cz\/wp-content\/uploads\/2026\/09\/st-e-n-bary-160x120.jpg 160w, https:\/\/loudavymkrokem.cz\/wp-content\/uploads\/2026\/09\/st-e-n-bary-696x522.jpg 696w, https:\/\/loudavymkrokem.cz\/wp-content\/uploads\/2026\/09\/st-e-n-bary-1392x1044.jpg 1392w\" sizes=\"(max-width: 1600px) 100vw, 1600px\" \/><button\n\t\t\tclass=\"lightbox-trigger\"\n\t\t\ttype=\"button\"\n\t\t\taria-haspopup=\"dialog\"\n\t\t\tdata-wp-bind--aria-label=\"state.thisImage.triggerButtonAriaLabel\"\n\t\t\tdata-wp-init=\"callbacks.initTriggerButton\"\n\t\t\tdata-wp-on--click=\"actions.showLightbox\"\n\t\t\tdata-wp-style--right=\"state.thisImage.buttonRight\"\n\t\t\tdata-wp-style--top=\"state.thisImage.buttonTop\"\n\t\t>\n\t\t\t<svg xmlns=\"http:\/\/www.w3.org\/2000\/svg\" width=\"12\" height=\"12\" fill=\"none\" viewBox=\"0 0 12 12\">\n\t\t\t\t<path fill=\"#fff\" d=\"M2 0a2 2 0 0 0-2 2v2h1.5V2a.5.5 0 0 1 .5-.5h2V0H2Zm2 10.5H2a.5.5 0 0 1-.5-.5V8H0v2a2 2 0 0 0 2 2h2v-1.5ZM8 12v-1.5h2a.5.5 0 0 0 .5-.5V8H12v2a2 2 0 0 1-2 2H8Zm2-12a2 2 0 0 1 2 2v2h-1.5V2a.5.5 0 0 0-.5-.5H8V0h2Z\" \/>\n\t\t\t<\/svg>\n\t\t<\/button><figcaption class=\"wp-element-caption\">Foto: Mario Ruiz De Somocurcio \/ Google Maps<\/figcaption><\/figure>\n\n\n\n<!-- LKM_GYG_CARD start q=\"cartagena\" lang=\"es\" rendered=\"2026-09-05T11:00:06+00:00\" v=\"1\" -->\n<style id=\"lk-gyg-styles\">\n@import url(\"https:\/\/fonts.googleapis.com\/css2?family=Playfair+Display:wght@700&family=DM+Sans:wght@300;400;500;600&display=swap\");\n\/* === LK GYG karty \u2014 CRO redesign 2026-05 (namespace .lkx-) ===\n   C\u00edl: vy\u0161\u0161\u00ed CTR (hero + v\u00fdrazn\u00fd social proof + ak\u010dn\u00ed CTA, m\u00e9n\u011b \"reklamn\u00ed\").\n   Injektuje se inline do prvn\u00edho markeru postu (refresh_cards.py --inline-css). *\/\n.lkx-module, .lkx-module *{box-sizing:border-box;margin:0;padding:0}\n.lkx-module{\n  font-family:'DM Sans',-apple-system,Segoe UI,Roboto,Georgia,sans-serif;\n  max-width:860px;margin:2.5rem auto;color:#1f2328;\n}\n\n\/* HEADER \u2014 lehk\u00fd editorsk\u00fd, \u017e\u00e1dn\u00fd bannerov\u00fd blok; nadpis + popisek pod n\u00edm *\/\n.lkx-head{margin-bottom:16px}\n.lkx-head-main{display:flex;align-items:center;gap:10px}\n.lkx-head-accent{width:26px;height:3px;border-radius:2px;background:#c39f76;flex-shrink:0}\n.lkx-head-title{font-family:'Playfair Display',Georgia,serif;font-size:21px;font-weight:700;color:#1a1a1a;line-height:1.25}\n.lkx-head-meta{display:block;font-size:11px;letter-spacing:.3px;color:#9aa0a6;margin-top:4px;margin-left:36px}\n\n\/* HERO *\/\n.lkx-hero{display:grid;grid-template-columns:300px 1fr;background:#fff;border:1px solid #ece7df;border-radius:14px;overflow:hidden;text-decoration:none!important;color:inherit;box-shadow:0 6px 20px rgba(0,0,0,.06);transition:box-shadow .2s,transform .2s;margin-bottom:14px}\n.lkx-hero:hover{box-shadow:0 12px 30px rgba(0,0,0,.12);transform:translateY(-2px)}\n.lkx-hero-img{position:relative;min-height:230px;background-size:cover;background-position:center;background-color:#eee}\n.lkx-hero-body{padding:22px 24px;display:flex;flex-direction:column}\n.lkx-pick{position:absolute;top:12px;left:12px;background:#1a1a1a;color:#fff;font-size:11px;font-weight:700;letter-spacing:.5px;padding:5px 11px;border-radius:20px}\n\n\/* TITLE *\/\n.lkx-title{font-size:19px;font-weight:700;color:#161616;line-height:1.3}\n.lkx-title-sm{font-size:14.5px;line-height:1.35;display:-webkit-box;-webkit-line-clamp:2;-webkit-box-orient:vertical;overflow:hidden}\n\n\/* SOCIAL PROOF \u2014 v\u00fdrazn\u011b, naho\u0159e *\/\n.lkx-proof{display:flex;align-items:center;gap:7px;margin-top:12px;font-size:15px;color:#3a3a3a}\n.lkx-proof b{font-size:16px;color:#161616}\n.lkx-stars{color:#f5a623;letter-spacing:1px}\n.lkx-proof-sm{font-size:12.5px;margin-top:8px;gap:5px}\n.lkx-proof-sm b{font-size:13px}\n.lkx-proof-new{color:#3685fc;font-weight:600}\n\n\/* PRICE \u2014 n\u00edzk\u00e1 kotva *\/\n.lkx-price{font-size:14px;color:#6b7280}\n.lkx-price b{font-size:20px;color:#161616;font-weight:700}\n.lkx-price-sm b{font-size:15px}\n\n\/* CTA \u2014 tepl\u00e9 ak\u010dn\u00ed tla\u010d\u00edtko *\/\n.lkx-cta{display:inline-flex;align-items:center;justify-content:center;text-decoration:none!important;font-weight:700;color:#fff!important;background:linear-gradient(135deg,#f6743f,#e8552a);border-radius:10px;box-shadow:0 6px 16px rgba(232,85,42,.32);transition:box-shadow .2s}\n.lkx-cta-hero{font-size:15px;padding:13px 22px}\n.lkx-hero:hover .lkx-cta-hero{box-shadow:0 8px 22px rgba(232,85,42,.45)}\n.lkx-cta-sm{font-size:12.5px;padding:9px 14px;width:100%;margin-top:2px}\n.lkx-hero-bottom{margin-top:auto;padding-top:18px;display:flex;align-items:center;justify-content:space-between;gap:14px;flex-wrap:wrap}\n\n\/* BADGE \u2014 jeden v\u00fdrazn\u00fd na fotce *\/\n.lkx-badge{position:absolute;top:12px;right:12px;font-size:10.5px;font-weight:700;letter-spacing:.3px;padding:5px 10px;border-radius:16px;color:#fff}\n.lkx-badge.badge-urgency{background:rgba(214,40,40,.92)}\n.lkx-badge.badge-new{background:rgba(54,133,252,.92)}\n.lkx-badge.badge-top{background:rgba(195,159,118,.95)}\n.lkx-badge.badge-info{background:rgba(40,40,40,.78)}\n\n\/* SECONDARY GRID *\/\n.lkx-grid{display:grid;grid-template-columns:1fr 1fr;gap:14px}\n.lkx-card{background:#fff;border:1px solid #ece7df;border-radius:14px;overflow:hidden;text-decoration:none!important;color:inherit;box-shadow:0 4px 14px rgba(0,0,0,.05);display:flex;flex-direction:column;transition:box-shadow .2s,transform .2s}\n.lkx-card:hover{box-shadow:0 10px 24px rgba(0,0,0,.1);transform:translateY(-2px)}\n.lkx-card-img{position:relative;aspect-ratio:16\/10;background-size:cover;background-position:center;background-color:#eee}\n.lkx-card-body{padding:14px 16px 16px;display:flex;flex-direction:column;gap:7px;flex:1}\n.lkx-card-bottom{margin-top:auto;padding-top:10px;display:flex;align-items:center;justify-content:space-between;gap:8px}\n\n\/* DISCLOSURE \u2014 drobn\u00e1, kv\u016fli d\u016fv\u011b\u0159e\/z\u00e1konu *\/\n.lkx-disclosure{font-size:11px;color:#a7adb3;text-align:center;margin-top:14px;line-height:1.6}\n.lkx-disclosure a{color:#c39f76;text-decoration:none}\n\n@media(max-width:680px){\n  .lkx-hero{grid-template-columns:1fr}\n  .lkx-hero-img{min-height:180px}\n  .lkx-grid{grid-template-columns:1fr}\n  .lkx-head-meta{margin-left:0;width:100%}\n  .lkx-head-title{font-size:19px}\n}\n\n<\/style>\n<div class=\"lkx-module\" data-query=\"cartagena\">\n  <div class=\"lkx-head\">\n    <div class=\"lkx-head-main\">\n      <span class=\"lkx-head-accent\"><\/span>\n      <span class=\"lkx-head-title\">Experiencias y entradas<\/span>\n    <\/div>\n    <span class=\"lkx-head-meta\">valorado por viajeros \u00b7 GetYourGuide<\/span>\n  <\/div><a class=\"lkx-hero\" href=\"https:\/\/www.getyourguide.com\/es-es\/bolivar-l578\/cartagena-5-puntos-destacados-de-las-islas-del-rosario-con-almuerzo-t497946\/?partner_id=MKZ64IS&amp;utm_medium=online_publisher&amp;cmp=cartagena-colombia-que-ver\" target=\"_blank\" rel=\"sponsored noopener nofollow\">\n    <div class=\"lkx-hero-img\" style=\"background-image:url('https:\/\/cdn.getyourguide.com\/img\/tour\/3e7855e2de9521c901e39203ad7bd9296c10ec69ae845752a4bbca37f24bdcee.png\/132.jpg')\" role=\"img\" aria-label=\"Cartagena: tour por las islas del Rosario con 5 paradas, almuerzo y clubes de playa\">\n      <span class=\"lkx-pick\">\u2605 Nuestra elecci\u00f3n<\/span><\/div>\n    <div class=\"lkx-hero-body\">\n      <div class=\"lkx-title\">Cartagena: tour por las islas del Rosario con 5 paradas, almuerzo y clubes de playa<\/div>\n      <div class=\"lkx-proof\">\n      <span class=\"lkx-stars\">\u2605\u2605\u2605\u2605\u2605<\/span>\n      <b>4.6<\/b> \u00b7 6 212 opiniones\n    <\/div>\n      <div class=\"lkx-hero-bottom\"><div class=\"lkx-price\">desde <b>63\u00a0EUR<\/b><\/div><span class=\"lkx-cta lkx-cta-hero\">Quiero vivir esto \u2192<\/span>\n      <\/div>\n    <\/div>\n  <\/a><div class=\"lkx-disclosure\">\ud83d\udd17 Enlaces de afiliados \u2014 no cambian tu precio y nos ayudan a crear contenido. \u00b7 <a href=\"https:\/\/www.getyourguide.com\/es-es\/s\/?q=cartagena&amp;partner_id=MKZ64IS&amp;utm_medium=online_publisher\" target=\"_blank\" rel=\"sponsored noopener nofollow\">Todas las experiencias \u2192<\/a><\/div>\n<\/div>\n<!-- LKM_GYG_CARD end -->\n\n\n\n\n<div class=\"lk-stays-module\">\n<style>\n\/* \u2500\u2500\u2500 RESET PRO GUTENBERG \u2500\u2500\u2500 *\/\n.lk-stays-module * { box-sizing: border-box; margin: 0; padding: 0; }\n\n\/* \u2500\u2500\u2500 WRAPPER \u2500\u2500\u2500 *\/\n.lk-stays-module {\n  font-family: 'DM Sans', Georgia, sans-serif;\n  max-width: 100%;\n  margin: 2.5rem auto;\n  background: linear-gradient(135deg, #fdfaf5 0%, #fcf8f0 100%);\n  border: 1px solid #e8dfd4;\n  border-radius: 16px;\n  overflow: hidden;\n  box-shadow: 0 16px 48px rgba(195, 159, 118, 0.25), 0 4px 12px rgba(0,0,0,0.08);\n}\n\n\/* \u2500\u2500\u2500 HEADER \u2500\u2500\u2500 *\/\n.lk-stays-header {\n  position: relative;\n  padding: 24px 36px 24px;\n  background: linear-gradient(135deg, #c39f76 0%, #d4b188 60%, #c39f76 100%);\n  border-bottom: 1px solid rgba(255,255,255,.15);\n  display: flex;\n  align-items: center;\n  gap: 18px;\n}\n.lk-stays-header::before {\n  content: '';\n  position: absolute;\n  inset: 0;\n  background: url(\"data:image\/svg+xml,%3Csvg width='60' height='60' viewBox='0 0 60 60' xmlns='http:\/\/www.w3.org\/2000\/svg'%3E%3Cg fill='none' fill-rule='evenodd'%3E%3Cg fill='%23ffffff' fill-opacity='0.05'%3E%3Cpath d='M36 34v-4h-2v4h-4v2h4v4h2v-4h4v-2h-4zm0-30V0h-2v4h-4v2h4v4h2V6h4V4h-4zM6 34v-4H4v4H0v2h4v4h2v-4h4v-2H6zM6 4V0H4v4H0v2h4v4h2V6h4V4H6z'\/%3E%3C\/g%3E%3C\/g%3E%3C\/svg%3E\") repeat;\n  pointer-events: none;\n}\n.lk-stays-icon {\n  flex-shrink: 0;\n  width: 68px;\n  height: 68px;\n  border-radius: 14px;\n  background: linear-gradient(135deg, #fff 0%, #f9f6f0 100%);\n  display: flex;\n  align-items: center;\n  justify-content: center;\n  font-size: 26px;\n  box-shadow: 0 4px 12px rgba(0,0,0,0.15);\n}\n.lk-stays-eyebrow {\n  font-size: 10px;\n  font-weight: 500;\n  letter-spacing: 2.5px;\n  text-transform: uppercase;\n  color: rgba(255,255,255,.85);\n  margin: 0 0 5px 0;\n}\n.lk-stays-title {\n  font-family: 'Playfair Display', Georgia, serif;\n  font-size: 24px;\n  font-weight: 700;\n  color: #fff;\n  line-height: 1.2;\n  text-shadow: 0 1px 2px rgba(0,0,0,0.1);\n  margin: 0;\n}\n.lk-stays-subtitle {\n  font-size: 13px;\n  color: rgba(255,255,255,.75);\n  margin: 4px 0 0 0;\n  font-weight: 300;\n}\n\n\/* \u2500\u2500\u2500 CARDS GRID \u2500\u2500\u2500 *\/\n.lk-stays-grid {\n  display: grid;\n  grid-template-columns: 1fr 1fr;\n  gap: 1px;\n  background: rgba(195, 159, 118, 0.12);\n}\n\n\/* \u2500\u2500\u2500 SINGLE CARD \u2500\u2500\u2500 *\/\n.lk-stay-card {\n  background: #ffffff;\n  padding: 26px;\n  display: flex;\n  flex-direction: column;\n  gap: 11px;\n  transition: all 0.3s ease;\n  text-decoration: none;\n  color: inherit;\n  position: relative;\n}\n.lk-stay-card:hover {\n  background: #fffbf5;\n  transform: translateY(-2px);\n  box-shadow: 0 8px 24px rgba(195, 159, 118, 0.18);\n  z-index: 1;\n}\n.lk-stay-card.featured {\n  background: linear-gradient(135deg, #fffdf9 0%, #fff9f0 100%);\n  box-shadow: 0 4px 16px rgba(195, 159, 118, 0.15), inset 0 1px 0 rgba(195, 159, 118, 0.1);\n}\n.lk-stay-card.featured:hover {\n  background: linear-gradient(135deg, #fffbf5 0%, #fff8ed 100%);\n  box-shadow: 0 8px 24px rgba(195, 159, 118, 0.25), inset 0 1px 0 rgba(195, 159, 118, 0.15);\n}\n\n.lk-stay-badge {\n  display: inline-flex;\n  align-items: center;\n  gap: 5px;\n  font-size: 10px;\n  font-weight: 500;\n  letter-spacing: 1.5px;\n  text-transform: uppercase;\n  padding: 5px 11px;\n  border-radius: 20px;\n  width: fit-content;\n}\n.badge-top     { background: linear-gradient(135deg, #c39f76 0%, #d4b188 100%); color: #fff; border: 1px solid #c39f76; font-weight: 600; box-shadow: 0 2px 8px rgba(195,159,118,0.3); }\n.badge-luxury  { background: rgba(195,159,118,.12); color: #c39f76; border: 1px solid rgba(195,159,118,.25); }\n.badge-boutique{ background: rgba(54,133,252,.08); color: #3685fc; border: 1px solid rgba(54,133,252,.2); }\n.badge-nature  { background: rgba(130,190,100,.1); color: #6b9c4a; border: 1px solid rgba(130,190,100,.2); }\n.badge-remote  { background: rgba(195,159,118,.12); color: #a67e50; border: 1px solid rgba(195,159,118,.25); }\n\n.lk-stay-name {\n  font-family: 'Playfair Display', Georgia, serif;\n  font-size: 18px;\n  font-weight: 700;\n  color: #111827;\n  line-height: 1.3;\n}\n.lk-stay-desc {\n  font-size: 13.5px;\n  color: #525252;\n  line-height: 1.65;\n  font-weight: 300;\n  flex: 1;\n}\n\n.lk-stay-meta {\n  display: flex;\n  align-items: center;\n  gap: 12px;\n  flex-wrap: wrap;\n  margin-top: 4px;\n}\n.lk-stay-price {\n  font-size: 13px;\n  color: #6b7280;\n}\n.lk-stay-price strong {\n  color: #c39f76;\n  font-weight: 500;\n}\n.lk-stay-stars {\n  color: #c39f76;\n  font-size: 11px;\n  letter-spacing: 1px;\n}\n\n\/* \u2500\u2500\u2500 CTA BUTTON \u2500\u2500\u2500 *\/\n.lk-stay-cta {\n  display: inline-flex;\n  align-items: center;\n  justify-content: center;\n  gap: 7px;\n  margin-top: 8px;\n  padding: 11px 20px;\n  border-radius: 8px;\n  background: linear-gradient(135deg, #3685fc 0%, #2a6fd9 100%);\n  color: #fff;\n  font-size: 13px;\n  font-weight: 500;\n  text-decoration: none;\n  letter-spacing: .3px;\n  transition: all .2s ease;\n  cursor: pointer;\n  border: none;\n  text-align: center;\n  box-shadow: 0 4px 12px rgba(54, 133, 252, 0.25);\n}\n.lk-stay-cta:hover {\n  background: linear-gradient(135deg, #2a6fd9 0%, #1e5bc4 100%);\n  transform: translateY(-1px);\n  box-shadow: 0 6px 16px rgba(54, 133, 252, 0.35);\n}\n.lk-stay-cta svg { flex-shrink: 0; }\n\n\/* \u2500\u2500\u2500 FOOTER \u2500\u2500\u2500 *\/\n.lk-stays-footer {\n  padding: 18px 36px;\n  background: linear-gradient(to bottom, #fdfaf5 0%, #f9f4ed 100%);\n  border-top: 1px solid rgba(195, 159, 118, 0.15);\n  display: flex;\n  align-items: center;\n  justify-content: space-between;\n  flex-wrap: wrap;\n  gap: 12px;\n}\n.lk-stays-footer-note {\n  font-size: 11.5px;\n  color: #6b7280;\n  font-weight: 300;\n  line-height: 1.5;\n}\n.lk-stays-footer-note a {\n  color: #c39f76;\n  text-decoration: none;\n  font-weight: 400;\n}\n.lk-stays-footer-note a:hover {\n  text-decoration: underline;\n}\n.lk-stays-all-btn {\n  display: inline-flex;\n  align-items: center;\n  gap: 6px;\n  font-size: 12.5px;\n  font-weight: 500;\n  color: #c39f76;\n  text-decoration: none;\n  border: 1px solid rgba(195, 159, 118, 0.35);\n  padding: 8px 18px;\n  border-radius: 8px;\n  transition: all .2s ease;\n}\n.lk-stays-all-btn:hover {\n  background: rgba(195, 159, 118, 0.08);\n  border-color: rgba(195, 159, 118, 0.5);\n}\n\n\/* \u2500\u2500\u2500 RESPONSIVE \u2500\u2500\u2500 *\/\n@media (max-width: 600px) {\n  .lk-stays-grid { grid-template-columns: 1fr; }\n  .lk-stays-header { padding: 24px 20px; }\n  .lk-stays-footer { padding: 16px 20px; }\n  .lk-stay-card { padding: 22px; }\n  .lk-stays-title { font-size: 20px; }\n}\n<\/style>\n\n  <!-- HEADER -->\n  <div class=\"lk-stays-header\">\n    <img decoding=\"async\" src=\"https:\/\/loudavymkrokem.cz\/wp-content\/uploads\/2026\/02\/lukas-a-lucka.jpg\" alt=\"\" style=\"width: 75px; height: 75px; border-radius: 8px; flex-shrink: 0; object-fit: cover; display: block; margin: 4px 0;\" title=\"\">\n    <div class=\"lk-stays-header-text\">\n      <div class=\"lk-stays-eyebrow\">Luk\u00e1\u0161 y Lucie recomiendan<\/div>\n      <div class=\"lk-stays-title\">D\u00f3nde alojarse en Cartagena<\/div>\n      <div class=\"lk-stays-subtitle\">4 alojamientos \u2014 hoteles wellness, hoteles y otras opciones de alojamiento<\/div>\n    <\/div>\n  <\/div>\n\n  <!-- CARDS -->\n  <div class=\"lk-stays-grid\">\n\n    <a class=\"lk-stay-card featured\" href=\"https:\/\/www.stay22.com\/allez\/roam?aid=lukaskonecny&#038;campaign=loudavymkrokemcz&#038;campaign=es&#038;campaign=covidetvcartagene&#038;address=Cartagena&#038;hotelname=Hotel+Casa+San+Agustin&#038;search=Hotel+Casa+San+Agustin&#038;category=accommodation\" target=\"_blank\" rel=\"nofollow noopener\">\n      <span class=\"lk-stay-badge badge-top\">\u2b50 MEJOR OPCI\u00d3N<\/span>\n      <span class=\"lk-stay-badge badge-nature\">\u2b50 Luxury<\/span>\n      <div class=\"lk-stay-name\">Hotel Casa San Agustin<\/div>\n      <div class=\"lk-stay-desc\">Hotel boutique de lujo en el coraz\u00f3n del casco antiguo con un tranquilo patio interior y piscina integrada en las antiguas murallas.<\/div>\n      <div class=\"lk-stay-meta\">\n        <span class=\"lk-stay-stars\">\u2605\u2605\u2605\u2605<\/span>\n        <span class=\"lk-stay-price\">Consultar precios<\/span>\n      <\/div>\n      <span class=\"lk-stay-cta\">\n        <svg width=\"14\" height=\"14\" viewBox=\"0 0 24 24\" fill=\"none\" stroke=\"currentColor\" stroke-width=\"2\"><path d=\"M18 13v6a2 2 0 0 1-2 2H5a2 2 0 0 1-2-2V8a2 2 0 0 1 2-2h6\"\/><polyline points=\"15 3 21 3 21 9\"\/><line x1=\"10\" y1=\"14\" x2=\"21\" y2=\"3\"\/><\/svg>\n        Comprobar disponibilidad\n      <\/span>\n    <\/a>\n\n    <a class=\"lk-stay-card\" href=\"https:\/\/www.stay22.com\/allez\/roam?aid=lukaskonecny&#038;campaign=loudavymkrokemcz&#038;campaign=es&#038;campaign=covidetvcartagene&#038;address=Cartagena&#038;hotelname=GHL+San+Lazaro+Art+Hotel&#038;search=GHL+San+Lazaro+Art+Hotel&#038;category=accommodation\" target=\"_blank\" rel=\"nofollow noopener\">\n      <span class=\"lk-stay-badge badge-nature\">\ud83c\udfe8 Hotel<\/span>\n      <div class=\"lk-stay-name\">GHL San Lazaro Art Hotel<\/div>\n      <div class=\"lk-stay-desc\">Hotel moderno con impresionantes vistas panor\u00e1micas directamente al castillo San Felipe.<\/div>\n      <div class=\"lk-stay-meta\">\n        <span class=\"lk-stay-stars\">\u2605\u2605\u2605\u2605<\/span>\n        <span class=\"lk-stay-price\">Consultar precios<\/span>\n      <\/div>\n      <span class=\"lk-stay-cta\">\n        <svg width=\"14\" height=\"14\" viewBox=\"0 0 24 24\" fill=\"none\" stroke=\"currentColor\" stroke-width=\"2\"><path d=\"M18 13v6a2 2 0 0 1-2 2H5a2 2 0 0 1-2-2V8a2 2 0 0 1 2-2h6\"\/><polyline points=\"15 3 21 3 21 9\"\/><line x1=\"10\" y1=\"14\" x2=\"21\" y2=\"3\"\/><\/svg>\n        Comprobar disponibilidad\n      <\/span>\n    <\/a>\n\n    <a class=\"lk-stay-card\" href=\"https:\/\/www.stay22.com\/allez\/roam?aid=lukaskonecny&#038;campaign=loudavymkrokemcz&#038;campaign=es&#038;campaign=covidetvcartagene&#038;address=Cartagena&#038;hotelname=Sofitel+Legend+Santa+Clara&#038;search=Sofitel+Legend+Santa+Clara&#038;category=accommodation\" target=\"_blank\" rel=\"nofollow noopener\">\n      <span class=\"lk-stay-badge badge-nature\">\u2b50 Luxury<\/span>\n      <div class=\"lk-stay-name\">Sofitel Legend Santa Clara<\/div>\n      <div class=\"lk-stay-desc\">Una aut\u00e9ntica leyenda en un antiguo convento cuidadosamente restaurado con servicio de primera clase y estilo colonial.<\/div>\n      <div class=\"lk-stay-meta\">\n        <span class=\"lk-stay-stars\">\u2605\u2605\u2605\u2605<\/span>\n        <span class=\"lk-stay-price\">Consultar precios<\/span>\n      <\/div>\n      <span class=\"lk-stay-cta\">\n        <svg width=\"14\" height=\"14\" viewBox=\"0 0 24 24\" fill=\"none\" stroke=\"currentColor\" stroke-width=\"2\"><path d=\"M18 13v6a2 2 0 0 1-2 2H5a2 2 0 0 1-2-2V8a2 2 0 0 1 2-2h6\"\/><polyline points=\"15 3 21 3 21 9\"\/><line x1=\"10\" y1=\"14\" x2=\"21\" y2=\"3\"\/><\/svg>\n        Comprobar disponibilidad\n      <\/span>\n    <\/a>\n\n    <a class=\"lk-stay-card\" href=\"https:\/\/www.stay22.com\/allez\/roam?aid=lukaskonecny&#038;campaign=loudavymkrokemcz&#038;campaign=es&#038;campaign=covidetvcartagene&#038;address=cartagena\" target=\"_blank\" rel=\"nofollow noopener\">\n      <span class=\"lk-stay-badge badge-nature\">\ud83d\udd0d Buscar<\/span>\n      <div class=\"lk-stay-name\">Ver todos los alojamientos en Cartagena<\/div>\n      <div class=\"lk-stay-desc\">Explore todas las opciones de alojamiento disponibles en Cartagena y encuentre la mejor seg\u00fan sus preferencias y presupuesto.<\/div>\n      <div class=\"lk-stay-meta\">\n        <span class=\"lk-stay-stars\">\u2605\u2605\u2605\u2605<\/span>\n        <span class=\"lk-stay-price\">Comparar precios<\/span>\n      <\/div>\n      <span class=\"lk-stay-cta\">\n        <svg width=\"14\" height=\"14\" viewBox=\"0 0 24 24\" fill=\"none\" stroke=\"currentColor\" stroke-width=\"2\"><path d=\"M18 13v6a2 2 0 0 1-2 2H5a2 2 0 0 1-2-2V8a2 2 0 0 1 2-2h6\"\/><polyline points=\"15 3 21 3 21 9\"\/><line x1=\"10\" y1=\"14\" x2=\"21\" y2=\"3\"\/><\/svg>\n        Comprobar disponibilidad\n      <\/span>\n    <\/a>\n\n  <\/div>\n\n  \n<\/div>\n\n\n\n\n<h3 class=\"wp-block-heading\"><span class=\"ez-toc-section\" id=\"13_Bares_de_azotea_y_vistas_de_lujo\"><\/span>13. Bares de azotea y vistas de lujo<span class=\"ez-toc-section-end\"><\/span><\/h3>\n\n\n\n<p class=\"wp-block-paragraph\">Cartagena es famosa en todo el mundo por su desarrollada cultura de rooftop bars, desde los que la vista de la ciudad iluminada de noche es absolutamente impresionante. <strong>El mirador mejor valorado dentro de las viejas murallas es el Mirador Gastro Bar (estupenda valoraci\u00f3n de 4,6)<\/strong>, donde puedes disfrutar de excelentes c\u00f3cteles de autor con vistas directas y sin obst\u00e1culos a la Torre del Reloj y al incesante bullicio de la plaza justo debajo de ti.<\/p>\n\n\n\n<p class=\"wp-block-paragraph\">Si prefieres el ambiente m\u00e1s relajado y bohemio del barrio de Getseman\u00ed, <strong>dir\u00edgete sin duda al Baroca Sabor Ancestral (valoraci\u00f3n 4,8) o a la estilosa Casa Pura Rooftop (valoraci\u00f3n 4,6)<\/strong>. Aqu\u00ed se mezclan de forma totalmente natural los ardientes ritmos caribe\u00f1os con la mixolog\u00eda moderna y los atardeceres son absolutamente inolvidables.<\/p>\n\n\n\n<p class=\"wp-block-paragraph\">Para los verdaderos amantes de las alturas extremas est\u00e1 el <strong>exclusivo 51 Sky Bar en el moderno barrio de Bocagrande (valoraci\u00f3n 4,2), sin duda el bar m\u00e1s alto de toda la ciudad<\/strong>. La vista desde la planta 51 al reluciente casco antiguo y al oscuro e infinito oc\u00e9ano es incre\u00edble, pero cuenta con que los precios de las copas se corresponden plenamente con el lujo y la exclusividad de este lugar.<\/p>\n\n\n\n<figure data-wp-context=\"{&quot;imageId&quot;:&quot;6a9c1d551b497&quot;}\" data-wp-interactive=\"core\/image\" data-wp-key=\"6a9c1d551b497\" class=\"wp-block-image size-full wp-lightbox-container\"><img decoding=\"async\" width=\"1600\" height=\"1200\" data-wp-class--hide=\"state.isContentHidden\" data-wp-class--show=\"state.isContentVisible\" data-wp-init=\"callbacks.setButtonStyles\" data-wp-on--click=\"actions.showLightbox\" data-wp-on--load=\"callbacks.setButtonStyles\" data-wp-on--pointerdown=\"actions.preloadImage\" data-wp-on--pointerenter=\"actions.preloadImageWithDelay\" data-wp-on--pointerleave=\"actions.cancelPreload\" data-wp-on-window--resize=\"callbacks.setButtonStyles\" src=\"https:\/\/loudavymkrokem.cz\/wp-content\/uploads\/2026\/09\/insert-415557-14.jpg\" alt=\"Atardecer en las murallas junto al Caf\u00e9 del Mar\" class=\"wp-image-415915\" title=\"\" srcset=\"https:\/\/loudavymkrokem.cz\/wp-content\/uploads\/2026\/09\/insert-415557-14.jpg 1600w, https:\/\/loudavymkrokem.cz\/wp-content\/uploads\/2026\/09\/insert-415557-14-300x225.jpg 300w, https:\/\/loudavymkrokem.cz\/wp-content\/uploads\/2026\/09\/insert-415557-14-700x525.jpg 700w, https:\/\/loudavymkrokem.cz\/wp-content\/uploads\/2026\/09\/insert-415557-14-768x576.jpg 768w, https:\/\/loudavymkrokem.cz\/wp-content\/uploads\/2026\/09\/insert-415557-14-1536x1152.jpg 1536w, https:\/\/loudavymkrokem.cz\/wp-content\/uploads\/2026\/09\/insert-415557-14-80x60.jpg 80w, https:\/\/loudavymkrokem.cz\/wp-content\/uploads\/2026\/09\/insert-415557-14-160x120.jpg 160w, https:\/\/loudavymkrokem.cz\/wp-content\/uploads\/2026\/09\/insert-415557-14-696x522.jpg 696w, https:\/\/loudavymkrokem.cz\/wp-content\/uploads\/2026\/09\/insert-415557-14-1392x1044.jpg 1392w\" sizes=\"(max-width: 1600px) 100vw, 1600px\" \/><button\n\t\t\tclass=\"lightbox-trigger\"\n\t\t\ttype=\"button\"\n\t\t\taria-haspopup=\"dialog\"\n\t\t\tdata-wp-bind--aria-label=\"state.thisImage.triggerButtonAriaLabel\"\n\t\t\tdata-wp-init=\"callbacks.initTriggerButton\"\n\t\t\tdata-wp-on--click=\"actions.showLightbox\"\n\t\t\tdata-wp-style--right=\"state.thisImage.buttonRight\"\n\t\t\tdata-wp-style--top=\"state.thisImage.buttonTop\"\n\t\t>\n\t\t\t<svg xmlns=\"http:\/\/www.w3.org\/2000\/svg\" width=\"12\" height=\"12\" fill=\"none\" viewBox=\"0 0 12 12\">\n\t\t\t\t<path fill=\"#fff\" d=\"M2 0a2 2 0 0 0-2 2v2h1.5V2a.5.5 0 0 1 .5-.5h2V0H2Zm2 10.5H2a.5.5 0 0 1-.5-.5V8H0v2a2 2 0 0 0 2 2h2v-1.5ZM8 12v-1.5h2a.5.5 0 0 0 .5-.5V8H12v2a2 2 0 0 1-2 2H8Zm2-12a2 2 0 0 1 2 2v2h-1.5V2a.5.5 0 0 0-.5-.5H8V0h2Z\" \/>\n\t\t\t<\/svg>\n\t\t<\/button><figcaption class=\"wp-element-caption\">Foto: Teresa Alice Rossell Malinsky \/ Google Maps<\/figcaption><\/figure>\n\n\n\n<h3 class=\"wp-block-heading\"><span class=\"ez-toc-section\" id=\"14_El_atardecer_en_las_murallas_Cafe_del_Mar\"><\/span>14. El atardecer en las murallas (Caf\u00e9 del Mar)<span class=\"ez-toc-section-end\"><\/span><\/h3>\n\n\n\n<p class=\"wp-block-paragraph\">No hay quiz\u00e1 ritual m\u00e1s conocido e ic\u00f3nico en toda Cartagena que <strong>contemplar el atardecer desde las macizas murallas hist\u00f3ricas<\/strong>. El punto neur\u00e1lgico tradicional de este acontecimiento diario es el famoso Caf\u00e9 del Mar, que ocupa un enorme y estrat\u00e9gico saliente de las fortificaciones, con la mejor vista posible al inmenso oc\u00e9ano y al disco solar que se pone.<\/p>\n\n\n\n<p class=\"wp-block-paragraph\">Pero hay que decir la verdad sin rodeos: <strong>las copas y la comida en este local est\u00e1n muy sobrevaloradas<\/strong> y a menudo, ya una hora antes del atardecer, se forman colas realmente largas para una mesa libre. La vista, por suerte, no est\u00e1 sobrevalorada y puede disfrutarla cualquiera. \ud83d\udca1 <strong>Consejo:<\/strong> No hace falta pagar por una cara mesa en el restaurante. Basta con sentarse c\u00f3modamente en el ancho murete de piedra de las murallas justo al lado de la cafeter\u00eda, <strong>comprar una cerveza bien fr\u00eda a un vendedor ambulante por una fracci\u00f3n del precio<\/strong> y disfrutar de una experiencia id\u00e9ntica, si no mejor y m\u00e1s aut\u00e9ntica, junto a los locales.<\/p>\n\n\n\n<p class=\"wp-block-paragraph\">Ya elijas una mesa c\u00f3moda en el local o el rom\u00e1ntico murete, <strong>llega siempre al menos una hora antes del propio atardecer<\/strong>, porque los tramos con la mejor vista se llenan a una velocidad incre\u00edble.<\/p>\n\n\n\n<figure data-wp-context=\"{&quot;imageId&quot;:&quot;6a9c1d551bb4e&quot;}\" data-wp-interactive=\"core\/image\" data-wp-key=\"6a9c1d551bb4e\" class=\"wp-block-image size-full wp-lightbox-container\"><img decoding=\"async\" width=\"1600\" height=\"1200\" data-wp-class--hide=\"state.isContentHidden\" data-wp-class--show=\"state.isContentVisible\" data-wp-init=\"callbacks.setButtonStyles\" data-wp-on--click=\"actions.showLightbox\" data-wp-on--load=\"callbacks.setButtonStyles\" data-wp-on--pointerdown=\"actions.preloadImage\" data-wp-on--pointerenter=\"actions.preloadImageWithDelay\" data-wp-on--pointerleave=\"actions.cancelPreload\" data-wp-on-window--resize=\"callbacks.setButtonStyles\" src=\"https:\/\/loudavymkrokem.cz\/wp-content\/uploads\/2026\/09\/pl-e-bocagrande.jpg\" alt=\"Playas de Bocagrande y Castillogrande (rese\u00f1a sincera)\" class=\"wp-image-415723\" title=\"\" srcset=\"https:\/\/loudavymkrokem.cz\/wp-content\/uploads\/2026\/09\/pl-e-bocagrande.jpg 1600w, https:\/\/loudavymkrokem.cz\/wp-content\/uploads\/2026\/09\/pl-e-bocagrande-300x225.jpg 300w, https:\/\/loudavymkrokem.cz\/wp-content\/uploads\/2026\/09\/pl-e-bocagrande-700x525.jpg 700w, https:\/\/loudavymkrokem.cz\/wp-content\/uploads\/2026\/09\/pl-e-bocagrande-768x576.jpg 768w, https:\/\/loudavymkrokem.cz\/wp-content\/uploads\/2026\/09\/pl-e-bocagrande-1536x1152.jpg 1536w, https:\/\/loudavymkrokem.cz\/wp-content\/uploads\/2026\/09\/pl-e-bocagrande-80x60.jpg 80w, https:\/\/loudavymkrokem.cz\/wp-content\/uploads\/2026\/09\/pl-e-bocagrande-160x120.jpg 160w, https:\/\/loudavymkrokem.cz\/wp-content\/uploads\/2026\/09\/pl-e-bocagrande-696x522.jpg 696w, https:\/\/loudavymkrokem.cz\/wp-content\/uploads\/2026\/09\/pl-e-bocagrande-1392x1044.jpg 1392w\" sizes=\"(max-width: 1600px) 100vw, 1600px\" \/><button\n\t\t\tclass=\"lightbox-trigger\"\n\t\t\ttype=\"button\"\n\t\t\taria-haspopup=\"dialog\"\n\t\t\tdata-wp-bind--aria-label=\"state.thisImage.triggerButtonAriaLabel\"\n\t\t\tdata-wp-init=\"callbacks.initTriggerButton\"\n\t\t\tdata-wp-on--click=\"actions.showLightbox\"\n\t\t\tdata-wp-style--right=\"state.thisImage.buttonRight\"\n\t\t\tdata-wp-style--top=\"state.thisImage.buttonTop\"\n\t\t>\n\t\t\t<svg xmlns=\"http:\/\/www.w3.org\/2000\/svg\" width=\"12\" height=\"12\" fill=\"none\" viewBox=\"0 0 12 12\">\n\t\t\t\t<path fill=\"#fff\" d=\"M2 0a2 2 0 0 0-2 2v2h1.5V2a.5.5 0 0 1 .5-.5h2V0H2Zm2 10.5H2a.5.5 0 0 1-.5-.5V8H0v2a2 2 0 0 0 2 2h2v-1.5ZM8 12v-1.5h2a.5.5 0 0 0 .5-.5V8H12v2a2 2 0 0 1-2 2H8Zm2-12a2 2 0 0 1 2 2v2h-1.5V2a.5.5 0 0 0-.5-.5H8V0h2Z\" \/>\n\t\t\t<\/svg>\n\t\t<\/button><figcaption class=\"wp-element-caption\">Foto: Isabel Cristina V\u00e1squez Mej\u00eda \/ Google Maps<\/figcaption><\/figure>\n\n\n\n<h3 class=\"wp-block-heading\"><span class=\"ez-toc-section\" id=\"15_Playas_de_Bocagrande_y_Castillogrande_resena_sincera\"><\/span>15. Playas de Bocagrande y Castillogrande (rese\u00f1a sincera)<span class=\"ez-toc-section-end\"><\/span><\/h3>\n\n\n\n<p class=\"wp-block-paragraph\">Sobre las playas que est\u00e1n justo en la ciudad, las gu\u00edas escriben a menudo bastantes bulos rom\u00e1nticos poco realistas, as\u00ed que aqu\u00ed va la verdad pura y sin distorsiones. <strong>La playa urbana de Playa de Bocagrande tiene en internet una valoraci\u00f3n de 4,3, pero el agua aqu\u00ed suele estar turbia y marr\u00f3n<\/strong>. Es un sitio enormemente pr\u00e1ctico si solo quieres refrescarte r\u00e1pido a un paso de tu hotel de altura, pero visualmente no es desde luego ning\u00fan para\u00edso caribe\u00f1o y, adem\u00e1s, la playa est\u00e1 constantemente asediada por decenas de vendedores de masajes y de sombrillas caras.<\/p>\n\n\n\n<p class=\"wp-block-paragraph\">Una situaci\u00f3n notablemente mejor y m\u00e1s soportable reina un poco m\u00e1s all\u00e1, en <strong>Playa Castillogrande (valoraci\u00f3n 4,5)<\/strong>. Esta parte concreta de la pen\u00ednsula es mucho m\u00e1s tranquila, aqu\u00ed vienen a pasar el tiempo sobre todo familias locales y el agua suele estar algo m\u00e1s limpia y calmada, aunque tampoco esperes ese verdadero color turquesa. Es, eso s\u00ed, un lugar ideal para un tranquilo paseo matutino junto al mar.<\/p>\n\n\n\n<p class=\"wp-block-paragraph\">Si quieres pasar todo el d\u00eda en una bonita playa con un libro en la mano, <strong>en la propia ciudad no merece la pena de verdad<\/strong>. Para las aut\u00e9nticas playas caribe\u00f1as de cat\u00e1logo tienes que ir un poco m\u00e1s lejos, fuera de la ciudad: en barco a las islas de coral o en coche a la popular pen\u00ednsula de Bar\u00fa.<\/p>\n\n\n\n<figure data-wp-context=\"{&quot;imageId&quot;:&quot;6a9c1d551c157&quot;}\" data-wp-interactive=\"core\/image\" data-wp-key=\"6a9c1d551c157\" class=\"wp-block-image size-full wp-lightbox-container\"><img decoding=\"async\" width=\"1600\" height=\"1200\" data-wp-class--hide=\"state.isContentHidden\" data-wp-class--show=\"state.isContentVisible\" data-wp-init=\"callbacks.setButtonStyles\" data-wp-on--click=\"actions.showLightbox\" data-wp-on--load=\"callbacks.setButtonStyles\" data-wp-on--pointerdown=\"actions.preloadImage\" data-wp-on--pointerenter=\"actions.preloadImageWithDelay\" data-wp-on--pointerleave=\"actions.cancelPreload\" data-wp-on-window--resize=\"callbacks.setButtonStyles\" src=\"https:\/\/loudavymkrokem.cz\/wp-content\/uploads\/2026\/09\/islas-del-rosario.jpg\" alt=\"Islas del Rosario y la trampa del dinero\" class=\"wp-image-415726\" title=\"\" srcset=\"https:\/\/loudavymkrokem.cz\/wp-content\/uploads\/2026\/09\/islas-del-rosario.jpg 1600w, https:\/\/loudavymkrokem.cz\/wp-content\/uploads\/2026\/09\/islas-del-rosario-300x225.jpg 300w, https:\/\/loudavymkrokem.cz\/wp-content\/uploads\/2026\/09\/islas-del-rosario-700x525.jpg 700w, https:\/\/loudavymkrokem.cz\/wp-content\/uploads\/2026\/09\/islas-del-rosario-768x576.jpg 768w, https:\/\/loudavymkrokem.cz\/wp-content\/uploads\/2026\/09\/islas-del-rosario-1536x1152.jpg 1536w, https:\/\/loudavymkrokem.cz\/wp-content\/uploads\/2026\/09\/islas-del-rosario-80x60.jpg 80w, https:\/\/loudavymkrokem.cz\/wp-content\/uploads\/2026\/09\/islas-del-rosario-160x120.jpg 160w, https:\/\/loudavymkrokem.cz\/wp-content\/uploads\/2026\/09\/islas-del-rosario-696x522.jpg 696w, https:\/\/loudavymkrokem.cz\/wp-content\/uploads\/2026\/09\/islas-del-rosario-1392x1044.jpg 1392w\" sizes=\"(max-width: 1600px) 100vw, 1600px\" \/><button\n\t\t\tclass=\"lightbox-trigger\"\n\t\t\ttype=\"button\"\n\t\t\taria-haspopup=\"dialog\"\n\t\t\tdata-wp-bind--aria-label=\"state.thisImage.triggerButtonAriaLabel\"\n\t\t\tdata-wp-init=\"callbacks.initTriggerButton\"\n\t\t\tdata-wp-on--click=\"actions.showLightbox\"\n\t\t\tdata-wp-style--right=\"state.thisImage.buttonRight\"\n\t\t\tdata-wp-style--top=\"state.thisImage.buttonTop\"\n\t\t>\n\t\t\t<svg xmlns=\"http:\/\/www.w3.org\/2000\/svg\" width=\"12\" height=\"12\" fill=\"none\" viewBox=\"0 0 12 12\">\n\t\t\t\t<path fill=\"#fff\" d=\"M2 0a2 2 0 0 0-2 2v2h1.5V2a.5.5 0 0 1 .5-.5h2V0H2Zm2 10.5H2a.5.5 0 0 1-.5-.5V8H0v2a2 2 0 0 0 2 2h2v-1.5ZM8 12v-1.5h2a.5.5 0 0 0 .5-.5V8H12v2a2 2 0 0 1-2 2H8Zm2-12a2 2 0 0 1 2 2v2h-1.5V2a.5.5 0 0 0-.5-.5H8V0h2Z\" \/>\n\t\t\t<\/svg>\n\t\t<\/button><figcaption class=\"wp-element-caption\">Foto: Frankoys23 \/ Google Maps<\/figcaption><\/figure>\n\n\n\n<h3 class=\"wp-block-heading\"><span class=\"ez-toc-section\" id=\"16_Islas_del_Rosario_y_la_trampa_del_dinero\"><\/span>16. Islas del Rosario y la trampa del dinero<span class=\"ez-toc-section-end\"><\/span><\/h3>\n\n\n\n<p class=\"wp-block-paragraph\">El precioso archipi\u00e9lago de las Islas del Rosario se encuentra en un <a href=\"https:\/\/www.parquesnacionales.gov.co\/\" rel=\"nofollow noopener\" target=\"_blank\">parque nacional<\/a> protegido, a menos de una hora en lancha r\u00e1pida desde Cartagena, y es por fin el aut\u00e9ntico sue\u00f1o caribe\u00f1o con arrecifes de coral y arena blanca. <strong>Pero aqu\u00ed hay una enorme trampa tur\u00edstica que pilla a la mayor\u00eda de los turistas no preparados (cargos ocultos inesperados)<\/strong>. Y es que, compres al precio que compres la excursi\u00f3n en la ciudad, casi nunca incluye las tasas portuarias obligatorias.<\/p>\n\n\n\n<p class=\"wp-block-paragraph\"><strong>La entrada al propio parque nacional te saldr\u00e1 por unos 25.000 a 31.500 COP por persona y, adem\u00e1s, se paga un seguro mar\u00edtimo obligatorio de unos 8.800 COP<\/strong>. En total son unos 40.000 COP que <strong>debes pagar exclusivamente en efectivo directamente en el muelle<\/strong> antes de subir a la lancha. Si en ese momento no llevas billetes encima, simplemente no te dejan subir y la excursi\u00f3n se pierde. \ud83d\udca1 <strong>Consejo:<\/strong> Saca dinero en los cajeros (fiables son Bancolombia o Davivienda) con calma el d\u00eda antes, porque por la ma\u00f1ana, junto al puerto, los cajeros suelen estar completamente vac\u00edos.<\/p>\n\n\n\n<p class=\"wp-block-paragraph\">Las islas en s\u00ed son preciosas y absolutamente ideales para <strong>hacer snorkel todo el d\u00eda<\/strong>. Pero te estropear\u00e1s mucho toda la experiencia si por la ma\u00f1ana, junto al ruidoso puerto, acabas discutiendo <strong>por unas tasas<\/strong> de las que la agencia no te dijo nada de antemano.<\/p>\n\n\n\n<figure data-wp-context=\"{&quot;imageId&quot;:&quot;6a9c1d551c72f&quot;}\" data-wp-interactive=\"core\/image\" data-wp-key=\"6a9c1d551c72f\" class=\"wp-block-image size-full wp-lightbox-container\"><img decoding=\"async\" width=\"1600\" height=\"1200\" data-wp-class--hide=\"state.isContentHidden\" data-wp-class--show=\"state.isContentVisible\" data-wp-init=\"callbacks.setButtonStyles\" data-wp-on--click=\"actions.showLightbox\" data-wp-on--load=\"callbacks.setButtonStyles\" data-wp-on--pointerdown=\"actions.preloadImage\" data-wp-on--pointerenter=\"actions.preloadImageWithDelay\" data-wp-on--pointerleave=\"actions.cancelPreload\" data-wp-on-window--resize=\"callbacks.setButtonStyles\" src=\"https:\/\/loudavymkrokem.cz\/wp-content\/uploads\/2026\/09\/ostrovn-beach-cluby.jpg\" alt=\"Beach clubs de las islas (en lugar de playas p\u00fablicas)\" class=\"wp-image-415727\" title=\"\" srcset=\"https:\/\/loudavymkrokem.cz\/wp-content\/uploads\/2026\/09\/ostrovn-beach-cluby.jpg 1600w, https:\/\/loudavymkrokem.cz\/wp-content\/uploads\/2026\/09\/ostrovn-beach-cluby-300x225.jpg 300w, https:\/\/loudavymkrokem.cz\/wp-content\/uploads\/2026\/09\/ostrovn-beach-cluby-700x525.jpg 700w, https:\/\/loudavymkrokem.cz\/wp-content\/uploads\/2026\/09\/ostrovn-beach-cluby-768x576.jpg 768w, https:\/\/loudavymkrokem.cz\/wp-content\/uploads\/2026\/09\/ostrovn-beach-cluby-1536x1152.jpg 1536w, https:\/\/loudavymkrokem.cz\/wp-content\/uploads\/2026\/09\/ostrovn-beach-cluby-80x60.jpg 80w, https:\/\/loudavymkrokem.cz\/wp-content\/uploads\/2026\/09\/ostrovn-beach-cluby-160x120.jpg 160w, https:\/\/loudavymkrokem.cz\/wp-content\/uploads\/2026\/09\/ostrovn-beach-cluby-696x522.jpg 696w, https:\/\/loudavymkrokem.cz\/wp-content\/uploads\/2026\/09\/ostrovn-beach-cluby-1392x1044.jpg 1392w\" sizes=\"(max-width: 1600px) 100vw, 1600px\" \/><button\n\t\t\tclass=\"lightbox-trigger\"\n\t\t\ttype=\"button\"\n\t\t\taria-haspopup=\"dialog\"\n\t\t\tdata-wp-bind--aria-label=\"state.thisImage.triggerButtonAriaLabel\"\n\t\t\tdata-wp-init=\"callbacks.initTriggerButton\"\n\t\t\tdata-wp-on--click=\"actions.showLightbox\"\n\t\t\tdata-wp-style--right=\"state.thisImage.buttonRight\"\n\t\t\tdata-wp-style--top=\"state.thisImage.buttonTop\"\n\t\t>\n\t\t\t<svg xmlns=\"http:\/\/www.w3.org\/2000\/svg\" width=\"12\" height=\"12\" fill=\"none\" viewBox=\"0 0 12 12\">\n\t\t\t\t<path fill=\"#fff\" d=\"M2 0a2 2 0 0 0-2 2v2h1.5V2a.5.5 0 0 1 .5-.5h2V0H2Zm2 10.5H2a.5.5 0 0 1-.5-.5V8H0v2a2 2 0 0 0 2 2h2v-1.5ZM8 12v-1.5h2a.5.5 0 0 0 .5-.5V8H12v2a2 2 0 0 1-2 2H8Zm2-12a2 2 0 0 1 2 2v2h-1.5V2a.5.5 0 0 0-.5-.5H8V0h2Z\" \/>\n\t\t\t<\/svg>\n\t\t<\/button><figcaption class=\"wp-element-caption\">Foto: IBBIZA ISLAND BEACH CLUB \/ Google Maps<\/figcaption><\/figure>\n\n\n\n<h3 class=\"wp-block-heading\"><span class=\"ez-toc-section\" id=\"17_Beach_clubs_de_las_islas_en_lugar_de_playas_publicas\"><\/span>17. Beach clubs de las islas (en lugar de playas p\u00fablicas)<span class=\"ez-toc-section-end\"><\/span><\/h3>\n\n\n\n<p class=\"wp-block-paragraph\">En lugar de ir a las playas p\u00fablicas de las islas, corrientes y a menudo extremadamente abarrotadas, <strong>te recomiendo encarecidamente reservar el llamado day pass en uno de los muchos beach clubs privados<\/strong>. Es m\u00e1s caro, pero tendr\u00e1s tu propia hamaca, agua limpia y, sobre todo, tranquilidad respecto a los vendedores que, de otro modo, te incordian cada dos minutos para que compres souvenirs.<\/p>\n\n\n\n<p class=\"wp-block-paragraph\">Una opci\u00f3n absolutamente estupenda es el <strong>Capri Beach Club (fant\u00e1stica valoraci\u00f3n de 4,9) en la Isla Grande<\/strong>, donde encontrar\u00e1s una tranquilidad perfecta, un servicio excelente y un agua turquesa cristalina. Si buscas m\u00e1s bien un ambiente moderno y estiloso de fiesta con excelente gastronom\u00eda y estupendos c\u00f3cteles, ve sin falta al <strong>Blue Apple Beach (valoraci\u00f3n 4,7) en la m\u00e1s cercana Isla Tierra Bomba<\/strong>.<\/p>\n\n\n\n<p class=\"wp-block-paragraph\">Y si no te apetece nada viajar lejos en barco pero aun as\u00ed quieres disfrutar del m\u00e1ximo confort de playa y copas junto al agua, en la propia ciudad, en el m\u00e1s tranquilo barrio de Manga, funciona el <strong>club urbano Bendita Beach (valoraci\u00f3n 4,7) con una preciosa piscina<\/strong>, donde te cuidan a cuerpo de rey todo el d\u00eda.<\/p>\n\n\n\n<figure data-wp-context=\"{&quot;imageId&quot;:&quot;6a9c1d551cdb3&quot;}\" data-wp-interactive=\"core\/image\" data-wp-key=\"6a9c1d551cdb3\" class=\"wp-block-image size-full wp-lightbox-container\"><img decoding=\"async\" width=\"1200\" height=\"675\" data-wp-class--hide=\"state.isContentHidden\" data-wp-class--show=\"state.isContentVisible\" data-wp-init=\"callbacks.setButtonStyles\" data-wp-on--click=\"actions.showLightbox\" data-wp-on--load=\"callbacks.setButtonStyles\" data-wp-on--pointerdown=\"actions.preloadImage\" data-wp-on--pointerenter=\"actions.preloadImageWithDelay\" data-wp-on--pointerleave=\"actions.cancelPreload\" data-wp-on-window--resize=\"callbacks.setButtonStyles\" src=\"https:\/\/loudavymkrokem.cz\/wp-content\/uploads\/2026\/09\/swap-415557-18-1bdf9f8e.png\" alt=\"Manglares junto al pueblo pesquero de La Boquilla\" class=\"wp-image-415927\" title=\"\" srcset=\"https:\/\/loudavymkrokem.cz\/wp-content\/uploads\/2026\/09\/swap-415557-18-1bdf9f8e.png 1200w, https:\/\/loudavymkrokem.cz\/wp-content\/uploads\/2026\/09\/swap-415557-18-1bdf9f8e-300x169.png 300w, https:\/\/loudavymkrokem.cz\/wp-content\/uploads\/2026\/09\/swap-415557-18-1bdf9f8e-700x394.png 700w, https:\/\/loudavymkrokem.cz\/wp-content\/uploads\/2026\/09\/swap-415557-18-1bdf9f8e-768x432.png 768w, https:\/\/loudavymkrokem.cz\/wp-content\/uploads\/2026\/09\/swap-415557-18-1bdf9f8e-696x392.png 696w\" sizes=\"(max-width: 1200px) 100vw, 1200px\" \/><button\n\t\t\tclass=\"lightbox-trigger\"\n\t\t\ttype=\"button\"\n\t\t\taria-haspopup=\"dialog\"\n\t\t\tdata-wp-bind--aria-label=\"state.thisImage.triggerButtonAriaLabel\"\n\t\t\tdata-wp-init=\"callbacks.initTriggerButton\"\n\t\t\tdata-wp-on--click=\"actions.showLightbox\"\n\t\t\tdata-wp-style--right=\"state.thisImage.buttonRight\"\n\t\t\tdata-wp-style--top=\"state.thisImage.buttonTop\"\n\t\t>\n\t\t\t<svg xmlns=\"http:\/\/www.w3.org\/2000\/svg\" width=\"12\" height=\"12\" fill=\"none\" viewBox=\"0 0 12 12\">\n\t\t\t\t<path fill=\"#fff\" d=\"M2 0a2 2 0 0 0-2 2v2h1.5V2a.5.5 0 0 1 .5-.5h2V0H2Zm2 10.5H2a.5.5 0 0 1-.5-.5V8H0v2a2 2 0 0 0 2 2h2v-1.5ZM8 12v-1.5h2a.5.5 0 0 0 .5-.5V8H12v2a2 2 0 0 1-2 2H8Zm2-12a2 2 0 0 1 2 2v2h-1.5V2a.5.5 0 0 0-.5-.5H8V0h2Z\" \/>\n\t\t\t<\/svg>\n\t\t<\/button><figcaption class=\"wp-element-caption\">Foto: ECOTOURS BOQUILLA \/ Google Maps<\/figcaption><\/figure>\n\n\n\n<h3 class=\"wp-block-heading\"><span class=\"ez-toc-section\" id=\"18_El_pueblo_pesquero_de_La_Boquilla_y_los_manglares\"><\/span>18. El pueblo pesquero de La Boquilla y los manglares<span class=\"ez-toc-section-end\"><\/span><\/h3>\n\n\n\n<p class=\"wp-block-paragraph\">Si quieres vivir en la ciudad algo completamente distinto al reluciente centro colonial y, a la vez, apoyar con tu dinero directamente a la comunidad local, <strong>ve al norte de la ciudad, al aut\u00e9ntico pueblo pesquero de La Boquilla<\/strong>. Aqu\u00ed conocer\u00e1s por fin la cara m\u00e1s cruda y mucho m\u00e1s tradicional afrocolombiana de toda la regi\u00f3n caribe\u00f1a, que del centro ya ha desaparecido.<\/p>\n\n\n\n<p class=\"wp-block-paragraph\">El principal atractivo es aqu\u00ed <strong>un fascinante paseo en canoa tradicional de madera a trav\u00e9s de dens\u00edsimos bosques de manglares<\/strong>. Los pescadores locales experimentados te llevan por la mara\u00f1a de tranquilos canales de agua, donde puedes observar de cerca elegantes garzas, cangrejos escondidos entre las ra\u00edces y escuchar el silencio absoluto, roto solo por el sereno chapoteo de los remos de madera.<\/p>\n\n\n\n<p class=\"wp-block-paragraph\">Esta discreta excursi\u00f3n ecol\u00f3gica es una de las pocas experiencias en Cartagena donde <strong>tu dinero queda directamente en manos de la comunidad local<\/strong>, que se esfuerza a m\u00e1s no poder por mantener su tradicional sustento pesquero frente a los modernos hoteles que crecen de forma agresiva en los alrededores.<\/p>\n\n\n\n<figure data-wp-context=\"{&quot;imageId&quot;:&quot;6a9c1d551d58a&quot;}\" data-wp-interactive=\"core\/image\" data-wp-key=\"6a9c1d551d58a\" class=\"wp-block-image size-full wp-lightbox-container\"><img decoding=\"async\" width=\"1600\" height=\"1200\" data-wp-class--hide=\"state.isContentHidden\" data-wp-class--show=\"state.isContentVisible\" data-wp-init=\"callbacks.setButtonStyles\" data-wp-on--click=\"actions.showLightbox\" data-wp-on--load=\"callbacks.setButtonStyles\" data-wp-on--pointerdown=\"actions.preloadImage\" data-wp-on--pointerenter=\"actions.preloadImageWithDelay\" data-wp-on--pointerleave=\"actions.cancelPreload\" data-wp-on-window--resize=\"callbacks.setButtonStyles\" src=\"https:\/\/loudavymkrokem.cz\/wp-content\/uploads\/2026\/09\/swap-415557-19-48814361.jpg\" alt=\"Mercado de Bazurto en Cartagena\" class=\"wp-image-415919\" title=\"\" srcset=\"https:\/\/loudavymkrokem.cz\/wp-content\/uploads\/2026\/09\/swap-415557-19-48814361.jpg 1600w, https:\/\/loudavymkrokem.cz\/wp-content\/uploads\/2026\/09\/swap-415557-19-48814361-300x225.jpg 300w, https:\/\/loudavymkrokem.cz\/wp-content\/uploads\/2026\/09\/swap-415557-19-48814361-700x525.jpg 700w, https:\/\/loudavymkrokem.cz\/wp-content\/uploads\/2026\/09\/swap-415557-19-48814361-768x576.jpg 768w, https:\/\/loudavymkrokem.cz\/wp-content\/uploads\/2026\/09\/swap-415557-19-48814361-1536x1152.jpg 1536w, https:\/\/loudavymkrokem.cz\/wp-content\/uploads\/2026\/09\/swap-415557-19-48814361-80x60.jpg 80w, https:\/\/loudavymkrokem.cz\/wp-content\/uploads\/2026\/09\/swap-415557-19-48814361-160x120.jpg 160w, https:\/\/loudavymkrokem.cz\/wp-content\/uploads\/2026\/09\/swap-415557-19-48814361-696x522.jpg 696w, https:\/\/loudavymkrokem.cz\/wp-content\/uploads\/2026\/09\/swap-415557-19-48814361-1392x1044.jpg 1392w\" sizes=\"(max-width: 1600px) 100vw, 1600px\" \/><button\n\t\t\tclass=\"lightbox-trigger\"\n\t\t\ttype=\"button\"\n\t\t\taria-haspopup=\"dialog\"\n\t\t\tdata-wp-bind--aria-label=\"state.thisImage.triggerButtonAriaLabel\"\n\t\t\tdata-wp-init=\"callbacks.initTriggerButton\"\n\t\t\tdata-wp-on--click=\"actions.showLightbox\"\n\t\t\tdata-wp-style--right=\"state.thisImage.buttonRight\"\n\t\t\tdata-wp-style--top=\"state.thisImage.buttonTop\"\n\t\t>\n\t\t\t<svg xmlns=\"http:\/\/www.w3.org\/2000\/svg\" width=\"12\" height=\"12\" fill=\"none\" viewBox=\"0 0 12 12\">\n\t\t\t\t<path fill=\"#fff\" d=\"M2 0a2 2 0 0 0-2 2v2h1.5V2a.5.5 0 0 1 .5-.5h2V0H2Zm2 10.5H2a.5.5 0 0 1-.5-.5V8H0v2a2 2 0 0 0 2 2h2v-1.5ZM8 12v-1.5h2a.5.5 0 0 0 .5-.5V8H12v2a2 2 0 0 1-2 2H8Zm2-12a2 2 0 0 1 2 2v2h-1.5V2a.5.5 0 0 0-.5-.5H8V0h2Z\" \/>\n\t\t\t<\/svg>\n\t\t<\/button><figcaption class=\"wp-element-caption\">Foto: Juan David \/ Google Maps<\/figcaption><\/figure>\n\n\n\n<h3 class=\"wp-block-heading\"><span class=\"ez-toc-section\" id=\"19_Mercado_de_Bazurto_solo_para_valientes\"><\/span>19. Mercado de Bazurto (solo para valientes)<span class=\"ez-toc-section-end\"><\/span><\/h3>\n\n\n\n<p class=\"wp-block-paragraph\">El <strong>mercado de Bazurto<\/strong> es enorme, ruidoso, ca\u00f3tico y, en algunos puntos, sinceramente bastante sucio, y su valoraci\u00f3n media de 3,7 con m\u00e1s de 12.000 rese\u00f1as lo dice todo. No es una atracci\u00f3n tur\u00edstica, es <strong>la realidad cotidiana de la vida colombiana<\/strong>. Aqu\u00ed se vende absolutamente de todo lo imaginable, desde carne cruda colgada de ganchos bajo un calor enorme, pasando por enormes monta\u00f1as de fruta ex\u00f3tica, hasta ropa de marca y electr\u00f3nica falsificadas.<\/p>\n\n\n\n<p class=\"wp-block-paragraph\"><strong>Por razones de seguridad, se desaconseja totalmente a los extranjeros venir aqu\u00ed por su cuenta<\/strong>: el laberinto de puestos es enormemente confuso y a menudo operan aqu\u00ed, entre la multitud y sin que te des cuenta, carteristas organizados. Si quieres ver este mercado aut\u00e9ntico, <strong>ve \u00fanicamente muy temprano por la ma\u00f1ana y exclusivamente con un gu\u00eda local con licencia<\/strong>, que sepa exactamente por d\u00f3nde pasar con seguridad.<\/p>\n\n\n\n<p class=\"wp-block-paragraph\"><strong>Con un buen gu\u00eda<\/strong>, en cambio, puede ser una experiencia absolutamente fascinante, en la que probar\u00e1s extra\u00f1as frutas ex\u00f3ticas que no hab\u00edas visto en la vida y ver\u00e1s la verdadera cara no tur\u00edstica de la ciudad, sin oropel. Pero para comprar bonitos souvenirs corrientes no vengas aqu\u00ed desde luego; para eso son <strong>mejores los mercados del centro<\/strong>.<\/p>\n\n\n\n<figure data-wp-context=\"{&quot;imageId&quot;:&quot;6a9c1d551dc3d&quot;}\" data-wp-interactive=\"core\/image\" data-wp-key=\"6a9c1d551dc3d\" class=\"wp-block-image size-full wp-lightbox-container\"><img decoding=\"async\" width=\"1600\" height=\"1200\" data-wp-class--hide=\"state.isContentHidden\" data-wp-class--show=\"state.isContentVisible\" data-wp-init=\"callbacks.setButtonStyles\" data-wp-on--click=\"actions.showLightbox\" data-wp-on--load=\"callbacks.setButtonStyles\" data-wp-on--pointerdown=\"actions.preloadImage\" data-wp-on--pointerenter=\"actions.preloadImageWithDelay\" data-wp-on--pointerleave=\"actions.cancelPreload\" data-wp-on-window--resize=\"callbacks.setButtonStyles\" src=\"https:\/\/loudavymkrokem.cz\/wp-content\/uploads\/2026\/09\/museo-del-chocolate.png\" alt=\"Museo del Chocolate y el cacao colombiano\" class=\"wp-image-415742\" title=\"\" srcset=\"https:\/\/loudavymkrokem.cz\/wp-content\/uploads\/2026\/09\/museo-del-chocolate.png 1600w, https:\/\/loudavymkrokem.cz\/wp-content\/uploads\/2026\/09\/museo-del-chocolate-300x225.png 300w, https:\/\/loudavymkrokem.cz\/wp-content\/uploads\/2026\/09\/museo-del-chocolate-700x525.png 700w, https:\/\/loudavymkrokem.cz\/wp-content\/uploads\/2026\/09\/museo-del-chocolate-768x576.png 768w, https:\/\/loudavymkrokem.cz\/wp-content\/uploads\/2026\/09\/museo-del-chocolate-1536x1152.png 1536w, https:\/\/loudavymkrokem.cz\/wp-content\/uploads\/2026\/09\/museo-del-chocolate-80x60.png 80w, https:\/\/loudavymkrokem.cz\/wp-content\/uploads\/2026\/09\/museo-del-chocolate-160x120.png 160w, https:\/\/loudavymkrokem.cz\/wp-content\/uploads\/2026\/09\/museo-del-chocolate-696x522.png 696w, https:\/\/loudavymkrokem.cz\/wp-content\/uploads\/2026\/09\/museo-del-chocolate-1392x1044.png 1392w\" sizes=\"(max-width: 1600px) 100vw, 1600px\" \/><button\n\t\t\tclass=\"lightbox-trigger\"\n\t\t\ttype=\"button\"\n\t\t\taria-haspopup=\"dialog\"\n\t\t\tdata-wp-bind--aria-label=\"state.thisImage.triggerButtonAriaLabel\"\n\t\t\tdata-wp-init=\"callbacks.initTriggerButton\"\n\t\t\tdata-wp-on--click=\"actions.showLightbox\"\n\t\t\tdata-wp-style--right=\"state.thisImage.buttonRight\"\n\t\t\tdata-wp-style--top=\"state.thisImage.buttonTop\"\n\t\t>\n\t\t\t<svg xmlns=\"http:\/\/www.w3.org\/2000\/svg\" width=\"12\" height=\"12\" fill=\"none\" viewBox=\"0 0 12 12\">\n\t\t\t\t<path fill=\"#fff\" d=\"M2 0a2 2 0 0 0-2 2v2h1.5V2a.5.5 0 0 1 .5-.5h2V0H2Zm2 10.5H2a.5.5 0 0 1-.5-.5V8H0v2a2 2 0 0 0 2 2h2v-1.5ZM8 12v-1.5h2a.5.5 0 0 0 .5-.5V8H12v2a2 2 0 0 1-2 2H8Zm2-12a2 2 0 0 1 2 2v2h-1.5V2a.5.5 0 0 0-.5-.5H8V0h2Z\" \/>\n\t\t\t<\/svg>\n\t\t<\/button><figcaption class=\"wp-element-caption\">Foto: Museo Del Chocolate Colombia &#8211; Cartagena \/ Google Maps<\/figcaption><\/figure>\n\n\n\n<h3 class=\"wp-block-heading\"><span class=\"ez-toc-section\" id=\"20_Museo_del_Chocolate_y_el_cacao_colombiano\"><\/span>20. Museo del Chocolate y el cacao colombiano<span class=\"ez-toc-section-end\"><\/span><\/h3>\n\n\n\n<p class=\"wp-block-paragraph\">Colombia no produce para el mundo entero solo su famoso y estupendo caf\u00e9, sino tambi\u00e9n un cacao absolutamente de primera y de calidad. <strong>Si buscas una gran experiencia (no solo) para familias con ni\u00f1os, visita sin falta el Museo del Chocolate (excelente valoraci\u00f3n de 4,8)<\/strong> directamente en el centro hist\u00f3rico de la ciudad. Es un museo m\u00e1s peque\u00f1o, pero muy interactivo, que te gu\u00eda de forma amena por todo el complejo proceso, desde el cultivo de los granos de cacao hasta la elaboraci\u00f3n de una tableta de delicioso chocolate.<\/p>\n\n\n\n<p class=\"wp-block-paragraph\">Durante la arom\u00e1tica visita <strong>descubrir\u00e1s un mont\u00f3n de curiosidades sorprendentes sobre la historia del chocolate en las culturas precolombinas<\/strong> y, al final, te espera por supuesto una rica y muy generosa degustaci\u00f3n de distintos tipos. Ideal para una tarde calurosa, y ni los vegetarianos ni los amantes del chocolate se arrepienten en absoluto.<\/p>\n\n\n\n<p class=\"wp-block-paragraph\">Adem\u00e1s, en la tiendecita de la salida <strong>puedes comprar los mejores souvenirs comestibles para llevar a la familia<\/strong>, desde cl\u00e1sicos chocolates negros con alto porcentaje de cacao hasta delicados bombones rellenos de fruta caribe\u00f1a ex\u00f3tica.<\/p>\n\n\n\n<figure data-wp-context=\"{&quot;imageId&quot;:&quot;6a9c1d551e3c0&quot;}\" data-wp-interactive=\"core\/image\" data-wp-key=\"6a9c1d551e3c0\" class=\"wp-block-image size-full wp-lightbox-container\"><img decoding=\"async\" width=\"1600\" height=\"1200\" data-wp-class--hide=\"state.isContentHidden\" data-wp-class--show=\"state.isContentVisible\" data-wp-init=\"callbacks.setButtonStyles\" data-wp-on--click=\"actions.showLightbox\" data-wp-on--load=\"callbacks.setButtonStyles\" data-wp-on--pointerdown=\"actions.preloadImage\" data-wp-on--pointerenter=\"actions.preloadImageWithDelay\" data-wp-on--pointerleave=\"actions.cancelPreload\" data-wp-on-window--resize=\"callbacks.setButtonStyles\" src=\"https:\/\/loudavymkrokem.cz\/wp-content\/uploads\/2026\/09\/swap-415557-21-ea1b5cd5.jpg\" alt=\"Comida callejera en Cartagena\" class=\"wp-image-415922\" title=\"\" srcset=\"https:\/\/loudavymkrokem.cz\/wp-content\/uploads\/2026\/09\/swap-415557-21-ea1b5cd5.jpg 1600w, https:\/\/loudavymkrokem.cz\/wp-content\/uploads\/2026\/09\/swap-415557-21-ea1b5cd5-300x225.jpg 300w, https:\/\/loudavymkrokem.cz\/wp-content\/uploads\/2026\/09\/swap-415557-21-ea1b5cd5-700x525.jpg 700w, https:\/\/loudavymkrokem.cz\/wp-content\/uploads\/2026\/09\/swap-415557-21-ea1b5cd5-768x576.jpg 768w, https:\/\/loudavymkrokem.cz\/wp-content\/uploads\/2026\/09\/swap-415557-21-ea1b5cd5-1536x1152.jpg 1536w, https:\/\/loudavymkrokem.cz\/wp-content\/uploads\/2026\/09\/swap-415557-21-ea1b5cd5-80x60.jpg 80w, https:\/\/loudavymkrokem.cz\/wp-content\/uploads\/2026\/09\/swap-415557-21-ea1b5cd5-160x120.jpg 160w, https:\/\/loudavymkrokem.cz\/wp-content\/uploads\/2026\/09\/swap-415557-21-ea1b5cd5-696x522.jpg 696w, https:\/\/loudavymkrokem.cz\/wp-content\/uploads\/2026\/09\/swap-415557-21-ea1b5cd5-1392x1044.jpg 1392w\" sizes=\"(max-width: 1600px) 100vw, 1600px\" \/><button\n\t\t\tclass=\"lightbox-trigger\"\n\t\t\ttype=\"button\"\n\t\t\taria-haspopup=\"dialog\"\n\t\t\tdata-wp-bind--aria-label=\"state.thisImage.triggerButtonAriaLabel\"\n\t\t\tdata-wp-init=\"callbacks.initTriggerButton\"\n\t\t\tdata-wp-on--click=\"actions.showLightbox\"\n\t\t\tdata-wp-style--right=\"state.thisImage.buttonRight\"\n\t\t\tdata-wp-style--top=\"state.thisImage.buttonTop\"\n\t\t>\n\t\t\t<svg xmlns=\"http:\/\/www.w3.org\/2000\/svg\" width=\"12\" height=\"12\" fill=\"none\" viewBox=\"0 0 12 12\">\n\t\t\t\t<path fill=\"#fff\" d=\"M2 0a2 2 0 0 0-2 2v2h1.5V2a.5.5 0 0 1 .5-.5h2V0H2Zm2 10.5H2a.5.5 0 0 1-.5-.5V8H0v2a2 2 0 0 0 2 2h2v-1.5ZM8 12v-1.5h2a.5.5 0 0 0 .5-.5V8H12v2a2 2 0 0 1-2 2H8Zm2-12a2 2 0 0 1 2 2v2h-1.5V2a.5.5 0 0 0-.5-.5H8V0h2Z\" \/>\n\t\t\t<\/svg>\n\t\t<\/button><figcaption class=\"wp-element-caption\">Foto: Bruno Ara\u00fajo Faria \/ Google Maps<\/figcaption><\/figure>\n\n\n\n<h3 class=\"wp-block-heading\"><span class=\"ez-toc-section\" id=\"21_Comida_callejera_y_sabores_caribenos\"><\/span>21. Comida callejera y sabores caribe\u00f1os<span class=\"ez-toc-section-end\"><\/span><\/h3>\n\n\n\n<p class=\"wp-block-paragraph\">La cocina caribe\u00f1a de la costa se basa mucho en el pescado (r\u00f3balo, ceviche) y el marisco, pero <strong>incluso los amantes ac\u00e9rrimos de la comida vegetal encontrar\u00e1n aqu\u00ed sin problemas su sitio en la calle<\/strong>. Una apuesta absoluta y barata, que encontrar\u00e1s en cada esquina y te salvar\u00e1 del hambre, es la <strong>arepa de queso (una gruesa torta de ma\u00edz asada al fuego hasta quedar crujiente y rellena de abundante queso fundido)<\/strong>.<\/p>\n\n\n\n<p class=\"wp-block-paragraph\">Otra guarnici\u00f3n absolutamente perfecta o un r\u00e1pido snack salado son los <strong>patacones, trozos de pl\u00e1tano verde fritos dos veces<\/strong>, que suelen servirse con salsa de ajo o un delicioso hogao de tomate. Son incre\u00edblemente saciantes, grasientos y muy baratos.<\/p>\n\n\n\n<p class=\"wp-block-paragraph\">La necesaria hidrataci\u00f3n en este calor devastador la resolver\u00e1s mejor con los <strong>jugos naturales (zumos de fruta fresca)<\/strong>. Te recomiendo encarecidamente probar el lulo (un sabor \u00e1cido peculiar parecido al kiwi y los c\u00edtricos), la maracuy\u00e1 fresca o la muy dulce guan\u00e1bana. Y si buscas algo m\u00e1s denso y cremoso, la <strong>limonada de coco (limonada de coco con lima fresca)<\/strong> es el mejor y m\u00e1s refrescante invento caribe\u00f1o del mundo. Y no te olvides, claro, del omnipresente agua de panela (agua con az\u00facar de ca\u00f1a y lim\u00f3n).<\/p>\n\n\n\n<figure data-wp-context=\"{&quot;imageId&quot;:&quot;6a9c1d551e9ed&quot;}\" data-wp-interactive=\"core\/image\" data-wp-key=\"6a9c1d551e9ed\" class=\"wp-block-image size-full wp-lightbox-container\"><img decoding=\"async\" width=\"1600\" height=\"2133\" data-wp-class--hide=\"state.isContentHidden\" data-wp-class--show=\"state.isContentVisible\" data-wp-init=\"callbacks.setButtonStyles\" data-wp-on--click=\"actions.showLightbox\" data-wp-on--load=\"callbacks.setButtonStyles\" data-wp-on--pointerdown=\"actions.preloadImage\" data-wp-on--pointerenter=\"actions.preloadImageWithDelay\" data-wp-on--pointerleave=\"actions.cancelPreload\" data-wp-on-window--resize=\"callbacks.setButtonStyles\" src=\"https:\/\/loudavymkrokem.cz\/wp-content\/uploads\/2026\/09\/ctg22.jpg\" alt=\"Bistr\u00f3 vegetariano en Getseman\u00ed, Cartagena\" class=\"wp-image-415768\" title=\"\" srcset=\"https:\/\/loudavymkrokem.cz\/wp-content\/uploads\/2026\/09\/ctg22.jpg 1600w, https:\/\/loudavymkrokem.cz\/wp-content\/uploads\/2026\/09\/ctg22-225x300.jpg 225w, https:\/\/loudavymkrokem.cz\/wp-content\/uploads\/2026\/09\/ctg22-700x933.jpg 700w, https:\/\/loudavymkrokem.cz\/wp-content\/uploads\/2026\/09\/ctg22-768x1024.jpg 768w, https:\/\/loudavymkrokem.cz\/wp-content\/uploads\/2026\/09\/ctg22-1152x1536.jpg 1152w, https:\/\/loudavymkrokem.cz\/wp-content\/uploads\/2026\/09\/ctg22-1536x2048.jpg 1536w, https:\/\/loudavymkrokem.cz\/wp-content\/uploads\/2026\/09\/ctg22-696x928.jpg 696w, https:\/\/loudavymkrokem.cz\/wp-content\/uploads\/2026\/09\/ctg22-1392x1856.jpg 1392w\" sizes=\"(max-width: 1600px) 100vw, 1600px\" \/><button\n\t\t\tclass=\"lightbox-trigger\"\n\t\t\ttype=\"button\"\n\t\t\taria-haspopup=\"dialog\"\n\t\t\tdata-wp-bind--aria-label=\"state.thisImage.triggerButtonAriaLabel\"\n\t\t\tdata-wp-init=\"callbacks.initTriggerButton\"\n\t\t\tdata-wp-on--click=\"actions.showLightbox\"\n\t\t\tdata-wp-style--right=\"state.thisImage.buttonRight\"\n\t\t\tdata-wp-style--top=\"state.thisImage.buttonTop\"\n\t\t>\n\t\t\t<svg xmlns=\"http:\/\/www.w3.org\/2000\/svg\" width=\"12\" height=\"12\" fill=\"none\" viewBox=\"0 0 12 12\">\n\t\t\t\t<path fill=\"#fff\" d=\"M2 0a2 2 0 0 0-2 2v2h1.5V2a.5.5 0 0 1 .5-.5h2V0H2Zm2 10.5H2a.5.5 0 0 1-.5-.5V8H0v2a2 2 0 0 0 2 2h2v-1.5ZM8 12v-1.5h2a.5.5 0 0 0 .5-.5V8H12v2a2 2 0 0 1-2 2H8Zm2-12a2 2 0 0 1 2 2v2h-1.5V2a.5.5 0 0 0-.5-.5H8V0h2Z\" \/>\n\t\t\t<\/svg>\n\t\t<\/button><figcaption class=\"wp-element-caption\">Foto: laura nebreda \/ Google Maps<\/figcaption><\/figure>\n\n\n\n<h3 class=\"wp-block-heading\"><span class=\"ez-toc-section\" id=\"22_Donde_comer_sin_carne_consejos_vegetarianos\"><\/span>22. D\u00f3nde comer sin carne (consejos vegetarianos)<span class=\"ez-toc-section-end\"><\/span><\/h3>\n\n\n\n<p class=\"wp-block-paragraph\">Mientras que la mayor\u00eda de los restaurantes tur\u00edsticos corrientes del centro sirven sobre todo caras langostas y cerdo frito, <strong>en la ciudad funcionan varios locales fant\u00e1sticos y modernos de enfoque puramente vegetal<\/strong>. Te recomiendo encarecidamente probar el <strong>Restaurante Sambal (incre\u00edble valoraci\u00f3n de 4,9)<\/strong> en Getseman\u00ed, un innovador bistr\u00f3 caribe\u00f1o que sabe transformar de forma estupenda y creativa los sabores locales tradicionales en platos puramente vegetales.<\/p>\n\n\n\n<p class=\"wp-block-paragraph\">Para un almuerzo r\u00e1pido, colorido y muy sano es perfecto el <strong>El Bolol\u00f3 | Bowls del Caribe (valoraci\u00f3n 4,8)<\/strong>, donde hacen enormes y saciantes cuencos llenos de arroz, frijoles, pl\u00e1tanos y verdura fresca. Otra aut\u00e9ntica joya para los vegetarianos que quieren descansar de la comida callejera frita es el bistr\u00f3 <strong>SANATOco (valoraci\u00f3n 4,9)<\/strong>, en el m\u00e1s tranquilo barrio de Manga.<\/p>\n\n\n\n<p class=\"wp-block-paragraph\">Si por la noche te apetece algo mucho m\u00e1s moderno, <strong>una estupenda opci\u00f3n es el afamado Pezetarian (valoraci\u00f3n 4,8)<\/strong>, que aunque ofrece cocina asi\u00e1tico-caribe\u00f1a con pescado, tiene tambi\u00e9n un enorme surtido de fant\u00e1sticos y bien condimentados bowls vegetales. Y para un precioso ambiente rom\u00e1ntico directamente en el centro, visita la <strong>Casa Boh\u00eame (valoraci\u00f3n 4,7)<\/strong> o el muy estiloso <strong>Restaurante Nami (valoraci\u00f3n 4,9)<\/strong>.<\/p>\n\n\n\n<h2 class=\"wp-block-heading\"><span class=\"ez-toc-section\" id=\"Adonde_ir_desde_Cartagena_excursiones_por_los_alrededores\"><\/span>Ad\u00f3nde ir desde Cartagena (excursiones por los alrededores)<span class=\"ez-toc-section-end\"><\/span><\/h2>\n\n\n\n<p class=\"wp-block-paragraph\">Cuando te canses del constante pitar de los taxis y de los enganchadores de souvenirs, <strong>los alrededores de Cartagena<\/strong> te ofrecer\u00e1n tranquilamente uno o dos d\u00edas de un mundo completamente distinto.<\/p>\n\n\n\n<ul class=\"wp-block-list\">\n\n<li><strong>San Basilio de Palenque:<\/strong> Esta es una aut\u00e9ntica joya hist\u00f3rica <a href=\"https:\/\/ich.unesco.org\/en\/RL\/cultural-space-of-palenque-de-san-basilio-00102\" rel=\"nofollow noopener\" target=\"_blank\">protegida por la UNESCO<\/a>. Se trata del <strong>primer pueblo libre de esclavos africanos fugados de toda Am\u00e9rica<\/strong>, fundado con orgullo ya en 1691. Sus habitantes conservan hasta hoy su propio idioma \u00fanico (el palenquero) y tradiciones africanas centenarias. Est\u00e1 a hora y media de la ciudad y hay que ir con respeto e, idealmente, con un gu\u00eda de la propia comunidad local.<\/li>\n\n\n\n<li><strong>Volc\u00e1n del Totumo:<\/strong> A una hora de camino en autob\u00fas hacia el norte encontrar\u00e1s este \u00abvolc\u00e1n\u00bb de barro absolutamente estrafalario. Subes por unas tambaleantes escaleras de madera a una peque\u00f1a colina y <strong>te sumerges en un cr\u00e1ter lleno de barro espeso y templado<\/strong>, en el que, por su densidad, no te puedes hundir. Es un asunto tur\u00edstico muy masificado, pero las fotos de all\u00ed son incre\u00edblemente divertidas.<\/li>\n\n\n\n<li><strong>Pen\u00ednsula de Bar\u00fa y Playa Blanca:<\/strong> Para la aut\u00e9ntica arena fina y blanca y el agua turquesa hay que ir alrededor de una hora fuera de la ciudad. <strong>Playa Blanca es realmente preciosa, pero al mediod\u00eda sufre una enorme avalancha de gente<\/strong> de autobuses y barcos, as\u00ed que aqu\u00ed no descansar\u00e1s. La mejor experiencia la tendr\u00e1s si pagas un sencillo alojamiento aqu\u00ed y disfrutas de la playa con calma temprano por la ma\u00f1ana o al atardecer, cuando todas las multitudes vuelven a la ciudad.<\/li>\n\n\n\n<li><strong>Santa Marta y el Parque Nacional Tayrona:<\/strong> Si tienes m\u00e1s tiempo en Colombia y no planeas solo una parada r\u00e1pida, ve unas 4 horas en c\u00f3modo autob\u00fas hacia el este. <strong>No es un destino para una excursi\u00f3n de un d\u00eda desde Cartagena<\/strong>, sino una parada m\u00e1s asombrosa e imprescindible de tu viaje. All\u00ed tendr\u00e1s acceso a la salvaje y desatada naturaleza de las monta\u00f1as de la Sierra Nevada y a las playas m\u00e1s bonitas del Parque Nacional Tayrona.<\/li>\n\n\n<\/ul>\n\n\n\n<p class=\"wp-block-paragraph\">Al <strong>planificar tu estancia<\/strong>, echa un vistazo sin falta a nuestro art\u00edculo detallado <a href=\"https:\/\/loudavymkrokem.cz\/kde-bydlet-v-cartagene\/\">D\u00f3nde alojarse en Cartagena<\/a>, donde analizamos cada barrio hasta el \u00faltimo detalle y te aconsejamos los <strong>mejores hoteles<\/strong>. \u00c9chale tambi\u00e9n un ojo a nuestra gu\u00eda <a href=\"https:\/\/loudavymkrokem.cz\/co-videt-v-kolumbii\/\">Qu\u00e9 ver en Colombia<\/a>, para tener todo el viaje bien planificado, o lee nuestros consejos sobre <a href=\"https:\/\/loudavymkrokem.cz\/bezpecnost-v-jizni-americe\/\">c\u00f3mo cuidar la seguridad en Sudam\u00e9rica<\/a>.<\/p>\n\n\n\n<h2 class=\"wp-block-heading\"><span class=\"ez-toc-section\" id=\"Preguntas_frecuentes\"><\/span>Preguntas frecuentes<span class=\"ez-toc-section-end\"><\/span><\/h2>\n\n\n\n<p class=\"wp-block-paragraph\"><strong>Planificar un viaje a Colombia<\/strong> siempre conlleva un mont\u00f3n de interrogantes. Aqu\u00ed tienes las respuestas a las <strong>preguntas m\u00e1s frecuentes<\/strong> que sin duda te pasar\u00e1n por la cabeza antes de salir.<\/p>\n\n\n<div id=\"rank-math-faq\" class=\"rank-math-block\">\n<div class=\"rank-math-list \">\n<div id=\"faq-question-1788422655000\" class=\"rank-math-list-item\">\n<h3 class=\"rank-math-question \"><span class=\"ez-toc-section\" id=\"%C2%BFEs_segura_Cartagena\"><\/span>\u00bfEs segura Cartagena?<span class=\"ez-toc-section-end\"><\/span><\/h3>\n<div class=\"rank-math-answer \">\n\n<p>En el centro hist\u00f3rico y en el animado Getseman\u00ed (donde opera una fuerte y visible polic\u00eda tur\u00edstica) no tienes que tener miedo durante el d\u00eda, <strong>el riesgo se limita como m\u00e1ximo a estafas habituales en los precios y carteristas h\u00e1biles<\/strong>. Sin embargo, el problema principal lo representa la vida nocturna descontrolada. <strong>El dopaje de turistas con escopolamina (\u00abaliento del diablo\u00bb) con fines de robo es una amenaza totalmente real<\/strong>. Como advirti\u00f3 por ejemplo el gobierno canadiense en una alerta de seguridad del 9 de julio de 2026, las aplicaciones de citas (Tinder, Bumble) suponen un riesgo enorme, a trav\u00e9s de las cuales grupos organizados atraen a extranjeros. Nunca dejes tu bebida sin vigilancia y acude a las citas exclusivamente en establecimientos p\u00fablicos e iluminados.<\/p>\n\n<\/div>\n<\/div>\n<div id=\"faq-question-1788422655001\" class=\"rank-math-list-item\">\n<h3 class=\"rank-math-question \"><span class=\"ez-toc-section\" id=\"%C2%BFQue_pasa_con_los_taxis_tienen_taximetro\"><\/span>\u00bfQu\u00e9 pasa con los taxis, tienen tax\u00edmetro?<span class=\"ez-toc-section-end\"><\/span><\/h3>\n<div class=\"rank-math-answer \">\n\n<p>No, <strong>los taxis en Cartagena generalmente no tienen tax\u00edmetro<\/strong> y se aprovechan del desconocimiento de los turistas. Si no acuerdas el precio con el conductor clara y expl\u00edcitamente ANTES de subir al veh\u00edculo, con toda seguridad al final del trayecto pagar\u00e1s varias veces el precio local habitual. Una alternativa mucho mejor y m\u00e1s segura es <strong>utilizar las aplicaciones modernas Uber, InDriver o DiDi<\/strong>, donde ves el precio exacto por adelantado y as\u00ed te ahorras el estr\u00e9s de regatear en la calle.<\/p>\n\n<\/div>\n<\/div>\n<div id=\"faq-question-1788422655002\" class=\"rank-math-list-item\">\n<h3 class=\"rank-math-question \"><span class=\"ez-toc-section\" id=\"%C2%BFDeberia_ir_a_las_islas_del_Rosario_o_a_Playa_Blanca\"><\/span>\u00bfDeber\u00eda ir a las islas del Rosario o a Playa Blanca?<span class=\"ez-toc-section-end\"><\/span><\/h3>\n<div class=\"rank-math-answer \">\n\n<p>Depende \u00fanicamente de lo que busques exactamente en la excursi\u00f3n. <strong>Playa Blanca en la pen\u00ednsula de Bar\u00fa es m\u00e1s larga, en general m\u00e1s econ\u00f3mica y puedes llegar tambi\u00e9n por tierra<\/strong>, pero al mediod\u00eda est\u00e1 simplemente abarrotada de gente y la playa est\u00e1 repleta de vendedores. <strong>Las Islas del Rosario son incomparablemente mejores para hacer snorkel<\/strong> y ofrecen un ambiente mucho m\u00e1s tranquilo en los beach clubs privados, pero tienes que llegar en lancha r\u00e1pida y hay que pagar esas mencionadas elevadas y molestas tarifas por el parque nacional y el seguro.<\/p>\n\n<\/div>\n<\/div>\n<div id=\"faq-question-1788422655003\" class=\"rank-math-list-item\">\n<h3 class=\"rank-math-question \"><span class=\"ez-toc-section\" id=\"%C2%BFComo_deshacerse_eficazmente_de_los_vendedores_ambulantes\"><\/span>\u00bfC\u00f3mo deshacerse eficazmente de los vendedores ambulantes?<span class=\"ez-toc-section-end\"><\/span><\/h3>\n<div class=\"rank-math-answer \">\n\n<p>La base para sobrevivir en la calle es no detenerse y no mostrar absolutamente ning\u00fan inter\u00e9s. <strong>Basta con decir un \u00abno, gracias\u00bb muy breve pero firme y seguir caminando sin hacer contacto visual<\/strong>. La regla fundamental que debes recordar es nunca cojas nada de ellos en tus manos, ni siquiera si afirman que es solo un peque\u00f1o regalo para probar gratis. En cuanto tienes el producto firmemente en la mano, el vendedor considera el trato cerrado y te exigir\u00e1 dinero de forma muy agresiva.<\/p>\n\n<\/div>\n<\/div>\n<div id=\"faq-question-1788422655004\" class=\"rank-math-list-item\">\n<h3 class=\"rank-math-question \"><span class=\"ez-toc-section\" id=\"%C2%BFSe_puede_pagar_en_Cartagena_con_dolares_americanos\"><\/span>\u00bfSe puede pagar en Cartagena con d\u00f3lares americanos?<span class=\"ez-toc-section-end\"><\/span><\/h3>\n<div class=\"rank-math-answer \">\n\n<p>No, <strong>la moneda oficial es el peso colombiano (COP)<\/strong> y todo se calcula en pesos. Aunque algunos vendedores callejeros o taxistas quiz\u00e1s acepten d\u00f3lares con gusto, el tipo de cambio que te ofrecer\u00e1n ser\u00e1 extremadamente desfavorable. Retira siempre dinero directamente de los cajeros autom\u00e1ticos (las grandes marcas como Bancolombia o Davivienda son fiables y seguras), o c\u00e1mbialo en casas de cambio oficiales certificadas. <strong>Nunca y bajo ninguna circunstancia cambies dinero con personas directamente en la calle<\/strong>.<\/p>\n\n<\/div>\n<\/div>\n<div id=\"faq-question-1788422655005\" class=\"rank-math-list-item\">\n<h3 class=\"rank-math-question \"><span class=\"ez-toc-section\" id=\"%C2%BFSe_puede_beber_agua_del_grifo_en_Cartagena\"><\/span>\u00bfSe puede beber agua del grifo en Cartagena?<span class=\"ez-toc-section-end\"><\/span><\/h3>\n<div class=\"rank-math-answer \">\n\n<p>No, <strong>el agua del grifo no se recomienda en absoluto para que la beban los extranjeros<\/strong> y podr\u00eda arruinarte todas las vacaciones. Compra siempre agua embotellada y aseg\u00farate de que el tap\u00f3n de pl\u00e1stico tenga el precinto intacto. En cuanto al hielo en las bebidas, en restaurantes y bares bien valorados no tienes que temer en absoluto, porque para hacer el hielo utilizan exclusivamente agua purificada segura de garrafones.<\/p>\n\n<\/div>\n<\/div>\n<div id=\"faq-question-1788422655006\" class=\"rank-math-list-item\">\n<h3 class=\"rank-math-question \"><span class=\"ez-toc-section\" id=\"%C2%BFCuantos_dias_necesito_para_Cartagena\"><\/span>\u00bfCu\u00e1ntos d\u00edas necesito para Cartagena?<span class=\"ez-toc-section-end\"><\/span><\/h3>\n<div class=\"rank-math-answer \">\n\n<p>Para visitar el centro hist\u00f3rico en s\u00ed, recorrer las murallas y explorar el barrio de Getseman\u00ed te <strong>bastar\u00e1n de sobra 2 a 3 d\u00edas<\/strong>. Pero si adem\u00e1s quieres a\u00f1adir una excursi\u00f3n de d\u00eda completo en barco a las islas coralinas, una visita a la playa de Bar\u00fa o la fascinante excursi\u00f3n hist\u00f3rica al pueblo de Palenque, <strong>la duraci\u00f3n ideal y recomendada de la estancia es de 4 a 5 d\u00edas<\/strong>, para poder hacer todo con tranquilidad.<\/p>\n\n<\/div>\n<\/div>\n<\/div>\n<\/div>","protected":false},"excerpt":{"rendered":"<p>\u00bfPrepar\u00e1ndote para la perla del Caribe colombiano? Descubre 22 cosas que ver en Cartagena, Colombia, y aprende a evitar las trampas para turistas y los cargos ocultos.<\/p>\n","protected":false},"author":3,"featured_media":415750,"comment_status":"open","ping_status":"open","sticky":false,"template":"","format":"standard","meta":{"_acf_changed":false,"footnotes":"","rank_math_title":"Cartagena, Colombia: 22 cosas que ver en 2026","rank_math_description":"Descubre las 22 mejores cosas que ver en Cartagena, Colombia: murallas, islas, playas y consejos para evitar trampas. \u00a1Planifica tu viaje perfecto ya!","rank_math_focus_keyword":"cartagena colombia","rank_math_seo_score":""},"categories":[980],"tags":[],"class_list":["post-417097","post","type-post","status-publish","format-standard","has-post-thumbnail","category-viajes"],"acf":[],"featured_image_src":"https:\/\/loudavymkrokem.cz\/wp-content\/uploads\/2026\/09\/panorama-cartageny-fe41065f.jpg","author_info":{"display_name":"Lucie Kone\u010dn\u00e1","author_link":"https:\/\/loudavymkrokem.cz\/es\/author\/lucie-konecna\/"},"_links":{"self":[{"href":"https:\/\/loudavymkrokem.cz\/es\/wp-json\/wp\/v2\/posts\/417097","targetHints":{"allow":["GET"]}}],"collection":[{"href":"https:\/\/loudavymkrokem.cz\/es\/wp-json\/wp\/v2\/posts"}],"about":[{"href":"https:\/\/loudavymkrokem.cz\/es\/wp-json\/wp\/v2\/types\/post"}],"author":[{"embeddable":true,"href":"https:\/\/loudavymkrokem.cz\/es\/wp-json\/wp\/v2\/users\/3"}],"replies":[{"embeddable":true,"href":"https:\/\/loudavymkrokem.cz\/es\/wp-json\/wp\/v2\/comments?post=417097"}],"version-history":[{"count":3,"href":"https:\/\/loudavymkrokem.cz\/es\/wp-json\/wp\/v2\/posts\/417097\/revisions"}],"predecessor-version":[{"id":417100,"href":"https:\/\/loudavymkrokem.cz\/es\/wp-json\/wp\/v2\/posts\/417097\/revisions\/417100"}],"wp:featuredmedia":[{"embeddable":true,"href":"https:\/\/loudavymkrokem.cz\/es\/wp-json\/wp\/v2\/media\/415750"}],"wp:attachment":[{"href":"https:\/\/loudavymkrokem.cz\/es\/wp-json\/wp\/v2\/media?parent=417097"}],"wp:term":[{"taxonomy":"category","embeddable":true,"href":"https:\/\/loudavymkrokem.cz\/es\/wp-json\/wp\/v2\/categories?post=417097"},{"taxonomy":"post_tag","embeddable":true,"href":"https:\/\/loudavymkrokem.cz\/es\/wp-json\/wp\/v2\/tags?post=417097"}],"curies":[{"name":"wp","href":"https:\/\/api.w.org\/{rel}","templated":true}]}}