{"id":417081,"date":"2026-09-05T09:44:09","date_gmt":"2026-09-05T07:44:09","guid":{"rendered":"https:\/\/loudavymkrokem.cz\/termas-alemania-mejores-balnearios\/"},"modified":"2026-09-05T12:53:43","modified_gmt":"2026-09-05T10:53:43","slug":"termas-alemania-mejores-balnearios","status":"publish","type":"post","link":"https:\/\/loudavymkrokem.cz\/es\/termas-alemania-mejores-balnearios\/","title":{"rendered":"Termas en Alemania: 51 mejores balnearios en 2026"},"content":{"rendered":"\n<p class=\"wp-block-paragraph\">Fuera hace cinco grados y llovizna, y t\u00fa est\u00e1s metido hasta la cintura en el agua bajo una c\u00fapula de cristal, mientras sobre tu cabeza susurran palmeras de verdad. Las <strong>termas en Alemania<\/strong> funcionan de una forma distinta a las nuestras, y no solo por sus decorados tropicales. Hay sobre todo dos cosas que te van a sorprender: a las saunas se entra sin ba\u00f1ador y la entrada se paga por un n\u00famero exacto de horas, pasadas las cuales toca pagar un suplemento.<\/p>\n\n\n\n<p class=\"wp-block-paragraph\">Por suerte, esto no supone ning\u00fan problema, porque en cuanto entiendes su sistema te espera un <strong>descanso absolutamente de lujo<\/strong>. Normalmente te dan una pulsera con chip con la que fichas la taquilla y la cuenta del restaurante, as\u00ed que puedes dejar la cartera guardada todo el tiempo. Solo tienes que vigilar el reloj, porque por <strong>cada media hora empezada de m\u00e1s<\/strong> se paga autom\u00e1ticamente un suplemento en la caja de salida.<\/p>\n\n\n\n<p class=\"wp-block-paragraph\">En este art\u00edculo encontrar\u00e1s 51 termas alemanas divididas por estados federados, desde el enorme Therme Erding cerca de M\u00fanich, pasando por los <strong>tropicales Badewelt de Sinsheim y Euskirchen<\/strong>, hasta los pintorescos balnearios junto al mar B\u00e1ltico. Te contar\u00e9 cu\u00e1nto cuesta el ba\u00f1o, c\u00f3mo funciona exactamente la <strong>etiqueta de sauna alemana<\/strong> y d\u00f3nde dormir directamente en albornoz al lado de las termas.<\/p>\n\n\n\n<figure data-wp-context=\"{&quot;imageId&quot;:&quot;6a9c0c16cdc81&quot;}\" data-wp-interactive=\"core\/image\" data-wp-key=\"6a9c0c16cdc81\" class=\"wp-block-image size-full wp-lightbox-container\"><img decoding=\"async\" width=\"1800\" height=\"1201\" data-wp-class--hide=\"state.isContentHidden\" data-wp-class--show=\"state.isContentVisible\" data-wp-init=\"callbacks.setButtonStyles\" data-wp-on--click=\"actions.showLightbox\" data-wp-on--load=\"callbacks.setButtonStyles\" data-wp-on--pointerdown=\"actions.preloadImage\" data-wp-on--pointerenter=\"actions.preloadImageWithDelay\" data-wp-on--pointerleave=\"actions.cancelPreload\" data-wp-on-window--resize=\"callbacks.setButtonStyles\" src=\"https:\/\/loudavymkrokem.cz\/wp-content\/uploads\/2026\/09\/nemecko-clanky-termaly-nemecko-01-0dcc0000.jpg\" alt=\"Piscina de agua mineral bajo una c\u00fapula acristalada en Thermen &#038; Badewelt Sinsheim\" class=\"wp-image-415288\" title=\"\" srcset=\"https:\/\/loudavymkrokem.cz\/wp-content\/uploads\/2026\/09\/nemecko-clanky-termaly-nemecko-01-0dcc0000.jpg 1800w, https:\/\/loudavymkrokem.cz\/wp-content\/uploads\/2026\/09\/nemecko-clanky-termaly-nemecko-01-0dcc0000-300x200.jpg 300w, https:\/\/loudavymkrokem.cz\/wp-content\/uploads\/2026\/09\/nemecko-clanky-termaly-nemecko-01-0dcc0000-700x467.jpg 700w, https:\/\/loudavymkrokem.cz\/wp-content\/uploads\/2026\/09\/nemecko-clanky-termaly-nemecko-01-0dcc0000-768x512.jpg 768w, https:\/\/loudavymkrokem.cz\/wp-content\/uploads\/2026\/09\/nemecko-clanky-termaly-nemecko-01-0dcc0000-1536x1025.jpg 1536w, https:\/\/loudavymkrokem.cz\/wp-content\/uploads\/2026\/09\/nemecko-clanky-termaly-nemecko-01-0dcc0000-696x464.jpg 696w, https:\/\/loudavymkrokem.cz\/wp-content\/uploads\/2026\/09\/nemecko-clanky-termaly-nemecko-01-0dcc0000-1392x929.jpg 1392w\" sizes=\"(max-width: 1800px) 100vw, 1800px\" \/><button\n\t\t\tclass=\"lightbox-trigger\"\n\t\t\ttype=\"button\"\n\t\t\taria-haspopup=\"dialog\"\n\t\t\tdata-wp-bind--aria-label=\"state.thisImage.triggerButtonAriaLabel\"\n\t\t\tdata-wp-init=\"callbacks.initTriggerButton\"\n\t\t\tdata-wp-on--click=\"actions.showLightbox\"\n\t\t\tdata-wp-style--right=\"state.thisImage.buttonRight\"\n\t\t\tdata-wp-style--top=\"state.thisImage.buttonTop\"\n\t\t>\n\t\t\t<svg xmlns=\"http:\/\/www.w3.org\/2000\/svg\" width=\"12\" height=\"12\" fill=\"none\" viewBox=\"0 0 12 12\">\n\t\t\t\t<path fill=\"#fff\" d=\"M2 0a2 2 0 0 0-2 2v2h1.5V2a.5.5 0 0 1 .5-.5h2V0H2Zm2 10.5H2a.5.5 0 0 1-.5-.5V8H0v2a2 2 0 0 0 2 2h2v-1.5ZM8 12v-1.5h2a.5.5 0 0 0 .5-.5V8H12v2a2 2 0 0 1-2 2H8Zm2-12a2 2 0 0 1 2 2v2h-1.5V2a.5.5 0 0 0-.5-.5H8V0h2Z\" \/>\n\t\t\t<\/svg>\n\t\t<\/button><\/figure>\n\n\n\n<div id=\"ez-toc-container\" class=\"ez-toc-v2_0_87 ez-toc-wrap-left counter-hierarchy ez-toc-counter ez-toc-grey ez-toc-container-direction\">\n<div class=\"ez-toc-title-container\">\n<p class=\"ez-toc-title\" style=\"cursor:inherit\">Contenido del art\u00edculo<\/p>\n<span class=\"ez-toc-title-toggle\"><a href=\"#\" class=\"ez-toc-pull-right ez-toc-btn ez-toc-btn-xs ez-toc-btn-default ez-toc-toggle\" aria-label=\"Alternar tabla de contenidos\"><span class=\"ez-toc-js-icon-con\"><span class=\"\"><span class=\"eztoc-hide\" style=\"display:none;\">Toggle<\/span><span class=\"ez-toc-icon-toggle-span\"><svg style=\"fill: #999;color:#999\" xmlns=\"http:\/\/www.w3.org\/2000\/svg\" class=\"list-377408\" width=\"20px\" height=\"20px\" viewBox=\"0 0 24 24\" fill=\"none\"><path d=\"M6 6H4v2h2V6zm14 0H8v2h12V6zM4 11h2v2H4v-2zm16 0H8v2h12v-2zM4 16h2v2H4v-2zm16 0H8v2h12v-2z\" fill=\"currentColor\"><\/path><\/svg><svg style=\"fill: #999;color:#999\" class=\"arrow-unsorted-368013\" xmlns=\"http:\/\/www.w3.org\/2000\/svg\" width=\"10px\" height=\"10px\" viewBox=\"0 0 24 24\" version=\"1.2\" baseProfile=\"tiny\"><path d=\"M18.2 9.3l-6.2-6.3-6.2 6.3c-.2.2-.3.4-.3.7s.1.5.3.7c.2.2.4.3.7.3h11c.3 0 .5-.1.7-.3.2-.2.3-.5.3-.7s-.1-.5-.3-.7zM5.8 14.7l6.2 6.3 6.2-6.3c.2-.2.3-.5.3-.7s-.1-.5-.3-.7c-.2-.2-.4-.3-.7-.3h-11c-.3 0-.5.1-.7.3-.2.2-.3.5-.3.7s.1.5.3.7z\"\/><\/svg><\/span><\/span><\/span><\/a><\/span><\/div>\n<nav><ul class='ez-toc-list ez-toc-list-level-1 ' ><ul class='ez-toc-list-level-3' ><li class='ez-toc-heading-level-3'><a class=\"ez-toc-link ez-toc-heading-1\" href=\"https:\/\/loudavymkrokem.cz\/es\/termas-alemania-mejores-balnearios\/#Resumen_para_quienes_no_tienen_tiempo_de_leer_todo_el_articulo\" >Resumen para quienes no tienen tiempo de leer todo el art\u00edculo<\/a><\/li><\/ul><\/li><li class='ez-toc-page-1 ez-toc-heading-level-2'><a class=\"ez-toc-link ez-toc-heading-2\" href=\"https:\/\/loudavymkrokem.cz\/es\/termas-alemania-mejores-balnearios\/#Como_funcionan_las_termas_en_Alemania_y_en_que_se_diferencian_de_las_nuestras\" >C\u00f3mo funcionan las termas en Alemania (y en qu\u00e9 se diferencian de las nuestras)<\/a><\/li><li class='ez-toc-page-1 ez-toc-heading-level-2'><a class=\"ez-toc-link ez-toc-heading-3\" href=\"https:\/\/loudavymkrokem.cz\/es\/termas-alemania-mejores-balnearios\/#Cuanto_cuesta_y_cuando_ir\" >Cu\u00e1nto cuesta y cu\u00e1ndo ir<\/a><\/li><li class='ez-toc-page-1 ez-toc-heading-level-2'><a class=\"ez-toc-link ez-toc-heading-4\" href=\"https:\/\/loudavymkrokem.cz\/es\/termas-alemania-mejores-balnearios\/#Donde_alojarse_hotel_con_Bademantelgang\" >D\u00f3nde alojarse: hotel con Bademantelgang<\/a><\/li><li class='ez-toc-page-1 ez-toc-heading-level-2'><a class=\"ez-toc-link ez-toc-heading-5\" href=\"https:\/\/loudavymkrokem.cz\/es\/termas-alemania-mejores-balnearios\/#Termas_en_Baviera\" >Termas en Baviera<\/a><ul class='ez-toc-list-level-3' ><li class='ez-toc-heading-level-3'><a class=\"ez-toc-link ez-toc-heading-6\" href=\"https:\/\/loudavymkrokem.cz\/es\/termas-alemania-mejores-balnearios\/#1_Therme_Erding_Erding\" >1. Therme Erding (Erding)<\/a><\/li><li class='ez-toc-page-1 ez-toc-heading-level-3'><a class=\"ez-toc-link ez-toc-heading-7\" href=\"https:\/\/loudavymkrokem.cz\/es\/termas-alemania-mejores-balnearios\/#2_Therme_Bad_Worishofen_Bad_Worishofen\" >2. Therme Bad W\u00f6rishofen (Bad W\u00f6rishofen)<\/a><\/li><li class='ez-toc-page-1 ez-toc-heading-level-3'><a class=\"ez-toc-link ez-toc-heading-8\" href=\"https:\/\/loudavymkrokem.cz\/es\/termas-alemania-mejores-balnearios\/#3_Therme_Bad_Aibling_Bad_Aibling\" >3. Therme Bad Aibling (Bad Aibling)<\/a><\/li><li class='ez-toc-page-1 ez-toc-heading-level-3'><a class=\"ez-toc-link ez-toc-heading-9\" href=\"https:\/\/loudavymkrokem.cz\/es\/termas-alemania-mejores-balnearios\/#4_KissSalis_Therme_Bad_Kissingen\" >4. KissSalis Therme (Bad Kissingen)<\/a><\/li><li class='ez-toc-page-1 ez-toc-heading-level-3'><a class=\"ez-toc-link ez-toc-heading-10\" href=\"https:\/\/loudavymkrokem.cz\/es\/termas-alemania-mejores-balnearios\/#5_Hotel_Victory_Therme_Erding_Erding\" >5. Hotel Victory Therme Erding (Erding)<\/a><\/li><li class='ez-toc-page-1 ez-toc-heading-level-3'><a class=\"ez-toc-link ez-toc-heading-11\" href=\"https:\/\/loudavymkrokem.cz\/es\/termas-alemania-mejores-balnearios\/#6_Franken-Therme_Bad_Windsheim\" >6. Franken-Therme (Bad Windsheim)<\/a><\/li><li class='ez-toc-page-1 ez-toc-heading-level-3'><a class=\"ez-toc-link ez-toc-heading-12\" href=\"https:\/\/loudavymkrokem.cz\/es\/termas-alemania-mejores-balnearios\/#7_Konigliche_Kristall-Therme_Schwangau\" >7. K\u00f6nigliche Kristall-Therme (Schwangau)<\/a><\/li><li class='ez-toc-page-1 ez-toc-heading-level-3'><a class=\"ez-toc-link ez-toc-heading-13\" href=\"https:\/\/loudavymkrokem.cz\/es\/termas-alemania-mejores-balnearios\/#8_Limes-Therme_Bad_Gogging\" >8. Limes-Therme (Bad G\u00f6gging)<\/a><\/li><li class='ez-toc-page-1 ez-toc-heading-level-3'><a class=\"ez-toc-link ez-toc-heading-14\" href=\"https:\/\/loudavymkrokem.cz\/es\/termas-alemania-mejores-balnearios\/#9_Therme_Bad_Griesbach_Bad_Griesbach\" >9. Therme Bad Griesbach (Bad Griesbach)<\/a><\/li><li class='ez-toc-page-1 ez-toc-heading-level-3'><a class=\"ez-toc-link ez-toc-heading-15\" href=\"https:\/\/loudavymkrokem.cz\/es\/termas-alemania-mejores-balnearios\/#10_Titania_Neusas_Neusas\" >10. Titania Neus\u00e4\u00df (Neus\u00e4\u00df)<\/a><\/li><li class='ez-toc-page-1 ez-toc-heading-level-3'><a class=\"ez-toc-link ez-toc-heading-16\" href=\"https:\/\/loudavymkrokem.cz\/es\/termas-alemania-mejores-balnearios\/#11_Fackelmann_Therme_Hersbruck_Hersbruck\" >11. Fackelmann Therme Hersbruck (Hersbruck)<\/a><\/li><li class='ez-toc-page-1 ez-toc-heading-level-3'><a class=\"ez-toc-link ez-toc-heading-17\" href=\"https:\/\/loudavymkrokem.cz\/es\/termas-alemania-mejores-balnearios\/#12_ThermeNatur_Bad_Rodach\" >12. ThermeNatur (Bad Rodach)<\/a><\/li><li class='ez-toc-page-1 ez-toc-heading-level-3'><a class=\"ez-toc-link ez-toc-heading-18\" href=\"https:\/\/loudavymkrokem.cz\/es\/termas-alemania-mejores-balnearios\/#13_Johannesbad_Therme_Bad_Fussing_Bad_Fussing\" >13. Johannesbad Therme Bad F\u00fcssing (Bad F\u00fcssing)<\/a><\/li><li class='ez-toc-page-1 ez-toc-heading-level-3'><a class=\"ez-toc-link ez-toc-heading-19\" href=\"https:\/\/loudavymkrokem.cz\/es\/termas-alemania-mejores-balnearios\/#14_Europa_Therme_Bad_Fussing\" >14. Europa Therme (Bad F\u00fcssing)<\/a><\/li><li class='ez-toc-page-1 ez-toc-heading-level-3'><a class=\"ez-toc-link ez-toc-heading-20\" href=\"https:\/\/loudavymkrokem.cz\/es\/termas-alemania-mejores-balnearios\/#15_Sibyllenbad_Neualbenreuth\" >15. Sibyllenbad (Neualbenreuth)<\/a><\/li><\/ul><\/li><li class='ez-toc-page-1 ez-toc-heading-level-2'><a class=\"ez-toc-link ez-toc-heading-21\" href=\"https:\/\/loudavymkrokem.cz\/es\/termas-alemania-mejores-balnearios\/#Termas_en_Baden-Wurtemberg\" >Termas en Baden-Wurtemberg<\/a><ul class='ez-toc-list-level-3' ><li class='ez-toc-heading-level-3'><a class=\"ez-toc-link ez-toc-heading-22\" href=\"https:\/\/loudavymkrokem.cz\/es\/termas-alemania-mejores-balnearios\/#16_Thermen_Badewelt_Sinsheim_Sinsheim\" >16. Thermen &#038; Badewelt Sinsheim (Sinsheim)<\/a><\/li><li class='ez-toc-page-1 ez-toc-heading-level-3'><a class=\"ez-toc-link ez-toc-heading-23\" href=\"https:\/\/loudavymkrokem.cz\/es\/termas-alemania-mejores-balnearios\/#17_Mineraltherme_Boblingen_Boblingen\" >17. Mineraltherme B\u00f6blingen (B\u00f6blingen)<\/a><\/li><li class='ez-toc-page-1 ez-toc-heading-level-3'><a class=\"ez-toc-link ez-toc-heading-24\" href=\"https:\/\/loudavymkrokem.cz\/es\/termas-alemania-mejores-balnearios\/#18_Panorama_Therme_Beuren_Beuren\" >18. Panorama Therme Beuren (Beuren)<\/a><\/li><li class='ez-toc-page-1 ez-toc-heading-level-3'><a class=\"ez-toc-link ez-toc-heading-25\" href=\"https:\/\/loudavymkrokem.cz\/es\/termas-alemania-mejores-balnearios\/#19_Bodensee-Therme_Konstanz_Konstanz\" >19. Bodensee-Therme Konstanz (Konstanz)<\/a><\/li><li class='ez-toc-page-1 ez-toc-heading-level-3'><a class=\"ez-toc-link ez-toc-heading-26\" href=\"https:\/\/loudavymkrokem.cz\/es\/termas-alemania-mejores-balnearios\/#20_Adelindis_Therme_Bad_Buchau\" >20. Adelindis Therme (Bad Buchau)<\/a><\/li><li class='ez-toc-page-1 ez-toc-heading-level-3'><a class=\"ez-toc-link ez-toc-heading-27\" href=\"https:\/\/loudavymkrokem.cz\/es\/termas-alemania-mejores-balnearios\/#21_Sonnenhof-Therme_Bad_Saulgau\" >21. Sonnenhof-Therme (Bad Saulgau)<\/a><\/li><li class='ez-toc-page-1 ez-toc-heading-level-3'><a class=\"ez-toc-link ez-toc-heading-28\" href=\"https:\/\/loudavymkrokem.cz\/es\/termas-alemania-mejores-balnearios\/#22_Caracalla_Therme_Baden-Baden\" >22. Caracalla Therme (Baden-Baden)<\/a><\/li><li class='ez-toc-page-1 ez-toc-heading-level-3'><a class=\"ez-toc-link ez-toc-heading-29\" href=\"https:\/\/loudavymkrokem.cz\/es\/termas-alemania-mejores-balnearios\/#23_Solemar_Bad_Durrheim_Bad_Durrheim\" >23. Solemar Bad D\u00fcrrheim (Bad D\u00fcrrheim)<\/a><\/li><li class='ez-toc-page-1 ez-toc-heading-level-3'><a class=\"ez-toc-link ez-toc-heading-30\" href=\"https:\/\/loudavymkrokem.cz\/es\/termas-alemania-mejores-balnearios\/#24_AlbThermen_Bad_Urach\" >24. AlbThermen (Bad Urach)<\/a><\/li><li class='ez-toc-page-1 ez-toc-heading-level-3'><a class=\"ez-toc-link ez-toc-heading-31\" href=\"https:\/\/loudavymkrokem.cz\/es\/termas-alemania-mejores-balnearios\/#25_Friedrichsbad_Baden-Baden\" >25. Friedrichsbad (Baden-Baden)<\/a><\/li><li class='ez-toc-page-1 ez-toc-heading-level-3'><a class=\"ez-toc-link ez-toc-heading-32\" href=\"https:\/\/loudavymkrokem.cz\/es\/termas-alemania-mejores-balnearios\/#26_Vita_Classica_Bad_Krozingen\" >26. Vita Classica (Bad Krozingen)<\/a><\/li><\/ul><\/li><li class='ez-toc-page-1 ez-toc-heading-level-2'><a class=\"ez-toc-link ez-toc-heading-33\" href=\"https:\/\/loudavymkrokem.cz\/es\/termas-alemania-mejores-balnearios\/#Termas_en_Renania_del_Norte-Westfalia\" >Termas en Renania del Norte-Westfalia<\/a><ul class='ez-toc-list-level-3' ><li class='ez-toc-heading-level-3'><a class=\"ez-toc-link ez-toc-heading-34\" href=\"https:\/\/loudavymkrokem.cz\/es\/termas-alemania-mejores-balnearios\/#27_Thermen_Badewelt_Euskirchen_Euskirchen\" >27. Thermen &#038; Badewelt Euskirchen (Euskirchen)<\/a><\/li><li class='ez-toc-page-1 ez-toc-heading-level-3'><a class=\"ez-toc-link ez-toc-heading-35\" href=\"https:\/\/loudavymkrokem.cz\/es\/termas-alemania-mejores-balnearios\/#28_Bali_Therme_Bad_Oeynhausen\" >28. Bali Therme (Bad Oeynhausen)<\/a><\/li><li class='ez-toc-page-1 ez-toc-heading-level-3'><a class=\"ez-toc-link ez-toc-heading-36\" href=\"https:\/\/loudavymkrokem.cz\/es\/termas-alemania-mejores-balnearios\/#29_Carolus_Thermen_Aachen\" >29. Carolus Thermen (Aachen)<\/a><\/li><li class='ez-toc-page-1 ez-toc-heading-level-3'><a class=\"ez-toc-link ez-toc-heading-37\" href=\"https:\/\/loudavymkrokem.cz\/es\/termas-alemania-mejores-balnearios\/#30_Mediterana_Bergisch_Gladbach\" >30. Mediterana (Bergisch Gladbach)<\/a><\/li><li class='ez-toc-page-1 ez-toc-heading-level-3'><a class=\"ez-toc-link ez-toc-heading-38\" href=\"https:\/\/loudavymkrokem.cz\/es\/termas-alemania-mejores-balnearios\/#31_Vitasol_Therme_Bad_Salzuflen\" >31. Vitasol Therme (Bad Salzuflen)<\/a><\/li><li class='ez-toc-page-1 ez-toc-heading-level-3'><a class=\"ez-toc-link ez-toc-heading-39\" href=\"https:\/\/loudavymkrokem.cz\/es\/termas-alemania-mejores-balnearios\/#32_Mauritius_Hotel_Therme_Koln_Koln\" >32. Mauritius Hotel &#038; Therme K\u00f6ln (K\u00f6ln)<\/a><\/li><li class='ez-toc-page-1 ez-toc-heading-level-3'><a class=\"ez-toc-link ez-toc-heading-40\" href=\"https:\/\/loudavymkrokem.cz\/es\/termas-alemania-mejores-balnearios\/#33_Claudius_Therme_Koln\" >33. Claudius Therme (K\u00f6ln)<\/a><\/li><\/ul><\/li><li class='ez-toc-page-1 ez-toc-heading-level-2'><a class=\"ez-toc-link ez-toc-heading-41\" href=\"https:\/\/loudavymkrokem.cz\/es\/termas-alemania-mejores-balnearios\/#Termas_en_Hesse\" >Termas en Hesse<\/a><ul class='ez-toc-list-level-3' ><li class='ez-toc-heading-level-3'><a class=\"ez-toc-link ez-toc-heading-42\" href=\"https:\/\/loudavymkrokem.cz\/es\/termas-alemania-mejores-balnearios\/#34_Taunus-Therme_Bad_Homburg\" >34. Taunus-Therme (Bad Homburg)<\/a><\/li><li class='ez-toc-page-1 ez-toc-heading-level-3'><a class=\"ez-toc-link ez-toc-heading-43\" href=\"https:\/\/loudavymkrokem.cz\/es\/termas-alemania-mejores-balnearios\/#35_KurhessenTherme_Kassel\" >35. KurhessenTherme (Kassel)<\/a><\/li><li class='ez-toc-page-1 ez-toc-heading-level-3'><a class=\"ez-toc-link ez-toc-heading-44\" href=\"https:\/\/loudavymkrokem.cz\/es\/termas-alemania-mejores-balnearios\/#36_Odenwald-Therme_Bad_Konig\" >36. Odenwald-Therme (Bad K\u00f6nig)<\/a><\/li><li class='ez-toc-page-1 ez-toc-heading-level-3'><a class=\"ez-toc-link ez-toc-heading-45\" href=\"https:\/\/loudavymkrokem.cz\/es\/termas-alemania-mejores-balnearios\/#37_Thermalbad_Aukammtal_Wiesbaden\" >37. Thermalbad Aukammtal (Wiesbaden)<\/a><\/li><li class='ez-toc-page-1 ez-toc-heading-level-3'><a class=\"ez-toc-link ez-toc-heading-46\" href=\"https:\/\/loudavymkrokem.cz\/es\/termas-alemania-mejores-balnearios\/#38_Kaiser-Friedrich-Therme_Wiesbaden\" >38. Kaiser-Friedrich-Therme (Wiesbaden)<\/a><\/li><\/ul><\/li><li class='ez-toc-page-1 ez-toc-heading-level-2'><a class=\"ez-toc-link ez-toc-heading-47\" href=\"https:\/\/loudavymkrokem.cz\/es\/termas-alemania-mejores-balnearios\/#Termas_en_Brandeburgo_y_Berlin\" >Termas en Brandeburgo y Berl\u00edn<\/a><ul class='ez-toc-list-level-3' ><li class='ez-toc-heading-level-3'><a class=\"ez-toc-link ez-toc-heading-48\" href=\"https:\/\/loudavymkrokem.cz\/es\/termas-alemania-mejores-balnearios\/#39_Havel_Therme_Werder_an_der_Havel\" >39. Havel Therme (Werder an der Havel)<\/a><\/li><li class='ez-toc-page-1 ez-toc-heading-level-3'><a class=\"ez-toc-link ez-toc-heading-49\" href=\"https:\/\/loudavymkrokem.cz\/es\/termas-alemania-mejores-balnearios\/#40_Spreewald_Therme_Burg\" >40. Spreewald Therme (Burg)<\/a><\/li><li class='ez-toc-page-1 ez-toc-heading-level-3'><a class=\"ez-toc-link ez-toc-heading-50\" href=\"https:\/\/loudavymkrokem.cz\/es\/termas-alemania-mejores-balnearios\/#41_NaturThermeTemplin_Templin\" >41. NaturThermeTemplin (Templin)<\/a><\/li><li class='ez-toc-page-1 ez-toc-heading-level-3'><a class=\"ez-toc-link ez-toc-heading-51\" href=\"https:\/\/loudavymkrokem.cz\/es\/termas-alemania-mejores-balnearios\/#42_Spreewelten_Bad_Lubbenau_Lubbenau\" >42. Spreewelten Bad L\u00fcbbenau (L\u00fcbbenau)<\/a><\/li><li class='ez-toc-page-1 ez-toc-heading-level-3'><a class=\"ez-toc-link ez-toc-heading-52\" href=\"https:\/\/loudavymkrokem.cz\/es\/termas-alemania-mejores-balnearios\/#43_Kristalltherme_Bad_Wilsnack_Bad_Wilsnack\" >43. Kristalltherme Bad Wilsnack (Bad Wilsnack)<\/a><\/li><li class='ez-toc-page-1 ez-toc-heading-level-3'><a class=\"ez-toc-link ez-toc-heading-53\" href=\"https:\/\/loudavymkrokem.cz\/es\/termas-alemania-mejores-balnearios\/#44_vabali_spa_Berlin_Berlin\" >44. vabali spa Berlin (Berlin)<\/a><\/li><\/ul><\/li><li class='ez-toc-page-1 ez-toc-heading-level-2'><a class=\"ez-toc-link ez-toc-heading-54\" href=\"https:\/\/loudavymkrokem.cz\/es\/termas-alemania-mejores-balnearios\/#Termas_en_el_norte_mar_Baltico_y_mar_del_Norte\" >Termas en el norte: mar B\u00e1ltico y mar del Norte<\/a><ul class='ez-toc-list-level-3' ><li class='ez-toc-heading-level-3'><a class=\"ez-toc-link ez-toc-heading-55\" href=\"https:\/\/loudavymkrokem.cz\/es\/termas-alemania-mejores-balnearios\/#45_Ostsee-Therme_Scharbeutz\" >45. Ostsee-Therme (Scharbeutz)<\/a><\/li><li class='ez-toc-page-1 ez-toc-heading-level-3'><a class=\"ez-toc-link ez-toc-heading-56\" href=\"https:\/\/loudavymkrokem.cz\/es\/termas-alemania-mejores-balnearios\/#46_Dunen-Therme_St_Peter-Ording\" >46. D\u00fcnen-Therme (St. Peter-Ording)<\/a><\/li><li class='ez-toc-page-1 ez-toc-heading-level-3'><a class=\"ez-toc-link ez-toc-heading-57\" href=\"https:\/\/loudavymkrokem.cz\/es\/termas-alemania-mejores-balnearios\/#47_Ostsee_Therme_Usedom_Ahlbeck\" >47. Ostsee Therme Usedom (Ahlbeck)<\/a><\/li><\/ul><\/li><li class='ez-toc-page-1 ez-toc-heading-level-2'><a class=\"ez-toc-link ez-toc-heading-58\" href=\"https:\/\/loudavymkrokem.cz\/es\/termas-alemania-mejores-balnearios\/#Termas_en_Sajonia_y_Turingia\" >Termas en Sajonia y Turingia<\/a><ul class='ez-toc-list-level-3' ><li class='ez-toc-heading-level-3'><a class=\"ez-toc-link ez-toc-heading-59\" href=\"https:\/\/loudavymkrokem.cz\/es\/termas-alemania-mejores-balnearios\/#48_Toskana_Therme_Bad_Schandau_Bad_Schandau\" >48. Toskana Therme Bad Schandau (Bad Schandau)<\/a><\/li><li class='ez-toc-page-1 ez-toc-heading-level-3'><a class=\"ez-toc-link ez-toc-heading-60\" href=\"https:\/\/loudavymkrokem.cz\/es\/termas-alemania-mejores-balnearios\/#49_Toskana_Therme_Bad_Sulza_Bad_Sulza\" >49. Toskana Therme Bad Sulza (Bad Sulza)<\/a><\/li><\/ul><\/li><li class='ez-toc-page-1 ez-toc-heading-level-2'><a class=\"ez-toc-link ez-toc-heading-61\" href=\"https:\/\/loudavymkrokem.cz\/es\/termas-alemania-mejores-balnearios\/#Termas_en_Renania-Palatinado\" >Termas en Renania-Palatinado<\/a><ul class='ez-toc-list-level-3' ><li class='ez-toc-heading-level-3'><a class=\"ez-toc-link ez-toc-heading-62\" href=\"https:\/\/loudavymkrokem.cz\/es\/termas-alemania-mejores-balnearios\/#50_Crucenia_Thermen_Bad_Kreuznach\" >50. Crucenia Thermen (Bad Kreuznach)<\/a><\/li><li class='ez-toc-page-1 ez-toc-heading-level-3'><a class=\"ez-toc-link ez-toc-heading-63\" href=\"https:\/\/loudavymkrokem.cz\/es\/termas-alemania-mejores-balnearios\/#51_Emser_Therme_Bad_Ems\" >51. Emser Therme (Bad Ems)<\/a><\/li><\/ul><\/li><li class='ez-toc-page-1 ez-toc-heading-level-2'><a class=\"ez-toc-link ez-toc-heading-64\" href=\"https:\/\/loudavymkrokem.cz\/es\/termas-alemania-mejores-balnearios\/#Guia_practica_que_llevar_con_ninos_y_en_efectivo\" >Gu\u00eda pr\u00e1ctica: qu\u00e9 llevar, con ni\u00f1os y en efectivo<\/a><\/li><li class='ez-toc-page-1 ez-toc-heading-level-2'><a class=\"ez-toc-link ez-toc-heading-65\" href=\"https:\/\/loudavymkrokem.cz\/es\/termas-alemania-mejores-balnearios\/#Adonde_ir_despues_mas_articulos_sobre_termas_y_wellness\" >Ad\u00f3nde ir despu\u00e9s: m\u00e1s art\u00edculos sobre termas y wellness<\/a><\/li><li class='ez-toc-page-1 ez-toc-heading-level-2'><a class=\"ez-toc-link ez-toc-heading-66\" href=\"https:\/\/loudavymkrokem.cz\/es\/termas-alemania-mejores-balnearios\/#Preguntas_frecuentes\" >Preguntas frecuentes<\/a><ul class='ez-toc-list-level-3' ><li class='ez-toc-heading-level-3'><a class=\"ez-toc-link ez-toc-heading-67\" href=\"https:\/\/loudavymkrokem.cz\/es\/termas-alemania-mejores-balnearios\/#%C2%BFCual_es_el_termal_mas_grande_de_Alemania\" >\u00bfCu\u00e1l es el termal m\u00e1s grande de Alemania?<\/a><\/li><li class='ez-toc-page-1 ez-toc-heading-level-3'><a class=\"ez-toc-link ez-toc-heading-68\" href=\"https:\/\/loudavymkrokem.cz\/es\/termas-alemania-mejores-balnearios\/#%C2%BFCuanto_cuesta_la_entrada_a_un_termal_aleman\" >\u00bfCu\u00e1nto cuesta la entrada a un termal alem\u00e1n?<\/a><\/li><li class='ez-toc-page-1 ez-toc-heading-level-3'><a class=\"ez-toc-link ez-toc-heading-69\" href=\"https:\/\/loudavymkrokem.cz\/es\/termas-alemania-mejores-balnearios\/#%C2%BFHay_que_ir_desnudo_en_las_saunas_alemanas\" >\u00bfHay que ir desnudo en las saunas alemanas?<\/a><\/li><li class='ez-toc-page-1 ez-toc-heading-level-3'><a class=\"ez-toc-link ez-toc-heading-70\" href=\"https:\/\/loudavymkrokem.cz\/es\/termas-alemania-mejores-balnearios\/#%C2%BFQue_termales_alemanes_estan_mas_cerca_de_Espana\" >\u00bfQu\u00e9 termales alemanes est\u00e1n m\u00e1s cerca de Espa\u00f1a?<\/a><\/li><li class='ez-toc-page-1 ez-toc-heading-level-3'><a class=\"ez-toc-link ez-toc-heading-71\" href=\"https:\/\/loudavymkrokem.cz\/es\/termas-alemania-mejores-balnearios\/#%C2%BFPueden_ir_ninos_a_los_termales_alemanes\" >\u00bfPueden ir ni\u00f1os a los termales alemanes?<\/a><\/li><li class='ez-toc-page-1 ez-toc-heading-level-3'><a class=\"ez-toc-link ez-toc-heading-72\" href=\"https:\/\/loudavymkrokem.cz\/es\/termas-alemania-mejores-balnearios\/#%C2%BFQue_significa_Bademantelgang\" >\u00bfQu\u00e9 significa Bademantelgang?<\/a><\/li><li class='ez-toc-page-1 ez-toc-heading-level-3'><a class=\"ez-toc-link ez-toc-heading-73\" href=\"https:\/\/loudavymkrokem.cz\/es\/termas-alemania-mejores-balnearios\/#%C2%BFTengo_que_llevar_mi_propia_toalla_y_albornoz\" >\u00bfTengo que llevar mi propia toalla y albornoz?<\/a><\/li><li class='ez-toc-page-1 ez-toc-heading-level-3'><a class=\"ez-toc-link ez-toc-heading-74\" href=\"https:\/\/loudavymkrokem.cz\/es\/termas-alemania-mejores-balnearios\/#%C2%BFCuando_hay_menos_gente_en_los_termales_alemanes\" >\u00bfCu\u00e1ndo hay menos gente en los termales alemanes?<\/a><\/li><li class='ez-toc-page-1 ez-toc-heading-level-3'><a class=\"ez-toc-link ez-toc-heading-75\" href=\"https:\/\/loudavymkrokem.cz\/es\/termas-alemania-mejores-balnearios\/#%C2%BFSe_paga_tasa_de_balneario_en_Alemania\" >\u00bfSe paga tasa de balneario en Alemania?<\/a><\/li><li class='ez-toc-page-1 ez-toc-heading-level-3'><a class=\"ez-toc-link ez-toc-heading-76\" href=\"https:\/\/loudavymkrokem.cz\/es\/termas-alemania-mejores-balnearios\/#%C2%BFQue_termal_aleman_es_el_mas_adecuado_para_familias_con_ninos\" >\u00bfQu\u00e9 termal alem\u00e1n es el m\u00e1s adecuado para familias con ni\u00f1os?<\/a><\/li><\/ul><\/li><\/ul><\/nav><\/div>\n<h3 class=\"wp-block-heading\"><span class=\"ez-toc-section\" id=\"Resumen_para_quienes_no_tienen_tiempo_de_leer_todo_el_articulo\"><\/span>Resumen para quienes no tienen tiempo de leer todo el art\u00edculo<span class=\"ez-toc-section-end\"><\/span><\/h3>\n\n\n\n<ul class=\"wp-block-list\">\n\n<li><strong>Las m\u00e1s grandes y conocidas<\/strong> son las Therme Erding en Baviera, que seg\u00fan su propia web se autodenominan las termas m\u00e1s grandes del mundo: 40 piscinas y 38 saunas y ba\u00f1os de vapor.<\/li>\n\n\n\n<li><strong>El para\u00edso tropical<\/strong> con cientos de palmeras lo vivir\u00e1s en los balnearios Thermen &#038; Badewelt Sinsheim y Thermen &#038; Badewelt Euskirchen.<\/li>\n\n\n\n<li><strong>Muy accesibles desde el sur de Alemania<\/strong> est\u00e1n el popular Sibyllenbad cerca de la frontera checa o el precioso Toskana Therme Bad Schandau.<\/li>\n\n\n\n<li><strong>Para familias con ni\u00f1os<\/strong> viene bien Erding, mientras que muchos otros balnearios (como Sinsheim) permiten la entrada estrictamente solo a partir de 16 a\u00f1os.<\/li>\n\n\n\n<li><strong>El estilo balin\u00e9s<\/strong> y el ambiente oriental los disfrutar\u00e1s en Bali Therme o en el vabali spa Berlin.<\/li>\n\n\n\n<li><strong>El precio t\u00edpico<\/strong> por dos o tres horas de ba\u00f1o ronda entre 15 y 25 euros.<\/li>\n\n\n\n<li><strong>La sauna se hace desnudo<\/strong>, la llamada zona textilfreie es un est\u00e1ndar higi\u00e9nico en Alemania y el ba\u00f1ador simplemente no tiene cabida en la cabina.<\/li>\n\n\n\n<li><strong>Las tarifas por tiempo<\/strong> son traicioneras, porque se paga por un n\u00famero exacto de horas y por pasarte se abona un suplemento.<\/li>\n\n\n\n<li><strong>Un hotel con Bademantelgang<\/strong> es el mejor invento, porque desde la habitaci\u00f3n llegas directamente a la piscina en albornoz.<\/li>\n\n\n<\/ul>\n\n\n\n<figure data-wp-context=\"{&quot;imageId&quot;:&quot;6a9c0c16ce1f2&quot;}\" data-wp-interactive=\"core\/image\" data-wp-key=\"6a9c0c16ce1f2\" class=\"wp-block-image size-full wp-lightbox-container\"><img decoding=\"async\" width=\"1800\" height=\"1201\" data-wp-class--hide=\"state.isContentHidden\" data-wp-class--show=\"state.isContentVisible\" data-wp-init=\"callbacks.setButtonStyles\" data-wp-on--click=\"actions.showLightbox\" data-wp-on--load=\"callbacks.setButtonStyles\" data-wp-on--pointerdown=\"actions.preloadImage\" data-wp-on--pointerenter=\"actions.preloadImageWithDelay\" data-wp-on--pointerleave=\"actions.cancelPreload\" data-wp-on-window--resize=\"callbacks.setButtonStyles\" src=\"https:\/\/loudavymkrokem.cz\/wp-content\/uploads\/2026\/09\/nemecko-clanky-termaly-nemecko-02-a0bf9c2b.jpg\" alt=\"Ceremonia de sauna Aufguss en el mundo de saunas de Thermen &#038; Badewelt Sinsheim\" class=\"wp-image-415289\" title=\"\" srcset=\"https:\/\/loudavymkrokem.cz\/wp-content\/uploads\/2026\/09\/nemecko-clanky-termaly-nemecko-02-a0bf9c2b.jpg 1800w, https:\/\/loudavymkrokem.cz\/wp-content\/uploads\/2026\/09\/nemecko-clanky-termaly-nemecko-02-a0bf9c2b-300x200.jpg 300w, https:\/\/loudavymkrokem.cz\/wp-content\/uploads\/2026\/09\/nemecko-clanky-termaly-nemecko-02-a0bf9c2b-700x467.jpg 700w, https:\/\/loudavymkrokem.cz\/wp-content\/uploads\/2026\/09\/nemecko-clanky-termaly-nemecko-02-a0bf9c2b-768x512.jpg 768w, https:\/\/loudavymkrokem.cz\/wp-content\/uploads\/2026\/09\/nemecko-clanky-termaly-nemecko-02-a0bf9c2b-1536x1025.jpg 1536w, https:\/\/loudavymkrokem.cz\/wp-content\/uploads\/2026\/09\/nemecko-clanky-termaly-nemecko-02-a0bf9c2b-696x464.jpg 696w, https:\/\/loudavymkrokem.cz\/wp-content\/uploads\/2026\/09\/nemecko-clanky-termaly-nemecko-02-a0bf9c2b-1392x929.jpg 1392w\" sizes=\"(max-width: 1800px) 100vw, 1800px\" \/><button\n\t\t\tclass=\"lightbox-trigger\"\n\t\t\ttype=\"button\"\n\t\t\taria-haspopup=\"dialog\"\n\t\t\tdata-wp-bind--aria-label=\"state.thisImage.triggerButtonAriaLabel\"\n\t\t\tdata-wp-init=\"callbacks.initTriggerButton\"\n\t\t\tdata-wp-on--click=\"actions.showLightbox\"\n\t\t\tdata-wp-style--right=\"state.thisImage.buttonRight\"\n\t\t\tdata-wp-style--top=\"state.thisImage.buttonTop\"\n\t\t>\n\t\t\t<svg xmlns=\"http:\/\/www.w3.org\/2000\/svg\" width=\"12\" height=\"12\" fill=\"none\" viewBox=\"0 0 12 12\">\n\t\t\t\t<path fill=\"#fff\" d=\"M2 0a2 2 0 0 0-2 2v2h1.5V2a.5.5 0 0 1 .5-.5h2V0H2Zm2 10.5H2a.5.5 0 0 1-.5-.5V8H0v2a2 2 0 0 0 2 2h2v-1.5ZM8 12v-1.5h2a.5.5 0 0 0 .5-.5V8H12v2a2 2 0 0 1-2 2H8Zm2-12a2 2 0 0 1 2 2v2h-1.5V2a.5.5 0 0 0-.5-.5H8V0h2Z\" \/>\n\t\t\t<\/svg>\n\t\t<\/button><\/figure>\n\n\n\n<h2 class=\"wp-block-heading\"><span class=\"ez-toc-section\" id=\"Como_funcionan_las_termas_en_Alemania_y_en_que_se_diferencian_de_las_nuestras\"><\/span>C\u00f3mo funcionan las termas en Alemania (y en qu\u00e9 se diferencian de las nuestras)<span class=\"ez-toc-section-end\"><\/span><\/h2>\n\n\n\n<p class=\"wp-block-paragraph\">En Alemania la entrada rara vez se compra para todo el d\u00eda. Lo habitual son las <strong>tarifas de dos a cuatro horas<\/strong>, y el tiempo empieza a correr sin piedad desde que pasas el torniquete. Si te olvidas del reloj en el jacuzzi no pasa nada grave, pero cuenta con que te cobrar\u00e1n un <strong>suplemento por el exceso de tiempo<\/strong>. En la Europa Therme Bad F\u00fcssing, por ejemplo, es un euro por cada media hora empezada.<\/p>\n\n\n\n<p class=\"wp-block-paragraph\">Otra gran diferencia est\u00e1 en la divisi\u00f3n de zonas. La entrada b\u00e1sica suele valer solo para las piscinas termales y las saunas se pagan aparte. As\u00ed puedes comprar bien una <strong>entrada separada o una tarifa combinada m\u00e1s ventajosa<\/strong>. Ahora bien, en cuanto cruzas la puerta al mundo de las saunas, tienes que dejar el ba\u00f1ador en el gancho, porque las saunas alemanas son <strong>estrictamente textilfreie<\/strong> (sin ba\u00f1ador).<\/p>\n\n\n\n<p class=\"wp-block-paragraph\">La regla de oro de higiene es la <strong>toalla obligatoria bajo todo el cuerpo<\/strong>. No puedes sentarte con la piel desnuda directamente sobre la madera, incluidos los pies, as\u00ed que una toalla realmente grande es imprescindible. Si no la tienes, en la mayor\u00eda de los balnearios hay <strong>alquiler de albornoces y toallas<\/strong>, donde te los facilitan encantados por una tarifa y una fianza reembolsable.<\/p>\n\n\n\n<p class=\"wp-block-paragraph\">Cap\u00edtulo aparte son las ceremonias de sauna, que en alem\u00e1n se llaman Aufguss. Las dirige un <strong>Saunameister experimentado<\/strong> siguiendo exactamente el horario que cuelga junto a cada cabina. En cuanto se cierra la puerta y empieza el vertido de agua sobre las piedras, <strong>ya no dejan entrar a nadie<\/strong>, as\u00ed que conviene llegar con un poco de antelaci\u00f3n.<\/p>\n\n\n\n<p class=\"wp-block-paragraph\">Adem\u00e1s, toda la estancia es de lo m\u00e1s despreocupada gracias a la tecnolog\u00eda. En lugar de cartera, <strong>recibes un chip o una pulsera<\/strong> con la que cierras la taquilla y pagas el caf\u00e9 o el masaje. Las mujeres deber\u00edan saber que muchos balnearios, como el Bodensee-Therme Konstanz, ofrecen tambi\u00e9n <strong>d\u00edas especiales de sauna para mujeres<\/strong>, cuando todo el espacio est\u00e1 reservado solo para ellas.<\/p>\n\n\n\n<figure data-wp-context=\"{&quot;imageId&quot;:&quot;6a9c0c16ce87a&quot;}\" data-wp-interactive=\"core\/image\" data-wp-key=\"6a9c0c16ce87a\" class=\"wp-block-image size-full wp-lightbox-container\"><img decoding=\"async\" width=\"1800\" height=\"1012\" data-wp-class--hide=\"state.isContentHidden\" data-wp-class--show=\"state.isContentVisible\" data-wp-init=\"callbacks.setButtonStyles\" data-wp-on--click=\"actions.showLightbox\" data-wp-on--load=\"callbacks.setButtonStyles\" data-wp-on--pointerdown=\"actions.preloadImage\" data-wp-on--pointerenter=\"actions.preloadImageWithDelay\" data-wp-on--pointerleave=\"actions.cancelPreload\" data-wp-on-window--resize=\"callbacks.setButtonStyles\" src=\"https:\/\/loudavymkrokem.cz\/wp-content\/uploads\/2026\/09\/nemecko-clanky-termaly-nemecko-03-ffbe5d3a.jpg\" alt=\"Piscina interior de estilo oriental en el mundo de saunas de Mediterana\" class=\"wp-image-415290\" title=\"\" srcset=\"https:\/\/loudavymkrokem.cz\/wp-content\/uploads\/2026\/09\/nemecko-clanky-termaly-nemecko-03-ffbe5d3a.jpg 1800w, https:\/\/loudavymkrokem.cz\/wp-content\/uploads\/2026\/09\/nemecko-clanky-termaly-nemecko-03-ffbe5d3a-300x169.jpg 300w, https:\/\/loudavymkrokem.cz\/wp-content\/uploads\/2026\/09\/nemecko-clanky-termaly-nemecko-03-ffbe5d3a-700x394.jpg 700w, https:\/\/loudavymkrokem.cz\/wp-content\/uploads\/2026\/09\/nemecko-clanky-termaly-nemecko-03-ffbe5d3a-768x432.jpg 768w, https:\/\/loudavymkrokem.cz\/wp-content\/uploads\/2026\/09\/nemecko-clanky-termaly-nemecko-03-ffbe5d3a-1536x864.jpg 1536w, https:\/\/loudavymkrokem.cz\/wp-content\/uploads\/2026\/09\/nemecko-clanky-termaly-nemecko-03-ffbe5d3a-696x391.jpg 696w, https:\/\/loudavymkrokem.cz\/wp-content\/uploads\/2026\/09\/nemecko-clanky-termaly-nemecko-03-ffbe5d3a-1392x783.jpg 1392w\" sizes=\"(max-width: 1800px) 100vw, 1800px\" \/><button\n\t\t\tclass=\"lightbox-trigger\"\n\t\t\ttype=\"button\"\n\t\t\taria-haspopup=\"dialog\"\n\t\t\tdata-wp-bind--aria-label=\"state.thisImage.triggerButtonAriaLabel\"\n\t\t\tdata-wp-init=\"callbacks.initTriggerButton\"\n\t\t\tdata-wp-on--click=\"actions.showLightbox\"\n\t\t\tdata-wp-style--right=\"state.thisImage.buttonRight\"\n\t\t\tdata-wp-style--top=\"state.thisImage.buttonTop\"\n\t\t>\n\t\t\t<svg xmlns=\"http:\/\/www.w3.org\/2000\/svg\" width=\"12\" height=\"12\" fill=\"none\" viewBox=\"0 0 12 12\">\n\t\t\t\t<path fill=\"#fff\" d=\"M2 0a2 2 0 0 0-2 2v2h1.5V2a.5.5 0 0 1 .5-.5h2V0H2Zm2 10.5H2a.5.5 0 0 1-.5-.5V8H0v2a2 2 0 0 0 2 2h2v-1.5ZM8 12v-1.5h2a.5.5 0 0 0 .5-.5V8H12v2a2 2 0 0 1-2 2H8Zm2-12a2 2 0 0 1 2 2v2h-1.5V2a.5.5 0 0 0-.5-.5H8V0h2Z\" \/>\n\t\t\t<\/svg>\n\t\t<\/button><\/figure>\n\n\n\n<h2 class=\"wp-block-heading\"><span class=\"ez-toc-section\" id=\"Cuanto_cuesta_y_cuando_ir\"><\/span>Cu\u00e1nto cuesta y cu\u00e1ndo ir<span class=\"ez-toc-section-end\"><\/span><\/h2>\n\n\n\n<p class=\"wp-block-paragraph\">Los precios (seg\u00fan las tarifas de 2026) dependen, como es l\u00f3gico, del lujo que te permitas. Las <strong>termas m\u00e1s baratas<\/strong>, del tipo Sibyllenbad, te salen por apenas 9 euros por dos horas. La mayor\u00eda de los balnearios cl\u00e1sicos, con una entrada corta, rondan los 15 a 20 euros. En cambio, por los <strong>enormes complejos tropicales<\/strong> como Therme Bad W\u00f6rishofen puedes llegar a pagar 51 euros por la entrada de d\u00eda completo. Los precios, por supuesto, pueden cambiar con el tiempo.<\/p>\n\n\n\n<p class=\"wp-block-paragraph\">Si quieres ahorrar un poco, merece la pena buscar ofertas especiales. Muchos sitios ofrecen <strong>tarifas reducidas de ma\u00f1ana o de tarde<\/strong>, a menudo llamadas Feierabendtarif. Al contrario, los fines de semana y festivos suelen ser m\u00e1s caros, porque los gestores a\u00f1aden al precio base un <strong>suplemento de fin de semana<\/strong> de dos o tres euros.<\/p>\n\n\n\n<p class=\"wp-block-paragraph\">Las familias con ni\u00f1os deber\u00edan comprobar de antemano si el balneario admite visitantes infantiles. Mientras que algunos recintos venden <strong>tarifas familiares ventajosas<\/strong>, en otros, como los lujosos Badewelt, rige una entrada estricta a partir de 16 a\u00f1os. La mayor tranquilidad la disfrutar\u00e1s durante las <strong>ma\u00f1anas de d\u00edas laborables<\/strong>, idealmente fuera de las concurridas vacaciones escolares alemanas.<\/p>\n\n\n\n<p class=\"wp-block-paragraph\">En temporada de invierno, como es l\u00f3gico, las piscinas exteriores calientes se llenan a rebosar, as\u00ed que los meses de verano prometen un ambiente bastante m\u00e1s \u00edntimo. No olvides tampoco que en las ciudades balneario se paga una tasa de alojamiento llamada Kurbeitrag. A cambio <strong>recibes una pr\u00e1ctica G\u00e4stekarte<\/strong>, con la que a menudo tienes derecho a agradables descuentos en la entrada.<\/p>\n\n\n\n<figure data-wp-context=\"{&quot;imageId&quot;:&quot;6a9c0c16cee5a&quot;}\" data-wp-interactive=\"core\/image\" data-wp-key=\"6a9c0c16cee5a\" class=\"wp-block-image size-full wp-lightbox-container\"><img decoding=\"async\" width=\"1800\" height=\"1201\" data-wp-class--hide=\"state.isContentHidden\" data-wp-class--show=\"state.isContentVisible\" data-wp-init=\"callbacks.setButtonStyles\" data-wp-on--click=\"actions.showLightbox\" data-wp-on--load=\"callbacks.setButtonStyles\" data-wp-on--pointerdown=\"actions.preloadImage\" data-wp-on--pointerenter=\"actions.preloadImageWithDelay\" data-wp-on--pointerleave=\"actions.cancelPreload\" data-wp-on-window--resize=\"callbacks.setButtonStyles\" src=\"https:\/\/loudavymkrokem.cz\/wp-content\/uploads\/2026\/09\/nemecko-clanky-termaly-nemecko-04-a6d37903.jpg\" alt=\"Hu\u00e9sped en albornoz en el jard\u00edn de Thermen &#038; Badewelt Euskirchen\" class=\"wp-image-415291\" title=\"\" srcset=\"https:\/\/loudavymkrokem.cz\/wp-content\/uploads\/2026\/09\/nemecko-clanky-termaly-nemecko-04-a6d37903.jpg 1800w, https:\/\/loudavymkrokem.cz\/wp-content\/uploads\/2026\/09\/nemecko-clanky-termaly-nemecko-04-a6d37903-300x200.jpg 300w, https:\/\/loudavymkrokem.cz\/wp-content\/uploads\/2026\/09\/nemecko-clanky-termaly-nemecko-04-a6d37903-700x467.jpg 700w, https:\/\/loudavymkrokem.cz\/wp-content\/uploads\/2026\/09\/nemecko-clanky-termaly-nemecko-04-a6d37903-768x512.jpg 768w, https:\/\/loudavymkrokem.cz\/wp-content\/uploads\/2026\/09\/nemecko-clanky-termaly-nemecko-04-a6d37903-1536x1025.jpg 1536w, https:\/\/loudavymkrokem.cz\/wp-content\/uploads\/2026\/09\/nemecko-clanky-termaly-nemecko-04-a6d37903-696x464.jpg 696w, https:\/\/loudavymkrokem.cz\/wp-content\/uploads\/2026\/09\/nemecko-clanky-termaly-nemecko-04-a6d37903-1392x929.jpg 1392w\" sizes=\"(max-width: 1800px) 100vw, 1800px\" \/><button\n\t\t\tclass=\"lightbox-trigger\"\n\t\t\ttype=\"button\"\n\t\t\taria-haspopup=\"dialog\"\n\t\t\tdata-wp-bind--aria-label=\"state.thisImage.triggerButtonAriaLabel\"\n\t\t\tdata-wp-init=\"callbacks.initTriggerButton\"\n\t\t\tdata-wp-on--click=\"actions.showLightbox\"\n\t\t\tdata-wp-style--right=\"state.thisImage.buttonRight\"\n\t\t\tdata-wp-style--top=\"state.thisImage.buttonTop\"\n\t\t>\n\t\t\t<svg xmlns=\"http:\/\/www.w3.org\/2000\/svg\" width=\"12\" height=\"12\" fill=\"none\" viewBox=\"0 0 12 12\">\n\t\t\t\t<path fill=\"#fff\" d=\"M2 0a2 2 0 0 0-2 2v2h1.5V2a.5.5 0 0 1 .5-.5h2V0H2Zm2 10.5H2a.5.5 0 0 1-.5-.5V8H0v2a2 2 0 0 0 2 2h2v-1.5ZM8 12v-1.5h2a.5.5 0 0 0 .5-.5V8H12v2a2 2 0 0 1-2 2H8Zm2-12a2 2 0 0 1 2 2v2h-1.5V2a.5.5 0 0 0-.5-.5H8V0h2Z\" \/>\n\t\t\t<\/svg>\n\t\t<\/button><\/figure>\n\n\n\n<h2 class=\"wp-block-heading\"><span class=\"ez-toc-section\" id=\"Donde_alojarse_hotel_con_Bademantelgang\"><\/span>D\u00f3nde alojarse: hotel con Bademantelgang<span class=\"ez-toc-section-end\"><\/span><\/h2>\n\n\n\n<p class=\"wp-block-paragraph\"><em>\ud83d\udca1 Consejo de alojamiento y experiencias: el alojamiento lo <a href=\"https:\/\/www.stay22.com\/allez\/roam?aid=lukaskonecny&#038;campaign=loudavymkrokemcz&#038;address=N%C4%9Bmecko\" target=\"_blank\" rel=\"nofollow noopener sponsored\">comparamos aqu\u00ed<\/a>, para ver qu\u00e9 hay libre y a qu\u00e9 precio. Preferimos buscarlo en <a href=\"https:\/\/www.booking.com\/searchresults.html?ss=N%C4%9Bmecko&#038;aid=2397601\" target=\"_blank\" rel=\"nofollow noopener sponsored\">Booking.com<\/a>, donde suelen tener las mejores condiciones de cancelaci\u00f3n. Las entradas, excursiones y actividades merece la pena compararlas y comprarlas a trav\u00e9s de <a href=\"https:\/\/www.getyourguide.com\/s\/?q=N%C4%9Bmecko&#038;partner_id=MKZ64IS\" target=\"_blank\" rel=\"nofollow noopener sponsored\">GetYourGuide<\/a>.<\/em><\/p>\n\n\n\n<p class=\"wp-block-paragraph\">Si hay algo que lleva un fin de semana de balneario a otro nivel, es el llamado Bademantelgang. Significa literalmente <strong>pasillo para albornoces<\/strong> y se trata de un t\u00fanel acristalado o subterr\u00e1neo que conecta tu hotel directamente con el recinto termal. Por la ma\u00f1ana simplemente te levantas de la cama, te pones el albornoz y <strong>llegas en zapatillas directo a la piscina<\/strong>.<\/p>\n\n\n\n<p class=\"wp-block-paragraph\">As\u00ed te ahorras el complicado ritual de vestirte, meter las bolsas en las taquillas y cruzar la calle bajo el fr\u00edo del invierno. Adem\u00e1s, la mayor\u00eda de estos alojamientos incluye la <strong>entrada a las piscinas directamente en el precio de la noche<\/strong>, lo que al final compensa much\u00edsimo. Todos estos tesoros los puedes buscar y reservar f\u00e1cilmente en Booking, donde ver\u00e1s tambi\u00e9n rese\u00f1as reales al instante.<\/p>\n\n\n\n<p class=\"wp-block-paragraph\"><strong><a href=\"https:\/\/www.stay22.com\/allez\/roam?aid=lukaskonecny&#038;campaign=loudavymkrokemcz&#038;campaign=termaly-nemecko&#038;hotelname=Hotel%20Victory%20Therme%20Erding&#038;address=Erding%2C%20Nemecko\" target=\"_blank\" rel=\"noopener nofollow sponsored\">Hotel Victory Therme Erding<\/a><\/strong>, en la localidad b\u00e1vara de Erding, est\u00e1 justo dentro del enorme complejo termal. Las habitaciones recuerdan a una r\u00e9plica del famoso barco HMS Victory o a un palacio veneciano, y los hu\u00e9spedes del hotel tienen <strong>incluido en el precio de la noche el acceso directo desde el lobby<\/strong> a las termas, incluidas las zonas VitalOase y VitalTherme &#038; Saunen.<\/p>\n\n\n\n<p class=\"wp-block-paragraph\"><strong><a href=\"https:\/\/www.stay22.com\/allez\/roam?aid=lukaskonecny&#038;campaign=loudavymkrokemcz&#038;campaign=termaly-nemecko&#038;hotelname=Thermenhotel%20Gass&#038;address=Bad%20Fussing%2C%20Nemecko\" target=\"_blank\" rel=\"noopener nofollow sponsored\">Thermenhotel Gass<\/a><\/strong>, en la b\u00e1vara Bad F\u00fcssing, es un hotel de tres estrellas superior y uno de los pocos lugares de la ciudad con sus propias piscinas. Est\u00e1n <strong>llenas de agua termal sulfurosa<\/strong> bombeada directamente desde la popular Therme 1, y aqu\u00ed encontrar\u00e1s tambi\u00e9n un estupendo wellness con biosauna, sauna finlandesa, cabina de infrarrojos y ba\u00f1o de vapor.<\/p>\n\n\n\n<p class=\"wp-block-paragraph\"><strong><a href=\"https:\/\/www.stay22.com\/allez\/roam?aid=lukaskonecny&#038;campaign=loudavymkrokemcz&#038;campaign=termaly-nemecko&#038;hotelname=Hotel%20an%20der%20Therme%20Bad%20Sulza&#038;address=Bad%20Sulza%2C%20Nemecko\" target=\"_blank\" rel=\"noopener nofollow sponsored\">Hotel an der Therme Bad Sulza<\/a><\/strong>, en Turingia, pertenece al grupo Toskanaworld y lo conecta con el propio Toskana Therme el anhelado Bademantelgang. En el precio de la noche tienes <strong>acceso inmediato a las termas, incluido el mundo de saunas<\/strong>, y seguro que te encantar\u00e1n su excelente desayuno o sus amplias habitaciones reformadas.<\/p>\n\n\n\n<p class=\"wp-block-paragraph\"><strong><a href=\"https:\/\/www.stay22.com\/allez\/roam?aid=lukaskonecny&#038;campaign=loudavymkrokemcz&#038;campaign=termaly-nemecko&#038;hotelname=Mauritius%20Hotel%20%26%20Therme&#038;address=Kolin%20nad%20Rynem%2C%20Nemecko\" target=\"_blank\" rel=\"noopener nofollow sponsored\">Mauritius Hotel &#038; Therme<\/a><\/strong> est\u00e1 justo en Colonia y presume de cuatro estrellas y de un enorme wellness de 3.500 metros cuadrados. Aqu\u00ed encontrar\u00e1s siete saunas, dos jacuzzis y una <strong>piscina exterior con sal del mar Muerto<\/strong>, y el hu\u00e9sped del hotel paga por este lujo solo unos simb\u00f3licos 10 euros al d\u00eda (incluso el d\u00eda de salida).<\/p>\n\n\n\n<p class=\"wp-block-paragraph\"><strong><a href=\"https:\/\/www.stay22.com\/allez\/roam?aid=lukaskonecny&#038;campaign=loudavymkrokemcz&#038;campaign=termaly-nemecko&#038;hotelname=Hotel%20Zum%20Rittmeister&#038;address=Werder%20Havel%2C%20Nemecko\" target=\"_blank\" rel=\"noopener nofollow sponsored\">Hotel Zum Rittmeister<\/a><\/strong>, en la ciudad brandeburguesa de Werder, ofrece 35 acogedoras habitaciones y excelentes desayunos con productos locales de la regi\u00f3n. Tras pagar la tasa balnearia y presentar la G\u00e4stekarte, los hu\u00e9spedes obtienen <strong>entrada con descuento a las cercanas Havel Therme<\/strong>, sobre todo entre semana.<\/p>\n\n\n\n<p class=\"wp-block-paragraph\"><strong><a href=\"https:\/\/www.stay22.com\/allez\/roam?aid=lukaskonecny&#038;campaign=loudavymkrokemcz&#038;campaign=termaly-nemecko&#038;hotelname=Hotel%20Palatin&#038;address=Wiesloch%2C%20Nemecko\" target=\"_blank\" rel=\"noopener nofollow sponsored\">Hotel Palatin<\/a><\/strong>, en Wiesloch (Baden-Wurtemberg), funciona como hotel oficial asociado del c\u00e9lebre complejo Thermen &#038; Badewelt Sinsheim. Ofrece <strong>paquetes muy ventajosos de noche y desayuno<\/strong> que incluyen directamente la entrada a las termas, y ya desde 79 euros por persona.<\/p>\n\n\n\n<p class=\"wp-block-paragraph\"><strong>\ud83d\udca1 Consejo:<\/strong> si te gusta probar novedades, junto al VitaSol Therme de Bad Salzuflen se est\u00e1 <strong>construyendo desde el verano de 2025 un hotel nuevo de cuatro estrellas<\/strong> con un centenar de habitaciones. Su finalizaci\u00f3n est\u00e1 prevista para 2027 y seguro que ser\u00e1 una pasada.<\/p>\n\n\n\n<figure data-wp-context=\"{&quot;imageId&quot;:&quot;6a9c0c16cf543&quot;}\" data-wp-interactive=\"core\/image\" data-wp-key=\"6a9c0c16cf543\" class=\"wp-block-image size-full wp-lightbox-container\"><img decoding=\"async\" width=\"1800\" height=\"1397\" data-wp-class--hide=\"state.isContentHidden\" data-wp-class--show=\"state.isContentVisible\" data-wp-init=\"callbacks.setButtonStyles\" data-wp-on--click=\"actions.showLightbox\" data-wp-on--load=\"callbacks.setButtonStyles\" data-wp-on--pointerdown=\"actions.preloadImage\" data-wp-on--pointerenter=\"actions.preloadImageWithDelay\" data-wp-on--pointerleave=\"actions.cancelPreload\" data-wp-on-window--resize=\"callbacks.setButtonStyles\" src=\"https:\/\/loudavymkrokem.cz\/wp-content\/uploads\/2026\/09\/nemecko-clanky-termaly-nemecko-05-08e1f8c8.jpg\" alt=\"Piscina exterior con palmeras en Therme Erding, en Baviera\" class=\"wp-image-415292\" title=\"\" srcset=\"https:\/\/loudavymkrokem.cz\/wp-content\/uploads\/2026\/09\/nemecko-clanky-termaly-nemecko-05-08e1f8c8.jpg 1800w, https:\/\/loudavymkrokem.cz\/wp-content\/uploads\/2026\/09\/nemecko-clanky-termaly-nemecko-05-08e1f8c8-300x233.jpg 300w, https:\/\/loudavymkrokem.cz\/wp-content\/uploads\/2026\/09\/nemecko-clanky-termaly-nemecko-05-08e1f8c8-700x543.jpg 700w, https:\/\/loudavymkrokem.cz\/wp-content\/uploads\/2026\/09\/nemecko-clanky-termaly-nemecko-05-08e1f8c8-768x596.jpg 768w, https:\/\/loudavymkrokem.cz\/wp-content\/uploads\/2026\/09\/nemecko-clanky-termaly-nemecko-05-08e1f8c8-1536x1192.jpg 1536w, https:\/\/loudavymkrokem.cz\/wp-content\/uploads\/2026\/09\/nemecko-clanky-termaly-nemecko-05-08e1f8c8-696x540.jpg 696w, https:\/\/loudavymkrokem.cz\/wp-content\/uploads\/2026\/09\/nemecko-clanky-termaly-nemecko-05-08e1f8c8-1392x1080.jpg 1392w\" sizes=\"(max-width: 1800px) 100vw, 1800px\" \/><button\n\t\t\tclass=\"lightbox-trigger\"\n\t\t\ttype=\"button\"\n\t\t\taria-haspopup=\"dialog\"\n\t\t\tdata-wp-bind--aria-label=\"state.thisImage.triggerButtonAriaLabel\"\n\t\t\tdata-wp-init=\"callbacks.initTriggerButton\"\n\t\t\tdata-wp-on--click=\"actions.showLightbox\"\n\t\t\tdata-wp-style--right=\"state.thisImage.buttonRight\"\n\t\t\tdata-wp-style--top=\"state.thisImage.buttonTop\"\n\t\t>\n\t\t\t<svg xmlns=\"http:\/\/www.w3.org\/2000\/svg\" width=\"12\" height=\"12\" fill=\"none\" viewBox=\"0 0 12 12\">\n\t\t\t\t<path fill=\"#fff\" d=\"M2 0a2 2 0 0 0-2 2v2h1.5V2a.5.5 0 0 1 .5-.5h2V0H2Zm2 10.5H2a.5.5 0 0 1-.5-.5V8H0v2a2 2 0 0 0 2 2h2v-1.5ZM8 12v-1.5h2a.5.5 0 0 0 .5-.5V8H12v2a2 2 0 0 1-2 2H8Zm2-12a2 2 0 0 1 2 2v2h-1.5V2a.5.5 0 0 0-.5-.5H8V0h2Z\" \/>\n\t\t\t<\/svg>\n\t\t<\/button><figcaption class=\"wp-element-caption\">Foto: Therme Erding \/ Wikimedia Commons, CC BY-SA 3.0<\/figcaption><\/figure>\n\n\n\n<h2 class=\"wp-block-heading\"><span class=\"ez-toc-section\" id=\"Termas_en_Baviera\"><\/span>Termas en Baviera<span class=\"ez-toc-section-end\"><\/span><\/h2>\n\n\n\n<p class=\"wp-block-paragraph\">Baviera es una potencia termal: en un mismo lugar conviven complejos tropicales con toboganes y tranquilas ciudades balneario, donde el agua se bebe tan a menudo como uno se sienta en ella. Aqu\u00ed est\u00e1, seg\u00fan su operador, el mayor recinto termal del mundo, y conocidas ciudades balneario como Bad F\u00fcssing, Bad Griesbach o Bad Kissingen ofrecen la mayor variedad de ba\u00f1os de toda Alemania. La ventaja es que muchos de estos complejos est\u00e1n a poca distancia del sur del pa\u00eds.<\/p>\n\n\n\n<p class=\"wp-block-paragraph\">Los recintos m\u00e1s grandes est\u00e1n en Bad F\u00fcssing y Neualbenreuth. Es una elecci\u00f3n ideal si piensas en una escapada r\u00e1pida de fin de semana para huir del fr\u00edo y del estr\u00e9s. Ten en cuenta que las termas b\u00e1varas son enormes, modernas y a menudo tienen normas estrictas para la entrada de ni\u00f1os, as\u00ed que comprueba siempre de antemano para qui\u00e9n es m\u00e1s adecuado cada lugar.<\/p>\n\n\n\n<figure data-wp-context=\"{&quot;imageId&quot;:&quot;6a9c0c16cfa2d&quot;}\" data-wp-interactive=\"core\/image\" data-wp-key=\"6a9c0c16cfa2d\" class=\"wp-block-image size-full wp-lightbox-container\"><img decoding=\"async\" width=\"1800\" height=\"1350\" data-wp-class--hide=\"state.isContentHidden\" data-wp-class--show=\"state.isContentVisible\" data-wp-init=\"callbacks.setButtonStyles\" data-wp-on--click=\"actions.showLightbox\" data-wp-on--load=\"callbacks.setButtonStyles\" data-wp-on--pointerdown=\"actions.preloadImage\" data-wp-on--pointerenter=\"actions.preloadImageWithDelay\" data-wp-on--pointerleave=\"actions.cancelPreload\" data-wp-on-window--resize=\"callbacks.setButtonStyles\" src=\"https:\/\/loudavymkrokem.cz\/wp-content\/uploads\/2026\/09\/nemecko-clanky-termaly-nemecko-06-89de543b.jpg\" alt=\"Therme Erding (Erding): piscina tropical con palmeras\" class=\"wp-image-415293\" title=\"\" srcset=\"https:\/\/loudavymkrokem.cz\/wp-content\/uploads\/2026\/09\/nemecko-clanky-termaly-nemecko-06-89de543b.jpg 1800w, https:\/\/loudavymkrokem.cz\/wp-content\/uploads\/2026\/09\/nemecko-clanky-termaly-nemecko-06-89de543b-300x225.jpg 300w, https:\/\/loudavymkrokem.cz\/wp-content\/uploads\/2026\/09\/nemecko-clanky-termaly-nemecko-06-89de543b-700x525.jpg 700w, https:\/\/loudavymkrokem.cz\/wp-content\/uploads\/2026\/09\/nemecko-clanky-termaly-nemecko-06-89de543b-768x576.jpg 768w, https:\/\/loudavymkrokem.cz\/wp-content\/uploads\/2026\/09\/nemecko-clanky-termaly-nemecko-06-89de543b-1536x1152.jpg 1536w, https:\/\/loudavymkrokem.cz\/wp-content\/uploads\/2026\/09\/nemecko-clanky-termaly-nemecko-06-89de543b-80x60.jpg 80w, https:\/\/loudavymkrokem.cz\/wp-content\/uploads\/2026\/09\/nemecko-clanky-termaly-nemecko-06-89de543b-160x120.jpg 160w, https:\/\/loudavymkrokem.cz\/wp-content\/uploads\/2026\/09\/nemecko-clanky-termaly-nemecko-06-89de543b-696x522.jpg 696w, https:\/\/loudavymkrokem.cz\/wp-content\/uploads\/2026\/09\/nemecko-clanky-termaly-nemecko-06-89de543b-1392x1044.jpg 1392w\" sizes=\"(max-width: 1800px) 100vw, 1800px\" \/><button\n\t\t\tclass=\"lightbox-trigger\"\n\t\t\ttype=\"button\"\n\t\t\taria-haspopup=\"dialog\"\n\t\t\tdata-wp-bind--aria-label=\"state.thisImage.triggerButtonAriaLabel\"\n\t\t\tdata-wp-init=\"callbacks.initTriggerButton\"\n\t\t\tdata-wp-on--click=\"actions.showLightbox\"\n\t\t\tdata-wp-style--right=\"state.thisImage.buttonRight\"\n\t\t\tdata-wp-style--top=\"state.thisImage.buttonTop\"\n\t\t>\n\t\t\t<svg xmlns=\"http:\/\/www.w3.org\/2000\/svg\" width=\"12\" height=\"12\" fill=\"none\" viewBox=\"0 0 12 12\">\n\t\t\t\t<path fill=\"#fff\" d=\"M2 0a2 2 0 0 0-2 2v2h1.5V2a.5.5 0 0 1 .5-.5h2V0H2Zm2 10.5H2a.5.5 0 0 1-.5-.5V8H0v2a2 2 0 0 0 2 2h2v-1.5ZM8 12v-1.5h2a.5.5 0 0 0 .5-.5V8H12v2a2 2 0 0 1-2 2H8Zm2-12a2 2 0 0 1 2 2v2h-1.5V2a.5.5 0 0 0-.5-.5H8V0h2Z\" \/>\n\t\t\t<\/svg>\n\t\t<\/button><figcaption class=\"wp-element-caption\">Foto: Therme Erding \/ Wikimedia Commons, Public domain<\/figcaption><\/figure>\n\n\n\n<h3 class=\"wp-block-heading\"><span class=\"ez-toc-section\" id=\"1_Therme_Erding_Erding\"><\/span>1. Therme Erding (Erding)<span class=\"ez-toc-section-end\"><\/span><\/h3>\n\n\n\n<p class=\"wp-block-paragraph\">Este complejo situado en la ciudad de Erding presume, seg\u00fan su operador, del t\u00edtulo de <strong>las termas m\u00e1s grandes del mundo<\/strong>. Su superficie total abarcaba en 2019 unos incre\u00edbles <strong>430.000 metros cuadrados<\/strong>. De ellos, 185.000 metros cuadrados son superficie \u00fatil directamente para los hu\u00e9spedes. El recinto se divide en cuatro partes principales: la zona termal cl\u00e1sica Thermenparadies, la zona de acci\u00f3n Galaxy Erding y las zonas de descanso VitalOase y VitalTherme &#038; Saunen.<\/p>\n\n\n\n<p class=\"wp-block-paragraph\">Dentro te esperan unos asombrosos <strong>40 piscinas y l\u00e1minas de agua<\/strong>, que se completan con un total de 38 saunas y ba\u00f1os de vapor distintos. Las temperaturas en las saunas van desde los agradables 38 \u00b0C hasta los infernales 90 \u00b0C. Para los amantes de la adrenalina hay <strong>28 toboganes<\/strong> con una longitud total de m\u00e1s de 2.850 metros. Y si te gusta mecerte en las olas, te encantar\u00e1 la enorme piscina de olas, donde el agua est\u00e1 a 34 \u00b0C y las olas alcanzan hasta dos metros de altura.<\/p>\n\n\n\n<p class=\"wp-block-paragraph\">La temperatura media del aire en todo el recinto se mantiene en unos tropicales 28 \u00b0C. Aqu\u00ed hay incluso una aut\u00e9ntica curiosidad: el Polaris, presuntamente <strong>la mayor piscina fr\u00eda del mundo<\/strong>, con agua a entre 14 y 18 \u00b0C. En cambio, en la zona VitalTherme te calentar\u00e1s en la gran piscina de champ\u00e1n o en la piscina de meditaci\u00f3n con agua a 34 \u00b0C. <strong>\ud83d\udca1 Consejo:<\/strong> reserva realmente un d\u00eda entero para la visita, porque el recinto es tan enorme que en unas pocas horas apenas alcanzar\u00e1s una fracci\u00f3n de todas las atracciones.<\/p>\n\n\n\n<figure data-wp-context=\"{&quot;imageId&quot;:&quot;6a9c0c16cff48&quot;}\" data-wp-interactive=\"core\/image\" data-wp-key=\"6a9c0c16cff48\" class=\"wp-block-image size-full wp-lightbox-container\"><img decoding=\"async\" width=\"1800\" height=\"1350\" data-wp-class--hide=\"state.isContentHidden\" data-wp-class--show=\"state.isContentVisible\" data-wp-init=\"callbacks.setButtonStyles\" data-wp-on--click=\"actions.showLightbox\" data-wp-on--load=\"callbacks.setButtonStyles\" data-wp-on--pointerdown=\"actions.preloadImage\" data-wp-on--pointerenter=\"actions.preloadImageWithDelay\" data-wp-on--pointerleave=\"actions.cancelPreload\" data-wp-on-window--resize=\"callbacks.setButtonStyles\" src=\"https:\/\/loudavymkrokem.cz\/wp-content\/uploads\/2026\/09\/nemecko-clanky-termaly-nemecko-07-5c780451.jpg\" alt=\"Therme Bad W\u00f6rishofen (Bad W\u00f6rishofen)\" class=\"wp-image-415294\" title=\"\" srcset=\"https:\/\/loudavymkrokem.cz\/wp-content\/uploads\/2026\/09\/nemecko-clanky-termaly-nemecko-07-5c780451.jpg 1800w, https:\/\/loudavymkrokem.cz\/wp-content\/uploads\/2026\/09\/nemecko-clanky-termaly-nemecko-07-5c780451-300x225.jpg 300w, https:\/\/loudavymkrokem.cz\/wp-content\/uploads\/2026\/09\/nemecko-clanky-termaly-nemecko-07-5c780451-700x525.jpg 700w, https:\/\/loudavymkrokem.cz\/wp-content\/uploads\/2026\/09\/nemecko-clanky-termaly-nemecko-07-5c780451-768x576.jpg 768w, https:\/\/loudavymkrokem.cz\/wp-content\/uploads\/2026\/09\/nemecko-clanky-termaly-nemecko-07-5c780451-1536x1152.jpg 1536w, https:\/\/loudavymkrokem.cz\/wp-content\/uploads\/2026\/09\/nemecko-clanky-termaly-nemecko-07-5c780451-80x60.jpg 80w, https:\/\/loudavymkrokem.cz\/wp-content\/uploads\/2026\/09\/nemecko-clanky-termaly-nemecko-07-5c780451-160x120.jpg 160w, https:\/\/loudavymkrokem.cz\/wp-content\/uploads\/2026\/09\/nemecko-clanky-termaly-nemecko-07-5c780451-696x522.jpg 696w, https:\/\/loudavymkrokem.cz\/wp-content\/uploads\/2026\/09\/nemecko-clanky-termaly-nemecko-07-5c780451-1392x1044.jpg 1392w\" sizes=\"(max-width: 1800px) 100vw, 1800px\" \/><button\n\t\t\tclass=\"lightbox-trigger\"\n\t\t\ttype=\"button\"\n\t\t\taria-haspopup=\"dialog\"\n\t\t\tdata-wp-bind--aria-label=\"state.thisImage.triggerButtonAriaLabel\"\n\t\t\tdata-wp-init=\"callbacks.initTriggerButton\"\n\t\t\tdata-wp-on--click=\"actions.showLightbox\"\n\t\t\tdata-wp-style--right=\"state.thisImage.buttonRight\"\n\t\t\tdata-wp-style--top=\"state.thisImage.buttonTop\"\n\t\t>\n\t\t\t<svg xmlns=\"http:\/\/www.w3.org\/2000\/svg\" width=\"12\" height=\"12\" fill=\"none\" viewBox=\"0 0 12 12\">\n\t\t\t\t<path fill=\"#fff\" d=\"M2 0a2 2 0 0 0-2 2v2h1.5V2a.5.5 0 0 1 .5-.5h2V0H2Zm2 10.5H2a.5.5 0 0 1-.5-.5V8H0v2a2 2 0 0 0 2 2h2v-1.5ZM8 12v-1.5h2a.5.5 0 0 0 .5-.5V8H12v2a2 2 0 0 1-2 2H8Zm2-12a2 2 0 0 1 2 2v2h-1.5V2a.5.5 0 0 0-.5-.5H8V0h2Z\" \/>\n\t\t\t<\/svg>\n\t\t<\/button><figcaption class=\"wp-element-caption\">Foto: Therme Bad W\u00f6rishofen 2010 \/ Wikimedia Commons, CC BY-SA 3.0<\/figcaption><\/figure>\n\n\n\n<h3 class=\"wp-block-heading\"><span class=\"ez-toc-section\" id=\"2_Therme_Bad_Worishofen_Bad_Worishofen\"><\/span>2. Therme Bad W\u00f6rishofen (Bad W\u00f6rishofen)<span class=\"ez-toc-section-end\"><\/span><\/h3>\n\n\n\n<p class=\"wp-block-paragraph\">Las termas de la peque\u00f1a Bad W\u00f6rishofen esconden una curiosidad de talla mundial: la enorme sauna r\u00fastica <strong>Blockhaus am See, para m\u00e1s de 150 personas<\/strong>. Est\u00e1 entre las mayores saunas del mundo y en ella vivir\u00e1s un ambiente totalmente irrepetible. Todo el paisaje termal se extiende aqu\u00ed sobre una respetable superficie de m\u00e1s de <strong>5.000 metros cuadrados<\/strong> y su construcci\u00f3n tuvo lugar entre 2001 y 2004 de la mano del inversor Josef Wund.<\/p>\n\n\n\n<p class=\"wp-block-paragraph\">Disfrutar\u00e1s del ba\u00f1o en un total de ocho piscinas llenas de beneficiosa agua termal. El mundo de saunas ofrece <strong>m\u00e1s de 15 saunas tem\u00e1ticas<\/strong>, entre las que destacan la preciosa Alhambra morisca, la cl\u00e1sica sauna romana o la sauna de meditaci\u00f3n japonesa, completada con un bonito acuario de carpas koi. Los ni\u00f1os tienen a su disposici\u00f3n un tobog\u00e1n y un r\u00e1pido tobog\u00e1n ancho, aunque solo son accesibles en horarios reservados en la piscina deportiva.<\/p>\n\n\n\n<p class=\"wp-block-paragraph\">Seg\u00fan la tarifa de 2026, por la entrada de dos horas pagar\u00e1s <strong>27 EUR<\/strong>, cuatro horas te salen por 35 EUR y la entrada de d\u00eda completo cuesta 51 EUR. Por el acceso a la sauna se abonan 5 EUR m\u00e1s y los fines de semana o festivos cuenta con un suplemento de 3 EUR. La edad m\u00ednima para entrar est\u00e1 <strong>estrictamente fijada en 16 a\u00f1os<\/strong>. <strong>\ud83d\udca1 Consejo:<\/strong> si quieres ir con ni\u00f1os peque\u00f1os, tienes que venir exclusivamente en s\u00e1bado, entre las 9 y las 19 h, en el llamado Family Samstag, cuando la entrada familiar para tres personas sale por 74 EUR.<\/p>\n\n\n\n<figure data-wp-context=\"{&quot;imageId&quot;:&quot;6a9c0c16d042f&quot;}\" data-wp-interactive=\"core\/image\" data-wp-key=\"6a9c0c16d042f\" class=\"wp-block-image size-full wp-lightbox-container\"><img decoding=\"async\" width=\"1800\" height=\"1350\" data-wp-class--hide=\"state.isContentHidden\" data-wp-class--show=\"state.isContentVisible\" data-wp-init=\"callbacks.setButtonStyles\" data-wp-on--click=\"actions.showLightbox\" data-wp-on--load=\"callbacks.setButtonStyles\" data-wp-on--pointerdown=\"actions.preloadImage\" data-wp-on--pointerenter=\"actions.preloadImageWithDelay\" data-wp-on--pointerleave=\"actions.cancelPreload\" data-wp-on-window--resize=\"callbacks.setButtonStyles\" src=\"https:\/\/loudavymkrokem.cz\/wp-content\/uploads\/2026\/09\/nemecko-clanky-termaly-nemecko-08-779c2251.jpg\" alt=\"Entrada a Therme Bad Aibling con c\u00fapula acristalada\" class=\"wp-image-415295\" title=\"\" srcset=\"https:\/\/loudavymkrokem.cz\/wp-content\/uploads\/2026\/09\/nemecko-clanky-termaly-nemecko-08-779c2251.jpg 1800w, https:\/\/loudavymkrokem.cz\/wp-content\/uploads\/2026\/09\/nemecko-clanky-termaly-nemecko-08-779c2251-300x225.jpg 300w, https:\/\/loudavymkrokem.cz\/wp-content\/uploads\/2026\/09\/nemecko-clanky-termaly-nemecko-08-779c2251-700x525.jpg 700w, https:\/\/loudavymkrokem.cz\/wp-content\/uploads\/2026\/09\/nemecko-clanky-termaly-nemecko-08-779c2251-768x576.jpg 768w, https:\/\/loudavymkrokem.cz\/wp-content\/uploads\/2026\/09\/nemecko-clanky-termaly-nemecko-08-779c2251-1536x1152.jpg 1536w, https:\/\/loudavymkrokem.cz\/wp-content\/uploads\/2026\/09\/nemecko-clanky-termaly-nemecko-08-779c2251-80x60.jpg 80w, https:\/\/loudavymkrokem.cz\/wp-content\/uploads\/2026\/09\/nemecko-clanky-termaly-nemecko-08-779c2251-160x120.jpg 160w, https:\/\/loudavymkrokem.cz\/wp-content\/uploads\/2026\/09\/nemecko-clanky-termaly-nemecko-08-779c2251-696x522.jpg 696w, https:\/\/loudavymkrokem.cz\/wp-content\/uploads\/2026\/09\/nemecko-clanky-termaly-nemecko-08-779c2251-1392x1044.jpg 1392w\" sizes=\"(max-width: 1800px) 100vw, 1800px\" \/><button\n\t\t\tclass=\"lightbox-trigger\"\n\t\t\ttype=\"button\"\n\t\t\taria-haspopup=\"dialog\"\n\t\t\tdata-wp-bind--aria-label=\"state.thisImage.triggerButtonAriaLabel\"\n\t\t\tdata-wp-init=\"callbacks.initTriggerButton\"\n\t\t\tdata-wp-on--click=\"actions.showLightbox\"\n\t\t\tdata-wp-style--right=\"state.thisImage.buttonRight\"\n\t\t\tdata-wp-style--top=\"state.thisImage.buttonTop\"\n\t\t>\n\t\t\t<svg xmlns=\"http:\/\/www.w3.org\/2000\/svg\" width=\"12\" height=\"12\" fill=\"none\" viewBox=\"0 0 12 12\">\n\t\t\t\t<path fill=\"#fff\" d=\"M2 0a2 2 0 0 0-2 2v2h1.5V2a.5.5 0 0 1 .5-.5h2V0H2Zm2 10.5H2a.5.5 0 0 1-.5-.5V8H0v2a2 2 0 0 0 2 2h2v-1.5ZM8 12v-1.5h2a.5.5 0 0 0 .5-.5V8H12v2a2 2 0 0 1-2 2H8Zm2-12a2 2 0 0 1 2 2v2h-1.5V2a.5.5 0 0 0-.5-.5H8V0h2Z\" \/>\n\t\t\t<\/svg>\n\t\t<\/button><\/figure>\n\n\n\n<h3 class=\"wp-block-heading\"><span class=\"ez-toc-section\" id=\"3_Therme_Bad_Aibling_Bad_Aibling\"><\/span>3. Therme Bad Aibling (Bad Aibling)<span class=\"ez-toc-section-end\"><\/span><\/h3>\n\n\n\n<p class=\"wp-block-paragraph\">Una experiencia totalmente diferente te espera en Bad Aibling, donde el recinto est\u00e1 construido en forma de c\u00fapulas conectadas. En una de ellas, de 11 metros de di\u00e1metro, <strong>7 videoproyectores proyectan una imagen de 135 metros cuadrados<\/strong> directamente sobre la cara interior de la b\u00f3veda. Todo el paisaje termal se hunde suavemente en la topograf\u00eda del terreno circundante y se extiende sobre unos incre\u00edbles <strong>10.000 metros cuadrados<\/strong>, de los cuales m\u00e1s de 600 son l\u00e1minas de agua.<\/p>\n\n\n\n<p class=\"wp-block-paragraph\">En las distintas c\u00fapulas cerradas disfrutar\u00e1s de un descanso meditativo en agua termal a unos preciosos <strong>32 a 36 \u00b0C<\/strong>. La particularidad aqu\u00ed es la sauna, que usa el principio Physiotherm, de modo que se garantiza una sudoraci\u00f3n suave de dentro afuera ya a temperaturas desde 30 \u00b0C. Es probablemente la opci\u00f3n ideal para quienes las saunas calientes cl\u00e1sicas les sientan mal en la circulaci\u00f3n.<\/p>\n\n\n\n<p class=\"wp-block-paragraph\">Seg\u00fan la tarifa de 2026, la entrada de cuatro horas para adulto cuesta <strong>28 EUR<\/strong> y la de d\u00eda completo la consigues por 33 EUR. Si quieres disfrutar tambi\u00e9n de la sauna, pagar\u00e1s 6 EUR m\u00e1s. Los ni\u00f1os y j\u00f3venes menores de 14 a\u00f1os solo pueden entrar acompa\u00f1ados por un adulto. <strong>\ud83d\udca1 Consejo:<\/strong> a\u00f1ade in situ la ceremonia de barro (Moorzeremonie) por 7 EUR o el agradable peeling de sal por 4 EUR, tu piel te lo agradecer\u00e1.<\/p>\n\n\n\n<figure data-wp-context=\"{&quot;imageId&quot;:&quot;6a9c0c16d09ba&quot;}\" data-wp-interactive=\"core\/image\" data-wp-key=\"6a9c0c16d09ba\" class=\"wp-block-image size-full wp-lightbox-container\"><img decoding=\"async\" width=\"1800\" height=\"1800\" data-wp-class--hide=\"state.isContentHidden\" data-wp-class--show=\"state.isContentVisible\" data-wp-init=\"callbacks.setButtonStyles\" data-wp-on--click=\"actions.showLightbox\" data-wp-on--load=\"callbacks.setButtonStyles\" data-wp-on--pointerdown=\"actions.preloadImage\" data-wp-on--pointerenter=\"actions.preloadImageWithDelay\" data-wp-on--pointerleave=\"actions.cancelPreload\" data-wp-on-window--resize=\"callbacks.setButtonStyles\" src=\"https:\/\/loudavymkrokem.cz\/wp-content\/uploads\/2026\/09\/nemecko-clanky-termaly-nemecko-09-cf7ab67f.jpg\" alt=\"KissSalis Therme (Bad Kissingen): piscina exterior\" class=\"wp-image-415296\" title=\"\" srcset=\"https:\/\/loudavymkrokem.cz\/wp-content\/uploads\/2026\/09\/nemecko-clanky-termaly-nemecko-09-cf7ab67f.jpg 1800w, https:\/\/loudavymkrokem.cz\/wp-content\/uploads\/2026\/09\/nemecko-clanky-termaly-nemecko-09-cf7ab67f-300x300.jpg 300w, https:\/\/loudavymkrokem.cz\/wp-content\/uploads\/2026\/09\/nemecko-clanky-termaly-nemecko-09-cf7ab67f-700x700.jpg 700w, https:\/\/loudavymkrokem.cz\/wp-content\/uploads\/2026\/09\/nemecko-clanky-termaly-nemecko-09-cf7ab67f-150x150.jpg 150w, https:\/\/loudavymkrokem.cz\/wp-content\/uploads\/2026\/09\/nemecko-clanky-termaly-nemecko-09-cf7ab67f-768x768.jpg 768w, https:\/\/loudavymkrokem.cz\/wp-content\/uploads\/2026\/09\/nemecko-clanky-termaly-nemecko-09-cf7ab67f-1536x1536.jpg 1536w, https:\/\/loudavymkrokem.cz\/wp-content\/uploads\/2026\/09\/nemecko-clanky-termaly-nemecko-09-cf7ab67f-696x696.jpg 696w, https:\/\/loudavymkrokem.cz\/wp-content\/uploads\/2026\/09\/nemecko-clanky-termaly-nemecko-09-cf7ab67f-1392x1392.jpg 1392w\" sizes=\"(max-width: 1800px) 100vw, 1800px\" \/><button\n\t\t\tclass=\"lightbox-trigger\"\n\t\t\ttype=\"button\"\n\t\t\taria-haspopup=\"dialog\"\n\t\t\tdata-wp-bind--aria-label=\"state.thisImage.triggerButtonAriaLabel\"\n\t\t\tdata-wp-init=\"callbacks.initTriggerButton\"\n\t\t\tdata-wp-on--click=\"actions.showLightbox\"\n\t\t\tdata-wp-style--right=\"state.thisImage.buttonRight\"\n\t\t\tdata-wp-style--top=\"state.thisImage.buttonTop\"\n\t\t>\n\t\t\t<svg xmlns=\"http:\/\/www.w3.org\/2000\/svg\" width=\"12\" height=\"12\" fill=\"none\" viewBox=\"0 0 12 12\">\n\t\t\t\t<path fill=\"#fff\" d=\"M2 0a2 2 0 0 0-2 2v2h1.5V2a.5.5 0 0 1 .5-.5h2V0H2Zm2 10.5H2a.5.5 0 0 1-.5-.5V8H0v2a2 2 0 0 0 2 2h2v-1.5ZM8 12v-1.5h2a.5.5 0 0 0 .5-.5V8H12v2a2 2 0 0 1-2 2H8Zm2-12a2 2 0 0 1 2 2v2h-1.5V2a.5.5 0 0 0-.5-.5H8V0h2Z\" \/>\n\t\t\t<\/svg>\n\t\t<\/button><\/figure>\n\n\n\n<h3 class=\"wp-block-heading\"><span class=\"ez-toc-section\" id=\"4_KissSalis_Therme_Bad_Kissingen\"><\/span>4. KissSalis Therme (Bad Kissingen)<span class=\"ez-toc-section-end\"><\/span><\/h3>\n\n\n\n<p class=\"wp-block-paragraph\">Ve a estas termas de Bad Kissingen si buscas un recinto realmente amplio y variado. Se extiende sobre <strong>8.000 metros cuadrados<\/strong> y aqu\u00ed encontrar\u00e1s un total de 10 piscinas interiores y exteriores. La gran mayor\u00eda est\u00e1n llenas de valiosa agua termal directamente de Bad Kissingen. El propio paisaje termal interior, que ofrece unos generosos 1.000 metros cuadrados de agua, te calentar\u00e1 con agua a <strong>32 a 38 \u00b0C<\/strong>.<\/p>\n\n\n\n<p class=\"wp-block-paragraph\">El coraz\u00f3n del complejo es una gran piscina interior con camas de masaje y cascada, a la que se unen dos jacuzzis con temperatura de hasta 38 \u00b0C. Fuera te encantar\u00e1 la piscina exterior caliente, el canal de corriente y la piscina especial de sal intensiva, que tiene una <strong>concentraci\u00f3n de sal del 6 al 8 %<\/strong> y en la que se flota maravillosamente bajo el cielo estrellado. Para refrescarte va estupendamente la piscina fr\u00eda de 18 \u00b0C o los caminos alternos de Kneipp, donde las piedras masajean agradablemente las zonas reflejas de los pies.<\/p>\n\n\n\n<p class=\"wp-block-paragraph\">El parque de saunas es aqu\u00ed un aut\u00e9ntico oasis de calma con un amplio jard\u00edn de saunas. Ofrece un total de <strong>9 saunas y ba\u00f1os de vapor distintos<\/strong>, donde se realizan numerosos rituales. Si aguantas la humedad alta, prueba el ba\u00f1o de vapor acristalado a 47 \u00b0C y con humedad del cien por cien. <strong>\ud83d\udca1 Consejo:<\/strong> no dejes de ir a la inhalaci\u00f3n salina, donde a 40 a 45 \u00b0C gotea salmuera natural, algo que libera las v\u00edas respiratorias de forma fant\u00e1stica.<\/p>\n\n\n\n<figure data-wp-context=\"{&quot;imageId&quot;:&quot;6a9c0c16d0f0c&quot;}\" data-wp-interactive=\"core\/image\" data-wp-key=\"6a9c0c16d0f0c\" class=\"wp-block-image size-full wp-lightbox-container\"><img decoding=\"async\" width=\"1800\" height=\"1200\" data-wp-class--hide=\"state.isContentHidden\" data-wp-class--show=\"state.isContentVisible\" data-wp-init=\"callbacks.setButtonStyles\" data-wp-on--click=\"actions.showLightbox\" data-wp-on--load=\"callbacks.setButtonStyles\" data-wp-on--pointerdown=\"actions.preloadImage\" data-wp-on--pointerenter=\"actions.preloadImageWithDelay\" data-wp-on--pointerleave=\"actions.cancelPreload\" data-wp-on-window--resize=\"callbacks.setButtonStyles\" src=\"https:\/\/loudavymkrokem.cz\/wp-content\/uploads\/2026\/09\/nemecko-clanky-termaly-nemecko-10-62b37e1f.jpg\" alt=\"Hotel Victory Therme Erding (Erding)\" class=\"wp-image-415297\" title=\"\" srcset=\"https:\/\/loudavymkrokem.cz\/wp-content\/uploads\/2026\/09\/nemecko-clanky-termaly-nemecko-10-62b37e1f.jpg 1800w, https:\/\/loudavymkrokem.cz\/wp-content\/uploads\/2026\/09\/nemecko-clanky-termaly-nemecko-10-62b37e1f-300x200.jpg 300w, https:\/\/loudavymkrokem.cz\/wp-content\/uploads\/2026\/09\/nemecko-clanky-termaly-nemecko-10-62b37e1f-700x467.jpg 700w, https:\/\/loudavymkrokem.cz\/wp-content\/uploads\/2026\/09\/nemecko-clanky-termaly-nemecko-10-62b37e1f-768x512.jpg 768w, https:\/\/loudavymkrokem.cz\/wp-content\/uploads\/2026\/09\/nemecko-clanky-termaly-nemecko-10-62b37e1f-1536x1024.jpg 1536w, https:\/\/loudavymkrokem.cz\/wp-content\/uploads\/2026\/09\/nemecko-clanky-termaly-nemecko-10-62b37e1f-696x464.jpg 696w, https:\/\/loudavymkrokem.cz\/wp-content\/uploads\/2026\/09\/nemecko-clanky-termaly-nemecko-10-62b37e1f-1392x928.jpg 1392w\" sizes=\"(max-width: 1800px) 100vw, 1800px\" \/><button\n\t\t\tclass=\"lightbox-trigger\"\n\t\t\ttype=\"button\"\n\t\t\taria-haspopup=\"dialog\"\n\t\t\tdata-wp-bind--aria-label=\"state.thisImage.triggerButtonAriaLabel\"\n\t\t\tdata-wp-init=\"callbacks.initTriggerButton\"\n\t\t\tdata-wp-on--click=\"actions.showLightbox\"\n\t\t\tdata-wp-style--right=\"state.thisImage.buttonRight\"\n\t\t\tdata-wp-style--top=\"state.thisImage.buttonTop\"\n\t\t>\n\t\t\t<svg xmlns=\"http:\/\/www.w3.org\/2000\/svg\" width=\"12\" height=\"12\" fill=\"none\" viewBox=\"0 0 12 12\">\n\t\t\t\t<path fill=\"#fff\" d=\"M2 0a2 2 0 0 0-2 2v2h1.5V2a.5.5 0 0 1 .5-.5h2V0H2Zm2 10.5H2a.5.5 0 0 1-.5-.5V8H0v2a2 2 0 0 0 2 2h2v-1.5ZM8 12v-1.5h2a.5.5 0 0 0 .5-.5V8H12v2a2 2 0 0 1-2 2H8Zm2-12a2 2 0 0 1 2 2v2h-1.5V2a.5.5 0 0 0-.5-.5H8V0h2Z\" \/>\n\t\t\t<\/svg>\n\t\t<\/button><\/figure>\n\n\n\n<h3 class=\"wp-block-heading\"><span class=\"ez-toc-section\" id=\"5_Hotel_Victory_Therme_Erding_Erding\"><\/span>5. Hotel Victory Therme Erding (Erding)<span class=\"ez-toc-section-end\"><\/span><\/h3>\n\n\n\n<p class=\"wp-block-paragraph\">Aqu\u00ed hay que aclarar desde el principio que no se trata de unas termas p\u00fablicas cl\u00e1sicas, sino de un <strong>hotel de lujo situado directamente dentro del recinto<\/strong> de las famosas Therme Erding. La arquitectura del edificio es absolutamente impresionante, porque por fuera parece una r\u00e9plica perfecta del hist\u00f3rico barco HMS Victory unida a un suntuoso palacio veneciano. Es probablemente el alojamiento m\u00e1s rom\u00e1ntico que puedes vivir en unas termas alemanas.<\/p>\n\n\n\n<p class=\"wp-block-paragraph\">Los hu\u00e9spedes disponen de <strong>128 habitaciones decoradas tem\u00e1ticamente<\/strong>, repartidas en siete categor\u00edas distintas. Puedes dormir en las llamadas Captain&#8217;s Cabins, con camas de barco y bonitas vistas panor\u00e1micas directamente a la piscina de olas tropical. Si prefieres la elegancia italiana, elige las habitaciones Serenissima, de estilo veneciano, con grandes puertas de logia.<\/p>\n\n\n\n<p class=\"wp-block-paragraph\">Su gran ventaja es que desde el lobby del hotel llegas en albornoz directamente a la piscina de olas. Adem\u00e1s, en el precio de cada noche ya est\u00e1 incluido el <strong>acceso a las termas<\/strong>, incluidas las zonas de descanso VitalOase y VitalTherme &#038; Saunen. Vale tanto para parejas como para familias que buscan una experiencia diferente. <strong>\ud83d\udca1 Consejo:<\/strong> ten mucho cuidado al reservar; la web oficial es therme-erding.de, mientras que la p\u00e1gina hotelerding.com es solo un comparador de alojamiento y no pertenece directamente al hotel.<\/p>\n\n\n\n<figure data-wp-context=\"{&quot;imageId&quot;:&quot;6a9c0c16d14eb&quot;}\" data-wp-interactive=\"core\/image\" data-wp-key=\"6a9c0c16d14eb\" class=\"wp-block-image size-full wp-lightbox-container\"><img decoding=\"async\" width=\"1800\" height=\"2400\" data-wp-class--hide=\"state.isContentHidden\" data-wp-class--show=\"state.isContentVisible\" data-wp-init=\"callbacks.setButtonStyles\" data-wp-on--click=\"actions.showLightbox\" data-wp-on--load=\"callbacks.setButtonStyles\" data-wp-on--pointerdown=\"actions.preloadImage\" data-wp-on--pointerenter=\"actions.preloadImageWithDelay\" data-wp-on--pointerleave=\"actions.cancelPreload\" data-wp-on-window--resize=\"callbacks.setButtonStyles\" src=\"https:\/\/loudavymkrokem.cz\/wp-content\/uploads\/2026\/09\/nemecko-clanky-termaly-nemecko-11-338dff9e.jpg\" alt=\"Franken-Therme (Bad Windsheim)\" class=\"wp-image-415298\" title=\"\" srcset=\"https:\/\/loudavymkrokem.cz\/wp-content\/uploads\/2026\/09\/nemecko-clanky-termaly-nemecko-11-338dff9e.jpg 1800w, https:\/\/loudavymkrokem.cz\/wp-content\/uploads\/2026\/09\/nemecko-clanky-termaly-nemecko-11-338dff9e-225x300.jpg 225w, https:\/\/loudavymkrokem.cz\/wp-content\/uploads\/2026\/09\/nemecko-clanky-termaly-nemecko-11-338dff9e-700x933.jpg 700w, https:\/\/loudavymkrokem.cz\/wp-content\/uploads\/2026\/09\/nemecko-clanky-termaly-nemecko-11-338dff9e-768x1024.jpg 768w, https:\/\/loudavymkrokem.cz\/wp-content\/uploads\/2026\/09\/nemecko-clanky-termaly-nemecko-11-338dff9e-1152x1536.jpg 1152w, https:\/\/loudavymkrokem.cz\/wp-content\/uploads\/2026\/09\/nemecko-clanky-termaly-nemecko-11-338dff9e-1536x2048.jpg 1536w, https:\/\/loudavymkrokem.cz\/wp-content\/uploads\/2026\/09\/nemecko-clanky-termaly-nemecko-11-338dff9e-696x928.jpg 696w, https:\/\/loudavymkrokem.cz\/wp-content\/uploads\/2026\/09\/nemecko-clanky-termaly-nemecko-11-338dff9e-1392x1856.jpg 1392w\" sizes=\"(max-width: 1800px) 100vw, 1800px\" \/><button\n\t\t\tclass=\"lightbox-trigger\"\n\t\t\ttype=\"button\"\n\t\t\taria-haspopup=\"dialog\"\n\t\t\tdata-wp-bind--aria-label=\"state.thisImage.triggerButtonAriaLabel\"\n\t\t\tdata-wp-init=\"callbacks.initTriggerButton\"\n\t\t\tdata-wp-on--click=\"actions.showLightbox\"\n\t\t\tdata-wp-style--right=\"state.thisImage.buttonRight\"\n\t\t\tdata-wp-style--top=\"state.thisImage.buttonTop\"\n\t\t>\n\t\t\t<svg xmlns=\"http:\/\/www.w3.org\/2000\/svg\" width=\"12\" height=\"12\" fill=\"none\" viewBox=\"0 0 12 12\">\n\t\t\t\t<path fill=\"#fff\" d=\"M2 0a2 2 0 0 0-2 2v2h1.5V2a.5.5 0 0 1 .5-.5h2V0H2Zm2 10.5H2a.5.5 0 0 1-.5-.5V8H0v2a2 2 0 0 0 2 2h2v-1.5ZM8 12v-1.5h2a.5.5 0 0 0 .5-.5V8H12v2a2 2 0 0 1-2 2H8Zm2-12a2 2 0 0 1 2 2v2h-1.5V2a.5.5 0 0 0-.5-.5H8V0h2Z\" \/>\n\t\t\t<\/svg>\n\t\t<\/button><figcaption class=\"wp-element-caption\">Foto: Andreas Wolf 01 \/ Wikimedia Commons, CC BY 4.0<\/figcaption><\/figure>\n\n\n\n<h3 class=\"wp-block-heading\"><span class=\"ez-toc-section\" id=\"6_Franken-Therme_Bad_Windsheim\"><\/span>6. Franken-Therme (Bad Windsheim)<span class=\"ez-toc-section-end\"><\/span><\/h3>\n\n\n\n<p class=\"wp-block-paragraph\">En la peque\u00f1a Bad Windsheim te espera una experiencia como la del mar Muerto. El orgullo de este lugar es una zona especial con un lago salado artificial de <strong>salinidad extrema del 26,9 %<\/strong>. El agua est\u00e1 atemperada a unos agradables 26 a 30 \u00b0C y, gracias a la enorme densidad de sal, flotar\u00e1s sin ning\u00fan esfuerzo en la superficie. Esta salmuera termal se bombea de una fuente situada a apenas 200 metros del recinto.<\/p>\n\n\n\n<p class=\"wp-block-paragraph\">Adem\u00e1s de este lago extremadamente salado, aqu\u00ed encontrar\u00e1s otras dos piscinas interiores con un 12 % de sal y agua a 34 a 36 \u00b0C. Las salas de ba\u00f1o cl\u00e1sicas ofrecen <strong>tres piscinas termales de sal<\/strong> con concentraci\u00f3n del 1,5 al 4 % y una piscina exterior. El recinto, inaugurado en diciembre de 2005 por casi 19 millones de euros y ampliado despu\u00e9s, resulta muy moderno y luminoso.<\/p>\n\n\n\n<p class=\"wp-block-paragraph\">No faltan dos ba\u00f1os de vapor textiles y amplias salas de descanso. Adem\u00e1s, puedes darte todo tipo de tratamientos de wellness, que duran de <strong>20 a 120 minutos<\/strong>. Todo act\u00faa como un b\u00e1lsamo estupendo para el cuerpo y la piel cansados. <strong>\ud83d\udca1 Consejo:<\/strong> tras ba\u00f1arte en el lago m\u00e1s salado, d\u00fachate siempre enseguida, porque los cristales de sal, al secarse, pueden picar bastante en la piel.<\/p>\n\n\n\n<figure data-wp-context=\"{&quot;imageId&quot;:&quot;6a9c0c16d1947&quot;}\" data-wp-interactive=\"core\/image\" data-wp-key=\"6a9c0c16d1947\" class=\"wp-block-image size-full wp-lightbox-container\"><img decoding=\"async\" width=\"1800\" height=\"1200\" data-wp-class--hide=\"state.isContentHidden\" data-wp-class--show=\"state.isContentVisible\" data-wp-init=\"callbacks.setButtonStyles\" data-wp-on--click=\"actions.showLightbox\" data-wp-on--load=\"callbacks.setButtonStyles\" data-wp-on--pointerdown=\"actions.preloadImage\" data-wp-on--pointerenter=\"actions.preloadImageWithDelay\" data-wp-on--pointerleave=\"actions.cancelPreload\" data-wp-on-window--resize=\"callbacks.setButtonStyles\" src=\"https:\/\/loudavymkrokem.cz\/wp-content\/uploads\/2026\/09\/nemecko-clanky-termaly-nemecko-12-c567f0aa.jpg\" alt=\"Piscina exterior de K\u00f6nigliche Kristall-Therme en Schwangau con vistas a los Alpes\" class=\"wp-image-415476\" title=\"\" srcset=\"https:\/\/loudavymkrokem.cz\/wp-content\/uploads\/2026\/09\/nemecko-clanky-termaly-nemecko-12-c567f0aa.jpg 1800w, https:\/\/loudavymkrokem.cz\/wp-content\/uploads\/2026\/09\/nemecko-clanky-termaly-nemecko-12-c567f0aa-300x200.jpg 300w, https:\/\/loudavymkrokem.cz\/wp-content\/uploads\/2026\/09\/nemecko-clanky-termaly-nemecko-12-c567f0aa-700x467.jpg 700w, https:\/\/loudavymkrokem.cz\/wp-content\/uploads\/2026\/09\/nemecko-clanky-termaly-nemecko-12-c567f0aa-768x512.jpg 768w, https:\/\/loudavymkrokem.cz\/wp-content\/uploads\/2026\/09\/nemecko-clanky-termaly-nemecko-12-c567f0aa-1536x1024.jpg 1536w, https:\/\/loudavymkrokem.cz\/wp-content\/uploads\/2026\/09\/nemecko-clanky-termaly-nemecko-12-c567f0aa-696x464.jpg 696w, https:\/\/loudavymkrokem.cz\/wp-content\/uploads\/2026\/09\/nemecko-clanky-termaly-nemecko-12-c567f0aa-1392x928.jpg 1392w\" sizes=\"(max-width: 1800px) 100vw, 1800px\" \/><button\n\t\t\tclass=\"lightbox-trigger\"\n\t\t\ttype=\"button\"\n\t\t\taria-haspopup=\"dialog\"\n\t\t\tdata-wp-bind--aria-label=\"state.thisImage.triggerButtonAriaLabel\"\n\t\t\tdata-wp-init=\"callbacks.initTriggerButton\"\n\t\t\tdata-wp-on--click=\"actions.showLightbox\"\n\t\t\tdata-wp-style--right=\"state.thisImage.buttonRight\"\n\t\t\tdata-wp-style--top=\"state.thisImage.buttonTop\"\n\t\t>\n\t\t\t<svg xmlns=\"http:\/\/www.w3.org\/2000\/svg\" width=\"12\" height=\"12\" fill=\"none\" viewBox=\"0 0 12 12\">\n\t\t\t\t<path fill=\"#fff\" d=\"M2 0a2 2 0 0 0-2 2v2h1.5V2a.5.5 0 0 1 .5-.5h2V0H2Zm2 10.5H2a.5.5 0 0 1-.5-.5V8H0v2a2 2 0 0 0 2 2h2v-1.5ZM8 12v-1.5h2a.5.5 0 0 0 .5-.5V8H12v2a2 2 0 0 1-2 2H8Zm2-12a2 2 0 0 1 2 2v2h-1.5V2a.5.5 0 0 0-.5-.5H8V0h2Z\" \/>\n\t\t\t<\/svg>\n\t\t<\/button><\/figure>\n\n\n\n<h3 class=\"wp-block-heading\"><span class=\"ez-toc-section\" id=\"7_Konigliche_Kristall-Therme_Schwangau\"><\/span>7. K\u00f6nigliche Kristall-Therme (Schwangau)<span class=\"ez-toc-section-end\"><\/span><\/h3>\n\n\n\n<p class=\"wp-block-paragraph\">Este lugar de Schwangau te cautivar\u00e1 ya solo por su ubicaci\u00f3n, porque directamente desde las piscinas termales disfrutar\u00e1s de <strong>vistas panor\u00e1micas<\/strong> del paisaje y, en invierno, de los Alpes nevados. Toda la superficie de descanso y termal se extiende sobre unos respetables 14.000 metros cuadrados. El agua termal local contiene un 2,5 % de sal y, gracias a su temperatura de unos 34 \u00b0C, act\u00faa sobre la piel como un peeling suave, as\u00ed que la notar\u00e1s bastante m\u00e1s suave tras el ba\u00f1o.<\/p>\n\n\n\n<p class=\"wp-block-paragraph\">Las piscinas interiores y exteriores te calentar\u00e1n con agua a entre 32 y 36 \u00b0C. Absolutamente magn\u00edficos son los chorros de masaje locales, que amasan suavemente la espalda, las piernas, el vientre y los gl\u00fateos. Los amantes de la sauna estar\u00e1n en su salsa: el recinto esconde <strong>5 saunas tem\u00e1ticas<\/strong> con temperaturas de 60 a 100 \u00b0C, tres de ellas interiores y dos exteriores. Adem\u00e1s, hay un hamam otomano y dos ba\u00f1os de vapor con temperatura de hasta 48 \u00b0C.<\/p>\n\n\n\n<p class=\"wp-block-paragraph\">Seg\u00fan la tarifa de 2026, la tarifa de tarde (Feierabendtarif) a partir de las 18 h cuesta <strong>19 EUR<\/strong> para adulto solo a las termas y <strong>26 EUR<\/strong> en la variante con Wohlf\u00fchltherme y Zauberberg. Es un lugar ideal para una escapada rom\u00e1ntica en pareja. <strong>\ud83d\udca1 Consejo:<\/strong> la tarifa de tarde vale todo el a\u00f1o, pero ojo, no la aplican los fines de semana ni durante los festivos b\u00e1varos.<\/p>\n\n\n\n<figure data-wp-context=\"{&quot;imageId&quot;:&quot;6a9c0c16d1e56&quot;}\" data-wp-interactive=\"core\/image\" data-wp-key=\"6a9c0c16d1e56\" class=\"wp-block-image size-full wp-lightbox-container\"><img decoding=\"async\" width=\"1714\" height=\"2560\" data-wp-class--hide=\"state.isContentHidden\" data-wp-class--show=\"state.isContentVisible\" data-wp-init=\"callbacks.setButtonStyles\" data-wp-on--click=\"actions.showLightbox\" data-wp-on--load=\"callbacks.setButtonStyles\" data-wp-on--pointerdown=\"actions.preloadImage\" data-wp-on--pointerenter=\"actions.preloadImageWithDelay\" data-wp-on--pointerleave=\"actions.cancelPreload\" data-wp-on-window--resize=\"callbacks.setButtonStyles\" src=\"https:\/\/loudavymkrokem.cz\/wp-content\/uploads\/2026\/09\/nemecko-clanky-termaly-nemecko-13-83289bd6-scaled.jpg\" alt=\"Limes-Therme (Bad G\u00f6gging): zona de saunas\" class=\"wp-image-415302\" title=\"\" srcset=\"https:\/\/loudavymkrokem.cz\/wp-content\/uploads\/2026\/09\/nemecko-clanky-termaly-nemecko-13-83289bd6-scaled.jpg 1714w, https:\/\/loudavymkrokem.cz\/wp-content\/uploads\/2026\/09\/nemecko-clanky-termaly-nemecko-13-83289bd6-201x300.jpg 201w, https:\/\/loudavymkrokem.cz\/wp-content\/uploads\/2026\/09\/nemecko-clanky-termaly-nemecko-13-83289bd6-700x1045.jpg 700w, https:\/\/loudavymkrokem.cz\/wp-content\/uploads\/2026\/09\/nemecko-clanky-termaly-nemecko-13-83289bd6-768x1147.jpg 768w, https:\/\/loudavymkrokem.cz\/wp-content\/uploads\/2026\/09\/nemecko-clanky-termaly-nemecko-13-83289bd6-1029x1536.jpg 1029w, https:\/\/loudavymkrokem.cz\/wp-content\/uploads\/2026\/09\/nemecko-clanky-termaly-nemecko-13-83289bd6-1371x2048.jpg 1371w, https:\/\/loudavymkrokem.cz\/wp-content\/uploads\/2026\/09\/nemecko-clanky-termaly-nemecko-13-83289bd6-696x1039.jpg 696w, https:\/\/loudavymkrokem.cz\/wp-content\/uploads\/2026\/09\/nemecko-clanky-termaly-nemecko-13-83289bd6-1392x2079.jpg 1392w\" sizes=\"(max-width: 1714px) 100vw, 1714px\" \/><button\n\t\t\tclass=\"lightbox-trigger\"\n\t\t\ttype=\"button\"\n\t\t\taria-haspopup=\"dialog\"\n\t\t\tdata-wp-bind--aria-label=\"state.thisImage.triggerButtonAriaLabel\"\n\t\t\tdata-wp-init=\"callbacks.initTriggerButton\"\n\t\t\tdata-wp-on--click=\"actions.showLightbox\"\n\t\t\tdata-wp-style--right=\"state.thisImage.buttonRight\"\n\t\t\tdata-wp-style--top=\"state.thisImage.buttonTop\"\n\t\t>\n\t\t\t<svg xmlns=\"http:\/\/www.w3.org\/2000\/svg\" width=\"12\" height=\"12\" fill=\"none\" viewBox=\"0 0 12 12\">\n\t\t\t\t<path fill=\"#fff\" d=\"M2 0a2 2 0 0 0-2 2v2h1.5V2a.5.5 0 0 1 .5-.5h2V0H2Zm2 10.5H2a.5.5 0 0 1-.5-.5V8H0v2a2 2 0 0 0 2 2h2v-1.5ZM8 12v-1.5h2a.5.5 0 0 0 .5-.5V8H12v2a2 2 0 0 1-2 2H8Zm2-12a2 2 0 0 1 2 2v2h-1.5V2a.5.5 0 0 0-.5-.5H8V0h2Z\" \/>\n\t\t\t<\/svg>\n\t\t<\/button><figcaption class=\"wp-element-caption\">Foto: Bad G\u00f6gging from Bad G\u00f6gging, Deutschland \/ Wikimedia Commons, CC BY 2.0<\/figcaption><\/figure>\n\n\n\n<h3 class=\"wp-block-heading\"><span class=\"ez-toc-section\" id=\"8_Limes-Therme_Bad_Gogging\"><\/span>8. Limes-Therme (Bad G\u00f6gging)<span class=\"ez-toc-section-end\"><\/span><\/h3>\n\n\n\n<p class=\"wp-block-paragraph\">En Bad G\u00f6gging dar\u00e1s con unas termas de ra\u00edces muy profundas. El agua curativa se bombea aqu\u00ed desde una respetable <strong>profundidad de m\u00e1s de 600 metros<\/strong> y est\u00e1 llena de importantes oligoelementos. Adem\u00e1s, el recinto presume de agua sulfurosa, que brota desde 120 metros de profundidad y conserva una temperatura natural de 13,5 \u00b0C y un alto contenido en azufre. Es un recinto muy espec\u00edfico que encantar\u00e1 sobre todo a los amantes del balneario tranquilo.<\/p>\n\n\n\n<p class=\"wp-block-paragraph\">Los hu\u00e9spedes disponen de un total de <strong>15 piscinas interiores y exteriores<\/strong>, que juntas forman una l\u00e1mina de agua de 1.250 metros cuadrados. En las piscinas termales la temperatura va desde los refrescantes 28 \u00b0C hasta los calientes 36 \u00b0C. Aqu\u00ed hay, por ejemplo, tres piscinas escalonadas Nymph\u00e4a o una piscina terap\u00e9utica especial. La joya de la corona es la sauna romana, con salas calientes de hasta 90 \u00b0C, piscinas de enfriamiento y zonas de lavado.<\/p>\n\n\n\n<p class=\"wp-block-paragraph\">Seg\u00fan la tarifa de 2026, la entrada de tarde de tres horas a partir de las 17 h sale por <strong>15 EUR<\/strong>. Si quisieras probar tambi\u00e9n la sauna romana, pagar\u00e1s otros 7 EUR sobre la tarifa. Adem\u00e1s, todo el complejo lo rodea un jard\u00edn id\u00edlico de 600 metros cuadrados. <strong>\ud83d\udca1 Consejo:<\/strong> en los meses de verano reserva tiempo para descansar precisamente en este enorme jard\u00edn, aqu\u00ed hay una calma y una paz maravillosas.<\/p>\n\n\n\n<figure data-wp-context=\"{&quot;imageId&quot;:&quot;6a9c0c16d2359&quot;}\" data-wp-interactive=\"core\/image\" data-wp-key=\"6a9c0c16d2359\" class=\"wp-block-image size-full wp-lightbox-container\"><img decoding=\"async\" width=\"1800\" height=\"1200\" data-wp-class--hide=\"state.isContentHidden\" data-wp-class--show=\"state.isContentVisible\" data-wp-init=\"callbacks.setButtonStyles\" data-wp-on--click=\"actions.showLightbox\" data-wp-on--load=\"callbacks.setButtonStyles\" data-wp-on--pointerdown=\"actions.preloadImage\" data-wp-on--pointerenter=\"actions.preloadImageWithDelay\" data-wp-on--pointerleave=\"actions.cancelPreload\" data-wp-on-window--resize=\"callbacks.setButtonStyles\" src=\"https:\/\/loudavymkrokem.cz\/wp-content\/uploads\/2026\/09\/nemecko-clanky-termaly-nemecko-14-1b6f61cf.jpg\" alt=\"Therme Bad Griesbach (Bad Griesbach)\" class=\"wp-image-415303\" title=\"\" srcset=\"https:\/\/loudavymkrokem.cz\/wp-content\/uploads\/2026\/09\/nemecko-clanky-termaly-nemecko-14-1b6f61cf.jpg 1800w, https:\/\/loudavymkrokem.cz\/wp-content\/uploads\/2026\/09\/nemecko-clanky-termaly-nemecko-14-1b6f61cf-300x200.jpg 300w, https:\/\/loudavymkrokem.cz\/wp-content\/uploads\/2026\/09\/nemecko-clanky-termaly-nemecko-14-1b6f61cf-700x467.jpg 700w, https:\/\/loudavymkrokem.cz\/wp-content\/uploads\/2026\/09\/nemecko-clanky-termaly-nemecko-14-1b6f61cf-768x512.jpg 768w, https:\/\/loudavymkrokem.cz\/wp-content\/uploads\/2026\/09\/nemecko-clanky-termaly-nemecko-14-1b6f61cf-1536x1024.jpg 1536w, https:\/\/loudavymkrokem.cz\/wp-content\/uploads\/2026\/09\/nemecko-clanky-termaly-nemecko-14-1b6f61cf-696x464.jpg 696w, https:\/\/loudavymkrokem.cz\/wp-content\/uploads\/2026\/09\/nemecko-clanky-termaly-nemecko-14-1b6f61cf-1392x928.jpg 1392w\" sizes=\"(max-width: 1800px) 100vw, 1800px\" \/><button\n\t\t\tclass=\"lightbox-trigger\"\n\t\t\ttype=\"button\"\n\t\t\taria-haspopup=\"dialog\"\n\t\t\tdata-wp-bind--aria-label=\"state.thisImage.triggerButtonAriaLabel\"\n\t\t\tdata-wp-init=\"callbacks.initTriggerButton\"\n\t\t\tdata-wp-on--click=\"actions.showLightbox\"\n\t\t\tdata-wp-style--right=\"state.thisImage.buttonRight\"\n\t\t\tdata-wp-style--top=\"state.thisImage.buttonTop\"\n\t\t>\n\t\t\t<svg xmlns=\"http:\/\/www.w3.org\/2000\/svg\" width=\"12\" height=\"12\" fill=\"none\" viewBox=\"0 0 12 12\">\n\t\t\t\t<path fill=\"#fff\" d=\"M2 0a2 2 0 0 0-2 2v2h1.5V2a.5.5 0 0 1 .5-.5h2V0H2Zm2 10.5H2a.5.5 0 0 1-.5-.5V8H0v2a2 2 0 0 0 2 2h2v-1.5ZM8 12v-1.5h2a.5.5 0 0 0 .5-.5V8H12v2a2 2 0 0 1-2 2H8Zm2-12a2 2 0 0 1 2 2v2h-1.5V2a.5.5 0 0 0-.5-.5H8V0h2Z\" \/>\n\t\t\t<\/svg>\n\t\t<\/button><\/figure>\n\n\n\n<h3 class=\"wp-block-heading\"><span class=\"ez-toc-section\" id=\"9_Therme_Bad_Griesbach_Bad_Griesbach\"><\/span>9. Therme Bad Griesbach (Bad Griesbach)<span class=\"ez-toc-section-end\"><\/span><\/h3>\n\n\n\n<p class=\"wp-block-paragraph\">La gente busca este complejo por el nombre de la localidad, pero oficialmente se llama THERME EINS. Su gran singularidad es el mundo de saunas Saunahof, construido en una <strong>original granja cuadrangular de Rottal del siglo XVIII<\/strong>. La combinaci\u00f3n de arquitectura r\u00fastica antigua con una experiencia moderna de wellness funciona aqu\u00ed de maravilla y crea un ambiente incre\u00edblemente acogedor.<\/p>\n\n\n\n<p class=\"wp-block-paragraph\">La propia zona de ba\u00f1o ofrece nada menos que <strong>12 piscinas termales<\/strong>, cargadas de todo tipo de atracciones acu\u00e1ticas. Puedes dejarte masajear bajo cascadas, recorrer un circuito de masaje o simplemente relajarte en los jacuzzis. La temperatura del agua satisface a todo el mundo, porque va desde los agradables 30 \u00b0C hasta los incre\u00edblemente calientes 42 \u00b0C.<\/p>\n\n\n\n<p class=\"wp-block-paragraph\">En la mencionada granja hist\u00f3rica se esconden un total de siete saunas distintas y tampoco falta un cl\u00e1sico ba\u00f1o de vapor romano. Es un lugar hecho a medida para parejas y amantes de la sauna tradicional en un entorno poco habitual. <strong>\ud83d\udca1 Consejo:<\/strong> al introducirlo en el navegador, busca realmente el nombre THERME EINS, el nombre oficial te llevar\u00e1 hasta el aparcamiento con mucha m\u00e1s fiabilidad.<\/p>\n\n\n\n<figure data-wp-context=\"{&quot;imageId&quot;:&quot;6a9c0c16d2a29&quot;}\" data-wp-interactive=\"core\/image\" data-wp-key=\"6a9c0c16d2a29\" class=\"wp-block-image size-full wp-lightbox-container\"><img decoding=\"async\" width=\"1800\" height=\"843\" data-wp-class--hide=\"state.isContentHidden\" data-wp-class--show=\"state.isContentVisible\" data-wp-init=\"callbacks.setButtonStyles\" data-wp-on--click=\"actions.showLightbox\" data-wp-on--load=\"callbacks.setButtonStyles\" data-wp-on--pointerdown=\"actions.preloadImage\" data-wp-on--pointerenter=\"actions.preloadImageWithDelay\" data-wp-on--pointerleave=\"actions.cancelPreload\" data-wp-on-window--resize=\"callbacks.setButtonStyles\" src=\"https:\/\/loudavymkrokem.cz\/wp-content\/uploads\/2026\/09\/nemecko-clanky-termaly-nemecko-15-c78f7327.jpg\" alt=\"Zona exterior de saunas de las termas Titania en Neus\u00e4\u00df\" class=\"wp-image-415478\" title=\"\" srcset=\"https:\/\/loudavymkrokem.cz\/wp-content\/uploads\/2026\/09\/nemecko-clanky-termaly-nemecko-15-c78f7327.jpg 1800w, https:\/\/loudavymkrokem.cz\/wp-content\/uploads\/2026\/09\/nemecko-clanky-termaly-nemecko-15-c78f7327-300x141.jpg 300w, https:\/\/loudavymkrokem.cz\/wp-content\/uploads\/2026\/09\/nemecko-clanky-termaly-nemecko-15-c78f7327-700x328.jpg 700w, https:\/\/loudavymkrokem.cz\/wp-content\/uploads\/2026\/09\/nemecko-clanky-termaly-nemecko-15-c78f7327-768x360.jpg 768w, https:\/\/loudavymkrokem.cz\/wp-content\/uploads\/2026\/09\/nemecko-clanky-termaly-nemecko-15-c78f7327-1536x719.jpg 1536w, https:\/\/loudavymkrokem.cz\/wp-content\/uploads\/2026\/09\/nemecko-clanky-termaly-nemecko-15-c78f7327-696x326.jpg 696w, https:\/\/loudavymkrokem.cz\/wp-content\/uploads\/2026\/09\/nemecko-clanky-termaly-nemecko-15-c78f7327-1392x652.jpg 1392w\" sizes=\"(max-width: 1800px) 100vw, 1800px\" \/><button\n\t\t\tclass=\"lightbox-trigger\"\n\t\t\ttype=\"button\"\n\t\t\taria-haspopup=\"dialog\"\n\t\t\tdata-wp-bind--aria-label=\"state.thisImage.triggerButtonAriaLabel\"\n\t\t\tdata-wp-init=\"callbacks.initTriggerButton\"\n\t\t\tdata-wp-on--click=\"actions.showLightbox\"\n\t\t\tdata-wp-style--right=\"state.thisImage.buttonRight\"\n\t\t\tdata-wp-style--top=\"state.thisImage.buttonTop\"\n\t\t>\n\t\t\t<svg xmlns=\"http:\/\/www.w3.org\/2000\/svg\" width=\"12\" height=\"12\" fill=\"none\" viewBox=\"0 0 12 12\">\n\t\t\t\t<path fill=\"#fff\" d=\"M2 0a2 2 0 0 0-2 2v2h1.5V2a.5.5 0 0 1 .5-.5h2V0H2Zm2 10.5H2a.5.5 0 0 1-.5-.5V8H0v2a2 2 0 0 0 2 2h2v-1.5ZM8 12v-1.5h2a.5.5 0 0 0 .5-.5V8H12v2a2 2 0 0 1-2 2H8Zm2-12a2 2 0 0 1 2 2v2h-1.5V2a.5.5 0 0 0-.5-.5H8V0h2Z\" \/>\n\t\t\t<\/svg>\n\t\t<\/button><\/figure>\n\n\n\n<h3 class=\"wp-block-heading\"><span class=\"ez-toc-section\" id=\"10_Titania_Neusas_Neusas\"><\/span>10. Titania Neus\u00e4\u00df (Neus\u00e4\u00df)<span class=\"ez-toc-section-end\"><\/span><\/h3>\n\n\n\n<p class=\"wp-block-paragraph\">El recinto de ocio y termal de Neus\u00e4\u00df es un para\u00edso para los amantes de los contrastes extremos de temperatura. El mundo de saunas ofrece una enorme variedad, que culmina en la <strong>sauna n\u00f3rdica Kelo a 95 \u00b0C<\/strong>. Adem\u00e1s, hay una sauna de piedra (85 \u00b0C), una sauna de sal (90 \u00b0C), la sauna de tierra Erdsauna (80 \u00b0C) o la absolutamente \u00fanica sauna de cerveza Bierst\u00fcberl. Es probablemente uno de los centros de saunas m\u00e1s creativos de la zona.<\/p>\n\n\n\n<p class=\"wp-block-paragraph\">Adem\u00e1s de las saunas, agrada la amplia oferta de piscinas y ba\u00f1os. Puedes calentarte en la piscina hamam a 34 \u00b0C o probar la piscina caliente de sentado. Para refrescarte va estupendamente la <strong>piscina de inmersi\u00f3n a 20 \u00b0C<\/strong>. Si prefieres el calor h\u00famedo, dir\u00edgete al ba\u00f1o de vapor o al laconium, donde la temperatura se mantiene en unos agradables 45 \u00b0C.<\/p>\n\n\n\n<p class=\"wp-block-paragraph\">Seg\u00fan la tarifa de 2026, la entrada normal para adultos va desde <strong>18,50 EUR<\/strong> por la entrada m\u00e1s corta hasta 28 EUR. Las entradas infantiles cuestan de 12 a 21,50 EUR seg\u00fan la duraci\u00f3n de la estancia. El recinto va muy bien para familias con ni\u00f1os mayores, que ya sepan apreciar la variedad de atracciones. <strong>\ud83d\udca1 Consejo:<\/strong> si piensas venir a menudo, inf\u00f3rmate de las condiciones de su club, porque con las llamadas Clubtarife un adulto paga la entrada desde solo 9,25 EUR.<\/p>\n\n\n\n<figure data-wp-context=\"{&quot;imageId&quot;:&quot;6a9c0c16d2ebf&quot;}\" data-wp-interactive=\"core\/image\" data-wp-key=\"6a9c0c16d2ebf\" class=\"wp-block-image size-full wp-lightbox-container\"><img decoding=\"async\" width=\"1800\" height=\"1200\" data-wp-class--hide=\"state.isContentHidden\" data-wp-class--show=\"state.isContentVisible\" data-wp-init=\"callbacks.setButtonStyles\" data-wp-on--click=\"actions.showLightbox\" data-wp-on--load=\"callbacks.setButtonStyles\" data-wp-on--pointerdown=\"actions.preloadImage\" data-wp-on--pointerenter=\"actions.preloadImageWithDelay\" data-wp-on--pointerleave=\"actions.cancelPreload\" data-wp-on-window--resize=\"callbacks.setButtonStyles\" src=\"https:\/\/loudavymkrokem.cz\/wp-content\/uploads\/2026\/09\/nemecko-clanky-termaly-nemecko-16-25ba2f69.jpg\" alt=\"Fackelmann Therme Hersbruck (Hersbruck)\" class=\"wp-image-415305\" title=\"\" srcset=\"https:\/\/loudavymkrokem.cz\/wp-content\/uploads\/2026\/09\/nemecko-clanky-termaly-nemecko-16-25ba2f69.jpg 1800w, https:\/\/loudavymkrokem.cz\/wp-content\/uploads\/2026\/09\/nemecko-clanky-termaly-nemecko-16-25ba2f69-300x200.jpg 300w, https:\/\/loudavymkrokem.cz\/wp-content\/uploads\/2026\/09\/nemecko-clanky-termaly-nemecko-16-25ba2f69-700x467.jpg 700w, https:\/\/loudavymkrokem.cz\/wp-content\/uploads\/2026\/09\/nemecko-clanky-termaly-nemecko-16-25ba2f69-768x512.jpg 768w, https:\/\/loudavymkrokem.cz\/wp-content\/uploads\/2026\/09\/nemecko-clanky-termaly-nemecko-16-25ba2f69-1536x1024.jpg 1536w, https:\/\/loudavymkrokem.cz\/wp-content\/uploads\/2026\/09\/nemecko-clanky-termaly-nemecko-16-25ba2f69-696x464.jpg 696w, https:\/\/loudavymkrokem.cz\/wp-content\/uploads\/2026\/09\/nemecko-clanky-termaly-nemecko-16-25ba2f69-1392x928.jpg 1392w\" sizes=\"(max-width: 1800px) 100vw, 1800px\" \/><button\n\t\t\tclass=\"lightbox-trigger\"\n\t\t\ttype=\"button\"\n\t\t\taria-haspopup=\"dialog\"\n\t\t\tdata-wp-bind--aria-label=\"state.thisImage.triggerButtonAriaLabel\"\n\t\t\tdata-wp-init=\"callbacks.initTriggerButton\"\n\t\t\tdata-wp-on--click=\"actions.showLightbox\"\n\t\t\tdata-wp-style--right=\"state.thisImage.buttonRight\"\n\t\t\tdata-wp-style--top=\"state.thisImage.buttonTop\"\n\t\t>\n\t\t\t<svg xmlns=\"http:\/\/www.w3.org\/2000\/svg\" width=\"12\" height=\"12\" fill=\"none\" viewBox=\"0 0 12 12\">\n\t\t\t\t<path fill=\"#fff\" d=\"M2 0a2 2 0 0 0-2 2v2h1.5V2a.5.5 0 0 1 .5-.5h2V0H2Zm2 10.5H2a.5.5 0 0 1-.5-.5V8H0v2a2 2 0 0 0 2 2h2v-1.5ZM8 12v-1.5h2a.5.5 0 0 0 .5-.5V8H12v2a2 2 0 0 1-2 2H8Zm2-12a2 2 0 0 1 2 2v2h-1.5V2a.5.5 0 0 0-.5-.5H8V0h2Z\" \/>\n\t\t\t<\/svg>\n\t\t<\/button><figcaption class=\"wp-element-caption\">Foto: Fackelmann Therme Hersbruck \/ Wikimedia Commons, CC BY-SA 3.0<\/figcaption><\/figure>\n\n\n\n<h3 class=\"wp-block-heading\"><span class=\"ez-toc-section\" id=\"11_Fackelmann_Therme_Hersbruck_Hersbruck\"><\/span>11. Fackelmann Therme Hersbruck (Hersbruck)<span class=\"ez-toc-section-end\"><\/span><\/h3>\n\n\n\n<p class=\"wp-block-paragraph\">Este recinto, inaugurado en diciembre de 2004 en la Hersbruck franca, atrae sobre todo por su agua curativa reconocida por el Estado. Tiene unos par\u00e1metros estupendos y ya en el propio manantial alcanza una temperatura de <strong>29,4 \u00b0C<\/strong>. La parte interior del mundo termal est\u00e1 bellamente iluminada y ofrece una piscina con agua a 34 \u00b0C, donde incluso puedes disfrutar bajo el agua de m\u00fasica relajante.<\/p>\n\n\n\n<p class=\"wp-block-paragraph\">Si prefieres respirar aire fresco, dir\u00edgete a la piscina termal exterior, caldeada a unos estupendos <strong>36 \u00b0C<\/strong>. Puedes tumbarte en las camas de burbujas o dejar que te masajeen la espalda los chorros locales. El recinto irradia calma y, gracias a sus dimensiones m\u00e1s peque\u00f1as, no resulta tan an\u00f3nimo como los gigantes tipo Erding.<\/p>\n\n\n\n<p class=\"wp-block-paragraph\">Seg\u00fan la tarifa de 2026, al superar el tiempo pagado te cobran un suplemento de <strong>1 EUR por cada media hora empezada<\/strong>. Si te olvidas el equipo en casa, no hay problema, porque aqu\u00ed te alquilan una toalla por 2,50 EUR y un albornoz por 5 EUR. <strong>\ud83d\udca1 Consejo:<\/strong> aprovecha la posibilidad de alquilar el albornoz in situ, as\u00ed en la mochila o la maleta te caben muchas otras cosas y no tienes que cargar con ropa voluminosa.<\/p>\n\n\n\n<figure data-wp-context=\"{&quot;imageId&quot;:&quot;6a9c0c16d335b&quot;}\" data-wp-interactive=\"core\/image\" data-wp-key=\"6a9c0c16d335b\" class=\"wp-block-image size-full wp-lightbox-container\"><img decoding=\"async\" width=\"1800\" height=\"1350\" data-wp-class--hide=\"state.isContentHidden\" data-wp-class--show=\"state.isContentVisible\" data-wp-init=\"callbacks.setButtonStyles\" data-wp-on--click=\"actions.showLightbox\" data-wp-on--load=\"callbacks.setButtonStyles\" data-wp-on--pointerdown=\"actions.preloadImage\" data-wp-on--pointerenter=\"actions.preloadImageWithDelay\" data-wp-on--pointerleave=\"actions.cancelPreload\" data-wp-on-window--resize=\"callbacks.setButtonStyles\" src=\"https:\/\/loudavymkrokem.cz\/wp-content\/uploads\/2026\/09\/nemecko-clanky-termaly-nemecko-17-4ae5052a.jpg\" alt=\"ThermeNatur (Bad Rodach)\" class=\"wp-image-415306\" title=\"\" srcset=\"https:\/\/loudavymkrokem.cz\/wp-content\/uploads\/2026\/09\/nemecko-clanky-termaly-nemecko-17-4ae5052a.jpg 1800w, https:\/\/loudavymkrokem.cz\/wp-content\/uploads\/2026\/09\/nemecko-clanky-termaly-nemecko-17-4ae5052a-300x225.jpg 300w, https:\/\/loudavymkrokem.cz\/wp-content\/uploads\/2026\/09\/nemecko-clanky-termaly-nemecko-17-4ae5052a-700x525.jpg 700w, https:\/\/loudavymkrokem.cz\/wp-content\/uploads\/2026\/09\/nemecko-clanky-termaly-nemecko-17-4ae5052a-768x576.jpg 768w, https:\/\/loudavymkrokem.cz\/wp-content\/uploads\/2026\/09\/nemecko-clanky-termaly-nemecko-17-4ae5052a-1536x1152.jpg 1536w, https:\/\/loudavymkrokem.cz\/wp-content\/uploads\/2026\/09\/nemecko-clanky-termaly-nemecko-17-4ae5052a-80x60.jpg 80w, https:\/\/loudavymkrokem.cz\/wp-content\/uploads\/2026\/09\/nemecko-clanky-termaly-nemecko-17-4ae5052a-160x120.jpg 160w, https:\/\/loudavymkrokem.cz\/wp-content\/uploads\/2026\/09\/nemecko-clanky-termaly-nemecko-17-4ae5052a-696x522.jpg 696w, https:\/\/loudavymkrokem.cz\/wp-content\/uploads\/2026\/09\/nemecko-clanky-termaly-nemecko-17-4ae5052a-1392x1044.jpg 1392w\" sizes=\"(max-width: 1800px) 100vw, 1800px\" \/><button\n\t\t\tclass=\"lightbox-trigger\"\n\t\t\ttype=\"button\"\n\t\t\taria-haspopup=\"dialog\"\n\t\t\tdata-wp-bind--aria-label=\"state.thisImage.triggerButtonAriaLabel\"\n\t\t\tdata-wp-init=\"callbacks.initTriggerButton\"\n\t\t\tdata-wp-on--click=\"actions.showLightbox\"\n\t\t\tdata-wp-style--right=\"state.thisImage.buttonRight\"\n\t\t\tdata-wp-style--top=\"state.thisImage.buttonTop\"\n\t\t>\n\t\t\t<svg xmlns=\"http:\/\/www.w3.org\/2000\/svg\" width=\"12\" height=\"12\" fill=\"none\" viewBox=\"0 0 12 12\">\n\t\t\t\t<path fill=\"#fff\" d=\"M2 0a2 2 0 0 0-2 2v2h1.5V2a.5.5 0 0 1 .5-.5h2V0H2Zm2 10.5H2a.5.5 0 0 1-.5-.5V8H0v2a2 2 0 0 0 2 2h2v-1.5ZM8 12v-1.5h2a.5.5 0 0 0 .5-.5V8H12v2a2 2 0 0 1-2 2H8Zm2-12a2 2 0 0 1 2 2v2h-1.5V2a.5.5 0 0 0-.5-.5H8V0h2Z\" \/>\n\t\t\t<\/svg>\n\t\t<\/button><\/figure>\n\n\n\n<h3 class=\"wp-block-heading\"><span class=\"ez-toc-section\" id=\"12_ThermeNatur_Bad_Rodach\"><\/span>12. ThermeNatur (Bad Rodach)<span class=\"ez-toc-section-end\"><\/span><\/h3>\n\n\n\n<p class=\"wp-block-paragraph\">Este recinto balneario est\u00e1 en la peque\u00f1a Bad Rodach y es conocido sobre todo por su agua de calidad excepcional. El manantial termal local, descubierto en 1972, se bombea desde una <strong>profundidad de 652 metros<\/strong> y presume del t\u00edtulo del manantial m\u00e1s caliente de toda la regi\u00f3n. Brota directamente de las profundidades de la tierra a unos preciosos 34 \u00b0C.<\/p>\n\n\n\n<p class=\"wp-block-paragraph\">El recinto est\u00e1 concebido m\u00e1s bien como un balneario tradicional y no encontrar\u00e1s aqu\u00ed multitudes salvajes sedientas de adrenalina. Dispones de un <strong>paisaje de ba\u00f1o y saunas<\/strong>, completado por un departamento especializado de wellness. Es justo el tipo de sitio al que vas a recargar fuerzas, ralentizar y dejar que el agua curativa haga su trabajo en tu aparato locomotor.<\/p>\n\n\n\n<p class=\"wp-block-paragraph\">Es apto sobre todo para adultos, parejas y personas mayores que buscan calma y una verdadera rehabilitaci\u00f3n. As\u00ed que si piensas en un fin de semana tranquilo con un libro y calentando articulaciones, aqu\u00ed no te equivocar\u00e1s. <strong>\ud83d\udca1 Consejo:<\/strong> si tienes problemas de espalda, reserva de antemano alguno de los tratamientos del departamento de wellness, tienen much\u00edsima experiencia con el uso del agua local.<\/p>\n\n\n\n<figure data-wp-context=\"{&quot;imageId&quot;:&quot;6a9c0c16d3863&quot;}\" data-wp-interactive=\"core\/image\" data-wp-key=\"6a9c0c16d3863\" class=\"wp-block-image size-full wp-lightbox-container\"><img decoding=\"async\" width=\"1800\" height=\"1200\" data-wp-class--hide=\"state.isContentHidden\" data-wp-class--show=\"state.isContentVisible\" data-wp-init=\"callbacks.setButtonStyles\" data-wp-on--click=\"actions.showLightbox\" data-wp-on--load=\"callbacks.setButtonStyles\" data-wp-on--pointerdown=\"actions.preloadImage\" data-wp-on--pointerenter=\"actions.preloadImageWithDelay\" data-wp-on--pointerleave=\"actions.cancelPreload\" data-wp-on-window--resize=\"callbacks.setButtonStyles\" src=\"https:\/\/loudavymkrokem.cz\/wp-content\/uploads\/2026\/09\/nemecko-clanky-termaly-nemecko-18-1233e231.jpg\" alt=\"Johannesbad Therme Bad F\u00fcssing (Bad F\u00fcssing)\" class=\"wp-image-415307\" title=\"\" srcset=\"https:\/\/loudavymkrokem.cz\/wp-content\/uploads\/2026\/09\/nemecko-clanky-termaly-nemecko-18-1233e231.jpg 1800w, https:\/\/loudavymkrokem.cz\/wp-content\/uploads\/2026\/09\/nemecko-clanky-termaly-nemecko-18-1233e231-300x200.jpg 300w, https:\/\/loudavymkrokem.cz\/wp-content\/uploads\/2026\/09\/nemecko-clanky-termaly-nemecko-18-1233e231-700x467.jpg 700w, https:\/\/loudavymkrokem.cz\/wp-content\/uploads\/2026\/09\/nemecko-clanky-termaly-nemecko-18-1233e231-768x512.jpg 768w, https:\/\/loudavymkrokem.cz\/wp-content\/uploads\/2026\/09\/nemecko-clanky-termaly-nemecko-18-1233e231-1536x1024.jpg 1536w, https:\/\/loudavymkrokem.cz\/wp-content\/uploads\/2026\/09\/nemecko-clanky-termaly-nemecko-18-1233e231-696x464.jpg 696w, https:\/\/loudavymkrokem.cz\/wp-content\/uploads\/2026\/09\/nemecko-clanky-termaly-nemecko-18-1233e231-1392x928.jpg 1392w\" sizes=\"(max-width: 1800px) 100vw, 1800px\" \/><button\n\t\t\tclass=\"lightbox-trigger\"\n\t\t\ttype=\"button\"\n\t\t\taria-haspopup=\"dialog\"\n\t\t\tdata-wp-bind--aria-label=\"state.thisImage.triggerButtonAriaLabel\"\n\t\t\tdata-wp-init=\"callbacks.initTriggerButton\"\n\t\t\tdata-wp-on--click=\"actions.showLightbox\"\n\t\t\tdata-wp-style--right=\"state.thisImage.buttonRight\"\n\t\t\tdata-wp-style--top=\"state.thisImage.buttonTop\"\n\t\t>\n\t\t\t<svg xmlns=\"http:\/\/www.w3.org\/2000\/svg\" width=\"12\" height=\"12\" fill=\"none\" viewBox=\"0 0 12 12\">\n\t\t\t\t<path fill=\"#fff\" d=\"M2 0a2 2 0 0 0-2 2v2h1.5V2a.5.5 0 0 1 .5-.5h2V0H2Zm2 10.5H2a.5.5 0 0 1-.5-.5V8H0v2a2 2 0 0 0 2 2h2v-1.5ZM8 12v-1.5h2a.5.5 0 0 0 .5-.5V8H12v2a2 2 0 0 1-2 2H8Zm2-12a2 2 0 0 1 2 2v2h-1.5V2a.5.5 0 0 0-.5-.5H8V0h2Z\" \/>\n\t\t\t<\/svg>\n\t\t<\/button><\/figure>\n\n\n\n<h3 class=\"wp-block-heading\"><span class=\"ez-toc-section\" id=\"13_Johannesbad_Therme_Bad_Fussing_Bad_Fussing\"><\/span>13. Johannesbad Therme Bad F\u00fcssing (Bad F\u00fcssing)<span class=\"ez-toc-section-end\"><\/span><\/h3>\n\n\n\n<p class=\"wp-block-paragraph\">Al visitar Bad F\u00fcssing dar\u00e1s con un recinto que est\u00e1 entre las mayores termas de toda Europa. Ofrece unos incre\u00edbles <strong>4.500 metros cuadrados de l\u00e1mina de agua<\/strong>, repartidos en trece enormes piscinas. El agua procede del manantial Johannesquelle, que la familia Zwick perfor\u00f3 aqu\u00ed en 1964, y viene de una profundidad de mil metros justos.<\/p>\n\n\n\n<p class=\"wp-block-paragraph\">Directamente en el manantial el agua tiene <strong>56 \u00b0C<\/strong>, pero en las piscinas la disfrutar\u00e1s enfriada a unos agradables 27 a 39 \u00b0C. El recinto, que funciona desde 1969 junto a la cl\u00ednica adyacente, est\u00e1 rodeado de gigantescas superficies exteriores para tumbarse, de 60.000 metros cuadrados. Tampoco falta una zona de saunas de 800 metros cuadrados con cuatro saunas y un ba\u00f1o de vapor.<\/p>\n\n\n\n<p class=\"wp-block-paragraph\">Es un gigante muy enfocado a la salud, la prevenci\u00f3n y el tratamiento, as\u00ed que aqu\u00ed acude much\u00edsima gente por rehabilitaci\u00f3n. No esperes un ambiente \u00edntimo, sino m\u00e1s bien una atenci\u00f3n balnearia de primera a escala colosal. <strong>\ud83d\udca1 Consejo:<\/strong> durante los meses de verano ll\u00e9vate una manta grande, esas enormes superficies de c\u00e9sped exteriores son ideales para pasar el d\u00eda tumbado al sol.<\/p>\n\n\n\n<figure data-wp-context=\"{&quot;imageId&quot;:&quot;6a9c0c16d3d0f&quot;}\" data-wp-interactive=\"core\/image\" data-wp-key=\"6a9c0c16d3d0f\" class=\"wp-block-image size-full wp-lightbox-container\"><img decoding=\"async\" width=\"1800\" height=\"750\" data-wp-class--hide=\"state.isContentHidden\" data-wp-class--show=\"state.isContentVisible\" data-wp-init=\"callbacks.setButtonStyles\" data-wp-on--click=\"actions.showLightbox\" data-wp-on--load=\"callbacks.setButtonStyles\" data-wp-on--pointerdown=\"actions.preloadImage\" data-wp-on--pointerenter=\"actions.preloadImageWithDelay\" data-wp-on--pointerleave=\"actions.cancelPreload\" data-wp-on-window--resize=\"callbacks.setButtonStyles\" src=\"https:\/\/loudavymkrokem.cz\/wp-content\/uploads\/2026\/09\/nemecko-clanky-termaly-nemecko-19-48dd8934.jpg\" alt=\"Piscina con atracciones acu\u00e1ticas en Europa Therme, en Bad F\u00fcssing\" class=\"wp-image-415483\" title=\"\" srcset=\"https:\/\/loudavymkrokem.cz\/wp-content\/uploads\/2026\/09\/nemecko-clanky-termaly-nemecko-19-48dd8934.jpg 1800w, https:\/\/loudavymkrokem.cz\/wp-content\/uploads\/2026\/09\/nemecko-clanky-termaly-nemecko-19-48dd8934-300x125.jpg 300w, https:\/\/loudavymkrokem.cz\/wp-content\/uploads\/2026\/09\/nemecko-clanky-termaly-nemecko-19-48dd8934-700x292.jpg 700w, https:\/\/loudavymkrokem.cz\/wp-content\/uploads\/2026\/09\/nemecko-clanky-termaly-nemecko-19-48dd8934-768x320.jpg 768w, https:\/\/loudavymkrokem.cz\/wp-content\/uploads\/2026\/09\/nemecko-clanky-termaly-nemecko-19-48dd8934-1536x640.jpg 1536w, https:\/\/loudavymkrokem.cz\/wp-content\/uploads\/2026\/09\/nemecko-clanky-termaly-nemecko-19-48dd8934-696x290.jpg 696w, https:\/\/loudavymkrokem.cz\/wp-content\/uploads\/2026\/09\/nemecko-clanky-termaly-nemecko-19-48dd8934-1392x580.jpg 1392w\" sizes=\"(max-width: 1800px) 100vw, 1800px\" \/><button\n\t\t\tclass=\"lightbox-trigger\"\n\t\t\ttype=\"button\"\n\t\t\taria-haspopup=\"dialog\"\n\t\t\tdata-wp-bind--aria-label=\"state.thisImage.triggerButtonAriaLabel\"\n\t\t\tdata-wp-init=\"callbacks.initTriggerButton\"\n\t\t\tdata-wp-on--click=\"actions.showLightbox\"\n\t\t\tdata-wp-style--right=\"state.thisImage.buttonRight\"\n\t\t\tdata-wp-style--top=\"state.thisImage.buttonTop\"\n\t\t>\n\t\t\t<svg xmlns=\"http:\/\/www.w3.org\/2000\/svg\" width=\"12\" height=\"12\" fill=\"none\" viewBox=\"0 0 12 12\">\n\t\t\t\t<path fill=\"#fff\" d=\"M2 0a2 2 0 0 0-2 2v2h1.5V2a.5.5 0 0 1 .5-.5h2V0H2Zm2 10.5H2a.5.5 0 0 1-.5-.5V8H0v2a2 2 0 0 0 2 2h2v-1.5ZM8 12v-1.5h2a.5.5 0 0 0 .5-.5V8H12v2a2 2 0 0 1-2 2H8Zm2-12a2 2 0 0 1 2 2v2h-1.5V2a.5.5 0 0 0-.5-.5H8V0h2Z\" \/>\n\t\t\t<\/svg>\n\t\t<\/button><\/figure>\n\n\n\n<h3 class=\"wp-block-heading\"><span class=\"ez-toc-section\" id=\"14_Europa_Therme_Bad_Fussing\"><\/span>14. Europa Therme (Bad F\u00fcssing)<span class=\"ez-toc-section-end\"><\/span><\/h3>\n\n\n\n<p class=\"wp-block-paragraph\">El segundo enorme complejo balneario de Bad F\u00fcssing atrae por un paisaje termal de 3.000 metros cuadrados. Su absoluto protagonista es un <strong>canal de corriente de 120 metros de largo<\/strong>, conectado a la enorme piscina de atracciones Nymph\u00e4um, con agua a 36 \u00b0C. Sus corrientes, bancos de perlas y ca\u00f1ones de agua te entretendr\u00e1n durante much\u00edsimo tiempo.<\/p>\n\n\n\n<p class=\"wp-block-paragraph\">Aqu\u00ed encontrar\u00e1s <strong>17 piscinas distintas<\/strong> con temperaturas de 27 a 40 \u00b0C. Puedes descansar en la piscina con m\u00fasica bajo el agua caldeada a 37 \u00b0C, en la gruta con cielo estrellado o en las camas de burbujas de aire. Quien quiera nadar apreciar\u00e1 las dos piscinas para nadar de espaldas, con agua m\u00e1s fresca de unos 29 \u00b0C. Tampoco falta la popular piscina exterior alterna, con temperaturas de 18 y 40 \u00b0C.<\/p>\n\n\n\n<p class=\"wp-block-paragraph\">Seg\u00fan la tarifa de 2026, la entrada solo se permite a <strong>ni\u00f1os a partir de 3 a\u00f1os<\/strong>, as\u00ed que con beb\u00e9s, por desgracia, no te dejan pasar. Si te quedas en el recinto m\u00e1s de lo que tienes pagado, se cobra un suplemento de 1 EUR por cada media hora empezada. <strong>\ud83d\udca1 Consejo:<\/strong> por un peque\u00f1o suplemento de 2 euros puedes a\u00f1adir a la entrada termal la visita al Aerosal, una sala especial estupenda para tus pulmones.<\/p>\n\n\n\n<figure data-wp-context=\"{&quot;imageId&quot;:&quot;6a9c0c16d41d1&quot;}\" data-wp-interactive=\"core\/image\" data-wp-key=\"6a9c0c16d41d1\" class=\"wp-block-image size-full wp-lightbox-container\"><img decoding=\"async\" width=\"1800\" height=\"1012\" data-wp-class--hide=\"state.isContentHidden\" data-wp-class--show=\"state.isContentVisible\" data-wp-init=\"callbacks.setButtonStyles\" data-wp-on--click=\"actions.showLightbox\" data-wp-on--load=\"callbacks.setButtonStyles\" data-wp-on--pointerdown=\"actions.preloadImage\" data-wp-on--pointerenter=\"actions.preloadImageWithDelay\" data-wp-on--pointerleave=\"actions.cancelPreload\" data-wp-on-window--resize=\"callbacks.setButtonStyles\" src=\"https:\/\/loudavymkrokem.cz\/wp-content\/uploads\/2026\/09\/nemecko-clanky-termaly-nemecko-20-018a6875.jpg\" alt=\"Recinto termal Sibyllenbad en Neualbenreuth desde el aire\" class=\"wp-image-415309\" title=\"\" srcset=\"https:\/\/loudavymkrokem.cz\/wp-content\/uploads\/2026\/09\/nemecko-clanky-termaly-nemecko-20-018a6875.jpg 1800w, https:\/\/loudavymkrokem.cz\/wp-content\/uploads\/2026\/09\/nemecko-clanky-termaly-nemecko-20-018a6875-300x169.jpg 300w, https:\/\/loudavymkrokem.cz\/wp-content\/uploads\/2026\/09\/nemecko-clanky-termaly-nemecko-20-018a6875-700x394.jpg 700w, https:\/\/loudavymkrokem.cz\/wp-content\/uploads\/2026\/09\/nemecko-clanky-termaly-nemecko-20-018a6875-768x432.jpg 768w, https:\/\/loudavymkrokem.cz\/wp-content\/uploads\/2026\/09\/nemecko-clanky-termaly-nemecko-20-018a6875-1536x864.jpg 1536w, https:\/\/loudavymkrokem.cz\/wp-content\/uploads\/2026\/09\/nemecko-clanky-termaly-nemecko-20-018a6875-696x391.jpg 696w, https:\/\/loudavymkrokem.cz\/wp-content\/uploads\/2026\/09\/nemecko-clanky-termaly-nemecko-20-018a6875-1392x783.jpg 1392w\" sizes=\"(max-width: 1800px) 100vw, 1800px\" \/><button\n\t\t\tclass=\"lightbox-trigger\"\n\t\t\ttype=\"button\"\n\t\t\taria-haspopup=\"dialog\"\n\t\t\tdata-wp-bind--aria-label=\"state.thisImage.triggerButtonAriaLabel\"\n\t\t\tdata-wp-init=\"callbacks.initTriggerButton\"\n\t\t\tdata-wp-on--click=\"actions.showLightbox\"\n\t\t\tdata-wp-style--right=\"state.thisImage.buttonRight\"\n\t\t\tdata-wp-style--top=\"state.thisImage.buttonTop\"\n\t\t>\n\t\t\t<svg xmlns=\"http:\/\/www.w3.org\/2000\/svg\" width=\"12\" height=\"12\" fill=\"none\" viewBox=\"0 0 12 12\">\n\t\t\t\t<path fill=\"#fff\" d=\"M2 0a2 2 0 0 0-2 2v2h1.5V2a.5.5 0 0 1 .5-.5h2V0H2Zm2 10.5H2a.5.5 0 0 1-.5-.5V8H0v2a2 2 0 0 0 2 2h2v-1.5ZM8 12v-1.5h2a.5.5 0 0 0 .5-.5V8H12v2a2 2 0 0 1-2 2H8Zm2-12a2 2 0 0 1 2 2v2h-1.5V2a.5.5 0 0 0-.5-.5H8V0h2Z\" \/>\n\t\t\t<\/svg>\n\t\t<\/button><\/figure>\n\n\n\n<h3 class=\"wp-block-heading\"><span class=\"ez-toc-section\" id=\"15_Sibyllenbad_Neualbenreuth\"><\/span>15. Sibyllenbad (Neualbenreuth)<span class=\"ez-toc-section-end\"><\/span><\/h3>\n\n\n\n<p class=\"wp-block-paragraph\">Este recinto est\u00e1 cerca de la frontera con Chequia y su principal reclamo es el <strong>agua mineral carb\u00f3nica curativa del manantial Sibyllenquelle<\/strong>. El agua curativa local te calentar\u00e1 a unos estupendos 34 a 36 \u00b0C y puedes disfrutarla bajo los numerosos surtidores en forma de cuello de cisne o dejarte masajear suavemente por los burbujeadores del suelo.<\/p>\n\n\n\n<p class=\"wp-block-paragraph\">El complejo est\u00e1 dise\u00f1ado con muy buen gusto y es bastante popular, aunque no est\u00e1 entre los gigantes m\u00e1s grandes. Seg\u00fan la tarifa de 2026, por dos horas en la zona de piscinas pagar\u00e1s <strong>9 EUR<\/strong>, tres horas cuestan 12 EUR y la entrada de d\u00eda completo la consigues por 19 EUR. Si quisieras combinar las piscinas directamente con el mundo de saunas, la entrada de d\u00eda completo te sale por 29 EUR.<\/p>\n\n\n\n<p class=\"wp-block-paragraph\">Adem\u00e1s, de junio a agosto ofrecen una entrada especial de tarde a la sauna. Vale a partir de las 17 h y cuesta unos simp\u00e1ticos 15 EUR. Es la variante ideal y econ\u00f3mica para calentar tranquilamente el cuerpo tras un d\u00eda de trabajo exigente. <strong>\ud83d\udca1 Consejo:<\/strong> si vives cerca de la frontera, aprovecha precisamente esta tarifa de tarde de verano, por ese precio es probablemente el mejor relax de la zona.<\/p>\n\n\n\n<figure data-wp-context=\"{&quot;imageId&quot;:&quot;6a9c0c16d46e4&quot;}\" data-wp-interactive=\"core\/image\" data-wp-key=\"6a9c0c16d46e4\" class=\"wp-block-image size-full wp-lightbox-container\"><img decoding=\"async\" width=\"1800\" height=\"1200\" data-wp-class--hide=\"state.isContentHidden\" data-wp-class--show=\"state.isContentVisible\" data-wp-init=\"callbacks.setButtonStyles\" data-wp-on--click=\"actions.showLightbox\" data-wp-on--load=\"callbacks.setButtonStyles\" data-wp-on--pointerdown=\"actions.preloadImage\" data-wp-on--pointerenter=\"actions.preloadImageWithDelay\" data-wp-on--pointerleave=\"actions.cancelPreload\" data-wp-on-window--resize=\"callbacks.setButtonStyles\" src=\"https:\/\/loudavymkrokem.cz\/wp-content\/uploads\/2026\/09\/nemecko-clanky-termaly-nemecko-21-f3489141.jpg\" alt=\"Fachada decorada de los hist\u00f3ricos ba\u00f1os Friedrichsbad en Baden-Baden\" class=\"wp-image-415310\" title=\"\" srcset=\"https:\/\/loudavymkrokem.cz\/wp-content\/uploads\/2026\/09\/nemecko-clanky-termaly-nemecko-21-f3489141.jpg 1800w, https:\/\/loudavymkrokem.cz\/wp-content\/uploads\/2026\/09\/nemecko-clanky-termaly-nemecko-21-f3489141-300x200.jpg 300w, https:\/\/loudavymkrokem.cz\/wp-content\/uploads\/2026\/09\/nemecko-clanky-termaly-nemecko-21-f3489141-700x467.jpg 700w, https:\/\/loudavymkrokem.cz\/wp-content\/uploads\/2026\/09\/nemecko-clanky-termaly-nemecko-21-f3489141-768x512.jpg 768w, https:\/\/loudavymkrokem.cz\/wp-content\/uploads\/2026\/09\/nemecko-clanky-termaly-nemecko-21-f3489141-1536x1024.jpg 1536w, https:\/\/loudavymkrokem.cz\/wp-content\/uploads\/2026\/09\/nemecko-clanky-termaly-nemecko-21-f3489141-696x464.jpg 696w, https:\/\/loudavymkrokem.cz\/wp-content\/uploads\/2026\/09\/nemecko-clanky-termaly-nemecko-21-f3489141-1392x928.jpg 1392w\" sizes=\"(max-width: 1800px) 100vw, 1800px\" \/><button\n\t\t\tclass=\"lightbox-trigger\"\n\t\t\ttype=\"button\"\n\t\t\taria-haspopup=\"dialog\"\n\t\t\tdata-wp-bind--aria-label=\"state.thisImage.triggerButtonAriaLabel\"\n\t\t\tdata-wp-init=\"callbacks.initTriggerButton\"\n\t\t\tdata-wp-on--click=\"actions.showLightbox\"\n\t\t\tdata-wp-style--right=\"state.thisImage.buttonRight\"\n\t\t\tdata-wp-style--top=\"state.thisImage.buttonTop\"\n\t\t>\n\t\t\t<svg xmlns=\"http:\/\/www.w3.org\/2000\/svg\" width=\"12\" height=\"12\" fill=\"none\" viewBox=\"0 0 12 12\">\n\t\t\t\t<path fill=\"#fff\" d=\"M2 0a2 2 0 0 0-2 2v2h1.5V2a.5.5 0 0 1 .5-.5h2V0H2Zm2 10.5H2a.5.5 0 0 1-.5-.5V8H0v2a2 2 0 0 0 2 2h2v-1.5ZM8 12v-1.5h2a.5.5 0 0 0 .5-.5V8H12v2a2 2 0 0 1-2 2H8Zm2-12a2 2 0 0 1 2 2v2h-1.5V2a.5.5 0 0 0-.5-.5H8V0h2Z\" \/>\n\t\t\t<\/svg>\n\t\t<\/button><figcaption class=\"wp-element-caption\">Foto: A.Savin \/ Wikimedia Commons, CC BY-SA 3.0<\/figcaption><\/figure>\n\n\n\n<h2 class=\"wp-block-heading\"><span class=\"ez-toc-section\" id=\"Termas_en_Baden-Wurtemberg\"><\/span>Termas en Baden-Wurtemberg<span class=\"ez-toc-section-end\"><\/span><\/h2>\n\n\n\n<p class=\"wp-block-paragraph\">Baden-Wurtemberg es todo un cl\u00e1sico si buscas la aut\u00e9ntica <strong>cultura balnearia tradicional<\/strong>. Aqu\u00ed est\u00e1 precisamente la famosa Baden-Baden y probablemente la mayor concentraci\u00f3n de ciudades con el prefijo \u00abBad\u00bb de toda Alemania. Cr\u00e9eme que aqu\u00ed no faltan manantiales minerales y disfrutar\u00e1n tanto los amantes de la historia como los de la relajaci\u00f3n moderna.<\/p>\n\n\n\n<p class=\"wp-block-paragraph\">Pero, adem\u00e1s de los balnearios hist\u00f3ricos, este estado presume de una singularidad. Aqu\u00ed est\u00e1n las <strong>dos enormes termas tropicales<\/strong> que construy\u00f3 el conocido visionario Josef Wund. As\u00ed que si ans\u00edas exotismo bajo un techo acristalado, tienes mucho que esperar.<\/p>\n\n\n\n<figure data-wp-context=\"{&quot;imageId&quot;:&quot;6a9c0c16d4b49&quot;}\" data-wp-interactive=\"core\/image\" data-wp-key=\"6a9c0c16d4b49\" class=\"wp-block-image size-full wp-lightbox-container\"><img decoding=\"async\" width=\"1800\" height=\"1201\" data-wp-class--hide=\"state.isContentHidden\" data-wp-class--show=\"state.isContentVisible\" data-wp-init=\"callbacks.setButtonStyles\" data-wp-on--click=\"actions.showLightbox\" data-wp-on--load=\"callbacks.setButtonStyles\" data-wp-on--pointerdown=\"actions.preloadImage\" data-wp-on--pointerenter=\"actions.preloadImageWithDelay\" data-wp-on--pointerleave=\"actions.cancelPreload\" data-wp-on-window--resize=\"callbacks.setButtonStyles\" src=\"https:\/\/loudavymkrokem.cz\/wp-content\/uploads\/2026\/09\/nemecko-clanky-termaly-nemecko-22-938982ac.jpg\" alt=\"Thermen &#038; Badewelt Sinsheim (Sinsheim): piscina bajo un techo panor\u00e1mico\" class=\"wp-image-415311\" title=\"\" srcset=\"https:\/\/loudavymkrokem.cz\/wp-content\/uploads\/2026\/09\/nemecko-clanky-termaly-nemecko-22-938982ac.jpg 1800w, https:\/\/loudavymkrokem.cz\/wp-content\/uploads\/2026\/09\/nemecko-clanky-termaly-nemecko-22-938982ac-300x200.jpg 300w, https:\/\/loudavymkrokem.cz\/wp-content\/uploads\/2026\/09\/nemecko-clanky-termaly-nemecko-22-938982ac-700x467.jpg 700w, https:\/\/loudavymkrokem.cz\/wp-content\/uploads\/2026\/09\/nemecko-clanky-termaly-nemecko-22-938982ac-768x512.jpg 768w, https:\/\/loudavymkrokem.cz\/wp-content\/uploads\/2026\/09\/nemecko-clanky-termaly-nemecko-22-938982ac-1536x1025.jpg 1536w, https:\/\/loudavymkrokem.cz\/wp-content\/uploads\/2026\/09\/nemecko-clanky-termaly-nemecko-22-938982ac-696x464.jpg 696w, https:\/\/loudavymkrokem.cz\/wp-content\/uploads\/2026\/09\/nemecko-clanky-termaly-nemecko-22-938982ac-1392x929.jpg 1392w\" sizes=\"(max-width: 1800px) 100vw, 1800px\" \/><button\n\t\t\tclass=\"lightbox-trigger\"\n\t\t\ttype=\"button\"\n\t\t\taria-haspopup=\"dialog\"\n\t\t\tdata-wp-bind--aria-label=\"state.thisImage.triggerButtonAriaLabel\"\n\t\t\tdata-wp-init=\"callbacks.initTriggerButton\"\n\t\t\tdata-wp-on--click=\"actions.showLightbox\"\n\t\t\tdata-wp-style--right=\"state.thisImage.buttonRight\"\n\t\t\tdata-wp-style--top=\"state.thisImage.buttonTop\"\n\t\t>\n\t\t\t<svg xmlns=\"http:\/\/www.w3.org\/2000\/svg\" width=\"12\" height=\"12\" fill=\"none\" viewBox=\"0 0 12 12\">\n\t\t\t\t<path fill=\"#fff\" d=\"M2 0a2 2 0 0 0-2 2v2h1.5V2a.5.5 0 0 1 .5-.5h2V0H2Zm2 10.5H2a.5.5 0 0 1-.5-.5V8H0v2a2 2 0 0 0 2 2h2v-1.5ZM8 12v-1.5h2a.5.5 0 0 0 .5-.5V8H12v2a2 2 0 0 1-2 2H8Zm2-12a2 2 0 0 1 2 2v2h-1.5V2a.5.5 0 0 0-.5-.5H8V0h2Z\" \/>\n\t\t\t<\/svg>\n\t\t<\/button><\/figure>\n\n\n\n<h3 class=\"wp-block-heading\"><span class=\"ez-toc-section\" id=\"16_Thermen_Badewelt_Sinsheim_Sinsheim\"><\/span>16. Thermen &#038; Badewelt Sinsheim (Sinsheim)<span class=\"ez-toc-section-end\"><\/span><\/h3>\n\n\n\n<p class=\"wp-block-paragraph\">Este enorme complejo de la ciudad de Sinsheim pertenece a la c\u00e9lebre familia de balnearios de Josef Wund y por dentro parece un perfecto para\u00edso ex\u00f3tico. El principal reclamo es el <strong>imponente Palmenparadies<\/strong>, donde crecen m\u00e1s de 400 palmeras tropicales vivas y m\u00e1s de un millar de preciosas orqu\u00eddeas. La experiencia es realmente excepcional, sobre todo cuando fuera hace un tiempo desapacible y t\u00fa paseas en ba\u00f1ador entre palmeras.<\/p>\n\n\n\n<p class=\"wp-block-paragraph\">Las temperaturas del agua te encantar\u00e1n, porque en las lagunas te calentar\u00e1s a 34 \u00b0C y la piscina Quellen der Gesundheit ofrece <strong>unos agradables 36 \u00b0C<\/strong>. Puedes nadar en la piscina deportiva de 25 metros a 26 \u00b0C, mientras que la piscina de ense\u00f1anza est\u00e1 a 32 \u00b0C. Para refrescarte sirve la piscina de inmersi\u00f3n a 16 \u00b0C. La zona Vitaltherme &#038; Sauna esconde 13 saunas distintas, entre las que no falta una sauna especial en un barco. Y en la laguna de agua turquesa puedes disfrutar de un c\u00f3ctel ex\u00f3tico directamente del pool bar.<\/p>\n\n\n\n<p class=\"wp-block-paragraph\">El balneario es accesible <strong>exclusivamente a partir de 16 a\u00f1os<\/strong>, as\u00ed que no planees venir con ni\u00f1os. Comprueba la entrada actual antes del viaje en la web, porque cambia seg\u00fan el d\u00eda y la duraci\u00f3n de la estancia. Si piensas venir varias veces, merece la pena la tarjeta de valor prepago: por un cr\u00e9dito de 150 euros pagas 142,50 euros, es decir, con un 5 % de descuento. <strong>\ud83d\udca1 Consejo:<\/strong> si olvidas el equipo, el alquiler del albornoz cuesta 9 euros (m\u00e1s 40 euros de fianza) y la toalla sale por 6 euros (20 euros de fianza).<\/p>\n\n\n\n<figure data-wp-context=\"{&quot;imageId&quot;:&quot;6a9c0c16d5012&quot;}\" data-wp-interactive=\"core\/image\" data-wp-key=\"6a9c0c16d5012\" class=\"wp-block-image size-full wp-lightbox-container\"><img decoding=\"async\" width=\"1800\" height=\"1200\" data-wp-class--hide=\"state.isContentHidden\" data-wp-class--show=\"state.isContentVisible\" data-wp-init=\"callbacks.setButtonStyles\" data-wp-on--click=\"actions.showLightbox\" data-wp-on--load=\"callbacks.setButtonStyles\" data-wp-on--pointerdown=\"actions.preloadImage\" data-wp-on--pointerenter=\"actions.preloadImageWithDelay\" data-wp-on--pointerleave=\"actions.cancelPreload\" data-wp-on-window--resize=\"callbacks.setButtonStyles\" src=\"https:\/\/loudavymkrokem.cz\/wp-content\/uploads\/2026\/09\/nemecko-clanky-termaly-nemecko-23-69c5fa9a.jpg\" alt=\"Edificio de la Mineraltherme en B\u00f6blingen\" class=\"wp-image-415485\" title=\"\" srcset=\"https:\/\/loudavymkrokem.cz\/wp-content\/uploads\/2026\/09\/nemecko-clanky-termaly-nemecko-23-69c5fa9a.jpg 1800w, https:\/\/loudavymkrokem.cz\/wp-content\/uploads\/2026\/09\/nemecko-clanky-termaly-nemecko-23-69c5fa9a-300x200.jpg 300w, https:\/\/loudavymkrokem.cz\/wp-content\/uploads\/2026\/09\/nemecko-clanky-termaly-nemecko-23-69c5fa9a-700x467.jpg 700w, https:\/\/loudavymkrokem.cz\/wp-content\/uploads\/2026\/09\/nemecko-clanky-termaly-nemecko-23-69c5fa9a-768x512.jpg 768w, https:\/\/loudavymkrokem.cz\/wp-content\/uploads\/2026\/09\/nemecko-clanky-termaly-nemecko-23-69c5fa9a-1536x1024.jpg 1536w, https:\/\/loudavymkrokem.cz\/wp-content\/uploads\/2026\/09\/nemecko-clanky-termaly-nemecko-23-69c5fa9a-696x464.jpg 696w, https:\/\/loudavymkrokem.cz\/wp-content\/uploads\/2026\/09\/nemecko-clanky-termaly-nemecko-23-69c5fa9a-1392x928.jpg 1392w\" sizes=\"(max-width: 1800px) 100vw, 1800px\" \/><button\n\t\t\tclass=\"lightbox-trigger\"\n\t\t\ttype=\"button\"\n\t\t\taria-haspopup=\"dialog\"\n\t\t\tdata-wp-bind--aria-label=\"state.thisImage.triggerButtonAriaLabel\"\n\t\t\tdata-wp-init=\"callbacks.initTriggerButton\"\n\t\t\tdata-wp-on--click=\"actions.showLightbox\"\n\t\t\tdata-wp-style--right=\"state.thisImage.buttonRight\"\n\t\t\tdata-wp-style--top=\"state.thisImage.buttonTop\"\n\t\t>\n\t\t\t<svg xmlns=\"http:\/\/www.w3.org\/2000\/svg\" width=\"12\" height=\"12\" fill=\"none\" viewBox=\"0 0 12 12\">\n\t\t\t\t<path fill=\"#fff\" d=\"M2 0a2 2 0 0 0-2 2v2h1.5V2a.5.5 0 0 1 .5-.5h2V0H2Zm2 10.5H2a.5.5 0 0 1-.5-.5V8H0v2a2 2 0 0 0 2 2h2v-1.5ZM8 12v-1.5h2a.5.5 0 0 0 .5-.5V8H12v2a2 2 0 0 1-2 2H8Zm2-12a2 2 0 0 1 2 2v2h-1.5V2a.5.5 0 0 0-.5-.5H8V0h2Z\" \/>\n\t\t\t<\/svg>\n\t\t<\/button><figcaption class=\"wp-element-caption\">Foto: Giftzwerg 88 \/ Wikimedia Commons, CC BY-SA 3.0<\/figcaption><\/figure>\n\n\n\n<h3 class=\"wp-block-heading\"><span class=\"ez-toc-section\" id=\"17_Mineraltherme_Boblingen_Boblingen\"><\/span>17. Mineraltherme B\u00f6blingen (B\u00f6blingen)<span class=\"ez-toc-section-end\"><\/span><\/h3>\n\n\n\n<p class=\"wp-block-paragraph\">En el balneario de la ciudad de B\u00f6blingen te espera un mundo de saunas que <strong>ocupa unos generosos 3.300 metros cuadrados<\/strong>. Te ba\u00f1ar\u00e1s en cinco piscinas de relajaci\u00f3n distintas, donde la temperatura del agua va desde los muy agradables 31 hasta los 36 \u00b0C. Este complejo va bien para cualquiera que busque huir de las preocupaciones cotidianas y aprecie unas buenas instalaciones de wellness en pleno centro de la ciudad.<\/p>\n\n\n\n<p class=\"wp-block-paragraph\">Los amantes de la sauna estar\u00e1n en su salsa, porque el amplio recinto ofrece una cl\u00e1sica sauna finlandesa, una arom\u00e1tica sala de hierbas, una softsauna m\u00e1s suave, la especial SinnBad y un tradicional ba\u00f1o de vapor romano. Abre a diario de 9 a 22 h. Y si te encanta el ba\u00f1o nocturno largo, ven el primer viernes del mes, cuando <strong>puedes relajarte hasta medianoche<\/strong>. A los ni\u00f1os menores de 5 a\u00f1os se les deniega la entrada por completo y los j\u00f3venes menores de 16 deben ir acompa\u00f1ados de un adulto.<\/p>\n\n\n\n<p class=\"wp-block-paragraph\">Seg\u00fan la tarifa de 2026, la entrada de tres horas a las termas y la Classic-Sauna cuesta <strong>17,50 euros entre semana<\/strong> y 19 euros el fin de semana. La entrada de 4 horas incluyendo la zona Saunagarten cuesta 26,50 euros, o 28 euros. La entrada de d\u00eda completo a ambas zonas de saunas sale por 33,50 euros entre semana. La tarifa familiar para dos adultos y dos ni\u00f1os (de 5 a 16 a\u00f1os) sale por 50 euros por tres horas. <strong>\ud83d\udca1 Consejo:<\/strong> por cada euro gastado en el recinto en masajes ganas un minuto extra de cr\u00e9dito de tiempo. Los que cumplen a\u00f1os tienen, presentando el documento, un 50 % de descuento en la entrada.<\/p>\n\n\n\n<figure data-wp-context=\"{&quot;imageId&quot;:&quot;6a9c0c16d554b&quot;}\" data-wp-interactive=\"core\/image\" data-wp-key=\"6a9c0c16d554b\" class=\"wp-block-image size-full wp-lightbox-container\"><img decoding=\"async\" width=\"1800\" height=\"1350\" data-wp-class--hide=\"state.isContentHidden\" data-wp-class--show=\"state.isContentVisible\" data-wp-init=\"callbacks.setButtonStyles\" data-wp-on--click=\"actions.showLightbox\" data-wp-on--load=\"callbacks.setButtonStyles\" data-wp-on--pointerdown=\"actions.preloadImage\" data-wp-on--pointerenter=\"actions.preloadImageWithDelay\" data-wp-on--pointerleave=\"actions.cancelPreload\" data-wp-on-window--resize=\"callbacks.setButtonStyles\" src=\"https:\/\/loudavymkrokem.cz\/wp-content\/uploads\/2026\/09\/nemecko-clanky-termaly-nemecko-24-fb363786-1.jpg\" alt=\"Panorama Therme Beuren (Beuren)\" class=\"wp-image-415315\" title=\"\" srcset=\"https:\/\/loudavymkrokem.cz\/wp-content\/uploads\/2026\/09\/nemecko-clanky-termaly-nemecko-24-fb363786-1.jpg 1800w, https:\/\/loudavymkrokem.cz\/wp-content\/uploads\/2026\/09\/nemecko-clanky-termaly-nemecko-24-fb363786-1-300x225.jpg 300w, https:\/\/loudavymkrokem.cz\/wp-content\/uploads\/2026\/09\/nemecko-clanky-termaly-nemecko-24-fb363786-1-700x525.jpg 700w, https:\/\/loudavymkrokem.cz\/wp-content\/uploads\/2026\/09\/nemecko-clanky-termaly-nemecko-24-fb363786-1-768x576.jpg 768w, https:\/\/loudavymkrokem.cz\/wp-content\/uploads\/2026\/09\/nemecko-clanky-termaly-nemecko-24-fb363786-1-1536x1152.jpg 1536w, https:\/\/loudavymkrokem.cz\/wp-content\/uploads\/2026\/09\/nemecko-clanky-termaly-nemecko-24-fb363786-1-80x60.jpg 80w, https:\/\/loudavymkrokem.cz\/wp-content\/uploads\/2026\/09\/nemecko-clanky-termaly-nemecko-24-fb363786-1-160x120.jpg 160w, https:\/\/loudavymkrokem.cz\/wp-content\/uploads\/2026\/09\/nemecko-clanky-termaly-nemecko-24-fb363786-1-696x522.jpg 696w, https:\/\/loudavymkrokem.cz\/wp-content\/uploads\/2026\/09\/nemecko-clanky-termaly-nemecko-24-fb363786-1-1392x1044.jpg 1392w\" sizes=\"(max-width: 1800px) 100vw, 1800px\" \/><button\n\t\t\tclass=\"lightbox-trigger\"\n\t\t\ttype=\"button\"\n\t\t\taria-haspopup=\"dialog\"\n\t\t\tdata-wp-bind--aria-label=\"state.thisImage.triggerButtonAriaLabel\"\n\t\t\tdata-wp-init=\"callbacks.initTriggerButton\"\n\t\t\tdata-wp-on--click=\"actions.showLightbox\"\n\t\t\tdata-wp-style--right=\"state.thisImage.buttonRight\"\n\t\t\tdata-wp-style--top=\"state.thisImage.buttonTop\"\n\t\t>\n\t\t\t<svg xmlns=\"http:\/\/www.w3.org\/2000\/svg\" width=\"12\" height=\"12\" fill=\"none\" viewBox=\"0 0 12 12\">\n\t\t\t\t<path fill=\"#fff\" d=\"M2 0a2 2 0 0 0-2 2v2h1.5V2a.5.5 0 0 1 .5-.5h2V0H2Zm2 10.5H2a.5.5 0 0 1-.5-.5V8H0v2a2 2 0 0 0 2 2h2v-1.5ZM8 12v-1.5h2a.5.5 0 0 0 .5-.5V8H12v2a2 2 0 0 1-2 2H8Zm2-12a2 2 0 0 1 2 2v2h-1.5V2a.5.5 0 0 0-.5-.5H8V0h2Z\" \/>\n\t\t\t<\/svg>\n\t\t<\/button><\/figure>\n\n\n\n<h3 class=\"wp-block-heading\"><span class=\"ez-toc-section\" id=\"18_Panorama_Therme_Beuren_Beuren\"><\/span>18. Panorama Therme Beuren (Beuren)<span class=\"ez-toc-section-end\"><\/span><\/h3>\n\n\n\n<p class=\"wp-block-paragraph\">Estas termas est\u00e1n en la pintoresca ciudad de Beuren y su ubicaci\u00f3n es \u00fanica, porque gran parte del territorio del municipio <strong>pertenece a la reserva de la biosfera de Schw\u00e4bische Alb<\/strong>. La naturaleza que las rodea es simplemente preciosa y aqu\u00ed descansar\u00e1s al m\u00e1ximo sabiendo que est\u00e1s en una zona protegida. Por eso el balneario es perfecto para rematar un d\u00eda activo en el Jura de Suabia.<\/p>\n\n\n\n<p class=\"wp-block-paragraph\">Dispones de una parte termal cl\u00e1sica y de los muy populares ba\u00f1os de vapor (Dampfb\u00e4der). El ambiente en general es m\u00e1s tranquilo y est\u00e1 enfocado sobre todo a visitantes adultos que buscan un descanso honesto tras las caminatas por la naturaleza cercana. Aqu\u00ed el ambiente fluye a un ritmo m\u00e1s lento y puedes disfrutar sin remordimientos de los efectos beneficiosos del agua caliente.<\/p>\n\n\n\n<p class=\"wp-block-paragraph\">Seg\u00fan la tarifa de 2026, la entrada a los ba\u00f1os de vapor por 2,5 horas sale por <strong>17,50 euros entre semana<\/strong>, y los fines de semana y festivos pagar\u00e1s 1,50 euros m\u00e1s. Las personas con discapacidad grave tienen un ligero descuento y pagan 16,50 euros. La combinaci\u00f3n de termas y vapor por 3 horas cuesta 25,50 euros entre semana y 27 euros el fin de semana. <strong>\ud83d\udca1 Consejo:<\/strong> si tienes en casa entradas antiguas en formato de tique de aparcamiento con c\u00f3digo de barras, a\u00fan puedes usarlas, pero pagar\u00e1s un suplemento de 3 a 3,50 euros. Con las entradas antiqu\u00edsimas de banda magn\u00e9tica el suplemento es de 5 a 5,50 euros.<\/p>\n\n\n\n<figure data-wp-context=\"{&quot;imageId&quot;:&quot;6a9c0c16d5abe&quot;}\" data-wp-interactive=\"core\/image\" data-wp-key=\"6a9c0c16d5abe\" class=\"wp-block-image size-full wp-lightbox-container\"><img decoding=\"async\" width=\"1800\" height=\"1200\" data-wp-class--hide=\"state.isContentHidden\" data-wp-class--show=\"state.isContentVisible\" data-wp-init=\"callbacks.setButtonStyles\" data-wp-on--click=\"actions.showLightbox\" data-wp-on--load=\"callbacks.setButtonStyles\" data-wp-on--pointerdown=\"actions.preloadImage\" data-wp-on--pointerenter=\"actions.preloadImageWithDelay\" data-wp-on--pointerleave=\"actions.cancelPreload\" data-wp-on-window--resize=\"callbacks.setButtonStyles\" src=\"https:\/\/loudavymkrokem.cz\/wp-content\/uploads\/2026\/09\/nemecko-clanky-termaly-nemecko-25-92e2b50c.jpg\" alt=\"Bodensee-Therme Konstanz con restaurante sobre la orilla del lago de Constanza\" class=\"wp-image-415489\" title=\"\" srcset=\"https:\/\/loudavymkrokem.cz\/wp-content\/uploads\/2026\/09\/nemecko-clanky-termaly-nemecko-25-92e2b50c.jpg 1800w, https:\/\/loudavymkrokem.cz\/wp-content\/uploads\/2026\/09\/nemecko-clanky-termaly-nemecko-25-92e2b50c-300x200.jpg 300w, https:\/\/loudavymkrokem.cz\/wp-content\/uploads\/2026\/09\/nemecko-clanky-termaly-nemecko-25-92e2b50c-700x467.jpg 700w, https:\/\/loudavymkrokem.cz\/wp-content\/uploads\/2026\/09\/nemecko-clanky-termaly-nemecko-25-92e2b50c-768x512.jpg 768w, https:\/\/loudavymkrokem.cz\/wp-content\/uploads\/2026\/09\/nemecko-clanky-termaly-nemecko-25-92e2b50c-1536x1024.jpg 1536w, https:\/\/loudavymkrokem.cz\/wp-content\/uploads\/2026\/09\/nemecko-clanky-termaly-nemecko-25-92e2b50c-696x464.jpg 696w, https:\/\/loudavymkrokem.cz\/wp-content\/uploads\/2026\/09\/nemecko-clanky-termaly-nemecko-25-92e2b50c-1392x928.jpg 1392w\" sizes=\"(max-width: 1800px) 100vw, 1800px\" \/><button\n\t\t\tclass=\"lightbox-trigger\"\n\t\t\ttype=\"button\"\n\t\t\taria-haspopup=\"dialog\"\n\t\t\tdata-wp-bind--aria-label=\"state.thisImage.triggerButtonAriaLabel\"\n\t\t\tdata-wp-init=\"callbacks.initTriggerButton\"\n\t\t\tdata-wp-on--click=\"actions.showLightbox\"\n\t\t\tdata-wp-style--right=\"state.thisImage.buttonRight\"\n\t\t\tdata-wp-style--top=\"state.thisImage.buttonTop\"\n\t\t>\n\t\t\t<svg xmlns=\"http:\/\/www.w3.org\/2000\/svg\" width=\"12\" height=\"12\" fill=\"none\" viewBox=\"0 0 12 12\">\n\t\t\t\t<path fill=\"#fff\" d=\"M2 0a2 2 0 0 0-2 2v2h1.5V2a.5.5 0 0 1 .5-.5h2V0H2Zm2 10.5H2a.5.5 0 0 1-.5-.5V8H0v2a2 2 0 0 0 2 2h2v-1.5ZM8 12v-1.5h2a.5.5 0 0 0 .5-.5V8H12v2a2 2 0 0 1-2 2H8Zm2-12a2 2 0 0 1 2 2v2h-1.5V2a.5.5 0 0 0-.5-.5H8V0h2Z\" \/>\n\t\t\t<\/svg>\n\t\t<\/button><figcaption class=\"wp-element-caption\">Foto: Rizzo \/ Wikimedia Commons, CC BY-SA 3.0<\/figcaption><\/figure>\n\n\n\n<h3 class=\"wp-block-heading\"><span class=\"ez-toc-section\" id=\"19_Bodensee-Therme_Konstanz_Konstanz\"><\/span>19. Bodensee-Therme Konstanz (Konstanz)<span class=\"ez-toc-section-end\"><\/span><\/h3>\n\n\n\n<p class=\"wp-block-paragraph\">Aqu\u00ed te ba\u00f1ar\u00e1s <strong>directamente a orillas del c\u00e9lebre lago de Constanza<\/strong>, en la ciudad de Konstanz. Todo el recinto se divide con astucia en cuatro partes principales, que incluyen una piscina termal interior, una piscina termal exterior, el especial Quelltopf y tambi\u00e9n una piscina de verano (Freibad), en la que no falta una buena piscina de nataci\u00f3n de 50 metros. La combinaci\u00f3n de piscinas y lago es encantadora.<\/p>\n\n\n\n<p class=\"wp-block-paragraph\">As\u00ed, en verano la gente disfruta del ba\u00f1o directamente en el lago, mientras que en los meses m\u00e1s fr\u00edos las atraen las termas caldeadas. La zona de saunas abre a diario de 10 a 22 h y cada martes funciona <strong>exclusivamente como sauna de mujeres<\/strong>, una gran noticia para todas las visitantes que buscan privacidad. Los ni\u00f1os pueden entrar a la sauna y al Quelltopf a partir de 6 a\u00f1os. En la Freibad de verano los peques menores de 5 a\u00f1os entran gratis, y a las termas no pagan los menores de 2 a\u00f1os.<\/p>\n\n\n\n<p class=\"wp-block-paragraph\">Seg\u00fan la tarifa de 2026, por 3 horas en las termas pagar\u00e1s <strong>16,50 euros entre semana<\/strong> y 19 euros el fin de semana o festivos. La estancia de d\u00eda completo en las piscinas cuesta 19,50 euros, o 22 euros. La sauna de tres horas sale por 27,50 euros entre semana y 30,50 euros el fin de semana. <strong>\ud83d\udca1 Consejo:<\/strong> la piscina termal exterior est\u00e1 en revisi\u00f3n y estar\u00e1 fuera de servicio hasta el 25 de septiembre de 2026, as\u00ed que tenlo en cuenta al planear la excursi\u00f3n.<\/p>\n\n\n\n<figure data-wp-context=\"{&quot;imageId&quot;:&quot;6a9c0c16d5f4b&quot;}\" data-wp-interactive=\"core\/image\" data-wp-key=\"6a9c0c16d5f4b\" class=\"wp-block-image size-full wp-lightbox-container\"><img decoding=\"async\" width=\"1800\" height=\"1200\" data-wp-class--hide=\"state.isContentHidden\" data-wp-class--show=\"state.isContentVisible\" data-wp-init=\"callbacks.setButtonStyles\" data-wp-on--click=\"actions.showLightbox\" data-wp-on--load=\"callbacks.setButtonStyles\" data-wp-on--pointerdown=\"actions.preloadImage\" data-wp-on--pointerenter=\"actions.preloadImageWithDelay\" data-wp-on--pointerleave=\"actions.cancelPreload\" data-wp-on-window--resize=\"callbacks.setButtonStyles\" src=\"https:\/\/loudavymkrokem.cz\/wp-content\/uploads\/2026\/09\/nemecko-clanky-termaly-nemecko-26-4ac25752-1.jpg\" alt=\"Adelindis Therme (Bad Buchau): piscina de relajaci\u00f3n\" class=\"wp-image-415319\" title=\"\" srcset=\"https:\/\/loudavymkrokem.cz\/wp-content\/uploads\/2026\/09\/nemecko-clanky-termaly-nemecko-26-4ac25752-1.jpg 1800w, https:\/\/loudavymkrokem.cz\/wp-content\/uploads\/2026\/09\/nemecko-clanky-termaly-nemecko-26-4ac25752-1-300x200.jpg 300w, https:\/\/loudavymkrokem.cz\/wp-content\/uploads\/2026\/09\/nemecko-clanky-termaly-nemecko-26-4ac25752-1-700x467.jpg 700w, https:\/\/loudavymkrokem.cz\/wp-content\/uploads\/2026\/09\/nemecko-clanky-termaly-nemecko-26-4ac25752-1-768x512.jpg 768w, https:\/\/loudavymkrokem.cz\/wp-content\/uploads\/2026\/09\/nemecko-clanky-termaly-nemecko-26-4ac25752-1-1536x1024.jpg 1536w, https:\/\/loudavymkrokem.cz\/wp-content\/uploads\/2026\/09\/nemecko-clanky-termaly-nemecko-26-4ac25752-1-696x464.jpg 696w, https:\/\/loudavymkrokem.cz\/wp-content\/uploads\/2026\/09\/nemecko-clanky-termaly-nemecko-26-4ac25752-1-1392x928.jpg 1392w\" sizes=\"(max-width: 1800px) 100vw, 1800px\" \/><button\n\t\t\tclass=\"lightbox-trigger\"\n\t\t\ttype=\"button\"\n\t\t\taria-haspopup=\"dialog\"\n\t\t\tdata-wp-bind--aria-label=\"state.thisImage.triggerButtonAriaLabel\"\n\t\t\tdata-wp-init=\"callbacks.initTriggerButton\"\n\t\t\tdata-wp-on--click=\"actions.showLightbox\"\n\t\t\tdata-wp-style--right=\"state.thisImage.buttonRight\"\n\t\t\tdata-wp-style--top=\"state.thisImage.buttonTop\"\n\t\t>\n\t\t\t<svg xmlns=\"http:\/\/www.w3.org\/2000\/svg\" width=\"12\" height=\"12\" fill=\"none\" viewBox=\"0 0 12 12\">\n\t\t\t\t<path fill=\"#fff\" d=\"M2 0a2 2 0 0 0-2 2v2h1.5V2a.5.5 0 0 1 .5-.5h2V0H2Zm2 10.5H2a.5.5 0 0 1-.5-.5V8H0v2a2 2 0 0 0 2 2h2v-1.5ZM8 12v-1.5h2a.5.5 0 0 0 .5-.5V8H12v2a2 2 0 0 1-2 2H8Zm2-12a2 2 0 0 1 2 2v2h-1.5V2a.5.5 0 0 0-.5-.5H8V0h2Z\" \/>\n\t\t\t<\/svg>\n\t\t<\/button><\/figure>\n\n\n\n<h3 class=\"wp-block-heading\"><span class=\"ez-toc-section\" id=\"20_Adelindis_Therme_Bad_Buchau\"><\/span>20. Adelindis Therme (Bad Buchau)<span class=\"ez-toc-section-end\"><\/span><\/h3>\n\n\n\n<p class=\"wp-block-paragraph\">Si te encanta calentarte a fondo y te va la variedad, en la peque\u00f1a Bad Buchau quedar\u00e1s encantado al cien por cien. El mundo de saunas local <strong>ofrece nada menos que 7 saunas distintas<\/strong> con diferentes grados de temperatura, as\u00ed que aqu\u00ed cada uno elige su favorita, ya prefieras un calor m\u00e1s suave o, al contrario, una intensa sudoraci\u00f3n n\u00f3rdica.<\/p>\n\n\n\n<p class=\"wp-block-paragraph\">Adem\u00e1s de la sauna, aqu\u00ed hay una parte termal muy agradable, donde puedes pasar tranquilamente todo el d\u00eda. El ambiente es muy relajado y el recinto es directamente ideal para parejas o viajeros que quieren descansar del estr\u00e9s diario en un entorno balneario tranquilo. Las termas ofrecen un gran refugio especialmente en la \u00e9poca m\u00e1s fr\u00eda del a\u00f1o.<\/p>\n\n\n\n<p class=\"wp-block-paragraph\">Seg\u00fan la tarifa de 2026, la entrada de cuatro horas a las termas cuesta <strong>15 euros entre semana<\/strong> y 16,50 euros los fines de semana o festivos. La entrada de d\u00eda completo a las piscinas cuesta 18 euros, con suplemento de fin de semana 19,50 euros. La entrada de d\u00eda completo con termas y sauna sale por 23 euros entre semana. <strong>\ud83d\udca1 Consejo:<\/strong> \u00bfviajas en autocaravana? Aprovecha la tarifa especial de 1 hora con tarjeta de aparcamiento por 7 euros. Una gran opci\u00f3n es tambi\u00e9n la tarifa de tarde despu\u00e9s de las 18 h, cuando la entrada a las termas baja a 12,50 euros. Adem\u00e1s, cada \u00faltimo viernes del mes se celebra la popular Eventsauna por 32 euros.<\/p>\n\n\n\n<figure data-wp-context=\"{&quot;imageId&quot;:&quot;6a9c0c16d63f4&quot;}\" data-wp-interactive=\"core\/image\" data-wp-key=\"6a9c0c16d63f4\" class=\"wp-block-image size-full wp-lightbox-container\"><img decoding=\"async\" width=\"1800\" height=\"1200\" data-wp-class--hide=\"state.isContentHidden\" data-wp-class--show=\"state.isContentVisible\" data-wp-init=\"callbacks.setButtonStyles\" data-wp-on--click=\"actions.showLightbox\" data-wp-on--load=\"callbacks.setButtonStyles\" data-wp-on--pointerdown=\"actions.preloadImage\" data-wp-on--pointerenter=\"actions.preloadImageWithDelay\" data-wp-on--pointerleave=\"actions.cancelPreload\" data-wp-on-window--resize=\"callbacks.setButtonStyles\" src=\"https:\/\/loudavymkrokem.cz\/wp-content\/uploads\/2026\/09\/nemecko-clanky-termaly-nemecko-27-457f21a5.jpg\" alt=\"Piscinas exteriores de Sonnenhof-Therme en Bad Saulgau al atardecer\" class=\"wp-image-415493\" title=\"\" srcset=\"https:\/\/loudavymkrokem.cz\/wp-content\/uploads\/2026\/09\/nemecko-clanky-termaly-nemecko-27-457f21a5.jpg 1800w, https:\/\/loudavymkrokem.cz\/wp-content\/uploads\/2026\/09\/nemecko-clanky-termaly-nemecko-27-457f21a5-300x200.jpg 300w, https:\/\/loudavymkrokem.cz\/wp-content\/uploads\/2026\/09\/nemecko-clanky-termaly-nemecko-27-457f21a5-700x467.jpg 700w, https:\/\/loudavymkrokem.cz\/wp-content\/uploads\/2026\/09\/nemecko-clanky-termaly-nemecko-27-457f21a5-768x512.jpg 768w, https:\/\/loudavymkrokem.cz\/wp-content\/uploads\/2026\/09\/nemecko-clanky-termaly-nemecko-27-457f21a5-1536x1024.jpg 1536w, https:\/\/loudavymkrokem.cz\/wp-content\/uploads\/2026\/09\/nemecko-clanky-termaly-nemecko-27-457f21a5-696x464.jpg 696w, https:\/\/loudavymkrokem.cz\/wp-content\/uploads\/2026\/09\/nemecko-clanky-termaly-nemecko-27-457f21a5-1392x928.jpg 1392w\" sizes=\"(max-width: 1800px) 100vw, 1800px\" \/><button\n\t\t\tclass=\"lightbox-trigger\"\n\t\t\ttype=\"button\"\n\t\t\taria-haspopup=\"dialog\"\n\t\t\tdata-wp-bind--aria-label=\"state.thisImage.triggerButtonAriaLabel\"\n\t\t\tdata-wp-init=\"callbacks.initTriggerButton\"\n\t\t\tdata-wp-on--click=\"actions.showLightbox\"\n\t\t\tdata-wp-style--right=\"state.thisImage.buttonRight\"\n\t\t\tdata-wp-style--top=\"state.thisImage.buttonTop\"\n\t\t>\n\t\t\t<svg xmlns=\"http:\/\/www.w3.org\/2000\/svg\" width=\"12\" height=\"12\" fill=\"none\" viewBox=\"0 0 12 12\">\n\t\t\t\t<path fill=\"#fff\" d=\"M2 0a2 2 0 0 0-2 2v2h1.5V2a.5.5 0 0 1 .5-.5h2V0H2Zm2 10.5H2a.5.5 0 0 1-.5-.5V8H0v2a2 2 0 0 0 2 2h2v-1.5ZM8 12v-1.5h2a.5.5 0 0 0 .5-.5V8H12v2a2 2 0 0 1-2 2H8Zm2-12a2 2 0 0 1 2 2v2h-1.5V2a.5.5 0 0 0-.5-.5H8V0h2Z\" \/>\n\t\t\t<\/svg>\n\t\t<\/button><\/figure>\n\n\n\n<h3 class=\"wp-block-heading\"><span class=\"ez-toc-section\" id=\"21_Sonnenhof-Therme_Bad_Saulgau\"><\/span>21. Sonnenhof-Therme (Bad Saulgau)<span class=\"ez-toc-section-end\"><\/span><\/h3>\n\n\n\n<p class=\"wp-block-paragraph\">Este balneario de la ciudad de Bad Saulgau presume de una enorme riqueza natural, por la que acude gente de toda la zona. Cada d\u00eda brotan aqu\u00ed, desde una respetable profundidad de 650 metros, <strong>hasta 1,5 millones de litros de agua sulfurosa curativa<\/strong>, que llena constantemente todas las piscinas. Ya la propia arquitectura moderna impresiona, porque el edificio est\u00e1 iluminado con mucha luz natural.<\/p>\n\n\n\n<p class=\"wp-block-paragraph\">En una superficie de 900 metros cuadrados descubrir\u00e1s siete piscinas interiores y exteriores con temperaturas de 28 a 40 \u00b0C. La m\u00e1s caliente es la Quellbecken interior, que ofrece <strong>41 \u00b0C<\/strong>. Tampoco falta la piscina en cascada a 34 \u00b0C o el ba\u00f1o de vapor romano con humedad del 100 % y temperatura de 40 a 50 \u00b0C. En la sala de sal te calentar\u00e1s con un m\u00ednimo de 42 \u00b0C. Las piscinas incluyen adem\u00e1s todo tipo de cascadas y chorros subacu\u00e1ticos.<\/p>\n\n\n\n<p class=\"wp-block-paragraph\">Seg\u00fan la tarifa de 2026, la entrada de dos horas a las termas sale por 13,80 euros. La entrada de tres horas cuesta 14,80 euros y la variante de d\u00eda completo se vende por 20,40 euros. La entrada a la sauna, que ya incluye el ba\u00f1o en las termas, sale por 21,60 euros por 3 horas. <strong>\ud83d\udca1 Consejo:<\/strong> detente en las cascadas y chorros de masaje de la piscina, que est\u00e1 a unos agradabil\u00edsimos 37 \u00b0C, porque relaja perfectamente la espalda y los hombros agarrotados.<\/p>\n\n\n\n<figure data-wp-context=\"{&quot;imageId&quot;:&quot;6a9c0c16d6914&quot;}\" data-wp-interactive=\"core\/image\" data-wp-key=\"6a9c0c16d6914\" class=\"wp-block-image size-full wp-lightbox-container\"><img decoding=\"async\" width=\"1800\" height=\"1200\" data-wp-class--hide=\"state.isContentHidden\" data-wp-class--show=\"state.isContentVisible\" data-wp-init=\"callbacks.setButtonStyles\" data-wp-on--click=\"actions.showLightbox\" data-wp-on--load=\"callbacks.setButtonStyles\" data-wp-on--pointerdown=\"actions.preloadImage\" data-wp-on--pointerenter=\"actions.preloadImageWithDelay\" data-wp-on--pointerleave=\"actions.cancelPreload\" data-wp-on-window--resize=\"callbacks.setButtonStyles\" src=\"https:\/\/loudavymkrokem.cz\/wp-content\/uploads\/2026\/09\/nemecko-clanky-termaly-nemecko-28-5b36a3a0-1.jpg\" alt=\"Caracalla Therme (Baden-Baden)\" class=\"wp-image-415324\" title=\"\" srcset=\"https:\/\/loudavymkrokem.cz\/wp-content\/uploads\/2026\/09\/nemecko-clanky-termaly-nemecko-28-5b36a3a0-1.jpg 1800w, https:\/\/loudavymkrokem.cz\/wp-content\/uploads\/2026\/09\/nemecko-clanky-termaly-nemecko-28-5b36a3a0-1-300x200.jpg 300w, https:\/\/loudavymkrokem.cz\/wp-content\/uploads\/2026\/09\/nemecko-clanky-termaly-nemecko-28-5b36a3a0-1-700x467.jpg 700w, https:\/\/loudavymkrokem.cz\/wp-content\/uploads\/2026\/09\/nemecko-clanky-termaly-nemecko-28-5b36a3a0-1-768x512.jpg 768w, https:\/\/loudavymkrokem.cz\/wp-content\/uploads\/2026\/09\/nemecko-clanky-termaly-nemecko-28-5b36a3a0-1-1536x1024.jpg 1536w, https:\/\/loudavymkrokem.cz\/wp-content\/uploads\/2026\/09\/nemecko-clanky-termaly-nemecko-28-5b36a3a0-1-696x464.jpg 696w, https:\/\/loudavymkrokem.cz\/wp-content\/uploads\/2026\/09\/nemecko-clanky-termaly-nemecko-28-5b36a3a0-1-1392x928.jpg 1392w\" sizes=\"(max-width: 1800px) 100vw, 1800px\" \/><button\n\t\t\tclass=\"lightbox-trigger\"\n\t\t\ttype=\"button\"\n\t\t\taria-haspopup=\"dialog\"\n\t\t\tdata-wp-bind--aria-label=\"state.thisImage.triggerButtonAriaLabel\"\n\t\t\tdata-wp-init=\"callbacks.initTriggerButton\"\n\t\t\tdata-wp-on--click=\"actions.showLightbox\"\n\t\t\tdata-wp-style--right=\"state.thisImage.buttonRight\"\n\t\t\tdata-wp-style--top=\"state.thisImage.buttonTop\"\n\t\t>\n\t\t\t<svg xmlns=\"http:\/\/www.w3.org\/2000\/svg\" width=\"12\" height=\"12\" fill=\"none\" viewBox=\"0 0 12 12\">\n\t\t\t\t<path fill=\"#fff\" d=\"M2 0a2 2 0 0 0-2 2v2h1.5V2a.5.5 0 0 1 .5-.5h2V0H2Zm2 10.5H2a.5.5 0 0 1-.5-.5V8H0v2a2 2 0 0 0 2 2h2v-1.5ZM8 12v-1.5h2a.5.5 0 0 0 .5-.5V8H12v2a2 2 0 0 1-2 2H8Zm2-12a2 2 0 0 1 2 2v2h-1.5V2a.5.5 0 0 0-.5-.5H8V0h2Z\" \/>\n\t\t\t<\/svg>\n\t\t<\/button><figcaption class=\"wp-element-caption\">Foto: Gerd Eichmann \/ Wikimedia Commons, CC BY-SA 4.0<\/figcaption><\/figure>\n\n\n\n<h3 class=\"wp-block-heading\"><span class=\"ez-toc-section\" id=\"22_Caracalla_Therme_Baden-Baden\"><\/span>22. Caracalla Therme (Baden-Baden)<span class=\"ez-toc-section-end\"><\/span><\/h3>\n\n\n\n<p class=\"wp-block-paragraph\">En la legendaria Baden-Baden encontrar\u00e1s este lujoso complejo de 5.000 metros cuadrados en total, que atrae por una enorme <strong>l\u00e1mina de agua de m\u00e1s de 900 metros cuadrados<\/strong>. Cada d\u00eda circulan aqu\u00ed unos 800.000 litros de agua termal limpia y la profundidad de las piscinas llega como mucho a 1,35 metros, as\u00ed que te sentir\u00e1s seguro. Estas termas de Caracalla en Alemania son un imprescindible de la ciudad.<\/p>\n\n\n\n<p class=\"wp-block-paragraph\">Las temperaturas del agua van de 18 a 38 \u00b0C. Te calentar\u00e1s en la gran piscina interior (34 \u00b0C) o en la gran piscina exterior (32 \u00b0C). Tambi\u00e9n hay una peque\u00f1a piscina exterior a 35 \u00b0C y dos jacuzzis calientes a 38 \u00b0C. Ofrece emoci\u00f3n la gruta caliente a 38 \u00b0C (donde se recomiendan 5 minutos), a la que <strong>sigue enseguida la gruta fr\u00eda<\/strong> a apenas 18 \u00b0C, para un enfriamiento r\u00e1pido de 10 a 20 segundos. Los m\u00e1s atrevidos apreciar\u00e1n el ba\u00f1o de vapor accesible en ba\u00f1ador a 43 \u00b0C y humedad del 100 %, o la c\u00e1mara de inhalaci\u00f3n salina a 28 a 30 \u00b0C.<\/p>\n\n\n\n<p class=\"wp-block-paragraph\">Seg\u00fan la tarifa de 2026, la entrada a las piscinas por 2 horas cuesta 21 euros, por 3 horas 25 euros y la de d\u00eda completo 35 euros. La combinaci\u00f3n con sauna sale por 26 euros por 2 horas. Los ni\u00f1os tienen permitida la entrada a partir de 7 a\u00f1os, y hasta los 14 exclusivamente con un adulto. <strong>\ud83d\udca1 Consejo:<\/strong> si te haces con el llamado VIP-Chip, obtienes hasta un 20 % de descuento en la entrada no solo aqu\u00ed, sino tambi\u00e9n en los aliados ba\u00f1os hist\u00f3ricos Friedrichsbad.<\/p>\n\n\n\n<figure data-wp-context=\"{&quot;imageId&quot;:&quot;6a9c0c16d6e90&quot;}\" data-wp-interactive=\"core\/image\" data-wp-key=\"6a9c0c16d6e90\" class=\"wp-block-image size-full wp-lightbox-container\"><img decoding=\"async\" width=\"1800\" height=\"1083\" data-wp-class--hide=\"state.isContentHidden\" data-wp-class--show=\"state.isContentVisible\" data-wp-init=\"callbacks.setButtonStyles\" data-wp-on--click=\"actions.showLightbox\" data-wp-on--load=\"callbacks.setButtonStyles\" data-wp-on--pointerdown=\"actions.preloadImage\" data-wp-on--pointerenter=\"actions.preloadImageWithDelay\" data-wp-on--pointerleave=\"actions.cancelPreload\" data-wp-on-window--resize=\"callbacks.setButtonStyles\" src=\"https:\/\/loudavymkrokem.cz\/wp-content\/uploads\/2026\/09\/nemecko-clanky-termaly-nemecko-29-aa48ec15.jpg\" alt=\"Techo ondulado y piscina exterior de las termas Solemar en Bad D\u00fcrrheim\" class=\"wp-image-415497\" title=\"\" srcset=\"https:\/\/loudavymkrokem.cz\/wp-content\/uploads\/2026\/09\/nemecko-clanky-termaly-nemecko-29-aa48ec15.jpg 1800w, https:\/\/loudavymkrokem.cz\/wp-content\/uploads\/2026\/09\/nemecko-clanky-termaly-nemecko-29-aa48ec15-300x181.jpg 300w, https:\/\/loudavymkrokem.cz\/wp-content\/uploads\/2026\/09\/nemecko-clanky-termaly-nemecko-29-aa48ec15-700x421.jpg 700w, https:\/\/loudavymkrokem.cz\/wp-content\/uploads\/2026\/09\/nemecko-clanky-termaly-nemecko-29-aa48ec15-768x462.jpg 768w, https:\/\/loudavymkrokem.cz\/wp-content\/uploads\/2026\/09\/nemecko-clanky-termaly-nemecko-29-aa48ec15-1536x924.jpg 1536w, https:\/\/loudavymkrokem.cz\/wp-content\/uploads\/2026\/09\/nemecko-clanky-termaly-nemecko-29-aa48ec15-696x419.jpg 696w, https:\/\/loudavymkrokem.cz\/wp-content\/uploads\/2026\/09\/nemecko-clanky-termaly-nemecko-29-aa48ec15-1392x838.jpg 1392w\" sizes=\"(max-width: 1800px) 100vw, 1800px\" \/><button\n\t\t\tclass=\"lightbox-trigger\"\n\t\t\ttype=\"button\"\n\t\t\taria-haspopup=\"dialog\"\n\t\t\tdata-wp-bind--aria-label=\"state.thisImage.triggerButtonAriaLabel\"\n\t\t\tdata-wp-init=\"callbacks.initTriggerButton\"\n\t\t\tdata-wp-on--click=\"actions.showLightbox\"\n\t\t\tdata-wp-style--right=\"state.thisImage.buttonRight\"\n\t\t\tdata-wp-style--top=\"state.thisImage.buttonTop\"\n\t\t>\n\t\t\t<svg xmlns=\"http:\/\/www.w3.org\/2000\/svg\" width=\"12\" height=\"12\" fill=\"none\" viewBox=\"0 0 12 12\">\n\t\t\t\t<path fill=\"#fff\" d=\"M2 0a2 2 0 0 0-2 2v2h1.5V2a.5.5 0 0 1 .5-.5h2V0H2Zm2 10.5H2a.5.5 0 0 1-.5-.5V8H0v2a2 2 0 0 0 2 2h2v-1.5ZM8 12v-1.5h2a.5.5 0 0 0 .5-.5V8H12v2a2 2 0 0 1-2 2H8Zm2-12a2 2 0 0 1 2 2v2h-1.5V2a.5.5 0 0 0-.5-.5H8V0h2Z\" \/>\n\t\t\t<\/svg>\n\t\t<\/button><\/figure>\n\n\n\n<h3 class=\"wp-block-heading\"><span class=\"ez-toc-section\" id=\"23_Solemar_Bad_Durrheim_Bad_Durrheim\"><\/span>23. Solemar Bad D\u00fcrrheim (Bad D\u00fcrrheim)<span class=\"ez-toc-section-end\"><\/span><\/h3>\n\n\n\n<p class=\"wp-block-paragraph\">En la ciudad balneario de Bad D\u00fcrrheim te espera una relajaci\u00f3n estupenda, cuyo principal reclamo es la <strong>amplia Schwarzwald-Sauna<\/strong>. En todo el recinto reina un ambiente excepcionalmente tranquilo, hecho a medida para un fin de semana de descanso sin ninguna prisa. Si necesitas despejar la cabeza y simplemente vaguear, aqu\u00ed lo conseguir\u00e1s seguro.<\/p>\n\n\n\n<p class=\"wp-block-paragraph\">Las termas abren a diario de 9 a 22 h, y los viernes el horario nocturno se prolonga hasta las 23 h. Adem\u00e1s de las piscinas termales cl\u00e1sicas, descubrir\u00e1s una gruta de sal especial del mar Muerto (Totes-Meer-Salzgrotte), con estupendos efectos sobre las v\u00edas respiratorias. El propio mundo de saunas abre para todos los visitantes a las diez en punto de la ma\u00f1ana.<\/p>\n\n\n\n<p class=\"wp-block-paragraph\">Seg\u00fan la tarifa de 2026, la entrada de tres horas a las termas cuesta 17,90 euros y la variante de d\u00eda completo 19,90 euros. Por la combinaci\u00f3n de cuatro horas con sauna pagar\u00e1s 26,50 euros, y la de d\u00eda completo cuesta 29,50 euros. La entrada a la gruta de sal cuesta 11 euros para adultos y 5 euros para ni\u00f1os menores de 12 a\u00f1os. A la sauna solo pueden entrar los j\u00f3venes a partir de 13 a\u00f1os. Para ni\u00f1os de 3 a 12 a\u00f1os las termas de d\u00eda completo cuestan 10,20 euros. <strong>\ud83d\udca1 Consejo:<\/strong> si quieres ahorrar, ven por la tarde a la tarifa reducida vigente a partir de las 19 h, que sale por solo 14,90 euros a las termas y 21,50 euros a la sauna.<\/p>\n\n\n\n<figure data-wp-context=\"{&quot;imageId&quot;:&quot;6a9c0c16d7338&quot;}\" data-wp-interactive=\"core\/image\" data-wp-key=\"6a9c0c16d7338\" class=\"wp-block-image size-full wp-lightbox-container\"><img decoding=\"async\" width=\"1800\" height=\"1350\" data-wp-class--hide=\"state.isContentHidden\" data-wp-class--show=\"state.isContentVisible\" data-wp-init=\"callbacks.setButtonStyles\" data-wp-on--click=\"actions.showLightbox\" data-wp-on--load=\"callbacks.setButtonStyles\" data-wp-on--pointerdown=\"actions.preloadImage\" data-wp-on--pointerenter=\"actions.preloadImageWithDelay\" data-wp-on--pointerleave=\"actions.cancelPreload\" data-wp-on-window--resize=\"callbacks.setButtonStyles\" src=\"https:\/\/loudavymkrokem.cz\/wp-content\/uploads\/2026\/09\/nemecko-clanky-termaly-nemecko-30-ccda264f-1.jpg\" alt=\"Piscina exterior de AlbThermen en Bad Urach con vapor invernal\" class=\"wp-image-415329\" title=\"\" srcset=\"https:\/\/loudavymkrokem.cz\/wp-content\/uploads\/2026\/09\/nemecko-clanky-termaly-nemecko-30-ccda264f-1.jpg 1800w, https:\/\/loudavymkrokem.cz\/wp-content\/uploads\/2026\/09\/nemecko-clanky-termaly-nemecko-30-ccda264f-1-300x225.jpg 300w, https:\/\/loudavymkrokem.cz\/wp-content\/uploads\/2026\/09\/nemecko-clanky-termaly-nemecko-30-ccda264f-1-700x525.jpg 700w, https:\/\/loudavymkrokem.cz\/wp-content\/uploads\/2026\/09\/nemecko-clanky-termaly-nemecko-30-ccda264f-1-768x576.jpg 768w, https:\/\/loudavymkrokem.cz\/wp-content\/uploads\/2026\/09\/nemecko-clanky-termaly-nemecko-30-ccda264f-1-1536x1152.jpg 1536w, https:\/\/loudavymkrokem.cz\/wp-content\/uploads\/2026\/09\/nemecko-clanky-termaly-nemecko-30-ccda264f-1-80x60.jpg 80w, https:\/\/loudavymkrokem.cz\/wp-content\/uploads\/2026\/09\/nemecko-clanky-termaly-nemecko-30-ccda264f-1-160x120.jpg 160w, https:\/\/loudavymkrokem.cz\/wp-content\/uploads\/2026\/09\/nemecko-clanky-termaly-nemecko-30-ccda264f-1-696x522.jpg 696w, https:\/\/loudavymkrokem.cz\/wp-content\/uploads\/2026\/09\/nemecko-clanky-termaly-nemecko-30-ccda264f-1-1392x1044.jpg 1392w\" sizes=\"(max-width: 1800px) 100vw, 1800px\" \/><button\n\t\t\tclass=\"lightbox-trigger\"\n\t\t\ttype=\"button\"\n\t\t\taria-haspopup=\"dialog\"\n\t\t\tdata-wp-bind--aria-label=\"state.thisImage.triggerButtonAriaLabel\"\n\t\t\tdata-wp-init=\"callbacks.initTriggerButton\"\n\t\t\tdata-wp-on--click=\"actions.showLightbox\"\n\t\t\tdata-wp-style--right=\"state.thisImage.buttonRight\"\n\t\t\tdata-wp-style--top=\"state.thisImage.buttonTop\"\n\t\t>\n\t\t\t<svg xmlns=\"http:\/\/www.w3.org\/2000\/svg\" width=\"12\" height=\"12\" fill=\"none\" viewBox=\"0 0 12 12\">\n\t\t\t\t<path fill=\"#fff\" d=\"M2 0a2 2 0 0 0-2 2v2h1.5V2a.5.5 0 0 1 .5-.5h2V0H2Zm2 10.5H2a.5.5 0 0 1-.5-.5V8H0v2a2 2 0 0 0 2 2h2v-1.5ZM8 12v-1.5h2a.5.5 0 0 0 .5-.5V8H12v2a2 2 0 0 1-2 2H8Zm2-12a2 2 0 0 1 2 2v2h-1.5V2a.5.5 0 0 0-.5-.5H8V0h2Z\" \/>\n\t\t\t<\/svg>\n\t\t<\/button><figcaption class=\"wp-element-caption\">Foto: qwesy qwesy \/ Wikimedia Commons, CC BY 3.0<\/figcaption><\/figure>\n\n\n\n<h3 class=\"wp-block-heading\"><span class=\"ez-toc-section\" id=\"24_AlbThermen_Bad_Urach\"><\/span>24. AlbThermen (Bad Urach)<span class=\"ez-toc-section-end\"><\/span><\/h3>\n\n\n\n<p class=\"wp-block-paragraph\">Este popular establecimiento de la ciudad de Bad Urach lo adorar\u00e1n sobre todo los visitantes adultos, porque los ni\u00f1os menores de 8 a\u00f1os <strong>no tienen permitida la entrada a la zona de ba\u00f1o<\/strong>. Gracias a esta restricci\u00f3n, el ambiente es muy silencioso y ofrece una calma realmente ininterrumpida. As\u00ed que si buscas un lugar donde descansar de los gritos infantiles, aqu\u00ed no te equivocar\u00e1s.<\/p>\n\n\n\n<p class=\"wp-block-paragraph\">Las puertas de las termas abren a diario de 9 a 22 h, el paisaje de saunas empieza a funcionar a las 10 h y el restaurante local cocina desde las 11 h. Los precios est\u00e1n divididos en bloques de tiempo exactos, as\u00ed que merece la pena vigilar bien el reloj para no tener que pagar innecesariamente al salir 2,50 euros por superar el tiempo establecido.<\/p>\n\n\n\n<p class=\"wp-block-paragraph\">Las tarifas base, seg\u00fan la lista de precios de 2026, valen para exactamente 3,5 horas a las piscinas, o para 4 horas si eliges la combinaci\u00f3n de piscinas con sauna. Los fines de semana suma a cada tarifa base un peque\u00f1o suplemento de 2 euros. <strong>\ud83d\udca1 Consejo:<\/strong> \u00bfplaneas varias visitas o vas en grupo grande? Hazte con la tarjeta prepago de 10 entradas a las piscinas por 189 euros (o con sauna por 288 euros), con la que recibes otras 3 entradas libres completamente gratis.<\/p>\n\n\n\n<figure data-wp-context=\"{&quot;imageId&quot;:&quot;6a9c0c16d77f0&quot;}\" data-wp-interactive=\"core\/image\" data-wp-key=\"6a9c0c16d77f0\" class=\"wp-block-image size-full wp-lightbox-container\"><img decoding=\"async\" width=\"1800\" height=\"1064\" data-wp-class--hide=\"state.isContentHidden\" data-wp-class--show=\"state.isContentVisible\" data-wp-init=\"callbacks.setButtonStyles\" data-wp-on--click=\"actions.showLightbox\" data-wp-on--load=\"callbacks.setButtonStyles\" data-wp-on--pointerdown=\"actions.preloadImage\" data-wp-on--pointerenter=\"actions.preloadImageWithDelay\" data-wp-on--pointerleave=\"actions.cancelPreload\" data-wp-on-window--resize=\"callbacks.setButtonStyles\" src=\"https:\/\/loudavymkrokem.cz\/wp-content\/uploads\/2026\/09\/nemecko-clanky-termaly-nemecko-31-616f54cf-1.jpg\" alt=\"Friedrichsbad (Baden-Baden)\" class=\"wp-image-415332\" title=\"\" srcset=\"https:\/\/loudavymkrokem.cz\/wp-content\/uploads\/2026\/09\/nemecko-clanky-termaly-nemecko-31-616f54cf-1.jpg 1800w, https:\/\/loudavymkrokem.cz\/wp-content\/uploads\/2026\/09\/nemecko-clanky-termaly-nemecko-31-616f54cf-1-300x177.jpg 300w, https:\/\/loudavymkrokem.cz\/wp-content\/uploads\/2026\/09\/nemecko-clanky-termaly-nemecko-31-616f54cf-1-700x414.jpg 700w, https:\/\/loudavymkrokem.cz\/wp-content\/uploads\/2026\/09\/nemecko-clanky-termaly-nemecko-31-616f54cf-1-768x454.jpg 768w, https:\/\/loudavymkrokem.cz\/wp-content\/uploads\/2026\/09\/nemecko-clanky-termaly-nemecko-31-616f54cf-1-1536x908.jpg 1536w, https:\/\/loudavymkrokem.cz\/wp-content\/uploads\/2026\/09\/nemecko-clanky-termaly-nemecko-31-616f54cf-1-696x411.jpg 696w, https:\/\/loudavymkrokem.cz\/wp-content\/uploads\/2026\/09\/nemecko-clanky-termaly-nemecko-31-616f54cf-1-1392x823.jpg 1392w\" sizes=\"(max-width: 1800px) 100vw, 1800px\" \/><button\n\t\t\tclass=\"lightbox-trigger\"\n\t\t\ttype=\"button\"\n\t\t\taria-haspopup=\"dialog\"\n\t\t\tdata-wp-bind--aria-label=\"state.thisImage.triggerButtonAriaLabel\"\n\t\t\tdata-wp-init=\"callbacks.initTriggerButton\"\n\t\t\tdata-wp-on--click=\"actions.showLightbox\"\n\t\t\tdata-wp-style--right=\"state.thisImage.buttonRight\"\n\t\t\tdata-wp-style--top=\"state.thisImage.buttonTop\"\n\t\t>\n\t\t\t<svg xmlns=\"http:\/\/www.w3.org\/2000\/svg\" width=\"12\" height=\"12\" fill=\"none\" viewBox=\"0 0 12 12\">\n\t\t\t\t<path fill=\"#fff\" d=\"M2 0a2 2 0 0 0-2 2v2h1.5V2a.5.5 0 0 1 .5-.5h2V0H2Zm2 10.5H2a.5.5 0 0 1-.5-.5V8H0v2a2 2 0 0 0 2 2h2v-1.5ZM8 12v-1.5h2a.5.5 0 0 0 .5-.5V8H12v2a2 2 0 0 1-2 2H8Zm2-12a2 2 0 0 1 2 2v2h-1.5V2a.5.5 0 0 0-.5-.5H8V0h2Z\" \/>\n\t\t\t<\/svg>\n\t\t<\/button><figcaption class=\"wp-element-caption\">Foto: Gerd Eichmann \/ Wikimedia Commons, CC BY-SA 4.0<\/figcaption><\/figure>\n\n\n\n<h3 class=\"wp-block-heading\"><span class=\"ez-toc-section\" id=\"25_Friedrichsbad_Baden-Baden\"><\/span>25. Friedrichsbad (Baden-Baden)<span class=\"ez-toc-section-end\"><\/span><\/h3>\n\n\n\n<p class=\"wp-block-paragraph\">Estos ba\u00f1os hist\u00f3ricos de Baden-Baden te transportan al instante a una \u00e9poca totalmente distinta. Fueron construidos entre 1869 y 1877 <strong>directamente en la colina de Florentinerberg<\/strong>, donde ya se ba\u00f1aban los antiguos romanos. En la segunda mitad del siglo XIX fueron incluso las termas m\u00e1s importantes de toda la Alemania de entonces, y hasta hoy conservan su car\u00e1cter suntuoso.<\/p>\n\n\n\n<p class=\"wp-block-paragraph\">El imponente edificio de arenisca roja y blanca mide 62,5 por 50 metros. Su mayor orgullo es una <strong>enorme c\u00fapula central de 17,5 metros de altura<\/strong>, sostenida majestuosamente por arcos ciegos sobre columnas corintias. Toda la obra se inspir\u00f3 arquitect\u00f3nicamente en las Termas de Caracalla de Roma. Funciona seg\u00fan el antiguo principio del ba\u00f1o irland\u00e9s-romano, que trajo a Europa el diplom\u00e1tico brit\u00e1nico David Urquhart y que en 1856 fund\u00f3 el m\u00e9dico irland\u00e9s Richard Barter.<\/p>\n\n\n\n<p class=\"wp-block-paragraph\">La construcci\u00f3n y modernizaci\u00f3n de estos ba\u00f1os fueron clave para la ciudad, porque, tras la prohibici\u00f3n general del juego de azar en 1872, deb\u00edan atraer aqu\u00ed a la nueva alta sociedad adinerada. El lugar es simplemente ideal para amantes de la historia y admiradores de la arquitectura. <strong>\ud83d\udca1 Consejo:<\/strong> mientras te relajas, f\u00edjate bien en la decoraci\u00f3n. Las pinturas originales fueron pintadas de blanco sin mucho tacto en los a\u00f1os 50, pero a principios de los 80 se lograron restaurar al menos en parte durante la reforma.<\/p>\n\n\n\n<figure data-wp-context=\"{&quot;imageId&quot;:&quot;6a9c0c16d7cde&quot;}\" data-wp-interactive=\"core\/image\" data-wp-key=\"6a9c0c16d7cde\" class=\"wp-block-image size-full wp-lightbox-container\"><img decoding=\"async\" width=\"1800\" height=\"1350\" data-wp-class--hide=\"state.isContentHidden\" data-wp-class--show=\"state.isContentVisible\" data-wp-init=\"callbacks.setButtonStyles\" data-wp-on--click=\"actions.showLightbox\" data-wp-on--load=\"callbacks.setButtonStyles\" data-wp-on--pointerdown=\"actions.preloadImage\" data-wp-on--pointerenter=\"actions.preloadImageWithDelay\" data-wp-on--pointerleave=\"actions.cancelPreload\" data-wp-on-window--resize=\"callbacks.setButtonStyles\" src=\"https:\/\/loudavymkrokem.cz\/wp-content\/uploads\/2026\/09\/nemecko-clanky-termaly-nemecko-32-9c1729cf.jpg\" alt=\"Jard\u00edn de las termas Vita Classica en Bad Krozingen con setos recortados\" class=\"wp-image-415500\" title=\"\" srcset=\"https:\/\/loudavymkrokem.cz\/wp-content\/uploads\/2026\/09\/nemecko-clanky-termaly-nemecko-32-9c1729cf.jpg 1800w, https:\/\/loudavymkrokem.cz\/wp-content\/uploads\/2026\/09\/nemecko-clanky-termaly-nemecko-32-9c1729cf-300x225.jpg 300w, https:\/\/loudavymkrokem.cz\/wp-content\/uploads\/2026\/09\/nemecko-clanky-termaly-nemecko-32-9c1729cf-700x525.jpg 700w, https:\/\/loudavymkrokem.cz\/wp-content\/uploads\/2026\/09\/nemecko-clanky-termaly-nemecko-32-9c1729cf-768x576.jpg 768w, https:\/\/loudavymkrokem.cz\/wp-content\/uploads\/2026\/09\/nemecko-clanky-termaly-nemecko-32-9c1729cf-1536x1152.jpg 1536w, https:\/\/loudavymkrokem.cz\/wp-content\/uploads\/2026\/09\/nemecko-clanky-termaly-nemecko-32-9c1729cf-80x60.jpg 80w, https:\/\/loudavymkrokem.cz\/wp-content\/uploads\/2026\/09\/nemecko-clanky-termaly-nemecko-32-9c1729cf-160x120.jpg 160w, https:\/\/loudavymkrokem.cz\/wp-content\/uploads\/2026\/09\/nemecko-clanky-termaly-nemecko-32-9c1729cf-696x522.jpg 696w, https:\/\/loudavymkrokem.cz\/wp-content\/uploads\/2026\/09\/nemecko-clanky-termaly-nemecko-32-9c1729cf-1392x1044.jpg 1392w\" sizes=\"(max-width: 1800px) 100vw, 1800px\" \/><button\n\t\t\tclass=\"lightbox-trigger\"\n\t\t\ttype=\"button\"\n\t\t\taria-haspopup=\"dialog\"\n\t\t\tdata-wp-bind--aria-label=\"state.thisImage.triggerButtonAriaLabel\"\n\t\t\tdata-wp-init=\"callbacks.initTriggerButton\"\n\t\t\tdata-wp-on--click=\"actions.showLightbox\"\n\t\t\tdata-wp-style--right=\"state.thisImage.buttonRight\"\n\t\t\tdata-wp-style--top=\"state.thisImage.buttonTop\"\n\t\t>\n\t\t\t<svg xmlns=\"http:\/\/www.w3.org\/2000\/svg\" width=\"12\" height=\"12\" fill=\"none\" viewBox=\"0 0 12 12\">\n\t\t\t\t<path fill=\"#fff\" d=\"M2 0a2 2 0 0 0-2 2v2h1.5V2a.5.5 0 0 1 .5-.5h2V0H2Zm2 10.5H2a.5.5 0 0 1-.5-.5V8H0v2a2 2 0 0 0 2 2h2v-1.5ZM8 12v-1.5h2a.5.5 0 0 0 .5-.5V8H12v2a2 2 0 0 1-2 2H8Zm2-12a2 2 0 0 1 2 2v2h-1.5V2a.5.5 0 0 0-.5-.5H8V0h2Z\" \/>\n\t\t\t<\/svg>\n\t\t<\/button><figcaption class=\"wp-element-caption\">Foto: Baden de \/ Wikimedia Commons, CC BY 3.0<\/figcaption><\/figure>\n\n\n\n<h3 class=\"wp-block-heading\"><span class=\"ez-toc-section\" id=\"26_Vita_Classica_Bad_Krozingen\"><\/span>26. Vita Classica (Bad Krozingen)<span class=\"ez-toc-section-end\"><\/span><\/h3>\n\n\n\n<p class=\"wp-block-paragraph\">Si en tus vacaciones te va la atenci\u00f3n realmente de lujo, en el balneario Vita Classica de la peque\u00f1a Bad Krozingen encontrar\u00e1s justo lo que buscas. Su mayor orgullo es la <strong>especial Wohlf\u00fchlhaus<\/strong>, muy centrada en masajes exclusivos y en los mejores rituales de wellness pr\u00e9mium. El ambiente respira calma y el personal profesional se encarga de que salgas como nuevo.<\/p>\n\n\n\n<p class=\"wp-block-paragraph\">Disfrutar\u00e1s del ba\u00f1o a placer, porque el amplio recinto ofrece nada menos que tres piscinas exteriores y seis interiores llenas de agradable agua termal caliente. T\u00fa decides si prefieres nadar al aire libre o resguardarte dentro. El para\u00edso de saunas esconde ocho cabinas distintas y un grandioso templo de vapor, donde, gracias al calor h\u00famedo, olvidar\u00e1s f\u00e1cilmente todas las preocupaciones del d\u00eda a d\u00eda.<\/p>\n\n\n\n<p class=\"wp-block-paragraph\">Estas termas son simplemente ideales para quien busca una relajaci\u00f3n profunda y no le importa pagar un poco m\u00e1s por tratamientos terap\u00e9uticos de alto nivel en un entorno precioso. Son una elecci\u00f3n perfecta para un fin de semana rom\u00e1ntico en pareja. <strong>\ud83d\udca1 Consejo:<\/strong> te recomiendo reservar los populares rituales pr\u00e9mium o masajes de la Wohlf\u00fchlhaus con bastante antelaci\u00f3n por internet, porque los mejores horarios de fin de semana suelen agotarse muy r\u00e1pido.<\/p>\n\n\n\n<figure data-wp-context=\"{&quot;imageId&quot;:&quot;6a9c0c16d8195&quot;}\" data-wp-interactive=\"core\/image\" data-wp-key=\"6a9c0c16d8195\" class=\"wp-block-image size-full wp-lightbox-container\"><img decoding=\"async\" width=\"1800\" height=\"1198\" data-wp-class--hide=\"state.isContentHidden\" data-wp-class--show=\"state.isContentVisible\" data-wp-init=\"callbacks.setButtonStyles\" data-wp-on--click=\"actions.showLightbox\" data-wp-on--load=\"callbacks.setButtonStyles\" data-wp-on--pointerdown=\"actions.preloadImage\" data-wp-on--pointerenter=\"actions.preloadImageWithDelay\" data-wp-on--pointerleave=\"actions.cancelPreload\" data-wp-on-window--resize=\"callbacks.setButtonStyles\" src=\"https:\/\/loudavymkrokem.cz\/wp-content\/uploads\/2026\/09\/nemecko-clanky-termaly-nemecko-33-009e6b3b.jpg\" alt=\"Piscina nocturna y pabell\u00f3n balin\u00e9s en Bali Therme, en Bad Oeynhausen\" class=\"wp-image-415504\" title=\"\" srcset=\"https:\/\/loudavymkrokem.cz\/wp-content\/uploads\/2026\/09\/nemecko-clanky-termaly-nemecko-33-009e6b3b.jpg 1800w, https:\/\/loudavymkrokem.cz\/wp-content\/uploads\/2026\/09\/nemecko-clanky-termaly-nemecko-33-009e6b3b-300x200.jpg 300w, https:\/\/loudavymkrokem.cz\/wp-content\/uploads\/2026\/09\/nemecko-clanky-termaly-nemecko-33-009e6b3b-700x466.jpg 700w, https:\/\/loudavymkrokem.cz\/wp-content\/uploads\/2026\/09\/nemecko-clanky-termaly-nemecko-33-009e6b3b-768x511.jpg 768w, https:\/\/loudavymkrokem.cz\/wp-content\/uploads\/2026\/09\/nemecko-clanky-termaly-nemecko-33-009e6b3b-1536x1022.jpg 1536w, https:\/\/loudavymkrokem.cz\/wp-content\/uploads\/2026\/09\/nemecko-clanky-termaly-nemecko-33-009e6b3b-696x463.jpg 696w, https:\/\/loudavymkrokem.cz\/wp-content\/uploads\/2026\/09\/nemecko-clanky-termaly-nemecko-33-009e6b3b-1392x926.jpg 1392w\" sizes=\"(max-width: 1800px) 100vw, 1800px\" \/><button\n\t\t\tclass=\"lightbox-trigger\"\n\t\t\ttype=\"button\"\n\t\t\taria-haspopup=\"dialog\"\n\t\t\tdata-wp-bind--aria-label=\"state.thisImage.triggerButtonAriaLabel\"\n\t\t\tdata-wp-init=\"callbacks.initTriggerButton\"\n\t\t\tdata-wp-on--click=\"actions.showLightbox\"\n\t\t\tdata-wp-style--right=\"state.thisImage.buttonRight\"\n\t\t\tdata-wp-style--top=\"state.thisImage.buttonTop\"\n\t\t>\n\t\t\t<svg xmlns=\"http:\/\/www.w3.org\/2000\/svg\" width=\"12\" height=\"12\" fill=\"none\" viewBox=\"0 0 12 12\">\n\t\t\t\t<path fill=\"#fff\" d=\"M2 0a2 2 0 0 0-2 2v2h1.5V2a.5.5 0 0 1 .5-.5h2V0H2Zm2 10.5H2a.5.5 0 0 1-.5-.5V8H0v2a2 2 0 0 0 2 2h2v-1.5ZM8 12v-1.5h2a.5.5 0 0 0 .5-.5V8H12v2a2 2 0 0 1-2 2H8Zm2-12a2 2 0 0 1 2 2v2h-1.5V2a.5.5 0 0 0-.5-.5H8V0h2Z\" \/>\n\t\t\t<\/svg>\n\t\t<\/button><\/figure>\n\n\n\n<h2 class=\"wp-block-heading\"><span class=\"ez-toc-section\" id=\"Termas_en_Renania_del_Norte-Westfalia\"><\/span>Termas en Renania del Norte-Westfalia<span class=\"ez-toc-section-end\"><\/span><\/h2>\n\n\n\n<p class=\"wp-block-paragraph\">Renania del Norte-Westfalia es el estado m\u00e1s poblado de Alemania, as\u00ed que aqu\u00ed desde luego no faltan ba\u00f1os estupendos. La mayor\u00eda de los mejores recintos est\u00e1n a c\u00f3moda distancia de Colonia, D\u00fcsseldorf o Aquisgr\u00e1n, lo que los convierte en un destino ideal para un fin de semana largo. Si te encantan los grandes mundos acu\u00e1ticos o la arquitectura poco habitual, aqu\u00ed disfrutar\u00e1s.<\/p>\n\n\n\n<p class=\"wp-block-paragraph\">El tema fuerte de esta zona son los enormes parques de saunas, como la c\u00e9lebre Mediterana, y tambi\u00e9n las singulares escenograf\u00edas ex\u00f3ticas. Un gran ejemplo es Bali Therme, donde te sentir\u00e1s como en unas verdaderas vacaciones en Asia. Vamos a ver siete lugares que en esta regi\u00f3n no deber\u00edas perderte por nada del mundo.<\/p>\n\n\n\n<figure data-wp-context=\"{&quot;imageId&quot;:&quot;6a9c0c16d8635&quot;}\" data-wp-interactive=\"core\/image\" data-wp-key=\"6a9c0c16d8635\" class=\"wp-block-image size-full wp-lightbox-container\"><img decoding=\"async\" width=\"1800\" height=\"1201\" data-wp-class--hide=\"state.isContentHidden\" data-wp-class--show=\"state.isContentVisible\" data-wp-init=\"callbacks.setButtonStyles\" data-wp-on--click=\"actions.showLightbox\" data-wp-on--load=\"callbacks.setButtonStyles\" data-wp-on--pointerdown=\"actions.preloadImage\" data-wp-on--pointerenter=\"actions.preloadImageWithDelay\" data-wp-on--pointerleave=\"actions.cancelPreload\" data-wp-on-window--resize=\"callbacks.setButtonStyles\" src=\"https:\/\/loudavymkrokem.cz\/wp-content\/uploads\/2026\/09\/nemecko-clanky-termaly-nemecko-34-d5cf2c11-1.jpg\" alt=\"Thermen &#038; Badewelt Euskirchen (Euskirchen): zona de saunas\" class=\"wp-image-415338\" title=\"\" srcset=\"https:\/\/loudavymkrokem.cz\/wp-content\/uploads\/2026\/09\/nemecko-clanky-termaly-nemecko-34-d5cf2c11-1.jpg 1800w, https:\/\/loudavymkrokem.cz\/wp-content\/uploads\/2026\/09\/nemecko-clanky-termaly-nemecko-34-d5cf2c11-1-300x200.jpg 300w, https:\/\/loudavymkrokem.cz\/wp-content\/uploads\/2026\/09\/nemecko-clanky-termaly-nemecko-34-d5cf2c11-1-700x467.jpg 700w, https:\/\/loudavymkrokem.cz\/wp-content\/uploads\/2026\/09\/nemecko-clanky-termaly-nemecko-34-d5cf2c11-1-768x512.jpg 768w, https:\/\/loudavymkrokem.cz\/wp-content\/uploads\/2026\/09\/nemecko-clanky-termaly-nemecko-34-d5cf2c11-1-1536x1025.jpg 1536w, https:\/\/loudavymkrokem.cz\/wp-content\/uploads\/2026\/09\/nemecko-clanky-termaly-nemecko-34-d5cf2c11-1-696x464.jpg 696w, https:\/\/loudavymkrokem.cz\/wp-content\/uploads\/2026\/09\/nemecko-clanky-termaly-nemecko-34-d5cf2c11-1-1392x929.jpg 1392w\" sizes=\"(max-width: 1800px) 100vw, 1800px\" \/><button\n\t\t\tclass=\"lightbox-trigger\"\n\t\t\ttype=\"button\"\n\t\t\taria-haspopup=\"dialog\"\n\t\t\tdata-wp-bind--aria-label=\"state.thisImage.triggerButtonAriaLabel\"\n\t\t\tdata-wp-init=\"callbacks.initTriggerButton\"\n\t\t\tdata-wp-on--click=\"actions.showLightbox\"\n\t\t\tdata-wp-style--right=\"state.thisImage.buttonRight\"\n\t\t\tdata-wp-style--top=\"state.thisImage.buttonTop\"\n\t\t>\n\t\t\t<svg xmlns=\"http:\/\/www.w3.org\/2000\/svg\" width=\"12\" height=\"12\" fill=\"none\" viewBox=\"0 0 12 12\">\n\t\t\t\t<path fill=\"#fff\" d=\"M2 0a2 2 0 0 0-2 2v2h1.5V2a.5.5 0 0 1 .5-.5h2V0H2Zm2 10.5H2a.5.5 0 0 1-.5-.5V8H0v2a2 2 0 0 0 2 2h2v-1.5ZM8 12v-1.5h2a.5.5 0 0 0 .5-.5V8H12v2a2 2 0 0 1-2 2H8Zm2-12a2 2 0 0 1 2 2v2h-1.5V2a.5.5 0 0 0-.5-.5H8V0h2Z\" \/>\n\t\t\t<\/svg>\n\t\t<\/button><\/figure>\n\n\n\n<!-- LKM_GYG_CARD start q=\"germany\" lang=\"es\" rendered=\"2026-09-05T10:52:59+00:00\" v=\"1\" -->\n<style id=\"lk-gyg-styles\">\n@import url(\"https:\/\/fonts.googleapis.com\/css2?family=Playfair+Display:wght@700&family=DM+Sans:wght@300;400;500;600&display=swap\");\n\/* === LK GYG karty \u2014 CRO redesign 2026-05 (namespace .lkx-) ===\n   C\u00edl: vy\u0161\u0161\u00ed CTR (hero + v\u00fdrazn\u00fd social proof + ak\u010dn\u00ed CTA, m\u00e9n\u011b \"reklamn\u00ed\").\n   Injektuje se inline do prvn\u00edho markeru postu (refresh_cards.py --inline-css). *\/\n.lkx-module, .lkx-module *{box-sizing:border-box;margin:0;padding:0}\n.lkx-module{\n  font-family:'DM Sans',-apple-system,Segoe UI,Roboto,Georgia,sans-serif;\n  max-width:860px;margin:2.5rem auto;color:#1f2328;\n}\n\n\/* HEADER \u2014 lehk\u00fd editorsk\u00fd, \u017e\u00e1dn\u00fd bannerov\u00fd blok; nadpis + popisek pod n\u00edm *\/\n.lkx-head{margin-bottom:16px}\n.lkx-head-main{display:flex;align-items:center;gap:10px}\n.lkx-head-accent{width:26px;height:3px;border-radius:2px;background:#c39f76;flex-shrink:0}\n.lkx-head-title{font-family:'Playfair Display',Georgia,serif;font-size:21px;font-weight:700;color:#1a1a1a;line-height:1.25}\n.lkx-head-meta{display:block;font-size:11px;letter-spacing:.3px;color:#9aa0a6;margin-top:4px;margin-left:36px}\n\n\/* HERO *\/\n.lkx-hero{display:grid;grid-template-columns:300px 1fr;background:#fff;border:1px solid #ece7df;border-radius:14px;overflow:hidden;text-decoration:none!important;color:inherit;box-shadow:0 6px 20px rgba(0,0,0,.06);transition:box-shadow .2s,transform .2s;margin-bottom:14px}\n.lkx-hero:hover{box-shadow:0 12px 30px rgba(0,0,0,.12);transform:translateY(-2px)}\n.lkx-hero-img{position:relative;min-height:230px;background-size:cover;background-position:center;background-color:#eee}\n.lkx-hero-body{padding:22px 24px;display:flex;flex-direction:column}\n.lkx-pick{position:absolute;top:12px;left:12px;background:#1a1a1a;color:#fff;font-size:11px;font-weight:700;letter-spacing:.5px;padding:5px 11px;border-radius:20px}\n\n\/* TITLE *\/\n.lkx-title{font-size:19px;font-weight:700;color:#161616;line-height:1.3}\n.lkx-title-sm{font-size:14.5px;line-height:1.35;display:-webkit-box;-webkit-line-clamp:2;-webkit-box-orient:vertical;overflow:hidden}\n\n\/* SOCIAL PROOF \u2014 v\u00fdrazn\u011b, naho\u0159e *\/\n.lkx-proof{display:flex;align-items:center;gap:7px;margin-top:12px;font-size:15px;color:#3a3a3a}\n.lkx-proof b{font-size:16px;color:#161616}\n.lkx-stars{color:#f5a623;letter-spacing:1px}\n.lkx-proof-sm{font-size:12.5px;margin-top:8px;gap:5px}\n.lkx-proof-sm b{font-size:13px}\n.lkx-proof-new{color:#3685fc;font-weight:600}\n\n\/* PRICE \u2014 n\u00edzk\u00e1 kotva *\/\n.lkx-price{font-size:14px;color:#6b7280}\n.lkx-price b{font-size:20px;color:#161616;font-weight:700}\n.lkx-price-sm b{font-size:15px}\n\n\/* CTA \u2014 tepl\u00e9 ak\u010dn\u00ed tla\u010d\u00edtko *\/\n.lkx-cta{display:inline-flex;align-items:center;justify-content:center;text-decoration:none!important;font-weight:700;color:#fff!important;background:linear-gradient(135deg,#f6743f,#e8552a);border-radius:10px;box-shadow:0 6px 16px rgba(232,85,42,.32);transition:box-shadow .2s}\n.lkx-cta-hero{font-size:15px;padding:13px 22px}\n.lkx-hero:hover .lkx-cta-hero{box-shadow:0 8px 22px rgba(232,85,42,.45)}\n.lkx-cta-sm{font-size:12.5px;padding:9px 14px;width:100%;margin-top:2px}\n.lkx-hero-bottom{margin-top:auto;padding-top:18px;display:flex;align-items:center;justify-content:space-between;gap:14px;flex-wrap:wrap}\n\n\/* BADGE \u2014 jeden v\u00fdrazn\u00fd na fotce *\/\n.lkx-badge{position:absolute;top:12px;right:12px;font-size:10.5px;font-weight:700;letter-spacing:.3px;padding:5px 10px;border-radius:16px;color:#fff}\n.lkx-badge.badge-urgency{background:rgba(214,40,40,.92)}\n.lkx-badge.badge-new{background:rgba(54,133,252,.92)}\n.lkx-badge.badge-top{background:rgba(195,159,118,.95)}\n.lkx-badge.badge-info{background:rgba(40,40,40,.78)}\n\n\/* SECONDARY GRID *\/\n.lkx-grid{display:grid;grid-template-columns:1fr 1fr;gap:14px}\n.lkx-card{background:#fff;border:1px solid #ece7df;border-radius:14px;overflow:hidden;text-decoration:none!important;color:inherit;box-shadow:0 4px 14px rgba(0,0,0,.05);display:flex;flex-direction:column;transition:box-shadow .2s,transform .2s}\n.lkx-card:hover{box-shadow:0 10px 24px rgba(0,0,0,.1);transform:translateY(-2px)}\n.lkx-card-img{position:relative;aspect-ratio:16\/10;background-size:cover;background-position:center;background-color:#eee}\n.lkx-card-body{padding:14px 16px 16px;display:flex;flex-direction:column;gap:7px;flex:1}\n.lkx-card-bottom{margin-top:auto;padding-top:10px;display:flex;align-items:center;justify-content:space-between;gap:8px}\n\n\/* DISCLOSURE \u2014 drobn\u00e1, kv\u016fli d\u016fv\u011b\u0159e\/z\u00e1konu *\/\n.lkx-disclosure{font-size:11px;color:#a7adb3;text-align:center;margin-top:14px;line-height:1.6}\n.lkx-disclosure a{color:#c39f76;text-decoration:none}\n\n@media(max-width:680px){\n  .lkx-hero{grid-template-columns:1fr}\n  .lkx-hero-img{min-height:180px}\n  .lkx-grid{grid-template-columns:1fr}\n  .lkx-head-meta{margin-left:0;width:100%}\n  .lkx-head-title{font-size:19px}\n}\n\n<\/style>\n<div class=\"lkx-module\" data-query=\"germany\">\n  <div class=\"lkx-head\">\n    <div class=\"lkx-head-main\">\n      <span class=\"lkx-head-accent\"><\/span>\n      <span class=\"lkx-head-title\">Experiencias y entradas<\/span>\n    <\/div>\n    <span class=\"lkx-head-meta\">valorado por viajeros \u00b7 GetYourGuide<\/span>\n  <\/div><a class=\"lkx-hero\" href=\"https:\/\/www.getyourguide.com\/es-es\/nurburg-l205841\/nurburgring-nordschleife-copiloto-en-un-porsche-911-gt3-rs-t495529\/?partner_id=MKZ64IS&amp;utm_medium=online_publisher&amp;cmp=termas-alemania-mejores-balnearios\" target=\"_blank\" rel=\"sponsored noopener nofollow\">\n    <div class=\"lkx-hero-img\" style=\"background-image:url('https:\/\/cdn.getyourguide.com\/img\/tour\/1a10f6fe4f788a01014da2da7e6659b8112124c3c675709786e4f057e9b1425b.jpg\/132.jpg')\" role=\"img\" aria-label=\"N\u00fcrburgring Nordschleife: Copiloto en un Porsche 911 GT3 RS\">\n      <span class=\"lkx-pick\">\u2605 Nuestra elecci\u00f3n<\/span><\/div>\n    <div class=\"lkx-hero-body\">\n      <div class=\"lkx-title\">N\u00fcrburgring Nordschleife: Copiloto en un Porsche 911 GT3 RS<\/div>\n      <div class=\"lkx-proof\">\n      <span class=\"lkx-stars\">\u2605\u2605\u2605\u2605\u2605<\/span>\n      <b>4.9<\/b> \u00b7 36 opiniones\n    <\/div>\n      <div class=\"lkx-hero-bottom\"><div class=\"lkx-price\">desde <b>529\u00a0EUR<\/b><\/div><span class=\"lkx-cta lkx-cta-hero\">Quiero vivir esto \u2192<\/span>\n      <\/div>\n    <\/div>\n  <\/a><div class=\"lkx-disclosure\">\ud83d\udd17 Enlaces de afiliados \u2014 no cambian tu precio y nos ayudan a crear contenido. \u00b7 <a href=\"https:\/\/www.getyourguide.com\/es-es\/s\/?q=germany&amp;partner_id=MKZ64IS&amp;utm_medium=online_publisher\" target=\"_blank\" rel=\"sponsored noopener nofollow\">Todas las experiencias \u2192<\/a><\/div>\n<\/div>\n<!-- LKM_GYG_CARD end -->\n\n\n\n\n<div class=\"lk-stays-module\">\n<style>\n\/* \u2500\u2500\u2500 RESET PRO GUTENBERG \u2500\u2500\u2500 *\/\n.lk-stays-module * { box-sizing: border-box; margin: 0; padding: 0; }\n\n\/* \u2500\u2500\u2500 WRAPPER \u2500\u2500\u2500 *\/\n.lk-stays-module {\n  font-family: 'DM Sans', Georgia, sans-serif;\n  max-width: 100%;\n  margin: 2.5rem auto;\n  background: linear-gradient(135deg, #fdfaf5 0%, #fcf8f0 100%);\n  border: 1px solid #e8dfd4;\n  border-radius: 16px;\n  overflow: hidden;\n  box-shadow: 0 16px 48px rgba(195, 159, 118, 0.25), 0 4px 12px rgba(0,0,0,0.08);\n}\n\n\/* \u2500\u2500\u2500 HEADER \u2500\u2500\u2500 *\/\n.lk-stays-header {\n  position: relative;\n  padding: 24px 36px 24px;\n  background: linear-gradient(135deg, #c39f76 0%, #d4b188 60%, #c39f76 100%);\n  border-bottom: 1px solid rgba(255,255,255,.15);\n  display: flex;\n  align-items: center;\n  gap: 18px;\n}\n.lk-stays-header::before {\n  content: '';\n  position: absolute;\n  inset: 0;\n  background: url(\"data:image\/svg+xml,%3Csvg width='60' height='60' viewBox='0 0 60 60' xmlns='http:\/\/www.w3.org\/2000\/svg'%3E%3Cg fill='none' fill-rule='evenodd'%3E%3Cg fill='%23ffffff' fill-opacity='0.05'%3E%3Cpath d='M36 34v-4h-2v4h-4v2h4v4h2v-4h4v-2h-4zm0-30V0h-2v4h-4v2h4v4h2V6h4V4h-4zM6 34v-4H4v4H0v2h4v4h2v-4h4v-2H6zM6 4V0H4v4H0v2h4v4h2V6h4V4H6z'\/%3E%3C\/g%3E%3C\/g%3E%3C\/svg%3E\") repeat;\n  pointer-events: none;\n}\n.lk-stays-icon {\n  flex-shrink: 0;\n  width: 68px;\n  height: 68px;\n  border-radius: 14px;\n  background: linear-gradient(135deg, #fff 0%, #f9f6f0 100%);\n  display: flex;\n  align-items: center;\n  justify-content: center;\n  font-size: 26px;\n  box-shadow: 0 4px 12px rgba(0,0,0,0.15);\n}\n.lk-stays-eyebrow {\n  font-size: 10px;\n  font-weight: 500;\n  letter-spacing: 2.5px;\n  text-transform: uppercase;\n  color: rgba(255,255,255,.85);\n  margin: 0 0 5px 0;\n}\n.lk-stays-title {\n  font-family: 'Playfair Display', Georgia, serif;\n  font-size: 24px;\n  font-weight: 700;\n  color: #fff;\n  line-height: 1.2;\n  text-shadow: 0 1px 2px rgba(0,0,0,0.1);\n  margin: 0;\n}\n.lk-stays-subtitle {\n  font-size: 13px;\n  color: rgba(255,255,255,.75);\n  margin: 4px 0 0 0;\n  font-weight: 300;\n}\n\n\/* \u2500\u2500\u2500 CARDS GRID \u2500\u2500\u2500 *\/\n.lk-stays-grid {\n  display: grid;\n  grid-template-columns: 1fr 1fr;\n  gap: 1px;\n  background: rgba(195, 159, 118, 0.12);\n}\n\n\/* \u2500\u2500\u2500 SINGLE CARD \u2500\u2500\u2500 *\/\n.lk-stay-card {\n  background: #ffffff;\n  padding: 26px;\n  display: flex;\n  flex-direction: column;\n  gap: 11px;\n  transition: all 0.3s ease;\n  text-decoration: none;\n  color: inherit;\n  position: relative;\n}\n.lk-stay-card:hover {\n  background: #fffbf5;\n  transform: translateY(-2px);\n  box-shadow: 0 8px 24px rgba(195, 159, 118, 0.18);\n  z-index: 1;\n}\n.lk-stay-card.featured {\n  background: linear-gradient(135deg, #fffdf9 0%, #fff9f0 100%);\n  box-shadow: 0 4px 16px rgba(195, 159, 118, 0.15), inset 0 1px 0 rgba(195, 159, 118, 0.1);\n}\n.lk-stay-card.featured:hover {\n  background: linear-gradient(135deg, #fffbf5 0%, #fff8ed 100%);\n  box-shadow: 0 8px 24px rgba(195, 159, 118, 0.25), inset 0 1px 0 rgba(195, 159, 118, 0.15);\n}\n\n.lk-stay-badge {\n  display: inline-flex;\n  align-items: center;\n  gap: 5px;\n  font-size: 10px;\n  font-weight: 500;\n  letter-spacing: 1.5px;\n  text-transform: uppercase;\n  padding: 5px 11px;\n  border-radius: 20px;\n  width: fit-content;\n}\n.badge-top     { background: linear-gradient(135deg, #c39f76 0%, #d4b188 100%); color: #fff; border: 1px solid #c39f76; font-weight: 600; box-shadow: 0 2px 8px rgba(195,159,118,0.3); }\n.badge-luxury  { background: rgba(195,159,118,.12); color: #c39f76; border: 1px solid rgba(195,159,118,.25); }\n.badge-boutique{ background: rgba(54,133,252,.08); color: #3685fc; border: 1px solid rgba(54,133,252,.2); }\n.badge-nature  { background: rgba(130,190,100,.1); color: #6b9c4a; border: 1px solid rgba(130,190,100,.2); }\n.badge-remote  { background: rgba(195,159,118,.12); color: #a67e50; border: 1px solid rgba(195,159,118,.25); }\n\n.lk-stay-name {\n  font-family: 'Playfair Display', Georgia, serif;\n  font-size: 18px;\n  font-weight: 700;\n  color: #111827;\n  line-height: 1.3;\n}\n.lk-stay-desc {\n  font-size: 13.5px;\n  color: #525252;\n  line-height: 1.65;\n  font-weight: 300;\n  flex: 1;\n}\n\n.lk-stay-meta {\n  display: flex;\n  align-items: center;\n  gap: 12px;\n  flex-wrap: wrap;\n  margin-top: 4px;\n}\n.lk-stay-price {\n  font-size: 13px;\n  color: #6b7280;\n}\n.lk-stay-price strong {\n  color: #c39f76;\n  font-weight: 500;\n}\n.lk-stay-stars {\n  color: #c39f76;\n  font-size: 11px;\n  letter-spacing: 1px;\n}\n\n\/* \u2500\u2500\u2500 CTA BUTTON \u2500\u2500\u2500 *\/\n.lk-stay-cta {\n  display: inline-flex;\n  align-items: center;\n  justify-content: center;\n  gap: 7px;\n  margin-top: 8px;\n  padding: 11px 20px;\n  border-radius: 8px;\n  background: linear-gradient(135deg, #3685fc 0%, #2a6fd9 100%);\n  color: #fff;\n  font-size: 13px;\n  font-weight: 500;\n  text-decoration: none;\n  letter-spacing: .3px;\n  transition: all .2s ease;\n  cursor: pointer;\n  border: none;\n  text-align: center;\n  box-shadow: 0 4px 12px rgba(54, 133, 252, 0.25);\n}\n.lk-stay-cta:hover {\n  background: linear-gradient(135deg, #2a6fd9 0%, #1e5bc4 100%);\n  transform: translateY(-1px);\n  box-shadow: 0 6px 16px rgba(54, 133, 252, 0.35);\n}\n.lk-stay-cta svg { flex-shrink: 0; }\n\n\/* \u2500\u2500\u2500 FOOTER \u2500\u2500\u2500 *\/\n.lk-stays-footer {\n  padding: 18px 36px;\n  background: linear-gradient(to bottom, #fdfaf5 0%, #f9f4ed 100%);\n  border-top: 1px solid rgba(195, 159, 118, 0.15);\n  display: flex;\n  align-items: center;\n  justify-content: space-between;\n  flex-wrap: wrap;\n  gap: 12px;\n}\n.lk-stays-footer-note {\n  font-size: 11.5px;\n  color: #6b7280;\n  font-weight: 300;\n  line-height: 1.5;\n}\n.lk-stays-footer-note a {\n  color: #c39f76;\n  text-decoration: none;\n  font-weight: 400;\n}\n.lk-stays-footer-note a:hover {\n  text-decoration: underline;\n}\n.lk-stays-all-btn {\n  display: inline-flex;\n  align-items: center;\n  gap: 6px;\n  font-size: 12.5px;\n  font-weight: 500;\n  color: #c39f76;\n  text-decoration: none;\n  border: 1px solid rgba(195, 159, 118, 0.35);\n  padding: 8px 18px;\n  border-radius: 8px;\n  transition: all .2s ease;\n}\n.lk-stays-all-btn:hover {\n  background: rgba(195, 159, 118, 0.08);\n  border-color: rgba(195, 159, 118, 0.5);\n}\n\n\/* \u2500\u2500\u2500 RESPONSIVE \u2500\u2500\u2500 *\/\n@media (max-width: 600px) {\n  .lk-stays-grid { grid-template-columns: 1fr; }\n  .lk-stays-header { padding: 24px 20px; }\n  .lk-stays-footer { padding: 16px 20px; }\n  .lk-stay-card { padding: 22px; }\n  .lk-stays-title { font-size: 20px; }\n}\n<\/style>\n\n  <!-- HEADER -->\n  <div class=\"lk-stays-header\">\n    <img decoding=\"async\" src=\"https:\/\/loudavymkrokem.cz\/wp-content\/uploads\/2026\/02\/lukas-a-lucka.jpg\" alt=\"\" style=\"width: 75px; height: 75px; border-radius: 8px; flex-shrink: 0; object-fit: cover; display: block; margin: 4px 0;\" title=\"\">\n    <div class=\"lk-stays-header-text\">\n      <div class=\"lk-stays-eyebrow\">Luk\u00e1\u0161 y Lucie recomiendan<\/div>\n      <div class=\"lk-stays-title\">D\u00f3nde alojarse en Alemania<\/div>\n      <div class=\"lk-stays-subtitle\">6 alojamientos \u2014 hoteles wellness, hoteles y otras opciones de alojamiento<\/div>\n    <\/div>\n  <\/div>\n\n  <!-- CARDS -->\n  <div class=\"lk-stays-grid\">\n\n    <a class=\"lk-stay-card featured\" href=\"https:\/\/www.stay22.com\/allez\/roam?aid=lukaskonecny&#038;campaign=loudavymkrokemcz&#038;campaign=es&#038;campaign=termaly-nemecko&#038;hotelname=Hotel%20Victory%20Therme%20Erding&#038;address=Erding%2C%20Nemecko\" target=\"_blank\" rel=\"nofollow noopener\">\n      <span class=\"lk-stay-badge badge-top\">\u2b50 MEJOR OPCI\u00d3N<\/span>\n      <span class=\"lk-stay-badge badge-nature\">\ud83c\udfe8 Hotel<\/span>\n      <div class=\"lk-stay-name\">Hotel Victory Therme Erding<\/div>\n      <div class=\"lk-stay-desc\">Hotel de lujo situado directamente en el complejo Therme Erding con habitaciones estilizadas como el barco HMS Victory. Entrada a las termas incluida en el precio de la noche.<\/div>\n      <div class=\"lk-stay-meta\">\n        <span class=\"lk-stay-stars\">\u2605\u2605\u2605\u2605<\/span>\n        <span class=\"lk-stay-price\">Consultar precios<\/span>\n      <\/div>\n      <span class=\"lk-stay-cta\">\n        <svg width=\"14\" height=\"14\" viewBox=\"0 0 24 24\" fill=\"none\" stroke=\"currentColor\" stroke-width=\"2\"><path d=\"M18 13v6a2 2 0 0 1-2 2H5a2 2 0 0 1-2-2V8a2 2 0 0 1 2-2h6\"\/><polyline points=\"15 3 21 3 21 9\"\/><line x1=\"10\" y1=\"14\" x2=\"21\" y2=\"3\"\/><\/svg>\n        Comprobar disponibilidad\n      <\/span>\n    <\/a>\n\n    <a class=\"lk-stay-card\" href=\"https:\/\/www.stay22.com\/allez\/roam?aid=lukaskonecny&#038;campaign=loudavymkrokemcz&#038;campaign=es&#038;campaign=termaly-nemecko&#038;hotelname=Thermenhotel%20Gass&#038;address=Bad%20Fussing%2C%20Nemecko\" target=\"_blank\" rel=\"nofollow noopener\">\n      <span class=\"lk-stay-badge badge-nature\">\ud83c\udfe8 Hotel<\/span>\n      <div class=\"lk-stay-name\">Thermenhotel Gass<\/div>\n      <div class=\"lk-stay-desc\">Hotel superior de tres estrellas con piscinas propias llenas de agua termal sulfurosa directamente de Therme 1.<\/div>\n      <div class=\"lk-stay-meta\">\n        <span class=\"lk-stay-stars\">\u2605\u2605\u2605<\/span>\n        <span class=\"lk-stay-price\">Consultar precios<\/span>\n      <\/div>\n      <span class=\"lk-stay-cta\">\n        <svg width=\"14\" height=\"14\" viewBox=\"0 0 24 24\" fill=\"none\" stroke=\"currentColor\" stroke-width=\"2\"><path d=\"M18 13v6a2 2 0 0 1-2 2H5a2 2 0 0 1-2-2V8a2 2 0 0 1 2-2h6\"\/><polyline points=\"15 3 21 3 21 9\"\/><line x1=\"10\" y1=\"14\" x2=\"21\" y2=\"3\"\/><\/svg>\n        Comprobar disponibilidad\n      <\/span>\n    <\/a>\n\n    <a class=\"lk-stay-card\" href=\"https:\/\/www.stay22.com\/allez\/roam?aid=lukaskonecny&#038;campaign=loudavymkrokemcz&#038;campaign=es&#038;campaign=termaly-nemecko&#038;hotelname=Hotel%20an%20der%20Therme%20Bad%20Sulza&#038;address=Bad%20Sulza%2C%20Nemecko\" target=\"_blank\" rel=\"nofollow noopener\">\n      <span class=\"lk-stay-badge badge-nature\">\ud83c\udfe8 Hotel<\/span>\n      <div class=\"lk-stay-name\">Hotel an der Therme Bad Sulza<\/div>\n      <div class=\"lk-stay-desc\">Hotel conectado mediante pasillo de albornoces con Toskana Therme. Entrada a las termas incluida en el precio de la noche, incluyendo el mundo de saunas.<\/div>\n      <div class=\"lk-stay-meta\">\n        <span class=\"lk-stay-stars\">\u2605\u2605\u2605\u2605<\/span>\n        <span class=\"lk-stay-price\">Consultar precios<\/span>\n      <\/div>\n      <span class=\"lk-stay-cta\">\n        <svg width=\"14\" height=\"14\" viewBox=\"0 0 24 24\" fill=\"none\" stroke=\"currentColor\" stroke-width=\"2\"><path d=\"M18 13v6a2 2 0 0 1-2 2H5a2 2 0 0 1-2-2V8a2 2 0 0 1 2-2h6\"\/><polyline points=\"15 3 21 3 21 9\"\/><line x1=\"10\" y1=\"14\" x2=\"21\" y2=\"3\"\/><\/svg>\n        Comprobar disponibilidad\n      <\/span>\n    <\/a>\n\n    <a class=\"lk-stay-card\" href=\"https:\/\/www.stay22.com\/allez\/roam?aid=lukaskonecny&#038;campaign=loudavymkrokemcz&#038;campaign=es&#038;campaign=termaly-nemecko&#038;hotelname=Mauritius%20Hotel%20%26%20Therme&#038;address=Kolin%20nad%20Rynem%2C%20Nemecko\" target=\"_blank\" rel=\"nofollow noopener\">\n      <span class=\"lk-stay-badge badge-nature\">\u2b50 Luxury<\/span>\n      <div class=\"lk-stay-name\">Mauritius Hotel &#038; Therme<\/div>\n      <div class=\"lk-stay-desc\">Hotel de cuatro estrellas con enorme \u00e1rea wellness de 3500 m\u00b2. Siete saunas y piscina exterior con sal del Mar Muerto.<\/div>\n      <div class=\"lk-stay-meta\">\n        <span class=\"lk-stay-stars\">\u2605\u2605\u2605\u2605<\/span>\n        <span class=\"lk-stay-price\">desde 10 EUR\/d\u00eda wellness<\/span>\n      <\/div>\n      <span class=\"lk-stay-cta\">\n        <svg width=\"14\" height=\"14\" viewBox=\"0 0 24 24\" fill=\"none\" stroke=\"currentColor\" stroke-width=\"2\"><path d=\"M18 13v6a2 2 0 0 1-2 2H5a2 2 0 0 1-2-2V8a2 2 0 0 1 2-2h6\"\/><polyline points=\"15 3 21 3 21 9\"\/><line x1=\"10\" y1=\"14\" x2=\"21\" y2=\"3\"\/><\/svg>\n        Comprobar disponibilidad\n      <\/span>\n    <\/a>\n\n    <a class=\"lk-stay-card\" href=\"https:\/\/www.stay22.com\/allez\/roam?aid=lukaskonecny&#038;campaign=loudavymkrokemcz&#038;campaign=es&#038;campaign=termaly-nemecko&#038;hotelname=Hotel%20Zum%20Rittmeister&#038;address=Werder%20Havel%2C%20Nemecko\" target=\"_blank\" rel=\"nofollow noopener\">\n      <span class=\"lk-stay-badge badge-nature\">\ud83c\udfe8 Hotel<\/span>\n      <div class=\"lk-stay-name\">Hotel Zum Rittmeister<\/div>\n      <div class=\"lk-stay-desc\">Hotel con 35 habitaciones acogedoras. Los hu\u00e9spedes obtienen entrada con descuento al cercano Havel Therme presentando la G\u00e4stekarte.<\/div>\n      <div class=\"lk-stay-meta\">\n        <span class=\"lk-stay-stars\">\u2605\u2605\u2605\u2605<\/span>\n        <span class=\"lk-stay-price\">Consultar precios<\/span>\n      <\/div>\n      <span class=\"lk-stay-cta\">\n        <svg width=\"14\" height=\"14\" viewBox=\"0 0 24 24\" fill=\"none\" stroke=\"currentColor\" stroke-width=\"2\"><path d=\"M18 13v6a2 2 0 0 1-2 2H5a2 2 0 0 1-2-2V8a2 2 0 0 1 2-2h6\"\/><polyline points=\"15 3 21 3 21 9\"\/><line x1=\"10\" y1=\"14\" x2=\"21\" y2=\"3\"\/><\/svg>\n        Comprobar disponibilidad\n      <\/span>\n    <\/a>\n\n    <a class=\"lk-stay-card\" href=\"https:\/\/www.stay22.com\/allez\/roam?aid=lukaskonecny&#038;campaign=loudavymkrokemcz&#038;campaign=es&#038;campaign=termaly-nemecko&#038;hotelname=Hotel%20Palatin&#038;address=Wiesloch%2C%20Nemecko\" target=\"_blank\" rel=\"nofollow noopener\">\n      <span class=\"lk-stay-badge badge-nature\">\ud83c\udfe8 Hotel<\/span>\n      <div class=\"lk-stay-name\">Hotel Palatin<\/div>\n      <div class=\"lk-stay-desc\">Hotel asociado de las termas Sinsheim. Paquetes ventajosos con noche, desayuno y entrada a las termas desde 79 EUR.<\/div>\n      <div class=\"lk-stay-meta\">\n        <span class=\"lk-stay-stars\">\u2605\u2605\u2605\u2605<\/span>\n        <span class=\"lk-stay-price\">desde 79 EUR\/persona<\/span>\n      <\/div>\n      <span class=\"lk-stay-cta\">\n        <svg width=\"14\" height=\"14\" viewBox=\"0 0 24 24\" fill=\"none\" stroke=\"currentColor\" stroke-width=\"2\"><path d=\"M18 13v6a2 2 0 0 1-2 2H5a2 2 0 0 1-2-2V8a2 2 0 0 1 2-2h6\"\/><polyline points=\"15 3 21 3 21 9\"\/><line x1=\"10\" y1=\"14\" x2=\"21\" y2=\"3\"\/><\/svg>\n        Comprobar disponibilidad\n      <\/span>\n    <\/a>\n\n  <\/div>\n\n  \n<\/div>\n\n\n\n\n<h3 class=\"wp-block-heading\"><span class=\"ez-toc-section\" id=\"27_Thermen_Badewelt_Euskirchen_Euskirchen\"><\/span>27. Thermen &#038; Badewelt Euskirchen (Euskirchen)<span class=\"ez-toc-section-end\"><\/span><\/h3>\n\n\n\n<p class=\"wp-block-paragraph\">Este moderno recinto est\u00e1 a unos <strong>45 minutos de Colonia<\/strong> y pertenece al mismo operador que el c\u00e9lebre complejo de Sinsheim. A primera vista te cautivar\u00e1 el generoso ba\u00f1o en lagunas, que se extienden junto a un <strong>lago natural de una respetable superficie de 6.500 m\u00b2<\/strong>. Las vistas desde las c\u00f3modas tumbonas directamente a esta amplia l\u00e1mina de agua transmiten una sensaci\u00f3n relajante.<\/p>\n\n\n\n<p class=\"wp-block-paragraph\">Podr\u00e1s disfrutar de la <strong>Blaue Lagune con agua a 33 \u00b0C<\/strong>, que gozar\u00e1s tanto en la parte interior como en la exterior. Adem\u00e1s, te esperan todo tipo de oasis de relajaci\u00f3n, un refrescante pozo de hielo o una duchas muy vistosas en forma de flores de cala. Si a\u00fan empiezas a calentar el cuerpo y no quieres ir directo a un calor extremo, el operador recomienda comenzar <strong>en la sauna de agradables 60 \u00b0C<\/strong>.<\/p>\n\n\n\n<p class=\"wp-block-paragraph\">El complejo est\u00e1 pensado sobre todo para el descanso tranquilo, por eso de domingo a viernes tienen <strong>acceso solo los visitantes mayores de 16 a\u00f1os<\/strong>. Para familias con ni\u00f1os peque\u00f1os, entre semana, este recinto no es adecuado. <strong>\ud83d\udca1 Consejo:<\/strong> si te gusta la calma de verdad, aprovecha precisamente los d\u00edas laborables, cuando la entrada para las franjas de edad m\u00e1s j\u00f3venes est\u00e1 restringida y el balneario es un oasis de silencio.<\/p>\n\n\n\n<figure data-wp-context=\"{&quot;imageId&quot;:&quot;6a9c0c16d8bb3&quot;}\" data-wp-interactive=\"core\/image\" data-wp-key=\"6a9c0c16d8bb3\" class=\"wp-block-image size-full wp-lightbox-container\"><img decoding=\"async\" width=\"1800\" height=\"1012\" data-wp-class--hide=\"state.isContentHidden\" data-wp-class--show=\"state.isContentVisible\" data-wp-init=\"callbacks.setButtonStyles\" data-wp-on--click=\"actions.showLightbox\" data-wp-on--load=\"callbacks.setButtonStyles\" data-wp-on--pointerdown=\"actions.preloadImage\" data-wp-on--pointerenter=\"actions.preloadImageWithDelay\" data-wp-on--pointerleave=\"actions.cancelPreload\" data-wp-on-window--resize=\"callbacks.setButtonStyles\" src=\"https:\/\/loudavymkrokem.cz\/wp-content\/uploads\/2026\/09\/nemecko-clanky-termaly-nemecko-35-2fe13158-1.jpg\" alt=\"Bali Therme (Bad Oeynhausen): piscina de relajaci\u00f3n\" class=\"wp-image-415340\" title=\"\" srcset=\"https:\/\/loudavymkrokem.cz\/wp-content\/uploads\/2026\/09\/nemecko-clanky-termaly-nemecko-35-2fe13158-1.jpg 1800w, https:\/\/loudavymkrokem.cz\/wp-content\/uploads\/2026\/09\/nemecko-clanky-termaly-nemecko-35-2fe13158-1-300x169.jpg 300w, https:\/\/loudavymkrokem.cz\/wp-content\/uploads\/2026\/09\/nemecko-clanky-termaly-nemecko-35-2fe13158-1-700x394.jpg 700w, https:\/\/loudavymkrokem.cz\/wp-content\/uploads\/2026\/09\/nemecko-clanky-termaly-nemecko-35-2fe13158-1-768x432.jpg 768w, https:\/\/loudavymkrokem.cz\/wp-content\/uploads\/2026\/09\/nemecko-clanky-termaly-nemecko-35-2fe13158-1-1536x864.jpg 1536w, https:\/\/loudavymkrokem.cz\/wp-content\/uploads\/2026\/09\/nemecko-clanky-termaly-nemecko-35-2fe13158-1-696x391.jpg 696w, https:\/\/loudavymkrokem.cz\/wp-content\/uploads\/2026\/09\/nemecko-clanky-termaly-nemecko-35-2fe13158-1-1392x783.jpg 1392w\" sizes=\"(max-width: 1800px) 100vw, 1800px\" \/><button\n\t\t\tclass=\"lightbox-trigger\"\n\t\t\ttype=\"button\"\n\t\t\taria-haspopup=\"dialog\"\n\t\t\tdata-wp-bind--aria-label=\"state.thisImage.triggerButtonAriaLabel\"\n\t\t\tdata-wp-init=\"callbacks.initTriggerButton\"\n\t\t\tdata-wp-on--click=\"actions.showLightbox\"\n\t\t\tdata-wp-style--right=\"state.thisImage.buttonRight\"\n\t\t\tdata-wp-style--top=\"state.thisImage.buttonTop\"\n\t\t>\n\t\t\t<svg xmlns=\"http:\/\/www.w3.org\/2000\/svg\" width=\"12\" height=\"12\" fill=\"none\" viewBox=\"0 0 12 12\">\n\t\t\t\t<path fill=\"#fff\" d=\"M2 0a2 2 0 0 0-2 2v2h1.5V2a.5.5 0 0 1 .5-.5h2V0H2Zm2 10.5H2a.5.5 0 0 1-.5-.5V8H0v2a2 2 0 0 0 2 2h2v-1.5ZM8 12v-1.5h2a.5.5 0 0 0 .5-.5V8H12v2a2 2 0 0 1-2 2H8Zm2-12a2 2 0 0 1 2 2v2h-1.5V2a.5.5 0 0 0-.5-.5H8V0h2Z\" \/>\n\t\t\t<\/svg>\n\t\t<\/button><\/figure>\n\n\n\n<h3 class=\"wp-block-heading\"><span class=\"ez-toc-section\" id=\"28_Bali_Therme_Bad_Oeynhausen\"><\/span>28. Bali Therme (Bad Oeynhausen)<span class=\"ez-toc-section-end\"><\/span><\/h3>\n\n\n\n<p class=\"wp-block-paragraph\">Como su nombre indica, en este complejo te espera una perfecta arquitectura balinesa llena de senderos de madera, esculturas originales y tallas tradicionales. Las piscinas las llena agua curativa reconocida por el Estado, procedente de un manantial que se <strong>extrae de una singular profundidad de 1.034 metros<\/strong>. Me llam\u00f3 la atenci\u00f3n que esta agua fluyera por el subsuelo a trav\u00e9s de caliza y dolomita durante <strong>39.000 a\u00f1os<\/strong> antes de llegar a la superficie.<\/p>\n\n\n\n<p class=\"wp-block-paragraph\">Los amantes del calor estar\u00e1n en el s\u00e9ptimo cielo, porque el recinto ofrece <strong>nada menos que 14 saunas distintas<\/strong>, incluida una de vapor y una especial de tierra. Pero lo absolutamente \u00fanico es una <strong>sauna seca de 150 a\u00f1os de antig\u00fcedad y 6 metros de altura<\/strong> construida a imagen de un templo. Para transportarla a Alemania tuvieron que desmontarla en 500 piezas individuales y volver a ensamblarla in situ con exactitud.<\/p>\n\n\n\n<p class=\"wp-block-paragraph\">Seg\u00fan la tarifa de 2026 pagar\u00e1s <strong>28 EUR por la entrada de d\u00eda completo<\/strong>, y con acceso a las saunas 41 EUR. El suplemento de fin de semana es de 3 a 5 EUR. Los ni\u00f1os menores de 3 a\u00f1os entran gratis, pero los menores de 12 <strong>no pueden entrar en absoluto a la zona de saunas<\/strong>. A los j\u00f3venes menores de 16 se les deja entrar solo acompa\u00f1ados de un adulto. <strong>\ud83d\udca1 Consejo:<\/strong> descansa en el original pabell\u00f3n balin\u00e9s, que remata a la perfecci\u00f3n todo el ambiente ex\u00f3tico de este lugar.<\/p>\n\n\n\n<figure data-wp-context=\"{&quot;imageId&quot;:&quot;6a9c0c16d9062&quot;}\" data-wp-interactive=\"core\/image\" data-wp-key=\"6a9c0c16d9062\" class=\"wp-block-image size-full wp-lightbox-container\"><img decoding=\"async\" width=\"1800\" height=\"1429\" data-wp-class--hide=\"state.isContentHidden\" data-wp-class--show=\"state.isContentVisible\" data-wp-init=\"callbacks.setButtonStyles\" data-wp-on--click=\"actions.showLightbox\" data-wp-on--load=\"callbacks.setButtonStyles\" data-wp-on--pointerdown=\"actions.preloadImage\" data-wp-on--pointerenter=\"actions.preloadImageWithDelay\" data-wp-on--pointerleave=\"actions.cancelPreload\" data-wp-on-window--resize=\"callbacks.setButtonStyles\" src=\"https:\/\/loudavymkrokem.cz\/wp-content\/uploads\/2026\/09\/nemecko-clanky-termaly-nemecko-36-6c0708ca-1.jpg\" alt=\"Carolus Thermen (Aachen): zona de saunas\" class=\"wp-image-415342\" title=\"\" srcset=\"https:\/\/loudavymkrokem.cz\/wp-content\/uploads\/2026\/09\/nemecko-clanky-termaly-nemecko-36-6c0708ca-1.jpg 1800w, https:\/\/loudavymkrokem.cz\/wp-content\/uploads\/2026\/09\/nemecko-clanky-termaly-nemecko-36-6c0708ca-1-300x238.jpg 300w, https:\/\/loudavymkrokem.cz\/wp-content\/uploads\/2026\/09\/nemecko-clanky-termaly-nemecko-36-6c0708ca-1-700x556.jpg 700w, https:\/\/loudavymkrokem.cz\/wp-content\/uploads\/2026\/09\/nemecko-clanky-termaly-nemecko-36-6c0708ca-1-768x610.jpg 768w, https:\/\/loudavymkrokem.cz\/wp-content\/uploads\/2026\/09\/nemecko-clanky-termaly-nemecko-36-6c0708ca-1-1536x1219.jpg 1536w, https:\/\/loudavymkrokem.cz\/wp-content\/uploads\/2026\/09\/nemecko-clanky-termaly-nemecko-36-6c0708ca-1-696x553.jpg 696w, https:\/\/loudavymkrokem.cz\/wp-content\/uploads\/2026\/09\/nemecko-clanky-termaly-nemecko-36-6c0708ca-1-1392x1105.jpg 1392w\" sizes=\"(max-width: 1800px) 100vw, 1800px\" \/><button\n\t\t\tclass=\"lightbox-trigger\"\n\t\t\ttype=\"button\"\n\t\t\taria-haspopup=\"dialog\"\n\t\t\tdata-wp-bind--aria-label=\"state.thisImage.triggerButtonAriaLabel\"\n\t\t\tdata-wp-init=\"callbacks.initTriggerButton\"\n\t\t\tdata-wp-on--click=\"actions.showLightbox\"\n\t\t\tdata-wp-style--right=\"state.thisImage.buttonRight\"\n\t\t\tdata-wp-style--top=\"state.thisImage.buttonTop\"\n\t\t>\n\t\t\t<svg xmlns=\"http:\/\/www.w3.org\/2000\/svg\" width=\"12\" height=\"12\" fill=\"none\" viewBox=\"0 0 12 12\">\n\t\t\t\t<path fill=\"#fff\" d=\"M2 0a2 2 0 0 0-2 2v2h1.5V2a.5.5 0 0 1 .5-.5h2V0H2Zm2 10.5H2a.5.5 0 0 1-.5-.5V8H0v2a2 2 0 0 0 2 2h2v-1.5ZM8 12v-1.5h2a.5.5 0 0 0 .5-.5V8H12v2a2 2 0 0 1-2 2H8Zm2-12a2 2 0 0 1 2 2v2h-1.5V2a.5.5 0 0 0-.5-.5H8V0h2Z\" \/>\n\t\t\t<\/svg>\n\t\t<\/button><\/figure>\n\n\n\n<h3 class=\"wp-block-heading\"><span class=\"ez-toc-section\" id=\"29_Carolus_Thermen_Aachen\"><\/span>29. Carolus Thermen (Aachen)<span class=\"ez-toc-section-end\"><\/span><\/h3>\n\n\n\n<p class=\"wp-block-paragraph\">Este lugar enlaza con una tradici\u00f3n incre\u00edblemente larga, porque la ciudad de Aquisgr\u00e1n funcionaba como las termas romanas Aquae Granni <strong>ya desde el a\u00f1o 85 de nuestra era<\/strong>. La joya arquitect\u00f3nica local la dise\u00f1\u00f3 el arquitecto muniqu\u00e9s Rudolf Wienands y el recinto, tras tres a\u00f1os de obras, se <strong>inaugur\u00f3 solemnemente el 9 de febrero de 2001<\/strong>. Sustituy\u00f3 as\u00ed de forma fluida a los antiguos establecimientos del centro, que cerraron en el cambio de milenio.<\/p>\n\n\n\n<p class=\"wp-block-paragraph\">Del funcionamiento del recinto se encarga la empresa municipal de ba\u00f1os, activa desde 1932, que a la vez gestiona el <strong>balneario terap\u00e9utico reconocido por el Estado de Aquisgr\u00e1n<\/strong>. Merece la pena probar sobre todo el popular ba\u00f1o de vapor Strokkur, que se present\u00f3 a los visitantes tras una costosa reforma en enero de 2012.<\/p>\n\n\n\n<p class=\"wp-block-paragraph\">Seg\u00fan la tarifa de 2026, cuenta con una pr\u00e1ctica <strong>tarifa plana de aparcamiento de 6 EUR<\/strong>. Por esa cantidad puedes dejar el coche en el aparcamiento durante toda tu visita y llegar c\u00f3modamente al balneario sin mojarte. El recinto va m\u00e1s bien para calentarse con calma sin grandes atracciones acu\u00e1ticas. <strong>\ud83d\udca1 Consejo:<\/strong> la tarifa plana de aparcamiento merece la pena tambi\u00e9n si despu\u00e9s del ba\u00f1o quieres ir al centro de Aquisgr\u00e1n, el garaje est\u00e1 a unos minutos a pie de la catedral.<\/p>\n\n\n\n<figure data-wp-context=\"{&quot;imageId&quot;:&quot;6a9c0c16d9549&quot;}\" data-wp-interactive=\"core\/image\" data-wp-key=\"6a9c0c16d9549\" class=\"wp-block-image size-full wp-lightbox-container\"><img decoding=\"async\" width=\"1800\" height=\"964\" data-wp-class--hide=\"state.isContentHidden\" data-wp-class--show=\"state.isContentVisible\" data-wp-init=\"callbacks.setButtonStyles\" data-wp-on--click=\"actions.showLightbox\" data-wp-on--load=\"callbacks.setButtonStyles\" data-wp-on--pointerdown=\"actions.preloadImage\" data-wp-on--pointerenter=\"actions.preloadImageWithDelay\" data-wp-on--pointerleave=\"actions.cancelPreload\" data-wp-on-window--resize=\"callbacks.setButtonStyles\" src=\"https:\/\/loudavymkrokem.cz\/wp-content\/uploads\/2026\/09\/nemecko-clanky-termaly-nemecko-37-63e6c760-1.jpg\" alt=\"Mediterana (Bergisch Gladbach)\" class=\"wp-image-415345\" title=\"\" srcset=\"https:\/\/loudavymkrokem.cz\/wp-content\/uploads\/2026\/09\/nemecko-clanky-termaly-nemecko-37-63e6c760-1.jpg 1800w, https:\/\/loudavymkrokem.cz\/wp-content\/uploads\/2026\/09\/nemecko-clanky-termaly-nemecko-37-63e6c760-1-300x161.jpg 300w, https:\/\/loudavymkrokem.cz\/wp-content\/uploads\/2026\/09\/nemecko-clanky-termaly-nemecko-37-63e6c760-1-700x375.jpg 700w, https:\/\/loudavymkrokem.cz\/wp-content\/uploads\/2026\/09\/nemecko-clanky-termaly-nemecko-37-63e6c760-1-768x411.jpg 768w, https:\/\/loudavymkrokem.cz\/wp-content\/uploads\/2026\/09\/nemecko-clanky-termaly-nemecko-37-63e6c760-1-1536x823.jpg 1536w, https:\/\/loudavymkrokem.cz\/wp-content\/uploads\/2026\/09\/nemecko-clanky-termaly-nemecko-37-63e6c760-1-696x373.jpg 696w, https:\/\/loudavymkrokem.cz\/wp-content\/uploads\/2026\/09\/nemecko-clanky-termaly-nemecko-37-63e6c760-1-1392x745.jpg 1392w\" sizes=\"(max-width: 1800px) 100vw, 1800px\" \/><button\n\t\t\tclass=\"lightbox-trigger\"\n\t\t\ttype=\"button\"\n\t\t\taria-haspopup=\"dialog\"\n\t\t\tdata-wp-bind--aria-label=\"state.thisImage.triggerButtonAriaLabel\"\n\t\t\tdata-wp-init=\"callbacks.initTriggerButton\"\n\t\t\tdata-wp-on--click=\"actions.showLightbox\"\n\t\t\tdata-wp-style--right=\"state.thisImage.buttonRight\"\n\t\t\tdata-wp-style--top=\"state.thisImage.buttonTop\"\n\t\t>\n\t\t\t<svg xmlns=\"http:\/\/www.w3.org\/2000\/svg\" width=\"12\" height=\"12\" fill=\"none\" viewBox=\"0 0 12 12\">\n\t\t\t\t<path fill=\"#fff\" d=\"M2 0a2 2 0 0 0-2 2v2h1.5V2a.5.5 0 0 1 .5-.5h2V0H2Zm2 10.5H2a.5.5 0 0 1-.5-.5V8H0v2a2 2 0 0 0 2 2h2v-1.5ZM8 12v-1.5h2a.5.5 0 0 0 .5-.5V8H12v2a2 2 0 0 1-2 2H8Zm2-12a2 2 0 0 1 2 2v2h-1.5V2a.5.5 0 0 0-.5-.5H8V0h2Z\" \/>\n\t\t\t<\/svg>\n\t\t<\/button><\/figure>\n\n\n\n<h3 class=\"wp-block-heading\"><span class=\"ez-toc-section\" id=\"30_Mediterana_Bergisch_Gladbach\"><\/span>30. Mediterana (Bergisch Gladbach)<span class=\"ez-toc-section-end\"><\/span><\/h3>\n\n\n\n<p class=\"wp-block-paragraph\">Si buscas una enorme oferta de opciones de relajaci\u00f3n, aqu\u00ed quedar\u00e1s encantado, porque el complejo ofrece <strong>nada menos que 13 mundos distintos<\/strong>, cada uno con su car\u00e1cter espec\u00edfico. El recinto est\u00e1 en Bergisch Gladbach y te calentar\u00e1s <strong>en 12 saunas variadas y 1 ba\u00f1o de vapor<\/strong>. Todo ello enmarcado en un precioso entorno inspirado en la arquitectura de los pa\u00edses del sur.<\/p>\n\n\n\n<p class=\"wp-block-paragraph\">Los amantes del agua disponen de un total de <strong>7 piscinas y estanques<\/strong>, que invitan directamente a nadar largo rato, a sumergirse con calma o a hacer los saludables recorridos de Kneipp. Los espacios locales son enormes, as\u00ed que aqu\u00ed cada uno encuentra f\u00e1cilmente su rinc\u00f3n favorito para descansar sin molestias tras una semana de trabajo exigente.<\/p>\n\n\n\n<p class=\"wp-block-paragraph\">Seg\u00fan la tarifa vigente para 2026, la entrada de d\u00eda completo de lunes a jueves sale por <strong>unos muy agradables 19,50 EUR<\/strong>. Si vas solo dos horas, pagar\u00e1s 16,50 EUR entre semana y 19,50 EUR de viernes a domingo. Por cada hora adicional empezada pagar\u00e1s 1,50 EUR m\u00e1s. <strong>\ud83d\udca1 Consejo:<\/strong> \u00bferes madrugador? Aprovecha la tarifa especial para nadadores matutinos, cuando la entrada de dos horas entre las 8:00 y las 10:00 sale por solo 14 EUR.<\/p>\n\n\n\n<figure data-wp-context=\"{&quot;imageId&quot;:&quot;6a9c0c16d9a7d&quot;}\" data-wp-interactive=\"core\/image\" data-wp-key=\"6a9c0c16d9a7d\" class=\"wp-block-image size-full wp-lightbox-container\"><img decoding=\"async\" width=\"1800\" height=\"900\" data-wp-class--hide=\"state.isContentHidden\" data-wp-class--show=\"state.isContentVisible\" data-wp-init=\"callbacks.setButtonStyles\" data-wp-on--click=\"actions.showLightbox\" data-wp-on--load=\"callbacks.setButtonStyles\" data-wp-on--pointerdown=\"actions.preloadImage\" data-wp-on--pointerenter=\"actions.preloadImageWithDelay\" data-wp-on--pointerleave=\"actions.cancelPreload\" data-wp-on-window--resize=\"callbacks.setButtonStyles\" src=\"https:\/\/loudavymkrokem.cz\/wp-content\/uploads\/2026\/09\/nemecko-clanky-termaly-nemecko-38-d726c943-1.jpg\" alt=\"Vitasol Therme (Bad Salzuflen)\" class=\"wp-image-415347\" title=\"\" srcset=\"https:\/\/loudavymkrokem.cz\/wp-content\/uploads\/2026\/09\/nemecko-clanky-termaly-nemecko-38-d726c943-1.jpg 1800w, https:\/\/loudavymkrokem.cz\/wp-content\/uploads\/2026\/09\/nemecko-clanky-termaly-nemecko-38-d726c943-1-300x150.jpg 300w, https:\/\/loudavymkrokem.cz\/wp-content\/uploads\/2026\/09\/nemecko-clanky-termaly-nemecko-38-d726c943-1-700x350.jpg 700w, https:\/\/loudavymkrokem.cz\/wp-content\/uploads\/2026\/09\/nemecko-clanky-termaly-nemecko-38-d726c943-1-768x384.jpg 768w, https:\/\/loudavymkrokem.cz\/wp-content\/uploads\/2026\/09\/nemecko-clanky-termaly-nemecko-38-d726c943-1-1536x768.jpg 1536w, https:\/\/loudavymkrokem.cz\/wp-content\/uploads\/2026\/09\/nemecko-clanky-termaly-nemecko-38-d726c943-1-696x348.jpg 696w, https:\/\/loudavymkrokem.cz\/wp-content\/uploads\/2026\/09\/nemecko-clanky-termaly-nemecko-38-d726c943-1-1392x696.jpg 1392w\" sizes=\"(max-width: 1800px) 100vw, 1800px\" \/><button\n\t\t\tclass=\"lightbox-trigger\"\n\t\t\ttype=\"button\"\n\t\t\taria-haspopup=\"dialog\"\n\t\t\tdata-wp-bind--aria-label=\"state.thisImage.triggerButtonAriaLabel\"\n\t\t\tdata-wp-init=\"callbacks.initTriggerButton\"\n\t\t\tdata-wp-on--click=\"actions.showLightbox\"\n\t\t\tdata-wp-style--right=\"state.thisImage.buttonRight\"\n\t\t\tdata-wp-style--top=\"state.thisImage.buttonTop\"\n\t\t>\n\t\t\t<svg xmlns=\"http:\/\/www.w3.org\/2000\/svg\" width=\"12\" height=\"12\" fill=\"none\" viewBox=\"0 0 12 12\">\n\t\t\t\t<path fill=\"#fff\" d=\"M2 0a2 2 0 0 0-2 2v2h1.5V2a.5.5 0 0 1 .5-.5h2V0H2Zm2 10.5H2a.5.5 0 0 1-.5-.5V8H0v2a2 2 0 0 0 2 2h2v-1.5ZM8 12v-1.5h2a.5.5 0 0 0 .5-.5V8H12v2a2 2 0 0 1-2 2H8Zm2-12a2 2 0 0 1 2 2v2h-1.5V2a.5.5 0 0 0-.5-.5H8V0h2Z\" \/>\n\t\t\t<\/svg>\n\t\t<\/button><\/figure>\n\n\n\n<h3 class=\"wp-block-heading\"><span class=\"ez-toc-section\" id=\"31_Vitasol_Therme_Bad_Salzuflen\"><\/span>31. Vitasol Therme (Bad Salzuflen)<span class=\"ez-toc-section-end\"><\/span><\/h3>\n\n\n\n<p class=\"wp-block-paragraph\">En esta ciudad balneario te espera un respetable complejo que se extiende sobre una <strong>superficie de m\u00e1s de 6.000 m\u00b2<\/strong>, de los que la propia l\u00e1mina de agua ocupa unos preciosos 1.700 m\u00b2. El manantial termal salado local, a 37,5 \u00b0C, brota a la superficie a <strong>una velocidad de 90.000 litros por hora<\/strong>. La salinidad original de esta agua curativa llegaba anta\u00f1o al 12 %.<\/p>\n\n\n\n<p class=\"wp-block-paragraph\">Pero el camino hacia esta riqueza no fue nada f\u00e1cil. Los primeros intentos de perforaci\u00f3n tuvieron lugar ya en 1919, pero fracasaron a los 375 metros. Solo en 1967, con brocas especiales americanas, se logr\u00f3 <strong>llegar hasta una profundidad de 1.018 metros<\/strong>. El establecimiento funciona desde 1969 y desde 1998 lo conocemos con su nombre actual.<\/p>\n\n\n\n<p class=\"wp-block-paragraph\">El recinto es una gran elecci\u00f3n para todos los amantes de la nataci\u00f3n y del agua salada curativa. Los operadores piensan tambi\u00e9n en el futuro, porque desde el verano de 2025 se est\u00e1 <strong>construyendo un nuevo hotel de cuatro estrellas<\/strong> con un centenar de habitaciones y doscientas camas. Su finalizaci\u00f3n est\u00e1 prevista para 2027. <strong>\ud83d\udca1 Consejo:<\/strong> hasta que se construya el hotel del complejo, busca alojamiento en el cercano centro de la ciudad, desde donde tendr\u00e1s el balneario a solo un peque\u00f1o paseo a pie.<\/p>\n\n\n\n<figure data-wp-context=\"{&quot;imageId&quot;:&quot;6a9c0c16d9fe1&quot;}\" data-wp-interactive=\"core\/image\" data-wp-key=\"6a9c0c16d9fe1\" class=\"wp-block-image size-full wp-lightbox-container\"><img decoding=\"async\" width=\"1800\" height=\"1350\" data-wp-class--hide=\"state.isContentHidden\" data-wp-class--show=\"state.isContentVisible\" data-wp-init=\"callbacks.setButtonStyles\" data-wp-on--click=\"actions.showLightbox\" data-wp-on--load=\"callbacks.setButtonStyles\" data-wp-on--pointerdown=\"actions.preloadImage\" data-wp-on--pointerenter=\"actions.preloadImageWithDelay\" data-wp-on--pointerleave=\"actions.cancelPreload\" data-wp-on-window--resize=\"callbacks.setButtonStyles\" src=\"https:\/\/loudavymkrokem.cz\/wp-content\/uploads\/2026\/09\/nemecko-clanky-termaly-nemecko-39-605251b4-1.jpg\" alt=\"Mauritius Hotel &#038; Therme K\u00f6ln (K\u00f6ln)\" class=\"wp-image-415351\" title=\"\" srcset=\"https:\/\/loudavymkrokem.cz\/wp-content\/uploads\/2026\/09\/nemecko-clanky-termaly-nemecko-39-605251b4-1.jpg 1800w, https:\/\/loudavymkrokem.cz\/wp-content\/uploads\/2026\/09\/nemecko-clanky-termaly-nemecko-39-605251b4-1-300x225.jpg 300w, https:\/\/loudavymkrokem.cz\/wp-content\/uploads\/2026\/09\/nemecko-clanky-termaly-nemecko-39-605251b4-1-700x525.jpg 700w, https:\/\/loudavymkrokem.cz\/wp-content\/uploads\/2026\/09\/nemecko-clanky-termaly-nemecko-39-605251b4-1-768x576.jpg 768w, https:\/\/loudavymkrokem.cz\/wp-content\/uploads\/2026\/09\/nemecko-clanky-termaly-nemecko-39-605251b4-1-1536x1152.jpg 1536w, https:\/\/loudavymkrokem.cz\/wp-content\/uploads\/2026\/09\/nemecko-clanky-termaly-nemecko-39-605251b4-1-80x60.jpg 80w, https:\/\/loudavymkrokem.cz\/wp-content\/uploads\/2026\/09\/nemecko-clanky-termaly-nemecko-39-605251b4-1-160x120.jpg 160w, https:\/\/loudavymkrokem.cz\/wp-content\/uploads\/2026\/09\/nemecko-clanky-termaly-nemecko-39-605251b4-1-696x522.jpg 696w, https:\/\/loudavymkrokem.cz\/wp-content\/uploads\/2026\/09\/nemecko-clanky-termaly-nemecko-39-605251b4-1-1392x1044.jpg 1392w\" sizes=\"(max-width: 1800px) 100vw, 1800px\" \/><button\n\t\t\tclass=\"lightbox-trigger\"\n\t\t\ttype=\"button\"\n\t\t\taria-haspopup=\"dialog\"\n\t\t\tdata-wp-bind--aria-label=\"state.thisImage.triggerButtonAriaLabel\"\n\t\t\tdata-wp-init=\"callbacks.initTriggerButton\"\n\t\t\tdata-wp-on--click=\"actions.showLightbox\"\n\t\t\tdata-wp-style--right=\"state.thisImage.buttonRight\"\n\t\t\tdata-wp-style--top=\"state.thisImage.buttonTop\"\n\t\t>\n\t\t\t<svg xmlns=\"http:\/\/www.w3.org\/2000\/svg\" width=\"12\" height=\"12\" fill=\"none\" viewBox=\"0 0 12 12\">\n\t\t\t\t<path fill=\"#fff\" d=\"M2 0a2 2 0 0 0-2 2v2h1.5V2a.5.5 0 0 1 .5-.5h2V0H2Zm2 10.5H2a.5.5 0 0 1-.5-.5V8H0v2a2 2 0 0 0 2 2h2v-1.5ZM8 12v-1.5h2a.5.5 0 0 0 .5-.5V8H12v2a2 2 0 0 1-2 2H8Zm2-12a2 2 0 0 1 2 2v2h-1.5V2a.5.5 0 0 0-.5-.5H8V0h2Z\" \/>\n\t\t\t<\/svg>\n\t\t<\/button><figcaption class=\"wp-element-caption\">Foto: Duhon \/ Wikimedia Commons, CC BY 3.0<\/figcaption><\/figure>\n\n\n\n<h3 class=\"wp-block-heading\"><span class=\"ez-toc-section\" id=\"32_Mauritius_Hotel_Therme_Koln_Koln\"><\/span>32. Mauritius Hotel &#038; Therme K\u00f6ln (K\u00f6ln)<span class=\"ez-toc-section-end\"><\/span><\/h3>\n\n\n\n<p class=\"wp-block-paragraph\">En este caso no se trata de una piscina p\u00fablica cl\u00e1sica, sino de un <strong>lujoso hotel de cuatro estrellas con un enorme centro de wellness<\/strong>. Lo encontrar\u00e1s escondido en un rinc\u00f3n tranquilo del mism\u00edsimo centro de Colonia, justo al lado de la iglesia hist\u00f3rica de San Mauricio. El lugar est\u00e1 hecho a medida para parejas que quieren combinar la exploraci\u00f3n de la gran ciudad con la relajaci\u00f3n nocturna.<\/p>\n\n\n\n<p class=\"wp-block-paragraph\">La propia parte termal y de descanso se extiende sobre una <strong>generosa superficie de 3.500 m\u00b2<\/strong>. Tendr\u00e1s donde elegir, porque aqu\u00ed hay 7 saunas distintas, 1 ba\u00f1o de vapor y nada menos que 2 jacuzzis. La especialidad del recinto es una <strong>piscina exterior enriquecida con sal del mar Muerto<\/strong>. Ten en cuenta que al mundo de saunas se entra estrictamente sin ba\u00f1ador. Tambi\u00e9n hay un gimnasio y una amplia oferta de masajes.<\/p>\n\n\n\n<p class=\"wp-block-paragraph\">Si te alojas aqu\u00ed, seg\u00fan la tarifa de 2026 los hu\u00e9spedes del hotel pagan por el acceso a la zona de wellness un <strong>suplemento de 10 EUR por persona y d\u00eda<\/strong>. Y este precio ventajoso lo puedes aprovechar incluso el d\u00eda de tu salida. <strong>\ud83d\udca1 Consejo:<\/strong> tras un d\u00eda entero caminando por los monumentos de Colonia, tus pies agradecer\u00e1n sin duda un largo ba\u00f1o en el agua salada curativa, as\u00ed que no te lo pierdas.<\/p>\n\n\n\n<figure data-wp-context=\"{&quot;imageId&quot;:&quot;6a9c0c16da4eb&quot;}\" data-wp-interactive=\"core\/image\" data-wp-key=\"6a9c0c16da4eb\" class=\"wp-block-image size-full wp-lightbox-container\"><img decoding=\"async\" width=\"1800\" height=\"1200\" data-wp-class--hide=\"state.isContentHidden\" data-wp-class--show=\"state.isContentVisible\" data-wp-init=\"callbacks.setButtonStyles\" data-wp-on--click=\"actions.showLightbox\" data-wp-on--load=\"callbacks.setButtonStyles\" data-wp-on--pointerdown=\"actions.preloadImage\" data-wp-on--pointerenter=\"actions.preloadImageWithDelay\" data-wp-on--pointerleave=\"actions.cancelPreload\" data-wp-on-window--resize=\"callbacks.setButtonStyles\" src=\"https:\/\/loudavymkrokem.cz\/wp-content\/uploads\/2026\/09\/nemecko-clanky-termaly-nemecko-40-b4685b4f-1.jpg\" alt=\"Claudius Therme (K\u00f6ln)\" class=\"wp-image-415353\" title=\"\" srcset=\"https:\/\/loudavymkrokem.cz\/wp-content\/uploads\/2026\/09\/nemecko-clanky-termaly-nemecko-40-b4685b4f-1.jpg 1800w, https:\/\/loudavymkrokem.cz\/wp-content\/uploads\/2026\/09\/nemecko-clanky-termaly-nemecko-40-b4685b4f-1-300x200.jpg 300w, https:\/\/loudavymkrokem.cz\/wp-content\/uploads\/2026\/09\/nemecko-clanky-termaly-nemecko-40-b4685b4f-1-700x467.jpg 700w, https:\/\/loudavymkrokem.cz\/wp-content\/uploads\/2026\/09\/nemecko-clanky-termaly-nemecko-40-b4685b4f-1-768x512.jpg 768w, https:\/\/loudavymkrokem.cz\/wp-content\/uploads\/2026\/09\/nemecko-clanky-termaly-nemecko-40-b4685b4f-1-1536x1024.jpg 1536w, https:\/\/loudavymkrokem.cz\/wp-content\/uploads\/2026\/09\/nemecko-clanky-termaly-nemecko-40-b4685b4f-1-696x464.jpg 696w, https:\/\/loudavymkrokem.cz\/wp-content\/uploads\/2026\/09\/nemecko-clanky-termaly-nemecko-40-b4685b4f-1-1392x928.jpg 1392w\" sizes=\"(max-width: 1800px) 100vw, 1800px\" \/><button\n\t\t\tclass=\"lightbox-trigger\"\n\t\t\ttype=\"button\"\n\t\t\taria-haspopup=\"dialog\"\n\t\t\tdata-wp-bind--aria-label=\"state.thisImage.triggerButtonAriaLabel\"\n\t\t\tdata-wp-init=\"callbacks.initTriggerButton\"\n\t\t\tdata-wp-on--click=\"actions.showLightbox\"\n\t\t\tdata-wp-style--right=\"state.thisImage.buttonRight\"\n\t\t\tdata-wp-style--top=\"state.thisImage.buttonTop\"\n\t\t>\n\t\t\t<svg xmlns=\"http:\/\/www.w3.org\/2000\/svg\" width=\"12\" height=\"12\" fill=\"none\" viewBox=\"0 0 12 12\">\n\t\t\t\t<path fill=\"#fff\" d=\"M2 0a2 2 0 0 0-2 2v2h1.5V2a.5.5 0 0 1 .5-.5h2V0H2Zm2 10.5H2a.5.5 0 0 1-.5-.5V8H0v2a2 2 0 0 0 2 2h2v-1.5ZM8 12v-1.5h2a.5.5 0 0 0 .5-.5V8H12v2a2 2 0 0 1-2 2H8Zm2-12a2 2 0 0 1 2 2v2h-1.5V2a.5.5 0 0 0-.5-.5H8V0h2Z\" \/>\n\t\t\t<\/svg>\n\t\t<\/button><figcaption class=\"wp-element-caption\">Foto: Maksym Kozlenko \/ Wikimedia Commons, CC BY-SA 4.0<\/figcaption><\/figure>\n\n\n\n<h3 class=\"wp-block-heading\"><span class=\"ez-toc-section\" id=\"33_Claudius_Therme_Koln\"><\/span>33. Claudius Therme (K\u00f6ln)<span class=\"ez-toc-section-end\"><\/span><\/h3>\n\n\n\n<p class=\"wp-block-paragraph\">\u00bfBuscas un ba\u00f1o con la mejor direcci\u00f3n posible? Este recinto est\u00e1 justo en el Rheinpark de Colonia, en la orilla derecha del Rin, y ofrece <strong>fant\u00e1sticas vistas de la famosa catedral de Colonia<\/strong>. Las piscinas locales las abastece un manantial termal mineral natural de alta calidad, reconocido por el Estado, que garantiza una relajaci\u00f3n perfecta para cuerpo y mente.<\/p>\n\n\n\n<p class=\"wp-block-paragraph\">A los visitantes les espera aqu\u00ed un enorme mundo acu\u00e1tico formado por un <strong>total de 12 piscinas distintas<\/strong>. Si prefieres un buen calor, te encantar\u00e1 la oferta de 8 saunas y 3 ba\u00f1os de vapor. Seg\u00fan la tarifa vigente para 2026, por dos horas de ba\u00f1o pagar\u00e1s de 19,50 a 22,50 EUR. La variante con sauna sale por 27,50 a 30,50 EUR y la <strong>entrada de d\u00eda completo cuesta de 36,50 a 47,50 EUR<\/strong>.<\/p>\n\n\n\n<p class=\"wp-block-paragraph\">El establecimiento piensa tambi\u00e9n en los conductores, as\u00ed que la tarifa plana de <strong>aparcamiento de d\u00eda completo te sale por unos agradables 3 EUR<\/strong>. En cuanto a l\u00edmites de edad, la entrada solo se permite a ni\u00f1os a partir de 6 a\u00f1os. A los j\u00f3venes menores de 16 se les deja entrar solo acompa\u00f1ados de un adulto. <strong>\ud83d\udca1 Consejo:<\/strong> intenta planear la visita para media tarde, la vista de la catedral iluminada desde la piscina termal exterior es inolvidable.<\/p>\n\n\n\n<figure data-wp-context=\"{&quot;imageId&quot;:&quot;6a9c0c16da9bc&quot;}\" data-wp-interactive=\"core\/image\" data-wp-key=\"6a9c0c16da9bc\" class=\"wp-block-image size-full wp-lightbox-container\"><img decoding=\"async\" width=\"1800\" height=\"1200\" data-wp-class--hide=\"state.isContentHidden\" data-wp-class--show=\"state.isContentVisible\" data-wp-init=\"callbacks.setButtonStyles\" data-wp-on--click=\"actions.showLightbox\" data-wp-on--load=\"callbacks.setButtonStyles\" data-wp-on--pointerdown=\"actions.preloadImage\" data-wp-on--pointerenter=\"actions.preloadImageWithDelay\" data-wp-on--pointerleave=\"actions.cancelPreload\" data-wp-on-window--resize=\"callbacks.setButtonStyles\" src=\"https:\/\/loudavymkrokem.cz\/wp-content\/uploads\/2026\/09\/nemecko-clanky-termaly-nemecko-41-eecaebfa-1.jpg\" alt=\"Taunus-Therme en Bad Homburg\" class=\"wp-image-415356\" title=\"\" srcset=\"https:\/\/loudavymkrokem.cz\/wp-content\/uploads\/2026\/09\/nemecko-clanky-termaly-nemecko-41-eecaebfa-1.jpg 1800w, https:\/\/loudavymkrokem.cz\/wp-content\/uploads\/2026\/09\/nemecko-clanky-termaly-nemecko-41-eecaebfa-1-300x200.jpg 300w, https:\/\/loudavymkrokem.cz\/wp-content\/uploads\/2026\/09\/nemecko-clanky-termaly-nemecko-41-eecaebfa-1-700x467.jpg 700w, https:\/\/loudavymkrokem.cz\/wp-content\/uploads\/2026\/09\/nemecko-clanky-termaly-nemecko-41-eecaebfa-1-768x512.jpg 768w, https:\/\/loudavymkrokem.cz\/wp-content\/uploads\/2026\/09\/nemecko-clanky-termaly-nemecko-41-eecaebfa-1-1536x1024.jpg 1536w, https:\/\/loudavymkrokem.cz\/wp-content\/uploads\/2026\/09\/nemecko-clanky-termaly-nemecko-41-eecaebfa-1-696x464.jpg 696w, https:\/\/loudavymkrokem.cz\/wp-content\/uploads\/2026\/09\/nemecko-clanky-termaly-nemecko-41-eecaebfa-1-1392x928.jpg 1392w\" sizes=\"(max-width: 1800px) 100vw, 1800px\" \/><button\n\t\t\tclass=\"lightbox-trigger\"\n\t\t\ttype=\"button\"\n\t\t\taria-haspopup=\"dialog\"\n\t\t\tdata-wp-bind--aria-label=\"state.thisImage.triggerButtonAriaLabel\"\n\t\t\tdata-wp-init=\"callbacks.initTriggerButton\"\n\t\t\tdata-wp-on--click=\"actions.showLightbox\"\n\t\t\tdata-wp-style--right=\"state.thisImage.buttonRight\"\n\t\t\tdata-wp-style--top=\"state.thisImage.buttonTop\"\n\t\t>\n\t\t\t<svg xmlns=\"http:\/\/www.w3.org\/2000\/svg\" width=\"12\" height=\"12\" fill=\"none\" viewBox=\"0 0 12 12\">\n\t\t\t\t<path fill=\"#fff\" d=\"M2 0a2 2 0 0 0-2 2v2h1.5V2a.5.5 0 0 1 .5-.5h2V0H2Zm2 10.5H2a.5.5 0 0 1-.5-.5V8H0v2a2 2 0 0 0 2 2h2v-1.5ZM8 12v-1.5h2a.5.5 0 0 0 .5-.5V8H12v2a2 2 0 0 1-2 2H8Zm2-12a2 2 0 0 1 2 2v2h-1.5V2a.5.5 0 0 0-.5-.5H8V0h2Z\" \/>\n\t\t\t<\/svg>\n\t\t<\/button><\/figure>\n\n\n\n<h2 class=\"wp-block-heading\"><span class=\"ez-toc-section\" id=\"Termas_en_Hesse\"><\/span>Termas en Hesse<span class=\"ez-toc-section-end\"><\/span><\/h2>\n\n\n\n<p class=\"wp-block-paragraph\">Si buscas un lugar donde se una la historia profunda con un verdadero descanso, el estado de Hesse te encantar\u00e1 seguro. Aqu\u00ed encontrar\u00e1s famosas ciudades balneario como Wiesbaden o Bad Homburg, que presumen de una rica tradici\u00f3n y de algunos de los <strong>manantiales m\u00e1s calientes de toda Alemania<\/strong>. Es un destino ideal para un fin de semana largo, porque desde Espa\u00f1a se llega con relativa facilidad, sobre todo volando a Fr\u00e1ncfort.<\/p>\n\n\n\n<p class=\"wp-block-paragraph\">Los balnearios de Hesse tienen un ambiente que a menudo recuerda a antiguos templos cl\u00e1sicos o a lujosos palacios. Ya ans\u00edes la contemplaci\u00f3n silenciosa en escenarios hist\u00f3ricos, ya prefieras los modernos rituales de sauna, aqu\u00ed disfrutar\u00e1s. Vamos a ver los recintos m\u00e1s interesantes que no deber\u00edas saltarte al planear el viaje.<\/p>\n\n\n\n<figure data-wp-context=\"{&quot;imageId&quot;:&quot;6a9c0c16dae8a&quot;}\" data-wp-interactive=\"core\/image\" data-wp-key=\"6a9c0c16dae8a\" class=\"wp-block-image size-full wp-lightbox-container\"><img decoding=\"async\" width=\"1800\" height=\"1347\" data-wp-class--hide=\"state.isContentHidden\" data-wp-class--show=\"state.isContentVisible\" data-wp-init=\"callbacks.setButtonStyles\" data-wp-on--click=\"actions.showLightbox\" data-wp-on--load=\"callbacks.setButtonStyles\" data-wp-on--pointerdown=\"actions.preloadImage\" data-wp-on--pointerenter=\"actions.preloadImageWithDelay\" data-wp-on--pointerleave=\"actions.cancelPreload\" data-wp-on-window--resize=\"callbacks.setButtonStyles\" src=\"https:\/\/loudavymkrokem.cz\/wp-content\/uploads\/2026\/09\/nemecko-clanky-termaly-nemecko-42-4670ad94-1.jpg\" alt=\"Taunus-Therme (Bad Homburg): entrada a las termas con pasarela\" class=\"wp-image-415359\" title=\"\" srcset=\"https:\/\/loudavymkrokem.cz\/wp-content\/uploads\/2026\/09\/nemecko-clanky-termaly-nemecko-42-4670ad94-1.jpg 1800w, https:\/\/loudavymkrokem.cz\/wp-content\/uploads\/2026\/09\/nemecko-clanky-termaly-nemecko-42-4670ad94-1-300x225.jpg 300w, https:\/\/loudavymkrokem.cz\/wp-content\/uploads\/2026\/09\/nemecko-clanky-termaly-nemecko-42-4670ad94-1-700x524.jpg 700w, https:\/\/loudavymkrokem.cz\/wp-content\/uploads\/2026\/09\/nemecko-clanky-termaly-nemecko-42-4670ad94-1-768x575.jpg 768w, https:\/\/loudavymkrokem.cz\/wp-content\/uploads\/2026\/09\/nemecko-clanky-termaly-nemecko-42-4670ad94-1-1536x1149.jpg 1536w, https:\/\/loudavymkrokem.cz\/wp-content\/uploads\/2026\/09\/nemecko-clanky-termaly-nemecko-42-4670ad94-1-80x60.jpg 80w, https:\/\/loudavymkrokem.cz\/wp-content\/uploads\/2026\/09\/nemecko-clanky-termaly-nemecko-42-4670ad94-1-160x120.jpg 160w, https:\/\/loudavymkrokem.cz\/wp-content\/uploads\/2026\/09\/nemecko-clanky-termaly-nemecko-42-4670ad94-1-696x521.jpg 696w, https:\/\/loudavymkrokem.cz\/wp-content\/uploads\/2026\/09\/nemecko-clanky-termaly-nemecko-42-4670ad94-1-1392x1042.jpg 1392w\" sizes=\"(max-width: 1800px) 100vw, 1800px\" \/><button\n\t\t\tclass=\"lightbox-trigger\"\n\t\t\ttype=\"button\"\n\t\t\taria-haspopup=\"dialog\"\n\t\t\tdata-wp-bind--aria-label=\"state.thisImage.triggerButtonAriaLabel\"\n\t\t\tdata-wp-init=\"callbacks.initTriggerButton\"\n\t\t\tdata-wp-on--click=\"actions.showLightbox\"\n\t\t\tdata-wp-style--right=\"state.thisImage.buttonRight\"\n\t\t\tdata-wp-style--top=\"state.thisImage.buttonTop\"\n\t\t>\n\t\t\t<svg xmlns=\"http:\/\/www.w3.org\/2000\/svg\" width=\"12\" height=\"12\" fill=\"none\" viewBox=\"0 0 12 12\">\n\t\t\t\t<path fill=\"#fff\" d=\"M2 0a2 2 0 0 0-2 2v2h1.5V2a.5.5 0 0 1 .5-.5h2V0H2Zm2 10.5H2a.5.5 0 0 1-.5-.5V8H0v2a2 2 0 0 0 2 2h2v-1.5ZM8 12v-1.5h2a.5.5 0 0 0 .5-.5V8H12v2a2 2 0 0 1-2 2H8Zm2-12a2 2 0 0 1 2 2v2h-1.5V2a.5.5 0 0 0-.5-.5H8V0h2Z\" \/>\n\t\t\t<\/svg>\n\t\t<\/button><figcaption class=\"wp-element-caption\">Foto: Karsten11 \/ Wikimedia Commons, Public domain<\/figcaption><\/figure>\n\n\n\n<h3 class=\"wp-block-heading\"><span class=\"ez-toc-section\" id=\"34_Taunus-Therme_Bad_Homburg\"><\/span>34. Taunus-Therme (Bad Homburg)<span class=\"ez-toc-section-end\"><\/span><\/h3>\n\n\n\n<p class=\"wp-block-paragraph\">El recinto Taunus-Therme, en la ciudad de Bad Homburg, es excepcional sobre todo por su enorme espacio, porque ofrece <strong>1.200 metros cuadrados de superficies interiores y exteriores<\/strong> para una relajaci\u00f3n perfecta. El agua de las piscinas llega del manantial local Viktoria-Louise-Quelle, que tiene originalmente 22,4 \u00b0C, pero para tu m\u00e1ximo confort se calienta a unos <strong>agradables 34,5 \u00b0C<\/strong>.<\/p>\n\n\n\n<p class=\"wp-block-paragraph\">Puedes disfrutar de un mont\u00f3n de rincones con agua termal, donde te espera la calma. Si te encantan las burbujas, te alegrar\u00e1n nada menos que <strong>cuatro jacuzzis calientes a 37 \u00b0C<\/strong>, que relajan a la perfecci\u00f3n los m\u00fasculos cansados. Los amantes de la sudoraci\u00f3n apreciar\u00e1n la rica zona de saunas, en la que hay un total de ocho saunas tem\u00e1ticas con temperaturas de 45 \u00b0C a 100 \u00b0C.<\/p>\n\n\n\n<p class=\"wp-block-paragraph\">Dos de estas ocho saunas est\u00e1n <strong>reservadas en exclusiva solo para mujeres<\/strong>, una gran noticia para todas las que buscan m\u00e1s privacidad. El recinto es en general m\u00e1s adecuado para visitantes adultos que buscan calma y descanso silencioso. <strong>\ud83d\udca1 Consejo:<\/strong> aunque aqu\u00ed no encontrar\u00e1s toboganes salvajes, la enorme superficie garantiza que no te agolpar\u00e1s con el resto de la gente y siempre encontrar\u00e1s tu rinc\u00f3n tranquilo.<\/p>\n\n\n\n<figure data-wp-context=\"{&quot;imageId&quot;:&quot;6a9c0c16db3c0&quot;}\" data-wp-interactive=\"core\/image\" data-wp-key=\"6a9c0c16db3c0\" class=\"wp-block-image size-full wp-lightbox-container\"><img decoding=\"async\" width=\"1800\" height=\"1350\" data-wp-class--hide=\"state.isContentHidden\" data-wp-class--show=\"state.isContentVisible\" data-wp-init=\"callbacks.setButtonStyles\" data-wp-on--click=\"actions.showLightbox\" data-wp-on--load=\"callbacks.setButtonStyles\" data-wp-on--pointerdown=\"actions.preloadImage\" data-wp-on--pointerenter=\"actions.preloadImageWithDelay\" data-wp-on--pointerleave=\"actions.cancelPreload\" data-wp-on-window--resize=\"callbacks.setButtonStyles\" src=\"https:\/\/loudavymkrokem.cz\/wp-content\/uploads\/2026\/09\/nemecko-clanky-termaly-nemecko-43-b17240b7-1.jpg\" alt=\"KurhessenTherme (Kassel)\" class=\"wp-image-415361\" title=\"\" srcset=\"https:\/\/loudavymkrokem.cz\/wp-content\/uploads\/2026\/09\/nemecko-clanky-termaly-nemecko-43-b17240b7-1.jpg 1800w, https:\/\/loudavymkrokem.cz\/wp-content\/uploads\/2026\/09\/nemecko-clanky-termaly-nemecko-43-b17240b7-1-300x225.jpg 300w, https:\/\/loudavymkrokem.cz\/wp-content\/uploads\/2026\/09\/nemecko-clanky-termaly-nemecko-43-b17240b7-1-700x525.jpg 700w, https:\/\/loudavymkrokem.cz\/wp-content\/uploads\/2026\/09\/nemecko-clanky-termaly-nemecko-43-b17240b7-1-768x576.jpg 768w, https:\/\/loudavymkrokem.cz\/wp-content\/uploads\/2026\/09\/nemecko-clanky-termaly-nemecko-43-b17240b7-1-1536x1152.jpg 1536w, https:\/\/loudavymkrokem.cz\/wp-content\/uploads\/2026\/09\/nemecko-clanky-termaly-nemecko-43-b17240b7-1-80x60.jpg 80w, https:\/\/loudavymkrokem.cz\/wp-content\/uploads\/2026\/09\/nemecko-clanky-termaly-nemecko-43-b17240b7-1-160x120.jpg 160w, https:\/\/loudavymkrokem.cz\/wp-content\/uploads\/2026\/09\/nemecko-clanky-termaly-nemecko-43-b17240b7-1-696x522.jpg 696w, https:\/\/loudavymkrokem.cz\/wp-content\/uploads\/2026\/09\/nemecko-clanky-termaly-nemecko-43-b17240b7-1-1392x1044.jpg 1392w\" sizes=\"(max-width: 1800px) 100vw, 1800px\" \/><button\n\t\t\tclass=\"lightbox-trigger\"\n\t\t\ttype=\"button\"\n\t\t\taria-haspopup=\"dialog\"\n\t\t\tdata-wp-bind--aria-label=\"state.thisImage.triggerButtonAriaLabel\"\n\t\t\tdata-wp-init=\"callbacks.initTriggerButton\"\n\t\t\tdata-wp-on--click=\"actions.showLightbox\"\n\t\t\tdata-wp-style--right=\"state.thisImage.buttonRight\"\n\t\t\tdata-wp-style--top=\"state.thisImage.buttonTop\"\n\t\t>\n\t\t\t<svg xmlns=\"http:\/\/www.w3.org\/2000\/svg\" width=\"12\" height=\"12\" fill=\"none\" viewBox=\"0 0 12 12\">\n\t\t\t\t<path fill=\"#fff\" d=\"M2 0a2 2 0 0 0-2 2v2h1.5V2a.5.5 0 0 1 .5-.5h2V0H2Zm2 10.5H2a.5.5 0 0 1-.5-.5V8H0v2a2 2 0 0 0 2 2h2v-1.5ZM8 12v-1.5h2a.5.5 0 0 0 .5-.5V8H12v2a2 2 0 0 1-2 2H8Zm2-12a2 2 0 0 1 2 2v2h-1.5V2a.5.5 0 0 0-.5-.5H8V0h2Z\" \/>\n\t\t\t<\/svg>\n\t\t<\/button><figcaption class=\"wp-element-caption\">Foto: Pedelecs \/ Wikimedia Commons, CC BY-SA 3.0<\/figcaption><\/figure>\n\n\n\n<h3 class=\"wp-block-heading\"><span class=\"ez-toc-section\" id=\"35_KurhessenTherme_Kassel\"><\/span>35. KurhessenTherme (Kassel)<span class=\"ez-toc-section-end\"><\/span><\/h3>\n\n\n\n<p class=\"wp-block-paragraph\">Si vas a la ciudad de Kassel, no te saltes el recinto KurhessenTherme, que te sorprender\u00e1 con un singular <strong>lago de sauna de 200 metros cuadrados<\/strong>. Este lago tiene una refrescante temperatura de entre 19 y 21 \u00b0C y est\u00e1 integrado en el llamado Jard\u00edn del Para\u00edso. Este ofrece m\u00e1s de <strong>400 metros cuadrados para descansar sin ba\u00f1ador<\/strong>, algo que agradar\u00e1n todos los aficionados al naturismo.<\/p>\n\n\n\n<p class=\"wp-block-paragraph\">El mundo de saunas es aqu\u00ed generoso, con un total de ocho cabinas distintas. Los principiantes pueden probar la suave sauna de luz con cristales de sal a 45 \u00b0C, o la sauna de 55 \u00b0C, estupenda para las v\u00edas respiratorias. Los saunistas experimentados, en cambio, ir\u00e1n a la <strong>sauna de piedras calientes a 100 \u00b0C<\/strong>. Las mujeres disponen tambi\u00e9n de su propia sauna oriental femenina.<\/p>\n\n\n\n<p class=\"wp-block-paragraph\">Seg\u00fan la tarifa de 2026, por la entrada de dos horas a termas y saunas pagar\u00e1s <strong>de 23 a 24,50 euros<\/strong>, y la de d\u00eda completo sale por 26,50 a 28 euros seg\u00fan el d\u00eda de la semana. Por cada quince minutos empezados de m\u00e1s se paga 1,50 euros. <strong>\ud83d\udca1 Consejo:<\/strong> si despu\u00e9s del ba\u00f1o te entra hambre, el restaurante local ofrece unos deliciosos gnocchi sin carne o espaguetis con pesto verde y verduras a la brasa por 11,50 euros.<\/p>\n\n\n\n<figure data-wp-context=\"{&quot;imageId&quot;:&quot;6a9c0c16db9d1&quot;}\" data-wp-interactive=\"core\/image\" data-wp-key=\"6a9c0c16db9d1\" class=\"wp-block-image size-full wp-lightbox-container\"><img decoding=\"async\" width=\"1800\" height=\"1800\" data-wp-class--hide=\"state.isContentHidden\" data-wp-class--show=\"state.isContentVisible\" data-wp-init=\"callbacks.setButtonStyles\" data-wp-on--click=\"actions.showLightbox\" data-wp-on--load=\"callbacks.setButtonStyles\" data-wp-on--pointerdown=\"actions.preloadImage\" data-wp-on--pointerenter=\"actions.preloadImageWithDelay\" data-wp-on--pointerleave=\"actions.cancelPreload\" data-wp-on-window--resize=\"callbacks.setButtonStyles\" src=\"https:\/\/loudavymkrokem.cz\/wp-content\/uploads\/2026\/09\/nemecko-clanky-termaly-nemecko-44-2d6e2fb5-1.jpg\" alt=\"Odenwald-Therme (Bad K\u00f6nig): zona de saunas\" class=\"wp-image-415363\" title=\"\" srcset=\"https:\/\/loudavymkrokem.cz\/wp-content\/uploads\/2026\/09\/nemecko-clanky-termaly-nemecko-44-2d6e2fb5-1.jpg 1800w, https:\/\/loudavymkrokem.cz\/wp-content\/uploads\/2026\/09\/nemecko-clanky-termaly-nemecko-44-2d6e2fb5-1-300x300.jpg 300w, https:\/\/loudavymkrokem.cz\/wp-content\/uploads\/2026\/09\/nemecko-clanky-termaly-nemecko-44-2d6e2fb5-1-700x700.jpg 700w, https:\/\/loudavymkrokem.cz\/wp-content\/uploads\/2026\/09\/nemecko-clanky-termaly-nemecko-44-2d6e2fb5-1-150x150.jpg 150w, https:\/\/loudavymkrokem.cz\/wp-content\/uploads\/2026\/09\/nemecko-clanky-termaly-nemecko-44-2d6e2fb5-1-768x768.jpg 768w, https:\/\/loudavymkrokem.cz\/wp-content\/uploads\/2026\/09\/nemecko-clanky-termaly-nemecko-44-2d6e2fb5-1-1536x1536.jpg 1536w, https:\/\/loudavymkrokem.cz\/wp-content\/uploads\/2026\/09\/nemecko-clanky-termaly-nemecko-44-2d6e2fb5-1-696x696.jpg 696w, https:\/\/loudavymkrokem.cz\/wp-content\/uploads\/2026\/09\/nemecko-clanky-termaly-nemecko-44-2d6e2fb5-1-1392x1392.jpg 1392w\" sizes=\"(max-width: 1800px) 100vw, 1800px\" \/><button\n\t\t\tclass=\"lightbox-trigger\"\n\t\t\ttype=\"button\"\n\t\t\taria-haspopup=\"dialog\"\n\t\t\tdata-wp-bind--aria-label=\"state.thisImage.triggerButtonAriaLabel\"\n\t\t\tdata-wp-init=\"callbacks.initTriggerButton\"\n\t\t\tdata-wp-on--click=\"actions.showLightbox\"\n\t\t\tdata-wp-style--right=\"state.thisImage.buttonRight\"\n\t\t\tdata-wp-style--top=\"state.thisImage.buttonTop\"\n\t\t>\n\t\t\t<svg xmlns=\"http:\/\/www.w3.org\/2000\/svg\" width=\"12\" height=\"12\" fill=\"none\" viewBox=\"0 0 12 12\">\n\t\t\t\t<path fill=\"#fff\" d=\"M2 0a2 2 0 0 0-2 2v2h1.5V2a.5.5 0 0 1 .5-.5h2V0H2Zm2 10.5H2a.5.5 0 0 1-.5-.5V8H0v2a2 2 0 0 0 2 2h2v-1.5ZM8 12v-1.5h2a.5.5 0 0 0 .5-.5V8H12v2a2 2 0 0 1-2 2H8Zm2-12a2 2 0 0 1 2 2v2h-1.5V2a.5.5 0 0 0-.5-.5H8V0h2Z\" \/>\n\t\t\t<\/svg>\n\t\t<\/button><\/figure>\n\n\n\n<h3 class=\"wp-block-heading\"><span class=\"ez-toc-section\" id=\"36_Odenwald-Therme_Bad_Konig\"><\/span>36. Odenwald-Therme (Bad K\u00f6nig)<span class=\"ez-toc-section-end\"><\/span><\/h3>\n\n\n\n<p class=\"wp-block-paragraph\">En la pintoresca peque\u00f1a Bad K\u00f6nig est\u00e1 el Odenwald-Therme, donde en una superficie de <strong>m\u00e1s de 1.300 metros cuadrados<\/strong> encontrar\u00e1s un mundo de saunas muy agradable y piscinas termales. Este recinto es una gran elecci\u00f3n para quienes buscan un ambiente m\u00e1s \u00edntimo y tranquilo, sin enormes multitudes, y apreciar\u00e1n la <strong>gran piscina exterior<\/strong> para nadar al aire libre.<\/p>\n\n\n\n<p class=\"wp-block-paragraph\">Dentro te esperan cuatro saunas de distintas temperaturas. La m\u00e1s caliente es la <strong>Odenwald-Sauna a 90 \u00b0C<\/strong>, donde se celebran con regularidad las populares ceremonias de sauna, los llamados Aufg\u00fcsse. Adem\u00e1s, puedes calentar el cuerpo en la sauna de p\u00e1jaros a 80 \u00b0C, en el suave sanarium caldeado a 60 \u00b0C o en el ba\u00f1o de vapor arom\u00e1tico, a unos c\u00f3modos 40 \u00b0C. Despu\u00e9s puedes descansar en las salas de relajaci\u00f3n reservadas o darte un peeling corporal.<\/p>\n\n\n\n<p class=\"wp-block-paragraph\">La entrada b\u00e1sica a termas y saunas sale, seg\u00fan la tarifa de 2026, por <strong>22,50 euros<\/strong>, mientras que la de d\u00eda completo cuesta 28,50 euros. El recinto es ideal para parejas y adultos que quieren descansar tranquilamente. <strong>\ud83d\udca1 Consejo:<\/strong> si en la gastronom\u00eda local pides comida caliente por valor de al menos 4,90 euros, recibes autom\u00e1ticamente una hora extra de tiempo para tu entrada, completamente gratis.<\/p>\n\n\n\n<figure data-wp-context=\"{&quot;imageId&quot;:&quot;6a9c0c16dbe8c&quot;}\" data-wp-interactive=\"core\/image\" data-wp-key=\"6a9c0c16dbe8c\" class=\"wp-block-image size-full wp-lightbox-container\"><img decoding=\"async\" width=\"1800\" height=\"1200\" data-wp-class--hide=\"state.isContentHidden\" data-wp-class--show=\"state.isContentVisible\" data-wp-init=\"callbacks.setButtonStyles\" data-wp-on--click=\"actions.showLightbox\" data-wp-on--load=\"callbacks.setButtonStyles\" data-wp-on--pointerdown=\"actions.preloadImage\" data-wp-on--pointerenter=\"actions.preloadImageWithDelay\" data-wp-on--pointerleave=\"actions.cancelPreload\" data-wp-on-window--resize=\"callbacks.setButtonStyles\" src=\"https:\/\/loudavymkrokem.cz\/wp-content\/uploads\/2026\/09\/nemecko-clanky-termaly-nemecko-45-cfe756aa.jpg\" alt=\"Edificio del Thermalbad Aukammtal en el parque de Wiesbaden\" class=\"wp-image-415508\" title=\"\" srcset=\"https:\/\/loudavymkrokem.cz\/wp-content\/uploads\/2026\/09\/nemecko-clanky-termaly-nemecko-45-cfe756aa.jpg 1800w, https:\/\/loudavymkrokem.cz\/wp-content\/uploads\/2026\/09\/nemecko-clanky-termaly-nemecko-45-cfe756aa-300x200.jpg 300w, https:\/\/loudavymkrokem.cz\/wp-content\/uploads\/2026\/09\/nemecko-clanky-termaly-nemecko-45-cfe756aa-700x467.jpg 700w, https:\/\/loudavymkrokem.cz\/wp-content\/uploads\/2026\/09\/nemecko-clanky-termaly-nemecko-45-cfe756aa-768x512.jpg 768w, https:\/\/loudavymkrokem.cz\/wp-content\/uploads\/2026\/09\/nemecko-clanky-termaly-nemecko-45-cfe756aa-1536x1024.jpg 1536w, https:\/\/loudavymkrokem.cz\/wp-content\/uploads\/2026\/09\/nemecko-clanky-termaly-nemecko-45-cfe756aa-696x464.jpg 696w, https:\/\/loudavymkrokem.cz\/wp-content\/uploads\/2026\/09\/nemecko-clanky-termaly-nemecko-45-cfe756aa-1392x928.jpg 1392w\" sizes=\"(max-width: 1800px) 100vw, 1800px\" \/><button\n\t\t\tclass=\"lightbox-trigger\"\n\t\t\ttype=\"button\"\n\t\t\taria-haspopup=\"dialog\"\n\t\t\tdata-wp-bind--aria-label=\"state.thisImage.triggerButtonAriaLabel\"\n\t\t\tdata-wp-init=\"callbacks.initTriggerButton\"\n\t\t\tdata-wp-on--click=\"actions.showLightbox\"\n\t\t\tdata-wp-style--right=\"state.thisImage.buttonRight\"\n\t\t\tdata-wp-style--top=\"state.thisImage.buttonTop\"\n\t\t>\n\t\t\t<svg xmlns=\"http:\/\/www.w3.org\/2000\/svg\" width=\"12\" height=\"12\" fill=\"none\" viewBox=\"0 0 12 12\">\n\t\t\t\t<path fill=\"#fff\" d=\"M2 0a2 2 0 0 0-2 2v2h1.5V2a.5.5 0 0 1 .5-.5h2V0H2Zm2 10.5H2a.5.5 0 0 1-.5-.5V8H0v2a2 2 0 0 0 2 2h2v-1.5ZM8 12v-1.5h2a.5.5 0 0 0 .5-.5V8H12v2a2 2 0 0 1-2 2H8Zm2-12a2 2 0 0 1 2 2v2h-1.5V2a.5.5 0 0 0-.5-.5H8V0h2Z\" \/>\n\t\t\t<\/svg>\n\t\t<\/button><figcaption class=\"wp-element-caption\">Foto: Renate007 \/ Wikimedia Commons, CC BY-SA 4.0<\/figcaption><\/figure>\n\n\n\n<h3 class=\"wp-block-heading\"><span class=\"ez-toc-section\" id=\"37_Thermalbad_Aukammtal_Wiesbaden\"><\/span>37. Thermalbad Aukammtal (Wiesbaden)<span class=\"ez-toc-section-end\"><\/span><\/h3>\n\n\n\n<p class=\"wp-block-paragraph\">La ciudad de Wiesbaden es una joya balnearia y el Thermalbad Aukammtal es uno de los motivos para venir. El recinto est\u00e1 en el precioso entorno de un parque urbano y su mayor reclamo es el <strong>agua con un contenido muy alto de sal<\/strong>. Se recomienda tradicionalmente para problemas ortop\u00e9dicos y reum\u00e1ticos, as\u00ed que si te molestan las articulaciones o la espalda, este lugar te sentar\u00e1 de maravilla.<\/p>\n\n\n\n<p class=\"wp-block-paragraph\">El agua termal local est\u00e1 a unos <strong>muy agradables 32 \u00b0C<\/strong> y puedes disfrutarla tanto en la piscina interior de 435 metros cuadrados como en una piscina exterior de tama\u00f1o similar, de unos 450 metros cuadrados. Para los fans de la sauna hay instalaciones con equipamiento distinto, en las que se esconden cuatro saunas interiores y tres exteriores.<\/p>\n\n\n\n<p class=\"wp-block-paragraph\">Las termas abren todo el a\u00f1o, pero el horario var\u00eda ligeramente seg\u00fan la temporada. De principios de octubre a finales de abril puedes venir a diario de nueve de la ma\u00f1ana a diez de la noche, mientras que los viernes y s\u00e1bados est\u00e1 <strong>abierto hasta las once de la noche<\/strong>. En temporada de verano se cierra siempre a las 22 h. <strong>\ud83d\udca1 Consejo:<\/strong> gracias a su ubicaci\u00f3n directamente en el parque del valle de Aukammtal, recomiendo combinar la visita a las piscinas con un largo paseo vespertino por el verde de alrededor.<\/p>\n\n\n\n<figure data-wp-context=\"{&quot;imageId&quot;:&quot;6a9c0c16dc3e7&quot;}\" data-wp-interactive=\"core\/image\" data-wp-key=\"6a9c0c16dc3e7\" class=\"wp-block-image size-full wp-lightbox-container\"><img decoding=\"async\" width=\"1800\" height=\"1350\" data-wp-class--hide=\"state.isContentHidden\" data-wp-class--show=\"state.isContentVisible\" data-wp-init=\"callbacks.setButtonStyles\" data-wp-on--click=\"actions.showLightbox\" data-wp-on--load=\"callbacks.setButtonStyles\" data-wp-on--pointerdown=\"actions.preloadImage\" data-wp-on--pointerenter=\"actions.preloadImageWithDelay\" data-wp-on--pointerleave=\"actions.cancelPreload\" data-wp-on-window--resize=\"callbacks.setButtonStyles\" src=\"https:\/\/loudavymkrokem.cz\/wp-content\/uploads\/2026\/09\/nemecko-clanky-termaly-nemecko-46-fef6372e.jpg\" alt=\"Vest\u00edbulo hist\u00f3rico del Kaiser-Friedrich-Therme en Wiesbaden\" class=\"wp-image-415512\" title=\"\" srcset=\"https:\/\/loudavymkrokem.cz\/wp-content\/uploads\/2026\/09\/nemecko-clanky-termaly-nemecko-46-fef6372e.jpg 1800w, https:\/\/loudavymkrokem.cz\/wp-content\/uploads\/2026\/09\/nemecko-clanky-termaly-nemecko-46-fef6372e-300x225.jpg 300w, https:\/\/loudavymkrokem.cz\/wp-content\/uploads\/2026\/09\/nemecko-clanky-termaly-nemecko-46-fef6372e-700x525.jpg 700w, https:\/\/loudavymkrokem.cz\/wp-content\/uploads\/2026\/09\/nemecko-clanky-termaly-nemecko-46-fef6372e-768x576.jpg 768w, https:\/\/loudavymkrokem.cz\/wp-content\/uploads\/2026\/09\/nemecko-clanky-termaly-nemecko-46-fef6372e-1536x1152.jpg 1536w, https:\/\/loudavymkrokem.cz\/wp-content\/uploads\/2026\/09\/nemecko-clanky-termaly-nemecko-46-fef6372e-80x60.jpg 80w, https:\/\/loudavymkrokem.cz\/wp-content\/uploads\/2026\/09\/nemecko-clanky-termaly-nemecko-46-fef6372e-160x120.jpg 160w, https:\/\/loudavymkrokem.cz\/wp-content\/uploads\/2026\/09\/nemecko-clanky-termaly-nemecko-46-fef6372e-696x522.jpg 696w, https:\/\/loudavymkrokem.cz\/wp-content\/uploads\/2026\/09\/nemecko-clanky-termaly-nemecko-46-fef6372e-1392x1044.jpg 1392w\" sizes=\"(max-width: 1800px) 100vw, 1800px\" \/><button\n\t\t\tclass=\"lightbox-trigger\"\n\t\t\ttype=\"button\"\n\t\t\taria-haspopup=\"dialog\"\n\t\t\tdata-wp-bind--aria-label=\"state.thisImage.triggerButtonAriaLabel\"\n\t\t\tdata-wp-init=\"callbacks.initTriggerButton\"\n\t\t\tdata-wp-on--click=\"actions.showLightbox\"\n\t\t\tdata-wp-style--right=\"state.thisImage.buttonRight\"\n\t\t\tdata-wp-style--top=\"state.thisImage.buttonTop\"\n\t\t>\n\t\t\t<svg xmlns=\"http:\/\/www.w3.org\/2000\/svg\" width=\"12\" height=\"12\" fill=\"none\" viewBox=\"0 0 12 12\">\n\t\t\t\t<path fill=\"#fff\" d=\"M2 0a2 2 0 0 0-2 2v2h1.5V2a.5.5 0 0 1 .5-.5h2V0H2Zm2 10.5H2a.5.5 0 0 1-.5-.5V8H0v2a2 2 0 0 0 2 2h2v-1.5ZM8 12v-1.5h2a.5.5 0 0 0 .5-.5V8H12v2a2 2 0 0 1-2 2H8Zm2-12a2 2 0 0 1 2 2v2h-1.5V2a.5.5 0 0 0-.5-.5H8V0h2Z\" \/>\n\t\t\t<\/svg>\n\t\t<\/button><figcaption class=\"wp-element-caption\">Foto: WiesbAdler \/ Wikimedia Commons, Public domain<\/figcaption><\/figure>\n\n\n\n<h3 class=\"wp-block-heading\"><span class=\"ez-toc-section\" id=\"38_Kaiser-Friedrich-Therme_Wiesbaden\"><\/span>38. Kaiser-Friedrich-Therme (Wiesbaden)<span class=\"ez-toc-section-end\"><\/span><\/h3>\n\n\n\n<p class=\"wp-block-paragraph\">Seguimos en Wiesbaden, pero nos trasladamos al singular edificio hist\u00f3rico Kaiser-Friedrich-Therme. Estos ba\u00f1os se construyeron entre 1910 y 1913 seg\u00fan el proyecto del arquitecto August O. Pauly y <strong>tienen un fuerte aire modernista<\/strong>. Ya al entrar te envuelve el ambiente de otros tiempos y te sentir\u00e1s como aut\u00e9ntica nobleza de descanso.<\/p>\n\n\n\n<p class=\"wp-block-paragraph\">El agua termal local es caliente: sale del manantial <strong>a una temperatura de 64,6 \u00b0C<\/strong> antes de enfriarse para los ba\u00f1os. El coraz\u00f3n de todo el recinto es un precioso ba\u00f1o irland\u00e9s-romano con revestimientos originales de mosaico, que pas\u00f3 en 1999 por una reforma cuidadosa. Hoy encontrar\u00e1s aqu\u00ed, en una superficie de 1.450 metros cuadrados, un variado paisaje de saunas.<\/p>\n\n\n\n<p class=\"wp-block-paragraph\">Puedes disfrutar de una cl\u00e1sica sauna finlandesa, tepidarium, sudatorium, sanarium, pero tambi\u00e9n de un <strong>ba\u00f1o de vapor ruso o de un especial ba\u00f1o de vapor de piedra<\/strong>. El recinto est\u00e1 concebido como unos ba\u00f1os hist\u00f3ricos, as\u00ed que aqu\u00ed se viene sobre todo a una relajaci\u00f3n silenciosa y para familias con ni\u00f1os peque\u00f1os no es la mejor opci\u00f3n. <strong>\ud83d\udca1 Consejo:<\/strong> no te pierdas la vista de cerca de los preciosos mosaicos hist\u00f3ricos de la parte irlandesa-romana, que est\u00e1n entre los elementos arquitect\u00f3nicos m\u00e1s bellos de toda Hesse.<\/p>\n\n\n\n<figure data-wp-context=\"{&quot;imageId&quot;:&quot;6a9c0c16dc9f8&quot;}\" data-wp-interactive=\"core\/image\" data-wp-key=\"6a9c0c16dc9f8\" class=\"wp-block-image size-full wp-lightbox-container\"><img decoding=\"async\" width=\"1800\" height=\"1012\" data-wp-class--hide=\"state.isContentHidden\" data-wp-class--show=\"state.isContentVisible\" data-wp-init=\"callbacks.setButtonStyles\" data-wp-on--click=\"actions.showLightbox\" data-wp-on--load=\"callbacks.setButtonStyles\" data-wp-on--pointerdown=\"actions.preloadImage\" data-wp-on--pointerenter=\"actions.preloadImageWithDelay\" data-wp-on--pointerleave=\"actions.cancelPreload\" data-wp-on-window--resize=\"callbacks.setButtonStyles\" src=\"https:\/\/loudavymkrokem.cz\/wp-content\/uploads\/2026\/09\/nemecko-clanky-termaly-nemecko-47-57afd95a-1.jpg\" alt=\"Termas Spreewald Therme en Burg al atardecer\" class=\"wp-image-415371\" title=\"\" srcset=\"https:\/\/loudavymkrokem.cz\/wp-content\/uploads\/2026\/09\/nemecko-clanky-termaly-nemecko-47-57afd95a-1.jpg 1800w, https:\/\/loudavymkrokem.cz\/wp-content\/uploads\/2026\/09\/nemecko-clanky-termaly-nemecko-47-57afd95a-1-300x169.jpg 300w, https:\/\/loudavymkrokem.cz\/wp-content\/uploads\/2026\/09\/nemecko-clanky-termaly-nemecko-47-57afd95a-1-700x394.jpg 700w, https:\/\/loudavymkrokem.cz\/wp-content\/uploads\/2026\/09\/nemecko-clanky-termaly-nemecko-47-57afd95a-1-768x432.jpg 768w, https:\/\/loudavymkrokem.cz\/wp-content\/uploads\/2026\/09\/nemecko-clanky-termaly-nemecko-47-57afd95a-1-1536x864.jpg 1536w, https:\/\/loudavymkrokem.cz\/wp-content\/uploads\/2026\/09\/nemecko-clanky-termaly-nemecko-47-57afd95a-1-696x391.jpg 696w, https:\/\/loudavymkrokem.cz\/wp-content\/uploads\/2026\/09\/nemecko-clanky-termaly-nemecko-47-57afd95a-1-1392x783.jpg 1392w\" sizes=\"(max-width: 1800px) 100vw, 1800px\" \/><button\n\t\t\tclass=\"lightbox-trigger\"\n\t\t\ttype=\"button\"\n\t\t\taria-haspopup=\"dialog\"\n\t\t\tdata-wp-bind--aria-label=\"state.thisImage.triggerButtonAriaLabel\"\n\t\t\tdata-wp-init=\"callbacks.initTriggerButton\"\n\t\t\tdata-wp-on--click=\"actions.showLightbox\"\n\t\t\tdata-wp-style--right=\"state.thisImage.buttonRight\"\n\t\t\tdata-wp-style--top=\"state.thisImage.buttonTop\"\n\t\t>\n\t\t\t<svg xmlns=\"http:\/\/www.w3.org\/2000\/svg\" width=\"12\" height=\"12\" fill=\"none\" viewBox=\"0 0 12 12\">\n\t\t\t\t<path fill=\"#fff\" d=\"M2 0a2 2 0 0 0-2 2v2h1.5V2a.5.5 0 0 1 .5-.5h2V0H2Zm2 10.5H2a.5.5 0 0 1-.5-.5V8H0v2a2 2 0 0 0 2 2h2v-1.5ZM8 12v-1.5h2a.5.5 0 0 0 .5-.5V8H12v2a2 2 0 0 1-2 2H8Zm2-12a2 2 0 0 1 2 2v2h-1.5V2a.5.5 0 0 0-.5-.5H8V0h2Z\" \/>\n\t\t\t<\/svg>\n\t\t<\/button><\/figure>\n\n\n\n<h2 class=\"wp-block-heading\"><span class=\"ez-toc-section\" id=\"Termas_en_Brandeburgo_y_Berlin\"><\/span>Termas en Brandeburgo y Berl\u00edn<span class=\"ez-toc-section-end\"><\/span><\/h2>\n\n\n\n<p class=\"wp-block-paragraph\">Si te vas a un fin de semana largo a la capital alemana, ser\u00eda una pena no detenerte en alguno de los complejos de wellness de la zona. Los alrededores de Berl\u00edn y la vecina Brandeburgo esconden aut\u00e9nticos tesoros que convertir\u00e1n tus vacaciones urbanas en una experiencia de relax perfecta. Puedes volar a Berl\u00edn con Ryanair o Vueling desde Madrid o Barcelona, as\u00ed que llegar es muy f\u00e1cil.<\/p>\n\n\n\n<p class=\"wp-block-paragraph\">Puedes contar con una enorme variedad y recintos preciosos. Aqu\u00ed est\u00e1 la c\u00e9lebre regi\u00f3n de Spreewald con su salmuera curativa, las preciosas Havel Therme situadas junto a un lago o el famoso vabali spa berlin\u00e9s, un enorme mundo de saunas balin\u00e9s en pleno coraz\u00f3n de la capital. Los balnearios de la zona van estupendamente tanto para una escapada rom\u00e1ntica en pareja como para familias con ni\u00f1os que buscan un descanso merecido tras un d\u00eda corriendo entre monumentos.<\/p>\n\n\n\n<figure data-wp-context=\"{&quot;imageId&quot;:&quot;6a9c0c16dcfa9&quot;}\" data-wp-interactive=\"core\/image\" data-wp-key=\"6a9c0c16dcfa9\" class=\"wp-block-image size-full wp-lightbox-container\"><img decoding=\"async\" width=\"1800\" height=\"1200\" data-wp-class--hide=\"state.isContentHidden\" data-wp-class--show=\"state.isContentVisible\" data-wp-init=\"callbacks.setButtonStyles\" data-wp-on--click=\"actions.showLightbox\" data-wp-on--load=\"callbacks.setButtonStyles\" data-wp-on--pointerdown=\"actions.preloadImage\" data-wp-on--pointerenter=\"actions.preloadImageWithDelay\" data-wp-on--pointerleave=\"actions.cancelPreload\" data-wp-on-window--resize=\"callbacks.setButtonStyles\" src=\"https:\/\/loudavymkrokem.cz\/wp-content\/uploads\/2026\/09\/nemecko-clanky-termaly-nemecko-48-a26adcb0-1.jpg\" alt=\"Havel Therme (Werder an der Havel)\" class=\"wp-image-415374\" title=\"\" srcset=\"https:\/\/loudavymkrokem.cz\/wp-content\/uploads\/2026\/09\/nemecko-clanky-termaly-nemecko-48-a26adcb0-1.jpg 1800w, https:\/\/loudavymkrokem.cz\/wp-content\/uploads\/2026\/09\/nemecko-clanky-termaly-nemecko-48-a26adcb0-1-300x200.jpg 300w, https:\/\/loudavymkrokem.cz\/wp-content\/uploads\/2026\/09\/nemecko-clanky-termaly-nemecko-48-a26adcb0-1-700x467.jpg 700w, https:\/\/loudavymkrokem.cz\/wp-content\/uploads\/2026\/09\/nemecko-clanky-termaly-nemecko-48-a26adcb0-1-768x512.jpg 768w, https:\/\/loudavymkrokem.cz\/wp-content\/uploads\/2026\/09\/nemecko-clanky-termaly-nemecko-48-a26adcb0-1-1536x1024.jpg 1536w, https:\/\/loudavymkrokem.cz\/wp-content\/uploads\/2026\/09\/nemecko-clanky-termaly-nemecko-48-a26adcb0-1-696x464.jpg 696w, https:\/\/loudavymkrokem.cz\/wp-content\/uploads\/2026\/09\/nemecko-clanky-termaly-nemecko-48-a26adcb0-1-1392x928.jpg 1392w\" sizes=\"(max-width: 1800px) 100vw, 1800px\" \/><button\n\t\t\tclass=\"lightbox-trigger\"\n\t\t\ttype=\"button\"\n\t\t\taria-haspopup=\"dialog\"\n\t\t\tdata-wp-bind--aria-label=\"state.thisImage.triggerButtonAriaLabel\"\n\t\t\tdata-wp-init=\"callbacks.initTriggerButton\"\n\t\t\tdata-wp-on--click=\"actions.showLightbox\"\n\t\t\tdata-wp-style--right=\"state.thisImage.buttonRight\"\n\t\t\tdata-wp-style--top=\"state.thisImage.buttonTop\"\n\t\t>\n\t\t\t<svg xmlns=\"http:\/\/www.w3.org\/2000\/svg\" width=\"12\" height=\"12\" fill=\"none\" viewBox=\"0 0 12 12\">\n\t\t\t\t<path fill=\"#fff\" d=\"M2 0a2 2 0 0 0-2 2v2h1.5V2a.5.5 0 0 1 .5-.5h2V0H2Zm2 10.5H2a.5.5 0 0 1-.5-.5V8H0v2a2 2 0 0 0 2 2h2v-1.5ZM8 12v-1.5h2a.5.5 0 0 0 .5-.5V8H12v2a2 2 0 0 1-2 2H8Zm2-12a2 2 0 0 1 2 2v2h-1.5V2a.5.5 0 0 0-.5-.5H8V0h2Z\" \/>\n\t\t\t<\/svg>\n\t\t<\/button><\/figure>\n\n\n\n<h3 class=\"wp-block-heading\"><span class=\"ez-toc-section\" id=\"39_Havel_Therme_Werder_an_der_Havel\"><\/span>39. Havel Therme (Werder an der Havel)<span class=\"ez-toc-section-end\"><\/span><\/h3>\n\n\n\n<p class=\"wp-block-paragraph\">Justo a las afueras de Berl\u00edn, en la peque\u00f1a Werder, est\u00e1 el <strong>Havel Therme<\/strong>, que te encantar\u00e1 por su preciosa ubicaci\u00f3n. El reclamo es sobre todo la <strong>piscina interior con pool bar y agua a 36 \u00b0C<\/strong>, donde puedes disfrutar de una copa dentro del agua. Todo el recinto est\u00e1 concebido en un precioso estilo mediterr\u00e1neo y aqu\u00ed disfrutar\u00e1n sobre todo los visitantes adultos que buscan calma y relajaci\u00f3n tras un d\u00eda exigente.<\/p>\n\n\n\n<p class=\"wp-block-paragraph\">Las piscinas locales ofrecen mucho espacio para descansar dentro y fuera. Con cualquier tiempo puedes sumergirte en la gran <strong>piscina termal exterior de 235 m\u00b2 a 34 \u00b0C<\/strong>. Si te encanta el calor, no te saltes tampoco los ba\u00f1os de vapor, donde te esperan agradables 45 \u00b0C, o el ba\u00f1o especial a 43 \u00b0C destinado a peelings regeneradores y tratamientos con barro curativo.<\/p>\n\n\n\n<p class=\"wp-block-paragraph\">Para los amantes de la sauna hay preparado un amplio mundo de saunas. En medio del jard\u00edn de saunas mediterr\u00e1neo encontrar\u00e1s una <strong>piscina exterior panor\u00e1mica con agua a 34 \u00b0C<\/strong>, a la que, eso s\u00ed, se entra estrictamente sin ba\u00f1ador. <strong>\ud83d\udca1 Consejo:<\/strong> en la zona de saunas rige una estricta zona sin ba\u00f1ador, as\u00ed que no te olvides de llevar suficientes toallas o un albornoz para sentirte c\u00f3modo al pasar entre los distintos tratamientos.<\/p>\n\n\n\n<figure data-wp-context=\"{&quot;imageId&quot;:&quot;6a9c0c16dd649&quot;}\" data-wp-interactive=\"core\/image\" data-wp-key=\"6a9c0c16dd649\" class=\"wp-block-image size-full wp-lightbox-container\"><img decoding=\"async\" width=\"1800\" height=\"1199\" data-wp-class--hide=\"state.isContentHidden\" data-wp-class--show=\"state.isContentVisible\" data-wp-init=\"callbacks.setButtonStyles\" data-wp-on--click=\"actions.showLightbox\" data-wp-on--load=\"callbacks.setButtonStyles\" data-wp-on--pointerdown=\"actions.preloadImage\" data-wp-on--pointerenter=\"actions.preloadImageWithDelay\" data-wp-on--pointerleave=\"actions.cancelPreload\" data-wp-on-window--resize=\"callbacks.setButtonStyles\" src=\"https:\/\/loudavymkrokem.cz\/wp-content\/uploads\/2026\/09\/nemecko-clanky-termaly-nemecko-49-71f9a6ee-1.jpg\" alt=\"Spreewald Therme (Burg)\" class=\"wp-image-415377\" title=\"\" srcset=\"https:\/\/loudavymkrokem.cz\/wp-content\/uploads\/2026\/09\/nemecko-clanky-termaly-nemecko-49-71f9a6ee-1.jpg 1800w, https:\/\/loudavymkrokem.cz\/wp-content\/uploads\/2026\/09\/nemecko-clanky-termaly-nemecko-49-71f9a6ee-1-300x200.jpg 300w, https:\/\/loudavymkrokem.cz\/wp-content\/uploads\/2026\/09\/nemecko-clanky-termaly-nemecko-49-71f9a6ee-1-700x466.jpg 700w, https:\/\/loudavymkrokem.cz\/wp-content\/uploads\/2026\/09\/nemecko-clanky-termaly-nemecko-49-71f9a6ee-1-768x512.jpg 768w, https:\/\/loudavymkrokem.cz\/wp-content\/uploads\/2026\/09\/nemecko-clanky-termaly-nemecko-49-71f9a6ee-1-1536x1023.jpg 1536w, https:\/\/loudavymkrokem.cz\/wp-content\/uploads\/2026\/09\/nemecko-clanky-termaly-nemecko-49-71f9a6ee-1-696x464.jpg 696w, https:\/\/loudavymkrokem.cz\/wp-content\/uploads\/2026\/09\/nemecko-clanky-termaly-nemecko-49-71f9a6ee-1-1392x927.jpg 1392w\" sizes=\"(max-width: 1800px) 100vw, 1800px\" \/><button\n\t\t\tclass=\"lightbox-trigger\"\n\t\t\ttype=\"button\"\n\t\t\taria-haspopup=\"dialog\"\n\t\t\tdata-wp-bind--aria-label=\"state.thisImage.triggerButtonAriaLabel\"\n\t\t\tdata-wp-init=\"callbacks.initTriggerButton\"\n\t\t\tdata-wp-on--click=\"actions.showLightbox\"\n\t\t\tdata-wp-style--right=\"state.thisImage.buttonRight\"\n\t\t\tdata-wp-style--top=\"state.thisImage.buttonTop\"\n\t\t>\n\t\t\t<svg xmlns=\"http:\/\/www.w3.org\/2000\/svg\" width=\"12\" height=\"12\" fill=\"none\" viewBox=\"0 0 12 12\">\n\t\t\t\t<path fill=\"#fff\" d=\"M2 0a2 2 0 0 0-2 2v2h1.5V2a.5.5 0 0 1 .5-.5h2V0H2Zm2 10.5H2a.5.5 0 0 1-.5-.5V8H0v2a2 2 0 0 0 2 2h2v-1.5ZM8 12v-1.5h2a.5.5 0 0 0 .5-.5V8H12v2a2 2 0 0 1-2 2H8Zm2-12a2 2 0 0 1 2 2v2h-1.5V2a.5.5 0 0 0-.5-.5H8V0h2Z\" \/>\n\t\t\t<\/svg>\n\t\t<\/button><\/figure>\n\n\n\n<h3 class=\"wp-block-heading\"><span class=\"ez-toc-section\" id=\"40_Spreewald_Therme_Burg\"><\/span>40. Spreewald Therme (Burg)<span class=\"ez-toc-section-end\"><\/span><\/h3>\n\n\n\n<p class=\"wp-block-paragraph\">Si vas a la m\u00e1gica regi\u00f3n llena de canales, no te saltes el <strong>Spreewald Therme<\/strong> del pueblo de Burg. Este complejo destaca sobre todo por su <strong>salmuera termal curativa<\/strong>, con concentraci\u00f3n en las distintas piscinas del 2,5 % hasta un respetable 8 %. Es un lugar ideal para quienes quieran combinar excursiones por la pintoresca naturaleza con el cuidado de su salud y sus v\u00edas respiratorias.<\/p>\n\n\n\n<p class=\"wp-block-paragraph\">Dentro te esperan varias piscinas con distintas temperaturas, as\u00ed que cada uno encontrar\u00e1 justo la suya. Puedes calentarte en piscinas de temperaturas <strong>de 34 \u00b0C hasta unos preciosos 38 \u00b0C<\/strong>, o, al contrario, refrescarte en la piscina fr\u00eda, que tiene apenas 18 \u00b0C. Si te gusta probar cosas nuevas, te llamar\u00e1 la atenci\u00f3n la sauna de vapor local, donde a 47 \u00b0C se mantiene una humedad del cien por cien.<\/p>\n\n\n\n<p class=\"wp-block-paragraph\">Seg\u00fan la tarifa de 2026, la entrada b\u00e1sica de dos horas a las piscinas sale por 21 \u20ac, mientras que la <strong>entrada combinada con saunas cuesta 27 \u20ac<\/strong>. Los fines de semana y festivos cuenta con un suplemento de 2 \u20ac y tambi\u00e9n puedes alquilar aqu\u00ed un albornoz por 7 \u20ac o reservar una tumbona por 7,50 \u20ac. <strong>\ud83d\udca1 Consejo:<\/strong> si vas a moverte en el transporte local Cottbusverkehr, pregunta por el especial Wellnessticket, que para adulto sale por 23 \u20ac y para ni\u00f1os menores de doce a\u00f1os por 17 \u20ac.<\/p>\n\n\n\n<figure data-wp-context=\"{&quot;imageId&quot;:&quot;6a9c0c16ddcef&quot;}\" data-wp-interactive=\"core\/image\" data-wp-key=\"6a9c0c16ddcef\" class=\"wp-block-image size-full wp-lightbox-container\"><img decoding=\"async\" width=\"1800\" height=\"881\" data-wp-class--hide=\"state.isContentHidden\" data-wp-class--show=\"state.isContentVisible\" data-wp-init=\"callbacks.setButtonStyles\" data-wp-on--click=\"actions.showLightbox\" data-wp-on--load=\"callbacks.setButtonStyles\" data-wp-on--pointerdown=\"actions.preloadImage\" data-wp-on--pointerenter=\"actions.preloadImageWithDelay\" data-wp-on--pointerleave=\"actions.cancelPreload\" data-wp-on-window--resize=\"callbacks.setButtonStyles\" src=\"https:\/\/loudavymkrokem.cz\/wp-content\/uploads\/2026\/09\/nemecko-clanky-termaly-nemecko-50-ecf98ec5-1.jpg\" alt=\"NaturThermeTemplin (Templin): zona de saunas\" class=\"wp-image-415380\" title=\"\" srcset=\"https:\/\/loudavymkrokem.cz\/wp-content\/uploads\/2026\/09\/nemecko-clanky-termaly-nemecko-50-ecf98ec5-1.jpg 1800w, https:\/\/loudavymkrokem.cz\/wp-content\/uploads\/2026\/09\/nemecko-clanky-termaly-nemecko-50-ecf98ec5-1-300x147.jpg 300w, https:\/\/loudavymkrokem.cz\/wp-content\/uploads\/2026\/09\/nemecko-clanky-termaly-nemecko-50-ecf98ec5-1-700x343.jpg 700w, https:\/\/loudavymkrokem.cz\/wp-content\/uploads\/2026\/09\/nemecko-clanky-termaly-nemecko-50-ecf98ec5-1-768x376.jpg 768w, https:\/\/loudavymkrokem.cz\/wp-content\/uploads\/2026\/09\/nemecko-clanky-termaly-nemecko-50-ecf98ec5-1-1536x752.jpg 1536w, https:\/\/loudavymkrokem.cz\/wp-content\/uploads\/2026\/09\/nemecko-clanky-termaly-nemecko-50-ecf98ec5-1-696x341.jpg 696w, https:\/\/loudavymkrokem.cz\/wp-content\/uploads\/2026\/09\/nemecko-clanky-termaly-nemecko-50-ecf98ec5-1-1392x681.jpg 1392w\" sizes=\"(max-width: 1800px) 100vw, 1800px\" \/><button\n\t\t\tclass=\"lightbox-trigger\"\n\t\t\ttype=\"button\"\n\t\t\taria-haspopup=\"dialog\"\n\t\t\tdata-wp-bind--aria-label=\"state.thisImage.triggerButtonAriaLabel\"\n\t\t\tdata-wp-init=\"callbacks.initTriggerButton\"\n\t\t\tdata-wp-on--click=\"actions.showLightbox\"\n\t\t\tdata-wp-style--right=\"state.thisImage.buttonRight\"\n\t\t\tdata-wp-style--top=\"state.thisImage.buttonTop\"\n\t\t>\n\t\t\t<svg xmlns=\"http:\/\/www.w3.org\/2000\/svg\" width=\"12\" height=\"12\" fill=\"none\" viewBox=\"0 0 12 12\">\n\t\t\t\t<path fill=\"#fff\" d=\"M2 0a2 2 0 0 0-2 2v2h1.5V2a.5.5 0 0 1 .5-.5h2V0H2Zm2 10.5H2a.5.5 0 0 1-.5-.5V8H0v2a2 2 0 0 0 2 2h2v-1.5ZM8 12v-1.5h2a.5.5 0 0 0 .5-.5V8H12v2a2 2 0 0 1-2 2H8Zm2-12a2 2 0 0 1 2 2v2h-1.5V2a.5.5 0 0 0-.5-.5H8V0h2Z\" \/>\n\t\t\t<\/svg>\n\t\t<\/button><\/figure>\n\n\n\n<h3 class=\"wp-block-heading\"><span class=\"ez-toc-section\" id=\"41_NaturThermeTemplin_Templin\"><\/span>41. NaturThermeTemplin (Templin)<span class=\"ez-toc-section-end\"><\/span><\/h3>\n\n\n\n<p class=\"wp-block-paragraph\">En el noreste de Brandeburgo invita a la visita el <strong>NaturThermeTemplin<\/strong>, un popular recinto termal y de ocio en medio de los bosques de Uckermark. El principal reclamo es la <strong>salmuera termal local con concentraci\u00f3n del 1 al 6 %<\/strong>, que mana desde las profundidades de la tierra y alcanza agradables temperaturas de 30 a 36 \u00b0C. Es una gran elecci\u00f3n para familias y parejas, porque el recinto combina el balneario tranquilo con un descanso m\u00e1s activo.<\/p>\n\n\n\n<p class=\"wp-block-paragraph\">El agua del manantial local cumple los estrictos criterios para la denominaci\u00f3n de agua termal curativa, porque ya en la propia surgencia tiene una temperatura superior a 20 \u00b0C. Tras el tratamiento posterior puedes disfrutar de los <strong>efectos beneficiosos del agua salada caliente<\/strong>, que sostiene el cuerpo de maravilla y relaja los m\u00fasculos cansados. En el complejo se puede pasar tranquilamente todo el d\u00eda, porque ofrece espacio de sobra para nadar, relajarse y calentarse.<\/p>\n\n\n\n<p class=\"wp-block-paragraph\">La tarifa de 2026 indica que por el paso al mundo de saunas pagar\u00e1s un <strong>suplemento \u00fanico de 4 \u20ac<\/strong>. Si vas el fin de semana o en festivos, cuenta adem\u00e1s con un suplemento de fin de semana de 3 \u20ac, que solo se aplica a los visitantes adultos. <strong>\ud83d\udca1 Consejo:<\/strong> vigila bien la previsi\u00f3n del tiempo, porque si los meteor\u00f3logos anuncian 25 \u00b0C o m\u00e1s, en las termas rige una tarifa de verano m\u00e1s ventajosa.<\/p>\n\n\n\n<figure data-wp-context=\"{&quot;imageId&quot;:&quot;6a9c0c16de473&quot;}\" data-wp-interactive=\"core\/image\" data-wp-key=\"6a9c0c16de473\" class=\"wp-block-image size-full wp-lightbox-container\"><img decoding=\"async\" width=\"1800\" height=\"900\" data-wp-class--hide=\"state.isContentHidden\" data-wp-class--show=\"state.isContentVisible\" data-wp-init=\"callbacks.setButtonStyles\" data-wp-on--click=\"actions.showLightbox\" data-wp-on--load=\"callbacks.setButtonStyles\" data-wp-on--pointerdown=\"actions.preloadImage\" data-wp-on--pointerenter=\"actions.preloadImageWithDelay\" data-wp-on--pointerleave=\"actions.cancelPreload\" data-wp-on-window--resize=\"callbacks.setButtonStyles\" src=\"https:\/\/loudavymkrokem.cz\/wp-content\/uploads\/2026\/09\/nemecko-clanky-termaly-nemecko-51-a4b55ee4-1.jpg\" alt=\"Zona de saunas del Spreewelten Bad en L\u00fcbbenau\" class=\"wp-image-415385\" title=\"\" srcset=\"https:\/\/loudavymkrokem.cz\/wp-content\/uploads\/2026\/09\/nemecko-clanky-termaly-nemecko-51-a4b55ee4-1.jpg 1800w, https:\/\/loudavymkrokem.cz\/wp-content\/uploads\/2026\/09\/nemecko-clanky-termaly-nemecko-51-a4b55ee4-1-300x150.jpg 300w, https:\/\/loudavymkrokem.cz\/wp-content\/uploads\/2026\/09\/nemecko-clanky-termaly-nemecko-51-a4b55ee4-1-700x350.jpg 700w, https:\/\/loudavymkrokem.cz\/wp-content\/uploads\/2026\/09\/nemecko-clanky-termaly-nemecko-51-a4b55ee4-1-768x384.jpg 768w, https:\/\/loudavymkrokem.cz\/wp-content\/uploads\/2026\/09\/nemecko-clanky-termaly-nemecko-51-a4b55ee4-1-1536x768.jpg 1536w, https:\/\/loudavymkrokem.cz\/wp-content\/uploads\/2026\/09\/nemecko-clanky-termaly-nemecko-51-a4b55ee4-1-696x348.jpg 696w, https:\/\/loudavymkrokem.cz\/wp-content\/uploads\/2026\/09\/nemecko-clanky-termaly-nemecko-51-a4b55ee4-1-1392x696.jpg 1392w\" sizes=\"(max-width: 1800px) 100vw, 1800px\" \/><button\n\t\t\tclass=\"lightbox-trigger\"\n\t\t\ttype=\"button\"\n\t\t\taria-haspopup=\"dialog\"\n\t\t\tdata-wp-bind--aria-label=\"state.thisImage.triggerButtonAriaLabel\"\n\t\t\tdata-wp-init=\"callbacks.initTriggerButton\"\n\t\t\tdata-wp-on--click=\"actions.showLightbox\"\n\t\t\tdata-wp-style--right=\"state.thisImage.buttonRight\"\n\t\t\tdata-wp-style--top=\"state.thisImage.buttonTop\"\n\t\t>\n\t\t\t<svg xmlns=\"http:\/\/www.w3.org\/2000\/svg\" width=\"12\" height=\"12\" fill=\"none\" viewBox=\"0 0 12 12\">\n\t\t\t\t<path fill=\"#fff\" d=\"M2 0a2 2 0 0 0-2 2v2h1.5V2a.5.5 0 0 1 .5-.5h2V0H2Zm2 10.5H2a.5.5 0 0 1-.5-.5V8H0v2a2 2 0 0 0 2 2h2v-1.5ZM8 12v-1.5h2a.5.5 0 0 0 .5-.5V8H12v2a2 2 0 0 1-2 2H8Zm2-12a2 2 0 0 1 2 2v2h-1.5V2a.5.5 0 0 0-.5-.5H8V0h2Z\" \/>\n\t\t\t<\/svg>\n\t\t<\/button><\/figure>\n\n\n\n<h3 class=\"wp-block-heading\"><span class=\"ez-toc-section\" id=\"42_Spreewelten_Bad_Lubbenau_Lubbenau\"><\/span>42. Spreewelten Bad L\u00fcbbenau (L\u00fcbbenau)<span class=\"ez-toc-section-end\"><\/span><\/h3>\n\n\n\n<p class=\"wp-block-paragraph\">Estas son las termas m\u00e1s originales de toda la lista, porque los propios operadores dicen de s\u00ed mismos: <strong>\u00absomos los de los ping\u00fcinos\u00bb<\/strong>. En el recinto de L\u00fcbbenau la piscina linda con un recinto de ping\u00fcinos, separados solo por paredes de cristal, as\u00ed que mientras nadas tienes a estas aves al alcance de la mano. Para familias con ni\u00f1os es una experiencia que no se puede repetir en ning\u00fan otro lugar de Alemania.<\/p>\n\n\n\n<p class=\"wp-block-paragraph\">Alrededor de los ping\u00fcinos est\u00e1 montado todo un programa: se organizan una <strong>alimentaci\u00f3n comentada y una visita VIP al recinto<\/strong> y los m\u00e1s peque\u00f1os tienen su Pingu Kids Club. Pero, adem\u00e1s de la piscina de aventuras y el tobog\u00e1n, aqu\u00ed funciona tambi\u00e9n un mundo de saunas completo con una ampl\u00edsima gama de temperaturas, as\u00ed que los adultos no salen perdiendo. El complejo incluye tambi\u00e9n su propio hotel con wellness, si quieres quedarte a dormir.<\/p>\n\n\n\n<p class=\"wp-block-paragraph\">Puedes elegir desde suaves salas de <strong>40 a 50 \u00b0C<\/strong>, pasando por saunas de calor medio a 60, 70 y 80 \u00b0C, hasta aut\u00e9nticos infiernos a 85 y <strong>95 \u00b0C<\/strong>. Al mundo de saunas pueden entrar los ni\u00f1os a partir de 7 a\u00f1os y su entrada de d\u00eda completo cuesta 8 euros. <strong>\ud83d\udca1 Consejo:<\/strong> si quieres ver a los ping\u00fcinos activos, planea tu visita para la hora de la alimentaci\u00f3n, que el operador publica en su web.<\/p>\n\n\n\n<figure data-wp-context=\"{&quot;imageId&quot;:&quot;6a9c0c16deb3b&quot;}\" data-wp-interactive=\"core\/image\" data-wp-key=\"6a9c0c16deb3b\" class=\"wp-block-image size-full wp-lightbox-container\"><img decoding=\"async\" width=\"1800\" height=\"852\" data-wp-class--hide=\"state.isContentHidden\" data-wp-class--show=\"state.isContentVisible\" data-wp-init=\"callbacks.setButtonStyles\" data-wp-on--click=\"actions.showLightbox\" data-wp-on--load=\"callbacks.setButtonStyles\" data-wp-on--pointerdown=\"actions.preloadImage\" data-wp-on--pointerenter=\"actions.preloadImageWithDelay\" data-wp-on--pointerleave=\"actions.cancelPreload\" data-wp-on-window--resize=\"callbacks.setButtonStyles\" src=\"https:\/\/loudavymkrokem.cz\/wp-content\/uploads\/2026\/09\/nemecko-clanky-termaly-nemecko-52-6414cd66.jpg\" alt=\"Lago salado exterior del Kristalltherme en Bad Wilsnack\" class=\"wp-image-415515\" title=\"\" srcset=\"https:\/\/loudavymkrokem.cz\/wp-content\/uploads\/2026\/09\/nemecko-clanky-termaly-nemecko-52-6414cd66.jpg 1800w, https:\/\/loudavymkrokem.cz\/wp-content\/uploads\/2026\/09\/nemecko-clanky-termaly-nemecko-52-6414cd66-300x142.jpg 300w, https:\/\/loudavymkrokem.cz\/wp-content\/uploads\/2026\/09\/nemecko-clanky-termaly-nemecko-52-6414cd66-700x331.jpg 700w, https:\/\/loudavymkrokem.cz\/wp-content\/uploads\/2026\/09\/nemecko-clanky-termaly-nemecko-52-6414cd66-768x364.jpg 768w, https:\/\/loudavymkrokem.cz\/wp-content\/uploads\/2026\/09\/nemecko-clanky-termaly-nemecko-52-6414cd66-1536x727.jpg 1536w, https:\/\/loudavymkrokem.cz\/wp-content\/uploads\/2026\/09\/nemecko-clanky-termaly-nemecko-52-6414cd66-696x329.jpg 696w, https:\/\/loudavymkrokem.cz\/wp-content\/uploads\/2026\/09\/nemecko-clanky-termaly-nemecko-52-6414cd66-1392x659.jpg 1392w\" sizes=\"(max-width: 1800px) 100vw, 1800px\" \/><button\n\t\t\tclass=\"lightbox-trigger\"\n\t\t\ttype=\"button\"\n\t\t\taria-haspopup=\"dialog\"\n\t\t\tdata-wp-bind--aria-label=\"state.thisImage.triggerButtonAriaLabel\"\n\t\t\tdata-wp-init=\"callbacks.initTriggerButton\"\n\t\t\tdata-wp-on--click=\"actions.showLightbox\"\n\t\t\tdata-wp-style--right=\"state.thisImage.buttonRight\"\n\t\t\tdata-wp-style--top=\"state.thisImage.buttonTop\"\n\t\t>\n\t\t\t<svg xmlns=\"http:\/\/www.w3.org\/2000\/svg\" width=\"12\" height=\"12\" fill=\"none\" viewBox=\"0 0 12 12\">\n\t\t\t\t<path fill=\"#fff\" d=\"M2 0a2 2 0 0 0-2 2v2h1.5V2a.5.5 0 0 1 .5-.5h2V0H2Zm2 10.5H2a.5.5 0 0 1-.5-.5V8H0v2a2 2 0 0 0 2 2h2v-1.5ZM8 12v-1.5h2a.5.5 0 0 0 .5-.5V8H12v2a2 2 0 0 1-2 2H8Zm2-12a2 2 0 0 1 2 2v2h-1.5V2a.5.5 0 0 0-.5-.5H8V0h2Z\" \/>\n\t\t\t<\/svg>\n\t\t<\/button><\/figure>\n\n\n\n<h3 class=\"wp-block-heading\"><span class=\"ez-toc-section\" id=\"43_Kristalltherme_Bad_Wilsnack_Bad_Wilsnack\"><\/span>43. Kristalltherme Bad Wilsnack (Bad Wilsnack)<span class=\"ez-toc-section-end\"><\/span><\/h3>\n\n\n\n<p class=\"wp-block-paragraph\">Un enorme recinto de casi 12.000 m\u00b2 lo ofrece el c\u00e9lebre <strong>Kristalltherme Bad Wilsnack<\/strong>. Su absoluto orgullo es un manantial termal propio, que se extrae de una respetable profundidad de 1.018 metros y brota a la superficie a 39 \u00b0C. <strong>El agua contiene gran cantidad de hierro y yodo<\/strong>, y gracias a una concentraci\u00f3n de sal del 1,5 % hasta el 24 % aqu\u00ed te ba\u00f1as literalmente en salud.<\/p>\n\n\n\n<p class=\"wp-block-paragraph\">Aqu\u00ed hay una piscina con un 24 % de sal y agua a 32 \u00b0C, en la que flotar\u00e1s como en el mar Muerto. Las otras piscinas de agua curativa suelen estar a unos agradables 34 a 36 \u00b0C y los minerales que contienen act\u00faan como un <strong>peeling natural para suavizar la piel<\/strong>. En el agua de 34 grados con menor contenido de sal se realizan incluso ejercicios regulares dirigidos por entrenadores experimentados.<\/p>\n\n\n\n<p class=\"wp-block-paragraph\">Puedes calentarte en un total de 8 saunas tem\u00e1ticas con temperaturas de 70 a 100 \u00b0C, tres interiores y cinco exteriores. Seg\u00fan la tarifa de 2026 pagar\u00e1s por el <strong>suplemento de sauna a la entrada de d\u00eda completo 5,50 \u20ac<\/strong>, mientras que los ni\u00f1os menores de 6 a\u00f1os pagan 4,50 \u20ac. <strong>\ud83d\udca1 Consejo:<\/strong> si no quieres cargar con una bolsa llena de ropa, puedes alquilar in situ una toalla por 5 \u20ac o un albornoz por 7 \u20ac, solo prepara 15 \u20ac m\u00e1s para la fianza reembolsable.<\/p>\n\n\n\n<figure data-wp-context=\"{&quot;imageId&quot;:&quot;6a9c0c16df1d4&quot;}\" data-wp-interactive=\"core\/image\" data-wp-key=\"6a9c0c16df1d4\" class=\"wp-block-image size-full wp-lightbox-container\"><img decoding=\"async\" width=\"1800\" height=\"1199\" data-wp-class--hide=\"state.isContentHidden\" data-wp-class--show=\"state.isContentVisible\" data-wp-init=\"callbacks.setButtonStyles\" data-wp-on--click=\"actions.showLightbox\" data-wp-on--load=\"callbacks.setButtonStyles\" data-wp-on--pointerdown=\"actions.preloadImage\" data-wp-on--pointerenter=\"actions.preloadImageWithDelay\" data-wp-on--pointerleave=\"actions.cancelPreload\" data-wp-on-window--resize=\"callbacks.setButtonStyles\" src=\"https:\/\/loudavymkrokem.cz\/wp-content\/uploads\/2026\/09\/nemecko-clanky-termaly-nemecko-53-7b17d971-1.jpg\" alt=\"vabali spa Berlin (Berlin)\" class=\"wp-image-415394\" title=\"\" srcset=\"https:\/\/loudavymkrokem.cz\/wp-content\/uploads\/2026\/09\/nemecko-clanky-termaly-nemecko-53-7b17d971-1.jpg 1800w, https:\/\/loudavymkrokem.cz\/wp-content\/uploads\/2026\/09\/nemecko-clanky-termaly-nemecko-53-7b17d971-1-300x200.jpg 300w, https:\/\/loudavymkrokem.cz\/wp-content\/uploads\/2026\/09\/nemecko-clanky-termaly-nemecko-53-7b17d971-1-700x466.jpg 700w, https:\/\/loudavymkrokem.cz\/wp-content\/uploads\/2026\/09\/nemecko-clanky-termaly-nemecko-53-7b17d971-1-768x512.jpg 768w, https:\/\/loudavymkrokem.cz\/wp-content\/uploads\/2026\/09\/nemecko-clanky-termaly-nemecko-53-7b17d971-1-1536x1023.jpg 1536w, https:\/\/loudavymkrokem.cz\/wp-content\/uploads\/2026\/09\/nemecko-clanky-termaly-nemecko-53-7b17d971-1-696x464.jpg 696w, https:\/\/loudavymkrokem.cz\/wp-content\/uploads\/2026\/09\/nemecko-clanky-termaly-nemecko-53-7b17d971-1-1392x927.jpg 1392w\" sizes=\"(max-width: 1800px) 100vw, 1800px\" \/><button\n\t\t\tclass=\"lightbox-trigger\"\n\t\t\ttype=\"button\"\n\t\t\taria-haspopup=\"dialog\"\n\t\t\tdata-wp-bind--aria-label=\"state.thisImage.triggerButtonAriaLabel\"\n\t\t\tdata-wp-init=\"callbacks.initTriggerButton\"\n\t\t\tdata-wp-on--click=\"actions.showLightbox\"\n\t\t\tdata-wp-style--right=\"state.thisImage.buttonRight\"\n\t\t\tdata-wp-style--top=\"state.thisImage.buttonTop\"\n\t\t>\n\t\t\t<svg xmlns=\"http:\/\/www.w3.org\/2000\/svg\" width=\"12\" height=\"12\" fill=\"none\" viewBox=\"0 0 12 12\">\n\t\t\t\t<path fill=\"#fff\" d=\"M2 0a2 2 0 0 0-2 2v2h1.5V2a.5.5 0 0 1 .5-.5h2V0H2Zm2 10.5H2a.5.5 0 0 1-.5-.5V8H0v2a2 2 0 0 0 2 2h2v-1.5ZM8 12v-1.5h2a.5.5 0 0 0 .5-.5V8H12v2a2 2 0 0 1-2 2H8Zm2-12a2 2 0 0 1 2 2v2h-1.5V2a.5.5 0 0 0-.5-.5H8V0h2Z\" \/>\n\t\t\t<\/svg>\n\t\t<\/button><\/figure>\n\n\n\n<h3 class=\"wp-block-heading\"><span class=\"ez-toc-section\" id=\"44_vabali_spa_Berlin_Berlin\"><\/span>44. vabali spa Berlin (Berlin)<span class=\"ez-toc-section-end\"><\/span><\/h3>\n\n\n\n<p class=\"wp-block-paragraph\">Si buscas huir del bullicio de la gran ciudad, dir\u00edgete al <strong>vabali spa Berlin<\/strong>, que est\u00e1 justo en el coraz\u00f3n de la metr\u00f3poli alemana. Este singular recinto est\u00e1 concebido como un <strong>aut\u00e9ntico oasis de wellness balin\u00e9s<\/strong>, donde te rodean construcciones de madera tradicionales, esculturas y materiales tra\u00eddos directamente de Indonesia. El entorno est\u00e1 enfocado exclusivamente a la calma y a los visitantes adultos, as\u00ed que olv\u00eddate de toboganes y gritos de ni\u00f1os.<\/p>\n\n\n\n<p class=\"wp-block-paragraph\">El complejo ofrece <strong>13 saunas y ba\u00f1os de vapor<\/strong>, completados con 4 refrescantes piscinas. La oferta es variada y satisface a todo saunista. Puedes probar la sauna panor\u00e1mica Pandangan o la de meditaci\u00f3n Jiwa a unos agradables 70 \u00b0C, o la sauna de abedul Kayu. Para los amantes de temperaturas m\u00e1s altas est\u00e1n las saunas de Aufguss Awan, Di Luar o Di Dalam, donde el term\u00f3metro marca unos 80 \u00b0C.<\/p>\n\n\n\n<p class=\"wp-block-paragraph\">Para un calentamiento m\u00e1s suave sirven la sauna de hierbas Bali Boreh a 70 \u00b0C o el suave laconium caldeado a 45 \u00b0C. Seg\u00fan la tarifa de 2026, la <strong>entrada de cuatro horas te sale entre semana por 36,50 \u20ac<\/strong>, mientras que los fines de semana y festivos pagar\u00e1s 39,50 \u20ac. <strong>\ud83d\udca1 Consejo:<\/strong> este popular recinto berlin\u00e9s suele estar muy lleno los fines de semana, as\u00ed que ven idealmente a primera hora de la ma\u00f1ana o entre semana, cuando disfrutar\u00e1s del ambiente balin\u00e9s con mucha m\u00e1s calma.<\/p>\n\n\n\n<figure data-wp-context=\"{&quot;imageId&quot;:&quot;6a9c0c16df83f&quot;}\" data-wp-interactive=\"core\/image\" data-wp-key=\"6a9c0c16df83f\" class=\"wp-block-image size-full wp-lightbox-container\"><img decoding=\"async\" width=\"1800\" height=\"1348\" data-wp-class--hide=\"state.isContentHidden\" data-wp-class--show=\"state.isContentVisible\" data-wp-init=\"callbacks.setButtonStyles\" data-wp-on--click=\"actions.showLightbox\" data-wp-on--load=\"callbacks.setButtonStyles\" data-wp-on--pointerdown=\"actions.preloadImage\" data-wp-on--pointerenter=\"actions.preloadImageWithDelay\" data-wp-on--pointerleave=\"actions.cancelPreload\" data-wp-on-window--resize=\"callbacks.setButtonStyles\" src=\"https:\/\/loudavymkrokem.cz\/wp-content\/uploads\/2026\/09\/nemecko-clanky-termaly-nemecko-54-eb39270c-1.jpg\" alt=\"Edificio del Ostsee-Therme en Scharbeutz, junto al mar B\u00e1ltico\" class=\"wp-image-415398\" title=\"\" srcset=\"https:\/\/loudavymkrokem.cz\/wp-content\/uploads\/2026\/09\/nemecko-clanky-termaly-nemecko-54-eb39270c-1.jpg 1800w, https:\/\/loudavymkrokem.cz\/wp-content\/uploads\/2026\/09\/nemecko-clanky-termaly-nemecko-54-eb39270c-1-300x225.jpg 300w, https:\/\/loudavymkrokem.cz\/wp-content\/uploads\/2026\/09\/nemecko-clanky-termaly-nemecko-54-eb39270c-1-700x524.jpg 700w, https:\/\/loudavymkrokem.cz\/wp-content\/uploads\/2026\/09\/nemecko-clanky-termaly-nemecko-54-eb39270c-1-768x575.jpg 768w, https:\/\/loudavymkrokem.cz\/wp-content\/uploads\/2026\/09\/nemecko-clanky-termaly-nemecko-54-eb39270c-1-1536x1150.jpg 1536w, https:\/\/loudavymkrokem.cz\/wp-content\/uploads\/2026\/09\/nemecko-clanky-termaly-nemecko-54-eb39270c-1-80x60.jpg 80w, https:\/\/loudavymkrokem.cz\/wp-content\/uploads\/2026\/09\/nemecko-clanky-termaly-nemecko-54-eb39270c-1-160x120.jpg 160w, https:\/\/loudavymkrokem.cz\/wp-content\/uploads\/2026\/09\/nemecko-clanky-termaly-nemecko-54-eb39270c-1-696x521.jpg 696w, https:\/\/loudavymkrokem.cz\/wp-content\/uploads\/2026\/09\/nemecko-clanky-termaly-nemecko-54-eb39270c-1-1392x1042.jpg 1392w\" sizes=\"(max-width: 1800px) 100vw, 1800px\" \/><button\n\t\t\tclass=\"lightbox-trigger\"\n\t\t\ttype=\"button\"\n\t\t\taria-haspopup=\"dialog\"\n\t\t\tdata-wp-bind--aria-label=\"state.thisImage.triggerButtonAriaLabel\"\n\t\t\tdata-wp-init=\"callbacks.initTriggerButton\"\n\t\t\tdata-wp-on--click=\"actions.showLightbox\"\n\t\t\tdata-wp-style--right=\"state.thisImage.buttonRight\"\n\t\t\tdata-wp-style--top=\"state.thisImage.buttonTop\"\n\t\t>\n\t\t\t<svg xmlns=\"http:\/\/www.w3.org\/2000\/svg\" width=\"12\" height=\"12\" fill=\"none\" viewBox=\"0 0 12 12\">\n\t\t\t\t<path fill=\"#fff\" d=\"M2 0a2 2 0 0 0-2 2v2h1.5V2a.5.5 0 0 1 .5-.5h2V0H2Zm2 10.5H2a.5.5 0 0 1-.5-.5V8H0v2a2 2 0 0 0 2 2h2v-1.5ZM8 12v-1.5h2a.5.5 0 0 0 .5-.5V8H12v2a2 2 0 0 1-2 2H8Zm2-12a2 2 0 0 1 2 2v2h-1.5V2a.5.5 0 0 0-.5-.5H8V0h2Z\" \/>\n\t\t\t<\/svg>\n\t\t<\/button><figcaption class=\"wp-element-caption\">Foto: qwesy qwesy \/ Wikimedia Commons, CC BY 3.0<\/figcaption><\/figure>\n\n\n\n<h2 class=\"wp-block-heading\"><span class=\"ez-toc-section\" id=\"Termas_en_el_norte_mar_Baltico_y_mar_del_Norte\"><\/span>Termas en el norte: mar B\u00e1ltico y mar del Norte<span class=\"ez-toc-section-end\"><\/span><\/h2>\n\n\n\n<p class=\"wp-block-paragraph\">El norte de Alemania ofrece una experiencia balnearia totalmente distinta a la del sur. Las <strong>termas junto al mar<\/strong> aprovechan su estupenda ubicaci\u00f3n y, en lugar del agua mineral cl\u00e1sica, a menudo hay salmuera curativa o <strong>preciosa sal de yodo<\/strong>. Adem\u00e1s, las vistas desde las piscinas no pocas veces dan directamente a la infinita superficie del mar o a las dunas de arena, un idilio si te encanta el olor del oc\u00e9ano y el aire fresco del norte.<\/p>\n\n\n\n<p class=\"wp-block-paragraph\">Estos recintos van estupendamente para completar tus <strong>vacaciones de verano en el B\u00e1ltico<\/strong> o como salvaci\u00f3n en un fin de semana lluvioso en el popular St. Peter-Ording. Ya vayas con la familia, ya busques una tranquila escapada de wellness en pareja, los balnearios del norte de Alemania te encantar\u00e1n por su ambiente distendido. Desde Espa\u00f1a es un viaje algo m\u00e1s largo, pero la <strong>experiencia merece la pena de sobra<\/strong>.<\/p>\n\n\n\n<figure data-wp-context=\"{&quot;imageId&quot;:&quot;6a9c0c16dfdf5&quot;}\" data-wp-interactive=\"core\/image\" data-wp-key=\"6a9c0c16dfdf5\" class=\"wp-block-image size-full wp-lightbox-container\"><img decoding=\"async\" width=\"1800\" height=\"2400\" data-wp-class--hide=\"state.isContentHidden\" data-wp-class--show=\"state.isContentVisible\" data-wp-init=\"callbacks.setButtonStyles\" data-wp-on--click=\"actions.showLightbox\" data-wp-on--load=\"callbacks.setButtonStyles\" data-wp-on--pointerdown=\"actions.preloadImage\" data-wp-on--pointerenter=\"actions.preloadImageWithDelay\" data-wp-on--pointerleave=\"actions.cancelPreload\" data-wp-on-window--resize=\"callbacks.setButtonStyles\" src=\"https:\/\/loudavymkrokem.cz\/wp-content\/uploads\/2026\/09\/nemecko-clanky-termaly-nemecko-55-47c15516-1.jpg\" alt=\"Ostsee-Therme (Scharbeutz): torre de las termas\" class=\"wp-image-415401\" title=\"\" srcset=\"https:\/\/loudavymkrokem.cz\/wp-content\/uploads\/2026\/09\/nemecko-clanky-termaly-nemecko-55-47c15516-1.jpg 1800w, https:\/\/loudavymkrokem.cz\/wp-content\/uploads\/2026\/09\/nemecko-clanky-termaly-nemecko-55-47c15516-1-225x300.jpg 225w, https:\/\/loudavymkrokem.cz\/wp-content\/uploads\/2026\/09\/nemecko-clanky-termaly-nemecko-55-47c15516-1-700x933.jpg 700w, https:\/\/loudavymkrokem.cz\/wp-content\/uploads\/2026\/09\/nemecko-clanky-termaly-nemecko-55-47c15516-1-768x1024.jpg 768w, https:\/\/loudavymkrokem.cz\/wp-content\/uploads\/2026\/09\/nemecko-clanky-termaly-nemecko-55-47c15516-1-1152x1536.jpg 1152w, https:\/\/loudavymkrokem.cz\/wp-content\/uploads\/2026\/09\/nemecko-clanky-termaly-nemecko-55-47c15516-1-1536x2048.jpg 1536w, https:\/\/loudavymkrokem.cz\/wp-content\/uploads\/2026\/09\/nemecko-clanky-termaly-nemecko-55-47c15516-1-696x928.jpg 696w, https:\/\/loudavymkrokem.cz\/wp-content\/uploads\/2026\/09\/nemecko-clanky-termaly-nemecko-55-47c15516-1-1392x1856.jpg 1392w\" sizes=\"(max-width: 1800px) 100vw, 1800px\" \/><button\n\t\t\tclass=\"lightbox-trigger\"\n\t\t\ttype=\"button\"\n\t\t\taria-haspopup=\"dialog\"\n\t\t\tdata-wp-bind--aria-label=\"state.thisImage.triggerButtonAriaLabel\"\n\t\t\tdata-wp-init=\"callbacks.initTriggerButton\"\n\t\t\tdata-wp-on--click=\"actions.showLightbox\"\n\t\t\tdata-wp-style--right=\"state.thisImage.buttonRight\"\n\t\t\tdata-wp-style--top=\"state.thisImage.buttonTop\"\n\t\t>\n\t\t\t<svg xmlns=\"http:\/\/www.w3.org\/2000\/svg\" width=\"12\" height=\"12\" fill=\"none\" viewBox=\"0 0 12 12\">\n\t\t\t\t<path fill=\"#fff\" d=\"M2 0a2 2 0 0 0-2 2v2h1.5V2a.5.5 0 0 1 .5-.5h2V0H2Zm2 10.5H2a.5.5 0 0 1-.5-.5V8H0v2a2 2 0 0 0 2 2h2v-1.5ZM8 12v-1.5h2a.5.5 0 0 0 .5-.5V8H12v2a2 2 0 0 1-2 2H8Zm2-12a2 2 0 0 1 2 2v2h-1.5V2a.5.5 0 0 0-.5-.5H8V0h2Z\" \/>\n\t\t\t<\/svg>\n\t\t<\/button><figcaption class=\"wp-element-caption\">Foto: Gerd Fahrenhorst \/ Wikimedia Commons, CC BY 4.0<\/figcaption><\/figure>\n\n\n\n<h3 class=\"wp-block-heading\"><span class=\"ez-toc-section\" id=\"45_Ostsee-Therme_Scharbeutz\"><\/span>45. Ostsee-Therme (Scharbeutz)<span class=\"ez-toc-section-end\"><\/span><\/h3>\n\n\n\n<p class=\"wp-block-paragraph\">Este magn\u00edfico complejo del popular balneario de Scharbeutz te impresionar\u00e1 al instante con su amplia <strong>zona de wellness de 4.000 m\u00b2<\/strong>. Si buscas descanso con acceso directo a la playa de arena, este lugar simplemente te encantar\u00e1. Es una elecci\u00f3n ideal para los amantes de la sauna que quieren, tras calentar el cuerpo, salir corriendo directamente a las fr\u00edas olas del mar.<\/p>\n\n\n\n<p class=\"wp-block-paragraph\">En la parte de piscinas, llamada Ostsee-Lagune, descansar\u00e1s de maravilla en <strong>agua caldeada a 33 \u00b0C<\/strong>, complementada adem\u00e1s por vistosos efectos de luz y camas de masaje. Para una relajaci\u00f3n a\u00fan mayor hay jacuzzis a 35 \u00b0C y <strong>grandes piscinas exteriores a 30 \u00b0C<\/strong>, junto a las que se extiende una pradera para tomar el sol. El mundo de saunas es un cap\u00edtulo aparte. Aqu\u00ed encontrar\u00e1s de todo, desde la suave sauna Salzstein o Frische Brise a 60 \u00b0C, pasando por la sala Wald Sauna a 80 \u00b0C, hasta la <strong>extrema sauna Arctic a 110 \u00b0C<\/strong>.<\/p>\n\n\n\n<p class=\"wp-block-paragraph\">Una curiosidad es la gran Ostsee Arena a 85 \u00b0C para ceremonias de sauna, o la <strong>sauna textil a 70 \u00b0C<\/strong> del Breeze Spa, a la que puedes ir directamente en ba\u00f1ador. La entrada var\u00eda seg\u00fan la zona y la duraci\u00f3n de la estancia, as\u00ed que comprueba la tarifa actual de 2026 directamente en la web del balneario. El recinto va tanto para parejas como para familias que buscan variedad acu\u00e1tica. <strong>\ud83d\udca1 Consejo:<\/strong> a los amantes de la madera y las hierbas les recomiendo no saltarse la especial sauna de arom\u00e1tico pino alpino llamada Zirbenholzsauna.<\/p>\n\n\n\n<figure data-wp-context=\"{&quot;imageId&quot;:&quot;6a9c0c16e0369&quot;}\" data-wp-interactive=\"core\/image\" data-wp-key=\"6a9c0c16e0369\" class=\"wp-block-image size-full wp-lightbox-container\"><img decoding=\"async\" width=\"1800\" height=\"1012\" data-wp-class--hide=\"state.isContentHidden\" data-wp-class--show=\"state.isContentVisible\" data-wp-init=\"callbacks.setButtonStyles\" data-wp-on--click=\"actions.showLightbox\" data-wp-on--load=\"callbacks.setButtonStyles\" data-wp-on--pointerdown=\"actions.preloadImage\" data-wp-on--pointerenter=\"actions.preloadImageWithDelay\" data-wp-on--pointerleave=\"actions.cancelPreload\" data-wp-on-window--resize=\"callbacks.setButtonStyles\" src=\"https:\/\/loudavymkrokem.cz\/wp-content\/uploads\/2026\/09\/nemecko-clanky-termaly-nemecko-56-30ed6a22-1.jpg\" alt=\"D\u00fcnen-Therme (St. Peter-Ording)\" class=\"wp-image-415406\" title=\"\" srcset=\"https:\/\/loudavymkrokem.cz\/wp-content\/uploads\/2026\/09\/nemecko-clanky-termaly-nemecko-56-30ed6a22-1.jpg 1800w, https:\/\/loudavymkrokem.cz\/wp-content\/uploads\/2026\/09\/nemecko-clanky-termaly-nemecko-56-30ed6a22-1-300x169.jpg 300w, https:\/\/loudavymkrokem.cz\/wp-content\/uploads\/2026\/09\/nemecko-clanky-termaly-nemecko-56-30ed6a22-1-700x394.jpg 700w, https:\/\/loudavymkrokem.cz\/wp-content\/uploads\/2026\/09\/nemecko-clanky-termaly-nemecko-56-30ed6a22-1-768x432.jpg 768w, https:\/\/loudavymkrokem.cz\/wp-content\/uploads\/2026\/09\/nemecko-clanky-termaly-nemecko-56-30ed6a22-1-1536x864.jpg 1536w, https:\/\/loudavymkrokem.cz\/wp-content\/uploads\/2026\/09\/nemecko-clanky-termaly-nemecko-56-30ed6a22-1-696x391.jpg 696w, https:\/\/loudavymkrokem.cz\/wp-content\/uploads\/2026\/09\/nemecko-clanky-termaly-nemecko-56-30ed6a22-1-1392x783.jpg 1392w\" sizes=\"(max-width: 1800px) 100vw, 1800px\" \/><button\n\t\t\tclass=\"lightbox-trigger\"\n\t\t\ttype=\"button\"\n\t\t\taria-haspopup=\"dialog\"\n\t\t\tdata-wp-bind--aria-label=\"state.thisImage.triggerButtonAriaLabel\"\n\t\t\tdata-wp-init=\"callbacks.initTriggerButton\"\n\t\t\tdata-wp-on--click=\"actions.showLightbox\"\n\t\t\tdata-wp-style--right=\"state.thisImage.buttonRight\"\n\t\t\tdata-wp-style--top=\"state.thisImage.buttonTop\"\n\t\t>\n\t\t\t<svg xmlns=\"http:\/\/www.w3.org\/2000\/svg\" width=\"12\" height=\"12\" fill=\"none\" viewBox=\"0 0 12 12\">\n\t\t\t\t<path fill=\"#fff\" d=\"M2 0a2 2 0 0 0-2 2v2h1.5V2a.5.5 0 0 1 .5-.5h2V0H2Zm2 10.5H2a.5.5 0 0 1-.5-.5V8H0v2a2 2 0 0 0 2 2h2v-1.5ZM8 12v-1.5h2a.5.5 0 0 0 .5-.5V8H12v2a2 2 0 0 1-2 2H8Zm2-12a2 2 0 0 1 2 2v2h-1.5V2a.5.5 0 0 0-.5-.5H8V0h2Z\" \/>\n\t\t\t<\/svg>\n\t\t<\/button><\/figure>\n\n\n\n<h3 class=\"wp-block-heading\"><span class=\"ez-toc-section\" id=\"46_Dunen-Therme_St_Peter-Ording\"><\/span>46. D\u00fcnen-Therme (St. Peter-Ording)<span class=\"ez-toc-section-end\"><\/span><\/h3>\n\n\n\n<p class=\"wp-block-paragraph\">En la pintoresca peque\u00f1a St. Peter-Ording descubrir\u00e1s unos ba\u00f1os \u00fanicos, donde te <strong>ba\u00f1as en agua depurada directamente del mar del Norte<\/strong>. Esta experiencia es excepcional y aporta a todo el recinto una energ\u00eda marina. La amplia l\u00e1mina de agua <strong>supera aqu\u00ed los 1.000 m\u00b2<\/strong>, as\u00ed que tendr\u00e1s espacio de sobra para nadar y descansar tras un d\u00eda exigente en las ventosas playas.<\/p>\n\n\n\n<p class=\"wp-block-paragraph\">Dentro te espera una agradable <strong>piscina de aventuras a 30 \u00b0C<\/strong> y te calentar\u00e1s tambi\u00e9n en una piscina exterior climatizada, a exactamente la misma temperatura. Si viajas con ni\u00f1os, normalmente les encantar\u00eda la piscina de olas artificiales con agua caliente a 28 \u00b0C o el popular tobog\u00e1n Turbo-Rutsche. Pero, seg\u00fan el estado de septiembre de 2026, ambas <strong>atracciones est\u00e1n fuera de servicio por motivos t\u00e9cnicos<\/strong>, tenlo en cuenta antes de la visita.<\/p>\n\n\n\n<p class=\"wp-block-paragraph\">Las termas van bien para cualquiera que quiera disfrutar de los efectos beneficiosos del agua de mar sin importar el tiempo que haga fuera. Seg\u00fan la tarifa actual de 2026, los adultos pagan por la entrada de dos horas y media <strong>unos muy agradables 13,50 euros<\/strong>, mientras que la de d\u00eda completo cuesta 18,50 euros. Para ni\u00f1os y j\u00f3venes de 3 a 17 a\u00f1os los precios van de 6,50 a 8,50 euros seg\u00fan la duraci\u00f3n. <strong>\ud83d\udca1 Consejo:<\/strong> si piensas quedarte m\u00e1s tiempo, te compensa elegir la entrada prolongada de 3,5 horas por <strong>16 euros<\/strong>, que ofrece una estupenda relaci\u00f3n entre precio y tiempo.<\/p>\n\n\n\n<figure data-wp-context=\"{&quot;imageId&quot;:&quot;6a9c0c16e0909&quot;}\" data-wp-interactive=\"core\/image\" data-wp-key=\"6a9c0c16e0909\" class=\"wp-block-image size-full wp-lightbox-container\"><img decoding=\"async\" width=\"1800\" height=\"1350\" data-wp-class--hide=\"state.isContentHidden\" data-wp-class--show=\"state.isContentVisible\" data-wp-init=\"callbacks.setButtonStyles\" data-wp-on--click=\"actions.showLightbox\" data-wp-on--load=\"callbacks.setButtonStyles\" data-wp-on--pointerdown=\"actions.preloadImage\" data-wp-on--pointerenter=\"actions.preloadImageWithDelay\" data-wp-on--pointerleave=\"actions.cancelPreload\" data-wp-on-window--resize=\"callbacks.setButtonStyles\" src=\"https:\/\/loudavymkrokem.cz\/wp-content\/uploads\/2026\/09\/nemecko-clanky-termaly-nemecko-57-6f96bd47-1.jpg\" alt=\"Ostsee Therme Usedom (Ahlbeck): zona de saunas\" class=\"wp-image-415409\" title=\"\" srcset=\"https:\/\/loudavymkrokem.cz\/wp-content\/uploads\/2026\/09\/nemecko-clanky-termaly-nemecko-57-6f96bd47-1.jpg 1800w, https:\/\/loudavymkrokem.cz\/wp-content\/uploads\/2026\/09\/nemecko-clanky-termaly-nemecko-57-6f96bd47-1-300x225.jpg 300w, https:\/\/loudavymkrokem.cz\/wp-content\/uploads\/2026\/09\/nemecko-clanky-termaly-nemecko-57-6f96bd47-1-700x525.jpg 700w, https:\/\/loudavymkrokem.cz\/wp-content\/uploads\/2026\/09\/nemecko-clanky-termaly-nemecko-57-6f96bd47-1-768x576.jpg 768w, https:\/\/loudavymkrokem.cz\/wp-content\/uploads\/2026\/09\/nemecko-clanky-termaly-nemecko-57-6f96bd47-1-1536x1152.jpg 1536w, https:\/\/loudavymkrokem.cz\/wp-content\/uploads\/2026\/09\/nemecko-clanky-termaly-nemecko-57-6f96bd47-1-80x60.jpg 80w, https:\/\/loudavymkrokem.cz\/wp-content\/uploads\/2026\/09\/nemecko-clanky-termaly-nemecko-57-6f96bd47-1-160x120.jpg 160w, https:\/\/loudavymkrokem.cz\/wp-content\/uploads\/2026\/09\/nemecko-clanky-termaly-nemecko-57-6f96bd47-1-696x522.jpg 696w, https:\/\/loudavymkrokem.cz\/wp-content\/uploads\/2026\/09\/nemecko-clanky-termaly-nemecko-57-6f96bd47-1-1392x1044.jpg 1392w\" sizes=\"(max-width: 1800px) 100vw, 1800px\" \/><button\n\t\t\tclass=\"lightbox-trigger\"\n\t\t\ttype=\"button\"\n\t\t\taria-haspopup=\"dialog\"\n\t\t\tdata-wp-bind--aria-label=\"state.thisImage.triggerButtonAriaLabel\"\n\t\t\tdata-wp-init=\"callbacks.initTriggerButton\"\n\t\t\tdata-wp-on--click=\"actions.showLightbox\"\n\t\t\tdata-wp-style--right=\"state.thisImage.buttonRight\"\n\t\t\tdata-wp-style--top=\"state.thisImage.buttonTop\"\n\t\t>\n\t\t\t<svg xmlns=\"http:\/\/www.w3.org\/2000\/svg\" width=\"12\" height=\"12\" fill=\"none\" viewBox=\"0 0 12 12\">\n\t\t\t\t<path fill=\"#fff\" d=\"M2 0a2 2 0 0 0-2 2v2h1.5V2a.5.5 0 0 1 .5-.5h2V0H2Zm2 10.5H2a.5.5 0 0 1-.5-.5V8H0v2a2 2 0 0 0 2 2h2v-1.5ZM8 12v-1.5h2a.5.5 0 0 0 .5-.5V8H12v2a2 2 0 0 1-2 2H8Zm2-12a2 2 0 0 1 2 2v2h-1.5V2a.5.5 0 0 0-.5-.5H8V0h2Z\" \/>\n\t\t\t<\/svg>\n\t\t<\/button><\/figure>\n\n\n\n<h3 class=\"wp-block-heading\"><span class=\"ez-toc-section\" id=\"47_Ostsee_Therme_Usedom_Ahlbeck\"><\/span>47. Ostsee Therme Usedom (Ahlbeck)<span class=\"ez-toc-section-end\"><\/span><\/h3>\n\n\n\n<p class=\"wp-block-paragraph\">Este popular complejo est\u00e1 justo en el centro del famoso tr\u00edo balneario de Ahlbeck, Heringsdorf y Bansin, concretamente <strong>en el llamado Kaiserbad Ahlbeck<\/strong>, en la calle Lindenstra\u00dfe. Desde su inauguraci\u00f3n en marzo de 1996 atrae a multitudes \u00e1vidas de descanso y hasta hoy <strong>han pasado por \u00e9l unos respetables 3,7 millones de hu\u00e9spedes<\/strong>. Es un lugar muy tradicional que combina de maravilla el descanso costero distendido con una atenci\u00f3n balnearia profesional.<\/p>\n\n\n\n<p class=\"wp-block-paragraph\">Adem\u00e1s del mundo cl\u00e1sico de saunas y agua, llamado Badewelt y Saunawelt, aqu\u00ed encontrar\u00e1s tambi\u00e9n un <strong>especial Kurmittelhaus con fisioterapia<\/strong> y m\u00e9dicos balnearios de verdad. Puedes darte una buena ca\u00f1a en el estudio deportivo y de salud, o simplemente contemplar el precioso entorno desde el mirador local. Si vas al interior del mundo de saunas, te calentar\u00e1 de maravilla una <strong>cl\u00e1sica sauna interior a 80 \u00b0C<\/strong>.<\/p>\n\n\n\n<p class=\"wp-block-paragraph\">El lugar est\u00e1 hecho a medida sobre todo para visitantes adultos que en vacaciones buscan calma y se centran en cuidar su salud. Los tratamientos terap\u00e9uticos locales tienen una larga tradici\u00f3n y son c\u00e9lebres en toda la costa, por eso la gente vuelve tan a gusto. <strong>\ud83d\udca1 Consejo:<\/strong> participa sin duda en alguna de las ceremonias de sauna, que los maestros locales hacen varias veces al d\u00eda con la <strong>preciosa sal de yodo de Heringsdorf<\/strong>, ser\u00e1 una experiencia fant\u00e1stica para tus v\u00edas respiratorias.<\/p>\n\n\n\n<figure data-wp-context=\"{&quot;imageId&quot;:&quot;6a9c0c16e0e2e&quot;}\" data-wp-interactive=\"core\/image\" data-wp-key=\"6a9c0c16e0e2e\" class=\"wp-block-image size-full wp-lightbox-container\"><img decoding=\"async\" width=\"1800\" height=\"1198\" data-wp-class--hide=\"state.isContentHidden\" data-wp-class--show=\"state.isContentVisible\" data-wp-init=\"callbacks.setButtonStyles\" data-wp-on--click=\"actions.showLightbox\" data-wp-on--load=\"callbacks.setButtonStyles\" data-wp-on--pointerdown=\"actions.preloadImage\" data-wp-on--pointerenter=\"actions.preloadImageWithDelay\" data-wp-on--pointerleave=\"actions.cancelPreload\" data-wp-on-window--resize=\"callbacks.setButtonStyles\" src=\"https:\/\/loudavymkrokem.cz\/wp-content\/uploads\/2026\/09\/nemecko-clanky-termaly-nemecko-58-72086aed-1.jpg\" alt=\"Toskana Therme en Bad Schandau, en la Suiza sajona\" class=\"wp-image-415412\" title=\"\" srcset=\"https:\/\/loudavymkrokem.cz\/wp-content\/uploads\/2026\/09\/nemecko-clanky-termaly-nemecko-58-72086aed-1.jpg 1800w, https:\/\/loudavymkrokem.cz\/wp-content\/uploads\/2026\/09\/nemecko-clanky-termaly-nemecko-58-72086aed-1-300x200.jpg 300w, https:\/\/loudavymkrokem.cz\/wp-content\/uploads\/2026\/09\/nemecko-clanky-termaly-nemecko-58-72086aed-1-700x466.jpg 700w, https:\/\/loudavymkrokem.cz\/wp-content\/uploads\/2026\/09\/nemecko-clanky-termaly-nemecko-58-72086aed-1-768x511.jpg 768w, https:\/\/loudavymkrokem.cz\/wp-content\/uploads\/2026\/09\/nemecko-clanky-termaly-nemecko-58-72086aed-1-1536x1022.jpg 1536w, https:\/\/loudavymkrokem.cz\/wp-content\/uploads\/2026\/09\/nemecko-clanky-termaly-nemecko-58-72086aed-1-696x463.jpg 696w, https:\/\/loudavymkrokem.cz\/wp-content\/uploads\/2026\/09\/nemecko-clanky-termaly-nemecko-58-72086aed-1-1392x926.jpg 1392w\" sizes=\"(max-width: 1800px) 100vw, 1800px\" \/><button\n\t\t\tclass=\"lightbox-trigger\"\n\t\t\ttype=\"button\"\n\t\t\taria-haspopup=\"dialog\"\n\t\t\tdata-wp-bind--aria-label=\"state.thisImage.triggerButtonAriaLabel\"\n\t\t\tdata-wp-init=\"callbacks.initTriggerButton\"\n\t\t\tdata-wp-on--click=\"actions.showLightbox\"\n\t\t\tdata-wp-style--right=\"state.thisImage.buttonRight\"\n\t\t\tdata-wp-style--top=\"state.thisImage.buttonTop\"\n\t\t>\n\t\t\t<svg xmlns=\"http:\/\/www.w3.org\/2000\/svg\" width=\"12\" height=\"12\" fill=\"none\" viewBox=\"0 0 12 12\">\n\t\t\t\t<path fill=\"#fff\" d=\"M2 0a2 2 0 0 0-2 2v2h1.5V2a.5.5 0 0 1 .5-.5h2V0H2Zm2 10.5H2a.5.5 0 0 1-.5-.5V8H0v2a2 2 0 0 0 2 2h2v-1.5ZM8 12v-1.5h2a.5.5 0 0 0 .5-.5V8H12v2a2 2 0 0 1-2 2H8Zm2-12a2 2 0 0 1 2 2v2h-1.5V2a.5.5 0 0 0-.5-.5H8V0h2Z\" \/>\n\t\t\t<\/svg>\n\t\t<\/button><\/figure>\n\n\n\n<h2 class=\"wp-block-heading\"><span class=\"ez-toc-section\" id=\"Termas_en_Sajonia_y_Turingia\"><\/span>Termas en Sajonia y Turingia<span class=\"ez-toc-section-end\"><\/span><\/h2>\n\n\n\n<p class=\"wp-block-paragraph\">Si buscas descanso en el este de Alemania, estos dos estados no te decepcionar\u00e1n. Aqu\u00ed encontrar\u00e1s un concepto \u00fanico de balneario, que combina la relajaci\u00f3n profunda con una experiencia art\u00edstica poco habitual. <strong>El principal reclamo es el llamado Liquid Sound<\/strong>, es decir, el ba\u00f1o en agua salada acompa\u00f1ado de m\u00fasica bajo el agua y de un fascinante espect\u00e1culo de luces.<\/p>\n\n\n\n<p class=\"wp-block-paragraph\">Puedes elegir entre dos lugares que ofrecen este concepto. Uno est\u00e1 en la pintoresca Suiza sajona, <strong>a pocos kil\u00f3metros de la frontera checa<\/strong>, el otro un poco m\u00e1s all\u00e1, en una peque\u00f1a ciudad balneario de Turingia. Son ideales para todos los que quieren desconectar la mente durante el fin de semana y dejarse llevar por las olas de la calma.<\/p>\n\n\n\n<figure data-wp-context=\"{&quot;imageId&quot;:&quot;6a9c0c16e1330&quot;}\" data-wp-interactive=\"core\/image\" data-wp-key=\"6a9c0c16e1330\" class=\"wp-block-image size-full wp-lightbox-container\"><img decoding=\"async\" width=\"1800\" height=\"1342\" data-wp-class--hide=\"state.isContentHidden\" data-wp-class--show=\"state.isContentVisible\" data-wp-init=\"callbacks.setButtonStyles\" data-wp-on--click=\"actions.showLightbox\" data-wp-on--load=\"callbacks.setButtonStyles\" data-wp-on--pointerdown=\"actions.preloadImage\" data-wp-on--pointerenter=\"actions.preloadImageWithDelay\" data-wp-on--pointerleave=\"actions.cancelPreload\" data-wp-on-window--resize=\"callbacks.setButtonStyles\" src=\"https:\/\/loudavymkrokem.cz\/wp-content\/uploads\/2026\/09\/nemecko-clanky-termaly-nemecko-59-fc0e1c55-1.jpg\" alt=\"Toskana Therme Bad Schandau (Bad Schandau)\" class=\"wp-image-415417\" title=\"\" srcset=\"https:\/\/loudavymkrokem.cz\/wp-content\/uploads\/2026\/09\/nemecko-clanky-termaly-nemecko-59-fc0e1c55-1.jpg 1800w, https:\/\/loudavymkrokem.cz\/wp-content\/uploads\/2026\/09\/nemecko-clanky-termaly-nemecko-59-fc0e1c55-1-300x224.jpg 300w, https:\/\/loudavymkrokem.cz\/wp-content\/uploads\/2026\/09\/nemecko-clanky-termaly-nemecko-59-fc0e1c55-1-700x522.jpg 700w, https:\/\/loudavymkrokem.cz\/wp-content\/uploads\/2026\/09\/nemecko-clanky-termaly-nemecko-59-fc0e1c55-1-768x573.jpg 768w, https:\/\/loudavymkrokem.cz\/wp-content\/uploads\/2026\/09\/nemecko-clanky-termaly-nemecko-59-fc0e1c55-1-1536x1145.jpg 1536w, https:\/\/loudavymkrokem.cz\/wp-content\/uploads\/2026\/09\/nemecko-clanky-termaly-nemecko-59-fc0e1c55-1-80x60.jpg 80w, https:\/\/loudavymkrokem.cz\/wp-content\/uploads\/2026\/09\/nemecko-clanky-termaly-nemecko-59-fc0e1c55-1-160x120.jpg 160w, https:\/\/loudavymkrokem.cz\/wp-content\/uploads\/2026\/09\/nemecko-clanky-termaly-nemecko-59-fc0e1c55-1-696x519.jpg 696w, https:\/\/loudavymkrokem.cz\/wp-content\/uploads\/2026\/09\/nemecko-clanky-termaly-nemecko-59-fc0e1c55-1-1392x1038.jpg 1392w\" sizes=\"(max-width: 1800px) 100vw, 1800px\" \/><button\n\t\t\tclass=\"lightbox-trigger\"\n\t\t\ttype=\"button\"\n\t\t\taria-haspopup=\"dialog\"\n\t\t\tdata-wp-bind--aria-label=\"state.thisImage.triggerButtonAriaLabel\"\n\t\t\tdata-wp-init=\"callbacks.initTriggerButton\"\n\t\t\tdata-wp-on--click=\"actions.showLightbox\"\n\t\t\tdata-wp-style--right=\"state.thisImage.buttonRight\"\n\t\t\tdata-wp-style--top=\"state.thisImage.buttonTop\"\n\t\t>\n\t\t\t<svg xmlns=\"http:\/\/www.w3.org\/2000\/svg\" width=\"12\" height=\"12\" fill=\"none\" viewBox=\"0 0 12 12\">\n\t\t\t\t<path fill=\"#fff\" d=\"M2 0a2 2 0 0 0-2 2v2h1.5V2a.5.5 0 0 1 .5-.5h2V0H2Zm2 10.5H2a.5.5 0 0 1-.5-.5V8H0v2a2 2 0 0 0 2 2h2v-1.5ZM8 12v-1.5h2a.5.5 0 0 0 .5-.5V8H12v2a2 2 0 0 1-2 2H8Zm2-12a2 2 0 0 1 2 2v2h-1.5V2a.5.5 0 0 0-.5-.5H8V0h2Z\" \/>\n\t\t\t<\/svg>\n\t\t<\/button><figcaption class=\"wp-element-caption\">Foto: J\u00f6rg Blobelt \/ Wikimedia Commons, CC BY-SA 4.0<\/figcaption><\/figure>\n\n\n\n<h3 class=\"wp-block-heading\"><span class=\"ez-toc-section\" id=\"48_Toskana_Therme_Bad_Schandau_Bad_Schandau\"><\/span>48. Toskana Therme Bad Schandau (Bad Schandau)<span class=\"ez-toc-section-end\"><\/span><\/h3>\n\n\n\n<p class=\"wp-block-paragraph\">Este popular complejo est\u00e1 justo a orillas del Elba y su gran baza son las <strong>vistas de infarto del r\u00edo directamente desde la sauna<\/strong>. El complejo se ofrece como un destino perfecto para una excursi\u00f3n espont\u00e1nea de tarde. Si te encanta la naturaleza de la Suiza sajona, este es exactamente el lugar donde, tras un d\u00eda de senderismo, aliviar los pies cansados.<\/p>\n\n\n\n<p class=\"wp-block-paragraph\">El mundo de saunas ofrece aqu\u00ed una variada gama de temperaturas para todos. Puedes probar el tradicional <strong>Laconium de estilo griego caldeado a unos agradables 55 \u00b0C<\/strong>, o el especial ba\u00f1o de calor radiante, que a 65 \u00b0C calienta el cuerpo en profundidad. Aqu\u00ed hay tambi\u00e9n una sala de hierbas, donde el calentamiento del agua herbal <strong>aumenta la humedad del aire a una temperatura de 65 \u00b0C<\/strong>. Para los saunistas curtidos est\u00e1 preparada una cl\u00e1sica sala con estufa de azulejos, donde disfrutar\u00e1s de un buen calor a 96 \u00b0C.<\/p>\n\n\n\n<p class=\"wp-block-paragraph\">El complejo es estupendo sobre todo para adultos y parejas que buscan un ambiente tranquilo sin toboganes salvajes. Te recomiendo comprobar la entrada actual antes del viaje en la web, para saber exactamente c\u00f3mo es la tarifa de 2026. <strong>\ud83d\udca1 Consejo:<\/strong> no te pierdas por nada la sudoraci\u00f3n en la sauna especial caldeada a 90 \u00b0C, desde la que se te ofrecer\u00e1 <strong>la vista m\u00e1s bonita del Elba fluyendo<\/strong>.<\/p>\n\n\n\n<figure data-wp-context=\"{&quot;imageId&quot;:&quot;6a9c0c16e1831&quot;}\" data-wp-interactive=\"core\/image\" data-wp-key=\"6a9c0c16e1831\" class=\"wp-block-image size-full wp-lightbox-container\"><img decoding=\"async\" width=\"1800\" height=\"1200\" data-wp-class--hide=\"state.isContentHidden\" data-wp-class--show=\"state.isContentVisible\" data-wp-init=\"callbacks.setButtonStyles\" data-wp-on--click=\"actions.showLightbox\" data-wp-on--load=\"callbacks.setButtonStyles\" data-wp-on--pointerdown=\"actions.preloadImage\" data-wp-on--pointerenter=\"actions.preloadImageWithDelay\" data-wp-on--pointerleave=\"actions.cancelPreload\" data-wp-on-window--resize=\"callbacks.setButtonStyles\" src=\"https:\/\/loudavymkrokem.cz\/wp-content\/uploads\/2026\/09\/nemecko-clanky-termaly-nemecko-60-42995404-1.jpg\" alt=\"Toskana Therme Bad Sulza (Bad Sulza)\" class=\"wp-image-415421\" title=\"\" srcset=\"https:\/\/loudavymkrokem.cz\/wp-content\/uploads\/2026\/09\/nemecko-clanky-termaly-nemecko-60-42995404-1.jpg 1800w, https:\/\/loudavymkrokem.cz\/wp-content\/uploads\/2026\/09\/nemecko-clanky-termaly-nemecko-60-42995404-1-300x200.jpg 300w, https:\/\/loudavymkrokem.cz\/wp-content\/uploads\/2026\/09\/nemecko-clanky-termaly-nemecko-60-42995404-1-700x467.jpg 700w, https:\/\/loudavymkrokem.cz\/wp-content\/uploads\/2026\/09\/nemecko-clanky-termaly-nemecko-60-42995404-1-768x512.jpg 768w, https:\/\/loudavymkrokem.cz\/wp-content\/uploads\/2026\/09\/nemecko-clanky-termaly-nemecko-60-42995404-1-1536x1024.jpg 1536w, https:\/\/loudavymkrokem.cz\/wp-content\/uploads\/2026\/09\/nemecko-clanky-termaly-nemecko-60-42995404-1-696x464.jpg 696w, https:\/\/loudavymkrokem.cz\/wp-content\/uploads\/2026\/09\/nemecko-clanky-termaly-nemecko-60-42995404-1-1392x928.jpg 1392w\" sizes=\"(max-width: 1800px) 100vw, 1800px\" \/><button\n\t\t\tclass=\"lightbox-trigger\"\n\t\t\ttype=\"button\"\n\t\t\taria-haspopup=\"dialog\"\n\t\t\tdata-wp-bind--aria-label=\"state.thisImage.triggerButtonAriaLabel\"\n\t\t\tdata-wp-init=\"callbacks.initTriggerButton\"\n\t\t\tdata-wp-on--click=\"actions.showLightbox\"\n\t\t\tdata-wp-style--right=\"state.thisImage.buttonRight\"\n\t\t\tdata-wp-style--top=\"state.thisImage.buttonTop\"\n\t\t>\n\t\t\t<svg xmlns=\"http:\/\/www.w3.org\/2000\/svg\" width=\"12\" height=\"12\" fill=\"none\" viewBox=\"0 0 12 12\">\n\t\t\t\t<path fill=\"#fff\" d=\"M2 0a2 2 0 0 0-2 2v2h1.5V2a.5.5 0 0 1 .5-.5h2V0H2Zm2 10.5H2a.5.5 0 0 1-.5-.5V8H0v2a2 2 0 0 0 2 2h2v-1.5ZM8 12v-1.5h2a.5.5 0 0 0 .5-.5V8H12v2a2 2 0 0 1-2 2H8Zm2-12a2 2 0 0 1 2 2v2h-1.5V2a.5.5 0 0 0-.5-.5H8V0h2Z\" \/>\n\t\t\t<\/svg>\n\t\t<\/button><\/figure>\n\n\n\n<h3 class=\"wp-block-heading\"><span class=\"ez-toc-section\" id=\"49_Toskana_Therme_Bad_Sulza_Bad_Sulza\"><\/span>49. Toskana Therme Bad Sulza (Bad Sulza)<span class=\"ez-toc-section-end\"><\/span><\/h3>\n\n\n\n<p class=\"wp-block-paragraph\">La segunda sucursal hermana de los famosos balnearios se esconde en una tranquila peque\u00f1a ciudad de Turingia y <strong>ofrece el mismo concepto Liquid Sound<\/strong> que el de la Suiza sajona. Es una elecci\u00f3n ideal si vas a hacer un road trip de fin de semana por los monumentos del centro de Alemania y buscas un lugar donde recuperarte a fondo por las noches. El ambiente es aqu\u00ed maravillosamente distendido y todo el espacio invita a un largo descanso silencioso.<\/p>\n\n\n\n<p class=\"wp-block-paragraph\">El coraz\u00f3n del recinto es el <strong>templo Liquid Sound<\/strong>, donde te dejas llevar por el agua salada al son de la m\u00fasica bajo la superficie y de proyecciones de luz de colores sobre la c\u00fapula. Seg\u00fan la descripci\u00f3n del operador, incluye <strong>cinco piscinas de sal en cascada<\/strong> con chorros de masaje, cuatro jacuzzis y una piscina de sal exterior climatizada, as\u00ed que se puede ir pasando de una temperatura a otra todo el d\u00eda. El mundo de saunas es aqu\u00ed algo obvio.<\/p>\n\n\n\n<p class=\"wp-block-paragraph\">La gran ventaja de Bad Sulza es su conexi\u00f3n con el hotel: el <strong>Hotel an der Therme Bad Sulza<\/strong> est\u00e1 justo al lado del balneario y lo conecta con \u00e9l un pasillo de albornoces, as\u00ed que el acceso a las termas, incluido el mundo de saunas, lo tienes en el precio de la noche. Antes de la visita mira la web, porque la tarifa de 2026 cambia seg\u00fan la temporada. <strong>\ud83d\udca1 Consejo:<\/strong> reserva el Liquid Sound para media tarde, cuando el espect\u00e1culo de m\u00fasica y luces suele ser m\u00e1s intenso y hay menos gente en la piscina.<\/p>\n\n\n\n<figure data-wp-context=\"{&quot;imageId&quot;:&quot;6a9c0c16e1d22&quot;}\" data-wp-interactive=\"core\/image\" data-wp-key=\"6a9c0c16e1d22\" class=\"wp-block-image size-full wp-lightbox-container\"><img decoding=\"async\" width=\"1800\" height=\"1800\" data-wp-class--hide=\"state.isContentHidden\" data-wp-class--show=\"state.isContentVisible\" data-wp-init=\"callbacks.setButtonStyles\" data-wp-on--click=\"actions.showLightbox\" data-wp-on--load=\"callbacks.setButtonStyles\" data-wp-on--pointerdown=\"actions.preloadImage\" data-wp-on--pointerenter=\"actions.preloadImageWithDelay\" data-wp-on--pointerleave=\"actions.cancelPreload\" data-wp-on-window--resize=\"callbacks.setButtonStyles\" src=\"https:\/\/loudavymkrokem.cz\/wp-content\/uploads\/2026\/09\/nemecko-clanky-termaly-nemecko-61-82598cd9-1.jpg\" alt=\"Piscina de Emser Therme en Bad Ems con iluminaci\u00f3n nocturna\" class=\"wp-image-415425\" title=\"\" srcset=\"https:\/\/loudavymkrokem.cz\/wp-content\/uploads\/2026\/09\/nemecko-clanky-termaly-nemecko-61-82598cd9-1.jpg 1800w, https:\/\/loudavymkrokem.cz\/wp-content\/uploads\/2026\/09\/nemecko-clanky-termaly-nemecko-61-82598cd9-1-300x300.jpg 300w, https:\/\/loudavymkrokem.cz\/wp-content\/uploads\/2026\/09\/nemecko-clanky-termaly-nemecko-61-82598cd9-1-700x700.jpg 700w, https:\/\/loudavymkrokem.cz\/wp-content\/uploads\/2026\/09\/nemecko-clanky-termaly-nemecko-61-82598cd9-1-150x150.jpg 150w, https:\/\/loudavymkrokem.cz\/wp-content\/uploads\/2026\/09\/nemecko-clanky-termaly-nemecko-61-82598cd9-1-768x768.jpg 768w, https:\/\/loudavymkrokem.cz\/wp-content\/uploads\/2026\/09\/nemecko-clanky-termaly-nemecko-61-82598cd9-1-1536x1536.jpg 1536w, https:\/\/loudavymkrokem.cz\/wp-content\/uploads\/2026\/09\/nemecko-clanky-termaly-nemecko-61-82598cd9-1-696x696.jpg 696w, https:\/\/loudavymkrokem.cz\/wp-content\/uploads\/2026\/09\/nemecko-clanky-termaly-nemecko-61-82598cd9-1-1392x1392.jpg 1392w\" sizes=\"(max-width: 1800px) 100vw, 1800px\" \/><button\n\t\t\tclass=\"lightbox-trigger\"\n\t\t\ttype=\"button\"\n\t\t\taria-haspopup=\"dialog\"\n\t\t\tdata-wp-bind--aria-label=\"state.thisImage.triggerButtonAriaLabel\"\n\t\t\tdata-wp-init=\"callbacks.initTriggerButton\"\n\t\t\tdata-wp-on--click=\"actions.showLightbox\"\n\t\t\tdata-wp-style--right=\"state.thisImage.buttonRight\"\n\t\t\tdata-wp-style--top=\"state.thisImage.buttonTop\"\n\t\t>\n\t\t\t<svg xmlns=\"http:\/\/www.w3.org\/2000\/svg\" width=\"12\" height=\"12\" fill=\"none\" viewBox=\"0 0 12 12\">\n\t\t\t\t<path fill=\"#fff\" d=\"M2 0a2 2 0 0 0-2 2v2h1.5V2a.5.5 0 0 1 .5-.5h2V0H2Zm2 10.5H2a.5.5 0 0 1-.5-.5V8H0v2a2 2 0 0 0 2 2h2v-1.5ZM8 12v-1.5h2a.5.5 0 0 0 .5-.5V8H12v2a2 2 0 0 1-2 2H8Zm2-12a2 2 0 0 1 2 2v2h-1.5V2a.5.5 0 0 0-.5-.5H8V0h2Z\" \/>\n\t\t\t<\/svg>\n\t\t<\/button><\/figure>\n\n\n\n<h2 class=\"wp-block-heading\"><span class=\"ez-toc-section\" id=\"Termas_en_Renania-Palatinado\"><\/span>Termas en Renania-Palatinado<span class=\"ez-toc-section-end\"><\/span><\/h2>\n\n\n\n<p class=\"wp-block-paragraph\">Renania-Palatinado quiz\u00e1 no est\u00e9 entre los destinos alemanes m\u00e1s conocidos para las diversiones acu\u00e1ticas, pero esconde aut\u00e9nticos tesoros. Si buscas <strong>balnearios peque\u00f1os pero de gran calidad<\/strong>, aqu\u00ed disfrutar\u00e1s. Frente a los enormes aquaparques tropicales llenos de toboganes, aqu\u00ed encontrar\u00e1s un ambiente mucho m\u00e1s tranquilo. Los recintos locales se centran m\u00e1s bien en el descanso de verdad, en el agua curativa y en una buena sauna en un entorno silencioso.<\/p>\n\n\n\n<p class=\"wp-block-paragraph\">Ven aqu\u00ed si quieres disfrutar de los efectos beneficiosos de los manantiales naturales sin prisas innecesarias. Ciudades conocidas como Bad Kreuznach o Bad Ems atraen con su <strong>agua de rad\u00f3n o salada<\/strong>, que relaja los m\u00fasculos cansados. El viaje desde Espa\u00f1a es algo m\u00e1s largo, pero por esa calma divina y las menores multitudes de visitantes merece la pena. Es simplemente la elecci\u00f3n ideal para un <strong>fin de semana largo y tranquilo<\/strong> lleno de relax.<\/p>\n\n\n\n<figure data-wp-context=\"{&quot;imageId&quot;:&quot;6a9c0c16e21ed&quot;}\" data-wp-interactive=\"core\/image\" data-wp-key=\"6a9c0c16e21ed\" class=\"wp-block-image size-full wp-lightbox-container\"><img decoding=\"async\" width=\"1800\" height=\"1203\" data-wp-class--hide=\"state.isContentHidden\" data-wp-class--show=\"state.isContentVisible\" data-wp-init=\"callbacks.setButtonStyles\" data-wp-on--click=\"actions.showLightbox\" data-wp-on--load=\"callbacks.setButtonStyles\" data-wp-on--pointerdown=\"actions.preloadImage\" data-wp-on--pointerenter=\"actions.preloadImageWithDelay\" data-wp-on--pointerleave=\"actions.cancelPreload\" data-wp-on-window--resize=\"callbacks.setButtonStyles\" src=\"https:\/\/loudavymkrokem.cz\/wp-content\/uploads\/2026\/09\/nemecko-clanky-termaly-nemecko-62-7c30d429.jpg\" alt=\"Crucenia Thermen en Bad Kreuznach sobre el r\u00edo Nahe\" class=\"wp-image-415518\" title=\"\" srcset=\"https:\/\/loudavymkrokem.cz\/wp-content\/uploads\/2026\/09\/nemecko-clanky-termaly-nemecko-62-7c30d429.jpg 1800w, https:\/\/loudavymkrokem.cz\/wp-content\/uploads\/2026\/09\/nemecko-clanky-termaly-nemecko-62-7c30d429-300x201.jpg 300w, https:\/\/loudavymkrokem.cz\/wp-content\/uploads\/2026\/09\/nemecko-clanky-termaly-nemecko-62-7c30d429-700x468.jpg 700w, https:\/\/loudavymkrokem.cz\/wp-content\/uploads\/2026\/09\/nemecko-clanky-termaly-nemecko-62-7c30d429-768x513.jpg 768w, https:\/\/loudavymkrokem.cz\/wp-content\/uploads\/2026\/09\/nemecko-clanky-termaly-nemecko-62-7c30d429-1536x1027.jpg 1536w, https:\/\/loudavymkrokem.cz\/wp-content\/uploads\/2026\/09\/nemecko-clanky-termaly-nemecko-62-7c30d429-696x465.jpg 696w, https:\/\/loudavymkrokem.cz\/wp-content\/uploads\/2026\/09\/nemecko-clanky-termaly-nemecko-62-7c30d429-1392x930.jpg 1392w\" sizes=\"(max-width: 1800px) 100vw, 1800px\" \/><button\n\t\t\tclass=\"lightbox-trigger\"\n\t\t\ttype=\"button\"\n\t\t\taria-haspopup=\"dialog\"\n\t\t\tdata-wp-bind--aria-label=\"state.thisImage.triggerButtonAriaLabel\"\n\t\t\tdata-wp-init=\"callbacks.initTriggerButton\"\n\t\t\tdata-wp-on--click=\"actions.showLightbox\"\n\t\t\tdata-wp-style--right=\"state.thisImage.buttonRight\"\n\t\t\tdata-wp-style--top=\"state.thisImage.buttonTop\"\n\t\t>\n\t\t\t<svg xmlns=\"http:\/\/www.w3.org\/2000\/svg\" width=\"12\" height=\"12\" fill=\"none\" viewBox=\"0 0 12 12\">\n\t\t\t\t<path fill=\"#fff\" d=\"M2 0a2 2 0 0 0-2 2v2h1.5V2a.5.5 0 0 1 .5-.5h2V0H2Zm2 10.5H2a.5.5 0 0 1-.5-.5V8H0v2a2 2 0 0 0 2 2h2v-1.5ZM8 12v-1.5h2a.5.5 0 0 0 .5-.5V8H12v2a2 2 0 0 1-2 2H8Zm2-12a2 2 0 0 1 2 2v2h-1.5V2a.5.5 0 0 0-.5-.5H8V0h2Z\" \/>\n\t\t\t<\/svg>\n\t\t<\/button><figcaption class=\"wp-element-caption\">Foto: Pudelek (Marcin Szala) \/ Wikimedia Commons, CC BY-SA 3.0<\/figcaption><\/figure>\n\n\n\n<h3 class=\"wp-block-heading\"><span class=\"ez-toc-section\" id=\"50_Crucenia_Thermen_Bad_Kreuznach\"><\/span>50. Crucenia Thermen (Bad Kreuznach)<span class=\"ez-toc-section-end\"><\/span><\/h3>\n\n\n\n<p class=\"wp-block-paragraph\">Estos agradables ba\u00f1os de la ciudad de Bad Kreuznach presumen de un detalle muy simp\u00e1tico: la <strong>accesibilidad oficialmente certificada<\/strong>. As\u00ed que si t\u00fa mismo tienes problemas de movilidad, o vas el fin de semana con alguien mayor de la familia, el Crucenia Thermen ser\u00e1 para ti la elecci\u00f3n ideal. Todo el complejo apuesta m\u00e1s bien por la calma, la salud y un ritmo m\u00e1s pausado que por las atracciones acu\u00e1ticas salvajes.<\/p>\n\n\n\n<p class=\"wp-block-paragraph\">Podr\u00e1s disfrutar de <strong>dos piscinas interiores y una exterior<\/strong>, a las que fluye constantemente agua termal a unos 33 \u00b0C. Si te gusta remojarte largo rato, apreciar\u00e1s otra piscina caldeada a exactamente 30 \u00b0C, completada con camas de masaje de burbujas y una acogedora sala de descanso. En el precio de la entrada <strong>tienes incluido tambi\u00e9n el aquafitness<\/strong>, as\u00ed que tambi\u00e9n puedes estirar un poco de forma activa. Para calentar r\u00e1pido el cuerpo va estupendamente la infrasauna local.<\/p>\n\n\n\n<p class=\"wp-block-paragraph\">En cuanto a precios, agradan los servicios adicionales, que aqu\u00ed consigues por cantidades muy amables. Seg\u00fan la tarifa de 2026, por un <strong>masaje parcial de media hora pagar\u00e1s solo 8 \u20ac<\/strong>, lo que para Alemania es un precio bastante decente. Y si quieres regalar la estancia a alguien, los vales de regalo empiezan ya en 5 \u20ac. <strong>\ud83d\udca1 Consejo:<\/strong> aunque aqu\u00ed no esperes un enorme parque de saunas, el propio agua curativa basta de sobra para calentar los huesos tras una excursi\u00f3n de d\u00eda completo.<\/p>\n\n\n\n<figure data-wp-context=\"{&quot;imageId&quot;:&quot;6a9c0c16e27a6&quot;}\" data-wp-interactive=\"core\/image\" data-wp-key=\"6a9c0c16e27a6\" class=\"wp-block-image size-full wp-lightbox-container\"><img decoding=\"async\" width=\"1800\" height=\"1800\" data-wp-class--hide=\"state.isContentHidden\" data-wp-class--show=\"state.isContentVisible\" data-wp-init=\"callbacks.setButtonStyles\" data-wp-on--click=\"actions.showLightbox\" data-wp-on--load=\"callbacks.setButtonStyles\" data-wp-on--pointerdown=\"actions.preloadImage\" data-wp-on--pointerenter=\"actions.preloadImageWithDelay\" data-wp-on--pointerleave=\"actions.cancelPreload\" data-wp-on-window--resize=\"callbacks.setButtonStyles\" src=\"https:\/\/loudavymkrokem.cz\/wp-content\/uploads\/2026\/09\/nemecko-clanky-termaly-nemecko-63-ec29e746-1.jpg\" alt=\"Emser Therme (Bad Ems)\" class=\"wp-image-415437\" title=\"\" srcset=\"https:\/\/loudavymkrokem.cz\/wp-content\/uploads\/2026\/09\/nemecko-clanky-termaly-nemecko-63-ec29e746-1.jpg 1800w, https:\/\/loudavymkrokem.cz\/wp-content\/uploads\/2026\/09\/nemecko-clanky-termaly-nemecko-63-ec29e746-1-300x300.jpg 300w, https:\/\/loudavymkrokem.cz\/wp-content\/uploads\/2026\/09\/nemecko-clanky-termaly-nemecko-63-ec29e746-1-700x700.jpg 700w, https:\/\/loudavymkrokem.cz\/wp-content\/uploads\/2026\/09\/nemecko-clanky-termaly-nemecko-63-ec29e746-1-150x150.jpg 150w, https:\/\/loudavymkrokem.cz\/wp-content\/uploads\/2026\/09\/nemecko-clanky-termaly-nemecko-63-ec29e746-1-768x768.jpg 768w, https:\/\/loudavymkrokem.cz\/wp-content\/uploads\/2026\/09\/nemecko-clanky-termaly-nemecko-63-ec29e746-1-1536x1536.jpg 1536w, https:\/\/loudavymkrokem.cz\/wp-content\/uploads\/2026\/09\/nemecko-clanky-termaly-nemecko-63-ec29e746-1-696x696.jpg 696w, https:\/\/loudavymkrokem.cz\/wp-content\/uploads\/2026\/09\/nemecko-clanky-termaly-nemecko-63-ec29e746-1-1392x1392.jpg 1392w\" sizes=\"(max-width: 1800px) 100vw, 1800px\" \/><button\n\t\t\tclass=\"lightbox-trigger\"\n\t\t\ttype=\"button\"\n\t\t\taria-haspopup=\"dialog\"\n\t\t\tdata-wp-bind--aria-label=\"state.thisImage.triggerButtonAriaLabel\"\n\t\t\tdata-wp-init=\"callbacks.initTriggerButton\"\n\t\t\tdata-wp-on--click=\"actions.showLightbox\"\n\t\t\tdata-wp-style--right=\"state.thisImage.buttonRight\"\n\t\t\tdata-wp-style--top=\"state.thisImage.buttonTop\"\n\t\t>\n\t\t\t<svg xmlns=\"http:\/\/www.w3.org\/2000\/svg\" width=\"12\" height=\"12\" fill=\"none\" viewBox=\"0 0 12 12\">\n\t\t\t\t<path fill=\"#fff\" d=\"M2 0a2 2 0 0 0-2 2v2h1.5V2a.5.5 0 0 1 .5-.5h2V0H2Zm2 10.5H2a.5.5 0 0 1-.5-.5V8H0v2a2 2 0 0 0 2 2h2v-1.5ZM8 12v-1.5h2a.5.5 0 0 0 .5-.5V8H12v2a2 2 0 0 1-2 2H8Zm2-12a2 2 0 0 1 2 2v2h-1.5V2a.5.5 0 0 0-.5-.5H8V0h2Z\" \/>\n\t\t\t<\/svg>\n\t\t<\/button><\/figure>\n\n\n\n<h3 class=\"wp-block-heading\"><span class=\"ez-toc-section\" id=\"51_Emser_Therme_Bad_Ems\"><\/span>51. Emser Therme (Bad Ems)<span class=\"ez-toc-section-end\"><\/span><\/h3>\n\n\n\n<p class=\"wp-block-paragraph\">Estos preciosos ba\u00f1os est\u00e1n justo a orillas del r\u00edo Lahn y te ofrecer\u00e1n <strong>6.600 metros cuadrados de superficie de relajaci\u00f3n<\/strong>. Aqu\u00ed encontrar\u00e1s un amplio paisaje termal, un parque de saunas, una galer\u00eda de wellness, un panorama de fitness y el restaurante Halberts. El Emser Therme es simplemente un enorme y completo mundo de descanso, donde puedes pasar tranquilamente todo el d\u00eda y siempre tendr\u00e1s algo que descubrir.<\/p>\n\n\n\n<p class=\"wp-block-paragraph\">Disfrutar\u00e1s de las diversiones acu\u00e1ticas en <strong>m\u00e1s de 700 metros cuadrados de l\u00e1mina de agua<\/strong>. La piscina termal interior principal te recibe a 33 \u00b0C, pero enseguida enlaza con una zona a\u00fan m\u00e1s caliente a 36 \u00b0C. Tambi\u00e9n puedes nadar fuera, donde el agua est\u00e1 a 32 a 35 \u00b0C y te ofrece preciosas vistas del r\u00edo. Para los nadadores m\u00e1s activos el recinto esconde una <strong>piscina deportiva a 24 a 28 \u00b0C<\/strong> y una piscina especial para actividades de movimiento.<\/p>\n\n\n\n<p class=\"wp-block-paragraph\">Los amantes de la sudoraci\u00f3n estar\u00e1n encantados con el enorme recinto, que ofrece m\u00e1s de <strong>1.000 metros cuadrados de espacio para la sauna<\/strong>. Es simplemente el lugar \u00f3ptimo para una regeneraci\u00f3n profunda de cuerpo y mente. Para el endurecimiento en sauna usar\u00e1s la piscina caliente a 38 \u00b0C y despu\u00e9s te enfriar\u00e1s r\u00e1pido en el agua helada de dieciocho grados. <strong>\ud83d\udca1 Consejo:<\/strong> si despu\u00e9s de nadar te entra hambre, prueba directamente el restaurante local Halberts, para no tener que salir del recinto en todo el d\u00eda.<\/p>\n\n\n\n<figure data-wp-context=\"{&quot;imageId&quot;:&quot;6a9c0c16e2d67&quot;}\" data-wp-interactive=\"core\/image\" data-wp-key=\"6a9c0c16e2d67\" class=\"wp-block-image size-full wp-lightbox-container\"><img decoding=\"async\" width=\"1800\" height=\"1350\" data-wp-class--hide=\"state.isContentHidden\" data-wp-class--show=\"state.isContentVisible\" data-wp-init=\"callbacks.setButtonStyles\" data-wp-on--click=\"actions.showLightbox\" data-wp-on--load=\"callbacks.setButtonStyles\" data-wp-on--pointerdown=\"actions.preloadImage\" data-wp-on--pointerenter=\"actions.preloadImageWithDelay\" data-wp-on--pointerleave=\"actions.cancelPreload\" data-wp-on-window--resize=\"callbacks.setButtonStyles\" src=\"https:\/\/loudavymkrokem.cz\/wp-content\/uploads\/2026\/09\/nemecko-clanky-termaly-nemecko-64-23e551d5-1.jpg\" alt=\"Jard\u00edn de saunas del vabali spa en Berl\u00edn\" class=\"wp-image-415441\" title=\"\" srcset=\"https:\/\/loudavymkrokem.cz\/wp-content\/uploads\/2026\/09\/nemecko-clanky-termaly-nemecko-64-23e551d5-1.jpg 1800w, https:\/\/loudavymkrokem.cz\/wp-content\/uploads\/2026\/09\/nemecko-clanky-termaly-nemecko-64-23e551d5-1-300x225.jpg 300w, https:\/\/loudavymkrokem.cz\/wp-content\/uploads\/2026\/09\/nemecko-clanky-termaly-nemecko-64-23e551d5-1-700x525.jpg 700w, https:\/\/loudavymkrokem.cz\/wp-content\/uploads\/2026\/09\/nemecko-clanky-termaly-nemecko-64-23e551d5-1-768x576.jpg 768w, https:\/\/loudavymkrokem.cz\/wp-content\/uploads\/2026\/09\/nemecko-clanky-termaly-nemecko-64-23e551d5-1-1536x1152.jpg 1536w, https:\/\/loudavymkrokem.cz\/wp-content\/uploads\/2026\/09\/nemecko-clanky-termaly-nemecko-64-23e551d5-1-80x60.jpg 80w, https:\/\/loudavymkrokem.cz\/wp-content\/uploads\/2026\/09\/nemecko-clanky-termaly-nemecko-64-23e551d5-1-160x120.jpg 160w, https:\/\/loudavymkrokem.cz\/wp-content\/uploads\/2026\/09\/nemecko-clanky-termaly-nemecko-64-23e551d5-1-696x522.jpg 696w, https:\/\/loudavymkrokem.cz\/wp-content\/uploads\/2026\/09\/nemecko-clanky-termaly-nemecko-64-23e551d5-1-1392x1044.jpg 1392w\" sizes=\"(max-width: 1800px) 100vw, 1800px\" \/><button\n\t\t\tclass=\"lightbox-trigger\"\n\t\t\ttype=\"button\"\n\t\t\taria-haspopup=\"dialog\"\n\t\t\tdata-wp-bind--aria-label=\"state.thisImage.triggerButtonAriaLabel\"\n\t\t\tdata-wp-init=\"callbacks.initTriggerButton\"\n\t\t\tdata-wp-on--click=\"actions.showLightbox\"\n\t\t\tdata-wp-style--right=\"state.thisImage.buttonRight\"\n\t\t\tdata-wp-style--top=\"state.thisImage.buttonTop\"\n\t\t>\n\t\t\t<svg xmlns=\"http:\/\/www.w3.org\/2000\/svg\" width=\"12\" height=\"12\" fill=\"none\" viewBox=\"0 0 12 12\">\n\t\t\t\t<path fill=\"#fff\" d=\"M2 0a2 2 0 0 0-2 2v2h1.5V2a.5.5 0 0 1 .5-.5h2V0H2Zm2 10.5H2a.5.5 0 0 1-.5-.5V8H0v2a2 2 0 0 0 2 2h2v-1.5ZM8 12v-1.5h2a.5.5 0 0 0 .5-.5V8H12v2a2 2 0 0 1-2 2H8Zm2-12a2 2 0 0 1 2 2v2h-1.5V2a.5.5 0 0 0-.5-.5H8V0h2Z\" \/>\n\t\t\t<\/svg>\n\t\t<\/button><\/figure>\n\n\n\n<h2 class=\"wp-block-heading\"><span class=\"ez-toc-section\" id=\"Guia_practica_que_llevar_con_ninos_y_en_efectivo\"><\/span>Gu\u00eda pr\u00e1ctica: qu\u00e9 llevar, con ni\u00f1os y en efectivo<span class=\"ez-toc-section-end\"><\/span><\/h2>\n\n\n\n<p class=\"wp-block-paragraph\">Antes de salir, mete en la maleta una <strong>toalla grande para poner debajo en la sauna<\/strong>, porque en Alemania se hace la sauna estrictamente sin ba\u00f1ador y la toalla tiene que estar bajo todo el cuerpo. Para moverte entre piscinas te vendr\u00e1n bien las chanclas y, para el propio ba\u00f1o, por supuesto, el ba\u00f1ador. El alquiler de albornoz o toalla in situ es de pago casi en todas partes, por ejemplo en Thermen &#038; Badewelt Sinsheim <strong>pagar\u00e1s por el albornoz 9 \u20ac y otros 40 \u20ac de fianza<\/strong>. En Kristalltherme Bad Wilsnack la toalla con albornoz te sale por 12 \u20ac y, adem\u00e1s, prepara 15 \u20ac de fianza.<\/p>\n\n\n\n<p class=\"wp-block-paragraph\">Puedes dejar tranquilamente la cartera en la taquilla, porque dentro se <strong>paga con un chip o una pulsera<\/strong> que recibes a la entrada. La cuenta de la comida y los posibles suplementos por estancia m\u00e1s larga los saldas al final en la caja de salida, y algunos recintos tienen fijados l\u00edmites de cr\u00e9dito, como Titania Neus\u00e4\u00df, con un l\u00edmite de 50 \u20ac por adulto. <strong>\ud83d\udca1 Consejo:<\/strong> si visitas las termas a menudo, pregunta por las tarjetas prepago, porque en Sinsheim, por ejemplo, con un cr\u00e9dito de 150 \u20ac obtienes directamente un 5 % de descuento en la entrada.<\/p>\n\n\n\n<p class=\"wp-block-paragraph\">El aparcamiento en la mayor\u00eda de los recintos est\u00e1 resuelto con generosos aparcamientos, y algunos lugares piensan tambi\u00e9n en las autocaravanas, como ofrece por ejemplo el Adelindis Therme Bad Buchau. En el Carolus Thermen Aachen, por ejemplo, <strong>pagar\u00e1s por el garaje una tarifa plana de 6 \u20ac<\/strong> para toda la visita y pasar\u00e1s a las piscinas c\u00f3modamente sin mojarte.<\/p>\n\n\n\n<p class=\"wp-block-paragraph\">\u00bfQuieres calma? Entonces <strong>evita los fines de semana, los festivos y las vacaciones alemanas<\/strong>, cuando no solo est\u00e1 todo m\u00e1s lleno, sino que a menudo se pagan suplementos de fin de semana de 1,50 a 5 \u20ac. Algunos recintos, como el VitaSol Therme Bad Salzuflen, incluso <strong>muestran en la web la ocupaci\u00f3n actual<\/strong>, as\u00ed que puedes comprobar las plazas libres antes de salir. Y en el Spreewald Therme Burg puedes reservar por 7,50 \u20ac una tumbona concreta en la zona de descanso para todo el d\u00eda y as\u00ed asegurarte tu sitio.<\/p>\n\n\n\n<p class=\"wp-block-paragraph\">Las familias con ni\u00f1os deber\u00edan elegir con cuidado de antemano, porque <strong>algunos recintos tienen l\u00edmites de edad estrictos<\/strong> y apuestan m\u00e1s bien por el descanso silencioso de los adultos. Al Thermen &#038; Badewelt Sinsheim te dejan entrar a partir de 16 a\u00f1os y, por ejemplo, el Mineraltherme B\u00f6blingen no admite ni\u00f1os menores de cinco a\u00f1os. En cambio, en Therme Erding o en Titania Neus\u00e4\u00df, con sus ventajosas tarifas familiares, los <strong>ni\u00f1os se desahogan a placer en toboganes y piscinas de olas<\/strong>.<\/p>\n\n\n\n<p class=\"wp-block-paragraph\">Antes del viaje te recomiendo <strong>comprobar la tarifa actual de 2026<\/strong> y las posibles paradas t\u00e9cnicas directamente en la web del balneario elegido. As\u00ed evitar\u00e1s una decepci\u00f3n innecesaria in situ, porque por ejemplo la piscina termal exterior del Bodensee-Therme Konstanz est\u00e1 en revisi\u00f3n hasta el 25 de septiembre de 2026. Igualmente conviene saber que <strong>en el D\u00fcnen-Therme St. Peter-Ording est\u00e1n de momento fuera de servicio la piscina de olas<\/strong> y el popular Turbo-Rutsche.<\/p>\n\n\n\n<h2 class=\"wp-block-heading\"><span class=\"ez-toc-section\" id=\"Adonde_ir_despues_mas_articulos_sobre_termas_y_wellness\"><\/span>Ad\u00f3nde ir despu\u00e9s: m\u00e1s art\u00edculos sobre termas y wellness<span class=\"ez-toc-section-end\"><\/span><\/h2>\n\n\n\n<ul class=\"wp-block-list\">\n\n<li><strong><a href=\"https:\/\/loudavymkrokem.cz\/es\/hoteles-wellness-alemania\/\">Hoteles con wellness en Alemania<\/a><\/strong> &#8211; echa un vistazo a nuestros consejos sobre los mejores lugares para relajarte en el pa\u00eds vecino.<\/li>\n\n\n\n<li><strong><a href=\"https:\/\/loudavymkrokem.cz\/es\/parques-acuaticos-alemania\/\">Los mejores aquaparques de Alemania<\/a><\/strong> &#8211; si buscas m\u00e1s bien adrenalina y toboganes, estos lugares te encantar\u00e1n.<\/li>\n\n\n\n<li><strong><a href=\"https:\/\/loudavymkrokem.cz\/es\/mejores-termas-chequia\/\">Las mejores termas y balnearios termales de Chequia<\/a><\/strong> &#8211; descubre los recintos checos m\u00e1s bonitos, por los que no tienes que cruzar la frontera.<\/li>\n\n\n\n<li><strong><a href=\"https:\/\/loudavymkrokem.cz\/es\/termas-eslovaquia-mejores-balnearios\/\">Termas en Eslovaquia<\/a><\/strong> &#8211; averigua ad\u00f3nde ir en Eslovaquia en busca de manantiales calientes y descanso.<\/li>\n\n\n\n<li><strong><a href=\"https:\/\/loudavymkrokem.cz\/es\/hoteles-wellness-austria\/\">Hoteles con wellness en Austria<\/a><\/strong> &#8211; insp\u00edrate con los preciosos hoteles austriacos, que combinan monta\u00f1a y atenci\u00f3n de lujo.<\/li>\n\n\n\n<li><strong><a href=\"https:\/\/loudavymkrokem.cz\/es\/castillo-neuschwanstein-alemania\/\">Castillo de Neuschwanstein<\/a><\/strong> &#8211; lee sobre este castillo de cuento, porque el K\u00f6nigliche Kristall-Therme de Schwangau est\u00e1 justo a sus pies.<\/li>\n\n\n<\/ul>\n\n\n\n<h2 class=\"wp-block-heading\"><span class=\"ez-toc-section\" id=\"Preguntas_frecuentes\"><\/span>Preguntas frecuentes<span class=\"ez-toc-section-end\"><\/span><\/h2>\n\n\n\n<p class=\"wp-block-paragraph\">\u00bfTodav\u00eda tienes alguna pregunta adicional sobre la visita a los balnearios alemanes? He preparado para ti un resumen de las dudas m\u00e1s habituales, que te facilitar\u00e1 la planificaci\u00f3n de tu viaje.<\/p>\n\n\n<div id=\"rank-math-faq\" class=\"rank-math-block\">\n<div class=\"rank-math-list \">\n<div id=\"faq-question-1788420581000\" class=\"rank-math-list-item\">\n<h3 class=\"rank-math-question \"><span class=\"ez-toc-section\" id=\"%C2%BFCual_es_el_termal_mas_grande_de_Alemania\"><\/span>\u00bfCu\u00e1l es el termal m\u00e1s grande de Alemania?<span class=\"ez-toc-section-end\"><\/span><\/h3>\n<div class=\"rank-math-answer \">\n\n<p>El t\u00edtulo del termal m\u00e1s grande de Alemania lo tiene Therme Erding. Seg\u00fan la web oficial, all\u00ed encontrar\u00e1s 40 piscinas, 38 saunas y ba\u00f1os de vapor y nada menos que 28 toboganes con una longitud total de m\u00e1s de 2.850 metros. Es un complejo enorme que se extiende por una superficie gigantesca y ofrece diversi\u00f3n para todo el d\u00eda tanto para adultos como para ni\u00f1os.<\/p>\n\n<\/div>\n<\/div>\n<div id=\"faq-question-1788420581001\" class=\"rank-math-list-item\">\n<h3 class=\"rank-math-question \"><span class=\"ez-toc-section\" id=\"%C2%BFCuanto_cuesta_la_entrada_a_un_termal_aleman\"><\/span>\u00bfCu\u00e1nto cuesta la entrada a un termal alem\u00e1n?<span class=\"ez-toc-section-end\"><\/span><\/h3>\n<div class=\"rank-math-answer \">\n\n<p>El nivel de precios para 2026 suele moverse entre 13 y 21 \u20ac por dos horas de ba\u00f1o. Por una entrada de d\u00eda completo pagar\u00e1s normalmente de 18 a 37 \u20ac. Las m\u00e1s caras de nuestra selecci\u00f3n son las termas Therme Bad W\u00f6rishofen, donde la entrada de d\u00eda completo cuesta 51 \u20ac. Si quieres visitar tambi\u00e9n el mundo de saunas, cuenta con un suplemento de unos 5 a 10 \u20ac.<\/p>\n\n<\/div>\n<\/div>\n<div id=\"faq-question-1788420581002\" class=\"rank-math-list-item\">\n<h3 class=\"rank-math-question \"><span class=\"ez-toc-section\" id=\"%C2%BFHay_que_ir_desnudo_en_las_saunas_alemanas\"><\/span>\u00bfHay que ir desnudo en las saunas alemanas?<span class=\"ez-toc-section-end\"><\/span><\/h3>\n<div class=\"rank-math-answer \">\n\n<p>S\u00ed, en las saunas de Alemania se entra estrictamente sin ba\u00f1ador. Por eso no olvides llevar una toalla grande o una s\u00e1bana, porque debes tener cubierto todo el cuerpo, incluidos los pies. Si te da verg\u00fcenza, puedes cubrirte en la sauna, pero con el ba\u00f1ador mojado los socorristas no te dejar\u00e1n entrar por motivos de higiene.<\/p>\n\n<\/div>\n<\/div>\n<div id=\"faq-question-1788420581003\" class=\"rank-math-list-item\">\n<h3 class=\"rank-math-question \"><span class=\"ez-toc-section\" id=\"%C2%BFQue_termales_alemanes_estan_mas_cerca_de_Espana\"><\/span>\u00bfQu\u00e9 termales alemanes est\u00e1n m\u00e1s cerca de Espa\u00f1a?<span class=\"ez-toc-section-end\"><\/span><\/h3>\n<div class=\"rank-math-answer \">\n\n<p>Para los viajeros espa\u00f1oles, los termales m\u00e1s accesibles del sur de Alemania incluyen Sibyllenbad en Neualbenreuth (Baviera), que es uno de los m\u00e1s econ\u00f3micos. En la Suiza Sajona encontrar\u00e1s Toskana Therme Bad Schandau con su famoso concepto de m\u00fasica bajo el agua. Desde el sur tambi\u00e9n se puede llegar f\u00e1cilmente a los ba\u00f1os de Bad F\u00fcssing y Bad Griesbach pasando por Passau.<\/p>\n\n<\/div>\n<\/div>\n<div id=\"faq-question-1788420581004\" class=\"rank-math-list-item\">\n<h3 class=\"rank-math-question \"><span class=\"ez-toc-section\" id=\"%C2%BFPueden_ir_ninos_a_los_termales_alemanes\"><\/span>\u00bfPueden ir ni\u00f1os a los termales alemanes?<span class=\"ez-toc-section-end\"><\/span><\/h3>\n<div class=\"rank-math-answer \">\n\n<p>Depende del complejo concreto, porque muchos de ellos se orientan m\u00e1s a adultos. Por ejemplo, en Thermen &amp; Badewelt Sinsheim solo pueden entrar j\u00f3venes a partir de 16 a\u00f1os y Mineraltherme B\u00f6blingen no admite ni\u00f1os menores de 5 a\u00f1os. En cambio, Therme Erding o Titania Neus\u00e4\u00df son perfectos para familias con ni\u00f1os y ofrecen tarifas familiares y atracciones.<\/p>\n\n<\/div>\n<\/div>\n<div id=\"faq-question-1788420581005\" class=\"rank-math-list-item\">\n<h3 class=\"rank-math-question \"><span class=\"ez-toc-section\" id=\"%C2%BFQue_significa_Bademantelgang\"><\/span>\u00bfQu\u00e9 significa Bademantelgang?<span class=\"ez-toc-section-end\"><\/span><\/h3>\n<div class=\"rank-math-answer \">\n\n<p>La palabra Bademantelgang designa un pasillo climatizado que conecta determinados alojamientos directamente con el complejo termal. Gracias a ello puedes cambiarte al ba\u00f1ador y al albornoz en la comodidad de tu habitaci\u00f3n de hotel y pasar a las piscinas con el pie seco, por as\u00ed decirlo. Te ahorras as\u00ed la necesidad de utilizar los vestuarios y taquillas comunes de las termas.<\/p>\n\n<\/div>\n<\/div>\n<div id=\"faq-question-1788420581006\" class=\"rank-math-list-item\">\n<h3 class=\"rank-math-question \"><span class=\"ez-toc-section\" id=\"%C2%BFTengo_que_llevar_mi_propia_toalla_y_albornoz\"><\/span>\u00bfTengo que llevar mi propia toalla y albornoz?<span class=\"ez-toc-section-end\"><\/span><\/h3>\n<div class=\"rank-math-answer \">\n\n<p>Lleva tu propio equipo, porque el alquiler de albornoz y toalla en los termales alemanes casi siempre tiene coste y requiere un dep\u00f3sito. Por ejemplo, en Kristalltherme Bad Wilsnack pagar\u00e1s 5 \u20ac por la toalla y 7 \u20ac por el albornoz, adem\u00e1s de dejar un dep\u00f3sito de 15 \u20ac. As\u00ed evitar\u00e1s que la visita te salga m\u00e1s cara innecesariamente.<\/p>\n\n<\/div>\n<\/div>\n<div id=\"faq-question-1788420581007\" class=\"rank-math-list-item\">\n<h3 class=\"rank-math-question \"><span class=\"ez-toc-section\" id=\"%C2%BFCuando_hay_menos_gente_en_los_termales_alemanes\"><\/span>\u00bfCu\u00e1ndo hay menos gente en los termales alemanes?<span class=\"ez-toc-section-end\"><\/span><\/h3>\n<div class=\"rank-math-answer \">\n\n<p>Disfrutar\u00e1s de mayor tranquilidad durante los d\u00edas laborables, idealmente justo despu\u00e9s de la apertura matutina o por el contrario por la tarde-noche. Evita sin duda los fines de semana, festivos y per\u00edodos de vacaciones escolares alemanas. Adem\u00e1s, muchas termas cobran suplementos en los fines de semana, normalmente entre 1,50 y 5 \u20ac, as\u00ed que visit\u00e1ndolas en d\u00eda laborable tambi\u00e9n ahorrar\u00e1s.<\/p>\n\n<\/div>\n<\/div>\n<div id=\"faq-question-1788420581008\" class=\"rank-math-list-item\">\n<h3 class=\"rank-math-question \"><span class=\"ez-toc-section\" id=\"%C2%BFSe_paga_tasa_de_balneario_en_Alemania\"><\/span>\u00bfSe paga tasa de balneario en Alemania?<span class=\"ez-toc-section-end\"><\/span><\/h3>\n<div class=\"rank-math-answer \">\n\n<p>S\u00ed, si te alojas en una ciudad balneario tradicional, pagar\u00e1s una tasa tur\u00edstica o Kurbeitrag. A cambio de ello normalmente obtendr\u00e1s una tarjeta de hu\u00e9sped que te garantiza descuentos en las entradas. Por ejemplo, los hu\u00e9spedes alojados en los alrededores de Havel Therme Werder tienen derecho a entrada con descuento en d\u00edas laborables, solo hay que mostrar la tarjeta en la taquilla.<\/p>\n\n<\/div>\n<\/div>\n<div id=\"faq-question-1788420581009\" class=\"rank-math-list-item\">\n<h3 class=\"rank-math-question \"><span class=\"ez-toc-section\" id=\"%C2%BFQue_termal_aleman_es_el_mas_adecuado_para_familias_con_ninos\"><\/span>\u00bfQu\u00e9 termal alem\u00e1n es el m\u00e1s adecuado para familias con ni\u00f1os?<span class=\"ez-toc-section-end\"><\/span><\/h3>\n<div class=\"rank-math-answer \">\n\n<p>Sin duda la mejor opci\u00f3n para familias es Therme Erding, donde los ni\u00f1os se lo pasar\u00e1n en grande en 28 toboganes y en una gran piscina de olas. Tambi\u00e9n son estupendas las termas Spreewelten Bad L\u00fcbbenau, donde puedes observar ping\u00fcinos vivos a trav\u00e9s de una pared de cristal en la piscina. Excelentes instalaciones ofrecen tambi\u00e9n Titania Neus\u00e4\u00df o D\u00fcnen-Therme St. Peter-Ording, que tienen preparadas ventajosas tarifas infantiles.<\/p>\n\n<\/div>\n<\/div>\n<\/div>\n<\/div>","protected":false},"excerpt":{"rendered":"<p>Gu\u00eda completa de 51 termas en Alemania por estados federados: precios 2026, d\u00f3nde se va sin ba\u00f1ador y d\u00f3nde dormir junto a la piscina.<\/p>\n","protected":false},"author":3,"featured_media":415526,"comment_status":"open","ping_status":"open","sticky":false,"template":"","format":"standard","meta":{"_acf_changed":false,"footnotes":"","rank_math_title":"Termas en Alemania: 51 mejores balnearios 2026","rank_math_description":"Descubre las 51 mejores termas en Alemania: precios 2026, etiqueta de sauna, hoteles con acceso directo y d\u00f3nde ir sin ba\u00f1ador. \u00a1Planifica tu escapada!","rank_math_focus_keyword":"termas alemania","rank_math_seo_score":""},"categories":[1021,996,980],"tags":[],"class_list":["post-417081","post","type-post","status-publish","format-standard","has-post-thumbnail","category-alemania","category-europa","category-viajes"],"acf":[],"featured_image_src":"https:\/\/loudavymkrokem.cz\/wp-content\/uploads\/2026\/09\/nemecko-clanky-termaly-nemecko-featured-c2c297a7.jpg","author_info":{"display_name":"Lucie Kone\u010dn\u00e1","author_link":"https:\/\/loudavymkrokem.cz\/es\/author\/lucie-konecna\/"},"_links":{"self":[{"href":"https:\/\/loudavymkrokem.cz\/es\/wp-json\/wp\/v2\/posts\/417081","targetHints":{"allow":["GET"]}}],"collection":[{"href":"https:\/\/loudavymkrokem.cz\/es\/wp-json\/wp\/v2\/posts"}],"about":[{"href":"https:\/\/loudavymkrokem.cz\/es\/wp-json\/wp\/v2\/types\/post"}],"author":[{"embeddable":true,"href":"https:\/\/loudavymkrokem.cz\/es\/wp-json\/wp\/v2\/users\/3"}],"replies":[{"embeddable":true,"href":"https:\/\/loudavymkrokem.cz\/es\/wp-json\/wp\/v2\/comments?post=417081"}],"version-history":[{"count":2,"href":"https:\/\/loudavymkrokem.cz\/es\/wp-json\/wp\/v2\/posts\/417081\/revisions"}],"predecessor-version":[{"id":417083,"href":"https:\/\/loudavymkrokem.cz\/es\/wp-json\/wp\/v2\/posts\/417081\/revisions\/417083"}],"wp:featuredmedia":[{"embeddable":true,"href":"https:\/\/loudavymkrokem.cz\/es\/wp-json\/wp\/v2\/media\/415526"}],"wp:attachment":[{"href":"https:\/\/loudavymkrokem.cz\/es\/wp-json\/wp\/v2\/media?parent=417081"}],"wp:term":[{"taxonomy":"category","embeddable":true,"href":"https:\/\/loudavymkrokem.cz\/es\/wp-json\/wp\/v2\/categories?post=417081"},{"taxonomy":"post_tag","embeddable":true,"href":"https:\/\/loudavymkrokem.cz\/es\/wp-json\/wp\/v2\/tags?post=417081"}],"curies":[{"name":"wp","href":"https:\/\/api.w.org\/{rel}","templated":true}]}}