{"id":417072,"date":"2026-09-01T21:10:41","date_gmt":"2026-09-01T19:10:41","guid":{"rendered":"https:\/\/loudavymkrokem.cz\/que-ver-rio-de-janeiro\/"},"modified":"2026-09-05T12:48:41","modified_gmt":"2026-09-05T10:48:41","slug":"que-ver-rio-de-janeiro","status":"publish","type":"post","link":"https:\/\/loudavymkrokem.cz\/es\/que-ver-rio-de-janeiro\/","title":{"rendered":"R\u00edo de Janeiro, Brasil: 22 cosas que ver y hacer en 2026"},"content":{"rendered":"\n<p class=\"wp-block-paragraph\">Si est\u00e1s pensando en viajar a Sudam\u00e9rica y buscas un destino lleno de color y energ\u00eda desbordante, la metr\u00f3poli brasile\u00f1a te va a conquistar sin duda. <strong>R\u00edo de Janeiro es una ciudad de contrastes incre\u00edbles<\/strong>, donde la arquitectura moderna se funde con la naturaleza salvaje y donde las playas doradas dan paso de forma natural a densas selvas verdes. Te espera un paisaje impresionante y una cultura riqu\u00edsima llena de m\u00fasica.<\/p>\n\n\n\n<p class=\"wp-block-paragraph\">Planificar una estancia en esta perla tropical requiere un enfoque algo distinto, porque <strong>R\u00edo se organiza sobre todo seg\u00fan el tiempo<\/strong>, y no seg\u00fan una lista fija de monumentos. Y es que los dos lugares m\u00e1s famosos son miradores situados en las alturas, que pierden por completo su sentido sin buena visibilidad. Por eso te recomiendo dejar suficiente espacio libre en tu itinerario y reaccionar con flexibilidad ante la niebla matutina o el cielo despejado.<\/p>\n\n\n\n<p class=\"wp-block-paragraph\">Desde las playas ic\u00f3nicas hasta museos escondidos: aqu\u00ed encontrar\u00e1s todo lo que necesitas saber para armar tu programa exactamente a tu gusto. Y como saber orientarse por los barrios es media victoria, tambi\u00e9n te a\u00f1ado consejos pr\u00e1cticos sobre seguridad y alojamiento.<\/p>\n\n\n\n<figure data-wp-context=\"{&quot;imageId&quot;:&quot;6a9c4ecf7a5ee&quot;}\" data-wp-interactive=\"core\/image\" data-wp-key=\"6a9c4ecf7a5ee\" class=\"wp-block-image size-full wp-lightbox-container\"><img decoding=\"async\" width=\"1920\" height=\"1440\" data-wp-class--hide=\"state.isContentHidden\" data-wp-class--show=\"state.isContentVisible\" data-wp-init=\"callbacks.setButtonStyles\" data-wp-on--click=\"actions.showLightbox\" data-wp-on--load=\"callbacks.setButtonStyles\" data-wp-on--pointerdown=\"actions.preloadImage\" data-wp-on--pointerenter=\"actions.preloadImageWithDelay\" data-wp-on--pointerleave=\"actions.cancelPreload\" data-wp-on-window--resize=\"callbacks.setButtonStyles\" src=\"https:\/\/loudavymkrokem.cz\/wp-content\/uploads\/2026\/09\/panorama-ria-s-cukrovou-homoli-49cf45de.jpg\" alt=\"Panorama de R\u00edo con el Pan de Az\u00facar\" class=\"wp-image-413354\" title=\"\" srcset=\"https:\/\/loudavymkrokem.cz\/wp-content\/uploads\/2026\/09\/panorama-ria-s-cukrovou-homoli-49cf45de.jpg 1920w, https:\/\/loudavymkrokem.cz\/wp-content\/uploads\/2026\/09\/panorama-ria-s-cukrovou-homoli-49cf45de-300x225.jpg 300w, https:\/\/loudavymkrokem.cz\/wp-content\/uploads\/2026\/09\/panorama-ria-s-cukrovou-homoli-49cf45de-700x525.jpg 700w, https:\/\/loudavymkrokem.cz\/wp-content\/uploads\/2026\/09\/panorama-ria-s-cukrovou-homoli-49cf45de-768x576.jpg 768w, https:\/\/loudavymkrokem.cz\/wp-content\/uploads\/2026\/09\/panorama-ria-s-cukrovou-homoli-49cf45de-1536x1152.jpg 1536w, https:\/\/loudavymkrokem.cz\/wp-content\/uploads\/2026\/09\/panorama-ria-s-cukrovou-homoli-49cf45de-80x60.jpg 80w, https:\/\/loudavymkrokem.cz\/wp-content\/uploads\/2026\/09\/panorama-ria-s-cukrovou-homoli-49cf45de-160x120.jpg 160w, https:\/\/loudavymkrokem.cz\/wp-content\/uploads\/2026\/09\/panorama-ria-s-cukrovou-homoli-49cf45de-696x522.jpg 696w, https:\/\/loudavymkrokem.cz\/wp-content\/uploads\/2026\/09\/panorama-ria-s-cukrovou-homoli-49cf45de-1392x1044.jpg 1392w\" sizes=\"(max-width: 1920px) 100vw, 1920px\" \/><button\n\t\t\tclass=\"lightbox-trigger\"\n\t\t\ttype=\"button\"\n\t\t\taria-haspopup=\"dialog\"\n\t\t\tdata-wp-bind--aria-label=\"state.thisImage.triggerButtonAriaLabel\"\n\t\t\tdata-wp-init=\"callbacks.initTriggerButton\"\n\t\t\tdata-wp-on--click=\"actions.showLightbox\"\n\t\t\tdata-wp-style--right=\"state.thisImage.buttonRight\"\n\t\t\tdata-wp-style--top=\"state.thisImage.buttonTop\"\n\t\t>\n\t\t\t<svg xmlns=\"http:\/\/www.w3.org\/2000\/svg\" width=\"12\" height=\"12\" fill=\"none\" viewBox=\"0 0 12 12\">\n\t\t\t\t<path fill=\"#fff\" d=\"M2 0a2 2 0 0 0-2 2v2h1.5V2a.5.5 0 0 1 .5-.5h2V0H2Zm2 10.5H2a.5.5 0 0 1-.5-.5V8H0v2a2 2 0 0 0 2 2h2v-1.5ZM8 12v-1.5h2a.5.5 0 0 0 .5-.5V8H12v2a2 2 0 0 1-2 2H8Zm2-12a2 2 0 0 1 2 2v2h-1.5V2a.5.5 0 0 0-.5-.5H8V0h2Z\" \/>\n\t\t\t<\/svg>\n\t\t<\/button><figcaption class=\"wp-element-caption\">Foto: Acediscovery \/ Wikimedia Commons, CC BY 4.0<\/figcaption><\/figure>\n\n\n\n<div id=\"ez-toc-container\" class=\"ez-toc-v2_0_87 ez-toc-wrap-left counter-hierarchy ez-toc-counter ez-toc-grey ez-toc-container-direction\">\n<div class=\"ez-toc-title-container\">\n<p class=\"ez-toc-title\" style=\"cursor:inherit\">Contenido del art\u00edculo<\/p>\n<span class=\"ez-toc-title-toggle\"><a href=\"#\" class=\"ez-toc-pull-right ez-toc-btn ez-toc-btn-xs ez-toc-btn-default ez-toc-toggle\" aria-label=\"Alternar tabla de contenidos\"><span class=\"ez-toc-js-icon-con\"><span class=\"\"><span class=\"eztoc-hide\" style=\"display:none;\">Toggle<\/span><span class=\"ez-toc-icon-toggle-span\"><svg style=\"fill: #999;color:#999\" xmlns=\"http:\/\/www.w3.org\/2000\/svg\" class=\"list-377408\" width=\"20px\" height=\"20px\" viewBox=\"0 0 24 24\" fill=\"none\"><path d=\"M6 6H4v2h2V6zm14 0H8v2h12V6zM4 11h2v2H4v-2zm16 0H8v2h12v-2zM4 16h2v2H4v-2zm16 0H8v2h12v-2z\" fill=\"currentColor\"><\/path><\/svg><svg style=\"fill: #999;color:#999\" class=\"arrow-unsorted-368013\" xmlns=\"http:\/\/www.w3.org\/2000\/svg\" width=\"10px\" height=\"10px\" viewBox=\"0 0 24 24\" version=\"1.2\" baseProfile=\"tiny\"><path d=\"M18.2 9.3l-6.2-6.3-6.2 6.3c-.2.2-.3.4-.3.7s.1.5.3.7c.2.2.4.3.7.3h11c.3 0 .5-.1.7-.3.2-.2.3-.5.3-.7s-.1-.5-.3-.7zM5.8 14.7l6.2 6.3 6.2-6.3c.2-.2.3-.5.3-.7s-.1-.5-.3-.7c-.2-.2-.4-.3-.7-.3h-11c-.3 0-.5.1-.7.3-.2.2-.3.5-.3.7s.1.5.3.7z\"\/><\/svg><\/span><\/span><\/span><\/a><\/span><\/div>\n<nav><ul class='ez-toc-list ez-toc-list-level-1 ' ><ul class='ez-toc-list-level-3' ><li class='ez-toc-heading-level-3'><a class=\"ez-toc-link ez-toc-heading-1\" href=\"https:\/\/loudavymkrokem.cz\/es\/que-ver-rio-de-janeiro\/#Resumen_para_quienes_no_tienen_tiempo_de_leer_todo_el_articulo\" >Resumen para quienes no tienen tiempo de leer todo el art\u00edculo<\/a><\/li><\/ul><\/li><li class='ez-toc-page-1 ez-toc-heading-level-2'><a class=\"ez-toc-link ez-toc-heading-2\" href=\"https:\/\/loudavymkrokem.cz\/es\/que-ver-rio-de-janeiro\/#Cuando_viajar_a_Rio_de_Janeiro\" >Cu\u00e1ndo viajar a R\u00edo de Janeiro<\/a><\/li><li class='ez-toc-page-1 ez-toc-heading-level-2'><a class=\"ez-toc-link ez-toc-heading-3\" href=\"https:\/\/loudavymkrokem.cz\/es\/que-ver-rio-de-janeiro\/#Seguridad_en_Rio_de_Janeiro_como_disfrutar_de_las_vacaciones_sin_preocupaciones\" >Seguridad en R\u00edo de Janeiro: c\u00f3mo disfrutar de las vacaciones sin preocupaciones<\/a><\/li><li class='ez-toc-page-1 ez-toc-heading-level-2'><a class=\"ez-toc-link ez-toc-heading-4\" href=\"https:\/\/loudavymkrokem.cz\/es\/que-ver-rio-de-janeiro\/#Donde_alojarse_en_Rio_de_Janeiro\" >D\u00f3nde alojarse en R\u00edo de Janeiro<\/a><\/li><li class='ez-toc-page-1 ez-toc-heading-level-2'><a class=\"ez-toc-link ez-toc-heading-5\" href=\"https:\/\/loudavymkrokem.cz\/es\/que-ver-rio-de-janeiro\/#22_cosas_que_ver_y_hacer_en_Rio_de_Janeiro\" >22 cosas que ver y hacer en R\u00edo de Janeiro<\/a><ul class='ez-toc-list-level-3' ><li class='ez-toc-heading-level-3'><a class=\"ez-toc-link ez-toc-heading-6\" href=\"https:\/\/loudavymkrokem.cz\/es\/que-ver-rio-de-janeiro\/#1_Estatua_del_Cristo_Redentor_Christ_the_Redeemer\" >1. Estatua del Cristo Redentor (Christ the Redeemer)<\/a><\/li><li class='ez-toc-page-1 ez-toc-heading-level-3'><a class=\"ez-toc-link ez-toc-heading-7\" href=\"https:\/\/loudavymkrokem.cz\/es\/que-ver-rio-de-janeiro\/#2_Teleferico_al_Pan_de_Azucar_Pao_de_Acucar\" >2. Telef\u00e9rico al Pan de Az\u00facar (P\u00e3o de A\u00e7\u00facar)<\/a><\/li><li class='ez-toc-page-1 ez-toc-heading-level-3'><a class=\"ez-toc-link ez-toc-heading-8\" href=\"https:\/\/loudavymkrokem.cz\/es\/que-ver-rio-de-janeiro\/#3_Playa_de_Copacabana_y_Forte_de_Copacabana\" >3. Playa de Copacabana y Forte de Copacabana<\/a><\/li><li class='ez-toc-page-1 ez-toc-heading-level-3'><a class=\"ez-toc-link ez-toc-heading-9\" href=\"https:\/\/loudavymkrokem.cz\/es\/que-ver-rio-de-janeiro\/#4_Playa_de_Ipanema_y_el_sistema_de_puestos_de_socorristas\" >4. Playa de Ipanema y el sistema de puestos de socorristas<\/a><\/li><li class='ez-toc-page-1 ez-toc-heading-level-3'><a class=\"ez-toc-link ez-toc-heading-10\" href=\"https:\/\/loudavymkrokem.cz\/es\/que-ver-rio-de-janeiro\/#5_Playa_de_Leblon_y_mirador_Mirante_do_Leblon\" >5. Playa de Leblon y mirador Mirante do Leblon<\/a><\/li><li class='ez-toc-page-1 ez-toc-heading-level-3'><a class=\"ez-toc-link ez-toc-heading-11\" href=\"https:\/\/loudavymkrokem.cz\/es\/que-ver-rio-de-janeiro\/#6_Saliente_rocoso_Pedra_do_Arpoador\" >6. Saliente rocoso Pedra do Arpoador<\/a><\/li><li class='ez-toc-page-1 ez-toc-heading-level-3'><a class=\"ez-toc-link ez-toc-heading-12\" href=\"https:\/\/loudavymkrokem.cz\/es\/que-ver-rio-de-janeiro\/#7_Escalinata_Escadaria_Selaron\" >7. Escalinata Escadaria Selar\u00f3n<\/a><\/li><li class='ez-toc-page-1 ez-toc-heading-level-3'><a class=\"ez-toc-link ez-toc-heading-13\" href=\"https:\/\/loudavymkrokem.cz\/es\/que-ver-rio-de-janeiro\/#8_Barrio_de_Santa_Teresa_y_el_tranvia_historico\" >8. Barrio de Santa Teresa y el tranv\u00eda hist\u00f3rico<\/a><\/li><li class='ez-toc-page-1 ez-toc-heading-level-3'><a class=\"ez-toc-link ez-toc-heading-14\" href=\"https:\/\/loudavymkrokem.cz\/es\/que-ver-rio-de-janeiro\/#9_Acueducto_Arcos_da_Lapa\" >9. Acueducto Arcos da Lapa<\/a><\/li><li class='ez-toc-page-1 ez-toc-heading-level-3'><a class=\"ez-toc-link ez-toc-heading-15\" href=\"https:\/\/loudavymkrokem.cz\/es\/que-ver-rio-de-janeiro\/#10_Galeria_Parque_das_Ruinas\" >10. Galer\u00eda Parque das Ru\u00ednas<\/a><\/li><li class='ez-toc-page-1 ez-toc-heading-level-3'><a class=\"ez-toc-link ez-toc-heading-16\" href=\"https:\/\/loudavymkrokem.cz\/es\/que-ver-rio-de-janeiro\/#11_Selva_tropical_urbana_del_Parque_Nacional_de_Tijuca\" >11. Selva tropical urbana del Parque Nacional de Tijuca<\/a><\/li><li class='ez-toc-page-1 ez-toc-heading-level-3'><a class=\"ez-toc-link ez-toc-heading-17\" href=\"https:\/\/loudavymkrokem.cz\/es\/que-ver-rio-de-janeiro\/#12_Mirador_Mirante_Dona_Marta\" >12. Mirador Mirante Dona Marta<\/a><\/li><li class='ez-toc-page-1 ez-toc-heading-level-3'><a class=\"ez-toc-link ez-toc-heading-18\" href=\"https:\/\/loudavymkrokem.cz\/es\/que-ver-rio-de-janeiro\/#13_Pabellon_chino_Vista_Chinesa\" >13. Pabell\u00f3n chino Vista Chinesa<\/a><\/li><li class='ez-toc-page-1 ez-toc-heading-level-3'><a class=\"ez-toc-link ez-toc-heading-19\" href=\"https:\/\/loudavymkrokem.cz\/es\/que-ver-rio-de-janeiro\/#14_Jardines_y_villa_del_Parque_Lage\" >14. Jardines y villa del Parque Lage<\/a><\/li><li class='ez-toc-page-1 ez-toc-heading-level-3'><a class=\"ez-toc-link ez-toc-heading-20\" href=\"https:\/\/loudavymkrokem.cz\/es\/que-ver-rio-de-janeiro\/#15_Museo_del_Manana_Museu_do_Amanha\" >15. Museo del Ma\u00f1ana (Museu do Amanh\u00e3)<\/a><\/li><li class='ez-toc-page-1 ez-toc-heading-level-3'><a class=\"ez-toc-link ez-toc-heading-21\" href=\"https:\/\/loudavymkrokem.cz\/es\/que-ver-rio-de-janeiro\/#16_Museo_de_Arte_MAR_Rio_Museum_of_Art\" >16. Museo de Arte MAR (Rio Museum of Art)<\/a><\/li><li class='ez-toc-page-1 ez-toc-heading-level-3'><a class=\"ez-toc-link ez-toc-heading-22\" href=\"https:\/\/loudavymkrokem.cz\/es\/que-ver-rio-de-janeiro\/#17_Centro_Cultural_Banco_do_Brasil_CCBB\" >17. Centro Cultural Banco do Brasil (CCBB)<\/a><\/li><li class='ez-toc-page-1 ez-toc-heading-level-3'><a class=\"ez-toc-link ez-toc-heading-23\" href=\"https:\/\/loudavymkrokem.cz\/es\/que-ver-rio-de-janeiro\/#18_Theatro_Municipal_do_Rio_de_Janeiro\" >18. Theatro Municipal do Rio de Janeiro<\/a><\/li><li class='ez-toc-page-1 ez-toc-heading-level-3'><a class=\"ez-toc-link ez-toc-heading-24\" href=\"https:\/\/loudavymkrokem.cz\/es\/que-ver-rio-de-janeiro\/#19_Catedral_Metropolitana_de_Sao_Sebastiao\" >19. Catedral Metropolitana de S\u00e3o Sebasti\u00e3o<\/a><\/li><li class='ez-toc-page-1 ez-toc-heading-level-3'><a class=\"ez-toc-link ez-toc-heading-25\" href=\"https:\/\/loudavymkrokem.cz\/es\/que-ver-rio-de-janeiro\/#20_Museu_da_Republica_Palacio_do_Catete\" >20. Museu da Rep\u00fablica (Pal\u00e1cio do Catete)<\/a><\/li><li class='ez-toc-page-1 ez-toc-heading-level-3'><a class=\"ez-toc-link ez-toc-heading-26\" href=\"https:\/\/loudavymkrokem.cz\/es\/que-ver-rio-de-janeiro\/#21_Espaco_Cultural_da_Marinha\" >21. Espa\u00e7o Cultural da Marinha<\/a><\/li><li class='ez-toc-page-1 ez-toc-heading-level-3'><a class=\"ez-toc-link ez-toc-heading-27\" href=\"https:\/\/loudavymkrokem.cz\/es\/que-ver-rio-de-janeiro\/#22_Playa_Praia_Vermelha_bajo_el_Pan_de_Azucar\" >22. Playa Praia Vermelha bajo el Pan de Az\u00facar<\/a><\/li><\/ul><\/li><li class='ez-toc-page-1 ez-toc-heading-level-2'><a class=\"ez-toc-link ez-toc-heading-28\" href=\"https:\/\/loudavymkrokem.cz\/es\/que-ver-rio-de-janeiro\/#Adonde_ir_despues_de_Rio_de_Janeiro\" >Ad\u00f3nde ir despu\u00e9s de R\u00edo de Janeiro<\/a><\/li><li class='ez-toc-page-1 ez-toc-heading-level-2'><a class=\"ez-toc-link ez-toc-heading-29\" href=\"https:\/\/loudavymkrokem.cz\/es\/que-ver-rio-de-janeiro\/#Preguntas_frecuentes\" >Preguntas frecuentes<\/a><ul class='ez-toc-list-level-3' ><li class='ez-toc-heading-level-3'><a class=\"ez-toc-link ez-toc-heading-30\" href=\"https:\/\/loudavymkrokem.cz\/es\/que-ver-rio-de-janeiro\/#%C2%BFEs_Rio_de_Janeiro_seguro_para_los_turistas\" >\u00bfEs R\u00edo de Janeiro seguro para los turistas?<\/a><\/li><li class='ez-toc-page-1 ez-toc-heading-level-3'><a class=\"ez-toc-link ez-toc-heading-31\" href=\"https:\/\/loudavymkrokem.cz\/es\/que-ver-rio-de-janeiro\/#%C2%BFCuantos_dias_necesito_para_visitar_Rio\" >\u00bfCu\u00e1ntos d\u00edas necesito para visitar R\u00edo?<\/a><\/li><li class='ez-toc-page-1 ez-toc-heading-level-3'><a class=\"ez-toc-link ez-toc-heading-32\" href=\"https:\/\/loudavymkrokem.cz\/es\/que-ver-rio-de-janeiro\/#%C2%BFCual_es_la_mejor_forma_de_llegar_a_la_estatua_del_Cristo_Redentor\" >\u00bfCu\u00e1l es la mejor forma de llegar a la estatua del Cristo Redentor?<\/a><\/li><li class='ez-toc-page-1 ez-toc-heading-level-3'><a class=\"ez-toc-link ez-toc-heading-33\" href=\"https:\/\/loudavymkrokem.cz\/es\/que-ver-rio-de-janeiro\/#%C2%BFCual_es_la_mejor_epoca_para_viajar_a_Brasil\" >\u00bfCu\u00e1l es la mejor \u00e9poca para viajar a Brasil?<\/a><\/li><li class='ez-toc-page-1 ez-toc-heading-level-3'><a class=\"ez-toc-link ez-toc-heading-34\" href=\"https:\/\/loudavymkrokem.cz\/es\/que-ver-rio-de-janeiro\/#%C2%BFPuedo_banarme_en_las_playas_de_Rio_despues_del_anochecer\" >\u00bfPuedo ba\u00f1arme en las playas de R\u00edo despu\u00e9s del anochecer?<\/a><\/li><li class='ez-toc-page-1 ez-toc-heading-level-3'><a class=\"ez-toc-link ez-toc-heading-35\" href=\"https:\/\/loudavymkrokem.cz\/es\/que-ver-rio-de-janeiro\/#%C2%BFComo_moverse_por_la_ciudad_y_es_seguro_el_transporte_publico\" >\u00bfC\u00f3mo moverse por la ciudad y es seguro el transporte p\u00fablico?<\/a><\/li><li class='ez-toc-page-1 ez-toc-heading-level-3'><a class=\"ez-toc-link ez-toc-heading-36\" href=\"https:\/\/loudavymkrokem.cz\/es\/que-ver-rio-de-janeiro\/#%C2%BFQue_comer_en_Rio_si_no_como_carne\" >\u00bfQu\u00e9 comer en R\u00edo si no como carne?<\/a><\/li><li class='ez-toc-page-1 ez-toc-heading-level-3'><a class=\"ez-toc-link ez-toc-heading-37\" href=\"https:\/\/loudavymkrokem.cz\/es\/que-ver-rio-de-janeiro\/#%C2%BFVale_la_pena_comprar_las_entradas_a_las_atracciones_con_mucha_antelacion\" >\u00bfVale la pena comprar las entradas a las atracciones con mucha antelaci\u00f3n?<\/a><\/li><\/ul><\/li><\/ul><\/nav><\/div>\n<h3 class=\"wp-block-heading\"><span class=\"ez-toc-section\" id=\"Resumen_para_quienes_no_tienen_tiempo_de_leer_todo_el_articulo\"><\/span>Resumen para quienes no tienen tiempo de leer todo el art\u00edculo<span class=\"ez-toc-section-end\"><\/span><\/h3>\n\n\n\n<ul class=\"wp-block-list\">\n\n<li><strong>Planifica seg\u00fan las nubes:<\/strong> Los monumentos m\u00e1s famosos, como el Cristo Redentor y el Pan de Az\u00facar, no tienen sentido con niebla, as\u00ed que res\u00e9rvales la ma\u00f1ana m\u00e1s despejada de tu estancia.<\/li>\n\n\n\n<li><strong>La seguridad tiene sus reglas:<\/strong> Mantente dentro del llamado cintur\u00f3n tur\u00edstico de seguridad en la zona sur y, al caer la noche, usa siempre un Uber fiable para desplazarte.<\/li>\n\n\n\n<li><strong>Tres caminos hasta el Cristo:<\/strong> Puedes subir con el caro tren cremallera, con un microb\u00fas m\u00e1s barato o completamente gratis mediante una exigente caminata por la selva desde el Parque Lage.<\/li>\n\n\n\n<li><strong>Sistema de puestos de socorristas:<\/strong> Las playas se dividen seg\u00fan casetas numeradas llamadas postos, y el famoso Posto 9 de Ipanema pasa por ser el punto de encuentro m\u00e1s animado.<\/li>\n\n\n\n<li><strong>Pan de Az\u00facar m\u00e1s barato:<\/strong> Si haces a pie el primer tramo por el sendero Trilha do Morro da Urca, te ahorrar\u00e1s la mitad del precio del telef\u00e9rico.<\/li>\n\n\n\n<li><strong>Selva tropical urbana:<\/strong> Dentro de los l\u00edmites de la ciudad se extiende el Parque Nacional de Tijuca, que ofrece una fant\u00e1stica escapada del calor a la sombra de \u00e1rboles enormes.<\/li>\n\n\n\n<li><strong>Delicias locales sin carne:<\/strong> La cocina brasile\u00f1a adora la carne, pero en la playa puedes disfrutar de un refrescante a\u00e7a\u00ed, de los panecillos de queso p\u00e3o de queijo o de agua de coco fresca.<\/li>\n\n\n<\/ul>\n\n\n\n<h2 class=\"wp-block-heading\"><span class=\"ez-toc-section\" id=\"Cuando_viajar_a_Rio_de_Janeiro\"><\/span>Cu\u00e1ndo viajar a R\u00edo de Janeiro<span class=\"ez-toc-section-end\"><\/span><\/h2>\n\n\n\n<p class=\"wp-block-paragraph\">La decisi\u00f3n sobre la fecha de tu viaje influir\u00e1 enormemente no solo en tu presupuesto, sino tambi\u00e9n en la impresi\u00f3n general de esta ciudad ardiente. <strong>La mejor \u00e9poca para visitarla es de abril a junio y luego de agosto a octubre<\/strong>, cuando las temperaturas son muy agradables y evitas los mayores chaparrones tropicales. En esos meses el cielo suele estar maravillosamente despejado, algo absolutamente clave para visitar todos los miradores en las alturas sobre los que gira toda la experiencia de R\u00edo.<\/p>\n\n\n\n<p class=\"wp-block-paragraph\">Si quisieras vivir la ciudad en plena ebullici\u00f3n, tienes que ir durante el verano local, que coincide con nuestros meses de invierno. <strong>El Carnaval y la espectacular Nochevieja en la playa de Copacabana suponen los precios m\u00e1s altos de todo el a\u00f1o<\/strong>, con hoteles y vuelos desesperadamente agotados con muchos meses de antelaci\u00f3n. Tambi\u00e9n tienes que prepararte para una humedad extrema y un calor abrasador que puede superar los cuarenta grados, lo que hace que recorrer los monumentos sea realmente agotador.<\/p>\n\n\n\n<p class=\"wp-block-paragraph\">Elijas el mes que elijas, no olvides la regla de oro de la planificaci\u00f3n flexible de la que ya hemos hablado. <strong>Deja al menos dos o tres d\u00edas de reserva como colch\u00f3n<\/strong> para poder subir al Corcovado justo la ma\u00f1ana en que las nubes sobre la ciudad se abran. El clima local est\u00e1 muy influido por el oc\u00e9ano y las monta\u00f1as de alrededor, as\u00ed que el tiempo puede cambiar rapid\u00edsimo de una hora a otra, y comprar entradas para un d\u00eda concreto con mucha antelaci\u00f3n supone un riesgo enorme.<\/p>\n\n\n\n<h2 class=\"wp-block-heading\"><span class=\"ez-toc-section\" id=\"Seguridad_en_Rio_de_Janeiro_como_disfrutar_de_las_vacaciones_sin_preocupaciones\"><\/span>Seguridad en R\u00edo de Janeiro: c\u00f3mo disfrutar de las vacaciones sin preocupaciones<span class=\"ez-toc-section-end\"><\/span><\/h2>\n\n\n\n<p class=\"wp-block-paragraph\">La cuesti\u00f3n de la seguridad es probablemente lo primero que todo viajero busca en internet antes de viajar a Brasil. <strong>R\u00edo de Janeiro no es en absoluto una zona de guerra, pero exige seguir unas reglas claras<\/strong> gracias a las cuales podr\u00e1s disfrutar de la ciudad con total tranquilidad. Lo m\u00e1s b\u00e1sico es moverse por el llamado cintur\u00f3n tur\u00edstico de seguridad, formado por los barrios m\u00e1s acomodados de Ipanema, Leblon, Copacabana, Botafogo y Urca, donde hay polic\u00eda tur\u00edstica en cada esquina.<\/p>\n\n\n\n<p class=\"wp-block-paragraph\">Y los n\u00fameros lo confirman: los barrios de Leblon e Ipanema registraron en 2026 cero homicidios, lo que dice m\u00e1s sobre su seguridad que cualquier blog de viajes. En cambio, en la concurrida playa de Copacabana tienes que contar con peque\u00f1os hurtos ocasionales, carteristas y tirones de m\u00f3vil directamente de la mano, sobre todo en el amplio paseo mar\u00edtimo.<\/p>\n\n\n\n<p class=\"wp-block-paragraph\">Al caer la noche rige una regla sencilla: Uber, siempre y en todas partes, incluso para distancias cortas entre barrios vecinos. El Centro hist\u00f3rico se vac\u00eda tanto despu\u00e9s del horario laboral que de noche simplemente no se camina por all\u00ed, y del mismo modo est\u00e1 terminantemente prohibido pasear de noche por cualquier playa, porque las extensiones de arena desiertas atraen problemas.<\/p>\n\n\n\n<h2 class=\"wp-block-heading\"><span class=\"ez-toc-section\" id=\"Donde_alojarse_en_Rio_de_Janeiro\"><\/span>D\u00f3nde alojarse en R\u00edo de Janeiro<span class=\"ez-toc-section-end\"><\/span><\/h2>\n\n\n\n<p class=\"wp-block-paragraph\">Elegir la ubicaci\u00f3n correcta para tu hotel condicionar\u00e1 toda tu experiencia de la ciudad, por eso deber\u00edas buscar alojamiento exclusivamente en la zona sur. <strong>La mejor opci\u00f3n para una primera visita es la zona alrededor de las playas de Ipanema y Leblon<\/strong>, que ofrecen una escena gastron\u00f3mica fant\u00e1stica, calles seguras llenas de boutiques y una estupenda conexi\u00f3n de metro con el resto de la ciudad. Estos barrios son algo m\u00e1s caros, pero la inversi\u00f3n en un sue\u00f1o tranquilo y en paseos nocturnos despreocupados te compensar\u00e1 al cien por cien.<\/p>\n\n\n\n<p class=\"wp-block-paragraph\">Si buscas una alternativa algo m\u00e1s asequible pero quieres seguir en el centro de la acci\u00f3n, f\u00edjate en la legendaria Copacabana o en el vecino Botafogo. <strong>Botafogo, en especial, est\u00e1 viviendo un enorme boom en los \u00faltimos a\u00f1os<\/strong>: abren nuevas cafeter\u00edas y el barrio ofrece algunas de las vistas m\u00e1s bonitas del Pan de Az\u00facar directamente desde el paseo mar\u00edtimo. La hist\u00f3rica Santa Teresa, en lo alto de la colina, seduce con su ambiente bohemio, pero log\u00edsticamente est\u00e1 algo aislada para las excursiones diarias y es de acceso m\u00e1s dif\u00edcil por la noche.<\/p>\n\n\n\n<p class=\"wp-block-paragraph\">Para tu reserva a trav\u00e9s del popular portal Booking te recomiendo elegir entre hoteles verificados con recepci\u00f3n 24 horas y buena valoraci\u00f3n. <strong>Una gran opci\u00f3n en la playa es el Arena Ipanema Hotel<\/strong>, que ofrece una impresionante piscina en la azotea con vistas al oc\u00e9ano y se encuentra a pocos pasos del famoso Posto 8. <strong>Para una experiencia m\u00e1s lujosa elige el ic\u00f3nico Hotel Fasano Rio de Janeiro<\/strong>, cuyo dise\u00f1o y ubicaci\u00f3n no tienen rival en la ciudad, mientras que en Botafogo te sorprender\u00e1 gratamente el estiloso <strong>Yoo2 Rio de Janeiro by Intercity<\/strong>, con fant\u00e1sticas vistas a la bah\u00eda.<\/p>\n\n\n\n<p class=\"wp-block-paragraph\"><em>\ud83d\udca1 <a href=\"https:\/\/www.stay22.com\/allez\/roam?aid=lukaskonecny&#038;campaign=loudavymkrokemcz&#038;campaign=co-videt-v-rio-de-janeiru&#038;address=Rio%20de%20Janeiro%2C%20Braz%C3%ADlie\" target=\"_blank\" rel=\"nofollow noopener sponsored\">En este mapa puedes comparar qu\u00e9 hay disponible ahora mismo<\/a>: enseguida ver\u00e1s cu\u00e1nto m\u00e1s barato sale el alojamiento a una manzana de la Avenida Atl\u00e2ntica.<\/em><\/p>\n\n<h2 class=\"wp-block-heading\"><span class=\"ez-toc-section\" id=\"22_cosas_que_ver_y_hacer_en_Rio_de_Janeiro\"><\/span>22 cosas que ver y hacer en R\u00edo de Janeiro<span class=\"ez-toc-section-end\"><\/span><\/h2>\n\n\n\n<p class=\"wp-block-paragraph\">Y ahora, a lo mejor: los lugares que merecen de verdad la pena. Iconos famosos y alg\u00fan tesoro escondido que te har\u00e1n conocer la ciudad desde todos los \u00e1ngulos.<\/p>\n\n\n\n<figure data-wp-context=\"{&quot;imageId&quot;:&quot;6a9c4ecf7b377&quot;}\" data-wp-interactive=\"core\/image\" data-wp-key=\"6a9c4ecf7b377\" class=\"wp-block-image size-full wp-lightbox-container\"><img decoding=\"async\" width=\"1600\" height=\"2133\" data-wp-class--hide=\"state.isContentHidden\" data-wp-class--show=\"state.isContentVisible\" data-wp-init=\"callbacks.setButtonStyles\" data-wp-on--click=\"actions.showLightbox\" data-wp-on--load=\"callbacks.setButtonStyles\" data-wp-on--pointerdown=\"actions.preloadImage\" data-wp-on--pointerenter=\"actions.preloadImageWithDelay\" data-wp-on--pointerleave=\"actions.cancelPreload\" data-wp-on-window--resize=\"callbacks.setButtonStyles\" src=\"https:\/\/loudavymkrokem.cz\/wp-content\/uploads\/2026\/09\/krista-spasitele.jpg\" alt=\"Estatua del Cristo Redentor (Christ the Redeemer)\" class=\"wp-image-413166\" title=\"\" srcset=\"https:\/\/loudavymkrokem.cz\/wp-content\/uploads\/2026\/09\/krista-spasitele.jpg 1600w, https:\/\/loudavymkrokem.cz\/wp-content\/uploads\/2026\/09\/krista-spasitele-225x300.jpg 225w, https:\/\/loudavymkrokem.cz\/wp-content\/uploads\/2026\/09\/krista-spasitele-700x933.jpg 700w, https:\/\/loudavymkrokem.cz\/wp-content\/uploads\/2026\/09\/krista-spasitele-768x1024.jpg 768w, https:\/\/loudavymkrokem.cz\/wp-content\/uploads\/2026\/09\/krista-spasitele-1152x1536.jpg 1152w, https:\/\/loudavymkrokem.cz\/wp-content\/uploads\/2026\/09\/krista-spasitele-1536x2048.jpg 1536w, https:\/\/loudavymkrokem.cz\/wp-content\/uploads\/2026\/09\/krista-spasitele-696x928.jpg 696w, https:\/\/loudavymkrokem.cz\/wp-content\/uploads\/2026\/09\/krista-spasitele-1392x1856.jpg 1392w\" sizes=\"(max-width: 1600px) 100vw, 1600px\" \/><button\n\t\t\tclass=\"lightbox-trigger\"\n\t\t\ttype=\"button\"\n\t\t\taria-haspopup=\"dialog\"\n\t\t\tdata-wp-bind--aria-label=\"state.thisImage.triggerButtonAriaLabel\"\n\t\t\tdata-wp-init=\"callbacks.initTriggerButton\"\n\t\t\tdata-wp-on--click=\"actions.showLightbox\"\n\t\t\tdata-wp-style--right=\"state.thisImage.buttonRight\"\n\t\t\tdata-wp-style--top=\"state.thisImage.buttonTop\"\n\t\t>\n\t\t\t<svg xmlns=\"http:\/\/www.w3.org\/2000\/svg\" width=\"12\" height=\"12\" fill=\"none\" viewBox=\"0 0 12 12\">\n\t\t\t\t<path fill=\"#fff\" d=\"M2 0a2 2 0 0 0-2 2v2h1.5V2a.5.5 0 0 1 .5-.5h2V0H2Zm2 10.5H2a.5.5 0 0 1-.5-.5V8H0v2a2 2 0 0 0 2 2h2v-1.5ZM8 12v-1.5h2a.5.5 0 0 0 .5-.5V8H12v2a2 2 0 0 1-2 2H8Zm2-12a2 2 0 0 1 2 2v2h-1.5V2a.5.5 0 0 0-.5-.5H8V0h2Z\" \/>\n\t\t\t<\/svg>\n\t\t<\/button><figcaption class=\"wp-element-caption\">Foto: Keryson Patrick Oliveira Belarmino \/ Google Maps<\/figcaption><\/figure>\n\n\n\n<h3 class=\"wp-block-heading\"><span class=\"ez-toc-section\" id=\"1_Estatua_del_Cristo_Redentor_Christ_the_Redeemer\"><\/span>1. Estatua del Cristo Redentor (Christ the Redeemer)<span class=\"ez-toc-section-end\"><\/span><\/h3>\n\n\n\n<p class=\"wp-block-paragraph\">Este icono de treinta metros que se alza en la cima del cerro Corcovado es sin duda el s\u00edmbolo m\u00e1s conocido de todo Brasil. <strong>La estatua se encuentra a 710 metros de altitud y las nubes pueden cubrirla durante todo el d\u00eda<\/strong>, por lo que es absolutamente cr\u00edtico venir aqu\u00ed solo cuando el cielo sobre la ciudad est\u00e9 limpio y azul. Desde la cima ver\u00e1s toda la ciudad de una vez \u2014la bah\u00eda de Guanabara, las selvas de alrededor y las playas lejanas\u2014 y con buena visibilidad entender\u00e1s por qu\u00e9 viene gente de todo el mundo.<\/p>\n\n\n\n<p class=\"wp-block-paragraph\">Curiosamente, hasta el monumento llegan varios caminos distintos entre los que puedes elegir seg\u00fan tu presupuesto y tu forma f\u00edsica. <strong>La opci\u00f3n m\u00e1s cara y popular es el <a href=\"https:\/\/www.tremdocorcovado.rio\/\" rel=\"nofollow noopener\" target=\"_blank\">hist\u00f3rico tren cremallera del Corcovado<\/a><\/strong>; algo m\u00e1s barato te sale el microb\u00fas oficial desde el centro de visitantes Paineiras, y el camino m\u00e1s econ\u00f3mico de todos es la exigente subida a pie. La propia estatua, de 1931, es una obra maestra del art d\u00e9co y sus brazos abiertos dan la bienvenida simb\u00f3licamente a todos los visitantes de la ciudad.<\/p>\n\n\n\n<p class=\"wp-block-paragraph\">\ud83d\udca1 Consejo: <strong>Si te decides por la caminata, esta empieza en el precioso Parque Lage<\/strong> y sube empinada por la densa selva. Te llevar\u00e1 unas dos o tres horas y por el camino probablemente te cruces con monos curiosos, pero necesitas calzado firme y suficiente agua, porque subir con la humedad tropical es realmente agotador.<\/p>\n\n\n\n<figure data-wp-context=\"{&quot;imageId&quot;:&quot;6a9c4ecf7ba27&quot;}\" data-wp-interactive=\"core\/image\" data-wp-key=\"6a9c4ecf7ba27\" class=\"wp-block-image size-full wp-lightbox-container\"><img decoding=\"async\" width=\"640\" height=\"480\" data-wp-class--hide=\"state.isContentHidden\" data-wp-class--show=\"state.isContentVisible\" data-wp-init=\"callbacks.setButtonStyles\" data-wp-on--click=\"actions.showLightbox\" data-wp-on--load=\"callbacks.setButtonStyles\" data-wp-on--pointerdown=\"actions.preloadImage\" data-wp-on--pointerenter=\"actions.preloadImageWithDelay\" data-wp-on--pointerleave=\"actions.cancelPreload\" data-wp-on-window--resize=\"callbacks.setButtonStyles\" src=\"https:\/\/loudavymkrokem.cz\/wp-content\/uploads\/2026\/09\/na-cukrovou-homoli.jpg\" alt=\"Telef\u00e9rico al Pan de Az\u00facar (P\u00e3o de A\u00e7\u00facar)\" class=\"wp-image-413170\" title=\"\" srcset=\"https:\/\/loudavymkrokem.cz\/wp-content\/uploads\/2026\/09\/na-cukrovou-homoli.jpg 640w, https:\/\/loudavymkrokem.cz\/wp-content\/uploads\/2026\/09\/na-cukrovou-homoli-300x225.jpg 300w, https:\/\/loudavymkrokem.cz\/wp-content\/uploads\/2026\/09\/na-cukrovou-homoli-80x60.jpg 80w, https:\/\/loudavymkrokem.cz\/wp-content\/uploads\/2026\/09\/na-cukrovou-homoli-160x120.jpg 160w\" sizes=\"(max-width: 640px) 100vw, 640px\" \/><button\n\t\t\tclass=\"lightbox-trigger\"\n\t\t\ttype=\"button\"\n\t\t\taria-haspopup=\"dialog\"\n\t\t\tdata-wp-bind--aria-label=\"state.thisImage.triggerButtonAriaLabel\"\n\t\t\tdata-wp-init=\"callbacks.initTriggerButton\"\n\t\t\tdata-wp-on--click=\"actions.showLightbox\"\n\t\t\tdata-wp-style--right=\"state.thisImage.buttonRight\"\n\t\t\tdata-wp-style--top=\"state.thisImage.buttonTop\"\n\t\t>\n\t\t\t<svg xmlns=\"http:\/\/www.w3.org\/2000\/svg\" width=\"12\" height=\"12\" fill=\"none\" viewBox=\"0 0 12 12\">\n\t\t\t\t<path fill=\"#fff\" d=\"M2 0a2 2 0 0 0-2 2v2h1.5V2a.5.5 0 0 1 .5-.5h2V0H2Zm2 10.5H2a.5.5 0 0 1-.5-.5V8H0v2a2 2 0 0 0 2 2h2v-1.5ZM8 12v-1.5h2a.5.5 0 0 0 .5-.5V8H12v2a2 2 0 0 1-2 2H8Zm2-12a2 2 0 0 1 2 2v2h-1.5V2a.5.5 0 0 0-.5-.5H8V0h2Z\" \/>\n\t\t\t<\/svg>\n\t\t<\/button><figcaption class=\"wp-element-caption\">Foto: S\u00f3 Jesus salvar \/ Google Maps<\/figcaption><\/figure>\n\n\n\n<h3 class=\"wp-block-heading\"><span class=\"ez-toc-section\" id=\"2_Teleferico_al_Pan_de_Azucar_Pao_de_Acucar\"><\/span>2. Telef\u00e9rico al Pan de Az\u00facar (P\u00e3o de A\u00e7\u00facar)<span class=\"ez-toc-section-end\"><\/span><\/h3>\n\n\n\n<p class=\"wp-block-paragraph\">El segundo mirador m\u00e1s importante de la ciudad es un enorme monolito de granito que se eleva abruptamente directamente desde las aguas del oc\u00e9ano. <strong>El <a href=\"https:\/\/bondinho.com.br\/\" rel=\"nofollow noopener\" target=\"_blank\">telef\u00e9rico acristalado<\/a> te sube en dos tramos independientes<\/strong>, y ya desde la primera estaci\u00f3n de transbordo, en el cerro Morro da Urca, se ofrece un espect\u00e1culo fant\u00e1stico de yates fondeados y aviones aterrizando. En la cima misma del Pan de Az\u00facar te encontrar\u00e1s a 396 metros de altura y tendr\u00e1s toda la ciudad, con el Cristo enfrente, a tus pies.<\/p>\n\n\n\n<p class=\"wp-block-paragraph\">Este prodigio geol\u00f3gico est\u00e1 rodeado de exuberante vegetaci\u00f3n y a menudo podr\u00e1s observar a peque\u00f1os monos tit\u00ed saltando alegres entre las copas de los \u00e1rboles. <strong>Todo el macizo funciona como un gran monumento natural<\/strong>, as\u00ed que, aunque los mapas suelen mostrar el telef\u00e9rico y el cerro como lugares separados, se trata de una sola experiencia compacta. La vista desde aqu\u00ed es absolutamente m\u00e1gica sobre todo a \u00faltima hora de la tarde, cuando el sol se pone lentamente tras las cumbres del Parque Nacional de Tijuca y la ciudad empieza a iluminarse.<\/p>\n\n\n\n<p class=\"wp-block-paragraph\">\ud83d\udca1 Consejo: <strong>Si quieres ahorrar notablemente en la entrada, bastante cara, usa el sendero Trilha do Morro da Urca<\/strong>, por el que puedes hacer el primer tramo a pie por la selva en unos cuarenta minutos. Arriba compras el billete solo para el segundo tramo del telef\u00e9rico, el de la cumbre, con lo que reduces el coste total a la mitad y adem\u00e1s te ahorras las largas colas de abajo en las taquillas.<\/p>\n\n\n\n<figure data-wp-context=\"{&quot;imageId&quot;:&quot;6a9c4ecf7c04e&quot;}\" data-wp-interactive=\"core\/image\" data-wp-key=\"6a9c4ecf7c04e\" class=\"wp-block-image size-full wp-lightbox-container\"><img decoding=\"async\" width=\"1200\" height=\"675\" data-wp-class--hide=\"state.isContentHidden\" data-wp-class--show=\"state.isContentVisible\" data-wp-init=\"callbacks.setButtonStyles\" data-wp-on--click=\"actions.showLightbox\" data-wp-on--load=\"callbacks.setButtonStyles\" data-wp-on--pointerdown=\"actions.preloadImage\" data-wp-on--pointerenter=\"actions.preloadImageWithDelay\" data-wp-on--pointerleave=\"actions.cancelPreload\" data-wp-on-window--resize=\"callbacks.setButtonStyles\" src=\"https:\/\/loudavymkrokem.cz\/wp-content\/uploads\/2026\/09\/copacabana.jpg\" alt=\"Playa de Copacabana y Forte de Copacabana\" class=\"wp-image-413175\" title=\"\" srcset=\"https:\/\/loudavymkrokem.cz\/wp-content\/uploads\/2026\/09\/copacabana.jpg 1200w, https:\/\/loudavymkrokem.cz\/wp-content\/uploads\/2026\/09\/copacabana-300x169.jpg 300w, https:\/\/loudavymkrokem.cz\/wp-content\/uploads\/2026\/09\/copacabana-700x394.jpg 700w, https:\/\/loudavymkrokem.cz\/wp-content\/uploads\/2026\/09\/copacabana-768x432.jpg 768w, https:\/\/loudavymkrokem.cz\/wp-content\/uploads\/2026\/09\/copacabana-696x392.jpg 696w\" sizes=\"(max-width: 1200px) 100vw, 1200px\" \/><button\n\t\t\tclass=\"lightbox-trigger\"\n\t\t\ttype=\"button\"\n\t\t\taria-haspopup=\"dialog\"\n\t\t\tdata-wp-bind--aria-label=\"state.thisImage.triggerButtonAriaLabel\"\n\t\t\tdata-wp-init=\"callbacks.initTriggerButton\"\n\t\t\tdata-wp-on--click=\"actions.showLightbox\"\n\t\t\tdata-wp-style--right=\"state.thisImage.buttonRight\"\n\t\t\tdata-wp-style--top=\"state.thisImage.buttonTop\"\n\t\t>\n\t\t\t<svg xmlns=\"http:\/\/www.w3.org\/2000\/svg\" width=\"12\" height=\"12\" fill=\"none\" viewBox=\"0 0 12 12\">\n\t\t\t\t<path fill=\"#fff\" d=\"M2 0a2 2 0 0 0-2 2v2h1.5V2a.5.5 0 0 1 .5-.5h2V0H2Zm2 10.5H2a.5.5 0 0 1-.5-.5V8H0v2a2 2 0 0 0 2 2h2v-1.5ZM8 12v-1.5h2a.5.5 0 0 0 .5-.5V8H12v2a2 2 0 0 1-2 2H8Zm2-12a2 2 0 0 1 2 2v2h-1.5V2a.5.5 0 0 0-.5-.5H8V0h2Z\" \/>\n\t\t\t<\/svg>\n\t\t<\/button><figcaption class=\"wp-element-caption\">Foto: Alby Set \/ Google Maps<\/figcaption><\/figure>\n\n\n\n<h3 class=\"wp-block-heading\"><span class=\"ez-toc-section\" id=\"3_Playa_de_Copacabana_y_Forte_de_Copacabana\"><\/span>3. Playa de Copacabana y Forte de Copacabana<span class=\"ez-toc-section-end\"><\/span><\/h3>\n\n\n\n<p class=\"wp-block-paragraph\">Probablemente no exista en el mundo una franja de arena m\u00e1s famosa que este tramo de tres kil\u00f3metros y medio bordeado por el ic\u00f3nico pavimento ondulado en blanco y negro. <strong>Copacabana es el coraz\u00f3n palpitante de todo R\u00edo<\/strong>, donde desde primera hora de la ma\u00f1ana hasta bien entrada la tarde se juega al v\u00f3ley playa, se beben refrescos en los quioscos y los locales se mezclan con turistas de todo el mundo. Las olas aqu\u00ed suelen ser bastante fuertes, pero la amplia franja de arena fina ofrece espacio de sobra para tomar el sol c\u00f3modamente y dar largos paseos.<\/p>\n\n\n\n<p class=\"wp-block-paragraph\">En el extremo sur de la playa se alza orgullosa una hist\u00f3rica fortaleza militar de principios del siglo XX, que hoy funciona como un museo fascinante. <strong>El Forte de Copacabana ofrece una vista absolutamente perfecta de toda la longitud de la playa<\/strong> hasta el majestuoso Pan de Az\u00facar en la distancia. Dentro del recinto puedes ver ca\u00f1ones conservados, uniformes hist\u00f3ricos y viejas fotograf\u00edas que documentan la enrevesada historia militar de este enorme pa\u00eds sudamericano.<\/p>\n\n\n\n<p class=\"wp-block-paragraph\">\ud83d\udca1 Consejo: <strong>Dentro de la fortaleza encontrar\u00e1s la famosa Confeitaria Colombo<\/strong>, donde puedes sentarte en la terraza exterior, pedir un caf\u00e9 excelente con un panecillo de queso p\u00e3o de queijo y disfrutar de una calma total lejos de las multitudes de la playa. Pero no olvides que por el paseo solo se camina de d\u00eda; despu\u00e9s del anochecer, mejor coge un taxi.<\/p>\n\n\n\n<figure data-wp-context=\"{&quot;imageId&quot;:&quot;6a9c4ecf7c702&quot;}\" data-wp-interactive=\"core\/image\" data-wp-key=\"6a9c4ecf7c702\" class=\"wp-block-image size-full wp-lightbox-container\"><img decoding=\"async\" width=\"1200\" height=\"900\" data-wp-class--hide=\"state.isContentHidden\" data-wp-class--show=\"state.isContentVisible\" data-wp-init=\"callbacks.setButtonStyles\" data-wp-on--click=\"actions.showLightbox\" data-wp-on--load=\"callbacks.setButtonStyles\" data-wp-on--pointerdown=\"actions.preloadImage\" data-wp-on--pointerenter=\"actions.preloadImageWithDelay\" data-wp-on--pointerleave=\"actions.cancelPreload\" data-wp-on-window--resize=\"callbacks.setButtonStyles\" src=\"https:\/\/loudavymkrokem.cz\/wp-content\/uploads\/2026\/09\/ipanema.jpg\" alt=\"Playa de Ipanema y el sistema de puestos de socorristas\" class=\"wp-image-413179\" title=\"\" srcset=\"https:\/\/loudavymkrokem.cz\/wp-content\/uploads\/2026\/09\/ipanema.jpg 1200w, https:\/\/loudavymkrokem.cz\/wp-content\/uploads\/2026\/09\/ipanema-300x225.jpg 300w, https:\/\/loudavymkrokem.cz\/wp-content\/uploads\/2026\/09\/ipanema-700x525.jpg 700w, https:\/\/loudavymkrokem.cz\/wp-content\/uploads\/2026\/09\/ipanema-768x576.jpg 768w, https:\/\/loudavymkrokem.cz\/wp-content\/uploads\/2026\/09\/ipanema-80x60.jpg 80w, https:\/\/loudavymkrokem.cz\/wp-content\/uploads\/2026\/09\/ipanema-160x120.jpg 160w, https:\/\/loudavymkrokem.cz\/wp-content\/uploads\/2026\/09\/ipanema-696x522.jpg 696w\" sizes=\"(max-width: 1200px) 100vw, 1200px\" \/><button\n\t\t\tclass=\"lightbox-trigger\"\n\t\t\ttype=\"button\"\n\t\t\taria-haspopup=\"dialog\"\n\t\t\tdata-wp-bind--aria-label=\"state.thisImage.triggerButtonAriaLabel\"\n\t\t\tdata-wp-init=\"callbacks.initTriggerButton\"\n\t\t\tdata-wp-on--click=\"actions.showLightbox\"\n\t\t\tdata-wp-style--right=\"state.thisImage.buttonRight\"\n\t\t\tdata-wp-style--top=\"state.thisImage.buttonTop\"\n\t\t>\n\t\t\t<svg xmlns=\"http:\/\/www.w3.org\/2000\/svg\" width=\"12\" height=\"12\" fill=\"none\" viewBox=\"0 0 12 12\">\n\t\t\t\t<path fill=\"#fff\" d=\"M2 0a2 2 0 0 0-2 2v2h1.5V2a.5.5 0 0 1 .5-.5h2V0H2Zm2 10.5H2a.5.5 0 0 1-.5-.5V8H0v2a2 2 0 0 0 2 2h2v-1.5ZM8 12v-1.5h2a.5.5 0 0 0 .5-.5V8H12v2a2 2 0 0 1-2 2H8Zm2-12a2 2 0 0 1 2 2v2h-1.5V2a.5.5 0 0 0-.5-.5H8V0h2Z\" \/>\n\t\t\t<\/svg>\n\t\t<\/button><figcaption class=\"wp-element-caption\">Foto: Alby Set \/ Google Maps<\/figcaption><\/figure>\n\n\n\n<h3 class=\"wp-block-heading\"><span class=\"ez-toc-section\" id=\"4_Playa_de_Ipanema_y_el_sistema_de_puestos_de_socorristas\"><\/span>4. Playa de Ipanema y el sistema de puestos de socorristas<span class=\"ez-toc-section-end\"><\/span><\/h3>\n\n\n\n<p class=\"wp-block-paragraph\">Si Copacabana representa el turismo de masas, Ipanema es el s\u00edmbolo de la elegancia, la moda y el relajado estilo de vida playero. <strong>Esta playa es famosa por su agua incre\u00edblemente limpia y por las preciosas vistas a la sierra de Dois Irm\u00e3os<\/strong>, que crea el tel\u00f3n de fondo perfecto para cualquier fotograf\u00eda. La arena aqu\u00ed es algo m\u00e1s fina y el ambiente general atrae m\u00e1s a la generaci\u00f3n joven, a artistas y a amantes del dise\u00f1o que llegan de las calles de boutiques cercanas.<\/p>\n\n\n\n<p class=\"wp-block-paragraph\">Para orientarse en el largo litoral, los habitantes locales usan los llamados postos, que son puestos de socorristas numerados repartidos a intervalos regulares. <strong>El punto m\u00e1s famoso es sin duda el Posto 9 de Ipanema<\/strong>, que hist\u00f3ricamente funciona como principal punto de encuentro, donde la gente va a divertirse, a lucir ba\u00f1ador nuevo y a charlar sobre la vida. Cada posto tiene su ambiente espec\u00edfico y atrae a un grupo de gente algo distinto, desde familias con ni\u00f1os hasta deportistas apasionados.<\/p>\n\n\n\n<p class=\"wp-block-paragraph\">\ud83d\udca1 Consejo: <strong>Cuando te entre el hambre, ni siquiera tienes que abandonar la playa: basta con comprar a los vendedores ambulantes un cuenco de a\u00e7a\u00ed helado<\/strong>, que es una pulpa morada y espesa de palmeras amaz\u00f3nicas cubierta de granola crujiente y pl\u00e1tano. Es una delicia perfecta, refrescante y totalmente sin carne, que con el calor tropical te dar\u00e1 al instante la energ\u00eda que necesitas para seguir ba\u00f1\u00e1ndote.<\/p>\n\n\n\n<figure data-wp-context=\"{&quot;imageId&quot;:&quot;6a9c4ecf7cc3a&quot;}\" data-wp-interactive=\"core\/image\" data-wp-key=\"6a9c4ecf7cc3a\" class=\"wp-block-image size-full wp-lightbox-container\"><img decoding=\"async\" width=\"1600\" height=\"739\" data-wp-class--hide=\"state.isContentHidden\" data-wp-class--show=\"state.isContentVisible\" data-wp-init=\"callbacks.setButtonStyles\" data-wp-on--click=\"actions.showLightbox\" data-wp-on--load=\"callbacks.setButtonStyles\" data-wp-on--pointerdown=\"actions.preloadImage\" data-wp-on--pointerenter=\"actions.preloadImageWithDelay\" data-wp-on--pointerleave=\"actions.cancelPreload\" data-wp-on-window--resize=\"callbacks.setButtonStyles\" src=\"https:\/\/loudavymkrokem.cz\/wp-content\/uploads\/2026\/09\/leblon.jpg\" alt=\"Playa de Leblon y mirador Mirante do Leblon\" class=\"wp-image-413183\" title=\"\" srcset=\"https:\/\/loudavymkrokem.cz\/wp-content\/uploads\/2026\/09\/leblon.jpg 1600w, https:\/\/loudavymkrokem.cz\/wp-content\/uploads\/2026\/09\/leblon-300x139.jpg 300w, https:\/\/loudavymkrokem.cz\/wp-content\/uploads\/2026\/09\/leblon-700x323.jpg 700w, https:\/\/loudavymkrokem.cz\/wp-content\/uploads\/2026\/09\/leblon-768x355.jpg 768w, https:\/\/loudavymkrokem.cz\/wp-content\/uploads\/2026\/09\/leblon-1536x709.jpg 1536w, https:\/\/loudavymkrokem.cz\/wp-content\/uploads\/2026\/09\/leblon-696x321.jpg 696w, https:\/\/loudavymkrokem.cz\/wp-content\/uploads\/2026\/09\/leblon-1392x643.jpg 1392w\" sizes=\"(max-width: 1600px) 100vw, 1600px\" \/><button\n\t\t\tclass=\"lightbox-trigger\"\n\t\t\ttype=\"button\"\n\t\t\taria-haspopup=\"dialog\"\n\t\t\tdata-wp-bind--aria-label=\"state.thisImage.triggerButtonAriaLabel\"\n\t\t\tdata-wp-init=\"callbacks.initTriggerButton\"\n\t\t\tdata-wp-on--click=\"actions.showLightbox\"\n\t\t\tdata-wp-style--right=\"state.thisImage.buttonRight\"\n\t\t\tdata-wp-style--top=\"state.thisImage.buttonTop\"\n\t\t>\n\t\t\t<svg xmlns=\"http:\/\/www.w3.org\/2000\/svg\" width=\"12\" height=\"12\" fill=\"none\" viewBox=\"0 0 12 12\">\n\t\t\t\t<path fill=\"#fff\" d=\"M2 0a2 2 0 0 0-2 2v2h1.5V2a.5.5 0 0 1 .5-.5h2V0H2Zm2 10.5H2a.5.5 0 0 1-.5-.5V8H0v2a2 2 0 0 0 2 2h2v-1.5ZM8 12v-1.5h2a.5.5 0 0 0 .5-.5V8H12v2a2 2 0 0 1-2 2H8Zm2-12a2 2 0 0 1 2 2v2h-1.5V2a.5.5 0 0 0-.5-.5H8V0h2Z\" \/>\n\t\t\t<\/svg>\n\t\t<\/button><figcaption class=\"wp-element-caption\">Foto: Cassiano Neto \/ Google Maps<\/figcaption><\/figure>\n\n\n\n<h3 class=\"wp-block-heading\"><span class=\"ez-toc-section\" id=\"5_Playa_de_Leblon_y_mirador_Mirante_do_Leblon\"><\/span>5. Playa de Leblon y mirador Mirante do Leblon<span class=\"ez-toc-section-end\"><\/span><\/h3>\n\n\n\n<p class=\"wp-block-paragraph\">Justo detr\u00e1s del canal que separa Ipanema se extiende el exclusivo barrio de Leblon con su propia playa, mucho m\u00e1s tranquila. <strong>Leblon est\u00e1 considerado la parte m\u00e1s segura y prestigiosa de toda la ciudad<\/strong>, lo que se refleja no solo en las cero estad\u00edsticas de delitos graves, sino tambi\u00e9n en el cuidado de los quioscos locales y en la limpieza de todo el paseo mar\u00edtimo. La playa es dominio de residentes locales, familias con ni\u00f1os y personajes conocidos que vienen a relajarse bajo las sombrillas lejos del mayor bullicio tur\u00edstico.<\/p>\n\n\n\n<p class=\"wp-block-paragraph\">En el extremo mismo de la playa, donde la carretera empieza a subir por las laderas empinadas, encontrar\u00e1s una preciosa terraza de madera que se eleva sobre el oc\u00e9ano rugiente. <strong>El mirador Mirante do Leblon te ofrece la ic\u00f3nica panor\u00e1mica de toda la longitud de las playas de Leblon e Ipanema<\/strong>, bordeadas de palmeras y altos edificios modernos. Sobre todo por la tarde, la gente llega en bici para comprar en los peque\u00f1os puestos agua de coco fresca y ver c\u00f3mo la ciudad se va durmiendo poco a poco.<\/p>\n\n\n\n<p class=\"wp-block-paragraph\">\ud83d\udca1 Consejo: <strong>En el propio mirador funcionan varios bares peque\u00f1os donde puedes tomar un zumo fresco de fruta tropical<\/strong> y escuchar el rumor de las enormes olas que rompen contra las rocas justo debajo de ti. Es un lugar ideal para cerrar de forma rom\u00e1ntica un largo d\u00eda, y adem\u00e1s llegas hasta aqu\u00ed desde la playa con un c\u00f3modo paseo por el seguro malec\u00f3n.<\/p>\n\n\n\n<figure data-wp-context=\"{&quot;imageId&quot;:&quot;6a9c4ecf7d191&quot;}\" data-wp-interactive=\"core\/image\" data-wp-key=\"6a9c4ecf7d191\" class=\"wp-block-image size-full wp-lightbox-container\"><img decoding=\"async\" width=\"1600\" height=\"1068\" data-wp-class--hide=\"state.isContentHidden\" data-wp-class--show=\"state.isContentVisible\" data-wp-init=\"callbacks.setButtonStyles\" data-wp-on--click=\"actions.showLightbox\" data-wp-on--load=\"callbacks.setButtonStyles\" data-wp-on--pointerdown=\"actions.preloadImage\" data-wp-on--pointerenter=\"actions.preloadImageWithDelay\" data-wp-on--pointerleave=\"actions.cancelPreload\" data-wp-on-window--resize=\"callbacks.setButtonStyles\" src=\"https:\/\/loudavymkrokem.cz\/wp-content\/uploads\/2026\/09\/pedra-do-arpoador.jpg\" alt=\"Saliente rocoso Pedra do Arpoador\" class=\"wp-image-413187\" title=\"\" srcset=\"https:\/\/loudavymkrokem.cz\/wp-content\/uploads\/2026\/09\/pedra-do-arpoador.jpg 1600w, https:\/\/loudavymkrokem.cz\/wp-content\/uploads\/2026\/09\/pedra-do-arpoador-300x200.jpg 300w, https:\/\/loudavymkrokem.cz\/wp-content\/uploads\/2026\/09\/pedra-do-arpoador-700x467.jpg 700w, https:\/\/loudavymkrokem.cz\/wp-content\/uploads\/2026\/09\/pedra-do-arpoador-768x513.jpg 768w, https:\/\/loudavymkrokem.cz\/wp-content\/uploads\/2026\/09\/pedra-do-arpoador-1536x1025.jpg 1536w, https:\/\/loudavymkrokem.cz\/wp-content\/uploads\/2026\/09\/pedra-do-arpoador-696x465.jpg 696w, https:\/\/loudavymkrokem.cz\/wp-content\/uploads\/2026\/09\/pedra-do-arpoador-1392x929.jpg 1392w\" sizes=\"(max-width: 1600px) 100vw, 1600px\" \/><button\n\t\t\tclass=\"lightbox-trigger\"\n\t\t\ttype=\"button\"\n\t\t\taria-haspopup=\"dialog\"\n\t\t\tdata-wp-bind--aria-label=\"state.thisImage.triggerButtonAriaLabel\"\n\t\t\tdata-wp-init=\"callbacks.initTriggerButton\"\n\t\t\tdata-wp-on--click=\"actions.showLightbox\"\n\t\t\tdata-wp-style--right=\"state.thisImage.buttonRight\"\n\t\t\tdata-wp-style--top=\"state.thisImage.buttonTop\"\n\t\t>\n\t\t\t<svg xmlns=\"http:\/\/www.w3.org\/2000\/svg\" width=\"12\" height=\"12\" fill=\"none\" viewBox=\"0 0 12 12\">\n\t\t\t\t<path fill=\"#fff\" d=\"M2 0a2 2 0 0 0-2 2v2h1.5V2a.5.5 0 0 1 .5-.5h2V0H2Zm2 10.5H2a.5.5 0 0 1-.5-.5V8H0v2a2 2 0 0 0 2 2h2v-1.5ZM8 12v-1.5h2a.5.5 0 0 0 .5-.5V8H12v2a2 2 0 0 1-2 2H8Zm2-12a2 2 0 0 1 2 2v2h-1.5V2a.5.5 0 0 0-.5-.5H8V0h2Z\" \/>\n\t\t\t<\/svg>\n\t\t<\/button><figcaption class=\"wp-element-caption\">Foto: Maur\u00edcio Moreno \/ Google Maps<\/figcaption><\/figure>\n\n\n\n<h3 class=\"wp-block-heading\"><span class=\"ez-toc-section\" id=\"6_Saliente_rocoso_Pedra_do_Arpoador\"><\/span>6. Saliente rocoso Pedra do Arpoador<span class=\"ez-toc-section-end\"><\/span><\/h3>\n\n\n\n<p class=\"wp-block-paragraph\">Entre la bulliciosa Copacabana y la elegante Ipanema se adentra profundamente en el oc\u00e9ano un enorme macizo rocoso que forma la frontera natural entre ambas bah\u00edas. <strong>Pedra do Arpoador es una leyenda absoluta entre los surfistas<\/strong>, porque es aqu\u00ed donde rompen las mejores y m\u00e1s constantes olas de toda la ciudad. Durante el d\u00eda puedes observar desde las rocas a decenas de deportistas domando con maestr\u00eda la fuerza del mar, mientras te apoyas en la piedra caliente y respiras el aire salado del oc\u00e9ano.<\/p>\n\n\n\n<p class=\"wp-block-paragraph\">Pero el espect\u00e1culo principal aqu\u00ed empieza al atardecer, cuando las rocas se llenan de cientos de personas con un \u00fanico objetivo com\u00fan. <strong>La tradici\u00f3n manda que, en cuanto el sol se pone tras el majestuoso monte Dois Irm\u00e3os, toda la multitud rompa a aplaudir entusiasmada<\/strong>, agradeciendo a la naturaleza otro d\u00eda maravilloso en esta ciudad paradis\u00edaca. Es una experiencia incre\u00edblemente intensa y emotiva que capta a la perfecci\u00f3n el car\u00e1cter c\u00e1lido y alegre de los brasile\u00f1os, del que te enamorar\u00e1s al instante.<\/p>\n\n\n\n<p class=\"wp-block-paragraph\">\ud83d\udca1 Consejo: <strong>Ven aqu\u00ed al menos una hora antes de la puesta de sol para pillar un buen sitio donde sentarte<\/strong>, porque las rocas suelen llenarse a rebosar. De vuelta merece la pena desviarse hacia alguno de los restaurantes japoneses o italianos de la zona: si no te va la carne, aqu\u00ed encontrar\u00e1s lo tuyo.<\/p>\n\n\n\n<figure data-wp-context=\"{&quot;imageId&quot;:&quot;6a9c4ecf7da05&quot;}\" data-wp-interactive=\"core\/image\" data-wp-key=\"6a9c4ecf7da05\" class=\"wp-block-image size-full wp-lightbox-container\"><img decoding=\"async\" width=\"1254\" height=\"836\" data-wp-class--hide=\"state.isContentHidden\" data-wp-class--show=\"state.isContentVisible\" data-wp-init=\"callbacks.setButtonStyles\" data-wp-on--click=\"actions.showLightbox\" data-wp-on--load=\"callbacks.setButtonStyles\" data-wp-on--pointerdown=\"actions.preloadImage\" data-wp-on--pointerenter=\"actions.preloadImageWithDelay\" data-wp-on--pointerleave=\"actions.cancelPreload\" data-wp-on-window--resize=\"callbacks.setButtonStyles\" src=\"https:\/\/loudavymkrokem.cz\/wp-content\/uploads\/2026\/09\/escadaria-selar-n.jpg\" alt=\"Escalinata Escadaria Selar\u00f3n\" class=\"wp-image-413192\" title=\"\" srcset=\"https:\/\/loudavymkrokem.cz\/wp-content\/uploads\/2026\/09\/escadaria-selar-n.jpg 1254w, https:\/\/loudavymkrokem.cz\/wp-content\/uploads\/2026\/09\/escadaria-selar-n-300x200.jpg 300w, https:\/\/loudavymkrokem.cz\/wp-content\/uploads\/2026\/09\/escadaria-selar-n-700x467.jpg 700w, https:\/\/loudavymkrokem.cz\/wp-content\/uploads\/2026\/09\/escadaria-selar-n-768x512.jpg 768w, https:\/\/loudavymkrokem.cz\/wp-content\/uploads\/2026\/09\/escadaria-selar-n-696x464.jpg 696w\" sizes=\"(max-width: 1254px) 100vw, 1254px\" \/><button\n\t\t\tclass=\"lightbox-trigger\"\n\t\t\ttype=\"button\"\n\t\t\taria-haspopup=\"dialog\"\n\t\t\tdata-wp-bind--aria-label=\"state.thisImage.triggerButtonAriaLabel\"\n\t\t\tdata-wp-init=\"callbacks.initTriggerButton\"\n\t\t\tdata-wp-on--click=\"actions.showLightbox\"\n\t\t\tdata-wp-style--right=\"state.thisImage.buttonRight\"\n\t\t\tdata-wp-style--top=\"state.thisImage.buttonTop\"\n\t\t>\n\t\t\t<svg xmlns=\"http:\/\/www.w3.org\/2000\/svg\" width=\"12\" height=\"12\" fill=\"none\" viewBox=\"0 0 12 12\">\n\t\t\t\t<path fill=\"#fff\" d=\"M2 0a2 2 0 0 0-2 2v2h1.5V2a.5.5 0 0 1 .5-.5h2V0H2Zm2 10.5H2a.5.5 0 0 1-.5-.5V8H0v2a2 2 0 0 0 2 2h2v-1.5ZM8 12v-1.5h2a.5.5 0 0 0 .5-.5V8H12v2a2 2 0 0 1-2 2H8Zm2-12a2 2 0 0 1 2 2v2h-1.5V2a.5.5 0 0 0-.5-.5H8V0h2Z\" \/>\n\t\t\t<\/svg>\n\t\t<\/button><figcaption class=\"wp-element-caption\">Foto: Imanol Gallego \/ Google Maps<\/figcaption><\/figure>\n\n\n\n<h3 class=\"wp-block-heading\"><span class=\"ez-toc-section\" id=\"7_Escalinata_Escadaria_Selaron\"><\/span>7. Escalinata Escadaria Selar\u00f3n<span class=\"ez-toc-section-end\"><\/span><\/h3>\n\n\n\n<p class=\"wp-block-paragraph\">En el bohemio barrio de Lapa te topar\u00e1s con una escalinata que reconocer\u00e1s al instante en Instagram, aunque no sepas c\u00f3mo se llama. <strong>La Escadaria Selar\u00f3n es una monumental escalinata de doscientos quince escalones<\/strong> que el artista chileno Jorge Selar\u00f3n fue revistiendo poco a poco con miles de azulejos de colores vibrantes procedentes de todo el mundo. Cre\u00f3 la obra de su vida durante m\u00e1s de veinte a\u00f1os en honor al pueblo brasile\u00f1o y hoy este corredor multicolor es una parada obligada para todo visitante de la ciudad.<\/p>\n\n\n\n<p class=\"wp-block-paragraph\">Si te fijas bien, descubrir\u00e1s que los azulejos proceden de m\u00e1s de sesenta pa\u00edses del mundo y que muchos se los enviaban los propios admiradores de su incansable trabajo. <strong>Cada pieza de cer\u00e1mica cuenta su propia historia y todo el mosaico se transforma continuamente<\/strong> a medida que subes m\u00e1s y m\u00e1s hacia el barrio art\u00edstico de Santa Teresa. El ambiente del lugar suele completarlo la presencia de m\u00fasicos callejeros y vendedores de peque\u00f1os souvenirs, que aportan a la escalinata un aut\u00e9ntico color local.<\/p>\n\n\n\n<p class=\"wp-block-paragraph\">\ud83d\udca1 Consejo: <strong>Ven aqu\u00ed temprano por la ma\u00f1ana, idealmente sobre las ocho, o tendr\u00e1s en las fotos multitudes de otros turistas<\/strong>, porque durante el d\u00eda se forman atascos enormes en los escalones. La escalinata conecta el barrio de Lapa con Santa Teresa, as\u00ed que tras subirla puedes continuar sin problema explorando las callejuelas hist\u00f3ricas de arriba, en la colina.<\/p>\n\n\n\n<figure data-wp-context=\"{&quot;imageId&quot;:&quot;6a9c4ecf7e04a&quot;}\" data-wp-interactive=\"core\/image\" data-wp-key=\"6a9c4ecf7e04a\" class=\"wp-block-image size-full wp-lightbox-container\"><img decoding=\"async\" width=\"1080\" height=\"1350\" data-wp-class--hide=\"state.isContentHidden\" data-wp-class--show=\"state.isContentVisible\" data-wp-init=\"callbacks.setButtonStyles\" data-wp-on--click=\"actions.showLightbox\" data-wp-on--load=\"callbacks.setButtonStyles\" data-wp-on--pointerdown=\"actions.preloadImage\" data-wp-on--pointerenter=\"actions.preloadImageWithDelay\" data-wp-on--pointerleave=\"actions.cancelPreload\" data-wp-on-window--resize=\"callbacks.setButtonStyles\" src=\"https:\/\/loudavymkrokem.cz\/wp-content\/uploads\/2026\/09\/santa-teresa.jpg\" alt=\"Barrio de Santa Teresa y el tranv\u00eda hist\u00f3rico\" class=\"wp-image-413195\" title=\"\" srcset=\"https:\/\/loudavymkrokem.cz\/wp-content\/uploads\/2026\/09\/santa-teresa.jpg 1080w, https:\/\/loudavymkrokem.cz\/wp-content\/uploads\/2026\/09\/santa-teresa-240x300.jpg 240w, https:\/\/loudavymkrokem.cz\/wp-content\/uploads\/2026\/09\/santa-teresa-700x875.jpg 700w, https:\/\/loudavymkrokem.cz\/wp-content\/uploads\/2026\/09\/santa-teresa-768x960.jpg 768w, https:\/\/loudavymkrokem.cz\/wp-content\/uploads\/2026\/09\/santa-teresa-696x870.jpg 696w\" sizes=\"(max-width: 1080px) 100vw, 1080px\" \/><button\n\t\t\tclass=\"lightbox-trigger\"\n\t\t\ttype=\"button\"\n\t\t\taria-haspopup=\"dialog\"\n\t\t\tdata-wp-bind--aria-label=\"state.thisImage.triggerButtonAriaLabel\"\n\t\t\tdata-wp-init=\"callbacks.initTriggerButton\"\n\t\t\tdata-wp-on--click=\"actions.showLightbox\"\n\t\t\tdata-wp-style--right=\"state.thisImage.buttonRight\"\n\t\t\tdata-wp-style--top=\"state.thisImage.buttonTop\"\n\t\t>\n\t\t\t<svg xmlns=\"http:\/\/www.w3.org\/2000\/svg\" width=\"12\" height=\"12\" fill=\"none\" viewBox=\"0 0 12 12\">\n\t\t\t\t<path fill=\"#fff\" d=\"M2 0a2 2 0 0 0-2 2v2h1.5V2a.5.5 0 0 1 .5-.5h2V0H2Zm2 10.5H2a.5.5 0 0 1-.5-.5V8H0v2a2 2 0 0 0 2 2h2v-1.5ZM8 12v-1.5h2a.5.5 0 0 0 .5-.5V8H12v2a2 2 0 0 1-2 2H8Zm2-12a2 2 0 0 1 2 2v2h-1.5V2a.5.5 0 0 0-.5-.5H8V0h2Z\" \/>\n\t\t\t<\/svg>\n\t\t<\/button><figcaption class=\"wp-element-caption\">Foto: Guilherme Carvalho \/ Google Maps<\/figcaption><\/figure>\n\n\n\n<h3 class=\"wp-block-heading\"><span class=\"ez-toc-section\" id=\"8_Barrio_de_Santa_Teresa_y_el_tranvia_historico\"><\/span>8. Barrio de Santa Teresa y el tranv\u00eda hist\u00f3rico<span class=\"ez-toc-section-end\"><\/span><\/h3>\n\n\n\n<p class=\"wp-block-paragraph\">En lo alto de las colinas sobre el bullicioso centro se agazapa un pintoresco barrio que parece salido de otro siglo. <strong>Santa Teresa est\u00e1 lleno de estrechas callejuelas empedradas, viejas villas coloniales y talleres de artistas independientes<\/strong>, lo que le ha valido el apodo de la Montmartre brasile\u00f1a. Desde sus miradores se abren vistas asombrosas de la bah\u00eda y de los modernos rascacielos all\u00e1 abajo, mientras t\u00fa te sientas en una tranquila cafeter\u00eda a la sombra de \u00e1rboles frondosos.<\/p>\n\n\n\n<p class=\"wp-block-paragraph\">La forma m\u00e1s ic\u00f3nica de llegar a este empinado barrio es en el famoso tranv\u00eda amarillo llamado bondinho. <strong>El tranv\u00eda hist\u00f3rico sale de la estaci\u00f3n Station of Santa Teresa trams, en el centro, y sube traqueteando por las pronunciadas cuestas<\/strong>, cruzando por el camino un enorme acueducto blanco. Es una experiencia nost\u00e1lgica maravillosa en la que sentir\u00e1s el viento en el pelo y ver\u00e1s la ciudad desde una perspectiva \u00fanica, ligeramente elevada.<\/p>\n\n\n\n<p class=\"wp-block-paragraph\">\ud83d\udca1 Consejo: <strong>En los pintorescos bistr\u00f3s locales pide sin falta una deliciosa tapioca, que es una crepe sin gluten de harina de mandioca<\/strong>, que te rellenar\u00e1n encantados con queso, tomate y hierbas frescas. Es un plato tradicional, saciante y a la vez ligero, sin carne, que encaja a la perfecci\u00f3n en el ambiente relajado de este barrio art\u00edstico.<\/p>\n\n\n\n<figure data-wp-context=\"{&quot;imageId&quot;:&quot;6a9c4ecf7e654&quot;}\" data-wp-interactive=\"core\/image\" data-wp-key=\"6a9c4ecf7e654\" class=\"wp-block-image size-full wp-lightbox-container\"><img decoding=\"async\" width=\"1600\" height=\"1600\" data-wp-class--hide=\"state.isContentHidden\" data-wp-class--show=\"state.isContentVisible\" data-wp-init=\"callbacks.setButtonStyles\" data-wp-on--click=\"actions.showLightbox\" data-wp-on--load=\"callbacks.setButtonStyles\" data-wp-on--pointerdown=\"actions.preloadImage\" data-wp-on--pointerenter=\"actions.preloadImageWithDelay\" data-wp-on--pointerleave=\"actions.cancelPreload\" data-wp-on-window--resize=\"callbacks.setButtonStyles\" src=\"https:\/\/loudavymkrokem.cz\/wp-content\/uploads\/2026\/09\/arcos-da-lapa.jpg\" alt=\"Acueducto Arcos da Lapa\" class=\"wp-image-413198\" title=\"\" srcset=\"https:\/\/loudavymkrokem.cz\/wp-content\/uploads\/2026\/09\/arcos-da-lapa.jpg 1600w, https:\/\/loudavymkrokem.cz\/wp-content\/uploads\/2026\/09\/arcos-da-lapa-300x300.jpg 300w, https:\/\/loudavymkrokem.cz\/wp-content\/uploads\/2026\/09\/arcos-da-lapa-700x700.jpg 700w, https:\/\/loudavymkrokem.cz\/wp-content\/uploads\/2026\/09\/arcos-da-lapa-150x150.jpg 150w, https:\/\/loudavymkrokem.cz\/wp-content\/uploads\/2026\/09\/arcos-da-lapa-768x768.jpg 768w, https:\/\/loudavymkrokem.cz\/wp-content\/uploads\/2026\/09\/arcos-da-lapa-1536x1536.jpg 1536w, https:\/\/loudavymkrokem.cz\/wp-content\/uploads\/2026\/09\/arcos-da-lapa-696x696.jpg 696w, https:\/\/loudavymkrokem.cz\/wp-content\/uploads\/2026\/09\/arcos-da-lapa-1392x1392.jpg 1392w\" sizes=\"(max-width: 1600px) 100vw, 1600px\" \/><button\n\t\t\tclass=\"lightbox-trigger\"\n\t\t\ttype=\"button\"\n\t\t\taria-haspopup=\"dialog\"\n\t\t\tdata-wp-bind--aria-label=\"state.thisImage.triggerButtonAriaLabel\"\n\t\t\tdata-wp-init=\"callbacks.initTriggerButton\"\n\t\t\tdata-wp-on--click=\"actions.showLightbox\"\n\t\t\tdata-wp-style--right=\"state.thisImage.buttonRight\"\n\t\t\tdata-wp-style--top=\"state.thisImage.buttonTop\"\n\t\t>\n\t\t\t<svg xmlns=\"http:\/\/www.w3.org\/2000\/svg\" width=\"12\" height=\"12\" fill=\"none\" viewBox=\"0 0 12 12\">\n\t\t\t\t<path fill=\"#fff\" d=\"M2 0a2 2 0 0 0-2 2v2h1.5V2a.5.5 0 0 1 .5-.5h2V0H2Zm2 10.5H2a.5.5 0 0 1-.5-.5V8H0v2a2 2 0 0 0 2 2h2v-1.5ZM8 12v-1.5h2a.5.5 0 0 0 .5-.5V8H12v2a2 2 0 0 1-2 2H8Zm2-12a2 2 0 0 1 2 2v2h-1.5V2a.5.5 0 0 0-.5-.5H8V0h2Z\" \/>\n\t\t\t<\/svg>\n\t\t<\/button><figcaption class=\"wp-element-caption\">Foto: W Travel \/ Google Maps<\/figcaption><\/figure>\n\n\n\n<h3 class=\"wp-block-heading\"><span class=\"ez-toc-section\" id=\"9_Acueducto_Arcos_da_Lapa\"><\/span>9. Acueducto Arcos da Lapa<span class=\"ez-toc-section-end\"><\/span><\/h3>\n\n\n\n<p class=\"wp-block-paragraph\">En cuanto llegues a Lapa, los ojos se te ir\u00e1n al instante al enorme acueducto blanco que domina por completo toda la plaza. <strong>Los Arcos da Lapa son un monumental acueducto del siglo XVIII que anta\u00f1o llevaba agua potable desde las colinas cercanas<\/strong> directamente al centro de la colonia que crec\u00eda a toda velocidad. Con sus cuarenta y dos arcos masivos, es uno de los monumentos de arquitectura portuguesa m\u00e1s importantes de todo el pa\u00eds.<\/p>\n\n\n\n<p class=\"wp-block-paragraph\">Aunque el agua ya no corre por \u00e9l desde hace mucho, la construcci\u00f3n encontr\u00f3 un nuevo uso no menos importante en el transporte moderno. <strong>Es precisamente por la parte superior de este acueducto hist\u00f3rico por donde hoy traquetea el legendario tranv\u00eda amarillo rumbo a Santa Teresa<\/strong>, lo que crea un contraste incre\u00edblemente fotog\u00e9nico entre lo antiguo y lo nuevo. La plaza bajo los arcos cobra vida sobre todo los viernes por la noche, cuando los locales se re\u00fanen aqu\u00ed para animadas fiestas callejeras llenas de baile y m\u00fasica a todo volumen.<\/p>\n\n\n\n<p class=\"wp-block-paragraph\">\ud83d\udca1 Consejo: <strong>Las mejores fotos del acueducto las conseguir\u00e1s con algo de distancia desde la plaza Pra\u00e7a Cardeal C\u00e2mara<\/strong>, desde donde luce estupendamente toda su imponente longitud y su blanco reluciente. Si quieres evitar las multitudes nocturnas y el ambiente de fiesta, visita este lugar mejor durante la ma\u00f1ana del fin de semana, cuando los alrededores est\u00e1n bien tranquilos.<\/p>\n\n\n\n<figure data-wp-context=\"{&quot;imageId&quot;:&quot;6a9c4ecf7ec32&quot;}\" data-wp-interactive=\"core\/image\" data-wp-key=\"6a9c4ecf7ec32\" class=\"wp-block-image size-full wp-lightbox-container\"><img decoding=\"async\" width=\"1600\" height=\"1200\" data-wp-class--hide=\"state.isContentHidden\" data-wp-class--show=\"state.isContentVisible\" data-wp-init=\"callbacks.setButtonStyles\" data-wp-on--click=\"actions.showLightbox\" data-wp-on--load=\"callbacks.setButtonStyles\" data-wp-on--pointerdown=\"actions.preloadImage\" data-wp-on--pointerenter=\"actions.preloadImageWithDelay\" data-wp-on--pointerleave=\"actions.cancelPreload\" data-wp-on-window--resize=\"callbacks.setButtonStyles\" src=\"https:\/\/loudavymkrokem.cz\/wp-content\/uploads\/2026\/09\/parque-das-ru-nas.jpg\" alt=\"Galer\u00eda Parque das Ru\u00ednas\" class=\"wp-image-413202\" title=\"\" srcset=\"https:\/\/loudavymkrokem.cz\/wp-content\/uploads\/2026\/09\/parque-das-ru-nas.jpg 1600w, https:\/\/loudavymkrokem.cz\/wp-content\/uploads\/2026\/09\/parque-das-ru-nas-300x225.jpg 300w, https:\/\/loudavymkrokem.cz\/wp-content\/uploads\/2026\/09\/parque-das-ru-nas-700x525.jpg 700w, https:\/\/loudavymkrokem.cz\/wp-content\/uploads\/2026\/09\/parque-das-ru-nas-768x576.jpg 768w, https:\/\/loudavymkrokem.cz\/wp-content\/uploads\/2026\/09\/parque-das-ru-nas-1536x1152.jpg 1536w, https:\/\/loudavymkrokem.cz\/wp-content\/uploads\/2026\/09\/parque-das-ru-nas-80x60.jpg 80w, https:\/\/loudavymkrokem.cz\/wp-content\/uploads\/2026\/09\/parque-das-ru-nas-160x120.jpg 160w, https:\/\/loudavymkrokem.cz\/wp-content\/uploads\/2026\/09\/parque-das-ru-nas-696x522.jpg 696w, https:\/\/loudavymkrokem.cz\/wp-content\/uploads\/2026\/09\/parque-das-ru-nas-1392x1044.jpg 1392w\" sizes=\"(max-width: 1600px) 100vw, 1600px\" \/><button\n\t\t\tclass=\"lightbox-trigger\"\n\t\t\ttype=\"button\"\n\t\t\taria-haspopup=\"dialog\"\n\t\t\tdata-wp-bind--aria-label=\"state.thisImage.triggerButtonAriaLabel\"\n\t\t\tdata-wp-init=\"callbacks.initTriggerButton\"\n\t\t\tdata-wp-on--click=\"actions.showLightbox\"\n\t\t\tdata-wp-style--right=\"state.thisImage.buttonRight\"\n\t\t\tdata-wp-style--top=\"state.thisImage.buttonTop\"\n\t\t>\n\t\t\t<svg xmlns=\"http:\/\/www.w3.org\/2000\/svg\" width=\"12\" height=\"12\" fill=\"none\" viewBox=\"0 0 12 12\">\n\t\t\t\t<path fill=\"#fff\" d=\"M2 0a2 2 0 0 0-2 2v2h1.5V2a.5.5 0 0 1 .5-.5h2V0H2Zm2 10.5H2a.5.5 0 0 1-.5-.5V8H0v2a2 2 0 0 0 2 2h2v-1.5ZM8 12v-1.5h2a.5.5 0 0 0 .5-.5V8H12v2a2 2 0 0 1-2 2H8Zm2-12a2 2 0 0 1 2 2v2h-1.5V2a.5.5 0 0 0-.5-.5H8V0h2Z\" \/>\n\t\t\t<\/svg>\n\t\t<\/button><figcaption class=\"wp-element-caption\">Foto: Andr\u00e9 Marcelo de Lourdes \/ Google Maps<\/figcaption><\/figure>\n\n\n\n<h3 class=\"wp-block-heading\"><span class=\"ez-toc-section\" id=\"10_Galeria_Parque_das_Ruinas\"><\/span>10. Galer\u00eda Parque das Ru\u00ednas<span class=\"ez-toc-section-end\"><\/span><\/h3>\n\n\n\n<p class=\"wp-block-paragraph\">En el coraz\u00f3n de la hist\u00f3rica Santa Teresa se encuentra una joya arquitect\u00f3nica que conecta de forma genial un glorioso pasado con el dise\u00f1o moderno. <strong>El Parque das Ru\u00ednas es un fascinante parque p\u00fablico y centro cultural construido directamente sobre los restos de una vieja mansi\u00f3n aristocr\u00e1tica<\/strong> que perteneci\u00f3 a una adinerada mecenas brasile\u00f1a del arte. Los arquitectos conservaron los muros de ladrillo desnudos y los completaron con modernas escaleras de acero y enormes paneles de cristal, creando un espacio absolutamente \u00fanico.<\/p>\n\n\n\n<p class=\"wp-block-paragraph\">Desde las plantas m\u00e1s altas de esta ruina rehabilitada tendr\u00e1s una vista que recordar\u00e1s toda la vida. <strong>Las plataformas panor\u00e1micas ofrecen una vista sin obst\u00e1culos de todo el centro hist\u00f3rico, del Pan de Az\u00facar y de la bah\u00eda de Guanabara<\/strong>, y todo ello sin ning\u00fan coste de entrada. En el recinto se celebran con regularidad conciertos al aire libre, representaciones teatrales y exposiciones de arte contempor\u00e1neo que atraen tanto a intelectuales locales como a viajeros curiosos.<\/p>\n\n\n\n<p class=\"wp-block-paragraph\">\ud83d\udca1 Consejo: <strong>En la planta baja del recinto funciona una excelente cafeter\u00eda peque\u00f1a con terraza<\/strong>, donde puedes tomarte un caf\u00e9 con hielo y observar el ajetreo de tu alrededor. El horario de apertura puede variar seg\u00fan los eventos culturales, as\u00ed que antes de la visita comprueba que no sea lunes, cuando la mayor\u00eda de los museos y galer\u00edas de R\u00edo permanecen estrictamente cerrados.<\/p>\n\n\n\n<figure data-wp-context=\"{&quot;imageId&quot;:&quot;6a9c4ecf7f358&quot;}\" data-wp-interactive=\"core\/image\" data-wp-key=\"6a9c4ecf7f358\" class=\"wp-block-image size-full wp-lightbox-container\"><img decoding=\"async\" width=\"1600\" height=\"2125\" data-wp-class--hide=\"state.isContentHidden\" data-wp-class--show=\"state.isContentVisible\" data-wp-init=\"callbacks.setButtonStyles\" data-wp-on--click=\"actions.showLightbox\" data-wp-on--load=\"callbacks.setButtonStyles\" data-wp-on--pointerdown=\"actions.preloadImage\" data-wp-on--pointerenter=\"actions.preloadImageWithDelay\" data-wp-on--pointerleave=\"actions.cancelPreload\" data-wp-on-window--resize=\"callbacks.setButtonStyles\" src=\"https:\/\/loudavymkrokem.cz\/wp-content\/uploads\/2026\/09\/tijuca-national-park.jpg\" alt=\"Selva tropical urbana del Parque Nacional de Tijuca\" class=\"wp-image-413205\" title=\"\" srcset=\"https:\/\/loudavymkrokem.cz\/wp-content\/uploads\/2026\/09\/tijuca-national-park.jpg 1600w, https:\/\/loudavymkrokem.cz\/wp-content\/uploads\/2026\/09\/tijuca-national-park-226x300.jpg 226w, https:\/\/loudavymkrokem.cz\/wp-content\/uploads\/2026\/09\/tijuca-national-park-700x930.jpg 700w, https:\/\/loudavymkrokem.cz\/wp-content\/uploads\/2026\/09\/tijuca-national-park-768x1020.jpg 768w, https:\/\/loudavymkrokem.cz\/wp-content\/uploads\/2026\/09\/tijuca-national-park-1157x1536.jpg 1157w, https:\/\/loudavymkrokem.cz\/wp-content\/uploads\/2026\/09\/tijuca-national-park-1542x2048.jpg 1542w, https:\/\/loudavymkrokem.cz\/wp-content\/uploads\/2026\/09\/tijuca-national-park-696x924.jpg 696w, https:\/\/loudavymkrokem.cz\/wp-content\/uploads\/2026\/09\/tijuca-national-park-1392x1849.jpg 1392w\" sizes=\"(max-width: 1600px) 100vw, 1600px\" \/><button\n\t\t\tclass=\"lightbox-trigger\"\n\t\t\ttype=\"button\"\n\t\t\taria-haspopup=\"dialog\"\n\t\t\tdata-wp-bind--aria-label=\"state.thisImage.triggerButtonAriaLabel\"\n\t\t\tdata-wp-init=\"callbacks.initTriggerButton\"\n\t\t\tdata-wp-on--click=\"actions.showLightbox\"\n\t\t\tdata-wp-style--right=\"state.thisImage.buttonRight\"\n\t\t\tdata-wp-style--top=\"state.thisImage.buttonTop\"\n\t\t>\n\t\t\t<svg xmlns=\"http:\/\/www.w3.org\/2000\/svg\" width=\"12\" height=\"12\" fill=\"none\" viewBox=\"0 0 12 12\">\n\t\t\t\t<path fill=\"#fff\" d=\"M2 0a2 2 0 0 0-2 2v2h1.5V2a.5.5 0 0 1 .5-.5h2V0H2Zm2 10.5H2a.5.5 0 0 1-.5-.5V8H0v2a2 2 0 0 0 2 2h2v-1.5ZM8 12v-1.5h2a.5.5 0 0 0 .5-.5V8H12v2a2 2 0 0 1-2 2H8Zm2-12a2 2 0 0 1 2 2v2h-1.5V2a.5.5 0 0 0-.5-.5H8V0h2Z\" \/>\n\t\t\t<\/svg>\n\t\t<\/button><figcaption class=\"wp-element-caption\">Foto: Clifford Aldan \/ Google Maps<\/figcaption><\/figure>\n\n\n\n<h3 class=\"wp-block-heading\"><span class=\"ez-toc-section\" id=\"11_Selva_tropical_urbana_del_Parque_Nacional_de_Tijuca\"><\/span>11. Selva tropical urbana del Parque Nacional de Tijuca<span class=\"ez-toc-section-end\"><\/span><\/h3>\n\n\n\n<p class=\"wp-block-paragraph\">Mientras otras grandes ciudades tienen parques y jardines extensos, R\u00edo de Janeiro puede presumir de algo mucho m\u00e1s salvaje y monumental. <strong>El Parque Nacional de Tijuca es una enorme selva tropical urbana que cubre los empinados macizos monta\u00f1osos en pleno centro de una metr\u00f3poli de millones de habitantes.<\/strong> Este pulm\u00f3n verde de la ciudad no solo limpia el aire y refresca el clima tropical, sino que da cobijo a miles de especies de animales ex\u00f3ticos, mariposas enormes y monos descaradamente curiosos.<\/p>\n\n\n\n<p class=\"wp-block-paragraph\">Toda la selva est\u00e1 atravesada por una red de senderos bien cuidados que te llevar\u00e1n a cascadas atronadoras, cuevas oscuras y miradores de quitar el aliento. <strong>Al pasear bajo las copas de \u00e1rboles centenarios olvidar\u00e1s por completo que est\u00e1s en una de las ciudades m\u00e1s bulliciosas de Sudam\u00e9rica<\/strong>, porque aqu\u00ed el ruido del tr\u00e1fico lo sustituyen por completo los gritos de coloridos loros. La historia de este lugar es fascinante, pues la selva fue replantada a mano en el siglo XIX despu\u00e9s de que la vegetaci\u00f3n original la destruyeran las plantaciones de caf\u00e9.<\/p>\n\n\n\n<p class=\"wp-block-paragraph\">\ud83d\udca1 Consejo: <strong>Para explorar la selva lo ideal es contratar a un gu\u00eda certificado con todoterreno<\/strong>, porque la extensi\u00f3n del parque es enorme y orientarse por los senderos de la selva puede ser traicionero. No olvides llevar un repelente fuerte contra los insectos tropicales y una chaqueta impermeable ligera, porque el microclima bajo los \u00e1rboles es bastante m\u00e1s h\u00famedo y fresco que abajo, en las playas.<\/p>\n\n\n\n<figure data-wp-context=\"{&quot;imageId&quot;:&quot;6a9c4ecf7f960&quot;}\" data-wp-interactive=\"core\/image\" data-wp-key=\"6a9c4ecf7f960\" class=\"wp-block-image size-full wp-lightbox-container\"><img decoding=\"async\" width=\"1600\" height=\"1200\" data-wp-class--hide=\"state.isContentHidden\" data-wp-class--show=\"state.isContentVisible\" data-wp-init=\"callbacks.setButtonStyles\" data-wp-on--click=\"actions.showLightbox\" data-wp-on--load=\"callbacks.setButtonStyles\" data-wp-on--pointerdown=\"actions.preloadImage\" data-wp-on--pointerenter=\"actions.preloadImageWithDelay\" data-wp-on--pointerleave=\"actions.cancelPreload\" data-wp-on-window--resize=\"callbacks.setButtonStyles\" src=\"https:\/\/loudavymkrokem.cz\/wp-content\/uploads\/2026\/09\/mirante-dona-marta.jpg\" alt=\"Mirador Mirante Dona Marta\" class=\"wp-image-413209\" title=\"\" srcset=\"https:\/\/loudavymkrokem.cz\/wp-content\/uploads\/2026\/09\/mirante-dona-marta.jpg 1600w, https:\/\/loudavymkrokem.cz\/wp-content\/uploads\/2026\/09\/mirante-dona-marta-300x225.jpg 300w, https:\/\/loudavymkrokem.cz\/wp-content\/uploads\/2026\/09\/mirante-dona-marta-700x525.jpg 700w, https:\/\/loudavymkrokem.cz\/wp-content\/uploads\/2026\/09\/mirante-dona-marta-768x576.jpg 768w, https:\/\/loudavymkrokem.cz\/wp-content\/uploads\/2026\/09\/mirante-dona-marta-1536x1152.jpg 1536w, https:\/\/loudavymkrokem.cz\/wp-content\/uploads\/2026\/09\/mirante-dona-marta-80x60.jpg 80w, https:\/\/loudavymkrokem.cz\/wp-content\/uploads\/2026\/09\/mirante-dona-marta-160x120.jpg 160w, https:\/\/loudavymkrokem.cz\/wp-content\/uploads\/2026\/09\/mirante-dona-marta-696x522.jpg 696w, https:\/\/loudavymkrokem.cz\/wp-content\/uploads\/2026\/09\/mirante-dona-marta-1392x1044.jpg 1392w\" sizes=\"(max-width: 1600px) 100vw, 1600px\" \/><button\n\t\t\tclass=\"lightbox-trigger\"\n\t\t\ttype=\"button\"\n\t\t\taria-haspopup=\"dialog\"\n\t\t\tdata-wp-bind--aria-label=\"state.thisImage.triggerButtonAriaLabel\"\n\t\t\tdata-wp-init=\"callbacks.initTriggerButton\"\n\t\t\tdata-wp-on--click=\"actions.showLightbox\"\n\t\t\tdata-wp-style--right=\"state.thisImage.buttonRight\"\n\t\t\tdata-wp-style--top=\"state.thisImage.buttonTop\"\n\t\t>\n\t\t\t<svg xmlns=\"http:\/\/www.w3.org\/2000\/svg\" width=\"12\" height=\"12\" fill=\"none\" viewBox=\"0 0 12 12\">\n\t\t\t\t<path fill=\"#fff\" d=\"M2 0a2 2 0 0 0-2 2v2h1.5V2a.5.5 0 0 1 .5-.5h2V0H2Zm2 10.5H2a.5.5 0 0 1-.5-.5V8H0v2a2 2 0 0 0 2 2h2v-1.5ZM8 12v-1.5h2a.5.5 0 0 0 .5-.5V8H12v2a2 2 0 0 1-2 2H8Zm2-12a2 2 0 0 1 2 2v2h-1.5V2a.5.5 0 0 0-.5-.5H8V0h2Z\" \/>\n\t\t\t<\/svg>\n\t\t<\/button><figcaption class=\"wp-element-caption\">Foto: Leonardo Pessoa \/ Google Maps<\/figcaption><\/figure>\n\n\n\n<!-- LKM_GYG_CARD start q=\"rio de janeiro\" lang=\"es\" rendered=\"2026-09-05T10:48:40+00:00\" v=\"1\" -->\n<style id=\"lk-gyg-styles\">\n@import url(\"https:\/\/fonts.googleapis.com\/css2?family=Playfair+Display:wght@700&family=DM+Sans:wght@300;400;500;600&display=swap\");\n\/* === LK GYG karty \u2014 CRO redesign 2026-05 (namespace .lkx-) ===\n   C\u00edl: vy\u0161\u0161\u00ed CTR (hero + v\u00fdrazn\u00fd social proof + ak\u010dn\u00ed CTA, m\u00e9n\u011b \"reklamn\u00ed\").\n   Injektuje se inline do prvn\u00edho markeru postu (refresh_cards.py --inline-css). *\/\n.lkx-module, .lkx-module *{box-sizing:border-box;margin:0;padding:0}\n.lkx-module{\n  font-family:'DM Sans',-apple-system,Segoe UI,Roboto,Georgia,sans-serif;\n  max-width:860px;margin:2.5rem auto;color:#1f2328;\n}\n\n\/* HEADER \u2014 lehk\u00fd editorsk\u00fd, \u017e\u00e1dn\u00fd bannerov\u00fd blok; nadpis + popisek pod n\u00edm *\/\n.lkx-head{margin-bottom:16px}\n.lkx-head-main{display:flex;align-items:center;gap:10px}\n.lkx-head-accent{width:26px;height:3px;border-radius:2px;background:#c39f76;flex-shrink:0}\n.lkx-head-title{font-family:'Playfair Display',Georgia,serif;font-size:21px;font-weight:700;color:#1a1a1a;line-height:1.25}\n.lkx-head-meta{display:block;font-size:11px;letter-spacing:.3px;color:#9aa0a6;margin-top:4px;margin-left:36px}\n\n\/* HERO *\/\n.lkx-hero{display:grid;grid-template-columns:300px 1fr;background:#fff;border:1px solid #ece7df;border-radius:14px;overflow:hidden;text-decoration:none!important;color:inherit;box-shadow:0 6px 20px rgba(0,0,0,.06);transition:box-shadow .2s,transform .2s;margin-bottom:14px}\n.lkx-hero:hover{box-shadow:0 12px 30px rgba(0,0,0,.12);transform:translateY(-2px)}\n.lkx-hero-img{position:relative;min-height:230px;background-size:cover;background-position:center;background-color:#eee}\n.lkx-hero-body{padding:22px 24px;display:flex;flex-direction:column}\n.lkx-pick{position:absolute;top:12px;left:12px;background:#1a1a1a;color:#fff;font-size:11px;font-weight:700;letter-spacing:.5px;padding:5px 11px;border-radius:20px}\n\n\/* TITLE *\/\n.lkx-title{font-size:19px;font-weight:700;color:#161616;line-height:1.3}\n.lkx-title-sm{font-size:14.5px;line-height:1.35;display:-webkit-box;-webkit-line-clamp:2;-webkit-box-orient:vertical;overflow:hidden}\n\n\/* SOCIAL PROOF \u2014 v\u00fdrazn\u011b, naho\u0159e *\/\n.lkx-proof{display:flex;align-items:center;gap:7px;margin-top:12px;font-size:15px;color:#3a3a3a}\n.lkx-proof b{font-size:16px;color:#161616}\n.lkx-stars{color:#f5a623;letter-spacing:1px}\n.lkx-proof-sm{font-size:12.5px;margin-top:8px;gap:5px}\n.lkx-proof-sm b{font-size:13px}\n.lkx-proof-new{color:#3685fc;font-weight:600}\n\n\/* PRICE \u2014 n\u00edzk\u00e1 kotva *\/\n.lkx-price{font-size:14px;color:#6b7280}\n.lkx-price b{font-size:20px;color:#161616;font-weight:700}\n.lkx-price-sm b{font-size:15px}\n\n\/* CTA \u2014 tepl\u00e9 ak\u010dn\u00ed tla\u010d\u00edtko *\/\n.lkx-cta{display:inline-flex;align-items:center;justify-content:center;text-decoration:none!important;font-weight:700;color:#fff!important;background:linear-gradient(135deg,#f6743f,#e8552a);border-radius:10px;box-shadow:0 6px 16px rgba(232,85,42,.32);transition:box-shadow .2s}\n.lkx-cta-hero{font-size:15px;padding:13px 22px}\n.lkx-hero:hover .lkx-cta-hero{box-shadow:0 8px 22px rgba(232,85,42,.45)}\n.lkx-cta-sm{font-size:12.5px;padding:9px 14px;width:100%;margin-top:2px}\n.lkx-hero-bottom{margin-top:auto;padding-top:18px;display:flex;align-items:center;justify-content:space-between;gap:14px;flex-wrap:wrap}\n\n\/* BADGE \u2014 jeden v\u00fdrazn\u00fd na fotce *\/\n.lkx-badge{position:absolute;top:12px;right:12px;font-size:10.5px;font-weight:700;letter-spacing:.3px;padding:5px 10px;border-radius:16px;color:#fff}\n.lkx-badge.badge-urgency{background:rgba(214,40,40,.92)}\n.lkx-badge.badge-new{background:rgba(54,133,252,.92)}\n.lkx-badge.badge-top{background:rgba(195,159,118,.95)}\n.lkx-badge.badge-info{background:rgba(40,40,40,.78)}\n\n\/* SECONDARY GRID *\/\n.lkx-grid{display:grid;grid-template-columns:1fr 1fr;gap:14px}\n.lkx-card{background:#fff;border:1px solid #ece7df;border-radius:14px;overflow:hidden;text-decoration:none!important;color:inherit;box-shadow:0 4px 14px rgba(0,0,0,.05);display:flex;flex-direction:column;transition:box-shadow .2s,transform .2s}\n.lkx-card:hover{box-shadow:0 10px 24px rgba(0,0,0,.1);transform:translateY(-2px)}\n.lkx-card-img{position:relative;aspect-ratio:16\/10;background-size:cover;background-position:center;background-color:#eee}\n.lkx-card-body{padding:14px 16px 16px;display:flex;flex-direction:column;gap:7px;flex:1}\n.lkx-card-bottom{margin-top:auto;padding-top:10px;display:flex;align-items:center;justify-content:space-between;gap:8px}\n\n\/* DISCLOSURE \u2014 drobn\u00e1, kv\u016fli d\u016fv\u011b\u0159e\/z\u00e1konu *\/\n.lkx-disclosure{font-size:11px;color:#a7adb3;text-align:center;margin-top:14px;line-height:1.6}\n.lkx-disclosure a{color:#c39f76;text-decoration:none}\n\n@media(max-width:680px){\n  .lkx-hero{grid-template-columns:1fr}\n  .lkx-hero-img{min-height:180px}\n  .lkx-grid{grid-template-columns:1fr}\n  .lkx-head-meta{margin-left:0;width:100%}\n  .lkx-head-title{font-size:19px}\n}\n\n<\/style>\n<div class=\"lkx-module\" data-query=\"rio de janeiro\">\n  <div class=\"lkx-head\">\n    <div class=\"lkx-head-main\">\n      <span class=\"lkx-head-accent\"><\/span>\n      <span class=\"lkx-head-title\">Experiencias y entradas<\/span>\n    <\/div>\n    <span class=\"lkx-head-meta\">valorado por viajeros \u00b7 GetYourGuide<\/span>\n  <\/div><a class=\"lkx-hero\" href=\"https:\/\/www.getyourguide.com\/es-es\/rio-de-janeiro-l9\/corcovado-pan-de-azucar-y-playas-incl-almuerzo-barbacoa-t65229\/?partner_id=MKZ64IS&amp;utm_medium=online_publisher&amp;cmp=que-ver-rio-de-janeiro\" target=\"_blank\" rel=\"sponsored noopener nofollow\">\n    <div class=\"lkx-hero-img\" style=\"background-image:url('https:\/\/cdn.getyourguide.com\/img\/tour\/d00e9ff30a2b705930a506fa35e2046f19fc6e939985f20d3039f7f78c460433.jpg\/132.jpg')\" role=\"img\" aria-label=\"R\u00edo: Cristo Redentor, Pan de Az\u00facar, Selar\u00f3n y Almuerzo Barbacoa\">\n      <span class=\"lkx-pick\">\u2605 Nuestra elecci\u00f3n<\/span><\/div>\n    <div class=\"lkx-hero-body\">\n      <div class=\"lkx-title\">R\u00edo: Cristo Redentor, Pan de Az\u00facar, Selar\u00f3n y Almuerzo Barbacoa<\/div>\n      <div class=\"lkx-proof\">\n      <span class=\"lkx-stars\">\u2605\u2605\u2605\u2605\u2605<\/span>\n      <b>4.5<\/b> \u00b7 3 123 opiniones\n    <\/div>\n      <div class=\"lkx-hero-bottom\"><div class=\"lkx-price\">desde <b>64\u00a0EUR<\/b><\/div><span class=\"lkx-cta lkx-cta-hero\">Quiero vivir esto \u2192<\/span>\n      <\/div>\n    <\/div>\n  <\/a><div class=\"lkx-grid\"><a class=\"lkx-card\" href=\"https:\/\/www.getyourguide.com\/es-es\/rio-de-janeiro-l9\/excursion-de-dia-inteiro-a-angra-dos-reis-e-ilha-grande-t530101\/?partner_id=MKZ64IS&amp;utm_medium=online_publisher&amp;cmp=que-ver-rio-de-janeiro\" target=\"_blank\" rel=\"sponsored noopener nofollow\">\n      <div class=\"lkx-card-img\" style=\"background-image:url('https:\/\/cdn.getyourguide.com\/img\/tour\/cba4a368f204e195.jpeg\/132.jpg')\" role=\"img\" aria-label=\"R\u00edo de Janeiro: Tour de d\u00eda completo por Angra dos Reis e Ilha Grande\"><\/div>\n      <div class=\"lkx-card-body\">\n        <div class=\"lkx-title lkx-title-sm\">R\u00edo de Janeiro: Tour de d\u00eda completo por Angra dos Reis e Ilha Grande<\/div>\n        <div class=\"lkx-proof lkx-proof-sm\">\n      <span class=\"lkx-stars\">\u2605<\/span>\n      <b>4.5<\/b> \u00b7 2 319\n    <\/div>\n        <div class=\"lkx-card-bottom\"><span class=\"lkx-price lkx-price-sm\">desde <b>70\u00a0EUR<\/b><\/span><span class=\"lkx-cta lkx-cta-sm\">Ver fechas \u2192<\/span>\n        <\/div>\n      <\/div>\n    <\/a><a class=\"lkx-card\" href=\"https:\/\/www.getyourguide.com\/es-es\/rio-de-janeiro-l9\/rio-de-janeiro-escalada-en-el-pan-de-azucar-via-coringa-t1443442\/?partner_id=MKZ64IS&amp;utm_medium=online_publisher&amp;cmp=que-ver-rio-de-janeiro\" target=\"_blank\" rel=\"sponsored noopener nofollow\">\n      <div class=\"lkx-card-img\" style=\"background-image:url('https:\/\/cdn.getyourguide.com\/img\/tour\/31ae79c67043a21ea4797e651c99602b72a39d945d201674546a79d39b2f26c3.jpg\/132.jpg')\" role=\"img\" aria-label=\"R\u00edo de Janeiro: Escalada en el Pan de Az\u00facar (V\u00eda Coringa)\"><\/div>\n      <div class=\"lkx-card-body\">\n        <div class=\"lkx-title lkx-title-sm\">R\u00edo de Janeiro: Escalada en el Pan de Az\u00facar (V\u00eda Coringa)<\/div>\n        <div class=\"lkx-proof lkx-proof-sm\">\n      <span class=\"lkx-stars\">\u2605<\/span>\n      <b>0.0<\/b> \u00b7 0\n    <\/div>\n        <div class=\"lkx-card-bottom\"><span class=\"lkx-price lkx-price-sm\">desde <b>86\u00a0EUR<\/b><\/span><span class=\"lkx-cta lkx-cta-sm\">Ver fechas \u2192<\/span>\n        <\/div>\n      <\/div>\n    <\/a><\/div><div class=\"lkx-disclosure\">\ud83d\udd17 Enlaces de afiliados \u2014 no cambian tu precio y nos ayudan a crear contenido. \u00b7 <a href=\"https:\/\/www.getyourguide.com\/es-es\/s\/?q=rio+de+janeiro&amp;partner_id=MKZ64IS&amp;utm_medium=online_publisher\" target=\"_blank\" rel=\"sponsored noopener nofollow\">Todas las experiencias \u2192<\/a><\/div>\n<\/div>\n<!-- LKM_GYG_CARD end -->\n\n\n\n\n<div class=\"lk-stays-module\">\n<style>\n\/* \u2500\u2500\u2500 RESET PRO GUTENBERG \u2500\u2500\u2500 *\/\n.lk-stays-module * { box-sizing: border-box; margin: 0; padding: 0; }\n\n\/* \u2500\u2500\u2500 WRAPPER \u2500\u2500\u2500 *\/\n.lk-stays-module {\n  font-family: 'DM Sans', Georgia, sans-serif;\n  max-width: 100%;\n  margin: 2.5rem auto;\n  background: linear-gradient(135deg, #fdfaf5 0%, #fcf8f0 100%);\n  border: 1px solid #e8dfd4;\n  border-radius: 16px;\n  overflow: hidden;\n  box-shadow: 0 16px 48px rgba(195, 159, 118, 0.25), 0 4px 12px rgba(0,0,0,0.08);\n}\n\n\/* \u2500\u2500\u2500 HEADER \u2500\u2500\u2500 *\/\n.lk-stays-header {\n  position: relative;\n  padding: 24px 36px 24px;\n  background: linear-gradient(135deg, #c39f76 0%, #d4b188 60%, #c39f76 100%);\n  border-bottom: 1px solid rgba(255,255,255,.15);\n  display: flex;\n  align-items: center;\n  gap: 18px;\n}\n.lk-stays-header::before {\n  content: '';\n  position: absolute;\n  inset: 0;\n  background: url(\"data:image\/svg+xml,%3Csvg width='60' height='60' viewBox='0 0 60 60' xmlns='http:\/\/www.w3.org\/2000\/svg'%3E%3Cg fill='none' fill-rule='evenodd'%3E%3Cg fill='%23ffffff' fill-opacity='0.05'%3E%3Cpath d='M36 34v-4h-2v4h-4v2h4v4h2v-4h4v-2h-4zm0-30V0h-2v4h-4v2h4v4h2V6h4V4h-4zM6 34v-4H4v4H0v2h4v4h2v-4h4v-2H6zM6 4V0H4v4H0v2h4v4h2V6h4V4H6z'\/%3E%3C\/g%3E%3C\/g%3E%3C\/svg%3E\") repeat;\n  pointer-events: none;\n}\n.lk-stays-icon {\n  flex-shrink: 0;\n  width: 68px;\n  height: 68px;\n  border-radius: 14px;\n  background: linear-gradient(135deg, #fff 0%, #f9f6f0 100%);\n  display: flex;\n  align-items: center;\n  justify-content: center;\n  font-size: 26px;\n  box-shadow: 0 4px 12px rgba(0,0,0,0.15);\n}\n.lk-stays-eyebrow {\n  font-size: 10px;\n  font-weight: 500;\n  letter-spacing: 2.5px;\n  text-transform: uppercase;\n  color: rgba(255,255,255,.85);\n  margin: 0 0 5px 0;\n}\n.lk-stays-title {\n  font-family: 'Playfair Display', Georgia, serif;\n  font-size: 24px;\n  font-weight: 700;\n  color: #fff;\n  line-height: 1.2;\n  text-shadow: 0 1px 2px rgba(0,0,0,0.1);\n  margin: 0;\n}\n.lk-stays-subtitle {\n  font-size: 13px;\n  color: rgba(255,255,255,.75);\n  margin: 4px 0 0 0;\n  font-weight: 300;\n}\n\n\/* \u2500\u2500\u2500 CARDS GRID \u2500\u2500\u2500 *\/\n.lk-stays-grid {\n  display: grid;\n  grid-template-columns: 1fr 1fr;\n  gap: 1px;\n  background: rgba(195, 159, 118, 0.12);\n}\n\n\/* \u2500\u2500\u2500 SINGLE CARD \u2500\u2500\u2500 *\/\n.lk-stay-card {\n  background: #ffffff;\n  padding: 26px;\n  display: flex;\n  flex-direction: column;\n  gap: 11px;\n  transition: all 0.3s ease;\n  text-decoration: none;\n  color: inherit;\n  position: relative;\n}\n.lk-stay-card:hover {\n  background: #fffbf5;\n  transform: translateY(-2px);\n  box-shadow: 0 8px 24px rgba(195, 159, 118, 0.18);\n  z-index: 1;\n}\n.lk-stay-card.featured {\n  background: linear-gradient(135deg, #fffdf9 0%, #fff9f0 100%);\n  box-shadow: 0 4px 16px rgba(195, 159, 118, 0.15), inset 0 1px 0 rgba(195, 159, 118, 0.1);\n}\n.lk-stay-card.featured:hover {\n  background: linear-gradient(135deg, #fffbf5 0%, #fff8ed 100%);\n  box-shadow: 0 8px 24px rgba(195, 159, 118, 0.25), inset 0 1px 0 rgba(195, 159, 118, 0.15);\n}\n\n.lk-stay-badge {\n  display: inline-flex;\n  align-items: center;\n  gap: 5px;\n  font-size: 10px;\n  font-weight: 500;\n  letter-spacing: 1.5px;\n  text-transform: uppercase;\n  padding: 5px 11px;\n  border-radius: 20px;\n  width: fit-content;\n}\n.badge-top     { background: linear-gradient(135deg, #c39f76 0%, #d4b188 100%); color: #fff; border: 1px solid #c39f76; font-weight: 600; box-shadow: 0 2px 8px rgba(195,159,118,0.3); }\n.badge-luxury  { background: rgba(195,159,118,.12); color: #c39f76; border: 1px solid rgba(195,159,118,.25); }\n.badge-boutique{ background: rgba(54,133,252,.08); color: #3685fc; border: 1px solid rgba(54,133,252,.2); }\n.badge-nature  { background: rgba(130,190,100,.1); color: #6b9c4a; border: 1px solid rgba(130,190,100,.2); }\n.badge-remote  { background: rgba(195,159,118,.12); color: #a67e50; border: 1px solid rgba(195,159,118,.25); }\n\n.lk-stay-name {\n  font-family: 'Playfair Display', Georgia, serif;\n  font-size: 18px;\n  font-weight: 700;\n  color: #111827;\n  line-height: 1.3;\n}\n.lk-stay-desc {\n  font-size: 13.5px;\n  color: #525252;\n  line-height: 1.65;\n  font-weight: 300;\n  flex: 1;\n}\n\n.lk-stay-meta {\n  display: flex;\n  align-items: center;\n  gap: 12px;\n  flex-wrap: wrap;\n  margin-top: 4px;\n}\n.lk-stay-price {\n  font-size: 13px;\n  color: #6b7280;\n}\n.lk-stay-price strong {\n  color: #c39f76;\n  font-weight: 500;\n}\n.lk-stay-stars {\n  color: #c39f76;\n  font-size: 11px;\n  letter-spacing: 1px;\n}\n\n\/* \u2500\u2500\u2500 CTA BUTTON \u2500\u2500\u2500 *\/\n.lk-stay-cta {\n  display: inline-flex;\n  align-items: center;\n  justify-content: center;\n  gap: 7px;\n  margin-top: 8px;\n  padding: 11px 20px;\n  border-radius: 8px;\n  background: linear-gradient(135deg, #3685fc 0%, #2a6fd9 100%);\n  color: #fff;\n  font-size: 13px;\n  font-weight: 500;\n  text-decoration: none;\n  letter-spacing: .3px;\n  transition: all .2s ease;\n  cursor: pointer;\n  border: none;\n  text-align: center;\n  box-shadow: 0 4px 12px rgba(54, 133, 252, 0.25);\n}\n.lk-stay-cta:hover {\n  background: linear-gradient(135deg, #2a6fd9 0%, #1e5bc4 100%);\n  transform: translateY(-1px);\n  box-shadow: 0 6px 16px rgba(54, 133, 252, 0.35);\n}\n.lk-stay-cta svg { flex-shrink: 0; }\n\n\/* \u2500\u2500\u2500 FOOTER \u2500\u2500\u2500 *\/\n.lk-stays-footer {\n  padding: 18px 36px;\n  background: linear-gradient(to bottom, #fdfaf5 0%, #f9f4ed 100%);\n  border-top: 1px solid rgba(195, 159, 118, 0.15);\n  display: flex;\n  align-items: center;\n  justify-content: space-between;\n  flex-wrap: wrap;\n  gap: 12px;\n}\n.lk-stays-footer-note {\n  font-size: 11.5px;\n  color: #6b7280;\n  font-weight: 300;\n  line-height: 1.5;\n}\n.lk-stays-footer-note a {\n  color: #c39f76;\n  text-decoration: none;\n  font-weight: 400;\n}\n.lk-stays-footer-note a:hover {\n  text-decoration: underline;\n}\n.lk-stays-all-btn {\n  display: inline-flex;\n  align-items: center;\n  gap: 6px;\n  font-size: 12.5px;\n  font-weight: 500;\n  color: #c39f76;\n  text-decoration: none;\n  border: 1px solid rgba(195, 159, 118, 0.35);\n  padding: 8px 18px;\n  border-radius: 8px;\n  transition: all .2s ease;\n}\n.lk-stays-all-btn:hover {\n  background: rgba(195, 159, 118, 0.08);\n  border-color: rgba(195, 159, 118, 0.5);\n}\n\n\/* \u2500\u2500\u2500 RESPONSIVE \u2500\u2500\u2500 *\/\n@media (max-width: 600px) {\n  .lk-stays-grid { grid-template-columns: 1fr; }\n  .lk-stays-header { padding: 24px 20px; }\n  .lk-stays-footer { padding: 16px 20px; }\n  .lk-stay-card { padding: 22px; }\n  .lk-stays-title { font-size: 20px; }\n}\n<\/style>\n\n  <!-- HEADER -->\n  <div class=\"lk-stays-header\">\n    <img decoding=\"async\" src=\"https:\/\/loudavymkrokem.cz\/wp-content\/uploads\/2026\/02\/lukas-a-lucka.jpg\" alt=\"\" style=\"width: 75px; height: 75px; border-radius: 8px; flex-shrink: 0; object-fit: cover; display: block; margin: 4px 0;\" title=\"\">\n    <div class=\"lk-stays-header-text\">\n      <div class=\"lk-stays-eyebrow\">Luk\u00e1\u0161 y Lucie recomiendan<\/div>\n      <div class=\"lk-stays-title\">D\u00f3nde alojarse en R\u00edo de Janeiro<\/div>\n      <div class=\"lk-stays-subtitle\">4 alojamientos \u2014 hoteles wellness, hoteles y otras opciones de alojamiento<\/div>\n    <\/div>\n  <\/div>\n\n  <!-- CARDS -->\n  <div class=\"lk-stays-grid\">\n\n    <a class=\"lk-stay-card featured\" href=\"https:\/\/www.stay22.com\/allez\/roam?aid=lukaskonecny&#038;campaign=loudavymkrokemcz&#038;campaign=es&#038;campaign=covidetvriodejaneiru&#038;address=Rio+de+Janeiro&#038;hotelname=Arena+Ipanema+Hotel&#038;search=Arena+Ipanema+Hotel&#038;category=accommodation\" target=\"_blank\" rel=\"nofollow noopener\">\n      <span class=\"lk-stay-badge badge-top\">\u2b50 MEJOR OPCI\u00d3N<\/span>\n      <span class=\"lk-stay-badge badge-nature\">\ud83c\udfd6\ufe0f Playa<\/span>\n      <div class=\"lk-stay-name\">Arena Ipanema Hotel<\/div>\n      <div class=\"lk-stay-desc\">Excelente opci\u00f3n en la playa con una impresionante piscina en la azotea con vistas al oc\u00e9ano, a solo unos pasos del famoso Posto 8.<\/div>\n      <div class=\"lk-stay-meta\">\n        <span class=\"lk-stay-stars\">\u2605\u2605\u2605\u2605<\/span>\n        <span class=\"lk-stay-price\">Consultar precios<\/span>\n      <\/div>\n      <span class=\"lk-stay-cta\">\n        <svg width=\"14\" height=\"14\" viewBox=\"0 0 24 24\" fill=\"none\" stroke=\"currentColor\" stroke-width=\"2\"><path d=\"M18 13v6a2 2 0 0 1-2 2H5a2 2 0 0 1-2-2V8a2 2 0 0 1 2-2h6\"\/><polyline points=\"15 3 21 3 21 9\"\/><line x1=\"10\" y1=\"14\" x2=\"21\" y2=\"3\"\/><\/svg>\n        Comprobar disponibilidad\n      <\/span>\n    <\/a>\n\n    <a class=\"lk-stay-card\" href=\"https:\/\/www.stay22.com\/allez\/roam?aid=lukaskonecny&#038;campaign=loudavymkrokemcz&#038;campaign=es&#038;campaign=covidetvriodejaneiru&#038;address=Rio+de+Janeiro&#038;hotelname=Hotel+Fasano+Rio+de+Janeiro&#038;search=Hotel+Fasano+Rio+de+Janeiro&#038;category=accommodation\" target=\"_blank\" rel=\"nofollow noopener\">\n      <span class=\"lk-stay-badge badge-nature\">\u2b50 Lujo<\/span>\n      <div class=\"lk-stay-name\">Hotel Fasano Rio de Janeiro<\/div>\n      <div class=\"lk-stay-desc\">Ic\u00f3nico hotel de lujo, cuyo dise\u00f1o y ubicaci\u00f3n no tienen competencia en la ciudad.<\/div>\n      <div class=\"lk-stay-meta\">\n        <span class=\"lk-stay-stars\">\u2605\u2605\u2605\u2605<\/span>\n        <span class=\"lk-stay-price\">Consultar precios<\/span>\n      <\/div>\n      <span class=\"lk-stay-cta\">\n        <svg width=\"14\" height=\"14\" viewBox=\"0 0 24 24\" fill=\"none\" stroke=\"currentColor\" stroke-width=\"2\"><path d=\"M18 13v6a2 2 0 0 1-2 2H5a2 2 0 0 1-2-2V8a2 2 0 0 1 2-2h6\"\/><polyline points=\"15 3 21 3 21 9\"\/><line x1=\"10\" y1=\"14\" x2=\"21\" y2=\"3\"\/><\/svg>\n        Comprobar disponibilidad\n      <\/span>\n    <\/a>\n\n    <a class=\"lk-stay-card\" href=\"https:\/\/www.stay22.com\/allez\/roam?aid=lukaskonecny&#038;campaign=loudavymkrokemcz&#038;campaign=es&#038;campaign=covidetvriodejaneiru&#038;address=Rio+de+Janeiro&#038;hotelname=Yoo2+Rio+de+Janeiro+by+Intercity&#038;search=Yoo2+Rio+de+Janeiro+by+Intercity&#038;category=accommodation\" target=\"_blank\" rel=\"nofollow noopener\">\n      <span class=\"lk-stay-badge badge-nature\">\ud83c\udfe8 Hotel<\/span>\n      <div class=\"lk-stay-name\">Yoo2 Rio de Janeiro by Intercity<\/div>\n      <div class=\"lk-stay-desc\">Hotel elegante con fant\u00e1sticas vistas a la bah\u00eda en Botafogo.<\/div>\n      <div class=\"lk-stay-meta\">\n        <span class=\"lk-stay-stars\">\u2605\u2605\u2605\u2605<\/span>\n        <span class=\"lk-stay-price\">Consultar precios<\/span>\n      <\/div>\n      <span class=\"lk-stay-cta\">\n        <svg width=\"14\" height=\"14\" viewBox=\"0 0 24 24\" fill=\"none\" stroke=\"currentColor\" stroke-width=\"2\"><path d=\"M18 13v6a2 2 0 0 1-2 2H5a2 2 0 0 1-2-2V8a2 2 0 0 1 2-2h6\"\/><polyline points=\"15 3 21 3 21 9\"\/><line x1=\"10\" y1=\"14\" x2=\"21\" y2=\"3\"\/><\/svg>\n        Comprobar disponibilidad\n      <\/span>\n    <\/a>\n\n    <a class=\"lk-stay-card\" href=\"https:\/\/www.stay22.com\/allez\/roam?aid=lukaskonecny&#038;campaign=loudavymkrokemcz&#038;campaign=es&#038;campaign=covidetvriodejaneiru&#038;address=rio%20de%20janeiro\" target=\"_blank\" rel=\"nofollow noopener\">\n      <span class=\"lk-stay-badge badge-nature\">\ud83d\udd0d Buscar<\/span>\n      <div class=\"lk-stay-name\">Ver todos los alojamientos en R\u00edo de Janeiro<\/div>\n      <div class=\"lk-stay-desc\">Explore todas las opciones de alojamiento disponibles en R\u00edo de Janeiro y encuentre la mejor seg\u00fan sus preferencias y presupuesto.<\/div>\n      <div class=\"lk-stay-meta\">\n        <span class=\"lk-stay-stars\">\u2605\u2605\u2605\u2605<\/span>\n        <span class=\"lk-stay-price\">Comparar precios<\/span>\n      <\/div>\n      <span class=\"lk-stay-cta\">\n        <svg width=\"14\" height=\"14\" viewBox=\"0 0 24 24\" fill=\"none\" stroke=\"currentColor\" stroke-width=\"2\"><path d=\"M18 13v6a2 2 0 0 1-2 2H5a2 2 0 0 1-2-2V8a2 2 0 0 1 2-2h6\"\/><polyline points=\"15 3 21 3 21 9\"\/><line x1=\"10\" y1=\"14\" x2=\"21\" y2=\"3\"\/><\/svg>\n        Comprobar disponibilidad\n      <\/span>\n    <\/a>\n\n  <\/div>\n\n  \n<\/div>\n\n\n\n\n<h3 class=\"wp-block-heading\"><span class=\"ez-toc-section\" id=\"12_Mirador_Mirante_Dona_Marta\"><\/span>12. Mirador Mirante Dona Marta<span class=\"ez-toc-section-end\"><\/span><\/h3>\n\n\n\n<p class=\"wp-block-paragraph\">Si buscas el mejor lugar de todos para fotografiar la ciudad sin las multitudes de otros turistas, acabas de encontrarlo. <strong>El Mirante Dona Marta es una plataforma panor\u00e1mica escondida desde la que ver\u00e1s la estatua del Cristo y el Pan de Az\u00facar en una sola toma m\u00e1gica<\/strong>, lo que la convierte en un tesoro no escrito entre los fot\u00f3grafos locales. Se encuentra a m\u00e1s de trescientos sesenta metros de altitud y ofrece una vista de la zona sur de la ciudad como si fueras en helic\u00f3ptero.<\/p>\n\n\n\n<p class=\"wp-block-paragraph\">A diferencia del abarrotado Corcovado, aqu\u00ed reina una calma maravillosa: a menudo estar\u00e1s en la enorme plataforma de hormig\u00f3n completamente solo, solo con los monitos que asoman curiosos entre los \u00e1rboles de alrededor, y adem\u00e1s la entrada es gratuita. Solo pagas el transporte hasta arriba por la empinada y sinuosa carretera de la selva.<\/p>\n\n\n\n<p class=\"wp-block-paragraph\">\ud83d\udca1 Consejo: <strong>Al mirador no llega ning\u00fan transporte p\u00fablico regular, as\u00ed que pide un Uber fiable<\/strong> y no olvides acordar con el conductor que te espere esos veinte minutos, o podr\u00edas tener un gran problema para volver a la ciudad. Tambi\u00e9n es un lugar fant\u00e1stico para ver el amanecer, cuando la ciudad apenas empieza a despertar de su sue\u00f1o nocturno.<\/p>\n\n\n\n<figure data-wp-context=\"{&quot;imageId&quot;:&quot;6a9c4ecf7fee0&quot;}\" data-wp-interactive=\"core\/image\" data-wp-key=\"6a9c4ecf7fee0\" class=\"wp-block-image size-full wp-lightbox-container\"><img decoding=\"async\" width=\"1600\" height=\"1200\" data-wp-class--hide=\"state.isContentHidden\" data-wp-class--show=\"state.isContentVisible\" data-wp-init=\"callbacks.setButtonStyles\" data-wp-on--click=\"actions.showLightbox\" data-wp-on--load=\"callbacks.setButtonStyles\" data-wp-on--pointerdown=\"actions.preloadImage\" data-wp-on--pointerenter=\"actions.preloadImageWithDelay\" data-wp-on--pointerleave=\"actions.cancelPreload\" data-wp-on-window--resize=\"callbacks.setButtonStyles\" src=\"https:\/\/loudavymkrokem.cz\/wp-content\/uploads\/2026\/09\/vista-chinesa.jpg\" alt=\"Pabell\u00f3n chino Vista Chinesa\" class=\"wp-image-413213\" title=\"\" srcset=\"https:\/\/loudavymkrokem.cz\/wp-content\/uploads\/2026\/09\/vista-chinesa.jpg 1600w, https:\/\/loudavymkrokem.cz\/wp-content\/uploads\/2026\/09\/vista-chinesa-300x225.jpg 300w, https:\/\/loudavymkrokem.cz\/wp-content\/uploads\/2026\/09\/vista-chinesa-700x525.jpg 700w, https:\/\/loudavymkrokem.cz\/wp-content\/uploads\/2026\/09\/vista-chinesa-768x576.jpg 768w, https:\/\/loudavymkrokem.cz\/wp-content\/uploads\/2026\/09\/vista-chinesa-1536x1152.jpg 1536w, https:\/\/loudavymkrokem.cz\/wp-content\/uploads\/2026\/09\/vista-chinesa-80x60.jpg 80w, https:\/\/loudavymkrokem.cz\/wp-content\/uploads\/2026\/09\/vista-chinesa-160x120.jpg 160w, https:\/\/loudavymkrokem.cz\/wp-content\/uploads\/2026\/09\/vista-chinesa-696x522.jpg 696w, https:\/\/loudavymkrokem.cz\/wp-content\/uploads\/2026\/09\/vista-chinesa-1392x1044.jpg 1392w\" sizes=\"(max-width: 1600px) 100vw, 1600px\" \/><button\n\t\t\tclass=\"lightbox-trigger\"\n\t\t\ttype=\"button\"\n\t\t\taria-haspopup=\"dialog\"\n\t\t\tdata-wp-bind--aria-label=\"state.thisImage.triggerButtonAriaLabel\"\n\t\t\tdata-wp-init=\"callbacks.initTriggerButton\"\n\t\t\tdata-wp-on--click=\"actions.showLightbox\"\n\t\t\tdata-wp-style--right=\"state.thisImage.buttonRight\"\n\t\t\tdata-wp-style--top=\"state.thisImage.buttonTop\"\n\t\t>\n\t\t\t<svg xmlns=\"http:\/\/www.w3.org\/2000\/svg\" width=\"12\" height=\"12\" fill=\"none\" viewBox=\"0 0 12 12\">\n\t\t\t\t<path fill=\"#fff\" d=\"M2 0a2 2 0 0 0-2 2v2h1.5V2a.5.5 0 0 1 .5-.5h2V0H2Zm2 10.5H2a.5.5 0 0 1-.5-.5V8H0v2a2 2 0 0 0 2 2h2v-1.5ZM8 12v-1.5h2a.5.5 0 0 0 .5-.5V8H12v2a2 2 0 0 1-2 2H8Zm2-12a2 2 0 0 1 2 2v2h-1.5V2a.5.5 0 0 0-.5-.5H8V0h2Z\" \/>\n\t\t\t<\/svg>\n\t\t<\/button><figcaption class=\"wp-element-caption\">Foto: Ivo Barra \/ Google Maps<\/figcaption><\/figure>\n\n\n\n<h3 class=\"wp-block-heading\"><span class=\"ez-toc-section\" id=\"13_Pabellon_chino_Vista_Chinesa\"><\/span>13. Pabell\u00f3n chino Vista Chinesa<span class=\"ez-toc-section-end\"><\/span><\/h3>\n\n\n\n<p class=\"wp-block-paragraph\">En lo profundo de los bosques del Parque Nacional de Tijuca te topar\u00e1s con una construcci\u00f3n que jam\u00e1s esperar\u00edas en la selva sudamericana. <strong>La Vista Chinesa es un precioso pabell\u00f3n oriental de 1903, construido en honor a los inmigrantes chinos<\/strong> que en el siglo XIX trajeron a Brasil el cultivo del t\u00e9. La elegante construcci\u00f3n, con tejado en forma de pagoda, se alza a 380 metros de altitud y crea un contraste incre\u00edblemente fotog\u00e9nico con la naturaleza salvaje que la rodea.<\/p>\n\n\n\n<p class=\"wp-block-paragraph\">La vista desde este lugar suele considerarse una de las m\u00e1s rom\u00e1nticas de toda la ciudad, porque enmarca a la perfecci\u00f3n la bah\u00eda, las monta\u00f1as y las playas. <strong>Con cielo despejado ver\u00e1s desde el pabell\u00f3n toda Ipanema, la laguna Rodrigo de Freitas y las cumbres lejanas en el horizonte<\/strong>, todo ello enmarcado por exuberantes hojas de palmera y enormes helechos. El lugar es muy popular entre los ciclistas locales, para quienes la dura subida al pabell\u00f3n es el mayor reto deportivo.<\/p>\n\n\n\n<p class=\"wp-block-paragraph\">\ud83d\udca1 Consejo: <strong>Combina la visita al pabell\u00f3n con la cercana cascada Cachoeira dos Macacos<\/strong>, a la que llegas con un corto paseo por un sendero de la selva. De nuevo rige la regla de la prudencia con el transporte: la carretera es estrecha y empinada, as\u00ed que ven aqu\u00ed exclusivamente en coche o con un tour organizado, nunca a pie desde abajo.<\/p>\n\n\n\n<figure data-wp-context=\"{&quot;imageId&quot;:&quot;6a9c4ecf80382&quot;}\" data-wp-interactive=\"core\/image\" data-wp-key=\"6a9c4ecf80382\" class=\"wp-block-image size-full wp-lightbox-container\"><img decoding=\"async\" width=\"1600\" height=\"2133\" data-wp-class--hide=\"state.isContentHidden\" data-wp-class--show=\"state.isContentVisible\" data-wp-init=\"callbacks.setButtonStyles\" data-wp-on--click=\"actions.showLightbox\" data-wp-on--load=\"callbacks.setButtonStyles\" data-wp-on--pointerdown=\"actions.preloadImage\" data-wp-on--pointerenter=\"actions.preloadImageWithDelay\" data-wp-on--pointerleave=\"actions.cancelPreload\" data-wp-on-window--resize=\"callbacks.setButtonStyles\" src=\"https:\/\/loudavymkrokem.cz\/wp-content\/uploads\/2026\/09\/zahrady.jpg\" alt=\"Jardines y villa del Parque Lage\" class=\"wp-image-413218\" title=\"\" srcset=\"https:\/\/loudavymkrokem.cz\/wp-content\/uploads\/2026\/09\/zahrady.jpg 1600w, https:\/\/loudavymkrokem.cz\/wp-content\/uploads\/2026\/09\/zahrady-225x300.jpg 225w, https:\/\/loudavymkrokem.cz\/wp-content\/uploads\/2026\/09\/zahrady-700x933.jpg 700w, https:\/\/loudavymkrokem.cz\/wp-content\/uploads\/2026\/09\/zahrady-768x1024.jpg 768w, https:\/\/loudavymkrokem.cz\/wp-content\/uploads\/2026\/09\/zahrady-1152x1536.jpg 1152w, https:\/\/loudavymkrokem.cz\/wp-content\/uploads\/2026\/09\/zahrady-1536x2048.jpg 1536w, https:\/\/loudavymkrokem.cz\/wp-content\/uploads\/2026\/09\/zahrady-696x928.jpg 696w, https:\/\/loudavymkrokem.cz\/wp-content\/uploads\/2026\/09\/zahrady-1392x1856.jpg 1392w\" sizes=\"(max-width: 1600px) 100vw, 1600px\" \/><button\n\t\t\tclass=\"lightbox-trigger\"\n\t\t\ttype=\"button\"\n\t\t\taria-haspopup=\"dialog\"\n\t\t\tdata-wp-bind--aria-label=\"state.thisImage.triggerButtonAriaLabel\"\n\t\t\tdata-wp-init=\"callbacks.initTriggerButton\"\n\t\t\tdata-wp-on--click=\"actions.showLightbox\"\n\t\t\tdata-wp-style--right=\"state.thisImage.buttonRight\"\n\t\t\tdata-wp-style--top=\"state.thisImage.buttonTop\"\n\t\t>\n\t\t\t<svg xmlns=\"http:\/\/www.w3.org\/2000\/svg\" width=\"12\" height=\"12\" fill=\"none\" viewBox=\"0 0 12 12\">\n\t\t\t\t<path fill=\"#fff\" d=\"M2 0a2 2 0 0 0-2 2v2h1.5V2a.5.5 0 0 1 .5-.5h2V0H2Zm2 10.5H2a.5.5 0 0 1-.5-.5V8H0v2a2 2 0 0 0 2 2h2v-1.5ZM8 12v-1.5h2a.5.5 0 0 0 .5-.5V8H12v2a2 2 0 0 1-2 2H8Zm2-12a2 2 0 0 1 2 2v2h-1.5V2a.5.5 0 0 0-.5-.5H8V0h2Z\" \/>\n\t\t\t<\/svg>\n\t\t<\/button><figcaption class=\"wp-element-caption\">Foto: Emerson Zanoti \/ Google Maps<\/figcaption><\/figure>\n\n\n\n<h3 class=\"wp-block-heading\"><span class=\"ez-toc-section\" id=\"14_Jardines_y_villa_del_Parque_Lage\"><\/span>14. Jardines y villa del Parque Lage<span class=\"ez-toc-section-end\"><\/span><\/h3>\n\n\n\n<p class=\"wp-block-paragraph\">Al pie del cerro Corcovado se encuentra uno de los parques p\u00fablicos m\u00e1s bonitos, que esconde una enorme dosis de elegancia europea. <strong>El Parque Lage lo forman preciosos jardines subtropicales que rodean una impresionante villa al estilo de un palacio romano<\/strong>, que hoy funciona como <a href=\"http:\/\/eavparquelage.rj.gov.br\/\" rel=\"nofollow noopener\" target=\"_blank\">prestigiosa escuela de artes visuales<\/a>. El elemento dominante de todo el patio es una piscina poco profunda en la que, desde el \u00e1ngulo correcto, se refleja la estatua del Cristo Redentor en las alturas.<\/p>\n\n\n\n<p class=\"wp-block-paragraph\">El parque tiene una superficie de m\u00e1s de cincuenta hect\u00e1reas y ofrece una escapada perfecta a la sombra de \u00e1rboles centenarios, cuevas artificiales y rom\u00e1nticas torretas escondidas entre el verdor. <strong>Para los amantes del senderismo este lugar es clave, porque es justo detr\u00e1s de la villa donde empieza el empinado sendero por la selva hasta la cima del Corcovado<\/strong>, que los viajeros en forma usan como alternativa gratuita al tren cremallera. El ambiente del lugar es incre\u00edblemente relajado: los estudiantes de arte pintan sus cuadros y las familias organizan p\u00edcnics de fin de semana sobre el c\u00e9sped.<\/p>\n\n\n\n<p class=\"wp-block-paragraph\">\ud83d\udca1 Consejo: <strong>Dentro de la propia villa hist\u00f3rica funciona la encantadora cafeter\u00eda Plage Cafe<\/strong>, donde puedes disfrutar de un desayuno excelente lleno de fruta tropical fresca y especialidades de queso justo junto a la ic\u00f3nica piscina. Te recomiendo llegar nada m\u00e1s abrir: durante el d\u00eda se espera mucho por una mesa.<\/p>\n\n\n\n<figure data-wp-context=\"{&quot;imageId&quot;:&quot;6a9c4ecf809c2&quot;}\" data-wp-interactive=\"core\/image\" data-wp-key=\"6a9c4ecf809c2\" class=\"wp-block-image size-full wp-lightbox-container\"><img decoding=\"async\" width=\"1600\" height=\"900\" data-wp-class--hide=\"state.isContentHidden\" data-wp-class--show=\"state.isContentVisible\" data-wp-init=\"callbacks.setButtonStyles\" data-wp-on--click=\"actions.showLightbox\" data-wp-on--load=\"callbacks.setButtonStyles\" data-wp-on--pointerdown=\"actions.preloadImage\" data-wp-on--pointerenter=\"actions.preloadImageWithDelay\" data-wp-on--pointerleave=\"actions.cancelPreload\" data-wp-on-window--resize=\"callbacks.setButtonStyles\" src=\"https:\/\/loudavymkrokem.cz\/wp-content\/uploads\/2026\/09\/swap-412735-15.jpg\" alt=\"Museo del Ma\u00f1ana en R\u00edo de Janeiro\" class=\"wp-image-413416\" title=\"\" srcset=\"https:\/\/loudavymkrokem.cz\/wp-content\/uploads\/2026\/09\/swap-412735-15.jpg 1600w, https:\/\/loudavymkrokem.cz\/wp-content\/uploads\/2026\/09\/swap-412735-15-300x169.jpg 300w, https:\/\/loudavymkrokem.cz\/wp-content\/uploads\/2026\/09\/swap-412735-15-700x394.jpg 700w, https:\/\/loudavymkrokem.cz\/wp-content\/uploads\/2026\/09\/swap-412735-15-768x432.jpg 768w, https:\/\/loudavymkrokem.cz\/wp-content\/uploads\/2026\/09\/swap-412735-15-1536x864.jpg 1536w, https:\/\/loudavymkrokem.cz\/wp-content\/uploads\/2026\/09\/swap-412735-15-696x392.jpg 696w, https:\/\/loudavymkrokem.cz\/wp-content\/uploads\/2026\/09\/swap-412735-15-1392x783.jpg 1392w\" sizes=\"(max-width: 1600px) 100vw, 1600px\" \/><button\n\t\t\tclass=\"lightbox-trigger\"\n\t\t\ttype=\"button\"\n\t\t\taria-haspopup=\"dialog\"\n\t\t\tdata-wp-bind--aria-label=\"state.thisImage.triggerButtonAriaLabel\"\n\t\t\tdata-wp-init=\"callbacks.initTriggerButton\"\n\t\t\tdata-wp-on--click=\"actions.showLightbox\"\n\t\t\tdata-wp-style--right=\"state.thisImage.buttonRight\"\n\t\t\tdata-wp-style--top=\"state.thisImage.buttonTop\"\n\t\t>\n\t\t\t<svg xmlns=\"http:\/\/www.w3.org\/2000\/svg\" width=\"12\" height=\"12\" fill=\"none\" viewBox=\"0 0 12 12\">\n\t\t\t\t<path fill=\"#fff\" d=\"M2 0a2 2 0 0 0-2 2v2h1.5V2a.5.5 0 0 1 .5-.5h2V0H2Zm2 10.5H2a.5.5 0 0 1-.5-.5V8H0v2a2 2 0 0 0 2 2h2v-1.5ZM8 12v-1.5h2a.5.5 0 0 0 .5-.5V8H12v2a2 2 0 0 1-2 2H8Zm2-12a2 2 0 0 1 2 2v2h-1.5V2a.5.5 0 0 0-.5-.5H8V0h2Z\" \/>\n\t\t\t<\/svg>\n\t\t<\/button><figcaption class=\"wp-element-caption\">Foto: Fadul \/ Google Maps<\/figcaption><\/figure>\n\n\n\n<h3 class=\"wp-block-heading\"><span class=\"ez-toc-section\" id=\"15_Museo_del_Manana_Museu_do_Amanha\"><\/span>15. Museo del Ma\u00f1ana (Museu do Amanh\u00e3)<span class=\"ez-toc-section-end\"><\/span><\/h3>\n\n\n\n<p class=\"wp-block-paragraph\">En el rehabilitado barrio portuario de Porto Maravilha ha surgido una construcci\u00f3n que catapult\u00f3 al instante la arquitectura de la ciudad al siglo XXI. <strong>El <a href=\"https:\/\/museudoamanha.org.br\/\" rel=\"nofollow noopener\" target=\"_blank\">Museu do Amanh\u00e3<\/a> es un fascinante museo de ciencia aplicada dedicado al futuro de la humanidad<\/strong>, cuyo edificio futurista dise\u00f1\u00f3 el famoso arquitecto espa\u00f1ol Santiago Calatrava. La estructura blanca, que recuerda al esqueleto gigante de un ave prehist\u00f3rica o a una nave espacial, se proyecta dram\u00e1ticamente sobre la superficie del agua y por s\u00ed sola merece una larga visita.<\/p>\n\n\n\n<p class=\"wp-block-paragraph\">Dentro no esperes artefactos hist\u00f3ricos polvorientos, sino exposiciones interactivas llenas de pantallas gigantes, visualizaciones de datos y preguntas que invitan a la reflexi\u00f3n. <strong>Las exposiciones te obligar\u00e1n a pensar en el cambio clim\u00e1tico, el crecimiento de la poblaci\u00f3n y la sostenibilidad de nuestro planeta<\/strong>, lo que en el contexto de un pa\u00eds tan enorme y rico en naturaleza como Brasil tiene todo el sentido. El museo demuestra que R\u00edo no es solo una ciudad de playas y carnaval, sino tambi\u00e9n un moderno centro de ciencia e innovaci\u00f3n.<\/p>\n\n\n\n<p class=\"wp-block-paragraph\">\ud83d\udca1 Consejo: <strong>Las entradas al museo a menudo hay que reservarlas por internet con mucha antelaci\u00f3n<\/strong>, porque el aforo diario se agota r\u00e1pido, sobre todo los fines de semana. Alrededor del museo se extiende el amplio y seguro paseo Orla Conde, por el que puedes dar un bonito paseo junto al mar y admirar enormes murales de grafiti de artistas locales.<\/p>\n\n\n\n<figure data-wp-context=\"{&quot;imageId&quot;:&quot;6a9c4ecf80ffc&quot;}\" data-wp-interactive=\"core\/image\" data-wp-key=\"6a9c4ecf80ffc\" class=\"wp-block-image size-full wp-lightbox-container\"><img decoding=\"async\" width=\"1600\" height=\"1200\" data-wp-class--hide=\"state.isContentHidden\" data-wp-class--show=\"state.isContentVisible\" data-wp-init=\"callbacks.setButtonStyles\" data-wp-on--click=\"actions.showLightbox\" data-wp-on--load=\"callbacks.setButtonStyles\" data-wp-on--pointerdown=\"actions.preloadImage\" data-wp-on--pointerenter=\"actions.preloadImageWithDelay\" data-wp-on--pointerleave=\"actions.cancelPreload\" data-wp-on-window--resize=\"callbacks.setButtonStyles\" src=\"https:\/\/loudavymkrokem.cz\/wp-content\/uploads\/2026\/09\/swap-412735-16-f6e8010d.jpg\" alt=\"Museo de Arte MAR en R\u00edo de Janeiro\" class=\"wp-image-413444\" title=\"\" srcset=\"https:\/\/loudavymkrokem.cz\/wp-content\/uploads\/2026\/09\/swap-412735-16-f6e8010d.jpg 1600w, https:\/\/loudavymkrokem.cz\/wp-content\/uploads\/2026\/09\/swap-412735-16-f6e8010d-300x225.jpg 300w, https:\/\/loudavymkrokem.cz\/wp-content\/uploads\/2026\/09\/swap-412735-16-f6e8010d-700x525.jpg 700w, https:\/\/loudavymkrokem.cz\/wp-content\/uploads\/2026\/09\/swap-412735-16-f6e8010d-768x576.jpg 768w, https:\/\/loudavymkrokem.cz\/wp-content\/uploads\/2026\/09\/swap-412735-16-f6e8010d-1536x1152.jpg 1536w, https:\/\/loudavymkrokem.cz\/wp-content\/uploads\/2026\/09\/swap-412735-16-f6e8010d-80x60.jpg 80w, https:\/\/loudavymkrokem.cz\/wp-content\/uploads\/2026\/09\/swap-412735-16-f6e8010d-160x120.jpg 160w, https:\/\/loudavymkrokem.cz\/wp-content\/uploads\/2026\/09\/swap-412735-16-f6e8010d-696x522.jpg 696w, https:\/\/loudavymkrokem.cz\/wp-content\/uploads\/2026\/09\/swap-412735-16-f6e8010d-1392x1044.jpg 1392w\" sizes=\"(max-width: 1600px) 100vw, 1600px\" \/><button\n\t\t\tclass=\"lightbox-trigger\"\n\t\t\ttype=\"button\"\n\t\t\taria-haspopup=\"dialog\"\n\t\t\tdata-wp-bind--aria-label=\"state.thisImage.triggerButtonAriaLabel\"\n\t\t\tdata-wp-init=\"callbacks.initTriggerButton\"\n\t\t\tdata-wp-on--click=\"actions.showLightbox\"\n\t\t\tdata-wp-style--right=\"state.thisImage.buttonRight\"\n\t\t\tdata-wp-style--top=\"state.thisImage.buttonTop\"\n\t\t>\n\t\t\t<svg xmlns=\"http:\/\/www.w3.org\/2000\/svg\" width=\"12\" height=\"12\" fill=\"none\" viewBox=\"0 0 12 12\">\n\t\t\t\t<path fill=\"#fff\" d=\"M2 0a2 2 0 0 0-2 2v2h1.5V2a.5.5 0 0 1 .5-.5h2V0H2Zm2 10.5H2a.5.5 0 0 1-.5-.5V8H0v2a2 2 0 0 0 2 2h2v-1.5ZM8 12v-1.5h2a.5.5 0 0 0 .5-.5V8H12v2a2 2 0 0 1-2 2H8Zm2-12a2 2 0 0 1 2 2v2h-1.5V2a.5.5 0 0 0-.5-.5H8V0h2Z\" \/>\n\t\t\t<\/svg>\n\t\t<\/button><figcaption class=\"wp-element-caption\">Foto: Leila Mota \/ Google Maps<\/figcaption><\/figure>\n\n\n\n<h3 class=\"wp-block-heading\"><span class=\"ez-toc-section\" id=\"16_Museo_de_Arte_MAR_Rio_Museum_of_Art\"><\/span>16. Museo de Arte MAR (Rio Museum of Art)<span class=\"ez-toc-section-end\"><\/span><\/h3>\n\n\n\n<p class=\"wp-block-paragraph\"><strong>El Museo de Arte MAR (Rio Museum of Art) se encuentra en un complejo arquitect\u00f3nico \u00fanico<\/strong> que uni\u00f3 con audacia un antiguo palacio clasicista con un edificio moderno acristalado mediante una ondulada cubierta de hormig\u00f3n. Este contraste visual capta exactamente la esencia misma de la metr\u00f3poli brasile\u00f1a, donde lo antiguo se encuentra sin cesar con lo nuevo.<\/p>\n\n\n\n<p class=\"wp-block-paragraph\">El museo se centra sobre todo en el arte brasile\u00f1o, la cultura local y la compleja historia de la propia ciudad, incluida la historia y la vida en las favelas. <strong>Desde la planta m\u00e1s alta, bajo la cubierta ondulada, se ofrece una vista fant\u00e1stica de toda la plaza Pra\u00e7a Mau\u00e1 y del vecino Museu do Amanh\u00e3<\/strong>, una gran oportunidad para captar la cara moderna de R\u00edo a vista de p\u00e1jaro. Las exposiciones son muy variadas, desde la pintura cl\u00e1sica y la fotograf\u00eda hasta instalaciones modernas de j\u00f3venes creadores.<\/p>\n\n\n\n<p class=\"wp-block-paragraph\">\ud83d\udca1 Consejo: <strong>Si te gusta el arte, reserva media jornada entera para visitar ambos museos de la plaza Pra\u00e7a Mau\u00e1<\/strong>, porque se complementan de maravilla. Adem\u00e1s, los restaurantes locales de la zona del puerto ofrecen estupendas versiones sin carne de platos brasile\u00f1os, como el pastel de queijo, una empanadilla crujiente frita rellena de queso fundido.<\/p>\n\n\n\n<figure data-wp-context=\"{&quot;imageId&quot;:&quot;6a9c4ecf8170c&quot;}\" data-wp-interactive=\"core\/image\" data-wp-key=\"6a9c4ecf8170c\" class=\"wp-block-image size-full wp-lightbox-container\"><img decoding=\"async\" width=\"1600\" height=\"1067\" data-wp-class--hide=\"state.isContentHidden\" data-wp-class--show=\"state.isContentVisible\" data-wp-init=\"callbacks.setButtonStyles\" data-wp-on--click=\"actions.showLightbox\" data-wp-on--load=\"callbacks.setButtonStyles\" data-wp-on--pointerdown=\"actions.preloadImage\" data-wp-on--pointerenter=\"actions.preloadImageWithDelay\" data-wp-on--pointerleave=\"actions.cancelPreload\" data-wp-on-window--resize=\"callbacks.setButtonStyles\" src=\"https:\/\/loudavymkrokem.cz\/wp-content\/uploads\/2026\/09\/centro-cultural-banco-do-brasil.jpg\" alt=\"Centro Cultural Banco do Brasil (CCBB)\" class=\"wp-image-413229\" title=\"\" srcset=\"https:\/\/loudavymkrokem.cz\/wp-content\/uploads\/2026\/09\/centro-cultural-banco-do-brasil.jpg 1600w, https:\/\/loudavymkrokem.cz\/wp-content\/uploads\/2026\/09\/centro-cultural-banco-do-brasil-300x200.jpg 300w, https:\/\/loudavymkrokem.cz\/wp-content\/uploads\/2026\/09\/centro-cultural-banco-do-brasil-700x467.jpg 700w, https:\/\/loudavymkrokem.cz\/wp-content\/uploads\/2026\/09\/centro-cultural-banco-do-brasil-768x512.jpg 768w, https:\/\/loudavymkrokem.cz\/wp-content\/uploads\/2026\/09\/centro-cultural-banco-do-brasil-1536x1024.jpg 1536w, https:\/\/loudavymkrokem.cz\/wp-content\/uploads\/2026\/09\/centro-cultural-banco-do-brasil-696x464.jpg 696w, https:\/\/loudavymkrokem.cz\/wp-content\/uploads\/2026\/09\/centro-cultural-banco-do-brasil-1392x928.jpg 1392w\" sizes=\"(max-width: 1600px) 100vw, 1600px\" \/><button\n\t\t\tclass=\"lightbox-trigger\"\n\t\t\ttype=\"button\"\n\t\t\taria-haspopup=\"dialog\"\n\t\t\tdata-wp-bind--aria-label=\"state.thisImage.triggerButtonAriaLabel\"\n\t\t\tdata-wp-init=\"callbacks.initTriggerButton\"\n\t\t\tdata-wp-on--click=\"actions.showLightbox\"\n\t\t\tdata-wp-style--right=\"state.thisImage.buttonRight\"\n\t\t\tdata-wp-style--top=\"state.thisImage.buttonTop\"\n\t\t>\n\t\t\t<svg xmlns=\"http:\/\/www.w3.org\/2000\/svg\" width=\"12\" height=\"12\" fill=\"none\" viewBox=\"0 0 12 12\">\n\t\t\t\t<path fill=\"#fff\" d=\"M2 0a2 2 0 0 0-2 2v2h1.5V2a.5.5 0 0 1 .5-.5h2V0H2Zm2 10.5H2a.5.5 0 0 1-.5-.5V8H0v2a2 2 0 0 0 2 2h2v-1.5ZM8 12v-1.5h2a.5.5 0 0 0 .5-.5V8H12v2a2 2 0 0 1-2 2H8Zm2-12a2 2 0 0 1 2 2v2h-1.5V2a.5.5 0 0 0-.5-.5H8V0h2Z\" \/>\n\t\t\t<\/svg>\n\t\t<\/button><figcaption class=\"wp-element-caption\">Foto: Centro Cultural Banco do Brasil (CCBB) \/ Google Maps<\/figcaption><\/figure>\n\n\n\n<h3 class=\"wp-block-heading\"><span class=\"ez-toc-section\" id=\"17_Centro_Cultural_Banco_do_Brasil_CCBB\"><\/span>17. Centro Cultural Banco do Brasil (CCBB)<span class=\"ez-toc-section-end\"><\/span><\/h3>\n\n\n\n<p class=\"wp-block-paragraph\">En el bullicioso coraz\u00f3n comercial de la ciudad se encuentra uno de los centros culturales m\u00e1s visitados y mejor valorados del mundo. <strong>El Centro Cultural Banco do Brasil ocupa un imponente edificio neocl\u00e1sico de 1906<\/strong>, que anta\u00f1o fue la sede principal de un poderoso banco y hoy acoge las exposiciones internacionales m\u00e1s prestigiosas. Solo la entrada al enorme sal\u00f3n con su c\u00fapula acristalada y sus decoradas escaleras de m\u00e1rmol es una experiencia impresionante que te transportar\u00e1 a la \u00e9poca de mayor esplendor.<\/p>\n\n\n\n<p class=\"wp-block-paragraph\">Adem\u00e1s de amplias galer\u00edas de arte, este enorme complejo ofrece su propio cine, salas de teatro y varias plantas de exposiciones en constante cambio. <strong>Lo mejor de todo el centro es que la entrada a la gran mayor\u00eda de las exposiciones y al propio edificio es totalmente gratuita<\/strong>, lo que lo convierte en un lugar incre\u00edblemente accesible para todos los amantes de la cultura. La programaci\u00f3n est\u00e1 siempre cuidadosamente elaborada y a menudo encontrar\u00e1s fascinantes retrospectivas de famosos artistas mundiales y brasile\u00f1os.<\/p>\n\n\n\n<p class=\"wp-block-paragraph\">\ud83d\udca1 Consejo: <strong>Tras ver las exposiciones, para en la hist\u00f3rica cafeter\u00eda de la planta baja<\/strong>, que ha conservado la decoraci\u00f3n original del banco, y t\u00f3mate un fuerte espresso brasile\u00f1o. El edificio est\u00e1 en el centro de la ciudad, que se vac\u00eda r\u00e1pido despu\u00e9s del horario laboral, as\u00ed que ven aqu\u00ed exclusivamente de d\u00eda y evita mejor los paseos nocturnos por los alrededores.<\/p>\n\n\n\n<figure data-wp-context=\"{&quot;imageId&quot;:&quot;6a9c4ecf81dff&quot;}\" data-wp-interactive=\"core\/image\" data-wp-key=\"6a9c4ecf81dff\" class=\"wp-block-image size-full wp-lightbox-container\"><img decoding=\"async\" width=\"490\" height=\"480\" data-wp-class--hide=\"state.isContentHidden\" data-wp-class--show=\"state.isContentVisible\" data-wp-init=\"callbacks.setButtonStyles\" data-wp-on--click=\"actions.showLightbox\" data-wp-on--load=\"callbacks.setButtonStyles\" data-wp-on--pointerdown=\"actions.preloadImage\" data-wp-on--pointerenter=\"actions.preloadImageWithDelay\" data-wp-on--pointerleave=\"actions.cancelPreload\" data-wp-on-window--resize=\"callbacks.setButtonStyles\" src=\"https:\/\/loudavymkrokem.cz\/wp-content\/uploads\/2026\/09\/theatro-municipal-do-rio-de-janeiro.jpg\" alt=\"Theatro Municipal do Rio de Janeiro\" class=\"wp-image-413233\" title=\"\" srcset=\"https:\/\/loudavymkrokem.cz\/wp-content\/uploads\/2026\/09\/theatro-municipal-do-rio-de-janeiro.jpg 490w, https:\/\/loudavymkrokem.cz\/wp-content\/uploads\/2026\/09\/theatro-municipal-do-rio-de-janeiro-300x294.jpg 300w\" sizes=\"(max-width: 490px) 100vw, 490px\" \/><button\n\t\t\tclass=\"lightbox-trigger\"\n\t\t\ttype=\"button\"\n\t\t\taria-haspopup=\"dialog\"\n\t\t\tdata-wp-bind--aria-label=\"state.thisImage.triggerButtonAriaLabel\"\n\t\t\tdata-wp-init=\"callbacks.initTriggerButton\"\n\t\t\tdata-wp-on--click=\"actions.showLightbox\"\n\t\t\tdata-wp-style--right=\"state.thisImage.buttonRight\"\n\t\t\tdata-wp-style--top=\"state.thisImage.buttonTop\"\n\t\t>\n\t\t\t<svg xmlns=\"http:\/\/www.w3.org\/2000\/svg\" width=\"12\" height=\"12\" fill=\"none\" viewBox=\"0 0 12 12\">\n\t\t\t\t<path fill=\"#fff\" d=\"M2 0a2 2 0 0 0-2 2v2h1.5V2a.5.5 0 0 1 .5-.5h2V0H2Zm2 10.5H2a.5.5 0 0 1-.5-.5V8H0v2a2 2 0 0 0 2 2h2v-1.5ZM8 12v-1.5h2a.5.5 0 0 0 .5-.5V8H12v2a2 2 0 0 1-2 2H8Zm2-12a2 2 0 0 1 2 2v2h-1.5V2a.5.5 0 0 0-.5-.5H8V0h2Z\" \/>\n\t\t\t<\/svg>\n\t\t<\/button><figcaption class=\"wp-element-caption\">Foto: Ralph Schmidt \/ Google Maps<\/figcaption><\/figure>\n\n\n\n<h3 class=\"wp-block-heading\"><span class=\"ez-toc-section\" id=\"18_Theatro_Municipal_do_Rio_de_Janeiro\"><\/span>18. Theatro Municipal do Rio de Janeiro<span class=\"ez-toc-section-end\"><\/span><\/h3>\n\n\n\n<p class=\"wp-block-paragraph\">En la plaza Cinel\u00e2ndia se alza un edificio cuyo aspecto remite claramente a la enorme influencia europea en la historia de la ciudad. <strong>El <a href=\"http:\/\/theatromunicipal.rj.gov.br\/\" rel=\"nofollow noopener\" target=\"_blank\">Theatro Municipal<\/a> es un fastuoso teatro de 1909 construido al estilo parisino<\/strong>, que sirve de escenario principal para las representaciones de ballet, \u00f3pera y m\u00fasica cl\u00e1sica de todo Brasil. Su fachada est\u00e1 ricamente decorada con oro, columnas macizas y esculturas complejas, lo que lo convierte en una de las construcciones m\u00e1s bonitas de todo el pa\u00eds.<\/p>\n\n\n\n<p class=\"wp-block-paragraph\">Aunque no tengas previsto asistir a ninguna funci\u00f3n nocturna, el interior de este edificio merece sin duda tu atenci\u00f3n. <strong>Puedes participar en una visita guiada que te llevar\u00e1 por el impresionante foyer, la sala y los lujosos salones<\/strong>, decorados con asombrosas vidrieras y pinturas murales. Es un enorme contraste con la relajada cultura playera que te mostrar\u00e1 R\u00edo como una ciudad orgullosa con una profunda tradici\u00f3n intelectual.<\/p>\n\n\n\n<p class=\"wp-block-paragraph\">\ud83d\udca1 Consejo: <strong>Delante del teatro suelen reunirse artistas y m\u00fasicos callejeros<\/strong>, as\u00ed que la propia plaza Cinel\u00e2ndia ofrece un gran espect\u00e1culo gratis. Si aun as\u00ed quisieras vivir una funci\u00f3n, las entradas de ballet se consiguen a precios muy asequibles, pero exigen al menos ropa medianamente formal; las chanclas de la playa aqu\u00ed no cuelan.<\/p>\n\n\n\n<figure data-wp-context=\"{&quot;imageId&quot;:&quot;6a9c4ecf824c4&quot;}\" data-wp-interactive=\"core\/image\" data-wp-key=\"6a9c4ecf824c4\" class=\"wp-block-image size-full wp-lightbox-container\"><img decoding=\"async\" width=\"1600\" height=\"1200\" data-wp-class--hide=\"state.isContentHidden\" data-wp-class--show=\"state.isContentVisible\" data-wp-init=\"callbacks.setButtonStyles\" data-wp-on--click=\"actions.showLightbox\" data-wp-on--load=\"callbacks.setButtonStyles\" data-wp-on--pointerdown=\"actions.preloadImage\" data-wp-on--pointerenter=\"actions.preloadImageWithDelay\" data-wp-on--pointerleave=\"actions.cancelPreload\" data-wp-on-window--resize=\"callbacks.setButtonStyles\" src=\"https:\/\/loudavymkrokem.cz\/wp-content\/uploads\/2026\/09\/catedral-metropolitana-de-s-o-sebasti-o.jpg\" alt=\"Catedral Metropolitana de S\u00e3o Sebasti\u00e3o\" class=\"wp-image-413238\" title=\"\" srcset=\"https:\/\/loudavymkrokem.cz\/wp-content\/uploads\/2026\/09\/catedral-metropolitana-de-s-o-sebasti-o.jpg 1600w, https:\/\/loudavymkrokem.cz\/wp-content\/uploads\/2026\/09\/catedral-metropolitana-de-s-o-sebasti-o-300x225.jpg 300w, https:\/\/loudavymkrokem.cz\/wp-content\/uploads\/2026\/09\/catedral-metropolitana-de-s-o-sebasti-o-700x525.jpg 700w, https:\/\/loudavymkrokem.cz\/wp-content\/uploads\/2026\/09\/catedral-metropolitana-de-s-o-sebasti-o-768x576.jpg 768w, https:\/\/loudavymkrokem.cz\/wp-content\/uploads\/2026\/09\/catedral-metropolitana-de-s-o-sebasti-o-1536x1152.jpg 1536w, https:\/\/loudavymkrokem.cz\/wp-content\/uploads\/2026\/09\/catedral-metropolitana-de-s-o-sebasti-o-80x60.jpg 80w, https:\/\/loudavymkrokem.cz\/wp-content\/uploads\/2026\/09\/catedral-metropolitana-de-s-o-sebasti-o-160x120.jpg 160w, https:\/\/loudavymkrokem.cz\/wp-content\/uploads\/2026\/09\/catedral-metropolitana-de-s-o-sebasti-o-696x522.jpg 696w, https:\/\/loudavymkrokem.cz\/wp-content\/uploads\/2026\/09\/catedral-metropolitana-de-s-o-sebasti-o-1392x1044.jpg 1392w\" sizes=\"(max-width: 1600px) 100vw, 1600px\" \/><button\n\t\t\tclass=\"lightbox-trigger\"\n\t\t\ttype=\"button\"\n\t\t\taria-haspopup=\"dialog\"\n\t\t\tdata-wp-bind--aria-label=\"state.thisImage.triggerButtonAriaLabel\"\n\t\t\tdata-wp-init=\"callbacks.initTriggerButton\"\n\t\t\tdata-wp-on--click=\"actions.showLightbox\"\n\t\t\tdata-wp-style--right=\"state.thisImage.buttonRight\"\n\t\t\tdata-wp-style--top=\"state.thisImage.buttonTop\"\n\t\t>\n\t\t\t<svg xmlns=\"http:\/\/www.w3.org\/2000\/svg\" width=\"12\" height=\"12\" fill=\"none\" viewBox=\"0 0 12 12\">\n\t\t\t\t<path fill=\"#fff\" d=\"M2 0a2 2 0 0 0-2 2v2h1.5V2a.5.5 0 0 1 .5-.5h2V0H2Zm2 10.5H2a.5.5 0 0 1-.5-.5V8H0v2a2 2 0 0 0 2 2h2v-1.5ZM8 12v-1.5h2a.5.5 0 0 0 .5-.5V8H12v2a2 2 0 0 1-2 2H8Zm2-12a2 2 0 0 1 2 2v2h-1.5V2a.5.5 0 0 0-.5-.5H8V0h2Z\" \/>\n\t\t\t<\/svg>\n\t\t<\/button><figcaption class=\"wp-element-caption\">Foto: Roberto Fernandes \/ Google Maps<\/figcaption><\/figure>\n\n\n\n<h3 class=\"wp-block-heading\"><span class=\"ez-toc-section\" id=\"19_Catedral_Metropolitana_de_Sao_Sebastiao\"><\/span>19. Catedral Metropolitana de S\u00e3o Sebasti\u00e3o<span class=\"ez-toc-section-end\"><\/span><\/h3>\n\n\n\n<p class=\"wp-block-paragraph\">Los amantes de la arquitectura fuera de lo com\u00fan no deber\u00edan perderse una construcci\u00f3n que a primera vista no parece en absoluto un templo cristiano. <strong>La Catedral Metropolitana es una moderna catedral de hormig\u00f3n con forma de enorme pir\u00e1mide maya<\/strong>, que se inaugur\u00f3 en 1979 y es la iglesia m\u00e1s singular que ver\u00e1s en Latinoam\u00e9rica. Su exterior gris resulta algo austero y macizo, pero la verdadera magia se esconde dentro.<\/p>\n\n\n\n<p class=\"wp-block-paragraph\">En cuanto cruces el umbral de este edificio de setenta y cinco metros de altura, te encontrar\u00e1s en un espacio enorme e inundado de sol, sin una sola columna de apoyo. <strong>Del suelo hasta el mism\u00edsimo techo se extienden cuatro gigantescas vidrieras de colores que forman una impresionante cruz de luz<\/strong> y crean en el interior una atm\u00f3sfera incre\u00edblemente espiritual y m\u00edstica. La catedral tiene capacidad para unos incre\u00edbles veinte mil fieles y su ac\u00fastica en los cantos corales es absolutamente fenomenal.<\/p>\n\n\n\n<p class=\"wp-block-paragraph\">\ud83d\udca1 Consejo: <strong>Al fotografiar el interior, col\u00f3cate justo en el centro del suelo y apunta el objetivo en vertical hacia arriba<\/strong>: as\u00ed conseguir\u00e1s una toma perfectamente sim\u00e9trica de la cruz de colores del techo. La visita a la catedral es r\u00e1pida y la combinas f\u00e1cilmente con el cercano acueducto Arcos da Lapa, que est\u00e1 a solo unos minutos a pie.<\/p>\n\n\n\n<figure data-wp-context=\"{&quot;imageId&quot;:&quot;6a9c4ecf82b50&quot;}\" data-wp-interactive=\"core\/image\" data-wp-key=\"6a9c4ecf82b50\" class=\"wp-block-image size-full wp-lightbox-container\"><img decoding=\"async\" width=\"1600\" height=\"1628\" data-wp-class--hide=\"state.isContentHidden\" data-wp-class--show=\"state.isContentVisible\" data-wp-init=\"callbacks.setButtonStyles\" data-wp-on--click=\"actions.showLightbox\" data-wp-on--load=\"callbacks.setButtonStyles\" data-wp-on--pointerdown=\"actions.preloadImage\" data-wp-on--pointerenter=\"actions.preloadImageWithDelay\" data-wp-on--pointerleave=\"actions.cancelPreload\" data-wp-on-window--resize=\"callbacks.setButtonStyles\" src=\"https:\/\/loudavymkrokem.cz\/wp-content\/uploads\/2026\/09\/museu-da-rep-blica.jpg\" alt=\"Museu da Rep\u00fablica (Pal\u00e1cio do Catete)\" class=\"wp-image-413242\" title=\"\" srcset=\"https:\/\/loudavymkrokem.cz\/wp-content\/uploads\/2026\/09\/museu-da-rep-blica.jpg 1600w, https:\/\/loudavymkrokem.cz\/wp-content\/uploads\/2026\/09\/museu-da-rep-blica-295x300.jpg 295w, https:\/\/loudavymkrokem.cz\/wp-content\/uploads\/2026\/09\/museu-da-rep-blica-700x712.jpg 700w, https:\/\/loudavymkrokem.cz\/wp-content\/uploads\/2026\/09\/museu-da-rep-blica-768x781.jpg 768w, https:\/\/loudavymkrokem.cz\/wp-content\/uploads\/2026\/09\/museu-da-rep-blica-1510x1536.jpg 1510w, https:\/\/loudavymkrokem.cz\/wp-content\/uploads\/2026\/09\/museu-da-rep-blica-696x708.jpg 696w, https:\/\/loudavymkrokem.cz\/wp-content\/uploads\/2026\/09\/museu-da-rep-blica-1392x1416.jpg 1392w\" sizes=\"(max-width: 1600px) 100vw, 1600px\" \/><button\n\t\t\tclass=\"lightbox-trigger\"\n\t\t\ttype=\"button\"\n\t\t\taria-haspopup=\"dialog\"\n\t\t\tdata-wp-bind--aria-label=\"state.thisImage.triggerButtonAriaLabel\"\n\t\t\tdata-wp-init=\"callbacks.initTriggerButton\"\n\t\t\tdata-wp-on--click=\"actions.showLightbox\"\n\t\t\tdata-wp-style--right=\"state.thisImage.buttonRight\"\n\t\t\tdata-wp-style--top=\"state.thisImage.buttonTop\"\n\t\t>\n\t\t\t<svg xmlns=\"http:\/\/www.w3.org\/2000\/svg\" width=\"12\" height=\"12\" fill=\"none\" viewBox=\"0 0 12 12\">\n\t\t\t\t<path fill=\"#fff\" d=\"M2 0a2 2 0 0 0-2 2v2h1.5V2a.5.5 0 0 1 .5-.5h2V0H2Zm2 10.5H2a.5.5 0 0 1-.5-.5V8H0v2a2 2 0 0 0 2 2h2v-1.5ZM8 12v-1.5h2a.5.5 0 0 0 .5-.5V8H12v2a2 2 0 0 1-2 2H8Zm2-12a2 2 0 0 1 2 2v2h-1.5V2a.5.5 0 0 0-.5-.5H8V0h2Z\" \/>\n\t\t\t<\/svg>\n\t\t<\/button><figcaption class=\"wp-element-caption\">Foto: Fabio Alves \/ Google Maps<\/figcaption><\/figure>\n\n\n\n<h3 class=\"wp-block-heading\"><span class=\"ez-toc-section\" id=\"20_Museu_da_Republica_Palacio_do_Catete\"><\/span>20. Museu da Rep\u00fablica (Pal\u00e1cio do Catete)<span class=\"ez-toc-section-end\"><\/span><\/h3>\n\n\n\n<p class=\"wp-block-paragraph\">Para entender la compleja historia pol\u00edtica de este enorme pa\u00eds es absolutamente imprescindible visitar la antigua residencia presidencial. <strong>El Museu da Rep\u00fablica ocupa el fastuoso Pal\u00e1cio do Catete, que funcion\u00f3 como sede de los presidentes brasile\u00f1os<\/strong> hasta 1960, cuando la capital se traslad\u00f3 a la reci\u00e9n construida Brasilia. El palacio es una muestra de un lujo incre\u00edble; sus salones est\u00e1n decorados con maderas nobles, espejos venecianos y enormes l\u00e1mparas de cristal.<\/p>\n\n\n\n<p class=\"wp-block-paragraph\">La exposici\u00f3n te lleva por todos los momentos clave de la rep\u00fablica brasile\u00f1a, desde su proclamaci\u00f3n hasta los dram\u00e1ticos acontecimientos del siglo XX. Lo que m\u00e1s te impactar\u00e1 all\u00ed es la habitaci\u00f3n conservada del presidente Get\u00falio Vargas, que se suicid\u00f3 aqu\u00ed en 1954; el museo expone incluso su carta de despedida y es uno de esos lugares donde la historia se vuelve de repente muy concreta ante tus ojos. Detr\u00e1s del palacio se extienden adem\u00e1s amplios jardines franceses llenos de altas palmeras y estanques artificiales que ofrecen una agradable sombra para descansar.<\/p>\n\n\n\n<p class=\"wp-block-paragraph\">\ud83d\udca1 Consejo: <strong>La entrada a los preciosos jardines traseros es totalmente gratuita y los locales los aprovechan mucho para pasear y relajarse<\/strong>, as\u00ed que, aunque no te apetezca la historia del museo, no te pierdas los jardines. Se encuentra justo al lado de la estaci\u00f3n de metro Catete, por lo que llegar desde los barrios de playa del sur de la ciudad es r\u00e1pido y sin ning\u00fan problema.<\/p>\n\n\n\n<figure data-wp-context=\"{&quot;imageId&quot;:&quot;6a9c4ecf83183&quot;}\" data-wp-interactive=\"core\/image\" data-wp-key=\"6a9c4ecf83183\" class=\"wp-block-image size-full wp-lightbox-container\"><img decoding=\"async\" width=\"1600\" height=\"1200\" data-wp-class--hide=\"state.isContentHidden\" data-wp-class--show=\"state.isContentVisible\" data-wp-init=\"callbacks.setButtonStyles\" data-wp-on--click=\"actions.showLightbox\" data-wp-on--load=\"callbacks.setButtonStyles\" data-wp-on--pointerdown=\"actions.preloadImage\" data-wp-on--pointerenter=\"actions.preloadImageWithDelay\" data-wp-on--pointerleave=\"actions.cancelPreload\" data-wp-on-window--resize=\"callbacks.setButtonStyles\" src=\"https:\/\/loudavymkrokem.cz\/wp-content\/uploads\/2026\/09\/espa-o-cultural-da-marinha.jpg\" alt=\"Espa\u00e7o Cultural da Marinha\" class=\"wp-image-413243\" title=\"\" srcset=\"https:\/\/loudavymkrokem.cz\/wp-content\/uploads\/2026\/09\/espa-o-cultural-da-marinha.jpg 1600w, https:\/\/loudavymkrokem.cz\/wp-content\/uploads\/2026\/09\/espa-o-cultural-da-marinha-300x225.jpg 300w, https:\/\/loudavymkrokem.cz\/wp-content\/uploads\/2026\/09\/espa-o-cultural-da-marinha-700x525.jpg 700w, https:\/\/loudavymkrokem.cz\/wp-content\/uploads\/2026\/09\/espa-o-cultural-da-marinha-768x576.jpg 768w, https:\/\/loudavymkrokem.cz\/wp-content\/uploads\/2026\/09\/espa-o-cultural-da-marinha-1536x1152.jpg 1536w, https:\/\/loudavymkrokem.cz\/wp-content\/uploads\/2026\/09\/espa-o-cultural-da-marinha-80x60.jpg 80w, https:\/\/loudavymkrokem.cz\/wp-content\/uploads\/2026\/09\/espa-o-cultural-da-marinha-160x120.jpg 160w, https:\/\/loudavymkrokem.cz\/wp-content\/uploads\/2026\/09\/espa-o-cultural-da-marinha-696x522.jpg 696w, https:\/\/loudavymkrokem.cz\/wp-content\/uploads\/2026\/09\/espa-o-cultural-da-marinha-1392x1044.jpg 1392w\" sizes=\"(max-width: 1600px) 100vw, 1600px\" \/><button\n\t\t\tclass=\"lightbox-trigger\"\n\t\t\ttype=\"button\"\n\t\t\taria-haspopup=\"dialog\"\n\t\t\tdata-wp-bind--aria-label=\"state.thisImage.triggerButtonAriaLabel\"\n\t\t\tdata-wp-init=\"callbacks.initTriggerButton\"\n\t\t\tdata-wp-on--click=\"actions.showLightbox\"\n\t\t\tdata-wp-style--right=\"state.thisImage.buttonRight\"\n\t\t\tdata-wp-style--top=\"state.thisImage.buttonTop\"\n\t\t>\n\t\t\t<svg xmlns=\"http:\/\/www.w3.org\/2000\/svg\" width=\"12\" height=\"12\" fill=\"none\" viewBox=\"0 0 12 12\">\n\t\t\t\t<path fill=\"#fff\" d=\"M2 0a2 2 0 0 0-2 2v2h1.5V2a.5.5 0 0 1 .5-.5h2V0H2Zm2 10.5H2a.5.5 0 0 1-.5-.5V8H0v2a2 2 0 0 0 2 2h2v-1.5ZM8 12v-1.5h2a.5.5 0 0 0 .5-.5V8H12v2a2 2 0 0 1-2 2H8Zm2-12a2 2 0 0 1 2 2v2h-1.5V2a.5.5 0 0 0-.5-.5H8V0h2Z\" \/>\n\t\t\t<\/svg>\n\t\t<\/button><figcaption class=\"wp-element-caption\">Foto: Heber iba\u00f1ez \/ Google Maps<\/figcaption><\/figure>\n\n\n\n<h3 class=\"wp-block-heading\"><span class=\"ez-toc-section\" id=\"21_Espaco_Cultural_da_Marinha\"><\/span>21. Espa\u00e7o Cultural da Marinha<span class=\"ez-toc-section-end\"><\/span><\/h3>\n\n\n\n<p class=\"wp-block-paragraph\">Si te mueves por el centro hist\u00f3rico cerca del puerto, te topar\u00e1s con un fascinante museo que apreciar\u00e1n no solo los aficionados a la historia militar. <strong>El Espa\u00e7o Cultural da Marinha es un amplio museo naval que te permite asomarte a la rica tradici\u00f3n mar\u00edtima de Brasil<\/strong>, un pa\u00eds con uno de los litorales m\u00e1s largos del mundo. La exposici\u00f3n exterior est\u00e1 llena de ca\u00f1ones hist\u00f3ricos, viejos torpedos y enormes anclas repartidas a lo largo del muelle ba\u00f1ado por el sol.<\/p>\n\n\n\n<p class=\"wp-block-paragraph\">Pero el mayor atractivo de todo el recinto son las embarcaciones reales, que puedes recorrer desde la bodega hasta el puente de mando. <strong>La mayor experiencia la ofrece la visita al submarino militar retirado Riachuelo y a la fiel r\u00e9plica de un viejo barco de exploradores<\/strong>, que muestra en qu\u00e9 condiciones tan estrechas llegaron los primeros europeos a las costas de Sudam\u00e9rica. Desde aqu\u00ed tambi\u00e9n zarpan los barcos de recreo para hacer paseos por la bah\u00eda de Guanabara, que ofrecen una preciosa vista de la ciudad desde el agua.<\/p>\n\n\n\n<p class=\"wp-block-paragraph\">\ud83d\udca1 Consejo: <strong>El paseo por la bah\u00eda desde este puerto es bastante m\u00e1s barato y aut\u00e9ntico que los sobrevalorados barcos tur\u00edsticos que salen del sur de la ciudad.<\/strong> Pero no olvides llevar una crema solar fuerte y un sombrero, porque en la cubierta de los viejos barcos y submarinos no te protege nada del abrasador sol brasile\u00f1o y las cubiertas met\u00e1licas suelen estar muy calientes.<\/p>\n\n\n\n<figure data-wp-context=\"{&quot;imageId&quot;:&quot;6a9c4ecf836cd&quot;}\" data-wp-interactive=\"core\/image\" data-wp-key=\"6a9c4ecf836cd\" class=\"wp-block-image size-full wp-lightbox-container\"><img decoding=\"async\" width=\"1200\" height=\"800\" data-wp-class--hide=\"state.isContentHidden\" data-wp-class--show=\"state.isContentVisible\" data-wp-init=\"callbacks.setButtonStyles\" data-wp-on--click=\"actions.showLightbox\" data-wp-on--load=\"callbacks.setButtonStyles\" data-wp-on--pointerdown=\"actions.preloadImage\" data-wp-on--pointerenter=\"actions.preloadImageWithDelay\" data-wp-on--pointerleave=\"actions.cancelPreload\" data-wp-on-window--resize=\"callbacks.setButtonStyles\" src=\"https:\/\/loudavymkrokem.cz\/wp-content\/uploads\/2026\/09\/praia-vermelha-pod-cukrovou-homol.jpg\" alt=\"Playa Praia Vermelha bajo el Pan de Az\u00facar\" class=\"wp-image-413245\" title=\"\" srcset=\"https:\/\/loudavymkrokem.cz\/wp-content\/uploads\/2026\/09\/praia-vermelha-pod-cukrovou-homol.jpg 1200w, https:\/\/loudavymkrokem.cz\/wp-content\/uploads\/2026\/09\/praia-vermelha-pod-cukrovou-homol-300x200.jpg 300w, https:\/\/loudavymkrokem.cz\/wp-content\/uploads\/2026\/09\/praia-vermelha-pod-cukrovou-homol-700x467.jpg 700w, https:\/\/loudavymkrokem.cz\/wp-content\/uploads\/2026\/09\/praia-vermelha-pod-cukrovou-homol-768x512.jpg 768w, https:\/\/loudavymkrokem.cz\/wp-content\/uploads\/2026\/09\/praia-vermelha-pod-cukrovou-homol-696x464.jpg 696w\" sizes=\"(max-width: 1200px) 100vw, 1200px\" \/><button\n\t\t\tclass=\"lightbox-trigger\"\n\t\t\ttype=\"button\"\n\t\t\taria-haspopup=\"dialog\"\n\t\t\tdata-wp-bind--aria-label=\"state.thisImage.triggerButtonAriaLabel\"\n\t\t\tdata-wp-init=\"callbacks.initTriggerButton\"\n\t\t\tdata-wp-on--click=\"actions.showLightbox\"\n\t\t\tdata-wp-style--right=\"state.thisImage.buttonRight\"\n\t\t\tdata-wp-style--top=\"state.thisImage.buttonTop\"\n\t\t>\n\t\t\t<svg xmlns=\"http:\/\/www.w3.org\/2000\/svg\" width=\"12\" height=\"12\" fill=\"none\" viewBox=\"0 0 12 12\">\n\t\t\t\t<path fill=\"#fff\" d=\"M2 0a2 2 0 0 0-2 2v2h1.5V2a.5.5 0 0 1 .5-.5h2V0H2Zm2 10.5H2a.5.5 0 0 1-.5-.5V8H0v2a2 2 0 0 0 2 2h2v-1.5ZM8 12v-1.5h2a.5.5 0 0 0 .5-.5V8H12v2a2 2 0 0 1-2 2H8Zm2-12a2 2 0 0 1 2 2v2h-1.5V2a.5.5 0 0 0-.5-.5H8V0h2Z\" \/>\n\t\t\t<\/svg>\n\t\t<\/button><figcaption class=\"wp-element-caption\">Foto: Carlos Alberto do Amaral \/ Google Maps<\/figcaption><\/figure>\n\n\n\n<h3 class=\"wp-block-heading\"><span class=\"ez-toc-section\" id=\"22_Playa_Praia_Vermelha_bajo_el_Pan_de_Azucar\"><\/span>22. Playa Praia Vermelha bajo el Pan de Az\u00facar<span class=\"ez-toc-section-end\"><\/span><\/h3>\n\n\n\n<p class=\"wp-block-paragraph\">Para el cierre de nuestra lista hemos dejado una playa peque\u00f1a, pero por eso mismo m\u00e1s bonita, que ofrece una experiencia completamente distinta a las interminables franjas de arena de Copacabana. <strong>Praia Vermelha, o Playa Roja, yace escondida en una tranquila cala justo al pie del majestuoso Pan de Az\u00facar<\/strong>, que se alza sobre ella como una enorme muralla de piedra. Su nombre viene de la arena m\u00e1s gruesa y ros\u00e1cea que, al ponerse el sol, adquiere un precioso tono c\u00e1lido.<\/p>\n\n\n\n<p class=\"wp-block-paragraph\">La cala est\u00e1 protegida de las fuertes corrientes oce\u00e1nicas, as\u00ed que el agua aqu\u00ed es incre\u00edblemente tranquila y segura, lo que la convierte en un lugar ideal para familias y para nadar con calma. <strong>Gracias a la ausencia de grandes olas, es tambi\u00e9n un lugar perfecto para alquilar un paddleboard o un kayak de mar<\/strong>, desde el que puedes admirar las escarpadas rocas de alrededor desde una perspectiva totalmente nueva. La playa es muy peque\u00f1a y acogedora, rodeada de \u00e1rboles verdes, y ofrece un ambiente mucho m\u00e1s \u00edntimo que las grandes playas vecinas.<\/p>\n\n\n\n<p class=\"wp-block-paragraph\">\ud83d\udca1 Consejo: <strong>Desde el extremo izquierdo de la playa arranca el precioso sendero pavimentado Pista Cl\u00e1udio Coutinho, que serpentea por la selva justo junto a los acantilados sobre el mar.<\/strong> Es un lugar estupendo para un paseo sin exigencias, donde con mucha probabilidad te cruzar\u00e1s con descarados monitos tit\u00ed; solo recuerda que dar de comer a los animales salvajes est\u00e1 terminantemente prohibido en todo el parque, por muy monos que parezcan. La excursi\u00f3n a esta playa se combina idealmente con la visita al propio Pan de Az\u00facar: la estaci\u00f3n inferior del telef\u00e9rico est\u00e1 justo cruzando la calle.<\/p>\n\n\n\n<h2 class=\"wp-block-heading\"><span class=\"ez-toc-section\" id=\"Adonde_ir_despues_de_Rio_de_Janeiro\"><\/span>Ad\u00f3nde ir despu\u00e9s de R\u00edo de Janeiro<span class=\"ez-toc-section-end\"><\/span><\/h2>\n\n\n\n<p class=\"wp-block-paragraph\">Brasil es un pa\u00eds enorme y R\u00edo de Janeiro suele ser solo la primera parada de tu viaje sudamericano. Si quieres <strong>profundizar en la planificaci\u00f3n de tu alojamiento<\/strong>, hemos escrito para ti una gu\u00eda m\u00e1s detallada, <a href=\"https:\/\/loudavymkrokem.cz\/es\/donde-alojarse-rio-de-janeiro\/\">D\u00f3nde alojarse en R\u00edo de Janeiro<\/a>. En ella descubrir\u00e1s las diferencias detalladas entre los distintos barrios del sur de la ciudad y as\u00ed elegir\u00e1s m\u00e1s f\u00e1cilmente la mejor ubicaci\u00f3n.<\/p>\n\n\n\n<p class=\"wp-block-paragraph\">La mayor\u00eda de los viajeros se traslada despu\u00e9s a la mayor metr\u00f3poli de todo el hemisferio sur, que ofrece <strong>una experiencia completamente distinta, muy urbana<\/strong>. Para un traslado sin contratiempos te recomiendo echar un vistazo al art\u00edculo <a href=\"https:\/\/loudavymkrokem.cz\/es\/?p=412732\">Qu\u00e9 ver en S\u00e3o Paulo<\/a>, donde encontrar\u00e1s consejos sobre los mejores museos, parques y miradores en rascacielos. Consejos pr\u00e1cticos para elegir una zona segura en esta gigantesca ciudad de negocios te los ofrece nuestra gu\u00eda <a href=\"https:\/\/loudavymkrokem.cz\/es\/?p=412738\">D\u00f3nde alojarse en S\u00e3o Paulo<\/a>.<\/p>\n\n\n\n<h2 class=\"wp-block-heading\"><span class=\"ez-toc-section\" id=\"Preguntas_frecuentes\"><\/span>Preguntas frecuentes<span class=\"ez-toc-section-end\"><\/span><\/h2>\n\n\n<div id=\"rank-math-faq\" class=\"rank-math-block\">\n<div class=\"rank-math-list \">\n<div id=\"faq-question-1788283109000\" class=\"rank-math-list-item\">\n<h3 class=\"rank-math-question \"><span class=\"ez-toc-section\" id=\"%C2%BFEs_Rio_de_Janeiro_seguro_para_los_turistas\"><\/span>\u00bfEs R\u00edo de Janeiro seguro para los turistas?<span class=\"ez-toc-section-end\"><\/span><\/h3>\n<div class=\"rank-math-answer \">\n\n<p>Si te mantienes en la <strong>zona de seguridad tur\u00edstica alrededor de los barrios de Ipanema y Leblon<\/strong>, lo m\u00e1s probable es que no tengas ning\u00fan problema. Durante el d\u00eda tambi\u00e9n es seguro en Copacabana, pero despu\u00e9s del anochecer evita pasear por la playa y por las calles vac\u00edas del centro. <strong>Utiliza siempre Uber<\/strong> y no exhibas joyas caras ni tel\u00e9fonos m\u00f3viles.<\/p>\n\n<\/div>\n<\/div>\n<div id=\"faq-question-1788283109001\" class=\"rank-math-list-item\">\n<h3 class=\"rank-math-question \"><span class=\"ez-toc-section\" id=\"%C2%BFCuantos_dias_necesito_para_visitar_Rio\"><\/span>\u00bfCu\u00e1ntos d\u00edas necesito para visitar R\u00edo?<span class=\"ez-toc-section-end\"><\/span><\/h3>\n<div class=\"rank-math-answer \">\n\n<p>El tiempo ideal para conocer la ciudad son <strong>cuatro o cinco d\u00edas completos<\/strong>, lo que te dar\u00e1 espacio suficiente para las atracciones y para relajarte en la playa. Sin embargo, d\u00e9jate siempre al menos <strong>dos d\u00edas de margen como reserva de tiempo<\/strong>, para poder adaptar con flexibilidad la visita a los miradores de gran altitud a la nubosidad y el clima del momento.<\/p>\n\n<\/div>\n<\/div>\n<div id=\"faq-question-1788283109002\" class=\"rank-math-list-item\">\n<h3 class=\"rank-math-question \"><span class=\"ez-toc-section\" id=\"%C2%BFCual_es_la_mejor_forma_de_llegar_a_la_estatua_del_Cristo_Redentor\"><\/span>\u00bfCu\u00e1l es la mejor forma de llegar a la estatua del Cristo Redentor?<span class=\"ez-toc-section-end\"><\/span><\/h3>\n<div class=\"rank-math-answer \">\n\n<p>Existen tres formas, siendo <strong>la m\u00e1s cara y popular el hist\u00f3rico tren cremallera del Corcovado<\/strong>, que te sube a trav\u00e9s de la selva. Una opci\u00f3n algo m\u00e1s econ\u00f3mica es el microb\u00fas oficial desde el centro de visitantes de Paineiras. Si buscas la ruta m\u00e1s barata y aventurera, <strong>puedes ir a pie por el empinado sendero<\/strong> desde el parque Parque Lage, lo que te llevar\u00e1 unas dos horas de ascenso exigente.<\/p>\n\n<\/div>\n<\/div>\n<div id=\"faq-question-1788283109003\" class=\"rank-math-list-item\">\n<h3 class=\"rank-math-question \"><span class=\"ez-toc-section\" id=\"%C2%BFCual_es_la_mejor_epoca_para_viajar_a_Brasil\"><\/span>\u00bfCu\u00e1l es la mejor \u00e9poca para viajar a Brasil?<span class=\"ez-toc-section-end\"><\/span><\/h3>\n<div class=\"rank-math-answer \">\n\n<p>En cuanto a clima favorable y precios razonables, lo mejor es <strong>ir de abril a junio o de agosto a octubre<\/strong>. As\u00ed evitar\u00e1s los calores extremos del verano y las lluvias torrenciales regulares. Durante el carnaval y Nochevieja la ciudad vive un ambiente incre\u00edble, pero <strong>los precios del alojamiento son varias veces m\u00e1s altos<\/strong> y te encontrar\u00e1s con multitudes enormes por todas partes.<\/p>\n\n<\/div>\n<\/div>\n<div id=\"faq-question-1788283109004\" class=\"rank-math-list-item\">\n<h3 class=\"rank-math-question \"><span class=\"ez-toc-section\" id=\"%C2%BFPuedo_banarme_en_las_playas_de_Rio_despues_del_anochecer\"><\/span>\u00bfPuedo ba\u00f1arme en las playas de R\u00edo despu\u00e9s del anochecer?<span class=\"ez-toc-section-end\"><\/span><\/h3>\n<div class=\"rank-math-answer \">\n\n<p><strong>Definitivamente no, nunca se va a la playa de noche.<\/strong> En cuanto se pone el sol, las largas franjas de arena se vuelven peligrosas para los turistas y atraen a elementos dudosos. Los habitantes de la ciudad se re\u00fanen por las noches en bares y restaurantes bien iluminados en calles concurridas, por eso <strong>evita por completo las playas desiertas despu\u00e9s de oscurecer<\/strong>.<\/p>\n\n<\/div>\n<\/div>\n<div id=\"faq-question-1788283109005\" class=\"rank-math-list-item\">\n<h3 class=\"rank-math-question \"><span class=\"ez-toc-section\" id=\"%C2%BFComo_moverse_por_la_ciudad_y_es_seguro_el_transporte_publico\"><\/span>\u00bfC\u00f3mo moverse por la ciudad y es seguro el transporte p\u00fablico?<span class=\"ez-toc-section-end\"><\/span><\/h3>\n<div class=\"rank-math-answer \">\n\n<p>Durante el d\u00eda <strong>funciona de maravilla y con seguridad la red de metro<\/strong>, que conecta los barrios playeros del sur con el centro hist\u00f3rico de la ciudad. Los autobuses normales suelen ser algo confusos y no se recomiendan demasiado para turistas. En cuanto empiece a oscurecer, <strong>cambia sin contemplaciones a la aplicaci\u00f3n Uber<\/strong>, que en Brasil es muy barata, fiable y te garantiza un regreso tranquilo al hotel.<\/p>\n\n<\/div>\n<\/div>\n<div id=\"faq-question-1788283109006\" class=\"rank-math-list-item\">\n<h3 class=\"rank-math-question \"><span class=\"ez-toc-section\" id=\"%C2%BFQue_comer_en_Rio_si_no_como_carne\"><\/span>\u00bfQu\u00e9 comer en R\u00edo si no como carne?<span class=\"ez-toc-section-end\"><\/span><\/h3>\n<div class=\"rank-math-answer \">\n\n<p>Aunque la cocina brasile\u00f1a se basa mucho en la carne, aqu\u00ed encontrar\u00e1s muchas delicias vegetarianas. <strong>El mayor \u00e9xito es el a\u00e7a\u00ed helado con granola<\/strong>, que refresca genial en la playa. En los puestos callejeros busca los panecillos de queso p\u00e3o de queijo o la tapioca rellena de queso y tomate. Para una cena completa, <strong>dir\u00edgete a los excelentes restaurantes italianos de Ipanema<\/strong>.<\/p>\n\n<\/div>\n<\/div>\n<div id=\"faq-question-1788283109007\" class=\"rank-math-list-item\">\n<h3 class=\"rank-math-question \"><span class=\"ez-toc-section\" id=\"%C2%BFVale_la_pena_comprar_las_entradas_a_las_atracciones_con_mucha_antelacion\"><\/span>\u00bfVale la pena comprar las entradas a las atracciones con mucha antelaci\u00f3n?<span class=\"ez-toc-section-end\"><\/span><\/h3>\n<div class=\"rank-math-answer \">\n\n<p>En los museos modernos cerrados, como el Museo del Ma\u00f1ana, la compra de entradas online con antelaci\u00f3n definitivamente vale la pena. <strong>Sin embargo, ten cuidado con los miradores al aire libre como el Pan de Az\u00facar y el Cristo Redentor.<\/strong> El tiempo en la costa cambia de hora en hora y comprando para un d\u00eda fijo <strong>te arriesgas a no ver absolutamente nada por culpa de la niebla densa<\/strong>.<\/p>\n\n<\/div>\n<\/div>\n<\/div>\n<\/div>","protected":false},"excerpt":{"rendered":"<p>Descubre los lugares m\u00e1s bonitos de R\u00edo de Janeiro, desde las playas famosas hasta miradores escondidos en la selva, y aprende a disfrutar de la ciudad con total seguridad.<\/p>\n","protected":false},"author":3,"featured_media":413187,"comment_status":"open","ping_status":"open","sticky":false,"template":"","format":"standard","meta":{"_acf_changed":false,"footnotes":"","rank_math_title":"R\u00edo de Janeiro: 22 cosas que ver y hacer en 2026","rank_math_description":"Gu\u00eda completa de R\u00edo de Janeiro: 22 lugares imprescindibles, playas, miradores y consejos de seguridad y alojamiento. \u00a1Descubre qu\u00e9 ver y planifica tu viaje!","rank_math_focus_keyword":"r\u00edo de janeiro","rank_math_seo_score":""},"categories":[980],"tags":[],"class_list":["post-417072","post","type-post","status-publish","format-standard","has-post-thumbnail","category-viajes"],"acf":[],"featured_image_src":"https:\/\/loudavymkrokem.cz\/wp-content\/uploads\/2026\/09\/pedra-do-arpoador.jpg","author_info":{"display_name":"Lucie Kone\u010dn\u00e1","author_link":"https:\/\/loudavymkrokem.cz\/es\/author\/lucie-konecna\/"},"_links":{"self":[{"href":"https:\/\/loudavymkrokem.cz\/es\/wp-json\/wp\/v2\/posts\/417072","targetHints":{"allow":["GET"]}}],"collection":[{"href":"https:\/\/loudavymkrokem.cz\/es\/wp-json\/wp\/v2\/posts"}],"about":[{"href":"https:\/\/loudavymkrokem.cz\/es\/wp-json\/wp\/v2\/types\/post"}],"author":[{"embeddable":true,"href":"https:\/\/loudavymkrokem.cz\/es\/wp-json\/wp\/v2\/users\/3"}],"replies":[{"embeddable":true,"href":"https:\/\/loudavymkrokem.cz\/es\/wp-json\/wp\/v2\/comments?post=417072"}],"version-history":[{"count":2,"href":"https:\/\/loudavymkrokem.cz\/es\/wp-json\/wp\/v2\/posts\/417072\/revisions"}],"predecessor-version":[{"id":417074,"href":"https:\/\/loudavymkrokem.cz\/es\/wp-json\/wp\/v2\/posts\/417072\/revisions\/417074"}],"wp:featuredmedia":[{"embeddable":true,"href":"https:\/\/loudavymkrokem.cz\/es\/wp-json\/wp\/v2\/media\/413187"}],"wp:attachment":[{"href":"https:\/\/loudavymkrokem.cz\/es\/wp-json\/wp\/v2\/media?parent=417072"}],"wp:term":[{"taxonomy":"category","embeddable":true,"href":"https:\/\/loudavymkrokem.cz\/es\/wp-json\/wp\/v2\/categories?post=417072"},{"taxonomy":"post_tag","embeddable":true,"href":"https:\/\/loudavymkrokem.cz\/es\/wp-json\/wp\/v2\/tags?post=417072"}],"curies":[{"name":"wp","href":"https:\/\/api.w.org\/{rel}","templated":true}]}}