{"id":417058,"date":"2026-09-03T16:56:24","date_gmt":"2026-09-03T14:56:24","guid":{"rendered":"https:\/\/loudavymkrokem.cz\/vacaciones-malta-que-ver\/"},"modified":"2026-09-05T12:44:37","modified_gmt":"2026-09-05T10:44:37","slug":"vacaciones-malta-que-ver","status":"publish","type":"post","link":"https:\/\/loudavymkrokem.cz\/es\/vacaciones-malta-que-ver\/","title":{"rendered":"Vacaciones en Malta: 24 cosas que ver y hacer en 2026"},"content":{"rendered":"\n<!-- lk-tldr -->\n<div class=\"lk-tldr\" style=\"background:#f7f5f0;border-left:4px solid #c39f76;border-radius:0 10px 10px 0;padding:14px 18px;margin:0 0 26px;font-size:15px;line-height:1.65;\"><strong style=\"display:block;font-size:12px;text-transform:uppercase;letter-spacing:.06em;color:#a9885a;margin-bottom:5px;\">TL;DR<\/strong>Malta es el estado m\u00e1s peque\u00f1o de la UE, pero concentra m\u00e1s historia que la mayor\u00eda de los pa\u00edses grandes y desde Madrid llegas en unas dos horas y media. <strong>La Valeta<\/strong> est\u00e1 entera en la lista de la UNESCO, <strong>Mdina<\/strong> es la ciudad silenciosa tras las murallas y los <strong>templos megal\u00edticos<\/strong> son m\u00e1s antiguos que las pir\u00e1mides. Los mejores meses son <strong>mayo, junio, septiembre y octubre<\/strong>; en julio y agosto rondan los 30 \u00b0C y casi no llueve, el mar est\u00e1 m\u00e1s caliente en agosto (27,8 \u00b0C) y en octubre todav\u00eda tiene 25 \u00b0C. \u26a0\ufe0f Malta casi no tiene playas de arena, el ba\u00f1o es sobre todo desde rocas y plataformas. El ingl\u00e9s es idioma oficial, se paga en euros y se conduce por la izquierda.<\/div>\n<!-- \/lk-tldr -->\n\n\n\n<!-- lk-navbar -->\n<div class=\"lk-navbar\" style=\"margin:0 0 28px;\"><div style=\"font-size:12px;text-transform:uppercase;letter-spacing:.06em;color:#a9885a;font-weight:700;margin-bottom:9px;\">Enlaces r\u00e1pidos<\/div><div style=\"display:flex;flex-wrap:wrap;gap:9px;\"><a href=\"#Kdy_jet_na_Maltu_pocasi_mesic_po_mesici\" style=\"background:#c39f76;color:#fff;border:1px solid #c39f76;font-weight:700;padding:9px 15px;border-radius:22px;font-size:14px;text-decoration:none;display:inline-block;line-height:1;\">\ud83c\udf21\ufe0f Cu\u00e1ndo ir<\/a><a href=\"#Co_videt_na_Malte_24_tipu_ktere_stoji_za_vas_cas\" style=\"background:#fff;color:#6b5a44;border:1px solid #e2d6c1;font-weight:600;padding:9px 15px;border-radius:22px;font-size:14px;text-decoration:none;display:inline-block;line-height:1;\">\ud83d\udccd 24 ideas<\/a><a href=\"#Kde_se_ubytovat_na_Malte_nejlepsi_oblasti_a_konkretni_hotely\" style=\"background:#fff;color:#6b5a44;border:1px solid #e2d6c1;font-weight:600;padding:9px 15px;border-radius:22px;font-size:14px;text-decoration:none;display:inline-block;line-height:1;\">\ud83c\udfe8 D\u00f3nde alojarse<\/a><a href=\"#Co_jist_na_Malte_pruvodce_pro_vegetariany_i_ostatni\" style=\"background:#fff;color:#6b5a44;border:1px solid #e2d6c1;font-weight:600;padding:9px 15px;border-radius:22px;font-size:14px;text-decoration:none;display:inline-block;line-height:1;\">\ud83c\udf7d\ufe0f Qu\u00e9 comer<\/a><a href=\"#Doprava_po_Malte_autobusy_trajekt_a_auto\" style=\"background:#fff;color:#6b5a44;border:1px solid #e2d6c1;font-weight:600;padding:9px 15px;border-radius:22px;font-size:14px;text-decoration:none;display:inline-block;line-height:1;\">\ud83d\ude8c Transporte<\/a><a href=\"#Kolik_stoji_dovolena_na_Malte\" style=\"background:#fff;color:#6b5a44;border:1px solid #e2d6c1;font-weight:600;padding:9px 15px;border-radius:22px;font-size:14px;text-decoration:none;display:inline-block;line-height:1;\">\ud83d\udcb0 Precios<\/a><a href=\"#Casto_kladene_otazky\" style=\"background:#fff;color:#6b5a44;border:1px solid #e2d6c1;font-weight:600;padding:9px 15px;border-radius:22px;font-size:14px;text-decoration:none;display:inline-block;line-height:1;\">\u2753 FAQ<\/a><\/div><\/div>\n<!-- \/lk-navbar -->\n\n\n\n<p class=\"wp-block-paragraph\">Malta es uno de los estados m\u00e1s peque\u00f1os del mundo, pero dicen que en tan poco espacio caben m\u00e1s monumentos e historia que en la mayor\u00eda de los pa\u00edses enormes. Adem\u00e1s, desde Madrid <strong>llegas en un vuelo directo de apenas unas dos horas y media<\/strong>, as\u00ed que te ahorras los viajes eternos y puedes empezar a descubrir casi de inmediato. Bajas del avi\u00f3n a un calor agradable, escuchas ingl\u00e9s por todas partes y enseguida te das cuenta de que aqu\u00ed se conduce por la izquierda.<\/p>\n\n\n\n<p class=\"wp-block-paragraph\">Si te atraen unas <strong>vacaciones en Malta<\/strong>, has dado con el art\u00edculo indicado, cargado de informaci\u00f3n pr\u00e1ctica. He preparado para ti una gu\u00eda detallada en la que veremos juntos <strong>qu\u00e9 ver en Malta<\/strong>, qu\u00e9 lugares no te puedes perder y a qu\u00e9 prestar atenci\u00f3n al planificar el viaje. Los viajeros elogian este archipi\u00e9lago por su incre\u00edble diversidad, en la que se mezclan templos antiguos con las aguas cristalinas del Mediterr\u00e1neo.<\/p>\n\n\n\n<p class=\"wp-block-paragraph\">En las l\u00edneas que siguen encontrar\u00e1s exactamente <strong>24 ideas de excursiones y actividades<\/strong>, pero tambi\u00e9n una tabla detallada del clima mes a mes basada en datos de diez a\u00f1os. Te ayudar\u00e9 a elegir un alojamiento bien situado, hablaremos del funcionamiento del transporte local, de los precios orientativos y a\u00f1adir\u00e9 tambi\u00e9n recomendaciones de buena comida para vegetarianos.<\/p>\n\n\n\n<figure data-wp-context=\"{&quot;imageId&quot;:&quot;6a9c144388f32&quot;}\" data-wp-interactive=\"core\/image\" data-wp-key=\"6a9c144388f32\" class=\"wp-block-image size-full wp-lightbox-container\"><img decoding=\"async\" width=\"1500\" height=\"1000\" data-wp-class--hide=\"state.isContentHidden\" data-wp-class--show=\"state.isContentVisible\" data-wp-init=\"callbacks.setButtonStyles\" data-wp-on--click=\"actions.showLightbox\" data-wp-on--load=\"callbacks.setButtonStyles\" data-wp-on--pointerdown=\"actions.preloadImage\" data-wp-on--pointerenter=\"actions.preloadImageWithDelay\" data-wp-on--pointerleave=\"actions.cancelPreload\" data-wp-on-window--resize=\"callbacks.setButtonStyles\" src=\"https:\/\/loudavymkrokem.cz\/wp-content\/uploads\/2026\/08\/dovolena-malta-uvod.jpg\" alt=\"Balcones de colores en las callejuelas de La Valeta\" class=\"wp-image-399631\" title=\"\" srcset=\"https:\/\/loudavymkrokem.cz\/wp-content\/uploads\/2026\/08\/dovolena-malta-uvod.jpg 1500w, https:\/\/loudavymkrokem.cz\/wp-content\/uploads\/2026\/08\/dovolena-malta-uvod-300x200.jpg 300w, https:\/\/loudavymkrokem.cz\/wp-content\/uploads\/2026\/08\/dovolena-malta-uvod-700x467.jpg 700w, https:\/\/loudavymkrokem.cz\/wp-content\/uploads\/2026\/08\/dovolena-malta-uvod-768x512.jpg 768w, https:\/\/loudavymkrokem.cz\/wp-content\/uploads\/2026\/08\/dovolena-malta-uvod-696x464.jpg 696w, https:\/\/loudavymkrokem.cz\/wp-content\/uploads\/2026\/08\/dovolena-malta-uvod-1392x928.jpg 1392w\" sizes=\"(max-width: 1500px) 100vw, 1500px\" \/><button\n\t\t\tclass=\"lightbox-trigger\"\n\t\t\ttype=\"button\"\n\t\t\taria-haspopup=\"dialog\"\n\t\t\tdata-wp-bind--aria-label=\"state.thisImage.triggerButtonAriaLabel\"\n\t\t\tdata-wp-init=\"callbacks.initTriggerButton\"\n\t\t\tdata-wp-on--click=\"actions.showLightbox\"\n\t\t\tdata-wp-style--right=\"state.thisImage.buttonRight\"\n\t\t\tdata-wp-style--top=\"state.thisImage.buttonTop\"\n\t\t>\n\t\t\t<svg xmlns=\"http:\/\/www.w3.org\/2000\/svg\" width=\"12\" height=\"12\" fill=\"none\" viewBox=\"0 0 12 12\">\n\t\t\t\t<path fill=\"#fff\" d=\"M2 0a2 2 0 0 0-2 2v2h1.5V2a.5.5 0 0 1 .5-.5h2V0H2Zm2 10.5H2a.5.5 0 0 1-.5-.5V8H0v2a2 2 0 0 0 2 2h2v-1.5ZM8 12v-1.5h2a.5.5 0 0 0 .5-.5V8H12v2a2 2 0 0 1-2 2H8Zm2-12a2 2 0 0 1 2 2v2h-1.5V2a.5.5 0 0 0-.5-.5H8V0h2Z\" \/>\n\t\t\t<\/svg>\n\t\t<\/button><figcaption class=\"wp-element-caption\">Balcones de colores en las callejuelas de La Valeta (Foto: This photo was taken by Anton Zelenov.\nPlease credit this wi \/ Wikimedia Commons, CC BY-SA 4.0)<\/figcaption><\/figure>\n\n\n\n<div id=\"ez-toc-container\" class=\"ez-toc-v2_0_87 ez-toc-wrap-left counter-hierarchy ez-toc-counter ez-toc-grey ez-toc-container-direction\">\n<div class=\"ez-toc-title-container\">\n<p class=\"ez-toc-title\" style=\"cursor:inherit\">Contenido del art\u00edculo<\/p>\n<span class=\"ez-toc-title-toggle\"><a href=\"#\" class=\"ez-toc-pull-right ez-toc-btn ez-toc-btn-xs ez-toc-btn-default ez-toc-toggle\" aria-label=\"Alternar tabla de contenidos\"><span class=\"ez-toc-js-icon-con\"><span class=\"\"><span class=\"eztoc-hide\" style=\"display:none;\">Toggle<\/span><span class=\"ez-toc-icon-toggle-span\"><svg style=\"fill: #999;color:#999\" xmlns=\"http:\/\/www.w3.org\/2000\/svg\" class=\"list-377408\" width=\"20px\" height=\"20px\" viewBox=\"0 0 24 24\" fill=\"none\"><path d=\"M6 6H4v2h2V6zm14 0H8v2h12V6zM4 11h2v2H4v-2zm16 0H8v2h12v-2zM4 16h2v2H4v-2zm16 0H8v2h12v-2z\" fill=\"currentColor\"><\/path><\/svg><svg style=\"fill: #999;color:#999\" class=\"arrow-unsorted-368013\" xmlns=\"http:\/\/www.w3.org\/2000\/svg\" width=\"10px\" height=\"10px\" viewBox=\"0 0 24 24\" version=\"1.2\" baseProfile=\"tiny\"><path d=\"M18.2 9.3l-6.2-6.3-6.2 6.3c-.2.2-.3.4-.3.7s.1.5.3.7c.2.2.4.3.7.3h11c.3 0 .5-.1.7-.3.2-.2.3-.5.3-.7s-.1-.5-.3-.7zM5.8 14.7l6.2 6.3 6.2-6.3c.2-.2.3-.5.3-.7s-.1-.5-.3-.7c-.2-.2-.4-.3-.7-.3h-11c-.3 0-.5.1-.7.3-.2.2-.3.5-.3.7s.1.5.3.7z\"\/><\/svg><\/span><\/span><\/span><\/a><\/span><\/div>\n<nav><ul class='ez-toc-list ez-toc-list-level-1 ' ><li class='ez-toc-page-1 ez-toc-heading-level-2'><a class=\"ez-toc-link ez-toc-heading-1\" href=\"https:\/\/loudavymkrokem.cz\/es\/vacaciones-malta-que-ver\/#Resumen\" >Resumen<\/a><\/li><li class='ez-toc-page-1 ez-toc-heading-level-2'><a class=\"ez-toc-link ez-toc-heading-2\" href=\"https:\/\/loudavymkrokem.cz\/es\/vacaciones-malta-que-ver\/#Por_que_ir_a_Malta_y_para_quien_no_es_lo_ideal\" >Por qu\u00e9 ir a Malta (y para qui\u00e9n no es lo ideal)<\/a><ul class='ez-toc-list-level-3' ><li class='ez-toc-heading-level-3'><a class=\"ez-toc-link ez-toc-heading-3\" href=\"https:\/\/loudavymkrokem.cz\/es\/vacaciones-malta-que-ver\/#6_razones_para_enamorarte_de_Malta\" >6 razones para enamorarte de Malta<\/a><\/li><li class='ez-toc-page-1 ez-toc-heading-level-3'><a class=\"ez-toc-link ez-toc-heading-4\" href=\"https:\/\/loudavymkrokem.cz\/es\/vacaciones-malta-que-ver\/#Para_quien_no_encaja_Malta\" >Para qui\u00e9n no encaja Malta<\/a><\/li><\/ul><\/li><li class='ez-toc-page-1 ez-toc-heading-level-2'><a class=\"ez-toc-link ez-toc-heading-5\" href=\"https:\/\/loudavymkrokem.cz\/es\/vacaciones-malta-que-ver\/#Cuando_ir_a_Malta_el_clima_mes_a_mes\" >Cu\u00e1ndo ir a Malta: el clima mes a mes<\/a><ul class='ez-toc-list-level-3' ><li class='ez-toc-heading-level-3'><a class=\"ez-toc-link ez-toc-heading-6\" href=\"https:\/\/loudavymkrokem.cz\/es\/vacaciones-malta-que-ver\/#Los_mejores_meses_segun_el_tipo_de_vacaciones\" >Los mejores meses seg\u00fan el tipo de vacaciones<\/a><\/li><li class='ez-toc-page-1 ez-toc-heading-level-3'><a class=\"ez-toc-link ez-toc-heading-7\" href=\"https:\/\/loudavymkrokem.cz\/es\/vacaciones-malta-que-ver\/#Invierno_en_Malta_%C2%BFmerece_la_pena\" >Invierno en Malta: \u00bfmerece la pena?<\/a><\/li><\/ul><\/li><li class='ez-toc-page-1 ez-toc-heading-level-2'><a class=\"ez-toc-link ez-toc-heading-8\" href=\"https:\/\/loudavymkrokem.cz\/es\/vacaciones-malta-que-ver\/#Que_ver_en_Malta_24_ideas_que_merecen_tu_tiempo\" >Qu\u00e9 ver en Malta: 24 ideas que merecen tu tiempo<\/a><ul class='ez-toc-list-level-3' ><li class='ez-toc-heading-level-3'><a class=\"ez-toc-link ez-toc-heading-9\" href=\"https:\/\/loudavymkrokem.cz\/es\/vacaciones-malta-que-ver\/#1_La_Valeta_la_capital_mas_pequena_de_la_UE\" >1. La Valeta: la capital m\u00e1s peque\u00f1a de la UE<\/a><\/li><li class='ez-toc-page-1 ez-toc-heading-level-3'><a class=\"ez-toc-link ez-toc-heading-10\" href=\"https:\/\/loudavymkrokem.cz\/es\/vacaciones-malta-que-ver\/#2_Concatedral_de_San_Juan_un_barroco_que_quita_el_aliento\" >2. Concatedral de San Juan: un barroco que quita el aliento<\/a><\/li><li class='ez-toc-page-1 ez-toc-heading-level-3'><a class=\"ez-toc-link ez-toc-heading-11\" href=\"https:\/\/loudavymkrokem.cz\/es\/vacaciones-malta-que-ver\/#3_Los_Upper_Barrakka_Gardens_y_la_salva_del_mediodia\" >3. Los Upper Barrakka Gardens y la salva del mediod\u00eda<\/a><\/li><li class='ez-toc-page-1 ez-toc-heading-level-3'><a class=\"ez-toc-link ez-toc-heading-12\" href=\"https:\/\/loudavymkrokem.cz\/es\/vacaciones-malta-que-ver\/#4_Grand_Harbour_el_puerto_natural_que_cambio_la_historia\" >4. Grand Harbour: el puerto natural que cambi\u00f3 la historia<\/a><\/li><li class='ez-toc-page-1 ez-toc-heading-level-3'><a class=\"ez-toc-link ez-toc-heading-13\" href=\"https:\/\/loudavymkrokem.cz\/es\/vacaciones-malta-que-ver\/#5_Las_Tres_Ciudades_Vittoriosa_Senglea_y_Cospicua\" >5. Las Tres Ciudades: Vittoriosa, Senglea y Cospicua<\/a><\/li><li class='ez-toc-page-1 ez-toc-heading-level-3'><a class=\"ez-toc-link ez-toc-heading-14\" href=\"https:\/\/loudavymkrokem.cz\/es\/vacaciones-malta-que-ver\/#6_Sliema_y_St_Julians_paseo_maritimo_compras_y_vida_nocturna\" >6. Sliema y St Julian&#8217;s: paseo mar\u00edtimo, compras y vida nocturna<\/a><\/li><li class='ez-toc-page-1 ez-toc-heading-level-3'><a class=\"ez-toc-link ez-toc-heading-15\" href=\"https:\/\/loudavymkrokem.cz\/es\/vacaciones-malta-que-ver\/#7_Mdina_la_Ciudad_Silenciosa_tras_las_murallas\" >7. Mdina: la Ciudad Silenciosa tras las murallas<\/a><\/li><li class='ez-toc-page-1 ez-toc-heading-level-3'><a class=\"ez-toc-link ez-toc-heading-16\" href=\"https:\/\/loudavymkrokem.cz\/es\/vacaciones-malta-que-ver\/#8_Rabat_y_las_catacumbas_de_San_Pablo\" >8. Rabat y las catacumbas de San Pablo<\/a><\/li><li class='ez-toc-page-1 ez-toc-heading-level-3'><a class=\"ez-toc-link ez-toc-heading-17\" href=\"https:\/\/loudavymkrokem.cz\/es\/vacaciones-malta-que-ver\/#9_La_Rotonda_de_Mosta_y_la_historia_de_la_bomba\" >9. La Rotonda de Mosta y la historia de la bomba<\/a><\/li><li class='ez-toc-page-1 ez-toc-heading-level-3'><a class=\"ez-toc-link ez-toc-heading-18\" href=\"https:\/\/loudavymkrokem.cz\/es\/vacaciones-malta-que-ver\/#10_Dingli_Cliffs_los_acantilados_de_la_costa_oeste\" >10. Dingli Cliffs: los acantilados de la costa oeste<\/a><\/li><li class='ez-toc-page-1 ez-toc-heading-level-3'><a class=\"ez-toc-link ez-toc-heading-19\" href=\"https:\/\/loudavymkrokem.cz\/es\/vacaciones-malta-que-ver\/#11_Mosta_Naxxar_y_el_Palazzo_Parisio\" >11. Mosta, Naxxar y el Palazzo Parisio<\/a><\/li><li class='ez-toc-page-1 ez-toc-heading-level-3'><a class=\"ez-toc-link ez-toc-heading-20\" href=\"https:\/\/loudavymkrokem.cz\/es\/vacaciones-malta-que-ver\/#12_Ta_Qali_y_el_pueblo_artesanal\" >12. Ta&#8217; Qali y el pueblo artesanal<\/a><\/li><li class='ez-toc-page-1 ez-toc-heading-level-3'><a class=\"ez-toc-link ez-toc-heading-21\" href=\"https:\/\/loudavymkrokem.cz\/es\/vacaciones-malta-que-ver\/#13_Marsaxlokk_pueblo_pesquero_con_barcas_de_colores\" >13. Marsaxlokk: pueblo pesquero con barcas de colores<\/a><\/li><li class='ez-toc-page-1 ez-toc-heading-level-3'><a class=\"ez-toc-link ez-toc-heading-22\" href=\"https:\/\/loudavymkrokem.cz\/es\/vacaciones-malta-que-ver\/#14_La_Gruta_Azul_Blue_Grotto\" >14. La Gruta Azul (Blue Grotto)<\/a><\/li><li class='ez-toc-page-1 ez-toc-heading-level-3'><a class=\"ez-toc-link ez-toc-heading-23\" href=\"https:\/\/loudavymkrokem.cz\/es\/vacaciones-malta-que-ver\/#15_Hagar_Qim_y_Mnajdra_templos_mas_antiguos_que_las_piramides\" >15. \u0126a\u0121ar Qim y Mnajdra: templos m\u00e1s antiguos que las pir\u00e1mides<\/a><\/li><li class='ez-toc-page-1 ez-toc-heading-level-3'><a class=\"ez-toc-link ez-toc-heading-24\" href=\"https:\/\/loudavymkrokem.cz\/es\/vacaciones-malta-que-ver\/#16_St_Peters_Pool_piscina_natural_en_la_roca\" >16. St Peter&#8217;s Pool: piscina natural en la roca<\/a><\/li><li class='ez-toc-page-1 ez-toc-heading-level-3'><a class=\"ez-toc-link ez-toc-heading-25\" href=\"https:\/\/loudavymkrokem.cz\/es\/vacaciones-malta-que-ver\/#17_El_Hipogeo_de_Hal_Saflieni\" >17. El Hipogeo de \u0126al Saflieni<\/a><\/li><li class='ez-toc-page-1 ez-toc-heading-level-3'><a class=\"ez-toc-link ez-toc-heading-26\" href=\"https:\/\/loudavymkrokem.cz\/es\/vacaciones-malta-que-ver\/#18_La_Laguna_Azul_de_Comino\" >18. La Laguna Azul de Comino<\/a><\/li><li class='ez-toc-page-1 ez-toc-heading-level-3'><a class=\"ez-toc-link ez-toc-heading-27\" href=\"https:\/\/loudavymkrokem.cz\/es\/vacaciones-malta-que-ver\/#19_Victoria_y_la_Ciudadela\" >19. Victoria y la Ciudadela<\/a><\/li><li class='ez-toc-page-1 ez-toc-heading-level-3'><a class=\"ez-toc-link ez-toc-heading-28\" href=\"https:\/\/loudavymkrokem.cz\/es\/vacaciones-malta-que-ver\/#20_Dwejra_y_el_Mar_Interior\" >20. Dwejra y el Mar Interior<\/a><\/li><li class='ez-toc-page-1 ez-toc-heading-level-3'><a class=\"ez-toc-link ez-toc-heading-29\" href=\"https:\/\/loudavymkrokem.cz\/es\/vacaciones-malta-que-ver\/#21_Ramla_Bay_la_playa_de_arena_mas_bonita_del_archipielago\" >21. Ramla Bay: la playa de arena m\u00e1s bonita del archipi\u00e9lago<\/a><\/li><li class='ez-toc-page-1 ez-toc-heading-level-3'><a class=\"ez-toc-link ez-toc-heading-30\" href=\"https:\/\/loudavymkrokem.cz\/es\/vacaciones-malta-que-ver\/#22_Ggantija_las_construcciones_exentas_mas_antiguas_del_mundo\" >22. \u0120gantija: las construcciones exentas m\u00e1s antiguas del mundo<\/a><\/li><li class='ez-toc-page-1 ez-toc-heading-level-3'><a class=\"ez-toc-link ez-toc-heading-31\" href=\"https:\/\/loudavymkrokem.cz\/es\/vacaciones-malta-que-ver\/#23_Xlendi_y_Marsalforn\" >23. Xlendi y Marsalforn<\/a><\/li><li class='ez-toc-page-1 ez-toc-heading-level-3'><a class=\"ez-toc-link ez-toc-heading-32\" href=\"https:\/\/loudavymkrokem.cz\/es\/vacaciones-malta-que-ver\/#24_Las_mejores_playas_Golden_Bay_Ghajn_Tuffieha_y_Mellieha_Bay\" >24. Las mejores playas: Golden Bay, G\u0127ajn Tuffie\u0127a y Mellie\u0127a Bay<\/a><\/li><\/ul><\/li><li class='ez-toc-page-1 ez-toc-heading-level-2'><a class=\"ez-toc-link ez-toc-heading-33\" href=\"https:\/\/loudavymkrokem.cz\/es\/vacaciones-malta-que-ver\/#Donde_alojarse_en_Malta_las_mejores_zonas_y_hoteles_concretos\" >D\u00f3nde alojarse en Malta: las mejores zonas y hoteles concretos<\/a><ul class='ez-toc-list-level-3' ><li class='ez-toc-heading-level-3'><a class=\"ez-toc-link ez-toc-heading-34\" href=\"https:\/\/loudavymkrokem.cz\/es\/vacaciones-malta-que-ver\/#Que_zona_elegir\" >Qu\u00e9 zona elegir<\/a><\/li><li class='ez-toc-page-1 ez-toc-heading-level-3'><a class=\"ez-toc-link ez-toc-heading-35\" href=\"https:\/\/loudavymkrokem.cz\/es\/vacaciones-malta-que-ver\/#Recomendaciones_concretas_de_alojamiento\" >Recomendaciones concretas de alojamiento<\/a><\/li><\/ul><\/li><li class='ez-toc-page-1 ez-toc-heading-level-2'><a class=\"ez-toc-link ez-toc-heading-36\" href=\"https:\/\/loudavymkrokem.cz\/es\/vacaciones-malta-que-ver\/#Que_comer_en_Malta_guia_para_vegetarianos_y_para_todos\" >Qu\u00e9 comer en Malta: gu\u00eda para vegetarianos y para todos<\/a><\/li><li class='ez-toc-page-1 ez-toc-heading-level-2'><a class=\"ez-toc-link ez-toc-heading-37\" href=\"https:\/\/loudavymkrokem.cz\/es\/vacaciones-malta-que-ver\/#Transporte_en_Malta_autobuses_ferri_y_coche\" >Transporte en Malta: autobuses, ferri y coche<\/a><ul class='ez-toc-list-level-3' ><li class='ez-toc-heading-level-3'><a class=\"ez-toc-link ez-toc-heading-38\" href=\"https:\/\/loudavymkrokem.cz\/es\/vacaciones-malta-que-ver\/#Los_autobuses_de_Tallinja\" >Los autobuses de Tallinja<\/a><\/li><li class='ez-toc-page-1 ez-toc-heading-level-3'><a class=\"ez-toc-link ez-toc-heading-39\" href=\"https:\/\/loudavymkrokem.cz\/es\/vacaciones-malta-que-ver\/#Ferri_a_Gozo_y_Comino\" >Ferri a Gozo y Comino<\/a><\/li><li class='ez-toc-page-1 ez-toc-heading-level-3'><a class=\"ez-toc-link ez-toc-heading-40\" href=\"https:\/\/loudavymkrokem.cz\/es\/vacaciones-malta-que-ver\/#%C2%BFAlquilar_coche_o_no\" >\u00bfAlquilar coche o no?<\/a><\/li><\/ul><\/li><li class='ez-toc-page-1 ez-toc-heading-level-2'><a class=\"ez-toc-link ez-toc-heading-41\" href=\"https:\/\/loudavymkrokem.cz\/es\/vacaciones-malta-que-ver\/#Cuanto_cuestan_unas_vacaciones_en_Malta\" >Cu\u00e1nto cuestan unas vacaciones en Malta<\/a><\/li><li class='ez-toc-page-1 ez-toc-heading-level-2'><a class=\"ez-toc-link ez-toc-heading-42\" href=\"https:\/\/loudavymkrokem.cz\/es\/vacaciones-malta-que-ver\/#A_que_prestar_atencion_en_Malta\" >A qu\u00e9 prestar atenci\u00f3n en Malta<\/a><\/li><li class='ez-toc-page-1 ez-toc-heading-level-2'><a class=\"ez-toc-link ez-toc-heading-43\" href=\"https:\/\/loudavymkrokem.cz\/es\/vacaciones-malta-que-ver\/#Malta_con_ninos\" >Malta con ni\u00f1os<\/a><\/li><li class='ez-toc-page-1 ez-toc-heading-level-2'><a class=\"ez-toc-link ez-toc-heading-44\" href=\"https:\/\/loudavymkrokem.cz\/es\/vacaciones-malta-que-ver\/#Y_ahora_que_mas_ideas_de_vacaciones_junto_al_mar\" >Y ahora qu\u00e9: m\u00e1s ideas de vacaciones junto al mar<\/a><\/li><li class='ez-toc-page-1 ez-toc-heading-level-2'><a class=\"ez-toc-link ez-toc-heading-45\" href=\"https:\/\/loudavymkrokem.cz\/es\/vacaciones-malta-que-ver\/#Preguntas_frecuentes\" >Preguntas frecuentes<\/a><ul class='ez-toc-list-level-3' ><li class='ez-toc-heading-level-3'><a class=\"ez-toc-link ez-toc-heading-46\" href=\"https:\/\/loudavymkrokem.cz\/es\/vacaciones-malta-que-ver\/#%C2%BFCuando_es_mejor_viajar_a_Malta\" >\u00bfCu\u00e1ndo es mejor viajar a Malta?<\/a><\/li><li class='ez-toc-page-1 ez-toc-heading-level-3'><a class=\"ez-toc-link ez-toc-heading-47\" href=\"https:\/\/loudavymkrokem.cz\/es\/vacaciones-malta-que-ver\/#%C2%BFCuanto_tiempo_necesitas_en_Malta\" >\u00bfCu\u00e1nto tiempo necesitas en Malta?<\/a><\/li><li class='ez-toc-page-1 ez-toc-heading-level-3'><a class=\"ez-toc-link ez-toc-heading-48\" href=\"https:\/\/loudavymkrokem.cz\/es\/vacaciones-malta-que-ver\/#%C2%BFSe_puede_nadar_en_Malta_aunque_no_tenga_playas_de_arena\" >\u00bfSe puede nadar en Malta aunque no tenga playas de arena?<\/a><\/li><li class='ez-toc-page-1 ez-toc-heading-level-3'><a class=\"ez-toc-link ez-toc-heading-49\" href=\"https:\/\/loudavymkrokem.cz\/es\/vacaciones-malta-que-ver\/#%C2%BFPuedo_comunicarme_en_ingles_en_Malta\" >\u00bfPuedo comunicarme en ingl\u00e9s en Malta?<\/a><\/li><li class='ez-toc-page-1 ez-toc-heading-level-3'><a class=\"ez-toc-link ez-toc-heading-50\" href=\"https:\/\/loudavymkrokem.cz\/es\/vacaciones-malta-que-ver\/#%C2%BFNecesito_coche_en_Malta\" >\u00bfNecesito coche en Malta?<\/a><\/li><li class='ez-toc-page-1 ez-toc-heading-level-3'><a class=\"ez-toc-link ez-toc-heading-51\" href=\"https:\/\/loudavymkrokem.cz\/es\/vacaciones-malta-que-ver\/#%C2%BFEs_Malta_cara\" >\u00bfEs Malta cara?<\/a><\/li><li class='ez-toc-page-1 ez-toc-heading-level-3'><a class=\"ez-toc-link ez-toc-heading-52\" href=\"https:\/\/loudavymkrokem.cz\/es\/vacaciones-malta-que-ver\/#%C2%BFMerece_la_pena_alojarse_en_Gozo\" >\u00bfMerece la pena alojarse en Gozo?<\/a><\/li><li class='ez-toc-page-1 ez-toc-heading-level-3'><a class=\"ez-toc-link ez-toc-heading-53\" href=\"https:\/\/loudavymkrokem.cz\/es\/vacaciones-malta-que-ver\/#%C2%BFEs_Malta_segura\" >\u00bfEs Malta segura?<\/a><\/li><\/ul><\/li><\/ul><\/nav><\/div>\n<h2 id=\"Shrnuti_pokud_nestihate_cist_cely_clanek\" class=\"wp-block-heading\"><span class=\"ez-toc-section\" id=\"Resumen\"><\/span>Resumen<span class=\"ez-toc-section-end\"><\/span><\/h2>\n\n\n\n<ul class=\"wp-block-list\">\n<li><strong>Malta, Gozo y Comino<\/strong> son las tres islas habitadas de este peque\u00f1o archipi\u00e9lago, y cada una tiene un ambiente y una atm\u00f3sfera totalmente distintos.<\/li>\n\n\n\n<li><strong>La Valeta<\/strong> es la capital m\u00e1s peque\u00f1a de la Uni\u00f3n Europea y todo su centro hist\u00f3rico est\u00e1 orgullosamente inscrito en la lista del Patrimonio Mundial de la UNESCO.<\/li>\n\n\n\n<li><strong>Los mejores meses para visitarla<\/strong> son, seg\u00fan los datos clim\u00e1ticos hist\u00f3ricos, mayo, junio, septiembre y octubre.<\/li>\n\n\n\n<li><strong>En julio y agosto<\/strong> hace mucho calor (las temperaturas suben a 30,2 y 30,3 \u00b0C) y casi no llueve: solo 0,3 y 1,4 d\u00edas de lluvia al mes.<\/li>\n\n\n\n<li><strong>El mar est\u00e1 m\u00e1s caliente<\/strong> en agosto, cuando alcanza los 27,8 \u00b0C, e incluso en octubre mantiene unos muy agradables 25,0 \u00b0C.<\/li>\n\n\n\n<li><strong>Playas de arena<\/strong> no encontrar\u00e1s muchas en Malta; el ba\u00f1o se hace sobre todo desde plataformas pedregosas y acantilados rocosos.<\/li>\n\n\n\n<li><strong>El idioma oficial es el ingl\u00e9s<\/strong>, se paga con el cl\u00e1sico euro (misma moneda que en Espa\u00f1a), pero se conduce por la izquierda.<\/li>\n\n\n\n<li><strong>La Laguna Azul de Comino<\/strong> es visualmente espectacular, pero por desgracia en temporada de verano suele estar extremadamente abarrotada de turistas.<\/li>\n<\/ul>\n\n\n\n<h2 id=\"Proc_jet_na_Maltu_a_pro_koho_se_naopak_nehodi\" class=\"wp-block-heading\"><span class=\"ez-toc-section\" id=\"Por_que_ir_a_Malta_y_para_quien_no_es_lo_ideal\"><\/span>Por qu\u00e9 ir a Malta (y para qui\u00e9n no es lo ideal)<span class=\"ez-toc-section-end\"><\/span><\/h2>\n\n\n\n<p class=\"wp-block-paragraph\">Decidir el pr\u00f3ximo destino puede ser a veces un peque\u00f1o quebradero de cabeza, sobre todo cuando cada pa\u00eds tiene sus particularidades y te atrae por algo distinto. Veamos en qu\u00e9 destaca por completo este estado insular y para qui\u00e9n, en cambio, quiz\u00e1 no encajen del todo unas <strong>vacaciones en Malta<\/strong>. Dicen que es un lugar de contrastes que o te enamora al instante o descubres r\u00e1pido que prefieres otro tipo de descanso.<\/p>\n\n\n\n<h3 id=\"6_duvodu_proc_si_Maltu_zamilujete\" class=\"wp-block-heading\"><span class=\"ez-toc-section\" id=\"6_razones_para_enamorarte_de_Malta\"><\/span>6 razones para enamorarte de Malta<span class=\"ez-toc-section-end\"><\/span><\/h3>\n\n\n\n<p class=\"wp-block-paragraph\"><strong>Historia en cada esquina.<\/strong> Aqu\u00ed encontrar\u00e1s impresionantes templos megal\u00edticos que, demostradamente, son m\u00e1s antiguos que las pir\u00e1mides egipcias, imponentes fortalezas de los Caballeros de San Juan y fascinantes vestigios de la Segunda Guerra Mundial. Si te encanta explorar callejuelas estrechas y monumentos hist\u00f3ricos, te sentir\u00e1s como en un enorme museo al aire libre.<\/p>\n\n\n\n<p class=\"wp-block-paragraph\"><strong>Ingl\u00e9s y ninguna barrera idiom\u00e1tica.<\/strong> Como el ingl\u00e9s es uno de los dos idiomas oficiales, te entiendes absolutamente en todas partes, desde las tiendecitas hasta los pueblos m\u00e1s apartados. Desaparece as\u00ed ese cl\u00e1sico estr\u00e9s vacacional con el diccionario en la mano, algo que muchos viajeros agradecen enormemente.<\/p>\n\n\n\n<p class=\"wp-block-paragraph\"><strong>Distancias realmente cortas.<\/strong> Puedes cruzar toda la isla principal en coche en apenas una hora, as\u00ed que puedes alojarte todo el tiempo en un solo sitio y desde all\u00ed hacer excursiones en todas direcciones. No tienes que estar haciendo y deshaciendo maletas de hotel en hotel, lo que ahorra un mont\u00f3n de energ\u00eda y tiempo valioso.<\/p>\n\n\n\n<p class=\"wp-block-paragraph\"><strong>La temporada de ba\u00f1o m\u00e1s larga de Europa.<\/strong> Mientras en otros lugares del Mediterr\u00e1neo ya sacan los jers\u00e9is en octubre, aqu\u00ed las estad\u00edsticas dicen que la gente sigue ba\u00f1\u00e1ndose con normalidad. Es la opci\u00f3n ideal para quienes quer\u00e9is alargar el verano hasta bien entrado el oto\u00f1o y disfrutar del sol.<\/p>\n\n\n\n<p class=\"wp-block-paragraph\"><strong>Agua cristalina y snorkel espectacular.<\/strong> La costa rocosa tiene una gran ventaja: la absoluta transparencia del agua, sin arena constantemente en suspensi\u00f3n. Seg\u00fan las rese\u00f1as, Malta ofrece algunas de las mejores condiciones para el buceo y la exploraci\u00f3n de la vida submarina de toda Europa.<\/p>\n\n\n\n<p class=\"wp-block-paragraph\"><strong>Accesibilidad y precios razonables.<\/strong> Frente a la popular Italia o Francia, los vuelos, el transporte y las comidas salen algo m\u00e1s asequibles, y adem\u00e1s los servicios son de buen nivel. El vuelo directo con KM Malta Airlines dura unas dos horas y media, as\u00ed que llegas r\u00e1pido y no pasas el d\u00eda entero de viaje.<\/p>\n\n\n\n<h3 id=\"Komu_Malta_nesedne\" class=\"wp-block-heading\"><span class=\"ez-toc-section\" id=\"Para_quien_no_encaja_Malta\"><\/span>Para qui\u00e9n no encaja Malta<span class=\"ez-toc-section-end\"><\/span><\/h3>\n\n\n\n<p class=\"wp-block-paragraph\">Aunque en las fotos parezca un aut\u00e9ntico para\u00edso, esta isla pedregosa no es la elecci\u00f3n ideal para todo el mundo. Mejor plant\u00e9ate un destino distinto si te identificas con alguna de las siguientes categor\u00edas. \u263a\ufe0f<\/p>\n\n\n\n<ul class=\"wp-block-list\">\n<li>Buscas <strong>largas playas de arena<\/strong>, porque aqu\u00ed hay realmente muy pocas y suponen solo una fracci\u00f3n de la costa.<\/li>\n\n\n\n<li>No soportas las multitudes, ya que Malta es el <strong>pa\u00eds m\u00e1s densamente poblado de la Uni\u00f3n Europea<\/strong> y en temporada se nota much\u00edsimo.<\/li>\n\n\n\n<li>Viajas buscando <strong>naturaleza salvaje y bosques frondosos<\/strong>, porque aqu\u00ed no los encontrar\u00e1s en absoluto.<\/li>\n\n\n\n<li>Planeas las vacaciones <strong>en agosto y llevas mal el calor<\/strong>, porque las temperaturas de verano aqu\u00ed son realmente implacables.<\/li>\n\n\n\n<li>Quieres silencio y calma absolutos y reservar\u00edas por error alojamiento en el barrio de <strong>St Julian&#8217;s, que es la principal zona de fiesta<\/strong> de toda la isla.<\/li>\n<\/ul>\n\n\n\n<h2 id=\"Kdy_jet_na_Maltu_pocasi_mesic_po_mesici\" class=\"wp-block-heading\"><span class=\"ez-toc-section\" id=\"Cuando_ir_a_Malta_el_clima_mes_a_mes\"><\/span>Cu\u00e1ndo ir a Malta: el clima mes a mes<span class=\"ez-toc-section-end\"><\/span><\/h2>\n\n\n\n<p class=\"wp-block-paragraph\">Elegir bien el momento es absolutamente clave para un viaje exitoso, as\u00ed que vamos a ver en detalle las cifras exactas. Los siguientes datos no son estimaciones a grosso modo, sino <strong>promedios de diez a\u00f1os, de 2015 a 2024<\/strong>, obtenidos del avanzado rean\u00e1lisis clim\u00e1tico ERA5.<\/p>\n\n\n\n<p class=\"wp-block-paragraph\">Los datos de temperatura del mar proceden del modelo marino <strong>de los a\u00f1os 2019 a 2024<\/strong>. Gracias a ello te har\u00e1s una idea totalmente clara de las condiciones que te esperan en cada mes y podr\u00e1s preparar mucho mejor la maleta.<\/p>\n\n\n\n<figure class=\"wp-block-table is-style-stripes\"><table class=\"has-fixed-layout\"><thead><tr><th>Mes<\/th><th>De d\u00eda<\/th><th>De noche<\/th><th>Mar<\/th><th>D\u00edas de lluvia<\/th><th>Sol\/d\u00eda<\/th><\/tr><\/thead><tbody><tr><td><strong>enero<\/strong><\/td><td>15 \u00b0C<\/td><td>12 \u00b0C<\/td><td>17 \u00b0C<\/td><td>8,1<\/td><td>8,7 h<\/td><\/tr><tr><td><strong>febrero<\/strong><\/td><td>16 \u00b0C<\/td><td>12 \u00b0C<\/td><td>16 \u00b0C<\/td><td>5,9<\/td><td>9,4 h<\/td><\/tr><tr><td><strong>marzo<\/strong><\/td><td>17 \u00b0C<\/td><td>12 \u00b0C<\/td><td>16 \u00b0C<\/td><td>6,7<\/td><td>10,5 h<\/td><\/tr><tr><td><strong>abril<\/strong><\/td><td>19 \u00b0C<\/td><td>14 \u00b0C<\/td><td>17 \u00b0C<\/td><td>3,2<\/td><td>11,1 h<\/td><\/tr><tr><td><strong>mayo<\/strong><\/td><td>22 \u00b0C<\/td><td>17 \u00b0C<\/td><td>19 \u00b0C<\/td><td>3,1<\/td><td>12,5 h<\/td><\/tr><tr><td><strong>junio<\/strong><\/td><td>27 \u00b0C<\/td><td>21 \u00b0C<\/td><td>23 \u00b0C<\/td><td>0,9<\/td><td>13,6 h<\/td><\/tr><tr><td><strong>julio<\/strong><\/td><td>30 \u00b0C<\/td><td>24 \u00b0C<\/td><td>27 \u00b0C<\/td><td>0,3<\/td><td>13,9 h<\/td><\/tr><tr><td><strong>agosto<\/strong><\/td><td>30 \u00b0C<\/td><td>25 \u00b0C<\/td><td>28 \u00b0C<\/td><td>1,4<\/td><td>12,5 h<\/td><\/tr><tr><td><strong>septiembre<\/strong><\/td><td>28 \u00b0C<\/td><td>23 \u00b0C<\/td><td>27 \u00b0C<\/td><td>4,7<\/td><td>11,2 h<\/td><\/tr><tr><td><strong>octubre<\/strong><\/td><td>24 \u00b0C<\/td><td>20 \u00b0C<\/td><td>25 \u00b0C<\/td><td>7,1<\/td><td>9,8 h<\/td><\/tr><tr><td><strong>noviembre<\/strong><\/td><td>21 \u00b0C<\/td><td>17 \u00b0C<\/td><td>23 \u00b0C<\/td><td>10,9<\/td><td>8,6 h<\/td><\/tr><tr><td><strong>diciembre<\/strong><\/td><td>17 \u00b0C<\/td><td>14 \u00b0C<\/td><td>19 \u00b0C<\/td><td>7,6<\/td><td>8,2 h<\/td><\/tr><\/tbody><\/table><figcaption class=\"wp-element-caption\">Temperaturas medias en Malta mes a mes. El aire y las precipitaciones son promedios de diez a\u00f1os (2015\u20132024) del rean\u00e1lisis ERA5; la temperatura del mar procede del modelo marino 2019\u20132024.<\/figcaption><\/figure>\n\n\n\n<h3 id=\"Nejlepsi_mesice_podle_typu_dovolene\" class=\"wp-block-heading\"><span class=\"ez-toc-section\" id=\"Los_mejores_meses_segun_el_tipo_de_vacaciones\"><\/span>Los mejores meses seg\u00fan el tipo de vacaciones<span class=\"ez-toc-section-end\"><\/span><\/h3>\n\n\n\n<ul class=\"wp-block-list\">\n<li><strong>Ba\u00f1o y relax en la playa:<\/strong> lo ideal es ir de junio a octubre, cuando la temperatura del mar se mueve entre unos preciosos 23,4 y 27,8 \u00b0C.<\/li>\n\n\n\n<li><strong>Turismo y visita de monumentos:<\/strong> las mejores condiciones se dan en abril, mayo y octubre, cuando las temperaturas diurnas alcanzan valores agradables de entre 18 y 24 \u00b0C.<\/li>\n\n\n\n<li><strong>Las fechas m\u00e1s baratas:<\/strong> merece la pena volar de noviembre a marzo, aunque debes contar con que el mar tiene solo 16 a 19 \u00b0C y, por ejemplo, en noviembre llueve de media 10,9 d\u00edas al mes.<\/li>\n\n\n\n<li><strong>Cu\u00e1ndo es mejor evitarlo:<\/strong> agosto suele ser demasiado duro para mucha gente por el calor extremo, las multitudes de turistas por todas partes y los precios de los servicios bastante m\u00e1s altos.<\/li>\n<\/ul>\n\n\n\n<h3 id=\"Zima_na_Malte_ma_to_smysl\" class=\"wp-block-heading\"><span class=\"ez-toc-section\" id=\"Invierno_en_Malta_%C2%BFmerece_la_pena\"><\/span>Invierno en Malta: \u00bfmerece la pena?<span class=\"ez-toc-section-end\"><\/span><\/h3>\n\n\n\n<p class=\"wp-block-paragraph\">Quiz\u00e1 te preguntes si tiene sentido volar al sur de Europa en pleno invierno, cuando ya no puedes ba\u00f1arte desde hace tiempo. Durante los meses de invierno las temperaturas rondan los <strong>15 a 17 \u00b0C<\/strong>, llueve unos 6 a 8 d\u00edas al mes y el mar tiene unos frescos 16 a 19 \u00b0C. Para tomar el sol en ba\u00f1ador desde luego no es, pero para largos paseos con un jersey ligero es totalmente ideal. \ud83d\ude05<\/p>\n\n\n\n<p class=\"wp-block-paragraph\">Si te atrae sobre todo descubrir monumentos antiguos, sentarte en cafeter\u00edas acogedoras y hacer tranquilas rutas por los acantilados, <strong>el invierno seguro que te encanta<\/strong>. Adem\u00e1s, en esta \u00e9poca pillas los vuelos m\u00e1s baratos y disfrutas de las callejuelas medio vac\u00edas de La Valeta, algo totalmente imposible en pleno verano caluroso.<\/p>\n\n\n\n<h2 id=\"Co_videt_na_Malte_24_tipu_ktere_stoji_za_vas_cas\" class=\"wp-block-heading\"><span class=\"ez-toc-section\" id=\"Que_ver_en_Malta_24_ideas_que_merecen_tu_tiempo\"><\/span>Qu\u00e9 ver en Malta: 24 ideas que merecen tu tiempo<span class=\"ez-toc-section-end\"><\/span><\/h2>\n\n\n\n<p class=\"wp-block-paragraph\">Este estado insular donde se paga en euros es peque\u00f1ito, pero tiene tantos monumentos que no sabr\u00e1s por d\u00f3nde empezar. El vuelo directo con KM Malta Airlines dura unas dos horas y media, as\u00ed que llegas r\u00e1pido a un lugar donde <strong>te entiendes sin problemas en ingl\u00e9s<\/strong>. Ahora dividiremos el archipi\u00e9lago de forma l\u00f3gica: la elegante Valeta, el tranquilo centro de la isla, el hist\u00f3rico sur, el pintoresco Comino, la m\u00e1s verde Gozo y las mejores playas.<\/p>\n\n\n\n<p class=\"wp-block-paragraph\">La enorme ventaja de Malta es que <strong>puedes alojarte en un solo sitio<\/strong> sin problema y recorrer desde all\u00ed c\u00f3modamente todos los monumentos con los autobuses verde-amarillos de la empresa Tallinja. Antes del viaje mete en la maleta un adaptador brit\u00e1nico de tres clavijas para enchufes tipo G y recuerda que aqu\u00ed se conduce por la izquierda, as\u00ed que si est\u00e1s pensando <a href=\"https:\/\/loudavymkrokem.cz\/es\/vacaciones-septiembre-destinos\/\">d\u00f3nde ir de vacaciones en septiembre<\/a>, este rinc\u00f3n europeo del Mediterr\u00e1neo es sencillamente una gran elecci\u00f3n.<\/p>\n\n\n\n<h3 id=\"1_Valletta_nejmensi_hlavni_mesto_EU\" class=\"wp-block-heading\"><span class=\"ez-toc-section\" id=\"1_La_Valeta_la_capital_mas_pequena_de_la_UE\"><\/span>1. La Valeta: la capital m\u00e1s peque\u00f1a de la UE<span class=\"ez-toc-section-end\"><\/span><\/h3>\n\n\n\n<p class=\"wp-block-paragraph\">La Valeta ostenta el t\u00edtulo de capital m\u00e1s peque\u00f1a de la Uni\u00f3n Europea y dicen que est\u00e1 entera, y con raz\u00f3n, inscrita en la lista del Patrimonio Mundial de la UNESCO. Este lugar incre\u00edblemente fotog\u00e9nico lo construyeron los Caballeros de San Juan justo despu\u00e9s del Gran Asedio de 1565, as\u00ed que hoy puedes admirar un <strong>estricto trazado geom\u00e9trico en cuadr\u00edcula<\/strong> que se completa con los t\u00edpicos balcones barrocos de todos los colores imaginables.<\/p>\n\n\n\n<figure data-wp-context=\"{&quot;imageId&quot;:&quot;6a9c14438a3a7&quot;}\" data-wp-interactive=\"core\/image\" data-wp-key=\"6a9c14438a3a7\" class=\"wp-block-image size-full wp-lightbox-container\"><img decoding=\"async\" width=\"1500\" height=\"1000\" data-wp-class--hide=\"state.isContentHidden\" data-wp-class--show=\"state.isContentVisible\" data-wp-init=\"callbacks.setButtonStyles\" data-wp-on--click=\"actions.showLightbox\" data-wp-on--load=\"callbacks.setButtonStyles\" data-wp-on--pointerdown=\"actions.preloadImage\" data-wp-on--pointerenter=\"actions.preloadImageWithDelay\" data-wp-on--pointerleave=\"actions.cancelPreload\" data-wp-on-window--resize=\"callbacks.setButtonStyles\" src=\"https:\/\/loudavymkrokem.cz\/wp-content\/uploads\/2026\/08\/dovolena-malta-t01.jpg\" alt=\"Avenida principal de La Valeta\" class=\"wp-image-399641\" title=\"\" srcset=\"https:\/\/loudavymkrokem.cz\/wp-content\/uploads\/2026\/08\/dovolena-malta-t01.jpg 1500w, https:\/\/loudavymkrokem.cz\/wp-content\/uploads\/2026\/08\/dovolena-malta-t01-300x200.jpg 300w, https:\/\/loudavymkrokem.cz\/wp-content\/uploads\/2026\/08\/dovolena-malta-t01-700x467.jpg 700w, https:\/\/loudavymkrokem.cz\/wp-content\/uploads\/2026\/08\/dovolena-malta-t01-768x512.jpg 768w, https:\/\/loudavymkrokem.cz\/wp-content\/uploads\/2026\/08\/dovolena-malta-t01-696x464.jpg 696w, https:\/\/loudavymkrokem.cz\/wp-content\/uploads\/2026\/08\/dovolena-malta-t01-1392x928.jpg 1392w\" sizes=\"(max-width: 1500px) 100vw, 1500px\" \/><button\n\t\t\tclass=\"lightbox-trigger\"\n\t\t\ttype=\"button\"\n\t\t\taria-haspopup=\"dialog\"\n\t\t\tdata-wp-bind--aria-label=\"state.thisImage.triggerButtonAriaLabel\"\n\t\t\tdata-wp-init=\"callbacks.initTriggerButton\"\n\t\t\tdata-wp-on--click=\"actions.showLightbox\"\n\t\t\tdata-wp-style--right=\"state.thisImage.buttonRight\"\n\t\t\tdata-wp-style--top=\"state.thisImage.buttonTop\"\n\t\t>\n\t\t\t<svg xmlns=\"http:\/\/www.w3.org\/2000\/svg\" width=\"12\" height=\"12\" fill=\"none\" viewBox=\"0 0 12 12\">\n\t\t\t\t<path fill=\"#fff\" d=\"M2 0a2 2 0 0 0-2 2v2h1.5V2a.5.5 0 0 1 .5-.5h2V0H2Zm2 10.5H2a.5.5 0 0 1-.5-.5V8H0v2a2 2 0 0 0 2 2h2v-1.5ZM8 12v-1.5h2a.5.5 0 0 0 .5-.5V8H12v2a2 2 0 0 1-2 2H8Zm2-12a2 2 0 0 1 2 2v2h-1.5V2a.5.5 0 0 0-.5-.5H8V0h2Z\" \/>\n\t\t\t<\/svg>\n\t\t<\/button><figcaption class=\"wp-element-caption\">Avenida principal de La Valeta (Foto: Txllxt TxllxT \/ Wikimedia Commons, CC BY-SA 4.0)<\/figcaption><\/figure>\n\n\n\n<p class=\"wp-block-paragraph\">Si quieres evitar las multitudes, los lugare\u00f1os recomiendan mucho llegar a la calle principal, Republic Street, o bien muy temprano o bien a partir de las cuatro de la tarde. Durante el d\u00eda, <strong>la ciudad suele llenarse de excursionistas de los grandes cruceros<\/strong>, lo que puede estropear un poco la impresi\u00f3n general, y as\u00ed disfrutar\u00e1s con calma de las cafeter\u00edas locales, con mucho mejor ambiente \u263a\ufe0f.<\/p>\n\n\n\n<h3 id=\"2_Konkatedrala_svateho_Jana_baroko_ktere_vyrazi_dech\" class=\"wp-block-heading\"><span class=\"ez-toc-section\" id=\"2_Concatedral_de_San_Juan_un_barroco_que_quita_el_aliento\"><\/span>2. Concatedral de San Juan: un barroco que quita el aliento<span class=\"ez-toc-section-end\"><\/span><\/h3>\n\n\n\n<p class=\"wp-block-paragraph\">A primera vista, este edificio parece por fuera una fortaleza bastante austera, pero en cuanto entras te espera una aut\u00e9ntica <strong>explosi\u00f3n barroca dorada<\/strong>. Los viajeros coinciden en que es una de las iglesias m\u00e1s bonitas de Europa, con un suelo formado por casi cuatrocientas l\u00e1pidas de m\u00e1rmol maravillosamente decoradas de los Caballeros de San Juan, por las que caminas.<\/p>\n\n\n\n<figure data-wp-context=\"{&quot;imageId&quot;:&quot;6a9c14438ab65&quot;}\" data-wp-interactive=\"core\/image\" data-wp-key=\"6a9c14438ab65\" class=\"wp-block-image size-full wp-lightbox-container\"><img decoding=\"async\" width=\"1500\" height=\"890\" data-wp-class--hide=\"state.isContentHidden\" data-wp-class--show=\"state.isContentVisible\" data-wp-init=\"callbacks.setButtonStyles\" data-wp-on--click=\"actions.showLightbox\" data-wp-on--load=\"callbacks.setButtonStyles\" data-wp-on--pointerdown=\"actions.preloadImage\" data-wp-on--pointerenter=\"actions.preloadImageWithDelay\" data-wp-on--pointerleave=\"actions.cancelPreload\" data-wp-on-window--resize=\"callbacks.setButtonStyles\" src=\"https:\/\/loudavymkrokem.cz\/wp-content\/uploads\/2026\/08\/dovolena-malta-t02.jpg\" alt=\"Interior dorado de la Concatedral de San Juan\" class=\"wp-image-399647\" title=\"\" srcset=\"https:\/\/loudavymkrokem.cz\/wp-content\/uploads\/2026\/08\/dovolena-malta-t02.jpg 1500w, https:\/\/loudavymkrokem.cz\/wp-content\/uploads\/2026\/08\/dovolena-malta-t02-300x178.jpg 300w, https:\/\/loudavymkrokem.cz\/wp-content\/uploads\/2026\/08\/dovolena-malta-t02-700x415.jpg 700w, https:\/\/loudavymkrokem.cz\/wp-content\/uploads\/2026\/08\/dovolena-malta-t02-768x456.jpg 768w, https:\/\/loudavymkrokem.cz\/wp-content\/uploads\/2026\/08\/dovolena-malta-t02-696x413.jpg 696w, https:\/\/loudavymkrokem.cz\/wp-content\/uploads\/2026\/08\/dovolena-malta-t02-1392x826.jpg 1392w\" sizes=\"(max-width: 1500px) 100vw, 1500px\" \/><button\n\t\t\tclass=\"lightbox-trigger\"\n\t\t\ttype=\"button\"\n\t\t\taria-haspopup=\"dialog\"\n\t\t\tdata-wp-bind--aria-label=\"state.thisImage.triggerButtonAriaLabel\"\n\t\t\tdata-wp-init=\"callbacks.initTriggerButton\"\n\t\t\tdata-wp-on--click=\"actions.showLightbox\"\n\t\t\tdata-wp-style--right=\"state.thisImage.buttonRight\"\n\t\t\tdata-wp-style--top=\"state.thisImage.buttonTop\"\n\t\t>\n\t\t\t<svg xmlns=\"http:\/\/www.w3.org\/2000\/svg\" width=\"12\" height=\"12\" fill=\"none\" viewBox=\"0 0 12 12\">\n\t\t\t\t<path fill=\"#fff\" d=\"M2 0a2 2 0 0 0-2 2v2h1.5V2a.5.5 0 0 1 .5-.5h2V0H2Zm2 10.5H2a.5.5 0 0 1-.5-.5V8H0v2a2 2 0 0 0 2 2h2v-1.5ZM8 12v-1.5h2a.5.5 0 0 0 .5-.5V8H12v2a2 2 0 0 1-2 2H8Zm2-12a2 2 0 0 1 2 2v2h-1.5V2a.5.5 0 0 0-.5-.5H8V0h2Z\" \/>\n\t\t\t<\/svg>\n\t\t<\/button><figcaption class=\"wp-element-caption\">Interior dorado de la Concatedral de San Juan (Foto: Mike McBey \/ Wikimedia Commons, CC BY 2.0)<\/figcaption><\/figure>\n\n\n\n<p class=\"wp-block-paragraph\">Aqu\u00ed se paga entrada, pero dicen que la visita merece de sobra el precio, sobre todo si tienes en cuenta que dentro cuelgan dos famosos lienzos de Caravaggio. La pieza m\u00e1s valiosa es, c\u00f3mo no, el <strong>monumental cuadro de la Decapitaci\u00f3n de San Juan Bautista<\/strong>, que es, por cierto, el \u00fanico lienzo que este c\u00e9lebre pintor italiano firm\u00f3 en persona, y puedes verlo con tus propios ojos.<\/p>\n\n\n\n<h3 id=\"3_Upper_Barrakka_Gardens_a_poledni_salva\" class=\"wp-block-heading\"><span class=\"ez-toc-section\" id=\"3_Los_Upper_Barrakka_Gardens_y_la_salva_del_mediodia\"><\/span>3. Los Upper Barrakka Gardens y la salva del mediod\u00eda<span class=\"ez-toc-section-end\"><\/span><\/h3>\n\n\n\n<p class=\"wp-block-paragraph\">Si buscas el mejor lugar para hacer fotos, tienes que asomarte a estos preciosos jardines, desde donde se abre una <strong>vista espectacular de todo el Grand Harbour<\/strong> y de las Tres Ciudades de enfrente. Los jardines serv\u00edan originalmente solo para uso privado de los caballeros italianos, pero hoy puedes descansar junto a la fuente y refugiarte del sol abrasador de verano bajo las arcadas decoradas.<\/p>\n\n\n\n<figure data-wp-context=\"{&quot;imageId&quot;:&quot;6a9c14438b589&quot;}\" data-wp-interactive=\"core\/image\" data-wp-key=\"6a9c14438b589\" class=\"wp-block-image size-full wp-lightbox-container\"><img decoding=\"async\" width=\"1500\" height=\"1000\" data-wp-class--hide=\"state.isContentHidden\" data-wp-class--show=\"state.isContentVisible\" data-wp-init=\"callbacks.setButtonStyles\" data-wp-on--click=\"actions.showLightbox\" data-wp-on--load=\"callbacks.setButtonStyles\" data-wp-on--pointerdown=\"actions.preloadImage\" data-wp-on--pointerenter=\"actions.preloadImageWithDelay\" data-wp-on--pointerleave=\"actions.cancelPreload\" data-wp-on-window--resize=\"callbacks.setButtonStyles\" src=\"https:\/\/loudavymkrokem.cz\/wp-content\/uploads\/2026\/08\/dovolena-malta-t03.jpg\" alt=\"Vista desde los Upper Barrakka Gardens\" class=\"wp-image-399655\" title=\"\" srcset=\"https:\/\/loudavymkrokem.cz\/wp-content\/uploads\/2026\/08\/dovolena-malta-t03.jpg 1500w, https:\/\/loudavymkrokem.cz\/wp-content\/uploads\/2026\/08\/dovolena-malta-t03-300x200.jpg 300w, https:\/\/loudavymkrokem.cz\/wp-content\/uploads\/2026\/08\/dovolena-malta-t03-700x467.jpg 700w, https:\/\/loudavymkrokem.cz\/wp-content\/uploads\/2026\/08\/dovolena-malta-t03-768x512.jpg 768w, https:\/\/loudavymkrokem.cz\/wp-content\/uploads\/2026\/08\/dovolena-malta-t03-696x464.jpg 696w, https:\/\/loudavymkrokem.cz\/wp-content\/uploads\/2026\/08\/dovolena-malta-t03-1392x928.jpg 1392w\" sizes=\"(max-width: 1500px) 100vw, 1500px\" \/><button\n\t\t\tclass=\"lightbox-trigger\"\n\t\t\ttype=\"button\"\n\t\t\taria-haspopup=\"dialog\"\n\t\t\tdata-wp-bind--aria-label=\"state.thisImage.triggerButtonAriaLabel\"\n\t\t\tdata-wp-init=\"callbacks.initTriggerButton\"\n\t\t\tdata-wp-on--click=\"actions.showLightbox\"\n\t\t\tdata-wp-style--right=\"state.thisImage.buttonRight\"\n\t\t\tdata-wp-style--top=\"state.thisImage.buttonTop\"\n\t\t>\n\t\t\t<svg xmlns=\"http:\/\/www.w3.org\/2000\/svg\" width=\"12\" height=\"12\" fill=\"none\" viewBox=\"0 0 12 12\">\n\t\t\t\t<path fill=\"#fff\" d=\"M2 0a2 2 0 0 0-2 2v2h1.5V2a.5.5 0 0 1 .5-.5h2V0H2Zm2 10.5H2a.5.5 0 0 1-.5-.5V8H0v2a2 2 0 0 0 2 2h2v-1.5ZM8 12v-1.5h2a.5.5 0 0 0 .5-.5V8H12v2a2 2 0 0 1-2 2H8Zm2-12a2 2 0 0 1 2 2v2h-1.5V2a.5.5 0 0 0-.5-.5H8V0h2Z\" \/>\n\t\t\t<\/svg>\n\t\t<\/button><figcaption class=\"wp-element-caption\">Vista desde los Upper Barrakka Gardens (Foto: This photo was taken by Anton Zelenov.\nPlease credit this wi \/ Wikimedia Commons, CC BY-SA 4.0)<\/figcaption><\/figure>\n\n\n\n<p class=\"wp-block-paragraph\">Un consejo pr\u00e1ctico es planificar la visita justo a mediod\u00eda o a las cuatro de la tarde, cuando un piso m\u00e1s abajo, en la terraza de la Saluting Battery, tiene lugar la tradicional salva de ca\u00f1\u00f3n. Dicen que es un espect\u00e1culo muy ruidoso, pero <strong>una demostraci\u00f3n hist\u00f3rica muy popular<\/strong>, que te transporta al instante un par de siglos atr\u00e1s, a la \u00e9poca de los intr\u00e9pidos defensores de esta peque\u00f1a isla.<\/p>\n\n\n\n<h3 id=\"4_Grand_Harbour_prirodni_pristav_ktery_zmenil_dejiny\" class=\"wp-block-heading\"><span class=\"ez-toc-section\" id=\"4_Grand_Harbour_el_puerto_natural_que_cambio_la_historia\"><\/span>4. Grand Harbour: el puerto natural que cambi\u00f3 la historia<span class=\"ez-toc-section-end\"><\/span><\/h3>\n\n\n\n<p class=\"wp-block-paragraph\">Este enorme puerto natural marc\u00f3 la historia de todo el Mediterr\u00e1neo y, seg\u00fan muchas gu\u00edas tur\u00edsticas, es uno de los m\u00e1s imponentes del mundo. Los poderosos bastiones y murallas defensivas se alzan aqu\u00ed como mudos testigos de acontecimientos dram\u00e1ticos; el puerto tuvo un papel especialmente clave durante la Segunda Guerra Mundial, por lo que toda Malta recibi\u00f3 del rey brit\u00e1nico la <strong>famosa Cruz de San Jorge al valor<\/strong>.<\/p>\n\n\n\n<figure data-wp-context=\"{&quot;imageId&quot;:&quot;6a9c14438bba3&quot;}\" data-wp-interactive=\"core\/image\" data-wp-key=\"6a9c14438bba3\" class=\"wp-block-image size-full wp-lightbox-container\"><img decoding=\"async\" width=\"1500\" height=\"1125\" data-wp-class--hide=\"state.isContentHidden\" data-wp-class--show=\"state.isContentVisible\" data-wp-init=\"callbacks.setButtonStyles\" data-wp-on--click=\"actions.showLightbox\" data-wp-on--load=\"callbacks.setButtonStyles\" data-wp-on--pointerdown=\"actions.preloadImage\" data-wp-on--pointerenter=\"actions.preloadImageWithDelay\" data-wp-on--pointerleave=\"actions.cancelPreload\" data-wp-on-window--resize=\"callbacks.setButtonStyles\" src=\"https:\/\/loudavymkrokem.cz\/wp-content\/uploads\/2026\/08\/dovolena-malta-t04.jpg\" alt=\"Grand Harbour en Malta\" class=\"wp-image-399663\" title=\"\" srcset=\"https:\/\/loudavymkrokem.cz\/wp-content\/uploads\/2026\/08\/dovolena-malta-t04.jpg 1500w, https:\/\/loudavymkrokem.cz\/wp-content\/uploads\/2026\/08\/dovolena-malta-t04-300x225.jpg 300w, https:\/\/loudavymkrokem.cz\/wp-content\/uploads\/2026\/08\/dovolena-malta-t04-700x525.jpg 700w, https:\/\/loudavymkrokem.cz\/wp-content\/uploads\/2026\/08\/dovolena-malta-t04-768x576.jpg 768w, https:\/\/loudavymkrokem.cz\/wp-content\/uploads\/2026\/08\/dovolena-malta-t04-80x60.jpg 80w, https:\/\/loudavymkrokem.cz\/wp-content\/uploads\/2026\/08\/dovolena-malta-t04-160x120.jpg 160w, https:\/\/loudavymkrokem.cz\/wp-content\/uploads\/2026\/08\/dovolena-malta-t04-696x522.jpg 696w, https:\/\/loudavymkrokem.cz\/wp-content\/uploads\/2026\/08\/dovolena-malta-t04-1392x1044.jpg 1392w\" sizes=\"(max-width: 1500px) 100vw, 1500px\" \/><button\n\t\t\tclass=\"lightbox-trigger\"\n\t\t\ttype=\"button\"\n\t\t\taria-haspopup=\"dialog\"\n\t\t\tdata-wp-bind--aria-label=\"state.thisImage.triggerButtonAriaLabel\"\n\t\t\tdata-wp-init=\"callbacks.initTriggerButton\"\n\t\t\tdata-wp-on--click=\"actions.showLightbox\"\n\t\t\tdata-wp-style--right=\"state.thisImage.buttonRight\"\n\t\t\tdata-wp-style--top=\"state.thisImage.buttonTop\"\n\t\t>\n\t\t\t<svg xmlns=\"http:\/\/www.w3.org\/2000\/svg\" width=\"12\" height=\"12\" fill=\"none\" viewBox=\"0 0 12 12\">\n\t\t\t\t<path fill=\"#fff\" d=\"M2 0a2 2 0 0 0-2 2v2h1.5V2a.5.5 0 0 1 .5-.5h2V0H2Zm2 10.5H2a.5.5 0 0 1-.5-.5V8H0v2a2 2 0 0 0 2 2h2v-1.5ZM8 12v-1.5h2a.5.5 0 0 0 .5-.5V8H12v2a2 2 0 0 1-2 2H8Zm2-12a2 2 0 0 1 2 2v2h-1.5V2a.5.5 0 0 0-.5-.5H8V0h2Z\" \/>\n\t\t\t<\/svg>\n\t\t<\/button><figcaption class=\"wp-element-caption\">Grand Harbour en Malta (Foto: Pacopac \/ Wikimedia Commons, CC BY-SA 4.0)<\/figcaption><\/figure>\n\n\n\n<p class=\"wp-block-paragraph\">Dicen que la mejor manera de captar la magnitud de todas las fortificaciones es directamente desde el agua, as\u00ed que merece mucho la pena hacer un paseo panor\u00e1mico organizado en barca. Puedes comprar los billetes directamente en el paseo mar\u00edtimo de La Valeta y, desde la cubierta, obtienes de las <strong>altas murallas y las fortalezas hist\u00f3ricas<\/strong> una perspectiva totalmente distinta y mucho m\u00e1s interesante que desde tierra firme.<\/p>\n\n\n\n<h3 id=\"5_Tri_mesta_Vittoriosa_Senglea_a_Cospicua\" class=\"wp-block-heading\"><span class=\"ez-toc-section\" id=\"5_Las_Tres_Ciudades_Vittoriosa_Senglea_y_Cospicua\"><\/span>5. Las Tres Ciudades: Vittoriosa, Senglea y Cospicua<span class=\"ez-toc-section-end\"><\/span><\/h3>\n\n\n\n<p class=\"wp-block-paragraph\">Justo enfrente de la capital est\u00e1n Vittoriosa, Senglea y Cospicua, tres localidades hist\u00f3ricas donde, seg\u00fan dicen, encontrar\u00e1s una <strong>atm\u00f3sfera mucho m\u00e1s aut\u00e9ntica<\/strong> que en la propia Valeta. Aqu\u00ed llegan bastantes menos turistas, as\u00ed que puedes disfrutar con calma paseando por callejuelas estrechas, admirar los yates de lujo en la marina y explorar la majestuosa fortaleza de Fort St Angelo.<\/p>\n\n\n\n<figure data-wp-context=\"{&quot;imageId&quot;:&quot;6a9c14438c116&quot;}\" data-wp-interactive=\"core\/image\" data-wp-key=\"6a9c14438c116\" class=\"wp-block-image size-full wp-lightbox-container\"><img decoding=\"async\" width=\"1500\" height=\"887\" data-wp-class--hide=\"state.isContentHidden\" data-wp-class--show=\"state.isContentVisible\" data-wp-init=\"callbacks.setButtonStyles\" data-wp-on--click=\"actions.showLightbox\" data-wp-on--load=\"callbacks.setButtonStyles\" data-wp-on--pointerdown=\"actions.preloadImage\" data-wp-on--pointerenter=\"actions.preloadImageWithDelay\" data-wp-on--pointerleave=\"actions.cancelPreload\" data-wp-on-window--resize=\"callbacks.setButtonStyles\" src=\"https:\/\/loudavymkrokem.cz\/wp-content\/uploads\/2026\/08\/dovolena-malta-t05.jpg\" alt=\"Vittoriosa y Fort St Angelo en el Grand Harbour\" class=\"wp-image-399744\" title=\"\" srcset=\"https:\/\/loudavymkrokem.cz\/wp-content\/uploads\/2026\/08\/dovolena-malta-t05.jpg 1500w, https:\/\/loudavymkrokem.cz\/wp-content\/uploads\/2026\/08\/dovolena-malta-t05-300x177.jpg 300w, https:\/\/loudavymkrokem.cz\/wp-content\/uploads\/2026\/08\/dovolena-malta-t05-700x414.jpg 700w, https:\/\/loudavymkrokem.cz\/wp-content\/uploads\/2026\/08\/dovolena-malta-t05-768x454.jpg 768w, https:\/\/loudavymkrokem.cz\/wp-content\/uploads\/2026\/08\/dovolena-malta-t05-696x412.jpg 696w, https:\/\/loudavymkrokem.cz\/wp-content\/uploads\/2026\/08\/dovolena-malta-t05-1392x823.jpg 1392w\" sizes=\"(max-width: 1500px) 100vw, 1500px\" \/><button\n\t\t\tclass=\"lightbox-trigger\"\n\t\t\ttype=\"button\"\n\t\t\taria-haspopup=\"dialog\"\n\t\t\tdata-wp-bind--aria-label=\"state.thisImage.triggerButtonAriaLabel\"\n\t\t\tdata-wp-init=\"callbacks.initTriggerButton\"\n\t\t\tdata-wp-on--click=\"actions.showLightbox\"\n\t\t\tdata-wp-style--right=\"state.thisImage.buttonRight\"\n\t\t\tdata-wp-style--top=\"state.thisImage.buttonTop\"\n\t\t>\n\t\t\t<svg xmlns=\"http:\/\/www.w3.org\/2000\/svg\" width=\"12\" height=\"12\" fill=\"none\" viewBox=\"0 0 12 12\">\n\t\t\t\t<path fill=\"#fff\" d=\"M2 0a2 2 0 0 0-2 2v2h1.5V2a.5.5 0 0 1 .5-.5h2V0H2Zm2 10.5H2a.5.5 0 0 1-.5-.5V8H0v2a2 2 0 0 0 2 2h2v-1.5ZM8 12v-1.5h2a.5.5 0 0 0 .5-.5V8H12v2a2 2 0 0 1-2 2H8Zm2-12a2 2 0 0 1 2 2v2h-1.5V2a.5.5 0 0 0-.5-.5H8V0h2Z\" \/>\n\t\t\t<\/svg>\n\t\t<\/button><figcaption class=\"wp-element-caption\">Vittoriosa y Fort St Angelo en el Grand Harbour (Foto: Karelj \/ Wikimedia Commons, CC BY-SA 3.0)<\/figcaption><\/figure>\n\n\n\n<p class=\"wp-block-paragraph\">Los viajeros recomiendan no hacer el trayecto desde La Valeta en autob\u00fas, sino dejarse llevar a la otra orilla en una tradicional barca de madera llamada dg\u0127ajsa. El viaje dura solo unos minutos y cuesta normalmente unos 2 \u20ac. Eso s\u00ed, no olvides contratar un buen <a href=\"https:\/\/loudavymkrokem.cz\/jak-vybrat-cestovni-pojisteni-na-dovolenou\/\">seguro de viaje<\/a>, porque son embarcaciones peque\u00f1as y la seguridad siempre es lo primero.<\/p>\n\n\n\n<h3 id=\"6_Sliema_a_St_Julian_s_promenada_nakupy_a_nocni_zivot\" class=\"wp-block-heading\"><span class=\"ez-toc-section\" id=\"6_Sliema_y_St_Julians_paseo_maritimo_compras_y_vida_nocturna\"><\/span>6. Sliema y St Julian&#8217;s: paseo mar\u00edtimo, compras y vida nocturna<span class=\"ez-toc-section-end\"><\/span><\/h3>\n\n\n\n<p class=\"wp-block-paragraph\">Si anhelas el bullicio urbano moderno, los centros comerciales y un amplio paseo mar\u00edtimo, estos dos barrios conectados no te decepcionar\u00e1n. Mientras la pintoresca bah\u00eda de Spinola Bay est\u00e1 llena de fotog\u00e9nicas barcas de colores, el paseo costero, seg\u00fan dicen, ofrece <strong>condiciones ideales para caminatas al atardecer<\/strong> y el popular ba\u00f1o directamente desde muelles de hormig\u00f3n y rocas.<\/p>\n\n\n\n<figure data-wp-context=\"{&quot;imageId&quot;:&quot;6a9c14438c68f&quot;}\" data-wp-interactive=\"core\/image\" data-wp-key=\"6a9c14438c68f\" class=\"wp-block-image size-full wp-lightbox-container\"><img decoding=\"async\" width=\"1500\" height=\"999\" data-wp-class--hide=\"state.isContentHidden\" data-wp-class--show=\"state.isContentVisible\" data-wp-init=\"callbacks.setButtonStyles\" data-wp-on--click=\"actions.showLightbox\" data-wp-on--load=\"callbacks.setButtonStyles\" data-wp-on--pointerdown=\"actions.preloadImage\" data-wp-on--pointerenter=\"actions.preloadImageWithDelay\" data-wp-on--pointerleave=\"actions.cancelPreload\" data-wp-on-window--resize=\"callbacks.setButtonStyles\" src=\"https:\/\/loudavymkrokem.cz\/wp-content\/uploads\/2026\/08\/dovolena-malta-t06.jpg\" alt=\"Spinola Bay en St Julian&#039;s\" class=\"wp-image-399672\" title=\"\" srcset=\"https:\/\/loudavymkrokem.cz\/wp-content\/uploads\/2026\/08\/dovolena-malta-t06.jpg 1500w, https:\/\/loudavymkrokem.cz\/wp-content\/uploads\/2026\/08\/dovolena-malta-t06-300x200.jpg 300w, https:\/\/loudavymkrokem.cz\/wp-content\/uploads\/2026\/08\/dovolena-malta-t06-700x466.jpg 700w, https:\/\/loudavymkrokem.cz\/wp-content\/uploads\/2026\/08\/dovolena-malta-t06-768x511.jpg 768w, https:\/\/loudavymkrokem.cz\/wp-content\/uploads\/2026\/08\/dovolena-malta-t06-696x464.jpg 696w, https:\/\/loudavymkrokem.cz\/wp-content\/uploads\/2026\/08\/dovolena-malta-t06-1392x927.jpg 1392w\" sizes=\"(max-width: 1500px) 100vw, 1500px\" \/><button\n\t\t\tclass=\"lightbox-trigger\"\n\t\t\ttype=\"button\"\n\t\t\taria-haspopup=\"dialog\"\n\t\t\tdata-wp-bind--aria-label=\"state.thisImage.triggerButtonAriaLabel\"\n\t\t\tdata-wp-init=\"callbacks.initTriggerButton\"\n\t\t\tdata-wp-on--click=\"actions.showLightbox\"\n\t\t\tdata-wp-style--right=\"state.thisImage.buttonRight\"\n\t\t\tdata-wp-style--top=\"state.thisImage.buttonTop\"\n\t\t>\n\t\t\t<svg xmlns=\"http:\/\/www.w3.org\/2000\/svg\" width=\"12\" height=\"12\" fill=\"none\" viewBox=\"0 0 12 12\">\n\t\t\t\t<path fill=\"#fff\" d=\"M2 0a2 2 0 0 0-2 2v2h1.5V2a.5.5 0 0 1 .5-.5h2V0H2Zm2 10.5H2a.5.5 0 0 1-.5-.5V8H0v2a2 2 0 0 0 2 2h2v-1.5ZM8 12v-1.5h2a.5.5 0 0 0 .5-.5V8H12v2a2 2 0 0 1-2 2H8Zm2-12a2 2 0 0 1 2 2v2h-1.5V2a.5.5 0 0 0-.5-.5H8V0h2Z\" \/>\n\t\t\t<\/svg>\n\t\t<\/button><figcaption class=\"wp-element-caption\">Spinola Bay en St Julian&#8217;s (Foto: This photo was taken by Anton Zelenov.\nPlease credit this wi \/ Wikimedia Commons, CC BY-SA 4.0)<\/figcaption><\/figure>\n\n\n\n<p class=\"wp-block-paragraph\">Los viajeros, eso s\u00ed, advierten sobre la zona de Paceville, en el barrio de St Julian&#8217;s, que funciona como una enorme y ruidos\u00edsima zona de fiesta. Si no andas buscando discotecas salvajes y bares baratos llenos de estudiantes de academias de idiomas, <strong>mejor evita esta zona de noche<\/strong> y al\u00f3jate en alguna parte m\u00e1s tranquila de la isla \ud83d\ude05.<\/p>\n\n\n\n<h3 id=\"7_Mdina_Tiche_mesto_za_hradbami\" class=\"wp-block-heading\"><span class=\"ez-toc-section\" id=\"7_Mdina_la_Ciudad_Silenciosa_tras_las_murallas\"><\/span>7. Mdina: la Ciudad Silenciosa tras las murallas<span class=\"ez-toc-section-end\"><\/span><\/h3>\n\n\n\n<p class=\"wp-block-paragraph\">La antigua capital se esconde a salvo tras altas murallas en el centro de la isla y, gracias a su atm\u00f3sfera \u00fanica, se la apoda con toda raz\u00f3n la Ciudad Silenciosa. Los fans de las series reconocer\u00e1n sin duda la majestuosa puerta principal, la Mdina Gate, porque aqu\u00ed <strong>se rodaron escenas de la famosa Juego de Tronos<\/strong>, pero todos los visitantes quedan hechizados por el laberinto de estrechas callejuelas de piedra arenisca.<\/p>\n\n\n\n<figure data-wp-context=\"{&quot;imageId&quot;:&quot;6a9c14438cb89&quot;}\" data-wp-interactive=\"core\/image\" data-wp-key=\"6a9c14438cb89\" class=\"wp-block-image size-full wp-lightbox-container\"><img decoding=\"async\" width=\"1500\" height=\"1125\" data-wp-class--hide=\"state.isContentHidden\" data-wp-class--show=\"state.isContentVisible\" data-wp-init=\"callbacks.setButtonStyles\" data-wp-on--click=\"actions.showLightbox\" data-wp-on--load=\"callbacks.setButtonStyles\" data-wp-on--pointerdown=\"actions.preloadImage\" data-wp-on--pointerenter=\"actions.preloadImageWithDelay\" data-wp-on--pointerleave=\"actions.cancelPreload\" data-wp-on-window--resize=\"callbacks.setButtonStyles\" src=\"https:\/\/loudavymkrokem.cz\/wp-content\/uploads\/2026\/08\/dovolena-malta-t07.jpg\" alt=\"Puerta de entrada a Mdina, la Ciudad Silenciosa\" class=\"wp-image-399675\" title=\"\" srcset=\"https:\/\/loudavymkrokem.cz\/wp-content\/uploads\/2026\/08\/dovolena-malta-t07.jpg 1500w, https:\/\/loudavymkrokem.cz\/wp-content\/uploads\/2026\/08\/dovolena-malta-t07-300x225.jpg 300w, https:\/\/loudavymkrokem.cz\/wp-content\/uploads\/2026\/08\/dovolena-malta-t07-700x525.jpg 700w, https:\/\/loudavymkrokem.cz\/wp-content\/uploads\/2026\/08\/dovolena-malta-t07-768x576.jpg 768w, https:\/\/loudavymkrokem.cz\/wp-content\/uploads\/2026\/08\/dovolena-malta-t07-80x60.jpg 80w, https:\/\/loudavymkrokem.cz\/wp-content\/uploads\/2026\/08\/dovolena-malta-t07-160x120.jpg 160w, https:\/\/loudavymkrokem.cz\/wp-content\/uploads\/2026\/08\/dovolena-malta-t07-696x522.jpg 696w, https:\/\/loudavymkrokem.cz\/wp-content\/uploads\/2026\/08\/dovolena-malta-t07-1392x1044.jpg 1392w\" sizes=\"(max-width: 1500px) 100vw, 1500px\" \/><button\n\t\t\tclass=\"lightbox-trigger\"\n\t\t\ttype=\"button\"\n\t\t\taria-haspopup=\"dialog\"\n\t\t\tdata-wp-bind--aria-label=\"state.thisImage.triggerButtonAriaLabel\"\n\t\t\tdata-wp-init=\"callbacks.initTriggerButton\"\n\t\t\tdata-wp-on--click=\"actions.showLightbox\"\n\t\t\tdata-wp-style--right=\"state.thisImage.buttonRight\"\n\t\t\tdata-wp-style--top=\"state.thisImage.buttonTop\"\n\t\t>\n\t\t\t<svg xmlns=\"http:\/\/www.w3.org\/2000\/svg\" width=\"12\" height=\"12\" fill=\"none\" viewBox=\"0 0 12 12\">\n\t\t\t\t<path fill=\"#fff\" d=\"M2 0a2 2 0 0 0-2 2v2h1.5V2a.5.5 0 0 1 .5-.5h2V0H2Zm2 10.5H2a.5.5 0 0 1-.5-.5V8H0v2a2 2 0 0 0 2 2h2v-1.5ZM8 12v-1.5h2a.5.5 0 0 0 .5-.5V8H12v2a2 2 0 0 1-2 2H8Zm2-12a2 2 0 0 1 2 2v2h-1.5V2a.5.5 0 0 0-.5-.5H8V0h2Z\" \/>\n\t\t\t<\/svg>\n\t\t<\/button><figcaption class=\"wp-element-caption\">Puerta de entrada a Mdina, la Ciudad Silenciosa (Foto: Simontabone \/ Wikimedia Commons, CC BY-SA 4.0)<\/figcaption><\/figure>\n\n\n\n<p class=\"wp-block-paragraph\">Durante el d\u00eda suele haber bastante bullicio dentro de las murallas, por eso se recomienda venir a visitarla al anochecer, cuando la mayor\u00eda de las excursiones organizadas ya han regresado al mar. Despu\u00e9s del ocaso, las calles hist\u00f3ricas quedan casi desiertas, las farolas proyectan largas sombras y, seg\u00fan dicen, solo entonces <strong>comprendes a la perfecci\u00f3n por qu\u00e9 Mdina se merece de verdad su nombre silencioso<\/strong>.<\/p>\n\n\n\n<h3 id=\"8_Rabat_a_katakomby_svateho_Pavla\" class=\"wp-block-heading\"><span class=\"ez-toc-section\" id=\"8_Rabat_y_las_catacumbas_de_San_Pablo\"><\/span>8. Rabat y las catacumbas de San Pablo<span class=\"ez-toc-section-end\"><\/span><\/h3>\n\n\n\n<p class=\"wp-block-paragraph\">Justo tras las murallas de Mdina se enlaza sin corte la vecina localidad de Rabat, que esconde bajo sus calles un <strong>fascinante y extenso cementerio subterr\u00e1neo paleocristiano<\/strong>. Aqu\u00ed puedes explorar con seguridad las oscuras catacumbas donde anta\u00f1o se enterraba a los muertos y asomarte a la venerada gruta de San Pablo, en la que, seg\u00fan cuentan, el ap\u00f3stol pas\u00f3 un tiempo tras su supuesto naufragio.<\/p>\n\n\n\n<figure data-wp-context=\"{&quot;imageId&quot;:&quot;6a9c14438d07c&quot;}\" data-wp-interactive=\"core\/image\" data-wp-key=\"6a9c14438d07c\" class=\"wp-block-image size-full wp-lightbox-container\"><img decoding=\"async\" width=\"1500\" height=\"1149\" data-wp-class--hide=\"state.isContentHidden\" data-wp-class--show=\"state.isContentVisible\" data-wp-init=\"callbacks.setButtonStyles\" data-wp-on--click=\"actions.showLightbox\" data-wp-on--load=\"callbacks.setButtonStyles\" data-wp-on--pointerdown=\"actions.preloadImage\" data-wp-on--pointerenter=\"actions.preloadImageWithDelay\" data-wp-on--pointerleave=\"actions.cancelPreload\" data-wp-on-window--resize=\"callbacks.setButtonStyles\" src=\"https:\/\/loudavymkrokem.cz\/wp-content\/uploads\/2026\/08\/dovolena-malta-t08.jpg\" alt=\"Catacumbas de San Pablo en Rabat\" class=\"wp-image-399680\" title=\"\" srcset=\"https:\/\/loudavymkrokem.cz\/wp-content\/uploads\/2026\/08\/dovolena-malta-t08.jpg 1500w, https:\/\/loudavymkrokem.cz\/wp-content\/uploads\/2026\/08\/dovolena-malta-t08-300x230.jpg 300w, https:\/\/loudavymkrokem.cz\/wp-content\/uploads\/2026\/08\/dovolena-malta-t08-700x536.jpg 700w, https:\/\/loudavymkrokem.cz\/wp-content\/uploads\/2026\/08\/dovolena-malta-t08-768x588.jpg 768w, https:\/\/loudavymkrokem.cz\/wp-content\/uploads\/2026\/08\/dovolena-malta-t08-80x60.jpg 80w, https:\/\/loudavymkrokem.cz\/wp-content\/uploads\/2026\/08\/dovolena-malta-t08-696x533.jpg 696w, https:\/\/loudavymkrokem.cz\/wp-content\/uploads\/2026\/08\/dovolena-malta-t08-1392x1066.jpg 1392w\" sizes=\"(max-width: 1500px) 100vw, 1500px\" \/><button\n\t\t\tclass=\"lightbox-trigger\"\n\t\t\ttype=\"button\"\n\t\t\taria-haspopup=\"dialog\"\n\t\t\tdata-wp-bind--aria-label=\"state.thisImage.triggerButtonAriaLabel\"\n\t\t\tdata-wp-init=\"callbacks.initTriggerButton\"\n\t\t\tdata-wp-on--click=\"actions.showLightbox\"\n\t\t\tdata-wp-style--right=\"state.thisImage.buttonRight\"\n\t\t\tdata-wp-style--top=\"state.thisImage.buttonTop\"\n\t\t>\n\t\t\t<svg xmlns=\"http:\/\/www.w3.org\/2000\/svg\" width=\"12\" height=\"12\" fill=\"none\" viewBox=\"0 0 12 12\">\n\t\t\t\t<path fill=\"#fff\" d=\"M2 0a2 2 0 0 0-2 2v2h1.5V2a.5.5 0 0 1 .5-.5h2V0H2Zm2 10.5H2a.5.5 0 0 1-.5-.5V8H0v2a2 2 0 0 0 2 2h2v-1.5ZM8 12v-1.5h2a.5.5 0 0 0 .5-.5V8H12v2a2 2 0 0 1-2 2H8Zm2-12a2 2 0 0 1 2 2v2h-1.5V2a.5.5 0 0 0-.5-.5H8V0h2Z\" \/>\n\t\t\t<\/svg>\n\t\t<\/button><figcaption class=\"wp-element-caption\">Catacumbas de San Pablo en Rabat (Foto: Diego Delso \/ Wikimedia Commons, CC BY-SA 4.0)<\/figcaption><\/figure>\n\n\n\n<p class=\"wp-block-paragraph\">La visita de los enrevesados pasadizos subterr\u00e1neos lleva al menos una hora y conviene saber que abajo suele hacer bastante fresco, as\u00ed que te vendr\u00e1 bien un jersey ligero. El horario de apertura <strong>siempre es mejor comprobarlo de antemano en la web oficial<\/strong>, porque puede cambiar seg\u00fan la temporada, y algunos tramos no son de acceso f\u00e1cil para personas con movilidad reducida.<\/p>\n\n\n\n<h3 id=\"9_Rotunda_v_Moste_a_pribeh_bomby\" class=\"wp-block-heading\"><span class=\"ez-toc-section\" id=\"9_La_Rotonda_de_Mosta_y_la_historia_de_la_bomba\"><\/span>9. La Rotonda de Mosta y la historia de la bomba<span class=\"ez-toc-section-end\"><\/span><\/h3>\n\n\n\n<p class=\"wp-block-paragraph\">La monumental iglesia de la localidad de Mosta presume de una de las mayores c\u00fapulas sin soporte de toda Europa y ya de lejos forma un hito imposible de pasar por alto en toda la isla. Pero no se trata solo de su impresionante arquitectura, porque a este lugar va ligada una <strong>historia casi incre\u00edble de la Segunda Guerra Mundial<\/strong> que lo ha convertido en uno de los sitios m\u00e1s buscados de Malta.<\/p>\n\n\n\n<figure data-wp-context=\"{&quot;imageId&quot;:&quot;6a9c14438d56b&quot;}\" data-wp-interactive=\"core\/image\" data-wp-key=\"6a9c14438d56b\" class=\"wp-block-image size-full wp-lightbox-container\"><img decoding=\"async\" width=\"1500\" height=\"998\" data-wp-class--hide=\"state.isContentHidden\" data-wp-class--show=\"state.isContentVisible\" data-wp-init=\"callbacks.setButtonStyles\" data-wp-on--click=\"actions.showLightbox\" data-wp-on--load=\"callbacks.setButtonStyles\" data-wp-on--pointerdown=\"actions.preloadImage\" data-wp-on--pointerenter=\"actions.preloadImageWithDelay\" data-wp-on--pointerleave=\"actions.cancelPreload\" data-wp-on-window--resize=\"callbacks.setButtonStyles\" src=\"https:\/\/loudavymkrokem.cz\/wp-content\/uploads\/2026\/08\/dovolena-malta-t09.jpg\" alt=\"La Rotonda de Mosta con su gigantesca c\u00fapula\" class=\"wp-image-399687\" title=\"\" srcset=\"https:\/\/loudavymkrokem.cz\/wp-content\/uploads\/2026\/08\/dovolena-malta-t09.jpg 1500w, https:\/\/loudavymkrokem.cz\/wp-content\/uploads\/2026\/08\/dovolena-malta-t09-300x200.jpg 300w, https:\/\/loudavymkrokem.cz\/wp-content\/uploads\/2026\/08\/dovolena-malta-t09-700x466.jpg 700w, https:\/\/loudavymkrokem.cz\/wp-content\/uploads\/2026\/08\/dovolena-malta-t09-768x511.jpg 768w, https:\/\/loudavymkrokem.cz\/wp-content\/uploads\/2026\/08\/dovolena-malta-t09-696x463.jpg 696w, https:\/\/loudavymkrokem.cz\/wp-content\/uploads\/2026\/08\/dovolena-malta-t09-1392x926.jpg 1392w\" sizes=\"(max-width: 1500px) 100vw, 1500px\" \/><button\n\t\t\tclass=\"lightbox-trigger\"\n\t\t\ttype=\"button\"\n\t\t\taria-haspopup=\"dialog\"\n\t\t\tdata-wp-bind--aria-label=\"state.thisImage.triggerButtonAriaLabel\"\n\t\t\tdata-wp-init=\"callbacks.initTriggerButton\"\n\t\t\tdata-wp-on--click=\"actions.showLightbox\"\n\t\t\tdata-wp-style--right=\"state.thisImage.buttonRight\"\n\t\t\tdata-wp-style--top=\"state.thisImage.buttonTop\"\n\t\t>\n\t\t\t<svg xmlns=\"http:\/\/www.w3.org\/2000\/svg\" width=\"12\" height=\"12\" fill=\"none\" viewBox=\"0 0 12 12\">\n\t\t\t\t<path fill=\"#fff\" d=\"M2 0a2 2 0 0 0-2 2v2h1.5V2a.5.5 0 0 1 .5-.5h2V0H2Zm2 10.5H2a.5.5 0 0 1-.5-.5V8H0v2a2 2 0 0 0 2 2h2v-1.5ZM8 12v-1.5h2a.5.5 0 0 0 .5-.5V8H12v2a2 2 0 0 1-2 2H8Zm2-12a2 2 0 0 1 2 2v2h-1.5V2a.5.5 0 0 0-.5-.5H8V0h2Z\" \/>\n\t\t\t<\/svg>\n\t\t<\/button><figcaption class=\"wp-element-caption\">La Rotonda de Mosta con su gigantesca c\u00fapula (Foto: Mstyslav Chernov \/ Wikimedia Commons, CC BY-SA 3.0)<\/figcaption><\/figure>\n\n\n\n<p class=\"wp-block-paragraph\">En abril de 1942, durante una misa, una bomba a\u00e9rea alemana atraves\u00f3 la enorme c\u00fapula, cay\u00f3 justo en medio de la iglesia llena, pero, como por milagro, no lleg\u00f3 a explotar. Hoy puedes ver dentro una <strong>r\u00e9plica exacta de esa famosa bomba<\/strong> y los lugare\u00f1os siguen creyendo firmemente que aquel d\u00eda todos los santos velaron por las trescientas personas que hab\u00eda dentro.<\/p>\n\n\n\n<h3 id=\"10_Dingli_Cliffs_utesy_nad_zapadnim_pobrezim\" class=\"wp-block-heading\"><span class=\"ez-toc-section\" id=\"10_Dingli_Cliffs_los_acantilados_de_la_costa_oeste\"><\/span>10. Dingli Cliffs: los acantilados de la costa oeste<span class=\"ez-toc-section-end\"><\/span><\/h3>\n\n\n\n<p class=\"wp-block-paragraph\">Para los amantes de la naturaleza y las vistas dram\u00e1ticas, estos imponentes acantilados de la costa oeste son de visita obligada, porque forman el punto m\u00e1s alto de todo el archipi\u00e9lago. Las paredes calizas caen a plomo directamente al mar y, seg\u00fan la experiencia de otros viajeros, aqu\u00ed vivir\u00e1s <strong>el paseo m\u00e1s bonito y m\u00e1s tranquilo<\/strong>, acompa\u00f1ado solo por el sonido del viento y del oleaje del mar.<\/p>\n\n\n\n<figure data-wp-context=\"{&quot;imageId&quot;:&quot;6a9c14438da39&quot;}\" data-wp-interactive=\"core\/image\" data-wp-key=\"6a9c14438da39\" class=\"wp-block-image size-full wp-lightbox-container\"><img decoding=\"async\" width=\"1500\" height=\"1042\" data-wp-class--hide=\"state.isContentHidden\" data-wp-class--show=\"state.isContentVisible\" data-wp-init=\"callbacks.setButtonStyles\" data-wp-on--click=\"actions.showLightbox\" data-wp-on--load=\"callbacks.setButtonStyles\" data-wp-on--pointerdown=\"actions.preloadImage\" data-wp-on--pointerenter=\"actions.preloadImageWithDelay\" data-wp-on--pointerleave=\"actions.cancelPreload\" data-wp-on-window--resize=\"callbacks.setButtonStyles\" src=\"https:\/\/loudavymkrokem.cz\/wp-content\/uploads\/2026\/08\/dovolena-malta-t10.jpg\" alt=\"Acantilados de Dingli en la costa oeste\" class=\"wp-image-399692\" title=\"\" srcset=\"https:\/\/loudavymkrokem.cz\/wp-content\/uploads\/2026\/08\/dovolena-malta-t10.jpg 1500w, https:\/\/loudavymkrokem.cz\/wp-content\/uploads\/2026\/08\/dovolena-malta-t10-300x208.jpg 300w, https:\/\/loudavymkrokem.cz\/wp-content\/uploads\/2026\/08\/dovolena-malta-t10-700x486.jpg 700w, https:\/\/loudavymkrokem.cz\/wp-content\/uploads\/2026\/08\/dovolena-malta-t10-768x534.jpg 768w, https:\/\/loudavymkrokem.cz\/wp-content\/uploads\/2026\/08\/dovolena-malta-t10-696x483.jpg 696w, https:\/\/loudavymkrokem.cz\/wp-content\/uploads\/2026\/08\/dovolena-malta-t10-1392x967.jpg 1392w\" sizes=\"(max-width: 1500px) 100vw, 1500px\" \/><button\n\t\t\tclass=\"lightbox-trigger\"\n\t\t\ttype=\"button\"\n\t\t\taria-haspopup=\"dialog\"\n\t\t\tdata-wp-bind--aria-label=\"state.thisImage.triggerButtonAriaLabel\"\n\t\t\tdata-wp-init=\"callbacks.initTriggerButton\"\n\t\t\tdata-wp-on--click=\"actions.showLightbox\"\n\t\t\tdata-wp-style--right=\"state.thisImage.buttonRight\"\n\t\t\tdata-wp-style--top=\"state.thisImage.buttonTop\"\n\t\t>\n\t\t\t<svg xmlns=\"http:\/\/www.w3.org\/2000\/svg\" width=\"12\" height=\"12\" fill=\"none\" viewBox=\"0 0 12 12\">\n\t\t\t\t<path fill=\"#fff\" d=\"M2 0a2 2 0 0 0-2 2v2h1.5V2a.5.5 0 0 1 .5-.5h2V0H2Zm2 10.5H2a.5.5 0 0 1-.5-.5V8H0v2a2 2 0 0 0 2 2h2v-1.5ZM8 12v-1.5h2a.5.5 0 0 0 .5-.5V8H12v2a2 2 0 0 1-2 2H8Zm2-12a2 2 0 0 1 2 2v2h-1.5V2a.5.5 0 0 0-.5-.5H8V0h2Z\" \/>\n\t\t\t<\/svg>\n\t\t<\/button><figcaption class=\"wp-element-caption\">Acantilados de Dingli en la costa oeste (Foto: Felix K\u00f6nig \/ Wikimedia Commons, CC BY 3.0)<\/figcaption><\/figure>\n\n\n\n<p class=\"wp-block-paragraph\">Los acantilados est\u00e1n, l\u00f3gicamente, m\u00e1s embrujadores al atardecer, cuando llegan aqu\u00ed los fot\u00f3grafos a cazar las mejores fotos de la puesta de sol. Para llegar basta con tomar el autob\u00fas, pero recuerda que <strong>desde la parada tienes que caminar un poco a pie<\/strong>, as\u00ed que el calzado c\u00f3modo es sin duda mejor opci\u00f3n que unas finas chanclas de playa.<\/p>\n\n\n\n<h3 id=\"11_Mosta_Naxxar_a_Palazzo_Parisio\" class=\"wp-block-heading\"><span class=\"ez-toc-section\" id=\"11_Mosta_Naxxar_y_el_Palazzo_Parisio\"><\/span>11. Mosta, Naxxar y el Palazzo Parisio<span class=\"ez-toc-section-end\"><\/span><\/h3>\n\n\n\n<p class=\"wp-block-paragraph\">Cuando est\u00e9s explorando el centro de la isla en torno a la localidad de Mosta, no deber\u00edas perderte el vecino pueblo de Naxxar, donde se alza una residencia nobiliaria absolutamente impresionante. El palacio Palazzo Parisio se ha ganado entre los turistas el <strong>apodo del peque\u00f1o Versalles malt\u00e9s<\/strong>, sobre todo por su interior ricamente decorado y su preciosa y cuidada arboleda.<\/p>\n\n\n\n<figure data-wp-context=\"{&quot;imageId&quot;:&quot;6a9c14438e07c&quot;}\" data-wp-interactive=\"core\/image\" data-wp-key=\"6a9c14438e07c\" class=\"wp-block-image size-full wp-lightbox-container\"><img decoding=\"async\" width=\"1500\" height=\"1120\" data-wp-class--hide=\"state.isContentHidden\" data-wp-class--show=\"state.isContentVisible\" data-wp-init=\"callbacks.setButtonStyles\" data-wp-on--click=\"actions.showLightbox\" data-wp-on--load=\"callbacks.setButtonStyles\" data-wp-on--pointerdown=\"actions.preloadImage\" data-wp-on--pointerenter=\"actions.preloadImageWithDelay\" data-wp-on--pointerleave=\"actions.cancelPreload\" data-wp-on-window--resize=\"callbacks.setButtonStyles\" src=\"https:\/\/loudavymkrokem.cz\/wp-content\/uploads\/2026\/08\/dovolena-malta-t11.jpg\" alt=\"Jard\u00edn del Palazzo Parisio en Naxxar\" class=\"wp-image-399698\" title=\"\" srcset=\"https:\/\/loudavymkrokem.cz\/wp-content\/uploads\/2026\/08\/dovolena-malta-t11.jpg 1500w, https:\/\/loudavymkrokem.cz\/wp-content\/uploads\/2026\/08\/dovolena-malta-t11-300x224.jpg 300w, https:\/\/loudavymkrokem.cz\/wp-content\/uploads\/2026\/08\/dovolena-malta-t11-700x523.jpg 700w, https:\/\/loudavymkrokem.cz\/wp-content\/uploads\/2026\/08\/dovolena-malta-t11-768x573.jpg 768w, https:\/\/loudavymkrokem.cz\/wp-content\/uploads\/2026\/08\/dovolena-malta-t11-80x60.jpg 80w, https:\/\/loudavymkrokem.cz\/wp-content\/uploads\/2026\/08\/dovolena-malta-t11-160x120.jpg 160w, https:\/\/loudavymkrokem.cz\/wp-content\/uploads\/2026\/08\/dovolena-malta-t11-696x520.jpg 696w, https:\/\/loudavymkrokem.cz\/wp-content\/uploads\/2026\/08\/dovolena-malta-t11-1392x1039.jpg 1392w\" sizes=\"(max-width: 1500px) 100vw, 1500px\" \/><button\n\t\t\tclass=\"lightbox-trigger\"\n\t\t\ttype=\"button\"\n\t\t\taria-haspopup=\"dialog\"\n\t\t\tdata-wp-bind--aria-label=\"state.thisImage.triggerButtonAriaLabel\"\n\t\t\tdata-wp-init=\"callbacks.initTriggerButton\"\n\t\t\tdata-wp-on--click=\"actions.showLightbox\"\n\t\t\tdata-wp-style--right=\"state.thisImage.buttonRight\"\n\t\t\tdata-wp-style--top=\"state.thisImage.buttonTop\"\n\t\t>\n\t\t\t<svg xmlns=\"http:\/\/www.w3.org\/2000\/svg\" width=\"12\" height=\"12\" fill=\"none\" viewBox=\"0 0 12 12\">\n\t\t\t\t<path fill=\"#fff\" d=\"M2 0a2 2 0 0 0-2 2v2h1.5V2a.5.5 0 0 1 .5-.5h2V0H2Zm2 10.5H2a.5.5 0 0 1-.5-.5V8H0v2a2 2 0 0 0 2 2h2v-1.5ZM8 12v-1.5h2a.5.5 0 0 0 .5-.5V8H12v2a2 2 0 0 1-2 2H8Zm2-12a2 2 0 0 1 2 2v2h-1.5V2a.5.5 0 0 0-.5-.5H8V0h2Z\" \/>\n\t\t\t<\/svg>\n\t\t<\/button><figcaption class=\"wp-element-caption\">Jard\u00edn del Palazzo Parisio en Naxxar (Foto: Continentaleurope \/ Wikimedia Commons, CC BY-SA 3.0)<\/figcaption><\/figure>\n\n\n\n<p class=\"wp-block-paragraph\">La entrada se paga en la puerta principal y dicen que la visita entusiasma a cualquier amante de la opulenta arquitectura barroca. Tras el paseo por el palacio, adem\u00e1s, puedes darte un peque\u00f1o capricho y <strong>parar a tomar un caf\u00e9 o un t\u00e9 directamente en los jardines del palacio<\/strong>, que, seg\u00fan las rese\u00f1as, es un broche de oro incre\u00edblemente rom\u00e1ntico para toda la jornada.<\/p>\n\n\n\n<h3 id=\"12_Ta_Qali_a_remeslna_vesnice\" class=\"wp-block-heading\"><span class=\"ez-toc-section\" id=\"12_Ta_Qali_y_el_pueblo_artesanal\"><\/span>12. Ta&#8217; Qali y el pueblo artesanal<span class=\"ez-toc-section-end\"><\/span><\/h3>\n\n\n\n<p class=\"wp-block-paragraph\">El antiguo aer\u00f3dromo militar se transform\u00f3 con el tiempo en un extenso parque cuya principal atracci\u00f3n es un popular\u00edsimo pueblo artesanal, al que se va sobre todo por los productos locales. Si quieres traerte de las vacaciones <strong>souvenirs de calidad que no vengan de China<\/strong>, aqu\u00ed encontrar\u00e1s talleres llenos de tradicional vidrio soplado a mano y delicada filigrana de plata.<\/p>\n\n\n\n<figure data-wp-context=\"{&quot;imageId&quot;:&quot;6a9c14438e5bd&quot;}\" data-wp-interactive=\"core\/image\" data-wp-key=\"6a9c14438e5bd\" class=\"wp-block-image size-full wp-lightbox-container\"><img decoding=\"async\" width=\"1500\" height=\"1000\" data-wp-class--hide=\"state.isContentHidden\" data-wp-class--show=\"state.isContentVisible\" data-wp-init=\"callbacks.setButtonStyles\" data-wp-on--click=\"actions.showLightbox\" data-wp-on--load=\"callbacks.setButtonStyles\" data-wp-on--pointerdown=\"actions.preloadImage\" data-wp-on--pointerenter=\"actions.preloadImageWithDelay\" data-wp-on--pointerleave=\"actions.cancelPreload\" data-wp-on-window--resize=\"callbacks.setButtonStyles\" src=\"https:\/\/loudavymkrokem.cz\/wp-content\/uploads\/2026\/08\/dovolena-malta-t12.jpg\" alt=\"Fabricaci\u00f3n artesanal de vidrio en Malta\" class=\"wp-image-399751\" title=\"\" srcset=\"https:\/\/loudavymkrokem.cz\/wp-content\/uploads\/2026\/08\/dovolena-malta-t12.jpg 1500w, https:\/\/loudavymkrokem.cz\/wp-content\/uploads\/2026\/08\/dovolena-malta-t12-300x200.jpg 300w, https:\/\/loudavymkrokem.cz\/wp-content\/uploads\/2026\/08\/dovolena-malta-t12-700x467.jpg 700w, https:\/\/loudavymkrokem.cz\/wp-content\/uploads\/2026\/08\/dovolena-malta-t12-768x512.jpg 768w, https:\/\/loudavymkrokem.cz\/wp-content\/uploads\/2026\/08\/dovolena-malta-t12-696x464.jpg 696w, https:\/\/loudavymkrokem.cz\/wp-content\/uploads\/2026\/08\/dovolena-malta-t12-1392x928.jpg 1392w\" sizes=\"(max-width: 1500px) 100vw, 1500px\" \/><button\n\t\t\tclass=\"lightbox-trigger\"\n\t\t\ttype=\"button\"\n\t\t\taria-haspopup=\"dialog\"\n\t\t\tdata-wp-bind--aria-label=\"state.thisImage.triggerButtonAriaLabel\"\n\t\t\tdata-wp-init=\"callbacks.initTriggerButton\"\n\t\t\tdata-wp-on--click=\"actions.showLightbox\"\n\t\t\tdata-wp-style--right=\"state.thisImage.buttonRight\"\n\t\t\tdata-wp-style--top=\"state.thisImage.buttonTop\"\n\t\t>\n\t\t\t<svg xmlns=\"http:\/\/www.w3.org\/2000\/svg\" width=\"12\" height=\"12\" fill=\"none\" viewBox=\"0 0 12 12\">\n\t\t\t\t<path fill=\"#fff\" d=\"M2 0a2 2 0 0 0-2 2v2h1.5V2a.5.5 0 0 1 .5-.5h2V0H2Zm2 10.5H2a.5.5 0 0 1-.5-.5V8H0v2a2 2 0 0 0 2 2h2v-1.5ZM8 12v-1.5h2a.5.5 0 0 0 .5-.5V8H12v2a2 2 0 0 1-2 2H8Zm2-12a2 2 0 0 1 2 2v2h-1.5V2a.5.5 0 0 0-.5-.5H8V0h2Z\" \/>\n\t\t\t<\/svg>\n\t\t<\/button><figcaption class=\"wp-element-caption\">Fabricaci\u00f3n artesanal de vidrio en Malta (Foto: Noport \/ Wikimedia Commons, CC BY-SA 4.0)<\/figcaption><\/figure>\n\n\n\n<p class=\"wp-block-paragraph\">En muchos talleres, adem\u00e1s, puedes mirar directamente por encima del hombro a los maestros vidrieros y ver c\u00f3mo nacen estas fr\u00e1giles piezas ante ti. Lo mejor es planear la visita para la ma\u00f1ana en d\u00edas laborables, porque <strong>los fines de semana la mayor\u00eda de las manufacturas suelen estar cerradas<\/strong>, algo que a veces pagan sin querer bastantes turistas mal informados.<\/p>\n\n\n\n<h3 id=\"13_Marsaxlokk_rybarska_vesnice_s_barevnymi_lodkami\" class=\"wp-block-heading\"><span class=\"ez-toc-section\" id=\"13_Marsaxlokk_pueblo_pesquero_con_barcas_de_colores\"><\/span>13. Marsaxlokk: pueblo pesquero con barcas de colores<span class=\"ez-toc-section-end\"><\/span><\/h3>\n\n\n\n<p class=\"wp-block-paragraph\">Este pueblo pesquero enormemente fotog\u00e9nico del sur de la isla atrae sobre todo por su bah\u00eda llena de tradicionales barcas de colores llamadas luzzu. En su proa encontrar\u00e1s siempre el <strong>m\u00e1gico ojo de Osiris pintado<\/strong>, que debe proteger a los pescadores del peligro en el mar y que forma seguramente la imagen m\u00e1s t\u00edpica de Malta.<\/p>\n\n\n\n<figure data-wp-context=\"{&quot;imageId&quot;:&quot;6a9c14438ea91&quot;}\" data-wp-interactive=\"core\/image\" data-wp-key=\"6a9c14438ea91\" class=\"wp-block-image size-full wp-lightbox-container\"><img decoding=\"async\" width=\"1500\" height=\"1000\" data-wp-class--hide=\"state.isContentHidden\" data-wp-class--show=\"state.isContentVisible\" data-wp-init=\"callbacks.setButtonStyles\" data-wp-on--click=\"actions.showLightbox\" data-wp-on--load=\"callbacks.setButtonStyles\" data-wp-on--pointerdown=\"actions.preloadImage\" data-wp-on--pointerenter=\"actions.preloadImageWithDelay\" data-wp-on--pointerleave=\"actions.cancelPreload\" data-wp-on-window--resize=\"callbacks.setButtonStyles\" src=\"https:\/\/loudavymkrokem.cz\/wp-content\/uploads\/2026\/08\/dovolena-malta-t13.jpg\" alt=\"Barcas de colores luzzu en Marsaxlokk\" class=\"wp-image-399704\" title=\"\" srcset=\"https:\/\/loudavymkrokem.cz\/wp-content\/uploads\/2026\/08\/dovolena-malta-t13.jpg 1500w, https:\/\/loudavymkrokem.cz\/wp-content\/uploads\/2026\/08\/dovolena-malta-t13-300x200.jpg 300w, https:\/\/loudavymkrokem.cz\/wp-content\/uploads\/2026\/08\/dovolena-malta-t13-700x467.jpg 700w, https:\/\/loudavymkrokem.cz\/wp-content\/uploads\/2026\/08\/dovolena-malta-t13-768x512.jpg 768w, https:\/\/loudavymkrokem.cz\/wp-content\/uploads\/2026\/08\/dovolena-malta-t13-696x464.jpg 696w, https:\/\/loudavymkrokem.cz\/wp-content\/uploads\/2026\/08\/dovolena-malta-t13-1392x928.jpg 1392w\" sizes=\"(max-width: 1500px) 100vw, 1500px\" \/><button\n\t\t\tclass=\"lightbox-trigger\"\n\t\t\ttype=\"button\"\n\t\t\taria-haspopup=\"dialog\"\n\t\t\tdata-wp-bind--aria-label=\"state.thisImage.triggerButtonAriaLabel\"\n\t\t\tdata-wp-init=\"callbacks.initTriggerButton\"\n\t\t\tdata-wp-on--click=\"actions.showLightbox\"\n\t\t\tdata-wp-style--right=\"state.thisImage.buttonRight\"\n\t\t\tdata-wp-style--top=\"state.thisImage.buttonTop\"\n\t\t>\n\t\t\t<svg xmlns=\"http:\/\/www.w3.org\/2000\/svg\" width=\"12\" height=\"12\" fill=\"none\" viewBox=\"0 0 12 12\">\n\t\t\t\t<path fill=\"#fff\" d=\"M2 0a2 2 0 0 0-2 2v2h1.5V2a.5.5 0 0 1 .5-.5h2V0H2Zm2 10.5H2a.5.5 0 0 1-.5-.5V8H0v2a2 2 0 0 0 2 2h2v-1.5ZM8 12v-1.5h2a.5.5 0 0 0 .5-.5V8H12v2a2 2 0 0 1-2 2H8Zm2-12a2 2 0 0 1 2 2v2h-1.5V2a.5.5 0 0 0-.5-.5H8V0h2Z\" \/>\n\t\t\t<\/svg>\n\t\t<\/button><figcaption class=\"wp-element-caption\">Barcas de colores luzzu en Marsaxlokk (Foto: Vlad beu \/ Wikimedia Commons, Public domain)<\/figcaption><\/figure>\n\n\n\n<p class=\"wp-block-paragraph\">Los turistas suelen venir sobre todo al enorme mercado dominical, pero debo advertirte con sinceridad de que se trata principalmente de un mercado de pescado, as\u00ed que para los vegetarianos es m\u00e1s bien un espect\u00e1culo cultural que una tentadora parada gastron\u00f3mica \u263a\ufe0f. Prep\u00e1rate tambi\u00e9n para que <strong>los domingos por la ma\u00f1ana los autobuses van a rebosar<\/strong>, por lo que sencillamente es mejor salir lo m\u00e1s temprano posible.<\/p>\n\n\n\n<h3 id=\"14_Modra_jeskyne_Blue_Grotto\" class=\"wp-block-heading\"><span class=\"ez-toc-section\" id=\"14_La_Gruta_Azul_Blue_Grotto\"><\/span>14. La Gruta Azul (Blue Grotto)<span class=\"ez-toc-section-end\"><\/span><\/h3>\n\n\n\n<p class=\"wp-block-paragraph\">La maravilla natural conocida como Blue Grotto la forman un macizo arco de roca y una serie de cuevas marinas conectadas, donde el agua juega con todos los tonos imaginables de turquesa. Los rayos de sol se reflejan aqu\u00ed en el fondo de arena blanca y, <strong>seg\u00fan las rese\u00f1as, es un espect\u00e1culo absolutamente fant\u00e1stico<\/strong> que ser\u00eda un gran pecado perderse.<\/p>\n\n\n\n<figure data-wp-context=\"{&quot;imageId&quot;:&quot;6a9c14438f096&quot;}\" data-wp-interactive=\"core\/image\" data-wp-key=\"6a9c14438f096\" class=\"wp-block-image size-full wp-lightbox-container\"><img decoding=\"async\" width=\"1500\" height=\"1000\" data-wp-class--hide=\"state.isContentHidden\" data-wp-class--show=\"state.isContentVisible\" data-wp-init=\"callbacks.setButtonStyles\" data-wp-on--click=\"actions.showLightbox\" data-wp-on--load=\"callbacks.setButtonStyles\" data-wp-on--pointerdown=\"actions.preloadImage\" data-wp-on--pointerenter=\"actions.preloadImageWithDelay\" data-wp-on--pointerleave=\"actions.cancelPreload\" data-wp-on-window--resize=\"callbacks.setButtonStyles\" src=\"https:\/\/loudavymkrokem.cz\/wp-content\/uploads\/2026\/08\/dovolena-malta-t14.jpg\" alt=\"La Gruta Azul en el sur de Malta\" class=\"wp-image-399708\" title=\"\" srcset=\"https:\/\/loudavymkrokem.cz\/wp-content\/uploads\/2026\/08\/dovolena-malta-t14.jpg 1500w, https:\/\/loudavymkrokem.cz\/wp-content\/uploads\/2026\/08\/dovolena-malta-t14-300x200.jpg 300w, https:\/\/loudavymkrokem.cz\/wp-content\/uploads\/2026\/08\/dovolena-malta-t14-700x467.jpg 700w, https:\/\/loudavymkrokem.cz\/wp-content\/uploads\/2026\/08\/dovolena-malta-t14-768x512.jpg 768w, https:\/\/loudavymkrokem.cz\/wp-content\/uploads\/2026\/08\/dovolena-malta-t14-696x464.jpg 696w, https:\/\/loudavymkrokem.cz\/wp-content\/uploads\/2026\/08\/dovolena-malta-t14-1392x928.jpg 1392w\" sizes=\"(max-width: 1500px) 100vw, 1500px\" \/><button\n\t\t\tclass=\"lightbox-trigger\"\n\t\t\ttype=\"button\"\n\t\t\taria-haspopup=\"dialog\"\n\t\t\tdata-wp-bind--aria-label=\"state.thisImage.triggerButtonAriaLabel\"\n\t\t\tdata-wp-init=\"callbacks.initTriggerButton\"\n\t\t\tdata-wp-on--click=\"actions.showLightbox\"\n\t\t\tdata-wp-style--right=\"state.thisImage.buttonRight\"\n\t\t\tdata-wp-style--top=\"state.thisImage.buttonTop\"\n\t\t>\n\t\t\t<svg xmlns=\"http:\/\/www.w3.org\/2000\/svg\" width=\"12\" height=\"12\" fill=\"none\" viewBox=\"0 0 12 12\">\n\t\t\t\t<path fill=\"#fff\" d=\"M2 0a2 2 0 0 0-2 2v2h1.5V2a.5.5 0 0 1 .5-.5h2V0H2Zm2 10.5H2a.5.5 0 0 1-.5-.5V8H0v2a2 2 0 0 0 2 2h2v-1.5ZM8 12v-1.5h2a.5.5 0 0 0 .5-.5V8H12v2a2 2 0 0 1-2 2H8Zm2-12a2 2 0 0 1 2 2v2h-1.5V2a.5.5 0 0 0-.5-.5H8V0h2Z\" \/>\n\t\t\t<\/svg>\n\t\t<\/button><figcaption class=\"wp-element-caption\">La Gruta Azul en el sur de Malta (Foto: Frank Vincentz \/ Wikimedia Commons, CC BY-SA 3.0)<\/figcaption><\/figure>\n\n\n\n<p class=\"wp-block-paragraph\">Las barcas salen del cercano pueblecito de Wied i\u017c-\u017burrieq, la traves\u00eda en s\u00ed dura unos veinte a treinta minutos y, para las mejores condiciones de luz, se recomienda venir a primera hora de la ma\u00f1ana. Pero recuerda que <strong>con fuerte oleaje, l\u00f3gicamente, no salen<\/strong>, as\u00ed que si sopla mucho viento en la costa, mejor deja esta excursi\u00f3n para un d\u00eda bastante m\u00e1s tranquilo.<\/p>\n\n\n\n<h3 id=\"15_agar_Qim_a_Mnajdra_chramy_starsi_nez_pyramidy\" class=\"wp-block-heading\"><span class=\"ez-toc-section\" id=\"15_Hagar_Qim_y_Mnajdra_templos_mas_antiguos_que_las_piramides\"><\/span>15. \u0126a\u0121ar Qim y Mnajdra: templos m\u00e1s antiguos que las pir\u00e1mides<span class=\"ez-toc-section-end\"><\/span><\/h3>\n\n\n\n<p class=\"wp-block-paragraph\">Malta puede presumir de construcciones que son incluso m\u00e1s antiguas que las pir\u00e1mides egipcias, y estos dos fant\u00e1sticos templos megal\u00edticos datan de en torno a los a\u00f1os 3600 a 3200 a. C. Ambos complejos prehist\u00f3ricos se alzan cerca de los acantilados sobre el mar, est\u00e1n inscritos en la lista de la UNESCO y desprenden una <strong>enorme m\u00edstica hist\u00f3rica<\/strong> que los viajeros elogian mucho.<\/p>\n\n\n\n<figure data-wp-context=\"{&quot;imageId&quot;:&quot;6a9c14438f8a1&quot;}\" data-wp-interactive=\"core\/image\" data-wp-key=\"6a9c14438f8a1\" class=\"wp-block-image size-full wp-lightbox-container\"><img decoding=\"async\" width=\"1500\" height=\"1000\" data-wp-class--hide=\"state.isContentHidden\" data-wp-class--show=\"state.isContentVisible\" data-wp-init=\"callbacks.setButtonStyles\" data-wp-on--click=\"actions.showLightbox\" data-wp-on--load=\"callbacks.setButtonStyles\" data-wp-on--pointerdown=\"actions.preloadImage\" data-wp-on--pointerenter=\"actions.preloadImageWithDelay\" data-wp-on--pointerleave=\"actions.cancelPreload\" data-wp-on-window--resize=\"callbacks.setButtonStyles\" src=\"https:\/\/loudavymkrokem.cz\/wp-content\/uploads\/2026\/08\/dovolena-malta-t15.jpg\" alt=\"Templo megal\u00edtico de \u0126a\u0121ar Qim\" class=\"wp-image-399714\" title=\"\" srcset=\"https:\/\/loudavymkrokem.cz\/wp-content\/uploads\/2026\/08\/dovolena-malta-t15.jpg 1500w, https:\/\/loudavymkrokem.cz\/wp-content\/uploads\/2026\/08\/dovolena-malta-t15-300x200.jpg 300w, https:\/\/loudavymkrokem.cz\/wp-content\/uploads\/2026\/08\/dovolena-malta-t15-700x467.jpg 700w, https:\/\/loudavymkrokem.cz\/wp-content\/uploads\/2026\/08\/dovolena-malta-t15-768x512.jpg 768w, https:\/\/loudavymkrokem.cz\/wp-content\/uploads\/2026\/08\/dovolena-malta-t15-696x464.jpg 696w, https:\/\/loudavymkrokem.cz\/wp-content\/uploads\/2026\/08\/dovolena-malta-t15-1392x928.jpg 1392w\" sizes=\"(max-width: 1500px) 100vw, 1500px\" \/><button\n\t\t\tclass=\"lightbox-trigger\"\n\t\t\ttype=\"button\"\n\t\t\taria-haspopup=\"dialog\"\n\t\t\tdata-wp-bind--aria-label=\"state.thisImage.triggerButtonAriaLabel\"\n\t\t\tdata-wp-init=\"callbacks.initTriggerButton\"\n\t\t\tdata-wp-on--click=\"actions.showLightbox\"\n\t\t\tdata-wp-style--right=\"state.thisImage.buttonRight\"\n\t\t\tdata-wp-style--top=\"state.thisImage.buttonTop\"\n\t\t>\n\t\t\t<svg xmlns=\"http:\/\/www.w3.org\/2000\/svg\" width=\"12\" height=\"12\" fill=\"none\" viewBox=\"0 0 12 12\">\n\t\t\t\t<path fill=\"#fff\" d=\"M2 0a2 2 0 0 0-2 2v2h1.5V2a.5.5 0 0 1 .5-.5h2V0H2Zm2 10.5H2a.5.5 0 0 1-.5-.5V8H0v2a2 2 0 0 0 2 2h2v-1.5ZM8 12v-1.5h2a.5.5 0 0 0 .5-.5V8H12v2a2 2 0 0 1-2 2H8Zm2-12a2 2 0 0 1 2 2v2h-1.5V2a.5.5 0 0 0-.5-.5H8V0h2Z\" \/>\n\t\t\t<\/svg>\n\t\t<\/button><figcaption class=\"wp-element-caption\">Templo megal\u00edtico de \u0126a\u0121ar Qim (Foto: Diego Delso \/ Wikimedia Commons, CC BY-SA 4.0)<\/figcaption><\/figure>\n\n\n\n<p class=\"wp-block-paragraph\">Para evitar que las valiosas piedras se sigan erosionando, ambos templos est\u00e1n ingeniosamente cubiertos por enormes carpas protectoras, lo que adem\u00e1s tiene la ventaja de que en verano dan una sombra misericordiosa. Aun as\u00ed, dadas las altas temperaturas del verano, <strong>no olvides llevar suficiente agua potable<\/strong>, porque el recinto es bastante extenso y la visita te llevar\u00e1 un rato.<\/p>\n\n\n\n<h3 id=\"16_St_Peter_s_Pool_prirodni_bazen_ve_skale\" class=\"wp-block-heading\"><span class=\"ez-toc-section\" id=\"16_St_Peters_Pool_piscina_natural_en_la_roca\"><\/span>16. St Peter&#8217;s Pool: piscina natural en la roca<span class=\"ez-toc-section-end\"><\/span><\/h3>\n\n\n\n<p class=\"wp-block-paragraph\">A poca distancia del pueblo de Marsaxlokk se encuentra una de las piscinas naturales m\u00e1s populares, que el agua del mar ha esculpido durante milenios directamente en la lisa roca caliza. El agua es aqu\u00ed maravillosamente limpia y profunda, lo que atrae sobre todo a los m\u00e1s j\u00f3venes y a todos los que <strong>adoran los saltos espectaculares al agua<\/strong> desde repisas de roca de distintas alturas.<\/p>\n\n\n\n<figure data-wp-context=\"{&quot;imageId&quot;:&quot;6a9c14438fed3&quot;}\" data-wp-interactive=\"core\/image\" data-wp-key=\"6a9c14438fed3\" class=\"wp-block-image size-full wp-lightbox-container\"><img decoding=\"async\" width=\"1500\" height=\"1000\" data-wp-class--hide=\"state.isContentHidden\" data-wp-class--show=\"state.isContentVisible\" data-wp-init=\"callbacks.setButtonStyles\" data-wp-on--click=\"actions.showLightbox\" data-wp-on--load=\"callbacks.setButtonStyles\" data-wp-on--pointerdown=\"actions.preloadImage\" data-wp-on--pointerenter=\"actions.preloadImageWithDelay\" data-wp-on--pointerleave=\"actions.cancelPreload\" data-wp-on-window--resize=\"callbacks.setButtonStyles\" src=\"https:\/\/loudavymkrokem.cz\/wp-content\/uploads\/2026\/08\/dovolena-malta-t16.jpg\" alt=\"Piscina natural St Peter&#039;s Pool\" class=\"wp-image-399754\" title=\"\" srcset=\"https:\/\/loudavymkrokem.cz\/wp-content\/uploads\/2026\/08\/dovolena-malta-t16.jpg 1500w, https:\/\/loudavymkrokem.cz\/wp-content\/uploads\/2026\/08\/dovolena-malta-t16-300x200.jpg 300w, https:\/\/loudavymkrokem.cz\/wp-content\/uploads\/2026\/08\/dovolena-malta-t16-700x467.jpg 700w, https:\/\/loudavymkrokem.cz\/wp-content\/uploads\/2026\/08\/dovolena-malta-t16-768x512.jpg 768w, https:\/\/loudavymkrokem.cz\/wp-content\/uploads\/2026\/08\/dovolena-malta-t16-696x464.jpg 696w, https:\/\/loudavymkrokem.cz\/wp-content\/uploads\/2026\/08\/dovolena-malta-t16-1392x928.jpg 1392w\" sizes=\"(max-width: 1500px) 100vw, 1500px\" \/><button\n\t\t\tclass=\"lightbox-trigger\"\n\t\t\ttype=\"button\"\n\t\t\taria-haspopup=\"dialog\"\n\t\t\tdata-wp-bind--aria-label=\"state.thisImage.triggerButtonAriaLabel\"\n\t\t\tdata-wp-init=\"callbacks.initTriggerButton\"\n\t\t\tdata-wp-on--click=\"actions.showLightbox\"\n\t\t\tdata-wp-style--right=\"state.thisImage.buttonRight\"\n\t\t\tdata-wp-style--top=\"state.thisImage.buttonTop\"\n\t\t>\n\t\t\t<svg xmlns=\"http:\/\/www.w3.org\/2000\/svg\" width=\"12\" height=\"12\" fill=\"none\" viewBox=\"0 0 12 12\">\n\t\t\t\t<path fill=\"#fff\" d=\"M2 0a2 2 0 0 0-2 2v2h1.5V2a.5.5 0 0 1 .5-.5h2V0H2Zm2 10.5H2a.5.5 0 0 1-.5-.5V8H0v2a2 2 0 0 0 2 2h2v-1.5ZM8 12v-1.5h2a.5.5 0 0 0 .5-.5V8H12v2a2 2 0 0 1-2 2H8Zm2-12a2 2 0 0 1 2 2v2h-1.5V2a.5.5 0 0 0-.5-.5H8V0h2Z\" \/>\n\t\t\t<\/svg>\n\t\t<\/button><figcaption class=\"wp-element-caption\">Piscina natural St Peter&#8217;s Pool (Foto: Diego Delso \/ Wikimedia Commons, CC BY-SA 4.0)<\/figcaption><\/figure>\n\n\n\n<p class=\"wp-block-paragraph\">En esta piscina natural no encontrar\u00e1s absolutamente ninguna infraestructura tur\u00edstica, ni puestos de comida ni sombrillas, por lo que tienes que llev\u00e1rtelo todo t\u00fa. Mete sin falta calzado firme o escarpines, porque <strong>las rocas suelen ser resbaladizas y afiladas<\/strong>, y si buscas tranquilidad, llega mejor muy temprano, antes de que los pe\u00f1ascos calizos se llenen de toallas.<\/p>\n\n\n\n<h3 id=\"17_Hypogeum_v_al_Saflieni\" class=\"wp-block-heading\"><span class=\"ez-toc-section\" id=\"17_El_Hipogeo_de_Hal_Saflieni\"><\/span>17. El Hipogeo de \u0126al Saflieni<span class=\"ez-toc-section-end\"><\/span><\/h3>\n\n\n\n<p class=\"wp-block-paragraph\">Este santuario subterr\u00e1neo de tres pisos excavado en la roca es una aut\u00e9ntica maravilla \u00fanica en el mundo y, seg\u00fan dicen, es el monumento m\u00e1s misterioso de toda Malta. Lo descubrieron por pura casualidad unos obreros cavando los cimientos de unas casas nuevas y hoy es un lugar que <strong>asombra por su compleja arquitectura<\/strong> y por la ac\u00fastica perfecta de sus profundas c\u00e1maras.<\/p>\n\n\n\n<figure data-wp-context=\"{&quot;imageId&quot;:&quot;6a9c1443904ae&quot;}\" data-wp-interactive=\"core\/image\" data-wp-key=\"6a9c1443904ae\" class=\"wp-block-image size-full wp-lightbox-container\"><img decoding=\"async\" width=\"1500\" height=\"1125\" data-wp-class--hide=\"state.isContentHidden\" data-wp-class--show=\"state.isContentVisible\" data-wp-init=\"callbacks.setButtonStyles\" data-wp-on--click=\"actions.showLightbox\" data-wp-on--load=\"callbacks.setButtonStyles\" data-wp-on--pointerdown=\"actions.preloadImage\" data-wp-on--pointerenter=\"actions.preloadImageWithDelay\" data-wp-on--pointerleave=\"actions.cancelPreload\" data-wp-on-window--resize=\"callbacks.setButtonStyles\" src=\"https:\/\/loudavymkrokem.cz\/wp-content\/uploads\/2026\/08\/dovolena-malta-t17.jpg\" alt=\"Templos prehist\u00f3ricos de Tarxien\" class=\"wp-image-399716\" title=\"\" srcset=\"https:\/\/loudavymkrokem.cz\/wp-content\/uploads\/2026\/08\/dovolena-malta-t17.jpg 1500w, https:\/\/loudavymkrokem.cz\/wp-content\/uploads\/2026\/08\/dovolena-malta-t17-300x225.jpg 300w, https:\/\/loudavymkrokem.cz\/wp-content\/uploads\/2026\/08\/dovolena-malta-t17-700x525.jpg 700w, https:\/\/loudavymkrokem.cz\/wp-content\/uploads\/2026\/08\/dovolena-malta-t17-768x576.jpg 768w, https:\/\/loudavymkrokem.cz\/wp-content\/uploads\/2026\/08\/dovolena-malta-t17-80x60.jpg 80w, https:\/\/loudavymkrokem.cz\/wp-content\/uploads\/2026\/08\/dovolena-malta-t17-160x120.jpg 160w, https:\/\/loudavymkrokem.cz\/wp-content\/uploads\/2026\/08\/dovolena-malta-t17-696x522.jpg 696w, https:\/\/loudavymkrokem.cz\/wp-content\/uploads\/2026\/08\/dovolena-malta-t17-1392x1044.jpg 1392w\" sizes=\"(max-width: 1500px) 100vw, 1500px\" \/><button\n\t\t\tclass=\"lightbox-trigger\"\n\t\t\ttype=\"button\"\n\t\t\taria-haspopup=\"dialog\"\n\t\t\tdata-wp-bind--aria-label=\"state.thisImage.triggerButtonAriaLabel\"\n\t\t\tdata-wp-init=\"callbacks.initTriggerButton\"\n\t\t\tdata-wp-on--click=\"actions.showLightbox\"\n\t\t\tdata-wp-style--right=\"state.thisImage.buttonRight\"\n\t\t\tdata-wp-style--top=\"state.thisImage.buttonTop\"\n\t\t>\n\t\t\t<svg xmlns=\"http:\/\/www.w3.org\/2000\/svg\" width=\"12\" height=\"12\" fill=\"none\" viewBox=\"0 0 12 12\">\n\t\t\t\t<path fill=\"#fff\" d=\"M2 0a2 2 0 0 0-2 2v2h1.5V2a.5.5 0 0 1 .5-.5h2V0H2Zm2 10.5H2a.5.5 0 0 1-.5-.5V8H0v2a2 2 0 0 0 2 2h2v-1.5ZM8 12v-1.5h2a.5.5 0 0 0 .5-.5V8H12v2a2 2 0 0 1-2 2H8Zm2-12a2 2 0 0 1 2 2v2h-1.5V2a.5.5 0 0 0-.5-.5H8V0h2Z\" \/>\n\t\t\t<\/svg>\n\t\t<\/button><figcaption class=\"wp-element-caption\">Templos prehist\u00f3ricos de Tarxien (Foto: Kaybeesquared \/ Wikimedia Commons, CC BY-SA 4.0)<\/figcaption><\/figure>\n\n\n\n<p class=\"wp-block-paragraph\">Para proteger el microclima \u00fanico, solo se entra en grupos peque\u00f1os y la entrada, l\u00f3gicamente, se paga por persona. Si quieres ver este lugar con tus propios ojos, tienes que <strong>reservar las entradas online incluso con varios meses de antelaci\u00f3n<\/strong>, porque se agotan a una velocidad incre\u00edble y en taquilla ya no tienes ninguna opci\u00f3n de conseguirlas.<\/p>\n\n\n\n<!-- LKM_GYG_CARD start q=\"malta\" lang=\"es\" rendered=\"2026-09-05T10:43:54+00:00\" v=\"1\" -->\n\n<!-- LKM_GYG_CARD end -->\n\n\n\n\n<div class=\"lk-stays-module\">\n<style>\n\/* \u2500\u2500\u2500 RESET PRO GUTENBERG \u2500\u2500\u2500 *\/\n.lk-stays-module * { box-sizing: border-box; margin: 0; padding: 0; }\n\n\/* \u2500\u2500\u2500 WRAPPER \u2500\u2500\u2500 *\/\n.lk-stays-module {\n  font-family: 'DM Sans', Georgia, sans-serif;\n  max-width: 100%;\n  margin: 2.5rem auto;\n  background: linear-gradient(135deg, #fdfaf5 0%, #fcf8f0 100%);\n  border: 1px solid #e8dfd4;\n  border-radius: 16px;\n  overflow: hidden;\n  box-shadow: 0 16px 48px rgba(195, 159, 118, 0.25), 0 4px 12px rgba(0,0,0,0.08);\n}\n\n\/* \u2500\u2500\u2500 HEADER \u2500\u2500\u2500 *\/\n.lk-stays-header {\n  position: relative;\n  padding: 24px 36px 24px;\n  background: linear-gradient(135deg, #c39f76 0%, #d4b188 60%, #c39f76 100%);\n  border-bottom: 1px solid rgba(255,255,255,.15);\n  display: flex;\n  align-items: center;\n  gap: 18px;\n}\n.lk-stays-header::before {\n  content: '';\n  position: absolute;\n  inset: 0;\n  background: url(\"data:image\/svg+xml,%3Csvg width='60' height='60' viewBox='0 0 60 60' xmlns='http:\/\/www.w3.org\/2000\/svg'%3E%3Cg fill='none' fill-rule='evenodd'%3E%3Cg fill='%23ffffff' fill-opacity='0.05'%3E%3Cpath d='M36 34v-4h-2v4h-4v2h4v4h2v-4h4v-2h-4zm0-30V0h-2v4h-4v2h4v4h2V6h4V4h-4zM6 34v-4H4v4H0v2h4v4h2v-4h4v-2H6zM6 4V0H4v4H0v2h4v4h2V6h4V4H6z'\/%3E%3C\/g%3E%3C\/g%3E%3C\/svg%3E\") repeat;\n  pointer-events: none;\n}\n.lk-stays-icon {\n  flex-shrink: 0;\n  width: 68px;\n  height: 68px;\n  border-radius: 14px;\n  background: linear-gradient(135deg, #fff 0%, #f9f6f0 100%);\n  display: flex;\n  align-items: center;\n  justify-content: center;\n  font-size: 26px;\n  box-shadow: 0 4px 12px rgba(0,0,0,0.15);\n}\n.lk-stays-eyebrow {\n  font-size: 10px;\n  font-weight: 500;\n  letter-spacing: 2.5px;\n  text-transform: uppercase;\n  color: rgba(255,255,255,.85);\n  margin: 0 0 5px 0;\n}\n.lk-stays-title {\n  font-family: 'Playfair Display', Georgia, serif;\n  font-size: 24px;\n  font-weight: 700;\n  color: #fff;\n  line-height: 1.2;\n  text-shadow: 0 1px 2px rgba(0,0,0,0.1);\n  margin: 0;\n}\n.lk-stays-subtitle {\n  font-size: 13px;\n  color: rgba(255,255,255,.75);\n  margin: 4px 0 0 0;\n  font-weight: 300;\n}\n\n\/* \u2500\u2500\u2500 CARDS GRID \u2500\u2500\u2500 *\/\n.lk-stays-grid {\n  display: grid;\n  grid-template-columns: 1fr 1fr;\n  gap: 1px;\n  background: rgba(195, 159, 118, 0.12);\n}\n\n\/* \u2500\u2500\u2500 SINGLE CARD \u2500\u2500\u2500 *\/\n.lk-stay-card {\n  background: #ffffff;\n  padding: 26px;\n  display: flex;\n  flex-direction: column;\n  gap: 11px;\n  transition: all 0.3s ease;\n  text-decoration: none;\n  color: inherit;\n  position: relative;\n}\n.lk-stay-card:hover {\n  background: #fffbf5;\n  transform: translateY(-2px);\n  box-shadow: 0 8px 24px rgba(195, 159, 118, 0.18);\n  z-index: 1;\n}\n.lk-stay-card.featured {\n  background: linear-gradient(135deg, #fffdf9 0%, #fff9f0 100%);\n  box-shadow: 0 4px 16px rgba(195, 159, 118, 0.15), inset 0 1px 0 rgba(195, 159, 118, 0.1);\n}\n.lk-stay-card.featured:hover {\n  background: linear-gradient(135deg, #fffbf5 0%, #fff8ed 100%);\n  box-shadow: 0 8px 24px rgba(195, 159, 118, 0.25), inset 0 1px 0 rgba(195, 159, 118, 0.15);\n}\n\n.lk-stay-badge {\n  display: inline-flex;\n  align-items: center;\n  gap: 5px;\n  font-size: 10px;\n  font-weight: 500;\n  letter-spacing: 1.5px;\n  text-transform: uppercase;\n  padding: 5px 11px;\n  border-radius: 20px;\n  width: fit-content;\n}\n.badge-top     { background: linear-gradient(135deg, #c39f76 0%, #d4b188 100%); color: #fff; border: 1px solid #c39f76; font-weight: 600; box-shadow: 0 2px 8px rgba(195,159,118,0.3); }\n.badge-luxury  { background: rgba(195,159,118,.12); color: #c39f76; border: 1px solid rgba(195,159,118,.25); }\n.badge-boutique{ background: rgba(54,133,252,.08); color: #3685fc; border: 1px solid rgba(54,133,252,.2); }\n.badge-nature  { background: rgba(130,190,100,.1); color: #6b9c4a; border: 1px solid rgba(130,190,100,.2); }\n.badge-remote  { background: rgba(195,159,118,.12); color: #a67e50; border: 1px solid rgba(195,159,118,.25); }\n\n.lk-stay-name {\n  font-family: 'Playfair Display', Georgia, serif;\n  font-size: 18px;\n  font-weight: 700;\n  color: #111827;\n  line-height: 1.3;\n}\n.lk-stay-desc {\n  font-size: 13.5px;\n  color: #525252;\n  line-height: 1.65;\n  font-weight: 300;\n  flex: 1;\n}\n\n.lk-stay-meta {\n  display: flex;\n  align-items: center;\n  gap: 12px;\n  flex-wrap: wrap;\n  margin-top: 4px;\n}\n.lk-stay-price {\n  font-size: 13px;\n  color: #6b7280;\n}\n.lk-stay-price strong {\n  color: #c39f76;\n  font-weight: 500;\n}\n.lk-stay-stars {\n  color: #c39f76;\n  font-size: 11px;\n  letter-spacing: 1px;\n}\n\n\/* \u2500\u2500\u2500 CTA BUTTON \u2500\u2500\u2500 *\/\n.lk-stay-cta {\n  display: inline-flex;\n  align-items: center;\n  justify-content: center;\n  gap: 7px;\n  margin-top: 8px;\n  padding: 11px 20px;\n  border-radius: 8px;\n  background: linear-gradient(135deg, #3685fc 0%, #2a6fd9 100%);\n  color: #fff;\n  font-size: 13px;\n  font-weight: 500;\n  text-decoration: none;\n  letter-spacing: .3px;\n  transition: all .2s ease;\n  cursor: pointer;\n  border: none;\n  text-align: center;\n  box-shadow: 0 4px 12px rgba(54, 133, 252, 0.25);\n}\n.lk-stay-cta:hover {\n  background: linear-gradient(135deg, #2a6fd9 0%, #1e5bc4 100%);\n  transform: translateY(-1px);\n  box-shadow: 0 6px 16px rgba(54, 133, 252, 0.35);\n}\n.lk-stay-cta svg { flex-shrink: 0; }\n\n\/* \u2500\u2500\u2500 FOOTER \u2500\u2500\u2500 *\/\n.lk-stays-footer {\n  padding: 18px 36px;\n  background: linear-gradient(to bottom, #fdfaf5 0%, #f9f4ed 100%);\n  border-top: 1px solid rgba(195, 159, 118, 0.15);\n  display: flex;\n  align-items: center;\n  justify-content: space-between;\n  flex-wrap: wrap;\n  gap: 12px;\n}\n.lk-stays-footer-note {\n  font-size: 11.5px;\n  color: #6b7280;\n  font-weight: 300;\n  line-height: 1.5;\n}\n.lk-stays-footer-note a {\n  color: #c39f76;\n  text-decoration: none;\n  font-weight: 400;\n}\n.lk-stays-footer-note a:hover {\n  text-decoration: underline;\n}\n.lk-stays-all-btn {\n  display: inline-flex;\n  align-items: center;\n  gap: 6px;\n  font-size: 12.5px;\n  font-weight: 500;\n  color: #c39f76;\n  text-decoration: none;\n  border: 1px solid rgba(195, 159, 118, 0.35);\n  padding: 8px 18px;\n  border-radius: 8px;\n  transition: all .2s ease;\n}\n.lk-stays-all-btn:hover {\n  background: rgba(195, 159, 118, 0.08);\n  border-color: rgba(195, 159, 118, 0.5);\n}\n\n\/* \u2500\u2500\u2500 RESPONSIVE \u2500\u2500\u2500 *\/\n@media (max-width: 600px) {\n  .lk-stays-grid { grid-template-columns: 1fr; }\n  .lk-stays-header { padding: 24px 20px; }\n  .lk-stays-footer { padding: 16px 20px; }\n  .lk-stay-card { padding: 22px; }\n  .lk-stays-title { font-size: 20px; }\n}\n<\/style>\n\n  <!-- HEADER -->\n  <div class=\"lk-stays-header\">\n    <img decoding=\"async\" src=\"https:\/\/loudavymkrokem.cz\/wp-content\/uploads\/2026\/02\/lukas-a-lucka.jpg\" alt=\"\" style=\"width: 75px; height: 75px; border-radius: 8px; flex-shrink: 0; object-fit: cover; display: block; margin: 4px 0;\" title=\"\">\n    <div class=\"lk-stays-header-text\">\n      <div class=\"lk-stays-eyebrow\">Luk\u00e1\u0161 y Lucie recomiendan<\/div>\n      <div class=\"lk-stays-title\">D\u00f3nde alojarse en Malta<\/div>\n      <div class=\"lk-stays-subtitle\">6 alojamientos \u2014 hoteles wellness, resorts y otras opciones de hospedaje<\/div>\n    <\/div>\n  <\/div>\n\n  <!-- CARDS -->\n  <div class=\"lk-stays-grid\">\n\n    <a class=\"lk-stay-card featured\" href=\"https:\/\/www.stay22.com\/allez\/roam?aid=lukaskonecny&#038;campaign=loudavymkrokemcz&#038;campaign=es&#038;campaign=dovolena-malta&#038;hotelname=The%20Embassy%20Valletta%20Hotel&#038;address=Valletta%2C%20Malta\" target=\"_blank\" rel=\"nofollow noopener\">\n      <span class=\"lk-stay-badge badge-top\">\u2b50 MEJOR OPCI\u00d3N<\/span>\n      <span class=\"lk-stay-badge badge-nature\">\ud83c\udfe8 Hotel<\/span>\n      <div class=\"lk-stay-name\">The Embassy Valletta Hotel<\/div>\n      <div class=\"lk-stay-desc\">Incre\u00edble hotel en el centro hist\u00f3rico con azotea con piscina y magn\u00edficas vistas de los alrededores.<\/div>\n      <div class=\"lk-stay-meta\">\n        <span class=\"lk-stay-stars\">\u2605\u2605\u2605\u2605<\/span>\n        <span class=\"lk-stay-price\">Consultar precios<\/span>\n      <\/div>\n      <span class=\"lk-stay-cta\">\n        <svg width=\"14\" height=\"14\" viewBox=\"0 0 24 24\" fill=\"none\" stroke=\"currentColor\" stroke-width=\"2\"><path d=\"M18 13v6a2 2 0 0 1-2 2H5a2 2 0 0 1-2-2V8a2 2 0 0 1 2-2h6\"\/><polyline points=\"15 3 21 3 21 9\"\/><line x1=\"10\" y1=\"14\" x2=\"21\" y2=\"3\"\/><\/svg>\n        Comprobar disponibilidad\n      <\/span>\n    <\/a>\n\n    <a class=\"lk-stay-card\" href=\"https:\/\/www.stay22.com\/allez\/roam?aid=lukaskonecny&#038;campaign=loudavymkrokemcz&#038;campaign=es&#038;campaign=dovolena-malta&#038;hotelname=Hotel%20Juliani&#038;address=St%20Julian%27s%2C%20Malta\" target=\"_blank\" rel=\"nofollow noopener\">\n      <span class=\"lk-stay-badge badge-nature\">\ud83c\udfe8 Hotel<\/span>\n      <div class=\"lk-stay-name\">Hotel Juliani<\/div>\n      <div class=\"lk-stay-desc\">Precioso hotel boutique en la costa de Spinola Bay, ofrece excelentes servicios y un ambiente encantador.<\/div>\n      <div class=\"lk-stay-meta\">\n        <span class=\"lk-stay-stars\">\u2605\u2605\u2605\u2605<\/span>\n        <span class=\"lk-stay-price\">Consultar precios<\/span>\n      <\/div>\n      <span class=\"lk-stay-cta\">\n        <svg width=\"14\" height=\"14\" viewBox=\"0 0 24 24\" fill=\"none\" stroke=\"currentColor\" stroke-width=\"2\"><path d=\"M18 13v6a2 2 0 0 1-2 2H5a2 2 0 0 1-2-2V8a2 2 0 0 1 2-2h6\"\/><polyline points=\"15 3 21 3 21 9\"\/><line x1=\"10\" y1=\"14\" x2=\"21\" y2=\"3\"\/><\/svg>\n        Comprobar disponibilidad\n      <\/span>\n    <\/a>\n\n    <a class=\"lk-stay-card\" href=\"https:\/\/www.stay22.com\/allez\/roam?aid=lukaskonecny&#038;campaign=loudavymkrokemcz&#038;campaign=es&#038;campaign=dovolena-malta&#038;hotelname=Corinthia%20St%20George%27s%20Bay&#038;address=St%20Julian%27s%2C%20Malta\" target=\"_blank\" rel=\"nofollow noopener\">\n      <span class=\"lk-stay-badge badge-nature\">\u2b50 Luxury<\/span>\n      <div class=\"lk-stay-name\">Corinthia St George&#8217;s Bay<\/div>\n      <div class=\"lk-stay-desc\">Lujoso resort de cinco estrellas directamente en la bah\u00eda, m\u00e1xima comodidad y servicio de primera para los m\u00e1s exigentes.<\/div>\n      <div class=\"lk-stay-meta\">\n        <span class=\"lk-stay-stars\">\u2605\u2605\u2605\u2605\u2605<\/span>\n        <span class=\"lk-stay-price\">Consultar precios<\/span>\n      <\/div>\n      <span class=\"lk-stay-cta\">\n        <svg width=\"14\" height=\"14\" viewBox=\"0 0 24 24\" fill=\"none\" stroke=\"currentColor\" stroke-width=\"2\"><path d=\"M18 13v6a2 2 0 0 1-2 2H5a2 2 0 0 1-2-2V8a2 2 0 0 1 2-2h6\"\/><polyline points=\"15 3 21 3 21 9\"\/><line x1=\"10\" y1=\"14\" x2=\"21\" y2=\"3\"\/><\/svg>\n        Comprobar disponibilidad\n      <\/span>\n    <\/a>\n\n    <a class=\"lk-stay-card\" href=\"https:\/\/www.stay22.com\/allez\/roam?aid=lukaskonecny&#038;campaign=loudavymkrokemcz&#038;campaign=es&#038;campaign=dovolena-malta&#038;hotelname=Hyatt%20Centric%20Malta&#038;address=St%20Julian%27s%2C%20Malta\" target=\"_blank\" rel=\"nofollow noopener\">\n      <span class=\"lk-stay-badge badge-nature\">\ud83c\udfe8 Hotel<\/span>\n      <div class=\"lk-stay-name\">Hyatt Centric Malta<\/div>\n      <div class=\"lk-stay-desc\">Hotel de dise\u00f1o moderno en la zona de St Julian&#8217;s, atrae con su elegante piscina en la azotea.<\/div>\n      <div class=\"lk-stay-meta\">\n        <span class=\"lk-stay-stars\">\u2605\u2605\u2605\u2605<\/span>\n        <span class=\"lk-stay-price\">Consultar precios<\/span>\n      <\/div>\n      <span class=\"lk-stay-cta\">\n        <svg width=\"14\" height=\"14\" viewBox=\"0 0 24 24\" fill=\"none\" stroke=\"currentColor\" stroke-width=\"2\"><path d=\"M18 13v6a2 2 0 0 1-2 2H5a2 2 0 0 1-2-2V8a2 2 0 0 1 2-2h6\"\/><polyline points=\"15 3 21 3 21 9\"\/><line x1=\"10\" y1=\"14\" x2=\"21\" y2=\"3\"\/><\/svg>\n        Comprobar disponibilidad\n      <\/span>\n    <\/a>\n\n    <a class=\"lk-stay-card\" href=\"https:\/\/www.stay22.com\/allez\/roam?aid=lukaskonecny&#038;campaign=loudavymkrokemcz&#038;campaign=es&#038;campaign=dovolena-malta&#038;hotelname=db%20Seabank%20Resort%20%2B%20Spa&#038;address=Mellieha%2C%20Malta\" target=\"_blank\" rel=\"nofollow noopener\">\n      <span class=\"lk-stay-badge badge-nature\">\ud83c\udf32 Resort<\/span>\n      <div class=\"lk-stay-name\">db Seabank Resort + Spa<\/div>\n      <div class=\"lk-stay-desc\">Popular complejo con todo incluido, a un paso de la mejor playa de arena en Mellie\u0127a.<\/div>\n      <div class=\"lk-stay-meta\">\n        <span class=\"lk-stay-stars\">\u2605\u2605\u2605\u2605<\/span>\n        <span class=\"lk-stay-price\">Consultar precios<\/span>\n      <\/div>\n      <span class=\"lk-stay-cta\">\n        <svg width=\"14\" height=\"14\" viewBox=\"0 0 24 24\" fill=\"none\" stroke=\"currentColor\" stroke-width=\"2\"><path d=\"M18 13v6a2 2 0 0 1-2 2H5a2 2 0 0 1-2-2V8a2 2 0 0 1 2-2h6\"\/><polyline points=\"15 3 21 3 21 9\"\/><line x1=\"10\" y1=\"14\" x2=\"21\" y2=\"3\"\/><\/svg>\n        Comprobar disponibilidad\n      <\/span>\n    <\/a>\n\n    <a class=\"lk-stay-card\" href=\"https:\/\/www.stay22.com\/allez\/roam?aid=lukaskonecny&#038;campaign=loudavymkrokemcz&#038;campaign=es&#038;campaign=dovolena-malta&#038;hotelname=Kempinski%20Hotel%20San%20Lawrenz&#038;address=San%20Lawrenz%2C%20Gozo%2C%20Malta\" target=\"_blank\" rel=\"nofollow noopener\">\n      <span class=\"lk-stay-badge badge-nature\">\ud83c\udf32 Resort<\/span>\n      <div class=\"lk-stay-name\">Kempinski Hotel San Lawrenz<\/div>\n      <div class=\"lk-stay-desc\">Resort tranquilo y espacioso en el interior de la isla de Gozo, un verdadero oasis de paz para un descanso perfecto.<\/div>\n      <div class=\"lk-stay-meta\">\n        <span class=\"lk-stay-stars\">\u2605\u2605\u2605\u2605<\/span>\n        <span class=\"lk-stay-price\">Consultar precios<\/span>\n      <\/div>\n      <span class=\"lk-stay-cta\">\n        <svg width=\"14\" height=\"14\" viewBox=\"0 0 24 24\" fill=\"none\" stroke=\"currentColor\" stroke-width=\"2\"><path d=\"M18 13v6a2 2 0 0 1-2 2H5a2 2 0 0 1-2-2V8a2 2 0 0 1 2-2h6\"\/><polyline points=\"15 3 21 3 21 9\"\/><line x1=\"10\" y1=\"14\" x2=\"21\" y2=\"3\"\/><\/svg>\n        Comprobar disponibilidad\n      <\/span>\n    <\/a>\n\n  <\/div>\n\n  \n<\/div>\n\n\n\n\n<h3 id=\"18_Modra_laguna_na_Comino\" class=\"wp-block-heading\"><span class=\"ez-toc-section\" id=\"18_La_Laguna_Azul_de_Comino\"><\/span>18. La Laguna Azul de Comino<span class=\"ez-toc-section-end\"><\/span><\/h3>\n\n\n\n<p class=\"wp-block-paragraph\">El agua turquesa brillante que contrasta con el fondo de arena blanca ha convertido esta cala, con diferencia, en el lugar m\u00e1s fotog\u00e9nico de todo el archipi\u00e9lago. Est\u00e1 junto a las orillas de la peque\u00f1a isla de Comino, donde no llega ning\u00fan coche, as\u00ed que tienes que pagar un barco de excursi\u00f3n desde Malta o Gozo, y seg\u00fan las fotos aquello <strong>parece un aut\u00e9ntico para\u00edso caribe\u00f1o<\/strong>.<\/p>\n\n\n\n<figure data-wp-context=\"{&quot;imageId&quot;:&quot;6a9c144390fe8&quot;}\" data-wp-interactive=\"core\/image\" data-wp-key=\"6a9c144390fe8\" class=\"wp-block-image size-full wp-lightbox-container\"><img decoding=\"async\" width=\"1500\" height=\"1000\" data-wp-class--hide=\"state.isContentHidden\" data-wp-class--show=\"state.isContentVisible\" data-wp-init=\"callbacks.setButtonStyles\" data-wp-on--click=\"actions.showLightbox\" data-wp-on--load=\"callbacks.setButtonStyles\" data-wp-on--pointerdown=\"actions.preloadImage\" data-wp-on--pointerenter=\"actions.preloadImageWithDelay\" data-wp-on--pointerleave=\"actions.cancelPreload\" data-wp-on-window--resize=\"callbacks.setButtonStyles\" src=\"https:\/\/loudavymkrokem.cz\/wp-content\/uploads\/2026\/08\/dovolena-malta-t18.jpg\" alt=\"Laguna Azul en el islote de Comino\" class=\"wp-image-399720\" title=\"\" srcset=\"https:\/\/loudavymkrokem.cz\/wp-content\/uploads\/2026\/08\/dovolena-malta-t18.jpg 1500w, https:\/\/loudavymkrokem.cz\/wp-content\/uploads\/2026\/08\/dovolena-malta-t18-300x200.jpg 300w, https:\/\/loudavymkrokem.cz\/wp-content\/uploads\/2026\/08\/dovolena-malta-t18-700x467.jpg 700w, https:\/\/loudavymkrokem.cz\/wp-content\/uploads\/2026\/08\/dovolena-malta-t18-768x512.jpg 768w, https:\/\/loudavymkrokem.cz\/wp-content\/uploads\/2026\/08\/dovolena-malta-t18-696x464.jpg 696w, https:\/\/loudavymkrokem.cz\/wp-content\/uploads\/2026\/08\/dovolena-malta-t18-1392x928.jpg 1392w\" sizes=\"(max-width: 1500px) 100vw, 1500px\" \/><button\n\t\t\tclass=\"lightbox-trigger\"\n\t\t\ttype=\"button\"\n\t\t\taria-haspopup=\"dialog\"\n\t\t\tdata-wp-bind--aria-label=\"state.thisImage.triggerButtonAriaLabel\"\n\t\t\tdata-wp-init=\"callbacks.initTriggerButton\"\n\t\t\tdata-wp-on--click=\"actions.showLightbox\"\n\t\t\tdata-wp-style--right=\"state.thisImage.buttonRight\"\n\t\t\tdata-wp-style--top=\"state.thisImage.buttonTop\"\n\t\t>\n\t\t\t<svg xmlns=\"http:\/\/www.w3.org\/2000\/svg\" width=\"12\" height=\"12\" fill=\"none\" viewBox=\"0 0 12 12\">\n\t\t\t\t<path fill=\"#fff\" d=\"M2 0a2 2 0 0 0-2 2v2h1.5V2a.5.5 0 0 1 .5-.5h2V0H2Zm2 10.5H2a.5.5 0 0 1-.5-.5V8H0v2a2 2 0 0 0 2 2h2v-1.5ZM8 12v-1.5h2a.5.5 0 0 0 .5-.5V8H12v2a2 2 0 0 1-2 2H8Zm2-12a2 2 0 0 1 2 2v2h-1.5V2a.5.5 0 0 0-.5-.5H8V0h2Z\" \/>\n\t\t\t<\/svg>\n\t\t<\/button><figcaption class=\"wp-element-caption\">Laguna Azul en el islote de Comino (Foto: Frank Vincentz \/ Wikimedia Commons, CC BY-SA 3.0)<\/figcaption><\/figure>\n\n\n\n<p class=\"wp-block-paragraph\">Pero tengo que ser totalmente sincera contigo, porque en julio y agosto dicen que esto es una gran y ruidos\u00edsima aglomeraci\u00f3n donde no tienes ni sitio para tender la toalla. Por eso los lugare\u00f1os recomiendan con insistencia <strong>salir en el primer\u00edsimo barco de la ma\u00f1ana<\/strong>, o planear la visita fuera de la temporada alta de verano, y sobre todo llevarte agua y sombra.<\/p>\n\n\n\n<h3 id=\"19_Victoria_a_Citadela\" class=\"wp-block-heading\"><span class=\"ez-toc-section\" id=\"19_Victoria_y_la_Ciudadela\"><\/span>19. Victoria y la Ciudadela<span class=\"ez-toc-section-end\"><\/span><\/h3>\n\n\n\n<p class=\"wp-block-paragraph\">La capital de la m\u00e1s verde isla de Gozo, a la que los lugare\u00f1os llaman a menudo por su nombre original, Rabat, esconde en su centro una majestuosa Ciudadela fortificada. Esta fortaleza inexpugnable proteg\u00eda en el pasado a los habitantes de los ataques de piratas y hoy ofrece <strong>una preciosa vista panor\u00e1mica de toda la isla<\/strong> que, seg\u00fan los visitantes, seguro que te encantar\u00e1.<\/p>\n\n\n\n<figure data-wp-context=\"{&quot;imageId&quot;:&quot;6a9c144391736&quot;}\" data-wp-interactive=\"core\/image\" data-wp-key=\"6a9c144391736\" class=\"wp-block-image size-full wp-lightbox-container\"><img decoding=\"async\" width=\"1500\" height=\"1000\" data-wp-class--hide=\"state.isContentHidden\" data-wp-class--show=\"state.isContentVisible\" data-wp-init=\"callbacks.setButtonStyles\" data-wp-on--click=\"actions.showLightbox\" data-wp-on--load=\"callbacks.setButtonStyles\" data-wp-on--pointerdown=\"actions.preloadImage\" data-wp-on--pointerenter=\"actions.preloadImageWithDelay\" data-wp-on--pointerleave=\"actions.cancelPreload\" data-wp-on-window--resize=\"callbacks.setButtonStyles\" src=\"https:\/\/loudavymkrokem.cz\/wp-content\/uploads\/2026\/08\/dovolena-malta-t19.jpg\" alt=\"Ciudadela de Victoria en Gozo\" class=\"wp-image-399722\" title=\"\" srcset=\"https:\/\/loudavymkrokem.cz\/wp-content\/uploads\/2026\/08\/dovolena-malta-t19.jpg 1500w, https:\/\/loudavymkrokem.cz\/wp-content\/uploads\/2026\/08\/dovolena-malta-t19-300x200.jpg 300w, https:\/\/loudavymkrokem.cz\/wp-content\/uploads\/2026\/08\/dovolena-malta-t19-700x467.jpg 700w, https:\/\/loudavymkrokem.cz\/wp-content\/uploads\/2026\/08\/dovolena-malta-t19-768x512.jpg 768w, https:\/\/loudavymkrokem.cz\/wp-content\/uploads\/2026\/08\/dovolena-malta-t19-696x464.jpg 696w, https:\/\/loudavymkrokem.cz\/wp-content\/uploads\/2026\/08\/dovolena-malta-t19-1392x928.jpg 1392w\" sizes=\"(max-width: 1500px) 100vw, 1500px\" \/><button\n\t\t\tclass=\"lightbox-trigger\"\n\t\t\ttype=\"button\"\n\t\t\taria-haspopup=\"dialog\"\n\t\t\tdata-wp-bind--aria-label=\"state.thisImage.triggerButtonAriaLabel\"\n\t\t\tdata-wp-init=\"callbacks.initTriggerButton\"\n\t\t\tdata-wp-on--click=\"actions.showLightbox\"\n\t\t\tdata-wp-style--right=\"state.thisImage.buttonRight\"\n\t\t\tdata-wp-style--top=\"state.thisImage.buttonTop\"\n\t\t>\n\t\t\t<svg xmlns=\"http:\/\/www.w3.org\/2000\/svg\" width=\"12\" height=\"12\" fill=\"none\" viewBox=\"0 0 12 12\">\n\t\t\t\t<path fill=\"#fff\" d=\"M2 0a2 2 0 0 0-2 2v2h1.5V2a.5.5 0 0 1 .5-.5h2V0H2Zm2 10.5H2a.5.5 0 0 1-.5-.5V8H0v2a2 2 0 0 0 2 2h2v-1.5ZM8 12v-1.5h2a.5.5 0 0 0 .5-.5V8H12v2a2 2 0 0 1-2 2H8Zm2-12a2 2 0 0 1 2 2v2h-1.5V2a.5.5 0 0 0-.5-.5H8V0h2Z\" \/>\n\t\t\t<\/svg>\n\t\t<\/button><figcaption class=\"wp-element-caption\">Ciudadela de Victoria en Gozo (Foto: CEphoto, Uwe Aranas \/ Wikimedia Commons, CC BY-SA 3.0)<\/figcaption><\/figure>\n\n\n\n<p class=\"wp-block-paragraph\">A Gozo llegas en ferri desde el puerto de \u010airkewwa, lo que dura unos 25 minutos, o puedes usar el r\u00e1pido catamar\u00e1n desde La Valeta, que navega unos tres cuartos de hora. Un dato pr\u00e1ctico curioso es que <strong>el trayecto de ida a la isla no se paga<\/strong>: el billete del ferri lo compras en el viaje de vuelta a Malta, as\u00ed que te ahorras esperas innecesarias a la salida.<\/p>\n\n\n\n<h3 id=\"20_Dwejra_a_Vnitrozemske_more\" class=\"wp-block-heading\"><span class=\"ez-toc-section\" id=\"20_Dwejra_y_el_Mar_Interior\"><\/span>20. Dwejra y el Mar Interior<span class=\"ez-toc-section-end\"><\/span><\/h3>\n\n\n\n<p class=\"wp-block-paragraph\">Esta parte de la isla de Gozo era famosa sobre todo por la Ventana Azul, un enorme arco de roca que, por desgracia, se derrumb\u00f3 al mar en 2017 durante una fuerte tormenta. Pero incluso sin ella, la naturaleza ofrece aqu\u00ed un espect\u00e1culo incre\u00edble, porque queda el fascinante Mar Interior y <strong>unas condiciones estupendas para el buceo en cuevas profundas<\/strong>.<\/p>\n\n\n\n<figure data-wp-context=\"{&quot;imageId&quot;:&quot;6a9c144391c11&quot;}\" data-wp-interactive=\"core\/image\" data-wp-key=\"6a9c144391c11\" class=\"wp-block-image size-full wp-lightbox-container\"><img decoding=\"async\" width=\"1500\" height=\"998\" data-wp-class--hide=\"state.isContentHidden\" data-wp-class--show=\"state.isContentVisible\" data-wp-init=\"callbacks.setButtonStyles\" data-wp-on--click=\"actions.showLightbox\" data-wp-on--load=\"callbacks.setButtonStyles\" data-wp-on--pointerdown=\"actions.preloadImage\" data-wp-on--pointerenter=\"actions.preloadImageWithDelay\" data-wp-on--pointerleave=\"actions.cancelPreload\" data-wp-on-window--resize=\"callbacks.setButtonStyles\" src=\"https:\/\/loudavymkrokem.cz\/wp-content\/uploads\/2026\/08\/dovolena-malta-t20.jpg\" alt=\"Dwejra y el Mar Interior en Gozo\" class=\"wp-image-399725\" title=\"\" srcset=\"https:\/\/loudavymkrokem.cz\/wp-content\/uploads\/2026\/08\/dovolena-malta-t20.jpg 1500w, https:\/\/loudavymkrokem.cz\/wp-content\/uploads\/2026\/08\/dovolena-malta-t20-300x200.jpg 300w, https:\/\/loudavymkrokem.cz\/wp-content\/uploads\/2026\/08\/dovolena-malta-t20-700x466.jpg 700w, https:\/\/loudavymkrokem.cz\/wp-content\/uploads\/2026\/08\/dovolena-malta-t20-768x511.jpg 768w, https:\/\/loudavymkrokem.cz\/wp-content\/uploads\/2026\/08\/dovolena-malta-t20-696x463.jpg 696w, https:\/\/loudavymkrokem.cz\/wp-content\/uploads\/2026\/08\/dovolena-malta-t20-1392x926.jpg 1392w\" sizes=\"(max-width: 1500px) 100vw, 1500px\" \/><button\n\t\t\tclass=\"lightbox-trigger\"\n\t\t\ttype=\"button\"\n\t\t\taria-haspopup=\"dialog\"\n\t\t\tdata-wp-bind--aria-label=\"state.thisImage.triggerButtonAriaLabel\"\n\t\t\tdata-wp-init=\"callbacks.initTriggerButton\"\n\t\t\tdata-wp-on--click=\"actions.showLightbox\"\n\t\t\tdata-wp-style--right=\"state.thisImage.buttonRight\"\n\t\t\tdata-wp-style--top=\"state.thisImage.buttonTop\"\n\t\t>\n\t\t\t<svg xmlns=\"http:\/\/www.w3.org\/2000\/svg\" width=\"12\" height=\"12\" fill=\"none\" viewBox=\"0 0 12 12\">\n\t\t\t\t<path fill=\"#fff\" d=\"M2 0a2 2 0 0 0-2 2v2h1.5V2a.5.5 0 0 1 .5-.5h2V0H2Zm2 10.5H2a.5.5 0 0 1-.5-.5V8H0v2a2 2 0 0 0 2 2h2v-1.5ZM8 12v-1.5h2a.5.5 0 0 0 .5-.5V8H12v2a2 2 0 0 1-2 2H8Zm2-12a2 2 0 0 1 2 2v2h-1.5V2a.5.5 0 0 0-.5-.5H8V0h2Z\" \/>\n\t\t\t<\/svg>\n\t\t<\/button><figcaption class=\"wp-element-caption\">Dwejra y el Mar Interior en Gozo (Foto: portengaround \/ Wikimedia Commons, CC BY-SA 2.0)<\/figcaption><\/figure>\n\n\n\n<p class=\"wp-block-paragraph\">El Mar Interior lo forma en realidad una peque\u00f1a laguna poco profunda conectada con el mar abierto por un estrecho t\u00fanel de roca, por el que gustan de pasar las peque\u00f1as barcas de excursi\u00f3n. Los viajeros con experiencia elogian aqu\u00ed las <strong>estupendas condiciones para el snorkel<\/strong>, pero al mismo tiempo advierten de que la costa rocosa y afilada exige precauci\u00f3n y escarpines firmes.<\/p>\n\n\n\n<h3 id=\"21_Ramla_Bay_nejhezci_pisecna_plaz_souostrovi\" class=\"wp-block-heading\"><span class=\"ez-toc-section\" id=\"21_Ramla_Bay_la_playa_de_arena_mas_bonita_del_archipielago\"><\/span>21. Ramla Bay: la playa de arena m\u00e1s bonita del archipi\u00e9lago<span class=\"ez-toc-section-end\"><\/span><\/h3>\n\n\n\n<p class=\"wp-block-paragraph\">Si en Gozo buscas la playa de arena m\u00e1s bonita de todas, todo el mundo te enviar\u00e1 al instante a la costa norte, a la espaciosa bah\u00eda de Ramla. Su <strong>caracter\u00edstica arena de color rojo anaranjado contrasta con el agua limpia<\/strong> y, en lo alto sobre la bah\u00eda, se alza la famosa cueva de Calipso, donde, seg\u00fan la leyenda, la ninfa Calipso retuvo durante siete largos a\u00f1os al m\u00edtico Ulises.<\/p>\n\n\n\n<figure data-wp-context=\"{&quot;imageId&quot;:&quot;6a9c14439218d&quot;}\" data-wp-interactive=\"core\/image\" data-wp-key=\"6a9c14439218d\" class=\"wp-block-image size-full wp-lightbox-container\"><img decoding=\"async\" width=\"1500\" height=\"972\" data-wp-class--hide=\"state.isContentHidden\" data-wp-class--show=\"state.isContentVisible\" data-wp-init=\"callbacks.setButtonStyles\" data-wp-on--click=\"actions.showLightbox\" data-wp-on--load=\"callbacks.setButtonStyles\" data-wp-on--pointerdown=\"actions.preloadImage\" data-wp-on--pointerenter=\"actions.preloadImageWithDelay\" data-wp-on--pointerleave=\"actions.cancelPreload\" data-wp-on-window--resize=\"callbacks.setButtonStyles\" src=\"https:\/\/loudavymkrokem.cz\/wp-content\/uploads\/2026\/08\/dovolena-malta-t21.jpg\" alt=\"Arena roja de la playa de Ramla Bay\" class=\"wp-image-399728\" title=\"\" srcset=\"https:\/\/loudavymkrokem.cz\/wp-content\/uploads\/2026\/08\/dovolena-malta-t21.jpg 1500w, https:\/\/loudavymkrokem.cz\/wp-content\/uploads\/2026\/08\/dovolena-malta-t21-300x194.jpg 300w, https:\/\/loudavymkrokem.cz\/wp-content\/uploads\/2026\/08\/dovolena-malta-t21-700x454.jpg 700w, https:\/\/loudavymkrokem.cz\/wp-content\/uploads\/2026\/08\/dovolena-malta-t21-768x498.jpg 768w, https:\/\/loudavymkrokem.cz\/wp-content\/uploads\/2026\/08\/dovolena-malta-t21-696x451.jpg 696w, https:\/\/loudavymkrokem.cz\/wp-content\/uploads\/2026\/08\/dovolena-malta-t21-1392x902.jpg 1392w\" sizes=\"(max-width: 1500px) 100vw, 1500px\" \/><button\n\t\t\tclass=\"lightbox-trigger\"\n\t\t\ttype=\"button\"\n\t\t\taria-haspopup=\"dialog\"\n\t\t\tdata-wp-bind--aria-label=\"state.thisImage.triggerButtonAriaLabel\"\n\t\t\tdata-wp-init=\"callbacks.initTriggerButton\"\n\t\t\tdata-wp-on--click=\"actions.showLightbox\"\n\t\t\tdata-wp-style--right=\"state.thisImage.buttonRight\"\n\t\t\tdata-wp-style--top=\"state.thisImage.buttonTop\"\n\t\t>\n\t\t\t<svg xmlns=\"http:\/\/www.w3.org\/2000\/svg\" width=\"12\" height=\"12\" fill=\"none\" viewBox=\"0 0 12 12\">\n\t\t\t\t<path fill=\"#fff\" d=\"M2 0a2 2 0 0 0-2 2v2h1.5V2a.5.5 0 0 1 .5-.5h2V0H2Zm2 10.5H2a.5.5 0 0 1-.5-.5V8H0v2a2 2 0 0 0 2 2h2v-1.5ZM8 12v-1.5h2a.5.5 0 0 0 .5-.5V8H12v2a2 2 0 0 1-2 2H8Zm2-12a2 2 0 0 1 2 2v2h-1.5V2a.5.5 0 0 0-.5-.5H8V0h2Z\" \/>\n\t\t\t<\/svg>\n\t\t<\/button><figcaption class=\"wp-element-caption\">Arena roja de la playa de Ramla Bay (Foto: JosephAmodio \/ Wikimedia Commons, CC BY-SA 4.0)<\/figcaption><\/figure>\n\n\n\n<p class=\"wp-block-paragraph\">Llegas c\u00f3modamente hasta la arena con los autobuses locales, que vienen aqu\u00ed con regularidad desde la capital de la isla. Si quieres ahorrar dinero en transporte durante toda tu estancia, seguro que te merece la pena hacerte con una <strong>tarjeta tur\u00edstica semanal<\/strong>, que cuesta unos 25 \u20ac.<\/p>\n\n\n\n<h3 id=\"22_Ggantija_nejstarsi_volne_stojici_stavby_na_svete\" class=\"wp-block-heading\"><span class=\"ez-toc-section\" id=\"22_Ggantija_las_construcciones_exentas_mas_antiguas_del_mundo\"><\/span>22. \u0120gantija: las construcciones exentas m\u00e1s antiguas del mundo<span class=\"ez-toc-section-end\"><\/span><\/h3>\n\n\n\n<p class=\"wp-block-paragraph\">Los historiadores coinciden en que, si te apasiona la antig\u00fcedad, este asombroso complejo de templos en la isla de Gozo te va a dejar literalmente clavado en la silla. Estas macizas construcciones megal\u00edticas, protegidas c\u00f3mo no por la UNESCO, se dice que son las <strong>construcciones exentas m\u00e1s antiguas de todo el mundo<\/strong>, as\u00ed que dejan a la altura del bet\u00fan incluso al brit\u00e1nico Stonehenge.<\/p>\n\n\n\n<figure data-wp-context=\"{&quot;imageId&quot;:&quot;6a9c1443926ec&quot;}\" data-wp-interactive=\"core\/image\" data-wp-key=\"6a9c1443926ec\" class=\"wp-block-image size-full wp-lightbox-container\"><img decoding=\"async\" width=\"1500\" height=\"1000\" data-wp-class--hide=\"state.isContentHidden\" data-wp-class--show=\"state.isContentVisible\" data-wp-init=\"callbacks.setButtonStyles\" data-wp-on--click=\"actions.showLightbox\" data-wp-on--load=\"callbacks.setButtonStyles\" data-wp-on--pointerdown=\"actions.preloadImage\" data-wp-on--pointerenter=\"actions.preloadImageWithDelay\" data-wp-on--pointerleave=\"actions.cancelPreload\" data-wp-on-window--resize=\"callbacks.setButtonStyles\" src=\"https:\/\/loudavymkrokem.cz\/wp-content\/uploads\/2026\/08\/dovolena-malta-t22.jpg\" alt=\"Templos megal\u00edticos de \u0120gantija en Gozo\" class=\"wp-image-399732\" title=\"\" srcset=\"https:\/\/loudavymkrokem.cz\/wp-content\/uploads\/2026\/08\/dovolena-malta-t22.jpg 1500w, https:\/\/loudavymkrokem.cz\/wp-content\/uploads\/2026\/08\/dovolena-malta-t22-300x200.jpg 300w, https:\/\/loudavymkrokem.cz\/wp-content\/uploads\/2026\/08\/dovolena-malta-t22-700x467.jpg 700w, https:\/\/loudavymkrokem.cz\/wp-content\/uploads\/2026\/08\/dovolena-malta-t22-768x512.jpg 768w, https:\/\/loudavymkrokem.cz\/wp-content\/uploads\/2026\/08\/dovolena-malta-t22-696x464.jpg 696w, https:\/\/loudavymkrokem.cz\/wp-content\/uploads\/2026\/08\/dovolena-malta-t22-1392x928.jpg 1392w\" sizes=\"(max-width: 1500px) 100vw, 1500px\" \/><button\n\t\t\tclass=\"lightbox-trigger\"\n\t\t\ttype=\"button\"\n\t\t\taria-haspopup=\"dialog\"\n\t\t\tdata-wp-bind--aria-label=\"state.thisImage.triggerButtonAriaLabel\"\n\t\t\tdata-wp-init=\"callbacks.initTriggerButton\"\n\t\t\tdata-wp-on--click=\"actions.showLightbox\"\n\t\t\tdata-wp-style--right=\"state.thisImage.buttonRight\"\n\t\t\tdata-wp-style--top=\"state.thisImage.buttonTop\"\n\t\t>\n\t\t\t<svg xmlns=\"http:\/\/www.w3.org\/2000\/svg\" width=\"12\" height=\"12\" fill=\"none\" viewBox=\"0 0 12 12\">\n\t\t\t\t<path fill=\"#fff\" d=\"M2 0a2 2 0 0 0-2 2v2h1.5V2a.5.5 0 0 1 .5-.5h2V0H2Zm2 10.5H2a.5.5 0 0 1-.5-.5V8H0v2a2 2 0 0 0 2 2h2v-1.5ZM8 12v-1.5h2a.5.5 0 0 0 .5-.5V8H12v2a2 2 0 0 1-2 2H8Zm2-12a2 2 0 0 1 2 2v2h-1.5V2a.5.5 0 0 0-.5-.5H8V0h2Z\" \/>\n\t\t\t<\/svg>\n\t\t<\/button><figcaption class=\"wp-element-caption\">Templos megal\u00edticos de \u0120gantija en Gozo (Foto: Diego Delso \/ Wikimedia Commons, CC BY-SA 4.0)<\/figcaption><\/figure>\n\n\n\n<p class=\"wp-block-paragraph\">Los enormes bloques de caliza pesan varias decenas de toneladas y, seg\u00fan las antiguas leyendas, tuvieron que traerlos hasta aqu\u00ed unos gigantes, porque los habitantes de entonces no sab\u00edan explicarse de otra forma su construcci\u00f3n. La visita del recinto est\u00e1 muy bien organizada y comienza en un moderno centro de visitantes, donde se recomienda <strong>estudiar con detalle los artefactos expuestos<\/strong> para tener contexto.<\/p>\n\n\n\n<h3 id=\"23_Xlendi_a_Marsalforn\" class=\"wp-block-heading\"><span class=\"ez-toc-section\" id=\"23_Xlendi_y_Marsalforn\"><\/span>23. Xlendi y Marsalforn<span class=\"ez-toc-section-end\"><\/span><\/h3>\n\n\n\n<p class=\"wp-block-paragraph\">Estos dos tranquilos y simp\u00e1ticos pueblos costeros son la base ideal para unas vacaciones relajadas en la isla de Gozo. Mientras la estrecha cala de Xlendi deslumbra con sus dram\u00e1ticos acantilados y preciosos atardeceres, Marsalforn atrae por su bonito paseo mar\u00edtimo y sus <strong>peculiares salinas hist\u00f3ricas<\/strong>, esculpidas directamente en las rocas de la costa justo detr\u00e1s del pueblo.<\/p>\n\n\n\n<figure data-wp-context=\"{&quot;imageId&quot;:&quot;6a9c144392ef1&quot;}\" data-wp-interactive=\"core\/image\" data-wp-key=\"6a9c144392ef1\" class=\"wp-block-image size-full wp-lightbox-container\"><img decoding=\"async\" width=\"1500\" height=\"1000\" data-wp-class--hide=\"state.isContentHidden\" data-wp-class--show=\"state.isContentVisible\" data-wp-init=\"callbacks.setButtonStyles\" data-wp-on--click=\"actions.showLightbox\" data-wp-on--load=\"callbacks.setButtonStyles\" data-wp-on--pointerdown=\"actions.preloadImage\" data-wp-on--pointerenter=\"actions.preloadImageWithDelay\" data-wp-on--pointerleave=\"actions.cancelPreload\" data-wp-on-window--resize=\"callbacks.setButtonStyles\" src=\"https:\/\/loudavymkrokem.cz\/wp-content\/uploads\/2026\/08\/dovolena-malta-t23.jpg\" alt=\"Cala de Xlendi en la isla de Gozo\" class=\"wp-image-399733\" title=\"\" srcset=\"https:\/\/loudavymkrokem.cz\/wp-content\/uploads\/2026\/08\/dovolena-malta-t23.jpg 1500w, https:\/\/loudavymkrokem.cz\/wp-content\/uploads\/2026\/08\/dovolena-malta-t23-300x200.jpg 300w, https:\/\/loudavymkrokem.cz\/wp-content\/uploads\/2026\/08\/dovolena-malta-t23-700x467.jpg 700w, https:\/\/loudavymkrokem.cz\/wp-content\/uploads\/2026\/08\/dovolena-malta-t23-768x512.jpg 768w, https:\/\/loudavymkrokem.cz\/wp-content\/uploads\/2026\/08\/dovolena-malta-t23-696x464.jpg 696w, https:\/\/loudavymkrokem.cz\/wp-content\/uploads\/2026\/08\/dovolena-malta-t23-1392x928.jpg 1392w\" sizes=\"(max-width: 1500px) 100vw, 1500px\" \/><button\n\t\t\tclass=\"lightbox-trigger\"\n\t\t\ttype=\"button\"\n\t\t\taria-haspopup=\"dialog\"\n\t\t\tdata-wp-bind--aria-label=\"state.thisImage.triggerButtonAriaLabel\"\n\t\t\tdata-wp-init=\"callbacks.initTriggerButton\"\n\t\t\tdata-wp-on--click=\"actions.showLightbox\"\n\t\t\tdata-wp-style--right=\"state.thisImage.buttonRight\"\n\t\t\tdata-wp-style--top=\"state.thisImage.buttonTop\"\n\t\t>\n\t\t\t<svg xmlns=\"http:\/\/www.w3.org\/2000\/svg\" width=\"12\" height=\"12\" fill=\"none\" viewBox=\"0 0 12 12\">\n\t\t\t\t<path fill=\"#fff\" d=\"M2 0a2 2 0 0 0-2 2v2h1.5V2a.5.5 0 0 1 .5-.5h2V0H2Zm2 10.5H2a.5.5 0 0 1-.5-.5V8H0v2a2 2 0 0 0 2 2h2v-1.5ZM8 12v-1.5h2a.5.5 0 0 0 .5-.5V8H12v2a2 2 0 0 1-2 2H8Zm2-12a2 2 0 0 1 2 2v2h-1.5V2a.5.5 0 0 0-.5-.5H8V0h2Z\" \/>\n\t\t\t<\/svg>\n\t\t<\/button><figcaption class=\"wp-element-caption\">Cala de Xlendi en la isla de Gozo (Foto: Diego Delso \/ Wikimedia Commons, CC BY-SA 4.0)<\/figcaption><\/figure>\n\n\n\n<p class=\"wp-block-paragraph\">Ambos pueblos ofrecen bastante buena conexi\u00f3n de autobuses con la capital Victoria, as\u00ed que desde aqu\u00ed haces f\u00e1cilmente excursiones por toda la isla. El ba\u00f1o se hace principalmente desde terrazas rocosas acondicionadas con escaleras, a lo largo de las cuales encontrar\u00e1s un mont\u00f3n de restaurantes que sirven especialidades locales. Solo tienes que echar un vistazo a <a href=\"https:\/\/loudavymkrokem.cz\/es\/vuelos-baratos-trucos-consejos\/\">c\u00f3mo conseguir vuelos baratos<\/a> y ya puedes ponerte en marcha.<\/p>\n\n\n\n<h3 id=\"24_Nejhezci_plaze_Golden_Bay_Gajn_Tuffiea_a_Melliea_Bay\" class=\"wp-block-heading\"><span class=\"ez-toc-section\" id=\"24_Las_mejores_playas_Golden_Bay_Ghajn_Tuffieha_y_Mellieha_Bay\"><\/span>24. Las mejores playas: Golden Bay, G\u0127ajn Tuffie\u0127a y Mellie\u0127a Bay<span class=\"ez-toc-section-end\"><\/span><\/h3>\n\n\n\n<p class=\"wp-block-paragraph\">Al final, c\u00f3mo no, tenemos que resumir lo m\u00e1s importante para los amantes de la playa, porque Malta ofrece tres grandes bellezas de arena. Las familias con ni\u00f1os dicen que aprecian sobre todo la poco profunda bah\u00eda de Mellie\u0127a Bay, mientras que un poco m\u00e1s all\u00e1 est\u00e1 la popular Golden Bay y, justo al lado, la m\u00e1s tranquila G\u0127ajn Tuffie\u0127a, a la que hay que <strong>bajar por unas escaleras empinadas<\/strong>.<\/p>\n\n\n\n<figure data-wp-context=\"{&quot;imageId&quot;:&quot;6a9c144393761&quot;}\" data-wp-interactive=\"core\/image\" data-wp-key=\"6a9c144393761\" class=\"wp-block-image size-full wp-lightbox-container\"><img decoding=\"async\" width=\"1500\" height=\"997\" data-wp-class--hide=\"state.isContentHidden\" data-wp-class--show=\"state.isContentVisible\" data-wp-init=\"callbacks.setButtonStyles\" data-wp-on--click=\"actions.showLightbox\" data-wp-on--load=\"callbacks.setButtonStyles\" data-wp-on--pointerdown=\"actions.preloadImage\" data-wp-on--pointerenter=\"actions.preloadImageWithDelay\" data-wp-on--pointerleave=\"actions.cancelPreload\" data-wp-on-window--resize=\"callbacks.setButtonStyles\" src=\"https:\/\/loudavymkrokem.cz\/wp-content\/uploads\/2026\/08\/dovolena-malta-t24.jpg\" alt=\"Playa de Golden Bay en Malta\" class=\"wp-image-399736\" title=\"\" srcset=\"https:\/\/loudavymkrokem.cz\/wp-content\/uploads\/2026\/08\/dovolena-malta-t24.jpg 1500w, https:\/\/loudavymkrokem.cz\/wp-content\/uploads\/2026\/08\/dovolena-malta-t24-300x199.jpg 300w, https:\/\/loudavymkrokem.cz\/wp-content\/uploads\/2026\/08\/dovolena-malta-t24-700x465.jpg 700w, https:\/\/loudavymkrokem.cz\/wp-content\/uploads\/2026\/08\/dovolena-malta-t24-768x510.jpg 768w, https:\/\/loudavymkrokem.cz\/wp-content\/uploads\/2026\/08\/dovolena-malta-t24-696x463.jpg 696w, https:\/\/loudavymkrokem.cz\/wp-content\/uploads\/2026\/08\/dovolena-malta-t24-1392x925.jpg 1392w\" sizes=\"(max-width: 1500px) 100vw, 1500px\" \/><button\n\t\t\tclass=\"lightbox-trigger\"\n\t\t\ttype=\"button\"\n\t\t\taria-haspopup=\"dialog\"\n\t\t\tdata-wp-bind--aria-label=\"state.thisImage.triggerButtonAriaLabel\"\n\t\t\tdata-wp-init=\"callbacks.initTriggerButton\"\n\t\t\tdata-wp-on--click=\"actions.showLightbox\"\n\t\t\tdata-wp-style--right=\"state.thisImage.buttonRight\"\n\t\t\tdata-wp-style--top=\"state.thisImage.buttonTop\"\n\t\t>\n\t\t\t<svg xmlns=\"http:\/\/www.w3.org\/2000\/svg\" width=\"12\" height=\"12\" fill=\"none\" viewBox=\"0 0 12 12\">\n\t\t\t\t<path fill=\"#fff\" d=\"M2 0a2 2 0 0 0-2 2v2h1.5V2a.5.5 0 0 1 .5-.5h2V0H2Zm2 10.5H2a.5.5 0 0 1-.5-.5V8H0v2a2 2 0 0 0 2 2h2v-1.5ZM8 12v-1.5h2a.5.5 0 0 0 .5-.5V8H12v2a2 2 0 0 1-2 2H8Zm2-12a2 2 0 0 1 2 2v2h-1.5V2a.5.5 0 0 0-.5-.5H8V0h2Z\" \/>\n\t\t\t<\/svg>\n\t\t<\/button><figcaption class=\"wp-element-caption\">Playa de Golden Bay en Malta (Foto: Searching For Bliss \/ Wikimedia Commons, CC BY 4.0)<\/figcaption><\/figure>\n\n\n\n<p class=\"wp-block-paragraph\">Precisamente por esas escaleras, la cala de G\u0127ajn Tuffie\u0127a suele estar algo menos abarrotada, pero aun as\u00ed quiero recordarte una vez m\u00e1s una gran peculiaridad maltesa. La mayor parte del ba\u00f1o habitual en todo el archipi\u00e9lago se hace desde rocas y plataformas de hormig\u00f3n, as\u00ed que si eres de esos que adoran las largas playas de arena, <strong>planifica l\u00f3gicamente tu alojamiento cerca de estas tres calas mencionadas<\/strong>.<\/p>\n\n\n\n<h2 id=\"Kde_se_ubytovat_na_Malte_nejlepsi_oblasti_a_konkretni_hotely\" class=\"wp-block-heading\"><span class=\"ez-toc-section\" id=\"Donde_alojarse_en_Malta_las_mejores_zonas_y_hoteles_concretos\"><\/span>D\u00f3nde alojarse en Malta: las mejores zonas y hoteles concretos<span class=\"ez-toc-section-end\"><\/span><\/h2>\n\n\n\n<p class=\"wp-block-paragraph\">Malta es bastante peque\u00f1ita en extensi\u00f3n, pero a la hora de elegir alojamiento en realidad no importa mucho, porque puedes perfectamente alojarte en un solo sitio y recorrer c\u00f3modamente toda la isla desde all\u00ed. <strong>Mucho m\u00e1s importante es la propia atm\u00f3sfera de la zona<\/strong>, ya que cada pueblo ofrece una experiencia totalmente distinta y diferentes opciones de ocio nocturno.<\/p>\n\n\n\n<p class=\"wp-block-paragraph\">Mientras en un sitio encuentras tranquilas callejuelas hist\u00f3ricas hechas para paseos rom\u00e1nticos, en otro te espera una animada vida nocturna llena de bares y m\u00fasica muy alta. <strong>Te recomiendo pensar de antemano qu\u00e9 tipo de vacaciones buscas<\/strong> y elegir seg\u00fan eso tu hogar temporal para los d\u00edas de descanso.<\/p>\n\n\n\n<p class=\"wp-block-paragraph\">\ud83d\udca1 <strong>Consejo:<\/strong> antes de empezar a elegir hotel concreto, echa un vistazo a la <a href=\"https:\/\/www.stay22.com\/allez\/roam?aid=lukaskonecny&amp;campaign=loudavymkrokemcz&amp;campaign=dovolena-malta&amp;address=Malta\" target=\"_blank\" rel=\"nofollow noopener sponsored\">oferta actual de alojamiento en Malta<\/a> y activa el filtro de cancelaci\u00f3n gratuita. En temporada alta, los hoteles mejor valorados se agotan incluso con varios meses de antelaci\u00f3n.<\/p>\n\n\n\n<h3 id=\"Kterou_oblast_vybrat\" class=\"wp-block-heading\"><span class=\"ez-toc-section\" id=\"Que_zona_elegir\"><\/span>Qu\u00e9 zona elegir<span class=\"ez-toc-section-end\"><\/span><\/h3>\n\n\n\n<ul class=\"wp-block-list\">\n<li><strong>Sliema:<\/strong> ofrece un precioso paseo mar\u00edtimo flanqueado de tiendas, <strong>ba\u00f1o directamente desde las plataformas rocosas<\/strong> y una gran ventaja es tambi\u00e9n el ferri, con el que llegas a La Valeta en unos agradables diez minutos.<\/li>\n\n\n\n<li><strong>St Julian&#8217;s y Paceville:<\/strong> si buscas una vida nocturna vibrante y un mont\u00f3n de restaurantes, aqu\u00ed estar\u00e1s encantado, pero <strong>prep\u00e1rate para un entorno realmente ruidoso<\/strong> que atrae sobre todo a viajeros j\u00f3venes.<\/li>\n\n\n\n<li><strong>La Valeta:<\/strong> te envolver\u00e1 con su rica historia y su atm\u00f3sfera \u00fanica en preciosos hoteles boutique; por la noche la ciudad se calma agradablemente, solo <strong>cuenta con una enorme escasez de plazas de aparcamiento<\/strong>.<\/li>\n\n\n\n<li><strong>Mellie\u0127a y el norte:<\/strong> zona m\u00e1s tranquila e ideal para familias con ni\u00f1os, desde la que est\u00e1s <strong>m\u00e1s cerca de las grandes playas de arena<\/strong> y del puerto con los ferris hacia la isla de Gozo.<\/li>\n\n\n\n<li><strong>Gozo:<\/strong> aqu\u00ed el tiempo transcurre a un ritmo totalmente distinto y la isla es famosa por sus casas rurales llamadas farmhouses con piscina privada, lo que la convierte en el <strong>destino ideal para la segunda mitad de tu estancia<\/strong>.<\/li>\n<\/ul>\n\n\n\n<h3 id=\"Konkretni_tipy_na_ubytovani\" class=\"wp-block-heading\"><span class=\"ez-toc-section\" id=\"Recomendaciones_concretas_de_alojamiento\"><\/span>Recomendaciones concretas de alojamiento<span class=\"ez-toc-section-end\"><\/span><\/h3>\n\n\n\n<ul class=\"wp-block-list\">\n<li><strong><a href=\"https:\/\/www.stay22.com\/allez\/roam?aid=lukaskonecny&amp;campaign=loudavymkrokemcz&amp;campaign=dovolena-malta&amp;hotelname=The%20Embassy%20Valletta%20Hotel&amp;address=Valletta%2C%20Malta\" target=\"_blank\" rel=\"noopener nofollow sponsored\">The Embassy Valletta Hotel<\/a>:<\/strong> este magn\u00edfico hotel est\u00e1 justo en el centro hist\u00f3rico y su mayor atractivo es la <strong>azotea con piscina y unas vistas estupendas<\/strong> de todo el entorno.<\/li>\n\n\n\n<li><strong><a href=\"https:\/\/www.stay22.com\/allez\/roam?aid=lukaskonecny&amp;campaign=loudavymkrokemcz&amp;campaign=dovolena-malta&amp;hotelname=Hotel%20Juliani&amp;address=St%20Julian%27s%2C%20Malta\" target=\"_blank\" rel=\"noopener nofollow sponsored\">Hotel Juliani<\/a>:<\/strong> precioso hotel boutique situado justo en la costa de Spinola Bay, que seg\u00fan las rese\u00f1as <strong>ofrece un servicio excelente y una atm\u00f3sfera encantadora<\/strong>.<\/li>\n\n\n\n<li><strong><a href=\"https:\/\/www.stay22.com\/allez\/roam?aid=lukaskonecny&amp;campaign=loudavymkrokemcz&amp;campaign=dovolena-malta&amp;hotelname=Corinthia%20St%20George%27s%20Bay&amp;address=St%20Julian%27s%2C%20Malta\" target=\"_blank\" rel=\"noopener nofollow sponsored\">Corinthia St George&#8217;s Bay<\/a>:<\/strong> lujoso resort de cinco estrellas ubicado justo junto a la bah\u00eda, donde puedes <strong>disfrutar del m\u00e1ximo confort<\/strong> y un servicio de primera para los m\u00e1s exigentes.<\/li>\n\n\n\n<li><strong><a href=\"https:\/\/www.stay22.com\/allez\/roam?aid=lukaskonecny&amp;campaign=loudavymkrokemcz&amp;campaign=dovolena-malta&amp;hotelname=Hyatt%20Centric%20Malta&amp;address=St%20Julian%27s%2C%20Malta\" target=\"_blank\" rel=\"noopener nofollow sponsored\">Hyatt Centric Malta<\/a>:<\/strong> hotel de decoraci\u00f3n moderna situado en la zona m\u00e1s animada de St Julian&#8217;s, que <strong>atrae a los viajeros con su elegante piscina<\/strong> en la azotea.<\/li>\n\n\n\n<li><strong><a href=\"https:\/\/www.stay22.com\/allez\/roam?aid=lukaskonecny&amp;campaign=loudavymkrokemcz&amp;campaign=dovolena-malta&amp;hotelname=db%20Seabank%20Resort%20%2B%20Spa&amp;address=Mellieha%2C%20Malta\" target=\"_blank\" rel=\"noopener nofollow sponsored\">db Seabank Resort + Spa<\/a>:<\/strong> complejo muy popular con opci\u00f3n de todo incluido, que <strong>est\u00e1 a solo un paso de la mejor playa de arena<\/strong> en la conocida zona de Mellie\u0127a.<\/li>\n\n\n\n<li><strong><a href=\"https:\/\/www.stay22.com\/allez\/roam?aid=lukaskonecny&amp;campaign=loudavymkrokemcz&amp;campaign=dovolena-malta&amp;hotelname=Kempinski%20Hotel%20San%20Lawrenz&amp;address=San%20Lawrenz%2C%20Gozo%2C%20Malta\" target=\"_blank\" rel=\"noopener nofollow sponsored\">Kempinski Hotel San Lawrenz<\/a>:<\/strong> resort tranquilo y espacioso enclavado en el interior de la isla de Gozo, donde <strong>encontrar\u00e1s un aut\u00e9ntico oasis de calma<\/strong> para un descanso perfecto.<\/li>\n<\/ul>\n\n\n\n<h2 id=\"Co_jist_na_Malte_pruvodce_pro_vegetariany_i_ostatni\" class=\"wp-block-heading\"><span class=\"ez-toc-section\" id=\"Que_comer_en_Malta_guia_para_vegetarianos_y_para_todos\"><\/span>Qu\u00e9 comer en Malta: gu\u00eda para vegetarianos y para todos<span class=\"ez-toc-section-end\"><\/span><\/h2>\n\n\n\n<p class=\"wp-block-paragraph\">La cocina maltesa es incre\u00edblemente variada y refleja a la perfecci\u00f3n la posici\u00f3n de la isla en el cruce entre Europa y el norte de \u00c1frica. <strong>En ella se mezclan fuertes influencias italianas con tradiciones \u00e1rabes<\/strong>, as\u00ed que dicen que disfrutan tanto los amantes de la pasta y el queso como los fans de los contundentes platos de verduras y legumbres.<\/p>\n\n\n\n<figure data-wp-context=\"{&quot;imageId&quot;:&quot;6a9c1443948a3&quot;}\" data-wp-interactive=\"core\/image\" data-wp-key=\"6a9c1443948a3\" class=\"wp-block-image size-full wp-lightbox-container\"><img decoding=\"async\" width=\"1500\" height=\"1000\" data-wp-class--hide=\"state.isContentHidden\" data-wp-class--show=\"state.isContentVisible\" data-wp-init=\"callbacks.setButtonStyles\" data-wp-on--click=\"actions.showLightbox\" data-wp-on--load=\"callbacks.setButtonStyles\" data-wp-on--pointerdown=\"actions.preloadImage\" data-wp-on--pointerenter=\"actions.preloadImageWithDelay\" data-wp-on--pointerleave=\"actions.cancelPreload\" data-wp-on-window--resize=\"callbacks.setButtonStyles\" src=\"https:\/\/loudavymkrokem.cz\/wp-content\/uploads\/2026\/08\/dovolena-malta-food.jpg\" alt=\"Pastizzi malteses\" class=\"wp-image-399739\" title=\"\" srcset=\"https:\/\/loudavymkrokem.cz\/wp-content\/uploads\/2026\/08\/dovolena-malta-food.jpg 1500w, https:\/\/loudavymkrokem.cz\/wp-content\/uploads\/2026\/08\/dovolena-malta-food-300x200.jpg 300w, https:\/\/loudavymkrokem.cz\/wp-content\/uploads\/2026\/08\/dovolena-malta-food-700x467.jpg 700w, https:\/\/loudavymkrokem.cz\/wp-content\/uploads\/2026\/08\/dovolena-malta-food-768x512.jpg 768w, https:\/\/loudavymkrokem.cz\/wp-content\/uploads\/2026\/08\/dovolena-malta-food-696x464.jpg 696w, https:\/\/loudavymkrokem.cz\/wp-content\/uploads\/2026\/08\/dovolena-malta-food-1392x928.jpg 1392w\" sizes=\"(max-width: 1500px) 100vw, 1500px\" \/><button\n\t\t\tclass=\"lightbox-trigger\"\n\t\t\ttype=\"button\"\n\t\t\taria-haspopup=\"dialog\"\n\t\t\tdata-wp-bind--aria-label=\"state.thisImage.triggerButtonAriaLabel\"\n\t\t\tdata-wp-init=\"callbacks.initTriggerButton\"\n\t\t\tdata-wp-on--click=\"actions.showLightbox\"\n\t\t\tdata-wp-style--right=\"state.thisImage.buttonRight\"\n\t\t\tdata-wp-style--top=\"state.thisImage.buttonTop\"\n\t\t>\n\t\t\t<svg xmlns=\"http:\/\/www.w3.org\/2000\/svg\" width=\"12\" height=\"12\" fill=\"none\" viewBox=\"0 0 12 12\">\n\t\t\t\t<path fill=\"#fff\" d=\"M2 0a2 2 0 0 0-2 2v2h1.5V2a.5.5 0 0 1 .5-.5h2V0H2Zm2 10.5H2a.5.5 0 0 1-.5-.5V8H0v2a2 2 0 0 0 2 2h2v-1.5ZM8 12v-1.5h2a.5.5 0 0 0 .5-.5V8H12v2a2 2 0 0 1-2 2H8Zm2-12a2 2 0 0 1 2 2v2h-1.5V2a.5.5 0 0 0-.5-.5H8V0h2Z\" \/>\n\t\t\t<\/svg>\n\t\t<\/button><figcaption class=\"wp-element-caption\">Pastizzi malteses (Foto: Renata Apan \/ Wikimedia Commons, CC BY-SA 4.0)<\/figcaption><\/figure>\n\n\n\n<p class=\"wp-block-paragraph\">Luk\u00e1\u0161 y yo, en nuestros viajes, siempre buscamos delicias locales sin carne, y los viajeros elogian que esta isla ofrece en ese sentido un mont\u00f3n de opciones estupendas. <strong>Veamos los platos m\u00e1s t\u00edpicos<\/strong> que, seg\u00fan recomiendan los lugare\u00f1os, deber\u00edas probar sin falta durante tu visita.<\/p>\n\n\n\n<ul class=\"wp-block-list\">\n<li><strong>Pastizzi:<\/strong> tradicionales empanadillas de hojaldre con abundante relleno de ricotta o de guisantes, que funcionan como aperitivo nacional y <strong>son la opci\u00f3n perfecta para los vegetarianos<\/strong>.<\/li>\n\n\n\n<li><strong>Ftira:<\/strong> este pan redondo de masa madre, que desde 2020 forma parte incluso de la lista del patrimonio inmaterial de la UNESCO, se rellena casi siempre con <strong>verdura fresca, aceitunas, alcaparras y tomate<\/strong>.<\/li>\n\n\n\n<li><strong>Bigilla:<\/strong> un pat\u00e9 espeso y de sabor muy marcado a base de habas que har\u00e1 las delicias de todo el que busque una <strong>delicia aut\u00e9ntica y naturalmente vegetariana<\/strong>.<\/li>\n\n\n\n<li><strong>\u0120bejniet:<\/strong> el queso local de oveja pertenece a la base fundamental de la cocina maltesa y <strong>puedes probarlo fresco o curado<\/strong> con una buena dosis de pimienta picante.<\/li>\n\n\n\n<li><strong>Kapunata:<\/strong> versi\u00f3n local del famoso ratatouille franc\u00e9s, que <strong>combina berenjena, tomate, pimiento y alcaparras<\/strong> en un plato de verano perfecto.<\/li>\n\n\n\n<li><strong>Ross il-forn:<\/strong> el tradicional arroz al horno es uno de los platos m\u00e1s queridos y en muchos locales <strong>te encontrar\u00e1s tambi\u00e9n su variante vegetariana sin carne<\/strong>.<\/li>\n\n\n\n<li><strong>Kinnie:<\/strong> popular refresco agridulce sin alcohol de naranjas amargas de la variedad chinotto y hierbas, que <strong>solo se elabora en Malta<\/strong> y refresca de maravilla en los calurosos d\u00edas de verano.<\/li>\n\n\n\n<li><strong>Especialidades locales con carne y pescado:<\/strong> la isla es hist\u00f3ricamente famosa por platos como el conejo estofado llamado fenek y el pescado lampuki, platos que <strong>seg\u00fan muchas gu\u00edas forman la base de la dieta con carne<\/strong> y de los que los lugare\u00f1os est\u00e1n muy orgullosos.<\/li>\n<\/ul>\n\n\n\n<p class=\"wp-block-paragraph\">\ud83d\udca1 CONSEJO: en cada pueblo grande encontrar\u00e1s una llamada pastizzeria, donde <strong>unos pastizzi reci\u00e9n hechos cuestan solo unos c\u00e9ntimos<\/strong> y te saciar\u00e1n estupendamente. En ciudades m\u00e1s grandes como La Valeta o Sliema, adem\u00e1s, hoy es totalmente habitual una amplia oferta vegetariana y vegana en los bistr\u00f3s modernos \u263a\ufe0f.<\/p>\n\n\n\n<h2 id=\"Doprava_po_Malte_autobusy_trajekt_a_auto\" class=\"wp-block-heading\"><span class=\"ez-toc-section\" id=\"Transporte_en_Malta_autobuses_ferri_y_coche\"><\/span>Transporte en Malta: autobuses, ferri y coche<span class=\"ez-toc-section-end\"><\/span><\/h2>\n\n\n\n<p class=\"wp-block-paragraph\">Moverse por la isla puede ser toda una aventura en s\u00ed misma y a veces requiere una dosis de paciencia. <strong>Tienes varias opciones y cada una tiene sus pros y sus contras<\/strong>, tanto si decides confiar en el transporte p\u00fablico como si prefieres coger t\u00fa mismo el volante.<\/p>\n\n\n\n<h3 id=\"Autobusy_Tallinja\" class=\"wp-block-heading\"><span class=\"ez-toc-section\" id=\"Los_autobuses_de_Tallinja\"><\/span>Los autobuses de Tallinja<span class=\"ez-toc-section-end\"><\/span><\/h3>\n\n\n\n<p class=\"wp-block-paragraph\">El transporte p\u00fablico lo cubren los llamativos autobuses verdes de la empresa Tallinja, que <strong>cubren muy bien y de forma fiable pr\u00e1cticamente toda la isla<\/strong>. El billete b\u00e1sico vale dos horas y puedes hacer todos los transbordos que quieras; el precio ronda normalmente los 2 \u20ac por trayecto.<\/p>\n\n\n\n<p class=\"wp-block-paragraph\">Para estancias m\u00e1s largas, dicen que merece mucho la pena la tarjeta tur\u00edstica semanal, que cuesta unos 25 \u20ac y te ahorra el foll\u00f3n de estar comprando billetes constantemente. Pero debo advertirte con sinceridad de que <strong>en los meses de verano los autobuses de las rutas m\u00e1s populares van bastante m\u00e1s lentos<\/strong> de lo que promete el horario oficial.<\/p>\n\n\n\n<h3 id=\"Trajekt_na_Gozo_a_Comino\" class=\"wp-block-heading\"><span class=\"ez-toc-section\" id=\"Ferri_a_Gozo_y_Comino\"><\/span>Ferri a Gozo y Comino<span class=\"ez-toc-section-end\"><\/span><\/h3>\n\n\n\n<p class=\"wp-block-paragraph\">Si quieres explorar la vecina isla de Gozo, puedes usar el cl\u00e1sico ferri del puerto de \u010airkewwa, cuya traves\u00eda dura menos de media hora. Desde La Valeta sale adem\u00e1s un r\u00e1pido catamar\u00e1n con el que llegas en unos 45 minutos, y lo curioso es que <strong>el trayecto de ida no se paga y el billete lo compras a la vuelta<\/strong>.<\/p>\n\n\n\n<p class=\"wp-block-paragraph\">A la isla m\u00e1s peque\u00f1a, Comino, y a su famosa Laguna Azul, solo <strong>llegas en barco desde los puertos cercanos<\/strong>. Los coches no pueden entrar en este peque\u00f1o trozo de tierra, as\u00ed que all\u00ed reina una calma agradable, alterada solo por las multitudes de entusiastas excursionistas.<\/p>\n\n\n\n<h3 id=\"Pujcit_si_auto_nebo_ne\" class=\"wp-block-heading\"><span class=\"ez-toc-section\" id=\"%C2%BFAlquilar_coche_o_no\"><\/span>\u00bfAlquilar coche o no?<span class=\"ez-toc-section-end\"><\/span><\/h3>\n\n\n\n<p class=\"wp-block-paragraph\">Piensa bien la decisi\u00f3n de alquilar coche, porque <strong>aqu\u00ed se conduce por la izquierda al estilo del Reino Unido<\/strong>, las carreteras suelen ser muy estrechas y los conductores locales conducen bastante temperamentales. Un enorme problema es tambi\u00e9n el aparcamiento, que en ciudades como La Valeta y Sliema es pr\u00e1cticamente imposible y cuesta un mont\u00f3n de nervios.<\/p>\n\n\n\n<p class=\"wp-block-paragraph\">Si te da miedo conducir por el lado contrario, <strong>se recomienda usar las apps Bolt y eCabs<\/strong>, que funcionan estupendamente en la isla. Desde luego, no cojas un taxi as\u00ed por la calle, porque los precios de las apps m\u00f3viles suelen ser mucho m\u00e1s razonables y, sobre todo, los conoces siempre de antemano.<\/p>\n\n\n\n<h2 id=\"Kolik_stoji_dovolena_na_Malte\" class=\"wp-block-heading\"><span class=\"ez-toc-section\" id=\"Cuanto_cuestan_unas_vacaciones_en_Malta\"><\/span>Cu\u00e1nto cuestan unas vacaciones en Malta<span class=\"ez-toc-section-end\"><\/span><\/h2>\n\n\n\n<p class=\"wp-block-paragraph\">Malta es miembro de pleno derecho de la Uni\u00f3n Europea y se paga en euros, as\u00ed que no tienes que cambiar ninguna moneda ex\u00f3tica. <strong>En general, esta isla es algo m\u00e1s barata que la vecina Italia<\/strong>, pero por otro lado pagar\u00e1s aqu\u00ed m\u00e1s que, por ejemplo, en Bulgaria o Albania.<\/p>\n\n\n\n<p class=\"wp-block-paragraph\">El siguiente presupuesto para dos personas y una semana es solo una estimaci\u00f3n orientativa, porque <strong>la cifra final var\u00eda mucho seg\u00fan la temporada en la que viajes<\/strong>.<\/p>\n\n\n\n<ul class=\"wp-block-list\">\n<li><strong>Vuelos:<\/strong> los vuelos de ida y vuelta desde Madrid o Barcelona suelen salir por unos <strong>100 a 200 \u20ac por persona<\/strong>.<\/li>\n\n\n\n<li><strong>Alojamiento:<\/strong> por una habitaci\u00f3n doble media en un hotel agradable pagar\u00e1s unos <strong>500 a 900 \u20ac por semana<\/strong> para dos.<\/li>\n\n\n\n<li><strong>Comida:<\/strong> si combinas comida de las panader\u00edas con cenas en restaurantes, cuenta con unos <strong>300 a 450 \u20ac por semana<\/strong>.<\/li>\n\n\n\n<li><strong>Transporte:<\/strong> las tarjetas semanales de autob\u00fas y alg\u00fan trayecto en ferri o en Bolt se llevan unos <strong>70 a 100 \u20ac para dos personas<\/strong>.<\/li>\n\n\n\n<li><strong>Entradas y excursiones:<\/strong> las visitas a templos hist\u00f3ricos y los paseos en barca salen por unos <strong>80 a 150 \u20ac para la pareja<\/strong>.<\/li>\n<\/ul>\n\n\n\n<p class=\"wp-block-paragraph\">\ud83d\udca1 CONSEJO: si quieres ahorrar en el viaje, <strong>vigila sin falta las ofertas de las aerol\u00edneas<\/strong>. Echa un vistazo a nuestro art\u00edculo <a href=\"https:\/\/loudavymkrokem.cz\/es\/vuelos-baratos-trucos-consejos\/\">c\u00f3mo conseguir vuelos baratos<\/a>, donde encontrar\u00e1s un mont\u00f3n de consejos \u00fatiles para buscar conexiones ventajosas.<\/p>\n\n\n\n<h2 id=\"Na_co_si_dat_na_Malte_pozor\" class=\"wp-block-heading\"><span class=\"ez-toc-section\" id=\"A_que_prestar_atencion_en_Malta\"><\/span>A qu\u00e9 prestar atenci\u00f3n en Malta<span class=\"ez-toc-section-end\"><\/span><\/h2>\n\n\n\n<p class=\"wp-block-paragraph\">Aunque el pa\u00eds es muy seguro y a los turistas no les acecha ning\u00fan gran peligro, <strong>hay unas cuantas particularidades locales que pueden pillarte por sorpresa<\/strong>. Vamos a resumir las cosas m\u00e1s importantes para las que merece la pena prepararse mentalmente antes del viaje, para que no se te ag\u00fce el humor una vez all\u00ed.<\/p>\n\n\n\n<ul class=\"wp-block-list\">\n<li><strong>Circulaci\u00f3n por la izquierda y carreteras estrechas:<\/strong> para alguien acostumbrado a conducir por la derecha puede ser bastante estresante y <strong>muchas callejuelas rurales son de verdad solo para un coche<\/strong>.<\/li>\n\n\n\n<li><strong>Enchufes brit\u00e1nicos:<\/strong> la isla sigue usando enchufes brit\u00e1nicos de tres clavijas tipo G, as\u00ed que <strong>sin el adaptador de viaje correcto no podr\u00e1s cargar el m\u00f3vil<\/strong>.<\/li>\n\n\n\n<li><strong>Medusas a finales de verano:<\/strong> cuando el agua se calienta mucho a finales del verano, aparecen medusas en la costa, as\u00ed que <strong>conviene consultar las webs locales con el aviso actualizado<\/strong>.<\/li>\n\n\n\n<li><strong>Pocas playas de arena y ba\u00f1o desde las rocas:<\/strong> Malta no es un destino de playa t\u00edpico, al agua se entra a menudo por escaleras desde plataformas de hormig\u00f3n y <strong>seguro que te vendr\u00e1n bien unos escarpines<\/strong>.<\/li>\n\n\n\n<li><strong>Laguna Azul abarrotada:<\/strong> en plena temporada alta de verano este lugar m\u00e1gico revienta de gente, as\u00ed que <strong>si anhelas tranquilidad, tienes que ir muy temprano por la ma\u00f1ana<\/strong>.<\/li>\n\n\n\n<li><strong>Ruido en Paceville:<\/strong> esta zona es un conocido centro de vida nocturna y los bares suenan a todo volumen hasta la madrugada, as\u00ed que <strong>para dormir tranquilo mejor elige alojamiento en otro sitio<\/strong>.<\/li>\n\n\n\n<li><strong>Viento fuerte y excursiones en barco canceladas:<\/strong> el clima de la isla suele ser impredecible y, con gran oleaje, <strong>es habitual que los ferris o las barcas de excursi\u00f3n no salgan por motivos de seguridad<\/strong>.<\/li>\n<\/ul>\n\n\n\n<h2 id=\"Malta_s_detmi\" class=\"wp-block-heading\"><span class=\"ez-toc-section\" id=\"Malta_con_ninos\"><\/span>Malta con ni\u00f1os<span class=\"ez-toc-section-end\"><\/span><\/h2>\n\n\n\n<p class=\"wp-block-paragraph\">Unas vacaciones en familia en esta soleada isla tienen todo el sentido del mundo, porque <strong>el vuelo directo con KM Malta Airlines dura unas dos horas y media<\/strong>, algo que aguantan incluso los viajeros m\u00e1s peque\u00f1os. Los lugare\u00f1os son, adem\u00e1s, muy acogedores con los ni\u00f1os y en cada esquina puedes encontrar actividades que entretendr\u00e1n a toda la familia \ud83d\ude05.<\/p>\n\n\n\n<ul class=\"wp-block-list\">\n<li><strong>Mellie\u0127a Bay:<\/strong> esta playa es con diferencia la m\u00e1s popular entre las familias, porque <strong>tiene una entrada al mar realmente muy suave<\/strong> y arena fina para construir grandes castillos.<\/li>\n\n\n\n<li><strong>Popeye Village:<\/strong> los antiguos decorados de la pel\u00edcula de Popeye el Marino con Robin Williams se han convertido en un <strong>encantador pueblo de atracciones que los ni\u00f1os adoran<\/strong>.<\/li>\n\n\n\n<li><strong>Paseos en barca por el Grand Harbour:<\/strong> navegar en una tradicional barca de colores por el gran puerto de La Valeta <strong>es una experiencia estupenda para los peque\u00f1os exploradores<\/strong>.<\/li>\n\n\n\n<li><strong>Malta National Aquarium:<\/strong> si no acompa\u00f1a el tiempo, este moderno acuario lleno de tiburones y rayas <strong>te salvar\u00e1 sin falta toda una tarde<\/strong>.<\/li>\n\n\n\n<li><strong>Distancias cortas e idioma:<\/strong> todas las atracciones est\u00e1n a un paso, as\u00ed que los ni\u00f1os no sufren largos trayectos, y <strong>una enorme ventaja es tambi\u00e9n que en todas partes te entiendes en ingl\u00e9s<\/strong>.<\/li>\n<\/ul>\n\n\n\n<h2 id=\"Kam_dal_dalsi_tipy_na_dovolenou_u_more\" class=\"wp-block-heading\"><span class=\"ez-toc-section\" id=\"Y_ahora_que_mas_ideas_de_vacaciones_junto_al_mar\"><\/span>Y ahora qu\u00e9: m\u00e1s ideas de vacaciones junto al mar<span class=\"ez-toc-section-end\"><\/span><\/h2>\n\n\n\n<p class=\"wp-block-paragraph\">Si todav\u00eda no lo tienes del todo decidido y est\u00e1s valorando tambi\u00e9n otros destinos europeos, <strong>he preparado para ti una lista de art\u00edculos \u00fatiles<\/strong>. Quiz\u00e1 al final te tiente otro rinc\u00f3n del soleado Mediterr\u00e1neo, o te vengan bien consejos pr\u00e1cticos para planificar tu pr\u00f3xima escapada de verano.<\/p>\n\n\n\n<ul class=\"wp-block-list\">\n<li><a href=\"https:\/\/loudavymkrokem.cz\/es\/vacaciones-septiembre-destinos\/\">D\u00f3nde ir de vacaciones en septiembre<\/a><\/li>\n\n\n\n<li><a href=\"https:\/\/loudavymkrokem.cz\/es\/que-ver-sicilia-consejos\/\">Vacaciones en Sicilia<\/a><\/li>\n\n\n\n<li><a href=\"https:\/\/loudavymkrokem.cz\/es\/cuando-viajar-italia\/\">Cu\u00e1ndo ir a Italia<\/a><\/li>\n\n\n\n<li><a href=\"https:\/\/loudavymkrokem.cz\/es\/vuelos-baratos-trucos-consejos\/\">C\u00f3mo conseguir vuelos baratos<\/a><\/li>\n\n\n\n<li><a href=\"https:\/\/loudavymkrokem.cz\/jak-vybrat-cestovni-pojisteni-na-dovolenou\/\">Seguro de viaje<\/a><\/li>\n<\/ul>\n\n\n\n<h2 id=\"Casto_kladene_otazky\" class=\"wp-block-heading\"><span class=\"ez-toc-section\" id=\"Preguntas_frecuentes\"><\/span>Preguntas frecuentes<span class=\"ez-toc-section-end\"><\/span><\/h2>\n\n\n\n<p class=\"wp-block-paragraph\">Al final del todo he reunido las respuestas a las dudas m\u00e1s frecuentes que los viajeros suelen tener antes de despegar. <strong>Si en el art\u00edculo echaste en falta alguna informaci\u00f3n puramente pr\u00e1ctica<\/strong>, hay muchas posibilidades de que la encuentres precisamente en este breve resumen informativo.<\/p>\n\n\n<div id=\"rank-math-faq\" class=\"rank-math-block\">\n<div class=\"rank-math-list \">\n<div id=\"faq-question-1787755046000\" class=\"rank-math-list-item\">\n<h3 class=\"rank-math-question \"><span class=\"ez-toc-section\" id=\"%C2%BFCuando_es_mejor_viajar_a_Malta\"><\/span>\u00bfCu\u00e1ndo es mejor viajar a Malta?<span class=\"ez-toc-section-end\"><\/span><\/h3>\n<div class=\"rank-math-answer \">\n\n<p>El mejor clima y las condiciones ideales para viajar se dan en la isla especialmente en mayo, junio, septiembre y tambi\u00e9n en octubre. Durante estos meses evitar\u00e1s las peores aglomeraciones y disfrutar\u00e1s de temperaturas muy agradables, perfectas tanto para explorar monumentos como para descansar. Si est\u00e1s considerando las vacaciones de verano, debes tener en cuenta que julio, por ejemplo, tiene temperaturas medias de alrededor de 30,2 \u00b0C y normalmente solo 0,3 d\u00edas de lluvia en todo el mes. Aunque esto suena como un para\u00edso perfecto para los amantes del sol, prep\u00e1rate para una gran cantidad de turistas y precios de alojamiento significativamente m\u00e1s altos. Por eso se recomienda optar por los m\u00e1rgenes de la temporada alta.<\/p>\n\n<\/div>\n<\/div>\n<div id=\"faq-question-1787755046001\" class=\"rank-math-list-item\">\n<h3 class=\"rank-math-question \"><span class=\"ez-toc-section\" id=\"%C2%BFCuanto_tiempo_necesitas_en_Malta\"><\/span>\u00bfCu\u00e1nto tiempo necesitas en Malta?<span class=\"ez-toc-section-end\"><\/span><\/h3>\n<div class=\"rank-math-answer \">\n\n<p>La duraci\u00f3n de la estancia depende mucho de tus planes y de cu\u00e1ntas islas quieras ver en total. Para la isla principal en s\u00ed, con un ritmo tranquilo te bastar\u00e1n aproximadamente cuatro o cinco d\u00edas, durante los cuales podr\u00e1s ver las principales ciudades hist\u00f3ricas y algunos fen\u00f3menos naturales. Pero si quieres a\u00f1adir tambi\u00e9n una excursi\u00f3n a las vecinas Gozo y Comino, reserva sin duda una semana completa. Los viajeros que quieren disfrutar de unas vacaciones realmente pausadas con tiempo suficiente para relajarse en la piscina y paseos nocturnos por callejuelas estrechas, elogian mucho una estancia de diez d\u00edas. Durante diez d\u00edas no tendr\u00e1s que ir con prisas en absoluto y absorber\u00e1s con calma el aut\u00e9ntico ambiente mediterr\u00e1neo.<\/p>\n\n<\/div>\n<\/div>\n<div id=\"faq-question-1787755046002\" class=\"rank-math-list-item\">\n<h3 class=\"rank-math-question \"><span class=\"ez-toc-section\" id=\"%C2%BFSe_puede_nadar_en_Malta_aunque_no_tenga_playas_de_arena\"><\/span>\u00bfSe puede nadar en Malta aunque no tenga playas de arena?<span class=\"ez-toc-section-end\"><\/span><\/h3>\n<div class=\"rank-math-answer \">\n\n<p>Ba\u00f1arse aqu\u00ed es absolutamente normal, simplemente es un poco diferente a los t\u00edpicos resorts playeros. Al mar se accede m\u00e1s frecuentemente directamente desde acantilados rocosos o desde plataformas de hormig\u00f3n construidas, donde hay escaleras met\u00e1licas fijas preparadas para la comodidad de los turistas. Pero los amantes de la arena no tienen por qu\u00e9 desesperar, porque s\u00ed que se encuentran varias hermosas playas de arena. En la isla principal encontrar\u00e1s la popular Mellie\u0127a Bay, la pintoresca Golden Bay o la cercana G\u0127ajn Tuffie\u0127a. Si vas en ferry a la vecina Gozo, no te pierdas la playa de Ramla Bay, que es famosa por su arena de color rojizo inusualmente tintada y su entrada al agua muy gradual.<\/p>\n\n<\/div>\n<\/div>\n<div id=\"faq-question-1787755046003\" class=\"rank-math-list-item\">\n<h3 class=\"rank-math-question \"><span class=\"ez-toc-section\" id=\"%C2%BFPuedo_comunicarme_en_ingles_en_Malta\"><\/span>\u00bfPuedo comunicarme en ingl\u00e9s en Malta?<span class=\"ez-toc-section-end\"><\/span><\/h3>\n<div class=\"rank-math-answer \">\n\n<p>Con la comunicaci\u00f3n aqu\u00ed no tienes que preocuparte en absoluto. El ingl\u00e9s es, junto al malt\u00e9s, el segundo idioma oficial, as\u00ed que te podr\u00e1s comunicar con \u00e9l absolutamente en todas partes y sin el menor problema. Todos los habitantes locales, desde los conductores de autobuses hasta los vendedores de las panader\u00edas m\u00e1s peque\u00f1as de los pueblos, hablan ingl\u00e9s con fluidez y a menudo tienen un acento brit\u00e1nico ligeramente encantador. Todos los carteles, men\u00fas de restaurantes y paneles informativos junto a los monumentos est\u00e1n siempre disponibles en ingl\u00e9s. Aparentemente, este es tambi\u00e9n uno de los principales motivos por los que en verano vienen tantos estudiantes a los populares cursos de idiomas y campamentos de verano de ingl\u00e9s.<\/p>\n\n<\/div>\n<\/div>\n<div id=\"faq-question-1787755046004\" class=\"rank-math-list-item\">\n<h3 class=\"rank-math-question \"><span class=\"ez-toc-section\" id=\"%C2%BFNecesito_coche_en_Malta\"><\/span>\u00bfNecesito coche en Malta?<span class=\"ez-toc-section-end\"><\/span><\/h3>\n<div class=\"rank-math-answer \">\n\n<p>Alquilar un coche definitivamente no es una necesidad, porque la densa red de autobuses cubre de manera bastante fiable toda la isla y te lleva a todos los principales monumentos y playas. Por otro lado, debo mencionar que en los meses de verano los servicios suelen estar abarrotados y se mueven en el tr\u00e1fico denso muy lentamente. Si aun as\u00ed alquilas un coche, ganar\u00e1s una enorme libertad, pero debes prepararte para conducir por la izquierda y que las carreteras son a menudo extremadamente estrechas. La mayor\u00eda de los visitantes por eso conf\u00edan en una combinaci\u00f3n de autobuses y aplicaciones como Bolt, que es un compromiso que seg\u00fan las rese\u00f1as funciona absolutamente genial y sin estr\u00e9s innecesario al volante.<\/p>\n\n<\/div>\n<\/div>\n<div id=\"faq-question-1787755046005\" class=\"rank-math-list-item\">\n<h3 class=\"rank-math-question \"><span class=\"ez-toc-section\" id=\"%C2%BFEs_Malta_cara\"><\/span>\u00bfEs Malta cara?<span class=\"ez-toc-section-end\"><\/span><\/h3>\n<div class=\"rank-math-answer \">\n\n<p>Desde el punto de vista financiero, esta isla se encuentra en alg\u00fan lugar en medio de la media europea habitual. Es sin duda m\u00e1s barata que unas vacaciones en los destinos italianos populares, pero por otro lado te saldr\u00e1 m\u00e1s cara que, por ejemplo, un viaje a los Balcanes. La mayor partida de tu presupuesto la constituir\u00e1 sin duda el alojamiento, cuyos precios en plena temporada alta de verano realmente se disparan. La comida en restaurantes normales se mueve en cantidades aceptables y el transporte en autob\u00fas es decididamente una ganga. Si viajas fuera de los meses vacacionales m\u00e1s concurridos, puedes disfrutar de servicios de muy buena calidad por un dinero bastante razonable que no arruinar\u00e1 completamente tu cartera.<\/p>\n\n<\/div>\n<\/div>\n<div id=\"faq-question-1787755046006\" class=\"rank-math-list-item\">\n<h3 class=\"rank-math-question \"><span class=\"ez-toc-section\" id=\"%C2%BFMerece_la_pena_alojarse_en_Gozo\"><\/span>\u00bfMerece la pena alojarse en Gozo?<span class=\"ez-toc-section-end\"><\/span><\/h3>\n<div class=\"rank-math-answer \">\n\n<p>Seg\u00fan la experiencia de muchos viajeros, alojarse en esta isla vecina es una idea absolutamente fant\u00e1stica. Se recomienda reservar en Gozo al menos dos noches, porque la isla tiene un ritmo completamente diferente y un ambiente rural mucho m\u00e1s relajado. Mientras que la isla principal suele estar animada y llena de tr\u00e1fico, Gozo ofrece una calma aut\u00e9ntica, vistas preciosas desde los acantilados y encantadoras casitas de piedra con piscinas. Cuando por la tarde se van los excursionistas de un d\u00eda, las plazas nocturnas se vac\u00edan y puedes disfrutar tranquilamente de una cena en alguno de los restaurantes locales. Es un contraste perfecto que animar\u00e1 maravillosamente tus vacaciones y les dar\u00e1 ese toque de descanso apropiado.<\/p>\n\n<\/div>\n<\/div>\n<div id=\"faq-question-1787755046007\" class=\"rank-math-list-item\">\n<h3 class=\"rank-math-question \"><span class=\"ez-toc-section\" id=\"%C2%BFEs_Malta_segura\"><\/span>\u00bfEs Malta segura?<span class=\"ez-toc-section-end\"><\/span><\/h3>\n<div class=\"rank-math-answer \">\n\n<p>Esta soleada isla pertenece desde hace tiempo a los pa\u00edses m\u00e1s seguros de toda Europa y la delincuencia grave pr\u00e1cticamente no existe. Puedes pasear por las calles nocturnas sin preocupaciones y sentirte absolutamente relajado. Los principales riesgos para los turistas son m\u00e1s bien el tr\u00e1fico local ca\u00f3tico, porque los conductores conducen bastante r\u00e1pido y las aceras para peatones a veces faltan por completo. Otra cosa a la que conviene prestar atenci\u00f3n son las corrientes marinas impredecibles y las mencionadas medusas a finales de verano. Por supuesto, se aplican las normas b\u00e1sicas de precauci\u00f3n, as\u00ed que en lugares con gran concentraci\u00f3n de gente vigila tus pertenencias personales ante posibles carteristas, pero por lo dem\u00e1s puedes estar absolutamente tranquilo.<\/p>\n\n<\/div>\n<\/div>\n<\/div>\n<\/div>","protected":false},"excerpt":{"rendered":"<p>\u00bfPlaneas un viaje y te preguntas c\u00f3mo son unas vacaciones ideales en Malta? He preparado para ti una gu\u00eda completa llena de consejos sobre los lugares m\u00e1s bonitos, buenos alojamientos e informaci\u00f3n pr\u00e1ctica.<\/p>\n","protected":false},"author":3,"featured_media":399628,"comment_status":"open","ping_status":"open","sticky":false,"template":"","format":"standard","meta":{"_acf_changed":false,"footnotes":"","rank_math_title":"Vacaciones en Malta: 24 cosas que ver en 2026","rank_math_description":"Descubre las mejores vacaciones en Malta: 24 lugares que ver, clima mes a mes, d\u00f3nde alojarte y qu\u00e9 comer. Planifica tu viaje ideal con esta gu\u00eda completa.","rank_math_focus_keyword":"malta","rank_math_seo_score":""},"categories":[996,980],"tags":[],"class_list":["post-417058","post","type-post","status-publish","format-standard","has-post-thumbnail","category-europa","category-viajes"],"acf":[],"featured_image_src":"https:\/\/loudavymkrokem.cz\/wp-content\/uploads\/2026\/08\/dovolena-malta-hero.jpg","author_info":{"display_name":"Lucie Kone\u010dn\u00e1","author_link":"https:\/\/loudavymkrokem.cz\/es\/author\/lucie-konecna\/"},"_links":{"self":[{"href":"https:\/\/loudavymkrokem.cz\/es\/wp-json\/wp\/v2\/posts\/417058","targetHints":{"allow":["GET"]}}],"collection":[{"href":"https:\/\/loudavymkrokem.cz\/es\/wp-json\/wp\/v2\/posts"}],"about":[{"href":"https:\/\/loudavymkrokem.cz\/es\/wp-json\/wp\/v2\/types\/post"}],"author":[{"embeddable":true,"href":"https:\/\/loudavymkrokem.cz\/es\/wp-json\/wp\/v2\/users\/3"}],"replies":[{"embeddable":true,"href":"https:\/\/loudavymkrokem.cz\/es\/wp-json\/wp\/v2\/comments?post=417058"}],"version-history":[{"count":2,"href":"https:\/\/loudavymkrokem.cz\/es\/wp-json\/wp\/v2\/posts\/417058\/revisions"}],"predecessor-version":[{"id":417060,"href":"https:\/\/loudavymkrokem.cz\/es\/wp-json\/wp\/v2\/posts\/417058\/revisions\/417060"}],"wp:featuredmedia":[{"embeddable":true,"href":"https:\/\/loudavymkrokem.cz\/es\/wp-json\/wp\/v2\/media\/399628"}],"wp:attachment":[{"href":"https:\/\/loudavymkrokem.cz\/es\/wp-json\/wp\/v2\/media?parent=417058"}],"wp:term":[{"taxonomy":"category","embeddable":true,"href":"https:\/\/loudavymkrokem.cz\/es\/wp-json\/wp\/v2\/categories?post=417058"},{"taxonomy":"post_tag","embeddable":true,"href":"https:\/\/loudavymkrokem.cz\/es\/wp-json\/wp\/v2\/tags?post=417058"}],"curies":[{"name":"wp","href":"https:\/\/api.w.org\/{rel}","templated":true}]}}