{"id":408453,"date":"2026-08-26T14:17:28","date_gmt":"2026-08-26T12:17:28","guid":{"rendered":"https:\/\/loudavymkrokem.cz\/que-ver-hamburgo-alemania\/"},"modified":"2026-08-31T03:13:39","modified_gmt":"2026-08-31T01:13:39","slug":"que-ver-hamburgo-alemania","status":"publish","type":"post","link":"https:\/\/loudavymkrokem.cz\/es\/que-ver-hamburgo-alemania\/","title":{"rendered":"Qu\u00e9 ver en Hamburgo, Alemania: 22 planes en la Venecia del norte"},"content":{"rendered":"\n<p class=\"wp-block-paragraph\">Una ciudad portuaria repleta de ladrillo rojo, canales interminables y una arquitectura moderna que se refleja majestuosamente en las aguas del Elba. Hamburgo, en Alemania, es justo ese destino que te sorprender\u00e1 sin remedio por su ambiente relajado y su incre\u00edble diversidad, tanto si te apasiona la historia como si buscas las mejores cafeter\u00edas. <strong>La Venecia del norte alemana esconde m\u00e1s puentes que Londres y \u00c1msterdam juntos<\/strong>, algo que por s\u00ed solo promete paseos inolvidables junto al agua.<\/p>\n\n\n\n<p class=\"wp-block-paragraph\">He reunido para ti <strong>22 planes sobre qu\u00e9 ver y hacer en Hamburgo<\/strong> para que aproveches tu visita al m\u00e1ximo. Recorreremos juntos el ic\u00f3nico complejo de ladrillo de la Speicherstadt, te aconsejar\u00e9 c\u00f3mo reservar el mirador del edificio Elbphilharmonie y no dejaremos de lado la informaci\u00f3n pr\u00e1ctica imprescindible. <strong>Descubrir\u00e1s tambi\u00e9n d\u00f3nde alojarte de forma estrat\u00e9gica<\/strong> y c\u00f3mo usar el transporte p\u00fablico local de manera eficaz para que moverte por la ciudad no te cueste una fortuna.<\/p>\n\n\n\n<p class=\"wp-block-paragraph\">Ya planees una escapada r\u00e1pida de fin de semana para huir de la rutina diaria o unas vacaciones m\u00e1s largas explorando el norte de Alemania, esta ciudad te robar\u00e1 el coraz\u00f3n sin remedio. <strong>Hamburgo ofrece una mezcla perfecta de recia romanticismo portuario y dise\u00f1o moderno<\/strong>, que disfrutar\u00e1s mejor con un buen caf\u00e9 en la mano mientras observas los enormes buques portacontenedores cruzar el puerto.<\/p>\n\n\n\n<figure data-wp-context=\"{&quot;imageId&quot;:&quot;6a952c61797c6&quot;}\" data-wp-interactive=\"core\/image\" data-wp-key=\"6a952c61797c6\" class=\"wp-block-image size-full wp-lightbox-container\"><img decoding=\"async\" width=\"1800\" height=\"1200\" data-wp-class--hide=\"state.isContentHidden\" data-wp-class--show=\"state.isContentVisible\" data-wp-init=\"callbacks.setButtonStyles\" data-wp-on--click=\"actions.showLightbox\" data-wp-on--load=\"callbacks.setButtonStyles\" data-wp-on--pointerdown=\"actions.preloadImage\" data-wp-on--pointerenter=\"actions.preloadImageWithDelay\" data-wp-on--pointerleave=\"actions.cancelPreload\" data-wp-on-window--resize=\"callbacks.setButtonStyles\" src=\"https:\/\/loudavymkrokem.cz\/wp-content\/uploads\/2026\/08\/nemecko-clanky-co-videt-v-hamburku-01.jpg\" alt=\"Canales de la Speicherstadt al atardecer\" class=\"wp-image-396933\" title=\"\" srcset=\"https:\/\/loudavymkrokem.cz\/wp-content\/uploads\/2026\/08\/nemecko-clanky-co-videt-v-hamburku-01.jpg 1800w, https:\/\/loudavymkrokem.cz\/wp-content\/uploads\/2026\/08\/nemecko-clanky-co-videt-v-hamburku-01-300x200.jpg 300w, https:\/\/loudavymkrokem.cz\/wp-content\/uploads\/2026\/08\/nemecko-clanky-co-videt-v-hamburku-01-700x467.jpg 700w, https:\/\/loudavymkrokem.cz\/wp-content\/uploads\/2026\/08\/nemecko-clanky-co-videt-v-hamburku-01-768x512.jpg 768w, https:\/\/loudavymkrokem.cz\/wp-content\/uploads\/2026\/08\/nemecko-clanky-co-videt-v-hamburku-01-1536x1024.jpg 1536w, https:\/\/loudavymkrokem.cz\/wp-content\/uploads\/2026\/08\/nemecko-clanky-co-videt-v-hamburku-01-696x464.jpg 696w, https:\/\/loudavymkrokem.cz\/wp-content\/uploads\/2026\/08\/nemecko-clanky-co-videt-v-hamburku-01-1392x928.jpg 1392w\" sizes=\"(max-width: 1800px) 100vw, 1800px\" \/><button\n\t\t\tclass=\"lightbox-trigger\"\n\t\t\ttype=\"button\"\n\t\t\taria-haspopup=\"dialog\"\n\t\t\tdata-wp-bind--aria-label=\"state.thisImage.triggerButtonAriaLabel\"\n\t\t\tdata-wp-init=\"callbacks.initTriggerButton\"\n\t\t\tdata-wp-on--click=\"actions.showLightbox\"\n\t\t\tdata-wp-style--right=\"state.thisImage.buttonRight\"\n\t\t\tdata-wp-style--top=\"state.thisImage.buttonTop\"\n\t\t>\n\t\t\t<svg xmlns=\"http:\/\/www.w3.org\/2000\/svg\" width=\"12\" height=\"12\" fill=\"none\" viewBox=\"0 0 12 12\">\n\t\t\t\t<path fill=\"#fff\" d=\"M2 0a2 2 0 0 0-2 2v2h1.5V2a.5.5 0 0 1 .5-.5h2V0H2Zm2 10.5H2a.5.5 0 0 1-.5-.5V8H0v2a2 2 0 0 0 2 2h2v-1.5ZM8 12v-1.5h2a.5.5 0 0 0 .5-.5V8H12v2a2 2 0 0 1-2 2H8Zm2-12a2 2 0 0 1 2 2v2h-1.5V2a.5.5 0 0 0-.5-.5H8V0h2Z\" \/>\n\t\t\t<\/svg>\n\t\t<\/button><figcaption class=\"wp-element-caption\">Foto: Dietmar Rabich \/ Wikimedia Commons, CC BY-SA 4.0<\/figcaption><\/figure>\n\n\n\n<div id=\"ez-toc-container\" class=\"ez-toc-v2_0_86 ez-toc-wrap-left counter-hierarchy ez-toc-counter ez-toc-grey ez-toc-container-direction\">\n<div class=\"ez-toc-title-container\">\n<p class=\"ez-toc-title\" style=\"cursor:inherit\">Contenido del art\u00edculo<\/p>\n<span class=\"ez-toc-title-toggle\"><a href=\"#\" class=\"ez-toc-pull-right ez-toc-btn ez-toc-btn-xs ez-toc-btn-default ez-toc-toggle\" aria-label=\"Alternar tabla de contenidos\"><span class=\"ez-toc-js-icon-con\"><span class=\"\"><span class=\"eztoc-hide\" style=\"display:none;\">Toggle<\/span><span class=\"ez-toc-icon-toggle-span\"><svg style=\"fill: #999;color:#999\" xmlns=\"http:\/\/www.w3.org\/2000\/svg\" class=\"list-377408\" width=\"20px\" height=\"20px\" viewBox=\"0 0 24 24\" fill=\"none\"><path d=\"M6 6H4v2h2V6zm14 0H8v2h12V6zM4 11h2v2H4v-2zm16 0H8v2h12v-2zM4 16h2v2H4v-2zm16 0H8v2h12v-2z\" fill=\"currentColor\"><\/path><\/svg><svg style=\"fill: #999;color:#999\" class=\"arrow-unsorted-368013\" xmlns=\"http:\/\/www.w3.org\/2000\/svg\" width=\"10px\" height=\"10px\" viewBox=\"0 0 24 24\" version=\"1.2\" baseProfile=\"tiny\"><path d=\"M18.2 9.3l-6.2-6.3-6.2 6.3c-.2.2-.3.4-.3.7s.1.5.3.7c.2.2.4.3.7.3h11c.3 0 .5-.1.7-.3.2-.2.3-.5.3-.7s-.1-.5-.3-.7zM5.8 14.7l6.2 6.3 6.2-6.3c.2-.2.3-.5.3-.7s-.1-.5-.3-.7c-.2-.2-.4-.3-.7-.3h-11c-.3 0-.5.1-.7.3-.2.2-.3.5-.3.7s.1.5.3.7z\"\/><\/svg><\/span><\/span><\/span><\/a><\/span><\/div>\n<nav><ul class='ez-toc-list ez-toc-list-level-1 ' ><ul class='ez-toc-list-level-3' ><li class='ez-toc-heading-level-3'><a class=\"ez-toc-link ez-toc-heading-1\" href=\"https:\/\/loudavymkrokem.cz\/es\/que-ver-hamburgo-alemania\/#Resumen_para_quienes_no_tienen_tiempo_de_leer_el_articulo_entero\" >Resumen para quienes no tienen tiempo de leer el art\u00edculo entero<\/a><\/li><\/ul><\/li><li class='ez-toc-page-1 ez-toc-heading-level-2'><a class=\"ez-toc-link ez-toc-heading-2\" href=\"https:\/\/loudavymkrokem.cz\/es\/que-ver-hamburgo-alemania\/#Cuando_viajar_a_Hamburgo\" >Cu\u00e1ndo viajar a Hamburgo<\/a><\/li><li class='ez-toc-page-1 ez-toc-heading-level-2'><a class=\"ez-toc-link ez-toc-heading-3\" href=\"https:\/\/loudavymkrokem.cz\/es\/que-ver-hamburgo-alemania\/#Donde_alojarse_en_Hamburgo\" >D\u00f3nde alojarse en Hamburgo<\/a><\/li><li class='ez-toc-page-1 ez-toc-heading-level-2'><a class=\"ez-toc-link ez-toc-heading-4\" href=\"https:\/\/loudavymkrokem.cz\/es\/que-ver-hamburgo-alemania\/#22_planes_sobre_que_ver_y_hacer_en_Hamburgo\" >22 planes sobre qu\u00e9 ver y hacer en Hamburgo<\/a><ul class='ez-toc-list-level-3' ><li class='ez-toc-heading-level-3'><a class=\"ez-toc-link ez-toc-heading-5\" href=\"https:\/\/loudavymkrokem.cz\/es\/que-ver-hamburgo-alemania\/#1_Speicherstadt\" >1. Speicherstadt<\/a><\/li><li class='ez-toc-page-1 ez-toc-heading-level-3'><a class=\"ez-toc-link ez-toc-heading-6\" href=\"https:\/\/loudavymkrokem.cz\/es\/que-ver-hamburgo-alemania\/#2_Miniatur_Wunderland\" >2. Miniatur Wunderland<\/a><\/li><li class='ez-toc-page-1 ez-toc-heading-level-3'><a class=\"ez-toc-link ez-toc-heading-7\" href=\"https:\/\/loudavymkrokem.cz\/es\/que-ver-hamburgo-alemania\/#3_Elbphilharmonie\" >3. Elbphilharmonie<\/a><\/li><li class='ez-toc-page-1 ez-toc-heading-level-3'><a class=\"ez-toc-link ez-toc-heading-8\" href=\"https:\/\/loudavymkrokem.cz\/es\/que-ver-hamburgo-alemania\/#4_El_moderno_barrio_de_HafenCity\" >4. El moderno barrio de HafenCity<\/a><\/li><li class='ez-toc-page-1 ez-toc-heading-level-3'><a class=\"ez-toc-link ez-toc-heading-9\" href=\"https:\/\/loudavymkrokem.cz\/es\/que-ver-hamburgo-alemania\/#5_International_Maritime_Museum\" >5. International Maritime Museum<\/a><\/li><li class='ez-toc-page-1 ez-toc-heading-level-3'><a class=\"ez-toc-link ez-toc-heading-10\" href=\"https:\/\/loudavymkrokem.cz\/es\/que-ver-hamburgo-alemania\/#6_El_ferri_linea_62_como_paseo_panoramico\" >6. El ferri l\u00ednea 62 como paseo panor\u00e1mico<\/a><\/li><li class='ez-toc-page-1 ez-toc-heading-level-3'><a class=\"ez-toc-link ez-toc-heading-11\" href=\"https:\/\/loudavymkrokem.cz\/es\/que-ver-hamburgo-alemania\/#7_El_Fischmarkt_de_los_domingos\" >7. El Fischmarkt de los domingos<\/a><\/li><li class='ez-toc-page-1 ez-toc-heading-level-3'><a class=\"ez-toc-link ez-toc-heading-12\" href=\"https:\/\/loudavymkrokem.cz\/es\/que-ver-hamburgo-alemania\/#8_Reeperbahn_y_St_Pauli\" >8. Reeperbahn y St. Pauli<\/a><\/li><li class='ez-toc-page-1 ez-toc-heading-level-3'><a class=\"ez-toc-link ez-toc-heading-13\" href=\"https:\/\/loudavymkrokem.cz\/es\/que-ver-hamburgo-alemania\/#9_Parque_Planten_un_Blomen\" >9. Parque Planten un Blomen<\/a><\/li><li class='ez-toc-page-1 ez-toc-heading-level-3'><a class=\"ez-toc-link ez-toc-heading-14\" href=\"https:\/\/loudavymkrokem.cz\/es\/que-ver-hamburgo-alemania\/#10_El_ayuntamiento_Rathaus\" >10. El ayuntamiento (Rathaus)<\/a><\/li><li class='ez-toc-page-1 ez-toc-heading-level-3'><a class=\"ez-toc-link ez-toc-heading-15\" href=\"https:\/\/loudavymkrokem.cz\/es\/que-ver-hamburgo-alemania\/#11_Los_lagos_Alster\" >11. Los lagos Alster<\/a><\/li><li class='ez-toc-page-1 ez-toc-heading-level-3'><a class=\"ez-toc-link ez-toc-heading-16\" href=\"https:\/\/loudavymkrokem.cz\/es\/que-ver-hamburgo-alemania\/#12_Monumento_de_San_Nicolas_St_Nikolai_Mahnmal\" >12. Monumento de San Nicol\u00e1s (St. Nikolai Mahnmal)<\/a><\/li><li class='ez-toc-page-1 ez-toc-heading-level-3'><a class=\"ez-toc-link ez-toc-heading-17\" href=\"https:\/\/loudavymkrokem.cz\/es\/que-ver-hamburgo-alemania\/#13_El_antiguo_tunel_del_Elba_Alter_Elbtunnel\" >13. El antiguo t\u00fanel del Elba (Alter Elbtunnel)<\/a><\/li><li class='ez-toc-page-1 ez-toc-heading-level-3'><a class=\"ez-toc-link ez-toc-heading-18\" href=\"https:\/\/loudavymkrokem.cz\/es\/que-ver-hamburgo-alemania\/#14_El_barrio_Kontorhausviertel_y_el_Chilehaus\" >14. El barrio Kontorhausviertel y el Chilehaus<\/a><\/li><li class='ez-toc-page-1 ez-toc-heading-level-3'><a class=\"ez-toc-link ez-toc-heading-19\" href=\"https:\/\/loudavymkrokem.cz\/es\/que-ver-hamburgo-alemania\/#15_Hamburger_Kunsthalle\" >15. Hamburger Kunsthalle<\/a><\/li><li class='ez-toc-page-1 ez-toc-heading-level-3'><a class=\"ez-toc-link ez-toc-heading-20\" href=\"https:\/\/loudavymkrokem.cz\/es\/que-ver-hamburgo-alemania\/#16_Dialog_im_Dunkeln\" >16. Dialog im Dunkeln<\/a><\/li><li class='ez-toc-page-1 ez-toc-heading-level-3'><a class=\"ez-toc-link ez-toc-heading-21\" href=\"https:\/\/loudavymkrokem.cz\/es\/que-ver-hamburgo-alemania\/#17_El_barrio_lleno_de_escaleras_Treppenviertel_Blankenese\" >17. El barrio lleno de escaleras Treppenviertel Blankenese<\/a><\/li><li class='ez-toc-page-1 ez-toc-heading-level-3'><a class=\"ez-toc-link ez-toc-heading-22\" href=\"https:\/\/loudavymkrokem.cz\/es\/que-ver-hamburgo-alemania\/#18_Iglesia_de_San_Miguel_Michel\" >18. Iglesia de San Miguel (Michel)<\/a><\/li><li class='ez-toc-page-1 ez-toc-heading-level-3'><a class=\"ez-toc-link ez-toc-heading-23\" href=\"https:\/\/loudavymkrokem.cz\/es\/que-ver-hamburgo-alemania\/#19_Museo_del_chocolate_Chocoversum\" >19. Museo del chocolate Chocoversum<\/a><\/li><li class='ez-toc-page-1 ez-toc-heading-level-3'><a class=\"ez-toc-link ez-toc-heading-24\" href=\"https:\/\/loudavymkrokem.cz\/es\/que-ver-hamburgo-alemania\/#20_El_barrio_hipster_de_Schanzenviertel\" >20. El barrio hipster de Schanzenviertel<\/a><\/li><li class='ez-toc-page-1 ez-toc-heading-level-3'><a class=\"ez-toc-link ez-toc-heading-25\" href=\"https:\/\/loudavymkrokem.cz\/es\/que-ver-hamburgo-alemania\/#21_Los_barcos_museo_Cap_San_Diego_y_Rickmer_Rickmers\" >21. Los barcos museo Cap San Diego y Rickmer Rickmers<\/a><\/li><li class='ez-toc-page-1 ez-toc-heading-level-3'><a class=\"ez-toc-link ez-toc-heading-26\" href=\"https:\/\/loudavymkrokem.cz\/es\/que-ver-hamburgo-alemania\/#22_Gastronomia_verde_y_sostenible\" >22. Gastronom\u00eda verde y sostenible<\/a><\/li><\/ul><\/li><li class='ez-toc-page-1 ez-toc-heading-level-2'><a class=\"ez-toc-link ez-toc-heading-27\" href=\"https:\/\/loudavymkrokem.cz\/es\/que-ver-hamburgo-alemania\/#Adonde_ir_despues_de_Hamburgo\" >Ad\u00f3nde ir despu\u00e9s de Hamburgo<\/a><\/li><li class='ez-toc-page-1 ez-toc-heading-level-2'><a class=\"ez-toc-link ez-toc-heading-28\" href=\"https:\/\/loudavymkrokem.cz\/es\/que-ver-hamburgo-alemania\/#Preguntas_frecuentes\" >Preguntas frecuentes<\/a><ul class='ez-toc-list-level-3' ><li class='ez-toc-heading-level-3'><a class=\"ez-toc-link ez-toc-heading-29\" href=\"https:\/\/loudavymkrokem.cz\/es\/que-ver-hamburgo-alemania\/#%C2%BFCuantos_dias_necesito_para_visitar_Hamburgo\" >\u00bfCu\u00e1ntos d\u00edas necesito para visitar Hamburgo?<\/a><\/li><li class='ez-toc-page-1 ez-toc-heading-level-3'><a class=\"ez-toc-link ez-toc-heading-30\" href=\"https:\/\/loudavymkrokem.cz\/es\/que-ver-hamburgo-alemania\/#%C2%BFCual_es_la_mejor_manera_de_llegar_del_aeropuerto_al_centro_de_la_ciudad\" >\u00bfCu\u00e1l es la mejor manera de llegar del aeropuerto al centro de la ciudad?<\/a><\/li><li class='ez-toc-page-1 ez-toc-heading-level-3'><a class=\"ez-toc-link ez-toc-heading-31\" href=\"https:\/\/loudavymkrokem.cz\/es\/que-ver-hamburgo-alemania\/#%C2%BFEs_la_ciudad_adecuada_para_familias_con_ninos\" >\u00bfEs la ciudad adecuada para familias con ni\u00f1os?<\/a><\/li><li class='ez-toc-page-1 ez-toc-heading-level-3'><a class=\"ez-toc-link ez-toc-heading-32\" href=\"https:\/\/loudavymkrokem.cz\/es\/que-ver-hamburgo-alemania\/#%C2%BFComo_es_el_transporte_y_merece_la_pena_la_Hamburg_Card\" >\u00bfC\u00f3mo es el transporte y merece la pena la Hamburg Card?<\/a><\/li><li class='ez-toc-page-1 ez-toc-heading-level-3'><a class=\"ez-toc-link ez-toc-heading-33\" href=\"https:\/\/loudavymkrokem.cz\/es\/que-ver-hamburgo-alemania\/#%C2%BFQue_presupuesto_debo_calcular_para_las_entradas\" >\u00bfQu\u00e9 presupuesto debo calcular para las entradas?<\/a><\/li><li class='ez-toc-page-1 ez-toc-heading-level-3'><a class=\"ez-toc-link ez-toc-heading-34\" href=\"https:\/\/loudavymkrokem.cz\/es\/que-ver-hamburgo-alemania\/#%C2%BFTengo_que_comprar_las_entradas_a_los_principales_monumentos_con_antelacion\" >\u00bfTengo que comprar las entradas a los principales monumentos con antelaci\u00f3n?<\/a><\/li><li class='ez-toc-page-1 ez-toc-heading-level-3'><a class=\"ez-toc-link ez-toc-heading-35\" href=\"https:\/\/loudavymkrokem.cz\/es\/que-ver-hamburgo-alemania\/#%C2%BFQue_se_puede_hacer_en_la_ciudad_cuando_llueve\" >\u00bfQu\u00e9 se puede hacer en la ciudad cuando llueve?<\/a><\/li><\/ul><\/li><\/ul><\/nav><\/div>\n<h3 class=\"wp-block-heading\"><span class=\"ez-toc-section\" id=\"Resumen_para_quienes_no_tienen_tiempo_de_leer_el_articulo_entero\"><\/span>Resumen para quienes no tienen tiempo de leer el art\u00edculo entero<span class=\"ez-toc-section-end\"><\/span><\/h3>\n\n\n\n<ul class=\"wp-block-list\">\n\n<li><strong>Miniatur Wunderland:<\/strong> La maqueta de ferrocarril m\u00e1s grande del mundo por 25 \u20ac, donde <strong>debes reservar la entrada con hora varias semanas antes<\/strong>.<\/li>\n\n\n\n<li><strong>Speicherstadt:<\/strong> Fascinante complejo de almacenes hist\u00f3ricos protegido por la UNESCO, que <strong>fotografiar\u00e1s mejor al caer la noche<\/strong>.<\/li>\n\n\n\n<li><strong>Elbphilharmonie:<\/strong> Ic\u00f3nico auditorio con la terraza panor\u00e1mica Plaza, <strong>a la que accedes gratis con reserva previa online<\/strong>.<\/li>\n\n\n\n<li><strong>Ferri l\u00ednea 62:<\/strong> La mejor manera de vivir un paseo panor\u00e1mico por el Elba <strong>totalmente gratis con el billete normal de transporte p\u00fablico<\/strong>.<\/li>\n\n\n\n<li><strong>HafenCity:<\/strong> Barrio moderno lleno de arquitectura impresionante que, junto con los principales museos, <strong>te ocupar\u00e1 f\u00e1cilmente un d\u00eda entero<\/strong>.<\/li>\n\n\n\n<li><strong>St. Pauli y Reeperbahn:<\/strong> Barrio legendario famoso por su vida nocturna desenfrenada, donde <strong>en su d\u00eda empezaron su carrera los c\u00e9lebres Beatles<\/strong>.<\/li>\n\n\n<\/ul>\n\n\n\n<figure data-wp-context=\"{&quot;imageId&quot;:&quot;6a952c6179ca0&quot;}\" data-wp-interactive=\"core\/image\" data-wp-key=\"6a952c6179ca0\" class=\"wp-block-image size-full wp-lightbox-container\"><img decoding=\"async\" width=\"1800\" height=\"1200\" data-wp-class--hide=\"state.isContentHidden\" data-wp-class--show=\"state.isContentVisible\" data-wp-init=\"callbacks.setButtonStyles\" data-wp-on--click=\"actions.showLightbox\" data-wp-on--load=\"callbacks.setButtonStyles\" data-wp-on--pointerdown=\"actions.preloadImage\" data-wp-on--pointerenter=\"actions.preloadImageWithDelay\" data-wp-on--pointerleave=\"actions.cancelPreload\" data-wp-on-window--resize=\"callbacks.setButtonStyles\" src=\"https:\/\/loudavymkrokem.cz\/wp-content\/uploads\/2026\/08\/nemecko-clanky-co-videt-v-hamburku-02.jpg\" alt=\"Hamburgo y el lago Alster\" class=\"wp-image-396942\" title=\"\" srcset=\"https:\/\/loudavymkrokem.cz\/wp-content\/uploads\/2026\/08\/nemecko-clanky-co-videt-v-hamburku-02.jpg 1800w, https:\/\/loudavymkrokem.cz\/wp-content\/uploads\/2026\/08\/nemecko-clanky-co-videt-v-hamburku-02-300x200.jpg 300w, https:\/\/loudavymkrokem.cz\/wp-content\/uploads\/2026\/08\/nemecko-clanky-co-videt-v-hamburku-02-700x467.jpg 700w, https:\/\/loudavymkrokem.cz\/wp-content\/uploads\/2026\/08\/nemecko-clanky-co-videt-v-hamburku-02-768x512.jpg 768w, https:\/\/loudavymkrokem.cz\/wp-content\/uploads\/2026\/08\/nemecko-clanky-co-videt-v-hamburku-02-1536x1024.jpg 1536w, https:\/\/loudavymkrokem.cz\/wp-content\/uploads\/2026\/08\/nemecko-clanky-co-videt-v-hamburku-02-696x464.jpg 696w, https:\/\/loudavymkrokem.cz\/wp-content\/uploads\/2026\/08\/nemecko-clanky-co-videt-v-hamburku-02-1392x928.jpg 1392w\" sizes=\"(max-width: 1800px) 100vw, 1800px\" \/><button\n\t\t\tclass=\"lightbox-trigger\"\n\t\t\ttype=\"button\"\n\t\t\taria-haspopup=\"dialog\"\n\t\t\tdata-wp-bind--aria-label=\"state.thisImage.triggerButtonAriaLabel\"\n\t\t\tdata-wp-init=\"callbacks.initTriggerButton\"\n\t\t\tdata-wp-on--click=\"actions.showLightbox\"\n\t\t\tdata-wp-style--right=\"state.thisImage.buttonRight\"\n\t\t\tdata-wp-style--top=\"state.thisImage.buttonTop\"\n\t\t>\n\t\t\t<svg xmlns=\"http:\/\/www.w3.org\/2000\/svg\" width=\"12\" height=\"12\" fill=\"none\" viewBox=\"0 0 12 12\">\n\t\t\t\t<path fill=\"#fff\" d=\"M2 0a2 2 0 0 0-2 2v2h1.5V2a.5.5 0 0 1 .5-.5h2V0H2Zm2 10.5H2a.5.5 0 0 1-.5-.5V8H0v2a2 2 0 0 0 2 2h2v-1.5ZM8 12v-1.5h2a.5.5 0 0 0 .5-.5V8H12v2a2 2 0 0 1-2 2H8Zm2-12a2 2 0 0 1 2 2v2h-1.5V2a.5.5 0 0 0-.5-.5H8V0h2Z\" \/>\n\t\t\t<\/svg>\n\t\t<\/button><figcaption class=\"wp-element-caption\">Foto: Frank Rietsch \/ Pexels<\/figcaption><\/figure>\n\n\n\n<h2 class=\"wp-block-heading\"><span class=\"ez-toc-section\" id=\"Cuando_viajar_a_Hamburgo\"><\/span>Cu\u00e1ndo viajar a Hamburgo<span class=\"ez-toc-section-end\"><\/span><\/h2>\n\n\n\n<p class=\"wp-block-paragraph\">El norte de Alemania se caracteriza por su cambiante clima mar\u00edtimo, para el que los locales tienen incluso su propia palabra, Schietwetter, as\u00ed que merece la pena no subestimar la preparaci\u00f3n y llevar varias capas de ropa. <strong>La mejor \u00e9poca para visitar la ciudad son sin duda los meses de verano, de junio a agosto<\/strong>, cuando las temperaturas suelen rondar los agradables veinticinco grados y los d\u00edas son bien largos. Adem\u00e1s, el sol del atardecer regala a los edificios de ladrillo del puerto un precioso tono dorado que te enamorar\u00e1. Eso s\u00ed, debes contar con que es plena temporada tur\u00edstica, por lo que en los principales monumentos coincidir\u00e1s con m\u00e1s gente y el alojamiento resulta m\u00e1s caro.<\/p>\n\n\n\n<p class=\"wp-block-paragraph\">Si prefieres un ritmo m\u00e1s tranquilo y menos multitudes, <strong>una gran opci\u00f3n es la primavera tard\u00eda o el comienzo del oto\u00f1o<\/strong>, cuando la ciudad se ti\u00f1e de tonos preciosos y los precios de los hoteles bajan a niveles m\u00e1s razonables. Aunque en mayo o septiembre puede sorprenderte alg\u00fan chaparr\u00f3n y el t\u00edpico viento fuerte del mar, la ciudad tiene en esta \u00e9poca una atm\u00f3sfera maravillosamente melanc\u00f3lica. Siempre viene bien llevar a mano un buen chubasquero impermeable, porque los paraguas cl\u00e1sicos con el fuerte viento local no funcionan demasiado y m\u00e1s bien tendr\u00edas que pelearte con ellos.<\/p>\n\n\n\n<p class=\"wp-block-paragraph\">Los meses de invierno traen un clima m\u00e1s fr\u00edo y anochece pronto, pero la ciudad adquiere entonces un encanto muy distinto que merece la pena vivir. <strong>La \u00e9poca previa a la Navidad es absolutamente m\u00e1gica gracias a los numerosos mercadillos repartidos por toda la ciudad<\/strong>, que huelen a casta\u00f1as asadas, vino caliente y galletas tradicionales de jengibre. En invierno tambi\u00e9n disfrutas mucho m\u00e1s de las exposiciones cubiertas, las cafeter\u00edas caldeadas y los museos, de los que hay much\u00edsimos, as\u00ed que la lluvia no tiene por qu\u00e9 preocuparte lo m\u00e1s m\u00ednimo. \u263a\ufe0f<\/p>\n\n\n\n<figure data-wp-context=\"{&quot;imageId&quot;:&quot;6a952c617a1cb&quot;}\" data-wp-interactive=\"core\/image\" data-wp-key=\"6a952c617a1cb\" class=\"wp-block-image size-full wp-lightbox-container\"><img decoding=\"async\" width=\"1800\" height=\"1200\" data-wp-class--hide=\"state.isContentHidden\" data-wp-class--show=\"state.isContentVisible\" data-wp-init=\"callbacks.setButtonStyles\" data-wp-on--click=\"actions.showLightbox\" data-wp-on--load=\"callbacks.setButtonStyles\" data-wp-on--pointerdown=\"actions.preloadImage\" data-wp-on--pointerenter=\"actions.preloadImageWithDelay\" data-wp-on--pointerleave=\"actions.cancelPreload\" data-wp-on-window--resize=\"callbacks.setButtonStyles\" src=\"https:\/\/loudavymkrokem.cz\/wp-content\/uploads\/2026\/08\/nemecko-clanky-co-videt-v-hamburku-03.jpg\" alt=\"Arquitectura moderna del barrio HafenCity\" class=\"wp-image-396944\" title=\"\" srcset=\"https:\/\/loudavymkrokem.cz\/wp-content\/uploads\/2026\/08\/nemecko-clanky-co-videt-v-hamburku-03.jpg 1800w, https:\/\/loudavymkrokem.cz\/wp-content\/uploads\/2026\/08\/nemecko-clanky-co-videt-v-hamburku-03-300x200.jpg 300w, https:\/\/loudavymkrokem.cz\/wp-content\/uploads\/2026\/08\/nemecko-clanky-co-videt-v-hamburku-03-700x467.jpg 700w, https:\/\/loudavymkrokem.cz\/wp-content\/uploads\/2026\/08\/nemecko-clanky-co-videt-v-hamburku-03-768x512.jpg 768w, https:\/\/loudavymkrokem.cz\/wp-content\/uploads\/2026\/08\/nemecko-clanky-co-videt-v-hamburku-03-1536x1024.jpg 1536w, https:\/\/loudavymkrokem.cz\/wp-content\/uploads\/2026\/08\/nemecko-clanky-co-videt-v-hamburku-03-696x464.jpg 696w, https:\/\/loudavymkrokem.cz\/wp-content\/uploads\/2026\/08\/nemecko-clanky-co-videt-v-hamburku-03-1392x928.jpg 1392w\" sizes=\"(max-width: 1800px) 100vw, 1800px\" \/><button\n\t\t\tclass=\"lightbox-trigger\"\n\t\t\ttype=\"button\"\n\t\t\taria-haspopup=\"dialog\"\n\t\t\tdata-wp-bind--aria-label=\"state.thisImage.triggerButtonAriaLabel\"\n\t\t\tdata-wp-init=\"callbacks.initTriggerButton\"\n\t\t\tdata-wp-on--click=\"actions.showLightbox\"\n\t\t\tdata-wp-style--right=\"state.thisImage.buttonRight\"\n\t\t\tdata-wp-style--top=\"state.thisImage.buttonTop\"\n\t\t>\n\t\t\t<svg xmlns=\"http:\/\/www.w3.org\/2000\/svg\" width=\"12\" height=\"12\" fill=\"none\" viewBox=\"0 0 12 12\">\n\t\t\t\t<path fill=\"#fff\" d=\"M2 0a2 2 0 0 0-2 2v2h1.5V2a.5.5 0 0 1 .5-.5h2V0H2Zm2 10.5H2a.5.5 0 0 1-.5-.5V8H0v2a2 2 0 0 0 2 2h2v-1.5ZM8 12v-1.5h2a.5.5 0 0 0 .5-.5V8H12v2a2 2 0 0 1-2 2H8Zm2-12a2 2 0 0 1 2 2v2h-1.5V2a.5.5 0 0 0-.5-.5H8V0h2Z\" \/>\n\t\t\t<\/svg>\n\t\t<\/button><figcaption class=\"wp-element-caption\">Foto: Dietmar Rabich \/ Wikimedia Commons, CC BY-SA 4.0<\/figcaption><\/figure>\n\n\n\n<h2 class=\"wp-block-heading\"><span class=\"ez-toc-section\" id=\"Donde_alojarse_en_Hamburgo\"><\/span>D\u00f3nde alojarse en Hamburgo<span class=\"ez-toc-section-end\"><\/span><\/h2>\n\n\n\n<p class=\"wp-block-paragraph\">\ud83d\udca1 <strong>Consejo:<\/strong> Puedes comparar la oferta de alojamiento en Hamburgo directamente en un solo sitio \u2014 <a href=\"https:\/\/www.stay22.com\/allez\/roam?aid=lukaskonecny&#038;campaign=loudavymkrokemcz&#038;campaign=co-videt-v-hamburku&#038;address=Hamburk%2C%20N%C4%9Bmecko\" target=\"_blank\" rel=\"noopener nofollow sponsored\">comprobar disponibilidad y precios en Hamburgo<\/a>. Merece la pena reservar con antelaci\u00f3n, porque la mejor relaci\u00f3n calidad-ubicaci\u00f3n desaparece la primera.<\/p>\n\n\n<p class=\"wp-block-paragraph\"><em>\ud83d\udca1 Consejo de alojamiento y experiencias: Nos gusta buscar alojamiento en <a href=\"https:\/\/www.booking.com\/searchresults.html?ss=Hamburk%2C%20N%C4%9Bmecko&#038;aid=2397601\" target=\"_blank\" rel=\"nofollow noopener sponsored\">Booking.com<\/a>, donde suelen tener las <strong>mejores condiciones de cancelaci\u00f3n<\/strong>. Las <strong>entradas, excursiones y actividades<\/strong> conviene compararlas y comprarlas en <a href=\"https:\/\/www.getyourguide.com\/s\/?q=Hamburk%2C%20N%C4%9Bmecko&#038;partner_id=MKZ64IS\" target=\"_blank\" rel=\"nofollow noopener sponsored\">GetYourGuide<\/a>.<\/em><\/p>\n\n\n\n<p class=\"wp-block-paragraph\">Elegir bien el barrio donde alojarte puede marcar por completo tu experiencia en la ciudad, as\u00ed que piensa de antemano qu\u00e9 esperas exactamente del viaje. <strong>Si vienes por primera vez y quieres tener todos los grandes atractivos al alcance de la mano, elige el moderno barrio de HafenCity o las centrales Neustadt y Altstadt<\/strong>. En el centro hist\u00f3rico los precios por noche suelen moverse entre 100 y 190 \u20ac, pero la gran ventaja es que llegas a todo a pie y ahorras mucho tiempo. Una experiencia estupenda es, por ejemplo, el estiloso <strong>25hours Hotel HafenCity<\/strong>, que ofrece un dise\u00f1o marinero desenfadado en pleno coraz\u00f3n del barrio m\u00e1s moderno, con vistas a los muelles.<\/p>\n\n\n\n<p class=\"wp-block-paragraph\">Una alternativa m\u00e1s econ\u00f3mica y muy de moda es el barrio de Altona, que ofrece un mont\u00f3n de cafeter\u00edas independientes estupendas y preciosas vistas desde los acantilados sobre el r\u00edo Elba. Los viajeros m\u00e1s j\u00f3venes y los amantes de la vida nocturna suelen <strong>buscar alojamiento cerca de la Reeperbahn, en el barrio de St. Pauli<\/strong>, donde encuentras los mejores bares y hostales asequibles desde 40 \u20ac por noche. Eso s\u00ed, ten en cuenta que las calles viven hasta altas horas de la madrugada, as\u00ed que no es la zona ideal para un sue\u00f1o familiar tranquilo.<\/p>\n\n\n\n<p class=\"wp-block-paragraph\">Para una estancia m\u00e1s tranquila con excelente acceso al transporte p\u00fablico, en cambio, encaja de maravilla la zona de St. Georg, que queda a un paso de la estaci\u00f3n central y ofrece precios algo m\u00e1s asequibles que el propio centro hist\u00f3rico. <strong>Te recomiendo el muy popular Hotel Volksschule<\/strong>, surgido de la cuidadosa rehabilitaci\u00f3n de un antiguo edificio escolar y que destaca por sus fant\u00e1sticos desayunos. Sea cual sea la zona que elijas, reserva siempre el alojamiento con suficiente antelaci\u00f3n, porque Hamburgo es un destino muy solicitado todo el a\u00f1o y las mejores plazas vuelan a una velocidad incre\u00edble.<\/p>\n\n\n\n<p class=\"wp-block-paragraph\">Encontrar\u00e1s un repaso detallado de los barrios y de hoteles concretos en el art\u00edculo aparte <a href=\"https:\/\/loudavymkrokem.cz\/es\/donde-alojarse-hamburgo-alemania\/\">D\u00f3nde alojarse en Hamburgo<\/a>, donde comparamos HafenCity, Altona y St. Pauli y recomendamos 12 hoteles, desde hostal hasta lujo. <a href=\"https:\/\/www.stay22.com\/allez\/roam?aid=lukaskonecny&#038;campaign=loudavymkrokemcz&#038;campaign=co-videt-v-hamburku&#038;hotelname=Hotel%20Volksschule&#038;address=Hamburk%2C%20N%C4%9Bmecko\" target=\"_blank\" rel=\"noopener nofollow sponsored\">Comprobar la disponibilidad de alojamiento<\/a> conviene hacerlo cuanto antes.<\/p>\n\n\n\n<figure data-wp-context=\"{&quot;imageId&quot;:&quot;6a952c617a991&quot;}\" data-wp-interactive=\"core\/image\" data-wp-key=\"6a952c617a991\" class=\"wp-block-image size-full wp-lightbox-container\"><img decoding=\"async\" width=\"1800\" height=\"621\" data-wp-class--hide=\"state.isContentHidden\" data-wp-class--show=\"state.isContentVisible\" data-wp-init=\"callbacks.setButtonStyles\" data-wp-on--click=\"actions.showLightbox\" data-wp-on--load=\"callbacks.setButtonStyles\" data-wp-on--pointerdown=\"actions.preloadImage\" data-wp-on--pointerenter=\"actions.preloadImageWithDelay\" data-wp-on--pointerleave=\"actions.cancelPreload\" data-wp-on-window--resize=\"callbacks.setButtonStyles\" src=\"https:\/\/loudavymkrokem.cz\/wp-content\/uploads\/2026\/08\/nemecko-clanky-co-videt-v-hamburku-04.jpg\" alt=\"Puerto de Hamburgo a vista de p\u00e1jaro\" class=\"wp-image-396962\" title=\"\" srcset=\"https:\/\/loudavymkrokem.cz\/wp-content\/uploads\/2026\/08\/nemecko-clanky-co-videt-v-hamburku-04.jpg 1800w, https:\/\/loudavymkrokem.cz\/wp-content\/uploads\/2026\/08\/nemecko-clanky-co-videt-v-hamburku-04-300x104.jpg 300w, https:\/\/loudavymkrokem.cz\/wp-content\/uploads\/2026\/08\/nemecko-clanky-co-videt-v-hamburku-04-700x242.jpg 700w, https:\/\/loudavymkrokem.cz\/wp-content\/uploads\/2026\/08\/nemecko-clanky-co-videt-v-hamburku-04-768x265.jpg 768w, https:\/\/loudavymkrokem.cz\/wp-content\/uploads\/2026\/08\/nemecko-clanky-co-videt-v-hamburku-04-1536x530.jpg 1536w, https:\/\/loudavymkrokem.cz\/wp-content\/uploads\/2026\/08\/nemecko-clanky-co-videt-v-hamburku-04-696x240.jpg 696w, https:\/\/loudavymkrokem.cz\/wp-content\/uploads\/2026\/08\/nemecko-clanky-co-videt-v-hamburku-04-1392x480.jpg 1392w\" sizes=\"(max-width: 1800px) 100vw, 1800px\" \/><button\n\t\t\tclass=\"lightbox-trigger\"\n\t\t\ttype=\"button\"\n\t\t\taria-haspopup=\"dialog\"\n\t\t\tdata-wp-bind--aria-label=\"state.thisImage.triggerButtonAriaLabel\"\n\t\t\tdata-wp-init=\"callbacks.initTriggerButton\"\n\t\t\tdata-wp-on--click=\"actions.showLightbox\"\n\t\t\tdata-wp-style--right=\"state.thisImage.buttonRight\"\n\t\t\tdata-wp-style--top=\"state.thisImage.buttonTop\"\n\t\t>\n\t\t\t<svg xmlns=\"http:\/\/www.w3.org\/2000\/svg\" width=\"12\" height=\"12\" fill=\"none\" viewBox=\"0 0 12 12\">\n\t\t\t\t<path fill=\"#fff\" d=\"M2 0a2 2 0 0 0-2 2v2h1.5V2a.5.5 0 0 1 .5-.5h2V0H2Zm2 10.5H2a.5.5 0 0 1-.5-.5V8H0v2a2 2 0 0 0 2 2h2v-1.5ZM8 12v-1.5h2a.5.5 0 0 0 .5-.5V8H12v2a2 2 0 0 1-2 2H8Zm2-12a2 2 0 0 1 2 2v2h-1.5V2a.5.5 0 0 0-.5-.5H8V0h2Z\" \/>\n\t\t\t<\/svg>\n\t\t<\/button><figcaption class=\"wp-element-caption\">Foto: Dietmar Rabich \/ Wikimedia Commons, CC BY-SA 4.0<\/figcaption><\/figure>\n\n\n\n<h2 class=\"wp-block-heading\"><span class=\"ez-toc-section\" id=\"22_planes_sobre_que_ver_y_hacer_en_Hamburgo\"><\/span>22 planes sobre qu\u00e9 ver y hacer en Hamburgo<span class=\"ez-toc-section-end\"><\/span><\/h2>\n\n\n\n<p class=\"wp-block-paragraph\">Veamos en detalle una lista completa de los lugares y actividades m\u00e1s bonitos que no deber\u00edas perderte durante tu visita. <strong>Prep\u00e1rate para descubrir una arquitectura impresionante, barcos gigantes y oasis verdes escondidos<\/strong>, que conforman el car\u00e1cter inconfundible de esta fascinante ciudad.<\/p>\n\n\n\n<figure data-wp-context=\"{&quot;imageId&quot;:&quot;6a952c617ad1f&quot;}\" data-wp-interactive=\"core\/image\" data-wp-key=\"6a952c617ad1f\" class=\"wp-block-image size-full wp-lightbox-container\"><img decoding=\"async\" width=\"1800\" height=\"1200\" data-wp-class--hide=\"state.isContentHidden\" data-wp-class--show=\"state.isContentVisible\" data-wp-init=\"callbacks.setButtonStyles\" data-wp-on--click=\"actions.showLightbox\" data-wp-on--load=\"callbacks.setButtonStyles\" data-wp-on--pointerdown=\"actions.preloadImage\" data-wp-on--pointerenter=\"actions.preloadImageWithDelay\" data-wp-on--pointerleave=\"actions.cancelPreload\" data-wp-on-window--resize=\"callbacks.setButtonStyles\" src=\"https:\/\/loudavymkrokem.cz\/wp-content\/uploads\/2026\/08\/nemecko-clanky-co-videt-v-hamburku-05.jpg\" alt=\"Almacenes de ladrillo de la Speicherstadt\" class=\"wp-image-397158\" title=\"\" srcset=\"https:\/\/loudavymkrokem.cz\/wp-content\/uploads\/2026\/08\/nemecko-clanky-co-videt-v-hamburku-05.jpg 1800w, https:\/\/loudavymkrokem.cz\/wp-content\/uploads\/2026\/08\/nemecko-clanky-co-videt-v-hamburku-05-300x200.jpg 300w, https:\/\/loudavymkrokem.cz\/wp-content\/uploads\/2026\/08\/nemecko-clanky-co-videt-v-hamburku-05-700x467.jpg 700w, https:\/\/loudavymkrokem.cz\/wp-content\/uploads\/2026\/08\/nemecko-clanky-co-videt-v-hamburku-05-768x512.jpg 768w, https:\/\/loudavymkrokem.cz\/wp-content\/uploads\/2026\/08\/nemecko-clanky-co-videt-v-hamburku-05-1536x1024.jpg 1536w, https:\/\/loudavymkrokem.cz\/wp-content\/uploads\/2026\/08\/nemecko-clanky-co-videt-v-hamburku-05-696x464.jpg 696w, https:\/\/loudavymkrokem.cz\/wp-content\/uploads\/2026\/08\/nemecko-clanky-co-videt-v-hamburku-05-1392x928.jpg 1392w\" sizes=\"(max-width: 1800px) 100vw, 1800px\" \/><button\n\t\t\tclass=\"lightbox-trigger\"\n\t\t\ttype=\"button\"\n\t\t\taria-haspopup=\"dialog\"\n\t\t\tdata-wp-bind--aria-label=\"state.thisImage.triggerButtonAriaLabel\"\n\t\t\tdata-wp-init=\"callbacks.initTriggerButton\"\n\t\t\tdata-wp-on--click=\"actions.showLightbox\"\n\t\t\tdata-wp-style--right=\"state.thisImage.buttonRight\"\n\t\t\tdata-wp-style--top=\"state.thisImage.buttonTop\"\n\t\t>\n\t\t\t<svg xmlns=\"http:\/\/www.w3.org\/2000\/svg\" width=\"12\" height=\"12\" fill=\"none\" viewBox=\"0 0 12 12\">\n\t\t\t\t<path fill=\"#fff\" d=\"M2 0a2 2 0 0 0-2 2v2h1.5V2a.5.5 0 0 1 .5-.5h2V0H2Zm2 10.5H2a.5.5 0 0 1-.5-.5V8H0v2a2 2 0 0 0 2 2h2v-1.5ZM8 12v-1.5h2a.5.5 0 0 0 .5-.5V8H12v2a2 2 0 0 1-2 2H8Zm2-12a2 2 0 0 1 2 2v2h-1.5V2a.5.5 0 0 0-.5-.5H8V0h2Z\" \/>\n\t\t\t<\/svg>\n\t\t<\/button><figcaption class=\"wp-element-caption\">Foto: Dietmar Rabich \/ Wikimedia Commons, CC BY-SA 4.0<\/figcaption><\/figure>\n\n\n\n<h3 class=\"wp-block-heading\"><span class=\"ez-toc-section\" id=\"1_Speicherstadt\"><\/span>1. Speicherstadt<span class=\"ez-toc-section-end\"><\/span><\/h3>\n\n\n\n<p class=\"wp-block-paragraph\">El mayor complejo continuo de almacenes hist\u00f3ricos del mundo es la gran se\u00f1a de identidad de la ciudad y <strong>luce con todo merecimiento su inscripci\u00f3n en la lista del Patrimonio Mundial de la UNESCO<\/strong>. Todo el barrio est\u00e1 entretejido por una mara\u00f1a de canales, sobre los que se alzan enormes edificios de ladrillo rojo rematados por los t\u00edpicos tejadillos de cobre y hastiales neog\u00f3ticos ornamentales. Pasear por estas callejuelas es totalmente gratis y te envuelve el ambiente aut\u00e9ntico de aquellos tiempos en que aqu\u00ed se almacenaba a lo grande caf\u00e9, cacao, alfombras orientales y valiosas especias de todo el mundo.<\/p>\n\n\n\n<p class=\"wp-block-paragraph\">El complejo se levant\u00f3 a finales del siglo XIX y sus edificios descansan sobre miles de pilotes de roble hincados en lo profundo del barro fluvial. <strong>No dejes de acercarte al llamado Wasserschloss o Castillo del Agua<\/strong>, un edificio enormemente fotog\u00e9nico situado justo en la confluencia de dos canales y que hoy alberga una acogedora casa de t\u00e9. Pasear entre estos majestuosos edificios te transporta literalmente a la \u00e9poca de m\u00e1ximo esplendor de los mercaderes de la Hansa.<\/p>\n\n\n\n<p class=\"wp-block-paragraph\">\ud83d\udca1 Consejo: <strong>Toda la zona es m\u00e1s fotog\u00e9nica justo despu\u00e9s de la puesta de sol<\/strong>, cuando se enciende la rom\u00e1ntica iluminaci\u00f3n nocturna. Los muros y puentes de ladrillo empiezan a reflejarse maravillosamente sobre las aguas oscuras de los canales, creando un espect\u00e1culo absolutamente m\u00e1gico.<\/p>\n\n\n\n<figure data-wp-context=\"{&quot;imageId&quot;:&quot;6a952c617b0fd&quot;}\" data-wp-interactive=\"core\/image\" data-wp-key=\"6a952c617b0fd\" class=\"wp-block-image size-full wp-lightbox-container\"><img decoding=\"async\" width=\"1800\" height=\"1192\" data-wp-class--hide=\"state.isContentHidden\" data-wp-class--show=\"state.isContentVisible\" data-wp-init=\"callbacks.setButtonStyles\" data-wp-on--click=\"actions.showLightbox\" data-wp-on--load=\"callbacks.setButtonStyles\" data-wp-on--pointerdown=\"actions.preloadImage\" data-wp-on--pointerenter=\"actions.preloadImageWithDelay\" data-wp-on--pointerleave=\"actions.cancelPreload\" data-wp-on-window--resize=\"callbacks.setButtonStyles\" src=\"https:\/\/loudavymkrokem.cz\/wp-content\/uploads\/2026\/08\/nemecko-clanky-co-videt-v-hamburku-06.jpg\" alt=\"Maqueta de ferrocarril en el Miniatur Wunderland\" class=\"wp-image-398123\" title=\"\" srcset=\"https:\/\/loudavymkrokem.cz\/wp-content\/uploads\/2026\/08\/nemecko-clanky-co-videt-v-hamburku-06.jpg 1800w, https:\/\/loudavymkrokem.cz\/wp-content\/uploads\/2026\/08\/nemecko-clanky-co-videt-v-hamburku-06-300x199.jpg 300w, https:\/\/loudavymkrokem.cz\/wp-content\/uploads\/2026\/08\/nemecko-clanky-co-videt-v-hamburku-06-700x464.jpg 700w, https:\/\/loudavymkrokem.cz\/wp-content\/uploads\/2026\/08\/nemecko-clanky-co-videt-v-hamburku-06-768x509.jpg 768w, https:\/\/loudavymkrokem.cz\/wp-content\/uploads\/2026\/08\/nemecko-clanky-co-videt-v-hamburku-06-1536x1017.jpg 1536w, https:\/\/loudavymkrokem.cz\/wp-content\/uploads\/2026\/08\/nemecko-clanky-co-videt-v-hamburku-06-696x461.jpg 696w, https:\/\/loudavymkrokem.cz\/wp-content\/uploads\/2026\/08\/nemecko-clanky-co-videt-v-hamburku-06-1392x922.jpg 1392w\" sizes=\"(max-width: 1800px) 100vw, 1800px\" \/><button\n\t\t\tclass=\"lightbox-trigger\"\n\t\t\ttype=\"button\"\n\t\t\taria-haspopup=\"dialog\"\n\t\t\tdata-wp-bind--aria-label=\"state.thisImage.triggerButtonAriaLabel\"\n\t\t\tdata-wp-init=\"callbacks.initTriggerButton\"\n\t\t\tdata-wp-on--click=\"actions.showLightbox\"\n\t\t\tdata-wp-style--right=\"state.thisImage.buttonRight\"\n\t\t\tdata-wp-style--top=\"state.thisImage.buttonTop\"\n\t\t>\n\t\t\t<svg xmlns=\"http:\/\/www.w3.org\/2000\/svg\" width=\"12\" height=\"12\" fill=\"none\" viewBox=\"0 0 12 12\">\n\t\t\t\t<path fill=\"#fff\" d=\"M2 0a2 2 0 0 0-2 2v2h1.5V2a.5.5 0 0 1 .5-.5h2V0H2Zm2 10.5H2a.5.5 0 0 1-.5-.5V8H0v2a2 2 0 0 0 2 2h2v-1.5ZM8 12v-1.5h2a.5.5 0 0 0 .5-.5V8H12v2a2 2 0 0 1-2 2H8Zm2-12a2 2 0 0 1 2 2v2h-1.5V2a.5.5 0 0 0-.5-.5H8V0h2Z\" \/>\n\t\t\t<\/svg>\n\t\t<\/button><figcaption class=\"wp-element-caption\">Foto: Steven Lek \/ Wikimedia Commons, CC BY-SA 4.0<\/figcaption><\/figure>\n\n\n\n<h3 class=\"wp-block-heading\"><span class=\"ez-toc-section\" id=\"2_Miniatur_Wunderland\"><\/span>2. Miniatur Wunderland<span class=\"ez-toc-section-end\"><\/span><\/h3>\n\n\n\n<p class=\"wp-block-paragraph\">La maqueta de ferrocarril m\u00e1s grande del mundo se encuentra en pleno coraz\u00f3n de la Speicherstadt y entusiasma sin falta a mayores y peque\u00f1os sea cual sea su edad. <strong>Esta fascinante atracci\u00f3n no para de crecer y en 2026 puedes esperar secciones completamente nuevas<\/strong>, que incluyen maquetas detalladas de la selva tropical, un trozo de la cordillera de los Andes o el \u00e1rido desierto de Atacama. Cada detalle est\u00e1 trabajado hasta la perfecci\u00f3n absoluta y, adem\u00e1s, cada quince minutos se alternan el d\u00eda y la noche, as\u00ed que ver\u00e1s todas las peque\u00f1as ciudades preciosamente iluminadas.<\/p>\n\n\n\n<p class=\"wp-block-paragraph\">La entrada para adultos <strong>cuesta unos 25 \u20ac y la visita puede llevarte tranquilamente media jornada<\/strong> si quieres verlo todo con calma. Admirar\u00e1s aeropuertos en miniatura con aviones que despegan y aterrizan de verdad, aldeas alpinas detalladas, la Escandinavia nevada y ciudades bulliciosas llenas de figuritas con sus propias historias graciosas. Los creadores locales tienen un enorme sentido del humor, as\u00ed que si te fijas bien descubrir\u00e1s un mont\u00f3n de escenas divertidas de la vida cotidiana.<\/p>\n\n\n\n<p class=\"wp-block-paragraph\">\ud83d\udca1 Consejo: <strong>Reservar la entrada con hora por internet es absolutamente imprescindible<\/strong>, porque en temporada alta suele agotarse hasta con varias semanas de antelaci\u00f3n. Sobre la marcha simplemente no conseguir\u00e1s entradas y ser\u00eda una l\u00e1stima enorme perderte esta experiencia.<\/p>\n\n\n\n<figure data-wp-context=\"{&quot;imageId&quot;:&quot;6a952c617b50a&quot;}\" data-wp-interactive=\"core\/image\" data-wp-key=\"6a952c617b50a\" class=\"wp-block-image size-full wp-lightbox-container\"><img decoding=\"async\" width=\"1800\" height=\"1800\" data-wp-class--hide=\"state.isContentHidden\" data-wp-class--show=\"state.isContentVisible\" data-wp-init=\"callbacks.setButtonStyles\" data-wp-on--click=\"actions.showLightbox\" data-wp-on--load=\"callbacks.setButtonStyles\" data-wp-on--pointerdown=\"actions.preloadImage\" data-wp-on--pointerenter=\"actions.preloadImageWithDelay\" data-wp-on--pointerleave=\"actions.cancelPreload\" data-wp-on-window--resize=\"callbacks.setButtonStyles\" src=\"https:\/\/loudavymkrokem.cz\/wp-content\/uploads\/2026\/08\/nemecko-clanky-co-videt-v-hamburku-07.jpg\" alt=\"Edificio Elbphilharmonie sobre el puerto\" class=\"wp-image-398583\" title=\"\" srcset=\"https:\/\/loudavymkrokem.cz\/wp-content\/uploads\/2026\/08\/nemecko-clanky-co-videt-v-hamburku-07.jpg 1800w, https:\/\/loudavymkrokem.cz\/wp-content\/uploads\/2026\/08\/nemecko-clanky-co-videt-v-hamburku-07-300x300.jpg 300w, https:\/\/loudavymkrokem.cz\/wp-content\/uploads\/2026\/08\/nemecko-clanky-co-videt-v-hamburku-07-700x700.jpg 700w, https:\/\/loudavymkrokem.cz\/wp-content\/uploads\/2026\/08\/nemecko-clanky-co-videt-v-hamburku-07-150x150.jpg 150w, https:\/\/loudavymkrokem.cz\/wp-content\/uploads\/2026\/08\/nemecko-clanky-co-videt-v-hamburku-07-768x768.jpg 768w, https:\/\/loudavymkrokem.cz\/wp-content\/uploads\/2026\/08\/nemecko-clanky-co-videt-v-hamburku-07-1536x1536.jpg 1536w, https:\/\/loudavymkrokem.cz\/wp-content\/uploads\/2026\/08\/nemecko-clanky-co-videt-v-hamburku-07-696x696.jpg 696w, https:\/\/loudavymkrokem.cz\/wp-content\/uploads\/2026\/08\/nemecko-clanky-co-videt-v-hamburku-07-1392x1392.jpg 1392w\" sizes=\"(max-width: 1800px) 100vw, 1800px\" \/><button\n\t\t\tclass=\"lightbox-trigger\"\n\t\t\ttype=\"button\"\n\t\t\taria-haspopup=\"dialog\"\n\t\t\tdata-wp-bind--aria-label=\"state.thisImage.triggerButtonAriaLabel\"\n\t\t\tdata-wp-init=\"callbacks.initTriggerButton\"\n\t\t\tdata-wp-on--click=\"actions.showLightbox\"\n\t\t\tdata-wp-style--right=\"state.thisImage.buttonRight\"\n\t\t\tdata-wp-style--top=\"state.thisImage.buttonTop\"\n\t\t>\n\t\t\t<svg xmlns=\"http:\/\/www.w3.org\/2000\/svg\" width=\"12\" height=\"12\" fill=\"none\" viewBox=\"0 0 12 12\">\n\t\t\t\t<path fill=\"#fff\" d=\"M2 0a2 2 0 0 0-2 2v2h1.5V2a.5.5 0 0 1 .5-.5h2V0H2Zm2 10.5H2a.5.5 0 0 1-.5-.5V8H0v2a2 2 0 0 0 2 2h2v-1.5ZM8 12v-1.5h2a.5.5 0 0 0 .5-.5V8H12v2a2 2 0 0 1-2 2H8Zm2-12a2 2 0 0 1 2 2v2h-1.5V2a.5.5 0 0 0-.5-.5H8V0h2Z\" \/>\n\t\t\t<\/svg>\n\t\t<\/button><figcaption class=\"wp-element-caption\">Foto: Dietmar Rabich \/ Wikimedia Commons, CC BY-SA 4.0<\/figcaption><\/figure>\n\n\n\n<h3 class=\"wp-block-heading\"><span class=\"ez-toc-section\" id=\"3_Elbphilharmonie\"><\/span>3. Elbphilharmonie<span class=\"ez-toc-section-end\"><\/span><\/h3>\n\n\n\n<p class=\"wp-block-paragraph\">El ic\u00f3nico auditorio, cuya forma recuerda a velas de barco tensadas o a olas encrespadas, se ha convertido desde su inauguraci\u00f3n en el s\u00edmbolo moderno de la ciudad. <strong>La parte inferior la forma un viejo almac\u00e9n de ladrillo, sobre el que se asienta una impresionante estructura de cristal<\/strong> que refleja maravillosamente el cielo y el agua circundante y cambia de color seg\u00fan el tiempo. Desde el punto de vista arquitect\u00f3nico es una aut\u00e9ntica joya que domina todo el puerto y atrae las miradas de todos los visitantes desde lejos.<\/p>\n\n\n\n<p class=\"wp-block-paragraph\">Justo entre la parte de ladrillo y la de cristal se encuentra <strong>la llamada Plaza, una terraza panor\u00e1mica de acceso p\u00fablico con unas vistas fant\u00e1sticas de la ciudad y las gr\u00faas gigantes a lo lejos<\/strong>. Puedes rodear el edificio y observar el ajetreo del r\u00edo y las torres de las iglesias hist\u00f3ricas. Arriba te sube una escalera mec\u00e1nica curva \u00fanica de m\u00e1s de ochenta metros, que es en s\u00ed misma toda una experiencia arquitect\u00f3nica, porque por la curvatura no ves su final.<\/p>\n\n\n\n<p class=\"wp-block-paragraph\">\ud83d\udca1 Consejo: <strong>La entrada a la terraza panor\u00e1mica es gratis, pero debes reservar previamente una franja horaria<\/strong> en la web oficial. Sin una reserva v\u00e1lida no te dejan pasar a la escalera curva y tendr\u00edas que confiar en que quede hueco en taquilla.<\/p>\n\n\n\n<figure data-wp-context=\"{&quot;imageId&quot;:&quot;6a952c617b8fe&quot;}\" data-wp-interactive=\"core\/image\" data-wp-key=\"6a952c617b8fe\" class=\"wp-block-image size-full wp-lightbox-container\"><img decoding=\"async\" width=\"1800\" height=\"1350\" data-wp-class--hide=\"state.isContentHidden\" data-wp-class--show=\"state.isContentVisible\" data-wp-init=\"callbacks.setButtonStyles\" data-wp-on--click=\"actions.showLightbox\" data-wp-on--load=\"callbacks.setButtonStyles\" data-wp-on--pointerdown=\"actions.preloadImage\" data-wp-on--pointerenter=\"actions.preloadImageWithDelay\" data-wp-on--pointerleave=\"actions.cancelPreload\" data-wp-on-window--resize=\"callbacks.setButtonStyles\" src=\"https:\/\/loudavymkrokem.cz\/wp-content\/uploads\/2026\/08\/nemecko-clanky-co-videt-v-hamburku-08.jpg\" alt=\"Paseo mar\u00edtimo en HafenCity\" class=\"wp-image-398815\" title=\"\" srcset=\"https:\/\/loudavymkrokem.cz\/wp-content\/uploads\/2026\/08\/nemecko-clanky-co-videt-v-hamburku-08.jpg 1800w, https:\/\/loudavymkrokem.cz\/wp-content\/uploads\/2026\/08\/nemecko-clanky-co-videt-v-hamburku-08-300x225.jpg 300w, https:\/\/loudavymkrokem.cz\/wp-content\/uploads\/2026\/08\/nemecko-clanky-co-videt-v-hamburku-08-700x525.jpg 700w, https:\/\/loudavymkrokem.cz\/wp-content\/uploads\/2026\/08\/nemecko-clanky-co-videt-v-hamburku-08-768x576.jpg 768w, https:\/\/loudavymkrokem.cz\/wp-content\/uploads\/2026\/08\/nemecko-clanky-co-videt-v-hamburku-08-1536x1152.jpg 1536w, https:\/\/loudavymkrokem.cz\/wp-content\/uploads\/2026\/08\/nemecko-clanky-co-videt-v-hamburku-08-80x60.jpg 80w, https:\/\/loudavymkrokem.cz\/wp-content\/uploads\/2026\/08\/nemecko-clanky-co-videt-v-hamburku-08-160x120.jpg 160w, https:\/\/loudavymkrokem.cz\/wp-content\/uploads\/2026\/08\/nemecko-clanky-co-videt-v-hamburku-08-696x522.jpg 696w, https:\/\/loudavymkrokem.cz\/wp-content\/uploads\/2026\/08\/nemecko-clanky-co-videt-v-hamburku-08-1392x1044.jpg 1392w\" sizes=\"(max-width: 1800px) 100vw, 1800px\" \/><button\n\t\t\tclass=\"lightbox-trigger\"\n\t\t\ttype=\"button\"\n\t\t\taria-haspopup=\"dialog\"\n\t\t\tdata-wp-bind--aria-label=\"state.thisImage.triggerButtonAriaLabel\"\n\t\t\tdata-wp-init=\"callbacks.initTriggerButton\"\n\t\t\tdata-wp-on--click=\"actions.showLightbox\"\n\t\t\tdata-wp-style--right=\"state.thisImage.buttonRight\"\n\t\t\tdata-wp-style--top=\"state.thisImage.buttonTop\"\n\t\t>\n\t\t\t<svg xmlns=\"http:\/\/www.w3.org\/2000\/svg\" width=\"12\" height=\"12\" fill=\"none\" viewBox=\"0 0 12 12\">\n\t\t\t\t<path fill=\"#fff\" d=\"M2 0a2 2 0 0 0-2 2v2h1.5V2a.5.5 0 0 1 .5-.5h2V0H2Zm2 10.5H2a.5.5 0 0 1-.5-.5V8H0v2a2 2 0 0 0 2 2h2v-1.5ZM8 12v-1.5h2a.5.5 0 0 0 .5-.5V8H12v2a2 2 0 0 1-2 2H8Zm2-12a2 2 0 0 1 2 2v2h-1.5V2a.5.5 0 0 0-.5-.5H8V0h2Z\" \/>\n\t\t\t<\/svg>\n\t\t<\/button><figcaption class=\"wp-element-caption\">Foto: Miwa \/ Pexels<\/figcaption><\/figure>\n\n\n\n<h3 class=\"wp-block-heading\"><span class=\"ez-toc-section\" id=\"4_El_moderno_barrio_de_HafenCity\"><\/span>4. El moderno barrio de HafenCity<span class=\"ez-toc-section-end\"><\/span><\/h3>\n\n\n\n<p class=\"wp-block-paragraph\">Justo al lado de la hist\u00f3rica Speicherstadt est\u00e1 creciendo el mayor proyecto de desarrollo urbano de Europa, que est\u00e1 cambiando por completo la cara del viejo puerto. <strong>HafenCity es un escaparate de arquitectura moderna de primer nivel, donde cada edificio ha surgido de la mano de arquitectos de renombre mundial<\/strong>, y forma un contraste incre\u00edble con los almacenes de ladrillo de al lado. Encontrar\u00e1s amplios paseos junto al agua, modernos bloques residenciales, lujosas oficinas acristaladas, cafeter\u00edas con estilo y puentes futuristas que unen los distintos islotes.<\/p>\n\n\n\n<p class=\"wp-block-paragraph\">Toda esta enorme zona, <strong>incluyendo la visita a la Elbphilharmonie, la Speicherstadt y el Miniatur Wunderland, te ocupar\u00e1 sin falta un d\u00eda entero<\/strong>. Merece la pena venir aqu\u00ed con zapatos c\u00f3modos y no planear para el mismo d\u00eda grandes desplazamientos a zonas m\u00e1s lejanas de la ciudad. Es fascinante observar c\u00f3mo la ciudad ha sabido lidiar con la amenaza de las inundaciones, porque todos los edificios y paseos nuevos est\u00e1n elevados sobre plataformas especiales.<\/p>\n\n\n\n<p class=\"wp-block-paragraph\">\ud83d\udca1 Consejo: <strong>Detente en las llamadas Terrazas de Magallanes<\/strong>, una plaza escalonada que desciende justo hasta el agua. Es un sitio ideal para descansar con un vaso de buen caf\u00e9 mientras observas las barcas que pasan.<\/p>\n\n\n\n<figure data-wp-context=\"{&quot;imageId&quot;:&quot;6a952c617bccc&quot;}\" data-wp-interactive=\"core\/image\" data-wp-key=\"6a952c617bccc\" class=\"wp-block-image size-full wp-lightbox-container\"><img decoding=\"async\" width=\"1800\" height=\"1195\" data-wp-class--hide=\"state.isContentHidden\" data-wp-class--show=\"state.isContentVisible\" data-wp-init=\"callbacks.setButtonStyles\" data-wp-on--click=\"actions.showLightbox\" data-wp-on--load=\"callbacks.setButtonStyles\" data-wp-on--pointerdown=\"actions.preloadImage\" data-wp-on--pointerenter=\"actions.preloadImageWithDelay\" data-wp-on--pointerleave=\"actions.cancelPreload\" data-wp-on-window--resize=\"callbacks.setButtonStyles\" src=\"https:\/\/loudavymkrokem.cz\/wp-content\/uploads\/2026\/08\/nemecko-clanky-co-videt-v-hamburku-09.jpg\" alt=\"Museo Mar\u00edtimo Internacional de Hamburgo\" class=\"wp-image-398820\" title=\"\" srcset=\"https:\/\/loudavymkrokem.cz\/wp-content\/uploads\/2026\/08\/nemecko-clanky-co-videt-v-hamburku-09.jpg 1800w, https:\/\/loudavymkrokem.cz\/wp-content\/uploads\/2026\/08\/nemecko-clanky-co-videt-v-hamburku-09-300x199.jpg 300w, https:\/\/loudavymkrokem.cz\/wp-content\/uploads\/2026\/08\/nemecko-clanky-co-videt-v-hamburku-09-700x465.jpg 700w, https:\/\/loudavymkrokem.cz\/wp-content\/uploads\/2026\/08\/nemecko-clanky-co-videt-v-hamburku-09-768x510.jpg 768w, https:\/\/loudavymkrokem.cz\/wp-content\/uploads\/2026\/08\/nemecko-clanky-co-videt-v-hamburku-09-1536x1020.jpg 1536w, https:\/\/loudavymkrokem.cz\/wp-content\/uploads\/2026\/08\/nemecko-clanky-co-videt-v-hamburku-09-696x462.jpg 696w, https:\/\/loudavymkrokem.cz\/wp-content\/uploads\/2026\/08\/nemecko-clanky-co-videt-v-hamburku-09-1392x924.jpg 1392w\" sizes=\"(max-width: 1800px) 100vw, 1800px\" \/><button\n\t\t\tclass=\"lightbox-trigger\"\n\t\t\ttype=\"button\"\n\t\t\taria-haspopup=\"dialog\"\n\t\t\tdata-wp-bind--aria-label=\"state.thisImage.triggerButtonAriaLabel\"\n\t\t\tdata-wp-init=\"callbacks.initTriggerButton\"\n\t\t\tdata-wp-on--click=\"actions.showLightbox\"\n\t\t\tdata-wp-style--right=\"state.thisImage.buttonRight\"\n\t\t\tdata-wp-style--top=\"state.thisImage.buttonTop\"\n\t\t>\n\t\t\t<svg xmlns=\"http:\/\/www.w3.org\/2000\/svg\" width=\"12\" height=\"12\" fill=\"none\" viewBox=\"0 0 12 12\">\n\t\t\t\t<path fill=\"#fff\" d=\"M2 0a2 2 0 0 0-2 2v2h1.5V2a.5.5 0 0 1 .5-.5h2V0H2Zm2 10.5H2a.5.5 0 0 1-.5-.5V8H0v2a2 2 0 0 0 2 2h2v-1.5ZM8 12v-1.5h2a.5.5 0 0 0 .5-.5V8H12v2a2 2 0 0 1-2 2H8Zm2-12a2 2 0 0 1 2 2v2h-1.5V2a.5.5 0 0 0-.5-.5H8V0h2Z\" \/>\n\t\t\t<\/svg>\n\t\t<\/button><figcaption class=\"wp-element-caption\">Foto: Frank Schulenburg \/ Wikimedia Commons, CC BY-SA 4.0<\/figcaption><\/figure>\n\n\n\n<h3 class=\"wp-block-heading\"><span class=\"ez-toc-section\" id=\"5_International_Maritime_Museum\"><\/span>5. International Maritime Museum<span class=\"ez-toc-section-end\"><\/span><\/h3>\n\n\n\n<p class=\"wp-block-paragraph\">Si te fascinan la navegaci\u00f3n y la historia de los descubrimientos mar\u00edtimos, este museo instalado en el enorme almac\u00e9n hist\u00f3rico Kaispeicher B te atrapar\u00e1 por completo. <strong>La exposici\u00f3n se despliega en nada menos que nueve plantas y presenta miles de maquetas de barcos de gran precisi\u00f3n<\/strong>, cartas n\u00e1uticas, uniformes, h\u00e9lices de barco e instrumentos de navegaci\u00f3n hist\u00f3ricos de todo el mundo. La colecci\u00f3n es tan amplia que abarca toda la historia de la conquista humana de los oc\u00e9anos, desde la Antig\u00fcedad hasta los grandes buques portacontenedores actuales, pasando por batallas c\u00e9lebres.<\/p>\n\n\n\n<p class=\"wp-block-paragraph\">La visita est\u00e1 concebida de forma muy interactiva, as\u00ed que <strong>puedes probar un simulador de pilotaje de un barco moderno o examinar en detalle camarotes reconstruidos de transatl\u00e1nticos<\/strong>. El museo es una elecci\u00f3n excelente tambi\u00e9n para los d\u00edas de lluvia, que en el norte de Alemania hay bastantes, y entretiene sin falta a toda la familia durante horas.<\/p>\n\n\n\n<p class=\"wp-block-paragraph\">\ud83d\udca1 Consejo: <strong>Reserva al menos tres o cuatro horas para recorrer a fondo las nueve cubiertas<\/strong>. Si vas con prisa, c\u00e9ntrate sobre todo en las plantas dedicadas a la navegaci\u00f3n moderna y a los grandes veleros, que suelen ser las m\u00e1s atractivas visualmente.<\/p>\n\n\n\n<figure data-wp-context=\"{&quot;imageId&quot;:&quot;6a952c617c0af&quot;}\" data-wp-interactive=\"core\/image\" data-wp-key=\"6a952c617c0af\" class=\"wp-block-image size-full wp-lightbox-container\"><img decoding=\"async\" width=\"1800\" height=\"1200\" data-wp-class--hide=\"state.isContentHidden\" data-wp-class--show=\"state.isContentVisible\" data-wp-init=\"callbacks.setButtonStyles\" data-wp-on--click=\"actions.showLightbox\" data-wp-on--load=\"callbacks.setButtonStyles\" data-wp-on--pointerdown=\"actions.preloadImage\" data-wp-on--pointerenter=\"actions.preloadImageWithDelay\" data-wp-on--pointerleave=\"actions.cancelPreload\" data-wp-on-window--resize=\"callbacks.setButtonStyles\" src=\"https:\/\/loudavymkrokem.cz\/wp-content\/uploads\/2026\/08\/nemecko-clanky-co-videt-v-hamburku-10.jpg\" alt=\"Ferri en el Elba en Hamburgo\" class=\"wp-image-398961\" title=\"\" srcset=\"https:\/\/loudavymkrokem.cz\/wp-content\/uploads\/2026\/08\/nemecko-clanky-co-videt-v-hamburku-10.jpg 1800w, https:\/\/loudavymkrokem.cz\/wp-content\/uploads\/2026\/08\/nemecko-clanky-co-videt-v-hamburku-10-300x200.jpg 300w, https:\/\/loudavymkrokem.cz\/wp-content\/uploads\/2026\/08\/nemecko-clanky-co-videt-v-hamburku-10-700x467.jpg 700w, https:\/\/loudavymkrokem.cz\/wp-content\/uploads\/2026\/08\/nemecko-clanky-co-videt-v-hamburku-10-768x512.jpg 768w, https:\/\/loudavymkrokem.cz\/wp-content\/uploads\/2026\/08\/nemecko-clanky-co-videt-v-hamburku-10-1536x1024.jpg 1536w, https:\/\/loudavymkrokem.cz\/wp-content\/uploads\/2026\/08\/nemecko-clanky-co-videt-v-hamburku-10-696x464.jpg 696w, https:\/\/loudavymkrokem.cz\/wp-content\/uploads\/2026\/08\/nemecko-clanky-co-videt-v-hamburku-10-1392x928.jpg 1392w\" sizes=\"(max-width: 1800px) 100vw, 1800px\" \/><button\n\t\t\tclass=\"lightbox-trigger\"\n\t\t\ttype=\"button\"\n\t\t\taria-haspopup=\"dialog\"\n\t\t\tdata-wp-bind--aria-label=\"state.thisImage.triggerButtonAriaLabel\"\n\t\t\tdata-wp-init=\"callbacks.initTriggerButton\"\n\t\t\tdata-wp-on--click=\"actions.showLightbox\"\n\t\t\tdata-wp-style--right=\"state.thisImage.buttonRight\"\n\t\t\tdata-wp-style--top=\"state.thisImage.buttonTop\"\n\t\t>\n\t\t\t<svg xmlns=\"http:\/\/www.w3.org\/2000\/svg\" width=\"12\" height=\"12\" fill=\"none\" viewBox=\"0 0 12 12\">\n\t\t\t\t<path fill=\"#fff\" d=\"M2 0a2 2 0 0 0-2 2v2h1.5V2a.5.5 0 0 1 .5-.5h2V0H2Zm2 10.5H2a.5.5 0 0 1-.5-.5V8H0v2a2 2 0 0 0 2 2h2v-1.5ZM8 12v-1.5h2a.5.5 0 0 0 .5-.5V8H12v2a2 2 0 0 1-2 2H8Zm2-12a2 2 0 0 1 2 2v2h-1.5V2a.5.5 0 0 0-.5-.5H8V0h2Z\" \/>\n\t\t\t<\/svg>\n\t\t<\/button><figcaption class=\"wp-element-caption\">Foto: Dietmar Rabich \/ Wikimedia Commons, CC BY-SA 4.0<\/figcaption><\/figure>\n\n\n\n<h3 class=\"wp-block-heading\"><span class=\"ez-toc-section\" id=\"6_El_ferri_linea_62_como_paseo_panoramico\"><\/span>6. El ferri l\u00ednea 62 como paseo panor\u00e1mico<span class=\"ez-toc-section-end\"><\/span><\/h3>\n\n\n\n<p class=\"wp-block-paragraph\">Vivir la ciudad desde el agua es una obligaci\u00f3n absoluta, pero para eso no tienes por qu\u00e9 comprar caros billetes de barcos tur\u00edsticos comerciales. <strong>El mejor truco secreto es usar el ferri amarillo normal, con el n\u00famero 62<\/strong>, que funciona como parte del transporte p\u00fablico urbano y sirve el billete diario est\u00e1ndar. El transbordador zarpa del embarcadero principal de Landungsbr\u00fccken y se dirige hacia la isla de Finkenwerder, y la traves\u00eda en un sentido dura unos treinta minutos.<\/p>\n\n\n\n<p class=\"wp-block-paragraph\">Esta ruta <strong>te lleva junto a las mayores se\u00f1as de identidad del puerto, el famoso mercado de pescado y los enormes astilleros<\/strong>, as\u00ed que te haces una idea fant\u00e1stica del descomunal tama\u00f1o de todo el puerto. Es sin duda la mejor relaci\u00f3n precio-experiencia que puedes conseguir en la ciudad y, por el camino, ver\u00e1s tambi\u00e9n los enormes diques donde se reparan los barcos m\u00e1s grandes del mundo.<\/p>\n\n\n\n<p class=\"wp-block-paragraph\">\ud83d\udca1 Consejo: <strong>Intenta pillar sitio en la cubierta superior abierta, justo junto a la barandilla<\/strong>, desde donde salen las mejores fotos. La vuelta puedes hacerla en el mismo barco o darte un paseo por la playa de arena Elbstrand, en la parada de Neum\u00fchlen.<\/p>\n\n\n\n<figure data-wp-context=\"{&quot;imageId&quot;:&quot;6a952c617c570&quot;}\" data-wp-interactive=\"core\/image\" data-wp-key=\"6a952c617c570\" class=\"wp-block-image size-full wp-lightbox-container\"><img decoding=\"async\" width=\"1800\" height=\"1193\" data-wp-class--hide=\"state.isContentHidden\" data-wp-class--show=\"state.isContentVisible\" data-wp-init=\"callbacks.setButtonStyles\" data-wp-on--click=\"actions.showLightbox\" data-wp-on--load=\"callbacks.setButtonStyles\" data-wp-on--pointerdown=\"actions.preloadImage\" data-wp-on--pointerenter=\"actions.preloadImageWithDelay\" data-wp-on--pointerleave=\"actions.cancelPreload\" data-wp-on-window--resize=\"callbacks.setButtonStyles\" src=\"https:\/\/loudavymkrokem.cz\/wp-content\/uploads\/2026\/08\/nemecko-clanky-co-videt-v-hamburku-11.jpg\" alt=\"Fischmarkt dominical en Hamburgo\" class=\"wp-image-398967\" title=\"\" srcset=\"https:\/\/loudavymkrokem.cz\/wp-content\/uploads\/2026\/08\/nemecko-clanky-co-videt-v-hamburku-11.jpg 1800w, https:\/\/loudavymkrokem.cz\/wp-content\/uploads\/2026\/08\/nemecko-clanky-co-videt-v-hamburku-11-300x199.jpg 300w, https:\/\/loudavymkrokem.cz\/wp-content\/uploads\/2026\/08\/nemecko-clanky-co-videt-v-hamburku-11-700x464.jpg 700w, https:\/\/loudavymkrokem.cz\/wp-content\/uploads\/2026\/08\/nemecko-clanky-co-videt-v-hamburku-11-768x509.jpg 768w, https:\/\/loudavymkrokem.cz\/wp-content\/uploads\/2026\/08\/nemecko-clanky-co-videt-v-hamburku-11-1536x1018.jpg 1536w, https:\/\/loudavymkrokem.cz\/wp-content\/uploads\/2026\/08\/nemecko-clanky-co-videt-v-hamburku-11-696x461.jpg 696w, https:\/\/loudavymkrokem.cz\/wp-content\/uploads\/2026\/08\/nemecko-clanky-co-videt-v-hamburku-11-1392x923.jpg 1392w\" sizes=\"(max-width: 1800px) 100vw, 1800px\" \/><button\n\t\t\tclass=\"lightbox-trigger\"\n\t\t\ttype=\"button\"\n\t\t\taria-haspopup=\"dialog\"\n\t\t\tdata-wp-bind--aria-label=\"state.thisImage.triggerButtonAriaLabel\"\n\t\t\tdata-wp-init=\"callbacks.initTriggerButton\"\n\t\t\tdata-wp-on--click=\"actions.showLightbox\"\n\t\t\tdata-wp-style--right=\"state.thisImage.buttonRight\"\n\t\t\tdata-wp-style--top=\"state.thisImage.buttonTop\"\n\t\t>\n\t\t\t<svg xmlns=\"http:\/\/www.w3.org\/2000\/svg\" width=\"12\" height=\"12\" fill=\"none\" viewBox=\"0 0 12 12\">\n\t\t\t\t<path fill=\"#fff\" d=\"M2 0a2 2 0 0 0-2 2v2h1.5V2a.5.5 0 0 1 .5-.5h2V0H2Zm2 10.5H2a.5.5 0 0 1-.5-.5V8H0v2a2 2 0 0 0 2 2h2v-1.5ZM8 12v-1.5h2a.5.5 0 0 0 .5-.5V8H12v2a2 2 0 0 1-2 2H8Zm2-12a2 2 0 0 1 2 2v2h-1.5V2a.5.5 0 0 0-.5-.5H8V0h2Z\" \/>\n\t\t\t<\/svg>\n\t\t<\/button><figcaption class=\"wp-element-caption\">Foto: Darya Sannikova \/ Pexels<\/figcaption><\/figure>\n\n\n\n<h3 class=\"wp-block-heading\"><span class=\"ez-toc-section\" id=\"7_El_Fischmarkt_de_los_domingos\"><\/span>7. El Fischmarkt de los domingos<span class=\"ez-toc-section-end\"><\/span><\/h3>\n\n\n\n<p class=\"wp-block-paragraph\">Si te gusta madrugar el fin de semana, no puedes perderte el legendario mercado dominical del barrio de Altona, que se celebra justo junto al r\u00edo y tiene una tradici\u00f3n que se remonta al siglo XVIII. <strong>El Altonaer Fischmarkt cobra vida al amanecer y ofrece un espect\u00e1culo incre\u00edblemente bullicioso<\/strong>, en el que los vendedores, con el t\u00edpico humor del norte de Alemania, pregonan a gritos su mercanc\u00eda y regatean con los visitantes desde las cajas de los camiones. Aqu\u00ed no encontrar\u00e1s ni mucho menos solo pescado: el mercado est\u00e1 lleno de puestos de fruta fresca, enormes ramos de flores, ropa y todo tipo de delicias locales.<\/p>\n\n\n\n<p class=\"wp-block-paragraph\">Los habitantes de la ciudad, tras una noche de juerga en la Reeperbahn, <strong>suelen venir aqu\u00ed a por el tradicional bocadillo de pescado llamado Fischbr\u00f6tchen<\/strong>, un cl\u00e1sico irrenunciable de Hamburgo que acompa\u00f1an con un caf\u00e9 caliente. Aunque no seas de pescado y prefieras una dieta vegetal, el ambiente de la hist\u00f3rica nave de subastas, con m\u00fasica en directo por la ma\u00f1ana y gente bailando, merece por s\u00ed solo el madrug\u00f3n.<\/p>\n\n\n\n<p class=\"wp-block-paragraph\">\ud83d\udca1 Consejo: <strong>El mercado termina bastante pronto, los puestos suelen empezar a recoger hacia las nueve y media de la ma\u00f1ana<\/strong>, as\u00ed que no olvides poner el despertador. Lo mejor es combinar la visita al mercado con un largo paseo matinal por el paseo mar\u00edtimo.<\/p>\n\n\n\n<figure data-wp-context=\"{&quot;imageId&quot;:&quot;6a952c617cb87&quot;}\" data-wp-interactive=\"core\/image\" data-wp-key=\"6a952c617cb87\" class=\"wp-block-image size-full wp-lightbox-container\"><img decoding=\"async\" width=\"1800\" height=\"1350\" data-wp-class--hide=\"state.isContentHidden\" data-wp-class--show=\"state.isContentVisible\" data-wp-init=\"callbacks.setButtonStyles\" data-wp-on--click=\"actions.showLightbox\" data-wp-on--load=\"callbacks.setButtonStyles\" data-wp-on--pointerdown=\"actions.preloadImage\" data-wp-on--pointerenter=\"actions.preloadImageWithDelay\" data-wp-on--pointerleave=\"actions.cancelPreload\" data-wp-on-window--resize=\"callbacks.setButtonStyles\" src=\"https:\/\/loudavymkrokem.cz\/wp-content\/uploads\/2026\/08\/nemecko-clanky-co-videt-v-hamburku-12.jpg\" alt=\"Reeperbahn en el barrio de St. Pauli\" class=\"wp-image-398969\" title=\"\" srcset=\"https:\/\/loudavymkrokem.cz\/wp-content\/uploads\/2026\/08\/nemecko-clanky-co-videt-v-hamburku-12.jpg 1800w, https:\/\/loudavymkrokem.cz\/wp-content\/uploads\/2026\/08\/nemecko-clanky-co-videt-v-hamburku-12-300x225.jpg 300w, https:\/\/loudavymkrokem.cz\/wp-content\/uploads\/2026\/08\/nemecko-clanky-co-videt-v-hamburku-12-700x525.jpg 700w, https:\/\/loudavymkrokem.cz\/wp-content\/uploads\/2026\/08\/nemecko-clanky-co-videt-v-hamburku-12-768x576.jpg 768w, https:\/\/loudavymkrokem.cz\/wp-content\/uploads\/2026\/08\/nemecko-clanky-co-videt-v-hamburku-12-1536x1152.jpg 1536w, https:\/\/loudavymkrokem.cz\/wp-content\/uploads\/2026\/08\/nemecko-clanky-co-videt-v-hamburku-12-80x60.jpg 80w, https:\/\/loudavymkrokem.cz\/wp-content\/uploads\/2026\/08\/nemecko-clanky-co-videt-v-hamburku-12-160x120.jpg 160w, https:\/\/loudavymkrokem.cz\/wp-content\/uploads\/2026\/08\/nemecko-clanky-co-videt-v-hamburku-12-696x522.jpg 696w, https:\/\/loudavymkrokem.cz\/wp-content\/uploads\/2026\/08\/nemecko-clanky-co-videt-v-hamburku-12-1392x1044.jpg 1392w\" sizes=\"(max-width: 1800px) 100vw, 1800px\" \/><button\n\t\t\tclass=\"lightbox-trigger\"\n\t\t\ttype=\"button\"\n\t\t\taria-haspopup=\"dialog\"\n\t\t\tdata-wp-bind--aria-label=\"state.thisImage.triggerButtonAriaLabel\"\n\t\t\tdata-wp-init=\"callbacks.initTriggerButton\"\n\t\t\tdata-wp-on--click=\"actions.showLightbox\"\n\t\t\tdata-wp-style--right=\"state.thisImage.buttonRight\"\n\t\t\tdata-wp-style--top=\"state.thisImage.buttonTop\"\n\t\t>\n\t\t\t<svg xmlns=\"http:\/\/www.w3.org\/2000\/svg\" width=\"12\" height=\"12\" fill=\"none\" viewBox=\"0 0 12 12\">\n\t\t\t\t<path fill=\"#fff\" d=\"M2 0a2 2 0 0 0-2 2v2h1.5V2a.5.5 0 0 1 .5-.5h2V0H2Zm2 10.5H2a.5.5 0 0 1-.5-.5V8H0v2a2 2 0 0 0 2 2h2v-1.5ZM8 12v-1.5h2a.5.5 0 0 0 .5-.5V8H12v2a2 2 0 0 1-2 2H8Zm2-12a2 2 0 0 1 2 2v2h-1.5V2a.5.5 0 0 0-.5-.5H8V0h2Z\" \/>\n\t\t\t<\/svg>\n\t\t<\/button><figcaption class=\"wp-element-caption\">Foto: Wusel007 \/ Wikimedia Commons, CC BY-SA 3.0<\/figcaption><\/figure>\n\n\n\n<h3 class=\"wp-block-heading\"><span class=\"ez-toc-section\" id=\"8_Reeperbahn_y_St_Pauli\"><\/span>8. Reeperbahn y St. Pauli<span class=\"ez-toc-section-end\"><\/span><\/h3>\n\n\n\n<p class=\"wp-block-paragraph\">El barrio de ocio m\u00e1s famoso de toda Alemania cobra vida al ponerse el sol y sus coloridos r\u00f3tulos de ne\u00f3n brillan a lo lejos. <strong>La arteria principal, la Reeperbahn, y las callejuelas de alrededor del barrio de St. Pauli forman el vibrante centro de la vida nocturna<\/strong>, donde encontrar\u00e1s cientos de bares, clubes de m\u00fasica, teatros y cabar\u00e9s ic\u00f3nicos. Es un lugar de ambiente m\u00e1s recio, pero muy aut\u00e9ntico, que forma parte inseparable de esta ciudad portuaria desde hace d\u00e9cadas.<\/p>\n\n\n\n<p class=\"wp-block-paragraph\">Precisamente en los peque\u00f1os clubes locales <strong>arrancaron su estelar carrera a comienzos de los a\u00f1os sesenta los legendarios Beatles<\/strong>, algo que hoy recuerda la plaza especial Beatles-Platz, con forma de disco de vinilo gigante. Aunque el barrio tiene una fama algo salvaje, es bastante seguro; solo debes prepararte para una enorme concentraci\u00f3n de gente y un ambiente m\u00e1s ruidoso.<\/p>\n\n\n\n<p class=\"wp-block-paragraph\">\ud83d\udca1 Consejo: <strong>Ven al atardecer a cenar de maravilla en alguno de los muchos restaurantes de moda<\/strong> y luego simplemente pasea por las calles iluminadas. Basta con empaparte del ambiente tan particular de la zona y tomar una copa en alguno de los bares m\u00e1s tranquilos de al lado.<\/p>\n\n\n\n<figure data-wp-context=\"{&quot;imageId&quot;:&quot;6a952c617cf59&quot;}\" data-wp-interactive=\"core\/image\" data-wp-key=\"6a952c617cf59\" class=\"wp-block-image size-full wp-lightbox-container\"><img decoding=\"async\" width=\"1800\" height=\"1200\" data-wp-class--hide=\"state.isContentHidden\" data-wp-class--show=\"state.isContentVisible\" data-wp-init=\"callbacks.setButtonStyles\" data-wp-on--click=\"actions.showLightbox\" data-wp-on--load=\"callbacks.setButtonStyles\" data-wp-on--pointerdown=\"actions.preloadImage\" data-wp-on--pointerenter=\"actions.preloadImageWithDelay\" data-wp-on--pointerleave=\"actions.cancelPreload\" data-wp-on-window--resize=\"callbacks.setButtonStyles\" src=\"https:\/\/loudavymkrokem.cz\/wp-content\/uploads\/2026\/08\/nemecko-clanky-co-videt-v-hamburku-13.jpg\" alt=\"Parque Planten un Blomen\" class=\"wp-image-398973\" title=\"\" srcset=\"https:\/\/loudavymkrokem.cz\/wp-content\/uploads\/2026\/08\/nemecko-clanky-co-videt-v-hamburku-13.jpg 1800w, https:\/\/loudavymkrokem.cz\/wp-content\/uploads\/2026\/08\/nemecko-clanky-co-videt-v-hamburku-13-300x200.jpg 300w, https:\/\/loudavymkrokem.cz\/wp-content\/uploads\/2026\/08\/nemecko-clanky-co-videt-v-hamburku-13-700x467.jpg 700w, https:\/\/loudavymkrokem.cz\/wp-content\/uploads\/2026\/08\/nemecko-clanky-co-videt-v-hamburku-13-768x512.jpg 768w, https:\/\/loudavymkrokem.cz\/wp-content\/uploads\/2026\/08\/nemecko-clanky-co-videt-v-hamburku-13-1536x1024.jpg 1536w, https:\/\/loudavymkrokem.cz\/wp-content\/uploads\/2026\/08\/nemecko-clanky-co-videt-v-hamburku-13-696x464.jpg 696w, https:\/\/loudavymkrokem.cz\/wp-content\/uploads\/2026\/08\/nemecko-clanky-co-videt-v-hamburku-13-1392x928.jpg 1392w\" sizes=\"(max-width: 1800px) 100vw, 1800px\" \/><button\n\t\t\tclass=\"lightbox-trigger\"\n\t\t\ttype=\"button\"\n\t\t\taria-haspopup=\"dialog\"\n\t\t\tdata-wp-bind--aria-label=\"state.thisImage.triggerButtonAriaLabel\"\n\t\t\tdata-wp-init=\"callbacks.initTriggerButton\"\n\t\t\tdata-wp-on--click=\"actions.showLightbox\"\n\t\t\tdata-wp-style--right=\"state.thisImage.buttonRight\"\n\t\t\tdata-wp-style--top=\"state.thisImage.buttonTop\"\n\t\t>\n\t\t\t<svg xmlns=\"http:\/\/www.w3.org\/2000\/svg\" width=\"12\" height=\"12\" fill=\"none\" viewBox=\"0 0 12 12\">\n\t\t\t\t<path fill=\"#fff\" d=\"M2 0a2 2 0 0 0-2 2v2h1.5V2a.5.5 0 0 1 .5-.5h2V0H2Zm2 10.5H2a.5.5 0 0 1-.5-.5V8H0v2a2 2 0 0 0 2 2h2v-1.5ZM8 12v-1.5h2a.5.5 0 0 0 .5-.5V8H12v2a2 2 0 0 1-2 2H8Zm2-12a2 2 0 0 1 2 2v2h-1.5V2a.5.5 0 0 0-.5-.5H8V0h2Z\" \/>\n\t\t\t<\/svg>\n\t\t<\/button><figcaption class=\"wp-element-caption\">Foto: Dirtsc \/ Wikimedia Commons, CC BY-SA 4.0<\/figcaption><\/figure>\n\n\n\n<h3 class=\"wp-block-heading\"><span class=\"ez-toc-section\" id=\"9_Parque_Planten_un_Blomen\"><\/span>9. Parque Planten un Blomen<span class=\"ez-toc-section-end\"><\/span><\/h3>\n\n\n\n<p class=\"wp-block-paragraph\">En pleno coraz\u00f3n de la bulliciosa ciudad se extiende un amplio oasis verde que ofrece la escapada perfecta del ruido del tr\u00e1fico y de las multitudes de turistas. <strong>El parque Planten un Blomen es un complejo cuidadosamente mantenido de preciosos jardines tem\u00e1ticos<\/strong>, donde encontrar\u00e1s el mayor jard\u00edn japon\u00e9s de Europa, rom\u00e1nticos estanques llenos de nen\u00fafares, un rosaleda e incluso un invernadero tropical. Adem\u00e1s de paseos interminables, aqu\u00ed puedes jugar al minigolf, al ajedrez gigante o, en verano, patinar sobre ruedas en una gran pista.<\/p>\n\n\n\n<p class=\"wp-block-paragraph\">Mientras que en invierno una parte del parque se transforma en una m\u00e1gica y muy popular pista de hielo, en verano las multitudes llegan atra\u00eddas por <strong>los conciertos nocturnos de agua y luz, totalmente gratuitos para todos los visitantes<\/strong>. Las fuentes bailan al ritmo de m\u00fasica cl\u00e1sica y moderna, mientras luces de colores crean una preciosa coreograf\u00eda proyectada directamente sobre una cortina de agua.<\/p>\n\n\n\n<p class=\"wp-block-paragraph\">\ud83d\udca1 Consejo: <strong>Antes del espect\u00e1culo nocturno de fuentes no olvides traer tu propia manta y algo rico para beber<\/strong>, porque los bancos se ocupan muy r\u00e1pido. El ambiente de p\u00edcnic veraniego sobre la hierba al atardecer es aqu\u00ed absolutamente m\u00e1gico.<\/p>\n\n\n\n<figure data-wp-context=\"{&quot;imageId&quot;:&quot;6a952c617d30d&quot;}\" data-wp-interactive=\"core\/image\" data-wp-key=\"6a952c617d30d\" class=\"wp-block-image size-full wp-lightbox-container\"><img decoding=\"async\" width=\"1800\" height=\"1350\" data-wp-class--hide=\"state.isContentHidden\" data-wp-class--show=\"state.isContentVisible\" data-wp-init=\"callbacks.setButtonStyles\" data-wp-on--click=\"actions.showLightbox\" data-wp-on--load=\"callbacks.setButtonStyles\" data-wp-on--pointerdown=\"actions.preloadImage\" data-wp-on--pointerenter=\"actions.preloadImageWithDelay\" data-wp-on--pointerleave=\"actions.cancelPreload\" data-wp-on-window--resize=\"callbacks.setButtonStyles\" src=\"https:\/\/loudavymkrokem.cz\/wp-content\/uploads\/2026\/08\/nemecko-clanky-co-videt-v-hamburku-14.jpg\" alt=\"Ayuntamiento de Hamburgo, el Rathaus\" class=\"wp-image-398978\" title=\"\" srcset=\"https:\/\/loudavymkrokem.cz\/wp-content\/uploads\/2026\/08\/nemecko-clanky-co-videt-v-hamburku-14.jpg 1800w, https:\/\/loudavymkrokem.cz\/wp-content\/uploads\/2026\/08\/nemecko-clanky-co-videt-v-hamburku-14-300x225.jpg 300w, https:\/\/loudavymkrokem.cz\/wp-content\/uploads\/2026\/08\/nemecko-clanky-co-videt-v-hamburku-14-700x525.jpg 700w, https:\/\/loudavymkrokem.cz\/wp-content\/uploads\/2026\/08\/nemecko-clanky-co-videt-v-hamburku-14-768x576.jpg 768w, https:\/\/loudavymkrokem.cz\/wp-content\/uploads\/2026\/08\/nemecko-clanky-co-videt-v-hamburku-14-1536x1152.jpg 1536w, https:\/\/loudavymkrokem.cz\/wp-content\/uploads\/2026\/08\/nemecko-clanky-co-videt-v-hamburku-14-80x60.jpg 80w, https:\/\/loudavymkrokem.cz\/wp-content\/uploads\/2026\/08\/nemecko-clanky-co-videt-v-hamburku-14-160x120.jpg 160w, https:\/\/loudavymkrokem.cz\/wp-content\/uploads\/2026\/08\/nemecko-clanky-co-videt-v-hamburku-14-696x522.jpg 696w, https:\/\/loudavymkrokem.cz\/wp-content\/uploads\/2026\/08\/nemecko-clanky-co-videt-v-hamburku-14-1392x1044.jpg 1392w\" sizes=\"(max-width: 1800px) 100vw, 1800px\" \/><button\n\t\t\tclass=\"lightbox-trigger\"\n\t\t\ttype=\"button\"\n\t\t\taria-haspopup=\"dialog\"\n\t\t\tdata-wp-bind--aria-label=\"state.thisImage.triggerButtonAriaLabel\"\n\t\t\tdata-wp-init=\"callbacks.initTriggerButton\"\n\t\t\tdata-wp-on--click=\"actions.showLightbox\"\n\t\t\tdata-wp-style--right=\"state.thisImage.buttonRight\"\n\t\t\tdata-wp-style--top=\"state.thisImage.buttonTop\"\n\t\t>\n\t\t\t<svg xmlns=\"http:\/\/www.w3.org\/2000\/svg\" width=\"12\" height=\"12\" fill=\"none\" viewBox=\"0 0 12 12\">\n\t\t\t\t<path fill=\"#fff\" d=\"M2 0a2 2 0 0 0-2 2v2h1.5V2a.5.5 0 0 1 .5-.5h2V0H2Zm2 10.5H2a.5.5 0 0 1-.5-.5V8H0v2a2 2 0 0 0 2 2h2v-1.5ZM8 12v-1.5h2a.5.5 0 0 0 .5-.5V8H12v2a2 2 0 0 1-2 2H8Zm2-12a2 2 0 0 1 2 2v2h-1.5V2a.5.5 0 0 0-.5-.5H8V0h2Z\" \/>\n\t\t\t<\/svg>\n\t\t<\/button><figcaption class=\"wp-element-caption\">Foto: Dietmar Rabich \/ Wikimedia Commons, CC BY-SA 4.0<\/figcaption><\/figure>\n\n\n\n<h3 class=\"wp-block-heading\"><span class=\"ez-toc-section\" id=\"10_El_ayuntamiento_Rathaus\"><\/span>10. El ayuntamiento (Rathaus)<span class=\"ez-toc-section-end\"><\/span><\/h3>\n\n\n\n<p class=\"wp-block-paragraph\">En la plaza principal se alza el imponente edificio neorrenacentista del ayuntamiento, que enseguida se cuela entre los monumentos m\u00e1s fotografiados de tu viaje. <strong>El Rathaus presume de nada menos que 647 salas, m\u00e1s que el palacio de Buckingham de Londres, por cierto<\/strong>, y su fachada de arenisca ricamente decorada quita el aliento. El edificio se asienta sobre miles de pilotes de roble hincados en lo profundo del subsuelo cenagoso para que no se hunda en la tierra blanda, algo muy t\u00edpico del Hamburgo hist\u00f3rico.<\/p>\n\n\n\n<p class=\"wp-block-paragraph\">Si te gustan la historia y la arquitectura ostentosa, <strong>te recomiendo apuntarte a la visita guiada de las impresionantes salas interiores<\/strong>, llenas de l\u00e1mparas doradas, complejos tapices de cuero y valiosos cuadros. Pero incluso sin entrada puedes pasear libremente por el precioso patio interior con la fuente de la diosa Hig\u00eda, que por su decoraci\u00f3n parece m\u00e1s un jard\u00edn de un palacio italiano.<\/p>\n\n\n\n<p class=\"wp-block-paragraph\">\ud83d\udca1 Consejo: <strong>Justo delante del ayuntamiento confluyen las principales calles comerciales y elegantes paseos<\/strong>, as\u00ed que es el punto de partida ideal para explorar a pie el centro hist\u00f3rico y comprar peque\u00f1os recuerdos.<\/p>\n\n\n\n<figure data-wp-context=\"{&quot;imageId&quot;:&quot;6a952c617d766&quot;}\" data-wp-interactive=\"core\/image\" data-wp-key=\"6a952c617d766\" class=\"wp-block-image size-full wp-lightbox-container\"><img decoding=\"async\" width=\"1800\" height=\"1012\" data-wp-class--hide=\"state.isContentHidden\" data-wp-class--show=\"state.isContentVisible\" data-wp-init=\"callbacks.setButtonStyles\" data-wp-on--click=\"actions.showLightbox\" data-wp-on--load=\"callbacks.setButtonStyles\" data-wp-on--pointerdown=\"actions.preloadImage\" data-wp-on--pointerenter=\"actions.preloadImageWithDelay\" data-wp-on--pointerleave=\"actions.cancelPreload\" data-wp-on-window--resize=\"callbacks.setButtonStyles\" src=\"https:\/\/loudavymkrokem.cz\/wp-content\/uploads\/2026\/08\/nemecko-clanky-co-videt-v-hamburku-15.jpg\" alt=\"Barcas en el lago Alster\" class=\"wp-image-398983\" title=\"\" srcset=\"https:\/\/loudavymkrokem.cz\/wp-content\/uploads\/2026\/08\/nemecko-clanky-co-videt-v-hamburku-15.jpg 1800w, https:\/\/loudavymkrokem.cz\/wp-content\/uploads\/2026\/08\/nemecko-clanky-co-videt-v-hamburku-15-300x169.jpg 300w, https:\/\/loudavymkrokem.cz\/wp-content\/uploads\/2026\/08\/nemecko-clanky-co-videt-v-hamburku-15-700x394.jpg 700w, https:\/\/loudavymkrokem.cz\/wp-content\/uploads\/2026\/08\/nemecko-clanky-co-videt-v-hamburku-15-768x432.jpg 768w, https:\/\/loudavymkrokem.cz\/wp-content\/uploads\/2026\/08\/nemecko-clanky-co-videt-v-hamburku-15-1536x864.jpg 1536w, https:\/\/loudavymkrokem.cz\/wp-content\/uploads\/2026\/08\/nemecko-clanky-co-videt-v-hamburku-15-696x391.jpg 696w, https:\/\/loudavymkrokem.cz\/wp-content\/uploads\/2026\/08\/nemecko-clanky-co-videt-v-hamburku-15-1392x783.jpg 1392w\" sizes=\"(max-width: 1800px) 100vw, 1800px\" \/><button\n\t\t\tclass=\"lightbox-trigger\"\n\t\t\ttype=\"button\"\n\t\t\taria-haspopup=\"dialog\"\n\t\t\tdata-wp-bind--aria-label=\"state.thisImage.triggerButtonAriaLabel\"\n\t\t\tdata-wp-init=\"callbacks.initTriggerButton\"\n\t\t\tdata-wp-on--click=\"actions.showLightbox\"\n\t\t\tdata-wp-style--right=\"state.thisImage.buttonRight\"\n\t\t\tdata-wp-style--top=\"state.thisImage.buttonTop\"\n\t\t>\n\t\t\t<svg xmlns=\"http:\/\/www.w3.org\/2000\/svg\" width=\"12\" height=\"12\" fill=\"none\" viewBox=\"0 0 12 12\">\n\t\t\t\t<path fill=\"#fff\" d=\"M2 0a2 2 0 0 0-2 2v2h1.5V2a.5.5 0 0 1 .5-.5h2V0H2Zm2 10.5H2a.5.5 0 0 1-.5-.5V8H0v2a2 2 0 0 0 2 2h2v-1.5ZM8 12v-1.5h2a.5.5 0 0 0 .5-.5V8H12v2a2 2 0 0 1-2 2H8Zm2-12a2 2 0 0 1 2 2v2h-1.5V2a.5.5 0 0 0-.5-.5H8V0h2Z\" \/>\n\t\t\t<\/svg>\n\t\t<\/button><figcaption class=\"wp-element-caption\">Foto: Wolfgang Weiser \/ Pexels<\/figcaption><\/figure>\n\n\n\n<!-- LKM_GYG_CARD start q=\"hamburku\" lang=\"es\" rendered=\"2026-08-31T01:13:16+00:00\" v=\"1\" -->\n\n<!-- LKM_GYG_CARD end -->\n\n\n\n\n<div class=\"lk-stays-module\">\n<style>\n\/* \u2500\u2500\u2500 RESET PRO GUTENBERG \u2500\u2500\u2500 *\/\n.lk-stays-module * { box-sizing: border-box; margin: 0; padding: 0; }\n\n\/* \u2500\u2500\u2500 WRAPPER \u2500\u2500\u2500 *\/\n.lk-stays-module {\n  font-family: 'DM Sans', Georgia, sans-serif;\n  max-width: 100%;\n  margin: 2.5rem auto;\n  background: linear-gradient(135deg, #fdfaf5 0%, #fcf8f0 100%);\n  border: 1px solid #e8dfd4;\n  border-radius: 16px;\n  overflow: hidden;\n  box-shadow: 0 16px 48px rgba(195, 159, 118, 0.25), 0 4px 12px rgba(0,0,0,0.08);\n}\n\n\/* \u2500\u2500\u2500 HEADER \u2500\u2500\u2500 *\/\n.lk-stays-header {\n  position: relative;\n  padding: 24px 36px 24px;\n  background: linear-gradient(135deg, #c39f76 0%, #d4b188 60%, #c39f76 100%);\n  border-bottom: 1px solid rgba(255,255,255,.15);\n  display: flex;\n  align-items: center;\n  gap: 18px;\n}\n.lk-stays-header::before {\n  content: '';\n  position: absolute;\n  inset: 0;\n  background: url(\"data:image\/svg+xml,%3Csvg width='60' height='60' viewBox='0 0 60 60' xmlns='http:\/\/www.w3.org\/2000\/svg'%3E%3Cg fill='none' fill-rule='evenodd'%3E%3Cg fill='%23ffffff' fill-opacity='0.05'%3E%3Cpath d='M36 34v-4h-2v4h-4v2h4v4h2v-4h4v-2h-4zm0-30V0h-2v4h-4v2h4v4h2V6h4V4h-4zM6 34v-4H4v4H0v2h4v4h2v-4h4v-2H6zM6 4V0H4v4H0v2h4v4h2V6h4V4H6z'\/%3E%3C\/g%3E%3C\/g%3E%3C\/svg%3E\") repeat;\n  pointer-events: none;\n}\n.lk-stays-icon {\n  flex-shrink: 0;\n  width: 68px;\n  height: 68px;\n  border-radius: 14px;\n  background: linear-gradient(135deg, #fff 0%, #f9f6f0 100%);\n  display: flex;\n  align-items: center;\n  justify-content: center;\n  font-size: 26px;\n  box-shadow: 0 4px 12px rgba(0,0,0,0.15);\n}\n.lk-stays-eyebrow {\n  font-size: 10px;\n  font-weight: 500;\n  letter-spacing: 2.5px;\n  text-transform: uppercase;\n  color: rgba(255,255,255,.85);\n  margin: 0 0 5px 0;\n}\n.lk-stays-title {\n  font-family: 'Playfair Display', Georgia, serif;\n  font-size: 24px;\n  font-weight: 700;\n  color: #fff;\n  line-height: 1.2;\n  text-shadow: 0 1px 2px rgba(0,0,0,0.1);\n  margin: 0;\n}\n.lk-stays-subtitle {\n  font-size: 13px;\n  color: rgba(255,255,255,.75);\n  margin: 4px 0 0 0;\n  font-weight: 300;\n}\n\n\/* \u2500\u2500\u2500 CARDS GRID \u2500\u2500\u2500 *\/\n.lk-stays-grid {\n  display: grid;\n  grid-template-columns: 1fr 1fr;\n  gap: 1px;\n  background: rgba(195, 159, 118, 0.12);\n}\n\n\/* \u2500\u2500\u2500 SINGLE CARD \u2500\u2500\u2500 *\/\n.lk-stay-card {\n  background: #ffffff;\n  padding: 26px;\n  display: flex;\n  flex-direction: column;\n  gap: 11px;\n  transition: all 0.3s ease;\n  text-decoration: none;\n  color: inherit;\n  position: relative;\n}\n.lk-stay-card:hover {\n  background: #fffbf5;\n  transform: translateY(-2px);\n  box-shadow: 0 8px 24px rgba(195, 159, 118, 0.18);\n  z-index: 1;\n}\n.lk-stay-card.featured {\n  background: linear-gradient(135deg, #fffdf9 0%, #fff9f0 100%);\n  box-shadow: 0 4px 16px rgba(195, 159, 118, 0.15), inset 0 1px 0 rgba(195, 159, 118, 0.1);\n}\n.lk-stay-card.featured:hover {\n  background: linear-gradient(135deg, #fffbf5 0%, #fff8ed 100%);\n  box-shadow: 0 8px 24px rgba(195, 159, 118, 0.25), inset 0 1px 0 rgba(195, 159, 118, 0.15);\n}\n\n.lk-stay-badge {\n  display: inline-flex;\n  align-items: center;\n  gap: 5px;\n  font-size: 10px;\n  font-weight: 500;\n  letter-spacing: 1.5px;\n  text-transform: uppercase;\n  padding: 5px 11px;\n  border-radius: 20px;\n  width: fit-content;\n}\n.badge-top     { background: linear-gradient(135deg, #c39f76 0%, #d4b188 100%); color: #fff; border: 1px solid #c39f76; font-weight: 600; box-shadow: 0 2px 8px rgba(195,159,118,0.3); }\n.badge-luxury  { background: rgba(195,159,118,.12); color: #c39f76; border: 1px solid rgba(195,159,118,.25); }\n.badge-boutique{ background: rgba(54,133,252,.08); color: #3685fc; border: 1px solid rgba(54,133,252,.2); }\n.badge-nature  { background: rgba(130,190,100,.1); color: #6b9c4a; border: 1px solid rgba(130,190,100,.2); }\n.badge-remote  { background: rgba(195,159,118,.12); color: #a67e50; border: 1px solid rgba(195,159,118,.25); }\n\n.lk-stay-name {\n  font-family: 'Playfair Display', Georgia, serif;\n  font-size: 18px;\n  font-weight: 700;\n  color: #111827;\n  line-height: 1.3;\n}\n.lk-stay-desc {\n  font-size: 13.5px;\n  color: #525252;\n  line-height: 1.65;\n  font-weight: 300;\n  flex: 1;\n}\n\n.lk-stay-meta {\n  display: flex;\n  align-items: center;\n  gap: 12px;\n  flex-wrap: wrap;\n  margin-top: 4px;\n}\n.lk-stay-price {\n  font-size: 13px;\n  color: #6b7280;\n}\n.lk-stay-price strong {\n  color: #c39f76;\n  font-weight: 500;\n}\n.lk-stay-stars {\n  color: #c39f76;\n  font-size: 11px;\n  letter-spacing: 1px;\n}\n\n\/* \u2500\u2500\u2500 CTA BUTTON \u2500\u2500\u2500 *\/\n.lk-stay-cta {\n  display: inline-flex;\n  align-items: center;\n  justify-content: center;\n  gap: 7px;\n  margin-top: 8px;\n  padding: 11px 20px;\n  border-radius: 8px;\n  background: linear-gradient(135deg, #3685fc 0%, #2a6fd9 100%);\n  color: #fff;\n  font-size: 13px;\n  font-weight: 500;\n  text-decoration: none;\n  letter-spacing: .3px;\n  transition: all .2s ease;\n  cursor: pointer;\n  border: none;\n  text-align: center;\n  box-shadow: 0 4px 12px rgba(54, 133, 252, 0.25);\n}\n.lk-stay-cta:hover {\n  background: linear-gradient(135deg, #2a6fd9 0%, #1e5bc4 100%);\n  transform: translateY(-1px);\n  box-shadow: 0 6px 16px rgba(54, 133, 252, 0.35);\n}\n.lk-stay-cta svg { flex-shrink: 0; }\n\n\/* \u2500\u2500\u2500 FOOTER \u2500\u2500\u2500 *\/\n.lk-stays-footer {\n  padding: 18px 36px;\n  background: linear-gradient(to bottom, #fdfaf5 0%, #f9f4ed 100%);\n  border-top: 1px solid rgba(195, 159, 118, 0.15);\n  display: flex;\n  align-items: center;\n  justify-content: space-between;\n  flex-wrap: wrap;\n  gap: 12px;\n}\n.lk-stays-footer-note {\n  font-size: 11.5px;\n  color: #6b7280;\n  font-weight: 300;\n  line-height: 1.5;\n}\n.lk-stays-footer-note a {\n  color: #c39f76;\n  text-decoration: none;\n  font-weight: 400;\n}\n.lk-stays-footer-note a:hover {\n  text-decoration: underline;\n}\n.lk-stays-all-btn {\n  display: inline-flex;\n  align-items: center;\n  gap: 6px;\n  font-size: 12.5px;\n  font-weight: 500;\n  color: #c39f76;\n  text-decoration: none;\n  border: 1px solid rgba(195, 159, 118, 0.35);\n  padding: 8px 18px;\n  border-radius: 8px;\n  transition: all .2s ease;\n}\n.lk-stays-all-btn:hover {\n  background: rgba(195, 159, 118, 0.08);\n  border-color: rgba(195, 159, 118, 0.5);\n}\n\n\/* \u2500\u2500\u2500 RESPONSIVE \u2500\u2500\u2500 *\/\n@media (max-width: 600px) {\n  .lk-stays-grid { grid-template-columns: 1fr; }\n  .lk-stays-header { padding: 24px 20px; }\n  .lk-stays-footer { padding: 16px 20px; }\n  .lk-stay-card { padding: 22px; }\n  .lk-stays-title { font-size: 20px; }\n}\n<\/style>\n\n  <!-- HEADER -->\n  <div class=\"lk-stays-header\">\n    <img decoding=\"async\" src=\"https:\/\/loudavymkrokem.cz\/wp-content\/uploads\/2026\/02\/lukas-a-lucka.jpg\" alt=\"\" style=\"width: 75px; height: 75px; border-radius: 8px; flex-shrink: 0; object-fit: cover; display: block; margin: 4px 0;\" title=\"\">\n    <div class=\"lk-stays-header-text\">\n      <div class=\"lk-stays-eyebrow\">Luk\u00e1\u0161 y Lucie recomiendan<\/div>\n      <div class=\"lk-stays-title\">D\u00f3nde alojarse en Hamburgo<\/div>\n      <div class=\"lk-stays-subtitle\">3 alojamientos \u2014 hoteles y otras opciones de hospedaje<\/div>\n    <\/div>\n  <\/div>\n\n  <!-- CARDS -->\n  <div class=\"lk-stays-grid\">\n\n    <a class=\"lk-stay-card featured\" href=\"https:\/\/www.stay22.com\/allez\/roam?aid=lukaskonecny&#038;campaign=loudavymkrokemcz&#038;campaign=es&#038;campaign=covidetvhamburku&#038;address=Hamburk&#038;hotelname=25hours+Hotel+HafenCity&#038;search=25hours+Hotel+HafenCity&#038;category=accommodation\" target=\"_blank\" rel=\"nofollow noopener\">\n      <span class=\"lk-stay-badge badge-top\">\u2b50 MEJOR OPCI\u00d3N<\/span>\n      <span class=\"lk-stay-badge badge-nature\">\ud83c\udfe8 Hotel<\/span>\n      <div class=\"lk-stay-name\">25hours Hotel HafenCity<\/div>\n      <div class=\"lk-stay-desc\">Hotel elegante con un divertido dise\u00f1o n\u00e1utico en el barrio m\u00e1s moderno con vistas a los muelles.<\/div>\n      <div class=\"lk-stay-meta\">\n        <span class=\"lk-stay-stars\">\u2605\u2605\u2605\u2605<\/span>\n        <span class=\"lk-stay-price\"><\/span>\n      <\/div>\n      <span class=\"lk-stay-cta\">\n        <svg width=\"14\" height=\"14\" viewBox=\"0 0 24 24\" fill=\"none\" stroke=\"currentColor\" stroke-width=\"2\"><path d=\"M18 13v6a2 2 0 0 1-2 2H5a2 2 0 0 1-2-2V8a2 2 0 0 1 2-2h6\"\/><polyline points=\"15 3 21 3 21 9\"\/><line x1=\"10\" y1=\"14\" x2=\"21\" y2=\"3\"\/><\/svg>\n        Comprobar disponibilidad\n      <\/span>\n    <\/a>\n\n    <a class=\"lk-stay-card\" href=\"https:\/\/www.stay22.com\/allez\/roam?aid=lukaskonecny&#038;campaign=loudavymkrokemcz&#038;campaign=es&#038;campaign=co-videt-v-hamburku&#038;hotelname=Hotel%20Volksschule&#038;address=Hamburk%2C%20N%C4%9Bmecko\" target=\"_blank\" rel=\"nofollow noopener\">\n      <span class=\"lk-stay-badge badge-nature\">\ud83c\udfe8 Hotel<\/span>\n      <div class=\"lk-stay-name\">Hotel Volksschule<\/div>\n      <div class=\"lk-stay-desc\">Popular hotel en un edificio escolar reformado en St. Georg, cerca de la estaci\u00f3n, destaca por sus fant\u00e1sticos desayunos.<\/div>\n      <div class=\"lk-stay-meta\">\n        <span class=\"lk-stay-stars\">\u2605\u2605\u2605\u2605<\/span>\n        <span class=\"lk-stay-price\"><\/span>\n      <\/div>\n      <span class=\"lk-stay-cta\">\n        <svg width=\"14\" height=\"14\" viewBox=\"0 0 24 24\" fill=\"none\" stroke=\"currentColor\" stroke-width=\"2\"><path d=\"M18 13v6a2 2 0 0 1-2 2H5a2 2 0 0 1-2-2V8a2 2 0 0 1 2-2h6\"\/><polyline points=\"15 3 21 3 21 9\"\/><line x1=\"10\" y1=\"14\" x2=\"21\" y2=\"3\"\/><\/svg>\n        Comprobar disponibilidad\n      <\/span>\n    <\/a>\n\n    <a class=\"lk-stay-card\" href=\"https:\/\/www.stay22.com\/allez\/roam?aid=lukaskonecny&#038;campaign=loudavymkrokemcz&#038;campaign=es&#038;campaign=covidetvhamburku&#038;address=hamburk\" target=\"_blank\" rel=\"nofollow noopener\">\n      <span class=\"lk-stay-badge badge-nature\">\ud83d\udd0d Buscar<\/span>\n      <div class=\"lk-stay-name\">Ver todos los alojamientos en Hamburgo<\/div>\n      <div class=\"lk-stay-desc\">Explore todas las opciones de alojamiento disponibles en Hamburgo y encuentre la mejor seg\u00fan sus preferencias y presupuesto.<\/div>\n      <div class=\"lk-stay-meta\">\n        <span class=\"lk-stay-stars\">\u2605\u2605\u2605\u2605<\/span>\n        <span class=\"lk-stay-price\">Comparar precios<\/span>\n      <\/div>\n      <span class=\"lk-stay-cta\">\n        <svg width=\"14\" height=\"14\" viewBox=\"0 0 24 24\" fill=\"none\" stroke=\"currentColor\" stroke-width=\"2\"><path d=\"M18 13v6a2 2 0 0 1-2 2H5a2 2 0 0 1-2-2V8a2 2 0 0 1 2-2h6\"\/><polyline points=\"15 3 21 3 21 9\"\/><line x1=\"10\" y1=\"14\" x2=\"21\" y2=\"3\"\/><\/svg>\n        Comprobar disponibilidad\n      <\/span>\n    <\/a>\n\n  <\/div>\n\n  \n<\/div>\n\n\n\n\n<h3 class=\"wp-block-heading\"><span class=\"ez-toc-section\" id=\"11_Los_lagos_Alster\"><\/span>11. Los lagos Alster<span class=\"ez-toc-section-end\"><\/span><\/h3>\n\n\n\n<p class=\"wp-block-paragraph\">En pleno centro de la ciudad, a solo unos pasos del hist\u00f3rico ayuntamiento, se extienden dos grandes lagos artificiales, el Binnenalster y el Aussenalster, que forman el imaginario coraz\u00f3n azul de la metr\u00f3poli. <strong>Los lagos est\u00e1n rodeados de amplios paseos, parques verdes cuidadosamente mantenidos y elegantes villas<\/strong>, lo que los convierte en la zona de recreo favorita de todos los locales. Junto al agua te cruzar\u00e1s sin parar con corredores, ciclistas y gente que ha venido a descansar en un banco con un buen libro despu\u00e9s del trabajo.<\/p>\n\n\n\n<p class=\"wp-block-paragraph\">En los meses m\u00e1s c\u00e1lidos, <strong>la mejor actividad es alquilar un hidropedal, una canoa o un paddleboard<\/strong>, con los que puedes recorrer por tu cuenta los amplios lagos y los tranquilos canales aleda\u00f1os. Desde el agua obtienes una perspectiva completamente distinta de los lujosos barrios residenciales y los jardines privados, que desde tierra firme, entre los \u00e1rboles, muchas veces ni siquiera se ven.<\/p>\n\n\n\n<p class=\"wp-block-paragraph\">\ud83d\udca1 Consejo: <strong>En el centro del lago interior brota la alta fuente Alsterfont\u00e4ne<\/strong>, uno de los principales puntos de referencia de la ciudad. Si\u00e9ntate en las escaleras del famoso paseo Jungfernstieg, c\u00f3mprate un caf\u00e9 y disfruta del ambiente distendido con vistas al agua.<\/p>\n\n\n\n<figure data-wp-context=\"{&quot;imageId&quot;:&quot;6a952c617dec9&quot;}\" data-wp-interactive=\"core\/image\" data-wp-key=\"6a952c617dec9\" class=\"wp-block-image size-full wp-lightbox-container\"><img decoding=\"async\" width=\"1800\" height=\"1200\" data-wp-class--hide=\"state.isContentHidden\" data-wp-class--show=\"state.isContentVisible\" data-wp-init=\"callbacks.setButtonStyles\" data-wp-on--click=\"actions.showLightbox\" data-wp-on--load=\"callbacks.setButtonStyles\" data-wp-on--pointerdown=\"actions.preloadImage\" data-wp-on--pointerenter=\"actions.preloadImageWithDelay\" data-wp-on--pointerleave=\"actions.cancelPreload\" data-wp-on-window--resize=\"callbacks.setButtonStyles\" src=\"https:\/\/loudavymkrokem.cz\/wp-content\/uploads\/2026\/08\/nemecko-clanky-co-videt-v-hamburku-16.jpg\" alt=\"Monumento de San Nicol\u00e1s\" class=\"wp-image-398989\" title=\"\" srcset=\"https:\/\/loudavymkrokem.cz\/wp-content\/uploads\/2026\/08\/nemecko-clanky-co-videt-v-hamburku-16.jpg 1800w, https:\/\/loudavymkrokem.cz\/wp-content\/uploads\/2026\/08\/nemecko-clanky-co-videt-v-hamburku-16-300x200.jpg 300w, https:\/\/loudavymkrokem.cz\/wp-content\/uploads\/2026\/08\/nemecko-clanky-co-videt-v-hamburku-16-700x467.jpg 700w, https:\/\/loudavymkrokem.cz\/wp-content\/uploads\/2026\/08\/nemecko-clanky-co-videt-v-hamburku-16-768x512.jpg 768w, https:\/\/loudavymkrokem.cz\/wp-content\/uploads\/2026\/08\/nemecko-clanky-co-videt-v-hamburku-16-1536x1024.jpg 1536w, https:\/\/loudavymkrokem.cz\/wp-content\/uploads\/2026\/08\/nemecko-clanky-co-videt-v-hamburku-16-696x464.jpg 696w, https:\/\/loudavymkrokem.cz\/wp-content\/uploads\/2026\/08\/nemecko-clanky-co-videt-v-hamburku-16-1392x928.jpg 1392w\" sizes=\"(max-width: 1800px) 100vw, 1800px\" \/><button\n\t\t\tclass=\"lightbox-trigger\"\n\t\t\ttype=\"button\"\n\t\t\taria-haspopup=\"dialog\"\n\t\t\tdata-wp-bind--aria-label=\"state.thisImage.triggerButtonAriaLabel\"\n\t\t\tdata-wp-init=\"callbacks.initTriggerButton\"\n\t\t\tdata-wp-on--click=\"actions.showLightbox\"\n\t\t\tdata-wp-style--right=\"state.thisImage.buttonRight\"\n\t\t\tdata-wp-style--top=\"state.thisImage.buttonTop\"\n\t\t>\n\t\t\t<svg xmlns=\"http:\/\/www.w3.org\/2000\/svg\" width=\"12\" height=\"12\" fill=\"none\" viewBox=\"0 0 12 12\">\n\t\t\t\t<path fill=\"#fff\" d=\"M2 0a2 2 0 0 0-2 2v2h1.5V2a.5.5 0 0 1 .5-.5h2V0H2Zm2 10.5H2a.5.5 0 0 1-.5-.5V8H0v2a2 2 0 0 0 2 2h2v-1.5ZM8 12v-1.5h2a.5.5 0 0 0 .5-.5V8H12v2a2 2 0 0 1-2 2H8Zm2-12a2 2 0 0 1 2 2v2h-1.5V2a.5.5 0 0 0-.5-.5H8V0h2Z\" \/>\n\t\t\t<\/svg>\n\t\t<\/button><figcaption class=\"wp-element-caption\">Foto: Santiago Morales \/ Pexels<\/figcaption><\/figure>\n\n\n\n<h3 class=\"wp-block-heading\"><span class=\"ez-toc-section\" id=\"12_Monumento_de_San_Nicolas_St_Nikolai_Mahnmal\"><\/span>12. Monumento de San Nicol\u00e1s (St. Nikolai Mahnmal)<span class=\"ez-toc-section-end\"><\/span><\/h3>\n\n\n\n<p class=\"wp-block-paragraph\">Desde lejos ver\u00e1s una alta torre negra que resulta un tanto sobrecogedora en medio de la moderna arquitectura de cristal. <strong>La iglesia de San Nicol\u00e1s qued\u00f3 casi arrasada durante la Segunda Guerra Mundial en los masivos bombardeos aliados<\/strong> y sus ruinas ennegrecidas se dejaron deliberadamente en ese estado como un impactante monumento contra la guerra. El lugar tiene una atm\u00f3sfera muy intensa y sombr\u00eda que sin falta te har\u00e1 reflexionar sobre la convulsa historia de la ciudad.<\/p>\n\n\n\n<p class=\"wp-block-paragraph\">En los amplios espacios subterr\u00e1neos bajo la iglesia se encuentra <strong>una exposici\u00f3n muy interesante que documenta la destrucci\u00f3n de la ciudad, mientras que un ascensor acristalado te sube a lo alto de la torre de 76 metros<\/strong>. Desde all\u00ed disfrutar\u00e1s de unas vistas panor\u00e1micas fant\u00e1sticas de todo el centro hist\u00f3rico, el moderno puerto y el cercano ayuntamiento.<\/p>\n\n\n\n<p class=\"wp-block-paragraph\">\ud83d\udca1 Consejo: <strong>Si tienes un presupuesto ajustado y est\u00e1s dudando por qu\u00e9 mirador de la ciudad pagar<\/strong>, la torre de San Nicol\u00e1s es una elecci\u00f3n absolutamente excelente por su ubicaci\u00f3n central y su hondo trasfondo hist\u00f3rico.<\/p>\n\n\n\n<figure data-wp-context=\"{&quot;imageId&quot;:&quot;6a952c617e54b&quot;}\" data-wp-interactive=\"core\/image\" data-wp-key=\"6a952c617e54b\" class=\"wp-block-image size-full wp-lightbox-container\"><img decoding=\"async\" width=\"1800\" height=\"1183\" data-wp-class--hide=\"state.isContentHidden\" data-wp-class--show=\"state.isContentVisible\" data-wp-init=\"callbacks.setButtonStyles\" data-wp-on--click=\"actions.showLightbox\" data-wp-on--load=\"callbacks.setButtonStyles\" data-wp-on--pointerdown=\"actions.preloadImage\" data-wp-on--pointerenter=\"actions.preloadImageWithDelay\" data-wp-on--pointerleave=\"actions.cancelPreload\" data-wp-on-window--resize=\"callbacks.setButtonStyles\" src=\"https:\/\/loudavymkrokem.cz\/wp-content\/uploads\/2026\/08\/nemecko-clanky-co-videt-v-hamburku-17.jpg\" alt=\"Antiguo t\u00fanel del Elba\" class=\"wp-image-398993\" title=\"\" srcset=\"https:\/\/loudavymkrokem.cz\/wp-content\/uploads\/2026\/08\/nemecko-clanky-co-videt-v-hamburku-17.jpg 1800w, https:\/\/loudavymkrokem.cz\/wp-content\/uploads\/2026\/08\/nemecko-clanky-co-videt-v-hamburku-17-300x197.jpg 300w, https:\/\/loudavymkrokem.cz\/wp-content\/uploads\/2026\/08\/nemecko-clanky-co-videt-v-hamburku-17-700x460.jpg 700w, https:\/\/loudavymkrokem.cz\/wp-content\/uploads\/2026\/08\/nemecko-clanky-co-videt-v-hamburku-17-768x505.jpg 768w, https:\/\/loudavymkrokem.cz\/wp-content\/uploads\/2026\/08\/nemecko-clanky-co-videt-v-hamburku-17-1536x1009.jpg 1536w, https:\/\/loudavymkrokem.cz\/wp-content\/uploads\/2026\/08\/nemecko-clanky-co-videt-v-hamburku-17-696x457.jpg 696w, https:\/\/loudavymkrokem.cz\/wp-content\/uploads\/2026\/08\/nemecko-clanky-co-videt-v-hamburku-17-1392x915.jpg 1392w\" sizes=\"(max-width: 1800px) 100vw, 1800px\" \/><button\n\t\t\tclass=\"lightbox-trigger\"\n\t\t\ttype=\"button\"\n\t\t\taria-haspopup=\"dialog\"\n\t\t\tdata-wp-bind--aria-label=\"state.thisImage.triggerButtonAriaLabel\"\n\t\t\tdata-wp-init=\"callbacks.initTriggerButton\"\n\t\t\tdata-wp-on--click=\"actions.showLightbox\"\n\t\t\tdata-wp-style--right=\"state.thisImage.buttonRight\"\n\t\t\tdata-wp-style--top=\"state.thisImage.buttonTop\"\n\t\t>\n\t\t\t<svg xmlns=\"http:\/\/www.w3.org\/2000\/svg\" width=\"12\" height=\"12\" fill=\"none\" viewBox=\"0 0 12 12\">\n\t\t\t\t<path fill=\"#fff\" d=\"M2 0a2 2 0 0 0-2 2v2h1.5V2a.5.5 0 0 1 .5-.5h2V0H2Zm2 10.5H2a.5.5 0 0 1-.5-.5V8H0v2a2 2 0 0 0 2 2h2v-1.5ZM8 12v-1.5h2a.5.5 0 0 0 .5-.5V8H12v2a2 2 0 0 1-2 2H8Zm2-12a2 2 0 0 1 2 2v2h-1.5V2a.5.5 0 0 0-.5-.5H8V0h2Z\" \/>\n\t\t\t<\/svg>\n\t\t<\/button><figcaption class=\"wp-element-caption\">Foto: Thomas Wolf, www.foto-tw.de \/ Wikimedia Commons, CC BY-SA 3.0<\/figcaption><\/figure>\n\n\n\n<h3 class=\"wp-block-heading\"><span class=\"ez-toc-section\" id=\"13_El_antiguo_tunel_del_Elba_Alter_Elbtunnel\"><\/span>13. El antiguo t\u00fanel del Elba (Alter Elbtunnel)<span class=\"ez-toc-section-end\"><\/span><\/h3>\n\n\n\n<p class=\"wp-block-paragraph\">Esta joya t\u00e9cnica hist\u00f3rica de 1911 te permite cruzar a pie o en bici justo por debajo del cauce del enorme r\u00edo Elba. <strong>Al t\u00fanel se baja mediante enormes ascensores hist\u00f3ricos revestidos de madera, que anta\u00f1o transportaban carros de caballos<\/strong>, y que a\u00fan hoy manejan operarios con uniformes de \u00e9poca. El t\u00fanel en s\u00ed est\u00e1 preciosamente revestido de relucientes azulejos con relieves de animales marinos y, gracias a su iluminaci\u00f3n, resulta incre\u00edblemente fotog\u00e9nico.<\/p>\n\n\n\n<p class=\"wp-block-paragraph\">El paseo por el tubo subterr\u00e1neo hasta la otra orilla del r\u00edo <strong>mide unos 400 metros y para los peatones es totalmente gratis durante todo el d\u00eda<\/strong>. En cuanto subas en uno de los ascensores de la otra orilla, en el barrio de Steinwerder, se te abrir\u00e1 una de las vistas m\u00e1s bonitas y despejadas de todo el skyline de la ciudad.<\/p>\n\n\n\n<p class=\"wp-block-paragraph\">\ud83d\udca1 Consejo: <strong>Las mejores fotos del skyline con la Elbphilharmonie y las torres de las iglesias las har\u00e1s precisamente desde el mirador de la orilla sur<\/strong>, justo a la salida del t\u00fanel. Sobre todo al atardecer o justo despu\u00e9s es una aut\u00e9ntica maravilla.<\/p>\n\n\n\n<figure data-wp-context=\"{&quot;imageId&quot;:&quot;6a952c617ec03&quot;}\" data-wp-interactive=\"core\/image\" data-wp-key=\"6a952c617ec03\" class=\"wp-block-image size-full wp-lightbox-container\"><img decoding=\"async\" width=\"1800\" height=\"1215\" data-wp-class--hide=\"state.isContentHidden\" data-wp-class--show=\"state.isContentVisible\" data-wp-init=\"callbacks.setButtonStyles\" data-wp-on--click=\"actions.showLightbox\" data-wp-on--load=\"callbacks.setButtonStyles\" data-wp-on--pointerdown=\"actions.preloadImage\" data-wp-on--pointerenter=\"actions.preloadImageWithDelay\" data-wp-on--pointerleave=\"actions.cancelPreload\" data-wp-on-window--resize=\"callbacks.setButtonStyles\" src=\"https:\/\/loudavymkrokem.cz\/wp-content\/uploads\/2026\/08\/nemecko-clanky-co-videt-v-hamburku-18.jpg\" alt=\"Chilehaus en el barrio Kontorhausviertel\" class=\"wp-image-399000\" title=\"\" srcset=\"https:\/\/loudavymkrokem.cz\/wp-content\/uploads\/2026\/08\/nemecko-clanky-co-videt-v-hamburku-18.jpg 1800w, https:\/\/loudavymkrokem.cz\/wp-content\/uploads\/2026\/08\/nemecko-clanky-co-videt-v-hamburku-18-300x203.jpg 300w, https:\/\/loudavymkrokem.cz\/wp-content\/uploads\/2026\/08\/nemecko-clanky-co-videt-v-hamburku-18-700x473.jpg 700w, https:\/\/loudavymkrokem.cz\/wp-content\/uploads\/2026\/08\/nemecko-clanky-co-videt-v-hamburku-18-768x518.jpg 768w, https:\/\/loudavymkrokem.cz\/wp-content\/uploads\/2026\/08\/nemecko-clanky-co-videt-v-hamburku-18-1536x1037.jpg 1536w, https:\/\/loudavymkrokem.cz\/wp-content\/uploads\/2026\/08\/nemecko-clanky-co-videt-v-hamburku-18-696x470.jpg 696w, https:\/\/loudavymkrokem.cz\/wp-content\/uploads\/2026\/08\/nemecko-clanky-co-videt-v-hamburku-18-1392x940.jpg 1392w\" sizes=\"(max-width: 1800px) 100vw, 1800px\" \/><button\n\t\t\tclass=\"lightbox-trigger\"\n\t\t\ttype=\"button\"\n\t\t\taria-haspopup=\"dialog\"\n\t\t\tdata-wp-bind--aria-label=\"state.thisImage.triggerButtonAriaLabel\"\n\t\t\tdata-wp-init=\"callbacks.initTriggerButton\"\n\t\t\tdata-wp-on--click=\"actions.showLightbox\"\n\t\t\tdata-wp-style--right=\"state.thisImage.buttonRight\"\n\t\t\tdata-wp-style--top=\"state.thisImage.buttonTop\"\n\t\t>\n\t\t\t<svg xmlns=\"http:\/\/www.w3.org\/2000\/svg\" width=\"12\" height=\"12\" fill=\"none\" viewBox=\"0 0 12 12\">\n\t\t\t\t<path fill=\"#fff\" d=\"M2 0a2 2 0 0 0-2 2v2h1.5V2a.5.5 0 0 1 .5-.5h2V0H2Zm2 10.5H2a.5.5 0 0 1-.5-.5V8H0v2a2 2 0 0 0 2 2h2v-1.5ZM8 12v-1.5h2a.5.5 0 0 0 .5-.5V8H12v2a2 2 0 0 1-2 2H8Zm2-12a2 2 0 0 1 2 2v2h-1.5V2a.5.5 0 0 0-.5-.5H8V0h2Z\" \/>\n\t\t\t<\/svg>\n\t\t<\/button><figcaption class=\"wp-element-caption\">Foto: Dietmar Rabich \/ Wikimedia Commons, CC BY-SA 4.0<\/figcaption><\/figure>\n\n\n\n<h3 class=\"wp-block-heading\"><span class=\"ez-toc-section\" id=\"14_El_barrio_Kontorhausviertel_y_el_Chilehaus\"><\/span>14. El barrio Kontorhausviertel y el Chilehaus<span class=\"ez-toc-section-end\"><\/span><\/h3>\n\n\n\n<p class=\"wp-block-paragraph\">Los amantes de la singular arquitectura expresionista de los a\u00f1os veinte del siglo pasado disfrutar\u00e1n sin falta en este hist\u00f3rico barrio de oficinas. <strong>El edificio m\u00e1s conocido es el ic\u00f3nico Chilehaus, cuya esquina incre\u00edblemente afilada recuerda a un enorme transatl\u00e1ntico<\/strong> y que, junto con la Speicherstadt, figura con todo merecimiento en la prestigiosa lista de la UNESCO. Toda la zona est\u00e1 construida con ladrillo cocido oscuro y se caracteriza por un incre\u00edble \u00e9nfasis en los detalles geom\u00e9tricos y los elaborados ornamentos de fachada.<\/p>\n\n\n\n<p class=\"wp-block-paragraph\">Los edificios serv\u00edan originalmente como <strong>sedes de grandes compa\u00f1\u00edas comerciales, los llamados kontor, que dirig\u00edan desde aqu\u00ed el comercio de ultramar<\/strong>. Hoy albergan modernas oficinas, pero a muchos de sus preciosos vest\u00edbulos decorados, foyers y majestuosas escaleras puedes asomarte sin problema y gratis en horario laboral.<\/p>\n\n\n\n<p class=\"wp-block-paragraph\">\ud83d\udca1 Consejo: <strong>Col\u00f3cate justo en la esquina de las calles Burchardstra\u00dfe y Pumpen<\/strong>, desde donde la punta del Chilehaus se ve en el \u00e1ngulo m\u00e1s dram\u00e1tico y afilado. La foto desde este punto es una de las im\u00e1genes arquitect\u00f3nicas m\u00e1s ic\u00f3nicas de la ciudad.<\/p>\n\n\n\n<figure data-wp-context=\"{&quot;imageId&quot;:&quot;6a952c617f269&quot;}\" data-wp-interactive=\"core\/image\" data-wp-key=\"6a952c617f269\" class=\"wp-block-image size-full wp-lightbox-container\"><img decoding=\"async\" width=\"1800\" height=\"1200\" data-wp-class--hide=\"state.isContentHidden\" data-wp-class--show=\"state.isContentVisible\" data-wp-init=\"callbacks.setButtonStyles\" data-wp-on--click=\"actions.showLightbox\" data-wp-on--load=\"callbacks.setButtonStyles\" data-wp-on--pointerdown=\"actions.preloadImage\" data-wp-on--pointerenter=\"actions.preloadImageWithDelay\" data-wp-on--pointerleave=\"actions.cancelPreload\" data-wp-on-window--resize=\"callbacks.setButtonStyles\" src=\"https:\/\/loudavymkrokem.cz\/wp-content\/uploads\/2026\/08\/nemecko-clanky-co-videt-v-hamburku-19.jpg\" alt=\"Edificio de la galer\u00eda Hamburger Kunsthalle\" class=\"wp-image-399002\" title=\"\" srcset=\"https:\/\/loudavymkrokem.cz\/wp-content\/uploads\/2026\/08\/nemecko-clanky-co-videt-v-hamburku-19.jpg 1800w, https:\/\/loudavymkrokem.cz\/wp-content\/uploads\/2026\/08\/nemecko-clanky-co-videt-v-hamburku-19-300x200.jpg 300w, https:\/\/loudavymkrokem.cz\/wp-content\/uploads\/2026\/08\/nemecko-clanky-co-videt-v-hamburku-19-700x467.jpg 700w, https:\/\/loudavymkrokem.cz\/wp-content\/uploads\/2026\/08\/nemecko-clanky-co-videt-v-hamburku-19-768x512.jpg 768w, https:\/\/loudavymkrokem.cz\/wp-content\/uploads\/2026\/08\/nemecko-clanky-co-videt-v-hamburku-19-1536x1024.jpg 1536w, https:\/\/loudavymkrokem.cz\/wp-content\/uploads\/2026\/08\/nemecko-clanky-co-videt-v-hamburku-19-696x464.jpg 696w, https:\/\/loudavymkrokem.cz\/wp-content\/uploads\/2026\/08\/nemecko-clanky-co-videt-v-hamburku-19-1392x928.jpg 1392w\" sizes=\"(max-width: 1800px) 100vw, 1800px\" \/><button\n\t\t\tclass=\"lightbox-trigger\"\n\t\t\ttype=\"button\"\n\t\t\taria-haspopup=\"dialog\"\n\t\t\tdata-wp-bind--aria-label=\"state.thisImage.triggerButtonAriaLabel\"\n\t\t\tdata-wp-init=\"callbacks.initTriggerButton\"\n\t\t\tdata-wp-on--click=\"actions.showLightbox\"\n\t\t\tdata-wp-style--right=\"state.thisImage.buttonRight\"\n\t\t\tdata-wp-style--top=\"state.thisImage.buttonTop\"\n\t\t>\n\t\t\t<svg xmlns=\"http:\/\/www.w3.org\/2000\/svg\" width=\"12\" height=\"12\" fill=\"none\" viewBox=\"0 0 12 12\">\n\t\t\t\t<path fill=\"#fff\" d=\"M2 0a2 2 0 0 0-2 2v2h1.5V2a.5.5 0 0 1 .5-.5h2V0H2Zm2 10.5H2a.5.5 0 0 1-.5-.5V8H0v2a2 2 0 0 0 2 2h2v-1.5ZM8 12v-1.5h2a.5.5 0 0 0 .5-.5V8H12v2a2 2 0 0 1-2 2H8Zm2-12a2 2 0 0 1 2 2v2h-1.5V2a.5.5 0 0 0-.5-.5H8V0h2Z\" \/>\n\t\t\t<\/svg>\n\t\t<\/button><figcaption class=\"wp-element-caption\">Foto: Laura Paredis \/ Pexels<\/figcaption><\/figure>\n\n\n\n<h3 class=\"wp-block-heading\"><span class=\"ez-toc-section\" id=\"15_Hamburger_Kunsthalle\"><\/span>15. Hamburger Kunsthalle<span class=\"ez-toc-section-end\"><\/span><\/h3>\n\n\n\n<p class=\"wp-block-paragraph\">Si durante el viaje quieres admirar arte, no puedes saltarte uno de los museos de arte m\u00e1s grandes e importantes de toda Alemania, situado muy cerca de la estaci\u00f3n central. <strong>La Hamburger Kunsthalle se compone de tres edificios conectados de distintas \u00e9pocas y guarda impresionantes colecciones que abarcan ocho siglos de creaci\u00f3n art\u00edstica<\/strong>, desde imponentes retablos medievales hasta provocadoras instalaciones contempor\u00e1neas. El complejo es enorme y los amantes del arte pasar\u00e1n aqu\u00ed sin ning\u00fan problema un d\u00eda entero.<\/p>\n\n\n\n<p class=\"wp-block-paragraph\">El mayor reclamo de toda la galer\u00eda es, sin duda, <strong>el c\u00e9lebre cuadro El caminante sobre el mar de nubes, del pintor rom\u00e1ntico Caspar David Friedrich<\/strong>, convertido en un icono mundial del romanticismo alem\u00e1n. Adem\u00e1s de \u00e9l, encontrar\u00e1s por supuesto tambi\u00e9n obras impresionantes de otros grandes maestros, como Rembrandt, Manet o Edvard Munch.<\/p>\n\n\n\n<p class=\"wp-block-paragraph\">\ud83d\udca1 Consejo: <strong>Si te interesa sobre todo el arte moderno, puedes ir directo al edificio m\u00e1s nuevo y luminoso llamado Galerie der Gegenwart<\/strong>, que se centra en obras desde 1960 hasta la actualidad y que ya de por s\u00ed es arquitect\u00f3nicamente muy interesante.<\/p>\n\n\n\n<figure data-wp-context=\"{&quot;imageId&quot;:&quot;6a952c617f980&quot;}\" data-wp-interactive=\"core\/image\" data-wp-key=\"6a952c617f980\" class=\"wp-block-image size-full wp-lightbox-container\"><img decoding=\"async\" width=\"1800\" height=\"1231\" data-wp-class--hide=\"state.isContentHidden\" data-wp-class--show=\"state.isContentVisible\" data-wp-init=\"callbacks.setButtonStyles\" data-wp-on--click=\"actions.showLightbox\" data-wp-on--load=\"callbacks.setButtonStyles\" data-wp-on--pointerdown=\"actions.preloadImage\" data-wp-on--pointerenter=\"actions.preloadImageWithDelay\" data-wp-on--pointerleave=\"actions.cancelPreload\" data-wp-on-window--resize=\"callbacks.setButtonStyles\" src=\"https:\/\/loudavymkrokem.cz\/wp-content\/uploads\/2026\/08\/nemecko-clanky-co-videt-v-hamburku-20.jpg\" alt=\"Interior de un museo de Hamburgo\" class=\"wp-image-399008\" title=\"\" srcset=\"https:\/\/loudavymkrokem.cz\/wp-content\/uploads\/2026\/08\/nemecko-clanky-co-videt-v-hamburku-20.jpg 1800w, https:\/\/loudavymkrokem.cz\/wp-content\/uploads\/2026\/08\/nemecko-clanky-co-videt-v-hamburku-20-300x205.jpg 300w, https:\/\/loudavymkrokem.cz\/wp-content\/uploads\/2026\/08\/nemecko-clanky-co-videt-v-hamburku-20-700x479.jpg 700w, https:\/\/loudavymkrokem.cz\/wp-content\/uploads\/2026\/08\/nemecko-clanky-co-videt-v-hamburku-20-768x525.jpg 768w, https:\/\/loudavymkrokem.cz\/wp-content\/uploads\/2026\/08\/nemecko-clanky-co-videt-v-hamburku-20-1536x1050.jpg 1536w, https:\/\/loudavymkrokem.cz\/wp-content\/uploads\/2026\/08\/nemecko-clanky-co-videt-v-hamburku-20-696x476.jpg 696w, https:\/\/loudavymkrokem.cz\/wp-content\/uploads\/2026\/08\/nemecko-clanky-co-videt-v-hamburku-20-1392x952.jpg 1392w\" sizes=\"(max-width: 1800px) 100vw, 1800px\" \/><button\n\t\t\tclass=\"lightbox-trigger\"\n\t\t\ttype=\"button\"\n\t\t\taria-haspopup=\"dialog\"\n\t\t\tdata-wp-bind--aria-label=\"state.thisImage.triggerButtonAriaLabel\"\n\t\t\tdata-wp-init=\"callbacks.initTriggerButton\"\n\t\t\tdata-wp-on--click=\"actions.showLightbox\"\n\t\t\tdata-wp-style--right=\"state.thisImage.buttonRight\"\n\t\t\tdata-wp-style--top=\"state.thisImage.buttonTop\"\n\t\t>\n\t\t\t<svg xmlns=\"http:\/\/www.w3.org\/2000\/svg\" width=\"12\" height=\"12\" fill=\"none\" viewBox=\"0 0 12 12\">\n\t\t\t\t<path fill=\"#fff\" d=\"M2 0a2 2 0 0 0-2 2v2h1.5V2a.5.5 0 0 1 .5-.5h2V0H2Zm2 10.5H2a.5.5 0 0 1-.5-.5V8H0v2a2 2 0 0 0 2 2h2v-1.5ZM8 12v-1.5h2a.5.5 0 0 0 .5-.5V8H12v2a2 2 0 0 1-2 2H8Zm2-12a2 2 0 0 1 2 2v2h-1.5V2a.5.5 0 0 0-.5-.5H8V0h2Z\" \/>\n\t\t\t<\/svg>\n\t\t<\/button><figcaption class=\"wp-element-caption\">Foto: G\u00fcl I\u015f\u0131k \/ Pexels<\/figcaption><\/figure>\n\n\n\n<h3 class=\"wp-block-heading\"><span class=\"ez-toc-section\" id=\"16_Dialog_im_Dunkeln\"><\/span>16. Dialog im Dunkeln<span class=\"ez-toc-section-end\"><\/span><\/h3>\n\n\n\n<p class=\"wp-block-paragraph\">Esta experiencia \u00fanica te cambiar\u00e1 por completo la perspectiva sobre la vida cotidiana y te obligar\u00e1 a percibir el mundo con sentidos muy distintos de la vista dominante. <strong>Di\u00e1logo en la oscuridad es una exposici\u00f3n profundamente interactiva en la que gu\u00edas invidentes te acompa\u00f1an en la m\u00e1s absoluta oscuridad a trav\u00e9s de situaciones simuladas del d\u00eda a d\u00eda<\/strong>, como un paseo por un parque bullicioso, la visita a un mercado o una velada en un bar. Durante hora y media te encontrar\u00e1s en un mundo en el que tienes que confiar al cien por cien solo en el tacto, el o\u00eddo y el olfato.<\/p>\n\n\n\n<p class=\"wp-block-paragraph\">Es una <strong>experiencia incre\u00edblemente intensa y emotiva, que derriba de forma natural las barreras entre personas videntes e invidentes<\/strong> y nos ense\u00f1a mucha m\u00e1s empat\u00eda. Las visitas se hacen en grupos peque\u00f1os, as\u00ed que no tienes que temer perderte, y para los visitantes de habla inglesa hay horarios especialmente reservados.<\/p>\n\n\n\n<p class=\"wp-block-paragraph\">\ud83d\udca1 Consejo: <strong>Aseg\u00farate de conseguir las entradas para la visita en ingl\u00e9s con suficiente antelaci\u00f3n por internet<\/strong>, porque el aforo de los grupos es muy limitado y sobre la marcha suele estar agotado para todo el d\u00eda.<\/p>\n\n\n\n<figure data-wp-context=\"{&quot;imageId&quot;:&quot;6a952c617ffbd&quot;}\" data-wp-interactive=\"core\/image\" data-wp-key=\"6a952c617ffbd\" class=\"wp-block-image size-full wp-lightbox-container\"><img decoding=\"async\" width=\"1800\" height=\"1350\" data-wp-class--hide=\"state.isContentHidden\" data-wp-class--show=\"state.isContentVisible\" data-wp-init=\"callbacks.setButtonStyles\" data-wp-on--click=\"actions.showLightbox\" data-wp-on--load=\"callbacks.setButtonStyles\" data-wp-on--pointerdown=\"actions.preloadImage\" data-wp-on--pointerenter=\"actions.preloadImageWithDelay\" data-wp-on--pointerleave=\"actions.cancelPreload\" data-wp-on-window--resize=\"callbacks.setButtonStyles\" src=\"https:\/\/loudavymkrokem.cz\/wp-content\/uploads\/2026\/08\/nemecko-clanky-co-videt-v-hamburku-21.jpg\" alt=\"Barrio de las escaleras de Blankenese\" class=\"wp-image-399012\" title=\"\" srcset=\"https:\/\/loudavymkrokem.cz\/wp-content\/uploads\/2026\/08\/nemecko-clanky-co-videt-v-hamburku-21.jpg 1800w, https:\/\/loudavymkrokem.cz\/wp-content\/uploads\/2026\/08\/nemecko-clanky-co-videt-v-hamburku-21-300x225.jpg 300w, https:\/\/loudavymkrokem.cz\/wp-content\/uploads\/2026\/08\/nemecko-clanky-co-videt-v-hamburku-21-700x525.jpg 700w, https:\/\/loudavymkrokem.cz\/wp-content\/uploads\/2026\/08\/nemecko-clanky-co-videt-v-hamburku-21-768x576.jpg 768w, https:\/\/loudavymkrokem.cz\/wp-content\/uploads\/2026\/08\/nemecko-clanky-co-videt-v-hamburku-21-1536x1152.jpg 1536w, https:\/\/loudavymkrokem.cz\/wp-content\/uploads\/2026\/08\/nemecko-clanky-co-videt-v-hamburku-21-80x60.jpg 80w, https:\/\/loudavymkrokem.cz\/wp-content\/uploads\/2026\/08\/nemecko-clanky-co-videt-v-hamburku-21-160x120.jpg 160w, https:\/\/loudavymkrokem.cz\/wp-content\/uploads\/2026\/08\/nemecko-clanky-co-videt-v-hamburku-21-696x522.jpg 696w, https:\/\/loudavymkrokem.cz\/wp-content\/uploads\/2026\/08\/nemecko-clanky-co-videt-v-hamburku-21-1392x1044.jpg 1392w\" sizes=\"(max-width: 1800px) 100vw, 1800px\" \/><button\n\t\t\tclass=\"lightbox-trigger\"\n\t\t\ttype=\"button\"\n\t\t\taria-haspopup=\"dialog\"\n\t\t\tdata-wp-bind--aria-label=\"state.thisImage.triggerButtonAriaLabel\"\n\t\t\tdata-wp-init=\"callbacks.initTriggerButton\"\n\t\t\tdata-wp-on--click=\"actions.showLightbox\"\n\t\t\tdata-wp-style--right=\"state.thisImage.buttonRight\"\n\t\t\tdata-wp-style--top=\"state.thisImage.buttonTop\"\n\t\t>\n\t\t\t<svg xmlns=\"http:\/\/www.w3.org\/2000\/svg\" width=\"12\" height=\"12\" fill=\"none\" viewBox=\"0 0 12 12\">\n\t\t\t\t<path fill=\"#fff\" d=\"M2 0a2 2 0 0 0-2 2v2h1.5V2a.5.5 0 0 1 .5-.5h2V0H2Zm2 10.5H2a.5.5 0 0 1-.5-.5V8H0v2a2 2 0 0 0 2 2h2v-1.5ZM8 12v-1.5h2a.5.5 0 0 0 .5-.5V8H12v2a2 2 0 0 1-2 2H8Zm2-12a2 2 0 0 1 2 2v2h-1.5V2a.5.5 0 0 0-.5-.5H8V0h2Z\" \/>\n\t\t\t<\/svg>\n\t\t<\/button><figcaption class=\"wp-element-caption\">Foto: Pauli-Pirat \/ Wikimedia Commons, CC BY-SA 4.0<\/figcaption><\/figure>\n\n\n\n<h3 class=\"wp-block-heading\"><span class=\"ez-toc-section\" id=\"17_El_barrio_lleno_de_escaleras_Treppenviertel_Blankenese\"><\/span>17. El barrio lleno de escaleras Treppenviertel Blankenese<span class=\"ez-toc-section-end\"><\/span><\/h3>\n\n\n\n<p class=\"wp-block-paragraph\">Para una escapada perfecta del bullicioso centro, coge el tren de cercan\u00edas S-Bahn hasta el pintoresco barrio de Blankenese, que te sorprender\u00e1 al instante por su ambiente casi mediterr\u00e1neo. <strong>Esta antigua aldea de pescadores est\u00e1 construida en una ladera empinada sobre el r\u00edo y est\u00e1 entretejida por un incre\u00edble laberinto de casi cinco mil escalones<\/strong>, callejuelas estrechas y enrevesadas y peque\u00f1as placitas. Aqu\u00ed no hay absolutamente ning\u00fan coche, solo preciosas villas antiguas con jardines cuidados con esmero y unas vistas de quitar el aliento de los buques portacontenedores que pasan.<\/p>\n\n\n\n<p class=\"wp-block-paragraph\">El paseo por la mara\u00f1a de escaleras hasta el r\u00edo y luego de vuelta es <strong>un ejercicio f\u00edsico bastante serio, pero la recompensa ser\u00e1n los escenarios m\u00e1s encantadores<\/strong>, que recuerdan m\u00e1s a la soleada Riviera italiana que al fr\u00edo norte de Alemania. Abajo, junto al agua, hay adem\u00e1s una bonita playa de arena y varias cafeter\u00edas excelentes donde reponer fuerzas.<\/p>\n\n\n\n<p class=\"wp-block-paragraph\">\ud83d\udca1 Consejo: <strong>Lo mejor es dejarse perder por las callejuelas y no mirar en absoluto el mapa del m\u00f3vil<\/strong>; tarde o temprano acabar\u00e1s igualmente o abajo junto al r\u00edo o arriba en la carretera principal, desde donde salen c\u00f3modamente autobuses de vuelta a la estaci\u00f3n.<\/p>\n\n\n\n<figure data-wp-context=\"{&quot;imageId&quot;:&quot;6a952c6180616&quot;}\" data-wp-interactive=\"core\/image\" data-wp-key=\"6a952c6180616\" class=\"wp-block-image size-full wp-lightbox-container\"><img decoding=\"async\" width=\"1800\" height=\"1200\" data-wp-class--hide=\"state.isContentHidden\" data-wp-class--show=\"state.isContentVisible\" data-wp-init=\"callbacks.setButtonStyles\" data-wp-on--click=\"actions.showLightbox\" data-wp-on--load=\"callbacks.setButtonStyles\" data-wp-on--pointerdown=\"actions.preloadImage\" data-wp-on--pointerenter=\"actions.preloadImageWithDelay\" data-wp-on--pointerleave=\"actions.cancelPreload\" data-wp-on-window--resize=\"callbacks.setButtonStyles\" src=\"https:\/\/loudavymkrokem.cz\/wp-content\/uploads\/2026\/08\/nemecko-clanky-co-videt-v-hamburku-22.jpg\" alt=\"Iglesia de San Miguel\" class=\"wp-image-399016\" title=\"\" srcset=\"https:\/\/loudavymkrokem.cz\/wp-content\/uploads\/2026\/08\/nemecko-clanky-co-videt-v-hamburku-22.jpg 1800w, https:\/\/loudavymkrokem.cz\/wp-content\/uploads\/2026\/08\/nemecko-clanky-co-videt-v-hamburku-22-300x200.jpg 300w, https:\/\/loudavymkrokem.cz\/wp-content\/uploads\/2026\/08\/nemecko-clanky-co-videt-v-hamburku-22-700x467.jpg 700w, https:\/\/loudavymkrokem.cz\/wp-content\/uploads\/2026\/08\/nemecko-clanky-co-videt-v-hamburku-22-768x512.jpg 768w, https:\/\/loudavymkrokem.cz\/wp-content\/uploads\/2026\/08\/nemecko-clanky-co-videt-v-hamburku-22-1536x1024.jpg 1536w, https:\/\/loudavymkrokem.cz\/wp-content\/uploads\/2026\/08\/nemecko-clanky-co-videt-v-hamburku-22-696x464.jpg 696w, https:\/\/loudavymkrokem.cz\/wp-content\/uploads\/2026\/08\/nemecko-clanky-co-videt-v-hamburku-22-1392x928.jpg 1392w\" sizes=\"(max-width: 1800px) 100vw, 1800px\" \/><button\n\t\t\tclass=\"lightbox-trigger\"\n\t\t\ttype=\"button\"\n\t\t\taria-haspopup=\"dialog\"\n\t\t\tdata-wp-bind--aria-label=\"state.thisImage.triggerButtonAriaLabel\"\n\t\t\tdata-wp-init=\"callbacks.initTriggerButton\"\n\t\t\tdata-wp-on--click=\"actions.showLightbox\"\n\t\t\tdata-wp-style--right=\"state.thisImage.buttonRight\"\n\t\t\tdata-wp-style--top=\"state.thisImage.buttonTop\"\n\t\t>\n\t\t\t<svg xmlns=\"http:\/\/www.w3.org\/2000\/svg\" width=\"12\" height=\"12\" fill=\"none\" viewBox=\"0 0 12 12\">\n\t\t\t\t<path fill=\"#fff\" d=\"M2 0a2 2 0 0 0-2 2v2h1.5V2a.5.5 0 0 1 .5-.5h2V0H2Zm2 10.5H2a.5.5 0 0 1-.5-.5V8H0v2a2 2 0 0 0 2 2h2v-1.5ZM8 12v-1.5h2a.5.5 0 0 0 .5-.5V8H12v2a2 2 0 0 1-2 2H8Zm2-12a2 2 0 0 1 2 2v2h-1.5V2a.5.5 0 0 0-.5-.5H8V0h2Z\" \/>\n\t\t\t<\/svg>\n\t\t<\/button><figcaption class=\"wp-element-caption\">Foto: Dietmar Rabich \/ Wikimedia Commons, CC BY-SA 4.0<\/figcaption><\/figure>\n\n\n\n<h3 class=\"wp-block-heading\"><span class=\"ez-toc-section\" id=\"18_Iglesia_de_San_Miguel_Michel\"><\/span>18. Iglesia de San Miguel (Michel)<span class=\"ez-toc-section-end\"><\/span><\/h3>\n\n\n\n<p class=\"wp-block-paragraph\">La iglesia barroca m\u00e1s importante de la ciudad, a la que los locales apodan cari\u00f1osamente Michel desde hace generaciones, sirvi\u00f3 durante siglos como el punto de referencia m\u00e1s importante para los marineros que regresaban a casa de sus largos viajes. <strong>Su majestuosa torre con un enorme reloj se alza hasta los 132 metros de altura y esconde el mirador m\u00e1s bonito de todos<\/strong>, desde el que tienes el centro de la ciudad y el amplio puerto como en la palma de la mano. Por suerte no tienes que subir a pie, porque la mayor parte del camino se salva c\u00f3modamente en un moderno ascensor.<\/p>\n\n\n\n<p class=\"wp-block-paragraph\">Como curiosidad, <strong>la iglesia fue destruida por completo dos veces en su convulsa historia por enormes incendios y luego reconstruida al detalle<\/strong> hasta recuperar su belleza original. Adem\u00e1s de la vista desde la torre, merecen sin duda una visita la amplia cripta subterr\u00e1nea y el luminoso interior, que presume de varios \u00f3rganos preciosos.<\/p>\n\n\n\n<p class=\"wp-block-paragraph\">\ud83d\udca1 Consejo: <strong>Intenta planear la visita para las horas de la noche, cuando la iglesia ofrece subidas nocturnas especiales a la torre<\/strong>. La vista del interminable mar de luces del pulsante puerto y de la ciudad iluminada es absolutamente inolvidable.<\/p>\n\n\n\n<figure data-wp-context=\"{&quot;imageId&quot;:&quot;6a952c6180c4d&quot;}\" data-wp-interactive=\"core\/image\" data-wp-key=\"6a952c6180c4d\" class=\"wp-block-image size-full wp-lightbox-container\"><img decoding=\"async\" width=\"1800\" height=\"1350\" data-wp-class--hide=\"state.isContentHidden\" data-wp-class--show=\"state.isContentVisible\" data-wp-init=\"callbacks.setButtonStyles\" data-wp-on--click=\"actions.showLightbox\" data-wp-on--load=\"callbacks.setButtonStyles\" data-wp-on--pointerdown=\"actions.preloadImage\" data-wp-on--pointerenter=\"actions.preloadImageWithDelay\" data-wp-on--pointerleave=\"actions.cancelPreload\" data-wp-on-window--resize=\"callbacks.setButtonStyles\" src=\"https:\/\/loudavymkrokem.cz\/wp-content\/uploads\/2026\/08\/nemecko-clanky-co-videt-v-hamburku-23.jpg\" alt=\"Elaboraci\u00f3n de chocolate\" class=\"wp-image-399022\" title=\"\" srcset=\"https:\/\/loudavymkrokem.cz\/wp-content\/uploads\/2026\/08\/nemecko-clanky-co-videt-v-hamburku-23.jpg 1800w, https:\/\/loudavymkrokem.cz\/wp-content\/uploads\/2026\/08\/nemecko-clanky-co-videt-v-hamburku-23-300x225.jpg 300w, https:\/\/loudavymkrokem.cz\/wp-content\/uploads\/2026\/08\/nemecko-clanky-co-videt-v-hamburku-23-700x525.jpg 700w, https:\/\/loudavymkrokem.cz\/wp-content\/uploads\/2026\/08\/nemecko-clanky-co-videt-v-hamburku-23-768x576.jpg 768w, https:\/\/loudavymkrokem.cz\/wp-content\/uploads\/2026\/08\/nemecko-clanky-co-videt-v-hamburku-23-1536x1152.jpg 1536w, https:\/\/loudavymkrokem.cz\/wp-content\/uploads\/2026\/08\/nemecko-clanky-co-videt-v-hamburku-23-80x60.jpg 80w, https:\/\/loudavymkrokem.cz\/wp-content\/uploads\/2026\/08\/nemecko-clanky-co-videt-v-hamburku-23-160x120.jpg 160w, https:\/\/loudavymkrokem.cz\/wp-content\/uploads\/2026\/08\/nemecko-clanky-co-videt-v-hamburku-23-696x522.jpg 696w, https:\/\/loudavymkrokem.cz\/wp-content\/uploads\/2026\/08\/nemecko-clanky-co-videt-v-hamburku-23-1392x1044.jpg 1392w\" sizes=\"(max-width: 1800px) 100vw, 1800px\" \/><button\n\t\t\tclass=\"lightbox-trigger\"\n\t\t\ttype=\"button\"\n\t\t\taria-haspopup=\"dialog\"\n\t\t\tdata-wp-bind--aria-label=\"state.thisImage.triggerButtonAriaLabel\"\n\t\t\tdata-wp-init=\"callbacks.initTriggerButton\"\n\t\t\tdata-wp-on--click=\"actions.showLightbox\"\n\t\t\tdata-wp-style--right=\"state.thisImage.buttonRight\"\n\t\t\tdata-wp-style--top=\"state.thisImage.buttonTop\"\n\t\t>\n\t\t\t<svg xmlns=\"http:\/\/www.w3.org\/2000\/svg\" width=\"12\" height=\"12\" fill=\"none\" viewBox=\"0 0 12 12\">\n\t\t\t\t<path fill=\"#fff\" d=\"M2 0a2 2 0 0 0-2 2v2h1.5V2a.5.5 0 0 1 .5-.5h2V0H2Zm2 10.5H2a.5.5 0 0 1-.5-.5V8H0v2a2 2 0 0 0 2 2h2v-1.5ZM8 12v-1.5h2a.5.5 0 0 0 .5-.5V8H12v2a2 2 0 0 1-2 2H8Zm2-12a2 2 0 0 1 2 2v2h-1.5V2a.5.5 0 0 0-.5-.5H8V0h2Z\" \/>\n\t\t\t<\/svg>\n\t\t<\/button><figcaption class=\"wp-element-caption\">Foto: MadayawDavao \/ Wikimedia Commons, CC BY-SA 4.0<\/figcaption><\/figure>\n\n\n\n<h3 class=\"wp-block-heading\"><span class=\"ez-toc-section\" id=\"19_Museo_del_chocolate_Chocoversum\"><\/span>19. Museo del chocolate Chocoversum<span class=\"ez-toc-section-end\"><\/span><\/h3>\n\n\n\n<p class=\"wp-block-paragraph\">Si t\u00fa o tus peques sois de los amantes del dulce, este museo maravillosamente interactivo no deber\u00edais salt\u00e1roslo durante vuestro deambular por la ciudad. <strong>Chocoversum te gu\u00eda por todo el complejo proceso de elaboraci\u00f3n del chocolate, desde el cultivo de las semillas de cacao en la selva tropical hasta la tableta final<\/strong>, todo ello de la mano de un gu\u00eda muy divertido. No es ninguna exposici\u00f3n aburrida tras un cristal: durante la visita ir\u00e1s probando a cada paso las distintas fases del procesado del cacao, incluido chocolate l\u00edquido reci\u00e9n salido de la m\u00e1quina.<\/p>\n\n\n\n<p class=\"wp-block-paragraph\">El mejor momento de todo el programa es <strong>la posibilidad de fabricar y decorar tu propia tableta de chocolate exactamente a tu gusto<\/strong>, que luego te llevas a casa como el recuerdo m\u00e1s rico y mejor de todos. Mientras esperas a que el chocolate se solidifique, descubrir\u00e1s un mont\u00f3n de datos fascinantes sobre el hist\u00f3rico comercio mar\u00edtimo de esta valiosa materia prima.<\/p>\n\n\n\n<p class=\"wp-block-paragraph\">\ud83d\udca1 Consejo: <strong>La visita solo es posible en el marco de una visita guiada organizada<\/strong>, as\u00ed que mejor reserva por internet las entradas y el idioma preferido de la explicaci\u00f3n (hay alem\u00e1n o ingl\u00e9s) para una hora concreta.<\/p>\n\n\n\n<figure data-wp-context=\"{&quot;imageId&quot;:&quot;6a952c61812e8&quot;}\" data-wp-interactive=\"core\/image\" data-wp-key=\"6a952c61812e8\" class=\"wp-block-image size-full wp-lightbox-container\"><img decoding=\"async\" width=\"1800\" height=\"1350\" data-wp-class--hide=\"state.isContentHidden\" data-wp-class--show=\"state.isContentVisible\" data-wp-init=\"callbacks.setButtonStyles\" data-wp-on--click=\"actions.showLightbox\" data-wp-on--load=\"callbacks.setButtonStyles\" data-wp-on--pointerdown=\"actions.preloadImage\" data-wp-on--pointerenter=\"actions.preloadImageWithDelay\" data-wp-on--pointerleave=\"actions.cancelPreload\" data-wp-on-window--resize=\"callbacks.setButtonStyles\" src=\"https:\/\/loudavymkrokem.cz\/wp-content\/uploads\/2026\/08\/nemecko-clanky-co-videt-v-hamburku-24.jpg\" alt=\"Calle del barrio de Schanzenviertel\" class=\"wp-image-399026\" title=\"\" srcset=\"https:\/\/loudavymkrokem.cz\/wp-content\/uploads\/2026\/08\/nemecko-clanky-co-videt-v-hamburku-24.jpg 1800w, https:\/\/loudavymkrokem.cz\/wp-content\/uploads\/2026\/08\/nemecko-clanky-co-videt-v-hamburku-24-300x225.jpg 300w, https:\/\/loudavymkrokem.cz\/wp-content\/uploads\/2026\/08\/nemecko-clanky-co-videt-v-hamburku-24-700x525.jpg 700w, https:\/\/loudavymkrokem.cz\/wp-content\/uploads\/2026\/08\/nemecko-clanky-co-videt-v-hamburku-24-768x576.jpg 768w, https:\/\/loudavymkrokem.cz\/wp-content\/uploads\/2026\/08\/nemecko-clanky-co-videt-v-hamburku-24-1536x1152.jpg 1536w, https:\/\/loudavymkrokem.cz\/wp-content\/uploads\/2026\/08\/nemecko-clanky-co-videt-v-hamburku-24-80x60.jpg 80w, https:\/\/loudavymkrokem.cz\/wp-content\/uploads\/2026\/08\/nemecko-clanky-co-videt-v-hamburku-24-160x120.jpg 160w, https:\/\/loudavymkrokem.cz\/wp-content\/uploads\/2026\/08\/nemecko-clanky-co-videt-v-hamburku-24-696x522.jpg 696w, https:\/\/loudavymkrokem.cz\/wp-content\/uploads\/2026\/08\/nemecko-clanky-co-videt-v-hamburku-24-1392x1044.jpg 1392w\" sizes=\"(max-width: 1800px) 100vw, 1800px\" \/><button\n\t\t\tclass=\"lightbox-trigger\"\n\t\t\ttype=\"button\"\n\t\t\taria-haspopup=\"dialog\"\n\t\t\tdata-wp-bind--aria-label=\"state.thisImage.triggerButtonAriaLabel\"\n\t\t\tdata-wp-init=\"callbacks.initTriggerButton\"\n\t\t\tdata-wp-on--click=\"actions.showLightbox\"\n\t\t\tdata-wp-style--right=\"state.thisImage.buttonRight\"\n\t\t\tdata-wp-style--top=\"state.thisImage.buttonTop\"\n\t\t>\n\t\t\t<svg xmlns=\"http:\/\/www.w3.org\/2000\/svg\" width=\"12\" height=\"12\" fill=\"none\" viewBox=\"0 0 12 12\">\n\t\t\t\t<path fill=\"#fff\" d=\"M2 0a2 2 0 0 0-2 2v2h1.5V2a.5.5 0 0 1 .5-.5h2V0H2Zm2 10.5H2a.5.5 0 0 1-.5-.5V8H0v2a2 2 0 0 0 2 2h2v-1.5ZM8 12v-1.5h2a.5.5 0 0 0 .5-.5V8H12v2a2 2 0 0 1-2 2H8Zm2-12a2 2 0 0 1 2 2v2h-1.5V2a.5.5 0 0 0-.5-.5H8V0h2Z\" \/>\n\t\t\t<\/svg>\n\t\t<\/button><figcaption class=\"wp-element-caption\">Foto: Peter Jochim \/ Pexels<\/figcaption><\/figure>\n\n\n\n<h3 class=\"wp-block-heading\"><span class=\"ez-toc-section\" id=\"20_El_barrio_hipster_de_Schanzenviertel\"><\/span>20. El barrio hipster de Schanzenviertel<span class=\"ez-toc-section-end\"><\/span><\/h3>\n\n\n\n<p class=\"wp-block-paragraph\">Si buscas la mejor cultura alternativa, street art colorido y boutiques independientes, tienes que ir al barrio de Sternschanze, conocido abreviadamente simplemente como Schanze. <strong>Esta zona es desde hace tiempo el centro de los bohemios, estudiantes y artistas independientes locales, lo que se refleja en una incre\u00edble cantidad de cafeter\u00edas acogedoras<\/strong>, estupendos bistr\u00f3s veganos y peque\u00f1as tiendas de moda sostenible. Todo el barrio da una impresi\u00f3n muy relajada y deliberadamente algo desconchada, lo que le aporta justo el car\u00e1cter adecuado.<\/p>\n\n\n\n<p class=\"wp-block-paragraph\">El coraz\u00f3n y s\u00edmbolo de todo el barrio es <strong>el antiguo teatro Rote Flora, que desde finales de los a\u00f1os ochenta funciona como centro cultural aut\u00f3nomo<\/strong> y cuya fachada est\u00e1 cubierta de arriba abajo de mensajes pol\u00edticos y grafitis. Los fines de semana se celebran aqu\u00ed estupendos mercadillos y, al caer la noche, cobran vida decenas de bares muy populares.<\/p>\n\n\n\n<p class=\"wp-block-paragraph\">\ud83d\udca1 Consejo: <strong>Reserva tiempo para deambular sin prisa por las calles Susannenstra\u00dfe y Schulterblatt<\/strong>, donde encontrar\u00e1s las mejores cafeter\u00edas y panader\u00edas independientes. Es el sitio ideal para un brunch tard\u00edo de fin de semana y para observar a la gente interesante que pasa.<\/p>\n\n\n\n<figure data-wp-context=\"{&quot;imageId&quot;:&quot;6a952c6181ad3&quot;}\" data-wp-interactive=\"core\/image\" data-wp-key=\"6a952c6181ad3\" class=\"wp-block-image size-full wp-lightbox-container\"><img decoding=\"async\" width=\"1800\" height=\"1271\" data-wp-class--hide=\"state.isContentHidden\" data-wp-class--show=\"state.isContentVisible\" data-wp-init=\"callbacks.setButtonStyles\" data-wp-on--click=\"actions.showLightbox\" data-wp-on--load=\"callbacks.setButtonStyles\" data-wp-on--pointerdown=\"actions.preloadImage\" data-wp-on--pointerenter=\"actions.preloadImageWithDelay\" data-wp-on--pointerleave=\"actions.cancelPreload\" data-wp-on-window--resize=\"callbacks.setButtonStyles\" src=\"https:\/\/loudavymkrokem.cz\/wp-content\/uploads\/2026\/08\/nemecko-clanky-co-videt-v-hamburku-25.jpg\" alt=\"Barco museo Cap San Diego\" class=\"wp-image-399030\" title=\"\" srcset=\"https:\/\/loudavymkrokem.cz\/wp-content\/uploads\/2026\/08\/nemecko-clanky-co-videt-v-hamburku-25.jpg 1800w, https:\/\/loudavymkrokem.cz\/wp-content\/uploads\/2026\/08\/nemecko-clanky-co-videt-v-hamburku-25-300x212.jpg 300w, https:\/\/loudavymkrokem.cz\/wp-content\/uploads\/2026\/08\/nemecko-clanky-co-videt-v-hamburku-25-700x494.jpg 700w, https:\/\/loudavymkrokem.cz\/wp-content\/uploads\/2026\/08\/nemecko-clanky-co-videt-v-hamburku-25-768x542.jpg 768w, https:\/\/loudavymkrokem.cz\/wp-content\/uploads\/2026\/08\/nemecko-clanky-co-videt-v-hamburku-25-1536x1085.jpg 1536w, https:\/\/loudavymkrokem.cz\/wp-content\/uploads\/2026\/08\/nemecko-clanky-co-videt-v-hamburku-25-696x491.jpg 696w, https:\/\/loudavymkrokem.cz\/wp-content\/uploads\/2026\/08\/nemecko-clanky-co-videt-v-hamburku-25-1392x983.jpg 1392w\" sizes=\"(max-width: 1800px) 100vw, 1800px\" \/><button\n\t\t\tclass=\"lightbox-trigger\"\n\t\t\ttype=\"button\"\n\t\t\taria-haspopup=\"dialog\"\n\t\t\tdata-wp-bind--aria-label=\"state.thisImage.triggerButtonAriaLabel\"\n\t\t\tdata-wp-init=\"callbacks.initTriggerButton\"\n\t\t\tdata-wp-on--click=\"actions.showLightbox\"\n\t\t\tdata-wp-style--right=\"state.thisImage.buttonRight\"\n\t\t\tdata-wp-style--top=\"state.thisImage.buttonTop\"\n\t\t>\n\t\t\t<svg xmlns=\"http:\/\/www.w3.org\/2000\/svg\" width=\"12\" height=\"12\" fill=\"none\" viewBox=\"0 0 12 12\">\n\t\t\t\t<path fill=\"#fff\" d=\"M2 0a2 2 0 0 0-2 2v2h1.5V2a.5.5 0 0 1 .5-.5h2V0H2Zm2 10.5H2a.5.5 0 0 1-.5-.5V8H0v2a2 2 0 0 0 2 2h2v-1.5ZM8 12v-1.5h2a.5.5 0 0 0 .5-.5V8H12v2a2 2 0 0 1-2 2H8Zm2-12a2 2 0 0 1 2 2v2h-1.5V2a.5.5 0 0 0-.5-.5H8V0h2Z\" \/>\n\t\t\t<\/svg>\n\t\t<\/button><figcaption class=\"wp-element-caption\">Foto: Peter Haas \/ Wikimedia Commons, CC BY-SA 3.0<\/figcaption><\/figure>\n\n\n\n<h3 class=\"wp-block-heading\"><span class=\"ez-toc-section\" id=\"21_Los_barcos_museo_Cap_San_Diego_y_Rickmer_Rickmers\"><\/span>21. Los barcos museo Cap San Diego y Rickmer Rickmers<span class=\"ez-toc-section-end\"><\/span><\/h3>\n\n\n\n<p class=\"wp-block-paragraph\">Paseando por el principal muelle del puerto, Landungsbr\u00fccken, es imposible no fijarse en dos enormes barcos hist\u00f3ricos que hoy funcionan como fascinantes museos flotantes. <strong>El Cap San Diego es un enorme y elegant\u00edsimo buque de carga de los a\u00f1os sesenta, apodado el Cisne Blanco del Atl\u00e1ntico Sur<\/strong>, que puedes explorar desde la ruidosa sala de m\u00e1quinas hasta el puente de mando. El Rickmer Rickmers, en cambio, es un precioso velero de tres m\u00e1stiles del siglo XIX que respira el aut\u00e9ntico romanticismo marinero hist\u00f3rico.<\/p>\n\n\n\n<p class=\"wp-block-paragraph\">La visita a ambos barcos es enormemente interesante, porque <strong>te permite asomarte de cerca a los estrechos camarotes de la tripulaci\u00f3n, las enormes bodegas de carga y los elegantes comedores de oficiales<\/strong>. As\u00ed puedes imaginarte muy v\u00edvidamente lo incre\u00edblemente dura, pero a la vez aventurera, que era la vida cotidiana en alta mar.<\/p>\n\n\n\n<p class=\"wp-block-paragraph\">\ud83d\udca1 Consejo: <strong>Si viajas con ni\u00f1os, trepar por los estrechos pasillos y las empinadas escaleras del barco sin falta les divertir\u00e1<\/strong> mucho m\u00e1s que los museos cl\u00e1sicos tranquilos. Solo ten mucho cuidado con la cabeza, los techos bajo cubierta son a veces traicioneramente bajos.<\/p>\n\n\n\n<figure data-wp-context=\"{&quot;imageId&quot;:&quot;6a952c61821b3&quot;}\" data-wp-interactive=\"core\/image\" data-wp-key=\"6a952c61821b3\" class=\"wp-block-image size-full wp-lightbox-container\"><img decoding=\"async\" width=\"1800\" height=\"1797\" data-wp-class--hide=\"state.isContentHidden\" data-wp-class--show=\"state.isContentVisible\" data-wp-init=\"callbacks.setButtonStyles\" data-wp-on--click=\"actions.showLightbox\" data-wp-on--load=\"callbacks.setButtonStyles\" data-wp-on--pointerdown=\"actions.preloadImage\" data-wp-on--pointerenter=\"actions.preloadImageWithDelay\" data-wp-on--pointerleave=\"actions.cancelPreload\" data-wp-on-window--resize=\"callbacks.setButtonStyles\" src=\"https:\/\/loudavymkrokem.cz\/wp-content\/uploads\/2026\/08\/nemecko-clanky-co-videt-v-hamburku-26.jpg\" alt=\"Plato vegetariano en un restaurante\" class=\"wp-image-399036\" title=\"\" srcset=\"https:\/\/loudavymkrokem.cz\/wp-content\/uploads\/2026\/08\/nemecko-clanky-co-videt-v-hamburku-26.jpg 1800w, https:\/\/loudavymkrokem.cz\/wp-content\/uploads\/2026\/08\/nemecko-clanky-co-videt-v-hamburku-26-300x300.jpg 300w, https:\/\/loudavymkrokem.cz\/wp-content\/uploads\/2026\/08\/nemecko-clanky-co-videt-v-hamburku-26-700x699.jpg 700w, https:\/\/loudavymkrokem.cz\/wp-content\/uploads\/2026\/08\/nemecko-clanky-co-videt-v-hamburku-26-150x150.jpg 150w, https:\/\/loudavymkrokem.cz\/wp-content\/uploads\/2026\/08\/nemecko-clanky-co-videt-v-hamburku-26-768x767.jpg 768w, https:\/\/loudavymkrokem.cz\/wp-content\/uploads\/2026\/08\/nemecko-clanky-co-videt-v-hamburku-26-1536x1533.jpg 1536w, https:\/\/loudavymkrokem.cz\/wp-content\/uploads\/2026\/08\/nemecko-clanky-co-videt-v-hamburku-26-696x695.jpg 696w, https:\/\/loudavymkrokem.cz\/wp-content\/uploads\/2026\/08\/nemecko-clanky-co-videt-v-hamburku-26-1392x1390.jpg 1392w\" sizes=\"(max-width: 1800px) 100vw, 1800px\" \/><button\n\t\t\tclass=\"lightbox-trigger\"\n\t\t\ttype=\"button\"\n\t\t\taria-haspopup=\"dialog\"\n\t\t\tdata-wp-bind--aria-label=\"state.thisImage.triggerButtonAriaLabel\"\n\t\t\tdata-wp-init=\"callbacks.initTriggerButton\"\n\t\t\tdata-wp-on--click=\"actions.showLightbox\"\n\t\t\tdata-wp-style--right=\"state.thisImage.buttonRight\"\n\t\t\tdata-wp-style--top=\"state.thisImage.buttonTop\"\n\t\t>\n\t\t\t<svg xmlns=\"http:\/\/www.w3.org\/2000\/svg\" width=\"12\" height=\"12\" fill=\"none\" viewBox=\"0 0 12 12\">\n\t\t\t\t<path fill=\"#fff\" d=\"M2 0a2 2 0 0 0-2 2v2h1.5V2a.5.5 0 0 1 .5-.5h2V0H2Zm2 10.5H2a.5.5 0 0 1-.5-.5V8H0v2a2 2 0 0 0 2 2h2v-1.5ZM8 12v-1.5h2a.5.5 0 0 0 .5-.5V8H12v2a2 2 0 0 1-2 2H8Zm2-12a2 2 0 0 1 2 2v2h-1.5V2a.5.5 0 0 0-.5-.5H8V0h2Z\" \/>\n\t\t\t<\/svg>\n\t\t<\/button><figcaption class=\"wp-element-caption\">Foto: Johor Haki, owner of the \u00abjoHoRkAki siNGApoRE TRAvEL FooD Li \/ Wikimedia Commons, CC BY-SA 4.0<\/figcaption><\/figure>\n\n\n\n<h3 class=\"wp-block-heading\"><span class=\"ez-toc-section\" id=\"22_Gastronomia_verde_y_sostenible\"><\/span>22. Gastronom\u00eda verde y sostenible<span class=\"ez-toc-section-end\"><\/span><\/h3>\n\n\n\n<p class=\"wp-block-paragraph\">Hamburgo es incre\u00edblemente amable con la dieta vegetal y aqu\u00ed encontrar\u00e1s una enorme cantidad de locales fant\u00e1sticos centrados en una alimentaci\u00f3n \u00e9tica y sostenible. <strong>Si buscas un ambiente acogedor y hogare\u00f1o, ve sin falta a la cafeter\u00eda-librer\u00eda Kapitel 3<\/strong>, en el barrio de Altona, donde con un caf\u00e9 estupendo puedes disfrutar de un men\u00fa completamente vegano y sumergirte en alguno de los muchos libros expuestos que decoran las paredes del local.<\/p>\n\n\n\n<p class=\"wp-block-paragraph\">Otra parada estupenda para comer o tomar un caf\u00e9 es el muy popular <strong>Caf\u00e9 geen, que seduce con una oferta totalmente vegana de esponjosos postres y platos principales<\/strong> y que, en los d\u00edas soleados, ofrece una agradable terraza al aire libre. Para los amantes de la buena cocina asi\u00e1tica est\u00e1, adem\u00e1s, el enormemente popular Citta Vegan House, donde combinan con maestr\u00eda platos veganos de fusi\u00f3n asi\u00e1tica en un entorno precioso y fotog\u00e9nico.<\/p>\n\n\n\n<p class=\"wp-block-paragraph\">\ud83d\udca1 Consejo: <strong>La mayor\u00eda de estos populares locales veganos suele estar bastante lleno a la hora de comer y de cenar<\/strong>, as\u00ed que merece la pena llegar justo tras la apertura o reservar mesa de antemano. Sobre todo los fines de semana hay una demanda enorme de sitio en estos locales.<\/p>\n\n\n\n<h2 class=\"wp-block-heading\"><span class=\"ez-toc-section\" id=\"Adonde_ir_despues_de_Hamburgo\"><\/span>Ad\u00f3nde ir despu\u00e9s de Hamburgo<span class=\"ez-toc-section-end\"><\/span><\/h2>\n\n\n\n<p class=\"wp-block-paragraph\">El norte de Alemania es un magn\u00edfico punto de partida para seguir descubriendo y, gracias a su excelente red de trenes de alta velocidad, llegas f\u00e1cilmente incluso a metr\u00f3polis m\u00e1s lejanas. <strong>Si te atraen otras grandes ciudades, lee nuestro art\u00edculo sobre <a href=\"https:\/\/loudavymkrokem.cz\/es\/berlin-alemania-que-ver\/\">qu\u00e9 ver en Berl\u00edn<\/a><\/strong>, adonde llegas en tren en menos de dos horas. Para los amantes de las zonas m\u00e1s al sur y de la cultura b\u00e1vara, te recomiendo explorar los consejos sobre <strong><a href=\"https:\/\/loudavymkrokem.cz\/es\/munich-alemania-que-ver\/\">qu\u00e9 hacer en M\u00fanich<\/a><\/strong>.<\/p>\n\n\n\n<p class=\"wp-block-paragraph\">Si planeas el viaje en invierno y quieres empaparte del aut\u00e9ntico ambiente navide\u00f1o, <strong>no dejes de mirar nuestro gran repaso de los <a href=\"https:\/\/loudavymkrokem.cz\/es\/mercados-navidenos-alemania\/\">mercados de Navidad en Alemania<\/a><\/strong>, donde encontrar\u00e1s inspiraci\u00f3n para los destinos de Adviento m\u00e1s bonitos. Y si tras los largos paseos por la ciudad necesitas descansar de verdad, <strong>elige alguna de las estupendas estancias de relax del art\u00edculo sobre <a href=\"https:\/\/loudavymkrokem.cz\/es\/hoteles-wellness-alemania\/\">hoteles wellness en Alemania<\/a><\/strong>.<\/p>\n\n\n\n<h2 class=\"wp-block-heading\"><span class=\"ez-toc-section\" id=\"Preguntas_frecuentes\"><\/span>Preguntas frecuentes<span class=\"ez-toc-section-end\"><\/span><\/h2>\n\n\n<div id=\"rank-math-faq\" class=\"rank-math-block\">\n<div class=\"rank-math-list \">\n<div id=\"faq-question-1787731481000\" class=\"rank-math-list-item\">\n<h3 class=\"rank-math-question \"><span class=\"ez-toc-section\" id=\"%C2%BFCuantos_dias_necesito_para_visitar_Hamburgo\"><\/span>\u00bfCu\u00e1ntos d\u00edas necesito para visitar Hamburgo?<span class=\"ez-toc-section-end\"><\/span><\/h3>\n<div class=\"rank-math-answer \">\n\n<p>Para una visita tranquila de todos los principales monumentos y para empaparse del ambiente local, recomiendo reservar al menos dos o tres d\u00edas completos. <strong>Solo el barrio de HafenCity con Miniatur Wunderland, Speicherstadt y la Elbphilharmonie te ocupar\u00e1 casi un d\u00eda entero<\/strong>, y otro d\u00eda puedes dedicarlo a pasear por el centro, el ayuntamiento, los lagos y un paseo panor\u00e1mico en ferry.<\/p>\n\n<\/div>\n<\/div>\n<div id=\"faq-question-1787731481001\" class=\"rank-math-list-item\">\n<h3 class=\"rank-math-question \"><span class=\"ez-toc-section\" id=\"%C2%BFCual_es_la_mejor_manera_de_llegar_del_aeropuerto_al_centro_de_la_ciudad\"><\/span>\u00bfCu\u00e1l es la mejor manera de llegar del aeropuerto al centro de la ciudad?<span class=\"ez-toc-section-end\"><\/span><\/h3>\n<div class=\"rank-math-answer \">\n\n<p>La conexi\u00f3n es incre\u00edblemente f\u00e1cil y r\u00e1pida, porque <strong>justo debajo de la terminal hay una estaci\u00f3n del tren de cercan\u00edas S-Bahn l\u00ednea S1<\/strong>, que sale cada diez minutos. El viaje hasta la estaci\u00f3n central (Hauptbahnhof) dura solo 25 minutos y es v\u00e1lido el billete normal de transporte p\u00fablico urbano, as\u00ed que no tienes que comprar ning\u00fan billete especial de aeropuerto.<\/p>\n\n<\/div>\n<\/div>\n<div id=\"faq-question-1787731481002\" class=\"rank-math-list-item\">\n<h3 class=\"rank-math-question \"><span class=\"ez-toc-section\" id=\"%C2%BFEs_la_ciudad_adecuada_para_familias_con_ninos\"><\/span>\u00bfEs la ciudad adecuada para familias con ni\u00f1os?<span class=\"ez-toc-section-end\"><\/span><\/h3>\n<div class=\"rank-math-answer \">\n\n<p>Sin duda s\u00ed, aqu\u00ed hay preparada una enorme cantidad de atracciones para ni\u00f1os encabezadas por el magn\u00edfico Miniatur Wunderland, que es un \u00e9xito absoluto para todas las generaciones. <strong>La mayor\u00eda de los museos tienen excelentes elementos interactivos, en los parques encontrar\u00e1s muchos parques infantiles y zonas de juegos<\/strong>, y explorar los barcos museo hist\u00f3ricos o un paseo en el ferry amarillo entretiene a ni\u00f1os de todas las edades.<\/p>\n\n<\/div>\n<\/div>\n<div id=\"faq-question-1787731481003\" class=\"rank-math-list-item\">\n<h3 class=\"rank-math-question \"><span class=\"ez-toc-section\" id=\"%C2%BFComo_es_el_transporte_y_merece_la_pena_la_Hamburg_Card\"><\/span>\u00bfC\u00f3mo es el transporte y merece la pena la Hamburg Card?<span class=\"ez-toc-section-end\"><\/span><\/h3>\n<div class=\"rank-math-answer \">\n\n<p>El centro de la ciudad es bastante extenso y los monumentos a veces est\u00e1n alejados entre s\u00ed, as\u00ed que definitivamente no evitar\u00e1s desplazamientos en metro (U-Bahn) o trenes S-Bahn. <strong>La tarjeta tur\u00edstica Hamburg Card ofrece transporte ilimitado y descuentos en la entrada a muchos museos<\/strong>, as\u00ed que si planeas visitar varios monumentos de pago y no quieres caminar solo a pie, su adquisici\u00f3n te saldr\u00e1 muy rentable.<\/p>\n\n<\/div>\n<\/div>\n<div id=\"faq-question-1787731481004\" class=\"rank-math-list-item\">\n<h3 class=\"rank-math-question \"><span class=\"ez-toc-section\" id=\"%C2%BFQue_presupuesto_debo_calcular_para_las_entradas\"><\/span>\u00bfQu\u00e9 presupuesto debo calcular para las entradas?<span class=\"ez-toc-section-end\"><\/span><\/h3>\n<div class=\"rank-math-answer \">\n\n<p>Las entradas a las principales atracciones comerciales no son las m\u00e1s baratas, <strong>para un adulto prepara un presupuesto de aproximadamente 70 a 95 euros<\/strong>, si quieres ver lo m\u00e1s importante. Solo la entrada al Miniatur Wunderland cuesta 25 euros y las visitas a barcos o museos rondan los 10 a 15 euros por persona, pero afortunadamente hay muchos lugares como Speicherstadt o el mirador de la Elbphilharmonie que son completamente gratuitos.<\/p>\n\n<\/div>\n<\/div>\n<div id=\"faq-question-1787731481005\" class=\"rank-math-list-item\">\n<h3 class=\"rank-math-question \"><span class=\"ez-toc-section\" id=\"%C2%BFTengo_que_comprar_las_entradas_a_los_principales_monumentos_con_antelacion\"><\/span>\u00bfTengo que comprar las entradas a los principales monumentos con antelaci\u00f3n?<span class=\"ez-toc-section-end\"><\/span><\/h3>\n<div class=\"rank-math-answer \">\n\n<p>Para las atracciones m\u00e1s populares es absolutamente necesario, <strong>especialmente para el Miniatur Wunderland, donde en temporada alta suele estar agotado con varias semanas de antelaci\u00f3n<\/strong> y no puedes comprar entradas en el mismo lugar. De la misma manera, debes reservar con antelaci\u00f3n y de forma gratuita una franja horaria para subir a la terraza panor\u00e1mica Plaza en el edificio de la Elbphilharmonie, de lo contrario simplemente no te dejar\u00e1n pasar a las escaleras mec\u00e1nicas.<\/p>\n\n<\/div>\n<\/div>\n<div id=\"faq-question-1787731481006\" class=\"rank-math-list-item\">\n<h3 class=\"rank-math-question \"><span class=\"ez-toc-section\" id=\"%C2%BFQue_se_puede_hacer_en_la_ciudad_cuando_llueve\"><\/span>\u00bfQu\u00e9 se puede hacer en la ciudad cuando llueve?<span class=\"ez-toc-section-end\"><\/span><\/h3>\n<div class=\"rank-math-answer \">\n\n<p>El norte de Alemania es bastante conocido por su clima lluvioso t\u00edpico, al que los locales llaman Schietwetter, pero la ciudad est\u00e1 perfectamente preparada para ello. <strong>Adem\u00e1s del Miniatur Wunderland, puedes refugiarte en el enorme Museo Mar\u00edtimo de nueve plantas<\/strong>, visitar el museo interactivo del chocolate Chocoversum, o pasar tranquilamente medio d\u00eda admirando arte en la preciosa galer\u00eda Hamburger Kunsthalle.<\/p>\n\n<\/div>\n<\/div>\n<\/div>\n<\/div>","protected":false},"excerpt":{"rendered":"<p>Descubre los 22 mejores lugares de Hamburgo, en Alemania, desde la Speicherstadt de ladrillo hasta el mirador de la Elbphilharmonie, y planea tu viaje perfecto a la Venecia del norte.<\/p>\n","protected":false},"author":3,"featured_media":396962,"comment_status":"open","ping_status":"open","sticky":false,"template":"","format":"standard","meta":{"_acf_changed":false,"footnotes":"","rank_math_title":"Qu\u00e9 ver en Hamburgo, Alemania: 22 planes imprescindibles","rank_math_description":"Descubre qu\u00e9 ver en Hamburgo, Alemania: 22 planes con la Speicherstadt, la Elbphilharmonie y la Venecia del norte. \u00a1Planea ya tu viaje perfecto!","rank_math_focus_keyword":"hamburgo alemania","rank_math_seo_score":""},"categories":[1021,996,980],"tags":[],"class_list":["post-408453","post","type-post","status-publish","format-standard","has-post-thumbnail","category-alemania","category-europa","category-viajes"],"acf":[],"featured_image_src":"https:\/\/loudavymkrokem.cz\/wp-content\/uploads\/2026\/08\/nemecko-clanky-co-videt-v-hamburku-04.jpg","author_info":{"display_name":"Lucie Kone\u010dn\u00e1","author_link":"https:\/\/loudavymkrokem.cz\/es\/author\/lucie-konecna\/"},"_links":{"self":[{"href":"https:\/\/loudavymkrokem.cz\/es\/wp-json\/wp\/v2\/posts\/408453","targetHints":{"allow":["GET"]}}],"collection":[{"href":"https:\/\/loudavymkrokem.cz\/es\/wp-json\/wp\/v2\/posts"}],"about":[{"href":"https:\/\/loudavymkrokem.cz\/es\/wp-json\/wp\/v2\/types\/post"}],"author":[{"embeddable":true,"href":"https:\/\/loudavymkrokem.cz\/es\/wp-json\/wp\/v2\/users\/3"}],"replies":[{"embeddable":true,"href":"https:\/\/loudavymkrokem.cz\/es\/wp-json\/wp\/v2\/comments?post=408453"}],"version-history":[{"count":0,"href":"https:\/\/loudavymkrokem.cz\/es\/wp-json\/wp\/v2\/posts\/408453\/revisions"}],"wp:featuredmedia":[{"embeddable":true,"href":"https:\/\/loudavymkrokem.cz\/es\/wp-json\/wp\/v2\/media\/396962"}],"wp:attachment":[{"href":"https:\/\/loudavymkrokem.cz\/es\/wp-json\/wp\/v2\/media?parent=408453"}],"wp:term":[{"taxonomy":"category","embeddable":true,"href":"https:\/\/loudavymkrokem.cz\/es\/wp-json\/wp\/v2\/categories?post=408453"},{"taxonomy":"post_tag","embeddable":true,"href":"https:\/\/loudavymkrokem.cz\/es\/wp-json\/wp\/v2\/tags?post=408453"}],"curies":[{"name":"wp","href":"https:\/\/api.w.org\/{rel}","templated":true}]}}