{"id":408444,"date":"2026-08-26T17:25:43","date_gmt":"2026-08-26T15:25:43","guid":{"rendered":"https:\/\/loudavymkrokem.cz\/vacaciones-chipre-lugares-ver\/"},"modified":"2026-09-01T11:16:05","modified_gmt":"2026-09-01T09:16:05","slug":"vacaciones-chipre-lugares-ver","status":"publish","type":"post","link":"https:\/\/loudavymkrokem.cz\/es\/vacaciones-chipre-lugares-ver\/","title":{"rendered":"Vacaciones en Chipre: 24 lugares que ver y playas en 2026"},"content":{"rendered":"\n<!-- lk-tldr -->\n<div class=\"lk-tldr\" style=\"background:#f7f5f0;border-left:4px solid #c39f76;border-radius:0 10px 10px 0;padding:14px 18px;margin:0 0 26px;font-size:15px;line-height:1.65;\"><strong style=\"display:block;font-size:12px;text-transform:uppercase;letter-spacing:.06em;color:#a9885a;margin-bottom:5px;\">TL;DR<\/strong>Chipre tiene la <strong>temporada de ba\u00f1o m\u00e1s larga de Europa<\/strong>: en junio el mar en Ayia Napa est\u00e1 a 25,7 \u00b0C y todav\u00eda en noviembre a 24,5 \u00b0C. En julio y agosto supera los 32 \u00b0C y llueve 0,1 d\u00edas al mes. <strong>Pafos<\/strong> es antig\u00fcedad y UNESCO, <strong>Ayia Napa<\/strong> playas y fiesta, <strong>Protaras<\/strong> tranquilidad familiar y las <strong>monta\u00f1as Troodos<\/strong> son entre 8 y 10 grados m\u00e1s frescas, en invierno incluso se esqu\u00eda. \u26a0\ufe0f La isla est\u00e1 dividida; al norte se puede cruzar por pasos oficiales, pero <strong>necesitas el pasaporte<\/strong> y con un coche de alquiler solo con permiso de la agencia y contratando un seguro adicional. Se conduce por la izquierda, se paga en euros y el halloumi procede precisamente de aqu\u00ed.<\/div>\n<!-- \/lk-tldr -->\n\n\n\n<!-- lk-navbar -->\n<div class=\"lk-navbar\" style=\"margin:0 0 28px;\"><div style=\"font-size:12px;text-transform:uppercase;letter-spacing:.06em;color:#a9885a;font-weight:700;margin-bottom:9px;\">Enlaces r\u00e1pidos<\/div><div style=\"display:flex;flex-wrap:wrap;gap:9px;\"><a href=\"#Cuando_ir_a_Chipre_el_clima_mes_a_mes\" style=\"background:#c39f76;color:#fff;border:1px solid #c39f76;font-weight:700;padding:9px 15px;border-radius:22px;font-size:14px;text-decoration:none;display:inline-block;line-height:1;\">\ud83c\udf21\ufe0f Cu\u00e1ndo ir<\/a><a href=\"#Que_ver_en_Chipre_24_lugares_de_los_mosaicos_a_las_montanas\" style=\"background:#fff;color:#6b5a44;border:1px solid #e2d6c1;font-weight:600;padding:9px 15px;border-radius:22px;font-size:14px;text-decoration:none;display:inline-block;line-height:1;\">\ud83d\udccd 24 lugares<\/a><a href=\"#Donde_alojarse_en_Chipre_que_zona_le_va_a_quien\" style=\"background:#fff;color:#6b5a44;border:1px solid #e2d6c1;font-weight:600;padding:9px 15px;border-radius:22px;font-size:14px;text-decoration:none;display:inline-block;line-height:1;\">\ud83c\udfe8 D\u00f3nde dormir<\/a><a href=\"#Que_comer_en_Chipre_un_paraiso_para_vegetarianos\" style=\"background:#fff;color:#6b5a44;border:1px solid #e2d6c1;font-weight:600;padding:9px 15px;border-radius:22px;font-size:14px;text-decoration:none;display:inline-block;line-height:1;\">\ud83c\udf7d\ufe0f Qu\u00e9 comer<\/a><a href=\"#Transporte_por_Chipre_coche_autobuses_y_paso_al_norte\" style=\"background:#fff;color:#6b5a44;border:1px solid #e2d6c1;font-weight:600;padding:9px 15px;border-radius:22px;font-size:14px;text-decoration:none;display:inline-block;line-height:1;\">\ud83d\ude97 Transporte<\/a><a href=\"#Cuanto_cuestan_unas_vacaciones_en_Chipre\" style=\"background:#fff;color:#6b5a44;border:1px solid #e2d6c1;font-weight:600;padding:9px 15px;border-radius:22px;font-size:14px;text-decoration:none;display:inline-block;line-height:1;\">\ud83d\udcb0 Precios<\/a><a href=\"#Preguntas_frecuentes\" style=\"background:#fff;color:#6b5a44;border:1px solid #e2d6c1;font-weight:600;padding:9px 15px;border-radius:22px;font-size:14px;text-decoration:none;display:inline-block;line-height:1;\">\u2753 FAQ<\/a><\/div><\/div>\n<!-- \/lk-navbar -->\n\n\n\n<p class=\"wp-block-paragraph\">\u00bfSab\u00edas que esta isla mediterr\u00e1nea tiene la <strong>temporada de ba\u00f1o m\u00e1s larga de toda Europa<\/strong>, de modo que ya en mayo te zambulles entre las olas y todav\u00eda en noviembre el mar sigue a unos incre\u00edbles 23 \u00b0C? Y sin embargo, este para\u00edso veraniego es tambi\u00e9n un lugar de profundos contrastes, porque a\u00fan hoy lo atraviesa una alambrada y esconde la <strong>\u00faltima capital dividida que queda en Europa<\/strong>. Tumbarte al sol en la playa se mezcla aqu\u00ed, de forma totalmente natural, con descubrir una historia reciente muy compleja, lo que convierte el destino en una meta fascinante para cualquier viajero curioso.<\/p>\n\n\n\n<p class=\"wp-block-paragraph\">Si ahora mismo te tienta pasar unas <strong>vacaciones en Chipre<\/strong>, desde luego no te vas a arrepentir, porque este lugar satisface de sobra a los amantes de los monumentos, del senderismo de monta\u00f1a y tambi\u00e9n del interminable descanso en la playa. Al planear el itinerario y buscar informaci\u00f3n sobre <strong>qu\u00e9 ver en Chipre<\/strong>, quiz\u00e1 te sorprenda un poco el tama\u00f1o de la isla, ya que cruzarla de un extremo a otro puede llevar tranquilamente varias horas. Los viajeros preguntan a menudo c\u00f3mo funciona realmente esa frontera entre el norte y el sur, y por eso he decidido reunir una gu\u00eda completa que responda a todas tus dudas pr\u00e1cticas.<\/p>\n\n\n\n<p class=\"wp-block-paragraph\">En este art\u00edculo te esperan nada menos que <strong>24 propuestas concretas<\/strong> de ad\u00f3nde ir y qu\u00e9 no puedes perderte. He preparado para ti <strong>tablas de clima detalladas mes a mes<\/strong>, basadas en datos reales de diez a\u00f1os, y veremos con detalle tanto el sur como el norte de la isla. Tambi\u00e9n descubrir\u00e1s d\u00f3nde alojarte mejor, que desde Madrid hay vuelos con escala y desde Espa\u00f1a (con Iberia, Vueling o Ryanair) llegas c\u00f3modamente a L\u00e1rnaca y Pafos, y c\u00f3mo funciona el transporte local. La Rep\u00fablica de Chipre es miembro de pleno derecho de la UE y se paga en euros, as\u00ed que tendr\u00e1s una idea clara de con qu\u00e9 precios contar y d\u00f3nde encontrar la mejor comida para vegetarianos. \u263a\ufe0f<\/p>\n\n\n\n<figure data-wp-context=\"{&quot;imageId&quot;:&quot;6a9944f090924&quot;}\" data-wp-interactive=\"core\/image\" data-wp-key=\"6a9944f090924\" class=\"wp-block-image size-full wp-lightbox-container\"><img decoding=\"async\" width=\"1500\" height=\"1124\" data-wp-class--hide=\"state.isContentHidden\" data-wp-class--show=\"state.isContentVisible\" data-wp-init=\"callbacks.setButtonStyles\" data-wp-on--click=\"actions.showLightbox\" data-wp-on--load=\"callbacks.setButtonStyles\" data-wp-on--pointerdown=\"actions.preloadImage\" data-wp-on--pointerenter=\"actions.preloadImageWithDelay\" data-wp-on--pointerleave=\"actions.cancelPreload\" data-wp-on-window--resize=\"callbacks.setButtonStyles\" src=\"https:\/\/loudavymkrokem.cz\/wp-content\/uploads\/2026\/08\/dovolena-kypr-uvod.jpg\" alt=\"Mar turquesa junto a Ayia Napa\" class=\"wp-image-399836\" title=\"\" srcset=\"https:\/\/loudavymkrokem.cz\/wp-content\/uploads\/2026\/08\/dovolena-kypr-uvod.jpg 1500w, https:\/\/loudavymkrokem.cz\/wp-content\/uploads\/2026\/08\/dovolena-kypr-uvod-300x225.jpg 300w, https:\/\/loudavymkrokem.cz\/wp-content\/uploads\/2026\/08\/dovolena-kypr-uvod-700x525.jpg 700w, https:\/\/loudavymkrokem.cz\/wp-content\/uploads\/2026\/08\/dovolena-kypr-uvod-768x575.jpg 768w, https:\/\/loudavymkrokem.cz\/wp-content\/uploads\/2026\/08\/dovolena-kypr-uvod-80x60.jpg 80w, https:\/\/loudavymkrokem.cz\/wp-content\/uploads\/2026\/08\/dovolena-kypr-uvod-160x120.jpg 160w, https:\/\/loudavymkrokem.cz\/wp-content\/uploads\/2026\/08\/dovolena-kypr-uvod-696x522.jpg 696w, https:\/\/loudavymkrokem.cz\/wp-content\/uploads\/2026\/08\/dovolena-kypr-uvod-1392x1043.jpg 1392w\" sizes=\"(max-width: 1500px) 100vw, 1500px\" \/><button\n\t\t\tclass=\"lightbox-trigger\"\n\t\t\ttype=\"button\"\n\t\t\taria-haspopup=\"dialog\"\n\t\t\tdata-wp-bind--aria-label=\"state.thisImage.triggerButtonAriaLabel\"\n\t\t\tdata-wp-init=\"callbacks.initTriggerButton\"\n\t\t\tdata-wp-on--click=\"actions.showLightbox\"\n\t\t\tdata-wp-style--right=\"state.thisImage.buttonRight\"\n\t\t\tdata-wp-style--top=\"state.thisImage.buttonTop\"\n\t\t>\n\t\t\t<svg xmlns=\"http:\/\/www.w3.org\/2000\/svg\" width=\"12\" height=\"12\" fill=\"none\" viewBox=\"0 0 12 12\">\n\t\t\t\t<path fill=\"#fff\" d=\"M2 0a2 2 0 0 0-2 2v2h1.5V2a.5.5 0 0 1 .5-.5h2V0H2Zm2 10.5H2a.5.5 0 0 1-.5-.5V8H0v2a2 2 0 0 0 2 2h2v-1.5ZM8 12v-1.5h2a.5.5 0 0 0 .5-.5V8H12v2a2 2 0 0 1-2 2H8Zm2-12a2 2 0 0 1 2 2v2h-1.5V2a.5.5 0 0 0-.5-.5H8V0h2Z\" \/>\n\t\t\t<\/svg>\n\t\t<\/button><figcaption class=\"wp-element-caption\">Mar turquesa junto a Ayia Napa (Foto: Gerda Arendt \/ Wikimedia Commons, CC0)<\/figcaption><\/figure>\n\n\n\n<div id=\"ez-toc-container\" class=\"ez-toc-v2_0_87 ez-toc-wrap-left counter-hierarchy ez-toc-counter ez-toc-grey ez-toc-container-direction\">\n<div class=\"ez-toc-title-container\">\n<p class=\"ez-toc-title\" style=\"cursor:inherit\">Contenido del art\u00edculo<\/p>\n<span class=\"ez-toc-title-toggle\"><a href=\"#\" class=\"ez-toc-pull-right ez-toc-btn ez-toc-btn-xs ez-toc-btn-default ez-toc-toggle\" aria-label=\"Alternar tabla de contenidos\"><span class=\"ez-toc-js-icon-con\"><span class=\"\"><span class=\"eztoc-hide\" style=\"display:none;\">Toggle<\/span><span class=\"ez-toc-icon-toggle-span\"><svg style=\"fill: #999;color:#999\" xmlns=\"http:\/\/www.w3.org\/2000\/svg\" class=\"list-377408\" width=\"20px\" height=\"20px\" viewBox=\"0 0 24 24\" fill=\"none\"><path d=\"M6 6H4v2h2V6zm14 0H8v2h12V6zM4 11h2v2H4v-2zm16 0H8v2h12v-2zM4 16h2v2H4v-2zm16 0H8v2h12v-2z\" fill=\"currentColor\"><\/path><\/svg><svg style=\"fill: #999;color:#999\" class=\"arrow-unsorted-368013\" xmlns=\"http:\/\/www.w3.org\/2000\/svg\" width=\"10px\" height=\"10px\" viewBox=\"0 0 24 24\" version=\"1.2\" baseProfile=\"tiny\"><path d=\"M18.2 9.3l-6.2-6.3-6.2 6.3c-.2.2-.3.4-.3.7s.1.5.3.7c.2.2.4.3.7.3h11c.3 0 .5-.1.7-.3.2-.2.3-.5.3-.7s-.1-.5-.3-.7zM5.8 14.7l6.2 6.3 6.2-6.3c.2-.2.3-.5.3-.7s-.1-.5-.3-.7c-.2-.2-.4-.3-.7-.3h-11c-.3 0-.5.1-.7.3-.2.2-.3.5-.3.7s.1.5.3.7z\"\/><\/svg><\/span><\/span><\/span><\/a><\/span><\/div>\n<nav><ul class='ez-toc-list ez-toc-list-level-1 ' ><li class='ez-toc-page-1 ez-toc-heading-level-2'><a class=\"ez-toc-link ez-toc-heading-1\" href=\"https:\/\/loudavymkrokem.cz\/es\/vacaciones-chipre-lugares-ver\/#Resumen\" >Resumen<\/a><\/li><li class='ez-toc-page-1 ez-toc-heading-level-2'><a class=\"ez-toc-link ez-toc-heading-2\" href=\"https:\/\/loudavymkrokem.cz\/es\/vacaciones-chipre-lugares-ver\/#Por_que_ir_a_Chipre_y_para_quien_no_es\" >Por qu\u00e9 ir a Chipre (y para qui\u00e9n no es)<\/a><ul class='ez-toc-list-level-3' ><li class='ez-toc-heading-level-3'><a class=\"ez-toc-link ez-toc-heading-3\" href=\"https:\/\/loudavymkrokem.cz\/es\/vacaciones-chipre-lugares-ver\/#6_razones_por_las_que_Chipre_merece_el_viaje\" >6 razones por las que Chipre merece el viaje<\/a><\/li><li class='ez-toc-page-1 ez-toc-heading-level-3'><a class=\"ez-toc-link ez-toc-heading-4\" href=\"https:\/\/loudavymkrokem.cz\/es\/vacaciones-chipre-lugares-ver\/#A_quien_no_le_va_Chipre\" >A qui\u00e9n no le va Chipre<\/a><\/li><\/ul><\/li><li class='ez-toc-page-1 ez-toc-heading-level-2'><a class=\"ez-toc-link ez-toc-heading-5\" href=\"https:\/\/loudavymkrokem.cz\/es\/vacaciones-chipre-lugares-ver\/#Cuando_ir_a_Chipre_el_clima_mes_a_mes\" >Cu\u00e1ndo ir a Chipre: el clima mes a mes<\/a><ul class='ez-toc-list-level-3' ><li class='ez-toc-heading-level-3'><a class=\"ez-toc-link ez-toc-heading-6\" href=\"https:\/\/loudavymkrokem.cz\/es\/vacaciones-chipre-lugares-ver\/#Pafos_el_oeste_de_la_isla_es_algo_mas_suave\" >Pafos: el oeste de la isla es algo m\u00e1s suave<\/a><\/li><li class='ez-toc-page-1 ez-toc-heading-level-3'><a class=\"ez-toc-link ez-toc-heading-7\" href=\"https:\/\/loudavymkrokem.cz\/es\/vacaciones-chipre-lugares-ver\/#Montanas_Troodos_una_isla_completamente_distinta\" >Monta\u00f1as Troodos: una isla completamente distinta<\/a><\/li><li class='ez-toc-page-1 ez-toc-heading-level-3'><a class=\"ez-toc-link ez-toc-heading-8\" href=\"https:\/\/loudavymkrokem.cz\/es\/vacaciones-chipre-lugares-ver\/#Los_mejores_meses_segun_el_tipo_de_vacaciones\" >Los mejores meses seg\u00fan el tipo de vacaciones<\/a><\/li><\/ul><\/li><li class='ez-toc-page-1 ez-toc-heading-level-2'><a class=\"ez-toc-link ez-toc-heading-9\" href=\"https:\/\/loudavymkrokem.cz\/es\/vacaciones-chipre-lugares-ver\/#Que_ver_en_Chipre_24_lugares_de_los_mosaicos_antiguos_a_las_montanas\" >Qu\u00e9 ver en Chipre: 24 lugares, de los mosaicos antiguos a las monta\u00f1as<\/a><ul class='ez-toc-list-level-3' ><li class='ez-toc-heading-level-3'><a class=\"ez-toc-link ez-toc-heading-10\" href=\"https:\/\/loudavymkrokem.cz\/es\/vacaciones-chipre-lugares-ver\/#1_Parque_arqueologico_de_Pafos_los_mosaicos_por_los_que_viene_la_gente\" >1. Parque arqueol\u00f3gico de Pafos: los mosaicos por los que viene la gente<\/a><\/li><li class='ez-toc-page-1 ez-toc-heading-level-3'><a class=\"ez-toc-link ez-toc-heading-11\" href=\"https:\/\/loudavymkrokem.cz\/es\/vacaciones-chipre-lugares-ver\/#2_Tumbas_de_los_Reyes_Tombs_of_the_Kings\" >2. Tumbas de los Reyes (Tombs of the Kings)<\/a><\/li><li class='ez-toc-page-1 ez-toc-heading-level-3'><a class=\"ez-toc-link ez-toc-heading-12\" href=\"https:\/\/loudavymkrokem.cz\/es\/vacaciones-chipre-lugares-ver\/#3_Petra_tou_Romiou_la_roca_donde_nacio_Afrodita_segun_el_mito\" >3. Petra tou Romiou: la roca donde naci\u00f3 Afrodita seg\u00fan el mito<\/a><\/li><li class='ez-toc-page-1 ez-toc-heading-level-3'><a class=\"ez-toc-link ez-toc-heading-13\" href=\"https:\/\/loudavymkrokem.cz\/es\/vacaciones-chipre-lugares-ver\/#4_Peninsula_de_Akamas_y_la_Laguna_Azul\" >4. Pen\u00ednsula de Akamas y la Laguna Azul<\/a><\/li><li class='ez-toc-page-1 ez-toc-heading-level-3'><a class=\"ez-toc-link ez-toc-heading-14\" href=\"https:\/\/loudavymkrokem.cz\/es\/vacaciones-chipre-lugares-ver\/#5_Garganta_de_Avakas\" >5. Garganta de Avakas<\/a><\/li><li class='ez-toc-page-1 ez-toc-heading-level-3'><a class=\"ez-toc-link ez-toc-heading-15\" href=\"https:\/\/loudavymkrokem.cz\/es\/vacaciones-chipre-lugares-ver\/#6_Lara_Bay_y_las_tortugas_marinas\" >6. Lara Bay y las tortugas marinas<\/a><\/li><li class='ez-toc-page-1 ez-toc-heading-level-3'><a class=\"ez-toc-link ez-toc-heading-16\" href=\"https:\/\/loudavymkrokem.cz\/es\/vacaciones-chipre-lugares-ver\/#7_Cuevas_marinas_de_Peyia_y_Coral_Bay\" >7. Cuevas marinas de Peyia y Coral Bay<\/a><\/li><li class='ez-toc-page-1 ez-toc-heading-level-3'><a class=\"ez-toc-link ez-toc-heading-17\" href=\"https:\/\/loudavymkrokem.cz\/es\/vacaciones-chipre-lugares-ver\/#8_Limasol_paseo_maritimo_castillo_y_la_ciudad_mas_animada_del_sur\" >8. Limasol: paseo mar\u00edtimo, castillo y la ciudad m\u00e1s animada del sur<\/a><\/li><li class='ez-toc-page-1 ez-toc-heading-level-3'><a class=\"ez-toc-link ez-toc-heading-18\" href=\"https:\/\/loudavymkrokem.cz\/es\/vacaciones-chipre-lugares-ver\/#9_Kourion_el_teatro_antiguo_sobre_el_mar\" >9. Kourion: el teatro antiguo sobre el mar<\/a><\/li><li class='ez-toc-page-1 ez-toc-heading-level-3'><a class=\"ez-toc-link ez-toc-heading-19\" href=\"https:\/\/loudavymkrokem.cz\/es\/vacaciones-chipre-lugares-ver\/#10_Castillo_de_Kolossi\" >10. Castillo de Kolossi<\/a><\/li><li class='ez-toc-page-1 ez-toc-heading-level-3'><a class=\"ez-toc-link ez-toc-heading-20\" href=\"https:\/\/loudavymkrokem.cz\/es\/vacaciones-chipre-lugares-ver\/#11_Cabo_Greco_y_Kamara_tou_Koraka\" >11. Cabo Greco y Kamara tou Koraka<\/a><\/li><li class='ez-toc-page-1 ez-toc-heading-level-3'><a class=\"ez-toc-link ez-toc-heading-21\" href=\"https:\/\/loudavymkrokem.cz\/es\/vacaciones-chipre-lugares-ver\/#12_Larnaca_Chipre_el_Lago_Salado_y_los_flamencos\" >12. L\u00e1rnaca (Chipre): el Lago Salado y los flamencos<\/a><\/li><li class='ez-toc-page-1 ez-toc-heading-level-3'><a class=\"ez-toc-link ez-toc-heading-22\" href=\"https:\/\/loudavymkrokem.cz\/es\/vacaciones-chipre-lugares-ver\/#13_Nissi_Beach_la_playa_mas_famosa_de_Chipre\" >13. Nissi Beach: la playa m\u00e1s famosa de Chipre<\/a><\/li><li class='ez-toc-page-1 ez-toc-heading-level-3'><a class=\"ez-toc-link ez-toc-heading-23\" href=\"https:\/\/loudavymkrokem.cz\/es\/vacaciones-chipre-lugares-ver\/#14_Ayia_Napa_fiesta_pero_tambien_monasterio_y_cuevas_marinas\" >14. Ayia Napa: fiesta, pero tambi\u00e9n monasterio y cuevas marinas<\/a><\/li><li class='ez-toc-page-1 ez-toc-heading-level-3'><a class=\"ez-toc-link ez-toc-heading-24\" href=\"https:\/\/loudavymkrokem.cz\/es\/vacaciones-chipre-lugares-ver\/#15_Protaras_y_Fig_Tree_Bay\" >15. Protaras y Fig Tree Bay<\/a><\/li><li class='ez-toc-page-1 ez-toc-heading-level-3'><a class=\"ez-toc-link ez-toc-heading-25\" href=\"https:\/\/loudavymkrokem.cz\/es\/vacaciones-chipre-lugares-ver\/#16_Ayia_Napa_Sculpture_Park_y_los_senderos_del_cabo_Greco\" >16. Ayia Napa Sculpture Park y los senderos del cabo Greco<\/a><\/li><li class='ez-toc-page-1 ez-toc-heading-level-3'><a class=\"ez-toc-link ez-toc-heading-26\" href=\"https:\/\/loudavymkrokem.cz\/es\/vacaciones-chipre-lugares-ver\/#17_Parque_acuatico_WaterWorld_en_Ayia_Napa\" >17. Parque acu\u00e1tico WaterWorld en Ayia Napa<\/a><\/li><li class='ez-toc-page-1 ez-toc-heading-level-3'><a class=\"ez-toc-link ez-toc-heading-27\" href=\"https:\/\/loudavymkrokem.cz\/es\/vacaciones-chipre-lugares-ver\/#18_Pueblos_de_Troodos_Omodos_Lefkara_y_Kakopetria\" >18. Pueblos de Troodos: Omodos, Lefkara y Kakopetria<\/a><\/li><li class='ez-toc-page-1 ez-toc-heading-level-3'><a class=\"ez-toc-link ez-toc-heading-28\" href=\"https:\/\/loudavymkrokem.cz\/es\/vacaciones-chipre-lugares-ver\/#19_Iglesias_bizantinas_en_la_lista_de_la_UNESCO\" >19. Iglesias bizantinas en la lista de la UNESCO<\/a><\/li><li class='ez-toc-page-1 ez-toc-heading-level-3'><a class=\"ez-toc-link ez-toc-heading-29\" href=\"https:\/\/loudavymkrokem.cz\/es\/vacaciones-chipre-lugares-ver\/#20_Cascadas_de_Kalidonia_y_el_monte_Olimpo\" >20. Cascadas de Kalidonia y el monte Olimpo<\/a><\/li><li class='ez-toc-page-1 ez-toc-heading-level-3'><a class=\"ez-toc-link ez-toc-heading-30\" href=\"https:\/\/loudavymkrokem.cz\/es\/vacaciones-chipre-lugares-ver\/#21_Bodegas_chipriotas_y_rutas_del_vino\" >21. Bodegas chipriotas y rutas del vino<\/a><\/li><li class='ez-toc-page-1 ez-toc-heading-level-3'><a class=\"ez-toc-link ez-toc-heading-31\" href=\"https:\/\/loudavymkrokem.cz\/es\/vacaciones-chipre-lugares-ver\/#22_Nicosia_la_ultima_capital_dividida_de_Europa\" >22. Nicosia: la \u00faltima capital dividida de Europa<\/a><\/li><li class='ez-toc-page-1 ez-toc-heading-level-3'><a class=\"ez-toc-link ez-toc-heading-32\" href=\"https:\/\/loudavymkrokem.cz\/es\/vacaciones-chipre-lugares-ver\/#23_Kyrenia_Girne_y_el_castillo_sobre_el_puerto\" >23. Kyrenia (Girne) y el castillo sobre el puerto<\/a><\/li><li class='ez-toc-page-1 ez-toc-heading-level-3'><a class=\"ez-toc-link ez-toc-heading-33\" href=\"https:\/\/loudavymkrokem.cz\/es\/vacaciones-chipre-lugares-ver\/#24_Famagusta_y_la_abandonada_Varosha\" >24. Famagusta y la abandonada Varosha<\/a><\/li><\/ul><\/li><li class='ez-toc-page-1 ez-toc-heading-level-2'><a class=\"ez-toc-link ez-toc-heading-34\" href=\"https:\/\/loudavymkrokem.cz\/es\/vacaciones-chipre-lugares-ver\/#Donde_alojarse_en_Chipre_que_zona_le_va_a_quien\" >D\u00f3nde alojarse en Chipre: qu\u00e9 zona le va a qui\u00e9n<\/a><ul class='ez-toc-list-level-3' ><li class='ez-toc-heading-level-3'><a class=\"ez-toc-link ez-toc-heading-35\" href=\"https:\/\/loudavymkrokem.cz\/es\/vacaciones-chipre-lugares-ver\/#Resumen_de_zonas\" >Resumen de zonas<\/a><\/li><li class='ez-toc-page-1 ez-toc-heading-level-3'><a class=\"ez-toc-link ez-toc-heading-36\" href=\"https:\/\/loudavymkrokem.cz\/es\/vacaciones-chipre-lugares-ver\/#Recomendaciones_concretas_de_alojamiento\" >Recomendaciones concretas de alojamiento<\/a><\/li><\/ul><\/li><li class='ez-toc-page-1 ez-toc-heading-level-2'><a class=\"ez-toc-link ez-toc-heading-37\" href=\"https:\/\/loudavymkrokem.cz\/es\/vacaciones-chipre-lugares-ver\/#Que_comer_en_Chipre_un_paraiso_para_vegetarianos\" >Qu\u00e9 comer en Chipre: un para\u00edso para vegetarianos<\/a><\/li><li class='ez-toc-page-1 ez-toc-heading-level-2'><a class=\"ez-toc-link ez-toc-heading-38\" href=\"https:\/\/loudavymkrokem.cz\/es\/vacaciones-chipre-lugares-ver\/#Transporte_por_Chipre_coche_autobuses_y_paso_al_norte\" >Transporte por Chipre: coche, autobuses y paso al norte<\/a><ul class='ez-toc-list-level-3' ><li class='ez-toc-heading-level-3'><a class=\"ez-toc-link ez-toc-heading-39\" href=\"https:\/\/loudavymkrokem.cz\/es\/vacaciones-chipre-lugares-ver\/#Se_conduce_por_la_izquierda\" >Se conduce por la izquierda<\/a><\/li><li class='ez-toc-page-1 ez-toc-heading-level-3'><a class=\"ez-toc-link ez-toc-heading-40\" href=\"https:\/\/loudavymkrokem.cz\/es\/vacaciones-chipre-lugares-ver\/#Autobuses_frente_al_coche_de_alquiler\" >Autobuses frente al coche de alquiler<\/a><\/li><li class='ez-toc-page-1 ez-toc-heading-level-3'><a class=\"ez-toc-link ez-toc-heading-41\" href=\"https:\/\/loudavymkrokem.cz\/es\/vacaciones-chipre-lugares-ver\/#Como_cruzar_la_Linea_Verde_al_norte\" >C\u00f3mo cruzar la L\u00ednea Verde al norte<\/a><\/li><\/ul><\/li><li class='ez-toc-page-1 ez-toc-heading-level-2'><a class=\"ez-toc-link ez-toc-heading-42\" href=\"https:\/\/loudavymkrokem.cz\/es\/vacaciones-chipre-lugares-ver\/#Cuanto_cuestan_unas_vacaciones_en_Chipre\" >Cu\u00e1nto cuestan unas vacaciones en Chipre<\/a><\/li><li class='ez-toc-page-1 ez-toc-heading-level-2'><a class=\"ez-toc-link ez-toc-heading-43\" href=\"https:\/\/loudavymkrokem.cz\/es\/vacaciones-chipre-lugares-ver\/#Con_que_tener_cuidado_en_Chipre\" >Con qu\u00e9 tener cuidado en Chipre<\/a><\/li><li class='ez-toc-page-1 ez-toc-heading-level-2'><a class=\"ez-toc-link ez-toc-heading-44\" href=\"https:\/\/loudavymkrokem.cz\/es\/vacaciones-chipre-lugares-ver\/#Chipre_con_ninos\" >Chipre con ni\u00f1os<\/a><\/li><li class='ez-toc-page-1 ez-toc-heading-level-2'><a class=\"ez-toc-link ez-toc-heading-45\" href=\"https:\/\/loudavymkrokem.cz\/es\/vacaciones-chipre-lugares-ver\/#Que_mas_ver_otras_ideas_de_vacaciones_junto_al_mar\" >Qu\u00e9 m\u00e1s ver: otras ideas de vacaciones junto al mar<\/a><\/li><li class='ez-toc-page-1 ez-toc-heading-level-2'><a class=\"ez-toc-link ez-toc-heading-46\" href=\"https:\/\/loudavymkrokem.cz\/es\/vacaciones-chipre-lugares-ver\/#Preguntas_frecuentes\" >Preguntas frecuentes<\/a><ul class='ez-toc-list-level-3' ><li class='ez-toc-heading-level-3'><a class=\"ez-toc-link ez-toc-heading-47\" href=\"https:\/\/loudavymkrokem.cz\/es\/vacaciones-chipre-lugares-ver\/#%C2%BFCuando_es_mejor_viajar_a_Chipre\" >\u00bfCu\u00e1ndo es mejor viajar a Chipre?<\/a><\/li><li class='ez-toc-page-1 ez-toc-heading-level-3'><a class=\"ez-toc-link ez-toc-heading-48\" href=\"https:\/\/loudavymkrokem.cz\/es\/vacaciones-chipre-lugares-ver\/#%C2%BFCuanto_tiempo_necesitas_en_Chipre\" >\u00bfCu\u00e1nto tiempo necesitas en Chipre?<\/a><\/li><li class='ez-toc-page-1 ez-toc-heading-level-3'><a class=\"ez-toc-link ez-toc-heading-49\" href=\"https:\/\/loudavymkrokem.cz\/es\/vacaciones-chipre-lugares-ver\/#%C2%BFSe_puede_banar_en_Chipre_en_octubre_y_noviembre\" >\u00bfSe puede ba\u00f1ar en Chipre en octubre y noviembre?<\/a><\/li><li class='ez-toc-page-1 ez-toc-heading-level-3'><a class=\"ez-toc-link ez-toc-heading-50\" href=\"https:\/\/loudavymkrokem.cz\/es\/vacaciones-chipre-lugares-ver\/#%C2%BFNecesito_coche_en_Chipre\" >\u00bfNecesito coche en Chipre?<\/a><\/li><li class='ez-toc-page-1 ez-toc-heading-level-3'><a class=\"ez-toc-link ez-toc-heading-51\" href=\"https:\/\/loudavymkrokem.cz\/es\/vacaciones-chipre-lugares-ver\/#%C2%BFPuedo_cruzar_del_sur_al_norte_de_Chipre\" >\u00bfPuedo cruzar del sur al norte de Chipre?<\/a><\/li><li class='ez-toc-page-1 ez-toc-heading-level-3'><a class=\"ez-toc-link ez-toc-heading-52\" href=\"https:\/\/loudavymkrokem.cz\/es\/vacaciones-chipre-lugares-ver\/#%C2%BFEs_caro_Chipre\" >\u00bfEs caro Chipre?<\/a><\/li><li class='ez-toc-page-1 ez-toc-heading-level-3'><a class=\"ez-toc-link ez-toc-heading-53\" href=\"https:\/\/loudavymkrokem.cz\/es\/vacaciones-chipre-lugares-ver\/#%C2%BFQue_hay_para_comer_en_Chipre_si_eres_vegetariano\" >\u00bfQu\u00e9 hay para comer en Chipre si eres vegetariano?<\/a><\/li><li class='ez-toc-page-1 ez-toc-heading-level-3'><a class=\"ez-toc-link ez-toc-heading-54\" href=\"https:\/\/loudavymkrokem.cz\/es\/vacaciones-chipre-lugares-ver\/#%C2%BFEs_seguro_Chipre\" >\u00bfEs seguro Chipre?<\/a><\/li><\/ul><\/li><\/ul><\/nav><\/div>\n<h2 id=\"Resumen\" class=\"wp-block-heading\"><span class=\"ez-toc-section\" id=\"Resumen\"><\/span>Resumen<span class=\"ez-toc-section-end\"><\/span><\/h2>\n\n\n\n<p class=\"wp-block-paragraph\">Si no tienes tiempo de leer la gu\u00eda completa, he preparado para ti un resumen r\u00e1pido de lo m\u00e1s importante. Estos son los datos b\u00e1sicos que deber\u00edas conocer sin falta antes del viaje:<\/p>\n\n\n\n<ul class=\"wp-block-list\">\n<li>La isla presume de la <strong>temporada de ba\u00f1o m\u00e1s larga de Europa<\/strong>, y el mar en la popular Ayia Napa est\u00e1 incluso en noviembre a unos preciosos 24,5 \u00b0C.<\/li>\n\n\n\n<li>Si vienes en julio y agosto, en Ayia Napa te esperan temperaturas de <strong>32,1 y 32,4 \u00b0C<\/strong> y llueve de media apenas 0,1 d\u00edas al mes.<\/li>\n\n\n\n<li>Seg\u00fan los locales, lo m\u00e1s bonito es la <strong>primavera (abril, mayo)<\/strong>, cuando toda la isla est\u00e1 maravillosamente verde y llena de flores.<\/li>\n\n\n\n<li>La isla est\u00e1 pol\u00edticamente dividida y la L\u00ednea Verde se puede cruzar sin problema, pero para ello <strong>NECESITAS EL PASAPORTE<\/strong>, porque el DNI no es fiable.<\/li>\n\n\n\n<li>Por el pasado colonial brit\u00e1nico, aqu\u00ed se <strong>conduce por la izquierda<\/strong>, lo que sorprende mucho a los turistas desprevenidos tras alquilar el coche en el aeropuerto.<\/li>\n\n\n\n<li>Las monta\u00f1as Troodos del interior son normalmente <strong>entre 8 y 10 grados m\u00e1s frescas<\/strong> que la costa y en invierno incluso se esqu\u00eda sobre nieve natural.<\/li>\n\n\n\n<li>Mientras que <strong>Pafos rebosa arqueolog\u00eda<\/strong> y patrimonio UNESCO, Ayia Napa atrae por sus playas y fiestas, y Protaras ofrece tranquilidad familiar.<\/li>\n\n\n\n<li>El famoso queso <strong>halloumi procede precisamente de Chipre<\/strong> y los mezes vegetarianos, llenos de peque\u00f1as delicias sin carne, son aqu\u00ed algo de lo m\u00e1s habitual.<\/li>\n<\/ul>\n\n\n\n<h2 id=\"Por_que_ir_a_Chipre_y_para_quien_no_es\" class=\"wp-block-heading\"><span class=\"ez-toc-section\" id=\"Por_que_ir_a_Chipre_y_para_quien_no_es\"><\/span>Por qu\u00e9 ir a Chipre (y para qui\u00e9n no es)<span class=\"ez-toc-section-end\"><\/span><\/h2>\n\n\n\n<p class=\"wp-block-paragraph\">Si todav\u00eda dudas de si esta soleada isla del Mediterr\u00e1neo es la elecci\u00f3n adecuada para tus d\u00edas libres de este a\u00f1o, vamos a analizarlo un poco. El destino ofrece una <strong>mezcla de experiencias realmente \u00fanica<\/strong> que satisface de sobra tanto a los turistas activos como a quienes solo quieren tumbarse en una hamaca con un buen libro. Al mismo tiempo, conviene conocer algunas particularidades que a alguien podr\u00edan amargarle las vacaciones.<\/p>\n\n\n\n<h3 id=\"6_razones_por_las_que_Chipre_merece_el_viaje\" class=\"wp-block-heading\"><span class=\"ez-toc-section\" id=\"6_razones_por_las_que_Chipre_merece_el_viaje\"><\/span>6 razones por las que Chipre merece el viaje<span class=\"ez-toc-section-end\"><\/span><\/h3>\n\n\n\n<p class=\"wp-block-paragraph\"><strong>La temporada de ba\u00f1o m\u00e1s larga:<\/strong> seg\u00fan mediciones a largo plazo, aqu\u00ed reina un calor estable desde principios de primavera hasta finales de oto\u00f1o, lo cual es una enorme ventaja dentro de Europa. Mientras que en Grecia o en la propia Espa\u00f1a en octubre ya sacas el jersey, aqu\u00ed locales y turistas se siguen <strong>ba\u00f1ando en un mar templado<\/strong>.<\/p>\n\n\n\n<p class=\"wp-block-paragraph\"><strong>Monumentos antiguos en la lista de la UNESCO:<\/strong> si te apasiona la historia, aqu\u00ed estar\u00e1s en tu salsa, porque toda la isla funciona como un enorme museo al aire libre. La Rep\u00fablica de Chipre presume de <strong>preciosos parques arqueol\u00f3gicos<\/strong>, mosaicos bien conservados y antiguas tumbas que encantar\u00e1n a cualquier amante de las viejas historias.<\/p>\n\n\n\n<p class=\"wp-block-paragraph\"><strong>Monta\u00f1a y mar en un mismo d\u00eda:<\/strong> por la ma\u00f1ana puedes pasear por profundos bosques de pinos, descubrir cascadas escondidas y respirar aire fresco de monta\u00f1a. Por la tarde bajas en coche a la costa y te <strong>lanzas a las olas turquesas<\/strong>, un contraste incre\u00edblemente refrescante del que no te cansas.<\/p>\n\n\n\n<p class=\"wp-block-paragraph\"><strong>Ingl\u00e9s y circulaci\u00f3n por la izquierda:<\/strong> la isla estuvo mucho tiempo bajo administraci\u00f3n brit\u00e1nica, as\u00ed que te entiendes perfectamente en ingl\u00e9s incluso en el pueblecito m\u00e1s rec\u00f3ndito. Esa herencia brit\u00e1nica trae consigo tambi\u00e9n la conducci\u00f3n por la izquierda y los enchufes de tres clavijas tipo G, para los que <strong>necesitar\u00e1s s\u00ed o s\u00ed un adaptador<\/strong>; y recuerda que, aunque el transporte p\u00fablico conecta las principales ciudades, a las monta\u00f1as Troodos, a la pen\u00ednsula de Akamas y a la mayor\u00eda de las rutas de senderismo realmente solo llegas en coche.<\/p>\n\n\n\n<p class=\"wp-block-paragraph\"><strong>Excelente cocina vegetariana y halloumi:<\/strong> la comida aqu\u00ed es sencillamente fabulosa y encanta tambi\u00e9n a quienes no comen carne, porque las tabernas tradicionales ofrecen una enorme cantidad de opciones sin ella. Seguro que te enamora el <strong>queso halloumi a la parrilla<\/strong>, un tesoro local que, combinado con verdura fresca y aceite de oliva, sabe a gloria.<\/p>\n\n\n\n<p class=\"wp-block-paragraph\"><strong>Dos culturas en una sola isla:<\/strong> cruzar la L\u00ednea Verde hacia la parte norte te traslada a un mundo completamente distinto, lleno de mezquitas, t\u00e9 turco y bazares, donde por cierto <strong>se paga habitualmente en liras turcas<\/strong>, aunque en muchos sitios aceptan euros. Poder explorar en unas mismas vacaciones la cultura griega y la turca es un bonus enorme, pero recuerda que al norte solo se puede ir con un coche alquilado en el sur si la agencia lo autoriza, y hay que <strong>contratar en el paso un seguro turco temporal<\/strong>, ya que el seguro del sur no vale all\u00ed (y con un coche alquilado en el norte no se puede ir al sur en absoluto).<\/p>\n\n\n\n<h3 id=\"A_quien_no_le_va_Chipre\" class=\"wp-block-heading\"><span class=\"ez-toc-section\" id=\"A_quien_no_le_va_Chipre\"><\/span>A qui\u00e9n no le va Chipre<span class=\"ez-toc-section-end\"><\/span><\/h3>\n\n\n\n<p class=\"wp-block-paragraph\">Aunque la isla es preciosa, desde luego no es un para\u00edso universal para absolutamente todo el mundo y tiene sus claras pegas. Si te reconoces en alguno de los siguientes puntos, quiz\u00e1 deber\u00edas plantearte otro destino para <strong>evitar una decepci\u00f3n innecesaria<\/strong>.<\/p>\n\n\n\n<ul class=\"wp-block-list\">\n<li>Quien <strong>no soporta el calor fuerte<\/strong>, porque en verano las temperaturas suben habitualmente por encima de los 32 \u00b0C y en L\u00e1rnaca rozan los 33,4 \u00b0C.<\/li>\n\n\n\n<li>Quien busca <strong>naturaleza verde y fresca tambi\u00e9n en verano<\/strong>, ya que bajo el intenso sol la isla queda muy seca y amarilla desde junio hasta el oto\u00f1o.<\/li>\n\n\n\n<li>Quien tiene <strong>p\u00e1nico a conducir por la izquierda<\/strong> y no quiere depender solo de los autobuses de l\u00ednea, que no llegan a la naturaleza.<\/li>\n\n\n\n<li>Quien busca <strong>exclusivamente unas vacaciones baratas<\/strong>, porque este destino est\u00e1 entre los m\u00e1s caros del Mediterr\u00e1neo y los precios de los servicios lo reflejan claramente.<\/li>\n\n\n\n<li>Quien quiere <strong>tranquilidad absoluta en Ayia Napa<\/strong> durante la temporada alta de verano, cuando esta zona se convierte en un enorme y ruidoso centro de fiesta.<\/li>\n<\/ul>\n\n\n\n<h2 id=\"Cuando_ir_a_Chipre_el_clima_mes_a_mes\" class=\"wp-block-heading\"><span class=\"ez-toc-section\" id=\"Cuando_ir_a_Chipre_el_clima_mes_a_mes\"><\/span>Cu\u00e1ndo ir a Chipre: el clima mes a mes<span class=\"ez-toc-section-end\"><\/span><\/h2>\n\n\n\n<p class=\"wp-block-paragraph\">Elegir la fecha ideal es clave, porque el clima cambia mucho a lo largo del a\u00f1o y determina qu\u00e9 actividades podr\u00e1s hacer realmente. Para ofrecerte la informaci\u00f3n m\u00e1s precisa, hemos reunido datos que <strong>no salen de ninguna sensaci\u00f3n<\/strong>, sino de mediciones meteorol\u00f3gicas rigurosas.<\/p>\n\n\n\n<p class=\"wp-block-paragraph\">Todas las temperaturas del aire de los siguientes res\u00famenes representan <strong>medias de diez a\u00f1os, de 2015 a 2024<\/strong>, obtenidas del preciso rean\u00e1lisis clim\u00e1tico ERA5. En cuanto a la temperatura del mar, procede de un moderno modelo marino para los a\u00f1os 2019 a 2024, as\u00ed que tienes ante ti los valores m\u00e1s actuales y fiables que existen.<\/p>\n\n\n\n<figure class=\"wp-block-table is-style-stripes\" style=\"overflow-x:auto\"><table><thead><tr><th>Mes<\/th><th>De d\u00eda<\/th><th>De noche<\/th><th>Mar<\/th><th>D\u00edas de lluvia<\/th><th>Sol\/d\u00eda<\/th><\/tr><\/thead><tbody><tr><td><strong>enero<\/strong><\/td><td>16 \u00b0C<\/td><td>10 \u00b0C<\/td><td>19 \u00b0C<\/td><td>8,8<\/td><td>8,6 h<\/td><\/tr><tr><td><strong>febrero<\/strong><\/td><td>17 \u00b0C<\/td><td>10 \u00b0C<\/td><td>18 \u00b0C<\/td><td>5,6<\/td><td>9,0 h<\/td><\/tr><tr><td><strong>marzo<\/strong><\/td><td>19 \u00b0C<\/td><td>12 \u00b0C<\/td><td>18 \u00b0C<\/td><td>5,1<\/td><td>10,4 h<\/td><\/tr><tr><td><strong>abril<\/strong><\/td><td>22 \u00b0C<\/td><td>14 \u00b0C<\/td><td>19 \u00b0C<\/td><td>3,8<\/td><td>11,6 h<\/td><\/tr><tr><td><strong>mayo<\/strong><\/td><td>26 \u00b0C<\/td><td>18 \u00b0C<\/td><td>21 \u00b0C<\/td><td>2,8<\/td><td>12,7 h<\/td><\/tr><tr><td><strong>junio<\/strong><\/td><td>29 \u00b0C<\/td><td>22 \u00b0C<\/td><td>26 \u00b0C<\/td><td>1,1<\/td><td>13,7 h<\/td><\/tr><tr><td><strong>julio<\/strong><\/td><td>32 \u00b0C<\/td><td>24 \u00b0C<\/td><td>29 \u00b0C<\/td><td>0,0<\/td><td>13,8 h<\/td><\/tr><tr><td><strong>agosto<\/strong><\/td><td>32 \u00b0C<\/td><td>25 \u00b0C<\/td><td>30 \u00b0C<\/td><td>0,3<\/td><td>12,8 h<\/td><\/tr><tr><td><strong>septiembre<\/strong><\/td><td>31 \u00b0C<\/td><td>23 \u00b0C<\/td><td>29 \u00b0C<\/td><td>1,1<\/td><td>11,6 h<\/td><\/tr><tr><td><strong>octubre<\/strong><\/td><td>27 \u00b0C<\/td><td>20 \u00b0C<\/td><td>27 \u00b0C<\/td><td>3,6<\/td><td>10,6 h<\/td><\/tr><tr><td><strong>noviembre<\/strong><\/td><td>22 \u00b0C<\/td><td>16 \u00b0C<\/td><td>24 \u00b0C<\/td><td>6,7<\/td><td>8,9 h<\/td><\/tr><tr><td><strong>diciembre<\/strong><\/td><td>18 \u00b0C<\/td><td>12 \u00b0C<\/td><td>21 \u00b0C<\/td><td>9,5<\/td><td>8,0 h<\/td><\/tr><\/tbody><\/table><figcaption class=\"wp-element-caption\">Temperaturas medias en Ayia Napa mes a mes. El aire y las precipitaciones son medias de diez a\u00f1os (2015\u20132024) del rean\u00e1lisis ERA5; la temperatura del mar procede del modelo marino 2019\u20132024.<\/figcaption><\/figure>\n\n\n\n<p class=\"wp-block-paragraph\">Para hacerte una mejor idea, veamos las cifras concretas del centro tur\u00edstico de Ayia Napa, que se encuentra en la popular costa este y atrae con las playas m\u00e1s bonitas. <strong>Aqu\u00ed tienes los valores medios exactos<\/strong> de cada mes:<\/p>\n\n\n\n<ul class=\"wp-block-list\">\n<li><strong>Enero:<\/strong> d\u00eda 15,9 \u00b0C, noche 10,3 \u00b0C, mar 18,8 \u00b0C, d\u00edas de lluvia 8,8, sol 8,6 h\/d\u00eda.<\/li>\n\n\n\n<li><strong>Febrero:<\/strong> d\u00eda 16,7 \u00b0C, noche 10,3 \u00b0C, mar 18,0 \u00b0C, d\u00edas de lluvia 5,6, sol 9,0 h\/d\u00eda.<\/li>\n\n\n\n<li><strong>Marzo:<\/strong> d\u00eda 18,6 \u00b0C, noche 11,6 \u00b0C, mar 18,0 \u00b0C, d\u00edas de lluvia 5,1, sol 10,4 h\/d\u00eda.<\/li>\n\n\n\n<li><strong>Abril:<\/strong> d\u00eda 22,1 \u00b0C, noche 14,0 \u00b0C, mar 19,3 \u00b0C, d\u00edas de lluvia 3,8, sol 11,6 h\/d\u00eda.<\/li>\n\n\n\n<li><strong>Mayo:<\/strong> d\u00eda 25,8 \u00b0C, noche 17,9 \u00b0C, mar 21,4 \u00b0C, d\u00edas de lluvia 2,8, sol 12,7 h\/d\u00eda.<\/li>\n\n\n\n<li><strong>Junio:<\/strong> d\u00eda 29,1 \u00b0C, noche 21,5 \u00b0C, mar 25,5 \u00b0C, d\u00edas de lluvia 1,1, sol 13,7 h\/d\u00eda.<\/li>\n\n\n\n<li><strong>Julio:<\/strong> d\u00eda 32,1 \u00b0C, noche 24,4 \u00b0C, mar 28,6 \u00b0C, d\u00edas de lluvia 0,0, sol 13,8 h\/d\u00eda.<\/li>\n\n\n\n<li><strong>Agosto:<\/strong> d\u00eda 32,2 \u00b0C, noche 24,9 \u00b0C, mar 29,8 \u00b0C, d\u00edas de lluvia 0,3, sol 12,8 h\/d\u00eda.<\/li>\n\n\n\n<li><strong>Septiembre:<\/strong> d\u00eda 30,7 \u00b0C, noche 23,0 \u00b0C, mar 28,7 \u00b0C, d\u00edas de lluvia 1,1, sol 11,6 h\/d\u00eda.<\/li>\n\n\n\n<li><strong>Octubre:<\/strong> d\u00eda 27,3 \u00b0C, noche 20,0 \u00b0C, mar 26,8 \u00b0C, d\u00edas de lluvia 3,6, sol 10,6 h\/d\u00eda.<\/li>\n\n\n\n<li><strong>Noviembre:<\/strong> d\u00eda 22,2 \u00b0C, noche 16,3 \u00b0C, mar 23,8 \u00b0C, d\u00edas de lluvia 6,7, sol 8,9 h\/d\u00eda.<\/li>\n\n\n\n<li><strong>Diciembre:<\/strong> d\u00eda 18,1 \u00b0C, noche 12,4 \u00b0C, mar 20,6 \u00b0C, d\u00edas de lluvia 9,5, sol 8,0 h\/d\u00eda.<\/li>\n<\/ul>\n\n\n\n<h3 id=\"Pafos_el_oeste_de_la_isla_es_algo_mas_suave\" class=\"wp-block-heading\"><span class=\"ez-toc-section\" id=\"Pafos_el_oeste_de_la_isla_es_algo_mas_suave\"><\/span>Pafos: el oeste de la isla es algo m\u00e1s suave<span class=\"ez-toc-section-end\"><\/span><\/h3>\n\n\n\n<p class=\"wp-block-paragraph\">La costa oeste tiene un microclima un poco distinto, as\u00ed que en la zona de Pafos suele hacer algo menos de calor y llueve un pel\u00edn m\u00e1s a menudo, lo que a cambio significa que el <strong>paisaje se mantiene verde m\u00e1s tiempo<\/strong>. Para comparar: en enero de d\u00eda marca 15,6 \u00b0C (noche 9,4 \u00b0C, mar 19,4 \u00b0C, lluvia 13,6 d\u00edas, sol 8,5 h\/d\u00eda) y en febrero 16,5 \u00b0C (noche 9,5 \u00b0C, mar 18,1 \u00b0C, lluvia 8,2 d\u00edas, sol 9,1 h\/d\u00eda). El marzo primaveral trae 17,9 \u00b0C de d\u00eda (noche 10,9 \u00b0C, mar 17,8 \u00b0C, lluvia 9,6 d\u00edas, sol 10,6 h\/d\u00eda) y abril ya unos muy agradables 21,3 \u00b0C (noche 13,3 \u00b0C, mar 18,9 \u00b0C, lluvia 4,8 d\u00edas, sol 11,6 h\/d\u00eda). Los d\u00edas de mayo se calientan hasta los 24,8 \u00b0C (noche 17,0 \u00b0C, mar 20,8 \u00b0C, lluvia 4,4 d\u00edas, sol 12,8 h\/d\u00eda) y los de junio hasta 27,8 \u00b0C (noche 20,6 \u00b0C, mar 24,8 \u00b0C, lluvia 1,4 d\u00edas, sol 13,9 h\/d\u00eda). En el caluroso julio cuenta con 31,0 \u00b0C (noche 23,4 \u00b0C, mar 27,4 \u00b0C, lluvia 0,4 d\u00edas, sol 13,9 h\/d\u00eda) y en agosto con 30,7 \u00b0C (noche 23,8 \u00b0C, mar 28,8 \u00b0C, lluvia 0,7 d\u00edas, sol 12,7 h\/d\u00eda). Septiembre sigue prometiendo unos veraniegos 29,2 \u00b0C (noche 22,0 \u00b0C, mar 27,7 \u00b0C, lluvia 1,5 d\u00edas, sol 11,7 h\/d\u00eda) y octubre baja a 26,3 \u00b0C (noche 18,5 \u00b0C, mar 26,0 \u00b0C, lluvia 4,0 d\u00edas, sol 10,6 h\/d\u00eda). Noviembre ofrece 22,3 \u00b0C (noche 14,7 \u00b0C, mar 23,3 \u00b0C, lluvia 5,9 d\u00edas, sol 9,2 h\/d\u00eda) y el a\u00f1o lo cierra diciembre con 17,9 \u00b0C (noche 11,4 \u00b0C, mar 20,8 \u00b0C, lluvia 10,9 d\u00edas, sol 8,3 h\/d\u00eda).<\/p>\n\n\n\n<h3 id=\"Montanas_Troodos_una_isla_completamente_distinta\" class=\"wp-block-heading\"><span class=\"ez-toc-section\" id=\"Montanas_Troodos_una_isla_completamente_distinta\"><\/span>Monta\u00f1as Troodos: una isla completamente distinta<span class=\"ez-toc-section-end\"><\/span><\/h3>\n\n\n\n<p class=\"wp-block-paragraph\">Cuando dejas la costa abrasadora y te adentras en el interior, te encuentras en una franja clim\u00e1tica totalmente distinta que te sorprender\u00e1 por su inesperada frescura. Las mediciones a una altitud de unos 1.830 metros muestran claramente que, mientras abajo junto al mar la gente pasea en camiseta con 15 \u00b0C, <strong>arriba en las monta\u00f1as suele haber nieve<\/strong>. En enero la m\u00e1xima media diaria es de apenas 4,0 \u00b0C e incluso funciona con fiabilidad una estaci\u00f3n de esqu\u00ed, lo cual es toda una curiosidad para una isla mediterr\u00e1nea.<\/p>\n\n\n\n<figure class=\"wp-block-table is-style-stripes\"><table class=\"has-fixed-layout\"><thead><tr><th>Mes<\/th><th>De d\u00eda<\/th><th>De noche<\/th><th>D\u00edas de lluvia<\/th><th>Sol\/d\u00eda<\/th><\/tr><\/thead><tbody><tr><td><strong>enero<\/strong><\/td><td>4 \u00b0C<\/td><td>-3 \u00b0C<\/td><td>12,9<\/td><td>7,9 h<\/td><\/tr><tr><td><strong>febrero<\/strong><\/td><td>6 \u00b0C<\/td><td>-2 \u00b0C<\/td><td>10,7<\/td><td>8,6 h<\/td><\/tr><tr><td><strong>marzo<\/strong><\/td><td>8 \u00b0C<\/td><td>-0 \u00b0C<\/td><td>10,4<\/td><td>10,2 h<\/td><\/tr><tr><td><strong>abril<\/strong><\/td><td>13 \u00b0C<\/td><td>4 \u00b0C<\/td><td>6,9<\/td><td>11,5 h<\/td><\/tr><tr><td><strong>mayo<\/strong><\/td><td>18 \u00b0C<\/td><td>8 \u00b0C<\/td><td>6,4<\/td><td>12,8 h<\/td><\/tr><tr><td><strong>junio<\/strong><\/td><td>22 \u00b0C<\/td><td>11 \u00b0C<\/td><td>3,8<\/td><td>13,8 h<\/td><\/tr><tr><td><strong>julio<\/strong><\/td><td>26 \u00b0C<\/td><td>15 \u00b0C<\/td><td>0,8<\/td><td>13,9 h<\/td><\/tr><tr><td><strong>agosto<\/strong><\/td><td>26 \u00b0C<\/td><td>15 \u00b0C<\/td><td>1,1<\/td><td>12,9 h<\/td><\/tr><tr><td><strong>septiembre<\/strong><\/td><td>23 \u00b0C<\/td><td>12 \u00b0C<\/td><td>3,3<\/td><td>11,7 h<\/td><\/tr><tr><td><strong>octubre<\/strong><\/td><td>18 \u00b0C<\/td><td>8 \u00b0C<\/td><td>5,4<\/td><td>10,6 h<\/td><\/tr><tr><td><strong>noviembre<\/strong><\/td><td>12 \u00b0C<\/td><td>3 \u00b0C<\/td><td>6,7<\/td><td>9,1 h<\/td><\/tr><tr><td><strong>diciembre<\/strong><\/td><td>7 \u00b0C<\/td><td>-0 \u00b0C<\/td><td>11,1<\/td><td>7,9 h<\/td><\/tr><\/tbody><\/table><figcaption class=\"wp-element-caption\">Cordillera de Troodos a unos 1.830 m de altitud. Los valores tanto de septiembre como de invierno muestran cu\u00e1nto m\u00e1s fresco es arriba respecto a la costa (medias 2015\u20132024, ERA5).<\/figcaption><\/figure>\n\n\n\n<p class=\"wp-block-paragraph\">Aqu\u00ed tienes los datos exactos de las zonas de monta\u00f1a, para que sepas <strong>qu\u00e9 ropa meter en la maleta<\/strong>:<\/p>\n\n\n\n<ul class=\"wp-block-list\">\n<li><strong>Enero:<\/strong> d\u00eda 4,0 \u00b0C, noche -2,9 \u00b0C, d\u00edas de lluvia 12,9, sol 7,9 h\/d\u00eda.<\/li>\n\n\n\n<li><strong>Febrero:<\/strong> d\u00eda 5,9 \u00b0C, noche -2,1 \u00b0C, d\u00edas de lluvia 10,7, sol 8,6 h\/d\u00eda.<\/li>\n\n\n\n<li><strong>Marzo:<\/strong> d\u00eda 8,2 \u00b0C, noche -0,5 \u00b0C, d\u00edas de lluvia 10,4, sol 10,2 h\/d\u00eda.<\/li>\n\n\n\n<li><strong>Abril:<\/strong> d\u00eda 13,4 \u00b0C, noche 3,6 \u00b0C, d\u00edas de lluvia 6,9, sol 11,5 h\/d\u00eda.<\/li>\n\n\n\n<li><strong>Mayo:<\/strong> d\u00eda 18,1 \u00b0C, noche 7,7 \u00b0C, d\u00edas de lluvia 6,4, sol 12,8 h\/d\u00eda.<\/li>\n\n\n\n<li><strong>Junio:<\/strong> d\u00eda 22,1 \u00b0C, noche 11,3 \u00b0C, d\u00edas de lluvia 3,8, sol 13,8 h\/d\u00eda.<\/li>\n\n\n\n<li><strong>Julio:<\/strong> d\u00eda 26,1 \u00b0C, noche 14,8 \u00b0C, d\u00edas de lluvia 0,8, sol 13,9 h\/d\u00eda.<\/li>\n\n\n\n<li><strong>Agosto:<\/strong> d\u00eda 25,7 \u00b0C, noche 14,8 \u00b0C, d\u00edas de lluvia 1,1, sol 12,9 h\/d\u00eda.<\/li>\n\n\n\n<li><strong>Septiembre:<\/strong> d\u00eda 22,6 \u00b0C, noche 12,0 \u00b0C, d\u00edas de lluvia 3,3, sol 11,7 h\/d\u00eda.<\/li>\n\n\n\n<li><strong>Octubre:<\/strong> d\u00eda 17,6 \u00b0C, noche 7,9 \u00b0C, d\u00edas de lluvia 5,4, sol 10,6 h\/d\u00eda.<\/li>\n\n\n\n<li><strong>Noviembre:<\/strong> d\u00eda 11,6 \u00b0C, noche 3,1 \u00b0C, d\u00edas de lluvia 6,7, sol 9,1 h\/d\u00eda.<\/li>\n\n\n\n<li><strong>Diciembre:<\/strong> d\u00eda 6,7 \u00b0C, noche -0,5 \u00b0C, d\u00edas de lluvia 11,1, sol 7,9 h\/d\u00eda.<\/li>\n<\/ul>\n\n\n\n<h3 id=\"Los_mejores_meses_segun_el_tipo_de_vacaciones\" class=\"wp-block-heading\"><span class=\"ez-toc-section\" id=\"Los_mejores_meses_segun_el_tipo_de_vacaciones\"><\/span>Los mejores meses seg\u00fan el tipo de vacaciones<span class=\"ez-toc-section-end\"><\/span><\/h3>\n\n\n\n<ul class=\"wp-block-list\">\n<li><strong>Para ba\u00f1arte a gusto:<\/strong> lo ideal es ir de junio a noviembre, cuando el mar tiene unos incre\u00edbles 25 a 29 \u00b0C y el agua est\u00e1 estupendamente templada.<\/li>\n\n\n\n<li><strong>Para hacer turismo y senderismo:<\/strong> disfrutar\u00e1s m\u00e1s de las excursiones en abril, mayo u octubre, porque las temperaturas son llevaderas y adem\u00e1s la naturaleza primaveral florece de maravilla.<\/li>\n\n\n\n<li><strong>Para las fechas m\u00e1s baratas:<\/strong> si quieres ahorrar mucho, planea el viaje entre noviembre y marzo, cuando bajan los precios de los vuelos y del alojamiento.<\/li>\n\n\n\n<li><strong>Cu\u00e1ndo evitarlo:<\/strong> agosto es el mes en que la isla revienta de gente, reina un calor abrasador y los precios de los servicios se disparan.<\/li>\n<\/ul>\n\n\n\n<h2 id=\"Que_ver_en_Chipre_24_lugares_de_los_mosaicos_a_las_montanas\" class=\"wp-block-heading\"><span class=\"ez-toc-section\" id=\"Que_ver_en_Chipre_24_lugares_de_los_mosaicos_antiguos_a_las_montanas\"><\/span>Qu\u00e9 ver en Chipre: 24 lugares, de los mosaicos antiguos a las monta\u00f1as<span class=\"ez-toc-section-end\"><\/span><\/h2>\n\n\n\n<p class=\"wp-block-paragraph\">La Rep\u00fablica de Chipre ofrece una enorme variedad y la divisi\u00f3n de la isla te facilitar\u00e1 planear todo el viaje. La parte oeste, en torno a Pafos, atrae con monumentos antiguos y naturaleza salvaje, mientras que el sur, con Limasol, forma el centro cultural e hist\u00f3rico m\u00e1s animado. En el este, alrededor de Ayia Napa, est\u00e1n las playas de arena m\u00e1s bonitas, y el interior esconde la verde cordillera de Troodos. Desde 1974 la isla est\u00e1 dividida por la zona de amortiguaci\u00f3n de la ONU entre la Rep\u00fablica de Chipre al sur, miembro de la UE y de la eurozona, y el Norte de Chipre, que <strong>solo reconoce como Estado Turqu\u00eda<\/strong>. Por suerte, toda la isla se puede recorrer en coche en unos pocos d\u00edas, que seg\u00fan muchos viajeros es con diferencia la mejor forma de moverse.<\/p>\n\n\n\n<p class=\"wp-block-paragraph\">Aunque entre las principales ciudades funciona un transporte p\u00fablico fiable, sin coche propio no llegas realmente a las monta\u00f1as Troodos ni a la apartada pen\u00ednsula de Akamas. Desde Espa\u00f1a hay vuelos a los aeropuertos de L\u00e1rnaca y Pafos, y aunque suelen tener escala, con aerol\u00edneas como Iberia, Vueling o Ryanair es un destino muy accesible, as\u00ed que si te preguntas <a href=\"https:\/\/loudavymkrokem.cz\/es\/vuelos-baratos-trucos-consejos\/\">c\u00f3mo conseguir vuelos baratos<\/a>, Chipre es una opci\u00f3n c\u00f3moda. Ten en cuenta, eso s\u00ed, que <strong>en Chipre se conduce por la izquierda<\/strong>, necesitar\u00e1s los enchufes brit\u00e1nicos de tres clavijas tipo G y aqu\u00ed se paga habitualmente en euros.<\/p>\n\n\n\n<h3 id=\"1_Parque_arqueologico_de_Pafos_los_mosaicos_por_los_que_viene_la_gente\" class=\"wp-block-heading\"><span class=\"ez-toc-section\" id=\"1_Parque_arqueologico_de_Pafos_los_mosaicos_por_los_que_viene_la_gente\"><\/span>1. Parque arqueol\u00f3gico de Pafos: los mosaicos por los que viene la gente<span class=\"ez-toc-section-end\"><\/span><\/h3>\n\n\n\n<p class=\"wp-block-paragraph\">El parque arqueol\u00f3gico de Pafos figura en la lista del Patrimonio Mundial de la UNESCO y es una visita totalmente obligada para los amantes de la historia. El principal reclamo son las <strong>villas romanas con mosaicos de suelo incre\u00edblemente conservados<\/strong>, que representan escenas de la mitolog\u00eda griega. El m\u00e1s famoso es la llamada Casa de Dioniso, donde puedes contemplar obras de arte detalladas de miles de a\u00f1os, pero tambi\u00e9n merece la pena el imponente teatro antiguo Ode\u00f3n. Todo el recinto es muy amplio y ofrece preciosas vistas de la superficie azul del Mediterr\u00e1neo.<\/p>\n\n\n\n<figure data-wp-context=\"{&quot;imageId&quot;:&quot;6a9944f091be0&quot;}\" data-wp-interactive=\"core\/image\" data-wp-key=\"6a9944f091be0\" class=\"wp-block-image size-full wp-lightbox-container\"><img decoding=\"async\" width=\"1500\" height=\"1023\" data-wp-class--hide=\"state.isContentHidden\" data-wp-class--show=\"state.isContentVisible\" data-wp-init=\"callbacks.setButtonStyles\" data-wp-on--click=\"actions.showLightbox\" data-wp-on--load=\"callbacks.setButtonStyles\" data-wp-on--pointerdown=\"actions.preloadImage\" data-wp-on--pointerenter=\"actions.preloadImageWithDelay\" data-wp-on--pointerleave=\"actions.cancelPreload\" data-wp-on-window--resize=\"callbacks.setButtonStyles\" src=\"https:\/\/loudavymkrokem.cz\/wp-content\/uploads\/2026\/08\/dovolena-kypr-t01.jpg\" alt=\"Mosaicos antiguos en el parque arqueol\u00f3gico de Pafos\" class=\"wp-image-399841\" title=\"\" srcset=\"https:\/\/loudavymkrokem.cz\/wp-content\/uploads\/2026\/08\/dovolena-kypr-t01.jpg 1500w, https:\/\/loudavymkrokem.cz\/wp-content\/uploads\/2026\/08\/dovolena-kypr-t01-300x205.jpg 300w, https:\/\/loudavymkrokem.cz\/wp-content\/uploads\/2026\/08\/dovolena-kypr-t01-700x477.jpg 700w, https:\/\/loudavymkrokem.cz\/wp-content\/uploads\/2026\/08\/dovolena-kypr-t01-768x524.jpg 768w, https:\/\/loudavymkrokem.cz\/wp-content\/uploads\/2026\/08\/dovolena-kypr-t01-696x475.jpg 696w, https:\/\/loudavymkrokem.cz\/wp-content\/uploads\/2026\/08\/dovolena-kypr-t01-1392x949.jpg 1392w\" sizes=\"(max-width: 1500px) 100vw, 1500px\" \/><button\n\t\t\tclass=\"lightbox-trigger\"\n\t\t\ttype=\"button\"\n\t\t\taria-haspopup=\"dialog\"\n\t\t\tdata-wp-bind--aria-label=\"state.thisImage.triggerButtonAriaLabel\"\n\t\t\tdata-wp-init=\"callbacks.initTriggerButton\"\n\t\t\tdata-wp-on--click=\"actions.showLightbox\"\n\t\t\tdata-wp-style--right=\"state.thisImage.buttonRight\"\n\t\t\tdata-wp-style--top=\"state.thisImage.buttonTop\"\n\t\t>\n\t\t\t<svg xmlns=\"http:\/\/www.w3.org\/2000\/svg\" width=\"12\" height=\"12\" fill=\"none\" viewBox=\"0 0 12 12\">\n\t\t\t\t<path fill=\"#fff\" d=\"M2 0a2 2 0 0 0-2 2v2h1.5V2a.5.5 0 0 1 .5-.5h2V0H2Zm2 10.5H2a.5.5 0 0 1-.5-.5V8H0v2a2 2 0 0 0 2 2h2v-1.5ZM8 12v-1.5h2a.5.5 0 0 0 .5-.5V8H12v2a2 2 0 0 1-2 2H8Zm2-12a2 2 0 0 1 2 2v2h-1.5V2a.5.5 0 0 0-.5-.5H8V0h2Z\" \/>\n\t\t\t<\/svg>\n\t\t<\/button><figcaption class=\"wp-element-caption\">Mosaicos antiguos en el parque arqueol\u00f3gico de Pafos (Foto: Institute for the Study of the Ancient World from New York,  \/ Wikimedia Commons, CC BY 2.0)<\/figcaption><\/figure>\n\n\n\n<p class=\"wp-block-paragraph\">Seg\u00fan las rese\u00f1as de los viajeros, lo mejor es hacer la visita bien temprano por la ma\u00f1ana o, al contrario, a \u00faltima hora de la tarde. Dentro del amplio recinto <strong>casi no encontrar\u00e1s sombra<\/strong> y al mediod\u00eda el paseo entre las piedras ardientes se convierte en todo un esfuerzo deportivo. Lleva sin falta suficiente agua, calzado c\u00f3modo y una buena crema solar para disfrutar de la visita con la mayor comodidad posible.<\/p>\n\n\n\n<h3 id=\"2_Tumbas_de_los_Reyes_Tombs_of_the_Kings\" class=\"wp-block-heading\"><span class=\"ez-toc-section\" id=\"2_Tumbas_de_los_Reyes_Tombs_of_the_Kings\"><\/span>2. Tumbas de los Reyes (Tombs of the Kings)<span class=\"ez-toc-section-end\"><\/span><\/h3>\n\n\n\n<p class=\"wp-block-paragraph\">Las Tumbas de los Reyes son un fascinante complejo subterr\u00e1neo excavado directamente en la roca maciza, cerca del centro de Pafos. Aunque el nombre suena muy solemne, en realidad aqu\u00ed <strong>nunca fue enterrado ning\u00fan rey<\/strong>: el lugar sirvi\u00f3 como \u00faltima morada de altos funcionarios y de la aristocracia local. El pomposo nombre se debe m\u00e1s bien a su majestuosa arquitectura, y aqu\u00ed puedes pasear libremente entre robustas columnas d\u00f3ricas y descender a misteriosos atrios subterr\u00e1neos.<\/p>\n\n\n\n<figure data-wp-context=\"{&quot;imageId&quot;:&quot;6a9944f092119&quot;}\" data-wp-interactive=\"core\/image\" data-wp-key=\"6a9944f092119\" class=\"wp-block-image size-full wp-lightbox-container\"><img decoding=\"async\" width=\"1500\" height=\"894\" data-wp-class--hide=\"state.isContentHidden\" data-wp-class--show=\"state.isContentVisible\" data-wp-init=\"callbacks.setButtonStyles\" data-wp-on--click=\"actions.showLightbox\" data-wp-on--load=\"callbacks.setButtonStyles\" data-wp-on--pointerdown=\"actions.preloadImage\" data-wp-on--pointerenter=\"actions.preloadImageWithDelay\" data-wp-on--pointerleave=\"actions.cancelPreload\" data-wp-on-window--resize=\"callbacks.setButtonStyles\" src=\"https:\/\/loudavymkrokem.cz\/wp-content\/uploads\/2026\/08\/dovolena-kypr-t02.jpg\" alt=\"Tumbas de los Reyes en Pafos\" class=\"wp-image-399844\" title=\"\" srcset=\"https:\/\/loudavymkrokem.cz\/wp-content\/uploads\/2026\/08\/dovolena-kypr-t02.jpg 1500w, https:\/\/loudavymkrokem.cz\/wp-content\/uploads\/2026\/08\/dovolena-kypr-t02-300x179.jpg 300w, https:\/\/loudavymkrokem.cz\/wp-content\/uploads\/2026\/08\/dovolena-kypr-t02-700x417.jpg 700w, https:\/\/loudavymkrokem.cz\/wp-content\/uploads\/2026\/08\/dovolena-kypr-t02-768x458.jpg 768w, https:\/\/loudavymkrokem.cz\/wp-content\/uploads\/2026\/08\/dovolena-kypr-t02-696x415.jpg 696w, https:\/\/loudavymkrokem.cz\/wp-content\/uploads\/2026\/08\/dovolena-kypr-t02-1392x830.jpg 1392w\" sizes=\"(max-width: 1500px) 100vw, 1500px\" \/><button\n\t\t\tclass=\"lightbox-trigger\"\n\t\t\ttype=\"button\"\n\t\t\taria-haspopup=\"dialog\"\n\t\t\tdata-wp-bind--aria-label=\"state.thisImage.triggerButtonAriaLabel\"\n\t\t\tdata-wp-init=\"callbacks.initTriggerButton\"\n\t\t\tdata-wp-on--click=\"actions.showLightbox\"\n\t\t\tdata-wp-style--right=\"state.thisImage.buttonRight\"\n\t\t\tdata-wp-style--top=\"state.thisImage.buttonTop\"\n\t\t>\n\t\t\t<svg xmlns=\"http:\/\/www.w3.org\/2000\/svg\" width=\"12\" height=\"12\" fill=\"none\" viewBox=\"0 0 12 12\">\n\t\t\t\t<path fill=\"#fff\" d=\"M2 0a2 2 0 0 0-2 2v2h1.5V2a.5.5 0 0 1 .5-.5h2V0H2Zm2 10.5H2a.5.5 0 0 1-.5-.5V8H0v2a2 2 0 0 0 2 2h2v-1.5ZM8 12v-1.5h2a.5.5 0 0 0 .5-.5V8H12v2a2 2 0 0 1-2 2H8Zm2-12a2 2 0 0 1 2 2v2h-1.5V2a.5.5 0 0 0-.5-.5H8V0h2Z\" \/>\n\t\t\t<\/svg>\n\t\t<\/button><figcaption class=\"wp-element-caption\">Tumbas de los Reyes en Pafos (Foto: Nikodem Nijaki \/ Wikimedia Commons, CC BY-SA 3.0)<\/figcaption><\/figure>\n\n\n\n<p class=\"wp-block-paragraph\">Este yacimiento arqueol\u00f3gico es sorprendentemente extenso y explorar los enrevesados pasadizos subterr\u00e1neos lleva como m\u00ednimo una o dos horas. Los gu\u00edas locales recomiendan <strong>combinar la visita a las tumbas con el cercano parque arqueol\u00f3gico<\/strong>, porque est\u00e1n muy cerca uno del otro. La atm\u00f3sfera m\u00e1s bonita la vivir\u00e1s al atardecer, cuando el sol poniente ti\u00f1e la roca arenisca de tonos dorados y crea preciosas sombras entre las columnas.<\/p>\n\n\n\n<h3 id=\"3_Petra_tou_Romiou_la_roca_donde_nacio_Afrodita_segun_el_mito\" class=\"wp-block-heading\"><span class=\"ez-toc-section\" id=\"3_Petra_tou_Romiou_la_roca_donde_nacio_Afrodita_segun_el_mito\"><\/span>3. Petra tou Romiou: la roca donde naci\u00f3 Afrodita seg\u00fan el mito<span class=\"ez-toc-section-end\"><\/span><\/h3>\n\n\n\n<p class=\"wp-block-paragraph\">Petra tou Romiou es una ic\u00f3nica playa de guijarros con roquedales donde, seg\u00fan el antiguo mito, naci\u00f3 de la espuma del mar la mism\u00edsima diosa del amor y la belleza, Afrodita. El lugar tiene, dicen, una atm\u00f3sfera m\u00e1gica, y la leyenda cuenta que quien rodea a nado la roca principal tres veces obtiene juventud y belleza eternas. Por supuesto no tienes que creerte las leyendas, pero la <strong>vista de los imponentes acantilados calc\u00e1reos que emergen del agua turquesa<\/strong> es uno de los motivos m\u00e1s fotografiados de toda la isla.<\/p>\n\n\n\n<figure data-wp-context=\"{&quot;imageId&quot;:&quot;6a9944f092681&quot;}\" data-wp-interactive=\"core\/image\" data-wp-key=\"6a9944f092681\" class=\"wp-block-image size-full wp-lightbox-container\"><img decoding=\"async\" width=\"1500\" height=\"999\" data-wp-class--hide=\"state.isContentHidden\" data-wp-class--show=\"state.isContentVisible\" data-wp-init=\"callbacks.setButtonStyles\" data-wp-on--click=\"actions.showLightbox\" data-wp-on--load=\"callbacks.setButtonStyles\" data-wp-on--pointerdown=\"actions.preloadImage\" data-wp-on--pointerenter=\"actions.preloadImageWithDelay\" data-wp-on--pointerleave=\"actions.cancelPreload\" data-wp-on-window--resize=\"callbacks.setButtonStyles\" src=\"https:\/\/loudavymkrokem.cz\/wp-content\/uploads\/2026\/08\/dovolena-kypr-t03.jpg\" alt=\"La roca Petra tou Romiou, lugar de nacimiento de Afrodita\" class=\"wp-image-399849\" title=\"\" srcset=\"https:\/\/loudavymkrokem.cz\/wp-content\/uploads\/2026\/08\/dovolena-kypr-t03.jpg 1500w, https:\/\/loudavymkrokem.cz\/wp-content\/uploads\/2026\/08\/dovolena-kypr-t03-300x200.jpg 300w, https:\/\/loudavymkrokem.cz\/wp-content\/uploads\/2026\/08\/dovolena-kypr-t03-700x466.jpg 700w, https:\/\/loudavymkrokem.cz\/wp-content\/uploads\/2026\/08\/dovolena-kypr-t03-768x511.jpg 768w, https:\/\/loudavymkrokem.cz\/wp-content\/uploads\/2026\/08\/dovolena-kypr-t03-696x464.jpg 696w, https:\/\/loudavymkrokem.cz\/wp-content\/uploads\/2026\/08\/dovolena-kypr-t03-1392x927.jpg 1392w\" sizes=\"(max-width: 1500px) 100vw, 1500px\" \/><button\n\t\t\tclass=\"lightbox-trigger\"\n\t\t\ttype=\"button\"\n\t\t\taria-haspopup=\"dialog\"\n\t\t\tdata-wp-bind--aria-label=\"state.thisImage.triggerButtonAriaLabel\"\n\t\t\tdata-wp-init=\"callbacks.initTriggerButton\"\n\t\t\tdata-wp-on--click=\"actions.showLightbox\"\n\t\t\tdata-wp-style--right=\"state.thisImage.buttonRight\"\n\t\t\tdata-wp-style--top=\"state.thisImage.buttonTop\"\n\t\t>\n\t\t\t<svg xmlns=\"http:\/\/www.w3.org\/2000\/svg\" width=\"12\" height=\"12\" fill=\"none\" viewBox=\"0 0 12 12\">\n\t\t\t\t<path fill=\"#fff\" d=\"M2 0a2 2 0 0 0-2 2v2h1.5V2a.5.5 0 0 1 .5-.5h2V0H2Zm2 10.5H2a.5.5 0 0 1-.5-.5V8H0v2a2 2 0 0 0 2 2h2v-1.5ZM8 12v-1.5h2a.5.5 0 0 0 .5-.5V8H12v2a2 2 0 0 1-2 2H8Zm2-12a2 2 0 0 1 2 2v2h-1.5V2a.5.5 0 0 0-.5-.5H8V0h2Z\" \/>\n\t\t\t<\/svg>\n\t\t<\/button><figcaption class=\"wp-element-caption\">La roca Petra tou Romiou, lugar de nacimiento de Afrodita (Foto: This photo was taken by Anton Zelenov.\nPlease credit this wi \/ Wikimedia Commons, CC BY-SA 4.0)<\/figcaption><\/figure>\n\n\n\n<p class=\"wp-block-paragraph\">Ba\u00f1arse aqu\u00ed a veces resulta complicado por las corrientes fuertes y el oleaje m\u00e1s grande, as\u00ed que para un ba\u00f1o familiar tranquilo no suele ser el mejor sitio. Lo ideal es <strong>llegar a esta playa a la puesta de sol<\/strong>, cuando las multitudes de los autobuses tur\u00edsticos se dispersan un poco y toda la escena adquiere un aire rom\u00e1ntico maravilloso. Los viajeros tambi\u00e9n elogian el cercano mirador sobre el acantilado, desde donde har\u00e1s las mejores fotos panor\u00e1micas.<\/p>\n\n\n\n<h3 id=\"4_Peninsula_de_Akamas_y_la_Laguna_Azul\" class=\"wp-block-heading\"><span class=\"ez-toc-section\" id=\"4_Peninsula_de_Akamas_y_la_Laguna_Azul\"><\/span>4. Pen\u00ednsula de Akamas y la Laguna Azul<span class=\"ez-toc-section-end\"><\/span><\/h3>\n\n\n\n<p class=\"wp-block-paragraph\">La pen\u00ednsula de Akamas y la Laguna Azul son la zona protegida m\u00e1s salvaje e intacta del extremo oeste de la isla. Aqu\u00ed encontrar\u00e1s bosques densos, calas vac\u00edas y sobre todo la popular Laguna Azul, de agua tan <strong>transparente y cristalina<\/strong> que te sentir\u00e1s m\u00e1s bien en alg\u00fan rinc\u00f3n ex\u00f3tico del Caribe. La naturaleza est\u00e1 protegida de la construcci\u00f3n masiva, as\u00ed que no esperes grandes complejos hoteleros, sino m\u00e1s bien pistas de tierra y calma absoluta.<\/p>\n\n\n\n<figure data-wp-context=\"{&quot;imageId&quot;:&quot;6a9944f092af1&quot;}\" data-wp-interactive=\"core\/image\" data-wp-key=\"6a9944f092af1\" class=\"wp-block-image size-full wp-lightbox-container\"><img decoding=\"async\" width=\"1500\" height=\"959\" data-wp-class--hide=\"state.isContentHidden\" data-wp-class--show=\"state.isContentVisible\" data-wp-init=\"callbacks.setButtonStyles\" data-wp-on--click=\"actions.showLightbox\" data-wp-on--load=\"callbacks.setButtonStyles\" data-wp-on--pointerdown=\"actions.preloadImage\" data-wp-on--pointerenter=\"actions.preloadImageWithDelay\" data-wp-on--pointerleave=\"actions.cancelPreload\" data-wp-on-window--resize=\"callbacks.setButtonStyles\" src=\"https:\/\/loudavymkrokem.cz\/wp-content\/uploads\/2026\/08\/dovolena-kypr-t04.jpg\" alt=\"Laguna Azul en la pen\u00ednsula de Akamas\" class=\"wp-image-399854\" title=\"\" srcset=\"https:\/\/loudavymkrokem.cz\/wp-content\/uploads\/2026\/08\/dovolena-kypr-t04.jpg 1500w, https:\/\/loudavymkrokem.cz\/wp-content\/uploads\/2026\/08\/dovolena-kypr-t04-300x192.jpg 300w, https:\/\/loudavymkrokem.cz\/wp-content\/uploads\/2026\/08\/dovolena-kypr-t04-700x448.jpg 700w, https:\/\/loudavymkrokem.cz\/wp-content\/uploads\/2026\/08\/dovolena-kypr-t04-768x491.jpg 768w, https:\/\/loudavymkrokem.cz\/wp-content\/uploads\/2026\/08\/dovolena-kypr-t04-696x445.jpg 696w, https:\/\/loudavymkrokem.cz\/wp-content\/uploads\/2026\/08\/dovolena-kypr-t04-1392x890.jpg 1392w\" sizes=\"(max-width: 1500px) 100vw, 1500px\" \/><button\n\t\t\tclass=\"lightbox-trigger\"\n\t\t\ttype=\"button\"\n\t\t\taria-haspopup=\"dialog\"\n\t\t\tdata-wp-bind--aria-label=\"state.thisImage.triggerButtonAriaLabel\"\n\t\t\tdata-wp-init=\"callbacks.initTriggerButton\"\n\t\t\tdata-wp-on--click=\"actions.showLightbox\"\n\t\t\tdata-wp-style--right=\"state.thisImage.buttonRight\"\n\t\t\tdata-wp-style--top=\"state.thisImage.buttonTop\"\n\t\t>\n\t\t\t<svg xmlns=\"http:\/\/www.w3.org\/2000\/svg\" width=\"12\" height=\"12\" fill=\"none\" viewBox=\"0 0 12 12\">\n\t\t\t\t<path fill=\"#fff\" d=\"M2 0a2 2 0 0 0-2 2v2h1.5V2a.5.5 0 0 1 .5-.5h2V0H2Zm2 10.5H2a.5.5 0 0 1-.5-.5V8H0v2a2 2 0 0 0 2 2h2v-1.5ZM8 12v-1.5h2a.5.5 0 0 0 .5-.5V8H12v2a2 2 0 0 1-2 2H8Zm2-12a2 2 0 0 1 2 2v2h-1.5V2a.5.5 0 0 0-.5-.5H8V0h2Z\" \/>\n\t\t\t<\/svg>\n\t\t<\/button><figcaption class=\"wp-element-caption\">Laguna Azul en la pen\u00ednsula de Akamas (Foto: Michal Klajban \/ Wikimedia Commons, CC BY-SA 4.0)<\/figcaption><\/figure>\n\n\n\n<p class=\"wp-block-paragraph\">A la Laguna Azul, por desgracia, no llegas con un turismo normal de alquiler, porque las pistas sin asfaltar est\u00e1n llenas de baches profundos y piedras afiladas. La soluci\u00f3n pr\u00e1ctica es <strong>alquilar un todoterreno o hacer una c\u00f3moda excursi\u00f3n en barco<\/strong> desde el cercano puerto de Latchi. Las excursiones en barco suelen incluir una parada larga para ba\u00f1arse directamente en la laguna, que seg\u00fan muchos visitantes es la forma m\u00e1s agradable de conocer esta zona.<\/p>\n\n\n\n<h3 id=\"5_Garganta_de_Avakas\" class=\"wp-block-heading\"><span class=\"ez-toc-section\" id=\"5_Garganta_de_Avakas\"><\/span>5. Garganta de Avakas<span class=\"ez-toc-section-end\"><\/span><\/h3>\n\n\n\n<p class=\"wp-block-paragraph\">La garganta de Avakas es un impresionante fen\u00f3meno natural, un ca\u00f1\u00f3n estrecho tallado en la roca calc\u00e1rea que atrae a los amantes del movimiento y la naturaleza. Las paredes de la garganta alcanzan hasta treinta metros de altura y en los puntos m\u00e1s angostos se acercan tanto entre s\u00ed que puedes tocarlas con las dos manos a la vez. La <strong>ruta por el ca\u00f1\u00f3n dura unas dos horas<\/strong> y ofrece un agradable frescor incluso en los d\u00edas m\u00e1s t\u00f3rridos del verano, porque el sol apenas penetra hasta aqu\u00ed.<\/p>\n\n\n\n<figure data-wp-context=\"{&quot;imageId&quot;:&quot;6a9944f092ef1&quot;}\" data-wp-interactive=\"core\/image\" data-wp-key=\"6a9944f092ef1\" class=\"wp-block-image size-full wp-lightbox-container\"><img decoding=\"async\" width=\"1500\" height=\"1000\" data-wp-class--hide=\"state.isContentHidden\" data-wp-class--show=\"state.isContentVisible\" data-wp-init=\"callbacks.setButtonStyles\" data-wp-on--click=\"actions.showLightbox\" data-wp-on--load=\"callbacks.setButtonStyles\" data-wp-on--pointerdown=\"actions.preloadImage\" data-wp-on--pointerenter=\"actions.preloadImageWithDelay\" data-wp-on--pointerleave=\"actions.cancelPreload\" data-wp-on-window--resize=\"callbacks.setButtonStyles\" src=\"https:\/\/loudavymkrokem.cz\/wp-content\/uploads\/2026\/08\/dovolena-kypr-t05.jpg\" alt=\"Garganta de Avakas en el oeste de Chipre\" class=\"wp-image-399859\" title=\"\" srcset=\"https:\/\/loudavymkrokem.cz\/wp-content\/uploads\/2026\/08\/dovolena-kypr-t05.jpg 1500w, https:\/\/loudavymkrokem.cz\/wp-content\/uploads\/2026\/08\/dovolena-kypr-t05-300x200.jpg 300w, https:\/\/loudavymkrokem.cz\/wp-content\/uploads\/2026\/08\/dovolena-kypr-t05-700x467.jpg 700w, https:\/\/loudavymkrokem.cz\/wp-content\/uploads\/2026\/08\/dovolena-kypr-t05-768x512.jpg 768w, https:\/\/loudavymkrokem.cz\/wp-content\/uploads\/2026\/08\/dovolena-kypr-t05-696x464.jpg 696w, https:\/\/loudavymkrokem.cz\/wp-content\/uploads\/2026\/08\/dovolena-kypr-t05-1392x928.jpg 1392w\" sizes=\"(max-width: 1500px) 100vw, 1500px\" \/><button\n\t\t\tclass=\"lightbox-trigger\"\n\t\t\ttype=\"button\"\n\t\t\taria-haspopup=\"dialog\"\n\t\t\tdata-wp-bind--aria-label=\"state.thisImage.triggerButtonAriaLabel\"\n\t\t\tdata-wp-init=\"callbacks.initTriggerButton\"\n\t\t\tdata-wp-on--click=\"actions.showLightbox\"\n\t\t\tdata-wp-style--right=\"state.thisImage.buttonRight\"\n\t\t\tdata-wp-style--top=\"state.thisImage.buttonTop\"\n\t\t>\n\t\t\t<svg xmlns=\"http:\/\/www.w3.org\/2000\/svg\" width=\"12\" height=\"12\" fill=\"none\" viewBox=\"0 0 12 12\">\n\t\t\t\t<path fill=\"#fff\" d=\"M2 0a2 2 0 0 0-2 2v2h1.5V2a.5.5 0 0 1 .5-.5h2V0H2Zm2 10.5H2a.5.5 0 0 1-.5-.5V8H0v2a2 2 0 0 0 2 2h2v-1.5ZM8 12v-1.5h2a.5.5 0 0 0 .5-.5V8H12v2a2 2 0 0 1-2 2H8Zm2-12a2 2 0 0 1 2 2v2h-1.5V2a.5.5 0 0 0-.5-.5H8V0h2Z\" \/>\n\t\t\t<\/svg>\n\t\t<\/button><figcaption class=\"wp-element-caption\">Garganta de Avakas en el oeste de Chipre (Foto: Krzysztof Ziarnek, Kenraiz \/ Wikimedia Commons, CC BY-SA 4.0)<\/figcaption><\/figure>\n\n\n\n<p class=\"wp-block-paragraph\">Antes de ir, comprueba siempre con mucho cuidado la previsi\u00f3n del tiempo, ya que tras lluvias fuertes la garganta suele cerrarse por el peligro de desprendimientos de rocas e inundaciones repentinas. La ruta va en gran parte por el cauce del arroyo, sobre piedras mojadas y resbaladizas, as\u00ed que te vendr\u00e1 bien un buen <a href=\"https:\/\/loudavymkrokem.cz\/jak-vybrat-cestovni-pojisteni-na-dovolenou\/\">seguro de viaje<\/a>, porque un peque\u00f1o resbal\u00f3n acecha pr\u00e1cticamente todo el rato.<\/p>\n\n\n\n<h3 id=\"6_Lara_Bay_y_las_tortugas_marinas\" class=\"wp-block-heading\"><span class=\"ez-toc-section\" id=\"6_Lara_Bay_y_las_tortugas_marinas\"><\/span>6. Lara Bay y las tortugas marinas<span class=\"ez-toc-section-end\"><\/span><\/h3>\n\n\n\n<p class=\"wp-block-paragraph\">Lara Bay es una playa preciosa y estrictamente protegida que se ha hecho famosa como refugio seguro para las tortugas marinas amenazadas. De junio a octubre llegan aqu\u00ed a <strong>poner sus huevos las enormes tortugas boba y verde<\/strong>, lo que convierte el lugar en un enclave ecol\u00f3gico especialmente importante de todo el Mediterr\u00e1neo. Los voluntarios marcan cuidadosamente los nidos en la arena con jaulas met\u00e1licas especiales para protegerlos de depredadores y de turistas descuidados.<\/p>\n\n\n\n<figure data-wp-context=\"{&quot;imageId&quot;:&quot;6a9944f093286&quot;}\" data-wp-interactive=\"core\/image\" data-wp-key=\"6a9944f093286\" class=\"wp-block-image size-full wp-lightbox-container\"><img decoding=\"async\" width=\"1500\" height=\"1000\" data-wp-class--hide=\"state.isContentHidden\" data-wp-class--show=\"state.isContentVisible\" data-wp-init=\"callbacks.setButtonStyles\" data-wp-on--click=\"actions.showLightbox\" data-wp-on--load=\"callbacks.setButtonStyles\" data-wp-on--pointerdown=\"actions.preloadImage\" data-wp-on--pointerenter=\"actions.preloadImageWithDelay\" data-wp-on--pointerleave=\"actions.cancelPreload\" data-wp-on-window--resize=\"callbacks.setButtonStyles\" src=\"https:\/\/loudavymkrokem.cz\/wp-content\/uploads\/2026\/08\/dovolena-kypr-t06.jpg\" alt=\"Playa protegida de Lara Bay\" class=\"wp-image-399863\" title=\"\" srcset=\"https:\/\/loudavymkrokem.cz\/wp-content\/uploads\/2026\/08\/dovolena-kypr-t06.jpg 1500w, https:\/\/loudavymkrokem.cz\/wp-content\/uploads\/2026\/08\/dovolena-kypr-t06-300x200.jpg 300w, https:\/\/loudavymkrokem.cz\/wp-content\/uploads\/2026\/08\/dovolena-kypr-t06-700x467.jpg 700w, https:\/\/loudavymkrokem.cz\/wp-content\/uploads\/2026\/08\/dovolena-kypr-t06-768x512.jpg 768w, https:\/\/loudavymkrokem.cz\/wp-content\/uploads\/2026\/08\/dovolena-kypr-t06-696x464.jpg 696w, https:\/\/loudavymkrokem.cz\/wp-content\/uploads\/2026\/08\/dovolena-kypr-t06-1392x928.jpg 1392w\" sizes=\"(max-width: 1500px) 100vw, 1500px\" \/><button\n\t\t\tclass=\"lightbox-trigger\"\n\t\t\ttype=\"button\"\n\t\t\taria-haspopup=\"dialog\"\n\t\t\tdata-wp-bind--aria-label=\"state.thisImage.triggerButtonAriaLabel\"\n\t\t\tdata-wp-init=\"callbacks.initTriggerButton\"\n\t\t\tdata-wp-on--click=\"actions.showLightbox\"\n\t\t\tdata-wp-style--right=\"state.thisImage.buttonRight\"\n\t\t\tdata-wp-style--top=\"state.thisImage.buttonTop\"\n\t\t>\n\t\t\t<svg xmlns=\"http:\/\/www.w3.org\/2000\/svg\" width=\"12\" height=\"12\" fill=\"none\" viewBox=\"0 0 12 12\">\n\t\t\t\t<path fill=\"#fff\" d=\"M2 0a2 2 0 0 0-2 2v2h1.5V2a.5.5 0 0 1 .5-.5h2V0H2Zm2 10.5H2a.5.5 0 0 1-.5-.5V8H0v2a2 2 0 0 0 2 2h2v-1.5ZM8 12v-1.5h2a.5.5 0 0 0 .5-.5V8H12v2a2 2 0 0 1-2 2H8Zm2-12a2 2 0 0 1 2 2v2h-1.5V2a.5.5 0 0 0-.5-.5H8V0h2Z\" \/>\n\t\t\t<\/svg>\n\t\t<\/button><figcaption class=\"wp-element-caption\">Playa protegida de Lara Bay (Foto: Dm Bsg \/ Wikimedia Commons, CC BY 3.0)<\/figcaption><\/figure>\n\n\n\n<p class=\"wp-block-paragraph\">Las normas de visita son bastante estrictas y hay que respetarlas sin excepci\u00f3n. En la playa <strong>no se puede entrar de noche y est\u00e1 terminantemente prohibido iluminar<\/strong>, porque la luz artificial desorienta a las cr\u00edas reci\u00e9n nacidas, que por su culpa no encontrar\u00edan el camino al mar. Olv\u00eddate tambi\u00e9n de clavar sombrillas en la arena, ya que podr\u00edas destruir sin querer los huevos de tortuga escondidos bajo la superficie.<\/p>\n\n\n\n<h3 id=\"7_Cuevas_marinas_de_Peyia_y_Coral_Bay\" class=\"wp-block-heading\"><span class=\"ez-toc-section\" id=\"7_Cuevas_marinas_de_Peyia_y_Coral_Bay\"><\/span>7. Cuevas marinas de Peyia y Coral Bay<span class=\"ez-toc-section-end\"><\/span><\/h3>\n\n\n\n<p class=\"wp-block-paragraph\">Las cuevas marinas de Peyia y el vecino centro tur\u00edstico de Coral Bay forman un contraste fant\u00e1stico entre la costa rocosa salvaje y el ba\u00f1o c\u00f3modo. La zona de las llamadas sea caves est\u00e1 llena de bizarras formaciones rocosas, arcos y cuevas contra las que golpean sin cesar las olas del mar, creando un espect\u00e1culo dram\u00e1tico. Justo al lado est\u00e1 Coral Bay, una de las <strong>pocas playas de arena realmente bonitas<\/strong> de una costa oeste por lo dem\u00e1s mayormente pedregosa.<\/p>\n\n\n\n<figure data-wp-context=\"{&quot;imageId&quot;:&quot;6a9944f093639&quot;}\" data-wp-interactive=\"core\/image\" data-wp-key=\"6a9944f093639\" class=\"wp-block-image size-full wp-lightbox-container\"><img decoding=\"async\" width=\"1500\" height=\"1125\" data-wp-class--hide=\"state.isContentHidden\" data-wp-class--show=\"state.isContentVisible\" data-wp-init=\"callbacks.setButtonStyles\" data-wp-on--click=\"actions.showLightbox\" data-wp-on--load=\"callbacks.setButtonStyles\" data-wp-on--pointerdown=\"actions.preloadImage\" data-wp-on--pointerenter=\"actions.preloadImageWithDelay\" data-wp-on--pointerleave=\"actions.cancelPreload\" data-wp-on-window--resize=\"callbacks.setButtonStyles\" src=\"https:\/\/loudavymkrokem.cz\/wp-content\/uploads\/2026\/08\/dovolena-kypr-t07.jpg\" alt=\"Playa de Coral Bay junto a Pafos\" class=\"wp-image-399867\" title=\"\" srcset=\"https:\/\/loudavymkrokem.cz\/wp-content\/uploads\/2026\/08\/dovolena-kypr-t07.jpg 1500w, https:\/\/loudavymkrokem.cz\/wp-content\/uploads\/2026\/08\/dovolena-kypr-t07-300x225.jpg 300w, https:\/\/loudavymkrokem.cz\/wp-content\/uploads\/2026\/08\/dovolena-kypr-t07-700x525.jpg 700w, https:\/\/loudavymkrokem.cz\/wp-content\/uploads\/2026\/08\/dovolena-kypr-t07-768x576.jpg 768w, https:\/\/loudavymkrokem.cz\/wp-content\/uploads\/2026\/08\/dovolena-kypr-t07-80x60.jpg 80w, https:\/\/loudavymkrokem.cz\/wp-content\/uploads\/2026\/08\/dovolena-kypr-t07-160x120.jpg 160w, https:\/\/loudavymkrokem.cz\/wp-content\/uploads\/2026\/08\/dovolena-kypr-t07-696x522.jpg 696w, https:\/\/loudavymkrokem.cz\/wp-content\/uploads\/2026\/08\/dovolena-kypr-t07-1392x1044.jpg 1392w\" sizes=\"(max-width: 1500px) 100vw, 1500px\" \/><button\n\t\t\tclass=\"lightbox-trigger\"\n\t\t\ttype=\"button\"\n\t\t\taria-haspopup=\"dialog\"\n\t\t\tdata-wp-bind--aria-label=\"state.thisImage.triggerButtonAriaLabel\"\n\t\t\tdata-wp-init=\"callbacks.initTriggerButton\"\n\t\t\tdata-wp-on--click=\"actions.showLightbox\"\n\t\t\tdata-wp-style--right=\"state.thisImage.buttonRight\"\n\t\t\tdata-wp-style--top=\"state.thisImage.buttonTop\"\n\t\t>\n\t\t\t<svg xmlns=\"http:\/\/www.w3.org\/2000\/svg\" width=\"12\" height=\"12\" fill=\"none\" viewBox=\"0 0 12 12\">\n\t\t\t\t<path fill=\"#fff\" d=\"M2 0a2 2 0 0 0-2 2v2h1.5V2a.5.5 0 0 1 .5-.5h2V0H2Zm2 10.5H2a.5.5 0 0 1-.5-.5V8H0v2a2 2 0 0 0 2 2h2v-1.5ZM8 12v-1.5h2a.5.5 0 0 0 .5-.5V8H12v2a2 2 0 0 1-2 2H8Zm2-12a2 2 0 0 1 2 2v2h-1.5V2a.5.5 0 0 0-.5-.5H8V0h2Z\" \/>\n\t\t\t<\/svg>\n\t\t<\/button><figcaption class=\"wp-element-caption\">Playa de Coral Bay junto a Pafos (Foto: TomasNY (talk) \/ Wikimedia Commons, CC BY-SA 3.0)<\/figcaption><\/figure>\n\n\n\n<p class=\"wp-block-paragraph\">Mientras que las cuevas marinas las admiran sobre todo los fot\u00f3grafos desde los acantilados, Coral Bay ofrece unas instalaciones perfectas, con hamacas, arena limpia y una entrada al mar muy suave. Los locales recomiendan combinar ambos sitios con astucia, as\u00ed que puedes <strong>ba\u00f1arte primero c\u00f3modamente en la playa de arena<\/strong> y luego acercarte unos kil\u00f3metros a las cuevas, donde te espera una puesta de sol fant\u00e1stica.<\/p>\n\n\n\n<h3 id=\"8_Limassol_paseo_maritimo_castillo_y_la_ciudad_mas_animada_del_sur\" class=\"wp-block-heading\"><span class=\"ez-toc-section\" id=\"8_Limasol_paseo_maritimo_castillo_y_la_ciudad_mas_animada_del_sur\"><\/span>8. Limasol: paseo mar\u00edtimo, castillo y la ciudad m\u00e1s animada del sur<span class=\"ez-toc-section-end\"><\/span><\/h3>\n\n\n\n<p class=\"wp-block-paragraph\">Limasol es sin duda la ciudad m\u00e1s animada y cosmopolita de todo el sur griego, que combina a la perfecci\u00f3n historia con vida moderna. Su coraz\u00f3n es el largo y popular paseo mar\u00edtimo Molos, que bordea la costa y ofrece mucha vegetaci\u00f3n, bancos, esculturas modernas y acogedoras cafeter\u00edas con vistas al mar. El centro hist\u00f3rico de la ciudad es el viejo castillo medieval, donde, seg\u00fan las fuentes de la \u00e9poca, dicen que <strong>se cas\u00f3 el famoso rey Ricardo Coraz\u00f3n de Le\u00f3n<\/strong> con su prometida Berengaria de Navarra.<\/p>\n\n\n\n<figure data-wp-context=\"{&quot;imageId&quot;:&quot;6a9944f093a44&quot;}\" data-wp-interactive=\"core\/image\" data-wp-key=\"6a9944f093a44\" class=\"wp-block-image size-full wp-lightbox-container\"><img decoding=\"async\" width=\"1500\" height=\"1125\" data-wp-class--hide=\"state.isContentHidden\" data-wp-class--show=\"state.isContentVisible\" data-wp-init=\"callbacks.setButtonStyles\" data-wp-on--click=\"actions.showLightbox\" data-wp-on--load=\"callbacks.setButtonStyles\" data-wp-on--pointerdown=\"actions.preloadImage\" data-wp-on--pointerenter=\"actions.preloadImageWithDelay\" data-wp-on--pointerleave=\"actions.cancelPreload\" data-wp-on-window--resize=\"callbacks.setButtonStyles\" src=\"https:\/\/loudavymkrokem.cz\/wp-content\/uploads\/2026\/08\/dovolena-kypr-t08.jpg\" alt=\"Paseo mar\u00edtimo Molos en Limasol\" class=\"wp-image-399872\" title=\"\" srcset=\"https:\/\/loudavymkrokem.cz\/wp-content\/uploads\/2026\/08\/dovolena-kypr-t08.jpg 1500w, https:\/\/loudavymkrokem.cz\/wp-content\/uploads\/2026\/08\/dovolena-kypr-t08-300x225.jpg 300w, https:\/\/loudavymkrokem.cz\/wp-content\/uploads\/2026\/08\/dovolena-kypr-t08-700x525.jpg 700w, https:\/\/loudavymkrokem.cz\/wp-content\/uploads\/2026\/08\/dovolena-kypr-t08-768x576.jpg 768w, https:\/\/loudavymkrokem.cz\/wp-content\/uploads\/2026\/08\/dovolena-kypr-t08-80x60.jpg 80w, https:\/\/loudavymkrokem.cz\/wp-content\/uploads\/2026\/08\/dovolena-kypr-t08-160x120.jpg 160w, https:\/\/loudavymkrokem.cz\/wp-content\/uploads\/2026\/08\/dovolena-kypr-t08-696x522.jpg 696w, https:\/\/loudavymkrokem.cz\/wp-content\/uploads\/2026\/08\/dovolena-kypr-t08-1392x1044.jpg 1392w\" sizes=\"(max-width: 1500px) 100vw, 1500px\" \/><button\n\t\t\tclass=\"lightbox-trigger\"\n\t\t\ttype=\"button\"\n\t\t\taria-haspopup=\"dialog\"\n\t\t\tdata-wp-bind--aria-label=\"state.thisImage.triggerButtonAriaLabel\"\n\t\t\tdata-wp-init=\"callbacks.initTriggerButton\"\n\t\t\tdata-wp-on--click=\"actions.showLightbox\"\n\t\t\tdata-wp-style--right=\"state.thisImage.buttonRight\"\n\t\t\tdata-wp-style--top=\"state.thisImage.buttonTop\"\n\t\t>\n\t\t\t<svg xmlns=\"http:\/\/www.w3.org\/2000\/svg\" width=\"12\" height=\"12\" fill=\"none\" viewBox=\"0 0 12 12\">\n\t\t\t\t<path fill=\"#fff\" d=\"M2 0a2 2 0 0 0-2 2v2h1.5V2a.5.5 0 0 1 .5-.5h2V0H2Zm2 10.5H2a.5.5 0 0 1-.5-.5V8H0v2a2 2 0 0 0 2 2h2v-1.5ZM8 12v-1.5h2a.5.5 0 0 0 .5-.5V8H12v2a2 2 0 0 1-2 2H8Zm2-12a2 2 0 0 1 2 2v2h-1.5V2a.5.5 0 0 0-.5-.5H8V0h2Z\" \/>\n\t\t\t<\/svg>\n\t\t<\/button><figcaption class=\"wp-element-caption\">Paseo mar\u00edtimo Molos en Limasol (Foto: A.Savin \/ Wikimedia Commons, FAL)<\/figcaption><\/figure>\n\n\n\n<p class=\"wp-block-paragraph\">Alrededor del castillo se extiende una red de callejuelas estrechas llenas de restaurantes tradicionales, peque\u00f1as tiendas de artesan\u00eda y bares que cobran vida sobre todo al anochecer. Limasol funciona como un estupendo punto de partida para explorar la isla, porque est\u00e1 estrat\u00e9gicamente situada justo en el centro de la costa sur. Si buscas una <strong>combinaci\u00f3n de vida urbana animada, buena comida e historia<\/strong>, esta ciudad seguro que no te decepciona.<\/p>\n\n\n\n<h3 id=\"9_Kourion_el_teatro_antiguo_sobre_el_mar\" class=\"wp-block-heading\"><span class=\"ez-toc-section\" id=\"9_Kourion_el_teatro_antiguo_sobre_el_mar\"><\/span>9. Kourion: el teatro antiguo sobre el mar<span class=\"ez-toc-section-end\"><\/span><\/h3>\n\n\n\n<p class=\"wp-block-paragraph\">Kourion es una extensa ciudad antigua grecorromana que se alza de forma dram\u00e1tica sobre un alto acantilado, justo por encima del mar embravecido. La construcci\u00f3n m\u00e1s famosa de todo el complejo es el teatro antiguo maravillosamente reconstruido, que gracias a su ac\u00fastica perfecta todav\u00eda hoy acoge conciertos de verano al aire libre. Durante la visita puedes pasear entre los restos de las termas p\u00fablicas y <strong>examinar los mosaicos de suelo conservados en las casas de los ciudadanos ricos<\/strong>, que est\u00e1n entre los mejores de la isla.<\/p>\n\n\n\n<figure data-wp-context=\"{&quot;imageId&quot;:&quot;6a9944f09412a&quot;}\" data-wp-interactive=\"core\/image\" data-wp-key=\"6a9944f09412a\" class=\"wp-block-image size-full wp-lightbox-container\"><img decoding=\"async\" width=\"1500\" height=\"937\" data-wp-class--hide=\"state.isContentHidden\" data-wp-class--show=\"state.isContentVisible\" data-wp-init=\"callbacks.setButtonStyles\" data-wp-on--click=\"actions.showLightbox\" data-wp-on--load=\"callbacks.setButtonStyles\" data-wp-on--pointerdown=\"actions.preloadImage\" data-wp-on--pointerenter=\"actions.preloadImageWithDelay\" data-wp-on--pointerleave=\"actions.cancelPreload\" data-wp-on-window--resize=\"callbacks.setButtonStyles\" src=\"https:\/\/loudavymkrokem.cz\/wp-content\/uploads\/2026\/08\/dovolena-kypr-t09.jpg\" alt=\"Teatro antiguo de Kourion\" class=\"wp-image-399874\" title=\"\" srcset=\"https:\/\/loudavymkrokem.cz\/wp-content\/uploads\/2026\/08\/dovolena-kypr-t09.jpg 1500w, https:\/\/loudavymkrokem.cz\/wp-content\/uploads\/2026\/08\/dovolena-kypr-t09-300x187.jpg 300w, https:\/\/loudavymkrokem.cz\/wp-content\/uploads\/2026\/08\/dovolena-kypr-t09-700x437.jpg 700w, https:\/\/loudavymkrokem.cz\/wp-content\/uploads\/2026\/08\/dovolena-kypr-t09-768x480.jpg 768w, https:\/\/loudavymkrokem.cz\/wp-content\/uploads\/2026\/08\/dovolena-kypr-t09-696x435.jpg 696w, https:\/\/loudavymkrokem.cz\/wp-content\/uploads\/2026\/08\/dovolena-kypr-t09-1392x870.jpg 1392w\" sizes=\"(max-width: 1500px) 100vw, 1500px\" \/><button\n\t\t\tclass=\"lightbox-trigger\"\n\t\t\ttype=\"button\"\n\t\t\taria-haspopup=\"dialog\"\n\t\t\tdata-wp-bind--aria-label=\"state.thisImage.triggerButtonAriaLabel\"\n\t\t\tdata-wp-init=\"callbacks.initTriggerButton\"\n\t\t\tdata-wp-on--click=\"actions.showLightbox\"\n\t\t\tdata-wp-style--right=\"state.thisImage.buttonRight\"\n\t\t\tdata-wp-style--top=\"state.thisImage.buttonTop\"\n\t\t>\n\t\t\t<svg xmlns=\"http:\/\/www.w3.org\/2000\/svg\" width=\"12\" height=\"12\" fill=\"none\" viewBox=\"0 0 12 12\">\n\t\t\t\t<path fill=\"#fff\" d=\"M2 0a2 2 0 0 0-2 2v2h1.5V2a.5.5 0 0 1 .5-.5h2V0H2Zm2 10.5H2a.5.5 0 0 1-.5-.5V8H0v2a2 2 0 0 0 2 2h2v-1.5ZM8 12v-1.5h2a.5.5 0 0 0 .5-.5V8H12v2a2 2 0 0 1-2 2H8Zm2-12a2 2 0 0 1 2 2v2h-1.5V2a.5.5 0 0 0-.5-.5H8V0h2Z\" \/>\n\t\t\t<\/svg>\n\t\t<\/button><figcaption class=\"wp-element-caption\">Teatro antiguo de Kourion (Foto: A.Savin \/ Wikimedia Commons, FAL)<\/figcaption><\/figure>\n\n\n\n<p class=\"wp-block-paragraph\">El recinto arqueol\u00f3gico es bastante grande y est\u00e1 repartido por una colina amplia, as\u00ed que cuenta con un buen paseo bajo el sol directo. Tambi\u00e9n aqu\u00ed vale la regla de rigor de llegar temprano por la ma\u00f1ana, para esquivar el mayor calor y las grandes multitudes de los autobuses tur\u00edsticos. Desde el acantilado puedes <strong>bajar directamente a la playa hom\u00f3nima de Kourion<\/strong>, muy popular entre los locales y con excelentes condiciones para refrescarse en el mar por la tarde.<\/p>\n\n\n\n<h3 id=\"10_Castillo_de_Kolossi\" class=\"wp-block-heading\"><span class=\"ez-toc-section\" id=\"10_Castillo_de_Kolossi\"><\/span>10. Castillo de Kolossi<span class=\"ez-toc-section-end\"><\/span><\/h3>\n\n\n\n<p class=\"wp-block-paragraph\">El castillo de Kolossi es una maciza fortaleza cruzada del siglo XIII que a primera vista parece un inexpugnable cubo de piedra rodeado de huertos y vi\u00f1edos. Esta construcci\u00f3n sirvi\u00f3 en su d\u00eda como importante centro de mando de los poderosos hospitalarios y templarios, que desde aqu\u00ed administraban sus enormes posesiones en la isla. El lugar es famoso sobre todo porque aqu\u00ed empez\u00f3 a escribirse la <strong>historia del legendario vino dulce Commandaria<\/strong>, que los caballeros produc\u00edan y exportaban con gusto a las cortes reales de Europa.<\/p>\n\n\n\n<figure data-wp-context=\"{&quot;imageId&quot;:&quot;6a9944f0949a9&quot;}\" data-wp-interactive=\"core\/image\" data-wp-key=\"6a9944f0949a9\" class=\"wp-block-image size-full wp-lightbox-container\"><img decoding=\"async\" width=\"1500\" height=\"1000\" data-wp-class--hide=\"state.isContentHidden\" data-wp-class--show=\"state.isContentVisible\" data-wp-init=\"callbacks.setButtonStyles\" data-wp-on--click=\"actions.showLightbox\" data-wp-on--load=\"callbacks.setButtonStyles\" data-wp-on--pointerdown=\"actions.preloadImage\" data-wp-on--pointerenter=\"actions.preloadImageWithDelay\" data-wp-on--pointerleave=\"actions.cancelPreload\" data-wp-on-window--resize=\"callbacks.setButtonStyles\" src=\"https:\/\/loudavymkrokem.cz\/wp-content\/uploads\/2026\/08\/dovolena-kypr-t10.jpg\" alt=\"Fortaleza cruzada de Kolossi\" class=\"wp-image-399877\" title=\"\" srcset=\"https:\/\/loudavymkrokem.cz\/wp-content\/uploads\/2026\/08\/dovolena-kypr-t10.jpg 1500w, https:\/\/loudavymkrokem.cz\/wp-content\/uploads\/2026\/08\/dovolena-kypr-t10-300x200.jpg 300w, https:\/\/loudavymkrokem.cz\/wp-content\/uploads\/2026\/08\/dovolena-kypr-t10-700x467.jpg 700w, https:\/\/loudavymkrokem.cz\/wp-content\/uploads\/2026\/08\/dovolena-kypr-t10-768x512.jpg 768w, https:\/\/loudavymkrokem.cz\/wp-content\/uploads\/2026\/08\/dovolena-kypr-t10-696x464.jpg 696w, https:\/\/loudavymkrokem.cz\/wp-content\/uploads\/2026\/08\/dovolena-kypr-t10-1392x928.jpg 1392w\" sizes=\"(max-width: 1500px) 100vw, 1500px\" \/><button\n\t\t\tclass=\"lightbox-trigger\"\n\t\t\ttype=\"button\"\n\t\t\taria-haspopup=\"dialog\"\n\t\t\tdata-wp-bind--aria-label=\"state.thisImage.triggerButtonAriaLabel\"\n\t\t\tdata-wp-init=\"callbacks.initTriggerButton\"\n\t\t\tdata-wp-on--click=\"actions.showLightbox\"\n\t\t\tdata-wp-style--right=\"state.thisImage.buttonRight\"\n\t\t\tdata-wp-style--top=\"state.thisImage.buttonTop\"\n\t\t>\n\t\t\t<svg xmlns=\"http:\/\/www.w3.org\/2000\/svg\" width=\"12\" height=\"12\" fill=\"none\" viewBox=\"0 0 12 12\">\n\t\t\t\t<path fill=\"#fff\" d=\"M2 0a2 2 0 0 0-2 2v2h1.5V2a.5.5 0 0 1 .5-.5h2V0H2Zm2 10.5H2a.5.5 0 0 1-.5-.5V8H0v2a2 2 0 0 0 2 2h2v-1.5ZM8 12v-1.5h2a.5.5 0 0 0 .5-.5V8H12v2a2 2 0 0 1-2 2H8Zm2-12a2 2 0 0 1 2 2v2h-1.5V2a.5.5 0 0 0-.5-.5H8V0h2Z\" \/>\n\t\t\t<\/svg>\n\t\t<\/button><figcaption class=\"wp-element-caption\">Fortaleza cruzada de Kolossi (Foto: Diego Delso \/ Wikimedia Commons, CC BY-SA 4.0)<\/figcaption><\/figure>\n\n\n\n<p class=\"wp-block-paragraph\">Dentro de la fortaleza ver\u00e1s enormes chimeneas antiguas, frescos conservados y puedes subir con seguridad por la escalera de caracol de piedra hasta el mism\u00edsimo tejado. Desde all\u00ed se abre una <strong>preciosa vista de las plantaciones de c\u00edtricos de alrededor<\/strong> y las ruinas del viejo ingenio azucarero medieval que linda con el castillo. Visitar este lugar no lleva demasiado tiempo, as\u00ed que encaja perfectamente como breve parada hist\u00f3rica en un trayecto m\u00e1s largo por la costa.<\/p>\n\n\n\n<h3 id=\"11_Cabo_Greco_y_Kamara_tou_Koraka\" class=\"wp-block-heading\"><span class=\"ez-toc-section\" id=\"11_Cabo_Greco_y_Kamara_tou_Koraka\"><\/span>11. Cabo Greco y Kamara tou Koraka<span class=\"ez-toc-section-end\"><\/span><\/h3>\n\n\n\n<p class=\"wp-block-paragraph\">El cabo Greco marca la frontera rocosa imaginaria entre la costa sur y la este, y aqu\u00ed encontrar\u00e1s algunos de los acantilados m\u00e1s dram\u00e1ticos de toda la isla. El parque natural esconde muchas curiosidades, de las que la m\u00e1s conocida es sin duda el enorme arco de roca Kamara tou Koraka, que se equilibra justo sobre un abismo abrupto. El agua alrededor de toda la pen\u00ednsula tiene un color turquesa incre\u00edble y las <strong>profundas cuevas marinas invitan a explorarlas<\/strong>, sobre todo si te acercas en un peque\u00f1o barco de excursi\u00f3n o buceando con tubo.<\/p>\n\n\n\n<figure data-wp-context=\"{&quot;imageId&quot;:&quot;6a9944f095234&quot;}\" data-wp-interactive=\"core\/image\" data-wp-key=\"6a9944f095234\" class=\"wp-block-image size-full wp-lightbox-container\"><img decoding=\"async\" width=\"1500\" height=\"1125\" data-wp-class--hide=\"state.isContentHidden\" data-wp-class--show=\"state.isContentVisible\" data-wp-init=\"callbacks.setButtonStyles\" data-wp-on--click=\"actions.showLightbox\" data-wp-on--load=\"callbacks.setButtonStyles\" data-wp-on--pointerdown=\"actions.preloadImage\" data-wp-on--pointerenter=\"actions.preloadImageWithDelay\" data-wp-on--pointerleave=\"actions.cancelPreload\" data-wp-on-window--resize=\"callbacks.setButtonStyles\" src=\"https:\/\/loudavymkrokem.cz\/wp-content\/uploads\/2026\/08\/dovolena-kypr-t11.jpg\" alt=\"Arco de roca en el cabo Greco\" class=\"wp-image-399881\" title=\"\" srcset=\"https:\/\/loudavymkrokem.cz\/wp-content\/uploads\/2026\/08\/dovolena-kypr-t11.jpg 1500w, https:\/\/loudavymkrokem.cz\/wp-content\/uploads\/2026\/08\/dovolena-kypr-t11-300x225.jpg 300w, https:\/\/loudavymkrokem.cz\/wp-content\/uploads\/2026\/08\/dovolena-kypr-t11-700x525.jpg 700w, https:\/\/loudavymkrokem.cz\/wp-content\/uploads\/2026\/08\/dovolena-kypr-t11-768x576.jpg 768w, https:\/\/loudavymkrokem.cz\/wp-content\/uploads\/2026\/08\/dovolena-kypr-t11-80x60.jpg 80w, https:\/\/loudavymkrokem.cz\/wp-content\/uploads\/2026\/08\/dovolena-kypr-t11-160x120.jpg 160w, https:\/\/loudavymkrokem.cz\/wp-content\/uploads\/2026\/08\/dovolena-kypr-t11-696x522.jpg 696w, https:\/\/loudavymkrokem.cz\/wp-content\/uploads\/2026\/08\/dovolena-kypr-t11-1392x1044.jpg 1392w\" sizes=\"(max-width: 1500px) 100vw, 1500px\" \/><button\n\t\t\tclass=\"lightbox-trigger\"\n\t\t\ttype=\"button\"\n\t\t\taria-haspopup=\"dialog\"\n\t\t\tdata-wp-bind--aria-label=\"state.thisImage.triggerButtonAriaLabel\"\n\t\t\tdata-wp-init=\"callbacks.initTriggerButton\"\n\t\t\tdata-wp-on--click=\"actions.showLightbox\"\n\t\t\tdata-wp-style--right=\"state.thisImage.buttonRight\"\n\t\t\tdata-wp-style--top=\"state.thisImage.buttonTop\"\n\t\t>\n\t\t\t<svg xmlns=\"http:\/\/www.w3.org\/2000\/svg\" width=\"12\" height=\"12\" fill=\"none\" viewBox=\"0 0 12 12\">\n\t\t\t\t<path fill=\"#fff\" d=\"M2 0a2 2 0 0 0-2 2v2h1.5V2a.5.5 0 0 1 .5-.5h2V0H2Zm2 10.5H2a.5.5 0 0 1-.5-.5V8H0v2a2 2 0 0 0 2 2h2v-1.5ZM8 12v-1.5h2a.5.5 0 0 0 .5-.5V8H12v2a2 2 0 0 1-2 2H8Zm2-12a2 2 0 0 1 2 2v2h-1.5V2a.5.5 0 0 0-.5-.5H8V0h2Z\" \/>\n\t\t\t<\/svg>\n\t\t<\/button><figcaption class=\"wp-element-caption\">Arco de roca en el cabo Greco (Foto: Knowledge2need \/ Wikimedia Commons, CC BY-SA 4.0)<\/figcaption><\/figure>\n\n\n\n<p class=\"wp-block-paragraph\">Este enclave es fant\u00e1stico para los amantes del mundo submarino, porque la visibilidad bajo el agua es excelente todo el a\u00f1o. Por el cabo Greco discurren muchos senderos bien cuidados con bancos, ideales para escapadas nocturnas a la naturaleza. Los viajeros coinciden en que precisamente los acantilados de este cabo ofrecen <strong>algunas de las mejores vistas de la m\u00e1gica puesta de sol<\/strong> de toda la parte este de Chipre.<\/p>\n\n\n\n<h3 id=\"12_Larnaca_Chipre_el_Lago_Salado_y_los_flamencos\" class=\"wp-block-heading\"><span class=\"ez-toc-section\" id=\"12_Larnaca_Chipre_el_Lago_Salado_y_los_flamencos\"><\/span>12. L\u00e1rnaca (Chipre): el Lago Salado y los flamencos<span class=\"ez-toc-section-end\"><\/span><\/h3>\n\n\n\n<p class=\"wp-block-paragraph\">L\u00e1rnaca combina el ambiente relajado de un centro tur\u00edstico costero con una rica historia y curiosos fen\u00f3menos naturales en sus inmediaciones. Justo detr\u00e1s de la ciudad se extiende el amplio Lago Salado, donde durante los meses de invierno y primavera <strong>hacen escala enormes bandadas de preciosos flamencos rosados<\/strong>, un espect\u00e1culo incre\u00edblemente fotog\u00e9nico. A orillas de este lago se agazapa la importante mezquita isl\u00e1mica Hala Sultan Tekke, y en el propio centro de la ciudad no puedes perderte la preciosa iglesia de piedra de San L\u00e1zaro, del siglo IX.<\/p>\n\n\n\n<figure data-wp-context=\"{&quot;imageId&quot;:&quot;6a9944f095877&quot;}\" data-wp-interactive=\"core\/image\" data-wp-key=\"6a9944f095877\" class=\"wp-block-image size-full wp-lightbox-container\"><img decoding=\"async\" width=\"1500\" height=\"1124\" data-wp-class--hide=\"state.isContentHidden\" data-wp-class--show=\"state.isContentVisible\" data-wp-init=\"callbacks.setButtonStyles\" data-wp-on--click=\"actions.showLightbox\" data-wp-on--load=\"callbacks.setButtonStyles\" data-wp-on--pointerdown=\"actions.preloadImage\" data-wp-on--pointerenter=\"actions.preloadImageWithDelay\" data-wp-on--pointerleave=\"actions.cancelPreload\" data-wp-on-window--resize=\"callbacks.setButtonStyles\" src=\"https:\/\/loudavymkrokem.cz\/wp-content\/uploads\/2026\/08\/dovolena-kypr-t12.jpg\" alt=\"Lago Salado junto a L\u00e1rnaca\" class=\"wp-image-399885\" title=\"\" srcset=\"https:\/\/loudavymkrokem.cz\/wp-content\/uploads\/2026\/08\/dovolena-kypr-t12.jpg 1500w, https:\/\/loudavymkrokem.cz\/wp-content\/uploads\/2026\/08\/dovolena-kypr-t12-300x225.jpg 300w, https:\/\/loudavymkrokem.cz\/wp-content\/uploads\/2026\/08\/dovolena-kypr-t12-700x525.jpg 700w, https:\/\/loudavymkrokem.cz\/wp-content\/uploads\/2026\/08\/dovolena-kypr-t12-768x575.jpg 768w, https:\/\/loudavymkrokem.cz\/wp-content\/uploads\/2026\/08\/dovolena-kypr-t12-80x60.jpg 80w, https:\/\/loudavymkrokem.cz\/wp-content\/uploads\/2026\/08\/dovolena-kypr-t12-160x120.jpg 160w, https:\/\/loudavymkrokem.cz\/wp-content\/uploads\/2026\/08\/dovolena-kypr-t12-696x522.jpg 696w, https:\/\/loudavymkrokem.cz\/wp-content\/uploads\/2026\/08\/dovolena-kypr-t12-1392x1043.jpg 1392w\" sizes=\"(max-width: 1500px) 100vw, 1500px\" \/><button\n\t\t\tclass=\"lightbox-trigger\"\n\t\t\ttype=\"button\"\n\t\t\taria-haspopup=\"dialog\"\n\t\t\tdata-wp-bind--aria-label=\"state.thisImage.triggerButtonAriaLabel\"\n\t\t\tdata-wp-init=\"callbacks.initTriggerButton\"\n\t\t\tdata-wp-on--click=\"actions.showLightbox\"\n\t\t\tdata-wp-style--right=\"state.thisImage.buttonRight\"\n\t\t\tdata-wp-style--top=\"state.thisImage.buttonTop\"\n\t\t>\n\t\t\t<svg xmlns=\"http:\/\/www.w3.org\/2000\/svg\" width=\"12\" height=\"12\" fill=\"none\" viewBox=\"0 0 12 12\">\n\t\t\t\t<path fill=\"#fff\" d=\"M2 0a2 2 0 0 0-2 2v2h1.5V2a.5.5 0 0 1 .5-.5h2V0H2Zm2 10.5H2a.5.5 0 0 1-.5-.5V8H0v2a2 2 0 0 0 2 2h2v-1.5ZM8 12v-1.5h2a.5.5 0 0 0 .5-.5V8H12v2a2 2 0 0 1-2 2H8Zm2-12a2 2 0 0 1 2 2v2h-1.5V2a.5.5 0 0 0-.5-.5H8V0h2Z\" \/>\n\t\t\t<\/svg>\n\t\t<\/button><figcaption class=\"wp-element-caption\">Lago Salado junto a L\u00e1rnaca (Foto: Gerda Arendt \/ Wikimedia Commons, CC0)<\/figcaption><\/figure>\n\n\n\n<p class=\"wp-block-paragraph\">Si justo ahora est\u00e1s pensando <a href=\"https:\/\/loudavymkrokem.cz\/es\/vacaciones-septiembre-destinos\/\">ad\u00f3nde ir de vacaciones en septiembre<\/a>, los alrededores de L\u00e1rnaca son una opci\u00f3n estupenda, con temperaturas ideales y un mar todav\u00eda deliciosamente templado. La mayor\u00eda de los turistas solo cruzan r\u00e1pido la ciudad al aterrizar en el aeropuerto, pero <strong>L\u00e1rnaca merece sin duda al menos una parada de medio d\u00eda<\/strong>. Puedes pasear con calma por el paseo de palmeras Finikoudes, sentarte en las cafeter\u00edas locales y absorber la aut\u00e9ntica tranquilidad chipriota.<\/p>\n\n\n\n<h3 id=\"13_Nissi_Beach_la_playa_mas_famosa_de_Chipre\" class=\"wp-block-heading\"><span class=\"ez-toc-section\" id=\"13_Nissi_Beach_la_playa_mas_famosa_de_Chipre\"><\/span>13. Nissi Beach: la playa m\u00e1s famosa de Chipre<span class=\"ez-toc-section-end\"><\/span><\/h3>\n\n\n\n<p class=\"wp-block-paragraph\">Nissi Beach es probablemente la playa m\u00e1s famosa y fotografiada de todo Chipre, que gana con regularidad los rankings de belleza. Atrae por su deslumbrante arena blanca y fina, su agua incre\u00edblemente somera y su t\u00edpica lengua de arena por la que se puede llegar a pie enjuto a un islote a poca distancia de la orilla. El agua est\u00e1 aqu\u00ed <strong>agradablemente templada y la mayor parte del tiempo muy tranquila<\/strong>, lo que la convierte a primera vista en un para\u00edso caribe\u00f1o perfecto para los amantes del ba\u00f1o.<\/p>\n\n\n\n<figure data-wp-context=\"{&quot;imageId&quot;:&quot;6a9944f095ed4&quot;}\" data-wp-interactive=\"core\/image\" data-wp-key=\"6a9944f095ed4\" class=\"wp-block-image size-full wp-lightbox-container\"><img decoding=\"async\" width=\"1500\" height=\"1000\" data-wp-class--hide=\"state.isContentHidden\" data-wp-class--show=\"state.isContentVisible\" data-wp-init=\"callbacks.setButtonStyles\" data-wp-on--click=\"actions.showLightbox\" data-wp-on--load=\"callbacks.setButtonStyles\" data-wp-on--pointerdown=\"actions.preloadImage\" data-wp-on--pointerenter=\"actions.preloadImageWithDelay\" data-wp-on--pointerleave=\"actions.cancelPreload\" data-wp-on-window--resize=\"callbacks.setButtonStyles\" src=\"https:\/\/loudavymkrokem.cz\/wp-content\/uploads\/2026\/08\/dovolena-kypr-t13.jpg\" alt=\"Playa de Nissi Beach en Ayia Napa\" class=\"wp-image-399888\" title=\"\" srcset=\"https:\/\/loudavymkrokem.cz\/wp-content\/uploads\/2026\/08\/dovolena-kypr-t13.jpg 1500w, https:\/\/loudavymkrokem.cz\/wp-content\/uploads\/2026\/08\/dovolena-kypr-t13-300x200.jpg 300w, https:\/\/loudavymkrokem.cz\/wp-content\/uploads\/2026\/08\/dovolena-kypr-t13-700x467.jpg 700w, https:\/\/loudavymkrokem.cz\/wp-content\/uploads\/2026\/08\/dovolena-kypr-t13-768x512.jpg 768w, https:\/\/loudavymkrokem.cz\/wp-content\/uploads\/2026\/08\/dovolena-kypr-t13-696x464.jpg 696w, https:\/\/loudavymkrokem.cz\/wp-content\/uploads\/2026\/08\/dovolena-kypr-t13-1392x928.jpg 1392w\" sizes=\"(max-width: 1500px) 100vw, 1500px\" \/><button\n\t\t\tclass=\"lightbox-trigger\"\n\t\t\ttype=\"button\"\n\t\t\taria-haspopup=\"dialog\"\n\t\t\tdata-wp-bind--aria-label=\"state.thisImage.triggerButtonAriaLabel\"\n\t\t\tdata-wp-init=\"callbacks.initTriggerButton\"\n\t\t\tdata-wp-on--click=\"actions.showLightbox\"\n\t\t\tdata-wp-style--right=\"state.thisImage.buttonRight\"\n\t\t\tdata-wp-style--top=\"state.thisImage.buttonTop\"\n\t\t>\n\t\t\t<svg xmlns=\"http:\/\/www.w3.org\/2000\/svg\" width=\"12\" height=\"12\" fill=\"none\" viewBox=\"0 0 12 12\">\n\t\t\t\t<path fill=\"#fff\" d=\"M2 0a2 2 0 0 0-2 2v2h1.5V2a.5.5 0 0 1 .5-.5h2V0H2Zm2 10.5H2a.5.5 0 0 1-.5-.5V8H0v2a2 2 0 0 0 2 2h2v-1.5ZM8 12v-1.5h2a.5.5 0 0 0 .5-.5V8H12v2a2 2 0 0 1-2 2H8Zm2-12a2 2 0 0 1 2 2v2h-1.5V2a.5.5 0 0 0-.5-.5H8V0h2Z\" \/>\n\t\t\t<\/svg>\n\t\t<\/button><figcaption class=\"wp-element-caption\">Playa de Nissi Beach en Ayia Napa (Foto: Dmitry Panov \/ Wikimedia Commons, CC BY 3.0)<\/figcaption><\/figure>\n\n\n\n<p class=\"wp-block-paragraph\">Pero tengo que avisarte con sinceridad: en plena temporada alta de verano es una de las playas m\u00e1s abarrotadas de toda la isla y all\u00ed no busques calma. Durante el d\u00eda <strong>suele sonar m\u00fasica muy alta desde los clubes de playa<\/strong>, se montan fiestas animadas y encontrar una hamaca libre despu\u00e9s de las diez de la ma\u00f1ana es una tarea sobrehumana. Si quieres disfrutar de su belleza con relativa calma, llega mejor bien temprano por la ma\u00f1ana, cuando la playa apenas despierta a la vida.<\/p>\n\n\n\n<h3 id=\"14_Ayia_Napa_fiesta_pero_tambien_monasterio_y_cuevas_marinas\" class=\"wp-block-heading\"><span class=\"ez-toc-section\" id=\"14_Ayia_Napa_fiesta_pero_tambien_monasterio_y_cuevas_marinas\"><\/span>14. Ayia Napa: fiesta, pero tambi\u00e9n monasterio y cuevas marinas<span class=\"ez-toc-section-end\"><\/span><\/h3>\n\n\n\n<p class=\"wp-block-paragraph\">Ayia Napa se ha ganado una fama internacional de ciudad salvaje de fiesta que nunca duerme y que en verano se convierte en un enorme aparcamiento de baile para los j\u00f3venes de toda Europa. El epicentro de todo el ambiente nocturno es la c\u00e9lebre calle Nissi Avenue, donde hay decenas de bares tem\u00e1ticos y macrodiscotecas. Aun as\u00ed, la ciudad ofrece tambi\u00e9n una cara muy tranquila, porque justo en medio de toda esa locura moderna <strong>se alza un viejo monasterio veneciano del siglo XV<\/strong>, que act\u00faa como un inesperado oasis de silencio absoluto.<\/p>\n\n\n\n<figure data-wp-context=\"{&quot;imageId&quot;:&quot;6a9944f0964c5&quot;}\" data-wp-interactive=\"core\/image\" data-wp-key=\"6a9944f0964c5\" class=\"wp-block-image size-full wp-lightbox-container\"><img decoding=\"async\" width=\"1500\" height=\"1086\" data-wp-class--hide=\"state.isContentHidden\" data-wp-class--show=\"state.isContentVisible\" data-wp-init=\"callbacks.setButtonStyles\" data-wp-on--click=\"actions.showLightbox\" data-wp-on--load=\"callbacks.setButtonStyles\" data-wp-on--pointerdown=\"actions.preloadImage\" data-wp-on--pointerenter=\"actions.preloadImageWithDelay\" data-wp-on--pointerleave=\"actions.cancelPreload\" data-wp-on-window--resize=\"callbacks.setButtonStyles\" src=\"https:\/\/loudavymkrokem.cz\/wp-content\/uploads\/2026\/08\/dovolena-kypr-t14.jpg\" alt=\"Monasterio en Ayia Napa\" class=\"wp-image-399893\" title=\"\" srcset=\"https:\/\/loudavymkrokem.cz\/wp-content\/uploads\/2026\/08\/dovolena-kypr-t14.jpg 1500w, https:\/\/loudavymkrokem.cz\/wp-content\/uploads\/2026\/08\/dovolena-kypr-t14-300x217.jpg 300w, https:\/\/loudavymkrokem.cz\/wp-content\/uploads\/2026\/08\/dovolena-kypr-t14-700x507.jpg 700w, https:\/\/loudavymkrokem.cz\/wp-content\/uploads\/2026\/08\/dovolena-kypr-t14-768x556.jpg 768w, https:\/\/loudavymkrokem.cz\/wp-content\/uploads\/2026\/08\/dovolena-kypr-t14-696x504.jpg 696w, https:\/\/loudavymkrokem.cz\/wp-content\/uploads\/2026\/08\/dovolena-kypr-t14-1392x1008.jpg 1392w\" sizes=\"(max-width: 1500px) 100vw, 1500px\" \/><button\n\t\t\tclass=\"lightbox-trigger\"\n\t\t\ttype=\"button\"\n\t\t\taria-haspopup=\"dialog\"\n\t\t\tdata-wp-bind--aria-label=\"state.thisImage.triggerButtonAriaLabel\"\n\t\t\tdata-wp-init=\"callbacks.initTriggerButton\"\n\t\t\tdata-wp-on--click=\"actions.showLightbox\"\n\t\t\tdata-wp-style--right=\"state.thisImage.buttonRight\"\n\t\t\tdata-wp-style--top=\"state.thisImage.buttonTop\"\n\t\t>\n\t\t\t<svg xmlns=\"http:\/\/www.w3.org\/2000\/svg\" width=\"12\" height=\"12\" fill=\"none\" viewBox=\"0 0 12 12\">\n\t\t\t\t<path fill=\"#fff\" d=\"M2 0a2 2 0 0 0-2 2v2h1.5V2a.5.5 0 0 1 .5-.5h2V0H2Zm2 10.5H2a.5.5 0 0 1-.5-.5V8H0v2a2 2 0 0 0 2 2h2v-1.5ZM8 12v-1.5h2a.5.5 0 0 0 .5-.5V8H12v2a2 2 0 0 1-2 2H8Zm2-12a2 2 0 0 1 2 2v2h-1.5V2a.5.5 0 0 0-.5-.5H8V0h2Z\" \/>\n\t\t\t<\/svg>\n\t\t<\/button><figcaption class=\"wp-element-caption\">Monasterio en Ayia Napa (Foto: Zairon \/ Wikimedia Commons, CC BY-SA 4.0)<\/figcaption><\/figure>\n\n\n\n<p class=\"wp-block-paragraph\">Adem\u00e1s de la vida nocturna, Ayia Napa presume de un excelente acceso al mar y de un mont\u00f3n de preciosas calas de agua cristalina. Del animado puerto local <strong>zarpan a diario peque\u00f1os barcos de excursi\u00f3n hacia las cuevas marinas<\/strong> y a lo largo de la costa discurren muchas rutas a pie bonitas. La ciudad funciona, por tanto, sorprendentemente bien tanto para los amantes de las fiestas interminables como para los viajeros que quieren explorar de d\u00eda bonitos fen\u00f3menos naturales.<\/p>\n\n\n\n<!-- LKM_GYG_CARD start q=\"kypr\" lang=\"es\" rendered=\"2026-09-01T09:15:42+00:00\" v=\"1\" -->\n\n<!-- LKM_GYG_CARD end -->\n\n\n\n\n<div class=\"lk-stays-module\">\n<style>\n\/* \u2500\u2500\u2500 RESET PRO GUTENBERG \u2500\u2500\u2500 *\/\n.lk-stays-module * { box-sizing: border-box; margin: 0; padding: 0; }\n\n\/* \u2500\u2500\u2500 WRAPPER \u2500\u2500\u2500 *\/\n.lk-stays-module {\n  font-family: 'DM Sans', Georgia, sans-serif;\n  max-width: 100%;\n  margin: 2.5rem auto;\n  background: linear-gradient(135deg, #fdfaf5 0%, #fcf8f0 100%);\n  border: 1px solid #e8dfd4;\n  border-radius: 16px;\n  overflow: hidden;\n  box-shadow: 0 16px 48px rgba(195, 159, 118, 0.25), 0 4px 12px rgba(0,0,0,0.08);\n}\n\n\/* \u2500\u2500\u2500 HEADER \u2500\u2500\u2500 *\/\n.lk-stays-header {\n  position: relative;\n  padding: 24px 36px 24px;\n  background: linear-gradient(135deg, #c39f76 0%, #d4b188 60%, #c39f76 100%);\n  border-bottom: 1px solid rgba(255,255,255,.15);\n  display: flex;\n  align-items: center;\n  gap: 18px;\n}\n.lk-stays-header::before {\n  content: '';\n  position: absolute;\n  inset: 0;\n  background: url(\"data:image\/svg+xml,%3Csvg width='60' height='60' viewBox='0 0 60 60' xmlns='http:\/\/www.w3.org\/2000\/svg'%3E%3Cg fill='none' fill-rule='evenodd'%3E%3Cg fill='%23ffffff' fill-opacity='0.05'%3E%3Cpath d='M36 34v-4h-2v4h-4v2h4v4h2v-4h4v-2h-4zm0-30V0h-2v4h-4v2h4v4h2V6h4V4h-4zM6 34v-4H4v4H0v2h4v4h2v-4h4v-2H6zM6 4V0H4v4H0v2h4v4h2V6h4V4H6z'\/%3E%3C\/g%3E%3C\/g%3E%3C\/svg%3E\") repeat;\n  pointer-events: none;\n}\n.lk-stays-icon {\n  flex-shrink: 0;\n  width: 68px;\n  height: 68px;\n  border-radius: 14px;\n  background: linear-gradient(135deg, #fff 0%, #f9f6f0 100%);\n  display: flex;\n  align-items: center;\n  justify-content: center;\n  font-size: 26px;\n  box-shadow: 0 4px 12px rgba(0,0,0,0.15);\n}\n.lk-stays-eyebrow {\n  font-size: 10px;\n  font-weight: 500;\n  letter-spacing: 2.5px;\n  text-transform: uppercase;\n  color: rgba(255,255,255,.85);\n  margin: 0 0 5px 0;\n}\n.lk-stays-title {\n  font-family: 'Playfair Display', Georgia, serif;\n  font-size: 24px;\n  font-weight: 700;\n  color: #fff;\n  line-height: 1.2;\n  text-shadow: 0 1px 2px rgba(0,0,0,0.1);\n  margin: 0;\n}\n.lk-stays-subtitle {\n  font-size: 13px;\n  color: rgba(255,255,255,.75);\n  margin: 4px 0 0 0;\n  font-weight: 300;\n}\n\n\/* \u2500\u2500\u2500 CARDS GRID \u2500\u2500\u2500 *\/\n.lk-stays-grid {\n  display: grid;\n  grid-template-columns: 1fr 1fr;\n  gap: 1px;\n  background: rgba(195, 159, 118, 0.12);\n}\n\n\/* \u2500\u2500\u2500 SINGLE CARD \u2500\u2500\u2500 *\/\n.lk-stay-card {\n  background: #ffffff;\n  padding: 26px;\n  display: flex;\n  flex-direction: column;\n  gap: 11px;\n  transition: all 0.3s ease;\n  text-decoration: none;\n  color: inherit;\n  position: relative;\n}\n.lk-stay-card:hover {\n  background: #fffbf5;\n  transform: translateY(-2px);\n  box-shadow: 0 8px 24px rgba(195, 159, 118, 0.18);\n  z-index: 1;\n}\n.lk-stay-card.featured {\n  background: linear-gradient(135deg, #fffdf9 0%, #fff9f0 100%);\n  box-shadow: 0 4px 16px rgba(195, 159, 118, 0.15), inset 0 1px 0 rgba(195, 159, 118, 0.1);\n}\n.lk-stay-card.featured:hover {\n  background: linear-gradient(135deg, #fffbf5 0%, #fff8ed 100%);\n  box-shadow: 0 8px 24px rgba(195, 159, 118, 0.25), inset 0 1px 0 rgba(195, 159, 118, 0.15);\n}\n\n.lk-stay-badge {\n  display: inline-flex;\n  align-items: center;\n  gap: 5px;\n  font-size: 10px;\n  font-weight: 500;\n  letter-spacing: 1.5px;\n  text-transform: uppercase;\n  padding: 5px 11px;\n  border-radius: 20px;\n  width: fit-content;\n}\n.badge-top     { background: linear-gradient(135deg, #c39f76 0%, #d4b188 100%); color: #fff; border: 1px solid #c39f76; font-weight: 600; box-shadow: 0 2px 8px rgba(195,159,118,0.3); }\n.badge-luxury  { background: rgba(195,159,118,.12); color: #c39f76; border: 1px solid rgba(195,159,118,.25); }\n.badge-boutique{ background: rgba(54,133,252,.08); color: #3685fc; border: 1px solid rgba(54,133,252,.2); }\n.badge-nature  { background: rgba(130,190,100,.1); color: #6b9c4a; border: 1px solid rgba(130,190,100,.2); }\n.badge-remote  { background: rgba(195,159,118,.12); color: #a67e50; border: 1px solid rgba(195,159,118,.25); }\n\n.lk-stay-name {\n  font-family: 'Playfair Display', Georgia, serif;\n  font-size: 18px;\n  font-weight: 700;\n  color: #111827;\n  line-height: 1.3;\n}\n.lk-stay-desc {\n  font-size: 13.5px;\n  color: #525252;\n  line-height: 1.65;\n  font-weight: 300;\n  flex: 1;\n}\n\n.lk-stay-meta {\n  display: flex;\n  align-items: center;\n  gap: 12px;\n  flex-wrap: wrap;\n  margin-top: 4px;\n}\n.lk-stay-price {\n  font-size: 13px;\n  color: #6b7280;\n}\n.lk-stay-price strong {\n  color: #c39f76;\n  font-weight: 500;\n}\n.lk-stay-stars {\n  color: #c39f76;\n  font-size: 11px;\n  letter-spacing: 1px;\n}\n\n\/* \u2500\u2500\u2500 CTA BUTTON \u2500\u2500\u2500 *\/\n.lk-stay-cta {\n  display: inline-flex;\n  align-items: center;\n  justify-content: center;\n  gap: 7px;\n  margin-top: 8px;\n  padding: 11px 20px;\n  border-radius: 8px;\n  background: linear-gradient(135deg, #3685fc 0%, #2a6fd9 100%);\n  color: #fff;\n  font-size: 13px;\n  font-weight: 500;\n  text-decoration: none;\n  letter-spacing: .3px;\n  transition: all .2s ease;\n  cursor: pointer;\n  border: none;\n  text-align: center;\n  box-shadow: 0 4px 12px rgba(54, 133, 252, 0.25);\n}\n.lk-stay-cta:hover {\n  background: linear-gradient(135deg, #2a6fd9 0%, #1e5bc4 100%);\n  transform: translateY(-1px);\n  box-shadow: 0 6px 16px rgba(54, 133, 252, 0.35);\n}\n.lk-stay-cta svg { flex-shrink: 0; }\n\n\/* \u2500\u2500\u2500 FOOTER \u2500\u2500\u2500 *\/\n.lk-stays-footer {\n  padding: 18px 36px;\n  background: linear-gradient(to bottom, #fdfaf5 0%, #f9f4ed 100%);\n  border-top: 1px solid rgba(195, 159, 118, 0.15);\n  display: flex;\n  align-items: center;\n  justify-content: space-between;\n  flex-wrap: wrap;\n  gap: 12px;\n}\n.lk-stays-footer-note {\n  font-size: 11.5px;\n  color: #6b7280;\n  font-weight: 300;\n  line-height: 1.5;\n}\n.lk-stays-footer-note a {\n  color: #c39f76;\n  text-decoration: none;\n  font-weight: 400;\n}\n.lk-stays-footer-note a:hover {\n  text-decoration: underline;\n}\n.lk-stays-all-btn {\n  display: inline-flex;\n  align-items: center;\n  gap: 6px;\n  font-size: 12.5px;\n  font-weight: 500;\n  color: #c39f76;\n  text-decoration: none;\n  border: 1px solid rgba(195, 159, 118, 0.35);\n  padding: 8px 18px;\n  border-radius: 8px;\n  transition: all .2s ease;\n}\n.lk-stays-all-btn:hover {\n  background: rgba(195, 159, 118, 0.08);\n  border-color: rgba(195, 159, 118, 0.5);\n}\n\n\/* \u2500\u2500\u2500 RESPONSIVE \u2500\u2500\u2500 *\/\n@media (max-width: 600px) {\n  .lk-stays-grid { grid-template-columns: 1fr; }\n  .lk-stays-header { padding: 24px 20px; }\n  .lk-stays-footer { padding: 16px 20px; }\n  .lk-stay-card { padding: 22px; }\n  .lk-stays-title { font-size: 20px; }\n}\n<\/style>\n\n  <!-- HEADER -->\n  <div class=\"lk-stays-header\">\n    <img decoding=\"async\" src=\"https:\/\/loudavymkrokem.cz\/wp-content\/uploads\/2026\/02\/lukas-a-lucka.jpg\" alt=\"\" style=\"width: 75px; height: 75px; border-radius: 8px; flex-shrink: 0; object-fit: cover; display: block; margin: 4px 0;\" title=\"\">\n    <div class=\"lk-stays-header-text\">\n      <div class=\"lk-stays-eyebrow\">Luk\u00e1\u0161 y Lucie recomiendan<\/div>\n      <div class=\"lk-stays-title\">D\u00f3nde alojarse en Chipre<\/div>\n      <div class=\"lk-stays-subtitle\">6 alojamientos \u2014 resorts, hoteles y otras opciones de hospedaje<\/div>\n    <\/div>\n  <\/div>\n\n  <!-- CARDS -->\n  <div class=\"lk-stays-grid\">\n\n    <a class=\"lk-stay-card featured\" href=\"https:\/\/www.stay22.com\/allez\/roam?aid=lukaskonecny&#038;campaign=loudavymkrokemcz&#038;campaign=es&#038;campaign=dovolena-kypr&#038;hotelname=Almyra%20Hotel&#038;address=Paphos%2C%20Kypr\" target=\"_blank\" rel=\"nofollow noopener\">\n      <span class=\"lk-stay-badge badge-top\">\u2b50 MEJOR OPCI\u00d3N<\/span>\n      <span class=\"lk-stay-badge badge-nature\">\ud83c\udfe8 Hotel<\/span>\n      <div class=\"lk-stay-name\">Almyra Hotel<\/div>\n      <div class=\"lk-stay-desc\">Precioso hotel de dise\u00f1o junto al mar, favorito de parejas que buscan romanticismo y servicios de primera clase.<\/div>\n      <div class=\"lk-stay-meta\">\n        <span class=\"lk-stay-stars\">\u2605\u2605\u2605\u2605<\/span>\n        <span class=\"lk-stay-price\">Consultar precios<\/span>\n      <\/div>\n      <span class=\"lk-stay-cta\">\n        <svg width=\"14\" height=\"14\" viewBox=\"0 0 24 24\" fill=\"none\" stroke=\"currentColor\" stroke-width=\"2\"><path d=\"M18 13v6a2 2 0 0 1-2 2H5a2 2 0 0 1-2-2V8a2 2 0 0 1 2-2h6\"\/><polyline points=\"15 3 21 3 21 9\"\/><line x1=\"10\" y1=\"14\" x2=\"21\" y2=\"3\"\/><\/svg>\n        Comprobar disponibilidad\n      <\/span>\n    <\/a>\n\n    <a class=\"lk-stay-card\" href=\"https:\/\/www.stay22.com\/allez\/roam?aid=lukaskonecny&#038;campaign=loudavymkrokemcz&#038;campaign=es&#038;campaign=dovolena-kypr&#038;hotelname=Elysium%20Hotel&#038;address=Paphos%2C%20Kypr\" target=\"_blank\" rel=\"nofollow noopener\">\n      <span class=\"lk-stay-badge badge-nature\">\u2b50 Luxury<\/span>\n      <div class=\"lk-stay-name\">Elysium Hotel<\/div>\n      <div class=\"lk-stay-desc\">Resort de lujo construido junto a las Tumbas de los Reyes, donde te sentir\u00e1s como en un verdadero palacio.<\/div>\n      <div class=\"lk-stay-meta\">\n        <span class=\"lk-stay-stars\">\u2605\u2605\u2605\u2605<\/span>\n        <span class=\"lk-stay-price\">Consultar precios<\/span>\n      <\/div>\n      <span class=\"lk-stay-cta\">\n        <svg width=\"14\" height=\"14\" viewBox=\"0 0 24 24\" fill=\"none\" stroke=\"currentColor\" stroke-width=\"2\"><path d=\"M18 13v6a2 2 0 0 1-2 2H5a2 2 0 0 1-2-2V8a2 2 0 0 1 2-2h6\"\/><polyline points=\"15 3 21 3 21 9\"\/><line x1=\"10\" y1=\"14\" x2=\"21\" y2=\"3\"\/><\/svg>\n        Comprobar disponibilidad\n      <\/span>\n    <\/a>\n\n    <a class=\"lk-stay-card\" href=\"https:\/\/www.stay22.com\/allez\/roam?aid=lukaskonecny&#038;campaign=loudavymkrokemcz&#038;campaign=es&#038;campaign=dovolena-kypr&#038;hotelname=Olympic%20Lagoon%20Resort%20Paphos&#038;address=Paphos%2C%20Kypr\" target=\"_blank\" rel=\"nofollow noopener\">\n      <span class=\"lk-stay-badge badge-nature\">\ud83c\udf32 Resort<\/span>\n      <div class=\"lk-stay-name\">Olympic Lagoon Resort Paphos<\/div>\n      <div class=\"lk-stay-desc\">Enorme complejo con programa todo incluido, perfecto para familias con ni\u00f1os.<\/div>\n      <div class=\"lk-stay-meta\">\n        <span class=\"lk-stay-stars\">\u2605\u2605\u2605\u2605<\/span>\n        <span class=\"lk-stay-price\">Consultar precios<\/span>\n      <\/div>\n      <span class=\"lk-stay-cta\">\n        <svg width=\"14\" height=\"14\" viewBox=\"0 0 24 24\" fill=\"none\" stroke=\"currentColor\" stroke-width=\"2\"><path d=\"M18 13v6a2 2 0 0 1-2 2H5a2 2 0 0 1-2-2V8a2 2 0 0 1 2-2h6\"\/><polyline points=\"15 3 21 3 21 9\"\/><line x1=\"10\" y1=\"14\" x2=\"21\" y2=\"3\"\/><\/svg>\n        Comprobar disponibilidad\n      <\/span>\n    <\/a>\n\n    <a class=\"lk-stay-card\" href=\"https:\/\/www.stay22.com\/allez\/roam?aid=lukaskonecny&#038;campaign=loudavymkrokemcz&#038;campaign=es&#038;campaign=dovolena-kypr&#038;hotelname=Nissiblu%20Beach%20Resort&#038;address=Ayia%20Napa%2C%20Kypr\" target=\"_blank\" rel=\"nofollow noopener\">\n      <span class=\"lk-stay-badge badge-nature\">\ud83c\udfd6\ufe0f Beach<\/span>\n      <div class=\"lk-stay-name\">Nissiblu Beach Resort<\/div>\n      <div class=\"lk-stay-desc\">Moderno hotel de cinco estrellas directamente en la famosa playa Nissi Beach, a pocos pasos del agua.<\/div>\n      <div class=\"lk-stay-meta\">\n        <span class=\"lk-stay-stars\">\u2605\u2605\u2605\u2605\u2605<\/span>\n        <span class=\"lk-stay-price\">Consultar precios<\/span>\n      <\/div>\n      <span class=\"lk-stay-cta\">\n        <svg width=\"14\" height=\"14\" viewBox=\"0 0 24 24\" fill=\"none\" stroke=\"currentColor\" stroke-width=\"2\"><path d=\"M18 13v6a2 2 0 0 1-2 2H5a2 2 0 0 1-2-2V8a2 2 0 0 1 2-2h6\"\/><polyline points=\"15 3 21 3 21 9\"\/><line x1=\"10\" y1=\"14\" x2=\"21\" y2=\"3\"\/><\/svg>\n        Comprobar disponibilidad\n      <\/span>\n    <\/a>\n\n    <a class=\"lk-stay-card\" href=\"https:\/\/www.stay22.com\/allez\/roam?aid=lukaskonecny&#038;campaign=loudavymkrokemcz&#038;campaign=es&#038;campaign=dovolena-kypr&#038;hotelname=Adams%20Beach%20Hotel%20%26%20Spa&#038;address=Ayia%20Napa%2C%20Kypr\" target=\"_blank\" rel=\"nofollow noopener\">\n      <span class=\"lk-stay-badge badge-nature\">\ud83c\udf32 Resort<\/span>\n      <div class=\"lk-stay-name\">Adams Beach Hotel &#038; Spa<\/div>\n      <div class=\"lk-stay-desc\">Amplio resort con su propia playa privada, refugio ideal para escapar de las multitudes veraniegas.<\/div>\n      <div class=\"lk-stay-meta\">\n        <span class=\"lk-stay-stars\">\u2605\u2605\u2605\u2605<\/span>\n        <span class=\"lk-stay-price\">Consultar precios<\/span>\n      <\/div>\n      <span class=\"lk-stay-cta\">\n        <svg width=\"14\" height=\"14\" viewBox=\"0 0 24 24\" fill=\"none\" stroke=\"currentColor\" stroke-width=\"2\"><path d=\"M18 13v6a2 2 0 0 1-2 2H5a2 2 0 0 1-2-2V8a2 2 0 0 1 2-2h6\"\/><polyline points=\"15 3 21 3 21 9\"\/><line x1=\"10\" y1=\"14\" x2=\"21\" y2=\"3\"\/><\/svg>\n        Comprobar disponibilidad\n      <\/span>\n    <\/a>\n\n    <a class=\"lk-stay-card\" href=\"https:\/\/www.stay22.com\/allez\/roam?aid=lukaskonecny&#038;campaign=loudavymkrokemcz&#038;campaign=es&#038;campaign=dovolena-kypr&#038;hotelname=Parklane%2C%20a%20Luxury%20Collection%20Resort%20%26%20Spa&#038;address=Limassol%2C%20Kypr\" target=\"_blank\" rel=\"nofollow noopener\">\n      <span class=\"lk-stay-badge badge-nature\">\u2b50 Luxury<\/span>\n      <div class=\"lk-stay-name\">Parklane, a Luxury Collection Resort &#038; Spa<\/div>\n      <div class=\"lk-stay-desc\">Resort elegante de primera categor\u00eda con una hermosa laguna para los hu\u00e9spedes m\u00e1s exigentes.<\/div>\n      <div class=\"lk-stay-meta\">\n        <span class=\"lk-stay-stars\">\u2605\u2605\u2605\u2605<\/span>\n        <span class=\"lk-stay-price\">Consultar precios<\/span>\n      <\/div>\n      <span class=\"lk-stay-cta\">\n        <svg width=\"14\" height=\"14\" viewBox=\"0 0 24 24\" fill=\"none\" stroke=\"currentColor\" stroke-width=\"2\"><path d=\"M18 13v6a2 2 0 0 1-2 2H5a2 2 0 0 1-2-2V8a2 2 0 0 1 2-2h6\"\/><polyline points=\"15 3 21 3 21 9\"\/><line x1=\"10\" y1=\"14\" x2=\"21\" y2=\"3\"\/><\/svg>\n        Comprobar disponibilidad\n      <\/span>\n    <\/a>\n\n  <\/div>\n\n  \n<\/div>\n\n\n\n\n<h3 id=\"15_Protaras_y_Fig_Tree_Bay\" class=\"wp-block-heading\"><span class=\"ez-toc-section\" id=\"15_Protaras_y_Fig_Tree_Bay\"><\/span>15. Protaras y Fig Tree Bay<span class=\"ez-toc-section-end\"><\/span><\/h3>\n\n\n\n<p class=\"wp-block-paragraph\">Protaras es un popular centro tur\u00edstico familiar de la costa este que, frente a la ruidosa vecina Ayia Napa, es mucho m\u00e1s tranquilo y relajado en conjunto. Su mayor joya es la impresionante playa Fig Tree Bay, bautizada por las viejas higueras, que ofrece una cala maravillosamente somera y una arena dorada perfecta. A unos cien metros de la playa se alza un peque\u00f1o islote rocoso hasta el que <strong>puedes llegar a nado f\u00e1cilmente y hacer snorkel sin molestias<\/strong> en sus inmediaciones.<\/p>\n\n\n\n<figure data-wp-context=\"{&quot;imageId&quot;:&quot;6a9944f096c44&quot;}\" data-wp-interactive=\"core\/image\" data-wp-key=\"6a9944f096c44\" class=\"wp-block-image size-full wp-lightbox-container\"><img decoding=\"async\" width=\"1500\" height=\"1124\" data-wp-class--hide=\"state.isContentHidden\" data-wp-class--show=\"state.isContentVisible\" data-wp-init=\"callbacks.setButtonStyles\" data-wp-on--click=\"actions.showLightbox\" data-wp-on--load=\"callbacks.setButtonStyles\" data-wp-on--pointerdown=\"actions.preloadImage\" data-wp-on--pointerenter=\"actions.preloadImageWithDelay\" data-wp-on--pointerleave=\"actions.cancelPreload\" data-wp-on-window--resize=\"callbacks.setButtonStyles\" src=\"https:\/\/loudavymkrokem.cz\/wp-content\/uploads\/2026\/08\/dovolena-kypr-t15.jpg\" alt=\"Cala de Fig Tree Bay en Protaras\" class=\"wp-image-399898\" title=\"\" srcset=\"https:\/\/loudavymkrokem.cz\/wp-content\/uploads\/2026\/08\/dovolena-kypr-t15.jpg 1500w, https:\/\/loudavymkrokem.cz\/wp-content\/uploads\/2026\/08\/dovolena-kypr-t15-300x225.jpg 300w, https:\/\/loudavymkrokem.cz\/wp-content\/uploads\/2026\/08\/dovolena-kypr-t15-700x525.jpg 700w, https:\/\/loudavymkrokem.cz\/wp-content\/uploads\/2026\/08\/dovolena-kypr-t15-768x575.jpg 768w, https:\/\/loudavymkrokem.cz\/wp-content\/uploads\/2026\/08\/dovolena-kypr-t15-80x60.jpg 80w, https:\/\/loudavymkrokem.cz\/wp-content\/uploads\/2026\/08\/dovolena-kypr-t15-160x120.jpg 160w, https:\/\/loudavymkrokem.cz\/wp-content\/uploads\/2026\/08\/dovolena-kypr-t15-696x522.jpg 696w, https:\/\/loudavymkrokem.cz\/wp-content\/uploads\/2026\/08\/dovolena-kypr-t15-1392x1043.jpg 1392w\" sizes=\"(max-width: 1500px) 100vw, 1500px\" \/><button\n\t\t\tclass=\"lightbox-trigger\"\n\t\t\ttype=\"button\"\n\t\t\taria-haspopup=\"dialog\"\n\t\t\tdata-wp-bind--aria-label=\"state.thisImage.triggerButtonAriaLabel\"\n\t\t\tdata-wp-init=\"callbacks.initTriggerButton\"\n\t\t\tdata-wp-on--click=\"actions.showLightbox\"\n\t\t\tdata-wp-style--right=\"state.thisImage.buttonRight\"\n\t\t\tdata-wp-style--top=\"state.thisImage.buttonTop\"\n\t\t>\n\t\t\t<svg xmlns=\"http:\/\/www.w3.org\/2000\/svg\" width=\"12\" height=\"12\" fill=\"none\" viewBox=\"0 0 12 12\">\n\t\t\t\t<path fill=\"#fff\" d=\"M2 0a2 2 0 0 0-2 2v2h1.5V2a.5.5 0 0 1 .5-.5h2V0H2Zm2 10.5H2a.5.5 0 0 1-.5-.5V8H0v2a2 2 0 0 0 2 2h2v-1.5ZM8 12v-1.5h2a.5.5 0 0 0 .5-.5V8H12v2a2 2 0 0 1-2 2H8Zm2-12a2 2 0 0 1 2 2v2h-1.5V2a.5.5 0 0 0-.5-.5H8V0h2Z\" \/>\n\t\t\t<\/svg>\n\t\t<\/button><figcaption class=\"wp-element-caption\">Cala de Fig Tree Bay en Protaras (Foto: Gerda Arendt \/ Wikimedia Commons, CC0)<\/figcaption><\/figure>\n\n\n\n<p class=\"wp-block-paragraph\">Sobre todo el pueblo, en una empinada colina rocosa, destaca la pintoresca capillita de Profitis Ilias, a la que sube una escalera bastante larga y empinada. La subida da algo de trabajo en los calurosos d\u00edas de verano, pero la <strong>vista panor\u00e1mica de toda la costa y el mar reluciente<\/strong> merece de sobra el esfuerzo f\u00edsico. Los locales recomiendan venir aqu\u00ed al anochecer, cuando la luz es m\u00e1s suave y los \u00e1rboles alrededor de la capilla est\u00e1n rom\u00e1nticamente cargados de cientos de cintas con deseos.<\/p>\n\n\n\n<h3 id=\"16_Ayia_Napa_Sculpture_Park_y_los_senderos_del_cabo_Greco\" class=\"wp-block-heading\"><span class=\"ez-toc-section\" id=\"16_Ayia_Napa_Sculpture_Park_y_los_senderos_del_cabo_Greco\"><\/span>16. Ayia Napa Sculpture Park y los senderos del cabo Greco<span class=\"ez-toc-section-end\"><\/span><\/h3>\n\n\n\n<p class=\"wp-block-paragraph\">El Ayia Napa Sculpture Park es una galer\u00eda al aire libre \u00fanica, situada en una ladera suave desde la que se abre una vista fant\u00e1stica de la superficie azul del mar. Aqu\u00ed encontrar\u00e1s decenas de esculturas modernas e interesantes instalaciones de artistas de todo el mundo, que <strong>contrastan de maravilla con el \u00e1spero paisaje pedregoso<\/strong> y los arbustos bajos. Justo al lado hay adem\u00e1s un cuidado parque de cactus y suculentas, as\u00ed que la uni\u00f3n de arte y esa peculiar flora amante de la sequedad crea un entorno muy fotog\u00e9nico.<\/p>\n\n\n\n<figure data-wp-context=\"{&quot;imageId&quot;:&quot;6a9944f097212&quot;}\" data-wp-interactive=\"core\/image\" data-wp-key=\"6a9944f097212\" class=\"wp-block-image size-full wp-lightbox-container\"><img decoding=\"async\" width=\"1500\" height=\"843\" data-wp-class--hide=\"state.isContentHidden\" data-wp-class--show=\"state.isContentVisible\" data-wp-init=\"callbacks.setButtonStyles\" data-wp-on--click=\"actions.showLightbox\" data-wp-on--load=\"callbacks.setButtonStyles\" data-wp-on--pointerdown=\"actions.preloadImage\" data-wp-on--pointerenter=\"actions.preloadImageWithDelay\" data-wp-on--pointerleave=\"actions.cancelPreload\" data-wp-on-window--resize=\"callbacks.setButtonStyles\" src=\"https:\/\/loudavymkrokem.cz\/wp-content\/uploads\/2026\/08\/dovolena-kypr-t16.jpg\" alt=\"Parque de esculturas sobre el mar en Ayia Napa\" class=\"wp-image-399902\" title=\"\" srcset=\"https:\/\/loudavymkrokem.cz\/wp-content\/uploads\/2026\/08\/dovolena-kypr-t16.jpg 1500w, https:\/\/loudavymkrokem.cz\/wp-content\/uploads\/2026\/08\/dovolena-kypr-t16-300x169.jpg 300w, https:\/\/loudavymkrokem.cz\/wp-content\/uploads\/2026\/08\/dovolena-kypr-t16-700x393.jpg 700w, https:\/\/loudavymkrokem.cz\/wp-content\/uploads\/2026\/08\/dovolena-kypr-t16-768x432.jpg 768w, https:\/\/loudavymkrokem.cz\/wp-content\/uploads\/2026\/08\/dovolena-kypr-t16-696x391.jpg 696w, https:\/\/loudavymkrokem.cz\/wp-content\/uploads\/2026\/08\/dovolena-kypr-t16-1392x782.jpg 1392w\" sizes=\"(max-width: 1500px) 100vw, 1500px\" \/><button\n\t\t\tclass=\"lightbox-trigger\"\n\t\t\ttype=\"button\"\n\t\t\taria-haspopup=\"dialog\"\n\t\t\tdata-wp-bind--aria-label=\"state.thisImage.triggerButtonAriaLabel\"\n\t\t\tdata-wp-init=\"callbacks.initTriggerButton\"\n\t\t\tdata-wp-on--click=\"actions.showLightbox\"\n\t\t\tdata-wp-style--right=\"state.thisImage.buttonRight\"\n\t\t\tdata-wp-style--top=\"state.thisImage.buttonTop\"\n\t\t>\n\t\t\t<svg xmlns=\"http:\/\/www.w3.org\/2000\/svg\" width=\"12\" height=\"12\" fill=\"none\" viewBox=\"0 0 12 12\">\n\t\t\t\t<path fill=\"#fff\" d=\"M2 0a2 2 0 0 0-2 2v2h1.5V2a.5.5 0 0 1 .5-.5h2V0H2Zm2 10.5H2a.5.5 0 0 1-.5-.5V8H0v2a2 2 0 0 0 2 2h2v-1.5ZM8 12v-1.5h2a.5.5 0 0 0 .5-.5V8H12v2a2 2 0 0 1-2 2H8Zm2-12a2 2 0 0 1 2 2v2h-1.5V2a.5.5 0 0 0-.5-.5H8V0h2Z\" \/>\n\t\t\t<\/svg>\n\t\t<\/button><figcaption class=\"wp-element-caption\">Parque de esculturas sobre el mar en Ayia Napa (Foto: Qasinka \/ Wikimedia Commons, CC0)<\/figcaption><\/figure>\n\n\n\n<p class=\"wp-block-paragraph\">Del parque parten luego senderos costeros bien cuidados que te llevan c\u00f3modamente hasta el parque nacional del cabo Greco. La entrada a este enorme museo de escultura al aire libre es totalmente gratuita y el recinto no tiene ning\u00fan horario que lo limite. La mejor experiencia con el arte la tendr\u00e1s <strong>si visitas el parque justo antes de la puesta de sol<\/strong>, cuando las esculturas de piedra y metal proyectan largas sombras.<\/p>\n\n\n\n<h3 id=\"17_Parque_acuatico_WaterWorld_en_Ayia_Napa\" class=\"wp-block-heading\"><span class=\"ez-toc-section\" id=\"17_Parque_acuatico_WaterWorld_en_Ayia_Napa\"><\/span>17. Parque acu\u00e1tico WaterWorld en Ayia Napa<span class=\"ez-toc-section-end\"><\/span><\/h3>\n\n\n\n<p class=\"wp-block-paragraph\">El parque acu\u00e1tico WaterWorld de Ayia Napa se sit\u00faa desde hace tiempo entre los mayores y mejor valorados de toda Europa. Todo el amplio recinto est\u00e1 ambientado con mucho ingenio en la tem\u00e1tica de la antigua Grecia, as\u00ed que te esperan toboganes con nombres de dioses, columnas imponentes y piscinas estilizadas como termas romanas. Encontrar\u00e1s <strong>de todo, desde toboganes de adrenalina con ca\u00edda libre hasta un enorme oleaje<\/strong> y un largo r\u00edo lento donde descansar\u00e1s de lujo sobre un flotador.<\/p>\n\n\n\n<figure data-wp-context=\"{&quot;imageId&quot;:&quot;6a9944f09776f&quot;}\" data-wp-interactive=\"core\/image\" data-wp-key=\"6a9944f09776f\" class=\"wp-block-image size-full wp-lightbox-container\"><img decoding=\"async\" width=\"1500\" height=\"1125\" data-wp-class--hide=\"state.isContentHidden\" data-wp-class--show=\"state.isContentVisible\" data-wp-init=\"callbacks.setButtonStyles\" data-wp-on--click=\"actions.showLightbox\" data-wp-on--load=\"callbacks.setButtonStyles\" data-wp-on--pointerdown=\"actions.preloadImage\" data-wp-on--pointerenter=\"actions.preloadImageWithDelay\" data-wp-on--pointerleave=\"actions.cancelPreload\" data-wp-on-window--resize=\"callbacks.setButtonStyles\" src=\"https:\/\/loudavymkrokem.cz\/wp-content\/uploads\/2026\/08\/dovolena-kypr-t17.jpg\" alt=\"Parque acu\u00e1tico en Ayia Napa\" class=\"wp-image-399905\" title=\"\" srcset=\"https:\/\/loudavymkrokem.cz\/wp-content\/uploads\/2026\/08\/dovolena-kypr-t17.jpg 1500w, https:\/\/loudavymkrokem.cz\/wp-content\/uploads\/2026\/08\/dovolena-kypr-t17-300x225.jpg 300w, https:\/\/loudavymkrokem.cz\/wp-content\/uploads\/2026\/08\/dovolena-kypr-t17-700x525.jpg 700w, https:\/\/loudavymkrokem.cz\/wp-content\/uploads\/2026\/08\/dovolena-kypr-t17-768x576.jpg 768w, https:\/\/loudavymkrokem.cz\/wp-content\/uploads\/2026\/08\/dovolena-kypr-t17-80x60.jpg 80w, https:\/\/loudavymkrokem.cz\/wp-content\/uploads\/2026\/08\/dovolena-kypr-t17-160x120.jpg 160w, https:\/\/loudavymkrokem.cz\/wp-content\/uploads\/2026\/08\/dovolena-kypr-t17-696x522.jpg 696w, https:\/\/loudavymkrokem.cz\/wp-content\/uploads\/2026\/08\/dovolena-kypr-t17-1392x1044.jpg 1392w\" sizes=\"(max-width: 1500px) 100vw, 1500px\" \/><button\n\t\t\tclass=\"lightbox-trigger\"\n\t\t\ttype=\"button\"\n\t\t\taria-haspopup=\"dialog\"\n\t\t\tdata-wp-bind--aria-label=\"state.thisImage.triggerButtonAriaLabel\"\n\t\t\tdata-wp-init=\"callbacks.initTriggerButton\"\n\t\t\tdata-wp-on--click=\"actions.showLightbox\"\n\t\t\tdata-wp-style--right=\"state.thisImage.buttonRight\"\n\t\t\tdata-wp-style--top=\"state.thisImage.buttonTop\"\n\t\t>\n\t\t\t<svg xmlns=\"http:\/\/www.w3.org\/2000\/svg\" width=\"12\" height=\"12\" fill=\"none\" viewBox=\"0 0 12 12\">\n\t\t\t\t<path fill=\"#fff\" d=\"M2 0a2 2 0 0 0-2 2v2h1.5V2a.5.5 0 0 1 .5-.5h2V0H2Zm2 10.5H2a.5.5 0 0 1-.5-.5V8H0v2a2 2 0 0 0 2 2h2v-1.5ZM8 12v-1.5h2a.5.5 0 0 0 .5-.5V8H12v2a2 2 0 0 1-2 2H8Zm2-12a2 2 0 0 1 2 2v2h-1.5V2a.5.5 0 0 0-.5-.5H8V0h2Z\" \/>\n\t\t\t<\/svg>\n\t\t<\/button><figcaption class=\"wp-element-caption\">Parque acu\u00e1tico en Ayia Napa (Foto: Vsatinet \/ Wikimedia Commons, CC BY-SA 4.0)<\/figcaption><\/figure>\n\n\n\n<p class=\"wp-block-paragraph\">Seg\u00fan las rese\u00f1as de los viajeros, es un lugar fant\u00e1stico para familias con ni\u00f1os, pero tambi\u00e9n se lo pasan en grande los adultos que disfrutan de un poco de adrenalina acu\u00e1tica. En el recinto se puede pasar sin problema un d\u00eda entero, ya que ofrece muchos buenos restaurantes, zonas de sombra para descansar y hamacas gratis. Las entradas <strong>merece mucho la pena comprarlas con antelaci\u00f3n por internet<\/strong>, porque suelen ser algo m\u00e1s baratas y as\u00ed te ahorras las agotadoras colas en las taquillas.<\/p>\n\n\n\n<h3 id=\"18_Pueblos_de_Troodos_Omodos_Lefkara_y_Kakopetria\" class=\"wp-block-heading\"><span class=\"ez-toc-section\" id=\"18_Pueblos_de_Troodos_Omodos_Lefkara_y_Kakopetria\"><\/span>18. Pueblos de Troodos: Omodos, Lefkara y Kakopetria<span class=\"ez-toc-section-end\"><\/span><\/h3>\n\n\n\n<p class=\"wp-block-paragraph\">Los pueblos de Troodos representan un Chipre completamente distinto del que conoces por la costa templada, llena de complejos hoteleros y sombrillas. Estos pintorescos pueblecitos de piedra se ubican en lo alto de las colinas verdes y se caracterizan por sus callejuelas estrechas, sus casas de tejados rojos y una tranquilidad incre\u00edble. Merece la pena visitar el pueblo de Lefkara, <strong>famoso en todo el mundo por su tradicional encaje<\/strong> y su plater\u00eda, o la hist\u00f3rica Kakopetria, con viejas casas conservadas a lo largo de un r\u00edo de monta\u00f1a.<\/p>\n\n\n\n<figure data-wp-context=\"{&quot;imageId&quot;:&quot;6a9944f097c2e&quot;}\" data-wp-interactive=\"core\/image\" data-wp-key=\"6a9944f097c2e\" class=\"wp-block-image size-full wp-lightbox-container\"><img decoding=\"async\" width=\"1500\" height=\"1000\" data-wp-class--hide=\"state.isContentHidden\" data-wp-class--show=\"state.isContentVisible\" data-wp-init=\"callbacks.setButtonStyles\" data-wp-on--click=\"actions.showLightbox\" data-wp-on--load=\"callbacks.setButtonStyles\" data-wp-on--pointerdown=\"actions.preloadImage\" data-wp-on--pointerenter=\"actions.preloadImageWithDelay\" data-wp-on--pointerleave=\"actions.cancelPreload\" data-wp-on-window--resize=\"callbacks.setButtonStyles\" src=\"https:\/\/loudavymkrokem.cz\/wp-content\/uploads\/2026\/08\/dovolena-kypr-t18.jpg\" alt=\"Pueblo de monta\u00f1a en la cordillera de Troodos\" class=\"wp-image-399910\" title=\"\" srcset=\"https:\/\/loudavymkrokem.cz\/wp-content\/uploads\/2026\/08\/dovolena-kypr-t18.jpg 1500w, https:\/\/loudavymkrokem.cz\/wp-content\/uploads\/2026\/08\/dovolena-kypr-t18-300x200.jpg 300w, https:\/\/loudavymkrokem.cz\/wp-content\/uploads\/2026\/08\/dovolena-kypr-t18-700x467.jpg 700w, https:\/\/loudavymkrokem.cz\/wp-content\/uploads\/2026\/08\/dovolena-kypr-t18-768x512.jpg 768w, https:\/\/loudavymkrokem.cz\/wp-content\/uploads\/2026\/08\/dovolena-kypr-t18-696x464.jpg 696w, https:\/\/loudavymkrokem.cz\/wp-content\/uploads\/2026\/08\/dovolena-kypr-t18-1392x928.jpg 1392w\" sizes=\"(max-width: 1500px) 100vw, 1500px\" \/><button\n\t\t\tclass=\"lightbox-trigger\"\n\t\t\ttype=\"button\"\n\t\t\taria-haspopup=\"dialog\"\n\t\t\tdata-wp-bind--aria-label=\"state.thisImage.triggerButtonAriaLabel\"\n\t\t\tdata-wp-init=\"callbacks.initTriggerButton\"\n\t\t\tdata-wp-on--click=\"actions.showLightbox\"\n\t\t\tdata-wp-style--right=\"state.thisImage.buttonRight\"\n\t\t\tdata-wp-style--top=\"state.thisImage.buttonTop\"\n\t\t>\n\t\t\t<svg xmlns=\"http:\/\/www.w3.org\/2000\/svg\" width=\"12\" height=\"12\" fill=\"none\" viewBox=\"0 0 12 12\">\n\t\t\t\t<path fill=\"#fff\" d=\"M2 0a2 2 0 0 0-2 2v2h1.5V2a.5.5 0 0 1 .5-.5h2V0H2Zm2 10.5H2a.5.5 0 0 1-.5-.5V8H0v2a2 2 0 0 0 2 2h2v-1.5ZM8 12v-1.5h2a.5.5 0 0 0 .5-.5V8H12v2a2 2 0 0 1-2 2H8Zm2-12a2 2 0 0 1 2 2v2h-1.5V2a.5.5 0 0 0-.5-.5H8V0h2Z\" \/>\n\t\t\t<\/svg>\n\t\t<\/button><figcaption class=\"wp-element-caption\">Pueblo de monta\u00f1a en la cordillera de Troodos (Foto: Hagai Agmon-Snir \u062d\u0686\u0627\u064a \u0627\u0686\u0645\u0648\u0646-\u0633\u0646\u064a\u0631 \u05d7\u05d2\u05d9 \u05d0\u05d2\u05de\u05d5\u05df-\u05e9\u05e0\u05d9\u05e8 \/ Wikimedia Commons, CC BY-SA 4.0)<\/figcaption><\/figure>\n\n\n\n<p class=\"wp-block-paragraph\">Tampoco puedes saltarte el pueblo de Omodos, que funciona como centro tradicional de la viticultura local y donde hay muchas peque\u00f1as bodegas familiares con enormes toneles. En los pueblos de monta\u00f1a suele hacer bastante m\u00e1s fr\u00edo que en las playas durante todo el a\u00f1o, as\u00ed que <strong>no olvides meter un jersey ligero incluso en pleno verano caluroso<\/strong>. La gente elogia mucho la incre\u00edble hospitalidad y las estupendas tabernas familiares.<\/p>\n\n\n\n<h3 id=\"19_Iglesias_bizantinas_en_la_lista_de_la_UNESCO\" class=\"wp-block-heading\"><span class=\"ez-toc-section\" id=\"19_Iglesias_bizantinas_en_la_lista_de_la_UNESCO\"><\/span>19. Iglesias bizantinas en la lista de la UNESCO<span class=\"ez-toc-section-end\"><\/span><\/h3>\n\n\n\n<p class=\"wp-block-paragraph\">Las iglesias bizantinas escondidas en lo profundo de la cordillera de Troodos est\u00e1n entre los monumentos culturales m\u00e1s importantes de la isla, y nada menos que nueve de ellas figuran en la lista de la UNESCO. Por fuera a menudo parecen simples graneros de piedra con empinados tejados de madera, pensados para protegerlas de la nieve invernal en las monta\u00f1as. Pero dentro <strong>esconden frescos absolutamente fant\u00e1sticos y magn\u00edficamente conservados<\/strong>, muchos de los cuales datan ya del siglo XI y narran historias b\u00edblicas en colores vivos.<\/p>\n\n\n\n<figure data-wp-context=\"{&quot;imageId&quot;:&quot;6a9944f098319&quot;}\" data-wp-interactive=\"core\/image\" data-wp-key=\"6a9944f098319\" class=\"wp-block-image size-full wp-lightbox-container\"><img decoding=\"async\" width=\"1500\" height=\"751\" data-wp-class--hide=\"state.isContentHidden\" data-wp-class--show=\"state.isContentVisible\" data-wp-init=\"callbacks.setButtonStyles\" data-wp-on--click=\"actions.showLightbox\" data-wp-on--load=\"callbacks.setButtonStyles\" data-wp-on--pointerdown=\"actions.preloadImage\" data-wp-on--pointerenter=\"actions.preloadImageWithDelay\" data-wp-on--pointerleave=\"actions.cancelPreload\" data-wp-on-window--resize=\"callbacks.setButtonStyles\" src=\"https:\/\/loudavymkrokem.cz\/wp-content\/uploads\/2026\/08\/dovolena-kypr-t19.jpg\" alt=\"Iglesita bizantina en la cordillera de Troodos\" class=\"wp-image-399914\" title=\"\" srcset=\"https:\/\/loudavymkrokem.cz\/wp-content\/uploads\/2026\/08\/dovolena-kypr-t19.jpg 1500w, https:\/\/loudavymkrokem.cz\/wp-content\/uploads\/2026\/08\/dovolena-kypr-t19-300x150.jpg 300w, https:\/\/loudavymkrokem.cz\/wp-content\/uploads\/2026\/08\/dovolena-kypr-t19-700x350.jpg 700w, https:\/\/loudavymkrokem.cz\/wp-content\/uploads\/2026\/08\/dovolena-kypr-t19-768x385.jpg 768w, https:\/\/loudavymkrokem.cz\/wp-content\/uploads\/2026\/08\/dovolena-kypr-t19-696x348.jpg 696w, https:\/\/loudavymkrokem.cz\/wp-content\/uploads\/2026\/08\/dovolena-kypr-t19-1392x697.jpg 1392w\" sizes=\"(max-width: 1500px) 100vw, 1500px\" \/><button\n\t\t\tclass=\"lightbox-trigger\"\n\t\t\ttype=\"button\"\n\t\t\taria-haspopup=\"dialog\"\n\t\t\tdata-wp-bind--aria-label=\"state.thisImage.triggerButtonAriaLabel\"\n\t\t\tdata-wp-init=\"callbacks.initTriggerButton\"\n\t\t\tdata-wp-on--click=\"actions.showLightbox\"\n\t\t\tdata-wp-style--right=\"state.thisImage.buttonRight\"\n\t\t\tdata-wp-style--top=\"state.thisImage.buttonTop\"\n\t\t>\n\t\t\t<svg xmlns=\"http:\/\/www.w3.org\/2000\/svg\" width=\"12\" height=\"12\" fill=\"none\" viewBox=\"0 0 12 12\">\n\t\t\t\t<path fill=\"#fff\" d=\"M2 0a2 2 0 0 0-2 2v2h1.5V2a.5.5 0 0 1 .5-.5h2V0H2Zm2 10.5H2a.5.5 0 0 1-.5-.5V8H0v2a2 2 0 0 0 2 2h2v-1.5ZM8 12v-1.5h2a.5.5 0 0 0 .5-.5V8H12v2a2 2 0 0 1-2 2H8Zm2-12a2 2 0 0 1 2 2v2h-1.5V2a.5.5 0 0 0-.5-.5H8V0h2Z\" \/>\n\t\t\t<\/svg>\n\t\t<\/button><figcaption class=\"wp-element-caption\">Iglesita bizantina en la cordillera de Troodos (Foto: Zairon \/ Wikimedia Commons, CC BY-SA 4.0)<\/figcaption><\/figure>\n\n\n\n<p class=\"wp-block-paragraph\">Entre las m\u00e1s interesantes est\u00e1n la iglesita de Asinou o el apartado monasterio de Panagia tou Araka, que se encuentran en lugares preciosos en medio de arom\u00e1ticos bosques de pinos. La mayor\u00eda de estos monumentos religiosos son bastante peque\u00f1os y los custodian atentamente los guardeses locales con las llaves, con quienes muchas veces te entiendes solo a base de sonrisas y gestos. Dentro de las iglesias <strong>est\u00e1 terminantemente prohibido fotografiar con flash<\/strong> y se exige ropa apropiada que cubra hombros y rodillas.<\/p>\n\n\n\n<h3 id=\"20_Cascadas_de_Kalidonia_y_el_monte_Olimpo\" class=\"wp-block-heading\"><span class=\"ez-toc-section\" id=\"20_Cascadas_de_Kalidonia_y_el_monte_Olimpo\"><\/span>20. Cascadas de Kalidonia y el monte Olimpo<span class=\"ez-toc-section-end\"><\/span><\/h3>\n\n\n\n<p class=\"wp-block-paragraph\">Las cascadas de Kalidonia y el cercano pico del monte Olimpo demuestran claramente que Chipre no es solo una tierra seca con playas, sino que ofrece tambi\u00e9n una naturaleza de monta\u00f1a fresca y verde con un clima agradable. La ruta a las cascadas va por un denso bosque de pinos a lo largo de un arroyo refrescante, y el sendero mide menos de tres kil\u00f3metros, que cubres a paso c\u00f3modo en menos de una hora. La monta\u00f1a m\u00e1s alta de la isla, el Olimpo, <strong>mide unos respetables 1.952 metros<\/strong> y ofrece preciosas vistas panor\u00e1micas hacia el fondo del verde valle.<\/p>\n\n\n\n<figure data-wp-context=\"{&quot;imageId&quot;:&quot;6a9944f098976&quot;}\" data-wp-interactive=\"core\/image\" data-wp-key=\"6a9944f098976\" class=\"wp-block-image size-full wp-lightbox-container\"><img decoding=\"async\" width=\"1500\" height=\"1000\" data-wp-class--hide=\"state.isContentHidden\" data-wp-class--show=\"state.isContentVisible\" data-wp-init=\"callbacks.setButtonStyles\" data-wp-on--click=\"actions.showLightbox\" data-wp-on--load=\"callbacks.setButtonStyles\" data-wp-on--pointerdown=\"actions.preloadImage\" data-wp-on--pointerenter=\"actions.preloadImageWithDelay\" data-wp-on--pointerleave=\"actions.cancelPreload\" data-wp-on-window--resize=\"callbacks.setButtonStyles\" src=\"https:\/\/loudavymkrokem.cz\/wp-content\/uploads\/2026\/08\/dovolena-kypr-t20.jpg\" alt=\"Cordillera de Troodos con bosques de pinos\" class=\"wp-image-399933\" title=\"\" srcset=\"https:\/\/loudavymkrokem.cz\/wp-content\/uploads\/2026\/08\/dovolena-kypr-t20.jpg 1500w, https:\/\/loudavymkrokem.cz\/wp-content\/uploads\/2026\/08\/dovolena-kypr-t20-300x200.jpg 300w, https:\/\/loudavymkrokem.cz\/wp-content\/uploads\/2026\/08\/dovolena-kypr-t20-700x467.jpg 700w, https:\/\/loudavymkrokem.cz\/wp-content\/uploads\/2026\/08\/dovolena-kypr-t20-768x512.jpg 768w, https:\/\/loudavymkrokem.cz\/wp-content\/uploads\/2026\/08\/dovolena-kypr-t20-696x464.jpg 696w, https:\/\/loudavymkrokem.cz\/wp-content\/uploads\/2026\/08\/dovolena-kypr-t20-1392x928.jpg 1392w\" sizes=\"(max-width: 1500px) 100vw, 1500px\" \/><button\n\t\t\tclass=\"lightbox-trigger\"\n\t\t\ttype=\"button\"\n\t\t\taria-haspopup=\"dialog\"\n\t\t\tdata-wp-bind--aria-label=\"state.thisImage.triggerButtonAriaLabel\"\n\t\t\tdata-wp-init=\"callbacks.initTriggerButton\"\n\t\t\tdata-wp-on--click=\"actions.showLightbox\"\n\t\t\tdata-wp-style--right=\"state.thisImage.buttonRight\"\n\t\t\tdata-wp-style--top=\"state.thisImage.buttonTop\"\n\t\t>\n\t\t\t<svg xmlns=\"http:\/\/www.w3.org\/2000\/svg\" width=\"12\" height=\"12\" fill=\"none\" viewBox=\"0 0 12 12\">\n\t\t\t\t<path fill=\"#fff\" d=\"M2 0a2 2 0 0 0-2 2v2h1.5V2a.5.5 0 0 1 .5-.5h2V0H2Zm2 10.5H2a.5.5 0 0 1-.5-.5V8H0v2a2 2 0 0 0 2 2h2v-1.5ZM8 12v-1.5h2a.5.5 0 0 0 .5-.5V8H12v2a2 2 0 0 1-2 2H8Zm2-12a2 2 0 0 1 2 2v2h-1.5V2a.5.5 0 0 0-.5-.5H8V0h2Z\" \/>\n\t\t\t<\/svg>\n\t\t<\/button><figcaption class=\"wp-element-caption\">Cordillera de Troodos con bosques de pinos (Foto: Michal Klajban \/ Wikimedia Commons, CC BY-SA 4.0)<\/figcaption><\/figure>\n\n\n\n<p class=\"wp-block-paragraph\">Curiosamente, en las laderas del Olimpo se mantiene la nieve con bastante frecuencia en enero y febrero, y funcionan incluso peque\u00f1os remontes para los aficionados locales. As\u00ed, en un mismo d\u00eda de primavera puedes te\u00f3ricamente <strong>esquiar por la ma\u00f1ana en las monta\u00f1as y ba\u00f1arte por la tarde en el mar templado<\/strong> abajo, en la costa. La subida a las monta\u00f1as es bastante sinuosa y empinada, as\u00ed que si a veces te mareas en el coche, conviene prepararse un poco para estas interminables curvas de herradura.<\/p>\n\n\n\n<h3 id=\"21_Bodegas_chipriotas_y_rutas_del_vino\" class=\"wp-block-heading\"><span class=\"ez-toc-section\" id=\"21_Bodegas_chipriotas_y_rutas_del_vino\"><\/span>21. Bodegas chipriotas y rutas del vino<span class=\"ez-toc-section-end\"><\/span><\/h3>\n\n\n\n<p class=\"wp-block-paragraph\">Las bodegas chipriotas y las llamadas rutas del vino son un enorme reclamo para todos los viajeros a los que les gusta descubrir la gastronom\u00eda local y las tradiciones agr\u00edcolas. Todo el f\u00e9rtil pie de monte de Troodos est\u00e1 densamente surcado por rutas del vino se\u00f1alizadas, que te llevan tanto a peque\u00f1os negocios familiares como a grandes productores tradicionales. La gran estrella es el vino dulce de postre Commandaria, del que se dice que es el <strong>vino m\u00e1s antiguo que se sigue produciendo en el mundo<\/strong> con el mismo nombre y la receta original.<\/p>\n\n\n\n<figure data-wp-context=\"{&quot;imageId&quot;:&quot;6a9944f098ffc&quot;}\" data-wp-interactive=\"core\/image\" data-wp-key=\"6a9944f098ffc\" class=\"wp-block-image size-full wp-lightbox-container\"><img decoding=\"async\" width=\"1500\" height=\"993\" data-wp-class--hide=\"state.isContentHidden\" data-wp-class--show=\"state.isContentVisible\" data-wp-init=\"callbacks.setButtonStyles\" data-wp-on--click=\"actions.showLightbox\" data-wp-on--load=\"callbacks.setButtonStyles\" data-wp-on--pointerdown=\"actions.preloadImage\" data-wp-on--pointerenter=\"actions.preloadImageWithDelay\" data-wp-on--pointerleave=\"actions.cancelPreload\" data-wp-on-window--resize=\"callbacks.setButtonStyles\" src=\"https:\/\/loudavymkrokem.cz\/wp-content\/uploads\/2026\/08\/dovolena-kypr-t21.jpg\" alt=\"Vi\u00f1edo al pie de la cordillera de Troodos\" class=\"wp-image-399927\" title=\"\" srcset=\"https:\/\/loudavymkrokem.cz\/wp-content\/uploads\/2026\/08\/dovolena-kypr-t21.jpg 1500w, https:\/\/loudavymkrokem.cz\/wp-content\/uploads\/2026\/08\/dovolena-kypr-t21-300x199.jpg 300w, https:\/\/loudavymkrokem.cz\/wp-content\/uploads\/2026\/08\/dovolena-kypr-t21-700x463.jpg 700w, https:\/\/loudavymkrokem.cz\/wp-content\/uploads\/2026\/08\/dovolena-kypr-t21-768x508.jpg 768w, https:\/\/loudavymkrokem.cz\/wp-content\/uploads\/2026\/08\/dovolena-kypr-t21-696x461.jpg 696w, https:\/\/loudavymkrokem.cz\/wp-content\/uploads\/2026\/08\/dovolena-kypr-t21-1392x922.jpg 1392w\" sizes=\"(max-width: 1500px) 100vw, 1500px\" \/><button\n\t\t\tclass=\"lightbox-trigger\"\n\t\t\ttype=\"button\"\n\t\t\taria-haspopup=\"dialog\"\n\t\t\tdata-wp-bind--aria-label=\"state.thisImage.triggerButtonAriaLabel\"\n\t\t\tdata-wp-init=\"callbacks.initTriggerButton\"\n\t\t\tdata-wp-on--click=\"actions.showLightbox\"\n\t\t\tdata-wp-style--right=\"state.thisImage.buttonRight\"\n\t\t\tdata-wp-style--top=\"state.thisImage.buttonTop\"\n\t\t>\n\t\t\t<svg xmlns=\"http:\/\/www.w3.org\/2000\/svg\" width=\"12\" height=\"12\" fill=\"none\" viewBox=\"0 0 12 12\">\n\t\t\t\t<path fill=\"#fff\" d=\"M2 0a2 2 0 0 0-2 2v2h1.5V2a.5.5 0 0 1 .5-.5h2V0H2Zm2 10.5H2a.5.5 0 0 1-.5-.5V8H0v2a2 2 0 0 0 2 2h2v-1.5ZM8 12v-1.5h2a.5.5 0 0 0 .5-.5V8H12v2a2 2 0 0 1-2 2H8Zm2-12a2 2 0 0 1 2 2v2h-1.5V2a.5.5 0 0 0-.5-.5H8V0h2Z\" \/>\n\t\t\t<\/svg>\n\t\t<\/button><figcaption class=\"wp-element-caption\">Vi\u00f1edo al pie de la cordillera de Troodos (Foto: Serhio Magpie \/ Wikimedia Commons, CC BY 4.0)<\/figcaption><\/figure>\n\n\n\n<p class=\"wp-block-paragraph\">La mayor\u00eda de las bodegas familiares ofrecen, concert\u00e1ndolo con antelaci\u00f3n, visitas a sus s\u00f3tanos con catas, donde los viticultores locales te explican encantados todo el laborioso proceso de cultivo y elaboraci\u00f3n de la uva. Los viajeros con experiencia recomiendan hacer la ruta del vino idealmente con una excursi\u00f3n organizada o contratar a un conductor de confianza, porque <strong>la polic\u00eda en Chipre vigila muy de cerca el alcohol al volante<\/strong>. Los vinos locales son sorprendentemente buenos y una botella de aut\u00e9ntica Commandaria sirve de recuerdo perfecto de las vacaciones.<\/p>\n\n\n\n<h3 id=\"22_Nicosia_la_ultima_capital_dividida_de_Europa\" class=\"wp-block-heading\"><span class=\"ez-toc-section\" id=\"22_Nicosia_la_ultima_capital_dividida_de_Europa\"><\/span>22. Nicosia: la \u00faltima capital dividida de Europa<span class=\"ez-toc-section-end\"><\/span><\/h3>\n\n\n\n<p class=\"wp-block-paragraph\">Nicosia es una metr\u00f3poli incre\u00edblemente fascinante y ostenta un r\u00e9cord muy triste, ya que es la <strong>\u00faltima capital de Europa dividida militarmente<\/strong>. La principal arteria comercial, la calle Ledra, la corta sin contemplaciones la L\u00ednea Verde vigilada de cerca por la ONU, que separa la ciudad entre el sur griego y el norte turco. Puedes pasear libremente por las imponentes murallas venecianas en forma de estrella regular, admirar el casco antiguo y percibir en primera persona el enorme contraste cultural.<\/p>\n\n\n\n<figure data-wp-context=\"{&quot;imageId&quot;:&quot;6a9944f099658&quot;}\" data-wp-interactive=\"core\/image\" data-wp-key=\"6a9944f099658\" class=\"wp-block-image size-full wp-lightbox-container\"><img decoding=\"async\" width=\"1500\" height=\"937\" data-wp-class--hide=\"state.isContentHidden\" data-wp-class--show=\"state.isContentVisible\" data-wp-init=\"callbacks.setButtonStyles\" data-wp-on--click=\"actions.showLightbox\" data-wp-on--load=\"callbacks.setButtonStyles\" data-wp-on--pointerdown=\"actions.preloadImage\" data-wp-on--pointerenter=\"actions.preloadImageWithDelay\" data-wp-on--pointerleave=\"actions.cancelPreload\" data-wp-on-window--resize=\"callbacks.setButtonStyles\" src=\"https:\/\/loudavymkrokem.cz\/wp-content\/uploads\/2026\/08\/dovolena-kypr-t22.jpg\" alt=\"Calle Ledra en la dividida Nicosia\" class=\"wp-image-399918\" title=\"\" srcset=\"https:\/\/loudavymkrokem.cz\/wp-content\/uploads\/2026\/08\/dovolena-kypr-t22.jpg 1500w, https:\/\/loudavymkrokem.cz\/wp-content\/uploads\/2026\/08\/dovolena-kypr-t22-300x187.jpg 300w, https:\/\/loudavymkrokem.cz\/wp-content\/uploads\/2026\/08\/dovolena-kypr-t22-700x437.jpg 700w, https:\/\/loudavymkrokem.cz\/wp-content\/uploads\/2026\/08\/dovolena-kypr-t22-768x480.jpg 768w, https:\/\/loudavymkrokem.cz\/wp-content\/uploads\/2026\/08\/dovolena-kypr-t22-696x435.jpg 696w, https:\/\/loudavymkrokem.cz\/wp-content\/uploads\/2026\/08\/dovolena-kypr-t22-1392x870.jpg 1392w\" sizes=\"(max-width: 1500px) 100vw, 1500px\" \/><button\n\t\t\tclass=\"lightbox-trigger\"\n\t\t\ttype=\"button\"\n\t\t\taria-haspopup=\"dialog\"\n\t\t\tdata-wp-bind--aria-label=\"state.thisImage.triggerButtonAriaLabel\"\n\t\t\tdata-wp-init=\"callbacks.initTriggerButton\"\n\t\t\tdata-wp-on--click=\"actions.showLightbox\"\n\t\t\tdata-wp-style--right=\"state.thisImage.buttonRight\"\n\t\t\tdata-wp-style--top=\"state.thisImage.buttonTop\"\n\t\t>\n\t\t\t<svg xmlns=\"http:\/\/www.w3.org\/2000\/svg\" width=\"12\" height=\"12\" fill=\"none\" viewBox=\"0 0 12 12\">\n\t\t\t\t<path fill=\"#fff\" d=\"M2 0a2 2 0 0 0-2 2v2h1.5V2a.5.5 0 0 1 .5-.5h2V0H2Zm2 10.5H2a.5.5 0 0 1-.5-.5V8H0v2a2 2 0 0 0 2 2h2v-1.5ZM8 12v-1.5h2a.5.5 0 0 0 .5-.5V8H12v2a2 2 0 0 1-2 2H8Zm2-12a2 2 0 0 1 2 2v2h-1.5V2a.5.5 0 0 0-.5-.5H8V0h2Z\" \/>\n\t\t\t<\/svg>\n\t\t<\/button><figcaption class=\"wp-element-caption\">Calle Ledra en la dividida Nicosia (Foto: A.Savin \/ Wikimedia Commons, FAL)<\/figcaption><\/figure>\n\n\n\n<p class=\"wp-block-paragraph\">Para cruzar a la parte norte de Nicosia tienes que pasar por un paso fronterizo oficial para peatones y <strong>necesitas indispensablemente un pasaporte v\u00e1lido<\/strong>, porque el DNI no basta de forma fiable. Todo el proceso de control suele ser r\u00e1pido y sin problemas, pero para un europeo es una experiencia realmente intensa. Al cruzar la frontera te encuentras de golpe en un entorno de bazares orientales, mezquitas y aroma a especias, donde a primera vista se aprecia un estilo de vida completamente distinto.<\/p>\n\n\n\n<h3 id=\"23_Kyrenia_Girne_y_el_castillo_sobre_el_puerto\" class=\"wp-block-heading\"><span class=\"ez-toc-section\" id=\"23_Kyrenia_Girne_y_el_castillo_sobre_el_puerto\"><\/span>23. Kyrenia (Girne) y el castillo sobre el puerto<span class=\"ez-toc-section-end\"><\/span><\/h3>\n\n\n\n<p class=\"wp-block-paragraph\">Kyrenia se encuentra en la costa norte y muchos viajeros la consideran, con raz\u00f3n, el puerto m\u00e1s fotog\u00e9nico de toda la isla dividida. La bah\u00eda en forma de herradura perfecta est\u00e1 bordeada de viejas casas de piedra, en ella fondean barcos de madera de aspecto antiguo y sobre todo ello se <strong>alza majestuoso un enorme castillo bizantino<\/strong>, que anta\u00f1o proteg\u00eda la ciudad de las incursiones. Un poco por encima de la ciudad, en las colinas, se esconden las preciosas ruinas g\u00f3ticas de la abad\u00eda de Bellapais, con vistas maravillosas al mar.<\/p>\n\n\n\n<figure data-wp-context=\"{&quot;imageId&quot;:&quot;6a9944f099a62&quot;}\" data-wp-interactive=\"core\/image\" data-wp-key=\"6a9944f099a62\" class=\"wp-block-image size-full wp-lightbox-container\"><img decoding=\"async\" width=\"1500\" height=\"937\" data-wp-class--hide=\"state.isContentHidden\" data-wp-class--show=\"state.isContentVisible\" data-wp-init=\"callbacks.setButtonStyles\" data-wp-on--click=\"actions.showLightbox\" data-wp-on--load=\"callbacks.setButtonStyles\" data-wp-on--pointerdown=\"actions.preloadImage\" data-wp-on--pointerenter=\"actions.preloadImageWithDelay\" data-wp-on--pointerleave=\"actions.cancelPreload\" data-wp-on-window--resize=\"callbacks.setButtonStyles\" src=\"https:\/\/loudavymkrokem.cz\/wp-content\/uploads\/2026\/08\/dovolena-kypr-t23.jpg\" alt=\"Puerto y castillo de Kyrenia\" class=\"wp-image-399919\" title=\"\" srcset=\"https:\/\/loudavymkrokem.cz\/wp-content\/uploads\/2026\/08\/dovolena-kypr-t23.jpg 1500w, https:\/\/loudavymkrokem.cz\/wp-content\/uploads\/2026\/08\/dovolena-kypr-t23-300x187.jpg 300w, https:\/\/loudavymkrokem.cz\/wp-content\/uploads\/2026\/08\/dovolena-kypr-t23-700x437.jpg 700w, https:\/\/loudavymkrokem.cz\/wp-content\/uploads\/2026\/08\/dovolena-kypr-t23-768x480.jpg 768w, https:\/\/loudavymkrokem.cz\/wp-content\/uploads\/2026\/08\/dovolena-kypr-t23-696x435.jpg 696w, https:\/\/loudavymkrokem.cz\/wp-content\/uploads\/2026\/08\/dovolena-kypr-t23-1392x870.jpg 1392w\" sizes=\"(max-width: 1500px) 100vw, 1500px\" \/><button\n\t\t\tclass=\"lightbox-trigger\"\n\t\t\ttype=\"button\"\n\t\t\taria-haspopup=\"dialog\"\n\t\t\tdata-wp-bind--aria-label=\"state.thisImage.triggerButtonAriaLabel\"\n\t\t\tdata-wp-init=\"callbacks.initTriggerButton\"\n\t\t\tdata-wp-on--click=\"actions.showLightbox\"\n\t\t\tdata-wp-style--right=\"state.thisImage.buttonRight\"\n\t\t\tdata-wp-style--top=\"state.thisImage.buttonTop\"\n\t\t>\n\t\t\t<svg xmlns=\"http:\/\/www.w3.org\/2000\/svg\" width=\"12\" height=\"12\" fill=\"none\" viewBox=\"0 0 12 12\">\n\t\t\t\t<path fill=\"#fff\" d=\"M2 0a2 2 0 0 0-2 2v2h1.5V2a.5.5 0 0 1 .5-.5h2V0H2Zm2 10.5H2a.5.5 0 0 1-.5-.5V8H0v2a2 2 0 0 0 2 2h2v-1.5ZM8 12v-1.5h2a.5.5 0 0 0 .5-.5V8H12v2a2 2 0 0 1-2 2H8Zm2-12a2 2 0 0 1 2 2v2h-1.5V2a.5.5 0 0 0-.5-.5H8V0h2Z\" \/>\n\t\t\t<\/svg>\n\t\t<\/button><figcaption class=\"wp-element-caption\">Puerto y castillo de Kyrenia (Foto: A.Savin \/ Wikimedia Commons, FAL)<\/figcaption><\/figure>\n\n\n\n<p class=\"wp-block-paragraph\">Como este monumento hist\u00f3rico est\u00e1 en el Norte de Chipre, tienes que ir hasta \u00e9l por un paso fronterizo oficial con el pasaporte v\u00e1lido en mano. Aviso de una cosa muy importante: al norte se <strong>puede ir con un coche alquilado en el sur solo con el permiso expreso de la agencia<\/strong> y con la obligaci\u00f3n de contratar directamente en la frontera un seguro turco temporal. Si, por el contrario, alquilaras a la ligera un coche en el norte, con \u00e9l no puedes entrar en absoluto en la parte sur, que seg\u00fan los locales es el l\u00edo m\u00e1s habitual de los turistas mal informados.<\/p>\n\n\n\n<h3 id=\"24_Famagusta_y_la_abandonada_Varosha\" class=\"wp-block-heading\"><span class=\"ez-toc-section\" id=\"24_Famagusta_y_la_abandonada_Varosha\"><\/span>24. Famagusta y la abandonada Varosha<span class=\"ez-toc-section-end\"><\/span><\/h3>\n\n\n\n<p class=\"wp-block-paragraph\">Famagusta y el fantasmal centro tur\u00edstico de Varosha son una de las experiencias m\u00e1s intensas y extra\u00f1as que puedes vivir durante tu recorrido por la parte norte de la isla. En el centro hist\u00f3rico de Famagusta te sorprender\u00e1 sin duda la enorme catedral g\u00f3tica convertida en mezquita con la adici\u00f3n de un esbelto minarete y las imponentes murallas antiguas. Justo al lado est\u00e1 el barrio de Varosha, que en su d\u00eda fue un lujoso centro tur\u00edstico de estrellas de cine y que est\u00e1 <strong>completamente abandonado desde la guerra de 1974<\/strong>, deterior\u00e1ndose tras la alambrada.<\/p>\n\n\n\n<figure data-wp-context=\"{&quot;imageId&quot;:&quot;6a9944f099eb4&quot;}\" data-wp-interactive=\"core\/image\" data-wp-key=\"6a9944f099eb4\" class=\"wp-block-image size-full wp-lightbox-container\"><img decoding=\"async\" width=\"1500\" height=\"999\" data-wp-class--hide=\"state.isContentHidden\" data-wp-class--show=\"state.isContentVisible\" data-wp-init=\"callbacks.setButtonStyles\" data-wp-on--click=\"actions.showLightbox\" data-wp-on--load=\"callbacks.setButtonStyles\" data-wp-on--pointerdown=\"actions.preloadImage\" data-wp-on--pointerenter=\"actions.preloadImageWithDelay\" data-wp-on--pointerleave=\"actions.cancelPreload\" data-wp-on-window--resize=\"callbacks.setButtonStyles\" src=\"https:\/\/loudavymkrokem.cz\/wp-content\/uploads\/2026\/08\/dovolena-kypr-t24.jpg\" alt=\"Catedral g\u00f3tica de Famagusta\" class=\"wp-image-399923\" title=\"\" srcset=\"https:\/\/loudavymkrokem.cz\/wp-content\/uploads\/2026\/08\/dovolena-kypr-t24.jpg 1500w, https:\/\/loudavymkrokem.cz\/wp-content\/uploads\/2026\/08\/dovolena-kypr-t24-300x200.jpg 300w, https:\/\/loudavymkrokem.cz\/wp-content\/uploads\/2026\/08\/dovolena-kypr-t24-700x466.jpg 700w, https:\/\/loudavymkrokem.cz\/wp-content\/uploads\/2026\/08\/dovolena-kypr-t24-768x511.jpg 768w, https:\/\/loudavymkrokem.cz\/wp-content\/uploads\/2026\/08\/dovolena-kypr-t24-696x464.jpg 696w, https:\/\/loudavymkrokem.cz\/wp-content\/uploads\/2026\/08\/dovolena-kypr-t24-1392x927.jpg 1392w\" sizes=\"(max-width: 1500px) 100vw, 1500px\" \/><button\n\t\t\tclass=\"lightbox-trigger\"\n\t\t\ttype=\"button\"\n\t\t\taria-haspopup=\"dialog\"\n\t\t\tdata-wp-bind--aria-label=\"state.thisImage.triggerButtonAriaLabel\"\n\t\t\tdata-wp-init=\"callbacks.initTriggerButton\"\n\t\t\tdata-wp-on--click=\"actions.showLightbox\"\n\t\t\tdata-wp-style--right=\"state.thisImage.buttonRight\"\n\t\t\tdata-wp-style--top=\"state.thisImage.buttonTop\"\n\t\t>\n\t\t\t<svg xmlns=\"http:\/\/www.w3.org\/2000\/svg\" width=\"12\" height=\"12\" fill=\"none\" viewBox=\"0 0 12 12\">\n\t\t\t\t<path fill=\"#fff\" d=\"M2 0a2 2 0 0 0-2 2v2h1.5V2a.5.5 0 0 1 .5-.5h2V0H2Zm2 10.5H2a.5.5 0 0 1-.5-.5V8H0v2a2 2 0 0 0 2 2h2v-1.5ZM8 12v-1.5h2a.5.5 0 0 0 .5-.5V8H12v2a2 2 0 0 1-2 2H8Zm2-12a2 2 0 0 1 2 2v2h-1.5V2a.5.5 0 0 0-.5-.5H8V0h2Z\" \/>\n\t\t\t<\/svg>\n\t\t<\/button><figcaption class=\"wp-element-caption\">Catedral g\u00f3tica de Famagusta (Foto: A.Savin \/ Wikimedia Commons, FAL)<\/figcaption><\/figure>\n\n\n\n<p class=\"wp-block-paragraph\">Esta llamada ciudad fantasma se ha abierto en parte a los visitantes hace poco, as\u00ed que puedes pasear por las calles asfaltadas justo entre hoteles en ruinas y villas cubiertas de vegetaci\u00f3n. Igual que en el caso de Kyrenia, tienes que pasar por un paso fronterizo oficial, as\u00ed que <strong>no olvides el pasaporte y ten mucho cuidado con el seguro<\/strong> de tu coche de alquiler. Aqu\u00ed, aunque en muchos lugares tur\u00edsticos aceptan euros, oficialmente se paga en liras turcas, as\u00ed que prep\u00e1rate bien para ello en la excursi\u00f3n al otro lado de la frontera.<\/p>\n\n\n\n<h2 id=\"Donde_alojarse_en_Chipre_que_zona_le_va_a_quien\" class=\"wp-block-heading\"><span class=\"ez-toc-section\" id=\"Donde_alojarse_en_Chipre_que_zona_le_va_a_quien\"><\/span>D\u00f3nde alojarse en Chipre: qu\u00e9 zona le va a qui\u00e9n<span class=\"ez-toc-section-end\"><\/span><\/h2>\n\n\n\n<p class=\"wp-block-paragraph\">Elegir la base adecuada es absolutamente clave para que tus vacaciones en Chipre salgan de diez. La isla es bastante grande y cada costa ofrece un ambiente completamente distinto, as\u00ed que vale la pena pensar un momento qu\u00e9 esperas realmente del viaje. Mientras que la parte oeste atrae con historia y calas algo m\u00e1s tranquilas, el este de la isla late con vida nocturna y presume de las playas de arena blanca m\u00e1s conocidas.<\/p>\n\n\n\n<p class=\"wp-block-paragraph\"><strong>La mayor\u00eda de los viajeros recomiendan elegir un lugar estrat\u00e9gico<\/strong> desde el que hacer luego excursiones, o dividir la estancia en dos mitades. Los traslados a trav\u00e9s de toda la isla te robar\u00edan tiempo que de otro modo podr\u00edas pasar con una copa de vino en alguna taberna escondida.<\/p>\n\n\n\n<p class=\"wp-block-paragraph\">\ud83d\udca1 <strong>Consejo:<\/strong> antes de decidirte por un hotel concreto, echa un vistazo a la <a href=\"https:\/\/www.stay22.com\/allez\/roam?aid=lukaskonecny&amp;campaign=loudavymkrokemcz&amp;campaign=dovolena-kypr&amp;address=Kypr\" target=\"_blank\" rel=\"nofollow noopener sponsored\">oferta actual de alojamiento en Chipre<\/a> y filtra por cancelaci\u00f3n gratuita. En Chipre los precios entre la temporada alta y la baja llegan a diferir hasta a la mitad.<\/p>\n\n\n\n<h3 id=\"Resumen_de_zonas\" class=\"wp-block-heading\"><span class=\"ez-toc-section\" id=\"Resumen_de_zonas\"><\/span>Resumen de zonas<span class=\"ez-toc-section-end\"><\/span><\/h3>\n\n\n\n<ul class=\"wp-block-list\">\n<li><strong>Pafos<\/strong> es la elecci\u00f3n ideal para parejas y amantes del turismo cultural, porque aqu\u00ed hay incre\u00edbles monumentos arqueol\u00f3gicos UNESCO y reina un ambiente algo m\u00e1s tranquilo.<\/li>\n\n\n\n<li><strong>Coral Bay<\/strong> est\u00e1 a poca distancia de Pafos y ofrece una preciosa playa de arena, lo que la convierte en un enorme reclamo sobre todo para familias con ni\u00f1os peque\u00f1os.<\/li>\n\n\n\n<li><strong>Limasol<\/strong> es la mayor ciudad del sur, con un precioso paseo mar\u00edtimo y un mont\u00f3n de restaurantes, donde hay vida todo el a\u00f1o, pero cuenta con que es una zona m\u00e1s cara.<\/li>\n\n\n\n<li><strong>Ayia Napa<\/strong> presume de las mejores playas y de una vida nocturna trepidante, as\u00ed que en plena temporada alta de verano suele haber bastante ruido y mucho ambiente.<\/li>\n\n\n\n<li><strong>Protaras<\/strong> est\u00e1 a poca distancia de Ayia Napa, pero ofrece mucha m\u00e1s tranquilidad familiar, y aqu\u00ed encontrar\u00e1s la famosa cala Fig Tree Bay, de aguas maravillosamente someras.<\/li>\n\n\n\n<li><strong>L\u00e1rnaca (Chipre)<\/strong> es una base estupenda para excursiones, aqu\u00ed est\u00e1n el aeropuerto internacional y el famoso Lago Salado, y en general resulta la opci\u00f3n m\u00e1s barata para alojarse.<\/li>\n<\/ul>\n\n\n\n<h3 id=\"Recomendaciones_concretas_de_alojamiento\" class=\"wp-block-heading\"><span class=\"ez-toc-section\" id=\"Recomendaciones_concretas_de_alojamiento\"><\/span>Recomendaciones concretas de alojamiento<span class=\"ez-toc-section-end\"><\/span><\/h3>\n\n\n\n<ul class=\"wp-block-list\">\n<li><strong><a href=\"https:\/\/www.stay22.com\/allez\/roam?aid=lukaskonecny&amp;campaign=loudavymkrokemcz&amp;campaign=dovolena-kypr&amp;hotelname=Almyra%20Hotel&amp;address=Paphos%2C%20Kypr\" target=\"_blank\" rel=\"noopener nofollow sponsored\">Almyra Hotel<\/a><\/strong> (Pafos): precioso hotel de dise\u00f1o justo junto al mar, muy popular entre las parejas que buscan romanticismo y servicios de primera.<\/li>\n\n\n\n<li><strong><a href=\"https:\/\/www.stay22.com\/allez\/roam?aid=lukaskonecny&amp;campaign=loudavymkrokemcz&amp;campaign=dovolena-kypr&amp;hotelname=Elysium%20Hotel&amp;address=Paphos%2C%20Kypr\" target=\"_blank\" rel=\"noopener nofollow sponsored\">Elysium Hotel<\/a><\/strong> (Pafos): resort de lujo construido justo al lado de las Tumbas de los Reyes, donde te sentir\u00e1s como en un aut\u00e9ntico palacio.<\/li>\n\n\n\n<li><strong><a href=\"https:\/\/www.stay22.com\/allez\/roam?aid=lukaskonecny&amp;campaign=loudavymkrokemcz&amp;campaign=dovolena-kypr&amp;hotelname=Olympic%20Lagoon%20Resort%20Paphos&amp;address=Paphos%2C%20Kypr\" target=\"_blank\" rel=\"noopener nofollow sponsored\">Olympic Lagoon Resort Paphos<\/a><\/strong> (Pafos): enorme complejo con programa todo incluido, que los viajeros valoran como absolutamente perfecto para familias con ni\u00f1os.<\/li>\n\n\n\n<li><strong><a href=\"https:\/\/www.stay22.com\/allez\/roam?aid=lukaskonecny&amp;campaign=loudavymkrokemcz&amp;campaign=dovolena-kypr&amp;hotelname=Nissiblu%20Beach%20Resort&amp;address=Ayia%20Napa%2C%20Kypr\" target=\"_blank\" rel=\"noopener nofollow sponsored\">Nissiblu Beach Resort<\/a><\/strong> (Ayia Napa): moderna joya de cinco estrellas, situada justo junto a la famosa Nissi Beach, as\u00ed que al agua est\u00e1s literalmente a unos pasos.<\/li>\n\n\n\n<li><strong><a href=\"https:\/\/www.stay22.com\/allez\/roam?aid=lukaskonecny&amp;campaign=loudavymkrokemcz&amp;campaign=dovolena-kypr&amp;hotelname=Adams%20Beach%20Hotel%20%26%20Spa&amp;address=Ayia%20Napa%2C%20Kypr\" target=\"_blank\" rel=\"noopener nofollow sponsored\">Adams Beach Hotel &amp; Spa<\/a><\/strong> (Ayia Napa): resort muy extenso con playa privada propia, donde te escondes de maravilla de las multitudes veraniegas.<\/li>\n\n\n\n<li><strong><a href=\"https:\/\/www.stay22.com\/allez\/roam?aid=lukaskonecny&amp;campaign=loudavymkrokemcz&amp;campaign=dovolena-kypr&amp;hotelname=Parklane%2C%20a%20Luxury%20Collection%20Resort%20%26%20Spa&amp;address=Limassol%2C%20Kypr\" target=\"_blank\" rel=\"noopener nofollow sponsored\">Parklane, a Luxury Collection Resort &amp; Spa<\/a><\/strong> (Limasol): resort de m\u00e1ximo nivel y muy elegante, con una laguna preciosa, que satisface a los hu\u00e9spedes m\u00e1s exigentes.<\/li>\n<\/ul>\n\n\n\n<h2 id=\"Que_comer_en_Chipre_un_paraiso_para_vegetarianos\" class=\"wp-block-heading\"><span class=\"ez-toc-section\" id=\"Que_comer_en_Chipre_un_paraiso_para_vegetarianos\"><\/span>Qu\u00e9 comer en Chipre: un para\u00edso para vegetarianos<span class=\"ez-toc-section-end\"><\/span><\/h2>\n\n\n\n<p class=\"wp-block-paragraph\">La cocina chipriota combina con gracia las mejores influencias griegas y de Oriente Pr\u00f3ximo, as\u00ed que en el plato siempre te llega mucho sol y hierbas frescas. <strong>Una enorme ventaja es el gran \u00e9nfasis en la verdura y los quesos locales<\/strong>, lo que convierte la isla en un destino absolutamente fant\u00e1stico para quienes no comen carne. Por supuesto, la isla tambi\u00e9n es famosa por especialidades c\u00e1rnicas como el cordero kleftiko cocinado a fuego lento o las tradicionales salchichitas sheftalia, que dicen que huelen en cada esquina, pero nosotros nos centraremos en lo que har\u00e1 feliz a los vegetarianos.<\/p>\n\n\n\n<figure data-wp-context=\"{&quot;imageId&quot;:&quot;6a9944f09ab3f&quot;}\" data-wp-interactive=\"core\/image\" data-wp-key=\"6a9944f09ab3f\" class=\"wp-block-image size-full wp-lightbox-container\"><img decoding=\"async\" width=\"1500\" height=\"1125\" data-wp-class--hide=\"state.isContentHidden\" data-wp-class--show=\"state.isContentVisible\" data-wp-init=\"callbacks.setButtonStyles\" data-wp-on--click=\"actions.showLightbox\" data-wp-on--load=\"callbacks.setButtonStyles\" data-wp-on--pointerdown=\"actions.preloadImage\" data-wp-on--pointerenter=\"actions.preloadImageWithDelay\" data-wp-on--pointerleave=\"actions.cancelPreload\" data-wp-on-window--resize=\"callbacks.setButtonStyles\" src=\"https:\/\/loudavymkrokem.cz\/wp-content\/uploads\/2026\/08\/dovolena-kypr-food.jpg\" alt=\"Halloumi, el queso que procede de Chipre\" class=\"wp-image-399930\" title=\"\" srcset=\"https:\/\/loudavymkrokem.cz\/wp-content\/uploads\/2026\/08\/dovolena-kypr-food.jpg 1500w, https:\/\/loudavymkrokem.cz\/wp-content\/uploads\/2026\/08\/dovolena-kypr-food-300x225.jpg 300w, https:\/\/loudavymkrokem.cz\/wp-content\/uploads\/2026\/08\/dovolena-kypr-food-700x525.jpg 700w, https:\/\/loudavymkrokem.cz\/wp-content\/uploads\/2026\/08\/dovolena-kypr-food-768x576.jpg 768w, https:\/\/loudavymkrokem.cz\/wp-content\/uploads\/2026\/08\/dovolena-kypr-food-80x60.jpg 80w, https:\/\/loudavymkrokem.cz\/wp-content\/uploads\/2026\/08\/dovolena-kypr-food-160x120.jpg 160w, https:\/\/loudavymkrokem.cz\/wp-content\/uploads\/2026\/08\/dovolena-kypr-food-696x522.jpg 696w, https:\/\/loudavymkrokem.cz\/wp-content\/uploads\/2026\/08\/dovolena-kypr-food-1392x1044.jpg 1392w\" sizes=\"(max-width: 1500px) 100vw, 1500px\" \/><button\n\t\t\tclass=\"lightbox-trigger\"\n\t\t\ttype=\"button\"\n\t\t\taria-haspopup=\"dialog\"\n\t\t\tdata-wp-bind--aria-label=\"state.thisImage.triggerButtonAriaLabel\"\n\t\t\tdata-wp-init=\"callbacks.initTriggerButton\"\n\t\t\tdata-wp-on--click=\"actions.showLightbox\"\n\t\t\tdata-wp-style--right=\"state.thisImage.buttonRight\"\n\t\t\tdata-wp-style--top=\"state.thisImage.buttonTop\"\n\t\t>\n\t\t\t<svg xmlns=\"http:\/\/www.w3.org\/2000\/svg\" width=\"12\" height=\"12\" fill=\"none\" viewBox=\"0 0 12 12\">\n\t\t\t\t<path fill=\"#fff\" d=\"M2 0a2 2 0 0 0-2 2v2h1.5V2a.5.5 0 0 1 .5-.5h2V0H2Zm2 10.5H2a.5.5 0 0 1-.5-.5V8H0v2a2 2 0 0 0 2 2h2v-1.5ZM8 12v-1.5h2a.5.5 0 0 0 .5-.5V8H12v2a2 2 0 0 1-2 2H8Zm2-12a2 2 0 0 1 2 2v2h-1.5V2a.5.5 0 0 0-.5-.5H8V0h2Z\" \/>\n\t\t\t<\/svg>\n\t\t<\/button><figcaption class=\"wp-element-caption\">Halloumi, el queso que procede de Chipre (Foto: Hmioannou \/ Wikimedia Commons, CC BY 3.0)<\/figcaption><\/figure>\n\n\n\n<p class=\"wp-block-paragraph\">Al visitar las tabernas locales no te equivocar\u00e1s si pruebas los distintos entrantes peque\u00f1os y los compartes con los amigos en la mesa. <strong>La hospitalidad aqu\u00ed se toma muy en serio<\/strong>, as\u00ed que las raciones suelen ser realmente generosas y a menudo te obsequian con alg\u00fan detalle de la casa.<\/p>\n\n\n\n<ul class=\"wp-block-list\">\n<li><strong>halloumi<\/strong>: este famoso queso de leche de oveja y cabra procede directamente de Chipre, se hace de maravilla a la parrilla, no se derrite en absoluto y sabe a gloria.<\/li>\n\n\n\n<li><strong>mezes<\/strong>: un banquete tradicional compuesto de veinte platitos o m\u00e1s, y muchas tabernas ofrecen incluso mezes vegetarianos completos, llenos de dips y quesos.<\/li>\n\n\n\n<li><strong>kolokotes<\/strong>: tradicionales empanadillas puramente vegetarianas rellenas de calabaza dulce, pasas y trigo, lo que crea una combinaci\u00f3n de sabores muy interesante.<\/li>\n\n\n\n<li><strong>louvi<\/strong>: un plato sano y contundente de caup\u00ed (frijol de ojo negro) cocido con verdura de hoja fresca, que se roc\u00eda generosamente con lim\u00f3n y aceite de oliva.<\/li>\n\n\n\n<li><strong>gemista<\/strong>: verduras horneadas hasta quedar tiernas y rellenas de arroz y hierbas, lo m\u00e1s habitual grandes tomates, pimientos o calabacines.<\/li>\n\n\n\n<li><strong>kolokythokeftedes<\/strong>: deliciosas tortitas de calabac\u00edn fritas con queso feta y menta fresca, que saben de maravilla con un dip de yogur.<\/li>\n\n\n\n<li><strong>anari con sirope de algarroba<\/strong>: fresco queso de suero de sabor suave, que se cubre con sirope de algarroba y se sirve como t\u00edpico postre ligero.<\/li>\n\n\n\n<li><strong>Commandaria<\/strong>: vino dulce de postre de color \u00e1mbar, del que se suele decir que es el vino m\u00e1s antiguo que se sigue produciendo en todo el mundo.<\/li>\n<\/ul>\n\n\n\n<p class=\"wp-block-paragraph\">\ud83d\udca1 CONSEJO: si pides en el restaurante mezes vegetarianos, siempre se traen para toda la mesa y en una cantidad absolutamente enorme. No pidas encima un plato principal, porque no ser\u00edas capaz de termin\u00e1rtelo. \ud83d\ude05<\/p>\n\n\n\n<h2 id=\"Transporte_por_Chipre_coche_autobuses_y_paso_al_norte\" class=\"wp-block-heading\"><span class=\"ez-toc-section\" id=\"Transporte_por_Chipre_coche_autobuses_y_paso_al_norte\"><\/span>Transporte por Chipre: coche, autobuses y paso al norte<span class=\"ez-toc-section-end\"><\/span><\/h2>\n\n\n\n<p class=\"wp-block-paragraph\">Moverse por la isla tiene sus particularidades y conviene prepararse de antemano para no llevarte sorpresas innecesarias sobre el terreno. <strong>La mayor trampa para nosotros suele ser la conducci\u00f3n<\/strong>, porque Chipre conserv\u00f3 de la \u00e9poca del dominio brit\u00e1nico un mont\u00f3n de costumbres que se reflejan en la vida cotidiana. Nada m\u00e1s aterrizar descubrir\u00e1s tambi\u00e9n que para la electr\u00f3nica necesitar\u00e1s un adaptador, ya que aqu\u00ed funcionan los cl\u00e1sicos enchufes brit\u00e1nicos de tres clavijas tipo G.<\/p>\n\n\n\n<h3 id=\"Se_conduce_por_la_izquierda\" class=\"wp-block-heading\"><span class=\"ez-toc-section\" id=\"Se_conduce_por_la_izquierda\"><\/span>Se conduce por la izquierda<span class=\"ez-toc-section-end\"><\/span><\/h3>\n\n\n\n<p class=\"wp-block-paragraph\">Como herencia de los brit\u00e1nicos, en toda la isla se conduce estrictamente por la izquierda, algo con lo que hay que contar ya al recoger el coche en la agencia. Todos los coches tienen el volante a la derecha y la palanca de cambios la manejas con la mano izquierda, as\u00ed que los viajeros a menudo recomiendan pagar un extra por la caja autom\u00e1tica, lo que te ahorra mucho estr\u00e9s. <strong>Presta especial atenci\u00f3n a las rotondas<\/strong>, en las que se circula en el sentido de las agujas del reloj, algo que al principio al cerebro le cuesta un poco asimilar.<\/p>\n\n\n\n<h3 id=\"Autobuses_frente_al_coche_de_alquiler\" class=\"wp-block-heading\"><span class=\"ez-toc-section\" id=\"Autobuses_frente_al_coche_de_alquiler\"><\/span>Autobuses frente al coche de alquiler<span class=\"ez-toc-section-end\"><\/span><\/h3>\n\n\n\n<p class=\"wp-block-paragraph\">Los autobuses interurbanos funcionan en el sur de la isla de forma bastante fiable y con ellos conectas todas las grandes ciudades a lo largo de la costa a un precio razonable. Pero si planeas ir a las frescas monta\u00f1as Troodos, a la salvaje pen\u00ednsula de Akamas o a los inicios de las mejores rutas de senderismo, <strong>realmente solo llegas con un coche de alquiler<\/strong>. El transporte p\u00fablico a los lugares m\u00e1s apartados o no funciona en absoluto, o solo una vez al d\u00eda, as\u00ed que sin veh\u00edculo propio te perder\u00e1s las escenas naturales m\u00e1s bonitas.<\/p>\n\n\n\n<h3 id=\"Como_cruzar_la_Linea_Verde_al_norte\" class=\"wp-block-heading\"><span class=\"ez-toc-section\" id=\"Como_cruzar_la_Linea_Verde_al_norte\"><\/span>C\u00f3mo cruzar la L\u00ednea Verde al norte<span class=\"ez-toc-section-end\"><\/span><\/h3>\n\n\n\n<p class=\"wp-block-paragraph\">Desde 1974 la isla est\u00e1 dividida por la zona de amortiguaci\u00f3n de la ONU entre la Rep\u00fablica de Chipre al sur y el Norte de Chipre, y Nicosia funciona como la \u00faltima capital dividida de Europa. Esta L\u00ednea Verde se puede cruzar por los pasos oficiales, pero <strong>siempre necesitas llevar encima un pasaporte v\u00e1lido<\/strong>, porque el DNI corriente a veces no les basta a los funcionarios y podr\u00edan devolverte. En el norte se paga adem\u00e1s en liras turcas y, aunque en muchos sitios aceptan euros, el cambio suele ser muy desfavorable.<\/p>\n\n\n\n<p class=\"wp-block-paragraph\">El mayor l\u00edo de los turistas surge con los coches de alquiler, porque con un coche alquilado en el sur solo puedes ir al norte con el permiso expreso de tu agencia. Adem\u00e1s, tu seguro del sur no vale en absoluto en el norte y <strong>tienes que contratar directamente en el paso fronterizo un seguro turco temporal<\/strong>. Con un coche alquilado en el norte no se puede ir en cambio al sur en absoluto, as\u00ed que ten mucho cuidado con eso.<\/p>\n\n\n\n<h2 id=\"Cuanto_cuestan_unas_vacaciones_en_Chipre\" class=\"wp-block-heading\"><span class=\"ez-toc-section\" id=\"Cuanto_cuestan_unas_vacaciones_en_Chipre\"><\/span>Cu\u00e1nto cuestan unas vacaciones en Chipre<span class=\"ez-toc-section-end\"><\/span><\/h2>\n\n\n\n<p class=\"wp-block-paragraph\">El presupuesto del viaje depende sobre todo del mes en que decidas ir, porque en julio y agosto los precios del alojamiento se disparan. <strong>Chipre es en general m\u00e1s caro que la Grecia continental<\/strong> y sale bastante m\u00e1s caro que la popular Bulgaria; no obstante, fuera de la temporada alta los precios saben bajar de forma agradable. Todos los servicios en el sur se pagan en euros y en las zonas tur\u00edsticas te apa\u00f1as sin problema con tarjeta.<\/p>\n\n\n\n<p class=\"wp-block-paragraph\">A continuaci\u00f3n indico una estimaci\u00f3n orientativa de gastos para dos personas durante una semana, para que te hagas una mejor idea del presupuesto total. Toma las cifras con margen, porque mucho depende de tu estilo de viajar.<\/p>\n\n\n\n<ul class=\"wp-block-list\">\n<li><strong>Vuelos:<\/strong> desde Espa\u00f1a se vuela a L\u00e1rnaca y Pafos (normalmente con escala); un billete de ida y vuelta suele costar entre 100 y 250 \u20ac por persona.<\/li>\n\n\n\n<li><strong>Alojamiento:<\/strong> por una habitaci\u00f3n decente para dos pagar\u00e1s desde 60 \u20ac hasta 150 \u20ac por noche, y los resorts de lujo cuestan tranquilamente el triple.<\/li>\n\n\n\n<li><strong>Comida:<\/strong> un almuerzo o una cena en una taberna media sale por entre 15 y 25 \u20ac por persona, as\u00ed que en una semana te gastas en comer unos 350 a 500 \u20ac.<\/li>\n\n\n\n<li><strong>Alquiler de coche:<\/strong> un coche peque\u00f1o con seguro cuesta entre 30 y 50 \u20ac al d\u00eda, y un alquiler semanal con gasolina incluida se lleva unos 300 \u20ac.<\/li>\n\n\n\n<li><strong>Entradas y actividades:<\/strong> la entrada a los parques arqueol\u00f3gicos suele ser muy barata, normalmente de 4 a 5 \u20ac, as\u00ed que en una semana te bastar\u00e1 un presupuesto de unos 40 \u20ac.<\/li>\n<\/ul>\n\n\n\n<p class=\"wp-block-paragraph\">\ud83d\udca1 CONSEJO: si quieres ahorrar una parte importante del presupuesto desde el principio, echa un vistazo a nuestra gu\u00eda detallada sobre <a href=\"https:\/\/loudavymkrokem.cz\/es\/vuelos-baratos-trucos-consejos\/\">c\u00f3mo conseguir vuelos baratos<\/a>, donde encontrar\u00e1s un mont\u00f3n de consejos \u00fatiles.<\/p>\n\n\n\n<h2 id=\"Con_que_tener_cuidado_en_Chipre\" class=\"wp-block-heading\"><span class=\"ez-toc-section\" id=\"Con_que_tener_cuidado_en_Chipre\"><\/span>Con qu\u00e9 tener cuidado en Chipre<span class=\"ez-toc-section-end\"><\/span><\/h2>\n\n\n\n<p class=\"wp-block-paragraph\">Cada pa\u00eds tiene sus peque\u00f1as trampas y es mejor conocerlas de antemano que dejar que te amarguen tus merecidos d\u00edas libres. <strong>Los mayores riesgos aqu\u00ed no vienen de la delincuencia<\/strong>, porque la isla est\u00e1 entre los lugares m\u00e1s seguros que existen, sino m\u00e1s bien de las normas locales y del clima implacable. Los idiomas oficiales son el griego y el turco, pero gracias a la fuerte historia brit\u00e1nica aqu\u00ed te entiendes en ingl\u00e9s con total normalidad y en todas partes.<\/p>\n\n\n\n<ul class=\"wp-block-list\">\n<li><strong>Circulaci\u00f3n por la izquierda:<\/strong> el cerebro a veces olvida que conduces por la izquierda, as\u00ed que conviene la m\u00e1xima precauci\u00f3n sobre todo al entrar en las rotondas y al cruzar la calle.<\/li>\n\n\n\n<li><strong>Seguro y coche en el norte:<\/strong> nunca vayas con un coche de alquiler al norte sin el permiso de la agencia y contrata siempre en la frontera el seguro turco, o en caso de accidente lo pagar\u00e1s todo de tu bolsillo.<\/li>\n\n\n\n<li><strong>Pasaporte para cruzar la L\u00ednea Verde:<\/strong> para visitar la parte norte de la isla necesitas el pasaporte; el DNI a solas a menudo no basta y en el control te har\u00e1n dar la vuelta.<\/li>\n\n\n\n<li><strong>Calor extremo en verano:<\/strong> en julio y agosto reinan temperaturas realmente abrasadoras; por ejemplo L\u00e1rnaca suele tener una media de 33,4 \u00b0C, lo que para los m\u00e1s sensibles puede ser insoportable.<\/li>\n\n\n\n<li><strong>Sol fuerte en los monumentos:<\/strong> yacimientos como Pafos o Kourion casi no tienen sombra, as\u00ed que ve all\u00ed bien temprano por la ma\u00f1ana con una gran reserva de agua y algo para cubrirte la cabeza.<\/li>\n\n\n\n<li><strong>Medusas y erizos de mar:<\/strong> alrededor de los salientes rocosos a veces te topas con erizos, as\u00ed que unos escarpines no sobran, y en verano pueden aparecer excepcionalmente medusas cerca de la costa.<\/li>\n\n\n\n<li><strong>Cierres de la garganta de Avakas:<\/strong> si llueve, la popular garganta de Avakas suele cerrarse sin contemplaciones para todos los turistas por el riesgo de desprendimientos e inundaciones repentinas.<\/li>\n<\/ul>\n\n\n\n<h2 id=\"Chipre_con_ninos\" class=\"wp-block-heading\"><span class=\"ez-toc-section\" id=\"Chipre_con_ninos\"><\/span>Chipre con ni\u00f1os<span class=\"ez-toc-section-end\"><\/span><\/h2>\n\n\n\n<p class=\"wp-block-paragraph\">La gente de aqu\u00ed adora a las familias con ni\u00f1os y en los restaurantes nunca te mirar\u00e1n mal cuando tu peque justo tenga un mal d\u00eda. <strong>La isla ofrece una infraestructura estupenda para los peque\u00f1os viajeros<\/strong>, desde resorts seguros hasta atracciones interesantes en las que se entretiene toda la familia. Como en todas partes consigues lo b\u00e1sico para beb\u00e9s y pa\u00f1ales, no tienes por qu\u00e9 arrastrar desde casa maletas innecesariamente llenas.<\/p>\n\n\n\n<ul class=\"wp-block-list\">\n<li><strong>Fig Tree Bay y Nissi Beach:<\/strong> estas dos famosas playas tienen agua maravillosamente somera y arena fina, as\u00ed que los ni\u00f1os pueden jugar aqu\u00ed seguros durante horas.<\/li>\n\n\n\n<li><strong>WaterWorld en Ayia Napa:<\/strong> este enorme parque acu\u00e1tico con tem\u00e1tica de la antigua Grecia est\u00e1, dicen, entre los mejores de Europa y entretiene sin problema a ni\u00f1os mayores y peque\u00f1os todo el d\u00eda.<\/li>\n\n\n\n<li><strong>Tortugas marinas en Lara Bay:<\/strong> en la temporada de eclosi\u00f3n puedes observar con cuidado, en la semisalvaje playa de Lara Bay, los nidos protegidos de tortuga, lo que suele ser una gran experiencia para los ni\u00f1os.<\/li>\n\n\n\n<li><strong>Distancias cortas e ingl\u00e9s:<\/strong> los ni\u00f1os no se aburrir\u00e1n con largos trayectos en coche y cualquier problema con el m\u00e9dico lo resuelves f\u00e1cilmente en ingl\u00e9s fluido.<\/li>\n\n\n\n<li><strong>Monta\u00f1as Troodos como escape del calor:<\/strong> cuando junto al mar hace demasiado calor, en las monta\u00f1as boscosas siempre hace unos grados menos y encuentras un mont\u00f3n de paseos f\u00e1ciles.<\/li>\n<\/ul>\n\n\n\n<h2 id=\"Que_mas_ver_otras_ideas_de_vacaciones_junto_al_mar\" class=\"wp-block-heading\"><span class=\"ez-toc-section\" id=\"Que_mas_ver_otras_ideas_de_vacaciones_junto_al_mar\"><\/span>Qu\u00e9 m\u00e1s ver: otras ideas de vacaciones junto al mar<span class=\"ez-toc-section-end\"><\/span><\/h2>\n\n\n\n<p class=\"wp-block-paragraph\">Si todav\u00eda no tienes claro ad\u00f3nde ir este a\u00f1o y est\u00e1s sopesando varias opciones, hemos preparado para ti un mont\u00f3n de gu\u00edas m\u00e1s. <strong>El Mediterr\u00e1neo ofrece innumerables islas preciosas<\/strong>, as\u00ed que seguro que eliges el trocito de playa perfecto seg\u00fan tu gusto. Echa un vistazo a nuestros art\u00edculos favoritos, que te ayudar\u00e1n con la planificaci\u00f3n y te ahorrar\u00e1n horas de b\u00fasqueda por internet.<\/p>\n\n\n\n<ul class=\"wp-block-list\">\n<li><a href=\"https:\/\/loudavymkrokem.cz\/es\/vacaciones-septiembre-destinos\/\">Ad\u00f3nde ir de vacaciones en septiembre<\/a><\/li>\n\n\n\n<li><a href=\"https:\/\/loudavymkrokem.cz\/es\/cuando-ir-grecia-tiempo-mes\/\">Cu\u00e1ndo ir a Grecia<\/a><\/li>\n\n\n\n<li><a href=\"https:\/\/loudavymkrokem.cz\/es\/rodas-grecia-que-ver\/\">Vacaciones en Rodas<\/a><\/li>\n\n\n\n<li><a href=\"https:\/\/loudavymkrokem.cz\/es\/vuelos-baratos-trucos-consejos\/\">C\u00f3mo conseguir vuelos baratos<\/a><\/li>\n\n\n\n<li><a href=\"https:\/\/loudavymkrokem.cz\/jak-vybrat-cestovni-pojisteni-na-dovolenou\/\">Seguro de viaje<\/a><\/li>\n<\/ul>\n\n\n\n<h2 id=\"Preguntas_frecuentes\" class=\"wp-block-heading\"><span class=\"ez-toc-section\" id=\"Preguntas_frecuentes\"><\/span>Preguntas frecuentes<span class=\"ez-toc-section-end\"><\/span><\/h2>\n\n\n\n<p class=\"wp-block-paragraph\">A veces, al planear el viaje, surgen un mont\u00f3n de peque\u00f1as dudas que necesitas resolver r\u00e1pido. Por eso hemos reunido las cosas m\u00e1s frecuentes que la gente pregunta antes de despegar, para que tengas toda la informaci\u00f3n importante bien reunida y no pierdas el tiempo buscando en foros.<\/p>\n\n\n<div id=\"rank-math-faq\" class=\"rank-math-block\">\n<div class=\"rank-math-list \">\n<div id=\"faq-question-1787756940000\" class=\"rank-math-list-item\">\n<h3 class=\"rank-math-question \"><span class=\"ez-toc-section\" id=\"%C2%BFCuando_es_mejor_viajar_a_Chipre\"><\/span>\u00bfCu\u00e1ndo es mejor viajar a Chipre?<span class=\"ez-toc-section-end\"><\/span><\/h3>\n<div class=\"rank-math-answer \">\n\n<p>La \u00e9poca ideal para visitar la isla es de abril a junio y luego de septiembre a noviembre, cuando evitar\u00e1s los mayores extremos del verano. Seg\u00fan las estad\u00edsticas a largo plazo, en agosto hace un calor realmente agobiante, con temperaturas medias que alcanzan los 32,4 \u00b0C, lo que dificulta bastante la visita a monumentos. En cambio, los meses de oto\u00f1o son muy alabados por los viajeros, porque el mar est\u00e1 maravillosamente templado despu\u00e9s de todo el verano. Incluso en noviembre el agua tiene unos agradables 24,5 \u00b0C, as\u00ed que podr\u00e1s calentarte sin problemas y disfrutar del ba\u00f1o sin multitudes.<\/p>\n\n<\/div>\n<\/div>\n<div id=\"faq-question-1787756940001\" class=\"rank-math-list-item\">\n<h3 class=\"rank-math-question \"><span class=\"ez-toc-section\" id=\"%C2%BFCuanto_tiempo_necesitas_en_Chipre\"><\/span>\u00bfCu\u00e1nto tiempo necesitas en Chipre?<span class=\"ez-toc-section-end\"><\/span><\/h3>\n<div class=\"rank-math-answer \">\n\n<p>Si quieres descansar solo en una zona y explorar sus alrededores m\u00e1s cercanos, cinco d\u00edas te sobrar\u00e1n. Para unas vacaciones cl\u00e1sicas, cuando planeas recorrer todo el sur de la isla desde Pafos hasta Ayia Napa, reserva idealmente una semana completa para no tener que andar con prisas. Los viajeros que quieren incluir tambi\u00e9n los pintorescos pueblos de monta\u00f1a en el macizo de Troodos y adem\u00e1s hacer una excursi\u00f3n al norte suelen elegir un itinerario de diez d\u00edas. En diez d\u00edas tendr\u00e1s tiempo de empaparse del ambiente local y recorrer los monumentos hist\u00f3ricos m\u00e1s interesantes con total tranquilidad.<\/p>\n\n<\/div>\n<\/div>\n<div id=\"faq-question-1787756940002\" class=\"rank-math-list-item\">\n<h3 class=\"rank-math-question \"><span class=\"ez-toc-section\" id=\"%C2%BFSe_puede_banar_en_Chipre_en_octubre_y_noviembre\"><\/span>\u00bfSe puede ba\u00f1ar en Chipre en octubre y noviembre?<span class=\"ez-toc-section-end\"><\/span><\/h3>\n<div class=\"rank-math-answer \">\n\n<p>S\u00ed, la isla presume de tener probablemente la temporada de ba\u00f1o m\u00e1s larga de toda Europa y ba\u00f1arse en oto\u00f1o es absolutamente fant\u00e1stico. En octubre el mar tiene unos magn\u00edficos 26,7 \u00b0C, lo que para mucha gente es mucho m\u00e1s agradable que una ba\u00f1era caliente en pleno verano. En noviembre la temperatura del agua desciende ligeramente, pero a\u00fan se mantiene en unos estupendos 24,5 \u00b0C, as\u00ed que los m\u00e1s resistentes se lanzar\u00e1n a las olas con enorme alegr\u00eda. El aire ya no es tan caluroso, pero el sol sigue calentando estupendamente y las playas lucen un agradable vac\u00edo.<\/p>\n\n<\/div>\n<\/div>\n<div id=\"faq-question-1787756940003\" class=\"rank-math-list-item\">\n<h3 class=\"rank-math-question \"><span class=\"ez-toc-section\" id=\"%C2%BFNecesito_coche_en_Chipre\"><\/span>\u00bfNecesito coche en Chipre?<span class=\"ez-toc-section-end\"><\/span><\/h3>\n<div class=\"rank-math-answer \">\n\n<p>Depende principalmente del tipo de vacaciones que planees. Si vas a quedarte solo en la costa y moverte ocasionalmente entre las grandes ciudades, no necesitas obligatoriamente un coche, porque los autobuses funcionan bastante bien. Pero si quieres adentrarte en las monta\u00f1as de Troodos, explorar la remota pen\u00ednsula de Akamas o descubrir playas apartadas, realmente no podr\u00e1s prescindir de un coche de alquiler. Eso s\u00ed, no olvides que aqu\u00ed se circula estrictamente por la izquierda, lo que puede resultar un poco estresante al principio para algunos conductores.<\/p>\n\n<\/div>\n<\/div>\n<div id=\"faq-question-1787756940004\" class=\"rank-math-list-item\">\n<h3 class=\"rank-math-question \"><span class=\"ez-toc-section\" id=\"%C2%BFPuedo_cruzar_del_sur_al_norte_de_Chipre\"><\/span>\u00bfPuedo cruzar del sur al norte de Chipre?<span class=\"ez-toc-section-end\"><\/span><\/h3>\n<div class=\"rank-math-answer \">\n\n<p>El cruce de la L\u00ednea Verde es posible a trav\u00e9s de los puestos fronterizos oficiales, pero siempre necesitas un pasaporte v\u00e1lido, porque con el DNI podr\u00edas tener problemas. Con un coche alquilado en el sur solo se puede cruzar al norte con el consentimiento expreso de tu empresa de alquiler y debes comprar en la frontera un seguro turco temporal. Sin embargo, en sentido contrario no funciona en absoluto: con un coche alquilado en el norte no se puede ir al sur bajo ninguna circunstancia, as\u00ed que ten mucho cuidado con esto.<\/p>\n\n<\/div>\n<\/div>\n<div id=\"faq-question-1787756940005\" class=\"rank-math-list-item\">\n<h3 class=\"rank-math-question \"><span class=\"ez-toc-section\" id=\"%C2%BFEs_caro_Chipre\"><\/span>\u00bfEs caro Chipre?<span class=\"ez-toc-section-end\"><\/span><\/h3>\n<div class=\"rank-math-answer \">\n\n<p>En general, se puede decir que la isla resulta algo m\u00e1s cara que la Grecia continental y es notablemente m\u00e1s cara que la popular Bulgaria. La partida principal del presupuesto suele ser el alojamiento durante la temporada alta de verano, cuando los precios de los hoteles se disparan, y el alquiler del coche tambi\u00e9n se lleva una buena parte del dinero. Pero si viajas fuera de los meses de mayor afluencia, los precios del alojamiento bajan agradablemente y las vacaciones pueden salir por un precio muy razonable. La comida en las tabernas mantiene precios m\u00e1s o menos estables y la calidad de las raciones merece sin duda lo que cuestan.<\/p>\n\n<\/div>\n<\/div>\n<div id=\"faq-question-1787756940006\" class=\"rank-math-list-item\">\n<h3 class=\"rank-math-question \"><span class=\"ez-toc-section\" id=\"%C2%BFQue_hay_para_comer_en_Chipre_si_eres_vegetariano\"><\/span>\u00bfQu\u00e9 hay para comer en Chipre si eres vegetariano?<span class=\"ez-toc-section-end\"><\/span><\/h3>\n<div class=\"rank-math-answer \">\n\n<p>La cocina local es absolutamente fant\u00e1stica para la gente que no come carne y desde luego no pasar\u00e1s hambre. La isla es la cuna del famoso queso halloumi, que queda estupendo a la parrilla, y cualquier taberna decente te preparar\u00e1 con gusto un generoso meze vegetariano lleno de salsas y ensaladas. Seg\u00fan dicen, tambi\u00e9n deber\u00edas probar los tradicionales kolokotes rellenos de calabaza, el contundente plato de louvi con jud\u00edas carilla o la popular gemistu, que son verduras rellenas de arroz. La oferta de platos sin carne es tan amplia que no sabr\u00e1s qu\u00e9 elegir primero de la carta.<\/p>\n\n<\/div>\n<\/div>\n<div id=\"faq-question-1787756940007\" class=\"rank-math-list-item\">\n<h3 class=\"rank-math-question \"><span class=\"ez-toc-section\" id=\"%C2%BFEs_seguro_Chipre\"><\/span>\u00bfEs seguro Chipre?<span class=\"ez-toc-section-end\"><\/span><\/h3>\n<div class=\"rank-math-answer \">\n\n<p>La isla figura de forma estable entre los pa\u00edses m\u00e1s seguros de toda Europa y en cuanto a delincuencia com\u00fan realmente no tienes nada que temer. Parad\u00f3jicamente, el mayor riesgo para los turistas lo representa el propio tr\u00e1fico, porque la circulaci\u00f3n por la izquierda puede pillar desprevenidos de forma desagradable a los peatones al cruzar la calle. Otra gran amenaza es el traicionero sol del verano, que tiene una fuerza incre\u00edble, as\u00ed que no deber\u00edas salir sin una buena crema solar y un sombrero. Si cuidas estos dos aspectos, disfrutar\u00e1s de una estancia absolutamente tranquila y sin contratiempos.<\/p>\n\n<\/div>\n<\/div>\n<\/div>\n<\/div>","protected":false},"excerpt":{"rendered":"<p>\u00bfPlaneas un viaje al Mediterr\u00e1neo y te preguntas cu\u00e1nto cuestan unas vacaciones en Chipre, qu\u00e9 tienes que ver y qu\u00e9 trampas evitar al planificarlo?<\/p>\n","protected":false},"author":3,"featured_media":399834,"comment_status":"open","ping_status":"open","sticky":false,"template":"","format":"standard","meta":{"_acf_changed":false,"footnotes":"","rank_math_title":"Vacaciones en Chipre: 24 lugares que ver en 2026","rank_math_description":"Descubre Chipre: 24 lugares que ver, playas, clima mes a mes, d\u00f3nde dormir y precios. Gu\u00eda pr\u00e1ctica para tus vacaciones en la isla. \u00a1Empieza a planear ya!","rank_math_focus_keyword":"chipre","rank_math_seo_score":""},"categories":[996,980],"tags":[],"class_list":["post-408444","post","type-post","status-publish","format-standard","has-post-thumbnail","category-europa","category-viajes"],"acf":[],"featured_image_src":"https:\/\/loudavymkrokem.cz\/wp-content\/uploads\/2026\/08\/dovolena-kypr-hero.jpg","author_info":{"display_name":"Lucie Kone\u010dn\u00e1","author_link":"https:\/\/loudavymkrokem.cz\/es\/author\/lucie-konecna\/"},"_links":{"self":[{"href":"https:\/\/loudavymkrokem.cz\/es\/wp-json\/wp\/v2\/posts\/408444","targetHints":{"allow":["GET"]}}],"collection":[{"href":"https:\/\/loudavymkrokem.cz\/es\/wp-json\/wp\/v2\/posts"}],"about":[{"href":"https:\/\/loudavymkrokem.cz\/es\/wp-json\/wp\/v2\/types\/post"}],"author":[{"embeddable":true,"href":"https:\/\/loudavymkrokem.cz\/es\/wp-json\/wp\/v2\/users\/3"}],"replies":[{"embeddable":true,"href":"https:\/\/loudavymkrokem.cz\/es\/wp-json\/wp\/v2\/comments?post=408444"}],"version-history":[{"count":0,"href":"https:\/\/loudavymkrokem.cz\/es\/wp-json\/wp\/v2\/posts\/408444\/revisions"}],"wp:featuredmedia":[{"embeddable":true,"href":"https:\/\/loudavymkrokem.cz\/es\/wp-json\/wp\/v2\/media\/399834"}],"wp:attachment":[{"href":"https:\/\/loudavymkrokem.cz\/es\/wp-json\/wp\/v2\/media?parent=408444"}],"wp:term":[{"taxonomy":"category","embeddable":true,"href":"https:\/\/loudavymkrokem.cz\/es\/wp-json\/wp\/v2\/categories?post=408444"},{"taxonomy":"post_tag","embeddable":true,"href":"https:\/\/loudavymkrokem.cz\/es\/wp-json\/wp\/v2\/tags?post=408444"}],"curies":[{"name":"wp","href":"https:\/\/api.w.org\/{rel}","templated":true}]}}