{"id":408432,"date":"2026-08-26T17:30:05","date_gmt":"2026-08-26T15:30:05","guid":{"rendered":"https:\/\/loudavymkrokem.cz\/que-ver-en-pisek\/"},"modified":"2026-08-31T03:04:00","modified_gmt":"2026-08-31T01:04:00","slug":"que-ver-en-pisek","status":"publish","type":"post","link":"https:\/\/loudavymkrokem.cz\/es\/que-ver-en-pisek\/","title":{"rendered":"Qu\u00e9 ver en P\u00edsek: 39 ideas de una lugare\u00f1a para monumentos y miradores secretos"},"content":{"rendered":"\n<p class=\"wp-block-paragraph\"><strong>Nac\u00ed en P\u00edsek.<\/strong> Luego viv\u00ed muchos a\u00f1os en la capital, recorr\u00ed buena parte de <strong><a href=\"https:\/\/loudavymkrokem.cz\/es\/viajes\/europa\/\" data-type=\"link\" data-id=\"https:\/\/loudavymkrokem.cz\/cestovani\/evropa\/\" target=\"_blank\" rel=\"noreferrer noopener\">Europa<\/a><\/strong>, vi montones de ciudades preciosas y, al final, mi marido y yo volvimos aqu\u00ed, a orillas del r\u00edo Otava. Hoy vivimos aqu\u00ed con nuestro hijo Jon\u00e1\u0161ek y sigo diciendo que P\u00edsek es una de las ciudades m\u00e1s bonitas del sur de Bohemia, en la Rep\u00fablica Checa. \ud83d\ude0a<\/p>\n\n\n\n<p class=\"wp-block-paragraph\"><strong>P\u00edsek es la ciudad donde nac\u00ed y donde hoy vuelvo a vivir con mi familia.<\/strong> Conozco cada callejuela, s\u00e9 d\u00f3nde tomar el mejor caf\u00e9 (y d\u00f3nde mejor no), d\u00f3nde bajar al r\u00edo en verano sin que te vea ni un solo turista, y tambi\u00e9n s\u00e9 qu\u00e9 visitas no valen del todo la pena (s\u00ed, voy a ser sincera). Es una ciudad que a primera vista quiz\u00e1 no te deslumbre con una arquitectura monumental como \u010cesk\u00fd Krumlov, pero que poco a poco te conquista: por su ambiente, por la calma junto al r\u00edo, por la historia en cada esquina y por esa peculiar tranquilidad del sur de Bohemia, que no se describe del todo pero se nota enseguida.<\/p>\n\n\n\n<p class=\"wp-block-paragraph\">Si buscas <strong>qu\u00e9 ver en P\u00edsek<\/strong> y esperas listados secos de monumentos, quiz\u00e1 te sorprenda un poco. Este art\u00edculo es m\u00e1s bien como pasear por la ciudad con una amiga que te ense\u00f1a tambi\u00e9n los rincones que no encontrar\u00e1s en ninguna gu\u00eda. He preparado para ti <strong>39 ideas de monumentos, lugares interesantes y cafeter\u00edas<\/strong>, y como tengo en casa un ni\u00f1o de dos a\u00f1os, tambi\u00e9n te aconsejar\u00e9 <strong>qu\u00e9 hacer en P\u00edsek y alrededores con ni\u00f1os<\/strong>. As\u00ed que vamos all\u00e1.<\/p>\n\n\n\n<figure data-wp-context=\"{&quot;imageId&quot;:&quot;6a952388b9a33&quot;}\" data-wp-interactive=\"core\/image\" data-wp-key=\"6a952388b9a33\" class=\"wp-block-image size-full wp-lightbox-container\"><img decoding=\"async\" width=\"2200\" height=\"1467\" data-wp-class--hide=\"state.isContentHidden\" data-wp-class--show=\"state.isContentVisible\" data-wp-init=\"callbacks.setButtonStyles\" data-wp-on--click=\"actions.showLightbox\" data-wp-on--load=\"callbacks.setButtonStyles\" data-wp-on--pointerdown=\"actions.preloadImage\" data-wp-on--pointerenter=\"actions.preloadImageWithDelay\" data-wp-on--pointerleave=\"actions.cancelPreload\" data-wp-on-window--resize=\"callbacks.setButtonStyles\" src=\"https:\/\/loudavymkrokem.cz\/wp-content\/uploads\/2026\/08\/pisek-kamenny-most-zapad-slunce.jpg\" alt=\"El puente de piedra de P\u00edsek al atardecer\" class=\"wp-image-399321\" title=\"\" srcset=\"https:\/\/loudavymkrokem.cz\/wp-content\/uploads\/2026\/08\/pisek-kamenny-most-zapad-slunce.jpg 2200w, https:\/\/loudavymkrokem.cz\/wp-content\/uploads\/2026\/08\/pisek-kamenny-most-zapad-slunce-300x200.jpg 300w, https:\/\/loudavymkrokem.cz\/wp-content\/uploads\/2026\/08\/pisek-kamenny-most-zapad-slunce-700x467.jpg 700w, https:\/\/loudavymkrokem.cz\/wp-content\/uploads\/2026\/08\/pisek-kamenny-most-zapad-slunce-768x512.jpg 768w, https:\/\/loudavymkrokem.cz\/wp-content\/uploads\/2026\/08\/pisek-kamenny-most-zapad-slunce-1536x1024.jpg 1536w, https:\/\/loudavymkrokem.cz\/wp-content\/uploads\/2026\/08\/pisek-kamenny-most-zapad-slunce-2048x1366.jpg 2048w, https:\/\/loudavymkrokem.cz\/wp-content\/uploads\/2026\/08\/pisek-kamenny-most-zapad-slunce-696x464.jpg 696w, https:\/\/loudavymkrokem.cz\/wp-content\/uploads\/2026\/08\/pisek-kamenny-most-zapad-slunce-1392x928.jpg 1392w, https:\/\/loudavymkrokem.cz\/wp-content\/uploads\/2026\/08\/pisek-kamenny-most-zapad-slunce-1920x1280.jpg 1920w\" sizes=\"(max-width: 2200px) 100vw, 2200px\" \/><button\n\t\t\tclass=\"lightbox-trigger\"\n\t\t\ttype=\"button\"\n\t\t\taria-haspopup=\"dialog\"\n\t\t\tdata-wp-bind--aria-label=\"state.thisImage.triggerButtonAriaLabel\"\n\t\t\tdata-wp-init=\"callbacks.initTriggerButton\"\n\t\t\tdata-wp-on--click=\"actions.showLightbox\"\n\t\t\tdata-wp-style--right=\"state.thisImage.buttonRight\"\n\t\t\tdata-wp-style--top=\"state.thisImage.buttonTop\"\n\t\t>\n\t\t\t<svg xmlns=\"http:\/\/www.w3.org\/2000\/svg\" width=\"12\" height=\"12\" fill=\"none\" viewBox=\"0 0 12 12\">\n\t\t\t\t<path fill=\"#fff\" d=\"M2 0a2 2 0 0 0-2 2v2h1.5V2a.5.5 0 0 1 .5-.5h2V0H2Zm2 10.5H2a.5.5 0 0 1-.5-.5V8H0v2a2 2 0 0 0 2 2h2v-1.5ZM8 12v-1.5h2a.5.5 0 0 0 .5-.5V8H12v2a2 2 0 0 1-2 2H8Zm2-12a2 2 0 0 1 2 2v2h-1.5V2a.5.5 0 0 0-.5-.5H8V0h2Z\" \/>\n\t\t\t<\/svg>\n\t\t<\/button><\/figure>\n\n\n\n<div id=\"ez-toc-container\" class=\"ez-toc-v2_0_86 ez-toc-wrap-left counter-hierarchy ez-toc-counter ez-toc-grey ez-toc-container-direction\">\n<div class=\"ez-toc-title-container\">\n<p class=\"ez-toc-title\" style=\"cursor:inherit\">Contenido del art\u00edculo<\/p>\n<span class=\"ez-toc-title-toggle\"><a href=\"#\" class=\"ez-toc-pull-right ez-toc-btn ez-toc-btn-xs ez-toc-btn-default ez-toc-toggle\" aria-label=\"Alternar tabla de contenidos\"><span class=\"ez-toc-js-icon-con\"><span class=\"\"><span class=\"eztoc-hide\" style=\"display:none;\">Toggle<\/span><span class=\"ez-toc-icon-toggle-span\"><svg style=\"fill: #999;color:#999\" xmlns=\"http:\/\/www.w3.org\/2000\/svg\" class=\"list-377408\" width=\"20px\" height=\"20px\" viewBox=\"0 0 24 24\" fill=\"none\"><path d=\"M6 6H4v2h2V6zm14 0H8v2h12V6zM4 11h2v2H4v-2zm16 0H8v2h12v-2zM4 16h2v2H4v-2zm16 0H8v2h12v-2z\" fill=\"currentColor\"><\/path><\/svg><svg style=\"fill: #999;color:#999\" class=\"arrow-unsorted-368013\" xmlns=\"http:\/\/www.w3.org\/2000\/svg\" width=\"10px\" height=\"10px\" viewBox=\"0 0 24 24\" version=\"1.2\" baseProfile=\"tiny\"><path d=\"M18.2 9.3l-6.2-6.3-6.2 6.3c-.2.2-.3.4-.3.7s.1.5.3.7c.2.2.4.3.7.3h11c.3 0 .5-.1.7-.3.2-.2.3-.5.3-.7s-.1-.5-.3-.7zM5.8 14.7l6.2 6.3 6.2-6.3c.2-.2.3-.5.3-.7s-.1-.5-.3-.7c-.2-.2-.4-.3-.7-.3h-11c-.3 0-.5.1-.7.3-.2.2-.3.5-.3.7s.1.5.3.7z\"\/><\/svg><\/span><\/span><\/span><\/a><\/span><\/div>\n<nav><ul class='ez-toc-list ez-toc-list-level-1 ' ><li class='ez-toc-page-1 ez-toc-heading-level-2'><a class=\"ez-toc-link ez-toc-heading-1\" href=\"https:\/\/loudavymkrokem.cz\/es\/que-ver-en-pisek\/#Resumen\" >Resumen<\/a><\/li><li class='ez-toc-page-1 ez-toc-heading-level-2'><a class=\"ez-toc-link ez-toc-heading-2\" href=\"https:\/\/loudavymkrokem.cz\/es\/que-ver-en-pisek\/#Que_hace_especial_a_Pisek_y_por_que_vale_la_pena_visitarlo\" >Qu\u00e9 hace especial a P\u00edsek y por qu\u00e9 vale la pena visitarlo<\/a><\/li><li class='ez-toc-page-1 ez-toc-heading-level-2'><a class=\"ez-toc-link ez-toc-heading-3\" href=\"https:\/\/loudavymkrokem.cz\/es\/que-ver-en-pisek\/#Cuando_ir_a_Pisek_y_como_llegar\" >Cu\u00e1ndo ir a P\u00edsek y c\u00f3mo llegar<\/a><ul class='ez-toc-list-level-3' ><li class='ez-toc-heading-level-3'><a class=\"ez-toc-link ez-toc-heading-4\" href=\"https:\/\/loudavymkrokem.cz\/es\/que-ver-en-pisek\/#Como_llegar_a_Pisek\" >C\u00f3mo llegar a P\u00edsek<\/a><\/li><\/ul><\/li><li class='ez-toc-page-1 ez-toc-heading-level-2'><a class=\"ez-toc-link ez-toc-heading-5\" href=\"https:\/\/loudavymkrokem.cz\/es\/que-ver-en-pisek\/#Donde_alojarse_en_Pisek_y_cuanto_cuesta\" >D\u00f3nde alojarse en P\u00edsek y cu\u00e1nto cuesta<\/a><\/li><li class='ez-toc-page-1 ez-toc-heading-level-2'><a class=\"ez-toc-link ez-toc-heading-6\" href=\"https:\/\/loudavymkrokem.cz\/es\/que-ver-en-pisek\/#Que_ver_en_Pisek_39_ideas_de_monumentos_y_lugares_interesantes\" >Qu\u00e9 ver en P\u00edsek: 39 ideas de monumentos y lugares interesantes<\/a><ul class='ez-toc-list-level-3' ><li class='ez-toc-heading-level-3'><a class=\"ez-toc-link ez-toc-heading-7\" href=\"https:\/\/loudavymkrokem.cz\/es\/que-ver-en-pisek\/#1_Puente_de_piedra_Jeleni_most_el_puente_de_piedra_mas_antiguo_de_la_Republica_Checa\" >1. Puente de piedra (Jelen\u00ed most): el puente de piedra m\u00e1s antiguo de la Rep\u00fablica Checa<\/a><\/li><li class='ez-toc-page-1 ez-toc-heading-level-3'><a class=\"ez-toc-link ez-toc-heading-8\" href=\"https:\/\/loudavymkrokem.cz\/es\/que-ver-en-pisek\/#2_Puerta_de_Putim_y_la_calle_de_Frana_Sramek\" >2. Puerta de Putim y la calle de Fr\u00e1\u0148a \u0160r\u00e1mek<\/a><\/li><li class='ez-toc-page-1 ez-toc-heading-level-3'><a class=\"ez-toc-link ez-toc-heading-9\" href=\"https:\/\/loudavymkrokem.cz\/es\/que-ver-en-pisek\/#3_El_castillo_la_muralla_y_el_Museo_de_Prachen\" >3. El castillo, la muralla y el Museo de Pr\u00e1che\u0148<\/a><\/li><li class='ez-toc-page-1 ez-toc-heading-level-3'><a class=\"ez-toc-link ez-toc-heading-10\" href=\"https:\/\/loudavymkrokem.cz\/es\/que-ver-en-pisek\/#4_La_central_electrica_municipal_de_Krizik\" >4. La central el\u00e9ctrica municipal de K\u0159i\u017e\u00edk<\/a><\/li><li class='ez-toc-page-1 ez-toc-heading-level-3'><a class=\"ez-toc-link ez-toc-heading-11\" href=\"https:\/\/loudavymkrokem.cz\/es\/que-ver-en-pisek\/#5_La_yeguada_nacional\" >5. La yeguada nacional<\/a><\/li><li class='ez-toc-page-1 ez-toc-heading-level-3'><a class=\"ez-toc-link ez-toc-heading-12\" href=\"https:\/\/loudavymkrokem.cz\/es\/que-ver-en-pisek\/#6_Iglesia_de_la_Natividad_de_la_Virgen_Maria\" >6. Iglesia de la Natividad de la Virgen Mar\u00eda<\/a><\/li><li class='ez-toc-page-1 ez-toc-heading-level-3'><a class=\"ez-toc-link ez-toc-heading-13\" href=\"https:\/\/loudavymkrokem.cz\/es\/que-ver-en-pisek\/#7_Las_plazas_Velke_y_Alsovo_con_las_Piedras_de_los_Desaparecidos\" >7. Las plazas Velk\u00e9 y Al\u0161ovo con las Piedras de los Desaparecidos<\/a><\/li><li class='ez-toc-page-1 ez-toc-heading-level-3'><a class=\"ez-toc-link ez-toc-heading-14\" href=\"https:\/\/loudavymkrokem.cz\/es\/que-ver-en-pisek\/#8_Columna_mariana_de_la_peste_en_la_plaza_Alsovo\" >8. Columna mariana de la peste en la plaza Al\u0161ovo<\/a><\/li><li class='ez-toc-page-1 ez-toc-heading-level-3'><a class=\"ez-toc-link ez-toc-heading-15\" href=\"https:\/\/loudavymkrokem.cz\/es\/que-ver-en-pisek\/#9_El_cuartel\" >9. El cuartel<\/a><\/li><li class='ez-toc-page-1 ez-toc-heading-level-3'><a class=\"ez-toc-link ez-toc-heading-16\" href=\"https:\/\/loudavymkrokem.cz\/es\/que-ver-en-pisek\/#10_El_ayuntamiento\" >10. El ayuntamiento<\/a><\/li><li class='ez-toc-page-1 ez-toc-heading-level-3'><a class=\"ez-toc-link ez-toc-heading-17\" href=\"https:\/\/loudavymkrokem.cz\/es\/que-ver-en-pisek\/#11_Iglesia_de_la_Exaltacion_de_la_Santa_Cruz\" >11. Iglesia de la Exaltaci\u00f3n de la Santa Cruz<\/a><\/li><li class='ez-toc-page-1 ez-toc-heading-level-3'><a class=\"ez-toc-link ez-toc-heading-18\" href=\"https:\/\/loudavymkrokem.cz\/es\/que-ver-en-pisek\/#12_Las_carnicerias_medievales_Masne_kramy\" >12. Las carnicer\u00edas medievales (Masn\u00e9 kr\u00e1my)<\/a><\/li><li class='ez-toc-page-1 ez-toc-heading-level-3'><a class=\"ez-toc-link ez-toc-heading-19\" href=\"https:\/\/loudavymkrokem.cz\/es\/que-ver-en-pisek\/#13_La_biblioteca_municipal_y_la_cafeteria_Upekla\" >13. La biblioteca municipal y la cafeter\u00eda Upekla<\/a><\/li><li class='ez-toc-page-1 ez-toc-heading-level-3'><a class=\"ez-toc-link ez-toc-heading-20\" href=\"https:\/\/loudavymkrokem.cz\/es\/que-ver-en-pisek\/#14_El_edificio_de_la_comisaria_antigua_biblioteca\" >14. El edificio de la comisar\u00eda (antigua biblioteca)<\/a><\/li><li class='ez-toc-page-1 ez-toc-heading-level-3'><a class=\"ez-toc-link ez-toc-heading-21\" href=\"https:\/\/loudavymkrokem.cz\/es\/que-ver-en-pisek\/#15_Estatua_de_san_Florian\" >15. Estatua de san Flori\u00e1n<\/a><\/li><li class='ez-toc-page-1 ez-toc-heading-level-3'><a class=\"ez-toc-link ez-toc-heading-22\" href=\"https:\/\/loudavymkrokem.cz\/es\/que-ver-en-pisek\/#16_El_parque_Palackeho_sady\" >16. El parque Palack\u00e9ho sady<\/a><\/li><li class='ez-toc-page-1 ez-toc-heading-level-3'><a class=\"ez-toc-link ez-toc-heading-23\" href=\"https:\/\/loudavymkrokem.cz\/es\/que-ver-en-pisek\/#17_El_pabellon_de_Schrenk\" >17. El pabell\u00f3n de Schrenk<\/a><\/li><li class='ez-toc-page-1 ez-toc-heading-level-3'><a class=\"ez-toc-link ez-toc-heading-24\" href=\"https:\/\/loudavymkrokem.cz\/es\/que-ver-en-pisek\/#18_La_fuente_de_Neptuno\" >18. La fuente de Neptuno<\/a><\/li><li class='ez-toc-page-1 ez-toc-heading-level-3'><a class=\"ez-toc-link ez-toc-heading-25\" href=\"https:\/\/loudavymkrokem.cz\/es\/que-ver-en-pisek\/#19_Monumentos_a_Adolf_Heyduk_y_Frantisek_Palacky\" >19. Monumentos a Adolf Heyduk y Franti\u0161ek Palack\u00fd<\/a><\/li><li class='ez-toc-page-1 ez-toc-heading-level-3'><a class=\"ez-toc-link ez-toc-heading-26\" href=\"https:\/\/loudavymkrokem.cz\/es\/que-ver-en-pisek\/#20_La_casa_de_Adolf_Heyduk\" >20. La casa de Adolf Heyduk<\/a><\/li><li class='ez-toc-page-1 ez-toc-heading-level-3'><a class=\"ez-toc-link ez-toc-heading-27\" href=\"https:\/\/loudavymkrokem.cz\/es\/que-ver-en-pisek\/#21_El_pabellon_de_Kronberger\" >21. El pabell\u00f3n de Kronberger<\/a><\/li><li class='ez-toc-page-1 ez-toc-heading-level-3'><a class=\"ez-toc-link ez-toc-heading-28\" href=\"https:\/\/loudavymkrokem.cz\/es\/que-ver-en-pisek\/#22_Hotel_Otava\" >22. Hotel Otava<\/a><\/li><li class='ez-toc-page-1 ez-toc-heading-level-3'><a class=\"ez-toc-link ez-toc-heading-29\" href=\"https:\/\/loudavymkrokem.cz\/es\/que-ver-en-pisek\/#23_La_sinagoga_judia\" >23. La sinagoga jud\u00eda<\/a><\/li><li class='ez-toc-page-1 ez-toc-heading-level-3'><a class=\"ez-toc-link ez-toc-heading-30\" href=\"https:\/\/loudavymkrokem.cz\/es\/que-ver-en-pisek\/#24_El_edificio_del_ambulatorio\" >24. El edificio del ambulatorio<\/a><\/li><li class='ez-toc-page-1 ez-toc-heading-level-3'><a class=\"ez-toc-link ez-toc-heading-31\" href=\"https:\/\/loudavymkrokem.cz\/es\/que-ver-en-pisek\/#25_La_casa_de_las_Bolas_y_las_casas_burguesas\" >25. La casa de las Bolas y las casas burguesas<\/a><\/li><li class='ez-toc-page-1 ez-toc-heading-level-3'><a class=\"ez-toc-link ez-toc-heading-32\" href=\"https:\/\/loudavymkrokem.cz\/es\/que-ver-en-pisek\/#26_El_puente_nuevo\" >26. El puente nuevo<\/a><\/li><li class='ez-toc-page-1 ez-toc-heading-level-3'><a class=\"ez-toc-link ez-toc-heading-33\" href=\"https:\/\/loudavymkrokem.cz\/es\/que-ver-en-pisek\/#27_La_Sokolovna\" >27. La Sokolovna<\/a><\/li><li class='ez-toc-page-1 ez-toc-heading-level-3'><a class=\"ez-toc-link ez-toc-heading-34\" href=\"https:\/\/loudavymkrokem.cz\/es\/que-ver-en-pisek\/#28_La_vieja_oficina_de_correos\" >28. La vieja oficina de correos<\/a><\/li><li class='ez-toc-page-1 ez-toc-heading-level-3'><a class=\"ez-toc-link ez-toc-heading-35\" href=\"https:\/\/loudavymkrokem.cz\/es\/que-ver-en-pisek\/#29_La_villa_Raab\" >29. La villa Raab<\/a><\/li><li class='ez-toc-page-1 ez-toc-heading-level-3'><a class=\"ez-toc-link ez-toc-heading-36\" href=\"https:\/\/loudavymkrokem.cz\/es\/que-ver-en-pisek\/#30_Monumento_a_los_caidos_en_Melegnano_y_Solferino\" >30. Monumento a los ca\u00eddos en Melegnano y Solferino<\/a><\/li><li class='ez-toc-page-1 ez-toc-heading-level-3'><a class=\"ez-toc-link ez-toc-heading-37\" href=\"https:\/\/loudavymkrokem.cz\/es\/que-ver-en-pisek\/#31_La_capilla_mariana\" >31. La capilla mariana<\/a><\/li><li class='ez-toc-page-1 ez-toc-heading-level-3'><a class=\"ez-toc-link ez-toc-heading-38\" href=\"https:\/\/loudavymkrokem.cz\/es\/que-ver-en-pisek\/#32_Iglesia_de_la_Santisima_Trinidad\" >32. Iglesia de la Sant\u00edsima Trinidad<\/a><\/li><li class='ez-toc-page-1 ez-toc-heading-level-3'><a class=\"ez-toc-link ez-toc-heading-39\" href=\"https:\/\/loudavymkrokem.cz\/es\/que-ver-en-pisek\/#33_Iglesia_de_san_Wenceslao\" >33. Iglesia de san Wenceslao<\/a><\/li><li class='ez-toc-page-1 ez-toc-heading-level-3'><a class=\"ez-toc-link ez-toc-heading-40\" href=\"https:\/\/loudavymkrokem.cz\/es\/que-ver-en-pisek\/#34_El_castro\" >34. El castro<\/a><\/li><li class='ez-toc-page-1 ez-toc-heading-level-3'><a class=\"ez-toc-link ez-toc-heading-41\" href=\"https:\/\/loudavymkrokem.cz\/es\/que-ver-en-pisek\/#35_El_camino_de_las_piedras_del_dolor\" >35. El camino de las piedras del dolor<\/a><\/li><li class='ez-toc-page-1 ez-toc-heading-level-3'><a class=\"ez-toc-link ez-toc-heading-42\" href=\"https:\/\/loudavymkrokem.cz\/es\/que-ver-en-pisek\/#36_La_villa_Marta_y_la_pasarela_de_Dagmar_Simkova\" >36. La villa Marta y la pasarela de Dagmar \u0160imkov\u00e1<\/a><\/li><li class='ez-toc-page-1 ez-toc-heading-level-3'><a class=\"ez-toc-link ez-toc-heading-43\" href=\"https:\/\/loudavymkrokem.cz\/es\/que-ver-en-pisek\/#37_Teatro_Frana_Sramek\" >37. Teatro Fr\u00e1\u0148a \u0160r\u00e1mek<\/a><\/li><li class='ez-toc-page-1 ez-toc-heading-level-3'><a class=\"ez-toc-link ez-toc-heading-44\" href=\"https:\/\/loudavymkrokem.cz\/es\/que-ver-en-pisek\/#38_El_decanato\" >38. El decanato<\/a><\/li><li class='ez-toc-page-1 ez-toc-heading-level-3'><a class=\"ez-toc-link ez-toc-heading-45\" href=\"https:\/\/loudavymkrokem.cz\/es\/que-ver-en-pisek\/#39_Los_parcanes_junto_a_la_puerta_de_Putim\" >39. Los parcanes junto a la puerta de Putim<\/a><\/li><\/ul><\/li><li class='ez-toc-page-1 ez-toc-heading-level-2'><a class=\"ez-toc-link ez-toc-heading-46\" href=\"https:\/\/loudavymkrokem.cz\/es\/que-ver-en-pisek\/#Que_hacer_en_Pisek_con_ninos_ideas_para_familias_en_la_ciudad_y_alrededores\" >Qu\u00e9 hacer en P\u00edsek con ni\u00f1os: ideas para familias en la ciudad y alrededores<\/a><ul class='ez-toc-list-level-3' ><li class='ez-toc-heading-level-3'><a class=\"ez-toc-link ez-toc-heading-47\" href=\"https:\/\/loudavymkrokem.cz\/es\/que-ver-en-pisek\/#Sladovna_Pisek_una_gigantesca_galeria_de_juego\" >Sladovna P\u00edsek: una gigantesca galer\u00eda de juego<\/a><\/li><li class='ez-toc-page-1 ez-toc-heading-level-3'><a class=\"ez-toc-link ez-toc-heading-48\" href=\"https:\/\/loudavymkrokem.cz\/es\/que-ver-en-pisek\/#Esculturas_de_arena_en_el_paseo_fluvial_antiguo_Cipiskoviste\" >Esculturas de arena en el paseo fluvial (antiguo Cip\u00edskovi\u0161t\u011b)<\/a><\/li><li class='ez-toc-page-1 ez-toc-heading-level-3'><a class=\"ez-toc-link ez-toc-heading-49\" href=\"https:\/\/loudavymkrokem.cz\/es\/que-ver-en-pisek\/#Travel_Cafe_cafeteria_con_arenero\" >Travel Cafe: cafeter\u00eda con arenero<\/a><\/li><li class='ez-toc-page-1 ez-toc-heading-level-3'><a class=\"ez-toc-link ez-toc-heading-50\" href=\"https:\/\/loudavymkrokem.cz\/es\/que-ver-en-pisek\/#Ludotecas_en_Pisek_Myska_herna_y_compania\" >Ludotecas en P\u00edsek: My\u0161ka herna y compa\u00f1\u00eda<\/a><\/li><li class='ez-toc-page-1 ez-toc-heading-level-3'><a class=\"ez-toc-link ez-toc-heading-51\" href=\"https:\/\/loudavymkrokem.cz\/es\/que-ver-en-pisek\/#El_coto_U_Vodaka\" >El coto U Vod\u00e1ka<\/a><\/li><li class='ez-toc-page-1 ez-toc-heading-level-3'><a class=\"ez-toc-link ez-toc-heading-52\" href=\"https:\/\/loudavymkrokem.cz\/es\/que-ver-en-pisek\/#La_cabana_Zivec_y_el_laberinto_3D\" >La caba\u00f1a \u017divec y el laberinto 3D<\/a><\/li><li class='ez-toc-page-1 ez-toc-heading-level-3'><a class=\"ez-toc-link ez-toc-heading-53\" href=\"https:\/\/loudavymkrokem.cz\/es\/que-ver-en-pisek\/#La_isla_municipal\" >La isla municipal<\/a><\/li><li class='ez-toc-page-1 ez-toc-heading-level-3'><a class=\"ez-toc-link ez-toc-heading-54\" href=\"https:\/\/loudavymkrokem.cz\/es\/que-ver-en-pisek\/#Hernajs\" >Hernajs<\/a><\/li><li class='ez-toc-page-1 ez-toc-heading-level-3'><a class=\"ez-toc-link ez-toc-heading-55\" href=\"https:\/\/loudavymkrokem.cz\/es\/que-ver-en-pisek\/#Mini_Academy\" >Mini Academy<\/a><\/li><li class='ez-toc-page-1 ez-toc-heading-level-3'><a class=\"ez-toc-link ez-toc-heading-56\" href=\"https:\/\/loudavymkrokem.cz\/es\/que-ver-en-pisek\/#Parque_de_educacion_vial_junto_a_Vaclav\" >Parque de educaci\u00f3n vial junto a V\u00e1clav<\/a><\/li><li class='ez-toc-page-1 ez-toc-heading-level-3'><a class=\"ez-toc-link ez-toc-heading-57\" href=\"https:\/\/loudavymkrokem.cz\/es\/que-ver-en-pisek\/#Nase_zviratka_Putim_minizoo_gratis\" >Na\u0161e zv\u00ed\u0159\u00e1tka Putim: minizoo gratis<\/a><\/li><li class='ez-toc-page-1 ez-toc-heading-level-3'><a class=\"ez-toc-link ez-toc-heading-58\" href=\"https:\/\/loudavymkrokem.cz\/es\/que-ver-en-pisek\/#Piscina_junto_a_Vaclav_bano_con_vistas_al_Otava\" >Piscina junto a V\u00e1clav: ba\u00f1o con vistas al Otava<\/a><\/li><li class='ez-toc-page-1 ez-toc-heading-level-3'><a class=\"ez-toc-link ez-toc-heading-59\" href=\"https:\/\/loudavymkrokem.cz\/es\/que-ver-en-pisek\/#En_barca_por_el_Otava_piraguismo_tambien_en_familia\" >En barca por el Otava: pirag\u00fcismo tambi\u00e9n en familia<\/a><\/li><li class='ez-toc-page-1 ez-toc-heading-level-3'><a class=\"ez-toc-link ez-toc-heading-60\" href=\"https:\/\/loudavymkrokem.cz\/es\/que-ver-en-pisek\/#Zemeraj_junto_a_Kovarov_un_dia_en_la_Alta_Edad_Media\" >Zem\u011br\u00e1j, junto a Kov\u00e1\u0159ov: un d\u00eda en la Alta Edad Media<\/a><\/li><li class='ez-toc-page-1 ez-toc-heading-level-3'><a class=\"ez-toc-link ez-toc-heading-61\" href=\"https:\/\/loudavymkrokem.cz\/es\/que-ver-en-pisek\/#En_el_trenecito_Elinka_por_el_puente_Duha\" >En el trenecito Elinka por el puente Duha<\/a><\/li><\/ul><\/li><li class='ez-toc-page-1 ez-toc-heading-level-2'><a class=\"ez-toc-link ez-toc-heading-62\" href=\"https:\/\/loudavymkrokem.cz\/es\/que-ver-en-pisek\/#Que_hacer_en_Pisek_cuando_llueve\" >Qu\u00e9 hacer en P\u00edsek cuando llueve<\/a><\/li><li class='ez-toc-page-1 ez-toc-heading-level-2'><a class=\"ez-toc-link ez-toc-heading-63\" href=\"https:\/\/loudavymkrokem.cz\/es\/que-ver-en-pisek\/#Donde_aparcar_en_Pisek\" >D\u00f3nde aparcar en P\u00edsek<\/a><\/li><li class='ez-toc-page-1 ez-toc-heading-level-2'><a class=\"ez-toc-link ez-toc-heading-64\" href=\"https:\/\/loudavymkrokem.cz\/es\/que-ver-en-pisek\/#Donde_comer_y_beber_bien_en_Pisek\" >D\u00f3nde comer y beber bien en P\u00edsek<\/a><\/li><li class='ez-toc-page-1 ez-toc-heading-level-2'><a class=\"ez-toc-link ez-toc-heading-65\" href=\"https:\/\/loudavymkrokem.cz\/es\/que-ver-en-pisek\/#Ideas_de_excursiones_por_los_alrededores_de_Pisek_13_lugares_para_una_escapada_de_un_dia\" >Ideas de excursiones por los alrededores de P\u00edsek: 13 lugares para una escapada de un d\u00eda<\/a><ul class='ez-toc-list-level-3' ><li class='ez-toc-heading-level-3'><a class=\"ez-toc-link ez-toc-heading-66\" href=\"https:\/\/loudavymkrokem.cz\/es\/que-ver-en-pisek\/#El_castillo_de_Zvikov_y_el_palacio_de_Orlik\" >El castillo de Zv\u00edkov y el palacio de Orl\u00edk<\/a><\/li><li class='ez-toc-page-1 ez-toc-heading-level-3'><a class=\"ez-toc-link ez-toc-heading-67\" href=\"https:\/\/loudavymkrokem.cz\/es\/que-ver-en-pisek\/#Zoo_de_cocodrilos_de_Protivin\" >Zoo de cocodrilos de Protiv\u00edn<\/a><\/li><li class='ez-toc-page-1 ez-toc-heading-level-3'><a class=\"ez-toc-link ez-toc-heading-68\" href=\"https:\/\/loudavymkrokem.cz\/es\/que-ver-en-pisek\/#Monumento_a_la_batalla_de_Sudomer\" >Monumento a la batalla de Sudom\u011b\u0159<\/a><\/li><li class='ez-toc-page-1 ez-toc-heading-level-3'><a class=\"ez-toc-link ez-toc-heading-69\" href=\"https:\/\/loudavymkrokem.cz\/es\/que-ver-en-pisek\/#La_herreria_de_cuento_de_Selibov\" >La herrer\u00eda de cuento de Selibov<\/a><\/li><li class='ez-toc-page-1 ez-toc-heading-level-3'><a class=\"ez-toc-link ez-toc-heading-70\" href=\"https:\/\/loudavymkrokem.cz\/es\/que-ver-en-pisek\/#Farmapark_Maletice\" >Farmapark Maletice<\/a><\/li><li class='ez-toc-page-1 ez-toc-heading-level-3'><a class=\"ez-toc-link ez-toc-heading-71\" href=\"https:\/\/loudavymkrokem.cz\/es\/que-ver-en-pisek\/#Fiziland_y_el_Reino_del_Tiempo_en_Protivin\" >Fiziland y el Reino del Tiempo en Protiv\u00edn<\/a><\/li><li class='ez-toc-page-1 ez-toc-heading-level-3'><a class=\"ez-toc-link ez-toc-heading-72\" href=\"https:\/\/loudavymkrokem.cz\/es\/que-ver-en-pisek\/#Bagrarium_en_Strakonice\" >Bagr\u00e1rium en Strakonice<\/a><\/li><li class='ez-toc-page-1 ez-toc-heading-level-3'><a class=\"ez-toc-link ez-toc-heading-73\" href=\"https:\/\/loudavymkrokem.cz\/es\/que-ver-en-pisek\/#Tabor\" >T\u00e1bor<\/a><\/li><li class='ez-toc-page-1 ez-toc-heading-level-3'><a class=\"ez-toc-link ez-toc-heading-74\" href=\"https:\/\/loudavymkrokem.cz\/es\/que-ver-en-pisek\/#Ceske_Budejovice\" >\u010cesk\u00e9 Bud\u011bjovice<\/a><\/li><li class='ez-toc-page-1 ez-toc-heading-level-3'><a class=\"ez-toc-link ez-toc-heading-75\" href=\"https:\/\/loudavymkrokem.cz\/es\/que-ver-en-pisek\/#Hluboka_nad_Vltavou\" >Hlubok\u00e1 nad Vltavou<\/a><\/li><li class='ez-toc-page-1 ez-toc-heading-level-3'><a class=\"ez-toc-link ez-toc-heading-76\" href=\"https:\/\/loudavymkrokem.cz\/es\/que-ver-en-pisek\/#Cesky_Krumlov\" >\u010cesk\u00fd Krumlov<\/a><\/li><li class='ez-toc-page-1 ez-toc-heading-level-3'><a class=\"ez-toc-link ez-toc-heading-77\" href=\"https:\/\/loudavymkrokem.cz\/es\/que-ver-en-pisek\/#La_Selva_de_Bohemia_Sumava\" >La Selva de Bohemia (\u0160umava)<\/a><\/li><li class='ez-toc-page-1 ez-toc-heading-level-3'><a class=\"ez-toc-link ez-toc-heading-78\" href=\"https:\/\/loudavymkrokem.cz\/es\/que-ver-en-pisek\/#Praga\" >Praga<\/a><\/li><\/ul><\/li><li class='ez-toc-page-1 ez-toc-heading-level-2'><a class=\"ez-toc-link ez-toc-heading-79\" href=\"https:\/\/loudavymkrokem.cz\/es\/que-ver-en-pisek\/#Que_ver_en_Pisek_conclusion\" >Qu\u00e9 ver en P\u00edsek: conclusi\u00f3n<\/a><\/li><li class='ez-toc-page-1 ez-toc-heading-level-2'><a class=\"ez-toc-link ez-toc-heading-80\" href=\"https:\/\/loudavymkrokem.cz\/es\/que-ver-en-pisek\/#Adonde_seguir\" >Ad\u00f3nde seguir<\/a><\/li><li class='ez-toc-page-1 ez-toc-heading-level-2'><a class=\"ez-toc-link ez-toc-heading-81\" href=\"https:\/\/loudavymkrokem.cz\/es\/que-ver-en-pisek\/#Preguntas_frecuentes\" >Preguntas frecuentes<\/a><ul class='ez-toc-list-level-3' ><li class='ez-toc-heading-level-3'><a class=\"ez-toc-link ez-toc-heading-82\" href=\"https:\/\/loudavymkrokem.cz\/es\/que-ver-en-pisek\/#%C2%BFEs_el_Puente_de_Piedra_de_Pisek_realmente_mas_antiguo_que_el_Puente_de_Carlos\" >\u00bfEs el Puente de Piedra de P\u00edsek realmente m\u00e1s antiguo que el Puente de Carlos?<\/a><\/li><li class='ez-toc-page-1 ez-toc-heading-level-3'><a class=\"ez-toc-link ez-toc-heading-83\" href=\"https:\/\/loudavymkrokem.cz\/es\/que-ver-en-pisek\/#%C2%BFLa_Sladovna_entretendra_tambien_a_ninos_mayores\" >\u00bfLa Sladovna entretendr\u00e1 tambi\u00e9n a ni\u00f1os mayores?<\/a><\/li><li class='ez-toc-page-1 ez-toc-heading-level-3'><a class=\"ez-toc-link ez-toc-heading-84\" href=\"https:\/\/loudavymkrokem.cz\/es\/que-ver-en-pisek\/#%C2%BFDonde_se_encuentran_exactamente_las_esculturas_de_arena\" >\u00bfD\u00f3nde se encuentran exactamente las esculturas de arena?<\/a><\/li><li class='ez-toc-page-1 ez-toc-heading-level-3'><a class=\"ez-toc-link ez-toc-heading-85\" href=\"https:\/\/loudavymkrokem.cz\/es\/que-ver-en-pisek\/#%C2%BFComo_llego_a_la_torre_mirador_Jarnik\" >\u00bfC\u00f3mo llego a la torre mirador Jarn\u00edk?<\/a><\/li><li class='ez-toc-page-1 ez-toc-heading-level-3'><a class=\"ez-toc-link ez-toc-heading-86\" href=\"https:\/\/loudavymkrokem.cz\/es\/que-ver-en-pisek\/#%C2%BFCual_es_la_mejor_epoca_para_visitar_el_Zemsky_hrebcinec\" >\u00bfCu\u00e1l es la mejor \u00e9poca para visitar el Zemsk\u00fd h\u0159eb\u010dinec?<\/a><\/li><li class='ez-toc-page-1 ez-toc-heading-level-3'><a class=\"ez-toc-link ez-toc-heading-87\" href=\"https:\/\/loudavymkrokem.cz\/es\/que-ver-en-pisek\/#%C2%BFCuanto_cuesta_la_entrada_al_Museo_de_Prachen\" >\u00bfCu\u00e1nto cuesta la entrada al Museo de Pr\u00e1che\u0148?<\/a><\/li><li class='ez-toc-page-1 ez-toc-heading-level-3'><a class=\"ez-toc-link ez-toc-heading-88\" href=\"https:\/\/loudavymkrokem.cz\/es\/que-ver-en-pisek\/#%C2%BFComo_llego_mejor_a_Pisek_desde_Espana\" >\u00bfC\u00f3mo llego mejor a P\u00edsek desde Espa\u00f1a?<\/a><\/li><li class='ez-toc-page-1 ez-toc-heading-level-3'><a class=\"ez-toc-link ez-toc-heading-89\" href=\"https:\/\/loudavymkrokem.cz\/es\/que-ver-en-pisek\/#%C2%BFDonde_ir_en_Pisek_con_ninos\" >\u00bfD\u00f3nde ir en P\u00edsek con ni\u00f1os?<\/a><\/li><\/ul><\/li><\/ul><\/nav><\/div>\n<h2 class=\"wp-block-heading\"><span class=\"ez-toc-section\" id=\"Resumen\"><\/span>Resumen<span class=\"ez-toc-section-end\"><\/span><\/h2>\n\n\n\n<ul class=\"wp-block-list\">\n<li><strong>Puente de piedra<\/strong> \u2013 el puente de piedra m\u00e1s antiguo de la Rep\u00fablica Checa, un icono de la ciudad, entrada gratuita, precioso al amanecer con niebla.<\/li>\n\n\n\n<li><strong>Sladovna P\u00edsek<\/strong> \u2013 centro interactivo para ni\u00f1os (y, sinceramente, tambi\u00e9n para adultos), la idea ideal para ir con ni\u00f1os en P\u00edsek cuando llueve.<\/li>\n\n\n\n<li><strong>Yeguada nacional<\/strong> \u2013 monumento cultural nacional de estilo Tudor, visitas por unos 6 \u20ac (150 CZK), lleva efectivo.<\/li>\n\n\n\n<li><strong>Locales en el parque Palack\u00e9ho sady<\/strong> \u2013 el sin gluten Do Nebe y la cafeter\u00eda Park Caf\u00e9, ambos con vistas al parque.<\/li>\n\n\n\n<li><strong>Travel Cafe<\/strong> \u2013 para m\u00ed la mejor cafeter\u00eda de la ciudad, con terraza en un patio interior y arenero para los ni\u00f1os.<\/li>\n\n\n\n<li><strong>Montes de P\u00edsek<\/strong> \u2013 un macizo boscoso justo detr\u00e1s de la ciudad, ideal para pasear, correr o salir en bici.<\/li>\n\n\n\n<li><strong>Alrededores de P\u00edsek<\/strong> \u2013 Zv\u00edkov, Orl\u00edk, Hlubok\u00e1, T\u00e1bor: todo a menos de 40 minutos en coche.<\/li>\n<\/ul>\n\n\n\n<p class=\"wp-block-paragraph\"><strong><a href=\"https:\/\/loudavymkrokem.cz\/es\/bohemia-del-sur-ciudades-bonitas\/\" target=\"_blank\" rel=\"noreferrer noopener\">Lee tambi\u00e9n: 8 excursiones por el sur de Bohemia<\/a><\/strong><\/p>\n\n\n\n<h2 class=\"wp-block-heading\"><span class=\"ez-toc-section\" id=\"Que_hace_especial_a_Pisek_y_por_que_vale_la_pena_visitarlo\"><\/span>Qu\u00e9 hace especial a P\u00edsek y por qu\u00e9 vale la pena visitarlo<span class=\"ez-toc-section-end\"><\/span><\/h2>\n\n\n\n<figure data-wp-context=\"{&quot;imageId&quot;:&quot;6a952388ba2e2&quot;}\" data-wp-interactive=\"core\/image\" data-wp-key=\"6a952388ba2e2\" class=\"wp-block-image size-full wp-lightbox-container\"><img decoding=\"async\" width=\"2200\" height=\"1467\" data-wp-class--hide=\"state.isContentHidden\" data-wp-class--show=\"state.isContentVisible\" data-wp-init=\"callbacks.setButtonStyles\" data-wp-on--click=\"actions.showLightbox\" data-wp-on--load=\"callbacks.setButtonStyles\" data-wp-on--pointerdown=\"actions.preloadImage\" data-wp-on--pointerenter=\"actions.preloadImageWithDelay\" data-wp-on--pointerleave=\"actions.cancelPreload\" data-wp-on-window--resize=\"callbacks.setButtonStyles\" src=\"https:\/\/loudavymkrokem.cz\/wp-content\/uploads\/2026\/08\/pisek-alsovo-namesti-vecer.jpg\" alt=\"La plaza Al\u0161ovo n\u00e1m\u011bst\u00ed de P\u00edsek con la luz del atardecer\" class=\"wp-image-399356\" title=\"\" srcset=\"https:\/\/loudavymkrokem.cz\/wp-content\/uploads\/2026\/08\/pisek-alsovo-namesti-vecer.jpg 2200w, https:\/\/loudavymkrokem.cz\/wp-content\/uploads\/2026\/08\/pisek-alsovo-namesti-vecer-300x200.jpg 300w, https:\/\/loudavymkrokem.cz\/wp-content\/uploads\/2026\/08\/pisek-alsovo-namesti-vecer-700x467.jpg 700w, https:\/\/loudavymkrokem.cz\/wp-content\/uploads\/2026\/08\/pisek-alsovo-namesti-vecer-768x512.jpg 768w, https:\/\/loudavymkrokem.cz\/wp-content\/uploads\/2026\/08\/pisek-alsovo-namesti-vecer-1536x1024.jpg 1536w, https:\/\/loudavymkrokem.cz\/wp-content\/uploads\/2026\/08\/pisek-alsovo-namesti-vecer-2048x1366.jpg 2048w, https:\/\/loudavymkrokem.cz\/wp-content\/uploads\/2026\/08\/pisek-alsovo-namesti-vecer-696x464.jpg 696w, https:\/\/loudavymkrokem.cz\/wp-content\/uploads\/2026\/08\/pisek-alsovo-namesti-vecer-1392x928.jpg 1392w, https:\/\/loudavymkrokem.cz\/wp-content\/uploads\/2026\/08\/pisek-alsovo-namesti-vecer-1920x1280.jpg 1920w\" sizes=\"(max-width: 2200px) 100vw, 2200px\" \/><button\n\t\t\tclass=\"lightbox-trigger\"\n\t\t\ttype=\"button\"\n\t\t\taria-haspopup=\"dialog\"\n\t\t\tdata-wp-bind--aria-label=\"state.thisImage.triggerButtonAriaLabel\"\n\t\t\tdata-wp-init=\"callbacks.initTriggerButton\"\n\t\t\tdata-wp-on--click=\"actions.showLightbox\"\n\t\t\tdata-wp-style--right=\"state.thisImage.buttonRight\"\n\t\t\tdata-wp-style--top=\"state.thisImage.buttonTop\"\n\t\t>\n\t\t\t<svg xmlns=\"http:\/\/www.w3.org\/2000\/svg\" width=\"12\" height=\"12\" fill=\"none\" viewBox=\"0 0 12 12\">\n\t\t\t\t<path fill=\"#fff\" d=\"M2 0a2 2 0 0 0-2 2v2h1.5V2a.5.5 0 0 1 .5-.5h2V0H2Zm2 10.5H2a.5.5 0 0 1-.5-.5V8H0v2a2 2 0 0 0 2 2h2v-1.5ZM8 12v-1.5h2a.5.5 0 0 0 .5-.5V8H12v2a2 2 0 0 1-2 2H8Zm2-12a2 2 0 0 1 2 2v2h-1.5V2a.5.5 0 0 0-.5-.5H8V0h2Z\" \/>\n\t\t\t<\/svg>\n\t\t<\/button><\/figure>\n\n\n\n<p class=\"wp-block-paragraph\"><strong>A P\u00edsek a veces se le llama<\/strong> <strong>la Atenas del sur de Bohemia<\/strong> y, aunque suene un poco pomposo para una ciudad de treinta mil habitantes, algo de verdad hay. La tradici\u00f3n educativa se remonta aqu\u00ed siglos atr\u00e1s, la cultura sigue viva hoy y, para su tama\u00f1o, tenemos una cantidad inusual de galer\u00edas, teatros y festivales. Pero, sobre todo, P\u00edsek tiene una historia de la que otras ciudades vivir\u00edan generaciones.<\/p>\n\n\n\n<p class=\"wp-block-paragraph\">Empecemos por lo m\u00e1s conocido. El <strong>puente de piedra sobre el Otava<\/strong> <strong>data del siglo XIII<\/strong> y es el puente conservado m\u00e1s antiguo de toda la Rep\u00fablica Checa. S\u00ed, m\u00e1s antiguo que el Puente de Carlos de Praga, aunque a los praguenses no les guste o\u00edrlo cuando lo digo. \ud83d\ude05 Pero no es solo cuesti\u00f3n del puente. En <strong>1887, P\u00edsek se convirti\u00f3 en la primera ciudad de Bohemia con alumbrado el\u00e9ctrico p\u00fablico<\/strong>: la central el\u00e9ctrica municipal de K\u0159i\u017e\u00edk ilumin\u00f3 la plaza local antes que Praga. Franti\u0161ek K\u0159i\u017e\u00edk prob\u00f3 precisamente aqu\u00ed su tecnolog\u00eda, en una peque\u00f1a ciudad del sur de Bohemia junto al aur\u00edfero Otava.<\/p>\n\n\n\n<p class=\"wp-block-paragraph\">Y ese Otava es el r\u00edo en torno al cual gira todo P\u00edsek. Aur\u00edfero, bonito, en verano lleno de pirag\u00fcistas y ba\u00f1istas. El poeta <strong>Fr\u00e1\u0148a \u0160r\u00e1mek<\/strong>, que vivi\u00f3 y cre\u00f3 aqu\u00ed, escrib\u00eda sobre \u00e9l de tal manera que dan ganas de sentarse ahora mismo en la orilla y dejar que el viento te alborote el pelo. Por cierto, si vienes con ni\u00f1os, no te pierdas las <strong>esculturas de arena<\/strong>, una muestra escult\u00f3rica en la propia orilla del Otava, donde cada a\u00f1o nacen enormes esculturas de arena que te dejan sin aliento. Es probablemente lo m\u00e1s fotog\u00e9nico que ver\u00e1s en P\u00edsek en primavera y verano.<\/p>\n\n\n\n<h2 class=\"wp-block-heading\"><span class=\"ez-toc-section\" id=\"Cuando_ir_a_Pisek_y_como_llegar\"><\/span>Cu\u00e1ndo ir a P\u00edsek y c\u00f3mo llegar<span class=\"ez-toc-section-end\"><\/span><\/h2>\n\n\n\n<figure data-wp-context=\"{&quot;imageId&quot;:&quot;6a952388ba914&quot;}\" data-wp-interactive=\"core\/image\" data-wp-key=\"6a952388ba914\" class=\"wp-block-image size-full wp-lightbox-container\"><img decoding=\"async\" width=\"2200\" height=\"1467\" data-wp-class--hide=\"state.isContentHidden\" data-wp-class--show=\"state.isContentVisible\" data-wp-init=\"callbacks.setButtonStyles\" data-wp-on--click=\"actions.showLightbox\" data-wp-on--load=\"callbacks.setButtonStyles\" data-wp-on--pointerdown=\"actions.preloadImage\" data-wp-on--pointerenter=\"actions.preloadImageWithDelay\" data-wp-on--pointerleave=\"actions.cancelPreload\" data-wp-on-window--resize=\"callbacks.setButtonStyles\" src=\"https:\/\/loudavymkrokem.cz\/wp-content\/uploads\/2026\/08\/pisek-kamenny-most-soumrak.jpg\" alt=\"El puente de piedra sobre el Otava al anochecer\" class=\"wp-image-399327\" title=\"\" srcset=\"https:\/\/loudavymkrokem.cz\/wp-content\/uploads\/2026\/08\/pisek-kamenny-most-soumrak.jpg 2200w, https:\/\/loudavymkrokem.cz\/wp-content\/uploads\/2026\/08\/pisek-kamenny-most-soumrak-300x200.jpg 300w, https:\/\/loudavymkrokem.cz\/wp-content\/uploads\/2026\/08\/pisek-kamenny-most-soumrak-700x467.jpg 700w, https:\/\/loudavymkrokem.cz\/wp-content\/uploads\/2026\/08\/pisek-kamenny-most-soumrak-768x512.jpg 768w, https:\/\/loudavymkrokem.cz\/wp-content\/uploads\/2026\/08\/pisek-kamenny-most-soumrak-1536x1024.jpg 1536w, https:\/\/loudavymkrokem.cz\/wp-content\/uploads\/2026\/08\/pisek-kamenny-most-soumrak-2048x1366.jpg 2048w, https:\/\/loudavymkrokem.cz\/wp-content\/uploads\/2026\/08\/pisek-kamenny-most-soumrak-696x464.jpg 696w, https:\/\/loudavymkrokem.cz\/wp-content\/uploads\/2026\/08\/pisek-kamenny-most-soumrak-1392x928.jpg 1392w, https:\/\/loudavymkrokem.cz\/wp-content\/uploads\/2026\/08\/pisek-kamenny-most-soumrak-1920x1280.jpg 1920w\" sizes=\"(max-width: 2200px) 100vw, 2200px\" \/><button\n\t\t\tclass=\"lightbox-trigger\"\n\t\t\ttype=\"button\"\n\t\t\taria-haspopup=\"dialog\"\n\t\t\tdata-wp-bind--aria-label=\"state.thisImage.triggerButtonAriaLabel\"\n\t\t\tdata-wp-init=\"callbacks.initTriggerButton\"\n\t\t\tdata-wp-on--click=\"actions.showLightbox\"\n\t\t\tdata-wp-style--right=\"state.thisImage.buttonRight\"\n\t\t\tdata-wp-style--top=\"state.thisImage.buttonTop\"\n\t\t>\n\t\t\t<svg xmlns=\"http:\/\/www.w3.org\/2000\/svg\" width=\"12\" height=\"12\" fill=\"none\" viewBox=\"0 0 12 12\">\n\t\t\t\t<path fill=\"#fff\" d=\"M2 0a2 2 0 0 0-2 2v2h1.5V2a.5.5 0 0 1 .5-.5h2V0H2Zm2 10.5H2a.5.5 0 0 1-.5-.5V8H0v2a2 2 0 0 0 2 2h2v-1.5ZM8 12v-1.5h2a.5.5 0 0 0 .5-.5V8H12v2a2 2 0 0 1-2 2H8Zm2-12a2 2 0 0 1 2 2v2h-1.5V2a.5.5 0 0 0-.5-.5H8V0h2Z\" \/>\n\t\t\t<\/svg>\n\t\t<\/button><\/figure>\n\n\n\n<p class=\"wp-block-paragraph\">P\u00edsek es precioso en cualquier \u00e9poca del a\u00f1o, y lo digo con la plena responsabilidad de quien ha vivido aqu\u00ed incluso esos grises y deprimentes noviembres. Pero cada estaci\u00f3n tiene lo suyo y depende de lo que busques.<\/p>\n\n\n\n<ul class=\"wp-block-list\">\n<li><strong>La primavera (abril-mayo)<\/strong> es probablemente mi \u00e9poca favorita. El parque Palack\u00e9ho sady florece, todo verdea junto al Otava y la ciudad despierta tras el invierno: las terrazas de las cafeter\u00edas abren, la gente sale a la calle y en el aire flota esa energ\u00eda fresca. Y, sobre todo, a finales de mayo se descubren en el paseo fluvial las nuevas y gigantescas <strong>esculturas de arena<\/strong>, este a\u00f1o ya por vig\u00e9sima vez, acompa\u00f1adas del festival familiar P\u00edskovi\u0161t\u011b. Teatro callejero, conciertos, talleres para ni\u00f1os, toda la ciudad vive. Uno de los fines de semana m\u00e1s bonitos del a\u00f1o.<\/li>\n\n\n\n<li><strong>El verano (junio-agosto)<\/strong> es para ba\u00f1arse en el Otava, hacer rutas en piragua, disfrutar de las fiestas de la ciudad y de las largas noches en las terrazas junto al r\u00edo. En junio se celebran los <strong>Dotkni se P\u00edsku<\/strong>, fiestas hist\u00f3ricas en pleno centro con caballeros, artesanos y mercados de \u00e9poca. En agosto llega el <strong>Festival Folcl\u00f3rico<\/strong>, al que acuden grupos de todo el mundo. Eso s\u00ed, cuenta con que en temporada alta hay m\u00e1s turistas en la ciudad (aunque, sin punto de comparaci\u00f3n, much\u00edsimos menos que en Krumlov, eso est\u00e1 claro).<\/li>\n\n\n\n<li><strong>El oto\u00f1o (septiembre-octubre)<\/strong>: un P\u00edsek dorado. Literalmente. Los \u00e1rboles del parque y a orillas del r\u00edo se ti\u00f1en de color, las nieblas matinales sobre el Otava parecen sacadas de una pel\u00edcula y hay menos turistas. Ideal para pasear a pie y visitar los monumentos con calma. Y a mediados de septiembre el centro se anima con el festival de m\u00fasica Cool v plot\u011b.<\/li>\n\n\n\n<li><strong>El invierno (noviembre-marzo)<\/strong>: ser\u00e9 sincera, P\u00edsek en invierno no es ning\u00fan Salzburgo navide\u00f1o. Pero el mercadillo de Adviento en la plaza Velk\u00e9 n\u00e1m\u011bst\u00ed tambi\u00e9n tiene su encanto, en los \u00faltimos a\u00f1os solemos tener incluso una pista de patinaje en la plaza, en Sladovna hace calor y hay un mont\u00f3n de programa para ni\u00f1os, y cuando cae la nieve y paseas por el puente&#8230; es simplemente un cuento de hadas.<\/li>\n<\/ul>\n\n\n\n<p class=\"wp-block-paragraph\"><strong>Lee tambi\u00e9n: <a href=\"https:\/\/loudavymkrokem.cz\/es\/vacaciones-republica-checa-mejores-lugares\/\" target=\"_blank\" data-type=\"link\" data-id=\"https:\/\/loudavymkrokem.cz\/kam-na-dovolenou-v-cesku\/\" rel=\"noreferrer noopener\">20 ideas para tus vacaciones en la Rep\u00fablica Checa<\/a><\/strong><\/p>\n\n\n\n<h3 class=\"wp-block-heading\"><span class=\"ez-toc-section\" id=\"Como_llegar_a_Pisek\"><\/span>C\u00f3mo llegar a P\u00edsek<span class=\"ez-toc-section-end\"><\/span><\/h3>\n\n\n\n<figure data-wp-context=\"{&quot;imageId&quot;:&quot;6a952388bbbca&quot;}\" data-wp-interactive=\"core\/image\" data-wp-key=\"6a952388bbbca\" class=\"wp-block-image size-full wp-lightbox-container\"><img decoding=\"async\" width=\"2200\" height=\"1467\" data-wp-class--hide=\"state.isContentHidden\" data-wp-class--show=\"state.isContentVisible\" data-wp-init=\"callbacks.setButtonStyles\" data-wp-on--click=\"actions.showLightbox\" data-wp-on--load=\"callbacks.setButtonStyles\" data-wp-on--pointerdown=\"actions.preloadImage\" data-wp-on--pointerenter=\"actions.preloadImageWithDelay\" data-wp-on--pointerleave=\"actions.cancelPreload\" data-wp-on-window--resize=\"callbacks.setButtonStyles\" src=\"https:\/\/loudavymkrokem.cz\/wp-content\/uploads\/2026\/08\/pisek-ulicka-vez-radnice.jpg\" alt=\"Callejuela del casco hist\u00f3rico de P\u00edsek con la torre del ayuntamiento\" class=\"wp-image-399384\" title=\"\" srcset=\"https:\/\/loudavymkrokem.cz\/wp-content\/uploads\/2026\/08\/pisek-ulicka-vez-radnice.jpg 2200w, https:\/\/loudavymkrokem.cz\/wp-content\/uploads\/2026\/08\/pisek-ulicka-vez-radnice-300x200.jpg 300w, https:\/\/loudavymkrokem.cz\/wp-content\/uploads\/2026\/08\/pisek-ulicka-vez-radnice-700x467.jpg 700w, https:\/\/loudavymkrokem.cz\/wp-content\/uploads\/2026\/08\/pisek-ulicka-vez-radnice-768x512.jpg 768w, https:\/\/loudavymkrokem.cz\/wp-content\/uploads\/2026\/08\/pisek-ulicka-vez-radnice-1536x1024.jpg 1536w, https:\/\/loudavymkrokem.cz\/wp-content\/uploads\/2026\/08\/pisek-ulicka-vez-radnice-2048x1366.jpg 2048w, https:\/\/loudavymkrokem.cz\/wp-content\/uploads\/2026\/08\/pisek-ulicka-vez-radnice-696x464.jpg 696w, https:\/\/loudavymkrokem.cz\/wp-content\/uploads\/2026\/08\/pisek-ulicka-vez-radnice-1392x928.jpg 1392w, https:\/\/loudavymkrokem.cz\/wp-content\/uploads\/2026\/08\/pisek-ulicka-vez-radnice-1920x1280.jpg 1920w\" sizes=\"(max-width: 2200px) 100vw, 2200px\" \/><button\n\t\t\tclass=\"lightbox-trigger\"\n\t\t\ttype=\"button\"\n\t\t\taria-haspopup=\"dialog\"\n\t\t\tdata-wp-bind--aria-label=\"state.thisImage.triggerButtonAriaLabel\"\n\t\t\tdata-wp-init=\"callbacks.initTriggerButton\"\n\t\t\tdata-wp-on--click=\"actions.showLightbox\"\n\t\t\tdata-wp-style--right=\"state.thisImage.buttonRight\"\n\t\t\tdata-wp-style--top=\"state.thisImage.buttonTop\"\n\t\t>\n\t\t\t<svg xmlns=\"http:\/\/www.w3.org\/2000\/svg\" width=\"12\" height=\"12\" fill=\"none\" viewBox=\"0 0 12 12\">\n\t\t\t\t<path fill=\"#fff\" d=\"M2 0a2 2 0 0 0-2 2v2h1.5V2a.5.5 0 0 1 .5-.5h2V0H2Zm2 10.5H2a.5.5 0 0 1-.5-.5V8H0v2a2 2 0 0 0 2 2h2v-1.5ZM8 12v-1.5h2a.5.5 0 0 0 .5-.5V8H12v2a2 2 0 0 1-2 2H8Zm2-12a2 2 0 0 1 2 2v2h-1.5V2a.5.5 0 0 0-.5-.5H8V0h2Z\" \/>\n\t\t\t<\/svg>\n\t\t<\/button><\/figure>\n\n\n\n<p class=\"wp-block-paragraph\">Si llegas desde Espa\u00f1a, lo habitual es volar a Praga (por ejemplo con Vueling o Ryanair desde Madrid o Barcelona) y desde all\u00ed continuar a P\u00edsek. <strong>En autob\u00fas desde Praga<\/strong> es quiz\u00e1 la opci\u00f3n m\u00e1s c\u00f3moda. <strong>RegioJet<\/strong> sale de la parada Na Kn\u00ed\u017eec\u00ed y el trayecto dura unos <strong>70 minutos<\/strong>. El billete cuesta entre <strong>5 y 9 \u20ac (120\u2013220 CZK)<\/strong> seg\u00fan con cu\u00e1nta antelaci\u00f3n lo compres. Hay bastantes conexiones, as\u00ed que se puede hacer incluso una excursi\u00f3n de un d\u00eda.<\/p>\n\n\n\n<p class=\"wp-block-paragraph\"><strong>En tren<\/strong>, por desgracia, la cosa no es tan buena: no hay conexi\u00f3n directa, tienes que hacer transbordo (normalmente en T\u00e1bor o en Protiv\u00edn) y el viaje, con el cambio incluido, dura entre 2,5 y 3 horas. Si no te van los trenes locales con transbordos, elige el autob\u00fas.<\/p>\n\n\n\n<p class=\"wp-block-paragraph\"><strong>En coche desde Praga<\/strong> son <strong>104 km<\/strong>, aproximadamente una hora por la autopista D4 (que por fin est\u00e1 terminada, gracias a Dios). Aparcar en el centro puede ser un poco de batalla, pero puedes usar el parking junto al recinto ferial.<\/p>\n\n\n\n<h2 class=\"wp-block-heading\"><span class=\"ez-toc-section\" id=\"Donde_alojarse_en_Pisek_y_cuanto_cuesta\"><\/span>D\u00f3nde alojarse en P\u00edsek y cu\u00e1nto cuesta<span class=\"ez-toc-section-end\"><\/span><\/h2>\n\n\n\n<figure data-wp-context=\"{&quot;imageId&quot;:&quot;6a952388bc536&quot;}\" data-wp-interactive=\"core\/image\" data-wp-key=\"6a952388bc536\" class=\"wp-block-image size-full wp-lightbox-container\"><img decoding=\"async\" width=\"2200\" height=\"1467\" data-wp-class--hide=\"state.isContentHidden\" data-wp-class--show=\"state.isContentVisible\" data-wp-init=\"callbacks.setButtonStyles\" data-wp-on--click=\"actions.showLightbox\" data-wp-on--load=\"callbacks.setButtonStyles\" data-wp-on--pointerdown=\"actions.preloadImage\" data-wp-on--pointerenter=\"actions.preloadImageWithDelay\" data-wp-on--pointerleave=\"actions.cancelPreload\" data-wp-on-window--resize=\"callbacks.setButtonStyles\" src=\"https:\/\/loudavymkrokem.cz\/wp-content\/uploads\/2026\/08\/pisek-fontana-hotel-otava.jpg\" alt=\"Fuente en el centro de P\u00edsek con el Hotel Otava al fondo\" class=\"wp-image-399365\" title=\"\" srcset=\"https:\/\/loudavymkrokem.cz\/wp-content\/uploads\/2026\/08\/pisek-fontana-hotel-otava.jpg 2200w, https:\/\/loudavymkrokem.cz\/wp-content\/uploads\/2026\/08\/pisek-fontana-hotel-otava-300x200.jpg 300w, https:\/\/loudavymkrokem.cz\/wp-content\/uploads\/2026\/08\/pisek-fontana-hotel-otava-700x467.jpg 700w, https:\/\/loudavymkrokem.cz\/wp-content\/uploads\/2026\/08\/pisek-fontana-hotel-otava-768x512.jpg 768w, https:\/\/loudavymkrokem.cz\/wp-content\/uploads\/2026\/08\/pisek-fontana-hotel-otava-1536x1024.jpg 1536w, https:\/\/loudavymkrokem.cz\/wp-content\/uploads\/2026\/08\/pisek-fontana-hotel-otava-2048x1366.jpg 2048w, https:\/\/loudavymkrokem.cz\/wp-content\/uploads\/2026\/08\/pisek-fontana-hotel-otava-696x464.jpg 696w, https:\/\/loudavymkrokem.cz\/wp-content\/uploads\/2026\/08\/pisek-fontana-hotel-otava-1392x928.jpg 1392w, https:\/\/loudavymkrokem.cz\/wp-content\/uploads\/2026\/08\/pisek-fontana-hotel-otava-1920x1280.jpg 1920w\" sizes=\"(max-width: 2200px) 100vw, 2200px\" \/><button\n\t\t\tclass=\"lightbox-trigger\"\n\t\t\ttype=\"button\"\n\t\t\taria-haspopup=\"dialog\"\n\t\t\tdata-wp-bind--aria-label=\"state.thisImage.triggerButtonAriaLabel\"\n\t\t\tdata-wp-init=\"callbacks.initTriggerButton\"\n\t\t\tdata-wp-on--click=\"actions.showLightbox\"\n\t\t\tdata-wp-style--right=\"state.thisImage.buttonRight\"\n\t\t\tdata-wp-style--top=\"state.thisImage.buttonTop\"\n\t\t>\n\t\t\t<svg xmlns=\"http:\/\/www.w3.org\/2000\/svg\" width=\"12\" height=\"12\" fill=\"none\" viewBox=\"0 0 12 12\">\n\t\t\t\t<path fill=\"#fff\" d=\"M2 0a2 2 0 0 0-2 2v2h1.5V2a.5.5 0 0 1 .5-.5h2V0H2Zm2 10.5H2a.5.5 0 0 1-.5-.5V8H0v2a2 2 0 0 0 2 2h2v-1.5ZM8 12v-1.5h2a.5.5 0 0 0 .5-.5V8H12v2a2 2 0 0 1-2 2H8Zm2-12a2 2 0 0 1 2 2v2h-1.5V2a.5.5 0 0 0-.5-.5H8V0h2Z\" \/>\n\t\t\t<\/svg>\n\t\t<\/button><\/figure>\n\n\n\n<p class=\"wp-block-paragraph\">P\u00edsek no es Praga, as\u00ed que los precios del alojamiento no te van a provocar un infarto, pero tampoco encontrar\u00e1s veinte hoteles de cinco estrellas. La oferta es m\u00e1s reducida, pero decente: desde apartamentos hasta hoteles con restaurante.<\/p>\n\n\n\n<p class=\"wp-block-paragraph\"><strong><a class=\"thirstylink\" rel=\"nofollow\" target=\"_blank\" title=\"Hotel Biograf P\u00edsek\" href=\"https:\/\/loudavymkrokem.cz\/doporucujeme\/hotel-biograf-pisek\/\" data-shortcode=\"true\"><a href=\"https:\/\/www.stay22.com\/allez\/roam?aid=lukaskonecny&amp;campaign=loudavymkrokemcz&amp;campaign=co-videt-v-pisku&amp;hotelname=Hotel%20Biograf&amp;address=P%C3%ADsek%2C%20%C4%8Cesko\" target=\"_blank\" rel=\"noopener nofollow sponsored\">Hotel Biograf<\/a><\/a><\/strong> es probablemente la direcci\u00f3n m\u00e1s conocida de la ciudad: <strong>4 estrellas<\/strong>, reformado con estilo moderno, ubicado en el edificio de un antiguo cine (de ah\u00ed el nombre). En Booking tiene una valoraci\u00f3n de <strong>8,6\/10<\/strong>, las habitaciones son limpias y c\u00f3modas y el desayuno es s\u00f3lido. Tambi\u00e9n cuenta con sauna finlandesa y masajes.<\/p>\n\n\n\n<p class=\"wp-block-paragraph\"><strong><a class=\"thirstylink\" rel=\"nofollow\" target=\"_blank\" title=\"Hotel U Kapli\u010dky\" href=\"https:\/\/loudavymkrokem.cz\/doporucujeme\/hotel-u-kaplicky\/\" data-shortcode=\"true\"><a href=\"https:\/\/www.stay22.com\/allez\/roam?aid=lukaskonecny&amp;campaign=loudavymkrokemcz&amp;campaign=co-videt-v-pisku&amp;hotelname=Hotel%20U%20Kapli%C4%8Dky&amp;address=P%C3%ADsek%2C%20%C4%8Cesko\" target=\"_blank\" rel=\"noopener nofollow sponsored\">Hotel U Kapli\u010dky<\/a><\/a><\/strong> es una opci\u00f3n m\u00e1s cl\u00e1sica, con un ambiente agradable y, sobre todo, con el restaurante <strong>Chapelle<\/strong>, uno de los mejores de la ciudad y con el sello \u00abMichelin Selected\u00bb (pero de la comida hablaremos m\u00e1s adelante).<\/p>\n\n\n\n<p class=\"wp-block-paragraph\">Si quieres ahorrar o viajas en grupo grande, en P\u00edsek encontrar\u00e1s <strong>apartamentos desde unos 23 \u20ac por noche (550 CZK)<\/strong>, un precio realmente razonable. Las pensiones rondan los <strong>48 \u20ac por noche (1160 CZK)<\/strong> por una habitaci\u00f3n doble. Echa un vistazo, por ejemplo, a la <strong><a class=\"thirstylink\" rel=\"nofollow\" target=\"_blank\" title=\"Rezidence u Kamenn\u00e9ho mostu\" href=\"https:\/\/loudavymkrokem.cz\/doporucujeme\/rezidence-u-kamenneho-mostu\/\" data-shortcode=\"true\">Rezidence U Kamenn\u00e9ho mostu<\/a>, <a class=\"thirstylink\" rel=\"nofollow\" target=\"_blank\" title=\"Soho Apartment\" href=\"https:\/\/loudavymkrokem.cz\/doporucujeme\/soho-apartment\/\" data-shortcode=\"true\"><a href=\"https:\/\/www.stay22.com\/allez\/roam?aid=lukaskonecny&amp;campaign=loudavymkrokemcz&amp;campaign=co-videt-v-pisku&amp;hotelname=Soho%20apartment&amp;address=P%C3%ADsek%2C%20%C4%8Cesko\" target=\"_blank\" rel=\"noopener nofollow sponsored\">Soho apartment<\/a><\/a>.<\/strong><\/p>\n\n\n\n<p class=\"wp-block-paragraph\">Te recomiendo reservar con antelaci\u00f3n sobre todo en verano y durante los festivales, cuando las plazas se llenan r\u00e1pido.<\/p>\n\n\n\n<h2 class=\"wp-block-heading\"><span class=\"ez-toc-section\" id=\"Que_ver_en_Pisek_39_ideas_de_monumentos_y_lugares_interesantes\"><\/span>Qu\u00e9 ver en P\u00edsek: 39 ideas de monumentos y lugares interesantes<span class=\"ez-toc-section-end\"><\/span><\/h2>\n\n\n\n<figure data-wp-context=\"{&quot;imageId&quot;:&quot;6a952388c0d66&quot;}\" data-wp-interactive=\"core\/image\" data-wp-key=\"6a952388c0d66\" class=\"wp-block-image size-full wp-lightbox-container\"><img decoding=\"async\" width=\"2200\" height=\"1467\" data-wp-class--hide=\"state.isContentHidden\" data-wp-class--show=\"state.isContentVisible\" data-wp-init=\"callbacks.setButtonStyles\" data-wp-on--click=\"actions.showLightbox\" data-wp-on--load=\"callbacks.setButtonStyles\" data-wp-on--pointerdown=\"actions.preloadImage\" data-wp-on--pointerenter=\"actions.preloadImageWithDelay\" data-wp-on--pointerleave=\"actions.cancelPreload\" data-wp-on-window--resize=\"callbacks.setButtonStyles\" src=\"https:\/\/loudavymkrokem.cz\/wp-content\/uploads\/2026\/08\/pisek-vyhled-z-veze-velke-namesti.jpg\" alt=\"Vistas desde la torre de la iglesia a los tejados y a la plaza Velk\u00e9 n\u00e1m\u011bst\u00ed de P\u00edsek\" class=\"wp-image-399535\" title=\"\" srcset=\"https:\/\/loudavymkrokem.cz\/wp-content\/uploads\/2026\/08\/pisek-vyhled-z-veze-velke-namesti.jpg 2200w, https:\/\/loudavymkrokem.cz\/wp-content\/uploads\/2026\/08\/pisek-vyhled-z-veze-velke-namesti-300x200.jpg 300w, https:\/\/loudavymkrokem.cz\/wp-content\/uploads\/2026\/08\/pisek-vyhled-z-veze-velke-namesti-700x467.jpg 700w, https:\/\/loudavymkrokem.cz\/wp-content\/uploads\/2026\/08\/pisek-vyhled-z-veze-velke-namesti-768x512.jpg 768w, https:\/\/loudavymkrokem.cz\/wp-content\/uploads\/2026\/08\/pisek-vyhled-z-veze-velke-namesti-1536x1024.jpg 1536w, https:\/\/loudavymkrokem.cz\/wp-content\/uploads\/2026\/08\/pisek-vyhled-z-veze-velke-namesti-2048x1366.jpg 2048w, https:\/\/loudavymkrokem.cz\/wp-content\/uploads\/2026\/08\/pisek-vyhled-z-veze-velke-namesti-696x464.jpg 696w, https:\/\/loudavymkrokem.cz\/wp-content\/uploads\/2026\/08\/pisek-vyhled-z-veze-velke-namesti-1392x928.jpg 1392w, https:\/\/loudavymkrokem.cz\/wp-content\/uploads\/2026\/08\/pisek-vyhled-z-veze-velke-namesti-1920x1280.jpg 1920w\" sizes=\"(max-width: 2200px) 100vw, 2200px\" \/><button\n\t\t\tclass=\"lightbox-trigger\"\n\t\t\ttype=\"button\"\n\t\t\taria-haspopup=\"dialog\"\n\t\t\tdata-wp-bind--aria-label=\"state.thisImage.triggerButtonAriaLabel\"\n\t\t\tdata-wp-init=\"callbacks.initTriggerButton\"\n\t\t\tdata-wp-on--click=\"actions.showLightbox\"\n\t\t\tdata-wp-style--right=\"state.thisImage.buttonRight\"\n\t\t\tdata-wp-style--top=\"state.thisImage.buttonTop\"\n\t\t>\n\t\t\t<svg xmlns=\"http:\/\/www.w3.org\/2000\/svg\" width=\"12\" height=\"12\" fill=\"none\" viewBox=\"0 0 12 12\">\n\t\t\t\t<path fill=\"#fff\" d=\"M2 0a2 2 0 0 0-2 2v2h1.5V2a.5.5 0 0 1 .5-.5h2V0H2Zm2 10.5H2a.5.5 0 0 1-.5-.5V8H0v2a2 2 0 0 0 2 2h2v-1.5ZM8 12v-1.5h2a.5.5 0 0 0 .5-.5V8H12v2a2 2 0 0 1-2 2H8Zm2-12a2 2 0 0 1 2 2v2h-1.5V2a.5.5 0 0 0-.5-.5H8V0h2Z\" \/>\n\t\t\t<\/svg>\n\t\t<\/button><\/figure>\n\n\n\n<p class=\"wp-block-paragraph\">Y ahora lo importante, por lo que en realidad has abierto este art\u00edculo. \ud83d\ude01 He preparado una lista de <strong>39 lugares, monumentos y curiosidades<\/strong> que vale la pena ver en P\u00edsek. Algunos los conoces de las postales, otros quiz\u00e1 te sorprendan. He intentado no pensar solo en los grandes destinos tur\u00edsticos, sino a\u00f1adir tambi\u00e9n esos rincones discretos por los que los turistas pasan sin darse cuenta y que, sin embargo, tienen su historia.<\/p>\n\n\n\n<p class=\"wp-block-paragraph\">P\u00edsek es sorprendentemente rico en monumentos y curiosidades, y esta es mi gu\u00eda personal, por la que respondo. <strong>As\u00ed que ven, empezaremos por el puente.<\/strong><\/p>\n\n\n\n<h3 class=\"wp-block-heading\"><span class=\"ez-toc-section\" id=\"1_Puente_de_piedra_Jeleni_most_el_puente_de_piedra_mas_antiguo_de_la_Republica_Checa\"><\/span>1. Puente de piedra (Jelen\u00ed most): el puente de piedra m\u00e1s antiguo de la Rep\u00fablica Checa<span class=\"ez-toc-section-end\"><\/span><\/h3>\n\n\n\n<figure data-wp-context=\"{&quot;imageId&quot;:&quot;6a952388c13e6&quot;}\" data-wp-interactive=\"core\/image\" data-wp-key=\"6a952388c13e6\" class=\"wp-block-image size-full wp-lightbox-container\"><img decoding=\"async\" width=\"2200\" height=\"1467\" data-wp-class--hide=\"state.isContentHidden\" data-wp-class--show=\"state.isContentVisible\" data-wp-init=\"callbacks.setButtonStyles\" data-wp-on--click=\"actions.showLightbox\" data-wp-on--load=\"callbacks.setButtonStyles\" data-wp-on--pointerdown=\"actions.preloadImage\" data-wp-on--pointerenter=\"actions.preloadImageWithDelay\" data-wp-on--pointerleave=\"actions.cancelPreload\" data-wp-on-window--resize=\"callbacks.setButtonStyles\" src=\"https:\/\/loudavymkrokem.cz\/wp-content\/uploads\/2026\/08\/pisek-kamenny-most-sochy.jpg\" alt=\"El puente de piedra de P\u00edsek con esculturas barrocas de santos\" class=\"wp-image-399324\" title=\"\" srcset=\"https:\/\/loudavymkrokem.cz\/wp-content\/uploads\/2026\/08\/pisek-kamenny-most-sochy.jpg 2200w, https:\/\/loudavymkrokem.cz\/wp-content\/uploads\/2026\/08\/pisek-kamenny-most-sochy-300x200.jpg 300w, https:\/\/loudavymkrokem.cz\/wp-content\/uploads\/2026\/08\/pisek-kamenny-most-sochy-700x467.jpg 700w, https:\/\/loudavymkrokem.cz\/wp-content\/uploads\/2026\/08\/pisek-kamenny-most-sochy-768x512.jpg 768w, https:\/\/loudavymkrokem.cz\/wp-content\/uploads\/2026\/08\/pisek-kamenny-most-sochy-1536x1024.jpg 1536w, https:\/\/loudavymkrokem.cz\/wp-content\/uploads\/2026\/08\/pisek-kamenny-most-sochy-2048x1366.jpg 2048w, https:\/\/loudavymkrokem.cz\/wp-content\/uploads\/2026\/08\/pisek-kamenny-most-sochy-696x464.jpg 696w, https:\/\/loudavymkrokem.cz\/wp-content\/uploads\/2026\/08\/pisek-kamenny-most-sochy-1392x928.jpg 1392w, https:\/\/loudavymkrokem.cz\/wp-content\/uploads\/2026\/08\/pisek-kamenny-most-sochy-1920x1280.jpg 1920w\" sizes=\"(max-width: 2200px) 100vw, 2200px\" \/><button\n\t\t\tclass=\"lightbox-trigger\"\n\t\t\ttype=\"button\"\n\t\t\taria-haspopup=\"dialog\"\n\t\t\tdata-wp-bind--aria-label=\"state.thisImage.triggerButtonAriaLabel\"\n\t\t\tdata-wp-init=\"callbacks.initTriggerButton\"\n\t\t\tdata-wp-on--click=\"actions.showLightbox\"\n\t\t\tdata-wp-style--right=\"state.thisImage.buttonRight\"\n\t\t\tdata-wp-style--top=\"state.thisImage.buttonTop\"\n\t\t>\n\t\t\t<svg xmlns=\"http:\/\/www.w3.org\/2000\/svg\" width=\"12\" height=\"12\" fill=\"none\" viewBox=\"0 0 12 12\">\n\t\t\t\t<path fill=\"#fff\" d=\"M2 0a2 2 0 0 0-2 2v2h1.5V2a.5.5 0 0 1 .5-.5h2V0H2Zm2 10.5H2a.5.5 0 0 1-.5-.5V8H0v2a2 2 0 0 0 2 2h2v-1.5ZM8 12v-1.5h2a.5.5 0 0 0 .5-.5V8H12v2a2 2 0 0 1-2 2H8Zm2-12a2 2 0 0 1 2 2v2h-1.5V2a.5.5 0 0 0-.5-.5H8V0h2Z\" \/>\n\t\t\t<\/svg>\n\t\t<\/button><\/figure>\n\n\n\n<p class=\"wp-block-paragraph\">Este es el lugar por el que la mayor\u00eda de la gente viene a P\u00edsek, y no se lo reprocho en absoluto. El <strong>puente de piedra sobre el Otava<\/strong> data del <strong>siglo XIII<\/strong>, mide <strong>casi 110 metros<\/strong>, tiene <strong>7 arcos<\/strong> y es, sencillamente, el puente de piedra conservado m\u00e1s antiguo de toda la Rep\u00fablica Checa. El Puente de Carlos de Praga es m\u00e1s joven y s\u00ed, lo repito en cada ocasi\u00f3n, porque me da gusto. \ud83d\ude0a<\/p>\n\n\n\n<p class=\"wp-block-paragraph\">El puente est\u00e1 decorado con <strong>copias de esculturas barrocas de santos<\/strong> (los originales ya est\u00e1n a buen recaudo), que se a\u00f1adieron m\u00e1s tarde, y toda la estampa \u2014los arcos de piedra, el Otava por debajo, la ciudad a ambas orillas\u2014 es una de las m\u00e1s bonitas del sur de Bohemia. \u00bfY sabes cu\u00e1ndo est\u00e1 m\u00e1s precioso? <strong>Muy temprano por la ma\u00f1ana, cuando la niebla se extiende sobre el r\u00edo.<\/strong> El puente emerge de la bruma como en una novela hist\u00f3rica y ah\u00ed est\u00e1s completamente solo, porque a las seis de la ma\u00f1ana no hay absolutamente nadie m\u00e1s. El segundo mejor momento es <strong>al atardecer<\/strong>, cuando la superficie del Otava se ti\u00f1e de naranja. Lleva la c\u00e1mara.<\/p>\n\n\n\n<p class=\"wp-block-paragraph\">El acceso es, por supuesto, <strong>gratuito, las 24 horas, los 7 d\u00edas de la semana<\/strong>. Es un puente, simplemente lo cruzas. Solo t\u00fa, las viejas piedras y el r\u00edo bajo tus pies. A veces pienso que es el lugar donde P\u00edsek es m\u00e1s \u00e9l mismo.<\/p>\n\n\n\n<h3 class=\"wp-block-heading\"><span class=\"ez-toc-section\" id=\"2_Puerta_de_Putim_y_la_calle_de_Frana_Sramek\"><\/span>2. Puerta de Putim y la calle de Fr\u00e1\u0148a \u0160r\u00e1mek<span class=\"ez-toc-section-end\"><\/span><\/h3>\n\n\n\n<figure data-wp-context=\"{&quot;imageId&quot;:&quot;6a952388c1b17&quot;}\" data-wp-interactive=\"core\/image\" data-wp-key=\"6a952388c1b17\" class=\"wp-block-image size-full wp-lightbox-container\"><img decoding=\"async\" width=\"2200\" height=\"1467\" data-wp-class--hide=\"state.isContentHidden\" data-wp-class--show=\"state.isContentVisible\" data-wp-init=\"callbacks.setButtonStyles\" data-wp-on--click=\"actions.showLightbox\" data-wp-on--load=\"callbacks.setButtonStyles\" data-wp-on--pointerdown=\"actions.preloadImage\" data-wp-on--pointerenter=\"actions.preloadImageWithDelay\" data-wp-on--pointerleave=\"actions.cancelPreload\" data-wp-on-window--resize=\"callbacks.setButtonStyles\" src=\"https:\/\/loudavymkrokem.cz\/wp-content\/uploads\/2026\/08\/pisek-basta-putimska-brana.jpg\" alt=\"Basti\u00f3n de la muralla junto a la antigua puerta de Putim en P\u00edsek\" class=\"wp-image-399337\" title=\"\" srcset=\"https:\/\/loudavymkrokem.cz\/wp-content\/uploads\/2026\/08\/pisek-basta-putimska-brana.jpg 2200w, https:\/\/loudavymkrokem.cz\/wp-content\/uploads\/2026\/08\/pisek-basta-putimska-brana-300x200.jpg 300w, https:\/\/loudavymkrokem.cz\/wp-content\/uploads\/2026\/08\/pisek-basta-putimska-brana-700x467.jpg 700w, https:\/\/loudavymkrokem.cz\/wp-content\/uploads\/2026\/08\/pisek-basta-putimska-brana-768x512.jpg 768w, https:\/\/loudavymkrokem.cz\/wp-content\/uploads\/2026\/08\/pisek-basta-putimska-brana-1536x1024.jpg 1536w, https:\/\/loudavymkrokem.cz\/wp-content\/uploads\/2026\/08\/pisek-basta-putimska-brana-2048x1366.jpg 2048w, https:\/\/loudavymkrokem.cz\/wp-content\/uploads\/2026\/08\/pisek-basta-putimska-brana-696x464.jpg 696w, https:\/\/loudavymkrokem.cz\/wp-content\/uploads\/2026\/08\/pisek-basta-putimska-brana-1392x928.jpg 1392w, https:\/\/loudavymkrokem.cz\/wp-content\/uploads\/2026\/08\/pisek-basta-putimska-brana-1920x1280.jpg 1920w\" sizes=\"(max-width: 2200px) 100vw, 2200px\" \/><button\n\t\t\tclass=\"lightbox-trigger\"\n\t\t\ttype=\"button\"\n\t\t\taria-haspopup=\"dialog\"\n\t\t\tdata-wp-bind--aria-label=\"state.thisImage.triggerButtonAriaLabel\"\n\t\t\tdata-wp-init=\"callbacks.initTriggerButton\"\n\t\t\tdata-wp-on--click=\"actions.showLightbox\"\n\t\t\tdata-wp-style--right=\"state.thisImage.buttonRight\"\n\t\t\tdata-wp-style--top=\"state.thisImage.buttonTop\"\n\t\t>\n\t\t\t<svg xmlns=\"http:\/\/www.w3.org\/2000\/svg\" width=\"12\" height=\"12\" fill=\"none\" viewBox=\"0 0 12 12\">\n\t\t\t\t<path fill=\"#fff\" d=\"M2 0a2 2 0 0 0-2 2v2h1.5V2a.5.5 0 0 1 .5-.5h2V0H2Zm2 10.5H2a.5.5 0 0 1-.5-.5V8H0v2a2 2 0 0 0 2 2h2v-1.5ZM8 12v-1.5h2a.5.5 0 0 0 .5-.5V8H12v2a2 2 0 0 1-2 2H8Zm2-12a2 2 0 0 1 2 2v2h-1.5V2a.5.5 0 0 0-.5-.5H8V0h2Z\" \/>\n\t\t\t<\/svg>\n\t\t<\/button><\/figure>\n\n\n\n<p class=\"wp-block-paragraph\">\u00ab<em>Cuando yo cruzaba aquella puerta de Putim\u2026<\/em>\u00bb: esta canci\u00f3n popular la conoce casi cualquier checo. Y ahora quiz\u00e1 te sorprenda: <strong>la puerta en s\u00ed ya no existe hace mucho<\/strong>. La torre se demoli\u00f3 en 1812 y el resto desapareci\u00f3 antes de 1836. Pero qued\u00f3 el lugar donde estaba la puerta y, sobre todo, un tramo de la <strong>muralla medieval<\/strong> con parc\u00e1n y un basti\u00f3n semicircular, conservado en una extensi\u00f3n bastante impresionante.<\/p>\n\n\n\n<p class=\"wp-block-paragraph\">Muy cerca de aqu\u00ed, en la fachada de la casa n\u00ba 154 de la calle Putimsk\u00e1, encontrar\u00e1s un relieve conocido como <strong>\u00ablas dos mu\u00f1ecas\u00bb<\/strong>: figuras talladas que, seg\u00fan dicen, aluden precisamente a esa famosa canci\u00f3n. Todo el lugar tiene un ambiente tranquilo, un poco nost\u00e1lgico, que te invita a bajar el ritmo, aunque pases a menudo por aqu\u00ed.<\/p>\n\n\n\n<h3 class=\"wp-block-heading\"><span class=\"ez-toc-section\" id=\"3_El_castillo_la_muralla_y_el_Museo_de_Prachen\"><\/span>3. El castillo, la muralla y el Museo de Pr\u00e1che\u0148<span class=\"ez-toc-section-end\"><\/span><\/h3>\n\n\n\n<figure data-wp-context=\"{&quot;imageId&quot;:&quot;6a952388c20b6&quot;}\" data-wp-interactive=\"core\/image\" data-wp-key=\"6a952388c20b6\" class=\"wp-block-image size-full wp-lightbox-container\"><img decoding=\"async\" width=\"2200\" height=\"1467\" data-wp-class--hide=\"state.isContentHidden\" data-wp-class--show=\"state.isContentVisible\" data-wp-init=\"callbacks.setButtonStyles\" data-wp-on--click=\"actions.showLightbox\" data-wp-on--load=\"callbacks.setButtonStyles\" data-wp-on--pointerdown=\"actions.preloadImage\" data-wp-on--pointerenter=\"actions.preloadImageWithDelay\" data-wp-on--pointerleave=\"actions.cancelPreload\" data-wp-on-window--resize=\"callbacks.setButtonStyles\" src=\"https:\/\/loudavymkrokem.cz\/wp-content\/uploads\/2026\/08\/pisek-hrad-hradby.jpg\" alt=\"Muros del castillo de P\u00edsek sobre el r\u00edo Otava\" class=\"wp-image-399339\" title=\"\" srcset=\"https:\/\/loudavymkrokem.cz\/wp-content\/uploads\/2026\/08\/pisek-hrad-hradby.jpg 2200w, https:\/\/loudavymkrokem.cz\/wp-content\/uploads\/2026\/08\/pisek-hrad-hradby-300x200.jpg 300w, https:\/\/loudavymkrokem.cz\/wp-content\/uploads\/2026\/08\/pisek-hrad-hradby-700x467.jpg 700w, https:\/\/loudavymkrokem.cz\/wp-content\/uploads\/2026\/08\/pisek-hrad-hradby-768x512.jpg 768w, https:\/\/loudavymkrokem.cz\/wp-content\/uploads\/2026\/08\/pisek-hrad-hradby-1536x1024.jpg 1536w, https:\/\/loudavymkrokem.cz\/wp-content\/uploads\/2026\/08\/pisek-hrad-hradby-2048x1366.jpg 2048w, https:\/\/loudavymkrokem.cz\/wp-content\/uploads\/2026\/08\/pisek-hrad-hradby-696x464.jpg 696w, https:\/\/loudavymkrokem.cz\/wp-content\/uploads\/2026\/08\/pisek-hrad-hradby-1392x928.jpg 1392w, https:\/\/loudavymkrokem.cz\/wp-content\/uploads\/2026\/08\/pisek-hrad-hradby-1920x1280.jpg 1920w\" sizes=\"(max-width: 2200px) 100vw, 2200px\" \/><button\n\t\t\tclass=\"lightbox-trigger\"\n\t\t\ttype=\"button\"\n\t\t\taria-haspopup=\"dialog\"\n\t\t\tdata-wp-bind--aria-label=\"state.thisImage.triggerButtonAriaLabel\"\n\t\t\tdata-wp-init=\"callbacks.initTriggerButton\"\n\t\t\tdata-wp-on--click=\"actions.showLightbox\"\n\t\t\tdata-wp-style--right=\"state.thisImage.buttonRight\"\n\t\t\tdata-wp-style--top=\"state.thisImage.buttonTop\"\n\t\t>\n\t\t\t<svg xmlns=\"http:\/\/www.w3.org\/2000\/svg\" width=\"12\" height=\"12\" fill=\"none\" viewBox=\"0 0 12 12\">\n\t\t\t\t<path fill=\"#fff\" d=\"M2 0a2 2 0 0 0-2 2v2h1.5V2a.5.5 0 0 1 .5-.5h2V0H2Zm2 10.5H2a.5.5 0 0 1-.5-.5V8H0v2a2 2 0 0 0 2 2h2v-1.5ZM8 12v-1.5h2a.5.5 0 0 0 .5-.5V8H12v2a2 2 0 0 1-2 2H8Zm2-12a2 2 0 0 1 2 2v2h-1.5V2a.5.5 0 0 0-.5-.5H8V0h2Z\" \/>\n\t\t\t<\/svg>\n\t\t<\/button><\/figure>\n\n\n\n<p class=\"wp-block-paragraph\">El castillo de P\u00edsek es una de esas cosas ante las que los lugare\u00f1os dicen \u00abbueno, s\u00ed, un castillo\u00bb y los turistas se quedan boquiabiertos. Es de estilo <strong>g\u00f3tico temprano<\/strong>, lo mand\u00f3 construir <strong>P\u0159emysl Otakar II<\/strong> y se alza sobre un espol\u00f3n rocoso junto al Otava de tal manera que, desde algunos \u00e1ngulos, parece que hubiera crecido de la propia roca. Hoy alberga el <strong>Museo de Pr\u00e1che\u0148<\/strong>, que \u2014y ahora ag\u00e1rrate\u2014 obtuvo un premio especial en el prestigioso concurso Museo Europeo del A\u00f1o. \u00a1En P\u00edsek! A veces me pregunto si la gente se dar\u00e1 cuenta siquiera.<\/p>\n\n\n\n<p class=\"wp-block-paragraph\">Las exposiciones son sorprendentemente variadas. Desde la arqueolog\u00eda, pasando por el arte medieval, hasta la etnograf\u00eda. A m\u00ed personalmente siempre me gusta el lapidario g\u00f3tico, pero si vienes con ni\u00f1os apreciar\u00e1n m\u00e1s las partes interactivas. Y el propio espacio del castillo es una experiencia: salas de piedra, techos abovedados, pasadizos en la muralla.<\/p>\n\n\n\n<p class=\"wp-block-paragraph\"><strong>Informaci\u00f3n pr\u00e1ctica:<\/strong> horario <strong>marzo-septiembre 9:00-18:00<\/strong>, <strong>octubre-diciembre 9:00-17:00<\/strong>. Entrada <strong>adultos 60 CZK (2,50 \u20ac)<\/strong>, <strong>ni\u00f1os 30 CZK (1,20 \u20ac)<\/strong>, <strong>entrada familiar 150 CZK (6 \u20ac)<\/strong>. Por ese dinero es una de las mejores relaciones precio\/experiencia de la ciudad.<\/p>\n\n\n\n<h3 class=\"wp-block-heading\"><span class=\"ez-toc-section\" id=\"4_La_central_electrica_municipal_de_Krizik\"><\/span>4. La central el\u00e9ctrica municipal de K\u0159i\u017e\u00edk<span class=\"ez-toc-section-end\"><\/span><\/h3>\n\n\n\n<figure data-wp-context=\"{&quot;imageId&quot;:&quot;6a952388c26a9&quot;}\" data-wp-interactive=\"core\/image\" data-wp-key=\"6a952388c26a9\" class=\"wp-block-image size-full wp-lightbox-container\"><img decoding=\"async\" width=\"2200\" height=\"1467\" data-wp-class--hide=\"state.isContentHidden\" data-wp-class--show=\"state.isContentVisible\" data-wp-init=\"callbacks.setButtonStyles\" data-wp-on--click=\"actions.showLightbox\" data-wp-on--load=\"callbacks.setButtonStyles\" data-wp-on--pointerdown=\"actions.preloadImage\" data-wp-on--pointerenter=\"actions.preloadImageWithDelay\" data-wp-on--pointerleave=\"actions.cancelPreload\" data-wp-on-window--resize=\"callbacks.setButtonStyles\" src=\"https:\/\/loudavymkrokem.cz\/wp-content\/uploads\/2026\/08\/pisek-krizikova-elektrarna.jpg\" alt=\"La central el\u00e9ctrica municipal de K\u0159i\u017e\u00edk en P\u00edsek\" class=\"wp-image-399347\" title=\"\" srcset=\"https:\/\/loudavymkrokem.cz\/wp-content\/uploads\/2026\/08\/pisek-krizikova-elektrarna.jpg 2200w, https:\/\/loudavymkrokem.cz\/wp-content\/uploads\/2026\/08\/pisek-krizikova-elektrarna-300x200.jpg 300w, https:\/\/loudavymkrokem.cz\/wp-content\/uploads\/2026\/08\/pisek-krizikova-elektrarna-700x467.jpg 700w, https:\/\/loudavymkrokem.cz\/wp-content\/uploads\/2026\/08\/pisek-krizikova-elektrarna-768x512.jpg 768w, https:\/\/loudavymkrokem.cz\/wp-content\/uploads\/2026\/08\/pisek-krizikova-elektrarna-1536x1024.jpg 1536w, https:\/\/loudavymkrokem.cz\/wp-content\/uploads\/2026\/08\/pisek-krizikova-elektrarna-2048x1366.jpg 2048w, https:\/\/loudavymkrokem.cz\/wp-content\/uploads\/2026\/08\/pisek-krizikova-elektrarna-696x464.jpg 696w, https:\/\/loudavymkrokem.cz\/wp-content\/uploads\/2026\/08\/pisek-krizikova-elektrarna-1392x928.jpg 1392w, https:\/\/loudavymkrokem.cz\/wp-content\/uploads\/2026\/08\/pisek-krizikova-elektrarna-1920x1280.jpg 1920w\" sizes=\"(max-width: 2200px) 100vw, 2200px\" \/><button\n\t\t\tclass=\"lightbox-trigger\"\n\t\t\ttype=\"button\"\n\t\t\taria-haspopup=\"dialog\"\n\t\t\tdata-wp-bind--aria-label=\"state.thisImage.triggerButtonAriaLabel\"\n\t\t\tdata-wp-init=\"callbacks.initTriggerButton\"\n\t\t\tdata-wp-on--click=\"actions.showLightbox\"\n\t\t\tdata-wp-style--right=\"state.thisImage.buttonRight\"\n\t\t\tdata-wp-style--top=\"state.thisImage.buttonTop\"\n\t\t>\n\t\t\t<svg xmlns=\"http:\/\/www.w3.org\/2000\/svg\" width=\"12\" height=\"12\" fill=\"none\" viewBox=\"0 0 12 12\">\n\t\t\t\t<path fill=\"#fff\" d=\"M2 0a2 2 0 0 0-2 2v2h1.5V2a.5.5 0 0 1 .5-.5h2V0H2Zm2 10.5H2a.5.5 0 0 1-.5-.5V8H0v2a2 2 0 0 0 2 2h2v-1.5ZM8 12v-1.5h2a.5.5 0 0 0 .5-.5V8H12v2a2 2 0 0 1-2 2H8Zm2-12a2 2 0 0 1 2 2v2h-1.5V2a.5.5 0 0 0-.5-.5H8V0h2Z\" \/>\n\t\t\t<\/svg>\n\t\t<\/button><\/figure>\n\n\n\n<p class=\"wp-block-paragraph\">Aqu\u00ed te decepcionar\u00e9: <strong>la central est\u00e1 actualmente cerrada<\/strong> y se est\u00e1 preparando una nueva exposici\u00f3n. As\u00ed que, si la ten\u00edas prevista como punto principal del programa, tendr\u00e1s que esperar. Pero debo mencionarla, porque su historia es absolutamente clave para entender por qu\u00e9 P\u00edsek es una ciudad tan especial.<\/p>\n\n\n\n<p class=\"wp-block-paragraph\">En <strong>1887<\/strong> \u2014es decir, un a\u00f1o antes que la central de \u017di\u017ekov de Praga\u2014 se encendi\u00f3 en P\u00edsek el <strong>primer alumbrado el\u00e9ctrico p\u00fablico permanente de Bohemia<\/strong>. Franti\u0161ek K\u0159i\u017e\u00edk, el Edison checo, eligi\u00f3 precisamente esta peque\u00f1a ciudad del sur de Bohemia para su experimento pionero. Imag\u00ednate aquella \u00e9poca: la gente en la plaza, que toda su vida solo hab\u00eda conocido velas y l\u00e1mparas de gas, y de repente se enciende la luz el\u00e9ctrica. P\u00edsek fue antes que Praga. Es un dato del que nunca me canso.<\/p>\n\n\n\n<p class=\"wp-block-paragraph\">Buena noticia para terminar: en la primavera de 2026 volvieron a la central las turbinas Francis renovadas y desde mayo el monumento vuelve a producir electricidad. La nueva exposici\u00f3n a\u00fan espera su inauguraci\u00f3n, as\u00ed que consulta la web de la ciudad para la informaci\u00f3n m\u00e1s reciente.<\/p>\n\n\n\n<h3 class=\"wp-block-heading\"><span class=\"ez-toc-section\" id=\"5_La_yeguada_nacional\"><\/span>5. La yeguada nacional<span class=\"ez-toc-section-end\"><\/span><\/h3>\n\n\n\n<figure data-wp-context=\"{&quot;imageId&quot;:&quot;6a952388c3263&quot;}\" data-wp-interactive=\"core\/image\" data-wp-key=\"6a952388c3263\" class=\"wp-block-image size-full wp-lightbox-container\"><img decoding=\"async\" width=\"1600\" height=\"1018\" data-wp-class--hide=\"state.isContentHidden\" data-wp-class--show=\"state.isContentVisible\" data-wp-init=\"callbacks.setButtonStyles\" data-wp-on--click=\"actions.showLightbox\" data-wp-on--load=\"callbacks.setButtonStyles\" data-wp-on--pointerdown=\"actions.preloadImage\" data-wp-on--pointerenter=\"actions.preloadImageWithDelay\" data-wp-on--pointerleave=\"actions.cancelPreload\" data-wp-on-window--resize=\"callbacks.setButtonStyles\" src=\"https:\/\/loudavymkrokem.cz\/wp-content\/uploads\/2026\/08\/zemsky-hrebcinec-pisek-letecky.jpg\" alt=\"Vista a\u00e9rea del recinto de la yeguada nacional de P\u00edsek\" class=\"wp-image-399598\" title=\"\" srcset=\"https:\/\/loudavymkrokem.cz\/wp-content\/uploads\/2026\/08\/zemsky-hrebcinec-pisek-letecky.jpg 1600w, https:\/\/loudavymkrokem.cz\/wp-content\/uploads\/2026\/08\/zemsky-hrebcinec-pisek-letecky-300x191.jpg 300w, https:\/\/loudavymkrokem.cz\/wp-content\/uploads\/2026\/08\/zemsky-hrebcinec-pisek-letecky-700x445.jpg 700w, https:\/\/loudavymkrokem.cz\/wp-content\/uploads\/2026\/08\/zemsky-hrebcinec-pisek-letecky-768x489.jpg 768w, https:\/\/loudavymkrokem.cz\/wp-content\/uploads\/2026\/08\/zemsky-hrebcinec-pisek-letecky-1536x977.jpg 1536w, https:\/\/loudavymkrokem.cz\/wp-content\/uploads\/2026\/08\/zemsky-hrebcinec-pisek-letecky-696x443.jpg 696w, https:\/\/loudavymkrokem.cz\/wp-content\/uploads\/2026\/08\/zemsky-hrebcinec-pisek-letecky-1392x886.jpg 1392w\" sizes=\"(max-width: 1600px) 100vw, 1600px\" \/><button\n\t\t\tclass=\"lightbox-trigger\"\n\t\t\ttype=\"button\"\n\t\t\taria-haspopup=\"dialog\"\n\t\t\tdata-wp-bind--aria-label=\"state.thisImage.triggerButtonAriaLabel\"\n\t\t\tdata-wp-init=\"callbacks.initTriggerButton\"\n\t\t\tdata-wp-on--click=\"actions.showLightbox\"\n\t\t\tdata-wp-style--right=\"state.thisImage.buttonRight\"\n\t\t\tdata-wp-style--top=\"state.thisImage.buttonTop\"\n\t\t>\n\t\t\t<svg xmlns=\"http:\/\/www.w3.org\/2000\/svg\" width=\"12\" height=\"12\" fill=\"none\" viewBox=\"0 0 12 12\">\n\t\t\t\t<path fill=\"#fff\" d=\"M2 0a2 2 0 0 0-2 2v2h1.5V2a.5.5 0 0 1 .5-.5h2V0H2Zm2 10.5H2a.5.5 0 0 1-.5-.5V8H0v2a2 2 0 0 0 2 2h2v-1.5ZM8 12v-1.5h2a.5.5 0 0 0 .5-.5V8H12v2a2 2 0 0 1-2 2H8Zm2-12a2 2 0 0 1 2 2v2h-1.5V2a.5.5 0 0 0-.5-.5H8V0h2Z\" \/>\n\t\t\t<\/svg>\n\t\t<\/button><\/figure>\n\n\n\n<p class=\"wp-block-paragraph\">Si hay un lugar en P\u00edsek al que enviar\u00eda absolutamente a cualquier visitante, es la <strong>yeguada<\/strong>. No solo por los caballos (aunque son preciosos), sino por el propio recinto. La construcci\u00f3n de <strong>estilo Tudor<\/strong> \u2014s\u00ed, en P\u00edsek, en el sur de Bohemia\u2014 parece transportarte a alg\u00fan rinc\u00f3n de la campi\u00f1a inglesa. Es un <strong>monumento cultural nacional<\/strong> y una de las yeguadas m\u00e1s bonitas de toda Europa.<\/p>\n\n\n\n<p class=\"wp-block-paragraph\">Y ahora una delicia para los amantes de la historia: un semental llamado <strong>Ardo<\/strong>, que vivi\u00f3 aqu\u00ed, seg\u00fan la tradici\u00f3n sirvi\u00f3 de <strong>modelo para la estatua de san Wenceslao<\/strong> de la plaza de Wenceslao en Praga. As\u00ed que cada vez que pases junto a esa estatua, <strong>ten en cuenta que ese caballo es, en realidad, de P\u00edsek.<\/strong> \ud83d\ude04<\/p>\n\n\n\n<p class=\"wp-block-paragraph\">Las <strong>visitas duran<\/strong> <strong>entre 1 y 1,5 horas<\/strong>, un gu\u00eda te acompa\u00f1a por las cuadras, el picadero y las salas hist\u00f3ricas. Entrada <strong>adultos 150 CZK (6 \u20ac)<\/strong>, <strong>ni\u00f1os 100 CZK (4 \u20ac)<\/strong>. Y ahora un aviso importante que te ahorrar\u00e1 un problema en la taquilla: <strong>\u00a1SOLO aceptan EFECTIVO!<\/strong> Nada de tarjetas ni m\u00f3vil. Lleva monedas contantes y sonantes.<\/p>\n\n\n\n<h3 class=\"wp-block-heading\"><span class=\"ez-toc-section\" id=\"6_Iglesia_de_la_Natividad_de_la_Virgen_Maria\"><\/span>6. Iglesia de la Natividad de la Virgen Mar\u00eda<span class=\"ez-toc-section-end\"><\/span><\/h3>\n\n\n\n<figure data-wp-context=\"{&quot;imageId&quot;:&quot;6a952388c392c&quot;}\" data-wp-interactive=\"core\/image\" data-wp-key=\"6a952388c392c\" class=\"wp-block-image size-full wp-lightbox-container\"><img decoding=\"async\" width=\"2200\" height=\"1467\" data-wp-class--hide=\"state.isContentHidden\" data-wp-class--show=\"state.isContentVisible\" data-wp-init=\"callbacks.setButtonStyles\" data-wp-on--click=\"actions.showLightbox\" data-wp-on--load=\"callbacks.setButtonStyles\" data-wp-on--pointerdown=\"actions.preloadImage\" data-wp-on--pointerenter=\"actions.preloadImageWithDelay\" data-wp-on--pointerleave=\"actions.cancelPreload\" data-wp-on-window--resize=\"callbacks.setButtonStyles\" src=\"https:\/\/loudavymkrokem.cz\/wp-content\/uploads\/2026\/08\/pisek-kostel-narozeni-panny-marie.jpg\" alt=\"Iglesia g\u00f3tica de la Natividad de la Virgen Mar\u00eda en P\u00edsek\" class=\"wp-image-399350\" title=\"\" srcset=\"https:\/\/loudavymkrokem.cz\/wp-content\/uploads\/2026\/08\/pisek-kostel-narozeni-panny-marie.jpg 2200w, https:\/\/loudavymkrokem.cz\/wp-content\/uploads\/2026\/08\/pisek-kostel-narozeni-panny-marie-300x200.jpg 300w, https:\/\/loudavymkrokem.cz\/wp-content\/uploads\/2026\/08\/pisek-kostel-narozeni-panny-marie-700x467.jpg 700w, https:\/\/loudavymkrokem.cz\/wp-content\/uploads\/2026\/08\/pisek-kostel-narozeni-panny-marie-768x512.jpg 768w, https:\/\/loudavymkrokem.cz\/wp-content\/uploads\/2026\/08\/pisek-kostel-narozeni-panny-marie-1536x1024.jpg 1536w, https:\/\/loudavymkrokem.cz\/wp-content\/uploads\/2026\/08\/pisek-kostel-narozeni-panny-marie-2048x1366.jpg 2048w, https:\/\/loudavymkrokem.cz\/wp-content\/uploads\/2026\/08\/pisek-kostel-narozeni-panny-marie-696x464.jpg 696w, https:\/\/loudavymkrokem.cz\/wp-content\/uploads\/2026\/08\/pisek-kostel-narozeni-panny-marie-1392x928.jpg 1392w, https:\/\/loudavymkrokem.cz\/wp-content\/uploads\/2026\/08\/pisek-kostel-narozeni-panny-marie-1920x1280.jpg 1920w\" sizes=\"(max-width: 2200px) 100vw, 2200px\" \/><button\n\t\t\tclass=\"lightbox-trigger\"\n\t\t\ttype=\"button\"\n\t\t\taria-haspopup=\"dialog\"\n\t\t\tdata-wp-bind--aria-label=\"state.thisImage.triggerButtonAriaLabel\"\n\t\t\tdata-wp-init=\"callbacks.initTriggerButton\"\n\t\t\tdata-wp-on--click=\"actions.showLightbox\"\n\t\t\tdata-wp-style--right=\"state.thisImage.buttonRight\"\n\t\t\tdata-wp-style--top=\"state.thisImage.buttonTop\"\n\t\t>\n\t\t\t<svg xmlns=\"http:\/\/www.w3.org\/2000\/svg\" width=\"12\" height=\"12\" fill=\"none\" viewBox=\"0 0 12 12\">\n\t\t\t\t<path fill=\"#fff\" d=\"M2 0a2 2 0 0 0-2 2v2h1.5V2a.5.5 0 0 1 .5-.5h2V0H2Zm2 10.5H2a.5.5 0 0 1-.5-.5V8H0v2a2 2 0 0 0 2 2h2v-1.5ZM8 12v-1.5h2a.5.5 0 0 0 .5-.5V8H12v2a2 2 0 0 1-2 2H8Zm2-12a2 2 0 0 1 2 2v2h-1.5V2a.5.5 0 0 0-.5-.5H8V0h2Z\" \/>\n\t\t\t<\/svg>\n\t\t<\/button><\/figure>\n\n\n\n<p class=\"wp-block-paragraph\">La torre de esta iglesia es una referencia que se ve desde casi cualquier punto de P\u00edsek: mide m\u00e1s de 70 metros y el mirador est\u00e1 a <strong>42 metros<\/strong>; quien no tenga miedo, sube los <strong>210 escalones<\/strong>. La vista de la ciudad y los alrededores merece el resuello, te lo garantizo. Pero lo m\u00e1s curioso de esta iglesia es <strong>el reloj de la torre<\/strong>. M\u00edralo con atenci\u00f3n, algo no te va a cuadrar.<\/p>\n\n\n\n<p class=\"wp-block-paragraph\">\u00bfLo adivinas? <strong>La aguja peque\u00f1a marca los minutos y la grande, las horas.<\/strong> Justo al rev\u00e9s de lo que est\u00e1s acostumbrado. Nadie sabe exactamente por qu\u00e9, hay varias teor\u00edas, pero el resultado es que casi todos los turistas miran ese reloj confundidos mientras los lugare\u00f1os se r\u00eden por lo bajo. Los de aqu\u00ed llevan generaciones divirti\u00e9ndose con esto. \u00bfY otro dato curioso? Si miras el reloj desde el \u00e1ngulo adecuado, reconocer\u00e1s en \u00e9l un b\u00faho.<\/p>\n\n\n\n<p class=\"wp-block-paragraph\"><strong>Importante:<\/strong> a la torre solo se accede <strong>con reserva previa<\/strong>, as\u00ed que planif\u00edcalo con antelaci\u00f3n. Puedes informarte en la oficina de turismo de la ciudad.<\/p>\n\n\n\n<h3 class=\"wp-block-heading\"><span class=\"ez-toc-section\" id=\"7_Las_plazas_Velke_y_Alsovo_con_las_Piedras_de_los_Desaparecidos\"><\/span>7. Las plazas Velk\u00e9 y Al\u0161ovo con las Piedras de los Desaparecidos<span class=\"ez-toc-section-end\"><\/span><\/h3>\n\n\n\n<figure data-wp-context=\"{&quot;imageId&quot;:&quot;6a952388c4029&quot;}\" data-wp-interactive=\"core\/image\" data-wp-key=\"6a952388c4029\" class=\"wp-block-image size-full wp-lightbox-container\"><img decoding=\"async\" width=\"2200\" height=\"1467\" data-wp-class--hide=\"state.isContentHidden\" data-wp-class--show=\"state.isContentVisible\" data-wp-init=\"callbacks.setButtonStyles\" data-wp-on--click=\"actions.showLightbox\" data-wp-on--load=\"callbacks.setButtonStyles\" data-wp-on--pointerdown=\"actions.preloadImage\" data-wp-on--pointerenter=\"actions.preloadImageWithDelay\" data-wp-on--pointerleave=\"actions.cancelPreload\" data-wp-on-window--resize=\"callbacks.setButtonStyles\" src=\"https:\/\/loudavymkrokem.cz\/wp-content\/uploads\/2026\/08\/pisek-velke-namesti-vez-kostela.jpg\" alt=\"Plaza Velk\u00e9 n\u00e1m\u011bst\u00ed de P\u00edsek con la torre de la iglesia de la Natividad de la Virgen Mar\u00eda\" class=\"wp-image-399352\" title=\"\" srcset=\"https:\/\/loudavymkrokem.cz\/wp-content\/uploads\/2026\/08\/pisek-velke-namesti-vez-kostela.jpg 2200w, https:\/\/loudavymkrokem.cz\/wp-content\/uploads\/2026\/08\/pisek-velke-namesti-vez-kostela-300x200.jpg 300w, https:\/\/loudavymkrokem.cz\/wp-content\/uploads\/2026\/08\/pisek-velke-namesti-vez-kostela-700x467.jpg 700w, https:\/\/loudavymkrokem.cz\/wp-content\/uploads\/2026\/08\/pisek-velke-namesti-vez-kostela-768x512.jpg 768w, https:\/\/loudavymkrokem.cz\/wp-content\/uploads\/2026\/08\/pisek-velke-namesti-vez-kostela-1536x1024.jpg 1536w, https:\/\/loudavymkrokem.cz\/wp-content\/uploads\/2026\/08\/pisek-velke-namesti-vez-kostela-2048x1366.jpg 2048w, https:\/\/loudavymkrokem.cz\/wp-content\/uploads\/2026\/08\/pisek-velke-namesti-vez-kostela-696x464.jpg 696w, https:\/\/loudavymkrokem.cz\/wp-content\/uploads\/2026\/08\/pisek-velke-namesti-vez-kostela-1392x928.jpg 1392w, https:\/\/loudavymkrokem.cz\/wp-content\/uploads\/2026\/08\/pisek-velke-namesti-vez-kostela-1920x1280.jpg 1920w\" sizes=\"(max-width: 2200px) 100vw, 2200px\" \/><button\n\t\t\tclass=\"lightbox-trigger\"\n\t\t\ttype=\"button\"\n\t\t\taria-haspopup=\"dialog\"\n\t\t\tdata-wp-bind--aria-label=\"state.thisImage.triggerButtonAriaLabel\"\n\t\t\tdata-wp-init=\"callbacks.initTriggerButton\"\n\t\t\tdata-wp-on--click=\"actions.showLightbox\"\n\t\t\tdata-wp-style--right=\"state.thisImage.buttonRight\"\n\t\t\tdata-wp-style--top=\"state.thisImage.buttonTop\"\n\t\t>\n\t\t\t<svg xmlns=\"http:\/\/www.w3.org\/2000\/svg\" width=\"12\" height=\"12\" fill=\"none\" viewBox=\"0 0 12 12\">\n\t\t\t\t<path fill=\"#fff\" d=\"M2 0a2 2 0 0 0-2 2v2h1.5V2a.5.5 0 0 1 .5-.5h2V0H2Zm2 10.5H2a.5.5 0 0 1-.5-.5V8H0v2a2 2 0 0 0 2 2h2v-1.5ZM8 12v-1.5h2a.5.5 0 0 0 .5-.5V8H12v2a2 2 0 0 1-2 2H8Zm2-12a2 2 0 0 1 2 2v2h-1.5V2a.5.5 0 0 0-.5-.5H8V0h2Z\" \/>\n\t\t\t<\/svg>\n\t\t<\/button><\/figure>\n\n\n\n<p class=\"wp-block-paragraph\">Las dos plazas principales de P\u00edsek est\u00e1n conectadas y forman el coraz\u00f3n de la ciudad: la Velk\u00e9 n\u00e1m\u011bst\u00ed es la representativa, con el ayuntamiento y la fuente; la Al\u0161ovo es m\u00e1s tranquila, con la biblioteca y \u00e1rboles. Pasear por ellas es agradable en cualquier momento, pero quiero avisarte de algo que se pasa por alto f\u00e1cilmente si no lo conoces.<\/p>\n\n\n\n<p class=\"wp-block-paragraph\">En las aceras del centro de P\u00edsek encontrar\u00e1s las <strong>Piedras de los Desaparecidos<\/strong>, los llamados <strong>Stolpersteine<\/strong>. Son peque\u00f1as <strong>placas de lat\u00f3n<\/strong> incrustadas en el pavimento, cada una con un nombre, una fecha de nacimiento y el destino de una persona que vivi\u00f3 en ese lugar y fue v\u00edctima del Holocausto. Las encontrar\u00e1s en la <strong>calle Heydukova, en la avenida \u017di\u017ekova y en la plaza Velk\u00e9 n\u00e1m\u011bst\u00ed<\/strong>.<\/p>\n\n\n\n<p class=\"wp-block-paragraph\">Cada vez que paso junto a ellas, me detengo un instante. Te obligan a darte cuenta de que no son solo nombres de un libro de texto. Fueron vecinos, comerciantes, gente que caminaba por las mismas calles que nosotros hoy. Es un recordatorio silencioso y digno que, creo, nadie que visite P\u00edsek deber\u00eda pasar por alto.<\/p>\n\n\n\n<h3 class=\"wp-block-heading\"><span class=\"ez-toc-section\" id=\"8_Columna_mariana_de_la_peste_en_la_plaza_Alsovo\"><\/span>8. Columna mariana de la peste en la plaza Al\u0161ovo<span class=\"ez-toc-section-end\"><\/span><\/h3>\n\n\n\n<figure data-wp-context=\"{&quot;imageId&quot;:&quot;6a952388c45ce&quot;}\" data-wp-interactive=\"core\/image\" data-wp-key=\"6a952388c45ce\" class=\"wp-block-image size-full wp-lightbox-container\"><img decoding=\"async\" width=\"2200\" height=\"1467\" data-wp-class--hide=\"state.isContentHidden\" data-wp-class--show=\"state.isContentVisible\" data-wp-init=\"callbacks.setButtonStyles\" data-wp-on--click=\"actions.showLightbox\" data-wp-on--load=\"callbacks.setButtonStyles\" data-wp-on--pointerdown=\"actions.preloadImage\" data-wp-on--pointerenter=\"actions.preloadImageWithDelay\" data-wp-on--pointerleave=\"actions.cancelPreload\" data-wp-on-window--resize=\"callbacks.setButtonStyles\" src=\"https:\/\/loudavymkrokem.cz\/wp-content\/uploads\/2026\/08\/pisek-marianske-sousosi-alsovo-namesti.jpg\" alt=\"Columna mariana de la peste en la plaza Al\u0161ovo de P\u00edsek\" class=\"wp-image-399355\" title=\"\" srcset=\"https:\/\/loudavymkrokem.cz\/wp-content\/uploads\/2026\/08\/pisek-marianske-sousosi-alsovo-namesti.jpg 2200w, https:\/\/loudavymkrokem.cz\/wp-content\/uploads\/2026\/08\/pisek-marianske-sousosi-alsovo-namesti-300x200.jpg 300w, https:\/\/loudavymkrokem.cz\/wp-content\/uploads\/2026\/08\/pisek-marianske-sousosi-alsovo-namesti-700x467.jpg 700w, https:\/\/loudavymkrokem.cz\/wp-content\/uploads\/2026\/08\/pisek-marianske-sousosi-alsovo-namesti-768x512.jpg 768w, https:\/\/loudavymkrokem.cz\/wp-content\/uploads\/2026\/08\/pisek-marianske-sousosi-alsovo-namesti-1536x1024.jpg 1536w, https:\/\/loudavymkrokem.cz\/wp-content\/uploads\/2026\/08\/pisek-marianske-sousosi-alsovo-namesti-2048x1366.jpg 2048w, https:\/\/loudavymkrokem.cz\/wp-content\/uploads\/2026\/08\/pisek-marianske-sousosi-alsovo-namesti-696x464.jpg 696w, https:\/\/loudavymkrokem.cz\/wp-content\/uploads\/2026\/08\/pisek-marianske-sousosi-alsovo-namesti-1392x928.jpg 1392w, https:\/\/loudavymkrokem.cz\/wp-content\/uploads\/2026\/08\/pisek-marianske-sousosi-alsovo-namesti-1920x1280.jpg 1920w\" sizes=\"(max-width: 2200px) 100vw, 2200px\" \/><button\n\t\t\tclass=\"lightbox-trigger\"\n\t\t\ttype=\"button\"\n\t\t\taria-haspopup=\"dialog\"\n\t\t\tdata-wp-bind--aria-label=\"state.thisImage.triggerButtonAriaLabel\"\n\t\t\tdata-wp-init=\"callbacks.initTriggerButton\"\n\t\t\tdata-wp-on--click=\"actions.showLightbox\"\n\t\t\tdata-wp-style--right=\"state.thisImage.buttonRight\"\n\t\t\tdata-wp-style--top=\"state.thisImage.buttonTop\"\n\t\t>\n\t\t\t<svg xmlns=\"http:\/\/www.w3.org\/2000\/svg\" width=\"12\" height=\"12\" fill=\"none\" viewBox=\"0 0 12 12\">\n\t\t\t\t<path fill=\"#fff\" d=\"M2 0a2 2 0 0 0-2 2v2h1.5V2a.5.5 0 0 1 .5-.5h2V0H2Zm2 10.5H2a.5.5 0 0 1-.5-.5V8H0v2a2 2 0 0 0 2 2h2v-1.5ZM8 12v-1.5h2a.5.5 0 0 0 .5-.5V8H12v2a2 2 0 0 1-2 2H8Zm2-12a2 2 0 0 1 2 2v2h-1.5V2a.5.5 0 0 0-.5-.5H8V0h2Z\" \/>\n\t\t\t<\/svg>\n\t\t<\/button><\/figure>\n\n\n\n<p class=\"wp-block-paragraph\">En la plaza Al\u0161ovo se alza una <strong>columna barroca de la peste de los a\u00f1os 1713-1714<\/strong>, que la ciudad mand\u00f3 erigir como agradecimiento por haber alejado la epidemia. En lo alto est\u00e1 la <strong>Virgen Mar\u00eda<\/strong> y bajo ella <strong>10 santos<\/strong>: patronos contra la peste, protectores de la ciudad. Su autor es el escultor <strong>Christian Widemann<\/strong> y toda la composici\u00f3n es sorprendentemente din\u00e1mica y detallada para lo peque\u00f1a que es en realidad la plaza.<\/p>\n\n\n\n<p class=\"wp-block-paragraph\">Si te gusta el barroco, esta es una de las columnas de la peste m\u00e1s bonitas del sur de Bohemia. Y aunque el barroco no sea lo tuyo, al menos detente ante ella: el contraste del viejo conjunto escult\u00f3rico con las cafeter\u00edas de alrededor tiene su encanto.<\/p>\n\n\n\n<h3 class=\"wp-block-heading\"><span class=\"ez-toc-section\" id=\"9_El_cuartel\"><\/span>9. El cuartel<span class=\"ez-toc-section-end\"><\/span><\/h3>\n\n\n\n<p class=\"wp-block-paragraph\">El antiguo <strong>cuartel de \u017di\u017eka<\/strong>, en la avenida \u017di\u017ekova, est\u00e1 <strong>protegido como patrimonio<\/strong> y se va transformando poco a poco. No te voy a mentir: no es un sitio al que ir\u00edas expresamente para pasar dos horas, pero si caminas por la avenida \u017di\u017ekova, f\u00edjate en esos imponentes edificios e imagina cu\u00e1ntos soldados han pasado por aqu\u00ed a lo largo de los siglos. P\u00edsek siempre tuvo una fuerte tradici\u00f3n militar y este cuartel es su recordatorio material.<\/p>\n\n\n\n<h3 class=\"wp-block-heading\"><span class=\"ez-toc-section\" id=\"10_El_ayuntamiento\"><\/span>10. El ayuntamiento<span class=\"ez-toc-section-end\"><\/span><\/h3>\n\n\n\n<figure data-wp-context=\"{&quot;imageId&quot;:&quot;6a952388c5726&quot;}\" data-wp-interactive=\"core\/image\" data-wp-key=\"6a952388c5726\" class=\"wp-block-image size-full wp-lightbox-container\"><img decoding=\"async\" width=\"2200\" height=\"1467\" data-wp-class--hide=\"state.isContentHidden\" data-wp-class--show=\"state.isContentVisible\" data-wp-init=\"callbacks.setButtonStyles\" data-wp-on--click=\"actions.showLightbox\" data-wp-on--load=\"callbacks.setButtonStyles\" data-wp-on--pointerdown=\"actions.preloadImage\" data-wp-on--pointerenter=\"actions.preloadImageWithDelay\" data-wp-on--pointerleave=\"actions.cancelPreload\" data-wp-on-window--resize=\"callbacks.setButtonStyles\" src=\"https:\/\/loudavymkrokem.cz\/wp-content\/uploads\/2026\/08\/pisek-radnice-veze.jpg\" alt=\"Ayuntamiento barroco con dos torres en la plaza Velk\u00e9 n\u00e1m\u011bst\u00ed de P\u00edsek\" class=\"wp-image-399357\" title=\"\" srcset=\"https:\/\/loudavymkrokem.cz\/wp-content\/uploads\/2026\/08\/pisek-radnice-veze.jpg 2200w, https:\/\/loudavymkrokem.cz\/wp-content\/uploads\/2026\/08\/pisek-radnice-veze-300x200.jpg 300w, https:\/\/loudavymkrokem.cz\/wp-content\/uploads\/2026\/08\/pisek-radnice-veze-700x467.jpg 700w, https:\/\/loudavymkrokem.cz\/wp-content\/uploads\/2026\/08\/pisek-radnice-veze-768x512.jpg 768w, https:\/\/loudavymkrokem.cz\/wp-content\/uploads\/2026\/08\/pisek-radnice-veze-1536x1024.jpg 1536w, https:\/\/loudavymkrokem.cz\/wp-content\/uploads\/2026\/08\/pisek-radnice-veze-2048x1366.jpg 2048w, https:\/\/loudavymkrokem.cz\/wp-content\/uploads\/2026\/08\/pisek-radnice-veze-696x464.jpg 696w, https:\/\/loudavymkrokem.cz\/wp-content\/uploads\/2026\/08\/pisek-radnice-veze-1392x928.jpg 1392w, https:\/\/loudavymkrokem.cz\/wp-content\/uploads\/2026\/08\/pisek-radnice-veze-1920x1280.jpg 1920w\" sizes=\"(max-width: 2200px) 100vw, 2200px\" \/><button\n\t\t\tclass=\"lightbox-trigger\"\n\t\t\ttype=\"button\"\n\t\t\taria-haspopup=\"dialog\"\n\t\t\tdata-wp-bind--aria-label=\"state.thisImage.triggerButtonAriaLabel\"\n\t\t\tdata-wp-init=\"callbacks.initTriggerButton\"\n\t\t\tdata-wp-on--click=\"actions.showLightbox\"\n\t\t\tdata-wp-style--right=\"state.thisImage.buttonRight\"\n\t\t\tdata-wp-style--top=\"state.thisImage.buttonTop\"\n\t\t>\n\t\t\t<svg xmlns=\"http:\/\/www.w3.org\/2000\/svg\" width=\"12\" height=\"12\" fill=\"none\" viewBox=\"0 0 12 12\">\n\t\t\t\t<path fill=\"#fff\" d=\"M2 0a2 2 0 0 0-2 2v2h1.5V2a.5.5 0 0 1 .5-.5h2V0H2Zm2 10.5H2a.5.5 0 0 1-.5-.5V8H0v2a2 2 0 0 0 2 2h2v-1.5ZM8 12v-1.5h2a.5.5 0 0 0 .5-.5V8H12v2a2 2 0 0 1-2 2H8Zm2-12a2 2 0 0 1 2 2v2h-1.5V2a.5.5 0 0 0-.5-.5H8V0h2Z\" \/>\n\t\t\t<\/svg>\n\t\t<\/button><\/figure>\n\n\n\n<p class=\"wp-block-paragraph\">El <strong>ayuntamiento barroco<\/strong> de la plaza Velk\u00e9 n\u00e1m\u011bst\u00ed se construy\u00f3 entre <strong>1740 y 1767<\/strong> y su <strong>torre con c\u00fapula bulbosa<\/strong> es una de las siluetas m\u00e1s fotog\u00e9nicas de la ciudad. Desde la torre a veces se habilita un <strong>mirador<\/strong> con una vista preciosa de la plaza, los tejados de la ciudad y, en d\u00edas despejados, incluso de las colinas de la Selva de Bohemia a lo lejos.<\/p>\n\n\n\n<p class=\"wp-block-paragraph\">El ayuntamiento sigue en funcionamiento, aqu\u00ed est\u00e1 el consistorio municipal, as\u00ed que no puedes entrar sin m\u00e1s, pero el exterior es precioso. Ese c\u00e1lido tono amarillo de la fachada, los frontones barrocos, el reloj de la torre&#8230; Cada vez que cruzo la plaza, lo miro autom\u00e1ticamente.<\/p>\n\n\n\n<h3 class=\"wp-block-heading\"><span class=\"ez-toc-section\" id=\"11_Iglesia_de_la_Exaltacion_de_la_Santa_Cruz\"><\/span>11. Iglesia de la Exaltaci\u00f3n de la Santa Cruz<span class=\"ez-toc-section-end\"><\/span><\/h3>\n\n\n\n<figure data-wp-context=\"{&quot;imageId&quot;:&quot;6a952388c5cef&quot;}\" data-wp-interactive=\"core\/image\" data-wp-key=\"6a952388c5cef\" class=\"wp-block-image size-full wp-lightbox-container\"><img decoding=\"async\" width=\"2200\" height=\"1467\" data-wp-class--hide=\"state.isContentHidden\" data-wp-class--show=\"state.isContentVisible\" data-wp-init=\"callbacks.setButtonStyles\" data-wp-on--click=\"actions.showLightbox\" data-wp-on--load=\"callbacks.setButtonStyles\" data-wp-on--pointerdown=\"actions.preloadImage\" data-wp-on--pointerenter=\"actions.preloadImageWithDelay\" data-wp-on--pointerleave=\"actions.cancelPreload\" data-wp-on-window--resize=\"callbacks.setButtonStyles\" src=\"https:\/\/loudavymkrokem.cz\/wp-content\/uploads\/2026\/08\/pisek-kostel-povyseni-sv-krize.jpg\" alt=\"Iglesia de la Exaltaci\u00f3n de la Santa Cruz en P\u00edsek con fachada de esgrafiado\" class=\"wp-image-399359\" title=\"\" srcset=\"https:\/\/loudavymkrokem.cz\/wp-content\/uploads\/2026\/08\/pisek-kostel-povyseni-sv-krize.jpg 2200w, https:\/\/loudavymkrokem.cz\/wp-content\/uploads\/2026\/08\/pisek-kostel-povyseni-sv-krize-300x200.jpg 300w, https:\/\/loudavymkrokem.cz\/wp-content\/uploads\/2026\/08\/pisek-kostel-povyseni-sv-krize-700x467.jpg 700w, https:\/\/loudavymkrokem.cz\/wp-content\/uploads\/2026\/08\/pisek-kostel-povyseni-sv-krize-768x512.jpg 768w, https:\/\/loudavymkrokem.cz\/wp-content\/uploads\/2026\/08\/pisek-kostel-povyseni-sv-krize-1536x1024.jpg 1536w, https:\/\/loudavymkrokem.cz\/wp-content\/uploads\/2026\/08\/pisek-kostel-povyseni-sv-krize-2048x1366.jpg 2048w, https:\/\/loudavymkrokem.cz\/wp-content\/uploads\/2026\/08\/pisek-kostel-povyseni-sv-krize-696x464.jpg 696w, https:\/\/loudavymkrokem.cz\/wp-content\/uploads\/2026\/08\/pisek-kostel-povyseni-sv-krize-1392x928.jpg 1392w, https:\/\/loudavymkrokem.cz\/wp-content\/uploads\/2026\/08\/pisek-kostel-povyseni-sv-krize-1920x1280.jpg 1920w\" sizes=\"(max-width: 2200px) 100vw, 2200px\" \/><button\n\t\t\tclass=\"lightbox-trigger\"\n\t\t\ttype=\"button\"\n\t\t\taria-haspopup=\"dialog\"\n\t\t\tdata-wp-bind--aria-label=\"state.thisImage.triggerButtonAriaLabel\"\n\t\t\tdata-wp-init=\"callbacks.initTriggerButton\"\n\t\t\tdata-wp-on--click=\"actions.showLightbox\"\n\t\t\tdata-wp-style--right=\"state.thisImage.buttonRight\"\n\t\t\tdata-wp-style--top=\"state.thisImage.buttonTop\"\n\t\t>\n\t\t\t<svg xmlns=\"http:\/\/www.w3.org\/2000\/svg\" width=\"12\" height=\"12\" fill=\"none\" viewBox=\"0 0 12 12\">\n\t\t\t\t<path fill=\"#fff\" d=\"M2 0a2 2 0 0 0-2 2v2h1.5V2a.5.5 0 0 1 .5-.5h2V0H2Zm2 10.5H2a.5.5 0 0 1-.5-.5V8H0v2a2 2 0 0 0 2 2h2v-1.5ZM8 12v-1.5h2a.5.5 0 0 0 .5-.5V8H12v2a2 2 0 0 1-2 2H8Zm2-12a2 2 0 0 1 2 2v2h-1.5V2a.5.5 0 0 0-.5-.5H8V0h2Z\" \/>\n\t\t\t<\/svg>\n\t\t<\/button><\/figure>\n\n\n\n<p class=\"wp-block-paragraph\">Otra iglesia que en P\u00edsek fund\u00f3 <strong>P\u0159emysl Otakar II<\/strong> en el <strong>siglo XIII<\/strong>: este rey ten\u00eda claramente fiebre constructora por aqu\u00ed. La iglesia me fascina por dos motivos. Primero, tiene un precioso <strong>esgrafiado renacentista<\/strong> en la fachada, inusualmente rico y elaborado para una iglesia del sur de Bohemia. Segundo, y esto lo apreciar\u00e1n sobre todo quienes se interesan por la arquitectura sacra, tiene <strong>orientaci\u00f3n invertida<\/strong>: el altar apunta al oeste. Y es que surgi\u00f3 de la iglesia conventual de los dominicos y adquiri\u00f3 su aspecto actual en una reforma del siglo XVII; a los amantes de la arquitectura sacra los desconcierta sin falta.<\/p>\n\n\n\n<p class=\"wp-block-paragraph\">Por fuera parece un poco discreta, as\u00ed que mucha gente la pasa de largo. No cometas el mismo error.<\/p>\n\n\n\n<h3 class=\"wp-block-heading\"><span class=\"ez-toc-section\" id=\"12_Las_carnicerias_medievales_Masne_kramy\"><\/span>12. Las carnicer\u00edas medievales (Masn\u00e9 kr\u00e1my)<span class=\"ez-toc-section-end\"><\/span><\/h3>\n\n\n\n<p class=\"wp-block-paragraph\">Las carnicer\u00edas medievales funcionan en P\u00edsek <strong>desde la Edad Media<\/strong>. Es una <strong>callejuela cubierta<\/strong> en el lado sur de la plaza Velk\u00e9 n\u00e1m\u011bst\u00ed, y a ambos lados hay peque\u00f1as <strong>tiendas<\/strong> (hoy hay m\u00e1s de 20) donde se vende de todo, desde cer\u00e1mica hasta joyas y productos locales.<\/p>\n\n\n\n<p class=\"wp-block-paragraph\">A los ni\u00f1os peque\u00f1os esa callejuela puede parecerles algo oscura y misteriosa, pero justo ah\u00ed est\u00e1 su encanto. Esa estrecha callejuela tiene un ambiente que los centros comerciales de todo el mundo copian de forma artificial, y aqu\u00ed tienes el original con ra\u00edces medievales. Adem\u00e1s, es un atajo estupendo de la plaza a la calle Ningrova.<\/p>\n\n\n\n<h3 class=\"wp-block-heading\"><span class=\"ez-toc-section\" id=\"13_La_biblioteca_municipal_y_la_cafeteria_Upekla\"><\/span>13. La biblioteca municipal y la cafeter\u00eda Upekla<span class=\"ez-toc-section-end\"><\/span><\/h3>\n\n\n\n<figure data-wp-context=\"{&quot;imageId&quot;:&quot;6a952388c63e1&quot;}\" data-wp-interactive=\"core\/image\" data-wp-key=\"6a952388c63e1\" class=\"wp-block-image size-full wp-lightbox-container\"><img decoding=\"async\" width=\"2200\" height=\"1650\" data-wp-class--hide=\"state.isContentHidden\" data-wp-class--show=\"state.isContentVisible\" data-wp-init=\"callbacks.setButtonStyles\" data-wp-on--click=\"actions.showLightbox\" data-wp-on--load=\"callbacks.setButtonStyles\" data-wp-on--pointerdown=\"actions.preloadImage\" data-wp-on--pointerenter=\"actions.preloadImageWithDelay\" data-wp-on--pointerleave=\"actions.cancelPreload\" data-wp-on-window--resize=\"callbacks.setButtonStyles\" src=\"https:\/\/loudavymkrokem.cz\/wp-content\/uploads\/2026\/08\/pisek-knihovna-vnitroblok-piskoviste-upekla.jpg\" alt=\"Patio interior de la biblioteca municipal de P\u00edsek con arenero junto a la cafeter\u00eda Upekla\" class=\"wp-image-399544\" title=\"\" srcset=\"https:\/\/loudavymkrokem.cz\/wp-content\/uploads\/2026\/08\/pisek-knihovna-vnitroblok-piskoviste-upekla.jpg 2200w, https:\/\/loudavymkrokem.cz\/wp-content\/uploads\/2026\/08\/pisek-knihovna-vnitroblok-piskoviste-upekla-300x225.jpg 300w, https:\/\/loudavymkrokem.cz\/wp-content\/uploads\/2026\/08\/pisek-knihovna-vnitroblok-piskoviste-upekla-700x525.jpg 700w, https:\/\/loudavymkrokem.cz\/wp-content\/uploads\/2026\/08\/pisek-knihovna-vnitroblok-piskoviste-upekla-768x576.jpg 768w, https:\/\/loudavymkrokem.cz\/wp-content\/uploads\/2026\/08\/pisek-knihovna-vnitroblok-piskoviste-upekla-1536x1152.jpg 1536w, https:\/\/loudavymkrokem.cz\/wp-content\/uploads\/2026\/08\/pisek-knihovna-vnitroblok-piskoviste-upekla-2048x1536.jpg 2048w, https:\/\/loudavymkrokem.cz\/wp-content\/uploads\/2026\/08\/pisek-knihovna-vnitroblok-piskoviste-upekla-80x60.jpg 80w, https:\/\/loudavymkrokem.cz\/wp-content\/uploads\/2026\/08\/pisek-knihovna-vnitroblok-piskoviste-upekla-160x120.jpg 160w, https:\/\/loudavymkrokem.cz\/wp-content\/uploads\/2026\/08\/pisek-knihovna-vnitroblok-piskoviste-upekla-696x522.jpg 696w, https:\/\/loudavymkrokem.cz\/wp-content\/uploads\/2026\/08\/pisek-knihovna-vnitroblok-piskoviste-upekla-1392x1044.jpg 1392w, https:\/\/loudavymkrokem.cz\/wp-content\/uploads\/2026\/08\/pisek-knihovna-vnitroblok-piskoviste-upekla-1920x1440.jpg 1920w\" sizes=\"(max-width: 2200px) 100vw, 2200px\" \/><button\n\t\t\tclass=\"lightbox-trigger\"\n\t\t\ttype=\"button\"\n\t\t\taria-haspopup=\"dialog\"\n\t\t\tdata-wp-bind--aria-label=\"state.thisImage.triggerButtonAriaLabel\"\n\t\t\tdata-wp-init=\"callbacks.initTriggerButton\"\n\t\t\tdata-wp-on--click=\"actions.showLightbox\"\n\t\t\tdata-wp-style--right=\"state.thisImage.buttonRight\"\n\t\t\tdata-wp-style--top=\"state.thisImage.buttonTop\"\n\t\t>\n\t\t\t<svg xmlns=\"http:\/\/www.w3.org\/2000\/svg\" width=\"12\" height=\"12\" fill=\"none\" viewBox=\"0 0 12 12\">\n\t\t\t\t<path fill=\"#fff\" d=\"M2 0a2 2 0 0 0-2 2v2h1.5V2a.5.5 0 0 1 .5-.5h2V0H2Zm2 10.5H2a.5.5 0 0 1-.5-.5V8H0v2a2 2 0 0 0 2 2h2v-1.5ZM8 12v-1.5h2a.5.5 0 0 0 .5-.5V8H12v2a2 2 0 0 1-2 2H8Zm2-12a2 2 0 0 1 2 2v2h-1.5V2a.5.5 0 0 0-.5-.5H8V0h2Z\" \/>\n\t\t\t<\/svg>\n\t\t<\/button><\/figure>\n\n\n\n<figure data-wp-context=\"{&quot;imageId&quot;:&quot;6a952388c67a1&quot;}\" data-wp-interactive=\"core\/image\" data-wp-key=\"6a952388c67a1\" class=\"wp-block-image size-full wp-lightbox-container\"><img decoding=\"async\" width=\"2200\" height=\"1467\" data-wp-class--hide=\"state.isContentHidden\" data-wp-class--show=\"state.isContentVisible\" data-wp-init=\"callbacks.setButtonStyles\" data-wp-on--click=\"actions.showLightbox\" data-wp-on--load=\"callbacks.setButtonStyles\" data-wp-on--pointerdown=\"actions.preloadImage\" data-wp-on--pointerenter=\"actions.preloadImageWithDelay\" data-wp-on--pointerleave=\"actions.cancelPreload\" data-wp-on-window--resize=\"callbacks.setButtonStyles\" src=\"https:\/\/loudavymkrokem.cz\/wp-content\/uploads\/2026\/08\/pisek-mestska-knihovna.jpg\" alt=\"Edificio de la biblioteca municipal de P\u00edsek en la plaza Al\u0161ovo\" class=\"wp-image-399360\" title=\"\" srcset=\"https:\/\/loudavymkrokem.cz\/wp-content\/uploads\/2026\/08\/pisek-mestska-knihovna.jpg 2200w, https:\/\/loudavymkrokem.cz\/wp-content\/uploads\/2026\/08\/pisek-mestska-knihovna-300x200.jpg 300w, https:\/\/loudavymkrokem.cz\/wp-content\/uploads\/2026\/08\/pisek-mestska-knihovna-700x467.jpg 700w, https:\/\/loudavymkrokem.cz\/wp-content\/uploads\/2026\/08\/pisek-mestska-knihovna-768x512.jpg 768w, https:\/\/loudavymkrokem.cz\/wp-content\/uploads\/2026\/08\/pisek-mestska-knihovna-1536x1024.jpg 1536w, https:\/\/loudavymkrokem.cz\/wp-content\/uploads\/2026\/08\/pisek-mestska-knihovna-2048x1366.jpg 2048w, https:\/\/loudavymkrokem.cz\/wp-content\/uploads\/2026\/08\/pisek-mestska-knihovna-696x464.jpg 696w, https:\/\/loudavymkrokem.cz\/wp-content\/uploads\/2026\/08\/pisek-mestska-knihovna-1392x928.jpg 1392w, https:\/\/loudavymkrokem.cz\/wp-content\/uploads\/2026\/08\/pisek-mestska-knihovna-1920x1280.jpg 1920w\" sizes=\"(max-width: 2200px) 100vw, 2200px\" \/><button\n\t\t\tclass=\"lightbox-trigger\"\n\t\t\ttype=\"button\"\n\t\t\taria-haspopup=\"dialog\"\n\t\t\tdata-wp-bind--aria-label=\"state.thisImage.triggerButtonAriaLabel\"\n\t\t\tdata-wp-init=\"callbacks.initTriggerButton\"\n\t\t\tdata-wp-on--click=\"actions.showLightbox\"\n\t\t\tdata-wp-style--right=\"state.thisImage.buttonRight\"\n\t\t\tdata-wp-style--top=\"state.thisImage.buttonTop\"\n\t\t>\n\t\t\t<svg xmlns=\"http:\/\/www.w3.org\/2000\/svg\" width=\"12\" height=\"12\" fill=\"none\" viewBox=\"0 0 12 12\">\n\t\t\t\t<path fill=\"#fff\" d=\"M2 0a2 2 0 0 0-2 2v2h1.5V2a.5.5 0 0 1 .5-.5h2V0H2Zm2 10.5H2a.5.5 0 0 1-.5-.5V8H0v2a2 2 0 0 0 2 2h2v-1.5ZM8 12v-1.5h2a.5.5 0 0 0 .5-.5V8H12v2a2 2 0 0 1-2 2H8Zm2-12a2 2 0 0 1 2 2v2h-1.5V2a.5.5 0 0 0-.5-.5H8V0h2Z\" \/>\n\t\t\t<\/svg>\n\t\t<\/button><\/figure>\n\n\n\n<p class=\"wp-block-paragraph\">El <strong>edificio de estilo Imperio<\/strong> de la plaza Al\u0161ovo, donde se ubica la biblioteca municipal, es en s\u00ed mismo una joya arquitect\u00f3nica. Antes fue la escuela J. A. Comenius. Durante la reforma, los expertos en patrimonio incluso descubrieron y salvaron valiosas pinturas del siglo XIX. Hoy es un espacio p\u00fablico luminoso, moderno y arquitect\u00f3nicamente logrado, con un jard\u00edn comunitario para relajarse.<\/p>\n\n\n\n<p class=\"wp-block-paragraph\">Pero, sobre todo, en la planta baja de la biblioteca funciona la <strong>cafeter\u00eda Upekla<\/strong>, con boller\u00eda casera, tartas y pasteles (tambi\u00e9n tienen postres sin gluten) y una terraza junto a la fuente. A Upekla pertenece adem\u00e1s el patio interior, con un <strong>arenero y un espacio bastante grande<\/strong> donde los ni\u00f1os se desfogan mientras t\u00fa acabas el caf\u00e9. Esa combinaci\u00f3n \u2014una cafeter\u00eda en el edificio hist\u00f3rico de la biblioteca, en la plaza\u2014 es simplemente estupenda. El sitio ideal para una pausa entre visita y visita.<\/p>\n\n\n\n<h3 class=\"wp-block-heading\"><span class=\"ez-toc-section\" id=\"14_El_edificio_de_la_comisaria_antigua_biblioteca\"><\/span>14. El edificio de la comisar\u00eda (antigua biblioteca)<span class=\"ez-toc-section-end\"><\/span><\/h3>\n\n\n\n<p class=\"wp-block-paragraph\">Los edificios del casco hist\u00f3rico de P\u00edsek viven su propia vida y cambian de funci\u00f3n, y esta <strong>enorme casa de la plaza Al\u0161ovo n\u00ba 85<\/strong> es un ejemplo brillante. Antes ven\u00edas aqu\u00ed en busca de silencio y de libros en pr\u00e9stamo, porque durante d\u00e9cadas alberg\u00f3 la popular biblioteca municipal (antes de distrito). Cuando la biblioteca se traslad\u00f3 a los nuevos y modernos espacios de la reformada escuela J. A. Comenius, el edificio no qued\u00f3 vac\u00edo. En la actualidad se est\u00e1 adaptando poco a poco para convertirse en la nueva sede y comisar\u00eda moderna de la Polic\u00eda Municipal de P\u00edsek.<\/p>\n\n\n\n<h3 class=\"wp-block-heading\"><span class=\"ez-toc-section\" id=\"15_Estatua_de_san_Florian\"><\/span>15. Estatua de san Flori\u00e1n<span class=\"ez-toc-section-end\"><\/span><\/h3>\n\n\n\n<p class=\"wp-block-paragraph\">En la <strong>plaza Havl\u00ed\u010dkovo n\u00e1m\u011bst\u00ed<\/strong>, que todos los lugare\u00f1os llaman simplemente <strong>\u00abna Flori\u00e1n\u011b\u00bb<\/strong>, se alza la estatua de <strong>san Flori\u00e1n<\/strong>, patr\u00f3n de los bomberos. Es una plaza m\u00e1s peque\u00f1a, m\u00e1s tranquila y un poco apartada. Adem\u00e1s, aqu\u00ed encontrar\u00e1s estupendas tiendas de segunda mano.<\/p>\n\n\n\n<h3 class=\"wp-block-heading\"><span class=\"ez-toc-section\" id=\"16_El_parque_Palackeho_sady\"><\/span>16. El parque Palack\u00e9ho sady<span class=\"ez-toc-section-end\"><\/span><\/h3>\n\n\n\n<figure data-wp-context=\"{&quot;imageId&quot;:&quot;6a952388c701e&quot;}\" data-wp-interactive=\"core\/image\" data-wp-key=\"6a952388c701e\" class=\"wp-block-image size-full wp-lightbox-container\"><img decoding=\"async\" width=\"1200\" height=\"800\" data-wp-class--hide=\"state.isContentHidden\" data-wp-class--show=\"state.isContentVisible\" data-wp-init=\"callbacks.setButtonStyles\" data-wp-on--click=\"actions.showLightbox\" data-wp-on--load=\"callbacks.setButtonStyles\" data-wp-on--pointerdown=\"actions.preloadImage\" data-wp-on--pointerenter=\"actions.preloadImageWithDelay\" data-wp-on--pointerleave=\"actions.cancelPreload\" data-wp-on-window--resize=\"callbacks.setButtonStyles\" src=\"https:\/\/loudavymkrokem.cz\/wp-content\/uploads\/2026\/08\/palackeho-sady-pisek-jaro.jpg\" alt=\"El parque Palack\u00e9ho sady de P\u00edsek en primavera con el monumento a Franti\u0161ek Palack\u00fd\" class=\"wp-image-399648\" title=\"\" srcset=\"https:\/\/loudavymkrokem.cz\/wp-content\/uploads\/2026\/08\/palackeho-sady-pisek-jaro.jpg 1200w, https:\/\/loudavymkrokem.cz\/wp-content\/uploads\/2026\/08\/palackeho-sady-pisek-jaro-300x200.jpg 300w, https:\/\/loudavymkrokem.cz\/wp-content\/uploads\/2026\/08\/palackeho-sady-pisek-jaro-700x467.jpg 700w, https:\/\/loudavymkrokem.cz\/wp-content\/uploads\/2026\/08\/palackeho-sady-pisek-jaro-768x512.jpg 768w, https:\/\/loudavymkrokem.cz\/wp-content\/uploads\/2026\/08\/palackeho-sady-pisek-jaro-696x464.jpg 696w\" sizes=\"(max-width: 1200px) 100vw, 1200px\" \/><button\n\t\t\tclass=\"lightbox-trigger\"\n\t\t\ttype=\"button\"\n\t\t\taria-haspopup=\"dialog\"\n\t\t\tdata-wp-bind--aria-label=\"state.thisImage.triggerButtonAriaLabel\"\n\t\t\tdata-wp-init=\"callbacks.initTriggerButton\"\n\t\t\tdata-wp-on--click=\"actions.showLightbox\"\n\t\t\tdata-wp-style--right=\"state.thisImage.buttonRight\"\n\t\t\tdata-wp-style--top=\"state.thisImage.buttonTop\"\n\t\t>\n\t\t\t<svg xmlns=\"http:\/\/www.w3.org\/2000\/svg\" width=\"12\" height=\"12\" fill=\"none\" viewBox=\"0 0 12 12\">\n\t\t\t\t<path fill=\"#fff\" d=\"M2 0a2 2 0 0 0-2 2v2h1.5V2a.5.5 0 0 1 .5-.5h2V0H2Zm2 10.5H2a.5.5 0 0 1-.5-.5V8H0v2a2 2 0 0 0 2 2h2v-1.5ZM8 12v-1.5h2a.5.5 0 0 0 .5-.5V8H12v2a2 2 0 0 1-2 2H8Zm2-12a2 2 0 0 1 2 2v2h-1.5V2a.5.5 0 0 0-.5-.5H8V0h2Z\" \/>\n\t\t\t<\/svg>\n\t\t<\/button><\/figure>\n\n\n\n<p class=\"wp-block-paragraph\">El parque Palack\u00e9ho sady surgi\u00f3 en el lugar de los <strong>antiguos fosos de la muralla<\/strong> y hoy es uno de los rincones m\u00e1s agradables de todo P\u00edsek. \u00c1rboles frondosos, senderos cuidados, bancos con vistas y, sobre todo, aqu\u00ed se ubican dos cafeter\u00edas fant\u00e1sticas.<\/p>\n\n\n\n<p class=\"wp-block-paragraph\">El local <strong>Do Nebe<\/strong> (\u00abHasta el cielo\u00bb) es exactamente tan bonito como sugiere su nombre, aunque con el tiempo la cafeter\u00eda se ha convertido en un asador. Pero sigue siendo completamente sin gluten, algo que agradecer\u00e1 cualquier cel\u00edaco. Interior con estilo, caf\u00e9 excelente y, en verano, terraza bajo los \u00e1rboles. Y a un paso, el <strong>Park Caf\u00e9<\/strong>, algo m\u00e1s moderno y con unos gofres estupendos. Y luego est\u00e1 el conocido <strong>restaurante U Reiner\u016f<\/strong>, de 1844. Para ser del todo sincera, sus d\u00edas de gloria probablemente ya quedaron atr\u00e1s, pero p\u00e1sate al menos a por una Plze\u0148 de grifo (la comida la dejar\u00eda de lado) y una buena dosis de historia.<\/p>\n\n\n\n<p class=\"wp-block-paragraph\">El parque Palack\u00e9ho sady es tambi\u00e9n donde en verano se celebran conciertos y actos culturales, donde la gente corre, pasea al perro y donde, simplemente, P\u00edsek vive. Si en tu programa te sobra apenas media hora, p\u00e1sate por aqu\u00ed. Vale la pena.<\/p>\n\n\n\n<h3 class=\"wp-block-heading\"><span class=\"ez-toc-section\" id=\"17_El_pabellon_de_Schrenk\"><\/span>17. El pabell\u00f3n de Schrenk<span class=\"ez-toc-section-end\"><\/span><\/h3>\n\n\n\n<p class=\"wp-block-paragraph\">A primera vista, un rom\u00e1ntico templete clasicista situado en el propio parque Palack\u00e9ho sady, de 1841. Lleva el nombre del entonces gobernador regional. Curiosamente, aunque parece se\u00f1orial, anta\u00f1o acogi\u00f3 incluso programas de teatro y m\u00fasica.<\/p>\n\n\n\n<h3 class=\"wp-block-heading\"><span class=\"ez-toc-section\" id=\"18_La_fuente_de_Neptuno\"><\/span>18. La fuente de Neptuno<span class=\"ez-toc-section-end\"><\/span><\/h3>\n\n\n\n<p class=\"wp-block-paragraph\">La estatua de Neptuno procede de una <strong>fuente barroca de 1771<\/strong> que originalmente estaba <strong>en la plaza Velk\u00e9 n\u00e1m\u011bst\u00ed<\/strong>. La fuente se elimin\u00f3 a principios del siglo XX y, a\u00f1os despu\u00e9s, Neptuno consigui\u00f3 un nuevo lugar aqu\u00ed, en el <strong>parque Palack\u00e9ho sady<\/strong>. Neptuno posa con su tridente entre los \u00e1rboles y a veces me pregunto si aqu\u00ed estar\u00e1 m\u00e1s a gusto que en la ajetreada plaza. Seguramente s\u00ed: en el parque hay calma y el agua de la fuente murmura agradablemente.<\/p>\n\n\n\n<h3 class=\"wp-block-heading\"><span class=\"ez-toc-section\" id=\"19_Monumentos_a_Adolf_Heyduk_y_Frantisek_Palacky\"><\/span>19. Monumentos a Adolf Heyduk y Franti\u0161ek Palack\u00fd<span class=\"ez-toc-section-end\"><\/span><\/h3>\n\n\n\n<p class=\"wp-block-paragraph\">En el parque Palack\u00e9ho sady encontrar\u00e1s monumentos a dos personalidades importantes, y quiero detenerme sobre todo en la primera. <strong>Adolf Heyduk<\/strong> fue un poeta que vivi\u00f3 en P\u00edsek m\u00e1s de <strong>60 a\u00f1os<\/strong>, se cas\u00f3 aqu\u00ed (su esposa era hija de la familia Reiner, s\u00ed, la del restaurante U Reiner\u016f) y escribi\u00f3 aqu\u00ed gran parte de su obra. Fue un patriota callado, amaba P\u00edsek y el sur de Bohemia y lo entreteji\u00f3 todo en su poes\u00eda.<\/p>\n\n\n\n<p class=\"wp-block-paragraph\">El monumento a <strong>Franti\u0161ek Palack\u00fd<\/strong>, padre de la naci\u00f3n e historiador, recuerda por su parte que tambi\u00e9n P\u00edsek tuvo su papel en el renacimiento nacional checo. Ambos monumentos est\u00e1n en un entorno precioso del parque, una parada ideal en tu paseo.<\/p>\n\n\n\n<h3 class=\"wp-block-heading\"><span class=\"ez-toc-section\" id=\"20_La_casa_de_Adolf_Heyduk\"><\/span>20. La casa de Adolf Heyduk<span class=\"ez-toc-section-end\"><\/span><\/h3>\n\n\n\n<figure data-wp-context=\"{&quot;imageId&quot;:&quot;6a952388c871d&quot;}\" data-wp-interactive=\"core\/image\" data-wp-key=\"6a952388c871d\" class=\"wp-block-image size-full wp-lightbox-container\"><img decoding=\"async\" width=\"1200\" height=\"800\" data-wp-class--hide=\"state.isContentHidden\" data-wp-class--show=\"state.isContentVisible\" data-wp-init=\"callbacks.setButtonStyles\" data-wp-on--click=\"actions.showLightbox\" data-wp-on--load=\"callbacks.setButtonStyles\" data-wp-on--pointerdown=\"actions.preloadImage\" data-wp-on--pointerenter=\"actions.preloadImageWithDelay\" data-wp-on--pointerleave=\"actions.cancelPreload\" data-wp-on-window--resize=\"callbacks.setButtonStyles\" src=\"https:\/\/loudavymkrokem.cz\/wp-content\/uploads\/2026\/08\/pamatnik-adolfa-heyduka-interier.jpg\" alt=\"Sal\u00f3n de \u00e9poca en el Memorial de Adolf Heyduk en P\u00edsek\" class=\"wp-image-399662\" title=\"\" srcset=\"https:\/\/loudavymkrokem.cz\/wp-content\/uploads\/2026\/08\/pamatnik-adolfa-heyduka-interier.jpg 1200w, https:\/\/loudavymkrokem.cz\/wp-content\/uploads\/2026\/08\/pamatnik-adolfa-heyduka-interier-300x200.jpg 300w, https:\/\/loudavymkrokem.cz\/wp-content\/uploads\/2026\/08\/pamatnik-adolfa-heyduka-interier-700x467.jpg 700w, https:\/\/loudavymkrokem.cz\/wp-content\/uploads\/2026\/08\/pamatnik-adolfa-heyduka-interier-768x512.jpg 768w, https:\/\/loudavymkrokem.cz\/wp-content\/uploads\/2026\/08\/pamatnik-adolfa-heyduka-interier-696x464.jpg 696w\" sizes=\"(max-width: 1200px) 100vw, 1200px\" \/><button\n\t\t\tclass=\"lightbox-trigger\"\n\t\t\ttype=\"button\"\n\t\t\taria-haspopup=\"dialog\"\n\t\t\tdata-wp-bind--aria-label=\"state.thisImage.triggerButtonAriaLabel\"\n\t\t\tdata-wp-init=\"callbacks.initTriggerButton\"\n\t\t\tdata-wp-on--click=\"actions.showLightbox\"\n\t\t\tdata-wp-style--right=\"state.thisImage.buttonRight\"\n\t\t\tdata-wp-style--top=\"state.thisImage.buttonTop\"\n\t\t>\n\t\t\t<svg xmlns=\"http:\/\/www.w3.org\/2000\/svg\" width=\"12\" height=\"12\" fill=\"none\" viewBox=\"0 0 12 12\">\n\t\t\t\t<path fill=\"#fff\" d=\"M2 0a2 2 0 0 0-2 2v2h1.5V2a.5.5 0 0 1 .5-.5h2V0H2Zm2 10.5H2a.5.5 0 0 1-.5-.5V8H0v2a2 2 0 0 0 2 2h2v-1.5ZM8 12v-1.5h2a.5.5 0 0 0 .5-.5V8H12v2a2 2 0 0 1-2 2H8Zm2-12a2 2 0 0 1 2 2v2h-1.5V2a.5.5 0 0 0-.5-.5H8V0h2Z\" \/>\n\t\t\t<\/svg>\n\t\t<\/button><\/figure>\n\n\n\n<p class=\"wp-block-paragraph\">Y del monumento, directamente a la casa. En la <strong>calle Tyr\u0161ova<\/strong> se alza la villa donde vivi\u00f3 Adolf Heyduk, otra joya arquitect\u00f3nica. La dise\u00f1\u00f3 el arquitecto <strong>Jan Koula<\/strong> en <strong>1900<\/strong> en estilo <strong>neorrenacentista checo<\/strong>, y lo que la hace \u00fanica: conserva en gran medida el <strong>interior original<\/strong>. Eso es una rareza en la Rep\u00fablica Checa, ya que la mayor\u00eda de casas parecidas pasaron por tantas reformas que del original no qued\u00f3 nada.<\/p>\n\n\n\n<p class=\"wp-block-paragraph\">Por fuera llaman la atenci\u00f3n los esgrafiados, los frontones decorados y esa sensaci\u00f3n general de que la casa la construy\u00f3 alguien a quien le importaba cada detalle. Si te interesa la arquitectura de finales del siglo XIX y principios del XX, esta es una parada obligada. Eso s\u00ed, ojo: el memorial permanece cerrado todo 2026 por reformas, as\u00ed que deja la visita del interior para la pr\u00f3xima temporada.<\/p>\n\n\n\n<h3 class=\"wp-block-heading\"><span class=\"ez-toc-section\" id=\"21_El_pabellon_de_Kronberger\"><\/span>21. El pabell\u00f3n de Kronberger<span class=\"ez-toc-section-end\"><\/span><\/h3>\n\n\n\n<p class=\"wp-block-paragraph\">Esta es una perla escondida que mucha gente ni conoce. Una peque\u00f1a construcci\u00f3n de estilo Imperio de 1840, encajada directamente en el muro del parc\u00e1n. La mand\u00f3 construir el capell\u00e1n Kronberger; seguramente solo quer\u00eda tener un bonito lugar para leer y meditar, y qui\u00e9n se lo iba a reprochar. Hoy alberga el club de filatelistas, algo un poco po\u00e9tico en s\u00ed mismo. Un pabell\u00f3n min\u00fasculo lleno de min\u00fasculos sellos.<\/p>\n\n\n\n<h3 class=\"wp-block-heading\"><span class=\"ez-toc-section\" id=\"22_Hotel_Otava\"><\/span>22. Hotel Otava<span class=\"ez-toc-section-end\"><\/span><\/h3>\n\n\n\n<figure data-wp-context=\"{&quot;imageId&quot;:&quot;6a952388c8dcc&quot;}\" data-wp-interactive=\"core\/image\" data-wp-key=\"6a952388c8dcc\" class=\"wp-block-image size-full wp-lightbox-container\"><img decoding=\"async\" width=\"2200\" height=\"1467\" data-wp-class--hide=\"state.isContentHidden\" data-wp-class--show=\"state.isContentVisible\" data-wp-init=\"callbacks.setButtonStyles\" data-wp-on--click=\"actions.showLightbox\" data-wp-on--load=\"callbacks.setButtonStyles\" data-wp-on--pointerdown=\"actions.preloadImage\" data-wp-on--pointerenter=\"actions.preloadImageWithDelay\" data-wp-on--pointerleave=\"actions.cancelPreload\" data-wp-on-window--resize=\"callbacks.setButtonStyles\" src=\"https:\/\/loudavymkrokem.cz\/wp-content\/uploads\/2026\/08\/pisek-hotel-otava-alsovy-malby.jpg\" alt=\"Hotel Otava en P\u00edsek con pinturas seg\u00fan dise\u00f1os de Mikol\u00e1\u0161 Ale\u0161\" class=\"wp-image-399363\" title=\"\" srcset=\"https:\/\/loudavymkrokem.cz\/wp-content\/uploads\/2026\/08\/pisek-hotel-otava-alsovy-malby.jpg 2200w, https:\/\/loudavymkrokem.cz\/wp-content\/uploads\/2026\/08\/pisek-hotel-otava-alsovy-malby-300x200.jpg 300w, https:\/\/loudavymkrokem.cz\/wp-content\/uploads\/2026\/08\/pisek-hotel-otava-alsovy-malby-700x467.jpg 700w, https:\/\/loudavymkrokem.cz\/wp-content\/uploads\/2026\/08\/pisek-hotel-otava-alsovy-malby-768x512.jpg 768w, https:\/\/loudavymkrokem.cz\/wp-content\/uploads\/2026\/08\/pisek-hotel-otava-alsovy-malby-1536x1024.jpg 1536w, https:\/\/loudavymkrokem.cz\/wp-content\/uploads\/2026\/08\/pisek-hotel-otava-alsovy-malby-2048x1366.jpg 2048w, https:\/\/loudavymkrokem.cz\/wp-content\/uploads\/2026\/08\/pisek-hotel-otava-alsovy-malby-696x464.jpg 696w, https:\/\/loudavymkrokem.cz\/wp-content\/uploads\/2026\/08\/pisek-hotel-otava-alsovy-malby-1392x928.jpg 1392w, https:\/\/loudavymkrokem.cz\/wp-content\/uploads\/2026\/08\/pisek-hotel-otava-alsovy-malby-1920x1280.jpg 1920w\" sizes=\"(max-width: 2200px) 100vw, 2200px\" \/><button\n\t\t\tclass=\"lightbox-trigger\"\n\t\t\ttype=\"button\"\n\t\t\taria-haspopup=\"dialog\"\n\t\t\tdata-wp-bind--aria-label=\"state.thisImage.triggerButtonAriaLabel\"\n\t\t\tdata-wp-init=\"callbacks.initTriggerButton\"\n\t\t\tdata-wp-on--click=\"actions.showLightbox\"\n\t\t\tdata-wp-style--right=\"state.thisImage.buttonRight\"\n\t\t\tdata-wp-style--top=\"state.thisImage.buttonTop\"\n\t\t>\n\t\t\t<svg xmlns=\"http:\/\/www.w3.org\/2000\/svg\" width=\"12\" height=\"12\" fill=\"none\" viewBox=\"0 0 12 12\">\n\t\t\t\t<path fill=\"#fff\" d=\"M2 0a2 2 0 0 0-2 2v2h1.5V2a.5.5 0 0 1 .5-.5h2V0H2Zm2 10.5H2a.5.5 0 0 1-.5-.5V8H0v2a2 2 0 0 0 2 2h2v-1.5ZM8 12v-1.5h2a.5.5 0 0 0 .5-.5V8H12v2a2 2 0 0 1-2 2H8Zm2-12a2 2 0 0 1 2 2v2h-1.5V2a.5.5 0 0 0-.5-.5H8V0h2Z\" \/>\n\t\t\t<\/svg>\n\t\t<\/button><\/figure>\n\n\n\n<p class=\"wp-block-paragraph\">Una joya neorrenacentista con elementos modernistas de finales del siglo XIX, que mand\u00f3 construir el boticario Dvo\u0159\u00e1\u010dek. Pero atenci\u00f3n, \u00a1f\u00edjate en esas fachadas! Las pinturas las realiz\u00f3 Josef Bos\u00e1\u010dek seg\u00fan dise\u00f1os de Mikol\u00e1\u0161 Ale\u0161 ya durante la construcci\u00f3n del hotel. La huella de Ale\u0161 est\u00e1 por todo P\u00edsek, pero aqu\u00ed es especialmente visible. El hotel ha pasado por diversas peripecias, pero la fachada sigue luciendo espl\u00e9ndida.<\/p>\n\n\n\n<p class=\"wp-block-paragraph\">Y ahora la novedad por la que vale la pena entrar tambi\u00e9n dentro. Tras la reforma, en la planta baja abri\u00f3 el <strong>Caf\u00e9 Otava<\/strong> (Komensk\u00e9ho 56\/1), un restaurante con cafeter\u00eda y vinoteca de <strong>estilo de la Primera Rep\u00fablica<\/strong>, que es lo que mejor le sienta a este edificio hist\u00f3rico. Abren a diario; entre semana desde las 7:30 para desayunar, el men\u00fa del mediod\u00eda se sirve de 11 a 15 h y por la noche el local se convierte en vinoteca con su propia bodega.<\/p>\n\n\n\n<p class=\"wp-block-paragraph\">Los vegetarianos no se quedar\u00e1n con hambre: en la carta suele haber, por ejemplo, <strong>risotto de setas con parmesano o coliflor rebozada por unos 8 \u20ac (199 CZK)<\/strong>, ensalada con queso de cabra a la parrilla por 10 \u20ac (239 CZK) y crema de calabaza por 2,50 \u20ac (59 CZK), adem\u00e1s de postres caseros de su propia pastelera. \ud83d\udca1 <strong>Consejo:<\/strong> si\u00e9ntate junto a la ventana y luego sal a la calle y mira otra vez hacia arriba, a las pinturas de Ale\u0161; con el caf\u00e9 en la mano es otra experiencia.<\/p>\n\n\n\n<h3 class=\"wp-block-heading\"><span class=\"ez-toc-section\" id=\"23_La_sinagoga_judia\"><\/span>23. La sinagoga jud\u00eda<span class=\"ez-toc-section-end\"><\/span><\/h3>\n\n\n\n<figure data-wp-context=\"{&quot;imageId&quot;:&quot;6a952388c93f2&quot;}\" data-wp-interactive=\"core\/image\" data-wp-key=\"6a952388c93f2\" class=\"wp-block-image size-full wp-lightbox-container\"><img decoding=\"async\" width=\"1200\" height=\"800\" data-wp-class--hide=\"state.isContentHidden\" data-wp-class--show=\"state.isContentVisible\" data-wp-init=\"callbacks.setButtonStyles\" data-wp-on--click=\"actions.showLightbox\" data-wp-on--load=\"callbacks.setButtonStyles\" data-wp-on--pointerdown=\"actions.preloadImage\" data-wp-on--pointerenter=\"actions.preloadImageWithDelay\" data-wp-on--pointerleave=\"actions.cancelPreload\" data-wp-on-window--resize=\"callbacks.setButtonStyles\" src=\"https:\/\/loudavymkrokem.cz\/wp-content\/uploads\/2026\/08\/synagoga-pisek-soukenicka.jpg\" alt=\"Sinagoga en la calle Soukenick\u00e1 de P\u00edsek\" class=\"wp-image-399654\" title=\"\" srcset=\"https:\/\/loudavymkrokem.cz\/wp-content\/uploads\/2026\/08\/synagoga-pisek-soukenicka.jpg 1200w, https:\/\/loudavymkrokem.cz\/wp-content\/uploads\/2026\/08\/synagoga-pisek-soukenicka-300x200.jpg 300w, https:\/\/loudavymkrokem.cz\/wp-content\/uploads\/2026\/08\/synagoga-pisek-soukenicka-700x467.jpg 700w, https:\/\/loudavymkrokem.cz\/wp-content\/uploads\/2026\/08\/synagoga-pisek-soukenicka-768x512.jpg 768w, https:\/\/loudavymkrokem.cz\/wp-content\/uploads\/2026\/08\/synagoga-pisek-soukenicka-696x464.jpg 696w\" sizes=\"(max-width: 1200px) 100vw, 1200px\" \/><button\n\t\t\tclass=\"lightbox-trigger\"\n\t\t\ttype=\"button\"\n\t\t\taria-haspopup=\"dialog\"\n\t\t\tdata-wp-bind--aria-label=\"state.thisImage.triggerButtonAriaLabel\"\n\t\t\tdata-wp-init=\"callbacks.initTriggerButton\"\n\t\t\tdata-wp-on--click=\"actions.showLightbox\"\n\t\t\tdata-wp-style--right=\"state.thisImage.buttonRight\"\n\t\t\tdata-wp-style--top=\"state.thisImage.buttonTop\"\n\t\t>\n\t\t\t<svg xmlns=\"http:\/\/www.w3.org\/2000\/svg\" width=\"12\" height=\"12\" fill=\"none\" viewBox=\"0 0 12 12\">\n\t\t\t\t<path fill=\"#fff\" d=\"M2 0a2 2 0 0 0-2 2v2h1.5V2a.5.5 0 0 1 .5-.5h2V0H2Zm2 10.5H2a.5.5 0 0 1-.5-.5V8H0v2a2 2 0 0 0 2 2h2v-1.5ZM8 12v-1.5h2a.5.5 0 0 0 .5-.5V8H12v2a2 2 0 0 1-2 2H8Zm2-12a2 2 0 0 1 2 2v2h-1.5V2a.5.5 0 0 0-.5-.5H8V0h2Z\" \/>\n\t\t\t<\/svg>\n\t\t<\/button><\/figure>\n\n\n\n<p class=\"wp-block-paragraph\">En la calle Soukenick\u00e1 se alza una sinagoga de 1871. Tiene aqu\u00ed una historia triste. Los oficios religiosos terminaron en 1938, durante la ocupaci\u00f3n la sinagoga fue clausurada y, tras la guerra, sirvi\u00f3 durante largos a\u00f1os solo como almac\u00e9n. Hoy es un lugar silencioso, un poco olvidado, que sin embargo carga con una historia importante. Si pasas cerca, detente al menos un momento.<\/p>\n\n\n\n<h3 class=\"wp-block-heading\"><span class=\"ez-toc-section\" id=\"24_El_edificio_del_ambulatorio\"><\/span>24. El edificio del ambulatorio<span class=\"ez-toc-section-end\"><\/span><\/h3>\n\n\n\n<p class=\"wp-block-paragraph\">Un palacio neorrenacentista en la plaza Al\u0161ovo que parece pensado para bailes y recepciones de gala. \u00bfY qu\u00e9 alberga? Un ambulatorio m\u00e9dico. \ud83d\ude05 Antes fue la posada U \u010cern\u00e9ho orla, as\u00ed que este edificio ha recorrido un camino curioso: de las verbenas a la cerveza y de ah\u00ed al dentista. Iron\u00edas del destino, pero al menos puedes contemplar esa belleza mientras esperas para un an\u00e1lisis de sangre.<\/p>\n\n\n\n<h3 class=\"wp-block-heading\"><span class=\"ez-toc-section\" id=\"25_La_casa_de_las_Bolas_y_las_casas_burguesas\"><\/span>25. La casa de las Bolas y las casas burguesas<span class=\"ez-toc-section-end\"><\/span><\/h3>\n\n\n\n<figure data-wp-context=\"{&quot;imageId&quot;:&quot;6a952388c9a15&quot;}\" data-wp-interactive=\"core\/image\" data-wp-key=\"6a952388c9a15\" class=\"wp-block-image size-full wp-lightbox-container\"><img decoding=\"async\" width=\"2200\" height=\"1467\" data-wp-class--hide=\"state.isContentHidden\" data-wp-class--show=\"state.isContentVisible\" data-wp-init=\"callbacks.setButtonStyles\" data-wp-on--click=\"actions.showLightbox\" data-wp-on--load=\"callbacks.setButtonStyles\" data-wp-on--pointerdown=\"actions.preloadImage\" data-wp-on--pointerenter=\"actions.preloadImageWithDelay\" data-wp-on--pointerleave=\"actions.cancelPreload\" data-wp-on-window--resize=\"callbacks.setButtonStyles\" src=\"https:\/\/loudavymkrokem.cz\/wp-content\/uploads\/2026\/08\/pisek-dum-u-slona.jpg\" alt=\"Casa U Slona en P\u00edsek con una escultura de elefante en la fachada\" class=\"wp-image-399368\" title=\"\" srcset=\"https:\/\/loudavymkrokem.cz\/wp-content\/uploads\/2026\/08\/pisek-dum-u-slona.jpg 2200w, https:\/\/loudavymkrokem.cz\/wp-content\/uploads\/2026\/08\/pisek-dum-u-slona-300x200.jpg 300w, https:\/\/loudavymkrokem.cz\/wp-content\/uploads\/2026\/08\/pisek-dum-u-slona-700x467.jpg 700w, https:\/\/loudavymkrokem.cz\/wp-content\/uploads\/2026\/08\/pisek-dum-u-slona-768x512.jpg 768w, https:\/\/loudavymkrokem.cz\/wp-content\/uploads\/2026\/08\/pisek-dum-u-slona-1536x1024.jpg 1536w, https:\/\/loudavymkrokem.cz\/wp-content\/uploads\/2026\/08\/pisek-dum-u-slona-2048x1366.jpg 2048w, https:\/\/loudavymkrokem.cz\/wp-content\/uploads\/2026\/08\/pisek-dum-u-slona-696x464.jpg 696w, https:\/\/loudavymkrokem.cz\/wp-content\/uploads\/2026\/08\/pisek-dum-u-slona-1392x928.jpg 1392w, https:\/\/loudavymkrokem.cz\/wp-content\/uploads\/2026\/08\/pisek-dum-u-slona-1920x1280.jpg 1920w\" sizes=\"(max-width: 2200px) 100vw, 2200px\" \/><button\n\t\t\tclass=\"lightbox-trigger\"\n\t\t\ttype=\"button\"\n\t\t\taria-haspopup=\"dialog\"\n\t\t\tdata-wp-bind--aria-label=\"state.thisImage.triggerButtonAriaLabel\"\n\t\t\tdata-wp-init=\"callbacks.initTriggerButton\"\n\t\t\tdata-wp-on--click=\"actions.showLightbox\"\n\t\t\tdata-wp-style--right=\"state.thisImage.buttonRight\"\n\t\t\tdata-wp-style--top=\"state.thisImage.buttonTop\"\n\t\t>\n\t\t\t<svg xmlns=\"http:\/\/www.w3.org\/2000\/svg\" width=\"12\" height=\"12\" fill=\"none\" viewBox=\"0 0 12 12\">\n\t\t\t\t<path fill=\"#fff\" d=\"M2 0a2 2 0 0 0-2 2v2h1.5V2a.5.5 0 0 1 .5-.5h2V0H2Zm2 10.5H2a.5.5 0 0 1-.5-.5V8H0v2a2 2 0 0 0 2 2h2v-1.5ZM8 12v-1.5h2a.5.5 0 0 0 .5-.5V8H12v2a2 2 0 0 1-2 2H8Zm2-12a2 2 0 0 1 2 2v2h-1.5V2a.5.5 0 0 0-.5-.5H8V0h2Z\" \/>\n\t\t\t<\/svg>\n\t\t<\/button><\/figure>\n\n\n\n<p class=\"wp-block-paragraph\">Esta casa la reconoces f\u00e1cilmente. Tiene incrustadas en la fachada balas de ca\u00f1\u00f3n. No es una decoraci\u00f3n, sino un recuerdo aut\u00e9ntico de tiempos de guerra. Los esgrafiados renacentistas de la fachada son preciosos y, como plus, aqu\u00ed vivi\u00f3 el poeta Fr\u00e1\u0148a \u0160r\u00e1mek.<\/p>\n\n\n\n<p class=\"wp-block-paragraph\">Pero P\u00edsek est\u00e1 lleno de bonitas casas burguesas que merecen atenci\u00f3n. La <strong>casa U Slona<\/strong>, <strong>U Ber\u00e1nka<\/strong>, <strong>Drl\u00ed\u010dov<\/strong>, <strong>Chel\u010dick\u00e9ho 4<\/strong>, <strong>U Matky Bo\u017e\u00ed<\/strong>: cada una tiene su historia, su decoraci\u00f3n, su car\u00e1cter. Te recomiendo simplemente levantar la vista de la acera y mirar hacia arriba. P\u00edsek recompensa a quien observa con atenci\u00f3n.<\/p>\n\n\n\n<h3 class=\"wp-block-heading\"><span class=\"ez-toc-section\" id=\"26_El_puente_nuevo\"><\/span>26. El puente nuevo<span class=\"ez-toc-section-end\"><\/span><\/h3>\n\n\n\n<p class=\"wp-block-paragraph\">Un puente construido durante la Segunda Guerra Mundial, lo que podr\u00eda sonar poco interesante, pero en realidad es un monumento arquitect\u00f3nico. Dise\u00f1o limpio y funcional, un elegante arco sobre el Otava. Queda algo a la sombra de su m\u00e1s famoso vecino de piedra, pero aun as\u00ed lo menciono.<\/p>\n\n\n\n<h3 class=\"wp-block-heading\"><span class=\"ez-toc-section\" id=\"27_La_Sokolovna\"><\/span>27. La Sokolovna<span class=\"ez-toc-section-end\"><\/span><\/h3>\n\n\n\n<p class=\"wp-block-paragraph\">En la calle Tyr\u0161ova, desde 1895, se alza la Sokolovna con su rica decoraci\u00f3n de estuco. Fue un centro de patriotismo y de vida asociativa: aqu\u00ed se hac\u00eda ejercicio, se cantaba, se debat\u00eda y se constru\u00eda la identidad nacional. La gimnasia sokol se sigue practicando en ella hoy en d\u00eda.<\/p>\n\n\n\n<h3 class=\"wp-block-heading\"><span class=\"ez-toc-section\" id=\"28_La_vieja_oficina_de_correos\"><\/span>28. La vieja oficina de correos<span class=\"ez-toc-section-end\"><\/span><\/h3>\n\n\n\n<p class=\"wp-block-paragraph\">Calle Gregorova, n\u00famero 125. La vieja oficina de correos recuerda a\u00fan la \u00e9poca de las diligencias. Imag\u00ednate c\u00f3mo llegaban aqu\u00ed los carros tirados por caballos con cartas, paquetes y, de vez en cuando, viajeros cubiertos de polvo del camino. En una \u00e9poca en la que un \u00abemail\u00bb significaba que la paloma te tra\u00eda el mensaje m\u00e1s r\u00e1pido de lo habitual.<\/p>\n\n\n\n<h3 class=\"wp-block-heading\"><span class=\"ez-toc-section\" id=\"29_La_villa_Raab\"><\/span>29. La villa Raab<span class=\"ez-toc-section-end\"><\/span><\/h3>\n\n\n\n<p class=\"wp-block-paragraph\">Y ahora algo que no deja de fascinarme. <strong>La villa Raab es la primera obra independiente que dise\u00f1\u00f3 el arquitecto Du\u0161an Jurkovi\u010d.<\/strong> A\u00f1o 1901. La mand\u00f3 construir el industrial Adolf Raab y es una preciosa mezcla de arquitectura popular eslovaca y suiza. Elementos de madera, detalles rom\u00e1nticos, todo perfectamente pensado.<\/p>\n\n\n\n<p class=\"wp-block-paragraph\">La encontrar\u00e1s en el cruce de las calles T\u00e1borsk\u00e1 y Sedl\u00e1\u010dkova. Es incre\u00edble que esta joya se alce precisamente aqu\u00ed, en P\u00edsek. Jurkovi\u010d construir\u00eda despu\u00e9s por toda la Rep\u00fablica Checa y Eslovaquia, pero empez\u00f3 con nosotros. Como oriunda de aqu\u00ed, no puedo evitar sentirme orgullosa. \u263a\ufe0f<\/p>\n\n\n\n<h3 class=\"wp-block-heading\"><span class=\"ez-toc-section\" id=\"30_Monumento_a_los_caidos_en_Melegnano_y_Solferino\"><\/span>30. Monumento a los ca\u00eddos en Melegnano y Solferino<span class=\"ez-toc-section-end\"><\/span><\/h3>\n\n\n\n<figure data-wp-context=\"{&quot;imageId&quot;:&quot;6a952388ca582&quot;}\" data-wp-interactive=\"core\/image\" data-wp-key=\"6a952388ca582\" class=\"wp-block-image size-full wp-lightbox-container\"><img decoding=\"async\" width=\"2200\" height=\"1467\" data-wp-class--hide=\"state.isContentHidden\" data-wp-class--show=\"state.isContentVisible\" data-wp-init=\"callbacks.setButtonStyles\" data-wp-on--click=\"actions.showLightbox\" data-wp-on--load=\"callbacks.setButtonStyles\" data-wp-on--pointerdown=\"actions.preloadImage\" data-wp-on--pointerenter=\"actions.preloadImageWithDelay\" data-wp-on--pointerleave=\"actions.cancelPreload\" data-wp-on-window--resize=\"callbacks.setButtonStyles\" src=\"https:\/\/loudavymkrokem.cz\/wp-content\/uploads\/2026\/08\/pisek-pomnik-melegnano-solferino.jpg\" alt=\"Monumento a los ca\u00eddos en Melegnano y Solferino en P\u00edsek\" class=\"wp-image-399375\" title=\"\" srcset=\"https:\/\/loudavymkrokem.cz\/wp-content\/uploads\/2026\/08\/pisek-pomnik-melegnano-solferino.jpg 2200w, https:\/\/loudavymkrokem.cz\/wp-content\/uploads\/2026\/08\/pisek-pomnik-melegnano-solferino-300x200.jpg 300w, https:\/\/loudavymkrokem.cz\/wp-content\/uploads\/2026\/08\/pisek-pomnik-melegnano-solferino-700x467.jpg 700w, https:\/\/loudavymkrokem.cz\/wp-content\/uploads\/2026\/08\/pisek-pomnik-melegnano-solferino-768x512.jpg 768w, https:\/\/loudavymkrokem.cz\/wp-content\/uploads\/2026\/08\/pisek-pomnik-melegnano-solferino-1536x1024.jpg 1536w, https:\/\/loudavymkrokem.cz\/wp-content\/uploads\/2026\/08\/pisek-pomnik-melegnano-solferino-2048x1366.jpg 2048w, https:\/\/loudavymkrokem.cz\/wp-content\/uploads\/2026\/08\/pisek-pomnik-melegnano-solferino-696x464.jpg 696w, https:\/\/loudavymkrokem.cz\/wp-content\/uploads\/2026\/08\/pisek-pomnik-melegnano-solferino-1392x928.jpg 1392w, https:\/\/loudavymkrokem.cz\/wp-content\/uploads\/2026\/08\/pisek-pomnik-melegnano-solferino-1920x1280.jpg 1920w\" sizes=\"(max-width: 2200px) 100vw, 2200px\" \/><button\n\t\t\tclass=\"lightbox-trigger\"\n\t\t\ttype=\"button\"\n\t\t\taria-haspopup=\"dialog\"\n\t\t\tdata-wp-bind--aria-label=\"state.thisImage.triggerButtonAriaLabel\"\n\t\t\tdata-wp-init=\"callbacks.initTriggerButton\"\n\t\t\tdata-wp-on--click=\"actions.showLightbox\"\n\t\t\tdata-wp-style--right=\"state.thisImage.buttonRight\"\n\t\t\tdata-wp-style--top=\"state.thisImage.buttonTop\"\n\t\t>\n\t\t\t<svg xmlns=\"http:\/\/www.w3.org\/2000\/svg\" width=\"12\" height=\"12\" fill=\"none\" viewBox=\"0 0 12 12\">\n\t\t\t\t<path fill=\"#fff\" d=\"M2 0a2 2 0 0 0-2 2v2h1.5V2a.5.5 0 0 1 .5-.5h2V0H2Zm2 10.5H2a.5.5 0 0 1-.5-.5V8H0v2a2 2 0 0 0 2 2h2v-1.5ZM8 12v-1.5h2a.5.5 0 0 0 .5-.5V8H12v2a2 2 0 0 1-2 2H8Zm2-12a2 2 0 0 1 2 2v2h-1.5V2a.5.5 0 0 0-.5-.5H8V0h2Z\" \/>\n\t\t\t<\/svg>\n\t\t<\/button><\/figure>\n\n\n\n<p class=\"wp-block-paragraph\">Una escultura de un le\u00f3n de pie sobre una bandera desplegada, s\u00edmbolo de la calma tras la batalla. El monumento recuerda a los soldados del 11.\u00ba regimiento de P\u00edsek, ca\u00eddos en las batallas de Melegnano y Solferino, en Italia, en 1859. Muy lejos de casa, muy lejos del Otava. Un monumento silencioso y digno ante el que vale la pena detenerse un instante.<\/p>\n\n\n\n<h3 class=\"wp-block-heading\"><span class=\"ez-toc-section\" id=\"31_La_capilla_mariana\"><\/span>31. La capilla mariana<span class=\"ez-toc-section-end\"><\/span><\/h3>\n\n\n\n<p class=\"wp-block-paragraph\">Un peque\u00f1o monumento barroco a las afueras del centro. Ning\u00fan templo grandioso, m\u00e1s bien un punto tranquilo en el mapa de la ciudad. Justo ese tipo de lugar por el que pasas veinte veces antes de fijarte en \u00e9l por primera vez, y luego te preguntas c\u00f3mo has podido ignorarlo.<\/p>\n\n\n\n<h3 class=\"wp-block-heading\"><span class=\"ez-toc-section\" id=\"32_Iglesia_de_la_Santisima_Trinidad\"><\/span>32. Iglesia de la Sant\u00edsima Trinidad<span class=\"ez-toc-section-end\"><\/span><\/h3>\n\n\n\n<figure data-wp-context=\"{&quot;imageId&quot;:&quot;6a952388cab8a&quot;}\" data-wp-interactive=\"core\/image\" data-wp-key=\"6a952388cab8a\" class=\"wp-block-image size-full wp-lightbox-container\"><img decoding=\"async\" width=\"1600\" height=\"1200\" data-wp-class--hide=\"state.isContentHidden\" data-wp-class--show=\"state.isContentVisible\" data-wp-init=\"callbacks.setButtonStyles\" data-wp-on--click=\"actions.showLightbox\" data-wp-on--load=\"callbacks.setButtonStyles\" data-wp-on--pointerdown=\"actions.preloadImage\" data-wp-on--pointerenter=\"actions.preloadImageWithDelay\" data-wp-on--pointerleave=\"actions.cancelPreload\" data-wp-on-window--resize=\"callbacks.setButtonStyles\" src=\"https:\/\/loudavymkrokem.cz\/wp-content\/uploads\/2026\/08\/kostel-nejsvetejsi-trojice-pisek.jpg\" alt=\"Iglesia de la Sant\u00edsima Trinidad en P\u00edsek\" class=\"wp-image-399710\" title=\"\" srcset=\"https:\/\/loudavymkrokem.cz\/wp-content\/uploads\/2026\/08\/kostel-nejsvetejsi-trojice-pisek.jpg 1600w, https:\/\/loudavymkrokem.cz\/wp-content\/uploads\/2026\/08\/kostel-nejsvetejsi-trojice-pisek-300x225.jpg 300w, https:\/\/loudavymkrokem.cz\/wp-content\/uploads\/2026\/08\/kostel-nejsvetejsi-trojice-pisek-700x525.jpg 700w, https:\/\/loudavymkrokem.cz\/wp-content\/uploads\/2026\/08\/kostel-nejsvetejsi-trojice-pisek-768x576.jpg 768w, https:\/\/loudavymkrokem.cz\/wp-content\/uploads\/2026\/08\/kostel-nejsvetejsi-trojice-pisek-1536x1152.jpg 1536w, https:\/\/loudavymkrokem.cz\/wp-content\/uploads\/2026\/08\/kostel-nejsvetejsi-trojice-pisek-80x60.jpg 80w, https:\/\/loudavymkrokem.cz\/wp-content\/uploads\/2026\/08\/kostel-nejsvetejsi-trojice-pisek-160x120.jpg 160w, https:\/\/loudavymkrokem.cz\/wp-content\/uploads\/2026\/08\/kostel-nejsvetejsi-trojice-pisek-696x522.jpg 696w, https:\/\/loudavymkrokem.cz\/wp-content\/uploads\/2026\/08\/kostel-nejsvetejsi-trojice-pisek-1392x1044.jpg 1392w\" sizes=\"(max-width: 1600px) 100vw, 1600px\" \/><button\n\t\t\tclass=\"lightbox-trigger\"\n\t\t\ttype=\"button\"\n\t\t\taria-haspopup=\"dialog\"\n\t\t\tdata-wp-bind--aria-label=\"state.thisImage.triggerButtonAriaLabel\"\n\t\t\tdata-wp-init=\"callbacks.initTriggerButton\"\n\t\t\tdata-wp-on--click=\"actions.showLightbox\"\n\t\t\tdata-wp-style--right=\"state.thisImage.buttonRight\"\n\t\t\tdata-wp-style--top=\"state.thisImage.buttonTop\"\n\t\t>\n\t\t\t<svg xmlns=\"http:\/\/www.w3.org\/2000\/svg\" width=\"12\" height=\"12\" fill=\"none\" viewBox=\"0 0 12 12\">\n\t\t\t\t<path fill=\"#fff\" d=\"M2 0a2 2 0 0 0-2 2v2h1.5V2a.5.5 0 0 1 .5-.5h2V0H2Zm2 10.5H2a.5.5 0 0 1-.5-.5V8H0v2a2 2 0 0 0 2 2h2v-1.5ZM8 12v-1.5h2a.5.5 0 0 0 .5-.5V8H12v2a2 2 0 0 1-2 2H8Zm2-12a2 2 0 0 1 2 2v2h-1.5V2a.5.5 0 0 0-.5-.5H8V0h2Z\" \/>\n\t\t\t<\/svg>\n\t\t<\/button><\/figure>\n\n\n\n<p class=\"wp-block-paragraph\">Iglesia del g\u00f3tico tard\u00edo de 1576 con un viejo cementerio adyacente. Y ahora lo importante: tiene una <strong>ac\u00fastica absolutamente incre\u00edble<\/strong>. Por eso hoy sirve de sala de conciertos y escuchar aqu\u00ed m\u00fasica en directo es una experiencia inolvidable. B\u00f3vedas g\u00f3ticas, viejas l\u00e1pidas tras las ventanas y un sonido que te envuelve por todos lados. Si justo hay alg\u00fan concierto, ve. Sin pensarlo.<\/p>\n\n\n\n<h3 class=\"wp-block-heading\"><span class=\"ez-toc-section\" id=\"33_Iglesia_de_san_Wenceslao\"><\/span>33. Iglesia de san Wenceslao<span class=\"ez-toc-section-end\"><\/span><\/h3>\n\n\n\n<figure data-wp-context=\"{&quot;imageId&quot;:&quot;6a952388cb09d&quot;}\" data-wp-interactive=\"core\/image\" data-wp-key=\"6a952388cb09d\" class=\"wp-block-image size-full wp-lightbox-container\"><img decoding=\"async\" width=\"1600\" height=\"1071\" data-wp-class--hide=\"state.isContentHidden\" data-wp-class--show=\"state.isContentVisible\" data-wp-init=\"callbacks.setButtonStyles\" data-wp-on--click=\"actions.showLightbox\" data-wp-on--load=\"callbacks.setButtonStyles\" data-wp-on--pointerdown=\"actions.preloadImage\" data-wp-on--pointerenter=\"actions.preloadImageWithDelay\" data-wp-on--pointerleave=\"actions.cancelPreload\" data-wp-on-window--resize=\"callbacks.setButtonStyles\" src=\"https:\/\/loudavymkrokem.cz\/wp-content\/uploads\/2026\/08\/kostel-sv-vaclava-pisek-vaclavske-predmesti.jpg\" alt=\"Iglesia de san Wenceslao en el arrabal de V\u00e1clav en P\u00edsek\" class=\"wp-image-399713\" title=\"\" srcset=\"https:\/\/loudavymkrokem.cz\/wp-content\/uploads\/2026\/08\/kostel-sv-vaclava-pisek-vaclavske-predmesti.jpg 1600w, https:\/\/loudavymkrokem.cz\/wp-content\/uploads\/2026\/08\/kostel-sv-vaclava-pisek-vaclavske-predmesti-300x201.jpg 300w, https:\/\/loudavymkrokem.cz\/wp-content\/uploads\/2026\/08\/kostel-sv-vaclava-pisek-vaclavske-predmesti-700x469.jpg 700w, https:\/\/loudavymkrokem.cz\/wp-content\/uploads\/2026\/08\/kostel-sv-vaclava-pisek-vaclavske-predmesti-768x514.jpg 768w, https:\/\/loudavymkrokem.cz\/wp-content\/uploads\/2026\/08\/kostel-sv-vaclava-pisek-vaclavske-predmesti-1536x1028.jpg 1536w, https:\/\/loudavymkrokem.cz\/wp-content\/uploads\/2026\/08\/kostel-sv-vaclava-pisek-vaclavske-predmesti-696x466.jpg 696w, https:\/\/loudavymkrokem.cz\/wp-content\/uploads\/2026\/08\/kostel-sv-vaclava-pisek-vaclavske-predmesti-1392x932.jpg 1392w\" sizes=\"(max-width: 1600px) 100vw, 1600px\" \/><button\n\t\t\tclass=\"lightbox-trigger\"\n\t\t\ttype=\"button\"\n\t\t\taria-haspopup=\"dialog\"\n\t\t\tdata-wp-bind--aria-label=\"state.thisImage.triggerButtonAriaLabel\"\n\t\t\tdata-wp-init=\"callbacks.initTriggerButton\"\n\t\t\tdata-wp-on--click=\"actions.showLightbox\"\n\t\t\tdata-wp-style--right=\"state.thisImage.buttonRight\"\n\t\t\tdata-wp-style--top=\"state.thisImage.buttonTop\"\n\t\t>\n\t\t\t<svg xmlns=\"http:\/\/www.w3.org\/2000\/svg\" width=\"12\" height=\"12\" fill=\"none\" viewBox=\"0 0 12 12\">\n\t\t\t\t<path fill=\"#fff\" d=\"M2 0a2 2 0 0 0-2 2v2h1.5V2a.5.5 0 0 1 .5-.5h2V0H2Zm2 10.5H2a.5.5 0 0 1-.5-.5V8H0v2a2 2 0 0 0 2 2h2v-1.5ZM8 12v-1.5h2a.5.5 0 0 0 .5-.5V8H12v2a2 2 0 0 1-2 2H8Zm2-12a2 2 0 0 1 2 2v2h-1.5V2a.5.5 0 0 0-.5-.5H8V0h2Z\" \/>\n\t\t\t<\/svg>\n\t\t<\/button><\/figure>\n\n\n\n<p class=\"wp-block-paragraph\">El <strong>lugar sacro m\u00e1s antiguo de P\u00edsek<\/strong>, documentado ya en torno al a\u00f1o 1200; la construcci\u00f3n actual, g\u00f3tico-renacentista, es del siglo XVI y se alza en el arrabal de V\u00e1clav. Aqu\u00ed encontrar\u00e1s <strong>probablemente la representaci\u00f3n en fresco m\u00e1s antigua de Europa de la quema del maestro Jan Hus<\/strong>. \u00a1En P\u00edsek! Solo cuenta con que dentro suele accederse \u00fanicamente durante las misas.<\/p>\n\n\n\n<p class=\"wp-block-paragraph\">Esto merecer\u00eda mucha m\u00e1s atenci\u00f3n de la que recibe. Si te interesa la historia, aqu\u00ed est\u00e1s ante algo realmente excepcional.<\/p>\n\n\n\n<h3 class=\"wp-block-heading\"><span class=\"ez-toc-section\" id=\"34_El_castro\"><\/span>34. El castro<span class=\"ez-toc-section-end\"><\/span><\/h3>\n\n\n\n<p class=\"wp-block-paragraph\">Restos de un asentamiento remoto de una \u00e9poca en la que la ciudad de P\u00edsek a\u00fan no exist\u00eda. Aqu\u00ed viv\u00eda gente mucho antes de que alguien colocara la primera piedra del puente. Da que pensar: est\u00e1s en un lugar donde la gente se asent\u00f3 quiz\u00e1 hace miles de a\u00f1os porque aqu\u00ed se estaba bien. Y aqu\u00ed se sigue estando bien.<\/p>\n\n\n\n<h3 class=\"wp-block-heading\"><span class=\"ez-toc-section\" id=\"35_El_camino_de_las_piedras_del_dolor\"><\/span>35. El camino de las piedras del dolor<span class=\"ez-toc-section-end\"><\/span><\/h3>\n\n\n\n<p class=\"wp-block-paragraph\">A unos 1,5 km del coto U Vod\u00e1ka encontrar\u00e1s un camino que puede sorprenderte. <strong>14 bloques de piedra<\/strong> bordean el sendero y cada uno simboliza un sufrimiento moderno: depresi\u00f3n, soledad, agotamiento, p\u00e9rdida de un ser querido, adicci\u00f3n&#8230;<\/p>\n\n\n\n<p class=\"wp-block-paragraph\">No es un paseo deprimente, aunque pueda sonar as\u00ed. Es m\u00e1s bien poner nombre a cosas de las que normalmente no se habla. Y el camino termina con esperanza: en un mirador desde el que se ve a lo lejos. Como met\u00e1fora funciona de maravilla. Como paseo, tambi\u00e9n.<\/p>\n\n\n\n<h3 class=\"wp-block-heading\"><span class=\"ez-toc-section\" id=\"36_La_villa_Marta_y_la_pasarela_de_Dagmar_Simkova\"><\/span>36. La villa Marta y la pasarela de Dagmar \u0160imkov\u00e1<span class=\"ez-toc-section-end\"><\/span><\/h3>\n\n\n\n<figure data-wp-context=\"{&quot;imageId&quot;:&quot;6a952388cb7e6&quot;}\" data-wp-interactive=\"core\/image\" data-wp-key=\"6a952388cb7e6\" class=\"wp-block-image size-full wp-lightbox-container\"><img decoding=\"async\" width=\"1200\" height=\"800\" data-wp-class--hide=\"state.isContentHidden\" data-wp-class--show=\"state.isContentVisible\" data-wp-init=\"callbacks.setButtonStyles\" data-wp-on--click=\"actions.showLightbox\" data-wp-on--load=\"callbacks.setButtonStyles\" data-wp-on--pointerdown=\"actions.preloadImage\" data-wp-on--pointerenter=\"actions.preloadImageWithDelay\" data-wp-on--pointerleave=\"actions.cancelPreload\" data-wp-on-window--resize=\"callbacks.setButtonStyles\" src=\"https:\/\/loudavymkrokem.cz\/wp-content\/uploads\/2026\/08\/lavka-dagmar-simkove-pisek.jpg\" alt=\"Pasarela de Dagmar \u0160imkov\u00e1 sobre el Otava en P\u00edsek\" class=\"wp-image-399611\" title=\"\" srcset=\"https:\/\/loudavymkrokem.cz\/wp-content\/uploads\/2026\/08\/lavka-dagmar-simkove-pisek.jpg 1200w, https:\/\/loudavymkrokem.cz\/wp-content\/uploads\/2026\/08\/lavka-dagmar-simkove-pisek-300x200.jpg 300w, https:\/\/loudavymkrokem.cz\/wp-content\/uploads\/2026\/08\/lavka-dagmar-simkove-pisek-700x467.jpg 700w, https:\/\/loudavymkrokem.cz\/wp-content\/uploads\/2026\/08\/lavka-dagmar-simkove-pisek-768x512.jpg 768w, https:\/\/loudavymkrokem.cz\/wp-content\/uploads\/2026\/08\/lavka-dagmar-simkove-pisek-696x464.jpg 696w\" sizes=\"(max-width: 1200px) 100vw, 1200px\" \/><button\n\t\t\tclass=\"lightbox-trigger\"\n\t\t\ttype=\"button\"\n\t\t\taria-haspopup=\"dialog\"\n\t\t\tdata-wp-bind--aria-label=\"state.thisImage.triggerButtonAriaLabel\"\n\t\t\tdata-wp-init=\"callbacks.initTriggerButton\"\n\t\t\tdata-wp-on--click=\"actions.showLightbox\"\n\t\t\tdata-wp-style--right=\"state.thisImage.buttonRight\"\n\t\t\tdata-wp-style--top=\"state.thisImage.buttonTop\"\n\t\t>\n\t\t\t<svg xmlns=\"http:\/\/www.w3.org\/2000\/svg\" width=\"12\" height=\"12\" fill=\"none\" viewBox=\"0 0 12 12\">\n\t\t\t\t<path fill=\"#fff\" d=\"M2 0a2 2 0 0 0-2 2v2h1.5V2a.5.5 0 0 1 .5-.5h2V0H2Zm2 10.5H2a.5.5 0 0 1-.5-.5V8H0v2a2 2 0 0 0 2 2h2v-1.5ZM8 12v-1.5h2a.5.5 0 0 0 .5-.5V8H12v2a2 2 0 0 1-2 2H8Zm2-12a2 2 0 0 1 2 2v2h-1.5V2a.5.5 0 0 0-.5-.5H8V0h2Z\" \/>\n\t\t\t<\/svg>\n\t\t<\/button><\/figure>\n\n\n\n<p class=\"wp-block-paragraph\">Una historia que dar\u00eda para toda una pel\u00edcula. <strong>Dagmar \u0160imkov\u00e1<\/strong> fue una presa pol\u00edtica a la que la polic\u00eda secreta comunista (StB) detuvo precisamente en la preciosa villa Marta, aqu\u00ed en P\u00edsek. Pas\u00f3 a\u00f1os en c\u00e1rceles comunistas y escribi\u00f3 sobre ello el libro <strong>Byly jsme tam taky<\/strong> (\u00abNosotras tambi\u00e9n estuvimos all\u00ed\u00bb); si no lo conoces, l\u00e9elo.<\/p>\n\n\n\n<p class=\"wp-block-paragraph\">En 2018 se inaugur\u00f3 en su honor una elegante <strong>pasarela sobre el Otava<\/strong>, de 140 metros de largo, dise\u00f1ada por el arquitecto <strong>Josef Pleskot<\/strong>, que por cierto es natural de P\u00edsek. La pasarela es preciosa, ligera, moderna y, a la vez, carga con una historia dura e importante. Uno de los rincones m\u00e1s bonitos de la ciudad para pasear con el carrito o para salir a correr.<\/p>\n\n\n\n<h3 class=\"wp-block-heading\"><span class=\"ez-toc-section\" id=\"37_Teatro_Frana_Sramek\"><\/span>37. Teatro Fr\u00e1\u0148a \u0160r\u00e1mek<span class=\"ez-toc-section-end\"><\/span><\/h3>\n\n\n\n<figure data-wp-context=\"{&quot;imageId&quot;:&quot;6a952388cbd07&quot;}\" data-wp-interactive=\"core\/image\" data-wp-key=\"6a952388cbd07\" class=\"wp-block-image size-full wp-lightbox-container\"><img decoding=\"async\" width=\"1600\" height=\"1066\" data-wp-class--hide=\"state.isContentHidden\" data-wp-class--show=\"state.isContentVisible\" data-wp-init=\"callbacks.setButtonStyles\" data-wp-on--click=\"actions.showLightbox\" data-wp-on--load=\"callbacks.setButtonStyles\" data-wp-on--pointerdown=\"actions.preloadImage\" data-wp-on--pointerenter=\"actions.preloadImageWithDelay\" data-wp-on--pointerleave=\"actions.cancelPreload\" data-wp-on-window--resize=\"callbacks.setButtonStyles\" src=\"https:\/\/loudavymkrokem.cz\/wp-content\/uploads\/2026\/08\/divadlo-frani-sramka-pisek.jpg\" alt=\"Teatro Fr\u00e1\u0148a \u0160r\u00e1mek en P\u00edsek\" class=\"wp-image-399705\" title=\"\" srcset=\"https:\/\/loudavymkrokem.cz\/wp-content\/uploads\/2026\/08\/divadlo-frani-sramka-pisek.jpg 1600w, https:\/\/loudavymkrokem.cz\/wp-content\/uploads\/2026\/08\/divadlo-frani-sramka-pisek-300x200.jpg 300w, https:\/\/loudavymkrokem.cz\/wp-content\/uploads\/2026\/08\/divadlo-frani-sramka-pisek-700x466.jpg 700w, https:\/\/loudavymkrokem.cz\/wp-content\/uploads\/2026\/08\/divadlo-frani-sramka-pisek-768x512.jpg 768w, https:\/\/loudavymkrokem.cz\/wp-content\/uploads\/2026\/08\/divadlo-frani-sramka-pisek-1536x1023.jpg 1536w, https:\/\/loudavymkrokem.cz\/wp-content\/uploads\/2026\/08\/divadlo-frani-sramka-pisek-696x464.jpg 696w, https:\/\/loudavymkrokem.cz\/wp-content\/uploads\/2026\/08\/divadlo-frani-sramka-pisek-1392x927.jpg 1392w\" sizes=\"(max-width: 1600px) 100vw, 1600px\" \/><button\n\t\t\tclass=\"lightbox-trigger\"\n\t\t\ttype=\"button\"\n\t\t\taria-haspopup=\"dialog\"\n\t\t\tdata-wp-bind--aria-label=\"state.thisImage.triggerButtonAriaLabel\"\n\t\t\tdata-wp-init=\"callbacks.initTriggerButton\"\n\t\t\tdata-wp-on--click=\"actions.showLightbox\"\n\t\t\tdata-wp-style--right=\"state.thisImage.buttonRight\"\n\t\t\tdata-wp-style--top=\"state.thisImage.buttonTop\"\n\t\t>\n\t\t\t<svg xmlns=\"http:\/\/www.w3.org\/2000\/svg\" width=\"12\" height=\"12\" fill=\"none\" viewBox=\"0 0 12 12\">\n\t\t\t\t<path fill=\"#fff\" d=\"M2 0a2 2 0 0 0-2 2v2h1.5V2a.5.5 0 0 1 .5-.5h2V0H2Zm2 10.5H2a.5.5 0 0 1-.5-.5V8H0v2a2 2 0 0 0 2 2h2v-1.5ZM8 12v-1.5h2a.5.5 0 0 0 .5-.5V8H12v2a2 2 0 0 1-2 2H8Zm2-12a2 2 0 0 1 2 2v2h-1.5V2a.5.5 0 0 0-.5-.5H8V0h2Z\" \/>\n\t\t\t<\/svg>\n\t\t<\/button><\/figure>\n\n\n\n<p class=\"wp-block-paragraph\">\u00bfQui\u00e9n habr\u00eda dicho que de un antiguo campo de tiro militar saldr\u00eda un d\u00eda un teatro? Se inaugur\u00f3 en 1940, y nada menos que con \u00abLa novia vendida\u00bb; Smetana estar\u00eda contento. El nombre de Fr\u00e1\u0148a \u0160r\u00e1mek no lo recibi\u00f3 hasta 1991.<\/p>\n\n\n\n<p class=\"wp-block-paragraph\">Dentro encontrar\u00e1s un precioso tel\u00f3n hist\u00f3rico y asientos del escultor Libor Hurda. El teatro tiene un alma y un ambiente que a veces les faltan a las escenas m\u00e1s grandes. Merece la pena seguir su programaci\u00f3n: aqu\u00ed se representa con regularidad y calidad.<\/p>\n\n\n\n<!-- LKM_GYG_CARD start q=\"pisku\" lang=\"es\" rendered=\"2026-08-31T01:03:38+00:00\" v=\"1\" -->\n\n<!-- LKM_GYG_CARD end -->\n\n\n\n\n<div class=\"lk-stays-module\">\n<style>\n\/* \u2500\u2500\u2500 RESET PRO GUTENBERG \u2500\u2500\u2500 *\/\n.lk-stays-module * { box-sizing: border-box; margin: 0; padding: 0; }\n\n\/* \u2500\u2500\u2500 WRAPPER \u2500\u2500\u2500 *\/\n.lk-stays-module {\n  font-family: 'DM Sans', Georgia, sans-serif;\n  max-width: 100%;\n  margin: 2.5rem auto;\n  background: linear-gradient(135deg, #fdfaf5 0%, #fcf8f0 100%);\n  border: 1px solid #e8dfd4;\n  border-radius: 16px;\n  overflow: hidden;\n  box-shadow: 0 16px 48px rgba(195, 159, 118, 0.25), 0 4px 12px rgba(0,0,0,0.08);\n}\n\n\/* \u2500\u2500\u2500 HEADER \u2500\u2500\u2500 *\/\n.lk-stays-header {\n  position: relative;\n  padding: 24px 36px 24px;\n  background: linear-gradient(135deg, #c39f76 0%, #d4b188 60%, #c39f76 100%);\n  border-bottom: 1px solid rgba(255,255,255,.15);\n  display: flex;\n  align-items: center;\n  gap: 18px;\n}\n.lk-stays-header::before {\n  content: '';\n  position: absolute;\n  inset: 0;\n  background: url(\"data:image\/svg+xml,%3Csvg width='60' height='60' viewBox='0 0 60 60' xmlns='http:\/\/www.w3.org\/2000\/svg'%3E%3Cg fill='none' fill-rule='evenodd'%3E%3Cg fill='%23ffffff' fill-opacity='0.05'%3E%3Cpath d='M36 34v-4h-2v4h-4v2h4v4h2v-4h4v-2h-4zm0-30V0h-2v4h-4v2h4v4h2V6h4V4h-4zM6 34v-4H4v4H0v2h4v4h2v-4h4v-2H6zM6 4V0H4v4H0v2h4v4h2V6h4V4H6z'\/%3E%3C\/g%3E%3C\/g%3E%3C\/svg%3E\") repeat;\n  pointer-events: none;\n}\n.lk-stays-icon {\n  flex-shrink: 0;\n  width: 68px;\n  height: 68px;\n  border-radius: 14px;\n  background: linear-gradient(135deg, #fff 0%, #f9f6f0 100%);\n  display: flex;\n  align-items: center;\n  justify-content: center;\n  font-size: 26px;\n  box-shadow: 0 4px 12px rgba(0,0,0,0.15);\n}\n.lk-stays-eyebrow {\n  font-size: 10px;\n  font-weight: 500;\n  letter-spacing: 2.5px;\n  text-transform: uppercase;\n  color: rgba(255,255,255,.85);\n  margin: 0 0 5px 0;\n}\n.lk-stays-title {\n  font-family: 'Playfair Display', Georgia, serif;\n  font-size: 24px;\n  font-weight: 700;\n  color: #fff;\n  line-height: 1.2;\n  text-shadow: 0 1px 2px rgba(0,0,0,0.1);\n  margin: 0;\n}\n.lk-stays-subtitle {\n  font-size: 13px;\n  color: rgba(255,255,255,.75);\n  margin: 4px 0 0 0;\n  font-weight: 300;\n}\n\n\/* \u2500\u2500\u2500 CARDS GRID \u2500\u2500\u2500 *\/\n.lk-stays-grid {\n  display: grid;\n  grid-template-columns: 1fr 1fr;\n  gap: 1px;\n  background: rgba(195, 159, 118, 0.12);\n}\n\n\/* \u2500\u2500\u2500 SINGLE CARD \u2500\u2500\u2500 *\/\n.lk-stay-card {\n  background: #ffffff;\n  padding: 26px;\n  display: flex;\n  flex-direction: column;\n  gap: 11px;\n  transition: all 0.3s ease;\n  text-decoration: none;\n  color: inherit;\n  position: relative;\n}\n.lk-stay-card:hover {\n  background: #fffbf5;\n  transform: translateY(-2px);\n  box-shadow: 0 8px 24px rgba(195, 159, 118, 0.18);\n  z-index: 1;\n}\n.lk-stay-card.featured {\n  background: linear-gradient(135deg, #fffdf9 0%, #fff9f0 100%);\n  box-shadow: 0 4px 16px rgba(195, 159, 118, 0.15), inset 0 1px 0 rgba(195, 159, 118, 0.1);\n}\n.lk-stay-card.featured:hover {\n  background: linear-gradient(135deg, #fffbf5 0%, #fff8ed 100%);\n  box-shadow: 0 8px 24px rgba(195, 159, 118, 0.25), inset 0 1px 0 rgba(195, 159, 118, 0.15);\n}\n\n.lk-stay-badge {\n  display: inline-flex;\n  align-items: center;\n  gap: 5px;\n  font-size: 10px;\n  font-weight: 500;\n  letter-spacing: 1.5px;\n  text-transform: uppercase;\n  padding: 5px 11px;\n  border-radius: 20px;\n  width: fit-content;\n}\n.badge-top     { background: linear-gradient(135deg, #c39f76 0%, #d4b188 100%); color: #fff; border: 1px solid #c39f76; font-weight: 600; box-shadow: 0 2px 8px rgba(195,159,118,0.3); }\n.badge-luxury  { background: rgba(195,159,118,.12); color: #c39f76; border: 1px solid rgba(195,159,118,.25); }\n.badge-boutique{ background: rgba(54,133,252,.08); color: #3685fc; border: 1px solid rgba(54,133,252,.2); }\n.badge-nature  { background: rgba(130,190,100,.1); color: #6b9c4a; border: 1px solid rgba(130,190,100,.2); }\n.badge-remote  { background: rgba(195,159,118,.12); color: #a67e50; border: 1px solid rgba(195,159,118,.25); }\n\n.lk-stay-name {\n  font-family: 'Playfair Display', Georgia, serif;\n  font-size: 18px;\n  font-weight: 700;\n  color: #111827;\n  line-height: 1.3;\n}\n.lk-stay-desc {\n  font-size: 13.5px;\n  color: #525252;\n  line-height: 1.65;\n  font-weight: 300;\n  flex: 1;\n}\n\n.lk-stay-meta {\n  display: flex;\n  align-items: center;\n  gap: 12px;\n  flex-wrap: wrap;\n  margin-top: 4px;\n}\n.lk-stay-price {\n  font-size: 13px;\n  color: #6b7280;\n}\n.lk-stay-price strong {\n  color: #c39f76;\n  font-weight: 500;\n}\n.lk-stay-stars {\n  color: #c39f76;\n  font-size: 11px;\n  letter-spacing: 1px;\n}\n\n\/* \u2500\u2500\u2500 CTA BUTTON \u2500\u2500\u2500 *\/\n.lk-stay-cta {\n  display: inline-flex;\n  align-items: center;\n  justify-content: center;\n  gap: 7px;\n  margin-top: 8px;\n  padding: 11px 20px;\n  border-radius: 8px;\n  background: linear-gradient(135deg, #3685fc 0%, #2a6fd9 100%);\n  color: #fff;\n  font-size: 13px;\n  font-weight: 500;\n  text-decoration: none;\n  letter-spacing: .3px;\n  transition: all .2s ease;\n  cursor: pointer;\n  border: none;\n  text-align: center;\n  box-shadow: 0 4px 12px rgba(54, 133, 252, 0.25);\n}\n.lk-stay-cta:hover {\n  background: linear-gradient(135deg, #2a6fd9 0%, #1e5bc4 100%);\n  transform: translateY(-1px);\n  box-shadow: 0 6px 16px rgba(54, 133, 252, 0.35);\n}\n.lk-stay-cta svg { flex-shrink: 0; }\n\n\/* \u2500\u2500\u2500 FOOTER \u2500\u2500\u2500 *\/\n.lk-stays-footer {\n  padding: 18px 36px;\n  background: linear-gradient(to bottom, #fdfaf5 0%, #f9f4ed 100%);\n  border-top: 1px solid rgba(195, 159, 118, 0.15);\n  display: flex;\n  align-items: center;\n  justify-content: space-between;\n  flex-wrap: wrap;\n  gap: 12px;\n}\n.lk-stays-footer-note {\n  font-size: 11.5px;\n  color: #6b7280;\n  font-weight: 300;\n  line-height: 1.5;\n}\n.lk-stays-footer-note a {\n  color: #c39f76;\n  text-decoration: none;\n  font-weight: 400;\n}\n.lk-stays-footer-note a:hover {\n  text-decoration: underline;\n}\n.lk-stays-all-btn {\n  display: inline-flex;\n  align-items: center;\n  gap: 6px;\n  font-size: 12.5px;\n  font-weight: 500;\n  color: #c39f76;\n  text-decoration: none;\n  border: 1px solid rgba(195, 159, 118, 0.35);\n  padding: 8px 18px;\n  border-radius: 8px;\n  transition: all .2s ease;\n}\n.lk-stays-all-btn:hover {\n  background: rgba(195, 159, 118, 0.08);\n  border-color: rgba(195, 159, 118, 0.5);\n}\n\n\/* \u2500\u2500\u2500 RESPONSIVE \u2500\u2500\u2500 *\/\n@media (max-width: 600px) {\n  .lk-stays-grid { grid-template-columns: 1fr; }\n  .lk-stays-header { padding: 24px 20px; }\n  .lk-stays-footer { padding: 16px 20px; }\n  .lk-stay-card { padding: 22px; }\n  .lk-stays-title { font-size: 20px; }\n}\n<\/style>\n\n  <!-- HEADER -->\n  <div class=\"lk-stays-header\">\n    <img decoding=\"async\" src=\"https:\/\/loudavymkrokem.cz\/wp-content\/uploads\/2026\/02\/lukas-a-lucka.jpg\" alt=\"\" style=\"width: 75px; height: 75px; border-radius: 8px; flex-shrink: 0; object-fit: cover; display: block; margin: 4px 0;\" title=\"\">\n    <div class=\"lk-stays-header-text\">\n      <div class=\"lk-stays-eyebrow\">Luk\u00e1\u0161 y Lucie recomiendan<\/div>\n      <div class=\"lk-stays-title\">D\u00f3nde alojarse en P\u00edsek<\/div>\n      <div class=\"lk-stays-subtitle\">5 alojamientos \u2014 hoteles y otras opciones de alojamiento<\/div>\n    <\/div>\n  <\/div>\n\n  <!-- CARDS -->\n  <div class=\"lk-stays-grid\">\n\n    <a class=\"lk-stay-card featured\" href=\"https:\/\/www.stay22.com\/allez\/roam?aid=lukaskonecny&#038;campaign=loudavymkrokemcz&#038;campaign=es&#038;campaign=co-videt-v-pisku&#038;hotelname=Hotel%20Biograf&#038;address=P%C3%ADsek%2C%20%C4%8Cesko\" target=\"_blank\" rel=\"nofollow noopener\">\n      <span class=\"lk-stay-badge badge-top\">\u2b50 MEJOR OPCI\u00d3N<\/span>\n      <span class=\"lk-stay-badge badge-nature\">\ud83c\udfe8 Hotel<\/span>\n      <div class=\"lk-stay-name\">Hotel Biograf<\/div>\n      <div class=\"lk-stay-desc\">Hotel de 4 estrellas en un antiguo cine. Puntuaci\u00f3n 8.6\/10, habitaciones modernas, sauna finlandesa, masajes.<\/div>\n      <div class=\"lk-stay-meta\">\n        <span class=\"lk-stay-stars\">\u2605\u2605\u2605\u2605<\/span>\n        <span class=\"lk-stay-price\">Comprobar precios<\/span>\n      <\/div>\n      <span class=\"lk-stay-cta\">\n        <svg width=\"14\" height=\"14\" viewBox=\"0 0 24 24\" fill=\"none\" stroke=\"currentColor\" stroke-width=\"2\"><path d=\"M18 13v6a2 2 0 0 1-2 2H5a2 2 0 0 1-2-2V8a2 2 0 0 1 2-2h6\"\/><polyline points=\"15 3 21 3 21 9\"\/><line x1=\"10\" y1=\"14\" x2=\"21\" y2=\"3\"\/><\/svg>\n        Comprobar disponibilidad\n      <\/span>\n    <\/a>\n\n    <a class=\"lk-stay-card\" href=\"https:\/\/www.stay22.com\/allez\/roam?aid=lukaskonecny&#038;campaign=loudavymkrokemcz&#038;campaign=es&#038;campaign=co-videt-v-pisku&#038;hotelname=Hotel%20U%20Kapli%C4%8Dky&#038;address=P%C3%ADsek%2C%20%C4%8Cesko\" target=\"_blank\" rel=\"nofollow noopener\">\n      <span class=\"lk-stay-badge badge-nature\">\ud83c\udfe8 Hotel<\/span>\n      <div class=\"lk-stay-name\">Hotel U Kapli\u010dky<\/div>\n      <div class=\"lk-stay-desc\">Hotel cl\u00e1sico con ambiente acogedor y restaurante Chapelle (Michelin Selected).<\/div>\n      <div class=\"lk-stay-meta\">\n        <span class=\"lk-stay-stars\">\u2605\u2605\u2605\u2605<\/span>\n        <span class=\"lk-stay-price\">Comprobar precios<\/span>\n      <\/div>\n      <span class=\"lk-stay-cta\">\n        <svg width=\"14\" height=\"14\" viewBox=\"0 0 24 24\" fill=\"none\" stroke=\"currentColor\" stroke-width=\"2\"><path d=\"M18 13v6a2 2 0 0 1-2 2H5a2 2 0 0 1-2-2V8a2 2 0 0 1 2-2h6\"\/><polyline points=\"15 3 21 3 21 9\"\/><line x1=\"10\" y1=\"14\" x2=\"21\" y2=\"3\"\/><\/svg>\n        Comprobar disponibilidad\n      <\/span>\n    <\/a>\n\n    <a class=\"lk-stay-card\" href=\"https:\/\/www.stay22.com\/allez\/roam?aid=lukaskonecny&#038;campaign=loudavymkrokemcz&#038;campaign=es&#038;campaign=covidetvpisku&#038;address=P%C3%ADsek&#038;hotelname=Rezidence+U+Kamenn%C3%A9ho+mostu&#038;search=Rezidence+U+Kamenn%C3%A9ho+mostu&#038;category=accommodation\" target=\"_blank\" rel=\"nofollow noopener\">\n      <span class=\"lk-stay-badge badge-nature\">\ud83c\udfe1 Pensi\u00f3n\/B&#038;B<\/span>\n      <div class=\"lk-stay-name\">Rezidence U Kamenn\u00e9ho mostu<\/div>\n      <div class=\"lk-stay-desc\">Apartamentos en el centro de la ciudad junto al Puente de Piedra.<\/div>\n      <div class=\"lk-stay-meta\">\n        <span class=\"lk-stay-stars\">\u2605\u2605\u2605\u2605<\/span>\n        <span class=\"lk-stay-price\">desde 22 \u20ac\/noche<\/span>\n      <\/div>\n      <span class=\"lk-stay-cta\">\n        <svg width=\"14\" height=\"14\" viewBox=\"0 0 24 24\" fill=\"none\" stroke=\"currentColor\" stroke-width=\"2\"><path d=\"M18 13v6a2 2 0 0 1-2 2H5a2 2 0 0 1-2-2V8a2 2 0 0 1 2-2h6\"\/><polyline points=\"15 3 21 3 21 9\"\/><line x1=\"10\" y1=\"14\" x2=\"21\" y2=\"3\"\/><\/svg>\n        Comprobar disponibilidad\n      <\/span>\n    <\/a>\n\n    <a class=\"lk-stay-card\" href=\"https:\/\/www.stay22.com\/allez\/roam?aid=lukaskonecny&#038;campaign=loudavymkrokemcz&#038;campaign=es&#038;campaign=co-videt-v-pisku&#038;hotelname=Soho%20apartment&#038;address=P%C3%ADsek%2C%20%C4%8Cesko\" target=\"_blank\" rel=\"nofollow noopener\">\n      <span class=\"lk-stay-badge badge-nature\">\ud83c\udfe1 Pensi\u00f3n\/B&#038;B<\/span>\n      <div class=\"lk-stay-name\">Soho apartment<\/div>\n      <div class=\"lk-stay-desc\">Apartamento en el centro de P\u00edsek.<\/div>\n      <div class=\"lk-stay-meta\">\n        <span class=\"lk-stay-stars\">\u2605\u2605\u2605\u2605<\/span>\n        <span class=\"lk-stay-price\">Comprobar precios<\/span>\n      <\/div>\n      <span class=\"lk-stay-cta\">\n        <svg width=\"14\" height=\"14\" viewBox=\"0 0 24 24\" fill=\"none\" stroke=\"currentColor\" stroke-width=\"2\"><path d=\"M18 13v6a2 2 0 0 1-2 2H5a2 2 0 0 1-2-2V8a2 2 0 0 1 2-2h6\"\/><polyline points=\"15 3 21 3 21 9\"\/><line x1=\"10\" y1=\"14\" x2=\"21\" y2=\"3\"\/><\/svg>\n        Comprobar disponibilidad\n      <\/span>\n    <\/a>\n\n    <a class=\"lk-stay-card\" href=\"https:\/\/www.stay22.com\/allez\/roam?aid=lukaskonecny&#038;campaign=loudavymkrokemcz&#038;campaign=es&#038;campaign=covidetvpisku&#038;address=p\u00edsek\" target=\"_blank\" rel=\"nofollow noopener\">\n      <span class=\"lk-stay-badge badge-nature\">\ud83d\udd0d Buscar<\/span>\n      <div class=\"lk-stay-name\">Ver todos los alojamientos en P\u00edsek<\/div>\n      <div class=\"lk-stay-desc\">Explore todas las opciones de alojamiento disponibles en P\u00edsek y encuentre la mejor seg\u00fan sus preferencias y presupuesto.<\/div>\n      <div class=\"lk-stay-meta\">\n        <span class=\"lk-stay-stars\">\u2605\u2605\u2605\u2605<\/span>\n        <span class=\"lk-stay-price\">Comparar precios<\/span>\n      <\/div>\n      <span class=\"lk-stay-cta\">\n        <svg width=\"14\" height=\"14\" viewBox=\"0 0 24 24\" fill=\"none\" stroke=\"currentColor\" stroke-width=\"2\"><path d=\"M18 13v6a2 2 0 0 1-2 2H5a2 2 0 0 1-2-2V8a2 2 0 0 1 2-2h6\"\/><polyline points=\"15 3 21 3 21 9\"\/><line x1=\"10\" y1=\"14\" x2=\"21\" y2=\"3\"\/><\/svg>\n        Comprobar disponibilidad\n      <\/span>\n    <\/a>\n\n  <\/div>\n\n  \n<\/div>\n\n\n\n\n<h3 class=\"wp-block-heading\"><span class=\"ez-toc-section\" id=\"38_El_decanato\"><\/span>38. El decanato<span class=\"ez-toc-section-end\"><\/span><\/h3>\n\n\n\n<figure data-wp-context=\"{&quot;imageId&quot;:&quot;6a952388cc324&quot;}\" data-wp-interactive=\"core\/image\" data-wp-key=\"6a952388cc324\" class=\"wp-block-image size-full wp-lightbox-container\"><img decoding=\"async\" width=\"2200\" height=\"1467\" data-wp-class--hide=\"state.isContentHidden\" data-wp-class--show=\"state.isContentVisible\" data-wp-init=\"callbacks.setButtonStyles\" data-wp-on--click=\"actions.showLightbox\" data-wp-on--load=\"callbacks.setButtonStyles\" data-wp-on--pointerdown=\"actions.preloadImage\" data-wp-on--pointerenter=\"actions.preloadImageWithDelay\" data-wp-on--pointerleave=\"actions.cancelPreload\" data-wp-on-window--resize=\"callbacks.setButtonStyles\" src=\"https:\/\/loudavymkrokem.cz\/wp-content\/uploads\/2026\/08\/pisek-dekanstvi-bakalare.jpg\" alt=\"Edificio del decanato en la calle Bakal\u00e1\u0159e de P\u00edsek\" class=\"wp-image-399376\" title=\"\" srcset=\"https:\/\/loudavymkrokem.cz\/wp-content\/uploads\/2026\/08\/pisek-dekanstvi-bakalare.jpg 2200w, https:\/\/loudavymkrokem.cz\/wp-content\/uploads\/2026\/08\/pisek-dekanstvi-bakalare-300x200.jpg 300w, https:\/\/loudavymkrokem.cz\/wp-content\/uploads\/2026\/08\/pisek-dekanstvi-bakalare-700x467.jpg 700w, https:\/\/loudavymkrokem.cz\/wp-content\/uploads\/2026\/08\/pisek-dekanstvi-bakalare-768x512.jpg 768w, https:\/\/loudavymkrokem.cz\/wp-content\/uploads\/2026\/08\/pisek-dekanstvi-bakalare-1536x1024.jpg 1536w, https:\/\/loudavymkrokem.cz\/wp-content\/uploads\/2026\/08\/pisek-dekanstvi-bakalare-2048x1366.jpg 2048w, https:\/\/loudavymkrokem.cz\/wp-content\/uploads\/2026\/08\/pisek-dekanstvi-bakalare-696x464.jpg 696w, https:\/\/loudavymkrokem.cz\/wp-content\/uploads\/2026\/08\/pisek-dekanstvi-bakalare-1392x928.jpg 1392w, https:\/\/loudavymkrokem.cz\/wp-content\/uploads\/2026\/08\/pisek-dekanstvi-bakalare-1920x1280.jpg 1920w\" sizes=\"(max-width: 2200px) 100vw, 2200px\" \/><button\n\t\t\tclass=\"lightbox-trigger\"\n\t\t\ttype=\"button\"\n\t\t\taria-haspopup=\"dialog\"\n\t\t\tdata-wp-bind--aria-label=\"state.thisImage.triggerButtonAriaLabel\"\n\t\t\tdata-wp-init=\"callbacks.initTriggerButton\"\n\t\t\tdata-wp-on--click=\"actions.showLightbox\"\n\t\t\tdata-wp-style--right=\"state.thisImage.buttonRight\"\n\t\t\tdata-wp-style--top=\"state.thisImage.buttonTop\"\n\t\t>\n\t\t\t<svg xmlns=\"http:\/\/www.w3.org\/2000\/svg\" width=\"12\" height=\"12\" fill=\"none\" viewBox=\"0 0 12 12\">\n\t\t\t\t<path fill=\"#fff\" d=\"M2 0a2 2 0 0 0-2 2v2h1.5V2a.5.5 0 0 1 .5-.5h2V0H2Zm2 10.5H2a.5.5 0 0 1-.5-.5V8H0v2a2 2 0 0 0 2 2h2v-1.5ZM8 12v-1.5h2a.5.5 0 0 0 .5-.5V8H12v2a2 2 0 0 1-2 2H8Zm2-12a2 2 0 0 1 2 2v2h-1.5V2a.5.5 0 0 0-.5-.5H8V0h2Z\" \/>\n\t\t\t<\/svg>\n\t\t<\/button><\/figure>\n\n\n\n<p class=\"wp-block-paragraph\">Direcci\u00f3n Bakal\u00e1\u0159e 43\/6, justo al lado de la iglesia de la Natividad de la Virgen Mar\u00eda. Un edificio del barroco tard\u00edo con elementos clasicistas, cuya historia se remonta al siglo XIV. Y lo m\u00e1s interesante: est\u00e1 literalmente fusionado con la muralla y forma parte de \u00e9l un basti\u00f3n g\u00f3tico. As\u00ed que, cuando entras, entras en realidad en la muralla. Arqueolog\u00eda constructiva en directo.<\/p>\n\n\n\n<h3 class=\"wp-block-heading\"><span class=\"ez-toc-section\" id=\"39_Los_parcanes_junto_a_la_puerta_de_Putim\"><\/span>39. Los parcanes junto a la puerta de Putim<span class=\"ez-toc-section-end\"><\/span><\/h3>\n\n\n\n<figure data-wp-context=\"{&quot;imageId&quot;:&quot;6a952388cc79e&quot;}\" data-wp-interactive=\"core\/image\" data-wp-key=\"6a952388cc79e\" class=\"wp-block-image size-full wp-lightbox-container\"><img decoding=\"async\" width=\"2200\" height=\"1467\" data-wp-class--hide=\"state.isContentHidden\" data-wp-class--show=\"state.isContentVisible\" data-wp-init=\"callbacks.setButtonStyles\" data-wp-on--click=\"actions.showLightbox\" data-wp-on--load=\"callbacks.setButtonStyles\" data-wp-on--pointerdown=\"actions.preloadImage\" data-wp-on--pointerenter=\"actions.preloadImageWithDelay\" data-wp-on--pointerleave=\"actions.cancelPreload\" data-wp-on-window--resize=\"callbacks.setButtonStyles\" src=\"https:\/\/loudavymkrokem.cz\/wp-content\/uploads\/2026\/08\/pisek-parkany-hradby.jpg\" alt=\"Parcanes entre los muros de la muralla de P\u00edsek\" class=\"wp-image-399377\" title=\"\" srcset=\"https:\/\/loudavymkrokem.cz\/wp-content\/uploads\/2026\/08\/pisek-parkany-hradby.jpg 2200w, https:\/\/loudavymkrokem.cz\/wp-content\/uploads\/2026\/08\/pisek-parkany-hradby-300x200.jpg 300w, https:\/\/loudavymkrokem.cz\/wp-content\/uploads\/2026\/08\/pisek-parkany-hradby-700x467.jpg 700w, https:\/\/loudavymkrokem.cz\/wp-content\/uploads\/2026\/08\/pisek-parkany-hradby-768x512.jpg 768w, https:\/\/loudavymkrokem.cz\/wp-content\/uploads\/2026\/08\/pisek-parkany-hradby-1536x1024.jpg 1536w, https:\/\/loudavymkrokem.cz\/wp-content\/uploads\/2026\/08\/pisek-parkany-hradby-2048x1366.jpg 2048w, https:\/\/loudavymkrokem.cz\/wp-content\/uploads\/2026\/08\/pisek-parkany-hradby-696x464.jpg 696w, https:\/\/loudavymkrokem.cz\/wp-content\/uploads\/2026\/08\/pisek-parkany-hradby-1392x928.jpg 1392w, https:\/\/loudavymkrokem.cz\/wp-content\/uploads\/2026\/08\/pisek-parkany-hradby-1920x1280.jpg 1920w\" sizes=\"(max-width: 2200px) 100vw, 2200px\" \/><button\n\t\t\tclass=\"lightbox-trigger\"\n\t\t\ttype=\"button\"\n\t\t\taria-haspopup=\"dialog\"\n\t\t\tdata-wp-bind--aria-label=\"state.thisImage.triggerButtonAriaLabel\"\n\t\t\tdata-wp-init=\"callbacks.initTriggerButton\"\n\t\t\tdata-wp-on--click=\"actions.showLightbox\"\n\t\t\tdata-wp-style--right=\"state.thisImage.buttonRight\"\n\t\t\tdata-wp-style--top=\"state.thisImage.buttonTop\"\n\t\t>\n\t\t\t<svg xmlns=\"http:\/\/www.w3.org\/2000\/svg\" width=\"12\" height=\"12\" fill=\"none\" viewBox=\"0 0 12 12\">\n\t\t\t\t<path fill=\"#fff\" d=\"M2 0a2 2 0 0 0-2 2v2h1.5V2a.5.5 0 0 1 .5-.5h2V0H2Zm2 10.5H2a.5.5 0 0 1-.5-.5V8H0v2a2 2 0 0 0 2 2h2v-1.5ZM8 12v-1.5h2a.5.5 0 0 0 .5-.5V8H12v2a2 2 0 0 1-2 2H8Zm2-12a2 2 0 0 1 2 2v2h-1.5V2a.5.5 0 0 0-.5-.5H8V0h2Z\" \/>\n\t\t\t<\/svg>\n\t\t<\/button><\/figure>\n\n\n\n<p class=\"wp-block-paragraph\">El espacio entre los muros de la muralla, que se ha reformado y transformado en una preciosa zona de descanso. Vistas a los viejos bastiones, bancos, calma. El lugar ideal cuando necesitas desaparecer un rato del bullicio del centro pero no quieres ir a ninguna parte lejos.<\/p>\n\n\n\n<h2 class=\"wp-block-heading\"><span class=\"ez-toc-section\" id=\"Que_hacer_en_Pisek_con_ninos_ideas_para_familias_en_la_ciudad_y_alrededores\"><\/span>Qu\u00e9 hacer en P\u00edsek con ni\u00f1os: ideas para familias en la ciudad y alrededores<span class=\"ez-toc-section-end\"><\/span><\/h2>\n\n\n\n<p class=\"wp-block-paragraph\">P\u00edsek es una ciudad donde no te aburrir\u00e1s con los ni\u00f1os. Y lo digo como <strong>madre de Jon\u00e1\u0161ek, de dos a\u00f1os<\/strong>, con quien paso aqu\u00ed la mayor\u00eda de los d\u00edas. Ya sea que los ni\u00f1os salten sobre los enormes montajes de Sladovna, den de comer a los gamos en el coto o jueguen en los parques infantiles. Aqu\u00ed van mis ideas de ad\u00f3nde ir en familia dentro de la ciudad, junto con algunas excursiones a los alrededores que tenemos a la vuelta de la esquina.<\/p>\n\n\n\n<p class=\"wp-block-paragraph\"><strong>Lee tambi\u00e9n: <a href=\"https:\/\/loudavymkrokem.cz\/es\/pisek-con-ninos\/\">P\u00edsek con ni\u00f1os: 40 ideas de una madre local para ludotecas, parques y excursiones<\/a><\/strong>, donde encontrar\u00e1s una gu\u00eda familiar completa con todas las ludotecas, parques infantiles y precios.<\/p>\n\n\n\n<h3 class=\"wp-block-heading\"><span class=\"ez-toc-section\" id=\"Sladovna_Pisek_una_gigantesca_galeria_de_juego\"><\/span>Sladovna P\u00edsek: una gigantesca galer\u00eda de juego<span class=\"ez-toc-section-end\"><\/span><\/h3>\n\n\n\n<figure data-wp-context=\"{&quot;imageId&quot;:&quot;6a952388ccaf8&quot;}\" data-wp-interactive=\"core\/image\" data-wp-key=\"6a952388ccaf8\" class=\"wp-block-image size-full wp-lightbox-container\"><img decoding=\"async\" width=\"2200\" height=\"1467\" data-wp-class--hide=\"state.isContentHidden\" data-wp-class--show=\"state.isContentVisible\" data-wp-init=\"callbacks.setButtonStyles\" data-wp-on--click=\"actions.showLightbox\" data-wp-on--load=\"callbacks.setButtonStyles\" data-wp-on--pointerdown=\"actions.preloadImage\" data-wp-on--pointerenter=\"actions.preloadImageWithDelay\" data-wp-on--pointerleave=\"actions.cancelPreload\" data-wp-on-window--resize=\"callbacks.setButtonStyles\" src=\"https:\/\/loudavymkrokem.cz\/wp-content\/uploads\/2026\/08\/pisek-sladovna.jpg\" alt=\"Sladovna P\u00edsek, galer\u00eda de juego para ni\u00f1os\" class=\"wp-image-399379\" title=\"\" srcset=\"https:\/\/loudavymkrokem.cz\/wp-content\/uploads\/2026\/08\/pisek-sladovna.jpg 2200w, https:\/\/loudavymkrokem.cz\/wp-content\/uploads\/2026\/08\/pisek-sladovna-300x200.jpg 300w, https:\/\/loudavymkrokem.cz\/wp-content\/uploads\/2026\/08\/pisek-sladovna-700x467.jpg 700w, https:\/\/loudavymkrokem.cz\/wp-content\/uploads\/2026\/08\/pisek-sladovna-768x512.jpg 768w, https:\/\/loudavymkrokem.cz\/wp-content\/uploads\/2026\/08\/pisek-sladovna-1536x1024.jpg 1536w, https:\/\/loudavymkrokem.cz\/wp-content\/uploads\/2026\/08\/pisek-sladovna-2048x1366.jpg 2048w, https:\/\/loudavymkrokem.cz\/wp-content\/uploads\/2026\/08\/pisek-sladovna-696x464.jpg 696w, https:\/\/loudavymkrokem.cz\/wp-content\/uploads\/2026\/08\/pisek-sladovna-1392x928.jpg 1392w, https:\/\/loudavymkrokem.cz\/wp-content\/uploads\/2026\/08\/pisek-sladovna-1920x1280.jpg 1920w\" sizes=\"(max-width: 2200px) 100vw, 2200px\" \/><button\n\t\t\tclass=\"lightbox-trigger\"\n\t\t\ttype=\"button\"\n\t\t\taria-haspopup=\"dialog\"\n\t\t\tdata-wp-bind--aria-label=\"state.thisImage.triggerButtonAriaLabel\"\n\t\t\tdata-wp-init=\"callbacks.initTriggerButton\"\n\t\t\tdata-wp-on--click=\"actions.showLightbox\"\n\t\t\tdata-wp-style--right=\"state.thisImage.buttonRight\"\n\t\t\tdata-wp-style--top=\"state.thisImage.buttonTop\"\n\t\t>\n\t\t\t<svg xmlns=\"http:\/\/www.w3.org\/2000\/svg\" width=\"12\" height=\"12\" fill=\"none\" viewBox=\"0 0 12 12\">\n\t\t\t\t<path fill=\"#fff\" d=\"M2 0a2 2 0 0 0-2 2v2h1.5V2a.5.5 0 0 1 .5-.5h2V0H2Zm2 10.5H2a.5.5 0 0 1-.5-.5V8H0v2a2 2 0 0 0 2 2h2v-1.5ZM8 12v-1.5h2a.5.5 0 0 0 .5-.5V8H12v2a2 2 0 0 1-2 2H8Zm2-12a2 2 0 0 1 2 2v2h-1.5V2a.5.5 0 0 0-.5-.5H8V0h2Z\" \/>\n\t\t\t<\/svg>\n\t\t<\/button><\/figure>\n\n\n\n<p class=\"wp-block-paragraph\">Este es, sin m\u00e1s, el n\u00famero uno. Cuatro plantas llenas de exposiciones interactivas donde los ni\u00f1os (y, seamos sinceros, tambi\u00e9n los padres) juegan, exploran, construyen y descubren. Para los m\u00e1s peque\u00f1os, de 0 a 6 a\u00f1os, est\u00e1 <strong>Pila\u0159i\u0161t\u011b<\/strong>, un espacio seguro lleno de est\u00edmulos. A los mayores les encantar\u00e1 <strong>Mraveni\u0161t\u011b<\/strong> y las exposiciones tem\u00e1ticas cambiantes.<\/p>\n\n\n\n<p class=\"wp-block-paragraph\">Abierto de martes a domingo de 9 a 17 h; en verano, a diario, incluidos los lunes, hasta las 18 h. Entrada <strong>150 CZK (6 \u20ac) por persona<\/strong>, Pila\u0159i\u0161t\u011b <strong>120 CZK (5 \u20ac)<\/strong>, entrada familiar 2+2 por 500 CZK (20 \u20ac) y los ni\u00f1os menores de 3 a\u00f1os, gratis. Y un consejo importante: <strong>reserva online<\/strong>, sobre todo los fines de semana y en vacaciones, porque suele llenarse.<\/p>\n\n\n\n<h3 class=\"wp-block-heading\"><span class=\"ez-toc-section\" id=\"Esculturas_de_arena_en_el_paseo_fluvial_antiguo_Cipiskoviste\"><\/span>Esculturas de arena en el paseo fluvial (antiguo Cip\u00edskovi\u0161t\u011b)<span class=\"ez-toc-section-end\"><\/span><\/h3>\n\n\n\n<figure data-wp-context=\"{&quot;imageId&quot;:&quot;6a952388cd053&quot;}\" data-wp-interactive=\"core\/image\" data-wp-key=\"6a952388cd053\" class=\"wp-block-image size-full wp-lightbox-container\"><img decoding=\"async\" width=\"2000\" height=\"1333\" data-wp-class--hide=\"state.isContentHidden\" data-wp-class--show=\"state.isContentVisible\" data-wp-init=\"callbacks.setButtonStyles\" data-wp-on--click=\"actions.showLightbox\" data-wp-on--load=\"callbacks.setButtonStyles\" data-wp-on--pointerdown=\"actions.preloadImage\" data-wp-on--pointerenter=\"actions.preloadImageWithDelay\" data-wp-on--pointerleave=\"actions.cancelPreload\" data-wp-on-window--resize=\"callbacks.setButtonStyles\" src=\"https:\/\/loudavymkrokem.cz\/wp-content\/uploads\/2026\/08\/sochy-z-pisku-naplavka-kamenny-most.jpg\" alt=\"Esculturas de arena en el paseo fluvial del Otava junto al puente de piedra en P\u00edsek\" class=\"wp-image-399607\" title=\"\" srcset=\"https:\/\/loudavymkrokem.cz\/wp-content\/uploads\/2026\/08\/sochy-z-pisku-naplavka-kamenny-most.jpg 2000w, https:\/\/loudavymkrokem.cz\/wp-content\/uploads\/2026\/08\/sochy-z-pisku-naplavka-kamenny-most-300x200.jpg 300w, https:\/\/loudavymkrokem.cz\/wp-content\/uploads\/2026\/08\/sochy-z-pisku-naplavka-kamenny-most-700x467.jpg 700w, https:\/\/loudavymkrokem.cz\/wp-content\/uploads\/2026\/08\/sochy-z-pisku-naplavka-kamenny-most-768x512.jpg 768w, https:\/\/loudavymkrokem.cz\/wp-content\/uploads\/2026\/08\/sochy-z-pisku-naplavka-kamenny-most-1536x1024.jpg 1536w, https:\/\/loudavymkrokem.cz\/wp-content\/uploads\/2026\/08\/sochy-z-pisku-naplavka-kamenny-most-696x464.jpg 696w, https:\/\/loudavymkrokem.cz\/wp-content\/uploads\/2026\/08\/sochy-z-pisku-naplavka-kamenny-most-1392x928.jpg 1392w, https:\/\/loudavymkrokem.cz\/wp-content\/uploads\/2026\/08\/sochy-z-pisku-naplavka-kamenny-most-1920x1280.jpg 1920w\" sizes=\"(max-width: 2000px) 100vw, 2000px\" \/><button\n\t\t\tclass=\"lightbox-trigger\"\n\t\t\ttype=\"button\"\n\t\t\taria-haspopup=\"dialog\"\n\t\t\tdata-wp-bind--aria-label=\"state.thisImage.triggerButtonAriaLabel\"\n\t\t\tdata-wp-init=\"callbacks.initTriggerButton\"\n\t\t\tdata-wp-on--click=\"actions.showLightbox\"\n\t\t\tdata-wp-style--right=\"state.thisImage.buttonRight\"\n\t\t\tdata-wp-style--top=\"state.thisImage.buttonTop\"\n\t\t>\n\t\t\t<svg xmlns=\"http:\/\/www.w3.org\/2000\/svg\" width=\"12\" height=\"12\" fill=\"none\" viewBox=\"0 0 12 12\">\n\t\t\t\t<path fill=\"#fff\" d=\"M2 0a2 2 0 0 0-2 2v2h1.5V2a.5.5 0 0 1 .5-.5h2V0H2Zm2 10.5H2a.5.5 0 0 1-.5-.5V8H0v2a2 2 0 0 0 2 2h2v-1.5ZM8 12v-1.5h2a.5.5 0 0 0 .5-.5V8H12v2a2 2 0 0 1-2 2H8Zm2-12a2 2 0 0 1 2 2v2h-1.5V2a.5.5 0 0 0-.5-.5H8V0h2Z\" \/>\n\t\t\t<\/svg>\n\t\t<\/button><\/figure>\n\n\n\n<p class=\"wp-block-paragraph\">Enormes esculturas de arena justo al lado del puente de piedra, en el paseo fluvial del Otava. Cada a\u00f1o un tema nuevo, un nuevo asombro. El evento se llamaba antes Cip\u00edskovi\u0161t\u011b, pero hoy se llama oficialmente \u00abEsculturas de arena en P\u00edsek\u00bb y en primavera lo acompa\u00f1a el festival familiar P\u00edskovi\u0161t\u011b. Funciona de primavera a verano y es gratis, simplemente llegas y contemplas. Los ni\u00f1os se quedan alucinados.<\/p>\n\n\n\n<h3 class=\"wp-block-heading\"><span class=\"ez-toc-section\" id=\"Travel_Cafe_cafeteria_con_arenero\"><\/span>Travel Cafe: cafeter\u00eda con arenero<span class=\"ez-toc-section-end\"><\/span><\/h3>\n\n\n\n<figure data-wp-context=\"{&quot;imageId&quot;:&quot;6a952388cd360&quot;}\" data-wp-interactive=\"core\/image\" data-wp-key=\"6a952388cd360\" class=\"wp-block-image size-full wp-lightbox-container\"><img decoding=\"async\" width=\"2200\" height=\"1650\" data-wp-class--hide=\"state.isContentHidden\" data-wp-class--show=\"state.isContentVisible\" data-wp-init=\"callbacks.setButtonStyles\" data-wp-on--click=\"actions.showLightbox\" data-wp-on--load=\"callbacks.setButtonStyles\" data-wp-on--pointerdown=\"actions.preloadImage\" data-wp-on--pointerenter=\"actions.preloadImageWithDelay\" data-wp-on--pointerleave=\"actions.cancelPreload\" data-wp-on-window--resize=\"callbacks.setButtonStyles\" src=\"https:\/\/loudavymkrokem.cz\/wp-content\/uploads\/2026\/08\/pisek-travel-cafe-piskoviste-domecek.jpg\" alt=\"Arenero con casita en la terraza de Travel Cafe en P\u00edsek\" class=\"wp-image-399550\" title=\"\" srcset=\"https:\/\/loudavymkrokem.cz\/wp-content\/uploads\/2026\/08\/pisek-travel-cafe-piskoviste-domecek.jpg 2200w, https:\/\/loudavymkrokem.cz\/wp-content\/uploads\/2026\/08\/pisek-travel-cafe-piskoviste-domecek-300x225.jpg 300w, https:\/\/loudavymkrokem.cz\/wp-content\/uploads\/2026\/08\/pisek-travel-cafe-piskoviste-domecek-700x525.jpg 700w, https:\/\/loudavymkrokem.cz\/wp-content\/uploads\/2026\/08\/pisek-travel-cafe-piskoviste-domecek-768x576.jpg 768w, https:\/\/loudavymkrokem.cz\/wp-content\/uploads\/2026\/08\/pisek-travel-cafe-piskoviste-domecek-1536x1152.jpg 1536w, https:\/\/loudavymkrokem.cz\/wp-content\/uploads\/2026\/08\/pisek-travel-cafe-piskoviste-domecek-2048x1536.jpg 2048w, https:\/\/loudavymkrokem.cz\/wp-content\/uploads\/2026\/08\/pisek-travel-cafe-piskoviste-domecek-80x60.jpg 80w, https:\/\/loudavymkrokem.cz\/wp-content\/uploads\/2026\/08\/pisek-travel-cafe-piskoviste-domecek-160x120.jpg 160w, https:\/\/loudavymkrokem.cz\/wp-content\/uploads\/2026\/08\/pisek-travel-cafe-piskoviste-domecek-696x522.jpg 696w, https:\/\/loudavymkrokem.cz\/wp-content\/uploads\/2026\/08\/pisek-travel-cafe-piskoviste-domecek-1392x1044.jpg 1392w, https:\/\/loudavymkrokem.cz\/wp-content\/uploads\/2026\/08\/pisek-travel-cafe-piskoviste-domecek-1920x1440.jpg 1920w\" sizes=\"(max-width: 2200px) 100vw, 2200px\" \/><button\n\t\t\tclass=\"lightbox-trigger\"\n\t\t\ttype=\"button\"\n\t\t\taria-haspopup=\"dialog\"\n\t\t\tdata-wp-bind--aria-label=\"state.thisImage.triggerButtonAriaLabel\"\n\t\t\tdata-wp-init=\"callbacks.initTriggerButton\"\n\t\t\tdata-wp-on--click=\"actions.showLightbox\"\n\t\t\tdata-wp-style--right=\"state.thisImage.buttonRight\"\n\t\t\tdata-wp-style--top=\"state.thisImage.buttonTop\"\n\t\t>\n\t\t\t<svg xmlns=\"http:\/\/www.w3.org\/2000\/svg\" width=\"12\" height=\"12\" fill=\"none\" viewBox=\"0 0 12 12\">\n\t\t\t\t<path fill=\"#fff\" d=\"M2 0a2 2 0 0 0-2 2v2h1.5V2a.5.5 0 0 1 .5-.5h2V0H2Zm2 10.5H2a.5.5 0 0 1-.5-.5V8H0v2a2 2 0 0 0 2 2h2v-1.5ZM8 12v-1.5h2a.5.5 0 0 0 .5-.5V8H12v2a2 2 0 0 1-2 2H8Zm2-12a2 2 0 0 1 2 2v2h-1.5V2a.5.5 0 0 0-.5-.5H8V0h2Z\" \/>\n\t\t\t<\/svg>\n\t\t<\/button><\/figure>\n\n\n\n<p class=\"wp-block-paragraph\">Este es <strong>nuestro cl\u00e1sico familiar<\/strong> y, para m\u00ed, la mejor cafeter\u00eda de P\u00edsek. <strong>Travel Cafe<\/strong> lo encuentras en la calle Komensk\u00e9ho, bajo el instituto, a dos minutos de la plaza Velk\u00e9 n\u00e1m\u011bst\u00ed. Por la ma\u00f1ana desayunos y brunch, durante el d\u00eda bistr\u00f3 con caf\u00e9 de especialidad, por la noche una copa de vino y, sobre todo, una <strong>terraza en el patio interior con arenero y casita<\/strong>, gracias a la cual de verdad puedes acabarte el caf\u00e9 tranquilo. Casi siempre nos sentamos fuera y comemos todos: tienen desayunos y comidas ligeras perfectos, y nuestro peque\u00f1o se pide tortitas. En verano organizan tambi\u00e9n espect\u00e1culos infantiles.<\/p>\n\n\n\n<p class=\"wp-block-paragraph\">\ud83d\udca1 <strong>Consejo:<\/strong> tambi\u00e9n tienen rinc\u00f3n infantil el <strong>SOHO Cafe<\/strong> de la plaza Velk\u00e9 n\u00e1m\u011bst\u00ed, el <strong>Sova na V\u011btvi<\/strong> junto al puente de piedra y el <strong>Upekla<\/strong> de la biblioteca (arenero en el patio interior).<\/p>\n\n\n\n<h3 class=\"wp-block-heading\"><span class=\"ez-toc-section\" id=\"Ludotecas_en_Pisek_Myska_herna_y_compania\"><\/span>Ludotecas en P\u00edsek: My\u0161ka herna y compa\u00f1\u00eda<span class=\"ez-toc-section-end\"><\/span><\/h3>\n\n\n\n<figure data-wp-context=\"{&quot;imageId&quot;:&quot;6a952388cd6f3&quot;}\" data-wp-interactive=\"core\/image\" data-wp-key=\"6a952388cd6f3\" class=\"wp-block-image size-full wp-lightbox-container\"><img decoding=\"async\" width=\"2200\" height=\"1467\" data-wp-class--hide=\"state.isContentHidden\" data-wp-class--show=\"state.isContentVisible\" data-wp-init=\"callbacks.setButtonStyles\" data-wp-on--click=\"actions.showLightbox\" data-wp-on--load=\"callbacks.setButtonStyles\" data-wp-on--pointerdown=\"actions.preloadImage\" data-wp-on--pointerenter=\"actions.preloadImageWithDelay\" data-wp-on--pointerleave=\"actions.cancelPreload\" data-wp-on-window--resize=\"callbacks.setButtonStyles\" src=\"https:\/\/loudavymkrokem.cz\/wp-content\/uploads\/2026\/08\/pisek-myska-herna-bazenek-s-micky.jpg\" alt=\"Piscina de bolas en la ludoteca My\u0161ka en P\u00edsek\" class=\"wp-image-399531\" title=\"\" srcset=\"https:\/\/loudavymkrokem.cz\/wp-content\/uploads\/2026\/08\/pisek-myska-herna-bazenek-s-micky.jpg 2200w, https:\/\/loudavymkrokem.cz\/wp-content\/uploads\/2026\/08\/pisek-myska-herna-bazenek-s-micky-300x200.jpg 300w, https:\/\/loudavymkrokem.cz\/wp-content\/uploads\/2026\/08\/pisek-myska-herna-bazenek-s-micky-700x467.jpg 700w, https:\/\/loudavymkrokem.cz\/wp-content\/uploads\/2026\/08\/pisek-myska-herna-bazenek-s-micky-768x512.jpg 768w, https:\/\/loudavymkrokem.cz\/wp-content\/uploads\/2026\/08\/pisek-myska-herna-bazenek-s-micky-1536x1024.jpg 1536w, https:\/\/loudavymkrokem.cz\/wp-content\/uploads\/2026\/08\/pisek-myska-herna-bazenek-s-micky-2048x1366.jpg 2048w, https:\/\/loudavymkrokem.cz\/wp-content\/uploads\/2026\/08\/pisek-myska-herna-bazenek-s-micky-696x464.jpg 696w, https:\/\/loudavymkrokem.cz\/wp-content\/uploads\/2026\/08\/pisek-myska-herna-bazenek-s-micky-1392x928.jpg 1392w, https:\/\/loudavymkrokem.cz\/wp-content\/uploads\/2026\/08\/pisek-myska-herna-bazenek-s-micky-1920x1280.jpg 1920w\" sizes=\"(max-width: 2200px) 100vw, 2200px\" \/><button\n\t\t\tclass=\"lightbox-trigger\"\n\t\t\ttype=\"button\"\n\t\t\taria-haspopup=\"dialog\"\n\t\t\tdata-wp-bind--aria-label=\"state.thisImage.triggerButtonAriaLabel\"\n\t\t\tdata-wp-init=\"callbacks.initTriggerButton\"\n\t\t\tdata-wp-on--click=\"actions.showLightbox\"\n\t\t\tdata-wp-style--right=\"state.thisImage.buttonRight\"\n\t\t\tdata-wp-style--top=\"state.thisImage.buttonTop\"\n\t\t>\n\t\t\t<svg xmlns=\"http:\/\/www.w3.org\/2000\/svg\" width=\"12\" height=\"12\" fill=\"none\" viewBox=\"0 0 12 12\">\n\t\t\t\t<path fill=\"#fff\" d=\"M2 0a2 2 0 0 0-2 2v2h1.5V2a.5.5 0 0 1 .5-.5h2V0H2Zm2 10.5H2a.5.5 0 0 1-.5-.5V8H0v2a2 2 0 0 0 2 2h2v-1.5ZM8 12v-1.5h2a.5.5 0 0 0 .5-.5V8H12v2a2 2 0 0 1-2 2H8Zm2-12a2 2 0 0 1 2 2v2h-1.5V2a.5.5 0 0 0-.5-.5H8V0h2Z\" \/>\n\t\t\t<\/svg>\n\t\t<\/button><\/figure>\n\n\n\n<p class=\"wp-block-paragraph\">Cuando el tiempo no acompa\u00f1a, nos salvan las ludotecas. El mayor parque cubierto de la ciudad es <strong>My\u0161ka herna<\/strong> (V Porty\u010di 450): estructuras para trepar, toboganes, cama el\u00e1stica, construcciones de gomaespuma y una cafeter\u00eda para los padres. El equipamiento ya est\u00e1 bastante anticuado, pero sigue siendo la ludoteca m\u00e1s grande de P\u00edsek, as\u00ed que vamos igualmente. La entrada de d\u00eda completo para un ni\u00f1o de 1 a 10 a\u00f1os cuesta <strong>129 CZK (5 \u20ac)<\/strong>, una hora 84 CZK (3,50 \u20ac), adultos 50 CZK (2 \u20ac), los viernes est\u00e1 cerrado. Los beb\u00e9s de uno a tres a\u00f1os disfrutar\u00e1n del jueves con los <strong>talleres montessori Fazole<\/strong> (200 CZK \/ 8 \u20ac, m\u00e1x. 6 ni\u00f1os), y los escolares del <strong>centro de escalada LezeTop<\/strong>, con roc\u00f3dromo infantil, o la <strong>Laser Arena<\/strong> del centro comercial Luna.<\/p>\n\n\n\n<p class=\"wp-block-paragraph\">El listado completo de ludotecas con horarios y precios lo encuentras en el art\u00edculo <a href=\"https:\/\/loudavymkrokem.cz\/es\/pisek-con-ninos\/\">P\u00edsek con ni\u00f1os<\/a> y una lista actualizada de ludotecas, cafeter\u00edas con rinc\u00f3n infantil y parques en <a href=\"https:\/\/pisek.info\/deti\/hernicky\" target=\"_blank\" rel=\"noopener\">pisek.info\/deti\/hernicky<\/a>.<\/p>\n\n\n\n<h3 class=\"wp-block-heading\"><span class=\"ez-toc-section\" id=\"El_coto_U_Vodaka\"><\/span>El coto U Vod\u00e1ka<span class=\"ez-toc-section-end\"><\/span><\/h3>\n\n\n\n<figure data-wp-context=\"{&quot;imageId&quot;:&quot;6a952388cdb62&quot;}\" data-wp-interactive=\"core\/image\" data-wp-key=\"6a952388cdb62\" class=\"wp-block-image size-full wp-lightbox-container\"><img decoding=\"async\" width=\"960\" height=\"640\" data-wp-class--hide=\"state.isContentHidden\" data-wp-class--show=\"state.isContentVisible\" data-wp-init=\"callbacks.setButtonStyles\" data-wp-on--click=\"actions.showLightbox\" data-wp-on--load=\"callbacks.setButtonStyles\" data-wp-on--pointerdown=\"actions.preloadImage\" data-wp-on--pointerenter=\"actions.preloadImageWithDelay\" data-wp-on--pointerleave=\"actions.cancelPreload\" data-wp-on-window--resize=\"callbacks.setButtonStyles\" src=\"https:\/\/loudavymkrokem.cz\/wp-content\/uploads\/2026\/08\/oburka-u-vodaka-danci.jpg\" alt=\"Gamos en el coto U Vod\u00e1ka en los montes de P\u00edsek\" class=\"wp-image-399639\" title=\"\" srcset=\"https:\/\/loudavymkrokem.cz\/wp-content\/uploads\/2026\/08\/oburka-u-vodaka-danci.jpg 960w, https:\/\/loudavymkrokem.cz\/wp-content\/uploads\/2026\/08\/oburka-u-vodaka-danci-300x200.jpg 300w, https:\/\/loudavymkrokem.cz\/wp-content\/uploads\/2026\/08\/oburka-u-vodaka-danci-700x467.jpg 700w, https:\/\/loudavymkrokem.cz\/wp-content\/uploads\/2026\/08\/oburka-u-vodaka-danci-768x512.jpg 768w, https:\/\/loudavymkrokem.cz\/wp-content\/uploads\/2026\/08\/oburka-u-vodaka-danci-696x464.jpg 696w\" sizes=\"(max-width: 960px) 100vw, 960px\" \/><button\n\t\t\tclass=\"lightbox-trigger\"\n\t\t\ttype=\"button\"\n\t\t\taria-haspopup=\"dialog\"\n\t\t\tdata-wp-bind--aria-label=\"state.thisImage.triggerButtonAriaLabel\"\n\t\t\tdata-wp-init=\"callbacks.initTriggerButton\"\n\t\t\tdata-wp-on--click=\"actions.showLightbox\"\n\t\t\tdata-wp-style--right=\"state.thisImage.buttonRight\"\n\t\t\tdata-wp-style--top=\"state.thisImage.buttonTop\"\n\t\t>\n\t\t\t<svg xmlns=\"http:\/\/www.w3.org\/2000\/svg\" width=\"12\" height=\"12\" fill=\"none\" viewBox=\"0 0 12 12\">\n\t\t\t\t<path fill=\"#fff\" d=\"M2 0a2 2 0 0 0-2 2v2h1.5V2a.5.5 0 0 1 .5-.5h2V0H2Zm2 10.5H2a.5.5 0 0 1-.5-.5V8H0v2a2 2 0 0 0 2 2h2v-1.5ZM8 12v-1.5h2a.5.5 0 0 0 .5-.5V8H12v2a2 2 0 0 1-2 2H8Zm2-12a2 2 0 0 1 2 2v2h-1.5V2a.5.5 0 0 0-.5-.5H8V0h2Z\" \/>\n\t\t\t<\/svg>\n\t\t<\/button><\/figure>\n\n\n\n<p class=\"wp-block-paragraph\">Un coto forestal donde observas <strong>muflones y gamos<\/strong> desde una plataforma mirador y a lo largo de la valla. Los animales est\u00e1n acostumbrados a la gente, as\u00ed que casi siempre los ver\u00e1s, y los gamos en especial se dejan admirar encantados. El paseo es sencillo, lo aguantan tambi\u00e9n las piernecitas peque\u00f1as, y el bosque de alrededor es precioso en cualquier \u00e9poca del a\u00f1o.<\/p>\n\n\n\n<h3 class=\"wp-block-heading\"><span class=\"ez-toc-section\" id=\"La_cabana_Zivec_y_el_laberinto_3D\"><\/span>La caba\u00f1a \u017divec y el laberinto 3D<span class=\"ez-toc-section-end\"><\/span><\/h3>\n\n\n\n<figure data-wp-context=\"{&quot;imageId&quot;:&quot;6a952388cde85&quot;}\" data-wp-interactive=\"core\/image\" data-wp-key=\"6a952388cde85\" class=\"wp-block-image size-full wp-lightbox-container\"><img decoding=\"async\" width=\"1200\" height=\"600\" data-wp-class--hide=\"state.isContentHidden\" data-wp-class--show=\"state.isContentVisible\" data-wp-init=\"callbacks.setButtonStyles\" data-wp-on--click=\"actions.showLightbox\" data-wp-on--load=\"callbacks.setButtonStyles\" data-wp-on--pointerdown=\"actions.preloadImage\" data-wp-on--pointerenter=\"actions.preloadImageWithDelay\" data-wp-on--pointerleave=\"actions.cancelPreload\" data-wp-on-window--resize=\"callbacks.setButtonStyles\" src=\"https:\/\/loudavymkrokem.cz\/wp-content\/uploads\/2026\/08\/chata-zivec-3d-bludiste-pisecke-hory.jpg\" alt=\"Parque de cuerdas y laberinto 3D junto a la caba\u00f1a \u017divec en los montes de P\u00edsek\" class=\"wp-image-399626\" title=\"\" srcset=\"https:\/\/loudavymkrokem.cz\/wp-content\/uploads\/2026\/08\/chata-zivec-3d-bludiste-pisecke-hory.jpg 1200w, https:\/\/loudavymkrokem.cz\/wp-content\/uploads\/2026\/08\/chata-zivec-3d-bludiste-pisecke-hory-300x150.jpg 300w, https:\/\/loudavymkrokem.cz\/wp-content\/uploads\/2026\/08\/chata-zivec-3d-bludiste-pisecke-hory-700x350.jpg 700w, https:\/\/loudavymkrokem.cz\/wp-content\/uploads\/2026\/08\/chata-zivec-3d-bludiste-pisecke-hory-768x384.jpg 768w, https:\/\/loudavymkrokem.cz\/wp-content\/uploads\/2026\/08\/chata-zivec-3d-bludiste-pisecke-hory-696x348.jpg 696w\" sizes=\"(max-width: 1200px) 100vw, 1200px\" \/><button\n\t\t\tclass=\"lightbox-trigger\"\n\t\t\ttype=\"button\"\n\t\t\taria-haspopup=\"dialog\"\n\t\t\tdata-wp-bind--aria-label=\"state.thisImage.triggerButtonAriaLabel\"\n\t\t\tdata-wp-init=\"callbacks.initTriggerButton\"\n\t\t\tdata-wp-on--click=\"actions.showLightbox\"\n\t\t\tdata-wp-style--right=\"state.thisImage.buttonRight\"\n\t\t\tdata-wp-style--top=\"state.thisImage.buttonTop\"\n\t\t>\n\t\t\t<svg xmlns=\"http:\/\/www.w3.org\/2000\/svg\" width=\"12\" height=\"12\" fill=\"none\" viewBox=\"0 0 12 12\">\n\t\t\t\t<path fill=\"#fff\" d=\"M2 0a2 2 0 0 0-2 2v2h1.5V2a.5.5 0 0 1 .5-.5h2V0H2Zm2 10.5H2a.5.5 0 0 1-.5-.5V8H0v2a2 2 0 0 0 2 2h2v-1.5ZM8 12v-1.5h2a.5.5 0 0 0 .5-.5V8H12v2a2 2 0 0 1-2 2H8Zm2-12a2 2 0 0 1 2 2v2h-1.5V2a.5.5 0 0 0-.5-.5H8V0h2Z\" \/>\n\t\t\t<\/svg>\n\t\t<\/button><\/figure>\n\n\n\n<p class=\"wp-block-paragraph\">En los montes de P\u00edsek encontrar\u00e1s la caba\u00f1a \u017divec, con un parque forestal y, sobre todo, un <strong>laberinto de redes entre las copas de los \u00e1rboles<\/strong>. Los ni\u00f1os trepan, se cuelan, cuelgan en el aire y est\u00e1n absolutamente extasiados. Para los padres: abajo hay un puesto de comida y bancos. As\u00ed que, tranquilidad. \ud83d\ude01<\/p>\n\n\n\n<h3 class=\"wp-block-heading\"><span class=\"ez-toc-section\" id=\"La_isla_municipal\"><\/span>La isla municipal<span class=\"ez-toc-section-end\"><\/span><\/h3>\n\n\n\n<figure data-wp-context=\"{&quot;imageId&quot;:&quot;6a952388cf32a&quot;}\" data-wp-interactive=\"core\/image\" data-wp-key=\"6a952388cf32a\" class=\"wp-block-image size-full wp-lightbox-container\"><img decoding=\"async\" width=\"1200\" height=\"800\" data-wp-class--hide=\"state.isContentHidden\" data-wp-class--show=\"state.isContentVisible\" data-wp-init=\"callbacks.setButtonStyles\" data-wp-on--click=\"actions.showLightbox\" data-wp-on--load=\"callbacks.setButtonStyles\" data-wp-on--pointerdown=\"actions.preloadImage\" data-wp-on--pointerenter=\"actions.preloadImageWithDelay\" data-wp-on--pointerleave=\"actions.cancelPreload\" data-wp-on-window--resize=\"callbacks.setButtonStyles\" src=\"https:\/\/loudavymkrokem.cz\/wp-content\/uploads\/2026\/08\/mestsky-ostrov-pisek-zahradka.jpg\" alt=\"Terraza de verano en la isla municipal de P\u00edsek\" class=\"wp-image-399671\" title=\"\" srcset=\"https:\/\/loudavymkrokem.cz\/wp-content\/uploads\/2026\/08\/mestsky-ostrov-pisek-zahradka.jpg 1200w, https:\/\/loudavymkrokem.cz\/wp-content\/uploads\/2026\/08\/mestsky-ostrov-pisek-zahradka-300x200.jpg 300w, https:\/\/loudavymkrokem.cz\/wp-content\/uploads\/2026\/08\/mestsky-ostrov-pisek-zahradka-700x467.jpg 700w, https:\/\/loudavymkrokem.cz\/wp-content\/uploads\/2026\/08\/mestsky-ostrov-pisek-zahradka-768x512.jpg 768w, https:\/\/loudavymkrokem.cz\/wp-content\/uploads\/2026\/08\/mestsky-ostrov-pisek-zahradka-696x464.jpg 696w\" sizes=\"(max-width: 1200px) 100vw, 1200px\" \/><button\n\t\t\tclass=\"lightbox-trigger\"\n\t\t\ttype=\"button\"\n\t\t\taria-haspopup=\"dialog\"\n\t\t\tdata-wp-bind--aria-label=\"state.thisImage.triggerButtonAriaLabel\"\n\t\t\tdata-wp-init=\"callbacks.initTriggerButton\"\n\t\t\tdata-wp-on--click=\"actions.showLightbox\"\n\t\t\tdata-wp-style--right=\"state.thisImage.buttonRight\"\n\t\t\tdata-wp-style--top=\"state.thisImage.buttonTop\"\n\t\t>\n\t\t\t<svg xmlns=\"http:\/\/www.w3.org\/2000\/svg\" width=\"12\" height=\"12\" fill=\"none\" viewBox=\"0 0 12 12\">\n\t\t\t\t<path fill=\"#fff\" d=\"M2 0a2 2 0 0 0-2 2v2h1.5V2a.5.5 0 0 1 .5-.5h2V0H2Zm2 10.5H2a.5.5 0 0 1-.5-.5V8H0v2a2 2 0 0 0 2 2h2v-1.5ZM8 12v-1.5h2a.5.5 0 0 0 .5-.5V8H12v2a2 2 0 0 1-2 2H8Zm2-12a2 2 0 0 1 2 2v2h-1.5V2a.5.5 0 0 0-.5-.5H8V0h2Z\" \/>\n\t\t\t<\/svg>\n\t\t<\/button><\/figure>\n\n\n\n<p class=\"wp-block-paragraph\">Una isla en medio del Otava; suena a cuento de hadas y un poco lo parece. Parque infantil, minigolf, alquiler de barcas y un restaurante con vistas al r\u00edo. En verano, el lugar ideal para toda una tarde. Los ni\u00f1os juegan, t\u00fa te sientas con una cerveza o una limonada y contemplas el agua. Qu\u00e9 m\u00e1s se puede pedir.<\/p>\n\n\n\n<h3 class=\"wp-block-heading\"><span class=\"ez-toc-section\" id=\"Hernajs\"><\/span>Hernajs<span class=\"ez-toc-section-end\"><\/span><\/h3>\n\n\n\n<figure data-wp-context=\"{&quot;imageId&quot;:&quot;6a952388d063f&quot;}\" data-wp-interactive=\"core\/image\" data-wp-key=\"6a952388d063f\" class=\"wp-block-image size-full wp-lightbox-container\"><img decoding=\"async\" width=\"2200\" height=\"1455\" data-wp-class--hide=\"state.isContentHidden\" data-wp-class--show=\"state.isContentVisible\" data-wp-init=\"callbacks.setButtonStyles\" data-wp-on--click=\"actions.showLightbox\" data-wp-on--load=\"callbacks.setButtonStyles\" data-wp-on--pointerdown=\"actions.preloadImage\" data-wp-on--pointerenter=\"actions.preloadImageWithDelay\" data-wp-on--pointerleave=\"actions.cancelPreload\" data-wp-on-window--resize=\"callbacks.setButtonStyles\" src=\"https:\/\/loudavymkrokem.cz\/wp-content\/uploads\/2026\/08\/pisek-hernajs-hernicka-az-na-pudu.jpg\" alt=\"Ludoteca Hernajs en P\u00edsek\" class=\"wp-image-399527\" title=\"\" srcset=\"https:\/\/loudavymkrokem.cz\/wp-content\/uploads\/2026\/08\/pisek-hernajs-hernicka-az-na-pudu.jpg 2200w, https:\/\/loudavymkrokem.cz\/wp-content\/uploads\/2026\/08\/pisek-hernajs-hernicka-az-na-pudu-300x198.jpg 300w, https:\/\/loudavymkrokem.cz\/wp-content\/uploads\/2026\/08\/pisek-hernajs-hernicka-az-na-pudu-700x463.jpg 700w, https:\/\/loudavymkrokem.cz\/wp-content\/uploads\/2026\/08\/pisek-hernajs-hernicka-az-na-pudu-768x508.jpg 768w, https:\/\/loudavymkrokem.cz\/wp-content\/uploads\/2026\/08\/pisek-hernajs-hernicka-az-na-pudu-1536x1016.jpg 1536w, https:\/\/loudavymkrokem.cz\/wp-content\/uploads\/2026\/08\/pisek-hernajs-hernicka-az-na-pudu-2048x1354.jpg 2048w, https:\/\/loudavymkrokem.cz\/wp-content\/uploads\/2026\/08\/pisek-hernajs-hernicka-az-na-pudu-696x460.jpg 696w, https:\/\/loudavymkrokem.cz\/wp-content\/uploads\/2026\/08\/pisek-hernajs-hernicka-az-na-pudu-1392x921.jpg 1392w, https:\/\/loudavymkrokem.cz\/wp-content\/uploads\/2026\/08\/pisek-hernajs-hernicka-az-na-pudu-1920x1270.jpg 1920w\" sizes=\"(max-width: 2200px) 100vw, 2200px\" \/><button\n\t\t\tclass=\"lightbox-trigger\"\n\t\t\ttype=\"button\"\n\t\t\taria-haspopup=\"dialog\"\n\t\t\tdata-wp-bind--aria-label=\"state.thisImage.triggerButtonAriaLabel\"\n\t\t\tdata-wp-init=\"callbacks.initTriggerButton\"\n\t\t\tdata-wp-on--click=\"actions.showLightbox\"\n\t\t\tdata-wp-style--right=\"state.thisImage.buttonRight\"\n\t\t\tdata-wp-style--top=\"state.thisImage.buttonTop\"\n\t\t>\n\t\t\t<svg xmlns=\"http:\/\/www.w3.org\/2000\/svg\" width=\"12\" height=\"12\" fill=\"none\" viewBox=\"0 0 12 12\">\n\t\t\t\t<path fill=\"#fff\" d=\"M2 0a2 2 0 0 0-2 2v2h1.5V2a.5.5 0 0 1 .5-.5h2V0H2Zm2 10.5H2a.5.5 0 0 1-.5-.5V8H0v2a2 2 0 0 0 2 2h2v-1.5ZM8 12v-1.5h2a.5.5 0 0 0 .5-.5V8H12v2a2 2 0 0 1-2 2H8Zm2-12a2 2 0 0 1 2 2v2h-1.5V2a.5.5 0 0 0-.5-.5H8V0h2Z\" \/>\n\t\t\t<\/svg>\n\t\t<\/button><\/figure>\n\n\n\n<p class=\"wp-block-paragraph\"><strong><a href=\"https:\/\/www.instagram.com\/her.najs\/\" target=\"_blank\" data-type=\"link\" data-id=\"https:\/\/www.instagram.com\/her.najs\/\" rel=\"noreferrer noopener\">Hernajs<\/a><\/strong> lo encuentras en la calle Jungmannova, en el mismo edificio que la cafeter\u00eda <strong>A\u017e na p\u016fdu<\/strong>. Comparten entrada, pero <strong>la ludoteca no pertenece a la cafeter\u00eda<\/strong>: es un negocio independiente en el piso de arriba y solo puedes subirte el caf\u00e9 a donde est\u00e1n los ni\u00f1os. Es peque\u00f1a y no hay espacio para correr, as\u00ed que va sobre todo para beb\u00e9s de hasta unos dos a\u00f1os. Sus talleres y actividades sensoriales las anuncian en su Instagram, aunque el programa cambia much\u00edsimo y a menudo no se celebran.<\/p>\n\n\n\n<h3 class=\"wp-block-heading\"><span class=\"ez-toc-section\" id=\"Mini_Academy\"><\/span>Mini Academy<span class=\"ez-toc-section-end\"><\/span><\/h3>\n\n\n\n<p class=\"wp-block-paragraph\"><strong><a href=\"https:\/\/miniacademy.cz\/?gad_source=1&amp;gad_campaignid=22872992318&amp;gbraid=0AAAABAVHf7aeYOGgZ9GHDcgoWE_YHNW6K&amp;gclid=Cj0KCQjw1ZjOBhCmARIsADDuFTAF61N7iieFbWaKkfCkX_axM0q7-K4YjE_rgSqdVOEvNxjLs5s5jeMaAh7MEALw_wcB\" target=\"_blank\" data-type=\"link\" data-id=\"https:\/\/miniacademy.cz\/?gad_source=1&amp;gad_campaignid=22872992318&amp;gbraid=0AAAABAVHf7aeYOGgZ9GHDcgoWE_YHNW6K&amp;gclid=Cj0KCQjw1ZjOBhCmARIsADDuFTAF61N7iieFbWaKkfCkX_axM0q7-K4YjE_rgSqdVOEvNxjLs5s5jeMaAh7MEALw_wcB\" rel=\"noreferrer noopener\">Centro infantil<\/a><\/strong> que ofrece juego sensorial, ingl\u00e9s para los m\u00e1s peque\u00f1os, gimnasia para beb\u00e9s e incluso una minidiscoteca. Los programas cambian, as\u00ed que vale la pena seguir su p\u00e1gina. Para padres con ni\u00f1os peque\u00f1os es una salvaci\u00f3n, y aqu\u00ed conocer\u00e1s tambi\u00e9n a otras familias de P\u00edsek.<\/p>\n\n\n\n<h3 class=\"wp-block-heading\"><span class=\"ez-toc-section\" id=\"Parque_de_educacion_vial_junto_a_Vaclav\"><\/span>Parque de educaci\u00f3n vial junto a V\u00e1clav<span class=\"ez-toc-section-end\"><\/span><\/h3>\n\n\n\n<figure data-wp-context=\"{&quot;imageId&quot;:&quot;6a952388d0e36&quot;}\" data-wp-interactive=\"core\/image\" data-wp-key=\"6a952388d0e36\" class=\"wp-block-image size-full wp-lightbox-container\"><img decoding=\"async\" width=\"1024\" height=\"461\" data-wp-class--hide=\"state.isContentHidden\" data-wp-class--show=\"state.isContentVisible\" data-wp-init=\"callbacks.setButtonStyles\" data-wp-on--click=\"actions.showLightbox\" data-wp-on--load=\"callbacks.setButtonStyles\" data-wp-on--pointerdown=\"actions.preloadImage\" data-wp-on--pointerenter=\"actions.preloadImageWithDelay\" data-wp-on--pointerleave=\"actions.cancelPreload\" data-wp-on-window--resize=\"callbacks.setButtonStyles\" src=\"https:\/\/loudavymkrokem.cz\/wp-content\/uploads\/2026\/08\/dopravni-hriste-u-sv-vaclava-pisek.jpg\" alt=\"Parque de educaci\u00f3n vial junto a san V\u00e1clav en P\u00edsek tras la reforma\" class=\"wp-image-399632\" title=\"\" srcset=\"https:\/\/loudavymkrokem.cz\/wp-content\/uploads\/2026\/08\/dopravni-hriste-u-sv-vaclava-pisek.jpg 1024w, https:\/\/loudavymkrokem.cz\/wp-content\/uploads\/2026\/08\/dopravni-hriste-u-sv-vaclava-pisek-300x135.jpg 300w, https:\/\/loudavymkrokem.cz\/wp-content\/uploads\/2026\/08\/dopravni-hriste-u-sv-vaclava-pisek-700x315.jpg 700w, https:\/\/loudavymkrokem.cz\/wp-content\/uploads\/2026\/08\/dopravni-hriste-u-sv-vaclava-pisek-768x346.jpg 768w, https:\/\/loudavymkrokem.cz\/wp-content\/uploads\/2026\/08\/dopravni-hriste-u-sv-vaclava-pisek-696x313.jpg 696w\" sizes=\"(max-width: 1024px) 100vw, 1024px\" \/><button\n\t\t\tclass=\"lightbox-trigger\"\n\t\t\ttype=\"button\"\n\t\t\taria-haspopup=\"dialog\"\n\t\t\tdata-wp-bind--aria-label=\"state.thisImage.triggerButtonAriaLabel\"\n\t\t\tdata-wp-init=\"callbacks.initTriggerButton\"\n\t\t\tdata-wp-on--click=\"actions.showLightbox\"\n\t\t\tdata-wp-style--right=\"state.thisImage.buttonRight\"\n\t\t\tdata-wp-style--top=\"state.thisImage.buttonTop\"\n\t\t>\n\t\t\t<svg xmlns=\"http:\/\/www.w3.org\/2000\/svg\" width=\"12\" height=\"12\" fill=\"none\" viewBox=\"0 0 12 12\">\n\t\t\t\t<path fill=\"#fff\" d=\"M2 0a2 2 0 0 0-2 2v2h1.5V2a.5.5 0 0 1 .5-.5h2V0H2Zm2 10.5H2a.5.5 0 0 1-.5-.5V8H0v2a2 2 0 0 0 2 2h2v-1.5ZM8 12v-1.5h2a.5.5 0 0 0 .5-.5V8H12v2a2 2 0 0 1-2 2H8Zm2-12a2 2 0 0 1 2 2v2h-1.5V2a.5.5 0 0 0-.5-.5H8V0h2Z\" \/>\n\t\t\t<\/svg>\n\t\t<\/button><\/figure>\n\n\n\n<p class=\"wp-block-paragraph\">Junto a la piscina encontrar\u00e1s un parque de educaci\u00f3n vial reformado con sem\u00e1foros, rotonda y todo lo que necesitan los peque\u00f1os conductores. Los ni\u00f1os aprenden las normas de circulaci\u00f3n mientras se divierten. Y como aqu\u00ed tambi\u00e9n est\u00e1 el <strong>YEZ Caf\u00e9<\/strong>, con arenero para los m\u00e1s peque\u00f1os, t\u00fa, mientras tanto, comes tranquilo y los hermanos menores tambi\u00e9n se entretienen. Pr\u00e1ctico, divertido, funcional.<\/p>\n\n\n\n<h3 class=\"wp-block-heading\"><span class=\"ez-toc-section\" id=\"Nase_zviratka_Putim_minizoo_gratis\"><\/span>Na\u0161e zv\u00ed\u0159\u00e1tka Putim: minizoo gratis<span class=\"ez-toc-section-end\"><\/span><\/h3>\n\n\n\n<figure data-wp-context=\"{&quot;imageId&quot;:&quot;6a952388d171f&quot;}\" data-wp-interactive=\"core\/image\" data-wp-key=\"6a952388d171f\" class=\"wp-block-image size-full wp-lightbox-container\"><img decoding=\"async\" width=\"1000\" height=\"563\" data-wp-class--hide=\"state.isContentHidden\" data-wp-class--show=\"state.isContentVisible\" data-wp-init=\"callbacks.setButtonStyles\" data-wp-on--click=\"actions.showLightbox\" data-wp-on--load=\"callbacks.setButtonStyles\" data-wp-on--pointerdown=\"actions.preloadImage\" data-wp-on--pointerenter=\"actions.preloadImageWithDelay\" data-wp-on--pointerleave=\"actions.cancelPreload\" data-wp-on-window--resize=\"callbacks.setButtonStyles\" src=\"https:\/\/loudavymkrokem.cz\/wp-content\/uploads\/2026\/08\/nase-zviratka-putim-klokan.jpg\" alt=\"Canguro en la minizoo Na\u0161e zv\u00ed\u0159\u00e1tka en Putim\" class=\"wp-image-399583\" title=\"\" srcset=\"https:\/\/loudavymkrokem.cz\/wp-content\/uploads\/2026\/08\/nase-zviratka-putim-klokan.jpg 1000w, https:\/\/loudavymkrokem.cz\/wp-content\/uploads\/2026\/08\/nase-zviratka-putim-klokan-300x169.jpg 300w, https:\/\/loudavymkrokem.cz\/wp-content\/uploads\/2026\/08\/nase-zviratka-putim-klokan-700x394.jpg 700w, https:\/\/loudavymkrokem.cz\/wp-content\/uploads\/2026\/08\/nase-zviratka-putim-klokan-768x432.jpg 768w, https:\/\/loudavymkrokem.cz\/wp-content\/uploads\/2026\/08\/nase-zviratka-putim-klokan-696x392.jpg 696w\" sizes=\"(max-width: 1000px) 100vw, 1000px\" \/><button\n\t\t\tclass=\"lightbox-trigger\"\n\t\t\ttype=\"button\"\n\t\t\taria-haspopup=\"dialog\"\n\t\t\tdata-wp-bind--aria-label=\"state.thisImage.triggerButtonAriaLabel\"\n\t\t\tdata-wp-init=\"callbacks.initTriggerButton\"\n\t\t\tdata-wp-on--click=\"actions.showLightbox\"\n\t\t\tdata-wp-style--right=\"state.thisImage.buttonRight\"\n\t\t\tdata-wp-style--top=\"state.thisImage.buttonTop\"\n\t\t>\n\t\t\t<svg xmlns=\"http:\/\/www.w3.org\/2000\/svg\" width=\"12\" height=\"12\" fill=\"none\" viewBox=\"0 0 12 12\">\n\t\t\t\t<path fill=\"#fff\" d=\"M2 0a2 2 0 0 0-2 2v2h1.5V2a.5.5 0 0 1 .5-.5h2V0H2Zm2 10.5H2a.5.5 0 0 1-.5-.5V8H0v2a2 2 0 0 0 2 2h2v-1.5ZM8 12v-1.5h2a.5.5 0 0 0 .5-.5V8H12v2a2 2 0 0 1-2 2H8Zm2-12a2 2 0 0 1 2 2v2h-1.5V2a.5.5 0 0 0-.5-.5H8V0h2Z\" \/>\n\t\t\t<\/svg>\n\t\t<\/button><\/figure>\n\n\n\n<p class=\"wp-block-paragraph\">Esta es mi idea favorita para los ni\u00f1os m\u00e1s peque\u00f1os. En Putim, a <strong>diez minutos en coche de P\u00edsek<\/strong>, funciona la minizoo familiar Na\u0161e zv\u00ed\u0159\u00e1tka, donde te encontrar\u00e1s canguros, suricatas, cabras, aves rapaces e incluso un cuervo que habla, y adem\u00e1s hay un parque infantil retro con columpios y arenero. Y ahora lo mejor: <strong>la entrada es gratis<\/strong>, solo se paga una aportaci\u00f3n voluntaria a la hucha (recomiendan de 2 a 4 \u20ac \/ 50-100 CZK), y abren a diario de 9 a 19 h.<\/p>\n\n\n\n<p class=\"wp-block-paragraph\">\ud83d\udca1 <strong>Consejo:<\/strong> comb\u00ednalo con un paseo por Putim, el pueblo famoso por \u0160vejk. Y si tus ni\u00f1os sue\u00f1an con caballos, a un paso de P\u00edsek, en Smrkovice, est\u00e1 la <strong>cuadra Merlin<\/strong>, donde puedes concertar un paseo en poni o un paseo con llama o alpaca. Eso s\u00ed, llama antes: aqu\u00ed todo funciona con reserva y los precios los dan a consulta.<\/p>\n\n\n\n<h3 class=\"wp-block-heading\"><span class=\"ez-toc-section\" id=\"Piscina_junto_a_Vaclav_bano_con_vistas_al_Otava\"><\/span>Piscina junto a V\u00e1clav: ba\u00f1o con vistas al Otava<span class=\"ez-toc-section-end\"><\/span><\/h3>\n\n\n\n<p class=\"wp-block-paragraph\">Cuando aprieta el calor, las familias de P\u00edsek se dirigen a la piscina junto a V\u00e1clav, que lleva funcionando ya m\u00e1s de 75 a\u00f1os. Es todo un cl\u00e1sico a orillas del r\u00edo: <strong>piscina infantil con tobog\u00e1n, chapoteadero<\/strong> y, quien quiera, se ba\u00f1a directamente en el Otava. Los adultos pagan <strong>90 CZK (3,50 \u20ac) por d\u00eda<\/strong>, los ni\u00f1os de hasta 140 cm 60 CZK (2,50 \u20ac) y la entrada familiar sale por 225 CZK (9 \u20ac), lo cual me parece m\u00e1s que justo. Adem\u00e1s, en el recinto puedes alquilar una barca por unos 4 \u20ac (100 CZK) la hora y el puesto de comida est\u00e1 justo al lado del agua.<\/p>\n\n\n\n<h3 class=\"wp-block-heading\"><span class=\"ez-toc-section\" id=\"En_barca_por_el_Otava_piraguismo_tambien_en_familia\"><\/span>En barca por el Otava: pirag\u00fcismo tambi\u00e9n en familia<span class=\"ez-toc-section-end\"><\/span><\/h3>\n\n\n\n<p class=\"wp-block-paragraph\">El Otava alrededor de P\u00edsek es un r\u00edo tranquilo y lento, ideal para los primeros intentos con piragua en familia. Los alquileres llevan las barcas gratis directamente a P\u00edsek; una <strong>canoa familiar para dos adultos y dos ni\u00f1os cuesta unos 31 \u20ac (750 CZK) al d\u00eda<\/strong>, una balsa grande para seis personas unos 64 \u20ac (1550 CZK), y en el precio se incluyen chalecos, bidones y remos. No hace falta que planifiques una expedici\u00f3n de todo el d\u00eda: los alquileres tambi\u00e9n ofrecen <strong>traves\u00edas cortas por la tarde, de hora y media a tres horas<\/strong>, y te aconsejan el tramo concreto seg\u00fan el estado actual del agua.<\/p>\n\n\n\n<h3 class=\"wp-block-heading\"><span class=\"ez-toc-section\" id=\"Zemeraj_junto_a_Kovarov_un_dia_en_la_Alta_Edad_Media\"><\/span>Zem\u011br\u00e1j, junto a Kov\u00e1\u0159ov: un d\u00eda en la Alta Edad Media<span class=\"ez-toc-section-end\"><\/span><\/h3>\n\n\n\n<figure data-wp-context=\"{&quot;imageId&quot;:&quot;6a952388d36eb&quot;}\" data-wp-interactive=\"core\/image\" data-wp-key=\"6a952388d36eb\" class=\"wp-block-image size-full wp-lightbox-container\"><img decoding=\"async\" width=\"1400\" height=\"550\" data-wp-class--hide=\"state.isContentHidden\" data-wp-class--show=\"state.isContentVisible\" data-wp-init=\"callbacks.setButtonStyles\" data-wp-on--click=\"actions.showLightbox\" data-wp-on--load=\"callbacks.setButtonStyles\" data-wp-on--pointerdown=\"actions.preloadImage\" data-wp-on--pointerenter=\"actions.preloadImageWithDelay\" data-wp-on--pointerleave=\"actions.cancelPreload\" data-wp-on-window--resize=\"callbacks.setButtonStyles\" src=\"https:\/\/loudavymkrokem.cz\/wp-content\/uploads\/2026\/08\/zemeraj-kovarov-lidova-staveni.jpg\" alt=\"Construcciones populares en el parque de experiencias Zem\u011br\u00e1j junto a Kov\u00e1\u0159ov\" class=\"wp-image-399579\" title=\"\" srcset=\"https:\/\/loudavymkrokem.cz\/wp-content\/uploads\/2026\/08\/zemeraj-kovarov-lidova-staveni.jpg 1400w, https:\/\/loudavymkrokem.cz\/wp-content\/uploads\/2026\/08\/zemeraj-kovarov-lidova-staveni-300x118.jpg 300w, https:\/\/loudavymkrokem.cz\/wp-content\/uploads\/2026\/08\/zemeraj-kovarov-lidova-staveni-700x275.jpg 700w, https:\/\/loudavymkrokem.cz\/wp-content\/uploads\/2026\/08\/zemeraj-kovarov-lidova-staveni-768x302.jpg 768w, https:\/\/loudavymkrokem.cz\/wp-content\/uploads\/2026\/08\/zemeraj-kovarov-lidova-staveni-696x273.jpg 696w, https:\/\/loudavymkrokem.cz\/wp-content\/uploads\/2026\/08\/zemeraj-kovarov-lidova-staveni-1392x547.jpg 1392w\" sizes=\"(max-width: 1400px) 100vw, 1400px\" \/><button\n\t\t\tclass=\"lightbox-trigger\"\n\t\t\ttype=\"button\"\n\t\t\taria-haspopup=\"dialog\"\n\t\t\tdata-wp-bind--aria-label=\"state.thisImage.triggerButtonAriaLabel\"\n\t\t\tdata-wp-init=\"callbacks.initTriggerButton\"\n\t\t\tdata-wp-on--click=\"actions.showLightbox\"\n\t\t\tdata-wp-style--right=\"state.thisImage.buttonRight\"\n\t\t\tdata-wp-style--top=\"state.thisImage.buttonTop\"\n\t\t>\n\t\t\t<svg xmlns=\"http:\/\/www.w3.org\/2000\/svg\" width=\"12\" height=\"12\" fill=\"none\" viewBox=\"0 0 12 12\">\n\t\t\t\t<path fill=\"#fff\" d=\"M2 0a2 2 0 0 0-2 2v2h1.5V2a.5.5 0 0 1 .5-.5h2V0H2Zm2 10.5H2a.5.5 0 0 1-.5-.5V8H0v2a2 2 0 0 0 2 2h2v-1.5ZM8 12v-1.5h2a.5.5 0 0 0 .5-.5V8H12v2a2 2 0 0 1-2 2H8Zm2-12a2 2 0 0 1 2 2v2h-1.5V2a.5.5 0 0 0-.5-.5H8V0h2Z\" \/>\n\t\t\t<\/svg>\n\t\t<\/button><\/figure>\n\n\n\n<p class=\"wp-block-paragraph\">Para esta excursi\u00f3n reserva todo un d\u00eda. El parque de experiencias <strong>Zem\u011br\u00e1j<\/strong>, junto a Kov\u00e1\u0159ov (a unos 35 minutos en coche en direcci\u00f3n a Milevsko), es un poblado-museo vivo de la Alta Edad Media, donde los ni\u00f1os lo tocan todo: se muele grano, se prueban oficios de \u00e9poca y, adem\u00e1s, hay un <strong>sendero descalzo de un kil\u00f3metro<\/strong>, un parque acu\u00e1tico, un laberinto y m\u00e1s de un centenar de juegos y acertijos repartidos por el recinto.<\/p>\n\n\n\n<p class=\"wp-block-paragraph\">La entrada cuesta <strong>190 CZK (8 \u20ac) para adultos y 170 CZK (7 \u20ac) para ni\u00f1os a partir de 2 a\u00f1os<\/strong>, los m\u00e1s peque\u00f1os gratis, y el aparcamiento tambi\u00e9n. Abierto de mayo a finales de septiembre; en vacaciones escolares, a diario de 9:30 a 18:30, y fuera de vacaciones, sobre todo los fines de semana. \ud83d\udca1 <strong>Consejo:<\/strong> para el sendero descalzo lleva una toalla para enjuagarte los pies, la querr\u00e1s.<\/p>\n\n\n\n<h3 class=\"wp-block-heading\"><span class=\"ez-toc-section\" id=\"En_el_trenecito_Elinka_por_el_puente_Duha\"><\/span>En el trenecito Elinka por el puente Duha<span class=\"ez-toc-section-end\"><\/span><\/h3>\n\n\n\n<p class=\"wp-block-paragraph\">Este es un flechazo para peque\u00f1os y grandes fans de los trenes. Los s\u00e1bados de vacaciones sale de la l\u00ednea de T\u00e1bor a Bechyn\u011b el hist\u00f3rico vag\u00f3n el\u00e9ctrico <strong>Elinka, de 1903<\/strong>, el m\u00e1s antiguo de su clase en la Rep\u00fablica Checa, junto con la estupenda locomotora Bobinka. La l\u00ednea, por cierto, es memorable: es el primer ferrocarril electrificado del pa\u00eds y, por el camino, el tren cruza el famoso <strong>puente Bechy\u0148sk\u00e1 duha (el arco\u00edris de Bechyn\u011b)<\/strong>.<\/p>\n\n\n\n<p class=\"wp-block-paragraph\">Desde P\u00edsek, lo m\u00e1s c\u00f3modo es llegar a Bechyn\u011b (media hora en coche) y subirte a los trayectos de vuelta hacia las 11:25 y las 15:25. El billete cuesta <strong>200 CZK (8 \u20ac) para adultos y 100 CZK (4 \u20ac) para ni\u00f1os<\/strong> de 6 a 15 a\u00f1os. Comprueba las fechas y horarios actuales con los Ferrocarriles Checos antes de ir, porque cada a\u00f1o pueden variar un poco.<\/p>\n\n\n\n<h2 class=\"wp-block-heading\"><span class=\"ez-toc-section\" id=\"Que_hacer_en_Pisek_cuando_llueve\"><\/span>Qu\u00e9 hacer en P\u00edsek cuando llueve<span class=\"ez-toc-section-end\"><\/span><\/h2>\n\n\n\n<figure data-wp-context=\"{&quot;imageId&quot;:&quot;6a952388d3dac&quot;}\" data-wp-interactive=\"core\/image\" data-wp-key=\"6a952388d3dac\" class=\"wp-block-image size-full wp-lightbox-container\"><img decoding=\"async\" width=\"2200\" height=\"1467\" data-wp-class--hide=\"state.isContentHidden\" data-wp-class--show=\"state.isContentVisible\" data-wp-init=\"callbacks.setButtonStyles\" data-wp-on--click=\"actions.showLightbox\" data-wp-on--load=\"callbacks.setButtonStyles\" data-wp-on--pointerdown=\"actions.preloadImage\" data-wp-on--pointerenter=\"actions.preloadImageWithDelay\" data-wp-on--pointerleave=\"actions.cancelPreload\" data-wp-on-window--resize=\"callbacks.setButtonStyles\" src=\"https:\/\/loudavymkrokem.cz\/wp-content\/uploads\/2026\/08\/pisek-prachenske-muzeum-nadvori.jpg\" alt=\"Patio del castillo de P\u00edsek con el Museo de Pr\u00e1che\u0148\" class=\"wp-image-399341\" title=\"\" srcset=\"https:\/\/loudavymkrokem.cz\/wp-content\/uploads\/2026\/08\/pisek-prachenske-muzeum-nadvori.jpg 2200w, https:\/\/loudavymkrokem.cz\/wp-content\/uploads\/2026\/08\/pisek-prachenske-muzeum-nadvori-300x200.jpg 300w, https:\/\/loudavymkrokem.cz\/wp-content\/uploads\/2026\/08\/pisek-prachenske-muzeum-nadvori-700x467.jpg 700w, https:\/\/loudavymkrokem.cz\/wp-content\/uploads\/2026\/08\/pisek-prachenske-muzeum-nadvori-768x512.jpg 768w, https:\/\/loudavymkrokem.cz\/wp-content\/uploads\/2026\/08\/pisek-prachenske-muzeum-nadvori-1536x1024.jpg 1536w, https:\/\/loudavymkrokem.cz\/wp-content\/uploads\/2026\/08\/pisek-prachenske-muzeum-nadvori-2048x1366.jpg 2048w, https:\/\/loudavymkrokem.cz\/wp-content\/uploads\/2026\/08\/pisek-prachenske-muzeum-nadvori-696x464.jpg 696w, https:\/\/loudavymkrokem.cz\/wp-content\/uploads\/2026\/08\/pisek-prachenske-muzeum-nadvori-1392x928.jpg 1392w, https:\/\/loudavymkrokem.cz\/wp-content\/uploads\/2026\/08\/pisek-prachenske-muzeum-nadvori-1920x1280.jpg 1920w\" sizes=\"(max-width: 2200px) 100vw, 2200px\" \/><button\n\t\t\tclass=\"lightbox-trigger\"\n\t\t\ttype=\"button\"\n\t\t\taria-haspopup=\"dialog\"\n\t\t\tdata-wp-bind--aria-label=\"state.thisImage.triggerButtonAriaLabel\"\n\t\t\tdata-wp-init=\"callbacks.initTriggerButton\"\n\t\t\tdata-wp-on--click=\"actions.showLightbox\"\n\t\t\tdata-wp-style--right=\"state.thisImage.buttonRight\"\n\t\t\tdata-wp-style--top=\"state.thisImage.buttonTop\"\n\t\t>\n\t\t\t<svg xmlns=\"http:\/\/www.w3.org\/2000\/svg\" width=\"12\" height=\"12\" fill=\"none\" viewBox=\"0 0 12 12\">\n\t\t\t\t<path fill=\"#fff\" d=\"M2 0a2 2 0 0 0-2 2v2h1.5V2a.5.5 0 0 1 .5-.5h2V0H2Zm2 10.5H2a.5.5 0 0 1-.5-.5V8H0v2a2 2 0 0 0 2 2h2v-1.5ZM8 12v-1.5h2a.5.5 0 0 0 .5-.5V8H12v2a2 2 0 0 1-2 2H8Zm2-12a2 2 0 0 1 2 2v2h-1.5V2a.5.5 0 0 0-.5-.5H8V0h2Z\" \/>\n\t\t\t<\/svg>\n\t\t<\/button><\/figure>\n\n\n\n<p class=\"wp-block-paragraph\">Un d\u00eda de lluvia en P\u00edsek no es motivo para hacer las maletas. De hecho, y lo digo con sinceridad, algunas de las mejores experiencias aqu\u00ed son precisamente bajo techo. <strong>Aqu\u00ed tienes una lista de sitios donde refugiarte sin tener la sensaci\u00f3n de estar solo matando el tiempo.<\/strong><\/p>\n\n\n\n<ul class=\"wp-block-list\">\n<li><strong>Sladovna<\/strong>: la elecci\u00f3n n\u00famero uno sin duda. Cuatro plantas de diversi\u00f3n para toda la familia, tranquilamente pasas aqu\u00ed toda la ma\u00f1ana e incluso la tarde.<\/li>\n\n\n\n<li><strong>Museo de Pr\u00e1che\u0148<\/strong>: castillo g\u00f3tico, colecciones desde la prehistoria hasta la actualidad. Bajo la lluvia el ambiente coge a\u00fan m\u00e1s fuerza.<\/li>\n\n\n\n<li><strong>Central el\u00e9ctrica de K\u0159i\u017e\u00edk<\/strong>: ojo, actualmente est\u00e1 <strong>cerrada<\/strong> por reformas. Pero est\u00e1 atento a cu\u00e1ndo abre, porque valdr\u00e1 la pena.<\/li>\n\n\n\n<li><strong>Cafeter\u00edas<\/strong>: en P\u00edsek la escena cafetera es sorprendentemente rica. Elige <strong>Balz\u00e1m caf\u00e9<\/strong> para un rato tranquilo, <strong>Sova na V\u011btvi<\/strong> para un caf\u00e9 excelente, <strong>A\u017e na p\u016fdu<\/strong> para desayunar y sentarte en el patio, <strong>Frame<\/strong> por su dise\u00f1o moderno y una taza de caf\u00e9 o matcha, y <strong>Travel Cafe<\/strong> (nuestra favorita, con terraza con arenero) cuando quieras viajar al menos con la mente y acompa\u00f1arlo de un buen brunch. En categor\u00eda aparte est\u00e1n las ludotecas, sobre todo <strong>My\u0161ka herna<\/strong>.<\/li>\n\n\n\n<li><strong>Restaurantes<\/strong>: un d\u00eda de lluvia es una excusa estupenda para una buena comida. M\u00e1s abajo, en la secci\u00f3n sobre comer.<\/li>\n\n\n\n<li><strong>Cine Porty\u010d<\/strong>: no esperes un moderno multicine con gran variedad de comida, pero ver\u00e1s un estreno a precio popular.<\/li>\n\n\n\n<li><strong>Museo de las m\u00e1scaras de Milevsko<\/strong>: media hora en coche y est\u00e1s en el museo del desfile de carnaval m\u00e1s antiguo de la Rep\u00fablica Checa. Los ni\u00f1os prueban r\u00e9plicas de m\u00e1scaras, juegan con tabletas y en el taller colorean su propia m\u00e1scara. Entrada 60\/30 CZK (2,50 \/ 1,20 \u20ac), familiar 140 CZK (6 \u20ac).<\/li>\n\n\n\n<li><strong>Aquapark Hora\u017e\u010fovice<\/strong>: cuarenta minutos en coche, pero a cambio tobog\u00e1n, r\u00edo salvaje, olas y piscina infantil con barco pirata. La entrada familiar para dos horas sale por 490 CZK (20 \u20ac). Tambi\u00e9n tienes m\u00e1s cerca, en Strakonice, una piscina cubierta con tobog\u00e1n de 86 metros.<\/li>\n\n\n\n<li><strong>Estadio de nataci\u00f3n + ba\u00f1o de vapor<\/strong>: la piscina cubierta y el ba\u00f1o de vapor funcionan, solo el recinto exterior est\u00e1 ahora cerrado (la ciudad est\u00e1 construyendo una piscina totalmente nueva). Ya que hay agua fuera, al menos que sea de la caliente.<\/li>\n\n\n\n<li><strong>Harmony<\/strong>: yoga, pilates, gimnasio, sauna, masajes. Un d\u00eda de lluvia se puede transformar en un d\u00eda de wellness, \u00bfno?<\/li>\n\n\n\n<li><strong>Puppy yoga en Mini Academy<\/strong>: yoga con cachorritos. S\u00ed, lees bien. Yoga. Con. Cachorritos. \u00bfHace falta que diga algo m\u00e1s? \ud83d\ude05<\/li>\n<\/ul>\n\n\n\n<h2 class=\"wp-block-heading\"><span class=\"ez-toc-section\" id=\"Donde_aparcar_en_Pisek\"><\/span>D\u00f3nde aparcar en P\u00edsek<span class=\"ez-toc-section-end\"><\/span><\/h2>\n\n\n\n<p class=\"wp-block-paragraph\">Aparcar en P\u00edsek puede ser a veces un l\u00edo, y conviene saber unas cuantas cosas de antemano para no dar vueltas por el centro sin sentido. La ciudad tiene tres zonas de precios y el sistema es claro.<\/p>\n\n\n\n<p class=\"wp-block-paragraph\"><strong>Zona I (centro):<\/strong><\/p>\n\n\n\n<ul class=\"wp-block-list\">\n<li>1.\u00aa hora: 20 CZK (0,80 \u20ac)<\/li>\n\n\n\n<li>2.\u00aa hora: 30 CZK (1,20 \u20ac)<\/li>\n\n\n\n<li>Cada hora adicional: 60 CZK (2,50 \u20ac)<\/li>\n<\/ul>\n\n\n\n<p class=\"wp-block-paragraph\"><strong>Zona II (centro ampliado):<\/strong><\/p>\n\n\n\n<ul class=\"wp-block-list\">\n<li>1.\u00aa-2.\u00aa hora: 10 CZK (0,40 \u20ac)<\/li>\n\n\n\n<li>Cada hora adicional: 30 CZK (1,20 \u20ac)<\/li>\n<\/ul>\n\n\n\n<p class=\"wp-block-paragraph\"><strong>Zona III (periferia):<\/strong><\/p>\n\n\n\n<ul class=\"wp-block-list\">\n<li>10 CZK (0,40 \u20ac)\/hora<\/li>\n<\/ul>\n\n\n\n<p class=\"wp-block-paragraph\"><strong>En los d\u00edas festivos el aparcamiento es gratis en todas partes y los domingos casi en todas partes<\/strong>, salvo en la plaza Velk\u00e9 n\u00e1m\u011bst\u00ed, donde se paga todos los d\u00edas.<\/p>\n\n\n\n<p class=\"wp-block-paragraph\">Puedes pagar con la aplicaci\u00f3n <strong>MPLA<\/strong>, que es probablemente la opci\u00f3n m\u00e1s c\u00f3moda. Sin buscar monedas, sin correr al parqu\u00edmetro.<\/p>\n\n\n\n<p class=\"wp-block-paragraph\"><strong>Mi consejo:<\/strong> si vienes para un buen rato, aparca en el <strong>recinto ferial<\/strong> o <strong>junto a la casa de la cultura<\/strong>: est\u00e1 a un paso del centro, la zona es m\u00e1s barata y suele haber sitio. Unos minutos a pie no te har\u00e1n da\u00f1o y tu cartera lo agradecer\u00e1. Si <strong>aparcas junto al pabell\u00f3n deportivo Elim<\/strong>, lo tendr\u00e1s totalmente gratis.<\/p>\n\n\n\n<h2 class=\"wp-block-heading\"><span class=\"ez-toc-section\" id=\"Donde_comer_y_beber_bien_en_Pisek\"><\/span>D\u00f3nde comer y beber bien en P\u00edsek<span class=\"ez-toc-section-end\"><\/span><\/h2>\n\n\n\n<figure data-wp-context=\"{&quot;imageId&quot;:&quot;6a952388d4fe9&quot;}\" data-wp-interactive=\"core\/image\" data-wp-key=\"6a952388d4fe9\" class=\"wp-block-image size-full wp-lightbox-container\"><img decoding=\"async\" width=\"2200\" height=\"1467\" data-wp-class--hide=\"state.isContentHidden\" data-wp-class--show=\"state.isContentVisible\" data-wp-init=\"callbacks.setButtonStyles\" data-wp-on--click=\"actions.showLightbox\" data-wp-on--load=\"callbacks.setButtonStyles\" data-wp-on--pointerdown=\"actions.preloadImage\" data-wp-on--pointerenter=\"actions.preloadImageWithDelay\" data-wp-on--pointerleave=\"actions.cancelPreload\" data-wp-on-window--resize=\"callbacks.setButtonStyles\" src=\"https:\/\/loudavymkrokem.cz\/wp-content\/uploads\/2026\/08\/pisek-namesticko-zahradky.jpg\" alt=\"Placita en el centro de P\u00edsek con terrazas de verano\" class=\"wp-image-399382\" title=\"\" srcset=\"https:\/\/loudavymkrokem.cz\/wp-content\/uploads\/2026\/08\/pisek-namesticko-zahradky.jpg 2200w, https:\/\/loudavymkrokem.cz\/wp-content\/uploads\/2026\/08\/pisek-namesticko-zahradky-300x200.jpg 300w, https:\/\/loudavymkrokem.cz\/wp-content\/uploads\/2026\/08\/pisek-namesticko-zahradky-700x467.jpg 700w, https:\/\/loudavymkrokem.cz\/wp-content\/uploads\/2026\/08\/pisek-namesticko-zahradky-768x512.jpg 768w, https:\/\/loudavymkrokem.cz\/wp-content\/uploads\/2026\/08\/pisek-namesticko-zahradky-1536x1024.jpg 1536w, https:\/\/loudavymkrokem.cz\/wp-content\/uploads\/2026\/08\/pisek-namesticko-zahradky-2048x1366.jpg 2048w, https:\/\/loudavymkrokem.cz\/wp-content\/uploads\/2026\/08\/pisek-namesticko-zahradky-696x464.jpg 696w, https:\/\/loudavymkrokem.cz\/wp-content\/uploads\/2026\/08\/pisek-namesticko-zahradky-1392x928.jpg 1392w, https:\/\/loudavymkrokem.cz\/wp-content\/uploads\/2026\/08\/pisek-namesticko-zahradky-1920x1280.jpg 1920w\" sizes=\"(max-width: 2200px) 100vw, 2200px\" \/><button\n\t\t\tclass=\"lightbox-trigger\"\n\t\t\ttype=\"button\"\n\t\t\taria-haspopup=\"dialog\"\n\t\t\tdata-wp-bind--aria-label=\"state.thisImage.triggerButtonAriaLabel\"\n\t\t\tdata-wp-init=\"callbacks.initTriggerButton\"\n\t\t\tdata-wp-on--click=\"actions.showLightbox\"\n\t\t\tdata-wp-style--right=\"state.thisImage.buttonRight\"\n\t\t\tdata-wp-style--top=\"state.thisImage.buttonTop\"\n\t\t>\n\t\t\t<svg xmlns=\"http:\/\/www.w3.org\/2000\/svg\" width=\"12\" height=\"12\" fill=\"none\" viewBox=\"0 0 12 12\">\n\t\t\t\t<path fill=\"#fff\" d=\"M2 0a2 2 0 0 0-2 2v2h1.5V2a.5.5 0 0 1 .5-.5h2V0H2Zm2 10.5H2a.5.5 0 0 1-.5-.5V8H0v2a2 2 0 0 0 2 2h2v-1.5ZM8 12v-1.5h2a.5.5 0 0 0 .5-.5V8H12v2a2 2 0 0 1-2 2H8Zm2-12a2 2 0 0 1 2 2v2h-1.5V2a.5.5 0 0 0-.5-.5H8V0h2Z\" \/>\n\t\t\t<\/svg>\n\t\t<\/button><\/figure>\n\n\n\n<p class=\"wp-block-paragraph\">P\u00edsek es una ciudad donde se come y se bebe sorprendentemente bien. Nada de desierto gastron\u00f3mico, como alguien podr\u00eda esperar de una ciudad de este tama\u00f1o. Aqu\u00ed van los <strong>locales a los que vamos con gusto en P\u00edsek<\/strong>, y como mi marido y yo somos ambos vegetarianos, escribo sobre todo de lo que pedimos nosotros.<\/p>\n\n\n\n<p class=\"wp-block-paragraph\"><strong>Nuestros cuatro cl\u00e1sicos para comer:<\/strong><\/p>\n\n\n\n<ul class=\"wp-block-list\">\n<li><strong>Tandoor<\/strong> (Heydukova 172\/10): restaurante indio escondido en un pasaje que va de la calle Heydukova al parque Palack\u00e9ho sady, con entrada por unas escaleras. Cocineros nepal\u00edes, aut\u00e9ntico horno tandoor y una estupenda oferta vegetariana: <strong>palak paneer, daal makhani o channa masala por unos 7 \u20ac (175 CZK)<\/strong>, m\u00e1s pan naan reci\u00e9n hecho por 2 \u20ac (55 CZK). Los domingos cierran.<\/li>\n\n\n\n<li><strong>Do Nebe<\/strong> (Palack\u00e9ho sady 68\/9): <strong>restaurante sin gluten<\/strong> que hoy se define como asador, pero gran parte de la carta es naturalmente sin gluten y para los cel\u00edacos es la direcci\u00f3n n\u00famero uno en P\u00edsek. Eso s\u00ed, el men\u00fa cambia constantemente, as\u00ed que de antemano no s\u00e9 si como vegetarianos comeremos bien: a veces tienen algo sin carne y entonces venimos con gusto. El men\u00fa del d\u00eda sale entre 54 y 249 CZK (2,20-10 \u20ac). Terraza en el parque, un parquecito infantil al lado, cerrado los domingos.<\/li>\n\n\n\n<li><strong>Pizzeria San Marco<\/strong> (Velk\u00e9 n\u00e1m\u011bst\u00ed 118\/11): restaurante italiano en la propia plaza, con due\u00f1o italiano, horno de le\u00f1a y pasta casera. Margarita, quattro formaggi, lasa\u00f1a y tiramis\u00fa; cuenta con unos <strong>8-12 \u20ac (200-300 CZK) por persona<\/strong>.<\/li>\n\n\n\n<li><strong>Pomodoro Ristorante Italiano<\/strong> (Bakal\u00e1\u0159e 147\/3): el segundo italiano, esta vez justo al lado de la iglesia de la Natividad de la Virgen Mar\u00eda. Pasta propia, \u00f1oquis, pesto y helado, y en verano una terraza con helader\u00eda. Cuando San Marco est\u00e1 lleno, aqu\u00ed suele haber m\u00e1s tranquilidad.<\/li>\n<\/ul>\n\n\n\n<p class=\"wp-block-paragraph\"><strong>Otros locales que merecen menci\u00f3n:<\/strong><\/p>\n\n\n\n<ul class=\"wp-block-list\">\n<li><strong>Kozlovna u Plechandy<\/strong> (Svatotrojick\u00e1 164\/5): cl\u00e1sico checo con terraza con vistas al puente de piedra, en la carta hay tambi\u00e9n alg\u00fan plato vegetariano y tienen tronas para ni\u00f1os. La especialidad local es la sv\u00ed\u010dkov\u00e1 y el codillo; en temporada, sin reserva es dif\u00edcil conseguir sitio.<\/li>\n\n\n\n<li><strong>Chapelle<\/strong>, en el Hotel U Kapli\u010dky: cocina moderna reconocida en la gu\u00eda Michelin 2026, un ambiente m\u00e1s elegante, ideal para una cena rom\u00e1ntica o una celebraci\u00f3n.<\/li>\n\n\n\n<li><strong>U Reiner\u016f<\/strong> (Palack\u00e9ho sady 98): restaurante de 1844 con terraza en el parque. Sus d\u00edas de gloria probablemente ya quedaron atr\u00e1s, pero por una Plze\u0148 de grifo y una buena dosis de historia merece la parada.<\/li>\n\n\n\n<li><strong>Aura<\/strong> (Velk\u00e9 n\u00e1m\u011bst\u00ed 104): cocina asi\u00e1tica para quienes quieran algo diferente.<\/li>\n\n\n\n<li><strong>Restaurante Ostrov<\/strong>, en la isla municipal: terraza a media sombra con parque infantil vallado, minigolf y barcas. Queso rebozado por 209 CZK (9 \u20ac); con ni\u00f1os, ideal.<\/li>\n<\/ul>\n\n\n\n<p class=\"wp-block-paragraph\"><strong>Cafeter\u00edas<\/strong> (porque el caf\u00e9 merece su propia categor\u00eda):<\/p>\n\n\n\n<ul class=\"wp-block-list\">\n<li><strong>Travel Cafe<\/strong> (Komensk\u00e9ho 87\/16): mi cafeter\u00eda favorita en P\u00edsek. Caf\u00e9 de especialidad, desayunos y brunch, vino por la noche y, sobre todo, terraza en el patio interior con arenero. A dos minutos de la plaza.<\/li>\n\n\n\n<li><strong>Coffee Dealer<\/strong> (Drl\u00ed\u010dov 145\/17): espresso y brew bar para quienes se toman el caf\u00e9 en serio, sobre todo el de filtro. Lu-S\u00e1 9-17, Do 10:30-17.<\/li>\n\n\n\n<li><strong>Kaf\u00e9rna<\/strong> (Heydukova): y aqu\u00ed tengo que ser sincera. El caf\u00e9 est\u00e1 bueno, de eso nada que decir, pero el personal es capaz de gritarte de un lado a otro de la calle por motivos desconocidos. Este bar de caf\u00e9 es conocido entre los lugare\u00f1os por su atenci\u00f3n desagradable y es una pena arruinarse as\u00ed la visita a P\u00edsek. Mejor dir\u00edgete a la iglesia, al Coffee Dealer.<\/li>\n\n\n\n<li><strong>Sova na V\u011btvi<\/strong>: tostadero propio y rinc\u00f3n infantil, a un paso del puente.<\/li>\n\n\n\n<li><strong>Balz\u00e1m Caf\u00e9<\/strong>: cafeter\u00eda musical en Sladovna, en verano conciertos los mi\u00e9rcoles.<\/li>\n\n\n\n<li><strong>Frame Kaf\u00e9<\/strong>: moderna, de dise\u00f1o, brunch junto al puente de piedra.<\/li>\n\n\n\n<li><strong>A\u017e na p\u016fdu<\/strong>: desayunos y para sentarse en el patio; en el mismo edificio est\u00e1 tambi\u00e9n la ludoteca Hernajs (negocio aparte).<\/li>\n\n\n\n<li><strong>Upekla<\/strong>: boller\u00eda casera, tartas y pasteles en la biblioteca, arenero en el patio interior.<\/li>\n\n\n\n<li><strong>SOHO Cafe<\/strong>: rinc\u00f3n infantil vallado y crepes en la plaza Velk\u00e9 n\u00e1m\u011bst\u00ed.<\/li>\n\n\n\n<li><strong>Park Caf\u00e9 67<\/strong>: los mejores gofres de toda la ciudad.<\/li>\n<\/ul>\n\n\n\n<p class=\"wp-block-paragraph\"><strong>Vino y copas:<\/strong><\/p>\n\n\n\n<ul class=\"wp-block-list\">\n<li><strong>Degust\u00e1rna<\/strong> (Bakal\u00e1\u0159e 44\/4): para los amantes del vino.<\/li>\n\n\n\n<li><strong>V\u00edno Hru\u0161ka<\/strong>: otra recomendaci\u00f3n vin\u00edcola.<\/li>\n\n\n\n<li><strong>Kav\u00e1rni\u010dka Hella<\/strong>: caf\u00e9 y c\u00f3cteles y un ambiente nocturno agradable.<\/li>\n\n\n\n<li><strong>Revolution bar<\/strong>: copas, m\u00fasica, algo m\u00e1s de marcha, camareros estupendos.<\/li>\n<\/ul>\n\n\n\n<h2 class=\"wp-block-heading\"><span class=\"ez-toc-section\" id=\"Ideas_de_excursiones_por_los_alrededores_de_Pisek_13_lugares_para_una_escapada_de_un_dia\"><\/span>Ideas de excursiones por los alrededores de P\u00edsek: 13 lugares para una escapada de un d\u00eda<span class=\"ez-toc-section-end\"><\/span><\/h2>\n\n\n\n<p class=\"wp-block-paragraph\">P\u00edsek es una base estupenda para excursiones por el sur de Bohemia. En coche, en autob\u00fas, en bici: desde aqu\u00ed llegas a cualquier parte. Y ese \u00abcualquier parte\u00bb incluye castillos, embalses, cocodrilos e incluso la Selva de Bohemia. <strong>Aqu\u00ed tienes trece lugares a los que vale la pena escaparse.<\/strong><\/p>\n\n\n\n<p class=\"wp-block-paragraph\"><strong>Lee tambi\u00e9n: <a href=\"https:\/\/loudavymkrokem.cz\/es\/bohemia-del-sur-lugares-bonitos\/\">Ad\u00f3nde ir de vacaciones al sur de Bohemia: 15 lugares m\u00e1s bonitos (tambi\u00e9n con ni\u00f1os)<\/a><\/strong><\/p>\n\n\n\n<h3 class=\"wp-block-heading\"><span class=\"ez-toc-section\" id=\"El_castillo_de_Zvikov_y_el_palacio_de_Orlik\"><\/span>El castillo de Zv\u00edkov y el palacio de Orl\u00edk<span class=\"ez-toc-section-end\"><\/span><\/h3>\n\n\n\n<figure data-wp-context=\"{&quot;imageId&quot;:&quot;6a952388d5ed8&quot;}\" data-wp-interactive=\"core\/image\" data-wp-key=\"6a952388d5ed8\" class=\"wp-block-image size-full wp-lightbox-container\"><img decoding=\"async\" width=\"1600\" height=\"856\" data-wp-class--hide=\"state.isContentHidden\" data-wp-class--show=\"state.isContentVisible\" data-wp-init=\"callbacks.setButtonStyles\" data-wp-on--click=\"actions.showLightbox\" data-wp-on--load=\"callbacks.setButtonStyles\" data-wp-on--pointerdown=\"actions.preloadImage\" data-wp-on--pointerenter=\"actions.preloadImageWithDelay\" data-wp-on--pointerleave=\"actions.cancelPreload\" data-wp-on-window--resize=\"callbacks.setButtonStyles\" src=\"https:\/\/loudavymkrokem.cz\/wp-content\/uploads\/2026\/08\/hrad-zvikov-soutok-otavy-a-vltavy.jpg\" alt=\"Castillo de Zv\u00edkov en la confluencia del Otava y el Moldava\" class=\"wp-image-399401\" title=\"\" srcset=\"https:\/\/loudavymkrokem.cz\/wp-content\/uploads\/2026\/08\/hrad-zvikov-soutok-otavy-a-vltavy.jpg 1600w, https:\/\/loudavymkrokem.cz\/wp-content\/uploads\/2026\/08\/hrad-zvikov-soutok-otavy-a-vltavy-300x161.jpg 300w, https:\/\/loudavymkrokem.cz\/wp-content\/uploads\/2026\/08\/hrad-zvikov-soutok-otavy-a-vltavy-700x375.jpg 700w, https:\/\/loudavymkrokem.cz\/wp-content\/uploads\/2026\/08\/hrad-zvikov-soutok-otavy-a-vltavy-768x411.jpg 768w, https:\/\/loudavymkrokem.cz\/wp-content\/uploads\/2026\/08\/hrad-zvikov-soutok-otavy-a-vltavy-1536x822.jpg 1536w, https:\/\/loudavymkrokem.cz\/wp-content\/uploads\/2026\/08\/hrad-zvikov-soutok-otavy-a-vltavy-696x372.jpg 696w, https:\/\/loudavymkrokem.cz\/wp-content\/uploads\/2026\/08\/hrad-zvikov-soutok-otavy-a-vltavy-1392x745.jpg 1392w\" sizes=\"(max-width: 1600px) 100vw, 1600px\" \/><button\n\t\t\tclass=\"lightbox-trigger\"\n\t\t\ttype=\"button\"\n\t\t\taria-haspopup=\"dialog\"\n\t\t\tdata-wp-bind--aria-label=\"state.thisImage.triggerButtonAriaLabel\"\n\t\t\tdata-wp-init=\"callbacks.initTriggerButton\"\n\t\t\tdata-wp-on--click=\"actions.showLightbox\"\n\t\t\tdata-wp-style--right=\"state.thisImage.buttonRight\"\n\t\t\tdata-wp-style--top=\"state.thisImage.buttonTop\"\n\t\t>\n\t\t\t<svg xmlns=\"http:\/\/www.w3.org\/2000\/svg\" width=\"12\" height=\"12\" fill=\"none\" viewBox=\"0 0 12 12\">\n\t\t\t\t<path fill=\"#fff\" d=\"M2 0a2 2 0 0 0-2 2v2h1.5V2a.5.5 0 0 1 .5-.5h2V0H2Zm2 10.5H2a.5.5 0 0 1-.5-.5V8H0v2a2 2 0 0 0 2 2h2v-1.5ZM8 12v-1.5h2a.5.5 0 0 0 .5-.5V8H12v2a2 2 0 0 1-2 2H8Zm2-12a2 2 0 0 1 2 2v2h-1.5V2a.5.5 0 0 0-.5-.5H8V0h2Z\" \/>\n\t\t\t<\/svg>\n\t\t<\/button><\/figure>\n\n\n\n<p class=\"wp-block-paragraph\">Zv\u00edkov se alza en la confluencia del Otava y el Moldava y es probablemente <strong>el castillo m\u00e1s bonito de los alrededores<\/strong>. La entrada ronda los 7 \u20ac (180 CZK) y, cuando tengas hambre, el Pivovarsk\u00fd dv\u016fr Zv\u00edkov te salvar\u00e1. Un poco m\u00e1s all\u00e1 est\u00e1 el palacio de Orl\u00edk, sobre el embalse, y en vacaciones circula entre Zv\u00edkov y Orl\u00edk un barco tur\u00edstico; la traves\u00eda dura unos 50 minutos y cuesta 12 \u20ac (300 CZK). Una excursi\u00f3n de cuento.<\/p>\n\n\n\n<h3 class=\"wp-block-heading\"><span class=\"ez-toc-section\" id=\"Zoo_de_cocodrilos_de_Protivin\"><\/span>Zoo de cocodrilos de Protiv\u00edn<span class=\"ez-toc-section-end\"><\/span><\/h3>\n\n\n\n<figure data-wp-context=\"{&quot;imageId&quot;:&quot;6a952388d63d4&quot;}\" data-wp-interactive=\"core\/image\" data-wp-key=\"6a952388d63d4\" class=\"wp-block-image size-full wp-lightbox-container\"><img decoding=\"async\" width=\"1120\" height=\"800\" data-wp-class--hide=\"state.isContentHidden\" data-wp-class--show=\"state.isContentVisible\" data-wp-init=\"callbacks.setButtonStyles\" data-wp-on--click=\"actions.showLightbox\" data-wp-on--load=\"callbacks.setButtonStyles\" data-wp-on--pointerdown=\"actions.preloadImage\" data-wp-on--pointerenter=\"actions.preloadImageWithDelay\" data-wp-on--pointerleave=\"actions.cancelPreload\" data-wp-on-window--resize=\"callbacks.setButtonStyles\" src=\"https:\/\/loudavymkrokem.cz\/wp-content\/uploads\/2026\/08\/krokodyli-zoo-protivin-aligator.jpg\" alt=\"Alig\u00e1tor en el Zoo de cocodrilos de Protiv\u00edn\" class=\"wp-image-399574\" title=\"\" srcset=\"https:\/\/loudavymkrokem.cz\/wp-content\/uploads\/2026\/08\/krokodyli-zoo-protivin-aligator.jpg 1120w, https:\/\/loudavymkrokem.cz\/wp-content\/uploads\/2026\/08\/krokodyli-zoo-protivin-aligator-300x214.jpg 300w, https:\/\/loudavymkrokem.cz\/wp-content\/uploads\/2026\/08\/krokodyli-zoo-protivin-aligator-700x500.jpg 700w, https:\/\/loudavymkrokem.cz\/wp-content\/uploads\/2026\/08\/krokodyli-zoo-protivin-aligator-768x549.jpg 768w, https:\/\/loudavymkrokem.cz\/wp-content\/uploads\/2026\/08\/krokodyli-zoo-protivin-aligator-696x497.jpg 696w\" sizes=\"(max-width: 1120px) 100vw, 1120px\" \/><button\n\t\t\tclass=\"lightbox-trigger\"\n\t\t\ttype=\"button\"\n\t\t\taria-haspopup=\"dialog\"\n\t\t\tdata-wp-bind--aria-label=\"state.thisImage.triggerButtonAriaLabel\"\n\t\t\tdata-wp-init=\"callbacks.initTriggerButton\"\n\t\t\tdata-wp-on--click=\"actions.showLightbox\"\n\t\t\tdata-wp-style--right=\"state.thisImage.buttonRight\"\n\t\t\tdata-wp-style--top=\"state.thisImage.buttonTop\"\n\t\t>\n\t\t\t<svg xmlns=\"http:\/\/www.w3.org\/2000\/svg\" width=\"12\" height=\"12\" fill=\"none\" viewBox=\"0 0 12 12\">\n\t\t\t\t<path fill=\"#fff\" d=\"M2 0a2 2 0 0 0-2 2v2h1.5V2a.5.5 0 0 1 .5-.5h2V0H2Zm2 10.5H2a.5.5 0 0 1-.5-.5V8H0v2a2 2 0 0 0 2 2h2v-1.5ZM8 12v-1.5h2a.5.5 0 0 0 .5-.5V8H12v2a2 2 0 0 1-2 2H8Zm2-12a2 2 0 0 1 2 2v2h-1.5V2a.5.5 0 0 0-.5-.5H8V0h2Z\" \/>\n\t\t\t<\/svg>\n\t\t<\/button><\/figure>\n\n\n\n<p class=\"wp-block-paragraph\">Quince minutos en coche de P\u00edsek y est\u00e1s entre cocodrilos. Todas las especies que puedas imaginar e incluso <strong>cocodrilos blancos<\/strong>. Los ni\u00f1os encantados, los adultos tambi\u00e9n, y yo, cada vez que estoy all\u00ed, me asombro de que esta granja de cocodrilos est\u00e9 tan cerca.<\/p>\n\n\n\n<h3 class=\"wp-block-heading\"><span class=\"ez-toc-section\" id=\"Monumento_a_la_batalla_de_Sudomer\"><\/span>Monumento a la batalla de Sudom\u011b\u0159<span class=\"ez-toc-section-end\"><\/span><\/h3>\n\n\n\n<figure data-wp-context=\"{&quot;imageId&quot;:&quot;6a952388d68d5&quot;}\" data-wp-interactive=\"core\/image\" data-wp-key=\"6a952388d68d5\" class=\"wp-block-image size-full wp-lightbox-container\"><img decoding=\"async\" width=\"1200\" height=\"900\" data-wp-class--hide=\"state.isContentHidden\" data-wp-class--show=\"state.isContentVisible\" data-wp-init=\"callbacks.setButtonStyles\" data-wp-on--click=\"actions.showLightbox\" data-wp-on--load=\"callbacks.setButtonStyles\" data-wp-on--pointerdown=\"actions.preloadImage\" data-wp-on--pointerenter=\"actions.preloadImageWithDelay\" data-wp-on--pointerleave=\"actions.cancelPreload\" data-wp-on-window--resize=\"callbacks.setButtonStyles\" src=\"https:\/\/loudavymkrokem.cz\/wp-content\/uploads\/2026\/08\/pamatnik-bitvy-u-sudomere.jpg\" alt=\"Monumento a Jan \u017di\u017eka en Sudom\u011b\u0159\" class=\"wp-image-399697\" title=\"\" srcset=\"https:\/\/loudavymkrokem.cz\/wp-content\/uploads\/2026\/08\/pamatnik-bitvy-u-sudomere.jpg 1200w, https:\/\/loudavymkrokem.cz\/wp-content\/uploads\/2026\/08\/pamatnik-bitvy-u-sudomere-300x225.jpg 300w, https:\/\/loudavymkrokem.cz\/wp-content\/uploads\/2026\/08\/pamatnik-bitvy-u-sudomere-700x525.jpg 700w, https:\/\/loudavymkrokem.cz\/wp-content\/uploads\/2026\/08\/pamatnik-bitvy-u-sudomere-768x576.jpg 768w, https:\/\/loudavymkrokem.cz\/wp-content\/uploads\/2026\/08\/pamatnik-bitvy-u-sudomere-80x60.jpg 80w, https:\/\/loudavymkrokem.cz\/wp-content\/uploads\/2026\/08\/pamatnik-bitvy-u-sudomere-160x120.jpg 160w, https:\/\/loudavymkrokem.cz\/wp-content\/uploads\/2026\/08\/pamatnik-bitvy-u-sudomere-696x522.jpg 696w\" sizes=\"(max-width: 1200px) 100vw, 1200px\" \/><button\n\t\t\tclass=\"lightbox-trigger\"\n\t\t\ttype=\"button\"\n\t\t\taria-haspopup=\"dialog\"\n\t\t\tdata-wp-bind--aria-label=\"state.thisImage.triggerButtonAriaLabel\"\n\t\t\tdata-wp-init=\"callbacks.initTriggerButton\"\n\t\t\tdata-wp-on--click=\"actions.showLightbox\"\n\t\t\tdata-wp-style--right=\"state.thisImage.buttonRight\"\n\t\t\tdata-wp-style--top=\"state.thisImage.buttonTop\"\n\t\t>\n\t\t\t<svg xmlns=\"http:\/\/www.w3.org\/2000\/svg\" width=\"12\" height=\"12\" fill=\"none\" viewBox=\"0 0 12 12\">\n\t\t\t\t<path fill=\"#fff\" d=\"M2 0a2 2 0 0 0-2 2v2h1.5V2a.5.5 0 0 1 .5-.5h2V0H2Zm2 10.5H2a.5.5 0 0 1-.5-.5V8H0v2a2 2 0 0 0 2 2h2v-1.5ZM8 12v-1.5h2a.5.5 0 0 0 .5-.5V8H12v2a2 2 0 0 1-2 2H8Zm2-12a2 2 0 0 1 2 2v2h-1.5V2a.5.5 0 0 0-.5-.5H8V0h2Z\" \/>\n\t\t\t<\/svg>\n\t\t<\/button><\/figure>\n\n\n\n<p class=\"wp-block-paragraph\">Aqu\u00ed Jan \u017di\u017eka libr\u00f3 en 1420, junto con sus husitas, una de las primeras batallas. Se alza una estatua de 16 metros y alrededor est\u00e1n los estanques Markovec y \u0160kared\u00fd. Si te gusta la historia checa, este lugar tiene un ambiente muy fuerte. Y el paisaje de alrededor es precioso, una tranquila estampa del sur de Bohemia.<\/p>\n\n\n\n<h3 class=\"wp-block-heading\"><span class=\"ez-toc-section\" id=\"La_herreria_de_cuento_de_Selibov\"><\/span>La herrer\u00eda de cuento de Selibov<span class=\"ez-toc-section-end\"><\/span><\/h3>\n\n\n\n<figure data-wp-context=\"{&quot;imageId&quot;:&quot;6a952388d6d72&quot;}\" data-wp-interactive=\"core\/image\" data-wp-key=\"6a952388d6d72\" class=\"wp-block-image size-full wp-lightbox-container\"><img decoding=\"async\" width=\"2000\" height=\"1333\" data-wp-class--hide=\"state.isContentHidden\" data-wp-class--show=\"state.isContentVisible\" data-wp-init=\"callbacks.setButtonStyles\" data-wp-on--click=\"actions.showLightbox\" data-wp-on--load=\"callbacks.setButtonStyles\" data-wp-on--pointerdown=\"actions.preloadImage\" data-wp-on--pointerenter=\"actions.preloadImageWithDelay\" data-wp-on--pointerleave=\"actions.cancelPreload\" data-wp-on-window--resize=\"callbacks.setButtonStyles\" src=\"https:\/\/loudavymkrokem.cz\/wp-content\/uploads\/2026\/08\/pohadkova-kovarna-selibov.jpg\" alt=\"Herrer\u00eda de cuento en Selibov con tejado de paja\" class=\"wp-image-399577\" title=\"\" srcset=\"https:\/\/loudavymkrokem.cz\/wp-content\/uploads\/2026\/08\/pohadkova-kovarna-selibov.jpg 2000w, https:\/\/loudavymkrokem.cz\/wp-content\/uploads\/2026\/08\/pohadkova-kovarna-selibov-300x200.jpg 300w, https:\/\/loudavymkrokem.cz\/wp-content\/uploads\/2026\/08\/pohadkova-kovarna-selibov-700x467.jpg 700w, https:\/\/loudavymkrokem.cz\/wp-content\/uploads\/2026\/08\/pohadkova-kovarna-selibov-768x512.jpg 768w, https:\/\/loudavymkrokem.cz\/wp-content\/uploads\/2026\/08\/pohadkova-kovarna-selibov-1536x1024.jpg 1536w, https:\/\/loudavymkrokem.cz\/wp-content\/uploads\/2026\/08\/pohadkova-kovarna-selibov-696x464.jpg 696w, https:\/\/loudavymkrokem.cz\/wp-content\/uploads\/2026\/08\/pohadkova-kovarna-selibov-1392x928.jpg 1392w, https:\/\/loudavymkrokem.cz\/wp-content\/uploads\/2026\/08\/pohadkova-kovarna-selibov-1920x1280.jpg 1920w\" sizes=\"(max-width: 2000px) 100vw, 2000px\" \/><button\n\t\t\tclass=\"lightbox-trigger\"\n\t\t\ttype=\"button\"\n\t\t\taria-haspopup=\"dialog\"\n\t\t\tdata-wp-bind--aria-label=\"state.thisImage.triggerButtonAriaLabel\"\n\t\t\tdata-wp-init=\"callbacks.initTriggerButton\"\n\t\t\tdata-wp-on--click=\"actions.showLightbox\"\n\t\t\tdata-wp-style--right=\"state.thisImage.buttonRight\"\n\t\t\tdata-wp-style--top=\"state.thisImage.buttonTop\"\n\t\t>\n\t\t\t<svg xmlns=\"http:\/\/www.w3.org\/2000\/svg\" width=\"12\" height=\"12\" fill=\"none\" viewBox=\"0 0 12 12\">\n\t\t\t\t<path fill=\"#fff\" d=\"M2 0a2 2 0 0 0-2 2v2h1.5V2a.5.5 0 0 1 .5-.5h2V0H2Zm2 10.5H2a.5.5 0 0 1-.5-.5V8H0v2a2 2 0 0 0 2 2h2v-1.5ZM8 12v-1.5h2a.5.5 0 0 0 .5-.5V8H12v2a2 2 0 0 1-2 2H8Zm2-12a2 2 0 0 1 2 2v2h-1.5V2a.5.5 0 0 0-.5-.5H8V0h2Z\" \/>\n\t\t\t<\/svg>\n\t\t<\/button><\/figure>\n\n\n\n<p class=\"wp-block-paragraph\">Diablos, ondinas, hadas y, adem\u00e1s, un taller creativo. La excursi\u00f3n ideal con ni\u00f1os peque\u00f1os que a\u00fan creen en los cuentos (y con los mayores, que fingen que no, pero igualmente se divierten).<\/p>\n\n\n\n<h3 class=\"wp-block-heading\"><span class=\"ez-toc-section\" id=\"Farmapark_Maletice\"><\/span>Farmapark Maletice<span class=\"ez-toc-section-end\"><\/span><\/h3>\n\n\n\n<figure data-wp-context=\"{&quot;imageId&quot;:&quot;6a952388d71d3&quot;}\" data-wp-interactive=\"core\/image\" data-wp-key=\"6a952388d71d3\" class=\"wp-block-image size-full wp-lightbox-container\"><img decoding=\"async\" width=\"2048\" height=\"1365\" data-wp-class--hide=\"state.isContentHidden\" data-wp-class--show=\"state.isContentVisible\" data-wp-init=\"callbacks.setButtonStyles\" data-wp-on--click=\"actions.showLightbox\" data-wp-on--load=\"callbacks.setButtonStyles\" data-wp-on--pointerdown=\"actions.preloadImage\" data-wp-on--pointerenter=\"actions.preloadImageWithDelay\" data-wp-on--pointerleave=\"actions.cancelPreload\" data-wp-on-window--resize=\"callbacks.setButtonStyles\" src=\"https:\/\/loudavymkrokem.cz\/wp-content\/uploads\/2026\/08\/farmapark-maletice-alpaka.jpg\" alt=\"Alpaca en el recinto del Farmapark Maletice, junto a P\u00edsek\" class=\"wp-image-399568\" title=\"\" srcset=\"https:\/\/loudavymkrokem.cz\/wp-content\/uploads\/2026\/08\/farmapark-maletice-alpaka.jpg 2048w, https:\/\/loudavymkrokem.cz\/wp-content\/uploads\/2026\/08\/farmapark-maletice-alpaka-300x200.jpg 300w, https:\/\/loudavymkrokem.cz\/wp-content\/uploads\/2026\/08\/farmapark-maletice-alpaka-700x467.jpg 700w, https:\/\/loudavymkrokem.cz\/wp-content\/uploads\/2026\/08\/farmapark-maletice-alpaka-768x512.jpg 768w, https:\/\/loudavymkrokem.cz\/wp-content\/uploads\/2026\/08\/farmapark-maletice-alpaka-1536x1024.jpg 1536w, https:\/\/loudavymkrokem.cz\/wp-content\/uploads\/2026\/08\/farmapark-maletice-alpaka-696x464.jpg 696w, https:\/\/loudavymkrokem.cz\/wp-content\/uploads\/2026\/08\/farmapark-maletice-alpaka-1392x928.jpg 1392w, https:\/\/loudavymkrokem.cz\/wp-content\/uploads\/2026\/08\/farmapark-maletice-alpaka-1920x1280.jpg 1920w\" sizes=\"(max-width: 2048px) 100vw, 2048px\" \/><button\n\t\t\tclass=\"lightbox-trigger\"\n\t\t\ttype=\"button\"\n\t\t\taria-haspopup=\"dialog\"\n\t\t\tdata-wp-bind--aria-label=\"state.thisImage.triggerButtonAriaLabel\"\n\t\t\tdata-wp-init=\"callbacks.initTriggerButton\"\n\t\t\tdata-wp-on--click=\"actions.showLightbox\"\n\t\t\tdata-wp-style--right=\"state.thisImage.buttonRight\"\n\t\t\tdata-wp-style--top=\"state.thisImage.buttonTop\"\n\t\t>\n\t\t\t<svg xmlns=\"http:\/\/www.w3.org\/2000\/svg\" width=\"12\" height=\"12\" fill=\"none\" viewBox=\"0 0 12 12\">\n\t\t\t\t<path fill=\"#fff\" d=\"M2 0a2 2 0 0 0-2 2v2h1.5V2a.5.5 0 0 1 .5-.5h2V0H2Zm2 10.5H2a.5.5 0 0 1-.5-.5V8H0v2a2 2 0 0 0 2 2h2v-1.5ZM8 12v-1.5h2a.5.5 0 0 0 .5-.5V8H12v2a2 2 0 0 1-2 2H8Zm2-12a2 2 0 0 1 2 2v2h-1.5V2a.5.5 0 0 0-.5-.5H8V0h2Z\" \/>\n\t\t\t<\/svg>\n\t\t<\/button><\/figure>\n\n\n\n<p class=\"wp-block-paragraph\"><a href=\"https:\/\/www.farmaparkmaletice.cz\/\" data-type=\"link\" data-id=\"https:\/\/www.farmaparkmaletice.cz\/\" target=\"_blank\" rel=\"noopener\"><strong>Zoo de contacto<\/strong><\/a> m\u00e1s parque de atracciones junto a la carretera a Protiv\u00edn, a <strong>unos 12 minutos de P\u00edsek<\/strong>. Cabras, alpacas, ponis, conejos, y adem\u00e1s camas el\u00e1sticas gigantes de aire, laberinto de heno, tirolinas y un arenero cubierto con tobog\u00e1n. Abierto a diario de 10 a 18 h, <strong>entrada 250 CZK ni\u00f1o (10 \u20ac), 210 CZK adulto (9 \u20ac), familiar 879 CZK (36 \u20ac)<\/strong> (m\u00e1s barato online), ni\u00f1os menores de 2 a\u00f1os gratis, aparcamiento gratis. El Farmapark abri\u00f3 en verano de 2025 y es actualmente quiz\u00e1 la excursi\u00f3n familiar m\u00e1s popular desde P\u00edsek.<\/p>\n\n\n\n<h3 class=\"wp-block-heading\"><span class=\"ez-toc-section\" id=\"Fiziland_y_el_Reino_del_Tiempo_en_Protivin\"><\/span>Fiziland y el Reino del Tiempo en Protiv\u00edn<span class=\"ez-toc-section-end\"><\/span><\/h3>\n\n\n\n<figure data-wp-context=\"{&quot;imageId&quot;:&quot;6a952388d76bd&quot;}\" data-wp-interactive=\"core\/image\" data-wp-key=\"6a952388d76bd\" class=\"wp-block-image size-full wp-lightbox-container\"><img decoding=\"async\" width=\"2200\" height=\"1467\" data-wp-class--hide=\"state.isContentHidden\" data-wp-class--show=\"state.isContentVisible\" data-wp-init=\"callbacks.setButtonStyles\" data-wp-on--click=\"actions.showLightbox\" data-wp-on--load=\"callbacks.setButtonStyles\" data-wp-on--pointerdown=\"actions.preloadImage\" data-wp-on--pointerenter=\"actions.preloadImageWithDelay\" data-wp-on--pointerleave=\"actions.cancelPreload\" data-wp-on-window--resize=\"callbacks.setButtonStyles\" src=\"https:\/\/loudavymkrokem.cz\/wp-content\/uploads\/2026\/08\/fiziland-protivin-herna.jpg\" alt=\"Sala de juego cubierta Fiziland en Protiv\u00edn con foso de gomaespuma y estructuras para trepar\" class=\"wp-image-399563\" title=\"\" srcset=\"https:\/\/loudavymkrokem.cz\/wp-content\/uploads\/2026\/08\/fiziland-protivin-herna.jpg 2200w, https:\/\/loudavymkrokem.cz\/wp-content\/uploads\/2026\/08\/fiziland-protivin-herna-300x200.jpg 300w, https:\/\/loudavymkrokem.cz\/wp-content\/uploads\/2026\/08\/fiziland-protivin-herna-700x467.jpg 700w, https:\/\/loudavymkrokem.cz\/wp-content\/uploads\/2026\/08\/fiziland-protivin-herna-768x512.jpg 768w, https:\/\/loudavymkrokem.cz\/wp-content\/uploads\/2026\/08\/fiziland-protivin-herna-1536x1024.jpg 1536w, https:\/\/loudavymkrokem.cz\/wp-content\/uploads\/2026\/08\/fiziland-protivin-herna-2048x1366.jpg 2048w, https:\/\/loudavymkrokem.cz\/wp-content\/uploads\/2026\/08\/fiziland-protivin-herna-696x464.jpg 696w, https:\/\/loudavymkrokem.cz\/wp-content\/uploads\/2026\/08\/fiziland-protivin-herna-1392x928.jpg 1392w, https:\/\/loudavymkrokem.cz\/wp-content\/uploads\/2026\/08\/fiziland-protivin-herna-1920x1280.jpg 1920w\" sizes=\"(max-width: 2200px) 100vw, 2200px\" \/><button\n\t\t\tclass=\"lightbox-trigger\"\n\t\t\ttype=\"button\"\n\t\t\taria-haspopup=\"dialog\"\n\t\t\tdata-wp-bind--aria-label=\"state.thisImage.triggerButtonAriaLabel\"\n\t\t\tdata-wp-init=\"callbacks.initTriggerButton\"\n\t\t\tdata-wp-on--click=\"actions.showLightbox\"\n\t\t\tdata-wp-style--right=\"state.thisImage.buttonRight\"\n\t\t\tdata-wp-style--top=\"state.thisImage.buttonTop\"\n\t\t>\n\t\t\t<svg xmlns=\"http:\/\/www.w3.org\/2000\/svg\" width=\"12\" height=\"12\" fill=\"none\" viewBox=\"0 0 12 12\">\n\t\t\t\t<path fill=\"#fff\" d=\"M2 0a2 2 0 0 0-2 2v2h1.5V2a.5.5 0 0 1 .5-.5h2V0H2Zm2 10.5H2a.5.5 0 0 1-.5-.5V8H0v2a2 2 0 0 0 2 2h2v-1.5ZM8 12v-1.5h2a.5.5 0 0 0 .5-.5V8H12v2a2 2 0 0 1-2 2H8Zm2-12a2 2 0 0 1 2 2v2h-1.5V2a.5.5 0 0 0-.5-.5H8V0h2Z\" \/>\n\t\t\t<\/svg>\n\t\t<\/button><\/figure>\n\n\n\n<p class=\"wp-block-paragraph\">Protiv\u00edn, a 15 minutos de P\u00edsek, tiene nada menos que dos destinos familiares bajo techo. <strong>Fiziland<\/strong> (Zelenohorsk\u00e1 986) es el parque de atracciones del youtuber Fizi: tobog\u00e1n gigante, camas el\u00e1sticas, foso de gomaespuma, castillo hinchable y una zona de calma para los m\u00e1s peque\u00f1os, m\u00e1s un parque exterior. Abierto a diario de 10 a 18 h, <strong>el ni\u00f1o paga 389 CZK (16 \u20ac) y el adulto acompa\u00f1ante 159 CZK (6,50 \u20ac)<\/strong> (el pack familiar para dos adultos y dos ni\u00f1os sale por 889 CZK \/ 36 \u20ac), ni\u00f1os menores de 3 a\u00f1os gratis. Las entradas hay que comprarlas antes online, la venta en taquilla no est\u00e1 garantizada. Analic\u00e9 el parque en detalle <a href=\"https:\/\/loudavymkrokem.cz\/es\/fiziland-protivin-parque\/\">en el art\u00edculo sobre Fiziland<\/a>.<\/p>\n\n\n\n<p class=\"wp-block-paragraph\">Otra liga totalmente distinta es el <strong>Reino del Tiempo<\/strong> (Purky\u0148ova 255): una villa modernista reformada con un museo de relojes, donde el mecanismo de torre del siglo XIX da la hora en punto, y en la planta baja hay sala de juego, taller creativo y un jard\u00edn vallado con tobog\u00e1n y tirolina. Abierto a diario de 9 a 17 h, el museo cuesta 90\/60 CZK (3,50 \/ 2,50 \u20ac), pero <strong>la sala de juego y el jard\u00edn son gratis si pides un caf\u00e9<\/strong>. Ideal para beb\u00e9s.<\/p>\n\n\n\n<h3 class=\"wp-block-heading\"><span class=\"ez-toc-section\" id=\"Bagrarium_en_Strakonice\"><\/span>Bagr\u00e1rium en Strakonice<span class=\"ez-toc-section-end\"><\/span><\/h3>\n\n\n\n<p class=\"wp-block-paragraph\">Novedad del a\u00f1o 2026 y la primera de su clase en la Rep\u00fablica Checa: <strong>Bagr\u00e1rium<\/strong> (Pov\u00e1\u017esk\u00e1 358, Strakonice, a 30 minutos en coche) es una sala de juego cubierta donde los ni\u00f1os manejan modelos realistas de excavadoras, cargadoras y volquetes sobre un gran arenero y buscan un tesoro en \u00e9l. Se reserva online en franjas de media hora entre las 10 y las 18 h, <strong>279 CZK (11 \u20ac) por 30 minutos y una m\u00e1quina<\/strong>. Ojo, la edad recomendada es <strong>a partir de 6 a\u00f1os<\/strong> (el manejo requiere coordinaci\u00f3n de ambas manos), as\u00ed que es m\u00e1s bien una idea para los hermanos mayores.<\/p>\n\n\n\n<h3 class=\"wp-block-heading\"><span class=\"ez-toc-section\" id=\"Tabor\"><\/span>T\u00e1bor<span class=\"ez-toc-section-end\"><\/span><\/h3>\n\n\n\n<p class=\"wp-block-paragraph\"><strong><a href=\"https:\/\/loudavymkrokem.cz\/es\/tabor-republica-checa-que-ver\/\" target=\"_blank\" data-type=\"link\" data-id=\"https:\/\/loudavymkrokem.cz\/co-videt-v-tabore\/\" rel=\"noreferrer noopener\">Ciudad husita<\/a><\/strong>, a 45 minutos en coche. Subterr\u00e1neos medievales (un poco claustrof\u00f3bicos, pero valen la pena), <strong>Museo del Chocolate<\/strong> (ni\u00f1os + chocolate = victoria), zoo y el embalse Jord\u00e1n para ba\u00f1arse en verano. T\u00e1bor es una ciudad con car\u00e1cter y un ambiente distinto al de P\u00edsek, y desde luego merece una visita.<\/p>\n\n\n\n<figure data-wp-context=\"{&quot;imageId&quot;:&quot;6a952388d7cd2&quot;}\" data-wp-interactive=\"core\/image\" data-wp-key=\"6a952388d7cd2\" class=\"wp-block-image size-full wp-lightbox-container\"><img decoding=\"async\" width=\"1200\" height=\"800\" data-wp-class--hide=\"state.isContentHidden\" data-wp-class--show=\"state.isContentVisible\" data-wp-init=\"callbacks.setButtonStyles\" data-wp-on--click=\"actions.showLightbox\" data-wp-on--load=\"callbacks.setButtonStyles\" data-wp-on--pointerdown=\"actions.preloadImage\" data-wp-on--pointerenter=\"actions.preloadImageWithDelay\" data-wp-on--pointerleave=\"actions.cancelPreload\" data-wp-on-window--resize=\"callbacks.setButtonStyles\" src=\"https:\/\/loudavymkrokem.cz\/wp-content\/uploads\/2026\/03\/tabor-co-videt-3.jpg\" alt=\"T\u00e1bor\" class=\"wp-image-132729\" title=\"\" srcset=\"https:\/\/loudavymkrokem.cz\/wp-content\/uploads\/2026\/03\/tabor-co-videt-3.jpg 1200w, https:\/\/loudavymkrokem.cz\/wp-content\/uploads\/2026\/03\/tabor-co-videt-3-300x200.jpg 300w, https:\/\/loudavymkrokem.cz\/wp-content\/uploads\/2026\/03\/tabor-co-videt-3-700x467.jpg 700w, https:\/\/loudavymkrokem.cz\/wp-content\/uploads\/2026\/03\/tabor-co-videt-3-768x512.jpg 768w, https:\/\/loudavymkrokem.cz\/wp-content\/uploads\/2026\/03\/tabor-co-videt-3-696x464.jpg 696w\" sizes=\"(max-width: 1200px) 100vw, 1200px\" \/><button\n\t\t\tclass=\"lightbox-trigger\"\n\t\t\ttype=\"button\"\n\t\t\taria-haspopup=\"dialog\"\n\t\t\tdata-wp-bind--aria-label=\"state.thisImage.triggerButtonAriaLabel\"\n\t\t\tdata-wp-init=\"callbacks.initTriggerButton\"\n\t\t\tdata-wp-on--click=\"actions.showLightbox\"\n\t\t\tdata-wp-style--right=\"state.thisImage.buttonRight\"\n\t\t\tdata-wp-style--top=\"state.thisImage.buttonTop\"\n\t\t>\n\t\t\t<svg xmlns=\"http:\/\/www.w3.org\/2000\/svg\" width=\"12\" height=\"12\" fill=\"none\" viewBox=\"0 0 12 12\">\n\t\t\t\t<path fill=\"#fff\" d=\"M2 0a2 2 0 0 0-2 2v2h1.5V2a.5.5 0 0 1 .5-.5h2V0H2Zm2 10.5H2a.5.5 0 0 1-.5-.5V8H0v2a2 2 0 0 0 2 2h2v-1.5ZM8 12v-1.5h2a.5.5 0 0 0 .5-.5V8H12v2a2 2 0 0 1-2 2H8Zm2-12a2 2 0 0 1 2 2v2h-1.5V2a.5.5 0 0 0-.5-.5H8V0h2Z\" \/>\n\t\t\t<\/svg>\n\t\t<\/button><figcaption class=\"wp-element-caption\">T\u00e1bor<\/figcaption><\/figure>\n\n\n\n<h3 class=\"wp-block-heading\"><span class=\"ez-toc-section\" id=\"Ceske_Budejovice\"><\/span>\u010cesk\u00e9 Bud\u011bjovice<span class=\"ez-toc-section-end\"><\/span><\/h3>\n\n\n\n<p class=\"wp-block-paragraph\"><strong><a href=\"https:\/\/loudavymkrokem.cz\/es\/ceske-budejovice-republica-checa\/\" target=\"_blank\" data-type=\"link\" data-id=\"https:\/\/loudavymkrokem.cz\/ceske-budejovice\/\" rel=\"noreferrer noopener\">\u010cesk\u00e9 Bud\u011bjovice<\/a><\/strong> est\u00e1 a unos cuarenta minutos en coche de P\u00edsek. La enorme <strong>plaza P\u0159emysl Otakar II<\/strong>, la subida a la <strong>Torre Negra<\/strong> (225 escalones, \u00a1pero qu\u00e9 vista!) y, por supuesto, la f\u00e1brica de cerveza Budvar con visita. La metr\u00f3poli del sur de Bohemia, donde puedes pasar todo un d\u00eda y aun as\u00ed no verlo todo.<\/p>\n\n\n\n<figure data-wp-context=\"{&quot;imageId&quot;:&quot;6a952388d813d&quot;}\" data-wp-interactive=\"core\/image\" data-wp-key=\"6a952388d813d\" class=\"wp-block-image size-full wp-lightbox-container\"><img decoding=\"async\" width=\"1500\" height=\"1000\" data-wp-class--hide=\"state.isContentHidden\" data-wp-class--show=\"state.isContentVisible\" data-wp-init=\"callbacks.setButtonStyles\" data-wp-on--click=\"actions.showLightbox\" data-wp-on--load=\"callbacks.setButtonStyles\" data-wp-on--pointerdown=\"actions.preloadImage\" data-wp-on--pointerenter=\"actions.preloadImageWithDelay\" data-wp-on--pointerleave=\"actions.cancelPreload\" data-wp-on-window--resize=\"callbacks.setButtonStyles\" src=\"https:\/\/loudavymkrokem.cz\/wp-content\/uploads\/2024\/03\/namesti-ceske-budejovice.jpg\" alt=\"Qu\u00e9 ver y hacer en \u010cesk\u00e9 Bud\u011bjovice\" class=\"wp-image-83546\" title=\"\" srcset=\"https:\/\/loudavymkrokem.cz\/wp-content\/uploads\/2024\/03\/namesti-ceske-budejovice.jpg 1500w, https:\/\/loudavymkrokem.cz\/wp-content\/uploads\/2024\/03\/namesti-ceske-budejovice-300x200.jpg 300w, https:\/\/loudavymkrokem.cz\/wp-content\/uploads\/2024\/03\/namesti-ceske-budejovice-700x467.jpg 700w, https:\/\/loudavymkrokem.cz\/wp-content\/uploads\/2024\/03\/namesti-ceske-budejovice-768x512.jpg 768w, https:\/\/loudavymkrokem.cz\/wp-content\/uploads\/2024\/03\/namesti-ceske-budejovice-696x464.jpg 696w, https:\/\/loudavymkrokem.cz\/wp-content\/uploads\/2024\/03\/namesti-ceske-budejovice-1392x928.jpg 1392w\" sizes=\"(max-width: 1500px) 100vw, 1500px\" \/><button\n\t\t\tclass=\"lightbox-trigger\"\n\t\t\ttype=\"button\"\n\t\t\taria-haspopup=\"dialog\"\n\t\t\tdata-wp-bind--aria-label=\"state.thisImage.triggerButtonAriaLabel\"\n\t\t\tdata-wp-init=\"callbacks.initTriggerButton\"\n\t\t\tdata-wp-on--click=\"actions.showLightbox\"\n\t\t\tdata-wp-style--right=\"state.thisImage.buttonRight\"\n\t\t\tdata-wp-style--top=\"state.thisImage.buttonTop\"\n\t\t>\n\t\t\t<svg xmlns=\"http:\/\/www.w3.org\/2000\/svg\" width=\"12\" height=\"12\" fill=\"none\" viewBox=\"0 0 12 12\">\n\t\t\t\t<path fill=\"#fff\" d=\"M2 0a2 2 0 0 0-2 2v2h1.5V2a.5.5 0 0 1 .5-.5h2V0H2Zm2 10.5H2a.5.5 0 0 1-.5-.5V8H0v2a2 2 0 0 0 2 2h2v-1.5ZM8 12v-1.5h2a.5.5 0 0 0 .5-.5V8H12v2a2 2 0 0 1-2 2H8Zm2-12a2 2 0 0 1 2 2v2h-1.5V2a.5.5 0 0 0-.5-.5H8V0h2Z\" \/>\n\t\t\t<\/svg>\n\t\t<\/button><figcaption class=\"wp-element-caption\">Qu\u00e9 ver y hacer en \u010cesk\u00e9 Bud\u011bjovice<\/figcaption><\/figure>\n\n\n\n<h3 class=\"wp-block-heading\"><span class=\"ez-toc-section\" id=\"Hluboka_nad_Vltavou\"><\/span>Hlubok\u00e1 nad Vltavou<span class=\"ez-toc-section-end\"><\/span><\/h3>\n\n\n\n<figure data-wp-context=\"{&quot;imageId&quot;:&quot;6a952388d9307&quot;}\" data-wp-interactive=\"core\/image\" data-wp-key=\"6a952388d9307\" class=\"wp-block-image size-full wp-lightbox-container\"><img decoding=\"async\" width=\"1600\" height=\"1244\" data-wp-class--hide=\"state.isContentHidden\" data-wp-class--show=\"state.isContentVisible\" data-wp-init=\"callbacks.setButtonStyles\" data-wp-on--click=\"actions.showLightbox\" data-wp-on--load=\"callbacks.setButtonStyles\" data-wp-on--pointerdown=\"actions.preloadImage\" data-wp-on--pointerenter=\"actions.preloadImageWithDelay\" data-wp-on--pointerleave=\"actions.cancelPreload\" data-wp-on-window--resize=\"callbacks.setButtonStyles\" src=\"https:\/\/loudavymkrokem.cz\/wp-content\/uploads\/2026\/08\/zamek-hluboka-nad-vltavou-zapad-slunce.jpg\" alt=\"Palacio de Hlubok\u00e1 nad Vltavou al atardecer\" class=\"wp-image-399405\" title=\"\" srcset=\"https:\/\/loudavymkrokem.cz\/wp-content\/uploads\/2026\/08\/zamek-hluboka-nad-vltavou-zapad-slunce.jpg 1600w, https:\/\/loudavymkrokem.cz\/wp-content\/uploads\/2026\/08\/zamek-hluboka-nad-vltavou-zapad-slunce-300x233.jpg 300w, https:\/\/loudavymkrokem.cz\/wp-content\/uploads\/2026\/08\/zamek-hluboka-nad-vltavou-zapad-slunce-700x544.jpg 700w, https:\/\/loudavymkrokem.cz\/wp-content\/uploads\/2026\/08\/zamek-hluboka-nad-vltavou-zapad-slunce-768x597.jpg 768w, https:\/\/loudavymkrokem.cz\/wp-content\/uploads\/2026\/08\/zamek-hluboka-nad-vltavou-zapad-slunce-1536x1194.jpg 1536w, https:\/\/loudavymkrokem.cz\/wp-content\/uploads\/2026\/08\/zamek-hluboka-nad-vltavou-zapad-slunce-696x541.jpg 696w, https:\/\/loudavymkrokem.cz\/wp-content\/uploads\/2026\/08\/zamek-hluboka-nad-vltavou-zapad-slunce-1392x1082.jpg 1392w\" sizes=\"(max-width: 1600px) 100vw, 1600px\" \/><button\n\t\t\tclass=\"lightbox-trigger\"\n\t\t\ttype=\"button\"\n\t\t\taria-haspopup=\"dialog\"\n\t\t\tdata-wp-bind--aria-label=\"state.thisImage.triggerButtonAriaLabel\"\n\t\t\tdata-wp-init=\"callbacks.initTriggerButton\"\n\t\t\tdata-wp-on--click=\"actions.showLightbox\"\n\t\t\tdata-wp-style--right=\"state.thisImage.buttonRight\"\n\t\t\tdata-wp-style--top=\"state.thisImage.buttonTop\"\n\t\t>\n\t\t\t<svg xmlns=\"http:\/\/www.w3.org\/2000\/svg\" width=\"12\" height=\"12\" fill=\"none\" viewBox=\"0 0 12 12\">\n\t\t\t\t<path fill=\"#fff\" d=\"M2 0a2 2 0 0 0-2 2v2h1.5V2a.5.5 0 0 1 .5-.5h2V0H2Zm2 10.5H2a.5.5 0 0 1-.5-.5V8H0v2a2 2 0 0 0 2 2h2v-1.5ZM8 12v-1.5h2a.5.5 0 0 0 .5-.5V8H12v2a2 2 0 0 1-2 2H8Zm2-12a2 2 0 0 1 2 2v2h-1.5V2a.5.5 0 0 0-.5-.5H8V0h2Z\" \/>\n\t\t\t<\/svg>\n\t\t<\/button><\/figure>\n\n\n\n<p class=\"wp-block-paragraph\">Nuestro palacio de cuento m\u00e1s famoso est\u00e1 a menos de 40 minutos de P\u00edsek. En verano preparan aqu\u00ed <strong>visitas con la princesa<\/strong> para ni\u00f1os de 5 a 10 a\u00f1os: la princesa Eleonora, disfrazada, gu\u00eda a diario a las 12:15, 13:30 y 14:45, aunque el grupo es solo de veinte personas, as\u00ed que reserva online con antelaci\u00f3n. Y justo bajo el palacio, junto al estanque Munick\u00fd, est\u00e1 el <strong>Zoo de Hlubok\u00e1<\/strong> (180 CZK adultos \/ 7 \u20ac, 140 CZK ni\u00f1os \/ 6 \u20ac, los peques de hasta 90 cm gratis), del tama\u00f1o justo para que lo aguanten tambi\u00e9n las piernas peque\u00f1as.<\/p>\n\n\n\n<h3 class=\"wp-block-heading\"><span class=\"ez-toc-section\" id=\"Cesky_Krumlov\"><\/span>\u010cesk\u00fd Krumlov<span class=\"ez-toc-section-end\"><\/span><\/h3>\n\n\n\n<p class=\"wp-block-paragraph\">Una hora de camino y est\u00e1s en una <a href=\"https:\/\/loudavymkrokem.cz\/es\/cesky-krumlov-chequia-que-ver\/\" target=\"_blank\" data-type=\"link\" data-id=\"https:\/\/loudavymkrokem.cz\/cesky-krumlov\/\" rel=\"noreferrer noopener\"><strong>ciudad Patrimonio de la Humanidad de la UNESCO<\/strong><\/a> que parece sacada de una pel\u00edcula medieval. El castillo con osos en el foso (de verdad, osos vivos), un centro lleno de callejuelas y la galer\u00eda de Egon Schiele para los amantes del arte. Cuenta con multitudes de turistas, pero aun as\u00ed vale la pena. Mejor fuera de la temporada alta.<\/p>\n\n\n\n<figure data-wp-context=\"{&quot;imageId&quot;:&quot;6a952388d9a85&quot;}\" data-wp-interactive=\"core\/image\" data-wp-key=\"6a952388d9a85\" class=\"wp-block-image size-full wp-lightbox-container\"><img decoding=\"async\" data-wp-class--hide=\"state.isContentHidden\" data-wp-class--show=\"state.isContentVisible\" data-wp-init=\"callbacks.setButtonStyles\" data-wp-on--click=\"actions.showLightbox\" data-wp-on--load=\"callbacks.setButtonStyles\" data-wp-on--pointerdown=\"actions.preloadImage\" data-wp-on--pointerenter=\"actions.preloadImageWithDelay\" data-wp-on--pointerleave=\"actions.cancelPreload\" data-wp-on-window--resize=\"callbacks.setButtonStyles\" src=\"https:\/\/loudavymkrokem.cz\/wp-content\/uploads\/2024\/01\/cesky-krumlov-2.jpg\" alt=\"\u010cesk\u00fd Krumlov\" class=\"wp-image-122246\" title=\"\"><button\n\t\t\tclass=\"lightbox-trigger\"\n\t\t\ttype=\"button\"\n\t\t\taria-haspopup=\"dialog\"\n\t\t\tdata-wp-bind--aria-label=\"state.thisImage.triggerButtonAriaLabel\"\n\t\t\tdata-wp-init=\"callbacks.initTriggerButton\"\n\t\t\tdata-wp-on--click=\"actions.showLightbox\"\n\t\t\tdata-wp-style--right=\"state.thisImage.buttonRight\"\n\t\t\tdata-wp-style--top=\"state.thisImage.buttonTop\"\n\t\t>\n\t\t\t<svg xmlns=\"http:\/\/www.w3.org\/2000\/svg\" width=\"12\" height=\"12\" fill=\"none\" viewBox=\"0 0 12 12\">\n\t\t\t\t<path fill=\"#fff\" d=\"M2 0a2 2 0 0 0-2 2v2h1.5V2a.5.5 0 0 1 .5-.5h2V0H2Zm2 10.5H2a.5.5 0 0 1-.5-.5V8H0v2a2 2 0 0 0 2 2h2v-1.5ZM8 12v-1.5h2a.5.5 0 0 0 .5-.5V8H12v2a2 2 0 0 1-2 2H8Zm2-12a2 2 0 0 1 2 2v2h-1.5V2a.5.5 0 0 0-.5-.5H8V0h2Z\" \/>\n\t\t\t<\/svg>\n\t\t<\/button><figcaption class=\"wp-element-caption\">\u010cesk\u00fd Krumlov<\/figcaption><\/figure>\n\n\n\n<h3 class=\"wp-block-heading\"><span class=\"ez-toc-section\" id=\"La_Selva_de_Bohemia_Sumava\"><\/span>La Selva de Bohemia (\u0160umava)<span class=\"ez-toc-section-end\"><\/span><\/h3>\n\n\n\n<p class=\"wp-block-paragraph\"><strong>Te bastar\u00e1 una hora y estar\u00e1s en el<\/strong> <strong><a href=\"https:\/\/loudavymkrokem.cz\/es\/sumava-republica-checa-cochecito\/\" target=\"_blank\" data-type=\"link\" data-id=\"https:\/\/loudavymkrokem.cz\/sumava-s-kocarkem\/\" rel=\"noreferrer noopener\">Parque Nacional de la Selva de Bohemia<\/a><\/strong>. El bosque virgen de Boub\u00edn, el salvaje r\u00edo Vydra, Modrava y rutas ciclistas para todo el d\u00eda. La Selva de Bohemia es otro mundo: m\u00e1s lento, m\u00e1s verde, m\u00e1s silencioso. El reset ideal de todo.<\/p>\n\n\n\n<figure data-wp-context=\"{&quot;imageId&quot;:&quot;6a952388da5c5&quot;}\" data-wp-interactive=\"core\/image\" data-wp-key=\"6a952388da5c5\" class=\"wp-block-image size-full wp-lightbox-container\"><img decoding=\"async\" width=\"1200\" height=\"800\" data-wp-class--hide=\"state.isContentHidden\" data-wp-class--show=\"state.isContentVisible\" data-wp-init=\"callbacks.setButtonStyles\" data-wp-on--click=\"actions.showLightbox\" data-wp-on--load=\"callbacks.setButtonStyles\" data-wp-on--pointerdown=\"actions.preloadImage\" data-wp-on--pointerenter=\"actions.preloadImageWithDelay\" data-wp-on--pointerleave=\"actions.cancelPreload\" data-wp-on-window--resize=\"callbacks.setButtonStyles\" src=\"https:\/\/loudavymkrokem.cz\/wp-content\/uploads\/2024\/05\/sumava-s-kocarkem-3.jpg\" alt=\"Selva de Bohemia\" class=\"wp-image-84399\" title=\"\" srcset=\"https:\/\/loudavymkrokem.cz\/wp-content\/uploads\/2024\/05\/sumava-s-kocarkem-3.jpg 1200w, https:\/\/loudavymkrokem.cz\/wp-content\/uploads\/2024\/05\/sumava-s-kocarkem-3-300x200.jpg 300w, https:\/\/loudavymkrokem.cz\/wp-content\/uploads\/2024\/05\/sumava-s-kocarkem-3-700x467.jpg 700w, https:\/\/loudavymkrokem.cz\/wp-content\/uploads\/2024\/05\/sumava-s-kocarkem-3-768x512.jpg 768w, https:\/\/loudavymkrokem.cz\/wp-content\/uploads\/2024\/05\/sumava-s-kocarkem-3-696x464.jpg 696w\" sizes=\"(max-width: 1200px) 100vw, 1200px\" \/><button\n\t\t\tclass=\"lightbox-trigger\"\n\t\t\ttype=\"button\"\n\t\t\taria-haspopup=\"dialog\"\n\t\t\tdata-wp-bind--aria-label=\"state.thisImage.triggerButtonAriaLabel\"\n\t\t\tdata-wp-init=\"callbacks.initTriggerButton\"\n\t\t\tdata-wp-on--click=\"actions.showLightbox\"\n\t\t\tdata-wp-style--right=\"state.thisImage.buttonRight\"\n\t\t\tdata-wp-style--top=\"state.thisImage.buttonTop\"\n\t\t>\n\t\t\t<svg xmlns=\"http:\/\/www.w3.org\/2000\/svg\" width=\"12\" height=\"12\" fill=\"none\" viewBox=\"0 0 12 12\">\n\t\t\t\t<path fill=\"#fff\" d=\"M2 0a2 2 0 0 0-2 2v2h1.5V2a.5.5 0 0 1 .5-.5h2V0H2Zm2 10.5H2a.5.5 0 0 1-.5-.5V8H0v2a2 2 0 0 0 2 2h2v-1.5ZM8 12v-1.5h2a.5.5 0 0 0 .5-.5V8H12v2a2 2 0 0 1-2 2H8Zm2-12a2 2 0 0 1 2 2v2h-1.5V2a.5.5 0 0 0-.5-.5H8V0h2Z\" \/>\n\t\t\t<\/svg>\n\t\t<\/button><figcaption class=\"wp-element-caption\">Selva de Bohemia<\/figcaption><\/figure>\n\n\n\n<h3 class=\"wp-block-heading\"><span class=\"ez-toc-section\" id=\"Praga\"><\/span>Praga<span class=\"ez-toc-section-end\"><\/span><\/h3>\n\n\n\n<p class=\"wp-block-paragraph\"><strong><a href=\"https:\/\/loudavymkrokem.cz\/es\/que-ver-en-praga\/\" target=\"_blank\" data-type=\"link\" data-id=\"https:\/\/loudavymkrokem.cz\/co-videt-v-praze\/\" rel=\"noreferrer noopener\">Praga<\/a><\/strong> est\u00e1 a una hora en coche de P\u00edsek por la D4, o a <strong>70 minutos en autob\u00fas RegioJet<\/strong>. C\u00f3modo, sin el estr\u00e9s de aparcar, por 5-9 \u20ac (120-220 CZK). Praga es Praga, pero est\u00e1 bien saber que desde P\u00edsek queda, en realidad, a un paso. Para una excursi\u00f3n, un concierto, un museo y por la noche de vuelta a casa, junto al Otava.<\/p>\n\n\n\n<figure data-wp-context=\"{&quot;imageId&quot;:&quot;6a952388dab64&quot;}\" data-wp-interactive=\"core\/image\" data-wp-key=\"6a952388dab64\" class=\"wp-block-image size-full wp-lightbox-container\"><img decoding=\"async\" width=\"1200\" height=\"800\" data-wp-class--hide=\"state.isContentHidden\" data-wp-class--show=\"state.isContentVisible\" data-wp-init=\"callbacks.setButtonStyles\" data-wp-on--click=\"actions.showLightbox\" data-wp-on--load=\"callbacks.setButtonStyles\" data-wp-on--pointerdown=\"actions.preloadImage\" data-wp-on--pointerenter=\"actions.preloadImageWithDelay\" data-wp-on--pointerleave=\"actions.cancelPreload\" data-wp-on-window--resize=\"callbacks.setButtonStyles\" src=\"https:\/\/loudavymkrokem.cz\/wp-content\/uploads\/2025\/03\/recenze-domus-balthasar-praha-s-batoletem-3.jpg\" alt=\"Del Puente de Carlos te separa un minuto\" class=\"wp-image-94712\" title=\"\" srcset=\"https:\/\/loudavymkrokem.cz\/wp-content\/uploads\/2025\/03\/recenze-domus-balthasar-praha-s-batoletem-3.jpg 1200w, https:\/\/loudavymkrokem.cz\/wp-content\/uploads\/2025\/03\/recenze-domus-balthasar-praha-s-batoletem-3-300x200.jpg 300w, https:\/\/loudavymkrokem.cz\/wp-content\/uploads\/2025\/03\/recenze-domus-balthasar-praha-s-batoletem-3-700x467.jpg 700w, https:\/\/loudavymkrokem.cz\/wp-content\/uploads\/2025\/03\/recenze-domus-balthasar-praha-s-batoletem-3-768x512.jpg 768w, https:\/\/loudavymkrokem.cz\/wp-content\/uploads\/2025\/03\/recenze-domus-balthasar-praha-s-batoletem-3-696x464.jpg 696w\" sizes=\"(max-width: 1200px) 100vw, 1200px\" \/><button\n\t\t\tclass=\"lightbox-trigger\"\n\t\t\ttype=\"button\"\n\t\t\taria-haspopup=\"dialog\"\n\t\t\tdata-wp-bind--aria-label=\"state.thisImage.triggerButtonAriaLabel\"\n\t\t\tdata-wp-init=\"callbacks.initTriggerButton\"\n\t\t\tdata-wp-on--click=\"actions.showLightbox\"\n\t\t\tdata-wp-style--right=\"state.thisImage.buttonRight\"\n\t\t\tdata-wp-style--top=\"state.thisImage.buttonTop\"\n\t\t>\n\t\t\t<svg xmlns=\"http:\/\/www.w3.org\/2000\/svg\" width=\"12\" height=\"12\" fill=\"none\" viewBox=\"0 0 12 12\">\n\t\t\t\t<path fill=\"#fff\" d=\"M2 0a2 2 0 0 0-2 2v2h1.5V2a.5.5 0 0 1 .5-.5h2V0H2Zm2 10.5H2a.5.5 0 0 1-.5-.5V8H0v2a2 2 0 0 0 2 2h2v-1.5ZM8 12v-1.5h2a.5.5 0 0 0 .5-.5V8H12v2a2 2 0 0 1-2 2H8Zm2-12a2 2 0 0 1 2 2v2h-1.5V2a.5.5 0 0 0-.5-.5H8V0h2Z\" \/>\n\t\t\t<\/svg>\n\t\t<\/button><figcaption class=\"wp-element-caption\">Praga<\/figcaption><\/figure>\n\n\n\n<h2 class=\"wp-block-heading\"><span class=\"ez-toc-section\" id=\"Que_ver_en_Pisek_conclusion\"><\/span>Qu\u00e9 ver en P\u00edsek: conclusi\u00f3n<span class=\"ez-toc-section-end\"><\/span><\/h2>\n\n\n\n<figure data-wp-context=\"{&quot;imageId&quot;:&quot;6a952388db6a8&quot;}\" data-wp-interactive=\"core\/image\" data-wp-key=\"6a952388db6a8\" class=\"wp-block-image size-full wp-lightbox-container\"><img decoding=\"async\" width=\"2200\" height=\"1467\" data-wp-class--hide=\"state.isContentHidden\" data-wp-class--show=\"state.isContentVisible\" data-wp-init=\"callbacks.setButtonStyles\" data-wp-on--click=\"actions.showLightbox\" data-wp-on--load=\"callbacks.setButtonStyles\" data-wp-on--pointerdown=\"actions.preloadImage\" data-wp-on--pointerenter=\"actions.preloadImageWithDelay\" data-wp-on--pointerleave=\"actions.cancelPreload\" data-wp-on-window--resize=\"callbacks.setButtonStyles\" src=\"https:\/\/loudavymkrokem.cz\/wp-content\/uploads\/2026\/08\/pisek-otava-naplavka-most.jpg\" alt=\"Paseo fluvial del Otava junto al puente de piedra en P\u00edsek\" class=\"wp-image-399329\" title=\"\" srcset=\"https:\/\/loudavymkrokem.cz\/wp-content\/uploads\/2026\/08\/pisek-otava-naplavka-most.jpg 2200w, https:\/\/loudavymkrokem.cz\/wp-content\/uploads\/2026\/08\/pisek-otava-naplavka-most-300x200.jpg 300w, https:\/\/loudavymkrokem.cz\/wp-content\/uploads\/2026\/08\/pisek-otava-naplavka-most-700x467.jpg 700w, https:\/\/loudavymkrokem.cz\/wp-content\/uploads\/2026\/08\/pisek-otava-naplavka-most-768x512.jpg 768w, https:\/\/loudavymkrokem.cz\/wp-content\/uploads\/2026\/08\/pisek-otava-naplavka-most-1536x1024.jpg 1536w, https:\/\/loudavymkrokem.cz\/wp-content\/uploads\/2026\/08\/pisek-otava-naplavka-most-2048x1366.jpg 2048w, https:\/\/loudavymkrokem.cz\/wp-content\/uploads\/2026\/08\/pisek-otava-naplavka-most-696x464.jpg 696w, https:\/\/loudavymkrokem.cz\/wp-content\/uploads\/2026\/08\/pisek-otava-naplavka-most-1392x928.jpg 1392w, https:\/\/loudavymkrokem.cz\/wp-content\/uploads\/2026\/08\/pisek-otava-naplavka-most-1920x1280.jpg 1920w\" sizes=\"(max-width: 2200px) 100vw, 2200px\" \/><button\n\t\t\tclass=\"lightbox-trigger\"\n\t\t\ttype=\"button\"\n\t\t\taria-haspopup=\"dialog\"\n\t\t\tdata-wp-bind--aria-label=\"state.thisImage.triggerButtonAriaLabel\"\n\t\t\tdata-wp-init=\"callbacks.initTriggerButton\"\n\t\t\tdata-wp-on--click=\"actions.showLightbox\"\n\t\t\tdata-wp-style--right=\"state.thisImage.buttonRight\"\n\t\t\tdata-wp-style--top=\"state.thisImage.buttonTop\"\n\t\t>\n\t\t\t<svg xmlns=\"http:\/\/www.w3.org\/2000\/svg\" width=\"12\" height=\"12\" fill=\"none\" viewBox=\"0 0 12 12\">\n\t\t\t\t<path fill=\"#fff\" d=\"M2 0a2 2 0 0 0-2 2v2h1.5V2a.5.5 0 0 1 .5-.5h2V0H2Zm2 10.5H2a.5.5 0 0 1-.5-.5V8H0v2a2 2 0 0 0 2 2h2v-1.5ZM8 12v-1.5h2a.5.5 0 0 0 .5-.5V8H12v2a2 2 0 0 1-2 2H8Zm2-12a2 2 0 0 1 2 2v2h-1.5V2a.5.5 0 0 0-.5-.5H8V0h2Z\" \/>\n\t\t\t<\/svg>\n\t\t<\/button><\/figure>\n\n\n\n<p class=\"wp-block-paragraph\">Pues ya est\u00e1. Aqu\u00ed lo tienes: P\u00edsek tal y como lo conozco y lo quiero. Una ciudad que no espera muchedumbres de turistas, sino que vive en silencio su preciosa vida junto al r\u00edo. Con el puente m\u00e1s antiguo, con una galer\u00eda donde los ni\u00f1os juegan, con cafeter\u00edas que no te queman el caf\u00e9 y con historias que se escribieron aqu\u00ed durante siglos.<\/p>\n\n\n\n<p class=\"wp-block-paragraph\">Nac\u00ed aqu\u00ed, volv\u00ed aqu\u00ed y estoy agradecida por ello. Pero P\u00edsek no es celoso: le gusta compartirse. As\u00ed que ven, pasea por el puente, t\u00f3mate un caf\u00e9 en la plaza, entra en Sladovna, contempla el Otava desde la pasarela de Dagmar \u0160imkov\u00e1 y d\u00e9jate sorprender por la cantidad de belleza que cabe en una sola ciudad del sur de Bohemia.<\/p>\n\n\n\n<h2 class=\"wp-block-heading\"><span class=\"ez-toc-section\" id=\"Adonde_seguir\"><\/span>Ad\u00f3nde seguir<span class=\"ez-toc-section-end\"><\/span><\/h2>\n\n\n\n<p class=\"wp-block-paragraph\">Los eventos actuales, festivales y el listado de lugares de P\u00edsek los encuentras en <a href=\"https:\/\/pisek.info\" target=\"_blank\" rel=\"noopener\">pisek.info<\/a> (secciones <a href=\"https:\/\/pisek.info\/akce\" target=\"_blank\" rel=\"noopener\">Eventos<\/a> y <a href=\"https:\/\/pisek.info\/mista\" target=\"_blank\" rel=\"noopener\">Lugares<\/a>). \u00bfVienes con ni\u00f1os? Entonces lee mi gu\u00eda aparte <a href=\"https:\/\/loudavymkrokem.cz\/es\/pisek-con-ninos\/\">P\u00edsek con ni\u00f1os: 40 ideas de una madre local<\/a>, donde encontrar\u00e1s todas las ludotecas, parques infantiles y excursiones familiares con precios. Si planeas pasar m\u00e1s d\u00edas en el sur de Bohemia, echa un vistazo al gran resumen <a href=\"https:\/\/loudavymkrokem.cz\/es\/bohemia-del-sur-lugares-bonitos\/\">Ad\u00f3nde ir de vacaciones al sur de Bohemia: 15 lugares m\u00e1s bonitos (tambi\u00e9n con ni\u00f1os)<\/a>, donde P\u00edsek se completa con otros catorce preciosos rincones de la regi\u00f3n. A un paso de P\u00edsek est\u00e1 la husita <a href=\"https:\/\/loudavymkrokem.cz\/es\/tabor-republica-checa-que-ver\/\">T\u00e1bor, sobre la que tenemos una gu\u00eda detallada<\/a>, y en cuarenta minutos est\u00e1s en <a href=\"https:\/\/loudavymkrokem.cz\/es\/ceske-budejovice-republica-checa\/\">\u010cesk\u00e9 Bud\u011bjovice<\/a>. Y si te atrae toda la Rep\u00fablica Checa, \u00e9chale un vistazo a <a href=\"https:\/\/loudavymkrokem.cz\/es\/vacaciones-republica-checa-mejores-lugares\/\">20 ideas para tus vacaciones en la Rep\u00fablica Checa<\/a>.<\/p>\n\n\n\n<p class=\"wp-block-paragraph\">\u00bfQuieres salir de P\u00edsek a explorar los alrededores? He escrito una gu\u00eda aparte, <a href=\"https:\/\/loudavymkrokem.cz\/es\/excursiones-cerca-pisek\/\">Excursiones por los alrededores de P\u00edsek: 30 ideas de una lugare\u00f1a<\/a>: los castillos de Zv\u00edkov y Orl\u00edk, la traves\u00eda por el embalse, Blatn\u00e1 y Hlubok\u00e1, todo con la distancia y el tiempo de viaje exactos desde P\u00edsek.<\/p>\n\n\n\n<h2 class=\"wp-block-heading\"><span class=\"ez-toc-section\" id=\"Preguntas_frecuentes\"><\/span>Preguntas frecuentes<span class=\"ez-toc-section-end\"><\/span><\/h2>\n\n\n<div id=\"rank-math-faq\" class=\"rank-math-block\">\n<div class=\"rank-math-list \">\n<div id=\"faq-question-1774379600001\" class=\"rank-math-list-item\">\n<h3 class=\"rank-math-question \"><span class=\"ez-toc-section\" id=\"%C2%BFEs_el_Puente_de_Piedra_de_Pisek_realmente_mas_antiguo_que_el_Puente_de_Carlos\"><\/span>\u00bfEs el Puente de Piedra de P\u00edsek realmente m\u00e1s antiguo que el Puente de Carlos?<span class=\"ez-toc-section-end\"><\/span><\/h3>\n<div class=\"rank-math-answer \">\n\n<p>S\u00ed, y no es solo una leyenda. El Puente de Piedra de P\u00edsek data de la segunda mitad del siglo XIII, mientras que el Puente de Carlos en Praga fue fundado en 1357. El puente de P\u00edsek es varias d\u00e9cadas m\u00e1s antiguo \u2014 es el puente de piedra m\u00e1s antiguo conservado en Chequia.<\/p>\n\n<\/div>\n<\/div>\n<div id=\"faq-question-1774379600002\" class=\"rank-math-list-item\">\n<h3 class=\"rank-math-question \"><span class=\"ez-toc-section\" id=\"%C2%BFLa_Sladovna_entretendra_tambien_a_ninos_mayores\"><\/span>\u00bfLa Sladovna entretendr\u00e1 tambi\u00e9n a ni\u00f1os mayores?<span class=\"ez-toc-section-end\"><\/span><\/h3>\n<div class=\"rank-math-answer \">\n\n<p>Sin duda. El hormiguero y las exposiciones interactivas cambiantes est\u00e1n dise\u00f1ados para atraer tambi\u00e9n a escolares y adolescentes. No es solo un parque de juegos para beb\u00e9s \u2014 los ni\u00f1os mayores resuelven retos l\u00f3gicos, experimentan y descubren. Honestamente, tambi\u00e9n divierte a los adultos.<\/p>\n\n<\/div>\n<\/div>\n<div id=\"faq-question-1774379600003\" class=\"rank-math-list-item\">\n<h3 class=\"rank-math-question \"><span class=\"ez-toc-section\" id=\"%C2%BFDonde_se_encuentran_exactamente_las_esculturas_de_arena\"><\/span>\u00bfD\u00f3nde se encuentran exactamente las esculturas de arena?<span class=\"ez-toc-section-end\"><\/span><\/h3>\n<div class=\"rank-math-answer \">\n\n<p>En el paseo junto al Puente de Piedra, directamente al lado del r\u00edo Otava. Las esculturas suelen estar desde primavera hasta verano y la visita es gratuita. Solo hay que venir y disfrutar \u2014 sin entrada, sin reserva.<\/p>\n\n<\/div>\n<\/div>\n<div id=\"faq-question-1774379600004\" class=\"rank-math-list-item\">\n<h3 class=\"rank-math-question \"><span class=\"ez-toc-section\" id=\"%C2%BFComo_llego_a_la_torre_mirador_Jarnik\"><\/span>\u00bfC\u00f3mo llego a la torre mirador Jarn\u00edk?<span class=\"ez-toc-section-end\"><\/span><\/h3>\n<div class=\"rank-math-answer \">\n\n<p>Desde el centro de P\u00edsek son unos 4 km, el camino m\u00e1s f\u00e1cil va por el bosque desde el aparcamiento U Vod\u00e1ka (no se puede llegar en coche hasta la torre). El camino es ligeramente cuesta arriba y lo pueden hacer incluso ni\u00f1os, luego hay que subir 182 escalones y la entrada es gratuita. En el sitio te recompensa una vista panor\u00e1mica de la ciudad y el paisaje circundante.<\/p>\n\n<\/div>\n<\/div>\n<div id=\"faq-question-1774379600005\" class=\"rank-math-list-item\">\n<h3 class=\"rank-math-question \"><span class=\"ez-toc-section\" id=\"%C2%BFCual_es_la_mejor_epoca_para_visitar_el_Zemsky_hrebcinec\"><\/span>\u00bfCu\u00e1l es la mejor \u00e9poca para visitar el Zemsk\u00fd h\u0159eb\u010dinec?<span class=\"ez-toc-section-end\"><\/span><\/h3>\n<div class=\"rank-math-answer \">\n\n<p>Idealmente en verano, de junio a octubre, cuando se realizan visitas guiadas comentadas regulares \u2014 los mi\u00e9rcoles, viernes y domingos a las 14:00. Fuera de temporada el recinto tiene acceso limitado, as\u00ed que el verano es apuesta segura.<\/p>\n\n<\/div>\n<\/div>\n<div id=\"faq-question-1774379600006\" class=\"rank-math-list-item\">\n<h3 class=\"rank-math-question \"><span class=\"ez-toc-section\" id=\"%C2%BFCuanto_cuesta_la_entrada_al_Museo_de_Prachen\"><\/span>\u00bfCu\u00e1nto cuesta la entrada al Museo de Pr\u00e1che\u0148?<span class=\"ez-toc-section-end\"><\/span><\/h3>\n<div class=\"rank-math-answer \">\n\n<p>Los adultos pagan 2,50 \u20ac (60 K\u010d), los ni\u00f1os 1,50 \u20ac (30 K\u010d) y la entrada familiar sale a 6 \u20ac (150 K\u010d). Por lo que ver\u00e1s dentro \u2014 desde el castillo g\u00f3tico hasta colecciones de toda la regi\u00f3n \u2014 es probablemente una de las mejores relaciones calidad-precio de P\u00edsek.<\/p>\n\n<\/div>\n<\/div>\n<div id=\"faq-question-1774379600007\" class=\"rank-math-list-item\">\n<h3 class=\"rank-math-question \"><span class=\"ez-toc-section\" id=\"%C2%BFComo_llego_mejor_a_Pisek_desde_Espana\"><\/span>\u00bfC\u00f3mo llego mejor a P\u00edsek desde Espa\u00f1a?<span class=\"ez-toc-section-end\"><\/span><\/h3>\n<div class=\"rank-math-answer \">\n\n<p>La opci\u00f3n m\u00e1s c\u00f3moda es volar a Praga con aerol\u00edneas como Iberia, Vueling o Ryanair desde Madrid o Barcelona, y desde all\u00ed tomar el autob\u00fas RegioJet \u2014 sale de la parada Na Kn\u00ed\u017eec\u00ed y el trayecto dura unos 70 minutos. El billete cuesta 5\u20139 \u20ac (120\u2013220 K\u010d) seg\u00fan la tarifa. Si alquilas coche, por autopista D4 lo haces en aproximadamente una hora desde Praga.<\/p>\n\n<\/div>\n<\/div>\n<div id=\"faq-question-1774379600008\" class=\"rank-math-list-item\">\n<h3 class=\"rank-math-question \"><span class=\"ez-toc-section\" id=\"%C2%BFDonde_ir_en_Pisek_con_ninos\"><\/span>\u00bfD\u00f3nde ir en P\u00edsek con ni\u00f1os?<span class=\"ez-toc-section-end\"><\/span><\/h3>\n<div class=\"rank-math-answer \">\n\n<p>El n\u00famero uno es la Sladovna (galer\u00eda de juegos, 6 \u20ac, ni\u00f1os menores de 3 a\u00f1os gratis), en verano las Esculturas de arena en el paseo y la piscina fluvial u V\u00e1clava, si llueve la sala de juegos My\u0161ka. De excursiones a menos de 20 minutos recomiendo Farmapark Maletice, Na\u0161e zv\u00ed\u0159\u00e1tka en Putim (gratis) y Kr\u00e1lovstv\u00ed \u010dasu en Protiv\u00edn. Tenemos una gu\u00eda familiar completa en el art\u00edculo P\u00edsek con ni\u00f1os.<\/p>\n\n<\/div>\n<\/div>\n<\/div>\n<\/div>","protected":false},"excerpt":{"rendered":"<p>\u00bfQu\u00e9 ver en P\u00edsek? 39 ideas de una lugare\u00f1a que volvi\u00f3 tras a\u00f1os en la capital: el puente de piedra m\u00e1s antiguo, esculturas de arena, Sladovna, cafeter\u00edas y planes con ni\u00f1os.<\/p>\n","protected":false},"author":3,"featured_media":399318,"comment_status":"open","ping_status":"open","sticky":false,"template":"","format":"standard","meta":{"_acf_changed":false,"footnotes":"","rank_math_title":"Qu\u00e9 ver en P\u00edsek: 39 ideas de una lugare\u00f1a","rank_math_description":"Qu\u00e9 ver en P\u00edsek: 39 ideas de una lugare\u00f1a sobre monumentos, miradores secretos, cafeter\u00edas y planes con ni\u00f1os. \u00a1Descubre esta joya del sur de Bohemia!","rank_math_focus_keyword":"qu\u00e9 ver en P\u00edsek","rank_math_seo_score":""},"categories":[996,1034,980],"tags":[],"class_list":["post-408432","post","type-post","status-publish","format-standard","has-post-thumbnail","category-europa","category-republica-checa","category-viajes"],"acf":[],"featured_image_src":"https:\/\/loudavymkrokem.cz\/wp-content\/uploads\/2026\/08\/pisek-velke-namesti-radnice.jpg","author_info":{"display_name":"Lucie Kone\u010dn\u00e1","author_link":"https:\/\/loudavymkrokem.cz\/es\/author\/lucie-konecna\/"},"_links":{"self":[{"href":"https:\/\/loudavymkrokem.cz\/es\/wp-json\/wp\/v2\/posts\/408432","targetHints":{"allow":["GET"]}}],"collection":[{"href":"https:\/\/loudavymkrokem.cz\/es\/wp-json\/wp\/v2\/posts"}],"about":[{"href":"https:\/\/loudavymkrokem.cz\/es\/wp-json\/wp\/v2\/types\/post"}],"author":[{"embeddable":true,"href":"https:\/\/loudavymkrokem.cz\/es\/wp-json\/wp\/v2\/users\/3"}],"replies":[{"embeddable":true,"href":"https:\/\/loudavymkrokem.cz\/es\/wp-json\/wp\/v2\/comments?post=408432"}],"version-history":[{"count":0,"href":"https:\/\/loudavymkrokem.cz\/es\/wp-json\/wp\/v2\/posts\/408432\/revisions"}],"wp:featuredmedia":[{"embeddable":true,"href":"https:\/\/loudavymkrokem.cz\/es\/wp-json\/wp\/v2\/media\/399318"}],"wp:attachment":[{"href":"https:\/\/loudavymkrokem.cz\/es\/wp-json\/wp\/v2\/media?parent=408432"}],"wp:term":[{"taxonomy":"category","embeddable":true,"href":"https:\/\/loudavymkrokem.cz\/es\/wp-json\/wp\/v2\/categories?post=408432"},{"taxonomy":"post_tag","embeddable":true,"href":"https:\/\/loudavymkrokem.cz\/es\/wp-json\/wp\/v2\/tags?post=408432"}],"curies":[{"name":"wp","href":"https:\/\/api.w.org\/{rel}","templated":true}]}}