{"id":408407,"date":"2026-08-30T09:00:18","date_gmt":"2026-08-30T07:00:18","guid":{"rendered":"https:\/\/loudavymkrokem.cz\/bonigen-lago-brienz\/"},"modified":"2026-08-31T02:54:43","modified_gmt":"2026-08-31T00:54:43","slug":"bonigen-lago-brienz","status":"publish","type":"post","link":"https:\/\/loudavymkrokem.cz\/es\/bonigen-lago-brienz\/","title":{"rendered":"B\u00f6nigen: 24 planes junto al lago de Brienz 2026"},"content":{"rendered":"\n<p class=\"wp-block-paragraph\">El Oberland bern\u00e9s suizo puede ser salvaje y estar lleno de turistas, pero basta con desplazarte un poco m\u00e1s all\u00e1 para encontrarte en un aut\u00e9ntico oasis de calma. As\u00ed es exactamente <strong>B\u00f6nigen<\/strong> (se pronuncia b\u00e9ningen), un precioso pueblecito situado justo a la orilla de un lago glaciar. Mientras la vecina Interlaken revienta de gente, aqu\u00ed el tiempo se detuvo entre <strong>casas de madera ricamente talladas<\/strong> y una naturaleza impresionante. \u263a\ufe0f<\/p>\n\n\n\n<p class=\"wp-block-paragraph\">El agua tiene un <strong>incre\u00edble color turquesa esmeralda<\/strong> y las cumbres de las monta\u00f1as se reflejan en ella como en un espejo perfecto. El <strong>lago de Brienz<\/strong> es el gran reclamo de toda la zona y ofrece infinitas posibilidades de <strong>qu\u00e9 hacer<\/strong> desde la primavera hasta bien entrado el oto\u00f1o. Aqu\u00ed puedes subirte a un hist\u00f3rico barco de vapor de ruedas, alquilar un kayak o simplemente holgazanear en la playa.<\/p>\n\n\n\n<p class=\"wp-block-paragraph\">Para que planifiques tus vacaciones lo mejor posible, he preparado para ti una gu\u00eda detallada. En el art\u00edculo encontrar\u00e1s <strong>24 ideas de qu\u00e9 ver y hacer, d\u00f3nde alojarte, qu\u00e9 rutas caminar, ad\u00f3nde subir en telef\u00e9rico y qu\u00e9 hacer con ni\u00f1os<\/strong>. Y es que Suiza es amor para toda la vida, y me juego lo que sea a que, tras visitar esta regi\u00f3n, cada verano estar\u00e1s pensando en c\u00f3mo volver aqu\u00ed. \u263a\ufe0f<\/p>\n\n\n\n<figure data-wp-context=\"{&quot;imageId&quot;:&quot;6a94e52272a9b&quot;}\" data-wp-interactive=\"core\/image\" data-wp-key=\"6a94e52272a9b\" class=\"wp-block-image size-full wp-lightbox-container\"><img decoding=\"async\" width=\"1800\" height=\"1012\" data-wp-class--hide=\"state.isContentHidden\" data-wp-class--show=\"state.isContentVisible\" data-wp-init=\"callbacks.setButtonStyles\" data-wp-on--click=\"actions.showLightbox\" data-wp-on--load=\"callbacks.setButtonStyles\" data-wp-on--pointerdown=\"actions.preloadImage\" data-wp-on--pointerenter=\"actions.preloadImageWithDelay\" data-wp-on--pointerleave=\"actions.cancelPreload\" data-wp-on-window--resize=\"callbacks.setButtonStyles\" src=\"https:\/\/loudavymkrokem.cz\/wp-content\/uploads\/2026\/08\/articles-bonigen-01.jpg\" alt=\"B\u00f6nigen y el lago de Brienz desde las alturas\" class=\"wp-image-404460\" title=\"\" srcset=\"https:\/\/loudavymkrokem.cz\/wp-content\/uploads\/2026\/08\/articles-bonigen-01.jpg 1800w, https:\/\/loudavymkrokem.cz\/wp-content\/uploads\/2026\/08\/articles-bonigen-01-300x169.jpg 300w, https:\/\/loudavymkrokem.cz\/wp-content\/uploads\/2026\/08\/articles-bonigen-01-700x394.jpg 700w, https:\/\/loudavymkrokem.cz\/wp-content\/uploads\/2026\/08\/articles-bonigen-01-768x432.jpg 768w, https:\/\/loudavymkrokem.cz\/wp-content\/uploads\/2026\/08\/articles-bonigen-01-1536x864.jpg 1536w, https:\/\/loudavymkrokem.cz\/wp-content\/uploads\/2026\/08\/articles-bonigen-01-696x391.jpg 696w, https:\/\/loudavymkrokem.cz\/wp-content\/uploads\/2026\/08\/articles-bonigen-01-1392x783.jpg 1392w\" sizes=\"(max-width: 1800px) 100vw, 1800px\" \/><button\n\t\t\tclass=\"lightbox-trigger\"\n\t\t\ttype=\"button\"\n\t\t\taria-haspopup=\"dialog\"\n\t\t\tdata-wp-bind--aria-label=\"state.thisImage.triggerButtonAriaLabel\"\n\t\t\tdata-wp-init=\"callbacks.initTriggerButton\"\n\t\t\tdata-wp-on--click=\"actions.showLightbox\"\n\t\t\tdata-wp-style--right=\"state.thisImage.buttonRight\"\n\t\t\tdata-wp-style--top=\"state.thisImage.buttonTop\"\n\t\t>\n\t\t\t<svg xmlns=\"http:\/\/www.w3.org\/2000\/svg\" width=\"12\" height=\"12\" fill=\"none\" viewBox=\"0 0 12 12\">\n\t\t\t\t<path fill=\"#fff\" d=\"M2 0a2 2 0 0 0-2 2v2h1.5V2a.5.5 0 0 1 .5-.5h2V0H2Zm2 10.5H2a.5.5 0 0 1-.5-.5V8H0v2a2 2 0 0 0 2 2h2v-1.5ZM8 12v-1.5h2a.5.5 0 0 0 .5-.5V8H12v2a2 2 0 0 1-2 2H8Zm2-12a2 2 0 0 1 2 2v2h-1.5V2a.5.5 0 0 0-.5-.5H8V0h2Z\" \/>\n\t\t\t<\/svg>\n\t\t<\/button><figcaption class=\"wp-element-caption\">Foto: Christian David \/ Wikimedia Commons, CC BY-SA 4.0<\/figcaption><\/figure>\n\n\n\n<div id=\"ez-toc-container\" class=\"ez-toc-v2_0_86 ez-toc-wrap-left counter-hierarchy ez-toc-counter ez-toc-grey ez-toc-container-direction\">\n<div class=\"ez-toc-title-container\">\n<p class=\"ez-toc-title\" style=\"cursor:inherit\">Contenido del art\u00edculo<\/p>\n<span class=\"ez-toc-title-toggle\"><a href=\"#\" class=\"ez-toc-pull-right ez-toc-btn ez-toc-btn-xs ez-toc-btn-default ez-toc-toggle\" aria-label=\"Alternar tabla de contenidos\"><span class=\"ez-toc-js-icon-con\"><span class=\"\"><span class=\"eztoc-hide\" style=\"display:none;\">Toggle<\/span><span class=\"ez-toc-icon-toggle-span\"><svg style=\"fill: #999;color:#999\" xmlns=\"http:\/\/www.w3.org\/2000\/svg\" class=\"list-377408\" width=\"20px\" height=\"20px\" viewBox=\"0 0 24 24\" fill=\"none\"><path d=\"M6 6H4v2h2V6zm14 0H8v2h12V6zM4 11h2v2H4v-2zm16 0H8v2h12v-2zM4 16h2v2H4v-2zm16 0H8v2h12v-2z\" fill=\"currentColor\"><\/path><\/svg><svg style=\"fill: #999;color:#999\" class=\"arrow-unsorted-368013\" xmlns=\"http:\/\/www.w3.org\/2000\/svg\" width=\"10px\" height=\"10px\" viewBox=\"0 0 24 24\" version=\"1.2\" baseProfile=\"tiny\"><path d=\"M18.2 9.3l-6.2-6.3-6.2 6.3c-.2.2-.3.4-.3.7s.1.5.3.7c.2.2.4.3.7.3h11c.3 0 .5-.1.7-.3.2-.2.3-.5.3-.7s-.1-.5-.3-.7zM5.8 14.7l6.2 6.3 6.2-6.3c.2-.2.3-.5.3-.7s-.1-.5-.3-.7c-.2-.2-.4-.3-.7-.3h-11c-.3 0-.5.1-.7.3-.2.2-.3.5-.3.7s.1.5.3.7z\"\/><\/svg><\/span><\/span><\/span><\/a><\/span><\/div>\n<nav><ul class='ez-toc-list ez-toc-list-level-1 ' ><ul class='ez-toc-list-level-3' ><li class='ez-toc-heading-level-3'><a class=\"ez-toc-link ez-toc-heading-1\" href=\"https:\/\/loudavymkrokem.cz\/es\/bonigen-lago-brienz\/#Resumen_para_quienes_no_tienen_tiempo_de_leer_todo_el_articulo\" >Resumen para quienes no tienen tiempo de leer todo el art\u00edculo<\/a><\/li><\/ul><\/li><li class='ez-toc-page-1 ez-toc-heading-level-2'><a class=\"ez-toc-link ez-toc-heading-2\" href=\"https:\/\/loudavymkrokem.cz\/es\/bonigen-lago-brienz\/#Cuando_ir_a_Bonigen_y_como_llegar\" >Cu\u00e1ndo ir a B\u00f6nigen y c\u00f3mo llegar<\/a><\/li><li class='ez-toc-page-1 ez-toc-heading-level-2'><a class=\"ez-toc-link ez-toc-heading-3\" href=\"https:\/\/loudavymkrokem.cz\/es\/bonigen-lago-brienz\/#Donde_alojarse_en_Bonigen_y_cuanto_cuesta\" >D\u00f3nde alojarse en B\u00f6nigen y cu\u00e1nto cuesta<\/a><\/li><li class='ez-toc-page-1 ez-toc-heading-level-2'><a class=\"ez-toc-link ez-toc-heading-4\" href=\"https:\/\/loudavymkrokem.cz\/es\/bonigen-lago-brienz\/#En_el_propio_Bonigen_6_ideas_de_que_ver_y_hacer_junto_al_agua\" >En el propio B\u00f6nigen: 6 ideas de qu\u00e9 ver y hacer junto al agua<\/a><ul class='ez-toc-list-level-3' ><li class='ez-toc-heading-level-3'><a class=\"ez-toc-link ez-toc-heading-5\" href=\"https:\/\/loudavymkrokem.cz\/es\/bonigen-lago-brienz\/#1_Casas_historicas_de_madera_y_el_Hauserweg\" >1. Casas hist\u00f3ricas de madera y el H\u00e4userweg<\/a><\/li><li class='ez-toc-page-1 ez-toc-heading-level-3'><a class=\"ez-toc-link ez-toc-heading-6\" href=\"https:\/\/loudavymkrokem.cz\/es\/bonigen-lago-brienz\/#2_Museo_del_pueblo_Dorfmuseum_%C2%ABalte_Pinte%C2%BB\" >2. Museo del pueblo Dorfmuseum \u00abalte Pinte\u00bb<\/a><\/li><li class='ez-toc-page-1 ez-toc-heading-level-3'><a class=\"ez-toc-link ez-toc-heading-7\" href=\"https:\/\/loudavymkrokem.cz\/es\/bonigen-lago-brienz\/#3_Paseo_maritimo_muelle_y_Brienzersee_Lakewalk\" >3. Paseo mar\u00edtimo, muelle y Brienzersee Lakewalk<\/a><\/li><li class='ez-toc-page-1 ez-toc-heading-level-3'><a class=\"ez-toc-link ez-toc-heading-8\" href=\"https:\/\/loudavymkrokem.cz\/es\/bonigen-lago-brienz\/#4_Playa_y_zona_de_bano_The_Beach\" >4. Playa y zona de ba\u00f1o The Beach<\/a><\/li><li class='ez-toc-page-1 ez-toc-heading-level-3'><a class=\"ez-toc-link ez-toc-heading-9\" href=\"https:\/\/loudavymkrokem.cz\/es\/bonigen-lago-brienz\/#5_Kayak_y_SUP_sobre_la_superficie_del_lago\" >5. Kayak y SUP sobre la superficie del lago<\/a><\/li><li class='ez-toc-page-1 ez-toc-heading-level-3'><a class=\"ez-toc-link ez-toc-heading-10\" href=\"https:\/\/loudavymkrokem.cz\/es\/bonigen-lago-brienz\/#6_Navegacion_en_el_historico_barco_de_vapor_Lotschberg\" >6. Navegaci\u00f3n en el hist\u00f3rico barco de vapor L\u00f6tschberg<\/a><\/li><\/ul><\/li><li class='ez-toc-page-1 ez-toc-heading-level-2'><a class=\"ez-toc-link ez-toc-heading-11\" href=\"https:\/\/loudavymkrokem.cz\/es\/bonigen-lago-brienz\/#Senderismo_desde_Bonigen_6_rutas_que_merecen_la_pena\" >Senderismo desde B\u00f6nigen: 6 rutas que merecen la pena<\/a><ul class='ez-toc-list-level-3' ><li class='ez-toc-heading-level-3'><a class=\"ez-toc-link ez-toc-heading-12\" href=\"https:\/\/loudavymkrokem.cz\/es\/bonigen-lago-brienz\/#7_La_Ruta_de_las_Tres_Cascadas_por_etapas\" >7. La Ruta de las Tres Cascadas por etapas<\/a><\/li><li class='ez-toc-page-1 ez-toc-heading-level-3'><a class=\"ez-toc-link ez-toc-heading-13\" href=\"https:\/\/loudavymkrokem.cz\/es\/bonigen-lago-brienz\/#8_Circuito_del_Sytiberg_55_km_incluso_con_cochecito_todoterreno\" >8. Circuito del Sytiberg: 5,5 km incluso con cochecito todoterreno<\/a><\/li><li class='ez-toc-page-1 ez-toc-heading-level-3'><a class=\"ez-toc-link ez-toc-heading-14\" href=\"https:\/\/loudavymkrokem.cz\/es\/bonigen-lago-brienz\/#9_Circuito_Haslerenegg_854_m_con_libro_de_cumbre\" >9. Circuito Haslerenegg (854 m) con libro de cumbre<\/a><\/li><li class='ez-toc-page-1 ez-toc-heading-level-3'><a class=\"ez-toc-link ez-toc-heading-15\" href=\"https:\/\/loudavymkrokem.cz\/es\/bonigen-lago-brienz\/#10_Circuito_a_la_cascada_Erschwandenbach\" >10. Circuito a la cascada Erschwandenbach<\/a><\/li><li class='ez-toc-page-1 ez-toc-heading-level-3'><a class=\"ez-toc-link ez-toc-heading-16\" href=\"https:\/\/loudavymkrokem.cz\/es\/bonigen-lago-brienz\/#11_Sendero_costero_Uferweg_de_Iseltwald_a_Giessbach\" >11. Sendero costero Uferweg de Iseltwald a Giessbach<\/a><\/li><li class='ez-toc-page-1 ez-toc-heading-level-3'><a class=\"ez-toc-link ez-toc-heading-17\" href=\"https:\/\/loudavymkrokem.cz\/es\/bonigen-lago-brienz\/#12_Reto_a_pie_ascenso_al_Harder_Kulm\" >12. Reto a pie: ascenso al Harder Kulm<\/a><\/li><\/ul><\/li><li class='ez-toc-page-1 ez-toc-heading-level-2'><a class=\"ez-toc-link ez-toc-heading-18\" href=\"https:\/\/loudavymkrokem.cz\/es\/bonigen-lago-brienz\/#Rutas_a_las_que_te_sube_el_teleferico_6_caminatas_sobre_el_valle\" >Rutas a las que te sube el telef\u00e9rico: 6 caminatas sobre el valle<\/a><ul class='ez-toc-list-level-3' ><li class='ez-toc-heading-level-3'><a class=\"ez-toc-link ez-toc-heading-19\" href=\"https:\/\/loudavymkrokem.cz\/es\/bonigen-lago-brienz\/#13_Del_First_al_lago_Bachalpsee\" >13. Del First al lago Bachalpsee<\/a><\/li><li class='ez-toc-page-1 ez-toc-heading-level-3'><a class=\"ez-toc-link ez-toc-heading-20\" href=\"https:\/\/loudavymkrokem.cz\/es\/bonigen-lago-brienz\/#14_La_ruta_de_cresta_reina_Schynige_Platte_%E2%80%93_Faulhorn_%E2%80%93_First\" >14. La ruta de cresta reina: Schynige Platte \u2013 Faulhorn \u2013 First<\/a><\/li><li class='ez-toc-page-1 ez-toc-heading-level-3'><a class=\"ez-toc-link ez-toc-heading-21\" href=\"https:\/\/loudavymkrokem.cz\/es\/bonigen-lago-brienz\/#15_Mannlichen_y_el_camino_panoramico_a_Kleine_Scheidegg\" >15. M\u00e4nnlichen y el camino panor\u00e1mico a Kleine Scheidegg<\/a><\/li><li class='ez-toc-page-1 ez-toc-heading-level-3'><a class=\"ez-toc-link ez-toc-heading-22\" href=\"https:\/\/loudavymkrokem.cz\/es\/bonigen-lago-brienz\/#16_Eiger_Trail_justo_bajo_la_cara_norte\" >16. Eiger Trail justo bajo la cara norte<\/a><\/li><li class='ez-toc-page-1 ez-toc-heading-level-3'><a class=\"ez-toc-link ez-toc-heading-23\" href=\"https:\/\/loudavymkrokem.cz\/es\/bonigen-lago-brienz\/#17_Niederhorn_y_las_cabras_montesas_sobre_el_lago_de_Thun\" >17. Niederhorn y las cabras montesas sobre el lago de Thun<\/a><\/li><li class='ez-toc-page-1 ez-toc-heading-level-3'><a class=\"ez-toc-link ez-toc-heading-24\" href=\"https:\/\/loudavymkrokem.cz\/es\/bonigen-lago-brienz\/#18_En_cremallera_de_vapor_al_Brienzer_Rothorn\" >18. En cremallera de vapor al Brienzer Rothorn<\/a><\/li><\/ul><\/li><li class='ez-toc-page-1 ez-toc-heading-level-2'><a class=\"ez-toc-link ez-toc-heading-25\" href=\"https:\/\/loudavymkrokem.cz\/es\/bonigen-lago-brienz\/#Excursiones_desde_Bonigen_6_ideas_por_los_alrededores\" >Excursiones desde B\u00f6nigen: 6 ideas por los alrededores<\/a><ul class='ez-toc-list-level-3' ><li class='ez-toc-heading-level-3'><a class=\"ez-toc-link ez-toc-heading-26\" href=\"https:\/\/loudavymkrokem.cz\/es\/bonigen-lago-brienz\/#19_Harder_Kulm_la_montana_local_de_Interlaken\" >19. Harder Kulm: la monta\u00f1a local de Interlaken<\/a><\/li><li class='ez-toc-page-1 ez-toc-heading-level-3'><a class=\"ez-toc-link ez-toc-heading-27\" href=\"https:\/\/loudavymkrokem.cz\/es\/bonigen-lago-brienz\/#20_Cascadas_de_Giessbach_y_el_paso_por_detras_del_agua\" >20. Cascadas de Giessbach y el paso por detr\u00e1s del agua<\/a><\/li><li class='ez-toc-page-1 ez-toc-heading-level-3'><a class=\"ez-toc-link ez-toc-heading-28\" href=\"https:\/\/loudavymkrokem.cz\/es\/bonigen-lago-brienz\/#21_El_funicular_turistico_mas_antiguo_de_Suiza_y_el_Grandhotel\" >21. El funicular tur\u00edstico m\u00e1s antiguo de Suiza y el Grandhotel<\/a><\/li><li class='ez-toc-page-1 ez-toc-heading-level-3'><a class=\"ez-toc-link ez-toc-heading-29\" href=\"https:\/\/loudavymkrokem.cz\/es\/bonigen-lago-brienz\/#22_Iseltwald_y_el_iconico_muelle_de_la_serie\" >22. Iseltwald y el ic\u00f3nico muelle de la serie<\/a><\/li><li class='ez-toc-page-1 ez-toc-heading-level-3'><a class=\"ez-toc-link ez-toc-heading-30\" href=\"https:\/\/loudavymkrokem.cz\/es\/bonigen-lago-brienz\/#23_Schynige_Platte_cremallera_y_jardin_alpino\" >23. Schynige Platte: cremallera y jard\u00edn alpino<\/a><\/li><li class='ez-toc-page-1 ez-toc-heading-level-3'><a class=\"ez-toc-link ez-toc-heading-31\" href=\"https:\/\/loudavymkrokem.cz\/es\/bonigen-lago-brienz\/#24_Interlaken_la_base_turistica_vecina\" >24. Interlaken: la base tur\u00edstica vecina<\/a><\/li><\/ul><\/li><li class='ez-toc-page-1 ez-toc-heading-level-2'><a class=\"ez-toc-link ez-toc-heading-32\" href=\"https:\/\/loudavymkrokem.cz\/es\/bonigen-lago-brienz\/#Bonigen_con_ninos_que_hacer_en_familia\" >B\u00f6nigen con ni\u00f1os: qu\u00e9 hacer en familia<\/a><ul class='ez-toc-list-level-3' ><li class='ez-toc-heading-level-3'><a class=\"ez-toc-link ez-toc-heading-33\" href=\"https:\/\/loudavymkrokem.cz\/es\/bonigen-lago-brienz\/#La_playa_The_Beach_y_su_generoso_parque_infantil\" >La playa The Beach y su generoso parque infantil<\/a><\/li><li class='ez-toc-page-1 ez-toc-heading-level-3'><a class=\"ez-toc-link ez-toc-heading-34\" href=\"https:\/\/loudavymkrokem.cz\/es\/bonigen-lago-brienz\/#Busqueda_del_tesoro_y_juego_de_detectives_en_Iseltwald\" >B\u00fasqueda del tesoro y juego de detectives en Iseltwald<\/a><\/li><li class='ez-toc-page-1 ez-toc-heading-level-3'><a class=\"ez-toc-link ez-toc-heading-35\" href=\"https:\/\/loudavymkrokem.cz\/es\/bonigen-lago-brienz\/#Camping_TCS_ubicacion_estupenda_pero_con_una_gran_reserva\" >Camping TCS: ubicaci\u00f3n estupenda, pero con una gran reserva<\/a><\/li><li class='ez-toc-page-1 ez-toc-heading-level-3'><a class=\"ez-toc-link ez-toc-heading-36\" href=\"https:\/\/loudavymkrokem.cz\/es\/bonigen-lago-brienz\/#Lilys_Alpenspielplatz_y_el_Panoramaweg_en_la_Schynige_Platte\" >Lily&#8217;s Alpenspielplatz y el Panoramaweg en la Schynige Platte<\/a><\/li><li class='ez-toc-page-1 ez-toc-heading-level-3'><a class=\"ez-toc-link ez-toc-heading-37\" href=\"https:\/\/loudavymkrokem.cz\/es\/bonigen-lago-brienz\/#El_barco_y_el_paseo_sin_barreras_con_cochecito\" >El barco y el paseo sin barreras con cochecito<\/a><\/li><\/ul><\/li><li class='ez-toc-page-1 ez-toc-heading-level-2'><a class=\"ez-toc-link ez-toc-heading-38\" href=\"https:\/\/loudavymkrokem.cz\/es\/bonigen-lago-brienz\/#Donde_comer_en_Bonigen\" >D\u00f3nde comer en B\u00f6nigen<\/a><ul class='ez-toc-list-level-3' ><li class='ez-toc-heading-level-3'><a class=\"ez-toc-link ez-toc-heading-39\" href=\"https:\/\/loudavymkrokem.cz\/es\/bonigen-lago-brienz\/#Pizzeria_La_Boheme\" >Pizzeria La Boh\u00e8me<\/a><\/li><li class='ez-toc-page-1 ez-toc-heading-level-3'><a class=\"ez-toc-link ez-toc-heading-40\" href=\"https:\/\/loudavymkrokem.cz\/es\/bonigen-lago-brienz\/#Sweet_Ride\" >Sweet Ride<\/a><\/li><li class='ez-toc-page-1 ez-toc-heading-level-3'><a class=\"ez-toc-link ez-toc-heading-41\" href=\"https:\/\/loudavymkrokem.cz\/es\/bonigen-lago-brienz\/#Restaurant_Baren_Bonigen\" >Restaurant B\u00e4ren B\u00f6nigen<\/a><\/li><\/ul><\/li><li class='ez-toc-page-1 ez-toc-heading-level-2'><a class=\"ez-toc-link ez-toc-heading-42\" href=\"https:\/\/loudavymkrokem.cz\/es\/bonigen-lago-brienz\/#Adonde_ir_despues_de_Bonigen\" >Ad\u00f3nde ir despu\u00e9s de B\u00f6nigen<\/a><\/li><li class='ez-toc-page-1 ez-toc-heading-level-2'><a class=\"ez-toc-link ez-toc-heading-43\" href=\"https:\/\/loudavymkrokem.cz\/es\/bonigen-lago-brienz\/#Preguntas_frecuentes\" >Preguntas frecuentes<\/a><ul class='ez-toc-list-level-3' ><li class='ez-toc-heading-level-3'><a class=\"ez-toc-link ez-toc-heading-44\" href=\"https:\/\/loudavymkrokem.cz\/es\/bonigen-lago-brienz\/#%C2%BFMerece_la_pena_alojarse_en_Bonigen_en_lugar_de_Interlaken\" >\u00bfMerece la pena alojarse en B\u00f6nigen en lugar de Interlaken?<\/a><\/li><li class='ez-toc-page-1 ez-toc-heading-level-3'><a class=\"ez-toc-link ez-toc-heading-45\" href=\"https:\/\/loudavymkrokem.cz\/es\/bonigen-lago-brienz\/#%C2%BFComo_llegar_desde_Interlaken\" >\u00bfC\u00f3mo llegar desde Interlaken?<\/a><\/li><li class='ez-toc-page-1 ez-toc-heading-level-3'><a class=\"ez-toc-link ez-toc-heading-46\" href=\"https:\/\/loudavymkrokem.cz\/es\/bonigen-lago-brienz\/#%C2%BFSe_puede_nadar_en_el_lago_Brienz\" >\u00bfSe puede nadar en el lago Brienz?<\/a><\/li><li class='ez-toc-page-1 ez-toc-heading-level-3'><a class=\"ez-toc-link ez-toc-heading-47\" href=\"https:\/\/loudavymkrokem.cz\/es\/bonigen-lago-brienz\/#%C2%BFCuantos_dias_son_suficientes_para_la_visita\" >\u00bfCu\u00e1ntos d\u00edas son suficientes para la visita?<\/a><\/li><li class='ez-toc-page-1 ez-toc-heading-level-3'><a class=\"ez-toc-link ez-toc-heading-48\" href=\"https:\/\/loudavymkrokem.cz\/es\/bonigen-lago-brienz\/#%C2%BFQue_hacer_cuando_llueve\" >\u00bfQu\u00e9 hacer cuando llueve?<\/a><\/li><li class='ez-toc-page-1 ez-toc-heading-level-3'><a class=\"ez-toc-link ez-toc-heading-49\" href=\"https:\/\/loudavymkrokem.cz\/es\/bonigen-lago-brienz\/#%C2%BFEs_adecuado_para_ninos\" >\u00bfEs adecuado para ni\u00f1os?<\/a><\/li><li class='ez-toc-page-1 ez-toc-heading-level-3'><a class=\"ez-toc-link ez-toc-heading-50\" href=\"https:\/\/loudavymkrokem.cz\/es\/bonigen-lago-brienz\/#%C2%BFCuanto_cuesta_la_excursion_al_Harder_Kulm\" >\u00bfCu\u00e1nto cuesta la excursi\u00f3n al Harder Kulm?<\/a><\/li><li class='ez-toc-page-1 ez-toc-heading-level-3'><a class=\"ez-toc-link ez-toc-heading-51\" href=\"https:\/\/loudavymkrokem.cz\/es\/bonigen-lago-brienz\/#%C2%BFEl_muelle_de_Iseltwald_es_de_pago\" >\u00bfEl muelle de Iseltwald es de pago?<\/a><\/li><\/ul><\/li><\/ul><\/nav><\/div>\n<h3 class=\"wp-block-heading\"><span class=\"ez-toc-section\" id=\"Resumen_para_quienes_no_tienen_tiempo_de_leer_todo_el_articulo\"><\/span>Resumen para quienes no tienen tiempo de leer todo el art\u00edculo<span class=\"ez-toc-section-end\"><\/span><\/h3>\n\n\n\n<ul class=\"wp-block-list\">\n<li><strong>B\u00f6nigen est\u00e1 junto al lago de Brienz<\/strong> y es la base perfecta y tranquila para explorar el Oberland bern\u00e9s.<\/li>\n\n\n\n<li><strong>La Interlaken Guest Card<\/strong> la recibes con el alojamiento y te ofrece los autobuses de la zona totalmente gratis.<\/li>\n\n\n\n<li><strong>El centro hist\u00f3rico<\/strong> est\u00e1 lleno de casas de madera protegidas de los siglos XVI a XVIII.<\/li>\n\n\n\n<li><strong>Ba\u00f1arse en el lago es solo para valientes<\/strong>: en verano el agua ronda los 20 \u00b0C, pero la playa local tiene una piscina climatizada.<\/li>\n\n\n\n<li><strong>El senderismo aqu\u00ed es fenomenal<\/strong>: desde el mismo pueblo puedes salir a la Ruta de las Tres Cascadas o al circuito del Sytiberg.<\/li>\n\n\n\n<li>A <strong>las rutas m\u00e1s bonitas subes en telef\u00e9rico<\/strong>: al lago Bachalpsee, al M\u00e4nnlichen o en tren cremallera de vapor al Brienzer Rothorn.<\/li>\n\n\n\n<li><strong>Un alojamiento con cocina<\/strong> te ahorrar\u00e1 much\u00edsimo dinero en los caros restaurantes de Suiza.<\/li>\n\n\n\n<li><strong>Las mejores excursiones por los alrededores<\/strong> incluyen el telef\u00e9rico al Harder Kulm, las cascadas de Giessbach y el fotog\u00e9nico Iseltwald.<\/li>\n<\/ul>\n\n\n\n<figure data-wp-context=\"{&quot;imageId&quot;:&quot;6a94e522732a6&quot;}\" data-wp-interactive=\"core\/image\" data-wp-key=\"6a94e522732a6\" class=\"wp-block-image size-full wp-lightbox-container\"><img decoding=\"async\" width=\"1800\" height=\"785\" data-wp-class--hide=\"state.isContentHidden\" data-wp-class--show=\"state.isContentVisible\" data-wp-init=\"callbacks.setButtonStyles\" data-wp-on--click=\"actions.showLightbox\" data-wp-on--load=\"callbacks.setButtonStyles\" data-wp-on--pointerdown=\"actions.preloadImage\" data-wp-on--pointerenter=\"actions.preloadImageWithDelay\" data-wp-on--pointerleave=\"actions.cancelPreload\" data-wp-on-window--resize=\"callbacks.setButtonStyles\" src=\"https:\/\/loudavymkrokem.cz\/wp-content\/uploads\/2026\/08\/articles-bonigen-02.jpg\" alt=\"Lago de Brienz con las cumbres de las monta\u00f1as\" class=\"wp-image-404462\" title=\"\" srcset=\"https:\/\/loudavymkrokem.cz\/wp-content\/uploads\/2026\/08\/articles-bonigen-02.jpg 1800w, https:\/\/loudavymkrokem.cz\/wp-content\/uploads\/2026\/08\/articles-bonigen-02-300x131.jpg 300w, https:\/\/loudavymkrokem.cz\/wp-content\/uploads\/2026\/08\/articles-bonigen-02-700x305.jpg 700w, https:\/\/loudavymkrokem.cz\/wp-content\/uploads\/2026\/08\/articles-bonigen-02-768x335.jpg 768w, https:\/\/loudavymkrokem.cz\/wp-content\/uploads\/2026\/08\/articles-bonigen-02-1536x670.jpg 1536w, https:\/\/loudavymkrokem.cz\/wp-content\/uploads\/2026\/08\/articles-bonigen-02-696x304.jpg 696w, https:\/\/loudavymkrokem.cz\/wp-content\/uploads\/2026\/08\/articles-bonigen-02-1392x607.jpg 1392w\" sizes=\"(max-width: 1800px) 100vw, 1800px\" \/><button\n\t\t\tclass=\"lightbox-trigger\"\n\t\t\ttype=\"button\"\n\t\t\taria-haspopup=\"dialog\"\n\t\t\tdata-wp-bind--aria-label=\"state.thisImage.triggerButtonAriaLabel\"\n\t\t\tdata-wp-init=\"callbacks.initTriggerButton\"\n\t\t\tdata-wp-on--click=\"actions.showLightbox\"\n\t\t\tdata-wp-style--right=\"state.thisImage.buttonRight\"\n\t\t\tdata-wp-style--top=\"state.thisImage.buttonTop\"\n\t\t>\n\t\t\t<svg xmlns=\"http:\/\/www.w3.org\/2000\/svg\" width=\"12\" height=\"12\" fill=\"none\" viewBox=\"0 0 12 12\">\n\t\t\t\t<path fill=\"#fff\" d=\"M2 0a2 2 0 0 0-2 2v2h1.5V2a.5.5 0 0 1 .5-.5h2V0H2Zm2 10.5H2a.5.5 0 0 1-.5-.5V8H0v2a2 2 0 0 0 2 2h2v-1.5ZM8 12v-1.5h2a.5.5 0 0 0 .5-.5V8H12v2a2 2 0 0 1-2 2H8Zm2-12a2 2 0 0 1 2 2v2h-1.5V2a.5.5 0 0 0-.5-.5H8V0h2Z\" \/>\n\t\t\t<\/svg>\n\t\t<\/button><figcaption class=\"wp-element-caption\">Foto: Adrian Farwell \/ Wikimedia Commons, CC BY 3.0<\/figcaption><\/figure>\n\n\n\n<h2 class=\"wp-block-heading\"><span class=\"ez-toc-section\" id=\"Cuando_ir_a_Bonigen_y_como_llegar\"><\/span>Cu\u00e1ndo ir a B\u00f6nigen y c\u00f3mo llegar<span class=\"ez-toc-section-end\"><\/span><\/h2>\n\n\n\n<p class=\"wp-block-paragraph\">La temporada tur\u00edstica alta en el Oberland bern\u00e9s va de <strong>mayo a septiembre<\/strong>, cuando las temperaturas diurnas en el valle alcanzan unos agradables <strong>24 \u00b0C<\/strong>. Pero debes contar con que est\u00e1s en la monta\u00f1a, as\u00ed que incluso en pleno verano caer\u00e1n unas cuantas gotas de lluvia. Estad\u00edsticamente llueve aqu\u00ed entre <strong>9 y 12 d\u00edas al mes<\/strong>, por eso conviene llevar siempre una chaqueta impermeable en la mochila.<\/p>\n\n\n\n<p class=\"wp-block-paragraph\">Si est\u00e1s deseando ba\u00f1arte, la <strong>temperatura del agua en el lago de Brienz<\/strong> quiz\u00e1 te sorprenda un poco. El lago es de origen glaciar, muy profundo, y hasta en el mes m\u00e1s caluroso, agosto, el agua suele tener solo <strong>18 a 22 \u00b0C<\/strong>. En septiembre, con sus 15 a 19 \u00b0C, ya es m\u00e1s bien apto para los m\u00e1s aguerridos. Por suerte, la playa The Beach est\u00e1 abierta de mediados de mayo a mediados de septiembre y ofrece tambi\u00e9n una alternativa climatizada.<\/p>\n\n\n\n<p class=\"wp-block-paragraph\">Llegar al pueblo es incre\u00edblemente f\u00e1cil gracias a la precisi\u00f3n suiza. En tren llegas desde Z\u00farich (en menos de dos horas) o desde Berna directamente a la estaci\u00f3n de <strong>Interlaken Ost<\/strong>. Desde all\u00ed circula la <strong>l\u00ednea de autob\u00fas 103<\/strong>, que te lleva al centro de B\u00f6nigen en apenas 9 minutos. Los autobuses pasan cada media hora y paran justo en el paseo mar\u00edtimo y en el centro del pueblo. Desde Espa\u00f1a, lo m\u00e1s c\u00f3modo es volar con Iberia, Vueling o Ryanair desde Madrid o Barcelona hasta Z\u00farich o Basilea y continuar en tren.<\/p>\n\n\n\n<p class=\"wp-block-paragraph\">Y ahora la mejor noticia: la <strong>Interlaken Guest Card<\/strong>, que recibes con el alojamiento, te ofrece los desplazamientos en el <strong>transporte p\u00fablico local totalmente gratis<\/strong>, incluido el mencionado autob\u00fas n\u00famero 103. As\u00ed que quien se aloja en B\u00f6nigen viaja a Interlaken o al vecino Iseltwald sin pagar absolutamente nada.<\/p>\n\n\n\n<figure data-wp-context=\"{&quot;imageId&quot;:&quot;6a94e52273a42&quot;}\" data-wp-interactive=\"core\/image\" data-wp-key=\"6a94e52273a42\" class=\"wp-block-image size-full wp-lightbox-container\"><img decoding=\"async\" width=\"1800\" height=\"1125\" data-wp-class--hide=\"state.isContentHidden\" data-wp-class--show=\"state.isContentVisible\" data-wp-init=\"callbacks.setButtonStyles\" data-wp-on--click=\"actions.showLightbox\" data-wp-on--load=\"callbacks.setButtonStyles\" data-wp-on--pointerdown=\"actions.preloadImage\" data-wp-on--pointerenter=\"actions.preloadImageWithDelay\" data-wp-on--pointerleave=\"actions.cancelPreload\" data-wp-on-window--resize=\"callbacks.setButtonStyles\" src=\"https:\/\/loudavymkrokem.cz\/wp-content\/uploads\/2026\/08\/articles-bonigen-03.jpg\" alt=\"Paseo mar\u00edtimo en B\u00f6nigen junto al lago de Brienz\" class=\"wp-image-404464\" title=\"\" srcset=\"https:\/\/loudavymkrokem.cz\/wp-content\/uploads\/2026\/08\/articles-bonigen-03.jpg 1800w, https:\/\/loudavymkrokem.cz\/wp-content\/uploads\/2026\/08\/articles-bonigen-03-300x188.jpg 300w, https:\/\/loudavymkrokem.cz\/wp-content\/uploads\/2026\/08\/articles-bonigen-03-700x438.jpg 700w, https:\/\/loudavymkrokem.cz\/wp-content\/uploads\/2026\/08\/articles-bonigen-03-768x480.jpg 768w, https:\/\/loudavymkrokem.cz\/wp-content\/uploads\/2026\/08\/articles-bonigen-03-1536x960.jpg 1536w, https:\/\/loudavymkrokem.cz\/wp-content\/uploads\/2026\/08\/articles-bonigen-03-696x435.jpg 696w, https:\/\/loudavymkrokem.cz\/wp-content\/uploads\/2026\/08\/articles-bonigen-03-1392x870.jpg 1392w\" sizes=\"(max-width: 1800px) 100vw, 1800px\" \/><button\n\t\t\tclass=\"lightbox-trigger\"\n\t\t\ttype=\"button\"\n\t\t\taria-haspopup=\"dialog\"\n\t\t\tdata-wp-bind--aria-label=\"state.thisImage.triggerButtonAriaLabel\"\n\t\t\tdata-wp-init=\"callbacks.initTriggerButton\"\n\t\t\tdata-wp-on--click=\"actions.showLightbox\"\n\t\t\tdata-wp-style--right=\"state.thisImage.buttonRight\"\n\t\t\tdata-wp-style--top=\"state.thisImage.buttonTop\"\n\t\t>\n\t\t\t<svg xmlns=\"http:\/\/www.w3.org\/2000\/svg\" width=\"12\" height=\"12\" fill=\"none\" viewBox=\"0 0 12 12\">\n\t\t\t\t<path fill=\"#fff\" d=\"M2 0a2 2 0 0 0-2 2v2h1.5V2a.5.5 0 0 1 .5-.5h2V0H2Zm2 10.5H2a.5.5 0 0 1-.5-.5V8H0v2a2 2 0 0 0 2 2h2v-1.5ZM8 12v-1.5h2a.5.5 0 0 0 .5-.5V8H12v2a2 2 0 0 1-2 2H8Zm2-12a2 2 0 0 1 2 2v2h-1.5V2a.5.5 0 0 0-.5-.5H8V0h2Z\" \/>\n\t\t\t<\/svg>\n\t\t<\/button><figcaption class=\"wp-element-caption\">Foto: JoachimKohler-HB \/ Wikimedia Commons, CC BY-SA 4.0<\/figcaption><\/figure>\n\n\n\n<h2 class=\"wp-block-heading\"><span class=\"ez-toc-section\" id=\"Donde_alojarse_en_Bonigen_y_cuanto_cuesta\"><\/span>D\u00f3nde alojarse en B\u00f6nigen y cu\u00e1nto cuesta<span class=\"ez-toc-section-end\"><\/span><\/h2>\n\n\n\n<p class=\"wp-block-paragraph\"><em>\ud83d\udca1 Consejo de alojamiento y experiencias: el alojamiento en el lugar lo <a href=\"https:\/\/www.stay22.com\/allez\/roam?aid=lukaskonecny&amp;campaign=loudavymkrokemcz&amp;address=Bonigen\" target=\"_blank\" rel=\"nofollow noopener sponsored\">comparamos aqu\u00ed<\/a>, para ver qu\u00e9 hay libre y a qu\u00e9 precio. Lo preferimos buscar en <a class=\"thirstylink\" rel=\"nofollow\" target=\"_blank\" title=\"Booking.com\" href=\"https:\/\/loudavymkrokem.cz\/doporucujeme\/booking-com\/\" data-shortcode=\"true\">Booking.com<\/a>, donde suelen tener las mejores condiciones de cancelaci\u00f3n. Las entradas, excursiones y actividades merece la pena compararlas y comprarlas a trav\u00e9s de <a class=\"thirstylink\" rel=\"nofollow\" target=\"_blank\" title=\"GetYourGuide\" href=\"https:\/\/loudavymkrokem.cz\/doporucujeme\/getyourguide\/\" data-shortcode=\"true\">GetYourGuide<\/a>.<\/em><\/p>\n\n\n\n<p class=\"wp-block-paragraph\">Alojarte directamente en B\u00f6nigen es la jugada m\u00e1s inteligente que puedes hacer al planificar tus vacaciones en Suiza. Mientras que la vecina Interlaken suele estar sobrevalorada y llena de ruidosos grupos tur\u00edsticos, aqu\u00ed encontrar\u00e1s <strong>aut\u00e9ntica tranquilidad y precios mucho m\u00e1s amables<\/strong>. Y en menos de diez minutos est\u00e1s en autob\u00fas en el centro de la acci\u00f3n.<\/p>\n\n\n\n<p class=\"wp-block-paragraph\">En Suiza tambi\u00e9n <strong>merece much\u00edsimo la pena un alojamiento con cocina propia<\/strong>. Los precios en los restaurantes son astron\u00f3micos, as\u00ed que poder cocinarte tu propia cena o preparar la comida para la ruta te reducir\u00e1 el presupuesto notablemente. Eso s\u00ed, no olvides <strong>reservar con much\u00edsima antelaci\u00f3n<\/strong>, porque en temporada de verano las mejores plazas se agotan con meses de adelanto.<\/p>\n\n\n\n<p class=\"wp-block-paragraph\">Aqu\u00ed tienes recomendaciones concretas de alojamientos estupendos seg\u00fan las rese\u00f1as de los viajeros:<\/p>\n\n\n\n<ul class=\"wp-block-list\">\n<li><strong><a href=\"https:\/\/www.stay22.com\/allez\/roam?aid=lukaskonecny&amp;campaign=loudavymkrokemcz&amp;campaign=bonigen&amp;hotelname=Hotel%20Seiler%20au%20Lac&amp;address=B%C3%B6nigen%2C%20%C5%A0v%C3%BDcarsko\" target=\"_blank\" rel=\"noopener nofollow sponsored\">Hotel Seiler au Lac<\/a>:<\/strong> el Hotel Seiler au Lac est\u00e1 justo a la orilla y el barco de vapor para delante mismo de la puerta, as\u00ed que ni siquiera tienes que preocuparte por c\u00f3mo llegar al muelle. Cuarenta habitaciones, vistas a las monta\u00f1as y al agua: la direcci\u00f3n perfecta si quieres estar en pleno centro de la acci\u00f3n.<\/li>\n\n\n\n<li><strong><a href=\"https:\/\/www.stay22.com\/allez\/roam?aid=lukaskonecny&amp;campaign=loudavymkrokemcz&amp;campaign=bonigen&amp;hotelname=Seehotel%20B%C3%B6nigen&amp;address=B%C3%B6nigen%2C%20%C5%A0v%C3%BDcarsko\" target=\"_blank\" rel=\"noopener nofollow sponsored\">Seehotel B\u00f6nigen<\/a>:<\/strong> una estupenda <strong>opci\u00f3n familiar con vistas panor\u00e1micas<\/strong>, que ofrece un ambiente m\u00e1s tranquilo y su propio restaurante de renombre. Los hu\u00e9spedes elogian mucho el trato personal de los propietarios y los abundantes desayunos.<\/li>\n\n\n\n<li><strong><a href=\"https:\/\/www.stay22.com\/allez\/roam?aid=lukaskonecny&amp;campaign=loudavymkrokemcz&amp;campaign=bonigen&amp;hotelname=TCS%20Camping%20B%C3%B6nigen%20Brienzersee&amp;address=B%C3%B6nigen%2C%20%C5%A0v%C3%BDcarsko\" target=\"_blank\" rel=\"noopener nofollow sponsored\">TCS Camping B\u00f6nigen Brienzersee<\/a>:<\/strong> la <strong>opci\u00f3n econ\u00f3mica perfecta con la mejor ubicaci\u00f3n del pueblo<\/strong>: justo al lado del lago y a 200 metros de la playa. Pero cuidado con dos cosas: <strong>en el camping no hay piscina ni tobog\u00e1n<\/strong> (solo un chapoteadero) y con el trato del personal hacia familias con ni\u00f1os peque\u00f1os tenemos una mala experiencia propia que cuento m\u00e1s abajo.<\/li>\n\n\n\n<li><strong><a href=\"https:\/\/www.stay22.com\/allez\/roam?aid=lukaskonecny&amp;campaign=loudavymkrokemcz&amp;campaign=bonigen&amp;hotelname=Mountain%20and%20Lake&amp;address=B%C3%B6nigen%2C%20%C5%A0v%C3%BDcarsko\" target=\"_blank\" rel=\"noopener nofollow sponsored\">Mountain and Lake<\/a>:<\/strong> un <strong>apartamento privado con cocina totalmente equipada<\/strong> con valoraciones fant\u00e1sticas, que te da la m\u00e1xima independencia. Tiene una bonita terraza y, seg\u00fan las rese\u00f1as, es el lugar ideal para una estancia m\u00e1s larga cocinando por tu cuenta.<\/li>\n\n\n\n<li><strong><a href=\"https:\/\/www.stay22.com\/allez\/roam?aid=lukaskonecny&amp;campaign=loudavymkrokemcz&amp;campaign=bonigen&amp;hotelname=Walida&amp;address=B%C3%B6nigen%2C%20%C5%A0v%C3%BDcarsko\" target=\"_blank\" rel=\"noopener nofollow sponsored\">Walida<\/a>:<\/strong> un hotel m\u00e1s sencillo, pero muy <strong>agradable y a un precio razonable<\/strong>, donde te encantar\u00e1n los balcones con vistas a las cumbres alpinas. Los hu\u00e9spedes valoran la limpieza y el acogedor ambiente hogare\u00f1o.<\/li>\n<\/ul>\n\n\n\n<figure data-wp-context=\"{&quot;imageId&quot;:&quot;6a94e52274339&quot;}\" data-wp-interactive=\"core\/image\" data-wp-key=\"6a94e52274339\" class=\"wp-block-image size-full wp-lightbox-container\"><img decoding=\"async\" width=\"1800\" height=\"1350\" data-wp-class--hide=\"state.isContentHidden\" data-wp-class--show=\"state.isContentVisible\" data-wp-init=\"callbacks.setButtonStyles\" data-wp-on--click=\"actions.showLightbox\" data-wp-on--load=\"callbacks.setButtonStyles\" data-wp-on--pointerdown=\"actions.preloadImage\" data-wp-on--pointerenter=\"actions.preloadImageWithDelay\" data-wp-on--pointerleave=\"actions.cancelPreload\" data-wp-on-window--resize=\"callbacks.setButtonStyles\" src=\"https:\/\/loudavymkrokem.cz\/wp-content\/uploads\/2026\/08\/articles-bonigen-04.jpg\" alt=\"B\u00f6nigen y su paseo mar\u00edtimo junto al lago de Brienz\" class=\"wp-image-404465\" title=\"\" srcset=\"https:\/\/loudavymkrokem.cz\/wp-content\/uploads\/2026\/08\/articles-bonigen-04.jpg 1800w, https:\/\/loudavymkrokem.cz\/wp-content\/uploads\/2026\/08\/articles-bonigen-04-300x225.jpg 300w, https:\/\/loudavymkrokem.cz\/wp-content\/uploads\/2026\/08\/articles-bonigen-04-700x525.jpg 700w, https:\/\/loudavymkrokem.cz\/wp-content\/uploads\/2026\/08\/articles-bonigen-04-768x576.jpg 768w, https:\/\/loudavymkrokem.cz\/wp-content\/uploads\/2026\/08\/articles-bonigen-04-1536x1152.jpg 1536w, https:\/\/loudavymkrokem.cz\/wp-content\/uploads\/2026\/08\/articles-bonigen-04-80x60.jpg 80w, https:\/\/loudavymkrokem.cz\/wp-content\/uploads\/2026\/08\/articles-bonigen-04-160x120.jpg 160w, https:\/\/loudavymkrokem.cz\/wp-content\/uploads\/2026\/08\/articles-bonigen-04-696x522.jpg 696w, https:\/\/loudavymkrokem.cz\/wp-content\/uploads\/2026\/08\/articles-bonigen-04-1392x1044.jpg 1392w\" sizes=\"(max-width: 1800px) 100vw, 1800px\" \/><button\n\t\t\tclass=\"lightbox-trigger\"\n\t\t\ttype=\"button\"\n\t\t\taria-haspopup=\"dialog\"\n\t\t\tdata-wp-bind--aria-label=\"state.thisImage.triggerButtonAriaLabel\"\n\t\t\tdata-wp-init=\"callbacks.initTriggerButton\"\n\t\t\tdata-wp-on--click=\"actions.showLightbox\"\n\t\t\tdata-wp-style--right=\"state.thisImage.buttonRight\"\n\t\t\tdata-wp-style--top=\"state.thisImage.buttonTop\"\n\t\t>\n\t\t\t<svg xmlns=\"http:\/\/www.w3.org\/2000\/svg\" width=\"12\" height=\"12\" fill=\"none\" viewBox=\"0 0 12 12\">\n\t\t\t\t<path fill=\"#fff\" d=\"M2 0a2 2 0 0 0-2 2v2h1.5V2a.5.5 0 0 1 .5-.5h2V0H2Zm2 10.5H2a.5.5 0 0 1-.5-.5V8H0v2a2 2 0 0 0 2 2h2v-1.5ZM8 12v-1.5h2a.5.5 0 0 0 .5-.5V8H12v2a2 2 0 0 1-2 2H8Zm2-12a2 2 0 0 1 2 2v2h-1.5V2a.5.5 0 0 0-.5-.5H8V0h2Z\" \/>\n\t\t\t<\/svg>\n\t\t<\/button><figcaption class=\"wp-element-caption\">Foto: Sven Huls \/ Pexels<\/figcaption><\/figure>\n\n\n\n<h2 class=\"wp-block-heading\"><span class=\"ez-toc-section\" id=\"En_el_propio_Bonigen_6_ideas_de_que_ver_y_hacer_junto_al_agua\"><\/span>En el propio B\u00f6nigen: 6 ideas de qu\u00e9 ver y hacer junto al agua<span class=\"ez-toc-section-end\"><\/span><\/h2>\n\n\n\n<p class=\"wp-block-paragraph\">El pueblo en s\u00ed es un <strong>lugar ideal para d\u00edas tranquilos<\/strong>, cuando no te apetece trepar por las altas monta\u00f1as. Aqu\u00ed puedes simplemente vagar por sus callejuelas estrechas, admirar la maestr\u00eda artesanal de los viejos maestros carpinteros o pasar el tiempo directamente a la <strong>orilla del lago turquesa<\/strong>.<\/p>\n\n\n\n<p class=\"wp-block-paragraph\">Encontrar\u00e1s una mezcla perfecta de historia y actividades acu\u00e1ticas que te entretendr\u00e1n al menos un fin de semana entero. Y todo est\u00e1 aqu\u00ed <strong>muy a mano y a distancia caminable<\/strong>, as\u00ed que puedes dejar el coche tranquilamente aparcado junto al hotel.<\/p>\n\n\n\n<p class=\"wp-block-paragraph\">\ud83d\udca1 Consejo: la mayor\u00eda de las experiencias de la zona (navegaciones por el lago, rutas en kayak, paseos en jetboat y excursiones al Jungfraujoch) puedes reservarlas por adelantado en <a class=\"thirstylink\" rel=\"nofollow\" target=\"_blank\" title=\"GetYourGuide\" href=\"https:\/\/loudavymkrokem.cz\/doporucujeme\/getyourguide\/\" data-shortcode=\"true\">GetYourGuide<\/a>. En temporada alta, las fechas m\u00e1s populares se llenan incluso varios d\u00edas antes.<\/p>\n\n\n\n<figure data-wp-context=\"{&quot;imageId&quot;:&quot;6a94e52274c40&quot;}\" data-wp-interactive=\"core\/image\" data-wp-key=\"6a94e52274c40\" class=\"wp-block-image size-full wp-lightbox-container\"><img decoding=\"async\" width=\"1800\" height=\"1350\" data-wp-class--hide=\"state.isContentHidden\" data-wp-class--show=\"state.isContentVisible\" data-wp-init=\"callbacks.setButtonStyles\" data-wp-on--click=\"actions.showLightbox\" data-wp-on--load=\"callbacks.setButtonStyles\" data-wp-on--pointerdown=\"actions.preloadImage\" data-wp-on--pointerenter=\"actions.preloadImageWithDelay\" data-wp-on--pointerleave=\"actions.cancelPreload\" data-wp-on-window--resize=\"callbacks.setButtonStyles\" src=\"https:\/\/loudavymkrokem.cz\/wp-content\/uploads\/2026\/08\/articles-bonigen-05.jpg\" alt=\"Casa hist\u00f3rica de madera tallada en B\u00f6nigen\" class=\"wp-image-404467\" title=\"\" srcset=\"https:\/\/loudavymkrokem.cz\/wp-content\/uploads\/2026\/08\/articles-bonigen-05.jpg 1800w, https:\/\/loudavymkrokem.cz\/wp-content\/uploads\/2026\/08\/articles-bonigen-05-300x225.jpg 300w, https:\/\/loudavymkrokem.cz\/wp-content\/uploads\/2026\/08\/articles-bonigen-05-700x525.jpg 700w, https:\/\/loudavymkrokem.cz\/wp-content\/uploads\/2026\/08\/articles-bonigen-05-768x576.jpg 768w, https:\/\/loudavymkrokem.cz\/wp-content\/uploads\/2026\/08\/articles-bonigen-05-1536x1152.jpg 1536w, https:\/\/loudavymkrokem.cz\/wp-content\/uploads\/2026\/08\/articles-bonigen-05-80x60.jpg 80w, https:\/\/loudavymkrokem.cz\/wp-content\/uploads\/2026\/08\/articles-bonigen-05-160x120.jpg 160w, https:\/\/loudavymkrokem.cz\/wp-content\/uploads\/2026\/08\/articles-bonigen-05-696x522.jpg 696w, https:\/\/loudavymkrokem.cz\/wp-content\/uploads\/2026\/08\/articles-bonigen-05-1392x1044.jpg 1392w\" sizes=\"(max-width: 1800px) 100vw, 1800px\" \/><button\n\t\t\tclass=\"lightbox-trigger\"\n\t\t\ttype=\"button\"\n\t\t\taria-haspopup=\"dialog\"\n\t\t\tdata-wp-bind--aria-label=\"state.thisImage.triggerButtonAriaLabel\"\n\t\t\tdata-wp-init=\"callbacks.initTriggerButton\"\n\t\t\tdata-wp-on--click=\"actions.showLightbox\"\n\t\t\tdata-wp-style--right=\"state.thisImage.buttonRight\"\n\t\t\tdata-wp-style--top=\"state.thisImage.buttonTop\"\n\t\t>\n\t\t\t<svg xmlns=\"http:\/\/www.w3.org\/2000\/svg\" width=\"12\" height=\"12\" fill=\"none\" viewBox=\"0 0 12 12\">\n\t\t\t\t<path fill=\"#fff\" d=\"M2 0a2 2 0 0 0-2 2v2h1.5V2a.5.5 0 0 1 .5-.5h2V0H2Zm2 10.5H2a.5.5 0 0 1-.5-.5V8H0v2a2 2 0 0 0 2 2h2v-1.5ZM8 12v-1.5h2a.5.5 0 0 0 .5-.5V8H12v2a2 2 0 0 1-2 2H8Zm2-12a2 2 0 0 1 2 2v2h-1.5V2a.5.5 0 0 0-.5-.5H8V0h2Z\" \/>\n\t\t\t<\/svg>\n\t\t<\/button><figcaption class=\"wp-element-caption\">Foto: Freek Wolsink \/ Pexels<\/figcaption><\/figure>\n\n\n\n<h3 class=\"wp-block-heading\"><span class=\"ez-toc-section\" id=\"1_Casas_historicas_de_madera_y_el_Hauserweg\"><\/span>1. Casas hist\u00f3ricas de madera y el H\u00e4userweg<span class=\"ez-toc-section-end\"><\/span><\/h3>\n\n\n\n<p class=\"wp-block-paragraph\">El coraz\u00f3n del pueblo lo forma un conjunto \u00fanico de <strong>casas de madera talladas de los siglos XVI al XIX<\/strong>. B\u00f6nigen tuvo la enorme suerte de no haber sufrido nunca en su historia un gran incendio devastador. Gracias a ello se conserva aqu\u00ed un conjunto arquitect\u00f3nico continuo de cada \u00e9poca constructiva desde 1549, algo rar\u00edsimo en Suiza.<\/p>\n\n\n\n<p class=\"wp-block-paragraph\">Al pasear por el sendero tem\u00e1tico <strong>Historischer H\u00e4userweg<\/strong> te dejar\u00e1 boquiabierto el detallado trabajo de talla de las fachadas. Ver\u00e1s intrincados ornamentos, antiguas inscripciones y balcones perfectamente modelados. Para la ruta hay disponible una gu\u00eda interactiva SmartTrail que te descargas f\u00e1cilmente en el m\u00f3vil y que te revela las historias de cada familia.<\/p>\n\n\n\n<p class=\"wp-block-paragraph\">La construcci\u00f3n m\u00e1s famosa es la llamada <strong>Housihuus de 1757<\/strong>, que serv\u00eda como primera posada del pueblo. Tiene incluso historia real, ya que en 1808 pernoct\u00f3 aqu\u00ed el rey Federico de Wurtemberg. Tambi\u00e9n merece atenci\u00f3n el antiguo granero Christi&#8217;s Spycher de 1746, que muestra c\u00f3mo se almacenaban antiguamente las valiosas reservas de comida.<\/p>\n\n\n\n<p class=\"wp-block-paragraph\">\ud83d\udca1 Consejo: cada ma\u00f1ana a las 9:15 se celebran delante de la <a href=\"https:\/\/www.boenigen-iseltwald.ch\" target=\"_blank\" rel=\"nofollow noopener\">oficina de informaci\u00f3n tur\u00edstica<\/a> <strong>visitas guiadas del pueblo<\/strong>. Es una gran oportunidad para conocer de boca de los locales an\u00e9cdotas que no encontrar\u00e1s en ninguna gu\u00eda impresa.<\/p>\n\n\n\n<figure data-wp-context=\"{&quot;imageId&quot;:&quot;6a94e522754a5&quot;}\" data-wp-interactive=\"core\/image\" data-wp-key=\"6a94e522754a5\" class=\"wp-block-image size-full wp-lightbox-container\"><img decoding=\"async\" width=\"1800\" height=\"1341\" data-wp-class--hide=\"state.isContentHidden\" data-wp-class--show=\"state.isContentVisible\" data-wp-init=\"callbacks.setButtonStyles\" data-wp-on--click=\"actions.showLightbox\" data-wp-on--load=\"callbacks.setButtonStyles\" data-wp-on--pointerdown=\"actions.preloadImage\" data-wp-on--pointerenter=\"actions.preloadImageWithDelay\" data-wp-on--pointerleave=\"actions.cancelPreload\" data-wp-on-window--resize=\"callbacks.setButtonStyles\" src=\"https:\/\/loudavymkrokem.cz\/wp-content\/uploads\/2026\/08\/articles-bonigen-06.jpg\" alt=\"Interior de una casa tradicional del Oberland\" class=\"wp-image-404469\" title=\"\" srcset=\"https:\/\/loudavymkrokem.cz\/wp-content\/uploads\/2026\/08\/articles-bonigen-06.jpg 1800w, https:\/\/loudavymkrokem.cz\/wp-content\/uploads\/2026\/08\/articles-bonigen-06-300x224.jpg 300w, https:\/\/loudavymkrokem.cz\/wp-content\/uploads\/2026\/08\/articles-bonigen-06-700x522.jpg 700w, https:\/\/loudavymkrokem.cz\/wp-content\/uploads\/2026\/08\/articles-bonigen-06-768x572.jpg 768w, https:\/\/loudavymkrokem.cz\/wp-content\/uploads\/2026\/08\/articles-bonigen-06-1536x1144.jpg 1536w, https:\/\/loudavymkrokem.cz\/wp-content\/uploads\/2026\/08\/articles-bonigen-06-80x60.jpg 80w, https:\/\/loudavymkrokem.cz\/wp-content\/uploads\/2026\/08\/articles-bonigen-06-160x120.jpg 160w, https:\/\/loudavymkrokem.cz\/wp-content\/uploads\/2026\/08\/articles-bonigen-06-696x519.jpg 696w, https:\/\/loudavymkrokem.cz\/wp-content\/uploads\/2026\/08\/articles-bonigen-06-1392x1037.jpg 1392w\" sizes=\"(max-width: 1800px) 100vw, 1800px\" \/><button\n\t\t\tclass=\"lightbox-trigger\"\n\t\t\ttype=\"button\"\n\t\t\taria-haspopup=\"dialog\"\n\t\t\tdata-wp-bind--aria-label=\"state.thisImage.triggerButtonAriaLabel\"\n\t\t\tdata-wp-init=\"callbacks.initTriggerButton\"\n\t\t\tdata-wp-on--click=\"actions.showLightbox\"\n\t\t\tdata-wp-style--right=\"state.thisImage.buttonRight\"\n\t\t\tdata-wp-style--top=\"state.thisImage.buttonTop\"\n\t\t>\n\t\t\t<svg xmlns=\"http:\/\/www.w3.org\/2000\/svg\" width=\"12\" height=\"12\" fill=\"none\" viewBox=\"0 0 12 12\">\n\t\t\t\t<path fill=\"#fff\" d=\"M2 0a2 2 0 0 0-2 2v2h1.5V2a.5.5 0 0 1 .5-.5h2V0H2Zm2 10.5H2a.5.5 0 0 1-.5-.5V8H0v2a2 2 0 0 0 2 2h2v-1.5ZM8 12v-1.5h2a.5.5 0 0 0 .5-.5V8H12v2a2 2 0 0 1-2 2H8Zm2-12a2 2 0 0 1 2 2v2h-1.5V2a.5.5 0 0 0-.5-.5H8V0h2Z\" \/>\n\t\t\t<\/svg>\n\t\t<\/button><figcaption class=\"wp-element-caption\">Foto: Abhishek  Navlakha \/ Pexels<\/figcaption><\/figure>\n\n\n\n<h3 class=\"wp-block-heading\"><span class=\"ez-toc-section\" id=\"2_Museo_del_pueblo_Dorfmuseum_%C2%ABalte_Pinte%C2%BB\"><\/span>2. Museo del pueblo Dorfmuseum \u00abalte Pinte\u00bb<span class=\"ez-toc-section-end\"><\/span><\/h3>\n\n\n\n<p class=\"wp-block-paragraph\">Si quieres ver c\u00f3mo se viv\u00eda realmente en esas casas de madera, tienes que visitar el museo local. Se encuentra en una <strong>casa magn\u00edficamente conservada de 1772<\/strong> y te envolver\u00e1 con el ambiente de tiempos pasados, cuando la vida en la monta\u00f1a era mucho m\u00e1s dura que hoy.<\/p>\n\n\n\n<p class=\"wp-block-paragraph\">La exposici\u00f3n muestra una vivienda t\u00edpica del Oberland hasta el m\u00e1s m\u00ednimo detalle. Encontrar\u00e1s aqu\u00ed <strong>muebles y objetos hist\u00f3ricos de entre 1730 y 1920<\/strong>, desde viejas ruecas hasta arcones de dote pintados a mano. Es fascinante ver la maestr\u00eda con la que los artesanos locales trabajaban la madera.<\/p>\n\n\n\n<p class=\"wp-block-paragraph\">La visita no te llevar\u00e1 m\u00e1s de una hora, pero te ganar\u00e1 un enorme <strong>respeto por la cultura y las tradiciones locales<\/strong>. Descubrir\u00e1s c\u00f3mo se calentaban antiguamente, c\u00f3mo se procesaba la leche de los pastos de monta\u00f1a y c\u00f3mo era la rutina diaria de una familia suiza corriente.<\/p>\n\n\n\n<p class=\"wp-block-paragraph\">\ud83d\udca1 Consejo: el <strong>horario del museo<\/strong> suele ser <strong>bastante limitado en temporada baja<\/strong>, as\u00ed que consulta antes en la web qu\u00e9 d\u00edas abre, para que no te quedes ante las puertas cerradas.<\/p>\n\n\n\n<figure data-wp-context=\"{&quot;imageId&quot;:&quot;6a94e52275d86&quot;}\" data-wp-interactive=\"core\/image\" data-wp-key=\"6a94e52275d86\" class=\"wp-block-image size-full wp-lightbox-container\"><img decoding=\"async\" width=\"1800\" height=\"1350\" data-wp-class--hide=\"state.isContentHidden\" data-wp-class--show=\"state.isContentVisible\" data-wp-init=\"callbacks.setButtonStyles\" data-wp-on--click=\"actions.showLightbox\" data-wp-on--load=\"callbacks.setButtonStyles\" data-wp-on--pointerdown=\"actions.preloadImage\" data-wp-on--pointerenter=\"actions.preloadImageWithDelay\" data-wp-on--pointerleave=\"actions.cancelPreload\" data-wp-on-window--resize=\"callbacks.setButtonStyles\" src=\"https:\/\/loudavymkrokem.cz\/wp-content\/uploads\/2026\/08\/articles-bonigen-07.jpg\" alt=\"B\u00f6nigen desde la cubierta de un barco en el lago de Brienz\" class=\"wp-image-404470\" title=\"\" srcset=\"https:\/\/loudavymkrokem.cz\/wp-content\/uploads\/2026\/08\/articles-bonigen-07.jpg 1800w, https:\/\/loudavymkrokem.cz\/wp-content\/uploads\/2026\/08\/articles-bonigen-07-300x225.jpg 300w, https:\/\/loudavymkrokem.cz\/wp-content\/uploads\/2026\/08\/articles-bonigen-07-700x525.jpg 700w, https:\/\/loudavymkrokem.cz\/wp-content\/uploads\/2026\/08\/articles-bonigen-07-768x576.jpg 768w, https:\/\/loudavymkrokem.cz\/wp-content\/uploads\/2026\/08\/articles-bonigen-07-1536x1152.jpg 1536w, https:\/\/loudavymkrokem.cz\/wp-content\/uploads\/2026\/08\/articles-bonigen-07-80x60.jpg 80w, https:\/\/loudavymkrokem.cz\/wp-content\/uploads\/2026\/08\/articles-bonigen-07-160x120.jpg 160w, https:\/\/loudavymkrokem.cz\/wp-content\/uploads\/2026\/08\/articles-bonigen-07-696x522.jpg 696w, https:\/\/loudavymkrokem.cz\/wp-content\/uploads\/2026\/08\/articles-bonigen-07-1392x1044.jpg 1392w\" sizes=\"(max-width: 1800px) 100vw, 1800px\" \/><button\n\t\t\tclass=\"lightbox-trigger\"\n\t\t\ttype=\"button\"\n\t\t\taria-haspopup=\"dialog\"\n\t\t\tdata-wp-bind--aria-label=\"state.thisImage.triggerButtonAriaLabel\"\n\t\t\tdata-wp-init=\"callbacks.initTriggerButton\"\n\t\t\tdata-wp-on--click=\"actions.showLightbox\"\n\t\t\tdata-wp-style--right=\"state.thisImage.buttonRight\"\n\t\t\tdata-wp-style--top=\"state.thisImage.buttonTop\"\n\t\t>\n\t\t\t<svg xmlns=\"http:\/\/www.w3.org\/2000\/svg\" width=\"12\" height=\"12\" fill=\"none\" viewBox=\"0 0 12 12\">\n\t\t\t\t<path fill=\"#fff\" d=\"M2 0a2 2 0 0 0-2 2v2h1.5V2a.5.5 0 0 1 .5-.5h2V0H2Zm2 10.5H2a.5.5 0 0 1-.5-.5V8H0v2a2 2 0 0 0 2 2h2v-1.5ZM8 12v-1.5h2a.5.5 0 0 0 .5-.5V8H12v2a2 2 0 0 1-2 2H8Zm2-12a2 2 0 0 1 2 2v2h-1.5V2a.5.5 0 0 0-.5-.5H8V0h2Z\" \/>\n\t\t\t<\/svg>\n\t\t<\/button><figcaption class=\"wp-element-caption\">Foto: Andrew Bossi \/ Wikimedia Commons, CC BY-SA 2.5<\/figcaption><\/figure>\n\n\n\n<h3 class=\"wp-block-heading\"><span class=\"ez-toc-section\" id=\"3_Paseo_maritimo_muelle_y_Brienzersee_Lakewalk\"><\/span>3. Paseo mar\u00edtimo, muelle y Brienzersee Lakewalk<span class=\"ez-toc-section-end\"><\/span><\/h3>\n\n\n\n<p class=\"wp-block-paragraph\">El coraz\u00f3n de todo B\u00f6nigen es sin duda su paseo mar\u00edtimo. El <strong>Brienzersee Lakewalk<\/strong> tiene en Google una valoraci\u00f3n fant\u00e1stica de 4,8 con casi mil rese\u00f1as y es el primer lugar al que deber\u00edan llevarte tus pasos tras llegar. La vista desde el muelle hacia las cumbres circundantes y la superficie turquesa es simplemente ic\u00f3nica.<\/p>\n\n\n\n<p class=\"wp-block-paragraph\">Todo el paseo est\u00e1 dise\u00f1ado como un <strong>camino sin barreras a lo largo del lago y del r\u00edo Aare<\/strong>. Es absolutamente ideal para familias con cochecitos, personas en silla de ruedas o para un paseo tranquilo al atardecer, cuando ya te duelen los pies tras una ruta de todo el d\u00eda. El agua tiene aqu\u00ed un color incre\u00edble, causado por la llamada harina glaciar arrastrada de los macizos circundantes.<\/p>\n\n\n\n<p class=\"wp-block-paragraph\">En temporada de verano el paseo cobra vida con la cultura. Justo junto al muelle principal se celebran con regularidad <strong>conciertos folcl\u00f3ricos tradicionales<\/strong>, donde puedes escuchar en directo las trompas alpinas y ver a los habitantes locales con sus preciosos trajes hist\u00f3ricos. Es una experiencia que forma parte inseparable de una estancia en el Oberland bern\u00e9s.<\/p>\n\n\n\n<p class=\"wp-block-paragraph\">\ud83d\udca1 Consejo: a un paso del paseo se encuentra el <strong>peque\u00f1o lago Depotseeli<\/strong>, que surgi\u00f3 curiosamente de forma artificial durante la construcci\u00f3n hist\u00f3rica del ferrocarril. Hoy sirve sobre todo a los pescadores locales, pero es un bonito lugar silencioso para una parada corta.<\/p>\n\n\n\n<figure data-wp-context=\"{&quot;imageId&quot;:&quot;6a94e5227669d&quot;}\" data-wp-interactive=\"core\/image\" data-wp-key=\"6a94e5227669d\" class=\"wp-block-image size-full wp-lightbox-container\"><img decoding=\"async\" width=\"1800\" height=\"1199\" data-wp-class--hide=\"state.isContentHidden\" data-wp-class--show=\"state.isContentVisible\" data-wp-init=\"callbacks.setButtonStyles\" data-wp-on--click=\"actions.showLightbox\" data-wp-on--load=\"callbacks.setButtonStyles\" data-wp-on--pointerdown=\"actions.preloadImage\" data-wp-on--pointerenter=\"actions.preloadImageWithDelay\" data-wp-on--pointerleave=\"actions.cancelPreload\" data-wp-on-window--resize=\"callbacks.setButtonStyles\" src=\"https:\/\/loudavymkrokem.cz\/wp-content\/uploads\/2026\/08\/articles-bonigen-08.jpg\" alt=\"Zona de ba\u00f1o junto al lago con piscina\" class=\"wp-image-404472\" title=\"\" srcset=\"https:\/\/loudavymkrokem.cz\/wp-content\/uploads\/2026\/08\/articles-bonigen-08.jpg 1800w, https:\/\/loudavymkrokem.cz\/wp-content\/uploads\/2026\/08\/articles-bonigen-08-300x200.jpg 300w, https:\/\/loudavymkrokem.cz\/wp-content\/uploads\/2026\/08\/articles-bonigen-08-700x466.jpg 700w, https:\/\/loudavymkrokem.cz\/wp-content\/uploads\/2026\/08\/articles-bonigen-08-768x512.jpg 768w, https:\/\/loudavymkrokem.cz\/wp-content\/uploads\/2026\/08\/articles-bonigen-08-1536x1023.jpg 1536w, https:\/\/loudavymkrokem.cz\/wp-content\/uploads\/2026\/08\/articles-bonigen-08-696x464.jpg 696w, https:\/\/loudavymkrokem.cz\/wp-content\/uploads\/2026\/08\/articles-bonigen-08-1392x927.jpg 1392w\" sizes=\"(max-width: 1800px) 100vw, 1800px\" \/><button\n\t\t\tclass=\"lightbox-trigger\"\n\t\t\ttype=\"button\"\n\t\t\taria-haspopup=\"dialog\"\n\t\t\tdata-wp-bind--aria-label=\"state.thisImage.triggerButtonAriaLabel\"\n\t\t\tdata-wp-init=\"callbacks.initTriggerButton\"\n\t\t\tdata-wp-on--click=\"actions.showLightbox\"\n\t\t\tdata-wp-style--right=\"state.thisImage.buttonRight\"\n\t\t\tdata-wp-style--top=\"state.thisImage.buttonTop\"\n\t\t>\n\t\t\t<svg xmlns=\"http:\/\/www.w3.org\/2000\/svg\" width=\"12\" height=\"12\" fill=\"none\" viewBox=\"0 0 12 12\">\n\t\t\t\t<path fill=\"#fff\" d=\"M2 0a2 2 0 0 0-2 2v2h1.5V2a.5.5 0 0 1 .5-.5h2V0H2Zm2 10.5H2a.5.5 0 0 1-.5-.5V8H0v2a2 2 0 0 0 2 2h2v-1.5ZM8 12v-1.5h2a.5.5 0 0 0 .5-.5V8H12v2a2 2 0 0 1-2 2H8Zm2-12a2 2 0 0 1 2 2v2h-1.5V2a.5.5 0 0 0-.5-.5H8V0h2Z\" \/>\n\t\t\t<\/svg>\n\t\t<\/button><figcaption class=\"wp-element-caption\">Foto: Jean-Paul Wettstein \/ Pexels<\/figcaption><\/figure>\n\n\n\n<h3 class=\"wp-block-heading\"><span class=\"ez-toc-section\" id=\"4_Playa_y_zona_de_bano_The_Beach\"><\/span>4. Playa y zona de ba\u00f1o The Beach<span class=\"ez-toc-section-end\"><\/span><\/h3>\n\n\n\n<p class=\"wp-block-paragraph\">Aunque el lago es fr\u00edo, B\u00f6nigen tiene preparado un plan B perfecto para los amantes del agua. La zona de ba\u00f1o local The Beach (Strandbad B\u00f6nigen) funciona aproximadamente de mediados de mayo a mediados de septiembre y la entrada para 2026 cuesta <strong>unos muy agradables 6 CHF para un adulto<\/strong>.<\/p>\n\n\n\n<p class=\"wp-block-paragraph\">El recinto ofrece, adem\u00e1s del acceso al lago, una <strong>piscina climatizada de 25 metros<\/strong>, que agradecer\u00e1s los d\u00edas en que de verdad no te apetezca meterte en el agua glaciar. Para los nadadores hay una zona acotada en el lago y alrededor se extiende una amplia pradera con grandes \u00e1rboles que ofrecen suficiente sombra natural.<\/p>\n\n\n\n<p class=\"wp-block-paragraph\">Las instalaciones aqu\u00ed son, para lo suizo, de un nivel excelente. Encontrar\u00e1s vestuarios, ba\u00f1os limpios, cancha de petanca y un agradable restaurante. Todo el recinto es adem\u00e1s <strong>totalmente accesible con cochecito y silla de ruedas<\/strong>, as\u00ed que se acomoda c\u00f3modamente absolutamente todo el mundo. A partir de las 17:00 rige una entrada vespertina con descuento.<\/p>\n\n\n\n<p class=\"wp-block-paragraph\">\ud83d\udca1 Consejo: el <strong>horario actualizado<\/strong>, que cambia seg\u00fan los meses y el tiempo, lo encuentras siempre en la web oficial de <a href=\"https:\/\/www.strandbadboenigen.ch\" target=\"_blank\" rel=\"nofollow noopener\">The Beach<\/a>. Con lluvia fuerte, el recinto suele estar <strong>cerrado por motivos de seguridad<\/strong>.<\/p>\n\n\n\n<figure data-wp-context=\"{&quot;imageId&quot;:&quot;6a94e52276e96&quot;}\" data-wp-interactive=\"core\/image\" data-wp-key=\"6a94e52276e96\" class=\"wp-block-image size-full wp-lightbox-container\"><img decoding=\"async\" width=\"1800\" height=\"1011\" data-wp-class--hide=\"state.isContentHidden\" data-wp-class--show=\"state.isContentVisible\" data-wp-init=\"callbacks.setButtonStyles\" data-wp-on--click=\"actions.showLightbox\" data-wp-on--load=\"callbacks.setButtonStyles\" data-wp-on--pointerdown=\"actions.preloadImage\" data-wp-on--pointerenter=\"actions.preloadImageWithDelay\" data-wp-on--pointerleave=\"actions.cancelPreload\" data-wp-on-window--resize=\"callbacks.setButtonStyles\" src=\"https:\/\/loudavymkrokem.cz\/wp-content\/uploads\/2026\/08\/articles-bonigen-09.jpg\" alt=\"Kayak en un lago de monta\u00f1a\" class=\"wp-image-404475\" title=\"\" srcset=\"https:\/\/loudavymkrokem.cz\/wp-content\/uploads\/2026\/08\/articles-bonigen-09.jpg 1800w, https:\/\/loudavymkrokem.cz\/wp-content\/uploads\/2026\/08\/articles-bonigen-09-300x169.jpg 300w, https:\/\/loudavymkrokem.cz\/wp-content\/uploads\/2026\/08\/articles-bonigen-09-700x393.jpg 700w, https:\/\/loudavymkrokem.cz\/wp-content\/uploads\/2026\/08\/articles-bonigen-09-768x431.jpg 768w, https:\/\/loudavymkrokem.cz\/wp-content\/uploads\/2026\/08\/articles-bonigen-09-1536x863.jpg 1536w, https:\/\/loudavymkrokem.cz\/wp-content\/uploads\/2026\/08\/articles-bonigen-09-696x391.jpg 696w, https:\/\/loudavymkrokem.cz\/wp-content\/uploads\/2026\/08\/articles-bonigen-09-1392x782.jpg 1392w\" sizes=\"(max-width: 1800px) 100vw, 1800px\" \/><button\n\t\t\tclass=\"lightbox-trigger\"\n\t\t\ttype=\"button\"\n\t\t\taria-haspopup=\"dialog\"\n\t\t\tdata-wp-bind--aria-label=\"state.thisImage.triggerButtonAriaLabel\"\n\t\t\tdata-wp-init=\"callbacks.initTriggerButton\"\n\t\t\tdata-wp-on--click=\"actions.showLightbox\"\n\t\t\tdata-wp-style--right=\"state.thisImage.buttonRight\"\n\t\t\tdata-wp-style--top=\"state.thisImage.buttonTop\"\n\t\t>\n\t\t\t<svg xmlns=\"http:\/\/www.w3.org\/2000\/svg\" width=\"12\" height=\"12\" fill=\"none\" viewBox=\"0 0 12 12\">\n\t\t\t\t<path fill=\"#fff\" d=\"M2 0a2 2 0 0 0-2 2v2h1.5V2a.5.5 0 0 1 .5-.5h2V0H2Zm2 10.5H2a.5.5 0 0 1-.5-.5V8H0v2a2 2 0 0 0 2 2h2v-1.5ZM8 12v-1.5h2a.5.5 0 0 0 .5-.5V8H12v2a2 2 0 0 1-2 2H8Zm2-12a2 2 0 0 1 2 2v2h-1.5V2a.5.5 0 0 0-.5-.5H8V0h2Z\" \/>\n\t\t\t<\/svg>\n\t\t<\/button><figcaption class=\"wp-element-caption\">Foto: K \/ Pexels<\/figcaption><\/figure>\n\n\n\n<h3 class=\"wp-block-heading\"><span class=\"ez-toc-section\" id=\"5_Kayak_y_SUP_sobre_la_superficie_del_lago\"><\/span>5. Kayak y SUP sobre la superficie del lago<span class=\"ez-toc-section-end\"><\/span><\/h3>\n\n\n\n<p class=\"wp-block-paragraph\">La mejor manera de empaparte del ambiente del lago de Brienz es lanzarte directamente a su superficie. Justo en la orilla (enfrente de la parada del autob\u00fas 103) encontrar\u00e1s la base de la <strong>Hightide Kayak School<\/strong>, que de mayo a octubre alquila equipo de primera para deportes acu\u00e1ticos.<\/p>\n\n\n\n<p class=\"wp-block-paragraph\">Los precios para 2026 son razonables. Por un <strong>kayak individual pagas desde 30 CHF por hora<\/strong>, la variante doble sale por 45 CHF. Si te atreves con una expedici\u00f3n m\u00e1s larga, puedes alquilar un robusto kayak de mar durante siete horas completas por 70 CHF y explorar las calas m\u00e1s alejadas. Por supuesto, tambi\u00e9n est\u00e1n disponibles las populares tablas de paddle surf (SUP).<\/p>\n\n\n\n<p class=\"wp-block-paragraph\">Si no tienes experiencia con el remo, te recomiendo pagar una <strong>ruta organizada en kayak con instructor<\/strong>. Te mostrar\u00e1n las calas ocultas m\u00e1s bonitas, te ense\u00f1ar\u00e1n la t\u00e9cnica correcta y velar\u00e1n por tu seguridad, porque el tiempo en el lago puede cambiar en la monta\u00f1a de forma inesperadamente r\u00e1pida.<\/p>\n\n\n\n<p class=\"wp-block-paragraph\">\ud83d\udca1 Consejo: entre los amantes del remo, el \u00e9xito absoluto es la <strong>ruta desde B\u00f6nigen a lo largo de la orilla sur hasta las cascadas de Giessbach<\/strong>. Reserva el equipo mejor con antelaci\u00f3n a trav\u00e9s de la web de <a href=\"https:\/\/www.hightide.ch\" target=\"_blank\" rel=\"nofollow noopener\">Hightide<\/a>: en julio y agosto suele agotarse.<\/p>\n\n\n\n<figure data-wp-context=\"{&quot;imageId&quot;:&quot;6a94e5227765c&quot;}\" data-wp-interactive=\"core\/image\" data-wp-key=\"6a94e5227765c\" class=\"wp-block-image size-full wp-lightbox-container\"><img decoding=\"async\" width=\"1800\" height=\"1200\" data-wp-class--hide=\"state.isContentHidden\" data-wp-class--show=\"state.isContentVisible\" data-wp-init=\"callbacks.setButtonStyles\" data-wp-on--click=\"actions.showLightbox\" data-wp-on--load=\"callbacks.setButtonStyles\" data-wp-on--pointerdown=\"actions.preloadImage\" data-wp-on--pointerenter=\"actions.preloadImageWithDelay\" data-wp-on--pointerleave=\"actions.cancelPreload\" data-wp-on-window--resize=\"callbacks.setButtonStyles\" src=\"https:\/\/loudavymkrokem.cz\/wp-content\/uploads\/2026\/08\/articles-bonigen-10.jpg\" alt=\"Hist\u00f3rico barco de vapor de ruedas L\u00f6tschberg\" class=\"wp-image-404478\" title=\"\" srcset=\"https:\/\/loudavymkrokem.cz\/wp-content\/uploads\/2026\/08\/articles-bonigen-10.jpg 1800w, https:\/\/loudavymkrokem.cz\/wp-content\/uploads\/2026\/08\/articles-bonigen-10-300x200.jpg 300w, https:\/\/loudavymkrokem.cz\/wp-content\/uploads\/2026\/08\/articles-bonigen-10-700x467.jpg 700w, https:\/\/loudavymkrokem.cz\/wp-content\/uploads\/2026\/08\/articles-bonigen-10-768x512.jpg 768w, https:\/\/loudavymkrokem.cz\/wp-content\/uploads\/2026\/08\/articles-bonigen-10-1536x1024.jpg 1536w, https:\/\/loudavymkrokem.cz\/wp-content\/uploads\/2026\/08\/articles-bonigen-10-696x464.jpg 696w, https:\/\/loudavymkrokem.cz\/wp-content\/uploads\/2026\/08\/articles-bonigen-10-1392x928.jpg 1392w\" sizes=\"(max-width: 1800px) 100vw, 1800px\" \/><button\n\t\t\tclass=\"lightbox-trigger\"\n\t\t\ttype=\"button\"\n\t\t\taria-haspopup=\"dialog\"\n\t\t\tdata-wp-bind--aria-label=\"state.thisImage.triggerButtonAriaLabel\"\n\t\t\tdata-wp-init=\"callbacks.initTriggerButton\"\n\t\t\tdata-wp-on--click=\"actions.showLightbox\"\n\t\t\tdata-wp-style--right=\"state.thisImage.buttonRight\"\n\t\t\tdata-wp-style--top=\"state.thisImage.buttonTop\"\n\t\t>\n\t\t\t<svg xmlns=\"http:\/\/www.w3.org\/2000\/svg\" width=\"12\" height=\"12\" fill=\"none\" viewBox=\"0 0 12 12\">\n\t\t\t\t<path fill=\"#fff\" d=\"M2 0a2 2 0 0 0-2 2v2h1.5V2a.5.5 0 0 1 .5-.5h2V0H2Zm2 10.5H2a.5.5 0 0 1-.5-.5V8H0v2a2 2 0 0 0 2 2h2v-1.5ZM8 12v-1.5h2a.5.5 0 0 0 .5-.5V8H12v2a2 2 0 0 1-2 2H8Zm2-12a2 2 0 0 1 2 2v2h-1.5V2a.5.5 0 0 0-.5-.5H8V0h2Z\" \/>\n\t\t\t<\/svg>\n\t\t<\/button><figcaption class=\"wp-element-caption\">Foto: Martin Abegglen from Bern, Switzerland \/ Wikimedia Commons, CC BY-SA 2.0<\/figcaption><\/figure>\n\n\n\n<h3 class=\"wp-block-heading\"><span class=\"ez-toc-section\" id=\"6_Navegacion_en_el_historico_barco_de_vapor_Lotschberg\"><\/span>6. Navegaci\u00f3n en el hist\u00f3rico barco de vapor L\u00f6tschberg<span class=\"ez-toc-section-end\"><\/span><\/h3>\n\n\n\n<p class=\"wp-block-paragraph\">Si prefieres la comodidad al esfuerzo f\u00edsico, tienes que dar un paseo en barco. Por el lago opera la flota de la compa\u00f1\u00eda BLS, cuyo mayor orgullo es el <strong>barco de vapor de ruedas DS L\u00f6tschberg de 1914<\/strong>. La navegaci\u00f3n en este barco magn\u00edficamente restaurado te transporta de inmediato a la despreocupada Belle \u00c9poque.<\/p>\n\n\n\n<p class=\"wp-block-paragraph\">La flota surca el lago desde principios de abril hasta principios de diciembre de 2026. La ruta habitual va de Interlaken pasando por B\u00f6nigen, Iseltwald y Giessbach hasta la ciudad de Brienz. El <strong>billete b\u00e1sico sale por 39 CHF<\/strong>, pero si tienes el Bernese Oberland Pass o el Swiss Travel Pass, la navegaci\u00f3n es totalmente gratis. Los ni\u00f1os de 6 a 15 a\u00f1os viajan a mitad de precio.<\/p>\n\n\n\n<p class=\"wp-block-paragraph\">Adem\u00e1s de las conexiones diurnas habituales, en julio y agosto se organizan tambi\u00e9n <strong>navegaciones vespertinas especiales los s\u00e1bados<\/strong>. Contemplar la puesta de sol desde la cubierta de un hist\u00f3rico barco de vapor, mientras a tu alrededor pasan dram\u00e1ticos precipicios de monta\u00f1a: esa es la experiencia m\u00e1s rom\u00e1ntica que puedes permitirte aqu\u00ed.<\/p>\n\n\n\n<p class=\"wp-block-paragraph\">\ud83d\udca1 Consejo: los <strong>horarios y la compra de billetes<\/strong> los resuelves por adelantado en el portal de <a href=\"https:\/\/www.bls-schiff.ch\" target=\"_blank\" rel=\"nofollow noopener\">barcos BLS<\/a>. Recomiendo <strong>embarcar ya en Interlaken<\/strong>, para asegurarte los mejores sitios en la cubierta superior antes de que el barco llegue a B\u00f6nigen.<\/p>\n\n\n\n<figure data-wp-context=\"{&quot;imageId&quot;:&quot;6a94e52277eb1&quot;}\" data-wp-interactive=\"core\/image\" data-wp-key=\"6a94e52277eb1\" class=\"wp-block-image size-full wp-lightbox-container\"><img decoding=\"async\" width=\"1800\" height=\"1013\" data-wp-class--hide=\"state.isContentHidden\" data-wp-class--show=\"state.isContentVisible\" data-wp-init=\"callbacks.setButtonStyles\" data-wp-on--click=\"actions.showLightbox\" data-wp-on--load=\"callbacks.setButtonStyles\" data-wp-on--pointerdown=\"actions.preloadImage\" data-wp-on--pointerenter=\"actions.preloadImageWithDelay\" data-wp-on--pointerleave=\"actions.cancelPreload\" data-wp-on-window--resize=\"callbacks.setButtonStyles\" src=\"https:\/\/loudavymkrokem.cz\/wp-content\/uploads\/2026\/08\/articles-bonigen-11.jpg\" alt=\"Sendero se\u00f1alizado sobre el lago\" class=\"wp-image-404479\" title=\"\" srcset=\"https:\/\/loudavymkrokem.cz\/wp-content\/uploads\/2026\/08\/articles-bonigen-11.jpg 1800w, https:\/\/loudavymkrokem.cz\/wp-content\/uploads\/2026\/08\/articles-bonigen-11-300x169.jpg 300w, https:\/\/loudavymkrokem.cz\/wp-content\/uploads\/2026\/08\/articles-bonigen-11-700x394.jpg 700w, https:\/\/loudavymkrokem.cz\/wp-content\/uploads\/2026\/08\/articles-bonigen-11-768x432.jpg 768w, https:\/\/loudavymkrokem.cz\/wp-content\/uploads\/2026\/08\/articles-bonigen-11-1536x864.jpg 1536w, https:\/\/loudavymkrokem.cz\/wp-content\/uploads\/2026\/08\/articles-bonigen-11-696x392.jpg 696w, https:\/\/loudavymkrokem.cz\/wp-content\/uploads\/2026\/08\/articles-bonigen-11-1392x783.jpg 1392w\" sizes=\"(max-width: 1800px) 100vw, 1800px\" \/><button\n\t\t\tclass=\"lightbox-trigger\"\n\t\t\ttype=\"button\"\n\t\t\taria-haspopup=\"dialog\"\n\t\t\tdata-wp-bind--aria-label=\"state.thisImage.triggerButtonAriaLabel\"\n\t\t\tdata-wp-init=\"callbacks.initTriggerButton\"\n\t\t\tdata-wp-on--click=\"actions.showLightbox\"\n\t\t\tdata-wp-style--right=\"state.thisImage.buttonRight\"\n\t\t\tdata-wp-style--top=\"state.thisImage.buttonTop\"\n\t\t>\n\t\t\t<svg xmlns=\"http:\/\/www.w3.org\/2000\/svg\" width=\"12\" height=\"12\" fill=\"none\" viewBox=\"0 0 12 12\">\n\t\t\t\t<path fill=\"#fff\" d=\"M2 0a2 2 0 0 0-2 2v2h1.5V2a.5.5 0 0 1 .5-.5h2V0H2Zm2 10.5H2a.5.5 0 0 1-.5-.5V8H0v2a2 2 0 0 0 2 2h2v-1.5ZM8 12v-1.5h2a.5.5 0 0 0 .5-.5V8H12v2a2 2 0 0 1-2 2H8Zm2-12a2 2 0 0 1 2 2v2h-1.5V2a.5.5 0 0 0-.5-.5H8V0h2Z\" \/>\n\t\t\t<\/svg>\n\t\t<\/button><figcaption class=\"wp-element-caption\">Foto: Tina P. \/ Pexels<\/figcaption><\/figure>\n\n\n\n<h2 class=\"wp-block-heading\"><span class=\"ez-toc-section\" id=\"Senderismo_desde_Bonigen_6_rutas_que_merecen_la_pena\"><\/span>Senderismo desde B\u00f6nigen: 6 rutas que merecen la pena<span class=\"ez-toc-section-end\"><\/span><\/h2>\n\n\n\n<p class=\"wp-block-paragraph\">Si eres de los que prefieren caminar su excursi\u00f3n desde el hotel sin necesidad de desplazarse a ning\u00fan sitio, B\u00f6nigen es tu lugar. Decenas de kil\u00f3metros de <strong>senderos perfectamente se\u00f1alizados<\/strong> empiezan nada m\u00e1s salir por la puerta. La regi\u00f3n ofrece de todo, desde paseos suaves por la orilla hasta <strong>ascensos de todo el d\u00eda con un desnivel brutal<\/strong>.<\/p>\n\n\n\n<p class=\"wp-block-paragraph\">La se\u00f1alizaci\u00f3n de senderos suiza es precisa, pero no olvides que est\u00e1s en los Alpes. Lleva siempre contigo <strong>suficiente agua<\/strong>, un buen mapa en el m\u00f3vil (por ejemplo la app Komoot o Wikiloc) y <strong>calzado firme<\/strong>. El tiempo aqu\u00ed puede mostrar su cara m\u00e1s dura de forma muy inesperada.<\/p>\n\n\n\n<figure data-wp-context=\"{&quot;imageId&quot;:&quot;6a94e522784f9&quot;}\" data-wp-interactive=\"core\/image\" data-wp-key=\"6a94e522784f9\" class=\"wp-block-image size-full wp-lightbox-container\"><img decoding=\"async\" width=\"1800\" height=\"1200\" data-wp-class--hide=\"state.isContentHidden\" data-wp-class--show=\"state.isContentVisible\" data-wp-init=\"callbacks.setButtonStyles\" data-wp-on--click=\"actions.showLightbox\" data-wp-on--load=\"callbacks.setButtonStyles\" data-wp-on--pointerdown=\"actions.preloadImage\" data-wp-on--pointerenter=\"actions.preloadImageWithDelay\" data-wp-on--pointerleave=\"actions.cancelPreload\" data-wp-on-window--resize=\"callbacks.setButtonStyles\" src=\"https:\/\/loudavymkrokem.cz\/wp-content\/uploads\/2026\/08\/articles-bonigen-12.jpg\" alt=\"Cascada cayendo hacia el lago de Brienz\" class=\"wp-image-404480\" title=\"\" srcset=\"https:\/\/loudavymkrokem.cz\/wp-content\/uploads\/2026\/08\/articles-bonigen-12.jpg 1800w, https:\/\/loudavymkrokem.cz\/wp-content\/uploads\/2026\/08\/articles-bonigen-12-300x200.jpg 300w, https:\/\/loudavymkrokem.cz\/wp-content\/uploads\/2026\/08\/articles-bonigen-12-700x467.jpg 700w, https:\/\/loudavymkrokem.cz\/wp-content\/uploads\/2026\/08\/articles-bonigen-12-768x512.jpg 768w, https:\/\/loudavymkrokem.cz\/wp-content\/uploads\/2026\/08\/articles-bonigen-12-1536x1024.jpg 1536w, https:\/\/loudavymkrokem.cz\/wp-content\/uploads\/2026\/08\/articles-bonigen-12-696x464.jpg 696w, https:\/\/loudavymkrokem.cz\/wp-content\/uploads\/2026\/08\/articles-bonigen-12-1392x928.jpg 1392w\" sizes=\"(max-width: 1800px) 100vw, 1800px\" \/><button\n\t\t\tclass=\"lightbox-trigger\"\n\t\t\ttype=\"button\"\n\t\t\taria-haspopup=\"dialog\"\n\t\t\tdata-wp-bind--aria-label=\"state.thisImage.triggerButtonAriaLabel\"\n\t\t\tdata-wp-init=\"callbacks.initTriggerButton\"\n\t\t\tdata-wp-on--click=\"actions.showLightbox\"\n\t\t\tdata-wp-style--right=\"state.thisImage.buttonRight\"\n\t\t\tdata-wp-style--top=\"state.thisImage.buttonTop\"\n\t\t>\n\t\t\t<svg xmlns=\"http:\/\/www.w3.org\/2000\/svg\" width=\"12\" height=\"12\" fill=\"none\" viewBox=\"0 0 12 12\">\n\t\t\t\t<path fill=\"#fff\" d=\"M2 0a2 2 0 0 0-2 2v2h1.5V2a.5.5 0 0 1 .5-.5h2V0H2Zm2 10.5H2a.5.5 0 0 1-.5-.5V8H0v2a2 2 0 0 0 2 2h2v-1.5ZM8 12v-1.5h2a.5.5 0 0 0 .5-.5V8H12v2a2 2 0 0 1-2 2H8Zm2-12a2 2 0 0 1 2 2v2h-1.5V2a.5.5 0 0 0-.5-.5H8V0h2Z\" \/>\n\t\t\t<\/svg>\n\t\t<\/button><figcaption class=\"wp-element-caption\">Foto: Tommes Frites \/ Pexels<\/figcaption><\/figure>\n\n\n\n<h3 class=\"wp-block-heading\"><span class=\"ez-toc-section\" id=\"7_La_Ruta_de_las_Tres_Cascadas_por_etapas\"><\/span>7. La Ruta de las Tres Cascadas por etapas<span class=\"ez-toc-section-end\"><\/span><\/h3>\n\n\n\n<p class=\"wp-block-paragraph\">Esta es sin duda la <strong>ruta m\u00e1s famosa de toda la zona<\/strong>, que discurre justo por la orilla del lago de Brienz desde B\u00f6nigen pasando por Iseltwald hasta Brienz. Por el camino te esperan <strong>tres cascadas impresionantes<\/strong>: Erschwandenbachfall, M\u00fclibachfall y, por \u00faltimo, las m\u00e1s conocidas Giessbachf\u00e4lle.<\/p>\n\n\n\n<p class=\"wp-block-paragraph\">Los par\u00e1metros de toda la ruta imponen respeto. Mide <strong>18,2 kil\u00f3metros con un desnivel de 466 metros<\/strong> y te llevar\u00e1 unas 5 horas y 15 minutos de tiempo neto de caminata. El sendero sube y baja a lo largo de la orilla entre los 565 y los 775 metros y ofrece fant\u00e1sticas vistas de la superficie turquesa a trav\u00e9s de densos bosques.<\/p>\n\n\n\n<p class=\"wp-block-paragraph\">Lo genial de este camino es que se <strong>puede dividir f\u00e1cilmente en etapas m\u00e1s peque\u00f1as<\/strong>: de B\u00f6nigen a Iseltwald 1 hora 50 minutos, hasta la cascada M\u00fclibach otros 35 minutos, de ah\u00ed a Giessbach algo menos de 2 horas y a Brienz la \u00faltima hora y 20 minutos. El mejor truco es salir a pie, llegar a la primera o segunda cascada y luego subirte al barco o al autob\u00fas de vuelta.<\/p>\n\n\n\n<p class=\"wp-block-paragraph\">\ud83d\udca1 Consejo: si buscas la excursi\u00f3n ideal de medio d\u00eda, prueba la <strong>primera etapa desde el embarcadero de B\u00f6nigen hasta la cascada Erschwandenbach y m\u00e1s all\u00e1 hasta Iseltwald<\/strong>. Pero cuidado pasado Iseltwald: <strong>falta la se\u00f1alizaci\u00f3n hacia \u00abIsch\u00bb<\/strong> y es f\u00e1cil pasarse las dos \u00faltimas cascadas.<\/p>\n\n\n\n<figure data-wp-context=\"{&quot;imageId&quot;:&quot;6a94e52278ba9&quot;}\" data-wp-interactive=\"core\/image\" data-wp-key=\"6a94e52278ba9\" class=\"wp-block-image size-full wp-lightbox-container\"><img decoding=\"async\" width=\"1800\" height=\"1350\" data-wp-class--hide=\"state.isContentHidden\" data-wp-class--show=\"state.isContentVisible\" data-wp-init=\"callbacks.setButtonStyles\" data-wp-on--click=\"actions.showLightbox\" data-wp-on--load=\"callbacks.setButtonStyles\" data-wp-on--pointerdown=\"actions.preloadImage\" data-wp-on--pointerenter=\"actions.preloadImageWithDelay\" data-wp-on--pointerleave=\"actions.cancelPreload\" data-wp-on-window--resize=\"callbacks.setButtonStyles\" src=\"https:\/\/loudavymkrokem.cz\/wp-content\/uploads\/2026\/08\/articles-bonigen-13.jpg\" alt=\"Vista de B\u00f6nigen y el lago desde las colinas circundantes\" class=\"wp-image-404482\" title=\"\" srcset=\"https:\/\/loudavymkrokem.cz\/wp-content\/uploads\/2026\/08\/articles-bonigen-13.jpg 1800w, https:\/\/loudavymkrokem.cz\/wp-content\/uploads\/2026\/08\/articles-bonigen-13-300x225.jpg 300w, https:\/\/loudavymkrokem.cz\/wp-content\/uploads\/2026\/08\/articles-bonigen-13-700x525.jpg 700w, https:\/\/loudavymkrokem.cz\/wp-content\/uploads\/2026\/08\/articles-bonigen-13-768x576.jpg 768w, https:\/\/loudavymkrokem.cz\/wp-content\/uploads\/2026\/08\/articles-bonigen-13-1536x1152.jpg 1536w, https:\/\/loudavymkrokem.cz\/wp-content\/uploads\/2026\/08\/articles-bonigen-13-80x60.jpg 80w, https:\/\/loudavymkrokem.cz\/wp-content\/uploads\/2026\/08\/articles-bonigen-13-160x120.jpg 160w, https:\/\/loudavymkrokem.cz\/wp-content\/uploads\/2026\/08\/articles-bonigen-13-696x522.jpg 696w, https:\/\/loudavymkrokem.cz\/wp-content\/uploads\/2026\/08\/articles-bonigen-13-1392x1044.jpg 1392w\" sizes=\"(max-width: 1800px) 100vw, 1800px\" \/><button\n\t\t\tclass=\"lightbox-trigger\"\n\t\t\ttype=\"button\"\n\t\t\taria-haspopup=\"dialog\"\n\t\t\tdata-wp-bind--aria-label=\"state.thisImage.triggerButtonAriaLabel\"\n\t\t\tdata-wp-init=\"callbacks.initTriggerButton\"\n\t\t\tdata-wp-on--click=\"actions.showLightbox\"\n\t\t\tdata-wp-style--right=\"state.thisImage.buttonRight\"\n\t\t\tdata-wp-style--top=\"state.thisImage.buttonTop\"\n\t\t>\n\t\t\t<svg xmlns=\"http:\/\/www.w3.org\/2000\/svg\" width=\"12\" height=\"12\" fill=\"none\" viewBox=\"0 0 12 12\">\n\t\t\t\t<path fill=\"#fff\" d=\"M2 0a2 2 0 0 0-2 2v2h1.5V2a.5.5 0 0 1 .5-.5h2V0H2Zm2 10.5H2a.5.5 0 0 1-.5-.5V8H0v2a2 2 0 0 0 2 2h2v-1.5ZM8 12v-1.5h2a.5.5 0 0 0 .5-.5V8H12v2a2 2 0 0 1-2 2H8Zm2-12a2 2 0 0 1 2 2v2h-1.5V2a.5.5 0 0 0-.5-.5H8V0h2Z\" \/>\n\t\t\t<\/svg>\n\t\t<\/button><figcaption class=\"wp-element-caption\">Foto: Diacius \/ Wikimedia Commons, CC BY 4.0<\/figcaption><\/figure>\n\n\n\n<h3 class=\"wp-block-heading\"><span class=\"ez-toc-section\" id=\"8_Circuito_del_Sytiberg_55_km_incluso_con_cochecito_todoterreno\"><\/span>8. Circuito del Sytiberg: 5,5 km incluso con cochecito todoterreno<span class=\"ez-toc-section-end\"><\/span><\/h3>\n\n\n\n<p class=\"wp-block-paragraph\">Cuando quieras escapar del agua hacia las colinas y no te apetezca viajar lejos, prueba este <strong>circuito local (Rundwanderung Sytiberg)<\/strong>. Comienza <strong>justo en la oficina de turismo<\/strong> y te lleva por la parte alta del pueblo, donde de paso admiras m\u00e1s casas hist\u00f3ricas.<\/p>\n\n\n\n<p class=\"wp-block-paragraph\">Seg\u00fan los datos oficiales de la regi\u00f3n, el circuito mide <strong>5,5 kil\u00f3metros, dura hora y media y acumula 146 metros de desnivel<\/strong>. El punto m\u00e1s alto est\u00e1 a 712 metros, as\u00ed que no se trata de ning\u00fan terreno de alta monta\u00f1a. El camino te lleva por bosque denso y por fotog\u00e9nicas praderas de monta\u00f1a.<\/p>\n\n\n\n<p class=\"wp-block-paragraph\">Por el camino pasas por la <strong>zona de barbacoa Oberallmi con vistas<\/strong> y cruzas el puente de madera cubierto Aenderbergbr\u00fcgg, uno de los lugares m\u00e1s fotog\u00e9nicos de los alrededores. La vuelta la haces siguiendo el r\u00edo L\u00fctschine. Es una <strong>ruta perfecta para una ma\u00f1ana<\/strong>, cuando no quieres pasar todo el d\u00eda de pie.<\/p>\n\n\n\n<p class=\"wp-block-paragraph\">\ud83d\udca1 Consejo: esta es la <strong>\u00fanica ruta de B\u00f6nigen oficialmente marcada como transitable con cochecito todoterreno<\/strong>, as\u00ed que es la opci\u00f3n clara si llevas contigo a los m\u00e1s peque\u00f1os. El suelo en el bosque suele resbalar tras la lluvia, ponte mejor unas botas con suela firme.<\/p>\n\n\n\n<figure data-wp-context=\"{&quot;imageId&quot;:&quot;6a94e52279380&quot;}\" data-wp-interactive=\"core\/image\" data-wp-key=\"6a94e52279380\" class=\"wp-block-image size-full wp-lightbox-container\"><img decoding=\"async\" width=\"1800\" height=\"1013\" data-wp-class--hide=\"state.isContentHidden\" data-wp-class--show=\"state.isContentVisible\" data-wp-init=\"callbacks.setButtonStyles\" data-wp-on--click=\"actions.showLightbox\" data-wp-on--load=\"callbacks.setButtonStyles\" data-wp-on--pointerdown=\"actions.preloadImage\" data-wp-on--pointerenter=\"actions.preloadImageWithDelay\" data-wp-on--pointerleave=\"actions.cancelPreload\" data-wp-on-window--resize=\"callbacks.setButtonStyles\" src=\"https:\/\/loudavymkrokem.cz\/wp-content\/uploads\/2026\/08\/articles-bonigen-14.jpg\" alt=\"Vista panor\u00e1mica desde la cima sobre el lago\" class=\"wp-image-404484\" title=\"\" srcset=\"https:\/\/loudavymkrokem.cz\/wp-content\/uploads\/2026\/08\/articles-bonigen-14.jpg 1800w, https:\/\/loudavymkrokem.cz\/wp-content\/uploads\/2026\/08\/articles-bonigen-14-300x169.jpg 300w, https:\/\/loudavymkrokem.cz\/wp-content\/uploads\/2026\/08\/articles-bonigen-14-700x394.jpg 700w, https:\/\/loudavymkrokem.cz\/wp-content\/uploads\/2026\/08\/articles-bonigen-14-768x432.jpg 768w, https:\/\/loudavymkrokem.cz\/wp-content\/uploads\/2026\/08\/articles-bonigen-14-1536x864.jpg 1536w, https:\/\/loudavymkrokem.cz\/wp-content\/uploads\/2026\/08\/articles-bonigen-14-696x392.jpg 696w, https:\/\/loudavymkrokem.cz\/wp-content\/uploads\/2026\/08\/articles-bonigen-14-1392x783.jpg 1392w\" sizes=\"(max-width: 1800px) 100vw, 1800px\" \/><button\n\t\t\tclass=\"lightbox-trigger\"\n\t\t\ttype=\"button\"\n\t\t\taria-haspopup=\"dialog\"\n\t\t\tdata-wp-bind--aria-label=\"state.thisImage.triggerButtonAriaLabel\"\n\t\t\tdata-wp-init=\"callbacks.initTriggerButton\"\n\t\t\tdata-wp-on--click=\"actions.showLightbox\"\n\t\t\tdata-wp-style--right=\"state.thisImage.buttonRight\"\n\t\t\tdata-wp-style--top=\"state.thisImage.buttonTop\"\n\t\t>\n\t\t\t<svg xmlns=\"http:\/\/www.w3.org\/2000\/svg\" width=\"12\" height=\"12\" fill=\"none\" viewBox=\"0 0 12 12\">\n\t\t\t\t<path fill=\"#fff\" d=\"M2 0a2 2 0 0 0-2 2v2h1.5V2a.5.5 0 0 1 .5-.5h2V0H2Zm2 10.5H2a.5.5 0 0 1-.5-.5V8H0v2a2 2 0 0 0 2 2h2v-1.5ZM8 12v-1.5h2a.5.5 0 0 0 .5-.5V8H12v2a2 2 0 0 1-2 2H8Zm2-12a2 2 0 0 1 2 2v2h-1.5V2a.5.5 0 0 0-.5-.5H8V0h2Z\" \/>\n\t\t\t<\/svg>\n\t\t<\/button><figcaption class=\"wp-element-caption\">Foto: Sam Teano \/ Pexels<\/figcaption><\/figure>\n\n\n\n<h3 class=\"wp-block-heading\"><span class=\"ez-toc-section\" id=\"9_Circuito_Haslerenegg_854_m_con_libro_de_cumbre\"><\/span>9. Circuito Haslerenegg (854 m) con libro de cumbre<span class=\"ez-toc-section-end\"><\/span><\/h3>\n\n\n\n<p class=\"wp-block-paragraph\">Otro circuito estupendo comienza de nuevo en la oficina de turismo y pasa por las aldeas de Ried y Stockeren hasta el misterioso bosque de Bannwald. El objetivo es la <strong>cresta boscosa de Haslerenegg a 854 metros de altura<\/strong>. La ruta mide <strong>6 kil\u00f3metros, acumulas 287 metros de desnivel y te llevar\u00e1 dos horas<\/strong>.<\/p>\n\n\n\n<p class=\"wp-block-paragraph\">La colina esconde tambi\u00e9n un trozo de historia dura. En los <strong>a\u00f1os 30 del siglo XIV<\/strong> se enfrentaron aqu\u00ed los monta\u00f1eses de Hasli con el ej\u00e9rcito de los se\u00f1ores de Weissenburg-Unspunnen y perdieron el combate. A las tumbas de los ca\u00eddos apunta hasta hoy el top\u00f3nimo \u00abin den Grebinen\u00bb, y en 1924 se encontr\u00f3 aqu\u00ed una lanza de hierro. Hoy reina aqu\u00ed la calma y en la cresta encontrar\u00e1s un <strong>libro de cumbre<\/strong> en el que puedes firmar.<\/p>\n\n\n\n<p class=\"wp-block-paragraph\">El camino de vuelta te lleva por el Sytiberg y junto a la zona de barbacoa Oberallmi de nuevo hasta el lago. La ruta combina <strong>senderos de bosque sombreados<\/strong> con tramos soleados y es uno de esos caminos donde, <strong>en lugar de multitudes de turistas<\/strong>, solo te cruzas con los locales que pasean al perro un domingo.<\/p>\n\n\n\n<p class=\"wp-block-paragraph\">\ud83d\udca1 Consejo: lleva contigo tu propio boli, para dejar un mensaje en el libro de cumbre. Y t\u00f3mate en serio el <strong>aviso oficial de no venir aqu\u00ed con lluvia ni con el terreno helado<\/strong>: el ascenso a la cresta es empinado y una cuarta parte de la ruta discurre por un sendero estrecho.<\/p>\n\n\n\n<figure data-wp-context=\"{&quot;imageId&quot;:&quot;6a94e52279ddb&quot;}\" data-wp-interactive=\"core\/image\" data-wp-key=\"6a94e52279ddb\" class=\"wp-block-image size-full wp-lightbox-container\"><img decoding=\"async\" width=\"1800\" height=\"1200\" data-wp-class--hide=\"state.isContentHidden\" data-wp-class--show=\"state.isContentVisible\" data-wp-init=\"callbacks.setButtonStyles\" data-wp-on--click=\"actions.showLightbox\" data-wp-on--load=\"callbacks.setButtonStyles\" data-wp-on--pointerdown=\"actions.preloadImage\" data-wp-on--pointerenter=\"actions.preloadImageWithDelay\" data-wp-on--pointerleave=\"actions.cancelPreload\" data-wp-on-window--resize=\"callbacks.setButtonStyles\" src=\"https:\/\/loudavymkrokem.cz\/wp-content\/uploads\/2026\/08\/articles-bonigen-15.jpg\" alt=\"Cascada escondida en el bosque sobre B\u00f6nigen\" class=\"wp-image-404489\" title=\"\" srcset=\"https:\/\/loudavymkrokem.cz\/wp-content\/uploads\/2026\/08\/articles-bonigen-15.jpg 1800w, https:\/\/loudavymkrokem.cz\/wp-content\/uploads\/2026\/08\/articles-bonigen-15-300x200.jpg 300w, https:\/\/loudavymkrokem.cz\/wp-content\/uploads\/2026\/08\/articles-bonigen-15-700x467.jpg 700w, https:\/\/loudavymkrokem.cz\/wp-content\/uploads\/2026\/08\/articles-bonigen-15-768x512.jpg 768w, https:\/\/loudavymkrokem.cz\/wp-content\/uploads\/2026\/08\/articles-bonigen-15-1536x1024.jpg 1536w, https:\/\/loudavymkrokem.cz\/wp-content\/uploads\/2026\/08\/articles-bonigen-15-696x464.jpg 696w, https:\/\/loudavymkrokem.cz\/wp-content\/uploads\/2026\/08\/articles-bonigen-15-1392x928.jpg 1392w\" sizes=\"(max-width: 1800px) 100vw, 1800px\" \/><button\n\t\t\tclass=\"lightbox-trigger\"\n\t\t\ttype=\"button\"\n\t\t\taria-haspopup=\"dialog\"\n\t\t\tdata-wp-bind--aria-label=\"state.thisImage.triggerButtonAriaLabel\"\n\t\t\tdata-wp-init=\"callbacks.initTriggerButton\"\n\t\t\tdata-wp-on--click=\"actions.showLightbox\"\n\t\t\tdata-wp-style--right=\"state.thisImage.buttonRight\"\n\t\t\tdata-wp-style--top=\"state.thisImage.buttonTop\"\n\t\t>\n\t\t\t<svg xmlns=\"http:\/\/www.w3.org\/2000\/svg\" width=\"12\" height=\"12\" fill=\"none\" viewBox=\"0 0 12 12\">\n\t\t\t\t<path fill=\"#fff\" d=\"M2 0a2 2 0 0 0-2 2v2h1.5V2a.5.5 0 0 1 .5-.5h2V0H2Zm2 10.5H2a.5.5 0 0 1-.5-.5V8H0v2a2 2 0 0 0 2 2h2v-1.5ZM8 12v-1.5h2a.5.5 0 0 0 .5-.5V8H12v2a2 2 0 0 1-2 2H8Zm2-12a2 2 0 0 1 2 2v2h-1.5V2a.5.5 0 0 0-.5-.5H8V0h2Z\" \/>\n\t\t\t<\/svg>\n\t\t<\/button><figcaption class=\"wp-element-caption\">Foto: Fez Brook \/ Pexels<\/figcaption><\/figure>\n\n\n\n<h3 class=\"wp-block-heading\"><span class=\"ez-toc-section\" id=\"10_Circuito_a_la_cascada_Erschwandenbach\"><\/span>10. Circuito a la cascada Erschwandenbach<span class=\"ez-toc-section-end\"><\/span><\/h3>\n\n\n\n<p class=\"wp-block-paragraph\">Si no quieres hacer toda la Ruta de las Tres Cascadas, puedes montarte un bonito circuito cerrado solo hasta la primera de ellas. El oficial <strong>Rundwanderung Erschwandenfall mide 8,7 kil\u00f3metros y te llevar\u00e1 unas 2 horas y 35 minutos<\/strong> de caminata normal.<\/p>\n\n\n\n<p class=\"wp-block-paragraph\">Por el camino acumulas solo <strong>211 metros de desnivel y oficialmente la ruta est\u00e1 marcada como f\u00e1cil<\/strong>, as\u00ed que no tienes por qu\u00e9 temerla ni con ni\u00f1os m\u00e1s mayores. La cascada Erschwandenbach est\u00e1 preciosamente escondida en un bosque profundo y el agua cae aqu\u00ed por salientes rocosos. En un d\u00eda caluroso de verano, el entorno de la cascada funciona como un aire acondicionado natural perfecto.<\/p>\n\n\n\n<p class=\"wp-block-paragraph\">Lo bueno de este circuito es que te lleva por <strong>distintos tipos de paisaje<\/strong>. Un rato caminas por la orilla, luego empiezas a subir por las colinas y al final vuelves por caminos de bosque con <strong>vistas al lago glaciar<\/strong> all\u00e1 abajo. Por el camino pasas junto a una granja con una peque\u00f1a tienda; por lo dem\u00e1s, no comprar\u00e1s nada en la ruta.<\/p>\n\n\n\n<p class=\"wp-block-paragraph\">\ud83d\udca1 Consejo: hasta la propia cascada se sube por un <strong>estrecho sendero de bosque<\/strong>, as\u00ed que <strong>vienen bien los bastones de trekking<\/strong>, que te aliviar\u00e1n las rodillas al descender de vuelta al pueblo.<\/p>\n\n\n\n<figure data-wp-context=\"{&quot;imageId&quot;:&quot;6a94e5227a5f6&quot;}\" data-wp-interactive=\"core\/image\" data-wp-key=\"6a94e5227a5f6\" class=\"wp-block-image size-full wp-lightbox-container\"><img decoding=\"async\" width=\"1800\" height=\"1199\" data-wp-class--hide=\"state.isContentHidden\" data-wp-class--show=\"state.isContentVisible\" data-wp-init=\"callbacks.setButtonStyles\" data-wp-on--click=\"actions.showLightbox\" data-wp-on--load=\"callbacks.setButtonStyles\" data-wp-on--pointerdown=\"actions.preloadImage\" data-wp-on--pointerenter=\"actions.preloadImageWithDelay\" data-wp-on--pointerleave=\"actions.cancelPreload\" data-wp-on-window--resize=\"callbacks.setButtonStyles\" src=\"https:\/\/loudavymkrokem.cz\/wp-content\/uploads\/2026\/08\/articles-bonigen-16.jpg\" alt=\"Sendero costero junto a Iseltwald\" class=\"wp-image-404490\" title=\"\" srcset=\"https:\/\/loudavymkrokem.cz\/wp-content\/uploads\/2026\/08\/articles-bonigen-16.jpg 1800w, https:\/\/loudavymkrokem.cz\/wp-content\/uploads\/2026\/08\/articles-bonigen-16-300x200.jpg 300w, https:\/\/loudavymkrokem.cz\/wp-content\/uploads\/2026\/08\/articles-bonigen-16-700x466.jpg 700w, https:\/\/loudavymkrokem.cz\/wp-content\/uploads\/2026\/08\/articles-bonigen-16-768x512.jpg 768w, https:\/\/loudavymkrokem.cz\/wp-content\/uploads\/2026\/08\/articles-bonigen-16-1536x1023.jpg 1536w, https:\/\/loudavymkrokem.cz\/wp-content\/uploads\/2026\/08\/articles-bonigen-16-696x464.jpg 696w, https:\/\/loudavymkrokem.cz\/wp-content\/uploads\/2026\/08\/articles-bonigen-16-1392x927.jpg 1392w\" sizes=\"(max-width: 1800px) 100vw, 1800px\" \/><button\n\t\t\tclass=\"lightbox-trigger\"\n\t\t\ttype=\"button\"\n\t\t\taria-haspopup=\"dialog\"\n\t\t\tdata-wp-bind--aria-label=\"state.thisImage.triggerButtonAriaLabel\"\n\t\t\tdata-wp-init=\"callbacks.initTriggerButton\"\n\t\t\tdata-wp-on--click=\"actions.showLightbox\"\n\t\t\tdata-wp-style--right=\"state.thisImage.buttonRight\"\n\t\t\tdata-wp-style--top=\"state.thisImage.buttonTop\"\n\t\t>\n\t\t\t<svg xmlns=\"http:\/\/www.w3.org\/2000\/svg\" width=\"12\" height=\"12\" fill=\"none\" viewBox=\"0 0 12 12\">\n\t\t\t\t<path fill=\"#fff\" d=\"M2 0a2 2 0 0 0-2 2v2h1.5V2a.5.5 0 0 1 .5-.5h2V0H2Zm2 10.5H2a.5.5 0 0 1-.5-.5V8H0v2a2 2 0 0 0 2 2h2v-1.5ZM8 12v-1.5h2a.5.5 0 0 0 .5-.5V8H12v2a2 2 0 0 1-2 2H8Zm2-12a2 2 0 0 1 2 2v2h-1.5V2a.5.5 0 0 0-.5-.5H8V0h2Z\" \/>\n\t\t\t<\/svg>\n\t\t<\/button><figcaption class=\"wp-element-caption\">Foto: Jean-Paul Wettstein \/ Pexels<\/figcaption><\/figure>\n\n\n\n<h3 class=\"wp-block-heading\"><span class=\"ez-toc-section\" id=\"11_Sendero_costero_Uferweg_de_Iseltwald_a_Giessbach\"><\/span>11. Sendero costero Uferweg de Iseltwald a Giessbach<span class=\"ez-toc-section-end\"><\/span><\/h3>\n\n\n\n<p class=\"wp-block-paragraph\">Esta ruta no empieza directamente en B\u00f6nigen, pero es uno de los paseos m\u00e1s bonitos de toda Suiza, que ser\u00eda un pecado omitir. Por la ma\u00f1ana simplemente te subes al <strong>autob\u00fas 103 (que con la Guest Card es gratis)<\/strong> o al barco y te dejas llevar hasta el vecino Iseltwald, donde arranca el sendero.<\/p>\n\n\n\n<p class=\"wp-block-paragraph\">Desde all\u00ed discurre el llamado <strong>Uferweg justo a lo largo de la costa rocosa hasta las cascadas de Giessbach<\/strong>. Pero <strong>no esperes un paseo llano<\/strong>: ya en el primer kil\u00f3metro acumulas metro y medio de centenar de desnivel, el camino se estrecha por momentos y algunos tramos est\u00e1n tallados en la roca. La recompensa son calas rom\u00e1nticas donde en verano puedes refrescarte los pies.<\/p>\n\n\n\n<p class=\"wp-block-paragraph\">La ruta mide <strong>unos 5,3 kil\u00f3metros y te llevar\u00e1 hora y media<\/strong>, pero las curvas junto a las cascadas son bien empinadas y sin bastones se baja por ellas de forma inc\u00f3moda. Por el camino no comprar\u00e1s nada de comer, lleva contigo un tentempi\u00e9. Luego puedes premiarte con un caf\u00e9 en la terraza del hist\u00f3rico hotel y volver a B\u00f6nigen en el barco de vapor de la tarde.<\/p>\n\n\n\n<p class=\"wp-block-paragraph\">\ud83d\udca1 Consejo: <strong>el sendero suele estar cerrado en invierno por desprendimientos de rocas<\/strong> y se abre normalmente a finales de marzo; en la temporada 2026 es transitable, pero antes de la excursi\u00f3n verifica mejor el estado actual en la web de los municipios de Iseltwald o Brienz. Y sal <strong>lo antes posible por la ma\u00f1ana<\/strong>, por la tarde suele estar lleno.<\/p>\n\n\n\n<figure data-wp-context=\"{&quot;imageId&quot;:&quot;6a94e5227ae38&quot;}\" data-wp-interactive=\"core\/image\" data-wp-key=\"6a94e5227ae38\" class=\"wp-block-image size-full wp-lightbox-container\"><img decoding=\"async\" width=\"1800\" height=\"1200\" data-wp-class--hide=\"state.isContentHidden\" data-wp-class--show=\"state.isContentVisible\" data-wp-init=\"callbacks.setButtonStyles\" data-wp-on--click=\"actions.showLightbox\" data-wp-on--load=\"callbacks.setButtonStyles\" data-wp-on--pointerdown=\"actions.preloadImage\" data-wp-on--pointerenter=\"actions.preloadImageWithDelay\" data-wp-on--pointerleave=\"actions.cancelPreload\" data-wp-on-window--resize=\"callbacks.setButtonStyles\" src=\"https:\/\/loudavymkrokem.cz\/wp-content\/uploads\/2026\/08\/articles-bonigen-17.jpg\" alt=\"Sendero de bosque que sube al Harder Kulm\" class=\"wp-image-404495\" title=\"\" srcset=\"https:\/\/loudavymkrokem.cz\/wp-content\/uploads\/2026\/08\/articles-bonigen-17.jpg 1800w, https:\/\/loudavymkrokem.cz\/wp-content\/uploads\/2026\/08\/articles-bonigen-17-300x200.jpg 300w, https:\/\/loudavymkrokem.cz\/wp-content\/uploads\/2026\/08\/articles-bonigen-17-700x467.jpg 700w, https:\/\/loudavymkrokem.cz\/wp-content\/uploads\/2026\/08\/articles-bonigen-17-768x512.jpg 768w, https:\/\/loudavymkrokem.cz\/wp-content\/uploads\/2026\/08\/articles-bonigen-17-1536x1024.jpg 1536w, https:\/\/loudavymkrokem.cz\/wp-content\/uploads\/2026\/08\/articles-bonigen-17-696x464.jpg 696w, https:\/\/loudavymkrokem.cz\/wp-content\/uploads\/2026\/08\/articles-bonigen-17-1392x928.jpg 1392w\" sizes=\"(max-width: 1800px) 100vw, 1800px\" \/><button\n\t\t\tclass=\"lightbox-trigger\"\n\t\t\ttype=\"button\"\n\t\t\taria-haspopup=\"dialog\"\n\t\t\tdata-wp-bind--aria-label=\"state.thisImage.triggerButtonAriaLabel\"\n\t\t\tdata-wp-init=\"callbacks.initTriggerButton\"\n\t\t\tdata-wp-on--click=\"actions.showLightbox\"\n\t\t\tdata-wp-style--right=\"state.thisImage.buttonRight\"\n\t\t\tdata-wp-style--top=\"state.thisImage.buttonTop\"\n\t\t>\n\t\t\t<svg xmlns=\"http:\/\/www.w3.org\/2000\/svg\" width=\"12\" height=\"12\" fill=\"none\" viewBox=\"0 0 12 12\">\n\t\t\t\t<path fill=\"#fff\" d=\"M2 0a2 2 0 0 0-2 2v2h1.5V2a.5.5 0 0 1 .5-.5h2V0H2Zm2 10.5H2a.5.5 0 0 1-.5-.5V8H0v2a2 2 0 0 0 2 2h2v-1.5ZM8 12v-1.5h2a.5.5 0 0 0 .5-.5V8H12v2a2 2 0 0 1-2 2H8Zm2-12a2 2 0 0 1 2 2v2h-1.5V2a.5.5 0 0 0-.5-.5H8V0h2Z\" \/>\n\t\t\t<\/svg>\n\t\t<\/button><figcaption class=\"wp-element-caption\">Foto: \u041f\u0430\u0432\u0435\u043b \u0413\u0430\u0432\u0440\u0438\u043a\u043e\u0432 \/ Pexels<\/figcaption><\/figure>\n\n\n\n<h3 class=\"wp-block-heading\"><span class=\"ez-toc-section\" id=\"12_Reto_a_pie_ascenso_al_Harder_Kulm\"><\/span>12. Reto a pie: ascenso al Harder Kulm<span class=\"ez-toc-section-end\"><\/span><\/h3>\n\n\n\n<p class=\"wp-block-paragraph\">La mayor\u00eda de los turistas sube c\u00f3modamente al <strong>mirador Harder Kulm<\/strong> en funicular, pero para los caminantes en forma existe aqu\u00ed un reto mucho mayor. Desde B\u00f6nigen puedes hacer todo el camino hasta la cima honradamente a pie. Pero prep\u00e1rate, porque va a ser <strong>un aut\u00e9ntico asesino para tus gemelos<\/strong>.<\/p>\n\n\n\n<p class=\"wp-block-paragraph\">Seg\u00fan los registros de Komoot, este circuito de todo el d\u00eda mide <strong>13,5 kil\u00f3metros y el tiempo neto de caminata es de 5 horas y 16 minutos<\/strong>. Por el camino tienes que superar un duro <strong>desnivel de 750 metros<\/strong>, lo que sit\u00faa claramente la ruta en la categor\u00eda de exigentes. La subida es segura, pero muy empinada e interminable.<\/p>\n\n\n\n<p class=\"wp-block-paragraph\">Pero la recompensa por el esfuerzo es dulce. Sentir\u00e1s una satisfacci\u00f3n irrepetible al <strong>llegar a la plataforma mirador<\/strong> entre los turistas que acaban de bajar del funicular. Adem\u00e1s, de camino hacia arriba <strong>te cruzar\u00e1s con un m\u00ednimo de gente<\/strong> y disfrutar\u00e1s del silencio del bosque, que en la propia cima desde luego no encontrar\u00e1s.<\/p>\n\n\n\n<p class=\"wp-block-paragraph\">\ud83d\udca1 Consejo: si arriba te quedas sin fuerzas, no pasa absolutamente nada. Puedes comprar en el restaurante un <strong>billete de ida en el funicular<\/strong> hacia abajo a Interlaken y <strong>hacer el resto del camino en autob\u00fas<\/strong>.<\/p>\n\n\n\n<figure data-wp-context=\"{&quot;imageId&quot;:&quot;6a94e5227b7b1&quot;}\" data-wp-interactive=\"core\/image\" data-wp-key=\"6a94e5227b7b1\" class=\"wp-block-image size-full wp-lightbox-container\"><img decoding=\"async\" width=\"1920\" height=\"1280\" data-wp-class--hide=\"state.isContentHidden\" data-wp-class--show=\"state.isContentVisible\" data-wp-init=\"callbacks.setButtonStyles\" data-wp-on--click=\"actions.showLightbox\" data-wp-on--load=\"callbacks.setButtonStyles\" data-wp-on--pointerdown=\"actions.preloadImage\" data-wp-on--pointerenter=\"actions.preloadImageWithDelay\" data-wp-on--pointerleave=\"actions.cancelPreload\" data-wp-on-window--resize=\"callbacks.setButtonStyles\" src=\"https:\/\/loudavymkrokem.cz\/wp-content\/uploads\/2026\/08\/bonigen-lanovka-grindelwald-first.jpg\" alt=\"Telef\u00e9rico de g\u00f3ndolas de Grindelwald al First sobre praderas alpinas\" class=\"wp-image-407333\" title=\"\" srcset=\"https:\/\/loudavymkrokem.cz\/wp-content\/uploads\/2026\/08\/bonigen-lanovka-grindelwald-first.jpg 1920w, https:\/\/loudavymkrokem.cz\/wp-content\/uploads\/2026\/08\/bonigen-lanovka-grindelwald-first-300x200.jpg 300w, https:\/\/loudavymkrokem.cz\/wp-content\/uploads\/2026\/08\/bonigen-lanovka-grindelwald-first-700x467.jpg 700w, https:\/\/loudavymkrokem.cz\/wp-content\/uploads\/2026\/08\/bonigen-lanovka-grindelwald-first-768x512.jpg 768w, https:\/\/loudavymkrokem.cz\/wp-content\/uploads\/2026\/08\/bonigen-lanovka-grindelwald-first-1536x1024.jpg 1536w, https:\/\/loudavymkrokem.cz\/wp-content\/uploads\/2026\/08\/bonigen-lanovka-grindelwald-first-696x464.jpg 696w, https:\/\/loudavymkrokem.cz\/wp-content\/uploads\/2026\/08\/bonigen-lanovka-grindelwald-first-1392x928.jpg 1392w\" sizes=\"(max-width: 1920px) 100vw, 1920px\" \/><button\n\t\t\tclass=\"lightbox-trigger\"\n\t\t\ttype=\"button\"\n\t\t\taria-haspopup=\"dialog\"\n\t\t\tdata-wp-bind--aria-label=\"state.thisImage.triggerButtonAriaLabel\"\n\t\t\tdata-wp-init=\"callbacks.initTriggerButton\"\n\t\t\tdata-wp-on--click=\"actions.showLightbox\"\n\t\t\tdata-wp-style--right=\"state.thisImage.buttonRight\"\n\t\t\tdata-wp-style--top=\"state.thisImage.buttonTop\"\n\t\t>\n\t\t\t<svg xmlns=\"http:\/\/www.w3.org\/2000\/svg\" width=\"12\" height=\"12\" fill=\"none\" viewBox=\"0 0 12 12\">\n\t\t\t\t<path fill=\"#fff\" d=\"M2 0a2 2 0 0 0-2 2v2h1.5V2a.5.5 0 0 1 .5-.5h2V0H2Zm2 10.5H2a.5.5 0 0 1-.5-.5V8H0v2a2 2 0 0 0 2 2h2v-1.5ZM8 12v-1.5h2a.5.5 0 0 0 .5-.5V8H12v2a2 2 0 0 1-2 2H8Zm2-12a2 2 0 0 1 2 2v2h-1.5V2a.5.5 0 0 0-.5-.5H8V0h2Z\" \/>\n\t\t\t<\/svg>\n\t\t<\/button><figcaption class=\"wp-element-caption\">Foto: W. Bulach \/ Wikimedia Commons, CC BY-SA 4.0<\/figcaption><\/figure>\n\n\n\n<h2 class=\"wp-block-heading\"><span class=\"ez-toc-section\" id=\"Rutas_a_las_que_te_sube_el_teleferico_6_caminatas_sobre_el_valle\"><\/span>Rutas a las que te sube el telef\u00e9rico: 6 caminatas sobre el valle<span class=\"ez-toc-section-end\"><\/span><\/h2>\n\n\n\n<p class=\"wp-block-paragraph\">Esto es algo que yo misma entend\u00ed solo estando all\u00ed: <strong>en el Oberland bern\u00e9s casi nunca se camina desde abajo<\/strong>. Lo cl\u00e1sico es subir en telef\u00e9rico o en cremallera por encima del l\u00edmite del bosque y solo entonces empezar a andar. Te ahorras mil metros de desnivel de esfuerzo y te plantas de inmediato en el paisaje por el que viniste hasta aqu\u00ed.<\/p>\n\n\n\n<p class=\"wp-block-paragraph\">Pero cuenta con que <strong>los telef\u00e9ricos suizos son brutalmente caros<\/strong>. Si planeas m\u00e1s de dos excursiones de este tipo, echa cuentas del <strong>Bernese Oberland Pass<\/strong>: por tres d\u00edas cuesta 240 francos y muchas l\u00edneas las tienes con \u00e9l gratis o a mitad de precio. Y a los caros miradores sube solo con buen tiempo, si no pagar\u00e1s decenas de francos por una vista a la niebla.<\/p>\n\n\n\n<figure data-wp-context=\"{&quot;imageId&quot;:&quot;6a94e5227c1a0&quot;}\" data-wp-interactive=\"core\/image\" data-wp-key=\"6a94e5227c1a0\" class=\"wp-block-image size-full wp-lightbox-container\"><img decoding=\"async\" width=\"1920\" height=\"1080\" data-wp-class--hide=\"state.isContentHidden\" data-wp-class--show=\"state.isContentVisible\" data-wp-init=\"callbacks.setButtonStyles\" data-wp-on--click=\"actions.showLightbox\" data-wp-on--load=\"callbacks.setButtonStyles\" data-wp-on--pointerdown=\"actions.preloadImage\" data-wp-on--pointerenter=\"actions.preloadImageWithDelay\" data-wp-on--pointerleave=\"actions.cancelPreload\" data-wp-on-window--resize=\"callbacks.setButtonStyles\" src=\"https:\/\/loudavymkrokem.cz\/wp-content\/uploads\/2026\/08\/bonigen-bachalpsee-jezero-first-1.jpg\" alt=\"Lago de monta\u00f1a Bachalpsee sobre Grindelwald con el reflejo de las cumbres glaciares\" class=\"wp-image-407122\" title=\"\" srcset=\"https:\/\/loudavymkrokem.cz\/wp-content\/uploads\/2026\/08\/bonigen-bachalpsee-jezero-first-1.jpg 1920w, https:\/\/loudavymkrokem.cz\/wp-content\/uploads\/2026\/08\/bonigen-bachalpsee-jezero-first-1-300x169.jpg 300w, https:\/\/loudavymkrokem.cz\/wp-content\/uploads\/2026\/08\/bonigen-bachalpsee-jezero-first-1-700x394.jpg 700w, https:\/\/loudavymkrokem.cz\/wp-content\/uploads\/2026\/08\/bonigen-bachalpsee-jezero-first-1-768x432.jpg 768w, https:\/\/loudavymkrokem.cz\/wp-content\/uploads\/2026\/08\/bonigen-bachalpsee-jezero-first-1-1536x864.jpg 1536w, https:\/\/loudavymkrokem.cz\/wp-content\/uploads\/2026\/08\/bonigen-bachalpsee-jezero-first-1-696x392.jpg 696w, https:\/\/loudavymkrokem.cz\/wp-content\/uploads\/2026\/08\/bonigen-bachalpsee-jezero-first-1-1392x783.jpg 1392w\" sizes=\"(max-width: 1920px) 100vw, 1920px\" \/><button\n\t\t\tclass=\"lightbox-trigger\"\n\t\t\ttype=\"button\"\n\t\t\taria-haspopup=\"dialog\"\n\t\t\tdata-wp-bind--aria-label=\"state.thisImage.triggerButtonAriaLabel\"\n\t\t\tdata-wp-init=\"callbacks.initTriggerButton\"\n\t\t\tdata-wp-on--click=\"actions.showLightbox\"\n\t\t\tdata-wp-style--right=\"state.thisImage.buttonRight\"\n\t\t\tdata-wp-style--top=\"state.thisImage.buttonTop\"\n\t\t>\n\t\t\t<svg xmlns=\"http:\/\/www.w3.org\/2000\/svg\" width=\"12\" height=\"12\" fill=\"none\" viewBox=\"0 0 12 12\">\n\t\t\t\t<path fill=\"#fff\" d=\"M2 0a2 2 0 0 0-2 2v2h1.5V2a.5.5 0 0 1 .5-.5h2V0H2Zm2 10.5H2a.5.5 0 0 1-.5-.5V8H0v2a2 2 0 0 0 2 2h2v-1.5ZM8 12v-1.5h2a.5.5 0 0 0 .5-.5V8H12v2a2 2 0 0 1-2 2H8Zm2-12a2 2 0 0 1 2 2v2h-1.5V2a.5.5 0 0 0-.5-.5H8V0h2Z\" \/>\n\t\t\t<\/svg>\n\t\t<\/button><figcaption class=\"wp-element-caption\">Foto: Chnebelh\u00e4x \/ Wikimedia Commons, CC BY-SA 4.0<\/figcaption><\/figure>\n\n\n\n<h3 class=\"wp-block-heading\"><span class=\"ez-toc-section\" id=\"13_Del_First_al_lago_Bachalpsee\"><\/span>13. Del First al lago Bachalpsee<span class=\"ez-toc-section-end\"><\/span><\/h3>\n\n\n\n<p class=\"wp-block-paragraph\">Si solo tienes tiempo para una ruta de monta\u00f1a por la zona, que sea esta. Desde Grindelwald la g\u00f3ndola te sube al <strong>First a 2.167 metros de altura<\/strong> y desde ah\u00ed se camina por un ancho camino bien cuidado hasta el <strong>lago Bachalpsee a 2.265 metros<\/strong>. Ida y vuelta te lleva <strong>algo menos de dos horas y acumulas solo algo m\u00e1s de 200 metros<\/strong>.<\/p>\n\n\n\n<p class=\"wp-block-paragraph\">Ese lago es la raz\u00f3n por la que se viene aqu\u00ed. Sin viento se reflejan en \u00e9l el <strong>Wetterhorn, el Schreckhorn y el Finsteraarhorn<\/strong>, es decir, cuatromiles glaciares que tienes de golpe enteros sobre la superficie a tus pies. Es una de las escenas m\u00e1s fotografiadas de los Alpes suizos y en vivo funciona a\u00fan mejor que en las fotos.<\/p>\n\n\n\n<p class=\"wp-block-paragraph\">Desde Interlaken llegas aqu\u00ed en tren hasta Grindelwald en unos 35 minutos y luego en g\u00f3ndola otros 25 minutos. El <strong>billete de ida y vuelta al First cuesta en temporada alta 76 francos<\/strong>, con billete a mitad de precio o Swiss Travel Pass pagas 38.<\/p>\n\n\n\n<p class=\"wp-block-paragraph\">\ud83d\udca1 Consejo: sal con la primera conexi\u00f3n de la ma\u00f1ana; hacia las diez, el camino al lago se convierte en una fila que avanza a trompicones y la <strong>superficie del agua suele estar rizada por el viento despu\u00e9s del mediod\u00eda<\/strong>, as\u00ed que el reflejo de las monta\u00f1as ya no lo captar\u00e1s. Y en el tren desde Interlaken <strong>si\u00e9ntate en la parte trasera del convoy<\/strong>: en Zweil\u00fctschinen el tren se divide y la mitad delantera va a Lauterbrunnen.<\/p>\n\n\n\n<figure data-wp-context=\"{&quot;imageId&quot;:&quot;6a94e5227cb9d&quot;}\" data-wp-interactive=\"core\/image\" data-wp-key=\"6a94e5227cb9d\" class=\"wp-block-image size-full wp-lightbox-container\"><img decoding=\"async\" width=\"1920\" height=\"1440\" data-wp-class--hide=\"state.isContentHidden\" data-wp-class--show=\"state.isContentVisible\" data-wp-init=\"callbacks.setButtonStyles\" data-wp-on--click=\"actions.showLightbox\" data-wp-on--load=\"callbacks.setButtonStyles\" data-wp-on--pointerdown=\"actions.preloadImage\" data-wp-on--pointerenter=\"actions.preloadImageWithDelay\" data-wp-on--pointerleave=\"actions.cancelPreload\" data-wp-on-window--resize=\"callbacks.setButtonStyles\" src=\"https:\/\/loudavymkrokem.cz\/wp-content\/uploads\/2026\/08\/bonigen-faulhorn-horsky-hotel-1.jpg\" alt=\"Cima del Faulhorn con el hist\u00f3rico hotel de monta\u00f1a de 1832\" class=\"wp-image-407129\" title=\"\" srcset=\"https:\/\/loudavymkrokem.cz\/wp-content\/uploads\/2026\/08\/bonigen-faulhorn-horsky-hotel-1.jpg 1920w, https:\/\/loudavymkrokem.cz\/wp-content\/uploads\/2026\/08\/bonigen-faulhorn-horsky-hotel-1-300x225.jpg 300w, https:\/\/loudavymkrokem.cz\/wp-content\/uploads\/2026\/08\/bonigen-faulhorn-horsky-hotel-1-700x525.jpg 700w, https:\/\/loudavymkrokem.cz\/wp-content\/uploads\/2026\/08\/bonigen-faulhorn-horsky-hotel-1-768x576.jpg 768w, https:\/\/loudavymkrokem.cz\/wp-content\/uploads\/2026\/08\/bonigen-faulhorn-horsky-hotel-1-1536x1152.jpg 1536w, https:\/\/loudavymkrokem.cz\/wp-content\/uploads\/2026\/08\/bonigen-faulhorn-horsky-hotel-1-80x60.jpg 80w, https:\/\/loudavymkrokem.cz\/wp-content\/uploads\/2026\/08\/bonigen-faulhorn-horsky-hotel-1-160x120.jpg 160w, https:\/\/loudavymkrokem.cz\/wp-content\/uploads\/2026\/08\/bonigen-faulhorn-horsky-hotel-1-696x522.jpg 696w, https:\/\/loudavymkrokem.cz\/wp-content\/uploads\/2026\/08\/bonigen-faulhorn-horsky-hotel-1-1392x1044.jpg 1392w\" sizes=\"(max-width: 1920px) 100vw, 1920px\" \/><button\n\t\t\tclass=\"lightbox-trigger\"\n\t\t\ttype=\"button\"\n\t\t\taria-haspopup=\"dialog\"\n\t\t\tdata-wp-bind--aria-label=\"state.thisImage.triggerButtonAriaLabel\"\n\t\t\tdata-wp-init=\"callbacks.initTriggerButton\"\n\t\t\tdata-wp-on--click=\"actions.showLightbox\"\n\t\t\tdata-wp-style--right=\"state.thisImage.buttonRight\"\n\t\t\tdata-wp-style--top=\"state.thisImage.buttonTop\"\n\t\t>\n\t\t\t<svg xmlns=\"http:\/\/www.w3.org\/2000\/svg\" width=\"12\" height=\"12\" fill=\"none\" viewBox=\"0 0 12 12\">\n\t\t\t\t<path fill=\"#fff\" d=\"M2 0a2 2 0 0 0-2 2v2h1.5V2a.5.5 0 0 1 .5-.5h2V0H2Zm2 10.5H2a.5.5 0 0 1-.5-.5V8H0v2a2 2 0 0 0 2 2h2v-1.5ZM8 12v-1.5h2a.5.5 0 0 0 .5-.5V8H12v2a2 2 0 0 1-2 2H8Zm2-12a2 2 0 0 1 2 2v2h-1.5V2a.5.5 0 0 0-.5-.5H8V0h2Z\" \/>\n\t\t\t<\/svg>\n\t\t<\/button><figcaption class=\"wp-element-caption\">Foto: Whgler \/ Wikimedia Commons, CC BY-SA 3.0<\/figcaption><\/figure>\n\n\n\n<h3 class=\"wp-block-heading\"><span class=\"ez-toc-section\" id=\"14_La_ruta_de_cresta_reina_Schynige_Platte_%E2%80%93_Faulhorn_%E2%80%93_First\"><\/span>14. La ruta de cresta reina: Schynige Platte \u2013 Faulhorn \u2013 First<span class=\"ez-toc-section-end\"><\/span><\/h3>\n\n\n\n<p class=\"wp-block-paragraph\">Esta es la caminata de un d\u00eda m\u00e1s famosa de toda la regi\u00f3n y las fuentes francesas e inglesas la sit\u00faan por igual entre las m\u00e1s bonitas de Suiza. Subes en cremallera a la <strong>Schynige Platte<\/strong>, caminas todo el d\u00eda por la cresta con los lagos de Thun y de Brienz a un lado y el Eiger, el M\u00f6nch y el Jungfrau al otro, y bajas en g\u00f3ndola desde el First.<\/p>\n\n\n\n<p class=\"wp-block-paragraph\">Son <strong>unos 16 a 17 kil\u00f3metros y cuenta con seis a ocho horas<\/strong> seg\u00fan lo a menudo que te pares. El punto m\u00e1s alto es el <strong>Faulhorn a 2.681 metros<\/strong>, adonde subes desde la Schynige Platte en 4 horas y 10 minutos. Por el camino pasas junto al lago S\u00e4gistalsee y al final desciendes junto al Bachalpsee.<\/p>\n\n\n\n<p class=\"wp-block-paragraph\">En la cima del Faulhorn se alza un <strong>hotel de monta\u00f1a de 1832<\/strong>: en Suiza solo hay dos m\u00e1s antiguos. Se puede pernoctar en \u00e9l y es una opci\u00f3n que considerar\u00eda para todo aquel que no quiera caminar toda la ruta de una sola tirada. La divides en dos d\u00edas tranquilos y encima tienes el amanecer sobre los glaciares.<\/p>\n\n\n\n<p class=\"wp-block-paragraph\">\ud83d\udca1 Consejo: vigila el horario: <strong>la cremallera de la Schynige Platte circula solo del 13 de junio al 25 de octubre<\/strong> y la \u00faltima g\u00f3ndola del First sale por la tarde. La noche en el Faulhorn sale <strong>desde 80 francos, media pensi\u00f3n incluida<\/strong>, pero cuenta con que arriba <strong>no hay duchas ni agua potable<\/strong> y en el dormitorio com\u00fan es obligatorio el saco s\u00e1bana.<\/p>\n\n\n\n<figure data-wp-context=\"{&quot;imageId&quot;:&quot;6a94e5227d381&quot;}\" data-wp-interactive=\"core\/image\" data-wp-key=\"6a94e5227d381\" class=\"wp-block-image size-full wp-lightbox-container\"><img decoding=\"async\" width=\"1600\" height=\"1200\" data-wp-class--hide=\"state.isContentHidden\" data-wp-class--show=\"state.isContentVisible\" data-wp-init=\"callbacks.setButtonStyles\" data-wp-on--click=\"actions.showLightbox\" data-wp-on--load=\"callbacks.setButtonStyles\" data-wp-on--pointerdown=\"actions.preloadImage\" data-wp-on--pointerenter=\"actions.preloadImageWithDelay\" data-wp-on--pointerleave=\"actions.cancelPreload\" data-wp-on-window--resize=\"callbacks.setButtonStyles\" src=\"https:\/\/loudavymkrokem.cz\/wp-content\/uploads\/2026\/08\/bonigen-mannlichen-kleine-scheidegg-1.jpg\" alt=\"Camino panor\u00e1mico del M\u00e4nnlichen a Kleine Scheidegg con el macizo del Jungfrau\" class=\"wp-image-407132\" title=\"\" srcset=\"https:\/\/loudavymkrokem.cz\/wp-content\/uploads\/2026\/08\/bonigen-mannlichen-kleine-scheidegg-1.jpg 1600w, https:\/\/loudavymkrokem.cz\/wp-content\/uploads\/2026\/08\/bonigen-mannlichen-kleine-scheidegg-1-300x225.jpg 300w, https:\/\/loudavymkrokem.cz\/wp-content\/uploads\/2026\/08\/bonigen-mannlichen-kleine-scheidegg-1-700x525.jpg 700w, https:\/\/loudavymkrokem.cz\/wp-content\/uploads\/2026\/08\/bonigen-mannlichen-kleine-scheidegg-1-768x576.jpg 768w, https:\/\/loudavymkrokem.cz\/wp-content\/uploads\/2026\/08\/bonigen-mannlichen-kleine-scheidegg-1-1536x1152.jpg 1536w, https:\/\/loudavymkrokem.cz\/wp-content\/uploads\/2026\/08\/bonigen-mannlichen-kleine-scheidegg-1-80x60.jpg 80w, https:\/\/loudavymkrokem.cz\/wp-content\/uploads\/2026\/08\/bonigen-mannlichen-kleine-scheidegg-1-160x120.jpg 160w, https:\/\/loudavymkrokem.cz\/wp-content\/uploads\/2026\/08\/bonigen-mannlichen-kleine-scheidegg-1-696x522.jpg 696w, https:\/\/loudavymkrokem.cz\/wp-content\/uploads\/2026\/08\/bonigen-mannlichen-kleine-scheidegg-1-1392x1044.jpg 1392w\" sizes=\"(max-width: 1600px) 100vw, 1600px\" \/><button\n\t\t\tclass=\"lightbox-trigger\"\n\t\t\ttype=\"button\"\n\t\t\taria-haspopup=\"dialog\"\n\t\t\tdata-wp-bind--aria-label=\"state.thisImage.triggerButtonAriaLabel\"\n\t\t\tdata-wp-init=\"callbacks.initTriggerButton\"\n\t\t\tdata-wp-on--click=\"actions.showLightbox\"\n\t\t\tdata-wp-style--right=\"state.thisImage.buttonRight\"\n\t\t\tdata-wp-style--top=\"state.thisImage.buttonTop\"\n\t\t>\n\t\t\t<svg xmlns=\"http:\/\/www.w3.org\/2000\/svg\" width=\"12\" height=\"12\" fill=\"none\" viewBox=\"0 0 12 12\">\n\t\t\t\t<path fill=\"#fff\" d=\"M2 0a2 2 0 0 0-2 2v2h1.5V2a.5.5 0 0 1 .5-.5h2V0H2Zm2 10.5H2a.5.5 0 0 1-.5-.5V8H0v2a2 2 0 0 0 2 2h2v-1.5ZM8 12v-1.5h2a.5.5 0 0 0 .5-.5V8H12v2a2 2 0 0 1-2 2H8Zm2-12a2 2 0 0 1 2 2v2h-1.5V2a.5.5 0 0 0-.5-.5H8V0h2Z\" \/>\n\t\t\t<\/svg>\n\t\t<\/button><figcaption class=\"wp-element-caption\">Foto: Timo Newton-Syms \/ Wikimedia Commons, CC BY-SA 2.0<\/figcaption><\/figure>\n\n\n\n<!-- LKM_GYG_CARD start q=\"bonigen\" lang=\"es\" rendered=\"2026-08-31T00:54:21+00:00\" v=\"1\" -->\n\n<!-- LKM_GYG_CARD end -->\n\n\n\n\n<div class=\"lk-stays-module\">\n<style>\n\/* \u2500\u2500\u2500 RESET PRO GUTENBERG \u2500\u2500\u2500 *\/\n.lk-stays-module * { box-sizing: border-box; margin: 0; padding: 0; }\n\n\/* \u2500\u2500\u2500 WRAPPER \u2500\u2500\u2500 *\/\n.lk-stays-module {\n  font-family: 'DM Sans', Georgia, sans-serif;\n  max-width: 100%;\n  margin: 2.5rem auto;\n  background: linear-gradient(135deg, #fdfaf5 0%, #fcf8f0 100%);\n  border: 1px solid #e8dfd4;\n  border-radius: 16px;\n  overflow: hidden;\n  box-shadow: 0 16px 48px rgba(195, 159, 118, 0.25), 0 4px 12px rgba(0,0,0,0.08);\n}\n\n\/* \u2500\u2500\u2500 HEADER \u2500\u2500\u2500 *\/\n.lk-stays-header {\n  position: relative;\n  padding: 24px 36px 24px;\n  background: linear-gradient(135deg, #c39f76 0%, #d4b188 60%, #c39f76 100%);\n  border-bottom: 1px solid rgba(255,255,255,.15);\n  display: flex;\n  align-items: center;\n  gap: 18px;\n}\n.lk-stays-header::before {\n  content: '';\n  position: absolute;\n  inset: 0;\n  background: url(\"data:image\/svg+xml,%3Csvg width='60' height='60' viewBox='0 0 60 60' xmlns='http:\/\/www.w3.org\/2000\/svg'%3E%3Cg fill='none' fill-rule='evenodd'%3E%3Cg fill='%23ffffff' fill-opacity='0.05'%3E%3Cpath d='M36 34v-4h-2v4h-4v2h4v4h2v-4h4v-2h-4zm0-30V0h-2v4h-4v2h4v4h2V6h4V4h-4zM6 34v-4H4v4H0v2h4v4h2v-4h4v-2H6zM6 4V0H4v4H0v2h4v4h2V6h4V4H6z'\/%3E%3C\/g%3E%3C\/g%3E%3C\/svg%3E\") repeat;\n  pointer-events: none;\n}\n.lk-stays-icon {\n  flex-shrink: 0;\n  width: 68px;\n  height: 68px;\n  border-radius: 14px;\n  background: linear-gradient(135deg, #fff 0%, #f9f6f0 100%);\n  display: flex;\n  align-items: center;\n  justify-content: center;\n  font-size: 26px;\n  box-shadow: 0 4px 12px rgba(0,0,0,0.15);\n}\n.lk-stays-eyebrow {\n  font-size: 10px;\n  font-weight: 500;\n  letter-spacing: 2.5px;\n  text-transform: uppercase;\n  color: rgba(255,255,255,.85);\n  margin: 0 0 5px 0;\n}\n.lk-stays-title {\n  font-family: 'Playfair Display', Georgia, serif;\n  font-size: 24px;\n  font-weight: 700;\n  color: #fff;\n  line-height: 1.2;\n  text-shadow: 0 1px 2px rgba(0,0,0,0.1);\n  margin: 0;\n}\n.lk-stays-subtitle {\n  font-size: 13px;\n  color: rgba(255,255,255,.75);\n  margin: 4px 0 0 0;\n  font-weight: 300;\n}\n\n\/* \u2500\u2500\u2500 CARDS GRID \u2500\u2500\u2500 *\/\n.lk-stays-grid {\n  display: grid;\n  grid-template-columns: 1fr 1fr;\n  gap: 1px;\n  background: rgba(195, 159, 118, 0.12);\n}\n\n\/* \u2500\u2500\u2500 SINGLE CARD \u2500\u2500\u2500 *\/\n.lk-stay-card {\n  background: #ffffff;\n  padding: 26px;\n  display: flex;\n  flex-direction: column;\n  gap: 11px;\n  transition: all 0.3s ease;\n  text-decoration: none;\n  color: inherit;\n  position: relative;\n}\n.lk-stay-card:hover {\n  background: #fffbf5;\n  transform: translateY(-2px);\n  box-shadow: 0 8px 24px rgba(195, 159, 118, 0.18);\n  z-index: 1;\n}\n.lk-stay-card.featured {\n  background: linear-gradient(135deg, #fffdf9 0%, #fff9f0 100%);\n  box-shadow: 0 4px 16px rgba(195, 159, 118, 0.15), inset 0 1px 0 rgba(195, 159, 118, 0.1);\n}\n.lk-stay-card.featured:hover {\n  background: linear-gradient(135deg, #fffbf5 0%, #fff8ed 100%);\n  box-shadow: 0 8px 24px rgba(195, 159, 118, 0.25), inset 0 1px 0 rgba(195, 159, 118, 0.15);\n}\n\n.lk-stay-badge {\n  display: inline-flex;\n  align-items: center;\n  gap: 5px;\n  font-size: 10px;\n  font-weight: 500;\n  letter-spacing: 1.5px;\n  text-transform: uppercase;\n  padding: 5px 11px;\n  border-radius: 20px;\n  width: fit-content;\n}\n.badge-top     { background: linear-gradient(135deg, #c39f76 0%, #d4b188 100%); color: #fff; border: 1px solid #c39f76; font-weight: 600; box-shadow: 0 2px 8px rgba(195,159,118,0.3); }\n.badge-luxury  { background: rgba(195,159,118,.12); color: #c39f76; border: 1px solid rgba(195,159,118,.25); }\n.badge-boutique{ background: rgba(54,133,252,.08); color: #3685fc; border: 1px solid rgba(54,133,252,.2); }\n.badge-nature  { background: rgba(130,190,100,.1); color: #6b9c4a; border: 1px solid rgba(130,190,100,.2); }\n.badge-remote  { background: rgba(195,159,118,.12); color: #a67e50; border: 1px solid rgba(195,159,118,.25); }\n\n.lk-stay-name {\n  font-family: 'Playfair Display', Georgia, serif;\n  font-size: 18px;\n  font-weight: 700;\n  color: #111827;\n  line-height: 1.3;\n}\n.lk-stay-desc {\n  font-size: 13.5px;\n  color: #525252;\n  line-height: 1.65;\n  font-weight: 300;\n  flex: 1;\n}\n\n.lk-stay-meta {\n  display: flex;\n  align-items: center;\n  gap: 12px;\n  flex-wrap: wrap;\n  margin-top: 4px;\n}\n.lk-stay-price {\n  font-size: 13px;\n  color: #6b7280;\n}\n.lk-stay-price strong {\n  color: #c39f76;\n  font-weight: 500;\n}\n.lk-stay-stars {\n  color: #c39f76;\n  font-size: 11px;\n  letter-spacing: 1px;\n}\n\n\/* \u2500\u2500\u2500 CTA BUTTON \u2500\u2500\u2500 *\/\n.lk-stay-cta {\n  display: inline-flex;\n  align-items: center;\n  justify-content: center;\n  gap: 7px;\n  margin-top: 8px;\n  padding: 11px 20px;\n  border-radius: 8px;\n  background: linear-gradient(135deg, #3685fc 0%, #2a6fd9 100%);\n  color: #fff;\n  font-size: 13px;\n  font-weight: 500;\n  text-decoration: none;\n  letter-spacing: .3px;\n  transition: all .2s ease;\n  cursor: pointer;\n  border: none;\n  text-align: center;\n  box-shadow: 0 4px 12px rgba(54, 133, 252, 0.25);\n}\n.lk-stay-cta:hover {\n  background: linear-gradient(135deg, #2a6fd9 0%, #1e5bc4 100%);\n  transform: translateY(-1px);\n  box-shadow: 0 6px 16px rgba(54, 133, 252, 0.35);\n}\n.lk-stay-cta svg { flex-shrink: 0; }\n\n\/* \u2500\u2500\u2500 FOOTER \u2500\u2500\u2500 *\/\n.lk-stays-footer {\n  padding: 18px 36px;\n  background: linear-gradient(to bottom, #fdfaf5 0%, #f9f4ed 100%);\n  border-top: 1px solid rgba(195, 159, 118, 0.15);\n  display: flex;\n  align-items: center;\n  justify-content: space-between;\n  flex-wrap: wrap;\n  gap: 12px;\n}\n.lk-stays-footer-note {\n  font-size: 11.5px;\n  color: #6b7280;\n  font-weight: 300;\n  line-height: 1.5;\n}\n.lk-stays-footer-note a {\n  color: #c39f76;\n  text-decoration: none;\n  font-weight: 400;\n}\n.lk-stays-footer-note a:hover {\n  text-decoration: underline;\n}\n.lk-stays-all-btn {\n  display: inline-flex;\n  align-items: center;\n  gap: 6px;\n  font-size: 12.5px;\n  font-weight: 500;\n  color: #c39f76;\n  text-decoration: none;\n  border: 1px solid rgba(195, 159, 118, 0.35);\n  padding: 8px 18px;\n  border-radius: 8px;\n  transition: all .2s ease;\n}\n.lk-stays-all-btn:hover {\n  background: rgba(195, 159, 118, 0.08);\n  border-color: rgba(195, 159, 118, 0.5);\n}\n\n\/* \u2500\u2500\u2500 RESPONSIVE \u2500\u2500\u2500 *\/\n@media (max-width: 600px) {\n  .lk-stays-grid { grid-template-columns: 1fr; }\n  .lk-stays-header { padding: 24px 20px; }\n  .lk-stays-footer { padding: 16px 20px; }\n  .lk-stay-card { padding: 22px; }\n  .lk-stays-title { font-size: 20px; }\n}\n<\/style>\n\n  <!-- HEADER -->\n  <div class=\"lk-stays-header\">\n    <img decoding=\"async\" src=\"https:\/\/loudavymkrokem.cz\/wp-content\/uploads\/2026\/02\/lukas-a-lucka.jpg\" alt=\"\" style=\"width: 75px; height: 75px; border-radius: 8px; flex-shrink: 0; object-fit: cover; display: block; margin: 4px 0;\" title=\"\">\n    <div class=\"lk-stays-header-text\">\n      <div class=\"lk-stays-eyebrow\">Luk\u00e1\u0161 y Lucie recomiendan<\/div>\n      <div class=\"lk-stays-title\">D\u00f3nde alojarse en B\u00f6nigen<\/div>\n      <div class=\"lk-stays-subtitle\">6 alojamientos \u2014 hoteles, campings y otras opciones de alojamiento<\/div>\n    <\/div>\n  <\/div>\n\n  <!-- CARDS -->\n  <div class=\"lk-stays-grid\">\n\n    <a class=\"lk-stay-card featured\" href=\"https:\/\/www.stay22.com\/allez\/roam?aid=lukaskonecny&#038;campaign=loudavymkrokemcz&#038;campaign=es&#038;campaign=bonigen&#038;hotelname=Hotel%20Seiler%20au%20Lac&#038;address=B%C3%B6nigen%2C%20%C5%A0v%C3%BDcarsko\" target=\"_blank\" rel=\"nofollow noopener\">\n      <span class=\"lk-stay-badge badge-top\">\u2b50 MEJOR OPCI\u00d3N<\/span>\n      <span class=\"lk-stay-badge badge-nature\">\ud83c\udfe8 Hotel<\/span>\n      <div class=\"lk-stay-name\">Hotel Seiler au Lac<\/div>\n      <div class=\"lk-stay-desc\">Situado justo en la orilla y el barco de vapor para directamente frente a la puerta. Cuarenta habitaciones, vistas a las monta\u00f1as y al agua.<\/div>\n      <div class=\"lk-stay-meta\">\n        <span class=\"lk-stay-stars\">\u2605\u2605\u2605\u2605<\/span>\n        <span class=\"lk-stay-price\">Consultar precios<\/span>\n      <\/div>\n      <span class=\"lk-stay-cta\">\n        <svg width=\"14\" height=\"14\" viewBox=\"0 0 24 24\" fill=\"none\" stroke=\"currentColor\" stroke-width=\"2\"><path d=\"M18 13v6a2 2 0 0 1-2 2H5a2 2 0 0 1-2-2V8a2 2 0 0 1 2-2h6\"\/><polyline points=\"15 3 21 3 21 9\"\/><line x1=\"10\" y1=\"14\" x2=\"21\" y2=\"3\"\/><\/svg>\n        Comprobar disponibilidad\n      <\/span>\n    <\/a>\n\n    <a class=\"lk-stay-card\" href=\"https:\/\/www.stay22.com\/allez\/roam?aid=lukaskonecny&#038;campaign=loudavymkrokemcz&#038;campaign=es&#038;campaign=bonigen&#038;hotelname=Seehotel%20B%C3%B6nigen&#038;address=B%C3%B6nigen%2C%20%C5%A0v%C3%BDcarsko\" target=\"_blank\" rel=\"nofollow noopener\">\n      <span class=\"lk-stay-badge badge-nature\">\ud83c\udfe8 Hotel<\/span>\n      <div class=\"lk-stay-name\">Seehotel B\u00f6nigen<\/div>\n      <div class=\"lk-stay-desc\">Excelente opci\u00f3n familiar con vistas panor\u00e1micas, restaurante propio de renombre y desayunos abundantes.<\/div>\n      <div class=\"lk-stay-meta\">\n        <span class=\"lk-stay-stars\">\u2605\u2605\u2605\u2605<\/span>\n        <span class=\"lk-stay-price\">Consultar precios<\/span>\n      <\/div>\n      <span class=\"lk-stay-cta\">\n        <svg width=\"14\" height=\"14\" viewBox=\"0 0 24 24\" fill=\"none\" stroke=\"currentColor\" stroke-width=\"2\"><path d=\"M18 13v6a2 2 0 0 1-2 2H5a2 2 0 0 1-2-2V8a2 2 0 0 1 2-2h6\"\/><polyline points=\"15 3 21 3 21 9\"\/><line x1=\"10\" y1=\"14\" x2=\"21\" y2=\"3\"\/><\/svg>\n        Comprobar disponibilidad\n      <\/span>\n    <\/a>\n\n    <a class=\"lk-stay-card\" href=\"https:\/\/www.stay22.com\/allez\/roam?aid=lukaskonecny&#038;campaign=loudavymkrokemcz&#038;campaign=es&#038;campaign=bonigen&#038;hotelname=TCS%20Camping%20B%C3%B6nigen%20Brienzersee&#038;address=B%C3%B6nigen%2C%20%C5%A0v%C3%BDcarsko\" target=\"_blank\" rel=\"nofollow noopener\">\n      <span class=\"lk-stay-badge badge-nature\">\u26fa Camping<\/span>\n      <div class=\"lk-stay-name\">TCS Camping B\u00f6nigen Brienzersee<\/div>\n      <div class=\"lk-stay-desc\">Opci\u00f3n econ\u00f3mica perfecta justo al lado del lago a 200 m de la playa. Sin piscina, solo zona de chapoteo.<\/div>\n      <div class=\"lk-stay-meta\">\n        <span class=\"lk-stay-stars\">\u2605\u2605\u2605\u2605<\/span>\n        <span class=\"lk-stay-price\">desde 72-80 EUR\/noche<\/span>\n      <\/div>\n      <span class=\"lk-stay-cta\">\n        <svg width=\"14\" height=\"14\" viewBox=\"0 0 24 24\" fill=\"none\" stroke=\"currentColor\" stroke-width=\"2\"><path d=\"M18 13v6a2 2 0 0 1-2 2H5a2 2 0 0 1-2-2V8a2 2 0 0 1 2-2h6\"\/><polyline points=\"15 3 21 3 21 9\"\/><line x1=\"10\" y1=\"14\" x2=\"21\" y2=\"3\"\/><\/svg>\n        Comprobar disponibilidad\n      <\/span>\n    <\/a>\n\n    <a class=\"lk-stay-card\" href=\"https:\/\/www.stay22.com\/allez\/roam?aid=lukaskonecny&#038;campaign=loudavymkrokemcz&#038;campaign=es&#038;campaign=bonigen&#038;hotelname=Mountain%20and%20Lake&#038;address=B%C3%B6nigen%2C%20%C5%A0v%C3%BDcarsko\" target=\"_blank\" rel=\"nofollow noopener\">\n      <span class=\"lk-stay-badge badge-nature\">\ud83c\udfe1 Apartamento<\/span>\n      <div class=\"lk-stay-name\">Mountain and Lake<\/div>\n      <div class=\"lk-stay-desc\">Apartamento privado con valoraciones fant\u00e1sticas, cocina totalmente equipada y hermosa terraza para estancias m\u00e1s largas.<\/div>\n      <div class=\"lk-stay-meta\">\n        <span class=\"lk-stay-stars\">\u2605\u2605\u2605\u2605<\/span>\n        <span class=\"lk-stay-price\">Consultar precios<\/span>\n      <\/div>\n      <span class=\"lk-stay-cta\">\n        <svg width=\"14\" height=\"14\" viewBox=\"0 0 24 24\" fill=\"none\" stroke=\"currentColor\" stroke-width=\"2\"><path d=\"M18 13v6a2 2 0 0 1-2 2H5a2 2 0 0 1-2-2V8a2 2 0 0 1 2-2h6\"\/><polyline points=\"15 3 21 3 21 9\"\/><line x1=\"10\" y1=\"14\" x2=\"21\" y2=\"3\"\/><\/svg>\n        Comprobar disponibilidad\n      <\/span>\n    <\/a>\n\n    <a class=\"lk-stay-card\" href=\"https:\/\/www.stay22.com\/allez\/roam?aid=lukaskonecny&#038;campaign=loudavymkrokemcz&#038;campaign=es&#038;campaign=bonigen&#038;hotelname=Walida&#038;address=B%C3%B6nigen%2C%20%C5%A0v%C3%BDcarsko\" target=\"_blank\" rel=\"nofollow noopener\">\n      <span class=\"lk-stay-badge badge-nature\">\ud83c\udfe8 Hotel<\/span>\n      <div class=\"lk-stay-name\">Walida<\/div>\n      <div class=\"lk-stay-desc\">Hotel m\u00e1s sencillo pero agradable a precio razonable, balcones con vistas a los picos alpinos.<\/div>\n      <div class=\"lk-stay-meta\">\n        <span class=\"lk-stay-stars\">\u2605\u2605\u2605\u2605<\/span>\n        <span class=\"lk-stay-price\">Consultar precios<\/span>\n      <\/div>\n      <span class=\"lk-stay-cta\">\n        <svg width=\"14\" height=\"14\" viewBox=\"0 0 24 24\" fill=\"none\" stroke=\"currentColor\" stroke-width=\"2\"><path d=\"M18 13v6a2 2 0 0 1-2 2H5a2 2 0 0 1-2-2V8a2 2 0 0 1 2-2h6\"\/><polyline points=\"15 3 21 3 21 9\"\/><line x1=\"10\" y1=\"14\" x2=\"21\" y2=\"3\"\/><\/svg>\n        Comprobar disponibilidad\n      <\/span>\n    <\/a>\n\n    <a class=\"lk-stay-card\" href=\"https:\/\/www.stay22.com\/allez\/roam?aid=lukaskonecny&#038;campaign=loudavymkrokemcz&#038;campaign=es&#038;campaign=bonigen&#038;address=B%C3%B6nigen&#038;hotelname=Grandhotel+Giessbach&#038;search=Grandhotel+Giessbach&#038;category=accommodation\" target=\"_blank\" rel=\"nofollow noopener\">\n      <span class=\"lk-stay-badge badge-nature\">\u2b50 Luxury<\/span>\n      <div class=\"lk-stay-name\">Grandhotel Giessbach<\/div>\n      <div class=\"lk-stay-desc\">Lujoso palacio del siglo XIX sobre las cascadas de Giessbach con 22 hect\u00e1reas de parque y terraza panor\u00e1mica.<\/div>\n      <div class=\"lk-stay-meta\">\n        <span class=\"lk-stay-stars\">\u2605\u2605\u2605\u2605<\/span>\n        <span class=\"lk-stay-price\">Consultar precios<\/span>\n      <\/div>\n      <span class=\"lk-stay-cta\">\n        <svg width=\"14\" height=\"14\" viewBox=\"0 0 24 24\" fill=\"none\" stroke=\"currentColor\" stroke-width=\"2\"><path d=\"M18 13v6a2 2 0 0 1-2 2H5a2 2 0 0 1-2-2V8a2 2 0 0 1 2-2h6\"\/><polyline points=\"15 3 21 3 21 9\"\/><line x1=\"10\" y1=\"14\" x2=\"21\" y2=\"3\"\/><\/svg>\n        Comprobar disponibilidad\n      <\/span>\n    <\/a>\n\n  <\/div>\n\n  \n<\/div>\n\n\n\n\n<h3 class=\"wp-block-heading\"><span class=\"ez-toc-section\" id=\"15_Mannlichen_y_el_camino_panoramico_a_Kleine_Scheidegg\"><\/span>15. M\u00e4nnlichen y el camino panor\u00e1mico a Kleine Scheidegg<span class=\"ez-toc-section-end\"><\/span><\/h3>\n\n\n\n<p class=\"wp-block-paragraph\">Esta es mi opci\u00f3n clara cuando voy a la monta\u00f1a con ni\u00f1os peque\u00f1os. El telef\u00e9rico te sube al <strong>M\u00e4nnlichen a 2.222 metros<\/strong> y desde ah\u00ed hacia Kleine Scheidegg discurre un <strong>camino panor\u00e1mico de 4,5 kil\u00f3metros de largo<\/strong>, que te lleva de una hora a hora y media. Casi todo el tiempo se va cuesta abajo y <strong>es un ancho camino de grava transitable incluso con cochecito todoterreno<\/strong>.<\/p>\n\n\n\n<p class=\"wp-block-paragraph\">Todo el rato tienes justo delante el <strong>Eiger, el M\u00f6nch y el Jungfrau<\/strong>, as\u00ed que es la mejor relaci\u00f3n vista-esfuerzo que encontrar\u00e1s en la regi\u00f3n. Al final, en <strong>Kleine Scheidegg a 2.061 metros<\/strong>, te subes al tren y te dejas llevar de vuelta abajo.<\/p>\n\n\n\n<p class=\"wp-block-paragraph\">Antes de salir, haz todav\u00eda el <strong>Royal Walk<\/strong>: es un desv\u00edo desde la estaci\u00f3n superior hasta la propia cima del M\u00e4nnlichen a 2.345 metros. Acumulas solo algo m\u00e1s de cien metros y te lleva <strong>media hora<\/strong>, pero la panor\u00e1mica de arriba est\u00e1 en otra liga que la de la estaci\u00f3n.<\/p>\n\n\n\n<p class=\"wp-block-paragraph\">\ud83d\udca1 Consejo: los telef\u00e9ricos al M\u00e4nnlichen circulan <strong>del 23 de mayo al 25 de octubre<\/strong>. Desde Wengen puedes comprar por un suplemento de cinco francos el \u00abRoyal Ride\u00bb e ir <strong>en el balc\u00f3n abierto sobre el techo de la cabina<\/strong>: los ni\u00f1os suelen enloquecer con ello.<\/p>\n\n\n\n<figure data-wp-context=\"{&quot;imageId&quot;:&quot;6a94e5227ddba&quot;}\" data-wp-interactive=\"core\/image\" data-wp-key=\"6a94e5227ddba\" class=\"wp-block-image size-full wp-lightbox-container\"><img decoding=\"async\" width=\"1920\" height=\"1289\" data-wp-class--hide=\"state.isContentHidden\" data-wp-class--show=\"state.isContentVisible\" data-wp-init=\"callbacks.setButtonStyles\" data-wp-on--click=\"actions.showLightbox\" data-wp-on--load=\"callbacks.setButtonStyles\" data-wp-on--pointerdown=\"actions.preloadImage\" data-wp-on--pointerenter=\"actions.preloadImageWithDelay\" data-wp-on--pointerleave=\"actions.cancelPreload\" data-wp-on-window--resize=\"callbacks.setButtonStyles\" src=\"https:\/\/loudavymkrokem.cz\/wp-content\/uploads\/2026\/08\/bonigen-eiger-severni-stena-1.jpg\" alt=\"Cara norte del Eiger, bajo la cual discurre el Eiger Trail\" class=\"wp-image-407136\" title=\"\" srcset=\"https:\/\/loudavymkrokem.cz\/wp-content\/uploads\/2026\/08\/bonigen-eiger-severni-stena-1.jpg 1920w, https:\/\/loudavymkrokem.cz\/wp-content\/uploads\/2026\/08\/bonigen-eiger-severni-stena-1-300x201.jpg 300w, https:\/\/loudavymkrokem.cz\/wp-content\/uploads\/2026\/08\/bonigen-eiger-severni-stena-1-700x470.jpg 700w, https:\/\/loudavymkrokem.cz\/wp-content\/uploads\/2026\/08\/bonigen-eiger-severni-stena-1-768x516.jpg 768w, https:\/\/loudavymkrokem.cz\/wp-content\/uploads\/2026\/08\/bonigen-eiger-severni-stena-1-1536x1031.jpg 1536w, https:\/\/loudavymkrokem.cz\/wp-content\/uploads\/2026\/08\/bonigen-eiger-severni-stena-1-696x467.jpg 696w, https:\/\/loudavymkrokem.cz\/wp-content\/uploads\/2026\/08\/bonigen-eiger-severni-stena-1-1392x935.jpg 1392w\" sizes=\"(max-width: 1920px) 100vw, 1920px\" \/><button\n\t\t\tclass=\"lightbox-trigger\"\n\t\t\ttype=\"button\"\n\t\t\taria-haspopup=\"dialog\"\n\t\t\tdata-wp-bind--aria-label=\"state.thisImage.triggerButtonAriaLabel\"\n\t\t\tdata-wp-init=\"callbacks.initTriggerButton\"\n\t\t\tdata-wp-on--click=\"actions.showLightbox\"\n\t\t\tdata-wp-style--right=\"state.thisImage.buttonRight\"\n\t\t\tdata-wp-style--top=\"state.thisImage.buttonTop\"\n\t\t>\n\t\t\t<svg xmlns=\"http:\/\/www.w3.org\/2000\/svg\" width=\"12\" height=\"12\" fill=\"none\" viewBox=\"0 0 12 12\">\n\t\t\t\t<path fill=\"#fff\" d=\"M2 0a2 2 0 0 0-2 2v2h1.5V2a.5.5 0 0 1 .5-.5h2V0H2Zm2 10.5H2a.5.5 0 0 1-.5-.5V8H0v2a2 2 0 0 0 2 2h2v-1.5ZM8 12v-1.5h2a.5.5 0 0 0 .5-.5V8H12v2a2 2 0 0 1-2 2H8Zm2-12a2 2 0 0 1 2 2v2h-1.5V2a.5.5 0 0 0-.5-.5H8V0h2Z\" \/>\n\t\t\t<\/svg>\n\t\t<\/button><figcaption class=\"wp-element-caption\">Foto: Kurt Ritschard \/ Wikimedia Commons, CC BY-SA 2.0<\/figcaption><\/figure>\n\n\n\n<h3 class=\"wp-block-heading\"><span class=\"ez-toc-section\" id=\"16_Eiger_Trail_justo_bajo_la_cara_norte\"><\/span>16. Eiger Trail justo bajo la cara norte<span class=\"ez-toc-section-end\"><\/span><\/h3>\n\n\n\n<p class=\"wp-block-paragraph\">Si te interesan las monta\u00f1as tambi\u00e9n como historia, esta es la ruta. Subes al <strong>Eigergletscher a 2.348 metros<\/strong> y desde ah\u00ed caminas <strong>unos seis kil\u00f3metros hacia abajo hasta Alpiglen a 1.616 metros<\/strong>. Durante dos horas enteras te mueves justo bajo la <strong>cara norte del Eiger<\/strong>, que se alza sobre ti m\u00e1s de 1.600 metros.<\/p>\n\n\n\n<p class=\"wp-block-paragraph\">Es un lugar donde se escribieron y terminaron destinos de alpinistas, y en la ruta encontrar\u00e1s tambi\u00e9n una placa con escudos conmemorativos. El camino est\u00e1 marcado como <strong>medianamente exigente, desciendes unos 780 metros<\/strong> y en los tramos m\u00e1s expuestos hay cables de seguridad tendidos. Se puede tomar algo tanto al inicio como al final.<\/p>\n\n\n\n<p class=\"wp-block-paragraph\">Cuidado con la temporada, porque este sendero es el que m\u00e1s tarde se abre de todos. <strong>La nieve lo suele mantener cerrado hasta principios de julio<\/strong> y suele ser transitable aproximadamente hasta mediados de octubre. Antes de la excursi\u00f3n verifica siempre el estado actual: puede cambiar de un d\u00eda para otro.<\/p>\n\n\n\n<p class=\"wp-block-paragraph\">\ud83d\udca1 Consejo: <strong>aqu\u00ed no se puede llegar con cochecito<\/strong> y los ni\u00f1os m\u00e1s peque\u00f1os necesitar\u00e1n ayuda en los tramos pedregosos. De vuelta desde Alpiglen sale un tren a Grindelwald, pero es una <strong>estaci\u00f3n a demanda<\/strong>, as\u00ed que no olvides hacer la se\u00f1al al maquinista.<\/p>\n\n\n\n<figure data-wp-context=\"{&quot;imageId&quot;:&quot;6a94e5227e6dd&quot;}\" data-wp-interactive=\"core\/image\" data-wp-key=\"6a94e5227e6dd\" class=\"wp-block-image size-full wp-lightbox-container\"><img decoding=\"async\" width=\"1920\" height=\"1282\" data-wp-class--hide=\"state.isContentHidden\" data-wp-class--show=\"state.isContentVisible\" data-wp-init=\"callbacks.setButtonStyles\" data-wp-on--click=\"actions.showLightbox\" data-wp-on--load=\"callbacks.setButtonStyles\" data-wp-on--pointerdown=\"actions.preloadImage\" data-wp-on--pointerenter=\"actions.preloadImageWithDelay\" data-wp-on--pointerleave=\"actions.cancelPreload\" data-wp-on-window--resize=\"callbacks.setButtonStyles\" src=\"https:\/\/loudavymkrokem.cz\/wp-content\/uploads\/2026\/08\/bonigen-niederhorn-kozorozec-1.jpg\" alt=\"Cabras montesas j\u00f3venes en la cresta del Niederhorn al anochecer\" class=\"wp-image-407139\" title=\"\" srcset=\"https:\/\/loudavymkrokem.cz\/wp-content\/uploads\/2026\/08\/bonigen-niederhorn-kozorozec-1.jpg 1920w, https:\/\/loudavymkrokem.cz\/wp-content\/uploads\/2026\/08\/bonigen-niederhorn-kozorozec-1-300x200.jpg 300w, https:\/\/loudavymkrokem.cz\/wp-content\/uploads\/2026\/08\/bonigen-niederhorn-kozorozec-1-700x467.jpg 700w, https:\/\/loudavymkrokem.cz\/wp-content\/uploads\/2026\/08\/bonigen-niederhorn-kozorozec-1-768x513.jpg 768w, https:\/\/loudavymkrokem.cz\/wp-content\/uploads\/2026\/08\/bonigen-niederhorn-kozorozec-1-1536x1026.jpg 1536w, https:\/\/loudavymkrokem.cz\/wp-content\/uploads\/2026\/08\/bonigen-niederhorn-kozorozec-1-696x465.jpg 696w, https:\/\/loudavymkrokem.cz\/wp-content\/uploads\/2026\/08\/bonigen-niederhorn-kozorozec-1-1392x929.jpg 1392w\" sizes=\"(max-width: 1920px) 100vw, 1920px\" \/><button\n\t\t\tclass=\"lightbox-trigger\"\n\t\t\ttype=\"button\"\n\t\t\taria-haspopup=\"dialog\"\n\t\t\tdata-wp-bind--aria-label=\"state.thisImage.triggerButtonAriaLabel\"\n\t\t\tdata-wp-init=\"callbacks.initTriggerButton\"\n\t\t\tdata-wp-on--click=\"actions.showLightbox\"\n\t\t\tdata-wp-style--right=\"state.thisImage.buttonRight\"\n\t\t\tdata-wp-style--top=\"state.thisImage.buttonTop\"\n\t\t>\n\t\t\t<svg xmlns=\"http:\/\/www.w3.org\/2000\/svg\" width=\"12\" height=\"12\" fill=\"none\" viewBox=\"0 0 12 12\">\n\t\t\t\t<path fill=\"#fff\" d=\"M2 0a2 2 0 0 0-2 2v2h1.5V2a.5.5 0 0 1 .5-.5h2V0H2Zm2 10.5H2a.5.5 0 0 1-.5-.5V8H0v2a2 2 0 0 0 2 2h2v-1.5ZM8 12v-1.5h2a.5.5 0 0 0 .5-.5V8H12v2a2 2 0 0 1-2 2H8Zm2-12a2 2 0 0 1 2 2v2h-1.5V2a.5.5 0 0 0-.5-.5H8V0h2Z\" \/>\n\t\t\t<\/svg>\n\t\t<\/button><figcaption class=\"wp-element-caption\">Foto: Ostaehli \/ Wikimedia Commons, CC BY-SA 4.0<\/figcaption><\/figure>\n\n\n\n<h3 class=\"wp-block-heading\"><span class=\"ez-toc-section\" id=\"17_Niederhorn_y_las_cabras_montesas_sobre_el_lago_de_Thun\"><\/span>17. Niederhorn y las cabras montesas sobre el lago de Thun<span class=\"ez-toc-section-end\"><\/span><\/h3>\n\n\n\n<p class=\"wp-block-paragraph\">Mientras todos van a Grindelwald, al otro lado de Interlaken est\u00e1 el <strong>Niederhorn a 1.950 metros<\/strong> y hay bastante m\u00e1s tranquilidad. Subes desde la orilla del lago de Thun en funicular terrestre y luego en g\u00f3ndola, en total te lleva <strong>una media hora<\/strong>.<\/p>\n\n\n\n<p class=\"wp-block-paragraph\">El principal reclamo aqu\u00ed son las <strong>cabras montesas<\/strong>. La colonia local se fund\u00f3 en 1949 soltando tres machos y hoy viven aqu\u00ed <strong>de setenta y cinco a cien<\/strong>. Adem\u00e1s, de julio a septiembre sale cada jueves por la ma\u00f1ana una expedici\u00f3n guiada con un experto local directamente hacia los reba\u00f1os.<\/p>\n\n\n\n<p class=\"wp-block-paragraph\">La ruta de cresta de aqu\u00ed al <strong>Gemmenalphorn a 2.061 metros<\/strong> obtuvo la medalla de oro al sendero m\u00e1s bonito de Suiza, pero es una jornada completa para los que est\u00e1n en forma. Con ni\u00f1os te basta el <strong>circuito de seiscientos metros justo en la estaci\u00f3n<\/strong>, que haces en media hora, y arriba hay un restaurante con parque infantil.<\/p>\n\n\n\n<p class=\"wp-block-paragraph\">\ud83d\udca1 Consejo: los telef\u00e9ricos circulan <strong>del 1 de mayo al 15 de noviembre<\/strong>. El billete de ida y vuelta desde el lago sale por 65 francos, pero si subes en autob\u00fas hasta Beatenberg y te subes all\u00ed, <strong>pagas solo 49<\/strong>. Adem\u00e1s, el Niederhorn ofrece <strong>descuento familiar: pagas solo por el primer hijo<\/strong>.<\/p>\n\n\n\n<figure data-wp-context=\"{&quot;imageId&quot;:&quot;6a94e5227f014&quot;}\" data-wp-interactive=\"core\/image\" data-wp-key=\"6a94e5227f014\" class=\"wp-block-image size-full wp-lightbox-container\"><img decoding=\"async\" width=\"1920\" height=\"1280\" data-wp-class--hide=\"state.isContentHidden\" data-wp-class--show=\"state.isContentVisible\" data-wp-init=\"callbacks.setButtonStyles\" data-wp-on--click=\"actions.showLightbox\" data-wp-on--load=\"callbacks.setButtonStyles\" data-wp-on--pointerdown=\"actions.preloadImage\" data-wp-on--pointerenter=\"actions.preloadImageWithDelay\" data-wp-on--pointerleave=\"actions.cancelPreload\" data-wp-on-window--resize=\"callbacks.setButtonStyles\" src=\"https:\/\/loudavymkrokem.cz\/wp-content\/uploads\/2026\/08\/bonigen-brienzer-rothorn-parni-lokomotiva.jpg\" alt=\"Locomotora de vapor del ferrocarril de cremallera en la estaci\u00f3n de cumbre del Brienzer Rothorn\" class=\"wp-image-407156\" title=\"\" srcset=\"https:\/\/loudavymkrokem.cz\/wp-content\/uploads\/2026\/08\/bonigen-brienzer-rothorn-parni-lokomotiva.jpg 1920w, https:\/\/loudavymkrokem.cz\/wp-content\/uploads\/2026\/08\/bonigen-brienzer-rothorn-parni-lokomotiva-300x200.jpg 300w, https:\/\/loudavymkrokem.cz\/wp-content\/uploads\/2026\/08\/bonigen-brienzer-rothorn-parni-lokomotiva-700x467.jpg 700w, https:\/\/loudavymkrokem.cz\/wp-content\/uploads\/2026\/08\/bonigen-brienzer-rothorn-parni-lokomotiva-768x512.jpg 768w, https:\/\/loudavymkrokem.cz\/wp-content\/uploads\/2026\/08\/bonigen-brienzer-rothorn-parni-lokomotiva-1536x1024.jpg 1536w, https:\/\/loudavymkrokem.cz\/wp-content\/uploads\/2026\/08\/bonigen-brienzer-rothorn-parni-lokomotiva-696x464.jpg 696w, https:\/\/loudavymkrokem.cz\/wp-content\/uploads\/2026\/08\/bonigen-brienzer-rothorn-parni-lokomotiva-1392x928.jpg 1392w\" sizes=\"(max-width: 1920px) 100vw, 1920px\" \/><button\n\t\t\tclass=\"lightbox-trigger\"\n\t\t\ttype=\"button\"\n\t\t\taria-haspopup=\"dialog\"\n\t\t\tdata-wp-bind--aria-label=\"state.thisImage.triggerButtonAriaLabel\"\n\t\t\tdata-wp-init=\"callbacks.initTriggerButton\"\n\t\t\tdata-wp-on--click=\"actions.showLightbox\"\n\t\t\tdata-wp-style--right=\"state.thisImage.buttonRight\"\n\t\t\tdata-wp-style--top=\"state.thisImage.buttonTop\"\n\t\t>\n\t\t\t<svg xmlns=\"http:\/\/www.w3.org\/2000\/svg\" width=\"12\" height=\"12\" fill=\"none\" viewBox=\"0 0 12 12\">\n\t\t\t\t<path fill=\"#fff\" d=\"M2 0a2 2 0 0 0-2 2v2h1.5V2a.5.5 0 0 1 .5-.5h2V0H2Zm2 10.5H2a.5.5 0 0 1-.5-.5V8H0v2a2 2 0 0 0 2 2h2v-1.5ZM8 12v-1.5h2a.5.5 0 0 0 .5-.5V8H12v2a2 2 0 0 1-2 2H8Zm2-12a2 2 0 0 1 2 2v2h-1.5V2a.5.5 0 0 0-.5-.5H8V0h2Z\" \/>\n\t\t\t<\/svg>\n\t\t<\/button><figcaption class=\"wp-element-caption\">Foto: Uwelino \/ Wikimedia Commons, CC BY-SA 4.0<\/figcaption><\/figure>\n\n\n\n<h3 class=\"wp-block-heading\"><span class=\"ez-toc-section\" id=\"18_En_cremallera_de_vapor_al_Brienzer_Rothorn\"><\/span>18. En cremallera de vapor al Brienzer Rothorn<span class=\"ez-toc-section-end\"><\/span><\/h3>\n\n\n\n<p class=\"wp-block-paragraph\">Esta excursi\u00f3n es una experiencia ya por el propio trayecto. Desde Brienz, en el otro extremo del lago, sale un <strong>ferrocarril de cremallera de vapor de 1892<\/strong>, que junto con la l\u00ednea del Furka es el <strong>\u00fanico ferrocarril de Suiza operado regularmente con vapor<\/strong>. En una hora sube por siete kil\u00f3metros y medio de v\u00eda un desnivel de <strong>1.678 metros<\/strong>.<\/p>\n\n\n\n<p class=\"wp-block-paragraph\">La estaci\u00f3n superior est\u00e1 a <strong>2.244 metros<\/strong> y a la propia cima del Brienzer Rothorn, a 2.350 metros, subes <strong>en quince minutos<\/strong>. La panor\u00e1mica desde aqu\u00ed es extraordinaria: se dice que se ven desde aqu\u00ed <strong>693 cumbres<\/strong>. Arriba hay dos restaurantes y en el hotel de monta\u00f1a se puede incluso pernoctar.<\/p>\n\n\n\n<p class=\"wp-block-paragraph\">Quien quiera ir a pie puede descender a la estaci\u00f3n intermedia de <strong>Planalp en dos horas y media<\/strong> y desde ah\u00ed bajar en tren. Se descienden unos mil metros, as\u00ed que las rodillas sufren. Desde B\u00f6nigen llegas aqu\u00ed pasando por Interlaken Ost, desde donde son <strong>menos de veinte minutos en tren<\/strong> hasta Brienz.<\/p>\n\n\n\n<p class=\"wp-block-paragraph\">\ud83d\udca1 Consejo: hasta la cima se circula <strong>solo del 6 de junio al 25 de octubre<\/strong>, antes el ferrocarril termina en Planalp. El billete de ida y vuelta cuesta 98 francos, pero <strong>los ni\u00f1os de seis a quince a\u00f1os viajan por diez francos<\/strong> y con el Bernese Oberland Pass tienes el viaje gratis. Por ocho francos puedes reservar un asiento concreto.<\/p>\n\n\n\n<figure data-wp-context=\"{&quot;imageId&quot;:&quot;6a94e5227f85d&quot;}\" data-wp-interactive=\"core\/image\" data-wp-key=\"6a94e5227f85d\" class=\"wp-block-image size-full wp-lightbox-container\"><img decoding=\"async\" width=\"1800\" height=\"1224\" data-wp-class--hide=\"state.isContentHidden\" data-wp-class--show=\"state.isContentVisible\" data-wp-init=\"callbacks.setButtonStyles\" data-wp-on--click=\"actions.showLightbox\" data-wp-on--load=\"callbacks.setButtonStyles\" data-wp-on--pointerdown=\"actions.preloadImage\" data-wp-on--pointerenter=\"actions.preloadImageWithDelay\" data-wp-on--pointerleave=\"actions.cancelPreload\" data-wp-on-window--resize=\"callbacks.setButtonStyles\" src=\"https:\/\/loudavymkrokem.cz\/wp-content\/uploads\/2026\/08\/articles-bonigen-18.jpg\" alt=\"Lago de Brienz a vista de p\u00e1jaro\" class=\"wp-image-404497\" title=\"\" srcset=\"https:\/\/loudavymkrokem.cz\/wp-content\/uploads\/2026\/08\/articles-bonigen-18.jpg 1800w, https:\/\/loudavymkrokem.cz\/wp-content\/uploads\/2026\/08\/articles-bonigen-18-300x204.jpg 300w, https:\/\/loudavymkrokem.cz\/wp-content\/uploads\/2026\/08\/articles-bonigen-18-700x476.jpg 700w, https:\/\/loudavymkrokem.cz\/wp-content\/uploads\/2026\/08\/articles-bonigen-18-768x522.jpg 768w, https:\/\/loudavymkrokem.cz\/wp-content\/uploads\/2026\/08\/articles-bonigen-18-1536x1044.jpg 1536w, https:\/\/loudavymkrokem.cz\/wp-content\/uploads\/2026\/08\/articles-bonigen-18-696x473.jpg 696w, https:\/\/loudavymkrokem.cz\/wp-content\/uploads\/2026\/08\/articles-bonigen-18-1392x947.jpg 1392w\" sizes=\"(max-width: 1800px) 100vw, 1800px\" \/><button\n\t\t\tclass=\"lightbox-trigger\"\n\t\t\ttype=\"button\"\n\t\t\taria-haspopup=\"dialog\"\n\t\t\tdata-wp-bind--aria-label=\"state.thisImage.triggerButtonAriaLabel\"\n\t\t\tdata-wp-init=\"callbacks.initTriggerButton\"\n\t\t\tdata-wp-on--click=\"actions.showLightbox\"\n\t\t\tdata-wp-style--right=\"state.thisImage.buttonRight\"\n\t\t\tdata-wp-style--top=\"state.thisImage.buttonTop\"\n\t\t>\n\t\t\t<svg xmlns=\"http:\/\/www.w3.org\/2000\/svg\" width=\"12\" height=\"12\" fill=\"none\" viewBox=\"0 0 12 12\">\n\t\t\t\t<path fill=\"#fff\" d=\"M2 0a2 2 0 0 0-2 2v2h1.5V2a.5.5 0 0 1 .5-.5h2V0H2Zm2 10.5H2a.5.5 0 0 1-.5-.5V8H0v2a2 2 0 0 0 2 2h2v-1.5ZM8 12v-1.5h2a.5.5 0 0 0 .5-.5V8H12v2a2 2 0 0 1-2 2H8Zm2-12a2 2 0 0 1 2 2v2h-1.5V2a.5.5 0 0 0-.5-.5H8V0h2Z\" \/>\n\t\t\t<\/svg>\n\t\t<\/button><figcaption class=\"wp-element-caption\">Foto: Carsten Steger \/ Wikimedia Commons, CC BY-SA 4.0<\/figcaption><\/figure>\n\n\n\n<h2 class=\"wp-block-heading\"><span class=\"ez-toc-section\" id=\"Excursiones_desde_Bonigen_6_ideas_por_los_alrededores\"><\/span>Excursiones desde B\u00f6nigen: 6 ideas por los alrededores<span class=\"ez-toc-section-end\"><\/span><\/h2>\n\n\n\n<p class=\"wp-block-paragraph\">Si tienes B\u00f6nigen como tu base, se te abre <strong>todo el Oberland bern\u00e9s<\/strong> como en la palma de la mano. Aqu\u00ed ya necesitar\u00e1s <strong>un presupuesto algo mayor<\/strong>, porque los telef\u00e9ricos y trenes de monta\u00f1a suizos no son ninguna ganga, pero las experiencias que vivir\u00e1s te quedar\u00e1n en la memoria de por vida.<\/p>\n\n\n\n<p class=\"wp-block-paragraph\">Recomiendo planificar las excursiones seg\u00fan la <strong>previsi\u00f3n meteorol\u00f3gica actual<\/strong>. A los caros miradores de monta\u00f1a tiene sentido subir solo los d\u00edas en que el cielo est\u00e1 <strong>absolutamente despejado<\/strong>, si no pagar\u00e1s decenas de francos por una vista a una niebla gris impenetrable.<\/p>\n\n\n\n<figure data-wp-context=\"{&quot;imageId&quot;:&quot;6a94e522800b2&quot;}\" data-wp-interactive=\"core\/image\" data-wp-key=\"6a94e522800b2\" class=\"wp-block-image size-full wp-lightbox-container\"><img decoding=\"async\" width=\"1800\" height=\"1011\" data-wp-class--hide=\"state.isContentHidden\" data-wp-class--show=\"state.isContentVisible\" data-wp-init=\"callbacks.setButtonStyles\" data-wp-on--click=\"actions.showLightbox\" data-wp-on--load=\"callbacks.setButtonStyles\" data-wp-on--pointerdown=\"actions.preloadImage\" data-wp-on--pointerenter=\"actions.preloadImageWithDelay\" data-wp-on--pointerleave=\"actions.cancelPreload\" data-wp-on-window--resize=\"callbacks.setButtonStyles\" src=\"https:\/\/loudavymkrokem.cz\/wp-content\/uploads\/2026\/08\/articles-bonigen-19.jpg\" alt=\"Mirador Harder Kulm sobre Interlaken\" class=\"wp-image-404500\" title=\"\" srcset=\"https:\/\/loudavymkrokem.cz\/wp-content\/uploads\/2026\/08\/articles-bonigen-19.jpg 1800w, https:\/\/loudavymkrokem.cz\/wp-content\/uploads\/2026\/08\/articles-bonigen-19-300x169.jpg 300w, https:\/\/loudavymkrokem.cz\/wp-content\/uploads\/2026\/08\/articles-bonigen-19-700x393.jpg 700w, https:\/\/loudavymkrokem.cz\/wp-content\/uploads\/2026\/08\/articles-bonigen-19-768x431.jpg 768w, https:\/\/loudavymkrokem.cz\/wp-content\/uploads\/2026\/08\/articles-bonigen-19-1536x863.jpg 1536w, https:\/\/loudavymkrokem.cz\/wp-content\/uploads\/2026\/08\/articles-bonigen-19-696x391.jpg 696w, https:\/\/loudavymkrokem.cz\/wp-content\/uploads\/2026\/08\/articles-bonigen-19-1392x782.jpg 1392w\" sizes=\"(max-width: 1800px) 100vw, 1800px\" \/><button\n\t\t\tclass=\"lightbox-trigger\"\n\t\t\ttype=\"button\"\n\t\t\taria-haspopup=\"dialog\"\n\t\t\tdata-wp-bind--aria-label=\"state.thisImage.triggerButtonAriaLabel\"\n\t\t\tdata-wp-init=\"callbacks.initTriggerButton\"\n\t\t\tdata-wp-on--click=\"actions.showLightbox\"\n\t\t\tdata-wp-style--right=\"state.thisImage.buttonRight\"\n\t\t\tdata-wp-style--top=\"state.thisImage.buttonTop\"\n\t\t>\n\t\t\t<svg xmlns=\"http:\/\/www.w3.org\/2000\/svg\" width=\"12\" height=\"12\" fill=\"none\" viewBox=\"0 0 12 12\">\n\t\t\t\t<path fill=\"#fff\" d=\"M2 0a2 2 0 0 0-2 2v2h1.5V2a.5.5 0 0 1 .5-.5h2V0H2Zm2 10.5H2a.5.5 0 0 1-.5-.5V8H0v2a2 2 0 0 0 2 2h2v-1.5ZM8 12v-1.5h2a.5.5 0 0 0 .5-.5V8H12v2a2 2 0 0 1-2 2H8Zm2-12a2 2 0 0 1 2 2v2h-1.5V2a.5.5 0 0 0-.5-.5H8V0h2Z\" \/>\n\t\t\t<\/svg>\n\t\t<\/button><figcaption class=\"wp-element-caption\">Foto: Ollie Craig \/ Pexels<\/figcaption><\/figure>\n\n\n\n<h3 class=\"wp-block-heading\"><span class=\"ez-toc-section\" id=\"19_Harder_Kulm_la_montana_local_de_Interlaken\"><\/span>19. Harder Kulm: la monta\u00f1a local de Interlaken<span class=\"ez-toc-section-end\"><\/span><\/h3>\n\n\n\n<p class=\"wp-block-paragraph\">Esto es de visita absolutamente obligada. El <strong>Harder Kulm, a 1.322 metros de altura<\/strong>, es conocido como la monta\u00f1a local de Interlaken y ofrece la vista m\u00e1s ic\u00f3nica de toda la zona. El hist\u00f3rico funicular te sube desde el valle en apenas 10 minutos, durante los cuales supera 755 metros de desnivel en una v\u00eda de solo 1,4 kil\u00f3metros.<\/p>\n\n\n\n<p class=\"wp-block-paragraph\">Para 2026, el <strong>billete de ida y vuelta para un adulto cuesta 44 CHF<\/strong>. Si tienes el Swiss Travel Pass o el Bernese Oberland Pass, consigues un 50 % de descuento. El funicular circula del 3 de abril al 29 de noviembre cada media hora, y en verano puedes bajar hasta bien entrada la noche.<\/p>\n\n\n\n<p class=\"wp-block-paragraph\">Arriba te espera la famosa <strong>plataforma mirador Two Lakes Bridge<\/strong>, que sobresale dram\u00e1ticamente sobre un precipicio. Est\u00e1s sobre ella y bajo tus pies ves a la vez ambos lagos (el Thunersee y el Brienzersee) y justo delante tienes el majestuoso tr\u00edo alpino: Eiger, M\u00f6nch y Jungfrau. Aqu\u00ed parece de verdad un decorado de pel\u00edcula.<\/p>\n\n\n\n<p class=\"wp-block-paragraph\">\ud83d\udca1 Consejo: <strong>evita las colas<\/strong> y compra el <strong>billete con antelaci\u00f3n online<\/strong> directamente en la web de <a href=\"https:\/\/www.harder-kulm.com\" target=\"_blank\" rel=\"nofollow noopener\">Harder Kulm<\/a>. Recibir\u00e1s un c\u00f3digo QR en el m\u00f3vil y pasar\u00e1s directo a los tornos.<\/p>\n\n\n\n<figure data-wp-context=\"{&quot;imageId&quot;:&quot;6a94e52280b54&quot;}\" data-wp-interactive=\"core\/image\" data-wp-key=\"6a94e52280b54\" class=\"wp-block-image size-full wp-lightbox-container\"><img decoding=\"async\" width=\"1800\" height=\"1350\" data-wp-class--hide=\"state.isContentHidden\" data-wp-class--show=\"state.isContentVisible\" data-wp-init=\"callbacks.setButtonStyles\" data-wp-on--click=\"actions.showLightbox\" data-wp-on--load=\"callbacks.setButtonStyles\" data-wp-on--pointerdown=\"actions.preloadImage\" data-wp-on--pointerenter=\"actions.preloadImageWithDelay\" data-wp-on--pointerleave=\"actions.cancelPreload\" data-wp-on-window--resize=\"callbacks.setButtonStyles\" src=\"https:\/\/loudavymkrokem.cz\/wp-content\/uploads\/2026\/08\/articles-bonigen-20.jpg\" alt=\"Cascadas escalonadas de Giessbach\" class=\"wp-image-404502\" title=\"\" srcset=\"https:\/\/loudavymkrokem.cz\/wp-content\/uploads\/2026\/08\/articles-bonigen-20.jpg 1800w, https:\/\/loudavymkrokem.cz\/wp-content\/uploads\/2026\/08\/articles-bonigen-20-300x225.jpg 300w, https:\/\/loudavymkrokem.cz\/wp-content\/uploads\/2026\/08\/articles-bonigen-20-700x525.jpg 700w, https:\/\/loudavymkrokem.cz\/wp-content\/uploads\/2026\/08\/articles-bonigen-20-768x576.jpg 768w, https:\/\/loudavymkrokem.cz\/wp-content\/uploads\/2026\/08\/articles-bonigen-20-1536x1152.jpg 1536w, https:\/\/loudavymkrokem.cz\/wp-content\/uploads\/2026\/08\/articles-bonigen-20-80x60.jpg 80w, https:\/\/loudavymkrokem.cz\/wp-content\/uploads\/2026\/08\/articles-bonigen-20-160x120.jpg 160w, https:\/\/loudavymkrokem.cz\/wp-content\/uploads\/2026\/08\/articles-bonigen-20-696x522.jpg 696w, https:\/\/loudavymkrokem.cz\/wp-content\/uploads\/2026\/08\/articles-bonigen-20-1392x1044.jpg 1392w\" sizes=\"(max-width: 1800px) 100vw, 1800px\" \/><button\n\t\t\tclass=\"lightbox-trigger\"\n\t\t\ttype=\"button\"\n\t\t\taria-haspopup=\"dialog\"\n\t\t\tdata-wp-bind--aria-label=\"state.thisImage.triggerButtonAriaLabel\"\n\t\t\tdata-wp-init=\"callbacks.initTriggerButton\"\n\t\t\tdata-wp-on--click=\"actions.showLightbox\"\n\t\t\tdata-wp-style--right=\"state.thisImage.buttonRight\"\n\t\t\tdata-wp-style--top=\"state.thisImage.buttonTop\"\n\t\t>\n\t\t\t<svg xmlns=\"http:\/\/www.w3.org\/2000\/svg\" width=\"12\" height=\"12\" fill=\"none\" viewBox=\"0 0 12 12\">\n\t\t\t\t<path fill=\"#fff\" d=\"M2 0a2 2 0 0 0-2 2v2h1.5V2a.5.5 0 0 1 .5-.5h2V0H2Zm2 10.5H2a.5.5 0 0 1-.5-.5V8H0v2a2 2 0 0 0 2 2h2v-1.5ZM8 12v-1.5h2a.5.5 0 0 0 .5-.5V8H12v2a2 2 0 0 1-2 2H8Zm2-12a2 2 0 0 1 2 2v2h-1.5V2a.5.5 0 0 0-.5-.5H8V0h2Z\" \/>\n\t\t\t<\/svg>\n\t\t<\/button><figcaption class=\"wp-element-caption\">Foto: Metehan \u015eeker \/ Pexels<\/figcaption><\/figure>\n\n\n\n<h3 class=\"wp-block-heading\"><span class=\"ez-toc-section\" id=\"20_Cascadas_de_Giessbach_y_el_paso_por_detras_del_agua\"><\/span>20. Cascadas de Giessbach y el paso por detr\u00e1s del agua<span class=\"ez-toc-section-end\"><\/span><\/h3>\n\n\n\n<p class=\"wp-block-paragraph\">El agua cae aqu\u00ed <strong>en 14 cascadas escalonadas<\/strong> desde unos 400 metros directamente al lago, y antes de que empieces a pensar que ya has visto cascadas en otros sitios, espera a lo que viene despu\u00e9s. Alrededor de las cascadas discurre una <strong>red de senderos perfectamente cuidados<\/strong>, que te llevan hasta los tramos m\u00e1s ruidosos y salvajes.<\/p>\n\n\n\n<p class=\"wp-block-paragraph\">El mayor reclamo es el <strong>sendero que pasa justo POR DETR\u00c1S de una de las cascadas<\/strong>. Puedes pasar bajo un potente saliente rocoso y mirar a trav\u00e9s de la pared de agua que cae hacia el lago turquesa y las monta\u00f1as circundantes. Es un circuito seguro de unos 20 minutos que te dejar\u00e1 completamente cautivado.<\/p>\n\n\n\n<p class=\"wp-block-paragraph\">Aqu\u00ed puedes llegar en coche (<strong>el aparcamiento sale por 15 CHF<\/strong> al d\u00eda en temporada alta), pero mucho m\u00e1s elegante es <strong>llegar en barco a la parada<\/strong> de Giessbach See. Desde ah\u00ed el camino sigue a pie o en el hist\u00f3rico funicular directamente hasta el inicio de los senderos.<\/p>\n\n\n\n<p class=\"wp-block-paragraph\">\ud83d\udca1 Consejo: si te dispones a venir aqu\u00ed en primavera durante el deshielo o tras lluvias abundantes, cuenta con que en el sendero por detr\u00e1s de la cascada <strong>recibir\u00e1s una buena ducha<\/strong>. <strong>La chaqueta impermeable es imprescindible<\/strong>.<\/p>\n\n\n\n<figure data-wp-context=\"{&quot;imageId&quot;:&quot;6a94e52281357&quot;}\" data-wp-interactive=\"core\/image\" data-wp-key=\"6a94e52281357\" class=\"wp-block-image size-full wp-lightbox-container\"><img decoding=\"async\" width=\"1800\" height=\"1350\" data-wp-class--hide=\"state.isContentHidden\" data-wp-class--show=\"state.isContentVisible\" data-wp-init=\"callbacks.setButtonStyles\" data-wp-on--click=\"actions.showLightbox\" data-wp-on--load=\"callbacks.setButtonStyles\" data-wp-on--pointerdown=\"actions.preloadImage\" data-wp-on--pointerenter=\"actions.preloadImageWithDelay\" data-wp-on--pointerleave=\"actions.cancelPreload\" data-wp-on-window--resize=\"callbacks.setButtonStyles\" src=\"https:\/\/loudavymkrokem.cz\/wp-content\/uploads\/2026\/08\/articles-bonigen-21.jpg\" alt=\"Grandhotel Giessbach y el hist\u00f3rico funicular\" class=\"wp-image-404504\" title=\"\" srcset=\"https:\/\/loudavymkrokem.cz\/wp-content\/uploads\/2026\/08\/articles-bonigen-21.jpg 1800w, https:\/\/loudavymkrokem.cz\/wp-content\/uploads\/2026\/08\/articles-bonigen-21-300x225.jpg 300w, https:\/\/loudavymkrokem.cz\/wp-content\/uploads\/2026\/08\/articles-bonigen-21-700x525.jpg 700w, https:\/\/loudavymkrokem.cz\/wp-content\/uploads\/2026\/08\/articles-bonigen-21-768x576.jpg 768w, https:\/\/loudavymkrokem.cz\/wp-content\/uploads\/2026\/08\/articles-bonigen-21-1536x1152.jpg 1536w, https:\/\/loudavymkrokem.cz\/wp-content\/uploads\/2026\/08\/articles-bonigen-21-80x60.jpg 80w, https:\/\/loudavymkrokem.cz\/wp-content\/uploads\/2026\/08\/articles-bonigen-21-160x120.jpg 160w, https:\/\/loudavymkrokem.cz\/wp-content\/uploads\/2026\/08\/articles-bonigen-21-696x522.jpg 696w, https:\/\/loudavymkrokem.cz\/wp-content\/uploads\/2026\/08\/articles-bonigen-21-1392x1044.jpg 1392w\" sizes=\"(max-width: 1800px) 100vw, 1800px\" \/><button\n\t\t\tclass=\"lightbox-trigger\"\n\t\t\ttype=\"button\"\n\t\t\taria-haspopup=\"dialog\"\n\t\t\tdata-wp-bind--aria-label=\"state.thisImage.triggerButtonAriaLabel\"\n\t\t\tdata-wp-init=\"callbacks.initTriggerButton\"\n\t\t\tdata-wp-on--click=\"actions.showLightbox\"\n\t\t\tdata-wp-style--right=\"state.thisImage.buttonRight\"\n\t\t\tdata-wp-style--top=\"state.thisImage.buttonTop\"\n\t\t>\n\t\t\t<svg xmlns=\"http:\/\/www.w3.org\/2000\/svg\" width=\"12\" height=\"12\" fill=\"none\" viewBox=\"0 0 12 12\">\n\t\t\t\t<path fill=\"#fff\" d=\"M2 0a2 2 0 0 0-2 2v2h1.5V2a.5.5 0 0 1 .5-.5h2V0H2Zm2 10.5H2a.5.5 0 0 1-.5-.5V8H0v2a2 2 0 0 0 2 2h2v-1.5ZM8 12v-1.5h2a.5.5 0 0 0 .5-.5V8H12v2a2 2 0 0 1-2 2H8Zm2-12a2 2 0 0 1 2 2v2h-1.5V2a.5.5 0 0 0-.5-.5H8V0h2Z\" \/>\n\t\t\t<\/svg>\n\t\t<\/button><figcaption class=\"wp-element-caption\">Foto: JoachimKohler-HB \/ Wikimedia Commons, CC BY-SA 4.0<\/figcaption><\/figure>\n\n\n\n<h3 class=\"wp-block-heading\"><span class=\"ez-toc-section\" id=\"21_El_funicular_turistico_mas_antiguo_de_Suiza_y_el_Grandhotel\"><\/span>21. El funicular tur\u00edstico m\u00e1s antiguo de Suiza y el Grandhotel<span class=\"ez-toc-section-end\"><\/span><\/h3>\n\n\n\n<p class=\"wp-block-paragraph\">Ya que llegas en barco a las cascadas de Giessbach, no te pierdas una joya t\u00e9cnica. Desde el embarcadero hacia arriba hasta el hotel circula el <strong>Giessbachbahn, el funicular en funcionamiento m\u00e1s antiguo de Suiza<\/strong>. Circula desde 1879 y fue el primer\u00edsimo funicular suizo construido puramente para turistas. Sus hist\u00f3ricos vagones rojos son incre\u00edblemente fotog\u00e9nicos.<\/p>\n\n\n\n<p class=\"wp-block-paragraph\">La estaci\u00f3n superior te deja justo ante las puertas del impresionante <strong>Grandhotel Giessbach<\/strong>. Este lujoso palacio del siglo XIX hosped\u00f3 a la flor y nata de todo el mundo y conserva hasta hoy su ambiente aristocr\u00e1tico. Alrededor del hotel se extiende un <strong>parque cuidadosamente mantenido de unas incre\u00edbles 22 hect\u00e1reas<\/strong>, por el que puedes pasear libremente.<\/p>\n\n\n\n<p class=\"wp-block-paragraph\">Aunque no te alojes en el hotel, te recomiendo desde luego sentarte en su <strong>enorme terraza mirador<\/strong>. El <strong>caf\u00e9 s\u00ed que cuesta un dineral<\/strong>, pero con las cascadas de fondo y ese ambiente aristocr\u00e1tico te sentir\u00e1s como en una novela de Agatha Christie, y eso simplemente merece la pena. \u263a\ufe0f<\/p>\n\n\n\n<p class=\"wp-block-paragraph\">\ud83d\udca1 Consejo: m\u00e1s sobre la <strong>historia del hotel<\/strong> y los <strong>horarios actuales del funicular<\/strong> puedes leerlo en la preciosa web del <a href=\"https:\/\/www.giessbach.ch\" target=\"_blank\" rel=\"nofollow noopener\">Grandhotel Giessbach<\/a>.<\/p>\n\n\n\n<figure data-wp-context=\"{&quot;imageId&quot;:&quot;6a94e52281e40&quot;}\" data-wp-interactive=\"core\/image\" data-wp-key=\"6a94e52281e40\" class=\"wp-block-image size-full wp-lightbox-container\"><img decoding=\"async\" width=\"1800\" height=\"1350\" data-wp-class--hide=\"state.isContentHidden\" data-wp-class--show=\"state.isContentVisible\" data-wp-init=\"callbacks.setButtonStyles\" data-wp-on--click=\"actions.showLightbox\" data-wp-on--load=\"callbacks.setButtonStyles\" data-wp-on--pointerdown=\"actions.preloadImage\" data-wp-on--pointerenter=\"actions.preloadImageWithDelay\" data-wp-on--pointerleave=\"actions.cancelPreload\" data-wp-on-window--resize=\"callbacks.setButtonStyles\" src=\"https:\/\/loudavymkrokem.cz\/wp-content\/uploads\/2026\/08\/articles-bonigen-22.jpg\" alt=\"Pueblo de Iseltwald en una pen\u00ednsula del lago\" class=\"wp-image-404505\" title=\"\" srcset=\"https:\/\/loudavymkrokem.cz\/wp-content\/uploads\/2026\/08\/articles-bonigen-22.jpg 1800w, https:\/\/loudavymkrokem.cz\/wp-content\/uploads\/2026\/08\/articles-bonigen-22-300x225.jpg 300w, https:\/\/loudavymkrokem.cz\/wp-content\/uploads\/2026\/08\/articles-bonigen-22-700x525.jpg 700w, https:\/\/loudavymkrokem.cz\/wp-content\/uploads\/2026\/08\/articles-bonigen-22-768x576.jpg 768w, https:\/\/loudavymkrokem.cz\/wp-content\/uploads\/2026\/08\/articles-bonigen-22-1536x1152.jpg 1536w, https:\/\/loudavymkrokem.cz\/wp-content\/uploads\/2026\/08\/articles-bonigen-22-80x60.jpg 80w, https:\/\/loudavymkrokem.cz\/wp-content\/uploads\/2026\/08\/articles-bonigen-22-160x120.jpg 160w, https:\/\/loudavymkrokem.cz\/wp-content\/uploads\/2026\/08\/articles-bonigen-22-696x522.jpg 696w, https:\/\/loudavymkrokem.cz\/wp-content\/uploads\/2026\/08\/articles-bonigen-22-1392x1044.jpg 1392w\" sizes=\"(max-width: 1800px) 100vw, 1800px\" \/><button\n\t\t\tclass=\"lightbox-trigger\"\n\t\t\ttype=\"button\"\n\t\t\taria-haspopup=\"dialog\"\n\t\t\tdata-wp-bind--aria-label=\"state.thisImage.triggerButtonAriaLabel\"\n\t\t\tdata-wp-init=\"callbacks.initTriggerButton\"\n\t\t\tdata-wp-on--click=\"actions.showLightbox\"\n\t\t\tdata-wp-style--right=\"state.thisImage.buttonRight\"\n\t\t\tdata-wp-style--top=\"state.thisImage.buttonTop\"\n\t\t>\n\t\t\t<svg xmlns=\"http:\/\/www.w3.org\/2000\/svg\" width=\"12\" height=\"12\" fill=\"none\" viewBox=\"0 0 12 12\">\n\t\t\t\t<path fill=\"#fff\" d=\"M2 0a2 2 0 0 0-2 2v2h1.5V2a.5.5 0 0 1 .5-.5h2V0H2Zm2 10.5H2a.5.5 0 0 1-.5-.5V8H0v2a2 2 0 0 0 2 2h2v-1.5ZM8 12v-1.5h2a.5.5 0 0 0 .5-.5V8H12v2a2 2 0 0 1-2 2H8Zm2-12a2 2 0 0 1 2 2v2h-1.5V2a.5.5 0 0 0-.5-.5H8V0h2Z\" \/>\n\t\t\t<\/svg>\n\t\t<\/button><figcaption class=\"wp-element-caption\">Foto: PKurmannCH \/ Wikimedia Commons, CC BY-SA 4.0<\/figcaption><\/figure>\n\n\n\n<h3 class=\"wp-block-heading\"><span class=\"ez-toc-section\" id=\"22_Iseltwald_y_el_iconico_muelle_de_la_serie\"><\/span>22. Iseltwald y el ic\u00f3nico muelle de la serie<span class=\"ez-toc-section-end\"><\/span><\/h3>\n\n\n\n<p class=\"wp-block-paragraph\">El pueblo vecino de Iseltwald es una pintoresca aldea situada en una peque\u00f1a pen\u00ednsula, adonde te lleva desde B\u00f6nigen el barco o el autob\u00fas 103. El muelle de madera local, sin embargo, se convirti\u00f3 hace poco en una sensaci\u00f3n viral, porque aqu\u00ed se rod\u00f3 una escena clave de la <strong>famosa serie surcoreana de Netflix \u00abAterrizaje de emergencia en tu coraz\u00f3n\u00bb<\/strong>.<\/p>\n\n\n\n<p class=\"wp-block-paragraph\">Desde entonces afluyen aqu\u00ed legiones de turistas asi\u00e1ticos que quieren hacerse una foto en el mismo sitio que sus h\u00e9roes de la serie. El municipio resolvi\u00f3 la situaci\u00f3n con astucia e instal\u00f3 delante del muelle <strong>un torno que cobra un \u00abpeaje por selfie\u00bb de 5 CHF<\/strong>. Lo recaudado va a la limpieza del pueblo y a la recogida de basura tras las multitudes de turistas. Solo en 2024 pasaron por el torno casi 50.000 personas y el municipio recaud\u00f3 con ello unos 245.000 francos. Los ba\u00f1os p\u00fablicos, a un franco, a\u00f1adieron otros 58.000.<\/p>\n\n\n\n<p class=\"wp-block-paragraph\">Adem\u00e1s del muelle, aqu\u00ed ver\u00e1s tambi\u00e9n el <strong>precioso castillito Seeburg de 1907<\/strong>, que funciona como s\u00edmbolo del pueblo (por desgracia es de propiedad privada y solo puedes verlo por fuera). En el lago, a poca distancia de la orilla, se encuentra el Schn\u00e4ggeninseli, la \u00fanica isla del lago de Brienz, donde seg\u00fan la leyenda los monjes criaban caracoles.<\/p>\n\n\n\n<p class=\"wp-block-paragraph\">\ud83d\udca1 Consejo: si quieres <strong>evitar las multitudes en el torno<\/strong> y tener tranquilidad para visitar el pueblo, echa un vistazo a la informaci\u00f3n en la <a href=\"https:\/\/www.boenigen-iseltwald.ch\" target=\"_blank\" rel=\"nofollow noopener\">web tur\u00edstica<\/a> y planifica tu visita a Iseltwald <strong>a primer\u00edsima hora de la ma\u00f1ana<\/strong>.<\/p>\n\n\n\n<figure data-wp-context=\"{&quot;imageId&quot;:&quot;6a94e522827fa&quot;}\" data-wp-interactive=\"core\/image\" data-wp-key=\"6a94e522827fa\" class=\"wp-block-image size-full wp-lightbox-container\"><img decoding=\"async\" width=\"1800\" height=\"1221\" data-wp-class--hide=\"state.isContentHidden\" data-wp-class--show=\"state.isContentVisible\" data-wp-init=\"callbacks.setButtonStyles\" data-wp-on--click=\"actions.showLightbox\" data-wp-on--load=\"callbacks.setButtonStyles\" data-wp-on--pointerdown=\"actions.preloadImage\" data-wp-on--pointerenter=\"actions.preloadImageWithDelay\" data-wp-on--pointerleave=\"actions.cancelPreload\" data-wp-on-window--resize=\"callbacks.setButtonStyles\" src=\"https:\/\/loudavymkrokem.cz\/wp-content\/uploads\/2026\/08\/articles-bonigen-23.jpg\" alt=\"Tren cremallera a la Schynige Platte\" class=\"wp-image-404508\" title=\"\" srcset=\"https:\/\/loudavymkrokem.cz\/wp-content\/uploads\/2026\/08\/articles-bonigen-23.jpg 1800w, https:\/\/loudavymkrokem.cz\/wp-content\/uploads\/2026\/08\/articles-bonigen-23-300x204.jpg 300w, https:\/\/loudavymkrokem.cz\/wp-content\/uploads\/2026\/08\/articles-bonigen-23-700x475.jpg 700w, https:\/\/loudavymkrokem.cz\/wp-content\/uploads\/2026\/08\/articles-bonigen-23-768x521.jpg 768w, https:\/\/loudavymkrokem.cz\/wp-content\/uploads\/2026\/08\/articles-bonigen-23-1536x1042.jpg 1536w, https:\/\/loudavymkrokem.cz\/wp-content\/uploads\/2026\/08\/articles-bonigen-23-696x472.jpg 696w, https:\/\/loudavymkrokem.cz\/wp-content\/uploads\/2026\/08\/articles-bonigen-23-1392x944.jpg 1392w\" sizes=\"(max-width: 1800px) 100vw, 1800px\" \/><button\n\t\t\tclass=\"lightbox-trigger\"\n\t\t\ttype=\"button\"\n\t\t\taria-haspopup=\"dialog\"\n\t\t\tdata-wp-bind--aria-label=\"state.thisImage.triggerButtonAriaLabel\"\n\t\t\tdata-wp-init=\"callbacks.initTriggerButton\"\n\t\t\tdata-wp-on--click=\"actions.showLightbox\"\n\t\t\tdata-wp-style--right=\"state.thisImage.buttonRight\"\n\t\t\tdata-wp-style--top=\"state.thisImage.buttonTop\"\n\t\t>\n\t\t\t<svg xmlns=\"http:\/\/www.w3.org\/2000\/svg\" width=\"12\" height=\"12\" fill=\"none\" viewBox=\"0 0 12 12\">\n\t\t\t\t<path fill=\"#fff\" d=\"M2 0a2 2 0 0 0-2 2v2h1.5V2a.5.5 0 0 1 .5-.5h2V0H2Zm2 10.5H2a.5.5 0 0 1-.5-.5V8H0v2a2 2 0 0 0 2 2h2v-1.5ZM8 12v-1.5h2a.5.5 0 0 0 .5-.5V8H12v2a2 2 0 0 1-2 2H8Zm2-12a2 2 0 0 1 2 2v2h-1.5V2a.5.5 0 0 0-.5-.5H8V0h2Z\" \/>\n\t\t\t<\/svg>\n\t\t<\/button><figcaption class=\"wp-element-caption\">Foto: JoachimKohler-HB \/ Wikimedia Commons, CC BY-SA 4.0<\/figcaption><\/figure>\n\n\n\n<h3 class=\"wp-block-heading\"><span class=\"ez-toc-section\" id=\"23_Schynige_Platte_cremallera_y_jardin_alpino\"><\/span>23. Schynige Platte: cremallera y jard\u00edn alpino<span class=\"ez-toc-section-end\"><\/span><\/h3>\n\n\n\n<p class=\"wp-block-paragraph\">Para esta excursi\u00f3n basta con desplazarse al cercano Wilderswil, desde donde sale el hist\u00f3rico ferrocarril de cremallera a la <strong>Schynige Platte, a 1.967 metros de altura<\/strong>. El viaje en los viejos vagones de madera dura casi una hora y es pura romanticismo. El billete de ida y vuelta sale en 2026 por <strong>68 CHF para un adulto<\/strong>, con billete a mitad de precio o Swiss Travel Pass por 34 CHF y <strong>con el Bernese Oberland Pass tienes el viaje gratis<\/strong>. La cremallera circula del 13 de junio al 25 de octubre.<\/p>\n\n\n\n<p class=\"wp-block-paragraph\">Arriba te recibe un impresionante <strong>jard\u00edn bot\u00e1nico alpino<\/strong>, donde en una ruta circular cuidadosamente mantenida crecen unas <strong>800 especies de plantas de alta monta\u00f1a<\/strong>, incluidas las raras edelweiss alpinas. Todo est\u00e1 preciosamente descrito y clasificado seg\u00fan los biotopos naturales.<\/p>\n\n\n\n<p class=\"wp-block-paragraph\">Pero la mejor experiencia es el circular <strong>Panoramaweg<\/strong>. Es una caminata c\u00f3moda de unas 2,5 horas, que te lleva a dos fant\u00e1sticos miradores en las rocas de Daube y Oberberghorn. Es una ruta apta para toda la familia, que no requiere ninguna habilidad de escalada, pero ofrece vistas de profesional.<\/p>\n\n\n\n<p class=\"wp-block-paragraph\">\ud83d\udca1 Consejo: en 2026 rigen en determinadas fechas (normalmente de mediados de junio a octubre) <strong>distintos descuentos especiales<\/strong>, as\u00ed que al comprar en taquilla no olvides comprobar si tienes <strong>derecho a un billete m\u00e1s barato<\/strong>.<\/p>\n\n\n\n<figure data-wp-context=\"{&quot;imageId&quot;:&quot;6a94e52282fd4&quot;}\" data-wp-interactive=\"core\/image\" data-wp-key=\"6a94e52282fd4\" class=\"wp-block-image size-full wp-lightbox-container\"><img decoding=\"async\" width=\"1800\" height=\"1350\" data-wp-class--hide=\"state.isContentHidden\" data-wp-class--show=\"state.isContentVisible\" data-wp-init=\"callbacks.setButtonStyles\" data-wp-on--click=\"actions.showLightbox\" data-wp-on--load=\"callbacks.setButtonStyles\" data-wp-on--pointerdown=\"actions.preloadImage\" data-wp-on--pointerenter=\"actions.preloadImageWithDelay\" data-wp-on--pointerleave=\"actions.cancelPreload\" data-wp-on-window--resize=\"callbacks.setButtonStyles\" src=\"https:\/\/loudavymkrokem.cz\/wp-content\/uploads\/2026\/08\/articles-bonigen-24.jpg\" alt=\"Interlaken con vistas al Jungfrau\" class=\"wp-image-404509\" title=\"\" srcset=\"https:\/\/loudavymkrokem.cz\/wp-content\/uploads\/2026\/08\/articles-bonigen-24.jpg 1800w, https:\/\/loudavymkrokem.cz\/wp-content\/uploads\/2026\/08\/articles-bonigen-24-300x225.jpg 300w, https:\/\/loudavymkrokem.cz\/wp-content\/uploads\/2026\/08\/articles-bonigen-24-700x525.jpg 700w, https:\/\/loudavymkrokem.cz\/wp-content\/uploads\/2026\/08\/articles-bonigen-24-768x576.jpg 768w, https:\/\/loudavymkrokem.cz\/wp-content\/uploads\/2026\/08\/articles-bonigen-24-1536x1152.jpg 1536w, https:\/\/loudavymkrokem.cz\/wp-content\/uploads\/2026\/08\/articles-bonigen-24-80x60.jpg 80w, https:\/\/loudavymkrokem.cz\/wp-content\/uploads\/2026\/08\/articles-bonigen-24-160x120.jpg 160w, https:\/\/loudavymkrokem.cz\/wp-content\/uploads\/2026\/08\/articles-bonigen-24-696x522.jpg 696w, https:\/\/loudavymkrokem.cz\/wp-content\/uploads\/2026\/08\/articles-bonigen-24-1392x1044.jpg 1392w\" sizes=\"(max-width: 1800px) 100vw, 1800px\" \/><button\n\t\t\tclass=\"lightbox-trigger\"\n\t\t\ttype=\"button\"\n\t\t\taria-haspopup=\"dialog\"\n\t\t\tdata-wp-bind--aria-label=\"state.thisImage.triggerButtonAriaLabel\"\n\t\t\tdata-wp-init=\"callbacks.initTriggerButton\"\n\t\t\tdata-wp-on--click=\"actions.showLightbox\"\n\t\t\tdata-wp-style--right=\"state.thisImage.buttonRight\"\n\t\t\tdata-wp-style--top=\"state.thisImage.buttonTop\"\n\t\t>\n\t\t\t<svg xmlns=\"http:\/\/www.w3.org\/2000\/svg\" width=\"12\" height=\"12\" fill=\"none\" viewBox=\"0 0 12 12\">\n\t\t\t\t<path fill=\"#fff\" d=\"M2 0a2 2 0 0 0-2 2v2h1.5V2a.5.5 0 0 1 .5-.5h2V0H2Zm2 10.5H2a.5.5 0 0 1-.5-.5V8H0v2a2 2 0 0 0 2 2h2v-1.5ZM8 12v-1.5h2a.5.5 0 0 0 .5-.5V8H12v2a2 2 0 0 1-2 2H8Zm2-12a2 2 0 0 1 2 2v2h-1.5V2a.5.5 0 0 0-.5-.5H8V0h2Z\" \/>\n\t\t\t<\/svg>\n\t\t<\/button><figcaption class=\"wp-element-caption\">Foto: Paebi \/ Wikimedia Commons, CC BY-SA 4.0<\/figcaption><\/figure>\n\n\n\n<h3 class=\"wp-block-heading\"><span class=\"ez-toc-section\" id=\"24_Interlaken_la_base_turistica_vecina\"><\/span>24. Interlaken: la base tur\u00edstica vecina<span class=\"ez-toc-section-end\"><\/span><\/h3>\n\n\n\n<p class=\"wp-block-paragraph\">Cuando te canses de la calma de B\u00f6nigen, basta con subirte al autob\u00fas 103 y en menos de 10 minutos est\u00e1s en el centro de Interlaken. Esta ciudad es todo lo contrario. Es <strong>bulliciosa, llena de tiendas de souvenirs, boutiques de lujo de relojes<\/strong> y sobre tu cabeza planean constantemente decenas de parapentistas que aterrizan en la gran pradera H\u00f6hematte en pleno centro.<\/p>\n\n\n\n<p class=\"wp-block-paragraph\">Aqu\u00ed encontrar\u00e1s los mejores supermercados para hacer provisiones, un mont\u00f3n de restaurantes de todo el mundo y un enorme casino. Interlaken funciona adem\u00e1s como <strong>principal nudo de transporte<\/strong> para las mayores excursiones de la regi\u00f3n, incluida la <strong>extremadamente cara cremallera al Jungfraujoch<\/strong> (Top of Europe).<\/p>\n\n\n\n<p class=\"wp-block-paragraph\">Est\u00e1 bien pasear por la ciudad, comprar chocolate y empaparse de ese ambiente internacional, pero ver\u00e1s que por la noche volver\u00e1s con enorme alegr\u00eda <strong>de vuelta al tranquilo pueblo<\/strong> junto al lago. Interlaken es un gran sirviente, pero como base para alojarse resulta, para mi gusto, <strong>demasiado ca\u00f3tica<\/strong>.<\/p>\n\n\n\n<p class=\"wp-block-paragraph\">\ud83d\udca1 Consejo: toda la <strong>informaci\u00f3n sobre eventos actuales<\/strong>, festivales y telef\u00e9ricos de los alrededores la encuentras mejor recopilada en el portal de <a href=\"https:\/\/www.interlaken.swiss\" target=\"_blank\" rel=\"nofollow noopener\">Interlaken<\/a>, que puedes <strong>guardar en tus marcadores<\/strong>.<\/p>\n\n\n\n<figure data-wp-context=\"{&quot;imageId&quot;:&quot;6a94e52283a9b&quot;}\" data-wp-interactive=\"core\/image\" data-wp-key=\"6a94e52283a9b\" class=\"wp-block-image size-full wp-lightbox-container\"><img decoding=\"async\" width=\"1800\" height=\"1200\" data-wp-class--hide=\"state.isContentHidden\" data-wp-class--show=\"state.isContentVisible\" data-wp-init=\"callbacks.setButtonStyles\" data-wp-on--click=\"actions.showLightbox\" data-wp-on--load=\"callbacks.setButtonStyles\" data-wp-on--pointerdown=\"actions.preloadImage\" data-wp-on--pointerenter=\"actions.preloadImageWithDelay\" data-wp-on--pointerleave=\"actions.cancelPreload\" data-wp-on-window--resize=\"callbacks.setButtonStyles\" src=\"https:\/\/loudavymkrokem.cz\/wp-content\/uploads\/2026\/08\/articles-bonigen-25.jpg\" alt=\"Excursi\u00f3n familiar al lago de Brienz\" class=\"wp-image-404513\" title=\"\" srcset=\"https:\/\/loudavymkrokem.cz\/wp-content\/uploads\/2026\/08\/articles-bonigen-25.jpg 1800w, https:\/\/loudavymkrokem.cz\/wp-content\/uploads\/2026\/08\/articles-bonigen-25-300x200.jpg 300w, https:\/\/loudavymkrokem.cz\/wp-content\/uploads\/2026\/08\/articles-bonigen-25-700x467.jpg 700w, https:\/\/loudavymkrokem.cz\/wp-content\/uploads\/2026\/08\/articles-bonigen-25-768x512.jpg 768w, https:\/\/loudavymkrokem.cz\/wp-content\/uploads\/2026\/08\/articles-bonigen-25-1536x1024.jpg 1536w, https:\/\/loudavymkrokem.cz\/wp-content\/uploads\/2026\/08\/articles-bonigen-25-696x464.jpg 696w, https:\/\/loudavymkrokem.cz\/wp-content\/uploads\/2026\/08\/articles-bonigen-25-1392x928.jpg 1392w\" sizes=\"(max-width: 1800px) 100vw, 1800px\" \/><button\n\t\t\tclass=\"lightbox-trigger\"\n\t\t\ttype=\"button\"\n\t\t\taria-haspopup=\"dialog\"\n\t\t\tdata-wp-bind--aria-label=\"state.thisImage.triggerButtonAriaLabel\"\n\t\t\tdata-wp-init=\"callbacks.initTriggerButton\"\n\t\t\tdata-wp-on--click=\"actions.showLightbox\"\n\t\t\tdata-wp-style--right=\"state.thisImage.buttonRight\"\n\t\t\tdata-wp-style--top=\"state.thisImage.buttonTop\"\n\t\t>\n\t\t\t<svg xmlns=\"http:\/\/www.w3.org\/2000\/svg\" width=\"12\" height=\"12\" fill=\"none\" viewBox=\"0 0 12 12\">\n\t\t\t\t<path fill=\"#fff\" d=\"M2 0a2 2 0 0 0-2 2v2h1.5V2a.5.5 0 0 1 .5-.5h2V0H2Zm2 10.5H2a.5.5 0 0 1-.5-.5V8H0v2a2 2 0 0 0 2 2h2v-1.5ZM8 12v-1.5h2a.5.5 0 0 0 .5-.5V8H12v2a2 2 0 0 1-2 2H8Zm2-12a2 2 0 0 1 2 2v2h-1.5V2a.5.5 0 0 0-.5-.5H8V0h2Z\" \/>\n\t\t\t<\/svg>\n\t\t<\/button><figcaption class=\"wp-element-caption\">Foto: Nicojonesgodel \/ Wikimedia Commons, CC BY-SA 4.0<\/figcaption><\/figure>\n\n\n\n<h2 class=\"wp-block-heading\"><span class=\"ez-toc-section\" id=\"Bonigen_con_ninos_que_hacer_en_familia\"><\/span>B\u00f6nigen con ni\u00f1os: qu\u00e9 hacer en familia<span class=\"ez-toc-section-end\"><\/span><\/h2>\n\n\n\n<p class=\"wp-block-paragraph\">El Oberland bern\u00e9s puede ser bastante despiadado para el bolsillo familiar, pero B\u00f6nigen es en este aspecto sorprendentemente amable y tiene una enorme ventaja. Muchas actividades se pueden hacer justo alrededor del agua <strong>sin necesidad de pagar los caros telef\u00e9ricos<\/strong>, y el terreno es aqu\u00ed lo bastante llano como para que lo <strong>superen incluso los ni\u00f1os m\u00e1s peque\u00f1os<\/strong> sin protestas innecesarias.<\/p>\n\n\n\n<p class=\"wp-block-paragraph\">La oficina de turismo local sabe adem\u00e1s muy bien que las familias forman una parte importante de los visitantes, as\u00ed que aqu\u00ed encontrar\u00e1s <strong>un mont\u00f3n de atracciones ingeniosas<\/strong> que mantienen a los ni\u00f1os en movimiento sin que se aburran. Aqu\u00ed tienes <strong>cinco ideas probadas<\/strong> de qu\u00e9 hacer con ni\u00f1os:<\/p>\n\n\n\n<figure data-wp-context=\"{&quot;imageId&quot;:&quot;6a94e522842fe&quot;}\" data-wp-interactive=\"core\/image\" data-wp-key=\"6a94e522842fe\" class=\"wp-block-image size-full wp-lightbox-container\"><img decoding=\"async\" width=\"1800\" height=\"1321\" data-wp-class--hide=\"state.isContentHidden\" data-wp-class--show=\"state.isContentVisible\" data-wp-init=\"callbacks.setButtonStyles\" data-wp-on--click=\"actions.showLightbox\" data-wp-on--load=\"callbacks.setButtonStyles\" data-wp-on--pointerdown=\"actions.preloadImage\" data-wp-on--pointerenter=\"actions.preloadImageWithDelay\" data-wp-on--pointerleave=\"actions.cancelPreload\" data-wp-on-window--resize=\"callbacks.setButtonStyles\" src=\"https:\/\/loudavymkrokem.cz\/wp-content\/uploads\/2026\/08\/articles-bonigen-26.jpg\" alt=\"Zona de ba\u00f1o junto al lago con instalaciones para ni\u00f1os\" class=\"wp-image-404514\" title=\"\" srcset=\"https:\/\/loudavymkrokem.cz\/wp-content\/uploads\/2026\/08\/articles-bonigen-26.jpg 1800w, https:\/\/loudavymkrokem.cz\/wp-content\/uploads\/2026\/08\/articles-bonigen-26-300x220.jpg 300w, https:\/\/loudavymkrokem.cz\/wp-content\/uploads\/2026\/08\/articles-bonigen-26-700x514.jpg 700w, https:\/\/loudavymkrokem.cz\/wp-content\/uploads\/2026\/08\/articles-bonigen-26-768x564.jpg 768w, https:\/\/loudavymkrokem.cz\/wp-content\/uploads\/2026\/08\/articles-bonigen-26-1536x1127.jpg 1536w, https:\/\/loudavymkrokem.cz\/wp-content\/uploads\/2026\/08\/articles-bonigen-26-80x60.jpg 80w, https:\/\/loudavymkrokem.cz\/wp-content\/uploads\/2026\/08\/articles-bonigen-26-696x511.jpg 696w, https:\/\/loudavymkrokem.cz\/wp-content\/uploads\/2026\/08\/articles-bonigen-26-1392x1022.jpg 1392w\" sizes=\"(max-width: 1800px) 100vw, 1800px\" \/><button\n\t\t\tclass=\"lightbox-trigger\"\n\t\t\ttype=\"button\"\n\t\t\taria-haspopup=\"dialog\"\n\t\t\tdata-wp-bind--aria-label=\"state.thisImage.triggerButtonAriaLabel\"\n\t\t\tdata-wp-init=\"callbacks.initTriggerButton\"\n\t\t\tdata-wp-on--click=\"actions.showLightbox\"\n\t\t\tdata-wp-style--right=\"state.thisImage.buttonRight\"\n\t\t\tdata-wp-style--top=\"state.thisImage.buttonTop\"\n\t\t>\n\t\t\t<svg xmlns=\"http:\/\/www.w3.org\/2000\/svg\" width=\"12\" height=\"12\" fill=\"none\" viewBox=\"0 0 12 12\">\n\t\t\t\t<path fill=\"#fff\" d=\"M2 0a2 2 0 0 0-2 2v2h1.5V2a.5.5 0 0 1 .5-.5h2V0H2Zm2 10.5H2a.5.5 0 0 1-.5-.5V8H0v2a2 2 0 0 0 2 2h2v-1.5ZM8 12v-1.5h2a.5.5 0 0 0 .5-.5V8H12v2a2 2 0 0 1-2 2H8Zm2-12a2 2 0 0 1 2 2v2h-1.5V2a.5.5 0 0 0-.5-.5H8V0h2Z\" \/>\n\t\t\t<\/svg>\n\t\t<\/button><figcaption class=\"wp-element-caption\">Foto: Patrick Nouhailler \/ Wikimedia Commons, CC BY-SA 3.0<\/figcaption><\/figure>\n\n\n\n<h3 class=\"wp-block-heading\"><span class=\"ez-toc-section\" id=\"La_playa_The_Beach_y_su_generoso_parque_infantil\"><\/span>La playa The Beach y su generoso parque infantil<span class=\"ez-toc-section-end\"><\/span><\/h3>\n\n\n\n<p class=\"wp-block-paragraph\">Cuando hace calor fuera, esto es una apuesta segura. La <strong>entrada de 4 CHF por ni\u00f1o<\/strong> (hasta 15 a\u00f1os) es, para lo suizo, una cifra rid\u00edcula. Los ni\u00f1os pueden desfogarse en la <strong>piscina climatizada con una profundidad ideal para jugar<\/strong> o en el seguro chapoteadero infantil.<\/p>\n\n\n\n<p class=\"wp-block-paragraph\">El recinto incluye un <strong>gran parque infantil con atracciones de agua<\/strong>, donde los peque\u00f1os se salpican sin problema y construyen castillos de arena. Todo el espacio es adem\u00e1s <strong>accesible sin problemas con cochecito<\/strong>, as\u00ed que llegas f\u00e1cilmente hasta aqu\u00ed incluso con los excursionistas m\u00e1s peque\u00f1os.<\/p>\n\n\n\n<figure data-wp-context=\"{&quot;imageId&quot;:&quot;6a94e52284bce&quot;}\" data-wp-interactive=\"core\/image\" data-wp-key=\"6a94e52284bce\" class=\"wp-block-image size-full wp-lightbox-container\"><img decoding=\"async\" width=\"1800\" height=\"1199\" data-wp-class--hide=\"state.isContentHidden\" data-wp-class--show=\"state.isContentVisible\" data-wp-init=\"callbacks.setButtonStyles\" data-wp-on--click=\"actions.showLightbox\" data-wp-on--load=\"callbacks.setButtonStyles\" data-wp-on--pointerdown=\"actions.preloadImage\" data-wp-on--pointerenter=\"actions.preloadImageWithDelay\" data-wp-on--pointerleave=\"actions.cancelPreload\" data-wp-on-window--resize=\"callbacks.setButtonStyles\" src=\"https:\/\/loudavymkrokem.cz\/wp-content\/uploads\/2026\/08\/articles-bonigen-27.jpg\" alt=\"Callejuelas del pueblo de Iseltwald\" class=\"wp-image-404516\" title=\"\" srcset=\"https:\/\/loudavymkrokem.cz\/wp-content\/uploads\/2026\/08\/articles-bonigen-27.jpg 1800w, https:\/\/loudavymkrokem.cz\/wp-content\/uploads\/2026\/08\/articles-bonigen-27-300x200.jpg 300w, https:\/\/loudavymkrokem.cz\/wp-content\/uploads\/2026\/08\/articles-bonigen-27-700x466.jpg 700w, https:\/\/loudavymkrokem.cz\/wp-content\/uploads\/2026\/08\/articles-bonigen-27-768x512.jpg 768w, https:\/\/loudavymkrokem.cz\/wp-content\/uploads\/2026\/08\/articles-bonigen-27-1536x1023.jpg 1536w, https:\/\/loudavymkrokem.cz\/wp-content\/uploads\/2026\/08\/articles-bonigen-27-696x464.jpg 696w, https:\/\/loudavymkrokem.cz\/wp-content\/uploads\/2026\/08\/articles-bonigen-27-1392x927.jpg 1392w\" sizes=\"(max-width: 1800px) 100vw, 1800px\" \/><button\n\t\t\tclass=\"lightbox-trigger\"\n\t\t\ttype=\"button\"\n\t\t\taria-haspopup=\"dialog\"\n\t\t\tdata-wp-bind--aria-label=\"state.thisImage.triggerButtonAriaLabel\"\n\t\t\tdata-wp-init=\"callbacks.initTriggerButton\"\n\t\t\tdata-wp-on--click=\"actions.showLightbox\"\n\t\t\tdata-wp-style--right=\"state.thisImage.buttonRight\"\n\t\t\tdata-wp-style--top=\"state.thisImage.buttonTop\"\n\t\t>\n\t\t\t<svg xmlns=\"http:\/\/www.w3.org\/2000\/svg\" width=\"12\" height=\"12\" fill=\"none\" viewBox=\"0 0 12 12\">\n\t\t\t\t<path fill=\"#fff\" d=\"M2 0a2 2 0 0 0-2 2v2h1.5V2a.5.5 0 0 1 .5-.5h2V0H2Zm2 10.5H2a.5.5 0 0 1-.5-.5V8H0v2a2 2 0 0 0 2 2h2v-1.5ZM8 12v-1.5h2a.5.5 0 0 0 .5-.5V8H12v2a2 2 0 0 1-2 2H8Zm2-12a2 2 0 0 1 2 2v2h-1.5V2a.5.5 0 0 0-.5-.5H8V0h2Z\" \/>\n\t\t\t<\/svg>\n\t\t<\/button><figcaption class=\"wp-element-caption\">Foto: Jean-Paul Wettstein \/ Pexels<\/figcaption><\/figure>\n\n\n\n<h3 class=\"wp-block-heading\"><span class=\"ez-toc-section\" id=\"Busqueda_del_tesoro_y_juego_de_detectives_en_Iseltwald\"><\/span>B\u00fasqueda del tesoro y juego de detectives en Iseltwald<span class=\"ez-toc-section-end\"><\/span><\/h3>\n\n\n\n<p class=\"wp-block-paragraph\">\u00bfC\u00f3mo lograr que los ni\u00f1os caminen sin quejarse? \u00a1Con un juego! En el propio B\u00f6nigen puedes salir con los ni\u00f1os a la <strong>Schatzsuche B\u00f6nigen (b\u00fasqueda del tesoro para familias)<\/strong>, que es una forma l\u00fadica de recorrer el pueblo cumpliendo tareas. Las paradas est\u00e1n ingeniosamente pensadas para que diviertan a todas las generaciones.<\/p>\n\n\n\n<p class=\"wp-block-paragraph\">En el vecino Iseltwald funciona a su vez el <strong>KrimiSpass Iseltwald<\/strong>, que es un juego digital de detectives para el m\u00f3vil, donde los ni\u00f1os resuelven un caso misterioso mientras pasean por los alrededores. Dura justo lo suficiente para mantener su atenci\u00f3n sin que a nadie le duelan las piernas.<\/p>\n\n\n\n<figure data-wp-context=\"{&quot;imageId&quot;:&quot;6a94e5228530f&quot;}\" data-wp-interactive=\"core\/image\" data-wp-key=\"6a94e5228530f\" class=\"wp-block-image size-full wp-lightbox-container\"><img decoding=\"async\" width=\"1800\" height=\"1073\" data-wp-class--hide=\"state.isContentHidden\" data-wp-class--show=\"state.isContentVisible\" data-wp-init=\"callbacks.setButtonStyles\" data-wp-on--click=\"actions.showLightbox\" data-wp-on--load=\"callbacks.setButtonStyles\" data-wp-on--pointerdown=\"actions.preloadImage\" data-wp-on--pointerenter=\"actions.preloadImageWithDelay\" data-wp-on--pointerleave=\"actions.cancelPreload\" data-wp-on-window--resize=\"callbacks.setButtonStyles\" src=\"https:\/\/loudavymkrokem.cz\/wp-content\/uploads\/2026\/08\/articles-bonigen-28.jpg\" alt=\"Camping junto a un lago en la monta\u00f1a\" class=\"wp-image-404519\" title=\"\" srcset=\"https:\/\/loudavymkrokem.cz\/wp-content\/uploads\/2026\/08\/articles-bonigen-28.jpg 1800w, https:\/\/loudavymkrokem.cz\/wp-content\/uploads\/2026\/08\/articles-bonigen-28-300x179.jpg 300w, https:\/\/loudavymkrokem.cz\/wp-content\/uploads\/2026\/08\/articles-bonigen-28-700x417.jpg 700w, https:\/\/loudavymkrokem.cz\/wp-content\/uploads\/2026\/08\/articles-bonigen-28-768x458.jpg 768w, https:\/\/loudavymkrokem.cz\/wp-content\/uploads\/2026\/08\/articles-bonigen-28-1536x916.jpg 1536w, https:\/\/loudavymkrokem.cz\/wp-content\/uploads\/2026\/08\/articles-bonigen-28-696x415.jpg 696w, https:\/\/loudavymkrokem.cz\/wp-content\/uploads\/2026\/08\/articles-bonigen-28-1392x830.jpg 1392w\" sizes=\"(max-width: 1800px) 100vw, 1800px\" \/><button\n\t\t\tclass=\"lightbox-trigger\"\n\t\t\ttype=\"button\"\n\t\t\taria-haspopup=\"dialog\"\n\t\t\tdata-wp-bind--aria-label=\"state.thisImage.triggerButtonAriaLabel\"\n\t\t\tdata-wp-init=\"callbacks.initTriggerButton\"\n\t\t\tdata-wp-on--click=\"actions.showLightbox\"\n\t\t\tdata-wp-style--right=\"state.thisImage.buttonRight\"\n\t\t\tdata-wp-style--top=\"state.thisImage.buttonTop\"\n\t\t>\n\t\t\t<svg xmlns=\"http:\/\/www.w3.org\/2000\/svg\" width=\"12\" height=\"12\" fill=\"none\" viewBox=\"0 0 12 12\">\n\t\t\t\t<path fill=\"#fff\" d=\"M2 0a2 2 0 0 0-2 2v2h1.5V2a.5.5 0 0 1 .5-.5h2V0H2Zm2 10.5H2a.5.5 0 0 1-.5-.5V8H0v2a2 2 0 0 0 2 2h2v-1.5ZM8 12v-1.5h2a.5.5 0 0 0 .5-.5V8H12v2a2 2 0 0 1-2 2H8Zm2-12a2 2 0 0 1 2 2v2h-1.5V2a.5.5 0 0 0-.5-.5H8V0h2Z\" \/>\n\t\t\t<\/svg>\n\t\t<\/button><figcaption class=\"wp-element-caption\">Foto: Syed Qaarif Andrabi \/ Pexels<\/figcaption><\/figure>\n\n\n\n<h3 class=\"wp-block-heading\"><span class=\"ez-toc-section\" id=\"Camping_TCS_ubicacion_estupenda_pero_con_una_gran_reserva\"><\/span>Camping TCS: ubicaci\u00f3n estupenda, pero con una gran reserva<span class=\"ez-toc-section-end\"><\/span><\/h3>\n\n\n\n<p class=\"wp-block-paragraph\">El <strong>TCS Camping B\u00f6nigen Brienzersee<\/strong>, en Campingstrasse 14, est\u00e1 justo al lado del lago y a doscientos metros de la playa. La ubicaci\u00f3n es de verdad estupenda y eso es algo que nadie le quita. La temporada va <strong>del 2 de abril al 18 de octubre<\/strong> y en verano pagas unos 72 a 80 euros por noche.<\/p>\n\n\n\n<p class=\"wp-block-paragraph\">Pero desde el principio tengo que aclarar una cosa que copian un mont\u00f3n de webs de aqu\u00ed y del extranjero: <strong>en el camping no hay piscina con tobog\u00e1n ni paseos a caballo<\/strong>. Solo hay un chapoteadero infantil, un parque y un cercado con conejos y gallinas. La piscina climatizada y los toboganes est\u00e1n en la <strong>vecina zona de ba\u00f1o The Beach, adonde los hu\u00e9spedes del camping van gratis<\/strong>, pero esta abre solo de mediados de mayo a mediados de septiembre, as\u00ed que parte de la temporada del camping est\u00e1 cerrada.<\/p>\n\n\n\n<p class=\"wp-block-paragraph\">Y ahora lo desagradable. Estuvimos aqu\u00ed <strong>con nuestro hijo de dos a\u00f1os, que justo estaba dejando el pa\u00f1al<\/strong>, y ya el primer d\u00eda tuvo un accidente. Le quitamos los pantalones mojados y lo sentamos en la hierba, por si necesitaba terminar lo que hab\u00eda empezado. En un momento ten\u00edamos al lado a un empleado del camping que lo calific\u00f3 de \u00abdisgusting\u00bb, diciendo que no se puede hacer pis en la hierba cuando hay ba\u00f1os disponibles.<\/p>\n\n\n\n<p class=\"wp-block-paragraph\">A los cinco minutos vino un segundo empleado diciendo que el encargado lo hab\u00eda notificado, y de nuevo nos explicaba que <strong>todos los ni\u00f1os saben usar el ba\u00f1o<\/strong> y que aqu\u00ed nunca hab\u00eda pasado nada semejante. Pero un ni\u00f1o de dos a\u00f1os en pleno aprendizaje del orinal tiene accidentes, sin m\u00e1s, y nosotros est\u00e1bamos ah\u00ed y lo resolvimos enseguida. No nos molest\u00f3 que nos recordaran las normas, sino <strong>ese tono hostil y humillante<\/strong>.<\/p>\n\n\n\n<p class=\"wp-block-paragraph\">El resto de la estancia nos sentimos all\u00ed poco bienvenidos. Al personal le dar\u00eda un <strong>uno sobre cinco, a la ubicaci\u00f3n un cinco sobre cinco<\/strong>. Y no somos los \u00fanicos: en TripAdvisor el camping tiene solo un 3,9 de 5 y la puntuaci\u00f3n por la atenci\u00f3n es la m\u00e1s baja de toda la valoraci\u00f3n. En abril de 2026 otra familia titul\u00f3 su rese\u00f1a directamente \u00abFamilien nicht willkommen\u00bb (familias no bienvenidas) despu\u00e9s de que el personal reaccionara de forma desproporcionada ante las migas de sus hijos de uno y cuatro a\u00f1os.<\/p>\n\n\n\n<p class=\"wp-block-paragraph\">\ud83d\udca1 Consejo: si quieres acampar en B\u00f6nigen y llevas contigo a un beb\u00e9, ten en cuenta c\u00f3mo funcionan aqu\u00ed las cosas: <strong>a las familias con los m\u00e1s peque\u00f1os, tras nuestra propia experiencia, este camping no lo recomiendo<\/strong>. Plant\u00e9ate mejor un apartamento con cocina, que en Suiza sale igualmente mejor que comer en restaurantes. Quien aun as\u00ed vaya, que pida la <strong>plaza n\u00famero 22<\/strong>: es la \u00fanica donde el seto deja las vistas al lago.<\/p>\n\n\n\n<figure data-wp-context=\"{&quot;imageId&quot;:&quot;6a94e52285dcf&quot;}\" data-wp-interactive=\"core\/image\" data-wp-key=\"6a94e52285dcf\" class=\"wp-block-image size-full wp-lightbox-container\"><img decoding=\"async\" width=\"1800\" height=\"1275\" data-wp-class--hide=\"state.isContentHidden\" data-wp-class--show=\"state.isContentVisible\" data-wp-init=\"callbacks.setButtonStyles\" data-wp-on--click=\"actions.showLightbox\" data-wp-on--load=\"callbacks.setButtonStyles\" data-wp-on--pointerdown=\"actions.preloadImage\" data-wp-on--pointerenter=\"actions.preloadImageWithDelay\" data-wp-on--pointerleave=\"actions.cancelPreload\" data-wp-on-window--resize=\"callbacks.setButtonStyles\" src=\"https:\/\/loudavymkrokem.cz\/wp-content\/uploads\/2026\/08\/articles-bonigen-29.jpg\" alt=\"Jard\u00edn alpino en la Schynige Platte\" class=\"wp-image-404524\" title=\"\" srcset=\"https:\/\/loudavymkrokem.cz\/wp-content\/uploads\/2026\/08\/articles-bonigen-29.jpg 1800w, https:\/\/loudavymkrokem.cz\/wp-content\/uploads\/2026\/08\/articles-bonigen-29-300x213.jpg 300w, https:\/\/loudavymkrokem.cz\/wp-content\/uploads\/2026\/08\/articles-bonigen-29-700x496.jpg 700w, https:\/\/loudavymkrokem.cz\/wp-content\/uploads\/2026\/08\/articles-bonigen-29-768x544.jpg 768w, https:\/\/loudavymkrokem.cz\/wp-content\/uploads\/2026\/08\/articles-bonigen-29-1536x1088.jpg 1536w, https:\/\/loudavymkrokem.cz\/wp-content\/uploads\/2026\/08\/articles-bonigen-29-696x493.jpg 696w, https:\/\/loudavymkrokem.cz\/wp-content\/uploads\/2026\/08\/articles-bonigen-29-1392x986.jpg 1392w\" sizes=\"(max-width: 1800px) 100vw, 1800px\" \/><button\n\t\t\tclass=\"lightbox-trigger\"\n\t\t\ttype=\"button\"\n\t\t\taria-haspopup=\"dialog\"\n\t\t\tdata-wp-bind--aria-label=\"state.thisImage.triggerButtonAriaLabel\"\n\t\t\tdata-wp-init=\"callbacks.initTriggerButton\"\n\t\t\tdata-wp-on--click=\"actions.showLightbox\"\n\t\t\tdata-wp-style--right=\"state.thisImage.buttonRight\"\n\t\t\tdata-wp-style--top=\"state.thisImage.buttonTop\"\n\t\t>\n\t\t\t<svg xmlns=\"http:\/\/www.w3.org\/2000\/svg\" width=\"12\" height=\"12\" fill=\"none\" viewBox=\"0 0 12 12\">\n\t\t\t\t<path fill=\"#fff\" d=\"M2 0a2 2 0 0 0-2 2v2h1.5V2a.5.5 0 0 1 .5-.5h2V0H2Zm2 10.5H2a.5.5 0 0 1-.5-.5V8H0v2a2 2 0 0 0 2 2h2v-1.5ZM8 12v-1.5h2a.5.5 0 0 0 .5-.5V8H12v2a2 2 0 0 1-2 2H8Zm2-12a2 2 0 0 1 2 2v2h-1.5V2a.5.5 0 0 0-.5-.5H8V0h2Z\" \/>\n\t\t\t<\/svg>\n\t\t<\/button><figcaption class=\"wp-element-caption\">Foto: Murray Foubister \/ Wikimedia Commons, CC BY-SA 2.0<\/figcaption><\/figure>\n\n\n\n<h3 class=\"wp-block-heading\"><span class=\"ez-toc-section\" id=\"Lilys_Alpenspielplatz_y_el_Panoramaweg_en_la_Schynige_Platte\"><\/span>Lily&#8217;s Alpenspielplatz y el Panoramaweg en la Schynige Platte<span class=\"ez-toc-section-end\"><\/span><\/h3>\n\n\n\n<p class=\"wp-block-paragraph\">Cuando subas en cremallera a la Schynige Platte, los ni\u00f1os quedar\u00e1n encantados con el parque alpino local Lily&#8217;s Alpenspielplatz. Encontrar\u00e1n aqu\u00ed un <strong>sendero de equilibrio de aventura, un enorme tobog\u00e1n y una estructura para trepar en forma de nido de \u00e1guila<\/strong> con vistas a las majestuosas monta\u00f1as nevadas.<\/p>\n\n\n\n<p class=\"wp-block-paragraph\">La caminata posterior por la ruta circular Panoramaweg <strong>lleva unas 2,5 horas<\/strong> y el terreno es tan amable que, con un poco de ayuda, lo <strong>superan incluso los preescolares<\/strong>. El camino es ancho, seguro y est\u00e1 lleno de bancos donde puedes pararte en cualquier momento a merendar.<\/p>\n\n\n\n<figure data-wp-context=\"{&quot;imageId&quot;:&quot;6a94e5228654a&quot;}\" data-wp-interactive=\"core\/image\" data-wp-key=\"6a94e5228654a\" class=\"wp-block-image size-full wp-lightbox-container\"><img decoding=\"async\" width=\"1800\" height=\"1800\" data-wp-class--hide=\"state.isContentHidden\" data-wp-class--show=\"state.isContentVisible\" data-wp-init=\"callbacks.setButtonStyles\" data-wp-on--click=\"actions.showLightbox\" data-wp-on--load=\"callbacks.setButtonStyles\" data-wp-on--pointerdown=\"actions.preloadImage\" data-wp-on--pointerenter=\"actions.preloadImageWithDelay\" data-wp-on--pointerleave=\"actions.cancelPreload\" data-wp-on-window--resize=\"callbacks.setButtonStyles\" src=\"https:\/\/loudavymkrokem.cz\/wp-content\/uploads\/2026\/08\/articles-bonigen-30.jpg\" alt=\"Barco de BLS en el lago de Brienz\" class=\"wp-image-404528\" title=\"\" srcset=\"https:\/\/loudavymkrokem.cz\/wp-content\/uploads\/2026\/08\/articles-bonigen-30.jpg 1800w, https:\/\/loudavymkrokem.cz\/wp-content\/uploads\/2026\/08\/articles-bonigen-30-300x300.jpg 300w, https:\/\/loudavymkrokem.cz\/wp-content\/uploads\/2026\/08\/articles-bonigen-30-700x700.jpg 700w, https:\/\/loudavymkrokem.cz\/wp-content\/uploads\/2026\/08\/articles-bonigen-30-150x150.jpg 150w, https:\/\/loudavymkrokem.cz\/wp-content\/uploads\/2026\/08\/articles-bonigen-30-768x768.jpg 768w, https:\/\/loudavymkrokem.cz\/wp-content\/uploads\/2026\/08\/articles-bonigen-30-1536x1536.jpg 1536w, https:\/\/loudavymkrokem.cz\/wp-content\/uploads\/2026\/08\/articles-bonigen-30-696x696.jpg 696w, https:\/\/loudavymkrokem.cz\/wp-content\/uploads\/2026\/08\/articles-bonigen-30-1392x1392.jpg 1392w\" sizes=\"(max-width: 1800px) 100vw, 1800px\" \/><button\n\t\t\tclass=\"lightbox-trigger\"\n\t\t\ttype=\"button\"\n\t\t\taria-haspopup=\"dialog\"\n\t\t\tdata-wp-bind--aria-label=\"state.thisImage.triggerButtonAriaLabel\"\n\t\t\tdata-wp-init=\"callbacks.initTriggerButton\"\n\t\t\tdata-wp-on--click=\"actions.showLightbox\"\n\t\t\tdata-wp-style--right=\"state.thisImage.buttonRight\"\n\t\t\tdata-wp-style--top=\"state.thisImage.buttonTop\"\n\t\t>\n\t\t\t<svg xmlns=\"http:\/\/www.w3.org\/2000\/svg\" width=\"12\" height=\"12\" fill=\"none\" viewBox=\"0 0 12 12\">\n\t\t\t\t<path fill=\"#fff\" d=\"M2 0a2 2 0 0 0-2 2v2h1.5V2a.5.5 0 0 1 .5-.5h2V0H2Zm2 10.5H2a.5.5 0 0 1-.5-.5V8H0v2a2 2 0 0 0 2 2h2v-1.5ZM8 12v-1.5h2a.5.5 0 0 0 .5-.5V8H12v2a2 2 0 0 1-2 2H8Zm2-12a2 2 0 0 1 2 2v2h-1.5V2a.5.5 0 0 0-.5-.5H8V0h2Z\" \/>\n\t\t\t<\/svg>\n\t\t<\/button><figcaption class=\"wp-element-caption\">Foto: JoachimKohler-HB \/ Wikimedia Commons, CC BY-SA 4.0<\/figcaption><\/figure>\n\n\n\n<h3 class=\"wp-block-heading\"><span class=\"ez-toc-section\" id=\"El_barco_y_el_paseo_sin_barreras_con_cochecito\"><\/span>El barco y el paseo sin barreras con cochecito<span class=\"ez-toc-section-end\"><\/span><\/h3>\n\n\n\n<p class=\"wp-block-paragraph\">El propio viaje en el hist\u00f3rico barco de vapor es una experiencia enorme para los ni\u00f1os (y recuerda que <strong>los ni\u00f1os hasta 6 a\u00f1os viajan gratis en los barcos de BLS<\/strong>, los mayores hasta 15 a\u00f1os tienen billete a mitad de precio). A bordo pueden observar la enorme rueda de paletas en movimiento, lo que f\u00e1cilmente entretiene una buena media hora.<\/p>\n\n\n\n<p class=\"wp-block-paragraph\">Con el cochecito puedes adem\u00e1s salir al <strong>Seepromenadeweg<\/strong>, que es un paseo precioso, ancho y totalmente sin barreras a lo largo del lago y del r\u00edo Aare en direcci\u00f3n a Interlaken. No te topar\u00e1s con molestas escaleras en ning\u00fan punto del camino y la superficie es maravillosamente lisa.<\/p>\n\n\n\n<figure data-wp-context=\"{&quot;imageId&quot;:&quot;6a94e52286db6&quot;}\" data-wp-interactive=\"core\/image\" data-wp-key=\"6a94e52286db6\" class=\"wp-block-image size-full wp-lightbox-container\"><img decoding=\"async\" width=\"1800\" height=\"1200\" data-wp-class--hide=\"state.isContentHidden\" data-wp-class--show=\"state.isContentVisible\" data-wp-init=\"callbacks.setButtonStyles\" data-wp-on--click=\"actions.showLightbox\" data-wp-on--load=\"callbacks.setButtonStyles\" data-wp-on--pointerdown=\"actions.preloadImage\" data-wp-on--pointerenter=\"actions.preloadImageWithDelay\" data-wp-on--pointerleave=\"actions.cancelPreload\" data-wp-on-window--resize=\"callbacks.setButtonStyles\" src=\"https:\/\/loudavymkrokem.cz\/wp-content\/uploads\/2026\/08\/articles-bonigen-31.jpg\" alt=\"Pueblo de B\u00f6nigen y sus restaurantes\" class=\"wp-image-404530\" title=\"\" srcset=\"https:\/\/loudavymkrokem.cz\/wp-content\/uploads\/2026\/08\/articles-bonigen-31.jpg 1800w, https:\/\/loudavymkrokem.cz\/wp-content\/uploads\/2026\/08\/articles-bonigen-31-300x200.jpg 300w, https:\/\/loudavymkrokem.cz\/wp-content\/uploads\/2026\/08\/articles-bonigen-31-700x467.jpg 700w, https:\/\/loudavymkrokem.cz\/wp-content\/uploads\/2026\/08\/articles-bonigen-31-768x512.jpg 768w, https:\/\/loudavymkrokem.cz\/wp-content\/uploads\/2026\/08\/articles-bonigen-31-1536x1024.jpg 1536w, https:\/\/loudavymkrokem.cz\/wp-content\/uploads\/2026\/08\/articles-bonigen-31-696x464.jpg 696w, https:\/\/loudavymkrokem.cz\/wp-content\/uploads\/2026\/08\/articles-bonigen-31-1392x928.jpg 1392w\" sizes=\"(max-width: 1800px) 100vw, 1800px\" \/><button\n\t\t\tclass=\"lightbox-trigger\"\n\t\t\ttype=\"button\"\n\t\t\taria-haspopup=\"dialog\"\n\t\t\tdata-wp-bind--aria-label=\"state.thisImage.triggerButtonAriaLabel\"\n\t\t\tdata-wp-init=\"callbacks.initTriggerButton\"\n\t\t\tdata-wp-on--click=\"actions.showLightbox\"\n\t\t\tdata-wp-style--right=\"state.thisImage.buttonRight\"\n\t\t\tdata-wp-style--top=\"state.thisImage.buttonTop\"\n\t\t>\n\t\t\t<svg xmlns=\"http:\/\/www.w3.org\/2000\/svg\" width=\"12\" height=\"12\" fill=\"none\" viewBox=\"0 0 12 12\">\n\t\t\t\t<path fill=\"#fff\" d=\"M2 0a2 2 0 0 0-2 2v2h1.5V2a.5.5 0 0 1 .5-.5h2V0H2Zm2 10.5H2a.5.5 0 0 1-.5-.5V8H0v2a2 2 0 0 0 2 2h2v-1.5ZM8 12v-1.5h2a.5.5 0 0 0 .5-.5V8H12v2a2 2 0 0 1-2 2H8Zm2-12a2 2 0 0 1 2 2v2h-1.5V2a.5.5 0 0 0-.5-.5H8V0h2Z\" \/>\n\t\t\t<\/svg>\n\t\t<\/button><figcaption class=\"wp-element-caption\">Foto: Freek Wolsink \/ Pexels<\/figcaption><\/figure>\n\n\n\n<h2 class=\"wp-block-heading\"><span class=\"ez-toc-section\" id=\"Donde_comer_en_Bonigen\"><\/span>D\u00f3nde comer en B\u00f6nigen<span class=\"ez-toc-section-end\"><\/span><\/h2>\n\n\n\n<p class=\"wp-block-paragraph\">La escena gastron\u00f3mica en el propio pueblo es m\u00e1s bien recogida, al fin y al cabo no es ninguna gran ciudad. La mayor\u00eda de la gente va a por una amplia oferta de cocinas en autob\u00fas al cercano Interlaken, pero tambi\u00e9n justo al lado del lago encontrar\u00e1s unos cuantos locales muy agradables donde descansar tras una ruta. Los restaurantes locales sirven a menudo <strong>pescado fresco del lago de Brienz<\/strong>, que es una <strong>reconocida especialidad local<\/strong> por la que se acercan viajeros de muy lejos.<\/p>\n\n\n\n<p class=\"wp-block-paragraph\">Si buscas algo seguro tras un d\u00eda exigente, aqu\u00ed tienes locales con excelente valoraci\u00f3n:<\/p>\n\n\n\n<figure data-wp-context=\"{&quot;imageId&quot;:&quot;6a94e522875f1&quot;}\" data-wp-interactive=\"core\/image\" data-wp-key=\"6a94e522875f1\" class=\"wp-block-image size-full wp-lightbox-container\"><img decoding=\"async\" width=\"1800\" height=\"1200\" data-wp-class--hide=\"state.isContentHidden\" data-wp-class--show=\"state.isContentVisible\" data-wp-init=\"callbacks.setButtonStyles\" data-wp-on--click=\"actions.showLightbox\" data-wp-on--load=\"callbacks.setButtonStyles\" data-wp-on--pointerdown=\"actions.preloadImage\" data-wp-on--pointerenter=\"actions.preloadImageWithDelay\" data-wp-on--pointerleave=\"actions.cancelPreload\" data-wp-on-window--resize=\"callbacks.setButtonStyles\" src=\"https:\/\/loudavymkrokem.cz\/wp-content\/uploads\/2026\/08\/articles-bonigen-32.jpg\" alt=\"Pizza en un restaurante junto al lago\" class=\"wp-image-404535\" title=\"\" srcset=\"https:\/\/loudavymkrokem.cz\/wp-content\/uploads\/2026\/08\/articles-bonigen-32.jpg 1800w, https:\/\/loudavymkrokem.cz\/wp-content\/uploads\/2026\/08\/articles-bonigen-32-300x200.jpg 300w, https:\/\/loudavymkrokem.cz\/wp-content\/uploads\/2026\/08\/articles-bonigen-32-700x467.jpg 700w, https:\/\/loudavymkrokem.cz\/wp-content\/uploads\/2026\/08\/articles-bonigen-32-768x512.jpg 768w, https:\/\/loudavymkrokem.cz\/wp-content\/uploads\/2026\/08\/articles-bonigen-32-1536x1024.jpg 1536w, https:\/\/loudavymkrokem.cz\/wp-content\/uploads\/2026\/08\/articles-bonigen-32-696x464.jpg 696w, https:\/\/loudavymkrokem.cz\/wp-content\/uploads\/2026\/08\/articles-bonigen-32-1392x928.jpg 1392w\" sizes=\"(max-width: 1800px) 100vw, 1800px\" \/><button\n\t\t\tclass=\"lightbox-trigger\"\n\t\t\ttype=\"button\"\n\t\t\taria-haspopup=\"dialog\"\n\t\t\tdata-wp-bind--aria-label=\"state.thisImage.triggerButtonAriaLabel\"\n\t\t\tdata-wp-init=\"callbacks.initTriggerButton\"\n\t\t\tdata-wp-on--click=\"actions.showLightbox\"\n\t\t\tdata-wp-style--right=\"state.thisImage.buttonRight\"\n\t\t\tdata-wp-style--top=\"state.thisImage.buttonTop\"\n\t\t>\n\t\t\t<svg xmlns=\"http:\/\/www.w3.org\/2000\/svg\" width=\"12\" height=\"12\" fill=\"none\" viewBox=\"0 0 12 12\">\n\t\t\t\t<path fill=\"#fff\" d=\"M2 0a2 2 0 0 0-2 2v2h1.5V2a.5.5 0 0 1 .5-.5h2V0H2Zm2 10.5H2a.5.5 0 0 1-.5-.5V8H0v2a2 2 0 0 0 2 2h2v-1.5ZM8 12v-1.5h2a.5.5 0 0 0 .5-.5V8H12v2a2 2 0 0 1-2 2H8Zm2-12a2 2 0 0 1 2 2v2h-1.5V2a.5.5 0 0 0-.5-.5H8V0h2Z\" \/>\n\t\t\t<\/svg>\n\t\t<\/button><figcaption class=\"wp-element-caption\">Foto: Cup of  Couple \/ Pexels<\/figcaption><\/figure>\n\n\n\n<h3 class=\"wp-block-heading\"><span class=\"ez-toc-section\" id=\"Pizzeria_La_Boheme\"><\/span>Pizzeria La Boh\u00e8me<span class=\"ez-toc-section-end\"><\/span><\/h3>\n\n\n\n<p class=\"wp-block-paragraph\">La encuentras justo en el edificio del hotel Seiler au Lac en el paseo mar\u00edtimo (Am Quai 3). En Google tiene una valoraci\u00f3n muy s\u00f3lida de 4,4 y es una <strong>opci\u00f3n absolutamente segura y contundente si tras un d\u00eda exigente no quieres experimentar largamente<\/strong> con la carta.<\/p>\n\n\n\n<p class=\"wp-block-paragraph\">No te pierdas su <strong>estupenda pizza Margherita<\/strong> con queso extra o su exquisita pasta. Se est\u00e1 sentado aqu\u00ed <strong>muy cerca del agua<\/strong>, el ambiente es agradablemente relajado y el personal est\u00e1 totalmente acostumbrado a los turistas sudorosos con pesadas botas de monta\u00f1a.<\/p>\n\n\n\n<figure data-wp-context=\"{&quot;imageId&quot;:&quot;6a94e52287ce0&quot;}\" data-wp-interactive=\"core\/image\" data-wp-key=\"6a94e52287ce0\" class=\"wp-block-image size-full wp-lightbox-container\"><img decoding=\"async\" width=\"1800\" height=\"1200\" data-wp-class--hide=\"state.isContentHidden\" data-wp-class--show=\"state.isContentVisible\" data-wp-init=\"callbacks.setButtonStyles\" data-wp-on--click=\"actions.showLightbox\" data-wp-on--load=\"callbacks.setButtonStyles\" data-wp-on--pointerdown=\"actions.preloadImage\" data-wp-on--pointerenter=\"actions.preloadImageWithDelay\" data-wp-on--pointerleave=\"actions.cancelPreload\" data-wp-on-window--resize=\"callbacks.setButtonStyles\" src=\"https:\/\/loudavymkrokem.cz\/wp-content\/uploads\/2026\/08\/articles-bonigen-33.jpg\" alt=\"Helado tras la ruta junto al lago\" class=\"wp-image-404537\" title=\"\" srcset=\"https:\/\/loudavymkrokem.cz\/wp-content\/uploads\/2026\/08\/articles-bonigen-33.jpg 1800w, https:\/\/loudavymkrokem.cz\/wp-content\/uploads\/2026\/08\/articles-bonigen-33-300x200.jpg 300w, https:\/\/loudavymkrokem.cz\/wp-content\/uploads\/2026\/08\/articles-bonigen-33-700x467.jpg 700w, https:\/\/loudavymkrokem.cz\/wp-content\/uploads\/2026\/08\/articles-bonigen-33-768x512.jpg 768w, https:\/\/loudavymkrokem.cz\/wp-content\/uploads\/2026\/08\/articles-bonigen-33-1536x1024.jpg 1536w, https:\/\/loudavymkrokem.cz\/wp-content\/uploads\/2026\/08\/articles-bonigen-33-696x464.jpg 696w, https:\/\/loudavymkrokem.cz\/wp-content\/uploads\/2026\/08\/articles-bonigen-33-1392x928.jpg 1392w\" sizes=\"(max-width: 1800px) 100vw, 1800px\" \/><button\n\t\t\tclass=\"lightbox-trigger\"\n\t\t\ttype=\"button\"\n\t\t\taria-haspopup=\"dialog\"\n\t\t\tdata-wp-bind--aria-label=\"state.thisImage.triggerButtonAriaLabel\"\n\t\t\tdata-wp-init=\"callbacks.initTriggerButton\"\n\t\t\tdata-wp-on--click=\"actions.showLightbox\"\n\t\t\tdata-wp-style--right=\"state.thisImage.buttonRight\"\n\t\t\tdata-wp-style--top=\"state.thisImage.buttonTop\"\n\t\t>\n\t\t\t<svg xmlns=\"http:\/\/www.w3.org\/2000\/svg\" width=\"12\" height=\"12\" fill=\"none\" viewBox=\"0 0 12 12\">\n\t\t\t\t<path fill=\"#fff\" d=\"M2 0a2 2 0 0 0-2 2v2h1.5V2a.5.5 0 0 1 .5-.5h2V0H2Zm2 10.5H2a.5.5 0 0 1-.5-.5V8H0v2a2 2 0 0 0 2 2h2v-1.5ZM8 12v-1.5h2a.5.5 0 0 0 .5-.5V8H12v2a2 2 0 0 1-2 2H8Zm2-12a2 2 0 0 1 2 2v2h-1.5V2a.5.5 0 0 0-.5-.5H8V0h2Z\" \/>\n\t\t\t<\/svg>\n\t\t<\/button><figcaption class=\"wp-element-caption\">Foto: Maria Orlova \/ Pexels<\/figcaption><\/figure>\n\n\n\n<h3 class=\"wp-block-heading\"><span class=\"ez-toc-section\" id=\"Sweet_Ride\"><\/span>Sweet Ride<span class=\"ez-toc-section-end\"><\/span><\/h3>\n\n\n\n<p class=\"wp-block-paragraph\">Este es el <strong>local mejor valorado de todo el pueblo<\/strong> (puntuaci\u00f3n de 4,9 con casi doscientas rese\u00f1as). Se trata de una cafeter\u00eda y helader\u00eda m\u00e1s peque\u00f1a, tremendamente simp\u00e1tica, junto al agua, adonde simplemente tienes que acercarte a por una dulce recompensa vespertina por los kil\u00f3metros recorridos.<\/p>\n\n\n\n<p class=\"wp-block-paragraph\">Prueba su caf\u00e9 de especialidad y sobre todo su <strong>fant\u00e1stico helado artesanal<\/strong>, que adoran locales y turistas por igual. Es justo el sitio donde quieres sentarte tranquilamente tras una excursi\u00f3n de todo el d\u00eda al sol y, sin m\u00e1s, <strong>contemplar la superficie del lago<\/strong>.<\/p>\n\n\n\n<figure data-wp-context=\"{&quot;imageId&quot;:&quot;6a94e522883ee&quot;}\" data-wp-interactive=\"core\/image\" data-wp-key=\"6a94e522883ee\" class=\"wp-block-image size-full wp-lightbox-container\"><img decoding=\"async\" width=\"1800\" height=\"1185\" data-wp-class--hide=\"state.isContentHidden\" data-wp-class--show=\"state.isContentVisible\" data-wp-init=\"callbacks.setButtonStyles\" data-wp-on--click=\"actions.showLightbox\" data-wp-on--load=\"callbacks.setButtonStyles\" data-wp-on--pointerdown=\"actions.preloadImage\" data-wp-on--pointerenter=\"actions.preloadImageWithDelay\" data-wp-on--pointerleave=\"actions.cancelPreload\" data-wp-on-window--resize=\"callbacks.setButtonStyles\" src=\"https:\/\/loudavymkrokem.cz\/wp-content\/uploads\/2026\/08\/articles-bonigen-34.jpg\" alt=\"Acogedor restaurante suizo\" class=\"wp-image-404541\" title=\"\" srcset=\"https:\/\/loudavymkrokem.cz\/wp-content\/uploads\/2026\/08\/articles-bonigen-34.jpg 1800w, https:\/\/loudavymkrokem.cz\/wp-content\/uploads\/2026\/08\/articles-bonigen-34-300x198.jpg 300w, https:\/\/loudavymkrokem.cz\/wp-content\/uploads\/2026\/08\/articles-bonigen-34-700x461.jpg 700w, https:\/\/loudavymkrokem.cz\/wp-content\/uploads\/2026\/08\/articles-bonigen-34-768x506.jpg 768w, https:\/\/loudavymkrokem.cz\/wp-content\/uploads\/2026\/08\/articles-bonigen-34-1536x1011.jpg 1536w, https:\/\/loudavymkrokem.cz\/wp-content\/uploads\/2026\/08\/articles-bonigen-34-696x458.jpg 696w, https:\/\/loudavymkrokem.cz\/wp-content\/uploads\/2026\/08\/articles-bonigen-34-1392x916.jpg 1392w\" sizes=\"(max-width: 1800px) 100vw, 1800px\" \/><button\n\t\t\tclass=\"lightbox-trigger\"\n\t\t\ttype=\"button\"\n\t\t\taria-haspopup=\"dialog\"\n\t\t\tdata-wp-bind--aria-label=\"state.thisImage.triggerButtonAriaLabel\"\n\t\t\tdata-wp-init=\"callbacks.initTriggerButton\"\n\t\t\tdata-wp-on--click=\"actions.showLightbox\"\n\t\t\tdata-wp-style--right=\"state.thisImage.buttonRight\"\n\t\t\tdata-wp-style--top=\"state.thisImage.buttonTop\"\n\t\t>\n\t\t\t<svg xmlns=\"http:\/\/www.w3.org\/2000\/svg\" width=\"12\" height=\"12\" fill=\"none\" viewBox=\"0 0 12 12\">\n\t\t\t\t<path fill=\"#fff\" d=\"M2 0a2 2 0 0 0-2 2v2h1.5V2a.5.5 0 0 1 .5-.5h2V0H2Zm2 10.5H2a.5.5 0 0 1-.5-.5V8H0v2a2 2 0 0 0 2 2h2v-1.5ZM8 12v-1.5h2a.5.5 0 0 0 .5-.5V8H12v2a2 2 0 0 1-2 2H8Zm2-12a2 2 0 0 1 2 2v2h-1.5V2a.5.5 0 0 0-.5-.5H8V0h2Z\" \/>\n\t\t\t<\/svg>\n\t\t<\/button><figcaption class=\"wp-element-caption\">Foto: Lucia Barreiros  Silva \/ Pexels<\/figcaption><\/figure>\n\n\n\n<h3 class=\"wp-block-heading\"><span class=\"ez-toc-section\" id=\"Restaurant_Baren_Bonigen\"><\/span>Restaurant B\u00e4ren B\u00f6nigen<span class=\"ez-toc-section-end\"><\/span><\/h3>\n\n\n\n<p class=\"wp-block-paragraph\">Este local suizo tradicional en la calle principal, Hauptstrasse, te entusiasmar\u00e1 con su aut\u00e9ntico ambiente local y su arquitectura t\u00edpica. Los hu\u00e9spedes mencionan a menudo en las rese\u00f1as que aqu\u00ed los enviaron directamente sus propios anfitriones como <strong>consejo de iniciado para comer con seguridad de maravilla<\/strong>.<\/p>\n\n\n\n<p class=\"wp-block-paragraph\">Tienen un personal muy amable y servicial, un <strong>nivel de precios medio<\/strong> y en la carta un mont\u00f3n de <strong>honestos cl\u00e1sicos suizos<\/strong>, como las especialidades de queso y las abundantes sopas caseras. Una opci\u00f3n ideal para entrar en calor cuando cae un chaparr\u00f3n.<\/p>\n\n\n\n<h2 class=\"wp-block-heading\"><span class=\"ez-toc-section\" id=\"Adonde_ir_despues_de_Bonigen\"><\/span>Ad\u00f3nde ir despu\u00e9s de B\u00f6nigen<span class=\"ez-toc-section-end\"><\/span><\/h2>\n\n\n\n<p class=\"wp-block-paragraph\">Suiza es un enorme parque de juegos y desde el Oberland bern\u00e9s tienes <strong>cerca otros destinos fant\u00e1sticos<\/strong>. Si te quedan a\u00fan unos d\u00edas libres en el itinerario, echa un vistazo sin falta a estas <strong>otras gu\u00edas m\u00edas<\/strong>:<\/p>\n\n\n\n<ul class=\"wp-block-list\">\n<li><a href=\"https:\/\/loudavymkrokem.cz\/es\/interlaken-suiza-que-ver\/\">Interlaken y el Jungfraujoch<\/a>: gu\u00eda detallada de la bulliciosa vecina y de la excursi\u00f3n al techo de Europa.<\/li>\n\n\n\n<li><a href=\"https:\/\/loudavymkrokem.cz\/es\/grindelwald-suiza-que-ver\/\">Grindelwald<\/a>: pueblo glaciar encajado bajo la cara norte del Eiger, adonde llegas en tren en un momento.<\/li>\n\n\n\n<li><a href=\"https:\/\/loudavymkrokem.cz\/es\/lauterbrunnen-suiza-que-ver\/\">Lauterbrunnen<\/a>: valle con 72 cascadas que, seg\u00fan se dice, inspir\u00f3 a Tolkien al escribir El Se\u00f1or de los Anillos.<\/li>\n\n\n\n<li><a href=\"https:\/\/loudavymkrokem.cz\/es\/vacaciones-suiza-lugares-ver\/\">Vacaciones en Suiza<\/a>: art\u00edculo resumen gigante lleno de consejos pr\u00e1cticos para viajar por todo el pa\u00eds.<\/li>\n<\/ul>\n\n\n\n<h2 class=\"wp-block-heading\"><span class=\"ez-toc-section\" id=\"Preguntas_frecuentes\"><\/span>Preguntas frecuentes<span class=\"ez-toc-section-end\"><\/span><\/h2>\n\n\n<div id=\"rank-math-faq\" class=\"rank-math-block\">\n<div class=\"rank-math-list \">\n<div id=\"faq-question-1787934924000\" class=\"rank-math-list-item\">\n<h3 class=\"rank-math-question \"><span class=\"ez-toc-section\" id=\"%C2%BFMerece_la_pena_alojarse_en_Bonigen_en_lugar_de_Interlaken\"><\/span>\u00bfMerece la pena alojarse en B\u00f6nigen en lugar de Interlaken?<span class=\"ez-toc-section-end\"><\/span><\/h3>\n<div class=\"rank-math-answer \">\n\n<p>Sin duda alguna. <strong>B\u00f6nigen ofrece mucha m\u00e1s tranquilidad<\/strong>, un ambiente aut\u00e9ntico de pueblo tradicional y el alojamiento sale notablemente m\u00e1s barato que en el bullicioso centro de Interlaken. Adem\u00e1s, gracias a la Guest Card puedes desplazarte a la ciudad gratis y el trayecto dura solo 9 minutos.<\/p>\n\n<\/div>\n<\/div>\n<div id=\"faq-question-1787934924001\" class=\"rank-math-list-item\">\n<h3 class=\"rank-math-question \"><span class=\"ez-toc-section\" id=\"%C2%BFComo_llegar_desde_Interlaken\"><\/span>\u00bfC\u00f3mo llegar desde Interlaken?<span class=\"ez-toc-section-end\"><\/span><\/h3>\n<div class=\"rank-math-answer \">\n\n<p>Lo m\u00e1s sencillo es coger la <strong>l\u00ednea de autob\u00fas 103<\/strong> justo delante de la estaci\u00f3n Interlaken Ost. Pasa cada media hora. Otra opci\u00f3n preciosa es llegar en barco de vapor hist\u00f3rico por el lago (unos 10 minutos de traves\u00eda), o darte un paseo de 40 minutos a pie por la orilla sin dificultad.<\/p>\n\n<\/div>\n<\/div>\n<div id=\"faq-question-1787934924002\" class=\"rank-math-list-item\">\n<h3 class=\"rank-math-question \"><span class=\"ez-toc-section\" id=\"%C2%BFSe_puede_nadar_en_el_lago_Brienz\"><\/span>\u00bfSe puede nadar en el lago Brienz?<span class=\"ez-toc-section-end\"><\/span><\/h3>\n<div class=\"rank-math-answer \">\n\n<p>S\u00ed, pero es m\u00e1s bien <strong>para los m\u00e1s valientes<\/strong>. El lago es de origen glaciar, as\u00ed que incluso en agosto, el mes m\u00e1s c\u00e1lido, el agua suele estar entre 18 y 22 \u00b0C. Si el agua fr\u00eda no es lo tuyo, afortunadamente la zona de ba\u00f1o local The Beach ofrece una preciosa piscina climatizada.<\/p>\n\n<\/div>\n<\/div>\n<div id=\"faq-question-1787934924003\" class=\"rank-math-list-item\">\n<h3 class=\"rank-math-question \"><span class=\"ez-toc-section\" id=\"%C2%BFCuantos_dias_son_suficientes_para_la_visita\"><\/span>\u00bfCu\u00e1ntos d\u00edas son suficientes para la visita?<span class=\"ez-toc-section-end\"><\/span><\/h3>\n<div class=\"rank-math-answer \">\n\n<p>El pueblo en s\u00ed lo recorres en una tarde, pero como <strong>base para excursiones es ideal quedarse de 3 a 5 d\u00edas<\/strong>. Te da tiempo a subir al Harder Kulm, recorrer el Camino de las Tres Cascadas hasta Giessbach, alquilar un kayak e ir en tren cremallera al Schynige Platte.<\/p>\n\n<\/div>\n<\/div>\n<div id=\"faq-question-1787934924004\" class=\"rank-math-list-item\">\n<h3 class=\"rank-math-question \"><span class=\"ez-toc-section\" id=\"%C2%BFQue_hacer_cuando_llueve\"><\/span>\u00bfQu\u00e9 hacer cuando llueve?<span class=\"ez-toc-section-end\"><\/span><\/h3>\n<div class=\"rank-math-answer \">\n\n<p>En los d\u00edas lluviosos (que suele haber unos 10 al mes incluso en verano) merece la pena refugiarse en el <strong>museo del pueblo \u00abalte Pinte\u00bb<\/strong>, o ir en autob\u00fas a Interlaken, donde hay un mont\u00f3n de atracciones cubiertas, tiendas, cafeter\u00edas y tambi\u00e9n encontrar\u00e1s un gran complejo de piscinas o un casino.<\/p>\n\n<\/div>\n<\/div>\n<div id=\"faq-question-1787934924005\" class=\"rank-math-list-item\">\n<h3 class=\"rank-math-question \"><span class=\"ez-toc-section\" id=\"%C2%BFEs_adecuado_para_ninos\"><\/span>\u00bfEs adecuado para ni\u00f1os?<span class=\"ez-toc-section-end\"><\/span><\/h3>\n<div class=\"rank-math-answer \">\n\n<p>B\u00f6nigen es <strong>absolutamente fant\u00e1stico para familias<\/strong>. Hay zonas de juego estupendas junto a la playa, campings familiares con piscina, senderos llanos accesibles para carritos a lo largo del r\u00edo y a los ni\u00f1os les encanta el paseo en barco de vapor hist\u00f3rico. La b\u00fasqueda interactiva del tesoro los entretendr\u00e1 toda la tarde.<\/p>\n\n<\/div>\n<\/div>\n<div id=\"faq-question-1787934924006\" class=\"rank-math-list-item\">\n<h3 class=\"rank-math-question \"><span class=\"ez-toc-section\" id=\"%C2%BFCuanto_cuesta_la_excursion_al_Harder_Kulm\"><\/span>\u00bfCu\u00e1nto cuesta la excursi\u00f3n al Harder Kulm?<span class=\"ez-toc-section-end\"><\/span><\/h3>\n<div class=\"rank-math-answer \">\n\n<p>En temporada 2026 el <strong>billete de ida y vuelta en funicular para un adulto cuesta 44 CHF<\/strong>. Si viajas con ni\u00f1os de 6 a 15 a\u00f1os, pagan solo la mitad (menores de 6 a\u00f1os gratis). Con tarjetas como el Swiss Travel Pass o el Bernese Oberland Pass consigues un descuento muy interesante del 50 %.<\/p>\n\n<\/div>\n<\/div>\n<div id=\"faq-question-1787934924007\" class=\"rank-math-list-item\">\n<h3 class=\"rank-math-question \"><span class=\"ez-toc-section\" id=\"%C2%BFEl_muelle_de_Iseltwald_es_de_pago\"><\/span>\u00bfEl muelle de Iseltwald es de pago?<span class=\"ez-toc-section-end\"><\/span><\/h3>\n<div class=\"rank-math-answer \">\n\n<p>S\u00ed, debido a la avalancha masiva de turistas asi\u00e1ticos tras el \u00e9xito de la serie Crash Landing on You, el pueblo instal\u00f3 un <strong>torniquete<\/strong> delante del muelle. Por hacerte el famoso \u00abselfie\u00bb en el muelle de madera ahora se paga una tarifa de 5 CHF, que se destina al mantenimiento del pueblo.<\/p>\n\n<\/div>\n<\/div>\n<\/div>\n<\/div>","protected":false},"excerpt":{"rendered":"<p>Descubre esta joya escondida junto al lago de Brienz, donde te esperan preciosas casas de madera, agua turquesa y fant\u00e1sticas rutas de monta\u00f1a lejos de las multitudes.<\/p>\n","protected":false},"author":3,"featured_media":404497,"comment_status":"open","ping_status":"open","sticky":false,"template":"","format":"standard","meta":{"_acf_changed":false,"footnotes":"","rank_math_title":"B\u00f6nigen y el lago de Brienz: 24 planes 2026","rank_math_description":"Descubre B\u00f6nigen, la joya escondida del lago de Brienz: 24 planes con casas de madera, rutas de monta\u00f1a, telef\u00e9ricos y d\u00f3nde alojarte. \u00a1Planifica tu viaje ya!","rank_math_focus_keyword":"B\u00f6nigen lago de Brienz","rank_math_seo_score":""},"categories":[996,1037,980],"tags":[],"class_list":["post-408407","post","type-post","status-publish","format-standard","has-post-thumbnail","category-europa","category-suiza","category-viajes"],"acf":[],"featured_image_src":"https:\/\/loudavymkrokem.cz\/wp-content\/uploads\/2026\/08\/articles-bonigen-18.jpg","author_info":{"display_name":"Lucie Kone\u010dn\u00e1","author_link":"https:\/\/loudavymkrokem.cz\/es\/author\/lucie-konecna\/"},"_links":{"self":[{"href":"https:\/\/loudavymkrokem.cz\/es\/wp-json\/wp\/v2\/posts\/408407","targetHints":{"allow":["GET"]}}],"collection":[{"href":"https:\/\/loudavymkrokem.cz\/es\/wp-json\/wp\/v2\/posts"}],"about":[{"href":"https:\/\/loudavymkrokem.cz\/es\/wp-json\/wp\/v2\/types\/post"}],"author":[{"embeddable":true,"href":"https:\/\/loudavymkrokem.cz\/es\/wp-json\/wp\/v2\/users\/3"}],"replies":[{"embeddable":true,"href":"https:\/\/loudavymkrokem.cz\/es\/wp-json\/wp\/v2\/comments?post=408407"}],"version-history":[{"count":3,"href":"https:\/\/loudavymkrokem.cz\/es\/wp-json\/wp\/v2\/posts\/408407\/revisions"}],"predecessor-version":[{"id":408410,"href":"https:\/\/loudavymkrokem.cz\/es\/wp-json\/wp\/v2\/posts\/408407\/revisions\/408410"}],"wp:featuredmedia":[{"embeddable":true,"href":"https:\/\/loudavymkrokem.cz\/es\/wp-json\/wp\/v2\/media\/404497"}],"wp:attachment":[{"href":"https:\/\/loudavymkrokem.cz\/es\/wp-json\/wp\/v2\/media?parent=408407"}],"wp:term":[{"taxonomy":"category","embeddable":true,"href":"https:\/\/loudavymkrokem.cz\/es\/wp-json\/wp\/v2\/categories?post=408407"},{"taxonomy":"post_tag","embeddable":true,"href":"https:\/\/loudavymkrokem.cz\/es\/wp-json\/wp\/v2\/tags?post=408407"}],"curies":[{"name":"wp","href":"https:\/\/api.w.org\/{rel}","templated":true}]}}