{"id":408391,"date":"2026-08-27T11:40:20","date_gmt":"2026-08-27T09:40:20","guid":{"rendered":"https:\/\/loudavymkrokem.cz\/olomouc-republica-checa-ninos\/"},"modified":"2026-08-31T02:48:34","modified_gmt":"2026-08-31T00:48:34","slug":"olomouc-republica-checa-ninos","status":"publish","type":"post","link":"https:\/\/loudavymkrokem.cz\/es\/olomouc-republica-checa-ninos\/","title":{"rendered":"Olomouc con ni\u00f1os: 34 planes para visitar en 2026"},"content":{"rendered":"\n<p class=\"wp-block-paragraph\"><strong>Olomouc con ni\u00f1os<\/strong> suena a primera vista como un plan bastante arriesgado. Cuando oyes que es la segunda mayor reserva urbana de monumentos hist\u00f3ricos de la <strong>Rep\u00fablica Checa<\/strong>, muchos padres se imaginan enseguida a ni\u00f1os aburridos arrastr\u00e1ndose por los adoquines y preguntando cada cinco minutos cu\u00e1ndo van por fin al parque. Pero Olomouc enga\u00f1a. Es una ciudad incre\u00edblemente compacta donde tienes todo lo esencial a distancia de paseo, el centro hist\u00f3rico funciona como una amplia zona peatonal y, lo m\u00e1s importante, ofrece tanta diversi\u00f3n interactiva que no sabr\u00e1s por d\u00f3nde empezar. As\u00ed que si est\u00e1s pensando ad\u00f3nde ir con los ni\u00f1os en Olomouc, prep\u00e1rate: es muy posible que un solo fin de semana no te baste.<\/p>\n\n\n\n<p class=\"wp-block-paragraph\">Nuestra familia se enamor\u00f3 por completo de esta ciudad, porque desde el punto de vista de un padre o una madre es sencillamente el destino ideal. No necesitas moverte constantemente en un transporte p\u00fablico abarrotado, con el carrito se maneja sorprendentemente bien y la cultura de caf\u00e9 local es famosa. Por eso he reunido estos consejos sobre <strong>Olomouc con ni\u00f1os<\/strong> pensados para cualquier clima: qu\u00e9 hacer al aire libre cuando brilla el sol, d\u00f3nde refugiarse si empieza a llover y ad\u00f3nde ir si te sobra un d\u00eda extra en la ciudad.<\/p>\n\n\n\n<p class=\"wp-block-paragraph\">Ya tengas en casa a un beb\u00e9 que sobre todo necesita un espacio seguro para corretear, o a un escolar mayor que prefiere la adrenalina y los experimentos cient\u00edficos, aqu\u00ed encontrar\u00e1s lo tuyo. Hay las mejores atracciones, ludotecas muy queridas, un zoo en la colina sobre la ciudad y tambi\u00e9n ideas de lugares donde comer en familia sin estr\u00e9s.<\/p>\n\n\n\n<figure data-wp-context=\"{&quot;imageId&quot;:&quot;6a952c61d6d38&quot;}\" data-wp-interactive=\"core\/image\" data-wp-key=\"6a952c61d6d38\" class=\"wp-block-image size-full wp-lightbox-container\"><img decoding=\"async\" width=\"1650\" height=\"2200\" data-wp-class--hide=\"state.isContentHidden\" data-wp-class--show=\"state.isContentVisible\" data-wp-init=\"callbacks.setButtonStyles\" data-wp-on--click=\"actions.showLightbox\" data-wp-on--load=\"callbacks.setButtonStyles\" data-wp-on--pointerdown=\"actions.preloadImage\" data-wp-on--pointerenter=\"actions.preloadImageWithDelay\" data-wp-on--pointerleave=\"actions.cancelPreload\" data-wp-on-window--resize=\"callbacks.setButtonStyles\" src=\"https:\/\/loudavymkrokem.cz\/wp-content\/uploads\/2026\/08\/olomouc-s-detmi-hernicka-drevene-hracky.jpg\" alt=\"Ludoteca infantil en el centro de Olomouc con juguetes de madera y una casita\" class=\"wp-image-401018\" title=\"\" srcset=\"https:\/\/loudavymkrokem.cz\/wp-content\/uploads\/2026\/08\/olomouc-s-detmi-hernicka-drevene-hracky.jpg 1650w, https:\/\/loudavymkrokem.cz\/wp-content\/uploads\/2026\/08\/olomouc-s-detmi-hernicka-drevene-hracky-225x300.jpg 225w, https:\/\/loudavymkrokem.cz\/wp-content\/uploads\/2026\/08\/olomouc-s-detmi-hernicka-drevene-hracky-700x933.jpg 700w, https:\/\/loudavymkrokem.cz\/wp-content\/uploads\/2026\/08\/olomouc-s-detmi-hernicka-drevene-hracky-768x1024.jpg 768w, https:\/\/loudavymkrokem.cz\/wp-content\/uploads\/2026\/08\/olomouc-s-detmi-hernicka-drevene-hracky-1152x1536.jpg 1152w, https:\/\/loudavymkrokem.cz\/wp-content\/uploads\/2026\/08\/olomouc-s-detmi-hernicka-drevene-hracky-1536x2048.jpg 1536w, https:\/\/loudavymkrokem.cz\/wp-content\/uploads\/2026\/08\/olomouc-s-detmi-hernicka-drevene-hracky-696x928.jpg 696w, https:\/\/loudavymkrokem.cz\/wp-content\/uploads\/2026\/08\/olomouc-s-detmi-hernicka-drevene-hracky-1392x1856.jpg 1392w\" sizes=\"(max-width: 1650px) 100vw, 1650px\" \/><button\n\t\t\tclass=\"lightbox-trigger\"\n\t\t\ttype=\"button\"\n\t\t\taria-haspopup=\"dialog\"\n\t\t\tdata-wp-bind--aria-label=\"state.thisImage.triggerButtonAriaLabel\"\n\t\t\tdata-wp-init=\"callbacks.initTriggerButton\"\n\t\t\tdata-wp-on--click=\"actions.showLightbox\"\n\t\t\tdata-wp-style--right=\"state.thisImage.buttonRight\"\n\t\t\tdata-wp-style--top=\"state.thisImage.buttonTop\"\n\t\t>\n\t\t\t<svg xmlns=\"http:\/\/www.w3.org\/2000\/svg\" width=\"12\" height=\"12\" fill=\"none\" viewBox=\"0 0 12 12\">\n\t\t\t\t<path fill=\"#fff\" d=\"M2 0a2 2 0 0 0-2 2v2h1.5V2a.5.5 0 0 1 .5-.5h2V0H2Zm2 10.5H2a.5.5 0 0 1-.5-.5V8H0v2a2 2 0 0 0 2 2h2v-1.5ZM8 12v-1.5h2a.5.5 0 0 0 .5-.5V8H12v2a2 2 0 0 1-2 2H8Zm2-12a2 2 0 0 1 2 2v2h-1.5V2a.5.5 0 0 0-.5-.5H8V0h2Z\" \/>\n\t\t\t<\/svg>\n\t\t<\/button><figcaption class=\"wp-element-caption\">Las ludotecas del centro de Olomouc salvan cualquier d\u00eda de lluvia<\/figcaption><\/figure>\n\n\n\n<div id=\"ez-toc-container\" class=\"ez-toc-v2_0_86 ez-toc-wrap-left counter-hierarchy ez-toc-counter ez-toc-grey ez-toc-container-direction\">\n<div class=\"ez-toc-title-container\">\n<p class=\"ez-toc-title\" style=\"cursor:inherit\">Contenido del art\u00edculo<\/p>\n<span class=\"ez-toc-title-toggle\"><a href=\"#\" class=\"ez-toc-pull-right ez-toc-btn ez-toc-btn-xs ez-toc-btn-default ez-toc-toggle\" aria-label=\"Alternar tabla de contenidos\"><span class=\"ez-toc-js-icon-con\"><span class=\"\"><span class=\"eztoc-hide\" style=\"display:none;\">Toggle<\/span><span class=\"ez-toc-icon-toggle-span\"><svg style=\"fill: #999;color:#999\" xmlns=\"http:\/\/www.w3.org\/2000\/svg\" class=\"list-377408\" width=\"20px\" height=\"20px\" viewBox=\"0 0 24 24\" fill=\"none\"><path d=\"M6 6H4v2h2V6zm14 0H8v2h12V6zM4 11h2v2H4v-2zm16 0H8v2h12v-2zM4 16h2v2H4v-2zm16 0H8v2h12v-2z\" fill=\"currentColor\"><\/path><\/svg><svg style=\"fill: #999;color:#999\" class=\"arrow-unsorted-368013\" xmlns=\"http:\/\/www.w3.org\/2000\/svg\" width=\"10px\" height=\"10px\" viewBox=\"0 0 24 24\" version=\"1.2\" baseProfile=\"tiny\"><path d=\"M18.2 9.3l-6.2-6.3-6.2 6.3c-.2.2-.3.4-.3.7s.1.5.3.7c.2.2.4.3.7.3h11c.3 0 .5-.1.7-.3.2-.2.3-.5.3-.7s-.1-.5-.3-.7zM5.8 14.7l6.2 6.3 6.2-6.3c.2-.2.3-.5.3-.7s-.1-.5-.3-.7c-.2-.2-.4-.3-.7-.3h-11c-.3 0-.5.1-.7.3-.2.2-.3.5-.3.7s.1.5.3.7z\"\/><\/svg><\/span><\/span><\/span><\/a><\/span><\/div>\n<nav><ul class='ez-toc-list ez-toc-list-level-1 ' ><ul class='ez-toc-list-level-3' ><li class='ez-toc-heading-level-3'><a class=\"ez-toc-link ez-toc-heading-1\" href=\"https:\/\/loudavymkrokem.cz\/es\/olomouc-republica-checa-ninos\/#Resumen_Olomouc_con_ninos_de_un_vistazo\" >Resumen: Olomouc con ni\u00f1os de un vistazo<\/a><\/li><\/ul><\/li><li class='ez-toc-page-1 ez-toc-heading-level-2'><a class=\"ez-toc-link ez-toc-heading-2\" href=\"https:\/\/loudavymkrokem.cz\/es\/olomouc-republica-checa-ninos\/#Cuando_ir_a_Olomouc_con_ninos\" >Cu\u00e1ndo ir a Olomouc con ni\u00f1os<\/a><\/li><li class='ez-toc-page-1 ez-toc-heading-level-2'><a class=\"ez-toc-link ez-toc-heading-3\" href=\"https:\/\/loudavymkrokem.cz\/es\/olomouc-republica-checa-ninos\/#Donde_alojarse_en_Olomouc_con_ninos\" >D\u00f3nde alojarse en Olomouc con ni\u00f1os<\/a><\/li><li class='ez-toc-page-1 ez-toc-heading-level-2'><a class=\"ez-toc-link ez-toc-heading-4\" href=\"https:\/\/loudavymkrokem.cz\/es\/olomouc-republica-checa-ninos\/#Que_hacer_al_aire_libre_en_Olomouc_con_ninos\" >Qu\u00e9 hacer al aire libre en Olomouc con ni\u00f1os<\/a><ul class='ez-toc-list-level-3' ><li class='ez-toc-heading-level-3'><a class=\"ez-toc-link ez-toc-heading-5\" href=\"https:\/\/loudavymkrokem.cz\/es\/olomouc-republica-checa-ninos\/#1_El_reloj_astronomico_de_Olomouc\" >1. El reloj astron\u00f3mico de Olomouc<\/a><\/li><li class='ez-toc-page-1 ez-toc-heading-level-3'><a class=\"ez-toc-link ez-toc-heading-6\" href=\"https:\/\/loudavymkrokem.cz\/es\/olomouc-republica-checa-ninos\/#2_Columna_de_la_Santisima_Trinidad\" >2. Columna de la Sant\u00edsima Trinidad<\/a><\/li><li class='ez-toc-page-1 ez-toc-heading-level-3'><a class=\"ez-toc-link ez-toc-heading-7\" href=\"https:\/\/loudavymkrokem.cz\/es\/olomouc-republica-checa-ninos\/#3_Busqueda_de_las_fuentes_barrocas\" >3. B\u00fasqueda de las fuentes barrocas<\/a><\/li><li class='ez-toc-page-1 ez-toc-heading-level-3'><a class=\"ez-toc-link ez-toc-heading-8\" href=\"https:\/\/loudavymkrokem.cz\/es\/olomouc-republica-checa-ninos\/#4_La_torre_del_ayuntamiento\" >4. La torre del ayuntamiento<\/a><\/li><li class='ez-toc-page-1 ez-toc-heading-level-3'><a class=\"ez-toc-link ez-toc-heading-9\" href=\"https:\/\/loudavymkrokem.cz\/es\/olomouc-republica-checa-ninos\/#5_Iglesia_de_San_Mauricio_y_subida_a_la_torre\" >5. Iglesia de San Mauricio y subida a la torre<\/a><\/li><li class='ez-toc-page-1 ez-toc-heading-level-3'><a class=\"ez-toc-link ez-toc-heading-10\" href=\"https:\/\/loudavymkrokem.cz\/es\/olomouc-republica-checa-ninos\/#6_Jardines_Smetana\" >6. Jardines Smetana<\/a><\/li><li class='ez-toc-page-1 ez-toc-heading-level-3'><a class=\"ez-toc-link ez-toc-heading-11\" href=\"https:\/\/loudavymkrokem.cz\/es\/olomouc-republica-checa-ninos\/#7_Jardines_Bezruc_y_las_murallas\" >7. Jardines Bezru\u010d y las murallas<\/a><\/li><li class='ez-toc-page-1 ez-toc-heading-level-3'><a class=\"ez-toc-link ez-toc-heading-12\" href=\"https:\/\/loudavymkrokem.cz\/es\/olomouc-republica-checa-ninos\/#8_La_Rosaleda_Rozarium\" >8. La Rosaleda (Roz\u00e1rium)<\/a><\/li><li class='ez-toc-page-1 ez-toc-heading-level-3'><a class=\"ez-toc-link ez-toc-heading-13\" href=\"https:\/\/loudavymkrokem.cz\/es\/olomouc-republica-checa-ninos\/#9_Fortaleza_de_la_Corona_Korunni_pevnustka\" >9. Fortaleza de la Corona (Korunn\u00ed pevn\u016fstka)<\/a><\/li><li class='ez-toc-page-1 ez-toc-heading-level-3'><a class=\"ez-toc-link ez-toc-heading-14\" href=\"https:\/\/loudavymkrokem.cz\/es\/olomouc-republica-checa-ninos\/#10_Murales_y_arte_urbano_en_los_pasajes\" >10. Murales y arte urbano en los pasajes<\/a><\/li><\/ul><\/li><li class='ez-toc-page-1 ez-toc-heading-level-2'><a class=\"ez-toc-link ez-toc-heading-15\" href=\"https:\/\/loudavymkrokem.cz\/es\/olomouc-republica-checa-ninos\/#Cuando_llueve_ludotecas_museos_y_centros_de_ocio\" >Cuando llueve: ludotecas, museos y centros de ocio<\/a><ul class='ez-toc-list-level-3' ><li class='ez-toc-heading-level-3'><a class=\"ez-toc-link ez-toc-heading-16\" href=\"https:\/\/loudavymkrokem.cz\/es\/olomouc-republica-checa-ninos\/#11_Fortaleza_del_Conocimiento_Pevnost_poznani\" >11. Fortaleza del Conocimiento (Pevnost pozn\u00e1n\u00ed)<\/a><\/li><li class='ez-toc-page-1 ez-toc-heading-level-3'><a class=\"ez-toc-link ez-toc-heading-17\" href=\"https:\/\/loudavymkrokem.cz\/es\/olomouc-republica-checa-ninos\/#12_JaSam\" >12. J\u00e1S\u00e1m<\/a><\/li><li class='ez-toc-page-1 ez-toc-heading-level-3'><a class=\"ez-toc-link ez-toc-heading-18\" href=\"https:\/\/loudavymkrokem.cz\/es\/olomouc-republica-checa-ninos\/#13_V_lese\" >13. V lese<\/a><\/li><li class='ez-toc-page-1 ez-toc-heading-level-3'><a class=\"ez-toc-link ez-toc-heading-19\" href=\"https:\/\/loudavymkrokem.cz\/es\/olomouc-republica-checa-ninos\/#14_Clovickov\" >14. \u010clov\u00ed\u010dkov<\/a><\/li><li class='ez-toc-page-1 ez-toc-heading-level-3'><a class=\"ez-toc-link ez-toc-heading-20\" href=\"https:\/\/loudavymkrokem.cz\/es\/olomouc-republica-checa-ninos\/#15_Snoezelen_Olomouc\" >15. Snoezelen Olomouc<\/a><\/li><li class='ez-toc-page-1 ez-toc-heading-level-3'><a class=\"ez-toc-link ez-toc-heading-21\" href=\"https:\/\/loudavymkrokem.cz\/es\/olomouc-republica-checa-ninos\/#16_Parque_de_ocio_familiar_Krokodylek\" >16. Parque de ocio familiar Krokod\u00fdlek<\/a><\/li><li class='ez-toc-page-1 ez-toc-heading-level-3'><a class=\"ez-toc-link ez-toc-heading-22\" href=\"https:\/\/loudavymkrokem.cz\/es\/olomouc-republica-checa-ninos\/#17_Amazonie_Olomouc\" >17. Amazonie Olomouc<\/a><\/li><li class='ez-toc-page-1 ez-toc-heading-level-3'><a class=\"ez-toc-link ez-toc-heading-23\" href=\"https:\/\/loudavymkrokem.cz\/es\/olomouc-republica-checa-ninos\/#18_Parque_de_cuerdas_PROUD\" >18. Parque de cuerdas PROUD<\/a><\/li><li class='ez-toc-page-1 ez-toc-heading-level-3'><a class=\"ez-toc-link ez-toc-heading-24\" href=\"https:\/\/loudavymkrokem.cz\/es\/olomouc-republica-checa-ninos\/#19_Museo_Regional_de_Olomouc\" >19. Museo Regional de Olomouc<\/a><\/li><li class='ez-toc-page-1 ez-toc-heading-level-3'><a class=\"ez-toc-link ez-toc-heading-25\" href=\"https:\/\/loudavymkrokem.cz\/es\/olomouc-republica-checa-ninos\/#20_La_Casa_del_Terror_Strasidelny_dum\" >20. La Casa del Terror (Stra\u0161ideln\u00fd d\u016fm)<\/a><\/li><\/ul><\/li><li class='ez-toc-page-1 ez-toc-heading-level-2'><a class=\"ez-toc-link ez-toc-heading-26\" href=\"https:\/\/loudavymkrokem.cz\/es\/olomouc-republica-checa-ninos\/#Agua_deporte_y_desfogue\" >Agua, deporte y desfogue<\/a><ul class='ez-toc-list-level-3' ><li class='ez-toc-heading-level-3'><a class=\"ez-toc-link ez-toc-heading-27\" href=\"https:\/\/loudavymkrokem.cz\/es\/olomouc-republica-checa-ninos\/#21_Parque_acuatico_de_Olomouc\" >21. Parque acu\u00e1tico de Olomouc<\/a><\/li><li class='ez-toc-page-1 ez-toc-heading-level-3'><a class=\"ez-toc-link ez-toc-heading-28\" href=\"https:\/\/loudavymkrokem.cz\/es\/olomouc-republica-checa-ninos\/#22_Centro_Semafor\" >22. Centro Semafor<\/a><\/li><li class='ez-toc-page-1 ez-toc-heading-level-3'><a class=\"ez-toc-link ez-toc-heading-29\" href=\"https:\/\/loudavymkrokem.cz\/es\/olomouc-republica-checa-ninos\/#23_Parque_de_cuerdas_Veverak\" >23. Parque de cuerdas Vever\u00e1k<\/a><\/li><li class='ez-toc-page-1 ez-toc-heading-level-3'><a class=\"ez-toc-link ez-toc-heading-30\" href=\"https:\/\/loudavymkrokem.cz\/es\/olomouc-republica-checa-ninos\/#24_Parques_infantiles_en_los_jardines\" >24. Parques infantiles en los jardines<\/a><\/li><\/ul><\/li><li class='ez-toc-page-1 ez-toc-heading-level-2'><a class=\"ez-toc-link ez-toc-heading-31\" href=\"https:\/\/loudavymkrokem.cz\/es\/olomouc-republica-checa-ninos\/#Svaty_Kopecek_el_zoo_y_un_dia_entero_sobre_la_ciudad\" >Svat\u00fd Kope\u010dek: el zoo y un d\u00eda entero sobre la ciudad<\/a><ul class='ez-toc-list-level-3' ><li class='ez-toc-heading-level-3'><a class=\"ez-toc-link ez-toc-heading-32\" href=\"https:\/\/loudavymkrokem.cz\/es\/olomouc-republica-checa-ninos\/#25_Zoo_de_Olomouc_en_Svaty_Kopecek\" >25. Zoo de Olomouc en Svat\u00fd Kope\u010dek<\/a><\/li><li class='ez-toc-page-1 ez-toc-heading-level-3'><a class=\"ez-toc-link ez-toc-heading-33\" href=\"https:\/\/loudavymkrokem.cz\/es\/olomouc-republica-checa-ninos\/#26_Torre_mirador_del_zoo\" >26. Torre mirador del zoo<\/a><\/li><li class='ez-toc-page-1 ez-toc-heading-level-3'><a class=\"ez-toc-link ez-toc-heading-34\" href=\"https:\/\/loudavymkrokem.cz\/es\/olomouc-republica-checa-ninos\/#27_Basilica_de_la_Visitacion_de_la_Virgen_Maria\" >27. Bas\u00edlica de la Visitaci\u00f3n de la Virgen Mar\u00eda<\/a><\/li><\/ul><\/li><li class='ez-toc-page-1 ez-toc-heading-level-2'><a class=\"ez-toc-link ez-toc-heading-35\" href=\"https:\/\/loudavymkrokem.cz\/es\/olomouc-republica-checa-ninos\/#Excursiones_desde_Olomouc_con_ninos\" >Excursiones desde Olomouc con ni\u00f1os<\/a><ul class='ez-toc-list-level-3' ><li class='ez-toc-heading-level-3'><a class=\"ez-toc-link ez-toc-heading-36\" href=\"https:\/\/loudavymkrokem.cz\/es\/olomouc-republica-checa-ninos\/#28_DinoPark_y_ZOO_Park_Vyskov\" >28. DinoPark y ZOO Park Vy\u0161kov<\/a><\/li><li class='ez-toc-page-1 ez-toc-heading-level-3'><a class=\"ez-toc-link ez-toc-heading-37\" href=\"https:\/\/loudavymkrokem.cz\/es\/olomouc-republica-checa-ninos\/#29_Castillo_de_Bouzov\" >29. Castillo de Bouzov<\/a><\/li><li class='ez-toc-page-1 ez-toc-heading-level-3'><a class=\"ez-toc-link ez-toc-heading-38\" href=\"https:\/\/loudavymkrokem.cz\/es\/olomouc-republica-checa-ninos\/#30_Cuevas_de_Mladec\" >30. Cuevas de Mlade\u010d<\/a><\/li><li class='ez-toc-page-1 ez-toc-heading-level-3'><a class=\"ez-toc-link ez-toc-heading-39\" href=\"https:\/\/loudavymkrokem.cz\/es\/olomouc-republica-checa-ninos\/#31_Cuevas_de_Javoricko\" >31. Cuevas de Javo\u0159\u00ed\u010dko<\/a><\/li><li class='ez-toc-page-1 ez-toc-heading-level-3'><a class=\"ez-toc-link ez-toc-heading-40\" href=\"https:\/\/loudavymkrokem.cz\/es\/olomouc-republica-checa-ninos\/#32_Museo_del_queso_tvaruzky_de_Olomouc_en_Lostice\" >32. Museo del queso tvar\u016f\u017eky de Olomouc en Lo\u0161tice<\/a><\/li><li class='ez-toc-page-1 ez-toc-heading-level-3'><a class=\"ez-toc-link ez-toc-heading-41\" href=\"https:\/\/loudavymkrokem.cz\/es\/olomouc-republica-checa-ninos\/#33_Museo_infantil_de_Praded_en_Bludov\" >33. Museo infantil de Prad\u011bd en Bludov<\/a><\/li><li class='ez-toc-page-1 ez-toc-heading-level-3'><a class=\"ez-toc-link ez-toc-heading-42\" href=\"https:\/\/loudavymkrokem.cz\/es\/olomouc-republica-checa-ninos\/#34_Fort_Radikov\" >34. Fort Rad\u00edkov<\/a><\/li><\/ul><\/li><li class='ez-toc-page-1 ez-toc-heading-level-2'><a class=\"ez-toc-link ez-toc-heading-43\" href=\"https:\/\/loudavymkrokem.cz\/es\/olomouc-republica-checa-ninos\/#Donde_comer_con_ninos\" >D\u00f3nde comer con ni\u00f1os<\/a><\/li><li class='ez-toc-page-1 ez-toc-heading-level-2'><a class=\"ez-toc-link ez-toc-heading-44\" href=\"https:\/\/loudavymkrokem.cz\/es\/olomouc-republica-checa-ninos\/#Informacion_practica\" >Informaci\u00f3n pr\u00e1ctica<\/a><\/li><li class='ez-toc-page-1 ez-toc-heading-level-2'><a class=\"ez-toc-link ez-toc-heading-45\" href=\"https:\/\/loudavymkrokem.cz\/es\/olomouc-republica-checa-ninos\/#Adonde_seguir\" >Ad\u00f3nde seguir<\/a><\/li><li class='ez-toc-page-1 ez-toc-heading-level-2'><a class=\"ez-toc-link ez-toc-heading-46\" href=\"https:\/\/loudavymkrokem.cz\/es\/olomouc-republica-checa-ninos\/#Preguntas_frecuentes\" >Preguntas frecuentes<\/a><ul class='ez-toc-list-level-3' ><li class='ez-toc-heading-level-3'><a class=\"ez-toc-link ez-toc-heading-47\" href=\"https:\/\/loudavymkrokem.cz\/es\/olomouc-republica-checa-ninos\/#%C2%BFDonde_ir_en_Olomouc_con_ninos_cuando_llueve\" >\u00bfD\u00f3nde ir en Olomouc con ni\u00f1os cuando llueve?<\/a><\/li><li class='ez-toc-page-1 ez-toc-heading-level-3'><a class=\"ez-toc-link ez-toc-heading-48\" href=\"https:\/\/loudavymkrokem.cz\/es\/olomouc-republica-checa-ninos\/#%C2%BFCuanto_cuesta_el_ZOO_Olomouc\" >\u00bfCu\u00e1nto cuesta el ZOO Olomouc?<\/a><\/li><li class='ez-toc-page-1 ez-toc-heading-level-3'><a class=\"ez-toc-link ez-toc-heading-49\" href=\"https:\/\/loudavymkrokem.cz\/es\/olomouc-republica-checa-ninos\/#%C2%BFComo_llegar_a_Svaty_Kopecek\" >\u00bfC\u00f3mo llegar a Svat\u00fd Kope\u010dek?<\/a><\/li><li class='ez-toc-page-1 ez-toc-heading-level-3'><a class=\"ez-toc-link ez-toc-heading-50\" href=\"https:\/\/loudavymkrokem.cz\/es\/olomouc-republica-checa-ninos\/#%C2%BFEs_Olomouc_adecuada_para_ir_con_carrito\" >\u00bfEs Olomouc adecuada para ir con carrito?<\/a><\/li><li class='ez-toc-page-1 ez-toc-heading-level-3'><a class=\"ez-toc-link ez-toc-heading-51\" href=\"https:\/\/loudavymkrokem.cz\/es\/olomouc-republica-checa-ninos\/#%C2%BFDonde_ir_con_ninos_en_Olomouc_gratis\" >\u00bfD\u00f3nde ir con ni\u00f1os en Olomouc gratis?<\/a><\/li><li class='ez-toc-page-1 ez-toc-heading-level-3'><a class=\"ez-toc-link ez-toc-heading-52\" href=\"https:\/\/loudavymkrokem.cz\/es\/olomouc-republica-checa-ninos\/#%C2%BFCuantos_dias_necesitamos_para_Olomouc_con_ninos\" >\u00bfCu\u00e1ntos d\u00edas necesitamos para Olomouc con ni\u00f1os?<\/a><\/li><li class='ez-toc-page-1 ez-toc-heading-level-3'><a class=\"ez-toc-link ez-toc-heading-53\" href=\"https:\/\/loudavymkrokem.cz\/es\/olomouc-republica-checa-ninos\/#%C2%BFDonde_ir_de_excursion_desde_Olomouc_con_ninos\" >\u00bfD\u00f3nde ir de excursi\u00f3n desde Olomouc con ni\u00f1os?<\/a><\/li><li class='ez-toc-page-1 ez-toc-heading-level-3'><a class=\"ez-toc-link ez-toc-heading-54\" href=\"https:\/\/loudavymkrokem.cz\/es\/olomouc-republica-checa-ninos\/#%C2%BFQue_distancia_hay_del_DinoPark_Vyskov_desde_Olomouc\" >\u00bfQu\u00e9 distancia hay del DinoPark Vy\u0161kov desde Olomouc?<\/a><\/li><\/ul><\/li><\/ul><\/nav><\/div>\n<h3 class=\"wp-block-heading\"><span class=\"ez-toc-section\" id=\"Resumen_Olomouc_con_ninos_de_un_vistazo\"><\/span>Resumen: Olomouc con ni\u00f1os de un vistazo<span class=\"ez-toc-section-end\"><\/span><\/h3>\n\n\n\n<ul class=\"wp-block-list\">\n\n<li><strong>Con buen tiempo:<\/strong> organiza una b\u00fasqueda de las fuentes barrocas del centro, espera al toque de mediod\u00eda del original reloj astron\u00f3mico, sal a los amplios jardines Smetana o explora la Fortaleza de la Corona (Korunn\u00ed pevn\u016fstka).<\/li>\n\n\n\n<li><strong>Cuando llueve:<\/strong> Olomouc es un para\u00edso para los d\u00edas lluviosos. Te espera la enorme Fortaleza del Conocimiento (Pevnost pozn\u00e1n\u00ed) llena de ciencia, el gran parque de ocio Krokod\u00fdlek y una concentraci\u00f3n inigualable de preciosas ludotecas en pleno centro, con caf\u00e9 de especialidad para los padres.<\/li>\n\n\n\n<li><strong>Excursiones:<\/strong> Svat\u00fd Kope\u010dek con su zoo es imprescindible, pero si tienes coche, valora tambi\u00e9n el fant\u00e1stico DinoPark de Vy\u0161kov o el castillo de cuento de Bouzov.<\/li>\n\n\n\n<li><strong>D\u00f3nde alojarse:<\/strong> una gran opci\u00f3n en el centro es el OREA Hotel Arigone, donde los ni\u00f1os hasta los 5,99 a\u00f1os se alojan gratis y los padres pueden meterse en el jacuzzi de la habitaci\u00f3n una vez dormidos los peques.<\/li>\n\n\n\n<li><strong>Cu\u00e1ntos d\u00edas necesitas:<\/strong> el casco hist\u00f3rico lo recorres en un d\u00eda, pero si quieres ver tambi\u00e9n el zoo y disfrutar de las ludotecas o el parque acu\u00e1tico, lo ideal son 2 o 3 d\u00edas.<\/li>\n\n\n<\/ul>\n\n\n\n<h2 class=\"wp-block-heading\"><span class=\"ez-toc-section\" id=\"Cuando_ir_a_Olomouc_con_ninos\"><\/span>Cu\u00e1ndo ir a Olomouc con ni\u00f1os<span class=\"ez-toc-section-end\"><\/span><\/h2>\n\n\n\n<figure data-wp-context=\"{&quot;imageId&quot;:&quot;6a952c61d71da&quot;}\" data-wp-interactive=\"core\/image\" data-wp-key=\"6a952c61d71da\" class=\"wp-block-image size-full wp-lightbox-container\"><img decoding=\"async\" width=\"2200\" height=\"1467\" data-wp-class--hide=\"state.isContentHidden\" data-wp-class--show=\"state.isContentVisible\" data-wp-init=\"callbacks.setButtonStyles\" data-wp-on--click=\"actions.showLightbox\" data-wp-on--load=\"callbacks.setButtonStyles\" data-wp-on--pointerdown=\"actions.preloadImage\" data-wp-on--pointerenter=\"actions.preloadImageWithDelay\" data-wp-on--pointerleave=\"actions.cancelPreload\" data-wp-on-window--resize=\"callbacks.setButtonStyles\" src=\"https:\/\/loudavymkrokem.cz\/wp-content\/uploads\/2026\/08\/olomouc-s-detmi-namesti-se-stromy.jpg\" alt=\"Casa barroca y estatua en una plaza de Olomouc con \u00e1rboles\" class=\"wp-image-401042\" title=\"\" srcset=\"https:\/\/loudavymkrokem.cz\/wp-content\/uploads\/2026\/08\/olomouc-s-detmi-namesti-se-stromy.jpg 2200w, https:\/\/loudavymkrokem.cz\/wp-content\/uploads\/2026\/08\/olomouc-s-detmi-namesti-se-stromy-300x200.jpg 300w, https:\/\/loudavymkrokem.cz\/wp-content\/uploads\/2026\/08\/olomouc-s-detmi-namesti-se-stromy-700x467.jpg 700w, https:\/\/loudavymkrokem.cz\/wp-content\/uploads\/2026\/08\/olomouc-s-detmi-namesti-se-stromy-768x512.jpg 768w, https:\/\/loudavymkrokem.cz\/wp-content\/uploads\/2026\/08\/olomouc-s-detmi-namesti-se-stromy-1536x1024.jpg 1536w, https:\/\/loudavymkrokem.cz\/wp-content\/uploads\/2026\/08\/olomouc-s-detmi-namesti-se-stromy-2048x1366.jpg 2048w, https:\/\/loudavymkrokem.cz\/wp-content\/uploads\/2026\/08\/olomouc-s-detmi-namesti-se-stromy-696x464.jpg 696w, https:\/\/loudavymkrokem.cz\/wp-content\/uploads\/2026\/08\/olomouc-s-detmi-namesti-se-stromy-1392x928.jpg 1392w, https:\/\/loudavymkrokem.cz\/wp-content\/uploads\/2026\/08\/olomouc-s-detmi-namesti-se-stromy-1920x1280.jpg 1920w\" sizes=\"(max-width: 2200px) 100vw, 2200px\" \/><button\n\t\t\tclass=\"lightbox-trigger\"\n\t\t\ttype=\"button\"\n\t\t\taria-haspopup=\"dialog\"\n\t\t\tdata-wp-bind--aria-label=\"state.thisImage.triggerButtonAriaLabel\"\n\t\t\tdata-wp-init=\"callbacks.initTriggerButton\"\n\t\t\tdata-wp-on--click=\"actions.showLightbox\"\n\t\t\tdata-wp-style--right=\"state.thisImage.buttonRight\"\n\t\t\tdata-wp-style--top=\"state.thisImage.buttonTop\"\n\t\t>\n\t\t\t<svg xmlns=\"http:\/\/www.w3.org\/2000\/svg\" width=\"12\" height=\"12\" fill=\"none\" viewBox=\"0 0 12 12\">\n\t\t\t\t<path fill=\"#fff\" d=\"M2 0a2 2 0 0 0-2 2v2h1.5V2a.5.5 0 0 1 .5-.5h2V0H2Zm2 10.5H2a.5.5 0 0 1-.5-.5V8H0v2a2 2 0 0 0 2 2h2v-1.5ZM8 12v-1.5h2a.5.5 0 0 0 .5-.5V8H12v2a2 2 0 0 1-2 2H8Zm2-12a2 2 0 0 1 2 2v2h-1.5V2a.5.5 0 0 0-.5-.5H8V0h2Z\" \/>\n\t\t\t<\/svg>\n\t\t<\/button><figcaption class=\"wp-element-caption\">Las tranquilas plazas de Olomouc con \u00e1rboles, donde tomar un respiro con los ni\u00f1os<\/figcaption><\/figure>\n\n\n\n<p class=\"wp-block-paragraph\">Olomouc tiene una enorme ventaja: es un destino de todo el a\u00f1o que no cierra sus puertas en cuanto acaban las vacaciones de verano. \u00bfCu\u00e1ndo merece m\u00e1s la pena venir? Depende sobre todo de lo que esperes del viaje y de la edad de los ni\u00f1os que te acompa\u00f1en, y de las actividades que prefieras hacer en familia.<\/p>\n\n\n\n<p class=\"wp-block-paragraph\">La primavera en Olomouc es absolutamente m\u00e1gica, sobre todo en abril y mayo. Si aciertas con la semana adecuada, ver\u00e1s las magnolias en flor en los jardines Bezru\u010d bajo las murallas, una imagen que entusiasma incluso a los m\u00e1s reacios al romanticismo, y un poco m\u00e1s all\u00e1 empieza a despertar poco a poco el precioso Rosaleda. El verano, en cambio, te ofrece la posibilidad de refrescarte en el parque acu\u00e1tico local, pasar largos d\u00edas en el zoo de Svat\u00fd Kope\u010dek y disfrutar de paseos al atardecer por un centro casi vac\u00edo con un helado en la mano.<\/p>\n\n\n\n<p class=\"wp-block-paragraph\">El oto\u00f1o ti\u00f1e de dorado los amplios parques de Olomouc y es el momento ideal para recorrer museos y ludotecas interiores, de las que aqu\u00ed hay a montones. Y no puedo olvidar el invierno, m\u00e1s concretamente el Adviento. Los mercados navide\u00f1os de Olomouc en las plazas Horn\u00ed y Doln\u00ed figuran habitualmente entre los m\u00e1s bonitos de todo el pa\u00eds: huele a ponche, las luces se encienden y para los ni\u00f1os es un aut\u00e9ntico cuento. Para lo esencial, es decir el centro y el zoo, te bastar\u00e1n dos d\u00edas, pero si quieres a\u00f1adir excursiones por los alrededores, reserva tranquilamente un fin de semana largo.<\/p>\n\n\n\n<h2 class=\"wp-block-heading\"><span class=\"ez-toc-section\" id=\"Donde_alojarse_en_Olomouc_con_ninos\"><\/span>D\u00f3nde alojarse en Olomouc con ni\u00f1os<span class=\"ez-toc-section-end\"><\/span><\/h2>\n\n\n\n<figure data-wp-context=\"{&quot;imageId&quot;:&quot;6a952c61d7679&quot;}\" data-wp-interactive=\"core\/image\" data-wp-key=\"6a952c61d7679\" class=\"wp-block-image size-full wp-lightbox-container\"><img decoding=\"async\" width=\"2200\" height=\"1467\" data-wp-class--hide=\"state.isContentHidden\" data-wp-class--show=\"state.isContentVisible\" data-wp-init=\"callbacks.setButtonStyles\" data-wp-on--click=\"actions.showLightbox\" data-wp-on--load=\"callbacks.setButtonStyles\" data-wp-on--pointerdown=\"actions.preloadImage\" data-wp-on--pointerenter=\"actions.preloadImageWithDelay\" data-wp-on--pointerleave=\"actions.cancelPreload\" data-wp-on-window--resize=\"callbacks.setButtonStyles\" src=\"https:\/\/loudavymkrokem.cz\/wp-content\/uploads\/2026\/08\/olomouc-s-detmi-hotel-arigone-wellness.jpg\" alt=\"Ni\u00f1o en una tumbona de la habitaci\u00f3n wellness del hotel Arigone en Olomouc\" class=\"wp-image-401101\" title=\"\" srcset=\"https:\/\/loudavymkrokem.cz\/wp-content\/uploads\/2026\/08\/olomouc-s-detmi-hotel-arigone-wellness.jpg 2200w, https:\/\/loudavymkrokem.cz\/wp-content\/uploads\/2026\/08\/olomouc-s-detmi-hotel-arigone-wellness-300x200.jpg 300w, https:\/\/loudavymkrokem.cz\/wp-content\/uploads\/2026\/08\/olomouc-s-detmi-hotel-arigone-wellness-700x467.jpg 700w, https:\/\/loudavymkrokem.cz\/wp-content\/uploads\/2026\/08\/olomouc-s-detmi-hotel-arigone-wellness-768x512.jpg 768w, https:\/\/loudavymkrokem.cz\/wp-content\/uploads\/2026\/08\/olomouc-s-detmi-hotel-arigone-wellness-1536x1024.jpg 1536w, https:\/\/loudavymkrokem.cz\/wp-content\/uploads\/2026\/08\/olomouc-s-detmi-hotel-arigone-wellness-2048x1366.jpg 2048w, https:\/\/loudavymkrokem.cz\/wp-content\/uploads\/2026\/08\/olomouc-s-detmi-hotel-arigone-wellness-696x464.jpg 696w, https:\/\/loudavymkrokem.cz\/wp-content\/uploads\/2026\/08\/olomouc-s-detmi-hotel-arigone-wellness-1392x928.jpg 1392w, https:\/\/loudavymkrokem.cz\/wp-content\/uploads\/2026\/08\/olomouc-s-detmi-hotel-arigone-wellness-1920x1280.jpg 1920w\" sizes=\"(max-width: 2200px) 100vw, 2200px\" \/><button\n\t\t\tclass=\"lightbox-trigger\"\n\t\t\ttype=\"button\"\n\t\t\taria-haspopup=\"dialog\"\n\t\t\tdata-wp-bind--aria-label=\"state.thisImage.triggerButtonAriaLabel\"\n\t\t\tdata-wp-init=\"callbacks.initTriggerButton\"\n\t\t\tdata-wp-on--click=\"actions.showLightbox\"\n\t\t\tdata-wp-style--right=\"state.thisImage.buttonRight\"\n\t\t\tdata-wp-style--top=\"state.thisImage.buttonTop\"\n\t\t>\n\t\t\t<svg xmlns=\"http:\/\/www.w3.org\/2000\/svg\" width=\"12\" height=\"12\" fill=\"none\" viewBox=\"0 0 12 12\">\n\t\t\t\t<path fill=\"#fff\" d=\"M2 0a2 2 0 0 0-2 2v2h1.5V2a.5.5 0 0 1 .5-.5h2V0H2Zm2 10.5H2a.5.5 0 0 1-.5-.5V8H0v2a2 2 0 0 0 2 2h2v-1.5ZM8 12v-1.5h2a.5.5 0 0 0 .5-.5V8H12v2a2 2 0 0 1-2 2H8Zm2-12a2 2 0 0 1 2 2v2h-1.5V2a.5.5 0 0 0-.5-.5H8V0h2Z\" \/>\n\t\t\t<\/svg>\n\t\t<\/button><figcaption class=\"wp-element-caption\">Habitaci\u00f3n wellness del hotel Arigone: el ni\u00f1o se duerme y los padres tienen por fin un rato para ellos<\/figcaption><\/figure>\n\n\n\n<p class=\"wp-block-paragraph\">Alojarse con ni\u00f1os en ciudades hist\u00f3ricas a veces es un rompecabezas, porque necesitas combinar la cercan\u00eda a los monumentos con la comodidad, un buen aparcamiento y, a poder ser, un poco de lujo para los padres. En nuestra visita tuvimos much\u00edsima suerte con la elecci\u00f3n del hotel y he de decir que nos hizo la estancia incre\u00edblemente agradable.<\/p>\n\n\n\n<p class=\"wp-block-paragraph\">Nos alojamos en el <strong>OREA Hotel Arigone<\/strong>, en pleno casco hist\u00f3rico, y fue un acierto total. No es un hotel t\u00edpico con un ruidoso programa de animaci\u00f3n ni mascotas en el desayuno, pero para nosotros como padres funcion\u00f3 como una terapia perfecta. Ten\u00edamos una habitaci\u00f3n wellness con jacuzzi y sauna propios. Ya te puedes imaginar el alivio cuando por la noche por fin dorm\u00edamos al peque\u00f1o Jon\u00e1\u0161 y Luk\u00e1\u0161 y yo pod\u00edamos meternos en las burbujas sin salir siquiera de la habitaci\u00f3n. Adem\u00e1s tienen unos desayunos fant\u00e1sticos, los ni\u00f1os hasta los 5,99 a\u00f1os se alojan totalmente gratis y las mejores ludotecas y cafeter\u00edas infantiles quedan a solo unos minutos a pie a paso tranquilo.<\/p>\n\n\n\n<p class=\"wp-block-paragraph\">\ud83d\udc49 <strong><a href=\"https:\/\/www.stay22.com\/allez\/roam?aid=lukaskonecny&#038;campaign=loudavymkrokemcz&#038;campaign=olomoucsdetmi&#038;hotelname=OREA%20Hotel%20Arigone%20Olomouc&#038;address=Olomouc%2C%20Cesko&#038;category=accommodation\" target=\"_blank\" rel=\"nofollow sponsored noopener\">Consultar precios y disponibilidad del hotel Arigone<\/a><\/strong> \u00b7 lo describimos en detalle en nuestra <a href=\"https:\/\/loudavymkrokem.cz\/orea-hotel-arigone\/\">rese\u00f1a del OREA Hotel Arigone<\/a>.<\/p>\n\n\n\n<p class=\"wp-block-paragraph\">Si este hotel estuviera lleno, <strong><a href=\"https:\/\/www.stay22.com\/allez\/roam?aid=lukaskonecny&amp;campaign=loudavymkrokemcz&amp;campaign=olomouc-s-detmi&amp;address=Olomouc%2C%20Cesko\" target=\"_blank\" rel=\"nofollow sponsored noopener\">echa un vistazo a otros alojamientos en Olomouc<\/a><\/strong>, hay much\u00edsimas opciones. En las rese\u00f1as los padres suelen alabar los apartamentos familiares repartidos por el centro, que te dan la posibilidad de cocinar tu propia comida, algo que con ni\u00f1os peque\u00f1os siempre viene bien. Solo que, al reservar alojamiento en pleno coraz\u00f3n de la ciudad, comprueba siempre con cuidado el tema del aparcamiento, porque la zona peatonal tiene reglas estrictas y los aparcamientos p\u00fablicos de los alrededores pueden castigar bastante el presupuesto familiar.<\/p>\n\n\n\n<h2 class=\"wp-block-heading\"><span class=\"ez-toc-section\" id=\"Que_hacer_al_aire_libre_en_Olomouc_con_ninos\"><\/span>Qu\u00e9 hacer al aire libre en Olomouc con ni\u00f1os<span class=\"ez-toc-section-end\"><\/span><\/h2>\n\n\n\n<p class=\"wp-block-paragraph\">Cuando asoma el sol y el tiempo acompa\u00f1a, el centro hist\u00f3rico de Olomouc se convierte en un gran parque al aire libre lleno de sorpresas. No se trata solo de contemplar fachadas antiguas: la ciudad tiene un alma juguetona y muchos rincones que divertir\u00e1n incluso a los viajeros m\u00e1s peque\u00f1os. He preparado diez ideas de actividades al aire libre gracias a las cuales <strong>Olomouc para ni\u00f1os<\/strong> ser\u00e1 una experiencia y no un castigo.<\/p>\n\n\n\n<h3 class=\"wp-block-heading\"><span class=\"ez-toc-section\" id=\"1_El_reloj_astronomico_de_Olomouc\"><\/span>1. El reloj astron\u00f3mico de Olomouc<span class=\"ez-toc-section-end\"><\/span><\/h3>\n\n\n\n<figure data-wp-context=\"{&quot;imageId&quot;:&quot;6a952c61d7ba0&quot;}\" data-wp-interactive=\"core\/image\" data-wp-key=\"6a952c61d7ba0\" class=\"wp-block-image size-full wp-lightbox-container\"><img decoding=\"async\" width=\"2200\" height=\"1467\" data-wp-class--hide=\"state.isContentHidden\" data-wp-class--show=\"state.isContentVisible\" data-wp-init=\"callbacks.setButtonStyles\" data-wp-on--click=\"actions.showLightbox\" data-wp-on--load=\"callbacks.setButtonStyles\" data-wp-on--pointerdown=\"actions.preloadImage\" data-wp-on--pointerenter=\"actions.preloadImageWithDelay\" data-wp-on--pointerleave=\"actions.cancelPreload\" data-wp-on-window--resize=\"callbacks.setButtonStyles\" src=\"https:\/\/loudavymkrokem.cz\/wp-content\/uploads\/2026\/08\/olomouc-s-detmi-orloj-detail.jpg\" alt=\"Detalle del reloj astron\u00f3mico de Olomouc con figuras de obreros y esferas\" class=\"wp-image-401020\" title=\"\" srcset=\"https:\/\/loudavymkrokem.cz\/wp-content\/uploads\/2026\/08\/olomouc-s-detmi-orloj-detail.jpg 2200w, https:\/\/loudavymkrokem.cz\/wp-content\/uploads\/2026\/08\/olomouc-s-detmi-orloj-detail-300x200.jpg 300w, https:\/\/loudavymkrokem.cz\/wp-content\/uploads\/2026\/08\/olomouc-s-detmi-orloj-detail-700x467.jpg 700w, https:\/\/loudavymkrokem.cz\/wp-content\/uploads\/2026\/08\/olomouc-s-detmi-orloj-detail-768x512.jpg 768w, https:\/\/loudavymkrokem.cz\/wp-content\/uploads\/2026\/08\/olomouc-s-detmi-orloj-detail-1536x1024.jpg 1536w, https:\/\/loudavymkrokem.cz\/wp-content\/uploads\/2026\/08\/olomouc-s-detmi-orloj-detail-2048x1366.jpg 2048w, https:\/\/loudavymkrokem.cz\/wp-content\/uploads\/2026\/08\/olomouc-s-detmi-orloj-detail-696x464.jpg 696w, https:\/\/loudavymkrokem.cz\/wp-content\/uploads\/2026\/08\/olomouc-s-detmi-orloj-detail-1392x928.jpg 1392w, https:\/\/loudavymkrokem.cz\/wp-content\/uploads\/2026\/08\/olomouc-s-detmi-orloj-detail-1920x1280.jpg 1920w\" sizes=\"(max-width: 2200px) 100vw, 2200px\" \/><button\n\t\t\tclass=\"lightbox-trigger\"\n\t\t\ttype=\"button\"\n\t\t\taria-haspopup=\"dialog\"\n\t\t\tdata-wp-bind--aria-label=\"state.thisImage.triggerButtonAriaLabel\"\n\t\t\tdata-wp-init=\"callbacks.initTriggerButton\"\n\t\t\tdata-wp-on--click=\"actions.showLightbox\"\n\t\t\tdata-wp-style--right=\"state.thisImage.buttonRight\"\n\t\t\tdata-wp-style--top=\"state.thisImage.buttonTop\"\n\t\t>\n\t\t\t<svg xmlns=\"http:\/\/www.w3.org\/2000\/svg\" width=\"12\" height=\"12\" fill=\"none\" viewBox=\"0 0 12 12\">\n\t\t\t\t<path fill=\"#fff\" d=\"M2 0a2 2 0 0 0-2 2v2h1.5V2a.5.5 0 0 1 .5-.5h2V0H2Zm2 10.5H2a.5.5 0 0 1-.5-.5V8H0v2a2 2 0 0 0 2 2h2v-1.5ZM8 12v-1.5h2a.5.5 0 0 0 .5-.5V8H12v2a2 2 0 0 1-2 2H8Zm2-12a2 2 0 0 1 2 2v2h-1.5V2a.5.5 0 0 0-.5-.5H8V0h2Z\" \/>\n\t\t\t<\/svg>\n\t\t<\/button><figcaption class=\"wp-element-caption\">En el reloj desfilan obreros en lugar de ap\u00f3stoles. A los ni\u00f1os suele hacerles gracia.<\/figcaption><\/figure>\n\n\n\n<p class=\"wp-block-paragraph\">Mientras que el reloj astron\u00f3mico de Praga muestra a los ap\u00f3stoles muy por encima de las cabezas de la multitud, el de Olomouc, en la plaza Horn\u00ed y directamente sobre el edificio del ayuntamiento, tiene dos grandes ventajas para las familias con ni\u00f1os. Primero, est\u00e1 a la altura de los ojos, as\u00ed que hasta los m\u00e1s peque\u00f1os ven sin problema todas esas figuritas en movimiento; y segundo, es sencillamente \u00fanico en el mundo. Es uno de los pocos relojes astron\u00f3micos del planeta que, tras ser destruido al final de la guerra, se reconstruy\u00f3 entre 1947 y 1955 con est\u00e9tica de realismo socialista, seg\u00fan el dise\u00f1o de Karel Svolinsk\u00fd.<\/p>\n\n\n\n<p class=\"wp-block-paragraph\">En lugar de santos, aqu\u00ed ver\u00e1s desfilar a un herrero, un panadero, un qu\u00edmico y otros honrados proletarios, algo que suele encantar a los ni\u00f1os porque entienden estos oficios mucho mejor que a los personajes hist\u00f3ricos. Toda esa maravilla se pone en marcha cada d\u00eda <strong>exactamente a mediod\u00eda<\/strong>, as\u00ed que planifica el paseo para estar listos delante del reloj antes de las doce.<\/p>\n\n\n\n<h3 class=\"wp-block-heading\"><span class=\"ez-toc-section\" id=\"2_Columna_de_la_Santisima_Trinidad\"><\/span>2. Columna de la Sant\u00edsima Trinidad<span class=\"ez-toc-section-end\"><\/span><\/h3>\n\n\n\n<figure data-wp-context=\"{&quot;imageId&quot;:&quot;6a952c61d7f6c&quot;}\" data-wp-interactive=\"core\/image\" data-wp-key=\"6a952c61d7f6c\" class=\"wp-block-image size-full wp-lightbox-container\"><img decoding=\"async\" width=\"1800\" height=\"1208\" data-wp-class--hide=\"state.isContentHidden\" data-wp-class--show=\"state.isContentVisible\" data-wp-init=\"callbacks.setButtonStyles\" data-wp-on--click=\"actions.showLightbox\" data-wp-on--load=\"callbacks.setButtonStyles\" data-wp-on--pointerdown=\"actions.preloadImage\" data-wp-on--pointerenter=\"actions.preloadImageWithDelay\" data-wp-on--pointerleave=\"actions.cancelPreload\" data-wp-on-window--resize=\"callbacks.setButtonStyles\" src=\"https:\/\/loudavymkrokem.cz\/wp-content\/uploads\/2026\/08\/olomouc-s-detmi-sloup-horni-namesti.jpg\" alt=\"Columna de la Sant\u00edsima Trinidad en la plaza Horn\u00ed de Olomouc\" class=\"wp-image-401195\" title=\"\" srcset=\"https:\/\/loudavymkrokem.cz\/wp-content\/uploads\/2026\/08\/olomouc-s-detmi-sloup-horni-namesti.jpg 1800w, https:\/\/loudavymkrokem.cz\/wp-content\/uploads\/2026\/08\/olomouc-s-detmi-sloup-horni-namesti-300x201.jpg 300w, https:\/\/loudavymkrokem.cz\/wp-content\/uploads\/2026\/08\/olomouc-s-detmi-sloup-horni-namesti-700x470.jpg 700w, https:\/\/loudavymkrokem.cz\/wp-content\/uploads\/2026\/08\/olomouc-s-detmi-sloup-horni-namesti-768x515.jpg 768w, https:\/\/loudavymkrokem.cz\/wp-content\/uploads\/2026\/08\/olomouc-s-detmi-sloup-horni-namesti-1536x1031.jpg 1536w, https:\/\/loudavymkrokem.cz\/wp-content\/uploads\/2026\/08\/olomouc-s-detmi-sloup-horni-namesti-696x467.jpg 696w, https:\/\/loudavymkrokem.cz\/wp-content\/uploads\/2026\/08\/olomouc-s-detmi-sloup-horni-namesti-1392x934.jpg 1392w\" sizes=\"(max-width: 1800px) 100vw, 1800px\" \/><button\n\t\t\tclass=\"lightbox-trigger\"\n\t\t\ttype=\"button\"\n\t\t\taria-haspopup=\"dialog\"\n\t\t\tdata-wp-bind--aria-label=\"state.thisImage.triggerButtonAriaLabel\"\n\t\t\tdata-wp-init=\"callbacks.initTriggerButton\"\n\t\t\tdata-wp-on--click=\"actions.showLightbox\"\n\t\t\tdata-wp-style--right=\"state.thisImage.buttonRight\"\n\t\t\tdata-wp-style--top=\"state.thisImage.buttonTop\"\n\t\t>\n\t\t\t<svg xmlns=\"http:\/\/www.w3.org\/2000\/svg\" width=\"12\" height=\"12\" fill=\"none\" viewBox=\"0 0 12 12\">\n\t\t\t\t<path fill=\"#fff\" d=\"M2 0a2 2 0 0 0-2 2v2h1.5V2a.5.5 0 0 1 .5-.5h2V0H2Zm2 10.5H2a.5.5 0 0 1-.5-.5V8H0v2a2 2 0 0 0 2 2h2v-1.5ZM8 12v-1.5h2a.5.5 0 0 0 .5-.5V8H12v2a2 2 0 0 1-2 2H8Zm2-12a2 2 0 0 1 2 2v2h-1.5V2a.5.5 0 0 0-.5-.5H8V0h2Z\" \/>\n\t\t\t<\/svg>\n\t\t<\/button><figcaption class=\"wp-element-caption\">La Columna de la Sant\u00edsima Trinidad es el mayor conjunto escult\u00f3rico barroco de Europa Central<\/figcaption><\/figure>\n\n\n\n<p class=\"wp-block-paragraph\">Justo al lado del reloj, en la plaza Horn\u00ed, se alza un monumento que ser\u00eda un pecado dejar pasar, ya que presume de estar en la lista de la <strong>UNESCO desde el a\u00f1o 2000<\/strong>. Es una imponente columna de la peste de unos 32 metros de altura, el mayor conjunto escult\u00f3rico barroco reunido en una sola obra de toda Europa Central.<\/p>\n\n\n\n<p class=\"wp-block-paragraph\">Para los ni\u00f1os, el simple tama\u00f1o de la columna resulta impresionante y, adem\u00e1s, en su enorme base se esconde una peque\u00f1a capilla. Aunque no siempre se puede entrar en cualquier momento, solo saber que \u00abdentro de la gran columna hay escondida una casita\u00bb dispara la imaginaci\u00f3n infantil de manera infalible.<\/p>\n\n\n\n<h3 class=\"wp-block-heading\"><span class=\"ez-toc-section\" id=\"3_Busqueda_de_las_fuentes_barrocas\"><\/span>3. B\u00fasqueda de las fuentes barrocas<span class=\"ez-toc-section-end\"><\/span><\/h3>\n\n\n\n<figure data-wp-context=\"{&quot;imageId&quot;:&quot;6a952c61d839b&quot;}\" data-wp-interactive=\"core\/image\" data-wp-key=\"6a952c61d839b\" class=\"wp-block-image size-full wp-lightbox-container\"><img decoding=\"async\" width=\"2200\" height=\"1467\" data-wp-class--hide=\"state.isContentHidden\" data-wp-class--show=\"state.isContentVisible\" data-wp-init=\"callbacks.setButtonStyles\" data-wp-on--click=\"actions.showLightbox\" data-wp-on--load=\"callbacks.setButtonStyles\" data-wp-on--pointerdown=\"actions.preloadImage\" data-wp-on--pointerenter=\"actions.preloadImageWithDelay\" data-wp-on--pointerleave=\"actions.cancelPreload\" data-wp-on-window--resize=\"callbacks.setButtonStyles\" src=\"https:\/\/loudavymkrokem.cz\/wp-content\/uploads\/2026\/08\/olomouc-s-detmi-caesarova-kasna.jpg\" alt=\"Fuente de C\u00e9sar en la plaza Horn\u00ed de Olomouc\" class=\"wp-image-401030\" title=\"\" srcset=\"https:\/\/loudavymkrokem.cz\/wp-content\/uploads\/2026\/08\/olomouc-s-detmi-caesarova-kasna.jpg 2200w, https:\/\/loudavymkrokem.cz\/wp-content\/uploads\/2026\/08\/olomouc-s-detmi-caesarova-kasna-300x200.jpg 300w, https:\/\/loudavymkrokem.cz\/wp-content\/uploads\/2026\/08\/olomouc-s-detmi-caesarova-kasna-700x467.jpg 700w, https:\/\/loudavymkrokem.cz\/wp-content\/uploads\/2026\/08\/olomouc-s-detmi-caesarova-kasna-768x512.jpg 768w, https:\/\/loudavymkrokem.cz\/wp-content\/uploads\/2026\/08\/olomouc-s-detmi-caesarova-kasna-1536x1024.jpg 1536w, https:\/\/loudavymkrokem.cz\/wp-content\/uploads\/2026\/08\/olomouc-s-detmi-caesarova-kasna-2048x1366.jpg 2048w, https:\/\/loudavymkrokem.cz\/wp-content\/uploads\/2026\/08\/olomouc-s-detmi-caesarova-kasna-696x464.jpg 696w, https:\/\/loudavymkrokem.cz\/wp-content\/uploads\/2026\/08\/olomouc-s-detmi-caesarova-kasna-1392x928.jpg 1392w, https:\/\/loudavymkrokem.cz\/wp-content\/uploads\/2026\/08\/olomouc-s-detmi-caesarova-kasna-1920x1280.jpg 1920w\" sizes=\"(max-width: 2200px) 100vw, 2200px\" \/><button\n\t\t\tclass=\"lightbox-trigger\"\n\t\t\ttype=\"button\"\n\t\t\taria-haspopup=\"dialog\"\n\t\t\tdata-wp-bind--aria-label=\"state.thisImage.triggerButtonAriaLabel\"\n\t\t\tdata-wp-init=\"callbacks.initTriggerButton\"\n\t\t\tdata-wp-on--click=\"actions.showLightbox\"\n\t\t\tdata-wp-style--right=\"state.thisImage.buttonRight\"\n\t\t\tdata-wp-style--top=\"state.thisImage.buttonTop\"\n\t\t>\n\t\t\t<svg xmlns=\"http:\/\/www.w3.org\/2000\/svg\" width=\"12\" height=\"12\" fill=\"none\" viewBox=\"0 0 12 12\">\n\t\t\t\t<path fill=\"#fff\" d=\"M2 0a2 2 0 0 0-2 2v2h1.5V2a.5.5 0 0 1 .5-.5h2V0H2Zm2 10.5H2a.5.5 0 0 1-.5-.5V8H0v2a2 2 0 0 0 2 2h2v-1.5ZM8 12v-1.5h2a.5.5 0 0 0 .5-.5V8H12v2a2 2 0 0 1-2 2H8Zm2-12a2 2 0 0 1 2 2v2h-1.5V2a.5.5 0 0 0-.5-.5H8V0h2Z\" \/>\n\t\t\t<\/svg>\n\t\t<\/button><figcaption class=\"wp-element-caption\">La fuente de C\u00e9sar en la plaza Horn\u00ed. Busca el perro bajo el caballo, s\u00edmbolo de la fidelidad de la ciudad.<\/figcaption><\/figure>\n\n\n\n<p class=\"wp-block-paragraph\">En mi opini\u00f3n, esta es la mejor manera de recorrer con los ni\u00f1os todo el centro hist\u00f3rico sin que se den cuenta siquiera de que en realidad \u00abest\u00e1n viendo monumentos\u00bb. Olomouc tiene el \u00fanico conjunto tan amplio de fuentes barrocas conservado en la Rep\u00fablica Checa, y con ello puedes montar un juego familiar buen\u00edsimo.<\/p>\n\n\n\n<p class=\"wp-block-paragraph\">Reparte un plano a los ni\u00f1os y d\u00e9jalos buscar la fuente de Neptuno de 1683, que es la m\u00e1s antigua, la de H\u00e9rcules, la de J\u00fapiter, la de Mercurio, la de los Tritones y la majestuosa <strong>fuente de C\u00e9sar<\/strong>, donde tienen que encontrar el perro bajo el caballo que simboliza la fidelidad de la ciudad al soberano. Pero el gran \u00e9xito entre los ni\u00f1os es la moderna <strong>fuente de Ari\u00f3n<\/strong> de 2002, del escultor Ivan Theimer. Incluye una gran <strong>tortuga<\/strong> de bronce ante la que se para pr\u00e1cticamente todo ni\u00f1o que pasa por delante.<\/p>\n\n\n\n<h3 class=\"wp-block-heading\"><span class=\"ez-toc-section\" id=\"4_La_torre_del_ayuntamiento\"><\/span>4. La torre del ayuntamiento<span class=\"ez-toc-section-end\"><\/span><\/h3>\n\n\n\n<figure data-wp-context=\"{&quot;imageId&quot;:&quot;6a952c61d878c&quot;}\" data-wp-interactive=\"core\/image\" data-wp-key=\"6a952c61d878c\" class=\"wp-block-image size-full wp-lightbox-container\"><img decoding=\"async\" width=\"2200\" height=\"1467\" data-wp-class--hide=\"state.isContentHidden\" data-wp-class--show=\"state.isContentVisible\" data-wp-init=\"callbacks.setButtonStyles\" data-wp-on--click=\"actions.showLightbox\" data-wp-on--load=\"callbacks.setButtonStyles\" data-wp-on--pointerdown=\"actions.preloadImage\" data-wp-on--pointerenter=\"actions.preloadImageWithDelay\" data-wp-on--pointerleave=\"actions.cancelPreload\" data-wp-on-window--resize=\"callbacks.setButtonStyles\" src=\"https:\/\/loudavymkrokem.cz\/wp-content\/uploads\/2026\/08\/olomouc-s-detmi-radnice-orloj.jpg\" alt=\"Ayuntamiento de Olomouc con el reloj astron\u00f3mico en la plaza Horn\u00ed\" class=\"wp-image-401026\" title=\"\" srcset=\"https:\/\/loudavymkrokem.cz\/wp-content\/uploads\/2026\/08\/olomouc-s-detmi-radnice-orloj.jpg 2200w, https:\/\/loudavymkrokem.cz\/wp-content\/uploads\/2026\/08\/olomouc-s-detmi-radnice-orloj-300x200.jpg 300w, https:\/\/loudavymkrokem.cz\/wp-content\/uploads\/2026\/08\/olomouc-s-detmi-radnice-orloj-700x467.jpg 700w, https:\/\/loudavymkrokem.cz\/wp-content\/uploads\/2026\/08\/olomouc-s-detmi-radnice-orloj-768x512.jpg 768w, https:\/\/loudavymkrokem.cz\/wp-content\/uploads\/2026\/08\/olomouc-s-detmi-radnice-orloj-1536x1024.jpg 1536w, https:\/\/loudavymkrokem.cz\/wp-content\/uploads\/2026\/08\/olomouc-s-detmi-radnice-orloj-2048x1366.jpg 2048w, https:\/\/loudavymkrokem.cz\/wp-content\/uploads\/2026\/08\/olomouc-s-detmi-radnice-orloj-696x464.jpg 696w, https:\/\/loudavymkrokem.cz\/wp-content\/uploads\/2026\/08\/olomouc-s-detmi-radnice-orloj-1392x928.jpg 1392w, https:\/\/loudavymkrokem.cz\/wp-content\/uploads\/2026\/08\/olomouc-s-detmi-radnice-orloj-1920x1280.jpg 1920w\" sizes=\"(max-width: 2200px) 100vw, 2200px\" \/><button\n\t\t\tclass=\"lightbox-trigger\"\n\t\t\ttype=\"button\"\n\t\t\taria-haspopup=\"dialog\"\n\t\t\tdata-wp-bind--aria-label=\"state.thisImage.triggerButtonAriaLabel\"\n\t\t\tdata-wp-init=\"callbacks.initTriggerButton\"\n\t\t\tdata-wp-on--click=\"actions.showLightbox\"\n\t\t\tdata-wp-style--right=\"state.thisImage.buttonRight\"\n\t\t\tdata-wp-style--top=\"state.thisImage.buttonTop\"\n\t\t>\n\t\t\t<svg xmlns=\"http:\/\/www.w3.org\/2000\/svg\" width=\"12\" height=\"12\" fill=\"none\" viewBox=\"0 0 12 12\">\n\t\t\t\t<path fill=\"#fff\" d=\"M2 0a2 2 0 0 0-2 2v2h1.5V2a.5.5 0 0 1 .5-.5h2V0H2Zm2 10.5H2a.5.5 0 0 1-.5-.5V8H0v2a2 2 0 0 0 2 2h2v-1.5ZM8 12v-1.5h2a.5.5 0 0 0 .5-.5V8H12v2a2 2 0 0 1-2 2H8Zm2-12a2 2 0 0 1 2 2v2h-1.5V2a.5.5 0 0 0-.5-.5H8V0h2Z\" \/>\n\t\t\t<\/svg>\n\t\t<\/button><figcaption class=\"wp-element-caption\">El ayuntamiento con el reloj astron\u00f3mico y la torre, a la que se sube con gu\u00eda<\/figcaption><\/figure>\n\n\n\n<p class=\"wp-block-paragraph\">Si llevas contigo ni\u00f1os algo m\u00e1s mayores, capaces de subir unos cuantos escalones, no te pierdas la vista de la ciudad a vista de p\u00e1jaro. La torre del ayuntamiento mide unos respetables 75 metros y se alza directamente sobre la plaza Horn\u00ed, justo al lado del famoso reloj astron\u00f3mico.<\/p>\n\n\n\n<p class=\"wp-block-paragraph\">La subida es de temporada y siempre con gu\u00eda, as\u00ed que aprender\u00e1s de paso algo interesante sobre la historia. La vista desde la galer\u00eda es absolutamente impresionante: ver\u00e1s todos esos tejados rojos, las callejuelas enrevesadas y las colinas de alrededor, algo que sin duda merece el esfuerzo de las piernas.<\/p>\n\n\n\n<h3 class=\"wp-block-heading\"><span class=\"ez-toc-section\" id=\"5_Iglesia_de_San_Mauricio_y_subida_a_la_torre\"><\/span>5. Iglesia de San Mauricio y subida a la torre<span class=\"ez-toc-section-end\"><\/span><\/h3>\n\n\n\n<figure data-wp-context=\"{&quot;imageId&quot;:&quot;6a952c61d8b41&quot;}\" data-wp-interactive=\"core\/image\" data-wp-key=\"6a952c61d8b41\" class=\"wp-block-image size-full wp-lightbox-container\"><img decoding=\"async\" width=\"1467\" height=\"2200\" data-wp-class--hide=\"state.isContentHidden\" data-wp-class--show=\"state.isContentVisible\" data-wp-init=\"callbacks.setButtonStyles\" data-wp-on--click=\"actions.showLightbox\" data-wp-on--load=\"callbacks.setButtonStyles\" data-wp-on--pointerdown=\"actions.preloadImage\" data-wp-on--pointerenter=\"actions.preloadImageWithDelay\" data-wp-on--pointerleave=\"actions.cancelPreload\" data-wp-on-window--resize=\"callbacks.setButtonStyles\" src=\"https:\/\/loudavymkrokem.cz\/wp-content\/uploads\/2026\/08\/olomouc-s-detmi-ulicka-s-vezi.jpg\" alt=\"Callejuela de Olomouc con una torre de iglesia al fondo\" class=\"wp-image-401159\" title=\"\" srcset=\"https:\/\/loudavymkrokem.cz\/wp-content\/uploads\/2026\/08\/olomouc-s-detmi-ulicka-s-vezi.jpg 1467w, https:\/\/loudavymkrokem.cz\/wp-content\/uploads\/2026\/08\/olomouc-s-detmi-ulicka-s-vezi-200x300.jpg 200w, https:\/\/loudavymkrokem.cz\/wp-content\/uploads\/2026\/08\/olomouc-s-detmi-ulicka-s-vezi-700x1050.jpg 700w, https:\/\/loudavymkrokem.cz\/wp-content\/uploads\/2026\/08\/olomouc-s-detmi-ulicka-s-vezi-768x1152.jpg 768w, https:\/\/loudavymkrokem.cz\/wp-content\/uploads\/2026\/08\/olomouc-s-detmi-ulicka-s-vezi-1024x1536.jpg 1024w, https:\/\/loudavymkrokem.cz\/wp-content\/uploads\/2026\/08\/olomouc-s-detmi-ulicka-s-vezi-1366x2048.jpg 1366w, https:\/\/loudavymkrokem.cz\/wp-content\/uploads\/2026\/08\/olomouc-s-detmi-ulicka-s-vezi-696x1044.jpg 696w, https:\/\/loudavymkrokem.cz\/wp-content\/uploads\/2026\/08\/olomouc-s-detmi-ulicka-s-vezi-1392x2088.jpg 1392w\" sizes=\"(max-width: 1467px) 100vw, 1467px\" \/><button\n\t\t\tclass=\"lightbox-trigger\"\n\t\t\ttype=\"button\"\n\t\t\taria-haspopup=\"dialog\"\n\t\t\tdata-wp-bind--aria-label=\"state.thisImage.triggerButtonAriaLabel\"\n\t\t\tdata-wp-init=\"callbacks.initTriggerButton\"\n\t\t\tdata-wp-on--click=\"actions.showLightbox\"\n\t\t\tdata-wp-style--right=\"state.thisImage.buttonRight\"\n\t\t\tdata-wp-style--top=\"state.thisImage.buttonTop\"\n\t\t>\n\t\t\t<svg xmlns=\"http:\/\/www.w3.org\/2000\/svg\" width=\"12\" height=\"12\" fill=\"none\" viewBox=\"0 0 12 12\">\n\t\t\t\t<path fill=\"#fff\" d=\"M2 0a2 2 0 0 0-2 2v2h1.5V2a.5.5 0 0 1 .5-.5h2V0H2Zm2 10.5H2a.5.5 0 0 1-.5-.5V8H0v2a2 2 0 0 0 2 2h2v-1.5ZM8 12v-1.5h2a.5.5 0 0 0 .5-.5V8H12v2a2 2 0 0 1-2 2H8Zm2-12a2 2 0 0 1 2 2v2h-1.5V2a.5.5 0 0 0-.5-.5H8V0h2Z\" \/>\n\t\t\t<\/svg>\n\t\t<\/button><figcaption class=\"wp-element-caption\">Las torres de las iglesias asoman sobre las callejuelas de Olomouc casi en cada esquina<\/figcaption><\/figure>\n\n\n\n<p class=\"wp-block-paragraph\">Se dice que una vista a\u00fan mejor se disfruta desde la torre de la iglesia de San Mauricio, que mide 46 metros y a la que sube una preciosa escalera de caracol antigua que en s\u00ed misma parece sacada de una pel\u00edcula de aventuras. Suele estar abierta aproximadamente de mayo a septiembre y solo con buen tiempo, por seguridad.<\/p>\n\n\n\n<p class=\"wp-block-paragraph\">Adem\u00e1s de la estupenda panor\u00e1mica, esta iglesia tiene otro gran atractivo: alberga el <strong>\u00f3rgano m\u00e1s grande de Europa Central<\/strong>. Si tienes suerte y justo hay alguien ensayando o se celebra un concierto, ese sonido majestuoso resonando en la enorme nave te dejar\u00e1 clavado en el sitio.<\/p>\n\n\n\n<h3 class=\"wp-block-heading\"><span class=\"ez-toc-section\" id=\"6_Jardines_Smetana\"><\/span>6. Jardines Smetana<span class=\"ez-toc-section-end\"><\/span><\/h3>\n\n\n\n<figure data-wp-context=\"{&quot;imageId&quot;:&quot;6a952c61d8edd&quot;}\" data-wp-interactive=\"core\/image\" data-wp-key=\"6a952c61d8edd\" class=\"wp-block-image size-full wp-lightbox-container\"><img decoding=\"async\" width=\"1350\" height=\"1800\" data-wp-class--hide=\"state.isContentHidden\" data-wp-class--show=\"state.isContentVisible\" data-wp-init=\"callbacks.setButtonStyles\" data-wp-on--click=\"actions.showLightbox\" data-wp-on--load=\"callbacks.setButtonStyles\" data-wp-on--pointerdown=\"actions.preloadImage\" data-wp-on--pointerenter=\"actions.preloadImageWithDelay\" data-wp-on--pointerleave=\"actions.cancelPreload\" data-wp-on-window--resize=\"callbacks.setButtonStyles\" src=\"https:\/\/loudavymkrokem.cz\/wp-content\/uploads\/2026\/08\/olomouc-s-detmi-smetanovy-sady.jpg\" alt=\"Alameda y parterres en los jardines Smetana de Olomouc\" class=\"wp-image-401155\" title=\"\" srcset=\"https:\/\/loudavymkrokem.cz\/wp-content\/uploads\/2026\/08\/olomouc-s-detmi-smetanovy-sady.jpg 1350w, https:\/\/loudavymkrokem.cz\/wp-content\/uploads\/2026\/08\/olomouc-s-detmi-smetanovy-sady-225x300.jpg 225w, https:\/\/loudavymkrokem.cz\/wp-content\/uploads\/2026\/08\/olomouc-s-detmi-smetanovy-sady-700x933.jpg 700w, https:\/\/loudavymkrokem.cz\/wp-content\/uploads\/2026\/08\/olomouc-s-detmi-smetanovy-sady-768x1024.jpg 768w, https:\/\/loudavymkrokem.cz\/wp-content\/uploads\/2026\/08\/olomouc-s-detmi-smetanovy-sady-1152x1536.jpg 1152w, https:\/\/loudavymkrokem.cz\/wp-content\/uploads\/2026\/08\/olomouc-s-detmi-smetanovy-sady-696x928.jpg 696w\" sizes=\"(max-width: 1350px) 100vw, 1350px\" \/><button\n\t\t\tclass=\"lightbox-trigger\"\n\t\t\ttype=\"button\"\n\t\t\taria-haspopup=\"dialog\"\n\t\t\tdata-wp-bind--aria-label=\"state.thisImage.triggerButtonAriaLabel\"\n\t\t\tdata-wp-init=\"callbacks.initTriggerButton\"\n\t\t\tdata-wp-on--click=\"actions.showLightbox\"\n\t\t\tdata-wp-style--right=\"state.thisImage.buttonRight\"\n\t\t\tdata-wp-style--top=\"state.thisImage.buttonTop\"\n\t\t>\n\t\t\t<svg xmlns=\"http:\/\/www.w3.org\/2000\/svg\" width=\"12\" height=\"12\" fill=\"none\" viewBox=\"0 0 12 12\">\n\t\t\t\t<path fill=\"#fff\" d=\"M2 0a2 2 0 0 0-2 2v2h1.5V2a.5.5 0 0 1 .5-.5h2V0H2Zm2 10.5H2a.5.5 0 0 1-.5-.5V8H0v2a2 2 0 0 0 2 2h2v-1.5ZM8 12v-1.5h2a.5.5 0 0 0 .5-.5V8H12v2a2 2 0 0 1-2 2H8Zm2-12a2 2 0 0 1 2 2v2h-1.5V2a.5.5 0 0 0-.5-.5H8V0h2Z\" \/>\n\t\t\t<\/svg>\n\t\t<\/button><figcaption class=\"wp-element-caption\">Las anchas alamedas de los jardines Smetana son ideales para correpasillos y carrito<\/figcaption><\/figure>\n\n\n\n<p class=\"wp-block-paragraph\">Cuando todos est\u00e1n ya hartos de adoquines y necesitas que los ni\u00f1os quemen energ\u00eda, pon rumbo a los jardines Smetana. Es un parque amplio y estupendamente cuidado a un paso del centro, que presume en los mapas de una excelente valoraci\u00f3n de 4,6 estrellas. Encontrar\u00e1s muchos \u00e1rboles altos que dan una sombra bienvenida en los calurosos d\u00edas de verano y caminitos asfaltados interminables, ideales para ir en correpasillos.<\/p>\n\n\n\n<p class=\"wp-block-paragraph\">Hay much\u00edsima tranquilidad y espacio para un p\u00edcnic sobre la hierba. Eso s\u00ed, en las rese\u00f1as los padres suelen advertir con sinceridad de un peque\u00f1o inconveniente: para un parque tan grande solo hay un \u00fanico parque infantil, as\u00ed que en horas punta puede estar bastante lleno.<\/p>\n\n\n\n<h3 class=\"wp-block-heading\"><span class=\"ez-toc-section\" id=\"7_Jardines_Bezruc_y_las_murallas\"><\/span>7. Jardines Bezru\u010d y las murallas<span class=\"ez-toc-section-end\"><\/span><\/h3>\n\n\n\n<figure data-wp-context=\"{&quot;imageId&quot;:&quot;6a952c61d92b5&quot;}\" data-wp-interactive=\"core\/image\" data-wp-key=\"6a952c61d92b5\" class=\"wp-block-image size-full wp-lightbox-container\"><img decoding=\"async\" width=\"1800\" height=\"1350\" data-wp-class--hide=\"state.isContentHidden\" data-wp-class--show=\"state.isContentVisible\" data-wp-init=\"callbacks.setButtonStyles\" data-wp-on--click=\"actions.showLightbox\" data-wp-on--load=\"callbacks.setButtonStyles\" data-wp-on--pointerdown=\"actions.preloadImage\" data-wp-on--pointerenter=\"actions.preloadImageWithDelay\" data-wp-on--pointerleave=\"actions.cancelPreload\" data-wp-on-window--resize=\"callbacks.setButtonStyles\" src=\"https:\/\/loudavymkrokem.cz\/wp-content\/uploads\/2026\/08\/olomouc-s-detmi-bezrucovy-sady.jpg\" alt=\"Murallas de la ciudad con torreta en los jardines Bezru\u010d de Olomouc\" class=\"wp-image-401121\" title=\"\" srcset=\"https:\/\/loudavymkrokem.cz\/wp-content\/uploads\/2026\/08\/olomouc-s-detmi-bezrucovy-sady.jpg 1800w, https:\/\/loudavymkrokem.cz\/wp-content\/uploads\/2026\/08\/olomouc-s-detmi-bezrucovy-sady-300x225.jpg 300w, https:\/\/loudavymkrokem.cz\/wp-content\/uploads\/2026\/08\/olomouc-s-detmi-bezrucovy-sady-700x525.jpg 700w, https:\/\/loudavymkrokem.cz\/wp-content\/uploads\/2026\/08\/olomouc-s-detmi-bezrucovy-sady-768x576.jpg 768w, https:\/\/loudavymkrokem.cz\/wp-content\/uploads\/2026\/08\/olomouc-s-detmi-bezrucovy-sady-1536x1152.jpg 1536w, https:\/\/loudavymkrokem.cz\/wp-content\/uploads\/2026\/08\/olomouc-s-detmi-bezrucovy-sady-80x60.jpg 80w, https:\/\/loudavymkrokem.cz\/wp-content\/uploads\/2026\/08\/olomouc-s-detmi-bezrucovy-sady-160x120.jpg 160w, https:\/\/loudavymkrokem.cz\/wp-content\/uploads\/2026\/08\/olomouc-s-detmi-bezrucovy-sady-696x522.jpg 696w, https:\/\/loudavymkrokem.cz\/wp-content\/uploads\/2026\/08\/olomouc-s-detmi-bezrucovy-sady-1392x1044.jpg 1392w\" sizes=\"(max-width: 1800px) 100vw, 1800px\" \/><button\n\t\t\tclass=\"lightbox-trigger\"\n\t\t\ttype=\"button\"\n\t\t\taria-haspopup=\"dialog\"\n\t\t\tdata-wp-bind--aria-label=\"state.thisImage.triggerButtonAriaLabel\"\n\t\t\tdata-wp-init=\"callbacks.initTriggerButton\"\n\t\t\tdata-wp-on--click=\"actions.showLightbox\"\n\t\t\tdata-wp-style--right=\"state.thisImage.buttonRight\"\n\t\t\tdata-wp-style--top=\"state.thisImage.buttonTop\"\n\t\t>\n\t\t\t<svg xmlns=\"http:\/\/www.w3.org\/2000\/svg\" width=\"12\" height=\"12\" fill=\"none\" viewBox=\"0 0 12 12\">\n\t\t\t\t<path fill=\"#fff\" d=\"M2 0a2 2 0 0 0-2 2v2h1.5V2a.5.5 0 0 1 .5-.5h2V0H2Zm2 10.5H2a.5.5 0 0 1-.5-.5V8H0v2a2 2 0 0 0 2 2h2v-1.5ZM8 12v-1.5h2a.5.5 0 0 0 .5-.5V8H12v2a2 2 0 0 1-2 2H8Zm2-12a2 2 0 0 1 2 2v2h-1.5V2a.5.5 0 0 0-.5-.5H8V0h2Z\" \/>\n\t\t\t<\/svg>\n\t\t<\/button><figcaption class=\"wp-element-caption\">Murallas con torreta en los jardines Bezru\u010d, escenario ideal para juegos de caballeros<\/figcaption><\/figure>\n\n\n\n<p class=\"wp-block-paragraph\">Justo a la vista de los jardines Smetana, extendi\u00e9ndose bajo las antiguas murallas de la ciudad, est\u00e1n los jardines Bezru\u010d. Si vienes en primavera, vivir\u00e1s un espect\u00e1culo incre\u00edble, porque todo el parque se ilumina con preciosas magnolias en flor, bajo las que se fotograf\u00eda pr\u00e1cticamente cada visitante de la ciudad.<\/p>\n\n\n\n<p class=\"wp-block-paragraph\">Para los ni\u00f1os hay una atracci\u00f3n genial: un sendero did\u00e1ctico que recorre las antiguas fortificaciones barrocas. Aqu\u00ed se respira la historia de la vieja ciudad amurallada y, para los peques que adoran a los caballeros y los castillos, estos muros de ladrillo son perfectos para todo tipo de juegos de batallas llenos de fantas\u00eda.<\/p>\n\n\n\n<h3 class=\"wp-block-heading\"><span class=\"ez-toc-section\" id=\"8_La_Rosaleda_Rozarium\"><\/span>8. La Rosaleda (Roz\u00e1rium)<span class=\"ez-toc-section-end\"><\/span><\/h3>\n\n\n\n<figure data-wp-context=\"{&quot;imageId&quot;:&quot;6a952c61d9696&quot;}\" data-wp-interactive=\"core\/image\" data-wp-key=\"6a952c61d9696\" class=\"wp-block-image size-full wp-lightbox-container\"><img decoding=\"async\" width=\"1800\" height=\"1347\" data-wp-class--hide=\"state.isContentHidden\" data-wp-class--show=\"state.isContentVisible\" data-wp-init=\"callbacks.setButtonStyles\" data-wp-on--click=\"actions.showLightbox\" data-wp-on--load=\"callbacks.setButtonStyles\" data-wp-on--pointerdown=\"actions.preloadImage\" data-wp-on--pointerenter=\"actions.preloadImageWithDelay\" data-wp-on--pointerleave=\"actions.cancelPreload\" data-wp-on-window--resize=\"callbacks.setButtonStyles\" src=\"https:\/\/loudavymkrokem.cz\/wp-content\/uploads\/2026\/08\/olomouc-s-detmi-rozarium.jpg\" alt=\"Rosaleda de Olomouc con parterres de rosas en flor\" class=\"wp-image-401109\" title=\"\" srcset=\"https:\/\/loudavymkrokem.cz\/wp-content\/uploads\/2026\/08\/olomouc-s-detmi-rozarium.jpg 1800w, https:\/\/loudavymkrokem.cz\/wp-content\/uploads\/2026\/08\/olomouc-s-detmi-rozarium-300x225.jpg 300w, https:\/\/loudavymkrokem.cz\/wp-content\/uploads\/2026\/08\/olomouc-s-detmi-rozarium-700x524.jpg 700w, https:\/\/loudavymkrokem.cz\/wp-content\/uploads\/2026\/08\/olomouc-s-detmi-rozarium-768x575.jpg 768w, https:\/\/loudavymkrokem.cz\/wp-content\/uploads\/2026\/08\/olomouc-s-detmi-rozarium-1536x1149.jpg 1536w, https:\/\/loudavymkrokem.cz\/wp-content\/uploads\/2026\/08\/olomouc-s-detmi-rozarium-80x60.jpg 80w, https:\/\/loudavymkrokem.cz\/wp-content\/uploads\/2026\/08\/olomouc-s-detmi-rozarium-160x120.jpg 160w, https:\/\/loudavymkrokem.cz\/wp-content\/uploads\/2026\/08\/olomouc-s-detmi-rozarium-696x521.jpg 696w, https:\/\/loudavymkrokem.cz\/wp-content\/uploads\/2026\/08\/olomouc-s-detmi-rozarium-1392x1042.jpg 1392w\" sizes=\"(max-width: 1800px) 100vw, 1800px\" \/><button\n\t\t\tclass=\"lightbox-trigger\"\n\t\t\ttype=\"button\"\n\t\t\taria-haspopup=\"dialog\"\n\t\t\tdata-wp-bind--aria-label=\"state.thisImage.triggerButtonAriaLabel\"\n\t\t\tdata-wp-init=\"callbacks.initTriggerButton\"\n\t\t\tdata-wp-on--click=\"actions.showLightbox\"\n\t\t\tdata-wp-style--right=\"state.thisImage.buttonRight\"\n\t\t\tdata-wp-style--top=\"state.thisImage.buttonTop\"\n\t\t>\n\t\t\t<svg xmlns=\"http:\/\/www.w3.org\/2000\/svg\" width=\"12\" height=\"12\" fill=\"none\" viewBox=\"0 0 12 12\">\n\t\t\t\t<path fill=\"#fff\" d=\"M2 0a2 2 0 0 0-2 2v2h1.5V2a.5.5 0 0 1 .5-.5h2V0H2Zm2 10.5H2a.5.5 0 0 1-.5-.5V8H0v2a2 2 0 0 0 2 2h2v-1.5ZM8 12v-1.5h2a.5.5 0 0 0 .5-.5V8H12v2a2 2 0 0 1-2 2H8Zm2-12a2 2 0 0 1 2 2v2h-1.5V2a.5.5 0 0 0-.5-.5H8V0h2Z\" \/>\n\t\t\t<\/svg>\n\t\t<\/button><figcaption class=\"wp-element-caption\">La Rosaleda tiene caminos anchos y llanos, as\u00ed que se anda muy bien con el carrito<\/figcaption><\/figure>\n\n\n\n<p class=\"wp-block-paragraph\">En la calle 17. listopadu encontrar\u00e1s otro oasis verde, la Rosaleda de Olomouc, que funciona como jard\u00edn bot\u00e1nico y de rosas a la vez. Es un lugar enormemente popular, como demuestra su valoraci\u00f3n de <strong>4,7 con 1.877 rese\u00f1as<\/strong>, y a los locales les encanta venir aqu\u00ed a pasear los fines de semana.<\/p>\n\n\n\n<p class=\"wp-block-paragraph\">Una gran ventaja para las familias es que el recinto es en parte accesible y presume de caminos anchos y llanos, as\u00ed que es una maravilla si te mueves <strong>con carrito<\/strong>. En \u00e9poca de floraci\u00f3n de las rosas, adem\u00e1s, huele tan bien que no querr\u00e1s marcharte de aqu\u00ed.<\/p>\n\n\n\n<h3 class=\"wp-block-heading\"><span class=\"ez-toc-section\" id=\"9_Fortaleza_de_la_Corona_Korunni_pevnustka\"><\/span>9. Fortaleza de la Corona (Korunn\u00ed pevn\u016fstka)<span class=\"ez-toc-section-end\"><\/span><\/h3>\n\n\n\n<figure data-wp-context=\"{&quot;imageId&quot;:&quot;6a952c61d9a5a&quot;}\" data-wp-interactive=\"core\/image\" data-wp-key=\"6a952c61d9a5a\" class=\"wp-block-image size-full wp-lightbox-container\"><img decoding=\"async\" width=\"1800\" height=\"1350\" data-wp-class--hide=\"state.isContentHidden\" data-wp-class--show=\"state.isContentVisible\" data-wp-init=\"callbacks.setButtonStyles\" data-wp-on--click=\"actions.showLightbox\" data-wp-on--load=\"callbacks.setButtonStyles\" data-wp-on--pointerdown=\"actions.preloadImage\" data-wp-on--pointerenter=\"actions.preloadImageWithDelay\" data-wp-on--pointerleave=\"actions.cancelPreload\" data-wp-on-window--resize=\"callbacks.setButtonStyles\" src=\"https:\/\/loudavymkrokem.cz\/wp-content\/uploads\/2026\/08\/olomouc-s-detmi-korunni-pevnustka.jpg\" alt=\"Murallas de la Fortaleza de la Corona en Olomouc\" class=\"wp-image-401103\" title=\"\" srcset=\"https:\/\/loudavymkrokem.cz\/wp-content\/uploads\/2026\/08\/olomouc-s-detmi-korunni-pevnustka.jpg 1800w, https:\/\/loudavymkrokem.cz\/wp-content\/uploads\/2026\/08\/olomouc-s-detmi-korunni-pevnustka-300x225.jpg 300w, https:\/\/loudavymkrokem.cz\/wp-content\/uploads\/2026\/08\/olomouc-s-detmi-korunni-pevnustka-700x525.jpg 700w, https:\/\/loudavymkrokem.cz\/wp-content\/uploads\/2026\/08\/olomouc-s-detmi-korunni-pevnustka-768x576.jpg 768w, https:\/\/loudavymkrokem.cz\/wp-content\/uploads\/2026\/08\/olomouc-s-detmi-korunni-pevnustka-1536x1152.jpg 1536w, https:\/\/loudavymkrokem.cz\/wp-content\/uploads\/2026\/08\/olomouc-s-detmi-korunni-pevnustka-80x60.jpg 80w, https:\/\/loudavymkrokem.cz\/wp-content\/uploads\/2026\/08\/olomouc-s-detmi-korunni-pevnustka-160x120.jpg 160w, https:\/\/loudavymkrokem.cz\/wp-content\/uploads\/2026\/08\/olomouc-s-detmi-korunni-pevnustka-696x522.jpg 696w, https:\/\/loudavymkrokem.cz\/wp-content\/uploads\/2026\/08\/olomouc-s-detmi-korunni-pevnustka-1392x1044.jpg 1392w\" sizes=\"(max-width: 1800px) 100vw, 1800px\" \/><button\n\t\t\tclass=\"lightbox-trigger\"\n\t\t\ttype=\"button\"\n\t\t\taria-haspopup=\"dialog\"\n\t\t\tdata-wp-bind--aria-label=\"state.thisImage.triggerButtonAriaLabel\"\n\t\t\tdata-wp-init=\"callbacks.initTriggerButton\"\n\t\t\tdata-wp-on--click=\"actions.showLightbox\"\n\t\t\tdata-wp-style--right=\"state.thisImage.buttonRight\"\n\t\t\tdata-wp-style--top=\"state.thisImage.buttonTop\"\n\t\t>\n\t\t\t<svg xmlns=\"http:\/\/www.w3.org\/2000\/svg\" width=\"12\" height=\"12\" fill=\"none\" viewBox=\"0 0 12 12\">\n\t\t\t\t<path fill=\"#fff\" d=\"M2 0a2 2 0 0 0-2 2v2h1.5V2a.5.5 0 0 1 .5-.5h2V0H2Zm2 10.5H2a.5.5 0 0 1-.5-.5V8H0v2a2 2 0 0 0 2 2h2v-1.5ZM8 12v-1.5h2a.5.5 0 0 0 .5-.5V8H12v2a2 2 0 0 1-2 2H8Zm2-12a2 2 0 0 1 2 2v2h-1.5V2a.5.5 0 0 0-.5-.5H8V0h2Z\" \/>\n\t\t\t<\/svg>\n\t\t<\/button><figcaption class=\"wp-element-caption\">Murallas de la Fortaleza de la Corona, donde tambi\u00e9n est\u00e1 la Fortaleza del Conocimiento<\/figcaption><\/figure>\n\n\n\n<p class=\"wp-block-paragraph\">Olomouc fue en su d\u00eda una poderosa fortaleza, y una parte de esa historia militar la puedes tocar en el recinto de la Fortaleza de la Corona, en Michalsk\u00e1 8. Aqu\u00ed se conserva un tramo de la fortaleza barroca teresiana y, en la antigua polvorera, hoy hay un museo donde puedes ver un enorme modelo de escayola de las fortificaciones originales de la ciudad. A la gente le encanta este lugar y le da una preciosa valoraci\u00f3n de <strong>4,6 con 733 rese\u00f1as<\/strong>.<\/p>\n\n\n\n<p class=\"wp-block-paragraph\">El recinto est\u00e1 abierto de abril a octubre (los lunes cierra; de martes a viernes de 9 a 17 y los fines de semana de 10 a 17), con la \u00faltima visita posible a las 16:30. La entrada es muy asequible: los adultos pagan unos <strong>2,50 \u20ac (60 K\u010d)<\/strong>, los ni\u00f1os de 6 a 15 a\u00f1os <strong>1,20 \u20ac (30 K\u010d)<\/strong> y los m\u00e1s peque\u00f1os hasta los 6 a\u00f1os entran totalmente gratis. Tambi\u00e9n hay entradas familiares ventajosas por unos 5 \u20ac (120 K\u010d, 2+1) o 6 \u20ac (150 K\u010d) para familias m\u00e1s grandes.<\/p>\n\n\n\n<h3 class=\"wp-block-heading\"><span class=\"ez-toc-section\" id=\"10_Murales_y_arte_urbano_en_los_pasajes\"><\/span>10. Murales y arte urbano en los pasajes<span class=\"ez-toc-section-end\"><\/span><\/h3>\n\n\n\n<figure data-wp-context=\"{&quot;imageId&quot;:&quot;6a952c61d9e04&quot;}\" data-wp-interactive=\"core\/image\" data-wp-key=\"6a952c61d9e04\" class=\"wp-block-image size-full wp-lightbox-container\"><img decoding=\"async\" width=\"2200\" height=\"1467\" data-wp-class--hide=\"state.isContentHidden\" data-wp-class--show=\"state.isContentVisible\" data-wp-init=\"callbacks.setButtonStyles\" data-wp-on--click=\"actions.showLightbox\" data-wp-on--load=\"callbacks.setButtonStyles\" data-wp-on--pointerdown=\"actions.preloadImage\" data-wp-on--pointerenter=\"actions.preloadImageWithDelay\" data-wp-on--pointerleave=\"actions.cancelPreload\" data-wp-on-window--resize=\"callbacks.setButtonStyles\" src=\"https:\/\/loudavymkrokem.cz\/wp-content\/uploads\/2026\/08\/olomouc-s-detmi-mural-detail-klenba.jpg\" alt=\"Pintura azul en la b\u00f3veda de un pasaje del centro de Olomouc\" class=\"wp-image-401048\" title=\"\" srcset=\"https:\/\/loudavymkrokem.cz\/wp-content\/uploads\/2026\/08\/olomouc-s-detmi-mural-detail-klenba.jpg 2200w, https:\/\/loudavymkrokem.cz\/wp-content\/uploads\/2026\/08\/olomouc-s-detmi-mural-detail-klenba-300x200.jpg 300w, https:\/\/loudavymkrokem.cz\/wp-content\/uploads\/2026\/08\/olomouc-s-detmi-mural-detail-klenba-700x467.jpg 700w, https:\/\/loudavymkrokem.cz\/wp-content\/uploads\/2026\/08\/olomouc-s-detmi-mural-detail-klenba-768x512.jpg 768w, https:\/\/loudavymkrokem.cz\/wp-content\/uploads\/2026\/08\/olomouc-s-detmi-mural-detail-klenba-1536x1024.jpg 1536w, https:\/\/loudavymkrokem.cz\/wp-content\/uploads\/2026\/08\/olomouc-s-detmi-mural-detail-klenba-2048x1366.jpg 2048w, https:\/\/loudavymkrokem.cz\/wp-content\/uploads\/2026\/08\/olomouc-s-detmi-mural-detail-klenba-696x464.jpg 696w, https:\/\/loudavymkrokem.cz\/wp-content\/uploads\/2026\/08\/olomouc-s-detmi-mural-detail-klenba-1392x928.jpg 1392w, https:\/\/loudavymkrokem.cz\/wp-content\/uploads\/2026\/08\/olomouc-s-detmi-mural-detail-klenba-1920x1280.jpg 1920w\" sizes=\"(max-width: 2200px) 100vw, 2200px\" \/><button\n\t\t\tclass=\"lightbox-trigger\"\n\t\t\ttype=\"button\"\n\t\t\taria-haspopup=\"dialog\"\n\t\t\tdata-wp-bind--aria-label=\"state.thisImage.triggerButtonAriaLabel\"\n\t\t\tdata-wp-init=\"callbacks.initTriggerButton\"\n\t\t\tdata-wp-on--click=\"actions.showLightbox\"\n\t\t\tdata-wp-style--right=\"state.thisImage.buttonRight\"\n\t\t\tdata-wp-style--top=\"state.thisImage.buttonTop\"\n\t\t>\n\t\t\t<svg xmlns=\"http:\/\/www.w3.org\/2000\/svg\" width=\"12\" height=\"12\" fill=\"none\" viewBox=\"0 0 12 12\">\n\t\t\t\t<path fill=\"#fff\" d=\"M2 0a2 2 0 0 0-2 2v2h1.5V2a.5.5 0 0 1 .5-.5h2V0H2Zm2 10.5H2a.5.5 0 0 1-.5-.5V8H0v2a2 2 0 0 0 2 2h2v-1.5ZM8 12v-1.5h2a.5.5 0 0 0 .5-.5V8H12v2a2 2 0 0 1-2 2H8Zm2-12a2 2 0 0 1 2 2v2h-1.5V2a.5.5 0 0 0-.5-.5H8V0h2Z\" \/>\n\t\t\t<\/svg>\n\t\t<\/button><figcaption class=\"wp-element-caption\">Los pasajes con pinturas son la mejor parte del paseo por el centro para los ni\u00f1os<\/figcaption><\/figure>\n\n\n\n<figure data-wp-context=\"{&quot;imageId&quot;:&quot;6a952c61da0bb&quot;}\" data-wp-interactive=\"core\/image\" data-wp-key=\"6a952c61da0bb\" class=\"wp-block-image size-full wp-lightbox-container\"><img decoding=\"async\" width=\"2200\" height=\"1467\" data-wp-class--hide=\"state.isContentHidden\" data-wp-class--show=\"state.isContentVisible\" data-wp-init=\"callbacks.setButtonStyles\" data-wp-on--click=\"actions.showLightbox\" data-wp-on--load=\"callbacks.setButtonStyles\" data-wp-on--pointerdown=\"actions.preloadImage\" data-wp-on--pointerenter=\"actions.preloadImageWithDelay\" data-wp-on--pointerleave=\"actions.cancelPreload\" data-wp-on-window--resize=\"callbacks.setButtonStyles\" src=\"https:\/\/loudavymkrokem.cz\/wp-content\/uploads\/2026\/08\/olomouc-s-detmi-mural-stit-domu.jpg\" alt=\"Pintura de gran formato en la fachada de una casa de Olomouc\" class=\"wp-image-401040\" title=\"\" srcset=\"https:\/\/loudavymkrokem.cz\/wp-content\/uploads\/2026\/08\/olomouc-s-detmi-mural-stit-domu.jpg 2200w, https:\/\/loudavymkrokem.cz\/wp-content\/uploads\/2026\/08\/olomouc-s-detmi-mural-stit-domu-300x200.jpg 300w, https:\/\/loudavymkrokem.cz\/wp-content\/uploads\/2026\/08\/olomouc-s-detmi-mural-stit-domu-700x467.jpg 700w, https:\/\/loudavymkrokem.cz\/wp-content\/uploads\/2026\/08\/olomouc-s-detmi-mural-stit-domu-768x512.jpg 768w, https:\/\/loudavymkrokem.cz\/wp-content\/uploads\/2026\/08\/olomouc-s-detmi-mural-stit-domu-1536x1024.jpg 1536w, https:\/\/loudavymkrokem.cz\/wp-content\/uploads\/2026\/08\/olomouc-s-detmi-mural-stit-domu-2048x1366.jpg 2048w, https:\/\/loudavymkrokem.cz\/wp-content\/uploads\/2026\/08\/olomouc-s-detmi-mural-stit-domu-696x464.jpg 696w, https:\/\/loudavymkrokem.cz\/wp-content\/uploads\/2026\/08\/olomouc-s-detmi-mural-stit-domu-1392x928.jpg 1392w, https:\/\/loudavymkrokem.cz\/wp-content\/uploads\/2026\/08\/olomouc-s-detmi-mural-stit-domu-1920x1280.jpg 1920w\" sizes=\"(max-width: 2200px) 100vw, 2200px\" \/><button\n\t\t\tclass=\"lightbox-trigger\"\n\t\t\ttype=\"button\"\n\t\t\taria-haspopup=\"dialog\"\n\t\t\tdata-wp-bind--aria-label=\"state.thisImage.triggerButtonAriaLabel\"\n\t\t\tdata-wp-init=\"callbacks.initTriggerButton\"\n\t\t\tdata-wp-on--click=\"actions.showLightbox\"\n\t\t\tdata-wp-style--right=\"state.thisImage.buttonRight\"\n\t\t\tdata-wp-style--top=\"state.thisImage.buttonTop\"\n\t\t>\n\t\t\t<svg xmlns=\"http:\/\/www.w3.org\/2000\/svg\" width=\"12\" height=\"12\" fill=\"none\" viewBox=\"0 0 12 12\">\n\t\t\t\t<path fill=\"#fff\" d=\"M2 0a2 2 0 0 0-2 2v2h1.5V2a.5.5 0 0 1 .5-.5h2V0H2Zm2 10.5H2a.5.5 0 0 1-.5-.5V8H0v2a2 2 0 0 0 2 2h2v-1.5ZM8 12v-1.5h2a.5.5 0 0 0 .5-.5V8H12v2a2 2 0 0 1-2 2H8Zm2-12a2 2 0 0 1 2 2v2h-1.5V2a.5.5 0 0 0-.5-.5H8V0h2Z\" \/>\n\t\t\t<\/svg>\n\t\t<\/button><figcaption class=\"wp-element-caption\">Las pinturas de gran formato tambi\u00e9n aparecen en las fachadas de casas corrientes<\/figcaption><\/figure>\n\n\n\n<p class=\"wp-block-paragraph\">El \u00faltimo consejo para actividades al aire libre es una especie de rastreo urbano. Olomouc respira historia, pero no le tiene miedo al arte moderno. En pleno centro, a menudo escondidas en pasajes, soportales o en lo alto de las fachadas de casas antiguas, hay varias impresionantes pinturas de gran formato, los llamados murales.<\/p>\n\n\n\n<p class=\"wp-block-paragraph\">Intenta buscar de antemano sus ubicaciones y convierte el paseo por la ciudad en un juego de detectives. Los ni\u00f1os suelen descubrir estas enormes im\u00e1genes de colores con much\u00edsima ilusi\u00f3n, y se puede combinar de maravilla con la ya mencionada b\u00fasqueda de las fuentes barrocas.<\/p>\n\n\n\n<h2 class=\"wp-block-heading\"><span class=\"ez-toc-section\" id=\"Cuando_llueve_ludotecas_museos_y_centros_de_ocio\"><\/span>Cuando llueve: ludotecas, museos y centros de ocio<span class=\"ez-toc-section-end\"><\/span><\/h2>\n\n\n\n<p class=\"wp-block-paragraph\">Si te preguntas <strong>ad\u00f3nde ir en Olomouc con ni\u00f1os cuando llueve<\/strong>, tengo una gran noticia. Esta ciudad est\u00e1 preparada para los d\u00edas lluviosos posiblemente mejor que ninguna otra del pa\u00eds. La concentraci\u00f3n de ludotecas interiores de calidad y exposiciones interactivas es aqu\u00ed inigualable, y a nosotros mismos una de esas preciosas ludotecas del centro nos salv\u00f3 toda una tarde. Veamos las mejores opciones.<\/p>\n\n\n\n<h3 class=\"wp-block-heading\"><span class=\"ez-toc-section\" id=\"11_Fortaleza_del_Conocimiento_Pevnost_poznani\"><\/span>11. Fortaleza del Conocimiento (Pevnost pozn\u00e1n\u00ed)<span class=\"ez-toc-section-end\"><\/span><\/h3>\n\n\n\n<figure data-wp-context=\"{&quot;imageId&quot;:&quot;6a952c61da586&quot;}\" data-wp-interactive=\"core\/image\" data-wp-key=\"6a952c61da586\" class=\"wp-block-image size-full wp-lightbox-container\"><img decoding=\"async\" width=\"1800\" height=\"1347\" data-wp-class--hide=\"state.isContentHidden\" data-wp-class--show=\"state.isContentVisible\" data-wp-init=\"callbacks.setButtonStyles\" data-wp-on--click=\"actions.showLightbox\" data-wp-on--load=\"callbacks.setButtonStyles\" data-wp-on--pointerdown=\"actions.preloadImage\" data-wp-on--pointerenter=\"actions.preloadImageWithDelay\" data-wp-on--pointerleave=\"actions.cancelPreload\" data-wp-on-window--resize=\"callbacks.setButtonStyles\" src=\"https:\/\/loudavymkrokem.cz\/wp-content\/uploads\/2026\/08\/olomouc-s-detmi-pevnost-poznani.jpg\" alt=\"Exposici\u00f3n interactiva en la Fortaleza del Conocimiento de Olomouc\" class=\"wp-image-401123\" title=\"\" srcset=\"https:\/\/loudavymkrokem.cz\/wp-content\/uploads\/2026\/08\/olomouc-s-detmi-pevnost-poznani.jpg 1800w, https:\/\/loudavymkrokem.cz\/wp-content\/uploads\/2026\/08\/olomouc-s-detmi-pevnost-poznani-300x225.jpg 300w, https:\/\/loudavymkrokem.cz\/wp-content\/uploads\/2026\/08\/olomouc-s-detmi-pevnost-poznani-700x524.jpg 700w, https:\/\/loudavymkrokem.cz\/wp-content\/uploads\/2026\/08\/olomouc-s-detmi-pevnost-poznani-768x575.jpg 768w, https:\/\/loudavymkrokem.cz\/wp-content\/uploads\/2026\/08\/olomouc-s-detmi-pevnost-poznani-1536x1149.jpg 1536w, https:\/\/loudavymkrokem.cz\/wp-content\/uploads\/2026\/08\/olomouc-s-detmi-pevnost-poznani-80x60.jpg 80w, https:\/\/loudavymkrokem.cz\/wp-content\/uploads\/2026\/08\/olomouc-s-detmi-pevnost-poznani-160x120.jpg 160w, https:\/\/loudavymkrokem.cz\/wp-content\/uploads\/2026\/08\/olomouc-s-detmi-pevnost-poznani-696x521.jpg 696w, https:\/\/loudavymkrokem.cz\/wp-content\/uploads\/2026\/08\/olomouc-s-detmi-pevnost-poznani-1392x1042.jpg 1392w\" sizes=\"(max-width: 1800px) 100vw, 1800px\" \/><button\n\t\t\tclass=\"lightbox-trigger\"\n\t\t\ttype=\"button\"\n\t\t\taria-haspopup=\"dialog\"\n\t\t\tdata-wp-bind--aria-label=\"state.thisImage.triggerButtonAriaLabel\"\n\t\t\tdata-wp-init=\"callbacks.initTriggerButton\"\n\t\t\tdata-wp-on--click=\"actions.showLightbox\"\n\t\t\tdata-wp-style--right=\"state.thisImage.buttonRight\"\n\t\t\tdata-wp-style--top=\"state.thisImage.buttonTop\"\n\t\t>\n\t\t\t<svg xmlns=\"http:\/\/www.w3.org\/2000\/svg\" width=\"12\" height=\"12\" fill=\"none\" viewBox=\"0 0 12 12\">\n\t\t\t\t<path fill=\"#fff\" d=\"M2 0a2 2 0 0 0-2 2v2h1.5V2a.5.5 0 0 1 .5-.5h2V0H2Zm2 10.5H2a.5.5 0 0 1-.5-.5V8H0v2a2 2 0 0 0 2 2h2v-1.5ZM8 12v-1.5h2a.5.5 0 0 0 .5-.5V8H12v2a2 2 0 0 1-2 2H8Zm2-12a2 2 0 0 1 2 2v2h-1.5V2a.5.5 0 0 0-.5-.5H8V0h2Z\" \/>\n\t\t\t<\/svg>\n\t\t<\/button><figcaption class=\"wp-element-caption\">M\u00e1s de cien objetos interactivos que los ni\u00f1os pueden tocar<\/figcaption><\/figure>\n\n\n\n<p class=\"wp-block-paragraph\">Si buscas plan para toda una tarde de lluvia, el centro interactivo de ciencia de la Universidad Palack\u00fd, la <a href=\"https:\/\/www.pevnostpoznani.cz\/\" target=\"_blank\" rel=\"nofollow noopener\">Fortaleza del Conocimiento<\/a>, situada en el recinto de la Fortaleza de la Corona (17. listopadu 939), es el n\u00famero uno absoluto. Tiene una valoraci\u00f3n incre\u00edble de <strong>4,7 con casi tres mil rese\u00f1as<\/strong> y, en un antiguo edificio militar, alberga cuatro exposiciones principales: \u00a1A la historia!, Agua viva, La raz\u00f3n al alcance y Luz y oscuridad.<\/p>\n\n\n\n<p class=\"wp-block-paragraph\">En total te esperan m\u00e1s de <strong>100 objetos interactivos<\/strong> que los ni\u00f1os pueden tocar, probar y explorar, adem\u00e1s de un fant\u00e1stico <strong>planetario digital<\/strong>. Abre entre semana de 9 a 17 y los fines de semana de 10 a 18 (ojo: de septiembre a mayo cierra los lunes). El adulto paga unos <strong>7,80 \u20ac (190 K\u010d)<\/strong>, la entrada reducida para ni\u00f1os, estudiantes y jubilados es de unos <strong>6,60 \u20ac (160 K\u010d)<\/strong>, y las entradas familiares van de unos 19 a 32 \u20ac (460\u2013775 K\u010d) seg\u00fan el n\u00famero de miembros. Si solo quieres ver una exposici\u00f3n concreta, te costar\u00e1 unos 2,90 \u20ac (70 K\u010d).<\/p>\n\n\n\n<h3 class=\"wp-block-heading\"><span class=\"ez-toc-section\" id=\"12_JaSam\"><\/span>12. J\u00e1S\u00e1m<span class=\"ez-toc-section-end\"><\/span><\/h3>\n\n\n\n<p class=\"wp-block-paragraph\">En pleno coraz\u00f3n de la ciudad, en la <strong>plaza Horn\u00ed 7<\/strong>, a unos pasos frente al reloj astron\u00f3mico, entre un bistr\u00f3 de lavanda y una tienda del queso tvar\u016f\u017eky, se esconde la ludoteca con cafeter\u00eda J\u00e1S\u00e1m. Este lugar es la encarnaci\u00f3n del sue\u00f1o de cualquier padre que quiera tomarse tranquilamente un caf\u00e9 caliente mientras su hijo juega a salvo. Su valoraci\u00f3n de <strong>4,7 con 219 visitantes<\/strong> habla por s\u00ed sola.<\/p>\n\n\n\n<p class=\"wp-block-paragraph\">Es un sitio enormemente acogedor, lleno de juguetes de madera de calidad. Los ni\u00f1os encontrar\u00e1n una cocinita, una tiendecita, un equipo de m\u00e9dico, un banco de trabajo estupendo para peque\u00f1os manitas y grandes estructuras con espalderas y toboganes. Los padres, mientras tanto, pueden disfrutar de caf\u00e9 de especialidad de un tostador local o de riqu\u00edsimos pasteles caseros y men\u00fas de desayuno. Abre todos los d\u00edas entre semana de 8:00 a 19:00 y los fines de semana de 9:00 a 19:00. Un plus enorme: la entrada solo la pagan los ni\u00f1os que juegan, los acompa\u00f1antes adultos no pagan nada.<\/p>\n\n\n\n<h3 class=\"wp-block-heading\"><span class=\"ez-toc-section\" id=\"13_V_lese\"><\/span>13. V lese<span class=\"ez-toc-section-end\"><\/span><\/h3>\n\n\n\n<figure data-wp-context=\"{&quot;imageId&quot;:&quot;6a952c61daa06&quot;}\" data-wp-interactive=\"core\/image\" data-wp-key=\"6a952c61daa06\" class=\"wp-block-image size-full wp-lightbox-container\"><img decoding=\"async\" width=\"2200\" height=\"1467\" data-wp-class--hide=\"state.isContentHidden\" data-wp-class--show=\"state.isContentVisible\" data-wp-init=\"callbacks.setButtonStyles\" data-wp-on--click=\"actions.showLightbox\" data-wp-on--load=\"callbacks.setButtonStyles\" data-wp-on--pointerdown=\"actions.preloadImage\" data-wp-on--pointerenter=\"actions.preloadImageWithDelay\" data-wp-on--pointerleave=\"actions.cancelPreload\" data-wp-on-window--resize=\"callbacks.setButtonStyles\" src=\"https:\/\/loudavymkrokem.cz\/wp-content\/uploads\/2026\/08\/olomouc-s-detmi-zerotinovo-namesti.jpg\" alt=\"Casas en la plaza \u017derot\u00edn de Olomouc\" class=\"wp-image-401044\" title=\"\" srcset=\"https:\/\/loudavymkrokem.cz\/wp-content\/uploads\/2026\/08\/olomouc-s-detmi-zerotinovo-namesti.jpg 2200w, https:\/\/loudavymkrokem.cz\/wp-content\/uploads\/2026\/08\/olomouc-s-detmi-zerotinovo-namesti-300x200.jpg 300w, https:\/\/loudavymkrokem.cz\/wp-content\/uploads\/2026\/08\/olomouc-s-detmi-zerotinovo-namesti-700x467.jpg 700w, https:\/\/loudavymkrokem.cz\/wp-content\/uploads\/2026\/08\/olomouc-s-detmi-zerotinovo-namesti-768x512.jpg 768w, https:\/\/loudavymkrokem.cz\/wp-content\/uploads\/2026\/08\/olomouc-s-detmi-zerotinovo-namesti-1536x1024.jpg 1536w, https:\/\/loudavymkrokem.cz\/wp-content\/uploads\/2026\/08\/olomouc-s-detmi-zerotinovo-namesti-2048x1366.jpg 2048w, https:\/\/loudavymkrokem.cz\/wp-content\/uploads\/2026\/08\/olomouc-s-detmi-zerotinovo-namesti-696x464.jpg 696w, https:\/\/loudavymkrokem.cz\/wp-content\/uploads\/2026\/08\/olomouc-s-detmi-zerotinovo-namesti-1392x928.jpg 1392w, https:\/\/loudavymkrokem.cz\/wp-content\/uploads\/2026\/08\/olomouc-s-detmi-zerotinovo-namesti-1920x1280.jpg 1920w\" sizes=\"(max-width: 2200px) 100vw, 2200px\" \/><button\n\t\t\tclass=\"lightbox-trigger\"\n\t\t\ttype=\"button\"\n\t\t\taria-haspopup=\"dialog\"\n\t\t\tdata-wp-bind--aria-label=\"state.thisImage.triggerButtonAriaLabel\"\n\t\t\tdata-wp-init=\"callbacks.initTriggerButton\"\n\t\t\tdata-wp-on--click=\"actions.showLightbox\"\n\t\t\tdata-wp-style--right=\"state.thisImage.buttonRight\"\n\t\t\tdata-wp-style--top=\"state.thisImage.buttonTop\"\n\t\t>\n\t\t\t<svg xmlns=\"http:\/\/www.w3.org\/2000\/svg\" width=\"12\" height=\"12\" fill=\"none\" viewBox=\"0 0 12 12\">\n\t\t\t\t<path fill=\"#fff\" d=\"M2 0a2 2 0 0 0-2 2v2h1.5V2a.5.5 0 0 1 .5-.5h2V0H2Zm2 10.5H2a.5.5 0 0 1-.5-.5V8H0v2a2 2 0 0 0 2 2h2v-1.5ZM8 12v-1.5h2a.5.5 0 0 0 .5-.5V8H12v2a2 2 0 0 1-2 2H8Zm2-12a2 2 0 0 1 2 2v2h-1.5V2a.5.5 0 0 0-.5-.5H8V0h2Z\" \/>\n\t\t\t<\/svg>\n\t\t<\/button><figcaption class=\"wp-element-caption\">La plaza \u017derot\u00edn, donde encontrar\u00e1s una cafeter\u00eda con ludoteca montessori<\/figcaption><\/figure>\n\n\n\n<figure data-wp-context=\"{&quot;imageId&quot;:&quot;6a952c61dacd7&quot;}\" data-wp-interactive=\"core\/image\" data-wp-key=\"6a952c61dacd7\" class=\"wp-block-image size-full wp-lightbox-container\"><img decoding=\"async\" width=\"2200\" height=\"1467\" data-wp-class--hide=\"state.isContentHidden\" data-wp-class--show=\"state.isContentVisible\" data-wp-init=\"callbacks.setButtonStyles\" data-wp-on--click=\"actions.showLightbox\" data-wp-on--load=\"callbacks.setButtonStyles\" data-wp-on--pointerdown=\"actions.preloadImage\" data-wp-on--pointerenter=\"actions.preloadImageWithDelay\" data-wp-on--pointerleave=\"actions.cancelPreload\" data-wp-on-window--resize=\"callbacks.setButtonStyles\" src=\"https:\/\/loudavymkrokem.cz\/wp-content\/uploads\/2026\/08\/olomouc-s-detmi-kavarna-interier.jpg\" alt=\"Interior de una cafeter\u00eda de Olomouc con dise\u00f1o natural\" class=\"wp-image-401023\" title=\"\" srcset=\"https:\/\/loudavymkrokem.cz\/wp-content\/uploads\/2026\/08\/olomouc-s-detmi-kavarna-interier.jpg 2200w, https:\/\/loudavymkrokem.cz\/wp-content\/uploads\/2026\/08\/olomouc-s-detmi-kavarna-interier-300x200.jpg 300w, https:\/\/loudavymkrokem.cz\/wp-content\/uploads\/2026\/08\/olomouc-s-detmi-kavarna-interier-700x467.jpg 700w, https:\/\/loudavymkrokem.cz\/wp-content\/uploads\/2026\/08\/olomouc-s-detmi-kavarna-interier-768x512.jpg 768w, https:\/\/loudavymkrokem.cz\/wp-content\/uploads\/2026\/08\/olomouc-s-detmi-kavarna-interier-1536x1024.jpg 1536w, https:\/\/loudavymkrokem.cz\/wp-content\/uploads\/2026\/08\/olomouc-s-detmi-kavarna-interier-2048x1366.jpg 2048w, https:\/\/loudavymkrokem.cz\/wp-content\/uploads\/2026\/08\/olomouc-s-detmi-kavarna-interier-696x464.jpg 696w, https:\/\/loudavymkrokem.cz\/wp-content\/uploads\/2026\/08\/olomouc-s-detmi-kavarna-interier-1392x928.jpg 1392w, https:\/\/loudavymkrokem.cz\/wp-content\/uploads\/2026\/08\/olomouc-s-detmi-kavarna-interier-1920x1280.jpg 1920w\" sizes=\"(max-width: 2200px) 100vw, 2200px\" \/><button\n\t\t\tclass=\"lightbox-trigger\"\n\t\t\ttype=\"button\"\n\t\t\taria-haspopup=\"dialog\"\n\t\t\tdata-wp-bind--aria-label=\"state.thisImage.triggerButtonAriaLabel\"\n\t\t\tdata-wp-init=\"callbacks.initTriggerButton\"\n\t\t\tdata-wp-on--click=\"actions.showLightbox\"\n\t\t\tdata-wp-style--right=\"state.thisImage.buttonRight\"\n\t\t\tdata-wp-style--top=\"state.thisImage.buttonTop\"\n\t\t>\n\t\t\t<svg xmlns=\"http:\/\/www.w3.org\/2000\/svg\" width=\"12\" height=\"12\" fill=\"none\" viewBox=\"0 0 12 12\">\n\t\t\t\t<path fill=\"#fff\" d=\"M2 0a2 2 0 0 0-2 2v2h1.5V2a.5.5 0 0 1 .5-.5h2V0H2Zm2 10.5H2a.5.5 0 0 1-.5-.5V8H0v2a2 2 0 0 0 2 2h2v-1.5ZM8 12v-1.5h2a.5.5 0 0 0 .5-.5V8H12v2a2 2 0 0 1-2 2H8Zm2-12a2 2 0 0 1 2 2v2h-1.5V2a.5.5 0 0 0-.5-.5H8V0h2Z\" \/>\n\t\t\t<\/svg>\n\t\t<\/button><figcaption class=\"wp-element-caption\">Las cafeter\u00edas del centro de Olomouc piensan tanto en los ni\u00f1os como en los padres<\/figcaption><\/figure>\n\n\n\n<p class=\"wp-block-paragraph\">Un poco m\u00e1s all\u00e1, en la plaza \u017derot\u00edn 3, encontrar\u00e1s otra joya entre las cafeter\u00edas con ludoteca. El local V lese apuesta por un simp\u00e1tico enfoque montessori y zero waste, y por las rese\u00f1as con media de <strong>4,7 de m\u00e1s de quinientas personas<\/strong> queda claro que lo hacen genial. En lugar de ruidosos juguetes de pl\u00e1stico, aqu\u00ed reina la calma y un mont\u00f3n de aut\u00e9nticos <strong>juguetes de madera checos<\/strong>.<\/p>\n\n\n\n<p class=\"wp-block-paragraph\">Los ni\u00f1os pueden desfogarse en un columpio, descubrir el \u00e1rbol de sonidos, jugar con un arco\u00edris de madera, explorar un enorme panel de actividades o un memory t\u00e1ctil. La entrada de d\u00eda completo cuesta unos populares <strong>2,50 \u20ac (60 K\u010d)<\/strong> (reducida 1,20 \u20ac\/30 K\u010d) y una gran ventaja es que con la pulsera en la mu\u00f1eca puedes salir durante el d\u00eda y volver a entrar. Eso s\u00ed, por su popularidad a veces est\u00e1 lleno. Abre de lunes a viernes de 9:00 a 19:00 y los fines de semana de 10:00 a 19:00.<\/p>\n\n\n\n<h3 class=\"wp-block-heading\"><span class=\"ez-toc-section\" id=\"14_Clovickov\"><\/span>14. \u010clov\u00ed\u010dkov<span class=\"ez-toc-section-end\"><\/span><\/h3>\n\n\n\n<p class=\"wp-block-paragraph\">Si lo que necesitas es sencillamente mucho espacio para que los ni\u00f1os quemen la energ\u00eda acumulada, en la calle 8. kv\u011btna 24 encontrar\u00e1s la popular ludoteca \u010clov\u00ed\u010dkov (valoraci\u00f3n 4,1). Es una cl\u00e1sica gran zona de juego con estructuras para trepar, donde los m\u00e1s peque\u00f1os se entretienen de forma fiable durante varias horas.<\/p>\n\n\n\n<p class=\"wp-block-paragraph\">Los padres disponen de una zona de asientos con oferta de caf\u00e9s y t\u00e9s, y el gran reclamo es sin duda el precio. La entrada cuesta unos estupendos <strong>1,20 \u20ac (59 K\u010d) por ni\u00f1o y por tiempo ilimitado<\/strong>, que a d\u00eda de hoy es una cifra realmente agradable para salvar una tarde de lluvia.<\/p>\n\n\n\n<h3 class=\"wp-block-heading\"><span class=\"ez-toc-section\" id=\"15_Snoezelen_Olomouc\"><\/span>15. Snoezelen Olomouc<span class=\"ez-toc-section-end\"><\/span><\/h3>\n\n\n\n<figure data-wp-context=\"{&quot;imageId&quot;:&quot;6a952c61db153&quot;}\" data-wp-interactive=\"core\/image\" data-wp-key=\"6a952c61db153\" class=\"wp-block-image size-full wp-lightbox-container\"><img decoding=\"async\" width=\"1200\" height=\"800\" data-wp-class--hide=\"state.isContentHidden\" data-wp-class--show=\"state.isContentVisible\" data-wp-init=\"callbacks.setButtonStyles\" data-wp-on--click=\"actions.showLightbox\" data-wp-on--load=\"callbacks.setButtonStyles\" data-wp-on--pointerdown=\"actions.preloadImage\" data-wp-on--pointerenter=\"actions.preloadImageWithDelay\" data-wp-on--pointerleave=\"actions.cancelPreload\" data-wp-on-window--resize=\"callbacks.setButtonStyles\" src=\"https:\/\/loudavymkrokem.cz\/wp-content\/uploads\/2026\/08\/olomouc-s-detmi-snoezelen.jpg\" alt=\"Sala multisensorial Snoezelen Olomouc con iluminaci\u00f3n de colores\" class=\"wp-image-403598\" title=\"\" srcset=\"https:\/\/loudavymkrokem.cz\/wp-content\/uploads\/2026\/08\/olomouc-s-detmi-snoezelen.jpg 1200w, https:\/\/loudavymkrokem.cz\/wp-content\/uploads\/2026\/08\/olomouc-s-detmi-snoezelen-300x200.jpg 300w, https:\/\/loudavymkrokem.cz\/wp-content\/uploads\/2026\/08\/olomouc-s-detmi-snoezelen-700x467.jpg 700w, https:\/\/loudavymkrokem.cz\/wp-content\/uploads\/2026\/08\/olomouc-s-detmi-snoezelen-768x512.jpg 768w, https:\/\/loudavymkrokem.cz\/wp-content\/uploads\/2026\/08\/olomouc-s-detmi-snoezelen-696x464.jpg 696w\" sizes=\"(max-width: 1200px) 100vw, 1200px\" \/><button\n\t\t\tclass=\"lightbox-trigger\"\n\t\t\ttype=\"button\"\n\t\t\taria-haspopup=\"dialog\"\n\t\t\tdata-wp-bind--aria-label=\"state.thisImage.triggerButtonAriaLabel\"\n\t\t\tdata-wp-init=\"callbacks.initTriggerButton\"\n\t\t\tdata-wp-on--click=\"actions.showLightbox\"\n\t\t\tdata-wp-style--right=\"state.thisImage.buttonRight\"\n\t\t\tdata-wp-style--top=\"state.thisImage.buttonTop\"\n\t\t>\n\t\t\t<svg xmlns=\"http:\/\/www.w3.org\/2000\/svg\" width=\"12\" height=\"12\" fill=\"none\" viewBox=\"0 0 12 12\">\n\t\t\t\t<path fill=\"#fff\" d=\"M2 0a2 2 0 0 0-2 2v2h1.5V2a.5.5 0 0 1 .5-.5h2V0H2Zm2 10.5H2a.5.5 0 0 1-.5-.5V8H0v2a2 2 0 0 0 2 2h2v-1.5ZM8 12v-1.5h2a.5.5 0 0 0 .5-.5V8H12v2a2 2 0 0 1-2 2H8Zm2-12a2 2 0 0 1 2 2v2h-1.5V2a.5.5 0 0 0-.5-.5H8V0h2Z\" \/>\n\t\t\t<\/svg>\n\t\t<\/button><figcaption class=\"wp-element-caption\">La sala multisensorial Snoezelen funciona a un ritmo completamente distinto al de las ludotecas normales | Foto: Snoezelen Olomouc<\/figcaption><\/figure>\n\n\n\n<p class=\"wp-block-paragraph\">En la calle Mari\u00e1nsk\u00e1 7 se esconde un tipo de ludoteca algo diferente, que agradecer\u00e1s especialmente si tienes ni\u00f1os muy peque\u00f1os o ni\u00f1os con necesidades especiales que no toleran el ruido habitual de las grandes ludotecas. Snoezelen es una sala multisensorial de relajaci\u00f3n dise\u00f1ada para calmar y estimular suavemente los sentidos (valoraci\u00f3n 4,5).<\/p>\n\n\n\n<p class=\"wp-block-paragraph\">Encontrar\u00e1s todo tipo de elementos luminosos, cilindros de burbujas, m\u00fasica relajante y materiales t\u00e1ctiles agradables. Es un oasis de calma en medio de la ciudad, un sitio al que se viene de verdad a descansar y a percibir el mundo a un ritmo distinto, m\u00e1s pausado.<\/p>\n\n\n\n<h3 class=\"wp-block-heading\"><span class=\"ez-toc-section\" id=\"16_Parque_de_ocio_familiar_Krokodylek\"><\/span>16. Parque de ocio familiar Krokod\u00fdlek<span class=\"ez-toc-section-end\"><\/span><\/h3>\n\n\n\n<figure data-wp-context=\"{&quot;imageId&quot;:&quot;6a952c61db502&quot;}\" data-wp-interactive=\"core\/image\" data-wp-key=\"6a952c61db502\" class=\"wp-block-image size-full wp-lightbox-container\"><img decoding=\"async\" width=\"1498\" height=\"1000\" data-wp-class--hide=\"state.isContentHidden\" data-wp-class--show=\"state.isContentVisible\" data-wp-init=\"callbacks.setButtonStyles\" data-wp-on--click=\"actions.showLightbox\" data-wp-on--load=\"callbacks.setButtonStyles\" data-wp-on--pointerdown=\"actions.preloadImage\" data-wp-on--pointerenter=\"actions.preloadImageWithDelay\" data-wp-on--pointerleave=\"actions.cancelPreload\" data-wp-on-window--resize=\"callbacks.setButtonStyles\" src=\"https:\/\/loudavymkrokem.cz\/wp-content\/uploads\/2026\/08\/olomouc-s-detmi-krokodylek.jpg\" alt=\"Ni\u00f1os en una atracci\u00f3n hinchable del parque de ocio Krokod\u00fdlek en Olomouc\" class=\"wp-image-403596\" title=\"\" srcset=\"https:\/\/loudavymkrokem.cz\/wp-content\/uploads\/2026\/08\/olomouc-s-detmi-krokodylek.jpg 1498w, https:\/\/loudavymkrokem.cz\/wp-content\/uploads\/2026\/08\/olomouc-s-detmi-krokodylek-300x200.jpg 300w, https:\/\/loudavymkrokem.cz\/wp-content\/uploads\/2026\/08\/olomouc-s-detmi-krokodylek-700x467.jpg 700w, https:\/\/loudavymkrokem.cz\/wp-content\/uploads\/2026\/08\/olomouc-s-detmi-krokodylek-768x513.jpg 768w, https:\/\/loudavymkrokem.cz\/wp-content\/uploads\/2026\/08\/olomouc-s-detmi-krokodylek-696x465.jpg 696w, https:\/\/loudavymkrokem.cz\/wp-content\/uploads\/2026\/08\/olomouc-s-detmi-krokodylek-1392x929.jpg 1392w\" sizes=\"(max-width: 1498px) 100vw, 1498px\" \/><button\n\t\t\tclass=\"lightbox-trigger\"\n\t\t\ttype=\"button\"\n\t\t\taria-haspopup=\"dialog\"\n\t\t\tdata-wp-bind--aria-label=\"state.thisImage.triggerButtonAriaLabel\"\n\t\t\tdata-wp-init=\"callbacks.initTriggerButton\"\n\t\t\tdata-wp-on--click=\"actions.showLightbox\"\n\t\t\tdata-wp-style--right=\"state.thisImage.buttonRight\"\n\t\t\tdata-wp-style--top=\"state.thisImage.buttonTop\"\n\t\t>\n\t\t\t<svg xmlns=\"http:\/\/www.w3.org\/2000\/svg\" width=\"12\" height=\"12\" fill=\"none\" viewBox=\"0 0 12 12\">\n\t\t\t\t<path fill=\"#fff\" d=\"M2 0a2 2 0 0 0-2 2v2h1.5V2a.5.5 0 0 1 .5-.5h2V0H2Zm2 10.5H2a.5.5 0 0 1-.5-.5V8H0v2a2 2 0 0 0 2 2h2v-1.5ZM8 12v-1.5h2a.5.5 0 0 0 .5-.5V8H12v2a2 2 0 0 1-2 2H8Zm2-12a2 2 0 0 1 2 2v2h-1.5V2a.5.5 0 0 0-.5-.5H8V0h2Z\" \/>\n\t\t\t<\/svg>\n\t\t<\/button><figcaption class=\"wp-element-caption\">Krokod\u00fdlek tiene 25 atracciones en 3.000 m\u00b2 | Foto: Krokod\u00fdlek Olomouc<\/figcaption><\/figure>\n\n\n\n<p class=\"wp-block-paragraph\">Cuando necesitas sacar la artiller\u00eda pesada contra el aburrimiento infantil, tienes que ir al barrio de Lazce, a la calle Florykova 556. Aqu\u00ed est\u00e1 <a href=\"https:\/\/www.krokodylek-olomouc.cz\/\" target=\"_blank\" rel=\"nofollow noopener\">Krokod\u00fdlek<\/a>, uno de los mayores parques de ocio infantil de toda Moravia, que presume de una respetable valoraci\u00f3n de <strong>4,5 con 1.659 rese\u00f1as<\/strong>. En una superficie de m\u00e1s de <strong>3.000 metros cuadrados<\/strong> se extienden nada menos que <strong>25 atracciones gigantes<\/strong>.<\/p>\n\n\n\n<p class=\"wp-block-paragraph\">Los ni\u00f1os no sabr\u00e1n por d\u00f3nde empezar. Hay un imponente barco pirata de madera, estructuras de tres pisos con toboganes, camas el\u00e1sticas, un roc\u00f3dromo, un lago con atracciones, una arena de ca\u00f1ones para batallas con pelotas de espuma, un circuito de motos y un panel \u00fanico de pin-art con 40.000 varillas para imprimir el cuerpo. Tambi\u00e9n hay un restaurante y un rinc\u00f3n m\u00e1s tranquilo con juegos de mesa. La entrada de d\u00eda completo de viernes a domingo cuesta unos <strong>13,90 \u20ac por ni\u00f1o (339 K\u010d) y 5,70 \u20ac por adulto (139 K\u010d)<\/strong> (familiar 36 \u20ac\/879 K\u010d); de lunes a jueves sale m\u00e1s barato: unos <strong>10,60 \u20ac por ni\u00f1o (259 K\u010d) y 4,90 \u20ac por adulto (119 K\u010d)<\/strong> (familiar 29 \u20ac\/699 K\u010d). Tambi\u00e9n puedes elegir entrada por horas desde unos 4,50 \u20ac (109 K\u010d) por ni\u00f1o.<\/p>\n\n\n\n<h3 class=\"wp-block-heading\"><span class=\"ez-toc-section\" id=\"17_Amazonie_Olomouc\"><\/span>17. Amazonie Olomouc<span class=\"ez-toc-section-end\"><\/span><\/h3>\n\n\n\n<p class=\"wp-block-paragraph\">Otro punto de refugio muy popular en el mapa de los d\u00edas lluviosos es el centro infantil Amazonie, en Pra\u017esk\u00e1 255\/41 (valoraci\u00f3n 4,3). Es una ludoteca interior cl\u00e1sica pero muy bien equipada, ideal para esos d\u00edas en que los ni\u00f1os simplemente necesitan trepar, saltar y deslizarse.<\/p>\n\n\n\n<p class=\"wp-block-paragraph\">Dentro les espera una estructura gigante para trepar que se extiende por varias plantas, un castillo hinchable para los amantes de los saltos, un mont\u00f3n de columpios acolchados seguros, toboganes r\u00e1pidos y, por supuesto, la tan querida piscina enorme llena de bolas de pl\u00e1stico de colores, de la que normalmente no consigues sacar a los ni\u00f1os.<\/p>\n\n\n\n<h3 class=\"wp-block-heading\"><span class=\"ez-toc-section\" id=\"18_Parque_de_cuerdas_PROUD\"><\/span>18. Parque de cuerdas PROUD<span class=\"ez-toc-section-end\"><\/span><\/h3>\n\n\n\n<p class=\"wp-block-paragraph\">Quiz\u00e1 pienses que un parque de cuerdas con ni\u00f1os peque\u00f1os no tiene sentido, pero la sede de PROUD en la calle Lazeck\u00e1 50\/49 te sacar\u00e1 del error (estupenda valoraci\u00f3n de <strong>4,6 con 347 rese\u00f1as<\/strong>). Aqu\u00ed han pensado las actividades para que disfruten absolutamente todas las edades.<\/p>\n\n\n\n<p class=\"wp-block-paragraph\">Adem\u00e1s de obst\u00e1culos altos para ni\u00f1os mayores y adultos, encontrar\u00e1s todo tipo de columpios, enormes camas el\u00e1sticas de aire integradas en el suelo, cojines de agua y, sobre todo, obst\u00e1culos de cuerda bajos a ras de suelo, que son seguros y <strong>aptos ya para ni\u00f1os a partir de 1 a\u00f1o<\/strong>. Es un lugar estupendo para entrenar la motricidad gruesa y el equilibrio.<\/p>\n\n\n\n<h3 class=\"wp-block-heading\"><span class=\"ez-toc-section\" id=\"19_Museo_Regional_de_Olomouc\"><\/span>19. Museo Regional de Olomouc<span class=\"ez-toc-section-end\"><\/span><\/h3>\n\n\n\n<figure data-wp-context=\"{&quot;imageId&quot;:&quot;6a952c61dba07&quot;}\" data-wp-interactive=\"core\/image\" data-wp-key=\"6a952c61dba07\" class=\"wp-block-image size-full wp-lightbox-container\"><img decoding=\"async\" width=\"2200\" height=\"1467\" data-wp-class--hide=\"state.isContentHidden\" data-wp-class--show=\"state.isContentVisible\" data-wp-init=\"callbacks.setButtonStyles\" data-wp-on--click=\"actions.showLightbox\" data-wp-on--load=\"callbacks.setButtonStyles\" data-wp-on--pointerdown=\"actions.preloadImage\" data-wp-on--pointerenter=\"actions.preloadImageWithDelay\" data-wp-on--pointerleave=\"actions.cancelPreload\" data-wp-on-window--resize=\"callbacks.setButtonStyles\" src=\"https:\/\/loudavymkrokem.cz\/wp-content\/uploads\/2026\/08\/olomouc-s-detmi-muzeum-umeni.jpg\" alt=\"Edificio del Museo de Arte de Olomouc\" class=\"wp-image-401036\" title=\"\" srcset=\"https:\/\/loudavymkrokem.cz\/wp-content\/uploads\/2026\/08\/olomouc-s-detmi-muzeum-umeni.jpg 2200w, https:\/\/loudavymkrokem.cz\/wp-content\/uploads\/2026\/08\/olomouc-s-detmi-muzeum-umeni-300x200.jpg 300w, https:\/\/loudavymkrokem.cz\/wp-content\/uploads\/2026\/08\/olomouc-s-detmi-muzeum-umeni-700x467.jpg 700w, https:\/\/loudavymkrokem.cz\/wp-content\/uploads\/2026\/08\/olomouc-s-detmi-muzeum-umeni-768x512.jpg 768w, https:\/\/loudavymkrokem.cz\/wp-content\/uploads\/2026\/08\/olomouc-s-detmi-muzeum-umeni-1536x1024.jpg 1536w, https:\/\/loudavymkrokem.cz\/wp-content\/uploads\/2026\/08\/olomouc-s-detmi-muzeum-umeni-2048x1366.jpg 2048w, https:\/\/loudavymkrokem.cz\/wp-content\/uploads\/2026\/08\/olomouc-s-detmi-muzeum-umeni-696x464.jpg 696w, https:\/\/loudavymkrokem.cz\/wp-content\/uploads\/2026\/08\/olomouc-s-detmi-muzeum-umeni-1392x928.jpg 1392w, https:\/\/loudavymkrokem.cz\/wp-content\/uploads\/2026\/08\/olomouc-s-detmi-muzeum-umeni-1920x1280.jpg 1920w\" sizes=\"(max-width: 2200px) 100vw, 2200px\" \/><button\n\t\t\tclass=\"lightbox-trigger\"\n\t\t\ttype=\"button\"\n\t\t\taria-haspopup=\"dialog\"\n\t\t\tdata-wp-bind--aria-label=\"state.thisImage.triggerButtonAriaLabel\"\n\t\t\tdata-wp-init=\"callbacks.initTriggerButton\"\n\t\t\tdata-wp-on--click=\"actions.showLightbox\"\n\t\t\tdata-wp-style--right=\"state.thisImage.buttonRight\"\n\t\t\tdata-wp-style--top=\"state.thisImage.buttonTop\"\n\t\t>\n\t\t\t<svg xmlns=\"http:\/\/www.w3.org\/2000\/svg\" width=\"12\" height=\"12\" fill=\"none\" viewBox=\"0 0 12 12\">\n\t\t\t\t<path fill=\"#fff\" d=\"M2 0a2 2 0 0 0-2 2v2h1.5V2a.5.5 0 0 1 .5-.5h2V0H2Zm2 10.5H2a.5.5 0 0 1-.5-.5V8H0v2a2 2 0 0 0 2 2h2v-1.5ZM8 12v-1.5h2a.5.5 0 0 0 .5-.5V8H12v2a2 2 0 0 1-2 2H8Zm2-12a2 2 0 0 1 2 2v2h-1.5V2a.5.5 0 0 0-.5-.5H8V0h2Z\" \/>\n\t\t\t<\/svg>\n\t\t<\/button><figcaption class=\"wp-element-caption\">Los museos de Olomouc ocupan edificios hist\u00f3ricos en pleno centro<\/figcaption><\/figure>\n\n\n\n<p class=\"wp-block-paragraph\">Si prefieres un poco de cultura y aprendizaje a cubierto, el Museo Regional en la plaza Republiky 5 es una excelente opci\u00f3n que elogian m\u00e1s de 900 visitantes con una nota media de 4,5. No es ning\u00fan aburrimiento polvoriento lleno de prohibiciones de tocar las vitrinas.<\/p>\n\n\n\n<p class=\"wp-block-paragraph\">El museo recorre de forma muy bonita y amena la historia de la ciudad y de toda la regi\u00f3n, y tiene una preciosa exposici\u00f3n de naturaleza. Las exposiciones intentan ir con los tiempos, as\u00ed que en ellas encontrar\u00e1s muchos elementos interactivos, pantallas t\u00e1ctiles y muestras que mantienen sin problema la atenci\u00f3n de los ni\u00f1os.<\/p>\n\n\n\n<h3 class=\"wp-block-heading\"><span class=\"ez-toc-section\" id=\"20_La_Casa_del_Terror_Strasidelny_dum\"><\/span>20. La Casa del Terror (Stra\u0161ideln\u00fd d\u016fm)<span class=\"ez-toc-section-end\"><\/span><\/h3>\n\n\n\n<figure data-wp-context=\"{&quot;imageId&quot;:&quot;6a952c61dbdd8&quot;}\" data-wp-interactive=\"core\/image\" data-wp-key=\"6a952c61dbdd8\" class=\"wp-block-image size-full wp-lightbox-container\"><img decoding=\"async\" width=\"1024\" height=\"1536\" data-wp-class--hide=\"state.isContentHidden\" data-wp-class--show=\"state.isContentVisible\" data-wp-init=\"callbacks.setButtonStyles\" data-wp-on--click=\"actions.showLightbox\" data-wp-on--load=\"callbacks.setButtonStyles\" data-wp-on--pointerdown=\"actions.preloadImage\" data-wp-on--pointerenter=\"actions.preloadImageWithDelay\" data-wp-on--pointerleave=\"actions.cancelPreload\" data-wp-on-window--resize=\"callbacks.setButtonStyles\" src=\"https:\/\/loudavymkrokem.cz\/wp-content\/uploads\/2026\/08\/olomouc-s-detmi-strasidelny-dum.jpg\" alt=\"Figura terror\u00edfica en la Casa del Terror de Olomouc\" class=\"wp-image-403603\" title=\"\" srcset=\"https:\/\/loudavymkrokem.cz\/wp-content\/uploads\/2026\/08\/olomouc-s-detmi-strasidelny-dum.jpg 1024w, https:\/\/loudavymkrokem.cz\/wp-content\/uploads\/2026\/08\/olomouc-s-detmi-strasidelny-dum-200x300.jpg 200w, https:\/\/loudavymkrokem.cz\/wp-content\/uploads\/2026\/08\/olomouc-s-detmi-strasidelny-dum-700x1050.jpg 700w, https:\/\/loudavymkrokem.cz\/wp-content\/uploads\/2026\/08\/olomouc-s-detmi-strasidelny-dum-768x1152.jpg 768w, https:\/\/loudavymkrokem.cz\/wp-content\/uploads\/2026\/08\/olomouc-s-detmi-strasidelny-dum-696x1044.jpg 696w\" sizes=\"(max-width: 1024px) 100vw, 1024px\" \/><button\n\t\t\tclass=\"lightbox-trigger\"\n\t\t\ttype=\"button\"\n\t\t\taria-haspopup=\"dialog\"\n\t\t\tdata-wp-bind--aria-label=\"state.thisImage.triggerButtonAriaLabel\"\n\t\t\tdata-wp-init=\"callbacks.initTriggerButton\"\n\t\t\tdata-wp-on--click=\"actions.showLightbox\"\n\t\t\tdata-wp-style--right=\"state.thisImage.buttonRight\"\n\t\t\tdata-wp-style--top=\"state.thisImage.buttonTop\"\n\t\t>\n\t\t\t<svg xmlns=\"http:\/\/www.w3.org\/2000\/svg\" width=\"12\" height=\"12\" fill=\"none\" viewBox=\"0 0 12 12\">\n\t\t\t\t<path fill=\"#fff\" d=\"M2 0a2 2 0 0 0-2 2v2h1.5V2a.5.5 0 0 1 .5-.5h2V0H2Zm2 10.5H2a.5.5 0 0 1-.5-.5V8H0v2a2 2 0 0 0 2 2h2v-1.5ZM8 12v-1.5h2a.5.5 0 0 0 .5-.5V8H12v2a2 2 0 0 1-2 2H8Zm2-12a2 2 0 0 1 2 2v2h-1.5V2a.5.5 0 0 0-.5-.5H8V0h2Z\" \/>\n\t\t\t<\/svg>\n\t\t<\/button><figcaption class=\"wp-element-caption\">La Casa del Terror es de verdad solo para ni\u00f1os m\u00e1s mayores | Foto: Stra\u0161ideln\u00fd d\u016fm Olomouc<\/figcaption><\/figure>\n\n\n\n<p class=\"wp-block-paragraph\">\u00bfTienes en casa ni\u00f1os ya un poco mayores a los que las ludotecas cl\u00e1sicas aburren y buscan m\u00e1s adrenalina? Entonces ve a la calle Komensk\u00e9ho 865, donde encontrar\u00e1s la Casa del Terror con una valoraci\u00f3n absolutamente incre\u00edble de <strong>4,9 con m\u00e1s de 400 rese\u00f1as<\/strong>. Pero vuelvo a avisar con sinceridad: esto es <strong>de verdad solo para ni\u00f1os m\u00e1s mayores y valientes<\/strong>, a los peque\u00f1os les dar\u00eda un susto de llorar.<\/p>\n\n\n\n<p class=\"wp-block-paragraph\">Se trata de una visita oscura y de adrenalina con una elaborada historia de terror, cuyo tema adem\u00e1s se renueva y cambia cada a\u00f1o, as\u00ed que no cansa. Si buscas m\u00e1s diversi\u00f3n para adolescentes, un poco m\u00e1s all\u00e1 en la ciudad funciona tambi\u00e9n el escape room <strong>Mistr \u00faniku<\/strong>, con excelentes valoraciones, donde tendr\u00e1n que exprimir la cabeza para salir dentro del l\u00edmite de tiempo.<\/p>\n\n\n\n<!-- LKM_GYG_CARD start q=\"olomouc detmi\" lang=\"es\" rendered=\"2026-08-31T00:47:50+00:00\" v=\"1\" -->\n\n<!-- LKM_GYG_CARD end -->\n\n\n\n\n<div class=\"lk-stays-module\">\n<style>\n\/* \u2500\u2500\u2500 RESET PRO GUTENBERG \u2500\u2500\u2500 *\/\n.lk-stays-module * { box-sizing: border-box; margin: 0; padding: 0; }\n\n\/* \u2500\u2500\u2500 WRAPPER \u2500\u2500\u2500 *\/\n.lk-stays-module {\n  font-family: 'DM Sans', Georgia, sans-serif;\n  max-width: 100%;\n  margin: 2.5rem auto;\n  background: linear-gradient(135deg, #fdfaf5 0%, #fcf8f0 100%);\n  border: 1px solid #e8dfd4;\n  border-radius: 16px;\n  overflow: hidden;\n  box-shadow: 0 16px 48px rgba(195, 159, 118, 0.25), 0 4px 12px rgba(0,0,0,0.08);\n}\n\n\/* \u2500\u2500\u2500 HEADER \u2500\u2500\u2500 *\/\n.lk-stays-header {\n  position: relative;\n  padding: 24px 36px 24px;\n  background: linear-gradient(135deg, #c39f76 0%, #d4b188 60%, #c39f76 100%);\n  border-bottom: 1px solid rgba(255,255,255,.15);\n  display: flex;\n  align-items: center;\n  gap: 18px;\n}\n.lk-stays-header::before {\n  content: '';\n  position: absolute;\n  inset: 0;\n  background: url(\"data:image\/svg+xml,%3Csvg width='60' height='60' viewBox='0 0 60 60' xmlns='http:\/\/www.w3.org\/2000\/svg'%3E%3Cg fill='none' fill-rule='evenodd'%3E%3Cg fill='%23ffffff' fill-opacity='0.05'%3E%3Cpath d='M36 34v-4h-2v4h-4v2h4v4h2v-4h4v-2h-4zm0-30V0h-2v4h-4v2h4v4h2V6h4V4h-4zM6 34v-4H4v4H0v2h4v4h2v-4h4v-2H6zM6 4V0H4v4H0v2h4v4h2V6h4V4H6z'\/%3E%3C\/g%3E%3C\/g%3E%3C\/svg%3E\") repeat;\n  pointer-events: none;\n}\n.lk-stays-icon {\n  flex-shrink: 0;\n  width: 68px;\n  height: 68px;\n  border-radius: 14px;\n  background: linear-gradient(135deg, #fff 0%, #f9f6f0 100%);\n  display: flex;\n  align-items: center;\n  justify-content: center;\n  font-size: 26px;\n  box-shadow: 0 4px 12px rgba(0,0,0,0.15);\n}\n.lk-stays-eyebrow {\n  font-size: 10px;\n  font-weight: 500;\n  letter-spacing: 2.5px;\n  text-transform: uppercase;\n  color: rgba(255,255,255,.85);\n  margin: 0 0 5px 0;\n}\n.lk-stays-title {\n  font-family: 'Playfair Display', Georgia, serif;\n  font-size: 24px;\n  font-weight: 700;\n  color: #fff;\n  line-height: 1.2;\n  text-shadow: 0 1px 2px rgba(0,0,0,0.1);\n  margin: 0;\n}\n.lk-stays-subtitle {\n  font-size: 13px;\n  color: rgba(255,255,255,.75);\n  margin: 4px 0 0 0;\n  font-weight: 300;\n}\n\n\/* \u2500\u2500\u2500 CARDS GRID \u2500\u2500\u2500 *\/\n.lk-stays-grid {\n  display: grid;\n  grid-template-columns: 1fr 1fr;\n  gap: 1px;\n  background: rgba(195, 159, 118, 0.12);\n}\n\n\/* \u2500\u2500\u2500 SINGLE CARD \u2500\u2500\u2500 *\/\n.lk-stay-card {\n  background: #ffffff;\n  padding: 26px;\n  display: flex;\n  flex-direction: column;\n  gap: 11px;\n  transition: all 0.3s ease;\n  text-decoration: none;\n  color: inherit;\n  position: relative;\n}\n.lk-stay-card:hover {\n  background: #fffbf5;\n  transform: translateY(-2px);\n  box-shadow: 0 8px 24px rgba(195, 159, 118, 0.18);\n  z-index: 1;\n}\n.lk-stay-card.featured {\n  background: linear-gradient(135deg, #fffdf9 0%, #fff9f0 100%);\n  box-shadow: 0 4px 16px rgba(195, 159, 118, 0.15), inset 0 1px 0 rgba(195, 159, 118, 0.1);\n}\n.lk-stay-card.featured:hover {\n  background: linear-gradient(135deg, #fffbf5 0%, #fff8ed 100%);\n  box-shadow: 0 8px 24px rgba(195, 159, 118, 0.25), inset 0 1px 0 rgba(195, 159, 118, 0.15);\n}\n\n.lk-stay-badge {\n  display: inline-flex;\n  align-items: center;\n  gap: 5px;\n  font-size: 10px;\n  font-weight: 500;\n  letter-spacing: 1.5px;\n  text-transform: uppercase;\n  padding: 5px 11px;\n  border-radius: 20px;\n  width: fit-content;\n}\n.badge-top     { background: linear-gradient(135deg, #c39f76 0%, #d4b188 100%); color: #fff; border: 1px solid #c39f76; font-weight: 600; box-shadow: 0 2px 8px rgba(195,159,118,0.3); }\n.badge-luxury  { background: rgba(195,159,118,.12); color: #c39f76; border: 1px solid rgba(195,159,118,.25); }\n.badge-boutique{ background: rgba(54,133,252,.08); color: #3685fc; border: 1px solid rgba(54,133,252,.2); }\n.badge-nature  { background: rgba(130,190,100,.1); color: #6b9c4a; border: 1px solid rgba(130,190,100,.2); }\n.badge-remote  { background: rgba(195,159,118,.12); color: #a67e50; border: 1px solid rgba(195,159,118,.25); }\n\n.lk-stay-name {\n  font-family: 'Playfair Display', Georgia, serif;\n  font-size: 18px;\n  font-weight: 700;\n  color: #111827;\n  line-height: 1.3;\n}\n.lk-stay-desc {\n  font-size: 13.5px;\n  color: #525252;\n  line-height: 1.65;\n  font-weight: 300;\n  flex: 1;\n}\n\n.lk-stay-meta {\n  display: flex;\n  align-items: center;\n  gap: 12px;\n  flex-wrap: wrap;\n  margin-top: 4px;\n}\n.lk-stay-price {\n  font-size: 13px;\n  color: #6b7280;\n}\n.lk-stay-price strong {\n  color: #c39f76;\n  font-weight: 500;\n}\n.lk-stay-stars {\n  color: #c39f76;\n  font-size: 11px;\n  letter-spacing: 1px;\n}\n\n\/* \u2500\u2500\u2500 CTA BUTTON \u2500\u2500\u2500 *\/\n.lk-stay-cta {\n  display: inline-flex;\n  align-items: center;\n  justify-content: center;\n  gap: 7px;\n  margin-top: 8px;\n  padding: 11px 20px;\n  border-radius: 8px;\n  background: linear-gradient(135deg, #3685fc 0%, #2a6fd9 100%);\n  color: #fff;\n  font-size: 13px;\n  font-weight: 500;\n  text-decoration: none;\n  letter-spacing: .3px;\n  transition: all .2s ease;\n  cursor: pointer;\n  border: none;\n  text-align: center;\n  box-shadow: 0 4px 12px rgba(54, 133, 252, 0.25);\n}\n.lk-stay-cta:hover {\n  background: linear-gradient(135deg, #2a6fd9 0%, #1e5bc4 100%);\n  transform: translateY(-1px);\n  box-shadow: 0 6px 16px rgba(54, 133, 252, 0.35);\n}\n.lk-stay-cta svg { flex-shrink: 0; }\n\n\/* \u2500\u2500\u2500 FOOTER \u2500\u2500\u2500 *\/\n.lk-stays-footer {\n  padding: 18px 36px;\n  background: linear-gradient(to bottom, #fdfaf5 0%, #f9f4ed 100%);\n  border-top: 1px solid rgba(195, 159, 118, 0.15);\n  display: flex;\n  align-items: center;\n  justify-content: space-between;\n  flex-wrap: wrap;\n  gap: 12px;\n}\n.lk-stays-footer-note {\n  font-size: 11.5px;\n  color: #6b7280;\n  font-weight: 300;\n  line-height: 1.5;\n}\n.lk-stays-footer-note a {\n  color: #c39f76;\n  text-decoration: none;\n  font-weight: 400;\n}\n.lk-stays-footer-note a:hover {\n  text-decoration: underline;\n}\n.lk-stays-all-btn {\n  display: inline-flex;\n  align-items: center;\n  gap: 6px;\n  font-size: 12.5px;\n  font-weight: 500;\n  color: #c39f76;\n  text-decoration: none;\n  border: 1px solid rgba(195, 159, 118, 0.35);\n  padding: 8px 18px;\n  border-radius: 8px;\n  transition: all .2s ease;\n}\n.lk-stays-all-btn:hover {\n  background: rgba(195, 159, 118, 0.08);\n  border-color: rgba(195, 159, 118, 0.5);\n}\n\n\/* \u2500\u2500\u2500 RESPONSIVE \u2500\u2500\u2500 *\/\n@media (max-width: 600px) {\n  .lk-stays-grid { grid-template-columns: 1fr; }\n  .lk-stays-header { padding: 24px 20px; }\n  .lk-stays-footer { padding: 16px 20px; }\n  .lk-stay-card { padding: 22px; }\n  .lk-stays-title { font-size: 20px; }\n}\n<\/style>\n\n  <!-- HEADER -->\n  <div class=\"lk-stays-header\">\n    <img decoding=\"async\" src=\"https:\/\/loudavymkrokem.cz\/wp-content\/uploads\/2026\/02\/lukas-a-lucka.jpg\" alt=\"\" style=\"width: 75px; height: 75px; border-radius: 8px; flex-shrink: 0; object-fit: cover; display: block; margin: 4px 0;\" title=\"\">\n    <div class=\"lk-stays-header-text\">\n      <div class=\"lk-stays-eyebrow\">Luk\u00e1\u0161 y Lucie recomiendan<\/div>\n      <div class=\"lk-stays-title\">D\u00f3nde alojarse en Olomouc<\/div>\n      <div class=\"lk-stays-subtitle\">2 alojamientos \u2014 hoteles wellness y otras opciones de alojamiento<\/div>\n    <\/div>\n  <\/div>\n\n  <!-- CARDS -->\n  <div class=\"lk-stays-grid\">\n\n    <a class=\"lk-stay-card featured\" href=\"https:\/\/www.stay22.com\/allez\/roam?aid=lukaskonecny&#038;campaign=loudavymkrokemcz&#038;campaign=es&#038;campaign=olomoucsdetmi&#038;hotelname=OREA%20Hotel%20Arigone%20Olomouc&#038;address=Olomouc%2C%20Cesko&#038;category=accommodation\" target=\"_blank\" rel=\"nofollow noopener\">\n      <span class=\"lk-stay-badge badge-top\">\u2b50 MEJOR OPCI\u00d3N<\/span>\n      <span class=\"lk-stay-badge badge-nature\">\u2b50 Luxury<\/span>\n      <div class=\"lk-stay-name\">OREA Hotel Arigone<\/div>\n      <div class=\"lk-stay-desc\">Hotel en el centro hist\u00f3rico con habitaciones wellness, jacuzzi privado y sauna. Ni\u00f1os hasta 5,99 a\u00f1os gratis, desayunos fant\u00e1sticos.<\/div>\n      <div class=\"lk-stay-meta\">\n        <span class=\"lk-stay-stars\">\u2605\u2605\u2605\u2605<\/span>\n        <span class=\"lk-stay-price\">Consultar precios<\/span>\n      <\/div>\n      <span class=\"lk-stay-cta\">\n        <svg width=\"14\" height=\"14\" viewBox=\"0 0 24 24\" fill=\"none\" stroke=\"currentColor\" stroke-width=\"2\"><path d=\"M18 13v6a2 2 0 0 1-2 2H5a2 2 0 0 1-2-2V8a2 2 0 0 1 2-2h6\"\/><polyline points=\"15 3 21 3 21 9\"\/><line x1=\"10\" y1=\"14\" x2=\"21\" y2=\"3\"\/><\/svg>\n        Comprobar disponibilidad\n      <\/span>\n    <\/a>\n\n    <a class=\"lk-stay-card\" href=\"https:\/\/www.stay22.com\/allez\/roam?aid=lukaskonecny&#038;campaign=loudavymkrokemcz&#038;campaign=es&#038;campaign=olomouc-s-detmi&#038;address=Olomouc%2C%20Cesko\" target=\"_blank\" rel=\"nofollow noopener\">\n      <span class=\"lk-stay-badge badge-nature\">\ud83c\udfe1 Pension\/B&#038;B<\/span>\n      <div class=\"lk-stay-name\">Otros alojamientos en Olomouc<\/div>\n      <div class=\"lk-stay-desc\">Apartamentos familiares en el centro con posibilidad de cocinar. Adecuado para familias con ni\u00f1os peque\u00f1os.<\/div>\n      <div class=\"lk-stay-meta\">\n        <span class=\"lk-stay-stars\">\u2605\u2605\u2605\u2605<\/span>\n        <span class=\"lk-stay-price\">Consultar precios<\/span>\n      <\/div>\n      <span class=\"lk-stay-cta\">\n        <svg width=\"14\" height=\"14\" viewBox=\"0 0 24 24\" fill=\"none\" stroke=\"currentColor\" stroke-width=\"2\"><path d=\"M18 13v6a2 2 0 0 1-2 2H5a2 2 0 0 1-2-2V8a2 2 0 0 1 2-2h6\"\/><polyline points=\"15 3 21 3 21 9\"\/><line x1=\"10\" y1=\"14\" x2=\"21\" y2=\"3\"\/><\/svg>\n        Comprobar disponibilidad\n      <\/span>\n    <\/a>\n\n  <\/div>\n\n  \n<\/div>\n\n\n\n\n<h2 class=\"wp-block-heading\"><span class=\"ez-toc-section\" id=\"Agua_deporte_y_desfogue\"><\/span>Agua, deporte y desfogue<span class=\"ez-toc-section-end\"><\/span><\/h2>\n\n\n\n<p class=\"wp-block-paragraph\">Cuando el term\u00f3metro sube mucho o, al contrario, necesitas cansar a los ni\u00f1os con deporte activo, Olomouc ofrece opciones estupendas para desfogarse. Ya seas amante de los toboganes o prefieras las bicis y las estructuras para trepar, aqu\u00ed desde luego no te aburrir\u00e1s.<\/p>\n\n\n\n<h3 class=\"wp-block-heading\"><span class=\"ez-toc-section\" id=\"21_Parque_acuatico_de_Olomouc\"><\/span>21. Parque acu\u00e1tico de Olomouc<span class=\"ez-toc-section-end\"><\/span><\/h3>\n\n\n\n<figure data-wp-context=\"{&quot;imageId&quot;:&quot;6a952c61dc31f&quot;}\" data-wp-interactive=\"core\/image\" data-wp-key=\"6a952c61dc31f\" class=\"wp-block-image size-full wp-lightbox-container\"><img decoding=\"async\" width=\"1800\" height=\"1013\" data-wp-class--hide=\"state.isContentHidden\" data-wp-class--show=\"state.isContentVisible\" data-wp-init=\"callbacks.setButtonStyles\" data-wp-on--click=\"actions.showLightbox\" data-wp-on--load=\"callbacks.setButtonStyles\" data-wp-on--pointerdown=\"actions.preloadImage\" data-wp-on--pointerenter=\"actions.preloadImageWithDelay\" data-wp-on--pointerleave=\"actions.cancelPreload\" data-wp-on-window--resize=\"callbacks.setButtonStyles\" src=\"https:\/\/loudavymkrokem.cz\/wp-content\/uploads\/2026\/08\/olomouc-s-detmi-aquapark.jpg\" alt=\"Edificio del parque acu\u00e1tico de Olomouc en Slavon\u00edn\" class=\"wp-image-401126\" title=\"\" srcset=\"https:\/\/loudavymkrokem.cz\/wp-content\/uploads\/2026\/08\/olomouc-s-detmi-aquapark.jpg 1800w, https:\/\/loudavymkrokem.cz\/wp-content\/uploads\/2026\/08\/olomouc-s-detmi-aquapark-300x169.jpg 300w, https:\/\/loudavymkrokem.cz\/wp-content\/uploads\/2026\/08\/olomouc-s-detmi-aquapark-700x394.jpg 700w, https:\/\/loudavymkrokem.cz\/wp-content\/uploads\/2026\/08\/olomouc-s-detmi-aquapark-768x432.jpg 768w, https:\/\/loudavymkrokem.cz\/wp-content\/uploads\/2026\/08\/olomouc-s-detmi-aquapark-1536x864.jpg 1536w, https:\/\/loudavymkrokem.cz\/wp-content\/uploads\/2026\/08\/olomouc-s-detmi-aquapark-696x392.jpg 696w, https:\/\/loudavymkrokem.cz\/wp-content\/uploads\/2026\/08\/olomouc-s-detmi-aquapark-1392x783.jpg 1392w\" sizes=\"(max-width: 1800px) 100vw, 1800px\" \/><button\n\t\t\tclass=\"lightbox-trigger\"\n\t\t\ttype=\"button\"\n\t\t\taria-haspopup=\"dialog\"\n\t\t\tdata-wp-bind--aria-label=\"state.thisImage.triggerButtonAriaLabel\"\n\t\t\tdata-wp-init=\"callbacks.initTriggerButton\"\n\t\t\tdata-wp-on--click=\"actions.showLightbox\"\n\t\t\tdata-wp-style--right=\"state.thisImage.buttonRight\"\n\t\t\tdata-wp-style--top=\"state.thisImage.buttonTop\"\n\t\t>\n\t\t\t<svg xmlns=\"http:\/\/www.w3.org\/2000\/svg\" width=\"12\" height=\"12\" fill=\"none\" viewBox=\"0 0 12 12\">\n\t\t\t\t<path fill=\"#fff\" d=\"M2 0a2 2 0 0 0-2 2v2h1.5V2a.5.5 0 0 1 .5-.5h2V0H2Zm2 10.5H2a.5.5 0 0 1-.5-.5V8H0v2a2 2 0 0 0 2 2h2v-1.5ZM8 12v-1.5h2a.5.5 0 0 0 .5-.5V8H12v2a2 2 0 0 1-2 2H8Zm2-12a2 2 0 0 1 2 2v2h-1.5V2a.5.5 0 0 0-.5-.5H8V0h2Z\" \/>\n\t\t\t<\/svg>\n\t\t<\/button><figcaption class=\"wp-element-caption\">El parque acu\u00e1tico de Slavon\u00edn tiene zona cubierta y exterior, adem\u00e1s del mundo infantil Akv\u00e1rko<\/figcaption><\/figure>\n\n\n\n<p class=\"wp-block-paragraph\">El gran <a href=\"https:\/\/www.aqua-olomouc.cz\/\" target=\"_blank\" rel=\"nofollow noopener\">mundo acu\u00e1tico de Olomouc<\/a> lo encontrar\u00e1s en Kafkova 526\/21, en el barrio de Slavon\u00edn. Es un enorme complejo con valoraci\u00f3n de 4,2 de casi cuatro mil personas, que combina una amplia zona cubierta para el invierno y un estupendo recinto exterior para el verano. Hay buenos toboganes, muchos toboganes r\u00e1pidos, una zona de saunas para adultos, un parque de actividades y un restaurante donde saciar f\u00e1cilmente el hambre feroz de despu\u00e9s de nadar.<\/p>\n\n\n\n<p class=\"wp-block-paragraph\">Para los m\u00e1s peque\u00f1os est\u00e1 preparado el mundo infantil especial <strong>Akv\u00e1rko<\/strong>. En cuanto a la temperatura del agua, la <strong>piscina infantil tiene unos agradables 32 \u00b0C<\/strong>, la piscina de masaje tambi\u00e9n 32 \u00b0C y los jacuzzis calientan hasta 34\u201336 \u00b0C. Ahora bien, de las rese\u00f1as de los padres se desprende un aviso importante: la gran piscina recreativa tiene solo 28 \u00b0C, algo que para los ni\u00f1os peque\u00f1os puede resultar fr\u00edo al cabo de un rato, as\u00ed que con los m\u00e1s peques es mejor pasar el tiempo sobre todo en el Akv\u00e1rko independiente. El parque acu\u00e1tico tiene una ventaja pr\u00e1ctica que apreciar\u00e1s si viajas con ni\u00f1os en coche: bajas directamente desde la autopista y aparcas sin buscar sitio.<\/p>\n\n\n\n<h3 class=\"wp-block-heading\"><span class=\"ez-toc-section\" id=\"22_Centro_Semafor\"><\/span>22. Centro Semafor<span class=\"ez-toc-section-end\"><\/span><\/h3>\n\n\n\n<figure data-wp-context=\"{&quot;imageId&quot;:&quot;6a952c61dc6c1&quot;}\" data-wp-interactive=\"core\/image\" data-wp-key=\"6a952c61dc6c1\" class=\"wp-block-image size-full wp-lightbox-container\"><img decoding=\"async\" width=\"1216\" height=\"913\" data-wp-class--hide=\"state.isContentHidden\" data-wp-class--show=\"state.isContentVisible\" data-wp-init=\"callbacks.setButtonStyles\" data-wp-on--click=\"actions.showLightbox\" data-wp-on--load=\"callbacks.setButtonStyles\" data-wp-on--pointerdown=\"actions.preloadImage\" data-wp-on--pointerenter=\"actions.preloadImageWithDelay\" data-wp-on--pointerleave=\"actions.cancelPreload\" data-wp-on-window--resize=\"callbacks.setButtonStyles\" src=\"https:\/\/loudavymkrokem.cz\/wp-content\/uploads\/2026\/08\/olomouc-s-detmi-centrum-semafor.jpg\" alt=\"Parque vial Centro Semafor en Olomouc con sem\u00e1foros y se\u00f1ales\" class=\"wp-image-403597\" title=\"\" srcset=\"https:\/\/loudavymkrokem.cz\/wp-content\/uploads\/2026\/08\/olomouc-s-detmi-centrum-semafor.jpg 1216w, https:\/\/loudavymkrokem.cz\/wp-content\/uploads\/2026\/08\/olomouc-s-detmi-centrum-semafor-300x225.jpg 300w, https:\/\/loudavymkrokem.cz\/wp-content\/uploads\/2026\/08\/olomouc-s-detmi-centrum-semafor-700x526.jpg 700w, https:\/\/loudavymkrokem.cz\/wp-content\/uploads\/2026\/08\/olomouc-s-detmi-centrum-semafor-768x577.jpg 768w, https:\/\/loudavymkrokem.cz\/wp-content\/uploads\/2026\/08\/olomouc-s-detmi-centrum-semafor-80x60.jpg 80w, https:\/\/loudavymkrokem.cz\/wp-content\/uploads\/2026\/08\/olomouc-s-detmi-centrum-semafor-160x120.jpg 160w, https:\/\/loudavymkrokem.cz\/wp-content\/uploads\/2026\/08\/olomouc-s-detmi-centrum-semafor-696x523.jpg 696w\" sizes=\"(max-width: 1216px) 100vw, 1216px\" \/><button\n\t\t\tclass=\"lightbox-trigger\"\n\t\t\ttype=\"button\"\n\t\t\taria-haspopup=\"dialog\"\n\t\t\tdata-wp-bind--aria-label=\"state.thisImage.triggerButtonAriaLabel\"\n\t\t\tdata-wp-init=\"callbacks.initTriggerButton\"\n\t\t\tdata-wp-on--click=\"actions.showLightbox\"\n\t\t\tdata-wp-style--right=\"state.thisImage.buttonRight\"\n\t\t\tdata-wp-style--top=\"state.thisImage.buttonTop\"\n\t\t>\n\t\t\t<svg xmlns=\"http:\/\/www.w3.org\/2000\/svg\" width=\"12\" height=\"12\" fill=\"none\" viewBox=\"0 0 12 12\">\n\t\t\t\t<path fill=\"#fff\" d=\"M2 0a2 2 0 0 0-2 2v2h1.5V2a.5.5 0 0 1 .5-.5h2V0H2Zm2 10.5H2a.5.5 0 0 1-.5-.5V8H0v2a2 2 0 0 0 2 2h2v-1.5ZM8 12v-1.5h2a.5.5 0 0 0 .5-.5V8H12v2a2 2 0 0 1-2 2H8Zm2-12a2 2 0 0 1 2 2v2h-1.5V2a.5.5 0 0 0-.5-.5H8V0h2Z\" \/>\n\t\t\t<\/svg>\n\t\t<\/button><figcaption class=\"wp-element-caption\">El \u00fanico parque vial de Olomouc tiene sem\u00e1foros y paso a nivel que funcionan | Foto: Centrum Semafor Olomouc<\/figcaption><\/figure>\n\n\n\n<p class=\"wp-block-paragraph\">Si tus hijos adoran montar en cualquier cosa que tenga ruedas, no puedes saltarte el Centro Semafor en Legion\u00e1\u0159sk\u00e1 15 (fant\u00e1stica valoraci\u00f3n de <strong>4,8 con 140 rese\u00f1as<\/strong>). Es el <strong>\u00fanico parque vial especializado de toda Olomouc<\/strong> y est\u00e1 realmente a la altura. Los caminos est\u00e1n flanqueados por se\u00f1ales reales, en los cruces parpadean sem\u00e1foros que funcionan y no faltan pasos de peatones ni un paso a nivel con elementos sonoros y luminosos.<\/p>\n\n\n\n<p class=\"wp-block-paragraph\">Si no llevas contigo tu propio parque m\u00f3vil, no pasa nada. Aqu\u00ed funciona un estupendo <strong>alquiler por unos 2 \u20ac (50 K\u010d) la hora o 8 \u20ac (200 K\u010d) el d\u00eda completo<\/strong>. Alquilar bicis infantiles de hasta 24 pulgadas sale incluso a mitad de precio, y disponen de unas 50 bicis, adem\u00e1s de patinetes, los populares karts de pedales e incluso handbikes. Abre de abril a junio y en oto\u00f1o en septiembre y octubre (entre semana de 14 a 18, fines de semana y festivos de 10 a 12 y de 14 a 18); en los meses de vacaciones de verano el horario var\u00eda un poco, as\u00ed que mejor conf\u00edrmalo.<\/p>\n\n\n\n<h3 class=\"wp-block-heading\"><span class=\"ez-toc-section\" id=\"23_Parque_de_cuerdas_Veverak\"><\/span>23. Parque de cuerdas Vever\u00e1k<span class=\"ez-toc-section-end\"><\/span><\/h3>\n\n\n\n<figure data-wp-context=\"{&quot;imageId&quot;:&quot;6a952c61dca90&quot;}\" data-wp-interactive=\"core\/image\" data-wp-key=\"6a952c61dca90\" class=\"wp-block-image size-full wp-lightbox-container\"><img decoding=\"async\" width=\"1800\" height=\"1013\" data-wp-class--hide=\"state.isContentHidden\" data-wp-class--show=\"state.isContentVisible\" data-wp-init=\"callbacks.setButtonStyles\" data-wp-on--click=\"actions.showLightbox\" data-wp-on--load=\"callbacks.setButtonStyles\" data-wp-on--pointerdown=\"actions.preloadImage\" data-wp-on--pointerenter=\"actions.preloadImageWithDelay\" data-wp-on--pointerleave=\"actions.cancelPreload\" data-wp-on-window--resize=\"callbacks.setButtonStyles\" src=\"https:\/\/loudavymkrokem.cz\/wp-content\/uploads\/2026\/08\/olomouc-s-detmi-lanovy-park-veverak.jpg\" alt=\"Ni\u00f1o en un obst\u00e1culo de cuerdas del parque de cuerdas Vever\u00e1k en Svat\u00fd Kope\u010dek\" class=\"wp-image-403608\" title=\"\" srcset=\"https:\/\/loudavymkrokem.cz\/wp-content\/uploads\/2026\/08\/olomouc-s-detmi-lanovy-park-veverak.jpg 1800w, https:\/\/loudavymkrokem.cz\/wp-content\/uploads\/2026\/08\/olomouc-s-detmi-lanovy-park-veverak-300x169.jpg 300w, https:\/\/loudavymkrokem.cz\/wp-content\/uploads\/2026\/08\/olomouc-s-detmi-lanovy-park-veverak-700x394.jpg 700w, https:\/\/loudavymkrokem.cz\/wp-content\/uploads\/2026\/08\/olomouc-s-detmi-lanovy-park-veverak-768x432.jpg 768w, https:\/\/loudavymkrokem.cz\/wp-content\/uploads\/2026\/08\/olomouc-s-detmi-lanovy-park-veverak-1536x864.jpg 1536w, https:\/\/loudavymkrokem.cz\/wp-content\/uploads\/2026\/08\/olomouc-s-detmi-lanovy-park-veverak-696x392.jpg 696w, https:\/\/loudavymkrokem.cz\/wp-content\/uploads\/2026\/08\/olomouc-s-detmi-lanovy-park-veverak-1392x783.jpg 1392w\" sizes=\"(max-width: 1800px) 100vw, 1800px\" \/><button\n\t\t\tclass=\"lightbox-trigger\"\n\t\t\ttype=\"button\"\n\t\t\taria-haspopup=\"dialog\"\n\t\t\tdata-wp-bind--aria-label=\"state.thisImage.triggerButtonAriaLabel\"\n\t\t\tdata-wp-init=\"callbacks.initTriggerButton\"\n\t\t\tdata-wp-on--click=\"actions.showLightbox\"\n\t\t\tdata-wp-style--right=\"state.thisImage.buttonRight\"\n\t\t\tdata-wp-style--top=\"state.thisImage.buttonTop\"\n\t\t>\n\t\t\t<svg xmlns=\"http:\/\/www.w3.org\/2000\/svg\" width=\"12\" height=\"12\" fill=\"none\" viewBox=\"0 0 12 12\">\n\t\t\t\t<path fill=\"#fff\" d=\"M2 0a2 2 0 0 0-2 2v2h1.5V2a.5.5 0 0 1 .5-.5h2V0H2Zm2 10.5H2a.5.5 0 0 1-.5-.5V8H0v2a2 2 0 0 0 2 2h2v-1.5ZM8 12v-1.5h2a.5.5 0 0 0 .5-.5V8H12v2a2 2 0 0 1-2 2H8Zm2-12a2 2 0 0 1 2 2v2h-1.5V2a.5.5 0 0 0-.5-.5H8V0h2Z\" \/>\n\t\t\t<\/svg>\n\t\t<\/button><figcaption class=\"wp-element-caption\">El parque de cuerdas Vever\u00e1k se combina de maravilla con la visita al zoo | Foto: Lanov\u00fd park Vever\u00e1k<\/figcaption><\/figure>\n\n\n\n<p class=\"wp-block-paragraph\">Otra estupenda dosis de movimiento la puedes darte en el parque de cuerdas Vever\u00e1k, situado junto a la calle Darwinova, directamente en Svat\u00fd Kope\u010dek. Los padres lo elogian con una valoraci\u00f3n muy alta de <strong>4,7<\/strong>, porque ofrece rutas divididas por dificultad para que disfruten tanto los ni\u00f1os m\u00e1s peque\u00f1os como los adultos que buscan algo de adrenalina en las alturas.<\/p>\n\n\n\n<p class=\"wp-block-paragraph\">Adem\u00e1s, de todo se ocupan instructores profesionales que explican el arn\u00e9s y ayudan cuando alguien se atasca en un obst\u00e1culo m\u00e1s complicado. Una enorme ventaja de este parque es su ubicaci\u00f3n, ya que la visita se puede combinar de forma genial con una excursi\u00f3n de d\u00eda completo al cercano zoo.<\/p>\n\n\n\n<h3 class=\"wp-block-heading\"><span class=\"ez-toc-section\" id=\"24_Parques_infantiles_en_los_jardines\"><\/span>24. Parques infantiles en los jardines<span class=\"ez-toc-section-end\"><\/span><\/h3>\n\n\n\n<p class=\"wp-block-paragraph\">Cuando no necesitas grandes actividades organizadas y solo quieres sentarte un rato en un banco mientras los ni\u00f1os se columpian, Olomouc ofrece varios parques infantiles p\u00fablicos cl\u00e1sicos. Los m\u00e1s populares y mejor cuidados est\u00e1n en los ya mencionados jardines Smetana y Bezru\u010d, pero tambi\u00e9n hay estructuras y areneros m\u00e1s peque\u00f1os repartidos por otras partes del centro y sus alrededores, as\u00ed que tarde o temprano dar\u00e1s con ellos paseando por la ciudad.<\/p>\n\n\n\n<h2 class=\"wp-block-heading\"><span class=\"ez-toc-section\" id=\"Svaty_Kopecek_el_zoo_y_un_dia_entero_sobre_la_ciudad\"><\/span>Svat\u00fd Kope\u010dek: el zoo y un d\u00eda entero sobre la ciudad<span class=\"ez-toc-section-end\"><\/span><\/h2>\n\n\n\n<p class=\"wp-block-paragraph\">Si vas a estar en Olomouc m\u00e1s de un d\u00eda, Svat\u00fd Kope\u010dek tienes que incluirlo s\u00ed o s\u00ed en tu itinerario. Este barrio boscoso que se alza sobre la ciudad es sin\u00f3nimo de un d\u00eda familiar perfecto lleno de animales, bonitas vistas y paseos por la naturaleza.<\/p>\n\n\n\n<h3 class=\"wp-block-heading\"><span class=\"ez-toc-section\" id=\"25_Zoo_de_Olomouc_en_Svaty_Kopecek\"><\/span>25. Zoo de Olomouc en Svat\u00fd Kope\u010dek<span class=\"ez-toc-section-end\"><\/span><\/h3>\n\n\n\n<figure data-wp-context=\"{&quot;imageId&quot;:&quot;6a952c61dcfc6&quot;}\" data-wp-interactive=\"core\/image\" data-wp-key=\"6a952c61dcfc6\" class=\"wp-block-image size-full wp-lightbox-container\"><img decoding=\"async\" width=\"1800\" height=\"1350\" data-wp-class--hide=\"state.isContentHidden\" data-wp-class--show=\"state.isContentVisible\" data-wp-init=\"callbacks.setButtonStyles\" data-wp-on--click=\"actions.showLightbox\" data-wp-on--load=\"callbacks.setButtonStyles\" data-wp-on--pointerdown=\"actions.preloadImage\" data-wp-on--pointerenter=\"actions.preloadImageWithDelay\" data-wp-on--pointerleave=\"actions.cancelPreload\" data-wp-on-window--resize=\"callbacks.setButtonStyles\" src=\"https:\/\/loudavymkrokem.cz\/wp-content\/uploads\/2026\/08\/olomouc-s-detmi-zoo-voliera.jpg\" alt=\"Grullas en una pajarera del zoo de Olomouc en Svat\u00fd Kope\u010dek\" class=\"wp-image-401082\" title=\"\" srcset=\"https:\/\/loudavymkrokem.cz\/wp-content\/uploads\/2026\/08\/olomouc-s-detmi-zoo-voliera.jpg 1800w, https:\/\/loudavymkrokem.cz\/wp-content\/uploads\/2026\/08\/olomouc-s-detmi-zoo-voliera-300x225.jpg 300w, https:\/\/loudavymkrokem.cz\/wp-content\/uploads\/2026\/08\/olomouc-s-detmi-zoo-voliera-700x525.jpg 700w, https:\/\/loudavymkrokem.cz\/wp-content\/uploads\/2026\/08\/olomouc-s-detmi-zoo-voliera-768x576.jpg 768w, https:\/\/loudavymkrokem.cz\/wp-content\/uploads\/2026\/08\/olomouc-s-detmi-zoo-voliera-1536x1152.jpg 1536w, https:\/\/loudavymkrokem.cz\/wp-content\/uploads\/2026\/08\/olomouc-s-detmi-zoo-voliera-80x60.jpg 80w, https:\/\/loudavymkrokem.cz\/wp-content\/uploads\/2026\/08\/olomouc-s-detmi-zoo-voliera-160x120.jpg 160w, https:\/\/loudavymkrokem.cz\/wp-content\/uploads\/2026\/08\/olomouc-s-detmi-zoo-voliera-696x522.jpg 696w, https:\/\/loudavymkrokem.cz\/wp-content\/uploads\/2026\/08\/olomouc-s-detmi-zoo-voliera-1392x1044.jpg 1392w\" sizes=\"(max-width: 1800px) 100vw, 1800px\" \/><button\n\t\t\tclass=\"lightbox-trigger\"\n\t\t\ttype=\"button\"\n\t\t\taria-haspopup=\"dialog\"\n\t\t\tdata-wp-bind--aria-label=\"state.thisImage.triggerButtonAriaLabel\"\n\t\t\tdata-wp-init=\"callbacks.initTriggerButton\"\n\t\t\tdata-wp-on--click=\"actions.showLightbox\"\n\t\t\tdata-wp-style--right=\"state.thisImage.buttonRight\"\n\t\t\tdata-wp-style--top=\"state.thisImage.buttonTop\"\n\t\t>\n\t\t\t<svg xmlns=\"http:\/\/www.w3.org\/2000\/svg\" width=\"12\" height=\"12\" fill=\"none\" viewBox=\"0 0 12 12\">\n\t\t\t\t<path fill=\"#fff\" d=\"M2 0a2 2 0 0 0-2 2v2h1.5V2a.5.5 0 0 1 .5-.5h2V0H2Zm2 10.5H2a.5.5 0 0 1-.5-.5V8H0v2a2 2 0 0 0 2 2h2v-1.5ZM8 12v-1.5h2a.5.5 0 0 0 .5-.5V8H12v2a2 2 0 0 1-2 2H8Zm2-12a2 2 0 0 1 2 2v2h-1.5V2a.5.5 0 0 0-.5-.5H8V0h2Z\" \/>\n\t\t\t<\/svg>\n\t\t<\/button><figcaption class=\"wp-element-caption\">Los recintos est\u00e1n integrados directamente en el terreno forestal<\/figcaption><\/figure>\n\n\n\n<figure data-wp-context=\"{&quot;imageId&quot;:&quot;6a952c61dd4d9&quot;}\" data-wp-interactive=\"core\/image\" data-wp-key=\"6a952c61dd4d9\" class=\"wp-block-image size-full wp-lightbox-container\"><img decoding=\"async\" width=\"1800\" height=\"1195\" data-wp-class--hide=\"state.isContentHidden\" data-wp-class--show=\"state.isContentVisible\" data-wp-init=\"callbacks.setButtonStyles\" data-wp-on--click=\"actions.showLightbox\" data-wp-on--load=\"callbacks.setButtonStyles\" data-wp-on--pointerdown=\"actions.preloadImage\" data-wp-on--pointerenter=\"actions.preloadImageWithDelay\" data-wp-on--pointerleave=\"actions.cancelPreload\" data-wp-on-window--resize=\"callbacks.setButtonStyles\" src=\"https:\/\/loudavymkrokem.cz\/wp-content\/uploads\/2026\/08\/olomouc-s-detmi-zoo-vstup.jpg\" alt=\"Edificio de entrada del zoo de Olomouc en Svat\u00fd Kope\u010dek\" class=\"wp-image-401078\" title=\"\" srcset=\"https:\/\/loudavymkrokem.cz\/wp-content\/uploads\/2026\/08\/olomouc-s-detmi-zoo-vstup.jpg 1800w, https:\/\/loudavymkrokem.cz\/wp-content\/uploads\/2026\/08\/olomouc-s-detmi-zoo-vstup-300x199.jpg 300w, https:\/\/loudavymkrokem.cz\/wp-content\/uploads\/2026\/08\/olomouc-s-detmi-zoo-vstup-700x465.jpg 700w, https:\/\/loudavymkrokem.cz\/wp-content\/uploads\/2026\/08\/olomouc-s-detmi-zoo-vstup-768x510.jpg 768w, https:\/\/loudavymkrokem.cz\/wp-content\/uploads\/2026\/08\/olomouc-s-detmi-zoo-vstup-1536x1020.jpg 1536w, https:\/\/loudavymkrokem.cz\/wp-content\/uploads\/2026\/08\/olomouc-s-detmi-zoo-vstup-696x462.jpg 696w, https:\/\/loudavymkrokem.cz\/wp-content\/uploads\/2026\/08\/olomouc-s-detmi-zoo-vstup-1392x924.jpg 1392w\" sizes=\"(max-width: 1800px) 100vw, 1800px\" \/><button\n\t\t\tclass=\"lightbox-trigger\"\n\t\t\ttype=\"button\"\n\t\t\taria-haspopup=\"dialog\"\n\t\t\tdata-wp-bind--aria-label=\"state.thisImage.triggerButtonAriaLabel\"\n\t\t\tdata-wp-init=\"callbacks.initTriggerButton\"\n\t\t\tdata-wp-on--click=\"actions.showLightbox\"\n\t\t\tdata-wp-style--right=\"state.thisImage.buttonRight\"\n\t\t\tdata-wp-style--top=\"state.thisImage.buttonTop\"\n\t\t>\n\t\t\t<svg xmlns=\"http:\/\/www.w3.org\/2000\/svg\" width=\"12\" height=\"12\" fill=\"none\" viewBox=\"0 0 12 12\">\n\t\t\t\t<path fill=\"#fff\" d=\"M2 0a2 2 0 0 0-2 2v2h1.5V2a.5.5 0 0 1 .5-.5h2V0H2Zm2 10.5H2a.5.5 0 0 1-.5-.5V8H0v2a2 2 0 0 0 2 2h2v-1.5ZM8 12v-1.5h2a.5.5 0 0 0 .5-.5V8H12v2a2 2 0 0 1-2 2H8Zm2-12a2 2 0 0 1 2 2v2h-1.5V2a.5.5 0 0 0-.5-.5H8V0h2Z\" \/>\n\t\t\t<\/svg>\n\t\t<\/button><figcaption class=\"wp-element-caption\">Entrada al zoo de Olomouc, escondido en el bosque sobre la ciudad<\/figcaption><\/figure>\n\n\n\n<p class=\"wp-block-paragraph\">Este es sin discusi\u00f3n el principal reclamo familiar de toda la regi\u00f3n. El <a href=\"https:\/\/www.zoo-olomouc.cz\/\" target=\"_blank\" rel=\"nofollow noopener\">zoo de Olomouc<\/a>, escondido en un precioso bosque de con\u00edferas, cosecha comentarios entusiastas, y su puntuaci\u00f3n de <strong>4,4 con m\u00e1s de 16.500 rese\u00f1as<\/strong> muestra lo popular que es. Los animales tienen aqu\u00ed amplios recintos integrados directamente en el terreno forestal en pendiente, as\u00ed que la visita es a la vez un agradable paseo entre \u00e1rboles, con sombra grata incluso en verano.<\/p>\n\n\n\n<p class=\"wp-block-paragraph\">Los precios de la entrada var\u00edan seg\u00fan la temporada. En la alta (de marzo a octubre) el adulto paga unos <strong>7,40 \u20ac (180 K\u010d)<\/strong> y los ni\u00f1os, estudiantes o jubilados unos <strong>5,70 \u20ac (140 K\u010d)<\/strong>. Fuera de temporada, en los meses de invierno (de noviembre a febrero), los precios son m\u00e1s asequibles: unos 6,20 \u20ac (150 K\u010d) por adulto y 4,90 \u20ac (120 K\u010d) la reducida. Los ni\u00f1os m\u00e1s peque\u00f1os hasta los 3 a\u00f1os entran totalmente gratis y la entrada familiar (2+2) sale por unos justos <strong>25 \u20ac (600 K\u010d)<\/strong>. El horario tambi\u00e9n cambia con la estaci\u00f3n: en enero y febrero abre de 9 a 16, en marzo y septiembre de 9 a 17, de abril a agosto se ampl\u00eda a 9\u201318, y de octubre a diciembre las puertas vuelven a cerrarse a las 16.<\/p>\n\n\n\n<p class=\"wp-block-paragraph\">\u00bfY c\u00f3mo llegar si no quieres pagar el aparcamiento del zoo? Muy f\u00e1cil. Desde la estaci\u00f3n central (d\u00e1rsena D) sale con regularidad el <strong>autob\u00fas n.\u00ba 11<\/strong>. Los servicios tienen intervalos estupendos de 10 a 15 minutos, el trayecto dura unos 20 minutos y desde la parada solo te espera un breve paseo de cinco a diez minutos cuesta arriba hasta la entrada del recinto.<\/p>\n\n\n\n<h3 class=\"wp-block-heading\"><span class=\"ez-toc-section\" id=\"26_Torre_mirador_del_zoo\"><\/span>26. Torre mirador del zoo<span class=\"ez-toc-section-end\"><\/span><\/h3>\n\n\n\n<figure data-wp-context=\"{&quot;imageId&quot;:&quot;6a952c61ddb2b&quot;}\" data-wp-interactive=\"core\/image\" data-wp-key=\"6a952c61ddb2b\" class=\"wp-block-image size-full wp-lightbox-container\"><img decoding=\"async\" width=\"1800\" height=\"1202\" data-wp-class--hide=\"state.isContentHidden\" data-wp-class--show=\"state.isContentVisible\" data-wp-init=\"callbacks.setButtonStyles\" data-wp-on--click=\"actions.showLightbox\" data-wp-on--load=\"callbacks.setButtonStyles\" data-wp-on--pointerdown=\"actions.preloadImage\" data-wp-on--pointerenter=\"actions.preloadImageWithDelay\" data-wp-on--pointerleave=\"actions.cancelPreload\" data-wp-on-window--resize=\"callbacks.setButtonStyles\" src=\"https:\/\/loudavymkrokem.cz\/wp-content\/uploads\/2026\/08\/olomouc-s-detmi-vyhlidkova-vez-zoo.jpg\" alt=\"Torre mirador del zoo de Olomouc en Svat\u00fd Kope\u010dek\" class=\"wp-image-403612\" title=\"\" srcset=\"https:\/\/loudavymkrokem.cz\/wp-content\/uploads\/2026\/08\/olomouc-s-detmi-vyhlidkova-vez-zoo.jpg 1800w, https:\/\/loudavymkrokem.cz\/wp-content\/uploads\/2026\/08\/olomouc-s-detmi-vyhlidkova-vez-zoo-300x200.jpg 300w, https:\/\/loudavymkrokem.cz\/wp-content\/uploads\/2026\/08\/olomouc-s-detmi-vyhlidkova-vez-zoo-700x467.jpg 700w, https:\/\/loudavymkrokem.cz\/wp-content\/uploads\/2026\/08\/olomouc-s-detmi-vyhlidkova-vez-zoo-768x513.jpg 768w, https:\/\/loudavymkrokem.cz\/wp-content\/uploads\/2026\/08\/olomouc-s-detmi-vyhlidkova-vez-zoo-1536x1026.jpg 1536w, https:\/\/loudavymkrokem.cz\/wp-content\/uploads\/2026\/08\/olomouc-s-detmi-vyhlidkova-vez-zoo-696x465.jpg 696w, https:\/\/loudavymkrokem.cz\/wp-content\/uploads\/2026\/08\/olomouc-s-detmi-vyhlidkova-vez-zoo-1392x930.jpg 1392w\" sizes=\"(max-width: 1800px) 100vw, 1800px\" \/><button\n\t\t\tclass=\"lightbox-trigger\"\n\t\t\ttype=\"button\"\n\t\t\taria-haspopup=\"dialog\"\n\t\t\tdata-wp-bind--aria-label=\"state.thisImage.triggerButtonAriaLabel\"\n\t\t\tdata-wp-init=\"callbacks.initTriggerButton\"\n\t\t\tdata-wp-on--click=\"actions.showLightbox\"\n\t\t\tdata-wp-style--right=\"state.thisImage.buttonRight\"\n\t\t\tdata-wp-style--top=\"state.thisImage.buttonTop\"\n\t\t>\n\t\t\t<svg xmlns=\"http:\/\/www.w3.org\/2000\/svg\" width=\"12\" height=\"12\" fill=\"none\" viewBox=\"0 0 12 12\">\n\t\t\t\t<path fill=\"#fff\" d=\"M2 0a2 2 0 0 0-2 2v2h1.5V2a.5.5 0 0 1 .5-.5h2V0H2Zm2 10.5H2a.5.5 0 0 1-.5-.5V8H0v2a2 2 0 0 0 2 2h2v-1.5ZM8 12v-1.5h2a.5.5 0 0 0 .5-.5V8H12v2a2 2 0 0 1-2 2H8Zm2-12a2 2 0 0 1 2 2v2h-1.5V2a.5.5 0 0 0-.5-.5H8V0h2Z\" \/>\n\t\t\t<\/svg>\n\t\t<\/button><figcaption class=\"wp-element-caption\">Desde la torre mirador, con buena visibilidad, se ve hasta los montes Jesen\u00edky | Foto: Zoo Olomouc<\/figcaption><\/figure>\n\n\n\n<p class=\"wp-block-paragraph\">Dentro del propio recinto del zoo se alza una enorme torre mirador de acero (valoraci\u00f3n 4,6) que no deber\u00edas perderte si no sufres de v\u00e9rtigo. La subida por los escalones enrejados cuesta un poco, pero arriba te espera la recompensa de unas vistas que no ver\u00e1s en ning\u00fan otro sitio.<\/p>\n\n\n\n<p class=\"wp-block-paragraph\">Con buena visibilidad se abre ante ti una panor\u00e1mica impresionante de toda Olomouc extendida abajo en la llanura y, al girarte hacia el otro lado, alcanzas a ver las crestas de los majestuosos montes Jesen\u00edky. Y para quien necesite reponer fuerzas despu\u00e9s del esfuerzo, justo bajo la torre funciona una agradable cafeter\u00eda.<\/p>\n\n\n\n<h3 class=\"wp-block-heading\"><span class=\"ez-toc-section\" id=\"27_Basilica_de_la_Visitacion_de_la_Virgen_Maria\"><\/span>27. Bas\u00edlica de la Visitaci\u00f3n de la Virgen Mar\u00eda<span class=\"ez-toc-section-end\"><\/span><\/h3>\n\n\n\n<figure data-wp-context=\"{&quot;imageId&quot;:&quot;6a952c61de11a&quot;}\" data-wp-interactive=\"core\/image\" data-wp-key=\"6a952c61de11a\" class=\"wp-block-image size-full wp-lightbox-container\"><img decoding=\"async\" width=\"1800\" height=\"1350\" data-wp-class--hide=\"state.isContentHidden\" data-wp-class--show=\"state.isContentVisible\" data-wp-init=\"callbacks.setButtonStyles\" data-wp-on--click=\"actions.showLightbox\" data-wp-on--load=\"callbacks.setButtonStyles\" data-wp-on--pointerdown=\"actions.preloadImage\" data-wp-on--pointerenter=\"actions.preloadImageWithDelay\" data-wp-on--pointerleave=\"actions.cancelPreload\" data-wp-on-window--resize=\"callbacks.setButtonStyles\" src=\"https:\/\/loudavymkrokem.cz\/wp-content\/uploads\/2026\/08\/olomouc-s-detmi-bazilika-svaty-kopecek.jpg\" alt=\"Bas\u00edlica de la Visitaci\u00f3n de la Virgen Mar\u00eda en Svat\u00fd Kope\u010dek, cerca de Olomouc\" class=\"wp-image-401087\" title=\"\" srcset=\"https:\/\/loudavymkrokem.cz\/wp-content\/uploads\/2026\/08\/olomouc-s-detmi-bazilika-svaty-kopecek.jpg 1800w, https:\/\/loudavymkrokem.cz\/wp-content\/uploads\/2026\/08\/olomouc-s-detmi-bazilika-svaty-kopecek-300x225.jpg 300w, https:\/\/loudavymkrokem.cz\/wp-content\/uploads\/2026\/08\/olomouc-s-detmi-bazilika-svaty-kopecek-700x525.jpg 700w, https:\/\/loudavymkrokem.cz\/wp-content\/uploads\/2026\/08\/olomouc-s-detmi-bazilika-svaty-kopecek-768x576.jpg 768w, https:\/\/loudavymkrokem.cz\/wp-content\/uploads\/2026\/08\/olomouc-s-detmi-bazilika-svaty-kopecek-1536x1152.jpg 1536w, https:\/\/loudavymkrokem.cz\/wp-content\/uploads\/2026\/08\/olomouc-s-detmi-bazilika-svaty-kopecek-80x60.jpg 80w, https:\/\/loudavymkrokem.cz\/wp-content\/uploads\/2026\/08\/olomouc-s-detmi-bazilika-svaty-kopecek-160x120.jpg 160w, https:\/\/loudavymkrokem.cz\/wp-content\/uploads\/2026\/08\/olomouc-s-detmi-bazilika-svaty-kopecek-696x522.jpg 696w, https:\/\/loudavymkrokem.cz\/wp-content\/uploads\/2026\/08\/olomouc-s-detmi-bazilika-svaty-kopecek-1392x1044.jpg 1392w\" sizes=\"(max-width: 1800px) 100vw, 1800px\" \/><button\n\t\t\tclass=\"lightbox-trigger\"\n\t\t\ttype=\"button\"\n\t\t\taria-haspopup=\"dialog\"\n\t\t\tdata-wp-bind--aria-label=\"state.thisImage.triggerButtonAriaLabel\"\n\t\t\tdata-wp-init=\"callbacks.initTriggerButton\"\n\t\t\tdata-wp-on--click=\"actions.showLightbox\"\n\t\t\tdata-wp-style--right=\"state.thisImage.buttonRight\"\n\t\t\tdata-wp-style--top=\"state.thisImage.buttonTop\"\n\t\t>\n\t\t\t<svg xmlns=\"http:\/\/www.w3.org\/2000\/svg\" width=\"12\" height=\"12\" fill=\"none\" viewBox=\"0 0 12 12\">\n\t\t\t\t<path fill=\"#fff\" d=\"M2 0a2 2 0 0 0-2 2v2h1.5V2a.5.5 0 0 1 .5-.5h2V0H2Zm2 10.5H2a.5.5 0 0 1-.5-.5V8H0v2a2 2 0 0 0 2 2h2v-1.5ZM8 12v-1.5h2a.5.5 0 0 0 .5-.5V8H12v2a2 2 0 0 1-2 2H8Zm2-12a2 2 0 0 1 2 2v2h-1.5V2a.5.5 0 0 0-.5-.5H8V0h2Z\" \/>\n\t\t\t<\/svg>\n\t\t<\/button><figcaption class=\"wp-element-caption\">La bas\u00edlica de peregrinaci\u00f3n de Svat\u00fd Kope\u010dek se ve ya al llegar a Olomouc<\/figcaption><\/figure>\n\n\n\n<p class=\"wp-block-paragraph\">Ya que est\u00e1s en Svat\u00fd Kope\u010dek, ac\u00e9rcate un poco a la plaza Sadov\u00e9 1, donde se encuentra la imponente bas\u00edlica de peregrinaci\u00f3n de la Visitaci\u00f3n de la Virgen Mar\u00eda (fant\u00e1stica valoraci\u00f3n de <strong>4,8 con 2.572 rese\u00f1as<\/strong>). Es un hito que ver\u00e1s brillar en el paisaje ya al acercarte a Olomouc.<\/p>\n\n\n\n<p class=\"wp-block-paragraph\">Esta preciosa construcci\u00f3n barroca la visit\u00f3, por cierto, el propio papa Juan Pablo II. Aunque a primera vista no suene a atracci\u00f3n t\u00edpica para ni\u00f1os, el edificio es tan enorme y majestuoso que logra cautivar incluso a los peque\u00f1os exploradores y, adem\u00e1s, a su alrededor se pueden dar paseos muy bonitos y tranquilos por los alrededores.<\/p>\n\n\n\n<h2 class=\"wp-block-heading\"><span class=\"ez-toc-section\" id=\"Excursiones_desde_Olomouc_con_ninos\"><\/span>Excursiones desde Olomouc con ni\u00f1os<span class=\"ez-toc-section-end\"><\/span><\/h2>\n\n\n\n<p class=\"wp-block-paragraph\">Olomouc est\u00e1 estrat\u00e9gicamente situada en el coraz\u00f3n de Moravia, lo que significa que, si dispones de coche, a una horita de trayecto se te abre una incre\u00edble cantidad de destinos atractivos. As\u00ed que, si te sobra tiempo y quieres salir un poco de la ciudad, aqu\u00ed tienes las mejores ideas para excursiones de media jornada o de d\u00eda completo.<\/p>\n\n\n\n<h3 class=\"wp-block-heading\"><span class=\"ez-toc-section\" id=\"28_DinoPark_y_ZOO_Park_Vyskov\"><\/span>28. DinoPark y ZOO Park Vy\u0161kov<span class=\"ez-toc-section-end\"><\/span><\/h3>\n\n\n\n<figure data-wp-context=\"{&quot;imageId&quot;:&quot;6a952c61de7b6&quot;}\" data-wp-interactive=\"core\/image\" data-wp-key=\"6a952c61de7b6\" class=\"wp-block-image size-full wp-lightbox-container\"><img decoding=\"async\" width=\"1800\" height=\"1209\" data-wp-class--hide=\"state.isContentHidden\" data-wp-class--show=\"state.isContentVisible\" data-wp-init=\"callbacks.setButtonStyles\" data-wp-on--click=\"actions.showLightbox\" data-wp-on--load=\"callbacks.setButtonStyles\" data-wp-on--pointerdown=\"actions.preloadImage\" data-wp-on--pointerenter=\"actions.preloadImageWithDelay\" data-wp-on--pointerleave=\"actions.cancelPreload\" data-wp-on-window--resize=\"callbacks.setButtonStyles\" src=\"https:\/\/loudavymkrokem.cz\/wp-content\/uploads\/2026\/08\/olomouc-s-detmi-zoopark-vyskov.jpg\" alt=\"Camello dromedario en el ZOO Park Vy\u0161kov\" class=\"wp-image-401131\" title=\"\" srcset=\"https:\/\/loudavymkrokem.cz\/wp-content\/uploads\/2026\/08\/olomouc-s-detmi-zoopark-vyskov.jpg 1800w, https:\/\/loudavymkrokem.cz\/wp-content\/uploads\/2026\/08\/olomouc-s-detmi-zoopark-vyskov-300x202.jpg 300w, https:\/\/loudavymkrokem.cz\/wp-content\/uploads\/2026\/08\/olomouc-s-detmi-zoopark-vyskov-700x470.jpg 700w, https:\/\/loudavymkrokem.cz\/wp-content\/uploads\/2026\/08\/olomouc-s-detmi-zoopark-vyskov-768x516.jpg 768w, https:\/\/loudavymkrokem.cz\/wp-content\/uploads\/2026\/08\/olomouc-s-detmi-zoopark-vyskov-1536x1032.jpg 1536w, https:\/\/loudavymkrokem.cz\/wp-content\/uploads\/2026\/08\/olomouc-s-detmi-zoopark-vyskov-696x467.jpg 696w, https:\/\/loudavymkrokem.cz\/wp-content\/uploads\/2026\/08\/olomouc-s-detmi-zoopark-vyskov-1392x935.jpg 1392w\" sizes=\"(max-width: 1800px) 100vw, 1800px\" \/><button\n\t\t\tclass=\"lightbox-trigger\"\n\t\t\ttype=\"button\"\n\t\t\taria-haspopup=\"dialog\"\n\t\t\tdata-wp-bind--aria-label=\"state.thisImage.triggerButtonAriaLabel\"\n\t\t\tdata-wp-init=\"callbacks.initTriggerButton\"\n\t\t\tdata-wp-on--click=\"actions.showLightbox\"\n\t\t\tdata-wp-style--right=\"state.thisImage.buttonRight\"\n\t\t\tdata-wp-style--top=\"state.thisImage.buttonTop\"\n\t\t>\n\t\t\t<svg xmlns=\"http:\/\/www.w3.org\/2000\/svg\" width=\"12\" height=\"12\" fill=\"none\" viewBox=\"0 0 12 12\">\n\t\t\t\t<path fill=\"#fff\" d=\"M2 0a2 2 0 0 0-2 2v2h1.5V2a.5.5 0 0 1 .5-.5h2V0H2Zm2 10.5H2a.5.5 0 0 1-.5-.5V8H0v2a2 2 0 0 0 2 2h2v-1.5ZM8 12v-1.5h2a.5.5 0 0 0 .5-.5V8H12v2a2 2 0 0 1-2 2H8Zm2-12a2 2 0 0 1 2 2v2h-1.5V2a.5.5 0 0 0-.5-.5H8V0h2Z\" \/>\n\t\t\t<\/svg>\n\t\t<\/button><figcaption class=\"wp-element-caption\">Con la misma entrada tienes tambi\u00e9n el ZOO Park Vy\u0161kov, con camellos y animales de granja<\/figcaption><\/figure>\n\n\n\n<figure data-wp-context=\"{&quot;imageId&quot;:&quot;6a952c61dec0b&quot;}\" data-wp-interactive=\"core\/image\" data-wp-key=\"6a952c61dec0b\" class=\"wp-block-image size-full wp-lightbox-container\"><img decoding=\"async\" width=\"1800\" height=\"1350\" data-wp-class--hide=\"state.isContentHidden\" data-wp-class--show=\"state.isContentVisible\" data-wp-init=\"callbacks.setButtonStyles\" data-wp-on--click=\"actions.showLightbox\" data-wp-on--load=\"callbacks.setButtonStyles\" data-wp-on--pointerdown=\"actions.preloadImage\" data-wp-on--pointerenter=\"actions.preloadImageWithDelay\" data-wp-on--pointerleave=\"actions.cancelPreload\" data-wp-on-window--resize=\"callbacks.setButtonStyles\" src=\"https:\/\/loudavymkrokem.cz\/wp-content\/uploads\/2026\/08\/olomouc-s-detmi-dinopark-vyskov.jpg\" alt=\"Modelo de dinosaurio en el DinoPark de Vy\u0161kov\" class=\"wp-image-401129\" title=\"\" srcset=\"https:\/\/loudavymkrokem.cz\/wp-content\/uploads\/2026\/08\/olomouc-s-detmi-dinopark-vyskov.jpg 1800w, https:\/\/loudavymkrokem.cz\/wp-content\/uploads\/2026\/08\/olomouc-s-detmi-dinopark-vyskov-300x225.jpg 300w, https:\/\/loudavymkrokem.cz\/wp-content\/uploads\/2026\/08\/olomouc-s-detmi-dinopark-vyskov-700x525.jpg 700w, https:\/\/loudavymkrokem.cz\/wp-content\/uploads\/2026\/08\/olomouc-s-detmi-dinopark-vyskov-768x576.jpg 768w, https:\/\/loudavymkrokem.cz\/wp-content\/uploads\/2026\/08\/olomouc-s-detmi-dinopark-vyskov-1536x1152.jpg 1536w, https:\/\/loudavymkrokem.cz\/wp-content\/uploads\/2026\/08\/olomouc-s-detmi-dinopark-vyskov-80x60.jpg 80w, https:\/\/loudavymkrokem.cz\/wp-content\/uploads\/2026\/08\/olomouc-s-detmi-dinopark-vyskov-160x120.jpg 160w, https:\/\/loudavymkrokem.cz\/wp-content\/uploads\/2026\/08\/olomouc-s-detmi-dinopark-vyskov-696x522.jpg 696w, https:\/\/loudavymkrokem.cz\/wp-content\/uploads\/2026\/08\/olomouc-s-detmi-dinopark-vyskov-1392x1044.jpg 1392w\" sizes=\"(max-width: 1800px) 100vw, 1800px\" \/><button\n\t\t\tclass=\"lightbox-trigger\"\n\t\t\ttype=\"button\"\n\t\t\taria-haspopup=\"dialog\"\n\t\t\tdata-wp-bind--aria-label=\"state.thisImage.triggerButtonAriaLabel\"\n\t\t\tdata-wp-init=\"callbacks.initTriggerButton\"\n\t\t\tdata-wp-on--click=\"actions.showLightbox\"\n\t\t\tdata-wp-style--right=\"state.thisImage.buttonRight\"\n\t\t\tdata-wp-style--top=\"state.thisImage.buttonTop\"\n\t\t>\n\t\t\t<svg xmlns=\"http:\/\/www.w3.org\/2000\/svg\" width=\"12\" height=\"12\" fill=\"none\" viewBox=\"0 0 12 12\">\n\t\t\t\t<path fill=\"#fff\" d=\"M2 0a2 2 0 0 0-2 2v2h1.5V2a.5.5 0 0 1 .5-.5h2V0H2Zm2 10.5H2a.5.5 0 0 1-.5-.5V8H0v2a2 2 0 0 0 2 2h2v-1.5ZM8 12v-1.5h2a.5.5 0 0 0 .5-.5V8H12v2a2 2 0 0 1-2 2H8Zm2-12a2 2 0 0 1 2 2v2h-1.5V2a.5.5 0 0 0-.5-.5H8V0h2Z\" \/>\n\t\t\t<\/svg>\n\t\t<\/button><figcaption class=\"wp-element-caption\">En el DinoPark de Vy\u0161kov hay m\u00e1s de cien dinosaurios, parte de ellos se mueven y rugen<\/figcaption><\/figure>\n\n\n\n<p class=\"wp-block-paragraph\">Esta excursi\u00f3n al <a href=\"https:\/\/www.dinopark.cz\/vyskov\" target=\"_blank\" rel=\"nofollow noopener\">DinoPark de Vy\u0161kov<\/a>, a unos 45 kil\u00f3metros de Olomouc (Cukrovarsk\u00e1 9, Vy\u0161kov), tengo que recomendarla con todas mis fuerzas, porque aqu\u00ed vinimos Luk\u00e1\u0161, Jon\u00e1\u0161 y yo en persona y fue un \u00e9xito total. \u00bfConoces esos momentos en que a un ni\u00f1o le brillan los ojos de asombro? Pues eso pas\u00f3 justo cuando descubrimos un enorme estegosaurio rob\u00f3tico caminando. En todo el recinto hay m\u00e1s de <strong>100 dinosaurios<\/strong>, parte est\u00e1ticos, pero muchos maravillosamente sonorizados y m\u00f3viles. Hay tambi\u00e9n un <strong>cine 4D<\/strong>, el DinoHurac\u00e1n de viento, un estupendo parque paleontol\u00f3gico para peque\u00f1os exploradores, una escena elaborada con un avi\u00f3n estrellado y \u00e1rboles de niebla que refrescan de maravilla en verano.<\/p>\n\n\n\n<p class=\"wp-block-paragraph\">Lo curioso es que la entrada sirve tambi\u00e9n para el vecino <strong>ZOO Park Vy\u0161kov<\/strong>, que es m\u00e1s peque\u00f1o y se centra sobre todo en animales de granja y de corral, aunque tambi\u00e9n hay camellos, monos curiosos o avestruces. Entre los dinosaurios y el zoo circula un trenecito especial llamado <strong>DinoExpres<\/strong>, que ya de por s\u00ed es una atracci\u00f3n para los ni\u00f1os. A la gente le encantan ambos recintos: el DinoPark tiene una valoraci\u00f3n de <strong>4,5 con casi 7 mil rese\u00f1as<\/strong> y el ZOO Park incluso <strong>4,5 con m\u00e1s de 7.700 valoraciones<\/strong>. \ud83d\udca1 Desde el punto de vista pr\u00e1ctico, confirmo algo que las rese\u00f1as suelen advertir: la oferta gastron\u00f3mica dentro del recinto es bastante floja y en algunos puntos del ZOO Park no se puede pagar con tarjeta. As\u00ed que mete en la mochila una buena merienda propia y no olvides llevar efectivo, para que no te pille por sorpresa el antojo de un helado.<\/p>\n\n\n\n<h3 class=\"wp-block-heading\"><span class=\"ez-toc-section\" id=\"29_Castillo_de_Bouzov\"><\/span>29. Castillo de Bouzov<span class=\"ez-toc-section-end\"><\/span><\/h3>\n\n\n\n<figure data-wp-context=\"{&quot;imageId&quot;:&quot;6a952c61df253&quot;}\" data-wp-interactive=\"core\/image\" data-wp-key=\"6a952c61df253\" class=\"wp-block-image size-full wp-lightbox-container\"><img decoding=\"async\" width=\"1800\" height=\"1056\" data-wp-class--hide=\"state.isContentHidden\" data-wp-class--show=\"state.isContentVisible\" data-wp-init=\"callbacks.setButtonStyles\" data-wp-on--click=\"actions.showLightbox\" data-wp-on--load=\"callbacks.setButtonStyles\" data-wp-on--pointerdown=\"actions.preloadImage\" data-wp-on--pointerenter=\"actions.preloadImageWithDelay\" data-wp-on--pointerleave=\"actions.cancelPreload\" data-wp-on-window--resize=\"callbacks.setButtonStyles\" src=\"https:\/\/loudavymkrokem.cz\/wp-content\/uploads\/2026\/08\/olomouc-s-detmi-hrad-bouzov.jpg\" alt=\"Castillo de cuento de Bouzov sobre el paisaje cerca de Olomouc\" class=\"wp-image-401093\" title=\"\" srcset=\"https:\/\/loudavymkrokem.cz\/wp-content\/uploads\/2026\/08\/olomouc-s-detmi-hrad-bouzov.jpg 1800w, https:\/\/loudavymkrokem.cz\/wp-content\/uploads\/2026\/08\/olomouc-s-detmi-hrad-bouzov-300x176.jpg 300w, https:\/\/loudavymkrokem.cz\/wp-content\/uploads\/2026\/08\/olomouc-s-detmi-hrad-bouzov-700x411.jpg 700w, https:\/\/loudavymkrokem.cz\/wp-content\/uploads\/2026\/08\/olomouc-s-detmi-hrad-bouzov-768x451.jpg 768w, https:\/\/loudavymkrokem.cz\/wp-content\/uploads\/2026\/08\/olomouc-s-detmi-hrad-bouzov-1536x901.jpg 1536w, https:\/\/loudavymkrokem.cz\/wp-content\/uploads\/2026\/08\/olomouc-s-detmi-hrad-bouzov-696x408.jpg 696w, https:\/\/loudavymkrokem.cz\/wp-content\/uploads\/2026\/08\/olomouc-s-detmi-hrad-bouzov-1392x817.jpg 1392w\" sizes=\"(max-width: 1800px) 100vw, 1800px\" \/><button\n\t\t\tclass=\"lightbox-trigger\"\n\t\t\ttype=\"button\"\n\t\t\taria-haspopup=\"dialog\"\n\t\t\tdata-wp-bind--aria-label=\"state.thisImage.triggerButtonAriaLabel\"\n\t\t\tdata-wp-init=\"callbacks.initTriggerButton\"\n\t\t\tdata-wp-on--click=\"actions.showLightbox\"\n\t\t\tdata-wp-style--right=\"state.thisImage.buttonRight\"\n\t\t\tdata-wp-style--top=\"state.thisImage.buttonTop\"\n\t\t>\n\t\t\t<svg xmlns=\"http:\/\/www.w3.org\/2000\/svg\" width=\"12\" height=\"12\" fill=\"none\" viewBox=\"0 0 12 12\">\n\t\t\t\t<path fill=\"#fff\" d=\"M2 0a2 2 0 0 0-2 2v2h1.5V2a.5.5 0 0 1 .5-.5h2V0H2Zm2 10.5H2a.5.5 0 0 1-.5-.5V8H0v2a2 2 0 0 0 2 2h2v-1.5ZM8 12v-1.5h2a.5.5 0 0 0 .5-.5V8H12v2a2 2 0 0 1-2 2H8Zm2-12a2 2 0 0 1 2 2v2h-1.5V2a.5.5 0 0 0-.5-.5H8V0h2Z\" \/>\n\t\t\t<\/svg>\n\t\t<\/button><figcaption class=\"wp-element-caption\">Bouzov parece de cuento. De hecho, aqu\u00ed se han rodado muchos.<\/figcaption><\/figure>\n\n\n\n<p class=\"wp-block-paragraph\">A unos 30 kil\u00f3metros de Olomouc se alza un castillo que parece recortado directamente de un libro ilustrado. No es de extra\u00f1ar que en el cuent\u00edsimo Bouzov se hayan rodado un mont\u00f3n de pel\u00edculas de cuento checas. A los visitantes les encanta y le han dado una puntuaci\u00f3n incre\u00edble de <strong>4,8 con casi 12.000 rese\u00f1as<\/strong>.<\/p>\n\n\n\n<p class=\"wp-block-paragraph\">Con ni\u00f1os peque\u00f1os, a los que la larga explicaci\u00f3n del gu\u00eda aburrir\u00eda, hay una buena noticia: al primer patio del castillo se puede acceder libremente incluso sin comprar entrada. As\u00ed puedes ver el castillo, empaparte de esa m\u00e1gica atm\u00f3sfera de caballeros, hacerte una foto junto al puente levadizo y seguir tranquilamente tu camino.<\/p>\n\n\n\n<h3 class=\"wp-block-heading\"><span class=\"ez-toc-section\" id=\"30_Cuevas_de_Mladec\"><\/span>30. Cuevas de Mlade\u010d<span class=\"ez-toc-section-end\"><\/span><\/h3>\n\n\n\n<figure data-wp-context=\"{&quot;imageId&quot;:&quot;6a952c61df93d&quot;}\" data-wp-interactive=\"core\/image\" data-wp-key=\"6a952c61df93d\" class=\"wp-block-image size-full wp-lightbox-container\"><img decoding=\"async\" width=\"1350\" height=\"1800\" data-wp-class--hide=\"state.isContentHidden\" data-wp-class--show=\"state.isContentVisible\" data-wp-init=\"callbacks.setButtonStyles\" data-wp-on--click=\"actions.showLightbox\" data-wp-on--load=\"callbacks.setButtonStyles\" data-wp-on--pointerdown=\"actions.preloadImage\" data-wp-on--pointerenter=\"actions.preloadImageWithDelay\" data-wp-on--pointerleave=\"actions.cancelPreload\" data-wp-on-window--resize=\"callbacks.setButtonStyles\" src=\"https:\/\/loudavymkrokem.cz\/wp-content\/uploads\/2026\/08\/olomouc-s-detmi-mladecske-jeskyne.jpg\" alt=\"Estalactita iluminada en las cuevas de Mlade\u010d\" class=\"wp-image-401100\" title=\"\" srcset=\"https:\/\/loudavymkrokem.cz\/wp-content\/uploads\/2026\/08\/olomouc-s-detmi-mladecske-jeskyne.jpg 1350w, https:\/\/loudavymkrokem.cz\/wp-content\/uploads\/2026\/08\/olomouc-s-detmi-mladecske-jeskyne-225x300.jpg 225w, https:\/\/loudavymkrokem.cz\/wp-content\/uploads\/2026\/08\/olomouc-s-detmi-mladecske-jeskyne-700x933.jpg 700w, https:\/\/loudavymkrokem.cz\/wp-content\/uploads\/2026\/08\/olomouc-s-detmi-mladecske-jeskyne-768x1024.jpg 768w, https:\/\/loudavymkrokem.cz\/wp-content\/uploads\/2026\/08\/olomouc-s-detmi-mladecske-jeskyne-1152x1536.jpg 1152w, https:\/\/loudavymkrokem.cz\/wp-content\/uploads\/2026\/08\/olomouc-s-detmi-mladecske-jeskyne-696x928.jpg 696w\" sizes=\"(max-width: 1350px) 100vw, 1350px\" \/><button\n\t\t\tclass=\"lightbox-trigger\"\n\t\t\ttype=\"button\"\n\t\t\taria-haspopup=\"dialog\"\n\t\t\tdata-wp-bind--aria-label=\"state.thisImage.triggerButtonAriaLabel\"\n\t\t\tdata-wp-init=\"callbacks.initTriggerButton\"\n\t\t\tdata-wp-on--click=\"actions.showLightbox\"\n\t\t\tdata-wp-style--right=\"state.thisImage.buttonRight\"\n\t\t\tdata-wp-style--top=\"state.thisImage.buttonTop\"\n\t\t>\n\t\t\t<svg xmlns=\"http:\/\/www.w3.org\/2000\/svg\" width=\"12\" height=\"12\" fill=\"none\" viewBox=\"0 0 12 12\">\n\t\t\t\t<path fill=\"#fff\" d=\"M2 0a2 2 0 0 0-2 2v2h1.5V2a.5.5 0 0 1 .5-.5h2V0H2Zm2 10.5H2a.5.5 0 0 1-.5-.5V8H0v2a2 2 0 0 0 2 2h2v-1.5ZM8 12v-1.5h2a.5.5 0 0 0 .5-.5V8H12v2a2 2 0 0 1-2 2H8Zm2-12a2 2 0 0 1 2 2v2h-1.5V2a.5.5 0 0 0-.5-.5H8V0h2Z\" \/>\n\t\t\t<\/svg>\n\t\t<\/button><figcaption class=\"wp-element-caption\">La visita a las cuevas de Mlade\u010d dura menos de una hora y la hacen incluso los ni\u00f1os peque\u00f1os<\/figcaption><\/figure>\n\n\n\n<p class=\"wp-block-paragraph\">Si buscas una aventura subterr\u00e1nea m\u00e1s corta, a unos 25 kil\u00f3metros, en el pueblo de Mlade\u010d, hay unas preciosas cuevas c\u00e1rsticas con valoraci\u00f3n de <strong>4,7<\/strong>. Son conocidas, entre otras cosas, por los hallazgos arqueol\u00f3gicos de huesos de humanos prehist\u00f3ricos.<\/p>\n\n\n\n<p class=\"wp-block-paragraph\">\u00bfPor qu\u00e9 son estupendas para las familias? La propia ruta de visita dura menos de una hora, no es f\u00edsicamente muy exigente y, seg\u00fan la experiencia de muchos visitantes, es <strong>muy adecuada tambi\u00e9n para ni\u00f1os peque\u00f1os<\/strong>, que no tolerar\u00edan bien una estancia m\u00e1s larga en el fr\u00edo subsuelo.<\/p>\n\n\n\n<h3 class=\"wp-block-heading\"><span class=\"ez-toc-section\" id=\"31_Cuevas_de_Javoricko\"><\/span>31. Cuevas de Javo\u0159\u00ed\u010dko<span class=\"ez-toc-section-end\"><\/span><\/h3>\n\n\n\n<figure data-wp-context=\"{&quot;imageId&quot;:&quot;6a952c61e00e9&quot;}\" data-wp-interactive=\"core\/image\" data-wp-key=\"6a952c61e00e9\" class=\"wp-block-image size-full wp-lightbox-container\"><img decoding=\"async\" width=\"1350\" height=\"1800\" data-wp-class--hide=\"state.isContentHidden\" data-wp-class--show=\"state.isContentVisible\" data-wp-init=\"callbacks.setButtonStyles\" data-wp-on--click=\"actions.showLightbox\" data-wp-on--load=\"callbacks.setButtonStyles\" data-wp-on--pointerdown=\"actions.preloadImage\" data-wp-on--pointerenter=\"actions.preloadImageWithDelay\" data-wp-on--pointerleave=\"actions.cancelPreload\" data-wp-on-window--resize=\"callbacks.setButtonStyles\" src=\"https:\/\/loudavymkrokem.cz\/wp-content\/uploads\/2026\/08\/olomouc-s-detmi-javoricske-jeskyne.jpg\" alt=\"Decoraci\u00f3n de estalactitas en las cuevas de Javo\u0159\u00ed\u010dko\" class=\"wp-image-401096\" title=\"\" srcset=\"https:\/\/loudavymkrokem.cz\/wp-content\/uploads\/2026\/08\/olomouc-s-detmi-javoricske-jeskyne.jpg 1350w, https:\/\/loudavymkrokem.cz\/wp-content\/uploads\/2026\/08\/olomouc-s-detmi-javoricske-jeskyne-225x300.jpg 225w, https:\/\/loudavymkrokem.cz\/wp-content\/uploads\/2026\/08\/olomouc-s-detmi-javoricske-jeskyne-700x933.jpg 700w, https:\/\/loudavymkrokem.cz\/wp-content\/uploads\/2026\/08\/olomouc-s-detmi-javoricske-jeskyne-768x1024.jpg 768w, https:\/\/loudavymkrokem.cz\/wp-content\/uploads\/2026\/08\/olomouc-s-detmi-javoricske-jeskyne-1152x1536.jpg 1152w, https:\/\/loudavymkrokem.cz\/wp-content\/uploads\/2026\/08\/olomouc-s-detmi-javoricske-jeskyne-696x928.jpg 696w\" sizes=\"(max-width: 1350px) 100vw, 1350px\" \/><button\n\t\t\tclass=\"lightbox-trigger\"\n\t\t\ttype=\"button\"\n\t\t\taria-haspopup=\"dialog\"\n\t\t\tdata-wp-bind--aria-label=\"state.thisImage.triggerButtonAriaLabel\"\n\t\t\tdata-wp-init=\"callbacks.initTriggerButton\"\n\t\t\tdata-wp-on--click=\"actions.showLightbox\"\n\t\t\tdata-wp-style--right=\"state.thisImage.buttonRight\"\n\t\t\tdata-wp-style--top=\"state.thisImage.buttonTop\"\n\t\t>\n\t\t\t<svg xmlns=\"http:\/\/www.w3.org\/2000\/svg\" width=\"12\" height=\"12\" fill=\"none\" viewBox=\"0 0 12 12\">\n\t\t\t\t<path fill=\"#fff\" d=\"M2 0a2 2 0 0 0-2 2v2h1.5V2a.5.5 0 0 1 .5-.5h2V0H2Zm2 10.5H2a.5.5 0 0 1-.5-.5V8H0v2a2 2 0 0 0 2 2h2v-1.5ZM8 12v-1.5h2a.5.5 0 0 0 .5-.5V8H12v2a2 2 0 0 1-2 2H8Zm2-12a2 2 0 0 1 2 2v2h-1.5V2a.5.5 0 0 0-.5-.5H8V0h2Z\" \/>\n\t\t\t<\/svg>\n\t\t<\/button><figcaption class=\"wp-element-caption\">Las cuevas de Javo\u0159\u00ed\u010dko tienen una preciosa decoraci\u00f3n de estalactitas, pero tambi\u00e9n 250 escalones<\/figcaption><\/figure>\n\n\n\n<p class=\"wp-block-paragraph\">Un poco m\u00e1s lejos, a unos 35 kil\u00f3metros de la ciudad, se esconde otra joya subterr\u00e1nea a\u00fan mayor: las cuevas de Javo\u0159\u00ed\u010dko, con una impresionante decoraci\u00f3n de estalactitas (estupenda valoraci\u00f3n de <strong>4,8 con casi 3 mil rese\u00f1as<\/strong>). La visita a este lugar es una experiencia enorme, pero aviso con sinceridad de que es una excursi\u00f3n m\u00e1s adecuada para ni\u00f1os mayores y con buena forma f\u00edsica.<\/p>\n\n\n\n<p class=\"wp-block-paragraph\">Si haces la ruta completa de casi 800 metros, pasar\u00e1s en la cueva m\u00e1s de una hora, a veces tendr\u00e1s que estrecharte por pasillos bastante angostos y, sobre todo, deber\u00e1s subir durante la visita unos <strong>250 escalones<\/strong>. Con un beb\u00e9 en brazos ser\u00eda un aut\u00e9ntico calvario.<\/p>\n\n\n\n<h3 class=\"wp-block-heading\"><span class=\"ez-toc-section\" id=\"32_Museo_del_queso_tvaruzky_de_Olomouc_en_Lostice\"><\/span>32. Museo del queso tvar\u016f\u017eky de Olomouc en Lo\u0161tice<span class=\"ez-toc-section-end\"><\/span><\/h3>\n\n\n\n<figure data-wp-context=\"{&quot;imageId&quot;:&quot;6a952c61e0706&quot;}\" data-wp-interactive=\"core\/image\" data-wp-key=\"6a952c61e0706\" class=\"wp-block-image size-full wp-lightbox-container\"><img decoding=\"async\" width=\"1800\" height=\"1246\" data-wp-class--hide=\"state.isContentHidden\" data-wp-class--show=\"state.isContentVisible\" data-wp-init=\"callbacks.setButtonStyles\" data-wp-on--click=\"actions.showLightbox\" data-wp-on--load=\"callbacks.setButtonStyles\" data-wp-on--pointerdown=\"actions.preloadImage\" data-wp-on--pointerenter=\"actions.preloadImageWithDelay\" data-wp-on--pointerleave=\"actions.cancelPreload\" data-wp-on-window--resize=\"callbacks.setButtonStyles\" src=\"https:\/\/loudavymkrokem.cz\/wp-content\/uploads\/2026\/08\/olomouc-s-detmi-muzeum-tvaruzku.jpg\" alt=\"Exposici\u00f3n en el Museo del queso tvar\u016f\u017eky de Olomouc en Lo\u0161tice\" class=\"wp-image-401116\" title=\"\" srcset=\"https:\/\/loudavymkrokem.cz\/wp-content\/uploads\/2026\/08\/olomouc-s-detmi-muzeum-tvaruzku.jpg 1800w, https:\/\/loudavymkrokem.cz\/wp-content\/uploads\/2026\/08\/olomouc-s-detmi-muzeum-tvaruzku-300x208.jpg 300w, https:\/\/loudavymkrokem.cz\/wp-content\/uploads\/2026\/08\/olomouc-s-detmi-muzeum-tvaruzku-700x485.jpg 700w, https:\/\/loudavymkrokem.cz\/wp-content\/uploads\/2026\/08\/olomouc-s-detmi-muzeum-tvaruzku-768x532.jpg 768w, https:\/\/loudavymkrokem.cz\/wp-content\/uploads\/2026\/08\/olomouc-s-detmi-muzeum-tvaruzku-1536x1063.jpg 1536w, https:\/\/loudavymkrokem.cz\/wp-content\/uploads\/2026\/08\/olomouc-s-detmi-muzeum-tvaruzku-696x482.jpg 696w, https:\/\/loudavymkrokem.cz\/wp-content\/uploads\/2026\/08\/olomouc-s-detmi-muzeum-tvaruzku-1392x964.jpg 1392w\" sizes=\"(max-width: 1800px) 100vw, 1800px\" \/><button\n\t\t\tclass=\"lightbox-trigger\"\n\t\t\ttype=\"button\"\n\t\t\taria-haspopup=\"dialog\"\n\t\t\tdata-wp-bind--aria-label=\"state.thisImage.triggerButtonAriaLabel\"\n\t\t\tdata-wp-init=\"callbacks.initTriggerButton\"\n\t\t\tdata-wp-on--click=\"actions.showLightbox\"\n\t\t\tdata-wp-style--right=\"state.thisImage.buttonRight\"\n\t\t\tdata-wp-style--top=\"state.thisImage.buttonTop\"\n\t\t>\n\t\t\t<svg xmlns=\"http:\/\/www.w3.org\/2000\/svg\" width=\"12\" height=\"12\" fill=\"none\" viewBox=\"0 0 12 12\">\n\t\t\t\t<path fill=\"#fff\" d=\"M2 0a2 2 0 0 0-2 2v2h1.5V2a.5.5 0 0 1 .5-.5h2V0H2Zm2 10.5H2a.5.5 0 0 1-.5-.5V8H0v2a2 2 0 0 0 2 2h2v-1.5ZM8 12v-1.5h2a.5.5 0 0 0 .5-.5V8H12v2a2 2 0 0 1-2 2H8Zm2-12a2 2 0 0 1 2 2v2h-1.5V2a.5.5 0 0 0-.5-.5H8V0h2Z\" \/>\n\t\t\t<\/svg>\n\t\t<\/button><figcaption class=\"wp-element-caption\">En Lo\u0161tice ver\u00e1s c\u00f3mo se elabora el tvar\u016f\u017eky desde hace m\u00e1s de 400 a\u00f1os<\/figcaption><\/figure>\n\n\n\n<p class=\"wp-block-paragraph\">El queso tvar\u016f\u017eky forma parte de esta regi\u00f3n y, si quieres ver c\u00f3mo se elabora este tesoro oloroso (y para algunos m\u00e1s bien apestoso), ac\u00e9rcate unos 35 kil\u00f3metros a Lo\u0161tice, a la calle Palack\u00e9ho 56. El museo local (valoraci\u00f3n <strong>4,8<\/strong>) est\u00e1 dedicado al \u00fanico queso originario checo, que aqu\u00ed se produce sin interrupci\u00f3n desde hace nada menos que 400 a\u00f1os.<\/p>\n\n\n\n<p class=\"wp-block-paragraph\">Aunque suene a aburrimiento para adultos, a los ni\u00f1os esta visita suele encantarles, sobre todo por ese olor tan caracter\u00edstico y omnipresente de la maduraci\u00f3n, con el que pueden picarse y re\u00edrse entre ellos. \ud83d\ude05 El queso es, por supuesto, totalmente apto para vegetarianos en cuanto a ingredientes, as\u00ed que despu\u00e9s de la visita puedes comprarlo para casa sin remordimientos.<\/p>\n\n\n\n<h3 class=\"wp-block-heading\"><span class=\"ez-toc-section\" id=\"33_Museo_infantil_de_Praded_en_Bludov\"><\/span>33. Museo infantil de Prad\u011bd en Bludov<span class=\"ez-toc-section-end\"><\/span><\/h3>\n\n\n\n<figure data-wp-context=\"{&quot;imageId&quot;:&quot;6a952c61e0ceb&quot;}\" data-wp-interactive=\"core\/image\" data-wp-key=\"6a952c61e0ceb\" class=\"wp-block-image size-full wp-lightbox-container\"><img decoding=\"async\" width=\"800\" height=\"533\" data-wp-class--hide=\"state.isContentHidden\" data-wp-class--show=\"state.isContentVisible\" data-wp-init=\"callbacks.setButtonStyles\" data-wp-on--click=\"actions.showLightbox\" data-wp-on--load=\"callbacks.setButtonStyles\" data-wp-on--pointerdown=\"actions.preloadImage\" data-wp-on--pointerenter=\"actions.preloadImageWithDelay\" data-wp-on--pointerleave=\"actions.cancelPreload\" data-wp-on-window--resize=\"callbacks.setButtonStyles\" src=\"https:\/\/loudavymkrokem.cz\/wp-content\/uploads\/2026\/08\/olomouc-s-detmi-pradedovo-muzeum.jpg\" alt=\"Casita de madera en el museo infantil de Prad\u011bd en Bludov\" class=\"wp-image-403605\" title=\"\" srcset=\"https:\/\/loudavymkrokem.cz\/wp-content\/uploads\/2026\/08\/olomouc-s-detmi-pradedovo-muzeum.jpg 800w, https:\/\/loudavymkrokem.cz\/wp-content\/uploads\/2026\/08\/olomouc-s-detmi-pradedovo-muzeum-300x200.jpg 300w, https:\/\/loudavymkrokem.cz\/wp-content\/uploads\/2026\/08\/olomouc-s-detmi-pradedovo-muzeum-700x466.jpg 700w, https:\/\/loudavymkrokem.cz\/wp-content\/uploads\/2026\/08\/olomouc-s-detmi-pradedovo-muzeum-768x512.jpg 768w, https:\/\/loudavymkrokem.cz\/wp-content\/uploads\/2026\/08\/olomouc-s-detmi-pradedovo-muzeum-696x464.jpg 696w\" sizes=\"(max-width: 800px) 100vw, 800px\" \/><button\n\t\t\tclass=\"lightbox-trigger\"\n\t\t\ttype=\"button\"\n\t\t\taria-haspopup=\"dialog\"\n\t\t\tdata-wp-bind--aria-label=\"state.thisImage.triggerButtonAriaLabel\"\n\t\t\tdata-wp-init=\"callbacks.initTriggerButton\"\n\t\t\tdata-wp-on--click=\"actions.showLightbox\"\n\t\t\tdata-wp-style--right=\"state.thisImage.buttonRight\"\n\t\t\tdata-wp-style--top=\"state.thisImage.buttonTop\"\n\t\t>\n\t\t\t<svg xmlns=\"http:\/\/www.w3.org\/2000\/svg\" width=\"12\" height=\"12\" fill=\"none\" viewBox=\"0 0 12 12\">\n\t\t\t\t<path fill=\"#fff\" d=\"M2 0a2 2 0 0 0-2 2v2h1.5V2a.5.5 0 0 1 .5-.5h2V0H2Zm2 10.5H2a.5.5 0 0 1-.5-.5V8H0v2a2 2 0 0 0 2 2h2v-1.5ZM8 12v-1.5h2a.5.5 0 0 0 .5-.5V8H12v2a2 2 0 0 1-2 2H8Zm2-12a2 2 0 0 1 2 2v2h-1.5V2a.5.5 0 0 0-.5-.5H8V0h2Z\" \/>\n\t\t\t<\/svg>\n\t\t<\/button><figcaption class=\"wp-element-caption\">El museo de Prad\u011bd est\u00e1 pensado para que los ni\u00f1os puedan jugar con todo | Foto: Prad\u011bdovo d\u011btsk\u00e9 muzeum<\/figcaption><\/figure>\n\n\n\n<p class=\"wp-block-paragraph\">Si haces una excursi\u00f3n algo m\u00e1s larga, de unos 45 kil\u00f3metros hacia el norte, hasta Bludov, dar\u00e1s con un para\u00edso creado exclusivamente para los m\u00e1s peque\u00f1os. El museo infantil de Prad\u011bd mantiene una estupenda valoraci\u00f3n de <strong>4,7 con casi mil rese\u00f1as<\/strong> y es un lugar donde de verdad han pensado en cada capricho infantil.<\/p>\n\n\n\n<p class=\"wp-block-paragraph\">Tanto la exposici\u00f3n como el recinto exterior adyacente est\u00e1n construidos para que los ni\u00f1os puedan jugar con todo, descubrir la naturaleza de los Jesen\u00edky de forma l\u00fadica, correr y disfrutar de libertad sin que se les est\u00e9 rega\u00f1ando constantemente por tocar las cosas del museo.<\/p>\n\n\n\n<h3 class=\"wp-block-heading\"><span class=\"ez-toc-section\" id=\"34_Fort_Radikov\"><\/span>34. Fort Rad\u00edkov<span class=\"ez-toc-section-end\"><\/span><\/h3>\n\n\n\n<figure data-wp-context=\"{&quot;imageId&quot;:&quot;6a952c61e1313&quot;}\" data-wp-interactive=\"core\/image\" data-wp-key=\"6a952c61e1313\" class=\"wp-block-image size-full wp-lightbox-container\"><img decoding=\"async\" width=\"1800\" height=\"1350\" data-wp-class--hide=\"state.isContentHidden\" data-wp-class--show=\"state.isContentVisible\" data-wp-init=\"callbacks.setButtonStyles\" data-wp-on--click=\"actions.showLightbox\" data-wp-on--load=\"callbacks.setButtonStyles\" data-wp-on--pointerdown=\"actions.preloadImage\" data-wp-on--pointerenter=\"actions.preloadImageWithDelay\" data-wp-on--pointerleave=\"actions.cancelPreload\" data-wp-on-window--resize=\"callbacks.setButtonStyles\" src=\"https:\/\/loudavymkrokem.cz\/wp-content\/uploads\/2026\/08\/olomouc-s-detmi-fort-radikov.jpg\" alt=\"Entrada al Fort Rad\u00edkov en las afueras de Olomouc\" class=\"wp-image-401112\" title=\"\" srcset=\"https:\/\/loudavymkrokem.cz\/wp-content\/uploads\/2026\/08\/olomouc-s-detmi-fort-radikov.jpg 1800w, https:\/\/loudavymkrokem.cz\/wp-content\/uploads\/2026\/08\/olomouc-s-detmi-fort-radikov-300x225.jpg 300w, https:\/\/loudavymkrokem.cz\/wp-content\/uploads\/2026\/08\/olomouc-s-detmi-fort-radikov-700x525.jpg 700w, https:\/\/loudavymkrokem.cz\/wp-content\/uploads\/2026\/08\/olomouc-s-detmi-fort-radikov-768x576.jpg 768w, https:\/\/loudavymkrokem.cz\/wp-content\/uploads\/2026\/08\/olomouc-s-detmi-fort-radikov-1536x1152.jpg 1536w, https:\/\/loudavymkrokem.cz\/wp-content\/uploads\/2026\/08\/olomouc-s-detmi-fort-radikov-80x60.jpg 80w, https:\/\/loudavymkrokem.cz\/wp-content\/uploads\/2026\/08\/olomouc-s-detmi-fort-radikov-160x120.jpg 160w, https:\/\/loudavymkrokem.cz\/wp-content\/uploads\/2026\/08\/olomouc-s-detmi-fort-radikov-696x522.jpg 696w, https:\/\/loudavymkrokem.cz\/wp-content\/uploads\/2026\/08\/olomouc-s-detmi-fort-radikov-1392x1044.jpg 1392w\" sizes=\"(max-width: 1800px) 100vw, 1800px\" \/><button\n\t\t\tclass=\"lightbox-trigger\"\n\t\t\ttype=\"button\"\n\t\t\taria-haspopup=\"dialog\"\n\t\t\tdata-wp-bind--aria-label=\"state.thisImage.triggerButtonAriaLabel\"\n\t\t\tdata-wp-init=\"callbacks.initTriggerButton\"\n\t\t\tdata-wp-on--click=\"actions.showLightbox\"\n\t\t\tdata-wp-style--right=\"state.thisImage.buttonRight\"\n\t\t\tdata-wp-style--top=\"state.thisImage.buttonTop\"\n\t\t>\n\t\t\t<svg xmlns=\"http:\/\/www.w3.org\/2000\/svg\" width=\"12\" height=\"12\" fill=\"none\" viewBox=\"0 0 12 12\">\n\t\t\t\t<path fill=\"#fff\" d=\"M2 0a2 2 0 0 0-2 2v2h1.5V2a.5.5 0 0 1 .5-.5h2V0H2Zm2 10.5H2a.5.5 0 0 1-.5-.5V8H0v2a2 2 0 0 0 2 2h2v-1.5ZM8 12v-1.5h2a.5.5 0 0 0 .5-.5V8H12v2a2 2 0 0 1-2 2H8Zm2-12a2 2 0 0 1 2 2v2h-1.5V2a.5.5 0 0 0-.5-.5H8V0h2Z\" \/>\n\t\t\t<\/svg>\n\t\t<\/button><figcaption class=\"wp-element-caption\">Fort Rad\u00edkov, en las afueras de la ciudad, rodeado de un bonito paseo por el bosque<\/figcaption><\/figure>\n\n\n\n<p class=\"wp-block-paragraph\">Y el \u00faltimo consejo te devuelve a las mismas afueras de Olomouc. Si te llam\u00f3 la atenci\u00f3n la Fortaleza de la Corona del centro, ac\u00e9rcate tambi\u00e9n a ver el Fort Rad\u00edkov (valoraci\u00f3n 4,3), otra de las fortificaciones conservadas que anta\u00f1o formaban un ingenioso anillo defensivo alrededor de la ciudad.<\/p>\n\n\n\n<p class=\"wp-block-paragraph\">Adem\u00e1s de la interesante construcci\u00f3n militar en s\u00ed, aqu\u00ed el gran atractivo es la bonita naturaleza. Alrededor de la fortificaci\u00f3n discurre un paseo por el bosque muy agradable y poco exigente, donde puedes recoger pi\u00f1as, construir una casita para duendes y disfrutar de un momento de calma lejos del bullicio de la ciudad.<\/p>\n\n\n\n<h2 class=\"wp-block-heading\"><span class=\"ez-toc-section\" id=\"Donde_comer_con_ninos\"><\/span>D\u00f3nde comer con ni\u00f1os<span class=\"ez-toc-section-end\"><\/span><\/h2>\n\n\n\n<p class=\"wp-block-paragraph\">Como vegetarianos con un beb\u00e9, tenemos exigencias bastante espec\u00edficas con los restaurantes, y en Olomouc no tuvimos el menor problema. Como familia que no come carne, tengo para ti ideas de sitios que los comensales locales, y en especial los vegetarianos, ponen por las nubes en las rese\u00f1as. Y con la pizza, con ni\u00f1os, no fallas nunca.<\/p>\n\n\n\n<ul class=\"wp-block-list\">\n\n<li><strong>Koza z\u016fstala cel\u00e1<\/strong> (Ml\u00fdnsk\u00e1 952): un restaurante vegetariano absolutamente fant\u00e1stico y famoso, que mantiene una valoraci\u00f3n de primera de <strong>4,8 con 517 rese\u00f1as<\/strong>. Los comensales elogian la enorme creatividad de sus platos y, en verano, adem\u00e1s puedes sentarte en una terraza preciosa y tranquila donde los ni\u00f1os no molestar\u00e1n a nadie.<\/li>\n\n\n\n<li><strong>Bistro ROZMAR\u00ddNY<\/strong> (Masarykova t\u0159. 61): otro local puramente vegetariano (valoraci\u00f3n <strong>4,8 de 184<\/strong>) que funciona como bistr\u00f3. Es la opci\u00f3n ideal cuando necesitas meterles a los ni\u00f1os una comida r\u00e1pida pero equilibrada y sana, llena de verduras y legumbres.<\/li>\n\n\n\n<li><strong>GREEN BAR<\/strong> (Ztracen\u00e1 3): si te entra el hambre a media ma\u00f1ana paseando por el centro, te salva este sitio (valoraci\u00f3n 4,6 de 379). Abren ya a las 10 y ofrecen comida vegetariana buen\u00edsima y sobre todo r\u00e1pida en formato buf\u00e9, as\u00ed que ves exactamente lo que te pones en el plato.<\/li>\n\n\n\n<li><strong>Kathmandu<\/strong> (Doln\u00ed n\u00e1m. 25): \u00bfte gusta algo de exotismo? Este restaurante nepal\u00ed es un enorme \u00e9xito en Olomouc (fant\u00e1sticos <strong>4,7 de 1.789 valoraciones<\/strong>). Los padres mencionan muy a menudo al personal, sumamente amable, que con gusto y paciencia te aconseja las mejores opciones vegetarianas para que no piquen y les gusten tambi\u00e9n a los peque\u00f1os comensales.<\/li>\n\n\n\n<li><strong>Pizza Hradlo<\/strong> (Mr\u0161t\u00edkovo n\u00e1m. 6): la valoraci\u00f3n de 4,7 con m\u00e1s de mil rese\u00f1as lo dice todo. Con ni\u00f1os, la pizza es siempre una apuesta segura, y si ped\u00eds una cl\u00e1sica margarita, disfrutan todos.<\/li>\n\n\n\n<li><strong>Buon Gusto<\/strong> (Velkomoravsk\u00e1 8) y <strong>La Scala<\/strong> (Masarykova t\u0159. 15): otras dos pizzer\u00edas estupendas con excelentes valoraciones (4,9 y 4,7). Ofrecen un mont\u00f3n de buenas pastas y pizzas sin carne que huelen a aut\u00e9ntica Italia.<\/li>\n\n\n\n<li><strong>Zmrzlin\u00e1rium Caf\u00e9 Centro<\/strong> (Na St\u0159elnici 37): ninguna excursi\u00f3n familiar se libra del toque dulce final. Este sitio tiene una valoraci\u00f3n de 4,7 con casi 1.700 valoraciones y, seg\u00fan los locales, hacen los mejores postres y helados de la zona.<\/li>\n\n\n\n<li><strong>Tvar\u016f\u017eky de Olomouc<\/strong>: para terminar no puedo olvidarme del orgullo local. El \u00fanico queso originario checo con denominaci\u00f3n protegida de la UE es, por supuesto, sin carne, as\u00ed que lo puedes probar tranquilamente. En pleno centro hay una tienda especializada. Si en fr\u00edo te resultara demasiado arom\u00e1tico, prueba a tomarlo en alg\u00fan mes\u00f3n frito o fundido en una sopa de ajo caliente; dicen que saben bastante m\u00e1s suaves as\u00ed.<\/li>\n\n\n<\/ul>\n\n\n\n<h2 class=\"wp-block-heading\"><span class=\"ez-toc-section\" id=\"Informacion_practica\"><\/span>Informaci\u00f3n pr\u00e1ctica<span class=\"ez-toc-section-end\"><\/span><\/h2>\n\n\n\n<figure data-wp-context=\"{&quot;imageId&quot;:&quot;6a952c61e1bd5&quot;}\" data-wp-interactive=\"core\/image\" data-wp-key=\"6a952c61e1bd5\" class=\"wp-block-image size-full wp-lightbox-container\"><img decoding=\"async\" width=\"2200\" height=\"1467\" data-wp-class--hide=\"state.isContentHidden\" data-wp-class--show=\"state.isContentVisible\" data-wp-init=\"callbacks.setButtonStyles\" data-wp-on--click=\"actions.showLightbox\" data-wp-on--load=\"callbacks.setButtonStyles\" data-wp-on--pointerdown=\"actions.preloadImage\" data-wp-on--pointerenter=\"actions.preloadImageWithDelay\" data-wp-on--pointerleave=\"actions.cancelPreload\" data-wp-on-window--resize=\"callbacks.setButtonStyles\" src=\"https:\/\/loudavymkrokem.cz\/wp-content\/uploads\/2026\/08\/olomouc-s-detmi-ulice-tramvaj.jpg\" alt=\"Calle de Olomouc con v\u00edas de tranv\u00eda en el centro de la ciudad\" class=\"wp-image-401032\" title=\"\" srcset=\"https:\/\/loudavymkrokem.cz\/wp-content\/uploads\/2026\/08\/olomouc-s-detmi-ulice-tramvaj.jpg 2200w, https:\/\/loudavymkrokem.cz\/wp-content\/uploads\/2026\/08\/olomouc-s-detmi-ulice-tramvaj-300x200.jpg 300w, https:\/\/loudavymkrokem.cz\/wp-content\/uploads\/2026\/08\/olomouc-s-detmi-ulice-tramvaj-700x467.jpg 700w, https:\/\/loudavymkrokem.cz\/wp-content\/uploads\/2026\/08\/olomouc-s-detmi-ulice-tramvaj-768x512.jpg 768w, https:\/\/loudavymkrokem.cz\/wp-content\/uploads\/2026\/08\/olomouc-s-detmi-ulice-tramvaj-1536x1024.jpg 1536w, https:\/\/loudavymkrokem.cz\/wp-content\/uploads\/2026\/08\/olomouc-s-detmi-ulice-tramvaj-2048x1366.jpg 2048w, https:\/\/loudavymkrokem.cz\/wp-content\/uploads\/2026\/08\/olomouc-s-detmi-ulice-tramvaj-696x464.jpg 696w, https:\/\/loudavymkrokem.cz\/wp-content\/uploads\/2026\/08\/olomouc-s-detmi-ulice-tramvaj-1392x928.jpg 1392w, https:\/\/loudavymkrokem.cz\/wp-content\/uploads\/2026\/08\/olomouc-s-detmi-ulice-tramvaj-1920x1280.jpg 1920w\" sizes=\"(max-width: 2200px) 100vw, 2200px\" \/><button\n\t\t\tclass=\"lightbox-trigger\"\n\t\t\ttype=\"button\"\n\t\t\taria-haspopup=\"dialog\"\n\t\t\tdata-wp-bind--aria-label=\"state.thisImage.triggerButtonAriaLabel\"\n\t\t\tdata-wp-init=\"callbacks.initTriggerButton\"\n\t\t\tdata-wp-on--click=\"actions.showLightbox\"\n\t\t\tdata-wp-style--right=\"state.thisImage.buttonRight\"\n\t\t\tdata-wp-style--top=\"state.thisImage.buttonTop\"\n\t\t>\n\t\t\t<svg xmlns=\"http:\/\/www.w3.org\/2000\/svg\" width=\"12\" height=\"12\" fill=\"none\" viewBox=\"0 0 12 12\">\n\t\t\t\t<path fill=\"#fff\" d=\"M2 0a2 2 0 0 0-2 2v2h1.5V2a.5.5 0 0 1 .5-.5h2V0H2Zm2 10.5H2a.5.5 0 0 1-.5-.5V8H0v2a2 2 0 0 0 2 2h2v-1.5ZM8 12v-1.5h2a.5.5 0 0 0 .5-.5V8H12v2a2 2 0 0 1-2 2H8Zm2-12a2 2 0 0 1 2 2v2h-1.5V2a.5.5 0 0 0-.5-.5H8V0h2Z\" \/>\n\t\t\t<\/svg>\n\t\t<\/button><figcaption class=\"wp-element-caption\">El centro es zona peatonal, as\u00ed que se anda bien con el carrito<\/figcaption><\/figure>\n\n\n\n<p class=\"wp-block-paragraph\">Antes de salir, conviene conocer algunos detalles pr\u00e1cticos que te ahorrar\u00e1n muchos nervios y dinero nada m\u00e1s llegar. Para el viajero que viene desde Espa\u00f1a, lo habitual es volar con Iberia, Vueling o Ryanair desde Madrid o Barcelona hasta Praga o Viena y desde all\u00ed seguir en tren; Olomouc est\u00e1 muy bien comunicada. Desde Praga llegas en un c\u00f3modo tren expr\u00e9s en unas <strong>2 horas y 15 minutos<\/strong> y desde Brno el trayecto es de solo <strong>1,5 horas<\/strong>. Viajar en tren con ni\u00f1os es, adem\u00e1s, mucho m\u00e1s tranquilo que estresarse en los atascos de la autopista.<\/p>\n\n\n\n<p class=\"wp-block-paragraph\">En cuanto a moverte por la ciudad, el centro hist\u00f3rico funciona como una gran zona peatonal y es muy compacto, as\u00ed que lo recorres todo a pie sin problema. Con el carrito se anda bastante bien y c\u00f3modo, solo tienes que tener algo de cuidado con los adoquines desiguales que cubren las plazas principales, aunque con los beb\u00e9s m\u00e1s peque\u00f1os eso puede servir de excelente m\u00e9todo para dormirlos. \u263a\ufe0f<\/p>\n\n\n\n<p class=\"wp-block-paragraph\">Si aun as\u00ed te mueves en coche de alquiler, prep\u00e1rate: aparcar en pleno casco hist\u00f3rico es muy caro y las plazas escasean desesperadamente. Merece la pena buscar mejor alguno de los aparcamientos cubiertos de las afueras del centro o, a\u00fan mejor, reservar un hotel que ofrezca aparcamiento propio para los hu\u00e9spedes. Para los puntos m\u00e1s alejados funciona de maravilla el fiable transporte p\u00fablico local, con una red de tranv\u00edas y autobuses; al popular Svat\u00fd Kope\u010dek te lleva sin falta el ya mencionado <strong>autob\u00fas n.\u00ba 11<\/strong>, que sale de la estaci\u00f3n central.<\/p>\n\n\n\n<h2 class=\"wp-block-heading\"><span class=\"ez-toc-section\" id=\"Adonde_seguir\"><\/span>Ad\u00f3nde seguir<span class=\"ez-toc-section-end\"><\/span><\/h2>\n\n\n\n<p class=\"wp-block-paragraph\">\u00bfTe vas a Moravia o buscas m\u00e1s ideas de excursiones con ni\u00f1os? Echa un vistazo a nuestros otros art\u00edculos:<\/p>\n\n\n\n<ul class=\"wp-block-list\">\n\n<li><a href=\"https:\/\/loudavymkrokem.cz\/es\/que-ver-en-olomouc\/\">Qu\u00e9 ver en Olomouc<\/a>: 14 ideas de monumentos que merece la pena ver incluso sin ni\u00f1os.<\/li>\n\n\n\n<li><a href=\"https:\/\/loudavymkrokem.cz\/orea-hotel-arigone\/\">Rese\u00f1a del OREA Hotel Arigone<\/a>: hotel en el centro con jacuzzi y sauna en la propia habitaci\u00f3n.<\/li>\n\n\n\n<li><a href=\"https:\/\/loudavymkrokem.cz\/es\/mejores-parques-acuaticos-chequia\/\">Los mejores parques acu\u00e1ticos de la Rep\u00fablica Checa<\/a>: 13 ideas para disfrutar del agua con ni\u00f1os.<\/li>\n\n\n\n<li><a href=\"https:\/\/loudavymkrokem.cz\/es\/moravia-chequia-que-ver\/\">D\u00f3nde ir de vacaciones a Moravia Central<\/a>: 15 ideas para la regi\u00f3n de Han\u00e1 y Valaquia.<\/li>\n\n\n\n<li><a href=\"https:\/\/loudavymkrokem.cz\/pisek-s-detmi\/\">P\u00edsek con ni\u00f1os<\/a>: otra ciudad checa compacta donde los ni\u00f1os no se aburren.<\/li>\n\n\n<\/ul>\n\n\n\n<h2 class=\"wp-block-heading\"><span class=\"ez-toc-section\" id=\"Preguntas_frecuentes\"><\/span>Preguntas frecuentes<span class=\"ez-toc-section-end\"><\/span><\/h2>\n\n\n\n<p class=\"wp-block-paragraph\">Para terminar, he reunido las preguntas que los padres se plantean con m\u00e1s frecuencia antes de viajar a Olomouc. <strong>Los precios y horarios cambian, as\u00ed que antes del viaje conviene que los vuelvas a comprobar.<\/strong><\/p>\n\n\n<div id=\"rank-math-faq\" class=\"rank-math-block\">\n<div class=\"rank-math-list \">\n<div id=\"faq-question-1787773774000\" class=\"rank-math-list-item\">\n<h3 class=\"rank-math-question \"><span class=\"ez-toc-section\" id=\"%C2%BFDonde_ir_en_Olomouc_con_ninos_cuando_llueve\"><\/span>\u00bfD\u00f3nde ir en Olomouc con ni\u00f1os cuando llueve?<span class=\"ez-toc-section-end\"><\/span><\/h3>\n<div class=\"rank-math-answer \">\n\n<p>Olomouc est\u00e1 muy bien preparada para la lluvia. El mayor \u00e9xito es el centro interactivo de ciencia Pevnost pozn\u00e1n\u00ed en Korunn\u00ed pevn\u016fstka, para ni\u00f1os m\u00e1s peque\u00f1os recomiendo preciosas cafeter\u00edas con zonas de juego en pleno centro (J\u00e1S\u00e1m o la sala de juegos montessori V lese). Los ni\u00f1os mayores se divertir\u00e1n durante horas en el enorme parque de atracciones Krokod\u00fdlek o en Amazonie.<\/p>\n\n<\/div>\n<\/div>\n<div id=\"faq-question-1787773774001\" class=\"rank-math-list-item\">\n<h3 class=\"rank-math-question \"><span class=\"ez-toc-section\" id=\"%C2%BFCuanto_cuesta_el_ZOO_Olomouc\"><\/span>\u00bfCu\u00e1nto cuesta el ZOO Olomouc?<span class=\"ez-toc-section-end\"><\/span><\/h3>\n<div class=\"rank-math-answer \">\n\n<p>Los precios del ZOO en Svat\u00fd Kope\u010dek var\u00edan seg\u00fan la temporada. En temporada alta (de marzo a octubre) los adultos pagan 7 \u20ac (180 CZK), la entrada reducida para ni\u00f1os y estudiantes es de 6 \u20ac (140 CZK). Fuera de temporada (de noviembre a febrero) los precios son 6 \u20ac (150 CZK) y 5 \u20ac (120 CZK). Los ni\u00f1os menores de 3 a\u00f1os entran siempre gratis y la entrada familiar para dos adultos y dos ni\u00f1os sale muy bien de precio por 24 \u20ac (600 CZK).<\/p>\n\n<\/div>\n<\/div>\n<div id=\"faq-question-1787773774002\" class=\"rank-math-list-item\">\n<h3 class=\"rank-math-question \"><span class=\"ez-toc-section\" id=\"%C2%BFComo_llegar_a_Svaty_Kopecek\"><\/span>\u00bfC\u00f3mo llegar a Svat\u00fd Kope\u010dek?<span class=\"ez-toc-section-end\"><\/span><\/h3>\n<div class=\"rank-math-answer \">\n\n<p>La forma m\u00e1s f\u00e1cil y c\u00f3moda es utilizar el transporte p\u00fablico urbano. Desde la estaci\u00f3n principal de tren de Olomouc (concretamente desde la parada D) sale regularmente el autob\u00fas n\u00famero 11. Los autobuses pasan cada 10 o 15 minutos, el trayecto dura unos 20 minutos y desde la parada en la colina se llega al ZOO a pie en menos de diez minutos.<\/p>\n\n<\/div>\n<\/div>\n<div id=\"faq-question-1787773774003\" class=\"rank-math-list-item\">\n<h3 class=\"rank-math-question \"><span class=\"ez-toc-section\" id=\"%C2%BFEs_Olomouc_adecuada_para_ir_con_carrito\"><\/span>\u00bfEs Olomouc adecuada para ir con carrito?<span class=\"ez-toc-section-end\"><\/span><\/h3>\n<div class=\"rank-math-answer \">\n\n<p>S\u00ed, mucho. Todo el casco hist\u00f3rico es b\u00e1sicamente una gran zona peatonal compacta, as\u00ed que no tienes que estar esquivando coches constantemente. El \u00fanico inconveniente para las ruedas peque\u00f1as pueden ser los adoquines de las plazas principales. Los paseos con carrito son entonces absolutamente ideales en los amplios y llanos parques urbanos, como los Smetanovy sady o el precioso Roz\u00e1rium.<\/p>\n\n<\/div>\n<\/div>\n<div id=\"faq-question-1787773774004\" class=\"rank-math-list-item\">\n<h3 class=\"rank-math-question \"><span class=\"ez-toc-section\" id=\"%C2%BFDonde_ir_con_ninos_en_Olomouc_gratis\"><\/span>\u00bfD\u00f3nde ir con ni\u00f1os en Olomouc gratis?<span class=\"ez-toc-section-end\"><\/span><\/h3>\n<div class=\"rank-math-answer \">\n\n<p>Sin pagar nada puedes disfrutar buscando todas las fuentes barrocas del centro de la ciudad, esperar al mediod\u00eda para ver el famoso reloj astron\u00f3mico del ayuntamiento o buscar los enormes murales de colores y street art en las fachadas de las casas. Tambi\u00e9n son de libre acceso todos los amplios parques urbanos, incluido el hermoso Roz\u00e1rium y los Bezru\u010dovy sady bajo las murallas.<\/p>\n\n<\/div>\n<\/div>\n<div id=\"faq-question-1787773774005\" class=\"rank-math-list-item\">\n<h3 class=\"rank-math-question \"><span class=\"ez-toc-section\" id=\"%C2%BFCuantos_dias_necesitamos_para_Olomouc_con_ninos\"><\/span>\u00bfCu\u00e1ntos d\u00edas necesitamos para Olomouc con ni\u00f1os?<span class=\"ez-toc-section-end\"><\/span><\/h3>\n<div class=\"rank-math-answer \">\n\n<p>El casco hist\u00f3rico de la ciudad con todas las fuentes y el reloj astron\u00f3mico puedes recorrerlo tranquilamente en un d\u00eda. Pero si quieres combinar la visita con una excursi\u00f3n de medio d\u00eda a Svat\u00fd Kope\u010dek para ir al ZOO, una visita a la Pevnost pozn\u00e1n\u00ed o un ba\u00f1o en el parque acu\u00e1tico, el tiempo ideal para la visita son de 2 a 3 d\u00edas, es decir, un fin de semana largo perfecto.<\/p>\n\n<\/div>\n<\/div>\n<div id=\"faq-question-1787773774006\" class=\"rank-math-list-item\">\n<h3 class=\"rank-math-question \"><span class=\"ez-toc-section\" id=\"%C2%BFDonde_ir_de_excursion_desde_Olomouc_con_ninos\"><\/span>\u00bfD\u00f3nde ir de excursi\u00f3n desde Olomouc con ni\u00f1os?<span class=\"ez-toc-section-end\"><\/span><\/h3>\n<div class=\"rank-math-answer \">\n\n<p>Si tienes coche, a unos 45 minutos en coche de Olomouc se ofrecen un mont\u00f3n de lugares preciosos. Un aut\u00e9ntico \u00e9xito es el DinoParque y el Parque Zool\u00f3gico de Vy\u0161kov, para sumergirte en la historia puedes acercarte al cuento de hadas que es el castillo de Bouzov y para explorar el subsuelo, a las m\u00e1s cortas y menos exigentes cuevas de Mlade\u010d. Para los ni\u00f1os m\u00e1s peque\u00f1os tambi\u00e9n es fant\u00e1stico el Museo Infantil de Prad\u011bd en Bludov.<\/p>\n\n<\/div>\n<\/div>\n<div id=\"faq-question-1787773774007\" class=\"rank-math-list-item\">\n<h3 class=\"rank-math-question \"><span class=\"ez-toc-section\" id=\"%C2%BFQue_distancia_hay_del_DinoPark_Vyskov_desde_Olomouc\"><\/span>\u00bfQu\u00e9 distancia hay del DinoPark Vy\u0161kov desde Olomouc?<span class=\"ez-toc-section-end\"><\/span><\/h3>\n<div class=\"rank-math-answer \">\n\n<p>El DinoPark y ZOO Park en Vy\u0161kov se encuentra a unos 45 kil\u00f3metros de Olomouc. El trayecto en coche por autopista te llevar\u00e1 aproximadamente media hora, as\u00ed que es un destino absolutamente ideal y f\u00e1cil para una estupenda excursi\u00f3n familiar de medio d\u00eda.<\/p>\n\n<\/div>\n<\/div>\n<\/div>\n<\/div>","protected":false},"excerpt":{"rendered":"<p>Ludotecas en pleno centro, la Fortaleza del Conocimiento, el zoo de Svat\u00fd Kope\u010dek y el DinoPark de Vy\u0161kov. 34 planes para Olomouc con ni\u00f1os con buen tiempo o lluvia, con precios y horarios.<\/p>\n","protected":false},"author":3,"featured_media":401014,"comment_status":"open","ping_status":"open","sticky":false,"template":"","format":"standard","meta":{"_acf_changed":false,"footnotes":"","rank_math_title":"Olomouc en Rep\u00fablica Checa: 34 planes con ni\u00f1os","rank_math_description":"Descubre Olomouc en Rep\u00fablica Checa con ni\u00f1os: 34 planes para buen tiempo o lluvia, con precios y horarios. Ludotecas, zoo, DinoPark y m\u00e1s. \u00a1Empieza a planear!","rank_math_focus_keyword":"olomouc rep\u00fablica checa","rank_math_seo_score":""},"categories":[996,1034,980],"tags":[],"class_list":["post-408391","post","type-post","status-publish","format-standard","has-post-thumbnail","category-europa","category-republica-checa","category-viajes"],"acf":[],"featured_image_src":"https:\/\/loudavymkrokem.cz\/wp-content\/uploads\/2026\/08\/olomouc-s-detmi-mural-prujezd.jpg","author_info":{"display_name":"Lucie Kone\u010dn\u00e1","author_link":"https:\/\/loudavymkrokem.cz\/es\/author\/lucie-konecna\/"},"_links":{"self":[{"href":"https:\/\/loudavymkrokem.cz\/es\/wp-json\/wp\/v2\/posts\/408391","targetHints":{"allow":["GET"]}}],"collection":[{"href":"https:\/\/loudavymkrokem.cz\/es\/wp-json\/wp\/v2\/posts"}],"about":[{"href":"https:\/\/loudavymkrokem.cz\/es\/wp-json\/wp\/v2\/types\/post"}],"author":[{"embeddable":true,"href":"https:\/\/loudavymkrokem.cz\/es\/wp-json\/wp\/v2\/users\/3"}],"replies":[{"embeddable":true,"href":"https:\/\/loudavymkrokem.cz\/es\/wp-json\/wp\/v2\/comments?post=408391"}],"version-history":[{"count":0,"href":"https:\/\/loudavymkrokem.cz\/es\/wp-json\/wp\/v2\/posts\/408391\/revisions"}],"wp:featuredmedia":[{"embeddable":true,"href":"https:\/\/loudavymkrokem.cz\/es\/wp-json\/wp\/v2\/media\/401014"}],"wp:attachment":[{"href":"https:\/\/loudavymkrokem.cz\/es\/wp-json\/wp\/v2\/media?parent=408391"}],"wp:term":[{"taxonomy":"category","embeddable":true,"href":"https:\/\/loudavymkrokem.cz\/es\/wp-json\/wp\/v2\/categories?post=408391"},{"taxonomy":"post_tag","embeddable":true,"href":"https:\/\/loudavymkrokem.cz\/es\/wp-json\/wp\/v2\/tags?post=408391"}],"curies":[{"name":"wp","href":"https:\/\/api.w.org\/{rel}","templated":true}]}}