{"id":408385,"date":"2026-08-25T20:45:06","date_gmt":"2026-08-25T18:45:06","guid":{"rendered":"https:\/\/loudavymkrokem.cz\/dc-8-air-new-zealand-amazonia\/"},"modified":"2026-08-31T02:45:37","modified_gmt":"2026-08-31T00:45:37","slug":"dc-8-air-new-zealand-amazonia","status":"publish","type":"post","link":"https:\/\/loudavymkrokem.cz\/es\/dc-8-air-new-zealand-amazonia\/","title":{"rendered":"El DC-8 de Air New Zealand emprende su \u00faltimo viaje a casa tras 20 a\u00f1os en la Amazon\u00eda"},"content":{"rendered":"<p>El avi\u00f3n con matr\u00edcula ZK-NZC es el \u00fanico ejemplar que se conserva de los ocho aparatos DC-8 que en su d\u00eda formaron la flota de largo radio de Air New Zealand, y que llevaba dos d\u00e9cadas abandonado en plena Amazon\u00eda, seg\u00fan informa el <a href=\"https:\/\/www.nttmuseumwanaka.co.nz\/blog\/bring-our-birds-home\" target=\"_blank\" rel=\"noreferrer noopener nofollow\">National Transport and Toy Museum W\u0101naka<\/a>. Lo fabric\u00f3 la factor\u00eda Douglas en Long Beach, California, y la aerol\u00ednea lo recibi\u00f3 en septiembre de 1965.<\/p>\n<p>Air New Zealand retir\u00f3 el aparato del servicio en 1981. Despu\u00e9s fue cambiando de propietario hasta acabar en manos de la compa\u00f1\u00eda brasile\u00f1a de carga TCB, que ces\u00f3 su actividad en 2006. Desde entonces, el avi\u00f3n se fue deteriorando en el aeropuerto de Manaus-Eduardo Gomes.<\/p>\n<div id=\"ez-toc-container\" class=\"ez-toc-v2_0_86 ez-toc-wrap-left counter-hierarchy ez-toc-counter ez-toc-grey ez-toc-container-direction\">\n<div class=\"ez-toc-title-container\">\n<p class=\"ez-toc-title\" style=\"cursor:inherit\">Contenido del art\u00edculo<\/p>\n<span class=\"ez-toc-title-toggle\"><a href=\"#\" class=\"ez-toc-pull-right ez-toc-btn ez-toc-btn-xs ez-toc-btn-default ez-toc-toggle\" aria-label=\"Alternar tabla de contenidos\"><span class=\"ez-toc-js-icon-con\"><span class=\"\"><span class=\"eztoc-hide\" style=\"display:none;\">Toggle<\/span><span class=\"ez-toc-icon-toggle-span\"><svg style=\"fill: #999;color:#999\" xmlns=\"http:\/\/www.w3.org\/2000\/svg\" class=\"list-377408\" width=\"20px\" height=\"20px\" viewBox=\"0 0 24 24\" fill=\"none\"><path d=\"M6 6H4v2h2V6zm14 0H8v2h12V6zM4 11h2v2H4v-2zm16 0H8v2h12v-2zM4 16h2v2H4v-2zm16 0H8v2h12v-2z\" fill=\"currentColor\"><\/path><\/svg><svg style=\"fill: #999;color:#999\" class=\"arrow-unsorted-368013\" xmlns=\"http:\/\/www.w3.org\/2000\/svg\" width=\"10px\" height=\"10px\" viewBox=\"0 0 24 24\" version=\"1.2\" baseProfile=\"tiny\"><path d=\"M18.2 9.3l-6.2-6.3-6.2 6.3c-.2.2-.3.4-.3.7s.1.5.3.7c.2.2.4.3.7.3h11c.3 0 .5-.1.7-.3.2-.2.3-.5.3-.7s-.1-.5-.3-.7zM5.8 14.7l6.2 6.3 6.2-6.3c.2-.2.3-.5.3-.7s-.1-.5-.3-.7c-.2-.2-.4-.3-.7-.3h-11c-.3 0-.5.1-.7.3-.2.2-.3.5-.3.7s.1.5.3.7z\"\/><\/svg><\/span><\/span><\/span><\/a><\/span><\/div>\n<nav><ul class='ez-toc-list ez-toc-list-level-1 ' ><li class='ez-toc-page-1 ez-toc-heading-level-2'><a class=\"ez-toc-link ez-toc-heading-1\" href=\"https:\/\/loudavymkrokem.cz\/es\/dc-8-air-new-zealand-amazonia\/#Una_leyenda_que_transporto_a_la_reina\" >Una leyenda que transport\u00f3 a la reina<\/a><\/li><li class='ez-toc-page-1 ez-toc-heading-level-2'><a class=\"ez-toc-link ez-toc-heading-2\" href=\"https:\/\/loudavymkrokem.cz\/es\/dc-8-air-new-zealand-amazonia\/#El_viaje_de_regreso_a_casa_a_traves_del_oceano\" >El viaje de regreso a casa a trav\u00e9s del oc\u00e9ano<\/a><\/li><li class='ez-toc-page-1 ez-toc-heading-level-2'><a class=\"ez-toc-link ez-toc-heading-3\" href=\"https:\/\/loudavymkrokem.cz\/es\/dc-8-air-new-zealand-amazonia\/#Que_significa_esto_en_la_practica\" >Qu\u00e9 significa esto en la pr\u00e1ctica<\/a><\/li><\/ul><\/nav><\/div>\n<h2><span class=\"ez-toc-section\" id=\"Una_leyenda_que_transporto_a_la_reina\"><\/span>Una leyenda que transport\u00f3 a la reina<span class=\"ez-toc-section-end\"><\/span><\/h2>\n<p>Este aparato en concreto tiene un hito hist\u00f3rico en su haber. El <strong>30 de enero de 1974<\/strong> traslad\u00f3 a la reina Isabel II, a la princesa Ana y a Mark Phillips desde Rarotonga hasta Christchurch, seg\u00fan recoge el <a href=\"https:\/\/www.odt.co.nz\/regions\/wanaka\/w%C4%81naka-final-resting-place-iconic-aircraft\" target=\"_blank\" rel=\"noreferrer noopener nofollow\">Otago Daily Times<\/a>. Unos d\u00edas m\u00e1s tarde, la reina inauguraba los Juegos de la Commonwealth brit\u00e1nica en el parque QEII de Christchurch.<\/p>\n<p>Seg\u00fan el fundador de la ONG Bring Our Birds Home, Paul Brennan, fue precisamente este tipo de avi\u00f3n el que result\u00f3 clave para que Air New Zealand se transformara en una aerol\u00ednea internacional de pleno derecho, se\u00f1ala el <a href=\"https:\/\/www.odt.co.nz\/star-news\/star-christchurch\/iconic-dc-8-heading-back-home\" target=\"_blank\" rel=\"noreferrer noopener nofollow\">Otago Daily Times<\/a>.<\/p>\n<h2><span class=\"ez-toc-section\" id=\"El_viaje_de_regreso_a_casa_a_traves_del_oceano\"><\/span>El viaje de regreso a casa a trav\u00e9s del oc\u00e9ano<span class=\"ez-toc-section-end\"><\/span><\/h2>\n<p>El desmontaje del avi\u00f3n debe comenzar el <strong>1 de septiembre de 2026<\/strong>. El aparato se cortar\u00e1 en secciones (fuselaje, alas divididas para su transporte en contenedores y superficies de cola) y se llevar\u00e1 por mar hasta el puerto de <strong>Timaru<\/strong>, en la Isla Sur.<\/p>\n<p>All\u00ed deber\u00eda llegar este mismo a\u00f1o, seg\u00fan los medios brasile\u00f1os <a href=\"https:\/\/aerojota.com.br\/dc-8-abandonado-manaus-nova-zelandia\/\" target=\"_blank\" rel=\"noreferrer noopener nofollow\">AeroJota<\/a> y <a href=\"https:\/\/www.rondoniaovivo.com\/noticia\/geral\/2026\/08\/13\/fim-do-abandono-dc-8-que-esta-ha-duas-decadas-em-manaus-vai-de-navio-para-a-nova-zelandia.html\" target=\"_blank\" rel=\"noreferrer noopener nofollow\">Rond\u00f4nia ao Vivo<\/a>.<\/p>\n<p>Un DC-8-52 vac\u00edo pesa unas 60 toneladas, mide 45,9 metros de largo y tiene una envergadura de 43,4 metros. Seg\u00fan la misma fuente, en la log\u00edstica participan el operador aeroportuario VINCI Airports y la empresa Freightplus, especializada en carga internacional pesada.<\/p>\n<p>Los costes corren a cargo de donantes an\u00f3nimos. Adem\u00e1s, la ONG Bring Our Birds Home lleva nueve a\u00f1os recaudando fondos en el portal <a href=\"https:\/\/givealittle.co.nz\/cause\/bringourbirdshome\" target=\"_blank\" rel=\"noreferrer noopener nofollow\">Givealittle<\/a> y, hasta agosto de 2026, hab\u00eda reunido <strong>40 035 NZD<\/strong> gracias a 467 donantes.<\/p>\n<h2><span class=\"ez-toc-section\" id=\"Que_significa_esto_en_la_practica\"><\/span>Qu\u00e9 significa esto en la pr\u00e1ctica<span class=\"ez-toc-section-end\"><\/span><\/h2>\n<p>Si est\u00e1s planeando un viaje a la Isla Sur de Nueva Zelanda, una vez terminada la restauraci\u00f3n podr\u00e1s ver esta pieza de la historia de la aviaci\u00f3n en el <strong>National Transport and Toy Museum de W\u0101naka<\/strong>. El museo est\u00e1 justo al lado del aeropuerto y es de acceso habitual para el p\u00fablico.<\/p>\n<p>El proceso de desmontaje y la traves\u00eda tambi\u00e9n se pueden seguir por internet. La ONG lo documenta de forma continua en su campa\u00f1a de Givealittle y en las redes sociales.<\/p>\n<p>Esta operaci\u00f3n no tiene ning\u00fan impacto ni en los vuelos a Brasil ni en el funcionamiento del aeropuerto de Manaus. Se trata simplemente del traslado puntual de un fuselaje dado de baja.<\/p>\n<p>Quien est\u00e9 planeando un viaje a Nueva Zelanda debe tener en cuenta que el avi\u00f3n deber\u00eda llegar a Timaru <strong>antes de finales de 2026<\/strong> y que no estar\u00e1 en el museo de W\u0101naka hasta despu\u00e9s de otra fase de restauraci\u00f3n.<\/p>\n\n\n<!-- LKM_GYG_CARD start q=\"cestu domu\" lang=\"es\" rendered=\"2026-08-31T00:45:14+00:00\" v=\"1\" -->\n<style id=\"lk-gyg-styles\">\n@import url(\"https:\/\/fonts.googleapis.com\/css2?family=Playfair+Display:wght@700&family=DM+Sans:wght@300;400;500;600&display=swap\");\n\/* === LK GYG karty \u2014 CRO redesign 2026-05 (namespace .lkx-) ===\n   C\u00edl: vy\u0161\u0161\u00ed CTR (hero + v\u00fdrazn\u00fd social proof + ak\u010dn\u00ed CTA, m\u00e9n\u011b \"reklamn\u00ed\").\n   Injektuje se inline do prvn\u00edho markeru postu (refresh_cards.py --inline-css). *\/\n.lkx-module, .lkx-module *{box-sizing:border-box;margin:0;padding:0}\n.lkx-module{\n  font-family:'DM Sans',-apple-system,Segoe UI,Roboto,Georgia,sans-serif;\n  max-width:860px;margin:2.5rem auto;color:#1f2328;\n}\n\n\/* HEADER \u2014 lehk\u00fd editorsk\u00fd, \u017e\u00e1dn\u00fd bannerov\u00fd blok; nadpis + popisek pod n\u00edm *\/\n.lkx-head{margin-bottom:16px}\n.lkx-head-main{display:flex;align-items:center;gap:10px}\n.lkx-head-accent{width:26px;height:3px;border-radius:2px;background:#c39f76;flex-shrink:0}\n.lkx-head-title{font-family:'Playfair Display',Georgia,serif;font-size:21px;font-weight:700;color:#1a1a1a;line-height:1.25}\n.lkx-head-meta{display:block;font-size:11px;letter-spacing:.3px;color:#9aa0a6;margin-top:4px;margin-left:36px}\n\n\/* HERO *\/\n.lkx-hero{display:grid;grid-template-columns:300px 1fr;background:#fff;border:1px solid #ece7df;border-radius:14px;overflow:hidden;text-decoration:none!important;color:inherit;box-shadow:0 6px 20px rgba(0,0,0,.06);transition:box-shadow .2s,transform .2s;margin-bottom:14px}\n.lkx-hero:hover{box-shadow:0 12px 30px rgba(0,0,0,.12);transform:translateY(-2px)}\n.lkx-hero-img{position:relative;min-height:230px;background-size:cover;background-position:center;background-color:#eee}\n.lkx-hero-body{padding:22px 24px;display:flex;flex-direction:column}\n.lkx-pick{position:absolute;top:12px;left:12px;background:#1a1a1a;color:#fff;font-size:11px;font-weight:700;letter-spacing:.5px;padding:5px 11px;border-radius:20px}\n\n\/* TITLE *\/\n.lkx-title{font-size:19px;font-weight:700;color:#161616;line-height:1.3}\n.lkx-title-sm{font-size:14.5px;line-height:1.35;display:-webkit-box;-webkit-line-clamp:2;-webkit-box-orient:vertical;overflow:hidden}\n\n\/* SOCIAL PROOF \u2014 v\u00fdrazn\u011b, naho\u0159e *\/\n.lkx-proof{display:flex;align-items:center;gap:7px;margin-top:12px;font-size:15px;color:#3a3a3a}\n.lkx-proof b{font-size:16px;color:#161616}\n.lkx-stars{color:#f5a623;letter-spacing:1px}\n.lkx-proof-sm{font-size:12.5px;margin-top:8px;gap:5px}\n.lkx-proof-sm b{font-size:13px}\n.lkx-proof-new{color:#3685fc;font-weight:600}\n\n\/* PRICE \u2014 n\u00edzk\u00e1 kotva *\/\n.lkx-price{font-size:14px;color:#6b7280}\n.lkx-price b{font-size:20px;color:#161616;font-weight:700}\n.lkx-price-sm b{font-size:15px}\n\n\/* CTA \u2014 tepl\u00e9 ak\u010dn\u00ed tla\u010d\u00edtko *\/\n.lkx-cta{display:inline-flex;align-items:center;justify-content:center;text-decoration:none!important;font-weight:700;color:#fff!important;background:linear-gradient(135deg,#f6743f,#e8552a);border-radius:10px;box-shadow:0 6px 16px rgba(232,85,42,.32);transition:box-shadow .2s}\n.lkx-cta-hero{font-size:15px;padding:13px 22px}\n.lkx-hero:hover .lkx-cta-hero{box-shadow:0 8px 22px rgba(232,85,42,.45)}\n.lkx-cta-sm{font-size:12.5px;padding:9px 14px;width:100%;margin-top:2px}\n.lkx-hero-bottom{margin-top:auto;padding-top:18px;display:flex;align-items:center;justify-content:space-between;gap:14px;flex-wrap:wrap}\n\n\/* BADGE \u2014 jeden v\u00fdrazn\u00fd na fotce *\/\n.lkx-badge{position:absolute;top:12px;right:12px;font-size:10.5px;font-weight:700;letter-spacing:.3px;padding:5px 10px;border-radius:16px;color:#fff}\n.lkx-badge.badge-urgency{background:rgba(214,40,40,.92)}\n.lkx-badge.badge-new{background:rgba(54,133,252,.92)}\n.lkx-badge.badge-top{background:rgba(195,159,118,.95)}\n.lkx-badge.badge-info{background:rgba(40,40,40,.78)}\n\n\/* SECONDARY GRID *\/\n.lkx-grid{display:grid;grid-template-columns:1fr 1fr;gap:14px}\n.lkx-card{background:#fff;border:1px solid #ece7df;border-radius:14px;overflow:hidden;text-decoration:none!important;color:inherit;box-shadow:0 4px 14px rgba(0,0,0,.05);display:flex;flex-direction:column;transition:box-shadow .2s,transform .2s}\n.lkx-card:hover{box-shadow:0 10px 24px rgba(0,0,0,.1);transform:translateY(-2px)}\n.lkx-card-img{position:relative;aspect-ratio:16\/10;background-size:cover;background-position:center;background-color:#eee}\n.lkx-card-body{padding:14px 16px 16px;display:flex;flex-direction:column;gap:7px;flex:1}\n.lkx-card-bottom{margin-top:auto;padding-top:10px;display:flex;align-items:center;justify-content:space-between;gap:8px}\n\n\/* DISCLOSURE \u2014 drobn\u00e1, kv\u016fli d\u016fv\u011b\u0159e\/z\u00e1konu *\/\n.lkx-disclosure{font-size:11px;color:#a7adb3;text-align:center;margin-top:14px;line-height:1.6}\n.lkx-disclosure a{color:#c39f76;text-decoration:none}\n\n@media(max-width:680px){\n  .lkx-hero{grid-template-columns:1fr}\n  .lkx-hero-img{min-height:180px}\n  .lkx-grid{grid-template-columns:1fr}\n  .lkx-head-meta{margin-left:0;width:100%}\n  .lkx-head-title{font-size:19px}\n}\n\n<\/style>\n<div class=\"lkx-module\" data-query=\"cestu domu\">\n  <div class=\"lkx-head\">\n    <div class=\"lkx-head-main\">\n      <span class=\"lkx-head-accent\"><\/span>\n      <span class=\"lkx-head-title\">Experiencias y entradas<\/span>\n    <\/div>\n    <span class=\"lkx-head-meta\">valorado por viajeros \u00b7 GetYourGuide<\/span>\n  <\/div><a class=\"lkx-hero\" href=\"https:\/\/www.getyourguide.com\/es-es\/bucarest-l111\/bucarest-palacio-del-parlamento-casa-de-ceausescu-y-tour-por-el-pueblo-t1408656\/?partner_id=MKZ64IS&amp;utm_medium=online_publisher&amp;cmp=dc-8-air-new-zealand-amazonia\" target=\"_blank\" rel=\"sponsored noopener nofollow\">\n    <div class=\"lkx-hero-img\" style=\"background-image:url('https:\/\/cdn.getyourguide.com\/img\/tour\/a1a08ee8b9181726deae6592bd8f78ae51968087a0a286ee9ca83bc6aaf2984a.jpg\/132.jpg')\" role=\"img\" aria-label=\"Bucarest: palacio del Parlamento, casa de Ceau\u0219escu y tour por el pueblo\">\n      <span class=\"lkx-pick\">\u2605 Nuestra elecci\u00f3n<\/span><\/div>\n    <div class=\"lkx-hero-body\">\n      <div class=\"lkx-title\">Bucarest: palacio del Parlamento, casa de Ceau\u0219escu y tour por el pueblo<\/div>\n      <div class=\"lkx-proof\">\n      <span class=\"lkx-stars\">\u2605\u2605\u2605\u2605\u2605<\/span>\n      <b>4.9<\/b> \u00b7 120 opiniones\n    <\/div>\n      <div class=\"lkx-hero-bottom\"><div class=\"lkx-price\">desde <b>19\u00a0EUR<\/b><\/div><span class=\"lkx-cta lkx-cta-hero\">Quiero vivir esto \u2192<\/span>\n      <\/div>\n    <\/div>\n  <\/a><div class=\"lkx-grid\"><a class=\"lkx-card\" href=\"https:\/\/www.getyourguide.com\/es-es\/bucarest-l111\/sin-colas-parlamento-casa-de-ceausescu-y-museo-del-pueblo-t1416896\/?partner_id=MKZ64IS&amp;utm_medium=online_publisher&amp;cmp=dc-8-air-new-zealand-amazonia\" target=\"_blank\" rel=\"sponsored noopener nofollow\">\n      <div class=\"lkx-card-img\" style=\"background-image:url('https:\/\/cdn.getyourguide.com\/img\/tour\/976fd23f39a25a4bcbe9385ee5b65aa5f3b5a69deb8ddcc59222f1ccff790906.jpg\/132.jpg')\" role=\"img\" aria-label=\"Sin colas - Parlamento, Casa de Ceau\u0219escu y Museo del pueblo\"><\/div>\n      <div class=\"lkx-card-body\">\n        <div class=\"lkx-title lkx-title-sm\">Sin colas &#8211; Parlamento, Casa de Ceau\u0219escu y Museo del pueblo<\/div>\n        <div class=\"lkx-proof lkx-proof-sm\">\n      <span class=\"lkx-stars\">\u2605<\/span>\n      <b>5.0<\/b> \u00b7 27\n    <\/div>\n        <div class=\"lkx-card-bottom\"><span class=\"lkx-price lkx-price-sm\">desde <b>19\u00a0EUR<\/b><\/span><span class=\"lkx-cta lkx-cta-sm\">Ver fechas \u2192<\/span>\n        <\/div>\n      <\/div>\n    <\/a><a class=\"lkx-card\" href=\"https:\/\/www.getyourguide.com\/es-es\/bucarest-l111\/tour-al-palacio-del-parlamento-la-casa-de-ceausescu-y-el-museo-del-pueblo-t1425861\/?partner_id=MKZ64IS&amp;utm_medium=online_publisher&amp;cmp=dc-8-air-new-zealand-amazonia\" target=\"_blank\" rel=\"sponsored noopener nofollow\">\n      <div class=\"lkx-card-img\" style=\"background-image:url('https:\/\/cdn.getyourguide.com\/img\/tour\/46d6918981e2de85c087c9f3e59e62a879dbee03bd162069c0e6bb0d933a2b7d.jpg\/132.jpg')\" role=\"img\" aria-label=\"Tour al Palacio del Parlamento, la Casa de Ceau\u0219escu y el Museo del Pueblo\"><\/div>\n      <div class=\"lkx-card-body\">\n        <div class=\"lkx-title lkx-title-sm\">Tour al Palacio del Parlamento, la Casa de Ceau\u0219escu y el Museo del Pueblo<\/div>\n        <div class=\"lkx-proof lkx-proof-sm\">\n      <span class=\"lkx-stars\">\u2605<\/span>\n      <b>4.9<\/b> \u00b7 13\n    <\/div>\n        <div class=\"lkx-card-bottom\"><span class=\"lkx-price lkx-price-sm\">desde <b>19\u00a0EUR<\/b><\/span><span class=\"lkx-cta lkx-cta-sm\">Ver fechas \u2192<\/span>\n        <\/div>\n      <\/div>\n    <\/a><\/div><div class=\"lkx-disclosure\">\ud83d\udd17 Enlaces de afiliados \u2014 no cambian tu precio y nos ayudan a crear contenido. \u00b7 <a href=\"https:\/\/www.getyourguide.com\/es-es\/s\/?q=cestu+domu&amp;partner_id=MKZ64IS&amp;utm_medium=online_publisher\" target=\"_blank\" rel=\"sponsored noopener nofollow\">Todas las experiencias \u2192<\/a><\/div>\n<\/div>\n<!-- LKM_GYG_CARD end -->\n","protected":false},"excerpt":{"rendered":"<p>El \u00fanico Douglas DC-8 superviviente de la flota de Air New Zealand llevaba veinte a\u00f1os deterior\u00e1ndose en un aeropuerto de la Amazon\u00eda. A partir del 1 de septiembre de 2026 lo desmontar\u00e1n y lo llevar\u00e1n por mar a Nueva Zelanda, donde acabar\u00e1 en un museo de W\u0101naka. En su d\u00eda transport\u00f3 incluso a la reina Isabel II.<\/p>\n","protected":false},"author":2,"featured_media":396130,"comment_status":"open","ping_status":"open","sticky":false,"template":"","format":"standard","meta":{"_acf_changed":false,"footnotes":"","rank_math_title":"DC-8 de la Amazon\u00eda: el \u00faltimo viaje a casa","rank_math_description":"El \u00fanico DC-8 de Air New Zealand pas\u00f3 20 a\u00f1os abandonado en la Amazon\u00eda y ahora vuelve a casa por mar. Descubre su historia y su nuevo museo. \u00a1L\u00e9elo aqu\u00ed!","rank_math_focus_keyword":"amazon\u00eda","rank_math_seo_score":""},"categories":[980],"tags":[],"class_list":["post-408385","post","type-post","status-publish","format-standard","has-post-thumbnail","category-viajes"],"acf":[],"featured_image_src":"https:\/\/loudavymkrokem.cz\/wp-content\/uploads\/2026\/08\/abandoned-dc-8-aircraft-tarmac.jpg","author_info":{"display_name":"Luk\u00e1\u0161 Kone\u010dn\u00fd","author_link":"https:\/\/loudavymkrokem.cz\/es\/author\/lukas-konecny\/"},"_links":{"self":[{"href":"https:\/\/loudavymkrokem.cz\/es\/wp-json\/wp\/v2\/posts\/408385","targetHints":{"allow":["GET"]}}],"collection":[{"href":"https:\/\/loudavymkrokem.cz\/es\/wp-json\/wp\/v2\/posts"}],"about":[{"href":"https:\/\/loudavymkrokem.cz\/es\/wp-json\/wp\/v2\/types\/post"}],"author":[{"embeddable":true,"href":"https:\/\/loudavymkrokem.cz\/es\/wp-json\/wp\/v2\/users\/2"}],"replies":[{"embeddable":true,"href":"https:\/\/loudavymkrokem.cz\/es\/wp-json\/wp\/v2\/comments?post=408385"}],"version-history":[{"count":0,"href":"https:\/\/loudavymkrokem.cz\/es\/wp-json\/wp\/v2\/posts\/408385\/revisions"}],"wp:featuredmedia":[{"embeddable":true,"href":"https:\/\/loudavymkrokem.cz\/es\/wp-json\/wp\/v2\/media\/396130"}],"wp:attachment":[{"href":"https:\/\/loudavymkrokem.cz\/es\/wp-json\/wp\/v2\/media?parent=408385"}],"wp:term":[{"taxonomy":"category","embeddable":true,"href":"https:\/\/loudavymkrokem.cz\/es\/wp-json\/wp\/v2\/categories?post=408385"},{"taxonomy":"post_tag","embeddable":true,"href":"https:\/\/loudavymkrokem.cz\/es\/wp-json\/wp\/v2\/tags?post=408385"}],"curies":[{"name":"wp","href":"https:\/\/api.w.org\/{rel}","templated":true}]}}