{"id":408374,"date":"2026-08-27T20:49:13","date_gmt":"2026-08-27T18:49:13","guid":{"rendered":"https:\/\/loudavymkrokem.cz\/escenarios-sonrisas-salzburgo-austria\/"},"modified":"2026-08-31T02:41:38","modified_gmt":"2026-08-31T00:41:38","slug":"escenarios-sonrisas-salzburgo-austria","status":"publish","type":"post","link":"https:\/\/loudavymkrokem.cz\/es\/escenarios-sonrisas-salzburgo-austria\/","title":{"rendered":"Sonrisas y l\u00e1grimas: 11 escenarios de la pel\u00edcula en Salzburgo, Austria"},"content":{"rendered":"\n<p class=\"wp-block-paragraph\">Si est\u00e1s preparando un viaje para descubrir las maravillas de Salzburgo, en Austria, y sue\u00f1as con visitar los lugares de la legendaria pel\u00edcula <em>Sonrisas y l\u00e1grimas<\/em>, d\u00e9jame sorprenderte desde el principio. <strong>La famosa villa de los Von Trapp que aparece en la pel\u00edcula en realidad no existe<\/strong>. Los cineastas montaron aquella casa se\u00f1orial a partir de dos castillos distintos y, adem\u00e1s, rodaron todas las escenas de interior en estudios de Hollywood. Aun as\u00ed, buscar estos rincones por la ciudad te atrapar\u00e1 por completo.<\/p>\n\n\n\n<p class=\"wp-block-paragraph\">Pero un shock a\u00fan mayor llega en el desenlace de la historia. \u00bfRecuerdas la dram\u00e1tica <strong>huida de la familia por las cumbres alpinas hacia Suiza<\/strong>? Fue pura fantas\u00eda de Hollywood, porque en realidad esa ruta los habr\u00eda llevado directamente a la Alemania nazi. La verdadera familia Von Trapp simplemente hizo las maletas, camin\u00f3 hasta la cercana estaci\u00f3n de tren de Aigen y <strong>se march\u00f3 a un lugar seguro c\u00f3modamente en tren<\/strong>.<\/p>\n\n\n\n<p class=\"wp-block-paragraph\">Salzburgo es, en definitiva, una ciudad donde <strong>la realidad hist\u00f3rica se entrelaza constantemente con la magia del cine<\/strong>. Y en cuanto empieces a caminar por sus adoquines buscando las casas, las verjas y los cenadores adecuados, descubrir\u00e1s que esa tensi\u00f3n entre el mito y la verdad es en realidad lo mejor que puede ofrecerte.<\/p>\n\n\n\n<figure data-wp-context=\"{&quot;imageId&quot;:&quot;6a9669797d5d5&quot;}\" data-wp-interactive=\"core\/image\" data-wp-key=\"6a9669797d5d5\" class=\"wp-block-image size-full wp-lightbox-container\"><img decoding=\"async\" width=\"1200\" height=\"800\" data-wp-class--hide=\"state.isContentHidden\" data-wp-class--show=\"state.isContentVisible\" data-wp-init=\"callbacks.setButtonStyles\" data-wp-on--click=\"actions.showLightbox\" data-wp-on--load=\"callbacks.setButtonStyles\" data-wp-on--pointerdown=\"actions.preloadImage\" data-wp-on--pointerenter=\"actions.preloadImageWithDelay\" data-wp-on--pointerleave=\"actions.cancelPreload\" data-wp-on-window--resize=\"callbacks.setButtonStyles\" src=\"https:\/\/loudavymkrokem.cz\/wp-content\/uploads\/2025\/05\/co-videt-v-salzburgu-54.jpg\" alt=\"Casco antiguo de Salzburgo bajo la fortaleza de Hohensalzburg\" class=\"wp-image-96659\" title=\"\" srcset=\"https:\/\/loudavymkrokem.cz\/wp-content\/uploads\/2025\/05\/co-videt-v-salzburgu-54.jpg 1200w, https:\/\/loudavymkrokem.cz\/wp-content\/uploads\/2025\/05\/co-videt-v-salzburgu-54-300x200.jpg 300w, https:\/\/loudavymkrokem.cz\/wp-content\/uploads\/2025\/05\/co-videt-v-salzburgu-54-700x467.jpg 700w, https:\/\/loudavymkrokem.cz\/wp-content\/uploads\/2025\/05\/co-videt-v-salzburgu-54-768x512.jpg 768w, https:\/\/loudavymkrokem.cz\/wp-content\/uploads\/2025\/05\/co-videt-v-salzburgu-54-696x464.jpg 696w\" sizes=\"(max-width: 1200px) 100vw, 1200px\" \/><button\n\t\t\tclass=\"lightbox-trigger\"\n\t\t\ttype=\"button\"\n\t\t\taria-haspopup=\"dialog\"\n\t\t\tdata-wp-bind--aria-label=\"state.thisImage.triggerButtonAriaLabel\"\n\t\t\tdata-wp-init=\"callbacks.initTriggerButton\"\n\t\t\tdata-wp-on--click=\"actions.showLightbox\"\n\t\t\tdata-wp-style--right=\"state.thisImage.buttonRight\"\n\t\t\tdata-wp-style--top=\"state.thisImage.buttonTop\"\n\t\t>\n\t\t\t<svg xmlns=\"http:\/\/www.w3.org\/2000\/svg\" width=\"12\" height=\"12\" fill=\"none\" viewBox=\"0 0 12 12\">\n\t\t\t\t<path fill=\"#fff\" d=\"M2 0a2 2 0 0 0-2 2v2h1.5V2a.5.5 0 0 1 .5-.5h2V0H2Zm2 10.5H2a.5.5 0 0 1-.5-.5V8H0v2a2 2 0 0 0 2 2h2v-1.5ZM8 12v-1.5h2a.5.5 0 0 0 .5-.5V8H12v2a2 2 0 0 1-2 2H8Zm2-12a2 2 0 0 1 2 2v2h-1.5V2a.5.5 0 0 0-.5-.5H8V0h2Z\" \/>\n\t\t\t<\/svg>\n\t\t<\/button><\/figure>\n\n\n\n<div id=\"ez-toc-container\" class=\"ez-toc-v2_0_86 ez-toc-wrap-left counter-hierarchy ez-toc-counter ez-toc-grey ez-toc-container-direction\">\n<div class=\"ez-toc-title-container\">\n<p class=\"ez-toc-title\" style=\"cursor:inherit\">Contenido del art\u00edculo<\/p>\n<span class=\"ez-toc-title-toggle\"><a href=\"#\" class=\"ez-toc-pull-right ez-toc-btn ez-toc-btn-xs ez-toc-btn-default ez-toc-toggle\" aria-label=\"Alternar tabla de contenidos\"><span class=\"ez-toc-js-icon-con\"><span class=\"\"><span class=\"eztoc-hide\" style=\"display:none;\">Toggle<\/span><span class=\"ez-toc-icon-toggle-span\"><svg style=\"fill: #999;color:#999\" xmlns=\"http:\/\/www.w3.org\/2000\/svg\" class=\"list-377408\" width=\"20px\" height=\"20px\" viewBox=\"0 0 24 24\" fill=\"none\"><path d=\"M6 6H4v2h2V6zm14 0H8v2h12V6zM4 11h2v2H4v-2zm16 0H8v2h12v-2zM4 16h2v2H4v-2zm16 0H8v2h12v-2z\" fill=\"currentColor\"><\/path><\/svg><svg style=\"fill: #999;color:#999\" class=\"arrow-unsorted-368013\" xmlns=\"http:\/\/www.w3.org\/2000\/svg\" width=\"10px\" height=\"10px\" viewBox=\"0 0 24 24\" version=\"1.2\" baseProfile=\"tiny\"><path d=\"M18.2 9.3l-6.2-6.3-6.2 6.3c-.2.2-.3.4-.3.7s.1.5.3.7c.2.2.4.3.7.3h11c.3 0 .5-.1.7-.3.2-.2.3-.5.3-.7s-.1-.5-.3-.7zM5.8 14.7l6.2 6.3 6.2-6.3c.2-.2.3-.5.3-.7s-.1-.5-.3-.7c-.2-.2-.4-.3-.7-.3h-11c-.3 0-.5.1-.7.3-.2.2-.3.5-.3.7s.1.5.3.7z\"\/><\/svg><\/span><\/span><\/span><\/a><\/span><\/div>\n<nav><ul class='ez-toc-list ez-toc-list-level-1 ' ><ul class='ez-toc-list-level-3' ><li class='ez-toc-heading-level-3'><a class=\"ez-toc-link ez-toc-heading-1\" href=\"https:\/\/loudavymkrokem.cz\/es\/escenarios-sonrisas-salzburgo-austria\/#Resumen_para_quienes_no_tienen_tiempo_de_leer_el_articulo_entero\" >Resumen para quienes no tienen tiempo de leer el art\u00edculo entero<\/a><\/li><\/ul><\/li><li class='ez-toc-page-1 ez-toc-heading-level-2'><a class=\"ez-toc-link ez-toc-heading-2\" href=\"https:\/\/loudavymkrokem.cz\/es\/escenarios-sonrisas-salzburgo-austria\/#Salzburgo_en_la_practica_como_llegar_y_cuando_ir\" >Salzburgo en la pr\u00e1ctica: c\u00f3mo llegar y cu\u00e1ndo ir<\/a><\/li><li class='ez-toc-page-1 ez-toc-heading-level-2'><a class=\"ez-toc-link ez-toc-heading-3\" href=\"https:\/\/loudavymkrokem.cz\/es\/escenarios-sonrisas-salzburgo-austria\/#11_escenarios_de_la_pelicula_en_Salzburgo_Austria_y_alrededores\" >11 escenarios de la pel\u00edcula en Salzburgo, Austria, y alrededores<\/a><ul class='ez-toc-list-level-3' ><li class='ez-toc-heading-level-3'><a class=\"ez-toc-link ez-toc-heading-4\" href=\"https:\/\/loudavymkrokem.cz\/es\/escenarios-sonrisas-salzburgo-austria\/#1_Los_Jardines_de_Mirabell_y_la_escalera_de_Do-Re-Mi\" >1. Los Jardines de Mirabell y la escalera de Do-Re-Mi<\/a><\/li><li class='ez-toc-page-1 ez-toc-heading-level-3'><a class=\"ez-toc-link ez-toc-heading-5\" href=\"https:\/\/loudavymkrokem.cz\/es\/escenarios-sonrisas-salzburgo-austria\/#2_El_convento_de_Nonnberg_y_la_vida_real_de_Maria\" >2. El convento de Nonnberg y la vida real de Maria<\/a><\/li><li class='ez-toc-page-1 ez-toc-heading-level-3'><a class=\"ez-toc-link ez-toc-heading-6\" href=\"https:\/\/loudavymkrokem.cz\/es\/escenarios-sonrisas-salzburgo-austria\/#3_El_cenador_de_la_cancion_Sixteen_Going_on_Seventeen\" >3. El cenador de la canci\u00f3n Sixteen Going on Seventeen<\/a><\/li><li class='ez-toc-page-1 ez-toc-heading-level-3'><a class=\"ez-toc-link ez-toc-heading-7\" href=\"https:\/\/loudavymkrokem.cz\/es\/escenarios-sonrisas-salzburgo-austria\/#4_El_palacio_de_Hellbrunn_y_sus_fuentes_sorpresa\" >4. El palacio de Hellbrunn y sus fuentes sorpresa<\/a><\/li><li class='ez-toc-page-1 ez-toc-heading-level-3'><a class=\"ez-toc-link ez-toc-heading-8\" href=\"https:\/\/loudavymkrokem.cz\/es\/escenarios-sonrisas-salzburgo-austria\/#5_Schloss_Leopoldskron_y_las_escenas_junto_al_lago\" >5. Schloss Leopoldskron y las escenas junto al lago<\/a><\/li><li class='ez-toc-page-1 ez-toc-heading-level-3'><a class=\"ez-toc-link ez-toc-heading-9\" href=\"https:\/\/loudavymkrokem.cz\/es\/escenarios-sonrisas-salzburgo-austria\/#6_Schloss_Frohnburg_y_la_fachada_de_cine_de_la_villa\" >6. Schloss Frohnburg y la fachada de cine de la villa<\/a><\/li><li class='ez-toc-page-1 ez-toc-heading-level-3'><a class=\"ez-toc-link ez-toc-heading-10\" href=\"https:\/\/loudavymkrokem.cz\/es\/escenarios-sonrisas-salzburgo-austria\/#7_La_Villa_Trapp_de_Aigen_el_hogar_real_de_la_familia\" >7. La Villa Trapp de Aigen: el hogar real de la familia<\/a><\/li><li class='ez-toc-page-1 ez-toc-heading-level-3'><a class=\"ez-toc-link ez-toc-heading-11\" href=\"https:\/\/loudavymkrokem.cz\/es\/escenarios-sonrisas-salzburgo-austria\/#8_La_basilica_de_Mondsee_y_la_famosa_boda\" >8. La bas\u00edlica de Mondsee y la famosa boda<\/a><\/li><li class='ez-toc-page-1 ez-toc-heading-level-3'><a class=\"ez-toc-link ez-toc-heading-12\" href=\"https:\/\/loudavymkrokem.cz\/es\/escenarios-sonrisas-salzburgo-austria\/#9_La_Felsenreitschule_y_el_dramatico_concierto\" >9. La Felsenreitschule y el dram\u00e1tico concierto<\/a><\/li><li class='ez-toc-page-1 ez-toc-heading-level-3'><a class=\"ez-toc-link ez-toc-heading-13\" href=\"https:\/\/loudavymkrokem.cz\/es\/escenarios-sonrisas-salzburgo-austria\/#10_La_Residenzplatz_y_la_fuente_llena_de_confianza\" >10. La Residenzplatz y la fuente llena de confianza<\/a><\/li><li class='ez-toc-page-1 ez-toc-heading-level-3'><a class=\"ez-toc-link ez-toc-heading-14\" href=\"https:\/\/loudavymkrokem.cz\/es\/escenarios-sonrisas-salzburgo-austria\/#11_Excursion_a_Werfen_y_a_las_praderas_de_montana\" >11. Excursi\u00f3n a Werfen y a las praderas de monta\u00f1a<\/a><\/li><\/ul><\/li><li class='ez-toc-page-1 ez-toc-heading-level-2'><a class=\"ez-toc-link ez-toc-heading-15\" href=\"https:\/\/loudavymkrokem.cz\/es\/escenarios-sonrisas-salzburgo-austria\/#Sonrisas_y_lagrimas_que_es_verdad_y_que_es_Hollywood\" >Sonrisas y l\u00e1grimas: qu\u00e9 es verdad y qu\u00e9 es Hollywood<\/a><\/li><li class='ez-toc-page-1 ez-toc-heading-level-2'><a class=\"ez-toc-link ez-toc-heading-16\" href=\"https:\/\/loudavymkrokem.cz\/es\/escenarios-sonrisas-salzburgo-austria\/#Donde_alojarse_hoteles_en_Salzburgo_Austria\" >D\u00f3nde alojarse: hoteles en Salzburgo, Austria<\/a><\/li><li class='ez-toc-page-1 ez-toc-heading-level-2'><a class=\"ez-toc-link ez-toc-heading-17\" href=\"https:\/\/loudavymkrokem.cz\/es\/escenarios-sonrisas-salzburgo-austria\/#Donde_comer\" >D\u00f3nde comer<\/a><\/li><li class='ez-toc-page-1 ez-toc-heading-level-2'><a class=\"ez-toc-link ez-toc-heading-18\" href=\"https:\/\/loudavymkrokem.cz\/es\/escenarios-sonrisas-salzburgo-austria\/#Resumen_rapido_escenarios_de_cine_en_Salzburgo_y_alrededores\" >Resumen r\u00e1pido: escenarios de cine en Salzburgo y alrededores<\/a><\/li><li class='ez-toc-page-1 ez-toc-heading-level-2'><a class=\"ez-toc-link ez-toc-heading-19\" href=\"https:\/\/loudavymkrokem.cz\/es\/escenarios-sonrisas-salzburgo-austria\/#Adonde_ir_despues\" >Ad\u00f3nde ir despu\u00e9s<\/a><\/li><li class='ez-toc-page-1 ez-toc-heading-level-2'><a class=\"ez-toc-link ez-toc-heading-20\" href=\"https:\/\/loudavymkrokem.cz\/es\/escenarios-sonrisas-salzburgo-austria\/#Preguntas_frecuentes\" >Preguntas frecuentes<\/a><ul class='ez-toc-list-level-3' ><li class='ez-toc-heading-level-3'><a class=\"ez-toc-link ez-toc-heading-21\" href=\"https:\/\/loudavymkrokem.cz\/es\/escenarios-sonrisas-salzburgo-austria\/#%C2%BFSe_puede_entrar_al_famoso_cenador_de_la_pelicula\" >\u00bfSe puede entrar al famoso cenador de la pel\u00edcula?<\/a><\/li><li class='ez-toc-page-1 ez-toc-heading-level-3'><a class=\"ez-toc-link ez-toc-heading-22\" href=\"https:\/\/loudavymkrokem.cz\/es\/escenarios-sonrisas-salzburgo-austria\/#%C2%BFDonde_estaba_la_autentica_villa_de_la_familia_von_Trapp\" >\u00bfD\u00f3nde estaba la aut\u00e9ntica villa de la familia von Trapp?<\/a><\/li><li class='ez-toc-page-1 ez-toc-heading-level-3'><a class=\"ez-toc-link ez-toc-heading-23\" href=\"https:\/\/loudavymkrokem.cz\/es\/escenarios-sonrisas-salzburgo-austria\/#%C2%BFCuanto_cuesta_un_tour_organizado_de_Sonrisas_y_Lagrimas\" >\u00bfCu\u00e1nto cuesta un tour organizado de Sonrisas y L\u00e1grimas?<\/a><\/li><li class='ez-toc-page-1 ez-toc-heading-level-3'><a class=\"ez-toc-link ez-toc-heading-24\" href=\"https:\/\/loudavymkrokem.cz\/es\/escenarios-sonrisas-salzburgo-austria\/#%C2%BFNecesito_vineta_de_autopista_para_Austria\" >\u00bfNecesito vi\u00f1eta de autopista para Austria?<\/a><\/li><li class='ez-toc-page-1 ez-toc-heading-level-3'><a class=\"ez-toc-link ez-toc-heading-25\" href=\"https:\/\/loudavymkrokem.cz\/es\/escenarios-sonrisas-salzburgo-austria\/#%C2%BFEs_el_convento_de_Nonnberg_una_atraccion_turistica_convencional\" >\u00bfEs el convento de Nonnberg una atracci\u00f3n tur\u00edstica convencional?<\/a><\/li><li class='ez-toc-page-1 ez-toc-heading-level-3'><a class=\"ez-toc-link ez-toc-heading-26\" href=\"https:\/\/loudavymkrokem.cz\/es\/escenarios-sonrisas-salzburgo-austria\/#%C2%BFPuedo_visitar_el_palacio_Leopoldskron\" >\u00bfPuedo visitar el palacio Leopoldskron?<\/a><\/li><li class='ez-toc-page-1 ez-toc-heading-level-3'><a class=\"ez-toc-link ez-toc-heading-27\" href=\"https:\/\/loudavymkrokem.cz\/es\/escenarios-sonrisas-salzburgo-austria\/#%C2%BFA_donde_huyo_realmente_la_familia\" >\u00bfA d\u00f3nde huy\u00f3 realmente la familia?<\/a><\/li><li class='ez-toc-page-1 ez-toc-heading-level-3'><a class=\"ez-toc-link ez-toc-heading-28\" href=\"https:\/\/loudavymkrokem.cz\/es\/escenarios-sonrisas-salzburgo-austria\/#%C2%BFCual_es_la_mejor_epoca_para_visitar_Salzburgo\" >\u00bfCu\u00e1l es la mejor \u00e9poca para visitar Salzburgo?<\/a><\/li><\/ul><\/li><\/ul><\/nav><\/div>\n<h3 class=\"wp-block-heading\"><span class=\"ez-toc-section\" id=\"Resumen_para_quienes_no_tienen_tiempo_de_leer_el_articulo_entero\"><\/span>Resumen para quienes no tienen tiempo de leer el art\u00edculo entero<span class=\"ez-toc-section-end\"><\/span><\/h3>\n\n\n\n<ul class=\"wp-block-list\">\n\n<li>  <strong>La villa de la pel\u00edcula es una ilusi\u00f3n:<\/strong> est\u00e1 formada por la fachada del castillo Schloss Frohnburg y la terraza trasera junto al lago del Schloss Leopoldskron.<\/li>\n\n\n\n<li>  <strong>El famoso cenador se mud\u00f3:<\/strong> hoy ya no est\u00e1 junto al lago, sino que lo encontrar\u00e1s en el parque del palacio de Hellbrunn, aunque por motivos de seguridad no se puede entrar dentro.<\/li>\n\n\n\n<li>  <strong>El hogar real de la familia:<\/strong> la aut\u00e9ntica Villa Trapp se encuentra en el barrio de Aigen; hoy funciona como hotel y puedes dormir directamente en la habitaci\u00f3n de Maria.<\/li>\n\n\n\n<li>  <strong>Tours organizados:<\/strong> el cl\u00e1sico tour en autob\u00fas de <em>Sonrisas y l\u00e1grimas<\/em> dura unas 4 horas y cuesta alrededor de 80 \u20ac.<\/li>\n\n\n\n<li>  <strong>Cu\u00e1ndo venir:<\/strong> el mejor clima para las excursiones lo tienes entre mayo y septiembre; el Adviento tambi\u00e9n es espectacular, pero cuenta con multitudes.<\/li>\n\n\n\n<li>  <strong>Con qu\u00e9 tener cuidado:<\/strong> durante el festival de verano Salzburger Festspiele (julio y agosto) la ciudad se llena a rebosar y los precios del alojamiento se disparan.<\/li>\n\n\n\n<li>  <strong>Consejo principal para la visita:<\/strong> el convento de Nonnberg sigue siendo el hogar activo de las monjas, por lo que al visitar el patio y la capilla se exige absoluto silencio y respeto.<\/li>\n\n\n<\/ul>\n\n\n\n<figure data-wp-context=\"{&quot;imageId&quot;:&quot;6a9669797df0f&quot;}\" data-wp-interactive=\"core\/image\" data-wp-key=\"6a9669797df0f\" class=\"wp-block-image size-full wp-lightbox-container\"><img decoding=\"async\" width=\"1200\" height=\"630\" data-wp-class--hide=\"state.isContentHidden\" data-wp-class--show=\"state.isContentVisible\" data-wp-init=\"callbacks.setButtonStyles\" data-wp-on--click=\"actions.showLightbox\" data-wp-on--load=\"callbacks.setButtonStyles\" data-wp-on--pointerdown=\"actions.preloadImage\" data-wp-on--pointerenter=\"actions.preloadImageWithDelay\" data-wp-on--pointerleave=\"actions.cancelPreload\" data-wp-on-window--resize=\"callbacks.setButtonStyles\" src=\"https:\/\/loudavymkrokem.cz\/wp-content\/uploads\/2025\/05\/salzburg.jpg\" alt=\"Vista de Salzburgo con la fortaleza de Hohensalzburg\" class=\"wp-image-96716\" title=\"\" srcset=\"https:\/\/loudavymkrokem.cz\/wp-content\/uploads\/2025\/05\/salzburg.jpg 1200w, https:\/\/loudavymkrokem.cz\/wp-content\/uploads\/2025\/05\/salzburg-300x158.jpg 300w, https:\/\/loudavymkrokem.cz\/wp-content\/uploads\/2025\/05\/salzburg-700x368.jpg 700w, https:\/\/loudavymkrokem.cz\/wp-content\/uploads\/2025\/05\/salzburg-768x403.jpg 768w, https:\/\/loudavymkrokem.cz\/wp-content\/uploads\/2025\/05\/salzburg-696x365.jpg 696w\" sizes=\"(max-width: 1200px) 100vw, 1200px\" \/><button\n\t\t\tclass=\"lightbox-trigger\"\n\t\t\ttype=\"button\"\n\t\t\taria-haspopup=\"dialog\"\n\t\t\tdata-wp-bind--aria-label=\"state.thisImage.triggerButtonAriaLabel\"\n\t\t\tdata-wp-init=\"callbacks.initTriggerButton\"\n\t\t\tdata-wp-on--click=\"actions.showLightbox\"\n\t\t\tdata-wp-style--right=\"state.thisImage.buttonRight\"\n\t\t\tdata-wp-style--top=\"state.thisImage.buttonTop\"\n\t\t>\n\t\t\t<svg xmlns=\"http:\/\/www.w3.org\/2000\/svg\" width=\"12\" height=\"12\" fill=\"none\" viewBox=\"0 0 12 12\">\n\t\t\t\t<path fill=\"#fff\" d=\"M2 0a2 2 0 0 0-2 2v2h1.5V2a.5.5 0 0 1 .5-.5h2V0H2Zm2 10.5H2a.5.5 0 0 1-.5-.5V8H0v2a2 2 0 0 0 2 2h2v-1.5ZM8 12v-1.5h2a.5.5 0 0 0 .5-.5V8H12v2a2 2 0 0 1-2 2H8Zm2-12a2 2 0 0 1 2 2v2h-1.5V2a.5.5 0 0 0-.5-.5H8V0h2Z\" \/>\n\t\t\t<\/svg>\n\t\t<\/button><\/figure>\n\n\n\n<h2 class=\"wp-block-heading\"><span class=\"ez-toc-section\" id=\"Salzburgo_en_la_practica_como_llegar_y_cuando_ir\"><\/span>Salzburgo en la pr\u00e1ctica: c\u00f3mo llegar y cu\u00e1ndo ir<span class=\"ez-toc-section-end\"><\/span><\/h2>\n\n\n\n<p class=\"wp-block-paragraph\">Para los lectores desde Espa\u00f1a, lo m\u00e1s c\u00f3modo suele ser volar. Existen vuelos directos a distintos aeropuertos austriacos con Iberia, Vueling o Ryanair desde Madrid y Barcelona, y desde all\u00ed puedes continuar f\u00e1cilmente hasta la ciudad de Mozart. <strong>Salzburgo cuenta con su propio aeropuerto internacional<\/strong>, aunque otra opci\u00f3n muy pr\u00e1ctica es volar a M\u00fanich, desde donde llegas en coche o en tren en poco menos de dos horas.<\/p>\n\n\n\n<p class=\"wp-block-paragraph\">Si prefieres moverte en coche una vez en Austria, no olvides comprar la vi\u00f1eta de autopista (Austria\/Suiza) antes de circular por las autopistas; hoy en d\u00eda se adquiere f\u00e1cilmente online. La propia ciudad es bastante compacta y buena parte de sus monumentos se recorren a pie. Para las distancias m\u00e1s largas hasta los castillos de las afueras, <strong>los trolebuses y autobuses locales funcionan de maravilla<\/strong>, ya que pasan con mucha frecuencia y puntualidad.<\/p>\n\n\n\n<p class=\"wp-block-paragraph\">En cuanto al momento ideal para la visita, <strong>todo depende de tus expectativas y tu presupuesto<\/strong>. De mayo a septiembre hace el mejor tiempo para pasear por los jardines y hacer excursiones a los lagos. El Adviento es una \u00e9poca extremadamente popular, cuando los mercadillos de Salzburgo figuran entre los m\u00e1s encantadores de toda Europa, pero prep\u00e1rate para precios altos y colas de turistas. En cambio, <strong>los meses m\u00e1s caros son julio y agosto<\/strong>, cuando se celebra el famoso festival de verano y el alojamiento suele agotarse con mucha antelaci\u00f3n.<\/p>\n\n\n\n<h2 class=\"wp-block-heading\"><span class=\"ez-toc-section\" id=\"11_escenarios_de_la_pelicula_en_Salzburgo_Austria_y_alrededores\"><\/span>11 escenarios de la pel\u00edcula en Salzburgo, Austria, y alrededores<span class=\"ez-toc-section-end\"><\/span><\/h2>\n\n\n\n<p class=\"wp-block-paragraph\">Los lugares de rodaje son sorprendentemente numerosos y est\u00e1n repartidos por toda la ciudad. Aqu\u00ed tienes los que realmente merecen la pena y tambi\u00e9n aquellos ante los que, sinceramente, te advierto que no esperes milagros.<\/p>\n\n\n\n<figure data-wp-context=\"{&quot;imageId&quot;:&quot;6a9669797e3e0&quot;}\" data-wp-interactive=\"core\/image\" data-wp-key=\"6a9669797e3e0\" class=\"wp-block-image size-full wp-lightbox-container\"><img decoding=\"async\" width=\"1280\" height=\"1920\" data-wp-class--hide=\"state.isContentHidden\" data-wp-class--show=\"state.isContentVisible\" data-wp-init=\"callbacks.setButtonStyles\" data-wp-on--click=\"actions.showLightbox\" data-wp-on--load=\"callbacks.setButtonStyles\" data-wp-on--pointerdown=\"actions.preloadImage\" data-wp-on--pointerenter=\"actions.preloadImageWithDelay\" data-wp-on--pointerleave=\"actions.cancelPreload\" data-wp-on-window--resize=\"callbacks.setButtonStyles\" src=\"https:\/\/loudavymkrokem.cz\/wp-content\/uploads\/2026\/07\/mirabell-0.jpg\" alt=\"Jardines de Mirabell con vistas a la fortaleza de Hohensalzburg\" class=\"wp-image-350700\" title=\"\" srcset=\"https:\/\/loudavymkrokem.cz\/wp-content\/uploads\/2026\/07\/mirabell-0.jpg 1280w, https:\/\/loudavymkrokem.cz\/wp-content\/uploads\/2026\/07\/mirabell-0-200x300.jpg 200w, https:\/\/loudavymkrokem.cz\/wp-content\/uploads\/2026\/07\/mirabell-0-700x1050.jpg 700w, https:\/\/loudavymkrokem.cz\/wp-content\/uploads\/2026\/07\/mirabell-0-768x1152.jpg 768w, https:\/\/loudavymkrokem.cz\/wp-content\/uploads\/2026\/07\/mirabell-0-1024x1536.jpg 1024w, https:\/\/loudavymkrokem.cz\/wp-content\/uploads\/2026\/07\/mirabell-0-696x1044.jpg 696w\" sizes=\"(max-width: 1280px) 100vw, 1280px\" \/><button\n\t\t\tclass=\"lightbox-trigger\"\n\t\t\ttype=\"button\"\n\t\t\taria-haspopup=\"dialog\"\n\t\t\tdata-wp-bind--aria-label=\"state.thisImage.triggerButtonAriaLabel\"\n\t\t\tdata-wp-init=\"callbacks.initTriggerButton\"\n\t\t\tdata-wp-on--click=\"actions.showLightbox\"\n\t\t\tdata-wp-style--right=\"state.thisImage.buttonRight\"\n\t\t\tdata-wp-style--top=\"state.thisImage.buttonTop\"\n\t\t>\n\t\t\t<svg xmlns=\"http:\/\/www.w3.org\/2000\/svg\" width=\"12\" height=\"12\" fill=\"none\" viewBox=\"0 0 12 12\">\n\t\t\t\t<path fill=\"#fff\" d=\"M2 0a2 2 0 0 0-2 2v2h1.5V2a.5.5 0 0 1 .5-.5h2V0H2Zm2 10.5H2a.5.5 0 0 1-.5-.5V8H0v2a2 2 0 0 0 2 2h2v-1.5ZM8 12v-1.5h2a.5.5 0 0 0 .5-.5V8H12v2a2 2 0 0 1-2 2H8Zm2-12a2 2 0 0 1 2 2v2h-1.5V2a.5.5 0 0 0-.5-.5H8V0h2Z\" \/>\n\t\t\t<\/svg>\n\t\t<\/button><figcaption class=\"wp-element-caption\">Foto: Raimond Spekking, CC BY-SA 4.0, Wikimedia Commons<\/figcaption><\/figure>\n\n\n\n<h3 class=\"wp-block-heading\"><span class=\"ez-toc-section\" id=\"1_Los_Jardines_de_Mirabell_y_la_escalera_de_Do-Re-Mi\"><\/span>1. Los Jardines de Mirabell y la escalera de Do-Re-Mi<span class=\"ez-toc-section-end\"><\/span><\/h3>\n\n\n\n<p class=\"wp-block-paragraph\">Cuando se menciona Salzburgo y la pel\u00edcula <em>Sonrisas y l\u00e1grimas<\/em>, a la mayor\u00eda de la gente le vienen enseguida a la cabeza los <strong>Jardines de Mirabell con su ic\u00f3nica escalera<\/strong>. Estos jardines barrocos se encuentran en pleno coraz\u00f3n de la ciudad y representan una de las zonas de descanso m\u00e1s bonitas de toda Austria. Puedes pasear entre setos perfectamente recortados, admirar los coloridos parterres de flores y disfrutar de una <strong>preciosa vista de la fortaleza de Hohensalzburg<\/strong>, que se alza muy por encima de la ciudad.<\/p>\n\n\n\n<p class=\"wp-block-paragraph\">Para los fans del cine es una parada imprescindible, porque justo aqu\u00ed se rod\u00f3 el <strong>grandioso final de la famosa canci\u00f3n Do-Re-Mi<\/strong>. Maria y los ni\u00f1os saltan en esa escena por la escalera de piedra, que encontrar\u00e1s en la esquina noroeste de los jardines, usando los pelda\u00f1os como teclas gigantes. Esta juguetona secuencia incluye tambi\u00e9n la cercana <strong>Fuente de Pegaso<\/strong>, alrededor de la cual los personajes corretean alegremente. Todos estos lugares se ven exactamente como los recuerdas de la pantalla.<\/p>\n\n\n\n<p class=\"wp-block-paragraph\">Desde el punto de vista pr\u00e1ctico, seguro que te alegra saber que <strong>los jardines son de acceso libre y totalmente gratuito<\/strong>, as\u00ed que puedes acercarte varias veces al d\u00eda. La mejor luz para fotografiar la tienes a primera hora de la ma\u00f1ana, cuando evitas las mayores aglomeraciones de turistas de los autobuses. Y si ya tienes las piernas cansadas de caminar, los jardines son un lugar estupendo para sentarte en un banco, sacar un bocadillo y contemplar la fortaleza un rato.<\/p>\n\n\n\n<p class=\"wp-block-paragraph\">\ud83d\udca1 Consejo: si viajas a Salzburgo en invierno, ten en cuenta que <strong>los Jardines de Mirabell pierden parte de su encanto<\/strong>, ya que las esculturas suelen estar cubiertas para protegerlas de las heladas y los parterres est\u00e1n vac\u00edos. Aun as\u00ed, merece la pena acercarse aunque solo sea por la atm\u00f3sfera tranquila de la ciudad helada.<\/p>\n\n\n\n<figure data-wp-context=\"{&quot;imageId&quot;:&quot;6a9669797e8dd&quot;}\" data-wp-interactive=\"core\/image\" data-wp-key=\"6a9669797e8dd\" class=\"wp-block-image size-full wp-lightbox-container\"><img decoding=\"async\" width=\"1280\" height=\"1924\" data-wp-class--hide=\"state.isContentHidden\" data-wp-class--show=\"state.isContentVisible\" data-wp-init=\"callbacks.setButtonStyles\" data-wp-on--click=\"actions.showLightbox\" data-wp-on--load=\"callbacks.setButtonStyles\" data-wp-on--pointerdown=\"actions.preloadImage\" data-wp-on--pointerenter=\"actions.preloadImageWithDelay\" data-wp-on--pointerleave=\"actions.cancelPreload\" data-wp-on-window--resize=\"callbacks.setButtonStyles\" src=\"https:\/\/loudavymkrokem.cz\/wp-content\/uploads\/2026\/07\/nonnberg-0.jpg\" alt=\"Convento benedictino de Nonnberg sobre el casco antiguo de Salzburgo\" class=\"wp-image-350708\" title=\"\" srcset=\"https:\/\/loudavymkrokem.cz\/wp-content\/uploads\/2026\/07\/nonnberg-0.jpg 1280w, https:\/\/loudavymkrokem.cz\/wp-content\/uploads\/2026\/07\/nonnberg-0-200x300.jpg 200w, https:\/\/loudavymkrokem.cz\/wp-content\/uploads\/2026\/07\/nonnberg-0-700x1052.jpg 700w, https:\/\/loudavymkrokem.cz\/wp-content\/uploads\/2026\/07\/nonnberg-0-768x1154.jpg 768w, https:\/\/loudavymkrokem.cz\/wp-content\/uploads\/2026\/07\/nonnberg-0-1022x1536.jpg 1022w, https:\/\/loudavymkrokem.cz\/wp-content\/uploads\/2026\/07\/nonnberg-0-696x1046.jpg 696w\" sizes=\"(max-width: 1280px) 100vw, 1280px\" \/><button\n\t\t\tclass=\"lightbox-trigger\"\n\t\t\ttype=\"button\"\n\t\t\taria-haspopup=\"dialog\"\n\t\t\tdata-wp-bind--aria-label=\"state.thisImage.triggerButtonAriaLabel\"\n\t\t\tdata-wp-init=\"callbacks.initTriggerButton\"\n\t\t\tdata-wp-on--click=\"actions.showLightbox\"\n\t\t\tdata-wp-style--right=\"state.thisImage.buttonRight\"\n\t\t\tdata-wp-style--top=\"state.thisImage.buttonTop\"\n\t\t>\n\t\t\t<svg xmlns=\"http:\/\/www.w3.org\/2000\/svg\" width=\"12\" height=\"12\" fill=\"none\" viewBox=\"0 0 12 12\">\n\t\t\t\t<path fill=\"#fff\" d=\"M2 0a2 2 0 0 0-2 2v2h1.5V2a.5.5 0 0 1 .5-.5h2V0H2Zm2 10.5H2a.5.5 0 0 1-.5-.5V8H0v2a2 2 0 0 0 2 2h2v-1.5ZM8 12v-1.5h2a.5.5 0 0 0 .5-.5V8H12v2a2 2 0 0 1-2 2H8Zm2-12a2 2 0 0 1 2 2v2h-1.5V2a.5.5 0 0 0-.5-.5H8V0h2Z\" \/>\n\t\t\t<\/svg>\n\t\t<\/button><figcaption class=\"wp-element-caption\">Foto: Isiwal, CC BY-SA 4.0, Wikimedia Commons<\/figcaption><\/figure>\n\n\n\n<h3 class=\"wp-block-heading\"><span class=\"ez-toc-section\" id=\"2_El_convento_de_Nonnberg_y_la_vida_real_de_Maria\"><\/span>2. El convento de Nonnberg y la vida real de Maria<span class=\"ez-toc-section-end\"><\/span><\/h3>\n\n\n\n<p class=\"wp-block-paragraph\">El convento benedictino sobre la roca que domina el casco antiguo es el <strong>convento femenino m\u00e1s antiguo del mundo germanoparlante<\/strong>. Fue aqu\u00ed donde lleg\u00f3 la joven Maria como aspirante a monja y desde donde la enviaron a la familia Von Trapp para cuidar de los ni\u00f1os. La atm\u00f3sfera de este lugar es absolutamente envolvente y te llega el aliento de siglos de historia. Si consigues acceder muy temprano, tienes la oportunidad de coincidir con la misa matutina, en la que resuena el canto de las monjas: una experiencia que no se olvida f\u00e1cilmente.<\/p>\n\n\n\n<p class=\"wp-block-paragraph\">Al visitarlo es enormemente importante recordar que <strong>no es ninguna atracci\u00f3n de cine, sino el hogar real de las monjas<\/strong>. Solo se pueden ver el pintoresco patio y la preciosa capilla antigua, mientras que el resto del amplio complejo permanece tras puertas cerradas. La informaci\u00f3n oficial sobre los oficios religiosos la encontrar\u00e1s en la <a href=\"https:\/\/www.stiftnonnberg.at\" target=\"_blank\" rel=\"nofollow noopener\">web oficial del convento de Nonnberg<\/a>, que te recomiendo consultar antes de la visita.<\/p>\n\n\n\n<p class=\"wp-block-paragraph\">El camino hacia las puertas cuesta bastante, porque tienes que <strong>subir a pie por las empinadas escaleras desde el casco antiguo<\/strong>. Pero las vistas desde la terraza frente al convento hacia el sur de Salzburgo y las cumbres nevadas de los Alpes te compensar\u00e1n con creces el esfuerzo. Aqu\u00ed no se paga entrada, y precisamente por eso se espera a\u00fan m\u00e1s respeto hacia el car\u00e1cter sagrado del lugar.<\/p>\n\n\n\n<p class=\"wp-block-paragraph\">\ud83d\udca1 Consejo: piensa en la ropa adecuada, porque <strong>no te dejar\u00e1n entrar en la capilla con los hombros descubiertos ni con pantalones demasiado cortos<\/strong>. Siempre es buena idea llevar un pa\u00f1uelo con el que cubrirte antes de entrar, para no perturbar la tranquilidad de la comunidad.<\/p>\n\n\n\n<figure data-wp-context=\"{&quot;imageId&quot;:&quot;6a9669797ee4c&quot;}\" data-wp-interactive=\"core\/image\" data-wp-key=\"6a9669797ee4c\" class=\"wp-block-image size-full wp-lightbox-container\"><img decoding=\"async\" width=\"1280\" height=\"853\" data-wp-class--hide=\"state.isContentHidden\" data-wp-class--show=\"state.isContentVisible\" data-wp-init=\"callbacks.setButtonStyles\" data-wp-on--click=\"actions.showLightbox\" data-wp-on--load=\"callbacks.setButtonStyles\" data-wp-on--pointerdown=\"actions.preloadImage\" data-wp-on--pointerenter=\"actions.preloadImageWithDelay\" data-wp-on--pointerleave=\"actions.cancelPreload\" data-wp-on-window--resize=\"callbacks.setButtonStyles\" src=\"https:\/\/loudavymkrokem.cz\/wp-content\/uploads\/2026\/07\/gazebo-0.jpg\" alt=\"Cenador de cristal de Sonrisas y l\u00e1grimas en el parque de Hellbrunn\" class=\"wp-image-350714\" title=\"\" srcset=\"https:\/\/loudavymkrokem.cz\/wp-content\/uploads\/2026\/07\/gazebo-0.jpg 1280w, https:\/\/loudavymkrokem.cz\/wp-content\/uploads\/2026\/07\/gazebo-0-300x200.jpg 300w, https:\/\/loudavymkrokem.cz\/wp-content\/uploads\/2026\/07\/gazebo-0-700x466.jpg 700w, https:\/\/loudavymkrokem.cz\/wp-content\/uploads\/2026\/07\/gazebo-0-768x512.jpg 768w, https:\/\/loudavymkrokem.cz\/wp-content\/uploads\/2026\/07\/gazebo-0-696x464.jpg 696w\" sizes=\"(max-width: 1280px) 100vw, 1280px\" \/><button\n\t\t\tclass=\"lightbox-trigger\"\n\t\t\ttype=\"button\"\n\t\t\taria-haspopup=\"dialog\"\n\t\t\tdata-wp-bind--aria-label=\"state.thisImage.triggerButtonAriaLabel\"\n\t\t\tdata-wp-init=\"callbacks.initTriggerButton\"\n\t\t\tdata-wp-on--click=\"actions.showLightbox\"\n\t\t\tdata-wp-style--right=\"state.thisImage.buttonRight\"\n\t\t\tdata-wp-style--top=\"state.thisImage.buttonTop\"\n\t\t>\n\t\t\t<svg xmlns=\"http:\/\/www.w3.org\/2000\/svg\" width=\"12\" height=\"12\" fill=\"none\" viewBox=\"0 0 12 12\">\n\t\t\t\t<path fill=\"#fff\" d=\"M2 0a2 2 0 0 0-2 2v2h1.5V2a.5.5 0 0 1 .5-.5h2V0H2Zm2 10.5H2a.5.5 0 0 1-.5-.5V8H0v2a2 2 0 0 0 2 2h2v-1.5ZM8 12v-1.5h2a.5.5 0 0 0 .5-.5V8H12v2a2 2 0 0 1-2 2H8Zm2-12a2 2 0 0 1 2 2v2h-1.5V2a.5.5 0 0 0-.5-.5H8V0h2Z\" \/>\n\t\t\t<\/svg>\n\t\t<\/button><figcaption class=\"wp-element-caption\">Foto: Bede735, CC BY-SA 4.0, Wikimedia Commons<\/figcaption><\/figure>\n\n\n\n<h3 class=\"wp-block-heading\"><span class=\"ez-toc-section\" id=\"3_El_cenador_de_la_cancion_Sixteen_Going_on_Seventeen\"><\/span>3. El cenador de la canci\u00f3n Sixteen Going on Seventeen<span class=\"ez-toc-section-end\"><\/span><\/h3>\n\n\n\n<p class=\"wp-block-paragraph\">El famoso cenador de cristal en el que Liesl y Rolf bailan bajo la lluvia es, para muchos fans, el punto culminante absoluto de la visita. Originalmente estaba junto al lago, en los terrenos del castillo de Leopoldskron, pero por la enorme avalancha de turistas <strong>tuvo que trasladarse a un lugar m\u00e1s tranquilo<\/strong>. Hoy lo encontrar\u00e1s en el amplio parque p\u00fablico justo al lado del palacio de Hellbrunn, en el extremo sur de la ciudad. El entorno del cenador est\u00e1 rodeado de verde y ofrece la composici\u00f3n perfecta para tus fotos.<\/p>\n\n\n\n<p class=\"wp-block-paragraph\">Junto a este ic\u00f3nico pabell\u00f3n se inaugur\u00f3 hace poco un <strong>nuevo museo multimedia dedicado al rodaje de la pel\u00edcula<\/strong>. En \u00e9l encontrar\u00e1s un mont\u00f3n de atrezo interesante, exposiciones interactivas y an\u00e9cdotas del rodaje que har\u00e1n las delicias de cualquier aficionado. Es fascinante ver cu\u00e1nto trabajo cost\u00f3 crear la ilusi\u00f3n de una noche lluviosa cuando en realidad se rod\u00f3 en un c\u00e1lido d\u00eda de verano.<\/p>\n\n\n\n<p class=\"wp-block-paragraph\">Por desgracia, tengo que darte una noticia triste: no se puede entrar dentro del cenador por motivos de seguridad, porque hace a\u00f1os una visitante intent\u00f3 imitar el salto de baile sobre los bancos, se lesion\u00f3 gravemente y la ciudad prefiri\u00f3 cerrarlo con llave. As\u00ed que hoy solo puedes verlo y fotografiarlo por fuera.<\/p>\n\n\n\n<p class=\"wp-block-paragraph\">\ud83d\udca1 Consejo: aunque no puedas entrar, <strong>el parque de Hellbrunn es de acceso gratuito<\/strong> y ofrece espacio de sobra para hacerte bonitas fotos junto al cenador sin desconocidos de fondo. Lo ideal es combinar la visita con un paseo por los cercanos juegos de agua.<\/p>\n\n\n\n<figure data-wp-context=\"{&quot;imageId&quot;:&quot;6a9669797f2ac&quot;}\" data-wp-interactive=\"core\/image\" data-wp-key=\"6a9669797f2ac\" class=\"wp-block-image size-full wp-lightbox-container\"><img decoding=\"async\" width=\"1280\" height=\"933\" data-wp-class--hide=\"state.isContentHidden\" data-wp-class--show=\"state.isContentVisible\" data-wp-init=\"callbacks.setButtonStyles\" data-wp-on--click=\"actions.showLightbox\" data-wp-on--load=\"callbacks.setButtonStyles\" data-wp-on--pointerdown=\"actions.preloadImage\" data-wp-on--pointerenter=\"actions.preloadImageWithDelay\" data-wp-on--pointerleave=\"actions.cancelPreload\" data-wp-on-window--resize=\"callbacks.setButtonStyles\" src=\"https:\/\/loudavymkrokem.cz\/wp-content\/uploads\/2026\/07\/hellbrunn-2.jpg\" alt=\"Fuentes de agua sorpresa en el parque del palacio de Hellbrunn\" class=\"wp-image-350719\" title=\"\" srcset=\"https:\/\/loudavymkrokem.cz\/wp-content\/uploads\/2026\/07\/hellbrunn-2.jpg 1280w, https:\/\/loudavymkrokem.cz\/wp-content\/uploads\/2026\/07\/hellbrunn-2-300x219.jpg 300w, https:\/\/loudavymkrokem.cz\/wp-content\/uploads\/2026\/07\/hellbrunn-2-700x510.jpg 700w, https:\/\/loudavymkrokem.cz\/wp-content\/uploads\/2026\/07\/hellbrunn-2-768x560.jpg 768w, https:\/\/loudavymkrokem.cz\/wp-content\/uploads\/2026\/07\/hellbrunn-2-696x507.jpg 696w\" sizes=\"(max-width: 1280px) 100vw, 1280px\" \/><button\n\t\t\tclass=\"lightbox-trigger\"\n\t\t\ttype=\"button\"\n\t\t\taria-haspopup=\"dialog\"\n\t\t\tdata-wp-bind--aria-label=\"state.thisImage.triggerButtonAriaLabel\"\n\t\t\tdata-wp-init=\"callbacks.initTriggerButton\"\n\t\t\tdata-wp-on--click=\"actions.showLightbox\"\n\t\t\tdata-wp-style--right=\"state.thisImage.buttonRight\"\n\t\t\tdata-wp-style--top=\"state.thisImage.buttonTop\"\n\t\t>\n\t\t\t<svg xmlns=\"http:\/\/www.w3.org\/2000\/svg\" width=\"12\" height=\"12\" fill=\"none\" viewBox=\"0 0 12 12\">\n\t\t\t\t<path fill=\"#fff\" d=\"M2 0a2 2 0 0 0-2 2v2h1.5V2a.5.5 0 0 1 .5-.5h2V0H2Zm2 10.5H2a.5.5 0 0 1-.5-.5V8H0v2a2 2 0 0 0 2 2h2v-1.5ZM8 12v-1.5h2a.5.5 0 0 0 .5-.5V8H12v2a2 2 0 0 1-2 2H8Zm2-12a2 2 0 0 1 2 2v2h-1.5V2a.5.5 0 0 0-.5-.5H8V0h2Z\" \/>\n\t\t\t<\/svg>\n\t\t<\/button><figcaption class=\"wp-element-caption\">Foto: Zairon, CC BY-SA 4.0, Wikimedia Commons<\/figcaption><\/figure>\n\n\n\n<h3 class=\"wp-block-heading\"><span class=\"ez-toc-section\" id=\"4_El_palacio_de_Hellbrunn_y_sus_fuentes_sorpresa\"><\/span>4. El palacio de Hellbrunn y sus fuentes sorpresa<span class=\"ez-toc-section-end\"><\/span><\/h3>\n\n\n\n<p class=\"wp-block-paragraph\">Ya que estar\u00e1s junto al cenador, no te pierdas de ninguna manera el propio <strong>palacio barroco de Hellbrunn y sus c\u00e9lebres juegos de agua<\/strong>. Este palacio de verano se lo mand\u00f3 construir el arzobispo de Salzburgo con un objetivo muy claro: quer\u00eda divertirse y sorprender a sus invitados. Durante el rodaje de la pel\u00edcula, los ni\u00f1os actores pasaron aqu\u00ed mucho tiempo y, seg\u00fan cuentan los testigos, lo pasaron en grande entre las fuentes.<\/p>\n\n\n\n<p class=\"wp-block-paragraph\">El principal atractivo son, sin duda, las <strong>fuentes sorpresa, que llevan funcionando a la perfecci\u00f3n m\u00e1s de 400 a\u00f1os<\/strong>. Durante la visita guiada, el gu\u00eda te llevar\u00e1 por un jard\u00edn lleno de surtidores ocultos, teatros mec\u00e1nicos y juguetes de agua. El agua brota de ciervos de piedra, de las escaleras e incluso de discretos agujeros en el suelo. La visita dura poco menos de una hora y es una diversi\u00f3n incre\u00edble tanto para adultos como para ni\u00f1os.<\/p>\n\n\n\n<p class=\"wp-block-paragraph\">El horario de apertura y los precios actuales de las entradas puedes comprobarlos directamente en la <a href=\"https:\/\/www.hellbrunn.at\" target=\"_blank\" rel=\"nofollow noopener\">web del palacio de Hellbrunn<\/a>. La entrada incluye tanto los juegos de agua como la visita al propio palacio y a su enorme parque. Ten en cuenta que los juegos de agua funcionan <strong>solo de temporada, de abril a principios de noviembre<\/strong>.<\/p>\n\n\n\n<p class=\"wp-block-paragraph\">\ud83d\udca1 Consejo: si no quieres acabar empapado durante el recorrido por las fuentes, <strong>f\u00edjate bien en d\u00f3nde pisa el gu\u00eda<\/strong>. \u00c9l sabe exactamente d\u00f3nde est\u00e1n los surtidores ocultos y siempre se coloca en el \u00fanico punto seguro. Aun as\u00ed, es mejor que guardes c\u00e1maras y m\u00f3viles.<\/p>\n\n\n\n<figure data-wp-context=\"{&quot;imageId&quot;:&quot;6a9669797f738&quot;}\" data-wp-interactive=\"core\/image\" data-wp-key=\"6a9669797f738\" class=\"wp-block-image size-full wp-lightbox-container\"><img decoding=\"async\" width=\"1280\" height=\"853\" data-wp-class--hide=\"state.isContentHidden\" data-wp-class--show=\"state.isContentVisible\" data-wp-init=\"callbacks.setButtonStyles\" data-wp-on--click=\"actions.showLightbox\" data-wp-on--load=\"callbacks.setButtonStyles\" data-wp-on--pointerdown=\"actions.preloadImage\" data-wp-on--pointerenter=\"actions.preloadImageWithDelay\" data-wp-on--pointerleave=\"actions.cancelPreload\" data-wp-on-window--resize=\"callbacks.setButtonStyles\" src=\"https:\/\/loudavymkrokem.cz\/wp-content\/uploads\/2026\/07\/leopoldskron-2.jpg\" alt=\"Castillo de Leopoldskron sobre el lago Leopoldskroner Weiher\" class=\"wp-image-350726\" title=\"\" srcset=\"https:\/\/loudavymkrokem.cz\/wp-content\/uploads\/2026\/07\/leopoldskron-2.jpg 1280w, https:\/\/loudavymkrokem.cz\/wp-content\/uploads\/2026\/07\/leopoldskron-2-300x200.jpg 300w, https:\/\/loudavymkrokem.cz\/wp-content\/uploads\/2026\/07\/leopoldskron-2-700x466.jpg 700w, https:\/\/loudavymkrokem.cz\/wp-content\/uploads\/2026\/07\/leopoldskron-2-768x512.jpg 768w, https:\/\/loudavymkrokem.cz\/wp-content\/uploads\/2026\/07\/leopoldskron-2-696x464.jpg 696w\" sizes=\"(max-width: 1280px) 100vw, 1280px\" \/><button\n\t\t\tclass=\"lightbox-trigger\"\n\t\t\ttype=\"button\"\n\t\t\taria-haspopup=\"dialog\"\n\t\t\tdata-wp-bind--aria-label=\"state.thisImage.triggerButtonAriaLabel\"\n\t\t\tdata-wp-init=\"callbacks.initTriggerButton\"\n\t\t\tdata-wp-on--click=\"actions.showLightbox\"\n\t\t\tdata-wp-style--right=\"state.thisImage.buttonRight\"\n\t\t\tdata-wp-style--top=\"state.thisImage.buttonTop\"\n\t\t>\n\t\t\t<svg xmlns=\"http:\/\/www.w3.org\/2000\/svg\" width=\"12\" height=\"12\" fill=\"none\" viewBox=\"0 0 12 12\">\n\t\t\t\t<path fill=\"#fff\" d=\"M2 0a2 2 0 0 0-2 2v2h1.5V2a.5.5 0 0 1 .5-.5h2V0H2Zm2 10.5H2a.5.5 0 0 1-.5-.5V8H0v2a2 2 0 0 0 2 2h2v-1.5ZM8 12v-1.5h2a.5.5 0 0 0 .5-.5V8H12v2a2 2 0 0 1-2 2H8Zm2-12a2 2 0 0 1 2 2v2h-1.5V2a.5.5 0 0 0-.5-.5H8V0h2Z\" \/>\n\t\t\t<\/svg>\n\t\t<\/button><figcaption class=\"wp-element-caption\">Foto: ManfredK, CC BY-SA 4.0, Wikimedia Commons<\/figcaption><\/figure>\n\n\n\n<h3 class=\"wp-block-heading\"><span class=\"ez-toc-section\" id=\"5_Schloss_Leopoldskron_y_las_escenas_junto_al_lago\"><\/span>5. Schloss Leopoldskron y las escenas junto al lago<span class=\"ez-toc-section-end\"><\/span><\/h3>\n\n\n\n<p class=\"wp-block-paragraph\">Este majestuoso castillo sirvi\u00f3 a los cineastas como <strong>parte trasera de la villa familiar de los Von Trapp<\/strong>. Aqu\u00ed se encuentra la famosa terraza desde la que los ni\u00f1os y Maria cayeron de la barca al agua mientras intentaban dar la bienvenida al bar\u00f3n. Junto a este lago se levantaba tambi\u00e9n el famoso cenador, antes de que la ciudad prefiriera trasladarlo lejos. La vista del castillo con la superficie tranquila del lago y las cumbres alpinas de fondo es absolutamente impresionante.<\/p>\n\n\n\n<p class=\"wp-block-paragraph\">Hoy el castillo es un <strong>hotel de lujo y centro de conferencias<\/strong>. Ofrece decenas de habitaciones en el edificio anexo Meierhof y doce apartamentos exclusivos dentro del propio palacio hist\u00f3rico. Los precios orientativos parten de unos 399 \u20ac por una habitaci\u00f3n doble en temporada baja, mientras que por una noche dentro del palacio pagar\u00e1s en torno a 600 \u20ac. Si te alojas aqu\u00ed, tendr\u00e1s acceso a la preciosa biblioteca de Max Reinhardt, que inspir\u00f3 fuertemente los interiores de la pel\u00edcula.<\/p>\n\n\n\n<p class=\"wp-block-paragraph\">La informaci\u00f3n fundamental para todos los viajeros es que <strong>sin una reserva de alojamiento v\u00e1lida o un evento pagado no podr\u00e1s entrar<\/strong>. El castillo simplemente no es una atracci\u00f3n p\u00fablica corriente. Los detalles sobre las opciones de alojamiento los encontrar\u00e1s en la <a href=\"https:\/\/www.schloss-leopoldskron.com\" target=\"_blank\" rel=\"nofollow noopener\">web del Schloss Leopoldskron<\/a>. Si no duermes aqu\u00ed, tendr\u00e1s que conformarte con la vista desde la orilla opuesta del lago.<\/p>\n\n\n\n<p class=\"wp-block-paragraph\">\ud83d\udca1 Consejo: aunque no seas hu\u00e9sped del hotel, puedes pasear por el camino p\u00fablico que rodea el lago Leopoldskroner Weiher. <strong>Desde la orilla de enfrente conseguir\u00e1s las mejores fotos del castillo<\/strong> con las monta\u00f1as de fondo, y totalmente gratis.<\/p>\n\n\n\n<figure data-wp-context=\"{&quot;imageId&quot;:&quot;6a9669797fb58&quot;}\" data-wp-interactive=\"core\/image\" data-wp-key=\"6a9669797fb58\" class=\"wp-block-image size-full wp-lightbox-container\"><img decoding=\"async\" width=\"1280\" height=\"1071\" data-wp-class--hide=\"state.isContentHidden\" data-wp-class--show=\"state.isContentVisible\" data-wp-init=\"callbacks.setButtonStyles\" data-wp-on--click=\"actions.showLightbox\" data-wp-on--load=\"callbacks.setButtonStyles\" data-wp-on--pointerdown=\"actions.preloadImage\" data-wp-on--pointerenter=\"actions.preloadImageWithDelay\" data-wp-on--pointerleave=\"actions.cancelPreload\" data-wp-on-window--resize=\"callbacks.setButtonStyles\" src=\"https:\/\/loudavymkrokem.cz\/wp-content\/uploads\/2026\/07\/frohnburg-1.jpg\" alt=\"Fachada del castillo de Frohnburg, la fachada de cine de la villa Von Trapp\" class=\"wp-image-350731\" title=\"\" srcset=\"https:\/\/loudavymkrokem.cz\/wp-content\/uploads\/2026\/07\/frohnburg-1.jpg 1280w, https:\/\/loudavymkrokem.cz\/wp-content\/uploads\/2026\/07\/frohnburg-1-300x251.jpg 300w, https:\/\/loudavymkrokem.cz\/wp-content\/uploads\/2026\/07\/frohnburg-1-700x586.jpg 700w, https:\/\/loudavymkrokem.cz\/wp-content\/uploads\/2026\/07\/frohnburg-1-768x643.jpg 768w, https:\/\/loudavymkrokem.cz\/wp-content\/uploads\/2026\/07\/frohnburg-1-696x582.jpg 696w\" sizes=\"(max-width: 1280px) 100vw, 1280px\" \/><button\n\t\t\tclass=\"lightbox-trigger\"\n\t\t\ttype=\"button\"\n\t\t\taria-haspopup=\"dialog\"\n\t\t\tdata-wp-bind--aria-label=\"state.thisImage.triggerButtonAriaLabel\"\n\t\t\tdata-wp-init=\"callbacks.initTriggerButton\"\n\t\t\tdata-wp-on--click=\"actions.showLightbox\"\n\t\t\tdata-wp-style--right=\"state.thisImage.buttonRight\"\n\t\t\tdata-wp-style--top=\"state.thisImage.buttonTop\"\n\t\t>\n\t\t\t<svg xmlns=\"http:\/\/www.w3.org\/2000\/svg\" width=\"12\" height=\"12\" fill=\"none\" viewBox=\"0 0 12 12\">\n\t\t\t\t<path fill=\"#fff\" d=\"M2 0a2 2 0 0 0-2 2v2h1.5V2a.5.5 0 0 1 .5-.5h2V0H2Zm2 10.5H2a.5.5 0 0 1-.5-.5V8H0v2a2 2 0 0 0 2 2h2v-1.5ZM8 12v-1.5h2a.5.5 0 0 0 .5-.5V8H12v2a2 2 0 0 1-2 2H8Zm2-12a2 2 0 0 1 2 2v2h-1.5V2a.5.5 0 0 0-.5-.5H8V0h2Z\" \/>\n\t\t\t<\/svg>\n\t\t<\/button><figcaption class=\"wp-element-caption\">Foto: Erge123 (talk), CC BY-SA 3.0 at, Wikimedia Commons<\/figcaption><\/figure>\n\n\n\n<h3 class=\"wp-block-heading\"><span class=\"ez-toc-section\" id=\"6_Schloss_Frohnburg_y_la_fachada_de_cine_de_la_villa\"><\/span>6. Schloss Frohnburg y la fachada de cine de la villa<span class=\"ez-toc-section-end\"><\/span><\/h3>\n\n\n\n<p class=\"wp-block-paragraph\">Si Leopoldskron representaba la parte trasera de la casa, el <strong>Schloss Frohnburg del siglo XVII sirvi\u00f3 como fachada delantera<\/strong>. Aqu\u00ed se rodaron las escenas con la gran verja de hierro forjado, a la que Maria llega por primera vez con la guitarra en la mano cantando I Have Confidence. Tambi\u00e9n es por aqu\u00ed por donde la familia empuja el coche en secreto mientras intenta escapar de los nazis durante la tensa huida nocturna.<\/p>\n\n\n\n<p class=\"wp-block-paragraph\">Este palacete se encuentra en un tranquilo barrio residencial cerca del centro. Hoy en sus dependencias <strong>tiene su sede la universidad de m\u00fasica Mozarteum y funciona como residencia de estudiantes<\/strong>. Por ese motivo, el interior del edificio y el jard\u00edn contiguo est\u00e1n, por lo general, completamente cerrados al p\u00fablico. As\u00ed que tendr\u00e1s que conformarte solo con la vista desde la calle principal.<\/p>\n\n\n\n<p class=\"wp-block-paragraph\">El camino hasta el castillo es muy agradable, ya que conduce hasta \u00e9l <strong>una preciosa avenida de casta\u00f1os llamada Hellbrunner Allee<\/strong>. Puedes acercarte a pie o en bicicleta de camino desde el centro hacia el palacio de Hellbrunn. Es un lugar estupendo para una parada r\u00e1pida y fotografiar la famosa verja.<\/p>\n\n\n\n<p class=\"wp-block-paragraph\">\ud83d\udca1 Consejo: intenta coincidir con los momentos en que los estudiantes tienen las ventanas abiertas. A menudo <strong>escuchar\u00e1s practicar a futuros cantantes de \u00f3pera o violinistas<\/strong>, lo que aporta a la visita de este escenario de cine una preciosa dimensi\u00f3n musical.<\/p>\n\n\n\n<figure data-wp-context=\"{&quot;imageId&quot;:&quot;6a96697980045&quot;}\" data-wp-interactive=\"core\/image\" data-wp-key=\"6a96697980045\" class=\"wp-block-image size-full wp-lightbox-container\"><img decoding=\"async\" width=\"1280\" height=\"719\" data-wp-class--hide=\"state.isContentHidden\" data-wp-class--show=\"state.isContentVisible\" data-wp-init=\"callbacks.setButtonStyles\" data-wp-on--click=\"actions.showLightbox\" data-wp-on--load=\"callbacks.setButtonStyles\" data-wp-on--pointerdown=\"actions.preloadImage\" data-wp-on--pointerenter=\"actions.preloadImageWithDelay\" data-wp-on--pointerleave=\"actions.cancelPreload\" data-wp-on-window--resize=\"callbacks.setButtonStyles\" src=\"https:\/\/loudavymkrokem.cz\/wp-content\/uploads\/2026\/07\/leopoldskron-1.jpg\" alt=\"Salzburgo con el panorama alpino de fondo\" class=\"wp-image-350739\" title=\"\" srcset=\"https:\/\/loudavymkrokem.cz\/wp-content\/uploads\/2026\/07\/leopoldskron-1.jpg 1280w, https:\/\/loudavymkrokem.cz\/wp-content\/uploads\/2026\/07\/leopoldskron-1-300x169.jpg 300w, https:\/\/loudavymkrokem.cz\/wp-content\/uploads\/2026\/07\/leopoldskron-1-700x393.jpg 700w, https:\/\/loudavymkrokem.cz\/wp-content\/uploads\/2026\/07\/leopoldskron-1-768x431.jpg 768w, https:\/\/loudavymkrokem.cz\/wp-content\/uploads\/2026\/07\/leopoldskron-1-696x391.jpg 696w\" sizes=\"(max-width: 1280px) 100vw, 1280px\" \/><button\n\t\t\tclass=\"lightbox-trigger\"\n\t\t\ttype=\"button\"\n\t\t\taria-haspopup=\"dialog\"\n\t\t\tdata-wp-bind--aria-label=\"state.thisImage.triggerButtonAriaLabel\"\n\t\t\tdata-wp-init=\"callbacks.initTriggerButton\"\n\t\t\tdata-wp-on--click=\"actions.showLightbox\"\n\t\t\tdata-wp-style--right=\"state.thisImage.buttonRight\"\n\t\t\tdata-wp-style--top=\"state.thisImage.buttonTop\"\n\t\t>\n\t\t\t<svg xmlns=\"http:\/\/www.w3.org\/2000\/svg\" width=\"12\" height=\"12\" fill=\"none\" viewBox=\"0 0 12 12\">\n\t\t\t\t<path fill=\"#fff\" d=\"M2 0a2 2 0 0 0-2 2v2h1.5V2a.5.5 0 0 1 .5-.5h2V0H2Zm2 10.5H2a.5.5 0 0 1-.5-.5V8H0v2a2 2 0 0 0 2 2h2v-1.5ZM8 12v-1.5h2a.5.5 0 0 0 .5-.5V8H12v2a2 2 0 0 1-2 2H8Zm2-12a2 2 0 0 1 2 2v2h-1.5V2a.5.5 0 0 0-.5-.5H8V0h2Z\" \/>\n\t\t\t<\/svg>\n\t\t<\/button><figcaption class=\"wp-element-caption\">Foto: Arne M\u00fcseler, CC BY-SA 3.0 de, Wikimedia Commons<\/figcaption><\/figure>\n\n\n\n<h3 class=\"wp-block-heading\"><span class=\"ez-toc-section\" id=\"7_La_Villa_Trapp_de_Aigen_el_hogar_real_de_la_familia\"><\/span>7. La Villa Trapp de Aigen: el hogar real de la familia<span class=\"ez-toc-section-end\"><\/span><\/h3>\n\n\n\n<p class=\"wp-block-paragraph\">Mientras que la villa de la pel\u00edcula es una ilusi\u00f3n de Hollywood, <strong>la aut\u00e9ntica Villa Trapp existe de verdad y se encuentra en el barrio de Aigen<\/strong>. En esta espaciosa casa con un gran parque vivi\u00f3 la verdadera familia Von Trapp entre 1923 y 1938. El edificio tiene una historia fascinante y a la vez oscura, porque tras la huida de la familia a Am\u00e9rica la villa fue confiscada por el jerarca nazi Heinrich Himmler, que la convirti\u00f3 en su residencia de verano.<\/p>\n\n\n\n<p class=\"wp-block-paragraph\">Desde el final de la guerra hasta 2008, la villa estuvo estrictamente cerrada al p\u00fablico. Despu\u00e9s se convirti\u00f3 en un <strong>hotel boutique<\/strong>, donde se pod\u00eda dormir en las habitaciones originales de la familia, incluso en la suite donde vivi\u00f3 la propia Maria Augusta von Trapp cuando lleg\u00f3 a la casa como joven institutriz.<\/p>\n\n\n\n<p class=\"wp-block-paragraph\">\u26a0\ufe0f <strong>Antes del viaje, comprueba su funcionamiento.<\/strong> La informaci\u00f3n actualmente es contradictoria: los portales de reservas siguen ofreciendo la villa, mientras que otras fuentes la indican como cerrada al p\u00fablico. Si planeas el viaje por ella, escribe con antelaci\u00f3n directamente a los propietarios y no te f\u00edes solo de los portales.<\/p>\n\n\n\n<p class=\"wp-block-paragraph\">Llegar a la villa es muy f\u00e1cil: basta con subir al tren local y bajarte en la parada de Aigen, que queda justo al lado del parque. Fue precisamente desde esta peque\u00f1a estaci\u00f3n desde donde <strong>la familia real se march\u00f3 en tren hacia Italia<\/strong>, lo que echa por tierra por completo el mito cinematogr\u00e1fico de la dram\u00e1tica marcha nocturna por las monta\u00f1as nevadas.<\/p>\n\n\n\n<p class=\"wp-block-paragraph\">\ud83d\udca1 Consejo: si no quieres alojarte directamente en el hotel, <strong>puedes pagar una visita guiada por la casa y el parque<\/strong>. Estas visitas se celebran con regularidad y en ellas descubrir\u00e1s detalles incre\u00edbles sobre la vida real de la familia que ni siquiera aparecieron en la pel\u00edcula.<\/p>\n\n\n\n<figure data-wp-context=\"{&quot;imageId&quot;:&quot;6a96697980542&quot;}\" data-wp-interactive=\"core\/image\" data-wp-key=\"6a96697980542\" class=\"wp-block-image size-full wp-lightbox-container\"><img decoding=\"async\" width=\"1280\" height=\"853\" data-wp-class--hide=\"state.isContentHidden\" data-wp-class--show=\"state.isContentVisible\" data-wp-init=\"callbacks.setButtonStyles\" data-wp-on--click=\"actions.showLightbox\" data-wp-on--load=\"callbacks.setButtonStyles\" data-wp-on--pointerdown=\"actions.preloadImage\" data-wp-on--pointerenter=\"actions.preloadImageWithDelay\" data-wp-on--pointerleave=\"actions.cancelPreload\" data-wp-on-window--resize=\"callbacks.setButtonStyles\" src=\"https:\/\/loudavymkrokem.cz\/wp-content\/uploads\/2026\/07\/mondsee-0.jpg\" alt=\"Bas\u00edlica de San Miguel en Mondsee, donde se rod\u00f3 la boda de la pel\u00edcula\" class=\"wp-image-350749\" title=\"\" srcset=\"https:\/\/loudavymkrokem.cz\/wp-content\/uploads\/2026\/07\/mondsee-0.jpg 1280w, https:\/\/loudavymkrokem.cz\/wp-content\/uploads\/2026\/07\/mondsee-0-300x200.jpg 300w, https:\/\/loudavymkrokem.cz\/wp-content\/uploads\/2026\/07\/mondsee-0-700x466.jpg 700w, https:\/\/loudavymkrokem.cz\/wp-content\/uploads\/2026\/07\/mondsee-0-768x512.jpg 768w, https:\/\/loudavymkrokem.cz\/wp-content\/uploads\/2026\/07\/mondsee-0-696x464.jpg 696w\" sizes=\"(max-width: 1280px) 100vw, 1280px\" \/><button\n\t\t\tclass=\"lightbox-trigger\"\n\t\t\ttype=\"button\"\n\t\t\taria-haspopup=\"dialog\"\n\t\t\tdata-wp-bind--aria-label=\"state.thisImage.triggerButtonAriaLabel\"\n\t\t\tdata-wp-init=\"callbacks.initTriggerButton\"\n\t\t\tdata-wp-on--click=\"actions.showLightbox\"\n\t\t\tdata-wp-style--right=\"state.thisImage.buttonRight\"\n\t\t\tdata-wp-style--top=\"state.thisImage.buttonTop\"\n\t\t>\n\t\t\t<svg xmlns=\"http:\/\/www.w3.org\/2000\/svg\" width=\"12\" height=\"12\" fill=\"none\" viewBox=\"0 0 12 12\">\n\t\t\t\t<path fill=\"#fff\" d=\"M2 0a2 2 0 0 0-2 2v2h1.5V2a.5.5 0 0 1 .5-.5h2V0H2Zm2 10.5H2a.5.5 0 0 1-.5-.5V8H0v2a2 2 0 0 0 2 2h2v-1.5ZM8 12v-1.5h2a.5.5 0 0 0 .5-.5V8H12v2a2 2 0 0 1-2 2H8Zm2-12a2 2 0 0 1 2 2v2h-1.5V2a.5.5 0 0 0-.5-.5H8V0h2Z\" \/>\n\t\t\t<\/svg>\n\t\t<\/button><figcaption class=\"wp-element-caption\">Foto: Thomas Ledl, CC BY-SA 4.0, Wikimedia Commons<\/figcaption><\/figure>\n\n\n\n<h3 class=\"wp-block-heading\"><span class=\"ez-toc-section\" id=\"8_La_basilica_de_Mondsee_y_la_famosa_boda\"><\/span>8. La bas\u00edlica de Mondsee y la famosa boda<span class=\"ez-toc-section-end\"><\/span><\/h3>\n\n\n\n<p class=\"wp-block-paragraph\">Aunque la mayor parte de la acci\u00f3n transcurre en la propia Salzburgo, para rodar la rom\u00e1ntica escena de la boda los cineastas se desplazaron unos treinta kil\u00f3metros hacia el este. En un pintoresco pueblecito junto al lago del mismo nombre se alza la <strong>preciosa bas\u00edlica de San Miguel en Mondsee<\/strong>, cuya fachada amarilla y su interior ricamente decorado seguro que recuerdas de la grandiosa escena en la que Maria camina por el pasillo hacia el bar\u00f3n.<\/p>\n\n\n\n<p class=\"wp-block-paragraph\">La iglesia est\u00e1 muy bien conservada y es de <strong>acceso gratuito para el p\u00fablico durante todo el a\u00f1o<\/strong>. Dentro podr\u00e1s admirar los magn\u00edficos altares y recorrer exactamente los mismos lugares por los que camin\u00f3 la hero\u00edna de la pel\u00edcula. El pueblecito de Mondsee es en s\u00ed mismo enormemente encantador y ofrece un mont\u00f3n de cafeter\u00edas agradables donde disfrutar de un caf\u00e9 y del famoso strudel de manzana austriaco.<\/p>\n\n\n\n<p class=\"wp-block-paragraph\">Si vienes en los meses de verano, <strong>no dejes de meter el ba\u00f1ador en la maleta<\/strong>. El lago Mondsee es uno de los m\u00e1s c\u00e1lidos de toda la regi\u00f3n y ba\u00f1arse en sus aguas cristalinas con vistas a la majestuosa monta\u00f1a Schafberg es una experiencia que no deber\u00edas perderte.<\/p>\n\n\n\n<p class=\"wp-block-paragraph\">\ud83d\udca1 Consejo: a la bas\u00edlica llegas en coche por la autopista en aproximadamente media hora. Si no tienes coche, hasta aqu\u00ed llegan <strong>l\u00edneas regulares de autob\u00fas directas desde la estaci\u00f3n central de Salzburgo<\/strong>. El trayecto en autob\u00fas dura poco menos de una hora y ofrece bonitas vistas del paisaje.<\/p>\n\n\n\n<figure data-wp-context=\"{&quot;imageId&quot;:&quot;6a966979809c2&quot;}\" data-wp-interactive=\"core\/image\" data-wp-key=\"6a966979809c2\" class=\"wp-block-image size-full wp-lightbox-container\"><img decoding=\"async\" width=\"1280\" height=\"431\" data-wp-class--hide=\"state.isContentHidden\" data-wp-class--show=\"state.isContentVisible\" data-wp-init=\"callbacks.setButtonStyles\" data-wp-on--click=\"actions.showLightbox\" data-wp-on--load=\"callbacks.setButtonStyles\" data-wp-on--pointerdown=\"actions.preloadImage\" data-wp-on--pointerenter=\"actions.preloadImageWithDelay\" data-wp-on--pointerleave=\"actions.cancelPreload\" data-wp-on-window--resize=\"callbacks.setButtonStyles\" src=\"https:\/\/loudavymkrokem.cz\/wp-content\/uploads\/2026\/07\/felsenb-1.jpg\" alt=\"Edificio del Festival de Salzburgo en la Hofstallgasse\" class=\"wp-image-350759\" title=\"\" srcset=\"https:\/\/loudavymkrokem.cz\/wp-content\/uploads\/2026\/07\/felsenb-1.jpg 1280w, https:\/\/loudavymkrokem.cz\/wp-content\/uploads\/2026\/07\/felsenb-1-300x101.jpg 300w, https:\/\/loudavymkrokem.cz\/wp-content\/uploads\/2026\/07\/felsenb-1-700x236.jpg 700w, https:\/\/loudavymkrokem.cz\/wp-content\/uploads\/2026\/07\/felsenb-1-768x259.jpg 768w, https:\/\/loudavymkrokem.cz\/wp-content\/uploads\/2026\/07\/felsenb-1-696x234.jpg 696w\" sizes=\"(max-width: 1280px) 100vw, 1280px\" \/><button\n\t\t\tclass=\"lightbox-trigger\"\n\t\t\ttype=\"button\"\n\t\t\taria-haspopup=\"dialog\"\n\t\t\tdata-wp-bind--aria-label=\"state.thisImage.triggerButtonAriaLabel\"\n\t\t\tdata-wp-init=\"callbacks.initTriggerButton\"\n\t\t\tdata-wp-on--click=\"actions.showLightbox\"\n\t\t\tdata-wp-style--right=\"state.thisImage.buttonRight\"\n\t\t\tdata-wp-style--top=\"state.thisImage.buttonTop\"\n\t\t>\n\t\t\t<svg xmlns=\"http:\/\/www.w3.org\/2000\/svg\" width=\"12\" height=\"12\" fill=\"none\" viewBox=\"0 0 12 12\">\n\t\t\t\t<path fill=\"#fff\" d=\"M2 0a2 2 0 0 0-2 2v2h1.5V2a.5.5 0 0 1 .5-.5h2V0H2Zm2 10.5H2a.5.5 0 0 1-.5-.5V8H0v2a2 2 0 0 0 2 2h2v-1.5ZM8 12v-1.5h2a.5.5 0 0 0 .5-.5V8H12v2a2 2 0 0 1-2 2H8Zm2-12a2 2 0 0 1 2 2v2h-1.5V2a.5.5 0 0 0-.5-.5H8V0h2Z\" \/>\n\t\t\t<\/svg>\n\t\t<\/button><figcaption class=\"wp-element-caption\">Foto: User:Mateus2019, CC BY-SA 4.0, Wikimedia Commons<\/figcaption><\/figure>\n\n\n\n<!-- LKM_GYG_CARD start q=\"music lokace\" lang=\"es\" rendered=\"2026-08-31T00:41:15+00:00\" v=\"1\" -->\n\n<!-- LKM_GYG_CARD end -->\n\n\n\n\n<div class=\"lk-stays-module\">\n<style>\n\/* \u2500\u2500\u2500 RESET PRO GUTENBERG \u2500\u2500\u2500 *\/\n.lk-stays-module * { box-sizing: border-box; margin: 0; padding: 0; }\n\n\/* \u2500\u2500\u2500 WRAPPER \u2500\u2500\u2500 *\/\n.lk-stays-module {\n  font-family: 'DM Sans', Georgia, sans-serif;\n  max-width: 100%;\n  margin: 2.5rem auto;\n  background: linear-gradient(135deg, #fdfaf5 0%, #fcf8f0 100%);\n  border: 1px solid #e8dfd4;\n  border-radius: 16px;\n  overflow: hidden;\n  box-shadow: 0 16px 48px rgba(195, 159, 118, 0.25), 0 4px 12px rgba(0,0,0,0.08);\n}\n\n\/* \u2500\u2500\u2500 HEADER \u2500\u2500\u2500 *\/\n.lk-stays-header {\n  position: relative;\n  padding: 24px 36px 24px;\n  background: linear-gradient(135deg, #c39f76 0%, #d4b188 60%, #c39f76 100%);\n  border-bottom: 1px solid rgba(255,255,255,.15);\n  display: flex;\n  align-items: center;\n  gap: 18px;\n}\n.lk-stays-header::before {\n  content: '';\n  position: absolute;\n  inset: 0;\n  background: url(\"data:image\/svg+xml,%3Csvg width='60' height='60' viewBox='0 0 60 60' xmlns='http:\/\/www.w3.org\/2000\/svg'%3E%3Cg fill='none' fill-rule='evenodd'%3E%3Cg fill='%23ffffff' fill-opacity='0.05'%3E%3Cpath d='M36 34v-4h-2v4h-4v2h4v4h2v-4h4v-2h-4zm0-30V0h-2v4h-4v2h4v4h2V6h4V4h-4zM6 34v-4H4v4H0v2h4v4h2v-4h4v-2H6zM6 4V0H4v4H0v2h4v4h2V6h4V4H6z'\/%3E%3C\/g%3E%3C\/g%3E%3C\/svg%3E\") repeat;\n  pointer-events: none;\n}\n.lk-stays-icon {\n  flex-shrink: 0;\n  width: 68px;\n  height: 68px;\n  border-radius: 14px;\n  background: linear-gradient(135deg, #fff 0%, #f9f6f0 100%);\n  display: flex;\n  align-items: center;\n  justify-content: center;\n  font-size: 26px;\n  box-shadow: 0 4px 12px rgba(0,0,0,0.15);\n}\n.lk-stays-eyebrow {\n  font-size: 10px;\n  font-weight: 500;\n  letter-spacing: 2.5px;\n  text-transform: uppercase;\n  color: rgba(255,255,255,.85);\n  margin: 0 0 5px 0;\n}\n.lk-stays-title {\n  font-family: 'Playfair Display', Georgia, serif;\n  font-size: 24px;\n  font-weight: 700;\n  color: #fff;\n  line-height: 1.2;\n  text-shadow: 0 1px 2px rgba(0,0,0,0.1);\n  margin: 0;\n}\n.lk-stays-subtitle {\n  font-size: 13px;\n  color: rgba(255,255,255,.75);\n  margin: 4px 0 0 0;\n  font-weight: 300;\n}\n\n\/* \u2500\u2500\u2500 CARDS GRID \u2500\u2500\u2500 *\/\n.lk-stays-grid {\n  display: grid;\n  grid-template-columns: 1fr 1fr;\n  gap: 1px;\n  background: rgba(195, 159, 118, 0.12);\n}\n\n\/* \u2500\u2500\u2500 SINGLE CARD \u2500\u2500\u2500 *\/\n.lk-stay-card {\n  background: #ffffff;\n  padding: 26px;\n  display: flex;\n  flex-direction: column;\n  gap: 11px;\n  transition: all 0.3s ease;\n  text-decoration: none;\n  color: inherit;\n  position: relative;\n}\n.lk-stay-card:hover {\n  background: #fffbf5;\n  transform: translateY(-2px);\n  box-shadow: 0 8px 24px rgba(195, 159, 118, 0.18);\n  z-index: 1;\n}\n.lk-stay-card.featured {\n  background: linear-gradient(135deg, #fffdf9 0%, #fff9f0 100%);\n  box-shadow: 0 4px 16px rgba(195, 159, 118, 0.15), inset 0 1px 0 rgba(195, 159, 118, 0.1);\n}\n.lk-stay-card.featured:hover {\n  background: linear-gradient(135deg, #fffbf5 0%, #fff8ed 100%);\n  box-shadow: 0 8px 24px rgba(195, 159, 118, 0.25), inset 0 1px 0 rgba(195, 159, 118, 0.15);\n}\n\n.lk-stay-badge {\n  display: inline-flex;\n  align-items: center;\n  gap: 5px;\n  font-size: 10px;\n  font-weight: 500;\n  letter-spacing: 1.5px;\n  text-transform: uppercase;\n  padding: 5px 11px;\n  border-radius: 20px;\n  width: fit-content;\n}\n.badge-top     { background: linear-gradient(135deg, #c39f76 0%, #d4b188 100%); color: #fff; border: 1px solid #c39f76; font-weight: 600; box-shadow: 0 2px 8px rgba(195,159,118,0.3); }\n.badge-luxury  { background: rgba(195,159,118,.12); color: #c39f76; border: 1px solid rgba(195,159,118,.25); }\n.badge-boutique{ background: rgba(54,133,252,.08); color: #3685fc; border: 1px solid rgba(54,133,252,.2); }\n.badge-nature  { background: rgba(130,190,100,.1); color: #6b9c4a; border: 1px solid rgba(130,190,100,.2); }\n.badge-remote  { background: rgba(195,159,118,.12); color: #a67e50; border: 1px solid rgba(195,159,118,.25); }\n\n.lk-stay-name {\n  font-family: 'Playfair Display', Georgia, serif;\n  font-size: 18px;\n  font-weight: 700;\n  color: #111827;\n  line-height: 1.3;\n}\n.lk-stay-desc {\n  font-size: 13.5px;\n  color: #525252;\n  line-height: 1.65;\n  font-weight: 300;\n  flex: 1;\n}\n\n.lk-stay-meta {\n  display: flex;\n  align-items: center;\n  gap: 12px;\n  flex-wrap: wrap;\n  margin-top: 4px;\n}\n.lk-stay-price {\n  font-size: 13px;\n  color: #6b7280;\n}\n.lk-stay-price strong {\n  color: #c39f76;\n  font-weight: 500;\n}\n.lk-stay-stars {\n  color: #c39f76;\n  font-size: 11px;\n  letter-spacing: 1px;\n}\n\n\/* \u2500\u2500\u2500 CTA BUTTON \u2500\u2500\u2500 *\/\n.lk-stay-cta {\n  display: inline-flex;\n  align-items: center;\n  justify-content: center;\n  gap: 7px;\n  margin-top: 8px;\n  padding: 11px 20px;\n  border-radius: 8px;\n  background: linear-gradient(135deg, #3685fc 0%, #2a6fd9 100%);\n  color: #fff;\n  font-size: 13px;\n  font-weight: 500;\n  text-decoration: none;\n  letter-spacing: .3px;\n  transition: all .2s ease;\n  cursor: pointer;\n  border: none;\n  text-align: center;\n  box-shadow: 0 4px 12px rgba(54, 133, 252, 0.25);\n}\n.lk-stay-cta:hover {\n  background: linear-gradient(135deg, #2a6fd9 0%, #1e5bc4 100%);\n  transform: translateY(-1px);\n  box-shadow: 0 6px 16px rgba(54, 133, 252, 0.35);\n}\n.lk-stay-cta svg { flex-shrink: 0; }\n\n\/* \u2500\u2500\u2500 FOOTER \u2500\u2500\u2500 *\/\n.lk-stays-footer {\n  padding: 18px 36px;\n  background: linear-gradient(to bottom, #fdfaf5 0%, #f9f4ed 100%);\n  border-top: 1px solid rgba(195, 159, 118, 0.15);\n  display: flex;\n  align-items: center;\n  justify-content: space-between;\n  flex-wrap: wrap;\n  gap: 12px;\n}\n.lk-stays-footer-note {\n  font-size: 11.5px;\n  color: #6b7280;\n  font-weight: 300;\n  line-height: 1.5;\n}\n.lk-stays-footer-note a {\n  color: #c39f76;\n  text-decoration: none;\n  font-weight: 400;\n}\n.lk-stays-footer-note a:hover {\n  text-decoration: underline;\n}\n.lk-stays-all-btn {\n  display: inline-flex;\n  align-items: center;\n  gap: 6px;\n  font-size: 12.5px;\n  font-weight: 500;\n  color: #c39f76;\n  text-decoration: none;\n  border: 1px solid rgba(195, 159, 118, 0.35);\n  padding: 8px 18px;\n  border-radius: 8px;\n  transition: all .2s ease;\n}\n.lk-stays-all-btn:hover {\n  background: rgba(195, 159, 118, 0.08);\n  border-color: rgba(195, 159, 118, 0.5);\n}\n\n\/* \u2500\u2500\u2500 RESPONSIVE \u2500\u2500\u2500 *\/\n@media (max-width: 600px) {\n  .lk-stays-grid { grid-template-columns: 1fr; }\n  .lk-stays-header { padding: 24px 20px; }\n  .lk-stays-footer { padding: 16px 20px; }\n  .lk-stay-card { padding: 22px; }\n  .lk-stays-title { font-size: 20px; }\n}\n<\/style>\n\n  <!-- HEADER -->\n  <div class=\"lk-stays-header\">\n    <img decoding=\"async\" src=\"https:\/\/loudavymkrokem.cz\/wp-content\/uploads\/2026\/02\/lukas-a-lucka.jpg\" alt=\"\" style=\"width: 75px; height: 75px; border-radius: 8px; flex-shrink: 0; object-fit: cover; display: block; margin: 4px 0;\" title=\"\">\n    <div class=\"lk-stays-header-text\">\n      <div class=\"lk-stays-eyebrow\">Luk\u00e1\u0161 y Lucie recomiendan<\/div>\n      <div class=\"lk-stays-title\">D\u00f3nde alojarse en Salzburgo<\/div>\n      <div class=\"lk-stays-subtitle\">6 alojamientos \u2014 hoteles, hoteles wellness y otras opciones de hospedaje<\/div>\n    <\/div>\n  <\/div>\n\n  <!-- CARDS -->\n  <div class=\"lk-stays-grid\">\n\n    <a class=\"lk-stay-card featured\" href=\"https:\/\/www.stay22.com\/allez\/roam?aid=lukaskonecny&#038;campaign=loudavymkrokemcz&#038;campaign=es&#038;campaign=soundofmusiclokace&#038;address=Salcburk&#038;hotelname=Schloss+Leopoldskron&#038;search=Schloss+Leopoldskron&#038;category=accommodation\" target=\"_blank\" rel=\"nofollow noopener\">\n      <span class=\"lk-stay-badge badge-top\">\u2b50 MEJOR OPCI\u00d3N<\/span>\n      <span class=\"lk-stay-badge badge-nature\">\u2b50 Luxury<\/span>\n      <div class=\"lk-stay-name\">Schloss Leopoldskron<\/div>\n      <div class=\"lk-stay-desc\">Hotel de lujo en un castillo utilizado como escenario de cine. Desayuno en salones decorados, acceso a la biblioteca de Max Reinhardt.<\/div>\n      <div class=\"lk-stay-meta\">\n        <span class=\"lk-stay-stars\">\u2605\u2605\u2605\u2605<\/span>\n        <span class=\"lk-stay-price\">desde 399 EUR\/noche<\/span>\n      <\/div>\n      <span class=\"lk-stay-cta\">\n        <svg width=\"14\" height=\"14\" viewBox=\"0 0 24 24\" fill=\"none\" stroke=\"currentColor\" stroke-width=\"2\"><path d=\"M18 13v6a2 2 0 0 1-2 2H5a2 2 0 0 1-2-2V8a2 2 0 0 1 2-2h6\"\/><polyline points=\"15 3 21 3 21 9\"\/><line x1=\"10\" y1=\"14\" x2=\"21\" y2=\"3\"\/><\/svg>\n        Comprobar disponibilidad\n      <\/span>\n    <\/a>\n\n    <a class=\"lk-stay-card\" href=\"https:\/\/www.stay22.com\/allez\/roam?aid=lukaskonecny&#038;campaign=loudavymkrokemcz&#038;campaign=es&#038;campaign=soundofmusiclokace&#038;address=Salcburk&#038;hotelname=Villa+Trapp&#038;search=Villa+Trapp&#038;category=accommodation\" target=\"_blank\" rel=\"nofollow noopener\">\n      <span class=\"lk-stay-badge badge-nature\">\ud83c\udfe8 Hotel<\/span>\n      <div class=\"lk-stay-name\">Villa Trapp<\/div>\n      <div class=\"lk-stay-desc\">Hotel boutique en la verdadera casa de la familia von Trapp. Alojamiento en las habitaciones originales incluyendo el apartamento de Maria.<\/div>\n      <div class=\"lk-stay-meta\">\n        <span class=\"lk-stay-stars\">\u2605\u2605\u2605\u2605<\/span>\n        <span class=\"lk-stay-price\">Consultar precios<\/span>\n      <\/div>\n      <span class=\"lk-stay-cta\">\n        <svg width=\"14\" height=\"14\" viewBox=\"0 0 24 24\" fill=\"none\" stroke=\"currentColor\" stroke-width=\"2\"><path d=\"M18 13v6a2 2 0 0 1-2 2H5a2 2 0 0 1-2-2V8a2 2 0 0 1 2-2h6\"\/><polyline points=\"15 3 21 3 21 9\"\/><line x1=\"10\" y1=\"14\" x2=\"21\" y2=\"3\"\/><\/svg>\n        Comprobar disponibilidad\n      <\/span>\n    <\/a>\n\n    <a class=\"lk-stay-card\" href=\"https:\/\/www.stay22.com\/allez\/roam?aid=lukaskonecny&#038;campaign=loudavymkrokemcz&#038;campaign=es&#038;campaign=soundofmusiclokace&#038;address=Salcburk&#038;hotelname=Hotel+Sacher+Salzburg&#038;search=Hotel+Sacher+Salzburg&#038;category=accommodation\" target=\"_blank\" rel=\"nofollow noopener\">\n      <span class=\"lk-stay-badge badge-nature\">\u2b50 Luxury<\/span>\n      <div class=\"lk-stay-name\">Hotel Sacher Salzburg<\/div>\n      <div class=\"lk-stay-desc\">Ic\u00f3nico hotel de cinco estrellas a orillas del r\u00edo Salzach con c\u00e9lebre cafeter\u00eda y vistas al Casco Antiguo.<\/div>\n      <div class=\"lk-stay-meta\">\n        <span class=\"lk-stay-stars\">\u2605\u2605\u2605\u2605\u2605<\/span>\n        <span class=\"lk-stay-price\">Consultar precios<\/span>\n      <\/div>\n      <span class=\"lk-stay-cta\">\n        <svg width=\"14\" height=\"14\" viewBox=\"0 0 24 24\" fill=\"none\" stroke=\"currentColor\" stroke-width=\"2\"><path d=\"M18 13v6a2 2 0 0 1-2 2H5a2 2 0 0 1-2-2V8a2 2 0 0 1 2-2h6\"\/><polyline points=\"15 3 21 3 21 9\"\/><line x1=\"10\" y1=\"14\" x2=\"21\" y2=\"3\"\/><\/svg>\n        Comprobar disponibilidad\n      <\/span>\n    <\/a>\n\n    <a class=\"lk-stay-card\" href=\"https:\/\/www.stay22.com\/allez\/roam?aid=lukaskonecny&#038;campaign=loudavymkrokemcz&#038;campaign=es&#038;campaign=soundofmusiclokace&#038;address=Salcburk&#038;hotelname=Boutiquehotel+Am+Dom&#038;search=Boutiquehotel+Am+Dom&#038;category=accommodation\" target=\"_blank\" rel=\"nofollow noopener\">\n      <span class=\"lk-stay-badge badge-nature\">\ud83c\udfe8 Hotel<\/span>\n      <div class=\"lk-stay-name\">Boutiquehotel Am Dom<\/div>\n      <div class=\"lk-stay-desc\">Hotel de dise\u00f1o en el coraz\u00f3n del centro hist\u00f3rico. Mezcla sensible de vigas hist\u00f3ricas y dise\u00f1o italiano moderno.<\/div>\n      <div class=\"lk-stay-meta\">\n        <span class=\"lk-stay-stars\">\u2605\u2605\u2605\u2605<\/span>\n        <span class=\"lk-stay-price\">Consultar precios<\/span>\n      <\/div>\n      <span class=\"lk-stay-cta\">\n        <svg width=\"14\" height=\"14\" viewBox=\"0 0 24 24\" fill=\"none\" stroke=\"currentColor\" stroke-width=\"2\"><path d=\"M18 13v6a2 2 0 0 1-2 2H5a2 2 0 0 1-2-2V8a2 2 0 0 1 2-2h6\"\/><polyline points=\"15 3 21 3 21 9\"\/><line x1=\"10\" y1=\"14\" x2=\"21\" y2=\"3\"\/><\/svg>\n        Comprobar disponibilidad\n      <\/span>\n    <\/a>\n\n    <a class=\"lk-stay-card\" href=\"https:\/\/www.stay22.com\/allez\/roam?aid=lukaskonecny&#038;campaign=loudavymkrokemcz&#038;campaign=es&#038;campaign=soundofmusiclokace&#038;address=Salcburk&#038;hotelname=Hotel+Goldgasse&#038;search=Hotel+Goldgasse&#038;category=accommodation\" target=\"_blank\" rel=\"nofollow noopener\">\n      <span class=\"lk-stay-badge badge-nature\">\ud83c\udfe8 Hotel<\/span>\n      <div class=\"lk-stay-name\">Hotel Goldgasse<\/div>\n      <div class=\"lk-stay-desc\">Peque\u00f1o hotel boutique en una calle hist\u00f3rica. Cada habitaci\u00f3n tiene un motivo diferente, destaca por su atenci\u00f3n al detalle.<\/div>\n      <div class=\"lk-stay-meta\">\n        <span class=\"lk-stay-stars\">\u2605\u2605\u2605\u2605<\/span>\n        <span class=\"lk-stay-price\">Consultar precios<\/span>\n      <\/div>\n      <span class=\"lk-stay-cta\">\n        <svg width=\"14\" height=\"14\" viewBox=\"0 0 24 24\" fill=\"none\" stroke=\"currentColor\" stroke-width=\"2\"><path d=\"M18 13v6a2 2 0 0 1-2 2H5a2 2 0 0 1-2-2V8a2 2 0 0 1 2-2h6\"\/><polyline points=\"15 3 21 3 21 9\"\/><line x1=\"10\" y1=\"14\" x2=\"21\" y2=\"3\"\/><\/svg>\n        Comprobar disponibilidad\n      <\/span>\n    <\/a>\n\n    <a class=\"lk-stay-card\" href=\"https:\/\/www.stay22.com\/allez\/roam?aid=lukaskonecny&#038;campaign=loudavymkrokemcz&#038;campaign=es&#038;campaign=soundofmusiclokace&#038;address=Salcburk&#038;hotelname=IMLAUER+Hotel+Pitter&#038;search=IMLAUER+Hotel+Pitter&#038;category=accommodation\" target=\"_blank\" rel=\"nofollow noopener\">\n      <span class=\"lk-stay-badge badge-nature\">\ud83c\udfe8 Hotel<\/span>\n      <div class=\"lk-stay-name\">IMLAUER Hotel Pitter<\/div>\n      <div class=\"lk-stay-desc\">Hotel moderno junto a los Jardines de Mirabell con incre\u00edble bar en la azotea y vista panor\u00e1mica de la ciudad.<\/div>\n      <div class=\"lk-stay-meta\">\n        <span class=\"lk-stay-stars\">\u2605\u2605\u2605\u2605<\/span>\n        <span class=\"lk-stay-price\">Consultar precios<\/span>\n      <\/div>\n      <span class=\"lk-stay-cta\">\n        <svg width=\"14\" height=\"14\" viewBox=\"0 0 24 24\" fill=\"none\" stroke=\"currentColor\" stroke-width=\"2\"><path d=\"M18 13v6a2 2 0 0 1-2 2H5a2 2 0 0 1-2-2V8a2 2 0 0 1 2-2h6\"\/><polyline points=\"15 3 21 3 21 9\"\/><line x1=\"10\" y1=\"14\" x2=\"21\" y2=\"3\"\/><\/svg>\n        Comprobar disponibilidad\n      <\/span>\n    <\/a>\n\n  <\/div>\n\n  \n<\/div>\n\n\n\n\n<h3 class=\"wp-block-heading\"><span class=\"ez-toc-section\" id=\"9_La_Felsenreitschule_y_el_dramatico_concierto\"><\/span>9. La Felsenreitschule y el dram\u00e1tico concierto<span class=\"ez-toc-section-end\"><\/span><\/h3>\n\n\n\n<p class=\"wp-block-paragraph\">La Escuela de Equitaci\u00f3n de la Roca es uno de los espacios teatrales m\u00e1s extraordinarios del mundo. Estas <strong>fascinantes arcadas talladas directamente en la roca del monte M\u00f6nchsberg<\/strong> serv\u00edan originalmente para el adiestramiento de los caballos de los arzobispos de Salzburgo. En la pel\u00edcula aqu\u00ed transcurre la escena extremadamente tensa del concierto final del festival, tras el cual la familia Von Trapp desaparece entre bastidores e inicia su huida.<\/p>\n\n\n\n<p class=\"wp-block-paragraph\">A diferencia de muchos otros escenarios, la Felsenreitschule es un <strong>aut\u00e9ntico y muy prestigioso escenario del festival<\/strong>. Cada verano se celebran aqu\u00ed los estrenos oper\u00edsticos y teatrales m\u00e1s importantes en el marco del Festival de Salzburgo. Conseguir entradas para una funci\u00f3n requiere planificarlo con meses de antelaci\u00f3n y una cuenta bancaria bastante saneada.<\/p>\n\n\n\n<p class=\"wp-block-paragraph\">Por suerte, puedes ver el interior incluso sin una cara entrada de \u00f3pera: la ciudad organiza visitas guiadas diarias por los edificios del festival, de modo que recorrer\u00e1s con tranquilidad tanto la Escuela de Equitaci\u00f3n de la Roca como el enorme Gran Festival House acompa\u00f1ado de un gu\u00eda. Las visitas se consiguen f\u00e1cilmente in situ o puedes reservarlas con antelaci\u00f3n online, incluso a trav\u00e9s de portales como GetYourGuide.<\/p>\n\n\n\n<p class=\"wp-block-paragraph\">\ud83d\udca1 Consejo: las visitas se realizan en varios idiomas y duran unos cincuenta minutos. <strong>Te recomiendo consultar el horario en el centro de informaci\u00f3n nada m\u00e1s llegar por la ma\u00f1ana<\/strong>, porque durante los ensayos las rutas de las visitas a veces cambian o se limitan.<\/p>\n\n\n\n<figure data-wp-context=\"{&quot;imageId&quot;:&quot;6a96697980ebf&quot;}\" data-wp-interactive=\"core\/image\" data-wp-key=\"6a96697980ebf\" class=\"wp-block-image size-full wp-lightbox-container\"><img decoding=\"async\" width=\"1280\" height=\"853\" data-wp-class--hide=\"state.isContentHidden\" data-wp-class--show=\"state.isContentVisible\" data-wp-init=\"callbacks.setButtonStyles\" data-wp-on--click=\"actions.showLightbox\" data-wp-on--load=\"callbacks.setButtonStyles\" data-wp-on--pointerdown=\"actions.preloadImage\" data-wp-on--pointerenter=\"actions.preloadImageWithDelay\" data-wp-on--pointerleave=\"actions.cancelPreload\" data-wp-on-window--resize=\"callbacks.setButtonStyles\" src=\"https:\/\/loudavymkrokem.cz\/wp-content\/uploads\/2026\/07\/residenz-1.jpg\" alt=\"Fuente barroca Residenzbrunnen en la plaza Residenzplatz\" class=\"wp-image-350766\" title=\"\" srcset=\"https:\/\/loudavymkrokem.cz\/wp-content\/uploads\/2026\/07\/residenz-1.jpg 1280w, https:\/\/loudavymkrokem.cz\/wp-content\/uploads\/2026\/07\/residenz-1-300x200.jpg 300w, https:\/\/loudavymkrokem.cz\/wp-content\/uploads\/2026\/07\/residenz-1-700x466.jpg 700w, https:\/\/loudavymkrokem.cz\/wp-content\/uploads\/2026\/07\/residenz-1-768x512.jpg 768w, https:\/\/loudavymkrokem.cz\/wp-content\/uploads\/2026\/07\/residenz-1-696x464.jpg 696w\" sizes=\"(max-width: 1280px) 100vw, 1280px\" \/><button\n\t\t\tclass=\"lightbox-trigger\"\n\t\t\ttype=\"button\"\n\t\t\taria-haspopup=\"dialog\"\n\t\t\tdata-wp-bind--aria-label=\"state.thisImage.triggerButtonAriaLabel\"\n\t\t\tdata-wp-init=\"callbacks.initTriggerButton\"\n\t\t\tdata-wp-on--click=\"actions.showLightbox\"\n\t\t\tdata-wp-style--right=\"state.thisImage.buttonRight\"\n\t\t\tdata-wp-style--top=\"state.thisImage.buttonTop\"\n\t\t>\n\t\t\t<svg xmlns=\"http:\/\/www.w3.org\/2000\/svg\" width=\"12\" height=\"12\" fill=\"none\" viewBox=\"0 0 12 12\">\n\t\t\t\t<path fill=\"#fff\" d=\"M2 0a2 2 0 0 0-2 2v2h1.5V2a.5.5 0 0 1 .5-.5h2V0H2Zm2 10.5H2a.5.5 0 0 1-.5-.5V8H0v2a2 2 0 0 0 2 2h2v-1.5ZM8 12v-1.5h2a.5.5 0 0 0 .5-.5V8H12v2a2 2 0 0 1-2 2H8Zm2-12a2 2 0 0 1 2 2v2h-1.5V2a.5.5 0 0 0-.5-.5H8V0h2Z\" \/>\n\t\t\t<\/svg>\n\t\t<\/button><figcaption class=\"wp-element-caption\">Foto: Ank Kumar, CC BY-SA 4.0, Wikimedia Commons<\/figcaption><\/figure>\n\n\n\n<h3 class=\"wp-block-heading\"><span class=\"ez-toc-section\" id=\"10_La_Residenzplatz_y_la_fuente_llena_de_confianza\"><\/span>10. La Residenzplatz y la fuente llena de confianza<span class=\"ez-toc-section-end\"><\/span><\/h3>\n\n\n\n<p class=\"wp-block-paragraph\">En pleno centro hist\u00f3rico de la ciudad, rodeada de palacios y de un museo, se extiende la amplia plaza Residenzplatz. En su centro se alza una <strong>imponente fuente barroca con caballos encabritados<\/strong>, alrededor de la cual Maria salta alegremente con la maleta en la mano y salpica agua mientras canta I Have Confidence de camino desde el convento a su nuevo trabajo.<\/p>\n\n\n\n<p class=\"wp-block-paragraph\">La plaza es el epicentro absoluto de Salzburgo y es <strong>de acceso completamente libre en cualquier momento del d\u00eda<\/strong>. Adem\u00e1s de la famosa fuente, aqu\u00ed ver\u00e1s tambi\u00e9n la parada de los tradicionales coches de caballos llamados Fiaker, que aportan al lugar una atm\u00f3sfera hist\u00f3rica maravillosa. El cercano carill\u00f3n, por si fuera poco, toca melod\u00edas con regularidad, incluidas las de Mozart.<\/p>\n\n\n\n<p class=\"wp-block-paragraph\">Durante diciembre esta plaza se transforma por completo. <strong>Aqu\u00ed se celebra el mayor mercadillo de Adviento de Salzburgo<\/strong>, que huele a vino caliente, galletas de jengibre y casta\u00f1as asadas. Es un espect\u00e1culo precioso, pero por culpa de los puestos de madera casi no ver\u00e1s la propia fuente.<\/p>\n\n\n\n<p class=\"wp-block-paragraph\">\ud83d\udca1 Consejo: intenta pasar por la plaza a primera hora de la ma\u00f1ana, antes de que empiecen a circular los primeros coches de caballos tur\u00edsticos y antes de que abran los museos de los alrededores. <strong>Disfrutar\u00e1s de la incre\u00edble atm\u00f3sfera de la ciudad vac\u00eda<\/strong> y conseguir\u00e1s estupendas fotos de la enorme fuente sin multitudes.<\/p>\n\n\n\n<figure data-wp-context=\"{&quot;imageId&quot;:&quot;6a96697981371&quot;}\" data-wp-interactive=\"core\/image\" data-wp-key=\"6a96697981371\" class=\"wp-block-image size-full wp-lightbox-container\"><img decoding=\"async\" width=\"1280\" height=\"846\" data-wp-class--hide=\"state.isContentHidden\" data-wp-class--show=\"state.isContentVisible\" data-wp-init=\"callbacks.setButtonStyles\" data-wp-on--click=\"actions.showLightbox\" data-wp-on--load=\"callbacks.setButtonStyles\" data-wp-on--pointerdown=\"actions.preloadImage\" data-wp-on--pointerenter=\"actions.preloadImageWithDelay\" data-wp-on--pointerleave=\"actions.cancelPreload\" data-wp-on-window--resize=\"callbacks.setButtonStyles\" src=\"https:\/\/loudavymkrokem.cz\/wp-content\/uploads\/2026\/07\/werfen-2.jpg\" alt=\"Castillo de Hohenwerfen sobre el valle en las monta\u00f1as cerca de Werfen\" class=\"wp-image-350791\" title=\"\" srcset=\"https:\/\/loudavymkrokem.cz\/wp-content\/uploads\/2026\/07\/werfen-2.jpg 1280w, https:\/\/loudavymkrokem.cz\/wp-content\/uploads\/2026\/07\/werfen-2-300x198.jpg 300w, https:\/\/loudavymkrokem.cz\/wp-content\/uploads\/2026\/07\/werfen-2-700x463.jpg 700w, https:\/\/loudavymkrokem.cz\/wp-content\/uploads\/2026\/07\/werfen-2-768x508.jpg 768w, https:\/\/loudavymkrokem.cz\/wp-content\/uploads\/2026\/07\/werfen-2-696x460.jpg 696w\" sizes=\"(max-width: 1280px) 100vw, 1280px\" \/><button\n\t\t\tclass=\"lightbox-trigger\"\n\t\t\ttype=\"button\"\n\t\t\taria-haspopup=\"dialog\"\n\t\t\tdata-wp-bind--aria-label=\"state.thisImage.triggerButtonAriaLabel\"\n\t\t\tdata-wp-init=\"callbacks.initTriggerButton\"\n\t\t\tdata-wp-on--click=\"actions.showLightbox\"\n\t\t\tdata-wp-style--right=\"state.thisImage.buttonRight\"\n\t\t\tdata-wp-style--top=\"state.thisImage.buttonTop\"\n\t\t>\n\t\t\t<svg xmlns=\"http:\/\/www.w3.org\/2000\/svg\" width=\"12\" height=\"12\" fill=\"none\" viewBox=\"0 0 12 12\">\n\t\t\t\t<path fill=\"#fff\" d=\"M2 0a2 2 0 0 0-2 2v2h1.5V2a.5.5 0 0 1 .5-.5h2V0H2Zm2 10.5H2a.5.5 0 0 1-.5-.5V8H0v2a2 2 0 0 0 2 2h2v-1.5ZM8 12v-1.5h2a.5.5 0 0 0 .5-.5V8H12v2a2 2 0 0 1-2 2H8Zm2-12a2 2 0 0 1 2 2v2h-1.5V2a.5.5 0 0 0-.5-.5H8V0h2Z\" \/>\n\t\t\t<\/svg>\n\t\t<\/button><figcaption class=\"wp-element-caption\">Foto: Diego Delso, CC BY-SA 4.0, Wikimedia Commons<\/figcaption><\/figure>\n\n\n\n<h3 class=\"wp-block-heading\"><span class=\"ez-toc-section\" id=\"11_Excursion_a_Werfen_y_a_las_praderas_de_montana\"><\/span>11. Excursi\u00f3n a Werfen y a las praderas de monta\u00f1a<span class=\"ez-toc-section-end\"><\/span><\/h3>\n\n\n\n<p class=\"wp-block-paragraph\">Si dispones de coche y quieres vivir la aut\u00e9ntica atm\u00f3sfera de alta monta\u00f1a del comienzo de la pel\u00edcula, tienes que dirigirte hacia el sur. A unos cuarenta kil\u00f3metros de Salzburgo, cerca del pueblo de Werfen, se encuentra el famoso The Sound of Music Trail. Es exactamente la zona donde <strong>Maria canta en la pradera de monta\u00f1a la canci\u00f3n principal de todo el musical<\/strong> y gira con los brazos extendidos.<\/p>\n\n\n\n<p class=\"wp-block-paragraph\">El camino te llevar\u00e1 por preciosos miradores sobre el valle alpino y sobre el <strong>imponente castillo de Hohenwerfen, que se alza sobre una roca en medio del valle<\/strong>. La propia pradera con el banco de la pel\u00edcula est\u00e1 muy bien se\u00f1alizada y hasta ella conduce una ruta senderista sencilla. Es un lugar absolutamente perfecto para un p\u00edcnic con vistas al macizo del Tennengebirge.<\/p>\n\n\n\n<p class=\"wp-block-paragraph\">Ya que estar\u00e1s en Werfen, no dejes de visitar tampoco la <strong>cueva de hielo m\u00e1s grande del mundo, Eisriesenwelt<\/strong>. Se encuentra en lo alto de las monta\u00f1as y hay que subir en telef\u00e9rico y luego caminar un buen trecho a pie, pero las formaciones de hielo del interior son incre\u00edbles.<\/p>\n\n\n\n<p class=\"wp-block-paragraph\">\ud83d\udca1 Consejo: abr\u00edgate bien. Aunque abajo en Salzburgo haga un verano caluroso, <strong>dentro de la cueva de hielo hiela durante todo el a\u00f1o<\/strong> y en las praderas de monta\u00f1a sopla a menudo un viento fr\u00edo. El calzado resistente es una necesidad absoluta para esta excursi\u00f3n.<\/p>\n\n\n\n<figure data-wp-context=\"{&quot;imageId&quot;:&quot;6a9669798180e&quot;}\" data-wp-interactive=\"core\/image\" data-wp-key=\"6a9669798180e\" class=\"wp-block-image size-full wp-lightbox-container\"><img decoding=\"async\" width=\"640\" height=\"480\" data-wp-class--hide=\"state.isContentHidden\" data-wp-class--show=\"state.isContentVisible\" data-wp-init=\"callbacks.setButtonStyles\" data-wp-on--click=\"actions.showLightbox\" data-wp-on--load=\"callbacks.setButtonStyles\" data-wp-on--pointerdown=\"actions.preloadImage\" data-wp-on--pointerenter=\"actions.preloadImageWithDelay\" data-wp-on--pointerleave=\"actions.cancelPreload\" data-wp-on-window--resize=\"callbacks.setButtonStyles\" src=\"https:\/\/loudavymkrokem.cz\/wp-content\/uploads\/2026\/07\/frohnburg-0.jpg\" alt=\"Castillo de Frohnburg entre los \u00e1rboles a las afueras de Salzburgo\" class=\"wp-image-350825\" title=\"\" srcset=\"https:\/\/loudavymkrokem.cz\/wp-content\/uploads\/2026\/07\/frohnburg-0.jpg 640w, https:\/\/loudavymkrokem.cz\/wp-content\/uploads\/2026\/07\/frohnburg-0-300x225.jpg 300w, https:\/\/loudavymkrokem.cz\/wp-content\/uploads\/2026\/07\/frohnburg-0-80x60.jpg 80w, https:\/\/loudavymkrokem.cz\/wp-content\/uploads\/2026\/07\/frohnburg-0-160x120.jpg 160w\" sizes=\"(max-width: 640px) 100vw, 640px\" \/><button\n\t\t\tclass=\"lightbox-trigger\"\n\t\t\ttype=\"button\"\n\t\t\taria-haspopup=\"dialog\"\n\t\t\tdata-wp-bind--aria-label=\"state.thisImage.triggerButtonAriaLabel\"\n\t\t\tdata-wp-init=\"callbacks.initTriggerButton\"\n\t\t\tdata-wp-on--click=\"actions.showLightbox\"\n\t\t\tdata-wp-style--right=\"state.thisImage.buttonRight\"\n\t\t\tdata-wp-style--top=\"state.thisImage.buttonTop\"\n\t\t>\n\t\t\t<svg xmlns=\"http:\/\/www.w3.org\/2000\/svg\" width=\"12\" height=\"12\" fill=\"none\" viewBox=\"0 0 12 12\">\n\t\t\t\t<path fill=\"#fff\" d=\"M2 0a2 2 0 0 0-2 2v2h1.5V2a.5.5 0 0 1 .5-.5h2V0H2Zm2 10.5H2a.5.5 0 0 1-.5-.5V8H0v2a2 2 0 0 0 2 2h2v-1.5ZM8 12v-1.5h2a.5.5 0 0 0 .5-.5V8H12v2a2 2 0 0 1-2 2H8Zm2-12a2 2 0 0 1 2 2v2h-1.5V2a.5.5 0 0 0-.5-.5H8V0h2Z\" \/>\n\t\t\t<\/svg>\n\t\t<\/button><figcaption class=\"wp-element-caption\">Foto: Luckyprof (talk), CC BY-SA 3.0 at, Wikimedia Commons<\/figcaption><\/figure>\n\n\n\n<h2 class=\"wp-block-heading\"><span class=\"ez-toc-section\" id=\"Sonrisas_y_lagrimas_que_es_verdad_y_que_es_Hollywood\"><\/span>Sonrisas y l\u00e1grimas: qu\u00e9 es verdad y qu\u00e9 es Hollywood<span class=\"ez-toc-section-end\"><\/span><\/h2>\n\n\n\n<p class=\"wp-block-paragraph\">Cuando empiezas a indagar en la historia real, descubres que los cineastas jugaron con la realidad a fondo. La mayor ilusi\u00f3n es la propia villa de la familia Von Trapp. Como ya mencion\u00e9 al principio, <strong>la casa de la pantalla no existe en realidad<\/strong>. La parte delantera con la verja de hierro forjado pertenece al castillo de Frohnburg, la terraza trasera con el lago forma parte del castillo de Leopoldskron y todos los espaciosos interiores con la gigantesca escalera los construyeron los carpinteros en los estudios de Hollywood.<\/p>\n\n\n\n<p class=\"wp-block-paragraph\">A\u00fan m\u00e1s interesante es lo de la famosa huida. En la pel\u00edcula, la familia cruza dram\u00e1ticamente con las mochilas a la espalda las monta\u00f1as nevadas del Untersberg en direcci\u00f3n a Suiza. Suena genial, pero tiene una gran pega geogr\u00e1fica. <strong>El camino a trav\u00e9s de esas monta\u00f1as concretas los habr\u00eda llevado directamente a Alemania<\/strong>, a solo unos kil\u00f3metros de la residencia de monta\u00f1a de Hitler en Obersalzberg, en Berchtesgaden. La familia real simplemente cerr\u00f3 con llave la puerta de su casa del barrio de Aigen, camin\u00f3 hasta la cercana estaci\u00f3n de tren y se march\u00f3 tranquilamente a Italia y luego a Am\u00e9rica.<\/p>\n\n\n\n<p class=\"wp-block-paragraph\">Otro ejemplo de la log\u00edstica cinematogr\u00e1fica es el famoso cenador de cristal. Durante el rodaje estaba de verdad junto al lago del castillo de Leopoldskron. Pero tras el estreno empezaron a acudir a \u00e9l miles de fans y los propietarios de los terrenos no estaban nada contentos. <strong>Por eso la ciudad traslad\u00f3 el cenador<\/strong> al parque p\u00fablico del palacio de Hellbrunn, donde sigue hasta hoy, aunque cerrado con llave por la seguridad de los turistas que intentaban imitar los pasos de baile.<\/p>\n\n\n\n<p class=\"wp-block-paragraph\">Una paradoja interesante es c\u00f3mo perciben la pel\u00edcula los propios habitantes de la ciudad. Mientras que cada a\u00f1o llegan a Salzburgo cientos de miles de estadounidenses y brit\u00e1nicos solo por este musical, <strong>la mayor\u00eda de los austriacos locales nunca han visto la pel\u00edcula<\/strong>. Para ellos, Salzburgo sigue siendo ante todo la ciudad de Mozart y de la m\u00fasica cl\u00e1sica. Solo en los \u00faltimos a\u00f1os la ciudad ha sido plenamente consciente de su enorme potencial tur\u00edstico y ha empezado a promocionar y proteger m\u00e1s su legado cinematogr\u00e1fico.<\/p>\n\n\n\n<figure data-wp-context=\"{&quot;imageId&quot;:&quot;6a96697981e3b&quot;}\" data-wp-interactive=\"core\/image\" data-wp-key=\"6a96697981e3b\" class=\"wp-block-image size-full wp-lightbox-container\"><img decoding=\"async\" width=\"1280\" height=\"853\" data-wp-class--hide=\"state.isContentHidden\" data-wp-class--show=\"state.isContentVisible\" data-wp-init=\"callbacks.setButtonStyles\" data-wp-on--click=\"actions.showLightbox\" data-wp-on--load=\"callbacks.setButtonStyles\" data-wp-on--pointerdown=\"actions.preloadImage\" data-wp-on--pointerenter=\"actions.preloadImageWithDelay\" data-wp-on--pointerleave=\"actions.cancelPreload\" data-wp-on-window--resize=\"callbacks.setButtonStyles\" src=\"https:\/\/loudavymkrokem.cz\/wp-content\/uploads\/2024\/11\/ubytovani-salzburg.jpg\" alt=\"Alojamiento en el centro hist\u00f3rico de Salzburgo\" class=\"wp-image-90026\" title=\"\" srcset=\"https:\/\/loudavymkrokem.cz\/wp-content\/uploads\/2024\/11\/ubytovani-salzburg.jpg 1280w, https:\/\/loudavymkrokem.cz\/wp-content\/uploads\/2024\/11\/ubytovani-salzburg-300x200.jpg 300w, https:\/\/loudavymkrokem.cz\/wp-content\/uploads\/2024\/11\/ubytovani-salzburg-700x466.jpg 700w, https:\/\/loudavymkrokem.cz\/wp-content\/uploads\/2024\/11\/ubytovani-salzburg-768x512.jpg 768w, https:\/\/loudavymkrokem.cz\/wp-content\/uploads\/2024\/11\/ubytovani-salzburg-696x464.jpg 696w\" sizes=\"(max-width: 1280px) 100vw, 1280px\" \/><button\n\t\t\tclass=\"lightbox-trigger\"\n\t\t\ttype=\"button\"\n\t\t\taria-haspopup=\"dialog\"\n\t\t\tdata-wp-bind--aria-label=\"state.thisImage.triggerButtonAriaLabel\"\n\t\t\tdata-wp-init=\"callbacks.initTriggerButton\"\n\t\t\tdata-wp-on--click=\"actions.showLightbox\"\n\t\t\tdata-wp-style--right=\"state.thisImage.buttonRight\"\n\t\t\tdata-wp-style--top=\"state.thisImage.buttonTop\"\n\t\t>\n\t\t\t<svg xmlns=\"http:\/\/www.w3.org\/2000\/svg\" width=\"12\" height=\"12\" fill=\"none\" viewBox=\"0 0 12 12\">\n\t\t\t\t<path fill=\"#fff\" d=\"M2 0a2 2 0 0 0-2 2v2h1.5V2a.5.5 0 0 1 .5-.5h2V0H2Zm2 10.5H2a.5.5 0 0 1-.5-.5V8H0v2a2 2 0 0 0 2 2h2v-1.5ZM8 12v-1.5h2a.5.5 0 0 0 .5-.5V8H12v2a2 2 0 0 1-2 2H8Zm2-12a2 2 0 0 1 2 2v2h-1.5V2a.5.5 0 0 0-.5-.5H8V0h2Z\" \/>\n\t\t\t<\/svg>\n\t\t<\/button><\/figure>\n\n\n\n<h2 class=\"wp-block-heading\"><span class=\"ez-toc-section\" id=\"Donde_alojarse_hoteles_en_Salzburgo_Austria\"><\/span>D\u00f3nde alojarse: hoteles en Salzburgo, Austria<span class=\"ez-toc-section-end\"><\/span><\/h2>\n\n\n\n<p class=\"wp-block-paragraph\">El alojamiento en Salzburgo puede castigar bastante el presupuesto, sobre todo en verano y durante el Adviento. Pero si quieres sacarle el m\u00e1ximo partido a la visita, vale la pena pagar un poco por la ubicaci\u00f3n, porque caminar\u00e1s much\u00edsimo. El casco antiguo ofrece los hoteles hist\u00f3ricos m\u00e1s bonitos, pero cuenta con precios m\u00e1s altos y aparcamiento limitado. Si buscas opciones m\u00e1s baratas, echa un vistazo a los barrios cercanos a la estaci\u00f3n central o hacia los Jardines de Mirabell. <strong>Una experiencia totalmente \u00fanica es pasar la noche directamente en los escenarios de la pel\u00edcula<\/strong>.<\/p>\n\n\n\n<p class=\"wp-block-paragraph\">Aqu\u00ed tienes una lista de hoteles concretos y muy bien valorados que puedo recomendarte para tu visita:<\/p>\n\n\n\n<ul class=\"wp-block-list\">\n\n<li>  <strong>Schloss Leopoldskron:<\/strong> puedes dormir directamente en el castillo que sirvi\u00f3 de decorado junto al lago. Es una experiencia de lujo para los m\u00e1s exigentes, con impresionantes desayunos en salones decorados.<\/li>\n\n\n\n<li>  <strong>Villa Trapp:<\/strong> este hotel boutique se encuentra en el tranquilo barrio de Aigen y te permite dormir directamente en las habitaciones originales de la verdadera familia Von Trapp, incluida la suite de Maria.<\/li>\n\n\n\n<li>  <strong>Hotel Sacher Salzburg:<\/strong> este ic\u00f3nico hotel de cinco estrellas se encuentra justo a orillas del r\u00edo Salzach y, adem\u00e1s de un servicio de lujo, es famoso por su cafeter\u00eda absolutamente perfecta y sus vistas al casco antiguo.<\/li>\n\n\n\n<li>  <strong>Boutiquehotel Am Dom:<\/strong> este precioso hotel de dise\u00f1o lo encontrar\u00e1s en pleno coraz\u00f3n del centro hist\u00f3rico, junto a la catedral. Destaca por su cuidada mezcla de vigas hist\u00f3ricas y moderno dise\u00f1o italiano.<\/li>\n\n\n\n<li>  <strong>Hotel Goldgasse:<\/strong> este peque\u00f1o hotel boutique se esconde en la callejuela del mismo nombre. Cada habitaci\u00f3n tiene un motivo distinto y destacan sobre todo por su cuidado impecable de los detalles y su limpieza excepcional.<\/li>\n\n\n\n<li>  <strong>IMLAUER Hotel Pitter:<\/strong> este hotel moderno de mayor tama\u00f1o se encuentra a un paso de los Jardines de Mirabell. Te cautivar\u00e1 sobre todo por su incre\u00edble bar en la azotea y su restaurante con vistas panor\u00e1micas de la ciudad.<\/li>\n\n\n\n<li>  <strong>Motel One Salzburg-Mirabell:<\/strong> una opci\u00f3n fiable y m\u00e1s asequible a un paso del r\u00edo. Ofrece habitaciones modernas, aunque m\u00e1s peque\u00f1as, y funciona de maravilla como base para explorar la ciudad a pie.<\/li>\n\n\n<\/ul>\n\n\n\n<p class=\"wp-block-paragraph\">Para comparar f\u00e1cilmente los precios actuales y la disponibilidad de todos estos hoteles, <strong>te recomiendo usar el portal <a class=\"thirstylink\" rel=\"nofollow\" target=\"_blank\" title=\"Booking.com\" href=\"https:\/\/loudavymkrokem.cz\/doporucujeme\/booking-com\/\" data-shortcode=\"true\">Booking.com<\/a><\/strong>, donde tambi\u00e9n encontrar\u00e1s rese\u00f1as detalladas de hu\u00e9spedes anteriores.<\/p>\n\n\n\n\n<figure data-wp-context=\"{&quot;imageId&quot;:&quot;6a966979824a1&quot;}\" data-wp-interactive=\"core\/image\" data-wp-key=\"6a966979824a1\" class=\"wp-block-image size-full wp-lightbox-container\"><img decoding=\"async\" width=\"1200\" height=\"800\" data-wp-class--hide=\"state.isContentHidden\" data-wp-class--show=\"state.isContentVisible\" data-wp-init=\"callbacks.setButtonStyles\" data-wp-on--click=\"actions.showLightbox\" data-wp-on--load=\"callbacks.setButtonStyles\" data-wp-on--pointerdown=\"actions.preloadImage\" data-wp-on--pointerenter=\"actions.preloadImageWithDelay\" data-wp-on--pointerleave=\"actions.cancelPreload\" data-wp-on-window--resize=\"callbacks.setButtonStyles\" src=\"https:\/\/loudavymkrokem.cz\/wp-content\/uploads\/2025\/05\/co-videt-v-salzburgu-72.jpg\" alt=\"Callejuelas del casco antiguo de Salzburgo\" class=\"wp-image-96634\" title=\"\" srcset=\"https:\/\/loudavymkrokem.cz\/wp-content\/uploads\/2025\/05\/co-videt-v-salzburgu-72.jpg 1200w, https:\/\/loudavymkrokem.cz\/wp-content\/uploads\/2025\/05\/co-videt-v-salzburgu-72-300x200.jpg 300w, https:\/\/loudavymkrokem.cz\/wp-content\/uploads\/2025\/05\/co-videt-v-salzburgu-72-700x467.jpg 700w, https:\/\/loudavymkrokem.cz\/wp-content\/uploads\/2025\/05\/co-videt-v-salzburgu-72-768x512.jpg 768w, https:\/\/loudavymkrokem.cz\/wp-content\/uploads\/2025\/05\/co-videt-v-salzburgu-72-696x464.jpg 696w\" sizes=\"(max-width: 1200px) 100vw, 1200px\" \/><button\n\t\t\tclass=\"lightbox-trigger\"\n\t\t\ttype=\"button\"\n\t\t\taria-haspopup=\"dialog\"\n\t\t\tdata-wp-bind--aria-label=\"state.thisImage.triggerButtonAriaLabel\"\n\t\t\tdata-wp-init=\"callbacks.initTriggerButton\"\n\t\t\tdata-wp-on--click=\"actions.showLightbox\"\n\t\t\tdata-wp-style--right=\"state.thisImage.buttonRight\"\n\t\t\tdata-wp-style--top=\"state.thisImage.buttonTop\"\n\t\t>\n\t\t\t<svg xmlns=\"http:\/\/www.w3.org\/2000\/svg\" width=\"12\" height=\"12\" fill=\"none\" viewBox=\"0 0 12 12\">\n\t\t\t\t<path fill=\"#fff\" d=\"M2 0a2 2 0 0 0-2 2v2h1.5V2a.5.5 0 0 1 .5-.5h2V0H2Zm2 10.5H2a.5.5 0 0 1-.5-.5V8H0v2a2 2 0 0 0 2 2h2v-1.5ZM8 12v-1.5h2a.5.5 0 0 0 .5-.5V8H12v2a2 2 0 0 1-2 2H8Zm2-12a2 2 0 0 1 2 2v2h-1.5V2a.5.5 0 0 0-.5-.5H8V0h2Z\" \/>\n\t\t\t<\/svg>\n\t\t<\/button><\/figure>\n\n\n\n<h2 class=\"wp-block-heading\"><span class=\"ez-toc-section\" id=\"Donde_comer\"><\/span>D\u00f3nde comer<span class=\"ez-toc-section-end\"><\/span><\/h2>\n\n\n\n<p class=\"wp-block-paragraph\">Un aviso para todos los que lleguen con ropa ligera: la cocina austriaca no se anda con chiquitas en cuanto a las raciones. Los <strong>K\u00e4sesp\u00e4tzle<\/strong> (unos deliciosos y filamentosos \u00f1oquis de queso espolvoreados con cebolla dorada) son tan quesosos y contundentes como sugiere el nombre y te dejar\u00e1n saciado el d\u00eda entero. Y en cuanto al postre, los legendarios <strong>Salzburger Nockerl<\/strong> son tan grandes que te asustar\u00e1n un poco antes del primer bocado (adem\u00e1s se hornean con forma de tres cumbres alpinas). Tambi\u00e9n es delicioso el tradicional Kaiserschmarrn, un panqueque desmenuzado con pur\u00e9 de manzana, o el cl\u00e1sico strudel de manzana.<\/p>\n\n\n\n<p class=\"wp-block-paragraph\">Los amantes de la carne suelen pedir en los restaurantes locales el enorme <strong>escalope vien\u00e9s (Wiener Schnitzel) con ensalada de patata<\/strong> o el tradicional fest\u00edn campesino Bauernschmaus, un plato lleno de distintas carnes asadas y ahumadas con col y kn\u00f6del. Todas estas especialidades locales las sirven en el famoso restaurante <strong>B\u00e4renwirt<\/strong>, una de las tabernas m\u00e1s antiguas de la ciudad, donde cocinan de forma incre\u00edblemente honesta.<\/p>\n\n\n\n<p class=\"wp-block-paragraph\">Si buscas una experiencia excepcional, prueba a reservar mesa en el <strong>St. Peter Stiftskulinarium<\/strong>. Se dice que es el restaurante en funcionamiento m\u00e1s antiguo de Europa, tiene su sede en bodegas excavadas en la roca y su atm\u00f3sfera ancestral tiene, de verdad, un enorme encanto. Para el caf\u00e9 de la tarde y el famoso pastelito tienes que dirigirte a la hist\u00f3rica cafeter\u00eda <strong>Cafe Tomaselli<\/strong>, en la plaza Alter Markt, donde ya iba a tomar caf\u00e9 el propio Mozart. Y para una cena cl\u00e1sica con una excelente cerveza local y muy buen ambiente, te recomiendo el gran complejo <strong>Sternbr\u00e4u<\/strong>, que ofrece una enorme variedad de platos y una agradable terraza al aire libre.<\/p>\n\n\n\n<h2 class=\"wp-block-heading\"><span class=\"ez-toc-section\" id=\"Resumen_rapido_escenarios_de_cine_en_Salzburgo_y_alrededores\"><\/span>Resumen r\u00e1pido: escenarios de cine en Salzburgo y alrededores<span class=\"ez-toc-section-end\"><\/span><\/h2>\n\n\n\n<p class=\"wp-block-paragraph\">Para que te orientes mejor entre todos esos lugares, te he preparado una tabla clara con los escenarios de cine clave.<\/p>\n\n\n\n<figure class=\"wp-block-table\"><table><thead><tr><th>Escena o canci\u00f3n<\/th><th>Lugar real<\/th><th>D\u00f3nde est\u00e1<\/th><th>Accesibilidad<\/th><\/tr><\/thead>\n<tbody><tr><td>Canci\u00f3n Do-Re-Mi (final)<\/td><td>Jardines de Mirabell<\/td><td>Centro, junto al r\u00edo<\/td><td>Gratis, de acceso p\u00fablico<\/td><\/tr>\n<tr><td>Maria abandona el convento<\/td><td>Convento de Nonnberg<\/td><td>Sobre la roca del casco antiguo<\/td><td>Patio y capilla gratis, el resto cerrado<\/td><\/tr>\n<tr><td>Sixteen Going on Seventeen<\/td><td>Cenador de cristal<\/td><td>Parque del palacio de Hellbrunn<\/td><td>Parque gratis, cenador cerrado<\/td><\/tr>\n<tr><td>Los ni\u00f1os caen de la barca<\/td><td>Schloss Leopoldskron<\/td><td>Extremo sur de Salzburgo<\/td><td>Solo para hu\u00e9spedes del hotel<\/td><\/tr>\n<tr><td>Llegada a la villa (verja)<\/td><td>Schloss Frohnburg<\/td><td>Junto a Hellbrunner Allee<\/td><td>Sin acceso (universidad de m\u00fasica)<\/td><\/tr>\n<tr><td>Escondite antes de la huida<\/td><td>Felsenreitschule<\/td><td>Centro de la ciudad<\/td><td>Visitas guiadas con gu\u00eda<\/td><\/tr>\n<tr><td>Canci\u00f3n I Have Confidence<\/td><td>Residenzplatz y su fuente<\/td><td>Coraz\u00f3n del casco antiguo<\/td><td>Gratis, de acceso p\u00fablico<\/td><\/tr>\n<tr><td>Ceremonia de la boda<\/td><td>Bas\u00edlica de San Miguel<\/td><td>Pueblo de Mondsee (30 km)<\/td><td>Gratis, de acceso p\u00fablico<\/td><\/tr>\n<tr><td>Canci\u00f3n inicial en la pradera<\/td><td>The Sound of Music Trail<\/td><td>Pueblo de Werfen (40 km)<\/td><td>Gratis por ruta senderista<\/td><\/tr>\n<\/tbody><\/table><\/figure>\n\n\n\n<h2 class=\"wp-block-heading\"><span class=\"ez-toc-section\" id=\"Adonde_ir_despues\"><\/span>Ad\u00f3nde ir despu\u00e9s<span class=\"ez-toc-section-end\"><\/span><\/h2>\n\n\n\n<p class=\"wp-block-paragraph\">Si los paisajes austriacos te han entusiasmado, no tienes por qu\u00e9 quedarte solo en Salzburgo. Toda la regi\u00f3n del Salzkammergut, de la que Salzburgo es la puerta de entrada simb\u00f3lica, ofrece un sinf\u00edn de excursiones maravillosas. Los <a href=\"https:\/\/loudavymkrokem.cz\/es\/lagos-austria-mejores-lugares\/\">lagos de Austria<\/a>, de aguas cristalinas, quedan a solo unas decenas de minutos en coche y ofrecen el refresco veraniego perfecto y panoramas de monta\u00f1a que quitan el aliento.<\/p>\n\n\n\n<p class=\"wp-block-paragraph\">Si planeas unas vacaciones m\u00e1s largas y quieres conocer el pa\u00eds realmente a fondo, echa un vistazo a nuestro detallado <a href=\"https:\/\/loudavymkrokem.cz\/es\/roadtrip-austria-itinerario-14-dias\/\">roadtrip por Austria: itinerario de 14 d\u00edas<\/a>, que te llevar\u00e1 desde Viena por los Alpes hasta los puertos de alta monta\u00f1a m\u00e1s bonitos. Austria es, en definitiva, un pa\u00eds que ofrece mucho m\u00e1s de lo que la mayor\u00eda de la gente imagina antes de partir.<\/p>\n\n\n\n\n<p class=\"wp-block-paragraph\">Este art\u00edculo se centra en los escenarios de cine. Si buscas una gu\u00eda cl\u00e1sica de la ciudad con la fortaleza, la casa natal de Mozart, la catedral y consejos para excursiones por los alrededores, echa un vistazo a <a href=\"https:\/\/loudavymkrokem.cz\/es\/salzburgo-austria-que-ver\/\">Salzburgo: 23 cosas que ver<\/a>.<\/p>\n\n\n\n<h2 class=\"wp-block-heading\"><span class=\"ez-toc-section\" id=\"Preguntas_frecuentes\"><\/span>Preguntas frecuentes<span class=\"ez-toc-section-end\"><\/span><\/h2>\n\n\n\n<p class=\"wp-block-paragraph\">Al planear un viaje as\u00ed siempre surgen un mont\u00f3n de dudas pr\u00e1cticas. Por eso te he preparado respuestas r\u00e1pidas a las preguntas m\u00e1s frecuentes, ya sea sobre las entradas a los monumentos o sobre c\u00f3mo moverte por los alrededores.<\/p>\n\n\n<div id=\"rank-math-faq\" class=\"rank-math-block\">\n<div class=\"rank-math-list \">\n<div id=\"faq-question-1785261183000\" class=\"rank-math-list-item\">\n<h3 class=\"rank-math-question \"><span class=\"ez-toc-section\" id=\"%C2%BFSe_puede_entrar_al_famoso_cenador_de_la_pelicula\"><\/span>\u00bfSe puede entrar al famoso cenador de la pel\u00edcula?<span class=\"ez-toc-section-end\"><\/span><\/h3>\n<div class=\"rank-math-answer \">\n\n<p>Lamentablemente ya no es posible. Por motivos de seguridad, la ciudad ha cerrado el cenador permanentemente tras el incidente en el que una turista se lesion\u00f3 al intentar imitar las coreograf\u00edas de baile de la pel\u00edcula. Sin embargo, puedes contemplarlo de cerca y fotografiarlo en el parque del palacio de Hellbrunn.<\/p>\n\n<\/div>\n<\/div>\n<div id=\"faq-question-1785261183001\" class=\"rank-math-list-item\">\n<h3 class=\"rank-math-question \"><span class=\"ez-toc-section\" id=\"%C2%BFDonde_estaba_la_autentica_villa_de_la_familia_von_Trapp\"><\/span>\u00bfD\u00f3nde estaba la aut\u00e9ntica villa de la familia von Trapp?<span class=\"ez-toc-section-end\"><\/span><\/h3>\n<div class=\"rank-math-answer \">\n\n<p>La aut\u00e9ntica Villa Trapp se encuentra en el barrio de Aigen (Traunstra\u00dfe 34). Hoy funciona como un precioso hotel boutique donde puedes reservar una estancia y dormir en las habitaciones originales de la familia, incluso en el apartamento de Maria.<\/p>\n\n<\/div>\n<\/div>\n<div id=\"faq-question-1785261183002\" class=\"rank-math-list-item\">\n<h3 class=\"rank-math-question \"><span class=\"ez-toc-section\" id=\"%C2%BFCuanto_cuesta_un_tour_organizado_de_Sonrisas_y_Lagrimas\"><\/span>\u00bfCu\u00e1nto cuesta un tour organizado de Sonrisas y L\u00e1grimas?<span class=\"ez-toc-section-end\"><\/span><\/h3>\n<div class=\"rank-math-answer \">\n\n<p>El tour cl\u00e1sico en autob\u00fas que te lleva por las principales localizaciones de Salzburgo y la regi\u00f3n de los lagos dura aproximadamente cuatro horas. El precio parte desde 87 d\u00f3lares estadounidenses, lo que equivale a unos 80 \u20ac por persona.<\/p>\n\n<\/div>\n<\/div>\n<div id=\"faq-question-1785261183003\" class=\"rank-math-list-item\">\n<h3 class=\"rank-math-question \"><span class=\"ez-toc-section\" id=\"%C2%BFNecesito_vineta_de_autopista_para_Austria\"><\/span>\u00bfNecesito vi\u00f1eta de autopista para Austria?<span class=\"ez-toc-section-end\"><\/span><\/h3>\n<div class=\"rank-math-answer \">\n\n<p>S\u00ed, la vi\u00f1eta de autopista austriaca es totalmente obligatoria para circular por las autopistas. Si viajas desde Espa\u00f1a en coche, no olvides comprarla, preferiblemente con antelaci\u00f3n online en la p\u00e1gina oficial de ASFINAG.<\/p>\n\n<\/div>\n<\/div>\n<div id=\"faq-question-1785261183004\" class=\"rank-math-list-item\">\n<h3 class=\"rank-math-question \"><span class=\"ez-toc-section\" id=\"%C2%BFEs_el_convento_de_Nonnberg_una_atraccion_turistica_convencional\"><\/span>\u00bfEs el convento de Nonnberg una atracci\u00f3n tur\u00edstica convencional?<span class=\"ez-toc-section-end\"><\/span><\/h3>\n<div class=\"rank-math-answer \">\n\n<p>No, se trata de un convento benedictino activo. Solo es de acceso libre el pintoresco patio exterior y la capilla hist\u00f3rica. Durante la visita se requiere estrictamente un comportamiento silencioso y ropa adecuada que cubra los hombros.<\/p>\n\n<\/div>\n<\/div>\n<div id=\"faq-question-1785261183005\" class=\"rank-math-list-item\">\n<h3 class=\"rank-math-question \"><span class=\"ez-toc-section\" id=\"%C2%BFPuedo_visitar_el_palacio_Leopoldskron\"><\/span>\u00bfPuedo visitar el palacio Leopoldskron?<span class=\"ez-toc-section-end\"><\/span><\/h3>\n<div class=\"rank-math-answer \">\n\n<p>El palacio y su jard\u00edn est\u00e1n cerrados al p\u00fablico general. En su interior funciona un hotel de lujo privado y un centro de conferencias. Para poder entrar y ver la famosa terraza junto al lago, debes reservar alojamiento aqu\u00ed o participar en un evento de pago.<\/p>\n\n<\/div>\n<\/div>\n<div id=\"faq-question-1785261183006\" class=\"rank-math-list-item\">\n<h3 class=\"rank-math-question \"><span class=\"ez-toc-section\" id=\"%C2%BFA_donde_huyo_realmente_la_familia\"><\/span>\u00bfA d\u00f3nde huy\u00f3 realmente la familia?<span class=\"ez-toc-section-end\"><\/span><\/h3>\n<div class=\"rank-math-answer \">\n\n<p>A diferencia de la pel\u00edcula, no huyeron dram\u00e1ticamente a pie por las altas monta\u00f1as, porque eso les habr\u00eda llevado directamente a la Alemania nazi. La familia real simplemente cerr\u00f3 la casa, camin\u00f3 hasta la parada de Aigen y cogi\u00f3 un tren rumbo a Italia.<\/p>\n\n<\/div>\n<\/div>\n<div id=\"faq-question-1785261183007\" class=\"rank-math-list-item\">\n<h3 class=\"rank-math-question \"><span class=\"ez-toc-section\" id=\"%C2%BFCual_es_la_mejor_epoca_para_visitar_Salzburgo\"><\/span>\u00bfCu\u00e1l es la mejor \u00e9poca para visitar Salzburgo?<span class=\"ez-toc-section-end\"><\/span><\/h3>\n<div class=\"rank-math-answer \">\n\n<p>Para recorrer las localizaciones de la pel\u00edcula y los jardines, la \u00e9poca ideal es de mayo a septiembre. Tambi\u00e9n es muy popular la \u00e9poca de Adviento gracias a sus preciosos mercadillos. En cambio, evita julio y agosto, cuando la ciudad acoge un gran festival y los precios del alojamiento son extremadamente altos.<\/p>\n\n<\/div>\n<\/div>\n<\/div>\n<\/div>","protected":false},"excerpt":{"rendered":"<p>Descubre con nosotros Salzburgo, en Austria, tras las huellas de Sonrisas y l\u00e1grimas y encuentra los lugares donde acaba la ilusi\u00f3n del cine y empieza la fascinante realidad.<\/p>\n","protected":false},"author":3,"featured_media":350851,"comment_status":"open","ping_status":"open","sticky":false,"template":"","format":"standard","meta":{"_acf_changed":false,"footnotes":"","rank_math_title":"Salzburgo, Austria: 11 escenarios de Sonrisas y l\u00e1grimas","rank_math_description":"Recorre Salzburgo, en Austria, tras las huellas de Sonrisas y l\u00e1grimas: 11 escenarios de cine, mapa, consejos y hoteles. \u00a1Descubre qu\u00e9 es verdad y qu\u00e9 es Hollywood!","rank_math_focus_keyword":"salzburgo austria","rank_math_seo_score":""},"categories":[1024,996,980],"tags":[],"class_list":["post-408374","post","type-post","status-publish","format-standard","has-post-thumbnail","category-austria","category-europa","category-viajes"],"acf":[],"featured_image_src":"https:\/\/loudavymkrokem.cz\/wp-content\/uploads\/2026\/07\/pevnost-1.jpg","author_info":{"display_name":"Lucie Kone\u010dn\u00e1","author_link":"https:\/\/loudavymkrokem.cz\/es\/author\/lucie-konecna\/"},"_links":{"self":[{"href":"https:\/\/loudavymkrokem.cz\/es\/wp-json\/wp\/v2\/posts\/408374","targetHints":{"allow":["GET"]}}],"collection":[{"href":"https:\/\/loudavymkrokem.cz\/es\/wp-json\/wp\/v2\/posts"}],"about":[{"href":"https:\/\/loudavymkrokem.cz\/es\/wp-json\/wp\/v2\/types\/post"}],"author":[{"embeddable":true,"href":"https:\/\/loudavymkrokem.cz\/es\/wp-json\/wp\/v2\/users\/3"}],"replies":[{"embeddable":true,"href":"https:\/\/loudavymkrokem.cz\/es\/wp-json\/wp\/v2\/comments?post=408374"}],"version-history":[{"count":0,"href":"https:\/\/loudavymkrokem.cz\/es\/wp-json\/wp\/v2\/posts\/408374\/revisions"}],"wp:featuredmedia":[{"embeddable":true,"href":"https:\/\/loudavymkrokem.cz\/es\/wp-json\/wp\/v2\/media\/350851"}],"wp:attachment":[{"href":"https:\/\/loudavymkrokem.cz\/es\/wp-json\/wp\/v2\/media?parent=408374"}],"wp:term":[{"taxonomy":"category","embeddable":true,"href":"https:\/\/loudavymkrokem.cz\/es\/wp-json\/wp\/v2\/categories?post=408374"},{"taxonomy":"post_tag","embeddable":true,"href":"https:\/\/loudavymkrokem.cz\/es\/wp-json\/wp\/v2\/tags?post=408374"}],"curies":[{"name":"wp","href":"https:\/\/api.w.org\/{rel}","templated":true}]}}