{"id":151249,"date":"2026-04-24T18:21:09","date_gmt":"2026-04-24T16:21:09","guid":{"rendered":"https:\/\/loudavymkrokem.cz\/?p=151249"},"modified":"2026-04-30T11:07:22","modified_gmt":"2026-04-30T09:07:22","slug":"puente-carlos-praga-guia","status":"publish","type":"post","link":"https:\/\/loudavymkrokem.cz\/es\/puente-carlos-praga-guia\/","title":{"rendered":"Puente Carlos de Praga: Gu\u00eda de una local (historia, estatuas, mejor hora)"},"content":{"rendered":"<p>Cuando por las ma\u00f1anas corr\u00eda hacia mi primera clase en el instituto de Mal\u00e1 Strana, a veces me desviaba a prop\u00f3sito y alargaba el camino cruzando el Puente Carlos de Praga (en realidad, muchas veces simplemente me sub\u00eda al tranv\u00eda equivocado). <strong>A las siete y media de la ma\u00f1ana, sobre todo en un noviembre h\u00famedo y gris, reinaba un silencio especial que solo romp\u00edan los graznidos de las gaviotas y el repiqueteo de mis propios pasos sobre el empedrado mojado.<\/strong><\/p>\n<p>La niebla del r\u00edo Moldava envolv\u00eda la treintena de estatuas barrocas y yo ten\u00eda la sensaci\u00f3n de que esa conexi\u00f3n g\u00f3tica entre la Ciudad Vieja y Mal\u00e1 Strana me pertenec\u00eda solo a m\u00ed por un instante. Unos a\u00f1os despu\u00e9s, empec\u00e9 a ir al puente a sentarme a las 3 de la madrugada. A pensar. Muchas veces me echaba la polic\u00eda, as\u00ed que mejor no lo intentes.<\/p>\n<p>Con Luk\u00e1\u0161, tras nuestra primera cita en el Castillo de Praga, bajamos por las escaleras del Castillo y acabamos justo aqu\u00ed, <strong>a los pies de las torres de Mal\u00e1 Strana.<\/strong> Hoy volvemos como padres y descubro con horror lo mucho que ese maldito empedrado y los bordillos traquetean cuando intentas maniobrar con Jon\u00e1\u0161, de dos a\u00f1os, en el cochecito. <strong>El lugar en s\u00ed no ha cambiado desde mis a\u00f1os de estudiante, pero mi forma de verlo s\u00ed. Ya no intento abrirme paso entre la multitud al mediod\u00eda; prefiero madrugar o venir tarde por la noche, cuando la ciudad por fin respira.<\/strong><\/p>\n<p>A menudo los extranjeros me preguntan si merece la pena acercarse al monumento m\u00e1s famoso de Praga cuando est\u00e1 permanentemente asediado por las masas. Mi respuesta es rotunda: s\u00ed, pero hay que saber c\u00f3mo hacerlo. No se trata solo de cruzar de una orilla a otra. Se trata de fijarse en los detalles, conocer un poco el contexto y elegir el momento adecuado en el que una atracci\u00f3n abarrotada vuelve a convertirse en un lugar m\u00edstico cargado de historia.<\/p>\n<p>Ven por la ma\u00f1ana, ven de noche, ven bajo la lluvia \u2014 solo lee primero lo que quiero contarte para que todo cobre sentido.<\/p>\n<figure class=\"wp-block-image size-full\"><img loading=\"lazy\" decoding=\"async\" width=\"1200\" height=\"800\" src=\"https:\/\/loudavymkrokem.cz\/wp-content\/uploads\/2025\/03\/recenze-domus-balthasar-praha-s-batoletem-3.jpg\" alt=\"El Puente Carlos de Praga a un minuto andando\" class=\"wp-image-94712\" title=\"\" srcset=\"https:\/\/loudavymkrokem.cz\/wp-content\/uploads\/2025\/03\/recenze-domus-balthasar-praha-s-batoletem-3.jpg 1200w, https:\/\/loudavymkrokem.cz\/wp-content\/uploads\/2025\/03\/recenze-domus-balthasar-praha-s-batoletem-3-300x200.jpg 300w, https:\/\/loudavymkrokem.cz\/wp-content\/uploads\/2025\/03\/recenze-domus-balthasar-praha-s-batoletem-3-700x467.jpg 700w, https:\/\/loudavymkrokem.cz\/wp-content\/uploads\/2025\/03\/recenze-domus-balthasar-praha-s-batoletem-3-768x512.jpg 768w, https:\/\/loudavymkrokem.cz\/wp-content\/uploads\/2025\/03\/recenze-domus-balthasar-praha-s-batoletem-3-696x464.jpg 696w\" sizes=\"auto, (max-width: 1200px) 100vw, 1200px\"><figcaption class=\"wp-element-caption\">Praga<\/figcaption><\/figure>\n<div id=\"ez-toc-container\" class=\"ez-toc-v2_0_82_2 ez-toc-wrap-left counter-hierarchy ez-toc-counter ez-toc-grey ez-toc-container-direction\">\n<div class=\"ez-toc-title-container\">\n<p class=\"ez-toc-title\" style=\"cursor:inherit\">Contenido del art\u00edculo<\/p>\n<span class=\"ez-toc-title-toggle\"><a href=\"#\" class=\"ez-toc-pull-right ez-toc-btn ez-toc-btn-xs ez-toc-btn-default ez-toc-toggle\" aria-label=\"Alternar tabla de contenidos\"><span class=\"ez-toc-js-icon-con\"><span class=\"\"><span class=\"eztoc-hide\" style=\"display:none;\">Toggle<\/span><span class=\"ez-toc-icon-toggle-span\"><svg style=\"fill: #999;color:#999\" xmlns=\"http:\/\/www.w3.org\/2000\/svg\" class=\"list-377408\" width=\"20px\" height=\"20px\" viewBox=\"0 0 24 24\" fill=\"none\"><path d=\"M6 6H4v2h2V6zm14 0H8v2h12V6zM4 11h2v2H4v-2zm16 0H8v2h12v-2zM4 16h2v2H4v-2zm16 0H8v2h12v-2z\" fill=\"currentColor\"><\/path><\/svg><svg style=\"fill: #999;color:#999\" class=\"arrow-unsorted-368013\" xmlns=\"http:\/\/www.w3.org\/2000\/svg\" width=\"10px\" height=\"10px\" viewBox=\"0 0 24 24\" version=\"1.2\" baseProfile=\"tiny\"><path d=\"M18.2 9.3l-6.2-6.3-6.2 6.3c-.2.2-.3.4-.3.7s.1.5.3.7c.2.2.4.3.7.3h11c.3 0 .5-.1.7-.3.2-.2.3-.5.3-.7s-.1-.5-.3-.7zM5.8 14.7l6.2 6.3 6.2-6.3c.2-.2.3-.5.3-.7s-.1-.5-.3-.7c-.2-.2-.4-.3-.7-.3h-11c-.3 0-.5.1-.7.3-.2.2-.3.5-.3.7s.1.5.3.7z\"\/><\/svg><\/span><\/span><\/span><\/a><\/span><\/div>\n<nav><ul class='ez-toc-list ez-toc-list-level-1 ' ><ul class='ez-toc-list-level-3' ><li class='ez-toc-heading-level-3'><a class=\"ez-toc-link ez-toc-heading-1\" href=\"https:\/\/loudavymkrokem.cz\/es\/puente-carlos-praga-guia\/#Resumen\" >Resumen<\/a><\/li><\/ul><\/li><li class='ez-toc-page-1 ez-toc-heading-level-2'><a class=\"ez-toc-link ez-toc-heading-2\" href=\"https:\/\/loudavymkrokem.cz\/es\/puente-carlos-praga-guia\/#Cuando_visitar_el_Puente_Carlos\" >Cu\u00e1ndo visitar el Puente Carlos<\/a><ul class='ez-toc-list-level-3' ><li class='ez-toc-heading-level-3'><a class=\"ez-toc-link ez-toc-heading-3\" href=\"https:\/\/loudavymkrokem.cz\/es\/puente-carlos-praga-guia\/#La_magia_del_amanecer\" >La magia del amanecer<\/a><\/li><li class='ez-toc-page-1 ez-toc-heading-level-3'><a class=\"ez-toc-link ez-toc-heading-4\" href=\"https:\/\/loudavymkrokem.cz\/es\/puente-carlos-praga-guia\/#El_bullicio_de_la_tarde_y_la_calma_nocturna\" >El bullicio de la tarde y la calma nocturna<\/a><\/li><\/ul><\/li><li class='ez-toc-page-1 ez-toc-heading-level-2'><a class=\"ez-toc-link ez-toc-heading-5\" href=\"https:\/\/loudavymkrokem.cz\/es\/puente-carlos-praga-guia\/#Donde_alojarse\" >D\u00f3nde alojarse<\/a><\/li><li class='ez-toc-page-1 ez-toc-heading-level-2'><a class=\"ez-toc-link ez-toc-heading-6\" href=\"https:\/\/loudavymkrokem.cz\/es\/puente-carlos-praga-guia\/#Historia_y_arquitectura_del_Puente_Carlos\" >Historia y arquitectura del Puente Carlos<\/a><ul class='ez-toc-list-level-3' ><li class='ez-toc-heading-level-3'><a class=\"ez-toc-link ez-toc-heading-7\" href=\"https:\/\/loudavymkrokem.cz\/es\/puente-carlos-praga-guia\/#La_fecha_magica_de_fundacion_y_Petr_Parler\" >La fecha m\u00e1gica de fundaci\u00f3n y Petr Parl\u00e9\u0159<\/a><\/li><li class='ez-toc-page-1 ez-toc-heading-level-3'><a class=\"ez-toc-link ez-toc-heading-8\" href=\"https:\/\/loudavymkrokem.cz\/es\/puente-carlos-praga-guia\/#El_mito_de_los_huevos_y_la_cruda_realidad_de_las_crecidas\" >El mito de los huevos y la cruda realidad de las crecidas<\/a><\/li><li class='ez-toc-page-1 ez-toc-heading-level-3'><a class=\"ez-toc-link ez-toc-heading-9\" href=\"https:\/\/loudavymkrokem.cz\/es\/puente-carlos-praga-guia\/#Bradac_el_sistema_de_alerta_de_Praga\" >Brad\u00e1\u010d: el sistema de alerta de Praga<\/a><\/li><\/ul><\/li><li class='ez-toc-page-1 ez-toc-heading-level-2'><a class=\"ez-toc-link ez-toc-heading-10\" href=\"https:\/\/loudavymkrokem.cz\/es\/puente-carlos-praga-guia\/#Estatuas_del_Puente_Carlos_galeria_al_aire_libre\" >Estatuas del Puente Carlos: galer\u00eda al aire libre<\/a><ul class='ez-toc-list-level-3' ><li class='ez-toc-heading-level-3'><a class=\"ez-toc-link ez-toc-heading-11\" href=\"https:\/\/loudavymkrokem.cz\/es\/puente-carlos-praga-guia\/#San_Juan_Nepomuceno_y_el_ritual_de_la_suerte\" >San Juan Nepomuceno y el ritual de la suerte<\/a><\/li><li class='ez-toc-page-1 ez-toc-heading-level-3'><a class=\"ez-toc-link ez-toc-heading-12\" href=\"https:\/\/loudavymkrokem.cz\/es\/puente-carlos-praga-guia\/#El_sueno_de_Santa_Lutgarda\" >El sue\u00f1o de Santa Lutgarda<\/a><\/li><li class='ez-toc-page-1 ez-toc-heading-level-3'><a class=\"ez-toc-link ez-toc-heading-13\" href=\"https:\/\/loudavymkrokem.cz\/es\/puente-carlos-praga-guia\/#Grupo_de_San_Vicente_Ferrer_y_San_Procopio\" >Grupo de San Vicente Ferrer y San Procopio<\/a><\/li><\/ul><\/li><li class='ez-toc-page-1 ez-toc-heading-level-2'><a class=\"ez-toc-link ez-toc-heading-14\" href=\"https:\/\/loudavymkrokem.cz\/es\/puente-carlos-praga-guia\/#Torres_del_Puente_Carlos_vistas_desde_arriba\" >Torres del Puente Carlos: vistas desde arriba<\/a><ul class='ez-toc-list-level-3' ><li class='ez-toc-heading-level-3'><a class=\"ez-toc-link ez-toc-heading-15\" href=\"https:\/\/loudavymkrokem.cz\/es\/puente-carlos-praga-guia\/#Torre_de_la_Ciudad_Vieja\" >Torre de la Ciudad Vieja<\/a><\/li><li class='ez-toc-page-1 ez-toc-heading-level-3'><a class=\"ez-toc-link ez-toc-heading-16\" href=\"https:\/\/loudavymkrokem.cz\/es\/puente-carlos-praga-guia\/#Torres_de_Mala_Strana\" >Torres de Mal\u00e1 Strana<\/a><\/li><\/ul><\/li><li class='ez-toc-page-1 ez-toc-heading-level-2'><a class=\"ez-toc-link ez-toc-heading-17\" href=\"https:\/\/loudavymkrokem.cz\/es\/puente-carlos-praga-guia\/#Informacion_practica\" >Informaci\u00f3n pr\u00e1ctica<\/a><ul class='ez-toc-list-level-3' ><li class='ez-toc-heading-level-3'><a class=\"ez-toc-link ez-toc-heading-18\" href=\"https:\/\/loudavymkrokem.cz\/es\/puente-carlos-praga-guia\/#Como_llegar_al_Puente_Carlos\" >C\u00f3mo llegar al Puente Carlos<\/a><\/li><li class='ez-toc-page-1 ez-toc-heading-level-3'><a class=\"ez-toc-link ez-toc-heading-19\" href=\"https:\/\/loudavymkrokem.cz\/es\/puente-carlos-praga-guia\/#Visitas_guiadas_y_cruceros_por_el_Moldava\" >Visitas guiadas y cruceros por el Moldava<\/a><\/li><li class='ez-toc-page-1 ez-toc-heading-level-3'><a class=\"ez-toc-link ez-toc-heading-20\" href=\"https:\/\/loudavymkrokem.cz\/es\/puente-carlos-praga-guia\/#Donde_comer_y_tomar_cafe_sin_caer_en_trampas\" >D\u00f3nde comer y tomar caf\u00e9 (sin caer en trampas)<\/a><\/li><\/ul><\/li><li class='ez-toc-page-1 ez-toc-heading-level-2'><a class=\"ez-toc-link ez-toc-heading-21\" href=\"https:\/\/loudavymkrokem.cz\/es\/puente-carlos-praga-guia\/#Preguntas_frecuentes\" >Preguntas frecuentes<\/a><ul class='ez-toc-list-level-3' ><li class='ez-toc-heading-level-3'><a class=\"ez-toc-link ez-toc-heading-22\" href=\"https:\/\/loudavymkrokem.cz\/es\/puente-carlos-praga-guia\/#%C2%BFEs_gratis_la_entrada_al_Puente_Carlos\" >\u00bfEs gratis la entrada al Puente Carlos?<\/a><\/li><li class='ez-toc-page-1 ez-toc-heading-level-3'><a class=\"ez-toc-link ez-toc-heading-23\" href=\"https:\/\/loudavymkrokem.cz\/es\/puente-carlos-praga-guia\/#%C2%BFCuando_hay_menos_gente\" >\u00bfCu\u00e1ndo hay menos gente?<\/a><\/li><li class='ez-toc-page-1 ez-toc-heading-level-3'><a class=\"ez-toc-link ez-toc-heading-24\" href=\"https:\/\/loudavymkrokem.cz\/es\/puente-carlos-praga-guia\/#%C2%BFSe_puede_cruzar_en_bici_o_en_patinete\" >\u00bfSe puede cruzar en bici o en patinete?<\/a><\/li><li class='ez-toc-page-1 ez-toc-heading-level-3'><a class=\"ez-toc-link ez-toc-heading-25\" href=\"https:\/\/loudavymkrokem.cz\/es\/puente-carlos-praga-guia\/#%C2%BFSon_originales_las_estatuas\" >\u00bfSon originales las estatuas?<\/a><\/li><li class='ez-toc-page-1 ez-toc-heading-level-3'><a class=\"ez-toc-link ez-toc-heading-26\" href=\"https:\/\/loudavymkrokem.cz\/es\/puente-carlos-praga-guia\/#%C2%BFCuanto_se_tarda_en_cruzar_de_una_orilla_a_otra\" >\u00bfCu\u00e1nto se tarda en cruzar de una orilla a otra?<\/a><\/li><li class='ez-toc-page-1 ez-toc-heading-level-3'><a class=\"ez-toc-link ez-toc-heading-27\" href=\"https:\/\/loudavymkrokem.cz\/es\/puente-carlos-praga-guia\/#%C2%BFEs_accesible_para_sillas_de_ruedas\" >\u00bfEs accesible para sillas de ruedas?<\/a><\/li><\/ul><\/li><\/ul><\/nav><\/div>\n<h3 class=\"wp-block-heading\"><span class=\"ez-toc-section\" id=\"Resumen\"><\/span><span class=\"ez-toc-section\" id=\"Resumen\"><\/span>Resumen<span class=\"ez-toc-section-end\"><\/span><span class=\"ez-toc-section-end\"><\/span><\/h3>\n<ul class=\"wp-block-list\">\n<li>El mejor momento para visitarlo es al amanecer o tarde por la noche (despu\u00e9s de las <strong>23:00<\/strong>), as\u00ed evitar\u00e1s las hordas de grupos organizados.<\/li>\n<li>La primera piedra se coloc\u00f3 en el a\u00f1o <strong>1357<\/strong>, exactamente el <strong>9 de julio a las 5:31<\/strong> de la ma\u00f1ana, por la secuencia num\u00e9rica m\u00e1gica 1-3-5-7-9-7-5-3-1.<\/li>\n<li>La mayor\u00eda de las 30 estatuas del puente son hoy copias en piedra arenisca; los originales est\u00e1n protegidos en el <a href=\"https:\/\/www.nm.cz\/\" target=\"_blank\" rel=\"nofollow noopener\">Lapidario del Museo Nacional<\/a> y en Vy\u0161ehrad.<\/li>\n<li>La estatua de San Juan Nepomuceno es la que tiene los relieves de bronce pulidos por millones de manos. Tocarlos trae suerte y garantiza tu regreso a Praga.<\/li>\n<li>Tanto la torre del lado de la Ciudad Vieja como la de Mal\u00e1 Strana ofrecen unas de las mejores vistas del centro hist\u00f3rico; la entrada b\u00e1sica cuesta <strong>7,50 \u20ac<\/strong>.<\/li>\n<li><strong>Brad\u00e1\u010d<\/strong> es un discreto relieve de piedra con forma de cabeza junto a la torre de la Ciudad Vieja que durante siglos sirvi\u00f3 a los praguenses como indicador de nivel del agua ante las crecidas.<\/li>\n<li>Para familias con cochecito, el cruce de orilla a orilla no tiene barreras, pero para bajar directamente a la isla de Kampa hay que superar una escalinata bastante empinada.<\/li>\n<li>El puente es zona peatonal estricta; las paradas de transporte p\u00fablico m\u00e1s cercanas son <strong>Starom\u011bstsk\u00e1<\/strong> en la orilla derecha y <strong>Malostransk\u00e9 n\u00e1m\u011bst\u00ed<\/strong> en la izquierda.<\/li>\n<\/ul>\n<h2 class=\"wp-block-heading\"><span class=\"ez-toc-section\" id=\"Cuando_visitar_el_Puente_Carlos\"><\/span><span class=\"ez-toc-section\" id=\"Cuando_visitar_el_Puente_Carlos\"><\/span>Cu\u00e1ndo visitar el Puente Carlos<span class=\"ez-toc-section-end\"><\/span><span class=\"ez-toc-section-end\"><\/span><\/h2>\n<p>Elegir el momento adecuado es absolutamente clave en este monumento. Si te plantas all\u00ed a las tres de la tarde en pleno agosto, lo m\u00e1s probable es que te lleves solo frustraci\u00f3n, pisotones en los tobillos y fotos llenas de espaldas ajenas. Los cambios de luz y la densidad de gente lo convierten en varios lugares completamente distintos a lo largo de veinticuatro horas. Viv\u00ed en Praga diez a\u00f1os, as\u00ed que puedo decirte con total honestidad que el momento que elijas marca la mitad de la experiencia.<\/p>\n<h3 class=\"wp-block-heading\"><span class=\"ez-toc-section\" id=\"La_magia_del_amanecer\"><\/span><span class=\"ez-toc-section\" id=\"La_magia_del_amanecer\"><\/span>La magia del amanecer<span class=\"ez-toc-section-end\"><\/span><span class=\"ez-toc-section-end\"><\/span><\/h3>\n<p>Quien madruga se lleva Praga en bandeja de plata. Cuando en la universidad aprend\u00eda a fotografiar con luz matinal, descubr\u00ed que la franja entre las <strong>cinco y las siete de la ma\u00f1ana<\/strong> es sagrada aqu\u00ed. Solo te cruzar\u00e1s con alg\u00fan corredor, fot\u00f3grafos solitarios y barrenderos. El sol se despereza perezosamente tras las torres de la Ciudad Vieja y del Moldava a menudo sube una suave neblina de inversi\u00f3n que da a las estatuas una dimensi\u00f3n dram\u00e1tica, casi fantasmal. La luz es suave, el empedrado brilla y tienes espacio para detenerte ante cada grupo escult\u00f3rico sin que nadie te empuje. Es el momento en que la ciudad muestra su cara m\u00e1s cruda y serena, esa que no encontrar\u00e1s fotografiada en las gu\u00edas.<\/p>\n<p>Madrugar significa llegar idealmente 30 minutos antes de la salida oficial del sol (en verano puede ser hacia las cuatro y media, en invierno basta con presentarse despu\u00e9s de las siete). La forma m\u00e1s f\u00e1cil de llegar es en los tranv\u00edas nocturnos o los primeros servicios de metro de la ma\u00f1ana, cuando el vag\u00f3n es casi solo para ti.<\/p>\n<p><strong>\ud83d\udca1 Consejo de una local:<\/strong> Si vienes a hacer fotos, trae tr\u00edpode. A primera hora de la ma\u00f1ana, a diferencia del ajetreo diurno, puedes usarlo sin que una multitud enfurecida tropiece con \u00e9l.<\/p>\n<figure class=\"wp-block-image size-full\"><img loading=\"lazy\" decoding=\"async\" width=\"2528\" height=\"1696\" src=\"https:\/\/loudavymkrokem.cz\/wp-content\/uploads\/2026\/03\/prazsky-hrad-karluv-most.jpg\" alt=\"El Puente Carlos de Praga al amanecer entre la niebla\" class=\"wp-image-139608\" title=\"\" srcset=\"https:\/\/loudavymkrokem.cz\/wp-content\/uploads\/2026\/03\/prazsky-hrad-karluv-most.jpg 2528w, https:\/\/loudavymkrokem.cz\/wp-content\/uploads\/2026\/03\/prazsky-hrad-karluv-most-300x201.jpg 300w, https:\/\/loudavymkrokem.cz\/wp-content\/uploads\/2026\/03\/prazsky-hrad-karluv-most-700x470.jpg 700w, https:\/\/loudavymkrokem.cz\/wp-content\/uploads\/2026\/03\/prazsky-hrad-karluv-most-768x515.jpg 768w, https:\/\/loudavymkrokem.cz\/wp-content\/uploads\/2026\/03\/prazsky-hrad-karluv-most-1536x1030.jpg 1536w, https:\/\/loudavymkrokem.cz\/wp-content\/uploads\/2026\/03\/prazsky-hrad-karluv-most-2048x1374.jpg 2048w, https:\/\/loudavymkrokem.cz\/wp-content\/uploads\/2026\/03\/prazsky-hrad-karluv-most-696x467.jpg 696w, https:\/\/loudavymkrokem.cz\/wp-content\/uploads\/2026\/03\/prazsky-hrad-karluv-most-1392x934.jpg 1392w, https:\/\/loudavymkrokem.cz\/wp-content\/uploads\/2026\/03\/prazsky-hrad-karluv-most-1920x1288.jpg 1920w\" sizes=\"auto, (max-width: 2528px) 100vw, 2528px\"><figcaption class=\"wp-element-caption\">Praga<\/figcaption><\/figure>\n<h3 class=\"wp-block-heading\"><span class=\"ez-toc-section\" id=\"El_bullicio_de_la_tarde_y_la_calma_nocturna\"><\/span><span class=\"ez-toc-section\" id=\"El_bullicio_de_la_tarde_y_la_calma_nocturna\"><\/span>El bullicio de la tarde y la calma nocturna<span class=\"ez-toc-section-end\"><\/span><span class=\"ez-toc-section-end\"><\/span><\/h3>\n<p><strong>Entre las diez de la ma\u00f1ana y las nueve de la noche, el puente es un paseo bullicioso.<\/strong> Se cruzan caricaturistas, m\u00fasicos callejeros y decenas de grupos organizados que siguen a gu\u00edas con paraguas levantados. <strong>Pasear con cochecito a esa hora exige codos afilados y nervios de acero, as\u00ed que con Jon\u00e1\u0161 lo evitamos por completo.<\/strong> Eso s\u00ed, la \u00faltima hora de la tarde regala una luz dorada y c\u00e1lida que se apoya en las fachadas de Hrad\u010dany y convierte la vista del r\u00edo en una estampa perfecta. <strong>La verdadera calma llega despu\u00e9s de las diez de la noche, cuando las multitudes se dispersan hacia los bares y la luz amarillenta de las farolas de gas proyecta sombras fantasmales sobre los rostros barrocos de los santos de arenisca.<\/strong><\/p>\n<p>Las farolas de gas se encienden autom\u00e1ticamente con el alumbrado p\u00fablico, pero durante el Adviento (finales de noviembre y diciembre) a veces te cruzas incluso con un farolero de verdad vestido de \u00e9poca que las enciende con una p\u00e9rtiga.<\/p>\n<p><strong>\ud83d\udca1 Consejo de una local:<\/strong> Ve de noche y bajo la lluvia. Los reflejos de las l\u00e1mparas sobre el empedrado mojado son preciosos y, como el agua espanta a la mayor\u00eda, lo m\u00e1s probable es que lo tengas completamente para ti.<\/p>\n<figure class=\"wp-block-image size-full\"><img loading=\"lazy\" decoding=\"async\" width=\"1200\" height=\"800\" src=\"https:\/\/loudavymkrokem.cz\/wp-content\/uploads\/2026\/04\/karluv-most-4142.jpg\" alt=\"El Puente Carlos en Praga\" class=\"wp-image-151098\" title=\"\" srcset=\"https:\/\/loudavymkrokem.cz\/wp-content\/uploads\/2026\/04\/karluv-most-4142.jpg 1200w, https:\/\/loudavymkrokem.cz\/wp-content\/uploads\/2026\/04\/karluv-most-4142-300x200.jpg 300w, https:\/\/loudavymkrokem.cz\/wp-content\/uploads\/2026\/04\/karluv-most-4142-700x467.jpg 700w, https:\/\/loudavymkrokem.cz\/wp-content\/uploads\/2026\/04\/karluv-most-4142-768x512.jpg 768w, https:\/\/loudavymkrokem.cz\/wp-content\/uploads\/2026\/04\/karluv-most-4142-696x464.jpg 696w\" sizes=\"auto, (max-width: 1200px) 100vw, 1200px\"><\/figure>\n<h2 class=\"wp-block-heading\"><span class=\"ez-toc-section\" id=\"Donde_alojarse\"><\/span><span class=\"ez-toc-section\" id=\"Donde_alojarse\"><\/span>D\u00f3nde alojarse<span class=\"ez-toc-section-end\"><\/span><span class=\"ez-toc-section-end\"><\/span><\/h2>\n<p>Alojarse en pleno centro suena rom\u00e1ntico hasta que a las dos de la madrugada te despierta un grupo de excursionistas cantando bajo tu ventana. He aprendido a elegir una base desde la que el centro est\u00e9 cerca, pero donde por la noche puedas dormir de verdad. A Luk\u00e1\u0161 y a m\u00ed la \u00faltima vez nos funcion\u00f3 de maravilla el <strong>The <a class=\"thirstylink\" rel=\"nofollow\" target=\"_blank\" title=\"The Julius Hotel\" href=\"https:\/\/loudavymkrokem.cz\/doporucujeme\/the-julius-hotel\/\" data-shortcode=\"true\">Julius Hotel<\/a><\/strong> en la Ciudad Nueva, a un paso de la torre Jind\u0159i\u0161sk\u00e1. Nos alojamos en una One Bedroom Suite, lo que para una familia con Jon\u00e1\u0161, de dos a\u00f1os, fue un alivio enorme: espacio separado, cocina totalmente equipada y un dise\u00f1o que no resulta as\u00e9ptico, sino m\u00e1s bien como vivir en el piso de lujo de alguien con un gusto exquisito. Desde el hotel llegas al paseo fluvial con un agradable paseo por la Ciudad Vieja en unos veinte minutos, as\u00ed que no necesitas preocuparte por los tranv\u00edas de primera hora.<\/p>\n<p>Puedes consultar precios actuales y disponibilidad para 2026 y <a href=\"https:\/\/www.booking.com\/hotel\/cz\/julius-meinl-house-prague.html?aid=2397601\" rel=\"nofollow noopener\" target=\"_blank\">reservar a trav\u00e9s de Booking.com<\/a>.<\/p>\n<p>Si buscas m\u00e1s recomendaciones probadas de d\u00f3nde dormir c\u00f3modamente con ni\u00f1os, echa un vistazo a mi art\u00edculo sobre los <a href=\"https:\/\/loudavymkrokem.cz\/es\/mejores-hoteles-praga-familias\/\">mejores hoteles familiares en Praga<\/a>.<\/p>\n<figure class=\"wp-block-image size-full\"><img loading=\"lazy\" decoding=\"async\" width=\"1200\" height=\"800\" src=\"https:\/\/loudavymkrokem.cz\/wp-content\/uploads\/2026\/04\/karluv-most-4090.jpg\" alt=\"Vista del Puente Carlos de Praga\" class=\"wp-image-151092\" title=\"\" srcset=\"https:\/\/loudavymkrokem.cz\/wp-content\/uploads\/2026\/04\/karluv-most-4090.jpg 1200w, https:\/\/loudavymkrokem.cz\/wp-content\/uploads\/2026\/04\/karluv-most-4090-300x200.jpg 300w, https:\/\/loudavymkrokem.cz\/wp-content\/uploads\/2026\/04\/karluv-most-4090-700x467.jpg 700w, https:\/\/loudavymkrokem.cz\/wp-content\/uploads\/2026\/04\/karluv-most-4090-768x512.jpg 768w, https:\/\/loudavymkrokem.cz\/wp-content\/uploads\/2026\/04\/karluv-most-4090-696x464.jpg 696w\" sizes=\"auto, (max-width: 1200px) 100vw, 1200px\"><\/figure>\n<h2 class=\"wp-block-heading\"><span class=\"ez-toc-section\" id=\"Historia_y_arquitectura_del_Puente_Carlos\"><\/span><span class=\"ez-toc-section\" id=\"Historia_y_arquitectura_del_Puente_Carlos\"><\/span>Historia y arquitectura del Puente Carlos<span class=\"ez-toc-section-end\"><\/span><span class=\"ez-toc-section-end\"><\/span><\/h2>\n<p>Esta conexi\u00f3n de piedra entre ambas orillas no siempre funcion\u00f3 como paseo rom\u00e1ntico. Durante siglos fue una arteria vital de transporte por la que desfilaban carros de mercanc\u00edas, caballos y, a principios del siglo XX, incluso tranv\u00edas. Antes exist\u00eda el Puente de Judith, pero una gran crecida se lo llev\u00f3, as\u00ed que el emperador Carlos IV tuvo que poner en marcha un plan nuevo y m\u00e1s resistente.<\/p>\n<h3 class=\"wp-block-heading\"><span class=\"ez-toc-section\" id=\"La_fecha_magica_de_fundacion_y_Petr_Parler\"><\/span><span class=\"ez-toc-section\" id=\"La_fecha_magica_de_fundacion_y_Petr_Parler\"><\/span>La fecha m\u00e1gica de fundaci\u00f3n y Petr Parl\u00e9\u0159<span class=\"ez-toc-section-end\"><\/span><span class=\"ez-toc-section-end\"><\/span><\/h3>\n<p>La historia de su construcci\u00f3n est\u00e1 \u00edntimamente ligada a la m\u00edstica y la astronom\u00eda medievales. Carlos IV era conocido por su fe en la astrolog\u00eda, y por eso mand\u00f3 colocar la primera piedra exactamente el <strong>9 de julio de 1357 a las 5 horas y 31 minutos<\/strong> de la ma\u00f1ana. Si ordenas estas cifras, obtienes el pal\u00edndromo 1-3-5-7-9-7-5-3-1, que deb\u00eda garantizar la eternidad de la obra y protegerla de los elementos. El arquitecto principal fue el entonces apenas veintisietea\u00f1ero Petr Parl\u00e9\u0159, que tambi\u00e9n estaba a cargo de la construcci\u00f3n de la catedral de San Vito. Originalmente se le llamaba simplemente Puente de Piedra o Puente de Praga; el nombre de su fundador no se le dio oficialmente hasta 1870.<\/p>\n<p>El puente mide 515 metros de largo y casi 10 metros de ancho. Descansa sobre 16 robustos pilares de piedra arenisca cuyos cimientos tuvieron que construirse en las profundidades del lecho del r\u00edo mediante estructuras especiales de madera de roble.<\/p>\n<p><strong>\ud83d\udca1 Consejo de una local:<\/strong> Si te interesa saber c\u00f3mo se constru\u00edan los cimientos medievales bajo el agua, ac\u00e9rcate al <strong><a href=\"https:\/\/www.muzeumkarlovamostu.cz\/\" rel=\"nofollow noopener\" target=\"_blank\">Museo del Puente Carlos<\/a><\/strong> en la plaza K\u0159i\u017eovnick\u00e9. Tienen unas maquetas detalladas y fant\u00e1sticas de las gr\u00faas de la \u00e9poca.<\/p>\n<figure class=\"wp-block-image size-full\"><img loading=\"lazy\" decoding=\"async\" width=\"1200\" height=\"800\" src=\"https:\/\/loudavymkrokem.cz\/wp-content\/uploads\/2026\/04\/karluv-most-4092.jpg\" alt=\"Detalle arquitect\u00f3nico del Puente Carlos de Praga\" class=\"wp-image-151094\" title=\"\" srcset=\"https:\/\/loudavymkrokem.cz\/wp-content\/uploads\/2026\/04\/karluv-most-4092.jpg 1200w, https:\/\/loudavymkrokem.cz\/wp-content\/uploads\/2026\/04\/karluv-most-4092-300x200.jpg 300w, https:\/\/loudavymkrokem.cz\/wp-content\/uploads\/2026\/04\/karluv-most-4092-700x467.jpg 700w, https:\/\/loudavymkrokem.cz\/wp-content\/uploads\/2026\/04\/karluv-most-4092-768x512.jpg 768w, https:\/\/loudavymkrokem.cz\/wp-content\/uploads\/2026\/04\/karluv-most-4092-696x464.jpg 696w\" sizes=\"auto, (max-width: 1200px) 100vw, 1200px\"><\/figure>\n<h3 class=\"wp-block-heading\"><span class=\"ez-toc-section\" id=\"El_mito_de_los_huevos_y_la_cruda_realidad_de_las_crecidas\"><\/span><span class=\"ez-toc-section\" id=\"El_mito_de_los_huevos_y_la_cruda_realidad_de_las_crecidas\"><\/span>El mito de los huevos y la cruda realidad de las crecidas<span class=\"ez-toc-section-end\"><\/span><span class=\"ez-toc-section-end\"><\/span><\/h3>\n<p>Pr\u00e1cticamente todos los checos han o\u00eddo la leyenda de que se a\u00f1ad\u00edan huevos a la argamasa para que la mamposter\u00eda aguantara mejor, y de c\u00f3mo los habitantes de la localidad de Velvary enviaron los huevos cocidos para que no se rompieran por el camino. Los an\u00e1lisis qu\u00edmicos de principios del siglo XXI confirmaron inicialmente restos de prote\u00ednas de huevo, pero estudios m\u00e1s recientes de 2010 los desmintieron. Result\u00f3 que los alba\u00f1iles medievales utilizaban m\u00e1s bien leche y posos de vino. Fuera cual fuera la mezcla, la estructura tuvo que hacer frente a duras pruebas a lo largo de su existencia. Los momentos m\u00e1s cr\u00edticos llegaron durante las crecidas devastadoras, como la de 1890, cuando el Moldava desbordado destruy\u00f3 tres de sus arcos.<\/p>\n<p>Hoy el monumento est\u00e1 protegido por un sistema de barreras modernas r\u00edo arriba, y los ingenieros monitorizan peri\u00f3dicamente la estabilidad de sus pilares con sensores l\u00e1ser.<\/p>\n<p><strong>\ud83d\udca1 Consejo de una local:<\/strong> Al pasear por la orilla del Moldava en la isla de Kampa, f\u00edjate en las discretas marcas met\u00e1licas que llevan algunas casas hist\u00f3ricas. Se\u00f1alan hasta d\u00f3nde lleg\u00f3 el agua durante las catastr\u00f3ficas inundaciones de 2002. La altura pone los pelos de punta.<\/p>\n<div class=\"lk-zazitky-module\">\n<style>\n.lk-zazitky-module * { box-sizing: border-box; margin: 0; padding: 0; }\n.lk-zazitky-module {\n  font-family: 'DM Sans', Georgia, sans-serif;\n  max-width: 100%;\n  margin: 2.5rem auto;\n  background: linear-gradient(135deg, #fdf6f3 0%, #fbede7 100%);\n  border: 1px solid #f0d9cc;\n  border-radius: 16px;\n  overflow: hidden;\n  box-shadow: 0 16px 48px rgba(217, 119, 87, 0.18), 0 4px 12px rgba(0,0,0,0.06);\n}\n.lk-zazitky-header {\n  position: relative;\n  padding: 24px 32px;\n  background: linear-gradient(135deg, #d97757 0%, #c46b4b 60%, #d97757 100%);\n  display: flex;\n  align-items: center;\n  gap: 18px;\n}\n.lk-zazitky-header::before {\n  content: '';\n  position: absolute;\n  inset: 0;\n  background: url(\"data:image\/svg+xml,%3Csvg width='60' height='60' viewBox='0 0 60 60' xmlns='http:\/\/www.w3.org\/2000\/svg'%3E%3Cg fill='none' fill-rule='evenodd'%3E%3Cg fill='%23ffffff' fill-opacity='0.05'%3E%3Cpath d='M36 34v-4h-2v4h-4v2h4v4h2v-4h4v-2h-4zm0-30V0h-2v4h-4v2h4v4h2V6h4V4h-4zM6 34v-4H4v4H0v2h4v4h2v-4h4v-2H6zM6 4V0H4v4H0v2h4v4h2V6h4V4H6z'\/%3E%3C\/g%3E%3C\/g%3E%3C\/svg%3E\") repeat;\n  pointer-events: none;\n}\n.lk-zazitky-header img {\n  width: 64px; height: 64px; border-radius: 12px; flex-shrink: 0;\n  object-fit: cover; box-shadow: 0 4px 12px rgba(0,0,0,0.18); position: relative; z-index: 1;\n}\n.lk-zazitky-header-text { position: relative; z-index: 1; }\n.lk-zazitky-eyebrow {\n  font-size: 10px; font-weight: 600; letter-spacing: 2.5px; text-transform: uppercase;\n  color: rgba(255,255,255,.92); margin-bottom: 5px;\n}\n.lk-zazitky-title {\n  font-family: 'Playfair Display', Georgia, serif;\n  font-size: 24px; font-weight: 700; color: #fff; line-height: 1.2;\n  text-shadow: 0 1px 2px rgba(0,0,0,0.12);\n}\n.lk-zazitky-subtitle {\n  font-size: 13px; color: rgba(255,255,255,.85); margin-top: 4px; font-weight: 300;\n}\n.lk-zazitky-grid {\n  display: grid;\n  grid-template-columns: 1fr 1fr 1fr;\n  gap: 1px;\n  background: rgba(217, 119, 87, 0.12);\n}\n.lk-zazitek-card {\n  background: #ffffff; padding: 22px; display: flex; flex-direction: column; gap: 11px;\n  transition: all 0.3s ease; text-decoration: none; color: inherit; position: relative;\n}\n.lk-zazitek-card:hover {\n  background: #fffaf7; transform: translateY(-2px);\n  box-shadow: 0 8px 24px rgba(217, 119, 87, 0.15); z-index: 1;\n}\n.lk-zazitek-card.is-category {\n  background: linear-gradient(135deg, #fffaf7 0%, #fff3eb 100%);\n  box-shadow: inset 0 1px 0 rgba(217, 119, 87, 0.1);\n}\n.lk-zazitek-card.is-category:hover {\n  background: linear-gradient(135deg, #fff7f2 0%, #ffeee3 100%);\n}\n.lk-zazitek-badge {\n  display: inline-flex; align-items: center; gap: 5px;\n  font-size: 10px; font-weight: 600; letter-spacing: 1.5px; text-transform: uppercase;\n  padding: 5px 11px; border-radius: 20px; width: fit-content;\n  background: rgba(217, 119, 87, 0.10); color: #c46b4b; border: 1px solid rgba(217, 119, 87, 0.22);\n}\n.lk-zazitek-card.is-category .lk-zazitek-badge {\n  background: linear-gradient(135deg, #d97757 0%, #c46b4b 100%); color: #fff;\n  border-color: #c46b4b; box-shadow: 0 2px 8px rgba(217, 119, 87, 0.28);\n}\n.lk-zazitek-name {\n  font-family: 'Playfair Display', Georgia, serif;\n  font-size: 17px; font-weight: 700; color: #111827; line-height: 1.3;\n}\n.lk-zazitek-desc {\n  font-size: 13px; color: #525252; line-height: 1.6; font-weight: 300; flex: 1;\n}\n.lk-zazitek-meta { display: flex; align-items: center; gap: 12px; flex-wrap: wrap; margin-top: 4px; }\n.lk-zazitek-price { font-size: 13px; color: #6b7280; }\n.lk-zazitek-price strong { color: #c46b4b; font-weight: 600; }\n.lk-zazitek-cta {\n  display: inline-flex; align-items: center; justify-content: center; gap: 7px;\n  margin-top: 8px; padding: 11px 16px; border-radius: 8px;\n  background: linear-gradient(135deg, #d97757 0%, #c46b4b 100%);\n  color: #fff; font-size: 13px; font-weight: 500; text-decoration: none;\n  letter-spacing: .3px; transition: all .2s ease; cursor: pointer; border: none;\n  text-align: center; box-shadow: 0 4px 12px rgba(217, 119, 87, 0.28);\n  white-space: nowrap;\n}\n.lk-zazitek-cta:hover {\n  background: linear-gradient(135deg, #c46b4b 0%, #b35e3f 100%);\n  transform: translateY(-1px); box-shadow: 0 6px 16px rgba(217, 119, 87, 0.38);\n}\n.lk-zazitek-card.is-category .lk-zazitek-cta {\n  background: linear-gradient(135deg, #3685fc 0%, #2a6fd9 100%);\n  box-shadow: 0 4px 12px rgba(54, 133, 252, 0.22);\n}\n.lk-zazitek-card.is-category .lk-zazitek-cta:hover {\n  background: linear-gradient(135deg, #2a6fd9 0%, #1e5bc4 100%);\n  box-shadow: 0 6px 16px rgba(54, 133, 252, 0.32);\n}\n.lk-zazitky-footer {\n  padding: 16px 32px;\n  background: linear-gradient(to bottom, #fdf6f3 0%, #f9eae2 100%);\n  border-top: 1px solid rgba(217, 119, 87, 0.18);\n  display: flex; align-items: center; justify-content: center; flex-wrap: wrap; gap: 12px;\n}\n.lk-zazitky-discount {\n  display: inline-flex; align-items: center; gap: 8px;\n  font-size: 13px; color: #6b3a26; font-weight: 500;\n}\n.lk-zazitky-discount-code {\n  font-family: 'Courier New', monospace; font-weight: 700; color: #c46b4b;\n  background: rgba(217, 119, 87, 0.12); padding: 4px 10px; border-radius: 6px;\n  letter-spacing: 1px; font-size: 13px;\n}\n.lk-zazitky-disclaimer {\n  font-size: 11px; color: #8a6e60; font-weight: 300; line-height: 1.5;\n}\n.lk-zazitky-disclaimer a { color: #c46b4b; text-decoration: none; }\n.lk-zazitky-disclaimer a:hover { text-decoration: underline; }\n@media (max-width: 720px) {\n  .lk-zazitky-grid { grid-template-columns: 1fr; }\n  .lk-zazitky-header { padding: 20px 18px; }\n  .lk-zazitky-footer { padding: 14px 18px; }\n  .lk-zazitek-card { padding: 20px; }\n  .lk-zazitky-title { font-size: 20px; }\n}\n<\/style>\n<div class=\"lk-zazitky-header\">\n    <img decoding=\"async\" src=\"https:\/\/loudavymkrokem.cz\/wp-content\/uploads\/2026\/02\/lukas-a-lucka.jpg\" alt=\"Luk\u00e1\u0161 y Lucie\" title=\"\"><\/p>\n<div class=\"lk-zazitky-header-text\">\n<div class=\"lk-zazitky-eyebrow\">Recomendaci\u00f3n de Luk\u00e1\u0161 y Lucie<\/div>\n<div class=\"lk-zazitky-title\">Vive Praga de otra manera<\/div>\n<div class=\"lk-zazitky-subtitle\">3 planes probados con un 5 % de descuento de nuestro partner Firma na z\u00e1\u017eitky<\/div>\n<\/p><\/div>\n<\/p><\/div>\n<div class=\"lk-zazitky-grid\">\n<p>    <a class=\"lk-zazitek-card\" href=\"https:\/\/www.firmanazazitky.cz\/plavba-po-vltave-s-obedem?utm_source=loudavymkrokem&amp;utm_medium=referral&amp;utm_campaign=karluv-most-pruvodce-od-mistni-historie-sochy-nejlepsi-cas&amp;utm_content=zazitek-1\" target=\"_blank\" rel=\"nofollow noopener sponsored\"><br \/>\n      <span class=\"lk-zazitek-badge\">\ud83d\udee5 Crucero<\/span><\/p>\n<div class=\"lk-zazitek-name\">Crucero por el Moldava con almuerzo<\/div>\n<div class=\"lk-zazitek-desc\">El Puente Carlos desde una perspectiva que andando no vivir\u00e1s: un crucero tranquilo bajo sus arcos con almuerzo para dos incluido.<\/div>\n<div class=\"lk-zazitek-meta\">\n        <span class=\"lk-zazitek-price\">desde <strong>84 \u20ac<\/strong><\/span>\n      <\/div>\n<p>      <span class=\"lk-zazitek-cta\"><br \/>\n        <svg width=\"14\" height=\"14\" viewBox=\"0 0 24 24\" fill=\"none\" stroke=\"currentColor\" stroke-width=\"2\"><path d=\"M18 13v6a2 2 0 0 1-2 2H5a2 2 0 0 1-2-2V8a2 2 0 0 1 2-2h6\"\/><polyline points=\"15 3 21 3 21 9\"\/><line x1=\"10\" y1=\"14\" x2=\"21\" y2=\"3\"\/><\/svg><br \/>\n        Reservar con descuento<br \/>\n      <\/span><br \/>\n    <\/a><\/p>\n<p>    <a class=\"lk-zazitek-card\" href=\"https:\/\/www.firmanazazitky.cz\/4-chodove-obedove-menu-v-tancicim-dome?utm_source=loudavymkrokem&amp;utm_medium=referral&amp;utm_campaign=karluv-most-pruvodce-od-mistni-historie-sochy-nejlepsi-cas&amp;utm_content=zazitek-2\" target=\"_blank\" rel=\"nofollow noopener sponsored\"><br \/>\n      <span class=\"lk-zazitek-badge\">\ud83c\udf7d Gastronom\u00eda<\/span><\/p>\n<div class=\"lk-zazitek-name\">Men\u00fa de 4 platos en la Casa Danzante<\/div>\n<div class=\"lk-zazitek-desc\">Tras pasear por el Puente Carlos, a solo unos minutos junto al r\u00edo: almuerzo en un restaurante ic\u00f3nico con vistas al Castillo de Praga.<\/div>\n<div class=\"lk-zazitek-meta\">\n        <span class=\"lk-zazitek-price\">desde <strong>75 \u20ac<\/strong><\/span>\n      <\/div>\n<p>      <span class=\"lk-zazitek-cta\"><br \/>\n        <svg width=\"14\" height=\"14\" viewBox=\"0 0 24 24\" fill=\"none\" stroke=\"currentColor\" stroke-width=\"2\"><path d=\"M18 13v6a2 2 0 0 1-2 2H5a2 2 0 0 1-2-2V8a2 2 0 0 1 2-2h6\"\/><polyline points=\"15 3 21 3 21 9\"\/><line x1=\"10\" y1=\"14\" x2=\"21\" y2=\"3\"\/><\/svg><br \/>\n        Reservar con descuento<br \/>\n      <\/span><br \/>\n    <\/a><\/p>\n<p>    <a class=\"lk-zazitek-card is-category\" href=\"https:\/\/www.firmanazazitky.cz\/gurmanske-zazitky-praha\/?utm_source=loudavymkrokem&amp;utm_medium=referral&amp;utm_campaign=karluv-most-pruvodce-od-mistni-historie-sochy-nejlepsi-cas&amp;utm_content=kategorie\" target=\"_blank\" rel=\"nofollow noopener sponsored\"><br \/>\n      <span class=\"lk-zazitek-badge\">\u2b50 Todo<\/span><\/p>\n<div class=\"lk-zazitek-name\">Experiencias gastron\u00f3micas en Praga<\/div>\n<div class=\"lk-zazitek-desc\">Los mejores restaurantes de Praga, degustaciones y experiencias gastron\u00f3micas seleccionadas para los paladares m\u00e1s exigentes.<\/div>\n<p>      <span class=\"lk-zazitek-cta\"><br \/>\n        Explorar experiencias<br \/>\n        <svg width=\"12\" height=\"12\" viewBox=\"0 0 24 24\" fill=\"none\" stroke=\"currentColor\" stroke-width=\"2.5\"><polyline points=\"9 18 15 12 9 6\"\/><\/svg><br \/>\n      <\/span><br \/>\n    <\/a><\/p><\/div>\n<div class=\"lk-zazitky-footer\">\n    <span class=\"lk-zazitky-discount\"><br \/>\n      \u2b50 5 % de descuento con el c\u00f3digo<br \/>\n      <span class=\"lk-zazitky-discount-code\">LOUDAVYMKROKEM5<\/span><br \/>\n    <\/span>\n  <\/div>\n<\/div>\n<h3 class=\"wp-block-heading\"><span class=\"ez-toc-section\" id=\"Bradac_el_sistema_de_alerta_de_Praga\"><\/span><span class=\"ez-toc-section\" id=\"Bradac_el_sistema_de_alerta_de_Praga\"><\/span>Brad\u00e1\u010d: el sistema de alerta de Praga<span class=\"ez-toc-section-end\"><\/span><span class=\"ez-toc-section-end\"><\/span><\/h3>\n<p>Si te colocas junto a la torre de la Ciudad Vieja y miras hacia abajo, al muro de la ribera, ver\u00e1s un relieve de piedra con una cabeza masculina empotrada en la pared. Se llama Brad\u00e1\u010d (algo as\u00ed como \u00abel Barbudo\u00bb) y durante siglos funcion\u00f3 como un indicador de nivel sencillo pero absolutamente fiable. Los habitantes de Praga sab\u00edan que en cuanto el agua del Moldava sub\u00eda hasta tocar la barba del relieve, la cosa se pon\u00eda fea y la Ciudad Vieja empezaba a inundarse. Originalmente formaba parte del anterior Puente de Judith, y cuando la riada lo destruy\u00f3, los constructores lo rescataron con respeto y lo trasladaron al puente nuevo.<\/p>\n<p>Se ve mejor desde la plaza K\u0159i\u017eovnick\u00e9: as\u00f3mate por la balaustrada de piedra junto a la estatua de Carlos IV y mira hacia abajo, en vertical, hacia la superficie del agua.<\/p>\n<p><strong>\ud83d\udca1 Consejo de una local:<\/strong> Seg\u00fan una vieja leyenda urbana, el rostro de Brad\u00e1\u010d representa al mism\u00edsimo constructor italiano del primer puente de piedra de Praga, que desde entonces vela por la ciudad y el r\u00edo.<\/p>\n<figure class=\"wp-block-image size-full\"><img loading=\"lazy\" decoding=\"async\" width=\"1200\" height=\"800\" src=\"https:\/\/loudavymkrokem.cz\/wp-content\/uploads\/2026\/04\/karluv-most-4144.jpg\" alt=\"Detalle del relieve Brad\u00e1\u010d junto al Puente Carlos\" class=\"wp-image-151100\" title=\"\" srcset=\"https:\/\/loudavymkrokem.cz\/wp-content\/uploads\/2026\/04\/karluv-most-4144.jpg 1200w, https:\/\/loudavymkrokem.cz\/wp-content\/uploads\/2026\/04\/karluv-most-4144-300x200.jpg 300w, https:\/\/loudavymkrokem.cz\/wp-content\/uploads\/2026\/04\/karluv-most-4144-700x467.jpg 700w, https:\/\/loudavymkrokem.cz\/wp-content\/uploads\/2026\/04\/karluv-most-4144-768x512.jpg 768w, https:\/\/loudavymkrokem.cz\/wp-content\/uploads\/2026\/04\/karluv-most-4144-696x464.jpg 696w\" sizes=\"auto, (max-width: 1200px) 100vw, 1200px\"><\/figure>\n<h2 class=\"wp-block-heading\"><span class=\"ez-toc-section\" id=\"Estatuas_del_Puente_Carlos_galeria_al_aire_libre\"><\/span><span class=\"ez-toc-section\" id=\"Estatuas_del_Puente_Carlos_galeria_al_aire_libre\"><\/span>Estatuas del Puente Carlos: galer\u00eda al aire libre<span class=\"ez-toc-section-end\"><\/span><span class=\"ez-toc-section-end\"><\/span><\/h2>\n<p>En sus or\u00edgenes, el camino sobre el r\u00edo estuvo pr\u00e1cticamente desnudo durante largos a\u00f1os, adornado apenas por una sencilla cruz de madera con Cristo. Fue el per\u00edodo barroco de los siglos XVII y XVIII el que lo transform\u00f3 en la espectacular galer\u00eda escult\u00f3rica al aire libre que conocemos hoy. Actualmente hay exactamente treinta estatuas y grupos escult\u00f3ricos. Sin embargo, la gran mayor\u00eda son ya cuidadosas copias en piedra arenisca. Los originales fueron trasladados por la ciudad, a salvo de la intemperie y la contaminaci\u00f3n, al <a href=\"https:\/\/www.nm.cz\/\" rel=\"nofollow noopener\" target=\"_blank\">Lapidario del Museo Nacional<\/a> en el recinto ferial y a la oscura sala de la <strong>Gorlice<\/strong> en las murallas de Vy\u0161ehrad.<\/p>\n<h3 class=\"wp-block-heading\"><span class=\"ez-toc-section\" id=\"San_Juan_Nepomuceno_y_el_ritual_de_la_suerte\"><\/span><span class=\"ez-toc-section\" id=\"San_Juan_Nepomuceno_y_el_ritual_de_la_suerte\"><\/span>San Juan Nepomuceno y el ritual de la suerte<span class=\"ez-toc-section-end\"><\/span><span class=\"ez-toc-section-end\"><\/span><\/h3>\n<p>Este es el cl\u00e1sico absoluto y probablemente la estatua m\u00e1s fotografiada de todo el recorrido. Fue creada en 1683 por <strong>Jan Brokoff<\/strong> y se encuentra m\u00e1s o menos a la mitad del puente, en el lado derecho si caminas hacia el Castillo de Praga. Seg\u00fan la leyenda, Juan Nepomuceno fue arrojado al Moldava desde este mismo lugar porque se neg\u00f3 a revelar al rey Wenceslao IV el secreto de confesi\u00f3n de la reina. Bajo la estatua hay dos relieves de bronce pulidos hasta un brillo dorado por las manos de millones de visitantes. Tocar la figura del santo cayendo al r\u00edo supuestamente trae buena suerte y garantiza que alg\u00fan d\u00eda volver\u00e1s a Praga.<\/p>\n<p>La reconocer\u00e1s f\u00e1cilmente incluso de lejos: tiene una aureola con cinco estrellas alrededor de la cabeza y suele haber un peque\u00f1o corrillo de gente esperando su turno para acariciar el relieve.<\/p>\n<p><strong>\ud83d\udca1 Consejo de una local:<\/strong> \u00a1No toques el perro del relieve izquierdo! Aunque tambi\u00e9n est\u00e1 brillante por el roce de los turistas, la leyenda original habla \u00fanicamente de tocar la figura de Juan Nepomuceno cayendo al agua, que est\u00e1 en el lado derecho del pedestal.<\/p>\n<h3 class=\"wp-block-heading\"><span class=\"ez-toc-section\" id=\"El_sueno_de_Santa_Lutgarda\"><\/span><span class=\"ez-toc-section\" id=\"El_sueno_de_Santa_Lutgarda\"><\/span>El sue\u00f1o de Santa Lutgarda<span class=\"ez-toc-section-end\"><\/span><span class=\"ez-toc-section-end\"><\/span><\/h3>\n<p>Si tuviera que elegir un solo grupo escult\u00f3rico que sobresale por encima de los dem\u00e1s en valor art\u00edstico, ser\u00eda <strong>El sue\u00f1o de Santa Lutgarda<\/strong>, obra de <strong>Maty\u00e1\u0161 Bernard Braun<\/strong>. Esta obra maestra del barroco checo se encuentra m\u00e1s cerca de la orilla de Mal\u00e1 Strana. Braun la esculpi\u00f3 en 1710 cuando ten\u00eda tan solo 26 a\u00f1os. La composici\u00f3n de la monja cisterciense ciega a la que Cristo se inclina desde la cruz para que beba la sangre de su herida es incre\u00edblemente din\u00e1mica y emotiva. Incluso de lejos se aprecia c\u00f3mo el escultor logr\u00f3 dominar la dura piedra arenisca y darle la ilusi\u00f3n de unos drapeados ligeros ondeando al viento.<\/p>\n<p>Es la duod\u00e9cima estatua en el lado izquierdo si vas desde la Ciudad Vieja. El original de 1710 se conserva hoy a buen recaudo en el Lapidario; la que est\u00e1 en el puente es una copia.<\/p>\n<p><strong>\ud83d\udca1 Consejo de una local:<\/strong> Intenta contemplar la estatua desde abajo, desde el pilar bajo el puente (se accede por unas escaleras desde la isla de Kampa). Tendr\u00e1s una perspectiva completamente distinta del fascinante trabajo de Braun con el espacio y la profundidad.<\/p>\n<figure class=\"wp-block-image size-full\"><img loading=\"lazy\" decoding=\"async\" width=\"1200\" height=\"800\" src=\"https:\/\/loudavymkrokem.cz\/wp-content\/uploads\/2026\/04\/karluv-most-4148.jpg\" alt=\"Estatuas del Puente Carlos de Praga\" class=\"wp-image-151099\" title=\"\" srcset=\"https:\/\/loudavymkrokem.cz\/wp-content\/uploads\/2026\/04\/karluv-most-4148.jpg 1200w, https:\/\/loudavymkrokem.cz\/wp-content\/uploads\/2026\/04\/karluv-most-4148-300x200.jpg 300w, https:\/\/loudavymkrokem.cz\/wp-content\/uploads\/2026\/04\/karluv-most-4148-700x467.jpg 700w, https:\/\/loudavymkrokem.cz\/wp-content\/uploads\/2026\/04\/karluv-most-4148-768x512.jpg 768w, https:\/\/loudavymkrokem.cz\/wp-content\/uploads\/2026\/04\/karluv-most-4148-696x464.jpg 696w\" sizes=\"auto, (max-width: 1200px) 100vw, 1200px\"><\/figure>\n<h3 class=\"wp-block-heading\"><span class=\"ez-toc-section\" id=\"Grupo_de_San_Vicente_Ferrer_y_San_Procopio\"><\/span><span class=\"ez-toc-section\" id=\"Grupo_de_San_Vicente_Ferrer_y_San_Procopio\"><\/span>Grupo de San Vicente Ferrer y San Procopio<span class=\"ez-toc-section-end\"><\/span><span class=\"ez-toc-section-end\"><\/span><\/h3>\n<p>Este monumental y bastante estremecedor grupo escult\u00f3rico fue tallado por <strong>Ferdinand Maxmili\u00e1n Brokoff<\/strong> y es uno de mis favoritos cuando quiero ense\u00f1ar a alguien lo oscuro y salvaje que pod\u00eda llegar a ser el barroco. Muestra a San Vicente resucitando a un muerto y expulsando al demonio, mientras San Procopio ahuyenta al mal con una cruz. A sus pies yacen demonios humillados y pecadores cuyos cuerpos retorcidos en espasmos y rostros llenos de sufrimiento contrastan brutalmente con las serenas caras de los santos. De estudiante ven\u00eda aqu\u00ed con la c\u00e1mara a estudiar los detalles anat\u00f3micos de esos demonios derrotados, porque de cerca resultan estremecedoramente realistas.<\/p>\n<p>El grupo se encuentra cerca del extremo de Mal\u00e1 Strana; es la sexta escultura a la izquierda si vienes desde la Ciudad Vieja.<\/p>\n<p><strong>\ud83d\udca1 Consejo de una local:<\/strong> F\u00edjate en la figura del turco ce\u00f1udo con un l\u00e1tigo y un perro guardi\u00e1n junto al grupo de San Juan de Mata, F\u00e9lix de Valois e Iv\u00e1n, justo enfrente. Es el popular \u00abTurco de Praga\u00bb, que los ni\u00f1os del barrio siempre han considerado una criatura de cuento y ante el que todav\u00eda hoy sienten respeto.<\/p>\n<h2 class=\"wp-block-heading\"><span class=\"ez-toc-section\" id=\"Torres_del_Puente_Carlos_vistas_desde_arriba\"><\/span><span class=\"ez-toc-section\" id=\"Torres_del_Puente_Carlos_vistas_desde_arriba\"><\/span>Torres del Puente Carlos: vistas desde arriba<span class=\"ez-toc-section-end\"><\/span><span class=\"ez-toc-section-end\"><\/span><\/h2>\n<p>Ambas torres est\u00e1n abiertas al p\u00fablico y ofrecen panor\u00e1micas tan diferentes que merece la pena subir a las dos. Yo personalmente tengo debilidad por el lado de Mal\u00e1 Strana, pero de eso hablaremos en un momento.<\/p>\n<h3 class=\"wp-block-heading\"><span class=\"ez-toc-section\" id=\"Torre_de_la_Ciudad_Vieja\"><\/span><span class=\"ez-toc-section\" id=\"Torre_de_la_Ciudad_Vieja\"><\/span>Torre de la Ciudad Vieja<span class=\"ez-toc-section-end\"><\/span><span class=\"ez-toc-section-end\"><\/span><\/h3>\n<p>Esta imponente puerta g\u00f3tica fue dise\u00f1ada por el ya mencionado Petr Parl\u00e9\u0159, y los arquitectos la consideran a menudo una de las torres g\u00f3ticas m\u00e1s bellas de toda Europa. Su fachada oriental, orientada hacia la Ciudad Vieja, est\u00e1 profusamente decorada con estatuas de Carlos IV, Wenceslao IV y los patronos de Bohemia. Sin embargo, durante la Guerra de los Treinta A\u00f1os, su lado occidental sufri\u00f3 graves da\u00f1os por la artiller\u00eda sueca cuando las tropas intentaron conquistar la orilla derecha. En el interior te esperan 138 escalones y una intrigante exposici\u00f3n; tras subirlos, sales a un mirador con vistas directas al eje que apunta hacia el Castillo de Praga. Especialmente en oto\u00f1o, cuando los \u00e1rboles de Kampa amarillean, esta panor\u00e1mica no tiene precio.<\/p>\n<p>Abre todos los d\u00edas. En temporada de verano de 9:00 a 21:00; en los meses de invierno cierra antes, normalmente a las 18:00. La entrada b\u00e1sica para adultos cuesta 7,50 \u20ac (precios de 2026).<\/p>\n<p><strong>\ud83d\udca1 Consejo de una local:<\/strong> Compra directamente en taquilla la entrada combinada para las dos torres del puente. Te sale m\u00e1s barato en total y tienes varios d\u00edas para usar la segunda entrada, as\u00ed que no hace falta subir ambas escalinatas de golpe.<\/p>\n<h3 class=\"wp-block-heading\"><span class=\"ez-toc-section\" id=\"Torres_de_Mala_Strana\"><\/span><span class=\"ez-toc-section\" id=\"Torres_de_Mala_Strana\"><\/span>Torres de Mal\u00e1 Strana<span class=\"ez-toc-section-end\"><\/span><span class=\"ez-toc-section-end\"><\/span><\/h3>\n<p>En la orilla opuesta no te recibe una, sino dos torres unidas por un pasadizo almenado. <strong>La m\u00e1s baja, llamada torre de Judith, es de origen rom\u00e1nico y recuerda al predecesor del actual Puente Carlos.<\/strong> La m\u00e1s alta, g\u00f3tica, data del siglo XV y fue concebida como reflejo de la torre de la Ciudad Vieja, aunque su decoraci\u00f3n exterior es mucho m\u00e1s sobria y austera. La exposici\u00f3n interior se dedica a la historia de los puentes de Praga, y la vista desde el mirador superior sobre los tejados de Mal\u00e1 Strana y la empinada calle Nerudova subiendo hacia el Castillo de Praga tiene una atm\u00f3sfera completamente distinta, m\u00e1s \u00edntima y acogedora, que la panor\u00e1mica de la orilla contraria.<\/p>\n<p>La entrada cuesta los mismos 7,50 \u20ac que en su hermana de la Ciudad Vieja, y tras comprar el billete en la planta baja te esperan 146 escalones de madera.<\/p>\n<p><strong>\ud83d\udca1 Consejo de una local:<\/strong> La exposici\u00f3n de la torre de Mal\u00e1 Strana suele estar mucho m\u00e1s vac\u00eda y tranquila. Si no te gustan los espacios estrechos llenos de turistas, elige subir por esta orilla izquierda.<\/p>\n<h2 class=\"wp-block-heading\"><span class=\"ez-toc-section\" id=\"Informacion_practica\"><\/span><span class=\"ez-toc-section\" id=\"Informacion_practica\"><\/span>Informaci\u00f3n pr\u00e1ctica<span class=\"ez-toc-section-end\"><\/span><span class=\"ez-toc-section-end\"><\/span><\/h2>\n<p>Y ahora lo aburrido pero salvador: unas cuantas cosas que a m\u00ed en su d\u00eda me pillaron desprevenida y que prefiero contarte de antemano.<\/p>\n<h3 class=\"wp-block-heading\"><span class=\"ez-toc-section\" id=\"Como_llegar_al_Puente_Carlos\"><\/span><span class=\"ez-toc-section\" id=\"Como_llegar_al_Puente_Carlos\"><\/span>C\u00f3mo llegar al Puente Carlos<span class=\"ez-toc-section-end\"><\/span><span class=\"ez-toc-section-end\"><\/span><\/h3>\n<p>Toda la zona es estrictamente peatonal, as\u00ed que en coche no vas a poder llegar. Lo mejor es utilizar el <a href=\"https:\/\/pid.cz\/\" rel=\"nofollow noopener\" target=\"_blank\">fiable transporte p\u00fablico de Praga<\/a>. En la orilla derecha, b\u00e1jate en la estaci\u00f3n de metro de la l\u00ednea A o en la parada de los tranv\u00edas 17 y 18 llamada <strong>Starom\u011bstsk\u00e1<\/strong>. Desde ah\u00ed son unos cinco minutos andando por la plaza K\u0159i\u017eovnick\u00e9. Desde el lado de Mal\u00e1 Strana, el legendario tranv\u00eda n\u00famero 22 (o las l\u00edneas 12, 15, 20) te deja en la parada <strong>Malostransk\u00e9 n\u00e1m\u011bst\u00ed<\/strong>, desde donde solo tienes que bajar por la calle Mosteck\u00e1 directamente hasta las torres.<\/p>\n<p>Si vienes desde Espa\u00f1a, la forma m\u00e1s c\u00f3moda de llegar a Praga es en avi\u00f3n. Desde Madrid y <a class=\"thirstylink\" rel=\"nofollow\" target=\"_blank\" title=\"Barcelona (booking)\" href=\"https:\/\/loudavymkrokem.cz\/es\/doporucujeme\/barcelona-booking\/\" data-shortcode=\"true\">Barcelona<\/a> hay vuelos directos con aerol\u00edneas como Vueling, Iberia o Ryanair. El aeropuerto V\u00e1clav Havel est\u00e1 bien conectado con el centro por autob\u00fas y la l\u00ednea de metro. El billete sencillo de transporte p\u00fablico de 30 minutos cuesta <strong>1,20 \u20ac<\/strong> y te bastar\u00e1 para desplazarte desde la mayor\u00eda de puntos c\u00e9ntricos como la plaza de Wenceslao o la estaci\u00f3n central.<\/p>\n<p><strong>\ud83d\udca1 Consejo de una local:<\/strong> Para familias con cochecito: la rampa de acceso a ambos lados est\u00e1 empedrada con adoquines grandes, pero sin escalones. Eso s\u00ed, si quieres bajar a mitad de camino a la isla de Kampa junto al canal de \u010certovka, tendr\u00e1s que sortear una escalera de piedra bastante empinada. Con cochecito hay que dar la vuelta por Malostransk\u00e9 n\u00e1m\u011bst\u00ed o bajarla con mucho cuidado.<\/p>\n<figure class=\"wp-block-image size-full\"><img loading=\"lazy\" decoding=\"async\" width=\"1200\" height=\"800\" src=\"https:\/\/loudavymkrokem.cz\/wp-content\/uploads\/2025\/03\/recenze-domus-balthasar-praha-s-batoletem-2.jpg\" alt=\"Vistas desde Domus Balthasar junto al Puente Carlos\" class=\"wp-image-94707\" title=\"\" srcset=\"https:\/\/loudavymkrokem.cz\/wp-content\/uploads\/2025\/03\/recenze-domus-balthasar-praha-s-batoletem-2.jpg 1200w, https:\/\/loudavymkrokem.cz\/wp-content\/uploads\/2025\/03\/recenze-domus-balthasar-praha-s-batoletem-2-300x200.jpg 300w, https:\/\/loudavymkrokem.cz\/wp-content\/uploads\/2025\/03\/recenze-domus-balthasar-praha-s-batoletem-2-700x467.jpg 700w, https:\/\/loudavymkrokem.cz\/wp-content\/uploads\/2025\/03\/recenze-domus-balthasar-praha-s-batoletem-2-768x512.jpg 768w, https:\/\/loudavymkrokem.cz\/wp-content\/uploads\/2025\/03\/recenze-domus-balthasar-praha-s-batoletem-2-696x464.jpg 696w\" sizes=\"auto, (max-width: 1200px) 100vw, 1200px\"><figcaption class=\"wp-element-caption\">Vistas desde <a class=\"thirstylink\" rel=\"nofollow\" target=\"_blank\" title=\"Domus Balthasar Boutique Hotel\" href=\"https:\/\/loudavymkrokem.cz\/doporucujeme\/domus-balthasar-boutique-hotel\/\" data-shortcode=\"true\">Domus Balthasar<\/a><\/figcaption><\/figure>\n<h3 class=\"wp-block-heading\"><span class=\"ez-toc-section\" id=\"Visitas_guiadas_y_cruceros_por_el_Moldava\"><\/span><span class=\"ez-toc-section\" id=\"Visitas_guiadas_y_cruceros_por_el_Moldava\"><\/span>Visitas guiadas y cruceros por el Moldava<span class=\"ez-toc-section-end\"><\/span><span class=\"ez-toc-section-end\"><\/span><\/h3>\n<p>Contratar un gu\u00eda merece la pena, y lo digo yo, que normalmente creo que me las apa\u00f1o sola con Google y mi sentido de la orientaci\u00f3n. Luk\u00e1\u0161 y yo de vez en cuando optamos por un paseo en barco, porque la vista de los enormes pilares de arenisca desde el nivel del agua ofrece una experiencia completamente distinta y mucho m\u00e1s monumental. Si te atraen las historias hist\u00f3ricas o un paseo por el Moldava justo bajo los arcos, encontrar\u00e1s estupendas opciones online donde reservar con antelaci\u00f3n y evitar el regateo con los vendedores ambulantes de la ribera, que ofrecen entradas a precio inflado.<\/p>\n<p>Puedes <a href=\"https:\/\/www.getyourguide.com\/prague-l10\/?partner_id=MKZ64IS\" rel=\"nofollow noopener\" target=\"_blank\">reservar a trav\u00e9s de GetYourGuide<\/a> distintas opciones de paseos hist\u00f3ricos, caminatas nocturnas y cruceros. En verano recomiendo elegir los horarios de \u00faltima hora de la tarde, cuando la brisa del r\u00edo refresca muy agradablemente.<\/p>\n<p><strong>\ud83d\udca1 Consejo de una local:<\/strong> En lugar de los grandes barcos acristalados con m\u00fasica a todo volumen, busca las peque\u00f1as barcas tradicionales de madera (llamadas \u00abvodou\u0161\u00bb). Gracias a su escaso calado, se cuelan por el estrecho canal de \u010certovka justo bajo los balcones de las casas antiguas.<\/p>\n<h3 class=\"wp-block-heading\"><span class=\"ez-toc-section\" id=\"Donde_comer_y_tomar_cafe_sin_caer_en_trampas\"><\/span><span class=\"ez-toc-section\" id=\"Donde_comer_y_tomar_cafe_sin_caer_en_trampas\"><\/span>D\u00f3nde comer y tomar caf\u00e9 (sin caer en trampas)<span class=\"ez-toc-section-end\"><\/span><span class=\"ez-toc-section-end\"><\/span><\/h3>\n<p>Los alrededores de las calles principales est\u00e1n plagados de trampas para turistas. Trdeln\u00edky (unos dulces cil\u00edndricos) descongelados a precios desorbitados y restaurantes donde te cobran hasta por respirar y por el cubierto. Como vegetariana y amante del buen caf\u00e9, suelo esquivar las calles principales dando un rodeo. Cuando cruzamos a Mal\u00e1 Strana, nos gusta desviarnos en familia por las callejuelas m\u00e1s escondidas hacia el Muro de Lennon (aunque este, por desgracia, se est\u00e1 convirtiendo cada vez m\u00e1s en un simple tel\u00f3n de fondo colorido para Instagram sin su mensaje original), o refugiarnos en el acogedor local Roesel \u2013 beer &amp; cake, discretamente escondido junto a las torres del puente. Su cerveza artesanal, sus sopas caseras y sus fant\u00e1sticos pasteles son justo lo que necesitas despu\u00e9s de la caminata. La escena cafetera local est\u00e1 en constante evoluci\u00f3n y siempre se puede encontrar alg\u00fan patio interior tranquilo donde te preparan un espresso excelente con granos de especialidad sin que tengas que hipotecar un ri\u00f1\u00f3n.<\/p>\n<p>Evita los locales situados directamente en la plaza K\u0159i\u017eovnick\u00e9 y en la calle Mosteck\u00e1. Los precios est\u00e1n pensados para turistas de paso y, lamentablemente, la calidad de la comida rara vez est\u00e1 a la altura.<\/p>\n<p><strong>\ud83d\udca1 Consejo de una local:<\/strong> Compra un caf\u00e9 para llevar en alguna de las callejuelas escondidas de Mal\u00e1 Strana y si\u00e9ntate con tu vaso en un banco de los jardines Vojanovy sady. Es un oasis silencioso rodeado de muros donde pasean pavos reales en libertad y donde apenas tropezar\u00e1s con turistas. M\u00e1s sitios favoritos y probados los encontrar\u00e1s en mi gu\u00eda de <a href=\"https:\/\/loudavymkrokem.cz\/es\/cafeterias-hipster-praga\/\">cafeter\u00edas en Praga<\/a>.<\/p>\n<h2 class=\"wp-block-heading\"><span class=\"ez-toc-section\" id=\"Preguntas_frecuentes\"><\/span><span class=\"ez-toc-section\" id=\"Preguntas_frecuentes\"><\/span>Preguntas frecuentes<span class=\"ez-toc-section-end\"><\/span><span class=\"ez-toc-section-end\"><\/span><\/h2>\n<div id=\"rank-math-faq\" class=\"rank-math-block\">\n<div class=\"rank-math-list \">\n<div id=\"faq-question-1777047568218\" class=\"rank-math-list-item\">\n<h3 class=\"rank-math-question \"><span class=\"ez-toc-section\" id=\"%C2%BFEs_gratis_la_entrada_al_Puente_Carlos\"><\/span><span class=\"ez-toc-section\" id=\"Es_gratis_la_entrada_al_Puente_Carlos\"><\/span><strong>\u00bfEs gratis la entrada al Puente Carlos?<\/strong><span class=\"ez-toc-section-end\"><\/span><span class=\"ez-toc-section-end\"><\/span><\/h3>\n<div class=\"rank-math-answer \">\n<p>S\u00ed, cruzar el puente es completamente gratuito y est\u00e1 abierto las 24 horas del d\u00eda, los 365 d\u00edas del a\u00f1o. Solo se paga si quieres subir a los miradores de las torres.<\/p>\n<\/div>\n<\/div>\n<div id=\"faq-question-1777047574289\" class=\"rank-math-list-item\">\n<h3 class=\"rank-math-question \"><span class=\"ez-toc-section\" id=\"%C2%BFCuando_hay_menos_gente\"><\/span><span class=\"ez-toc-section\" id=\"Cuando_hay_menos_gente\"><\/span><strong>\u00bfCu\u00e1ndo hay menos gente?<\/strong> <span class=\"ez-toc-section-end\"><\/span><span class=\"ez-toc-section-end\"><\/span><\/h3>\n<div class=\"rank-math-answer \">\n<p>El momento ideal para pasear sin aglomeraciones es temprano por la ma\u00f1ana al amanecer (entre las 5:00 y las 7:00) o, al contrario, tarde por la noche (despu\u00e9s de las 23:00). Durante el d\u00eda, las multitudes son inevitables en cualquier \u00e9poca del a\u00f1o.<\/p>\n<\/div>\n<\/div>\n<div id=\"faq-question-1777047582727\" class=\"rank-math-list-item\">\n<h3 class=\"rank-math-question \"><span class=\"ez-toc-section\" id=\"%C2%BFSe_puede_cruzar_en_bici_o_en_patinete\"><\/span><span class=\"ez-toc-section\" id=\"Se_puede_cruzar_en_bici_o_en_patinete\"><\/span><strong>\u00bfSe puede cruzar en bici o en patinete?<\/strong> <span class=\"ez-toc-section-end\"><\/span><span class=\"ez-toc-section-end\"><\/span><\/h3>\n<div class=\"rank-math-answer \">\n<p>Circular en bicicleta o en patinete el\u00e9ctrico est\u00e1 estrictamente prohibido por motivos de seguridad. Si llevas bici, debes bajarte y llevarla andando a tu lado en todo momento.<\/p>\n<\/div>\n<\/div>\n<div id=\"faq-question-1777047588704\" class=\"rank-math-list-item\">\n<h3 class=\"rank-math-question \"><span class=\"ez-toc-section\" id=\"%C2%BFSon_originales_las_estatuas\"><\/span><span class=\"ez-toc-section\" id=\"Son_originales_las_estatuas\"><\/span><strong>\u00bfSon originales las estatuas?<\/strong><span class=\"ez-toc-section-end\"><\/span><span class=\"ez-toc-section-end\"><\/span><\/h3>\n<div class=\"rank-math-answer \">\n<p>La mayor\u00eda de las estatuas de piedra arenisca que ves al aire libre hoy en d\u00eda son copias cuidadosamente realizadas en el siglo XX. Los originales fueron trasladados al Lapidario del Museo Nacional en el recinto ferial y a la sala Gorlice en Vy\u0161ehrad para protegerlos de la lluvia \u00e1cida y la contaminaci\u00f3n.<\/p>\n<\/div>\n<\/div>\n<div id=\"faq-question-1777047599829\" class=\"rank-math-list-item\">\n<h3 class=\"rank-math-question \"><span class=\"ez-toc-section\" id=\"%C2%BFCuanto_se_tarda_en_cruzar_de_una_orilla_a_otra\"><\/span><span class=\"ez-toc-section\" id=\"Cuanto_se_tarda_en_cruzar_de_una_orilla_a_otra\"><\/span><strong>\u00bfCu\u00e1nto se tarda en cruzar de una orilla a otra?<\/strong><span class=\"ez-toc-section-end\"><\/span><span class=\"ez-toc-section-end\"><\/span><\/h3>\n<div class=\"rank-math-answer \">\n<p>El puente mide poco m\u00e1s de 500 metros, as\u00ed que a paso r\u00e1pido y sin gente lo cruzas en 5 a 7 minutos. Pero si quieres pararte a contemplar las estatuas, sacar fotos y abrirte paso entre la multitud diurna, cuenta con 20 a 30 minutos.<\/p>\n<\/div>\n<\/div>\n<div id=\"faq-question-1777047607776\" class=\"rank-math-list-item\">\n<h3 class=\"rank-math-question \"><span class=\"ez-toc-section\" id=\"%C2%BFEs_accesible_para_sillas_de_ruedas\"><\/span><span class=\"ez-toc-section\" id=\"Es_accesible_para_sillas_de_ruedas\"><\/span><strong>\u00bfEs accesible para sillas de ruedas?<\/strong><span class=\"ez-toc-section-end\"><\/span><span class=\"ez-toc-section-end\"><\/span><\/h3>\n<div class=\"rank-math-answer \">\n<p>S\u00ed, el recorrido principal es completamente llano y sin escalones en toda su longitud, por lo que se puede cruzar sin problemas con cochecito o silla de ruedas. Cuidado solo con las escaleras que bajan a mitad de camino hacia la isla de Kampa: esas no son accesibles.<\/p>\n<\/div>\n<\/div>\n<\/div>\n<\/div>\n","protected":false},"excerpt":{"rendered":"<p>Cuando por las ma\u00f1anas corr\u00eda hacia mi instituto en Mal\u00e1 Strana, a veces me desviaba a prop\u00f3sito para cruzar el r\u00edo por el Puente Carlos. A las siete y media de la ma\u00f1ana, sobre todo en un noviembre h\u00famedo y gris, reinaba un silencio especial que solo romp\u00edan los graznidos de las gaviotas y el repiqueteo de mis propios pasos sobre el empedrado mojado.<\/p>\n","protected":false},"author":3,"featured_media":151097,"comment_status":"open","ping_status":"open","sticky":false,"template":"","format":"standard","meta":{"footnotes":"","rank_math_title":"","rank_math_description":"","rank_math_focus_keyword":"","rank_math_seo_score":""},"categories":[996,1034],"tags":[],"class_list":{"0":"post-151249","1":"post","2":"type-post","3":"status-publish","4":"format-standard","5":"has-post-thumbnail","7":"category-europa","8":"category-republica-checa"},"featured_image_src":"https:\/\/loudavymkrokem.cz\/wp-content\/uploads\/2026\/04\/karluv-most-4126.jpg","author_info":{"display_name":"Lucie Kone\u010dn\u00e1","author_link":"https:\/\/loudavymkrokem.cz\/es\/author\/lucie-konecna\/"},"_links":{"self":[{"href":"https:\/\/loudavymkrokem.cz\/es\/wp-json\/wp\/v2\/posts\/151249","targetHints":{"allow":["GET"]}}],"collection":[{"href":"https:\/\/loudavymkrokem.cz\/es\/wp-json\/wp\/v2\/posts"}],"about":[{"href":"https:\/\/loudavymkrokem.cz\/es\/wp-json\/wp\/v2\/types\/post"}],"author":[{"embeddable":true,"href":"https:\/\/loudavymkrokem.cz\/es\/wp-json\/wp\/v2\/users\/3"}],"replies":[{"embeddable":true,"href":"https:\/\/loudavymkrokem.cz\/es\/wp-json\/wp\/v2\/comments?post=151249"}],"version-history":[{"count":1,"href":"https:\/\/loudavymkrokem.cz\/es\/wp-json\/wp\/v2\/posts\/151249\/revisions"}],"predecessor-version":[{"id":151600,"href":"https:\/\/loudavymkrokem.cz\/es\/wp-json\/wp\/v2\/posts\/151249\/revisions\/151600"}],"wp:featuredmedia":[{"embeddable":true,"href":"https:\/\/loudavymkrokem.cz\/es\/wp-json\/wp\/v2\/media\/151097"}],"wp:attachment":[{"href":"https:\/\/loudavymkrokem.cz\/es\/wp-json\/wp\/v2\/media?parent=151249"}],"wp:term":[{"taxonomy":"category","embeddable":true,"href":"https:\/\/loudavymkrokem.cz\/es\/wp-json\/wp\/v2\/categories?post=151249"},{"taxonomy":"post_tag","embeddable":true,"href":"https:\/\/loudavymkrokem.cz\/es\/wp-json\/wp\/v2\/tags?post=151249"}],"curies":[{"name":"wp","href":"https:\/\/api.w.org\/{rel}","templated":true}]}}