{"id":151248,"date":"2026-04-24T19:49:45","date_gmt":"2026-04-24T17:49:45","guid":{"rendered":"https:\/\/loudavymkrokem.cz\/?p=151248"},"modified":"2026-04-30T11:07:18","modified_gmt":"2026-04-30T09:07:18","slug":"monumentos-praga-republica-checa","status":"publish","type":"post","link":"https:\/\/loudavymkrokem.cz\/es\/monumentos-praga-republica-checa\/","title":{"rendered":"Los monumentos m\u00e1s bonitos de Praga: 20 lugares que tienes que ver (2026)"},"content":{"rendered":"<p>Cuando pienso en los monumentos de Praga Rep\u00fablica Checa, recuerdo las hojas h\u00famedas de oto\u00f1o desliz\u00e1ndose por los adoquines mientras Luk\u00e1\u0161 y yo sub\u00edamos por primera vez la calle Nerudova. Fuimos a pasear en una de nuestras primeras citas. Fue m\u00e1gico, incluso a pesar de que yo estudi\u00e9 el bachillerato en pleno centro hist\u00f3rico y luego cruc\u00e9 a la otra orilla del r\u00edo para ir a la universidad. <strong>Crec\u00ed en el centro de Praga y, aun as\u00ed, nunca deja de fascinarme. Acomp\u00e1\u00f1ame a descubrir los monumentos m\u00e1s bonitos de Praga.<\/strong><\/p>\n<figure class=\"wp-block-image size-full\"><img loading=\"lazy\" decoding=\"async\" width=\"1200\" height=\"800\" src=\"https:\/\/loudavymkrokem.cz\/wp-content\/uploads\/2023\/07\/prazsky-hrad-4179.jpg\" alt=\"Monumentos de Praga Rep\u00fablica Checa\" class=\"wp-image-151120\" title=\"\" srcset=\"https:\/\/loudavymkrokem.cz\/wp-content\/uploads\/2023\/07\/prazsky-hrad-4179.jpg 1200w, https:\/\/loudavymkrokem.cz\/wp-content\/uploads\/2023\/07\/prazsky-hrad-4179-300x200.jpg 300w, https:\/\/loudavymkrokem.cz\/wp-content\/uploads\/2023\/07\/prazsky-hrad-4179-700x467.jpg 700w, https:\/\/loudavymkrokem.cz\/wp-content\/uploads\/2023\/07\/prazsky-hrad-4179-768x512.jpg 768w, https:\/\/loudavymkrokem.cz\/wp-content\/uploads\/2023\/07\/prazsky-hrad-4179-696x464.jpg 696w\" sizes=\"auto, (max-width: 1200px) 100vw, 1200px\"><\/figure>\n<div id=\"ez-toc-container\" class=\"ez-toc-v2_0_82_2 ez-toc-wrap-left counter-hierarchy ez-toc-counter ez-toc-grey ez-toc-container-direction\">\n<div class=\"ez-toc-title-container\">\n<p class=\"ez-toc-title\" style=\"cursor:inherit\">Contenido del art\u00edculo<\/p>\n<span class=\"ez-toc-title-toggle\"><a href=\"#\" class=\"ez-toc-pull-right ez-toc-btn ez-toc-btn-xs ez-toc-btn-default ez-toc-toggle\" aria-label=\"Alternar tabla de contenidos\"><span class=\"ez-toc-js-icon-con\"><span class=\"\"><span class=\"eztoc-hide\" style=\"display:none;\">Toggle<\/span><span class=\"ez-toc-icon-toggle-span\"><svg style=\"fill: #999;color:#999\" xmlns=\"http:\/\/www.w3.org\/2000\/svg\" class=\"list-377408\" width=\"20px\" height=\"20px\" viewBox=\"0 0 24 24\" fill=\"none\"><path d=\"M6 6H4v2h2V6zm14 0H8v2h12V6zM4 11h2v2H4v-2zm16 0H8v2h12v-2zM4 16h2v2H4v-2zm16 0H8v2h12v-2z\" fill=\"currentColor\"><\/path><\/svg><svg style=\"fill: #999;color:#999\" class=\"arrow-unsorted-368013\" xmlns=\"http:\/\/www.w3.org\/2000\/svg\" width=\"10px\" height=\"10px\" viewBox=\"0 0 24 24\" version=\"1.2\" baseProfile=\"tiny\"><path d=\"M18.2 9.3l-6.2-6.3-6.2 6.3c-.2.2-.3.4-.3.7s.1.5.3.7c.2.2.4.3.7.3h11c.3 0 .5-.1.7-.3.2-.2.3-.5.3-.7s-.1-.5-.3-.7zM5.8 14.7l6.2 6.3 6.2-6.3c.2-.2.3-.5.3-.7s-.1-.5-.3-.7c-.2-.2-.4-.3-.7-.3h-11c-.3 0-.5.1-.7.3-.2.2-.3.5-.3.7s.1.5.3.7z\"\/><\/svg><\/span><\/span><\/span><\/a><\/span><\/div>\n<nav><ul class='ez-toc-list ez-toc-list-level-1 ' ><ul class='ez-toc-list-level-3' ><li class='ez-toc-heading-level-3'><a class=\"ez-toc-link ez-toc-heading-1\" href=\"https:\/\/loudavymkrokem.cz\/es\/monumentos-praga-republica-checa\/#Resumen\" >Resumen<\/a><\/li><\/ul><\/li><li class='ez-toc-page-1 ez-toc-heading-level-2'><a class=\"ez-toc-link ez-toc-heading-2\" href=\"https:\/\/loudavymkrokem.cz\/es\/monumentos-praga-republica-checa\/#Cuando_visitar_los_monumentos_de_Praga\" >Cu\u00e1ndo visitar los monumentos de Praga<\/a><ul class='ez-toc-list-level-3' ><li class='ez-toc-heading-level-3'><a class=\"ez-toc-link ez-toc-heading-3\" href=\"https:\/\/loudavymkrokem.cz\/es\/monumentos-praga-republica-checa\/#Primavera_y_verano_a_tope\" >Primavera y verano a tope<\/a><\/li><li class='ez-toc-page-1 ez-toc-heading-level-3'><a class=\"ez-toc-link ez-toc-heading-4\" href=\"https:\/\/loudavymkrokem.cz\/es\/monumentos-praga-republica-checa\/#Luz_otonal_y_melancolia_invernal\" >Luz oto\u00f1al y melancol\u00eda invernal<\/a><\/li><li class='ez-toc-page-1 ez-toc-heading-level-3'><a class=\"ez-toc-link ez-toc-heading-5\" href=\"https:\/\/loudavymkrokem.cz\/es\/monumentos-praga-republica-checa\/#Cuanto_tiempo_necesitas\" >Cu\u00e1nto tiempo necesitas<\/a><\/li><\/ul><\/li><li class='ez-toc-page-1 ez-toc-heading-level-2'><a class=\"ez-toc-link ez-toc-heading-6\" href=\"https:\/\/loudavymkrokem.cz\/es\/monumentos-praga-republica-checa\/#Donde_alojarse\" >D\u00f3nde alojarse<\/a><\/li><li class='ez-toc-page-1 ez-toc-heading-level-2'><a class=\"ez-toc-link ez-toc-heading-7\" href=\"https:\/\/loudavymkrokem.cz\/es\/monumentos-praga-republica-checa\/#Joyas_de_la_corona_lo_mejor_de_la_Praga_historica\" >Joyas de la corona: lo mejor de la Praga hist\u00f3rica<\/a><ul class='ez-toc-list-level-3' ><li class='ez-toc-heading-level-3'><a class=\"ez-toc-link ez-toc-heading-8\" href=\"https:\/\/loudavymkrokem.cz\/es\/monumentos-praga-republica-checa\/#Castillo_de_Praga\" >Castillo de Praga<\/a><\/li><li class='ez-toc-page-1 ez-toc-heading-level-3'><a class=\"ez-toc-link ez-toc-heading-9\" href=\"https:\/\/loudavymkrokem.cz\/es\/monumentos-praga-republica-checa\/#Catedral_de_San_Vito\" >Catedral de San Vito<\/a><\/li><li class='ez-toc-page-1 ez-toc-heading-level-3'><a class=\"ez-toc-link ez-toc-heading-10\" href=\"https:\/\/loudavymkrokem.cz\/es\/monumentos-praga-republica-checa\/#Puente_de_Carlos\" >Puente de Carlos<\/a><\/li><li class='ez-toc-page-1 ez-toc-heading-level-3'><a class=\"ez-toc-link ez-toc-heading-11\" href=\"https:\/\/loudavymkrokem.cz\/es\/monumentos-praga-republica-checa\/#Plaza_de_la_Ciudad_Vieja_y_reloj_astronomico\" >Plaza de la Ciudad Vieja y reloj astron\u00f3mico<\/a><\/li><li class='ez-toc-page-1 ez-toc-heading-level-3'><a class=\"ez-toc-link ez-toc-heading-12\" href=\"https:\/\/loudavymkrokem.cz\/es\/monumentos-praga-republica-checa\/#Vysehrad\" >Vy\u0161ehrad<\/a><\/li><li class='ez-toc-page-1 ez-toc-heading-level-3'><a class=\"ez-toc-link ez-toc-heading-13\" href=\"https:\/\/loudavymkrokem.cz\/es\/monumentos-praga-republica-checa\/#Petrin_y_la_torre_mirador\" >Pet\u0159\u00edn y la torre mirador<\/a><\/li><\/ul><\/li><li class='ez-toc-page-1 ez-toc-heading-level-2'><a class=\"ez-toc-link ez-toc-heading-14\" href=\"https:\/\/loudavymkrokem.cz\/es\/monumentos-praga-republica-checa\/#Joyas_sacras_y_centros_espirituales\" >Joyas sacras y centros espirituales<\/a><ul class='ez-toc-list-level-3' ><li class='ez-toc-heading-level-3'><a class=\"ez-toc-link ez-toc-heading-15\" href=\"https:\/\/loudavymkrokem.cz\/es\/monumentos-praga-republica-checa\/#Iglesia_de_Tyn\" >Iglesia de T\u00fdn<\/a><\/li><li class='ez-toc-page-1 ez-toc-heading-level-3'><a class=\"ez-toc-link ez-toc-heading-16\" href=\"https:\/\/loudavymkrokem.cz\/es\/monumentos-praga-republica-checa\/#Iglesia_de_San_Nicolas_en_Mala_Strana\" >Iglesia de San Nicol\u00e1s en Mal\u00e1 Strana<\/a><\/li><li class='ez-toc-page-1 ez-toc-heading-level-3'><a class=\"ez-toc-link ez-toc-heading-17\" href=\"https:\/\/loudavymkrokem.cz\/es\/monumentos-praga-republica-checa\/#Loreta\" >Loreta<\/a><\/li><li class='ez-toc-page-1 ez-toc-heading-level-3'><a class=\"ez-toc-link ez-toc-heading-18\" href=\"https:\/\/loudavymkrokem.cz\/es\/monumentos-praga-republica-checa\/#Monasterio_de_Strahov\" >Monasterio de Strahov<\/a><\/li><\/ul><\/li><li class='ez-toc-page-1 ez-toc-heading-level-2'><a class=\"ez-toc-link ez-toc-heading-19\" href=\"https:\/\/loudavymkrokem.cz\/es\/monumentos-praga-republica-checa\/#Barrio_judio_Josefov\" >Barrio jud\u00edo: Josefov<\/a><ul class='ez-toc-list-level-3' ><li class='ez-toc-heading-level-3'><a class=\"ez-toc-link ez-toc-heading-20\" href=\"https:\/\/loudavymkrokem.cz\/es\/monumentos-praga-republica-checa\/#Sinagoga_Vieja-Nueva\" >Sinagoga Vieja-Nueva<\/a><\/li><li class='ez-toc-page-1 ez-toc-heading-level-3'><a class=\"ez-toc-link ez-toc-heading-21\" href=\"https:\/\/loudavymkrokem.cz\/es\/monumentos-praga-republica-checa\/#Antiguo_cementerio_judio\" >Antiguo cementerio jud\u00edo<\/a><\/li><li class='ez-toc-page-1 ez-toc-heading-level-3'><a class=\"ez-toc-link ez-toc-heading-22\" href=\"https:\/\/loudavymkrokem.cz\/es\/monumentos-praga-republica-checa\/#Sinagoga_Espanola\" >Sinagoga Espa\u00f1ola<\/a><\/li><\/ul><\/li><li class='ez-toc-page-1 ez-toc-heading-level-2'><a class=\"ez-toc-link ez-toc-heading-23\" href=\"https:\/\/loudavymkrokem.cz\/es\/monumentos-praga-republica-checa\/#Iconos_modernos_y_edificios_polemicos\" >Iconos modernos y edificios pol\u00e9micos<\/a><ul class='ez-toc-list-level-3' ><li class='ez-toc-heading-level-3'><a class=\"ez-toc-link ez-toc-heading-24\" href=\"https:\/\/loudavymkrokem.cz\/es\/monumentos-praga-republica-checa\/#Casa_Danzante\" >Casa Danzante<\/a><\/li><li class='ez-toc-page-1 ez-toc-heading-level-3'><a class=\"ez-toc-link ez-toc-heading-25\" href=\"https:\/\/loudavymkrokem.cz\/es\/monumentos-praga-republica-checa\/#Torre_de_television_de_Zizkov\" >Torre de televisi\u00f3n de \u017di\u017ekov<\/a><\/li><li class='ez-toc-page-1 ez-toc-heading-level-3'><a class=\"ez-toc-link ez-toc-heading-26\" href=\"https:\/\/loudavymkrokem.cz\/es\/monumentos-praga-republica-checa\/#Cabeza_giratoria_de_Franz_Kafka\" >Cabeza giratoria de Franz Kafka<\/a><\/li><\/ul><\/li><li class='ez-toc-page-1 ez-toc-heading-level-2'><a class=\"ez-toc-link ez-toc-heading-27\" href=\"https:\/\/loudavymkrokem.cz\/es\/monumentos-praga-republica-checa\/#Joyas_ocultas_y_refugios_lejos_de_las_masas\" >Joyas ocultas y refugios lejos de las masas<\/a><ul class='ez-toc-list-level-3' ><li class='ez-toc-heading-level-3'><a class=\"ez-toc-link ez-toc-heading-28\" href=\"https:\/\/loudavymkrokem.cz\/es\/monumentos-praga-republica-checa\/#Jardin_Vrtbovska\" >Jard\u00edn Vrtbovsk\u00e1<\/a><\/li><li class='ez-toc-page-1 ez-toc-heading-level-3'><a class=\"ez-toc-link ez-toc-heading-29\" href=\"https:\/\/loudavymkrokem.cz\/es\/monumentos-praga-republica-checa\/#Novy_Svet\" >Nov\u00fd Sv\u011bt<\/a><\/li><li class='ez-toc-page-1 ez-toc-heading-level-3'><a class=\"ez-toc-link ez-toc-heading-30\" href=\"https:\/\/loudavymkrokem.cz\/es\/monumentos-praga-republica-checa\/#Clementinum_y_Biblioteca_Barroca\" >Clementinum y Biblioteca Barroca<\/a><\/li><li class='ez-toc-page-1 ez-toc-heading-level-3'><a class=\"ez-toc-link ez-toc-heading-31\" href=\"https:\/\/loudavymkrokem.cz\/es\/monumentos-praga-republica-checa\/#Jardin_Wallenstein\" >Jard\u00edn Wallenstein<\/a><\/li><\/ul><\/li><li class='ez-toc-page-1 ez-toc-heading-level-2'><a class=\"ez-toc-link ez-toc-heading-32\" href=\"https:\/\/loudavymkrokem.cz\/es\/monumentos-praga-republica-checa\/#Donde_comer\" >D\u00f3nde comer<\/a><ul class='ez-toc-list-level-3' ><li class='ez-toc-heading-level-3'><a class=\"ez-toc-link ez-toc-heading-33\" href=\"https:\/\/loudavymkrokem.cz\/es\/monumentos-praga-republica-checa\/#Eska_en_Karlin_y_bistrots_acogedores\" >Eska en Karl\u00edn y bistrots acogedores<\/a><\/li><\/ul><\/li><li class='ez-toc-page-1 ez-toc-heading-level-2'><a class=\"ez-toc-link ez-toc-heading-34\" href=\"https:\/\/loudavymkrokem.cz\/es\/monumentos-praga-republica-checa\/#Informacion_practica\" >Informaci\u00f3n pr\u00e1ctica<\/a><\/li><li class='ez-toc-page-1 ez-toc-heading-level-2'><a class=\"ez-toc-link ez-toc-heading-35\" href=\"https:\/\/loudavymkrokem.cz\/es\/monumentos-praga-republica-checa\/#Preguntas_frecuentes\" >Preguntas frecuentes<\/a><ul class='ez-toc-list-level-3' ><li class='ez-toc-heading-level-3'><a class=\"ez-toc-link ez-toc-heading-36\" href=\"https:\/\/loudavymkrokem.cz\/es\/monumentos-praga-republica-checa\/#%C2%BFCuales_son_los_monumentos_mas_importantes_de_Praga\" >\u00bfCu\u00e1les son los monumentos m\u00e1s importantes de Praga?<\/a><\/li><li class='ez-toc-page-1 ez-toc-heading-level-3'><a class=\"ez-toc-link ez-toc-heading-37\" href=\"https:\/\/loudavymkrokem.cz\/es\/monumentos-praga-republica-checa\/#%C2%BFCuanto_tiempo_necesito_para_visitar_Praga\" >\u00bfCu\u00e1nto tiempo necesito para visitar Praga?<\/a><\/li><li class='ez-toc-page-1 ez-toc-heading-level-3'><a class=\"ez-toc-link ez-toc-heading-38\" href=\"https:\/\/loudavymkrokem.cz\/es\/monumentos-praga-republica-checa\/#%C2%BFQue_monumentos_de_Praga_son_gratis\" >\u00bfQu\u00e9 monumentos de Praga son gratis?<\/a><\/li><li class='ez-toc-page-1 ez-toc-heading-level-3'><a class=\"ez-toc-link ez-toc-heading-39\" href=\"https:\/\/loudavymkrokem.cz\/es\/monumentos-praga-republica-checa\/#%C2%BFComo_funciona_el_transporte_publico_en_Praga\" >\u00bfC\u00f3mo funciona el transporte p\u00fablico en Praga?<\/a><\/li><\/ul><\/li><\/ul><\/nav><\/div>\n<h3 class=\"wp-block-heading\"><span class=\"ez-toc-section\" id=\"Resumen\"><\/span><span class=\"ez-toc-section\" id=\"Resumen\"><\/span>Resumen<span class=\"ez-toc-section-end\"><\/span><span class=\"ez-toc-section-end\"><\/span><\/h3>\n<ul class=\"wp-block-list\">\n<li>El Castillo de Praga y la catedral de San Vito son la base absoluta: reserva al menos medio d\u00eda para visitarlos.<\/li>\n<li>El Puente de Carlos solo se disfruta en calma a primera hora de la ma\u00f1ana; durante el d\u00eda parece una autopista.<\/li>\n<li>El reloj astron\u00f3mico de la Plaza de la Ciudad Vieja dura exactamente 45 segundos: no planifiques tu itinerario entero en torno a \u00e9l.<\/li>\n<li>Vy\u0161ehrad es la alternativa perfecta para familias con ni\u00f1os, con caminos amplios y vistas espectaculares sin aglomeraciones.<\/li>\n<li>El barrio jud\u00edo (Josefov) esconde una historia fascinante; merece la pena comprar la entrada combinada de las sinagogas.<\/li>\n<li>La <a class=\"thirstylink\" rel=\"nofollow\" target=\"_blank\" title=\"Tan\u010d\u00edc\u00ed d\u016fm\" href=\"https:\/\/loudavymkrokem.cz\/doporucujeme\/tancici-dum\/\" data-shortcode=\"true\">Casa Danzante<\/a> se aprecia mejor desde fuera; para las vistas, sube a la cafeter\u00eda de la \u00faltima planta en lugar de pagar por el mirador.<\/li>\n<li>El Jard\u00edn Vrtbovsk\u00e1 es una joya absoluta escondida a un paso del centro: un jard\u00edn barroco en terrazas que casi nadie conoce.<\/li>\n<li>El Clementinum alberga una de las bibliotecas hist\u00f3ricas m\u00e1s bonitas del mundo; las entradas vuelan.<\/li>\n<li>El tranv\u00eda 22 es nuestro consejo secreto: pasa por el Castillo, Mal\u00e1 Strana y Vy\u0161ehrad, y cuesta una fracci\u00f3n de lo que pagar\u00edas en taxi.<\/li>\n<\/ul>\n<figure class=\"wp-block-image size-full\"><img loading=\"lazy\" decoding=\"async\" width=\"1200\" height=\"800\" src=\"https:\/\/loudavymkrokem.cz\/wp-content\/uploads\/2023\/07\/prazsky-hrad-4238.jpg\" alt=\"Catedral de San Vito en el Castillo de Praga\" class=\"wp-image-151114\" title=\"\" srcset=\"https:\/\/loudavymkrokem.cz\/wp-content\/uploads\/2023\/07\/prazsky-hrad-4238.jpg 1200w, https:\/\/loudavymkrokem.cz\/wp-content\/uploads\/2023\/07\/prazsky-hrad-4238-300x200.jpg 300w, https:\/\/loudavymkrokem.cz\/wp-content\/uploads\/2023\/07\/prazsky-hrad-4238-700x467.jpg 700w, https:\/\/loudavymkrokem.cz\/wp-content\/uploads\/2023\/07\/prazsky-hrad-4238-768x512.jpg 768w, https:\/\/loudavymkrokem.cz\/wp-content\/uploads\/2023\/07\/prazsky-hrad-4238-696x464.jpg 696w\" sizes=\"auto, (max-width: 1200px) 100vw, 1200px\"><\/figure>\n<h2 class=\"wp-block-heading\"><span class=\"ez-toc-section\" id=\"Cuando_visitar_los_monumentos_de_Praga\"><\/span><span class=\"ez-toc-section\" id=\"Cuando_visitar_los_monumentos_de_Praga\"><\/span>Cu\u00e1ndo visitar los monumentos de Praga<span class=\"ez-toc-section-end\"><\/span><span class=\"ez-toc-section-end\"><\/span><\/h2>\n<p>Elegir el momento adecuado es la mitad del \u00e9xito. La ciudad cambia no solo con las estaciones, sino pr\u00e1cticamente a cada hora. Cuando se habla de Praga, la capital de la Rep\u00fablica Checa y Patrimonio de la UNESCO, la mayor\u00eda se imagina el sol de verano reflej\u00e1ndose en los tejados rojos, pero la realidad de las calles a 35 grados puede resultar agotadora.<\/p>\n<h3 class=\"wp-block-heading\"><span class=\"ez-toc-section\" id=\"Primavera_y_verano_a_tope\"><\/span><span class=\"ez-toc-section\" id=\"Primavera_y_verano_a_tope\"><\/span>Primavera y verano a tope<span class=\"ez-toc-section-end\"><\/span><span class=\"ez-toc-section-end\"><\/span><\/h3>\n<p>Abril y mayo ti\u00f1en las laderas de Pet\u0159\u00edn de rosa y abren las primeras terrazas al aire libre. Mayo es, personalmente, mi mes favorito. Los d\u00edas se alargan y las temperaturas permiten largas caminatas sin abrigo. Intenta madrugar y bajar al r\u00edo antes de que el resto de la ciudad se despierte.<\/p>\n<p>Con la llegada de junio a agosto, el calor inunda las calles y el centro hist\u00f3rico revienta por las costuras. Cuando necesito escapar de los adoquines recalentados, me dirijo al parque Stromovka o a los jardines Riegrovy sady.<\/p>\n<h3 class=\"wp-block-heading\"><span class=\"ez-toc-section\" id=\"Luz_otonal_y_melancolia_invernal\"><\/span><span class=\"ez-toc-section\" id=\"Luz_otonal_y_melancolia_invernal\"><\/span>Luz oto\u00f1al y melancol\u00eda invernal<span class=\"ez-toc-section-end\"><\/span><span class=\"ez-toc-section-end\"><\/span><\/h3>\n<p>Septiembre gana objetivamente, al menos para m\u00ed. La luz dorada del veranillo de San Mart\u00edn cae suavemente sobre las fachadas y las temperaturas bajan a niveles muy agradables. Los amantes de la m\u00fasica cl\u00e1sica pueden apuntar el festival Dvo\u0159\u00e1kova Praha, que en 2026 se celebra del <strong>5 al 23 de septiembre<\/strong>.<\/p>\n<p>Para los que buscan un espect\u00e1culo visual, el Signal Festival tiene lugar del <strong>15 al 18 de octubre de 2026<\/strong>. Enero y febrero, en cambio, muestran la cara m\u00e1s cruda de la ciudad. Los turistas desaparecen, las calles se oscurecen y el fr\u00edo h\u00famedo te empuja enseguida al bar m\u00e1s cercano a pedir un buen goulash calentito.<\/p>\n<h3 class=\"wp-block-heading\"><span class=\"ez-toc-section\" id=\"Cuanto_tiempo_necesitas\"><\/span><span class=\"ez-toc-section\" id=\"Cuanto_tiempo_necesitas\"><\/span>Cu\u00e1nto tiempo necesitas<span class=\"ez-toc-section-end\"><\/span><span class=\"ez-toc-section-end\"><\/span><\/h3>\n<p>Un fin de semana basta para el tri\u00e1ngulo de oro b\u00e1sico. En dos d\u00edas puedes recorrer el Castillo, pasear por el centro y asomarte a Mal\u00e1 Strana.<\/p>\n<p>Cuatro o cinco d\u00edas son, sin embargo, el punto ideal. Cubres las visitas obligadas sin prisas, el tercer d\u00eda subes a Vy\u0161ehrad y el tiempo restante lo dedicas a perderte sin rumbo por Vinohrady o Karl\u00edn.<\/p>\n<figure class=\"wp-block-image size-full\"><img loading=\"lazy\" decoding=\"async\" width=\"1200\" height=\"800\" src=\"https:\/\/loudavymkrokem.cz\/wp-content\/uploads\/2026\/04\/julius-hotel-praha-3880.jpg\" alt=\"Hotel en Praga Rep\u00fablica Checa\" class=\"wp-image-151063\" title=\"\" srcset=\"https:\/\/loudavymkrokem.cz\/wp-content\/uploads\/2026\/04\/julius-hotel-praha-3880.jpg 1200w, https:\/\/loudavymkrokem.cz\/wp-content\/uploads\/2026\/04\/julius-hotel-praha-3880-300x200.jpg 300w, https:\/\/loudavymkrokem.cz\/wp-content\/uploads\/2026\/04\/julius-hotel-praha-3880-700x467.jpg 700w, https:\/\/loudavymkrokem.cz\/wp-content\/uploads\/2026\/04\/julius-hotel-praha-3880-768x512.jpg 768w, https:\/\/loudavymkrokem.cz\/wp-content\/uploads\/2026\/04\/julius-hotel-praha-3880-696x464.jpg 696w\" sizes=\"auto, (max-width: 1200px) 100vw, 1200px\"><\/figure>\n<h2 class=\"wp-block-heading\"><span class=\"ez-toc-section\" id=\"Donde_alojarse\"><\/span><span class=\"ez-toc-section\" id=\"Donde_alojarse\"><\/span>D\u00f3nde alojarse<span class=\"ez-toc-section-end\"><\/span><span class=\"ez-toc-section-end\"><\/span><\/h2>\n<p>Si buscas una base desde la que tener todos los monumentos principales a mano, pero sin el ruido nocturno m\u00e1s intenso, te recomiendo el <strong><a href=\"https:\/\/www.stay22.com\/allez\/booking?aid=lukaskonecny&amp;campaign=loudavymkrokemcz-thejuliuspraguerecenze&amp;product=lma&amp;habl=false&amp;isinc=false&amp;sid22=eyOhfbUVRdp25NRC&amp;conmeth=normal&amp;plng=cs-CZ&amp;pageCategory=travel&amp;source=direct&amp;medium=deeplink&amp;address=Prague%2C+Czechia&amp;link=https%3A%2F%2Fwww.booking.com%2Fsearchresults.html%3Faid%3D1607597%26dest_id%3D7310351%26dest_type%3Dhotel%26label%3Dv3.cmod2yxkvb9hy0838yfkjsa3k&amp;ref22=https%3A%2F%2Floudavymkrokem.cz%2Fthe-julius-prague-recenze\">The Julius Hotel<\/a><\/strong>, en la plaza Senov\u00e1\u017en\u00e9. Nos alojamos aqu\u00ed en nuestra \u00faltima visita, en una espaciosa One Bedroom Suite que nos proporcion\u00f3 exactamente la comodidad que necesit\u00e1bamos con nuestro peque\u00f1o Jon\u00e1\u0161. El interior era tan tranquilo que Jon\u00e1\u0161 se qued\u00f3 dormido antes de que pudi\u00e9ramos deshacer las maletas, y el personal nos recordaba incluso al d\u00eda siguiente, algo que siempre me conquista. \u263a\ufe0f Como vegetariana, adem\u00e1s, agradec\u00ed much\u00edsimo sus desayunos abundantes y creativos, donde la carne no era ni de lejos la \u00fanica protagonista. Desde el hotel llegas andando en diez minutos a la plaza de Wenceslao o a la Torre de la P\u00f3lvora. Puedes consultar precios actualizados y disponibilidad en <a href=\"https:\/\/www.booking.com\/hotel\/cz\/julius-meinl-house-prague.html?aid=2397601\" target=\"_blank\" rel=\"nofollow noopener\">Booking.com<\/a>.<\/p>\n<h2 class=\"wp-block-heading\"><span class=\"ez-toc-section\" id=\"Joyas_de_la_corona_lo_mejor_de_la_Praga_historica\"><\/span><span class=\"ez-toc-section\" id=\"Joyas_de_la_corona_lo_mejor_de_la_Praga_historica\"><\/span>Joyas de la corona: lo mejor de la Praga hist\u00f3rica<span class=\"ez-toc-section-end\"><\/span><span class=\"ez-toc-section-end\"><\/span><\/h2>\n<p>Esta es la parte de la gu\u00eda en la que no tengo coraz\u00f3n para saltarme nada. Incluso como local que iba al colegio por aqu\u00ed, sigo sintiendo algo parecido al orgullo \u2014 o al menos nostalgia \u2014 cada vez que veo los tejados del Castillo desde el r\u00edo. \ud83d\ude01 Si es tu primera vez en la ciudad, estos puntos no pueden faltar en tu itinerario. Te recomiendo repartirlos en varios d\u00edas para que admirar no se convierta en un simple ejercicio de tachar de la lista.<\/p>\n<h3 class=\"wp-block-heading\"><span class=\"ez-toc-section\" id=\"Castillo_de_Praga\"><\/span><span class=\"ez-toc-section\" id=\"Castillo_de_Praga\"><\/span>Castillo de Praga<span class=\"ez-toc-section-end\"><\/span><span class=\"ez-toc-section-end\"><\/span><\/h3>\n<p>El complejo del <a href=\"https:\/\/www.hrad.cz\" rel=\"nofollow noopener\" target=\"_blank\">Castillo de Praga<\/a> es, en esencia, una ciudad dentro de la ciudad. Recorrer sus patios equivale a hojear un manual de arquitectura, desde los cimientos rom\u00e1nicos hasta las intervenciones del arquitecto Josip Ple\u010dnik en el siglo XX. Fue precisamente aqu\u00ed donde Luk\u00e1\u0161 y yo tuvimos nuestra primera cita, y todav\u00eda recuerdo la calma especial que envuelve el Callej\u00f3n del Oro al atardecer, cuando las grandes multitudes ya se han marchado.<\/p>\n<p>El recorrido b\u00e1sico incluye el Antiguo Palacio Real, la bas\u00edlica de San Jorge, el Callej\u00f3n del Oro y la catedral. La entrada cuesta unos <strong>18 \u20ac<\/strong> y el recinto abre a las <strong>6:00<\/strong>, aunque los edificios hist\u00f3ricos no admiten visitantes hasta las 9:00. La forma m\u00e1s f\u00e1cil de llegar es en el <strong>tranv\u00eda 22<\/strong> hasta la parada Pra\u017esk\u00fd hrad. Para un recorrido m\u00e1s detallado, te recomiendo <a href=\"https:\/\/www.getyourguide.com\/prague-l10\/?partner_id=MKZ64IS\" target=\"_blank\" rel=\"nofollow noopener\">reservar a trav\u00e9s de GetYourGuide<\/a> con un gu\u00eda local.<\/p>\n<figure class=\"wp-block-image size-full\"><img loading=\"lazy\" decoding=\"async\" width=\"1200\" height=\"800\" src=\"https:\/\/loudavymkrokem.cz\/wp-content\/uploads\/2023\/07\/prazsky-hrad-4194.jpg\" alt=\"Castillo de Praga\" class=\"wp-image-151117\" title=\"\" srcset=\"https:\/\/loudavymkrokem.cz\/wp-content\/uploads\/2023\/07\/prazsky-hrad-4194.jpg 1200w, https:\/\/loudavymkrokem.cz\/wp-content\/uploads\/2023\/07\/prazsky-hrad-4194-300x200.jpg 300w, https:\/\/loudavymkrokem.cz\/wp-content\/uploads\/2023\/07\/prazsky-hrad-4194-700x467.jpg 700w, https:\/\/loudavymkrokem.cz\/wp-content\/uploads\/2023\/07\/prazsky-hrad-4194-768x512.jpg 768w, https:\/\/loudavymkrokem.cz\/wp-content\/uploads\/2023\/07\/prazsky-hrad-4194-696x464.jpg 696w\" sizes=\"auto, (max-width: 1200px) 100vw, 1200px\"><\/figure>\n<h3 class=\"wp-block-heading\"><span class=\"ez-toc-section\" id=\"Catedral_de_San_Vito\"><\/span><span class=\"ez-toc-section\" id=\"Catedral_de_San_Vito\"><\/span>Catedral de San Vito<span class=\"ez-toc-section-end\"><\/span><span class=\"ez-toc-section-end\"><\/span><\/h3>\n<p>La <a href=\"https:\/\/www.katedralasvatehovita.cz\/cs\" rel=\"nofollow noopener\" target=\"_blank\">catedral de San Vito<\/a> no es solo el templo m\u00e1s grande del pa\u00eds, sino la dominante indiscutible de todo el complejo del Castillo. Cuando estudiaba en la universidad y fotografiaba arquitectura g\u00f3tica, pasaba horas observando c\u00f3mo la luz de la ma\u00f1ana quebraba los colores a trav\u00e9s de los enormes vitrales, en los que particip\u00f3 el mism\u00edsimo Alfons Mucha. Su construcci\u00f3n se prolong\u00f3 durante casi seis siglos, lo que se refleja en una mezcla perfecta de estilos.<\/p>\n<p>En el interior encontrar\u00e1s las tumbas de los reyes checos y la espectacular capilla de San Wenceslao, cuyas paredes est\u00e1n cubiertas de piedras semipreciosas. La visita a la parte delantera de la nave es gratuita, pero para acceder a la zona principal y a las tumbas reales hay que pagar dentro del circuito del Castillo de Praga. Abierto todos los d\u00edas de 9:00 a 17:00; los domingos, desde las 12:00 por los oficios religiosos. <strong>\ud83d\udca1 Consejo de local:<\/strong> La torre sur de la catedral ofrece, en mi opini\u00f3n, las mejores vistas de la ciudad. Se sube por 287 estrechos escalones de caracol, la entrada se paga aparte (unos 8 \u20ac) y la subida se nota, pero merece much\u00edsimo la pena.<\/p>\n<figure class=\"wp-block-image size-full\"><img loading=\"lazy\" decoding=\"async\" width=\"1200\" height=\"800\" src=\"https:\/\/loudavymkrokem.cz\/wp-content\/uploads\/2023\/07\/prazsky-hrad-4215.jpg\" alt=\"Catedral de San Vito, dominante del Castillo de Praga\" class=\"wp-image-151116\" title=\"\" srcset=\"https:\/\/loudavymkrokem.cz\/wp-content\/uploads\/2023\/07\/prazsky-hrad-4215.jpg 1200w, https:\/\/loudavymkrokem.cz\/wp-content\/uploads\/2023\/07\/prazsky-hrad-4215-300x200.jpg 300w, https:\/\/loudavymkrokem.cz\/wp-content\/uploads\/2023\/07\/prazsky-hrad-4215-700x467.jpg 700w, https:\/\/loudavymkrokem.cz\/wp-content\/uploads\/2023\/07\/prazsky-hrad-4215-768x512.jpg 768w, https:\/\/loudavymkrokem.cz\/wp-content\/uploads\/2023\/07\/prazsky-hrad-4215-696x464.jpg 696w\" sizes=\"auto, (max-width: 1200px) 100vw, 1200px\"><figcaption class=\"wp-element-caption\">Catedral de San Vito: la dominante del Castillo de Praga<\/figcaption><\/figure>\n<h3 class=\"wp-block-heading\"><span class=\"ez-toc-section\" id=\"Puente_de_Carlos\"><\/span><span class=\"ez-toc-section\" id=\"Puente_de_Carlos\"><\/span>Puente de Carlos<span class=\"ez-toc-section-end\"><\/span><span class=\"ez-toc-section-end\"><\/span><\/h3>\n<p>El puente de piedra m\u00e1s antiguo sobre el r\u00edo Moldava conecta la Ciudad Vieja con Mal\u00e1 Strana desde el siglo XIV. Sus treinta esculturas barrocas forman una galer\u00eda al aire libre que, envuelta en la niebla matutina, resulta casi m\u00edstica. Sin embargo, durante el d\u00eda el puente se convierte en una arteria palpitante repleta de caricaturistas, m\u00fasicos y miles de visitantes.<\/p>\n<p>Pasear por \u00e9l es, l\u00f3gicamente, gratis y est\u00e1 abierto las 24 horas. Si quieres una atm\u00f3sfera m\u00e1s tranquila, vale la pena considerar una <a href=\"https:\/\/www.getyourguide.com\/prague-l10\/?partner_id=MKZ64IS\" rel=\"nofollow noopener\" target=\"_blank\">reserva a trav\u00e9s de GetYourGuide<\/a> para un tour comentado por la ma\u00f1ana o un paseo en barco de madera por el Moldava, que pasa justo bajo sus arcos. Para m\u00e1s informaci\u00f3n, puedes leer nuestro <a href=\"https:\/\/loudavymkrokem.cz\/karluv-most\/\">art\u00edculo dedicado al Puente de Carlos<\/a>. <strong>\ud83d\udca1 Consejo de local:<\/strong> Ven antes de las siete de la ma\u00f1ana. Es la \u00fanica forma de admirar las esculturas sin tener que abrirte paso entre la multitud, y adem\u00e1s ver\u00e1s a los fot\u00f3grafos esperando el reflejo perfecto de la luz en el agua.<\/p>\n<figure class=\"wp-block-image size-full\"><img loading=\"lazy\" decoding=\"async\" width=\"1200\" height=\"800\" src=\"https:\/\/loudavymkrokem.cz\/wp-content\/uploads\/2026\/04\/karluv-most-4116.jpg\" alt=\"Puente de Carlos en Praga\" class=\"wp-image-151096\" title=\"\" srcset=\"https:\/\/loudavymkrokem.cz\/wp-content\/uploads\/2026\/04\/karluv-most-4116.jpg 1200w, https:\/\/loudavymkrokem.cz\/wp-content\/uploads\/2026\/04\/karluv-most-4116-300x200.jpg 300w, https:\/\/loudavymkrokem.cz\/wp-content\/uploads\/2026\/04\/karluv-most-4116-700x467.jpg 700w, https:\/\/loudavymkrokem.cz\/wp-content\/uploads\/2026\/04\/karluv-most-4116-768x512.jpg 768w, https:\/\/loudavymkrokem.cz\/wp-content\/uploads\/2026\/04\/karluv-most-4116-696x464.jpg 696w\" sizes=\"auto, (max-width: 1200px) 100vw, 1200px\"><figcaption class=\"wp-element-caption\">Puente de Carlos<\/figcaption><\/figure>\n<h3 class=\"wp-block-heading\"><span class=\"ez-toc-section\" id=\"Plaza_de_la_Ciudad_Vieja_y_reloj_astronomico\"><\/span><span class=\"ez-toc-section\" id=\"Plaza_de_la_Ciudad_Vieja_y_reloj_astronomico\"><\/span>Plaza de la Ciudad Vieja y reloj astron\u00f3mico<span class=\"ez-toc-section-end\"><\/span><span class=\"ez-toc-section-end\"><\/span><\/h3>\n<p>El coraz\u00f3n del centro hist\u00f3rico late en la Plaza de la Ciudad Vieja (Starom\u011bstsk\u00e9 n\u00e1m\u011bst\u00ed). Rodeada de palacios preciosos, presidida por el monumento al reformador Jan Hus y dominada por la torre g\u00f3tica del Ayuntamiento con el famoso reloj astron\u00f3mico, cada hora en punto se congrega bajo \u00e9l una multitud para ver el desfile de los ap\u00f3stoles.<\/p>\n<p>Voy a ser sincera: no planifiques tu d\u00eda entero alrededor del reloj. Es un espect\u00e1culo de 45 segundos que a mucha gente m\u00e1s bien le sorprende por su brevedad. Lo que s\u00ed merece la pena es pagar unos <strong>12 \u20ac<\/strong> por subir a la torre del Ayuntamiento, desde donde se obtiene una vista circular fant\u00e1stica de la plaza. Abierto todos los d\u00edas de 9:00 a 21:00 (los lunes desde las 11:00). M\u00e1s detalles en nuestro art\u00edculo sobre la <a href=\"https:\/\/loudavymkrokem.cz\/staromestske-namesti-orloj\/\">Plaza de la Ciudad Vieja<\/a>. <strong>\ud83d\udca1 Consejo de local:<\/strong> En vez de plantarte entre la multitud frente al reloj, sube a tomarte un caf\u00e9 en la primera planta de la cafeter\u00eda de la casa U Minuty, justo enfrente. Desde la ventana ver\u00e1s a los ap\u00f3stoles a la altura de los ojos.<\/p>\n<figure class=\"wp-block-image size-full\"><img loading=\"lazy\" decoding=\"async\" width=\"1200\" height=\"800\" src=\"https:\/\/loudavymkrokem.cz\/wp-content\/uploads\/2026\/04\/prazsky-orloj-4046.jpg\" alt=\"Reloj astron\u00f3mico de Praga\" class=\"wp-image-151083\" title=\"\" srcset=\"https:\/\/loudavymkrokem.cz\/wp-content\/uploads\/2026\/04\/prazsky-orloj-4046.jpg 1200w, https:\/\/loudavymkrokem.cz\/wp-content\/uploads\/2026\/04\/prazsky-orloj-4046-300x200.jpg 300w, https:\/\/loudavymkrokem.cz\/wp-content\/uploads\/2026\/04\/prazsky-orloj-4046-700x467.jpg 700w, https:\/\/loudavymkrokem.cz\/wp-content\/uploads\/2026\/04\/prazsky-orloj-4046-768x512.jpg 768w, https:\/\/loudavymkrokem.cz\/wp-content\/uploads\/2026\/04\/prazsky-orloj-4046-696x464.jpg 696w\" sizes=\"auto, (max-width: 1200px) 100vw, 1200px\"><figcaption class=\"wp-element-caption\">Reloj astron\u00f3mico en la Plaza de la Ciudad Vieja de Praga<\/figcaption><\/figure>\n<h3 class=\"wp-block-heading\"><span class=\"ez-toc-section\" id=\"Vysehrad\"><\/span><span class=\"ez-toc-section\" id=\"Vysehrad\"><\/span>Vy\u0161ehrad<span class=\"ez-toc-section-end\"><\/span><span class=\"ez-toc-section-end\"><\/span><\/h3>\n<p><a href=\"https:\/\/www.praha-vysehrad.cz\" rel=\"nofollow noopener\" target=\"_blank\">Vy\u0161ehrad<\/a> es mi debilidad y el lugar al que escapo con frecuencia del centro abarrotado. Seg\u00fan las leyendas, fue la primera sede de los pr\u00edncipes checos; hoy es un extenso parque rodeado de murallas barrocas. Aqu\u00ed encontrar\u00e1s la impresionante bas\u00edlica de San Pedro y San Pablo y el cementerio Slav\u00edn, donde descansan las figuras checas m\u00e1s c\u00e9lebres, desde Anton\u00edn Dvo\u0159\u00e1k hasta Karel \u010capek.<\/p>\n<p>Con Jon\u00e1\u0161 agradecimos especialmente los caminos amplios y asfaltados, perfectos para ir con cochecito, y las praderas enormes ideales para un p\u00edcnic. La entrada al recinto es gratuita; solo se paga una peque\u00f1a tarifa para la bas\u00edlica (unos <strong>5 \u20ac<\/strong>) y las casamatas. Se llega en <strong>metro l\u00ednea C<\/strong> hasta la estaci\u00f3n Vy\u0161ehrad y, tras diez minutos andando, est\u00e1s en las puertas. Gu\u00eda detallada en nuestro art\u00edculo sobre <a href=\"https:\/\/loudavymkrokem.cz\/vysehrad\/\">Vy\u0161ehrad<\/a>. <strong>\ud83d\udca1 Consejo de local:<\/strong> Las murallas ofrecen unas de las mejores vistas del Moldava y el Castillo de Praga. Compra un caf\u00e9 para llevar en la cafeter\u00eda \u010cek\u00e1rna bajo Vy\u0161ehrad y t\u00f3matelo arriba, en las murallas junto a los bastiones de ladrillo.<\/p>\n<figure class=\"wp-block-image size-full\"><img loading=\"lazy\" decoding=\"async\" width=\"1200\" height=\"800\" src=\"https:\/\/loudavymkrokem.cz\/wp-content\/uploads\/2026\/04\/vysehrad-4319.jpg\" alt=\"Vistas desde Vy\u0161ehrad en Praga\" class=\"wp-image-151146\" title=\"\" srcset=\"https:\/\/loudavymkrokem.cz\/wp-content\/uploads\/2026\/04\/vysehrad-4319.jpg 1200w, https:\/\/loudavymkrokem.cz\/wp-content\/uploads\/2026\/04\/vysehrad-4319-300x200.jpg 300w, https:\/\/loudavymkrokem.cz\/wp-content\/uploads\/2026\/04\/vysehrad-4319-700x467.jpg 700w, https:\/\/loudavymkrokem.cz\/wp-content\/uploads\/2026\/04\/vysehrad-4319-768x512.jpg 768w, https:\/\/loudavymkrokem.cz\/wp-content\/uploads\/2026\/04\/vysehrad-4319-696x464.jpg 696w\" sizes=\"auto, (max-width: 1200px) 100vw, 1200px\"><figcaption class=\"wp-element-caption\">Vistas desde Vy\u0161ehrad<\/figcaption><\/figure>\n<h3 class=\"wp-block-heading\"><span class=\"ez-toc-section\" id=\"Petrin_y_la_torre_mirador\"><\/span><span class=\"ez-toc-section\" id=\"Petrin_y_la_torre_mirador\"><\/span>Pet\u0159\u00edn y la torre mirador<span class=\"ez-toc-section-end\"><\/span><span class=\"ez-toc-section-end\"><\/span><\/h3>\n<p>La colina verde que se alza sobre Mal\u00e1 Strana es un refugio durante todo el a\u00f1o para quienes quieren cambiar los adoquines por tierra y \u00e1rboles. En su cima se levanta la <a href=\"https:\/\/www.prague.eu\/cs\/objekt\/mista\/116\/petrinska-rozhledna\" rel=\"nofollow noopener\" target=\"_blank\">Torre de Pet\u0159\u00edn<\/a>, una r\u00e9plica a escala de la Torre Eiffel de Par\u00eds construida en 1891, y junto a ella el popular Laberinto de Espejos.<\/p>\n<p>El funicular de Pet\u0159\u00edn est\u00e1 en obras durante 2026, as\u00ed que la mejor forma de subir es el tranv\u00eda 22 hasta la parada Poho\u0159elec y desde all\u00ed un agradable paseo cuesta abajo, o bien a pie a trav\u00e9s de los Jardines de Strahov. La entrada a la torre cuesta unos <strong>9 \u20ac<\/strong> y el horario en temporada es de 9:00 a 20:00. M\u00e1s detalles en nuestro art\u00edculo <a href=\"https:\/\/loudavymkrokem.cz\/petrin-prazska-rozhledna\/\">Pet\u0159\u00edn y la torre mirador<\/a>. <strong>\ud83d\udca1 Consejo de local:<\/strong> Evita los caminos asfaltados principales y recorre el Jard\u00edn Kinsk\u00fd en la ladera sur de Pet\u0159\u00edn. Hay estanques preciosos, una peque\u00f1a iglesia de madera de los C\u00e1rpatos y muy poca gente.<\/p>\n<figure class=\"wp-block-image size-full\"><img loading=\"lazy\" decoding=\"async\" width=\"2000\" height=\"1333\" src=\"https:\/\/loudavymkrokem.cz\/wp-content\/uploads\/2023\/07\/petrinska-rozhledna-praha.jpg\" alt=\"Torre mirador de Pet\u0159\u00edn en Praga\" class=\"wp-image-62965\" title=\"\" srcset=\"https:\/\/loudavymkrokem.cz\/wp-content\/uploads\/2023\/07\/petrinska-rozhledna-praha.jpg 2000w, https:\/\/loudavymkrokem.cz\/wp-content\/uploads\/2023\/07\/petrinska-rozhledna-praha-300x200.jpg 300w, https:\/\/loudavymkrokem.cz\/wp-content\/uploads\/2023\/07\/petrinska-rozhledna-praha-700x467.jpg 700w, https:\/\/loudavymkrokem.cz\/wp-content\/uploads\/2023\/07\/petrinska-rozhledna-praha-768x512.jpg 768w, https:\/\/loudavymkrokem.cz\/wp-content\/uploads\/2023\/07\/petrinska-rozhledna-praha-1536x1024.jpg 1536w, https:\/\/loudavymkrokem.cz\/wp-content\/uploads\/2023\/07\/petrinska-rozhledna-praha-696x464.jpg 696w, https:\/\/loudavymkrokem.cz\/wp-content\/uploads\/2023\/07\/petrinska-rozhledna-praha-1392x928.jpg 1392w, https:\/\/loudavymkrokem.cz\/wp-content\/uploads\/2023\/07\/petrinska-rozhledna-praha-1920x1280.jpg 1920w\" sizes=\"auto, (max-width: 2000px) 100vw, 2000px\"><figcaption class=\"wp-element-caption\">Pet\u0159\u00edn<\/figcaption><\/figure>\n<div class=\"lk-zazitky-module\">\n<style>\n.lk-zazitky-module * { box-sizing: border-box; margin: 0; padding: 0; }\n.lk-zazitky-module {\n  font-family: 'DM Sans', Georgia, sans-serif;\n  max-width: 100%;\n  margin: 2.5rem auto;\n  background: linear-gradient(135deg, #fdf6f3 0%, #fbede7 100%);\n  border: 1px solid #f0d9cc;\n  border-radius: 16px;\n  overflow: hidden;\n  box-shadow: 0 16px 48px rgba(217, 119, 87, 0.18), 0 4px 12px rgba(0,0,0,0.06);\n}\n.lk-zazitky-header {\n  position: relative;\n  padding: 24px 32px;\n  background: linear-gradient(135deg, #d97757 0%, #c46b4b 60%, #d97757 100%);\n  display: flex;\n  align-items: center;\n  gap: 18px;\n}\n.lk-zazitky-header::before {\n  content: '';\n  position: absolute;\n  inset: 0;\n  background: url(\"data:image\/svg+xml,%3Csvg width='60' height='60' viewBox='0 0 60 60' xmlns='http:\/\/www.w3.org\/2000\/svg'%3E%3Cg fill='none' fill-rule='evenodd'%3E%3Cg fill='%23ffffff' fill-opacity='0.05'%3E%3Cpath d='M36 34v-4h-2v4h-4v2h4v4h2v-4h4v-2h-4zm0-30V0h-2v4h-4v2h4v4h2V6h4V4h-4zM6 34v-4H4v4H0v2h4v4h2v-4h4v-2H6zM6 4V0H4v4H0v2h4v4h2V6h4V4H6z'\/%3E%3C\/g%3E%3C\/g%3E%3C\/svg%3E\") repeat;\n  pointer-events: none;\n}\n.lk-zazitky-header img {\n  width: 64px; height: 64px; border-radius: 12px; flex-shrink: 0;\n  object-fit: cover; box-shadow: 0 4px 12px rgba(0,0,0,0.18); position: relative; z-index: 1;\n}\n.lk-zazitky-header-text { position: relative; z-index: 1; }\n.lk-zazitky-eyebrow {\n  font-size: 10px; font-weight: 600; letter-spacing: 2.5px; text-transform: uppercase;\n  color: rgba(255,255,255,.92); margin-bottom: 5px;\n}\n.lk-zazitky-title {\n  font-family: 'Playfair Display', Georgia, serif;\n  font-size: 24px; font-weight: 700; color: #fff; line-height: 1.2;\n  text-shadow: 0 1px 2px rgba(0,0,0,0.12);\n}\n.lk-zazitky-subtitle {\n  font-size: 13px; color: rgba(255,255,255,.85); margin-top: 4px; font-weight: 300;\n}\n.lk-zazitky-grid {\n  display: grid;\n  grid-template-columns: 1fr 1fr 1fr;\n  gap: 1px;\n  background: rgba(217, 119, 87, 0.12);\n}\n.lk-zazitek-card {\n  background: #ffffff; padding: 22px; display: flex; flex-direction: column; gap: 11px;\n  transition: all 0.3s ease; text-decoration: none; color: inherit; position: relative;\n}\n.lk-zazitek-card:hover {\n  background: #fffaf7; transform: translateY(-2px);\n  box-shadow: 0 8px 24px rgba(217, 119, 87, 0.15); z-index: 1;\n}\n.lk-zazitek-card.is-category {\n  background: linear-gradient(135deg, #fffaf7 0%, #fff3eb 100%);\n  box-shadow: inset 0 1px 0 rgba(217, 119, 87, 0.1);\n}\n.lk-zazitek-card.is-category:hover {\n  background: linear-gradient(135deg, #fff7f2 0%, #ffeee3 100%);\n}\n.lk-zazitek-badge {\n  display: inline-flex; align-items: center; gap: 5px;\n  font-size: 10px; font-weight: 600; letter-spacing: 1.5px; text-transform: uppercase;\n  padding: 5px 11px; border-radius: 20px; width: fit-content;\n  background: rgba(217, 119, 87, 0.10); color: #c46b4b; border: 1px solid rgba(217, 119, 87, 0.22);\n}\n.lk-zazitek-card.is-category .lk-zazitek-badge {\n  background: linear-gradient(135deg, #d97757 0%, #c46b4b 100%); color: #fff;\n  border-color: #c46b4b; box-shadow: 0 2px 8px rgba(217, 119, 87, 0.28);\n}\n.lk-zazitek-name {\n  font-family: 'Playfair Display', Georgia, serif;\n  font-size: 17px; font-weight: 700; color: #111827; line-height: 1.3;\n}\n.lk-zazitek-desc {\n  font-size: 13px; color: #525252; line-height: 1.6; font-weight: 300; flex: 1;\n}\n.lk-zazitek-meta { display: flex; align-items: center; gap: 12px; flex-wrap: wrap; margin-top: 4px; }\n.lk-zazitek-price { font-size: 13px; color: #6b7280; }\n.lk-zazitek-price strong { color: #c46b4b; font-weight: 600; }\n.lk-zazitek-cta {\n  display: inline-flex; align-items: center; justify-content: center; gap: 7px;\n  margin-top: 8px; padding: 11px 16px; border-radius: 8px;\n  background: linear-gradient(135deg, #d97757 0%, #c46b4b 100%);\n  color: #fff; font-size: 13px; font-weight: 500; text-decoration: none;\n  letter-spacing: .3px; transition: all .2s ease; cursor: pointer; border: none;\n  text-align: center; box-shadow: 0 4px 12px rgba(217, 119, 87, 0.28);\n  white-space: nowrap;\n}\n.lk-zazitek-cta:hover {\n  background: linear-gradient(135deg, #c46b4b 0%, #b35e3f 100%);\n  transform: translateY(-1px); box-shadow: 0 6px 16px rgba(217, 119, 87, 0.38);\n}\n.lk-zazitek-card.is-category .lk-zazitek-cta {\n  background: linear-gradient(135deg, #3685fc 0%, #2a6fd9 100%);\n  box-shadow: 0 4px 12px rgba(54, 133, 252, 0.22);\n}\n.lk-zazitek-card.is-category .lk-zazitek-cta:hover {\n  background: linear-gradient(135deg, #2a6fd9 0%, #1e5bc4 100%);\n  box-shadow: 0 6px 16px rgba(54, 133, 252, 0.32);\n}\n.lk-zazitky-footer {\n  padding: 16px 32px;\n  background: linear-gradient(to bottom, #fdf6f3 0%, #f9eae2 100%);\n  border-top: 1px solid rgba(217, 119, 87, 0.18);\n  display: flex; align-items: center; justify-content: center; flex-wrap: wrap; gap: 12px;\n}\n.lk-zazitky-discount {\n  display: inline-flex; align-items: center; gap: 8px;\n  font-size: 13px; color: #6b3a26; font-weight: 500;\n}\n.lk-zazitky-discount-code {\n  font-family: 'Courier New', monospace; font-weight: 700; color: #c46b4b;\n  background: rgba(217, 119, 87, 0.12); padding: 4px 10px; border-radius: 6px;\n  letter-spacing: 1px; font-size: 13px;\n}\n.lk-zazitky-disclaimer {\n  font-size: 11px; color: #8a6e60; font-weight: 300; line-height: 1.5;\n}\n.lk-zazitky-disclaimer a { color: #c46b4b; text-decoration: none; }\n.lk-zazitky-disclaimer a:hover { text-decoration: underline; }\n@media (max-width: 720px) {\n  .lk-zazitky-grid { grid-template-columns: 1fr; }\n  .lk-zazitky-header { padding: 20px 18px; }\n  .lk-zazitky-footer { padding: 14px 18px; }\n  .lk-zazitek-card { padding: 20px; }\n  .lk-zazitky-title { font-size: 20px; }\n}\n<\/style>\n<div class=\"lk-zazitky-header\">\n    <img decoding=\"async\" src=\"https:\/\/loudavymkrokem.cz\/wp-content\/uploads\/2026\/02\/lukas-a-lucka.jpg\" alt=\"Luk\u00e1\u0161 y Lucie\" title=\"\"><\/p>\n<div class=\"lk-zazitky-header-text\">\n<div class=\"lk-zazitky-eyebrow\">Recomendaci\u00f3n de Luk\u00e1\u0161 y Lucie<\/div>\n<div class=\"lk-zazitky-title\">Vive Praga de otra manera<\/div>\n<div class=\"lk-zazitky-subtitle\">3 experiencias probadas con un 5 % de descuento del partner Firma na z\u00e1\u017eitky<\/div>\n<\/p><\/div>\n<\/p><\/div>\n<div class=\"lk-zazitky-grid\">\n<p>    <a class=\"lk-zazitek-card\" href=\"https:\/\/www.firmanazazitky.cz\/plavba-po-vltave-s-obedem?utm_source=loudavymkrokem&amp;utm_medium=referral&amp;utm_campaign=nejkrasnejsi-pamatky-v-praze-20-mist-ktera-musite-videt-2026&amp;utm_content=zazitek-1\" target=\"_blank\" rel=\"nofollow noopener sponsored\"><br \/>\n      <span class=\"lk-zazitek-badge\">\ud83d\udee5 Crucero<\/span><\/p>\n<div class=\"lk-zazitek-name\">Crucero por el Moldava con almuerzo<\/div>\n<div class=\"lk-zazitek-desc\">Una vista rom\u00e1ntica de los monumentos de Praga desde la cubierta del barco: el Puente de Carlos y Hrad\u010dany al alcance de la mano, almuerzo para dos incluido.<\/div>\n<div class=\"lk-zazitek-meta\">\n        <span class=\"lk-zazitek-price\">desde <strong>84 \u20ac<\/strong><\/span>\n      <\/div>\n<p>      <span class=\"lk-zazitek-cta\"><br \/>\n        <svg width=\"14\" height=\"14\" viewBox=\"0 0 24 24\" fill=\"none\" stroke=\"currentColor\" stroke-width=\"2\"><path d=\"M18 13v6a2 2 0 0 1-2 2H5a2 2 0 0 1-2-2V8a2 2 0 0 1 2-2h6\"\/><polyline points=\"15 3 21 3 21 9\"\/><line x1=\"10\" y1=\"14\" x2=\"21\" y2=\"3\"\/><\/svg><br \/>\n        Reservar con descuento<br \/>\n      <\/span><br \/>\n    <\/a><\/p>\n<p>    <a class=\"lk-zazitek-card\" href=\"https:\/\/www.firmanazazitky.cz\/prazske-vyhlidky-na-elektrokolobezkach?utm_source=loudavymkrokem&amp;utm_medium=referral&amp;utm_campaign=nejkrasnejsi-pamatky-v-praze-20-mist-ktera-musite-videt-2026&amp;utm_content=zazitek-2\" target=\"_blank\" rel=\"nofollow noopener sponsored\"><br \/>\n      <span class=\"lk-zazitek-badge\">\ud83d\udef4 Experiencia<\/span><\/p>\n<div class=\"lk-zazitek-name\">Miradores de Praga en patinete el\u00e9ctrico<\/div>\n<div class=\"lk-zazitek-desc\">Recorre los 20 rincones m\u00e1s bonitos de Praga de forma divertida y sin esfuerzo: un gu\u00eda te lleva a miradores a los que los turistas no llegan a pie.<\/div>\n<div class=\"lk-zazitek-meta\">\n        <span class=\"lk-zazitek-price\">desde <strong>44 \u20ac<\/strong><\/span>\n      <\/div>\n<p>      <span class=\"lk-zazitek-cta\"><br \/>\n        <svg width=\"14\" height=\"14\" viewBox=\"0 0 24 24\" fill=\"none\" stroke=\"currentColor\" stroke-width=\"2\"><path d=\"M18 13v6a2 2 0 0 1-2 2H5a2 2 0 0 1-2-2V8a2 2 0 0 1 2-2h6\"\/><polyline points=\"15 3 21 3 21 9\"\/><line x1=\"10\" y1=\"14\" x2=\"21\" y2=\"3\"\/><\/svg><br \/>\n        Reservar con descuento<br \/>\n      <\/span><br \/>\n    <\/a><\/p>\n<p>    <a class=\"lk-zazitek-card is-category\" href=\"https:\/\/www.firmanazazitky.cz\/praha\/?utm_source=loudavymkrokem&amp;utm_medium=referral&amp;utm_campaign=nejkrasnejsi-pamatky-v-praze-20-mist-ktera-musite-videt-2026&amp;utm_content=kategorie\" target=\"_blank\" rel=\"nofollow noopener sponsored\"><br \/>\n      <span class=\"lk-zazitek-badge\">\u2b50 Todo<\/span><\/p>\n<div class=\"lk-zazitek-name\">Todas las experiencias en Praga<\/div>\n<div class=\"lk-zazitek-desc\">Cientos de experiencias en Praga en un solo lugar: desde cruceros y vuelos hasta gastronom\u00eda y wellness.<\/div>\n<p>      <span class=\"lk-zazitek-cta\"><br \/>\n        Explorar experiencias<br \/>\n        <svg width=\"12\" height=\"12\" viewBox=\"0 0 24 24\" fill=\"none\" stroke=\"currentColor\" stroke-width=\"2.5\"><polyline points=\"9 18 15 12 9 6\"\/><\/svg><br \/>\n      <\/span><br \/>\n    <\/a><\/p><\/div>\n<div class=\"lk-zazitky-footer\">\n    <span class=\"lk-zazitky-discount\"><br \/>\n      \u2b50 5 % de descuento con el c\u00f3digo<br \/>\n      <span class=\"lk-zazitky-discount-code\">LOUDAVYMKROKEM5<\/span><br \/>\n    <\/span>\n  <\/div>\n<\/div>\n<h2 class=\"wp-block-heading\"><span class=\"ez-toc-section\" id=\"Joyas_sacras_y_centros_espirituales\"><\/span><span class=\"ez-toc-section\" id=\"Joyas_sacras_y_centros_espirituales\"><\/span>Joyas sacras y centros espirituales<span class=\"ez-toc-section-end\"><\/span><span class=\"ez-toc-section-end\"><\/span><\/h2>\n<p>Las iglesias de Praga no son solo para creyentes. Son galer\u00edas de arte de \u00e9poca, muestras de ingenier\u00eda magistral y, a menudo, espacios con una ac\u00fastica incre\u00edble. Si te interesa profundizar, no te pierdas nuestro resumen de <a href=\"https:\/\/loudavymkrokem.cz\/prazske-kostely-a-synagogy\/\">iglesias y sinagogas de Praga<\/a>.<\/p>\n<h3 class=\"wp-block-heading\"><span class=\"ez-toc-section\" id=\"Iglesia_de_Tyn\"><\/span><span class=\"ez-toc-section\" id=\"Iglesia_de_Tyn\"><\/span>Iglesia de T\u00fdn<span class=\"ez-toc-section-end\"><\/span><span class=\"ez-toc-section-end\"><\/span><\/h3>\n<p>La iglesia de Nuestra Se\u00f1ora delante de T\u00fdn, con sus ic\u00f3nicas torres asim\u00e9tricas, domina la Plaza de la Ciudad Vieja justo al lado del Ayuntamiento. Es una fascinante construcci\u00f3n g\u00f3tica cuyo interior fue posteriormente reformado en estilo barroco. En su interior se encuentra la tumba del astr\u00f3nomo dan\u00e9s Tycho Brahe.<\/p>\n<p>Aunque la iglesia es enorme, encontrar la entrada suele ser un rompecabezas para muchos visitantes, ya que est\u00e1 escondida tras los soportales de las casas de la plaza. La entrada es voluntaria (se sugiere una donaci\u00f3n de unos 2 \u20ac) y suele abrir de martes a domingo, con pausa al mediod\u00eda. <strong>\ud83d\udca1 Consejo de local:<\/strong> F\u00edjate en que la torre derecha (llamada Ad\u00e1n) es un poco m\u00e1s ancha y robusta que la izquierda (Eva). La asimetr\u00eda intencionada era habitual en el g\u00f3tico y simbolizaba los principios masculino y femenino.<\/p>\n<h3 class=\"wp-block-heading\"><span class=\"ez-toc-section\" id=\"Iglesia_de_San_Nicolas_en_Mala_Strana\"><\/span><span class=\"ez-toc-section\" id=\"Iglesia_de_San_Nicolas_en_Mala_Strana\"><\/span>Iglesia de San Nicol\u00e1s en Mal\u00e1 Strana<span class=\"ez-toc-section-end\"><\/span><span class=\"ez-toc-section-end\"><\/span><\/h3>\n<p>Obra de padre e hijo Dientzenhofer, es la cumbre absoluta del barroco praguense y, sinceramente, esa enorme c\u00fapula con frescos todav\u00eda me hipnotiza un poco. Siempre me detengo y me quedo mirando hacia arriba, aunque haya estado all\u00ed cien veces. Adem\u00e1s, aqu\u00ed toc\u00f3 el \u00f3rgano el mism\u00edsimo Mozart, lo que eleva el lugar a otra categor\u00eda. \ud83d\ude01<\/p>\n<p>El interior est\u00e1 magn\u00edficamente iluminado y cada detalle decorativo ocupa su lugar exacto. La entrada cuesta unos <strong>5 \u20ac<\/strong> y abre todos los d\u00edas de 9:00 a 17:00. Justo delante de la iglesia paran los tranv\u00edas en la parada Malostransk\u00e9 n\u00e1m\u011bst\u00ed, una gran ventaja si ya tienes las piernas cansadas. <strong>\ud83d\udca1 Consejo de local:<\/strong> Previo pago de una entrada aparte, puedes subir al campanario adyacente. Durante el r\u00e9gimen comunista sirvi\u00f3 como puesto de observaci\u00f3n de la polic\u00eda secreta (StB), desde donde vigilaban las embajadas occidentales de la zona.<\/p>\n<figure class=\"wp-block-image size-full\"><img loading=\"lazy\" decoding=\"async\" width=\"1200\" height=\"800\" src=\"https:\/\/loudavymkrokem.cz\/wp-content\/uploads\/2023\/07\/prazsky-hrad-4173.jpg\" alt=\"Vista de Praga desde Pet\u0159\u00edn\" class=\"wp-image-151121\" title=\"\" srcset=\"https:\/\/loudavymkrokem.cz\/wp-content\/uploads\/2023\/07\/prazsky-hrad-4173.jpg 1200w, https:\/\/loudavymkrokem.cz\/wp-content\/uploads\/2023\/07\/prazsky-hrad-4173-300x200.jpg 300w, https:\/\/loudavymkrokem.cz\/wp-content\/uploads\/2023\/07\/prazsky-hrad-4173-700x467.jpg 700w, https:\/\/loudavymkrokem.cz\/wp-content\/uploads\/2023\/07\/prazsky-hrad-4173-768x512.jpg 768w, https:\/\/loudavymkrokem.cz\/wp-content\/uploads\/2023\/07\/prazsky-hrad-4173-696x464.jpg 696w\" sizes=\"auto, (max-width: 1200px) 100vw, 1200px\"><figcaption class=\"wp-element-caption\">Pet\u0159\u00edn<\/figcaption><\/figure>\n<h3 class=\"wp-block-heading\"><span class=\"ez-toc-section\" id=\"Loreta\"><\/span><span class=\"ez-toc-section\" id=\"Loreta\"><\/span>Loreta<span class=\"ez-toc-section-end\"><\/span><span class=\"ez-toc-section-end\"><\/span><\/h3>\n<p>La Loreta de Hrad\u010dany es un lugar de peregrinaci\u00f3n con una atm\u00f3sfera \u00fanica, dominado por su famoso carill\u00f3n. Cada hora en punto, el patio se llena con la melod\u00eda de un himno mariano que tocan 27 campanas de finales del siglo XVII. El complejo incluye una r\u00e9plica de la Santa Casa, la iglesia barroca de la Natividad y el tesoro, donde se expone el Sol de Praga, una custodia incrustada con m\u00e1s de seis mil diamantes.<\/p>\n<p>Pasear por los alrededores ya es de por s\u00ed una experiencia. La entrada general cuesta unos <strong>9 \u20ac<\/strong> y abre todos los d\u00edas excepto los lunes, de 10:00 a 17:00. M\u00e1s detalles sobre la zona en nuestro art\u00edculo <a href=\"https:\/\/loudavymkrokem.cz\/strahov-loreta-hradcany\/\">Strahov y Loreta<\/a>. <strong>\ud83d\udca1 Consejo de local:<\/strong> El tesoro es agradablemente fresco en verano. En el patio, recorre los claustros con frescos que narran las historias bastante brutales de los m\u00e1rtires: un contraste curioso con la calma del lugar.<\/p>\n<figure class=\"wp-block-image size-full\"><img loading=\"lazy\" decoding=\"async\" width=\"2000\" height=\"1500\" src=\"https:\/\/loudavymkrokem.cz\/wp-content\/uploads\/2023\/07\/prazska-loreta-praha.jpg\" alt=\"La Loreta de Praga, monumento barroco y lugar de peregrinaci\u00f3n\" class=\"wp-image-62983\" title=\"\" srcset=\"https:\/\/loudavymkrokem.cz\/wp-content\/uploads\/2023\/07\/prazska-loreta-praha.jpg 2000w, https:\/\/loudavymkrokem.cz\/wp-content\/uploads\/2023\/07\/prazska-loreta-praha-300x225.jpg 300w, https:\/\/loudavymkrokem.cz\/wp-content\/uploads\/2023\/07\/prazska-loreta-praha-700x525.jpg 700w, https:\/\/loudavymkrokem.cz\/wp-content\/uploads\/2023\/07\/prazska-loreta-praha-768x576.jpg 768w, https:\/\/loudavymkrokem.cz\/wp-content\/uploads\/2023\/07\/prazska-loreta-praha-1536x1152.jpg 1536w, https:\/\/loudavymkrokem.cz\/wp-content\/uploads\/2023\/07\/prazska-loreta-praha-696x522.jpg 696w, https:\/\/loudavymkrokem.cz\/wp-content\/uploads\/2023\/07\/prazska-loreta-praha-1392x1044.jpg 1392w, https:\/\/loudavymkrokem.cz\/wp-content\/uploads\/2023\/07\/prazska-loreta-praha-1920x1440.jpg 1920w\" sizes=\"auto, (max-width: 2000px) 100vw, 2000px\"><figcaption class=\"wp-element-caption\">La Loreta de Praga: monumento barroco hist\u00f3rico y lugar de peregrinaci\u00f3n con una historia cautivadora.<\/figcaption><\/figure>\n<h3 class=\"wp-block-heading\"><span class=\"ez-toc-section\" id=\"Monasterio_de_Strahov\"><\/span><span class=\"ez-toc-section\" id=\"Monasterio_de_Strahov\"><\/span>Monasterio de Strahov<span class=\"ez-toc-section-end\"><\/span><span class=\"ez-toc-section-end\"><\/span><\/h3>\n<p>A solo unos pasos de la Loreta se encuentra el monasterio premonstratense de Strahov. Su mayor atractivo es la impresionante biblioteca, dividida en la Sala Filos\u00f3fica y la Sala Teol\u00f3gica. Las estanter\u00edas de madera tallada, los antiguos globos terr\u00e1queos y los frescos del techo parecen sacados de una pel\u00edcula de Harry Potter.<\/p>\n<p>Cuando te quedas aqu\u00ed de pie en el silencio del atardecer, respiras aut\u00e9ntica historia. La entrada a la biblioteca cuesta unos <strong>6 \u20ac<\/strong> y abre todos los d\u00edas de 9:00 a 17:00 (con pausa al mediod\u00eda). Se llega en tranv\u00eda 22 hasta la parada Poho\u0159elec. <strong>\ud83d\udca1 Consejo de local:<\/strong> Los monjes llevan siglos elaborando cerveza aqu\u00ed. La cervecer\u00eda del Monasterio de Strahov, junto al patio, sirve una excelente cerveza semitostada especial sv. Norbert. Tambi\u00e9n tienen opciones vegetarianas muy buenas, as\u00ed que es un sitio al que vuelvo con gusto.<\/p>\n<figure class=\"wp-block-image size-full\"><img decoding=\"async\" src=\"https:\/\/loudavymkrokem.cz\/wp-content\/uploads\/2023\/07\/strahovsky-klaster-praha.jpg\" alt=\"Monasterio de Strahov en Praga con tejados rojos y parques\" class=\"wp-image-73455\" title=\"\"><figcaption class=\"wp-element-caption\">Vista del Monasterio de Strahov en Praga. Tejados rojos y parques.<\/figcaption><\/figure>\n<h2 class=\"wp-block-heading\"><span class=\"ez-toc-section\" id=\"Barrio_judio_Josefov\"><\/span><span class=\"ez-toc-section\" id=\"Barrio_judio_Josefov\"><\/span>Barrio jud\u00edo: Josefov<span class=\"ez-toc-section-end\"><\/span><span class=\"ez-toc-section-end\"><\/span><\/h2>\n<p>Josefov es uno de esos barrios donde cada vez que vuelvo se me corta la respiraci\u00f3n, no por la arquitectura, sino por lo que aqu\u00ed ocurri\u00f3. La mayor parte del gueto original fue demolida entre finales del siglo XIX y principios del XX, pero los monumentos m\u00e1s valiosos se conservaron. Te recomiendo comprar la entrada combinada del Museo Jud\u00edo. Para un contexto m\u00e1s amplio, lee nuestra gu\u00eda de <a href=\"https:\/\/loudavymkrokem.cz\/josefov-zidovska-ctvrt-praha\/\">Josefov y el barrio jud\u00edo<\/a>.<\/p>\n<h3 class=\"wp-block-heading\"><span class=\"ez-toc-section\" id=\"Sinagoga_Vieja-Nueva\"><\/span><span class=\"ez-toc-section\" id=\"Sinagoga_Vieja-Nueva\"><\/span>Sinagoga Vieja-Nueva<span class=\"ez-toc-section-end\"><\/span><span class=\"ez-toc-section-end\"><\/span><\/h3>\n<p>Una de las sinagogas en activo m\u00e1s antiguas de Europa data del siglo XIII. A diferencia de muchos otros edificios praguenses, conserva su aspecto g\u00f3tico temprano original. Est\u00e1 envuelta en leyendas, la m\u00e1s famosa de las cuales es la del Golem, que seg\u00fan la tradici\u00f3n el rabino L\u00f6w dej\u00f3 guardado en el desv\u00e1n de la sinagoga.<\/p>\n<p>El interior es m\u00e1s oscuro, sobrio y profundamente impactante. La entrada se compra por separado por unos <strong>11 \u20ac<\/strong>, o como parte del recorrido ampliado. Abierto todos los d\u00edas excepto s\u00e1bados y festividades jud\u00edas. <strong>\ud83d\udca1 Consejo de local:<\/strong> F\u00edjate en las peque\u00f1as ventanas en los muros. En el pasado, las mujeres segu\u00edan el servicio religioso a trav\u00e9s de ellas, ya que ten\u00edan prohibido el acceso a la sala principal y se sentaban en los anexos laterales.<\/p>\n<figure class=\"wp-block-image size-full\"><img loading=\"lazy\" decoding=\"async\" width=\"1200\" height=\"800\" src=\"https:\/\/loudavymkrokem.cz\/wp-content\/uploads\/2026\/04\/josefov-4070.jpg\" alt=\"Barrio jud\u00edo de Praga\" class=\"wp-image-151145\" title=\"\" srcset=\"https:\/\/loudavymkrokem.cz\/wp-content\/uploads\/2026\/04\/josefov-4070.jpg 1200w, https:\/\/loudavymkrokem.cz\/wp-content\/uploads\/2026\/04\/josefov-4070-300x200.jpg 300w, https:\/\/loudavymkrokem.cz\/wp-content\/uploads\/2026\/04\/josefov-4070-700x467.jpg 700w, https:\/\/loudavymkrokem.cz\/wp-content\/uploads\/2026\/04\/josefov-4070-768x512.jpg 768w, https:\/\/loudavymkrokem.cz\/wp-content\/uploads\/2026\/04\/josefov-4070-696x464.jpg 696w\" sizes=\"auto, (max-width: 1200px) 100vw, 1200px\"><figcaption class=\"wp-element-caption\">Barrio jud\u00edo de Praga<\/figcaption><\/figure>\n<h3 class=\"wp-block-heading\"><span class=\"ez-toc-section\" id=\"Antiguo_cementerio_judio\"><\/span><span class=\"ez-toc-section\" id=\"Antiguo_cementerio_judio\"><\/span>Antiguo cementerio jud\u00edo<span class=\"ez-toc-section-end\"><\/span><span class=\"ez-toc-section-end\"><\/span><\/h3>\n<p>Recorrer este cementerio es una de las experiencias m\u00e1s intensas que puedes vivir en Praga. Debido a la falta de espacio, durante siglos se enterr\u00f3 en varias capas superpuestas \u2014 en algunos puntos hay hasta doce. El resultado es una fascinante acumulaci\u00f3n de m\u00e1s de doce mil l\u00e1pidas de piedra inclinadas y cubiertas de hiedra.<\/p>\n<p>Aqu\u00ed tambi\u00e9n encontrar\u00e1s la tumba del rabino L\u00f6w, donde la gente sigue dejando papelitos con sus deseos. El acceso forma parte del circuito del <a href=\"https:\/\/www.jewishmuseum.cz\" rel=\"nofollow noopener\" target=\"_blank\">Museo Jud\u00edo<\/a> (entrada unos <strong>22 \u20ac<\/strong>). Conviene comprar las entradas y, si te interesa, tambi\u00e9n la visita guiada con antelaci\u00f3n, por ejemplo <a href=\"https:\/\/www.getyourguide.com\/prague-l10\/?partner_id=MKZ64IS\" rel=\"nofollow noopener\" target=\"_blank\">reservando a trav\u00e9s de GetYourGuide<\/a>. <strong>\ud83d\udca1 Consejo de local:<\/strong> La entrada al cementerio pasa por la Sinagoga Pinkas, que sirve como memorial de las v\u00edctimas del Holocausto. Las paredes cubiertas con los nombres de las v\u00edctimas te imponen un silencio absoluto antes incluso de pisar entre las l\u00e1pidas.<\/p>\n<figure class=\"wp-block-image size-full\"><img loading=\"lazy\" decoding=\"async\" width=\"1200\" height=\"800\" src=\"https:\/\/loudavymkrokem.cz\/wp-content\/uploads\/2026\/04\/josefov-4058.jpg\" alt=\"Sinagoga Espa\u00f1ola en Praga\" class=\"wp-image-151139\" title=\"\" srcset=\"https:\/\/loudavymkrokem.cz\/wp-content\/uploads\/2026\/04\/josefov-4058.jpg 1200w, https:\/\/loudavymkrokem.cz\/wp-content\/uploads\/2026\/04\/josefov-4058-300x200.jpg 300w, https:\/\/loudavymkrokem.cz\/wp-content\/uploads\/2026\/04\/josefov-4058-700x467.jpg 700w, https:\/\/loudavymkrokem.cz\/wp-content\/uploads\/2026\/04\/josefov-4058-768x512.jpg 768w, https:\/\/loudavymkrokem.cz\/wp-content\/uploads\/2026\/04\/josefov-4058-696x464.jpg 696w\" sizes=\"auto, (max-width: 1200px) 100vw, 1200px\"><figcaption class=\"wp-element-caption\">Sinagoga Espa\u00f1ola en Praga<\/figcaption><\/figure>\n<h3 class=\"wp-block-heading\"><span class=\"ez-toc-section\" id=\"Sinagoga_Espanola\"><\/span><span class=\"ez-toc-section\" id=\"Sinagoga_Espanola\"><\/span>Sinagoga Espa\u00f1ola<span class=\"ez-toc-section-end\"><\/span><span class=\"ez-toc-section-end\"><\/span><\/h3>\n<p>Si la Sinagoga Vieja-Nueva es un ejemplo de g\u00f3tico austero, la Sinagoga Espa\u00f1ola es su opuesto exacto. Construida en estilo morisco en el siglo XIX, su interior brilla con dorados, complejos patrones geom\u00e9tricos y vidrieras.<\/p>\n<p>Recuerda m\u00e1s a los palacios de la Alhambra de Granada que a un templo centroeuropeo \u2014 una conexi\u00f3n que a los visitantes espa\u00f1oles les resultar\u00e1 especialmente curiosa. Tambi\u00e9n forma parte del circuito del Museo Jud\u00edo y, tras su reciente restauraci\u00f3n, luce absolutamente espectacular. Personalmente, esta parada se la recomiendo a todos los amantes de la arquitectura ornamental y ricamente decorada. <strong>\ud83d\udca1 Consejo de local:<\/strong> Por las noches se celebran a menudo conciertos de m\u00fasica cl\u00e1sica en la sinagoga. La ac\u00fastica es excelente y el interior dorado iluminado eleva la experiencia musical a otro nivel.<\/p>\n<h2 class=\"wp-block-heading\"><span class=\"ez-toc-section\" id=\"Iconos_modernos_y_edificios_polemicos\"><\/span><span class=\"ez-toc-section\" id=\"Iconos_modernos_y_edificios_polemicos\"><\/span>Iconos modernos y edificios pol\u00e9micos<span class=\"ez-toc-section-end\"><\/span><span class=\"ez-toc-section-end\"><\/span><\/h2>\n<p>No solo las torres y el barroco hacen de Praga lo que es. La arquitectura moderna surgi\u00f3 aqu\u00ed a menudo en medio de acalorados debates y poco a poco se ha convertido en parte inseparable del paisaje urbano.<\/p>\n<h3 class=\"wp-block-heading\"><span class=\"ez-toc-section\" id=\"Casa_Danzante\"><\/span><span class=\"ez-toc-section\" id=\"Casa_Danzante\"><\/span>Casa Danzante<span class=\"ez-toc-section-end\"><\/span><span class=\"ez-toc-section-end\"><\/span><\/h3>\n<p>Obra de Frank Gehry y Vlado Miluni\u0107 de los efervescentes a\u00f1os noventa, la Casa Danzante dividi\u00f3 a la sociedad en dos bandos. Hoy ya nadie puede imaginar el paseo fluvial junto al puente Jir\u00e1sek sin esta construcci\u00f3n deconstructivista, inspirada en la pareja de baile Fred Astaire y Ginger Rogers.<\/p>\n<p>En su interior hay oficinas, una galer\u00eda y, en la \u00faltima planta, un restaurante con vistas. Analizo el edificio en detalle en el art\u00edculo <a href=\"https:\/\/loudavymkrokem.cz\/tancici-dum-moderni-praha\/\">Casa Danzante<\/a>. <strong>\ud83d\udca1 Consejo de local:<\/strong> No compres la cara entrada al mirador. Sube en ascensor al Glass Bar de la \u00faltima planta, pide un caf\u00e9 o un c\u00f3ctel y las vistas te salen incluidas en el precio de la consumici\u00f3n.<\/p>\n<figure class=\"wp-block-image size-full\"><img loading=\"lazy\" decoding=\"async\" width=\"2000\" height=\"1333\" src=\"https:\/\/loudavymkrokem.cz\/wp-content\/uploads\/2023\/07\/tancici-dum-praha.jpg\" alt=\"Casa Danzante en Praga - hotel de lujo\" class=\"wp-image-63066\" title=\"\" srcset=\"https:\/\/loudavymkrokem.cz\/wp-content\/uploads\/2023\/07\/tancici-dum-praha.jpg 2000w, https:\/\/loudavymkrokem.cz\/wp-content\/uploads\/2023\/07\/tancici-dum-praha-300x200.jpg 300w, https:\/\/loudavymkrokem.cz\/wp-content\/uploads\/2023\/07\/tancici-dum-praha-700x467.jpg 700w, https:\/\/loudavymkrokem.cz\/wp-content\/uploads\/2023\/07\/tancici-dum-praha-768x512.jpg 768w, https:\/\/loudavymkrokem.cz\/wp-content\/uploads\/2023\/07\/tancici-dum-praha-1536x1024.jpg 1536w, https:\/\/loudavymkrokem.cz\/wp-content\/uploads\/2023\/07\/tancici-dum-praha-696x464.jpg 696w, https:\/\/loudavymkrokem.cz\/wp-content\/uploads\/2023\/07\/tancici-dum-praha-1392x928.jpg 1392w, https:\/\/loudavymkrokem.cz\/wp-content\/uploads\/2023\/07\/tancici-dum-praha-1920x1280.jpg 1920w\" sizes=\"auto, (max-width: 2000px) 100vw, 2000px\"><figcaption class=\"wp-element-caption\"><a class=\"thirstylink\" rel=\"nofollow\" target=\"_blank\" title=\"Tan\u010d\u00edc\u00ed d\u016fm\" href=\"https:\/\/loudavymkrokem.cz\/doporucujeme\/tancici-dum\/\" data-shortcode=\"true\">Casa Danzante<\/a> \u2013 hotel en Praga<\/figcaption><\/figure>\n<h3 class=\"wp-block-heading\"><span class=\"ez-toc-section\" id=\"Torre_de_television_de_Zizkov\"><\/span><span class=\"ez-toc-section\" id=\"Torre_de_television_de_Zizkov\"><\/span>Torre de televisi\u00f3n de \u017di\u017ekov<span class=\"ez-toc-section-end\"><\/span><span class=\"ez-toc-section-end\"><\/span><\/h3>\n<p>El edificio m\u00e1s alto de la ciudad (216 metros) sigue despertando pasiones. Este transmisor futurista con cabinas panor\u00e1micas parece una nave espacial aterrizada entre los viejos edificios de \u017di\u017ekov. Desde lejos se ven trepando por ella unos enormes beb\u00e9s negros, esculturas de fibra de vidrio del artista David \u010cern\u00fd que aligerar visualmente la estructura.<\/p>\n<p>El observatorio a 93 metros ofrece unas vistas de 360 grados incomparables. La entrada b\u00e1sica cuesta unos <strong>12 \u20ac<\/strong> y abre hasta medianoche. Esa altura te permite entender de verdad lo extensa y maravillosamente accidentada que es la capital checa. <strong>\ud83d\udca1 Consejo de local:<\/strong> Justo al pie de la torre est\u00e1n los jardines Mahlerovy sady y el estupendo restaurante Miminoo con terraza. Hay un parque infantil, as\u00ed que con Jon\u00e1\u0161 pasamos bastante rato all\u00ed, contemplando la torre desde abajo.<\/p>\n<h3 class=\"wp-block-heading\"><span class=\"ez-toc-section\" id=\"Cabeza_giratoria_de_Franz_Kafka\"><\/span><span class=\"ez-toc-section\" id=\"Cabeza_giratoria_de_Franz_Kafka\"><\/span>Cabeza giratoria de Franz Kafka<span class=\"ez-toc-section-end\"><\/span><span class=\"ez-toc-section-end\"><\/span><\/h3>\n<p>Otra obra de David \u010cern\u00fd, esta vez situada en la transitada plaza junto al centro comercial Quadrio, sobre la estaci\u00f3n de metro N\u00e1rodn\u00ed t\u0159\u00edda. La escultura cin\u00e9tica pesa 39 toneladas y se compone de 42 plantas m\u00f3viles que giran y reconfiguran el rostro de Kafka a intervalos regulares.<\/p>\n<p>Es un homenaje moderno al c\u00e9lebre escritor y una muestra fascinante de ingenier\u00eda que, sencillamente, merece verse en persona. Observarla es, por supuesto, gratis. <strong>\ud83d\udca1 Consejo de local:<\/strong> La escultura se pone en movimiento cada hora en punto durante quince minutos. Ve mejor por la noche, cuando est\u00e1 iluminada y la superficie met\u00e1lica refleja las luces de la ciudad.<\/p>\n<figure class=\"wp-block-image size-full\"><img decoding=\"async\" src=\"https:\/\/loudavymkrokem.cz\/wp-content\/uploads\/2023\/07\/hlava-franze-kafky.jpg\" alt=\"Cabeza giratoria de Franz Kafka en Praga\" class=\"wp-image-73495\" title=\"\"><figcaption class=\"wp-element-caption\">Cabeza giratoria de Franz Kafka en Praga<\/figcaption><\/figure>\n<h2 class=\"wp-block-heading\"><span class=\"ez-toc-section\" id=\"Joyas_ocultas_y_refugios_lejos_de_las_masas\"><\/span><span class=\"ez-toc-section\" id=\"Joyas_ocultas_y_refugios_lejos_de_las_masas\"><\/span>Joyas ocultas y refugios lejos de las masas<span class=\"ez-toc-section-end\"><\/span><span class=\"ez-toc-section-end\"><\/span><\/h2>\n<p>A veces simplemente necesitas desconectar y esconderte. Despu\u00e9s de tantos a\u00f1os viviendo y yendo al colegio en el centro, he reunido una lista de sitios a los que escapar cuando el Puente de Carlos est\u00e1 intransitable.<\/p>\n<h3 class=\"wp-block-heading\"><span class=\"ez-toc-section\" id=\"Jardin_Vrtbovska\"><\/span><span class=\"ez-toc-section\" id=\"Jardin_Vrtbovska\"><\/span>Jard\u00edn Vrtbovsk\u00e1<span class=\"ez-toc-section-end\"><\/span><span class=\"ez-toc-section-end\"><\/span><\/h3>\n<p>Esta es una joya absoluta. Una discreta entrada en la calle Karmelitsk\u00e1 te conduce a uno de los jardines barrocos en terraza m\u00e1s bonitos de Europa. Construido en la ladera de Pet\u0159\u00edn, ofrece parterres perfectamente sim\u00e9tricos, esculturas de Maty\u00e1\u0161 Bernard Braun y unas vistas espl\u00e9ndidas de la iglesia de San Nicol\u00e1s.<\/p>\n<p>Cada vez que entro aqu\u00ed me siento en otro mundo, lejos del ruido de los coches y de las masas de turistas. Abierto de abril a octubre; la entrada cuesta unos <strong>5 \u20ac<\/strong>. <strong>\ud83d\udca1 Consejo de local:<\/strong> El jard\u00edn es un lugar muy popular para sesiones de fotos de boda. Mejor ir entre semana por la ma\u00f1ana; los fines de semana tendr\u00e1s que esquivar novias.<\/p>\n<figure class=\"wp-block-image size-full\"><img loading=\"lazy\" decoding=\"async\" width=\"2000\" height=\"1333\" src=\"https:\/\/loudavymkrokem.cz\/wp-content\/uploads\/2023\/07\/vrtbovske-zahrady-praha.jpg\" alt=\"Jard\u00edn Vrtbovsk\u00e1 en Praga\" class=\"wp-image-63063\" title=\"\" srcset=\"https:\/\/loudavymkrokem.cz\/wp-content\/uploads\/2023\/07\/vrtbovske-zahrady-praha.jpg 2000w, https:\/\/loudavymkrokem.cz\/wp-content\/uploads\/2023\/07\/vrtbovske-zahrady-praha-300x200.jpg 300w, https:\/\/loudavymkrokem.cz\/wp-content\/uploads\/2023\/07\/vrtbovske-zahrady-praha-700x467.jpg 700w, https:\/\/loudavymkrokem.cz\/wp-content\/uploads\/2023\/07\/vrtbovske-zahrady-praha-768x512.jpg 768w, https:\/\/loudavymkrokem.cz\/wp-content\/uploads\/2023\/07\/vrtbovske-zahrady-praha-1536x1024.jpg 1536w, https:\/\/loudavymkrokem.cz\/wp-content\/uploads\/2023\/07\/vrtbovske-zahrady-praha-696x464.jpg 696w, https:\/\/loudavymkrokem.cz\/wp-content\/uploads\/2023\/07\/vrtbovske-zahrady-praha-1392x928.jpg 1392w, https:\/\/loudavymkrokem.cz\/wp-content\/uploads\/2023\/07\/vrtbovske-zahrady-praha-1920x1280.jpg 1920w\" sizes=\"auto, (max-width: 2000px) 100vw, 2000px\"><figcaption class=\"wp-element-caption\">Jard\u00edn Vrtbovsk\u00e1<\/figcaption><\/figure>\n<h3 class=\"wp-block-heading\"><span class=\"ez-toc-section\" id=\"Novy_Svet\"><\/span><span class=\"ez-toc-section\" id=\"Novy_Svet\"><\/span>Nov\u00fd Sv\u011bt<span class=\"ez-toc-section-end\"><\/span><span class=\"ez-toc-section-end\"><\/span><\/h3>\n<p>Este peque\u00f1o barrio escondido detr\u00e1s del Castillo de Praga parece sacado de otro siglo. Callejuelas sinuosas, casitas diminutas con tejados ondulados, un silencio absoluto. En el pasado viv\u00eda aqu\u00ed la servidumbre pobre del castillo, y hoy es, en mi opini\u00f3n, la imagen m\u00e1s pura de la vieja Praga: sin museos, sin escaparates, sin aglomeraciones.<\/p>\n<p>No hay aqu\u00ed ninguna atracci\u00f3n tur\u00edstica oficial, y precisamente eso es lo m\u00e1s bonito. Solo calma, adoquines irregulares y un encanto incre\u00edble. <strong>\ud83d\udca1 Consejo de local:<\/strong> Haz una parada en la peque\u00f1a cafeter\u00eda Kav\u00e1rna Nov\u00fd Sv\u011bt. Tienen un caf\u00e9 de especialidad excelente y un patio tranquilo.<\/p>\n<figure class=\"wp-block-image size-full\"><img loading=\"lazy\" decoding=\"async\" width=\"2000\" height=\"1500\" src=\"https:\/\/loudavymkrokem.cz\/wp-content\/uploads\/2023\/07\/novy-svet-praha.jpg\" alt=\"Nov\u00fd Sv\u011bt, callejuela medieval en Praga\" class=\"wp-image-62982\" title=\"\" srcset=\"https:\/\/loudavymkrokem.cz\/wp-content\/uploads\/2023\/07\/novy-svet-praha.jpg 2000w, https:\/\/loudavymkrokem.cz\/wp-content\/uploads\/2023\/07\/novy-svet-praha-300x225.jpg 300w, https:\/\/loudavymkrokem.cz\/wp-content\/uploads\/2023\/07\/novy-svet-praha-700x525.jpg 700w, https:\/\/loudavymkrokem.cz\/wp-content\/uploads\/2023\/07\/novy-svet-praha-768x576.jpg 768w, https:\/\/loudavymkrokem.cz\/wp-content\/uploads\/2023\/07\/novy-svet-praha-1536x1152.jpg 1536w, https:\/\/loudavymkrokem.cz\/wp-content\/uploads\/2023\/07\/novy-svet-praha-696x522.jpg 696w, https:\/\/loudavymkrokem.cz\/wp-content\/uploads\/2023\/07\/novy-svet-praha-1392x1044.jpg 1392w, https:\/\/loudavymkrokem.cz\/wp-content\/uploads\/2023\/07\/novy-svet-praha-1920x1440.jpg 1920w\" sizes=\"auto, (max-width: 2000px) 100vw, 2000px\"><figcaption class=\"wp-element-caption\">Antigua callejuela medieval empedrada en Nov\u00fd Sv\u011bt, barrio de Hrad\u010dany, Praga.<\/figcaption><\/figure>\n<h3 class=\"wp-block-heading\"><span class=\"ez-toc-section\" id=\"Clementinum_y_Biblioteca_Barroca\"><\/span><span class=\"ez-toc-section\" id=\"Clementinum_y_Biblioteca_Barroca\"><\/span>Clementinum y Biblioteca Barroca<span class=\"ez-toc-section-end\"><\/span><span class=\"ez-toc-section-end\"><\/span><\/h3>\n<p>Este extenso complejo de un antiguo colegio jesuita, junto al Puente de Carlos, ofrece la visita a la Biblioteca Barroca, la Sala del Meridiano y la Torre Astron\u00f3mica. La biblioteca con sus globos hist\u00f3ricos es sencillamente sobrecogedora y desprende una majestuosidad incre\u00edble.<\/p>\n<p>Las visitas son solo con gu\u00eda y las entradas, a unos <strong>15 \u20ac<\/strong>, suelen agotarse con rapidez. Si te gusta la historia de la ciencia o los libros antiguos, esta visita es imprescindible.<\/p>\n<div class=\"gyg-iframe-container\" style=\"margin-bottom:1.5em\" class=\"wp-block-cgb-block-gyg-wp-plugin\"><iframe style=\"border:0;height:100%;width:100%\" title=\"GetYourGuide activities widget\" src=\"https:\/\/widget.getyourguide.com\/default\/activities.frame?widget=wp_activities&amp;currency=EUR&amp;locale_code=es-ES&amp;number_of_items=3&amp;partner_id=MKZ64IS&amp;q=klementinum\"><\/iframe><\/div>\n<h3 class=\"wp-block-heading\"><span class=\"ez-toc-section\" id=\"Jardin_Wallenstein\"><\/span><span class=\"ez-toc-section\" id=\"Jardin_Wallenstein\"><\/span>Jard\u00edn Wallenstein<span class=\"ez-toc-section-end\"><\/span><span class=\"ez-toc-section-end\"><\/span><\/h3>\n<p>La sede del Senado del Parlamento checo esconde un jard\u00edn de acceso libre lleno de pavos reales, fuentes y una enorme pared artificial de estalactitas (gruta) en la que, si miras de cerca, se ocultan rostros de criaturas monstruosas.<\/p>\n<p>Es un lugar estupendo para descansar despu\u00e9s de recorrer Mal\u00e1 Strana. El verde y el murmullo del agua te refrescan de maravilla. Abierto de abril a octubre; entrada gratuita. <strong>\ud83d\udca1 Consejo de local:<\/strong> Los pavos reales est\u00e1n acostumbrados a la gente, pero no les des de comer. Mejor si\u00e9ntate en un banco frente a la Sala Terrena y disfruta de la calma.<\/p>\n<h2 class=\"wp-block-heading\"><span class=\"ez-toc-section\" id=\"Donde_comer\"><\/span><span class=\"ez-toc-section\" id=\"Donde_comer\"><\/span>D\u00f3nde comer<span class=\"ez-toc-section-end\"><\/span><span class=\"ez-toc-section-end\"><\/span><\/h2>\n<p>Despu\u00e9s de un d\u00eda entero pisando adoquines, el hambre est\u00e1 garantizada. Es exactamente lo que nos pasa a Luk\u00e1\u0161 y a m\u00ed cada vez que recorremos todo el centro. Por suerte, hay un mont\u00f3n de sitios donde la experiencia no se limita a una cerveza cara para turistas, sino que incluye comida estupenda y un ambiente acogedor, que es justo lo que buscamos.<\/p>\n<p>Como vegetariana, adem\u00e1s, tengo el paladar bastante exigente en cuanto a lo que considero un buen almuerzo, as\u00ed que evito las tabernas cl\u00e1sicas con salsas pesadas. Aqu\u00ed van mis sitios favoritos, a los que siempre vuelvo.<\/p>\n<h3 class=\"wp-block-heading\"><span class=\"ez-toc-section\" id=\"Eska_en_Karlin_y_bistrots_acogedores\"><\/span><span class=\"ez-toc-section\" id=\"Eska_en_Karlin_y_bistrots_acogedores\"><\/span>Eska en Karl\u00edn y bistrots acogedores<span class=\"ez-toc-section-end\"><\/span><span class=\"ez-toc-section-end\"><\/span><\/h3>\n<p>Cuando necesitamos cambiar de aires y escapar del centro abarrotado, nos subimos en familia al tranv\u00eda y cruzamos hasta Karl\u00edn. Aqu\u00ed reina un local llamado Eska, que combina una panader\u00eda incre\u00edble con gastronom\u00eda checa moderna. Los platos se preparan con ingredientes locales y sus bollos o panes de horno son legendarios. Es exactamente ese tipo de bistrot donde te sientes c\u00f3modo y relajado.<\/p>\n<p>Si buscas algo m\u00e1s sofisticado, prueba el restaurante del <a class=\"thirstylink\" rel=\"nofollow\" target=\"_blank\" title=\"The Julius Hotel\" href=\"https:\/\/loudavymkrokem.cz\/doporucujeme\/the-julius-hotel\/\" data-shortcode=\"true\">Julius Hotel<\/a>, que tambi\u00e9n tiene oferta vegetariana. No suele haber mucho bullicio y queda a un paso de la Plaza de la Rep\u00fablica (N\u00e1m\u011bst\u00ed Republiky).<\/p>\n<figure class=\"wp-block-image size-full\"><img loading=\"lazy\" decoding=\"async\" width=\"2048\" height=\"1366\" src=\"https:\/\/loudavymkrokem.cz\/wp-content\/uploads\/2026\/04\/julius-hotel-praha-4281-scaled.jpg\" alt=\"The Julius Hotel, rese\u00f1a del mejor hotel en Praga\" class=\"wp-image-151070\" title=\"\" srcset=\"https:\/\/loudavymkrokem.cz\/wp-content\/uploads\/2026\/04\/julius-hotel-praha-4281-scaled.jpg 2048w, https:\/\/loudavymkrokem.cz\/wp-content\/uploads\/2026\/04\/julius-hotel-praha-4281-300x200.jpg 300w, https:\/\/loudavymkrokem.cz\/wp-content\/uploads\/2026\/04\/julius-hotel-praha-4281-700x467.jpg 700w, https:\/\/loudavymkrokem.cz\/wp-content\/uploads\/2026\/04\/julius-hotel-praha-4281-768x512.jpg 768w, https:\/\/loudavymkrokem.cz\/wp-content\/uploads\/2026\/04\/julius-hotel-praha-4281-1536x1024.jpg 1536w, https:\/\/loudavymkrokem.cz\/wp-content\/uploads\/2026\/04\/julius-hotel-praha-4281-696x464.jpg 696w, https:\/\/loudavymkrokem.cz\/wp-content\/uploads\/2026\/04\/julius-hotel-praha-4281-1392x928.jpg 1392w, https:\/\/loudavymkrokem.cz\/wp-content\/uploads\/2026\/04\/julius-hotel-praha-4281-1920x1280.jpg 1920w\" sizes=\"auto, (max-width: 2048px) 100vw, 2048px\"><\/figure>\n<p>Otro de mis favoritos es Maitrea, cerca de la Plaza de la Ciudad Vieja. Es un fant\u00e1stico restaurante vegetariano escondido en una calle lateral, con un interior precioso lleno de madera y una energ\u00eda que transmite calma. Ofrece versiones sin carne de platos tradicionales y tambi\u00e9n fusi\u00f3n asi\u00e1tica, lo que me ha salvado en m\u00e1s de un paseo agotador por las calles hist\u00f3ricas.<\/p>\n<h2 class=\"wp-block-heading\"><span class=\"ez-toc-section\" id=\"Informacion_practica\"><\/span><span class=\"ez-toc-section\" id=\"Informacion_practica\"><\/span>Informaci\u00f3n pr\u00e1ctica<span class=\"ez-toc-section-end\"><\/span><span class=\"ez-toc-section-end\"><\/span><\/h2>\n<p>Praga es, afortunadamente, una ciudad compacta con un transporte p\u00fablico excelente, as\u00ed que no necesitas coche en absoluto. Nosotros, con Jon\u00e1\u0161 en el cochecito, recorrimos la mayor parte del centro a pie y cogimos el tranv\u00eda cuando las cuestas dejaron de hacernos gracia. \ud83d\ude05 El billete b\u00e1sico de 30 minutos cuesta apenas <strong>1,20 \u20ac<\/strong>, el de 90 minutos unos <strong>1,60 \u20ac<\/strong> y el de 24 horas sale por unos <strong>6 \u20ac<\/strong>. Se compran en m\u00e1quinas expendedoras, en la app PID L\u00edta\u010dka o directamente con la tarjeta contactless en los terminales naranjas dentro de tranv\u00edas y autobuses. Desde Madrid o <a class=\"thirstylink\" rel=\"nofollow\" target=\"_blank\" title=\"Barcelona (booking)\" href=\"https:\/\/loudavymkrokem.cz\/es\/doporucujeme\/barcelona-booking\/\" data-shortcode=\"true\">Barcelona<\/a> hay vuelos directos con compa\u00f1\u00edas como Vueling, Iberia o Ryanair, y el trayecto dura unas dos horas y media.<\/p>\n<p>Si planeas visitar varios monumentos de pago (reloj astron\u00f3mico, Pet\u0159\u00edn, barrio jud\u00edo), calcula si te compensa el Prague Visitor Pass. Funciona como billete de transporte y entrada en uno, y te ahorra tiempo en las colas.<\/p>\n<h2 class=\"wp-block-heading\"><span class=\"ez-toc-section\" id=\"Preguntas_frecuentes\"><\/span><span class=\"ez-toc-section\" id=\"Preguntas_frecuentes\"><\/span>Preguntas frecuentes<span class=\"ez-toc-section-end\"><\/span><span class=\"ez-toc-section-end\"><\/span><\/h2>\n<div id=\"rank-math-faq\" class=\"rank-math-block\">\n<div class=\"rank-math-list \">\n<div id=\"faq-question-1777052791328\" class=\"rank-math-list-item\">\n<h3 class=\"rank-math-question \"><span class=\"ez-toc-section\" id=\"%C2%BFCuales_son_los_monumentos_mas_importantes_de_Praga\"><\/span><span class=\"ez-toc-section\" id=\"Cuales_son_los_monumentos_mas_importantes_de_Praga\"><\/span><strong style=\"white-space: normal\">\u00bfCu\u00e1les son los monumentos m\u00e1s importantes de Praga?<\/strong><span class=\"ez-toc-section-end\"><\/span><span class=\"ez-toc-section-end\"><\/span><\/h3>\n<div class=\"rank-math-answer \">\n<p>Entre los imprescindibles destacan el Castillo de Praga con la catedral de San Vito, el Puente de Carlos, la Plaza de la Ciudad Vieja con el reloj astron\u00f3mico y el barrio hist\u00f3rico de Josefov. Estos lugares forman el n\u00facleo de los monumentos protegidos por la UNESCO.<\/p>\n<\/div>\n<\/div>\n<div id=\"faq-question-1777052800946\" class=\"rank-math-list-item\">\n<h3 class=\"rank-math-question \"><span class=\"ez-toc-section\" id=\"%C2%BFCuanto_tiempo_necesito_para_visitar_Praga\"><\/span><span class=\"ez-toc-section\" id=\"Cuanto_tiempo_necesito_para_visitar_Praga\"><\/span><strong>\u00bfCu\u00e1nto tiempo necesito para visitar Praga?<\/strong><span class=\"ez-toc-section-end\"><\/span><span class=\"ez-toc-section-end\"><\/span><\/h3>\n<div class=\"rank-math-answer \">\n<p>Para una primera toma de contacto y visitar los puntos principales, recomiendo al menos tres d\u00edas. Si quieres disfrutar tambi\u00e9n del ambiente de las cafeter\u00edas, los parques y barrios m\u00e1s alejados como Karl\u00edn o Vinohrady, reserva cuatro o cinco d\u00edas.<\/p>\n<\/div>\n<\/div>\n<div id=\"faq-question-1777052808243\" class=\"rank-math-list-item\">\n<h3 class=\"rank-math-question \"><span class=\"ez-toc-section\" id=\"%C2%BFQue_monumentos_de_Praga_son_gratis\"><\/span><span class=\"ez-toc-section\" id=\"Que_monumentos_de_Praga_son_gratis\"><\/span><strong>\u00bfQu\u00e9 monumentos de Praga son gratis?<\/strong><span class=\"ez-toc-section-end\"><\/span><span class=\"ez-toc-section-end\"><\/span><\/h3>\n<div class=\"rank-math-answer \">\n<p>Puedes pasear gratis por el Puente de Carlos, los patios del Castillo de Praga (y la parte delantera de la catedral), Vy\u0161ehrad, el Jard\u00edn Wallenstein o admirar esculturas e instalaciones modernas en los espacios p\u00fablicos.<\/p>\n<\/div>\n<\/div>\n<div id=\"faq-question-1777052819784\" class=\"rank-math-list-item\">\n<h3 class=\"rank-math-question \"><span class=\"ez-toc-section\" id=\"%C2%BFComo_funciona_el_transporte_publico_en_Praga\"><\/span><span class=\"ez-toc-section\" id=\"Como_funciona_el_transporte_publico_en_Praga\"><\/span><strong>\u00bfC\u00f3mo funciona el transporte p\u00fablico en Praga?<\/strong> <span class=\"ez-toc-section-end\"><\/span><span class=\"ez-toc-section-end\"><\/span><\/h3>\n<div class=\"rank-math-answer \">\n<p>El transporte p\u00fablico se compone de metro, tranv\u00edas y autobuses. Los billetes son de transbordo y funcionan por tiempo (30 minutos, 90 minutos, 24 horas). Se compran en la app, en m\u00e1quinas expendedoras o directamente en los veh\u00edculos con tarjeta contactless.<\/p>\n<\/div>\n<\/div>\n<\/div>\n<\/div><\/p>\n","protected":false},"excerpt":{"rendered":"<p>Cuando pienso en los monumentos de Praga Rep\u00fablica Checa, recuerdo las hojas h\u00famedas de oto\u00f1o desliz\u00e1ndose por los adoquines mientras Luk\u00e1\u0161 y yo sub\u00edamos por primera vez la calle Nerudova. Fue en una de nuestras primeras citas.<\/p>\n","protected":false},"author":3,"featured_media":151114,"comment_status":"open","ping_status":"open","sticky":false,"template":"","format":"standard","meta":{"footnotes":"","rank_math_title":"","rank_math_description":"","rank_math_focus_keyword":"","rank_math_seo_score":""},"categories":[996,1034],"tags":[],"class_list":{"0":"post-151248","1":"post","2":"type-post","3":"status-publish","4":"format-standard","5":"has-post-thumbnail","7":"category-europa","8":"category-republica-checa"},"featured_image_src":"https:\/\/loudavymkrokem.cz\/wp-content\/uploads\/2023\/07\/prazsky-hrad-4238.jpg","author_info":{"display_name":"Lucie Kone\u010dn\u00e1","author_link":"https:\/\/loudavymkrokem.cz\/es\/author\/lucie-konecna\/"},"_links":{"self":[{"href":"https:\/\/loudavymkrokem.cz\/es\/wp-json\/wp\/v2\/posts\/151248","targetHints":{"allow":["GET"]}}],"collection":[{"href":"https:\/\/loudavymkrokem.cz\/es\/wp-json\/wp\/v2\/posts"}],"about":[{"href":"https:\/\/loudavymkrokem.cz\/es\/wp-json\/wp\/v2\/types\/post"}],"author":[{"embeddable":true,"href":"https:\/\/loudavymkrokem.cz\/es\/wp-json\/wp\/v2\/users\/3"}],"replies":[{"embeddable":true,"href":"https:\/\/loudavymkrokem.cz\/es\/wp-json\/wp\/v2\/comments?post=151248"}],"version-history":[{"count":1,"href":"https:\/\/loudavymkrokem.cz\/es\/wp-json\/wp\/v2\/posts\/151248\/revisions"}],"predecessor-version":[{"id":151595,"href":"https:\/\/loudavymkrokem.cz\/es\/wp-json\/wp\/v2\/posts\/151248\/revisions\/151595"}],"wp:featuredmedia":[{"embeddable":true,"href":"https:\/\/loudavymkrokem.cz\/es\/wp-json\/wp\/v2\/media\/151114"}],"wp:attachment":[{"href":"https:\/\/loudavymkrokem.cz\/es\/wp-json\/wp\/v2\/media?parent=151248"}],"wp:term":[{"taxonomy":"category","embeddable":true,"href":"https:\/\/loudavymkrokem.cz\/es\/wp-json\/wp\/v2\/categories?post=151248"},{"taxonomy":"post_tag","embeddable":true,"href":"https:\/\/loudavymkrokem.cz\/es\/wp-json\/wp\/v2\/tags?post=151248"}],"curies":[{"name":"wp","href":"https:\/\/api.w.org\/{rel}","templated":true}]}}