{"id":151247,"date":"2026-04-24T20:26:17","date_gmt":"2026-04-24T18:26:17","guid":{"rendered":"https:\/\/loudavymkrokem.cz\/?p=151247"},"modified":"2026-04-30T11:07:14","modified_gmt":"2026-04-30T09:07:14","slug":"vysehrad-praga-guia-completa","status":"publish","type":"post","link":"https:\/\/loudavymkrokem.cz\/es\/vysehrad-praga-guia-completa\/","title":{"rendered":"Vy\u0161ehrad Praga: Gu\u00eda completa del segundo castillo (bas\u00edlica, cementerio, murallas)"},"content":{"rendered":"<p>Cada a\u00f1o, por Navidad, iba a leerle un poema junto a la tumba de M\u00e1cha (un c\u00e9lebre poeta checo) en Vy\u0161ehrad. <strong>Era una tradici\u00f3n que conservaba desde el instituto. Adoro Vy\u0161ehrad, me encanta en invierno, en verano, en oto\u00f1o y en primavera. Cuando celebramos las primeras Navidades junto a Luk\u00e1\u0161, fue precisamente Vy\u0161ehrad Praga el lugar al que lo arrastr\u00e9 en Nochebuena.<\/strong><\/p>\n<p>Vy\u0161ehrad es para los locales como un sal\u00f3n al aire libre. Mientras que en Hrad\u010dany te abres paso entre multitudes peleando por cada cent\u00edmetro cuadrado, aqu\u00ed te cruzas con praguenses con mantas de p\u00edcnic, paseadores de perros y corredores zigzagueando entre las imponentes murallas barrocas. Hoy en d\u00eda venimos tambi\u00e9n con nuestro hijo Jon\u00e1\u0161, de dos a\u00f1os. Los largos caminos asfaltados que bordean las murallas son absolutamente ideales para un carrito de beb\u00e9, y los amplios parques bajo \u00e1rboles frondosos ofrecen una sombra fant\u00e1stica en los d\u00edas de calor. Y algo m\u00e1s: como vegetariana, agradezco mucho que al bajar hacia Podol\u00ed o V\u00fdto\u0148 haya un mont\u00f3n de bistr\u00f3s estupendos que hace tiempo dejaron atr\u00e1s la t\u00edpica oferta de comida frita.<\/p>\n<p>Todo este espacio elevado sobre el Moldava tiene adem\u00e1s una enorme ventaja: aunque se trata de un lugar hist\u00f3rico de gran importancia, envuelto en leyendas sobre la princesa Libu\u0161e, mantiene un ambiente incre\u00edblemente relajado, casi de parque urbano. <strong>Puedes pasear durante horas, sentarte en las murallas con las piernas colgando y contemplar los barcos en el r\u00edo. No es un museo r\u00edgido con torniquetes, sino un barrio vivo de la ciudad al que merece la pena escaparse del asfixiante empedrado del Casco Antiguo.<\/strong><\/p>\n<p>En este art\u00edculo encontrar\u00e1s una gu\u00eda completa de <strong>Vy\u0161ehrad Praga<\/strong>, con detalles sobre el horario de la <strong>bas\u00edlica de San Pedro y San Pablo<\/strong>, d\u00f3nde se encuentra exactamente el <strong>cementerio de Vy\u0161ehrad<\/strong> y el c\u00e9lebre pante\u00f3n <strong>Slav\u00edn<\/strong>, o por qu\u00e9 no deber\u00edas perderte la antiqu\u00edsima <strong>rotonda de San Mart\u00edn<\/strong>.<\/p>\n<figure class=\"wp-block-image size-full\"><img loading=\"lazy\" decoding=\"async\" width=\"1200\" height=\"800\" src=\"https:\/\/loudavymkrokem.cz\/wp-content\/uploads\/2026\/04\/vysehrad-4319.jpg\" alt=\"Vistas desde Vy\u0161ehrad Praga\" class=\"wp-image-151146\" title=\"\" srcset=\"https:\/\/loudavymkrokem.cz\/wp-content\/uploads\/2026\/04\/vysehrad-4319.jpg 1200w, https:\/\/loudavymkrokem.cz\/wp-content\/uploads\/2026\/04\/vysehrad-4319-300x200.jpg 300w, https:\/\/loudavymkrokem.cz\/wp-content\/uploads\/2026\/04\/vysehrad-4319-700x467.jpg 700w, https:\/\/loudavymkrokem.cz\/wp-content\/uploads\/2026\/04\/vysehrad-4319-768x512.jpg 768w, https:\/\/loudavymkrokem.cz\/wp-content\/uploads\/2026\/04\/vysehrad-4319-696x464.jpg 696w\" sizes=\"auto, (max-width: 1200px) 100vw, 1200px\"><figcaption class=\"wp-element-caption\">Vistas desde Vy\u0161ehrad<\/figcaption><\/figure>\n<div id=\"ez-toc-container\" class=\"ez-toc-v2_0_82_2 ez-toc-wrap-left counter-hierarchy ez-toc-counter ez-toc-grey ez-toc-container-direction\">\n<div class=\"ez-toc-title-container\">\n<p class=\"ez-toc-title\" style=\"cursor:inherit\">Contenido del art\u00edculo<\/p>\n<span class=\"ez-toc-title-toggle\"><a href=\"#\" class=\"ez-toc-pull-right ez-toc-btn ez-toc-btn-xs ez-toc-btn-default ez-toc-toggle\" aria-label=\"Alternar tabla de contenidos\"><span class=\"ez-toc-js-icon-con\"><span class=\"\"><span class=\"eztoc-hide\" style=\"display:none;\">Toggle<\/span><span class=\"ez-toc-icon-toggle-span\"><svg style=\"fill: #999;color:#999\" xmlns=\"http:\/\/www.w3.org\/2000\/svg\" class=\"list-377408\" width=\"20px\" height=\"20px\" viewBox=\"0 0 24 24\" fill=\"none\"><path d=\"M6 6H4v2h2V6zm14 0H8v2h12V6zM4 11h2v2H4v-2zm16 0H8v2h12v-2zM4 16h2v2H4v-2zm16 0H8v2h12v-2z\" fill=\"currentColor\"><\/path><\/svg><svg style=\"fill: #999;color:#999\" class=\"arrow-unsorted-368013\" xmlns=\"http:\/\/www.w3.org\/2000\/svg\" width=\"10px\" height=\"10px\" viewBox=\"0 0 24 24\" version=\"1.2\" baseProfile=\"tiny\"><path d=\"M18.2 9.3l-6.2-6.3-6.2 6.3c-.2.2-.3.4-.3.7s.1.5.3.7c.2.2.4.3.7.3h11c.3 0 .5-.1.7-.3.2-.2.3-.5.3-.7s-.1-.5-.3-.7zM5.8 14.7l6.2 6.3 6.2-6.3c.2-.2.3-.5.3-.7s-.1-.5-.3-.7c-.2-.2-.4-.3-.7-.3h-11c-.3 0-.5.1-.7.3-.2.2-.3.5-.3.7s.1.5.3.7z\"\/><\/svg><\/span><\/span><\/span><\/a><\/span><\/div>\n<nav><ul class='ez-toc-list ez-toc-list-level-1 ' ><ul class='ez-toc-list-level-3' ><li class='ez-toc-heading-level-3'><a class=\"ez-toc-link ez-toc-heading-1\" href=\"https:\/\/loudavymkrokem.cz\/es\/vysehrad-praga-guia-completa\/#Resumen\" >Resumen<\/a><\/li><\/ul><\/li><li class='ez-toc-page-1 ez-toc-heading-level-2'><a class=\"ez-toc-link ez-toc-heading-2\" href=\"https:\/\/loudavymkrokem.cz\/es\/vysehrad-praga-guia-completa\/#Cuando_visitar_Vysehrad_y_como_planificarlo\" >Cu\u00e1ndo visitar Vy\u0161ehrad y c\u00f3mo planificarlo<\/a><ul class='ez-toc-list-level-3' ><li class='ez-toc-heading-level-3'><a class=\"ez-toc-link ez-toc-heading-3\" href=\"https:\/\/loudavymkrokem.cz\/es\/vysehrad-praga-guia-completa\/#Primavera_y_otono_los_favoritos_absolutos\" >Primavera y oto\u00f1o: los favoritos absolutos<\/a><\/li><li class='ez-toc-page-1 ez-toc-heading-level-3'><a class=\"ez-toc-link ez-toc-heading-4\" href=\"https:\/\/loudavymkrokem.cz\/es\/vysehrad-praga-guia-completa\/#Atardeceres_de_verano_y_melancolia_invernal\" >Atardeceres de verano y melancol\u00eda invernal<\/a><\/li><li class='ez-toc-page-1 ez-toc-heading-level-3'><a class=\"ez-toc-link ez-toc-heading-5\" href=\"https:\/\/loudavymkrokem.cz\/es\/vysehrad-praga-guia-completa\/#Cuanto_tiempo_dedicarle\" >Cu\u00e1nto tiempo dedicarle<\/a><\/li><\/ul><\/li><li class='ez-toc-page-1 ez-toc-heading-level-2'><a class=\"ez-toc-link ez-toc-heading-6\" href=\"https:\/\/loudavymkrokem.cz\/es\/vysehrad-praga-guia-completa\/#Donde_alojarse\" >D\u00f3nde alojarse<\/a><\/li><li class='ez-toc-page-1 ez-toc-heading-level-2'><a class=\"ez-toc-link ez-toc-heading-7\" href=\"https:\/\/loudavymkrokem.cz\/es\/vysehrad-praga-guia-completa\/#Que_ver_y_visitar_en_Vysehrad\" >Qu\u00e9 ver y visitar en Vy\u0161ehrad<\/a><ul class='ez-toc-list-level-3' ><li class='ez-toc-heading-level-3'><a class=\"ez-toc-link ez-toc-heading-8\" href=\"https:\/\/loudavymkrokem.cz\/es\/vysehrad-praga-guia-completa\/#Basilica_de_San_Pedro_y_San_Pablo\" >Bas\u00edlica de San Pedro y San Pablo<\/a><\/li><li class='ez-toc-page-1 ez-toc-heading-level-3'><a class=\"ez-toc-link ez-toc-heading-9\" href=\"https:\/\/loudavymkrokem.cz\/es\/vysehrad-praga-guia-completa\/#Cementerio_de_Vysehrad_y_panteon_Slavin\" >Cementerio de Vy\u0161ehrad y pante\u00f3n Slav\u00edn<\/a><\/li><li class='ez-toc-page-1 ez-toc-heading-level-3'><a class=\"ez-toc-link ez-toc-heading-10\" href=\"https:\/\/loudavymkrokem.cz\/es\/vysehrad-praga-guia-completa\/#Rotonda_de_San_Martin\" >Rotonda de San Mart\u00edn<\/a><\/li><li class='ez-toc-page-1 ez-toc-heading-level-3'><a class=\"ez-toc-link ez-toc-heading-11\" href=\"https:\/\/loudavymkrokem.cz\/es\/vysehrad-praga-guia-completa\/#Casamatas_de_Vysehrad_y_sala_Gorlice\" >Casamatas de Vy\u0161ehrad y sala Gorlice<\/a><\/li><li class='ez-toc-page-1 ez-toc-heading-level-3'><a class=\"ez-toc-link ez-toc-heading-12\" href=\"https:\/\/loudavymkrokem.cz\/es\/vysehrad-praga-guia-completa\/#Murallas_vistas_y_leyendas_de_Libuse\" >Murallas, vistas y leyendas de Libu\u0161e<\/a><\/li><li class='ez-toc-page-1 ez-toc-heading-level-3'><a class=\"ez-toc-link ez-toc-heading-13\" href=\"https:\/\/loudavymkrokem.cz\/es\/vysehrad-praga-guia-completa\/#Con_ninos_en_Vysehrad_Parque_infantil_de_leyendas\" >Con ni\u00f1os en Vy\u0161ehrad: Parque infantil de leyendas<\/a><\/li><\/ul><\/li><li class='ez-toc-page-1 ez-toc-heading-level-2'><a class=\"ez-toc-link ez-toc-heading-14\" href=\"https:\/\/loudavymkrokem.cz\/es\/vysehrad-praga-guia-completa\/#Informacion_practica_para_tu_visita\" >Informaci\u00f3n pr\u00e1ctica para tu visita<\/a><\/li><li class='ez-toc-page-1 ez-toc-heading-level-2'><a class=\"ez-toc-link ez-toc-heading-15\" href=\"https:\/\/loudavymkrokem.cz\/es\/vysehrad-praga-guia-completa\/#Mas_articulos_sobre_Praga\" >M\u00e1s art\u00edculos sobre Praga<\/a><\/li><li class='ez-toc-page-1 ez-toc-heading-level-2'><a class=\"ez-toc-link ez-toc-heading-16\" href=\"https:\/\/loudavymkrokem.cz\/es\/vysehrad-praga-guia-completa\/#Preguntas_frecuentes\" >Preguntas frecuentes<\/a><ul class='ez-toc-list-level-3' ><li class='ez-toc-heading-level-3'><a class=\"ez-toc-link ez-toc-heading-17\" href=\"https:\/\/loudavymkrokem.cz\/es\/vysehrad-praga-guia-completa\/#%C2%BFLa_entrada_a_Vysehrad_es_de_pago\" >\u00bfLa entrada a Vy\u0161ehrad es de pago?<\/a><\/li><li class='ez-toc-page-1 ez-toc-heading-level-3'><a class=\"ez-toc-link ez-toc-heading-18\" href=\"https:\/\/loudavymkrokem.cz\/es\/vysehrad-praga-guia-completa\/#%C2%BFPuedo_llevar_a_mi_perro_a_Vysehrad\" >\u00bfPuedo llevar a mi perro a Vy\u0161ehrad?<\/a><\/li><li class='ez-toc-page-1 ez-toc-heading-level-3'><a class=\"ez-toc-link ez-toc-heading-19\" href=\"https:\/\/loudavymkrokem.cz\/es\/vysehrad-praga-guia-completa\/#%C2%BFEs_Vysehrad_accesible_para_carritos_y_sillas_de_ruedas\" >\u00bfEs Vy\u0161ehrad accesible para carritos y sillas de ruedas?<\/a><\/li><li class='ez-toc-page-1 ez-toc-heading-level-3'><a class=\"ez-toc-link ez-toc-heading-20\" href=\"https:\/\/loudavymkrokem.cz\/es\/vysehrad-praga-guia-completa\/#%C2%BFCuanto_tiempo_se_necesita_para_visitar_Vysehrad\" >\u00bfCu\u00e1nto tiempo se necesita para visitar Vy\u0161ehrad?<\/a><\/li><li class='ez-toc-page-1 ez-toc-heading-level-3'><a class=\"ez-toc-link ez-toc-heading-21\" href=\"https:\/\/loudavymkrokem.cz\/es\/vysehrad-praga-guia-completa\/#%C2%BFDonde_se_puede_aparcar_cerca_de_Vysehrad\" >\u00bfD\u00f3nde se puede aparcar cerca de Vy\u0161ehrad?<\/a><\/li><li class='ez-toc-page-1 ez-toc-heading-level-3'><a class=\"ez-toc-link ez-toc-heading-22\" href=\"https:\/\/loudavymkrokem.cz\/es\/vysehrad-praga-guia-completa\/#%C2%BFSe_puede_entrar_en_la_rotonda_de_San_Martin\" >\u00bfSe puede entrar en la rotonda de San Mart\u00edn?<\/a><\/li><\/ul><\/li><\/ul><\/nav><\/div>\n<h3 class=\"wp-block-heading\"><span class=\"ez-toc-section\" id=\"Resumen\"><\/span><span class=\"ez-toc-section\" id=\"Resumen\"><\/span>Resumen<span class=\"ez-toc-section-end\"><\/span><span class=\"ez-toc-section-end\"><\/span><\/h3>\n<ul class=\"wp-block-list\">\n<li>La entrada a todo el recinto de Vy\u0161ehrad (parques, murallas, caminos) es completamente <strong>gratuita<\/strong> y est\u00e1 abierta <strong>las 24 horas<\/strong>.<\/li>\n<li>Su punto emblem\u00e1tico es la bas\u00edlica de San Pedro y San Pablo, con una espectacular decoraci\u00f3n modernista; la entrada cuesta unos <strong>5 \u20ac<\/strong>.<\/li>\n<li>El cementerio de Vy\u0161ehrad y el pante\u00f3n Slav\u00edn son el lugar de descanso de grandes artistas checos (Anton\u00edn Dvo\u0159\u00e1k, Bed\u0159ich Smetana, Karel \u010capek).<\/li>\n<li>Desde las murallas barrocas se abren las mejores vistas al Castillo de Praga, el valle del Moldava y Podol\u00ed.<\/li>\n<li>Las <strong>casamatas<\/strong> subterr\u00e1neas albergan la sala <strong>Gorlice<\/strong>, donde se guardan los originales de las esculturas barrocas del Puente de Carlos.<\/li>\n<li>La rotonda de San Mart\u00edn es la m\u00e1s antigua conservada en Praga, construida ya en el siglo XI.<\/li>\n<li>La forma m\u00e1s sencilla de llegar es en la l\u00ednea roja de metro C hasta la estaci\u00f3n Vy\u0161ehrad, desde donde se camina en llano.<\/li>\n<li>Para familias con ni\u00f1os hay un fant\u00e1stico parque infantil tem\u00e1tico inspirado en antiguas leyendas checas.<\/li>\n<\/ul>\n<figure class=\"wp-block-image size-full\"><img loading=\"lazy\" decoding=\"async\" width=\"1200\" height=\"800\" src=\"https:\/\/loudavymkrokem.cz\/wp-content\/uploads\/2026\/04\/vysehrad-4303.jpg\" alt=\"Vy\u0161ehrad con ni\u00f1os peque\u00f1os\" class=\"wp-image-151149\" title=\"\" srcset=\"https:\/\/loudavymkrokem.cz\/wp-content\/uploads\/2026\/04\/vysehrad-4303.jpg 1200w, https:\/\/loudavymkrokem.cz\/wp-content\/uploads\/2026\/04\/vysehrad-4303-300x200.jpg 300w, https:\/\/loudavymkrokem.cz\/wp-content\/uploads\/2026\/04\/vysehrad-4303-700x467.jpg 700w, https:\/\/loudavymkrokem.cz\/wp-content\/uploads\/2026\/04\/vysehrad-4303-768x512.jpg 768w, https:\/\/loudavymkrokem.cz\/wp-content\/uploads\/2026\/04\/vysehrad-4303-696x464.jpg 696w\" sizes=\"auto, (max-width: 1200px) 100vw, 1200px\"><figcaption class=\"wp-element-caption\">Primavera en Vy\u0161ehrad<\/figcaption><\/figure>\n<h2 class=\"wp-block-heading\"><span class=\"ez-toc-section\" id=\"Cuando_visitar_Vysehrad_y_como_planificarlo\"><\/span><span class=\"ez-toc-section\" id=\"Cuando_visitar_Vysehrad_y_como_planificarlo\"><\/span>Cu\u00e1ndo visitar Vy\u0161ehrad y c\u00f3mo planificarlo<span class=\"ez-toc-section-end\"><\/span><span class=\"ez-toc-section-end\"><\/span><\/h2>\n<p>Planificar una visita a Vy\u0161ehrad es bastante m\u00e1s sencillo que organizar la log\u00edstica en torno a la Plaza de la Ciudad Vieja. Como gran parte de la experiencia consiste en pasear por las murallas y los parques, el clima juega un papel fundamental. Por experiencia propia puedo decir que rara vez vengo a pleno mediod\u00eda en agosto, cuando el sol azota las paredes de piedra. Prefiero los extremos del d\u00eda o los meses m\u00e1s frescos, cuando este lugar tiene un car\u00e1cter mucho m\u00e1s \u00edntimo y no tienes que sortear decenas de grupos haciendo p\u00edcnic.<\/p>\n<h3 class=\"wp-block-heading\"><span class=\"ez-toc-section\" id=\"Primavera_y_otono_los_favoritos_absolutos\"><\/span><span class=\"ez-toc-section\" id=\"Primavera_y_otono_los_favoritos_absolutos\"><\/span>Primavera y oto\u00f1o: los favoritos absolutos<span class=\"ez-toc-section-end\"><\/span><span class=\"ez-toc-section-end\"><\/span><\/h3>\n<p>Abril, mayo y luego septiembre y octubre son objetivamente los mejores meses para visitar Vy\u0161ehrad. La luz dorada del oto\u00f1o, que tanto me fascin\u00f3 durante mi curso de fotograf\u00eda, hace maravillas con las murallas de ladrillo y las oscuras torres de la bas\u00edlica. En oto\u00f1o, alrededor de las fechas del Signal Festival (en 2026 se celebra del <strong>15 al 18 de octubre<\/strong>), los \u00e1rboles del parque se ti\u00f1en de amarillo y las vistas de la niebla ascendiendo desde el Moldava tienen una profundidad incre\u00edble. Los meses de primavera traen \u00e1rboles en flor a lo largo de las murallas en direcci\u00f3n a Podol\u00ed. Adem\u00e1s, las temperaturas en estas \u00e9pocas son perfectas para largos paseos sin necesidad de buscar sombra cada diez minutos.<\/p>\n<h3 class=\"wp-block-heading\"><span class=\"ez-toc-section\" id=\"Atardeceres_de_verano_y_melancolia_invernal\"><\/span><span class=\"ez-toc-section\" id=\"Atardeceres_de_verano_y_melancolia_invernal\"><\/span>Atardeceres de verano y melancol\u00eda invernal<span class=\"ez-toc-section-end\"><\/span><span class=\"ez-toc-section-end\"><\/span><\/h3>\n<p>El verano en Vy\u0161ehrad es muy animado. Los bares y escenarios al aire libre est\u00e1n a rebosar, en los parques la gente toca la guitarra y en general todo tiene aire de gran festival. Si vienes en julio o agosto, te recomiendo ir a primera hora de la ma\u00f1ana o, al contrario, al atardecer. La vista del sol poni\u00e9ndose tras el Castillo de Praga desde el mirador de ladrillo es tan famosa que al anochecer encontrar\u00e1s decenas de fot\u00f3grafos con sus tr\u00edpodes desplegados. El invierno (enero, febrero) es un cap\u00edtulo completamente distinto. Cuando nieva, Vy\u0161ehrad se vuelve un lugar de silencio absoluto. El cementerio cubierto de nieve resulta tremendamente majestuoso y tienes la sensaci\u00f3n de estar en pleno siglo XIX. Eso s\u00ed, prep\u00e1rate porque el viento que sube del r\u00edo puede ser muy cortante en las murallas.<\/p>\n<h3 class=\"wp-block-heading\"><span class=\"ez-toc-section\" id=\"Cuanto_tiempo_dedicarle\"><\/span><span class=\"ez-toc-section\" id=\"Cuanto_tiempo_dedicarle\"><\/span>Cu\u00e1nto tiempo dedicarle<span class=\"ez-toc-section-end\"><\/span><span class=\"ez-toc-section-end\"><\/span><\/h3>\n<p>Si solo quieres recorrer el recinto r\u00e1pidamente, sacar unas fotos de las vistas y echar un vistazo al cementerio, con <strong>dos horas<\/strong> tendr\u00e1s suficiente. Pero si quieres entrar en la bas\u00edlica, pagar la visita guiada a las casamatas subterr\u00e1neas y dejar que los ni\u00f1os se desfoguen en el parque infantil, reserva directamente <strong>media jornada<\/strong>. Con Luk\u00e1\u0161 y Jon\u00e1\u0161 solemos pasar aqu\u00ed toda la ma\u00f1ana, terminamos con un caf\u00e9 y luego bajamos tranquilamente hacia el r\u00edo para comer. Vy\u0161ehrad no es un lugar para ir con prisas: su genius loci reside precisamente en el ritmo pausado.<\/p>\n<figure class=\"wp-block-image size-full\"><img loading=\"lazy\" decoding=\"async\" width=\"1200\" height=\"800\" src=\"https:\/\/loudavymkrokem.cz\/wp-content\/uploads\/2026\/04\/julius-hotel-praha-3880.jpg\" alt=\"Hotel en Praga para visitar Vy\u0161ehrad\" class=\"wp-image-151063\" title=\"\" srcset=\"https:\/\/loudavymkrokem.cz\/wp-content\/uploads\/2026\/04\/julius-hotel-praha-3880.jpg 1200w, https:\/\/loudavymkrokem.cz\/wp-content\/uploads\/2026\/04\/julius-hotel-praha-3880-300x200.jpg 300w, https:\/\/loudavymkrokem.cz\/wp-content\/uploads\/2026\/04\/julius-hotel-praha-3880-700x467.jpg 700w, https:\/\/loudavymkrokem.cz\/wp-content\/uploads\/2026\/04\/julius-hotel-praha-3880-768x512.jpg 768w, https:\/\/loudavymkrokem.cz\/wp-content\/uploads\/2026\/04\/julius-hotel-praha-3880-696x464.jpg 696w\" sizes=\"auto, (max-width: 1200px) 100vw, 1200px\"><figcaption class=\"wp-element-caption\">Escapada a Praga<\/figcaption><\/figure>\n<h2 class=\"wp-block-heading\"><span class=\"ez-toc-section\" id=\"Donde_alojarse\"><\/span><span class=\"ez-toc-section\" id=\"Donde_alojarse\"><\/span>D\u00f3nde alojarse<span class=\"ez-toc-section-end\"><\/span><span class=\"ez-toc-section-end\"><\/span><\/h2>\n<p>La \u00faltima vez que buscamos alojamiento en Praga para nuestra visita anual, quer\u00edamos algo estrat\u00e9gicamente cerca de las principales conexiones, pero que al mismo tiempo ofreciera total comodidad, porque viajar con un ni\u00f1o de dos a\u00f1os tiene sus particularidades. Elegimos el <strong>The <a class=\"thirstylink\" rel=\"nofollow\" target=\"_blank\" title=\"The Julius Hotel\" href=\"https:\/\/loudavymkrokem.cz\/doporucujeme\/the-julius-hotel\/\" data-shortcode=\"true\">Julius Hotel<\/a><\/strong> en la plaza Senov\u00e1\u017en\u00e9 y, mir\u00e1ndolo en retrospectiva, fue una de las mejores decisiones. Nos alojamos en su One Bedroom Suite, lo que nos dio espacio de sobra para las veladas cuando Jon\u00e1\u0161 ya dorm\u00eda. El dise\u00f1o es limpio, bien pensado, con sutiles gui\u00f1os a los colores de Alfons Mucha. Desde el hotel llegas a la Estaci\u00f3n Central (desde donde Vy\u0161ehrad est\u00e1 a solo tres paradas de metro C) en apenas <strong>cinco minutos<\/strong>. Las habitaciones tienen cocina totalmente equipada, algo que se agradece mucho con un ni\u00f1o peque\u00f1o o si simplemente prefieres preparar tu propio desayuno. Puedes consultar precios y disponibilidad para tus fechas en <a href=\"https:\/\/www.booking.com\/hotel\/cz\/julius-meinl-house-prague.html?aid=2397601\" target=\"_blank\" rel=\"noopener nofollow sponsored\">Booking.com<\/a>.<\/p>\n<figure class=\"wp-block-image size-full\"><img loading=\"lazy\" decoding=\"async\" width=\"1200\" height=\"800\" src=\"https:\/\/loudavymkrokem.cz\/wp-content\/uploads\/2026\/04\/vysehrad-4337.jpg\" alt=\"Vistas desde Vy\u0161ehrad Praga\" class=\"wp-image-151164\" title=\"\" srcset=\"https:\/\/loudavymkrokem.cz\/wp-content\/uploads\/2026\/04\/vysehrad-4337.jpg 1200w, https:\/\/loudavymkrokem.cz\/wp-content\/uploads\/2026\/04\/vysehrad-4337-300x200.jpg 300w, https:\/\/loudavymkrokem.cz\/wp-content\/uploads\/2026\/04\/vysehrad-4337-700x467.jpg 700w, https:\/\/loudavymkrokem.cz\/wp-content\/uploads\/2026\/04\/vysehrad-4337-768x512.jpg 768w, https:\/\/loudavymkrokem.cz\/wp-content\/uploads\/2026\/04\/vysehrad-4337-696x464.jpg 696w\" sizes=\"auto, (max-width: 1200px) 100vw, 1200px\"><figcaption class=\"wp-element-caption\">Vistas desde Vy\u0161ehrad<\/figcaption><\/figure>\n<h2 class=\"wp-block-heading\"><span class=\"ez-toc-section\" id=\"Que_ver_y_visitar_en_Vysehrad\"><\/span><span class=\"ez-toc-section\" id=\"Que_ver_y_visitar_en_Vysehrad\"><\/span>Qu\u00e9 ver y visitar en Vy\u0161ehrad<span class=\"ez-toc-section-end\"><\/span><span class=\"ez-toc-section-end\"><\/span><\/h2>\n<p>El recinto alberga multitud de monumentos hist\u00f3ricos, miradores y rincones secretos. Vamos a repasar los lugares m\u00e1s interesantes que no deber\u00edas perderte en tu paseo.<\/p>\n<h3 class=\"wp-block-heading\"><span class=\"ez-toc-section\" id=\"Basilica_de_San_Pedro_y_San_Pablo\"><\/span><span class=\"ez-toc-section\" id=\"Basilica_de_San_Pedro_y_San_Pablo\"><\/span>Bas\u00edlica de San Pedro y San Pablo<span class=\"ez-toc-section-end\"><\/span><span class=\"ez-toc-section-end\"><\/span><\/h3>\n<p>Las dos oscuras torres neog\u00f3ticas de la bas\u00edlica de San Pedro y San Pablo forman una silueta inconfundible en el panorama de Praga, reconocible desde cualquier punto. Aunque su aspecto actual data del cambio del siglo XIX al XX, los cimientos del templo se remontan al siglo XI y al reinado del rey Vratislao II. El interior es un aut\u00e9ntico impacto visual: mientras que por fuera la bas\u00edlica parece austera y severa, dentro te encuentras con una decoraci\u00f3n modernista (Art Nouveau) incre\u00edblemente colorida y rica. Las paredes est\u00e1n cubiertas de ornamentos y frescos del matrimonio Urban, que se inspiraron en el estilo de Alfons Mucha. Personalmente no suelo entrar mucho en iglesias, pero esta explosi\u00f3n de colores, que no tiene nada que ver con la cl\u00e1sica frialdad g\u00f3tica, siempre me fascina.<\/p>\n<p>Est\u00e1 abierta todos los d\u00edas, aunque los domingos por la ma\u00f1ana se celebran misas, por lo que permanece cerrada a los turistas hasta el <strong>mediod\u00eda<\/strong>. La entrada general en 2026 cuesta unos 5 \u20ac para adultos, y los billetes se compran directamente en la puerta. Desde la estaci\u00f3n de metro C Vy\u0161ehrad llegas c\u00f3modamente andando por el parque en diez minutos. <strong>\ud83d\udca1 Consejo local:<\/strong> F\u00edjate en los detalles de los frescos en las naves laterales: algunos rostros de santos tienen los rasgos de los burgueses praguenses de la \u00e9poca que financiaron la decoraci\u00f3n del templo.<\/p>\n<figure class=\"wp-block-image size-full\"><img loading=\"lazy\" decoding=\"async\" width=\"1200\" height=\"800\" src=\"https:\/\/loudavymkrokem.cz\/wp-content\/uploads\/2026\/04\/vysehrad-4305.jpg\" alt=\"Cementerio de Vy\u0161ehrad Praga\" class=\"wp-image-151156\" title=\"\" srcset=\"https:\/\/loudavymkrokem.cz\/wp-content\/uploads\/2026\/04\/vysehrad-4305.jpg 1200w, https:\/\/loudavymkrokem.cz\/wp-content\/uploads\/2026\/04\/vysehrad-4305-300x200.jpg 300w, https:\/\/loudavymkrokem.cz\/wp-content\/uploads\/2026\/04\/vysehrad-4305-700x467.jpg 700w, https:\/\/loudavymkrokem.cz\/wp-content\/uploads\/2026\/04\/vysehrad-4305-768x512.jpg 768w, https:\/\/loudavymkrokem.cz\/wp-content\/uploads\/2026\/04\/vysehrad-4305-696x464.jpg 696w\" sizes=\"auto, (max-width: 1200px) 100vw, 1200px\"><figcaption class=\"wp-element-caption\">Cementerio de Vy\u0161ehrad<\/figcaption><\/figure>\n<div class=\"lk-zazitky-module\">\n<style>\n.lk-zazitky-module * { box-sizing: border-box; margin: 0; padding: 0; }\n.lk-zazitky-module {\n  font-family: 'DM Sans', Georgia, sans-serif;\n  max-width: 100%;\n  margin: 2.5rem auto;\n  background: linear-gradient(135deg, #fdf6f3 0%, #fbede7 100%);\n  border: 1px solid #f0d9cc;\n  border-radius: 16px;\n  overflow: hidden;\n  box-shadow: 0 16px 48px rgba(217, 119, 87, 0.18), 0 4px 12px rgba(0,0,0,0.06);\n}\n.lk-zazitky-header {\n  position: relative;\n  padding: 24px 32px;\n  background: linear-gradient(135deg, #d97757 0%, #c46b4b 60%, #d97757 100%);\n  display: flex;\n  align-items: center;\n  gap: 18px;\n}\n.lk-zazitky-header::before {\n  content: '';\n  position: absolute;\n  inset: 0;\n  background: url(\"data:image\/svg+xml,%3Csvg width='60' height='60' viewBox='0 0 60 60' xmlns='http:\/\/www.w3.org\/2000\/svg'%3E%3Cg fill='none' fill-rule='evenodd'%3E%3Cg fill='%23ffffff' fill-opacity='0.05'%3E%3Cpath d='M36 34v-4h-2v4h-4v2h4v4h2v-4h4v-2h-4zm0-30V0h-2v4h-4v2h4v4h2V6h4V4h-4zM6 34v-4H4v4H0v2h4v4h2v-4h4v-2H6zM6 4V0H4v4H0v2h4v4h2V6h4V4H6z'\/%3E%3C\/g%3E%3C\/g%3E%3C\/svg%3E\") repeat;\n  pointer-events: none;\n}\n.lk-zazitky-header img {\n  width: 64px; height: 64px; border-radius: 12px; flex-shrink: 0;\n  object-fit: cover; box-shadow: 0 4px 12px rgba(0,0,0,0.18); position: relative; z-index: 1;\n}\n.lk-zazitky-header-text { position: relative; z-index: 1; }\n.lk-zazitky-eyebrow {\n  font-size: 10px; font-weight: 600; letter-spacing: 2.5px; text-transform: uppercase;\n  color: rgba(255,255,255,.92); margin-bottom: 5px;\n}\n.lk-zazitky-title {\n  font-family: 'Playfair Display', Georgia, serif;\n  font-size: 24px; font-weight: 700; color: #fff; line-height: 1.2;\n  text-shadow: 0 1px 2px rgba(0,0,0,0.12);\n}\n.lk-zazitky-subtitle {\n  font-size: 13px; color: rgba(255,255,255,.85); margin-top: 4px; font-weight: 300;\n}\n.lk-zazitky-grid {\n  display: grid;\n  grid-template-columns: 1fr 1fr 1fr;\n  gap: 1px;\n  background: rgba(217, 119, 87, 0.12);\n}\n.lk-zazitek-card {\n  background: #ffffff; padding: 22px; display: flex; flex-direction: column; gap: 11px;\n  transition: all 0.3s ease; text-decoration: none; color: inherit; position: relative;\n}\n.lk-zazitek-card:hover {\n  background: #fffaf7; transform: translateY(-2px);\n  box-shadow: 0 8px 24px rgba(217, 119, 87, 0.15); z-index: 1;\n}\n.lk-zazitek-card.is-category {\n  background: linear-gradient(135deg, #fffaf7 0%, #fff3eb 100%);\n  box-shadow: inset 0 1px 0 rgba(217, 119, 87, 0.1);\n}\n.lk-zazitek-card.is-category:hover {\n  background: linear-gradient(135deg, #fff7f2 0%, #ffeee3 100%);\n}\n.lk-zazitek-badge {\n  display: inline-flex; align-items: center; gap: 5px;\n  font-size: 10px; font-weight: 600; letter-spacing: 1.5px; text-transform: uppercase;\n  padding: 5px 11px; border-radius: 20px; width: fit-content;\n  background: rgba(217, 119, 87, 0.10); color: #c46b4b; border: 1px solid rgba(217, 119, 87, 0.22);\n}\n.lk-zazitek-card.is-category .lk-zazitek-badge {\n  background: linear-gradient(135deg, #d97757 0%, #c46b4b 100%); color: #fff;\n  border-color: #c46b4b; box-shadow: 0 2px 8px rgba(217, 119, 87, 0.28);\n}\n.lk-zazitek-name {\n  font-family: 'Playfair Display', Georgia, serif;\n  font-size: 17px; font-weight: 700; color: #111827; line-height: 1.3;\n}\n.lk-zazitek-desc {\n  font-size: 13px; color: #525252; line-height: 1.6; font-weight: 300; flex: 1;\n}\n.lk-zazitek-meta { display: flex; align-items: center; gap: 12px; flex-wrap: wrap; margin-top: 4px; }\n.lk-zazitek-price { font-size: 13px; color: #6b7280; }\n.lk-zazitek-price strong { color: #c46b4b; font-weight: 600; }\n.lk-zazitek-cta {\n  display: inline-flex; align-items: center; justify-content: center; gap: 7px;\n  margin-top: 8px; padding: 11px 16px; border-radius: 8px;\n  background: linear-gradient(135deg, #d97757 0%, #c46b4b 100%);\n  color: #fff; font-size: 13px; font-weight: 500; text-decoration: none;\n  letter-spacing: .3px; transition: all .2s ease; cursor: pointer; border: none;\n  text-align: center; box-shadow: 0 4px 12px rgba(217, 119, 87, 0.28);\n  white-space: nowrap;\n}\n.lk-zazitek-cta:hover {\n  background: linear-gradient(135deg, #c46b4b 0%, #b35e3f 100%);\n  transform: translateY(-1px); box-shadow: 0 6px 16px rgba(217, 119, 87, 0.38);\n}\n.lk-zazitek-card.is-category .lk-zazitek-cta {\n  background: linear-gradient(135deg, #3685fc 0%, #2a6fd9 100%);\n  box-shadow: 0 4px 12px rgba(54, 133, 252, 0.22);\n}\n.lk-zazitek-card.is-category .lk-zazitek-cta:hover {\n  background: linear-gradient(135deg, #2a6fd9 0%, #1e5bc4 100%);\n  box-shadow: 0 6px 16px rgba(54, 133, 252, 0.32);\n}\n.lk-zazitky-footer {\n  padding: 16px 32px;\n  background: linear-gradient(to bottom, #fdf6f3 0%, #f9eae2 100%);\n  border-top: 1px solid rgba(217, 119, 87, 0.18);\n  display: flex; align-items: center; justify-content: center; flex-wrap: wrap; gap: 12px;\n}\n.lk-zazitky-discount {\n  display: inline-flex; align-items: center; gap: 8px;\n  font-size: 13px; color: #6b3a26; font-weight: 500;\n}\n.lk-zazitky-discount-code {\n  font-family: 'Courier New', monospace; font-weight: 700; color: #c46b4b;\n  background: rgba(217, 119, 87, 0.12); padding: 4px 10px; border-radius: 6px;\n  letter-spacing: 1px; font-size: 13px;\n}\n.lk-zazitky-disclaimer {\n  font-size: 11px; color: #8a6e60; font-weight: 300; line-height: 1.5;\n}\n.lk-zazitky-disclaimer a { color: #c46b4b; text-decoration: none; }\n.lk-zazitky-disclaimer a:hover { text-decoration: underline; }\n@media (max-width: 720px) {\n  .lk-zazitky-grid { grid-template-columns: 1fr; }\n  .lk-zazitky-header { padding: 20px 18px; }\n  .lk-zazitky-footer { padding: 14px 18px; }\n  .lk-zazitek-card { padding: 20px; }\n  .lk-zazitky-title { font-size: 20px; }\n}\n<\/style>\n<div class=\"lk-zazitky-header\">\n    <img decoding=\"async\" src=\"https:\/\/loudavymkrokem.cz\/wp-content\/uploads\/2026\/02\/lukas-a-lucka.jpg\" alt=\"Luk\u00e1\u0161 y Lucie\" title=\"\"><\/p>\n<div class=\"lk-zazitky-header-text\">\n<div class=\"lk-zazitky-eyebrow\">Recomendaci\u00f3n de Luk\u00e1\u0161 y Lucie<\/div>\n<div class=\"lk-zazitky-title\">Vive Praga de otra manera<\/div>\n<div class=\"lk-zazitky-subtitle\">3 experiencias verificadas con 5 % de descuento del partner Firma na z\u00e1\u017eitky<\/div>\n<\/p><\/div>\n<\/p><\/div>\n<div class=\"lk-zazitky-grid\">\n<p>    <a class=\"lk-zazitek-card\" href=\"https:\/\/www.firmanazazitky.cz\/plavba-po-vltave-s-obedem?utm_source=loudavymkrokem&amp;utm_medium=referral&amp;utm_campaign=vysehrad-pruvodce-po-druhem-hrade-prahy-bazilika-hrbitov-hradby&amp;utm_content=zazitek-1\" target=\"_blank\" rel=\"nofollow noopener sponsored\"><br \/>\n      <span class=\"lk-zazitek-badge\">\ud83d\udee5 Crucero<\/span><\/p>\n<div class=\"lk-zazitek-name\">Crucero por el Moldava con almuerzo<\/div>\n<div class=\"lk-zazitek-desc\">Las rocas de Vy\u0161ehrad desde el agua del Moldava: un tranquilo crucero con almuerzo que te muestra el segundo castillo de Praga desde una perspectiva que los turistas no suelen disfrutar.<\/div>\n<div class=\"lk-zazitek-meta\">\n        <span class=\"lk-zazitek-price\">desde <strong>84 \u20ac<\/strong><\/span>\n      <\/div>\n<p>      <span class=\"lk-zazitek-cta\"><br \/>\n        <svg width=\"14\" height=\"14\" viewBox=\"0 0 24 24\" fill=\"none\" stroke=\"currentColor\" stroke-width=\"2\"><path d=\"M18 13v6a2 2 0 0 1-2 2H5a2 2 0 0 1-2-2V8a2 2 0 0 1 2-2h6\"\/><polyline points=\"15 3 21 3 21 9\"\/><line x1=\"10\" y1=\"14\" x2=\"21\" y2=\"3\"\/><\/svg><br \/>\n        Reservar con descuento<br \/>\n      <\/span><br \/>\n    <\/a><\/p>\n<p>    <a class=\"lk-zazitek-card\" href=\"https:\/\/www.firmanazazitky.cz\/vecere-v-tancicim-dome?utm_source=loudavymkrokem&amp;utm_medium=referral&amp;utm_campaign=vysehrad-pruvodce-po-druhem-hrade-prahy-bazilika-hrbitov-hradby&amp;utm_content=zazitek-2\" target=\"_blank\" rel=\"nofollow noopener sponsored\"><br \/>\n      <span class=\"lk-zazitek-badge\">\ud83c\udf7d Gastronom\u00eda<\/span><\/p>\n<div class=\"lk-zazitek-name\">Cena en la Casa Danzante<\/div>\n<div class=\"lk-zazitek-desc\">Tras pasear por las murallas de Vy\u0161ehrad, a pocas paradas de tranv\u00eda: cena con vistas al Castillo de Praga desde la azotea de la Casa Danzante.<\/div>\n<div class=\"lk-zazitek-meta\">\n        <span class=\"lk-zazitek-price\">desde <strong>116 \u20ac<\/strong><\/span>\n      <\/div>\n<p>      <span class=\"lk-zazitek-cta\"><br \/>\n        <svg width=\"14\" height=\"14\" viewBox=\"0 0 24 24\" fill=\"none\" stroke=\"currentColor\" stroke-width=\"2\"><path d=\"M18 13v6a2 2 0 0 1-2 2H5a2 2 0 0 1-2-2V8a2 2 0 0 1 2-2h6\"\/><polyline points=\"15 3 21 3 21 9\"\/><line x1=\"10\" y1=\"14\" x2=\"21\" y2=\"3\"\/><\/svg><br \/>\n        Reservar con descuento<br \/>\n      <\/span><br \/>\n    <\/a><\/p>\n<p>    <a class=\"lk-zazitek-card is-category\" href=\"https:\/\/www.firmanazazitky.cz\/praha\/?utm_source=loudavymkrokem&amp;utm_medium=referral&amp;utm_campaign=vysehrad-pruvodce-po-druhem-hrade-prahy-bazilika-hrbitov-hradby&amp;utm_content=kategorie\" target=\"_blank\" rel=\"nofollow noopener sponsored\"><br \/>\n      <span class=\"lk-zazitek-badge\">\u2b50 Todo<\/span><\/p>\n<div class=\"lk-zazitek-name\">Todas las experiencias en Praga<\/div>\n<div class=\"lk-zazitek-desc\">Cruceros, gastronom\u00eda, monumentos y wellness: la oferta completa de experiencias en la capital checa.<\/div>\n<p>      <span class=\"lk-zazitek-cta\"><br \/>\n        Explorar experiencias<br \/>\n        <svg width=\"12\" height=\"12\" viewBox=\"0 0 24 24\" fill=\"none\" stroke=\"currentColor\" stroke-width=\"2.5\"><polyline points=\"9 18 15 12 9 6\"\/><\/svg><br \/>\n      <\/span><br \/>\n    <\/a><\/p><\/div>\n<div class=\"lk-zazitky-footer\">\n    <span class=\"lk-zazitky-discount\"><br \/>\n      \u2b50 5 % de descuento con el c\u00f3digo<br \/>\n      <span class=\"lk-zazitky-discount-code\">LOUDAVYMKROKEM5<\/span><br \/>\n    <\/span>\n  <\/div>\n<\/div>\n<h3 class=\"wp-block-heading\"><span class=\"ez-toc-section\" id=\"Cementerio_de_Vysehrad_y_panteon_Slavin\"><\/span><span class=\"ez-toc-section\" id=\"Cementerio_de_Vysehrad_y_panteon_Slavin\"><\/span>Cementerio de Vy\u0161ehrad y pante\u00f3n Slav\u00edn<span class=\"ez-toc-section-end\"><\/span><span class=\"ez-toc-section-end\"><\/span><\/h3>\n<p>Justo al lado de la bas\u00edlica se encuentra el cementerio de Vy\u0161ehrad, un lugar que podr\u00eda describirse como el pante\u00f3n de la cultura checa. Durante el renacimiento nacional en el siglo XIX, este antiguo cementerio parroquial se convirti\u00f3 en un prestigioso camposanto. La pieza arquitect\u00f3nica m\u00e1s destacada es el Slav\u00edn, un enorme mausoleo colectivo que reconocer\u00e1s por la escultura del genio alado en su c\u00faspide. Aqu\u00ed descansan Alfons Mucha, la soprano Ema Destinnov\u00e1 o el escultor Josef V\u00e1clav Myslbek. Al pasear por las estrechas callejuelas entre las l\u00e1pidas, Luk\u00e1\u0161 y yo solemos buscar nombres conocidos: encontrar\u00e1s la tumba de Anton\u00edn Dvo\u0159\u00e1k con un hermoso busto, la de Bed\u0159ich Smetana o el lugar de reposo de Karel \u010capek.<\/p>\n<p>El cementerio es de acceso gratuito todos los d\u00edas del a\u00f1o. En verano las puertas cierran a las <strong>18:00<\/strong>, y en los meses de invierno ya a las <strong>16:00<\/strong>, algo a tener en cuenta si planeas un paseo por la tarde. Siempre reina un silencio y un respeto absolutos, as\u00ed que nos encanta refugiarnos aqu\u00ed del bullicio de la ciudad. <strong>\ud83d\udca1 Consejo local:<\/strong> La tumba de Karel \u010capek no est\u00e1 en el Slav\u00edn central, sino en la parte trasera del cementerio (secci\u00f3n 12). Suele estar cubierta de peque\u00f1as piedras y l\u00e1pices que le dejan sus lectores.<\/p>\n<figure class=\"wp-block-image size-full\"><img loading=\"lazy\" decoding=\"async\" width=\"1200\" height=\"800\" src=\"https:\/\/loudavymkrokem.cz\/wp-content\/uploads\/2026\/04\/vysehrad-4311.jpg\" alt=\"Cementerio de Vy\u0161ehrad\" class=\"wp-image-151160\" title=\"\" srcset=\"https:\/\/loudavymkrokem.cz\/wp-content\/uploads\/2026\/04\/vysehrad-4311.jpg 1200w, https:\/\/loudavymkrokem.cz\/wp-content\/uploads\/2026\/04\/vysehrad-4311-300x200.jpg 300w, https:\/\/loudavymkrokem.cz\/wp-content\/uploads\/2026\/04\/vysehrad-4311-700x467.jpg 700w, https:\/\/loudavymkrokem.cz\/wp-content\/uploads\/2026\/04\/vysehrad-4311-768x512.jpg 768w, https:\/\/loudavymkrokem.cz\/wp-content\/uploads\/2026\/04\/vysehrad-4311-696x464.jpg 696w\" sizes=\"auto, (max-width: 1200px) 100vw, 1200px\"><figcaption class=\"wp-element-caption\">Cementerio de Vy\u0161ehrad<\/figcaption><\/figure>\n<h3 class=\"wp-block-heading\"><span class=\"ez-toc-section\" id=\"Rotonda_de_San_Martin\"><\/span><span class=\"ez-toc-section\" id=\"Rotonda_de_San_Martin\"><\/span>Rotonda de San Mart\u00edn<span class=\"ez-toc-section-end\"><\/span><span class=\"ez-toc-section-end\"><\/span><\/h3>\n<p>Al recorrer el recinto desde la Puerta de T\u00e1bor, te encontrar\u00e1s con una peque\u00f1a construcci\u00f3n circular que parece haber estado ah\u00ed desde siempre. La rotonda de San Mart\u00edn es la m\u00e1s antigua conservada en Praga y data de la segunda mitad del siglo XI. Ha sobrevivido a una cantidad enorme de cat\u00e1strofes, desde el saqueo durante las guerras husitas hasta \u00e9pocas en las que sirvi\u00f3 como polvor\u00edn o almac\u00e9n. Resulta fascinante contemplar una construcci\u00f3n rom\u00e1nica tan antigua en un estado relativamente intacto, especialmente cuando te das cuenta de que a pocos metros circulan coches modernos.<\/p>\n<p>La rotonda no suele estar abierta al p\u00fablico por dentro; solo se abre en ocasiones especiales o durante los oficios de la Iglesia Husita Checoslovaca. Sin embargo, el camino principal pasa justo por delante, as\u00ed que es imposible no verla. Se encuentra en la intersecci\u00f3n de caminos que llevan hacia las casamatas. <strong>\ud83d\udca1 Consejo local:<\/strong> Ac\u00e9rcate a la fachada por el lado derecho: sobre una de las ventanas todav\u00eda hay una bala de ca\u00f1\u00f3n empotrada en el muro, del a\u00f1o 1757, cuando el ej\u00e9rcito prusiano asedi\u00f3 Praga.<\/p>\n<figure class=\"wp-block-image size-full\"><img loading=\"lazy\" decoding=\"async\" width=\"1200\" height=\"800\" src=\"https:\/\/loudavymkrokem.cz\/wp-content\/uploads\/2026\/04\/vysehrad-4348.jpg\" alt=\"Rotonda de San Mart\u00edn en Vy\u0161ehrad\" class=\"wp-image-151168\" title=\"\" srcset=\"https:\/\/loudavymkrokem.cz\/wp-content\/uploads\/2026\/04\/vysehrad-4348.jpg 1200w, https:\/\/loudavymkrokem.cz\/wp-content\/uploads\/2026\/04\/vysehrad-4348-300x200.jpg 300w, https:\/\/loudavymkrokem.cz\/wp-content\/uploads\/2026\/04\/vysehrad-4348-700x467.jpg 700w, https:\/\/loudavymkrokem.cz\/wp-content\/uploads\/2026\/04\/vysehrad-4348-768x512.jpg 768w, https:\/\/loudavymkrokem.cz\/wp-content\/uploads\/2026\/04\/vysehrad-4348-696x464.jpg 696w\" sizes=\"auto, (max-width: 1200px) 100vw, 1200px\"><figcaption class=\"wp-element-caption\">Rotonda de San Mart\u00edn en Vy\u0161ehrad<\/figcaption><\/figure>\n<h3 class=\"wp-block-heading\"><span class=\"ez-toc-section\" id=\"Casamatas_de_Vysehrad_y_sala_Gorlice\"><\/span><span class=\"ez-toc-section\" id=\"Casamatas_de_Vysehrad_y_sala_Gorlice\"><\/span>Casamatas de Vy\u0161ehrad y sala Gorlice<span class=\"ez-toc-section-end\"><\/span><span class=\"ez-toc-section-end\"><\/span><\/h3>\n<p>Bajo las murallas barrocas de ladrillo que rodean todo Vy\u0161ehrad se esconde un sistema de pasadizos militares secretos del siglo XVII. Estas casamatas serv\u00edan para el desplazamiento r\u00e1pido y discreto de los soldados. La visita guiada por los oscuros, estrechos y ligeramente h\u00famedos corredores de ladrillo culmina en una enorme sala subterr\u00e1nea llamada Gorlice. Originalmente funcionaba como punto de reuni\u00f3n de tropas y almac\u00e9n de provisiones, pero hoy tiene una funci\u00f3n mucho m\u00e1s interesante: sirve como dep\u00f3sito de varios originales de las esculturas barrocas del Puente de Carlos, que tuvieron que ser sustituidas por copias a causa de la intemperie. Contemplar esas enormes esculturas de piedra arenisca en un espacio subterr\u00e1neo iluminado es una experiencia bastante intensa.<\/p>\n<p>La entrada a las casamatas est\u00e1 junto a la Puerta de Ladrillo (Ciheln\u00e1 br\u00e1na). Las visitas guiadas se realizan cada hora en punto y la entrada general cuesta unos <strong>5,50 \u20ac<\/strong>. Abierto a diario de <strong>9:30 a 17:00<\/strong> (en verano hasta las 18:00). Dentro hay una temperatura constante de unos <strong>15 \u00b0C<\/strong>. <strong>\ud83d\udca1 Consejo local:<\/strong> En verano ll\u00e9vate un jersey ligero aunque fuera haga treinta grados; despu\u00e9s de veinte minutos en la humedad subterr\u00e1nea empezar\u00e1s a tener fr\u00edo.<\/p>\n<figure class=\"wp-block-image size-full\"><img loading=\"lazy\" decoding=\"async\" width=\"1200\" height=\"800\" src=\"https:\/\/loudavymkrokem.cz\/wp-content\/uploads\/2026\/04\/vysehrad-4340.jpg\" alt=\"Murallas de la fortaleza de Vy\u0161ehrad\" class=\"wp-image-151163\" title=\"\" srcset=\"https:\/\/loudavymkrokem.cz\/wp-content\/uploads\/2026\/04\/vysehrad-4340.jpg 1200w, https:\/\/loudavymkrokem.cz\/wp-content\/uploads\/2026\/04\/vysehrad-4340-300x200.jpg 300w, https:\/\/loudavymkrokem.cz\/wp-content\/uploads\/2026\/04\/vysehrad-4340-700x467.jpg 700w, https:\/\/loudavymkrokem.cz\/wp-content\/uploads\/2026\/04\/vysehrad-4340-768x512.jpg 768w, https:\/\/loudavymkrokem.cz\/wp-content\/uploads\/2026\/04\/vysehrad-4340-696x464.jpg 696w\" sizes=\"auto, (max-width: 1200px) 100vw, 1200px\"><figcaption class=\"wp-element-caption\">Murallas de Vy\u0161ehrad<\/figcaption><\/figure>\n<h3 class=\"wp-block-heading\"><span class=\"ez-toc-section\" id=\"Murallas_vistas_y_leyendas_de_Libuse\"><\/span><span class=\"ez-toc-section\" id=\"Murallas_vistas_y_leyendas_de_Libuse\"><\/span>Murallas, vistas y leyendas de Libu\u0161e<span class=\"ez-toc-section-end\"><\/span><span class=\"ez-toc-section-end\"><\/span><\/h3>\n<p>Lo que convierte a Vy\u0161ehrad en un lugar tan frecuentado son sus imponentes murallas barrocas. Forman un circuito de dos kil\u00f3metros y medio por el que se puede pasear c\u00f3modamente, y ofrecen vistas a los cuatro puntos cardinales. La panor\u00e1mica m\u00e1s espectacular es la del basti\u00f3n suroeste mirando hacia el r\u00edo, Podol\u00ed y el Zl\u00edchov de enfrente. Desde el mirador junto a la galer\u00eda se abre la vista m\u00e1s ic\u00f3nica al Castillo de Praga por encima de los tejados de la Ciudad Nueva. A Vy\u0161ehrad se vinculan las leyendas de la princesa Libu\u0161e, quien supuestamente vaticin\u00f3 desde aqu\u00ed la gloria de Praga. Durante el paseo sobre el r\u00edo, f\u00edjate en las ruinas de una torre g\u00f3tica que asoma de la roca: se llama el Ba\u00f1o de Libu\u0161e, aunque hist\u00f3ricamente no tiene nada que ver con la legendaria princesa.<\/p>\n<p>En el c\u00e9sped del parque tambi\u00e9n se encuentran las llamadas Columnas del Diablo, tres fragmentos de una columna de granito que, seg\u00fan la leyenda, el diablo arroj\u00f3 aqu\u00ed tras perder una apuesta con el sacerdote local. El recinto de murallas y parques est\u00e1 abierto las 24 horas y es gratuito. <strong>\ud83d\udca1 Consejo local:<\/strong> Si quieres tranquilidad para hacer fotos con vistas al Moldava sin cabezas ajenas, ven un domingo por la ma\u00f1ana sobre las ocho: tendr\u00e1s las murallas pr\u00e1cticamente para ti y los paseadores de perros madrugadores.<\/p>\n<figure class=\"wp-block-image size-full\"><img loading=\"lazy\" decoding=\"async\" width=\"1200\" height=\"800\" src=\"https:\/\/loudavymkrokem.cz\/wp-content\/uploads\/2026\/04\/vysehrad-4316.jpg\" alt=\"Vistas panor\u00e1micas desde Vy\u0161ehrad Praga\" class=\"wp-image-151159\" title=\"\" srcset=\"https:\/\/loudavymkrokem.cz\/wp-content\/uploads\/2026\/04\/vysehrad-4316.jpg 1200w, https:\/\/loudavymkrokem.cz\/wp-content\/uploads\/2026\/04\/vysehrad-4316-300x200.jpg 300w, https:\/\/loudavymkrokem.cz\/wp-content\/uploads\/2026\/04\/vysehrad-4316-700x467.jpg 700w, https:\/\/loudavymkrokem.cz\/wp-content\/uploads\/2026\/04\/vysehrad-4316-768x512.jpg 768w, https:\/\/loudavymkrokem.cz\/wp-content\/uploads\/2026\/04\/vysehrad-4316-696x464.jpg 696w\" sizes=\"auto, (max-width: 1200px) 100vw, 1200px\"><figcaption class=\"wp-element-caption\">Vistas desde Vy\u0161ehrad<\/figcaption><\/figure>\n<h3 class=\"wp-block-heading\"><span class=\"ez-toc-section\" id=\"Con_ninos_en_Vysehrad_Parque_infantil_de_leyendas\"><\/span><span class=\"ez-toc-section\" id=\"Con_ninos_en_Vysehrad_Parque_infantil_de_leyendas\"><\/span>Con ni\u00f1os en Vy\u0161ehrad: Parque infantil de leyendas<span class=\"ez-toc-section-end\"><\/span><span class=\"ez-toc-section-end\"><\/span><\/h3>\n<p>Cuando estamos con Jon\u00e1\u0161 en Praga, los parques infantiles se han convertido en nuestra nueva parada obligatoria entre monumentos. El parque infantil de Vy\u0161ehrad, inspirado en las antiguas leyendas checas, se encuentra en una zona tranquila del parque, cerca de la rotonda de San Mart\u00edn, y est\u00e1 construido \u00edntegramente en madera maciza de acacia. Encontrar\u00e1s esculturas de madera del h\u00e9roe Bivoj con un jabal\u00ed, diversos toboganes y estructuras para trepar, casitas y columpios, todo integrado con delicadeza en el entorno bajo \u00e1rboles frondosos.<\/p>\n<p>El parque est\u00e1 vallado, algo que como madre de un ni\u00f1o peque\u00f1o al que le encanta salir corriendo en todas direcciones, agradezco enormemente. El suelo es de arena blanda y gravilla, y hay bancos de sobra para descansar. La entrada es, por supuesto, gratuita.<\/p>\n<figure class=\"wp-block-image size-full\"><img loading=\"lazy\" decoding=\"async\" width=\"1200\" height=\"800\" src=\"https:\/\/loudavymkrokem.cz\/wp-content\/uploads\/2026\/04\/vysehrad-4346.jpg\" alt=\"Parque infantil en Vy\u0161ehrad\" class=\"wp-image-151166\" title=\"\" srcset=\"https:\/\/loudavymkrokem.cz\/wp-content\/uploads\/2026\/04\/vysehrad-4346.jpg 1200w, https:\/\/loudavymkrokem.cz\/wp-content\/uploads\/2026\/04\/vysehrad-4346-300x200.jpg 300w, https:\/\/loudavymkrokem.cz\/wp-content\/uploads\/2026\/04\/vysehrad-4346-700x467.jpg 700w, https:\/\/loudavymkrokem.cz\/wp-content\/uploads\/2026\/04\/vysehrad-4346-768x512.jpg 768w, https:\/\/loudavymkrokem.cz\/wp-content\/uploads\/2026\/04\/vysehrad-4346-696x464.jpg 696w\" sizes=\"auto, (max-width: 1200px) 100vw, 1200px\"><figcaption class=\"wp-element-caption\">Parque infantil en Vy\u0161ehrad<\/figcaption><\/figure>\n<h2 class=\"wp-block-heading\"><span class=\"ez-toc-section\" id=\"Informacion_practica_para_tu_visita\"><\/span><span class=\"ez-toc-section\" id=\"Informacion_practica_para_tu_visita\"><\/span>Informaci\u00f3n pr\u00e1ctica para tu visita<span class=\"ez-toc-section-end\"><\/span><span class=\"ez-toc-section-end\"><\/span><\/h2>\n<p>Antes de ir a Vy\u0161ehrad, he recopilado unas cuantas informaciones pr\u00e1cticas sobre transporte, comida y entradas.<\/p>\n<p><strong>C\u00f3mo llegar:<\/strong> La forma m\u00e1s f\u00e1cil de acceder a Vy\u0161ehrad es en la l\u00ednea roja de metro C hasta la estaci\u00f3n Vy\u0161ehrad. Desde all\u00ed caminas unos 10 minutos en llano pasando por el Centro de Congresos hasta la Puerta de T\u00e1bor. Esta ruta es ideal para carritos de beb\u00e9 o personas con movilidad reducida. La segunda opci\u00f3n, algo m\u00e1s pintoresca, es llegar en tranv\u00eda (l\u00edneas 2, 3, 17 y 21) hasta la parada V\u00fdto\u0148 y subir la cuesta bordeando las murallas. Aunque la subida es considerable, las vistas al r\u00edo que se van abriendo compensan con creces. Si llegas desde Espa\u00f1a, Praga tiene excelentes conexiones a\u00e9reas desde Madrid y <a class=\"thirstylink\" rel=\"nofollow\" target=\"_blank\" title=\"Barcelona (booking)\" href=\"https:\/\/loudavymkrokem.cz\/es\/doporucujeme\/barcelona-booking\/\" data-shortcode=\"true\">Barcelona<\/a> con aerol\u00edneas como Vueling, Iberia o Ryanair. Un billete sencillo de <strong>30 minutos<\/strong> de transporte p\u00fablico cuesta <strong>1,20 \u20ac<\/strong>, y el de todo el d\u00eda unos <strong>6 \u20ac<\/strong>.<\/p>\n<p><strong>Comida y bebida:<\/strong> Dentro del recinto de Vy\u0161ehrad hay varias cafeter\u00edas y restaurantes donde puedes parar. Nosotros estuvimos hace poco tomando un trozo de tarta y un caf\u00e9, cuando nuestro hijo necesit\u00f3 imperiosamente merendar 30 minutos despu\u00e9s del desayuno.<\/p>\n<p><strong>Entradas y horarios:<\/strong> Como ya he mencionado, el recinto en s\u00ed (parques, caminos, murallas) est\u00e1 abierto las 24 horas y es gratuito. Solo se paga la entrada a edificios concretos:<\/p>\n<ul class=\"wp-block-list\">\n<li>Bas\u00edlica de San Pedro y San Pablo: aprox. 5 \u20ac (a diario; domingos abierta a turistas a partir de las 12:00)<\/li>\n<li>Casamatas y Gorlice: aprox. 5,50 \u20ac (a diario de 9:30 a 17:00\/18:00)<\/li>\n<li>Cementerio de Vy\u0161ehrad: gratuito (abierto a diario; cierra a las 16:00 o 18:00 seg\u00fan temporada).<\/li>\n<\/ul>\n<figure class=\"wp-block-image size-full\"><img loading=\"lazy\" decoding=\"async\" width=\"1200\" height=\"800\" src=\"https:\/\/loudavymkrokem.cz\/wp-content\/uploads\/2026\/04\/vysehrad-4349.jpg\" alt=\"Cafeter\u00eda en Vy\u0161ehrad\" class=\"wp-image-151169\" title=\"\" srcset=\"https:\/\/loudavymkrokem.cz\/wp-content\/uploads\/2026\/04\/vysehrad-4349.jpg 1200w, https:\/\/loudavymkrokem.cz\/wp-content\/uploads\/2026\/04\/vysehrad-4349-300x200.jpg 300w, https:\/\/loudavymkrokem.cz\/wp-content\/uploads\/2026\/04\/vysehrad-4349-700x467.jpg 700w, https:\/\/loudavymkrokem.cz\/wp-content\/uploads\/2026\/04\/vysehrad-4349-768x512.jpg 768w, https:\/\/loudavymkrokem.cz\/wp-content\/uploads\/2026\/04\/vysehrad-4349-696x464.jpg 696w\" sizes=\"auto, (max-width: 1200px) 100vw, 1200px\"><figcaption class=\"wp-element-caption\">Cafeter\u00eda Bystro en Vy\u0161ehrad<\/figcaption><\/figure>\n<h2 class=\"wp-block-heading\"><span class=\"ez-toc-section\" id=\"Mas_articulos_sobre_Praga\"><\/span><span class=\"ez-toc-section\" id=\"Mas_articulos_sobre_Praga\"><\/span>M\u00e1s art\u00edculos sobre Praga<span class=\"ez-toc-section-end\"><\/span><span class=\"ez-toc-section-end\"><\/span><\/h2>\n<ul class=\"wp-block-list\">\n<li>\u00bfEst\u00e1s preparando tu itinerario completo? Lee mi gran gu\u00eda <a href=\"https:\/\/loudavymkrokem.cz\/es\/que-ver-en-praga\/\">Qu\u00e9 ver en Praga<\/a>, donde encontrar\u00e1s decenas de consejos fuera de las rutas tur\u00edsticas habituales.<\/li>\n<li>Si quieres comparar el tranquilo Vy\u0161ehrad con su hermano mayor y m\u00e1s famoso, echa un vistazo al art\u00edculo sobre el <a href=\"https:\/\/loudavymkrokem.cz\/es\/?p=141633\">Castillo de Praga<\/a>.<\/li>\n<li>\u00bfViajas con ni\u00f1os peque\u00f1os? Entonces te vendr\u00e1 muy bien la gu\u00eda especial <a href=\"https:\/\/loudavymkrokem.cz\/es\/praga-ninos-planes-ludotecas\/\">Qu\u00e9 hacer con un beb\u00e9 en Praga<\/a>, donde comparto nuestros parques infantiles favoritos y cafeter\u00edas baby-friendly.<\/li>\n<\/ul>\n<h2 class=\"wp-block-heading\"><span class=\"ez-toc-section\" id=\"Preguntas_frecuentes\"><\/span><span class=\"ez-toc-section\" id=\"Preguntas_frecuentes\"><\/span>Preguntas frecuentes<span class=\"ez-toc-section-end\"><\/span><span class=\"ez-toc-section-end\"><\/span><\/h2>\n<div id=\"rank-math-faq\" class=\"rank-math-block\">\n<div class=\"rank-math-list \">\n<div id=\"faq-question-1777055066991\" class=\"rank-math-list-item\">\n<h3 class=\"rank-math-question \"><span class=\"ez-toc-section\" id=\"%C2%BFLa_entrada_a_Vysehrad_es_de_pago\"><\/span><span class=\"ez-toc-section\" id=\"La_entrada_a_Vysehrad_es_de_pago\"><\/span><strong>\u00bfLa entrada a Vy\u0161ehrad es de pago?<\/strong><span class=\"ez-toc-section-end\"><\/span><span class=\"ez-toc-section-end\"><\/span><\/h3>\n<div class=\"rank-math-answer \">\n<p>No, la entrada a todo el recinto al aire libre, las murallas y los parques es completamente gratuita. Solo se paga si quieres acceder al interior de la bas\u00edlica, a las casamatas subterr\u00e1neas o a la galer\u00eda.<\/p>\n<\/div>\n<\/div>\n<div id=\"faq-question-1777055079043\" class=\"rank-math-list-item\">\n<h3 class=\"rank-math-question \"><span class=\"ez-toc-section\" id=\"%C2%BFPuedo_llevar_a_mi_perro_a_Vysehrad\"><\/span><span class=\"ez-toc-section\" id=\"Puedo_llevar_a_mi_perro_a_Vysehrad\"><\/span><strong>\u00bfPuedo llevar a mi perro a Vy\u0161ehrad?<\/strong> <span class=\"ez-toc-section-end\"><\/span><span class=\"ez-toc-section-end\"><\/span><\/h3>\n<div class=\"rank-math-answer \">\n<p>S\u00ed, Vy\u0161ehrad es muy popular entre los due\u00f1os de perros locales. Eso s\u00ed, los perros deben ir con correa dentro del recinto (es monumento cultural nacional) y no pueden entrar en el parque infantil ni en el cementerio.<\/p>\n<\/div>\n<\/div>\n<div id=\"faq-question-1777055083751\" class=\"rank-math-list-item\">\n<h3 class=\"rank-math-question \"><span class=\"ez-toc-section\" id=\"%C2%BFEs_Vysehrad_accesible_para_carritos_y_sillas_de_ruedas\"><\/span><span class=\"ez-toc-section\" id=\"Es_Vysehrad_accesible_para_carritos_y_sillas_de_ruedas\"><\/span><strong>\u00bfEs Vy\u0161ehrad accesible para carritos y sillas de ruedas?<\/strong><span class=\"ez-toc-section-end\"><\/span><span class=\"ez-toc-section-end\"><\/span><\/h3>\n<div class=\"rank-math-answer \">\n<p>Sin duda. Si llegas en metro C a la estaci\u00f3n Vy\u0161ehrad, todo el camino hasta la bas\u00edlica y el recorrido principal por las murallas discurre por caminos asfaltados y llanos, sin escalones. Solo algunos senderos laterales tienen adoquines.<\/p>\n<\/div>\n<\/div>\n<div id=\"faq-question-1777055092052\" class=\"rank-math-list-item\">\n<h3 class=\"rank-math-question \"><span class=\"ez-toc-section\" id=\"%C2%BFCuanto_tiempo_se_necesita_para_visitar_Vysehrad\"><\/span><span class=\"ez-toc-section\" id=\"Cuanto_tiempo_se_necesita_para_visitar_Vysehrad\"><\/span><strong>\u00bfCu\u00e1nto tiempo se necesita para visitar Vy\u0161ehrad?<\/strong><span class=\"ez-toc-section-end\"><\/span><span class=\"ez-toc-section-end\"><\/span><\/h3>\n<div class=\"rank-math-answer \">\n<p>Para un paseo tranquilo con vistas desde las murallas y una visita al cementerio, recomiendo reservar de 2 a 3 horas. Si adem\u00e1s quieres entrar en los monumentos y comer por la zona, puedes pasar f\u00e1cilmente media jornada.<\/p>\n<\/div>\n<\/div>\n<div id=\"faq-question-1777055100734\" class=\"rank-math-list-item\">\n<h3 class=\"rank-math-question \"><span class=\"ez-toc-section\" id=\"%C2%BFDonde_se_puede_aparcar_cerca_de_Vysehrad\"><\/span><span class=\"ez-toc-section\" id=\"Donde_se_puede_aparcar_cerca_de_Vysehrad\"><\/span><strong>\u00bfD\u00f3nde se puede aparcar cerca de Vy\u0161ehrad?<\/strong> <span class=\"ez-toc-section-end\"><\/span><span class=\"ez-toc-section-end\"><\/span><\/h3>\n<div class=\"rank-math-answer \">\n<p>Lo mejor es dejar el coche en las zonas de pago (zonas violetas) cerca de la estaci\u00f3n de metro Vy\u0161ehrad o abajo en Podol\u00ed, junto a la maternidad, y hacer el resto a pie.<\/p>\n<\/div>\n<\/div>\n<div id=\"faq-question-1777055115685\" class=\"rank-math-list-item\">\n<h3 class=\"rank-math-question \"><span class=\"ez-toc-section\" id=\"%C2%BFSe_puede_entrar_en_la_rotonda_de_San_Martin\"><\/span><span class=\"ez-toc-section\" id=\"Se_puede_entrar_en_la_rotonda_de_San_Martin\"><\/span><strong>\u00bfSe puede entrar en la rotonda de San Mart\u00edn?<\/strong><span class=\"ez-toc-section-end\"><\/span><span class=\"ez-toc-section-end\"><\/span><\/h3>\n<div class=\"rank-math-answer \">\n<p>No habitualmente. La rotonda est\u00e1 cerrada al p\u00fablico la mayor parte del a\u00f1o por motivos de conservaci\u00f3n y seguridad; solo se puede ver desde fuera a trav\u00e9s de una valla. Se abre excepcionalmente, por ejemplo durante la Noche de las Iglesias o las Jornadas del Patrimonio Europeo.<\/p>\n<\/div>\n<\/div>\n<\/div>\n<\/div>\n","protected":false},"excerpt":{"rendered":"<p>Vy\u0161ehrad es uno de mis rincones favoritos de Praga: tranquilo, sin aglomeraciones y con las mejores vistas panor\u00e1micas de la ciudad.<\/p>\n","protected":false},"author":3,"featured_media":151159,"comment_status":"open","ping_status":"open","sticky":false,"template":"","format":"standard","meta":{"footnotes":"","rank_math_title":"","rank_math_description":"","rank_math_focus_keyword":"","rank_math_seo_score":""},"categories":[996,1034],"tags":[],"class_list":{"0":"post-151247","1":"post","2":"type-post","3":"status-publish","4":"format-standard","5":"has-post-thumbnail","7":"category-europa","8":"category-republica-checa"},"featured_image_src":"https:\/\/loudavymkrokem.cz\/wp-content\/uploads\/2026\/04\/vysehrad-4316.jpg","author_info":{"display_name":"Lucie Kone\u010dn\u00e1","author_link":"https:\/\/loudavymkrokem.cz\/es\/author\/lucie-konecna\/"},"_links":{"self":[{"href":"https:\/\/loudavymkrokem.cz\/es\/wp-json\/wp\/v2\/posts\/151247","targetHints":{"allow":["GET"]}}],"collection":[{"href":"https:\/\/loudavymkrokem.cz\/es\/wp-json\/wp\/v2\/posts"}],"about":[{"href":"https:\/\/loudavymkrokem.cz\/es\/wp-json\/wp\/v2\/types\/post"}],"author":[{"embeddable":true,"href":"https:\/\/loudavymkrokem.cz\/es\/wp-json\/wp\/v2\/users\/3"}],"replies":[{"embeddable":true,"href":"https:\/\/loudavymkrokem.cz\/es\/wp-json\/wp\/v2\/comments?post=151247"}],"version-history":[{"count":1,"href":"https:\/\/loudavymkrokem.cz\/es\/wp-json\/wp\/v2\/posts\/151247\/revisions"}],"predecessor-version":[{"id":151589,"href":"https:\/\/loudavymkrokem.cz\/es\/wp-json\/wp\/v2\/posts\/151247\/revisions\/151589"}],"wp:featuredmedia":[{"embeddable":true,"href":"https:\/\/loudavymkrokem.cz\/es\/wp-json\/wp\/v2\/media\/151159"}],"wp:attachment":[{"href":"https:\/\/loudavymkrokem.cz\/es\/wp-json\/wp\/v2\/media?parent=151247"}],"wp:term":[{"taxonomy":"category","embeddable":true,"href":"https:\/\/loudavymkrokem.cz\/es\/wp-json\/wp\/v2\/categories?post=151247"},{"taxonomy":"post_tag","embeddable":true,"href":"https:\/\/loudavymkrokem.cz\/es\/wp-json\/wp\/v2\/tags?post=151247"}],"curies":[{"name":"wp","href":"https:\/\/api.w.org\/{rel}","templated":true}]}}