{"id":134315,"date":"2026-08-27T09:10:24","date_gmt":"2026-08-27T07:10:24","guid":{"rendered":"https:\/\/loudavymkrokem.cz\/?p=134315"},"modified":"2026-09-02T05:39:00","modified_gmt":"2026-09-02T03:39:00","slug":"vacaciones-mayo-mejores-destinos","status":"publish","type":"post","link":"https:\/\/loudavymkrokem.cz\/es\/vacaciones-mayo-mejores-destinos\/","title":{"rendered":"Vacaciones en mayo: 25 ideas de playa, islas y monta\u00f1a"},"content":{"rendered":"\n<!-- lk-tldr -->\n<div class=\"lk-tldr\" style=\"background:#f7f5f0;border-left:4px solid #c39f76;border-radius:0 10px 10px 0;padding:14px 18px;margin:0 0 26px;font-size:15px;line-height:1.65;\"><strong style=\"display:block;font-size:12px;text-transform:uppercase;letter-spacing:.06em;color:#a9885a;margin-bottom:5px;\">TL;DR<\/strong>Para tus vacaciones en mayo hay 24 destinos que van desde mares c\u00e1lidos hasta metr\u00f3polis culturales. Para ba\u00f1arte de verdad te esperan <strong>Egipto<\/strong> con agua a 24 \u00b0C en el mar Rojo, <strong>Bali<\/strong> con mar a 29 \u00b0C o las <strong>Seychelles<\/strong> a 29 \u00b0C, mientras que Chipre ofrece 21 \u00b0C y las Islas Canarias 20 \u00b0C. Los amantes de la cultura y del clima suave disfrutar\u00e1n de Roma, Florencia y Venecia en Italia (22\u201325 \u00b0C), Par\u00eds y la Riviera Francesa, Viena y Salzburgo en Austria (18\u201322 \u00b0C) o <strong>Jap\u00f3n<\/strong> con azaleas en flor y temperaturas de 18\u201324 \u00b0C. Entre las propuestas menos habituales est\u00e1n Albania con las playas de Ksamil y Saranda, Groenlandia con el fiordo glaciar de Ilulissat o el desierto de Wahiba Sands en Om\u00e1n. Seg\u00fan el art\u00edculo, entre los destinos m\u00e1s baratos est\u00e1n Albania, Bulgaria, Macedonia del Norte o Marruecos, mientras que para viajar con ni\u00f1os son ideales Chipre, Creta, Mallorca o las Islas Canarias.<\/div>\n<!-- \/lk-tldr -->\n\n\n\n<!-- lk-navbar -->\n<div class=\"lk-navbar\" style=\"margin:0 0 28px;\"><div style=\"font-size:12px;text-transform:uppercase;letter-spacing:.06em;color:#a9885a;font-weight:700;margin-bottom:9px;\">Enlaces r\u00e1pidos<\/div><div style=\"display:flex;flex-wrap:wrap;gap:9px;\"><a href=\"#lk-stays\" style=\"background:#c39f76;color:#fff;border:1px solid #c39f76;padding:9px 15px;border-radius:22px;font-size:14px;font-weight:700;text-decoration:none;display:inline-block;line-height:1;\">\ud83d\udccd D\u00f3nde dormir<\/a><a href=\"#24_tipu_kam_na_dovolenou_v_kvetnu\" style=\"background:#fff;color:#6b5a44;border:1px solid #e2d6c1;padding:9px 15px;border-radius:22px;font-size:14px;font-weight:600;text-decoration:none;display:inline-block;line-height:1;\">\ud83d\udca1 Ideas<\/a><a href=\"#Casto_kladene_otazky\" style=\"background:#fff;color:#6b5a44;border:1px solid #e2d6c1;padding:9px 15px;border-radius:22px;font-size:14px;font-weight:600;text-decoration:none;display:inline-block;line-height:1;\">\u2753 FAQ<\/a><\/div><\/div>\n<!-- \/lk-navbar -->\n\n\n\n\n<p class=\"wp-block-paragraph\">Mayo es el mes en el que la naturaleza despierta en todo su esplendor, las temperaturas son agradables y los destinos vacacionales todav\u00eda no est\u00e1n abarrotados de turistas. <strong>Si est\u00e1s planeando tus vacaciones en mayo, tienes una ampl\u00edsima variedad de opciones, desde c\u00e1lidas localidades costeras hasta metr\u00f3polis culturales o zonas de monta\u00f1a.<\/strong><\/p>\n\n\n\n<p class=\"wp-block-paragraph\">Mientras que en algunos lugares ya puedes disfrutar de un buen ba\u00f1o en el mar, en otros te esperan jardines en flor, monumentos hist\u00f3ricos o naturaleza salvaje sin aglomeraciones. <strong>Vamos a echar un vistazo a los mejores destinos para tus vacaciones en mayo.<\/strong><\/p>\n\n\n\n<figure data-wp-context=\"{&quot;imageId&quot;:&quot;6a9afccb9d6f9&quot;}\" data-wp-interactive=\"core\/image\" data-wp-key=\"6a9afccb9d6f9\" class=\"wp-block-image size-full wp-lightbox-container\"><img decoding=\"async\" width=\"1200\" height=\"630\" data-wp-class--hide=\"state.isContentHidden\" data-wp-class--show=\"state.isContentVisible\" data-wp-init=\"callbacks.setButtonStyles\" data-wp-on--click=\"actions.showLightbox\" data-wp-on--load=\"callbacks.setButtonStyles\" data-wp-on--pointerdown=\"actions.preloadImage\" data-wp-on--pointerenter=\"actions.preloadImageWithDelay\" data-wp-on--pointerleave=\"actions.cancelPreload\" data-wp-on-window--resize=\"callbacks.setButtonStyles\" src=\"https:\/\/loudavymkrokem.cz\/wp-content\/uploads\/2025\/02\/dovolena-kveten.jpg\" alt=\"Vacaciones en mayo\" class=\"wp-image-93909\" title=\"\" srcset=\"https:\/\/loudavymkrokem.cz\/wp-content\/uploads\/2025\/02\/dovolena-kveten.jpg 1200w, https:\/\/loudavymkrokem.cz\/wp-content\/uploads\/2025\/02\/dovolena-kveten-300x158.jpg 300w, https:\/\/loudavymkrokem.cz\/wp-content\/uploads\/2025\/02\/dovolena-kveten-700x368.jpg 700w, https:\/\/loudavymkrokem.cz\/wp-content\/uploads\/2025\/02\/dovolena-kveten-768x403.jpg 768w, https:\/\/loudavymkrokem.cz\/wp-content\/uploads\/2025\/02\/dovolena-kveten-696x365.jpg 696w\" sizes=\"(max-width: 1200px) 100vw, 1200px\" \/><button\n\t\t\tclass=\"lightbox-trigger\"\n\t\t\ttype=\"button\"\n\t\t\taria-haspopup=\"dialog\"\n\t\t\tdata-wp-bind--aria-label=\"state.thisImage.triggerButtonAriaLabel\"\n\t\t\tdata-wp-init=\"callbacks.initTriggerButton\"\n\t\t\tdata-wp-on--click=\"actions.showLightbox\"\n\t\t\tdata-wp-style--right=\"state.thisImage.buttonRight\"\n\t\t\tdata-wp-style--top=\"state.thisImage.buttonTop\"\n\t\t>\n\t\t\t<svg xmlns=\"http:\/\/www.w3.org\/2000\/svg\" width=\"12\" height=\"12\" fill=\"none\" viewBox=\"0 0 12 12\">\n\t\t\t\t<path fill=\"#fff\" d=\"M2 0a2 2 0 0 0-2 2v2h1.5V2a.5.5 0 0 1 .5-.5h2V0H2Zm2 10.5H2a.5.5 0 0 1-.5-.5V8H0v2a2 2 0 0 0 2 2h2v-1.5ZM8 12v-1.5h2a.5.5 0 0 0 .5-.5V8H12v2a2 2 0 0 1-2 2H8Zm2-12a2 2 0 0 1 2 2v2h-1.5V2a.5.5 0 0 0-.5-.5H8V0h2Z\" \/>\n\t\t\t<\/svg>\n\t\t<\/button><figcaption class=\"wp-element-caption\">Vacaciones en mayo<\/figcaption><\/figure>\n\n\n\n<p class=\"wp-block-paragraph\">\n\n\n\n<div id=\"ez-toc-container\" class=\"ez-toc-v2_0_87 ez-toc-wrap-left counter-hierarchy ez-toc-counter ez-toc-grey ez-toc-container-direction\">\n<div class=\"ez-toc-title-container\">\n<p class=\"ez-toc-title\" style=\"cursor:inherit\">Contenido del art\u00edculo<\/p>\n<span class=\"ez-toc-title-toggle\"><a href=\"#\" class=\"ez-toc-pull-right ez-toc-btn ez-toc-btn-xs ez-toc-btn-default ez-toc-toggle\" aria-label=\"Alternar tabla de contenidos\"><span class=\"ez-toc-js-icon-con\"><span class=\"\"><span class=\"eztoc-hide\" style=\"display:none;\">Toggle<\/span><span class=\"ez-toc-icon-toggle-span\"><svg style=\"fill: #999;color:#999\" xmlns=\"http:\/\/www.w3.org\/2000\/svg\" class=\"list-377408\" width=\"20px\" height=\"20px\" viewBox=\"0 0 24 24\" fill=\"none\"><path d=\"M6 6H4v2h2V6zm14 0H8v2h12V6zM4 11h2v2H4v-2zm16 0H8v2h12v-2zM4 16h2v2H4v-2zm16 0H8v2h12v-2z\" fill=\"currentColor\"><\/path><\/svg><svg style=\"fill: #999;color:#999\" class=\"arrow-unsorted-368013\" xmlns=\"http:\/\/www.w3.org\/2000\/svg\" width=\"10px\" height=\"10px\" viewBox=\"0 0 24 24\" version=\"1.2\" baseProfile=\"tiny\"><path d=\"M18.2 9.3l-6.2-6.3-6.2 6.3c-.2.2-.3.4-.3.7s.1.5.3.7c.2.2.4.3.7.3h11c.3 0 .5-.1.7-.3.2-.2.3-.5.3-.7s-.1-.5-.3-.7zM5.8 14.7l6.2 6.3 6.2-6.3c.2-.2.3-.5.3-.7s-.1-.5-.3-.7c-.2-.2-.4-.3-.7-.3h-11c-.3 0-.5.1-.7.3-.2.2-.3.5-.3.7s.1.5.3.7z\"\/><\/svg><\/span><\/span><\/span><\/a><\/span><\/div>\n<nav><ul class='ez-toc-list ez-toc-list-level-1 ' ><li class='ez-toc-page-1 ez-toc-heading-level-2'><a class=\"ez-toc-link ez-toc-heading-1\" href=\"https:\/\/loudavymkrokem.cz\/es\/vacaciones-mayo-mejores-destinos\/#24_ideas_de_donde_ir_de_vacaciones_en_mayo\" >24 ideas de d\u00f3nde ir de vacaciones en mayo<\/a><ul class='ez-toc-list-level-3' ><li class='ez-toc-heading-level-3'><a class=\"ez-toc-link ez-toc-heading-2\" href=\"https:\/\/loudavymkrokem.cz\/es\/vacaciones-mayo-mejores-destinos\/#Egipto\" >Egipto<\/a><\/li><li class='ez-toc-page-1 ez-toc-heading-level-3'><a class=\"ez-toc-link ez-toc-heading-3\" href=\"https:\/\/loudavymkrokem.cz\/es\/vacaciones-mayo-mejores-destinos\/#Turquia\" >Turqu\u00eda<\/a><\/li><li class='ez-toc-page-1 ez-toc-heading-level-3'><a class=\"ez-toc-link ez-toc-heading-4\" href=\"https:\/\/loudavymkrokem.cz\/es\/vacaciones-mayo-mejores-destinos\/#Islas_Canarias\" >Islas Canarias<\/a><\/li><li class='ez-toc-page-1 ez-toc-heading-level-3'><a class=\"ez-toc-link ez-toc-heading-5\" href=\"https:\/\/loudavymkrokem.cz\/es\/vacaciones-mayo-mejores-destinos\/#Chipre\" >Chipre<\/a><\/li><li class='ez-toc-page-1 ez-toc-heading-level-3'><a class=\"ez-toc-link ez-toc-heading-6\" href=\"https:\/\/loudavymkrokem.cz\/es\/vacaciones-mayo-mejores-destinos\/#Cabo_Verde\" >Cabo Verde<\/a><\/li><li class='ez-toc-page-1 ez-toc-heading-level-3'><a class=\"ez-toc-link ez-toc-heading-7\" href=\"https:\/\/loudavymkrokem.cz\/es\/vacaciones-mayo-mejores-destinos\/#China\" >China<\/a><\/li><li class='ez-toc-page-1 ez-toc-heading-level-3'><a class=\"ez-toc-link ez-toc-heading-8\" href=\"https:\/\/loudavymkrokem.cz\/es\/vacaciones-mayo-mejores-destinos\/#Japon\" >Jap\u00f3n<\/a><\/li><li class='ez-toc-page-1 ez-toc-heading-level-3'><a class=\"ez-toc-link ez-toc-heading-9\" href=\"https:\/\/loudavymkrokem.cz\/es\/vacaciones-mayo-mejores-destinos\/#Francia\" >Francia<\/a><\/li><li class='ez-toc-page-1 ez-toc-heading-level-3'><a class=\"ez-toc-link ez-toc-heading-10\" href=\"https:\/\/loudavymkrokem.cz\/es\/vacaciones-mayo-mejores-destinos\/#Italia\" >Italia<\/a><\/li><li class='ez-toc-page-1 ez-toc-heading-level-3'><a class=\"ez-toc-link ez-toc-heading-11\" href=\"https:\/\/loudavymkrokem.cz\/es\/vacaciones-mayo-mejores-destinos\/#Austria\" >Austria<\/a><\/li><li class='ez-toc-page-1 ez-toc-heading-level-3'><a class=\"ez-toc-link ez-toc-heading-12\" href=\"https:\/\/loudavymkrokem.cz\/es\/vacaciones-mayo-mejores-destinos\/#Alemania\" >Alemania<\/a><\/li><li class='ez-toc-page-1 ez-toc-heading-level-3'><a class=\"ez-toc-link ez-toc-heading-13\" href=\"https:\/\/loudavymkrokem.cz\/es\/vacaciones-mayo-mejores-destinos\/#Eslovenia\" >Eslovenia<\/a><\/li><li class='ez-toc-page-1 ez-toc-heading-level-3'><a class=\"ez-toc-link ez-toc-heading-14\" href=\"https:\/\/loudavymkrokem.cz\/es\/vacaciones-mayo-mejores-destinos\/#Groenlandia\" >Groenlandia<\/a><\/li><li class='ez-toc-page-1 ez-toc-heading-level-3'><a class=\"ez-toc-link ez-toc-heading-15\" href=\"https:\/\/loudavymkrokem.cz\/es\/vacaciones-mayo-mejores-destinos\/#Taiwan\" >Taiw\u00e1n<\/a><\/li><li class='ez-toc-page-1 ez-toc-heading-level-3'><a class=\"ez-toc-link ez-toc-heading-16\" href=\"https:\/\/loudavymkrokem.cz\/es\/vacaciones-mayo-mejores-destinos\/#Albania\" >Albania<\/a><\/li><li class='ez-toc-page-1 ez-toc-heading-level-3'><a class=\"ez-toc-link ez-toc-heading-17\" href=\"https:\/\/loudavymkrokem.cz\/es\/vacaciones-mayo-mejores-destinos\/#Bali\" >Bali<\/a><\/li><li class='ez-toc-page-1 ez-toc-heading-level-3'><a class=\"ez-toc-link ez-toc-heading-18\" href=\"https:\/\/loudavymkrokem.cz\/es\/vacaciones-mayo-mejores-destinos\/#Grecia\" >Grecia<\/a><\/li><li class='ez-toc-page-1 ez-toc-heading-level-3'><a class=\"ez-toc-link ez-toc-heading-19\" href=\"https:\/\/loudavymkrokem.cz\/es\/vacaciones-mayo-mejores-destinos\/#Oman\" >Om\u00e1n<\/a><\/li><li class='ez-toc-page-1 ez-toc-heading-level-3'><a class=\"ez-toc-link ez-toc-heading-20\" href=\"https:\/\/loudavymkrokem.cz\/es\/vacaciones-mayo-mejores-destinos\/#Seychelles\" >Seychelles<\/a><\/li><li class='ez-toc-page-1 ez-toc-heading-level-3'><a class=\"ez-toc-link ez-toc-heading-21\" href=\"https:\/\/loudavymkrokem.cz\/es\/vacaciones-mayo-mejores-destinos\/#Emiratos_Arabes_Unidos\" >Emiratos \u00c1rabes Unidos<\/a><\/li><li class='ez-toc-page-1 ez-toc-heading-level-3'><a class=\"ez-toc-link ez-toc-heading-22\" href=\"https:\/\/loudavymkrokem.cz\/es\/vacaciones-mayo-mejores-destinos\/#Paises_Bajos\" >Pa\u00edses Bajos<\/a><\/li><li class='ez-toc-page-1 ez-toc-heading-level-3'><a class=\"ez-toc-link ez-toc-heading-23\" href=\"https:\/\/loudavymkrokem.cz\/es\/vacaciones-mayo-mejores-destinos\/#Marruecos\" >Marruecos<\/a><\/li><li class='ez-toc-page-1 ez-toc-heading-level-3'><a class=\"ez-toc-link ez-toc-heading-24\" href=\"https:\/\/loudavymkrokem.cz\/es\/vacaciones-mayo-mejores-destinos\/#Portugal\" >Portugal<\/a><\/li><li class='ez-toc-page-1 ez-toc-heading-level-3'><a class=\"ez-toc-link ez-toc-heading-25\" href=\"https:\/\/loudavymkrokem.cz\/es\/vacaciones-mayo-mejores-destinos\/#Madeira\" >Madeira<\/a><\/li><\/ul><\/li><li class='ez-toc-page-1 ez-toc-heading-level-2'><a class=\"ez-toc-link ez-toc-heading-26\" href=\"https:\/\/loudavymkrokem.cz\/es\/vacaciones-mayo-mejores-destinos\/#Donde_hace_mas_calor_en_mayo_tabla_de_temperaturas_del_mar\" >D\u00f3nde hace m\u00e1s calor en mayo: tabla de temperaturas del mar<\/a><\/li><li class='ez-toc-page-1 ez-toc-heading-level-2'><a class=\"ez-toc-link ez-toc-heading-27\" href=\"https:\/\/loudavymkrokem.cz\/es\/vacaciones-mayo-mejores-destinos\/#Donde_ir_en_mayo_al_mar_en_coche_el_Adriatico_y_alrededores\" >D\u00f3nde ir en mayo al mar en coche: el Adri\u00e1tico y alrededores<\/a><ul class='ez-toc-list-level-3' ><li class='ez-toc-heading-level-3'><a class=\"ez-toc-link ez-toc-heading-28\" href=\"https:\/\/loudavymkrokem.cz\/es\/vacaciones-mayo-mejores-destinos\/#Croacia_Istria_y_Dalmacia\" >Croacia: Istria y Dalmacia<\/a><\/li><li class='ez-toc-page-1 ez-toc-heading-level-3'><a class=\"ez-toc-link ez-toc-heading-29\" href=\"https:\/\/loudavymkrokem.cz\/es\/vacaciones-mayo-mejores-destinos\/#Montenegro\" >Montenegro<\/a><\/li><li class='ez-toc-page-1 ez-toc-heading-level-3'><a class=\"ez-toc-link ez-toc-heading-30\" href=\"https:\/\/loudavymkrokem.cz\/es\/vacaciones-mayo-mejores-destinos\/#Italia_Adriatico_Apulia_y_Amalfi\" >Italia: Adri\u00e1tico, Apulia y Amalfi<\/a><\/li><li class='ez-toc-page-1 ez-toc-heading-level-3'><a class=\"ez-toc-link ez-toc-heading-31\" href=\"https:\/\/loudavymkrokem.cz\/es\/vacaciones-mayo-mejores-destinos\/#Bulgaria\" >Bulgaria<\/a><\/li><\/ul><\/li><li class='ez-toc-page-1 ez-toc-heading-level-2'><a class=\"ez-toc-link ez-toc-heading-32\" href=\"https:\/\/loudavymkrokem.cz\/es\/vacaciones-mayo-mejores-destinos\/#Donde_ir_en_mayo_a_las_islas_del_Mediterraneo\" >D\u00f3nde ir en mayo a las islas del Mediterr\u00e1neo<\/a><ul class='ez-toc-list-level-3' ><li class='ez-toc-heading-level-3'><a class=\"ez-toc-link ez-toc-heading-33\" href=\"https:\/\/loudavymkrokem.cz\/es\/vacaciones-mayo-mejores-destinos\/#Malta_y_Gozo\" >Malta y Gozo<\/a><\/li><li class='ez-toc-page-1 ez-toc-heading-level-3'><a class=\"ez-toc-link ez-toc-heading-34\" href=\"https:\/\/loudavymkrokem.cz\/es\/vacaciones-mayo-mejores-destinos\/#Cerdena\" >Cerde\u00f1a<\/a><\/li><li class='ez-toc-page-1 ez-toc-heading-level-3'><a class=\"ez-toc-link ez-toc-heading-35\" href=\"https:\/\/loudavymkrokem.cz\/es\/vacaciones-mayo-mejores-destinos\/#Corcega\" >C\u00f3rcega<\/a><\/li><li class='ez-toc-page-1 ez-toc-heading-level-3'><a class=\"ez-toc-link ez-toc-heading-36\" href=\"https:\/\/loudavymkrokem.cz\/es\/vacaciones-mayo-mejores-destinos\/#Baleares_Mallorca_y_Menorca\" >Baleares: Mallorca y Menorca<\/a><\/li><\/ul><\/li><li class='ez-toc-page-1 ez-toc-heading-level-2'><a class=\"ez-toc-link ez-toc-heading-37\" href=\"https:\/\/loudavymkrokem.cz\/es\/vacaciones-mayo-mejores-destinos\/#Donde_ir_en_mayo_a_la_montana_y_a_la_naturaleza\" >D\u00f3nde ir en mayo a la monta\u00f1a y a la naturaleza<\/a><ul class='ez-toc-list-level-3' ><li class='ez-toc-heading-level-3'><a class=\"ez-toc-link ez-toc-heading-38\" href=\"https:\/\/loudavymkrokem.cz\/es\/vacaciones-mayo-mejores-destinos\/#Dolomitas_y_Alpes\" >Dolomitas y Alpes<\/a><\/li><li class='ez-toc-page-1 ez-toc-heading-level-3'><a class=\"ez-toc-link ez-toc-heading-39\" href=\"https:\/\/loudavymkrokem.cz\/es\/vacaciones-mayo-mejores-destinos\/#Islandia_comienzo_de_la_mejor_temporada\" >Islandia: comienzo de la mejor temporada<\/a><\/li><li class='ez-toc-page-1 ez-toc-heading-level-3'><a class=\"ez-toc-link ez-toc-heading-40\" href=\"https:\/\/loudavymkrokem.cz\/es\/vacaciones-mayo-mejores-destinos\/#Noruega_y_los_fiordos\" >Noruega y los fiordos<\/a><\/li><li class='ez-toc-page-1 ez-toc-heading-level-3'><a class=\"ez-toc-link ez-toc-heading-41\" href=\"https:\/\/loudavymkrokem.cz\/es\/vacaciones-mayo-mejores-destinos\/#Altos_Tatras_y_Eslovaquia\" >Altos Tatras y Eslovaquia<\/a><\/li><\/ul><\/li><li class='ez-toc-page-1 ez-toc-heading-level-2'><a class=\"ez-toc-link ez-toc-heading-42\" href=\"https:\/\/loudavymkrokem.cz\/es\/vacaciones-mayo-mejores-destinos\/#Donde_ir_en_mayo_en_Chequia\" >D\u00f3nde ir en mayo en Chequia<\/a><ul class='ez-toc-list-level-3' ><li class='ez-toc-heading-level-3'><a class=\"ez-toc-link ez-toc-heading-43\" href=\"https:\/\/loudavymkrokem.cz\/es\/vacaciones-mayo-mejores-destinos\/#Chequia_paisaje_florido_y_penas_vacias\" >Chequia: paisaje florido y pe\u00f1as vac\u00edas<\/a><\/li><\/ul><\/li><li class='ez-toc-page-1 ez-toc-heading-level-2'><a class=\"ez-toc-link ez-toc-heading-44\" href=\"https:\/\/loudavymkrokem.cz\/es\/vacaciones-mayo-mejores-destinos\/#Y_ahora_%C2%BFadonde_Mas_ideas_para_viajar\" >Y ahora, \u00bfad\u00f3nde? M\u00e1s ideas para viajar<\/a><\/li><li class='ez-toc-page-1 ez-toc-heading-level-2'><a class=\"ez-toc-link ez-toc-heading-45\" href=\"https:\/\/loudavymkrokem.cz\/es\/vacaciones-mayo-mejores-destinos\/#Preguntas_frecuentes\" >Preguntas frecuentes<\/a><ul class='ez-toc-list-level-3' ><li class='ez-toc-heading-level-3'><a class=\"ez-toc-link ez-toc-heading-46\" href=\"https:\/\/loudavymkrokem.cz\/es\/vacaciones-mayo-mejores-destinos\/#%C2%BFEs_mayo_un_buen_mes_para_viajar\" >\u00bfEs mayo un buen mes para viajar?<\/a><\/li><li class='ez-toc-page-1 ez-toc-heading-level-3'><a class=\"ez-toc-link ez-toc-heading-47\" href=\"https:\/\/loudavymkrokem.cz\/es\/vacaciones-mayo-mejores-destinos\/#%C2%BFDonde_hace_suficiente_calor_en_mayo_para_banarse_en_el_mar\" >\u00bfD\u00f3nde hace suficiente calor en mayo para ba\u00f1arse en el mar?<\/a><\/li><li class='ez-toc-page-1 ez-toc-heading-level-3'><a class=\"ez-toc-link ez-toc-heading-48\" href=\"https:\/\/loudavymkrokem.cz\/es\/vacaciones-mayo-mejores-destinos\/#%C2%BFCuales_son_los_destinos_mas_baratos_para_viajar_en_mayo\" >\u00bfCu\u00e1les son los destinos m\u00e1s baratos para viajar en mayo?<\/a><\/li><li class='ez-toc-page-1 ez-toc-heading-level-3'><a class=\"ez-toc-link ez-toc-heading-49\" href=\"https:\/\/loudavymkrokem.cz\/es\/vacaciones-mayo-mejores-destinos\/#%C2%BFDonde_ir_de_vacaciones_en_mayo_con_ninos\" >\u00bfD\u00f3nde ir de vacaciones en mayo con ni\u00f1os?<\/a><\/li><\/ul><\/li><\/ul><\/nav><\/div>\n<h2 class=\"wp-block-heading\"><span class=\"ez-toc-section\" id=\"24_ideas_de_donde_ir_de_vacaciones_en_mayo\"><\/span>24 ideas de d\u00f3nde ir de vacaciones en mayo<span class=\"ez-toc-section-end\"><\/span><\/h2>\n\n\n\n<p class=\"wp-block-paragraph\">Mayo es el momento ideal para <strong><a href=\"https:\/\/loudavymkrokem.cz\/es\/viajes\/\" target=\"_blank\" data-type=\"link\" data-id=\"https:\/\/loudavymkrokem.cz\/cestovani\/\" rel=\"noreferrer noopener\">viajar<\/a><\/strong>: en muchos destinos hace un tiempo estupendo, que no es ni demasiado caluroso ni fr\u00edo. <strong>Vamos a explorar 25 destinos incre\u00edbles donde disfrutar\u00e1s de unas vacaciones perfectas en mayo.<\/strong><\/p>\n\n\n\n<p class=\"wp-block-paragraph\"><strong>Quiz\u00e1 te interese:<\/strong> <strong><a href=\"https:\/\/loudavymkrokem.cz\/es\/destinos-playa-marzo\/\" target=\"_blank\" data-type=\"link\" data-id=\"https:\/\/loudavymkrokem.cz\/kam-na-dovolenou-v-breznu\/\" rel=\"noreferrer noopener\">D\u00f3nde ir de vacaciones en marzo<\/a><\/strong><\/p>\n\n\n\n<h3 class=\"wp-block-heading\"><span class=\"ez-toc-section\" id=\"Egipto\"><\/span>Egipto<span class=\"ez-toc-section-end\"><\/span><\/h3>\n\n\n\n<p class=\"wp-block-paragraph\">Egipto en mayo ofrece unas condiciones estupendas para las vacaciones: las temperaturas son agradables, entre 25 y 30 \u00b0C, y el mar ronda los 24 \u00b0C, algo absolutamente perfecto para ba\u00f1arse. <strong>Las localidades del mar Rojo como Hurgada, Marsa Alam o Sharm el Sheij son una gran opci\u00f3n en esta \u00e9poca.<\/strong> Adem\u00e1s, el mar Rojo es famoso por sus preciosos arrecifes de coral, perfectos tanto para hacer snorkel como para bucear.<\/p>\n\n\n\n<p class=\"wp-block-paragraph\"><strong>En mayo tambi\u00e9n puedes visitar monumentos hist\u00f3ricos como las pir\u00e1mides de Guiza o los templos de Luxor sin el insoportable calor del verano.<\/strong> Un crucero por el Nilo es muy agradable en esta \u00e9poca, al igual que la visita al Valle de los Reyes. Los paseos vespertinos por la playa o los ratos en cafeter\u00edas y restaurantes locales te permitir\u00e1n disfrutar de un ambiente tranquilo sin calor excesivo ni multitudes.<\/p>\n\n\n\n<p class=\"wp-block-paragraph\"><strong>\ud83d\udca1 Alojamiento recomendado:<\/strong> <strong><a class=\"thirstylink\" rel=\"nofollow\" target=\"_blank\" title=\"Hilton Alexandria King\u2019s Ranch Hotel\" href=\"https:\/\/loudavymkrokem.cz\/doporucujeme\/hilton-alexandria-kings-ranch-hotel\/\" data-shortcode=\"true\">Hilton Alexandria King\u2019s Ranch Hotel<\/a><\/strong><\/p>\n\n\n\n<figure data-wp-context=\"{&quot;imageId&quot;:&quot;6a9afccb9df17&quot;}\" data-wp-interactive=\"core\/image\" data-wp-key=\"6a9afccb9df17\" class=\"wp-block-image size-full wp-lightbox-container\"><img decoding=\"async\" width=\"1200\" height=\"800\" data-wp-class--hide=\"state.isContentHidden\" data-wp-class--show=\"state.isContentVisible\" data-wp-init=\"callbacks.setButtonStyles\" data-wp-on--click=\"actions.showLightbox\" data-wp-on--load=\"callbacks.setButtonStyles\" data-wp-on--pointerdown=\"actions.preloadImage\" data-wp-on--pointerenter=\"actions.preloadImageWithDelay\" data-wp-on--pointerleave=\"actions.cancelPreload\" data-wp-on-window--resize=\"callbacks.setButtonStyles\" src=\"https:\/\/loudavymkrokem.cz\/wp-content\/uploads\/2024\/11\/egypt.jpg\" alt=\"Egipto\" class=\"wp-image-90836\" title=\"\" srcset=\"https:\/\/loudavymkrokem.cz\/wp-content\/uploads\/2024\/11\/egypt.jpg 1200w, https:\/\/loudavymkrokem.cz\/wp-content\/uploads\/2024\/11\/egypt-300x200.jpg 300w, https:\/\/loudavymkrokem.cz\/wp-content\/uploads\/2024\/11\/egypt-700x467.jpg 700w, https:\/\/loudavymkrokem.cz\/wp-content\/uploads\/2024\/11\/egypt-768x512.jpg 768w, https:\/\/loudavymkrokem.cz\/wp-content\/uploads\/2024\/11\/egypt-696x464.jpg 696w\" sizes=\"(max-width: 1200px) 100vw, 1200px\" \/><button\n\t\t\tclass=\"lightbox-trigger\"\n\t\t\ttype=\"button\"\n\t\t\taria-haspopup=\"dialog\"\n\t\t\tdata-wp-bind--aria-label=\"state.thisImage.triggerButtonAriaLabel\"\n\t\t\tdata-wp-init=\"callbacks.initTriggerButton\"\n\t\t\tdata-wp-on--click=\"actions.showLightbox\"\n\t\t\tdata-wp-style--right=\"state.thisImage.buttonRight\"\n\t\t\tdata-wp-style--top=\"state.thisImage.buttonTop\"\n\t\t>\n\t\t\t<svg xmlns=\"http:\/\/www.w3.org\/2000\/svg\" width=\"12\" height=\"12\" fill=\"none\" viewBox=\"0 0 12 12\">\n\t\t\t\t<path fill=\"#fff\" d=\"M2 0a2 2 0 0 0-2 2v2h1.5V2a.5.5 0 0 1 .5-.5h2V0H2Zm2 10.5H2a.5.5 0 0 1-.5-.5V8H0v2a2 2 0 0 0 2 2h2v-1.5ZM8 12v-1.5h2a.5.5 0 0 0 .5-.5V8H12v2a2 2 0 0 1-2 2H8Zm2-12a2 2 0 0 1 2 2v2h-1.5V2a.5.5 0 0 0-.5-.5H8V0h2Z\" \/>\n\t\t\t<\/svg>\n\t\t<\/button><figcaption class=\"wp-element-caption\">Egipto<\/figcaption><\/figure>\n\n\n\n<h3 class=\"wp-block-heading\"><span class=\"ez-toc-section\" id=\"Turquia\"><\/span>Turqu\u00eda<span class=\"ez-toc-section-end\"><\/span><\/h3>\n\n\n\n<p class=\"wp-block-paragraph\">La <strong><a href=\"https:\/\/loudavymkrokem.cz\/es\/viajes\/asia\/turquia\/\" data-type=\"link\" data-id=\"https:\/\/loudavymkrokem.cz\/cestovani\/asie\/turecko\/\" target=\"_blank\" rel=\"noreferrer noopener\">Riviera turca<\/a><\/strong> florece en todo su esplendor en mayo. Las temperaturas del aire rondan los 25 \u00b0C y el mar tiene unos agradables 21-22 \u00b0C, ya suficiente para ba\u00f1arse, sobre todo si eres de los valientes. <strong>Localidades como Antalya, Alanya, Bodrum o Marmaris<\/strong> ofrecen alojamientos c\u00f3modos en una gran variedad de hoteles y resorts. Para quienes buscan una experiencia m\u00e1s lujosa, <strong>recomiendo la zona de Belek, con sus hoteles de cinco estrellas y campos de golf.<\/strong><\/p>\n\n\n\n<p class=\"wp-block-paragraph\">Mayo tambi\u00e9n es la \u00e9poca ideal para descubrir monumentos hist\u00f3ricos. <strong>Puedes visitar la ciudad antigua de \u00c9feso, las impresionantes terrazas de travertino de <a href=\"https:\/\/loudavymkrokem.cz\/es\/pamukkale-turquia-informacion\/\" target=\"_blank\" data-type=\"link\" data-id=\"https:\/\/loudavymkrokem.cz\/pamukkale\/\" rel=\"noreferrer noopener\">Pamukkale<\/a> o el m\u00edstico valle de Capadocia con sus ciudades subterr\u00e1neas y sus caracter\u00edsticas formaciones rocosas.<\/strong> En la costa del mar Egeo merece la pena visitar tambi\u00e9n el pueblo de Dalyan, con sus tumbas licias talladas en la roca, o la zona de Fethiye, con la preciosa laguna de \u00d6l\u00fcdeniz.<\/p>\n\n\n\n<p class=\"wp-block-paragraph\"><strong>\ud83d\udca1 Alojamiento recomendado:<\/strong> <strong><a class=\"thirstylink\" rel=\"nofollow\" target=\"_blank\" title=\"Sunny Hill Alya Hotel\" href=\"https:\/\/loudavymkrokem.cz\/doporucujeme\/sunny-hill-alya-hotel\/\" data-shortcode=\"true\">Sunny Hill Alya Hotel<\/a><\/strong><\/p>\n\n\n\n<figure data-wp-context=\"{&quot;imageId&quot;:&quot;6a9afccb9ea40&quot;}\" data-wp-interactive=\"core\/image\" data-wp-key=\"6a9afccb9ea40\" class=\"wp-block-image size-full wp-lightbox-container\"><img decoding=\"async\" width=\"1200\" height=\"800\" data-wp-class--hide=\"state.isContentHidden\" data-wp-class--show=\"state.isContentVisible\" data-wp-init=\"callbacks.setButtonStyles\" data-wp-on--click=\"actions.showLightbox\" data-wp-on--load=\"callbacks.setButtonStyles\" data-wp-on--pointerdown=\"actions.preloadImage\" data-wp-on--pointerenter=\"actions.preloadImageWithDelay\" data-wp-on--pointerleave=\"actions.cancelPreload\" data-wp-on-window--resize=\"callbacks.setButtonStyles\" src=\"https:\/\/loudavymkrokem.cz\/wp-content\/uploads\/2024\/10\/alanya-turecko-1.jpg\" alt=\"Alanya, Turqu\u00eda\" class=\"wp-image-88180\" title=\"\" srcset=\"https:\/\/loudavymkrokem.cz\/wp-content\/uploads\/2024\/10\/alanya-turecko-1.jpg 1200w, https:\/\/loudavymkrokem.cz\/wp-content\/uploads\/2024\/10\/alanya-turecko-1-300x200.jpg 300w, https:\/\/loudavymkrokem.cz\/wp-content\/uploads\/2024\/10\/alanya-turecko-1-700x467.jpg 700w, https:\/\/loudavymkrokem.cz\/wp-content\/uploads\/2024\/10\/alanya-turecko-1-768x512.jpg 768w, https:\/\/loudavymkrokem.cz\/wp-content\/uploads\/2024\/10\/alanya-turecko-1-696x464.jpg 696w\" sizes=\"(max-width: 1200px) 100vw, 1200px\" \/><button\n\t\t\tclass=\"lightbox-trigger\"\n\t\t\ttype=\"button\"\n\t\t\taria-haspopup=\"dialog\"\n\t\t\tdata-wp-bind--aria-label=\"state.thisImage.triggerButtonAriaLabel\"\n\t\t\tdata-wp-init=\"callbacks.initTriggerButton\"\n\t\t\tdata-wp-on--click=\"actions.showLightbox\"\n\t\t\tdata-wp-style--right=\"state.thisImage.buttonRight\"\n\t\t\tdata-wp-style--top=\"state.thisImage.buttonTop\"\n\t\t>\n\t\t\t<svg xmlns=\"http:\/\/www.w3.org\/2000\/svg\" width=\"12\" height=\"12\" fill=\"none\" viewBox=\"0 0 12 12\">\n\t\t\t\t<path fill=\"#fff\" d=\"M2 0a2 2 0 0 0-2 2v2h1.5V2a.5.5 0 0 1 .5-.5h2V0H2Zm2 10.5H2a.5.5 0 0 1-.5-.5V8H0v2a2 2 0 0 0 2 2h2v-1.5ZM8 12v-1.5h2a.5.5 0 0 0 .5-.5V8H12v2a2 2 0 0 1-2 2H8Zm2-12a2 2 0 0 1 2 2v2h-1.5V2a.5.5 0 0 0-.5-.5H8V0h2Z\" \/>\n\t\t\t<\/svg>\n\t\t<\/button><\/figure>\n\n\n\n<h3 class=\"wp-block-heading\"><span class=\"ez-toc-section\" id=\"Islas_Canarias\"><\/span>Islas Canarias<span class=\"ez-toc-section-end\"><\/span><\/h3>\n\n\n\n<p class=\"wp-block-paragraph\"><strong>Las Islas Canarias son una opci\u00f3n perfecta para unas vacaciones en mayo, con temperaturas de unos 24 \u00b0C y agua a 20 \u00b0C.<\/strong> Tenerife, la mayor de las islas, ofrece paisajes muy variados, desde playas de arena hasta el parque nacional volc\u00e1nico del Teide, con la monta\u00f1a m\u00e1s alta de Espa\u00f1a. Te recomiendo subir en telef\u00e9rico hasta la cima, desde donde hay unas vistas preciosas de toda la isla.<\/p>\n\n\n\n<p class=\"wp-block-paragraph\">Gran Canaria es famosa por sus doradas dunas de arena de Maspalomas y por su animada capital, Las Palmas. En Lanzarote te cautivar\u00e1 el paisaje lunar del parque nacional de Timanfaya y la peculiar zona vin\u00edcola de La Geria. Fuerteventura presume de las playas m\u00e1s bonitas de todas las Canarias y de excelentes condiciones para el surf. La peque\u00f1a isla de La Palma es un para\u00edso para el senderismo, con preciosas rutas entre bosques de laurisilva y barrancos.<\/p>\n\n\n\n<p class=\"wp-block-paragraph\">En mayo, las Islas Canarias son ideales para unas vacaciones activas: puedes practicar senderismo, ciclismo, surf, windsurf o golf. En cuanto a la gastronom\u00eda, no dejes de probar las papas arrugadas con mojo, el marisco fresco o el canario, un postre dulce local parecido al flan.<\/p>\n\n\n\n<p class=\"wp-block-paragraph\"><strong>\ud83d\udca1 Alojamiento recomendado:<\/strong> <strong><a class=\"thirstylink\" rel=\"nofollow\" target=\"_blank\" title=\"Marina Elite\" href=\"https:\/\/loudavymkrokem.cz\/doporucujeme\/marina-elite\/\" data-shortcode=\"true\">Marina Elite<\/a><\/strong><\/p>\n\n\n\n<figure data-wp-context=\"{&quot;imageId&quot;:&quot;6a9afccb9ef71&quot;}\" data-wp-interactive=\"core\/image\" data-wp-key=\"6a9afccb9ef71\" class=\"wp-block-image size-full wp-lightbox-container\"><img decoding=\"async\" width=\"1800\" height=\"1200\" data-wp-class--hide=\"state.isContentHidden\" data-wp-class--show=\"state.isContentVisible\" data-wp-init=\"callbacks.setButtonStyles\" data-wp-on--click=\"actions.showLightbox\" data-wp-on--load=\"callbacks.setButtonStyles\" data-wp-on--pointerdown=\"actions.preloadImage\" data-wp-on--pointerenter=\"actions.preloadImageWithDelay\" data-wp-on--pointerleave=\"actions.cancelPreload\" data-wp-on-window--resize=\"callbacks.setButtonStyles\" src=\"https:\/\/loudavymkrokem.cz\/wp-content\/uploads\/2024\/11\/kanarske-ostrovy.jpg\" alt=\"Islas Canarias\" class=\"wp-image-90841\" title=\"\" srcset=\"https:\/\/loudavymkrokem.cz\/wp-content\/uploads\/2024\/11\/kanarske-ostrovy.jpg 1800w, https:\/\/loudavymkrokem.cz\/wp-content\/uploads\/2024\/11\/kanarske-ostrovy-300x200.jpg 300w, https:\/\/loudavymkrokem.cz\/wp-content\/uploads\/2024\/11\/kanarske-ostrovy-700x467.jpg 700w, https:\/\/loudavymkrokem.cz\/wp-content\/uploads\/2024\/11\/kanarske-ostrovy-768x512.jpg 768w, https:\/\/loudavymkrokem.cz\/wp-content\/uploads\/2024\/11\/kanarske-ostrovy-1536x1024.jpg 1536w, https:\/\/loudavymkrokem.cz\/wp-content\/uploads\/2024\/11\/kanarske-ostrovy-696x464.jpg 696w, https:\/\/loudavymkrokem.cz\/wp-content\/uploads\/2024\/11\/kanarske-ostrovy-1392x928.jpg 1392w\" sizes=\"(max-width: 1800px) 100vw, 1800px\" \/><button\n\t\t\tclass=\"lightbox-trigger\"\n\t\t\ttype=\"button\"\n\t\t\taria-haspopup=\"dialog\"\n\t\t\tdata-wp-bind--aria-label=\"state.thisImage.triggerButtonAriaLabel\"\n\t\t\tdata-wp-init=\"callbacks.initTriggerButton\"\n\t\t\tdata-wp-on--click=\"actions.showLightbox\"\n\t\t\tdata-wp-style--right=\"state.thisImage.buttonRight\"\n\t\t\tdata-wp-style--top=\"state.thisImage.buttonTop\"\n\t\t>\n\t\t\t<svg xmlns=\"http:\/\/www.w3.org\/2000\/svg\" width=\"12\" height=\"12\" fill=\"none\" viewBox=\"0 0 12 12\">\n\t\t\t\t<path fill=\"#fff\" d=\"M2 0a2 2 0 0 0-2 2v2h1.5V2a.5.5 0 0 1 .5-.5h2V0H2Zm2 10.5H2a.5.5 0 0 1-.5-.5V8H0v2a2 2 0 0 0 2 2h2v-1.5ZM8 12v-1.5h2a.5.5 0 0 0 .5-.5V8H12v2a2 2 0 0 1-2 2H8Zm2-12a2 2 0 0 1 2 2v2h-1.5V2a.5.5 0 0 0-.5-.5H8V0h2Z\" \/>\n\t\t\t<\/svg>\n\t\t<\/button><figcaption class=\"wp-element-caption\">Islas Canarias<\/figcaption><\/figure>\n\n\n\n<h3 class=\"wp-block-heading\"><span class=\"ez-toc-section\" id=\"Chipre\"><\/span>Chipre<span class=\"ez-toc-section-end\"><\/span><\/h3>\n\n\n\n<p class=\"wp-block-paragraph\">Chipre florece con fuerza en mayo, con temperaturas de unos 25-27 \u00b0C y un mar de aproximadamente 21 \u00b0C. Ba\u00f1arse ya es posible, aunque para algunos el agua todav\u00eda puede resultar un poco fresca. <strong>Para nadar recomiendo sobre todo playas conocidas como Nissi Beach en Ayia Napa, Fig Tree Bay en Protaras o Coral Bay, cerca de Pafos.<\/strong><\/p>\n\n\n\n<p class=\"wp-block-paragraph\">Mayo es la \u00e9poca ideal para conocer la historia y la cultura chipriotas. Visita el yacimiento arqueol\u00f3gico de Kuri\u00f3n con su imponente anfiteatro romano, las c\u00e9lebres \u00abTumbas de los Reyes\u00bb en Pafos o el castillo medieval de Kolossi. En la capital, Nicosia, puedes cruzar la \u00abl\u00ednea verde\u00bb que separa la parte griega de la parte turca de la isla. No te olvides tampoco de una excursi\u00f3n a los montes Troodos, con sus pueblecitos e iglesias bizantinas declaradas Patrimonio de la Humanidad por la Unesco.<\/p>\n\n\n\n<p class=\"wp-block-paragraph\"><strong>\ud83d\udca1 Alojamiento recomendado:<\/strong> <strong><a class=\"thirstylink\" rel=\"nofollow\" target=\"_blank\" title=\"Constantinou Bros Athena Beach Hotel\" href=\"https:\/\/loudavymkrokem.cz\/doporucujeme\/constantinou-bros-athena-beach-hotel\/\" data-shortcode=\"true\">Constantinou Bros Athena Beach Hotel<\/a><\/strong><\/p>\n\n\n\n<figure data-wp-context=\"{&quot;imageId&quot;:&quot;6a9afccb9f496&quot;}\" data-wp-interactive=\"core\/image\" data-wp-key=\"6a9afccb9f496\" class=\"wp-block-image size-full wp-lightbox-container\"><img decoding=\"async\" width=\"1200\" height=\"630\" data-wp-class--hide=\"state.isContentHidden\" data-wp-class--show=\"state.isContentVisible\" data-wp-init=\"callbacks.setButtonStyles\" data-wp-on--click=\"actions.showLightbox\" data-wp-on--load=\"callbacks.setButtonStyles\" data-wp-on--pointerdown=\"actions.preloadImage\" data-wp-on--pointerenter=\"actions.preloadImageWithDelay\" data-wp-on--pointerleave=\"actions.cancelPreload\" data-wp-on-window--resize=\"callbacks.setButtonStyles\" src=\"https:\/\/loudavymkrokem.cz\/wp-content\/uploads\/2025\/01\/kypr.jpg\" alt=\"Chipre\" class=\"wp-image-92618\" title=\"\" srcset=\"https:\/\/loudavymkrokem.cz\/wp-content\/uploads\/2025\/01\/kypr.jpg 1200w, https:\/\/loudavymkrokem.cz\/wp-content\/uploads\/2025\/01\/kypr-300x158.jpg 300w, https:\/\/loudavymkrokem.cz\/wp-content\/uploads\/2025\/01\/kypr-700x368.jpg 700w, https:\/\/loudavymkrokem.cz\/wp-content\/uploads\/2025\/01\/kypr-768x403.jpg 768w, https:\/\/loudavymkrokem.cz\/wp-content\/uploads\/2025\/01\/kypr-696x365.jpg 696w\" sizes=\"(max-width: 1200px) 100vw, 1200px\" \/><button\n\t\t\tclass=\"lightbox-trigger\"\n\t\t\ttype=\"button\"\n\t\t\taria-haspopup=\"dialog\"\n\t\t\tdata-wp-bind--aria-label=\"state.thisImage.triggerButtonAriaLabel\"\n\t\t\tdata-wp-init=\"callbacks.initTriggerButton\"\n\t\t\tdata-wp-on--click=\"actions.showLightbox\"\n\t\t\tdata-wp-style--right=\"state.thisImage.buttonRight\"\n\t\t\tdata-wp-style--top=\"state.thisImage.buttonTop\"\n\t\t>\n\t\t\t<svg xmlns=\"http:\/\/www.w3.org\/2000\/svg\" width=\"12\" height=\"12\" fill=\"none\" viewBox=\"0 0 12 12\">\n\t\t\t\t<path fill=\"#fff\" d=\"M2 0a2 2 0 0 0-2 2v2h1.5V2a.5.5 0 0 1 .5-.5h2V0H2Zm2 10.5H2a.5.5 0 0 1-.5-.5V8H0v2a2 2 0 0 0 2 2h2v-1.5ZM8 12v-1.5h2a.5.5 0 0 0 .5-.5V8H12v2a2 2 0 0 1-2 2H8Zm2-12a2 2 0 0 1 2 2v2h-1.5V2a.5.5 0 0 0-.5-.5H8V0h2Z\" \/>\n\t\t\t<\/svg>\n\t\t<\/button><figcaption class=\"wp-element-caption\">Chipre<\/figcaption><\/figure>\n\n\n\n<h3 class=\"wp-block-heading\"><span class=\"ez-toc-section\" id=\"Cabo_Verde\"><\/span>Cabo Verde<span class=\"ez-toc-section-end\"><\/span><\/h3>\n\n\n\n<p class=\"wp-block-paragraph\">Cabo Verde, un archipi\u00e9lago en el oc\u00e9ano Atl\u00e1ntico al oeste de Senegal, ofrece en mayo temperaturas agradables de unos 25 \u00b0C y un mar de 23-24 \u00b0C, ideal para ba\u00f1arse. <strong>Las islas m\u00e1s populares son Sal y Boa Vista, con playas de arena preciosas como Santa Mar\u00eda en Sal o Praia de Chaves en Boa Vista.<\/strong> Las playas caboverdianas son conocidas por su arena blanca y su agua turquesa.<\/p>\n\n\n\n<p class=\"wp-block-paragraph\">Los amantes de los deportes acu\u00e1ticos apreciar\u00e1n las excelentes condiciones para el windsurf, el kitesurf y el surf, sobre todo en la isla de Sal. Si te interesa la naturaleza y el senderismo, visita la isla de Santo Ant\u00e3o o la isla de Fogo con su volc\u00e1n activo Pico do Fogo, al que puedes ascender. En la isla de Santiago, donde se encuentra la capital Praia, descubrir\u00e1s una rica historia y cultura, incluida la arquitectura colonial de Cidade Velha, declarada Patrimonio de la Humanidad por la Unesco.<\/p>\n\n\n\n<p class=\"wp-block-paragraph\"><strong>\ud83d\udca1 Alojamiento recomendado:<\/strong> <strong><a href=\"https:\/\/www.stay22.com\/allez\/booking?aid=lukaskonecny&amp;campaign=loudavymkrokemcz-kamnadovolenouvbreznu&amp;product=allez&amp;habl=false&amp;isinc=false&amp;sid22=b4bb4beb-3040-4cfa-a13f-5d915011e66d&amp;campaign=loudavymkrokemcz-kamnadovolenouvprosinci-loudavymkrokemcz-kamnadovolenouvlistopadu&amp;source=direct&amp;medium=deeplink&amp;address=Czechia&amp;link=https%3A%2F%2Fwww.booking.com%2Fhotel%2Fcv%2Fmelia-tortuga-beach.cs.html\" target=\"_blank\" rel=\"noreferrer noopener\">Melia Tortuga Beach Resort &amp; Spa<\/a><\/strong><\/p>\n\n\n\n<figure data-wp-context=\"{&quot;imageId&quot;:&quot;6a9afccb9f9f2&quot;}\" data-wp-interactive=\"core\/image\" data-wp-key=\"6a9afccb9f9f2\" class=\"wp-block-image size-full wp-lightbox-container\"><img decoding=\"async\" width=\"1200\" height=\"800\" data-wp-class--hide=\"state.isContentHidden\" data-wp-class--show=\"state.isContentVisible\" data-wp-init=\"callbacks.setButtonStyles\" data-wp-on--click=\"actions.showLightbox\" data-wp-on--load=\"callbacks.setButtonStyles\" data-wp-on--pointerdown=\"actions.preloadImage\" data-wp-on--pointerenter=\"actions.preloadImageWithDelay\" data-wp-on--pointerleave=\"actions.cancelPreload\" data-wp-on-window--resize=\"callbacks.setButtonStyles\" src=\"https:\/\/loudavymkrokem.cz\/wp-content\/uploads\/2023\/10\/kapverdy-dovolena.jpg\" alt=\"Cabo Verde, un destino de playa para tus vacaciones\" class=\"wp-image-76528\" title=\"\" srcset=\"https:\/\/loudavymkrokem.cz\/wp-content\/uploads\/2023\/10\/kapverdy-dovolena.jpg 1200w, https:\/\/loudavymkrokem.cz\/wp-content\/uploads\/2023\/10\/kapverdy-dovolena-300x200.jpg 300w, https:\/\/loudavymkrokem.cz\/wp-content\/uploads\/2023\/10\/kapverdy-dovolena-700x467.jpg 700w, https:\/\/loudavymkrokem.cz\/wp-content\/uploads\/2023\/10\/kapverdy-dovolena-768x512.jpg 768w, https:\/\/loudavymkrokem.cz\/wp-content\/uploads\/2023\/10\/kapverdy-dovolena-696x464.jpg 696w\" sizes=\"(max-width: 1200px) 100vw, 1200px\" \/><button\n\t\t\tclass=\"lightbox-trigger\"\n\t\t\ttype=\"button\"\n\t\t\taria-haspopup=\"dialog\"\n\t\t\tdata-wp-bind--aria-label=\"state.thisImage.triggerButtonAriaLabel\"\n\t\t\tdata-wp-init=\"callbacks.initTriggerButton\"\n\t\t\tdata-wp-on--click=\"actions.showLightbox\"\n\t\t\tdata-wp-style--right=\"state.thisImage.buttonRight\"\n\t\t\tdata-wp-style--top=\"state.thisImage.buttonTop\"\n\t\t>\n\t\t\t<svg xmlns=\"http:\/\/www.w3.org\/2000\/svg\" width=\"12\" height=\"12\" fill=\"none\" viewBox=\"0 0 12 12\">\n\t\t\t\t<path fill=\"#fff\" d=\"M2 0a2 2 0 0 0-2 2v2h1.5V2a.5.5 0 0 1 .5-.5h2V0H2Zm2 10.5H2a.5.5 0 0 1-.5-.5V8H0v2a2 2 0 0 0 2 2h2v-1.5ZM8 12v-1.5h2a.5.5 0 0 0 .5-.5V8H12v2a2 2 0 0 1-2 2H8Zm2-12a2 2 0 0 1 2 2v2h-1.5V2a.5.5 0 0 0-.5-.5H8V0h2Z\" \/>\n\t\t\t<\/svg>\n\t\t<\/button><figcaption class=\"wp-element-caption\">Cabo Verde<\/figcaption><\/figure>\n\n\n\n<h3 class=\"wp-block-heading\"><span class=\"ez-toc-section\" id=\"China\"><\/span>China<span class=\"ez-toc-section-end\"><\/span><\/h3>\n\n\n\n<p class=\"wp-block-paragraph\"><strong>Mayo es uno de los mejores meses para visitar <a href=\"https:\/\/loudavymkrokem.cz\/cestovani\/asie\/cina\/\" data-type=\"link\" data-id=\"https:\/\/loudavymkrokem.cz\/cestovani\/asie\/cina\/\" target=\"_blank\" rel=\"noreferrer noopener\">China<\/a>.<\/strong> Las temperaturas son agradables (20-25 \u00b0C) y la naturaleza est\u00e1 en plena floraci\u00f3n. Ba\u00f1arse en el mar es posible en las zonas del sur, como la isla de Hainan, a menudo llamada \u00abel Haw\u00e1i chino\u00bb, donde el agua llega hasta los 26 \u00b0C.<\/p>\n\n\n\n<p class=\"wp-block-paragraph\">En Pek\u00edn puedes visitar la Gran Muralla China sin las multitudes del verano, pasear por la Ciudad Prohibida y relajarte en el Palacio de Verano, que est\u00e1 m\u00e1s bonito precisamente en primavera. En Shangh\u00e1i te cautivar\u00e1n las siluetas futuristas del barrio de Pudong y el hist\u00f3rico paseo mar\u00edtimo del Bund. Cerca de Shangh\u00e1i encontrar\u00e1s tambi\u00e9n pueblos de agua como Suzhou o Hangzhou, con el famoso Lago del Oeste.<\/p>\n\n\n\n<p class=\"wp-block-paragraph\">Para los amantes de la naturaleza recomiendo visitar la provincia de Sichuan, con su cocina \u00fanica y su centro de cr\u00eda del panda gigante en Chengdu. Cerca est\u00e1n tambi\u00e9n los preciosos lagos de colores del parque nacional de Jiuzhaigou. Merece la pena la regi\u00f3n k\u00e1rstica de Guilin y Yangshuo, con sus caracter\u00edsticos cerros calizos y el r\u00edo Li, que ofrece paisajes inolvidables, como sacados de una pintura tradicional china.<\/p>\n\n\n\n<p class=\"wp-block-paragraph\"><strong>\ud83d\udca1 Alojamiento recomendado:<\/strong> <strong><a class=\"thirstylink\" rel=\"nofollow\" target=\"_blank\" title=\"Holiday Inn Express Beijing Downtown by IHG\" href=\"https:\/\/loudavymkrokem.cz\/doporucujeme\/holiday-inn-express-beijing-downtown-by-ihg\/\" data-shortcode=\"true\">Holiday Inn Express Beijing Downtown by IHG<\/a><\/strong><\/p>\n\n\n\n<figure data-wp-context=\"{&quot;imageId&quot;:&quot;6a9afccb9ff1f&quot;}\" data-wp-interactive=\"core\/image\" data-wp-key=\"6a9afccb9ff1f\" class=\"wp-block-image size-full wp-lightbox-container\"><img decoding=\"async\" width=\"1200\" height=\"630\" data-wp-class--hide=\"state.isContentHidden\" data-wp-class--show=\"state.isContentVisible\" data-wp-init=\"callbacks.setButtonStyles\" data-wp-on--click=\"actions.showLightbox\" data-wp-on--load=\"callbacks.setButtonStyles\" data-wp-on--pointerdown=\"actions.preloadImage\" data-wp-on--pointerenter=\"actions.preloadImageWithDelay\" data-wp-on--pointerleave=\"actions.cancelPreload\" data-wp-on-window--resize=\"callbacks.setButtonStyles\" src=\"https:\/\/loudavymkrokem.cz\/wp-content\/uploads\/2025\/02\/peking.jpg\" alt=\"Pek\u00edn, China\" class=\"wp-image-93888\" title=\"\" srcset=\"https:\/\/loudavymkrokem.cz\/wp-content\/uploads\/2025\/02\/peking.jpg 1200w, https:\/\/loudavymkrokem.cz\/wp-content\/uploads\/2025\/02\/peking-300x158.jpg 300w, https:\/\/loudavymkrokem.cz\/wp-content\/uploads\/2025\/02\/peking-700x368.jpg 700w, https:\/\/loudavymkrokem.cz\/wp-content\/uploads\/2025\/02\/peking-768x403.jpg 768w, https:\/\/loudavymkrokem.cz\/wp-content\/uploads\/2025\/02\/peking-696x365.jpg 696w\" sizes=\"(max-width: 1200px) 100vw, 1200px\" \/><button\n\t\t\tclass=\"lightbox-trigger\"\n\t\t\ttype=\"button\"\n\t\t\taria-haspopup=\"dialog\"\n\t\t\tdata-wp-bind--aria-label=\"state.thisImage.triggerButtonAriaLabel\"\n\t\t\tdata-wp-init=\"callbacks.initTriggerButton\"\n\t\t\tdata-wp-on--click=\"actions.showLightbox\"\n\t\t\tdata-wp-style--right=\"state.thisImage.buttonRight\"\n\t\t\tdata-wp-style--top=\"state.thisImage.buttonTop\"\n\t\t>\n\t\t\t<svg xmlns=\"http:\/\/www.w3.org\/2000\/svg\" width=\"12\" height=\"12\" fill=\"none\" viewBox=\"0 0 12 12\">\n\t\t\t\t<path fill=\"#fff\" d=\"M2 0a2 2 0 0 0-2 2v2h1.5V2a.5.5 0 0 1 .5-.5h2V0H2Zm2 10.5H2a.5.5 0 0 1-.5-.5V8H0v2a2 2 0 0 0 2 2h2v-1.5ZM8 12v-1.5h2a.5.5 0 0 0 .5-.5V8H12v2a2 2 0 0 1-2 2H8Zm2-12a2 2 0 0 1 2 2v2h-1.5V2a.5.5 0 0 0-.5-.5H8V0h2Z\" \/>\n\t\t\t<\/svg>\n\t\t<\/button><figcaption class=\"wp-element-caption\">Pek\u00edn, China<\/figcaption><\/figure>\n\n\n\n<h3 class=\"wp-block-heading\"><span class=\"ez-toc-section\" id=\"Japon\"><\/span>Jap\u00f3n<span class=\"ez-toc-section-end\"><\/span><\/h3>\n\n\n\n<p class=\"wp-block-paragraph\"><strong>Mayo en Jap\u00f3n es un mes precioso: los cerezos ya se han deshojado, pero el pa\u00eds se adorna con otras flores como azaleas, lirios y glicinias.<\/strong> Las temperaturas son muy agradables (18-24 \u00b0C) y la \u00abGolden Week\u00bb (una serie de festivos a principios de mayo) ya ha terminado, as\u00ed que puedes evitar las grandes aglomeraciones de turistas locales.<\/p>\n\n\n\n<p class=\"wp-block-paragraph\">En Tokio no te pierdas el barrio de Asakusa con el templo Sensoji, el moderno Shibuya con su famoso cruce o las vistas desde el Tokyo Skytree. Kioto, la antigua capital, est\u00e1 llena de templos y santuarios hist\u00f3ricos, como el Kinkakuji (Pabell\u00f3n Dorado) o el templo Fushimi Inari con sus miles de puertas rojas torii. En Nara puedes dar de comer a los ciervos mansos del parque que rodea el templo Todaiji, con la mayor estatua de bronce de Buda del mundo.<\/p>\n\n\n\n<p class=\"wp-block-paragraph\"><strong>\ud83d\udca1 Alojamiento recomendado:<\/strong> <strong><a class=\"thirstylink\" rel=\"nofollow\" target=\"_blank\" title=\"APA Hotel Asakusa Kuramae Kita\" href=\"https:\/\/loudavymkrokem.cz\/doporucujeme\/apa-hotel-asakusa-kuramae-kita\/\" data-shortcode=\"true\">APA Hotel Asakusa Kuramae Kita<\/a><\/strong><\/p>\n\n\n\n<figure data-wp-context=\"{&quot;imageId&quot;:&quot;6a9afccba04eb&quot;}\" data-wp-interactive=\"core\/image\" data-wp-key=\"6a9afccba04eb\" class=\"wp-block-image size-full wp-lightbox-container\"><img decoding=\"async\" width=\"1200\" height=\"630\" data-wp-class--hide=\"state.isContentHidden\" data-wp-class--show=\"state.isContentVisible\" data-wp-init=\"callbacks.setButtonStyles\" data-wp-on--click=\"actions.showLightbox\" data-wp-on--load=\"callbacks.setButtonStyles\" data-wp-on--pointerdown=\"actions.preloadImage\" data-wp-on--pointerenter=\"actions.preloadImageWithDelay\" data-wp-on--pointerleave=\"actions.cancelPreload\" data-wp-on-window--resize=\"callbacks.setButtonStyles\" src=\"https:\/\/loudavymkrokem.cz\/wp-content\/uploads\/2025\/02\/tokio.jpg\" alt=\"Tokio\" class=\"wp-image-93893\" title=\"\" srcset=\"https:\/\/loudavymkrokem.cz\/wp-content\/uploads\/2025\/02\/tokio.jpg 1200w, https:\/\/loudavymkrokem.cz\/wp-content\/uploads\/2025\/02\/tokio-300x158.jpg 300w, https:\/\/loudavymkrokem.cz\/wp-content\/uploads\/2025\/02\/tokio-700x368.jpg 700w, https:\/\/loudavymkrokem.cz\/wp-content\/uploads\/2025\/02\/tokio-768x403.jpg 768w, https:\/\/loudavymkrokem.cz\/wp-content\/uploads\/2025\/02\/tokio-696x365.jpg 696w\" sizes=\"(max-width: 1200px) 100vw, 1200px\" \/><button\n\t\t\tclass=\"lightbox-trigger\"\n\t\t\ttype=\"button\"\n\t\t\taria-haspopup=\"dialog\"\n\t\t\tdata-wp-bind--aria-label=\"state.thisImage.triggerButtonAriaLabel\"\n\t\t\tdata-wp-init=\"callbacks.initTriggerButton\"\n\t\t\tdata-wp-on--click=\"actions.showLightbox\"\n\t\t\tdata-wp-style--right=\"state.thisImage.buttonRight\"\n\t\t\tdata-wp-style--top=\"state.thisImage.buttonTop\"\n\t\t>\n\t\t\t<svg xmlns=\"http:\/\/www.w3.org\/2000\/svg\" width=\"12\" height=\"12\" fill=\"none\" viewBox=\"0 0 12 12\">\n\t\t\t\t<path fill=\"#fff\" d=\"M2 0a2 2 0 0 0-2 2v2h1.5V2a.5.5 0 0 1 .5-.5h2V0H2Zm2 10.5H2a.5.5 0 0 1-.5-.5V8H0v2a2 2 0 0 0 2 2h2v-1.5ZM8 12v-1.5h2a.5.5 0 0 0 .5-.5V8H12v2a2 2 0 0 1-2 2H8Zm2-12a2 2 0 0 1 2 2v2h-1.5V2a.5.5 0 0 0-.5-.5H8V0h2Z\" \/>\n\t\t\t<\/svg>\n\t\t<\/button><figcaption class=\"wp-element-caption\">Tokio<\/figcaption><\/figure>\n\n\n\n<h3 class=\"wp-block-heading\"><span class=\"ez-toc-section\" id=\"Francia\"><\/span>Francia<span class=\"ez-toc-section-end\"><\/span><\/h3>\n\n\n\n<p class=\"wp-block-paragraph\"><strong>En mayo, en <a href=\"https:\/\/loudavymkrokem.cz\/es\/viajes\/europa\/francia\/\" target=\"_blank\" data-type=\"link\" data-id=\"https:\/\/loudavymkrokem.cz\/cestovani\/evropa\/francie\/\" rel=\"noreferrer noopener\">Francia<\/a> te esperan temperaturas de unos 20 \u00b0C.<\/strong> Par\u00eds est\u00e1 preciosa con los jardines de las Tuller\u00edas y del Luxemburgo en flor. Visitar la Torre Eiffel, el Louvre o la catedral de Notre-Dame (aunque siga en restauraci\u00f3n tras el incendio) es mucho m\u00e1s agradable en esta \u00e9poca que en los meses de verano. No te olvides tampoco de un rom\u00e1ntico paseo en barco por el Sena o de sentarte en alguna de las t\u00edpicas cafeter\u00edas parisinas.<\/p>\n\n\n\n<p class=\"wp-block-paragraph\">La Riviera Francesa empieza a cobrar vida en mayo, aunque el agua del mar ronda los 17-18 \u00b0C, as\u00ed que para ba\u00f1arse todav\u00eda est\u00e1 algo fresca. <strong>Aun as\u00ed, es un momento estupendo para visitar ciudades como Niza, Cannes (donde se celebra el famoso festival de cine) o Saint-Tropez sin playas abarrotadas.<\/strong> Una alternativa puede ser C\u00f3rcega, donde las temperaturas son algo m\u00e1s altas y encontrar\u00e1s preciosas playas y un interior monta\u00f1oso ideal para el senderismo.<\/p>\n\n\n\n<p class=\"wp-block-paragraph\"><strong>\ud83d\udca1 Alojamiento recomendado:<\/strong> <strong><a class=\"thirstylink\" rel=\"nofollow\" target=\"_blank\" title=\"ibis Paris Bastille Faubourg St Antoine\" href=\"https:\/\/loudavymkrokem.cz\/doporucujeme\/ibis-paris-bastille-faubourg-st-antoine\/\" data-shortcode=\"true\">ibis Paris Bastille Faubourg St Antoine<\/a><\/strong><\/p>\n\n\n\n<figure data-wp-context=\"{&quot;imageId&quot;:&quot;6a9afccba0c87&quot;}\" data-wp-interactive=\"core\/image\" data-wp-key=\"6a9afccba0c87\" class=\"wp-block-image size-full wp-lightbox-container\"><img decoding=\"async\" width=\"1200\" height=\"800\" data-wp-class--hide=\"state.isContentHidden\" data-wp-class--show=\"state.isContentVisible\" data-wp-init=\"callbacks.setButtonStyles\" data-wp-on--click=\"actions.showLightbox\" data-wp-on--load=\"callbacks.setButtonStyles\" data-wp-on--pointerdown=\"actions.preloadImage\" data-wp-on--pointerenter=\"actions.preloadImageWithDelay\" data-wp-on--pointerleave=\"actions.cancelPreload\" data-wp-on-window--resize=\"callbacks.setButtonStyles\" src=\"https:\/\/loudavymkrokem.cz\/wp-content\/uploads\/2023\/06\/louvre.jpg\" alt=\"El Louvre en Par\u00eds\" class=\"wp-image-62657\" title=\"\" srcset=\"https:\/\/loudavymkrokem.cz\/wp-content\/uploads\/2023\/06\/louvre.jpg 1200w, https:\/\/loudavymkrokem.cz\/wp-content\/uploads\/2023\/06\/louvre-300x200.jpg 300w, https:\/\/loudavymkrokem.cz\/wp-content\/uploads\/2023\/06\/louvre-700x467.jpg 700w, https:\/\/loudavymkrokem.cz\/wp-content\/uploads\/2023\/06\/louvre-768x512.jpg 768w, https:\/\/loudavymkrokem.cz\/wp-content\/uploads\/2023\/06\/louvre-696x464.jpg 696w\" sizes=\"(max-width: 1200px) 100vw, 1200px\" \/><button\n\t\t\tclass=\"lightbox-trigger\"\n\t\t\ttype=\"button\"\n\t\t\taria-haspopup=\"dialog\"\n\t\t\tdata-wp-bind--aria-label=\"state.thisImage.triggerButtonAriaLabel\"\n\t\t\tdata-wp-init=\"callbacks.initTriggerButton\"\n\t\t\tdata-wp-on--click=\"actions.showLightbox\"\n\t\t\tdata-wp-style--right=\"state.thisImage.buttonRight\"\n\t\t\tdata-wp-style--top=\"state.thisImage.buttonTop\"\n\t\t>\n\t\t\t<svg xmlns=\"http:\/\/www.w3.org\/2000\/svg\" width=\"12\" height=\"12\" fill=\"none\" viewBox=\"0 0 12 12\">\n\t\t\t\t<path fill=\"#fff\" d=\"M2 0a2 2 0 0 0-2 2v2h1.5V2a.5.5 0 0 1 .5-.5h2V0H2Zm2 10.5H2a.5.5 0 0 1-.5-.5V8H0v2a2 2 0 0 0 2 2h2v-1.5ZM8 12v-1.5h2a.5.5 0 0 0 .5-.5V8H12v2a2 2 0 0 1-2 2H8Zm2-12a2 2 0 0 1 2 2v2h-1.5V2a.5.5 0 0 0-.5-.5H8V0h2Z\" \/>\n\t\t\t<\/svg>\n\t\t<\/button><figcaption class=\"wp-element-caption\">El Louvre en Par\u00eds<\/figcaption><\/figure>\n\n\n\n<h3 class=\"wp-block-heading\"><span class=\"ez-toc-section\" id=\"Italia\"><\/span>Italia<span class=\"ez-toc-section-end\"><\/span><\/h3>\n\n\n\n<p class=\"wp-block-paragraph\"><strong><a href=\"https:\/\/loudavymkrokem.cz\/es\/viajes\/europa\/italia\/\" target=\"_blank\" data-type=\"link\" data-id=\"https:\/\/loudavymkrokem.cz\/cestovani\/evropa\/italie\/\" rel=\"noreferrer noopener\">Italia<\/a><\/strong> es m\u00e1gica en mayo: las temperaturas rondan los 22-25 \u00b0C, las atracciones tur\u00edsticas no est\u00e1n abarrotadas y la naturaleza est\u00e1 en plena floraci\u00f3n. Para ba\u00f1arse en el mar todav\u00eda es un poco pronto (el agua ronda los 18-20 \u00b0C), <strong>pero aun as\u00ed merece la pena visitar zonas costeras como la Costa Amalfitana, Cinque Terre o Cerde\u00f1a<\/strong>, donde puedes disfrutar de lugares preciosos sin las multitudes del verano.<\/p>\n\n\n\n<p class=\"wp-block-paragraph\">En Roma pasea entre monumentos de la Antig\u00fcedad como el Coliseo, el Foro Romano o el Pante\u00f3n, y no te olvides de visitar el Vaticano con sus museos y la bas\u00edlica de San Pedro. <strong><a href=\"https:\/\/loudavymkrokem.cz\/es\/florencia-italia-que-ver\/\" target=\"_blank\" data-type=\"link\" data-id=\"https:\/\/loudavymkrokem.cz\/florencie\/\" rel=\"noreferrer noopener\">Florencia<\/a><\/strong> te cautivar\u00e1 con sus tesoros renacentistas de la galer\u00eda Uffizi, la catedral de Santa Maria del Fiore con su ic\u00f3nica c\u00fapula y el Ponte Vecchio. Venecia est\u00e1 a\u00fan m\u00e1s tranquila en mayo y podr\u00e1s disfrutar de un paseo en g\u00f3ndola por los canales sin el calor ni los olores del verano.<\/p>\n\n\n\n<p class=\"wp-block-paragraph\">Para los amantes de la naturaleza recomiendo visitar el lago de Como o el de Garda, en el norte de Italia, donde encontrar\u00e1s vistas preciosas que combinan monta\u00f1as, lagos y vegetaci\u00f3n mediterr\u00e1nea. Sicilia es ideal para descubrir monumentos antiguos como el Valle de los Templos en Agrigento o el teatro griego de Siracusa.<\/p>\n\n\n\n<p class=\"wp-block-paragraph\"><strong>\ud83d\udca1 Alojamiento recomendado:<\/strong> <strong><a class=\"thirstylink\" rel=\"nofollow\" target=\"_blank\" title=\"Villa Santa Maria\" href=\"https:\/\/loudavymkrokem.cz\/doporucujeme\/villa-santa-maria\/\" data-shortcode=\"true\">Villa Santa Maria<\/a><\/strong><\/p>\n\n\n\n<figure data-wp-context=\"{&quot;imageId&quot;:&quot;6a9afccba1221&quot;}\" data-wp-interactive=\"core\/image\" data-wp-key=\"6a9afccba1221\" class=\"wp-block-image size-full wp-lightbox-container\"><img decoding=\"async\" width=\"1200\" height=\"800\" data-wp-class--hide=\"state.isContentHidden\" data-wp-class--show=\"state.isContentVisible\" data-wp-init=\"callbacks.setButtonStyles\" data-wp-on--click=\"actions.showLightbox\" data-wp-on--load=\"callbacks.setButtonStyles\" data-wp-on--pointerdown=\"actions.preloadImage\" data-wp-on--pointerenter=\"actions.preloadImageWithDelay\" data-wp-on--pointerleave=\"actions.cancelPreload\" data-wp-on-window--resize=\"callbacks.setButtonStyles\" src=\"https:\/\/loudavymkrokem.cz\/wp-content\/uploads\/2024\/02\/Como-1.jpg\" alt=\"La ciudad de Como\" class=\"wp-image-82259\" title=\"\" srcset=\"https:\/\/loudavymkrokem.cz\/wp-content\/uploads\/2024\/02\/Como-1.jpg 1200w, https:\/\/loudavymkrokem.cz\/wp-content\/uploads\/2024\/02\/Como-1-300x200.jpg 300w, https:\/\/loudavymkrokem.cz\/wp-content\/uploads\/2024\/02\/Como-1-700x467.jpg 700w, https:\/\/loudavymkrokem.cz\/wp-content\/uploads\/2024\/02\/Como-1-768x512.jpg 768w, https:\/\/loudavymkrokem.cz\/wp-content\/uploads\/2024\/02\/Como-1-696x464.jpg 696w\" sizes=\"(max-width: 1200px) 100vw, 1200px\" \/><button\n\t\t\tclass=\"lightbox-trigger\"\n\t\t\ttype=\"button\"\n\t\t\taria-haspopup=\"dialog\"\n\t\t\tdata-wp-bind--aria-label=\"state.thisImage.triggerButtonAriaLabel\"\n\t\t\tdata-wp-init=\"callbacks.initTriggerButton\"\n\t\t\tdata-wp-on--click=\"actions.showLightbox\"\n\t\t\tdata-wp-style--right=\"state.thisImage.buttonRight\"\n\t\t\tdata-wp-style--top=\"state.thisImage.buttonTop\"\n\t\t>\n\t\t\t<svg xmlns=\"http:\/\/www.w3.org\/2000\/svg\" width=\"12\" height=\"12\" fill=\"none\" viewBox=\"0 0 12 12\">\n\t\t\t\t<path fill=\"#fff\" d=\"M2 0a2 2 0 0 0-2 2v2h1.5V2a.5.5 0 0 1 .5-.5h2V0H2Zm2 10.5H2a.5.5 0 0 1-.5-.5V8H0v2a2 2 0 0 0 2 2h2v-1.5ZM8 12v-1.5h2a.5.5 0 0 0 .5-.5V8H12v2a2 2 0 0 1-2 2H8Zm2-12a2 2 0 0 1 2 2v2h-1.5V2a.5.5 0 0 0-.5-.5H8V0h2Z\" \/>\n\t\t\t<\/svg>\n\t\t<\/button><figcaption class=\"wp-element-caption\">La ciudad de Como<\/figcaption><\/figure>\n\n\n\n<h3 class=\"wp-block-heading\"><span class=\"ez-toc-section\" id=\"Austria\"><\/span>Austria<span class=\"ez-toc-section-end\"><\/span><\/h3>\n\n\n\n<p class=\"wp-block-paragraph\"><strong>Si no quieres viajar muy lejos, visita <a href=\"https:\/\/loudavymkrokem.cz\/es\/viajes\/europa\/austria\/\" target=\"_blank\" data-type=\"link\" data-id=\"https:\/\/loudavymkrokem.cz\/cestovani\/evropa\/rakousko\/\" rel=\"noreferrer noopener\">Austria<\/a>.<\/strong> Austria en mayo ofrece una naturaleza primaveral preciosa y temperaturas agradables de unos 18-22 \u00b0C. Viena, la capital con su rica historia, est\u00e1 espl\u00e9ndidamente florida en esta \u00e9poca. No te olvides de visitar el palacio de Sch\u00f6nbrunn con sus preciosos jardines, la catedral de San Esteban, el Hofburg (antigua residencia imperial) o el palacio Belvedere con su colecci\u00f3n de arte.<\/p>\n\n\n\n<p class=\"wp-block-paragraph\">Salzburgo, ciudad natal de Wolfgang Amadeus Mozart, te encantar\u00e1 con su casco hist\u00f3rico coronado por la fortaleza de Hohensalzburg, la casa natal de Mozart y el palacio Mirabell con sus preciosos jardines. En los alrededores de Salzburgo merece la pena tambi\u00e9n la regi\u00f3n lacustre de Salzkammergut, con pueblos como Hallstatt o St. Wolfgang.<\/p>\n\n\n\n<p class=\"wp-block-paragraph\"><strong>\ud83d\udca1 Alojamiento recomendado:<\/strong> <strong><a class=\"thirstylink\" rel=\"nofollow\" target=\"_blank\" title=\"Pension Cafe zum M\u00fchlbach\" href=\"https:\/\/loudavymkrokem.cz\/doporucujeme\/pension-cafe-zum-muhlbach\/\" data-shortcode=\"true\">Pension Cafe zum M\u00fchlbach<\/a><\/strong><\/p>\n\n\n\n<figure data-wp-context=\"{&quot;imageId&quot;:&quot;6a9afccba17ac&quot;}\" data-wp-interactive=\"core\/image\" data-wp-key=\"6a9afccba17ac\" class=\"wp-block-image size-full wp-lightbox-container\"><img decoding=\"async\" width=\"1200\" height=\"800\" data-wp-class--hide=\"state.isContentHidden\" data-wp-class--show=\"state.isContentVisible\" data-wp-init=\"callbacks.setButtonStyles\" data-wp-on--click=\"actions.showLightbox\" data-wp-on--load=\"callbacks.setButtonStyles\" data-wp-on--pointerdown=\"actions.preloadImage\" data-wp-on--pointerenter=\"actions.preloadImageWithDelay\" data-wp-on--pointerleave=\"actions.cancelPreload\" data-wp-on-window--resize=\"callbacks.setButtonStyles\" src=\"https:\/\/loudavymkrokem.cz\/wp-content\/uploads\/2024\/08\/pet-prstu-hallstatt-vyhlidka.jpg\" alt=\"Los Cinco Dedos, Hallstatt\" class=\"wp-image-86275\" title=\"\" srcset=\"https:\/\/loudavymkrokem.cz\/wp-content\/uploads\/2024\/08\/pet-prstu-hallstatt-vyhlidka.jpg 1200w, https:\/\/loudavymkrokem.cz\/wp-content\/uploads\/2024\/08\/pet-prstu-hallstatt-vyhlidka-300x200.jpg 300w, https:\/\/loudavymkrokem.cz\/wp-content\/uploads\/2024\/08\/pet-prstu-hallstatt-vyhlidka-700x467.jpg 700w, https:\/\/loudavymkrokem.cz\/wp-content\/uploads\/2024\/08\/pet-prstu-hallstatt-vyhlidka-768x512.jpg 768w, https:\/\/loudavymkrokem.cz\/wp-content\/uploads\/2024\/08\/pet-prstu-hallstatt-vyhlidka-696x464.jpg 696w\" sizes=\"(max-width: 1200px) 100vw, 1200px\" \/><button\n\t\t\tclass=\"lightbox-trigger\"\n\t\t\ttype=\"button\"\n\t\t\taria-haspopup=\"dialog\"\n\t\t\tdata-wp-bind--aria-label=\"state.thisImage.triggerButtonAriaLabel\"\n\t\t\tdata-wp-init=\"callbacks.initTriggerButton\"\n\t\t\tdata-wp-on--click=\"actions.showLightbox\"\n\t\t\tdata-wp-style--right=\"state.thisImage.buttonRight\"\n\t\t\tdata-wp-style--top=\"state.thisImage.buttonTop\"\n\t\t>\n\t\t\t<svg xmlns=\"http:\/\/www.w3.org\/2000\/svg\" width=\"12\" height=\"12\" fill=\"none\" viewBox=\"0 0 12 12\">\n\t\t\t\t<path fill=\"#fff\" d=\"M2 0a2 2 0 0 0-2 2v2h1.5V2a.5.5 0 0 1 .5-.5h2V0H2Zm2 10.5H2a.5.5 0 0 1-.5-.5V8H0v2a2 2 0 0 0 2 2h2v-1.5ZM8 12v-1.5h2a.5.5 0 0 0 .5-.5V8H12v2a2 2 0 0 1-2 2H8Zm2-12a2 2 0 0 1 2 2v2h-1.5V2a.5.5 0 0 0-.5-.5H8V0h2Z\" \/>\n\t\t\t<\/svg>\n\t\t<\/button><figcaption class=\"wp-element-caption\">Los Cinco Dedos, Hallstatt<\/figcaption><\/figure>\n\n\n\n<h3 class=\"wp-block-heading\"><span class=\"ez-toc-section\" id=\"Alemania\"><\/span>Alemania<span class=\"ez-toc-section-end\"><\/span><\/h3>\n\n\n\n<p class=\"wp-block-paragraph\">Para unas vacaciones europeas, elige <strong><a href=\"https:\/\/loudavymkrokem.cz\/es\/viajes\/europa\/alemania\/\" target=\"_blank\" data-type=\"link\" data-id=\"https:\/\/loudavymkrokem.cz\/cestovani\/evropa\/nemecko\/\" rel=\"noreferrer noopener\">Alemania<\/a><\/strong>. <strong>En mayo rebosa de energ\u00eda primaveral, con temperaturas de unos 18-20 \u00b0C.<\/strong> Berl\u00edn, una capital vibrante, ofrece una combinaci\u00f3n de historia, cultura y estilo de vida moderno. Visita la Puerta de Brandeburgo, los restos del Muro de Berl\u00edn, la Isla de los Museos o el barrio de Kreuzberg con sus cafeter\u00edas y su arte urbano. M\u00fanich, la capital de Baviera, te encantar\u00e1 con su ambiente tradicional, la plaza Marienplatz con su famoso reloj astron\u00f3mico y el palacio de Nymphenburg con sus preciosos jardines.<\/p>\n\n\n\n<p class=\"wp-block-paragraph\">Tambi\u00e9n merece la pena la rom\u00e1ntica ruta a lo largo del r\u00edo Rin, con sus ruinas de castillos, sus preciosos vi\u00f1edos y pueblos como R\u00fcdesheim o Bacharach.<\/p>\n\n\n\n<p class=\"wp-block-paragraph\"><strong>\ud83d\udca1 Alojamiento recomendado:<\/strong> <strong><a class=\"thirstylink\" rel=\"nofollow\" target=\"_blank\" title=\"Motel One Berlin-Potsdamer Platz\" href=\"https:\/\/loudavymkrokem.cz\/doporucujeme\/motel-one-berlin-potsdamer-platz-2\/\" data-shortcode=\"true\">Motel One Berlin-Potsdamer Platz<\/a><\/strong><\/p>\n\n\n\n<figure data-wp-context=\"{&quot;imageId&quot;:&quot;6a9afccba2306&quot;}\" data-wp-interactive=\"core\/image\" data-wp-key=\"6a9afccba2306\" class=\"wp-block-image size-full wp-lightbox-container\"><img decoding=\"async\" width=\"1200\" height=\"800\" data-wp-class--hide=\"state.isContentHidden\" data-wp-class--show=\"state.isContentVisible\" data-wp-init=\"callbacks.setButtonStyles\" data-wp-on--click=\"actions.showLightbox\" data-wp-on--load=\"callbacks.setButtonStyles\" data-wp-on--pointerdown=\"actions.preloadImage\" data-wp-on--pointerenter=\"actions.preloadImageWithDelay\" data-wp-on--pointerleave=\"actions.cancelPreload\" data-wp-on-window--resize=\"callbacks.setButtonStyles\" src=\"https:\/\/loudavymkrokem.cz\/wp-content\/uploads\/2023\/05\/berlinska-katedrala.jpg\" alt=\"Berl\u00edn\" class=\"wp-image-59483\" title=\"\" srcset=\"https:\/\/loudavymkrokem.cz\/wp-content\/uploads\/2023\/05\/berlinska-katedrala.jpg 1200w, https:\/\/loudavymkrokem.cz\/wp-content\/uploads\/2023\/05\/berlinska-katedrala-300x200.jpg 300w, https:\/\/loudavymkrokem.cz\/wp-content\/uploads\/2023\/05\/berlinska-katedrala-1024x683.jpg 1024w, https:\/\/loudavymkrokem.cz\/wp-content\/uploads\/2023\/05\/berlinska-katedrala-768x512.jpg 768w\" sizes=\"(max-width: 1200px) 100vw, 1200px\" \/><button\n\t\t\tclass=\"lightbox-trigger\"\n\t\t\ttype=\"button\"\n\t\t\taria-haspopup=\"dialog\"\n\t\t\tdata-wp-bind--aria-label=\"state.thisImage.triggerButtonAriaLabel\"\n\t\t\tdata-wp-init=\"callbacks.initTriggerButton\"\n\t\t\tdata-wp-on--click=\"actions.showLightbox\"\n\t\t\tdata-wp-style--right=\"state.thisImage.buttonRight\"\n\t\t\tdata-wp-style--top=\"state.thisImage.buttonTop\"\n\t\t>\n\t\t\t<svg xmlns=\"http:\/\/www.w3.org\/2000\/svg\" width=\"12\" height=\"12\" fill=\"none\" viewBox=\"0 0 12 12\">\n\t\t\t\t<path fill=\"#fff\" d=\"M2 0a2 2 0 0 0-2 2v2h1.5V2a.5.5 0 0 1 .5-.5h2V0H2Zm2 10.5H2a.5.5 0 0 1-.5-.5V8H0v2a2 2 0 0 0 2 2h2v-1.5ZM8 12v-1.5h2a.5.5 0 0 0 .5-.5V8H12v2a2 2 0 0 1-2 2H8Zm2-12a2 2 0 0 1 2 2v2h-1.5V2a.5.5 0 0 0-.5-.5H8V0h2Z\" \/>\n\t\t\t<\/svg>\n\t\t<\/button><figcaption class=\"wp-element-caption\">Berl\u00edn<\/figcaption><\/figure>\n\n\n\n<h3 class=\"wp-block-heading\"><span class=\"ez-toc-section\" id=\"Eslovenia\"><\/span>Eslovenia<span class=\"ez-toc-section-end\"><\/span><\/h3>\n\n\n\n<p class=\"wp-block-paragraph\"><strong><a href=\"https:\/\/loudavymkrokem.cz\/es\/viajes\/europa\/eslovenia\/\" target=\"_blank\" data-type=\"link\" data-id=\"https:\/\/loudavymkrokem.cz\/cestovani\/evropa\/slovinsko\/\" rel=\"noreferrer noopener\">Eslovenia<\/a>, un pa\u00eds peque\u00f1o pero enormemente variado, est\u00e1 preciosamente verde en mayo, con temperaturas de unos 20-22 \u00b0C.<\/strong> Visita, por ejemplo, Liubliana, la capital con sus pintorescos puentes y su castillo. Pasea por la orilla del r\u00edo Ljubljanica, visita el mercado dise\u00f1ado por el famoso arquitecto Jo\u017ee Ple\u010dnik o sube en funicular al castillo de Liubliana, con vistas de toda la ciudad.<\/p>\n\n\n\n<p class=\"wp-block-paragraph\">Bled, una de las atracciones eslovenas m\u00e1s conocidas, ofrece un lago precioso con una islita en medio sobre la que se levanta una peque\u00f1a iglesia. Sobre el lago se alza un castillo medieval con vistas espectaculares. La temperatura del agua del lago de Bled ronda en mayo los 16-18 \u00b0C, aceptable solo para los nadadores m\u00e1s valientes. Cerca est\u00e1 tambi\u00e9n Bohinj, el mayor lago de Eslovenia, rodeado de preciosas monta\u00f1as.<\/p>\n\n\n\n<p class=\"wp-block-paragraph\">La costa eslovena es corta, pero ofrece bonitos pueblos como Piran, con su arquitectura veneciana, o Portoro\u017e, con sus playas y balnearios. La temperatura del mar Adri\u00e1tico en mayo ronda los 18 \u00b0C, para la mayor\u00eda de la gente todav\u00eda demasiado fresca para un ba\u00f1o largo.<\/p>\n\n\n\n<p class=\"wp-block-paragraph\"><strong>\ud83d\udca1 Alojamiento recomendado:<\/strong> <strong><a href=\"https:\/\/www.stay22.com\/allez\/booking?aid=lukaskonecny&amp;campaign=loudavymkrokemcz-codelatvbledu&amp;product=lma&amp;habl=false&amp;isinc=false&amp;sid22=b4bb4beb-3040-4cfa-a13f-5d915011e66d&amp;source=direct&amp;medium=deeplink&amp;address=4260+Bled%2C+Slovenia&amp;link=https%3A%2F%2Fwww.booking.com%2Fhotel%2Fsi%2Fbohinj.en-gb.html%3Faid%3D1479712%26sid%3D3b5f05b84a1ecd3af2ed58cde0c5ebc4%26dist%3D0%26group_adults%3D2%26keep_landing%3D1%26no_rooms%3D1%26sb_price_type%3Dtotal%26type%3Dtotal\" target=\"_blank\" rel=\"noreferrer noopener\">Hotel Bohinj<\/a><\/strong>&nbsp;<\/p>\n\n\n\n<figure data-wp-context=\"{&quot;imageId&quot;:&quot;6a9afccba2905&quot;}\" data-wp-interactive=\"core\/image\" data-wp-key=\"6a9afccba2905\" class=\"wp-block-image size-full wp-lightbox-container\"><img decoding=\"async\" width=\"1200\" height=\"800\" data-wp-class--hide=\"state.isContentHidden\" data-wp-class--show=\"state.isContentVisible\" data-wp-init=\"callbacks.setButtonStyles\" data-wp-on--click=\"actions.showLightbox\" data-wp-on--load=\"callbacks.setButtonStyles\" data-wp-on--pointerdown=\"actions.preloadImage\" data-wp-on--pointerenter=\"actions.preloadImageWithDelay\" data-wp-on--pointerleave=\"actions.cancelPreload\" data-wp-on-window--resize=\"callbacks.setButtonStyles\" src=\"https:\/\/loudavymkrokem.cz\/wp-content\/uploads\/2024\/08\/Vintgar-slovinsko.jpg\" alt=\"Eslovenia\" class=\"wp-image-86691\" title=\"\" srcset=\"https:\/\/loudavymkrokem.cz\/wp-content\/uploads\/2024\/08\/Vintgar-slovinsko.jpg 1200w, https:\/\/loudavymkrokem.cz\/wp-content\/uploads\/2024\/08\/Vintgar-slovinsko-300x200.jpg 300w, https:\/\/loudavymkrokem.cz\/wp-content\/uploads\/2024\/08\/Vintgar-slovinsko-700x467.jpg 700w, https:\/\/loudavymkrokem.cz\/wp-content\/uploads\/2024\/08\/Vintgar-slovinsko-768x512.jpg 768w, https:\/\/loudavymkrokem.cz\/wp-content\/uploads\/2024\/08\/Vintgar-slovinsko-696x464.jpg 696w\" sizes=\"(max-width: 1200px) 100vw, 1200px\" \/><button\n\t\t\tclass=\"lightbox-trigger\"\n\t\t\ttype=\"button\"\n\t\t\taria-haspopup=\"dialog\"\n\t\t\tdata-wp-bind--aria-label=\"state.thisImage.triggerButtonAriaLabel\"\n\t\t\tdata-wp-init=\"callbacks.initTriggerButton\"\n\t\t\tdata-wp-on--click=\"actions.showLightbox\"\n\t\t\tdata-wp-style--right=\"state.thisImage.buttonRight\"\n\t\t\tdata-wp-style--top=\"state.thisImage.buttonTop\"\n\t\t>\n\t\t\t<svg xmlns=\"http:\/\/www.w3.org\/2000\/svg\" width=\"12\" height=\"12\" fill=\"none\" viewBox=\"0 0 12 12\">\n\t\t\t\t<path fill=\"#fff\" d=\"M2 0a2 2 0 0 0-2 2v2h1.5V2a.5.5 0 0 1 .5-.5h2V0H2Zm2 10.5H2a.5.5 0 0 1-.5-.5V8H0v2a2 2 0 0 0 2 2h2v-1.5ZM8 12v-1.5h2a.5.5 0 0 0 .5-.5V8H12v2a2 2 0 0 1-2 2H8Zm2-12a2 2 0 0 1 2 2v2h-1.5V2a.5.5 0 0 0-.5-.5H8V0h2Z\" \/>\n\t\t\t<\/svg>\n\t\t<\/button><figcaption class=\"wp-element-caption\">Eslovenia<\/figcaption><\/figure>\n\n\n\n<h3 class=\"wp-block-heading\"><span class=\"ez-toc-section\" id=\"Groenlandia\"><\/span>Groenlandia<span class=\"ez-toc-section-end\"><\/span><\/h3>\n\n\n\n<p class=\"wp-block-paragraph\"><strong>Groenlandia en mayo es una experiencia absolutamente \u00fanica<\/strong>, porque la luz del sol dura cada vez m\u00e1s (hasta 20 horas al d\u00eda) y las temperaturas empiezan a subir, aunque siguen siendo fr\u00edas, entre 0 y 5 \u00b0C. Mayo es, sin embargo, la \u00e9poca ideal para observar glaciares, fiordos y naturaleza \u00e1rtica sin las temperaturas extremas del invierno.<\/p>\n\n\n\n<p class=\"wp-block-paragraph\"><strong>La zona m\u00e1s accesible es la costa suroeste, con ciudades como Nuuk (la capital), Ilulissat o Sisimiut.<\/strong> Ilulissat es famosa por su fiordo glaciar, declarado Patrimonio de la Humanidad por la Unesco, desde donde enormes bloques de hielo se desprenden al mar. Puedes hacer una excursi\u00f3n en barco entre los t\u00e9mpanos o recorrer alguna de las rutas de senderismo a lo largo del fiordo.<\/p>\n\n\n\n<p class=\"wp-block-paragraph\"><strong>\ud83d\udca1 Alojamiento recomendado:<\/strong> <strong><a class=\"thirstylink\" rel=\"nofollow\" target=\"_blank\" title=\"Hotel Sisimiut\" href=\"https:\/\/loudavymkrokem.cz\/doporucujeme\/hotel-sisimiut\/\" data-shortcode=\"true\">Hotel Sisimiut<\/a><\/strong><\/p>\n\n\n\n<figure data-wp-context=\"{&quot;imageId&quot;:&quot;6a9afccba2ec8&quot;}\" data-wp-interactive=\"core\/image\" data-wp-key=\"6a9afccba2ec8\" class=\"wp-block-image size-full wp-lightbox-container\"><img decoding=\"async\" width=\"1200\" height=\"630\" data-wp-class--hide=\"state.isContentHidden\" data-wp-class--show=\"state.isContentVisible\" data-wp-init=\"callbacks.setButtonStyles\" data-wp-on--click=\"actions.showLightbox\" data-wp-on--load=\"callbacks.setButtonStyles\" data-wp-on--pointerdown=\"actions.preloadImage\" data-wp-on--pointerenter=\"actions.preloadImageWithDelay\" data-wp-on--pointerleave=\"actions.cancelPreload\" data-wp-on-window--resize=\"callbacks.setButtonStyles\" src=\"https:\/\/loudavymkrokem.cz\/wp-content\/uploads\/2025\/02\/gronsko.jpg\" alt=\"Groenlandia\" class=\"wp-image-93898\" title=\"\" srcset=\"https:\/\/loudavymkrokem.cz\/wp-content\/uploads\/2025\/02\/gronsko.jpg 1200w, https:\/\/loudavymkrokem.cz\/wp-content\/uploads\/2025\/02\/gronsko-300x158.jpg 300w, https:\/\/loudavymkrokem.cz\/wp-content\/uploads\/2025\/02\/gronsko-700x368.jpg 700w, https:\/\/loudavymkrokem.cz\/wp-content\/uploads\/2025\/02\/gronsko-768x403.jpg 768w, https:\/\/loudavymkrokem.cz\/wp-content\/uploads\/2025\/02\/gronsko-696x365.jpg 696w\" sizes=\"(max-width: 1200px) 100vw, 1200px\" \/><button\n\t\t\tclass=\"lightbox-trigger\"\n\t\t\ttype=\"button\"\n\t\t\taria-haspopup=\"dialog\"\n\t\t\tdata-wp-bind--aria-label=\"state.thisImage.triggerButtonAriaLabel\"\n\t\t\tdata-wp-init=\"callbacks.initTriggerButton\"\n\t\t\tdata-wp-on--click=\"actions.showLightbox\"\n\t\t\tdata-wp-style--right=\"state.thisImage.buttonRight\"\n\t\t\tdata-wp-style--top=\"state.thisImage.buttonTop\"\n\t\t>\n\t\t\t<svg xmlns=\"http:\/\/www.w3.org\/2000\/svg\" width=\"12\" height=\"12\" fill=\"none\" viewBox=\"0 0 12 12\">\n\t\t\t\t<path fill=\"#fff\" d=\"M2 0a2 2 0 0 0-2 2v2h1.5V2a.5.5 0 0 1 .5-.5h2V0H2Zm2 10.5H2a.5.5 0 0 1-.5-.5V8H0v2a2 2 0 0 0 2 2h2v-1.5ZM8 12v-1.5h2a.5.5 0 0 0 .5-.5V8H12v2a2 2 0 0 1-2 2H8Zm2-12a2 2 0 0 1 2 2v2h-1.5V2a.5.5 0 0 0-.5-.5H8V0h2Z\" \/>\n\t\t\t<\/svg>\n\t\t<\/button><figcaption class=\"wp-element-caption\">Groenlandia<\/figcaption><\/figure>\n\n\n\n<div id=\"lk-stays\" class=\"lk-stays-module\">\n<style>\n\/* \u2500\u2500\u2500 RESET PRO GUTENBERG \u2500\u2500\u2500 *\/\n.lk-stays-module * { box-sizing: border-box; margin: 0; padding: 0; }\n\n\/* \u2500\u2500\u2500 WRAPPER \u2500\u2500\u2500 *\/\n.lk-stays-module {\n  font-family: 'DM Sans', Georgia, sans-serif;\n  max-width: 100%;\n  margin: 2.5rem auto;\n  background: linear-gradient(135deg, #fdfaf5 0%, #fcf8f0 100%);\n  border: 1px solid #e8dfd4;\n  border-radius: 16px;\n  overflow: hidden;\n  box-shadow: 0 16px 48px rgba(195, 159, 118, 0.25), 0 4px 12px rgba(0,0,0,0.08);\n}\n\n\/* \u2500\u2500\u2500 HEADER \u2500\u2500\u2500 *\/\n.lk-stays-header {\n  position: relative;\n  padding: 24px 36px 24px;\n  background: linear-gradient(135deg, #c39f76 0%, #d4b188 60%, #c39f76 100%);\n  border-bottom: 1px solid rgba(255,255,255,.15);\n  display: flex;\n  align-items: center;\n  gap: 18px;\n}\n.lk-stays-header::before {\n  content: '';\n  position: absolute;\n  inset: 0;\n  background: url(\"data:image\/svg+xml,%3Csvg width='60' height='60' viewBox='0 0 60 60' xmlns='http:\/\/www.w3.org\/2000\/svg'%3E%3Cg fill='none' fill-rule='evenodd'%3E%3Cg fill='%23ffffff' fill-opacity='0.05'%3E%3Cpath d='M36 34v-4h-2v4h-4v2h4v4h2v-4h4v-2h-4zm0-30V0h-2v4h-4v2h4v4h2V6h4V4h-4zM6 34v-4H4v4H0v2h4v4h2v-4h4v-2H6zM6 4V0H4v4H0v2h4v4h2V6h4V4H6z'\/%3E%3C\/g%3E%3C\/g%3E%3C\/svg%3E\") repeat;\n  pointer-events: none;\n}\n.lk-stays-icon {\n  flex-shrink: 0;\n  width: 68px;\n  height: 68px;\n  border-radius: 14px;\n  background: linear-gradient(135deg, #fff 0%, #f9f6f0 100%);\n  display: flex;\n  align-items: center;\n  justify-content: center;\n  font-size: 26px;\n  box-shadow: 0 4px 12px rgba(0,0,0,0.15);\n}\n.lk-stays-eyebrow {\n  font-size: 10px;\n  font-weight: 500;\n  letter-spacing: 2.5px;\n  text-transform: uppercase;\n  color: rgba(255,255,255,.85);\n  margin: 0 0 5px 0;\n}\n.lk-stays-title {\n  font-family: 'Playfair Display', Georgia, serif;\n  font-size: 24px;\n  font-weight: 700;\n  color: #fff;\n  line-height: 1.2;\n  text-shadow: 0 1px 2px rgba(0,0,0,0.1);\n  margin: 0;\n}\n.lk-stays-subtitle {\n  font-size: 13px;\n  color: rgba(255,255,255,.75);\n  margin: 4px 0 0 0;\n  font-weight: 300;\n}\n\n\/* \u2500\u2500\u2500 CARDS GRID \u2500\u2500\u2500 *\/\n.lk-stays-grid {\n  display: grid;\n  grid-template-columns: 1fr 1fr;\n  gap: 1px;\n  background: rgba(195, 159, 118, 0.12);\n}\n\n\/* \u2500\u2500\u2500 SINGLE CARD \u2500\u2500\u2500 *\/\n.lk-stay-card {\n  background: #ffffff;\n  padding: 26px;\n  display: flex;\n  flex-direction: column;\n  gap: 11px;\n  transition: all 0.3s ease;\n  text-decoration: none;\n  color: inherit;\n  position: relative;\n}\n.lk-stay-card:hover {\n  background: #fffbf5;\n  transform: translateY(-2px);\n  box-shadow: 0 8px 24px rgba(195, 159, 118, 0.18);\n  z-index: 1;\n}\n.lk-stay-card.featured {\n  background: linear-gradient(135deg, #fffdf9 0%, #fff9f0 100%);\n  box-shadow: 0 4px 16px rgba(195, 159, 118, 0.15), inset 0 1px 0 rgba(195, 159, 118, 0.1);\n}\n.lk-stay-card.featured:hover {\n  background: linear-gradient(135deg, #fffbf5 0%, #fff8ed 100%);\n  box-shadow: 0 8px 24px rgba(195, 159, 118, 0.25), inset 0 1px 0 rgba(195, 159, 118, 0.15);\n}\n\n.lk-stay-badge {\n  display: inline-flex;\n  align-items: center;\n  gap: 5px;\n  font-size: 10px;\n  font-weight: 500;\n  letter-spacing: 1.5px;\n  text-transform: uppercase;\n  padding: 5px 11px;\n  border-radius: 20px;\n  width: fit-content;\n}\n.badge-top     { background: linear-gradient(135deg, #c39f76 0%, #d4b188 100%); color: #fff; border: 1px solid #c39f76; font-weight: 600; box-shadow: 0 2px 8px rgba(195,159,118,0.3); }\n.badge-luxury  { background: rgba(195,159,118,.12); color: #c39f76; border: 1px solid rgba(195,159,118,.25); }\n.badge-boutique{ background: rgba(54,133,252,.08); color: #3685fc; border: 1px solid rgba(54,133,252,.2); }\n.badge-nature  { background: rgba(130,190,100,.1); color: #6b9c4a; border: 1px solid rgba(130,190,100,.2); }\n.badge-remote  { background: rgba(195,159,118,.12); color: #a67e50; border: 1px solid rgba(195,159,118,.25); }\n\n.lk-stay-name {\n  font-family: 'Playfair Display', Georgia, serif;\n  font-size: 18px;\n  font-weight: 700;\n  color: #111827;\n  line-height: 1.3;\n}\n.lk-stay-desc {\n  font-size: 13.5px;\n  color: #525252;\n  line-height: 1.65;\n  font-weight: 300;\n  flex: 1;\n}\n\n.lk-stay-meta {\n  display: flex;\n  align-items: center;\n  gap: 12px;\n  flex-wrap: wrap;\n  margin-top: 4px;\n}\n.lk-stay-price {\n  font-size: 13px;\n  color: #6b7280;\n}\n.lk-stay-price strong {\n  color: #c39f76;\n  font-weight: 500;\n}\n.lk-stay-stars {\n  color: #c39f76;\n  font-size: 11px;\n  letter-spacing: 1px;\n}\n\n\/* \u2500\u2500\u2500 CTA BUTTON \u2500\u2500\u2500 *\/\n.lk-stay-cta {\n  display: inline-flex;\n  align-items: center;\n  justify-content: center;\n  gap: 7px;\n  margin-top: 8px;\n  padding: 11px 20px;\n  border-radius: 8px;\n  background: linear-gradient(135deg, #3685fc 0%, #2a6fd9 100%);\n  color: #fff;\n  font-size: 13px;\n  font-weight: 500;\n  text-decoration: none;\n  letter-spacing: .3px;\n  transition: all .2s ease;\n  cursor: pointer;\n  border: none;\n  text-align: center;\n  box-shadow: 0 4px 12px rgba(54, 133, 252, 0.25);\n}\n.lk-stay-cta:hover {\n  background: linear-gradient(135deg, #2a6fd9 0%, #1e5bc4 100%);\n  transform: translateY(-1px);\n  box-shadow: 0 6px 16px rgba(54, 133, 252, 0.35);\n}\n.lk-stay-cta svg { flex-shrink: 0; }\n\n\/* \u2500\u2500\u2500 FOOTER \u2500\u2500\u2500 *\/\n.lk-stays-footer {\n  padding: 18px 36px;\n  background: linear-gradient(to bottom, #fdfaf5 0%, #f9f4ed 100%);\n  border-top: 1px solid rgba(195, 159, 118, 0.15);\n  display: flex;\n  align-items: center;\n  justify-content: space-between;\n  flex-wrap: wrap;\n  gap: 12px;\n}\n.lk-stays-footer-note {\n  font-size: 11.5px;\n  color: #6b7280;\n  font-weight: 300;\n  line-height: 1.5;\n}\n.lk-stays-footer-note a {\n  color: #c39f76;\n  text-decoration: none;\n  font-weight: 400;\n}\n.lk-stays-footer-note a:hover {\n  text-decoration: underline;\n}\n.lk-stays-all-btn {\n  display: inline-flex;\n  align-items: center;\n  gap: 6px;\n  font-size: 12.5px;\n  font-weight: 500;\n  color: #c39f76;\n  text-decoration: none;\n  border: 1px solid rgba(195, 159, 118, 0.35);\n  padding: 8px 18px;\n  border-radius: 8px;\n  transition: all .2s ease;\n}\n.lk-stays-all-btn:hover {\n  background: rgba(195, 159, 118, 0.08);\n  border-color: rgba(195, 159, 118, 0.5);\n}\n\n\/* \u2500\u2500\u2500 RESPONSIVE \u2500\u2500\u2500 *\/\n@media (max-width: 600px) {\n  .lk-stays-grid { grid-template-columns: 1fr; }\n  .lk-stays-header { padding: 24px 20px; }\n  .lk-stays-footer { padding: 16px 20px; }\n  .lk-stay-card { padding: 22px; }\n  .lk-stays-title { font-size: 20px; }\n}\n<\/style>\n\n  <!-- HEADER -->\n  <div class=\"lk-stays-header\">\n    <img decoding=\"async\" src=\"https:\/\/loudavymkrokem.cz\/wp-content\/uploads\/2026\/02\/lukas-a-lucka.jpg\" alt=\"\" style=\"width: 75px; height: 75px; border-radius: 8px; flex-shrink: 0; object-fit: cover; display: block; margin: 4px 0;\" title=\"\">\n    <div class=\"lk-stays-header-text\">\n      <div class=\"lk-stays-eyebrow\">Luk\u00e1\u0161 y Lucie recomiendan<\/div>\n      <div class=\"lk-stays-title\">D\u00f3nde alojarse en mayo<\/div>\n      <div class=\"lk-stays-subtitle\">6 alojamientos \u2014 resorts, hoteles y otras opciones<\/div>\n    <\/div>\n  <\/div>\n\n  <!-- CARDS -->\n  <div class=\"lk-stays-grid\">\n\n    <a class=\"lk-stay-card featured\" href=\"https:\/\/loudavymkrokem.cz\/doporucujeme\/hilton-alexandria-kings-ranch-hotel\/\" target=\"_blank\" rel=\"nofollow noopener\">\n      <span class=\"lk-stay-badge badge-top\">\u2b50 MEJOR OPCI\u00d3N<\/span>\n      <span class=\"lk-stay-badge badge-nature\">\ud83c\udfe8 Hotel<\/span>\n      <div class=\"lk-stay-name\">Hilton Alexandria King&#8217;s Ranch Hotel<\/div>\n      <div class=\"lk-stay-desc\">Hotel de lujo en Egipto, ideal para unas vacaciones en el mar Rojo.<\/div>\n      <div class=\"lk-stay-meta\">\n        <span class=\"lk-stay-stars\">\u2605\u2605\u2605\u2605<\/span>\n        <span class=\"lk-stay-price\">Consultar precios<\/span>\n      <\/div>\n      <span class=\"lk-stay-cta\">\n        <svg width=\"14\" height=\"14\" viewBox=\"0 0 24 24\" fill=\"none\" stroke=\"currentColor\" stroke-width=\"2\"><path d=\"M18 13v6a2 2 0 0 1-2 2H5a2 2 0 0 1-2-2V8a2 2 0 0 1 2-2h6\"\/><polyline points=\"15 3 21 3 21 9\"\/><line x1=\"10\" y1=\"14\" x2=\"21\" y2=\"3\"\/><\/svg>\n        Ver disponibilidad\n      <\/span>\n    <\/a>\n\n    <a class=\"lk-stay-card\" href=\"https:\/\/loudavymkrokem.cz\/doporucujeme\/sunny-hill-alya-hotel\/\" target=\"_blank\" rel=\"nofollow noopener\">\n      <span class=\"lk-stay-badge badge-nature\">\ud83c\udfe8 Hotel<\/span>\n      <div class=\"lk-stay-name\">Sunny Hill Alya Hotel<\/div>\n      <div class=\"lk-stay-desc\">Hotel en Turqu\u00eda con vistas a la riviera, perfecto para las vacaciones de mayo.<\/div>\n      <div class=\"lk-stay-meta\">\n        <span class=\"lk-stay-stars\">\u2605\u2605\u2605\u2605<\/span>\n        <span class=\"lk-stay-price\">Consultar precios<\/span>\n      <\/div>\n      <span class=\"lk-stay-cta\">\n        <svg width=\"14\" height=\"14\" viewBox=\"0 0 24 24\" fill=\"none\" stroke=\"currentColor\" stroke-width=\"2\"><path d=\"M18 13v6a2 2 0 0 1-2 2H5a2 2 0 0 1-2-2V8a2 2 0 0 1 2-2h6\"\/><polyline points=\"15 3 21 3 21 9\"\/><line x1=\"10\" y1=\"14\" x2=\"21\" y2=\"3\"\/><\/svg>\n        Ver disponibilidad\n      <\/span>\n    <\/a>\n\n    <a class=\"lk-stay-card\" href=\"https:\/\/loudavymkrokem.cz\/doporucujeme\/marina-elite\/\" target=\"_blank\" rel=\"nofollow noopener\">\n      <span class=\"lk-stay-badge badge-nature\">\ud83c\udf32 Resort<\/span>\n      <div class=\"lk-stay-name\">Marina Elite<\/div>\n      <div class=\"lk-stay-desc\">Resort en las Islas Canarias con acceso a playas y actividades.<\/div>\n      <div class=\"lk-stay-meta\">\n        <span class=\"lk-stay-stars\">\u2605\u2605\u2605\u2605<\/span>\n        <span class=\"lk-stay-price\">Consultar precios<\/span>\n      <\/div>\n      <span class=\"lk-stay-cta\">\n        <svg width=\"14\" height=\"14\" viewBox=\"0 0 24 24\" fill=\"none\" stroke=\"currentColor\" stroke-width=\"2\"><path d=\"M18 13v6a2 2 0 0 1-2 2H5a2 2 0 0 1-2-2V8a2 2 0 0 1 2-2h6\"\/><polyline points=\"15 3 21 3 21 9\"\/><line x1=\"10\" y1=\"14\" x2=\"21\" y2=\"3\"\/><\/svg>\n        Ver disponibilidad\n      <\/span>\n    <\/a>\n\n    <a class=\"lk-stay-card\" href=\"https:\/\/loudavymkrokem.cz\/doporucujeme\/constantinou-bros-athena-beach-hotel\/\" target=\"_blank\" rel=\"nofollow noopener\">\n      <span class=\"lk-stay-badge badge-nature\">\ud83c\udfd6\ufe0f Playa<\/span>\n      <div class=\"lk-stay-name\">Constantinou Bros Athena Beach Hotel<\/div>\n      <div class=\"lk-stay-desc\">Hotel de playa en Chipre con acceso al mar turquesa.<\/div>\n      <div class=\"lk-stay-meta\">\n        <span class=\"lk-stay-stars\">\u2605\u2605\u2605\u2605<\/span>\n        <span class=\"lk-stay-price\">Consultar precios<\/span>\n      <\/div>\n      <span class=\"lk-stay-cta\">\n        <svg width=\"14\" height=\"14\" viewBox=\"0 0 24 24\" fill=\"none\" stroke=\"currentColor\" stroke-width=\"2\"><path d=\"M18 13v6a2 2 0 0 1-2 2H5a2 2 0 0 1-2-2V8a2 2 0 0 1 2-2h6\"\/><polyline points=\"15 3 21 3 21 9\"\/><line x1=\"10\" y1=\"14\" x2=\"21\" y2=\"3\"\/><\/svg>\n        Ver disponibilidad\n      <\/span>\n    <\/a>\n\n    <a class=\"lk-stay-card\" href=\"https:\/\/www.stay22.com\/allez\/booking?aid=lukaskonecny&#038;campaign=loudavymkrokemcz-kamnadovolenouvbreznu&#038;product=allez&#038;habl=false&#038;isinc=false&#038;sid22=b4bb4beb-3040-4cfa-a13f-5d915011e66d&#038;campaign=loudavymkrokemcz-kamnadovolenouvprosinci-loudavymkrokemcz-kamnadovolenouvlistopadu&#038;source=direct&#038;medium=deeplink&#038;address=Czechia&#038;link=https%3A%2F%2Fwww.booking.com%2Fhotel%2Fcv%2Fmelia-tortuga-beach.cs.html\" target=\"_blank\" rel=\"nofollow noopener\">\n      <span class=\"lk-stay-badge badge-nature\">\ud83c\udf32 Resort<\/span>\n      <div class=\"lk-stay-name\">Melia Tortuga Beach Resort &#038; Spa<\/div>\n      <div class=\"lk-stay-desc\">Resort de lujo en Cabo Verde, ideal para playas y deportes acu\u00e1ticos.<\/div>\n      <div class=\"lk-stay-meta\">\n        <span class=\"lk-stay-stars\">\u2605\u2605\u2605\u2605<\/span>\n        <span class=\"lk-stay-price\">Consultar precios<\/span>\n      <\/div>\n      <span class=\"lk-stay-cta\">\n        <svg width=\"14\" height=\"14\" viewBox=\"0 0 24 24\" fill=\"none\" stroke=\"currentColor\" stroke-width=\"2\"><path d=\"M18 13v6a2 2 0 0 1-2 2H5a2 2 0 0 1-2-2V8a2 2 0 0 1 2-2h6\"\/><polyline points=\"15 3 21 3 21 9\"\/><line x1=\"10\" y1=\"14\" x2=\"21\" y2=\"3\"\/><\/svg>\n        Ver disponibilidad\n      <\/span>\n    <\/a>\n\n    <a class=\"lk-stay-card\" href=\"https:\/\/loudavymkrokem.cz\/doporucujeme\/holiday-inn-express-beijing-downtown-by-ihg\/\" target=\"_blank\" rel=\"nofollow noopener\">\n      <span class=\"lk-stay-badge badge-nature\">\ud83c\udfe8 Hotel<\/span>\n      <div class=\"lk-stay-name\">Holiday Inn Express Beijing Downtown by IHG<\/div>\n      <div class=\"lk-stay-desc\">Hotel moderno en el centro de Pek\u00edn, ideal para descubrir China.<\/div>\n      <div class=\"lk-stay-meta\">\n        <span class=\"lk-stay-stars\">\u2605\u2605\u2605\u2605<\/span>\n        <span class=\"lk-stay-price\">Consultar precios<\/span>\n      <\/div>\n      <span class=\"lk-stay-cta\">\n        <svg width=\"14\" height=\"14\" viewBox=\"0 0 24 24\" fill=\"none\" stroke=\"currentColor\" stroke-width=\"2\"><path d=\"M18 13v6a2 2 0 0 1-2 2H5a2 2 0 0 1-2-2V8a2 2 0 0 1 2-2h6\"\/><polyline points=\"15 3 21 3 21 9\"\/><line x1=\"10\" y1=\"14\" x2=\"21\" y2=\"3\"\/><\/svg>\n        Ver disponibilidad\n      <\/span>\n    <\/a>\n\n  <\/div>\n\n  \n<\/div>\n\n\n\n<h3 class=\"wp-block-heading\"><span class=\"ez-toc-section\" id=\"Taiwan\"><\/span>Taiw\u00e1n<span class=\"ez-toc-section-end\"><\/span><\/h3>\n\n\n\n<p class=\"wp-block-paragraph\"><strong>En Taiw\u00e1n las temperaturas en mayo son agradables, de unos 25-28 \u00b0C, aunque con m\u00e1s humedad y alg\u00fan chubasco ocasional.<\/strong> El mar tiene unos 25 \u00b0C, as\u00ed que tambi\u00e9n puedes ba\u00f1arte, sobre todo en la costa sur de la isla.<\/p>\n\n\n\n<p class=\"wp-block-paragraph\">Taip\u00e9i, la capital, es una fascinante mezcla de tradici\u00f3n y modernidad. Visita el rascacielos Taipei 101, que hasta hace poco fue el edificio m\u00e1s alto del mundo, el Museo Nacional del Palacio con la mayor colecci\u00f3n de arte chino del mundo o los mercados nocturnos como Shilin o Raohe, donde puedes probar todo tipo de especialidades locales. Cerca de Taip\u00e9i merece la pena visitar tambi\u00e9n el pueblo de Jiufen, que sirvi\u00f3 de inspiraci\u00f3n para algunas escenas de la pel\u00edcula de animaci\u00f3n El viaje de Chihiro.<\/p>\n\n\n\n<p class=\"wp-block-paragraph\">El parque nacional de Taroko, en la costa este de la isla, ofrece desfiladeros de m\u00e1rmol, cascadas y rutas de senderismo. En la costa sur encontrar\u00e1s preciosas playas en los alrededores de la ciudad de Kenting, donde puedes disfrutar de ba\u00f1os y deportes acu\u00e1ticos. Para los amantes de la naturaleza tambi\u00e9n hay altas monta\u00f1as como el Yushan (Monte de Jade), la cima m\u00e1s alta de Taiw\u00e1n, o las aguas termales de Beitou, cerca de Taip\u00e9i.<\/p>\n\n\n\n<p class=\"wp-block-paragraph\"><strong>\ud83d\udca1 Alojamiento recomendado:<\/strong> <strong><a class=\"thirstylink\" rel=\"nofollow\" target=\"_blank\" title=\"Guide Hotel Taipei Chongqing\" href=\"https:\/\/loudavymkrokem.cz\/doporucujeme\/guide-hotel-taipei-chongqing\/\" data-shortcode=\"true\">Guide Hotel Taipei Chongqing<\/a><\/strong><\/p>\n\n\n\n<figure data-wp-context=\"{&quot;imageId&quot;:&quot;6a9afccba363f&quot;}\" data-wp-interactive=\"core\/image\" data-wp-key=\"6a9afccba363f\" class=\"wp-block-image size-full wp-lightbox-container\"><img decoding=\"async\" width=\"1200\" height=\"630\" data-wp-class--hide=\"state.isContentHidden\" data-wp-class--show=\"state.isContentVisible\" data-wp-init=\"callbacks.setButtonStyles\" data-wp-on--click=\"actions.showLightbox\" data-wp-on--load=\"callbacks.setButtonStyles\" data-wp-on--pointerdown=\"actions.preloadImage\" data-wp-on--pointerenter=\"actions.preloadImageWithDelay\" data-wp-on--pointerleave=\"actions.cancelPreload\" data-wp-on-window--resize=\"callbacks.setButtonStyles\" src=\"https:\/\/loudavymkrokem.cz\/wp-content\/uploads\/2025\/02\/Tchaj-pej.jpg\" alt=\"Taip\u00e9i\" class=\"wp-image-93903\" title=\"\" srcset=\"https:\/\/loudavymkrokem.cz\/wp-content\/uploads\/2025\/02\/Tchaj-pej.jpg 1200w, https:\/\/loudavymkrokem.cz\/wp-content\/uploads\/2025\/02\/Tchaj-pej-300x158.jpg 300w, https:\/\/loudavymkrokem.cz\/wp-content\/uploads\/2025\/02\/Tchaj-pej-700x368.jpg 700w, https:\/\/loudavymkrokem.cz\/wp-content\/uploads\/2025\/02\/Tchaj-pej-768x403.jpg 768w, https:\/\/loudavymkrokem.cz\/wp-content\/uploads\/2025\/02\/Tchaj-pej-696x365.jpg 696w\" sizes=\"(max-width: 1200px) 100vw, 1200px\" \/><button\n\t\t\tclass=\"lightbox-trigger\"\n\t\t\ttype=\"button\"\n\t\t\taria-haspopup=\"dialog\"\n\t\t\tdata-wp-bind--aria-label=\"state.thisImage.triggerButtonAriaLabel\"\n\t\t\tdata-wp-init=\"callbacks.initTriggerButton\"\n\t\t\tdata-wp-on--click=\"actions.showLightbox\"\n\t\t\tdata-wp-style--right=\"state.thisImage.buttonRight\"\n\t\t\tdata-wp-style--top=\"state.thisImage.buttonTop\"\n\t\t>\n\t\t\t<svg xmlns=\"http:\/\/www.w3.org\/2000\/svg\" width=\"12\" height=\"12\" fill=\"none\" viewBox=\"0 0 12 12\">\n\t\t\t\t<path fill=\"#fff\" d=\"M2 0a2 2 0 0 0-2 2v2h1.5V2a.5.5 0 0 1 .5-.5h2V0H2Zm2 10.5H2a.5.5 0 0 1-.5-.5V8H0v2a2 2 0 0 0 2 2h2v-1.5ZM8 12v-1.5h2a.5.5 0 0 0 .5-.5V8H12v2a2 2 0 0 1-2 2H8Zm2-12a2 2 0 0 1 2 2v2h-1.5V2a.5.5 0 0 0-.5-.5H8V0h2Z\" \/>\n\t\t\t<\/svg>\n\t\t<\/button><figcaption class=\"wp-element-caption\">Taip\u00e9i<\/figcaption><\/figure>\n\n\n\n<h3 class=\"wp-block-heading\"><span class=\"ez-toc-section\" id=\"Albania\"><\/span>Albania<span class=\"ez-toc-section-end\"><\/span><\/h3>\n\n\n\n<p class=\"wp-block-paragraph\"><strong><a href=\"https:\/\/loudavymkrokem.cz\/es\/viajes\/europa\/albania\/\" target=\"_blank\" data-type=\"link\" data-id=\"https:\/\/loudavymkrokem.cz\/cestovani\/evropa\/albanie\/\" rel=\"noreferrer noopener\">Albania<\/a> sigue siendo una perla todav\u00eda poco descubierta de los Balcanes, y mayo es la \u00e9poca ideal para visitarla.<\/strong> Las temperaturas rondan los 22-25 \u00b0C y el mar tiene unos 19-20 \u00b0C. <strong>Localidades como Saranda, Ksamil o Durr\u00ebs ofrecen preciosas playas de agua turquesa<\/strong>, y Ksamil se compara a menudo con destinos ex\u00f3ticos por su arena blanca y su agua cristalina.<\/p>\n\n\n\n<p class=\"wp-block-paragraph\">Tirana, la capital, es una ciudad viva y cosmopolita, con edificios de colores, museos y parques. Visita el edificio con forma de pir\u00e1mide (originalmente el mausoleo del dictador comunista Enver Hoxha), la plaza Skanderbeg o el barrio de Blloku, antes reservado solo para la \u00e9lite comunista y hoy lleno de cafeter\u00edas, restaurantes y bares.<\/p>\n\n\n\n<p class=\"wp-block-paragraph\">Ciudades hist\u00f3ricas como Berat o Gjirokast\u00ebr (ambas declaradas Patrimonio de la Humanidad por la Unesco) te cautivar\u00e1n con su arquitectura otomana y su ambiente. Berat, conocida como \u00abla ciudad de las mil ventanas\u00bb, se extiende por la ladera de una colina con casas blancas escalonadas, mientras que Gjirokast\u00ebr presume de una imponente fortaleza y casas de piedra.<\/p>\n\n\n\n<p class=\"wp-block-paragraph\"><strong>\ud83d\udca1 Alojamiento recomendado:<\/strong> <strong><a class=\"thirstylink\" rel=\"nofollow\" target=\"_blank\" title=\"Vila Melina\" href=\"https:\/\/loudavymkrokem.cz\/doporucujeme\/vila-melina\/\" data-shortcode=\"true\">Vila Melina<\/a><\/strong><\/p>\n\n\n\n<figure data-wp-context=\"{&quot;imageId&quot;:&quot;6a9afccba3cd7&quot;}\" data-wp-interactive=\"core\/image\" data-wp-key=\"6a9afccba3cd7\" class=\"wp-block-image size-full wp-lightbox-container\"><img decoding=\"async\" width=\"1200\" height=\"800\" data-wp-class--hide=\"state.isContentHidden\" data-wp-class--show=\"state.isContentVisible\" data-wp-init=\"callbacks.setButtonStyles\" data-wp-on--click=\"actions.showLightbox\" data-wp-on--load=\"callbacks.setButtonStyles\" data-wp-on--pointerdown=\"actions.preloadImage\" data-wp-on--pointerenter=\"actions.preloadImageWithDelay\" data-wp-on--pointerleave=\"actions.cancelPreload\" data-wp-on-window--resize=\"callbacks.setButtonStyles\" src=\"https:\/\/loudavymkrokem.cz\/wp-content\/uploads\/2023\/07\/borsh-plaz.jpg\" alt=\"Playa de Borsh en Albania\" class=\"wp-image-63167\" title=\"\" srcset=\"https:\/\/loudavymkrokem.cz\/wp-content\/uploads\/2023\/07\/borsh-plaz.jpg 1200w, https:\/\/loudavymkrokem.cz\/wp-content\/uploads\/2023\/07\/borsh-plaz-300x200.jpg 300w, https:\/\/loudavymkrokem.cz\/wp-content\/uploads\/2023\/07\/borsh-plaz-700x467.jpg 700w, https:\/\/loudavymkrokem.cz\/wp-content\/uploads\/2023\/07\/borsh-plaz-768x512.jpg 768w, https:\/\/loudavymkrokem.cz\/wp-content\/uploads\/2023\/07\/borsh-plaz-696x464.jpg 696w\" sizes=\"(max-width: 1200px) 100vw, 1200px\" \/><button\n\t\t\tclass=\"lightbox-trigger\"\n\t\t\ttype=\"button\"\n\t\t\taria-haspopup=\"dialog\"\n\t\t\tdata-wp-bind--aria-label=\"state.thisImage.triggerButtonAriaLabel\"\n\t\t\tdata-wp-init=\"callbacks.initTriggerButton\"\n\t\t\tdata-wp-on--click=\"actions.showLightbox\"\n\t\t\tdata-wp-style--right=\"state.thisImage.buttonRight\"\n\t\t\tdata-wp-style--top=\"state.thisImage.buttonTop\"\n\t\t>\n\t\t\t<svg xmlns=\"http:\/\/www.w3.org\/2000\/svg\" width=\"12\" height=\"12\" fill=\"none\" viewBox=\"0 0 12 12\">\n\t\t\t\t<path fill=\"#fff\" d=\"M2 0a2 2 0 0 0-2 2v2h1.5V2a.5.5 0 0 1 .5-.5h2V0H2Zm2 10.5H2a.5.5 0 0 1-.5-.5V8H0v2a2 2 0 0 0 2 2h2v-1.5ZM8 12v-1.5h2a.5.5 0 0 0 .5-.5V8H12v2a2 2 0 0 1-2 2H8Zm2-12a2 2 0 0 1 2 2v2h-1.5V2a.5.5 0 0 0-.5-.5H8V0h2Z\" \/>\n\t\t\t<\/svg>\n\t\t<\/button><figcaption class=\"wp-element-caption\">Albania<\/figcaption><\/figure>\n\n\n\n<h3 class=\"wp-block-heading\"><span class=\"ez-toc-section\" id=\"Bali\"><\/span>Bali<span class=\"ez-toc-section-end\"><\/span><\/h3>\n\n\n\n<p class=\"wp-block-paragraph\">Indonesia ofrece en mayo condiciones clim\u00e1ticas muy diversas seg\u00fan la zona. <strong>Bali y las islas cercanas como Lombok o las Gili tienen en esta \u00e9poca condiciones ideales para las vacaciones, con temperaturas de unos 30 \u00b0C y precipitaciones m\u00ednimas.<\/strong> La temperatura del mar ronda los 29 \u00b0C, algo absolutamente perfecto para ba\u00f1arse, hacer snorkel o bucear.<\/p>\n\n\n\n<p class=\"wp-block-paragraph\">En Bali visita templos como Tanah Lot (templo en el mar), Uluwatu (templo en el acantilado) o Besakih (el templo m\u00e1s grande y sagrado). Ubud, en el interior de la isla, es el centro cultural, con galer\u00edas de arte, templos y arrozales en terraza en los alrededores. Las zonas del sur de la isla como Kuta, Seminyak o Nusa Dua ofrecen playas preciosas y una infraestructura tur\u00edstica muy desarrollada.<\/p>\n\n\n\n<p class=\"wp-block-paragraph\">Si quieres vivir algo menos tur\u00edstico, ve a la isla de Java, donde encontrar\u00e1s Borobudur \u2014el mayor templo budista del mundo\u2014 o el volc\u00e1n Bromo con su paisaje casi extraterrestre. La isla de Komodo alberga los gigantescos dragones de Komodo, mientras que Sumatra y Kalimantan (Borneo) ofrecen selvas tropicales y la posibilidad de observar orangutanes en libertad.<\/p>\n\n\n\n<p class=\"wp-block-paragraph\"><strong>\ud83d\udca1 Alojamiento recomendado:<\/strong> <strong><a class=\"thirstylink\" rel=\"nofollow\" target=\"_blank\" title=\"Amnaya Resort Kuta\" href=\"https:\/\/loudavymkrokem.cz\/doporucujeme\/amnaya-resort-kuta\/\" data-shortcode=\"true\">Amnaya Resort Kuta<\/a><\/strong><\/p>\n\n\n\n<figure data-wp-context=\"{&quot;imageId&quot;:&quot;6a9afccba414b&quot;}\" data-wp-interactive=\"core\/image\" data-wp-key=\"6a9afccba414b\" class=\"wp-block-image size-full wp-lightbox-container\"><img decoding=\"async\" width=\"1200\" height=\"630\" data-wp-class--hide=\"state.isContentHidden\" data-wp-class--show=\"state.isContentVisible\" data-wp-init=\"callbacks.setButtonStyles\" data-wp-on--click=\"actions.showLightbox\" data-wp-on--load=\"callbacks.setButtonStyles\" data-wp-on--pointerdown=\"actions.preloadImage\" data-wp-on--pointerenter=\"actions.preloadImageWithDelay\" data-wp-on--pointerleave=\"actions.cancelPreload\" data-wp-on-window--resize=\"callbacks.setButtonStyles\" src=\"https:\/\/loudavymkrokem.cz\/wp-content\/uploads\/2025\/01\/bali.jpg\" alt=\"Bali\" class=\"wp-image-91812\" title=\"\" srcset=\"https:\/\/loudavymkrokem.cz\/wp-content\/uploads\/2025\/01\/bali.jpg 1200w, https:\/\/loudavymkrokem.cz\/wp-content\/uploads\/2025\/01\/bali-300x158.jpg 300w, https:\/\/loudavymkrokem.cz\/wp-content\/uploads\/2025\/01\/bali-700x368.jpg 700w, https:\/\/loudavymkrokem.cz\/wp-content\/uploads\/2025\/01\/bali-768x403.jpg 768w, https:\/\/loudavymkrokem.cz\/wp-content\/uploads\/2025\/01\/bali-696x365.jpg 696w\" sizes=\"(max-width: 1200px) 100vw, 1200px\" \/><button\n\t\t\tclass=\"lightbox-trigger\"\n\t\t\ttype=\"button\"\n\t\t\taria-haspopup=\"dialog\"\n\t\t\tdata-wp-bind--aria-label=\"state.thisImage.triggerButtonAriaLabel\"\n\t\t\tdata-wp-init=\"callbacks.initTriggerButton\"\n\t\t\tdata-wp-on--click=\"actions.showLightbox\"\n\t\t\tdata-wp-style--right=\"state.thisImage.buttonRight\"\n\t\t\tdata-wp-style--top=\"state.thisImage.buttonTop\"\n\t\t>\n\t\t\t<svg xmlns=\"http:\/\/www.w3.org\/2000\/svg\" width=\"12\" height=\"12\" fill=\"none\" viewBox=\"0 0 12 12\">\n\t\t\t\t<path fill=\"#fff\" d=\"M2 0a2 2 0 0 0-2 2v2h1.5V2a.5.5 0 0 1 .5-.5h2V0H2Zm2 10.5H2a.5.5 0 0 1-.5-.5V8H0v2a2 2 0 0 0 2 2h2v-1.5ZM8 12v-1.5h2a.5.5 0 0 0 .5-.5V8H12v2a2 2 0 0 1-2 2H8Zm2-12a2 2 0 0 1 2 2v2h-1.5V2a.5.5 0 0 0-.5-.5H8V0h2Z\" \/>\n\t\t\t<\/svg>\n\t\t<\/button><figcaption class=\"wp-element-caption\">Bali<\/figcaption><\/figure>\n\n\n\n<h3 class=\"wp-block-heading\"><span class=\"ez-toc-section\" id=\"Grecia\"><\/span>Grecia<span class=\"ez-toc-section-end\"><\/span><\/h3>\n\n\n\n<p class=\"wp-block-paragraph\"><strong><a href=\"https:\/\/loudavymkrokem.cz\/es\/viajes\/europa\/grecia\/\" target=\"_blank\" data-type=\"link\" data-id=\"https:\/\/loudavymkrokem.cz\/cestovani\/evropa\/recko\/\" rel=\"noreferrer noopener\">Grecia<\/a> ofrece en mayo un tiempo precioso, con temperaturas de unos 23-26 \u00b0C y un mar de 19-21 \u00b0C.<\/strong> Las localidades del continente y de las islas todav\u00eda no est\u00e1n abarrotadas de turistas, pero la mayor\u00eda de los restaurantes y atracciones ya est\u00e1n abiertos.<\/p>\n\n\n\n<p class=\"wp-block-paragraph\">Atenas, la capital con su rica historia, te cautivar\u00e1 con la Acr\u00f3polis y el Parten\u00f3n, el \u00c1gora (el antiguo mercado), el Museo Arqueol\u00f3gico Nacional o el animado barrio de Plaka. Desde all\u00ed puedes hacer una excursi\u00f3n de un d\u00eda a Delfos, con su famoso or\u00e1culo, o al Peloponeso, con sus monumentos antiguos como Micenas, Epidauro u Olimpia.<\/p>\n\n\n\n<p class=\"wp-block-paragraph\"><strong>De las islas griegas, en mayo Creta es una opci\u00f3n estupenda<\/strong>: la isla m\u00e1s grande y meridional, donde ya hace suficiente calor tanto para ba\u00f1arse como para descubrir monumentos minoicos como el palacio de Cnosos o recorrer el impresionante desfiladero de Samaria.<\/p>\n\n\n\n<p class=\"wp-block-paragraph\"><strong>\ud83d\udca1 Alojamiento recomendado:<\/strong> <strong><a class=\"thirstylink\" rel=\"nofollow\" target=\"_blank\" title=\"Arina Beach Resort\" href=\"https:\/\/loudavymkrokem.cz\/doporucujeme\/arina-beach-resort\/\" data-shortcode=\"true\">Arina Beach Resort<\/a><\/strong><\/p>\n\n\n\n<figure data-wp-context=\"{&quot;imageId&quot;:&quot;6a9afccba4667&quot;}\" data-wp-interactive=\"core\/image\" data-wp-key=\"6a9afccba4667\" class=\"wp-block-image size-full wp-lightbox-container\"><img decoding=\"async\" width=\"1200\" height=\"800\" data-wp-class--hide=\"state.isContentHidden\" data-wp-class--show=\"state.isContentVisible\" data-wp-init=\"callbacks.setButtonStyles\" data-wp-on--click=\"actions.showLightbox\" data-wp-on--load=\"callbacks.setButtonStyles\" data-wp-on--pointerdown=\"actions.preloadImage\" data-wp-on--pointerenter=\"actions.preloadImageWithDelay\" data-wp-on--pointerleave=\"actions.cancelPreload\" data-wp-on-window--resize=\"callbacks.setButtonStyles\" src=\"https:\/\/loudavymkrokem.cz\/wp-content\/uploads\/2023\/12\/kreta.jpg\" alt=\"En Creta el agua es cristalina\" class=\"wp-image-78262\" title=\"\" srcset=\"https:\/\/loudavymkrokem.cz\/wp-content\/uploads\/2023\/12\/kreta.jpg 1200w, https:\/\/loudavymkrokem.cz\/wp-content\/uploads\/2023\/12\/kreta-300x200.jpg 300w, https:\/\/loudavymkrokem.cz\/wp-content\/uploads\/2023\/12\/kreta-700x467.jpg 700w, https:\/\/loudavymkrokem.cz\/wp-content\/uploads\/2023\/12\/kreta-768x512.jpg 768w, https:\/\/loudavymkrokem.cz\/wp-content\/uploads\/2023\/12\/kreta-696x464.jpg 696w\" sizes=\"(max-width: 1200px) 100vw, 1200px\" \/><button\n\t\t\tclass=\"lightbox-trigger\"\n\t\t\ttype=\"button\"\n\t\t\taria-haspopup=\"dialog\"\n\t\t\tdata-wp-bind--aria-label=\"state.thisImage.triggerButtonAriaLabel\"\n\t\t\tdata-wp-init=\"callbacks.initTriggerButton\"\n\t\t\tdata-wp-on--click=\"actions.showLightbox\"\n\t\t\tdata-wp-style--right=\"state.thisImage.buttonRight\"\n\t\t\tdata-wp-style--top=\"state.thisImage.buttonTop\"\n\t\t>\n\t\t\t<svg xmlns=\"http:\/\/www.w3.org\/2000\/svg\" width=\"12\" height=\"12\" fill=\"none\" viewBox=\"0 0 12 12\">\n\t\t\t\t<path fill=\"#fff\" d=\"M2 0a2 2 0 0 0-2 2v2h1.5V2a.5.5 0 0 1 .5-.5h2V0H2Zm2 10.5H2a.5.5 0 0 1-.5-.5V8H0v2a2 2 0 0 0 2 2h2v-1.5ZM8 12v-1.5h2a.5.5 0 0 0 .5-.5V8H12v2a2 2 0 0 1-2 2H8Zm2-12a2 2 0 0 1 2 2v2h-1.5V2a.5.5 0 0 0-.5-.5H8V0h2Z\" \/>\n\t\t\t<\/svg>\n\t\t<\/button><figcaption class=\"wp-element-caption\">Creta<\/figcaption><\/figure>\n\n\n\n<h3 class=\"wp-block-heading\"><span class=\"ez-toc-section\" id=\"Oman\"><\/span>Om\u00e1n<span class=\"ez-toc-section-end\"><\/span><\/h3>\n\n\n\n<p class=\"wp-block-paragraph\"><strong>Om\u00e1n ofrece en mayo temperaturas m\u00e1s agradables, de unos 35 \u00b0C, antes de que llegue el verdadero calor del verano.<\/strong> La temperatura del mar ronda los 30 \u00b0C, ideal para ba\u00f1arse y hacer actividades acu\u00e1ticas. Mascate, la capital, combina arquitectura moderna con elementos \u00e1rabes tradicionales. Visita la Gran Mezquita del Sult\u00e1n Qab\u00fas, el Mutrah Souq (el mercado \u00e1rabe tradicional) o la \u00f3pera real, la primera de su tipo en la regi\u00f3n del golfo P\u00e9rsico.<\/p>\n\n\n\n<p class=\"wp-block-paragraph\">La zona de Musandam, en el norte del pa\u00eds, ofrece fiordos que recuerdan a Noruega, pero en un entorno des\u00e9rtico. Las excursiones mar\u00edtimas desde la ciudad de Khasab te permiten observar delfines y descubrir calas escondidas. Para los amantes del desierto est\u00e1 Wahiba Sands, con sus dunas doradas, donde puedes pasar una noche bajo las estrellas en un campamento beduino.<\/p>\n\n\n\n<p class=\"wp-block-paragraph\">La ciudad de Nizwa, en el interior, con su imponente fortaleza y su tradicional mercado de ganado, es el lugar perfecto para conocer la cultura y la historia de Om\u00e1n. Tambi\u00e9n merece la pena Jebel Shams (la monta\u00f1a m\u00e1s alta de Om\u00e1n) con su \u00abGran Ca\u00f1\u00f3n de Arabia\u00bb o el oasis de Wadi Bani Khalid, con sus pozas turquesa en medio del paisaje des\u00e9rtico.<\/p>\n\n\n\n<p class=\"wp-block-paragraph\"><strong>\ud83d\udca1 Alojamiento recomendado:<\/strong> <strong><a class=\"thirstylink\" rel=\"nofollow\" target=\"_blank\" title=\"Al Bustan Palace\" href=\"https:\/\/loudavymkrokem.cz\/doporucujeme\/al-bustan-palace\/\" data-shortcode=\"true\">Al Bustan Palace<\/a><\/strong><\/p>\n\n\n\n<figure data-wp-context=\"{&quot;imageId&quot;:&quot;6a9afccba4cb3&quot;}\" data-wp-interactive=\"core\/image\" data-wp-key=\"6a9afccba4cb3\" class=\"wp-block-image size-full wp-lightbox-container\"><img decoding=\"async\" width=\"1200\" height=\"800\" data-wp-class--hide=\"state.isContentHidden\" data-wp-class--show=\"state.isContentVisible\" data-wp-init=\"callbacks.setButtonStyles\" data-wp-on--click=\"actions.showLightbox\" data-wp-on--load=\"callbacks.setButtonStyles\" data-wp-on--pointerdown=\"actions.preloadImage\" data-wp-on--pointerenter=\"actions.preloadImageWithDelay\" data-wp-on--pointerleave=\"actions.cancelPreload\" data-wp-on-window--resize=\"callbacks.setButtonStyles\" src=\"https:\/\/loudavymkrokem.cz\/wp-content\/uploads\/2024\/11\/oman.jpg\" alt=\"Om\u00e1n\" class=\"wp-image-90811\" title=\"\" srcset=\"https:\/\/loudavymkrokem.cz\/wp-content\/uploads\/2024\/11\/oman.jpg 1200w, https:\/\/loudavymkrokem.cz\/wp-content\/uploads\/2024\/11\/oman-300x200.jpg 300w, https:\/\/loudavymkrokem.cz\/wp-content\/uploads\/2024\/11\/oman-700x467.jpg 700w, https:\/\/loudavymkrokem.cz\/wp-content\/uploads\/2024\/11\/oman-768x512.jpg 768w, https:\/\/loudavymkrokem.cz\/wp-content\/uploads\/2024\/11\/oman-696x464.jpg 696w\" sizes=\"(max-width: 1200px) 100vw, 1200px\" \/><button\n\t\t\tclass=\"lightbox-trigger\"\n\t\t\ttype=\"button\"\n\t\t\taria-haspopup=\"dialog\"\n\t\t\tdata-wp-bind--aria-label=\"state.thisImage.triggerButtonAriaLabel\"\n\t\t\tdata-wp-init=\"callbacks.initTriggerButton\"\n\t\t\tdata-wp-on--click=\"actions.showLightbox\"\n\t\t\tdata-wp-style--right=\"state.thisImage.buttonRight\"\n\t\t\tdata-wp-style--top=\"state.thisImage.buttonTop\"\n\t\t>\n\t\t\t<svg xmlns=\"http:\/\/www.w3.org\/2000\/svg\" width=\"12\" height=\"12\" fill=\"none\" viewBox=\"0 0 12 12\">\n\t\t\t\t<path fill=\"#fff\" d=\"M2 0a2 2 0 0 0-2 2v2h1.5V2a.5.5 0 0 1 .5-.5h2V0H2Zm2 10.5H2a.5.5 0 0 1-.5-.5V8H0v2a2 2 0 0 0 2 2h2v-1.5ZM8 12v-1.5h2a.5.5 0 0 0 .5-.5V8H12v2a2 2 0 0 1-2 2H8Zm2-12a2 2 0 0 1 2 2v2h-1.5V2a.5.5 0 0 0-.5-.5H8V0h2Z\" \/>\n\t\t\t<\/svg>\n\t\t<\/button><figcaption class=\"wp-element-caption\">Om\u00e1n<\/figcaption><\/figure>\n\n\n\n<h3 class=\"wp-block-heading\"><span class=\"ez-toc-section\" id=\"Seychelles\"><\/span>Seychelles<span class=\"ez-toc-section-end\"><\/span><\/h3>\n\n\n\n<p class=\"wp-block-paragraph\"><strong>Las Seychelles, un archipi\u00e9lago en el oc\u00e9ano \u00cdndico, ofrecen en mayo condiciones ideales para las vacaciones, con temperaturas de unos 30 \u00b0C y un mar de 29 \u00b0C.<\/strong> Aunque es el comienzo de la temporada de lluvias, los chubascos suelen ser breves y se alternan r\u00e1pidamente con el tiempo soleado.<\/p>\n\n\n\n<p class=\"wp-block-paragraph\">La isla principal, Mah\u00e9, alberga la capital, Victoria (una de las capitales m\u00e1s peque\u00f1as del mundo), playas preciosas como Beau Vallon o Anse Intendance y el parque nacional de Morne Seychellois, con su selva tropical.<\/p>\n\n\n\n<p class=\"wp-block-paragraph\">Para los amantes del snorkel y el buceo, las Seychelles son un para\u00edso, con agua cristalina y una rica vida submarina. <strong>Puedes visitar parques nacionales marinos como Sainte Anne o Port Launay<\/strong>, donde podr\u00e1s observar arrecifes de coral de vivos colores, peces tropicales, tortugas o rayas. Tambi\u00e9n merece la pena visitar reservas de aves como Aride o Cousin Island, donde anidan muchas especies end\u00e9micas.<\/p>\n\n\n\n<p class=\"wp-block-paragraph\"><strong>\ud83d\udca1 Alojamiento recomendado:<\/strong> <strong><a class=\"thirstylink\" rel=\"nofollow\" target=\"_blank\" title=\"Paradise Sun Hotel Seychelles\" href=\"https:\/\/loudavymkrokem.cz\/doporucujeme\/paradise-sun-hotel-seychelles\/\" data-shortcode=\"true\">Paradise Sun Hotel Seychelles<\/a><\/strong><\/p>\n\n\n\n<figure data-wp-context=\"{&quot;imageId&quot;:&quot;6a9afccba5284&quot;}\" data-wp-interactive=\"core\/image\" data-wp-key=\"6a9afccba5284\" class=\"wp-block-image size-full wp-lightbox-container\"><img decoding=\"async\" width=\"1200\" height=\"800\" data-wp-class--hide=\"state.isContentHidden\" data-wp-class--show=\"state.isContentVisible\" data-wp-init=\"callbacks.setButtonStyles\" data-wp-on--click=\"actions.showLightbox\" data-wp-on--load=\"callbacks.setButtonStyles\" data-wp-on--pointerdown=\"actions.preloadImage\" data-wp-on--pointerenter=\"actions.preloadImageWithDelay\" data-wp-on--pointerleave=\"actions.cancelPreload\" data-wp-on-window--resize=\"callbacks.setButtonStyles\" src=\"https:\/\/loudavymkrokem.cz\/wp-content\/uploads\/2024\/11\/seychely.jpg\" alt=\"Seychelles\" class=\"wp-image-90816\" title=\"\" srcset=\"https:\/\/loudavymkrokem.cz\/wp-content\/uploads\/2024\/11\/seychely.jpg 1200w, https:\/\/loudavymkrokem.cz\/wp-content\/uploads\/2024\/11\/seychely-300x200.jpg 300w, https:\/\/loudavymkrokem.cz\/wp-content\/uploads\/2024\/11\/seychely-700x467.jpg 700w, https:\/\/loudavymkrokem.cz\/wp-content\/uploads\/2024\/11\/seychely-768x512.jpg 768w, https:\/\/loudavymkrokem.cz\/wp-content\/uploads\/2024\/11\/seychely-696x464.jpg 696w\" sizes=\"(max-width: 1200px) 100vw, 1200px\" \/><button\n\t\t\tclass=\"lightbox-trigger\"\n\t\t\ttype=\"button\"\n\t\t\taria-haspopup=\"dialog\"\n\t\t\tdata-wp-bind--aria-label=\"state.thisImage.triggerButtonAriaLabel\"\n\t\t\tdata-wp-init=\"callbacks.initTriggerButton\"\n\t\t\tdata-wp-on--click=\"actions.showLightbox\"\n\t\t\tdata-wp-style--right=\"state.thisImage.buttonRight\"\n\t\t\tdata-wp-style--top=\"state.thisImage.buttonTop\"\n\t\t>\n\t\t\t<svg xmlns=\"http:\/\/www.w3.org\/2000\/svg\" width=\"12\" height=\"12\" fill=\"none\" viewBox=\"0 0 12 12\">\n\t\t\t\t<path fill=\"#fff\" d=\"M2 0a2 2 0 0 0-2 2v2h1.5V2a.5.5 0 0 1 .5-.5h2V0H2Zm2 10.5H2a.5.5 0 0 1-.5-.5V8H0v2a2 2 0 0 0 2 2h2v-1.5ZM8 12v-1.5h2a.5.5 0 0 0 .5-.5V8H12v2a2 2 0 0 1-2 2H8Zm2-12a2 2 0 0 1 2 2v2h-1.5V2a.5.5 0 0 0-.5-.5H8V0h2Z\" \/>\n\t\t\t<\/svg>\n\t\t<\/button><figcaption class=\"wp-element-caption\">Seychelles<\/figcaption><\/figure>\n\n\n\n<h3 class=\"wp-block-heading\"><span class=\"ez-toc-section\" id=\"Emiratos_Arabes_Unidos\"><\/span>Emiratos \u00c1rabes Unidos<span class=\"ez-toc-section-end\"><\/span><\/h3>\n\n\n\n<p class=\"wp-block-paragraph\"><strong>Los <a href=\"https:\/\/loudavymkrokem.cz\/es\/viajes\/asia\/emiratos-arabes-unidos\/\" target=\"_blank\" data-type=\"link\" data-id=\"https:\/\/loudavymkrokem.cz\/cestovani\/asie\/spojene-arabske-emiraty\/\" rel=\"noreferrer noopener\">Emiratos \u00c1rabes Unidos<\/a> ofrecen en mayo los \u00faltimos d\u00edas agradables antes de que llegue el calor del verano.<\/strong> Las temperaturas rondan los 35-38 \u00b0C y el mar tiene unos agradables 28-30 \u00b0C, ideal para ba\u00f1arse y practicar deportes acu\u00e1ticos.<\/p>\n\n\n\n<p class=\"wp-block-paragraph\"><strong>Dub\u00e1i, el m\u00e1s conocido de los emiratos, te cautivar\u00e1 con su arquitectura futurista<\/strong>, incluido el edificio m\u00e1s alto del mundo, el Burj Khalifa, el archipi\u00e9lago artificial de Palm Jumeirah o la pista de esqu\u00ed en medio del desierto en el Mall of the Emirates.<\/p>\n\n\n\n<p class=\"wp-block-paragraph\">Abu Dabi, la capital de los EAU, ofrece la impresionante Mezquita del Jeque Zayed, el parque de atracciones Ferrari World con la monta\u00f1a rusa m\u00e1s r\u00e1pida del mundo o el reci\u00e9n inaugurado Louvre Abu Dhabi. Para los amantes de la naturaleza est\u00e1 la isla de Sir Bani Yas, con su reserva natural donde puedes observar oryx \u00e1rabes, gacelas o jirafas.<\/p>\n\n\n\n<p class=\"wp-block-paragraph\">Fujairah, en la costa este junto al golfo de Om\u00e1n, est\u00e1 menos desarrollado, pero ofrece excelentes condiciones para el buceo y el snorkel. Ras Al Khaimah, en el norte del pa\u00eds, combina playas preciosas con un interior monta\u00f1oso, donde encontrar\u00e1s la monta\u00f1a m\u00e1s alta de los EAU, el Jebel Jais, con la tirolina m\u00e1s larga del mundo.<\/p>\n\n\n\n<p class=\"wp-block-paragraph\"><strong>\ud83d\udca1 Alojamiento recomendado:<\/strong> <strong><a href=\"https:\/\/www.stay22.com\/allez\/booking?aid=lukaskonecny&amp;campaign=loudavymkrokemcz-dubajdovolena&amp;product=lma&amp;habl=false&amp;isinc=false&amp;sid22=b4bb4beb-3040-4cfa-a13f-5d915011e66d&amp;source=direct&amp;medium=deeplink&amp;address=Dubai+-+United+Arab+Emirates&amp;link=https%3A%2F%2Fwww.booking.com%2Fhotel%2Fae%2Fsimply-comfort-luxury-sarai-apartments.cs.html%3Faid%3D304142%26label%3Dgen173nr-1FCAEoggI46AdIM1gEaLsBiAEBmAEFuAEHyAEN2AEB6AEB-AEMiAIBqAIDuALfzMSpBsACAdICJGQ5NGIwY2RkLTE3MjYtNGZkMy05OTJhLWE4ZTg3OTg4OTYwMtgCBuACAQ%26sid%3D9de2d90bf1d0eecc771b8df0a20cae1e%26age%3D12%3Bage%3D9%3Ball_sr_blocks%3D568156206_216467685_4_0_0%3Bcheckin%3D2023-11-06%3Bcheckout%3D2023-11-11%3Bdest_id%3D-782831%3Bdest_type%3Dcity%3Bdist%3D0%3Bgroup_adults%3D2%3Bgroup_children%3D2%3Bhapos%3D23%3Bhighlighted_blocks%3D568156206_216467685_4_0_0%3Bhpos%3D23%3Bmatching_block_id%3D568156206_216467685_4_0_0%3Bnflt%3Dfamily_friendly_property%253D1%3Bno_rooms%3D2%3Breq_adults%3D2%3Breq_age%3D12%3Breq_age%3D9%3Breq_children%3D2%3Broom1%3DA%252C9%3Broom2%3DA%252C12%3Bsb_price_type%3Dtotal%3Bsr_order%3Dpopularity%3Bsr_pri_blocks%3D568156206_216467685_4_0_0__594907%3Bsrepoch%3D1697726723%3Bsrpvid%3D52405baa393400cb%3Btype%3Dtotal%3Bucfs%3D1%26\" target=\"_blank\" rel=\"noreferrer noopener\">GLOBALSTAY Holiday Homes<\/a><\/strong><\/p>\n\n\n\n<figure data-wp-context=\"{&quot;imageId&quot;:&quot;6a9afccba5971&quot;}\" data-wp-interactive=\"core\/image\" data-wp-key=\"6a9afccba5971\" class=\"wp-block-image size-full wp-lightbox-container\"><img decoding=\"async\" width=\"1200\" height=\"630\" data-wp-class--hide=\"state.isContentHidden\" data-wp-class--show=\"state.isContentVisible\" data-wp-init=\"callbacks.setButtonStyles\" data-wp-on--click=\"actions.showLightbox\" data-wp-on--load=\"callbacks.setButtonStyles\" data-wp-on--pointerdown=\"actions.preloadImage\" data-wp-on--pointerenter=\"actions.preloadImageWithDelay\" data-wp-on--pointerleave=\"actions.cancelPreload\" data-wp-on-window--resize=\"callbacks.setButtonStyles\" src=\"https:\/\/loudavymkrokem.cz\/wp-content\/uploads\/2025\/01\/dubaj.jpg\" alt=\"Dub\u00e1i\" class=\"wp-image-91797\" title=\"\" srcset=\"https:\/\/loudavymkrokem.cz\/wp-content\/uploads\/2025\/01\/dubaj.jpg 1200w, https:\/\/loudavymkrokem.cz\/wp-content\/uploads\/2025\/01\/dubaj-300x158.jpg 300w, https:\/\/loudavymkrokem.cz\/wp-content\/uploads\/2025\/01\/dubaj-700x368.jpg 700w, https:\/\/loudavymkrokem.cz\/wp-content\/uploads\/2025\/01\/dubaj-768x403.jpg 768w, https:\/\/loudavymkrokem.cz\/wp-content\/uploads\/2025\/01\/dubaj-696x365.jpg 696w\" sizes=\"(max-width: 1200px) 100vw, 1200px\" \/><button\n\t\t\tclass=\"lightbox-trigger\"\n\t\t\ttype=\"button\"\n\t\t\taria-haspopup=\"dialog\"\n\t\t\tdata-wp-bind--aria-label=\"state.thisImage.triggerButtonAriaLabel\"\n\t\t\tdata-wp-init=\"callbacks.initTriggerButton\"\n\t\t\tdata-wp-on--click=\"actions.showLightbox\"\n\t\t\tdata-wp-style--right=\"state.thisImage.buttonRight\"\n\t\t\tdata-wp-style--top=\"state.thisImage.buttonTop\"\n\t\t>\n\t\t\t<svg xmlns=\"http:\/\/www.w3.org\/2000\/svg\" width=\"12\" height=\"12\" fill=\"none\" viewBox=\"0 0 12 12\">\n\t\t\t\t<path fill=\"#fff\" d=\"M2 0a2 2 0 0 0-2 2v2h1.5V2a.5.5 0 0 1 .5-.5h2V0H2Zm2 10.5H2a.5.5 0 0 1-.5-.5V8H0v2a2 2 0 0 0 2 2h2v-1.5ZM8 12v-1.5h2a.5.5 0 0 0 .5-.5V8H12v2a2 2 0 0 1-2 2H8Zm2-12a2 2 0 0 1 2 2v2h-1.5V2a.5.5 0 0 0-.5-.5H8V0h2Z\" \/>\n\t\t\t<\/svg>\n\t\t<\/button><figcaption class=\"wp-element-caption\">Dub\u00e1i<\/figcaption><\/figure>\n\n\n\n<h3 class=\"wp-block-heading\"><span class=\"ez-toc-section\" id=\"Paises_Bajos\"><\/span>Pa\u00edses Bajos<span class=\"ez-toc-section-end\"><\/span><\/h3>\n\n\n\n<p class=\"wp-block-paragraph\"><strong><a href=\"https:\/\/loudavymkrokem.cz\/es\/viajes\/europa\/paises-bajos\/\" target=\"_blank\" data-type=\"link\" data-id=\"https:\/\/loudavymkrokem.cz\/cestovani\/evropa\/nizozemsko\/\" rel=\"noreferrer noopener\">Los Pa\u00edses Bajos<\/a><\/strong> rebosan color en mayo: los campos de tulipanes todav\u00eda est\u00e1n parcialmente en flor (sobre todo a principios de mayo), mientras que los parques y jardines florecen con muchas otras flores. Las temperaturas son agradables, de unos 17-20 \u00b0C, ideales para descubrir ciudades o hacer rutas en bicicleta.<\/p>\n\n\n\n<p class=\"wp-block-paragraph\">\u00c1msterdam, la capital, ofrece, adem\u00e1s de sus famosos canales, museos de fama mundial como el Rijksmuseum con obras de los maestros holandeses, el Museo Van Gogh o la Casa de Ana Frank.<\/p>\n\n\n\n<p class=\"wp-block-paragraph\">Keukenhof, el mayor jard\u00edn de flores del mundo, est\u00e1 abierto hasta mediados de mayo y exhibe millones de flores, sobre todo tulipanes, en sus jardines maravillosamente cuidados. Rotterdam, la segunda ciudad m\u00e1s grande, es conocida por su arquitectura moderna, como las Casas Cubo, el puente Erasmo o el mercado Markthal. La Haya, sede del Gobierno neerland\u00e9s y de tribunales internacionales, ofrece, adem\u00e1s de su casco hist\u00f3rico, acceso a las playas del mar del Norte en la cercana Scheveningen.<\/p>\n\n\n\n<p class=\"wp-block-paragraph\"><strong>\ud83d\udca1 Alojamiento recomendado:<\/strong> <strong><a class=\"thirstylink\" rel=\"nofollow\" target=\"_blank\" title=\"Alexander Hotel\" href=\"https:\/\/loudavymkrokem.cz\/doporucujeme\/alexander-hotel\/\" data-shortcode=\"true\">Alexander Hotel<\/a><\/strong><\/p>\n\n\n\n<figure data-wp-context=\"{&quot;imageId&quot;:&quot;6a9afccba602c&quot;}\" data-wp-interactive=\"core\/image\" data-wp-key=\"6a9afccba602c\" class=\"wp-block-image size-full wp-lightbox-container\"><img decoding=\"async\" width=\"1200\" height=\"800\" data-wp-class--hide=\"state.isContentHidden\" data-wp-class--show=\"state.isContentVisible\" data-wp-init=\"callbacks.setButtonStyles\" data-wp-on--click=\"actions.showLightbox\" data-wp-on--load=\"callbacks.setButtonStyles\" data-wp-on--pointerdown=\"actions.preloadImage\" data-wp-on--pointerenter=\"actions.preloadImageWithDelay\" data-wp-on--pointerleave=\"actions.cancelPreload\" data-wp-on-window--resize=\"callbacks.setButtonStyles\" src=\"https:\/\/loudavymkrokem.cz\/wp-content\/uploads\/2024\/08\/Amsterdam-nizozemsko.jpg\" alt=\"\u00c1msterdam\" class=\"wp-image-86683\" title=\"\" srcset=\"https:\/\/loudavymkrokem.cz\/wp-content\/uploads\/2024\/08\/Amsterdam-nizozemsko.jpg 1200w, https:\/\/loudavymkrokem.cz\/wp-content\/uploads\/2024\/08\/Amsterdam-nizozemsko-300x200.jpg 300w, https:\/\/loudavymkrokem.cz\/wp-content\/uploads\/2024\/08\/Amsterdam-nizozemsko-700x467.jpg 700w, https:\/\/loudavymkrokem.cz\/wp-content\/uploads\/2024\/08\/Amsterdam-nizozemsko-768x512.jpg 768w, https:\/\/loudavymkrokem.cz\/wp-content\/uploads\/2024\/08\/Amsterdam-nizozemsko-696x464.jpg 696w\" sizes=\"(max-width: 1200px) 100vw, 1200px\" \/><button\n\t\t\tclass=\"lightbox-trigger\"\n\t\t\ttype=\"button\"\n\t\t\taria-haspopup=\"dialog\"\n\t\t\tdata-wp-bind--aria-label=\"state.thisImage.triggerButtonAriaLabel\"\n\t\t\tdata-wp-init=\"callbacks.initTriggerButton\"\n\t\t\tdata-wp-on--click=\"actions.showLightbox\"\n\t\t\tdata-wp-style--right=\"state.thisImage.buttonRight\"\n\t\t\tdata-wp-style--top=\"state.thisImage.buttonTop\"\n\t\t>\n\t\t\t<svg xmlns=\"http:\/\/www.w3.org\/2000\/svg\" width=\"12\" height=\"12\" fill=\"none\" viewBox=\"0 0 12 12\">\n\t\t\t\t<path fill=\"#fff\" d=\"M2 0a2 2 0 0 0-2 2v2h1.5V2a.5.5 0 0 1 .5-.5h2V0H2Zm2 10.5H2a.5.5 0 0 1-.5-.5V8H0v2a2 2 0 0 0 2 2h2v-1.5ZM8 12v-1.5h2a.5.5 0 0 0 .5-.5V8H12v2a2 2 0 0 1-2 2H8Zm2-12a2 2 0 0 1 2 2v2h-1.5V2a.5.5 0 0 0-.5-.5H8V0h2Z\" \/>\n\t\t\t<\/svg>\n\t\t<\/button><figcaption class=\"wp-element-caption\">\u00c1msterdam<\/figcaption><\/figure>\n\n\n\n<h3 class=\"wp-block-heading\"><span class=\"ez-toc-section\" id=\"Marruecos\"><\/span>Marruecos<span class=\"ez-toc-section-end\"><\/span><\/h3>\n\n\n\n<p class=\"wp-block-paragraph\"><strong><a href=\"https:\/\/loudavymkrokem.cz\/es\/viajes\/africa\/marruecos\/\" target=\"_blank\" data-type=\"link\" data-id=\"https:\/\/loudavymkrokem.cz\/cestovani\/afrika\/maroko\/\" rel=\"noreferrer noopener\">Marruecos<\/a> ofrece en mayo condiciones ideales para viajar, con temperaturas de unos 25-28 \u00b0C, antes de que llegue el calor del verano.<\/strong> Marrakech, una de las ciudades m\u00e1s conocidas de Marruecos, te cautivar\u00e1 con su animada plaza Yamaa el Fna, que por la noche cobra vida con artistas callejeros, vendedores de comida y cuentacuentos. Visita tambi\u00e9n la hist\u00f3rica medina (el casco antiguo), el palacio de la Bah\u00eda o los jardines Majorelle, que antes pertenec\u00edan al dise\u00f1ador de moda Yves Saint Laurent.<\/p>\n\n\n\n<p class=\"wp-block-paragraph\">Fez, con su medina antigua (la m\u00e1s grande del mundo sin coches), ofrece una experiencia aut\u00e9ntica de la vida marroqu\u00ed, con sus talleres artesanales, sus curtidur\u00edas tradicionales y sus hist\u00f3ricas madrazas (escuelas isl\u00e1micas). Casablanca, la ciudad m\u00e1s grande, es un moderno centro de negocios con la monumental mezquita de Hassan II, construida en parte sobre el mar.<\/p>\n\n\n\n<p class=\"wp-block-paragraph\">Si te gusta la naturaleza, visita la cordillera del Atlas, con sus majestuosas cumbres, sus aldeas bereberes tradicionales y valles preciosos como Ourika o Draa. El S\u00e1hara, en el sur del pa\u00eds, ofrece la posibilidad de dar un paseo en camello y pasar la noche bajo las estrellas en un campamento n\u00f3mada tradicional.<\/p>\n\n\n\n<p class=\"wp-block-paragraph\"><strong>\ud83d\udca1 Alojamiento recomendado:<\/strong> <strong><a class=\"thirstylink\" rel=\"nofollow\" target=\"_blank\" title=\"Caravane\" href=\"https:\/\/loudavymkrokem.cz\/doporucujeme\/caravane\/\" data-shortcode=\"true\">Caravane<\/a><\/strong><\/p>\n\n\n\n<figure data-wp-context=\"{&quot;imageId&quot;:&quot;6a9afccba6bac&quot;}\" data-wp-interactive=\"core\/image\" data-wp-key=\"6a9afccba6bac\" class=\"wp-block-image size-full wp-lightbox-container\"><img decoding=\"async\" width=\"1200\" height=\"800\" data-wp-class--hide=\"state.isContentHidden\" data-wp-class--show=\"state.isContentVisible\" data-wp-init=\"callbacks.setButtonStyles\" data-wp-on--click=\"actions.showLightbox\" data-wp-on--load=\"callbacks.setButtonStyles\" data-wp-on--pointerdown=\"actions.preloadImage\" data-wp-on--pointerenter=\"actions.preloadImageWithDelay\" data-wp-on--pointerleave=\"actions.cancelPreload\" data-wp-on-window--resize=\"callbacks.setButtonStyles\" src=\"https:\/\/loudavymkrokem.cz\/wp-content\/uploads\/2023\/05\/roadtrip_souteska_Dades_Maroko.jpg\" alt=\"Marruecos\" class=\"wp-image-60744\" title=\"\" srcset=\"https:\/\/loudavymkrokem.cz\/wp-content\/uploads\/2023\/05\/roadtrip_souteska_Dades_Maroko.jpg 1200w, https:\/\/loudavymkrokem.cz\/wp-content\/uploads\/2023\/05\/roadtrip_souteska_Dades_Maroko-300x200.jpg 300w, https:\/\/loudavymkrokem.cz\/wp-content\/uploads\/2023\/05\/roadtrip_souteska_Dades_Maroko-1024x683.jpg 1024w, https:\/\/loudavymkrokem.cz\/wp-content\/uploads\/2023\/05\/roadtrip_souteska_Dades_Maroko-768x512.jpg 768w\" sizes=\"(max-width: 1200px) 100vw, 1200px\" \/><button\n\t\t\tclass=\"lightbox-trigger\"\n\t\t\ttype=\"button\"\n\t\t\taria-haspopup=\"dialog\"\n\t\t\tdata-wp-bind--aria-label=\"state.thisImage.triggerButtonAriaLabel\"\n\t\t\tdata-wp-init=\"callbacks.initTriggerButton\"\n\t\t\tdata-wp-on--click=\"actions.showLightbox\"\n\t\t\tdata-wp-style--right=\"state.thisImage.buttonRight\"\n\t\t\tdata-wp-style--top=\"state.thisImage.buttonTop\"\n\t\t>\n\t\t\t<svg xmlns=\"http:\/\/www.w3.org\/2000\/svg\" width=\"12\" height=\"12\" fill=\"none\" viewBox=\"0 0 12 12\">\n\t\t\t\t<path fill=\"#fff\" d=\"M2 0a2 2 0 0 0-2 2v2h1.5V2a.5.5 0 0 1 .5-.5h2V0H2Zm2 10.5H2a.5.5 0 0 1-.5-.5V8H0v2a2 2 0 0 0 2 2h2v-1.5ZM8 12v-1.5h2a.5.5 0 0 0 .5-.5V8H12v2a2 2 0 0 1-2 2H8Zm2-12a2 2 0 0 1 2 2v2h-1.5V2a.5.5 0 0 0-.5-.5H8V0h2Z\" \/>\n\t\t\t<\/svg>\n\t\t<\/button><figcaption class=\"wp-element-caption\">Marruecos<\/figcaption><\/figure>\n\n\n\n<h3 class=\"wp-block-heading\"><span class=\"ez-toc-section\" id=\"Portugal\"><\/span>Portugal<span class=\"ez-toc-section-end\"><\/span><\/h3>\n\n\n\n<p class=\"wp-block-paragraph\"><strong>En Portugal las temperaturas en mayo son agradables, de unos 22-25 \u00b0C, y el mar tiene 17-19 \u00b0C.<\/strong> Para ba\u00f1arse todav\u00eda est\u00e1 un poco fresco, pero lo bastante templado para otras actividades, como el <strong><a href=\"https:\/\/loudavymkrokem.cz\/es\/surf-portugal-donde-surfear\/\" target=\"_blank\" data-type=\"link\" data-id=\"https:\/\/loudavymkrokem.cz\/surfovani-portugalsko\/\" rel=\"noreferrer noopener\">surf<\/a><\/strong>.<\/p>\n\n\n\n<p class=\"wp-block-paragraph\">Lisboa, la capital que se extiende sobre siete colinas, te cautivar\u00e1 con su ambiente \u00fanico, sus tranv\u00edas hist\u00f3ricos, las vistas desde los miradouros o el barrio de Alfama, con sus callejuelas estrechas y sus clubes de fado.<\/p>\n\n\n\n<p class=\"wp-block-paragraph\">Oporto, en el norte del pa\u00eds, es conocida por su casco hist\u00f3rico (Unesco), el puente Don Luis I y, por supuesto, el vino de Oporto, que puedes probar en alguna de las bodegas de Vila Nova de Gaia, en la otra orilla del r\u00edo Duero. El Algarve, en el sur de Portugal, tiene acantilados dram\u00e1ticos, preciosas playas salvajes y bonitas ciudades hist\u00f3ricas como Lagos o Tavira.<\/p>\n\n\n\n<p class=\"wp-block-paragraph\"><strong>\ud83d\udca1 Alojamiento recomendado:<\/strong> <strong><a class=\"thirstylink\" rel=\"nofollow\" target=\"_blank\" title=\"Quinta Nova Vale Del Rey\" href=\"https:\/\/loudavymkrokem.cz\/doporucujeme\/quinta-nova-vale-del-rey-2\/\" data-shortcode=\"true\">Quinta Nova Vale Del Rey<\/a><\/strong><\/p>\n\n\n\n<figure data-wp-context=\"{&quot;imageId&quot;:&quot;6a9afccba712d&quot;}\" data-wp-interactive=\"core\/image\" data-wp-key=\"6a9afccba712d\" class=\"wp-block-image size-full wp-lightbox-container\"><img decoding=\"async\" width=\"1200\" height=\"630\" data-wp-class--hide=\"state.isContentHidden\" data-wp-class--show=\"state.isContentVisible\" data-wp-init=\"callbacks.setButtonStyles\" data-wp-on--click=\"actions.showLightbox\" data-wp-on--load=\"callbacks.setButtonStyles\" data-wp-on--pointerdown=\"actions.preloadImage\" data-wp-on--pointerenter=\"actions.preloadImageWithDelay\" data-wp-on--pointerleave=\"actions.cancelPreload\" data-wp-on-window--resize=\"callbacks.setButtonStyles\" src=\"https:\/\/loudavymkrokem.cz\/wp-content\/uploads\/2024\/12\/Cabo-da-roca.jpg\" alt=\"Cabo da Roca\" class=\"wp-image-91117\" title=\"\" srcset=\"https:\/\/loudavymkrokem.cz\/wp-content\/uploads\/2024\/12\/Cabo-da-roca.jpg 1200w, https:\/\/loudavymkrokem.cz\/wp-content\/uploads\/2024\/12\/Cabo-da-roca-300x158.jpg 300w, https:\/\/loudavymkrokem.cz\/wp-content\/uploads\/2024\/12\/Cabo-da-roca-700x368.jpg 700w, https:\/\/loudavymkrokem.cz\/wp-content\/uploads\/2024\/12\/Cabo-da-roca-768x403.jpg 768w, https:\/\/loudavymkrokem.cz\/wp-content\/uploads\/2024\/12\/Cabo-da-roca-696x365.jpg 696w\" sizes=\"(max-width: 1200px) 100vw, 1200px\" \/><button\n\t\t\tclass=\"lightbox-trigger\"\n\t\t\ttype=\"button\"\n\t\t\taria-haspopup=\"dialog\"\n\t\t\tdata-wp-bind--aria-label=\"state.thisImage.triggerButtonAriaLabel\"\n\t\t\tdata-wp-init=\"callbacks.initTriggerButton\"\n\t\t\tdata-wp-on--click=\"actions.showLightbox\"\n\t\t\tdata-wp-style--right=\"state.thisImage.buttonRight\"\n\t\t\tdata-wp-style--top=\"state.thisImage.buttonTop\"\n\t\t>\n\t\t\t<svg xmlns=\"http:\/\/www.w3.org\/2000\/svg\" width=\"12\" height=\"12\" fill=\"none\" viewBox=\"0 0 12 12\">\n\t\t\t\t<path fill=\"#fff\" d=\"M2 0a2 2 0 0 0-2 2v2h1.5V2a.5.5 0 0 1 .5-.5h2V0H2Zm2 10.5H2a.5.5 0 0 1-.5-.5V8H0v2a2 2 0 0 0 2 2h2v-1.5ZM8 12v-1.5h2a.5.5 0 0 0 .5-.5V8H12v2a2 2 0 0 1-2 2H8Zm2-12a2 2 0 0 1 2 2v2h-1.5V2a.5.5 0 0 0-.5-.5H8V0h2Z\" \/>\n\t\t\t<\/svg>\n\t\t<\/button><figcaption class=\"wp-element-caption\">Portugal<\/figcaption><\/figure>\n\n\n\n<h3 class=\"wp-block-heading\"><span class=\"ez-toc-section\" id=\"Madeira\"><\/span>Madeira<span class=\"ez-toc-section-end\"><\/span><\/h3>\n\n\n\n<p class=\"wp-block-paragraph\"><strong><a href=\"https:\/\/loudavymkrokem.cz\/es\/madeira-portugal-que-ver\/\" target=\"_blank\" data-type=\"link\" data-id=\"https:\/\/loudavymkrokem.cz\/madeira-pruvodce\/\" rel=\"noreferrer noopener\">Madeira<\/a>, la isla portuguesa en el oc\u00e9ano Atl\u00e1ntico, ofrece en mayo temperaturas agradables de unos 21-23 \u00b0C y un mar de 19-20 \u00b0C.<\/strong> Para ba\u00f1arse el mar todav\u00eda est\u00e1 algo fresco, pero lo bastante templado para otras actividades. Funchal, la capital, es un punto de partida estupendo para descubrir la isla. Visita el jard\u00edn bot\u00e1nico, el mercado Mercado dos Lavradores con su fruta ex\u00f3tica y su pescado, o prueba el famoso vino de Madeira en alguna de las bodegas.<\/p>\n\n\n\n<p class=\"wp-block-paragraph\">La isla es famosa sobre todo por sus \u00ablevadas\u00bb: canales de riego con senderos que atraviesan preciosos paisajes de monta\u00f1a, exuberantes bosques y valles. Algunas de las <strong>levadas m\u00e1s bonitas son la Levada do Caldeir\u00e3o Verde, la Levada das 25 Fontes o la Levada do Rei.<\/strong> Para los amantes de la alta monta\u00f1a est\u00e1 el Pico Ruivo, la monta\u00f1a m\u00e1s alta de Madeira, o el Pico do Arieiro, desde donde hay vistas impresionantes, sobre todo al amanecer.<\/p>\n\n\n\n<p class=\"wp-block-paragraph\"><strong>\ud83d\udca1 Alojamiento recomendado:<\/strong> <strong><a class=\"thirstylink\" rel=\"nofollow\" target=\"_blank\" title=\"Inn &amp; Art Madeira\" href=\"https:\/\/loudavymkrokem.cz\/doporucujeme\/inn-art-madeira\/\" data-shortcode=\"true\">Inn &amp; Art Madeira<\/a><\/strong><\/p>\n\n\n\n<figure data-wp-context=\"{&quot;imageId&quot;:&quot;6a9afccba7770&quot;}\" data-wp-interactive=\"core\/image\" data-wp-key=\"6a9afccba7770\" class=\"wp-block-image size-full wp-lightbox-container\"><img decoding=\"async\" width=\"1200\" height=\"630\" data-wp-class--hide=\"state.isContentHidden\" data-wp-class--show=\"state.isContentVisible\" data-wp-init=\"callbacks.setButtonStyles\" data-wp-on--click=\"actions.showLightbox\" data-wp-on--load=\"callbacks.setButtonStyles\" data-wp-on--pointerdown=\"actions.preloadImage\" data-wp-on--pointerenter=\"actions.preloadImageWithDelay\" data-wp-on--pointerleave=\"actions.cancelPreload\" data-wp-on-window--resize=\"callbacks.setButtonStyles\" src=\"https:\/\/loudavymkrokem.cz\/wp-content\/uploads\/2025\/01\/madeira.jpg\" alt=\"Madeira\" class=\"wp-image-92608\" title=\"\" srcset=\"https:\/\/loudavymkrokem.cz\/wp-content\/uploads\/2025\/01\/madeira.jpg 1200w, https:\/\/loudavymkrokem.cz\/wp-content\/uploads\/2025\/01\/madeira-300x158.jpg 300w, https:\/\/loudavymkrokem.cz\/wp-content\/uploads\/2025\/01\/madeira-700x368.jpg 700w, https:\/\/loudavymkrokem.cz\/wp-content\/uploads\/2025\/01\/madeira-768x403.jpg 768w, https:\/\/loudavymkrokem.cz\/wp-content\/uploads\/2025\/01\/madeira-696x365.jpg 696w\" sizes=\"(max-width: 1200px) 100vw, 1200px\" \/><button\n\t\t\tclass=\"lightbox-trigger\"\n\t\t\ttype=\"button\"\n\t\t\taria-haspopup=\"dialog\"\n\t\t\tdata-wp-bind--aria-label=\"state.thisImage.triggerButtonAriaLabel\"\n\t\t\tdata-wp-init=\"callbacks.initTriggerButton\"\n\t\t\tdata-wp-on--click=\"actions.showLightbox\"\n\t\t\tdata-wp-style--right=\"state.thisImage.buttonRight\"\n\t\t\tdata-wp-style--top=\"state.thisImage.buttonTop\"\n\t\t>\n\t\t\t<svg xmlns=\"http:\/\/www.w3.org\/2000\/svg\" width=\"12\" height=\"12\" fill=\"none\" viewBox=\"0 0 12 12\">\n\t\t\t\t<path fill=\"#fff\" d=\"M2 0a2 2 0 0 0-2 2v2h1.5V2a.5.5 0 0 1 .5-.5h2V0H2Zm2 10.5H2a.5.5 0 0 1-.5-.5V8H0v2a2 2 0 0 0 2 2h2v-1.5ZM8 12v-1.5h2a.5.5 0 0 0 .5-.5V8H12v2a2 2 0 0 1-2 2H8Zm2-12a2 2 0 0 1 2 2v2h-1.5V2a.5.5 0 0 0-.5-.5H8V0h2Z\" \/>\n\t\t\t<\/svg>\n\t\t<\/button><figcaption class=\"wp-element-caption\">Madeira<\/figcaption><\/figure>\n\n\n\n<h2 class=\"wp-block-heading lk-month-table\" id=\"Kde_je_v_kvetnu_nejtepleji\"><span class=\"ez-toc-section\" id=\"Donde_hace_mas_calor_en_mayo_tabla_de_temperaturas_del_mar\"><\/span>D\u00f3nde hace m\u00e1s calor en mayo: tabla de temperaturas del mar<span class=\"ez-toc-section-end\"><\/span><\/h2>\n\n\n\n<p class=\"wp-block-paragraph\">La mayor\u00eda de los art\u00edculos sobre viajes trabajan con cifras de los cat\u00e1logos de las agencias. <strong>Nosotros lo hemos hecho de otra manera.<\/strong> Las temperaturas del aire, los d\u00edas de precipitaci\u00f3n y las horas de sol las hemos calculado a partir del rean\u00e1lisis clim\u00e1tico ERA5 de diez a\u00f1os (2015 a 2024), y las temperaturas del mar a partir de un modelo oce\u00e1nico de los a\u00f1os 2019 a 2024. Son medias reales que puedes comprobar.<\/p>\n\n\n\n<p class=\"wp-block-paragraph\">La tabla est\u00e1 <strong>ordenada de mar m\u00e1s c\u00e1lido a m\u00e1s fr\u00edo<\/strong>, as\u00ed que las primeras filas son una apuesta segura y el tercio inferior es m\u00e1s bien una loter\u00eda. En mayo lidera <strong>Ko Samui (Tailandia)<\/strong> con 31,9 \u00b0C, <strong>Mascate<\/strong> con 30,3 \u00b0C y <strong>Trincomalee (Sri Lanka)<\/strong> con 30,3 \u00b0C.<\/p>\n\n\n\n<figure class=\"wp-block-table is-style-stripes\" style=\"overflow-x:auto\"><table><thead><tr><th>Destino<\/th><th>Temp. del mar<\/th><th>Aire de d\u00eda<\/th><th>De noche<\/th><th>D\u00edas con lluvia<\/th><\/tr><\/thead><tbody><tr><td><strong>Ko Samui (Tailandia)<\/strong><br><span style=\"font-size:13px;color:#8a7a63\">Tailandia<\/span><\/td><td>31,9 \u00b0C<\/td><td>31,0 \u00b0C<\/td><td>26,8 \u00b0C<\/td><td>20,0 de 30<\/td><\/tr><tr><td><strong>Mascate<\/strong><br><span style=\"font-size:13px;color:#8a7a63\">Om\u00e1n<\/span><\/td><td>30,3 \u00b0C<\/td><td>38,1 \u00b0C<\/td><td>29,1 \u00b0C<\/td><td>0,3 de 30<\/td><\/tr><tr><td><strong>Trincomalee (Sri Lanka)<\/strong><br><span style=\"font-size:13px;color:#8a7a63\">Sri Lanka<\/span><\/td><td>30,3 \u00b0C<\/td><td>33,5 \u00b0C<\/td><td>26,2 \u00b0C<\/td><td>14,5 de 30<\/td><\/tr><tr><td><strong>Maldivas<\/strong><br><span style=\"font-size:13px;color:#8a7a63\">Maldivas<\/span><\/td><td>30,2 \u00b0C<\/td><td>29,1 \u00b0C<\/td><td>27,1 \u00b0C<\/td><td>24,9 de 30<\/td><\/tr><tr><td><strong>Dub\u00e1i<\/strong><br><span style=\"font-size:13px;color:#8a7a63\">EAU<\/span><\/td><td>29,9 \u00b0C<\/td><td>36,8 \u00b0C<\/td><td>24,8 \u00b0C<\/td><td>0,1 de 30<\/td><\/tr><tr><td><strong>Ha Long (Vietnam)<\/strong><br><span style=\"font-size:13px;color:#8a7a63\">Vietnam<\/span><\/td><td>29,3 \u00b0C<\/td><td>29,6 \u00b0C<\/td><td>25,1 \u00b0C<\/td><td>20,4 de 30<\/td><\/tr><tr><td><strong>Bali<\/strong><br><span style=\"font-size:13px;color:#8a7a63\">Indonesia<\/span><\/td><td>28,8 \u00b0C<\/td><td>28,7 \u00b0C<\/td><td>24,5 \u00b0C<\/td><td>19,1 de 30<\/td><\/tr><tr><td><strong>Zanz\u00edbar<\/strong><br><span style=\"font-size:13px;color:#8a7a63\">Tanzania<\/span><\/td><td>28,4 \u00b0C<\/td><td>27,9 \u00b0C<\/td><td>24,7 \u00b0C<\/td><td>20,9 de 30<\/td><\/tr><tr><td><strong>Canc\u00fan<\/strong><br><span style=\"font-size:13px;color:#8a7a63\">M\u00e9xico<\/span><\/td><td>27,4 \u00b0C<\/td><td>30,1 \u00b0C<\/td><td>25,2 \u00b0C<\/td><td>13,9 de 30<\/td><\/tr><tr><td><strong>Mauricio<\/strong><br><span style=\"font-size:13px;color:#8a7a63\">Mauricio<\/span><\/td><td>27,0 \u00b0C<\/td><td>27,3 \u00b0C<\/td><td>22,2 \u00b0C<\/td><td>10,7 de 30<\/td><\/tr><tr><td><strong>Marsa Alam<\/strong><br><span style=\"font-size:13px;color:#8a7a63\">Egipto<\/span><\/td><td>25,7 \u00b0C<\/td><td>32,1 \u00b0C<\/td><td>25,1 \u00b0C<\/td><td>0,1 de 30<\/td><\/tr><tr><td><strong>Sharm el Sheij<\/strong><br><span style=\"font-size:13px;color:#8a7a63\">Egipto<\/span><\/td><td>25,5 \u00b0C<\/td><td>35,7 \u00b0C<\/td><td>24,6 \u00b0C<\/td><td>0,3 de 30<\/td><\/tr><tr><td><strong>Hurgada<\/strong><br><span style=\"font-size:13px;color:#8a7a63\">Egipto<\/span><\/td><td>24,7 \u00b0C<\/td><td>31,0 \u00b0C<\/td><td>23,6 \u00b0C<\/td><td>0,1 de 30<\/td><\/tr><tr><td><strong>Boa Vista<\/strong><br><span style=\"font-size:13px;color:#8a7a63\">Cabo Verde<\/span><\/td><td>24,4 \u00b0C<\/td><td>27,3 \u00b0C<\/td><td>20,0 \u00b0C<\/td><td>0,1 de 30<\/td><\/tr><tr><td><strong>Sal<\/strong><br><span style=\"font-size:13px;color:#8a7a63\">Cabo Verde<\/span><\/td><td>24,1 \u00b0C<\/td><td>25,0 \u00b0C<\/td><td>21,0 \u00b0C<\/td><td>0,1 de 30<\/td><\/tr><tr><td><strong>\u00c1qaba<\/strong><br><span style=\"font-size:13px;color:#8a7a63\">Jordania<\/span><\/td><td>23,9 \u00b0C<\/td><td>35,5 \u00b0C<\/td><td>22,0 \u00b0C<\/td><td>0,4 de 30<\/td><\/tr><tr><td><strong>Yerba<\/strong><br><span style=\"font-size:13px;color:#8a7a63\">T\u00fanez<\/span><\/td><td>22,1 \u00b0C<\/td><td>27,1 \u00b0C<\/td><td>18,4 \u00b0C<\/td><td>2,1 de 30<\/td><\/tr><tr><td><strong>Antalya y la Riviera turca<\/strong><br><span style=\"font-size:13px;color:#8a7a63\">Turqu\u00eda<\/span><\/td><td>21,6 \u00b0C<\/td><td>26,6 \u00b0C<\/td><td>15,2 \u00b0C<\/td><td>7,2 de 30<\/td><\/tr><tr><td><strong>Ayia Napa<\/strong><br><span style=\"font-size:13px;color:#8a7a63\">Chipre<\/span><\/td><td>21,4 \u00b0C<\/td><td>25,8 \u00b0C<\/td><td>17,9 \u00b0C<\/td><td>2,8 de 30<\/td><\/tr><tr><td><strong>Gran Canaria<\/strong><br><span style=\"font-size:13px;color:#8a7a63\">Islas Canarias<\/span><\/td><td>21,3 \u00b0C<\/td><td>23,4 \u00b0C<\/td><td>17,0 \u00b0C<\/td><td>1,9 de 30<\/td><\/tr><tr><td><strong>Tenerife<\/strong><br><span style=\"font-size:13px;color:#8a7a63\">Islas Canarias<\/span><\/td><td>21,2 \u00b0C<\/td><td>22,9 \u00b0C<\/td><td>17,5 \u00b0C<\/td><td>4,9 de 30<\/td><\/tr><tr><td><strong>Madeira<\/strong><br><span style=\"font-size:13px;color:#8a7a63\">Portugal<\/span><\/td><td>21,0 \u00b0C<\/td><td>21,7 \u00b0C<\/td><td>16,2 \u00b0C<\/td><td>7,2 de 30<\/td><\/tr><tr><td><strong>Pafos<\/strong><br><span style=\"font-size:13px;color:#8a7a63\">Chipre<\/span><\/td><td>20,8 \u00b0C<\/td><td>24,8 \u00b0C<\/td><td>17,0 \u00b0C<\/td><td>4,4 de 30<\/td><\/tr><tr><td><strong>Fuerteventura<\/strong><br><span style=\"font-size:13px;color:#8a7a63\">Islas Canarias<\/span><\/td><td>20,8 \u00b0C<\/td><td>23,7 \u00b0C<\/td><td>17,9 \u00b0C<\/td><td>1,0 de 30<\/td><\/tr><tr><td><strong>Lanzarote<\/strong><br><span style=\"font-size:13px;color:#8a7a63\">Islas Canarias<\/span><\/td><td>20,6 \u00b0C<\/td><td>22,4 \u00b0C<\/td><td>17,6 \u00b0C<\/td><td>0,8 de 30<\/td><\/tr><tr><td><strong>Rodas<\/strong><br><span style=\"font-size:13px;color:#8a7a63\">Grecia<\/span><\/td><td>20,2 \u00b0C<\/td><td>24,8 \u00b0C<\/td><td>18,1 \u00b0C<\/td><td>3,8 de 30<\/td><\/tr><tr><td><strong>Costa Blanca (Alicante)<\/strong><br><span style=\"font-size:13px;color:#8a7a63\">Espa\u00f1a<\/span><\/td><td>20,0 \u00b0C<\/td><td>23,2 \u00b0C<\/td><td>16,1 \u00b0C<\/td><td>3,8 de 30<\/td><\/tr><tr><td><strong>Algarve<\/strong><br><span style=\"font-size:13px;color:#8a7a63\">Portugal<\/span><\/td><td>19,9 \u00b0C<\/td><td>23,2 \u00b0C<\/td><td>15,6 \u00b0C<\/td><td>3,8 de 30<\/td><\/tr><tr><td><strong>Budva<\/strong><br><span style=\"font-size:13px;color:#8a7a63\">Montenegro<\/span><\/td><td>19,9 \u00b0C<\/td><td>22,1 \u00b0C<\/td><td>15,7 \u00b0C<\/td><td>14,6 de 30<\/td><\/tr><tr><td><strong>Hammamet<\/strong><br><span style=\"font-size:13px;color:#8a7a63\">T\u00fanez<\/span><\/td><td>19,9 \u00b0C<\/td><td>24,6 \u00b0C<\/td><td>15,7 \u00b0C<\/td><td>5,3 de 30<\/td><\/tr><tr><td><strong>Bodrum<\/strong><br><span style=\"font-size:13px;color:#8a7a63\">Turqu\u00eda<\/span><\/td><td>19,8 \u00b0C<\/td><td>25,2 \u00b0C<\/td><td>17,5 \u00b0C<\/td><td>4,7 de 30<\/td><\/tr><tr><td><strong>Kos<\/strong><br><span style=\"font-size:13px;color:#8a7a63\">Grecia<\/span><\/td><td>19,8 \u00b0C<\/td><td>23,3 \u00b0C<\/td><td>17,6 \u00b0C<\/td><td>3,8 de 30<\/td><\/tr><tr><td><strong>Mallorca \u2013 Palma<\/strong><br><span style=\"font-size:13px;color:#8a7a63\">Espa\u00f1a<\/span><\/td><td>19,8 \u00b0C<\/td><td>23,6 \u00b0C<\/td><td>15,3 \u00b0C<\/td><td>6,9 de 30<\/td><\/tr><tr><td><strong>Ibiza<\/strong><br><span style=\"font-size:13px;color:#8a7a63\">Espa\u00f1a<\/span><\/td><td>19,8 \u00b0C<\/td><td>23,1 \u00b0C<\/td><td>16,2 \u00b0C<\/td><td>4,1 de 30<\/td><\/tr><tr><td><strong>Agadir<\/strong><br><span style=\"font-size:13px;color:#8a7a63\">Marruecos<\/span><\/td><td>19,7 \u00b0C<\/td><td>24,2 \u00b0C<\/td><td>16,0 \u00b0C<\/td><td>1,0 de 30<\/td><\/tr><tr><td><strong>Ksamil y Saranda<\/strong><br><span style=\"font-size:13px;color:#8a7a63\">Albania<\/span><\/td><td>19,6 \u00b0C<\/td><td>23,2 \u00b0C<\/td><td>14,5 \u00b0C<\/td><td>10,2 de 30<\/td><\/tr><tr><td><strong>Creta<\/strong><br><span style=\"font-size:13px;color:#8a7a63\">Grecia<\/span><\/td><td>19,5 \u00b0C<\/td><td>25,1 \u00b0C<\/td><td>15,7 \u00b0C<\/td><td>5,7 de 30<\/td><\/tr><tr><td><strong>L\u00e9ucade<\/strong><br><span style=\"font-size:13px;color:#8a7a63\">Grecia<\/span><\/td><td>19,5 \u00b0C<\/td><td>23,7 \u00b0C<\/td><td>16,1 \u00b0C<\/td><td>8,3 de 30<\/td><\/tr><tr><td><strong>Dubrovnik<\/strong><br><span style=\"font-size:13px;color:#8a7a63\">Croacia<\/span><\/td><td>19,4 \u00b0C<\/td><td>21,8 \u00b0C<\/td><td>14,3 \u00b0C<\/td><td>12,5 de 30<\/td><\/tr><tr><td><strong>Corf\u00fa<\/strong><br><span style=\"font-size:13px;color:#8a7a63\">Grecia<\/span><\/td><td>19,3 \u00b0C<\/td><td>22,1 \u00b0C<\/td><td>16,4 \u00b0C<\/td><td>9,3 de 30<\/td><\/tr><tr><td><strong>Zante<\/strong><br><span style=\"font-size:13px;color:#8a7a63\">Grecia<\/span><\/td><td>19,3 \u00b0C<\/td><td>23,8 \u00b0C<\/td><td>16,5 \u00b0C<\/td><td>5,8 de 30<\/td><\/tr><tr><td><strong>Santorini<\/strong><br><span style=\"font-size:13px;color:#8a7a63\">Grecia<\/span><\/td><td>19,3 \u00b0C<\/td><td>22,9 \u00b0C<\/td><td>17,9 \u00b0C<\/td><td>2,9 de 30<\/td><\/tr><tr><td><strong>Amalfi y golfo de N\u00e1poles<\/strong><br><span style=\"font-size:13px;color:#8a7a63\">Italia<\/span><\/td><td>19,3 \u00b0C<\/td><td>22,0 \u00b0C<\/td><td>14,4 \u00b0C<\/td><td>12,0 de 30<\/td><\/tr><tr><td><strong>Calabria<\/strong><br><span style=\"font-size:13px;color:#8a7a63\">Italia<\/span><\/td><td>19,3 \u00b0C<\/td><td>22,1 \u00b0C<\/td><td>15,5 \u00b0C<\/td><td>10,1 de 30<\/td><\/tr><tr><td><strong>Sicilia<\/strong><br><span style=\"font-size:13px;color:#8a7a63\">Italia<\/span><\/td><td>19,2 \u00b0C<\/td><td>22,4 \u00b0C<\/td><td>15,1 \u00b0C<\/td><td>7,9 de 30<\/td><\/tr><tr><td><strong>Costa del Sol (M\u00e1laga)<\/strong><br><span style=\"font-size:13px;color:#8a7a63\">Espa\u00f1a<\/span><\/td><td>19,0 \u00b0C<\/td><td>24,2 \u00b0C<\/td><td>16,4 \u00b0C<\/td><td>3,9 de 30<\/td><\/tr><tr><td><strong>R\u00edmini y Adri\u00e1tico norte<\/strong><br><span style=\"font-size:13px;color:#8a7a63\">Italia<\/span><\/td><td>18,9 \u00b0C<\/td><td>21,2 \u00b0C<\/td><td>13,5 \u00b0C<\/td><td>11,3 de 30<\/td><\/tr><tr><td><strong>Malta<\/strong><br><span style=\"font-size:13px;color:#8a7a63\">Malta<\/span><\/td><td>18,8 \u00b0C<\/td><td>22,0 \u00b0C<\/td><td>17,2 \u00b0C<\/td><td>3,1 de 30<\/td><\/tr><tr><td><strong>C\u00f3rcega<\/strong><br><span style=\"font-size:13px;color:#8a7a63\">Francia<\/span><\/td><td>18,7 \u00b0C<\/td><td>21,7 \u00b0C<\/td><td>12,9 \u00b0C<\/td><td>9,2 de 30<\/td><\/tr><tr><td><strong>Azores<\/strong><br><span style=\"font-size:13px;color:#8a7a63\">Portugal<\/span><\/td><td>18,6 \u00b0C<\/td><td>19,0 \u00b0C<\/td><td>15,1 \u00b0C<\/td><td>18,0 de 30<\/td><\/tr><tr><td><strong>Apulia<\/strong><br><span style=\"font-size:13px;color:#8a7a63\">Italia<\/span><\/td><td>18,6 \u00b0C<\/td><td>23,0 \u00b0C<\/td><td>15,0 \u00b0C<\/td><td>8,2 de 30<\/td><\/tr><tr><td><strong>Toscana (costa)<\/strong><br><span style=\"font-size:13px;color:#8a7a63\">Italia<\/span><\/td><td>18,6 \u00b0C<\/td><td>20,9 \u00b0C<\/td><td>14,0 \u00b0C<\/td><td>11,2 de 30<\/td><\/tr><tr><td><strong>Split y Makarska<\/strong><br><span style=\"font-size:13px;color:#8a7a63\">Croacia<\/span><\/td><td>18,6 \u00b0C<\/td><td>22,3 \u00b0C<\/td><td>14,5 \u00b0C<\/td><td>11,9 de 30<\/td><\/tr><tr><td><strong>Costa Azul (Niza)<\/strong><br><span style=\"font-size:13px;color:#8a7a63\">Francia<\/span><\/td><td>18,6 \u00b0C<\/td><td>21,0 \u00b0C<\/td><td>14,0 \u00b0C<\/td><td>9,3 de 30<\/td><\/tr><tr><td><strong>Calc\u00eddica<\/strong><br><span style=\"font-size:13px;color:#8a7a63\">Grecia<\/span><\/td><td>18,5 \u00b0C<\/td><td>22,5 \u00b0C<\/td><td>16,8 \u00b0C<\/td><td>6,7 de 30<\/td><\/tr><tr><td><strong>Cerde\u00f1a<\/strong><br><span style=\"font-size:13px;color:#8a7a63\">Italia<\/span><\/td><td>18,5 \u00b0C<\/td><td>22,6 \u00b0C<\/td><td>14,1 \u00b0C<\/td><td>7,6 de 30<\/td><\/tr><tr><td><strong>Costa Brava<\/strong><br><span style=\"font-size:13px;color:#8a7a63\">Espa\u00f1a<\/span><\/td><td>17,8 \u00b0C<\/td><td>21,3 \u00b0C<\/td><td>13,2 \u00b0C<\/td><td>8,3 de 30<\/td><\/tr><tr><td><strong>Istria<\/strong><br><span style=\"font-size:13px;color:#8a7a63\">Croacia<\/span><\/td><td>17,8 \u00b0C<\/td><td>21,0 \u00b0C<\/td><td>14,9 \u00b0C<\/td><td>13,2 de 30<\/td><\/tr><tr><td><strong>Sunny Beach<\/strong><br><span style=\"font-size:13px;color:#8a7a63\">Bulgaria<\/span><\/td><td>15,6 \u00b0C<\/td><td>21,2 \u00b0C<\/td><td>12,5 \u00b0C<\/td><td>10,2 de 30<\/td><\/tr><tr><td><strong>Nueva York (playas)<\/strong><br><span style=\"font-size:13px;color:#8a7a63\">EE. UU.<\/span><\/td><td>14,7 \u00b0C<\/td><td>21,4 \u00b0C<\/td><td>11,8 \u00b0C<\/td><td>11,7 de 30<\/td><\/tr><\/tbody><\/table><figcaption class=\"wp-element-caption\">Temperaturas del mar y del aire en mayo, ordenadas de mar m\u00e1s c\u00e1lido a m\u00e1s fr\u00edo. El aire y las precipitaciones son medias de diez a\u00f1os (2015\u20132024) del rean\u00e1lisis ERA5; la temperatura del mar procede de un modelo oce\u00e1nico de 2019\u20132024.<\/figcaption><\/figure>\n\n\n\n<p class=\"wp-block-paragraph\">Si el mar no te atrae tanto y prefieres andar, esta segunda tabla muestra d\u00f3nde hay en este mes la temperatura ideal para ciudades, rutas y turismo cultural.<\/p>\n\n\n\n<figure class=\"wp-block-table is-style-stripes\" style=\"overflow-x:auto\"><table><thead><tr><th>Destino<\/th><th>Aire de d\u00eda<\/th><th>De noche<\/th><th>D\u00edas con lluvia<\/th><th>Sol\/d\u00eda<\/th><\/tr><\/thead><tbody><tr><td><strong>Marrakech<\/strong><br><span style=\"font-size:13px;color:#8a7a63\">Marruecos<\/span><\/td><td>30,4 \u00b0C<\/td><td>14,9 \u00b0C<\/td><td>4,0 de 30<\/td><td>11,9 h<\/td><\/tr><tr><td><strong>Atenas<\/strong><br><span style=\"font-size:13px;color:#8a7a63\">Grecia<\/span><\/td><td>25,0 \u00b0C<\/td><td>15,7 \u00b0C<\/td><td>4,9 de 30<\/td><td>12,2 h<\/td><\/tr><tr><td><strong>Roma<\/strong><br><span style=\"font-size:13px;color:#8a7a63\">Italia<\/span><\/td><td>23,3 \u00b0C<\/td><td>13,0 \u00b0C<\/td><td>11,8 de 30<\/td><td>11,8 h<\/td><\/tr><tr><td><strong>Tokio<\/strong><br><span style=\"font-size:13px;color:#8a7a63\">Jap\u00f3n<\/span><\/td><td>23,3 \u00b0C<\/td><td>15,0 \u00b0C<\/td><td>11,8 de 30<\/td><td>8,9 h<\/td><\/tr><tr><td><strong>Lisboa<\/strong><br><span style=\"font-size:13px;color:#8a7a63\">Portugal<\/span><\/td><td>22,8 \u00b0C<\/td><td>14,5 \u00b0C<\/td><td>4,5 de 30<\/td><td>12,4 h<\/td><\/tr><tr><td><strong>Barcelona<\/strong><br><span style=\"font-size:13px;color:#8a7a63\">Espa\u00f1a<\/span><\/td><td>21,4 \u00b0C<\/td><td>13,6 \u00b0C<\/td><td>7,3 de 30<\/td><td>12,3 h<\/td><\/tr><tr><td><strong>Budapest<\/strong><br><span style=\"font-size:13px;color:#8a7a63\">Hungr\u00eda<\/span><\/td><td>21,1 \u00b0C<\/td><td>11,3 \u00b0C<\/td><td>12,6 de 30<\/td><td>11,1 h<\/td><\/tr><tr><td><strong>Sur de Moravia (Mikulov)<\/strong><br><span style=\"font-size:13px;color:#8a7a63\">Chequia<\/span><\/td><td>19,5 \u00b0C<\/td><td>10,1 \u00b0C<\/td><td>13,1 de 30<\/td><td>10,4 h<\/td><\/tr><tr><td><strong>Praga<\/strong><br><span style=\"font-size:13px;color:#8a7a63\">Chequia<\/span><\/td><td>19,4 \u00b0C<\/td><td>9,1 \u00b0C<\/td><td>11,8 de 30<\/td><td>10,7 h<\/td><\/tr><tr><td><strong>Cracovia<\/strong><br><span style=\"font-size:13px;color:#8a7a63\">Polonia<\/span><\/td><td>18,8 \u00b0C<\/td><td>8,8 \u00b0C<\/td><td>13,9 de 30<\/td><td>10,6 h<\/td><\/tr><tr><td><strong>Bled<\/strong><br><span style=\"font-size:13px;color:#8a7a63\">Eslovenia<\/span><\/td><td>18,1 \u00b0C<\/td><td>9,5 \u00b0C<\/td><td>19,2 de 30<\/td><td>9,8 h<\/td><\/tr><tr><td><strong>Zell am See<\/strong><br><span style=\"font-size:13px;color:#8a7a63\">Austria<\/span><\/td><td>17,5 \u00b0C<\/td><td>7,0 \u00b0C<\/td><td>20,2 de 30<\/td><td>9,3 h<\/td><\/tr><tr><td><strong>Interlaken<\/strong><br><span style=\"font-size:13px;color:#8a7a63\">Suiza<\/span><\/td><td>17,4 \u00b0C<\/td><td>8,7 \u00b0C<\/td><td>19,7 de 30<\/td><td>9,8 h<\/td><\/tr><tr><td><strong>San Francisco<\/strong><br><span style=\"font-size:13px;color:#8a7a63\">EE. UU.<\/span><\/td><td>17,3 \u00b0C<\/td><td>11,3 \u00b0C<\/td><td>2,5 de 30<\/td><td>12,7 h<\/td><\/tr><tr><td><strong>Toronto<\/strong><br><span style=\"font-size:13px;color:#8a7a63\">Canad\u00e1<\/span><\/td><td>17,1 \u00b0C<\/td><td>8,7 \u00b0C<\/td><td>9,7 de 30<\/td><td>10,9 h<\/td><\/tr><tr><td><strong>Anchorage<\/strong><br><span style=\"font-size:13px;color:#8a7a63\">EE. UU.<\/span><\/td><td>14,0 \u00b0C<\/td><td>4,7 \u00b0C<\/td><td>10,8 de 30<\/td><td>11,2 h<\/td><\/tr><tr><td><strong>Cortina d&#8217;Ampezzo (Dolomitas)<\/strong><br><span style=\"font-size:13px;color:#8a7a63\">Italia<\/span><\/td><td>13,5 \u00b0C<\/td><td>4,4 \u00b0C<\/td><td>22,7 de 30<\/td><td>9,7 h<\/td><\/tr><tr><td><strong>Bergen y los fiordos<\/strong><br><span style=\"font-size:13px;color:#8a7a63\">Noruega<\/span><\/td><td>13,5 \u00b0C<\/td><td>5,7 \u00b0C<\/td><td>14,9 de 30<\/td><td>10,6 h<\/td><\/tr><tr><td><strong>Altos Tatras (\u0160trbsk\u00e9 Pleso)<\/strong><br><span style=\"font-size:13px;color:#8a7a63\">Eslovaquia<\/span><\/td><td>11,1 \u00b0C<\/td><td>3,4 \u00b0C<\/td><td>18,4 de 30<\/td><td>11,1 h<\/td><\/tr><tr><td><strong>Reikiavik<\/strong><br><span style=\"font-size:13px;color:#8a7a63\">Islandia<\/span><\/td><td>8,7 \u00b0C<\/td><td>3,7 \u00b0C<\/td><td>18,5 de 30<\/td><td>9,4 h<\/td><\/tr><\/tbody><\/table><figcaption class=\"wp-element-caption\">Ciudades, monta\u00f1as y norte en mayo. Medias de diez a\u00f1os 2015\u20132024 (rean\u00e1lisis ERA5).<\/figcaption><\/figure>\n\n\n\n<p class=\"wp-block-paragraph\">\ud83d\udca1 <strong>Consejo:<\/strong> Mayo es uno de los mejores meses del a\u00f1o: la naturaleza florece, las multitudes todav\u00eda no han llegado y los precios son m\u00e1s bajos que en verano. Echa un vistazo a la <a href=\"https:\/\/www.stay22.com\/allez\/roam?aid=lukaskonecny&#038;campaign=loudavymkrokemcz&#038;campaign=kam-na-dovolenou-v-kvetnu&#038;address=Kr%C3%A9ta\" target=\"_blank\" rel=\"nofollow noopener sponsored\">oferta actual de alojamientos<\/a> y c\u00e9ntrate en la primera mitad del mes.<\/p>\n\n\n\n<h2 class=\"wp-block-heading\" id=\"Kam_v_kvetnu_k_mori_autem_Jadran_a_okoli\"><span class=\"ez-toc-section\" id=\"Donde_ir_en_mayo_al_mar_en_coche_el_Adriatico_y_alrededores\"><\/span>D\u00f3nde ir en mayo al mar en coche: el Adri\u00e1tico y alrededores<span class=\"ez-toc-section-end\"><\/span><\/h2>\n\n\n\n<p class=\"wp-block-paragraph\">Mayo en el Adri\u00e1tico es justo el momento en el que toda la regi\u00f3n despierta poco a poco a la vida y arranca la temporada tur\u00edstica. Es <strong>la parte m\u00e1s barata de todo el a\u00f1o<\/strong>, cuando ya disfrutas de un tiempo soleado precioso pero te libras de las multitudes del verano y de los precios inflados de los restaurantes.<\/p>\n\n\n\n<p class=\"wp-block-paragraph\">Puedes ir c\u00f3modamente en tu propio coche, lo que te da una libertad enorme para planear excursiones por las carreteras costeras vac\u00edas. Vamos a echar un vistazo juntos a los <strong>mejores destinos del Adri\u00e1tico<\/strong> que, seg\u00fan los viajeros experimentados, merecen una visita en primavera.<\/p>\n\n\n\n<h3 class=\"wp-block-heading\" id=\"Chorvatsko_Istrie_a_Dalmacie\"><span class=\"ez-toc-section\" id=\"Croacia_Istria_y_Dalmacia\"><\/span>Croacia: Istria y Dalmacia<span class=\"ez-toc-section-end\"><\/span><\/h3>\n\n\n\n<p class=\"wp-block-paragraph\">Si est\u00e1s pensando en ir a <a href=\"https:\/\/loudavymkrokem.cz\/es\/istria-croacia-que-ver\/\">Istria<\/a> o m\u00e1s al sur, a Dalmacia, tengo que avisarte de una cosa importante. <strong>El agua en mayo todav\u00eda est\u00e1 muy fr\u00eda<\/strong>, porque el mar en Istria ronda los 17,8 \u00b0C y en Dubrovnik alcanza como mucho los 19,4 \u00b0C, as\u00ed que ba\u00f1arse ser\u00e1 cosa solo de los m\u00e1s valientes. Por otro lado, es sin duda <strong>el mejor mes para descubrir los monumentos<\/strong>, cuando no sudar\u00e1s con el calor del verano y las callejuelas de los pueblos hist\u00f3ricos estar\u00e1n maravillosamente medio vac\u00edas.<\/p>\n\n\n\n<figure data-wp-context=\"{&quot;imageId&quot;:&quot;6a9afccba820d&quot;}\" data-wp-interactive=\"core\/image\" data-wp-key=\"6a9afccba820d\" class=\"wp-block-image size-full wp-lightbox-container\"><img decoding=\"async\" width=\"1500\" height=\"1125\" data-wp-class--hide=\"state.isContentHidden\" data-wp-class--show=\"state.isContentVisible\" data-wp-init=\"callbacks.setButtonStyles\" data-wp-on--click=\"actions.showLightbox\" data-wp-on--load=\"callbacks.setButtonStyles\" data-wp-on--pointerdown=\"actions.preloadImage\" data-wp-on--pointerenter=\"actions.preloadImageWithDelay\" data-wp-on--pointerleave=\"actions.cancelPreload\" data-wp-on-window--resize=\"callbacks.setButtonStyles\" src=\"https:\/\/loudavymkrokem.cz\/wp-content\/uploads\/2026\/08\/lk-istrie.jpg\" alt=\"Rovinj en Istria\" class=\"wp-image-403024\" title=\"\" srcset=\"https:\/\/loudavymkrokem.cz\/wp-content\/uploads\/2026\/08\/lk-istrie.jpg 1500w, https:\/\/loudavymkrokem.cz\/wp-content\/uploads\/2026\/08\/lk-istrie-300x225.jpg 300w, https:\/\/loudavymkrokem.cz\/wp-content\/uploads\/2026\/08\/lk-istrie-700x525.jpg 700w, https:\/\/loudavymkrokem.cz\/wp-content\/uploads\/2026\/08\/lk-istrie-768x576.jpg 768w, https:\/\/loudavymkrokem.cz\/wp-content\/uploads\/2026\/08\/lk-istrie-80x60.jpg 80w, https:\/\/loudavymkrokem.cz\/wp-content\/uploads\/2026\/08\/lk-istrie-160x120.jpg 160w, https:\/\/loudavymkrokem.cz\/wp-content\/uploads\/2026\/08\/lk-istrie-696x522.jpg 696w, https:\/\/loudavymkrokem.cz\/wp-content\/uploads\/2026\/08\/lk-istrie-1392x1044.jpg 1392w\" sizes=\"(max-width: 1500px) 100vw, 1500px\" \/><button\n\t\t\tclass=\"lightbox-trigger\"\n\t\t\ttype=\"button\"\n\t\t\taria-haspopup=\"dialog\"\n\t\t\tdata-wp-bind--aria-label=\"state.thisImage.triggerButtonAriaLabel\"\n\t\t\tdata-wp-init=\"callbacks.initTriggerButton\"\n\t\t\tdata-wp-on--click=\"actions.showLightbox\"\n\t\t\tdata-wp-style--right=\"state.thisImage.buttonRight\"\n\t\t\tdata-wp-style--top=\"state.thisImage.buttonTop\"\n\t\t>\n\t\t\t<svg xmlns=\"http:\/\/www.w3.org\/2000\/svg\" width=\"12\" height=\"12\" fill=\"none\" viewBox=\"0 0 12 12\">\n\t\t\t\t<path fill=\"#fff\" d=\"M2 0a2 2 0 0 0-2 2v2h1.5V2a.5.5 0 0 1 .5-.5h2V0H2Zm2 10.5H2a.5.5 0 0 1-.5-.5V8H0v2a2 2 0 0 0 2 2h2v-1.5ZM8 12v-1.5h2a.5.5 0 0 0 .5-.5V8H12v2a2 2 0 0 1-2 2H8Zm2-12a2 2 0 0 1 2 2v2h-1.5V2a.5.5 0 0 0-.5-.5H8V0h2Z\" \/>\n\t\t\t<\/svg>\n\t\t<\/button><figcaption class=\"wp-element-caption\">Rovinj en Istria (Foto: Einaz80 \/ Wikimedia Commons, CC BY-SA 4.0)<\/figcaption><\/figure>\n\n\n\n<p class=\"wp-block-paragraph\">Durante el d\u00eda las temperaturas en Istria rondan unos agradables 21,0 \u00b0C y por la noche bajan a 14,9 \u00b0C, mientras que el sol luce unas preciosas 11,5 horas al d\u00eda. Las condiciones son <strong>ideales para visitar los parques nacionales<\/strong>, as\u00ed que no te pierdas los lagos de Plitvice ni las cascadas de Krka, donde gracias al deshielo primaveral fluye una cantidad enorme de agua.<\/p>\n\n\n\n<p class=\"wp-block-paragraph\">En Split y Makarska espera temperaturas diurnas de unos 22,3 \u00b0C con 11,9 d\u00edas de lluvia, mientras que en Dubrovnik el term\u00f3metro marcar\u00e1 21,8 \u00b0C y de noche 14,3 \u00b0C. Para planificar tu viaje al detalle, \u00e9chale un vistazo al <a href=\"https:\/\/loudavymkrokem.cz\/es\/croacia-clima-mes-mes\/\">tiempo en Croacia<\/a>, para que no te sorprenda ninguna lluvia primaveral.<\/p>\n\n\n\n<p class=\"wp-block-paragraph\"><strong>\ud83d\udca1 Alojamiento recomendado:<\/strong> <a href=\"https:\/\/www.stay22.com\/allez\/roam?aid=lukaskonecny&#038;campaign=loudavymkrokemcz&#038;campaign=kam-na-dovolenou-v-kvetnu&#038;hotelname=Hotel%20Lone&#038;address=Rovinj%2C%20Chorvatsko\" target=\"_blank\" rel=\"noopener nofollow sponsored\">Hotel Lone<\/a> en Rovinj<\/p>\n\n\n\n<h3 class=\"wp-block-heading\" id=\"Cerna_Hora\"><span class=\"ez-toc-section\" id=\"Montenegro\"><\/span>Montenegro<span class=\"ez-toc-section-end\"><\/span><\/h3>\n\n\n\n<p class=\"wp-block-paragraph\">Los viajeros elogian much\u00edsimo en los \u00faltimos a\u00f1os la visita a Montenegro en mayo, que ofrece <strong>una preciosa combinaci\u00f3n de altas monta\u00f1as y antiguos pueblos costeros<\/strong>. En la popular Budva las temperaturas medias diurnas suben hasta unos preciosos 22,1 \u00b0C y de noche bajan a 15,7 \u00b0C, lo que crea unas condiciones perfectas para excursiones de un d\u00eda al interior. El mar alcanza aqu\u00ed los 19,9 \u00b0C, as\u00ed que para los m\u00e1s atrevidos ya da para alg\u00fan que otro chapuz\u00f3n r\u00e1pido.<\/p>\n\n\n\n<figure data-wp-context=\"{&quot;imageId&quot;:&quot;6a9afccba895a&quot;}\" data-wp-interactive=\"core\/image\" data-wp-key=\"6a9afccba895a\" class=\"wp-block-image size-full wp-lightbox-container\"><img decoding=\"async\" width=\"1500\" height=\"843\" data-wp-class--hide=\"state.isContentHidden\" data-wp-class--show=\"state.isContentVisible\" data-wp-init=\"callbacks.setButtonStyles\" data-wp-on--click=\"actions.showLightbox\" data-wp-on--load=\"callbacks.setButtonStyles\" data-wp-on--pointerdown=\"actions.preloadImage\" data-wp-on--pointerenter=\"actions.preloadImageWithDelay\" data-wp-on--pointerleave=\"actions.cancelPreload\" data-wp-on-window--resize=\"callbacks.setButtonStyles\" src=\"https:\/\/loudavymkrokem.cz\/wp-content\/uploads\/2026\/08\/lk-cernahora.jpg\" alt=\"Sveti Stefan en Montenegro\" class=\"wp-image-403017\" title=\"\" srcset=\"https:\/\/loudavymkrokem.cz\/wp-content\/uploads\/2026\/08\/lk-cernahora.jpg 1500w, https:\/\/loudavymkrokem.cz\/wp-content\/uploads\/2026\/08\/lk-cernahora-300x169.jpg 300w, https:\/\/loudavymkrokem.cz\/wp-content\/uploads\/2026\/08\/lk-cernahora-700x393.jpg 700w, https:\/\/loudavymkrokem.cz\/wp-content\/uploads\/2026\/08\/lk-cernahora-768x432.jpg 768w, https:\/\/loudavymkrokem.cz\/wp-content\/uploads\/2026\/08\/lk-cernahora-696x391.jpg 696w, https:\/\/loudavymkrokem.cz\/wp-content\/uploads\/2026\/08\/lk-cernahora-1392x782.jpg 1392w\" sizes=\"(max-width: 1500px) 100vw, 1500px\" \/><button\n\t\t\tclass=\"lightbox-trigger\"\n\t\t\ttype=\"button\"\n\t\t\taria-haspopup=\"dialog\"\n\t\t\tdata-wp-bind--aria-label=\"state.thisImage.triggerButtonAriaLabel\"\n\t\t\tdata-wp-init=\"callbacks.initTriggerButton\"\n\t\t\tdata-wp-on--click=\"actions.showLightbox\"\n\t\t\tdata-wp-style--right=\"state.thisImage.buttonRight\"\n\t\t\tdata-wp-style--top=\"state.thisImage.buttonTop\"\n\t\t>\n\t\t\t<svg xmlns=\"http:\/\/www.w3.org\/2000\/svg\" width=\"12\" height=\"12\" fill=\"none\" viewBox=\"0 0 12 12\">\n\t\t\t\t<path fill=\"#fff\" d=\"M2 0a2 2 0 0 0-2 2v2h1.5V2a.5.5 0 0 1 .5-.5h2V0H2Zm2 10.5H2a.5.5 0 0 1-.5-.5V8H0v2a2 2 0 0 0 2 2h2v-1.5ZM8 12v-1.5h2a.5.5 0 0 0 .5-.5V8H12v2a2 2 0 0 1-2 2H8Zm2-12a2 2 0 0 1 2 2v2h-1.5V2a.5.5 0 0 0-.5-.5H8V0h2Z\" \/>\n\t\t\t<\/svg>\n\t\t<\/button><figcaption class=\"wp-element-caption\">Sveti Stefan en Montenegro (Foto: Marcin Konsek \/ Wikimedia Commons, CC BY-SA 4.0)<\/figcaption><\/figure>\n\n\n\n<p class=\"wp-block-paragraph\">El sol te acompa\u00f1ar\u00e1 aqu\u00ed una media de 11,7 horas al d\u00eda, aunque tienes que contar con que a lo largo del mes puede llover al menos en parte unos 14,6 d\u00edas. Seg\u00fan las rese\u00f1as, mayo es precisamente la \u00e9poca en la que <strong>los precios de los apartamentos est\u00e1n en su m\u00ednimo anual<\/strong>, as\u00ed que por poco dinero encontrar\u00e1s un alojamiento de lujo con vistas a la bah\u00eda. Si quieres explorar todo el pa\u00eds a fondo, lee nuestro art\u00edculo sobre las <a href=\"https:\/\/loudavymkrokem.cz\/es\/montenegro-que-ver\/\">vacaciones en Montenegro<\/a>, donde encontrar\u00e1s un mont\u00f3n de consejos \u00fatiles.<\/p>\n\n\n\n<h3 class=\"wp-block-heading\" id=\"Italie_Jadran_Apulie_a_Amalfi\"><span class=\"ez-toc-section\" id=\"Italia_Adriatico_Apulia_y_Amalfi\"><\/span>Italia: Adri\u00e1tico, Apulia y Amalfi<span class=\"ez-toc-section-end\"><\/span><\/h3>\n\n\n\n<p class=\"wp-block-paragraph\">Italia es simplemente m\u00e1gica en primavera y dicen que en ning\u00fan otro sitio encontrar\u00e1s un ambiente tan relajado como en el sur antes de que estalle la locura de las vacaciones. Sobre todo <a href=\"https:\/\/loudavymkrokem.cz\/es\/puglia-italia-que-ver\/\">Apulia<\/a> te dejar\u00e1 sin palabras, con temperaturas diurnas de 23,0 \u00b0C y apenas 8,2 d\u00edas de lluvia, as\u00ed que <strong>los caf\u00e9s locales ya est\u00e1n a rebosar<\/strong> y el sol calienta unas preciosas 12,1 horas al d\u00eda. El mar tiene aqu\u00ed solo 18,6 \u00b0C y las temperaturas nocturnas caen hasta los 15,0 \u00b0C, pero para pasear entre las casitas blancas es una absoluta maravilla.<\/p>\n\n\n\n<figure data-wp-context=\"{&quot;imageId&quot;:&quot;6a9afccba8f6c&quot;}\" data-wp-interactive=\"core\/image\" data-wp-key=\"6a9afccba8f6c\" class=\"wp-block-image size-full wp-lightbox-container\"><img decoding=\"async\" width=\"1500\" height=\"843\" data-wp-class--hide=\"state.isContentHidden\" data-wp-class--show=\"state.isContentVisible\" data-wp-init=\"callbacks.setButtonStyles\" data-wp-on--click=\"actions.showLightbox\" data-wp-on--load=\"callbacks.setButtonStyles\" data-wp-on--pointerdown=\"actions.preloadImage\" data-wp-on--pointerenter=\"actions.preloadImageWithDelay\" data-wp-on--pointerleave=\"actions.cancelPreload\" data-wp-on-window--resize=\"callbacks.setButtonStyles\" src=\"https:\/\/loudavymkrokem.cz\/wp-content\/uploads\/2026\/08\/lk-apulie.jpg\" alt=\"Polignano a Mare en Apulia\" class=\"wp-image-403042\" title=\"\" srcset=\"https:\/\/loudavymkrokem.cz\/wp-content\/uploads\/2026\/08\/lk-apulie.jpg 1500w, https:\/\/loudavymkrokem.cz\/wp-content\/uploads\/2026\/08\/lk-apulie-300x169.jpg 300w, https:\/\/loudavymkrokem.cz\/wp-content\/uploads\/2026\/08\/lk-apulie-700x393.jpg 700w, https:\/\/loudavymkrokem.cz\/wp-content\/uploads\/2026\/08\/lk-apulie-768x432.jpg 768w, https:\/\/loudavymkrokem.cz\/wp-content\/uploads\/2026\/08\/lk-apulie-696x391.jpg 696w, https:\/\/loudavymkrokem.cz\/wp-content\/uploads\/2026\/08\/lk-apulie-1392x782.jpg 1392w\" sizes=\"(max-width: 1500px) 100vw, 1500px\" \/><button\n\t\t\tclass=\"lightbox-trigger\"\n\t\t\ttype=\"button\"\n\t\t\taria-haspopup=\"dialog\"\n\t\t\tdata-wp-bind--aria-label=\"state.thisImage.triggerButtonAriaLabel\"\n\t\t\tdata-wp-init=\"callbacks.initTriggerButton\"\n\t\t\tdata-wp-on--click=\"actions.showLightbox\"\n\t\t\tdata-wp-style--right=\"state.thisImage.buttonRight\"\n\t\t\tdata-wp-style--top=\"state.thisImage.buttonTop\"\n\t\t>\n\t\t\t<svg xmlns=\"http:\/\/www.w3.org\/2000\/svg\" width=\"12\" height=\"12\" fill=\"none\" viewBox=\"0 0 12 12\">\n\t\t\t\t<path fill=\"#fff\" d=\"M2 0a2 2 0 0 0-2 2v2h1.5V2a.5.5 0 0 1 .5-.5h2V0H2Zm2 10.5H2a.5.5 0 0 1-.5-.5V8H0v2a2 2 0 0 0 2 2h2v-1.5ZM8 12v-1.5h2a.5.5 0 0 0 .5-.5V8H12v2a2 2 0 0 1-2 2H8Zm2-12a2 2 0 0 1 2 2v2h-1.5V2a.5.5 0 0 0-.5-.5H8V0h2Z\" \/>\n\t\t\t<\/svg>\n\t\t<\/button><figcaption class=\"wp-element-caption\">Polignano a Mare en Apulia (Foto: acediscovery \/ Wikimedia Commons, CC BY 4.0)<\/figcaption><\/figure>\n\n\n\n<p class=\"wp-block-paragraph\">Si te atrae m\u00e1s la famosa <a href=\"https:\/\/loudavymkrokem.cz\/es\/costa-amalfi-que-ver\/\">Costa Amalfitana<\/a>, prep\u00e1rate para unos agradables 22,0 \u00b0C de d\u00eda y 14,4 \u00b0C de noche, mientras que el agua del golfo de N\u00e1poles marca 19,3 \u00b0C. Los lugare\u00f1os recomiendan precisamente mayo como <strong>el mejor momento para recorrer los famosos acantilados<\/strong>, ya que en verano se forman colas interminables de autobuses en las estrechas carreteras. El Adri\u00e1tico norte y R\u00edmini registran 21,2 \u00b0C de d\u00eda, 13,5 \u00b0C de noche y 11,3 d\u00edas lluviosos, as\u00ed que por si acaso lleva tambi\u00e9n un jersey fino para los paseos vespertinos por el paseo mar\u00edtimo.<\/p>\n\n\n\n<h3 class=\"wp-block-heading\" id=\"Bulharsko\"><span class=\"ez-toc-section\" id=\"Bulgaria\"><\/span>Bulgaria<span class=\"ez-toc-section-end\"><\/span><\/h3>\n\n\n\n<p class=\"wp-block-paragraph\">Para los amantes de los viajes m\u00e1s econ\u00f3micos que buscan descanso en resorts enormes, unas <a href=\"https:\/\/loudavymkrokem.cz\/es\/vacaciones-bulgaria-lugares\/\">vacaciones en Bulgaria<\/a> al principio de la temporada son una opci\u00f3n muy tentadora. En la popular Sunny Beach las temperaturas diurnas llegan a los 21,2 \u00b0C, el sol luce unas estupendas 12,0 horas al d\u00eda y la lluvia te acompa\u00f1a unos 10,2 d\u00edas al mes. Eso s\u00ed, hay que decir que <strong>el mar, con 15,6 \u00b0C, es solo para osos polares \ud83d\ude05<\/strong>, as\u00ed que elige un alojamiento que ofrezca una gran piscina climatizada.<\/p>\n\n\n\n<figure data-wp-context=\"{&quot;imageId&quot;:&quot;6a9afccba94dd&quot;}\" data-wp-interactive=\"core\/image\" data-wp-key=\"6a9afccba94dd\" class=\"wp-block-image size-full wp-lightbox-container\"><img decoding=\"async\" width=\"1500\" height=\"1116\" data-wp-class--hide=\"state.isContentHidden\" data-wp-class--show=\"state.isContentVisible\" data-wp-init=\"callbacks.setButtonStyles\" data-wp-on--click=\"actions.showLightbox\" data-wp-on--load=\"callbacks.setButtonStyles\" data-wp-on--pointerdown=\"actions.preloadImage\" data-wp-on--pointerenter=\"actions.preloadImageWithDelay\" data-wp-on--pointerleave=\"actions.cancelPreload\" data-wp-on-window--resize=\"callbacks.setButtonStyles\" src=\"https:\/\/loudavymkrokem.cz\/wp-content\/uploads\/2026\/08\/lk-bulharsko.jpg\" alt=\"Nesebar en la costa b\u00falgara\" class=\"wp-image-403020\" title=\"\" srcset=\"https:\/\/loudavymkrokem.cz\/wp-content\/uploads\/2026\/08\/lk-bulharsko.jpg 1500w, https:\/\/loudavymkrokem.cz\/wp-content\/uploads\/2026\/08\/lk-bulharsko-300x223.jpg 300w, https:\/\/loudavymkrokem.cz\/wp-content\/uploads\/2026\/08\/lk-bulharsko-700x521.jpg 700w, https:\/\/loudavymkrokem.cz\/wp-content\/uploads\/2026\/08\/lk-bulharsko-768x571.jpg 768w, https:\/\/loudavymkrokem.cz\/wp-content\/uploads\/2026\/08\/lk-bulharsko-80x60.jpg 80w, https:\/\/loudavymkrokem.cz\/wp-content\/uploads\/2026\/08\/lk-bulharsko-160x120.jpg 160w, https:\/\/loudavymkrokem.cz\/wp-content\/uploads\/2026\/08\/lk-bulharsko-696x518.jpg 696w, https:\/\/loudavymkrokem.cz\/wp-content\/uploads\/2026\/08\/lk-bulharsko-1392x1036.jpg 1392w\" sizes=\"(max-width: 1500px) 100vw, 1500px\" \/><button\n\t\t\tclass=\"lightbox-trigger\"\n\t\t\ttype=\"button\"\n\t\t\taria-haspopup=\"dialog\"\n\t\t\tdata-wp-bind--aria-label=\"state.thisImage.triggerButtonAriaLabel\"\n\t\t\tdata-wp-init=\"callbacks.initTriggerButton\"\n\t\t\tdata-wp-on--click=\"actions.showLightbox\"\n\t\t\tdata-wp-style--right=\"state.thisImage.buttonRight\"\n\t\t\tdata-wp-style--top=\"state.thisImage.buttonTop\"\n\t\t>\n\t\t\t<svg xmlns=\"http:\/\/www.w3.org\/2000\/svg\" width=\"12\" height=\"12\" fill=\"none\" viewBox=\"0 0 12 12\">\n\t\t\t\t<path fill=\"#fff\" d=\"M2 0a2 2 0 0 0-2 2v2h1.5V2a.5.5 0 0 1 .5-.5h2V0H2Zm2 10.5H2a.5.5 0 0 1-.5-.5V8H0v2a2 2 0 0 0 2 2h2v-1.5ZM8 12v-1.5h2a.5.5 0 0 0 .5-.5V8H12v2a2 2 0 0 1-2 2H8Zm2-12a2 2 0 0 1 2 2v2h-1.5V2a.5.5 0 0 0-.5-.5H8V0h2Z\" \/>\n\t\t\t<\/svg>\n\t\t<\/button><figcaption class=\"wp-element-caption\">Nesebar en la costa b\u00falgara (Foto: Chrumps \/ Wikimedia Commons, CC BY-SA 4.0)<\/figcaption><\/figure>\n\n\n\n<p class=\"wp-block-paragraph\">Las tardes junto al mar todav\u00eda suelen ser bastante fr\u00edas, porque el term\u00f3metro baja habitualmente a 12,5 \u00b0C, as\u00ed que una chaqueta de abrigo seguro que te vendr\u00e1 bien en la maleta. Pero los lugare\u00f1os alaban mucho los meses de primavera, ya que <strong>las playas est\u00e1n maravillosamente vac\u00edas y limpias<\/strong>, los restaurantes ofrecen deliciosas ensaladas frescas con queso balc\u00e1nico y el personal de los hoteles todav\u00eda tiene mucha energ\u00eda para las sonrisas.<\/p>\n\n\n\n<p class=\"wp-block-paragraph\"><strong>\ud83d\udca1 Alojamiento recomendado:<\/strong> <a href=\"https:\/\/www.stay22.com\/allez\/roam?aid=lukaskonecny&#038;campaign=loudavymkrokemcz&#038;campaign=kam-na-dovolenou-v-kvetnu&#038;hotelname=Wave%20Resort&#038;address=Pomorie%2C%20Bulharsko\" target=\"_blank\" rel=\"noopener nofollow sponsored\">Wave Resort<\/a> en Pomorie<\/p>\n\n\n\n<h2 class=\"wp-block-heading\" id=\"Kam_v_kvetnu_na_stredomorske_ostrovy\"><span class=\"ez-toc-section\" id=\"Donde_ir_en_mayo_a_las_islas_del_Mediterraneo\"><\/span>D\u00f3nde ir en mayo a las islas del Mediterr\u00e1neo<span class=\"ez-toc-section-end\"><\/span><\/h2>\n\n\n\n<p class=\"wp-block-paragraph\">Mayo es, sin duda, el mes <strong>m\u00e1s verde y m\u00e1s florido<\/strong> de todo el a\u00f1o en todas las islas del Mediterr\u00e1neo. La naturaleza se alegra tras las largas lluvias del invierno y todav\u00eda no est\u00e1 quemada por el implacable sol de verano, que llega en julio.<\/p>\n\n\n\n<p class=\"wp-block-paragraph\">Otra gran ventaja son los precios de pretemporada, gracias a los cuales puedes permitirte un alojamiento m\u00e1s lujoso o un coche de alquiler por una fracci\u00f3n de lo que cuesta en verano. Vamos a explorar juntos las <strong>joyas insulares m\u00e1s interesantes<\/strong>, que en primavera resplandecen literalmente de color.<\/p>\n\n\n\n<h3 class=\"wp-block-heading\" id=\"Malta_a_Gozo\"><span class=\"ez-toc-section\" id=\"Malta_y_Gozo\"><\/span>Malta y Gozo<span class=\"ez-toc-section-end\"><\/span><\/h3>\n\n\n\n<p class=\"wp-block-paragraph\">Si odias la lluvia y quieres tener la garant\u00eda absoluta de sol, unas <a href=\"https:\/\/loudavymkrokem.cz\/es\/?p=399761\">vacaciones en Malta<\/a> ser\u00e1n un acierto total, con apenas 3,1 d\u00edas de lluvia. De d\u00eda te calentar\u00e1n unos agradables 22,0 \u00b0C y de noche las temperaturas no bajan de 17,2 \u00b0C, lo que convierte a Malta en <strong>una de las islas m\u00e1s c\u00e1lidas de todo el Mediterr\u00e1neo<\/strong>. Aqu\u00ed el sol pega unas preciosas 12,5 horas al d\u00eda, as\u00ed que seguro que vuelves a casa con la cara bien bronceada.<\/p>\n\n\n\n<figure data-wp-context=\"{&quot;imageId&quot;:&quot;6a9afccba9c21&quot;}\" data-wp-interactive=\"core\/image\" data-wp-key=\"6a9afccba9c21\" class=\"wp-block-image size-full wp-lightbox-container\"><img decoding=\"async\" width=\"1500\" height=\"995\" data-wp-class--hide=\"state.isContentHidden\" data-wp-class--show=\"state.isContentVisible\" data-wp-init=\"callbacks.setButtonStyles\" data-wp-on--click=\"actions.showLightbox\" data-wp-on--load=\"callbacks.setButtonStyles\" data-wp-on--pointerdown=\"actions.preloadImage\" data-wp-on--pointerenter=\"actions.preloadImageWithDelay\" data-wp-on--pointerleave=\"actions.cancelPreload\" data-wp-on-window--resize=\"callbacks.setButtonStyles\" src=\"https:\/\/loudavymkrokem.cz\/wp-content\/uploads\/2026\/08\/dovolena-malta-hero.jpg\" alt=\"Panorama de La Valeta y Grand Harbour\" class=\"wp-image-399628\" title=\"\" srcset=\"https:\/\/loudavymkrokem.cz\/wp-content\/uploads\/2026\/08\/dovolena-malta-hero.jpg 1500w, https:\/\/loudavymkrokem.cz\/wp-content\/uploads\/2026\/08\/dovolena-malta-hero-300x199.jpg 300w, https:\/\/loudavymkrokem.cz\/wp-content\/uploads\/2026\/08\/dovolena-malta-hero-700x464.jpg 700w, https:\/\/loudavymkrokem.cz\/wp-content\/uploads\/2026\/08\/dovolena-malta-hero-768x509.jpg 768w, https:\/\/loudavymkrokem.cz\/wp-content\/uploads\/2026\/08\/dovolena-malta-hero-696x462.jpg 696w, https:\/\/loudavymkrokem.cz\/wp-content\/uploads\/2026\/08\/dovolena-malta-hero-1392x923.jpg 1392w\" sizes=\"(max-width: 1500px) 100vw, 1500px\" \/><button\n\t\t\tclass=\"lightbox-trigger\"\n\t\t\ttype=\"button\"\n\t\t\taria-haspopup=\"dialog\"\n\t\t\tdata-wp-bind--aria-label=\"state.thisImage.triggerButtonAriaLabel\"\n\t\t\tdata-wp-init=\"callbacks.initTriggerButton\"\n\t\t\tdata-wp-on--click=\"actions.showLightbox\"\n\t\t\tdata-wp-style--right=\"state.thisImage.buttonRight\"\n\t\t\tdata-wp-style--top=\"state.thisImage.buttonTop\"\n\t\t>\n\t\t\t<svg xmlns=\"http:\/\/www.w3.org\/2000\/svg\" width=\"12\" height=\"12\" fill=\"none\" viewBox=\"0 0 12 12\">\n\t\t\t\t<path fill=\"#fff\" d=\"M2 0a2 2 0 0 0-2 2v2h1.5V2a.5.5 0 0 1 .5-.5h2V0H2Zm2 10.5H2a.5.5 0 0 1-.5-.5V8H0v2a2 2 0 0 0 2 2h2v-1.5ZM8 12v-1.5h2a.5.5 0 0 0 .5-.5V8H12v2a2 2 0 0 1-2 2H8Zm2-12a2 2 0 0 1 2 2v2h-1.5V2a.5.5 0 0 0-.5-.5H8V0h2Z\" \/>\n\t\t\t<\/svg>\n\t\t<\/button><figcaption class=\"wp-element-caption\">Panorama de La Valeta y Grand Harbour (Foto: Gerd Eichmann \/ Wikimedia Commons, CC BY-SA 4.0)<\/figcaption><\/figure>\n\n\n\n<p class=\"wp-block-paragraph\">Mayo es, seg\u00fan los viajeros, perfecto para descubrir la hist\u00f3rica La Valeta y la vecina isla de Gozo, donde puedes admirar las impresionantes salinas o antiguos templos. Aunque el agua alcanza solo 18,8 \u00b0C, <strong>en las calas poco profundas se calienta mucho m\u00e1s r\u00e1pido<\/strong>, as\u00ed que por la tarde puedes darte un ba\u00f1o en el mar transparente. Toda la isla luce en primavera todos los colores y est\u00e1 llena de flores silvestres que bordean todos los caminos.<\/p>\n\n\n\n<p class=\"wp-block-paragraph\"><strong>\ud83d\udca1 Alojamiento recomendado:<\/strong> <a href=\"https:\/\/www.stay22.com\/allez\/roam?aid=lukaskonecny&#038;campaign=loudavymkrokemcz&#038;campaign=kam-na-dovolenou-v-kvetnu&#038;hotelname=The%20Embassy%20Valletta%20Hotel&#038;address=Valletta%2C%20Malta\" target=\"_blank\" rel=\"noopener nofollow sponsored\">The Embassy Valletta Hotel<\/a> en La Valeta<\/p>\n\n\n\n<h3 class=\"wp-block-heading\" id=\"Sardinie\"><span class=\"ez-toc-section\" id=\"Cerdena\"><\/span>Cerde\u00f1a<span class=\"ez-toc-section-end\"><\/span><\/h3>\n\n\n\n<p class=\"wp-block-paragraph\">La italiana Cerde\u00f1a suele describirse como el Caribe europeo, y en primavera vale por partida doble, ya que la arena blanca contrasta con fuerza con los intensos pinares verdes. Durante mayo las temperaturas diurnas se asientan en 22,6 \u00b0C y el sol te regala 12,0 horas al d\u00eda enteras, solo las tardes con 14,1 \u00b0C piden ropa m\u00e1s abrigada. El mar de momento se ha calentado solo hasta los 18,5 \u00b0C, as\u00ed que <strong>el ba\u00f1ador lo usar\u00e1s m\u00e1s bien para tomar el sol en la playa<\/strong> o para un chapuz\u00f3n muy r\u00e1pido tras una caminata exigente.<\/p>\n\n\n\n<figure data-wp-context=\"{&quot;imageId&quot;:&quot;6a9afccbaa2f8&quot;}\" data-wp-interactive=\"core\/image\" data-wp-key=\"6a9afccbaa2f8\" class=\"wp-block-image size-full wp-lightbox-container\"><img decoding=\"async\" width=\"1500\" height=\"996\" data-wp-class--hide=\"state.isContentHidden\" data-wp-class--show=\"state.isContentVisible\" data-wp-init=\"callbacks.setButtonStyles\" data-wp-on--click=\"actions.showLightbox\" data-wp-on--load=\"callbacks.setButtonStyles\" data-wp-on--pointerdown=\"actions.preloadImage\" data-wp-on--pointerenter=\"actions.preloadImageWithDelay\" data-wp-on--pointerleave=\"actions.cancelPreload\" data-wp-on-window--resize=\"callbacks.setButtonStyles\" src=\"https:\/\/loudavymkrokem.cz\/wp-content\/uploads\/2026\/08\/kam-na-dovolenou-v-rijnu-m37.jpg\" alt=\"Costa de Cerde\u00f1a\" class=\"wp-image-400567\" title=\"\" srcset=\"https:\/\/loudavymkrokem.cz\/wp-content\/uploads\/2026\/08\/kam-na-dovolenou-v-rijnu-m37.jpg 1500w, https:\/\/loudavymkrokem.cz\/wp-content\/uploads\/2026\/08\/kam-na-dovolenou-v-rijnu-m37-300x199.jpg 300w, https:\/\/loudavymkrokem.cz\/wp-content\/uploads\/2026\/08\/kam-na-dovolenou-v-rijnu-m37-700x465.jpg 700w, https:\/\/loudavymkrokem.cz\/wp-content\/uploads\/2026\/08\/kam-na-dovolenou-v-rijnu-m37-768x510.jpg 768w, https:\/\/loudavymkrokem.cz\/wp-content\/uploads\/2026\/08\/kam-na-dovolenou-v-rijnu-m37-696x462.jpg 696w, https:\/\/loudavymkrokem.cz\/wp-content\/uploads\/2026\/08\/kam-na-dovolenou-v-rijnu-m37-1392x924.jpg 1392w\" sizes=\"(max-width: 1500px) 100vw, 1500px\" \/><button\n\t\t\tclass=\"lightbox-trigger\"\n\t\t\ttype=\"button\"\n\t\t\taria-haspopup=\"dialog\"\n\t\t\tdata-wp-bind--aria-label=\"state.thisImage.triggerButtonAriaLabel\"\n\t\t\tdata-wp-init=\"callbacks.initTriggerButton\"\n\t\t\tdata-wp-on--click=\"actions.showLightbox\"\n\t\t\tdata-wp-style--right=\"state.thisImage.buttonRight\"\n\t\t\tdata-wp-style--top=\"state.thisImage.buttonTop\"\n\t\t>\n\t\t\t<svg xmlns=\"http:\/\/www.w3.org\/2000\/svg\" width=\"12\" height=\"12\" fill=\"none\" viewBox=\"0 0 12 12\">\n\t\t\t\t<path fill=\"#fff\" d=\"M2 0a2 2 0 0 0-2 2v2h1.5V2a.5.5 0 0 1 .5-.5h2V0H2Zm2 10.5H2a.5.5 0 0 1-.5-.5V8H0v2a2 2 0 0 0 2 2h2v-1.5ZM8 12v-1.5h2a.5.5 0 0 0 .5-.5V8H12v2a2 2 0 0 1-2 2H8Zm2-12a2 2 0 0 1 2 2v2h-1.5V2a.5.5 0 0 0-.5-.5H8V0h2Z\" \/>\n\t\t\t<\/svg>\n\t\t<\/button><figcaption class=\"wp-element-caption\">Costa de Cerde\u00f1a (Foto: Tommie Hansen from Stockholm, Sweden \/ Wikimedia Commons, CC BY 2.0)<\/figcaption><\/figure>\n\n\n\n<p class=\"wp-block-paragraph\">Seg\u00fan las previsiones a largo plazo, llueve solo unos 7,6 d\u00edas al mes, una noticia estupenda para todos los viajeros activos. Si estudias en detalle el <a href=\"https:\/\/loudavymkrokem.cz\/es\/tiempo-cerdena-cuando-ir\/\">tiempo en Cerde\u00f1a<\/a>, ver\u00e1s que precisamente estas condiciones est\u00e1n <strong>hechas para descubrir la isla sobre cuatro ruedas<\/strong>. Recomiendo sin duda planear <a href=\"https:\/\/loudavymkrokem.cz\/es\/cerdena-en-coche-itinerario\/\">Cerde\u00f1a en coche<\/a>, porque solo as\u00ed llegar\u00e1s a las calas m\u00e1s escondidas, que en esta \u00e9poca tendr\u00e1s solo para ti.<\/p>\n\n\n\n<h3 class=\"wp-block-heading\" id=\"Korsika\"><span class=\"ez-toc-section\" id=\"Corcega\"><\/span>C\u00f3rcega<span class=\"ez-toc-section-end\"><\/span><\/h3>\n\n\n\n<p class=\"wp-block-paragraph\">La francesa <a href=\"https:\/\/loudavymkrokem.cz\/es\/corcega-francia-que-ver\/\">C\u00f3rcega<\/a>, justo al lado, es famosa por sus monta\u00f1as salvajes, que se elevan majestuosamente desde la misma costa. Su primavera es algo m\u00e1s fresca: de d\u00eda medir\u00e1s unos 21,7 \u00b0C y las noches pueden ser bastante fr\u00edas, con 12,9 \u00b0C, sobre todo si te alojas en zonas m\u00e1s altas. La temperatura del agua se mantiene en 18,7 \u00b0C y la lluvia aparece de media unos 9,2 d\u00edas, lo que mantiene <strong>toda la isla preciosamente florida y perfumada<\/strong>.<\/p>\n\n\n\n<figure data-wp-context=\"{&quot;imageId&quot;:&quot;6a9afccbaaa31&quot;}\" data-wp-interactive=\"core\/image\" data-wp-key=\"6a9afccbaaa31\" class=\"wp-block-image size-full wp-lightbox-container\"><img decoding=\"async\" width=\"1500\" height=\"1000\" data-wp-class--hide=\"state.isContentHidden\" data-wp-class--show=\"state.isContentVisible\" data-wp-init=\"callbacks.setButtonStyles\" data-wp-on--click=\"actions.showLightbox\" data-wp-on--load=\"callbacks.setButtonStyles\" data-wp-on--pointerdown=\"actions.preloadImage\" data-wp-on--pointerenter=\"actions.preloadImageWithDelay\" data-wp-on--pointerleave=\"actions.cancelPreload\" data-wp-on-window--resize=\"callbacks.setButtonStyles\" src=\"https:\/\/loudavymkrokem.cz\/wp-content\/uploads\/2026\/08\/lk-korsika.jpg\" alt=\"Acantilados de C\u00f3rcega\" class=\"wp-image-403013\" title=\"\" srcset=\"https:\/\/loudavymkrokem.cz\/wp-content\/uploads\/2026\/08\/lk-korsika.jpg 1500w, https:\/\/loudavymkrokem.cz\/wp-content\/uploads\/2026\/08\/lk-korsika-300x200.jpg 300w, https:\/\/loudavymkrokem.cz\/wp-content\/uploads\/2026\/08\/lk-korsika-700x467.jpg 700w, https:\/\/loudavymkrokem.cz\/wp-content\/uploads\/2026\/08\/lk-korsika-768x512.jpg 768w, https:\/\/loudavymkrokem.cz\/wp-content\/uploads\/2026\/08\/lk-korsika-696x464.jpg 696w, https:\/\/loudavymkrokem.cz\/wp-content\/uploads\/2026\/08\/lk-korsika-1392x928.jpg 1392w\" sizes=\"(max-width: 1500px) 100vw, 1500px\" \/><button\n\t\t\tclass=\"lightbox-trigger\"\n\t\t\ttype=\"button\"\n\t\t\taria-haspopup=\"dialog\"\n\t\t\tdata-wp-bind--aria-label=\"state.thisImage.triggerButtonAriaLabel\"\n\t\t\tdata-wp-init=\"callbacks.initTriggerButton\"\n\t\t\tdata-wp-on--click=\"actions.showLightbox\"\n\t\t\tdata-wp-style--right=\"state.thisImage.buttonRight\"\n\t\t\tdata-wp-style--top=\"state.thisImage.buttonTop\"\n\t\t>\n\t\t\t<svg xmlns=\"http:\/\/www.w3.org\/2000\/svg\" width=\"12\" height=\"12\" fill=\"none\" viewBox=\"0 0 12 12\">\n\t\t\t\t<path fill=\"#fff\" d=\"M2 0a2 2 0 0 0-2 2v2h1.5V2a.5.5 0 0 1 .5-.5h2V0H2Zm2 10.5H2a.5.5 0 0 1-.5-.5V8H0v2a2 2 0 0 0 2 2h2v-1.5ZM8 12v-1.5h2a.5.5 0 0 0 .5-.5V8H12v2a2 2 0 0 1-2 2H8Zm2-12a2 2 0 0 1 2 2v2h-1.5V2a.5.5 0 0 0-.5-.5H8V0h2Z\" \/>\n\t\t\t<\/svg>\n\t\t<\/button><figcaption class=\"wp-element-caption\">Acantilados de C\u00f3rcega (Foto: Isiwal \/ Wikimedia Commons, CC BY-SA 3.0)<\/figcaption><\/figure>\n\n\n\n<p class=\"wp-block-paragraph\">El sol lucir\u00e1 11,9 horas al d\u00eda, lo que te dar\u00e1 mucho tiempo para las rutas de monta\u00f1a por las que la isla es tan famosa. Los viajeros coinciden en que un <a href=\"https:\/\/loudavymkrokem.cz\/es\/roadtrip-corcega-francia\/\">roadtrip primaveral por C\u00f3rcega<\/a> es una idea fant\u00e1stica, porque <strong>las carreteras de monta\u00f1a por fin son transitables y seguras<\/strong>, ya que evitas a los conductores agresivos del verano. No te pierdas el antiguo pueblo de Bonifacio, que sobre sus acantilados calizos tiene un aspecto absolutamente espectacular.<\/p>\n\n\n\n<h3 class=\"wp-block-heading\" id=\"Baleary_Mallorca_a_Menorca\"><span class=\"ez-toc-section\" id=\"Baleares_Mallorca_y_Menorca\"><\/span>Baleares: Mallorca y Menorca<span class=\"ez-toc-section-end\"><\/span><\/h3>\n\n\n\n<p class=\"wp-block-paragraph\">Las espa\u00f1olas Baleares son de los destinos europeos m\u00e1s queridos y en primavera se convierten en un aut\u00e9ntico para\u00edso para ciclistas y amantes del senderismo. <a href=\"https:\/\/loudavymkrokem.cz\/es\/mallorca-espana-que-ver\/\">Mallorca<\/a> presume en los alrededores de Palma de 23,6 \u00b0C diurnos, sol durante 12,4 horas y solo 6,9 d\u00edas de lluvia, as\u00ed que <strong>de d\u00eda ya te pones los pantalones cortos sin problema<\/strong>. De noche las temperaturas rondan los 15,3 \u00b0C y el mar tiene unos refrescantes 19,8 \u00b0C, suficiente para ba\u00f1arse a muchos turistas de los m\u00e1s atrevidos.<\/p>\n\n\n\n<figure data-wp-context=\"{&quot;imageId&quot;:&quot;6a9afccbaafc5&quot;}\" data-wp-interactive=\"core\/image\" data-wp-key=\"6a9afccbaafc5\" class=\"wp-block-image size-full wp-lightbox-container\"><img decoding=\"async\" width=\"1500\" height=\"1125\" data-wp-class--hide=\"state.isContentHidden\" data-wp-class--show=\"state.isContentVisible\" data-wp-init=\"callbacks.setButtonStyles\" data-wp-on--click=\"actions.showLightbox\" data-wp-on--load=\"callbacks.setButtonStyles\" data-wp-on--pointerdown=\"actions.preloadImage\" data-wp-on--pointerenter=\"actions.preloadImageWithDelay\" data-wp-on--pointerleave=\"actions.cancelPreload\" data-wp-on-window--resize=\"callbacks.setButtonStyles\" src=\"https:\/\/loudavymkrokem.cz\/wp-content\/uploads\/2026\/08\/kam-na-dovolenou-v-rijnu-m33.jpg\" alt=\"Cala en Mallorca\" class=\"wp-image-400550\" title=\"\" srcset=\"https:\/\/loudavymkrokem.cz\/wp-content\/uploads\/2026\/08\/kam-na-dovolenou-v-rijnu-m33.jpg 1500w, https:\/\/loudavymkrokem.cz\/wp-content\/uploads\/2026\/08\/kam-na-dovolenou-v-rijnu-m33-300x225.jpg 300w, https:\/\/loudavymkrokem.cz\/wp-content\/uploads\/2026\/08\/kam-na-dovolenou-v-rijnu-m33-700x525.jpg 700w, https:\/\/loudavymkrokem.cz\/wp-content\/uploads\/2026\/08\/kam-na-dovolenou-v-rijnu-m33-768x576.jpg 768w, https:\/\/loudavymkrokem.cz\/wp-content\/uploads\/2026\/08\/kam-na-dovolenou-v-rijnu-m33-80x60.jpg 80w, https:\/\/loudavymkrokem.cz\/wp-content\/uploads\/2026\/08\/kam-na-dovolenou-v-rijnu-m33-160x120.jpg 160w, https:\/\/loudavymkrokem.cz\/wp-content\/uploads\/2026\/08\/kam-na-dovolenou-v-rijnu-m33-696x522.jpg 696w, https:\/\/loudavymkrokem.cz\/wp-content\/uploads\/2026\/08\/kam-na-dovolenou-v-rijnu-m33-1392x1044.jpg 1392w\" sizes=\"(max-width: 1500px) 100vw, 1500px\" \/><button\n\t\t\tclass=\"lightbox-trigger\"\n\t\t\ttype=\"button\"\n\t\t\taria-haspopup=\"dialog\"\n\t\t\tdata-wp-bind--aria-label=\"state.thisImage.triggerButtonAriaLabel\"\n\t\t\tdata-wp-init=\"callbacks.initTriggerButton\"\n\t\t\tdata-wp-on--click=\"actions.showLightbox\"\n\t\t\tdata-wp-style--right=\"state.thisImage.buttonRight\"\n\t\t\tdata-wp-style--top=\"state.thisImage.buttonTop\"\n\t\t>\n\t\t\t<svg xmlns=\"http:\/\/www.w3.org\/2000\/svg\" width=\"12\" height=\"12\" fill=\"none\" viewBox=\"0 0 12 12\">\n\t\t\t\t<path fill=\"#fff\" d=\"M2 0a2 2 0 0 0-2 2v2h1.5V2a.5.5 0 0 1 .5-.5h2V0H2Zm2 10.5H2a.5.5 0 0 1-.5-.5V8H0v2a2 2 0 0 0 2 2h2v-1.5ZM8 12v-1.5h2a.5.5 0 0 0 .5-.5V8H12v2a2 2 0 0 1-2 2H8Zm2-12a2 2 0 0 1 2 2v2h-1.5V2a.5.5 0 0 0-.5-.5H8V0h2Z\" \/>\n\t\t\t<\/svg>\n\t\t<\/button><figcaption class=\"wp-element-caption\">Cala en Mallorca (Foto: Xxlstier \/ Wikimedia Commons, CC BY-SA 4.0)<\/figcaption><\/figure>\n\n\n\n<p class=\"wp-block-paragraph\">La vecina Ibiza ofrece condiciones muy parecidas, con temperaturas diurnas de 23,1 \u00b0C y nocturnas de 16,2 \u00b0C, pero presume de a\u00fan menos lluvia (4,1 d\u00edas) y 12,8 horas de sol. El mar alrededor de ambas islas tiene igualmente 19,8 \u00b0C, y las playas poco profundas de Menorca se calientan m\u00e1s r\u00e1pido que ninguna. Los caf\u00e9s locales ya funcionan a pleno rendimiento, <strong>los naranjos perfuman toda la isla<\/strong> y puedes disfrutar de un ambiente tranquilo sin fiestas ruidosas.<\/p>\n\n\n\n<p class=\"wp-block-paragraph\"><strong>\ud83d\udca1 Alojamiento recomendado:<\/strong> <a href=\"https:\/\/www.stay22.com\/allez\/roam?aid=lukaskonecny&#038;campaign=loudavymkrokemcz&#038;campaign=kam-na-dovolenou-v-kvetnu&#038;hotelname=Ferrer%20Janeiro%20Hotel%20%26%20Spa&#038;address=Can%20Picafort%2C%20Mallorca%2C%20%C5%A0pan%C4%9Blsko\" target=\"_blank\" rel=\"noopener nofollow sponsored\">Ferrer Janeiro Hotel &#038; Spa<\/a> en Can Picafort<\/p>\n\n\n\n<h2 class=\"wp-block-heading\" id=\"Kam_v_kvetnu_do_hor_a_za_prirodou\"><span class=\"ez-toc-section\" id=\"Donde_ir_en_mayo_a_la_montana_y_a_la_naturaleza\"><\/span>D\u00f3nde ir en mayo a la monta\u00f1a y a la naturaleza<span class=\"ez-toc-section-end\"><\/span><\/h2>\n\n\n\n<p class=\"wp-block-paragraph\">Mayo es en las monta\u00f1as europeas un mes absolutamente fenomenal, al que con raz\u00f3n se le apoda la \u00e9poca de las cascadas, porque arriba se derrite con fuerza la nieve del invierno. El agua baja a los valles a una velocidad enorme, donde ya <strong>todo florece deslumbrante y huele a primavera<\/strong>.<\/p>\n\n\n\n<p class=\"wp-block-paragraph\">Pero tienes que elegir las zonas con cuidado, porque mientras abajo, en el piedemonte, ya puedes ir en camiseta, en la alta monta\u00f1a sigue reinando un invierno bastante duro. A continuaci\u00f3n te traigo las mejores propuestas de <strong>los destinos naturales m\u00e1s bonitos<\/strong>, que en esta \u00e9poca seguro que no te decepcionar\u00e1n.<\/p>\n\n\n\n<h3 class=\"wp-block-heading\" id=\"Dolomity_a_Alpy\"><span class=\"ez-toc-section\" id=\"Dolomitas_y_Alpes\"><\/span>Dolomitas y Alpes<span class=\"ez-toc-section-end\"><\/span><\/h3>\n\n\n\n<p class=\"wp-block-paragraph\">Una escapada a los Alpes italianos o austr\u00edacos a finales de primavera requiere algo de planificaci\u00f3n, pero esas vistas de praderas verdes bajo cumbres nevadas merecen totalmente la pena. En la austr\u00edaca Zell am See medir\u00e1s de d\u00eda unos simp\u00e1ticos 17,5 \u00b0C con 7,0 \u00b0C nocturnos, mientras que la alta Cortina d&#8217;Ampezzo registra 13,5 \u00b0C diurnos y de noche unos bastante g\u00e9lidos 4,4 \u00b0C. Cuenta tambi\u00e9n con que puede llover hasta 22,7 d\u00edas en la parte italiana y 20,2 d\u00edas en la austr\u00edaca, as\u00ed que <strong>un buen chubasquero impermeable es una necesidad absoluta<\/strong>.<\/p>\n\n\n\n<figure data-wp-context=\"{&quot;imageId&quot;:&quot;6a9afccbab859&quot;}\" data-wp-interactive=\"core\/image\" data-wp-key=\"6a9afccbab859\" class=\"wp-block-image size-full wp-lightbox-container\"><img decoding=\"async\" width=\"1500\" height=\"937\" data-wp-class--hide=\"state.isContentHidden\" data-wp-class--show=\"state.isContentVisible\" data-wp-init=\"callbacks.setButtonStyles\" data-wp-on--click=\"actions.showLightbox\" data-wp-on--load=\"callbacks.setButtonStyles\" data-wp-on--pointerdown=\"actions.preloadImage\" data-wp-on--pointerenter=\"actions.preloadImageWithDelay\" data-wp-on--pointerleave=\"actions.cancelPreload\" data-wp-on-window--resize=\"callbacks.setButtonStyles\" src=\"https:\/\/loudavymkrokem.cz\/wp-content\/uploads\/2026\/08\/kam-na-dovolenou-v-rijnu-m26.jpg\" alt=\"Alerces en los Dolomitas en oto\u00f1o\" class=\"wp-image-400520\" title=\"\" srcset=\"https:\/\/loudavymkrokem.cz\/wp-content\/uploads\/2026\/08\/kam-na-dovolenou-v-rijnu-m26.jpg 1500w, https:\/\/loudavymkrokem.cz\/wp-content\/uploads\/2026\/08\/kam-na-dovolenou-v-rijnu-m26-300x187.jpg 300w, https:\/\/loudavymkrokem.cz\/wp-content\/uploads\/2026\/08\/kam-na-dovolenou-v-rijnu-m26-700x437.jpg 700w, https:\/\/loudavymkrokem.cz\/wp-content\/uploads\/2026\/08\/kam-na-dovolenou-v-rijnu-m26-768x480.jpg 768w, https:\/\/loudavymkrokem.cz\/wp-content\/uploads\/2026\/08\/kam-na-dovolenou-v-rijnu-m26-696x435.jpg 696w, https:\/\/loudavymkrokem.cz\/wp-content\/uploads\/2026\/08\/kam-na-dovolenou-v-rijnu-m26-1392x870.jpg 1392w\" sizes=\"(max-width: 1500px) 100vw, 1500px\" \/><button\n\t\t\tclass=\"lightbox-trigger\"\n\t\t\ttype=\"button\"\n\t\t\taria-haspopup=\"dialog\"\n\t\t\tdata-wp-bind--aria-label=\"state.thisImage.triggerButtonAriaLabel\"\n\t\t\tdata-wp-init=\"callbacks.initTriggerButton\"\n\t\t\tdata-wp-on--click=\"actions.showLightbox\"\n\t\t\tdata-wp-style--right=\"state.thisImage.buttonRight\"\n\t\t\tdata-wp-style--top=\"state.thisImage.buttonTop\"\n\t\t>\n\t\t\t<svg xmlns=\"http:\/\/www.w3.org\/2000\/svg\" width=\"12\" height=\"12\" fill=\"none\" viewBox=\"0 0 12 12\">\n\t\t\t\t<path fill=\"#fff\" d=\"M2 0a2 2 0 0 0-2 2v2h1.5V2a.5.5 0 0 1 .5-.5h2V0H2Zm2 10.5H2a.5.5 0 0 1-.5-.5V8H0v2a2 2 0 0 0 2 2h2v-1.5ZM8 12v-1.5h2a.5.5 0 0 0 .5-.5V8H12v2a2 2 0 0 1-2 2H8Zm2-12a2 2 0 0 1 2 2v2h-1.5V2a.5.5 0 0 0-.5-.5H8V0h2Z\" \/>\n\t\t\t<\/svg>\n\t\t<\/button><figcaption class=\"wp-element-caption\">Alerces en los Dolomitas en oto\u00f1o (Foto: Julien Seguinot \/ Wikimedia Commons, CC BY-SA 3.0)<\/figcaption><\/figure>\n\n\n\n<p class=\"wp-block-paragraph\">El sol sale aqu\u00ed unas 9 horas al d\u00eda, pero tengo que avisarte con sinceridad sobre la elecci\u00f3n de rutas. Los treks a gran altura y los preciosos y fotog\u00e9nicos lagos como <a href=\"https:\/\/loudavymkrokem.cz\/es\/lago-di-sorapis-dolomitas-consejos\/\">Lago di Sorapis<\/a> <strong>en mayo suelen estar todav\u00eda bajo una gruesa capa de nieve<\/strong>, los senderos resbalan bastante y los refugios de monta\u00f1a (rifugi) suelen permanecer cerrados. Es mejor que te quedes en cotas m\u00e1s bajas y explores los <a href=\"https:\/\/loudavymkrokem.cz\/es\/dolomitas-italia-con-ninos\/\">Dolomitas con ni\u00f1os<\/a>, donde encontrar\u00e1s muchos senderos seguros y bien transitables alrededor de praderas floridas.<\/p>\n\n\n\n<h3 class=\"wp-block-heading\" id=\"Island_zacatek_nejlepsi_sezony\"><span class=\"ez-toc-section\" id=\"Islandia_comienzo_de_la_mejor_temporada\"><\/span>Islandia: comienzo de la mejor temporada<span class=\"ez-toc-section-end\"><\/span><\/h3>\n\n\n\n<p class=\"wp-block-paragraph\">Si est\u00e1s pensando <a href=\"https:\/\/loudavymkrokem.cz\/es\/cuando-viajar-islandia\/\">cu\u00e1ndo ir a Islandia<\/a>, cr\u00e9eme que justo el quinto mes del a\u00f1o es un gran favorito de muchos aventureros experimentados. En Reikiavik las temperaturas diurnas alcanzan solo 8,7 \u00b0C y de noche bajan a 3,7 \u00b0C, pero <strong>por fin ceden los g\u00e9lidos fr\u00edos del invierno<\/strong> y el sol se deja ver 9,4 horas al d\u00eda. El agua del oc\u00e9ano tiene unos helados 7,0 \u00b0C y los chubascos pueden sorprenderte hasta 18,5 d\u00edas al mes, as\u00ed que prep\u00e1rate para todo tipo de tiempo en una sola hora.<\/p>\n\n\n\n<figure data-wp-context=\"{&quot;imageId&quot;:&quot;6a9afccbabe40&quot;}\" data-wp-interactive=\"core\/image\" data-wp-key=\"6a9afccbabe40\" class=\"wp-block-image size-full wp-lightbox-container\"><img decoding=\"async\" width=\"1500\" height=\"1000\" data-wp-class--hide=\"state.isContentHidden\" data-wp-class--show=\"state.isContentVisible\" data-wp-init=\"callbacks.setButtonStyles\" data-wp-on--click=\"actions.showLightbox\" data-wp-on--load=\"callbacks.setButtonStyles\" data-wp-on--pointerdown=\"actions.preloadImage\" data-wp-on--pointerenter=\"actions.preloadImageWithDelay\" data-wp-on--pointerleave=\"actions.cancelPreload\" data-wp-on-window--resize=\"callbacks.setButtonStyles\" src=\"https:\/\/loudavymkrokem.cz\/wp-content\/uploads\/2026\/08\/kam-na-dovolenou-v-rijnu-m28.jpg\" alt=\"Aurora boreal sobre Islandia\" class=\"wp-image-400528\" title=\"\" srcset=\"https:\/\/loudavymkrokem.cz\/wp-content\/uploads\/2026\/08\/kam-na-dovolenou-v-rijnu-m28.jpg 1500w, https:\/\/loudavymkrokem.cz\/wp-content\/uploads\/2026\/08\/kam-na-dovolenou-v-rijnu-m28-300x200.jpg 300w, https:\/\/loudavymkrokem.cz\/wp-content\/uploads\/2026\/08\/kam-na-dovolenou-v-rijnu-m28-700x467.jpg 700w, https:\/\/loudavymkrokem.cz\/wp-content\/uploads\/2026\/08\/kam-na-dovolenou-v-rijnu-m28-768x512.jpg 768w, https:\/\/loudavymkrokem.cz\/wp-content\/uploads\/2026\/08\/kam-na-dovolenou-v-rijnu-m28-696x464.jpg 696w, https:\/\/loudavymkrokem.cz\/wp-content\/uploads\/2026\/08\/kam-na-dovolenou-v-rijnu-m28-1392x928.jpg 1392w\" sizes=\"(max-width: 1500px) 100vw, 1500px\" \/><button\n\t\t\tclass=\"lightbox-trigger\"\n\t\t\ttype=\"button\"\n\t\t\taria-haspopup=\"dialog\"\n\t\t\tdata-wp-bind--aria-label=\"state.thisImage.triggerButtonAriaLabel\"\n\t\t\tdata-wp-init=\"callbacks.initTriggerButton\"\n\t\t\tdata-wp-on--click=\"actions.showLightbox\"\n\t\t\tdata-wp-style--right=\"state.thisImage.buttonRight\"\n\t\t\tdata-wp-style--top=\"state.thisImage.buttonTop\"\n\t\t>\n\t\t\t<svg xmlns=\"http:\/\/www.w3.org\/2000\/svg\" width=\"12\" height=\"12\" fill=\"none\" viewBox=\"0 0 12 12\">\n\t\t\t\t<path fill=\"#fff\" d=\"M2 0a2 2 0 0 0-2 2v2h1.5V2a.5.5 0 0 1 .5-.5h2V0H2Zm2 10.5H2a.5.5 0 0 1-.5-.5V8H0v2a2 2 0 0 0 2 2h2v-1.5ZM8 12v-1.5h2a.5.5 0 0 0 .5-.5V8H12v2a2 2 0 0 1-2 2H8Zm2-12a2 2 0 0 1 2 2v2h-1.5V2a.5.5 0 0 0-.5-.5H8V0h2Z\" \/>\n\t\t\t<\/svg>\n\t\t<\/button><figcaption class=\"wp-element-caption\">Aurora boreal sobre Islandia (Foto: Giles Laurent \/ Wikimedia Commons, CC BY-SA 4.0)<\/figcaption><\/figure>\n\n\n\n<p class=\"wp-block-paragraph\">Precisamente en esta \u00e9poca la isla empieza a despertar poco a poco, los d\u00edas se alargan incre\u00edblemente y puedes explorar cascadas atronadoras hasta bien entrada la tarde. El principal atractivo es que <strong>se van abriendo poco a poco las carreteras del interior<\/strong>, intransitables durante todo el invierno, y as\u00ed llegas a las mayores joyas naturales. Si consultas cualquier buena <a href=\"https:\/\/loudavymkrokem.cz\/es\/guia-viaje-islandia\/\">gu\u00eda de Islandia<\/a>, ver\u00e1s que evitas con creces las molestas multitudes del verano y tendr\u00e1s muchos miradores solo para ti.<\/p>\n\n\n\n<h3 class=\"wp-block-heading\" id=\"Norsko_a_fjordy\"><span class=\"ez-toc-section\" id=\"Noruega_y_los_fiordos\"><\/span>Noruega y los fiordos<span class=\"ez-toc-section-end\"><\/span><\/h3>\n\n\n\n<p class=\"wp-block-paragraph\">Escandinavia es absolutamente m\u00e1gica en primavera y los fiordos noruegos rodeados de laderas verdes parecen sacados de alguna pel\u00edcula fant\u00e1stica. En Bergen y sus alrededores las m\u00e1ximas diurnas rondan los 13,5 \u00b0C, de noche bajan a 5,7 \u00b0C y el mar tiene unos muy fr\u00edos 11,0 \u00b0C. A la hora de decidir <a href=\"https:\/\/loudavymkrokem.cz\/es\/cuando-viajar-noruega\/\">cu\u00e1ndo ir a Noruega<\/a>, debes tener en cuenta que llueve unos 14,9 d\u00edas al mes, aunque los rayos de sol los disfrutar\u00e1s unas preciosas 10,6 horas al d\u00eda, lo que es <strong>un compromiso ideal para unas vacaciones activas<\/strong>.<\/p>\n\n\n\n<figure data-wp-context=\"{&quot;imageId&quot;:&quot;6a9afccbac40c&quot;}\" data-wp-interactive=\"core\/image\" data-wp-key=\"6a9afccbac40c\" class=\"wp-block-image size-full wp-lightbox-container\"><img decoding=\"async\" width=\"1500\" height=\"1000\" data-wp-class--hide=\"state.isContentHidden\" data-wp-class--show=\"state.isContentVisible\" data-wp-init=\"callbacks.setButtonStyles\" data-wp-on--click=\"actions.showLightbox\" data-wp-on--load=\"callbacks.setButtonStyles\" data-wp-on--pointerdown=\"actions.preloadImage\" data-wp-on--pointerenter=\"actions.preloadImageWithDelay\" data-wp-on--pointerleave=\"actions.cancelPreload\" data-wp-on-window--resize=\"callbacks.setButtonStyles\" src=\"https:\/\/loudavymkrokem.cz\/wp-content\/uploads\/2026\/08\/kam-na-dovolenou-v-rijnu-m29.jpg\" alt=\"Fiordos noruegos y aurora boreal\" class=\"wp-image-400532\" title=\"\" srcset=\"https:\/\/loudavymkrokem.cz\/wp-content\/uploads\/2026\/08\/kam-na-dovolenou-v-rijnu-m29.jpg 1500w, https:\/\/loudavymkrokem.cz\/wp-content\/uploads\/2026\/08\/kam-na-dovolenou-v-rijnu-m29-300x200.jpg 300w, https:\/\/loudavymkrokem.cz\/wp-content\/uploads\/2026\/08\/kam-na-dovolenou-v-rijnu-m29-700x467.jpg 700w, https:\/\/loudavymkrokem.cz\/wp-content\/uploads\/2026\/08\/kam-na-dovolenou-v-rijnu-m29-768x512.jpg 768w, https:\/\/loudavymkrokem.cz\/wp-content\/uploads\/2026\/08\/kam-na-dovolenou-v-rijnu-m29-696x464.jpg 696w, https:\/\/loudavymkrokem.cz\/wp-content\/uploads\/2026\/08\/kam-na-dovolenou-v-rijnu-m29-1392x928.jpg 1392w\" sizes=\"(max-width: 1500px) 100vw, 1500px\" \/><button\n\t\t\tclass=\"lightbox-trigger\"\n\t\t\ttype=\"button\"\n\t\t\taria-haspopup=\"dialog\"\n\t\t\tdata-wp-bind--aria-label=\"state.thisImage.triggerButtonAriaLabel\"\n\t\t\tdata-wp-init=\"callbacks.initTriggerButton\"\n\t\t\tdata-wp-on--click=\"actions.showLightbox\"\n\t\t\tdata-wp-style--right=\"state.thisImage.buttonRight\"\n\t\t\tdata-wp-style--top=\"state.thisImage.buttonTop\"\n\t\t>\n\t\t\t<svg xmlns=\"http:\/\/www.w3.org\/2000\/svg\" width=\"12\" height=\"12\" fill=\"none\" viewBox=\"0 0 12 12\">\n\t\t\t\t<path fill=\"#fff\" d=\"M2 0a2 2 0 0 0-2 2v2h1.5V2a.5.5 0 0 1 .5-.5h2V0H2Zm2 10.5H2a.5.5 0 0 1-.5-.5V8H0v2a2 2 0 0 0 2 2h2v-1.5ZM8 12v-1.5h2a.5.5 0 0 0 .5-.5V8H12v2a2 2 0 0 1-2 2H8Zm2-12a2 2 0 0 1 2 2v2h-1.5V2a.5.5 0 0 0-.5-.5H8V0h2Z\" \/>\n\t\t\t<\/svg>\n\t\t<\/button><figcaption class=\"wp-element-caption\">Fiordos noruegos y aurora boreal (Foto: Johannes Groll followhansi \/ Wikimedia Commons, CC0)<\/figcaption><\/figure>\n\n\n\n<p class=\"wp-block-paragraph\">El deshielo de la nieve de las monta\u00f1as cercanas hace que todas esas famosas cascadas a lo largo de los fiordos tengan una fuerza enorme y caigan con un estruendo ensordecedor. Ser\u00eda un pecado enorme perderse el famoso trayecto que ofrece el <a href=\"https:\/\/loudavymkrokem.cz\/es\/tren-flam-noruega\/\">tren de Fl\u00e5m<\/a>, porque <strong>las vistas desde la ventanilla de la naturaleza que despierta te dejar\u00e1n sin palabras<\/strong>. Mete unas cuantas capas de abrigo en la mochila y sal a respirar el aire fresco del norte antes de que los puertos se llenen de grandes cruceros.<\/p>\n\n\n\n<h3 class=\"wp-block-heading\" id=\"Vysoke_Tatry_a_Slovensko\"><span class=\"ez-toc-section\" id=\"Altos_Tatras_y_Eslovaquia\"><\/span>Altos Tatras y Eslovaquia<span class=\"ez-toc-section-end\"><\/span><\/h3>\n\n\n\n<p class=\"wp-block-paragraph\">Para disfrutar de una naturaleza de monta\u00f1a preciosa no hace falta ir muy lejos, ya que en la vecina Eslovaquia la primavera es un aut\u00e9ntico regalo para la vista. En \u0160trbsk\u00e9 Pleso las temperaturas diurnas suben a 11,1 \u00b0C, mientras que las noches se mantienen muy frescas con 3,4 \u00b0C y la lluvia aparece unos 18,4 d\u00edas al mes. Aun as\u00ed, el sol te acompa\u00f1ar\u00e1 11,1 horas al d\u00eda, as\u00ed que <strong>para pasear alrededor de los lagos de monta\u00f1a es una aut\u00e9ntica maravilla<\/strong>.<\/p>\n\n\n\n<figure data-wp-context=\"{&quot;imageId&quot;:&quot;6a9afccbacab4&quot;}\" data-wp-interactive=\"core\/image\" data-wp-key=\"6a9afccbacab4\" class=\"wp-block-image size-full wp-lightbox-container\"><img decoding=\"async\" width=\"1500\" height=\"1000\" data-wp-class--hide=\"state.isContentHidden\" data-wp-class--show=\"state.isContentVisible\" data-wp-init=\"callbacks.setButtonStyles\" data-wp-on--click=\"actions.showLightbox\" data-wp-on--load=\"callbacks.setButtonStyles\" data-wp-on--pointerdown=\"actions.preloadImage\" data-wp-on--pointerenter=\"actions.preloadImageWithDelay\" data-wp-on--pointerleave=\"actions.cancelPreload\" data-wp-on-window--resize=\"callbacks.setButtonStyles\" src=\"https:\/\/loudavymkrokem.cz\/wp-content\/uploads\/2026\/08\/kam-na-dovolenou-v-unoru-f18.jpg\" alt=\"Altos Tatras en invierno\" class=\"wp-image-400821\" title=\"\" srcset=\"https:\/\/loudavymkrokem.cz\/wp-content\/uploads\/2026\/08\/kam-na-dovolenou-v-unoru-f18.jpg 1500w, https:\/\/loudavymkrokem.cz\/wp-content\/uploads\/2026\/08\/kam-na-dovolenou-v-unoru-f18-300x200.jpg 300w, https:\/\/loudavymkrokem.cz\/wp-content\/uploads\/2026\/08\/kam-na-dovolenou-v-unoru-f18-700x467.jpg 700w, https:\/\/loudavymkrokem.cz\/wp-content\/uploads\/2026\/08\/kam-na-dovolenou-v-unoru-f18-768x512.jpg 768w, https:\/\/loudavymkrokem.cz\/wp-content\/uploads\/2026\/08\/kam-na-dovolenou-v-unoru-f18-696x464.jpg 696w, https:\/\/loudavymkrokem.cz\/wp-content\/uploads\/2026\/08\/kam-na-dovolenou-v-unoru-f18-1392x928.jpg 1392w\" sizes=\"(max-width: 1500px) 100vw, 1500px\" \/><button\n\t\t\tclass=\"lightbox-trigger\"\n\t\t\ttype=\"button\"\n\t\t\taria-haspopup=\"dialog\"\n\t\t\tdata-wp-bind--aria-label=\"state.thisImage.triggerButtonAriaLabel\"\n\t\t\tdata-wp-init=\"callbacks.initTriggerButton\"\n\t\t\tdata-wp-on--click=\"actions.showLightbox\"\n\t\t\tdata-wp-style--right=\"state.thisImage.buttonRight\"\n\t\t\tdata-wp-style--top=\"state.thisImage.buttonTop\"\n\t\t>\n\t\t\t<svg xmlns=\"http:\/\/www.w3.org\/2000\/svg\" width=\"12\" height=\"12\" fill=\"none\" viewBox=\"0 0 12 12\">\n\t\t\t\t<path fill=\"#fff\" d=\"M2 0a2 2 0 0 0-2 2v2h1.5V2a.5.5 0 0 1 .5-.5h2V0H2Zm2 10.5H2a.5.5 0 0 1-.5-.5V8H0v2a2 2 0 0 0 2 2h2v-1.5ZM8 12v-1.5h2a.5.5 0 0 0 .5-.5V8H12v2a2 2 0 0 1-2 2H8Zm2-12a2 2 0 0 1 2 2v2h-1.5V2a.5.5 0 0 0-.5-.5H8V0h2Z\" \/>\n\t\t\t<\/svg>\n\t\t<\/button><figcaption class=\"wp-element-caption\">Altos Tatras en invierno (Foto: Kacper Wolski \/ Pexels)<\/figcaption><\/figure>\n\n\n\n<p class=\"wp-block-paragraph\">Ten en cuenta que muchas rutas y collados de alta monta\u00f1a est\u00e1n cerrados hasta mediados de junio por el cierre invernal, para proteger la naturaleza y por la seguridad de los turistas. Aun as\u00ed encontrar\u00e1s fant\u00e1sticos <a href=\"https:\/\/loudavymkrokem.cz\/es\/trekkings-altos-tatras-eslovaquia\/\">treks en los Altos Tatras<\/a> que discurren por valles a menor altura o hacia los populares refugios abiertos todo el a\u00f1o. Lo que m\u00e1s elogian los viajeros de mayo es esa <strong>incre\u00edble calma y el aire fresco de monta\u00f1a<\/strong>, que expulsa de los pulmones todo el esmog de la ciudad.<\/p>\n\n\n\n<h2 class=\"wp-block-heading\" id=\"Kam_v_kvetnu_v_Cesku\"><span class=\"ez-toc-section\" id=\"Donde_ir_en_mayo_en_Chequia\"><\/span>D\u00f3nde ir en mayo en Chequia<span class=\"ez-toc-section-end\"><\/span><\/h2>\n\n\n\n<p class=\"wp-block-paragraph\">No hace falta cruzar necesariamente fronteras para disfrutar de unas vacaciones estupendas, porque mayo es en Chequia, sin duda, el mes <strong>m\u00e1s verde y jugoso de todos<\/strong>. Los \u00e1rboles se cubren de hojas frescas, las praderas florecen y las temperaturas son perfectas tanto para descubrir monumentos como para el senderismo.<\/p>\n\n\n\n<p class=\"wp-block-paragraph\">Una gran ventaja son tambi\u00e9n los dos d\u00edas festivos que, con una buena planificaci\u00f3n de las vacaciones, te ayudan a crear fines de semana largos llenos de experiencias estupendas. Vamos a ver <strong>a qu\u00e9 rincones del pa\u00eds merece la pena escaparse en primavera<\/strong>.<\/p>\n\n\n\n<h3 class=\"wp-block-heading\" id=\"Cesko_rozkvetla_krajina_a_prazdne_skaly\"><span class=\"ez-toc-section\" id=\"Chequia_paisaje_florido_y_penas_vacias\"><\/span>Chequia: paisaje florido y pe\u00f1as vac\u00edas<span class=\"ez-toc-section-end\"><\/span><\/h3>\n\n\n\n<p class=\"wp-block-paragraph\">El tiempo primaveral aqu\u00ed puede ser maravillosamente agradable: en Praga las temperaturas medias diurnas llegan a 19,4 \u00b0C y en el soleado sur de Moravia, en los alrededores de Mikulov, incluso a 19,5 \u00b0C. Las noches todav\u00eda son algo frescas, en la capital medir\u00e1s 9,1 \u00b0C y en Moravia 10,1 \u00b0C, con unos 11,8 a 13,1 d\u00edas de lluvia al mes. A cambio disfrutar\u00e1s de m\u00e1s de 10 horas de sol al d\u00eda, lo que crea <strong>un escenario perfecto para largas excursiones en familia<\/strong>.<\/p>\n\n\n\n<figure data-wp-context=\"{&quot;imageId&quot;:&quot;6a9afccbad341&quot;}\" data-wp-interactive=\"core\/image\" data-wp-key=\"6a9afccbad341\" class=\"wp-block-image size-full wp-lightbox-container\"><img decoding=\"async\" width=\"1500\" height=\"1000\" data-wp-class--hide=\"state.isContentHidden\" data-wp-class--show=\"state.isContentVisible\" data-wp-init=\"callbacks.setButtonStyles\" data-wp-on--click=\"actions.showLightbox\" data-wp-on--load=\"callbacks.setButtonStyles\" data-wp-on--pointerdown=\"actions.preloadImage\" data-wp-on--pointerenter=\"actions.preloadImageWithDelay\" data-wp-on--pointerleave=\"actions.cancelPreload\" data-wp-on-window--resize=\"callbacks.setButtonStyles\" src=\"https:\/\/loudavymkrokem.cz\/wp-content\/uploads\/2026\/08\/lk-morava.jpg\" alt=\"P\u00e1lava y el sur de Moravia\" class=\"wp-image-403038\" title=\"\" srcset=\"https:\/\/loudavymkrokem.cz\/wp-content\/uploads\/2026\/08\/lk-morava.jpg 1500w, https:\/\/loudavymkrokem.cz\/wp-content\/uploads\/2026\/08\/lk-morava-300x200.jpg 300w, https:\/\/loudavymkrokem.cz\/wp-content\/uploads\/2026\/08\/lk-morava-700x467.jpg 700w, https:\/\/loudavymkrokem.cz\/wp-content\/uploads\/2026\/08\/lk-morava-768x512.jpg 768w, https:\/\/loudavymkrokem.cz\/wp-content\/uploads\/2026\/08\/lk-morava-696x464.jpg 696w, https:\/\/loudavymkrokem.cz\/wp-content\/uploads\/2026\/08\/lk-morava-1392x928.jpg 1392w\" sizes=\"(max-width: 1500px) 100vw, 1500px\" \/><button\n\t\t\tclass=\"lightbox-trigger\"\n\t\t\ttype=\"button\"\n\t\t\taria-haspopup=\"dialog\"\n\t\t\tdata-wp-bind--aria-label=\"state.thisImage.triggerButtonAriaLabel\"\n\t\t\tdata-wp-init=\"callbacks.initTriggerButton\"\n\t\t\tdata-wp-on--click=\"actions.showLightbox\"\n\t\t\tdata-wp-style--right=\"state.thisImage.buttonRight\"\n\t\t\tdata-wp-style--top=\"state.thisImage.buttonTop\"\n\t\t>\n\t\t\t<svg xmlns=\"http:\/\/www.w3.org\/2000\/svg\" width=\"12\" height=\"12\" fill=\"none\" viewBox=\"0 0 12 12\">\n\t\t\t\t<path fill=\"#fff\" d=\"M2 0a2 2 0 0 0-2 2v2h1.5V2a.5.5 0 0 1 .5-.5h2V0H2Zm2 10.5H2a.5.5 0 0 1-.5-.5V8H0v2a2 2 0 0 0 2 2h2v-1.5ZM8 12v-1.5h2a.5.5 0 0 0 .5-.5V8H12v2a2 2 0 0 1-2 2H8Zm2-12a2 2 0 0 1 2 2v2h-1.5V2a.5.5 0 0 0-.5-.5H8V0h2Z\" \/>\n\t\t\t<\/svg>\n\t\t<\/button><figcaption class=\"wp-element-caption\">P\u00e1lava y el sur de Moravia (Foto: Arielle.desoucey \/ Wikimedia Commons, CC BY-SA 4.0)<\/figcaption><\/figure>\n\n\n\n<p class=\"wp-block-paragraph\">Los viajeros recomiendan much\u00edsimo aprovechar esta \u00e9poca para visitar las populares ciudades de piedra arenisca, porque la <a href=\"https:\/\/loudavymkrokem.cz\/es\/suiza-checa-que-ver\/\">Suiza Bohemia<\/a> o el Para\u00edso Bohemio est\u00e1n agradablemente vac\u00edos antes de la temporada alta. Una experiencia absolutamente impresionante es tambi\u00e9n el paseo en barca por los <a href=\"https:\/\/loudavymkrokem.cz\/es\/gargantas-kamenice-paseo-barca\/\">desfiladeros de Kamenice<\/a>, donde te <strong>rodear\u00e1n helechos y musgos de un verde intenso<\/strong>, que en el caluroso verano buscar\u00edas en vano.<\/p>\n\n\n\n<p class=\"wp-block-paragraph\">Si prefieres paseos m\u00e1s llanos con una copa de vino en la mano, dir\u00edgete hacia P\u00e1lava o planea una visita al incre\u00edble recinto del <a href=\"https:\/\/loudavymkrokem.cz\/es\/castillo-lednice-republica-checa\/\">castillo de Lednice<\/a>. Los jardines del castillo pasan justo por su \u00e9poca de mayor floraci\u00f3n, <strong>todo huele a lilas y tulipanes<\/strong>, y puedes pasar horas paseando por el parque lleno de rom\u00e1nticas construcciones. Adem\u00e1s, por fin abren todos los castillos y palacios tras la pausa invernal, as\u00ed que el plan de fin de semana est\u00e1 m\u00e1s que asegurado \u263a\ufe0f.<\/p>\n\n\n\n\n\n<h2 class=\"wp-block-heading\" id=\"Kam_dal\"><span class=\"ez-toc-section\" id=\"Y_ahora_%C2%BFadonde_Mas_ideas_para_viajar\"><\/span>Y ahora, \u00bfad\u00f3nde? M\u00e1s ideas para viajar<span class=\"ez-toc-section-end\"><\/span><\/h2>\n\n\n\n<p class=\"wp-block-paragraph\">Si todav\u00eda dudas sobre la fecha o el destino, \u00e9chale un vistazo tambi\u00e9n a estos art\u00edculos.<\/p>\n\n\n\n<ul class=\"wp-block-list\">\n\n<li><a href=\"https:\/\/loudavymkrokem.cz\/es\/vacaciones-abril-destinos\/\">D\u00f3nde ir de vacaciones en abril<\/a><\/li>\n\n\n<li><a href=\"https:\/\/loudavymkrokem.cz\/es\/vacaciones-junio-mejores-destinos\/\">D\u00f3nde ir de vacaciones en junio<\/a><\/li>\n\n\n<li><a href=\"https:\/\/loudavymkrokem.cz\/es\/vacaciones-septiembre-destinos\/\">D\u00f3nde ir de vacaciones en septiembre<\/a><\/li>\n\n\n<li><a href=\"https:\/\/loudavymkrokem.cz\/es\/vuelos-baratos-trucos-consejos\/\">C\u00f3mo encontrar vuelos baratos<\/a><\/li>\n\n\n<li><a href=\"https:\/\/loudavymkrokem.cz\/jak-vybrat-cestovni-pojisteni-na-dovolenou\/\">Seguro de viaje: c\u00f3mo elegirlo<\/a><\/li>\n\n<\/ul>\n\n\n\n<h2 class=\"wp-block-heading\"><span class=\"ez-toc-section\" id=\"Preguntas_frecuentes\"><\/span>Preguntas frecuentes<span class=\"ez-toc-section-end\"><\/span><\/h2>\n\n\n<div id=\"rank-math-faq\" class=\"rank-math-block\">\n<div class=\"rank-math-list \">\n<div id=\"faq-question-1740652529395\" class=\"rank-math-list-item\">\n<h3 class=\"rank-math-question \"><span class=\"ez-toc-section\" id=\"%C2%BFEs_mayo_un_buen_mes_para_viajar\"><\/span>\u00bfEs mayo un buen mes para viajar?<span class=\"ez-toc-section-end\"><\/span><\/h3>\n<div class=\"rank-math-answer \">\n\n<p>Mayo es uno de los mejores meses para viajar. Las temperaturas son agradables en la mayor\u00eda de los destinos, pero a\u00fan no demasiado altas, los precios suelen ser m\u00e1s bajos que en temporada alta y las atracciones tur\u00edsticas no est\u00e1n abarrotadas.<\/p>\n\n<\/div>\n<\/div>\n<div id=\"faq-question-1740652680502\" class=\"rank-math-list-item\">\n<h3 class=\"rank-math-question \"><span class=\"ez-toc-section\" id=\"%C2%BFDonde_hace_suficiente_calor_en_mayo_para_banarse_en_el_mar\"><\/span>\u00bfD\u00f3nde hace suficiente calor en mayo para ba\u00f1arse en el mar?<span class=\"ez-toc-section-end\"><\/span><\/h3>\n<div class=\"rank-math-answer \">\n\n<p>En Europa, en mayo el mar est\u00e1 suficientemente c\u00e1lido para ba\u00f1arse principalmente en las zonas meridionales como Egipto (24 \u00b0C), Chipre (21 \u00b0C), sur de Turqu\u00eda (21-22 \u00b0C) o las Islas Canarias (20 \u00b0C). Entre los destinos m\u00e1s ex\u00f3ticos, son ideales para el ba\u00f1o el Caribe, Maldivas, Seychelles, Mauricio, Tailandia o Bali con temperaturas del mar alrededor de 28-30 \u00b0C.<\/p>\n\n<\/div>\n<\/div>\n<div id=\"faq-question-1740652791991\" class=\"rank-math-list-item\">\n<h3 class=\"rank-math-question \"><span class=\"ez-toc-section\" id=\"%C2%BFCuales_son_los_destinos_mas_baratos_para_viajar_en_mayo\"><\/span>\u00bfCu\u00e1les son los destinos m\u00e1s baratos para viajar en mayo?<span class=\"ez-toc-section-end\"><\/span><\/h3>\n<div class=\"rank-math-answer \">\n\n<p>Entre los destinos m\u00e1s baratos para unas vacaciones en mayo se encuentran Albania, Bulgaria, Macedonia del Norte, Turqu\u00eda (fuera de los principales resorts tur\u00edsticos), algunas zonas de Grecia, Marruecos o T\u00fanez. En estos pa\u00edses encontrar\u00e1s precios favorables de alojamiento, comida y transporte local.<\/p>\n\n<\/div>\n<\/div>\n<div id=\"faq-question-1740652823331\" class=\"rank-math-list-item\">\n<h3 class=\"rank-math-question \"><span class=\"ez-toc-section\" id=\"%C2%BFDonde_ir_de_vacaciones_en_mayo_con_ninos\"><\/span>\u00bfD\u00f3nde ir de vacaciones en mayo con ni\u00f1os?<span class=\"ez-toc-section-end\"><\/span><\/h3>\n<div class=\"rank-math-answer \">\n\n<p>Para unas vacaciones con ni\u00f1os en mayo son adecuados destinos con clima agradable como Chipre, Creta, Mallorca, las Islas Canarias o la Costa del Sol en Espa\u00f1a. Estas zonas ofrecen playas preciosas, atracciones familiares y ya hace suficiente calor para actividades al aire libre.<\/p>\n\n<\/div>\n<\/div>\n<\/div>\n<\/div>","protected":false},"excerpt":{"rendered":"<p>\u00bfQuieres irte de vacaciones en mayo pero no sabes ad\u00f3nde? Te damos 25 ideas de d\u00f3nde ir de vacaciones en mayo, y no solo destinos de playa.<\/p>\n","protected":false},"author":20,"featured_media":93915,"comment_status":"open","ping_status":"open","sticky":false,"template":"","format":"standard","meta":{"_acf_changed":false,"footnotes":"","rank_math_title":"Vacaciones en mayo: 25 ideas de d\u00f3nde ir","rank_math_description":"\u00bfNo sabes d\u00f3nde ir de vacaciones en mayo? Descubre 25 destinos de playa, islas y monta\u00f1a con temperaturas reales del mar. \u00a1Encuentra tu escapada perfecta!","rank_math_focus_keyword":"vacaciones en mayo","rank_math_seo_score":""},"categories":[980],"tags":[],"class_list":["post-134315","post","type-post","status-publish","format-standard","has-post-thumbnail","category-viajes"],"acf":[],"featured_image_src":"https:\/\/loudavymkrokem.cz\/wp-content\/uploads\/2025\/02\/kam-na-dovolenou-v-kvetnu.jpg","author_info":{"display_name":"Monika Havrdov\u00e1","author_link":"https:\/\/loudavymkrokem.cz\/es\/author\/monika\/"},"_links":{"self":[{"href":"https:\/\/loudavymkrokem.cz\/es\/wp-json\/wp\/v2\/posts\/134315","targetHints":{"allow":["GET"]}}],"collection":[{"href":"https:\/\/loudavymkrokem.cz\/es\/wp-json\/wp\/v2\/posts"}],"about":[{"href":"https:\/\/loudavymkrokem.cz\/es\/wp-json\/wp\/v2\/types\/post"}],"author":[{"embeddable":true,"href":"https:\/\/loudavymkrokem.cz\/es\/wp-json\/wp\/v2\/users\/20"}],"replies":[{"embeddable":true,"href":"https:\/\/loudavymkrokem.cz\/es\/wp-json\/wp\/v2\/comments?post=134315"}],"version-history":[{"count":0,"href":"https:\/\/loudavymkrokem.cz\/es\/wp-json\/wp\/v2\/posts\/134315\/revisions"}],"wp:featuredmedia":[{"embeddable":true,"href":"https:\/\/loudavymkrokem.cz\/es\/wp-json\/wp\/v2\/media\/93915"}],"wp:attachment":[{"href":"https:\/\/loudavymkrokem.cz\/es\/wp-json\/wp\/v2\/media?parent=134315"}],"wp:term":[{"taxonomy":"category","embeddable":true,"href":"https:\/\/loudavymkrokem.cz\/es\/wp-json\/wp\/v2\/categories?post=134315"},{"taxonomy":"post_tag","embeddable":true,"href":"https:\/\/loudavymkrokem.cz\/es\/wp-json\/wp\/v2\/tags?post=134315"}],"curies":[{"name":"wp","href":"https:\/\/api.w.org\/{rel}","templated":true}]}}