{"id":133708,"date":"2026-05-30T11:30:00","date_gmt":"2026-05-30T09:30:00","guid":{"rendered":"https:\/\/loudavymkrokem.cz\/malaga-espana-que-ver\/"},"modified":"2026-09-02T05:35:24","modified_gmt":"2026-09-02T03:35:24","slug":"malaga-espana-que-ver","status":"publish","type":"post","link":"https:\/\/loudavymkrokem.cz\/es\/malaga-espana-que-ver\/","title":{"rendered":"M\u00e1laga, Espa\u00f1a: 18 cosas que ver y hacer"},"content":{"rendered":"\n<!-- lk-tldr -->\n<div class=\"lk-tldr\" style=\"background:#f7f5f0;border-left:4px solid #c39f76;border-radius:0 10px 10px 0;padding:14px 18px;margin:0 0 26px;font-size:15px;line-height:1.65;\"><strong style=\"display:block;font-size:12px;text-transform:uppercase;letter-spacing:.06em;color:#a9885a;margin-bottom:5px;\">TL;DR<\/strong>M\u00e1laga ofrece 18 propuestas concretas de cosas que ver y hacer, desde la fortaleza mora de la <strong>Alcazaba<\/strong> y el castillo de Gibralfaro hasta la catedral inacabada La Manquita y el <strong>Museo Picasso<\/strong>, sin olvidar la playa de La Malagueta y el Mercado de Atarazanas. Los mejores meses para visitarla son mayo, junio, septiembre y octubre, cuando las temperaturas rondan los 25\u201328 \u00b0C, mientras que en verano se superan a menudo los 35 \u00b0C. Desde el aeropuerto llegas al centro hist\u00f3rico en el tren de cercan\u00edas <strong>Cercan\u00edas<\/strong> en apenas 12 minutos. Para ba\u00f1arte en playas m\u00e1s bonitas puedes seguir hacia el oeste por la Costa del Sol, donde est\u00e1n, por ejemplo, Torremolinos o Benalm\u00e1dena. En M\u00e1laga se cena tarde: no tiene sentido ir a un restaurante aut\u00e9ntico antes de las ocho.<\/div>\n<!-- \/lk-tldr -->\n\n\n\n<!-- lk-navbar -->\n<div class=\"lk-navbar\" style=\"margin:0 0 28px;\"><div style=\"font-size:12px;text-transform:uppercase;letter-spacing:.06em;color:#a9885a;font-weight:700;margin-bottom:9px;\">Enlaces r\u00e1pidos<\/div><div style=\"display:flex;flex-wrap:wrap;gap:9px;\"><a href=\"#Donde_alojarse_en_Malaga\" style=\"background:#c39f76;color:#fff;border:1px solid #c39f76;padding:9px 15px;border-radius:22px;font-size:14px;font-weight:700;text-decoration:none;display:inline-block;line-height:1;\">\ud83d\udccd D\u00f3nde dormir<\/a><a href=\"#18_cosas_que_ver_y_hacer_en_Malaga\" style=\"background:#c39f76;color:#fff;border:1px solid #c39f76;padding:9px 15px;border-radius:22px;font-size:14px;font-weight:700;text-decoration:none;display:inline-block;line-height:1;\">\u2b50 Qu\u00e9 ver<\/a><a href=\"#Cuando_ir_a_Malaga\" style=\"background:#fff;color:#6b5a44;border:1px solid #e2d6c1;padding:9px 15px;border-radius:22px;font-size:14px;font-weight:600;text-decoration:none;display:inline-block;line-height:1;\">\u2600\ufe0f Cu\u00e1ndo ir<\/a><a href=\"#A_donde_ir_desde_Malaga\" style=\"background:#fff;color:#6b5a44;border:1px solid #e2d6c1;padding:9px 15px;border-radius:22px;font-size:14px;font-weight:600;text-decoration:none;display:inline-block;line-height:1;\">\ud83e\udded Alrededores<\/a><a href=\"#Preguntas_frecuentes\" style=\"background:#fff;color:#6b5a44;border:1px solid #e2d6c1;padding:9px 15px;border-radius:22px;font-size:14px;font-weight:600;text-decoration:none;display:inline-block;line-height:1;\">\u2753 FAQ<\/a><\/div><\/div>\n<!-- \/lk-navbar -->\n\n\n\n\n<p class=\"wp-block-paragraph\">Cuando se menciona M\u00e1laga, mucha gente sigue imaginando solo una sala de aeropuerto llena de ajetreo, donde recogen a toda prisa las maletas al aterrizar, se suben a un coche de alquiler y desaparecen de inmediato hacia el oeste, rumbo a enormes resorts de playa. Eso mismo pens\u00f3 durante a\u00f1os la mayor\u00eda de los turistas, pero tengo que decirte con enorme alegr\u00eda que <strong>M\u00e1laga, en Espa\u00f1a<\/strong>, ha vivido en la \u00faltima d\u00e9cada una transformaci\u00f3n absolutamente <strong>incre\u00edble<\/strong>. De aburrida estaci\u00f3n de paso se ha convertido en una metr\u00f3poli cultural con car\u00e1cter que te conquista al instante con sus callejuelas de m\u00e1rmol en sombra, sus fant\u00e1sticos museos y su relajado ambiente andaluz.<\/p>\n\n\n\n<p class=\"wp-block-paragraph\">Luk\u00e1\u0161 y yo venimos aqu\u00ed encantados, sobre todo en oto\u00f1o o primavera, cuando en casa, en Espa\u00f1a, todav\u00eda puedes toparte con d\u00edas fr\u00edos, mientras que aqu\u00ed <strong>paseas por la playa con un simple jersey<\/strong>. M\u00e1laga re\u00fane una mezcla asombrosa de historia antiqu\u00edsima \u2014la fundaron ya los fenicios\u2014 y una vida moderna que late sin parar, completada por el omnipresente legado de su hijo m\u00e1s ilustre, Pablo Picasso. He preparado para ti una gu\u00eda realmente detallada y llena de experiencias personales, gracias a la cual descubrir\u00e1s que a esta ciudad tienes que dedicarle mucho m\u00e1s que una tarde antes del vuelo de vuelta.<\/p>\n\n\n\n<figure data-wp-context=\"{&quot;imageId&quot;:&quot;6a99468eba4a6&quot;}\" data-wp-interactive=\"core\/image\" data-wp-key=\"6a99468eba4a6\" class=\"wp-block-image size-full wp-lightbox-container\"><img decoding=\"async\" data-wp-class--hide=\"state.isContentHidden\" data-wp-class--show=\"state.isContentVisible\" data-wp-init=\"callbacks.setButtonStyles\" data-wp-on--click=\"actions.showLightbox\" data-wp-on--load=\"callbacks.setButtonStyles\" data-wp-on--pointerdown=\"actions.preloadImage\" data-wp-on--pointerenter=\"actions.preloadImageWithDelay\" data-wp-on--pointerleave=\"actions.cancelPreload\" data-wp-on-window--resize=\"callbacks.setButtonStyles\" src=\"https:\/\/www.loudavymkrokem.cz\/wp-content\/uploads\/2023\/05\/Dovolena-malaga.jpg\" alt=\"Vacaciones en M\u00e1laga\" class=\"wp-image-59047\" title=\"\"><button\n\t\t\tclass=\"lightbox-trigger\"\n\t\t\ttype=\"button\"\n\t\t\taria-haspopup=\"dialog\"\n\t\t\tdata-wp-bind--aria-label=\"state.thisImage.triggerButtonAriaLabel\"\n\t\t\tdata-wp-init=\"callbacks.initTriggerButton\"\n\t\t\tdata-wp-on--click=\"actions.showLightbox\"\n\t\t\tdata-wp-style--right=\"state.thisImage.buttonRight\"\n\t\t\tdata-wp-style--top=\"state.thisImage.buttonTop\"\n\t\t>\n\t\t\t<svg xmlns=\"http:\/\/www.w3.org\/2000\/svg\" width=\"12\" height=\"12\" fill=\"none\" viewBox=\"0 0 12 12\">\n\t\t\t\t<path fill=\"#fff\" d=\"M2 0a2 2 0 0 0-2 2v2h1.5V2a.5.5 0 0 1 .5-.5h2V0H2Zm2 10.5H2a.5.5 0 0 1-.5-.5V8H0v2a2 2 0 0 0 2 2h2v-1.5ZM8 12v-1.5h2a.5.5 0 0 0 .5-.5V8H12v2a2 2 0 0 1-2 2H8Zm2-12a2 2 0 0 1 2 2v2h-1.5V2a.5.5 0 0 0-.5-.5H8V0h2Z\" \/>\n\t\t\t<\/svg>\n\t\t<\/button><figcaption class=\"wp-element-caption\">Vacaciones en M\u00e1laga<\/figcaption><\/figure>\n\n\n\n<div id=\"ez-toc-container\" class=\"ez-toc-v2_0_87 ez-toc-wrap-left counter-hierarchy ez-toc-counter ez-toc-grey ez-toc-container-direction\">\n<div class=\"ez-toc-title-container\">\n<p class=\"ez-toc-title\" style=\"cursor:inherit\">Contenido del art\u00edculo<\/p>\n<span class=\"ez-toc-title-toggle\"><a href=\"#\" class=\"ez-toc-pull-right ez-toc-btn ez-toc-btn-xs ez-toc-btn-default ez-toc-toggle\" aria-label=\"Alternar tabla de contenidos\"><span class=\"ez-toc-js-icon-con\"><span class=\"\"><span class=\"eztoc-hide\" style=\"display:none;\">Toggle<\/span><span class=\"ez-toc-icon-toggle-span\"><svg style=\"fill: #999;color:#999\" xmlns=\"http:\/\/www.w3.org\/2000\/svg\" class=\"list-377408\" width=\"20px\" height=\"20px\" viewBox=\"0 0 24 24\" fill=\"none\"><path d=\"M6 6H4v2h2V6zm14 0H8v2h12V6zM4 11h2v2H4v-2zm16 0H8v2h12v-2zM4 16h2v2H4v-2zm16 0H8v2h12v-2z\" fill=\"currentColor\"><\/path><\/svg><svg style=\"fill: #999;color:#999\" class=\"arrow-unsorted-368013\" xmlns=\"http:\/\/www.w3.org\/2000\/svg\" width=\"10px\" height=\"10px\" viewBox=\"0 0 24 24\" version=\"1.2\" baseProfile=\"tiny\"><path d=\"M18.2 9.3l-6.2-6.3-6.2 6.3c-.2.2-.3.4-.3.7s.1.5.3.7c.2.2.4.3.7.3h11c.3 0 .5-.1.7-.3.2-.2.3-.5.3-.7s-.1-.5-.3-.7zM5.8 14.7l6.2 6.3 6.2-6.3c.2-.2.3-.5.3-.7s-.1-.5-.3-.7c-.2-.2-.4-.3-.7-.3h-11c-.3 0-.5.1-.7.3-.2.2-.3.5-.3.7s.1.5.3.7z\"\/><\/svg><\/span><\/span><\/span><\/a><\/span><\/div>\n<nav><ul class='ez-toc-list ez-toc-list-level-1 ' ><ul class='ez-toc-list-level-3' ><li class='ez-toc-heading-level-3'><a class=\"ez-toc-link ez-toc-heading-1\" href=\"https:\/\/loudavymkrokem.cz\/es\/malaga-espana-que-ver\/#Resumen\" >Resumen<\/a><\/li><\/ul><\/li><li class='ez-toc-page-1 ez-toc-heading-level-2'><a class=\"ez-toc-link ez-toc-heading-2\" href=\"https:\/\/loudavymkrokem.cz\/es\/malaga-espana-que-ver\/#Cuando_ir_a_Malaga\" >Cu\u00e1ndo ir a M\u00e1laga<\/a><\/li><li class='ez-toc-page-1 ez-toc-heading-level-2'><a class=\"ez-toc-link ez-toc-heading-3\" href=\"https:\/\/loudavymkrokem.cz\/es\/malaga-espana-que-ver\/#Donde_alojarse_en_Malaga\" >D\u00f3nde alojarse en M\u00e1laga<\/a><\/li><li class='ez-toc-page-1 ez-toc-heading-level-2'><a class=\"ez-toc-link ez-toc-heading-4\" href=\"https:\/\/loudavymkrokem.cz\/es\/malaga-espana-que-ver\/#18_cosas_que_ver_y_hacer_en_Malaga\" >18 cosas que ver y hacer en M\u00e1laga<\/a><ul class='ez-toc-list-level-3' ><li class='ez-toc-heading-level-3'><a class=\"ez-toc-link ez-toc-heading-5\" href=\"https:\/\/loudavymkrokem.cz\/es\/malaga-espana-que-ver\/#1_La_fortaleza_mora_de_la_Alcazaba\" >1. La fortaleza mora de la Alcazaba<\/a><\/li><li class='ez-toc-page-1 ez-toc-heading-level-3'><a class=\"ez-toc-link ez-toc-heading-6\" href=\"https:\/\/loudavymkrokem.cz\/es\/malaga-espana-que-ver\/#2_Castillo_de_Gibralfaro\" >2. Castillo de Gibralfaro<\/a><\/li><li class='ez-toc-page-1 ez-toc-heading-level-3'><a class=\"ez-toc-link ez-toc-heading-7\" href=\"https:\/\/loudavymkrokem.cz\/es\/malaga-espana-que-ver\/#3_La_catedral_La_Manquita\" >3. La catedral La Manquita<\/a><\/li><li class='ez-toc-page-1 ez-toc-heading-level-3'><a class=\"ez-toc-link ez-toc-heading-8\" href=\"https:\/\/loudavymkrokem.cz\/es\/malaga-espana-que-ver\/#4_Teatro_Romano\" >4. Teatro Romano<\/a><\/li><li class='ez-toc-page-1 ez-toc-heading-level-3'><a class=\"ez-toc-link ez-toc-heading-9\" href=\"https:\/\/loudavymkrokem.cz\/es\/malaga-espana-que-ver\/#5_Museo_Picasso_Malaga\" >5. Museo Picasso M\u00e1laga<\/a><\/li><li class='ez-toc-page-1 ez-toc-heading-level-3'><a class=\"ez-toc-link ez-toc-heading-10\" href=\"https:\/\/loudavymkrokem.cz\/es\/malaga-espana-que-ver\/#6_La_casa_natal_de_Picasso_en_la_Plaza_de_la_Merced\" >6. La casa natal de Picasso en la Plaza de la Merced<\/a><\/li><li class='ez-toc-page-1 ez-toc-heading-level-3'><a class=\"ez-toc-link ez-toc-heading-11\" href=\"https:\/\/loudavymkrokem.cz\/es\/malaga-espana-que-ver\/#7_El_paseo_del_puerto_Muelle_Uno\" >7. El paseo del puerto Muelle Uno<\/a><\/li><li class='ez-toc-page-1 ez-toc-heading-level-3'><a class=\"ez-toc-link ez-toc-heading-12\" href=\"https:\/\/loudavymkrokem.cz\/es\/malaga-espana-que-ver\/#8_El_cubo_de_colores_del_Centre_Pompidou\" >8. El cubo de colores del Centre Pompidou<\/a><\/li><li class='ez-toc-page-1 ez-toc-heading-level-3'><a class=\"ez-toc-link ez-toc-heading-13\" href=\"https:\/\/loudavymkrokem.cz\/es\/malaga-espana-que-ver\/#9_El_Mercado_de_Atarazanas\" >9. El Mercado de Atarazanas<\/a><\/li><li class='ez-toc-page-1 ez-toc-heading-level-3'><a class=\"ez-toc-link ez-toc-heading-14\" href=\"https:\/\/loudavymkrokem.cz\/es\/malaga-espana-que-ver\/#10_El_barrio_hipster_de_Soho_y_el_arte_urbano\" >10. El barrio hipster de Soho y el arte urbano<\/a><\/li><li class='ez-toc-page-1 ez-toc-heading-level-3'><a class=\"ez-toc-link ez-toc-heading-15\" href=\"https:\/\/loudavymkrokem.cz\/es\/malaga-espana-que-ver\/#11_El_Museo_Carmen_Thyssen\" >11. El Museo Carmen Thyssen<\/a><\/li><li class='ez-toc-page-1 ez-toc-heading-level-3'><a class=\"ez-toc-link ez-toc-heading-16\" href=\"https:\/\/loudavymkrokem.cz\/es\/malaga-espana-que-ver\/#12_Los_Jardines_de_Picasso_y_el_Parque_de_Malaga\" >12. Los Jardines de Picasso y el Parque de M\u00e1laga<\/a><\/li><li class='ez-toc-page-1 ez-toc-heading-level-3'><a class=\"ez-toc-link ez-toc-heading-17\" href=\"https:\/\/loudavymkrokem.cz\/es\/malaga-espana-que-ver\/#13_La_playa_urbana_de_La_Malagueta\" >13. La playa urbana de La Malagueta<\/a><\/li><li class='ez-toc-page-1 ez-toc-heading-level-3'><a class=\"ez-toc-link ez-toc-heading-18\" href=\"https:\/\/loudavymkrokem.cz\/es\/malaga-espana-que-ver\/#14_Las_vistas_desde_el_AC_Malaga_Rooftop_Bar\" >14. Las vistas desde el AC Malaga Rooftop Bar<\/a><\/li><li class='ez-toc-page-1 ez-toc-heading-level-3'><a class=\"ez-toc-link ez-toc-heading-19\" href=\"https:\/\/loudavymkrokem.cz\/es\/malaga-espana-que-ver\/#15_Relax_en_los_banos_arabes_Hammam_Al_Andalus\" >15. Relax en los ba\u00f1os \u00e1rabes Hammam Al \u00c1ndalus<\/a><\/li><li class='ez-toc-page-1 ez-toc-heading-level-3'><a class=\"ez-toc-link ez-toc-heading-20\" href=\"https:\/\/loudavymkrokem.cz\/es\/malaga-espana-que-ver\/#16_Tapas_nocturnas_y_churros_locales\" >16. Tapas nocturnas y churros locales<\/a><\/li><li class='ez-toc-page-1 ez-toc-heading-level-3'><a class=\"ez-toc-link ez-toc-heading-21\" href=\"https:\/\/loudavymkrokem.cz\/es\/malaga-espana-que-ver\/#17_Playas_y_localidades_de_la_Costa_del_Sol\" >17. Playas y localidades de la Costa del Sol<\/a><\/li><li class='ez-toc-page-1 ez-toc-heading-level-3'><a class=\"ez-toc-link ez-toc-heading-22\" href=\"https:\/\/loudavymkrokem.cz\/es\/malaga-espana-que-ver\/#18_Un_bocado_de_cultura_costera_el_espeto_de_sardinas\" >18. Un bocado de cultura costera: el espeto de sardinas<\/a><\/li><\/ul><\/li><li class='ez-toc-page-1 ez-toc-heading-level-2'><a class=\"ez-toc-link ez-toc-heading-23\" href=\"https:\/\/loudavymkrokem.cz\/es\/malaga-espana-que-ver\/#Adonde_ir_desde_Malaga\" >Ad\u00f3nde ir desde M\u00e1laga<\/a><\/li><li class='ez-toc-page-1 ez-toc-heading-level-2'><a class=\"ez-toc-link ez-toc-heading-24\" href=\"https:\/\/loudavymkrokem.cz\/es\/malaga-espana-que-ver\/#Preguntas_frecuentes\" >Preguntas frecuentes<\/a><ul class='ez-toc-list-level-3' ><li class='ez-toc-heading-level-3'><a class=\"ez-toc-link ez-toc-heading-25\" href=\"https:\/\/loudavymkrokem.cz\/es\/malaga-espana-que-ver\/#%C2%BFCuando_es_la_mejor_epoca_para_visitar_Malaga\" >\u00bfCu\u00e1ndo es la mejor \u00e9poca para visitar M\u00e1laga?<\/a><\/li><li class='ez-toc-page-1 ez-toc-heading-level-3'><a class=\"ez-toc-link ez-toc-heading-26\" href=\"https:\/\/loudavymkrokem.cz\/es\/malaga-espana-que-ver\/#%C2%BFComo_llegar_mas_rapido_del_aeropuerto_al_centro\" >\u00bfC\u00f3mo llegar m\u00e1s r\u00e1pido del aeropuerto al centro?<\/a><\/li><li class='ez-toc-page-1 ez-toc-heading-level-3'><a class=\"ez-toc-link ez-toc-heading-27\" href=\"https:\/\/loudavymkrokem.cz\/es\/malaga-espana-que-ver\/#%C2%BFEs_segura_Malaga\" >\u00bfEs segura M\u00e1laga?<\/a><\/li><li class='ez-toc-page-1 ez-toc-heading-level-3'><a class=\"ez-toc-link ez-toc-heading-28\" href=\"https:\/\/loudavymkrokem.cz\/es\/malaga-espana-que-ver\/#%C2%BFNecesito_alquilar_un_coche_en_Malaga\" >\u00bfNecesito alquilar un coche en M\u00e1laga?<\/a><\/li><li class='ez-toc-page-1 ez-toc-heading-level-3'><a class=\"ez-toc-link ez-toc-heading-29\" href=\"https:\/\/loudavymkrokem.cz\/es\/malaga-espana-que-ver\/#%C2%BFSe_puede_beber_agua_del_grifo_en_Malaga\" >\u00bfSe puede beber agua del grifo en M\u00e1laga?<\/a><\/li><li class='ez-toc-page-1 ez-toc-heading-level-3'><a class=\"ez-toc-link ez-toc-heading-30\" href=\"https:\/\/loudavymkrokem.cz\/es\/malaga-espana-que-ver\/#%C2%BFDonde_aparcar_si_vengo_en_coche\" >\u00bfD\u00f3nde aparcar si vengo en coche?<\/a><\/li><li class='ez-toc-page-1 ez-toc-heading-level-3'><a class=\"ez-toc-link ez-toc-heading-31\" href=\"https:\/\/loudavymkrokem.cz\/es\/malaga-espana-que-ver\/#%C2%BFCuando_tienen_siesta_las_tiendas_en_Espana\" >\u00bfCu\u00e1ndo tienen siesta las tiendas en Espa\u00f1a?<\/a><\/li><li class='ez-toc-page-1 ez-toc-heading-level-3'><a class=\"ez-toc-link ez-toc-heading-32\" href=\"https:\/\/loudavymkrokem.cz\/es\/malaga-espana-que-ver\/#%C2%BFTengo_que_comprar_las_entradas_a_los_monumentos_con_antelacion\" >\u00bfTengo que comprar las entradas a los monumentos con antelaci\u00f3n?<\/a><\/li><\/ul><\/li><\/ul><\/nav><\/div>\n<h3 class=\"wp-block-heading\"><span class=\"ez-toc-section\" id=\"Resumen\"><\/span>Resumen<span class=\"ez-toc-section-end\"><\/span><\/h3>\n\n\n\n<ul class=\"wp-block-list\">\n<li>  <strong>Mejor \u00e9poca para visitarla:<\/strong> la primavera y el oto\u00f1o son ideales; en verano espera calores extremos y much\u00edsima gente.<\/li>\n<li>  <strong>Transporte desde el aeropuerto:<\/strong> lo m\u00e1s c\u00f3modo es el <strong>tren de cercan\u00edas Cercan\u00edas<\/strong>, que te lleva al centro hist\u00f3rico en apenas doce minutos.<\/li>\n<li>  <strong>Principales monumentos:<\/strong> no te pierdas la fortaleza mora de la Alcazaba, la catedral inacabada y el famoso Museo Picasso.<\/li>\n<li>  <strong>D\u00f3nde ba\u00f1arte:<\/strong> en pleno centro est\u00e1 la playa de La Malagueta, pero para un ba\u00f1o m\u00e1s bonito y tranquilo sigue un poco m\u00e1s por la Costa del Sol.<\/li>\n<li>  <strong>Compra de entradas:<\/strong> para las atracciones principales y las excursiones populares compra las entradas <strong>con bastante antelaci\u00f3n online<\/strong>; en taquilla ya no suele haber sitio.<\/li>\n<li>  <strong>Gastronom\u00eda:<\/strong> aqu\u00ed se cena muy tarde; no tiene sentido ir a un restaurante andaluz aut\u00e9ntico antes de las ocho de la noche.<\/li>\n<\/ul>\n\n\n\n<h2 class=\"wp-block-heading\"><span class=\"ez-toc-section\" id=\"Cuando_ir_a_Malaga\"><\/span><span class=\"ez-toc-section\" id=\"Cuando_ir_a_Malaga\"><\/span>Cu\u00e1ndo ir a M\u00e1laga<span class=\"ez-toc-section-end\"><\/span><\/h2>\n\n\n\n<p class=\"wp-block-paragraph\">Elegir la fecha adecuada es absolutamente clave para visitar el sur de Andaluc\u00eda, y en esto Luk\u00e1\u0161 y yo lo tenemos clar\u00edsimo. Si de verdad no te apetece pasar todas las vacaciones metido en el agua, <strong>evita la temporada alta de verano<\/strong>. Los meses estivales traen a toda la regi\u00f3n temperaturas extremas que superan con facilidad los treinta y cinco grados, y en el interior trepan muy por encima de los cuarenta.<\/p>\n\n\n\n<p class=\"wp-block-paragraph\">El a\u00f1o 2025 trajo olas de calor realmente brutales, y pasear por las calles abrasadas de la ciudad en julio o agosto es m\u00e1s un castigo que un placer. En la costa se soporta algo mejor gracias a la brisa marina, pero entonces tienes que contar con una <strong>humedad enorme<\/strong> y con que las playas y los monumentos est\u00e9n literalmente hasta arriba. El sol pega aqu\u00ed con una fuerza incre\u00edble, as\u00ed que sin sombrero y sin protecci\u00f3n alta no hay quien aguante fuera.<\/p>\n\n\n\n<p class=\"wp-block-paragraph\">El momento ideal para la visita, ya planees una ruta por las ciudades o unas vacaciones de descanso, son los meses de <strong>mayo y junio, y despu\u00e9s septiembre y octubre<\/strong>. En esa \u00e9poca el Mediterr\u00e1neo ya est\u00e1 muy agradable para el ba\u00f1o (o sigue templado tras el verano) y las temperaturas se mantienen en unos ideales veinticinco a veintiocho grados. La ciudad tiene unos preciosos trescientos d\u00edas de sol al a\u00f1o, as\u00ed que tambi\u00e9n en oto\u00f1o lo m\u00e1s probable es que disfrutes de un cielo azul sin una sola nube.<\/p>\n\n\n\n<p class=\"wp-block-paragraph\">El invierno, es decir enero y febrero, es enormemente popular en M\u00e1laga entre los n\u00f3madas digitales y la gente del norte de Europa, que huye en masa del fr\u00edo y la nieve. Las temperaturas invernales rondan los <strong>agradables quince a dieciocho grados<\/strong>, un tiempo perfecto para recorrer monumentos todo el d\u00eda, sentarte en cafeter\u00edas y dar largos paseos por el paseo mar\u00edtimo. Para ba\u00f1arte en el mar no es \u00e9poca, desde luego, pero si buscas escapar de la grisura del centro de Europa, la Andaluc\u00eda invernal ba\u00f1ada por el sol te recargar\u00e1 las pilas sin falta.<\/p>\n\n\n\n<h2 class=\"wp-block-heading\"><span class=\"ez-toc-section\" id=\"Donde_alojarse_en_Malaga\"><\/span><span class=\"ez-toc-section\" id=\"Donde_alojarse_en_Malaga\"><\/span>D\u00f3nde alojarse en M\u00e1laga<span class=\"ez-toc-section-end\"><\/span><\/h2>\n\n\n\n<p class=\"wp-block-paragraph\">La elecci\u00f3n del alojamiento en M\u00e1laga depende mucho de con qu\u00e9 objetivo vengas y de cu\u00e1nto quieras estar en el centro del bullicio nocturno. Si visitas la ciudad por primera vez y quieres tener todos los grandes monumentos a un c\u00f3modo paseo, te recomiendo buscar alojamiento directamente en el <strong>centro hist\u00f3rico (Centro Hist\u00f3rico)<\/strong>. Es un lugar tremendamente rom\u00e1ntico, las estrechas calles empedradas rebosan vida y lo tienes todo literalmente a unos pasos. Eso s\u00ed, ten en cuenta que los espa\u00f1oles viven sobre todo de noche, as\u00ed que las calles suelen ser muy ruidosas hasta la madrugada.<\/p>\n\n\n\n<p class=\"wp-block-paragraph\">Si buscas una zona algo m\u00e1s tranquila pero igual de c\u00e9ntrica, \u00e9chale un vistazo al <strong>moderno barrio de Soho<\/strong>. Esta zona est\u00e1 justo al lado del puerto y del centro hist\u00f3rico, es famosa por su incre\u00edble arte urbano y por sus muchas cafeter\u00edas de especialidad, y reina un ambiente hipster agradable y desenfadado. Para quienes ven\u00eds principalmente a ba\u00f1aros, tiene sentido alojaros en el barrio de La Malagueta, cerca de la playa del mismo nombre, con vistas al mar y a un c\u00f3modo paseo de apenas quince minutos del centro.<\/p>\n\n\n\n<p class=\"wp-block-paragraph\">En cuanto a recomendaciones concretas, tiene una valoraci\u00f3n estupenda, por ejemplo, el <strong><a href=\"https:\/\/www.stay22.com\/allez\/roam?aid=lukaskonecny&amp;campaign=loudavymkrokemcz&amp;campaign=dovolenamalaga&amp;hotelname=ESTUDIO%20EN%20TORREMOLINOS%20CENTRO&amp;address=Torremolinos%2C%20Spain\" target=\"_blank\" rel=\"noopener nofollow sponsored\">ESTUDIO EN TORREMOLINOS CENTRO<\/a><\/strong>, que est\u00e1 un poco m\u00e1s al oeste, en la localidad de Torremolinos, pero gracias a la perfecta conexi\u00f3n de tren te plantas en el centro de M\u00e1laga en un momento. Es el compromiso ideal si quieres combinar la ciudad con d\u00edas enteros de descanso en la playa.<\/p>\n\n\n\n<p class=\"wp-block-paragraph\">Si prefieres quedarte en la propia ciudad, una opci\u00f3n muy acogedora y popular es el <strong><a href=\"https:\/\/www.stay22.com\/allez\/roam?aid=lukaskonecny&amp;campaign=loudavymkrokemcz&amp;campaign=dovolenamalaga&amp;hotelname=B%26B%20Casa%20Rub%C3%AD&amp;address=M%C3%A1laga%2C%20Spain\" target=\"_blank\" rel=\"noopener nofollow sponsored\">B&#038;B Casa Rub\u00ed<\/a><\/strong>, donde encontrar\u00e1s la calma deseada y a la vez una posici\u00f3n estupenda como punto de partida para tus excursiones diarias por los monumentos. Las reservas te recomendamos gestionarlas por el cl\u00e1sico portal de <a class=\"thirstylink\" rel=\"nofollow\" target=\"_blank\" title=\"Booking.com\" href=\"https:\/\/loudavymkrokem.cz\/doporucujeme\/booking-com\/\" data-shortcode=\"true\">Booking.com<\/a>, donde puedes filtrar f\u00e1cilmente por alojamientos con aire acondicionado. De mayo a octubre este es una necesidad absoluta e indiscutible, sin la cual no pegar\u00e1s ojo por la noche.<\/p>\n\n\n\n\n<div class=\"lk-stays-module\">\n<style>\n\/* \u2500\u2500\u2500 RESET PRO GUTENBERG \u2500\u2500\u2500 *\/\n.lk-stays-module * { box-sizing: border-box; margin: 0; padding: 0; }\n\n\/* \u2500\u2500\u2500 WRAPPER \u2500\u2500\u2500 *\/\n.lk-stays-module {\n  font-family: 'DM Sans', Georgia, sans-serif;\n  max-width: 100%;\n  margin: 2.5rem auto;\n  background: linear-gradient(135deg, #fdfaf5 0%, #fcf8f0 100%);\n  border: 1px solid #e8dfd4;\n  border-radius: 16px;\n  overflow: hidden;\n  box-shadow: 0 16px 48px rgba(195, 159, 118, 0.25), 0 4px 12px rgba(0,0,0,0.08);\n}\n\n\/* \u2500\u2500\u2500 HEADER \u2500\u2500\u2500 *\/\n.lk-stays-header {\n  position: relative;\n  padding: 24px 36px 24px;\n  background: linear-gradient(135deg, #c39f76 0%, #d4b188 60%, #c39f76 100%);\n  border-bottom: 1px solid rgba(255,255,255,.15);\n  display: flex;\n  align-items: center;\n  gap: 18px;\n}\n.lk-stays-header::before {\n  content: '';\n  position: absolute;\n  inset: 0;\n  background: url(\"data:image\/svg+xml,%3Csvg width='60' height='60' viewBox='0 0 60 60' xmlns='http:\/\/www.w3.org\/2000\/svg'%3E%3Cg fill='none' fill-rule='evenodd'%3E%3Cg fill='%23ffffff' fill-opacity='0.05'%3E%3Cpath d='M36 34v-4h-2v4h-4v2h4v4h2v-4h4v-2h-4zm0-30V0h-2v4h-4v2h4v4h2V6h4V4h-4zM6 34v-4H4v4H0v2h4v4h2v-4h4v-2H6zM6 4V0H4v4H0v2h4v4h2V6h4V4H6z'\/%3E%3C\/g%3E%3C\/g%3E%3C\/svg%3E\") repeat;\n  pointer-events: none;\n}\n.lk-stays-icon {\n  flex-shrink: 0;\n  width: 68px;\n  height: 68px;\n  border-radius: 14px;\n  background: linear-gradient(135deg, #fff 0%, #f9f6f0 100%);\n  display: flex;\n  align-items: center;\n  justify-content: center;\n  font-size: 26px;\n  box-shadow: 0 4px 12px rgba(0,0,0,0.15);\n}\n.lk-stays-eyebrow {\n  font-size: 10px;\n  font-weight: 500;\n  letter-spacing: 2.5px;\n  text-transform: uppercase;\n  color: rgba(255,255,255,.85);\n  margin: 0 0 5px 0;\n}\n.lk-stays-title {\n  font-family: 'Playfair Display', Georgia, serif;\n  font-size: 24px;\n  font-weight: 700;\n  color: #fff;\n  line-height: 1.2;\n  text-shadow: 0 1px 2px rgba(0,0,0,0.1);\n  margin: 0;\n}\n.lk-stays-subtitle {\n  font-size: 13px;\n  color: rgba(255,255,255,.75);\n  margin: 4px 0 0 0;\n  font-weight: 300;\n}\n\n\/* \u2500\u2500\u2500 CARDS GRID \u2500\u2500\u2500 *\/\n.lk-stays-grid {\n  display: grid;\n  grid-template-columns: 1fr 1fr;\n  gap: 1px;\n  background: rgba(195, 159, 118, 0.12);\n}\n\n\/* \u2500\u2500\u2500 SINGLE CARD \u2500\u2500\u2500 *\/\n.lk-stay-card {\n  background: #ffffff;\n  padding: 26px;\n  display: flex;\n  flex-direction: column;\n  gap: 11px;\n  transition: all 0.3s ease;\n  text-decoration: none;\n  color: inherit;\n  position: relative;\n}\n.lk-stay-card:hover {\n  background: #fffbf5;\n  transform: translateY(-2px);\n  box-shadow: 0 8px 24px rgba(195, 159, 118, 0.18);\n  z-index: 1;\n}\n.lk-stay-card.featured {\n  background: linear-gradient(135deg, #fffdf9 0%, #fff9f0 100%);\n  box-shadow: 0 4px 16px rgba(195, 159, 118, 0.15), inset 0 1px 0 rgba(195, 159, 118, 0.1);\n}\n.lk-stay-card.featured:hover {\n  background: linear-gradient(135deg, #fffbf5 0%, #fff8ed 100%);\n  box-shadow: 0 8px 24px rgba(195, 159, 118, 0.25), inset 0 1px 0 rgba(195, 159, 118, 0.15);\n}\n\n.lk-stay-badge {\n  display: inline-flex;\n  align-items: center;\n  gap: 5px;\n  font-size: 10px;\n  font-weight: 500;\n  letter-spacing: 1.5px;\n  text-transform: uppercase;\n  padding: 5px 11px;\n  border-radius: 20px;\n  width: fit-content;\n}\n.badge-top     { background: linear-gradient(135deg, #c39f76 0%, #d4b188 100%); color: #fff; border: 1px solid #c39f76; font-weight: 600; box-shadow: 0 2px 8px rgba(195,159,118,0.3); }\n.badge-luxury  { background: rgba(195,159,118,.12); color: #c39f76; border: 1px solid rgba(195,159,118,.25); }\n.badge-boutique{ background: rgba(54,133,252,.08); color: #3685fc; border: 1px solid rgba(54,133,252,.2); }\n.badge-nature  { background: rgba(130,190,100,.1); color: #6b9c4a; border: 1px solid rgba(130,190,100,.2); }\n.badge-remote  { background: rgba(195,159,118,.12); color: #a67e50; border: 1px solid rgba(195,159,118,.25); }\n\n.lk-stay-name {\n  font-family: 'Playfair Display', Georgia, serif;\n  font-size: 18px;\n  font-weight: 700;\n  color: #111827;\n  line-height: 1.3;\n}\n.lk-stay-desc {\n  font-size: 13.5px;\n  color: #525252;\n  line-height: 1.65;\n  font-weight: 300;\n  flex: 1;\n}\n\n.lk-stay-meta {\n  display: flex;\n  align-items: center;\n  gap: 12px;\n  flex-wrap: wrap;\n  margin-top: 4px;\n}\n.lk-stay-price {\n  font-size: 13px;\n  color: #6b7280;\n}\n.lk-stay-price strong {\n  color: #c39f76;\n  font-weight: 500;\n}\n.lk-stay-stars {\n  color: #c39f76;\n  font-size: 11px;\n  letter-spacing: 1px;\n}\n\n\/* \u2500\u2500\u2500 CTA BUTTON \u2500\u2500\u2500 *\/\n.lk-stay-cta {\n  display: inline-flex;\n  align-items: center;\n  justify-content: center;\n  gap: 7px;\n  margin-top: 8px;\n  padding: 11px 20px;\n  border-radius: 8px;\n  background: linear-gradient(135deg, #3685fc 0%, #2a6fd9 100%);\n  color: #fff;\n  font-size: 13px;\n  font-weight: 500;\n  text-decoration: none;\n  letter-spacing: .3px;\n  transition: all .2s ease;\n  cursor: pointer;\n  border: none;\n  text-align: center;\n  box-shadow: 0 4px 12px rgba(54, 133, 252, 0.25);\n}\n.lk-stay-cta:hover {\n  background: linear-gradient(135deg, #2a6fd9 0%, #1e5bc4 100%);\n  transform: translateY(-1px);\n  box-shadow: 0 6px 16px rgba(54, 133, 252, 0.35);\n}\n.lk-stay-cta svg { flex-shrink: 0; }\n\n\/* \u2500\u2500\u2500 FOOTER \u2500\u2500\u2500 *\/\n.lk-stays-footer {\n  padding: 18px 36px;\n  background: linear-gradient(to bottom, #fdfaf5 0%, #f9f4ed 100%);\n  border-top: 1px solid rgba(195, 159, 118, 0.15);\n  display: flex;\n  align-items: center;\n  justify-content: space-between;\n  flex-wrap: wrap;\n  gap: 12px;\n}\n.lk-stays-footer-note {\n  font-size: 11.5px;\n  color: #6b7280;\n  font-weight: 300;\n  line-height: 1.5;\n}\n.lk-stays-footer-note a {\n  color: #c39f76;\n  text-decoration: none;\n  font-weight: 400;\n}\n.lk-stays-footer-note a:hover {\n  text-decoration: underline;\n}\n.lk-stays-all-btn {\n  display: inline-flex;\n  align-items: center;\n  gap: 6px;\n  font-size: 12.5px;\n  font-weight: 500;\n  color: #c39f76;\n  text-decoration: none;\n  border: 1px solid rgba(195, 159, 118, 0.35);\n  padding: 8px 18px;\n  border-radius: 8px;\n  transition: all .2s ease;\n}\n.lk-stays-all-btn:hover {\n  background: rgba(195, 159, 118, 0.08);\n  border-color: rgba(195, 159, 118, 0.5);\n}\n\n\/* \u2500\u2500\u2500 RESPONSIVE \u2500\u2500\u2500 *\/\n@media (max-width: 600px) {\n  .lk-stays-grid { grid-template-columns: 1fr; }\n  .lk-stays-header { padding: 24px 20px; }\n  .lk-stays-footer { padding: 16px 20px; }\n  .lk-stay-card { padding: 22px; }\n  .lk-stays-title { font-size: 20px; }\n}\n<\/style>\n\n  <!-- HEADER -->\n  <div class=\"lk-stays-header\">\n    <img decoding=\"async\" src=\"https:\/\/loudavymkrokem.cz\/wp-content\/uploads\/2026\/02\/lukas-a-lucka.jpg\" alt=\"\" style=\"width: 75px; height: 75px; border-radius: 8px; flex-shrink: 0; object-fit: cover; display: block; margin: 4px 0;\" title=\"\">\n    <div class=\"lk-stays-header-text\">\n      <div class=\"lk-stays-eyebrow\">Luk\u00e1\u0161 y Lucie recomiendan<\/div>\n      <div class=\"lk-stays-title\">D\u00f3nde alojarse en M\u00e1laga<\/div>\n      <div class=\"lk-stays-subtitle\">3 alojamientos recomendados para tus vacaciones<\/div>\n    <\/div>\n  <\/div>\n\n  <!-- CARDS -->\n  <div class=\"lk-stays-grid\">\n\n    <a class=\"lk-stay-card featured\" href=\"https:\/\/www.stay22.com\/allez\/roam?aid=lukaskonecny&#038;campaign=loudavymkrokemcz&#038;campaign=es&#038;campaign=dovolenamalaga&#038;address=M%C3%A1laga&#038;hotelname=ESTUDIO+EN+TORREMOLINOS+CENTRO&#038;search=ESTUDIO+EN+TORREMOLINOS+CENTRO&#038;category=accommodation\" target=\"_blank\" rel=\"nofollow noopener\">\n      <span class=\"lk-stay-badge badge-top\">\u2b50 MEJOR OPCI\u00d3N<\/span>\n      <span class=\"lk-stay-badge badge-nature\">\ud83c\udfe1 Pensi\u00f3n<\/span>\n      <div class=\"lk-stay-name\">ESTUDIO EN TORREMOLINOS CENTRO<\/div>\n      <div class=\"lk-stay-desc\">Estudio moderno en el resort de Torremolinos, a poca distancia al oeste de M\u00e1laga. El compromiso ideal para combinar la ciudad con un d\u00eda completo de relax en la playa, gracias a la perfecta conexi\u00f3n de tren estar\u00e1s en el centro de M\u00e1laga en un momento.<\/div>\n      <div class=\"lk-stay-meta\">\n        <span class=\"lk-stay-stars\">\u2605\u2605\u2605\u2605<\/span>\n        <span class=\"lk-stay-price\">Consultar precios<\/span>\n      <\/div>\n      <span class=\"lk-stay-cta\">\n        <svg width=\"14\" height=\"14\" viewBox=\"0 0 24 24\" fill=\"none\" stroke=\"currentColor\" stroke-width=\"2\"><path d=\"M18 13v6a2 2 0 0 1-2 2H5a2 2 0 0 1-2-2V8a2 2 0 0 1 2-2h6\"\/><polyline points=\"15 3 21 3 21 9\"\/><line x1=\"10\" y1=\"14\" x2=\"21\" y2=\"3\"\/><\/svg>\n        Comprobar disponibilidad\n      <\/span>\n    <\/a>\n\n    <a class=\"lk-stay-card\" href=\"https:\/\/www.stay22.com\/allez\/roam?aid=lukaskonecny&#038;campaign=loudavymkrokemcz&#038;campaign=es&#038;campaign=dovolenamalaga&#038;address=M%C3%A1laga&#038;hotelname=B%26B+Casa+Rub%C3%AD&#038;search=B%26B+Casa+Rub%C3%AD&#038;category=accommodation\" target=\"_blank\" rel=\"nofollow noopener\">\n      <span class=\"lk-stay-badge badge-nature\">\ud83c\udfe1 Pensi\u00f3n<\/span>\n      <div class=\"lk-stay-name\">B&#038;B Casa Rub\u00ed<\/div>\n      <div class=\"lk-stay-desc\">Alojamiento muy acogedor y popular directamente en la ciudad, donde encontrar\u00e1s la tranquilidad deseada y al mismo tiempo una excelente posici\u00f3n de partida para excursiones diarias por los monumentos de M\u00e1laga.<\/div>\n      <div class=\"lk-stay-meta\">\n        <span class=\"lk-stay-stars\">\u2605\u2605\u2605\u2605<\/span>\n        <span class=\"lk-stay-price\">Consultar precios<\/span>\n      <\/div>\n      <span class=\"lk-stay-cta\">\n        <svg width=\"14\" height=\"14\" viewBox=\"0 0 24 24\" fill=\"none\" stroke=\"currentColor\" stroke-width=\"2\"><path d=\"M18 13v6a2 2 0 0 1-2 2H5a2 2 0 0 1-2-2V8a2 2 0 0 1 2-2h6\"\/><polyline points=\"15 3 21 3 21 9\"\/><line x1=\"10\" y1=\"14\" x2=\"21\" y2=\"3\"\/><\/svg>\n        Comprobar disponibilidad\n      <\/span>\n    <\/a>\n\n    <a class=\"lk-stay-card\" href=\"https:\/\/www.stay22.com\/allez\/roam?aid=lukaskonecny&#038;campaign=loudavymkrokemcz&#038;campaign=es&#038;campaign=dovolenamalaga&#038;address=m\u00e1laga\" target=\"_blank\" rel=\"nofollow noopener\">\n      <span class=\"lk-stay-badge badge-nature\">\ud83d\udd0d Buscar<\/span>\n      <div class=\"lk-stay-name\">Ver todos los alojamientos en M\u00e1laga<\/div>\n      <div class=\"lk-stay-desc\">Explora todas las opciones de alojamiento disponibles en M\u00e1laga y encuentra la mejor seg\u00fan tus preferencias y presupuesto.<\/div>\n      <div class=\"lk-stay-meta\">\n        <span class=\"lk-stay-stars\">\u2605\u2605\u2605\u2605<\/span>\n        <span class=\"lk-stay-price\">Comparar precios<\/span>\n      <\/div>\n      <span class=\"lk-stay-cta\">\n        <svg width=\"14\" height=\"14\" viewBox=\"0 0 24 24\" fill=\"none\" stroke=\"currentColor\" stroke-width=\"2\"><path d=\"M18 13v6a2 2 0 0 1-2 2H5a2 2 0 0 1-2-2V8a2 2 0 0 1 2-2h6\"\/><polyline points=\"15 3 21 3 21 9\"\/><line x1=\"10\" y1=\"14\" x2=\"21\" y2=\"3\"\/><\/svg>\n        Comprobar disponibilidad\n      <\/span>\n    <\/a>\n\n  <\/div>\n\n  \n<\/div>\n\n\n\n\n<h2 class=\"wp-block-heading\"><span class=\"ez-toc-section\" id=\"18_cosas_que_ver_y_hacer_en_Malaga\"><\/span><span class=\"ez-toc-section\" id=\"18_cosas_que_ver_y_hacer_en_Malaga\"><\/span>18 cosas que ver y hacer en M\u00e1laga<span class=\"ez-toc-section-end\"><\/span><\/h2>\n\n\n\n<p class=\"wp-block-paragraph\">M\u00e1laga ofrece tantos lugares interesantes que no te aburrir\u00e1s ni un minuto, tanto si vienes un fin de semana largo como si te quedas dos semanas enteras. He reunido para ti dieciocho propuestas concretas de monumentos, experiencias gastron\u00f3micas y rincones secretos que no deber\u00edas perderte durante tu visita.<\/p>\n\n\n\n<h3 class=\"wp-block-heading\"><span class=\"ez-toc-section\" id=\"1_La_fortaleza_mora_de_la_Alcazaba\"><\/span>1. La fortaleza mora de la Alcazaba<span class=\"ez-toc-section-end\"><\/span><\/h3>\n\n\n\n<figure data-wp-context=\"{&quot;imageId&quot;:&quot;6a99468ebaeca&quot;}\" data-wp-interactive=\"core\/image\" data-wp-key=\"6a99468ebaeca\" class=\"wp-block-image size-full wp-lightbox-container\"><img decoding=\"async\" data-wp-class--hide=\"state.isContentHidden\" data-wp-class--show=\"state.isContentVisible\" data-wp-init=\"callbacks.setButtonStyles\" data-wp-on--click=\"actions.showLightbox\" data-wp-on--load=\"callbacks.setButtonStyles\" data-wp-on--pointerdown=\"actions.preloadImage\" data-wp-on--pointerenter=\"actions.preloadImageWithDelay\" data-wp-on--pointerleave=\"actions.cancelPreload\" data-wp-on-window--resize=\"callbacks.setButtonStyles\" src=\"https:\/\/www.loudavymkrokem.cz\/wp-content\/uploads\/2023\/05\/malaga-plaze.jpg\" alt=\"Qu\u00e9 ver en M\u00e1laga\" class=\"wp-image-59034\" title=\"\"><button\n\t\t\tclass=\"lightbox-trigger\"\n\t\t\ttype=\"button\"\n\t\t\taria-haspopup=\"dialog\"\n\t\t\tdata-wp-bind--aria-label=\"state.thisImage.triggerButtonAriaLabel\"\n\t\t\tdata-wp-init=\"callbacks.initTriggerButton\"\n\t\t\tdata-wp-on--click=\"actions.showLightbox\"\n\t\t\tdata-wp-style--right=\"state.thisImage.buttonRight\"\n\t\t\tdata-wp-style--top=\"state.thisImage.buttonTop\"\n\t\t>\n\t\t\t<svg xmlns=\"http:\/\/www.w3.org\/2000\/svg\" width=\"12\" height=\"12\" fill=\"none\" viewBox=\"0 0 12 12\">\n\t\t\t\t<path fill=\"#fff\" d=\"M2 0a2 2 0 0 0-2 2v2h1.5V2a.5.5 0 0 1 .5-.5h2V0H2Zm2 10.5H2a.5.5 0 0 1-.5-.5V8H0v2a2 2 0 0 0 2 2h2v-1.5ZM8 12v-1.5h2a.5.5 0 0 0 .5-.5V8H12v2a2 2 0 0 1-2 2H8Zm2-12a2 2 0 0 1 2 2v2h-1.5V2a.5.5 0 0 0-.5-.5H8V0h2Z\" \/>\n\t\t\t<\/svg>\n\t\t<\/button><\/figure>\n\n\n\n<p class=\"wp-block-paragraph\">La Alcazaba es, sin lugar a dudas, uno de los monumentos m\u00e1s importantes y visualmente m\u00e1s bonitos de toda la ciudad, y lo ves alzarse sobre el centro ya desde lejos. Esta preciosa <strong>fortaleza \u00e1rabe del siglo XI<\/strong> sirvi\u00f3 a la vez como lujoso palacio real y como ciudadela militar, as\u00ed que combina murallas inexpugnables con una arquitectura andalus\u00ed delicada.<\/p>\n\n\n\n<p class=\"wp-block-paragraph\">Suele compararse con la c\u00e9lebre Alhambra de Granada y, aunque es bastante m\u00e1s peque\u00f1a, en mi opini\u00f3n tiene un ambiente <strong>m\u00e1s \u00edntimo y recogido<\/strong>. Cuando recorres sus patios cuidados al detalle, oyes por todas partes el murmullo del agua de las peque\u00f1as fuentes, hueles el embriagador aroma del jazm\u00edn en flor y admiras los complejos motivos geom\u00e9tricos de las paredes.<\/p>\n\n\n\n<p class=\"wp-block-paragraph\">El camino hacia arriba est\u00e1 flanqueado por preciosos jardines en terrazas, y desde las imponentes murallas disfrutas de unas vistas absolutamente fant\u00e1sticas del moderno puerto, el mar abierto y la plaza de toros cercana. El conjunto es sorprendentemente extenso y esconde un mont\u00f3n de rincones pintorescos, soportales en sombra y arcos decorados t\u00edpicos de la arquitectura mora, as\u00ed que reserva tranquilamente unas dos horas para la visita.<\/p>\n\n\n\n<p class=\"wp-block-paragraph\">\ud83d\udca1 Consejo: puedes comprar las entradas en una <strong>combinaci\u00f3n muy ventajosa con la entrada al cercano castillo de Gibralfaro<\/strong>. Adem\u00e1s, los domingos por la tarde la entrada a la fortaleza es totalmente gratuita para todos, aunque l\u00f3gicamente tienes que contar con colas mucho mayores y aglomeraciones de turistas.<\/p>\n\n\n\n<h3 class=\"wp-block-heading\"><span class=\"ez-toc-section\" id=\"2_Castillo_de_Gibralfaro\"><\/span>2. Castillo de Gibralfaro<span class=\"ez-toc-section-end\"><\/span><\/h3>\n\n\n\n<figure data-wp-context=\"{&quot;imageId&quot;:&quot;6a99468ebb542&quot;}\" data-wp-interactive=\"core\/image\" data-wp-key=\"6a99468ebb542\" class=\"wp-block-image size-full wp-lightbox-container\"><img decoding=\"async\" data-wp-class--hide=\"state.isContentHidden\" data-wp-class--show=\"state.isContentVisible\" data-wp-init=\"callbacks.setButtonStyles\" data-wp-on--click=\"actions.showLightbox\" data-wp-on--load=\"callbacks.setButtonStyles\" data-wp-on--pointerdown=\"actions.preloadImage\" data-wp-on--pointerenter=\"actions.preloadImageWithDelay\" data-wp-on--pointerleave=\"actions.cancelPreload\" data-wp-on-window--resize=\"callbacks.setButtonStyles\" src=\"https:\/\/www.loudavymkrokem.cz\/wp-content\/uploads\/2023\/05\/Alcazaba-Malaga.jpg\" alt=\"Qu\u00e9 ver en M\u00e1laga\" class=\"wp-image-59035\" title=\"\"><button\n\t\t\tclass=\"lightbox-trigger\"\n\t\t\ttype=\"button\"\n\t\t\taria-haspopup=\"dialog\"\n\t\t\tdata-wp-bind--aria-label=\"state.thisImage.triggerButtonAriaLabel\"\n\t\t\tdata-wp-init=\"callbacks.initTriggerButton\"\n\t\t\tdata-wp-on--click=\"actions.showLightbox\"\n\t\t\tdata-wp-style--right=\"state.thisImage.buttonRight\"\n\t\t\tdata-wp-style--top=\"state.thisImage.buttonTop\"\n\t\t>\n\t\t\t<svg xmlns=\"http:\/\/www.w3.org\/2000\/svg\" width=\"12\" height=\"12\" fill=\"none\" viewBox=\"0 0 12 12\">\n\t\t\t\t<path fill=\"#fff\" d=\"M2 0a2 2 0 0 0-2 2v2h1.5V2a.5.5 0 0 1 .5-.5h2V0H2Zm2 10.5H2a.5.5 0 0 1-.5-.5V8H0v2a2 2 0 0 0 2 2h2v-1.5ZM8 12v-1.5h2a.5.5 0 0 0 .5-.5V8H12v2a2 2 0 0 1-2 2H8Zm2-12a2 2 0 0 1 2 2v2h-1.5V2a.5.5 0 0 0-.5-.5H8V0h2Z\" \/>\n\t\t\t<\/svg>\n\t\t<\/button><figcaption class=\"wp-element-caption\">Qu\u00e9 ver en M\u00e1laga<\/figcaption><\/figure>\n\n\n\n<p class=\"wp-block-paragraph\">Justo por encima de la Alcazaba, sobre una empinada colina boscosa, se alza otra construcci\u00f3n imponente: el <strong>antiguo castillo de Gibralfaro, del siglo XIV<\/strong>. Este castillo lo mand\u00f3 construir un poderoso califa principalmente para proteger la Alcazaba, situada m\u00e1s abajo, con la que sigue unido hoy por un largo pasillo fortificado que serpentea por la ladera.<\/p>\n\n\n\n<p class=\"wp-block-paragraph\">El castillo en s\u00ed, a diferencia de la palaciega Alcazaba, es una fortaleza puramente militar, as\u00ed que dentro no esperes salones decorados con azulejos, pero la recompensa por la subida son las <strong>mejores vistas panor\u00e1micas<\/strong> de toda M\u00e1laga y de la interminable costa de la Costa del Sol. Llegar arriba requiere algo de forma f\u00edsica, porque el camino desde el centro hist\u00f3rico sube bastante empinado y te lleva unos veinte a treinta minutos de caminata a buen paso.<\/p>\n\n\n\n<p class=\"wp-block-paragraph\">En los calurosos d\u00edas de verano puede ser una caminata bastante exigente, as\u00ed que no olvides llevar agua suficiente y algo para cubrirte la cabeza, porque sombra por el camino no hay mucha. Si no te apetece subir a pie y sudar, puedes usar la <strong>l\u00ednea de autob\u00fas urbana n\u00famero 35<\/strong>, que te lleva c\u00f3modamente hasta la mism\u00edsima entrada principal.<\/p>\n\n\n\n<p class=\"wp-block-paragraph\">El paseo por las imponentes murallas de piedra, bajo los fragantes pinos, es especialmente m\u00e1gico justo antes del atardecer, cuando toda la ciudad a tus pies se ti\u00f1e de preciosos tonos dorados. Dentro del castillo tambi\u00e9n encontrar\u00e1s un peque\u00f1o museo militar que repasa la enrevesada historia de la guarnici\u00f3n local pero, siendo sinceros, esas vistas incre\u00edbles son el motivo principal por el que todos los visitantes suben hasta aqu\u00ed.<\/p>\n\n\n\n<h3 class=\"wp-block-heading\"><span class=\"ez-toc-section\" id=\"3_La_catedral_La_Manquita\"><\/span>3. La catedral La Manquita<span class=\"ez-toc-section-end\"><\/span><\/h3>\n\n\n\n<figure data-wp-context=\"{&quot;imageId&quot;:&quot;6a99468ebbcea&quot;}\" data-wp-interactive=\"core\/image\" data-wp-key=\"6a99468ebbcea\" class=\"wp-block-image size-full wp-lightbox-container\"><img decoding=\"async\" data-wp-class--hide=\"state.isContentHidden\" data-wp-class--show=\"state.isContentVisible\" data-wp-init=\"callbacks.setButtonStyles\" data-wp-on--click=\"actions.showLightbox\" data-wp-on--load=\"callbacks.setButtonStyles\" data-wp-on--pointerdown=\"actions.preloadImage\" data-wp-on--pointerenter=\"actions.preloadImageWithDelay\" data-wp-on--pointerleave=\"actions.cancelPreload\" data-wp-on-window--resize=\"callbacks.setButtonStyles\" src=\"https:\/\/www.loudavymkrokem.cz\/wp-content\/uploads\/2023\/05\/Castillo-de-Gibralfaro.jpg\" alt=\"M\u00e1laga: qu\u00e9 ver\" class=\"wp-image-59036\" title=\"\"><button\n\t\t\tclass=\"lightbox-trigger\"\n\t\t\ttype=\"button\"\n\t\t\taria-haspopup=\"dialog\"\n\t\t\tdata-wp-bind--aria-label=\"state.thisImage.triggerButtonAriaLabel\"\n\t\t\tdata-wp-init=\"callbacks.initTriggerButton\"\n\t\t\tdata-wp-on--click=\"actions.showLightbox\"\n\t\t\tdata-wp-style--right=\"state.thisImage.buttonRight\"\n\t\t\tdata-wp-style--top=\"state.thisImage.buttonTop\"\n\t\t>\n\t\t\t<svg xmlns=\"http:\/\/www.w3.org\/2000\/svg\" width=\"12\" height=\"12\" fill=\"none\" viewBox=\"0 0 12 12\">\n\t\t\t\t<path fill=\"#fff\" d=\"M2 0a2 2 0 0 0-2 2v2h1.5V2a.5.5 0 0 1 .5-.5h2V0H2Zm2 10.5H2a.5.5 0 0 1-.5-.5V8H0v2a2 2 0 0 0 2 2h2v-1.5ZM8 12v-1.5h2a.5.5 0 0 0 .5-.5V8H12v2a2 2 0 0 1-2 2H8Zm2-12a2 2 0 0 1 2 2v2h-1.5V2a.5.5 0 0 0-.5-.5H8V0h2Z\" \/>\n\t\t\t<\/svg>\n\t\t<\/button><\/figure>\n\n\n\n<p class=\"wp-block-paragraph\">La catedral de Nuestra Se\u00f1ora de la Encarnaci\u00f3n es uno de los s\u00edmbolos m\u00e1s conocidos de la ciudad, y en cuanto la veas con tus propios ojos entender\u00e1s por qu\u00e9. Empez\u00f3 a construirse en el siglo XVI sobre el emplazamiento de la antigua mezquita mayor, y su complicada construcci\u00f3n dur\u00f3 <strong>m\u00e1s de doscientos a\u00f1os<\/strong>, lo que como es l\u00f3gico se refleja en una fascinante mezcla de estilos g\u00f3tico, renacentista y barroco.<\/p>\n\n\n\n<p class=\"wp-block-paragraph\">Los propios malague\u00f1os la <strong>llaman con mucho cari\u00f1o La Manquita<\/strong>, que significa literalmente \u00abla dama manca\u00bb. Este simp\u00e1tico apodo surgi\u00f3 porque la torre sur de la catedral nunca lleg\u00f3 a terminarse, por una falta cr\u00edtica de fondos a finales del siglo XVIII, de modo que la construcci\u00f3n parece desde lejos ligeramente asim\u00e9trica.<\/p>\n\n\n\n<p class=\"wp-block-paragraph\">El dinero que en principio deb\u00eda destinarse a terminarla se envi\u00f3 supuestamente a Am\u00e9rica para apoyar la guerra de independencia estadounidense, una an\u00e9cdota que sigue siendo muy popular entre los locales. Por fuera la construcci\u00f3n resulta incre\u00edblemente majestuosa, y su interior no le va a la zaga, con enormes columnas de piedra y un <strong>coro de madera magn\u00edficamente tallado<\/strong> que es una aut\u00e9ntica obra maestra.<\/p>\n\n\n\n<p class=\"wp-block-paragraph\">Te recomiendo pagar el extra por la posibilidad exclusiva de subir con gu\u00eda hasta la mism\u00edsima azotea de la catedral. Hasta all\u00ed llevan unos doscientos escalones de caracol, pero la experiencia merece la pena de sobra, porque <strong>caminar directamente por las b\u00f3vedas del tejado<\/strong> y contemplar la ciudad desde esta perspectiva tan poco habitual es algo que recordar\u00e1s de M\u00e1laga durante mucho tiempo.<\/p>\n\n\n\n<h3 class=\"wp-block-heading\"><span class=\"ez-toc-section\" id=\"4_Teatro_Romano\"><\/span>4. Teatro Romano<span class=\"ez-toc-section-end\"><\/span><\/h3>\n\n\n\n<figure data-wp-context=\"{&quot;imageId&quot;:&quot;6a99468ebc40d&quot;}\" data-wp-interactive=\"core\/image\" data-wp-key=\"6a99468ebc40d\" class=\"wp-block-image size-full wp-lightbox-container\"><img decoding=\"async\" data-wp-class--hide=\"state.isContentHidden\" data-wp-class--show=\"state.isContentVisible\" data-wp-init=\"callbacks.setButtonStyles\" data-wp-on--click=\"actions.showLightbox\" data-wp-on--load=\"callbacks.setButtonStyles\" data-wp-on--pointerdown=\"actions.preloadImage\" data-wp-on--pointerenter=\"actions.preloadImageWithDelay\" data-wp-on--pointerleave=\"actions.cancelPreload\" data-wp-on-window--resize=\"callbacks.setButtonStyles\" src=\"https:\/\/www.loudavymkrokem.cz\/wp-content\/uploads\/2023\/05\/Cathedral-Malaga.jpg\" alt=\"Qu\u00e9 visitar en M\u00e1laga\" class=\"wp-image-59037\" title=\"\"><button\n\t\t\tclass=\"lightbox-trigger\"\n\t\t\ttype=\"button\"\n\t\t\taria-haspopup=\"dialog\"\n\t\t\tdata-wp-bind--aria-label=\"state.thisImage.triggerButtonAriaLabel\"\n\t\t\tdata-wp-init=\"callbacks.initTriggerButton\"\n\t\t\tdata-wp-on--click=\"actions.showLightbox\"\n\t\t\tdata-wp-style--right=\"state.thisImage.buttonRight\"\n\t\t\tdata-wp-style--top=\"state.thisImage.buttonTop\"\n\t\t>\n\t\t\t<svg xmlns=\"http:\/\/www.w3.org\/2000\/svg\" width=\"12\" height=\"12\" fill=\"none\" viewBox=\"0 0 12 12\">\n\t\t\t\t<path fill=\"#fff\" d=\"M2 0a2 2 0 0 0-2 2v2h1.5V2a.5.5 0 0 1 .5-.5h2V0H2Zm2 10.5H2a.5.5 0 0 1-.5-.5V8H0v2a2 2 0 0 0 2 2h2v-1.5ZM8 12v-1.5h2a.5.5 0 0 0 .5-.5V8H12v2a2 2 0 0 1-2 2H8Zm2-12a2 2 0 0 1 2 2v2h-1.5V2a.5.5 0 0 0-.5-.5H8V0h2Z\" \/>\n\t\t\t<\/svg>\n\t\t<\/button><\/figure>\n\n\n\n<p class=\"wp-block-paragraph\">Justo al pie de la colina, bajo la fortaleza de la Alcazaba, te topar\u00e1s con un incre\u00edble tesoro hist\u00f3rico: el <strong>antiguo teatro romano del siglo I de nuestra era<\/strong>. Se construy\u00f3 durante la \u00e9poca dorada del reinado del emperador Augusto y hoy se considera uno de los teatros romanos m\u00e1s antiguos y mejor conservados de toda la soleada Andaluc\u00eda.<\/p>\n\n\n\n<p class=\"wp-block-paragraph\">Lo fascinante es sobre todo su historia moderna, porque el teatro estuvo durante siglos sepultado bajo capas de tierra y oculto bajo la ciudad, de manera que unos obreros lo descubrieron por completa casualidad <strong>en los a\u00f1os cincuenta del siglo pasado<\/strong>. Hasta entonces nadie ten\u00eda ni idea de qu\u00e9 tesoro se escond\u00eda bajo las calles.<\/p>\n\n\n\n<p class=\"wp-block-paragraph\">La visita a este singular yacimiento arqueol\u00f3gico es <strong>totalmente gratuita para todos<\/strong>, lo que hoy en d\u00eda es un plus muy agradable. Puedes recorrer con calma el moderno centro de visitantes rehabilitado, donde conocer\u00e1s los detalles de la historia de las excavaciones, y despu\u00e9s pasear directamente por las antiguas gradas de piedra.<\/p>\n\n\n\n<p class=\"wp-block-paragraph\">El ambiente de este lugar es totalmente \u00fanico, porque el teatro se encuentra literalmente en el coraz\u00f3n palpitante de la ciudad moderna, rodeado de restaurantes y bares. En los c\u00e1lidos meses de verano se celebran aqu\u00ed a menudo <strong>representaciones teatrales y conciertos nocturnos<\/strong> al aire libre, lo que da a estas antiguas piedras una vida completamente nueva y conecta de forma m\u00e1gica la historia lejana con el presente.<\/p>\n\n\n\n<h3 class=\"wp-block-heading\"><span class=\"ez-toc-section\" id=\"5_Museo_Picasso_Malaga\"><\/span>5. Museo Picasso M\u00e1laga<span class=\"ez-toc-section-end\"><\/span><\/h3>\n\n\n\n<figure data-wp-context=\"{&quot;imageId&quot;:&quot;6a99468ebc9d7&quot;}\" data-wp-interactive=\"core\/image\" data-wp-key=\"6a99468ebc9d7\" class=\"wp-block-image size-full wp-lightbox-container\"><img decoding=\"async\" data-wp-class--hide=\"state.isContentHidden\" data-wp-class--show=\"state.isContentVisible\" data-wp-init=\"callbacks.setButtonStyles\" data-wp-on--click=\"actions.showLightbox\" data-wp-on--load=\"callbacks.setButtonStyles\" data-wp-on--pointerdown=\"actions.preloadImage\" data-wp-on--pointerenter=\"actions.preloadImageWithDelay\" data-wp-on--pointerleave=\"actions.cancelPreload\" data-wp-on-window--resize=\"callbacks.setButtonStyles\" src=\"https:\/\/www.loudavymkrokem.cz\/wp-content\/uploads\/2023\/05\/Jardines-de-Picasso.jpg\" alt=\"Museo Picasso M\u00e1laga\" class=\"wp-image-59038\" title=\"\"><button\n\t\t\tclass=\"lightbox-trigger\"\n\t\t\ttype=\"button\"\n\t\t\taria-haspopup=\"dialog\"\n\t\t\tdata-wp-bind--aria-label=\"state.thisImage.triggerButtonAriaLabel\"\n\t\t\tdata-wp-init=\"callbacks.initTriggerButton\"\n\t\t\tdata-wp-on--click=\"actions.showLightbox\"\n\t\t\tdata-wp-style--right=\"state.thisImage.buttonRight\"\n\t\t\tdata-wp-style--top=\"state.thisImage.buttonTop\"\n\t\t>\n\t\t\t<svg xmlns=\"http:\/\/www.w3.org\/2000\/svg\" width=\"12\" height=\"12\" fill=\"none\" viewBox=\"0 0 12 12\">\n\t\t\t\t<path fill=\"#fff\" d=\"M2 0a2 2 0 0 0-2 2v2h1.5V2a.5.5 0 0 1 .5-.5h2V0H2Zm2 10.5H2a.5.5 0 0 1-.5-.5V8H0v2a2 2 0 0 0 2 2h2v-1.5ZM8 12v-1.5h2a.5.5 0 0 0 .5-.5V8H12v2a2 2 0 0 1-2 2H8Zm2-12a2 2 0 0 1 2 2v2h-1.5V2a.5.5 0 0 0-.5-.5H8V0h2Z\" \/>\n\t\t\t<\/svg>\n\t\t<\/button><\/figure>\n\n\n\n<p class=\"wp-block-paragraph\">M\u00e1laga es la orgullosa ciudad natal de uno de los artistas m\u00e1s grandes e influyentes del siglo XX, Pablo Picasso, y su inconfundible legado se cruza contigo literalmente a cada paso. El principal reclamo cultural es, sin duda, el <strong>magn\u00edfico Museo Picasso<\/strong>, que ocupa el precioso Palacio de Buenavista, un palacio renacentista rehabilitado en pleno centro.<\/p>\n\n\n\n<p class=\"wp-block-paragraph\">Aunque no seas de los mayores fans del cubismo y el arte moderno, este museo no deber\u00edas dejarlo fuera de tu plan, porque tiene un ambiente incre\u00edblemente <strong>personal e \u00edntimo<\/strong>. No es una galer\u00eda fr\u00eda llena de cuadros famosos, sino m\u00e1s bien un recorrido por toda la fascinante vida del artista.<\/p>\n\n\n\n<p class=\"wp-block-paragraph\">La colecci\u00f3n, de m\u00e1s de doscientas obras, la donaron al museo directamente <strong>miembros de la familia m\u00e1s cercana de Picasso<\/strong>, en concreto su nuera y su nieto. Gracias a ello no ver\u00e1s solo los cuadros comerciales m\u00e1s conocidos, sino una enorme cantidad de dibujos personales, bocetos r\u00e1pidos, cer\u00e1mica y obras tempranas que abarcan toda su carrera y muestran a la perfecci\u00f3n su evoluci\u00f3n art\u00edstica.<\/p>\n\n\n\n<p class=\"wp-block-paragraph\">\ud83d\udca1 Consejo: <strong>compra las entradas online con varios d\u00edas de antelaci\u00f3n<\/strong>. Las colas frente al museo suelen ser interminables, sobre todo en temporada alta, y ser\u00eda una l\u00e1stima perder una hora preciosa esperando bajo el sol de justicia.<\/p>\n\n\n\n<h3 class=\"wp-block-heading\"><span class=\"ez-toc-section\" id=\"6_La_casa_natal_de_Picasso_en_la_Plaza_de_la_Merced\"><\/span>6. La casa natal de Picasso en la Plaza de la Merced<span class=\"ez-toc-section-end\"><\/span><\/h3>\n\n\n\n<figure data-wp-context=\"{&quot;imageId&quot;:&quot;6a99468ebcfa8&quot;}\" data-wp-interactive=\"core\/image\" data-wp-key=\"6a99468ebcfa8\" class=\"wp-block-image size-full wp-lightbox-container\"><img decoding=\"async\" data-wp-class--hide=\"state.isContentHidden\" data-wp-class--show=\"state.isContentVisible\" data-wp-init=\"callbacks.setButtonStyles\" data-wp-on--click=\"actions.showLightbox\" data-wp-on--load=\"callbacks.setButtonStyles\" data-wp-on--pointerdown=\"actions.preloadImage\" data-wp-on--pointerenter=\"actions.preloadImageWithDelay\" data-wp-on--pointerleave=\"actions.cancelPreload\" data-wp-on-window--resize=\"callbacks.setButtonStyles\" src=\"https:\/\/www.loudavymkrokem.cz\/wp-content\/uploads\/2023\/05\/trznice-v-malaze.jpg\" alt=\"Casa natal de Picasso\" class=\"wp-image-59039\" title=\"\"><button\n\t\t\tclass=\"lightbox-trigger\"\n\t\t\ttype=\"button\"\n\t\t\taria-haspopup=\"dialog\"\n\t\t\tdata-wp-bind--aria-label=\"state.thisImage.triggerButtonAriaLabel\"\n\t\t\tdata-wp-init=\"callbacks.initTriggerButton\"\n\t\t\tdata-wp-on--click=\"actions.showLightbox\"\n\t\t\tdata-wp-style--right=\"state.thisImage.buttonRight\"\n\t\t\tdata-wp-style--top=\"state.thisImage.buttonTop\"\n\t\t>\n\t\t\t<svg xmlns=\"http:\/\/www.w3.org\/2000\/svg\" width=\"12\" height=\"12\" fill=\"none\" viewBox=\"0 0 12 12\">\n\t\t\t\t<path fill=\"#fff\" d=\"M2 0a2 2 0 0 0-2 2v2h1.5V2a.5.5 0 0 1 .5-.5h2V0H2Zm2 10.5H2a.5.5 0 0 1-.5-.5V8H0v2a2 2 0 0 0 2 2h2v-1.5ZM8 12v-1.5h2a.5.5 0 0 0 .5-.5V8H12v2a2 2 0 0 1-2 2H8Zm2-12a2 2 0 0 1 2 2v2h-1.5V2a.5.5 0 0 0-.5-.5H8V0h2Z\" \/>\n\t\t\t<\/svg>\n\t\t<\/button><\/figure>\n\n\n\n<p class=\"wp-block-paragraph\">Si te fascina la vida de Pablo Picasso y quieres profundizar a\u00fan m\u00e1s, tus siguientes pasos deber\u00edan dirigirse a la cercana y amplia Plaza de la Merced. Precisamente en uno de los edificios se\u00f1oriales, con las t\u00edpicas contraventanas verdes, de esta plaza soleada, <strong>el famoso pintor naci\u00f3 en 1881<\/strong>.<\/p>\n\n\n\n<p class=\"wp-block-paragraph\">Hoy en estos espacios se ubica el Museo Casa Natal de Picasso, que funciona como un museo peque\u00f1o pero muy atractivo, que acerca su infancia temprana y su complejo entorno familiar. Es un complemento estupendo al museo principal, porque se centra m\u00e1s en <strong>la persona que en su arte<\/strong>.<\/p>\n\n\n\n<p class=\"wp-block-paragraph\">Dentro puedes ver con calma fotograf\u00edas antiguas en blanco y negro, objetos personales de la familia Ruiz Picasso y tambi\u00e9n objetos cotidianos que rodearon al joven Pablo desde ni\u00f1o y lo formaron art\u00edsticamente. Es tremendamente interesante ver el entorno aut\u00e9ntico del que sali\u00f3 una persona que m\u00e1s tarde reescribir\u00eda por completo la historia de la pintura mundial.<\/p>\n\n\n\n<p class=\"wp-block-paragraph\">La propia Plaza de la Merced es un precioso lugar en sombra para descansar tras un largo d\u00eda. Alrededor de toda la plaza encontrar\u00e1s un mont\u00f3n de agradables cafeter\u00edas con mesas en la calle, donde puedes tomarte un caf\u00e9 y, sobre todo, hacerte una foto de recuerdo con la <strong>estatua de bronce de Picasso<\/strong>, que est\u00e1 discretamente sentado con un cuaderno en uno de los bancos.<\/p>\n\n\n\n<h3 class=\"wp-block-heading\"><span class=\"ez-toc-section\" id=\"7_El_paseo_del_puerto_Muelle_Uno\"><\/span>7. El paseo del puerto Muelle Uno<span class=\"ez-toc-section-end\"><\/span><\/h3>\n\n\n\n<figure data-wp-context=\"{&quot;imageId&quot;:&quot;6a99468ebd583&quot;}\" data-wp-interactive=\"core\/image\" data-wp-key=\"6a99468ebd583\" class=\"wp-block-image size-full wp-lightbox-container\"><img decoding=\"async\" data-wp-class--hide=\"state.isContentHidden\" data-wp-class--show=\"state.isContentVisible\" data-wp-init=\"callbacks.setButtonStyles\" data-wp-on--click=\"actions.showLightbox\" data-wp-on--load=\"callbacks.setButtonStyles\" data-wp-on--pointerdown=\"actions.preloadImage\" data-wp-on--pointerenter=\"actions.preloadImageWithDelay\" data-wp-on--pointerleave=\"actions.cancelPreload\" data-wp-on-window--resize=\"callbacks.setButtonStyles\" src=\"https:\/\/www.loudavymkrokem.cz\/wp-content\/uploads\/2023\/05\/malagueta.jpg\" alt=\"La Malagueta\" class=\"wp-image-59033\" title=\"\"><button\n\t\t\tclass=\"lightbox-trigger\"\n\t\t\ttype=\"button\"\n\t\t\taria-haspopup=\"dialog\"\n\t\t\tdata-wp-bind--aria-label=\"state.thisImage.triggerButtonAriaLabel\"\n\t\t\tdata-wp-init=\"callbacks.initTriggerButton\"\n\t\t\tdata-wp-on--click=\"actions.showLightbox\"\n\t\t\tdata-wp-style--right=\"state.thisImage.buttonRight\"\n\t\t\tdata-wp-style--top=\"state.thisImage.buttonTop\"\n\t\t>\n\t\t\t<svg xmlns=\"http:\/\/www.w3.org\/2000\/svg\" width=\"12\" height=\"12\" fill=\"none\" viewBox=\"0 0 12 12\">\n\t\t\t\t<path fill=\"#fff\" d=\"M2 0a2 2 0 0 0-2 2v2h1.5V2a.5.5 0 0 1 .5-.5h2V0H2Zm2 10.5H2a.5.5 0 0 1-.5-.5V8H0v2a2 2 0 0 0 2 2h2v-1.5ZM8 12v-1.5h2a.5.5 0 0 0 .5-.5V8H12v2a2 2 0 0 1-2 2H8Zm2-12a2 2 0 0 1 2 2v2h-1.5V2a.5.5 0 0 0-.5-.5H8V0h2Z\" \/>\n\t\t\t<\/svg>\n\t\t<\/button><\/figure>\n\n\n\n<p class=\"wp-block-paragraph\">La transformaci\u00f3n de M\u00e1laga de aburrido puerto industrial a deslumbrante metr\u00f3poli moderna se ve mejor que en ning\u00fan otro sitio en la zona del puerto central. Muelle Uno es un lujoso paseo comercial y de ocio que bordea con elegancia las aguas tranquilas y ofrece un <strong>lugar perfecto para un paseo al atardecer<\/strong> con vistas al mar.<\/p>\n\n\n\n<p class=\"wp-block-paragraph\">Aqu\u00ed encontrar\u00e1s decenas de tiendas de lujo, boutiques de dise\u00f1o local y restaurantes excelentes desde los que tienes <strong>vistas directas a los yates de millonarios<\/strong> atracados. Es un enorme contraste con las estrechas callejuelas hist\u00f3ricas del centro, y muestra a la perfecci\u00f3n lo maravillosamente diversa que es M\u00e1laga.<\/p>\n\n\n\n<p class=\"wp-block-paragraph\">Pasear por aqu\u00ed al caer la tarde, cuando el sol se pone poco a poco tras la colina del castillo de Gibralfaro e ilumina suavemente los barcos blancos del puerto, es una experiencia profundamente rom\u00e1ntica. El paseo es muy ancho, con gusto flanqueado por altas palmeras, y encontrar\u00e1s un mont\u00f3n de c\u00f3modos bancos y sitios en sombra para descansar.<\/p>\n\n\n\n<p class=\"wp-block-paragraph\">Luk\u00e1\u0161 y yo venimos aqu\u00ed encantados; a menudo nos compramos una buena bola de helado italiano y observamos en silencio el colorido ajetreo a nuestro alrededor. Al final del paseo llegas al <strong>ic\u00f3nico faro blanco como la nieve, La Farola<\/strong>, uno de los pocos faros en funcionamiento de Espa\u00f1a que lleva un nombre tradicionalmente femenino.<\/p>\n\n\n\n<h3 class=\"wp-block-heading\"><span class=\"ez-toc-section\" id=\"8_El_cubo_de_colores_del_Centre_Pompidou\"><\/span>8. El cubo de colores del Centre Pompidou<span class=\"ez-toc-section-end\"><\/span><\/h3>\n\n\n\n<figure data-wp-context=\"{&quot;imageId&quot;:&quot;6a99468ebdbca&quot;}\" data-wp-interactive=\"core\/image\" data-wp-key=\"6a99468ebdbca\" class=\"wp-block-image size-full wp-lightbox-container\"><img decoding=\"async\" data-wp-class--hide=\"state.isContentHidden\" data-wp-class--show=\"state.isContentVisible\" data-wp-init=\"callbacks.setButtonStyles\" data-wp-on--click=\"actions.showLightbox\" data-wp-on--load=\"callbacks.setButtonStyles\" data-wp-on--pointerdown=\"actions.preloadImage\" data-wp-on--pointerenter=\"actions.preloadImageWithDelay\" data-wp-on--pointerleave=\"actions.cancelPreload\" data-wp-on-window--resize=\"callbacks.setButtonStyles\" src=\"https:\/\/www.loudavymkrokem.cz\/wp-content\/uploads\/2023\/05\/Teatro-Romano.jpg\" alt=\"Centre Pompidou M\u00e1laga\" class=\"wp-image-59042\" title=\"\"><button\n\t\t\tclass=\"lightbox-trigger\"\n\t\t\ttype=\"button\"\n\t\t\taria-haspopup=\"dialog\"\n\t\t\tdata-wp-bind--aria-label=\"state.thisImage.triggerButtonAriaLabel\"\n\t\t\tdata-wp-init=\"callbacks.initTriggerButton\"\n\t\t\tdata-wp-on--click=\"actions.showLightbox\"\n\t\t\tdata-wp-style--right=\"state.thisImage.buttonRight\"\n\t\t\tdata-wp-style--top=\"state.thisImage.buttonTop\"\n\t\t>\n\t\t\t<svg xmlns=\"http:\/\/www.w3.org\/2000\/svg\" width=\"12\" height=\"12\" fill=\"none\" viewBox=\"0 0 12 12\">\n\t\t\t\t<path fill=\"#fff\" d=\"M2 0a2 2 0 0 0-2 2v2h1.5V2a.5.5 0 0 1 .5-.5h2V0H2Zm2 10.5H2a.5.5 0 0 1-.5-.5V8H0v2a2 2 0 0 0 2 2h2v-1.5ZM8 12v-1.5h2a.5.5 0 0 0 .5-.5V8H12v2a2 2 0 0 1-2 2H8Zm2-12a2 2 0 0 1 2 2v2h-1.5V2a.5.5 0 0 0-.5-.5H8V0h2Z\" \/>\n\t\t\t<\/svg>\n\t\t<\/button><\/figure>\n\n\n\n<p class=\"wp-block-paragraph\">Durante un tranquilo paseo por el puerto de Muelle Uno no pasar\u00e1s por alto un enorme cubo de cristal de colores que parece brotar directamente del pavimento de hormig\u00f3n. Este llamativo elemento visual se ha convertido en un lugar favorito para las fotos de todos los turistas y crea un interesante <strong>contraste con el cielo azul<\/strong>.<\/p>\n\n\n\n<p class=\"wp-block-paragraph\">Se trata de la prestigiosa sede del famoso museo de arte moderno parisino Centre Pompidou, que fue la <strong>primera instituci\u00f3n de este tipo fuera del territorio de Francia<\/strong>. Este atrevido hito arquitect\u00f3nico se convirti\u00f3 en pocos a\u00f1os en un nuevo y orgulloso s\u00edmbolo de la M\u00e1laga moderna y cultural.<\/p>\n\n\n\n<p class=\"wp-block-paragraph\">Mientras que el propio cubo de colores sirve principalmente como enorme lucernario de entrada, los amplios espacios subterr\u00e1neos esconden fant\u00e1sticas exposiciones de arte contempor\u00e1neo mundial. Las muestras son muy interactivas, provocadoras, l\u00fadicas y cambian a menudo, as\u00ed que aunque ya hayas estado aqu\u00ed hace a\u00f1os, en tu pr\u00f3xima visita te espera seguro algo completamente nuevo por descubrir.<\/p>\n\n\n\n<p class=\"wp-block-paragraph\">Si te gusta el arte moderno, las instalaciones espaciales y los enfoques art\u00edsticos poco convencionales, aqu\u00ed estar\u00e1s en tu salsa y pasar\u00e1s tranquilamente toda la ma\u00f1ana. Adem\u00e1s, el museo est\u00e1 <strong>estupenda y potentemente climatizado<\/strong>, lo que lo convierte en un refugio perfecto frente al implacable sol de mediod\u00eda en los meses de verano.<\/p>\n\n\n\n<h3 class=\"wp-block-heading\"><span class=\"ez-toc-section\" id=\"9_El_Mercado_de_Atarazanas\"><\/span>9. El Mercado de Atarazanas<span class=\"ez-toc-section-end\"><\/span><\/h3>\n\n\n\n<figure data-wp-context=\"{&quot;imageId&quot;:&quot;6a99468ebe244&quot;}\" data-wp-interactive=\"core\/image\" data-wp-key=\"6a99468ebe244\" class=\"wp-block-image size-full wp-lightbox-container\"><img decoding=\"async\" data-wp-class--hide=\"state.isContentHidden\" data-wp-class--show=\"state.isContentVisible\" data-wp-init=\"callbacks.setButtonStyles\" data-wp-on--click=\"actions.showLightbox\" data-wp-on--load=\"callbacks.setButtonStyles\" data-wp-on--pointerdown=\"actions.preloadImage\" data-wp-on--pointerenter=\"actions.preloadImageWithDelay\" data-wp-on--pointerleave=\"actions.cancelPreload\" data-wp-on-window--resize=\"callbacks.setButtonStyles\" src=\"https:\/\/www.loudavymkrokem.cz\/wp-content\/uploads\/2023\/05\/ronda-most-spanelsko.jpg\" alt=\"Ronda en Andaluc\u00eda\" class=\"wp-image-58994\" title=\"\"><button\n\t\t\tclass=\"lightbox-trigger\"\n\t\t\ttype=\"button\"\n\t\t\taria-haspopup=\"dialog\"\n\t\t\tdata-wp-bind--aria-label=\"state.thisImage.triggerButtonAriaLabel\"\n\t\t\tdata-wp-init=\"callbacks.initTriggerButton\"\n\t\t\tdata-wp-on--click=\"actions.showLightbox\"\n\t\t\tdata-wp-style--right=\"state.thisImage.buttonRight\"\n\t\t\tdata-wp-style--top=\"state.thisImage.buttonTop\"\n\t\t>\n\t\t\t<svg xmlns=\"http:\/\/www.w3.org\/2000\/svg\" width=\"12\" height=\"12\" fill=\"none\" viewBox=\"0 0 12 12\">\n\t\t\t\t<path fill=\"#fff\" d=\"M2 0a2 2 0 0 0-2 2v2h1.5V2a.5.5 0 0 1 .5-.5h2V0H2Zm2 10.5H2a.5.5 0 0 1-.5-.5V8H0v2a2 2 0 0 0 2 2h2v-1.5ZM8 12v-1.5h2a.5.5 0 0 0 .5-.5V8H12v2a2 2 0 0 1-2 2H8Zm2-12a2 2 0 0 1 2 2v2h-1.5V2a.5.5 0 0 0-.5-.5H8V0h2Z\" \/>\n\t\t\t<\/svg>\n\t\t<\/button><\/figure>\n\n\n\n<p class=\"wp-block-paragraph\">Visitar un mercado local con ajetreo es para m\u00ed siempre una necesidad absoluta en cualquier ciudad ajena que visito, y el Mercado de Atarazanas de M\u00e1laga est\u00e1 sin duda entre los m\u00e1s bonitos de Espa\u00f1a. Ya el mero hecho de llegar al edificio es una experiencia que activa todos los sentidos.<\/p>\n\n\n\n<p class=\"wp-block-paragraph\">El edificio del mercado ya cautiva desde fuera con su enorme <strong>vidriera de colores<\/strong>, que representa con todo detalle barcos hist\u00f3ricos, y con una preciosa puerta mora de piedra. En este emplazamiento estrat\u00e9gico hab\u00eda originalmente unas atarazanas medievales, que a finales del siglo XIX los arquitectos reconvirtieron con sensibilidad en un magn\u00edfico mercado central.<\/p>\n\n\n\n<p class=\"wp-block-paragraph\">Dentro reina un ajetreo absolutamente incre\u00edble, los colores intensos y los olores fuertes se mezclan y los temperamentales vendedores locales pregonan a voces su g\u00e9nero fresco. El mercado est\u00e1 dividido con l\u00f3gica en varias secciones: aqu\u00ed encontrar\u00e1s enormes monta\u00f1as de fruta dulce, verdura crujiente, <strong>especias arom\u00e1ticas, frutos secos tostados y quesos locales<\/strong>.<\/p>\n\n\n\n<p class=\"wp-block-paragraph\">Luk\u00e1\u0161 y yo venimos aqu\u00ed regularmente a comprar las <strong>mejores aceitunas ali\u00f1adas y quesos<\/strong>, que luego nos llevamos a un picnic por la tarde, mientras los locales compran a lo grande marisco fresco. Entre los puestos funcionan varios peque\u00f1os bares donde puedes comer de pie en la barra y empaparte del ambiente espa\u00f1ol m\u00e1s aut\u00e9ntico.<\/p>\n\n\n\n<h3 class=\"wp-block-heading\"><span class=\"ez-toc-section\" id=\"10_El_barrio_hipster_de_Soho_y_el_arte_urbano\"><\/span>10. El barrio hipster de Soho y el arte urbano<span class=\"ez-toc-section-end\"><\/span><\/h3>\n\n\n\n<figure data-wp-context=\"{&quot;imageId&quot;:&quot;6a99468ebe7eb&quot;}\" data-wp-interactive=\"core\/image\" data-wp-key=\"6a99468ebe7eb\" class=\"wp-block-image size-full wp-lightbox-container\"><img decoding=\"async\" data-wp-class--hide=\"state.isContentHidden\" data-wp-class--show=\"state.isContentVisible\" data-wp-init=\"callbacks.setButtonStyles\" data-wp-on--click=\"actions.showLightbox\" data-wp-on--load=\"callbacks.setButtonStyles\" data-wp-on--pointerdown=\"actions.preloadImage\" data-wp-on--pointerenter=\"actions.preloadImageWithDelay\" data-wp-on--pointerleave=\"actions.cancelPreload\" data-wp-on-window--resize=\"callbacks.setButtonStyles\" src=\"https:\/\/www.loudavymkrokem.cz\/wp-content\/uploads\/2023\/05\/alhambra-granada-1.jpg\" alt=\"La Alhambra de Granada\" class=\"wp-image-59025\" title=\"\"><button\n\t\t\tclass=\"lightbox-trigger\"\n\t\t\ttype=\"button\"\n\t\t\taria-haspopup=\"dialog\"\n\t\t\tdata-wp-bind--aria-label=\"state.thisImage.triggerButtonAriaLabel\"\n\t\t\tdata-wp-init=\"callbacks.initTriggerButton\"\n\t\t\tdata-wp-on--click=\"actions.showLightbox\"\n\t\t\tdata-wp-style--right=\"state.thisImage.buttonRight\"\n\t\t\tdata-wp-style--top=\"state.thisImage.buttonTop\"\n\t\t>\n\t\t\t<svg xmlns=\"http:\/\/www.w3.org\/2000\/svg\" width=\"12\" height=\"12\" fill=\"none\" viewBox=\"0 0 12 12\">\n\t\t\t\t<path fill=\"#fff\" d=\"M2 0a2 2 0 0 0-2 2v2h1.5V2a.5.5 0 0 1 .5-.5h2V0H2Zm2 10.5H2a.5.5 0 0 1-.5-.5V8H0v2a2 2 0 0 0 2 2h2v-1.5ZM8 12v-1.5h2a.5.5 0 0 0 .5-.5V8H12v2a2 2 0 0 1-2 2H8Zm2-12a2 2 0 0 1 2 2v2h-1.5V2a.5.5 0 0 0-.5-.5H8V0h2Z\" \/>\n\t\t\t<\/svg>\n\t\t<\/button><figcaption class=\"wp-element-caption\">La Alhambra de Granada<\/figcaption><\/figure>\n\n\n\n<p class=\"wp-block-paragraph\">Justo al lado del centro hist\u00f3rico y del lujoso puerto se encuentra el barrio de Soho, que hasta hace pocos a\u00f1os era una de las zonas bastante descuidadas y poco interesantes de la ciudad, adonde los turistas ni se acercaban. Hoy es justo al rev\u00e9s, y Soho es <strong>uno de los barrios m\u00e1s de moda<\/strong>.<\/p>\n\n\n\n<p class=\"wp-block-paragraph\">Gracias a una estupenda iniciativa de j\u00f3venes artistas locales y al apoyo econ\u00f3mico de la ciudad, todo Soho se ha convertido en una enorme galer\u00eda gratuita de arte urbano al aire libre, a la que se llama familiarmente Barrio de las Artes. Aqu\u00ed te sientes un poco como en Berl\u00edn o en el Shoreditch londinense.<\/p>\n\n\n\n<p class=\"wp-block-paragraph\">Al recorrer las calles del barrio te topar\u00e1s con <strong>enormes murales<\/strong> que cubren fachadas enteras, de artistas de arte urbano reconocidos mundialmente, como los legendarios Obey o D*Face. El aspecto visual de este barrio es absolutamente arrollador y en cada esquina descubres alg\u00fan nuevo detalle colorido y fotog\u00e9nico.<\/p>\n\n\n\n<p class=\"wp-block-paragraph\">Adem\u00e1s de los fant\u00e1sticos grafitis, aqu\u00ed encontrar\u00e1s un mont\u00f3n de estupendas cafeter\u00edas de especialidad, peque\u00f1as galer\u00edas independientes, tiendas de ropa vintage y cervecer\u00edas artesanales. Es un <strong>lugar ideal para ir por la tarde a tomar un caf\u00e9<\/strong> o por la noche a por una copa, si quieres descansar un rato de las grandes multitudes tur\u00edsticas del centro hist\u00f3rico.<\/p>\n\n\n\n<h3 class=\"wp-block-heading\"><span class=\"ez-toc-section\" id=\"11_El_Museo_Carmen_Thyssen\"><\/span>11. El Museo Carmen Thyssen<span class=\"ez-toc-section-end\"><\/span><\/h3>\n\n\n\n<figure data-wp-context=\"{&quot;imageId&quot;:&quot;6a99468ebed97&quot;}\" data-wp-interactive=\"core\/image\" data-wp-key=\"6a99468ebed97\" class=\"wp-block-image size-full wp-lightbox-container\"><img decoding=\"async\" data-wp-class--hide=\"state.isContentHidden\" data-wp-class--show=\"state.isContentVisible\" data-wp-init=\"callbacks.setButtonStyles\" data-wp-on--click=\"actions.showLightbox\" data-wp-on--load=\"callbacks.setButtonStyles\" data-wp-on--pointerdown=\"actions.preloadImage\" data-wp-on--pointerenter=\"actions.preloadImageWithDelay\" data-wp-on--pointerleave=\"actions.cancelPreload\" data-wp-on-window--resize=\"callbacks.setButtonStyles\" src=\"https:\/\/www.loudavymkrokem.cz\/wp-content\/uploads\/2023\/05\/Cadiz.jpg\" alt=\"C\u00e1diz\" class=\"wp-image-59001\" title=\"\"><button\n\t\t\tclass=\"lightbox-trigger\"\n\t\t\ttype=\"button\"\n\t\t\taria-haspopup=\"dialog\"\n\t\t\tdata-wp-bind--aria-label=\"state.thisImage.triggerButtonAriaLabel\"\n\t\t\tdata-wp-init=\"callbacks.initTriggerButton\"\n\t\t\tdata-wp-on--click=\"actions.showLightbox\"\n\t\t\tdata-wp-style--right=\"state.thisImage.buttonRight\"\n\t\t\tdata-wp-style--top=\"state.thisImage.buttonTop\"\n\t\t>\n\t\t\t<svg xmlns=\"http:\/\/www.w3.org\/2000\/svg\" width=\"12\" height=\"12\" fill=\"none\" viewBox=\"0 0 12 12\">\n\t\t\t\t<path fill=\"#fff\" d=\"M2 0a2 2 0 0 0-2 2v2h1.5V2a.5.5 0 0 1 .5-.5h2V0H2Zm2 10.5H2a.5.5 0 0 1-.5-.5V8H0v2a2 2 0 0 0 2 2h2v-1.5ZM8 12v-1.5h2a.5.5 0 0 0 .5-.5V8H12v2a2 2 0 0 1-2 2H8Zm2-12a2 2 0 0 1 2 2v2h-1.5V2a.5.5 0 0 0-.5-.5H8V0h2Z\" \/>\n\t\t\t<\/svg>\n\t\t<\/button><\/figure>\n\n\n\n<p class=\"wp-block-paragraph\">Si te interesa m\u00e1s el arte espa\u00f1ol cl\u00e1sico y el andaluz tradicional, incluye sin falta en tu programa el Museo Carmen Thyssen. Este prestigioso museo se encuentra en el precioso <strong>Palacio de Villal\u00f3n<\/strong>, un palacio renacentista del siglo XVI rehabilitado en pleno coraz\u00f3n del centro hist\u00f3rico, y esconde una colecci\u00f3n de cuadros verdaderamente exquisita.<\/p>\n\n\n\n<p class=\"wp-block-paragraph\">Toda esta colecci\u00f3n privada se centra sobre todo en el siglo XIX y presenta de forma completa lo <strong>mejor de la pintura andaluza<\/strong>. Es una experiencia muy distinta del Picasso moderno o del abstracto Pompidou; aqu\u00ed respira la vieja Andaluc\u00eda rom\u00e1ntica en cada marco.<\/p>\n\n\n\n<p class=\"wp-block-paragraph\">Ver\u00e1s lienzos incre\u00edblemente detallados que representan fiestas tradicionales de pueblo, dram\u00e1ticas corridas de toros, <strong>apasionadas bailaoras de flamenco<\/strong> con vestidos de colores y rom\u00e1nticos paisajes rurales. Es como asomarte por una ventana imaginaria a la profunda historia de la regi\u00f3n y ver c\u00f3mo se viv\u00eda aqu\u00ed de verdad hace ciento cincuenta a\u00f1os.<\/p>\n\n\n\n<p class=\"wp-block-paragraph\">A diferencia del Museo Picasso, aqu\u00ed suele haber bastante m\u00e1s tranquilidad, as\u00ed que puedes contemplar todas las obras expuestas en absoluto silencio y calma. El patio del propio palacio es, adem\u00e1s, una preciosa muestra de la arquitectura andaluza tradicional, con columnas ricamente decoradas y un ambiente agradable y sereno.<\/p>\n\n\n\n<h3 class=\"wp-block-heading\"><span class=\"ez-toc-section\" id=\"12_Los_Jardines_de_Picasso_y_el_Parque_de_Malaga\"><\/span>12. Los Jardines de Picasso y el Parque de M\u00e1laga<span class=\"ez-toc-section-end\"><\/span><\/h3>\n\n\n\n<figure data-wp-context=\"{&quot;imageId&quot;:&quot;6a99468ebf351&quot;}\" data-wp-interactive=\"core\/image\" data-wp-key=\"6a99468ebf351\" class=\"wp-block-image size-full wp-lightbox-container\"><img decoding=\"async\" data-wp-class--hide=\"state.isContentHidden\" data-wp-class--show=\"state.isContentVisible\" data-wp-init=\"callbacks.setButtonStyles\" data-wp-on--click=\"actions.showLightbox\" data-wp-on--load=\"callbacks.setButtonStyles\" data-wp-on--pointerdown=\"actions.preloadImage\" data-wp-on--pointerenter=\"actions.preloadImageWithDelay\" data-wp-on--pointerleave=\"actions.cancelPreload\" data-wp-on-window--resize=\"callbacks.setButtonStyles\" src=\"https:\/\/www.loudavymkrokem.cz\/wp-content\/uploads\/2023\/05\/marbella-2.jpg\" alt=\"Playa de Marbella\" class=\"wp-image-59013\" title=\"\"><button\n\t\t\tclass=\"lightbox-trigger\"\n\t\t\ttype=\"button\"\n\t\t\taria-haspopup=\"dialog\"\n\t\t\tdata-wp-bind--aria-label=\"state.thisImage.triggerButtonAriaLabel\"\n\t\t\tdata-wp-init=\"callbacks.initTriggerButton\"\n\t\t\tdata-wp-on--click=\"actions.showLightbox\"\n\t\t\tdata-wp-style--right=\"state.thisImage.buttonRight\"\n\t\t\tdata-wp-style--top=\"state.thisImage.buttonTop\"\n\t\t>\n\t\t\t<svg xmlns=\"http:\/\/www.w3.org\/2000\/svg\" width=\"12\" height=\"12\" fill=\"none\" viewBox=\"0 0 12 12\">\n\t\t\t\t<path fill=\"#fff\" d=\"M2 0a2 2 0 0 0-2 2v2h1.5V2a.5.5 0 0 1 .5-.5h2V0H2Zm2 10.5H2a.5.5 0 0 1-.5-.5V8H0v2a2 2 0 0 0 2 2h2v-1.5ZM8 12v-1.5h2a.5.5 0 0 0 .5-.5V8H12v2a2 2 0 0 1-2 2H8Zm2-12a2 2 0 0 1 2 2v2h-1.5V2a.5.5 0 0 0-.5-.5H8V0h2Z\" \/>\n\t\t\t<\/svg>\n\t\t<\/button><figcaption class=\"wp-element-caption\">Playa en Marbella<\/figcaption><\/figure>\n\n\n\n<p class=\"wp-block-paragraph\">A primera vista, M\u00e1laga puede parecer una ciudad bastante de hormig\u00f3n y densamente edificada, pero cuando sabes ad\u00f3nde ir, tambi\u00e9n encontrar\u00e1s preciosos oasis verdes. Uno de ellos son los Jardines de Picasso, unos jardines peque\u00f1os y tranquilos dedicados al famoso pintor, donde puedes <strong>descansar bajo las copas de enormes ficus centenarios<\/strong>.<\/p>\n\n\n\n<p class=\"wp-block-paragraph\">El verdadero coraz\u00f3n verde de la ciudad es, sin embargo, el enorme Parque de M\u00e1laga, que se extiende en una larga franja justo a lo largo del puerto principal. Este parque amplio y cuidado al detalle recuerda m\u00e1s a un <strong>jard\u00edn bot\u00e1nico ex\u00f3tico<\/strong> que a un parque urbano corriente, y es un aut\u00e9ntico regalo para la vista.<\/p>\n\n\n\n<p class=\"wp-block-paragraph\">Paseas aqu\u00ed bajo altas palmeras datileras, enormes plataneras y cientos de especies de plantas tropicales que en el pasado trajeron marineros de todo el mundo. Las ramas de los imponentes \u00e1rboles se entrelazan de forma tan densa que <strong>forman una sombra fresca perfecta<\/strong>, algo que en los meses de verano apreciar\u00e1s m\u00e1s que nada.<\/p>\n\n\n\n<p class=\"wp-block-paragraph\">El parque est\u00e1 lleno de preciosas estatuas de m\u00e1rmol, peque\u00f1as fuentes que murmuran y rom\u00e1nticos bancos recubiertos de tradicionales azulejos de colores. Es un lugar perfecto para un paseo por la tarde; de vez en cuando se celebran aqu\u00ed peque\u00f1os mercadillos y te cruzar\u00e1s con muchos loros verdes que revolotean libres y bastante ruidosos por las copas de los \u00e1rboles.<\/p>\n\n\n\n<h3 class=\"wp-block-heading\"><span class=\"ez-toc-section\" id=\"13_La_playa_urbana_de_La_Malagueta\"><\/span>13. La playa urbana de La Malagueta<span class=\"ez-toc-section-end\"><\/span><\/h3>\n\n\n\n<figure data-wp-context=\"{&quot;imageId&quot;:&quot;6a99468ebf8b7&quot;}\" data-wp-interactive=\"core\/image\" data-wp-key=\"6a99468ebf8b7\" class=\"wp-block-image size-full wp-lightbox-container\"><img decoding=\"async\" data-wp-class--hide=\"state.isContentHidden\" data-wp-class--show=\"state.isContentVisible\" data-wp-init=\"callbacks.setButtonStyles\" data-wp-on--click=\"actions.showLightbox\" data-wp-on--load=\"callbacks.setButtonStyles\" data-wp-on--pointerdown=\"actions.preloadImage\" data-wp-on--pointerenter=\"actions.preloadImageWithDelay\" data-wp-on--pointerleave=\"actions.cancelPreload\" data-wp-on-window--resize=\"callbacks.setButtonStyles\" src=\"https:\/\/www.loudavymkrokem.cz\/wp-content\/uploads\/2023\/05\/Gibraltar-velka-britanie.jpg\" alt=\"Macacos en Gibraltar\" class=\"wp-image-59012\" title=\"\"><button\n\t\t\tclass=\"lightbox-trigger\"\n\t\t\ttype=\"button\"\n\t\t\taria-haspopup=\"dialog\"\n\t\t\tdata-wp-bind--aria-label=\"state.thisImage.triggerButtonAriaLabel\"\n\t\t\tdata-wp-init=\"callbacks.initTriggerButton\"\n\t\t\tdata-wp-on--click=\"actions.showLightbox\"\n\t\t\tdata-wp-style--right=\"state.thisImage.buttonRight\"\n\t\t\tdata-wp-style--top=\"state.thisImage.buttonTop\"\n\t\t>\n\t\t\t<svg xmlns=\"http:\/\/www.w3.org\/2000\/svg\" width=\"12\" height=\"12\" fill=\"none\" viewBox=\"0 0 12 12\">\n\t\t\t\t<path fill=\"#fff\" d=\"M2 0a2 2 0 0 0-2 2v2h1.5V2a.5.5 0 0 1 .5-.5h2V0H2Zm2 10.5H2a.5.5 0 0 1-.5-.5V8H0v2a2 2 0 0 0 2 2h2v-1.5ZM8 12v-1.5h2a.5.5 0 0 0 .5-.5V8H12v2a2 2 0 0 1-2 2H8Zm2-12a2 2 0 0 1 2 2v2h-1.5V2a.5.5 0 0 0-.5-.5H8V0h2Z\" \/>\n\t\t\t<\/svg>\n\t\t<\/button><figcaption class=\"wp-element-caption\">Macacos en Gibraltar<\/figcaption><\/figure>\n\n\n\n<p class=\"wp-block-paragraph\">Aunque el mejor y m\u00e1s limpio ba\u00f1o lo encontrar\u00e1s algo m\u00e1s all\u00e1 de la ciudad, en la propia M\u00e1laga est\u00e1 la ic\u00f3nica playa urbana de La Malagueta, que sencillamente no puedes perderte durante tu visita. Esta playa de <strong>m\u00e1s de un kil\u00f3metro de largo<\/strong>, de arena fina y algo m\u00e1s oscura, empieza justo detr\u00e1s del puerto de Muelle Uno y es tremendamente popular.<\/p>\n\n\n\n<p class=\"wp-block-paragraph\">Aqu\u00ed encontrar\u00e1s absolutamente todo lo que necesitas para un c\u00f3modo d\u00eda de playa, desde duchas limpias hasta alquiler asequible de tumbonas y sombrillas, pasando por bonitos parques infantiles. El ambiente es muy animado de la ma\u00f1ana a la noche: los deportistas corren junto al agua, se juega al v\u00f3ley playa y los ni\u00f1os construyen enormes castillos de arena.<\/p>\n\n\n\n<p class=\"wp-block-paragraph\">Como es l\u00f3gico, y como gran reclamo para los turistas, est\u00e1 el <strong>enorme e ic\u00f3nico letrero de Malagueta<\/strong> tallado en arena y hormig\u00f3n, junto al que se hace una foto casi todo visitante de la ciudad; de lo contrario parece que ni ha estado aqu\u00ed.<\/p>\n\n\n\n<p class=\"wp-block-paragraph\">A lo largo de toda la playa se extiende un amplio paseo empedrado flanqueado por un mont\u00f3n de peque\u00f1os chiringuitos y restaurantes tradicionales. En ellos puedes refugiarte f\u00e1cilmente del sol de mediod\u00eda, tomarte una bebida bien fr\u00eda, escuchar el murmullo de las olas y observar el mar tan a gusto.<\/p>\n\n\n\n<h3 class=\"wp-block-heading\"><span class=\"ez-toc-section\" id=\"14_Las_vistas_desde_el_AC_Malaga_Rooftop_Bar\"><\/span>14. Las vistas desde el AC Malaga Rooftop Bar<span class=\"ez-toc-section-end\"><\/span><\/h3>\n\n\n\n<p class=\"wp-block-paragraph\">Ver una ciudad ajena a vista de p\u00e1jaro es siempre una experiencia estupenda, y en M\u00e1laga tienes para ello una ocasi\u00f3n perfecta y muy con estilo. Si ans\u00edas unas vistas de lujo del centro de la ciudad, la catedral iluminada y el vibrante puerto de fondo, sube a lo alto del hotel <strong>AC Malaga Palacio<\/strong>.<\/p>\n\n\n\n<p class=\"wp-block-paragraph\">Este elegante y alto hotel lo encontrar\u00e1s a un paso del puerto principal, en la Calle Cortina del Muelle. En su terraza, en la planta quince, hay un incre\u00edble bar abierto con restaurante y una peque\u00f1a piscina, que parece salido de una revista de estilo de vida.<\/p>\n\n\n\n<p class=\"wp-block-paragraph\">No hace falta que est\u00e9s alojado all\u00ed; basta con entrar con desparpajo al lobby, pagar la peque\u00f1a entrada (que luego a menudo te descuentan del precio de tu bebida) y dejar que el ascensor r\u00e1pido te suba hasta arriba del todo. Las <strong>vistas panor\u00e1micas en todas las direcciones<\/strong> sobre la ciudad entera te dejar\u00e1n literalmente sin aliento al salir del ascensor.<\/p>\n\n\n\n<p class=\"wp-block-paragraph\">El mejor momento para esta visita es <strong>justo antes del atardecer<\/strong>, cuando el cielo se ti\u00f1e de naranja y la ciudad a tus pies empieza a encenderse poco a poco. A Luk\u00e1\u0161 y a m\u00ed nos encanta tomarnos aqu\u00ed un c\u00f3ctel sin alcohol y disfrutar tranquilos de esa paz incre\u00edble, muy por encima del ruido nocturno de la calle.<\/p>\n\n\n\n<h3 class=\"wp-block-heading\"><span class=\"ez-toc-section\" id=\"15_Relax_en_los_banos_arabes_Hammam_Al_Andalus\"><\/span>15. Relax en los ba\u00f1os \u00e1rabes Hammam Al \u00c1ndalus<span class=\"ez-toc-section-end\"><\/span><\/h3>\n\n\n\n<p class=\"wp-block-paragraph\">Andaluc\u00eda est\u00e1 hist\u00f3ricamente muy influida por su largo pasado moro, y una de las formas m\u00e1s bonitas de vivir en tu propia piel esa historia oriental es <strong>visitar unos ba\u00f1os \u00e1rabes tradicionales<\/strong>. El Hammam Al \u00c1ndalus de M\u00e1laga es una joya arquitect\u00f3nica llena de arcos de herradura y preciosos azulejos.<\/p>\n\n\n\n<p class=\"wp-block-paragraph\">Dentro te espera una experiencia sensorial asombrosa, llena de la luz tenue de las velas y del fuerte aroma de aceites esenciales orientales que te calman al instante. Dispones de <strong>varias piscinas con distintas temperaturas de agua<\/strong>, desde la caliente y la agradablemente templada hasta la refrescante y helada, un ba\u00f1o de vapor y una sala de relajaci\u00f3n donde te sirven un dulce t\u00e9 de menta.<\/p>\n\n\n\n<p class=\"wp-block-paragraph\">Puedes a\u00f1adir tambi\u00e9n un masaje tradicional con aceites esenciales, lo que despu\u00e9s de varios d\u00edas llenos de kil\u00f3metros caminados sobre el empedrado duro es una aut\u00e9ntica salvaci\u00f3n para tus pies y tu espalda.<\/p>\n\n\n\n<p class=\"wp-block-paragraph\">Es tambi\u00e9n una actividad ideal para los d\u00edas en que, por casualidad, llueva excepcionalmente, o al contrario, para las horas del mayor calor de mediod\u00eda en verano, cuando sencillamente necesitas huir a alg\u00fan sitio fresco. Los ba\u00f1os requieren <strong>indispensablemente una reserva previa online<\/strong>, porque el aforo est\u00e1 muy restringido para preservar el ambiente \u00edntimo y tranquilo.<\/p>\n\n\n\n<h3 class=\"wp-block-heading\"><span class=\"ez-toc-section\" id=\"16_Tapas_nocturnas_y_churros_locales\"><\/span>16. Tapas nocturnas y churros locales<span class=\"ez-toc-section-end\"><\/span><\/h3>\n\n\n\n<p class=\"wp-block-paragraph\">La cultura de la comida es en toda Espa\u00f1a absolutamente sagrada, y M\u00e1laga no es ninguna excepci\u00f3n. Luk\u00e1\u0161 y yo disfrutamos de la gastronom\u00eda local a todo trapo, pero tuvimos que acostumbrarnos a esa regla b\u00e1sica de que aqu\u00ed <strong>se come de verdad muy tarde<\/strong>.<\/p>\n\n\n\n<p class=\"wp-block-paragraph\">No intentes buscar una buena cena aut\u00e9ntica a las seis de la tarde, porque los restaurantes de verdad abren como muy pronto a las ocho y realmente empiezan a llenarse de locales <strong>a partir de las nueve<\/strong>. La cena se resuelve aqu\u00ed las m\u00e1s de las veces en forma de tapas, peque\u00f1as porciones de comida variada que se comparten a lo grande en el centro de la mesa con los amigos.<\/p>\n\n\n\n<p class=\"wp-block-paragraph\">Nosotros, como vegetarianos, siempre pedimos encantados patatas bravas (patatas fritas con salsa picante), queso manchego curado, la cl\u00e1sica tortilla de patatas o unas <strong>berenjenas fritas con miel de ca\u00f1a<\/strong> absolutamente deliciosas. Aqu\u00ed lo normal es ir de bar en bar; en cada uno pides algo peque\u00f1o de beber y un bocado de comida y sigues avanzando hasta bien entrada la noche.<\/p>\n\n\n\n<p class=\"wp-block-paragraph\">Y \u00bfqu\u00e9 ser\u00eda una visita a Espa\u00f1a sin una buena degustaci\u00f3n de churros? Estos largos bu\u00f1uelos fritos se mojan tradicionalmente en una taza de chocolate incre\u00edblemente espeso y caliente, en el que la cucharilla casi se sostiene de pie. En M\u00e1laga el <strong>lugar m\u00e1s famoso es Casa Aranda<\/strong>, donde hay ambiente ya desde por la ma\u00f1ana, porque los locales suelen tomar churros tranquilamente incluso para el desayuno dulce.<\/p>\n\n\n\n<h3 class=\"wp-block-heading\"><span class=\"ez-toc-section\" id=\"17_Playas_y_localidades_de_la_Costa_del_Sol\"><\/span>17. Playas y localidades de la Costa del Sol<span class=\"ez-toc-section-end\"><\/span><\/h3>\n\n\n\n<p class=\"wp-block-paragraph\">Mientras que la playa urbana de la propia M\u00e1laga est\u00e1 bien para un refresco r\u00e1pido por la tarde tras los monumentos, el verdadero para\u00edso de playa amplio empieza hacia el oeste de la ciudad, en la ic\u00f3nica franja llamada Costa del Sol. Las distintas localidades pasan aqu\u00ed sin soluci\u00f3n de continuidad de una a otra y forman en esencia una enorme <strong>aglomeraci\u00f3n de setenta kil\u00f3metros de largo<\/strong> consagrada al veraneo.<\/p>\n\n\n\n<p class=\"wp-block-paragraph\">Para moverte r\u00e1pido y c\u00f3modo entre ellas puedes usar el estupendo tren de cercan\u00edas Cercan\u00edas, que pasa muy a menudo, es barato y va bien climatizado. Lo m\u00e1s cerca de M\u00e1laga est\u00e1 Torremolinos, una localidad muy animada con kil\u00f3metros de playas de arena cuidadas y entrada al mar poco profunda, algo que aprecian sobre todo las familias con ni\u00f1os peque\u00f1os.<\/p>\n\n\n\n<p class=\"wp-block-paragraph\">Justo al lado encontrar\u00e1s Benalm\u00e1dena, que ofrece una costa algo m\u00e1s recortada y el enorme <strong>puerto deportivo Puerto Marina<\/strong>, cuya arquitectura tan caracter\u00edstica recuerda a una mezcla de palacio \u00e1rabe y centro comercial moderno. Es un lugar muy popular para paseos y compras al atardecer.<\/p>\n\n\n\n<p class=\"wp-block-paragraph\">Si sigues a\u00fan m\u00e1s lejos, te topar\u00e1s con Fuengirola, de largas playas y castillo medieval de Sohail. Elijas la localidad que elijas de esta costa, puedes contar con una infraestructura tur\u00edstica perfecta, cientos de chiringuitos, alquiler de tumbonas y <strong>sol garantizado la mayor parte del a\u00f1o<\/strong>.<\/p>\n\n\n\n<h3 class=\"wp-block-heading\"><span class=\"ez-toc-section\" id=\"18_Un_bocado_de_cultura_costera_el_espeto_de_sardinas\"><\/span>18. Un bocado de cultura costera: el espeto de sardinas<span class=\"ez-toc-section-end\"><\/span><\/h3>\n\n\n\n<p class=\"wp-block-paragraph\">Durante los largos paseos por las playas, sobre todo en el que fue barrio pesquero de Pedregalejo o en las localidades de los alrededores, oler\u00e1s seguro en el aire un fuerte aroma a humo y brasas. Los locales adoran una delicia tradicional llamada espeto de sardinas, todo un <strong>s\u00edmbolo de la gastronom\u00eda costera de toda la regi\u00f3n<\/strong>.<\/p>\n\n\n\n<p class=\"wp-block-paragraph\">Se trata de sardinas frescas (normalmente cinco o seis piezas) que los h\u00e1biles pescadores ensartan en una larga ca\u00f1a y asan inclinadas directamente en la playa sobre las brasas ardientes. Para preparar el fuego se aprovechan a menudo en las playas viejas barcas de madera llenas de arena, lo que resulta incre\u00edblemente fotog\u00e9nico.<\/p>\n\n\n\n<p class=\"wp-block-paragraph\">Otra especialidad de pescado que ver\u00e1s a cada paso es el pesca\u00edto frito, es decir, una mezcla de peque\u00f1os pescados y calamares fritos r\u00e1pidamente en aceite de oliva. Luk\u00e1\u0161 y yo no comemos marisco ni carne, pero aun as\u00ed tenemos que reconocer que observar a los pescadores locales trabajar y ver c\u00f3mo <strong>esta tradici\u00f3n une a familias enteras<\/strong> es un bonito acontecimiento cultural que forma parte inseparable de la Costa del Sol.<\/p>\n\n\n\n<p class=\"wp-block-paragraph\">Es sencillo, r\u00e1pido y para los locales es sin m\u00e1s un ritual sin el que no conciben un fin de semana en la playa. Si viajas con alguien que come pescado, ll\u00e9valo sin falta a alg\u00fan chiringuito de playa; dicen que sabe exactamente tan maravilloso como huele.<\/p>\n\n\n\n<h2 class=\"wp-block-heading\"><span class=\"ez-toc-section\" id=\"Adonde_ir_desde_Malaga\"><\/span><span class=\"ez-toc-section\" id=\"A_donde_ir_desde_Malaga\"><\/span>Ad\u00f3nde ir desde M\u00e1laga<span class=\"ez-toc-section-end\"><\/span><\/h2>\n\n\n\n<p class=\"wp-block-paragraph\">Gracias a su ubicaci\u00f3n estrat\u00e9gica y a su estupendo aeropuerto, M\u00e1laga es un punto de partida absolutamente perfecto para descubrir el resto de la fascinante Andaluc\u00eda. Si dispones de coche, te recomiendo salir hacia el este, al pueblo de Nerja, donde encontrar\u00e1s un <strong>impresionante sistema de cuevas<\/strong> con enormes estalactitas (compra las entradas online, si no, no entras) y la preciosa terraza mirador del Balc\u00f3n de Europa, que se alza justo sobre los acantilados y el mar.<\/p>\n\n\n\n<p class=\"wp-block-paragraph\">Hacia el lado contrario, en direcci\u00f3n oeste, est\u00e1 la lujosa Marbella y su famoso puerto de Puerto Ban\u00fas. Aqu\u00ed la gente va a ver los superyates m\u00e1s lujosos del mundo, a comprar en las boutiques de Dior y Gucci y a mirar c\u00f3mo se deslizan lentamente por las calles los \u00faltimos modelos de Ferrari. Toda esta costa oeste es conocida tambi\u00e9n como \u00abCosta del Golf\u00bb, porque aqu\u00ed encontrar\u00e1s <strong>m\u00e1s de setenta campos de golf de primera<\/strong>.<\/p>\n\n\n\n<p class=\"wp-block-paragraph\">Una excursi\u00f3n muy popular, pero peculiar, es el brit\u00e1nico Gibraltar, con su enorme pe\u00f1\u00f3n de piedra caliza y sus descarados macacos en libertad. \u26a0\ufe0f Aqu\u00ed, eso s\u00ed, tengo que a\u00f1adir una advertencia enorme: Gibraltar <strong>no forma parte del espacio Schengen<\/strong> y tras el Brexit las normas se han endurecido mucho, as\u00ed que sin un pasaporte en vigor no te dejan cruzar la frontera y las colas de coches en verano duran incluso horas (es mejor aparcar en la espa\u00f1ola La L\u00ednea y cruzar a pie). Si te gusta la historia y no te importa un trayecto m\u00e1s largo hacia el oc\u00e9ano, ponte rumbo a C\u00e1diz, la ciudad de poblamiento continuado m\u00e1s antigua de Europa, con un carnaval de febrero absolutamente fant\u00e1stico.<\/p>\n\n\n\n<p class=\"wp-block-paragraph\">Para los amantes de la adrenalina y la naturaleza es una necesidad absoluta reservar la excursi\u00f3n al c\u00e9lebre sendero del <a href=\"https:\/\/loudavymkrokem.cz\/es\/caminito-del-rey-andalucia-guia\/\">Caminito del Rey<\/a>, que discurre por pasarelas de madera colgadas muy alto en paredes verticales sobre un desfiladero profundo. Si ans\u00edas m\u00e1s joyas andaluzas, solo unas horas de tren o coche te separan de la apasionada <a href=\"https:\/\/loudavymkrokem.cz\/es\/que-ver-en-sevilla-guia\/\">Sevilla<\/a>, de la hist\u00f3rica <a href=\"https:\/\/loudavymkrokem.cz\/es\/cordoba-espana-que-ver\/\">C\u00f3rdoba<\/a> con su asombrosa mezquita, de la m\u00e1gica <a href=\"https:\/\/loudavymkrokem.cz\/es\/que-ver-granada-espana\/\">Granada<\/a> o de la rom\u00e1ntica <a href=\"https:\/\/loudavymkrokem.cz\/es\/ronda-espana-que-ver\/\">Ronda<\/a>, construida al borde mismo de un profundo abismo. Si quieres ver lo mejor de toda la regi\u00f3n, insp\u00edrate en nuestro art\u00edculo <a href=\"https:\/\/loudavymkrokem.cz\/es\/andalucia-espana-lugares-bonitos\/\">los 20 lugares m\u00e1s bonitos de Andaluc\u00eda + itinerario<\/a>.<\/p>\n\n\n\n<!-- LKM_GYG_CARD start q=\"malaga\" lang=\"es\" --><!-- LKM_GYG_CARD end -->\n\n\n\n<h2 class=\"wp-block-heading\"><span class=\"ez-toc-section\" id=\"Preguntas_frecuentes\"><\/span><span class=\"ez-toc-section\" id=\"Preguntas_frecuentes\"><\/span>Preguntas frecuentes<span class=\"ez-toc-section-end\"><\/span><\/h2>\n\n\n<div id=\"rank-math-faq\" class=\"rank-math-block\">\n<div class=\"rank-math-list \">\n<div id=\"faq-question-1780164047000\" class=\"rank-math-list-item\">\n<h3 class=\"rank-math-question \"><span class=\"ez-toc-section\" id=\"%C2%BFCuando_es_la_mejor_epoca_para_visitar_Malaga\"><\/span>\u00bfCu\u00e1ndo es la mejor \u00e9poca para visitar M\u00e1laga?<span class=\"ez-toc-section-end\"><\/span><\/h3>\n<div class=\"rank-math-answer \">\n\n<p>Por nuestra experiencia, <strong>la mejor \u00e9poca es en primavera (mayo, junio) o en oto\u00f1o (septiembre, octubre)<\/strong>, cuando las temperaturas son muy agradables alrededor de los veinticinco grados y el mar est\u00e1 perfecto para ba\u00f1arse. En verano suele hacer un calor extremo muy por encima de los treinta grados.<\/p>\n\n<\/div>\n<\/div>\n<div id=\"faq-question-1780164047001\" class=\"rank-math-list-item\">\n<h3 class=\"rank-math-question \"><span class=\"ez-toc-section\" id=\"%C2%BFComo_llegar_mas_rapido_del_aeropuerto_al_centro\"><\/span>\u00bfC\u00f3mo llegar m\u00e1s r\u00e1pido del aeropuerto al centro?<span class=\"ez-toc-section-end\"><\/span><\/h3>\n<div class=\"rank-math-answer \">\n\n<p>Utiliza el <strong>tren de cercan\u00edas Cercan\u00edas (l\u00ednea C1)<\/strong>, cuya estaci\u00f3n se encuentra justo enfrente de la terminal de llegadas. El tren pasa aproximadamente cada veinte minutos, el billete cuesta unos pocos euros y llegas al centro en la estaci\u00f3n M\u00e1laga Centro-Alameda en tan solo doce minutos.<\/p>\n\n<\/div>\n<\/div>\n<div id=\"faq-question-1780164047002\" class=\"rank-math-list-item\">\n<h3 class=\"rank-math-question \"><span class=\"ez-toc-section\" id=\"%C2%BFEs_segura_Malaga\"><\/span>\u00bfEs segura M\u00e1laga?<span class=\"ez-toc-section-end\"><\/span><\/h3>\n<div class=\"rank-math-answer \">\n\n<p>M\u00e1laga es en general una ciudad tur\u00edstica muy segura y pasear por el centro por la noche no supone ning\u00fan problema. Como en toda Espa\u00f1a, eso s\u00ed, <strong>ten mucho cuidado con los carteristas<\/strong>, especialmente entre las multitudes en los mercados, en la playa y alrededor de los principales monumentos.<\/p>\n\n<\/div>\n<\/div>\n<div id=\"faq-question-1780164047003\" class=\"rank-math-list-item\">\n<h3 class=\"rank-math-question \"><span class=\"ez-toc-section\" id=\"%C2%BFNecesito_alquilar_un_coche_en_Malaga\"><\/span>\u00bfNecesito alquilar un coche en M\u00e1laga?<span class=\"ez-toc-section-end\"><\/span><\/h3>\n<div class=\"rank-math-answer \">\n\n<p>Si piensas quedarte solo en M\u00e1laga y en los resorts de la Costa del Sol, <strong>no necesitas coche en absoluto<\/strong>, porque los trenes y autobuses funcionan de maravilla. El coche solo te merece la pena si quieres hacer excursiones al interior o por pueblos m\u00e1s remotos.<\/p>\n\n<\/div>\n<\/div>\n<div id=\"faq-question-1780164047004\" class=\"rank-math-list-item\">\n<h3 class=\"rank-math-question \"><span class=\"ez-toc-section\" id=\"%C2%BFSe_puede_beber_agua_del_grifo_en_Malaga\"><\/span>\u00bfSe puede beber agua del grifo en M\u00e1laga?<span class=\"ez-toc-section-end\"><\/span><\/h3>\n<div class=\"rank-math-answer \">\n\n<p>S\u00ed, el agua del grifo en toda M\u00e1laga es <strong>sanitariamente segura y potable<\/strong>. Aun as\u00ed, mucha gente compra agua embotellada porque la del grifo puede tener a veces un ligero sabor a cloro o un poco m\u00e1s salado, al que nosotros en Espa\u00f1a no estamos del todo acostumbrados.<\/p>\n\n<\/div>\n<\/div>\n<div id=\"faq-question-1780164047005\" class=\"rank-math-list-item\">\n<h3 class=\"rank-math-question \"><span class=\"ez-toc-section\" id=\"%C2%BFDonde_aparcar_si_vengo_en_coche\"><\/span>\u00bfD\u00f3nde aparcar si vengo en coche?<span class=\"ez-toc-section-end\"><\/span><\/h3>\n<div class=\"rank-math-answer \">\n\n<p>Aparcar en el centro hist\u00f3rico es literalmente una pesadilla. Sin duda recomiendo utilizar los grandes <strong>aparcamientos subterr\u00e1neos de pago<\/strong>, por ejemplo bajo la Plaza de la Marina o junto al puerto Muelle Uno. En la calle encontrar\u00e1s sitio libre solo muy raramente.<\/p>\n\n<\/div>\n<\/div>\n<div id=\"faq-question-1780164047006\" class=\"rank-math-list-item\">\n<h3 class=\"rank-math-question \"><span class=\"ez-toc-section\" id=\"%C2%BFCuando_tienen_siesta_las_tiendas_en_Espana\"><\/span>\u00bfCu\u00e1ndo tienen siesta las tiendas en Espa\u00f1a?<span class=\"ez-toc-section-end\"><\/span><\/h3>\n<div class=\"rank-math-answer \">\n\n<p>Las tiendas y servicios m\u00e1s peque\u00f1os suelen cerrar <strong>entre las dos y las cinco de la tarde<\/strong>, cuando hace m\u00e1s calor. Sin embargo, los grandes supermercados y tiendas de marcas internacionales en las principales calles comerciales (como Calle Larios) normalmente funcionan sin interrupci\u00f3n durante todo el d\u00eda.<\/p>\n\n<\/div>\n<\/div>\n<div id=\"faq-question-1780164047007\" class=\"rank-math-list-item\">\n<h3 class=\"rank-math-question \"><span class=\"ez-toc-section\" id=\"%C2%BFTengo_que_comprar_las_entradas_a_los_monumentos_con_antelacion\"><\/span>\u00bfTengo que comprar las entradas a los monumentos con antelaci\u00f3n?<span class=\"ez-toc-section-end\"><\/span><\/h3>\n<div class=\"rank-math-answer \">\n\n<p>Para los monumentos m\u00e1s importantes como el Museo Picasso, la Alcazaba o para excursiones a las cuevas cercanas de Nerja o al Caminito del Rey, <strong>compra sin duda las entradas online con antelaci\u00f3n<\/strong>. En temporada alta suelen estar completadas y te ahorrar\u00e1s colas de horas.<\/p>\n\n<\/div>\n<\/div>\n<\/div>\n<\/div>","protected":false},"excerpt":{"rendered":"<p>De aburrida estaci\u00f3n de paso, M\u00e1laga se ha convertido en una metr\u00f3poli cultural llena de monumentos, buena comida y playas. Descubre 18 lugares que no te puedes perder.<\/p>\n","protected":false},"author":3,"featured_media":59524,"comment_status":"open","ping_status":"closed","sticky":false,"template":"","format":"standard","meta":{"_acf_changed":false,"footnotes":"","rank_math_title":"M\u00e1laga, Espa\u00f1a: 18 cosas que ver y hacer","rank_math_description":"Descubre M\u00e1laga, en Espa\u00f1a: 18 cosas que ver y hacer, desde la Alcazaba y el Museo Picasso hasta sus mejores playas. Planea tu viaje andaluz. \u00a1Empieza ya!","rank_math_focus_keyword":"m\u00e1laga espa\u00f1a","rank_math_seo_score":""},"categories":[1451,1036,996,980],"tags":[],"class_list":["post-133708","post","type-post","status-publish","format-standard","has-post-thumbnail","category-espana","category-europa","category-viajes"],"acf":[],"featured_image_src":"https:\/\/loudavymkrokem.cz\/wp-content\/uploads\/2023\/05\/Cathedral-Malaga.jpg","author_info":{"display_name":"Lucie Kone\u010dn\u00e1","author_link":"https:\/\/loudavymkrokem.cz\/es\/author\/lucie-konecna\/"},"_links":{"self":[{"href":"https:\/\/loudavymkrokem.cz\/es\/wp-json\/wp\/v2\/posts\/133708","targetHints":{"allow":["GET"]}}],"collection":[{"href":"https:\/\/loudavymkrokem.cz\/es\/wp-json\/wp\/v2\/posts"}],"about":[{"href":"https:\/\/loudavymkrokem.cz\/es\/wp-json\/wp\/v2\/types\/post"}],"author":[{"embeddable":true,"href":"https:\/\/loudavymkrokem.cz\/es\/wp-json\/wp\/v2\/users\/3"}],"replies":[{"embeddable":true,"href":"https:\/\/loudavymkrokem.cz\/es\/wp-json\/wp\/v2\/comments?post=133708"}],"version-history":[{"count":0,"href":"https:\/\/loudavymkrokem.cz\/es\/wp-json\/wp\/v2\/posts\/133708\/revisions"}],"wp:featuredmedia":[{"embeddable":true,"href":"https:\/\/loudavymkrokem.cz\/es\/wp-json\/wp\/v2\/media\/59524"}],"wp:attachment":[{"href":"https:\/\/loudavymkrokem.cz\/es\/wp-json\/wp\/v2\/media?parent=133708"}],"wp:term":[{"taxonomy":"category","embeddable":true,"href":"https:\/\/loudavymkrokem.cz\/es\/wp-json\/wp\/v2\/categories?post=133708"},{"taxonomy":"post_tag","embeddable":true,"href":"https:\/\/loudavymkrokem.cz\/es\/wp-json\/wp\/v2\/tags?post=133708"}],"curies":[{"name":"wp","href":"https:\/\/api.w.org\/{rel}","templated":true}]}}