{"id":133668,"date":"2026-08-03T09:30:00","date_gmt":"2026-08-03T07:30:00","guid":{"rendered":"https:\/\/loudavymkrokem.cz\/que-ver-roma-italia\/"},"modified":"2026-08-26T16:25:39","modified_gmt":"2026-08-26T14:25:39","slug":"que-ver-roma-italia","status":"publish","type":"post","link":"https:\/\/loudavymkrokem.cz\/es\/que-ver-roma-italia\/","title":{"rendered":"Qu\u00e9 ver en Roma, Italia: los 40 mejores lugares que visitar"},"content":{"rendered":"\n<!-- lk-tldr -->\n<div class=\"lk-tldr\" style=\"background:#f7f5f0;border-left:4px solid #c39f76;border-radius:0 10px 10px 0;padding:14px 18px;margin:0 0 26px;font-size:15px;line-height:1.65;\"><strong style=\"display:block;font-size:12px;text-transform:uppercase;letter-spacing:.06em;color:#a9885a;margin-bottom:5px;\">TL;DR<\/strong>Roma, Italia ofrece 27 paradas clave: desde el Coliseo, el Foro Romano y el Pante\u00f3n, pasando por los Museos Vaticanos con la Capilla Sixtina y la bas\u00edlica de San Pedro, hasta la Fontana di Trevi, la Piazza Navona, el Trastevere y el barrio de Testaccio. Reserva idealmente cuatro d\u00edas completos; los mejores meses son mayo, junio, septiembre y octubre, con temperaturas de unos 22 grados. Las entradas al Coliseo (unos 20 \u20ac), a los Museos Vaticanos (unos 25 \u20ac) y a la Galer\u00eda Borghese (unos 18 \u20ac) hay que reservarlas incluso con un mes de antelaci\u00f3n por internet. Desde 2026 tiene coste el acceso a la fuente de la <strong>Fontana di Trevi<\/strong> (2 \u20ac) y la entrada al <strong>Pante\u00f3n<\/strong> (7 \u20ac). El agua la sacas gratis de las miles de fuentecitas repartidas por toda la ciudad.<\/div>\n<!-- \/lk-tldr -->\n\n\n\n<!-- lk-navbar -->\n<div class=\"lk-navbar\" style=\"margin:0 0 28px;\"><div style=\"font-size:12px;text-transform:uppercase;letter-spacing:.06em;color:#a9885a;font-weight:700;margin-bottom:9px;\">Enlaces r\u00e1pidos<\/div><div style=\"display:flex;flex-wrap:wrap;gap:9px;\"><a href=\"#Kde_se_ubytovat_v_Rime\" style=\"background:#c39f76;color:#fff;border:1px solid #c39f76;padding:9px 15px;border-radius:22px;font-size:14px;font-weight:700;text-decoration:none;display:inline-block;line-height:1;\">\ud83d\udccd D\u00f3nde alojarse<\/a><a href=\"#Vsech_40_mist_v_Rime_prehledne\" style=\"background:#c39f76;color:#fff;border:1px solid #c39f76;padding:9px 15px;border-radius:22px;font-size:14px;font-weight:700;text-decoration:none;display:inline-block;line-height:1;\">\u2b50 Qu\u00e9 ver<\/a><a href=\"#Kdy_vyrazit_do_Rima\" style=\"background:#fff;color:#6b5a44;border:1px solid #e2d6c1;padding:9px 15px;border-radius:22px;font-size:14px;font-weight:600;text-decoration:none;display:inline-block;line-height:1;\">\u2600\ufe0f Cu\u00e1ndo ir<\/a><a href=\"#Kam_dal_z_Rima\" style=\"background:#fff;color:#6b5a44;border:1px solid #e2d6c1;padding:9px 15px;border-radius:22px;font-size:14px;font-weight:600;text-decoration:none;display:inline-block;line-height:1;\">\ud83e\udded Alrededores<\/a><a href=\"#Casto_kladene_otazky\" style=\"background:#fff;color:#6b5a44;border:1px solid #e2d6c1;padding:9px 15px;border-radius:22px;font-size:14px;font-weight:600;text-decoration:none;display:inline-block;line-height:1;\">\u2753 FAQ<\/a><\/div><\/div>\n<!-- \/lk-navbar -->\n\n\n\n\n<p class=\"wp-block-paragraph\">Roma, Italia es una de las ciudades m\u00e1s bonitas del mundo, de eso no dudamos ninguno. Siempre que la visito me vuelve a sorprender <strong>la enorme energ\u00eda que tiene esta Ciudad Eterna<\/strong>. Luk\u00e1\u0161 y yo vinimos a celebrar aqu\u00ed su cumplea\u00f1os en junio y tengo que reconocer con sinceridad que el solecito italiano nos hizo sufrir de lo lindo.<\/p>\n\n\n\n<p class=\"wp-block-paragraph\">Las temperaturas ya rozaban entonces <strong>los treinta y cinco grados<\/strong>, las piedras antiguas irradiaban un calor incre\u00edble y nosotros camin\u00e1bamos religiosamente entre veinte y treinta y cinco mil pasos cada d\u00eda. Al final lo conseguimos solo gracias a las fuentecitas de agua fr\u00eda que hay por todas partes y a las enormes porciones de perfecto gelato italiano, que nos tom\u00e1bamos casi dos veces al d\u00eda. \ud83d\ude05<\/p>\n\n\n\n<p class=\"wp-block-paragraph\">Cuando por la noche ya no pod\u00edamos m\u00e1s y los pies nos fallaban despu\u00e9s de esos <strong>malditos adoquines romanos<\/strong>, alquilamos patinetes el\u00e9ctricos y paseamos a lo largo del r\u00edo T\u00edber. Fue una aut\u00e9ntica maravilla y esa suave brisa nocturna literalmente nos salv\u00f3. Esta ciudad de dos mil quinientos a\u00f1os simplemente logra deslumbrarme en cada visita, aunque ya la conozca bastante bien.<\/p>\n\n\n\n<p class=\"wp-block-paragraph\">La Antig\u00fcedad se cruza aqu\u00ed de la forma m\u00e1s natural con el atasco de la ma\u00f1ana, <strong>las fuentes barrocas adornan una de cada dos plazas<\/strong> y tienes la sensaci\u00f3n constante de pasear por un enorme museo vivo. He preparado para ti una gu\u00eda definitiva con veintisiete ideas de qu\u00e9 ver y qu\u00e9 hacer en Roma. Te aconsejar\u00e9 c\u00f3mo enamorarte de ella igual que nosotros y, sobre todo, c\u00f3mo no dejarte arrollar por esas multitudes interminables de turistas.<\/p>\n\n\n\n<figure data-wp-context=\"{&quot;imageId&quot;:&quot;6a992350f380d&quot;}\" data-wp-interactive=\"core\/image\" data-wp-key=\"6a992350f380d\" class=\"wp-block-image size-full wp-lightbox-container\"><img decoding=\"async\" width=\"1200\" height=\"630\" data-wp-class--hide=\"state.isContentHidden\" data-wp-class--show=\"state.isContentVisible\" data-wp-init=\"callbacks.setButtonStyles\" data-wp-on--click=\"actions.showLightbox\" data-wp-on--load=\"callbacks.setButtonStyles\" data-wp-on--pointerdown=\"actions.preloadImage\" data-wp-on--pointerenter=\"actions.preloadImageWithDelay\" data-wp-on--pointerleave=\"actions.cancelPreload\" data-wp-on-window--resize=\"callbacks.setButtonStyles\" src=\"https:\/\/loudavymkrokem.cz\/wp-content\/uploads\/2022\/07\/co-videt-v-rime.jpg\" alt=\"Qu\u00e9 ver en Roma, Italia\" class=\"wp-image-92747\" title=\"\" srcset=\"https:\/\/loudavymkrokem.cz\/wp-content\/uploads\/2022\/07\/co-videt-v-rime.jpg 1200w, https:\/\/loudavymkrokem.cz\/wp-content\/uploads\/2022\/07\/co-videt-v-rime-300x158.jpg 300w, https:\/\/loudavymkrokem.cz\/wp-content\/uploads\/2022\/07\/co-videt-v-rime-700x368.jpg 700w, https:\/\/loudavymkrokem.cz\/wp-content\/uploads\/2022\/07\/co-videt-v-rime-768x403.jpg 768w, https:\/\/loudavymkrokem.cz\/wp-content\/uploads\/2022\/07\/co-videt-v-rime-696x365.jpg 696w\" sizes=\"(max-width: 1200px) 100vw, 1200px\" \/><button\n\t\t\tclass=\"lightbox-trigger\"\n\t\t\ttype=\"button\"\n\t\t\taria-haspopup=\"dialog\"\n\t\t\tdata-wp-bind--aria-label=\"state.thisImage.triggerButtonAriaLabel\"\n\t\t\tdata-wp-init=\"callbacks.initTriggerButton\"\n\t\t\tdata-wp-on--click=\"actions.showLightbox\"\n\t\t\tdata-wp-style--right=\"state.thisImage.buttonRight\"\n\t\t\tdata-wp-style--top=\"state.thisImage.buttonTop\"\n\t\t>\n\t\t\t<svg xmlns=\"http:\/\/www.w3.org\/2000\/svg\" width=\"12\" height=\"12\" fill=\"none\" viewBox=\"0 0 12 12\">\n\t\t\t\t<path fill=\"#fff\" d=\"M2 0a2 2 0 0 0-2 2v2h1.5V2a.5.5 0 0 1 .5-.5h2V0H2Zm2 10.5H2a.5.5 0 0 1-.5-.5V8H0v2a2 2 0 0 0 2 2h2v-1.5ZM8 12v-1.5h2a.5.5 0 0 0 .5-.5V8H12v2a2 2 0 0 1-2 2H8Zm2-12a2 2 0 0 1 2 2v2h-1.5V2a.5.5 0 0 0-.5-.5H8V0h2Z\" \/>\n\t\t\t<\/svg>\n\t\t<\/button><figcaption class=\"wp-element-caption\">Qu\u00e9 ver en Roma, Italia<\/figcaption><\/figure>\n\n\n\n<div id=\"ez-toc-container\" class=\"ez-toc-v2_0_87 ez-toc-wrap-left counter-hierarchy ez-toc-counter ez-toc-grey ez-toc-container-direction\">\n<div class=\"ez-toc-title-container\">\n<p class=\"ez-toc-title\" style=\"cursor:inherit\">Contenido del art\u00edculo<\/p>\n<span class=\"ez-toc-title-toggle\"><a href=\"#\" class=\"ez-toc-pull-right ez-toc-btn ez-toc-btn-xs ez-toc-btn-default ez-toc-toggle\" aria-label=\"Alternar tabla de contenidos\"><span class=\"ez-toc-js-icon-con\"><span class=\"\"><span class=\"eztoc-hide\" style=\"display:none;\">Toggle<\/span><span class=\"ez-toc-icon-toggle-span\"><svg style=\"fill: #999;color:#999\" xmlns=\"http:\/\/www.w3.org\/2000\/svg\" class=\"list-377408\" width=\"20px\" height=\"20px\" viewBox=\"0 0 24 24\" fill=\"none\"><path d=\"M6 6H4v2h2V6zm14 0H8v2h12V6zM4 11h2v2H4v-2zm16 0H8v2h12v-2zM4 16h2v2H4v-2zm16 0H8v2h12v-2z\" fill=\"currentColor\"><\/path><\/svg><svg style=\"fill: #999;color:#999\" class=\"arrow-unsorted-368013\" xmlns=\"http:\/\/www.w3.org\/2000\/svg\" width=\"10px\" height=\"10px\" viewBox=\"0 0 24 24\" version=\"1.2\" baseProfile=\"tiny\"><path d=\"M18.2 9.3l-6.2-6.3-6.2 6.3c-.2.2-.3.4-.3.7s.1.5.3.7c.2.2.4.3.7.3h11c.3 0 .5-.1.7-.3.2-.2.3-.5.3-.7s-.1-.5-.3-.7zM5.8 14.7l6.2 6.3 6.2-6.3c.2-.2.3-.5.3-.7s-.1-.5-.3-.7c-.2-.2-.4-.3-.7-.3h-11c-.3 0-.5.1-.7.3-.2.2-.3.5-.3.7s.1.5.3.7z\"\/><\/svg><\/span><\/span><\/span><\/a><\/span><\/div>\n<nav><ul class='ez-toc-list ez-toc-list-level-1 ' ><ul class='ez-toc-list-level-3' ><li class='ez-toc-heading-level-3'><a class=\"ez-toc-link ez-toc-heading-1\" href=\"https:\/\/loudavymkrokem.cz\/es\/que-ver-roma-italia\/#Resumen\" >Resumen<\/a><\/li><\/ul><\/li><li class='ez-toc-page-1 ez-toc-heading-level-2'><a class=\"ez-toc-link ez-toc-heading-2\" href=\"https:\/\/loudavymkrokem.cz\/es\/que-ver-roma-italia\/#Los_40_lugares_de_Roma_Italia_de_un_vistazo\" >Los 40 lugares de Roma, Italia de un vistazo<\/a><\/li><li class='ez-toc-page-1 ez-toc-heading-level-2'><a class=\"ez-toc-link ez-toc-heading-3\" href=\"https:\/\/loudavymkrokem.cz\/es\/que-ver-roma-italia\/#Cuando_viajar_a_Roma\" >Cu\u00e1ndo viajar a Roma<\/a><\/li><li class='ez-toc-page-1 ez-toc-heading-level-2'><a class=\"ez-toc-link ez-toc-heading-4\" href=\"https:\/\/loudavymkrokem.cz\/es\/que-ver-roma-italia\/#Donde_alojarse_en_Roma\" >D\u00f3nde alojarse en Roma<\/a><\/li><li class='ez-toc-page-1 ez-toc-heading-level-2'><a class=\"ez-toc-link ez-toc-heading-5\" href=\"https:\/\/loudavymkrokem.cz\/es\/que-ver-roma-italia\/#27_lugares_imprescindibles_que_no_te_puedes_perder_en_Roma\" >27 lugares imprescindibles que no te puedes perder en Roma<\/a><ul class='ez-toc-list-level-3' ><li class='ez-toc-heading-level-3'><a class=\"ez-toc-link ez-toc-heading-6\" href=\"https:\/\/loudavymkrokem.cz\/es\/que-ver-roma-italia\/#1_El_Coliseo_y_su_arena\" >1. El Coliseo y su arena<\/a><\/li><li class='ez-toc-page-1 ez-toc-heading-level-3'><a class=\"ez-toc-link ez-toc-heading-7\" href=\"https:\/\/loudavymkrokem.cz\/es\/que-ver-roma-italia\/#2_El_subterraneo_del_Coliseo_Hipogeo\" >2. El subterr\u00e1neo del Coliseo (Hipogeo)<\/a><\/li><li class='ez-toc-page-1 ez-toc-heading-level-3'><a class=\"ez-toc-link ez-toc-heading-8\" href=\"https:\/\/loudavymkrokem.cz\/es\/que-ver-roma-italia\/#3_El_Foro_Romano\" >3. El Foro Romano<\/a><\/li><li class='ez-toc-page-1 ez-toc-heading-level-3'><a class=\"ez-toc-link ez-toc-heading-9\" href=\"https:\/\/loudavymkrokem.cz\/es\/que-ver-roma-italia\/#4_La_colina_del_Palatino_y_los_Jardines_Farnesio\" >4. La colina del Palatino y los Jardines Farnesio<\/a><\/li><li class='ez-toc-page-1 ez-toc-heading-level-3'><a class=\"ez-toc-link ez-toc-heading-10\" href=\"https:\/\/loudavymkrokem.cz\/es\/que-ver-roma-italia\/#5_La_Fontana_di_Trevi_en_su_nuevo_regimen\" >5. La Fontana di Trevi en su nuevo r\u00e9gimen<\/a><\/li><li class='ez-toc-page-1 ez-toc-heading-level-3'><a class=\"ez-toc-link ez-toc-heading-11\" href=\"https:\/\/loudavymkrokem.cz\/es\/que-ver-roma-italia\/#6_El_subterraneo_oculto_Vicus_Caprarius\" >6. El subterr\u00e1neo oculto Vicus Caprarius<\/a><\/li><li class='ez-toc-page-1 ez-toc-heading-level-3'><a class=\"ez-toc-link ez-toc-heading-12\" href=\"https:\/\/loudavymkrokem.cz\/es\/que-ver-roma-italia\/#7_El_Panteon_y_su_cupula_abierta\" >7. El Pante\u00f3n y su c\u00fapula abierta<\/a><\/li><li class='ez-toc-page-1 ez-toc-heading-level-3'><a class=\"ez-toc-link ez-toc-heading-13\" href=\"https:\/\/loudavymkrokem.cz\/es\/que-ver-roma-italia\/#8_Piazza_Navona_y_la_Fuente_de_los_Cuatro_Rios\" >8. Piazza Navona y la Fuente de los Cuatro R\u00edos<\/a><\/li><li class='ez-toc-page-1 ez-toc-heading-level-3'><a class=\"ez-toc-link ez-toc-heading-14\" href=\"https:\/\/loudavymkrokem.cz\/es\/que-ver-roma-italia\/#9_Los_Museos_Vaticanos\" >9. Los Museos Vaticanos<\/a><\/li><li class='ez-toc-page-1 ez-toc-heading-level-3'><a class=\"ez-toc-link ez-toc-heading-15\" href=\"https:\/\/loudavymkrokem.cz\/es\/que-ver-roma-italia\/#10_La_Capilla_Sixtina\" >10. La Capilla Sixtina<\/a><\/li><li class='ez-toc-page-1 ez-toc-heading-level-3'><a class=\"ez-toc-link ez-toc-heading-16\" href=\"https:\/\/loudavymkrokem.cz\/es\/que-ver-roma-italia\/#11_La_basilica_de_San_Pedro\" >11. La bas\u00edlica de San Pedro<\/a><\/li><li class='ez-toc-page-1 ez-toc-heading-level-3'><a class=\"ez-toc-link ez-toc-heading-17\" href=\"https:\/\/loudavymkrokem.cz\/es\/que-ver-roma-italia\/#12_La_subida_a_la_cupula_de_la_basilica\" >12. La subida a la c\u00fapula de la bas\u00edlica<\/a><\/li><li class='ez-toc-page-1 ez-toc-heading-level-3'><a class=\"ez-toc-link ez-toc-heading-18\" href=\"https:\/\/loudavymkrokem.cz\/es\/que-ver-roma-italia\/#13_La_Plaza_de_San_Pedro_y_la_audiencia_papal\" >13. La Plaza de San Pedro y la audiencia papal<\/a><\/li><li class='ez-toc-page-1 ez-toc-heading-level-3'><a class=\"ez-toc-link ez-toc-heading-19\" href=\"https:\/\/loudavymkrokem.cz\/es\/que-ver-roma-italia\/#14_El_Castillo_de_SantAngelo\" >14. El Castillo de Sant&#8217;Angelo<\/a><\/li><li class='ez-toc-page-1 ez-toc-heading-level-3'><a class=\"ez-toc-link ez-toc-heading-20\" href=\"https:\/\/loudavymkrokem.cz\/es\/que-ver-roma-italia\/#15_El_Puente_de_los_Angeles_Ponte_SantAngelo\" >15. El Puente de los \u00c1ngeles (Ponte Sant&#8217;Angelo)<\/a><\/li><li class='ez-toc-page-1 ez-toc-heading-level-3'><a class=\"ez-toc-link ez-toc-heading-21\" href=\"https:\/\/loudavymkrokem.cz\/es\/que-ver-roma-italia\/#16_La_Escalinata_de_la_Plaza_de_Espana\" >16. La Escalinata de la Plaza de Espa\u00f1a<\/a><\/li><li class='ez-toc-page-1 ez-toc-heading-level-3'><a class=\"ez-toc-link ez-toc-heading-22\" href=\"https:\/\/loudavymkrokem.cz\/es\/que-ver-roma-italia\/#17_El_barrio_comercial_en_torno_a_Via_Condotti\" >17. El barrio comercial en torno a Via Condotti<\/a><\/li><li class='ez-toc-page-1 ez-toc-heading-level-3'><a class=\"ez-toc-link ez-toc-heading-23\" href=\"https:\/\/loudavymkrokem.cz\/es\/que-ver-roma-italia\/#18_El_romantico_Trastevere\" >18. El rom\u00e1ntico Trastevere<\/a><\/li><li class='ez-toc-page-1 ez-toc-heading-level-3'><a class=\"ez-toc-link ez-toc-heading-24\" href=\"https:\/\/loudavymkrokem.cz\/es\/que-ver-roma-italia\/#19_El_mercado_de_Campo_de_Fiori\" >19. El mercado de Campo de&#8217; Fiori<\/a><\/li><li class='ez-toc-page-1 ez-toc-heading-level-3'><a class=\"ez-toc-link ez-toc-heading-25\" href=\"https:\/\/loudavymkrokem.cz\/es\/que-ver-roma-italia\/#20_El_gueto_judio_y_las_alcachofas\" >20. El gueto jud\u00edo y las alcachofas<\/a><\/li><li class='ez-toc-page-1 ez-toc-heading-level-3'><a class=\"ez-toc-link ez-toc-heading-26\" href=\"https:\/\/loudavymkrokem.cz\/es\/que-ver-roma-italia\/#21_Piazza_del_Popolo\" >21. Piazza del Popolo<\/a><\/li><li class='ez-toc-page-1 ez-toc-heading-level-3'><a class=\"ez-toc-link ez-toc-heading-27\" href=\"https:\/\/loudavymkrokem.cz\/es\/que-ver-roma-italia\/#22_Los_jardines_del_Pincio\" >22. Los jardines del Pincio<\/a><\/li><li class='ez-toc-page-1 ez-toc-heading-level-3'><a class=\"ez-toc-link ez-toc-heading-28\" href=\"https:\/\/loudavymkrokem.cz\/es\/que-ver-roma-italia\/#23_Villa_Borghese_y_su_parque\" >23. Villa Borghese y su parque<\/a><\/li><li class='ez-toc-page-1 ez-toc-heading-level-3'><a class=\"ez-toc-link ez-toc-heading-29\" href=\"https:\/\/loudavymkrokem.cz\/es\/que-ver-roma-italia\/#24_La_Galeria_Borghese\" >24. La Galer\u00eda Borghese<\/a><\/li><li class='ez-toc-page-1 ez-toc-heading-level-3'><a class=\"ez-toc-link ez-toc-heading-30\" href=\"https:\/\/loudavymkrokem.cz\/es\/que-ver-roma-italia\/#25_La_Galeria_Nacional_GNAM\" >25. La Galer\u00eda Nacional (GNAM)<\/a><\/li><li class='ez-toc-page-1 ez-toc-heading-level-3'><a class=\"ez-toc-link ez-toc-heading-31\" href=\"https:\/\/loudavymkrokem.cz\/es\/que-ver-roma-italia\/#26_La_Boca_de_la_Verdad_Bocca_della_Verita\" >26. La Boca de la Verdad (Bocca della Verit\u00e0)<\/a><\/li><li class='ez-toc-page-1 ez-toc-heading-level-3'><a class=\"ez-toc-link ez-toc-heading-32\" href=\"https:\/\/loudavymkrokem.cz\/es\/que-ver-roma-italia\/#27_El_barrio_de_Testaccio_y_la_gastronomia_tradicional\" >27. El barrio de Testaccio y la gastronom\u00eda tradicional<\/a><\/li><\/ul><\/li><li class='ez-toc-page-1 ez-toc-heading-level-2'><a class=\"ez-toc-link ez-toc-heading-33\" href=\"https:\/\/loudavymkrokem.cz\/es\/que-ver-roma-italia\/#Roma_sin_multitudes_13_lugares_adonde_no_van_los_turistas\" >Roma sin multitudes: 13 lugares adonde no van los turistas<\/a><ul class='ez-toc-list-level-3' ><li class='ez-toc-heading-level-3'><a class=\"ez-toc-link ez-toc-heading-34\" href=\"https:\/\/loudavymkrokem.cz\/es\/que-ver-roma-italia\/#28_La_basilica_de_San_Clemente_y_sus_tres_pisos_de_historia\" >28. La bas\u00edlica de San Clemente y sus tres pisos de historia<\/a><\/li><li class='ez-toc-page-1 ez-toc-heading-level-3'><a class=\"ez-toc-link ez-toc-heading-35\" href=\"https:\/\/loudavymkrokem.cz\/es\/que-ver-roma-italia\/#29_La_cerradura_del_Aventino_y_el_Jardin_de_los_Naranjos\" >29. La cerradura del Aventino y el Jard\u00edn de los Naranjos<\/a><\/li><li class='ez-toc-page-1 ez-toc-heading-level-3'><a class=\"ez-toc-link ez-toc-heading-36\" href=\"https:\/\/loudavymkrokem.cz\/es\/que-ver-roma-italia\/#30_El_barrio_Coppede\" >30. El barrio Copped\u00e8<\/a><\/li><li class='ez-toc-page-1 ez-toc-heading-level-3'><a class=\"ez-toc-link ez-toc-heading-37\" href=\"https:\/\/loudavymkrokem.cz\/es\/que-ver-roma-italia\/#31_Centrale_Montemartini_estatuas_antiguas_entre_turbinas\" >31. Centrale Montemartini: estatuas antiguas entre turbinas<\/a><\/li><li class='ez-toc-page-1 ez-toc-heading-level-3'><a class=\"ez-toc-link ez-toc-heading-38\" href=\"https:\/\/loudavymkrokem.cz\/es\/que-ver-roma-italia\/#32_Galleria_Sciarra\" >32. Galleria Sciarra<\/a><\/li><li class='ez-toc-page-1 ez-toc-heading-level-3'><a class=\"ez-toc-link ez-toc-heading-39\" href=\"https:\/\/loudavymkrokem.cz\/es\/que-ver-roma-italia\/#33_La_Via_Appia_Antica_y_las_catacumbas\" >33. La Via Appia Antica y las catacumbas<\/a><\/li><li class='ez-toc-page-1 ez-toc-heading-level-3'><a class=\"ez-toc-link ez-toc-heading-40\" href=\"https:\/\/loudavymkrokem.cz\/es\/que-ver-roma-italia\/#34_Domus_Aurea_la_casa_dorada_de_Neron\" >34. Domus Aurea: la casa dorada de Ner\u00f3n<\/a><\/li><li class='ez-toc-page-1 ez-toc-heading-level-3'><a class=\"ez-toc-link ez-toc-heading-41\" href=\"https:\/\/loudavymkrokem.cz\/es\/que-ver-roma-italia\/#35_La_basilica_de_Santa_Maria_la_Mayor\" >35. La bas\u00edlica de Santa Mar\u00eda la Mayor<\/a><\/li><li class='ez-toc-page-1 ez-toc-heading-level-3'><a class=\"ez-toc-link ez-toc-heading-42\" href=\"https:\/\/loudavymkrokem.cz\/es\/que-ver-roma-italia\/#36_Los_Museos_Capitolinos_y_la_Piazza_del_Campidoglio\" >36. Los Museos Capitolinos y la Piazza del Campidoglio<\/a><\/li><li class='ez-toc-page-1 ez-toc-heading-level-3'><a class=\"ez-toc-link ez-toc-heading-43\" href=\"https:\/\/loudavymkrokem.cz\/es\/que-ver-roma-italia\/#37_Las_Termas_de_Caracalla\" >37. Las Termas de Caracalla<\/a><\/li><li class='ez-toc-page-1 ez-toc-heading-level-3'><a class=\"ez-toc-link ez-toc-heading-44\" href=\"https:\/\/loudavymkrokem.cz\/es\/que-ver-roma-italia\/#38_Gianicolo_mirador_y_canonazo_de_mediodia\" >38. Gianicolo: mirador y ca\u00f1onazo de mediod\u00eda<\/a><\/li><li class='ez-toc-page-1 ez-toc-heading-level-3'><a class=\"ez-toc-link ez-toc-heading-45\" href=\"https:\/\/loudavymkrokem.cz\/es\/que-ver-roma-italia\/#39_La_basilica_de_San_Pablo_Extramuros\" >39. La bas\u00edlica de San Pablo Extramuros<\/a><\/li><li class='ez-toc-page-1 ez-toc-heading-level-3'><a class=\"ez-toc-link ez-toc-heading-46\" href=\"https:\/\/loudavymkrokem.cz\/es\/que-ver-roma-italia\/#40_El_barrio_EUR_y_el_Quadrato_della_Concordia\" >40. El barrio EUR y el Quadrato della Concordia<\/a><\/li><\/ul><\/li><li class='ez-toc-page-1 ez-toc-heading-level-2'><a class=\"ez-toc-link ez-toc-heading-47\" href=\"https:\/\/loudavymkrokem.cz\/es\/que-ver-roma-italia\/#Que_se_puede_ver_en_Roma_totalmente_gratis\" >Qu\u00e9 se puede ver en Roma totalmente gratis<\/a><\/li><li class='ez-toc-page-1 ez-toc-heading-level-2'><a class=\"ez-toc-link ez-toc-heading-48\" href=\"https:\/\/loudavymkrokem.cz\/es\/que-ver-roma-italia\/#Roma_en_1_2_o_3_dias_plan_rapido\" >Roma en 1, 2 o 3 d\u00edas: plan r\u00e1pido<\/a><\/li><li class='ez-toc-page-1 ez-toc-heading-level-2'><a class=\"ez-toc-link ez-toc-heading-49\" href=\"https:\/\/loudavymkrokem.cz\/es\/que-ver-roma-italia\/#Transporte_en_Roma_desde_el_aeropuerto_en_metro_y_a_pie\" >Transporte en Roma: desde el aeropuerto, en metro y a pie<\/a><\/li><li class='ez-toc-page-1 ez-toc-heading-level-2'><a class=\"ez-toc-link ez-toc-heading-50\" href=\"https:\/\/loudavymkrokem.cz\/es\/que-ver-roma-italia\/#Adonde_mejor_no_ir_en_Roma_y_a_que_prestar_atencion\" >Ad\u00f3nde mejor no ir en Roma y a qu\u00e9 prestar atenci\u00f3n<\/a><\/li><li class='ez-toc-page-1 ez-toc-heading-level-2'><a class=\"ez-toc-link ez-toc-heading-51\" href=\"https:\/\/loudavymkrokem.cz\/es\/que-ver-roma-italia\/#Adonde_ir_desde_Roma\" >Ad\u00f3nde ir desde Roma<\/a><\/li><li class='ez-toc-page-1 ez-toc-heading-level-2'><a class=\"ez-toc-link ez-toc-heading-52\" href=\"https:\/\/loudavymkrokem.cz\/es\/que-ver-roma-italia\/#Preguntas_frecuentes\" >Preguntas frecuentes<\/a><ul class='ez-toc-list-level-3' ><li class='ez-toc-heading-level-3'><a class=\"ez-toc-link ez-toc-heading-53\" href=\"https:\/\/loudavymkrokem.cz\/es\/que-ver-roma-italia\/#%C2%BFCuantos_dias_necesito_para_visitar_Roma\" >\u00bfCu\u00e1ntos d\u00edas necesito para visitar Roma?<\/a><\/li><li class='ez-toc-page-1 ez-toc-heading-level-3'><a class=\"ez-toc-link ez-toc-heading-54\" href=\"https:\/\/loudavymkrokem.cz\/es\/que-ver-roma-italia\/#%C2%BFEl_agua_del_grifo_es_potable_en_Roma\" >\u00bfEl agua del grifo es potable en Roma?<\/a><\/li><li class='ez-toc-page-1 ez-toc-heading-level-3'><a class=\"ez-toc-link ez-toc-heading-55\" href=\"https:\/\/loudavymkrokem.cz\/es\/que-ver-roma-italia\/#%C2%BFHay_algun_codigo_de_vestimenta_en_los_monumentos\" >\u00bfHay alg\u00fan c\u00f3digo de vestimenta en los monumentos?<\/a><\/li><li class='ez-toc-page-1 ez-toc-heading-level-3'><a class=\"ez-toc-link ez-toc-heading-56\" href=\"https:\/\/loudavymkrokem.cz\/es\/que-ver-roma-italia\/#%C2%BFCual_es_la_mejor_forma_de_ir_del_aeropuerto_de_Fiumicino_al_centro\" >\u00bfCu\u00e1l es la mejor forma de ir del aeropuerto de Fiumicino al centro?<\/a><\/li><li class='ez-toc-page-1 ez-toc-heading-level-3'><a class=\"ez-toc-link ez-toc-heading-57\" href=\"https:\/\/loudavymkrokem.cz\/es\/que-ver-roma-italia\/#%C2%BFPuedo_llevar_una_mochila_al_Coliseo_o_al_Vaticano\" >\u00bfPuedo llevar una mochila al Coliseo o al Vaticano?<\/a><\/li><li class='ez-toc-page-1 ez-toc-heading-level-3'><a class=\"ez-toc-link ez-toc-heading-58\" href=\"https:\/\/loudavymkrokem.cz\/es\/que-ver-roma-italia\/#%C2%BFComo_funciona_el_transporte_publico_de_Roma_y_cuanto_cuesta_el_billete\" >\u00bfC\u00f3mo funciona el transporte p\u00fablico de Roma y cu\u00e1nto cuesta el billete?<\/a><\/li><li class='ez-toc-page-1 ez-toc-heading-level-3'><a class=\"ez-toc-link ez-toc-heading-59\" href=\"https:\/\/loudavymkrokem.cz\/es\/que-ver-roma-italia\/#%C2%BFEs_seguro_viajar_en_el_autobus_numero_64_hacia_el_Vaticano\" >\u00bfEs seguro viajar en el autob\u00fas n\u00famero 64 hacia el Vaticano?<\/a><\/li><li class='ez-toc-page-1 ez-toc-heading-level-3'><a class=\"ez-toc-link ez-toc-heading-60\" href=\"https:\/\/loudavymkrokem.cz\/es\/que-ver-roma-italia\/#%C2%BFDonde_encuentro_banos_publicos_en_el_centro\" >\u00bfD\u00f3nde encuentro ba\u00f1os p\u00fablicos en el centro?<\/a><\/li><\/ul><\/li><\/ul><\/nav><\/div>\n<h3 class=\"wp-block-heading\"><span class=\"ez-toc-section\" id=\"Resumen\"><\/span>Resumen<span class=\"ez-toc-section-end\"><\/span><\/h3>\n\n\n\n<ul class=\"wp-block-list\">\n\n<li>  <strong>Compra las entradas con un mes de antelaci\u00f3n.<\/strong> Sin reserva online simplemente no entrar\u00e1s al Coliseo, al Vaticano ni a la Galer\u00eda Borghese y solo perder\u00e1s el tiempo.<\/li>\n\n\n<li>  <strong>Nuevas tarifas en 2026.<\/strong> Desde febrero de 2026 se pagan dos euros por acceder a la fuente de la Fontana di Trevi y el Pante\u00f3n subi\u00f3 a siete euros desde julio de 2026.<\/li>\n\n\n<li>  <strong>El Jubileo ya pas\u00f3.<\/strong> El locur\u00f3n del A\u00f1o Santo 2025 termin\u00f3, la ciudad retir\u00f3 los andamios y las calles por fin se respiran algo mejor.<\/li>\n\n\n<li>  <strong>No compres agua embotellada.<\/strong> Por toda la ciudad hay miles de fuentecitas de hierro con agua potable helada y buen\u00edsima, gratis; solo necesitas tu propia botella.<\/li>\n\n\n<li>  <strong>El calzado c\u00f3modo es fundamental.<\/strong> Los adoquines de basalto romanos son implacables y los tacones o las sandalias finas te destrozar\u00e1n la excursi\u00f3n sin remedio.<\/li>\n\n\n<li>  <strong>Respeta el estricto c\u00f3digo de vestimenta.<\/strong> A los Museos Vaticanos, a la bas\u00edlica de San Pedro y al Pante\u00f3n no te dejan entrar con los hombros o las rodillas al descubierto.<\/li>\n\n\n<li>  <strong>Cuidado con carteristas y timadores.<\/strong> Vigila tus cosas en el metro abarrotado y en el autob\u00fas n\u00famero 64 e ignora a los falsos gladiadores del Coliseo.<\/li>\n\n<\/ul>\n\n\n\n<h2 class=\"wp-block-heading\"><span class=\"ez-toc-section\" id=\"Los_40_lugares_de_Roma_Italia_de_un_vistazo\"><\/span><span class=\"ez-toc-section\" id=\"Vsech_40_mist_v_Rime_prehledne\"><\/span>Los 40 lugares de Roma, Italia de un vistazo<span class=\"ez-toc-section-end\"><\/span><\/h2>\n\n\n\n<p class=\"wp-block-paragraph\"><strong>Esta tabla es todo el art\u00edculo en p\u00edldora.<\/strong> En ella encontrar\u00e1s los cuarenta lugares de esta gu\u00eda ordenados por barrios, as\u00ed podr\u00e1s componer f\u00e1cilmente una ruta para no correr en zigzag por toda la ciudad. Los precios son para un visitante adulto en 2026.<\/p>\n\n\n\n<figure class=\"wp-block-table is-style-stripes\"><table><thead><tr><th>Lugar<\/th><th>Barrio<\/th><th>Entrada 2026<\/th><th>Cu\u00e1nto tiempo<\/th><th>C\u00f3mo llegar<\/th><\/tr><\/thead><tbody><tr><td>Coliseo<\/td><td>Colosseo<\/td><td>18 \u20ac + 2 \u20ac de reserva<\/td><td>2 h<\/td><td>metro Colosseo (B, C)<\/td><\/tr><tr><td>Foro Romano y Palatino<\/td><td>Colosseo<\/td><td>incluido en la entrada del Coliseo<\/td><td>2 h<\/td><td>metro Colosseo (B)<\/td><\/tr><tr><td>Domus Aurea<\/td><td>Colle Oppio<\/td><td>de pago, solo con gu\u00eda<\/td><td>1,5 h<\/td><td>metro Colosseo (B, C)<\/td><\/tr><tr><td>Bas\u00edlica de San Clemente<\/td><td>Monti<\/td><td>subterr\u00e1neo de pago<\/td><td>1 h<\/td><td>metro Colosseo (B, C)<\/td><\/tr><tr><td>Bas\u00edlica de Santa Mar\u00eda la Mayor<\/td><td>Esquilino<\/td><td>gratis<\/td><td>45 min<\/td><td>metro Termini o Cavour (B)<\/td><\/tr><tr><td>Museos Capitolinos<\/td><td>Campitelli<\/td><td>de pago<\/td><td>2\u20133 h<\/td><td>a pie desde Piazza Venezia<\/td><\/tr><tr><td>Piazza del Campidoglio<\/td><td>Campitelli<\/td><td>gratis<\/td><td>20 min<\/td><td>a pie desde Piazza Venezia<\/td><\/tr><tr><td>Pante\u00f3n<\/td><td>Pigna<\/td><td>7 \u20ac<\/td><td>45 min<\/td><td>a pie desde Piazza Venezia<\/td><\/tr><tr><td>Piazza Navona<\/td><td>Parione<\/td><td>gratis<\/td><td>30 min<\/td><td>a pie desde el Pante\u00f3n<\/td><\/tr><tr><td>Campo de&#8217; Fiori<\/td><td>Parione<\/td><td>gratis<\/td><td>30 min<\/td><td>a pie desde Piazza Navona<\/td><\/tr><tr><td>Gueto jud\u00edo<\/td><td>Sant&#8217;Angelo<\/td><td>gratis<\/td><td>1 h<\/td><td>a pie desde Piazza Venezia<\/td><\/tr><tr><td>Fontana di Trevi<\/td><td>Trevi<\/td><td>2 \u20ac a la fuente, desde arriba gratis<\/td><td>30 min<\/td><td>metro Barberini (A)<\/td><\/tr><tr><td>Vicus Caprarius<\/td><td>Trevi<\/td><td>de pago<\/td><td>30 min<\/td><td>metro Barberini (A)<\/td><\/tr><tr><td>Galleria Sciarra<\/td><td>Trevi<\/td><td>gratis<\/td><td>10 min<\/td><td>metro Barberini (A)<\/td><\/tr><tr><td>Escalinata de la Plaza de Espa\u00f1a<\/td><td>Campo Marzio<\/td><td>gratis (prohibido sentarse)<\/td><td>20 min<\/td><td>metro Spagna (A)<\/td><\/tr><tr><td>Via Condotti<\/td><td>Campo Marzio<\/td><td>gratis<\/td><td>30 min<\/td><td>metro Spagna (A)<\/td><\/tr><tr><td>Piazza del Popolo<\/td><td>Campo Marzio<\/td><td>gratis<\/td><td>30 min<\/td><td>metro Flaminio (A)<\/td><\/tr><tr><td>Pincio<\/td><td>Campo Marzio<\/td><td>gratis<\/td><td>20 min<\/td><td>metro Flaminio (A)<\/td><\/tr><tr><td>Villa Borghese<\/td><td>Pinciano<\/td><td>gratis<\/td><td>1\u20132 h<\/td><td>metro Spagna o Flaminio (A)<\/td><\/tr><tr><td>Galer\u00eda Borghese<\/td><td>Pinciano<\/td><td>16 \u20ac + 2 \u20ac, reserva obligatoria<\/td><td>2 h (franja fija)<\/td><td>metro Spagna (A)<\/td><\/tr><tr><td>Galer\u00eda Nacional GNAM<\/td><td>Pinciano<\/td><td>de pago<\/td><td>1,5 h<\/td><td>tranv\u00eda 3 o 19<\/td><\/tr><tr><td>Barrio Copped\u00e8<\/td><td>Trieste<\/td><td>gratis<\/td><td>30 min<\/td><td>tranv\u00eda 3 o 19<\/td><\/tr><tr><td>Museos Vaticanos y Capilla Sixtina<\/td><td>Vaticano<\/td><td>20 \u20ac en taquilla, 25 \u20ac online<\/td><td>3\u20134 h<\/td><td>metro Ottaviano (A)<\/td><\/tr><tr><td>Bas\u00edlica de San Pedro<\/td><td>Vaticano<\/td><td>gratis<\/td><td>1 h<\/td><td>metro Ottaviano (A)<\/td><\/tr><tr><td>C\u00fapula de la bas\u00edlica de San Pedro<\/td><td>Vaticano<\/td><td>8 \u20ac a pie, 10 \u20ac en ascensor<\/td><td>1 h<\/td><td>metro Ottaviano (A)<\/td><\/tr><tr><td>Plaza de San Pedro<\/td><td>Vaticano<\/td><td>gratis<\/td><td>30 min<\/td><td>metro Ottaviano (A)<\/td><\/tr><tr><td>Castillo de Sant&#8217;Angelo<\/td><td>Borgo<\/td><td>de pago<\/td><td>1,5 h<\/td><td>metro Lepanto (A)<\/td><\/tr><tr><td>Puente de los \u00c1ngeles<\/td><td>Ponte<\/td><td>gratis<\/td><td>15 min<\/td><td>metro Lepanto (A)<\/td><\/tr><tr><td>Trastevere<\/td><td>Trastevere<\/td><td>gratis<\/td><td>2\u20133 h<\/td><td>tranv\u00eda 8 desde Largo Argentina<\/td><\/tr><tr><td>Gianicolo<\/td><td>Trastevere<\/td><td>gratis<\/td><td>1 h<\/td><td>a pie subiendo desde Trastevere<\/td><\/tr><tr><td>Boca de la Verdad<\/td><td>Ripa<\/td><td>aportaci\u00f3n simb\u00f3lica<\/td><td>20 min<\/td><td>metro Circo Massimo (B)<\/td><\/tr><tr><td>Circo M\u00e1ximo<\/td><td>Ripa<\/td><td>gratis<\/td><td>20 min<\/td><td>metro Circo Massimo (B)<\/td><\/tr><tr><td>Cerradura del Aventino<\/td><td>Aventino<\/td><td>gratis<\/td><td>30 min con el jard\u00edn<\/td><td>metro Circo Massimo (B)<\/td><\/tr><tr><td>Jard\u00edn de los Naranjos<\/td><td>Aventino<\/td><td>gratis<\/td><td>30 min<\/td><td>metro Circo Massimo (B)<\/td><\/tr><tr><td>Termas de Caracalla<\/td><td>Aventino<\/td><td>de pago<\/td><td>1,5 h<\/td><td>metro Circo Massimo (B)<\/td><\/tr><tr><td>Barrio Testaccio<\/td><td>Testaccio<\/td><td>gratis<\/td><td>2 h<\/td><td>metro Piramide (B)<\/td><\/tr><tr><td>Centrale Montemartini<\/td><td>Ostiense<\/td><td>de pago<\/td><td>1,5 h<\/td><td>metro Garbatella (B)<\/td><\/tr><tr><td>Bas\u00edlica de San Pablo Extramuros<\/td><td>Ostiense<\/td><td>gratis<\/td><td>45 min<\/td><td>metro Basilica San Paolo (B)<\/td><\/tr><tr><td>Via Appia Antica y catacumbas<\/td><td>Appio<\/td><td>catacumbas de pago<\/td><td>medio d\u00eda<\/td><td>bus 118, fin de semana sin coches<\/td><\/tr><tr><td>Barrio EUR<\/td><td>EUR<\/td><td>gratis<\/td><td>1\u20132 h<\/td><td>metro EUR Magliana o EUR Fermi (B)<\/td><\/tr><\/tbody><\/table><figcaption class=\"wp-element-caption\">Resumen de los 40 lugares de Roma por barrios: los precios y horarios cambian, verif\u00edcalos antes del viaje en las webs oficiales de los monumentos.<\/figcaption><\/figure>\n\n\n\n<p class=\"wp-block-paragraph\">\ud83d\udca1 <strong>Consejo:<\/strong> reserva primero lo m\u00e1s caro. El <a href=\"https:\/\/loudavymkrokem.cz\/es\/coliseo-roma-entradas-consejos\/\">Coliseo<\/a> libera plazas exactamente treinta d\u00edas antes y la <a href=\"https:\/\/loudavymkrokem.cz\/es\/galeria-borghese-roma-italia\/\">Galer\u00eda Borghese<\/a> funciona con franjas fijas de dos horas, las que antes desaparecen de todos los monumentos romanos. Solo despu\u00e9s monta el resto del programa alrededor.<\/p>\n\n\n\n<h2 class=\"wp-block-heading\"><span class=\"ez-toc-section\" id=\"Cuando_viajar_a_Roma\"><\/span><span class=\"ez-toc-section\" id=\"Kdy_vyrazit_do_Rima\"><\/span>Cu\u00e1ndo viajar a Roma<span class=\"ez-toc-section-end\"><\/span><\/h2>\n\n\n\n<p class=\"wp-block-paragraph\">Cazar el clima perfecto sin multitudes interminables en Roma es un poco de alquimia que no siempre sale. Los <strong>mejores meses para visitarla son mayo, junio, septiembre y octubre<\/strong>. En oto\u00f1o las temperaturas se mantienen en unos agradabil\u00edsimos veintid\u00f3s grados, el aire se limpia bonito tras el verano y la ciudad adquiere una luz suave preciosa, ideal para fotografiar.<\/p>\n\n\n\n<p class=\"wp-block-paragraph\">Las noches ya piden de vez en cuando un jersey ligero, pero durante el d\u00eda <strong>puedes caminar quince kil\u00f3metros<\/strong> sin sentir que te vas a desmayar a cada momento. El precio por este lujo de comodidad es bastante alto, porque los meses de oto\u00f1o y primavera funcionan como plena temporada alta. Los hoteles cuelgan el cartel de completo y las callejuelas del centro parecen un enorme hormiguero, as\u00ed que hay que armarse de paciencia.<\/p>\n\n\n\n<p class=\"wp-block-paragraph\">El verano en Roma es una aut\u00e9ntica prueba de resistencia f\u00edsica y mental, algo que <strong>Luk\u00e1\u0161 y yo probamos en nuestras propias carnes<\/strong>. Julio y agosto traen temperaturas fiablemente por encima de los treinta grados y la humedad convierte las callejuelas m\u00e1s bonitas en un invernadero asfixiante sin la menor brisa. Si viajas en verano, tienes que cambiar radicalmente tu ritmo diario y olvidarte de andar todo el d\u00eda.<\/p>\n\n\n\n<p class=\"wp-block-paragraph\">Pon el despertador a las seis de la ma\u00f1ana, <strong>visita los principales monumentos antes de las diez<\/strong> y, en cuanto se acerque el mediod\u00eda, ref\u00fagiate en un restaurante con aire acondicionado para una larga comida. La siesta de tarde en el hotel no es en Italia una muestra de pereza, sino pura necesidad de supervivencia. Agosto tiene adem\u00e1s una particularidad, la fiesta de Ferragosto, cuando muchos vecinos cierran sus pisos y huyen en masa al mar.<\/p>\n\n\n\n<p class=\"wp-block-paragraph\">2026 trae por suerte un enorme alivio <strong>tras el locur\u00f3n del A\u00f1o Santo 2025<\/strong>, cuando la ciudad colapsaba literalmente bajo la avalancha de millones de peregrinos de todo el mundo. Las puertas santas se tapiaron en enero, la ciudad puso en orden la infraestructura y las calles por fin se respiran algo mejor. Aun as\u00ed, res\u00e9rvale a Roma idealmente cuatro d\u00edas completos para disfrutarla de verdad. En un fin de semana largo solo ver\u00e1s lo b\u00e1sico y volver\u00e1s a casa incre\u00edblemente agotado y con ampollas en los pies.<\/p>\n\n\n\n<h2 class=\"wp-block-heading\"><span class=\"ez-toc-section\" id=\"Donde_alojarse_en_Roma\"><\/span><span class=\"ez-toc-section\" id=\"Kde_se_ubytovat_v_Rime\"><\/span>D\u00f3nde alojarse en Roma<span class=\"ez-toc-section-end\"><\/span><\/h2>\n\n\n\n<p class=\"wp-block-paragraph\">Elegir el <a href=\"https:\/\/loudavymkrokem.cz\/es\/donde-alojarse-roma-italia\/\">barrio<\/a> correcto define toda tu experiencia en Roma, porque <strong>la ciudad es enorme y los desplazamientos diarios<\/strong> en autobuses abarrotados y sin aire acondicionado te agotar\u00e1n antes de ver la primera columna antigua. Lo mejor es alojarte estrat\u00e9gicamente cerca de las l\u00edneas de metro o directamente a distancia caminable del centro hist\u00f3rico, lo que te ahorrar\u00e1 muchos disgustos.<\/p>\n\n\n\n<p class=\"wp-block-paragraph\">En nuestro \u00faltimo viaje elegimos el hotel <strong>Residenza Cavallini<\/strong>, un alojamiento estupendo a solo cinco minutos a pie de la parada del autob\u00fas expr\u00e9s del aeropuerto. Est\u00e1 a un paso del Vaticano y de la Fontana di Trevi, as\u00ed que lo ten\u00edamos todo cerqu\u00edsima. Las habitaciones eran peque\u00f1itas pero impecables, y en el precio inclu\u00edan un t\u00edpico desayuno italiano en una cafeter\u00eda cercana donde cada ma\u00f1ana nos daban un cruas\u00e1n reci\u00e9n hecho y un cappuccino perfecto. \u263a\ufe0f<\/p>\n\n\n\n<p class=\"wp-block-paragraph\">Si buscas romanticismo de pel\u00edcula y no te molesta un poco de ruido nocturno, <strong>te encantar\u00e1 el barrio de Trastevere<\/strong>. Tiene callejuelas estrechas empedradas, fachadas ocres cubiertas de hiedra y por la noche se anima de una forma incre\u00edble. Es el para\u00edso para los amantes de la buena comida, solo cuenta con que aqu\u00ed no hay metro y por la ma\u00f1ana llegar a los monumentos es algo m\u00e1s complicado, en tranv\u00eda o a pie.<\/p>\n\n\n\n<p class=\"wp-block-paragraph\">Una alternativa estupenda es <strong>el barrio de Monti, que est\u00e1 estrat\u00e9gicamente justo detr\u00e1s del Coliseo<\/strong> y respira un ambiente bohemio muy agradable. Aqu\u00ed encontrar\u00e1s bonitas tiendas vintage, cafeter\u00edas independientes y, sobre todo, la estaci\u00f3n de la l\u00ednea B del metro, lo que facilita much\u00edsimo los desplazamientos. Alojarse directamente en el centro hist\u00f3rico, cerca del Pante\u00f3n, es impresionante porque llegas a todo a pie, pero pagar\u00e1s un enorme recargo y no te librar\u00e1s de abrirte paso constantemente entre las multitudes de turistas con paraguas.<\/p>\n\n\n\n<p class=\"wp-block-paragraph\">Para familias con ni\u00f1os o viajeros que valoran la tranquilidad, una <strong>opci\u00f3n fant\u00e1stica es el elegante barrio de Prati<\/strong>, al norte del Vaticano. No encontrar\u00e1s callejuelas medievales retorcidas, sino amplios bulevares y terreno llano, ideal para carritos de beb\u00e9. Su gran ventaja es la cercan\u00eda inmediata a la bas\u00edlica de San Pedro, adonde puedes ir muy temprano antes de que se formen las colas interminables. Sea cual sea el barrio que elijas, siempre recomiendo reservar los hoteles a trav\u00e9s de <a class=\"thirstylink\" rel=\"nofollow\" target=\"_blank\" title=\"Booking.com\" href=\"https:\/\/loudavymkrokem.cz\/doporucujeme\/booking-com\/\" data-shortcode=\"true\">Booking<\/a> con suficiente antelaci\u00f3n, porque las mejores opciones de Roma desaparecen a la velocidad del rayo.<\/p>\n\n\n\n<h2 class=\"wp-block-heading\"><span class=\"ez-toc-section\" id=\"27_lugares_imprescindibles_que_no_te_puedes_perder_en_Roma\"><\/span>27 lugares imprescindibles que no te puedes perder en Roma<span class=\"ez-toc-section-end\"><\/span><\/h2>\n\n\n\n<p class=\"wp-block-paragraph\">Dicen que todos los caminos llevan a Roma, y en la Antig\u00fcedad de verdad <strong>todas las carreteras sal\u00edan en forma de radios<\/strong> desde esta hermosa capital. Los monumentos culturales de distintas \u00e9pocas est\u00e1n aqu\u00ed fascinantemente entrelazados en un enorme conjunto. Un mausoleo pagano sirve de fortaleza papal y los templos antiguos se transformaron con los siglos en iglesias barrocas. Veamos juntos lo mejor que no deber\u00edas perderte en tu visita.<\/p>\n\n\n\n<h3 class=\"wp-block-heading\"><span class=\"ez-toc-section\" id=\"1_El_Coliseo_y_su_arena\"><\/span>1. El Coliseo y su arena<span class=\"ez-toc-section-end\"><\/span><\/h3>\n\n\n\n<figure data-wp-context=\"{&quot;imageId&quot;:&quot;6a99235100c68&quot;}\" data-wp-interactive=\"core\/image\" data-wp-key=\"6a99235100c68\" class=\"wp-block-image size-full wp-lightbox-container\"><img decoding=\"async\" width=\"1400\" height=\"933\" data-wp-class--hide=\"state.isContentHidden\" data-wp-class--show=\"state.isContentVisible\" data-wp-init=\"callbacks.setButtonStyles\" data-wp-on--click=\"actions.showLightbox\" data-wp-on--load=\"callbacks.setButtonStyles\" data-wp-on--pointerdown=\"actions.preloadImage\" data-wp-on--pointerenter=\"actions.preloadImageWithDelay\" data-wp-on--pointerleave=\"actions.cancelPreload\" data-wp-on-window--resize=\"callbacks.setButtonStyles\" src=\"https:\/\/www.loudavymkrokem.cz\/wp-content\/uploads\/2023\/05\/rim-fotky.jpg\" alt=\"Callejuelas del centro hist\u00f3rico de Roma\" class=\"wp-image-57920\" title=\"\"><button\n\t\t\tclass=\"lightbox-trigger\"\n\t\t\ttype=\"button\"\n\t\t\taria-haspopup=\"dialog\"\n\t\t\tdata-wp-bind--aria-label=\"state.thisImage.triggerButtonAriaLabel\"\n\t\t\tdata-wp-init=\"callbacks.initTriggerButton\"\n\t\t\tdata-wp-on--click=\"actions.showLightbox\"\n\t\t\tdata-wp-style--right=\"state.thisImage.buttonRight\"\n\t\t\tdata-wp-style--top=\"state.thisImage.buttonTop\"\n\t\t>\n\t\t\t<svg xmlns=\"http:\/\/www.w3.org\/2000\/svg\" width=\"12\" height=\"12\" fill=\"none\" viewBox=\"0 0 12 12\">\n\t\t\t\t<path fill=\"#fff\" d=\"M2 0a2 2 0 0 0-2 2v2h1.5V2a.5.5 0 0 1 .5-.5h2V0H2Zm2 10.5H2a.5.5 0 0 1-.5-.5V8H0v2a2 2 0 0 0 2 2h2v-1.5ZM8 12v-1.5h2a.5.5 0 0 0 .5-.5V8H12v2a2 2 0 0 1-2 2H8Zm2-12a2 2 0 0 1 2 2v2h-1.5V2a.5.5 0 0 0-.5-.5H8V0h2Z\" \/>\n\t\t\t<\/svg>\n\t\t<\/button><figcaption class=\"wp-element-caption\">Roma est\u00e1 llena de rincones para hacer fotos, ya lo ver\u00e1s \ud83d\ude09<\/figcaption><\/figure>\n\n\n\n<p class=\"wp-block-paragraph\">El Coliseo es probablemente el edificio m\u00e1s caracter\u00edstico de toda Roma, Italia y sinceramente ni siquiera puedes pasarlo por alto, porque se <strong>alza majestuoso justo al final de la calle<\/strong> Via dei Fori Imperiali. Este anfiteatro el\u00edptico de cuatro pisos se construy\u00f3 entre los a\u00f1os 72 y 80 de nuestra era y en su momento llegaba a albergar hasta cincuenta mil espectadores. Aunque debo confesar que a m\u00ed personalmente no me parece tan interesant\u00edsimo, su tama\u00f1o abrumador te deja sin palabras.<\/p>\n\n\n\n<p class=\"wp-block-paragraph\">La regla b\u00e1sica para la visita es totalmente inflexible: <strong>tienes que comprar las entradas online con much\u00edsima antelaci\u00f3n<\/strong> en la web oficial ticketing.colosseo.it (18 \u20ac m\u00e1s dos euros de reserva). Si te f\u00edas de comprar en taquilla, solo te espera decepci\u00f3n, el cartel de agotado y una espera interminable bajo el sol abrasador. Las entradas se liberan exactamente treinta d\u00edas antes a las nueve de la ma\u00f1ana y desaparecen ante tus propios ojos.<\/p>\n\n\n\n<p class=\"wp-block-paragraph\">El recorrido b\u00e1sico te lleva al primer y segundo piso, desde donde tienes <strong>una bonita vista del interior descubierto del edificio<\/strong>. Las multitudes en estas rutas principales pueden ser bastante frustrantes en temporada, porque la gente se para constantemente para hacerse selfies y en los meses de verano el aire literalmente no corre. Aun as\u00ed, es una experiencia que forma parte inseparable de visitar Roma y sin la que no deber\u00edas marcharte.<\/p>\n\n\n\n<p class=\"wp-block-paragraph\">\ud83d\udca1 Consejo: justo delante del Coliseo operan grupos de hombres <strong>disfrazados de gladiadores antiguos<\/strong>. Intentan colarte una espada de pl\u00e1stico y hacerse una foto contigo, y son muy insistentes. Ign\u00f3ralos por completo y no hagas contacto visual, porque en cuanto hagas la foto te exigir\u00e1n muy agresivamente hasta veinte euros por una sola imagen.<\/p>\n\n\n\n<h3 class=\"wp-block-heading\"><span class=\"ez-toc-section\" id=\"2_El_subterraneo_del_Coliseo_Hipogeo\"><\/span>2. El subterr\u00e1neo del Coliseo (Hipogeo)<span class=\"ez-toc-section-end\"><\/span><\/h3>\n\n\n\n<figure data-wp-context=\"{&quot;imageId&quot;:&quot;6a992351012d0&quot;}\" data-wp-interactive=\"core\/image\" data-wp-key=\"6a992351012d0\" class=\"wp-block-image size-full wp-lightbox-container\"><img decoding=\"async\" width=\"1400\" height=\"933\" data-wp-class--hide=\"state.isContentHidden\" data-wp-class--show=\"state.isContentVisible\" data-wp-init=\"callbacks.setButtonStyles\" data-wp-on--click=\"actions.showLightbox\" data-wp-on--load=\"callbacks.setButtonStyles\" data-wp-on--pointerdown=\"actions.preloadImage\" data-wp-on--pointerenter=\"actions.preloadImageWithDelay\" data-wp-on--pointerleave=\"actions.cancelPreload\" data-wp-on-window--resize=\"callbacks.setButtonStyles\" src=\"https:\/\/www.loudavymkrokem.cz\/wp-content\/uploads\/2023\/05\/kavarna-v-rime.jpg\" alt=\"Luk\u00e1\u0161 en una de las cafeter\u00edas romanas\" class=\"wp-image-57922\" title=\"\"><button\n\t\t\tclass=\"lightbox-trigger\"\n\t\t\ttype=\"button\"\n\t\t\taria-haspopup=\"dialog\"\n\t\t\tdata-wp-bind--aria-label=\"state.thisImage.triggerButtonAriaLabel\"\n\t\t\tdata-wp-init=\"callbacks.initTriggerButton\"\n\t\t\tdata-wp-on--click=\"actions.showLightbox\"\n\t\t\tdata-wp-style--right=\"state.thisImage.buttonRight\"\n\t\t\tdata-wp-style--top=\"state.thisImage.buttonTop\"\n\t\t>\n\t\t\t<svg xmlns=\"http:\/\/www.w3.org\/2000\/svg\" width=\"12\" height=\"12\" fill=\"none\" viewBox=\"0 0 12 12\">\n\t\t\t\t<path fill=\"#fff\" d=\"M2 0a2 2 0 0 0-2 2v2h1.5V2a.5.5 0 0 1 .5-.5h2V0H2Zm2 10.5H2a.5.5 0 0 1-.5-.5V8H0v2a2 2 0 0 0 2 2h2v-1.5ZM8 12v-1.5h2a.5.5 0 0 0 .5-.5V8H12v2a2 2 0 0 1-2 2H8Zm2-12a2 2 0 0 1 2 2v2h-1.5V2a.5.5 0 0 0-.5-.5H8V0h2Z\" \/>\n\t\t\t<\/svg>\n\t\t<\/button><figcaption class=\"wp-element-caption\">Luk\u00e1\u0161 en una de las cafeter\u00edas romanas<\/figcaption><\/figure>\n\n\n\n<p class=\"wp-block-paragraph\">Si quieres exprimir al m\u00e1ximo el Coliseo y evitar las peores multitudes, te recomiendo <strong>pagar un poco m\u00e1s por la entrada especial Full Experience<\/strong> (sale por 24 \u20ac m\u00e1s dos euros de reserva y vale dos d\u00edas consecutivos). Te permite no solo el acceso exclusivo a la superficie reconstruida de la arena, sino tambi\u00e9n el descenso al oscuro subterr\u00e1neo, el llamado hipogeo. Aqu\u00ed es donde gladiadores y fieras esperaban entre el bochorno su fat\u00eddica salida ante la multitud rugiente.<\/p>\n\n\n\n<p class=\"wp-block-paragraph\">Esta entrada tiene adem\u00e1s la enorme ventaja de que <strong>vale dos d\u00edas enteros<\/strong>, as\u00ed puedes repartir bien la exploraci\u00f3n de la Antig\u00fcedad. No tienes que reventarte en una sola tarde recorriendo a la vez el Coliseo y el Foro Romano. Puedes ver tranquilamente el anfiteatro un d\u00eda y a la ma\u00f1ana siguiente, con energ\u00eda fresca, salir a explorar las ruinas de alrededor.<\/p>\n\n\n\n<p class=\"wp-block-paragraph\">La experiencia del subterr\u00e1neo es mucho m\u00e1s \u00edntima, <strong>las multitudes se aclaran notablemente<\/strong> y puedes contemplar con calma el ingenioso sistema de ascensores y trampillas antiguos. Cuando recorres esos pasillos estrechos y sientes la humedad de las viejas piedras, es entonces cuando te das plena cuenta de la genialidad tecnol\u00f3gica de los antiguos romanos, que hace dos mil a\u00f1os funcionaba como un perfecto reloj.<\/p>\n\n\n\n<h3 class=\"wp-block-heading\"><span class=\"ez-toc-section\" id=\"3_El_Foro_Romano\"><\/span>3. El Foro Romano<span class=\"ez-toc-section-end\"><\/span><\/h3>\n\n\n\n<figure data-wp-context=\"{&quot;imageId&quot;:&quot;6a992351018b9&quot;}\" data-wp-interactive=\"core\/image\" data-wp-key=\"6a992351018b9\" class=\"wp-block-image size-full wp-lightbox-container\"><img decoding=\"async\" width=\"1400\" height=\"933\" data-wp-class--hide=\"state.isContentHidden\" data-wp-class--show=\"state.isContentVisible\" data-wp-init=\"callbacks.setButtonStyles\" data-wp-on--click=\"actions.showLightbox\" data-wp-on--load=\"callbacks.setButtonStyles\" data-wp-on--pointerdown=\"actions.preloadImage\" data-wp-on--pointerenter=\"actions.preloadImageWithDelay\" data-wp-on--pointerleave=\"actions.cancelPreload\" data-wp-on-window--resize=\"callbacks.setButtonStyles\" src=\"https:\/\/www.loudavymkrokem.cz\/wp-content\/uploads\/2023\/05\/podel-reky-v-rime.jpg\" alt=\"En Roma caminar\u00e1s a menudo junto al r\u00edo\" class=\"wp-image-57923\" title=\"\"><button\n\t\t\tclass=\"lightbox-trigger\"\n\t\t\ttype=\"button\"\n\t\t\taria-haspopup=\"dialog\"\n\t\t\tdata-wp-bind--aria-label=\"state.thisImage.triggerButtonAriaLabel\"\n\t\t\tdata-wp-init=\"callbacks.initTriggerButton\"\n\t\t\tdata-wp-on--click=\"actions.showLightbox\"\n\t\t\tdata-wp-style--right=\"state.thisImage.buttonRight\"\n\t\t\tdata-wp-style--top=\"state.thisImage.buttonTop\"\n\t\t>\n\t\t\t<svg xmlns=\"http:\/\/www.w3.org\/2000\/svg\" width=\"12\" height=\"12\" fill=\"none\" viewBox=\"0 0 12 12\">\n\t\t\t\t<path fill=\"#fff\" d=\"M2 0a2 2 0 0 0-2 2v2h1.5V2a.5.5 0 0 1 .5-.5h2V0H2Zm2 10.5H2a.5.5 0 0 1-.5-.5V8H0v2a2 2 0 0 0 2 2h2v-1.5ZM8 12v-1.5h2a.5.5 0 0 0 .5-.5V8H12v2a2 2 0 0 1-2 2H8Zm2-12a2 2 0 0 1 2 2v2h-1.5V2a.5.5 0 0 0-.5-.5H8V0h2Z\" \/>\n\t\t\t<\/svg>\n\t\t<\/button><figcaption class=\"wp-element-caption\">En Roma caminar\u00e1s a menudo junto al r\u00edo<\/figcaption><\/figure>\n\n\n\n<p class=\"wp-block-paragraph\">Mientras el Coliseo era un lugar de diversi\u00f3n sangrienta y juegos, el Foro Romano representaba <strong>el aut\u00e9ntico centro pol\u00edtico, religioso y comercial<\/strong> de todo el enorme imperio. Aqu\u00ed se celebraban grandiosos desfiles triunfales, aqu\u00ed pronunciaba sus discursos el famoso Cicer\u00f3n y en este mismo lugar fue incinerado el cuerpo del asesinado Julio C\u00e9sar. La explanada pantanosa, rodeada por las colinas del Palatino y el Capitolio, fue en su d\u00eda el orgullo de la metr\u00f3poli con templos de m\u00e1rmol blanco.<\/p>\n\n\n\n<p class=\"wp-block-paragraph\">Recomiendo venir aqu\u00ed <strong>por la ma\u00f1ana temprano, sobre las nueve<\/strong>, para evitar el sol del mediod\u00eda, que puede amargarte la visita. En todo el enorme yacimiento arqueol\u00f3gico apenas hay sombra y los grandes bloques de m\u00e1rmol se recalientan durante el d\u00eda como un horno gigante. El calzado firme es imprescindible, porque la superficie es extremadamente irregular y caminar por el antiguo pavimento de la Via Sacra le dar\u00e1 un buen tute a tus tobillos.<\/p>\n\n\n\n<p class=\"wp-block-paragraph\">No olvides llevar contigo <strong>una botella vac\u00eda para el agua<\/strong>, que aqu\u00ed literalmente te salvar\u00e1. Dentro del recinto encontrar\u00e1s varias fuentecitas p\u00fablicas de las que mana constantemente agua helada y refrescante totalmente gratis, lo que te proteger\u00e1 de la deshidrataci\u00f3n. Las entradas van incluidas en la entrada combinada con el Coliseo, pero recuerda que al Foro puedes entrar en cualquier momento dentro de la validez de tu entrada y no est\u00e1s atado a una hora exacta.<\/p>\n\n\n\n<h3 class=\"wp-block-heading\"><span class=\"ez-toc-section\" id=\"4_La_colina_del_Palatino_y_los_Jardines_Farnesio\"><\/span>4. La colina del Palatino y los Jardines Farnesio<span class=\"ez-toc-section-end\"><\/span><\/h3>\n\n\n\n<figure data-wp-context=\"{&quot;imageId&quot;:&quot;6a99235102150&quot;}\" data-wp-interactive=\"core\/image\" data-wp-key=\"6a99235102150\" class=\"wp-block-image size-full wp-lightbox-container\"><img decoding=\"async\" width=\"1500\" height=\"1000\" data-wp-class--hide=\"state.isContentHidden\" data-wp-class--show=\"state.isContentVisible\" data-wp-init=\"callbacks.setButtonStyles\" data-wp-on--click=\"actions.showLightbox\" data-wp-on--load=\"callbacks.setButtonStyles\" data-wp-on--pointerdown=\"actions.preloadImage\" data-wp-on--pointerenter=\"actions.preloadImageWithDelay\" data-wp-on--pointerleave=\"actions.cancelPreload\" data-wp-on-window--resize=\"callbacks.setButtonStyles\" src=\"https:\/\/www.loudavymkrokem.cz\/wp-content\/uploads\/2023\/05\/fontana-di-trevi.jpg\" alt=\"Fontana di Trevi\" class=\"wp-image-57902\" title=\"\"><button\n\t\t\tclass=\"lightbox-trigger\"\n\t\t\ttype=\"button\"\n\t\t\taria-haspopup=\"dialog\"\n\t\t\tdata-wp-bind--aria-label=\"state.thisImage.triggerButtonAriaLabel\"\n\t\t\tdata-wp-init=\"callbacks.initTriggerButton\"\n\t\t\tdata-wp-on--click=\"actions.showLightbox\"\n\t\t\tdata-wp-style--right=\"state.thisImage.buttonRight\"\n\t\t\tdata-wp-style--top=\"state.thisImage.buttonTop\"\n\t\t>\n\t\t\t<svg xmlns=\"http:\/\/www.w3.org\/2000\/svg\" width=\"12\" height=\"12\" fill=\"none\" viewBox=\"0 0 12 12\">\n\t\t\t\t<path fill=\"#fff\" d=\"M2 0a2 2 0 0 0-2 2v2h1.5V2a.5.5 0 0 1 .5-.5h2V0H2Zm2 10.5H2a.5.5 0 0 1-.5-.5V8H0v2a2 2 0 0 0 2 2h2v-1.5ZM8 12v-1.5h2a.5.5 0 0 0 .5-.5V8H12v2a2 2 0 0 1-2 2H8Zm2-12a2 2 0 0 1 2 2v2h-1.5V2a.5.5 0 0 0-.5-.5H8V0h2Z\" \/>\n\t\t\t<\/svg>\n\t\t<\/button><figcaption class=\"wp-element-caption\">Fontana di Trevi<\/figcaption><\/figure>\n\n\n\n<p class=\"wp-block-paragraph\">El Palatino suele aparecer en las gu\u00edas como una parada aparte, lo que puede confundir bastante, porque est\u00e1 <strong>f\u00edsicamente conectado con el Foro Romano<\/strong> y vale exactamente la misma entrada. Es la m\u00e1s importante de las siete colinas de Roma, donde seg\u00fan la antiqu\u00edsima leyenda comenz\u00f3 el poblamiento original de la ciudad y desde donde esta fue creciendo poco a poco hasta su grandeza imperial.<\/p>\n\n\n\n<p class=\"wp-block-paragraph\">En su \u00e9poca de mayor esplendor era un lugar exclusivo, una especie de <strong>Beverly Hills de la Antig\u00fcedad<\/strong>, donde los emperadores y la \u00e9lite m\u00e1s rica constru\u00edan sus fastuosos palacios de m\u00e1rmol. La cima del Palatino se considera una aut\u00e9ntica joya arqueol\u00f3gica por la gran cantidad de restos de edificios antiguos conservados. Frente al bullicioso Foro del valle, aqu\u00ed hay mucha m\u00e1s calma y encontrar\u00e1s incluso arom\u00e1ticos pinares que ofrecen la ansiada sombra.<\/p>\n\n\n\n<p class=\"wp-block-paragraph\">No te pierdas de ning\u00fan modo los <strong>preciosos Jardines Farnesio<\/strong> (Orti Farnesiani), construidos en el siglo XVI directamente sobre las ruinas antiguas. Ofrecen una de las vistas absolutamente m\u00e1s bonitas de todo el Foro Romano y el Coliseo a vista de p\u00e1jaro. Es un lugar ideal para sentarte un rato, descansar los pies doloridos e imaginar aquel bullicio de anta\u00f1o.<\/p>\n\n\n\n<h3 class=\"wp-block-heading\"><span class=\"ez-toc-section\" id=\"5_La_Fontana_di_Trevi_en_su_nuevo_regimen\"><\/span>5. La Fontana di Trevi en su nuevo r\u00e9gimen<span class=\"ez-toc-section-end\"><\/span><\/h3>\n\n\n\n<figure data-wp-context=\"{&quot;imageId&quot;:&quot;6a99235102873&quot;}\" data-wp-interactive=\"core\/image\" data-wp-key=\"6a99235102873\" class=\"wp-block-image size-full wp-lightbox-container\"><img decoding=\"async\" width=\"1400\" height=\"933\" data-wp-class--hide=\"state.isContentHidden\" data-wp-class--show=\"state.isContentVisible\" data-wp-init=\"callbacks.setButtonStyles\" data-wp-on--click=\"actions.showLightbox\" data-wp-on--load=\"callbacks.setButtonStyles\" data-wp-on--pointerdown=\"actions.preloadImage\" data-wp-on--pointerenter=\"actions.preloadImageWithDelay\" data-wp-on--pointerleave=\"actions.cancelPreload\" data-wp-on-window--resize=\"callbacks.setButtonStyles\" src=\"https:\/\/www.loudavymkrokem.cz\/wp-content\/uploads\/2023\/05\/forum-romanum.jpg\" alt=\"Foro Romano\" class=\"wp-image-57908\" title=\"\"><button\n\t\t\tclass=\"lightbox-trigger\"\n\t\t\ttype=\"button\"\n\t\t\taria-haspopup=\"dialog\"\n\t\t\tdata-wp-bind--aria-label=\"state.thisImage.triggerButtonAriaLabel\"\n\t\t\tdata-wp-init=\"callbacks.initTriggerButton\"\n\t\t\tdata-wp-on--click=\"actions.showLightbox\"\n\t\t\tdata-wp-style--right=\"state.thisImage.buttonRight\"\n\t\t\tdata-wp-style--top=\"state.thisImage.buttonTop\"\n\t\t>\n\t\t\t<svg xmlns=\"http:\/\/www.w3.org\/2000\/svg\" width=\"12\" height=\"12\" fill=\"none\" viewBox=\"0 0 12 12\">\n\t\t\t\t<path fill=\"#fff\" d=\"M2 0a2 2 0 0 0-2 2v2h1.5V2a.5.5 0 0 1 .5-.5h2V0H2Zm2 10.5H2a.5.5 0 0 1-.5-.5V8H0v2a2 2 0 0 0 2 2h2v-1.5ZM8 12v-1.5h2a.5.5 0 0 0 .5-.5V8H12v2a2 2 0 0 1-2 2H8Zm2-12a2 2 0 0 1 2 2v2h-1.5V2a.5.5 0 0 0-.5-.5H8V0h2Z\" \/>\n\t\t\t<\/svg>\n\t\t<\/button><figcaption class=\"wp-element-caption\">Foro Romano<\/figcaption><\/figure>\n\n\n\n<p class=\"wp-block-paragraph\">La <a href=\"https:\/\/loudavymkrokem.cz\/es\/fontana-di-trevi\/\">Fontana di Trevi<\/a> deber\u00eda ser uno de tus primeros destinos, porque se <strong>llena de turistas de todo el mundo a una velocidad incre\u00edble<\/strong>. La grandiosidad de esta fuente, que ocupa toda la fachada del palacio Poli, quita el aliento y siempre me vuelve a sorprender su majestuosidad abrumadora. Aunque no soy la mayor fan del barroco, esta joya del arquitecto Nicola Salvi cautiva a casi cualquiera.<\/p>\n\n\n\n<p class=\"wp-block-paragraph\">Pero 2026 trajo un cambio fundamental en c\u00f3mo visitar este monumento. Debido al exceso extremo de turistas, la ciudad introdujo un <strong>cobro de dos euros para todos los no residentes<\/strong> que quieran bajar las escaleras directamente hasta la fuente. El espacio ahora est\u00e1 acotado y vigilado por tornos que dejan entrar como m\u00e1ximo a cuatrocientas personas a la vez, para que la gente no se apelotone.<\/p>\n\n\n\n<p class=\"wp-block-paragraph\">Si no quieres pagar ni hacer cola, puedes admirar la fuente <strong>gratis desde el nivel superior de la plaza<\/strong>, pero los polic\u00edas con silbatos no te dejar\u00e1n mucho rato en un mismo sitio. El ritual tradicional de lanzar una moneda por encima del hombro izquierdo se mantiene, por supuesto. Intenta madrugar y llegar sobre las siete de la ma\u00f1ana, cuando oir\u00e1s el potente rumor del agua en absoluta calma, antes de que lleguen los primeros tours organizados.<\/p>\n\n\n\n<h3 class=\"wp-block-heading\"><span class=\"ez-toc-section\" id=\"6_El_subterraneo_oculto_Vicus_Caprarius\"><\/span>6. El subterr\u00e1neo oculto Vicus Caprarius<span class=\"ez-toc-section-end\"><\/span><\/h3>\n\n\n\n<figure data-wp-context=\"{&quot;imageId&quot;:&quot;6a99235102f8f&quot;}\" data-wp-interactive=\"core\/image\" data-wp-key=\"6a99235102f8f\" class=\"wp-block-image size-full wp-lightbox-container\"><img decoding=\"async\" width=\"1400\" height=\"933\" data-wp-class--hide=\"state.isContentHidden\" data-wp-class--show=\"state.isContentVisible\" data-wp-init=\"callbacks.setButtonStyles\" data-wp-on--click=\"actions.showLightbox\" data-wp-on--load=\"callbacks.setButtonStyles\" data-wp-on--pointerdown=\"actions.preloadImage\" data-wp-on--pointerenter=\"actions.preloadImageWithDelay\" data-wp-on--pointerleave=\"actions.cancelPreload\" data-wp-on-window--resize=\"callbacks.setButtonStyles\" src=\"https:\/\/www.loudavymkrokem.cz\/wp-content\/uploads\/2023\/05\/palatin.jpg\" alt=\"Palatino\" class=\"wp-image-57909\" title=\"\"><button\n\t\t\tclass=\"lightbox-trigger\"\n\t\t\ttype=\"button\"\n\t\t\taria-haspopup=\"dialog\"\n\t\t\tdata-wp-bind--aria-label=\"state.thisImage.triggerButtonAriaLabel\"\n\t\t\tdata-wp-init=\"callbacks.initTriggerButton\"\n\t\t\tdata-wp-on--click=\"actions.showLightbox\"\n\t\t\tdata-wp-style--right=\"state.thisImage.buttonRight\"\n\t\t\tdata-wp-style--top=\"state.thisImage.buttonTop\"\n\t\t>\n\t\t\t<svg xmlns=\"http:\/\/www.w3.org\/2000\/svg\" width=\"12\" height=\"12\" fill=\"none\" viewBox=\"0 0 12 12\">\n\t\t\t\t<path fill=\"#fff\" d=\"M2 0a2 2 0 0 0-2 2v2h1.5V2a.5.5 0 0 1 .5-.5h2V0H2Zm2 10.5H2a.5.5 0 0 1-.5-.5V8H0v2a2 2 0 0 0 2 2h2v-1.5ZM8 12v-1.5h2a.5.5 0 0 0 .5-.5V8H12v2a2 2 0 0 1-2 2H8Zm2-12a2 2 0 0 1 2 2v2h-1.5V2a.5.5 0 0 0-.5-.5H8V0h2Z\" \/>\n\t\t\t<\/svg>\n\t\t<\/button><figcaption class=\"wp-element-caption\">Palatino<\/figcaption><\/figure>\n\n\n\n<p class=\"wp-block-paragraph\">La mayor\u00eda de la gente, tras fotografiar la Fontana di Trevi, se marcha de inmediato hacia el Pante\u00f3n sin sospechar que a solo unos pasos se <strong>esconde un aut\u00e9ntico tesoro \u00fanico<\/strong>. En la discreta callejuela Vicolo del Puttignani est\u00e1 la entrada al yacimiento arqueol\u00f3gico Vicus Caprarius, apodado con toda raz\u00f3n la Ciudad del Agua.<\/p>\n\n\n\n<p class=\"wp-block-paragraph\">Es un fascinante laberinto de pasillos subterr\u00e1neos y cisternas antiguas por los que <strong>hoy sigue corriendo agua cristalina<\/strong> del acueducto milenario Aqua Virgo. Precisamente este incre\u00edble acueducto sigue alimentando la famosa Fontana di Trevi justo sobre tu cabeza. Descender a este subterr\u00e1neo funciona como un escape perfecto de la locura de la multitud de la plaza.<\/p>\n\n\n\n<p class=\"wp-block-paragraph\">Aqu\u00ed reina un frescor muy agradable, un silencio absoluto y solo oir\u00e1s las <strong>suaves gotas cayendo sobre los ladrillos antiguos<\/strong>. Las entradas cuestan solo unos pocos euros y recomiendo reservarlas por adelantado en su web, porque la capacidad de los espacios subterr\u00e1neos est\u00e1 bastante limitada por seguridad y en taquilla suele estar agotado.<\/p>\n\n\n\n<h3 class=\"wp-block-heading\"><span class=\"ez-toc-section\" id=\"7_El_Panteon_y_su_cupula_abierta\"><\/span>7. El Pante\u00f3n y su c\u00fapula abierta<span class=\"ez-toc-section-end\"><\/span><\/h3>\n\n\n\n<figure data-wp-context=\"{&quot;imageId&quot;:&quot;6a992351039c8&quot;}\" data-wp-interactive=\"core\/image\" data-wp-key=\"6a992351039c8\" class=\"wp-block-image size-full wp-lightbox-container\"><img decoding=\"async\" width=\"1400\" height=\"933\" data-wp-class--hide=\"state.isContentHidden\" data-wp-class--show=\"state.isContentVisible\" data-wp-init=\"callbacks.setButtonStyles\" data-wp-on--click=\"actions.showLightbox\" data-wp-on--load=\"callbacks.setButtonStyles\" data-wp-on--pointerdown=\"actions.preloadImage\" data-wp-on--pointerenter=\"actions.preloadImageWithDelay\" data-wp-on--pointerleave=\"actions.cancelPreload\" data-wp-on-window--resize=\"callbacks.setButtonStyles\" src=\"https:\/\/www.loudavymkrokem.cz\/wp-content\/uploads\/2023\/05\/colosseum.jpg\" alt=\"Coliseo\" class=\"wp-image-57907\" title=\"\"><button\n\t\t\tclass=\"lightbox-trigger\"\n\t\t\ttype=\"button\"\n\t\t\taria-haspopup=\"dialog\"\n\t\t\tdata-wp-bind--aria-label=\"state.thisImage.triggerButtonAriaLabel\"\n\t\t\tdata-wp-init=\"callbacks.initTriggerButton\"\n\t\t\tdata-wp-on--click=\"actions.showLightbox\"\n\t\t\tdata-wp-style--right=\"state.thisImage.buttonRight\"\n\t\t\tdata-wp-style--top=\"state.thisImage.buttonTop\"\n\t\t>\n\t\t\t<svg xmlns=\"http:\/\/www.w3.org\/2000\/svg\" width=\"12\" height=\"12\" fill=\"none\" viewBox=\"0 0 12 12\">\n\t\t\t\t<path fill=\"#fff\" d=\"M2 0a2 2 0 0 0-2 2v2h1.5V2a.5.5 0 0 1 .5-.5h2V0H2Zm2 10.5H2a.5.5 0 0 1-.5-.5V8H0v2a2 2 0 0 0 2 2h2v-1.5ZM8 12v-1.5h2a.5.5 0 0 0 .5-.5V8H12v2a2 2 0 0 1-2 2H8Zm2-12a2 2 0 0 1 2 2v2h-1.5V2a.5.5 0 0 0-.5-.5H8V0h2Z\" \/>\n\t\t\t<\/svg>\n\t\t<\/button><figcaption class=\"wp-element-caption\">Coliseo<\/figcaption><\/figure>\n\n\n\n<p class=\"wp-block-paragraph\">Uno de mis recuerdos de infancia m\u00e1s fuertes de Roma est\u00e1 ligado precisamente al <a href=\"https:\/\/loudavymkrokem.cz\/es\/panteon-roma-entradas-consejos\/\">Pante\u00f3n<\/a>. Recuerdo que pase\u00e1bamos por callejuelas estrechas y de repente se alz\u00f3 ante nosotros un <strong>enorme edificio con potentes columnas de granito<\/strong> que los romanos trajeron desde el lejano Egipto. El Pante\u00f3n es el edificio antiguo mejor conservado del mundo y su enorme c\u00fapula de hormig\u00f3n sigue siendo hoy una maravilla arquitect\u00f3nica fascinante.<\/p>\n\n\n\n<p class=\"wp-block-paragraph\">En el centro de la c\u00fapula se abre un <strong>\u00f3culo circular de nueve metros<\/strong>, la \u00fanica fuente de luz natural del edificio. Cuando llueve en Roma, el agua cae por el \u00f3culo directamente sobre el suelo de m\u00e1rmol, de donde la evacua al instante un ingenioso sistema antiguo de discretos canalillos. Dentro encontrar\u00e1s tambi\u00e9n la tumba del genio renacentista Rafael Sanzio, ante la que la gente va a rendir homenaje.<\/p>\n\n\n\n<p class=\"wp-block-paragraph\">La \u00e9poca en que pod\u00edas entrar al Pante\u00f3n sin m\u00e1s desde la calle, por desgracia, qued\u00f3 atr\u00e1s para siempre. La entrada <strong>desde el 1 de julio de 2026 cuesta siete euros<\/strong> (subida desde los cinco originales) y hay que conseguirla en el portal oficial del ministerio de cultura. Los ciudadanos de la UE de 18 a 25 a\u00f1os pagan dos euros, los menores de 18 y el primer domingo de mes la entrada es gratis. Intentar reservar la hora de apertura de la ma\u00f1ana es la mejor opci\u00f3n, porque el aire de dentro a\u00fan est\u00e1 fresquito y la luz del \u00f3culo es m\u00e1gica.<\/p>\n\n\n\n<h3 class=\"wp-block-heading\"><span class=\"ez-toc-section\" id=\"8_Piazza_Navona_y_la_Fuente_de_los_Cuatro_Rios\"><\/span>8. Piazza Navona y la Fuente de los Cuatro R\u00edos<span class=\"ez-toc-section-end\"><\/span><\/h3>\n\n\n\n<figure data-wp-context=\"{&quot;imageId&quot;:&quot;6a99235103fa5&quot;}\" data-wp-interactive=\"core\/image\" data-wp-key=\"6a99235103fa5\" class=\"wp-block-image size-full wp-lightbox-container\"><img decoding=\"async\" width=\"1400\" height=\"933\" data-wp-class--hide=\"state.isContentHidden\" data-wp-class--show=\"state.isContentVisible\" data-wp-init=\"callbacks.setButtonStyles\" data-wp-on--click=\"actions.showLightbox\" data-wp-on--load=\"callbacks.setButtonStyles\" data-wp-on--pointerdown=\"actions.preloadImage\" data-wp-on--pointerenter=\"actions.preloadImageWithDelay\" data-wp-on--pointerleave=\"actions.cancelPreload\" data-wp-on-window--resize=\"callbacks.setButtonStyles\" src=\"https:\/\/www.loudavymkrokem.cz\/wp-content\/uploads\/2023\/05\/piazza-venezia.jpg\" alt=\"Piazza Venezia\" class=\"wp-image-57912\" title=\"\"><button\n\t\t\tclass=\"lightbox-trigger\"\n\t\t\ttype=\"button\"\n\t\t\taria-haspopup=\"dialog\"\n\t\t\tdata-wp-bind--aria-label=\"state.thisImage.triggerButtonAriaLabel\"\n\t\t\tdata-wp-init=\"callbacks.initTriggerButton\"\n\t\t\tdata-wp-on--click=\"actions.showLightbox\"\n\t\t\tdata-wp-style--right=\"state.thisImage.buttonRight\"\n\t\t\tdata-wp-style--top=\"state.thisImage.buttonTop\"\n\t\t>\n\t\t\t<svg xmlns=\"http:\/\/www.w3.org\/2000\/svg\" width=\"12\" height=\"12\" fill=\"none\" viewBox=\"0 0 12 12\">\n\t\t\t\t<path fill=\"#fff\" d=\"M2 0a2 2 0 0 0-2 2v2h1.5V2a.5.5 0 0 1 .5-.5h2V0H2Zm2 10.5H2a.5.5 0 0 1-.5-.5V8H0v2a2 2 0 0 0 2 2h2v-1.5ZM8 12v-1.5h2a.5.5 0 0 0 .5-.5V8H12v2a2 2 0 0 1-2 2H8Zm2-12a2 2 0 0 1 2 2v2h-1.5V2a.5.5 0 0 0-.5-.5H8V0h2Z\" \/>\n\t\t\t<\/svg>\n\t\t<\/button><figcaption class=\"wp-element-caption\">Piazza Venezia<\/figcaption><\/figure>\n\n\n\n<p class=\"wp-block-paragraph\">Desde el Pante\u00f3n puedes ir directamente a la plaza <a href=\"https:\/\/loudavymkrokem.cz\/es\/piazza-navona-roma-italia\/\">Piazza Navona<\/a>, que ha conservado hasta hoy <strong>la inconfundible forma alargada<\/strong> del antiguo estadio de Domiciano, sobre cuyas ruinas se construy\u00f3. En la Edad Media se celebraban aqu\u00ed torneos de caballeros y durante el siglo XVII la plaza fue escenario de grandiosas fiestas acu\u00e1ticas, cuando se inundaba a prop\u00f3sito y la nobleza paseaba en peque\u00f1as barcas.<\/p>\n\n\n\n<p class=\"wp-block-paragraph\">El espacio est\u00e1 dominado por la impresionante <strong>Fuente de los Cuatro R\u00edos de Bernini<\/strong> (Fontana dei Quattro Fiumi), que simboliza los grandes r\u00edos de los cuatro continentes conocidos entonces. Seg\u00fan una maliciosa leyenda urbana, la estatua que representa el R\u00edo de la Plata se cubre la cara de horror para no tener que mirar la iglesia Sant&#8217;Agnese in Agone, dise\u00f1ada por Borromini, el archirrival de Bernini. Los romanos adoran esta divertida historia y les encanta cont\u00e1rsela a los turistas.<\/p>\n\n\n\n<p class=\"wp-block-paragraph\">La plaza est\u00e1 llena de artistas callejeros, caricaturistas y m\u00fasicos, as\u00ed que reina un ambiente vivo estupendo, sobre todo al atardecer. Pero desde el punto de vista gastron\u00f3mico es un aut\u00e9ntico campo de minas, as\u00ed que <strong>evita con un gran rodeo los restaurantes con vistas a la plaza<\/strong>. Son lo peor de las trampas tur\u00edsticas romanas y un simple cappuccino tomado en una mesita puede costarte aqu\u00ed hasta unos absurdos siete euros.<\/p>\n\n\n\n<h3 class=\"wp-block-heading\"><span class=\"ez-toc-section\" id=\"9_Los_Museos_Vaticanos\"><\/span>9. Los Museos Vaticanos<span class=\"ez-toc-section-end\"><\/span><\/h3>\n\n\n\n<figure data-wp-context=\"{&quot;imageId&quot;:&quot;6a992351045fa&quot;}\" data-wp-interactive=\"core\/image\" data-wp-key=\"6a992351045fa\" class=\"wp-block-image size-full wp-lightbox-container\"><img decoding=\"async\" width=\"1400\" height=\"933\" data-wp-class--hide=\"state.isContentHidden\" data-wp-class--show=\"state.isContentVisible\" data-wp-init=\"callbacks.setButtonStyles\" data-wp-on--click=\"actions.showLightbox\" data-wp-on--load=\"callbacks.setButtonStyles\" data-wp-on--pointerdown=\"actions.preloadImage\" data-wp-on--pointerenter=\"actions.preloadImageWithDelay\" data-wp-on--pointerleave=\"actions.cancelPreload\" data-wp-on-window--resize=\"callbacks.setButtonStyles\" src=\"https:\/\/www.loudavymkrokem.cz\/wp-content\/uploads\/2023\/05\/pantheon.jpg\" alt=\"Pante\u00f3n\" class=\"wp-image-57910\" title=\"\"><button\n\t\t\tclass=\"lightbox-trigger\"\n\t\t\ttype=\"button\"\n\t\t\taria-haspopup=\"dialog\"\n\t\t\tdata-wp-bind--aria-label=\"state.thisImage.triggerButtonAriaLabel\"\n\t\t\tdata-wp-init=\"callbacks.initTriggerButton\"\n\t\t\tdata-wp-on--click=\"actions.showLightbox\"\n\t\t\tdata-wp-style--right=\"state.thisImage.buttonRight\"\n\t\t\tdata-wp-style--top=\"state.thisImage.buttonTop\"\n\t\t>\n\t\t\t<svg xmlns=\"http:\/\/www.w3.org\/2000\/svg\" width=\"12\" height=\"12\" fill=\"none\" viewBox=\"0 0 12 12\">\n\t\t\t\t<path fill=\"#fff\" d=\"M2 0a2 2 0 0 0-2 2v2h1.5V2a.5.5 0 0 1 .5-.5h2V0H2Zm2 10.5H2a.5.5 0 0 1-.5-.5V8H0v2a2 2 0 0 0 2 2h2v-1.5ZM8 12v-1.5h2a.5.5 0 0 0 .5-.5V8H12v2a2 2 0 0 1-2 2H8Zm2-12a2 2 0 0 1 2 2v2h-1.5V2a.5.5 0 0 0-.5-.5H8V0h2Z\" \/>\n\t\t\t<\/svg>\n\t\t<\/button><figcaption class=\"wp-element-caption\">Pante\u00f3n<\/figcaption><\/figure>\n\n\n\n<p class=\"wp-block-paragraph\">Al Estado del Vaticano res\u00e9rvale idealmente un d\u00eda entero y no te arrepentir\u00e1s ni un minuto. Los Museos Vaticanos reciben millones de personas al a\u00f1o y son un enorme laberinto de pasillos, palacios conectados y galer\u00edas cuya <strong>ruta de visita mide casi diez kil\u00f3metros<\/strong>. Encontrar\u00e1s colecciones de valor incalculable, desde el grupo escult\u00f3rico antiguo del Laocoonte y sus hijos hasta la impresionante Galer\u00eda de los Mapas con su precioso techo dorado artesonado.<\/p>\n\n\n\n<p class=\"wp-block-paragraph\">Sabiendo esto, tienes que comprar sin falta la <strong>entrada por adelantado en la web oficial del Vaticano<\/strong> (sale por unos 25 \u20ac con la tasa incluida), tranquilamente sesenta d\u00edas antes. Nosotros elegimos las horas de la tarde, buscando escapar del mayor calor, pero el aire acondicionado de los museos no daba abasto. Los viajeros experimentados aconsejan ir a la apertura de la ma\u00f1ana, sobre las ocho, cuando los suelos est\u00e1n reci\u00e9n fregados y el aire es mucho m\u00e1s respirable.<\/p>\n\n\n\n<p class=\"wp-block-paragraph\">Elegimos la visita con audiogu\u00eda y, aunque al principio est\u00e1bamos decididos a escucharlo todo, muy pronto descubrimos que simplemente no estaba en nuestras manos. Tendr\u00edamos que haber pasado all\u00ed unas diez horas y los pies ya se nos ca\u00edan. <strong>Elige por eso solo las exposiciones que de verdad te interesen<\/strong>, para no agotarte innecesariamente en el primer tercio de este enorme complejo.<\/p>\n\n\n\n<h3 class=\"wp-block-heading\"><span class=\"ez-toc-section\" id=\"10_La_Capilla_Sixtina\"><\/span>10. La Capilla Sixtina<span class=\"ez-toc-section-end\"><\/span><\/h3>\n\n\n\n<figure data-wp-context=\"{&quot;imageId&quot;:&quot;6a99235104b81&quot;}\" data-wp-interactive=\"core\/image\" data-wp-key=\"6a99235104b81\" class=\"wp-block-image size-full wp-lightbox-container\"><img decoding=\"async\" width=\"1400\" height=\"933\" data-wp-class--hide=\"state.isContentHidden\" data-wp-class--show=\"state.isContentVisible\" data-wp-init=\"callbacks.setButtonStyles\" data-wp-on--click=\"actions.showLightbox\" data-wp-on--load=\"callbacks.setButtonStyles\" data-wp-on--pointerdown=\"actions.preloadImage\" data-wp-on--pointerenter=\"actions.preloadImageWithDelay\" data-wp-on--pointerleave=\"actions.cancelPreload\" data-wp-on-window--resize=\"callbacks.setButtonStyles\" src=\"https:\/\/www.loudavymkrokem.cz\/wp-content\/uploads\/2023\/05\/fontana-ctyr-rek.jpg\" alt=\"Fuente de los Cuatro R\u00edos\" class=\"wp-image-57913\" title=\"\"><button\n\t\t\tclass=\"lightbox-trigger\"\n\t\t\ttype=\"button\"\n\t\t\taria-haspopup=\"dialog\"\n\t\t\tdata-wp-bind--aria-label=\"state.thisImage.triggerButtonAriaLabel\"\n\t\t\tdata-wp-init=\"callbacks.initTriggerButton\"\n\t\t\tdata-wp-on--click=\"actions.showLightbox\"\n\t\t\tdata-wp-style--right=\"state.thisImage.buttonRight\"\n\t\t\tdata-wp-style--top=\"state.thisImage.buttonTop\"\n\t\t>\n\t\t\t<svg xmlns=\"http:\/\/www.w3.org\/2000\/svg\" width=\"12\" height=\"12\" fill=\"none\" viewBox=\"0 0 12 12\">\n\t\t\t\t<path fill=\"#fff\" d=\"M2 0a2 2 0 0 0-2 2v2h1.5V2a.5.5 0 0 1 .5-.5h2V0H2Zm2 10.5H2a.5.5 0 0 1-.5-.5V8H0v2a2 2 0 0 0 2 2h2v-1.5ZM8 12v-1.5h2a.5.5 0 0 0 .5-.5V8H12v2a2 2 0 0 1-2 2H8Zm2-12a2 2 0 0 1 2 2v2h-1.5V2a.5.5 0 0 0-.5-.5H8V0h2Z\" \/>\n\t\t\t<\/svg>\n\t\t<\/button><figcaption class=\"wp-element-caption\">Fuente de los Cuatro R\u00edos<\/figcaption><\/figure>\n\n\n\n<p class=\"wp-block-paragraph\">La Capilla Sixtina est\u00e1 al final del recorrido de los Museos Vaticanos y <strong>no existe ning\u00fan atajo oficial<\/strong> para llegar directamente a ella. Todos conocemos los famosos frescos de la b\u00f3veda de Miguel \u00c1ngel Buonarroti, que pas\u00f3 aqu\u00ed cuatro a\u00f1os de duro trabajo sobre un andamio de madera. Pero si amas el arte, seguro que tambi\u00e9n te fijas en los preciosos frescos laterales de Botticelli, Perugino o Ghirlandaio.<\/p>\n\n\n\n<p class=\"wp-block-paragraph\">Es un espacio consagrado cuya funci\u00f3n principal es reunir al colegio de cardenales, que se congrega aqu\u00ed para la votaci\u00f3n secreta del nuevo papa, el llamado c\u00f3nclave. Por esta raz\u00f3n rigen aqu\u00ed reglas muy estrictas y la <strong>prohibici\u00f3n de fotografiar y grabar vale absolutamente para todos<\/strong>. Los vigilantes recorren la capilla sin parar, amonestan en voz alta a los turistas para que guarden silencio y, si te pillan con el m\u00f3vil, te obligan a borrar la foto delante de ellos de forma humillante.<\/p>\n\n\n\n<p class=\"wp-block-paragraph\">\ud83d\udca1 Consejo: en la esquina trasera derecha de la capilla hay una puerta discreta que lleva <strong>directamente a la escalera hacia la bas\u00edlica de San Pedro<\/strong>. Oficialmente est\u00e1 reservada solo para grupos organizados con gu\u00eda, pero a veces los turistas individuales logran colarse con un grupo grande. As\u00ed te ahorras veinte minutos a pie y otra agotadora espera en la cola del control de seguridad de la plaza.<\/p>\n\n\n\n<h3 class=\"wp-block-heading\"><span class=\"ez-toc-section\" id=\"11_La_basilica_de_San_Pedro\"><\/span>11. La bas\u00edlica de San Pedro<span class=\"ez-toc-section-end\"><\/span><\/h3>\n\n\n\n<figure data-wp-context=\"{&quot;imageId&quot;:&quot;6a9923510511e&quot;}\" data-wp-interactive=\"core\/image\" data-wp-key=\"6a9923510511e\" class=\"wp-block-image size-full wp-lightbox-container\"><img decoding=\"async\" width=\"1400\" height=\"933\" data-wp-class--hide=\"state.isContentHidden\" data-wp-class--show=\"state.isContentVisible\" data-wp-init=\"callbacks.setButtonStyles\" data-wp-on--click=\"actions.showLightbox\" data-wp-on--load=\"callbacks.setButtonStyles\" data-wp-on--pointerdown=\"actions.preloadImage\" data-wp-on--pointerenter=\"actions.preloadImageWithDelay\" data-wp-on--pointerleave=\"actions.cancelPreload\" data-wp-on-window--resize=\"callbacks.setButtonStyles\" src=\"https:\/\/www.loudavymkrokem.cz\/wp-content\/uploads\/2023\/05\/spanelske-schody.jpg\" alt=\"Escalinata de la Plaza de Espa\u00f1a\" class=\"wp-image-57905\" title=\"\"><button\n\t\t\tclass=\"lightbox-trigger\"\n\t\t\ttype=\"button\"\n\t\t\taria-haspopup=\"dialog\"\n\t\t\tdata-wp-bind--aria-label=\"state.thisImage.triggerButtonAriaLabel\"\n\t\t\tdata-wp-init=\"callbacks.initTriggerButton\"\n\t\t\tdata-wp-on--click=\"actions.showLightbox\"\n\t\t\tdata-wp-style--right=\"state.thisImage.buttonRight\"\n\t\t\tdata-wp-style--top=\"state.thisImage.buttonTop\"\n\t\t>\n\t\t\t<svg xmlns=\"http:\/\/www.w3.org\/2000\/svg\" width=\"12\" height=\"12\" fill=\"none\" viewBox=\"0 0 12 12\">\n\t\t\t\t<path fill=\"#fff\" d=\"M2 0a2 2 0 0 0-2 2v2h1.5V2a.5.5 0 0 1 .5-.5h2V0H2Zm2 10.5H2a.5.5 0 0 1-.5-.5V8H0v2a2 2 0 0 0 2 2h2v-1.5ZM8 12v-1.5h2a.5.5 0 0 0 .5-.5V8H12v2a2 2 0 0 1-2 2H8Zm2-12a2 2 0 0 1 2 2v2h-1.5V2a.5.5 0 0 0-.5-.5H8V0h2Z\" \/>\n\t\t\t<\/svg>\n\t\t<\/button><figcaption class=\"wp-element-caption\">Escalinata de la Plaza de Espa\u00f1a<\/figcaption><\/figure>\n\n\n\n<p class=\"wp-block-paragraph\">El poeta Goethe dijo una vez, seg\u00fan cuentan, que entrar en la bas\u00edlica de San Pedro es como entrar directamente en la eternidad, y no puedo estar m\u00e1s de acuerdo con \u00e9l. Es el <strong>edificio cat\u00f3lico m\u00e1s grande y suntuoso del mundo<\/strong>, cuyas dimensiones simplemente te dejan pasmado. Nada m\u00e1s entrar te recibe la Piedad de m\u00e1rmol de Miguel \u00c1ngel protegida por un cristal antibalas y en el centro de la enorme nave se alza el monumental baldaquino de bronce de Bernini.<\/p>\n\n\n\n<p class=\"wp-block-paragraph\">La entrada a la propia bas\u00edlica es totalmente gratis, lo que l\u00f3gicamente atrae enormes masas de gente de todo el mundo. El principal obst\u00e1culo es el <strong>control de seguridad con detectores de metales tipo aeropuerto<\/strong> situado fuera, en la Plaza de San Pedro. La serpiente de gente serpentea en temporada alrededor del obelisco egipcio y la espera puede alargarse hasta dos horas, as\u00ed que si quieres evitarlo tienes que llegar ya sobre las siete de la ma\u00f1ana.<\/p>\n\n\n\n<p class=\"wp-block-paragraph\">No olvides el <strong>implacable c\u00f3digo de vestimenta<\/strong> que la guardia suiza y los ordenanzas controlan sin la menor piedad. Los hombros y las rodillas deben estar cubiertos sin excepci\u00f3n, tanto para hombres como para mujeres. Ni camisetas de tirantes, ni pantalones cortos ni vestidos de verano por encima de la rodilla te dejar\u00e1n pasar, aunque lleves una hora fuera bajo un sol de treinta grados. Lleva siempre en la mochila un pa\u00f1uelo ligero y ancho con el que cubrirte elegantemente antes de entrar.<\/p>\n\n\n\n<h3 class=\"wp-block-heading\"><span class=\"ez-toc-section\" id=\"12_La_subida_a_la_cupula_de_la_basilica\"><\/span>12. La subida a la c\u00fapula de la bas\u00edlica<span class=\"ez-toc-section-end\"><\/span><\/h3>\n\n\n\n<figure data-wp-context=\"{&quot;imageId&quot;:&quot;6a992351059ea&quot;}\" data-wp-interactive=\"core\/image\" data-wp-key=\"6a992351059ea\" class=\"wp-block-image size-full wp-lightbox-container\"><img decoding=\"async\" width=\"1400\" height=\"933\" data-wp-class--hide=\"state.isContentHidden\" data-wp-class--show=\"state.isContentVisible\" data-wp-init=\"callbacks.setButtonStyles\" data-wp-on--click=\"actions.showLightbox\" data-wp-on--load=\"callbacks.setButtonStyles\" data-wp-on--pointerdown=\"actions.preloadImage\" data-wp-on--pointerenter=\"actions.preloadImageWithDelay\" data-wp-on--pointerleave=\"actions.cancelPreload\" data-wp-on-window--resize=\"callbacks.setButtonStyles\" src=\"https:\/\/www.loudavymkrokem.cz\/wp-content\/uploads\/2023\/05\/namesti-popolo.jpg\" alt=\"Piazza del Popolo\" class=\"wp-image-57915\" title=\"\"><button\n\t\t\tclass=\"lightbox-trigger\"\n\t\t\ttype=\"button\"\n\t\t\taria-haspopup=\"dialog\"\n\t\t\tdata-wp-bind--aria-label=\"state.thisImage.triggerButtonAriaLabel\"\n\t\t\tdata-wp-init=\"callbacks.initTriggerButton\"\n\t\t\tdata-wp-on--click=\"actions.showLightbox\"\n\t\t\tdata-wp-style--right=\"state.thisImage.buttonRight\"\n\t\t\tdata-wp-style--top=\"state.thisImage.buttonTop\"\n\t\t>\n\t\t\t<svg xmlns=\"http:\/\/www.w3.org\/2000\/svg\" width=\"12\" height=\"12\" fill=\"none\" viewBox=\"0 0 12 12\">\n\t\t\t\t<path fill=\"#fff\" d=\"M2 0a2 2 0 0 0-2 2v2h1.5V2a.5.5 0 0 1 .5-.5h2V0H2Zm2 10.5H2a.5.5 0 0 1-.5-.5V8H0v2a2 2 0 0 0 2 2h2v-1.5ZM8 12v-1.5h2a.5.5 0 0 0 .5-.5V8H12v2a2 2 0 0 1-2 2H8Zm2-12a2 2 0 0 1 2 2v2h-1.5V2a.5.5 0 0 0-.5-.5H8V0h2Z\" \/>\n\t\t\t<\/svg>\n\t\t<\/button><figcaption class=\"wp-element-caption\">Piazza del Popolo<\/figcaption><\/figure>\n\n\n\n<p class=\"wp-block-paragraph\">Al visitar el Vaticano no te pierdas la bastante fatigosa subida a la c\u00fapula de la bas\u00edlica de San Pedro, que ofrece una de las <strong>mejores vistas absolutas de la sim\u00e9trica Plaza de San Pedro<\/strong> y de los cuidad\u00edsimos jardines vaticanos. El acceso a la c\u00fapula es de pago y la discreta entrada la encuentras a la derecha del p\u00f3rtico de la bas\u00edlica, justo antes de entrar al templo principal.<\/p>\n\n\n\n<p class=\"wp-block-paragraph\">Tienes dos opciones para llegar arriba. O subes a pie los 551 escalones por ocho euros, o por diez euros te lo pones algo m\u00e1s f\u00e1cil y <strong>subes en ascensor hasta el nivel del tejado de la bas\u00edlica<\/strong>. Pero los \u00faltimos 320 escalones tienes que hacerlos siempre a pie, pagues lo que pagues, porque el ascensor simplemente no sube m\u00e1s.<\/p>\n\n\n\n<p class=\"wp-block-paragraph\">Esta parte final va por la propia c\u00e1scara de la c\u00fapula, las paredes se inclinan notablemente hacia dentro y <strong>la escalera se estrecha en una espiral apretada<\/strong>, donde tienes que agarrarte a una gruesa cuerda. El espacio es bastante claustrof\u00f3bico y en los meses de verano falta circulaci\u00f3n de aire, as\u00ed que sudar\u00e1s de lo lindo. Pero tu recompensa ser\u00e1 una vista inolvidable desde la galer\u00eda superior, con toda Roma y el r\u00edo T\u00edber como en la palma de la mano.<\/p>\n\n\n\n<h3 class=\"wp-block-heading\"><span class=\"ez-toc-section\" id=\"13_La_Plaza_de_San_Pedro_y_la_audiencia_papal\"><\/span>13. La Plaza de San Pedro y la audiencia papal<span class=\"ez-toc-section-end\"><\/span><\/h3>\n\n\n\n<figure data-wp-context=\"{&quot;imageId&quot;:&quot;6a99235105e9b&quot;}\" data-wp-interactive=\"core\/image\" data-wp-key=\"6a99235105e9b\" class=\"wp-block-image size-full wp-lightbox-container\"><img decoding=\"async\" width=\"1400\" height=\"933\" data-wp-class--hide=\"state.isContentHidden\" data-wp-class--show=\"state.isContentVisible\" data-wp-init=\"callbacks.setButtonStyles\" data-wp-on--click=\"actions.showLightbox\" data-wp-on--load=\"callbacks.setButtonStyles\" data-wp-on--pointerdown=\"actions.preloadImage\" data-wp-on--pointerenter=\"actions.preloadImageWithDelay\" data-wp-on--pointerleave=\"actions.cancelPreload\" data-wp-on-window--resize=\"callbacks.setButtonStyles\" src=\"https:\/\/www.loudavymkrokem.cz\/wp-content\/uploads\/2023\/05\/piazza-del-popolo.jpg\" alt=\"Vista desde el Pincio\" class=\"wp-image-57914\" title=\"\"><button\n\t\t\tclass=\"lightbox-trigger\"\n\t\t\ttype=\"button\"\n\t\t\taria-haspopup=\"dialog\"\n\t\t\tdata-wp-bind--aria-label=\"state.thisImage.triggerButtonAriaLabel\"\n\t\t\tdata-wp-init=\"callbacks.initTriggerButton\"\n\t\t\tdata-wp-on--click=\"actions.showLightbox\"\n\t\t\tdata-wp-style--right=\"state.thisImage.buttonRight\"\n\t\t\tdata-wp-style--top=\"state.thisImage.buttonTop\"\n\t\t>\n\t\t\t<svg xmlns=\"http:\/\/www.w3.org\/2000\/svg\" width=\"12\" height=\"12\" fill=\"none\" viewBox=\"0 0 12 12\">\n\t\t\t\t<path fill=\"#fff\" d=\"M2 0a2 2 0 0 0-2 2v2h1.5V2a.5.5 0 0 1 .5-.5h2V0H2Zm2 10.5H2a.5.5 0 0 1-.5-.5V8H0v2a2 2 0 0 0 2 2h2v-1.5ZM8 12v-1.5h2a.5.5 0 0 0 .5-.5V8H12v2a2 2 0 0 1-2 2H8Zm2-12a2 2 0 0 1 2 2v2h-1.5V2a.5.5 0 0 0-.5-.5H8V0h2Z\" \/>\n\t\t\t<\/svg>\n\t\t<\/button><figcaption class=\"wp-element-caption\">Vista desde el Pincio<\/figcaption><\/figure>\n\n\n\n<p class=\"wp-block-paragraph\">Si vas al Vaticano, la enorme Plaza de San Pedro (Piazza San Pietro) no te la vas a saltar. Es una obra arquitect\u00f3nica \u00fanica de Gian Lorenzo Bernini de mediados del siglo XVII y sus dimensiones son fascinantes, porque <strong>puede albergar hasta cuatrocientos mil fieles<\/strong>. La plaza est\u00e1 delimitada por una enorme columnata el\u00edptica con cientos de columnas, que simboliza los brazos abiertos de la Iglesia.<\/p>\n\n\n\n<p class=\"wp-block-paragraph\">El centro de la plaza est\u00e1 dominado por un <strong>obelisco egipcio de trescientas treinta y una toneladas y veinticinco metros de altura<\/strong>, que hizo traer a Roma el emperador Cal\u00edgula, y por dos preciosas fuentes sim\u00e9tricas. Si te colocas en los discos de m\u00e1rmol especialmente marcados en el pavimento entre el obelisco y las fuentes, ocurre un milagro \u00f3ptico y las cuatro filas de columnas de la columnata se funden en perfecto alineamiento en una sola fila.<\/p>\n\n\n\n<p class=\"wp-block-paragraph\">Cada mi\u00e9rcoles por la ma\u00f1ana se celebra aqu\u00ed la <strong>audiencia papal habitual<\/strong>, que tiene un ambiente irrepetible. Las entradas son totalmente gratis y puedes recogerlas ante la guardia suiza el d\u00eda anterior, o solicitarlas online. Pero aun con entrada tienes que madrugar y ocupar sitio junto a las vallas de madera ya sobre las siete y media de la ma\u00f1ana para ver de cerca al Santo Padre en el papam\u00f3vil.<\/p>\n\n\n\n<h3 class=\"wp-block-heading\"><span class=\"ez-toc-section\" id=\"14_El_Castillo_de_SantAngelo\"><\/span>14. El Castillo de Sant&#8217;Angelo<span class=\"ez-toc-section-end\"><\/span><\/h3>\n\n\n\n<figure data-wp-context=\"{&quot;imageId&quot;:&quot;6a992351064d6&quot;}\" data-wp-interactive=\"core\/image\" data-wp-key=\"6a992351064d6\" class=\"wp-block-image size-full wp-lightbox-container\"><img decoding=\"async\" data-wp-class--hide=\"state.isContentHidden\" data-wp-class--show=\"state.isContentVisible\" data-wp-init=\"callbacks.setButtonStyles\" data-wp-on--click=\"actions.showLightbox\" data-wp-on--load=\"callbacks.setButtonStyles\" data-wp-on--pointerdown=\"actions.preloadImage\" data-wp-on--pointerenter=\"actions.preloadImageWithDelay\" data-wp-on--pointerleave=\"actions.cancelPreload\" data-wp-on-window--resize=\"callbacks.setButtonStyles\" src=\"https:\/\/www.loudavymkrokem.cz\/wp-content\/uploads\/2023\/05\/andelsky-hrad.jpg\" alt=\"Castillo de Sant&#039;Angelo\" title=\"\"><button\n\t\t\tclass=\"lightbox-trigger\"\n\t\t\ttype=\"button\"\n\t\t\taria-haspopup=\"dialog\"\n\t\t\tdata-wp-bind--aria-label=\"state.thisImage.triggerButtonAriaLabel\"\n\t\t\tdata-wp-init=\"callbacks.initTriggerButton\"\n\t\t\tdata-wp-on--click=\"actions.showLightbox\"\n\t\t\tdata-wp-style--right=\"state.thisImage.buttonRight\"\n\t\t\tdata-wp-style--top=\"state.thisImage.buttonTop\"\n\t\t>\n\t\t\t<svg xmlns=\"http:\/\/www.w3.org\/2000\/svg\" width=\"12\" height=\"12\" fill=\"none\" viewBox=\"0 0 12 12\">\n\t\t\t\t<path fill=\"#fff\" d=\"M2 0a2 2 0 0 0-2 2v2h1.5V2a.5.5 0 0 1 .5-.5h2V0H2Zm2 10.5H2a.5.5 0 0 1-.5-.5V8H0v2a2 2 0 0 0 2 2h2v-1.5ZM8 12v-1.5h2a.5.5 0 0 0 .5-.5V8H12v2a2 2 0 0 1-2 2H8Zm2-12a2 2 0 0 1 2 2v2h-1.5V2a.5.5 0 0 0-.5-.5H8V0h2Z\" \/>\n\t\t\t<\/svg>\n\t\t<\/button><figcaption class=\"wp-element-caption\">Castillo de Sant&#8217;Angelo<\/figcaption><\/figure>\n\n\n\n<p class=\"wp-block-paragraph\">El Castillo de Sant&#8217;Angelo es un edificio monumental de planta circular que se alza a la orilla del T\u00edber a un paso del Vaticano. Originalmente se construy\u00f3 en la Antig\u00fcedad como <strong>mausoleo del emperador Adriano<\/strong>, pero a lo largo de los turbulentos siglos fue reconvertido en fortaleza inexpugnable, sombr\u00eda prisi\u00f3n (donde sufri\u00f3 incluso el fil\u00f3sofo Giordano Bruno) y finalmente en lujosa residencia papal con preciosos frescos.<\/p>\n\n\n\n<p class=\"wp-block-paragraph\">Con el Vaticano lo une hasta hoy un pasadizo secreto elevado en las murallas llamado Passetto di Borgo, por donde los papas hu\u00edan en el pasado a lugar seguro durante los saqueos de Roma. La visita al castillo es un fascinante viaje en el tiempo, en el que recorres la <strong>rampa espiral antigua original<\/strong>, te asomas a las mazmorras y ves las estancias renacentistas donde se escribi\u00f3 la historia.<\/p>\n\n\n\n<p class=\"wp-block-paragraph\">Pero lo mejor te espera del todo arriba, en la azotea. Desde la terraza superior, justo bajo la enorme estatua de bronce del arc\u00e1ngel Miguel envainando su espada, se abre una <strong>fant\u00e1stica vista de 360 grados de toda la ciudad<\/strong>. Es una parada absolutamente ideal tras la visita al Vaticano, especialmente m\u00e1gica al atardecer, cuando la c\u00fapula de San Pedro se ti\u00f1e de dorado.<\/p>\n\n\n\n<h3 class=\"wp-block-heading\"><span class=\"ez-toc-section\" id=\"15_El_Puente_de_los_Angeles_Ponte_SantAngelo\"><\/span>15. El Puente de los \u00c1ngeles (Ponte Sant&#8217;Angelo)<span class=\"ez-toc-section-end\"><\/span><\/h3>\n\n\n\n<figure data-wp-context=\"{&quot;imageId&quot;:&quot;6a99235106a20&quot;}\" data-wp-interactive=\"core\/image\" data-wp-key=\"6a99235106a20\" class=\"wp-block-image size-full wp-lightbox-container\"><img decoding=\"async\" width=\"1400\" height=\"933\" data-wp-class--hide=\"state.isContentHidden\" data-wp-class--show=\"state.isContentVisible\" data-wp-init=\"callbacks.setButtonStyles\" data-wp-on--click=\"actions.showLightbox\" data-wp-on--load=\"callbacks.setButtonStyles\" data-wp-on--pointerdown=\"actions.preloadImage\" data-wp-on--pointerenter=\"actions.preloadImageWithDelay\" data-wp-on--pointerleave=\"actions.cancelPreload\" data-wp-on-window--resize=\"callbacks.setButtonStyles\" src=\"https:\/\/www.loudavymkrokem.cz\/wp-content\/uploads\/2023\/05\/vatikan.jpg\" alt=\"Plaza de San Pedro\" class=\"wp-image-57911\" title=\"\"><button\n\t\t\tclass=\"lightbox-trigger\"\n\t\t\ttype=\"button\"\n\t\t\taria-haspopup=\"dialog\"\n\t\t\tdata-wp-bind--aria-label=\"state.thisImage.triggerButtonAriaLabel\"\n\t\t\tdata-wp-init=\"callbacks.initTriggerButton\"\n\t\t\tdata-wp-on--click=\"actions.showLightbox\"\n\t\t\tdata-wp-style--right=\"state.thisImage.buttonRight\"\n\t\t\tdata-wp-style--top=\"state.thisImage.buttonTop\"\n\t\t>\n\t\t\t<svg xmlns=\"http:\/\/www.w3.org\/2000\/svg\" width=\"12\" height=\"12\" fill=\"none\" viewBox=\"0 0 12 12\">\n\t\t\t\t<path fill=\"#fff\" d=\"M2 0a2 2 0 0 0-2 2v2h1.5V2a.5.5 0 0 1 .5-.5h2V0H2Zm2 10.5H2a.5.5 0 0 1-.5-.5V8H0v2a2 2 0 0 0 2 2h2v-1.5ZM8 12v-1.5h2a.5.5 0 0 0 .5-.5V8H12v2a2 2 0 0 1-2 2H8Zm2-12a2 2 0 0 1 2 2v2h-1.5V2a.5.5 0 0 0-.5-.5H8V0h2Z\" \/>\n\t\t\t<\/svg>\n\t\t<\/button><figcaption class=\"wp-element-caption\">Plaza de San Pedro<\/figcaption><\/figure>\n\n\n\n<p class=\"wp-block-paragraph\">Directamente al Castillo de Sant&#8217;Angelo te lleva uno de los <strong>puentes m\u00e1s bonitos e ic\u00f3nicos<\/strong> de toda Roma. El Puente de los \u00c1ngeles (Ponte Sant&#8217;Angelo) se construy\u00f3 originalmente ya en el siglo II de nuestra era para unir el mausoleo de Adriano con el centro de la ciudad en la otra orilla del T\u00edber, y hoy sirve exclusivamente para peatones, lo que lo convierte en un sitio estupendo para pasear.<\/p>\n\n\n\n<p class=\"wp-block-paragraph\">Lo que hace este puente tan especial son las <strong>diez dram\u00e1ticas esculturas de m\u00e1rmol de \u00e1ngeles<\/strong> que lo flanquean a ambos lados. Estas esculturas las dise\u00f1\u00f3 el genial escultor barroco Gian Lorenzo Bernini y cada una sostiene uno de los instrumentos de la Pasi\u00f3n de Cristo, por ejemplo la corona de espinas, el l\u00e1tigo o la cruz. El propio Bernini tall\u00f3 dos de ellas, pero al final se trasladaron a una iglesia para que no las da\u00f1ara el clima, y en el puente hay copias.<\/p>\n\n\n\n<p class=\"wp-block-paragraph\">Es uno de los <strong>lugares m\u00e1s fotog\u00e9nicos de la ciudad<\/strong>, donde todos quieren hacerse una foto de recuerdo con el castillo de fondo. Si quieres disfrutar del puente sin los cientos de turistas que se agolpan aqu\u00ed de d\u00eda, ven o bien muy temprano con un caf\u00e9 en la mano, o al contrario, ya de noche, cuando los \u00e1ngeles est\u00e1n preciosamente iluminados y se reflejan en la oscura superficie del r\u00edo.<\/p>\n\n\n\n\n<div class=\"lk-stays-module\">\n<style>\n\/* \u2500\u2500\u2500 RESET PRO GUTENBERG \u2500\u2500\u2500 *\/\n.lk-stays-module * { box-sizing: border-box; margin: 0; padding: 0; }\n\n\/* \u2500\u2500\u2500 WRAPPER \u2500\u2500\u2500 *\/\n.lk-stays-module {\n  font-family: 'DM Sans', Georgia, sans-serif;\n  max-width: 100%;\n  margin: 2.5rem auto;\n  background: linear-gradient(135deg, #fdfaf5 0%, #fcf8f0 100%);\n  border: 1px solid #e8dfd4;\n  border-radius: 16px;\n  overflow: hidden;\n  box-shadow: 0 16px 48px rgba(195, 159, 118, 0.25), 0 4px 12px rgba(0,0,0,0.08);\n}\n\n\/* \u2500\u2500\u2500 HEADER \u2500\u2500\u2500 *\/\n.lk-stays-header {\n  position: relative;\n  padding: 24px 36px 24px;\n  background: linear-gradient(135deg, #c39f76 0%, #d4b188 60%, #c39f76 100%);\n  border-bottom: 1px solid rgba(255,255,255,.15);\n  display: flex;\n  align-items: center;\n  gap: 18px;\n}\n.lk-stays-header::before {\n  content: '';\n  position: absolute;\n  inset: 0;\n  background: url(\"data:image\/svg+xml,%3Csvg width='60' height='60' viewBox='0 0 60 60' xmlns='http:\/\/www.w3.org\/2000\/svg'%3E%3Cg fill='none' fill-rule='evenodd'%3E%3Cg fill='%23ffffff' fill-opacity='0.05'%3E%3Cpath d='M36 34v-4h-2v4h-4v2h4v4h2v-4h4v-2h-4zm0-30V0h-2v4h-4v2h4v4h2V6h4V4h-4zM6 34v-4H4v4H0v2h4v4h2v-4h4v-2H6zM6 4V0H4v4H0v2h4v4h2V6h4V4H6z'\/%3E%3C\/g%3E%3C\/g%3E%3C\/svg%3E\") repeat;\n  pointer-events: none;\n}\n.lk-stays-icon {\n  flex-shrink: 0;\n  width: 68px;\n  height: 68px;\n  border-radius: 14px;\n  background: linear-gradient(135deg, #fff 0%, #f9f6f0 100%);\n  display: flex;\n  align-items: center;\n  justify-content: center;\n  font-size: 26px;\n  box-shadow: 0 4px 12px rgba(0,0,0,0.15);\n}\n.lk-stays-eyebrow {\n  font-size: 10px;\n  font-weight: 500;\n  letter-spacing: 2.5px;\n  text-transform: uppercase;\n  color: rgba(255,255,255,.85);\n  margin: 0 0 5px 0;\n}\n.lk-stays-title {\n  font-family: 'Playfair Display', Georgia, serif;\n  font-size: 24px;\n  font-weight: 700;\n  color: #fff;\n  line-height: 1.2;\n  text-shadow: 0 1px 2px rgba(0,0,0,0.1);\n  margin: 0;\n}\n.lk-stays-subtitle {\n  font-size: 13px;\n  color: rgba(255,255,255,.75);\n  margin: 4px 0 0 0;\n  font-weight: 300;\n}\n\n\/* \u2500\u2500\u2500 CARDS GRID \u2500\u2500\u2500 *\/\n.lk-stays-grid {\n  display: grid;\n  grid-template-columns: 1fr 1fr;\n  gap: 1px;\n  background: rgba(195, 159, 118, 0.12);\n}\n\n\/* \u2500\u2500\u2500 SINGLE CARD \u2500\u2500\u2500 *\/\n.lk-stay-card {\n  background: #ffffff;\n  padding: 26px;\n  display: flex;\n  flex-direction: column;\n  gap: 11px;\n  transition: all 0.3s ease;\n  text-decoration: none;\n  color: inherit;\n  position: relative;\n}\n.lk-stay-card:hover {\n  background: #fffbf5;\n  transform: translateY(-2px);\n  box-shadow: 0 8px 24px rgba(195, 159, 118, 0.18);\n  z-index: 1;\n}\n.lk-stay-card.featured {\n  background: linear-gradient(135deg, #fffdf9 0%, #fff9f0 100%);\n  box-shadow: 0 4px 16px rgba(195, 159, 118, 0.15), inset 0 1px 0 rgba(195, 159, 118, 0.1);\n}\n.lk-stay-card.featured:hover {\n  background: linear-gradient(135deg, #fffbf5 0%, #fff8ed 100%);\n  box-shadow: 0 8px 24px rgba(195, 159, 118, 0.25), inset 0 1px 0 rgba(195, 159, 118, 0.15);\n}\n\n.lk-stay-badge {\n  display: inline-flex;\n  align-items: center;\n  gap: 5px;\n  font-size: 10px;\n  font-weight: 500;\n  letter-spacing: 1.5px;\n  text-transform: uppercase;\n  padding: 5px 11px;\n  border-radius: 20px;\n  width: fit-content;\n}\n.badge-top     { background: linear-gradient(135deg, #c39f76 0%, #d4b188 100%); color: #fff; border: 1px solid #c39f76; font-weight: 600; box-shadow: 0 2px 8px rgba(195,159,118,0.3); }\n.badge-luxury  { background: rgba(195,159,118,.12); color: #c39f76; border: 1px solid rgba(195,159,118,.25); }\n.badge-boutique{ background: rgba(54,133,252,.08); color: #3685fc; border: 1px solid rgba(54,133,252,.2); }\n.badge-nature  { background: rgba(130,190,100,.1); color: #6b9c4a; border: 1px solid rgba(130,190,100,.2); }\n.badge-remote  { background: rgba(195,159,118,.12); color: #a67e50; border: 1px solid rgba(195,159,118,.25); }\n\n.lk-stay-name {\n  font-family: 'Playfair Display', Georgia, serif;\n  font-size: 18px;\n  font-weight: 700;\n  color: #111827;\n  line-height: 1.3;\n}\n.lk-stay-desc {\n  font-size: 13.5px;\n  color: #525252;\n  line-height: 1.65;\n  font-weight: 300;\n  flex: 1;\n}\n\n.lk-stay-meta {\n  display: flex;\n  align-items: center;\n  gap: 12px;\n  flex-wrap: wrap;\n  margin-top: 4px;\n}\n.lk-stay-price {\n  font-size: 13px;\n  color: #6b7280;\n}\n.lk-stay-price strong {\n  color: #c39f76;\n  font-weight: 500;\n}\n.lk-stay-stars {\n  color: #c39f76;\n  font-size: 11px;\n  letter-spacing: 1px;\n}\n\n\/* \u2500\u2500\u2500 CTA BUTTON \u2500\u2500\u2500 *\/\n.lk-stay-cta {\n  display: inline-flex;\n  align-items: center;\n  justify-content: center;\n  gap: 7px;\n  margin-top: 8px;\n  padding: 11px 20px;\n  border-radius: 8px;\n  background: linear-gradient(135deg, #3685fc 0%, #2a6fd9 100%);\n  color: #fff;\n  font-size: 13px;\n  font-weight: 500;\n  text-decoration: none;\n  letter-spacing: .3px;\n  transition: all .2s ease;\n  cursor: pointer;\n  border: none;\n  text-align: center;\n  box-shadow: 0 4px 12px rgba(54, 133, 252, 0.25);\n}\n.lk-stay-cta:hover {\n  background: linear-gradient(135deg, #2a6fd9 0%, #1e5bc4 100%);\n  transform: translateY(-1px);\n  box-shadow: 0 6px 16px rgba(54, 133, 252, 0.35);\n}\n.lk-stay-cta svg { flex-shrink: 0; }\n\n\/* \u2500\u2500\u2500 FOOTER \u2500\u2500\u2500 *\/\n.lk-stays-footer {\n  padding: 18px 36px;\n  background: linear-gradient(to bottom, #fdfaf5 0%, #f9f4ed 100%);\n  border-top: 1px solid rgba(195, 159, 118, 0.15);\n  display: flex;\n  align-items: center;\n  justify-content: space-between;\n  flex-wrap: wrap;\n  gap: 12px;\n}\n.lk-stays-footer-note {\n  font-size: 11.5px;\n  color: #6b7280;\n  font-weight: 300;\n  line-height: 1.5;\n}\n.lk-stays-footer-note a {\n  color: #c39f76;\n  text-decoration: none;\n  font-weight: 400;\n}\n.lk-stays-footer-note a:hover {\n  text-decoration: underline;\n}\n.lk-stays-all-btn {\n  display: inline-flex;\n  align-items: center;\n  gap: 6px;\n  font-size: 12.5px;\n  font-weight: 500;\n  color: #c39f76;\n  text-decoration: none;\n  border: 1px solid rgba(195, 159, 118, 0.35);\n  padding: 8px 18px;\n  border-radius: 8px;\n  transition: all .2s ease;\n}\n.lk-stays-all-btn:hover {\n  background: rgba(195, 159, 118, 0.08);\n  border-color: rgba(195, 159, 118, 0.5);\n}\n\n\/* \u2500\u2500\u2500 RESPONSIVE \u2500\u2500\u2500 *\/\n@media (max-width: 600px) {\n  .lk-stays-grid { grid-template-columns: 1fr; }\n  .lk-stays-header { padding: 24px 20px; }\n  .lk-stays-footer { padding: 16px 20px; }\n  .lk-stay-card { padding: 22px; }\n  .lk-stays-title { font-size: 20px; }\n}\n<\/style>\n\n  <!-- HEADER -->\n  <div class=\"lk-stays-header\">\n    <img decoding=\"async\" src=\"https:\/\/loudavymkrokem.cz\/wp-content\/uploads\/2026\/02\/lukas-a-lucka.jpg\" alt=\"Lucie a Luk\u00e1\u0161 na cest\u00e1ch po \u0158\u00edm\u011b\" style=\"width: 75px; height: 75px; border-radius: 8px; flex-shrink: 0; object-fit: cover; display: block; margin: 4px 0;\" title=\"\">\n    <div class=\"lk-stays-header-text\">\n      <div class=\"lk-stays-eyebrow\">Luk\u00e1\u0161 y Lucie recomiendan<\/div>\n      <div class=\"lk-stays-title\">D\u00f3nde alojarse en Roma<\/div>\n      <div class=\"lk-stays-subtitle\">2 alojamientos \u2014 hoteles y otras opciones de alojamiento<\/div>\n    <\/div>\n  <\/div>\n\n  <!-- CARDS -->\n  <div class=\"lk-stays-grid\">\n\n    <a class=\"lk-stay-card featured\" href=\"https:\/\/www.stay22.com\/allez\/roam?aid=lukaskonecny&#038;campaign=loudavymkrokemcz&#038;campaign=es&#038;campaign=covidetvrime&#038;address=%C5%98%C3%ADm&#038;hotelname=Residenza+Cavallini&#038;search=Residenza+Cavallini&#038;category=accommodation\" target=\"_blank\" rel=\"nofollow noopener\">\n      <span class=\"lk-stay-badge badge-top\">\u2b50 MEJOR OPCI\u00d3N<\/span>\n      <span class=\"lk-stay-badge badge-nature\">\ud83c\udfe8 Hotel<\/span>\n      <div class=\"lk-stay-name\">Residenza Cavallini<\/div>\n      <div class=\"lk-stay-desc\">Alojamiento incre\u00edble a solo cinco minutos a pie de la parada del autob\u00fas expr\u00e9s del aeropuerto, cerca del Vaticano y de la Fontana di Trevi. Las habitaciones son peque\u00f1as, pero absolutamente limpias, e incluyen un desayuno italiano t\u00edpico en una cafeter\u00eda cercana con croissant fresco y cappuccino perfecto.<\/div>\n      <div class=\"lk-stay-meta\">\n        <span class=\"lk-stay-stars\">\u2605\u2605\u2605\u2605<\/span>\n        <span class=\"lk-stay-price\">Consultar precios<\/span>\n      <\/div>\n      <span class=\"lk-stay-cta\">\n        <svg width=\"14\" height=\"14\" viewBox=\"0 0 24 24\" fill=\"none\" stroke=\"currentColor\" stroke-width=\"2\"><path d=\"M18 13v6a2 2 0 0 1-2 2H5a2 2 0 0 1-2-2V8a2 2 0 0 1 2-2h6\"\/><polyline points=\"15 3 21 3 21 9\"\/><line x1=\"10\" y1=\"14\" x2=\"21\" y2=\"3\"\/><\/svg>\n        Comprobar disponibilidad\n      <\/span>\n    <\/a>\n\n    <a class=\"lk-stay-card\" href=\"https:\/\/www.stay22.com\/allez\/roam?aid=lukaskonecny&#038;campaign=loudavymkrokemcz&#038;campaign=es&#038;campaign=covidetvrime&#038;address=\u0159\u00edm\" target=\"_blank\" rel=\"nofollow noopener\">\n      <span class=\"lk-stay-badge badge-nature\">\ud83d\udd0d Buscar<\/span>\n      <div class=\"lk-stay-name\">Ver todos los alojamientos en Roma<\/div>\n      <div class=\"lk-stay-desc\">Explore todas las opciones de alojamiento disponibles en Roma y encuentre la mejor seg\u00fan sus preferencias y presupuesto.<\/div>\n      <div class=\"lk-stay-meta\">\n        <span class=\"lk-stay-stars\">\u2605\u2605\u2605\u2605<\/span>\n        <span class=\"lk-stay-price\">Comparar precios<\/span>\n      <\/div>\n      <span class=\"lk-stay-cta\">\n        <svg width=\"14\" height=\"14\" viewBox=\"0 0 24 24\" fill=\"none\" stroke=\"currentColor\" stroke-width=\"2\"><path d=\"M18 13v6a2 2 0 0 1-2 2H5a2 2 0 0 1-2-2V8a2 2 0 0 1 2-2h6\"\/><polyline points=\"15 3 21 3 21 9\"\/><line x1=\"10\" y1=\"14\" x2=\"21\" y2=\"3\"\/><\/svg>\n        Comprobar disponibilidad\n      <\/span>\n    <\/a>\n\n  <\/div>\n\n  \n<\/div>\n\n\n\n\n<h3 class=\"wp-block-heading\"><span class=\"ez-toc-section\" id=\"16_La_Escalinata_de_la_Plaza_de_Espana\"><\/span>16. La Escalinata de la Plaza de Espa\u00f1a<span class=\"ez-toc-section-end\"><\/span><\/h3>\n\n\n\n<figure data-wp-context=\"{&quot;imageId&quot;:&quot;6a9923510713a&quot;}\" data-wp-interactive=\"core\/image\" data-wp-key=\"6a9923510713a\" class=\"wp-block-image size-full wp-lightbox-container\"><img decoding=\"async\" width=\"1400\" height=\"933\" data-wp-class--hide=\"state.isContentHidden\" data-wp-class--show=\"state.isContentVisible\" data-wp-init=\"callbacks.setButtonStyles\" data-wp-on--click=\"actions.showLightbox\" data-wp-on--load=\"callbacks.setButtonStyles\" data-wp-on--pointerdown=\"actions.preloadImage\" data-wp-on--pointerenter=\"actions.preloadImageWithDelay\" data-wp-on--pointerleave=\"actions.cancelPreload\" data-wp-on-window--resize=\"callbacks.setButtonStyles\" src=\"https:\/\/www.loudavymkrokem.cz\/wp-content\/uploads\/2023\/05\/vatikanska-muzea.jpg\" alt=\"Museos Vaticanos\" class=\"wp-image-57904\" title=\"\"><button\n\t\t\tclass=\"lightbox-trigger\"\n\t\t\ttype=\"button\"\n\t\t\taria-haspopup=\"dialog\"\n\t\t\tdata-wp-bind--aria-label=\"state.thisImage.triggerButtonAriaLabel\"\n\t\t\tdata-wp-init=\"callbacks.initTriggerButton\"\n\t\t\tdata-wp-on--click=\"actions.showLightbox\"\n\t\t\tdata-wp-style--right=\"state.thisImage.buttonRight\"\n\t\t\tdata-wp-style--top=\"state.thisImage.buttonTop\"\n\t\t>\n\t\t\t<svg xmlns=\"http:\/\/www.w3.org\/2000\/svg\" width=\"12\" height=\"12\" fill=\"none\" viewBox=\"0 0 12 12\">\n\t\t\t\t<path fill=\"#fff\" d=\"M2 0a2 2 0 0 0-2 2v2h1.5V2a.5.5 0 0 1 .5-.5h2V0H2Zm2 10.5H2a.5.5 0 0 1-.5-.5V8H0v2a2 2 0 0 0 2 2h2v-1.5ZM8 12v-1.5h2a.5.5 0 0 0 .5-.5V8H12v2a2 2 0 0 1-2 2H8Zm2-12a2 2 0 0 1 2 2v2h-1.5V2a.5.5 0 0 0-.5-.5H8V0h2Z\" \/>\n\t\t\t<\/svg>\n\t\t<\/button><figcaption class=\"wp-element-caption\">Museos Vaticanos<\/figcaption><\/figure>\n\n\n\n<p class=\"wp-block-paragraph\">Si amas la m\u00edtica pel\u00edcula Vacaciones en Roma con Audrey Hepburn, seguro que querr\u00e1s cazar la foto perfecta en la <a href=\"https:\/\/loudavymkrokem.cz\/es\/escaleras-espana-roma-consejos\/\">Escalinata de la Plaza de Espa\u00f1a<\/a>. Esta elegante escalinata sube desde la fuente de la Barcaccia de Bernini hasta la iglesia francesa Trinit\u00e0 dei Monti y <strong>en primavera suele estar preciosamente decorada<\/strong> con cientos de azaleas de colores en flor, algo absolutamente impresionante.<\/p>\n\n\n\n<p class=\"wp-block-paragraph\">De lejos, la escalinata parece tremendamente tentadora para descansar tras una larga caminata, pero no lo hagas de ning\u00fan modo. Desde 2019 rige una <strong>estricta prohibici\u00f3n de sentarse en los pelda\u00f1os de m\u00e1rmol<\/strong> y la polic\u00eda con chalecos reflectantes la hace cumplir activamente. Si te sientas aunque sea un poco, oir\u00e1s enseguida el pitido del silbato y, si no obedeces, te arriesgas a una multa de entre 250 y 400 euros, lo que te encarecer\u00eda bien el viaje.<\/p>\n\n\n\n<p class=\"wp-block-paragraph\">En la plazoleta de debajo de la escalinata ten tambi\u00e9n <strong>much\u00edsimo cuidado con los timadores<\/strong>. Suelen acercarse con una amplia sonrisa y en un segundo intentan meterle una rosa en la mano a la mujer o atarte una pulsera en la mu\u00f1eca diciendo que es un regalo. En cuanto lo aceptas, empiezan a exigirte dinero muy insistentemente y a veces hasta con agresividad, as\u00ed que la \u00fanica defensa es la ignorancia absoluta y cero contacto visual.<\/p>\n\n\n\n<h3 class=\"wp-block-heading\"><span class=\"ez-toc-section\" id=\"17_El_barrio_comercial_en_torno_a_Via_Condotti\"><\/span>17. El barrio comercial en torno a Via Condotti<span class=\"ez-toc-section-end\"><\/span><\/h3>\n\n\n\n<figure data-wp-context=\"{&quot;imageId&quot;:&quot;6a992351076f7&quot;}\" data-wp-interactive=\"core\/image\" data-wp-key=\"6a992351076f7\" class=\"wp-block-image size-full wp-lightbox-container\"><img decoding=\"async\" width=\"1400\" height=\"933\" data-wp-class--hide=\"state.isContentHidden\" data-wp-class--show=\"state.isContentVisible\" data-wp-init=\"callbacks.setButtonStyles\" data-wp-on--click=\"actions.showLightbox\" data-wp-on--load=\"callbacks.setButtonStyles\" data-wp-on--pointerdown=\"actions.preloadImage\" data-wp-on--pointerenter=\"actions.preloadImageWithDelay\" data-wp-on--pointerleave=\"actions.cancelPreload\" data-wp-on-window--resize=\"callbacks.setButtonStyles\" src=\"https:\/\/www.loudavymkrokem.cz\/wp-content\/uploads\/2023\/05\/vatikanska-muzea-2.jpg\" alt=\"Pinturas en uno de los Museos Vaticanos\" class=\"wp-image-57918\" title=\"\"><button\n\t\t\tclass=\"lightbox-trigger\"\n\t\t\ttype=\"button\"\n\t\t\taria-haspopup=\"dialog\"\n\t\t\tdata-wp-bind--aria-label=\"state.thisImage.triggerButtonAriaLabel\"\n\t\t\tdata-wp-init=\"callbacks.initTriggerButton\"\n\t\t\tdata-wp-on--click=\"actions.showLightbox\"\n\t\t\tdata-wp-style--right=\"state.thisImage.buttonRight\"\n\t\t\tdata-wp-style--top=\"state.thisImage.buttonTop\"\n\t\t>\n\t\t\t<svg xmlns=\"http:\/\/www.w3.org\/2000\/svg\" width=\"12\" height=\"12\" fill=\"none\" viewBox=\"0 0 12 12\">\n\t\t\t\t<path fill=\"#fff\" d=\"M2 0a2 2 0 0 0-2 2v2h1.5V2a.5.5 0 0 1 .5-.5h2V0H2Zm2 10.5H2a.5.5 0 0 1-.5-.5V8H0v2a2 2 0 0 0 2 2h2v-1.5ZM8 12v-1.5h2a.5.5 0 0 0 .5-.5V8H12v2a2 2 0 0 1-2 2H8Zm2-12a2 2 0 0 1 2 2v2h-1.5V2a.5.5 0 0 0-.5-.5H8V0h2Z\" \/>\n\t\t\t<\/svg>\n\t\t<\/button><figcaption class=\"wp-element-caption\">Pinturas en uno de los Museos Vaticanos<\/figcaption><\/figure>\n\n\n\n<p class=\"wp-block-paragraph\">A un paso de la Escalinata de la Plaza de Espa\u00f1a, alrededor de la Piazza di Spagna, se extiende el <strong>barrio comercial m\u00e1s prestigioso de toda Roma<\/strong>. Hoy, en calles como Via Condotti o Via Borgognona, encontrar\u00e1s las marcas de moda m\u00e1s lujosas, de Prada a Gucci, pero esta zona ya era famosa hace mucho en la historia y aqu\u00ed se deten\u00edan los ricos viajeros arist\u00f3cratas en su tradicional Grand Tour por Europa.<\/p>\n\n\n\n<p class=\"wp-block-paragraph\">En la \u00e9poca del Romanticismo ven\u00edan aqu\u00ed famosos artistas y poetas. Dejaron su huella grandes figuras como John Keats, Lord Byron, Balzac o el compositor Richard Wagner. La casa donde muri\u00f3 el joven poeta ingl\u00e9s Keats est\u00e1 justo junto a la escalinata y hoy funciona como un <strong>museo muy bonito y tranquilo<\/strong> dedicado a los rom\u00e1nticos ingleses, donde puedes refugiarte del bullicio de la calle.<\/p>\n\n\n\n<p class=\"wp-block-paragraph\">Aunque no pienses gastarte miles de euros en un nuevo bolso italiano, pasear por estas calles merece la pena. Los escaparates est\u00e1n preciosamente montados, la gente va perfectamente vestida y puedes <strong>respirar la aut\u00e9ntica elegancia italiana<\/strong>, esa que llaman bella figura. Solo cuidado con los precios de las cafeter\u00edas hist\u00f3ricas locales, porque un caf\u00e9 tomado en una mesita con vistas a las boutiques puede salirte hasta por cinco euros.<\/p>\n\n\n\n<h3 class=\"wp-block-heading\"><span class=\"ez-toc-section\" id=\"18_El_romantico_Trastevere\"><\/span>18. El rom\u00e1ntico Trastevere<span class=\"ez-toc-section-end\"><\/span><\/h3>\n\n\n\n<p class=\"wp-block-paragraph\">El <a href=\"https:\/\/loudavymkrokem.cz\/es\/trastevere-roma-que-ver\/\">Trastevere<\/a> es la encarnaci\u00f3n absoluta de esa idea aut\u00e9ntica y de pel\u00edcula de Italia. Encontrar\u00e1s callejuelas medievales retorcidas, ropa tendida entre las ventanas y <strong>viejas casas ocres cubiertas de hiedra trepadora<\/strong>. De d\u00eda est\u00e1 relativamente tranquilo, pero en cuanto cae la noche el barrio cobra vida de una forma incre\u00edble y por la Piazza Trilussa casi no se puede pasar.<\/p>\n\n\n\n<figure data-wp-context=\"{&quot;imageId&quot;:&quot;6a99235108272&quot;}\" data-wp-interactive=\"core\/image\" data-wp-key=\"6a99235108272\" class=\"wp-block-image size-full wp-lightbox-container\"><img decoding=\"async\" width=\"1200\" height=\"900\" data-wp-class--hide=\"state.isContentHidden\" data-wp-class--show=\"state.isContentVisible\" data-wp-init=\"callbacks.setButtonStyles\" data-wp-on--click=\"actions.showLightbox\" data-wp-on--load=\"callbacks.setButtonStyles\" data-wp-on--pointerdown=\"actions.preloadImage\" data-wp-on--pointerenter=\"actions.preloadImageWithDelay\" data-wp-on--pointerleave=\"actions.cancelPreload\" data-wp-on-window--resize=\"callbacks.setButtonStyles\" src=\"https:\/\/loudavymkrokem.cz\/wp-content\/uploads\/2026\/05\/181586-4-namesti-piazza-di-santa-maria-in-trastevere-s-barokni-fontan.jpg\" alt=\"Plaza Piazza di Santa Maria in Trastevere con fuente barroca\" class=\"wp-image-182333\" title=\"\" srcset=\"https:\/\/loudavymkrokem.cz\/wp-content\/uploads\/2026\/05\/181586-4-namesti-piazza-di-santa-maria-in-trastevere-s-barokni-fontan.jpg 1200w, https:\/\/loudavymkrokem.cz\/wp-content\/uploads\/2026\/05\/181586-4-namesti-piazza-di-santa-maria-in-trastevere-s-barokni-fontan-300x225.jpg 300w, https:\/\/loudavymkrokem.cz\/wp-content\/uploads\/2026\/05\/181586-4-namesti-piazza-di-santa-maria-in-trastevere-s-barokni-fontan-700x525.jpg 700w, https:\/\/loudavymkrokem.cz\/wp-content\/uploads\/2026\/05\/181586-4-namesti-piazza-di-santa-maria-in-trastevere-s-barokni-fontan-768x576.jpg 768w, https:\/\/loudavymkrokem.cz\/wp-content\/uploads\/2026\/05\/181586-4-namesti-piazza-di-santa-maria-in-trastevere-s-barokni-fontan-80x60.jpg 80w, https:\/\/loudavymkrokem.cz\/wp-content\/uploads\/2026\/05\/181586-4-namesti-piazza-di-santa-maria-in-trastevere-s-barokni-fontan-160x120.jpg 160w, https:\/\/loudavymkrokem.cz\/wp-content\/uploads\/2026\/05\/181586-4-namesti-piazza-di-santa-maria-in-trastevere-s-barokni-fontan-696x522.jpg 696w\" sizes=\"(max-width: 1200px) 100vw, 1200px\" \/><button\n\t\t\tclass=\"lightbox-trigger\"\n\t\t\ttype=\"button\"\n\t\t\taria-haspopup=\"dialog\"\n\t\t\tdata-wp-bind--aria-label=\"state.thisImage.triggerButtonAriaLabel\"\n\t\t\tdata-wp-init=\"callbacks.initTriggerButton\"\n\t\t\tdata-wp-on--click=\"actions.showLightbox\"\n\t\t\tdata-wp-style--right=\"state.thisImage.buttonRight\"\n\t\t\tdata-wp-style--top=\"state.thisImage.buttonTop\"\n\t\t>\n\t\t\t<svg xmlns=\"http:\/\/www.w3.org\/2000\/svg\" width=\"12\" height=\"12\" fill=\"none\" viewBox=\"0 0 12 12\">\n\t\t\t\t<path fill=\"#fff\" d=\"M2 0a2 2 0 0 0-2 2v2h1.5V2a.5.5 0 0 1 .5-.5h2V0H2Zm2 10.5H2a.5.5 0 0 1-.5-.5V8H0v2a2 2 0 0 0 2 2h2v-1.5ZM8 12v-1.5h2a.5.5 0 0 0 .5-.5V8H12v2a2 2 0 0 1-2 2H8Zm2-12a2 2 0 0 1 2 2v2h-1.5V2a.5.5 0 0 0-.5-.5H8V0h2Z\" \/>\n\t\t\t<\/svg>\n\t\t<\/button><figcaption class=\"wp-element-caption\">Foto: daryl_mitchell, CC BY-SA 2.0, Wikimedia Commons<\/figcaption><\/figure>\n\n\n\n\n<p class=\"wp-block-paragraph\">Es un famoso para\u00edso para todos los amantes de la buena comida. Luk\u00e1\u0161 y yo nos tomamos aqu\u00ed, en una trattoria escondida, unos absolutamente <strong>perfectos cacio e pepe de queso y unos suppl\u00ec fritos crujientes<\/strong> (bolitas de arroz con mozzarella), un aut\u00e9ntico cielo para los vegetarianos. Los amantes de la carne, en cambio, vienen aqu\u00ed de todo el mundo por la tradicional carbonara romana o la amatriciana, que aqu\u00ed hacen quiz\u00e1 mejor que en toda la ciudad.<\/p>\n\n\n\n<p class=\"wp-block-paragraph\">Los restaurantes locales suelen estar hasta la bandera despu\u00e9s de las ocho de la noche, as\u00ed que si tienes fichado alg\u00fan local concreto, <strong>mejor haz una reserva por adelantado<\/strong>. Si quieres empaparte del ambiente sin las peores multitudes de turistas con cerveza en la mano, dir\u00edgete a la parte sur del barrio hacia la preciosa bas\u00edlica de Santa Cecilia, donde hay mucha m\u00e1s calma y un ambiente aut\u00e9ntico.<\/p>\n\n\n\n<h3 class=\"wp-block-heading\"><span class=\"ez-toc-section\" id=\"19_El_mercado_de_Campo_de_Fiori\"><\/span>19. El mercado de Campo de&#8217; Fiori<span class=\"ez-toc-section-end\"><\/span><\/h3>\n\n\n\n<p class=\"wp-block-paragraph\">Campo de&#8217; Fiori es la \u00fanica plaza importante del centro de Roma que no est\u00e1 dominada por ninguna iglesia fastuosa, sino por la sombr\u00eda y algo <strong>siniestra estatua del fil\u00f3sofo Giordano Bruno, quemado en la hoguera<\/strong>, que aqu\u00ed pag\u00f3 con su vida en el siglo XVII sus ideas her\u00e9ticas. Hoy esta plaza es conocida sobre todo por sus mercados diarios de fruta fresca, verdura, especias arom\u00e1ticas y flores.<\/p>\n\n\n\n<figure data-wp-context=\"{&quot;imageId&quot;:&quot;6a992351089d4&quot;}\" data-wp-interactive=\"core\/image\" data-wp-key=\"6a992351089d4\" class=\"wp-block-image size-full wp-lightbox-container\"><img decoding=\"async\" width=\"1200\" height=\"900\" data-wp-class--hide=\"state.isContentHidden\" data-wp-class--show=\"state.isContentVisible\" data-wp-init=\"callbacks.setButtonStyles\" data-wp-on--click=\"actions.showLightbox\" data-wp-on--load=\"callbacks.setButtonStyles\" data-wp-on--pointerdown=\"actions.preloadImage\" data-wp-on--pointerenter=\"actions.preloadImageWithDelay\" data-wp-on--pointerleave=\"actions.cancelPreload\" data-wp-on-window--resize=\"callbacks.setButtonStyles\" src=\"https:\/\/loudavymkrokem.cz\/wp-content\/uploads\/2026\/05\/181580-10-stanek-s-ovocem-a-zeleninou-na-trznici-campo-de-fiori-v-rime.jpg\" alt=\"Puesto de fruta y verdura en el mercado de Campo de&#039; Fiori\" class=\"wp-image-181899\" title=\"\" srcset=\"https:\/\/loudavymkrokem.cz\/wp-content\/uploads\/2026\/05\/181580-10-stanek-s-ovocem-a-zeleninou-na-trznici-campo-de-fiori-v-rime.jpg 1200w, https:\/\/loudavymkrokem.cz\/wp-content\/uploads\/2026\/05\/181580-10-stanek-s-ovocem-a-zeleninou-na-trznici-campo-de-fiori-v-rime-300x225.jpg 300w, https:\/\/loudavymkrokem.cz\/wp-content\/uploads\/2026\/05\/181580-10-stanek-s-ovocem-a-zeleninou-na-trznici-campo-de-fiori-v-rime-700x525.jpg 700w, https:\/\/loudavymkrokem.cz\/wp-content\/uploads\/2026\/05\/181580-10-stanek-s-ovocem-a-zeleninou-na-trznici-campo-de-fiori-v-rime-768x576.jpg 768w, https:\/\/loudavymkrokem.cz\/wp-content\/uploads\/2026\/05\/181580-10-stanek-s-ovocem-a-zeleninou-na-trznici-campo-de-fiori-v-rime-80x60.jpg 80w, https:\/\/loudavymkrokem.cz\/wp-content\/uploads\/2026\/05\/181580-10-stanek-s-ovocem-a-zeleninou-na-trznici-campo-de-fiori-v-rime-160x120.jpg 160w, https:\/\/loudavymkrokem.cz\/wp-content\/uploads\/2026\/05\/181580-10-stanek-s-ovocem-a-zeleninou-na-trznici-campo-de-fiori-v-rime-696x522.jpg 696w\" sizes=\"(max-width: 1200px) 100vw, 1200px\" \/><button\n\t\t\tclass=\"lightbox-trigger\"\n\t\t\ttype=\"button\"\n\t\t\taria-haspopup=\"dialog\"\n\t\t\tdata-wp-bind--aria-label=\"state.thisImage.triggerButtonAriaLabel\"\n\t\t\tdata-wp-init=\"callbacks.initTriggerButton\"\n\t\t\tdata-wp-on--click=\"actions.showLightbox\"\n\t\t\tdata-wp-style--right=\"state.thisImage.buttonRight\"\n\t\t\tdata-wp-style--top=\"state.thisImage.buttonTop\"\n\t\t>\n\t\t\t<svg xmlns=\"http:\/\/www.w3.org\/2000\/svg\" width=\"12\" height=\"12\" fill=\"none\" viewBox=\"0 0 12 12\">\n\t\t\t\t<path fill=\"#fff\" d=\"M2 0a2 2 0 0 0-2 2v2h1.5V2a.5.5 0 0 1 .5-.5h2V0H2Zm2 10.5H2a.5.5 0 0 1-.5-.5V8H0v2a2 2 0 0 0 2 2h2v-1.5ZM8 12v-1.5h2a.5.5 0 0 0 .5-.5V8H12v2a2 2 0 0 1-2 2H8Zm2-12a2 2 0 0 1 2 2v2h-1.5V2a.5.5 0 0 0-.5-.5H8V0h2Z\" \/>\n\t\t\t<\/svg>\n\t\t<\/button><figcaption class=\"wp-element-caption\">Foto: Jordiferrer, CC BY-SA 4.0, Wikimedia Commons<\/figcaption><\/figure>\n\n\n\n\n<p class=\"wp-block-paragraph\">Dicen que es uno de los lugares m\u00e1s aut\u00e9nticos del centro de Roma, aunque en los \u00faltimos a\u00f1os ya encuentras aqu\u00ed muchos puestos que venden paquetes tur\u00edsticos sobreprecio con pasta de colores y limoncello. Nosotros llegamos justo a tiempo, cuando tras mucho caminar necesit\u00e1bamos refrescarnos, y <strong>compramos una sand\u00eda cortada incre\u00edblemente dulce<\/strong>, aunque por tres euros nos pareci\u00f3 un poquito poca cantidad. \ud83d\ude05<\/p>\n\n\n\n<p class=\"wp-block-paragraph\">No dejes de parar en la panader\u00eda tradicional Forno Campo de&#8217; Fiori, que funciona desde el siglo XIX, y <strong>c\u00f3mprate una pizza bianca reci\u00e9n hecha<\/strong>. Es una masa fina y sencill\u00edsima untada solo con buen aceite de oliva y espolvoreada con sal gruesa. Suena corriente, pero es una delicia incre\u00edble que puedes llevar en la mano e ir picoteando mientras paseas por las callejuelas de alrededor.<\/p>\n\n\n\n<h3 class=\"wp-block-heading\"><span class=\"ez-toc-section\" id=\"20_El_gueto_judio_y_las_alcachofas\"><\/span>20. El gueto jud\u00edo y las alcachofas<span class=\"ez-toc-section-end\"><\/span><\/h3>\n\n\n\n<p class=\"wp-block-paragraph\">A un paso al sureste de Campo de&#8217; Fiori est\u00e1 el antiguo barrio jud\u00edo, que es de los m\u00e1s antiguos de Europa. Es una zona tremendamente <strong>tranquila y carism\u00e1tica<\/strong>, con una historia muy dura, pero hoy es uno de los mejores rincones culinarios de toda Roma. La arquitectura es distinta, las callejuelas son a\u00fan m\u00e1s estrechas y sobre todo se alza la imponente Gran Sinagoga.<\/p>\n\n\n\n<figure data-wp-context=\"{&quot;imageId&quot;:&quot;6a99235109008&quot;}\" data-wp-interactive=\"core\/image\" data-wp-key=\"6a99235109008\" class=\"wp-block-image size-full wp-lightbox-container\"><img decoding=\"async\" width=\"900\" height=\"1200\" data-wp-class--hide=\"state.isContentHidden\" data-wp-class--show=\"state.isContentVisible\" data-wp-init=\"callbacks.setButtonStyles\" data-wp-on--click=\"actions.showLightbox\" data-wp-on--load=\"callbacks.setButtonStyles\" data-wp-on--pointerdown=\"actions.preloadImage\" data-wp-on--pointerenter=\"actions.preloadImageWithDelay\" data-wp-on--pointerleave=\"actions.cancelPreload\" data-wp-on-window--resize=\"callbacks.setButtonStyles\" src=\"https:\/\/loudavymkrokem.cz\/wp-content\/uploads\/2026\/08\/portico-ottavia-zidovske-ghetto-rim.jpg\" alt=\"Columnas antiguas del P\u00f3rtico de Octavia en el gueto jud\u00edo de Roma\" class=\"wp-image-374761\" title=\"\" srcset=\"https:\/\/loudavymkrokem.cz\/wp-content\/uploads\/2026\/08\/portico-ottavia-zidovske-ghetto-rim.jpg 900w, https:\/\/loudavymkrokem.cz\/wp-content\/uploads\/2026\/08\/portico-ottavia-zidovske-ghetto-rim-225x300.jpg 225w, https:\/\/loudavymkrokem.cz\/wp-content\/uploads\/2026\/08\/portico-ottavia-zidovske-ghetto-rim-700x933.jpg 700w, https:\/\/loudavymkrokem.cz\/wp-content\/uploads\/2026\/08\/portico-ottavia-zidovske-ghetto-rim-768x1024.jpg 768w, https:\/\/loudavymkrokem.cz\/wp-content\/uploads\/2026\/08\/portico-ottavia-zidovske-ghetto-rim-696x928.jpg 696w\" sizes=\"(max-width: 900px) 100vw, 900px\" \/><button\n\t\t\tclass=\"lightbox-trigger\"\n\t\t\ttype=\"button\"\n\t\t\taria-haspopup=\"dialog\"\n\t\t\tdata-wp-bind--aria-label=\"state.thisImage.triggerButtonAriaLabel\"\n\t\t\tdata-wp-init=\"callbacks.initTriggerButton\"\n\t\t\tdata-wp-on--click=\"actions.showLightbox\"\n\t\t\tdata-wp-style--right=\"state.thisImage.buttonRight\"\n\t\t\tdata-wp-style--top=\"state.thisImage.buttonTop\"\n\t\t>\n\t\t\t<svg xmlns=\"http:\/\/www.w3.org\/2000\/svg\" width=\"12\" height=\"12\" fill=\"none\" viewBox=\"0 0 12 12\">\n\t\t\t\t<path fill=\"#fff\" d=\"M2 0a2 2 0 0 0-2 2v2h1.5V2a.5.5 0 0 1 .5-.5h2V0H2Zm2 10.5H2a.5.5 0 0 1-.5-.5V8H0v2a2 2 0 0 0 2 2h2v-1.5ZM8 12v-1.5h2a.5.5 0 0 0 .5-.5V8H12v2a2 2 0 0 1-2 2H8Zm2-12a2 2 0 0 1 2 2v2h-1.5V2a.5.5 0 0 0-.5-.5H8V0h2Z\" \/>\n\t\t\t<\/svg>\n\t\t<\/button><figcaption class=\"wp-element-caption\">Foto: Annie306, CC BY-SA 4.0, Wikimedia Commons<\/figcaption><\/figure>\n\n\n\n\n<p class=\"wp-block-paragraph\">Si vienes aqu\u00ed, tienes que probar sin falta la especialidad local: los Carciofi alla Giudia, o sea, alcachofas a la jud\u00eda. Luk\u00e1\u0161 y yo las probamos y son una <strong>aut\u00e9ntica delicia vegetariana<\/strong>. La alcachofa entera se fr\u00ede dos veces a fuego fuerte en aceite de oliva caliente, as\u00ed que sus hojas se abren como una flor dorada y quedan incre\u00edblemente crujientes, mientras el centro sigue tiern\u00edsimo.<\/p>\n\n\n\n<p class=\"wp-block-paragraph\">Al pasear por el gueto no olvides llegar hasta la peque\u00f1a Piazza Mattei, donde se esconde la <strong>preciosa Fuente de las Tortugas<\/strong> (Fontana delle Tartarughe) del siglo XVI. Representa a cuatro j\u00f3venes que alzan las manos y empujan suavemente peque\u00f1as tortugas de bronce hacia el agua. Es una de las fuentes m\u00e1s encantadoras de la ciudad y, a diferencia de Trevi, aqu\u00ed no te apelotonar\u00e1s con miles de personas.<\/p>\n\n\n\n<h3 class=\"wp-block-heading\"><span class=\"ez-toc-section\" id=\"21_Piazza_del_Popolo\"><\/span>21. Piazza del Popolo<span class=\"ez-toc-section-end\"><\/span><\/h3>\n\n\n\n<p class=\"wp-block-paragraph\">La Piazza del Popolo, en traducci\u00f3n Plaza del Pueblo, es una de las <strong>plazas m\u00e1s amplias e impresionantes de toda Roma<\/strong>. Funcionaba como la entrada norte principal a la ciudad para todos los peregrinos y visitantes que durante siglos llegaban por la vieja carretera romana Via Flaminia. Hoy es un punto de partida perfecto para explorar el centro, porque de aqu\u00ed salen tres arterias principales, el llamado tridente.<\/p>\n\n\n\n<figure data-wp-context=\"{&quot;imageId&quot;:&quot;6a99235109823&quot;}\" data-wp-interactive=\"core\/image\" data-wp-key=\"6a99235109823\" class=\"wp-block-image size-full wp-lightbox-container\"><img decoding=\"async\" width=\"1200\" height=\"800\" data-wp-class--hide=\"state.isContentHidden\" data-wp-class--show=\"state.isContentVisible\" data-wp-init=\"callbacks.setButtonStyles\" data-wp-on--click=\"actions.showLightbox\" data-wp-on--load=\"callbacks.setButtonStyles\" data-wp-on--pointerdown=\"actions.preloadImage\" data-wp-on--pointerenter=\"actions.preloadImageWithDelay\" data-wp-on--pointerleave=\"actions.cancelPreload\" data-wp-on-window--resize=\"callbacks.setButtonStyles\" src=\"https:\/\/loudavymkrokem.cz\/wp-content\/uploads\/2026\/08\/piazza-del-popolo-obelisk-rim.jpg\" alt=\"Piazza del Popolo con obelisco egipcio y la terraza del Pincio al fondo\" class=\"wp-image-374762\" title=\"\" srcset=\"https:\/\/loudavymkrokem.cz\/wp-content\/uploads\/2026\/08\/piazza-del-popolo-obelisk-rim.jpg 1200w, https:\/\/loudavymkrokem.cz\/wp-content\/uploads\/2026\/08\/piazza-del-popolo-obelisk-rim-300x200.jpg 300w, https:\/\/loudavymkrokem.cz\/wp-content\/uploads\/2026\/08\/piazza-del-popolo-obelisk-rim-700x467.jpg 700w, https:\/\/loudavymkrokem.cz\/wp-content\/uploads\/2026\/08\/piazza-del-popolo-obelisk-rim-768x512.jpg 768w, https:\/\/loudavymkrokem.cz\/wp-content\/uploads\/2026\/08\/piazza-del-popolo-obelisk-rim-696x464.jpg 696w\" sizes=\"(max-width: 1200px) 100vw, 1200px\" \/><button\n\t\t\tclass=\"lightbox-trigger\"\n\t\t\ttype=\"button\"\n\t\t\taria-haspopup=\"dialog\"\n\t\t\tdata-wp-bind--aria-label=\"state.thisImage.triggerButtonAriaLabel\"\n\t\t\tdata-wp-init=\"callbacks.initTriggerButton\"\n\t\t\tdata-wp-on--click=\"actions.showLightbox\"\n\t\t\tdata-wp-style--right=\"state.thisImage.buttonRight\"\n\t\t\tdata-wp-style--top=\"state.thisImage.buttonTop\"\n\t\t>\n\t\t\t<svg xmlns=\"http:\/\/www.w3.org\/2000\/svg\" width=\"12\" height=\"12\" fill=\"none\" viewBox=\"0 0 12 12\">\n\t\t\t\t<path fill=\"#fff\" d=\"M2 0a2 2 0 0 0-2 2v2h1.5V2a.5.5 0 0 1 .5-.5h2V0H2Zm2 10.5H2a.5.5 0 0 1-.5-.5V8H0v2a2 2 0 0 0 2 2h2v-1.5ZM8 12v-1.5h2a.5.5 0 0 0 .5-.5V8H12v2a2 2 0 0 1-2 2H8Zm2-12a2 2 0 0 1 2 2v2h-1.5V2a.5.5 0 0 0-.5-.5H8V0h2Z\" \/>\n\t\t\t<\/svg>\n\t\t<\/button><figcaption class=\"wp-element-caption\">Foto: Wolfgang Moroder, CC BY-SA 3.0, Wikimedia Commons<\/figcaption><\/figure>\n\n\n\n\n<p class=\"wp-block-paragraph\">El centro de la plaza est\u00e1 presidido por un <strong>enorme obelisco egipcio<\/strong> que data del siglo XIII antes de nuestra era y que originalmente estaba en el antiguo Circo M\u00e1ximo, antes de trasladarse aqu\u00ed. La plaza est\u00e1 rodeada de cafeter\u00edas por todos lados, siempre hay mucho ambiente y en su lado sur se alzan dos iglesias barrocas casi id\u00e9nticas que crean una bonita simetr\u00eda.<\/p>\n\n\n\n<p class=\"wp-block-paragraph\">Dentro de la discreta iglesia Santa Maria del Popolo, que est\u00e1 justo junto a la vieja puerta de la ciudad, se esconde un aut\u00e9ntico tesoro art\u00edstico. En una capilla lateral cuelgan dos <strong>lienzos impresionantes del maestro del claroscuro Caravaggio<\/strong> (la Crucifixi\u00f3n de San Pedro y la Conversi\u00f3n de San Pablo). La entrada a la iglesia es gratis, solo lleva contigo unas monedas para echar en la m\u00e1quina y que estos geniales cuadros se iluminen un rato.<\/p>\n\n\n\n<h3 class=\"wp-block-heading\"><span class=\"ez-toc-section\" id=\"22_Los_jardines_del_Pincio\"><\/span>22. Los jardines del Pincio<span class=\"ez-toc-section-end\"><\/span><\/h3>\n\n\n\n<p class=\"wp-block-paragraph\">Cuando est\u00e1s en la Piazza del Popolo y miras al este, ves monumentales hileras de terrazas verdes elev\u00e1ndose muy por encima de la ciudad. Son los jardines del Pincio, uno de los <strong>parques m\u00e1s bonitos y rom\u00e1nticos de Roma<\/strong>. La subida por las escaleras da algo de guerra con el calor del verano, pero la recompensa en lo alto merece cada gota de sudor.<\/p>\n\n\n\n<figure data-wp-context=\"{&quot;imageId&quot;:&quot;6a99235109d33&quot;}\" data-wp-interactive=\"core\/image\" data-wp-key=\"6a99235109d33\" class=\"wp-block-image size-full wp-lightbox-container\"><img decoding=\"async\" width=\"1200\" height=\"675\" data-wp-class--hide=\"state.isContentHidden\" data-wp-class--show=\"state.isContentVisible\" data-wp-init=\"callbacks.setButtonStyles\" data-wp-on--click=\"actions.showLightbox\" data-wp-on--load=\"callbacks.setButtonStyles\" data-wp-on--pointerdown=\"actions.preloadImage\" data-wp-on--pointerenter=\"actions.preloadImageWithDelay\" data-wp-on--pointerleave=\"actions.cancelPreload\" data-wp-on-window--resize=\"callbacks.setButtonStyles\" src=\"https:\/\/loudavymkrokem.cz\/wp-content\/uploads\/2026\/08\/pincio-terasa-vyhled-rim.jpg\" alt=\"Terraza mirador del Pincio con vistas a la c\u00fapula de San Pedro\" class=\"wp-image-374763\" title=\"\" srcset=\"https:\/\/loudavymkrokem.cz\/wp-content\/uploads\/2026\/08\/pincio-terasa-vyhled-rim.jpg 1200w, https:\/\/loudavymkrokem.cz\/wp-content\/uploads\/2026\/08\/pincio-terasa-vyhled-rim-300x169.jpg 300w, https:\/\/loudavymkrokem.cz\/wp-content\/uploads\/2026\/08\/pincio-terasa-vyhled-rim-700x394.jpg 700w, https:\/\/loudavymkrokem.cz\/wp-content\/uploads\/2026\/08\/pincio-terasa-vyhled-rim-768x432.jpg 768w, https:\/\/loudavymkrokem.cz\/wp-content\/uploads\/2026\/08\/pincio-terasa-vyhled-rim-696x392.jpg 696w\" sizes=\"(max-width: 1200px) 100vw, 1200px\" \/><button\n\t\t\tclass=\"lightbox-trigger\"\n\t\t\ttype=\"button\"\n\t\t\taria-haspopup=\"dialog\"\n\t\t\tdata-wp-bind--aria-label=\"state.thisImage.triggerButtonAriaLabel\"\n\t\t\tdata-wp-init=\"callbacks.initTriggerButton\"\n\t\t\tdata-wp-on--click=\"actions.showLightbox\"\n\t\t\tdata-wp-style--right=\"state.thisImage.buttonRight\"\n\t\t\tdata-wp-style--top=\"state.thisImage.buttonTop\"\n\t\t>\n\t\t\t<svg xmlns=\"http:\/\/www.w3.org\/2000\/svg\" width=\"12\" height=\"12\" fill=\"none\" viewBox=\"0 0 12 12\">\n\t\t\t\t<path fill=\"#fff\" d=\"M2 0a2 2 0 0 0-2 2v2h1.5V2a.5.5 0 0 1 .5-.5h2V0H2Zm2 10.5H2a.5.5 0 0 1-.5-.5V8H0v2a2 2 0 0 0 2 2h2v-1.5ZM8 12v-1.5h2a.5.5 0 0 0 .5-.5V8H12v2a2 2 0 0 1-2 2H8Zm2-12a2 2 0 0 1 2 2v2h-1.5V2a.5.5 0 0 0-.5-.5H8V0h2Z\" \/>\n\t\t\t<\/svg>\n\t\t<\/button><figcaption class=\"wp-element-caption\">Foto: Jorge Franganillo, CC BY 2.0, Wikimedia Commons<\/figcaption><\/figure>\n\n\n\n\n<p class=\"wp-block-paragraph\">Desde la amplia terraza mirador Terrazza del Pincio se abre una <strong>vista panor\u00e1mica de toda la plaza<\/strong> que se extiende justo bajo tus pies, del mar de tejados de terracota y de la majestuosa c\u00fapula de la bas\u00edlica de San Pedro alz\u00e1ndose en el horizonte. Preg\u00fantale a cualquier romano ad\u00f3nde llevar a la pareja a una cita, y esta terraza estar\u00e1 muy arriba en su lista.<\/p>\n\n\n\n<p class=\"wp-block-paragraph\">El mejor momento para venir aqu\u00ed es sin duda el <strong>final de la tarde, justo antes del atardecer<\/strong>. El cielo se ti\u00f1e de tonos naranjas y morados, los m\u00fasicos callejeros empiezan a tocar la guitarra y la ciudad comienza a prepararse para la noche. Hay muchos bancos, la sombra de \u00e1rboles frondosos y puedes descansar un rato de ese tr\u00e1fico loco y ajetreado de las calles de abajo.<\/p>\n\n\n\n<h3 class=\"wp-block-heading\"><span class=\"ez-toc-section\" id=\"23_Villa_Borghese_y_su_parque\"><\/span>23. Villa Borghese y su parque<span class=\"ez-toc-section-end\"><\/span><\/h3>\n\n\n\n<p class=\"wp-block-paragraph\">Los jardines del Pincio pasan sin transici\u00f3n al extenso parque de Villa Borghese, que funciona como el <strong>pulm\u00f3n verde de toda Roma<\/strong> y ofrece un escape perfecto del ruido de la gran ciudad. Es un refugio absolutamente perfecto para las familias con ni\u00f1os que ya han perdido la paciencia con las ruinas antiguas y necesitan corretear un poco en la naturaleza.<\/p>\n\n\n\n<figure data-wp-context=\"{&quot;imageId&quot;:&quot;6a9923510a5fd&quot;}\" data-wp-interactive=\"core\/image\" data-wp-key=\"6a9923510a5fd\" class=\"wp-block-image size-full wp-lightbox-container\"><img decoding=\"async\" width=\"1200\" height=\"811\" data-wp-class--hide=\"state.isContentHidden\" data-wp-class--show=\"state.isContentVisible\" data-wp-init=\"callbacks.setButtonStyles\" data-wp-on--click=\"actions.showLightbox\" data-wp-on--load=\"callbacks.setButtonStyles\" data-wp-on--pointerdown=\"actions.preloadImage\" data-wp-on--pointerenter=\"actions.preloadImageWithDelay\" data-wp-on--pointerleave=\"actions.cancelPreload\" data-wp-on-window--resize=\"callbacks.setButtonStyles\" src=\"https:\/\/loudavymkrokem.cz\/wp-content\/uploads\/2026\/05\/181581-12-zelen-parku-villa-borghese-s-jezirkem-a-chramkem-aesculapia.jpg\" alt=\"Templete de Esculapio junto al estanque del parque de Villa Borghese\" class=\"wp-image-182006\" title=\"\" srcset=\"https:\/\/loudavymkrokem.cz\/wp-content\/uploads\/2026\/05\/181581-12-zelen-parku-villa-borghese-s-jezirkem-a-chramkem-aesculapia.jpg 1200w, https:\/\/loudavymkrokem.cz\/wp-content\/uploads\/2026\/05\/181581-12-zelen-parku-villa-borghese-s-jezirkem-a-chramkem-aesculapia-300x203.jpg 300w, https:\/\/loudavymkrokem.cz\/wp-content\/uploads\/2026\/05\/181581-12-zelen-parku-villa-borghese-s-jezirkem-a-chramkem-aesculapia-700x473.jpg 700w, https:\/\/loudavymkrokem.cz\/wp-content\/uploads\/2026\/05\/181581-12-zelen-parku-villa-borghese-s-jezirkem-a-chramkem-aesculapia-768x519.jpg 768w, https:\/\/loudavymkrokem.cz\/wp-content\/uploads\/2026\/05\/181581-12-zelen-parku-villa-borghese-s-jezirkem-a-chramkem-aesculapia-696x470.jpg 696w\" sizes=\"(max-width: 1200px) 100vw, 1200px\" \/><button\n\t\t\tclass=\"lightbox-trigger\"\n\t\t\ttype=\"button\"\n\t\t\taria-haspopup=\"dialog\"\n\t\t\tdata-wp-bind--aria-label=\"state.thisImage.triggerButtonAriaLabel\"\n\t\t\tdata-wp-init=\"callbacks.initTriggerButton\"\n\t\t\tdata-wp-on--click=\"actions.showLightbox\"\n\t\t\tdata-wp-style--right=\"state.thisImage.buttonRight\"\n\t\t\tdata-wp-style--top=\"state.thisImage.buttonTop\"\n\t\t>\n\t\t\t<svg xmlns=\"http:\/\/www.w3.org\/2000\/svg\" width=\"12\" height=\"12\" fill=\"none\" viewBox=\"0 0 12 12\">\n\t\t\t\t<path fill=\"#fff\" d=\"M2 0a2 2 0 0 0-2 2v2h1.5V2a.5.5 0 0 1 .5-.5h2V0H2Zm2 10.5H2a.5.5 0 0 1-.5-.5V8H0v2a2 2 0 0 0 2 2h2v-1.5ZM8 12v-1.5h2a.5.5 0 0 0 .5-.5V8H12v2a2 2 0 0 1-2 2H8Zm2-12a2 2 0 0 1 2 2v2h-1.5V2a.5.5 0 0 0-.5-.5H8V0h2Z\" \/>\n\t\t\t<\/svg>\n\t\t<\/button><figcaption class=\"wp-element-caption\">Foto: Krzysztof Golik, CC BY-SA 4.0, Wikimedia Commons<\/figcaption><\/figure>\n\n\n\n\n<p class=\"wp-block-paragraph\">Aqu\u00ed puedes resguardar la cabeza del sol abrasador bajo las anchas copas de los pinos, <strong>alquilar cuadriciclos de pedales para toda la familia<\/strong> o dar un paseo en una barquita de madera por el estanque artificial junto al templo dedicado al dios Esculapio. Pasear por estas alamedas sombreadas es en verano un aut\u00e9ntico b\u00e1lsamo para el alma y los pies cansados.<\/p>\n\n\n\n<p class=\"wp-block-paragraph\">Deambulando por el parque te topar\u00e1s tambi\u00e9n con curiosos monumentos t\u00e9cnicos, como el <strong>viejo reloj de agua del siglo XIX<\/strong>, que sigue funcionando hoy con el principio del agua que fluye. En el borde de todo el complejo verde encontrar\u00e1s adem\u00e1s el zoo Bioparco, otra idea estupenda si viajas con ni\u00f1os peque\u00f1os y quieres variarles el programa hist\u00f3rico.<\/p>\n\n\n\n<h3 class=\"wp-block-heading\"><span class=\"ez-toc-section\" id=\"24_La_Galeria_Borghese\"><\/span>24. La Galer\u00eda Borghese<span class=\"ez-toc-section-end\"><\/span><\/h3>\n\n\n\n<p class=\"wp-block-paragraph\">Justo en el centro del parque se esconde la preciosa <a href=\"https:\/\/loudavymkrokem.cz\/es\/galeria-borghese-roma-italia\/\">Galer\u00eda Borghese<\/a> (Galleria Borghese) del mismo nombre, que alberga una de las <strong>mejores colecciones de arte renacentista y barroco<\/strong> del mundo entero. El cardenal Scipione Borghese reuni\u00f3 aqu\u00ed en el siglo XVII obras impresionantes que hoy vienen a ver amantes del arte de todos los rincones del planeta.<\/p>\n\n\n\n<figure data-wp-context=\"{&quot;imageId&quot;:&quot;6a9923510ae9a&quot;}\" data-wp-interactive=\"core\/image\" data-wp-key=\"6a9923510ae9a\" class=\"wp-block-image size-full wp-lightbox-container\"><img decoding=\"async\" width=\"1200\" height=\"859\" data-wp-class--hide=\"state.isContentHidden\" data-wp-class--show=\"state.isContentVisible\" data-wp-init=\"callbacks.setButtonStyles\" data-wp-on--click=\"actions.showLightbox\" data-wp-on--load=\"callbacks.setButtonStyles\" data-wp-on--pointerdown=\"actions.preloadImage\" data-wp-on--pointerenter=\"actions.preloadImageWithDelay\" data-wp-on--pointerleave=\"actions.cancelPreload\" data-wp-on-window--resize=\"callbacks.setButtonStyles\" src=\"https:\/\/loudavymkrokem.cz\/wp-content\/uploads\/2026\/05\/181581-0-berniniho-sousosi-apollo-a-dafne-v-galerii-borghese-detail-p.jpg\" alt=\"Grupo escult\u00f3rico de Bernini Apolo y Dafne en la Galer\u00eda Borghese\" class=\"wp-image-181972\" title=\"\" srcset=\"https:\/\/loudavymkrokem.cz\/wp-content\/uploads\/2026\/05\/181581-0-berniniho-sousosi-apollo-a-dafne-v-galerii-borghese-detail-p.jpg 1200w, https:\/\/loudavymkrokem.cz\/wp-content\/uploads\/2026\/05\/181581-0-berniniho-sousosi-apollo-a-dafne-v-galerii-borghese-detail-p-300x215.jpg 300w, https:\/\/loudavymkrokem.cz\/wp-content\/uploads\/2026\/05\/181581-0-berniniho-sousosi-apollo-a-dafne-v-galerii-borghese-detail-p-700x501.jpg 700w, https:\/\/loudavymkrokem.cz\/wp-content\/uploads\/2026\/05\/181581-0-berniniho-sousosi-apollo-a-dafne-v-galerii-borghese-detail-p-768x550.jpg 768w, https:\/\/loudavymkrokem.cz\/wp-content\/uploads\/2026\/05\/181581-0-berniniho-sousosi-apollo-a-dafne-v-galerii-borghese-detail-p-696x498.jpg 696w\" sizes=\"(max-width: 1200px) 100vw, 1200px\" \/><button\n\t\t\tclass=\"lightbox-trigger\"\n\t\t\ttype=\"button\"\n\t\t\taria-haspopup=\"dialog\"\n\t\t\tdata-wp-bind--aria-label=\"state.thisImage.triggerButtonAriaLabel\"\n\t\t\tdata-wp-init=\"callbacks.initTriggerButton\"\n\t\t\tdata-wp-on--click=\"actions.showLightbox\"\n\t\t\tdata-wp-style--right=\"state.thisImage.buttonRight\"\n\t\t\tdata-wp-style--top=\"state.thisImage.buttonTop\"\n\t\t>\n\t\t\t<svg xmlns=\"http:\/\/www.w3.org\/2000\/svg\" width=\"12\" height=\"12\" fill=\"none\" viewBox=\"0 0 12 12\">\n\t\t\t\t<path fill=\"#fff\" d=\"M2 0a2 2 0 0 0-2 2v2h1.5V2a.5.5 0 0 1 .5-.5h2V0H2Zm2 10.5H2a.5.5 0 0 1-.5-.5V8H0v2a2 2 0 0 0 2 2h2v-1.5ZM8 12v-1.5h2a.5.5 0 0 0 .5-.5V8H12v2a2 2 0 0 1-2 2H8Zm2-12a2 2 0 0 1 2 2v2h-1.5V2a.5.5 0 0 0-.5-.5H8V0h2Z\" \/>\n\t\t\t<\/svg>\n\t\t<\/button><figcaption class=\"wp-element-caption\">Foto: Alvesgaspar, CC BY-SA 4.0, Wikimedia Commons<\/figcaption><\/figure>\n\n\n\n\n<p class=\"wp-block-paragraph\">Ver\u00e1s aqu\u00ed las impresionantes <strong>esculturas de m\u00e1rmol de Bernini<\/strong>, como Apolo y Dafne o el Rapto de Proserpina, donde la piedra bajo las manos del dios del inframundo parece carne humana blanda, y tambi\u00e9n oscuros y geniales lienzos de Caravaggio. Pero aqu\u00ed no existe la decisi\u00f3n de \u00faltima hora, porque la galer\u00eda no admite estrictamente a visitantes que lleguen sin m\u00e1s y reservar la entrada por adelantado es totalmente obligatorio (la entrada cuesta unos 18 \u20ac).<\/p>\n\n\n\n<p class=\"wp-block-paragraph\">Las visitas funcionan en estrictas <strong>franjas de dos horas y la capacidad est\u00e1 limitada<\/strong> a solo 360 personas, as\u00ed que dentro nunca te apelotonas y disfrutas del gran arte con verdadera tranquilidad. Pero pasadas las dos horas, los responsables de la galer\u00eda te echan sin contemplaciones para dejar sitio al siguiente grupo, y las entradas desaparecen de la web oficial hasta con varias semanas de antelaci\u00f3n, as\u00ed que no puedes demorarte con la compra.<\/p>\n\n\n\n<h3 class=\"wp-block-heading\"><span class=\"ez-toc-section\" id=\"25_La_Galeria_Nacional_GNAM\"><\/span>25. La Galer\u00eda Nacional (GNAM)<span class=\"ez-toc-section-end\"><\/span><\/h3>\n\n\n\n<p class=\"wp-block-paragraph\">A un paso de Villa Borghese, en el borde norte del parque, encontrar\u00e1s el enorme edificio blanco de la Galer\u00eda Nacional de Arte Moderno (Galleria Nazionale d&#8217;Arte Moderna, GNAM abreviado). La mayor\u00eda de los turistas van a Roma exclusivamente por la Antig\u00fcedad y el barroco, as\u00ed que suelen pasar por alto este museo moderno, lo cual es una <strong>enorme l\u00e1stima si te interesan aunque sea un poco las corrientes art\u00edsticas m\u00e1s recientes<\/strong>.<\/p>\n\n\n\n<figure data-wp-context=\"{&quot;imageId&quot;:&quot;6a9923510b3b6&quot;}\" data-wp-interactive=\"core\/image\" data-wp-key=\"6a9923510b3b6\" class=\"wp-block-image size-full wp-lightbox-container\"><img decoding=\"async\" width=\"1028\" height=\"1200\" data-wp-class--hide=\"state.isContentHidden\" data-wp-class--show=\"state.isContentVisible\" data-wp-init=\"callbacks.setButtonStyles\" data-wp-on--click=\"actions.showLightbox\" data-wp-on--load=\"callbacks.setButtonStyles\" data-wp-on--pointerdown=\"actions.preloadImage\" data-wp-on--pointerenter=\"actions.preloadImageWithDelay\" data-wp-on--pointerleave=\"actions.cancelPreload\" data-wp-on-window--resize=\"callbacks.setButtonStyles\" src=\"https:\/\/loudavymkrokem.cz\/wp-content\/uploads\/2026\/08\/gnam-sogni-corcos-rim.jpg\" alt=\"Cuadro Sue\u00f1os de Vittorio Matteo Corcos en la Galer\u00eda Nacional de Arte Moderno de Roma\" class=\"wp-image-374764\" title=\"\" srcset=\"https:\/\/loudavymkrokem.cz\/wp-content\/uploads\/2026\/08\/gnam-sogni-corcos-rim.jpg 1028w, https:\/\/loudavymkrokem.cz\/wp-content\/uploads\/2026\/08\/gnam-sogni-corcos-rim-257x300.jpg 257w, https:\/\/loudavymkrokem.cz\/wp-content\/uploads\/2026\/08\/gnam-sogni-corcos-rim-700x817.jpg 700w, https:\/\/loudavymkrokem.cz\/wp-content\/uploads\/2026\/08\/gnam-sogni-corcos-rim-768x896.jpg 768w, https:\/\/loudavymkrokem.cz\/wp-content\/uploads\/2026\/08\/gnam-sogni-corcos-rim-696x812.jpg 696w\" sizes=\"(max-width: 1028px) 100vw, 1028px\" \/><button\n\t\t\tclass=\"lightbox-trigger\"\n\t\t\ttype=\"button\"\n\t\t\taria-haspopup=\"dialog\"\n\t\t\tdata-wp-bind--aria-label=\"state.thisImage.triggerButtonAriaLabel\"\n\t\t\tdata-wp-init=\"callbacks.initTriggerButton\"\n\t\t\tdata-wp-on--click=\"actions.showLightbox\"\n\t\t\tdata-wp-style--right=\"state.thisImage.buttonRight\"\n\t\t\tdata-wp-style--top=\"state.thisImage.buttonTop\"\n\t\t>\n\t\t\t<svg xmlns=\"http:\/\/www.w3.org\/2000\/svg\" width=\"12\" height=\"12\" fill=\"none\" viewBox=\"0 0 12 12\">\n\t\t\t\t<path fill=\"#fff\" d=\"M2 0a2 2 0 0 0-2 2v2h1.5V2a.5.5 0 0 1 .5-.5h2V0H2Zm2 10.5H2a.5.5 0 0 1-.5-.5V8H0v2a2 2 0 0 0 2 2h2v-1.5ZM8 12v-1.5h2a.5.5 0 0 0 .5-.5V8H12v2a2 2 0 0 1-2 2H8Zm2-12a2 2 0 0 1 2 2v2h-1.5V2a.5.5 0 0 0-.5-.5H8V0h2Z\" \/>\n\t\t\t<\/svg>\n\t\t<\/button><figcaption class=\"wp-element-caption\">Foto: Didier Descouens, CC BY-SA 4.0, Wikimedia Commons<\/figcaption><\/figure>\n\n\n\n\n<p class=\"wp-block-paragraph\">Aqu\u00ed se encuentra la <strong>mayor colecci\u00f3n de arte moderno italiano y extranjero<\/strong> de Italia de los siglos XIX y XX. Durante la visita ver\u00e1s obras fant\u00e1sticas de grandes figuras como Vincent van Gogh, Gustav Klimt, Paul C\u00e9zanne, Claude Monet o Jackson Pollock, todo ello preciosamente montado en amplias salas.<\/p>\n\n\n\n<p class=\"wp-block-paragraph\">La enorme ventaja de esta galer\u00eda es su <strong>absoluta calma y su espacio<\/strong>. A diferencia de los abarrotados Museos Vaticanos, aqu\u00ed no te empujar\u00e1s con multitudes de gente con paraguas sobre la cabeza. Puedes pasear en silencio por las salas luminosas, disfrutar del aire acondicionado que funciona de verdad y admirar el arte a tu propio ritmo, sin la sensaci\u00f3n de que alguien te empuja constantemente hacia delante.<\/p>\n\n\n\n<h3 class=\"wp-block-heading\"><span class=\"ez-toc-section\" id=\"26_La_Boca_de_la_Verdad_Bocca_della_Verita\"><\/span>26. La Boca de la Verdad (Bocca della Verit\u00e0)<span class=\"ez-toc-section-end\"><\/span><\/h3>\n\n\n\n<p class=\"wp-block-paragraph\">Otro lugar que populariz\u00f3 enormemente la rom\u00e1ntica pel\u00edcula Vacaciones en Roma est\u00e1 en el p\u00f3rtico de la discreta iglesia Santa Maria in Cosmedin, cerca del T\u00edber. Se trata de una <strong>m\u00e1scara de m\u00e1rmol de m\u00e1s de una tonelada<\/strong> que probablemente representa a un dios pagano de los mares o que en la Antig\u00fcedad funcionaba como una decorada tapa de alcantarilla antigua.<\/p>\n\n\n\n<figure data-wp-context=\"{&quot;imageId&quot;:&quot;6a9923510b8fd&quot;}\" data-wp-interactive=\"core\/image\" data-wp-key=\"6a9923510b8fd\" class=\"wp-block-image size-full wp-lightbox-container\"><img decoding=\"async\" width=\"800\" height=\"1200\" data-wp-class--hide=\"state.isContentHidden\" data-wp-class--show=\"state.isContentVisible\" data-wp-init=\"callbacks.setButtonStyles\" data-wp-on--click=\"actions.showLightbox\" data-wp-on--load=\"callbacks.setButtonStyles\" data-wp-on--pointerdown=\"actions.preloadImage\" data-wp-on--pointerenter=\"actions.preloadImageWithDelay\" data-wp-on--pointerleave=\"actions.cancelPreload\" data-wp-on-window--resize=\"callbacks.setButtonStyles\" src=\"https:\/\/loudavymkrokem.cz\/wp-content\/uploads\/2026\/08\/bocca-della-verita-rim.jpg\" alt=\"M\u00e1scara de m\u00e1rmol de la Boca de la Verdad en el atrio de la iglesia Santa Maria in Cosmedin\" class=\"wp-image-374765\" title=\"\" srcset=\"https:\/\/loudavymkrokem.cz\/wp-content\/uploads\/2026\/08\/bocca-della-verita-rim.jpg 800w, https:\/\/loudavymkrokem.cz\/wp-content\/uploads\/2026\/08\/bocca-della-verita-rim-200x300.jpg 200w, https:\/\/loudavymkrokem.cz\/wp-content\/uploads\/2026\/08\/bocca-della-verita-rim-700x1050.jpg 700w, https:\/\/loudavymkrokem.cz\/wp-content\/uploads\/2026\/08\/bocca-della-verita-rim-768x1152.jpg 768w, https:\/\/loudavymkrokem.cz\/wp-content\/uploads\/2026\/08\/bocca-della-verita-rim-696x1044.jpg 696w\" sizes=\"(max-width: 800px) 100vw, 800px\" \/><button\n\t\t\tclass=\"lightbox-trigger\"\n\t\t\ttype=\"button\"\n\t\t\taria-haspopup=\"dialog\"\n\t\t\tdata-wp-bind--aria-label=\"state.thisImage.triggerButtonAriaLabel\"\n\t\t\tdata-wp-init=\"callbacks.initTriggerButton\"\n\t\t\tdata-wp-on--click=\"actions.showLightbox\"\n\t\t\tdata-wp-style--right=\"state.thisImage.buttonRight\"\n\t\t\tdata-wp-style--top=\"state.thisImage.buttonTop\"\n\t\t>\n\t\t\t<svg xmlns=\"http:\/\/www.w3.org\/2000\/svg\" width=\"12\" height=\"12\" fill=\"none\" viewBox=\"0 0 12 12\">\n\t\t\t\t<path fill=\"#fff\" d=\"M2 0a2 2 0 0 0-2 2v2h1.5V2a.5.5 0 0 1 .5-.5h2V0H2Zm2 10.5H2a.5.5 0 0 1-.5-.5V8H0v2a2 2 0 0 0 2 2h2v-1.5ZM8 12v-1.5h2a.5.5 0 0 0 .5-.5V8H12v2a2 2 0 0 1-2 2H8Zm2-12a2 2 0 0 1 2 2v2h-1.5V2a.5.5 0 0 0-.5-.5H8V0h2Z\" \/>\n\t\t\t<\/svg>\n\t\t<\/button><figcaption class=\"wp-element-caption\">Foto: Dietmar Rabich, CC BY-SA 4.0, Wikimedia Commons<\/figcaption><\/figure>\n\n\n\n\n<p class=\"wp-block-paragraph\">Hoy esta m\u00e1scara se ha convertido en una enorme atracci\u00f3n tur\u00edstica, sobre todo gracias a una leyenda medieval que la convirti\u00f3 en el <strong>primer detector de mentiras del mundo<\/strong>. Seg\u00fan la leyenda, la Boca de la Verdad muerde la mano de todo mentiroso que la meta en su boca de piedra entreabierta, algo que hace a\u00f1os probaron con una sonrisa los h\u00e9roes de cine Audrey Hepburn y Gregory Peck.<\/p>\n\n\n\n<p class=\"wp-block-paragraph\">Si quieres probar en tus propias carnes este divertido ritual y hacerte la famosa foto, <strong>prep\u00e1rate para una cola bastante larga<\/strong> que se forma ante la iglesia pr\u00e1cticamente todo el d\u00eda. Meter la mano es gratis, pero se espera una peque\u00f1a aportaci\u00f3n en la caja a la entrada de la iglesia, que por cierto esconde bonitos mosaicos medievales y merece una breve visita.<\/p>\n\n\n\n<h3 class=\"wp-block-heading\"><span class=\"ez-toc-section\" id=\"27_El_barrio_de_Testaccio_y_la_gastronomia_tradicional\"><\/span>27. El barrio de Testaccio y la gastronom\u00eda tradicional<span class=\"ez-toc-section-end\"><\/span><\/h3>\n\n\n\n<p class=\"wp-block-paragraph\">Si ya est\u00e1s harto de ruinas antiguas y ans\u00edas conocer la <strong>vida local aut\u00e9ntica y sin adornos<\/strong>, dir\u00edgete tras la colina del Aventino al viejo barrio obrero de Testaccio. Monumentos cl\u00e1sicos no encontrar\u00e1s muchos y desde el centro hay que acercarse en metro, pero para todos los amantes de la cocina italiana es una parada obligada.<\/p>\n\n\n\n<figure data-wp-context=\"{&quot;imageId&quot;:&quot;6a9923510be3a&quot;}\" data-wp-interactive=\"core\/image\" data-wp-key=\"6a9923510be3a\" class=\"wp-block-image size-full wp-lightbox-container\"><img decoding=\"async\" width=\"1200\" height=\"862\" data-wp-class--hide=\"state.isContentHidden\" data-wp-class--show=\"state.isContentVisible\" data-wp-init=\"callbacks.setButtonStyles\" data-wp-on--click=\"actions.showLightbox\" data-wp-on--load=\"callbacks.setButtonStyles\" data-wp-on--pointerdown=\"actions.preloadImage\" data-wp-on--pointerenter=\"actions.preloadImageWithDelay\" data-wp-on--pointerleave=\"actions.cancelPreload\" data-wp-on-window--resize=\"callbacks.setButtonStyles\" src=\"https:\/\/loudavymkrokem.cz\/wp-content\/uploads\/2026\/08\/trznice-testaccio-rim.jpg\" alt=\"Nuevo mercado Mercato di Testaccio en el barrio romano de Testaccio\" class=\"wp-image-374766\" title=\"\" srcset=\"https:\/\/loudavymkrokem.cz\/wp-content\/uploads\/2026\/08\/trznice-testaccio-rim.jpg 1200w, https:\/\/loudavymkrokem.cz\/wp-content\/uploads\/2026\/08\/trznice-testaccio-rim-300x216.jpg 300w, https:\/\/loudavymkrokem.cz\/wp-content\/uploads\/2026\/08\/trznice-testaccio-rim-700x503.jpg 700w, https:\/\/loudavymkrokem.cz\/wp-content\/uploads\/2026\/08\/trznice-testaccio-rim-768x552.jpg 768w, https:\/\/loudavymkrokem.cz\/wp-content\/uploads\/2026\/08\/trznice-testaccio-rim-696x500.jpg 696w\" sizes=\"(max-width: 1200px) 100vw, 1200px\" \/><button\n\t\t\tclass=\"lightbox-trigger\"\n\t\t\ttype=\"button\"\n\t\t\taria-haspopup=\"dialog\"\n\t\t\tdata-wp-bind--aria-label=\"state.thisImage.triggerButtonAriaLabel\"\n\t\t\tdata-wp-init=\"callbacks.initTriggerButton\"\n\t\t\tdata-wp-on--click=\"actions.showLightbox\"\n\t\t\tdata-wp-style--right=\"state.thisImage.buttonRight\"\n\t\t\tdata-wp-style--top=\"state.thisImage.buttonTop\"\n\t\t>\n\t\t\t<svg xmlns=\"http:\/\/www.w3.org\/2000\/svg\" width=\"12\" height=\"12\" fill=\"none\" viewBox=\"0 0 12 12\">\n\t\t\t\t<path fill=\"#fff\" d=\"M2 0a2 2 0 0 0-2 2v2h1.5V2a.5.5 0 0 1 .5-.5h2V0H2Zm2 10.5H2a.5.5 0 0 1-.5-.5V8H0v2a2 2 0 0 0 2 2h2v-1.5ZM8 12v-1.5h2a.5.5 0 0 0 .5-.5V8H12v2a2 2 0 0 1-2 2H8Zm2-12a2 2 0 0 1 2 2v2h-1.5V2a.5.5 0 0 0-.5-.5H8V0h2Z\" \/>\n\t\t\t<\/svg>\n\t\t<\/button><figcaption class=\"wp-element-caption\">Foto: Lalupa, CC BY-SA 3.0, Wikimedia Commons<\/figcaption><\/figure>\n\n\n\n\n<p class=\"wp-block-paragraph\">El coraz\u00f3n de toda esta zona es el <strong>moderno mercado acristalado Mercato di Testaccio<\/strong>, que cada d\u00eda bulle de forma incre\u00edble. Los vecinos compran aqu\u00ed verdura fresca, charlan por encima de los mostradores y t\u00fa puedes tomarte en los puestos comida deliciosa para llevar en la mano y regarla con vino servido en vasos de pl\u00e1stico por unos pocos euros.<\/p>\n\n\n\n<p class=\"wp-block-paragraph\">Luk\u00e1\u0161 y yo disfrutamos aqu\u00ed de un <strong>perfecto cacio e pepe de queso y de un dulce maritozzo<\/strong> (un tradicional bollo romano relleno de una enorme cantidad de nata), mientras que para los amantes de lo cl\u00e1sico es el centro de los platos de casquer\u00eda. La cocina tradicional romana naci\u00f3 originalmente aqu\u00ed, junto al viejo matadero, y turistas de todo el mundo vienen a probar especialidades como los callos trippa alla romana o el rabo de buey, aunque nosotros a estas cosas de carne les resistimos con una sonrisa. \u263a\ufe0f<\/p>\n\n\n\n<p class=\"wp-block-paragraph\">M\u00e9tete por la noche en alguna ruidosa pizzer\u00eda local donde <strong>nadie te hablar\u00e1 en ingl\u00e9s<\/strong> y la carta no tendr\u00e1 fotos de colores. Precisamente aqu\u00ed, lejos de las trampas tur\u00edsticas sobreprecio del Vaticano, vivir\u00e1s la Roma aut\u00e9ntica a la que querr\u00e1s volver una y otra vez.<\/p>\n\n\n\n<h2 class=\"wp-block-heading\" id=\"Rim_mimo_dav\"><span class=\"ez-toc-section\" id=\"Roma_sin_multitudes_13_lugares_adonde_no_van_los_turistas\"><\/span>Roma sin multitudes: 13 lugares adonde no van los turistas<span class=\"ez-toc-section-end\"><\/span><\/h2>\n\n\n\n<p class=\"wp-block-paragraph\">Cuando tengas tachada la cl\u00e1sica obligatoria, empieza la parte m\u00e1s divertida. <strong>Esta es la Roma que conocen m\u00e1s los locales que los turistas<\/strong>, y sin embargo la mayor\u00eda de estos lugares est\u00e1n a distancia caminable de las paradas donde se agolpan las multitudes. Varios de ellos son incluso totalmente gratis.<\/p>\n\n\n\n<h3 class=\"wp-block-heading\"><span class=\"ez-toc-section\" id=\"28_La_basilica_de_San_Clemente_y_sus_tres_pisos_de_historia\"><\/span>28. La bas\u00edlica de San Clemente y sus tres pisos de historia<span class=\"ez-toc-section-end\"><\/span><\/h3>\n\n\n\n<p class=\"wp-block-paragraph\">Si amas la historia y quieres vivir en tus propias carnes c\u00f3mo Roma se fue literalmente acumulando por capas a lo largo de los siglos, este lugar te encantar\u00e1. La <strong>bas\u00edlica de San Clemente<\/strong> no parece nada llamativa por fuera, pero dentro esconde una incre\u00edble m\u00e1quina del tiempo. Primero entras en una preciosa iglesia del siglo XII llena de impresionantes mosaicos medievales y una bonita decoraci\u00f3n de m\u00e1rmol.<\/p>\n\n\n\n<figure data-wp-context=\"{&quot;imageId&quot;:&quot;6a9923510c47d&quot;}\" data-wp-interactive=\"core\/image\" data-wp-key=\"6a9923510c47d\" class=\"wp-block-image size-full wp-lightbox-container\"><img decoding=\"async\" width=\"1200\" height=\"798\" data-wp-class--hide=\"state.isContentHidden\" data-wp-class--show=\"state.isContentVisible\" data-wp-init=\"callbacks.setButtonStyles\" data-wp-on--click=\"actions.showLightbox\" data-wp-on--load=\"callbacks.setButtonStyles\" data-wp-on--pointerdown=\"actions.preloadImage\" data-wp-on--pointerenter=\"actions.preloadImageWithDelay\" data-wp-on--pointerleave=\"actions.cancelPreload\" data-wp-on-window--resize=\"callbacks.setButtonStyles\" src=\"https:\/\/loudavymkrokem.cz\/wp-content\/uploads\/2026\/08\/bazilika-san-clemente-rim.jpg\" alt=\"Interior de la bas\u00edlica de San Clemente en Roma con suelo cosmatesco y \u00e1bside dorado\" class=\"wp-image-374704\" title=\"\" srcset=\"https:\/\/loudavymkrokem.cz\/wp-content\/uploads\/2026\/08\/bazilika-san-clemente-rim.jpg 1200w, https:\/\/loudavymkrokem.cz\/wp-content\/uploads\/2026\/08\/bazilika-san-clemente-rim-300x200.jpg 300w, https:\/\/loudavymkrokem.cz\/wp-content\/uploads\/2026\/08\/bazilika-san-clemente-rim-700x466.jpg 700w, https:\/\/loudavymkrokem.cz\/wp-content\/uploads\/2026\/08\/bazilika-san-clemente-rim-768x511.jpg 768w, https:\/\/loudavymkrokem.cz\/wp-content\/uploads\/2026\/08\/bazilika-san-clemente-rim-696x463.jpg 696w\" sizes=\"(max-width: 1200px) 100vw, 1200px\" \/><button\n\t\t\tclass=\"lightbox-trigger\"\n\t\t\ttype=\"button\"\n\t\t\taria-haspopup=\"dialog\"\n\t\t\tdata-wp-bind--aria-label=\"state.thisImage.triggerButtonAriaLabel\"\n\t\t\tdata-wp-init=\"callbacks.initTriggerButton\"\n\t\t\tdata-wp-on--click=\"actions.showLightbox\"\n\t\t\tdata-wp-style--right=\"state.thisImage.buttonRight\"\n\t\t\tdata-wp-style--top=\"state.thisImage.buttonTop\"\n\t\t>\n\t\t\t<svg xmlns=\"http:\/\/www.w3.org\/2000\/svg\" width=\"12\" height=\"12\" fill=\"none\" viewBox=\"0 0 12 12\">\n\t\t\t\t<path fill=\"#fff\" d=\"M2 0a2 2 0 0 0-2 2v2h1.5V2a.5.5 0 0 1 .5-.5h2V0H2Zm2 10.5H2a.5.5 0 0 1-.5-.5V8H0v2a2 2 0 0 0 2 2h2v-1.5ZM8 12v-1.5h2a.5.5 0 0 0 .5-.5V8H12v2a2 2 0 0 1-2 2H8Zm2-12a2 2 0 0 1 2 2v2h-1.5V2a.5.5 0 0 0-.5-.5H8V0h2Z\" \/>\n\t\t\t<\/svg>\n\t\t<\/button><figcaption class=\"wp-element-caption\">Foto: Ninfamania, CC BY 4.0, Wikimedia Commons<\/figcaption><\/figure>\n\n\n\n\n<p class=\"wp-block-paragraph\">Pero esto es solo el comienzo, porque lo principal se esconde bajo tierra. En cuanto bajas las escaleras, te encuentras en una bas\u00edlica m\u00e1s antigua del siglo IV, que estuvo largos siglos completamente sepultada. Y si te atreves a bajar a\u00fan m\u00e1s hondo, llegas hasta el <strong>siglo I de nuestra era<\/strong>, donde explorar\u00e1s una antigua casa romana y un misterioso templo pagano del dios Mitra. Es absolutamente fascinante o\u00edr correr un manantial subterr\u00e1neo que borbotea aqu\u00ed en la penumbra desde hace miles de a\u00f1os.<\/p>\n\n\n\n<p class=\"wp-block-paragraph\">Res\u00e9rvate alrededor de una hora para explorar los tres pisos. \ud83d\udca1 <strong>Consejo:<\/strong> la entrada al subterr\u00e1neo es de pago y recomiendo comprar las entradas por adelantado en la web oficial para evitar esperas. La iglesia est\u00e1 a un paseo del Coliseo, as\u00ed que llegas f\u00e1cil tras su visita.<\/p>\n\n\n\n<h3 class=\"wp-block-heading\"><span class=\"ez-toc-section\" id=\"29_La_cerradura_del_Aventino_y_el_Jardin_de_los_Naranjos\"><\/span>29. La cerradura del Aventino y el Jard\u00edn de los Naranjos<span class=\"ez-toc-section-end\"><\/span><\/h3>\n\n\n\n<p class=\"wp-block-paragraph\">\u00bfQui\u00e9n no querr\u00eda ver la c\u00fapula italiana m\u00e1s famosa desde una perspectiva totalmente distinta? En la cima de la colina del Aventino hay un discreto port\u00f3n verde en la sede de los Caballeros de Malta, ante el que suele formarse un grupito de curiosos. Cuando <strong>miras por su cerradura<\/strong>, se te ofrece una vista perfecta de la bas\u00edlica de San Pedro, precisamente enmarcada por un seto. Es solo un jueguecito r\u00e1pido, pero tiene un enorme encanto.<\/p>\n\n\n\n<figure data-wp-context=\"{&quot;imageId&quot;:&quot;6a9923510c9ed&quot;}\" data-wp-interactive=\"core\/image\" data-wp-key=\"6a9923510c9ed\" class=\"wp-block-image size-full wp-lightbox-container\"><img decoding=\"async\" width=\"1200\" height=\"801\" data-wp-class--hide=\"state.isContentHidden\" data-wp-class--show=\"state.isContentVisible\" data-wp-init=\"callbacks.setButtonStyles\" data-wp-on--click=\"actions.showLightbox\" data-wp-on--load=\"callbacks.setButtonStyles\" data-wp-on--pointerdown=\"actions.preloadImage\" data-wp-on--pointerenter=\"actions.preloadImageWithDelay\" data-wp-on--pointerleave=\"actions.cancelPreload\" data-wp-on-window--resize=\"callbacks.setButtonStyles\" src=\"https:\/\/loudavymkrokem.cz\/wp-content\/uploads\/2026\/08\/aventinska-klicova-dirka-rim.jpg\" alt=\"Vista por la cerradura del Aventino a la c\u00fapula de la bas\u00edlica de San Pedro\" class=\"wp-image-374706\" title=\"\" srcset=\"https:\/\/loudavymkrokem.cz\/wp-content\/uploads\/2026\/08\/aventinska-klicova-dirka-rim.jpg 1200w, https:\/\/loudavymkrokem.cz\/wp-content\/uploads\/2026\/08\/aventinska-klicova-dirka-rim-300x200.jpg 300w, https:\/\/loudavymkrokem.cz\/wp-content\/uploads\/2026\/08\/aventinska-klicova-dirka-rim-700x467.jpg 700w, https:\/\/loudavymkrokem.cz\/wp-content\/uploads\/2026\/08\/aventinska-klicova-dirka-rim-768x513.jpg 768w, https:\/\/loudavymkrokem.cz\/wp-content\/uploads\/2026\/08\/aventinska-klicova-dirka-rim-696x465.jpg 696w\" sizes=\"(max-width: 1200px) 100vw, 1200px\" \/><button\n\t\t\tclass=\"lightbox-trigger\"\n\t\t\ttype=\"button\"\n\t\t\taria-haspopup=\"dialog\"\n\t\t\tdata-wp-bind--aria-label=\"state.thisImage.triggerButtonAriaLabel\"\n\t\t\tdata-wp-init=\"callbacks.initTriggerButton\"\n\t\t\tdata-wp-on--click=\"actions.showLightbox\"\n\t\t\tdata-wp-style--right=\"state.thisImage.buttonRight\"\n\t\t\tdata-wp-style--top=\"state.thisImage.buttonTop\"\n\t\t>\n\t\t\t<svg xmlns=\"http:\/\/www.w3.org\/2000\/svg\" width=\"12\" height=\"12\" fill=\"none\" viewBox=\"0 0 12 12\">\n\t\t\t\t<path fill=\"#fff\" d=\"M2 0a2 2 0 0 0-2 2v2h1.5V2a.5.5 0 0 1 .5-.5h2V0H2Zm2 10.5H2a.5.5 0 0 1-.5-.5V8H0v2a2 2 0 0 0 2 2h2v-1.5ZM8 12v-1.5h2a.5.5 0 0 0 .5-.5V8H12v2a2 2 0 0 1-2 2H8Zm2-12a2 2 0 0 1 2 2v2h-1.5V2a.5.5 0 0 0-.5-.5H8V0h2Z\" \/>\n\t\t\t<\/svg>\n\t\t<\/button><figcaption class=\"wp-element-caption\">Foto: Galen Crout, CC0, Wikimedia Commons<\/figcaption><\/figure>\n\n\n\n\n<p class=\"wp-block-paragraph\">Justo al lado est\u00e1 el <strong>Jard\u00edn de los Naranjos (Giardino degli Aranci)<\/strong>, sin exagerar uno de los lugares m\u00e1s rom\u00e1nticos de toda la ciudad. En el verano caluroso vienen a buscar refugio aqu\u00ed hasta los propios romanos, porque los \u00e1rboles frondosos ofrecen la ansiada sombra y sentarse en los bancos es un b\u00e1lsamo para el alma. Sobre todo en primavera, cuando los \u00e1rboles florecen y perfuman, esto parece un cuento de hadas.<\/p>\n\n\n\n<p class=\"wp-block-paragraph\">\ud83d\udca1 <strong>Consejo:<\/strong> ven aqu\u00ed idealmente al final de la tarde. Desde la terraza mirador del jard\u00edn se te abrir\u00e1 <strong>una de las vistas m\u00e1s bonitas de Roma al atardecer<\/strong>. Llegas con un agradable paseo cuesta arriba desde la estaci\u00f3n de metro Circo Massimo y te lleva alrededor de una horita con las fotos incluidas.<\/p>\n\n\n\n<h3 class=\"wp-block-heading\"><span class=\"ez-toc-section\" id=\"30_El_barrio_Coppede\"><\/span>30. El barrio Copped\u00e8<span class=\"ez-toc-section-end\"><\/span><\/h3>\n\n\n\n<p class=\"wp-block-paragraph\">Olv\u00eddate un momento de las ruinas antiguas y los famosos palacios renacentistas. A un paso del centro se esconde el <strong>barrio Copped\u00e8<\/strong>, arquitect\u00f3nicamente \u00fanico, que parece salido de un libro de fantas\u00eda algo tenebroso. El arquitecto Gino Copped\u00e8 dio rienda suelta a su imaginaci\u00f3n a principios del siglo XX y mezcl\u00f3 modernismo, g\u00f3tico, barroco y elementos medievales en un conjunto fascinante y a ratos hasta estramb\u00f3tico.<\/p>\n\n\n\n<figure data-wp-context=\"{&quot;imageId&quot;:&quot;6a9923510cebb&quot;}\" data-wp-interactive=\"core\/image\" data-wp-key=\"6a9923510cebb\" class=\"wp-block-image size-full wp-lightbox-container\"><img decoding=\"async\" width=\"1200\" height=\"795\" data-wp-class--hide=\"state.isContentHidden\" data-wp-class--show=\"state.isContentVisible\" data-wp-init=\"callbacks.setButtonStyles\" data-wp-on--click=\"actions.showLightbox\" data-wp-on--load=\"callbacks.setButtonStyles\" data-wp-on--pointerdown=\"actions.preloadImage\" data-wp-on--pointerenter=\"actions.preloadImageWithDelay\" data-wp-on--pointerleave=\"actions.cancelPreload\" data-wp-on-window--resize=\"callbacks.setButtonStyles\" src=\"https:\/\/loudavymkrokem.cz\/wp-content\/uploads\/2026\/08\/ctvrt-coppede-rim.jpg\" alt=\"Arco decorado en la entrada del barrio romano de Copped\u00e8\" class=\"wp-image-374707\" title=\"\" srcset=\"https:\/\/loudavymkrokem.cz\/wp-content\/uploads\/2026\/08\/ctvrt-coppede-rim.jpg 1200w, https:\/\/loudavymkrokem.cz\/wp-content\/uploads\/2026\/08\/ctvrt-coppede-rim-300x199.jpg 300w, https:\/\/loudavymkrokem.cz\/wp-content\/uploads\/2026\/08\/ctvrt-coppede-rim-700x464.jpg 700w, https:\/\/loudavymkrokem.cz\/wp-content\/uploads\/2026\/08\/ctvrt-coppede-rim-768x509.jpg 768w, https:\/\/loudavymkrokem.cz\/wp-content\/uploads\/2026\/08\/ctvrt-coppede-rim-696x461.jpg 696w\" sizes=\"(max-width: 1200px) 100vw, 1200px\" \/><button\n\t\t\tclass=\"lightbox-trigger\"\n\t\t\ttype=\"button\"\n\t\t\taria-haspopup=\"dialog\"\n\t\t\tdata-wp-bind--aria-label=\"state.thisImage.triggerButtonAriaLabel\"\n\t\t\tdata-wp-init=\"callbacks.initTriggerButton\"\n\t\t\tdata-wp-on--click=\"actions.showLightbox\"\n\t\t\tdata-wp-style--right=\"state.thisImage.buttonRight\"\n\t\t\tdata-wp-style--top=\"state.thisImage.buttonTop\"\n\t\t>\n\t\t\t<svg xmlns=\"http:\/\/www.w3.org\/2000\/svg\" width=\"12\" height=\"12\" fill=\"none\" viewBox=\"0 0 12 12\">\n\t\t\t\t<path fill=\"#fff\" d=\"M2 0a2 2 0 0 0-2 2v2h1.5V2a.5.5 0 0 1 .5-.5h2V0H2Zm2 10.5H2a.5.5 0 0 1-.5-.5V8H0v2a2 2 0 0 0 2 2h2v-1.5ZM8 12v-1.5h2a.5.5 0 0 0 .5-.5V8H12v2a2 2 0 0 1-2 2H8Zm2-12a2 2 0 0 1 2 2v2h-1.5V2a.5.5 0 0 0-.5-.5H8V0h2Z\" \/>\n\t\t\t<\/svg>\n\t\t<\/button><figcaption class=\"wp-element-caption\">Foto: Andrea Bertozzi, CC BY-SA 4.0, Wikimedia Commons<\/figcaption><\/figure>\n\n\n\n\n<p class=\"wp-block-paragraph\">Ya la propia entrada al barrio bajo un arco ricamente decorado con una enorme l\u00e1mpara de forja quita el aliento. Justo detr\u00e1s descubrir\u00e1s la <strong>Fuente de las Ranas (Fontana delle Rane)<\/strong>, donde dicen que se ba\u00f1aron una vez tras un concierto los mism\u00edsimos Beatles. Las villas de alrededor est\u00e1n decoradas con mosaicos de colores, frescos, torrecillas e incluso telas de ara\u00f1a de hierro forjado.<\/p>\n\n\n\n<p class=\"wp-block-paragraph\">Esta zona es fant\u00e1stica para un paseo tranquilo, porque aqu\u00ed <strong>casi no vienen los turistas normales<\/strong> y puedes contemplar con calma cada detalle disparatado de las fachadas. \ud83d\udca1 <strong>Consejo:<\/strong> para explorarlo te basta con media hora. Lo mejor es combinar el barrio con una visita a la cercana Galer\u00eda Borghese, desde donde se llega en solo un cuarto de hora a pie.<\/p>\n\n\n\n<h3 class=\"wp-block-heading\"><span class=\"ez-toc-section\" id=\"31_Centrale_Montemartini_estatuas_antiguas_entre_turbinas\"><\/span>31. Centrale Montemartini: estatuas antiguas entre turbinas<span class=\"ez-toc-section-end\"><\/span><\/h3>\n\n\n\n<p class=\"wp-block-paragraph\">Unir el arte antiguo con la arquitectura industrial quiz\u00e1 suene un poco raro, pero cr\u00e9eme que el resultado es literalmente sobrecogedor. La <strong>Centrale Montemartini<\/strong> fue la primera central el\u00e9ctrica p\u00fablica de Roma, que suministraba energ\u00eda a la ciudad. Hoy, en sus enormes salas luminosas, encontrar\u00e1s una sede de los Museos Capitolinos, donde las estatuas antiguas se exponen directamente junto a masivos motores di\u00e9sel negros y turbinas de vapor.<\/p>\n\n\n\n<figure data-wp-context=\"{&quot;imageId&quot;:&quot;6a9923510d3e9&quot;}\" data-wp-interactive=\"core\/image\" data-wp-key=\"6a9923510d3e9\" class=\"wp-block-image size-full wp-lightbox-container\"><img decoding=\"async\" width=\"1200\" height=\"833\" data-wp-class--hide=\"state.isContentHidden\" data-wp-class--show=\"state.isContentVisible\" data-wp-init=\"callbacks.setButtonStyles\" data-wp-on--click=\"actions.showLightbox\" data-wp-on--load=\"callbacks.setButtonStyles\" data-wp-on--pointerdown=\"actions.preloadImage\" data-wp-on--pointerenter=\"actions.preloadImageWithDelay\" data-wp-on--pointerleave=\"actions.cancelPreload\" data-wp-on-window--resize=\"callbacks.setButtonStyles\" src=\"https:\/\/loudavymkrokem.cz\/wp-content\/uploads\/2026\/08\/centrale-montemartini-rim.jpg\" alt=\"Estatuas antiguas ante las m\u00e1quinas de la antigua central el\u00e9ctrica en el museo Centrale Montemartini\" class=\"wp-image-374708\" title=\"\" srcset=\"https:\/\/loudavymkrokem.cz\/wp-content\/uploads\/2026\/08\/centrale-montemartini-rim.jpg 1200w, https:\/\/loudavymkrokem.cz\/wp-content\/uploads\/2026\/08\/centrale-montemartini-rim-300x208.jpg 300w, https:\/\/loudavymkrokem.cz\/wp-content\/uploads\/2026\/08\/centrale-montemartini-rim-700x486.jpg 700w, https:\/\/loudavymkrokem.cz\/wp-content\/uploads\/2026\/08\/centrale-montemartini-rim-768x533.jpg 768w, https:\/\/loudavymkrokem.cz\/wp-content\/uploads\/2026\/08\/centrale-montemartini-rim-696x483.jpg 696w\" sizes=\"(max-width: 1200px) 100vw, 1200px\" \/><button\n\t\t\tclass=\"lightbox-trigger\"\n\t\t\ttype=\"button\"\n\t\t\taria-haspopup=\"dialog\"\n\t\t\tdata-wp-bind--aria-label=\"state.thisImage.triggerButtonAriaLabel\"\n\t\t\tdata-wp-init=\"callbacks.initTriggerButton\"\n\t\t\tdata-wp-on--click=\"actions.showLightbox\"\n\t\t\tdata-wp-style--right=\"state.thisImage.buttonRight\"\n\t\t\tdata-wp-style--top=\"state.thisImage.buttonTop\"\n\t\t>\n\t\t\t<svg xmlns=\"http:\/\/www.w3.org\/2000\/svg\" width=\"12\" height=\"12\" fill=\"none\" viewBox=\"0 0 12 12\">\n\t\t\t\t<path fill=\"#fff\" d=\"M2 0a2 2 0 0 0-2 2v2h1.5V2a.5.5 0 0 1 .5-.5h2V0H2Zm2 10.5H2a.5.5 0 0 1-.5-.5V8H0v2a2 2 0 0 0 2 2h2v-1.5ZM8 12v-1.5h2a.5.5 0 0 0 .5-.5V8H12v2a2 2 0 0 1-2 2H8Zm2-12a2 2 0 0 1 2 2v2h-1.5V2a.5.5 0 0 0-.5-.5H8V0h2Z\" \/>\n\t\t\t<\/svg>\n\t\t<\/button><figcaption class=\"wp-element-caption\">Foto: Gigipe Sorentino, CC BY-SA 3.0, Wikimedia Commons<\/figcaption><\/figure>\n\n\n\n\n<p class=\"wp-block-paragraph\">Este <strong>fuerte contraste entre el fr\u00e1gil m\u00e1rmol blanco y la pesada maquinaria industrial<\/strong> crea un ambiente absolutamente \u00fanico. Tendr\u00e1s la sensaci\u00f3n de haberte metido en una moderna pel\u00edcula de ciencia ficci\u00f3n. La gran ventaja es que aqu\u00ed, a diferencia de los Museos Vaticanos, coincidir\u00e1s solo con un pu\u00f1ado de gente y podr\u00e1s verlo todo con calma sin apretujones.<\/p>\n\n\n\n<p class=\"wp-block-paragraph\">\ud83d\udca1 <strong>Consejo:<\/strong> el museo est\u00e1 en el barrio de Ostiense, adonde llegas c\u00f3modamente en la l\u00ednea B del metro (bajas en la estaci\u00f3n Garbatella). Si te gustan las fotos poco habituales y quieres <strong>escapar un rato de las multitudes del centro<\/strong>, este lugar merece la pena. Res\u00e9rvate alrededor de una hora y media y ven tranquilamente incluso con ni\u00f1os mayores, la maquinaria seguro que los entusiasma.<\/p>\n\n\n\n<h3 class=\"wp-block-heading\"><span class=\"ez-toc-section\" id=\"32_Galleria_Sciarra\"><\/span>32. Galleria Sciarra<span class=\"ez-toc-section-end\"><\/span><\/h3>\n\n\n\n<p class=\"wp-block-paragraph\">Cuando est\u00e9s abri\u00e9ndote paso entre las multitudes de la Fontana di Trevi y necesites urgentemente un rato de paz, basta con avanzar unas pocas callejuelas estrechas. All\u00ed se esconde la <strong>Galleria Sciarra<\/strong>, un precioso patio interior del siglo XIX, acristalado y ricamente pintado con impresionantes frescos de estilo modernista. La mayor\u00eda de la gente pasa de largo sin darse cuenta, porque desde la calle esta belleza no se ve.<\/p>\n\n\n\n<figure data-wp-context=\"{&quot;imageId&quot;:&quot;6a9923510da1f&quot;}\" data-wp-interactive=\"core\/image\" data-wp-key=\"6a9923510da1f\" class=\"wp-block-image size-full wp-lightbox-container\"><img decoding=\"async\" width=\"1200\" height=\"795\" data-wp-class--hide=\"state.isContentHidden\" data-wp-class--show=\"state.isContentVisible\" data-wp-init=\"callbacks.setButtonStyles\" data-wp-on--click=\"actions.showLightbox\" data-wp-on--load=\"callbacks.setButtonStyles\" data-wp-on--pointerdown=\"actions.preloadImage\" data-wp-on--pointerenter=\"actions.preloadImageWithDelay\" data-wp-on--pointerleave=\"actions.cancelPreload\" data-wp-on-window--resize=\"callbacks.setButtonStyles\" src=\"https:\/\/loudavymkrokem.cz\/wp-content\/uploads\/2026\/08\/galleria-sciarra-rim.jpg\" alt=\"Patio decorado con frescos de la Galleria Sciarra en Roma\" class=\"wp-image-374709\" title=\"\" srcset=\"https:\/\/loudavymkrokem.cz\/wp-content\/uploads\/2026\/08\/galleria-sciarra-rim.jpg 1200w, https:\/\/loudavymkrokem.cz\/wp-content\/uploads\/2026\/08\/galleria-sciarra-rim-300x199.jpg 300w, https:\/\/loudavymkrokem.cz\/wp-content\/uploads\/2026\/08\/galleria-sciarra-rim-700x464.jpg 700w, https:\/\/loudavymkrokem.cz\/wp-content\/uploads\/2026\/08\/galleria-sciarra-rim-768x509.jpg 768w, https:\/\/loudavymkrokem.cz\/wp-content\/uploads\/2026\/08\/galleria-sciarra-rim-696x461.jpg 696w\" sizes=\"(max-width: 1200px) 100vw, 1200px\" \/><button\n\t\t\tclass=\"lightbox-trigger\"\n\t\t\ttype=\"button\"\n\t\t\taria-haspopup=\"dialog\"\n\t\t\tdata-wp-bind--aria-label=\"state.thisImage.triggerButtonAriaLabel\"\n\t\t\tdata-wp-init=\"callbacks.initTriggerButton\"\n\t\t\tdata-wp-on--click=\"actions.showLightbox\"\n\t\t\tdata-wp-style--right=\"state.thisImage.buttonRight\"\n\t\t\tdata-wp-style--top=\"state.thisImage.buttonTop\"\n\t\t>\n\t\t\t<svg xmlns=\"http:\/\/www.w3.org\/2000\/svg\" width=\"12\" height=\"12\" fill=\"none\" viewBox=\"0 0 12 12\">\n\t\t\t\t<path fill=\"#fff\" d=\"M2 0a2 2 0 0 0-2 2v2h1.5V2a.5.5 0 0 1 .5-.5h2V0H2Zm2 10.5H2a.5.5 0 0 1-.5-.5V8H0v2a2 2 0 0 0 2 2h2v-1.5ZM8 12v-1.5h2a.5.5 0 0 0 .5-.5V8H12v2a2 2 0 0 1-2 2H8Zm2-12a2 2 0 0 1 2 2v2h-1.5V2a.5.5 0 0 0-.5-.5H8V0h2Z\" \/>\n\t\t\t<\/svg>\n\t\t<\/button><figcaption class=\"wp-element-caption\">Foto: Philosofia, CC BY 2.0, Wikimedia Commons<\/figcaption><\/figure>\n\n\n\n\n<p class=\"wp-block-paragraph\">Todo el espacio celebra la belleza, la fuerza y el papel de la mujer en la sociedad. En las paredes ver\u00e1s <strong>figuras que simbolizan virtudes como la paciencia, la justicia o la fidelidad<\/strong>, y todo en colores maravillosamente vivos. Gracias al techo acristalado hay adem\u00e1s una luz preciosa que da a\u00fan m\u00e1s profundidad a los frescos. Es sencillamente una muestra perfecta de que Roma sabe sorprender literalmente a cada paso.<\/p>\n\n\n\n<p class=\"wp-block-paragraph\">El patio funciona como un paso normal entre edificios, as\u00ed que la <strong>entrada es totalmente gratis<\/strong>. \ud83d\udca1 <strong>Consejo:<\/strong> suele estar abierto solo en d\u00edas laborables en horario de oficina; el fin de semana, por desgracia, las verjas est\u00e1n cerradas. La parada te lleva solo diez minutos, pero enriquecer\u00e1 tu d\u00eda con una experiencia bonita y sin colas.<\/p>\n\n\n\n<h3 class=\"wp-block-heading\"><span class=\"ez-toc-section\" id=\"33_La_Via_Appia_Antica_y_las_catacumbas\"><\/span>33. La Via Appia Antica y las catacumbas<span class=\"ez-toc-section-end\"><\/span><\/h3>\n\n\n\n<p class=\"wp-block-paragraph\">Todos los caminos llevan a Roma, pero este fue el primero y el m\u00e1s importante de todos. La <strong>Via Appia Antica<\/strong> es una autopista antigua que te transporta al instante dos mil a\u00f1os atr\u00e1s en el tiempo. Hoy es una carretera tranquila flanqueada de altos pinos, con su enorme pavimento de piedra original, a lo largo de la cual se alzan restos de tumbas, mausoleos y estatuas antiguas. Es una escapada estupenda de la ruidosa gran ciudad al verde.<\/p>\n\n\n\n<figure data-wp-context=\"{&quot;imageId&quot;:&quot;6a9923510decf&quot;}\" data-wp-interactive=\"core\/image\" data-wp-key=\"6a9923510decf\" class=\"wp-block-image size-full wp-lightbox-container\"><img decoding=\"async\" width=\"1200\" height=\"857\" data-wp-class--hide=\"state.isContentHidden\" data-wp-class--show=\"state.isContentVisible\" data-wp-init=\"callbacks.setButtonStyles\" data-wp-on--click=\"actions.showLightbox\" data-wp-on--load=\"callbacks.setButtonStyles\" data-wp-on--pointerdown=\"actions.preloadImage\" data-wp-on--pointerenter=\"actions.preloadImageWithDelay\" data-wp-on--pointerleave=\"actions.cancelPreload\" data-wp-on-window--resize=\"callbacks.setButtonStyles\" src=\"https:\/\/loudavymkrokem.cz\/wp-content\/uploads\/2026\/08\/via-appia-antica-rim.jpg\" alt=\"Pavimento de basalto original de la antigua v\u00eda Via Appia Antica\" class=\"wp-image-374710\" title=\"\" srcset=\"https:\/\/loudavymkrokem.cz\/wp-content\/uploads\/2026\/08\/via-appia-antica-rim.jpg 1200w, https:\/\/loudavymkrokem.cz\/wp-content\/uploads\/2026\/08\/via-appia-antica-rim-300x214.jpg 300w, https:\/\/loudavymkrokem.cz\/wp-content\/uploads\/2026\/08\/via-appia-antica-rim-700x500.jpg 700w, https:\/\/loudavymkrokem.cz\/wp-content\/uploads\/2026\/08\/via-appia-antica-rim-768x548.jpg 768w, https:\/\/loudavymkrokem.cz\/wp-content\/uploads\/2026\/08\/via-appia-antica-rim-696x497.jpg 696w\" sizes=\"(max-width: 1200px) 100vw, 1200px\" \/><button\n\t\t\tclass=\"lightbox-trigger\"\n\t\t\ttype=\"button\"\n\t\t\taria-haspopup=\"dialog\"\n\t\t\tdata-wp-bind--aria-label=\"state.thisImage.triggerButtonAriaLabel\"\n\t\t\tdata-wp-init=\"callbacks.initTriggerButton\"\n\t\t\tdata-wp-on--click=\"actions.showLightbox\"\n\t\t\tdata-wp-style--right=\"state.thisImage.buttonRight\"\n\t\t\tdata-wp-style--top=\"state.thisImage.buttonTop\"\n\t\t>\n\t\t\t<svg xmlns=\"http:\/\/www.w3.org\/2000\/svg\" width=\"12\" height=\"12\" fill=\"none\" viewBox=\"0 0 12 12\">\n\t\t\t\t<path fill=\"#fff\" d=\"M2 0a2 2 0 0 0-2 2v2h1.5V2a.5.5 0 0 1 .5-.5h2V0H2Zm2 10.5H2a.5.5 0 0 1-.5-.5V8H0v2a2 2 0 0 0 2 2h2v-1.5ZM8 12v-1.5h2a.5.5 0 0 0 .5-.5V8H12v2a2 2 0 0 1-2 2H8Zm2-12a2 2 0 0 1 2 2v2h-1.5V2a.5.5 0 0 0-.5-.5H8V0h2Z\" \/>\n\t\t\t<\/svg>\n\t\t<\/button><figcaption class=\"wp-element-caption\">Foto: Palickap, CC BY-SA 4.0, Wikimedia Commons<\/figcaption><\/figure>\n\n\n\n\n<p class=\"wp-block-paragraph\">A lo largo del camino se encuentran adem\u00e1s <strong>extensas catacumbas subterr\u00e1neas<\/strong>, por ejemplo San Callisto o San Sebastiano, donde se enterraba a los primeros cristianos. La visita a los pasillos oscuros y estrechos escondidos bajo tierra es un poco escalofriante, pero un espect\u00e1culo tremendamente cautivador que te mostrar\u00e1 una cara completamente distinta de Roma.<\/p>\n\n\n\n<p class=\"wp-block-paragraph\">\ud83d\udca1 <strong>Consejo:<\/strong> la mejor forma de explorar esta zona es alquilar una bici justo al inicio de la ruta. Los fines de semana la <strong>carretera est\u00e1 completamente cerrada al tr\u00e1fico de coches<\/strong>, as\u00ed que se pedalea y se pasea con total seguridad. Res\u00e9rvate para esta excursi\u00f3n tranquilamente medio d\u00eda y ll\u00e9vate algo rico para un peque\u00f1o p\u00edcnic.<\/p>\n\n\n\n<h3 class=\"wp-block-heading\"><span class=\"ez-toc-section\" id=\"34_Domus_Aurea_la_casa_dorada_de_Neron\"><\/span>34. Domus Aurea: la casa dorada de Ner\u00f3n<span class=\"ez-toc-section-end\"><\/span><\/h3>\n\n\n\n<p class=\"wp-block-paragraph\">El emperador Ner\u00f3n era conocido por su extravagancia y su palacio no fue una excepci\u00f3n. La <strong>Domus Aurea<\/strong> o Casa Dorada era un enorme complejo de lujo que mand\u00f3 construir tras el gran incendio de Roma. Pero tras su muerte, los siguientes emperadores intentaron borrar su legado, as\u00ed que sepultaron el palacio a prop\u00f3sito con tierra y construyeron encima nuevos edificios, incluido el cercano Coliseo.<\/p>\n\n\n\n<figure data-wp-context=\"{&quot;imageId&quot;:&quot;6a9923510e447&quot;}\" data-wp-interactive=\"core\/image\" data-wp-key=\"6a9923510e447\" class=\"wp-block-image size-full wp-lightbox-container\"><img decoding=\"async\" width=\"1200\" height=\"857\" data-wp-class--hide=\"state.isContentHidden\" data-wp-class--show=\"state.isContentVisible\" data-wp-init=\"callbacks.setButtonStyles\" data-wp-on--click=\"actions.showLightbox\" data-wp-on--load=\"callbacks.setButtonStyles\" data-wp-on--pointerdown=\"actions.preloadImage\" data-wp-on--pointerenter=\"actions.preloadImageWithDelay\" data-wp-on--pointerleave=\"actions.cancelPreload\" data-wp-on-window--resize=\"callbacks.setButtonStyles\" src=\"https:\/\/loudavymkrokem.cz\/wp-content\/uploads\/2026\/08\/domus-aurea-rim.jpg\" alt=\"Lucernario en el techo de una sala subterr\u00e1nea de la Casa Dorada de Ner\u00f3n\" class=\"wp-image-374719\" title=\"\" srcset=\"https:\/\/loudavymkrokem.cz\/wp-content\/uploads\/2026\/08\/domus-aurea-rim.jpg 1200w, https:\/\/loudavymkrokem.cz\/wp-content\/uploads\/2026\/08\/domus-aurea-rim-300x214.jpg 300w, https:\/\/loudavymkrokem.cz\/wp-content\/uploads\/2026\/08\/domus-aurea-rim-700x500.jpg 700w, https:\/\/loudavymkrokem.cz\/wp-content\/uploads\/2026\/08\/domus-aurea-rim-768x548.jpg 768w, https:\/\/loudavymkrokem.cz\/wp-content\/uploads\/2026\/08\/domus-aurea-rim-696x497.jpg 696w\" sizes=\"(max-width: 1200px) 100vw, 1200px\" \/><button\n\t\t\tclass=\"lightbox-trigger\"\n\t\t\ttype=\"button\"\n\t\t\taria-haspopup=\"dialog\"\n\t\t\tdata-wp-bind--aria-label=\"state.thisImage.triggerButtonAriaLabel\"\n\t\t\tdata-wp-init=\"callbacks.initTriggerButton\"\n\t\t\tdata-wp-on--click=\"actions.showLightbox\"\n\t\t\tdata-wp-style--right=\"state.thisImage.buttonRight\"\n\t\t\tdata-wp-style--top=\"state.thisImage.buttonTop\"\n\t\t>\n\t\t\t<svg xmlns=\"http:\/\/www.w3.org\/2000\/svg\" width=\"12\" height=\"12\" fill=\"none\" viewBox=\"0 0 12 12\">\n\t\t\t\t<path fill=\"#fff\" d=\"M2 0a2 2 0 0 0-2 2v2h1.5V2a.5.5 0 0 1 .5-.5h2V0H2Zm2 10.5H2a.5.5 0 0 1-.5-.5V8H0v2a2 2 0 0 0 2 2h2v-1.5ZM8 12v-1.5h2a.5.5 0 0 0 .5-.5V8H12v2a2 2 0 0 1-2 2H8Zm2-12a2 2 0 0 1 2 2v2h-1.5V2a.5.5 0 0 0-.5-.5H8V0h2Z\" \/>\n\t\t\t<\/svg>\n\t\t<\/button><figcaption class=\"wp-element-caption\">Foto: Mariordo, CC BY-SA 4.0, Wikimedia Commons<\/figcaption><\/figure>\n\n\n\n\n<p class=\"wp-block-paragraph\">Hoy puedes bajar a las profundidades del subterr\u00e1neo y recorrer enormes salas oscuras que un d\u00eda resplandecieron de oro y piedras preciosas. Lo mejor de toda la visita es el <strong>uso de la realidad virtual<\/strong>, que en medio de las excavaciones te muestra exactamente lo incre\u00edblemente colorido y suntuoso que era el palacio hace dos mil a\u00f1os. Es una experiencia que te pone la piel de gallina.<\/p>\n\n\n\n<p class=\"wp-block-paragraph\">Las visitas se hacen <strong>exclusivamente con gu\u00eda y es totalmente necesario reservarlas online<\/strong>, porque la capacidad est\u00e1 muy limitada por los trabajos arqueol\u00f3gicos en curso. \ud83d\udca1 <strong>Consejo:<\/strong> dentro hay una temperatura constante de unos 15 grados, as\u00ed que incluso en el verano m\u00e1s caluroso no olvides llevar una sudadera o un jersey ligero.<\/p>\n\n\n\n<h3 class=\"wp-block-heading\"><span class=\"ez-toc-section\" id=\"35_La_basilica_de_Santa_Maria_la_Mayor\"><\/span>35. La bas\u00edlica de Santa Mar\u00eda la Mayor<span class=\"ez-toc-section-end\"><\/span><\/h3>\n\n\n\n<p class=\"wp-block-paragraph\">Esta preciosa iglesia es una de las cuatro bas\u00edlicas papales principales de Roma y, aunque quiz\u00e1 no sea tan famosa como la del Vaticano, su interior te dejar\u00e1 sin aliento. La <strong>bas\u00edlica de Santa Mar\u00eda la Mayor<\/strong> presume de mosaicos antiguos conservados del siglo V y de un impresionante techo artesonado. Dicen que est\u00e1 dorado con el primer oro que trajo a Europa Crist\u00f3bal Col\u00f3n desde Am\u00e9rica.<\/p>\n\n\n\n<figure data-wp-context=\"{&quot;imageId&quot;:&quot;6a9923510eaab&quot;}\" data-wp-interactive=\"core\/image\" data-wp-key=\"6a9923510eaab\" class=\"wp-block-image size-full wp-lightbox-container\"><img decoding=\"async\" width=\"1200\" height=\"800\" data-wp-class--hide=\"state.isContentHidden\" data-wp-class--show=\"state.isContentVisible\" data-wp-init=\"callbacks.setButtonStyles\" data-wp-on--click=\"actions.showLightbox\" data-wp-on--load=\"callbacks.setButtonStyles\" data-wp-on--pointerdown=\"actions.preloadImage\" data-wp-on--pointerenter=\"actions.preloadImageWithDelay\" data-wp-on--pointerleave=\"actions.cancelPreload\" data-wp-on-window--resize=\"callbacks.setButtonStyles\" src=\"https:\/\/loudavymkrokem.cz\/wp-content\/uploads\/2026\/08\/santa-maria-maggiore-rim.jpg\" alt=\"Nave principal de la bas\u00edlica de Santa Mar\u00eda la Mayor con techo artesonado dorado\" class=\"wp-image-374724\" title=\"\" srcset=\"https:\/\/loudavymkrokem.cz\/wp-content\/uploads\/2026\/08\/santa-maria-maggiore-rim.jpg 1200w, https:\/\/loudavymkrokem.cz\/wp-content\/uploads\/2026\/08\/santa-maria-maggiore-rim-300x200.jpg 300w, https:\/\/loudavymkrokem.cz\/wp-content\/uploads\/2026\/08\/santa-maria-maggiore-rim-700x467.jpg 700w, https:\/\/loudavymkrokem.cz\/wp-content\/uploads\/2026\/08\/santa-maria-maggiore-rim-768x512.jpg 768w, https:\/\/loudavymkrokem.cz\/wp-content\/uploads\/2026\/08\/santa-maria-maggiore-rim-696x464.jpg 696w\" sizes=\"(max-width: 1200px) 100vw, 1200px\" \/><button\n\t\t\tclass=\"lightbox-trigger\"\n\t\t\ttype=\"button\"\n\t\t\taria-haspopup=\"dialog\"\n\t\t\tdata-wp-bind--aria-label=\"state.thisImage.triggerButtonAriaLabel\"\n\t\t\tdata-wp-init=\"callbacks.initTriggerButton\"\n\t\t\tdata-wp-on--click=\"actions.showLightbox\"\n\t\t\tdata-wp-style--right=\"state.thisImage.buttonRight\"\n\t\t\tdata-wp-style--top=\"state.thisImage.buttonTop\"\n\t\t>\n\t\t\t<svg xmlns=\"http:\/\/www.w3.org\/2000\/svg\" width=\"12\" height=\"12\" fill=\"none\" viewBox=\"0 0 12 12\">\n\t\t\t\t<path fill=\"#fff\" d=\"M2 0a2 2 0 0 0-2 2v2h1.5V2a.5.5 0 0 1 .5-.5h2V0H2Zm2 10.5H2a.5.5 0 0 1-.5-.5V8H0v2a2 2 0 0 0 2 2h2v-1.5ZM8 12v-1.5h2a.5.5 0 0 0 .5-.5V8H12v2a2 2 0 0 1-2 2H8Zm2-12a2 2 0 0 1 2 2v2h-1.5V2a.5.5 0 0 0-.5-.5H8V0h2Z\" \/>\n\t\t\t<\/svg>\n\t\t<\/button><figcaption class=\"wp-element-caption\">Foto: Fallaner, CC BY-SA 4.0, Wikimedia Commons<\/figcaption><\/figure>\n\n\n\n\n<p class=\"wp-block-paragraph\">Va ligada a ella tambi\u00e9n una preciosa leyenda. Dicen que se construy\u00f3 exactamente en el lugar donde en un caluroso agosto nev\u00f3 de repente. Este suceso milagroso lo conmemoran aqu\u00ed cada a\u00f1o el 5 de agosto haciendo <strong>caer del techo miles de p\u00e9talos blancos de rosa<\/strong>, un espect\u00e1culo incre\u00edblemente rom\u00e1ntico y conmovedor.<\/p>\n\n\n\n<p class=\"wp-block-paragraph\">\ud83d\udca1 <strong>Consejo:<\/strong> la entrada a la bas\u00edlica es gratis y ante la puerta suele haber solo una cola m\u00ednima para el control de seguridad. Pero no olvides la <strong>ropa adecuada que cubra hombros y rodillas<\/strong>. Los vigilantes locales son inflexibles y no te dejan entrar en camiseta de tirantes o pantal\u00f3n corto ni despu\u00e9s de mucho suplicar.<\/p>\n\n\n\n<h3 class=\"wp-block-heading\"><span class=\"ez-toc-section\" id=\"36_Los_Museos_Capitolinos_y_la_Piazza_del_Campidoglio\"><\/span>36. Los Museos Capitolinos y la Piazza del Campidoglio<span class=\"ez-toc-section-end\"><\/span><\/h3>\n\n\n\n<p class=\"wp-block-paragraph\">Justo sobre el famoso Foro Romano se extiende la impresionante Piazza del Campidoglio, que dise\u00f1\u00f3 nada menos que el mism\u00edsimo Miguel \u00c1ngel. Ya la propia subida por las elegantes y anchas escaleras es una gran experiencia. La plaza est\u00e1 flanqueada por palacios hist\u00f3ricos que albergan los <strong>Museos Capitolinos<\/strong>, considerados los museos p\u00fablicos m\u00e1s antiguos del mundo.<\/p>\n\n\n\n<figure data-wp-context=\"{&quot;imageId&quot;:&quot;6a9923510f108&quot;}\" data-wp-interactive=\"core\/image\" data-wp-key=\"6a9923510f108\" class=\"wp-block-image size-full wp-lightbox-container\"><img decoding=\"async\" width=\"1200\" height=\"805\" data-wp-class--hide=\"state.isContentHidden\" data-wp-class--show=\"state.isContentVisible\" data-wp-init=\"callbacks.setButtonStyles\" data-wp-on--click=\"actions.showLightbox\" data-wp-on--load=\"callbacks.setButtonStyles\" data-wp-on--pointerdown=\"actions.preloadImage\" data-wp-on--pointerenter=\"actions.preloadImageWithDelay\" data-wp-on--pointerleave=\"actions.cancelPreload\" data-wp-on-window--resize=\"callbacks.setButtonStyles\" src=\"https:\/\/loudavymkrokem.cz\/wp-content\/uploads\/2026\/08\/piazza-del-campidoglio-rim.jpg\" alt=\"Piazza del Campidoglio de Miguel \u00c1ngel con la estatua de Marco Aurelio\" class=\"wp-image-374725\" title=\"\" srcset=\"https:\/\/loudavymkrokem.cz\/wp-content\/uploads\/2026\/08\/piazza-del-campidoglio-rim.jpg 1200w, https:\/\/loudavymkrokem.cz\/wp-content\/uploads\/2026\/08\/piazza-del-campidoglio-rim-300x201.jpg 300w, https:\/\/loudavymkrokem.cz\/wp-content\/uploads\/2026\/08\/piazza-del-campidoglio-rim-700x470.jpg 700w, https:\/\/loudavymkrokem.cz\/wp-content\/uploads\/2026\/08\/piazza-del-campidoglio-rim-768x515.jpg 768w, https:\/\/loudavymkrokem.cz\/wp-content\/uploads\/2026\/08\/piazza-del-campidoglio-rim-696x467.jpg 696w\" sizes=\"(max-width: 1200px) 100vw, 1200px\" \/><button\n\t\t\tclass=\"lightbox-trigger\"\n\t\t\ttype=\"button\"\n\t\t\taria-haspopup=\"dialog\"\n\t\t\tdata-wp-bind--aria-label=\"state.thisImage.triggerButtonAriaLabel\"\n\t\t\tdata-wp-init=\"callbacks.initTriggerButton\"\n\t\t\tdata-wp-on--click=\"actions.showLightbox\"\n\t\t\tdata-wp-style--right=\"state.thisImage.buttonRight\"\n\t\t\tdata-wp-style--top=\"state.thisImage.buttonTop\"\n\t\t>\n\t\t\t<svg xmlns=\"http:\/\/www.w3.org\/2000\/svg\" width=\"12\" height=\"12\" fill=\"none\" viewBox=\"0 0 12 12\">\n\t\t\t\t<path fill=\"#fff\" d=\"M2 0a2 2 0 0 0-2 2v2h1.5V2a.5.5 0 0 1 .5-.5h2V0H2Zm2 10.5H2a.5.5 0 0 1-.5-.5V8H0v2a2 2 0 0 0 2 2h2v-1.5ZM8 12v-1.5h2a.5.5 0 0 0 .5-.5V8H12v2a2 2 0 0 1-2 2H8Zm2-12a2 2 0 0 1 2 2v2h-1.5V2a.5.5 0 0 0-.5-.5H8V0h2Z\" \/>\n\t\t\t<\/svg>\n\t\t<\/button><figcaption class=\"wp-element-caption\">Foto: Jakub Ha\u0142un, CC BY-SA 4.0, Wikimedia Commons<\/figcaption><\/figure>\n\n\n\n\n<p class=\"wp-block-paragraph\">Dentro encontrar\u00e1s aut\u00e9nticas joyas del arte antiguo romano. No falta la famosa <strong>estatua de bronce de la Loba Capitolina<\/strong> amamantando a R\u00f3mulo y Remo, ni la enorme estatua ecuestre del emperador Marco Aurelio, cuya copia exacta est\u00e1 tambi\u00e9n fuera, en la plaza. Toda la colecci\u00f3n es mucho m\u00e1s \u00edntima y tranquila que la del Vaticano, as\u00ed que disfrutar\u00e1s del arte sin estr\u00e9s ni empujones.<\/p>\n\n\n\n<p class=\"wp-block-paragraph\">El pasillo subterr\u00e1neo que une los dos edificios del museo esconde adem\u00e1s una <strong>fant\u00e1stica vista de todo el Foro Romano<\/strong>. \ud83d\udca1 <strong>Consejo:<\/strong> los museos son realmente enormes, as\u00ed que res\u00e9rvate al menos dos o tres horas para la visita. Es mucho mejor comprar las entradas por adelantado online, para no perder el tiempo en la cola de la taquilla.<\/p>\n\n\n\n<h3 class=\"wp-block-heading\"><span class=\"ez-toc-section\" id=\"37_Las_Termas_de_Caracalla\"><\/span>37. Las Termas de Caracalla<span class=\"ez-toc-section-end\"><\/span><\/h3>\n\n\n\n<p class=\"wp-block-paragraph\">Si quieres comprender de verdad lo monumental y grandiosamente que constru\u00edan los romanos, no puedes saltarte este enorme complejo de ladrillo. Las <strong>Termas de Caracalla<\/strong> albergaban en su d\u00eda hasta 1600 personas y no eran solo un lugar de higiene, sino tambi\u00e9n de encuentro social, deporte y lectura en sus extensas bibliotecas.<\/p>\n\n\n\n<figure data-wp-context=\"{&quot;imageId&quot;:&quot;6a9923510f736&quot;}\" data-wp-interactive=\"core\/image\" data-wp-key=\"6a9923510f736\" class=\"wp-block-image size-full wp-lightbox-container\"><img decoding=\"async\" width=\"1200\" height=\"800\" data-wp-class--hide=\"state.isContentHidden\" data-wp-class--show=\"state.isContentVisible\" data-wp-init=\"callbacks.setButtonStyles\" data-wp-on--click=\"actions.showLightbox\" data-wp-on--load=\"callbacks.setButtonStyles\" data-wp-on--pointerdown=\"actions.preloadImage\" data-wp-on--pointerenter=\"actions.preloadImageWithDelay\" data-wp-on--pointerleave=\"actions.cancelPreload\" data-wp-on-window--resize=\"callbacks.setButtonStyles\" src=\"https:\/\/loudavymkrokem.cz\/wp-content\/uploads\/2026\/08\/caracallovy-lazne-rim.jpg\" alt=\"Monumentales muros de ladrillo de las Termas de Caracalla en Roma\" class=\"wp-image-374726\" title=\"\" srcset=\"https:\/\/loudavymkrokem.cz\/wp-content\/uploads\/2026\/08\/caracallovy-lazne-rim.jpg 1200w, https:\/\/loudavymkrokem.cz\/wp-content\/uploads\/2026\/08\/caracallovy-lazne-rim-300x200.jpg 300w, https:\/\/loudavymkrokem.cz\/wp-content\/uploads\/2026\/08\/caracallovy-lazne-rim-700x467.jpg 700w, https:\/\/loudavymkrokem.cz\/wp-content\/uploads\/2026\/08\/caracallovy-lazne-rim-768x512.jpg 768w, https:\/\/loudavymkrokem.cz\/wp-content\/uploads\/2026\/08\/caracallovy-lazne-rim-696x464.jpg 696w\" sizes=\"(max-width: 1200px) 100vw, 1200px\" \/><button\n\t\t\tclass=\"lightbox-trigger\"\n\t\t\ttype=\"button\"\n\t\t\taria-haspopup=\"dialog\"\n\t\t\tdata-wp-bind--aria-label=\"state.thisImage.triggerButtonAriaLabel\"\n\t\t\tdata-wp-init=\"callbacks.initTriggerButton\"\n\t\t\tdata-wp-on--click=\"actions.showLightbox\"\n\t\t\tdata-wp-style--right=\"state.thisImage.buttonRight\"\n\t\t\tdata-wp-style--top=\"state.thisImage.buttonTop\"\n\t\t>\n\t\t\t<svg xmlns=\"http:\/\/www.w3.org\/2000\/svg\" width=\"12\" height=\"12\" fill=\"none\" viewBox=\"0 0 12 12\">\n\t\t\t\t<path fill=\"#fff\" d=\"M2 0a2 2 0 0 0-2 2v2h1.5V2a.5.5 0 0 1 .5-.5h2V0H2Zm2 10.5H2a.5.5 0 0 1-.5-.5V8H0v2a2 2 0 0 0 2 2h2v-1.5ZM8 12v-1.5h2a.5.5 0 0 0 .5-.5V8H12v2a2 2 0 0 1-2 2H8Zm2-12a2 2 0 0 1 2 2v2h-1.5V2a.5.5 0 0 0-.5-.5H8V0h2Z\" \/>\n\t\t\t<\/svg>\n\t\t<\/button><figcaption class=\"wp-element-caption\">Foto: Vyacheslav Argenberg, CC BY 4.0, Wikimedia Commons<\/figcaption><\/figure>\n\n\n\n\n<p class=\"wp-block-paragraph\">Aunque hoy solo queden los muros desnudos elev\u00e1ndose a una altura enorme, el <strong>tama\u00f1o de todo el recinto es absolutamente sobrecogedor<\/strong>. Pasear\u00e1s entre restos de piscinas, gimnasios y preciosos mosaicos de suelo que en muchos sitios se conservan de maravilla. Es un lugar mucho m\u00e1s tranquilo que el centro de la ciudad, lleno de verde y de una agradable sombra de pinos.<\/p>\n\n\n\n<p class=\"wp-block-paragraph\">\ud83d\udca1 <strong>Consejo:<\/strong> para imaginarte mejor la belleza original con revestimientos de m\u00e1rmol y esculturas, recomiendo pagar un extra a la entrada por una audiogu\u00eda con realidad virtual. El complejo es amplio y en verano puede hacer mucho calor, as\u00ed que la <strong>botella de agua es imprescindible<\/strong>. Por suerte funcionan aqu\u00ed las cl\u00e1sicas fuentecitas romanas, los llamados nasoni, de los que hay repartidos por toda la ciudad unos dos mil quinientos.<\/p>\n\n\n\n<h3 class=\"wp-block-heading\"><span class=\"ez-toc-section\" id=\"38_Gianicolo_mirador_y_canonazo_de_mediodia\"><\/span>38. Gianicolo: mirador y ca\u00f1onazo de mediod\u00eda<span class=\"ez-toc-section-end\"><\/span><\/h3>\n\n\n\n<p class=\"wp-block-paragraph\">Esta colina no pertenece a las famosas siete colinas originales de Roma, pero ofrece quiz\u00e1 la mejor vista panor\u00e1mica de toda la ciudad. La <strong>colina del Gianicolo<\/strong> se alza sobre el barrio de Trastevere y es un lugar ideal para un paseo tranquilo con vistas a todas esas c\u00fapulas, torres y monumentos hist\u00f3ricos ic\u00f3nicos. En verano, eso s\u00ed, cronometra bien la subida, porque con un calor de treinta y cinco grados el camino hacia arriba es una buena paliza hasta para caminantes curtidos.<\/p>\n\n\n\n<figure data-wp-context=\"{&quot;imageId&quot;:&quot;6a9923510fdcc&quot;}\" data-wp-interactive=\"core\/image\" data-wp-key=\"6a9923510fdcc\" class=\"wp-block-image size-full wp-lightbox-container\"><img decoding=\"async\" width=\"1200\" height=\"780\" data-wp-class--hide=\"state.isContentHidden\" data-wp-class--show=\"state.isContentVisible\" data-wp-init=\"callbacks.setButtonStyles\" data-wp-on--click=\"actions.showLightbox\" data-wp-on--load=\"callbacks.setButtonStyles\" data-wp-on--pointerdown=\"actions.preloadImage\" data-wp-on--pointerenter=\"actions.preloadImageWithDelay\" data-wp-on--pointerleave=\"actions.cancelPreload\" data-wp-on-window--resize=\"callbacks.setButtonStyles\" src=\"https:\/\/loudavymkrokem.cz\/wp-content\/uploads\/2026\/08\/gianicolo-vyhled-rim.jpg\" alt=\"Vista panor\u00e1mica desde la colina del Gianicolo a la c\u00fapula de San Pedro\" class=\"wp-image-374728\" title=\"\" srcset=\"https:\/\/loudavymkrokem.cz\/wp-content\/uploads\/2026\/08\/gianicolo-vyhled-rim.jpg 1200w, https:\/\/loudavymkrokem.cz\/wp-content\/uploads\/2026\/08\/gianicolo-vyhled-rim-300x195.jpg 300w, https:\/\/loudavymkrokem.cz\/wp-content\/uploads\/2026\/08\/gianicolo-vyhled-rim-700x455.jpg 700w, https:\/\/loudavymkrokem.cz\/wp-content\/uploads\/2026\/08\/gianicolo-vyhled-rim-768x499.jpg 768w, https:\/\/loudavymkrokem.cz\/wp-content\/uploads\/2026\/08\/gianicolo-vyhled-rim-696x452.jpg 696w\" sizes=\"(max-width: 1200px) 100vw, 1200px\" \/><button\n\t\t\tclass=\"lightbox-trigger\"\n\t\t\ttype=\"button\"\n\t\t\taria-haspopup=\"dialog\"\n\t\t\tdata-wp-bind--aria-label=\"state.thisImage.triggerButtonAriaLabel\"\n\t\t\tdata-wp-init=\"callbacks.initTriggerButton\"\n\t\t\tdata-wp-on--click=\"actions.showLightbox\"\n\t\t\tdata-wp-style--right=\"state.thisImage.buttonRight\"\n\t\t\tdata-wp-style--top=\"state.thisImage.buttonTop\"\n\t\t>\n\t\t\t<svg xmlns=\"http:\/\/www.w3.org\/2000\/svg\" width=\"12\" height=\"12\" fill=\"none\" viewBox=\"0 0 12 12\">\n\t\t\t\t<path fill=\"#fff\" d=\"M2 0a2 2 0 0 0-2 2v2h1.5V2a.5.5 0 0 1 .5-.5h2V0H2Zm2 10.5H2a.5.5 0 0 1-.5-.5V8H0v2a2 2 0 0 0 2 2h2v-1.5ZM8 12v-1.5h2a.5.5 0 0 0 .5-.5V8H12v2a2 2 0 0 1-2 2H8Zm2-12a2 2 0 0 1 2 2v2h-1.5V2a.5.5 0 0 0-.5-.5H8V0h2Z\" \/>\n\t\t\t<\/svg>\n\t\t<\/button><figcaption class=\"wp-element-caption\">Foto: Amaunet, CC BY-SA 3.0, Wikimedia Commons<\/figcaption><\/figure>\n\n\n\n\n<p class=\"wp-block-paragraph\">Si vienes por la ma\u00f1ana, intenta cronometrar tu llegada a la plaza mirador Piazza Garibaldi exactamente a las doce del mediod\u00eda. Cada d\u00eda a esa hora se <strong>dispara tradicionalmente un ca\u00f1\u00f3n hist\u00f3rico<\/strong>, un curioso ritual que instaur\u00f3 un papa ya en el siglo XIX para unificar el repique de todas las iglesias romanas.<\/p>\n\n\n\n<p class=\"wp-block-paragraph\">\ud83d\udca1 <strong>Consejo:<\/strong> el camino a pie hacia arriba da bastante guerra en los meses de verano. La subida te la puedes ahorrar f\u00e1cilmente <strong>usando el autob\u00fas local<\/strong>, que te sube hasta la cima, y ya bajas c\u00f3modamente y sin esfuerzo a pie a las pintorescas callejuelas de Trastevere.<\/p>\n\n\n\n<h3 class=\"wp-block-heading\"><span class=\"ez-toc-section\" id=\"39_La_basilica_de_San_Pablo_Extramuros\"><\/span>39. La bas\u00edlica de San Pablo Extramuros<span class=\"ez-toc-section-end\"><\/span><\/h3>\n\n\n\n<p class=\"wp-block-paragraph\">La mayor\u00eda de los turistas van a admirar solo el Vaticano y por su ubicaci\u00f3n algo alejada del centro se saltan imperdonablemente esta joya arquitect\u00f3nica. La <strong>bas\u00edlica de San Pablo Extramuros<\/strong> es en cambio la segunda bas\u00edlica m\u00e1s grande de Roma y su enorme interior, con un inmenso bosque de columnas y preciosos mosaicos dorados, resulta absolutamente majestuoso y solemne.<\/p>\n\n\n\n<figure data-wp-context=\"{&quot;imageId&quot;:&quot;6a99235110442&quot;}\" data-wp-interactive=\"core\/image\" data-wp-key=\"6a99235110442\" class=\"wp-block-image size-full wp-lightbox-container\"><img decoding=\"async\" width=\"1200\" height=\"1021\" data-wp-class--hide=\"state.isContentHidden\" data-wp-class--show=\"state.isContentVisible\" data-wp-init=\"callbacks.setButtonStyles\" data-wp-on--click=\"actions.showLightbox\" data-wp-on--load=\"callbacks.setButtonStyles\" data-wp-on--pointerdown=\"actions.preloadImage\" data-wp-on--pointerenter=\"actions.preloadImageWithDelay\" data-wp-on--pointerleave=\"actions.cancelPreload\" data-wp-on-window--resize=\"callbacks.setButtonStyles\" src=\"https:\/\/loudavymkrokem.cz\/wp-content\/uploads\/2026\/08\/san-paolo-fuori-le-mura-rim.jpg\" alt=\"Fachada de la bas\u00edlica de San Pablo Extramuros con mosaico dorado\" class=\"wp-image-374738\" title=\"\" srcset=\"https:\/\/loudavymkrokem.cz\/wp-content\/uploads\/2026\/08\/san-paolo-fuori-le-mura-rim.jpg 1200w, https:\/\/loudavymkrokem.cz\/wp-content\/uploads\/2026\/08\/san-paolo-fuori-le-mura-rim-300x255.jpg 300w, https:\/\/loudavymkrokem.cz\/wp-content\/uploads\/2026\/08\/san-paolo-fuori-le-mura-rim-700x596.jpg 700w, https:\/\/loudavymkrokem.cz\/wp-content\/uploads\/2026\/08\/san-paolo-fuori-le-mura-rim-768x653.jpg 768w, https:\/\/loudavymkrokem.cz\/wp-content\/uploads\/2026\/08\/san-paolo-fuori-le-mura-rim-696x592.jpg 696w\" sizes=\"(max-width: 1200px) 100vw, 1200px\" \/><button\n\t\t\tclass=\"lightbox-trigger\"\n\t\t\ttype=\"button\"\n\t\t\taria-haspopup=\"dialog\"\n\t\t\tdata-wp-bind--aria-label=\"state.thisImage.triggerButtonAriaLabel\"\n\t\t\tdata-wp-init=\"callbacks.initTriggerButton\"\n\t\t\tdata-wp-on--click=\"actions.showLightbox\"\n\t\t\tdata-wp-style--right=\"state.thisImage.buttonRight\"\n\t\t\tdata-wp-style--top=\"state.thisImage.buttonTop\"\n\t\t>\n\t\t\t<svg xmlns=\"http:\/\/www.w3.org\/2000\/svg\" width=\"12\" height=\"12\" fill=\"none\" viewBox=\"0 0 12 12\">\n\t\t\t\t<path fill=\"#fff\" d=\"M2 0a2 2 0 0 0-2 2v2h1.5V2a.5.5 0 0 1 .5-.5h2V0H2Zm2 10.5H2a.5.5 0 0 1-.5-.5V8H0v2a2 2 0 0 0 2 2h2v-1.5ZM8 12v-1.5h2a.5.5 0 0 0 .5-.5V8H12v2a2 2 0 0 1-2 2H8Zm2-12a2 2 0 0 1 2 2v2h-1.5V2a.5.5 0 0 0-.5-.5H8V0h2Z\" \/>\n\t\t\t<\/svg>\n\t\t<\/button><figcaption class=\"wp-element-caption\">Foto: Dnalor 01, CC BY-SA 3.0 AT, Wikimedia Commons<\/figcaption><\/figure>\n\n\n\n\n<p class=\"wp-block-paragraph\">El detalle con diferencia m\u00e1s curioso es la <strong>franja de medallones con los retratos de todos los papas de la historia<\/strong>, que recorre a gran altura, bajo el techo, todo el per\u00edmetro de la nave. Seg\u00fan una vieja leyenda, llegar\u00e1 el fin del mundo en cuanto en la fila se acabe el sitio para el retrato del siguiente papa (aunque la Iglesia, por supuesto, siempre encuentra alg\u00fan hueco nuevo).<\/p>\n\n\n\n<p class=\"wp-block-paragraph\">\ud83d\udca1 <strong>Consejo:<\/strong> la bas\u00edlica est\u00e1 justo en una estaci\u00f3n de la l\u00ednea B del metro, as\u00ed que llegar desde el centro es muy r\u00e1pido e intuitivo. La entrada a la bas\u00edlica es gratis y, gracias a su ubicaci\u00f3n fuera de las rutas principales, disfrutar\u00e1s aqu\u00ed de una <strong>agradable tranquilidad sin multitudes ni largas colas<\/strong>, algo que en Roma no tiene precio.<\/p>\n\n\n\n<h3 class=\"wp-block-heading\"><span class=\"ez-toc-section\" id=\"40_El_barrio_EUR_y_el_Quadrato_della_Concordia\"><\/span>40. El barrio EUR y el Quadrato della Concordia<span class=\"ez-toc-section-end\"><\/span><\/h3>\n\n\n\n<p class=\"wp-block-paragraph\">Para el final tengo algo para los amantes de la arquitectura moderna, aunque un poco pol\u00e9mica. El <strong>barrio EUR<\/strong> lo mand\u00f3 construir Mussolini para una exposici\u00f3n universal planeada que, sin embargo, por la guerra nunca se celebr\u00f3. Toda la zona est\u00e1 llena de anchos bulevares, formas geom\u00e9tricas precisas y edificios monumentales de m\u00e1rmol blanco.<\/p>\n\n\n\n<figure data-wp-context=\"{&quot;imageId&quot;:&quot;6a992351109f2&quot;}\" data-wp-interactive=\"core\/image\" data-wp-key=\"6a992351109f2\" class=\"wp-block-image size-full wp-lightbox-container\"><img decoding=\"async\" width=\"1200\" height=\"800\" data-wp-class--hide=\"state.isContentHidden\" data-wp-class--show=\"state.isContentVisible\" data-wp-init=\"callbacks.setButtonStyles\" data-wp-on--click=\"actions.showLightbox\" data-wp-on--load=\"callbacks.setButtonStyles\" data-wp-on--pointerdown=\"actions.preloadImage\" data-wp-on--pointerenter=\"actions.preloadImageWithDelay\" data-wp-on--pointerleave=\"actions.cancelPreload\" data-wp-on-window--resize=\"callbacks.setButtonStyles\" src=\"https:\/\/loudavymkrokem.cz\/wp-content\/uploads\/2026\/08\/ctvrt-eur-ctvercove-koloseum-rim.jpg\" alt=\"Palazzo della Civilt\u00e0 Italiana llamado Coliseo Cuadrado en el barrio EUR\" class=\"wp-image-374742\" title=\"\" srcset=\"https:\/\/loudavymkrokem.cz\/wp-content\/uploads\/2026\/08\/ctvrt-eur-ctvercove-koloseum-rim.jpg 1200w, https:\/\/loudavymkrokem.cz\/wp-content\/uploads\/2026\/08\/ctvrt-eur-ctvercove-koloseum-rim-300x200.jpg 300w, https:\/\/loudavymkrokem.cz\/wp-content\/uploads\/2026\/08\/ctvrt-eur-ctvercove-koloseum-rim-700x467.jpg 700w, https:\/\/loudavymkrokem.cz\/wp-content\/uploads\/2026\/08\/ctvrt-eur-ctvercove-koloseum-rim-768x512.jpg 768w, https:\/\/loudavymkrokem.cz\/wp-content\/uploads\/2026\/08\/ctvrt-eur-ctvercove-koloseum-rim-696x464.jpg 696w\" sizes=\"(max-width: 1200px) 100vw, 1200px\" \/><button\n\t\t\tclass=\"lightbox-trigger\"\n\t\t\ttype=\"button\"\n\t\t\taria-haspopup=\"dialog\"\n\t\t\tdata-wp-bind--aria-label=\"state.thisImage.triggerButtonAriaLabel\"\n\t\t\tdata-wp-init=\"callbacks.initTriggerButton\"\n\t\t\tdata-wp-on--click=\"actions.showLightbox\"\n\t\t\tdata-wp-style--right=\"state.thisImage.buttonRight\"\n\t\t\tdata-wp-style--top=\"state.thisImage.buttonTop\"\n\t\t>\n\t\t\t<svg xmlns=\"http:\/\/www.w3.org\/2000\/svg\" width=\"12\" height=\"12\" fill=\"none\" viewBox=\"0 0 12 12\">\n\t\t\t\t<path fill=\"#fff\" d=\"M2 0a2 2 0 0 0-2 2v2h1.5V2a.5.5 0 0 1 .5-.5h2V0H2Zm2 10.5H2a.5.5 0 0 1-.5-.5V8H0v2a2 2 0 0 0 2 2h2v-1.5ZM8 12v-1.5h2a.5.5 0 0 0 .5-.5V8H12v2a2 2 0 0 1-2 2H8Zm2-12a2 2 0 0 1 2 2v2h-1.5V2a.5.5 0 0 0-.5-.5H8V0h2Z\" \/>\n\t\t\t<\/svg>\n\t\t<\/button><figcaption class=\"wp-element-caption\">Foto: Alberti1492, CC BY-SA 4.0, Wikimedia Commons<\/figcaption><\/figure>\n\n\n\n\n<p class=\"wp-block-paragraph\">El edificio m\u00e1s conocido es sin duda el Palazzo della Civilt\u00e0 Italiana, apodado por su forma espec\u00edfica el <strong>Coliseo Cuadrado (Quadrato della Concordia)<\/strong>. Hoy, en este ic\u00f3nico edificio tiene su sede la casa de moda Fendi y todo el barrio da una impresi\u00f3n totalmente distinta al resto de Roma, tanto que tienes la sensaci\u00f3n de haberte metido en un futuro ut\u00f3pico de una pel\u00edcula.<\/p>\n\n\n\n<p class=\"wp-block-paragraph\">\ud83d\udca1 <strong>Consejo:<\/strong> al barrio EUR llegas f\u00e1cilmente en la l\u00ednea B del metro. Es un lugar estupendo para un paseo nocturno, cuando el <strong>Coliseo Cuadrado est\u00e1 preciosamente iluminado<\/strong>, y encontrar\u00e1s tambi\u00e9n un bonito parque con un lago artificial adonde van a relajarse tras el trabajo sobre todo los vecinos.<\/p>\n\n\n\n\n\n<h2 class=\"wp-block-heading\"><span class=\"ez-toc-section\" id=\"Que_se_puede_ver_en_Roma_totalmente_gratis\"><\/span>Qu\u00e9 se puede ver en Roma totalmente gratis<span class=\"ez-toc-section-end\"><\/span><\/h2>\n\n\n\n<p class=\"wp-block-paragraph\">A menudo me pregunt\u00e1is <strong>qu\u00e9 es gratis en Roma<\/strong>, porque la metr\u00f3poli italiana sabe airear bien la cartera de vez en cuando. Pero la verdad es que lo mejor de toda la ciudad no cuesta ni un euro, ya que las propias calles funcionan como un enorme museo al aire libre. Para disfrutar del aut\u00e9ntico ambiente italiano a bocanadas llenas, te bastan zapatos c\u00f3modos y ganas de descubrir. Aqu\u00ed tienes una lista de mis lugares favoritos por los que no tienes que pagar nada:<\/p>\n\n\n\n<ul class=\"wp-block-list\">\n\n<li>  <strong>El <a href=\"https:\/\/loudavymkrokem.cz\/es\/panteon-roma-entradas-consejos\/\">Pante\u00f3n<\/a> por fuera y la Piazza della Rotonda:<\/strong> aunque desde julio de 2026 se pagan 7 \u20ac por entrar al templo, la vista majestuosa de las columnas antiguas desde la bulliciosa plaza y empaparse del ambiente nocturno son totalmente gratis.<\/li>\n\n\n\n<li>  <strong>La <a href=\"https:\/\/loudavymkrokem.cz\/es\/vatikan\/\">bas\u00edlica de San Pedro<\/a> y la Plaza de San Pedro:<\/strong> la entrada al mayor templo cristiano del mundo no tiene ning\u00fan coste, solo tienes que armarte de paciencia y hacer la larga cola del control de seguridad.<\/li>\n\n\n\n<li>  <strong>La <a href=\"https:\/\/loudavymkrokem.cz\/es\/fontana-di-trevi\/\">Fontana di Trevi<\/a> desde la calle:<\/strong> desde febrero de 2026 se paga un cobro de dos euros por bajar directamente a la ic\u00f3nica fuente, pero esa <strong>vista impresionante desde arriba, desde la calle<\/strong>, sobre las esculturas de m\u00e1rmol sigue por suerte siendo gratuita.<\/li>\n\n\n\n<li>  <strong>La <a href=\"https:\/\/loudavymkrokem.cz\/es\/escaleras-espana-roma-consejos\/\">Escalinata de la Plaza de Espa\u00f1a<\/a>:<\/strong> un lugar precioso para fotos y para observar el traj\u00edn de la ciudad, solo ten mucho cuidado con que en la escalinata no se puede sentar uno, bajo amenaza de una alta multa.<\/li>\n\n\n\n<li>  <strong>La <a href=\"https:\/\/loudavymkrokem.cz\/es\/piazza-navona-roma-italia\/\">Piazza Navona<\/a> y Campo de&#8217; Fiori:<\/strong> dos <strong>plazas romanas absolutamente ic\u00f3nicas<\/strong> llenas de artistas callejeros, fuentes y palacios hist\u00f3ricos, que mejor aprecias dando un paseo tranquilo.<\/li>\n\n\n\n<li>  <strong>El barrio de <a href=\"https:\/\/loudavymkrokem.cz\/es\/trastevere-roma-que-ver\/\">Trastevere<\/a>:<\/strong> las <strong>callejuelas rom\u00e1nticas<\/strong> m\u00e1s encantadoras cubiertas de hiedra con el mejor ambiente nocturno, donde Luk\u00e1\u0161 y yo somos capaces de deambular horas y horas.<\/li>\n\n\n\n<li>  <strong>La colina del Gianicolo:<\/strong> si buscas la <strong>vista panor\u00e1mica m\u00e1s bonita<\/strong> de toda la ciudad, tienes que subir exactamente aqu\u00ed.<\/li>\n\n\n\n<li>  <strong>El Jard\u00edn de los Naranjos y la cerradura:<\/strong> desde el parque Giardino degli Aranci hay una vista perfecta del Vaticano y justo al lado encontrar\u00e1s la famosa cerradura del port\u00f3n de los Caballeros de Malta, que enmarca m\u00e1gicamente la c\u00fapula de San Pedro.<\/li>\n\n\n\n<li>  <strong>El Foro Romano desde la Via dei Fori Imperiali y desde el Capitolio:<\/strong> aunque por pasear entre las excavaciones tengas que pagar, desde estos puntos elevados tienes <strong>todo el centro antiguo<\/strong> como en la palma de la mano totalmente gratis.<\/li>\n\n\n\n<li>  <strong>El parque de <a href=\"https:\/\/loudavymkrokem.cz\/es\/galeria-borghese-roma-italia\/\">Villa Borghese<\/a> y el mirador del Pincio:<\/strong> estos pulmones verdes de Roma son un refugio ideal del calor del verano y el mirador del Pincio es quiz\u00e1 el mejor sitio para ver la puesta de sol.<\/li>\n\n\n\n<li>  <strong>El <a href=\"https:\/\/loudavymkrokem.cz\/es\/castillo-santangelo-roma-italia\/\">Puente de los \u00c1ngeles<\/a> (Ponte Sant&#8217;Angelo):<\/strong> un paseo entre las esculturas de \u00e1ngeles de Bernini, por el que en otras ciudades cobrar\u00edan con creces una jugosa entrada.<\/li>\n\n\n\n<li>  <strong>Iglesias con cuadros de Caravaggio:<\/strong> en San Luigi dei Francesi y Santa Maria del Popolo cuelgan <strong>originales de famosos maestros<\/strong> por los que en galer\u00edas corrientes pagar\u00edas un mont\u00f3n de dinero.<\/li>\n\n\n\n<li>  <strong>La Boca de la Verdad (Bocca della Verit\u00e0):<\/strong> meter la mano en la legendaria cara de m\u00e1rmol y hacerte una divertida foto de recuerdo no te costar\u00e1 absolutamente nada.<\/li>\n\n\n\n<li>  <strong>Las fuentecitas Nasoni:<\/strong> tengo que mencionar tambi\u00e9n estas maravillas de hierro omnipresentes con agua potable, que durante la celebraci\u00f3n del cumplea\u00f1os de Luk\u00e1\u0161, con un calor de treinta y cinco grados, literalmente nos salvaron de cocernos.<\/li>\n\n\n<\/ul>\n\n\n\n<p class=\"wp-block-paragraph\">Si quieres ahorrar a\u00fan m\u00e1s, planea tu excursi\u00f3n para el <strong>primer domingo de mes<\/strong>, cuando la entrada a todos los museos y monumentos estatales italianos, incluido el <a href=\"https:\/\/loudavymkrokem.cz\/es\/coliseo-roma-entradas-consejos\/\">Coliseo<\/a>, es totalmente gratis. Pero tengo que advertirte con sinceridad, porque ese d\u00eda se forman <strong>colas absolutamente locas e interminables<\/strong>, as\u00ed que merece la pena madrugar de verdad, o simplemente resignarse a pasar mucho tiempo esperando entre la multitud. Por mi experiencia, a veces es mejor sacrificar unos euros que perder medio d\u00eda de las vacaciones so\u00f1adas.<\/p>\n\n\n\n\n\n<h2 class=\"wp-block-heading\"><span class=\"ez-toc-section\" id=\"Roma_en_1_2_o_3_dias_plan_rapido\"><\/span>Roma en 1, 2 o 3 d\u00edas: plan r\u00e1pido<span class=\"ez-toc-section-end\"><\/span><\/h2>\n\n\n\n<p class=\"wp-block-paragraph\">A menudo nos pregunt\u00e1is <strong>cu\u00e1ntos d\u00edas dedicarle realmente a la metr\u00f3poli italiana<\/strong>. Por nuestra experiencia, lo ideal son al menos cuatro d\u00edas para tener tiempo de disfrutar la ciudad con calma, empaparte del aut\u00e9ntico ambiente meridional y no pasar todo el tiempo corriendo entre monumentos. El m\u00ednimo absoluto para la visita son, en mi opini\u00f3n, dos d\u00edas. En un solo d\u00eda se puede ver lo m\u00e1s importante, pero prep\u00e1rate para un buen marat\u00f3n. Cuando celebramos en Roma el cumplea\u00f1os de Luk\u00e1\u0161 en junio, hac\u00eda unos implacables 35 \u00b0C y llegamos a caminar m\u00e1s de veinte mil pasos al d\u00eda. Con ese clima te salvan solo las omnipresentes fuentecitas de hierro llamadas nasoni y un buen gelato italiano, as\u00ed que de verdad recomiendo repartir el programa en varios d\u00edas.<\/p>\n\n\n\n<p class=\"wp-block-paragraph\">Si tienes para la ciudad de verdad solo <strong>un d\u00eda en Roma<\/strong>, tienes que ir estrat\u00e9gico y elegir una ruta l\u00f3gica a pie, para no correr en zigzag. Por la ma\u00f1ana empieza directamente en el <strong>Coliseo<\/strong>, donde se forman las colas m\u00e1s grandes, as\u00ed que sin entradas compradas online con mucha antelaci\u00f3n mejor ni vayas. Desde all\u00ed sigue a lo largo de las ruinas del <strong>Foro Romano<\/strong> y la colina del <strong>Palatino<\/strong> hasta el majestuoso monumento de la <strong>Piazza Venezia<\/strong>. Luego ad\u00e9ntrate en la mara\u00f1a de callejuelas estrechas del centro hist\u00f3rico, que te llevar\u00e1n hasta el impresionante <strong>Pante\u00f3n<\/strong> y la ovalada <strong>Piazza Navona<\/strong>. Por el camino c\u00f3mprate un trozo de la tradicional pizza margarita vegetariana y una bola de helado, porque para sentarte largo rato en restaurantes no habr\u00e1 tiempo. Termina tu r\u00e1pido recorrido al anochecer en la famosa <strong>Fontana di Trevi<\/strong> y en la bulliciosa <strong>Escalinata de la Plaza de Espa\u00f1a<\/strong>.<\/p>\n\n\n\n<p class=\"wp-block-paragraph\">Cuando dispongas de <strong>dos d\u00edas en Roma<\/strong>, puedes dividir bien el programa en parte antigua y parte barroca. El primer d\u00eda ded\u00edcalo a la Antig\u00fcedad y, tras visitar el <strong>Coliseo<\/strong>, el <strong>Foro Romano<\/strong> y el <strong>Palatino<\/strong>, sigue con un paseo hasta el relieve de la <strong>Boca de la Verdad<\/strong>. Desde all\u00ed ya es un pase\u00edto hasta el pintoresco gueto jud\u00edo, donde merece la pena parar a comer y probar las estupendas alcachofas fritas. Es un <strong>manjar local sin carne<\/strong> absolutamente genial que aqu\u00ed te encantar\u00e1. El segundo d\u00eda madruga y ve directo a la apertura de los <strong>Museos Vaticanos<\/strong> y la <strong>Capilla Sixtina<\/strong>. Aqu\u00ed las multitudes son brutales, por eso la llegada temprano por la ma\u00f1ana es clave. Luego visita la impresionante <strong>bas\u00edlica de San Pedro<\/strong> y cruza por el puente junto al <strong>Castillo de Sant&#8217;Angelo<\/strong> de vuelta al centro, donde te espera la belleza barroca de la <strong>Piazza Navona<\/strong>, el <strong>Pante\u00f3n<\/strong> y la <strong>Fontana di Trevi<\/strong>.<\/p>\n\n\n\n<p class=\"wp-block-paragraph\">Para <strong>tres d\u00edas en Roma<\/strong> vale la misma base que la variante anterior, pero ganas un tiempo precioso para descubrir tambi\u00e9n lugares algo m\u00e1s fuera del circuito tur\u00edstico principal. La tercera ma\u00f1ana recomiendo empezar en la preciosa <strong>Galer\u00eda Borghese<\/strong>, a la que enlazas sin m\u00e1s con un paseo tranquilo por el amplio <strong>parque de Villa Borghese<\/strong>. Por la tarde dir\u00edgete al barrio de <strong>Testaccio<\/strong>, donde vivir\u00e1s el ambiente romano aut\u00e9ntico y genuino sin filas de turistas. Precisamente aqu\u00ed puedes sentarte con calma a una buena raci\u00f3n de pasta cacio e pepe con estupendo queso pecorino. Al atardecer trasl\u00e1date a las callejuelas del barrio de <strong>Trastevere<\/strong>, que <strong>al caer la noche se anima incre\u00edblemente<\/strong> y ofrece los mejores bares para una velada con una copa de Aperol.<\/p>\n\n\n\n<p class=\"wp-block-paragraph\">Si te quedas en la ciudad un <strong>cuarto d\u00eda o m\u00e1s<\/strong>, recomiendo sin duda considerar alguna excursi\u00f3n interesante fuera de la metr\u00f3poli. A nosotros siempre nos gusta escapar de las calles ardientes hacia la naturaleza o hacia la historia. Una gran opci\u00f3n es un corto viaje en tren al pintoresco pueblo de <a href=\"https:\/\/loudavymkrokem.cz\/es\/tivoli-italia-que-ver\/\">Tivoli<\/a>, donde encontrar\u00e1s preciosos jardines renacentistas llenos de fuentes. Otra opci\u00f3n popular es ir a descubrir las incre\u00edblemente conservadas ruinas antiguas del antiguo puerto de <a href=\"https:\/\/loudavymkrokem.cz\/es\/ostia-italia-que-ver\/\">Ostia Antica<\/a>. Para quienes no os importe pasar algo m\u00e1s de tiempo en tren, se ofrece tambi\u00e9n la posibilidad de una estupenda excursi\u00f3n de un d\u00eda al sur, a la famosa <a href=\"https:\/\/loudavymkrokem.cz\/es\/pompeya-italia-entradas-que-ver\/\">Pompeya<\/a>.<\/p>\n\n\n\n<p class=\"wp-block-paragraph\">Si ya tienes los vuelos comprados y quieres tenerlo todo planeado al detalle, hemos preparado un detallado <a href=\"https:\/\/loudavymkrokem.cz\/es\/roma-italia-3-dias\/\">itinerario de Roma en 3 d\u00edas<\/a> en un <a href=\"https:\/\/loudavymkrokem.cz\/es\/roma-italia-3-dias\/\">art\u00edculo aparte<\/a>. En \u00e9l encontrar\u00e1s muchos m\u00e1s consejos pr\u00e1cticos y, sobre todo, <strong>los tiempos exactos de los trayectos recomendados<\/strong>.<\/p>\n\n\n\n\n<p class=\"wp-block-paragraph\"><strong>Para cada uno de estos planes tenemos en el blog una gu\u00eda aparte.<\/strong> El desglose detallado hora a hora lo encuentras en el art\u00edculo <a href=\"https:\/\/loudavymkrokem.cz\/es\/roma-italia-3-dias\/\">Roma en 3 d\u00edas<\/a>, la elecci\u00f3n de alojamiento por barrios la desgranamos en el texto <a href=\"https:\/\/loudavymkrokem.cz\/es\/donde-alojarse-roma-italia\/\">d\u00f3nde alojarse en Roma<\/a> y las familias con peque\u00f1os viajeros agradecer\u00e1n los consejos del art\u00edculo <a href=\"https:\/\/loudavymkrokem.cz\/es\/roma-italia-ninos-planes-familia\/\">Roma con ni\u00f1os<\/a>.<\/p>\n\n\n\n<h2 class=\"wp-block-heading\"><span class=\"ez-toc-section\" id=\"Transporte_en_Roma_desde_el_aeropuerto_en_metro_y_a_pie\"><\/span>Transporte en Roma: desde el aeropuerto, en metro y a pie<span class=\"ez-toc-section-end\"><\/span><\/h2>\n\n\n\n<p class=\"wp-block-paragraph\">El <strong>transporte en Roma<\/strong> puede parecer a primera vista un caos absoluto, donde manda la ley del m\u00e1s fuerte y del m\u00e1s \u00e1gil. Aun as\u00ed, en la Ciudad Eterna es bastante f\u00e1cil orientarse si sabes <strong>qu\u00e9 billetes comprar<\/strong> y a qu\u00e9 prestar especial atenci\u00f3n. Veamos c\u00f3mo llegar sin problema desde el aeropuerto, c\u00f3mo funciona el metro local y por qu\u00e9 de todos modos pasar\u00e1s la mayor parte del tiempo caminando.<\/p>\n\n\n\n<p class=\"wp-block-paragraph\"><strong>Del aeropuerto de Fiumicino (FCO) al centro:<\/strong> la opci\u00f3n m\u00e1s r\u00e1pida es sin duda el tren Leonardo Express, que en 32 minutos y por 14 euros te lleva directamente a la estaci\u00f3n central de Termini. Si quieres ahorrar, salen de all\u00ed tambi\u00e9n trenes regionales o autobuses m\u00e1s baratos, pero cuenta con m\u00e1s tiempo de trayecto. Una opci\u00f3n c\u00f3moda es el taxi oficial, que tiene una tarifa fija al centro de 48 a 50 euros. Pero ten much\u00edsimo cuidado con los <strong>taxis piratas<\/strong>, que al final del trayecto pueden pedirte tranquilamente de 75 a 140 euros, as\u00ed que busca siempre solo coches blancos con tax\u00edmetro y el r\u00f3tulo \u00abComune di Roma\u00bb.<\/p>\n\n\n\n<p class=\"wp-block-paragraph\"><strong>El trayecto desde el aeropuerto de Ciampino (CIA):<\/strong> este aeropuerto m\u00e1s peque\u00f1o lo usan sobre todo las aerol\u00edneas de bajo coste, como Ryanair, con las que muchos volamos desde Madrid o Barcelona, y la conexi\u00f3n al centro es bastante sencilla. Solemos recomendar los autobuses de la compa\u00f1\u00eda Terravision, donde un billete de ida sale por unos 6 euros y te llevan de forma fiable hasta la estaci\u00f3n de Termini. Si viajas en grupo o con maletas pesadas, merece la pena coger un taxi oficial. Tambi\u00e9n aqu\u00ed rige una <strong>tarifa fija al centro<\/strong> de 40 euros justos, as\u00ed que no tienes que temer ninguna sorpresa desagradable de un precio desorbitado.<\/p>\n\n\n\n<p class=\"wp-block-paragraph\"><strong>El transporte p\u00fablico urbano (ATAC):<\/strong> el transporte p\u00fablico de Roma incluye autobuses, tranv\u00edas y metro y, por suerte, para todo vale el mismo billete. El billete b\u00e1sico BIT <strong>cuesta 1,50 euros<\/strong> y vale 100 minutos enteros, durante los que puedes transbordar sin l\u00edmite, pero al metro solo puedes entrar una vez con \u00e9l. Si piensas moverte mucho, hay abonos de varios d\u00edas: de 24 horas por 8,50 euros, de 48 horas por 15 euros o de 72 horas por 22 euros, o el semanal CIS por 29 euros. Ten much\u00edsimo cuidado con la <strong>validaci\u00f3n obligatoria del billete<\/strong> justo al subir, o te arriesgas a una multa inflexible y jugosa en el sitio.<\/p>\n\n\n\n<p class=\"wp-block-paragraph\"><strong>El metro de Roma y el traicionero autob\u00fas 64:<\/strong> la ciudad tiene actualmente tres l\u00edneas de metro, A, B y C. Quiz\u00e1 te sorprenda que la red de estaciones sea bastante escasa, pero es simplemente porque cada vez que se cava en el suelo los obreros dan con alg\u00fan valioso hallazgo arqueol\u00f3gico. La buena noticia es que desde diciembre de 2025 est\u00e1 <strong>prolongada la l\u00ednea C<\/strong>, que ahora te lleva desde las afueras directamente hasta el Coliseo. En el metro y en los autobuses abarrotados, sobre todo en la popular l\u00ednea 64 en direcci\u00f3n al Vaticano, vigila con cuidado tus cosas, porque los carteristas locales son incre\u00edblemente r\u00e1pidos y a la l\u00ednea no en vano la apodan \u00abPickpocket Express\u00bb.<\/p>\n\n\n\n<p class=\"wp-block-paragraph\"><strong>\u00bfMerece la pena la tarjeta tur\u00edstica Roma Pass?<\/strong> Depende de cu\u00e1nto pienses recorrer monumentos de pago y usar el transporte p\u00fablico. La tarjeta de 48 horas cuesta 38 euros e incluye una entrada gratis a un museo, mientras que la variante de 72 horas sale por 62,90 euros e incluye dos entradas gratis. Adem\u00e1s obtienes viajes ilimitados en el transporte urbano y peque\u00f1os descuentos en otras atracciones. Pero tiene un pero que mucha gente olvida, porque la tarjeta <strong>no incluye los Museos Vaticanos<\/strong>, la Capilla Sixtina ni la bas\u00edlica de San Pedro.<\/p>\n\n\n\n<p class=\"wp-block-paragraph\"><strong>El centro hist\u00f3rico es mejor recorrerlo a pie:<\/strong> Roma es en mi opini\u00f3n una de las mejores ciudades del mundo para explorar caminando, porque el n\u00facleo hist\u00f3rico principal se puede recorrer tranquilamente en un solo d\u00eda. Basta con empezar en la Escalinata de la Plaza de Espa\u00f1a, lanzar una moneda a la Fontana di Trevi, llegar al Pante\u00f3n y terminar la tarde en la preciosa Piazza Navona. Pero es fundamental llevar zapatos de verdad <strong>c\u00f3modos<\/strong>, porque gran parte del centro est\u00e1 adoquinada con los t\u00edpicos adoquines romanos llamados sanpietrini. Cr\u00e9eme que tras un d\u00eda entero caminando con zapatos duros o, no lo quiera Dios, con tacones, acabar\u00edas maldiciendo las pintorescas callejuelas de la ciudad.<\/p>\n\n\n\n<p class=\"wp-block-paragraph\"><strong>En patinete el\u00e9ctrico junto al r\u00edo:<\/strong> cuando a Luk\u00e1\u0161 y a m\u00ed ya nos dol\u00edan los pies de tanto caminar, encontramos una forma absolutamente genial de movernos por la ciudad. Por la noche alquilamos patinetes el\u00e9ctricos compartidos y sin m\u00e1s <strong>\u00edbamos a lo largo del r\u00edo T\u00edber<\/strong>. Es una experiencia preciosa y rom\u00e1ntica, as\u00ed evitas las multitudes de turistas, ahorras tiempo y adem\u00e1s ves los puentes bonitamente iluminados. De d\u00eda suele haber en el centro demasiado l\u00edo para los patinetes, pero para esos paseos nocturnos es una aut\u00e9ntica maravilla.<\/p>\n\n\n\n<p class=\"wp-block-paragraph\"><strong>Al centro mejor no vayas en coche:<\/strong> alquilar coche en Roma es en mi opini\u00f3n una tonter\u00eda absoluta, salvo que sigas hacia un roadtrip m\u00e1s largo por Italia. El tr\u00e1fico es incre\u00edblemente ca\u00f3tico, las motos se cuelan por todos lados y aparcar es un peque\u00f1o milagro. Adem\u00e1s, gran parte del centro hist\u00f3rico est\u00e1 se\u00f1alizada como <strong>ZTL, o sea, zona de tr\u00e1fico limitado<\/strong>, adonde solo pueden entrar residentes con permiso. Hay c\u00e1maras por todas partes y por cada paso no autorizado te arriesgas a una multa de entre 84 y 335 euros, que te encontrar\u00e1 sin falta hasta en casa, en Espa\u00f1a.<\/p>\n\n\n\n\n\n<h2 class=\"wp-block-heading\"><span class=\"ez-toc-section\" id=\"Adonde_mejor_no_ir_en_Roma_y_a_que_prestar_atencion\"><\/span>Ad\u00f3nde mejor no ir en Roma y a qu\u00e9 prestar atenci\u00f3n<span class=\"ez-toc-section-end\"><\/span><\/h2>\n\n\n\n<p class=\"wp-block-paragraph\">A menudo me pregunt\u00e1is si en Roma hay lugares que deber\u00edais evitar a toda costa. Roma es en realidad una <strong>ciudad europea muy segura<\/strong>, donde no tienes que temer por tu vida en absoluto. Pero, como cualquier otra metr\u00f3poli mundial, la capital italiana tiene tambi\u00e9n sus t\u00edpicas trampas tur\u00edsticas. La mayor\u00eda solo te costar\u00e1n el mal humor y alg\u00fan euro de m\u00e1s.<\/p>\n\n\n\n<p class=\"wp-block-paragraph\">Veamos juntos los trucos m\u00e1s frecuentes con los que puedes encontrarte en la calle. Si los conoces de antemano, los sorteas con seguridad y <strong>disfrutar\u00e1s de las vacaciones sin estr\u00e9s innecesario<\/strong>.<\/p>\n\n\n\n<p class=\"wp-block-paragraph\"><strong>Cuidado con los restaurantes tramposos y los cargos ocultos.<\/strong> El mayor dinero puedes perderlo en los restaurantes justo junto a los principales monumentos, como la encantadora Piazza Navona. La trampa tur\u00edstica la reconoces muy f\u00e1cil por la <strong>carta en cuatro idiomas con fotos desva\u00eddas de los platos<\/strong>. Otra clara se\u00f1al de alarma es el captador acechando ante la puerta que intenta meterte dentro a toda costa. Un buen restaurante italiano no necesita a nadie as\u00ed y suele estar lleno de vecinos.<\/p>\n\n\n\n<p class=\"wp-block-paragraph\">Al pagar puede sorprenderte desagradablemente un <strong>coperto absurdamente inflado<\/strong>, que es un cargo obligatorio por poner la mesa y el pan. En locales normales ronda los dos o tres euros por persona, pero en las trampas suele ser mucho mayor. Un desastre absoluto son los restaurantes que en algunos platos ponen el precio <strong>per etto<\/strong>, o sea, por cada cien gramos de peso. Antes de que te des cuenta, te traen una porci\u00f3n enorme y al final te cae en la mesa una cuenta tranquilamente de 430 o incluso 600 euros.<\/p>\n\n\n\n<p class=\"wp-block-paragraph\">\u00bfC\u00f3mo salir de esto? Basta con alejarte dos callejuelas del bullicio principal y buscar locales discretos llenos de italianos. Si buscas <strong>opciones seguras para vegetarianos<\/strong>, Roma es para ti un para\u00edso absoluto. Luk\u00e1\u0161 y yo no perdonamos la tradicional pasta cacio e pepe, hecha solo con queso pecorino y pimienta negra. Un tentempi\u00e9 r\u00e1pido estupendo es la pizza al taglio romana para llevar en la mano, el trozo frito de arroz suppl\u00ec o la famosa alcachofa frita alla giudia. Y para terminar, por supuesto, no puede faltar un aut\u00e9ntico gelato italiano de una gelater\u00eda artesanal de verdad.<\/p>\n\n\n\n<p class=\"wp-block-paragraph\"><strong>Falsos gladiadores y \u00abregalos\u00bb no solicitados.<\/strong> Justo junto al Coliseo probablemente te encuentres con hombres disfrazados de centuriones y gladiadores romanos. Te saludar\u00e1n alegres y te atraer\u00e1n a una foto de recuerdo conjunta. Pero no lo hacen de buen coraz\u00f3n y <strong>por una sola foto cobran normalmente veinte euros<\/strong>. Hay incluso casos documentados de que a turistas asustados les exigieron agresivamente hasta 500 euros. La mejor defensa es la ignorancia absoluta y cero contacto visual.<\/p>\n\n\n\n<p class=\"wp-block-paragraph\">Un principio parecido funciona con los buhoneros del centro hist\u00f3rico y alrededor de la Escalinata de la Plaza de Espa\u00f1a. De repente se te acerca una persona sonriente y <strong>empieza a colarte una rosa o a atarte una pulsera en la mano<\/strong> diciendo que es un regalo gratis. Pero en cuanto aceptas la cosa, empieza de inmediato a exigir dinero de forma bastante grosera. \ud83d\udca1 <strong>Consejo:<\/strong> si te pasa, no dejes que te aten la pulsera, no cojas nada y con un no rotundo sigue caminando sin m\u00e1s.<\/p>\n\n\n\n<p class=\"wp-block-paragraph\"><strong>Carteristas y transporte traicionero.<\/strong> El transporte p\u00fablico de Roma es un cap\u00edtulo aparte. El famoso <strong>autob\u00fas n\u00famero 64<\/strong>, que va de la estaci\u00f3n de Termini al Vaticano, se gan\u00f3 entre los locales el acertado apodo de Pickpocket Express. Los carteristas operan en \u00e9l con total naturalidad, igual que en el abarrotado metro de la l\u00ednea A. Por eso lleva siempre la cartera y el m\u00f3vil en los bolsillos interiores o en una bolsa bien cerrada delante del cuerpo. En el transporte p\u00fablico tampoco olvides validar el billete, porque un billete sin validar significa multa inmediata del revisor.<\/p>\n\n\n\n<p class=\"wp-block-paragraph\">Al viajar desde el aeropuerto ten mucho cuidado con los <strong>taxis piratas<\/strong> que te esperar\u00e1n ya en la sala de llegadas. Por el trayecto al centro te cobran tranquilamente de 75 a 140 euros, as\u00ed que mejor busca siempre los coches blancos oficiales con el r\u00f3tulo de taxi, en los que rige la tarifa fija de 48 a 50 euros desde el aeropuerto de Fiumicino. Si conduces un coche de alquiler, ten much\u00edsimo cuidado con las <strong>zonas de tr\u00e1fico limitado llamadas ZTL<\/strong>. Entrar al centro sin permiso te costar\u00e1 una jugosa multa de entre 84 y 335 euros por cada paso bajo la c\u00e1mara.<\/p>\n\n\n\n<p class=\"wp-block-paragraph\"><strong>Normas de comportamiento que pueden costarte dinero.<\/strong> Roma se toma muy en serio la protecci\u00f3n de sus monumentos \u00fanicos. Un bonito ejemplo es la famosa Escalinata de la Plaza de Espa\u00f1a, donde est\u00e1 <strong>estrictamente prohibido sentarse<\/strong>. Si te pones c\u00f3modo all\u00ed con un cucurucho de helado, la polic\u00eda local te echa enseguida y adem\u00e1s puede plantarte una multa de unos 250 euros.<\/p>\n\n\n\n<p class=\"wp-block-paragraph\">Presta especial atenci\u00f3n tambi\u00e9n a tu ropa si planeas visitar lugares religiosos. El Vaticano, el Pante\u00f3n y los templos m\u00e1s peque\u00f1os tienen un <strong>estricto c\u00f3digo de vestimenta que exige hombros y rodillas cubiertos<\/strong>. Los vigilantes de la entrada son inflexibles y te echan de la cola sin piedad aunque lleves una hora esperando bajo el sol ardiente del verano. Lleva por eso siempre contigo al menos un pa\u00f1uelo ligero con el que cubrirte r\u00e1pido antes de entrar.<\/p>\n\n\n\n<p class=\"wp-block-paragraph\">Todas estas advertencias quiz\u00e1 suenen un poco terror\u00edficas, pero cr\u00e9eme que se trata solo de <strong>higiene tur\u00edstica totalmente normal<\/strong>. Las mismas reglas de seguridad valen en Par\u00eds, Barcelona o Madrid. Si usas el sentido com\u00fan y no te dejas arrastrar a situaciones sospechosas, te llevar\u00e1s de Roma solo los recuerdos m\u00e1s bonitos y unas experiencias culinarias incre\u00edbles.<\/p>\n\n\n\n\n\n<h2 class=\"wp-block-heading\"><span class=\"ez-toc-section\" id=\"Adonde_ir_desde_Roma\"><\/span><span class=\"ez-toc-section\" id=\"Kam_dal_z_Rima\"><\/span>Ad\u00f3nde ir desde Roma<span class=\"ez-toc-section-end\"><\/span><\/h2>\n\n\n\n<p class=\"wp-block-paragraph\">Si le dedicas a la Ciudad Eterna m\u00e1s que un fin de semana largo y quieres <strong>escapar de las ardientes calles empedradas<\/strong>, se ofrecen varias excursiones estupendas por los alrededores. En menos de una horita, un tren de cercan\u00edas te lleva al antiguo puerto de <a href=\"https:\/\/loudavymkrokem.cz\/es\/ostia-italia-que-ver\/\">Ostia Antica<\/a>, que suele compararse con Pompeya, pero que, a diferencia de ella, reina aqu\u00ed una calma y un silencio absolutos.<\/p>\n\n\n\n<p class=\"wp-block-paragraph\">Otra parada preciosa a un paso de la ciudad es el pueblo de <a href=\"https:\/\/loudavymkrokem.cz\/es\/tivoli-italia-que-ver\/\">Tivoli<\/a>, donde se <strong>extienden los preciosos jardines renacentistas<\/strong> de la villa d&#8217;Este con cientos de fuentes murmurantes. Es un lugar ideal para una tarde de verano, cuando necesitas algo de sombra y aire fresco, que en el centro de la metr\u00f3poli italiana en julio falta tan desesperadamente.<\/p>\n\n\n\n<p class=\"wp-block-paragraph\">Si quieres leer informaci\u00f3n m\u00e1s detallada sobre los <strong>mayores iconos romanos y ahorrarte disgustos<\/strong>, hemos preparado gu\u00edas detalladas. Lee nuestro art\u00edculo <a href=\"https:\/\/loudavymkrokem.cz\/es\/coliseo-roma-entradas-consejos\/\">El Coliseo de Roma: entradas y consejos<\/a>, donde explicamos al detalle c\u00f3mo cazar las mejores entradas al subterr\u00e1neo. Para la visita al Estado papal aprovechar\u00e1s sin duda nuestro texto <a href=\"https:\/\/loudavymkrokem.cz\/es\/vatikan\/\">Vaticano: informaci\u00f3n b\u00e1sica y entrada<\/a> y el an\u00e1lisis detallado de lo que esconden los famosos <a href=\"https:\/\/loudavymkrokem.cz\/es\/vatikanska-muzea\/\">Museos Vaticanos<\/a>.<\/p>\n\n\n\n<p class=\"wp-block-paragraph\">Roma es tambi\u00e9n un <strong>punto de partida perfecto para viajar al sur de Italia<\/strong>. Desde la estaci\u00f3n central de Termini, un tren de alta velocidad te lleva a la ca\u00f3tica y apasionada N\u00e1poles en poco m\u00e1s de una hora. Desde all\u00ed es solo un paso hasta la m\u00e1s famosa destrucci\u00f3n antigua, sobre la que escribimos un art\u00edculo pr\u00e1ctico: <a href=\"https:\/\/loudavymkrokem.cz\/es\/pompeya-italia-entradas-que-ver\/\">Pompeya: entrada y qu\u00e9 ver<\/a>.<\/p>\n\n\n\n<!-- LKM_GYG_CARD start q=\"rome\" lang=\"es\" rendered=\"2026-08-26T14:25:38+00:00\" v=\"1\" -->\n<style id=\"lk-gyg-styles\">\n@import url(\"https:\/\/fonts.googleapis.com\/css2?family=Playfair+Display:wght@700&family=DM+Sans:wght@300;400;500;600&display=swap\");\n\/* === LK GYG karty \u2014 CRO redesign 2026-05 (namespace .lkx-) ===\n   C\u00edl: vy\u0161\u0161\u00ed CTR (hero + v\u00fdrazn\u00fd social proof + ak\u010dn\u00ed CTA, m\u00e9n\u011b \"reklamn\u00ed\").\n   Injektuje se inline do prvn\u00edho markeru postu (refresh_cards.py --inline-css). *\/\n.lkx-module, .lkx-module *{box-sizing:border-box;margin:0;padding:0}\n.lkx-module{\n  font-family:'DM Sans',-apple-system,Segoe UI,Roboto,Georgia,sans-serif;\n  max-width:860px;margin:2.5rem auto;color:#1f2328;\n}\n\n\/* HEADER \u2014 lehk\u00fd editorsk\u00fd, \u017e\u00e1dn\u00fd bannerov\u00fd blok; nadpis + popisek pod n\u00edm *\/\n.lkx-head{margin-bottom:16px}\n.lkx-head-main{display:flex;align-items:center;gap:10px}\n.lkx-head-accent{width:26px;height:3px;border-radius:2px;background:#c39f76;flex-shrink:0}\n.lkx-head-title{font-family:'Playfair Display',Georgia,serif;font-size:21px;font-weight:700;color:#1a1a1a;line-height:1.25}\n.lkx-head-meta{display:block;font-size:11px;letter-spacing:.3px;color:#9aa0a6;margin-top:4px;margin-left:36px}\n\n\/* HERO *\/\n.lkx-hero{display:grid;grid-template-columns:300px 1fr;background:#fff;border:1px solid #ece7df;border-radius:14px;overflow:hidden;text-decoration:none!important;color:inherit;box-shadow:0 6px 20px rgba(0,0,0,.06);transition:box-shadow .2s,transform .2s;margin-bottom:14px}\n.lkx-hero:hover{box-shadow:0 12px 30px rgba(0,0,0,.12);transform:translateY(-2px)}\n.lkx-hero-img{position:relative;min-height:230px;background-size:cover;background-position:center;background-color:#eee}\n.lkx-hero-body{padding:22px 24px;display:flex;flex-direction:column}\n.lkx-pick{position:absolute;top:12px;left:12px;background:#1a1a1a;color:#fff;font-size:11px;font-weight:700;letter-spacing:.5px;padding:5px 11px;border-radius:20px}\n\n\/* TITLE *\/\n.lkx-title{font-size:19px;font-weight:700;color:#161616;line-height:1.3}\n.lkx-title-sm{font-size:14.5px;line-height:1.35;display:-webkit-box;-webkit-line-clamp:2;-webkit-box-orient:vertical;overflow:hidden}\n\n\/* SOCIAL PROOF \u2014 v\u00fdrazn\u011b, naho\u0159e *\/\n.lkx-proof{display:flex;align-items:center;gap:7px;margin-top:12px;font-size:15px;color:#3a3a3a}\n.lkx-proof b{font-size:16px;color:#161616}\n.lkx-stars{color:#f5a623;letter-spacing:1px}\n.lkx-proof-sm{font-size:12.5px;margin-top:8px;gap:5px}\n.lkx-proof-sm b{font-size:13px}\n.lkx-proof-new{color:#3685fc;font-weight:600}\n\n\/* PRICE \u2014 n\u00edzk\u00e1 kotva *\/\n.lkx-price{font-size:14px;color:#6b7280}\n.lkx-price b{font-size:20px;color:#161616;font-weight:700}\n.lkx-price-sm b{font-size:15px}\n\n\/* CTA \u2014 tepl\u00e9 ak\u010dn\u00ed tla\u010d\u00edtko *\/\n.lkx-cta{display:inline-flex;align-items:center;justify-content:center;text-decoration:none!important;font-weight:700;color:#fff!important;background:linear-gradient(135deg,#f6743f,#e8552a);border-radius:10px;box-shadow:0 6px 16px rgba(232,85,42,.32);transition:box-shadow .2s}\n.lkx-cta-hero{font-size:15px;padding:13px 22px}\n.lkx-hero:hover .lkx-cta-hero{box-shadow:0 8px 22px rgba(232,85,42,.45)}\n.lkx-cta-sm{font-size:12.5px;padding:9px 14px;width:100%;margin-top:2px}\n.lkx-hero-bottom{margin-top:auto;padding-top:18px;display:flex;align-items:center;justify-content:space-between;gap:14px;flex-wrap:wrap}\n\n\/* BADGE \u2014 jeden v\u00fdrazn\u00fd na fotce *\/\n.lkx-badge{position:absolute;top:12px;right:12px;font-size:10.5px;font-weight:700;letter-spacing:.3px;padding:5px 10px;border-radius:16px;color:#fff}\n.lkx-badge.badge-urgency{background:rgba(214,40,40,.92)}\n.lkx-badge.badge-new{background:rgba(54,133,252,.92)}\n.lkx-badge.badge-top{background:rgba(195,159,118,.95)}\n.lkx-badge.badge-info{background:rgba(40,40,40,.78)}\n\n\/* SECONDARY GRID *\/\n.lkx-grid{display:grid;grid-template-columns:1fr 1fr;gap:14px}\n.lkx-card{background:#fff;border:1px solid #ece7df;border-radius:14px;overflow:hidden;text-decoration:none!important;color:inherit;box-shadow:0 4px 14px rgba(0,0,0,.05);display:flex;flex-direction:column;transition:box-shadow .2s,transform .2s}\n.lkx-card:hover{box-shadow:0 10px 24px rgba(0,0,0,.1);transform:translateY(-2px)}\n.lkx-card-img{position:relative;aspect-ratio:16\/10;background-size:cover;background-position:center;background-color:#eee}\n.lkx-card-body{padding:14px 16px 16px;display:flex;flex-direction:column;gap:7px;flex:1}\n.lkx-card-bottom{margin-top:auto;padding-top:10px;display:flex;align-items:center;justify-content:space-between;gap:8px}\n\n\/* DISCLOSURE \u2014 drobn\u00e1, kv\u016fli d\u016fv\u011b\u0159e\/z\u00e1konu *\/\n.lkx-disclosure{font-size:11px;color:#a7adb3;text-align:center;margin-top:14px;line-height:1.6}\n.lkx-disclosure a{color:#c39f76;text-decoration:none}\n\n@media(max-width:680px){\n  .lkx-hero{grid-template-columns:1fr}\n  .lkx-hero-img{min-height:180px}\n  .lkx-grid{grid-template-columns:1fr}\n  .lkx-head-meta{margin-left:0;width:100%}\n  .lkx-head-title{font-size:19px}\n}\n\n<\/style>\n<div class=\"lkx-module\" data-query=\"rome\">\n  <div class=\"lkx-head\">\n    <div class=\"lkx-head-main\">\n      <span class=\"lkx-head-accent\"><\/span>\n      <span class=\"lkx-head-title\">Experiencias y entradas<\/span>\n    <\/div>\n    <span class=\"lkx-head-meta\">valorado por viajeros \u00b7 GetYourGuide<\/span>\n  <\/div><a class=\"lkx-hero\" href=\"https:\/\/www.getyourguide.com\/es-es\/roma-l33\/roma-visita-guiada-a-la-arena-del-coliseo-el-palatino-y-el-foro-t217332\/?partner_id=MKZ64IS&amp;utm_medium=online_publisher&amp;cmp=que-ver-roma-italia\" target=\"_blank\" rel=\"sponsored noopener nofollow\">\n    <div class=\"lkx-hero-img\" style=\"background-image:url('https:\/\/cdn.getyourguide.com\/img\/tour\/94228a891b57dd5ac3f35040d77c0d5045f72c51aaf096f868ed50367e406c22.jpg\/132.jpg')\" role=\"img\" aria-label=\"Roma: visita guiada a la arena del Coliseo, el Palatino y el Foro\">\n      <span class=\"lkx-pick\">\u2605 Nuestra elecci\u00f3n<\/span><\/div>\n    <div class=\"lkx-hero-body\">\n      <div class=\"lkx-title\">Roma: visita guiada a la arena del Coliseo, el Palatino y el Foro<\/div>\n      <div class=\"lkx-proof\">\n      <span class=\"lkx-stars\">\u2605\u2605\u2605\u2605\u2605<\/span>\n      <b>4.5<\/b> \u00b7 26 735 opiniones\n    <\/div>\n      <div class=\"lkx-hero-bottom\"><div class=\"lkx-price\">desde <b>39\u00a0EUR<\/b><\/div><span class=\"lkx-cta lkx-cta-hero\">Quiero vivir esto \u2192<\/span>\n      <\/div>\n    <\/div>\n  <\/a><div class=\"lkx-grid\"><a class=\"lkx-card\" href=\"https:\/\/www.getyourguide.com\/es-es\/roma-l33\/desde-roma-tour-de-un-dia-por-pompeya-y-napoles-t77749\/?partner_id=MKZ64IS&amp;utm_medium=online_publisher&amp;cmp=que-ver-roma-italia\" target=\"_blank\" rel=\"sponsored noopener nofollow\">\n      <div class=\"lkx-card-img\" style=\"background-image:url('https:\/\/cdn.getyourguide.com\/img\/tour\/5ca60563639b1.jpeg\/132.jpg')\" role=\"img\" aria-label=\"Roma: Excursi\u00f3n de un d\u00eda a Pompeya y N\u00e1poles con ticket de entrada a Pompeya\"><\/div>\n      <div class=\"lkx-card-body\">\n        <div class=\"lkx-title lkx-title-sm\">Roma: Excursi\u00f3n de un d\u00eda a Pompeya y N\u00e1poles con ticket de entrada a Pompeya<\/div>\n        <div class=\"lkx-proof lkx-proof-sm\">\n      <span class=\"lkx-stars\">\u2605<\/span>\n      <b>4.4<\/b> \u00b7 1 247\n    <\/div>\n        <div class=\"lkx-card-bottom\"><span class=\"lkx-price lkx-price-sm\">desde <b>83\u00a0EUR<\/b><\/span><span class=\"lkx-cta lkx-cta-sm\">Ver fechas \u2192<\/span>\n        <\/div>\n      <\/div>\n    <\/a><a class=\"lkx-card\" href=\"https:\/\/www.getyourguide.com\/es-es\/roma-l33\/roma-tour-a-pie-de-la-arquitectura-barroca-con-pausa-para-cafe-t1428816\/?partner_id=MKZ64IS&amp;utm_medium=online_publisher&amp;cmp=que-ver-roma-italia\" target=\"_blank\" rel=\"sponsored noopener nofollow\">\n      <div class=\"lkx-card-img\" style=\"background-image:url('https:\/\/cdn.getyourguide.com\/img\/tour\/a720d7076c479ef6ed12d60c5fad9b04bdfb1c68dc8771e74c770b47817bad65.jpg\/132.jpg')\" role=\"img\" aria-label=\"Roma: tour a pie de la arquitectura barroca con pausa para caf\u00e9\"><\/div>\n      <div class=\"lkx-card-body\">\n        <div class=\"lkx-title lkx-title-sm\">Roma: tour a pie de la arquitectura barroca con pausa para caf\u00e9<\/div>\n        <div class=\"lkx-proof lkx-proof-sm\">\n      <span class=\"lkx-stars\">\u2605<\/span>\n      <b>0.0<\/b> \u00b7 0\n    <\/div>\n        <div class=\"lkx-card-bottom\"><span class=\"lkx-price lkx-price-sm\">desde <b>319\u00a0EUR<\/b><\/span><span class=\"lkx-cta lkx-cta-sm\">Ver fechas \u2192<\/span>\n        <\/div>\n      <\/div>\n    <\/a><\/div><div class=\"lkx-disclosure\">\ud83d\udd17 Enlaces de afiliados \u2014 no cambian tu precio y nos ayudan a crear contenido. \u00b7 <a href=\"https:\/\/www.getyourguide.com\/es-es\/s\/?q=rome&amp;partner_id=MKZ64IS&amp;utm_medium=online_publisher\" target=\"_blank\" rel=\"sponsored noopener nofollow\">Todas las experiencias \u2192<\/a><\/div>\n<\/div>\n<!-- LKM_GYG_CARD end -->\n\n\n\n<h2 class=\"wp-block-heading\"><span class=\"ez-toc-section\" id=\"Preguntas_frecuentes\"><\/span><span class=\"ez-toc-section\" id=\"Casto_kladene_otazky\"><\/span>Preguntas frecuentes<span class=\"ez-toc-section-end\"><\/span><\/h2>\n\n\n<div id=\"rank-math-faq\" class=\"rank-math-block\">\n<div class=\"rank-math-list \">\n<div id=\"faq-question-1780164225000\" class=\"rank-math-list-item\">\n<h3 class=\"rank-math-question \"><span class=\"ez-toc-section\" id=\"%C2%BFCuantos_dias_necesito_para_visitar_Roma\"><\/span>\u00bfCu\u00e1ntos d\u00edas necesito para visitar Roma?<span class=\"ez-toc-section-end\"><\/span><\/h3>\n<div class=\"rank-math-answer \">\n\n<p>Tres d\u00edas son el m\u00ednimo absoluto, durante el cual <strong>solo podr\u00e1s ver lo m\u00e1s b\u00e1sico con much\u00edsima prisa<\/strong>. Lo ideal es reservar cuatro d\u00edas completos para Roma, para poder recorrer con tranquilidad el Vaticano, los monumentos antiguos y que a\u00fan te quede tiempo para pasear por las callejuelas del centro hist\u00f3rico con un caf\u00e9 en la mano.<\/p>\n\n<\/div>\n<\/div>\n<div id=\"faq-question-1780164225001\" class=\"rank-math-list-item\">\n<h3 class=\"rank-math-question \"><span class=\"ez-toc-section\" id=\"%C2%BFEl_agua_del_grifo_es_potable_en_Roma\"><\/span>\u00bfEl agua del grifo es potable en Roma?<span class=\"ez-toc-section-end\"><\/span><\/h3>\n<div class=\"rank-math-answer \">\n\n<p>S\u00ed, el agua es totalmente segura y excelente. No compres botellas de pl\u00e1stico sobrevaloradas a los vendedores ambulantes, sino <strong>lleva tu propia botella reutilizable<\/strong>. Por toda la ciudad hay miles de fuentes de hierro fundido (llamadas nasoni), de las cuales fluye constantemente agua helada y muy refrescante totalmente gratis.<\/p>\n\n<\/div>\n<\/div>\n<div id=\"faq-question-1780164225002\" class=\"rank-math-list-item\">\n<h3 class=\"rank-math-question \"><span class=\"ez-toc-section\" id=\"%C2%BFHay_algun_codigo_de_vestimenta_en_los_monumentos\"><\/span>\u00bfHay alg\u00fan c\u00f3digo de vestimenta en los monumentos?<span class=\"ez-toc-section-end\"><\/span><\/h3>\n<div class=\"rank-math-answer \">\n\n<p>S\u00ed y se aplica muy estrictamente, as\u00ed que ten mucho cuidado con esto. Para entrar a los Museos Vaticanos, la bas\u00edlica de San Pedro y el Pante\u00f3n <strong>es imprescindible llevar los hombros y las rodillas cubiertos<\/strong>. Si llegas con camiseta de tirantes o pantalones cortos, el personal de seguridad no te dejar\u00e1 entrar ni con entrada v\u00e1lida, as\u00ed que en verano lleva siempre en la mochila un pa\u00f1uelo ligero.<\/p>\n\n<\/div>\n<\/div>\n<div id=\"faq-question-1780164225003\" class=\"rank-math-list-item\">\n<h3 class=\"rank-math-question \"><span class=\"ez-toc-section\" id=\"%C2%BFCual_es_la_mejor_forma_de_ir_del_aeropuerto_de_Fiumicino_al_centro\"><\/span>\u00bfCu\u00e1l es la mejor forma de ir del aeropuerto de Fiumicino al centro?<span class=\"ez-toc-section-end\"><\/span><\/h3>\n<div class=\"rank-math-answer \">\n\n<p>La opci\u00f3n m\u00e1s r\u00e1pida y c\u00f3moda es el <strong>tren directo Leonardo Express<\/strong>, que te lleva sin paradas a la estaci\u00f3n central de Termini en exactamente 32 minutos. El billete cuesta 14 euros y los trenes circulan con mucha frecuencia, lo que te ahorra el estr\u00e9s de los impredecibles atascos de tr\u00e1fico romanos, en los que a menudo quedan atrapados los autobuses del aeropuerto que son m\u00e1s baratos.<\/p>\n\n<\/div>\n<\/div>\n<div id=\"faq-question-1780164225004\" class=\"rank-math-list-item\">\n<h3 class=\"rank-math-question \"><span class=\"ez-toc-section\" id=\"%C2%BFPuedo_llevar_una_mochila_al_Coliseo_o_al_Vaticano\"><\/span>\u00bfPuedo llevar una mochila al Coliseo o al Vaticano?<span class=\"ez-toc-section-end\"><\/span><\/h3>\n<div class=\"rank-math-answer \">\n\n<p>Una mochila peque\u00f1a urbana o un bolso no suponen ning\u00fan problema, pero <strong>con una mochila grande de senderismo o una maleta no te dejar\u00e1n entrar<\/strong>. Todo el equipaje debe pasar por rayos X de manera similar al aeropuerto y est\u00e1 estrictamente prohibido introducir cualquier botella de vidrio, alcohol o navajas, que el personal de seguridad te confiscar\u00e1 sin contemplaciones durante el control.<\/p>\n\n<\/div>\n<\/div>\n<div id=\"faq-question-1780164225005\" class=\"rank-math-list-item\">\n<h3 class=\"rank-math-question \"><span class=\"ez-toc-section\" id=\"%C2%BFComo_funciona_el_transporte_publico_de_Roma_y_cuanto_cuesta_el_billete\"><\/span>\u00bfC\u00f3mo funciona el transporte p\u00fablico de Roma y cu\u00e1nto cuesta el billete?<span class=\"ez-toc-section-end\"><\/span><\/h3>\n<div class=\"rank-math-answer \">\n\n<p>El billete b\u00e1sico de transbordo cuesta actualmente 1,50 euros, aunque se habla de una subida de precio. Lo m\u00e1s sencillo es <strong>utilizar el moderno sistema Tap&amp;Go<\/strong>, con el que en el torniquete amarillo del metro o del autob\u00fas simplemente pasas tu tarjeta de pago habitual. El sistema controla todo autom\u00e1ticamente y te limita el gasto diario a 8,50 euros, as\u00ed que no tienes que preocuparte de nada.<\/p>\n\n<\/div>\n<\/div>\n<div id=\"faq-question-1780164225006\" class=\"rank-math-list-item\">\n<h3 class=\"rank-math-question \"><span class=\"ez-toc-section\" id=\"%C2%BFEs_seguro_viajar_en_el_autobus_numero_64_hacia_el_Vaticano\"><\/span>\u00bfEs seguro viajar en el autob\u00fas n\u00famero 64 hacia el Vaticano?<span class=\"ez-toc-section-end\"><\/span><\/h3>\n<div class=\"rank-math-answer \">\n\n<p>Esta l\u00ednea, que conecta la estaci\u00f3n de Termini con el Vaticano, es <strong>tristemente famosa por los grupos de carteristas que operan en ella<\/strong>. Suele estar extremadamente llena y los ladrones aprovechan magistralmente la confusi\u00f3n al subir. Si tienes que viajar en \u00e9l, lleva siempre la mochila delante del cuerpo y la cartera en un bolsillo profundo con cremallera, o mejor utiliza el metro l\u00ednea A m\u00e1s seguro hasta la estaci\u00f3n Ottaviano.<\/p>\n\n<\/div>\n<\/div>\n<div id=\"faq-question-1780164225007\" class=\"rank-math-list-item\">\n<h3 class=\"rank-math-question \"><span class=\"ez-toc-section\" id=\"%C2%BFDonde_encuentro_banos_publicos_en_el_centro\"><\/span>\u00bfD\u00f3nde encuentro ba\u00f1os p\u00fablicos en el centro?<span class=\"ez-toc-section-end\"><\/span><\/h3>\n<div class=\"rank-math-answer \">\n\n<p>Los ba\u00f1os p\u00fablicos cl\u00e1sicos en Roma son un m\u00ednimo absoluto y suelen ser de pago. La mejor estrategia es <strong>entrar en cualquier bar de la esquina<\/strong>, comprar en la caja un espresso en la barra por aproximadamente un euro y pedir educadamente al personal por el ba\u00f1o. Seg\u00fan la ley, los bares est\u00e1n obligados a permitir que los clientes que pagan utilicen sus aseos.<\/p>\n\n<\/div>\n<\/div>\n<\/div>\n<\/div>","protected":false},"excerpt":{"rendered":"<p>\u00a1Descubre los 40 mejores lugares que ver en Roma, Italia! Una gu\u00eda pr\u00e1ctica llena de consejos para evitar las multitudes, d\u00f3nde alojarte y qu\u00e9 no perderte en la Ciudad Eterna.<\/p>\n","protected":false},"author":3,"featured_media":57924,"comment_status":"open","ping_status":"closed","sticky":false,"template":"","format":"standard","meta":{"_acf_changed":false,"footnotes":"","rank_math_title":"Qu\u00e9 ver en Roma, Italia: 40 mejores lugares","rank_math_description":"Gu\u00eda completa de Roma, Italia con los 40 mejores lugares que visitar, precios 2026 y trucos para evitar colas. \u00a1Planifica tu viaje a la Ciudad Eterna ya!","rank_math_focus_keyword":"roma italia","rank_math_seo_score":""},"categories":[996,1014,1391,980],"tags":[],"class_list":["post-133668","post","type-post","status-publish","format-standard","has-post-thumbnail","category-europa","category-italia","category-roma","category-viajes"],"acf":[],"featured_image_src":"https:\/\/loudavymkrokem.cz\/wp-content\/uploads\/2022\/07\/rim-lucka.jpg","author_info":{"display_name":"Lucie Kone\u010dn\u00e1","author_link":"https:\/\/loudavymkrokem.cz\/es\/author\/lucie-konecna\/"},"_links":{"self":[{"href":"https:\/\/loudavymkrokem.cz\/es\/wp-json\/wp\/v2\/posts\/133668","targetHints":{"allow":["GET"]}}],"collection":[{"href":"https:\/\/loudavymkrokem.cz\/es\/wp-json\/wp\/v2\/posts"}],"about":[{"href":"https:\/\/loudavymkrokem.cz\/es\/wp-json\/wp\/v2\/types\/post"}],"author":[{"embeddable":true,"href":"https:\/\/loudavymkrokem.cz\/es\/wp-json\/wp\/v2\/users\/3"}],"replies":[{"embeddable":true,"href":"https:\/\/loudavymkrokem.cz\/es\/wp-json\/wp\/v2\/comments?post=133668"}],"version-history":[{"count":0,"href":"https:\/\/loudavymkrokem.cz\/es\/wp-json\/wp\/v2\/posts\/133668\/revisions"}],"wp:featuredmedia":[{"embeddable":true,"href":"https:\/\/loudavymkrokem.cz\/es\/wp-json\/wp\/v2\/media\/57924"}],"wp:attachment":[{"href":"https:\/\/loudavymkrokem.cz\/es\/wp-json\/wp\/v2\/media?parent=133668"}],"wp:term":[{"taxonomy":"category","embeddable":true,"href":"https:\/\/loudavymkrokem.cz\/es\/wp-json\/wp\/v2\/categories?post=133668"},{"taxonomy":"post_tag","embeddable":true,"href":"https:\/\/loudavymkrokem.cz\/es\/wp-json\/wp\/v2\/tags?post=133668"}],"curies":[{"name":"wp","href":"https:\/\/api.w.org\/{rel}","templated":true}]}}