{"id":133666,"date":"2022-06-12T15:22:43","date_gmt":"2022-06-12T13:22:43","guid":{"rendered":"https:\/\/loudavymkrokem.cz\/que-ver-barcelona-espana\/"},"modified":"2026-09-01T13:19:19","modified_gmt":"2026-09-01T11:19:19","slug":"que-ver-barcelona-espana","status":"publish","type":"post","link":"https:\/\/loudavymkrokem.cz\/es\/que-ver-barcelona-espana\/","title":{"rendered":"Qu\u00e9 ver en Barcelona 2026: 25+ planes imprescindibles"},"content":{"rendered":"\n<!-- lk-tldr -->\n<div class=\"lk-tldr\" style=\"background:#f7f5f0;border-left:4px solid #c39f76;border-radius:0 10px 10px 0;padding:14px 18px;margin:0 0 26px;font-size:15px;line-height:1.65;\"><strong style=\"display:block;font-size:12px;text-transform:uppercase;letter-spacing:.06em;color:#a9885a;margin-bottom:5px;\">TL;DR<\/strong><strong>Barcelona<\/strong>, la capital de Catalu\u00f1a, te enamora con la arquitectura de Gaud\u00ed, los bares de tapas del Barrio G\u00f3tico, las playas y las vistas desde los B\u00fankers del Carmel. Imprescindible es la <strong>Sagrada Fam\u00edlia<\/strong>, que se est\u00e1 terminando despu\u00e9s de 144 a\u00f1os, adem\u00e1s del Park G\u00fcell, la Casa Batll\u00f3 y la animada avenida de La Rambla. Tengas un d\u00eda, tres d\u00edas o una semana, podr\u00e1s organizar tu viaje a medida. El mejor momento para visitarla es en primavera y a comienzos de oto\u00f1o. En esta gu\u00eda encontrar\u00e1s m\u00e1s de <strong>25 planes<\/strong> entre monumentos y experiencias, itinerarios de 1 a 3 d\u00edas y consejos sobre transporte, comida y presupuesto.<\/div>\n<!-- \/lk-tldr -->\n\n\n\n<!-- lk-navbar -->\n<div class=\"lk-navbar\" style=\"margin:0 0 28px;\"><div style=\"font-size:12px;text-transform:uppercase;letter-spacing:.06em;color:#a9885a;font-weight:700;margin-bottom:9px;\">Enlaces r\u00e1pidos<\/div><div style=\"display:flex;flex-wrap:wrap;gap:9px;\"><a href=\"#Donde_alojarse_en_Barcelona\" style=\"background:#c39f76;color:#fff;border:1px solid #c39f76;padding:9px 15px;border-radius:22px;font-size:14px;font-weight:700;text-decoration:none;display:inline-block;line-height:1;\">\ud83d\udccd D\u00f3nde dormir<\/a><a href=\"#25_mejores_cosas_que_ver_y_hacer_en_Barcelona\" style=\"background:#c39f76;color:#fff;border:1px solid #c39f76;padding:9px 15px;border-radius:22px;font-size:14px;font-weight:700;text-decoration:none;display:inline-block;line-height:1;\">\u2b50 Qu\u00e9 ver<\/a><a href=\"#Donde_comer_tapas_en_Barcelona\" style=\"background:#fff;color:#6b5a44;border:1px solid #e2d6c1;padding:9px 15px;border-radius:22px;font-size:14px;font-weight:600;text-decoration:none;display:inline-block;line-height:1;\">\ud83c\udf7d\ufe0f Comida<\/a><a href=\"#Excursiones_desde_Barcelona\" style=\"background:#fff;color:#6b5a44;border:1px solid #e2d6c1;padding:9px 15px;border-radius:22px;font-size:14px;font-weight:600;text-decoration:none;display:inline-block;line-height:1;\">\ud83e\udded Alrededores<\/a><a href=\"#Transporte_desde_el_aeropuerto_y_por_la_ciudad\" style=\"background:#fff;color:#6b5a44;border:1px solid #e2d6c1;padding:9px 15px;border-radius:22px;font-size:14px;font-weight:600;text-decoration:none;display:inline-block;line-height:1;\">\u2708\ufe0f Transporte<\/a><a href=\"#Barcelona_Consejos_practicos\" style=\"background:#fff;color:#6b5a44;border:1px solid #e2d6c1;padding:9px 15px;border-radius:22px;font-size:14px;font-weight:600;text-decoration:none;display:inline-block;line-height:1;\">\ud83d\udca1 Consejos<\/a><\/div><\/div>\n<!-- \/lk-navbar -->\n\n\n\n\n<p class=\"wp-block-paragraph\">Barcelona es una de esas ciudades que te conquistan a primera vista. La arquitectura de Gaud\u00ed, los bares de tapas en las callejuelas estrechas del Barrio G\u00f3tico, las vistas desde los B\u00fankers del Carmel y las playas del Mediterr\u00e1neo: todo eso te espera en la capital de <strong><a href=\"https:\/\/es.wikipedia.org\/wiki\/Catalu\u00f1a\" target=\"_blank\" data-schema-attribute=\"mentions\" rel=\"noreferrer noopener\">Catalu\u00f1a<\/a><\/strong>. Y en 2026 Barcelona es a\u00fan m\u00e1s especial, porque despu\u00e9s de 144 a\u00f1os se est\u00e1 terminando la bas\u00edlica de la <strong>Sagrada Fam\u00edlia<\/strong>, un acontecimiento hist\u00f3rico por el que este a\u00f1o llega m\u00e1s gente que nunca.<\/p>\n\n\n\n<p class=\"wp-block-paragraph\">Luk\u00e1\u0161 y yo visitamos Barcelona a principios de marzo y <strong>nos enamoramos de ella<\/strong>, igual que seguramente te pasar\u00e1 a ti. Tengas 1 d\u00eda, 3 d\u00edas o una semana entera en Barcelona, esta gu\u00eda te ayudar\u00e1 a planificar tu viaje a medida. Aqu\u00ed encontrar\u00e1s <strong>m\u00e1s de 25 ideas de monumentos y experiencias<\/strong>, itinerarios detallados de 1 a 3 d\u00edas, consejos pr\u00e1cticos sobre transporte, comida y presupuesto, y nuestro mapa con todos los puntos de inter\u00e9s.<\/p>\n\n\n\n<figure data-wp-context=\"{&quot;imageId&quot;:&quot;6a99531a902c1&quot;}\" data-wp-interactive=\"core\/image\" data-wp-key=\"6a99531a902c1\" class=\"wp-block-image size-full wp-lightbox-container\"><img decoding=\"async\" width=\"1200\" height=\"630\" data-wp-class--hide=\"state.isContentHidden\" data-wp-class--show=\"state.isContentVisible\" data-wp-init=\"callbacks.setButtonStyles\" data-wp-on--click=\"actions.showLightbox\" data-wp-on--load=\"callbacks.setButtonStyles\" data-wp-on--pointerdown=\"actions.preloadImage\" data-wp-on--pointerenter=\"actions.preloadImageWithDelay\" data-wp-on--pointerleave=\"actions.cancelPreload\" data-wp-on-window--resize=\"callbacks.setButtonStyles\" src=\"https:\/\/loudavymkrokem.cz\/wp-content\/uploads\/2022\/06\/barcelona-co-videt.jpg\" alt=\"Terraza de mosaico en el Park G\u00fcell con vistas a Barcelona\" class=\"wp-image-92582\" title=\"\" srcset=\"https:\/\/loudavymkrokem.cz\/wp-content\/uploads\/2022\/06\/barcelona-co-videt.jpg 1200w, https:\/\/loudavymkrokem.cz\/wp-content\/uploads\/2022\/06\/barcelona-co-videt-300x158.jpg 300w, https:\/\/loudavymkrokem.cz\/wp-content\/uploads\/2022\/06\/barcelona-co-videt-700x368.jpg 700w, https:\/\/loudavymkrokem.cz\/wp-content\/uploads\/2022\/06\/barcelona-co-videt-768x403.jpg 768w, https:\/\/loudavymkrokem.cz\/wp-content\/uploads\/2022\/06\/barcelona-co-videt-696x365.jpg 696w\" sizes=\"(max-width: 1200px) 100vw, 1200px\" \/><button\n\t\t\tclass=\"lightbox-trigger\"\n\t\t\ttype=\"button\"\n\t\t\taria-haspopup=\"dialog\"\n\t\t\tdata-wp-bind--aria-label=\"state.thisImage.triggerButtonAriaLabel\"\n\t\t\tdata-wp-init=\"callbacks.initTriggerButton\"\n\t\t\tdata-wp-on--click=\"actions.showLightbox\"\n\t\t\tdata-wp-style--right=\"state.thisImage.buttonRight\"\n\t\t\tdata-wp-style--top=\"state.thisImage.buttonTop\"\n\t\t>\n\t\t\t<svg xmlns=\"http:\/\/www.w3.org\/2000\/svg\" width=\"12\" height=\"12\" fill=\"none\" viewBox=\"0 0 12 12\">\n\t\t\t\t<path fill=\"#fff\" d=\"M2 0a2 2 0 0 0-2 2v2h1.5V2a.5.5 0 0 1 .5-.5h2V0H2Zm2 10.5H2a.5.5 0 0 1-.5-.5V8H0v2a2 2 0 0 0 2 2h2v-1.5ZM8 12v-1.5h2a.5.5 0 0 0 .5-.5V8H12v2a2 2 0 0 1-2 2H8Zm2-12a2 2 0 0 1 2 2v2h-1.5V2a.5.5 0 0 0-.5-.5H8V0h2Z\" \/>\n\t\t\t<\/svg>\n\t\t<\/button><figcaption class=\"wp-element-caption\">Qu\u00e9 ver en Barcelona<\/figcaption><\/figure>\n\n\n\n<div id=\"ez-toc-container\" class=\"ez-toc-v2_0_87 ez-toc-wrap-left counter-hierarchy ez-toc-counter ez-toc-grey ez-toc-container-direction\">\n<div class=\"ez-toc-title-container\">\n<p class=\"ez-toc-title\" style=\"cursor:inherit\">Contenido del art\u00edculo<\/p>\n<span class=\"ez-toc-title-toggle\"><a href=\"#\" class=\"ez-toc-pull-right ez-toc-btn ez-toc-btn-xs ez-toc-btn-default ez-toc-toggle\" aria-label=\"Alternar tabla de contenidos\"><span class=\"ez-toc-js-icon-con\"><span class=\"\"><span class=\"eztoc-hide\" style=\"display:none;\">Toggle<\/span><span class=\"ez-toc-icon-toggle-span\"><svg style=\"fill: #999;color:#999\" xmlns=\"http:\/\/www.w3.org\/2000\/svg\" class=\"list-377408\" width=\"20px\" height=\"20px\" viewBox=\"0 0 24 24\" fill=\"none\"><path d=\"M6 6H4v2h2V6zm14 0H8v2h12V6zM4 11h2v2H4v-2zm16 0H8v2h12v-2zM4 16h2v2H4v-2zm16 0H8v2h12v-2z\" fill=\"currentColor\"><\/path><\/svg><svg style=\"fill: #999;color:#999\" class=\"arrow-unsorted-368013\" xmlns=\"http:\/\/www.w3.org\/2000\/svg\" width=\"10px\" height=\"10px\" viewBox=\"0 0 24 24\" version=\"1.2\" baseProfile=\"tiny\"><path d=\"M18.2 9.3l-6.2-6.3-6.2 6.3c-.2.2-.3.4-.3.7s.1.5.3.7c.2.2.4.3.7.3h11c.3 0 .5-.1.7-.3.2-.2.3-.5.3-.7s-.1-.5-.3-.7zM5.8 14.7l6.2 6.3 6.2-6.3c.2-.2.3-.5.3-.7s-.1-.5-.3-.7c-.2-.2-.4-.3-.7-.3h-11c-.3 0-.5.1-.7.3-.2.2-.3.5-.3.7s.1.5.3.7z\"\/><\/svg><\/span><\/span><\/span><\/a><\/span><\/div>\n<nav><ul class='ez-toc-list ez-toc-list-level-1 ' ><li class='ez-toc-page-1 ez-toc-heading-level-2'><a class=\"ez-toc-link ez-toc-heading-1\" href=\"https:\/\/loudavymkrokem.cz\/es\/que-ver-barcelona-espana\/#%C2%BFCual_es_la_mejor_epoca_para_visitar_Barcelona\" >\u00bfCu\u00e1l es la mejor \u00e9poca para visitar Barcelona?<\/a><\/li><li class='ez-toc-page-1 ez-toc-heading-level-2'><a class=\"ez-toc-link ez-toc-heading-2\" href=\"https:\/\/loudavymkrokem.cz\/es\/que-ver-barcelona-espana\/#Donde_alojarse_en_Barcelona\" >D\u00f3nde alojarse en Barcelona<\/a><\/li><li class='ez-toc-page-1 ez-toc-heading-level-2'><a class=\"ez-toc-link ez-toc-heading-3\" href=\"https:\/\/loudavymkrokem.cz\/es\/que-ver-barcelona-espana\/#Las_25_mejores_cosas_que_ver_y_hacer_en_Barcelona\" >Las 25+ mejores cosas que ver y hacer en Barcelona<\/a><ul class='ez-toc-list-level-3' ><li class='ez-toc-heading-level-3'><a class=\"ez-toc-link ez-toc-heading-4\" href=\"https:\/\/loudavymkrokem.cz\/es\/que-ver-barcelona-espana\/#1_Sagrada_Familia_el_simbolo_de_Barcelona\" >1. Sagrada Fam\u00edlia, el s\u00edmbolo de Barcelona<\/a><\/li><li class='ez-toc-page-1 ez-toc-heading-level-3'><a class=\"ez-toc-link ez-toc-heading-5\" href=\"https:\/\/loudavymkrokem.cz\/es\/que-ver-barcelona-espana\/#2_Park_Guell\" >2. Park G\u00fcell<\/a><\/li><li class='ez-toc-page-1 ez-toc-heading-level-3'><a class=\"ez-toc-link ez-toc-heading-6\" href=\"https:\/\/loudavymkrokem.cz\/es\/que-ver-barcelona-espana\/#3_Casa_Batllo\" >3. Casa Batll\u00f3<\/a><\/li><li class='ez-toc-page-1 ez-toc-heading-level-3'><a class=\"ez-toc-link ez-toc-heading-7\" href=\"https:\/\/loudavymkrokem.cz\/es\/que-ver-barcelona-espana\/#4_Casa_Mila_La_Pedrera\" >4. Casa Mil\u00e0 (La Pedrera)<\/a><\/li><li class='ez-toc-page-1 ez-toc-heading-level-3'><a class=\"ez-toc-link ez-toc-heading-8\" href=\"https:\/\/loudavymkrokem.cz\/es\/que-ver-barcelona-espana\/#5_Barrio_Gotico_Barri_Gotic\" >5. Barrio G\u00f3tico (Barri G\u00f2tic)<\/a><\/li><li class='ez-toc-page-1 ez-toc-heading-level-3'><a class=\"ez-toc-link ez-toc-heading-9\" href=\"https:\/\/loudavymkrokem.cz\/es\/que-ver-barcelona-espana\/#6_Catedral_de_Barcelona\" >6. Catedral de Barcelona<\/a><\/li><li class='ez-toc-page-1 ez-toc-heading-level-3'><a class=\"ez-toc-link ez-toc-heading-10\" href=\"https:\/\/loudavymkrokem.cz\/es\/que-ver-barcelona-espana\/#7_La_Rambla\" >7. La Rambla<\/a><\/li><li class='ez-toc-page-1 ez-toc-heading-level-3'><a class=\"ez-toc-link ez-toc-heading-11\" href=\"https:\/\/loudavymkrokem.cz\/es\/que-ver-barcelona-espana\/#8_La_Boqueria\" >8. La Boqueria<\/a><\/li><li class='ez-toc-page-1 ez-toc-heading-level-3'><a class=\"ez-toc-link ez-toc-heading-12\" href=\"https:\/\/loudavymkrokem.cz\/es\/que-ver-barcelona-espana\/#9_El_Born_y_la_basilica_de_Santa_Maria_del_Mar\" >9. El Born y la bas\u00edlica de Santa Maria del Mar<\/a><\/li><li class='ez-toc-page-1 ez-toc-heading-level-3'><a class=\"ez-toc-link ez-toc-heading-13\" href=\"https:\/\/loudavymkrokem.cz\/es\/que-ver-barcelona-espana\/#10_Bunkers_del_Carmel_el_mejor_mirador_gratis\" >10. B\u00fankers del Carmel, el mejor mirador gratis<\/a><\/li><li class='ez-toc-page-1 ez-toc-heading-level-3'><a class=\"ez-toc-link ez-toc-heading-14\" href=\"https:\/\/loudavymkrokem.cz\/es\/que-ver-barcelona-espana\/#11_Montjuic_teleferico_castillo_y_fuente_magica\" >11. Montju\u00efc: telef\u00e9rico, castillo y fuente m\u00e1gica<\/a><\/li><li class='ez-toc-page-1 ez-toc-heading-level-3'><a class=\"ez-toc-link ez-toc-heading-15\" href=\"https:\/\/loudavymkrokem.cz\/es\/que-ver-barcelona-espana\/#12_Museo_Picasso\" >12. Museo Picasso<\/a><\/li><li class='ez-toc-page-1 ez-toc-heading-level-3'><a class=\"ez-toc-link ez-toc-heading-16\" href=\"https:\/\/loudavymkrokem.cz\/es\/que-ver-barcelona-espana\/#13_Museo_de_arte_moderno_Fundacio_Joan_Miro\" >13. Museo de arte moderno Fundaci\u00f3 Joan Mir\u00f3<\/a><\/li><li class='ez-toc-page-1 ez-toc-heading-level-3'><a class=\"ez-toc-link ez-toc-heading-17\" href=\"https:\/\/loudavymkrokem.cz\/es\/que-ver-barcelona-espana\/#14_Hospital_de_Sant_Pau\" >14. Hospital de Sant Pau<\/a><\/li><li class='ez-toc-page-1 ez-toc-heading-level-3'><a class=\"ez-toc-link ez-toc-heading-18\" href=\"https:\/\/loudavymkrokem.cz\/es\/que-ver-barcelona-espana\/#15_Palau_de_la_Musica_Catalana\" >15. Palau de la M\u00fasica Catalana<\/a><\/li><li class='ez-toc-page-1 ez-toc-heading-level-3'><a class=\"ez-toc-link ez-toc-heading-19\" href=\"https:\/\/loudavymkrokem.cz\/es\/que-ver-barcelona-espana\/#16_Poble_Espanyol\" >16. Poble Espanyol<\/a><\/li><li class='ez-toc-page-1 ez-toc-heading-level-3'><a class=\"ez-toc-link ez-toc-heading-20\" href=\"https:\/\/loudavymkrokem.cz\/es\/que-ver-barcelona-espana\/#17_Playas_de_Barcelona\" >17. Playas de Barcelona<\/a><\/li><li class='ez-toc-page-1 ez-toc-heading-level-3'><a class=\"ez-toc-link ez-toc-heading-21\" href=\"https:\/\/loudavymkrokem.cz\/es\/que-ver-barcelona-espana\/#18_Camp_Nou_el_estadio_de_futbol_mas_grande_de_Europa\" >18. Camp Nou, el estadio de f\u00fatbol m\u00e1s grande de Europa<\/a><\/li><li class='ez-toc-page-1 ez-toc-heading-level-3'><a class=\"ez-toc-link ez-toc-heading-22\" href=\"https:\/\/loudavymkrokem.cz\/es\/que-ver-barcelona-espana\/#19_Arco_del_Triunfo_el_Arc_de_Triomf\" >19. Arco del Triunfo, el Arc de Triomf<\/a><\/li><li class='ez-toc-page-1 ez-toc-heading-level-3'><a class=\"ez-toc-link ez-toc-heading-23\" href=\"https:\/\/loudavymkrokem.cz\/es\/que-ver-barcelona-espana\/#20_Parc_de_la_Ciutadella\" >20. Parc de la Ciutadella<\/a><\/li><li class='ez-toc-page-1 ez-toc-heading-level-3'><a class=\"ez-toc-link ez-toc-heading-24\" href=\"https:\/\/loudavymkrokem.cz\/es\/que-ver-barcelona-espana\/#21_Tibidabo_las_mejores_vistas_de_Barcelona\" >21. Tibidabo, las mejores vistas de Barcelona<\/a><\/li><li class='ez-toc-page-1 ez-toc-heading-level-3'><a class=\"ez-toc-link ez-toc-heading-25\" href=\"https:\/\/loudavymkrokem.cz\/es\/que-ver-barcelona-espana\/#22_Espectaculo_de_flamenco\" >22. Espect\u00e1culo de flamenco<\/a><\/li><li class='ez-toc-page-1 ez-toc-heading-level-3'><a class=\"ez-toc-link ez-toc-heading-26\" href=\"https:\/\/loudavymkrokem.cz\/es\/que-ver-barcelona-espana\/#23_El_bar_secreto_Paradiso\" >23. El bar secreto Paradiso<\/a><\/li><li class='ez-toc-page-1 ez-toc-heading-level-3'><a class=\"ez-toc-link ez-toc-heading-27\" href=\"https:\/\/loudavymkrokem.cz\/es\/que-ver-barcelona-espana\/#24_Mercat_de_Santa_Caterina\" >24. Mercat de Santa Caterina<\/a><\/li><li class='ez-toc-page-1 ez-toc-heading-level-3'><a class=\"ez-toc-link ez-toc-heading-28\" href=\"https:\/\/loudavymkrokem.cz\/es\/que-ver-barcelona-espana\/#25_Barcelona_de_noche_bares_en_azoteas_y_vistas\" >25. Barcelona de noche: bares en azoteas y vistas<\/a><\/li><\/ul><\/li><li class='ez-toc-page-1 ez-toc-heading-level-2'><a class=\"ez-toc-link ez-toc-heading-29\" href=\"https:\/\/loudavymkrokem.cz\/es\/que-ver-barcelona-espana\/#Donde_comer_tapas_y_que_probar_en_Barcelona\" >D\u00f3nde comer tapas y qu\u00e9 probar en Barcelona<\/a><\/li><li class='ez-toc-page-1 ez-toc-heading-level-2'><a class=\"ez-toc-link ez-toc-heading-30\" href=\"https:\/\/loudavymkrokem.cz\/es\/que-ver-barcelona-espana\/#Itinerario_que_ver_en_Barcelona_en_1_2_o_3_dias\" >Itinerario: qu\u00e9 ver en Barcelona en 1, 2 o 3 d\u00edas<\/a><ul class='ez-toc-list-level-3' ><li class='ez-toc-heading-level-3'><a class=\"ez-toc-link ez-toc-heading-31\" href=\"https:\/\/loudavymkrokem.cz\/es\/que-ver-barcelona-espana\/#Que_ver_en_Barcelona_en_1_dia\" >Qu\u00e9 ver en Barcelona en 1 d\u00eda<\/a><\/li><li class='ez-toc-page-1 ez-toc-heading-level-3'><a class=\"ez-toc-link ez-toc-heading-32\" href=\"https:\/\/loudavymkrokem.cz\/es\/que-ver-barcelona-espana\/#Que_ver_en_Barcelona_en_2_dias\" >Qu\u00e9 ver en Barcelona en 2 d\u00edas<\/a><\/li><li class='ez-toc-page-1 ez-toc-heading-level-3'><a class=\"ez-toc-link ez-toc-heading-33\" href=\"https:\/\/loudavymkrokem.cz\/es\/que-ver-barcelona-espana\/#Que_ver_en_Barcelona_en_3_dias\" >Qu\u00e9 ver en Barcelona en 3 d\u00edas<\/a><\/li><\/ul><\/li><li class='ez-toc-page-1 ez-toc-heading-level-2'><a class=\"ez-toc-link ez-toc-heading-34\" href=\"https:\/\/loudavymkrokem.cz\/es\/que-ver-barcelona-espana\/#Excursiones_desde_Barcelona\" >Excursiones desde Barcelona<\/a><ul class='ez-toc-list-level-3' ><li class='ez-toc-heading-level-3'><a class=\"ez-toc-link ez-toc-heading-35\" href=\"https:\/\/loudavymkrokem.cz\/es\/que-ver-barcelona-espana\/#Costa_Brava\" >Costa Brava<\/a><\/li><li class='ez-toc-page-1 ez-toc-heading-level-3'><a class=\"ez-toc-link ez-toc-heading-36\" href=\"https:\/\/loudavymkrokem.cz\/es\/que-ver-barcelona-espana\/#Girona\" >Girona<\/a><\/li><li class='ez-toc-page-1 ez-toc-heading-level-3'><a class=\"ez-toc-link ez-toc-heading-37\" href=\"https:\/\/loudavymkrokem.cz\/es\/que-ver-barcelona-espana\/#Montserrat\" >Montserrat<\/a><\/li><\/ul><\/li><li class='ez-toc-page-1 ez-toc-heading-level-2'><a class=\"ez-toc-link ez-toc-heading-38\" href=\"https:\/\/loudavymkrokem.cz\/es\/que-ver-barcelona-espana\/#Transporte_desde_el_aeropuerto_y_por_la_ciudad\" >Transporte desde el aeropuerto y por la ciudad<\/a><\/li><li class='ez-toc-page-1 ez-toc-heading-level-2'><a class=\"ez-toc-link ez-toc-heading-39\" href=\"https:\/\/loudavymkrokem.cz\/es\/que-ver-barcelona-espana\/#Barcelona_Card_%C2%BFmerece_la_pena\" >Barcelona Card, \u00bfmerece la pena?<\/a><\/li><li class='ez-toc-page-1 ez-toc-heading-level-2'><a class=\"ez-toc-link ez-toc-heading-40\" href=\"https:\/\/loudavymkrokem.cz\/es\/que-ver-barcelona-espana\/#Que_ha_cambiado_en_Barcelona_en_2026\" >Qu\u00e9 ha cambiado en Barcelona en 2026<\/a><\/li><li class='ez-toc-page-1 ez-toc-heading-level-2'><a class=\"ez-toc-link ez-toc-heading-41\" href=\"https:\/\/loudavymkrokem.cz\/es\/que-ver-barcelona-espana\/#Barcelona_consejos_y_recomendaciones_practicas\" >Barcelona: consejos y recomendaciones pr\u00e1cticas<\/a><ul class='ez-toc-list-level-3' ><li class='ez-toc-heading-level-3'><a class=\"ez-toc-link ez-toc-heading-42\" href=\"https:\/\/loudavymkrokem.cz\/es\/que-ver-barcelona-espana\/#Seguridad_en_Barcelona\" >Seguridad en Barcelona<\/a><\/li><\/ul><\/li><li class='ez-toc-page-1 ez-toc-heading-level-2'><a class=\"ez-toc-link ez-toc-heading-43\" href=\"https:\/\/loudavymkrokem.cz\/es\/que-ver-barcelona-espana\/#Mapa_de_lugares_de_interes_para_tu_movil\" >Mapa de lugares de inter\u00e9s para tu m\u00f3vil<\/a><\/li><li class='ez-toc-page-1 ez-toc-heading-level-2'><a class=\"ez-toc-link ez-toc-heading-44\" href=\"https:\/\/loudavymkrokem.cz\/es\/que-ver-barcelona-espana\/#FAQ_preguntas_frecuentes_sobre_Barcelona\" >FAQ: preguntas frecuentes sobre Barcelona<\/a><ul class='ez-toc-list-level-3' ><li class='ez-toc-heading-level-3'><a class=\"ez-toc-link ez-toc-heading-45\" href=\"https:\/\/loudavymkrokem.cz\/es\/que-ver-barcelona-espana\/#%C2%BFQue_ver_en_Barcelona_en_un_dia\" >\u00bfQu\u00e9 ver en Barcelona en un d\u00eda?<\/a><\/li><li class='ez-toc-page-1 ez-toc-heading-level-3'><a class=\"ez-toc-link ez-toc-heading-46\" href=\"https:\/\/loudavymkrokem.cz\/es\/que-ver-barcelona-espana\/#%C2%BFQue_ver_en_Barcelona_en_2_dias\" >\u00bfQu\u00e9 ver en Barcelona en 2 d\u00edas?<\/a><\/li><li class='ez-toc-page-1 ez-toc-heading-level-3'><a class=\"ez-toc-link ez-toc-heading-47\" href=\"https:\/\/loudavymkrokem.cz\/es\/que-ver-barcelona-espana\/#%C2%BFQue_ver_en_Barcelona_en_3_dias\" >\u00bfQu\u00e9 ver en Barcelona en 3 d\u00edas?<\/a><\/li><li class='ez-toc-page-1 ez-toc-heading-level-3'><a class=\"ez-toc-link ez-toc-heading-48\" href=\"https:\/\/loudavymkrokem.cz\/es\/que-ver-barcelona-espana\/#%C2%BFCuantos_dias_son_suficientes_para_Barcelona\" >\u00bfCu\u00e1ntos d\u00edas son suficientes para Barcelona?<\/a><\/li><li class='ez-toc-page-1 ez-toc-heading-level-3'><a class=\"ez-toc-link ez-toc-heading-49\" href=\"https:\/\/loudavymkrokem.cz\/es\/que-ver-barcelona-espana\/#%C2%BFEstara_terminada_la_Sagrada_Familia_en_2026\" >\u00bfEstar\u00e1 terminada la Sagrada Familia en 2026?<\/a><\/li><li class='ez-toc-page-1 ez-toc-heading-level-3'><a class=\"ez-toc-link ez-toc-heading-50\" href=\"https:\/\/loudavymkrokem.cz\/es\/que-ver-barcelona-espana\/#%C2%BFCuando_visitar_Barcelona\" >\u00bfCu\u00e1ndo visitar Barcelona?<\/a><\/li><li class='ez-toc-page-1 ez-toc-heading-level-3'><a class=\"ez-toc-link ez-toc-heading-51\" href=\"https:\/\/loudavymkrokem.cz\/es\/que-ver-barcelona-espana\/#%C2%BFMerece_la_pena_la_Barcelona_Card\" >\u00bfMerece la pena la Barcelona Card?<\/a><\/li><li class='ez-toc-page-1 ez-toc-heading-level-3'><a class=\"ez-toc-link ez-toc-heading-52\" href=\"https:\/\/loudavymkrokem.cz\/es\/que-ver-barcelona-espana\/#%C2%BFEs_cara_Barcelona\" >\u00bfEs cara Barcelona?<\/a><\/li><li class='ez-toc-page-1 ez-toc-heading-level-3'><a class=\"ez-toc-link ez-toc-heading-53\" href=\"https:\/\/loudavymkrokem.cz\/es\/que-ver-barcelona-espana\/#%C2%BFComo_moverse_por_Barcelona\" >\u00bfC\u00f3mo moverse por Barcelona?<\/a><\/li><li class='ez-toc-page-1 ez-toc-heading-level-3'><a class=\"ez-toc-link ez-toc-heading-54\" href=\"https:\/\/loudavymkrokem.cz\/es\/que-ver-barcelona-espana\/#%C2%BFQue_comer_en_Barcelona\" >\u00bfQu\u00e9 comer en Barcelona?<\/a><\/li><li class='ez-toc-page-1 ez-toc-heading-level-3'><a class=\"ez-toc-link ez-toc-heading-55\" href=\"https:\/\/loudavymkrokem.cz\/es\/que-ver-barcelona-espana\/#%C2%BFEs_segura_Barcelona\" >\u00bfEs segura Barcelona?<\/a><\/li><li class='ez-toc-page-1 ez-toc-heading-level-3'><a class=\"ez-toc-link ez-toc-heading-56\" href=\"https:\/\/loudavymkrokem.cz\/es\/que-ver-barcelona-espana\/#%C2%BFCon_que_se_paga_en_Barcelona\" >\u00bfCon qu\u00e9 se paga en Barcelona?<\/a><\/li><\/ul><\/li><li class='ez-toc-page-1 ez-toc-heading-level-2'><a class=\"ez-toc-link ez-toc-heading-57\" href=\"https:\/\/loudavymkrokem.cz\/es\/que-ver-barcelona-espana\/#Sigue_leyendo_todas_nuestras_guias_de_Barcelona\" >Sigue leyendo: todas nuestras gu\u00edas de Barcelona<\/a><\/li><li class='ez-toc-page-1 ez-toc-heading-level-2'><a class=\"ez-toc-link ez-toc-heading-58\" href=\"https:\/\/loudavymkrokem.cz\/es\/que-ver-barcelona-espana\/#%C2%BFA_donde_ir_de_vacaciones_en_Espana\" >\u00bfA d\u00f3nde ir de vacaciones en Espa\u00f1a?<\/a><\/li><\/ul><\/nav><\/div>\n<h2 class=\"wp-block-heading\"><span class=\"ez-toc-section\" id=\"%C2%BFCual_es_la_mejor_epoca_para_visitar_Barcelona\"><\/span><span class=\"ez-toc-section\" id=\"cuando-visitar-barcelona\">\u00bfCu\u00e1l es la mejor \u00e9poca para visitar Barcelona?<\/span><span class=\"ez-toc-section-end\"><\/span><\/h2>\n\n\n\n<p class=\"wp-block-paragraph\">Barcelona es la sexta ciudad m\u00e1s popular de Europa y la fecha de tu visita puede marcar toda la experiencia. <strong>En temporada alta la ciudad se llena de turistas<\/strong>, as\u00ed que merece la pena pensar bien cu\u00e1ndo vas a este tesoro catal\u00e1n.<\/p>\n\n\n\n<p class=\"wp-block-paragraph\">Nosotros estuvimos a principios de <strong>marzo<\/strong>, cuando las temperaturas rondaban los 18 grados, y disfrutamos de Barcelona con muy pocos turistas. Aun as\u00ed, en algunas atracciones madrug\u00e1bamos, porque m\u00e1s tarde ya se formaban colas.<\/p>\n\n\n\n<ul class=\"wp-block-list\">\n\n<li><strong>Temporada alta (junio-agosto):<\/strong> festivales, d\u00edas largos y soleados, ba\u00f1os en el mar. Pero el alojamiento se agota con antelaci\u00f3n, los precios se duplican y hay colas en las atracciones desde primera hora.<\/li>\n\n\n<li><strong>Temporada media (marzo-mayo, septiembre-octubre):<\/strong> ideal para hacer turismo. Clima suave y soleado, menos gente. Ojo con la Semana Santa: la ciudad vuelve a llenarse.<\/li>\n\n\n<li><strong>Temporada baja (noviembre-febrero):<\/strong> la mejor para viajar con poco presupuesto. Precios en m\u00ednimos del a\u00f1o, calles vac\u00edas, aunque el tiempo puede ser desapacible (7-13 \u00b0C).<\/li>\n\n<\/ul>\n\n\n\n<a class=\"weatherwidget-io\" href=\"https:\/\/forecast7.com\/cs\/41d392d17\/barcelona\/\" data-label_1=\"BARCELONA\" data-label_2=\"El tiempo\" data-theme=\"original\" target=\"_blank\" rel=\"noopener\">BARCELONA El tiempo<\/a>\n<script>\n!function(d,s,id){var js,fjs=d.getElementsByTagName(s)[0];if(!d.getElementById(id)){js=d.createElement(s);js.id=id;js.src='https:\/\/weatherwidget.io\/js\/widget.min.js';fjs.parentNode.insertBefore(js,fjs);}}(document,'script','weatherwidget-io-js');\n<\/script>\n\n\n\n<p class=\"wp-block-paragraph\">\n\n\n\n<h2 class=\"wp-block-heading\"><span class=\"ez-toc-section\" id=\"Donde_alojarse_en_Barcelona\"><\/span><span class=\"ez-toc-section\" id=\"Donde_alojarse_en_Barcelona\">D\u00f3nde alojarse en Barcelona<\/span><span class=\"ez-toc-section-end\"><\/span><\/h2>\n\n\n\n<p class=\"wp-block-paragraph\"><strong>Alojamiento econ\u00f3mico:<\/strong> prueba el estiloso Hostal Portugal, a un paso de La Rambla y a 13 minutos andando de la playa. Si est\u00e1 lleno, una alternativa es el bohemio <strong>Sant Jordi Hostels Gr\u00e0cia<\/strong>.<\/p>\n\n\n\n<p class=\"wp-block-paragraph\"><strong>Mejor relaci\u00f3n calidad-precio:<\/strong> el <strong>Hotel Granv\u00eda<\/strong> ocupa un precioso edificio del siglo XIX reformado con gusto y de manera moderna.<\/p>\n\n\n\n<p class=\"wp-block-paragraph\"><strong>Mejores vistas:<\/strong> nosotros elegimos el <strong>Hotel Gaud\u00ed<\/strong>, que tiene una vista preciosa desde la azotea sobre el Palau G\u00fcell. Las habitaciones en s\u00ed son peque\u00f1as, pero suficientes para dormir, y esa terraza en la azotea lo compensa con creces.<\/p>\n\n\n<div class=\"wp-block-image\">\n<figure data-wp-context=\"{&quot;imageId&quot;:&quot;6a99531a91524&quot;}\" data-wp-interactive=\"core\/image\" data-wp-key=\"6a99531a91524\" class=\"aligncenter size-full wp-lightbox-container\"><img decoding=\"async\" data-wp-class--hide=\"state.isContentHidden\" data-wp-class--show=\"state.isContentVisible\" data-wp-init=\"callbacks.setButtonStyles\" data-wp-on--click=\"actions.showLightbox\" data-wp-on--load=\"callbacks.setButtonStyles\" data-wp-on--pointerdown=\"actions.preloadImage\" data-wp-on--pointerenter=\"actions.preloadImageWithDelay\" data-wp-on--pointerleave=\"actions.cancelPreload\" data-wp-on-window--resize=\"callbacks.setButtonStyles\" src=\"https:\/\/www.loudavymkrokem.cz\/wp-content\/uploads\/2023\/05\/barcelona-hotel-gaudi.jpg\" alt=\"Qu\u00e9 hacer en Barcelona\" class=\"wp-image-57876\" title=\"\"><button\n\t\t\tclass=\"lightbox-trigger\"\n\t\t\ttype=\"button\"\n\t\t\taria-haspopup=\"dialog\"\n\t\t\tdata-wp-bind--aria-label=\"state.thisImage.triggerButtonAriaLabel\"\n\t\t\tdata-wp-init=\"callbacks.initTriggerButton\"\n\t\t\tdata-wp-on--click=\"actions.showLightbox\"\n\t\t\tdata-wp-style--right=\"state.thisImage.buttonRight\"\n\t\t\tdata-wp-style--top=\"state.thisImage.buttonTop\"\n\t\t>\n\t\t\t<svg xmlns=\"http:\/\/www.w3.org\/2000\/svg\" width=\"12\" height=\"12\" fill=\"none\" viewBox=\"0 0 12 12\">\n\t\t\t\t<path fill=\"#fff\" d=\"M2 0a2 2 0 0 0-2 2v2h1.5V2a.5.5 0 0 1 .5-.5h2V0H2Zm2 10.5H2a.5.5 0 0 1-.5-.5V8H0v2a2 2 0 0 0 2 2h2v-1.5ZM8 12v-1.5h2a.5.5 0 0 0 .5-.5V8H12v2a2 2 0 0 1-2 2H8Zm2-12a2 2 0 0 1 2 2v2h-1.5V2a.5.5 0 0 0-.5-.5H8V0h2Z\" \/>\n\t\t\t<\/svg>\n\t\t<\/button><figcaption class=\"wp-element-caption\">Vista desde la azotea del Hotel Gaud\u00ed en Barcelona<\/figcaption><\/figure>\n<\/div>\n\n\n<h2 class=\"wp-block-heading\"><span class=\"ez-toc-section\" id=\"Las_25_mejores_cosas_que_ver_y_hacer_en_Barcelona\"><\/span><span class=\"ez-toc-section\" id=\"25_mejores_cosas_que_ver_y_hacer_en_Barcelona\">Las 25+ mejores cosas que ver y hacer en Barcelona<\/span><span class=\"ez-toc-section-end\"><\/span><\/h2>\n\n\n\n<p class=\"wp-block-paragraph\">Barcelona es la capital de <strong><a href=\"https:\/\/es.wikipedia.org\/wiki\/Catalu\u00f1a\" target=\"_blank\" data-schema-attribute=\"mentions\" rel=\"noreferrer noopener\">Catalu\u00f1a<\/a><\/strong>, cuya imagen actual la marcaron sobre todo los grandes artistas del siglo XX: en especial <strong><a href=\"https:\/\/es.wikipedia.org\/wiki\/Pablo_Picasso\" target=\"_blank\" data-schema-attribute=\"mentions\" rel=\"noreferrer noopener\">Picasso<\/a><\/strong> y <strong><a href=\"https:\/\/es.wikipedia.org\/wiki\/Antoni_Gaud\u00ed\" target=\"_blank\" data-schema-attribute=\"mentions\" rel=\"noreferrer noopener\">Antoni Gaud\u00ed<\/a><\/strong>, autor de los edificios m\u00e1s famosos que han dado fama a la ciudad. Vamos a ver todos los lugares que no te puedes perder en Barcelona.<\/p>\n\n\n\n<!-- LKM_GYG_CARD start q=\"Barcelona\" lang=\"es\" rendered=\"2026-08-26T16:37:51+00:00\" v=\"1\" -->\n<style id=\"lk-gyg-styles\">\n@import url(\"https:\/\/fonts.googleapis.com\/css2?family=Playfair+Display:wght@700&family=DM+Sans:wght@300;400;500;600&display=swap\");\n\/* === LK GYG karty \u2014 CRO redesign 2026-05 (namespace .lkx-) ===\n   C\u00edl: vy\u0161\u0161\u00ed CTR (hero + v\u00fdrazn\u00fd social proof + ak\u010dn\u00ed CTA, m\u00e9n\u011b \"reklamn\u00ed\").\n   Injektuje se inline do prvn\u00edho markeru postu (refresh_cards.py --inline-css). *\/\n.lkx-module, .lkx-module *{box-sizing:border-box;margin:0;padding:0}\n.lkx-module{\n  font-family:'DM Sans',-apple-system,Segoe UI,Roboto,Georgia,sans-serif;\n  max-width:860px;margin:2.5rem auto;color:#1f2328;\n}\n\n\/* HEADER \u2014 lehk\u00fd editorsk\u00fd, \u017e\u00e1dn\u00fd bannerov\u00fd blok; nadpis + popisek pod n\u00edm *\/\n.lkx-head{margin-bottom:16px}\n.lkx-head-main{display:flex;align-items:center;gap:10px}\n.lkx-head-accent{width:26px;height:3px;border-radius:2px;background:#c39f76;flex-shrink:0}\n.lkx-head-title{font-family:'Playfair Display',Georgia,serif;font-size:21px;font-weight:700;color:#1a1a1a;line-height:1.25}\n.lkx-head-meta{display:block;font-size:11px;letter-spacing:.3px;color:#9aa0a6;margin-top:4px;margin-left:36px}\n\n\/* HERO *\/\n.lkx-hero{display:grid;grid-template-columns:300px 1fr;background:#fff;border:1px solid #ece7df;border-radius:14px;overflow:hidden;text-decoration:none!important;color:inherit;box-shadow:0 6px 20px rgba(0,0,0,.06);transition:box-shadow .2s,transform .2s;margin-bottom:14px}\n.lkx-hero:hover{box-shadow:0 12px 30px rgba(0,0,0,.12);transform:translateY(-2px)}\n.lkx-hero-img{position:relative;min-height:230px;background-size:cover;background-position:center;background-color:#eee}\n.lkx-hero-body{padding:22px 24px;display:flex;flex-direction:column}\n.lkx-pick{position:absolute;top:12px;left:12px;background:#1a1a1a;color:#fff;font-size:11px;font-weight:700;letter-spacing:.5px;padding:5px 11px;border-radius:20px}\n\n\/* TITLE *\/\n.lkx-title{font-size:19px;font-weight:700;color:#161616;line-height:1.3}\n.lkx-title-sm{font-size:14.5px;line-height:1.35;display:-webkit-box;-webkit-line-clamp:2;-webkit-box-orient:vertical;overflow:hidden}\n\n\/* SOCIAL PROOF \u2014 v\u00fdrazn\u011b, naho\u0159e *\/\n.lkx-proof{display:flex;align-items:center;gap:7px;margin-top:12px;font-size:15px;color:#3a3a3a}\n.lkx-proof b{font-size:16px;color:#161616}\n.lkx-stars{color:#f5a623;letter-spacing:1px}\n.lkx-proof-sm{font-size:12.5px;margin-top:8px;gap:5px}\n.lkx-proof-sm b{font-size:13px}\n.lkx-proof-new{color:#3685fc;font-weight:600}\n\n\/* PRICE \u2014 n\u00edzk\u00e1 kotva *\/\n.lkx-price{font-size:14px;color:#6b7280}\n.lkx-price b{font-size:20px;color:#161616;font-weight:700}\n.lkx-price-sm b{font-size:15px}\n\n\/* CTA \u2014 tepl\u00e9 ak\u010dn\u00ed tla\u010d\u00edtko *\/\n.lkx-cta{display:inline-flex;align-items:center;justify-content:center;text-decoration:none!important;font-weight:700;color:#fff!important;background:linear-gradient(135deg,#f6743f,#e8552a);border-radius:10px;box-shadow:0 6px 16px rgba(232,85,42,.32);transition:box-shadow .2s}\n.lkx-cta-hero{font-size:15px;padding:13px 22px}\n.lkx-hero:hover .lkx-cta-hero{box-shadow:0 8px 22px rgba(232,85,42,.45)}\n.lkx-cta-sm{font-size:12.5px;padding:9px 14px;width:100%;margin-top:2px}\n.lkx-hero-bottom{margin-top:auto;padding-top:18px;display:flex;align-items:center;justify-content:space-between;gap:14px;flex-wrap:wrap}\n\n\/* BADGE \u2014 jeden v\u00fdrazn\u00fd na fotce *\/\n.lkx-badge{position:absolute;top:12px;right:12px;font-size:10.5px;font-weight:700;letter-spacing:.3px;padding:5px 10px;border-radius:16px;color:#fff}\n.lkx-badge.badge-urgency{background:rgba(214,40,40,.92)}\n.lkx-badge.badge-new{background:rgba(54,133,252,.92)}\n.lkx-badge.badge-top{background:rgba(195,159,118,.95)}\n.lkx-badge.badge-info{background:rgba(40,40,40,.78)}\n\n\/* SECONDARY GRID *\/\n.lkx-grid{display:grid;grid-template-columns:1fr 1fr;gap:14px}\n.lkx-card{background:#fff;border:1px solid #ece7df;border-radius:14px;overflow:hidden;text-decoration:none!important;color:inherit;box-shadow:0 4px 14px rgba(0,0,0,.05);display:flex;flex-direction:column;transition:box-shadow .2s,transform .2s}\n.lkx-card:hover{box-shadow:0 10px 24px rgba(0,0,0,.1);transform:translateY(-2px)}\n.lkx-card-img{position:relative;aspect-ratio:16\/10;background-size:cover;background-position:center;background-color:#eee}\n.lkx-card-body{padding:14px 16px 16px;display:flex;flex-direction:column;gap:7px;flex:1}\n.lkx-card-bottom{margin-top:auto;padding-top:10px;display:flex;align-items:center;justify-content:space-between;gap:8px}\n\n\/* DISCLOSURE \u2014 drobn\u00e1, kv\u016fli d\u016fv\u011b\u0159e\/z\u00e1konu *\/\n.lkx-disclosure{font-size:11px;color:#a7adb3;text-align:center;margin-top:14px;line-height:1.6}\n.lkx-disclosure a{color:#c39f76;text-decoration:none}\n\n@media(max-width:680px){\n  .lkx-hero{grid-template-columns:1fr}\n  .lkx-hero-img{min-height:180px}\n  .lkx-grid{grid-template-columns:1fr}\n  .lkx-head-meta{margin-left:0;width:100%}\n  .lkx-head-title{font-size:19px}\n}\n\n<\/style>\n<div class=\"lkx-module\" data-query=\"Barcelona\">\n  <div class=\"lkx-head\">\n    <div class=\"lkx-head-main\">\n      <span class=\"lkx-head-accent\"><\/span>\n      <span class=\"lkx-head-title\">Experiencias y entradas<\/span>\n    <\/div>\n    <span class=\"lkx-head-meta\">valorado por viajeros \u00b7 GetYourGuide<\/span>\n  <\/div><a class=\"lkx-hero\" href=\"https:\/\/www.getyourguide.com\/es-es\/barcelona-l45\/mataro-alquiler-de-motos-acuaticas-sin-licencia-en-el-puerto-de-mataro-t1299826\/?partner_id=MKZ64IS&amp;utm_medium=online_publisher&amp;cmp=que-ver-barcelona-espana\" target=\"_blank\" rel=\"sponsored noopener nofollow\">\n    <div class=\"lkx-hero-img\" style=\"background-image:url('https:\/\/cdn.getyourguide.com\/img\/tour\/a8a665a964a28543e933c1d73de5c37e39d220302db31312638dec650c498506.jpg\/132.jpg')\" role=\"img\" aria-label=\"Barcelona Jetski: Alquiler de motos acu\u00e1ticas sin licencia\">\n      <span class=\"lkx-pick\">\u2605 Nuestra elecci\u00f3n<\/span><\/div>\n    <div class=\"lkx-hero-body\">\n      <div class=\"lkx-title\">Barcelona Jetski: Alquiler de motos acu\u00e1ticas sin licencia<\/div>\n      <div class=\"lkx-proof\">\n      <span class=\"lkx-stars\">\u2605\u2605\u2605\u2605\u2605<\/span>\n      <b>4.2<\/b> \u00b7 236 opiniones\n    <\/div>\n      <div class=\"lkx-hero-bottom\"><div class=\"lkx-price\">desde <b>63\u00a0EUR<\/b><\/div><span class=\"lkx-cta lkx-cta-hero\">Quiero vivir esto \u2192<\/span>\n      <\/div>\n    <\/div>\n  <\/a><div class=\"lkx-grid\"><a class=\"lkx-card\" href=\"https:\/\/www.getyourguide.com\/es-es\/barcelona-l45\/ticket-de-entrada-sin-colas-a-la-sagrada-familia-t50027\/?partner_id=MKZ64IS&amp;utm_medium=online_publisher&amp;cmp=que-ver-barcelona-espana\" target=\"_blank\" rel=\"sponsored noopener nofollow\">\n      <div class=\"lkx-card-img\" style=\"background-image:url('https:\/\/cdn.getyourguide.com\/img\/tour\/62bacf6a87bba.jpeg\/132.jpg')\" role=\"img\" aria-label=\"Barcelona: ticket de entrada a la Sagrada Familia con audiogu\u00eda\"><\/div>\n      <div class=\"lkx-card-body\">\n        <div class=\"lkx-title lkx-title-sm\">Barcelona: ticket de entrada a la Sagrada Familia con audiogu\u00eda<\/div>\n        <div class=\"lkx-proof lkx-proof-sm\">\n      <span class=\"lkx-stars\">\u2605<\/span>\n      <b>4.6<\/b> \u00b7 117 658\n    <\/div>\n        <div class=\"lkx-card-bottom\"><span class=\"lkx-price lkx-price-sm\">desde <b>34\u00a0EUR<\/b><\/span><span class=\"lkx-cta lkx-cta-sm\">Ver fechas \u2192<\/span>\n        <\/div>\n      <\/div>\n    <\/a><a class=\"lkx-card\" href=\"https:\/\/www.getyourguide.com\/es-es\/barcelona-l45\/sagrada-familia-saltate-la-cola-t29293\/?partner_id=MKZ64IS&amp;utm_medium=online_publisher&amp;cmp=que-ver-barcelona-espana\" target=\"_blank\" rel=\"sponsored noopener nofollow\">\n      <div class=\"lkx-card-img\" style=\"background-image:url('https:\/\/cdn.getyourguide.com\/img\/tour\/62053657625bc.jpeg\/132.jpg')\" role=\"img\" aria-label=\"Barcelona: tour guiado sin colas de la Sagrada Familia\"><\/div>\n      <div class=\"lkx-card-body\">\n        <div class=\"lkx-title lkx-title-sm\">Barcelona: tour guiado sin colas de la Sagrada Familia<\/div>\n        <div class=\"lkx-proof lkx-proof-sm\">\n      <span class=\"lkx-stars\">\u2605<\/span>\n      <b>4.4<\/b> \u00b7 6 655\n    <\/div>\n        <div class=\"lkx-card-bottom\"><span class=\"lkx-price lkx-price-sm\">desde <b>55\u00a0EUR<\/b><\/span><span class=\"lkx-cta lkx-cta-sm\">Ver fechas \u2192<\/span>\n        <\/div>\n      <\/div>\n    <\/a><\/div><div class=\"lkx-disclosure\">\ud83d\udd17 Enlaces de afiliados \u2014 no cambian tu precio y nos ayudan a crear contenido. \u00b7 <a href=\"https:\/\/www.getyourguide.com\/es-es\/s\/?q=Barcelona&amp;partner_id=MKZ64IS&amp;utm_medium=online_publisher\" target=\"_blank\" rel=\"sponsored noopener nofollow\">Todas las experiencias \u2192<\/a><\/div>\n<\/div>\n<!-- LKM_GYG_CARD end -->\n\n\n\n<h3 class=\"wp-block-heading\"><span class=\"ez-toc-section\" id=\"1_Sagrada_Familia_el_simbolo_de_Barcelona\"><\/span>1. Sagrada Fam\u00edlia, el s\u00edmbolo de Barcelona<span class=\"ez-toc-section-end\"><\/span><\/h3>\n\n\n\n<figure data-wp-context=\"{&quot;imageId&quot;:&quot;6a99531a91d79&quot;}\" data-wp-interactive=\"core\/image\" data-wp-key=\"6a99531a91d79\" class=\"wp-block-image size-full wp-lightbox-container\"><img decoding=\"async\" width=\"2000\" height=\"1333\" data-wp-class--hide=\"state.isContentHidden\" data-wp-class--show=\"state.isContentVisible\" data-wp-init=\"callbacks.setButtonStyles\" data-wp-on--click=\"actions.showLightbox\" data-wp-on--load=\"callbacks.setButtonStyles\" data-wp-on--pointerdown=\"actions.preloadImage\" data-wp-on--pointerenter=\"actions.preloadImageWithDelay\" data-wp-on--pointerleave=\"actions.cancelPreload\" data-wp-on-window--resize=\"callbacks.setButtonStyles\" src=\"https:\/\/loudavymkrokem.cz\/wp-content\/uploads\/2026\/08\/sagrada-familia-fasada-narozeni.jpg\" alt=\"Fachada del Nacimiento de la bas\u00edlica de la Sagrada Fam\u00edlia de cerca\" class=\"wp-image-376314\" title=\"\" srcset=\"https:\/\/loudavymkrokem.cz\/wp-content\/uploads\/2026\/08\/sagrada-familia-fasada-narozeni.jpg 2000w, https:\/\/loudavymkrokem.cz\/wp-content\/uploads\/2026\/08\/sagrada-familia-fasada-narozeni-300x200.jpg 300w, https:\/\/loudavymkrokem.cz\/wp-content\/uploads\/2026\/08\/sagrada-familia-fasada-narozeni-700x467.jpg 700w, https:\/\/loudavymkrokem.cz\/wp-content\/uploads\/2026\/08\/sagrada-familia-fasada-narozeni-768x512.jpg 768w, https:\/\/loudavymkrokem.cz\/wp-content\/uploads\/2026\/08\/sagrada-familia-fasada-narozeni-1536x1024.jpg 1536w, https:\/\/loudavymkrokem.cz\/wp-content\/uploads\/2026\/08\/sagrada-familia-fasada-narozeni-696x464.jpg 696w, https:\/\/loudavymkrokem.cz\/wp-content\/uploads\/2026\/08\/sagrada-familia-fasada-narozeni-1392x928.jpg 1392w, https:\/\/loudavymkrokem.cz\/wp-content\/uploads\/2026\/08\/sagrada-familia-fasada-narozeni-1920x1280.jpg 1920w\" sizes=\"(max-width: 2000px) 100vw, 2000px\" \/><button\n\t\t\tclass=\"lightbox-trigger\"\n\t\t\ttype=\"button\"\n\t\t\taria-haspopup=\"dialog\"\n\t\t\tdata-wp-bind--aria-label=\"state.thisImage.triggerButtonAriaLabel\"\n\t\t\tdata-wp-init=\"callbacks.initTriggerButton\"\n\t\t\tdata-wp-on--click=\"actions.showLightbox\"\n\t\t\tdata-wp-style--right=\"state.thisImage.buttonRight\"\n\t\t\tdata-wp-style--top=\"state.thisImage.buttonTop\"\n\t\t>\n\t\t\t<svg xmlns=\"http:\/\/www.w3.org\/2000\/svg\" width=\"12\" height=\"12\" fill=\"none\" viewBox=\"0 0 12 12\">\n\t\t\t\t<path fill=\"#fff\" d=\"M2 0a2 2 0 0 0-2 2v2h1.5V2a.5.5 0 0 1 .5-.5h2V0H2Zm2 10.5H2a.5.5 0 0 1-.5-.5V8H0v2a2 2 0 0 0 2 2h2v-1.5ZM8 12v-1.5h2a.5.5 0 0 0 .5-.5V8H12v2a2 2 0 0 1-2 2H8Zm2-12a2 2 0 0 1 2 2v2h-1.5V2a.5.5 0 0 0-.5-.5H8V0h2Z\" \/>\n\t\t\t<\/svg>\n\t\t<\/button><\/figure>\n\n\n\n<p class=\"wp-block-paragraph\">Probablemente el templo m\u00e1s impresionante del mundo, que no se parece a ninguna otra construcci\u00f3n religiosa. No hace falta ser creyente para que te deje sin palabras la grandiosidad de la <a href=\"https:\/\/sagradafamilia.org\/en\/\" target=\"_blank\" rel=\"noreferrer noopener nofollow\">Sagrada Fam\u00edlia<\/a>, a la que dio forma Antoni Gaud\u00ed. <strong>Lo m\u00e1s asombroso es el juego de luces interior<\/strong> que crean las vidrieras de colores, algo que literalmente pone la piel de gallina.<\/p>\n\n\n\n<p class=\"wp-block-paragraph\">La Sagrada Fam\u00edlia tiene tres fachadas principales que representan el Nacimiento, la Pasi\u00f3n y la Gloria de Jesucristo. Las doce torres simbolizan a los ap\u00f3stoles y la torre m\u00e1s alta personifica a Jesucristo, rodeado por los cuatro evangelistas.<\/p>\n\n\n\n<p class=\"wp-block-paragraph\"><strong>La \u00faltima pieza de la torre de Jesucristo se coloc\u00f3 el 20 de febrero de 2026<\/strong> y la bas\u00edlica alcanz\u00f3 as\u00ed su altura completa de 172,5 metros (algunas fuentes hablan de 176 m contando el desnivel del terreno). Es la iglesia m\u00e1s alta del mundo y el 10 de junio de 2026, justo cien a\u00f1os despu\u00e9s de la muerte de Gaud\u00ed, el papa Le\u00f3n XIV bendijo la torre. Pero a\u00fan no est\u00e1 terminada: la fachada de la Gloria deber\u00eda acabarse hacia los a\u00f1os 2034 o 2035.<\/p>\n\n\n\n<p class=\"wp-block-paragraph\">Las entradas se venden <strong>exclusivamente online<\/strong>, en taquilla no vas a poder comprarlas. Precios 2026: <strong>26 EUR<\/strong> la b\u00e1sica, <strong>30 EUR<\/strong> con gu\u00eda, <strong>36 EUR<\/strong> con ascensor a la torre y <strong>40 EUR<\/strong> con gu\u00eda y torre. Reserva <strong>al menos dos semanas antes<\/strong>, y tres si quieres las torres. Ojo con los s\u00e1bados, cuando cierra todo el a\u00f1o ya a las 18:00. A la torre de Jesucristo todav\u00eda no se puede subir; est\u00e1n abiertas las torres de las fachadas del Nacimiento y de la Pasi\u00f3n. Tienes todos los detalles en nuestro art\u00edculo sobre la <a href=\"https:\/\/loudavymkrokem.cz\/es\/sagrada-familia-entradas-consejos\/\">Sagrada Fam\u00edlia<\/a>.<\/p>\n\n\n<div class=\"wp-block-image\">\n<figure data-wp-context=\"{&quot;imageId&quot;:&quot;6a99531a925df&quot;}\" data-wp-interactive=\"core\/image\" data-wp-key=\"6a99531a925df\" class=\"aligncenter size-full wp-lightbox-container\"><img decoding=\"async\" data-wp-class--hide=\"state.isContentHidden\" data-wp-class--show=\"state.isContentVisible\" data-wp-init=\"callbacks.setButtonStyles\" data-wp-on--click=\"actions.showLightbox\" data-wp-on--load=\"callbacks.setButtonStyles\" data-wp-on--pointerdown=\"actions.preloadImage\" data-wp-on--pointerenter=\"actions.preloadImageWithDelay\" data-wp-on--pointerleave=\"actions.cancelPreload\" data-wp-on-window--resize=\"callbacks.setButtonStyles\" src=\"https:\/\/www.loudavymkrokem.cz\/wp-content\/uploads\/2023\/05\/barcelona-sagrada-familia.jpg\" alt=\"Sagrada Fam\u00edlia\" class=\"wp-image-57869\" title=\"\"><button\n\t\t\tclass=\"lightbox-trigger\"\n\t\t\ttype=\"button\"\n\t\t\taria-haspopup=\"dialog\"\n\t\t\tdata-wp-bind--aria-label=\"state.thisImage.triggerButtonAriaLabel\"\n\t\t\tdata-wp-init=\"callbacks.initTriggerButton\"\n\t\t\tdata-wp-on--click=\"actions.showLightbox\"\n\t\t\tdata-wp-style--right=\"state.thisImage.buttonRight\"\n\t\t\tdata-wp-style--top=\"state.thisImage.buttonTop\"\n\t\t>\n\t\t\t<svg xmlns=\"http:\/\/www.w3.org\/2000\/svg\" width=\"12\" height=\"12\" fill=\"none\" viewBox=\"0 0 12 12\">\n\t\t\t\t<path fill=\"#fff\" d=\"M2 0a2 2 0 0 0-2 2v2h1.5V2a.5.5 0 0 1 .5-.5h2V0H2Zm2 10.5H2a.5.5 0 0 1-.5-.5V8H0v2a2 2 0 0 0 2 2h2v-1.5ZM8 12v-1.5h2a.5.5 0 0 0 .5-.5V8H12v2a2 2 0 0 1-2 2H8Zm2-12a2 2 0 0 1 2 2v2h-1.5V2a.5.5 0 0 0-.5-.5H8V0h2Z\" \/>\n\t\t\t<\/svg>\n\t\t<\/button><figcaption class=\"wp-element-caption\">Templo de la Sagrada Fam\u00edlia en Barcelona<\/figcaption><\/figure>\n<\/div>\n\n\n<h3 class=\"wp-block-heading\"><span class=\"ez-toc-section\" id=\"2_Park_Guell\"><\/span>2. Park G\u00fcell<span class=\"ez-toc-section-end\"><\/span><\/h3>\n\n\n\n<p class=\"wp-block-paragraph\"><strong>Uno de los lugares m\u00e1s populares, al que merece la pena ir a primera hora de la ma\u00f1ana<\/strong> para evitar las aglomeraciones. No te preocupes, no tienes que madrugar en exceso: el parque abre a las 9:30. El <a href=\"https:\/\/parkguell.barcelona\/en\" target=\"_blank\" rel=\"noreferrer noopener nofollow\">Park G\u00fcell<\/a> se encuentra en la colina del Tur\u00f3 del Carmel y es una de las obras m\u00e1s conocidas del arquitecto Antoni Gaud\u00ed.<\/p>\n\n\n\n<p class=\"wp-block-paragraph\"><strong>Desde este parque<\/strong>, cubierto de mosaicos de colores y esculturas, <strong>hay unas vistas panor\u00e1micas preciosas de toda Barcelona<\/strong>, que seguramente conoces de las fotos. El Park G\u00fcell est\u00e1 en la lista de la UNESCO desde 1984. Las entradas se compran <strong>solo online<\/strong> para una franja horaria concreta; en taquilla no funciona. Entrada: <strong>18 EUR<\/strong>, ni\u00f1os de 7 a 12 a\u00f1os y mayores de 65 a\u00f1os, 13,50 EUR.<\/p>\n\n\n\n<p class=\"wp-block-paragraph\"><strong>Ojo con el mito extendido de que casi todo el parque es gratis.<\/strong> La Zona Monumental de pago tiene 12 hect\u00e1reas y la parte natural de acceso libre solo 8, as\u00ed que la zona de pago es la m\u00e1s grande. Si lo que quieres son las vistas y no te apetece pagar, sube al Tur\u00f3 de les Tres Creus, el punto m\u00e1s alto del parque fuera de la zona de pago. Todo con detalle en el art\u00edculo sobre el <a href=\"https:\/\/loudavymkrokem.cz\/es\/?p=376276\">Park G\u00fcell<\/a>.<\/p>\n\n\n<div class=\"wp-block-image\">\n<figure data-wp-context=\"{&quot;imageId&quot;:&quot;6a99531a92ebb&quot;}\" data-wp-interactive=\"core\/image\" data-wp-key=\"6a99531a92ebb\" class=\"aligncenter size-full wp-lightbox-container\"><img decoding=\"async\" data-wp-class--hide=\"state.isContentHidden\" data-wp-class--show=\"state.isContentVisible\" data-wp-init=\"callbacks.setButtonStyles\" data-wp-on--click=\"actions.showLightbox\" data-wp-on--load=\"callbacks.setButtonStyles\" data-wp-on--pointerdown=\"actions.preloadImage\" data-wp-on--pointerenter=\"actions.preloadImageWithDelay\" data-wp-on--pointerleave=\"actions.cancelPreload\" data-wp-on-window--resize=\"callbacks.setButtonStyles\" src=\"https:\/\/www.loudavymkrokem.cz\/wp-content\/uploads\/2023\/05\/barcelona-park-guell.jpg\" alt=\"Park G\u00fcell\" class=\"wp-image-57868\" title=\"\"><button\n\t\t\tclass=\"lightbox-trigger\"\n\t\t\ttype=\"button\"\n\t\t\taria-haspopup=\"dialog\"\n\t\t\tdata-wp-bind--aria-label=\"state.thisImage.triggerButtonAriaLabel\"\n\t\t\tdata-wp-init=\"callbacks.initTriggerButton\"\n\t\t\tdata-wp-on--click=\"actions.showLightbox\"\n\t\t\tdata-wp-style--right=\"state.thisImage.buttonRight\"\n\t\t\tdata-wp-style--top=\"state.thisImage.buttonTop\"\n\t\t>\n\t\t\t<svg xmlns=\"http:\/\/www.w3.org\/2000\/svg\" width=\"12\" height=\"12\" fill=\"none\" viewBox=\"0 0 12 12\">\n\t\t\t\t<path fill=\"#fff\" d=\"M2 0a2 2 0 0 0-2 2v2h1.5V2a.5.5 0 0 1 .5-.5h2V0H2Zm2 10.5H2a.5.5 0 0 1-.5-.5V8H0v2a2 2 0 0 0 2 2h2v-1.5ZM8 12v-1.5h2a.5.5 0 0 0 .5-.5V8H12v2a2 2 0 0 1-2 2H8Zm2-12a2 2 0 0 1 2 2v2h-1.5V2a.5.5 0 0 0-.5-.5H8V0h2Z\" \/>\n\t\t\t<\/svg>\n\t\t<\/button><figcaption class=\"wp-element-caption\">Mirador del Park G\u00fcell en Barcelona<\/figcaption><\/figure>\n<\/div>\n\n\n<h3 class=\"wp-block-heading\"><span class=\"ez-toc-section\" id=\"3_Casa_Batllo\"><\/span>3. Casa Batll\u00f3<span class=\"ez-toc-section-end\"><\/span><\/h3>\n\n\n\n<p class=\"wp-block-paragraph\">Este edificio de viviendas, otra obra de Gaud\u00ed, surgi\u00f3 de una reforma a caballo entre los siglos XIX y XX. Las l\u00edneas irregulares, los mosaicos de colores y las formas ins\u00f3litas unen todas las construcciones de Gaud\u00ed, pero esta casa est\u00e1 considerada uno de los edificios m\u00e1s singulares de Europa.<\/p>\n\n\n\n<p class=\"wp-block-paragraph\">La <a href=\"https:\/\/www.casabatllo.es\/en\/\" target=\"_blank\" rel=\"noreferrer noopener nofollow\">Casa Batll\u00f3<\/a> presume de una <strong>fachada brillante y \u00fanica, formada por mosaicos de colores con ventanas que sobresalen con extra\u00f1as formas curvas.<\/strong> Al recorrer los espacios interiores te fascinar\u00e1 el juego de luz y sombra, una de las especialidades de Gaud\u00ed. Tambi\u00e9n encontrar\u00e1s techos falsos originales y escaleras con im\u00e1genes de pulpos y estrellas de mar. Entrada: 25 EUR.<\/p>\n\n\n<div class=\"wp-block-image\">\n<figure data-wp-context=\"{&quot;imageId&quot;:&quot;6a99531a93a9e&quot;}\" data-wp-interactive=\"core\/image\" data-wp-key=\"6a99531a93a9e\" class=\"aligncenter size-full wp-lightbox-container\"><img decoding=\"async\" data-wp-class--hide=\"state.isContentHidden\" data-wp-class--show=\"state.isContentVisible\" data-wp-init=\"callbacks.setButtonStyles\" data-wp-on--click=\"actions.showLightbox\" data-wp-on--load=\"callbacks.setButtonStyles\" data-wp-on--pointerdown=\"actions.preloadImage\" data-wp-on--pointerenter=\"actions.preloadImageWithDelay\" data-wp-on--pointerleave=\"actions.cancelPreload\" data-wp-on-window--resize=\"callbacks.setButtonStyles\" src=\"https:\/\/www.loudavymkrokem.cz\/wp-content\/uploads\/2023\/05\/barcelona-casa-battlo.jpg\" alt=\"Casa Batll\u00f3 \u2013 qu\u00e9 ver en Barcelona\" class=\"wp-image-57871\" title=\"\"><button\n\t\t\tclass=\"lightbox-trigger\"\n\t\t\ttype=\"button\"\n\t\t\taria-haspopup=\"dialog\"\n\t\t\tdata-wp-bind--aria-label=\"state.thisImage.triggerButtonAriaLabel\"\n\t\t\tdata-wp-init=\"callbacks.initTriggerButton\"\n\t\t\tdata-wp-on--click=\"actions.showLightbox\"\n\t\t\tdata-wp-style--right=\"state.thisImage.buttonRight\"\n\t\t\tdata-wp-style--top=\"state.thisImage.buttonTop\"\n\t\t>\n\t\t\t<svg xmlns=\"http:\/\/www.w3.org\/2000\/svg\" width=\"12\" height=\"12\" fill=\"none\" viewBox=\"0 0 12 12\">\n\t\t\t\t<path fill=\"#fff\" d=\"M2 0a2 2 0 0 0-2 2v2h1.5V2a.5.5 0 0 1 .5-.5h2V0H2Zm2 10.5H2a.5.5 0 0 1-.5-.5V8H0v2a2 2 0 0 0 2 2h2v-1.5ZM8 12v-1.5h2a.5.5 0 0 0 .5-.5V8H12v2a2 2 0 0 1-2 2H8Zm2-12a2 2 0 0 1 2 2v2h-1.5V2a.5.5 0 0 0-.5-.5H8V0h2Z\" \/>\n\t\t\t<\/svg>\n\t\t<\/button><figcaption class=\"wp-element-caption\">Casa Batll\u00f3 de Gaud\u00ed en Barcelona<\/figcaption><\/figure>\n<\/div>\n\n\n<h3 class=\"wp-block-heading\"><span class=\"ez-toc-section\" id=\"4_Casa_Mila_La_Pedrera\"><\/span>4. Casa Mil\u00e0 (La Pedrera)<span class=\"ez-toc-section-end\"><\/span><\/h3>\n\n\n\n<p class=\"wp-block-paragraph\">Otra joya de Gaud\u00ed en el Passeig de Gr\u00e0cia, a solo unos minutos a pie de la Casa Batll\u00f3. <a href=\"https:\/\/www.lapedrera.com\/en\/\" target=\"_blank\" rel=\"noreferrer noopener nofollow\">La Pedrera<\/a> (literalmente \u00abla cantera\u00bb) recibi\u00f3 su apodo por su ins\u00f3lita fachada ondulada, que parece esculpida en roca. La azotea con sus chimeneas en forma de guerreros es una de las estampas m\u00e1s ic\u00f3nicas de Barcelona.<\/p>\n\n\n\n<p class=\"wp-block-paragraph\"><strong>Si solo tienes tiempo para una casa de Gaud\u00ed, elige seg\u00fan tu estado de \u00e1nimo:<\/strong> la Casa Batll\u00f3 es m\u00e1s colorida y juguetona, mientras que La Pedrera es m\u00e1s monumental y tiene esa azotea incre\u00edble. La visita nocturna a la azotea de La Pedrera, con proyecci\u00f3n y m\u00fasica en directo, es una experiencia inolvidable. Entrada: desde 25 EUR (diurna) \/ desde 35 EUR (visita nocturna).<\/p>\n\n\n\n<h3 class=\"wp-block-heading\"><span class=\"ez-toc-section\" id=\"5_Barrio_Gotico_Barri_Gotic\"><\/span>5. Barrio G\u00f3tico (Barri G\u00f2tic)<span class=\"ez-toc-section-end\"><\/span><\/h3>\n\n\n\n<figure data-wp-context=\"{&quot;imageId&quot;:&quot;6a99531a941ae&quot;}\" data-wp-interactive=\"core\/image\" data-wp-key=\"6a99531a941ae\" class=\"wp-block-image size-full wp-lightbox-container\"><img decoding=\"async\" width=\"2000\" height=\"1333\" data-wp-class--hide=\"state.isContentHidden\" data-wp-class--show=\"state.isContentVisible\" data-wp-init=\"callbacks.setButtonStyles\" data-wp-on--click=\"actions.showLightbox\" data-wp-on--load=\"callbacks.setButtonStyles\" data-wp-on--pointerdown=\"actions.preloadImage\" data-wp-on--pointerenter=\"actions.preloadImageWithDelay\" data-wp-on--pointerleave=\"actions.cancelPreload\" data-wp-on-window--resize=\"callbacks.setButtonStyles\" src=\"https:\/\/loudavymkrokem.cz\/wp-content\/uploads\/2026\/08\/goticka-ctvrt-namesti-po-desti.jpg\" alt=\"Plaza del Barrio G\u00f3tico de Barcelona despu\u00e9s de la lluvia\" class=\"wp-image-376346\" title=\"\" srcset=\"https:\/\/loudavymkrokem.cz\/wp-content\/uploads\/2026\/08\/goticka-ctvrt-namesti-po-desti.jpg 2000w, https:\/\/loudavymkrokem.cz\/wp-content\/uploads\/2026\/08\/goticka-ctvrt-namesti-po-desti-300x200.jpg 300w, https:\/\/loudavymkrokem.cz\/wp-content\/uploads\/2026\/08\/goticka-ctvrt-namesti-po-desti-700x467.jpg 700w, https:\/\/loudavymkrokem.cz\/wp-content\/uploads\/2026\/08\/goticka-ctvrt-namesti-po-desti-768x512.jpg 768w, https:\/\/loudavymkrokem.cz\/wp-content\/uploads\/2026\/08\/goticka-ctvrt-namesti-po-desti-1536x1024.jpg 1536w, https:\/\/loudavymkrokem.cz\/wp-content\/uploads\/2026\/08\/goticka-ctvrt-namesti-po-desti-696x464.jpg 696w, https:\/\/loudavymkrokem.cz\/wp-content\/uploads\/2026\/08\/goticka-ctvrt-namesti-po-desti-1392x928.jpg 1392w, https:\/\/loudavymkrokem.cz\/wp-content\/uploads\/2026\/08\/goticka-ctvrt-namesti-po-desti-1920x1280.jpg 1920w\" sizes=\"(max-width: 2000px) 100vw, 2000px\" \/><button\n\t\t\tclass=\"lightbox-trigger\"\n\t\t\ttype=\"button\"\n\t\t\taria-haspopup=\"dialog\"\n\t\t\tdata-wp-bind--aria-label=\"state.thisImage.triggerButtonAriaLabel\"\n\t\t\tdata-wp-init=\"callbacks.initTriggerButton\"\n\t\t\tdata-wp-on--click=\"actions.showLightbox\"\n\t\t\tdata-wp-style--right=\"state.thisImage.buttonRight\"\n\t\t\tdata-wp-style--top=\"state.thisImage.buttonTop\"\n\t\t>\n\t\t\t<svg xmlns=\"http:\/\/www.w3.org\/2000\/svg\" width=\"12\" height=\"12\" fill=\"none\" viewBox=\"0 0 12 12\">\n\t\t\t\t<path fill=\"#fff\" d=\"M2 0a2 2 0 0 0-2 2v2h1.5V2a.5.5 0 0 1 .5-.5h2V0H2Zm2 10.5H2a.5.5 0 0 1-.5-.5V8H0v2a2 2 0 0 0 2 2h2v-1.5ZM8 12v-1.5h2a.5.5 0 0 0 .5-.5V8H12v2a2 2 0 0 1-2 2H8Zm2-12a2 2 0 0 1 2 2v2h-1.5V2a.5.5 0 0 0-.5-.5H8V0h2Z\" \/>\n\t\t\t<\/svg>\n\t\t<\/button><\/figure>\n\n\n\n<p class=\"wp-block-paragraph\">El coraz\u00f3n del casco antiguo, con estrechas callejuelas medievales donde en cada esquina descubres algo nuevo: una peque\u00f1a galer\u00eda, una cafeter\u00eda con vino local o una plaza llena de m\u00fasicos callejeros. Reserva al menos 2 horas para pasear sin plan, porque as\u00ed es como mejor vivir\u00e1s el Barrio G\u00f3tico.<\/p>\n\n\n\n<p class=\"wp-block-paragraph\"><strong>No te pierdas el Pont del Bisbe (Puente del Obispo)<\/strong>, uno de los rincones m\u00e1s fotog\u00e9nicos de Barcelona. En la <strong>Pla\u00e7a Reial<\/strong>, con sus palmeras y las farolas dise\u00f1adas por Gaud\u00ed, t\u00f3mate una copa en una terraza y observa la vida de la ciudad. Y cerca de la catedral puedes encontrar los restos de las antiguas murallas romanas, ya que Barcelona se llamaba originalmente B\u00e0rcino. La entrada al barrio es gratuita.<\/p>\n\n\n\n<h3 class=\"wp-block-heading\"><span class=\"ez-toc-section\" id=\"6_Catedral_de_Barcelona\"><\/span>6. Catedral de Barcelona<span class=\"ez-toc-section-end\"><\/span><\/h3>\n\n\n\n<figure data-wp-context=\"{&quot;imageId&quot;:&quot;6a99531a94b56&quot;}\" data-wp-interactive=\"core\/image\" data-wp-key=\"6a99531a94b56\" class=\"wp-block-image size-full wp-lightbox-container\"><img decoding=\"async\" width=\"853\" height=\"1280\" data-wp-class--hide=\"state.isContentHidden\" data-wp-class--show=\"state.isContentVisible\" data-wp-init=\"callbacks.setButtonStyles\" data-wp-on--click=\"actions.showLightbox\" data-wp-on--load=\"callbacks.setButtonStyles\" data-wp-on--pointerdown=\"actions.preloadImage\" data-wp-on--pointerenter=\"actions.preloadImageWithDelay\" data-wp-on--pointerleave=\"actions.cancelPreload\" data-wp-on-window--resize=\"callbacks.setButtonStyles\" src=\"https:\/\/loudavymkrokem.cz\/wp-content\/uploads\/2022\/06\/barcelona-katedrala.jpeg\" alt=\"Catedral de la Santa Cruz y Santa Eulalia en Barcelona\" class=\"wp-image-57873\" title=\"\" srcset=\"https:\/\/loudavymkrokem.cz\/wp-content\/uploads\/2022\/06\/barcelona-katedrala.jpeg 853w, https:\/\/loudavymkrokem.cz\/wp-content\/uploads\/2022\/06\/barcelona-katedrala-200x300.jpeg 200w, https:\/\/loudavymkrokem.cz\/wp-content\/uploads\/2022\/06\/barcelona-katedrala-682x1024.jpeg 682w, https:\/\/loudavymkrokem.cz\/wp-content\/uploads\/2022\/06\/barcelona-katedrala-768x1152.jpeg 768w\" sizes=\"(max-width: 853px) 100vw, 853px\" \/><button\n\t\t\tclass=\"lightbox-trigger\"\n\t\t\ttype=\"button\"\n\t\t\taria-haspopup=\"dialog\"\n\t\t\tdata-wp-bind--aria-label=\"state.thisImage.triggerButtonAriaLabel\"\n\t\t\tdata-wp-init=\"callbacks.initTriggerButton\"\n\t\t\tdata-wp-on--click=\"actions.showLightbox\"\n\t\t\tdata-wp-style--right=\"state.thisImage.buttonRight\"\n\t\t\tdata-wp-style--top=\"state.thisImage.buttonTop\"\n\t\t>\n\t\t\t<svg xmlns=\"http:\/\/www.w3.org\/2000\/svg\" width=\"12\" height=\"12\" fill=\"none\" viewBox=\"0 0 12 12\">\n\t\t\t\t<path fill=\"#fff\" d=\"M2 0a2 2 0 0 0-2 2v2h1.5V2a.5.5 0 0 1 .5-.5h2V0H2Zm2 10.5H2a.5.5 0 0 1-.5-.5V8H0v2a2 2 0 0 0 2 2h2v-1.5ZM8 12v-1.5h2a.5.5 0 0 0 .5-.5V8H12v2a2 2 0 0 1-2 2H8Zm2-12a2 2 0 0 1 2 2v2h-1.5V2a.5.5 0 0 0-.5-.5H8V0h2Z\" \/>\n\t\t\t<\/svg>\n\t\t<\/button><\/figure>\n\n\n\n<p class=\"wp-block-paragraph\">Quiz\u00e1 no sea tan extravagante como la Sagrada Fam\u00edlia, pero <strong>es un enorme y precioso templo g\u00f3tico<\/strong>, ante el que hay bares y restaurantes donde puedes sentarte c\u00f3modamente y disfrutar de esta majestuosa construcci\u00f3n.<\/p>\n\n\n\n<p class=\"wp-block-paragraph\">En el lugar de la catedral se levantaba originalmente un templo romano, hace unos 2000 a\u00f1os. Hoy la catedral se llama oficialmente Catedral de la Santa Cruz y Santa Eulalia, en homenaje a Eulalia, una joven local que se neg\u00f3 a cumplir la exigencia del emperador romano Diocleciano de renunciar a su fe cristiana. Dentro puedes subir en ascensor a un mirador: merece la pena.<\/p>\n\n\n<div class=\"wp-block-image\">\n<figure data-wp-context=\"{&quot;imageId&quot;:&quot;6a99531a95060&quot;}\" data-wp-interactive=\"core\/image\" data-wp-key=\"6a99531a95060\" class=\"aligncenter size-full wp-lightbox-container\"><img decoding=\"async\" data-wp-class--hide=\"state.isContentHidden\" data-wp-class--show=\"state.isContentVisible\" data-wp-init=\"callbacks.setButtonStyles\" data-wp-on--click=\"actions.showLightbox\" data-wp-on--load=\"callbacks.setButtonStyles\" data-wp-on--pointerdown=\"actions.preloadImage\" data-wp-on--pointerenter=\"actions.preloadImageWithDelay\" data-wp-on--pointerleave=\"actions.cancelPreload\" data-wp-on-window--resize=\"callbacks.setButtonStyles\" src=\"https:\/\/www.loudavymkrokem.cz\/wp-content\/uploads\/2023\/05\/barcelona-katedrala.jpg\" alt=\"\u00bfQu\u00e9 hacer en Barcelona? Visita la Catedral de Barcelona\" class=\"wp-image-57873\" title=\"\"><button\n\t\t\tclass=\"lightbox-trigger\"\n\t\t\ttype=\"button\"\n\t\t\taria-haspopup=\"dialog\"\n\t\t\tdata-wp-bind--aria-label=\"state.thisImage.triggerButtonAriaLabel\"\n\t\t\tdata-wp-init=\"callbacks.initTriggerButton\"\n\t\t\tdata-wp-on--click=\"actions.showLightbox\"\n\t\t\tdata-wp-style--right=\"state.thisImage.buttonRight\"\n\t\t\tdata-wp-style--top=\"state.thisImage.buttonTop\"\n\t\t>\n\t\t\t<svg xmlns=\"http:\/\/www.w3.org\/2000\/svg\" width=\"12\" height=\"12\" fill=\"none\" viewBox=\"0 0 12 12\">\n\t\t\t\t<path fill=\"#fff\" d=\"M2 0a2 2 0 0 0-2 2v2h1.5V2a.5.5 0 0 1 .5-.5h2V0H2Zm2 10.5H2a.5.5 0 0 1-.5-.5V8H0v2a2 2 0 0 0 2 2h2v-1.5ZM8 12v-1.5h2a.5.5 0 0 0 .5-.5V8H12v2a2 2 0 0 1-2 2H8Zm2-12a2 2 0 0 1 2 2v2h-1.5V2a.5.5 0 0 0-.5-.5H8V0h2Z\" \/>\n\t\t\t<\/svg>\n\t\t<\/button><figcaption class=\"wp-element-caption\">Catedral de Barcelona<\/figcaption><\/figure>\n<\/div>\n\n\n<h3 class=\"wp-block-heading\"><span class=\"ez-toc-section\" id=\"7_La_Rambla\"><\/span>7. La Rambla<span class=\"ez-toc-section-end\"><\/span><\/h3>\n\n\n\n<p class=\"wp-block-paragraph\"><strong>La Rambla es el famoso bulevar de Barcelona<\/strong>, que va desde la Pla\u00e7a de Catalunya hasta el monumento a Col\u00f3n. Es el gran paseo de la ciudad, donde encontrar\u00e1s restaurantes, tiendas y, cuando hace buen tiempo, tambi\u00e9n artistas callejeros.<\/p>\n\n\n\n<p class=\"wp-block-paragraph\">Los aficionados al f\u00fatbol quiz\u00e1 agradezcan saber que en una de las farolas (la Font de Canaletes), cerca de la Pla\u00e7a de Catalunya, se celebra cada victoria del FC Barcelona. A nosotros nos llam\u00f3 m\u00e1s la atenci\u00f3n el conocido mercado local de fruta, verdura y pescado fresco: <strong><a href=\"https:\/\/www.boqueria.barcelona\/\" target=\"_blank\" rel=\"noreferrer noopener nofollow\">La Boqueria<\/a><\/strong>. Pero te lo digo sinceramente: <strong>no comas en los restaurantes de La Rambla<\/strong>. Los precios est\u00e1n inflados y la calidad es incomparablemente peor que la de dos calles m\u00e1s all\u00e1.<\/p>\n\n\n<div class=\"wp-block-image\">\n<figure data-wp-context=\"{&quot;imageId&quot;:&quot;6a99531a95c32&quot;}\" data-wp-interactive=\"core\/image\" data-wp-key=\"6a99531a95c32\" class=\"aligncenter size-full wp-lightbox-container\"><img decoding=\"async\" data-wp-class--hide=\"state.isContentHidden\" data-wp-class--show=\"state.isContentVisible\" data-wp-init=\"callbacks.setButtonStyles\" data-wp-on--click=\"actions.showLightbox\" data-wp-on--load=\"callbacks.setButtonStyles\" data-wp-on--pointerdown=\"actions.preloadImage\" data-wp-on--pointerenter=\"actions.preloadImageWithDelay\" data-wp-on--pointerleave=\"actions.cancelPreload\" data-wp-on-window--resize=\"callbacks.setButtonStyles\" src=\"https:\/\/www.loudavymkrokem.cz\/wp-content\/uploads\/2023\/05\/barcelona-la-rambla.jpg\" alt=\"La Rambla en Barcelona\" class=\"wp-image-57874\" title=\"\"><button\n\t\t\tclass=\"lightbox-trigger\"\n\t\t\ttype=\"button\"\n\t\t\taria-haspopup=\"dialog\"\n\t\t\tdata-wp-bind--aria-label=\"state.thisImage.triggerButtonAriaLabel\"\n\t\t\tdata-wp-init=\"callbacks.initTriggerButton\"\n\t\t\tdata-wp-on--click=\"actions.showLightbox\"\n\t\t\tdata-wp-style--right=\"state.thisImage.buttonRight\"\n\t\t\tdata-wp-style--top=\"state.thisImage.buttonTop\"\n\t\t>\n\t\t\t<svg xmlns=\"http:\/\/www.w3.org\/2000\/svg\" width=\"12\" height=\"12\" fill=\"none\" viewBox=\"0 0 12 12\">\n\t\t\t\t<path fill=\"#fff\" d=\"M2 0a2 2 0 0 0-2 2v2h1.5V2a.5.5 0 0 1 .5-.5h2V0H2Zm2 10.5H2a.5.5 0 0 1-.5-.5V8H0v2a2 2 0 0 0 2 2h2v-1.5ZM8 12v-1.5h2a.5.5 0 0 0 .5-.5V8H12v2a2 2 0 0 1-2 2H8Zm2-12a2 2 0 0 1 2 2v2h-1.5V2a.5.5 0 0 0-.5-.5H8V0h2Z\" \/>\n\t\t\t<\/svg>\n\t\t<\/button><\/figure>\n<\/div>\n\n\n<h3 class=\"wp-block-heading\"><span class=\"ez-toc-section\" id=\"8_La_Boqueria\"><\/span>8. La Boqueria<span class=\"ez-toc-section-end\"><\/span><\/h3>\n\n\n\n<p class=\"wp-block-paragraph\">\u00bfEres de los que disfrutan recorriendo mercados locales de fruta y verdura fresca? Entonces no dejes de pasarte por La Boqueria a por un smoothie reci\u00e9n hecho o para hacer provisiones de fruta ex\u00f3tica. Tambi\u00e9n encontrar\u00e1s carne, marisco, pescado, embutidos, huevos, productos l\u00e1cteos y quesos.<\/p>\n\n\n\n<p class=\"wp-block-paragraph\">Quiz\u00e1 te interese saber que <strong>es el mercado de este tipo m\u00e1s antiguo de Barcelona<\/strong>: ya en 1217 se vend\u00eda carne aqu\u00ed y esa tradici\u00f3n se consolid\u00f3 tanto que en 1470 se abri\u00f3 un mercado de carne en toda regla, que entonces funcionaba con el nombre de Mercat Bornet.<\/p>\n\n\n<div class=\"wp-block-image\">\n<figure data-wp-context=\"{&quot;imageId&quot;:&quot;6a99531a96723&quot;}\" data-wp-interactive=\"core\/image\" data-wp-key=\"6a99531a96723\" class=\"aligncenter size-full wp-lightbox-container\"><img decoding=\"async\" data-wp-class--hide=\"state.isContentHidden\" data-wp-class--show=\"state.isContentVisible\" data-wp-init=\"callbacks.setButtonStyles\" data-wp-on--click=\"actions.showLightbox\" data-wp-on--load=\"callbacks.setButtonStyles\" data-wp-on--pointerdown=\"actions.preloadImage\" data-wp-on--pointerenter=\"actions.preloadImageWithDelay\" data-wp-on--pointerleave=\"actions.cancelPreload\" data-wp-on-window--resize=\"callbacks.setButtonStyles\" src=\"https:\/\/www.loudavymkrokem.cz\/wp-content\/uploads\/2023\/05\/barcelona-market.jpg\" alt=\"Entrada al mercado de La Boqueria desde La Rambla en Barcelona\" class=\"wp-image-57875\" title=\"\"><button\n\t\t\tclass=\"lightbox-trigger\"\n\t\t\ttype=\"button\"\n\t\t\taria-haspopup=\"dialog\"\n\t\t\tdata-wp-bind--aria-label=\"state.thisImage.triggerButtonAriaLabel\"\n\t\t\tdata-wp-init=\"callbacks.initTriggerButton\"\n\t\t\tdata-wp-on--click=\"actions.showLightbox\"\n\t\t\tdata-wp-style--right=\"state.thisImage.buttonRight\"\n\t\t\tdata-wp-style--top=\"state.thisImage.buttonTop\"\n\t\t>\n\t\t\t<svg xmlns=\"http:\/\/www.w3.org\/2000\/svg\" width=\"12\" height=\"12\" fill=\"none\" viewBox=\"0 0 12 12\">\n\t\t\t\t<path fill=\"#fff\" d=\"M2 0a2 2 0 0 0-2 2v2h1.5V2a.5.5 0 0 1 .5-.5h2V0H2Zm2 10.5H2a.5.5 0 0 1-.5-.5V8H0v2a2 2 0 0 0 2 2h2v-1.5ZM8 12v-1.5h2a.5.5 0 0 0 .5-.5V8H12v2a2 2 0 0 1-2 2H8Zm2-12a2 2 0 0 1 2 2v2h-1.5V2a.5.5 0 0 0-.5-.5H8V0h2Z\" \/>\n\t\t\t<\/svg>\n\t\t<\/button><figcaption class=\"wp-element-caption\">Mercado de La Boqueria en Barcelona<\/figcaption><\/figure>\n<\/div>\n\n\n<h3 class=\"wp-block-heading\"><span class=\"ez-toc-section\" id=\"9_El_Born_y_la_basilica_de_Santa_Maria_del_Mar\"><\/span>9. El Born y la bas\u00edlica de Santa Maria del Mar<span class=\"ez-toc-section-end\"><\/span><\/h3>\n\n\n\n<p class=\"wp-block-paragraph\">El Born es probablemente nuestro barrio favorito de Barcelona. Ambiente hipster, boutiques independientes, cafeter\u00edas donde te tomas un flat white buen\u00edsimo y bares de tapas donde se mezclan los locales con los viajeros. Cuando pasees por las callejuelas alrededor del Passeig del Born, entender\u00e1s por qu\u00e9 la gente vuelve una y otra vez.<\/p>\n\n\n\n<p class=\"wp-block-paragraph\">El emblema del barrio es la g\u00f3tica <strong>bas\u00edlica de Santa Maria del Mar<\/strong>, del siglo XIV. Por 10 EUR puedes subir a la azotea con unas vistas preciosas sobre los tejados de alrededor. Y si te gusta la historia, cerca encontrar\u00e1s tambi\u00e9n las ruinas de la ciudad medieval bajo el centro cultural El Born CCM, de entrada gratuita.<\/p>\n\n\n\n<h3 class=\"wp-block-heading\"><span class=\"ez-toc-section\" id=\"10_Bunkers_del_Carmel_el_mejor_mirador_gratis\"><\/span>10. B\u00fankers del Carmel, el mejor mirador gratis<span class=\"ez-toc-section-end\"><\/span><\/h3>\n\n\n\n<figure data-wp-context=\"{&quot;imageId&quot;:&quot;6a99531a96f2f&quot;}\" data-wp-interactive=\"core\/image\" data-wp-key=\"6a99531a96f2f\" class=\"wp-block-image size-full wp-lightbox-container\"><img decoding=\"async\" width=\"1600\" height=\"1063\" data-wp-class--hide=\"state.isContentHidden\" data-wp-class--show=\"state.isContentVisible\" data-wp-init=\"callbacks.setButtonStyles\" data-wp-on--click=\"actions.showLightbox\" data-wp-on--load=\"callbacks.setButtonStyles\" data-wp-on--pointerdown=\"actions.preloadImage\" data-wp-on--pointerenter=\"actions.preloadImageWithDelay\" data-wp-on--pointerleave=\"actions.cancelPreload\" data-wp-on-window--resize=\"callbacks.setButtonStyles\" src=\"https:\/\/loudavymkrokem.cz\/wp-content\/uploads\/2026\/08\/barcelona-bunkers-del-carmel-a-jejich-zapad-sl-px.jpg\" alt=\"Mirador de los B\u00fankers del Carmel sobre Barcelona\" class=\"wp-image-376527\" title=\"\" srcset=\"https:\/\/loudavymkrokem.cz\/wp-content\/uploads\/2026\/08\/barcelona-bunkers-del-carmel-a-jejich-zapad-sl-px.jpg 1600w, https:\/\/loudavymkrokem.cz\/wp-content\/uploads\/2026\/08\/barcelona-bunkers-del-carmel-a-jejich-zapad-sl-px-300x199.jpg 300w, https:\/\/loudavymkrokem.cz\/wp-content\/uploads\/2026\/08\/barcelona-bunkers-del-carmel-a-jejich-zapad-sl-px-700x465.jpg 700w, https:\/\/loudavymkrokem.cz\/wp-content\/uploads\/2026\/08\/barcelona-bunkers-del-carmel-a-jejich-zapad-sl-px-768x510.jpg 768w, https:\/\/loudavymkrokem.cz\/wp-content\/uploads\/2026\/08\/barcelona-bunkers-del-carmel-a-jejich-zapad-sl-px-1536x1020.jpg 1536w, https:\/\/loudavymkrokem.cz\/wp-content\/uploads\/2026\/08\/barcelona-bunkers-del-carmel-a-jejich-zapad-sl-px-696x462.jpg 696w, https:\/\/loudavymkrokem.cz\/wp-content\/uploads\/2026\/08\/barcelona-bunkers-del-carmel-a-jejich-zapad-sl-px-1392x925.jpg 1392w\" sizes=\"(max-width: 1600px) 100vw, 1600px\" \/><button\n\t\t\tclass=\"lightbox-trigger\"\n\t\t\ttype=\"button\"\n\t\t\taria-haspopup=\"dialog\"\n\t\t\tdata-wp-bind--aria-label=\"state.thisImage.triggerButtonAriaLabel\"\n\t\t\tdata-wp-init=\"callbacks.initTriggerButton\"\n\t\t\tdata-wp-on--click=\"actions.showLightbox\"\n\t\t\tdata-wp-style--right=\"state.thisImage.buttonRight\"\n\t\t\tdata-wp-style--top=\"state.thisImage.buttonTop\"\n\t\t>\n\t\t\t<svg xmlns=\"http:\/\/www.w3.org\/2000\/svg\" width=\"12\" height=\"12\" fill=\"none\" viewBox=\"0 0 12 12\">\n\t\t\t\t<path fill=\"#fff\" d=\"M2 0a2 2 0 0 0-2 2v2h1.5V2a.5.5 0 0 1 .5-.5h2V0H2Zm2 10.5H2a.5.5 0 0 1-.5-.5V8H0v2a2 2 0 0 0 2 2h2v-1.5ZM8 12v-1.5h2a.5.5 0 0 0 .5-.5V8H12v2a2 2 0 0 1-2 2H8Zm2-12a2 2 0 0 1 2 2v2h-1.5V2a.5.5 0 0 0-.5-.5H8V0h2Z\" \/>\n\t\t\t<\/svg>\n\t\t<\/button><\/figure>\n\n\n\n<p class=\"wp-block-paragraph\"><strong>Las mejores vistas gratuitas de toda Barcelona.<\/strong> Estos antiguos b\u00fankeres antia\u00e9reos de la Guerra Civil ofrecen un panorama de 360\u00b0 desde la Sagrada Fam\u00edlia hasta el mar. Este lugar es absolutamente imprescindible, sobre todo al atardecer, cuando los locales suben con una botella de vino y un p\u00edcnic.<\/p>\n\n\n\n<p class=\"wp-block-paragraph\">Llegas en metro hasta la parada <strong>Alfons X<\/strong> y luego caminas 15 minutos cuesta arriba. La subida cansa un poco, pero esa vista no se puede describir. Simplemente tienes que verla con tus propios ojos.<\/p>\n\n\n\n<h3 class=\"wp-block-heading\"><span class=\"ez-toc-section\" id=\"11_Montjuic_teleferico_castillo_y_fuente_magica\"><\/span>11. Montju\u00efc: telef\u00e9rico, castillo y fuente m\u00e1gica<span class=\"ez-toc-section-end\"><\/span><\/h3>\n\n\n\n<figure data-wp-context=\"{&quot;imageId&quot;:&quot;6a99531a9797d&quot;}\" data-wp-interactive=\"core\/image\" data-wp-key=\"6a99531a9797d\" class=\"wp-block-image size-full wp-lightbox-container\"><img decoding=\"async\" width=\"1600\" height=\"1066\" data-wp-class--hide=\"state.isContentHidden\" data-wp-class--show=\"state.isContentVisible\" data-wp-init=\"callbacks.setButtonStyles\" data-wp-on--click=\"actions.showLightbox\" data-wp-on--load=\"callbacks.setButtonStyles\" data-wp-on--pointerdown=\"actions.preloadImage\" data-wp-on--pointerenter=\"actions.preloadImageWithDelay\" data-wp-on--pointerleave=\"actions.cancelPreload\" data-wp-on-window--resize=\"callbacks.setButtonStyles\" src=\"https:\/\/loudavymkrokem.cz\/wp-content\/uploads\/2026\/08\/barcelona-den-3-kopec-montjuic-a-vecerni-hody-px.jpg\" alt=\"Palacio del MNAC y fuentes de Montju\u00efc en Barcelona\" class=\"wp-image-376543\" title=\"\" srcset=\"https:\/\/loudavymkrokem.cz\/wp-content\/uploads\/2026\/08\/barcelona-den-3-kopec-montjuic-a-vecerni-hody-px.jpg 1600w, https:\/\/loudavymkrokem.cz\/wp-content\/uploads\/2026\/08\/barcelona-den-3-kopec-montjuic-a-vecerni-hody-px-300x200.jpg 300w, https:\/\/loudavymkrokem.cz\/wp-content\/uploads\/2026\/08\/barcelona-den-3-kopec-montjuic-a-vecerni-hody-px-700x466.jpg 700w, https:\/\/loudavymkrokem.cz\/wp-content\/uploads\/2026\/08\/barcelona-den-3-kopec-montjuic-a-vecerni-hody-px-768x512.jpg 768w, https:\/\/loudavymkrokem.cz\/wp-content\/uploads\/2026\/08\/barcelona-den-3-kopec-montjuic-a-vecerni-hody-px-1536x1023.jpg 1536w, https:\/\/loudavymkrokem.cz\/wp-content\/uploads\/2026\/08\/barcelona-den-3-kopec-montjuic-a-vecerni-hody-px-696x464.jpg 696w, https:\/\/loudavymkrokem.cz\/wp-content\/uploads\/2026\/08\/barcelona-den-3-kopec-montjuic-a-vecerni-hody-px-1392x927.jpg 1392w\" sizes=\"(max-width: 1600px) 100vw, 1600px\" \/><button\n\t\t\tclass=\"lightbox-trigger\"\n\t\t\ttype=\"button\"\n\t\t\taria-haspopup=\"dialog\"\n\t\t\tdata-wp-bind--aria-label=\"state.thisImage.triggerButtonAriaLabel\"\n\t\t\tdata-wp-init=\"callbacks.initTriggerButton\"\n\t\t\tdata-wp-on--click=\"actions.showLightbox\"\n\t\t\tdata-wp-style--right=\"state.thisImage.buttonRight\"\n\t\t\tdata-wp-style--top=\"state.thisImage.buttonTop\"\n\t\t>\n\t\t\t<svg xmlns=\"http:\/\/www.w3.org\/2000\/svg\" width=\"12\" height=\"12\" fill=\"none\" viewBox=\"0 0 12 12\">\n\t\t\t\t<path fill=\"#fff\" d=\"M2 0a2 2 0 0 0-2 2v2h1.5V2a.5.5 0 0 1 .5-.5h2V0H2Zm2 10.5H2a.5.5 0 0 1-.5-.5V8H0v2a2 2 0 0 0 2 2h2v-1.5ZM8 12v-1.5h2a.5.5 0 0 0 .5-.5V8H12v2a2 2 0 0 1-2 2H8Zm2-12a2 2 0 0 1 2 2v2h-1.5V2a.5.5 0 0 0-.5-.5H8V0h2Z\" \/>\n\t\t\t<\/svg>\n\t\t<\/button><\/figure>\n\n\n\n<p class=\"wp-block-paragraph\">A la colina de Montju\u00efc se sube en telef\u00e9rico desde el puerto (13 EUR ida y vuelta), y las vistas durante el trayecto ya valen la pena por s\u00ed solas. Arriba encontrar\u00e1s el castillo medieval de Montju\u00efc, el museo <a href=\"https:\/\/www.fmirobcn.org\/en\/\" target=\"_blank\" rel=\"noreferrer noopener nofollow\">Fundaci\u00f3 Joan Mir\u00f3<\/a> y un jard\u00edn bot\u00e1nico precioso.<\/p>\n\n\n\n<p class=\"wp-block-paragraph\"><strong>Al caer la noche, ac\u00e9rcate a la Fuente M\u00e1gica<\/strong> (Font M\u00e0gica): el espect\u00e1culo de luz y m\u00fasica es gratuito y realmente fascinante. La funci\u00f3n es viernes y s\u00e1bado (desde las 21:00 en verano, desde las 20:00 en invierno). Reserva toda la tarde y la noche para Montju\u00efc, porque hay much\u00edsimo que ver.<\/p>\n\n\n\n<h3 class=\"wp-block-heading\"><span class=\"ez-toc-section\" id=\"12_Museo_Picasso\"><\/span>12. Museo Picasso<span class=\"ez-toc-section-end\"><\/span><\/h3>\n\n\n\n<p class=\"wp-block-paragraph\">Picasso se mud\u00f3 a Barcelona con catorce a\u00f1os y durante toda su vida volvi\u00f3 aqu\u00ed a menudo y con gusto. <strong>El museo es amplio y se reparte por cinco palacios.<\/strong> En la planta baja hay un patio y arcos g\u00f3ticos que conducen a los estudios blancos que iluminan sus obras. Pero si esperas los grandes \u00e9xitos de Picasso, quiz\u00e1 te lleves una decepci\u00f3n: el Guernica est\u00e1 en el Reina Sof\u00eda de Madrid y La mujer que llora en la Tate Modern de Londres.<\/p>\n\n\n\n<p class=\"wp-block-paragraph\">Aun as\u00ed, en nuestra opini\u00f3n el museo merece una visita. <strong>En orden cronol\u00f3gico muestra cada pincelada (las 4251 obras)<\/strong> y c\u00f3mo un pintor de formaci\u00f3n cl\u00e1sica se convirti\u00f3 en pionero del cubismo. Adem\u00e1s, hay obras menos conocidas de Picasso, como su cer\u00e1mica.<\/p>\n\n\n\n<h3 class=\"wp-block-heading\"><span class=\"ez-toc-section\" id=\"13_Museo_de_arte_moderno_Fundacio_Joan_Miro\"><\/span>13. Museo de arte moderno Fundaci\u00f3 Joan Mir\u00f3<span class=\"ez-toc-section-end\"><\/span><\/h3>\n\n\n\n<p class=\"wp-block-paragraph\">Para todos los amantes del arte, como yo, tengo un consejo. En la colina de Montju\u00efc est\u00e1 el museo Fundaci\u00f3 Joan Mir\u00f3, dedicado al artista abstracto catal\u00e1n Joan Mir\u00f3. Lo encontrar\u00e1s en un edificio moderno de un blanco impecable, desde el que hay unas vistas preciosas de Barcelona. Entrada: 15 EUR.<\/p>\n\n\n\n<h3 class=\"wp-block-heading\"><span class=\"ez-toc-section\" id=\"14_Hospital_de_Sant_Pau\"><\/span>14. Hospital de Sant Pau<span class=\"ez-toc-section-end\"><\/span><\/h3>\n\n\n\n<p class=\"wp-block-paragraph\">Un hospital modernista declarado Patrimonio de la UNESCO, a solo 10 minutos a pie de la Sagrada Fam\u00edlia, y aun as\u00ed muchos turistas lo pasan de largo. Y es una pena, porque <strong>sus impresionantes interiores de mosaico y el jard\u00edn entre pabellones<\/strong> son uno de los rincones m\u00e1s bonitos de toda Barcelona.<\/p>\n\n\n\n<p class=\"wp-block-paragraph\">Consejo: combina la visita con la Sagrada Fam\u00edlia y recorre la Avinguda de Gaud\u00ed, que une los dos monumentos; es un precioso paseo peatonal. Entrada: 15 EUR, con audiogu\u00eda 17 EUR.<\/p>\n\n\n\n<h3 class=\"wp-block-heading\"><span class=\"ez-toc-section\" id=\"15_Palau_de_la_Musica_Catalana\"><\/span>15. Palau de la M\u00fasica Catalana<span class=\"ez-toc-section-end\"><\/span><\/h3>\n\n\n\n<p class=\"wp-block-paragraph\">Una sala de conciertos de estilo modernista y otro monumento de Barcelona declarado Patrimonio de la UNESCO. <strong>La vidriera de colores del techo es una experiencia art\u00edstica<\/strong> imposible de describir con palabras: tienes que ver con tus propios ojos c\u00f3mo la luz del d\u00eda atraviesa ese incre\u00edble mosaico.<\/p>\n\n\n\n<p class=\"wp-block-paragraph\">Visitas guiadas desde 20 EUR, pero lo mejor es ir a un concierto (entradas desde 15 EUR). Si te gusta la m\u00fasica cl\u00e1sica, esta sala es uno de los lugares m\u00e1s bonitos donde puedes disfrutarla.<\/p>\n\n\n\n<h3 class=\"wp-block-heading\"><span class=\"ez-toc-section\" id=\"16_Poble_Espanyol\"><\/span>16. Poble Espanyol<span class=\"ez-toc-section-end\"><\/span><\/h3>\n\n\n\n<p class=\"wp-block-paragraph\">Un museo de arquitectura al aire libre con r\u00e9plicas de edificios de todas las regiones de Espa\u00f1a. Es un poco como una Espa\u00f1a en miniatura en un solo lugar, y funciona sorprendentemente bien. <strong>Genial para familias con ni\u00f1os<\/strong> y para los amantes de la artesan\u00eda, porque aqu\u00ed encontrar\u00e1s talleres de vidrieros, ceramistas y otros artistas.<\/p>\n\n\n\n<p class=\"wp-block-paragraph\">Entrada: 14 EUR, ni\u00f1os menores de 4 a\u00f1os gratis. El Poble Espanyol est\u00e1 en Montju\u00efc, as\u00ed que lo ideal es combinarlo con la visita a la colina.<\/p>\n\n\n\n<h3 class=\"wp-block-heading\"><span class=\"ez-toc-section\" id=\"17_Playas_de_Barcelona\"><\/span>17. Playas de Barcelona<span class=\"ez-toc-section-end\"><\/span><\/h3>\n\n\n\n<figure data-wp-context=\"{&quot;imageId&quot;:&quot;6a99531a9855d&quot;}\" data-wp-interactive=\"core\/image\" data-wp-key=\"6a99531a9855d\" class=\"wp-block-image size-full wp-lightbox-container\"><img decoding=\"async\" width=\"2000\" height=\"1333\" data-wp-class--hide=\"state.isContentHidden\" data-wp-class--show=\"state.isContentVisible\" data-wp-init=\"callbacks.setButtonStyles\" data-wp-on--click=\"actions.showLightbox\" data-wp-on--load=\"callbacks.setButtonStyles\" data-wp-on--pointerdown=\"actions.preloadImage\" data-wp-on--pointerenter=\"actions.preloadImageWithDelay\" data-wp-on--pointerleave=\"actions.cancelPreload\" data-wp-on-window--resize=\"callbacks.setButtonStyles\" src=\"https:\/\/loudavymkrokem.cz\/wp-content\/uploads\/2026\/08\/barceloneta-plaz-hotel-w.jpg\" alt=\"Playa de la Barceloneta en Barcelona con el hotel W al fondo\" class=\"wp-image-376333\" title=\"\" srcset=\"https:\/\/loudavymkrokem.cz\/wp-content\/uploads\/2026\/08\/barceloneta-plaz-hotel-w.jpg 2000w, https:\/\/loudavymkrokem.cz\/wp-content\/uploads\/2026\/08\/barceloneta-plaz-hotel-w-300x200.jpg 300w, https:\/\/loudavymkrokem.cz\/wp-content\/uploads\/2026\/08\/barceloneta-plaz-hotel-w-700x467.jpg 700w, https:\/\/loudavymkrokem.cz\/wp-content\/uploads\/2026\/08\/barceloneta-plaz-hotel-w-768x512.jpg 768w, https:\/\/loudavymkrokem.cz\/wp-content\/uploads\/2026\/08\/barceloneta-plaz-hotel-w-1536x1024.jpg 1536w, https:\/\/loudavymkrokem.cz\/wp-content\/uploads\/2026\/08\/barceloneta-plaz-hotel-w-696x464.jpg 696w, https:\/\/loudavymkrokem.cz\/wp-content\/uploads\/2026\/08\/barceloneta-plaz-hotel-w-1392x928.jpg 1392w, https:\/\/loudavymkrokem.cz\/wp-content\/uploads\/2026\/08\/barceloneta-plaz-hotel-w-1920x1280.jpg 1920w\" sizes=\"(max-width: 2000px) 100vw, 2000px\" \/><button\n\t\t\tclass=\"lightbox-trigger\"\n\t\t\ttype=\"button\"\n\t\t\taria-haspopup=\"dialog\"\n\t\t\tdata-wp-bind--aria-label=\"state.thisImage.triggerButtonAriaLabel\"\n\t\t\tdata-wp-init=\"callbacks.initTriggerButton\"\n\t\t\tdata-wp-on--click=\"actions.showLightbox\"\n\t\t\tdata-wp-style--right=\"state.thisImage.buttonRight\"\n\t\t\tdata-wp-style--top=\"state.thisImage.buttonTop\"\n\t\t>\n\t\t\t<svg xmlns=\"http:\/\/www.w3.org\/2000\/svg\" width=\"12\" height=\"12\" fill=\"none\" viewBox=\"0 0 12 12\">\n\t\t\t\t<path fill=\"#fff\" d=\"M2 0a2 2 0 0 0-2 2v2h1.5V2a.5.5 0 0 1 .5-.5h2V0H2Zm2 10.5H2a.5.5 0 0 1-.5-.5V8H0v2a2 2 0 0 0 2 2h2v-1.5ZM8 12v-1.5h2a.5.5 0 0 0 .5-.5V8H12v2a2 2 0 0 1-2 2H8Zm2-12a2 2 0 0 1 2 2v2h-1.5V2a.5.5 0 0 0-.5-.5H8V0h2Z\" \/>\n\t\t\t<\/svg>\n\t\t<\/button><\/figure>\n\n\n\n<p class=\"wp-block-paragraph\">El paseo mar\u00edtimo de Barcelona se extiende a lo largo de varios kil\u00f3metros. Ir a pie desde la Barceloneta hasta Diagonal Mar lleva una buena hora, pero es un paseo que completa el ambiente de toda la ciudad.<\/p>\n\n\n\n<p class=\"wp-block-paragraph\">Las playas m\u00e1s occidentales, como la de Sant Sebasti\u00e0, est\u00e1n m\u00e1s concurridas y son m\u00e1s tur\u00edsticas. <strong>En cuanto te desplazas por el paseo m\u00e1s all\u00e1 del puerto ol\u00edmpico, llegas a la zona donde se re\u00fanen los residentes locales.<\/strong> Nosotros te recomendamos la playa de <strong>Bogatell<\/strong> (m\u00e1s limpia y tranquila) o la de <strong>Mar Bella<\/strong> (con equipamiento deportivo y chiringuitos): ambas est\u00e1n a 10-15 minutos a pie de la Barceloneta y hay much\u00edsimo m\u00e1s espacio.<\/p>\n\n\n<div class=\"wp-block-image\">\n<figure data-wp-context=\"{&quot;imageId&quot;:&quot;6a99531a98f4a&quot;}\" data-wp-interactive=\"core\/image\" data-wp-key=\"6a99531a98f4a\" class=\"aligncenter size-full wp-lightbox-container\"><img decoding=\"async\" data-wp-class--hide=\"state.isContentHidden\" data-wp-class--show=\"state.isContentVisible\" data-wp-init=\"callbacks.setButtonStyles\" data-wp-on--click=\"actions.showLightbox\" data-wp-on--load=\"callbacks.setButtonStyles\" data-wp-on--pointerdown=\"actions.preloadImage\" data-wp-on--pointerenter=\"actions.preloadImageWithDelay\" data-wp-on--pointerleave=\"actions.cancelPreload\" data-wp-on-window--resize=\"callbacks.setButtonStyles\" src=\"https:\/\/www.loudavymkrokem.cz\/wp-content\/uploads\/2023\/05\/barcelona-plaz.jpg\" alt=\"Playa en Barcelona\" class=\"wp-image-57880\" title=\"\"><button\n\t\t\tclass=\"lightbox-trigger\"\n\t\t\ttype=\"button\"\n\t\t\taria-haspopup=\"dialog\"\n\t\t\tdata-wp-bind--aria-label=\"state.thisImage.triggerButtonAriaLabel\"\n\t\t\tdata-wp-init=\"callbacks.initTriggerButton\"\n\t\t\tdata-wp-on--click=\"actions.showLightbox\"\n\t\t\tdata-wp-style--right=\"state.thisImage.buttonRight\"\n\t\t\tdata-wp-style--top=\"state.thisImage.buttonTop\"\n\t\t>\n\t\t\t<svg xmlns=\"http:\/\/www.w3.org\/2000\/svg\" width=\"12\" height=\"12\" fill=\"none\" viewBox=\"0 0 12 12\">\n\t\t\t\t<path fill=\"#fff\" d=\"M2 0a2 2 0 0 0-2 2v2h1.5V2a.5.5 0 0 1 .5-.5h2V0H2Zm2 10.5H2a.5.5 0 0 1-.5-.5V8H0v2a2 2 0 0 0 2 2h2v-1.5ZM8 12v-1.5h2a.5.5 0 0 0 .5-.5V8H12v2a2 2 0 0 1-2 2H8Zm2-12a2 2 0 0 1 2 2v2h-1.5V2a.5.5 0 0 0-.5-.5H8V0h2Z\" \/>\n\t\t\t<\/svg>\n\t\t<\/button><\/figure>\n<\/div>\n\n\n<h3 class=\"wp-block-heading\"><span class=\"ez-toc-section\" id=\"18_Camp_Nou_el_estadio_de_futbol_mas_grande_de_Europa\"><\/span>18. Camp Nou, el estadio de f\u00fatbol m\u00e1s grande de Europa<span class=\"ez-toc-section-end\"><\/span><\/h3>\n\n\n\n<p class=\"wp-block-paragraph\">Aunque Luk\u00e1\u0161 y yo somos unos completos ignorantes del f\u00fatbol, no se nos escap\u00f3 que en Barcelona est\u00e1 el orgullo de los catalanes: el estadio de su club de f\u00fatbol m\u00e1s famoso, el FC Barcelona. <strong>Pero ojo, porque la gran mayor\u00eda de los textos sobre el Camp Nou est\u00e1n hoy desactualizados.<\/strong> El estadio est\u00e1 en obras desde 2023 con una reforma gigantesca y no funciona como quiz\u00e1 lo recuerdes de las fotos.<\/p>\n\n\n\n<p class=\"wp-block-paragraph\">El Bar\u00e7a volvi\u00f3 al Camp Nou el <strong>22 de noviembre de 2025<\/strong>, despu\u00e9s de dos temporadas en el estadio ol\u00edmpico de Montju\u00efc. En marzo de 2026 se aprob\u00f3 una capacidad de <strong>unos 62.650 espectadores<\/strong>; la tercera grada deber\u00eda abrirse al p\u00fablico como muy pronto en el primer trimestre de 2027 y el techo a\u00fan m\u00e1s tarde. La capacidad final, en torno a los 105.000 asientos, lo convertir\u00e1 en el estadio de f\u00fatbol m\u00e1s grande de Europa, pero eso ser\u00e1 cuando est\u00e9 terminado.<\/p>\n\n\n\n<p class=\"wp-block-paragraph\"><strong>La visita cl\u00e1sica con salida al c\u00e9sped, vestuarios y t\u00fanel de jugadores de momento no existe<\/strong>: la ha sustituido el Bar\u00e7a Immersive Tour, es decir, un museo, una sala inmersiva de 360\u00b0 y un mirador sobre las obras en curso. Cuenta con unos 28 a 31 EUR y ten presente que, con la capacidad reducida, las entradas para los partidos son mucho m\u00e1s dif\u00edciles de conseguir que antes. Lo analizo todo con detalle en un art\u00edculo aparte sobre la <a href=\"https:\/\/loudavymkrokem.cz\/es\/?p=376279\">visita al Camp Nou<\/a>.<\/p>\n\n\n\n<h3 class=\"wp-block-heading\"><span class=\"ez-toc-section\" id=\"19_Arco_del_Triunfo_el_Arc_de_Triomf\"><\/span>19. Arco del Triunfo, el Arc de Triomf<span class=\"ez-toc-section-end\"><\/span><\/h3>\n\n\n\n<figure data-wp-context=\"{&quot;imageId&quot;:&quot;6a99531a999fe&quot;}\" data-wp-interactive=\"core\/image\" data-wp-key=\"6a99531a999fe\" class=\"wp-block-image size-full wp-lightbox-container\"><img decoding=\"async\" width=\"2000\" height=\"1333\" data-wp-class--hide=\"state.isContentHidden\" data-wp-class--show=\"state.isContentVisible\" data-wp-init=\"callbacks.setButtonStyles\" data-wp-on--click=\"actions.showLightbox\" data-wp-on--load=\"callbacks.setButtonStyles\" data-wp-on--pointerdown=\"actions.preloadImage\" data-wp-on--pointerenter=\"actions.preloadImageWithDelay\" data-wp-on--pointerleave=\"actions.cancelPreload\" data-wp-on-window--resize=\"callbacks.setButtonStyles\" src=\"https:\/\/loudavymkrokem.cz\/wp-content\/uploads\/2026\/08\/arc-de-triomf-barcelona.jpg\" alt=\"Arco del Triunfo Arc de Triomf en Barcelona\" class=\"wp-image-376339\" title=\"\" srcset=\"https:\/\/loudavymkrokem.cz\/wp-content\/uploads\/2026\/08\/arc-de-triomf-barcelona.jpg 2000w, https:\/\/loudavymkrokem.cz\/wp-content\/uploads\/2026\/08\/arc-de-triomf-barcelona-300x200.jpg 300w, https:\/\/loudavymkrokem.cz\/wp-content\/uploads\/2026\/08\/arc-de-triomf-barcelona-700x467.jpg 700w, https:\/\/loudavymkrokem.cz\/wp-content\/uploads\/2026\/08\/arc-de-triomf-barcelona-768x512.jpg 768w, https:\/\/loudavymkrokem.cz\/wp-content\/uploads\/2026\/08\/arc-de-triomf-barcelona-1536x1024.jpg 1536w, https:\/\/loudavymkrokem.cz\/wp-content\/uploads\/2026\/08\/arc-de-triomf-barcelona-696x464.jpg 696w, https:\/\/loudavymkrokem.cz\/wp-content\/uploads\/2026\/08\/arc-de-triomf-barcelona-1392x928.jpg 1392w, https:\/\/loudavymkrokem.cz\/wp-content\/uploads\/2026\/08\/arc-de-triomf-barcelona-1920x1280.jpg 1920w\" sizes=\"(max-width: 2000px) 100vw, 2000px\" \/><button\n\t\t\tclass=\"lightbox-trigger\"\n\t\t\ttype=\"button\"\n\t\t\taria-haspopup=\"dialog\"\n\t\t\tdata-wp-bind--aria-label=\"state.thisImage.triggerButtonAriaLabel\"\n\t\t\tdata-wp-init=\"callbacks.initTriggerButton\"\n\t\t\tdata-wp-on--click=\"actions.showLightbox\"\n\t\t\tdata-wp-style--right=\"state.thisImage.buttonRight\"\n\t\t\tdata-wp-style--top=\"state.thisImage.buttonTop\"\n\t\t>\n\t\t\t<svg xmlns=\"http:\/\/www.w3.org\/2000\/svg\" width=\"12\" height=\"12\" fill=\"none\" viewBox=\"0 0 12 12\">\n\t\t\t\t<path fill=\"#fff\" d=\"M2 0a2 2 0 0 0-2 2v2h1.5V2a.5.5 0 0 1 .5-.5h2V0H2Zm2 10.5H2a.5.5 0 0 1-.5-.5V8H0v2a2 2 0 0 0 2 2h2v-1.5ZM8 12v-1.5h2a.5.5 0 0 0 .5-.5V8H12v2a2 2 0 0 1-2 2H8Zm2-12a2 2 0 0 1 2 2v2h-1.5V2a.5.5 0 0 0-.5-.5H8V0h2Z\" \/>\n\t\t\t<\/svg>\n\t\t<\/button><\/figure>\n\n\n\n<p class=\"wp-block-paragraph\">Barcelona tambi\u00e9n tiene su arco del triunfo, construido en 1888, cuando la ciudad acogi\u00f3 la Exposici\u00f3n Universal. <strong>El Arc de Triomf se levant\u00f3 como puerta de acceso a la feria mundial, que se celebr\u00f3 en el Parc de la Ciutadella.<\/strong> Hoy es uno de los emblemas de la ciudad y un lugar estupendo para hacerte una foto.<\/p>\n\n\n<div class=\"wp-block-image\">\n<figure data-wp-context=\"{&quot;imageId&quot;:&quot;6a99531a9a1dc&quot;}\" data-wp-interactive=\"core\/image\" data-wp-key=\"6a99531a9a1dc\" class=\"aligncenter size-full wp-lightbox-container\"><img decoding=\"async\" data-wp-class--hide=\"state.isContentHidden\" data-wp-class--show=\"state.isContentVisible\" data-wp-init=\"callbacks.setButtonStyles\" data-wp-on--click=\"actions.showLightbox\" data-wp-on--load=\"callbacks.setButtonStyles\" data-wp-on--pointerdown=\"actions.preloadImage\" data-wp-on--pointerenter=\"actions.preloadImageWithDelay\" data-wp-on--pointerleave=\"actions.cancelPreload\" data-wp-on-window--resize=\"callbacks.setButtonStyles\" src=\"https:\/\/www.loudavymkrokem.cz\/wp-content\/uploads\/2023\/05\/barcelona-arc-de-triomph.jpg\" alt=\"Arc de Triomf en Barcelona\" class=\"wp-image-57872\" title=\"\"><button\n\t\t\tclass=\"lightbox-trigger\"\n\t\t\ttype=\"button\"\n\t\t\taria-haspopup=\"dialog\"\n\t\t\tdata-wp-bind--aria-label=\"state.thisImage.triggerButtonAriaLabel\"\n\t\t\tdata-wp-init=\"callbacks.initTriggerButton\"\n\t\t\tdata-wp-on--click=\"actions.showLightbox\"\n\t\t\tdata-wp-style--right=\"state.thisImage.buttonRight\"\n\t\t\tdata-wp-style--top=\"state.thisImage.buttonTop\"\n\t\t>\n\t\t\t<svg xmlns=\"http:\/\/www.w3.org\/2000\/svg\" width=\"12\" height=\"12\" fill=\"none\" viewBox=\"0 0 12 12\">\n\t\t\t\t<path fill=\"#fff\" d=\"M2 0a2 2 0 0 0-2 2v2h1.5V2a.5.5 0 0 1 .5-.5h2V0H2Zm2 10.5H2a.5.5 0 0 1-.5-.5V8H0v2a2 2 0 0 0 2 2h2v-1.5ZM8 12v-1.5h2a.5.5 0 0 0 .5-.5V8H12v2a2 2 0 0 1-2 2H8Zm2-12a2 2 0 0 1 2 2v2h-1.5V2a.5.5 0 0 0-.5-.5H8V0h2Z\" \/>\n\t\t\t<\/svg>\n\t\t<\/button><figcaption class=\"wp-element-caption\">Arco del Triunfo en Barcelona<\/figcaption><\/figure>\n<\/div>\n\n\n<h3 class=\"wp-block-heading\"><span class=\"ez-toc-section\" id=\"20_Parc_de_la_Ciutadella\"><\/span>20. Parc de la Ciutadella<span class=\"ez-toc-section-end\"><\/span><\/h3>\n\n\n\n<p class=\"wp-block-paragraph\">Un oasis verde en el centro de la ciudad, con una fuente, un lago para dar paseos en barca y el zoo de Barcelona. Ideal para un p\u00edcnic o para descansar entre visitas. En el parque te cruzar\u00e1s con vecinos que pasean al perro, hacen yoga o simplemente descansan sobre la hierba. La entrada al parque es gratuita.<\/p>\n\n\n\n<p class=\"wp-block-paragraph\">La Cascada Monumental, la fuente monumental de la parte norte del parque, es por cierto obra de un joven Gaud\u00ed, que colabor\u00f3 en ella siendo estudiante. As\u00ed que tambi\u00e9n aqu\u00ed te espera un trocito de su genio.<\/p>\n\n\n\n<h3 class=\"wp-block-heading\"><span class=\"ez-toc-section\" id=\"21_Tibidabo_las_mejores_vistas_de_Barcelona\"><\/span>21. Tibidabo, las mejores vistas de Barcelona<span class=\"ez-toc-section-end\"><\/span><\/h3>\n\n\n\n<figure data-wp-context=\"{&quot;imageId&quot;:&quot;6a99531a9afb2&quot;}\" data-wp-interactive=\"core\/image\" data-wp-key=\"6a99531a9afb2\" class=\"wp-block-image size-full wp-lightbox-container\"><img decoding=\"async\" width=\"1600\" height=\"1067\" data-wp-class--hide=\"state.isContentHidden\" data-wp-class--show=\"state.isContentVisible\" data-wp-init=\"callbacks.setButtonStyles\" data-wp-on--click=\"actions.showLightbox\" data-wp-on--load=\"callbacks.setButtonStyles\" data-wp-on--pointerdown=\"actions.preloadImage\" data-wp-on--pointerenter=\"actions.preloadImageWithDelay\" data-wp-on--pointerleave=\"actions.cancelPreload\" data-wp-on-window--resize=\"callbacks.setButtonStyles\" src=\"https:\/\/loudavymkrokem.cz\/wp-content\/uploads\/2026\/08\/barcelona-tibidabo-a-chram-sagrat-cor-px.jpg\" alt=\"Templo del Sagrat Cor en la cima del Tibidabo sobre Barcelona\" class=\"wp-image-376528\" title=\"\" srcset=\"https:\/\/loudavymkrokem.cz\/wp-content\/uploads\/2026\/08\/barcelona-tibidabo-a-chram-sagrat-cor-px.jpg 1600w, https:\/\/loudavymkrokem.cz\/wp-content\/uploads\/2026\/08\/barcelona-tibidabo-a-chram-sagrat-cor-px-300x200.jpg 300w, https:\/\/loudavymkrokem.cz\/wp-content\/uploads\/2026\/08\/barcelona-tibidabo-a-chram-sagrat-cor-px-700x467.jpg 700w, https:\/\/loudavymkrokem.cz\/wp-content\/uploads\/2026\/08\/barcelona-tibidabo-a-chram-sagrat-cor-px-768x512.jpg 768w, https:\/\/loudavymkrokem.cz\/wp-content\/uploads\/2026\/08\/barcelona-tibidabo-a-chram-sagrat-cor-px-1536x1024.jpg 1536w, https:\/\/loudavymkrokem.cz\/wp-content\/uploads\/2026\/08\/barcelona-tibidabo-a-chram-sagrat-cor-px-696x464.jpg 696w, https:\/\/loudavymkrokem.cz\/wp-content\/uploads\/2026\/08\/barcelona-tibidabo-a-chram-sagrat-cor-px-1392x928.jpg 1392w\" sizes=\"(max-width: 1600px) 100vw, 1600px\" \/><button\n\t\t\tclass=\"lightbox-trigger\"\n\t\t\ttype=\"button\"\n\t\t\taria-haspopup=\"dialog\"\n\t\t\tdata-wp-bind--aria-label=\"state.thisImage.triggerButtonAriaLabel\"\n\t\t\tdata-wp-init=\"callbacks.initTriggerButton\"\n\t\t\tdata-wp-on--click=\"actions.showLightbox\"\n\t\t\tdata-wp-style--right=\"state.thisImage.buttonRight\"\n\t\t\tdata-wp-style--top=\"state.thisImage.buttonTop\"\n\t\t>\n\t\t\t<svg xmlns=\"http:\/\/www.w3.org\/2000\/svg\" width=\"12\" height=\"12\" fill=\"none\" viewBox=\"0 0 12 12\">\n\t\t\t\t<path fill=\"#fff\" d=\"M2 0a2 2 0 0 0-2 2v2h1.5V2a.5.5 0 0 1 .5-.5h2V0H2Zm2 10.5H2a.5.5 0 0 1-.5-.5V8H0v2a2 2 0 0 0 2 2h2v-1.5ZM8 12v-1.5h2a.5.5 0 0 0 .5-.5V8H12v2a2 2 0 0 1-2 2H8Zm2-12a2 2 0 0 1 2 2v2h-1.5V2a.5.5 0 0 0-.5-.5H8V0h2Z\" \/>\n\t\t\t<\/svg>\n\t\t<\/button><\/figure>\n\n\n\n<p class=\"wp-block-paragraph\">Al principio, Luk\u00e1\u0161 y yo quer\u00edamos subir aqu\u00ed en coche de camino a la ciudad, pero en las rese\u00f1as le\u00edmos que aqu\u00ed roban en los coches con frecuencia (las dos \u00faltimas rese\u00f1as eran fotos de coches con los cristales rotos). <strong>Al final nos saltamos este mirador y, por el mal tiempo, ya no volvimos a subir desde la ciudad.<\/strong> Pero si tienes suerte con el tiempo, seg\u00fan nuestra investigaci\u00f3n es uno de los mejores miradores de la ciudad.<\/p>\n\n\n\n<p class=\"wp-block-paragraph\">En la cima de la colina est\u00e1 la preciosa iglesia del Sagrat Cor y tambi\u00e9n un popular parque de atracciones. Si subes a pie, por el camino pasar\u00e1s por uno de los barrios m\u00e1s ricos y envidiables de Barcelona. Entrada al parque: 12 EUR.<\/p>\n\n\n\n<h3 class=\"wp-block-heading\"><span class=\"ez-toc-section\" id=\"22_Espectaculo_de_flamenco\"><\/span>22. Espect\u00e1culo de flamenco<span class=\"ez-toc-section-end\"><\/span><\/h3>\n\n\n\n<p class=\"wp-block-paragraph\">Aunque el flamenco viene de Andaluc\u00eda, en Barcelona encontrar\u00e1s grandes espect\u00e1culos. Es una de esas experiencias que sencillamente forman parte de Espa\u00f1a. La energ\u00eda de los bailaores y los guitarristas te atrapa aunque pensaras que no te iba a interesar; cr\u00e9eme. \ud83d\ude05<\/p>\n\n\n\n<p class=\"wp-block-paragraph\">Te recomendamos el <strong>Tablao Cordob\u00e9s<\/strong>, en La Rambla (s\u00ed, por una vez hay algo en La Rambla que merece la pena) o el m\u00e1s \u00edntimo <strong>Jazz S\u00ed Club<\/strong>, en El Raval. Precios desde 25 EUR.<\/p>\n\n\n\n\n<div class=\"lk-stays-module\">\n<style>\n\/* \u2500\u2500\u2500 RESET PRO GUTENBERG \u2500\u2500\u2500 *\/\n.lk-stays-module * { box-sizing: border-box; margin: 0; padding: 0; }\n\n\/* \u2500\u2500\u2500 WRAPPER \u2500\u2500\u2500 *\/\n.lk-stays-module {\n  font-family: 'DM Sans', Georgia, sans-serif;\n  max-width: 100%;\n  margin: 2.5rem auto;\n  background: linear-gradient(135deg, #fdfaf5 0%, #fcf8f0 100%);\n  border: 1px solid #e8dfd4;\n  border-radius: 16px;\n  overflow: hidden;\n  box-shadow: 0 16px 48px rgba(195, 159, 118, 0.25), 0 4px 12px rgba(0,0,0,0.08);\n}\n\n\/* \u2500\u2500\u2500 HEADER \u2500\u2500\u2500 *\/\n.lk-stays-header {\n  position: relative;\n  padding: 24px 36px 24px;\n  background: linear-gradient(135deg, #c39f76 0%, #d4b188 60%, #c39f76 100%);\n  border-bottom: 1px solid rgba(255,255,255,.15);\n  display: flex;\n  align-items: center;\n  gap: 18px;\n}\n.lk-stays-header::before {\n  content: '';\n  position: absolute;\n  inset: 0;\n  background: url(\"data:image\/svg+xml,%3Csvg width='60' height='60' viewBox='0 0 60 60' xmlns='http:\/\/www.w3.org\/2000\/svg'%3E%3Cg fill='none' fill-rule='evenodd'%3E%3Cg fill='%23ffffff' fill-opacity='0.05'%3E%3Cpath d='M36 34v-4h-2v4h-4v2h4v4h2v-4h4v-2h-4zm0-30V0h-2v4h-4v2h4v4h2V6h4V4h-4zM6 34v-4H4v4H0v2h4v4h2v-4h4v-2H6zM6 4V0H4v4H0v2h4v4h2V6h4V4H6z'\/%3E%3C\/g%3E%3C\/g%3E%3C\/svg%3E\") repeat;\n  pointer-events: none;\n}\n.lk-stays-icon {\n  flex-shrink: 0;\n  width: 68px;\n  height: 68px;\n  border-radius: 14px;\n  background: linear-gradient(135deg, #fff 0%, #f9f6f0 100%);\n  display: flex;\n  align-items: center;\n  justify-content: center;\n  font-size: 26px;\n  box-shadow: 0 4px 12px rgba(0,0,0,0.15);\n}\n.lk-stays-eyebrow {\n  font-size: 10px;\n  font-weight: 500;\n  letter-spacing: 2.5px;\n  text-transform: uppercase;\n  color: rgba(255,255,255,.85);\n  margin: 0 0 5px 0;\n}\n.lk-stays-title {\n  font-family: 'Playfair Display', Georgia, serif;\n  font-size: 24px;\n  font-weight: 700;\n  color: #fff;\n  line-height: 1.2;\n  text-shadow: 0 1px 2px rgba(0,0,0,0.1);\n  margin: 0;\n}\n.lk-stays-subtitle {\n  font-size: 13px;\n  color: rgba(255,255,255,.75);\n  margin: 4px 0 0 0;\n  font-weight: 300;\n}\n\n\/* \u2500\u2500\u2500 CARDS GRID \u2500\u2500\u2500 *\/\n.lk-stays-grid {\n  display: grid;\n  grid-template-columns: 1fr 1fr;\n  gap: 1px;\n  background: rgba(195, 159, 118, 0.12);\n}\n\n\/* \u2500\u2500\u2500 SINGLE CARD \u2500\u2500\u2500 *\/\n.lk-stay-card {\n  background: #ffffff;\n  padding: 26px;\n  display: flex;\n  flex-direction: column;\n  gap: 11px;\n  transition: all 0.3s ease;\n  text-decoration: none;\n  color: inherit;\n  position: relative;\n}\n.lk-stay-card:hover {\n  background: #fffbf5;\n  transform: translateY(-2px);\n  box-shadow: 0 8px 24px rgba(195, 159, 118, 0.18);\n  z-index: 1;\n}\n.lk-stay-card.featured {\n  background: linear-gradient(135deg, #fffdf9 0%, #fff9f0 100%);\n  box-shadow: 0 4px 16px rgba(195, 159, 118, 0.15), inset 0 1px 0 rgba(195, 159, 118, 0.1);\n}\n.lk-stay-card.featured:hover {\n  background: linear-gradient(135deg, #fffbf5 0%, #fff8ed 100%);\n  box-shadow: 0 8px 24px rgba(195, 159, 118, 0.25), inset 0 1px 0 rgba(195, 159, 118, 0.15);\n}\n\n.lk-stay-badge {\n  display: inline-flex;\n  align-items: center;\n  gap: 5px;\n  font-size: 10px;\n  font-weight: 500;\n  letter-spacing: 1.5px;\n  text-transform: uppercase;\n  padding: 5px 11px;\n  border-radius: 20px;\n  width: fit-content;\n}\n.badge-top     { background: linear-gradient(135deg, #c39f76 0%, #d4b188 100%); color: #fff; border: 1px solid #c39f76; font-weight: 600; box-shadow: 0 2px 8px rgba(195,159,118,0.3); }\n.badge-luxury  { background: rgba(195,159,118,.12); color: #c39f76; border: 1px solid rgba(195,159,118,.25); }\n.badge-boutique{ background: rgba(54,133,252,.08); color: #3685fc; border: 1px solid rgba(54,133,252,.2); }\n.badge-nature  { background: rgba(130,190,100,.1); color: #6b9c4a; border: 1px solid rgba(130,190,100,.2); }\n.badge-remote  { background: rgba(195,159,118,.12); color: #a67e50; border: 1px solid rgba(195,159,118,.25); }\n\n.lk-stay-name {\n  font-family: 'Playfair Display', Georgia, serif;\n  font-size: 18px;\n  font-weight: 700;\n  color: #111827;\n  line-height: 1.3;\n}\n.lk-stay-desc {\n  font-size: 13.5px;\n  color: #525252;\n  line-height: 1.65;\n  font-weight: 300;\n  flex: 1;\n}\n\n.lk-stay-meta {\n  display: flex;\n  align-items: center;\n  gap: 12px;\n  flex-wrap: wrap;\n  margin-top: 4px;\n}\n.lk-stay-price {\n  font-size: 13px;\n  color: #6b7280;\n}\n.lk-stay-price strong {\n  color: #c39f76;\n  font-weight: 500;\n}\n.lk-stay-stars {\n  color: #c39f76;\n  font-size: 11px;\n  letter-spacing: 1px;\n}\n\n\/* \u2500\u2500\u2500 CTA BUTTON \u2500\u2500\u2500 *\/\n.lk-stay-cta {\n  display: inline-flex;\n  align-items: center;\n  justify-content: center;\n  gap: 7px;\n  margin-top: 8px;\n  padding: 11px 20px;\n  border-radius: 8px;\n  background: linear-gradient(135deg, #3685fc 0%, #2a6fd9 100%);\n  color: #fff;\n  font-size: 13px;\n  font-weight: 500;\n  text-decoration: none;\n  letter-spacing: .3px;\n  transition: all .2s ease;\n  cursor: pointer;\n  border: none;\n  text-align: center;\n  box-shadow: 0 4px 12px rgba(54, 133, 252, 0.25);\n}\n.lk-stay-cta:hover {\n  background: linear-gradient(135deg, #2a6fd9 0%, #1e5bc4 100%);\n  transform: translateY(-1px);\n  box-shadow: 0 6px 16px rgba(54, 133, 252, 0.35);\n}\n.lk-stay-cta svg { flex-shrink: 0; }\n\n\/* \u2500\u2500\u2500 FOOTER \u2500\u2500\u2500 *\/\n.lk-stays-footer {\n  padding: 18px 36px;\n  background: linear-gradient(to bottom, #fdfaf5 0%, #f9f4ed 100%);\n  border-top: 1px solid rgba(195, 159, 118, 0.15);\n  display: flex;\n  align-items: center;\n  justify-content: space-between;\n  flex-wrap: wrap;\n  gap: 12px;\n}\n.lk-stays-footer-note {\n  font-size: 11.5px;\n  color: #6b7280;\n  font-weight: 300;\n  line-height: 1.5;\n}\n.lk-stays-footer-note a {\n  color: #c39f76;\n  text-decoration: none;\n  font-weight: 400;\n}\n.lk-stays-footer-note a:hover {\n  text-decoration: underline;\n}\n.lk-stays-all-btn {\n  display: inline-flex;\n  align-items: center;\n  gap: 6px;\n  font-size: 12.5px;\n  font-weight: 500;\n  color: #c39f76;\n  text-decoration: none;\n  border: 1px solid rgba(195, 159, 118, 0.35);\n  padding: 8px 18px;\n  border-radius: 8px;\n  transition: all .2s ease;\n}\n.lk-stays-all-btn:hover {\n  background: rgba(195, 159, 118, 0.08);\n  border-color: rgba(195, 159, 118, 0.5);\n}\n\n\/* \u2500\u2500\u2500 RESPONSIVE \u2500\u2500\u2500 *\/\n@media (max-width: 600px) {\n  .lk-stays-grid { grid-template-columns: 1fr; }\n  .lk-stays-header { padding: 24px 20px; }\n  .lk-stays-footer { padding: 16px 20px; }\n  .lk-stay-card { padding: 22px; }\n  .lk-stays-title { font-size: 20px; }\n}\n<\/style>\n\n  <!-- HEADER -->\n  <div class=\"lk-stays-header\">\n    <img decoding=\"async\" src=\"https:\/\/loudavymkrokem.cz\/wp-content\/uploads\/2026\/02\/lukas-a-lucka.jpg\" alt=\"Lucie a Luk\u00e1\u0161\" style=\"width: 75px; height: 75px; border-radius: 8px; flex-shrink: 0; object-fit: cover; display: block; margin: 4px 0;\" title=\"\">\n    <div class=\"lk-stays-header-text\">\n      <div class=\"lk-stays-eyebrow\">Luk\u00e1\u0161 y Lucie recomiendan<\/div>\n      <div class=\"lk-stays-title\">D\u00f3nde alojarse en Barcelona<\/div>\n      <div class=\"lk-stays-subtitle\">5 alojamientos \u2014 hoteles y otras opciones de alojamiento<\/div>\n    <\/div>\n  <\/div>\n\n  <!-- CARDS -->\n  <div class=\"lk-stays-grid\">\n\n    <a class=\"lk-stay-card featured\" href=\"https:\/\/www.stay22.com\/allez\/roam?aid=lukaskonecny&#038;campaign=loudavymkrokemcz&#038;campaign=es&#038;campaign=barcelona&#038;address=Barcelona&#038;hotelname=Hostal+Portugal&#038;search=Hostal+Portugal&#038;category=accommodation\" target=\"_blank\" rel=\"nofollow noopener\">\n      <span class=\"lk-stay-badge badge-top\">\u2b50 MEJOR OPCI\u00d3N<\/span>\n      <span class=\"lk-stay-badge badge-nature\">\ud83c\udfe1 Pensi\u00f3n\/B&#038;B<\/span>\n      <div class=\"lk-stay-name\">Hostal Portugal<\/div>\n      <div class=\"lk-stay-desc\">Hostal con estilo cerca de La Rambla y a 13 minutos a pie de la playa. Recomendado como alojamiento econ\u00f3mico en Barcelona.<\/div>\n      <div class=\"lk-stay-meta\">\n        <span class=\"lk-stay-stars\">\u2605\u2605\u2605\u2605<\/span>\n        <span class=\"lk-stay-price\">Consultar precios<\/span>\n      <\/div>\n      <span class=\"lk-stay-cta\">\n        <svg width=\"14\" height=\"14\" viewBox=\"0 0 24 24\" fill=\"none\" stroke=\"currentColor\" stroke-width=\"2\"><path d=\"M18 13v6a2 2 0 0 1-2 2H5a2 2 0 0 1-2-2V8a2 2 0 0 1 2-2h6\"\/><polyline points=\"15 3 21 3 21 9\"\/><line x1=\"10\" y1=\"14\" x2=\"21\" y2=\"3\"\/><\/svg>\n        Comprobar disponibilidad\n      <\/span>\n    <\/a>\n\n    <a class=\"lk-stay-card\" href=\"https:\/\/www.stay22.com\/allez\/roam?aid=lukaskonecny&#038;campaign=loudavymkrokemcz&#038;campaign=es&#038;campaign=barcelona&#038;address=Barcelona&#038;hotelname=Sant+Jordi+Hostels+Gracia&#038;search=Sant+Jordi+Hostels+Gracia&#038;category=accommodation\" target=\"_blank\" rel=\"nofollow noopener\">\n      <span class=\"lk-stay-badge badge-nature\">\ud83c\udfe1 Pensi\u00f3n\/B&#038;B<\/span>\n      <div class=\"lk-stay-name\">Sant Jordi Hostels Gracia<\/div>\n      <div class=\"lk-stay-desc\">Hostal bohemio en el barrio de Gr\u00e0cia. Recomendado como alternativa a Hostal Portugal para viajeros con presupuesto ajustado.<\/div>\n      <div class=\"lk-stay-meta\">\n        <span class=\"lk-stay-stars\">\u2605\u2605\u2605\u2605<\/span>\n        <span class=\"lk-stay-price\">Consultar precios<\/span>\n      <\/div>\n      <span class=\"lk-stay-cta\">\n        <svg width=\"14\" height=\"14\" viewBox=\"0 0 24 24\" fill=\"none\" stroke=\"currentColor\" stroke-width=\"2\"><path d=\"M18 13v6a2 2 0 0 1-2 2H5a2 2 0 0 1-2-2V8a2 2 0 0 1 2-2h6\"\/><polyline points=\"15 3 21 3 21 9\"\/><line x1=\"10\" y1=\"14\" x2=\"21\" y2=\"3\"\/><\/svg>\n        Comprobar disponibilidad\n      <\/span>\n    <\/a>\n\n    <a class=\"lk-stay-card\" href=\"https:\/\/www.stay22.com\/allez\/roam?aid=lukaskonecny&#038;campaign=loudavymkrokemcz&#038;campaign=es&#038;campaign=barcelona&#038;address=Barcelona&#038;hotelname=Hotel+Granvia&#038;search=Hotel+Granvia&#038;category=accommodation\" target=\"_blank\" rel=\"nofollow noopener\">\n      <span class=\"lk-stay-badge badge-nature\">\ud83c\udfe8 Hotel<\/span>\n      <div class=\"lk-stay-name\">Hotel Granvia<\/div>\n      <div class=\"lk-stay-desc\">Ubicado en un hermoso edificio del siglo XIX que ha sido renovado con gusto y modernidad. Mejor relaci\u00f3n calidad-precio.<\/div>\n      <div class=\"lk-stay-meta\">\n        <span class=\"lk-stay-stars\">\u2605\u2605\u2605\u2605<\/span>\n        <span class=\"lk-stay-price\">Consultar precios<\/span>\n      <\/div>\n      <span class=\"lk-stay-cta\">\n        <svg width=\"14\" height=\"14\" viewBox=\"0 0 24 24\" fill=\"none\" stroke=\"currentColor\" stroke-width=\"2\"><path d=\"M18 13v6a2 2 0 0 1-2 2H5a2 2 0 0 1-2-2V8a2 2 0 0 1 2-2h6\"\/><polyline points=\"15 3 21 3 21 9\"\/><line x1=\"10\" y1=\"14\" x2=\"21\" y2=\"3\"\/><\/svg>\n        Comprobar disponibilidad\n      <\/span>\n    <\/a>\n\n    <a class=\"lk-stay-card\" href=\"https:\/\/www.stay22.com\/allez\/roam?aid=lukaskonecny&#038;campaign=loudavymkrokemcz&#038;campaign=es&#038;campaign=barcelona&#038;address=Barcelona&#038;hotelname=Hotel+Gaud%C3%AD&#038;search=Hotel+Gaud%C3%AD&#038;category=accommodation\" target=\"_blank\" rel=\"nofollow noopener\">\n      <span class=\"lk-stay-badge badge-nature\">\ud83c\udfe8 Hotel<\/span>\n      <div class=\"lk-stay-name\">Hotel Gaud\u00ed<\/div>\n      <div class=\"lk-stay-desc\">Hotel con vistas magn\u00edficas desde la azotea al Palau G\u00fcell. Las habitaciones son peque\u00f1as, pero la terraza en la azotea lo compensa con creces. Destacado como la mejor vista.<\/div>\n      <div class=\"lk-stay-meta\">\n        <span class=\"lk-stay-stars\">\u2605\u2605\u2605\u2605<\/span>\n        <span class=\"lk-stay-price\">Consultar precios<\/span>\n      <\/div>\n      <span class=\"lk-stay-cta\">\n        <svg width=\"14\" height=\"14\" viewBox=\"0 0 24 24\" fill=\"none\" stroke=\"currentColor\" stroke-width=\"2\"><path d=\"M18 13v6a2 2 0 0 1-2 2H5a2 2 0 0 1-2-2V8a2 2 0 0 1 2-2h6\"\/><polyline points=\"15 3 21 3 21 9\"\/><line x1=\"10\" y1=\"14\" x2=\"21\" y2=\"3\"\/><\/svg>\n        Comprobar disponibilidad\n      <\/span>\n    <\/a>\n\n    <a class=\"lk-stay-card\" href=\"https:\/\/www.stay22.com\/allez\/roam?aid=lukaskonecny&#038;campaign=loudavymkrokemcz&#038;campaign=es&#038;campaign=barcelona&#038;address=barcelona\" target=\"_blank\" rel=\"nofollow noopener\">\n      <span class=\"lk-stay-badge badge-nature\">\ud83d\udd0d Buscar<\/span>\n      <div class=\"lk-stay-name\">Ver todos los alojamientos en Barcelona<\/div>\n      <div class=\"lk-stay-desc\">Explore todas las opciones de alojamiento disponibles en Barcelona y encuentre la mejor seg\u00fan sus preferencias y presupuesto.<\/div>\n      <div class=\"lk-stay-meta\">\n        <span class=\"lk-stay-stars\">\u2605\u2605\u2605\u2605<\/span>\n        <span class=\"lk-stay-price\">Comparar precios<\/span>\n      <\/div>\n      <span class=\"lk-stay-cta\">\n        <svg width=\"14\" height=\"14\" viewBox=\"0 0 24 24\" fill=\"none\" stroke=\"currentColor\" stroke-width=\"2\"><path d=\"M18 13v6a2 2 0 0 1-2 2H5a2 2 0 0 1-2-2V8a2 2 0 0 1 2-2h6\"\/><polyline points=\"15 3 21 3 21 9\"\/><line x1=\"10\" y1=\"14\" x2=\"21\" y2=\"3\"\/><\/svg>\n        Comprobar disponibilidad\n      <\/span>\n    <\/a>\n\n  <\/div>\n\n  \n<\/div>\n\n\n\n\n<h3 class=\"wp-block-heading\"><span class=\"ez-toc-section\" id=\"23_El_bar_secreto_Paradiso\"><\/span>23. El bar secreto Paradiso<span class=\"ez-toc-section-end\"><\/span><\/h3>\n\n\n\n<p class=\"wp-block-paragraph\">A este bar se entra a trav\u00e9s de una nevera en el escaparate de una tienda de panini, as\u00ed que la experiencia empieza ya en la puerta. El bar fue elegido <strong>20.\u00ba mejor bar del mundo<\/strong> en 2019 y en <strong><a href=\"https:\/\/www.worlds50bestbars.com\/the-list\/paradiso.html\" target=\"_blank\" data-schema-attribute=\"mentions\" rel=\"noreferrer noopener\">2022 ya el mejor bar del mundo.<\/a><\/strong><\/p>\n\n\n\n<p class=\"wp-block-paragraph\">Suele estar abierto de 21:00 a 3:00 y la entrada es GRATIS. Pero ojo: suele haber cola, as\u00ed que te recomendamos llegar poco despu\u00e9s de la apertura. Los c\u00f3cteles son creativos y buen\u00edsimos, aunque de precio algo alto (en torno a 15-18 EUR).<\/p>\n\n\n\n<h3 class=\"wp-block-heading\"><span class=\"ez-toc-section\" id=\"24_Mercat_de_Santa_Caterina\"><\/span>24. Mercat de Santa Caterina<span class=\"ez-toc-section-end\"><\/span><\/h3>\n\n\n\n<p class=\"wp-block-paragraph\">Si La Boqueria te parece demasiado tur\u00edstica (y lo es), ac\u00e9rcate al <strong>Mercat de Santa Caterina<\/strong>, en el barrio de El Born. Este mercado tiene una preciosa cubierta ondulada de colores y dentro encontrar\u00e1s vendedores locales donde compran sobre todo los vecinos. Menos gente, un ambiente m\u00e1s aut\u00e9ntico y unos bares de tapas estupendos dentro del propio mercado.<\/p>\n\n\n\n<h3 class=\"wp-block-heading\"><span class=\"ez-toc-section\" id=\"25_Barcelona_de_noche_bares_en_azoteas_y_vistas\"><\/span>25. Barcelona de noche: bares en azoteas y vistas<span class=\"ez-toc-section-end\"><\/span><\/h3>\n\n\n\n<figure data-wp-context=\"{&quot;imageId&quot;:&quot;6a99531a9b961&quot;}\" data-wp-interactive=\"core\/image\" data-wp-key=\"6a99531a9b961\" class=\"wp-block-image size-full wp-lightbox-container\"><img decoding=\"async\" width=\"1333\" height=\"2000\" data-wp-class--hide=\"state.isContentHidden\" data-wp-class--show=\"state.isContentVisible\" data-wp-init=\"callbacks.setButtonStyles\" data-wp-on--click=\"actions.showLightbox\" data-wp-on--load=\"callbacks.setButtonStyles\" data-wp-on--pointerdown=\"actions.preloadImage\" data-wp-on--pointerenter=\"actions.preloadImageWithDelay\" data-wp-on--pointerleave=\"actions.cancelPreload\" data-wp-on-window--resize=\"callbacks.setButtonStyles\" src=\"https:\/\/loudavymkrokem.cz\/wp-content\/uploads\/2026\/08\/barcelona-rooftop-panorama.jpg\" alt=\"Panorama de Barcelona desde la terraza en la azotea de un hotel\" class=\"wp-image-376354\" title=\"\" srcset=\"https:\/\/loudavymkrokem.cz\/wp-content\/uploads\/2026\/08\/barcelona-rooftop-panorama.jpg 1333w, https:\/\/loudavymkrokem.cz\/wp-content\/uploads\/2026\/08\/barcelona-rooftop-panorama-200x300.jpg 200w, https:\/\/loudavymkrokem.cz\/wp-content\/uploads\/2026\/08\/barcelona-rooftop-panorama-700x1050.jpg 700w, https:\/\/loudavymkrokem.cz\/wp-content\/uploads\/2026\/08\/barcelona-rooftop-panorama-768x1152.jpg 768w, https:\/\/loudavymkrokem.cz\/wp-content\/uploads\/2026\/08\/barcelona-rooftop-panorama-1024x1536.jpg 1024w, https:\/\/loudavymkrokem.cz\/wp-content\/uploads\/2026\/08\/barcelona-rooftop-panorama-696x1044.jpg 696w\" sizes=\"(max-width: 1333px) 100vw, 1333px\" \/><button\n\t\t\tclass=\"lightbox-trigger\"\n\t\t\ttype=\"button\"\n\t\t\taria-haspopup=\"dialog\"\n\t\t\tdata-wp-bind--aria-label=\"state.thisImage.triggerButtonAriaLabel\"\n\t\t\tdata-wp-init=\"callbacks.initTriggerButton\"\n\t\t\tdata-wp-on--click=\"actions.showLightbox\"\n\t\t\tdata-wp-style--right=\"state.thisImage.buttonRight\"\n\t\t\tdata-wp-style--top=\"state.thisImage.buttonTop\"\n\t\t>\n\t\t\t<svg xmlns=\"http:\/\/www.w3.org\/2000\/svg\" width=\"12\" height=\"12\" fill=\"none\" viewBox=\"0 0 12 12\">\n\t\t\t\t<path fill=\"#fff\" d=\"M2 0a2 2 0 0 0-2 2v2h1.5V2a.5.5 0 0 1 .5-.5h2V0H2Zm2 10.5H2a.5.5 0 0 1-.5-.5V8H0v2a2 2 0 0 0 2 2h2v-1.5ZM8 12v-1.5h2a.5.5 0 0 0 .5-.5V8H12v2a2 2 0 0 1-2 2H8Zm2-12a2 2 0 0 1 2 2v2h-1.5V2a.5.5 0 0 0-.5-.5H8V0h2Z\" \/>\n\t\t\t<\/svg>\n\t\t<\/button><\/figure>\n\n\n\n<p class=\"wp-block-paragraph\">Barcelona de noche es una ciudad completamente distinta. Los espa\u00f1oles cenan hacia las 21:00-22:00 y la ciudad cobra vida justo cuando en Espa\u00f1a t\u00fa quiz\u00e1 ya te ir\u00edas a dormir. Si quieres vivir la magia nocturna de Barcelona, sube a alguno de los bares de azotea con vistas a la ciudad.<\/p>\n\n\n\n<p class=\"wp-block-paragraph\">Te recomendamos la <strong>Terraza del Hotel Majestic<\/strong>, en el Passeig de Gr\u00e0cia (con vistas a la Casa Batll\u00f3 y La Pedrera), o <strong>The Roof<\/strong>, en el hotel Ohla Barcelona, con vistas al Barrio G\u00f3tico. Y si no te apetece gastar en c\u00f3cteles, basta con pasear por las callejuelas iluminadas de El Born o sentarse en la playa: Barcelona de noche es m\u00e1gica incluso gratis.<\/p>\n\n\n\n<h2 class=\"wp-block-heading\"><span class=\"ez-toc-section\" id=\"Donde_comer_tapas_y_que_probar_en_Barcelona\"><\/span><span class=\"ez-toc-section\" id=\"Donde_comer_tapas_en_Barcelona\">D\u00f3nde comer tapas y qu\u00e9 probar en Barcelona<\/span><span class=\"ez-toc-section-end\"><\/span><\/h2>\n\n\n\n<p class=\"wp-block-paragraph\">Barcelona es un para\u00edso para los amantes de la buena mesa. Adem\u00e1s de las cl\u00e1sicas tapas y la paella, deber\u00edas probar estas especialidades catalanas:<\/p>\n\n\n\n<ul class=\"wp-block-list\">\n\n<li><strong>Patatas bravas:<\/strong> patatas fritas con salsa picante (dicen que las mejores est\u00e1n en el Bar Tom\u00e1s de Sarri\u00e0; nosotros no llegamos, pero los locales insisten en ello)<\/li>\n\n\n<li><strong>Bombas:<\/strong> especialidad de Barcelona, bolas de patata fritas rellenas de carne<\/li>\n\n\n<li><strong>Pa amb tom\u00e0quet:<\/strong> pan catal\u00e1n con tomate y aceite de oliva (parece sencillo, pero con un buen aceite de oliva es pura poes\u00eda)<\/li>\n\n\n<li><strong>Crema catalana:<\/strong> la versi\u00f3n local del cr\u00e8me br\u00fbl\u00e9e, m\u00e1s ligera y con toque c\u00edtrico<\/li>\n\n\n<li><strong>Fideu\u00e0:<\/strong> parecida a la paella, pero en lugar de arroz se usan fideos cortos<\/li>\n\n<\/ul>\n\n\n\n<p class=\"wp-block-paragraph\"><strong>Los mejores bares de tapas:<\/strong> <strong>El Xampanyet<\/strong> (El Born, ambiente aut\u00e9ntico y una cava estupenda), <strong>Bar Ca\u00f1ete<\/strong> (junto a La Rambla, precios m\u00e1s altos pero cocina excelente), <strong>La Pepita<\/strong> (Gr\u00e0cia, tapas creativas y ambiente local). Y una regla importante: <strong>evita los restaurantes que est\u00e1n justo en La Rambla<\/strong>, porque est\u00e1n car\u00edsimos y la calidad suele ser p\u00e9sima.<\/p>\n\n\n\n<h2 class=\"wp-block-heading\"><span class=\"ez-toc-section\" id=\"Itinerario_que_ver_en_Barcelona_en_1_2_o_3_dias\"><\/span><span class=\"ez-toc-section\" id=\"itinerario_que_ver_en_barcelona_1_2_3_dias\">Itinerario: qu\u00e9 ver en Barcelona en 1, 2 o 3 d\u00edas<\/span><span class=\"ez-toc-section-end\"><\/span><\/h2>\n\n\n\n<h3 class=\"wp-block-heading\"><span class=\"ez-toc-section\" id=\"Que_ver_en_Barcelona_en_1_dia\"><\/span>Qu\u00e9 ver en Barcelona en 1 d\u00eda<span class=\"ez-toc-section-end\"><\/span><\/h3>\n\n\n\n<figure data-wp-context=\"{&quot;imageId&quot;:&quot;6a99531a9c369&quot;}\" data-wp-interactive=\"core\/image\" data-wp-key=\"6a99531a9c369\" class=\"wp-block-image size-full wp-lightbox-container\"><img decoding=\"async\" width=\"2000\" height=\"1333\" data-wp-class--hide=\"state.isContentHidden\" data-wp-class--show=\"state.isContentVisible\" data-wp-init=\"callbacks.setButtonStyles\" data-wp-on--click=\"actions.showLightbox\" data-wp-on--load=\"callbacks.setButtonStyles\" data-wp-on--pointerdown=\"actions.preloadImage\" data-wp-on--pointerenter=\"actions.preloadImageWithDelay\" data-wp-on--pointerleave=\"actions.cancelPreload\" data-wp-on-window--resize=\"callbacks.setButtonStyles\" src=\"https:\/\/loudavymkrokem.cz\/wp-content\/uploads\/2026\/08\/barcelona-strecha-vyhled.jpg\" alt=\"Vistas a los tejados del casco antiguo de Barcelona desde una terraza\" class=\"wp-image-376351\" title=\"\" srcset=\"https:\/\/loudavymkrokem.cz\/wp-content\/uploads\/2026\/08\/barcelona-strecha-vyhled.jpg 2000w, https:\/\/loudavymkrokem.cz\/wp-content\/uploads\/2026\/08\/barcelona-strecha-vyhled-300x200.jpg 300w, https:\/\/loudavymkrokem.cz\/wp-content\/uploads\/2026\/08\/barcelona-strecha-vyhled-700x467.jpg 700w, https:\/\/loudavymkrokem.cz\/wp-content\/uploads\/2026\/08\/barcelona-strecha-vyhled-768x512.jpg 768w, https:\/\/loudavymkrokem.cz\/wp-content\/uploads\/2026\/08\/barcelona-strecha-vyhled-1536x1024.jpg 1536w, https:\/\/loudavymkrokem.cz\/wp-content\/uploads\/2026\/08\/barcelona-strecha-vyhled-696x464.jpg 696w, https:\/\/loudavymkrokem.cz\/wp-content\/uploads\/2026\/08\/barcelona-strecha-vyhled-1392x928.jpg 1392w, https:\/\/loudavymkrokem.cz\/wp-content\/uploads\/2026\/08\/barcelona-strecha-vyhled-1920x1280.jpg 1920w\" sizes=\"(max-width: 2000px) 100vw, 2000px\" \/><button\n\t\t\tclass=\"lightbox-trigger\"\n\t\t\ttype=\"button\"\n\t\t\taria-haspopup=\"dialog\"\n\t\t\tdata-wp-bind--aria-label=\"state.thisImage.triggerButtonAriaLabel\"\n\t\t\tdata-wp-init=\"callbacks.initTriggerButton\"\n\t\t\tdata-wp-on--click=\"actions.showLightbox\"\n\t\t\tdata-wp-style--right=\"state.thisImage.buttonRight\"\n\t\t\tdata-wp-style--top=\"state.thisImage.buttonTop\"\n\t\t>\n\t\t\t<svg xmlns=\"http:\/\/www.w3.org\/2000\/svg\" width=\"12\" height=\"12\" fill=\"none\" viewBox=\"0 0 12 12\">\n\t\t\t\t<path fill=\"#fff\" d=\"M2 0a2 2 0 0 0-2 2v2h1.5V2a.5.5 0 0 1 .5-.5h2V0H2Zm2 10.5H2a.5.5 0 0 1-.5-.5V8H0v2a2 2 0 0 0 2 2h2v-1.5ZM8 12v-1.5h2a.5.5 0 0 0 .5-.5V8H12v2a2 2 0 0 1-2 2H8Zm2-12a2 2 0 0 1 2 2v2h-1.5V2a.5.5 0 0 0-.5-.5H8V0h2Z\" \/>\n\t\t\t<\/svg>\n\t\t<\/button><\/figure>\n\n\n\n<p class=\"wp-block-paragraph\">\u00bfSolo tienes un d\u00eda en Barcelona? No pasa nada, ver\u00e1s mucho m\u00e1s de lo que crees. Este es nuestro plan sugerido:<\/p>\n\n\n\n<ul class=\"wp-block-list\">\n\n<li><strong>Ma\u00f1ana (9:00):<\/strong> Sagrada Fam\u00edlia. Reserva las entradas para las 9:00, cuando hay menos gente y la luz que atraviesa las vidrieras es m\u00e1s bonita<\/li>\n\n\n<li><strong>Media ma\u00f1ana (11:00):<\/strong> <a href=\"https:\/\/santpaubarcelona.org\/en\/\" target=\"_blank\" rel=\"noreferrer noopener nofollow\">Hospital de Sant Pau<\/a>, a solo 10 minutos a pie de la Sagrada, con una preciosa arquitectura modernista<\/li>\n\n\n<li><strong>Comida (12:30):<\/strong> despl\u00e1zate en metro hasta el Passeig de Gr\u00e0cia, contempla por fuera la Casa Batll\u00f3 y La Pedrera, y t\u00f3mate unas tapas en El Born (El Xampanyet)<\/li>\n\n\n<li><strong>Tarde (14:30):<\/strong> Barrio G\u00f3tico: catedral, Pont del Bisbe, Pla\u00e7a Reial<\/li>\n\n\n<li><strong>Atardecer (17:00):<\/strong> baja por La Rambla hasta el puerto y visita La Boqueria (cierra a las 20:30)<\/li>\n\n\n<li><strong>Noche:<\/strong> paseo por la Barceloneta y cena junto al mar<\/li>\n\n<\/ul>\n\n\n\n<h3 class=\"wp-block-heading\"><span class=\"ez-toc-section\" id=\"Que_ver_en_Barcelona_en_2_dias\"><\/span>Qu\u00e9 ver en Barcelona en 2 d\u00edas<span class=\"ez-toc-section-end\"><\/span><\/h3>\n\n\n\n<figure data-wp-context=\"{&quot;imageId&quot;:&quot;6a99531a9c942&quot;}\" data-wp-interactive=\"core\/image\" data-wp-key=\"6a99531a9c942\" class=\"wp-block-image size-full wp-lightbox-container\"><img decoding=\"async\" width=\"2000\" height=\"1333\" data-wp-class--hide=\"state.isContentHidden\" data-wp-class--show=\"state.isContentVisible\" data-wp-init=\"callbacks.setButtonStyles\" data-wp-on--click=\"actions.showLightbox\" data-wp-on--load=\"callbacks.setButtonStyles\" data-wp-on--pointerdown=\"actions.preloadImage\" data-wp-on--pointerenter=\"actions.preloadImageWithDelay\" data-wp-on--pointerleave=\"actions.cancelPreload\" data-wp-on-window--resize=\"callbacks.setButtonStyles\" src=\"https:\/\/loudavymkrokem.cz\/wp-content\/uploads\/2026\/08\/sagrada-familia-interier-sloupy.jpg\" alt=\"Bosque de columnas de piedra en el interior de la Sagrada Fam\u00edlia\" class=\"wp-image-376323\" title=\"\" srcset=\"https:\/\/loudavymkrokem.cz\/wp-content\/uploads\/2026\/08\/sagrada-familia-interier-sloupy.jpg 2000w, https:\/\/loudavymkrokem.cz\/wp-content\/uploads\/2026\/08\/sagrada-familia-interier-sloupy-300x200.jpg 300w, https:\/\/loudavymkrokem.cz\/wp-content\/uploads\/2026\/08\/sagrada-familia-interier-sloupy-700x467.jpg 700w, https:\/\/loudavymkrokem.cz\/wp-content\/uploads\/2026\/08\/sagrada-familia-interier-sloupy-768x512.jpg 768w, https:\/\/loudavymkrokem.cz\/wp-content\/uploads\/2026\/08\/sagrada-familia-interier-sloupy-1536x1024.jpg 1536w, https:\/\/loudavymkrokem.cz\/wp-content\/uploads\/2026\/08\/sagrada-familia-interier-sloupy-696x464.jpg 696w, https:\/\/loudavymkrokem.cz\/wp-content\/uploads\/2026\/08\/sagrada-familia-interier-sloupy-1392x928.jpg 1392w, https:\/\/loudavymkrokem.cz\/wp-content\/uploads\/2026\/08\/sagrada-familia-interier-sloupy-1920x1280.jpg 1920w\" sizes=\"(max-width: 2000px) 100vw, 2000px\" \/><button\n\t\t\tclass=\"lightbox-trigger\"\n\t\t\ttype=\"button\"\n\t\t\taria-haspopup=\"dialog\"\n\t\t\tdata-wp-bind--aria-label=\"state.thisImage.triggerButtonAriaLabel\"\n\t\t\tdata-wp-init=\"callbacks.initTriggerButton\"\n\t\t\tdata-wp-on--click=\"actions.showLightbox\"\n\t\t\tdata-wp-style--right=\"state.thisImage.buttonRight\"\n\t\t\tdata-wp-style--top=\"state.thisImage.buttonTop\"\n\t\t>\n\t\t\t<svg xmlns=\"http:\/\/www.w3.org\/2000\/svg\" width=\"12\" height=\"12\" fill=\"none\" viewBox=\"0 0 12 12\">\n\t\t\t\t<path fill=\"#fff\" d=\"M2 0a2 2 0 0 0-2 2v2h1.5V2a.5.5 0 0 1 .5-.5h2V0H2Zm2 10.5H2a.5.5 0 0 1-.5-.5V8H0v2a2 2 0 0 0 2 2h2v-1.5ZM8 12v-1.5h2a.5.5 0 0 0 .5-.5V8H12v2a2 2 0 0 1-2 2H8Zm2-12a2 2 0 0 1 2 2v2h-1.5V2a.5.5 0 0 0-.5-.5H8V0h2Z\" \/>\n\t\t\t<\/svg>\n\t\t<\/button><\/figure>\n\n\n\n<p class=\"wp-block-paragraph\"><strong>D\u00eda 1:<\/strong> mira el itinerario de un d\u00eda de arriba.<\/p>\n\n\n\n<p class=\"wp-block-paragraph\"><strong>D\u00eda 2:<\/strong><\/p>\n\n\n\n<ul class=\"wp-block-list\">\n\n<li><strong>Ma\u00f1ana (8:30):<\/strong> Park G\u00fcell. Reserva para las 8:30, cuando el parque est\u00e1 m\u00e1s tranquilo<\/li>\n\n\n<li><strong>Media ma\u00f1ana:<\/strong> barrio de Gr\u00e0cia, con sus cafeter\u00edas y ambiente local, y La Pepita para unas tapas<\/li>\n\n\n<li><strong>Tarde:<\/strong> Montju\u00efc en telef\u00e9rico desde el puerto, castillo y Fundaci\u00f3 Joan Mir\u00f3<\/li>\n\n\n<li><strong>Atardecer:<\/strong> B\u00fankers del Carmel al atardecer (esa vista es inolvidable)<\/li>\n\n\n<li><strong>Noche:<\/strong> Fuente M\u00e1gica (viernes y s\u00e1bado) o una copa en El Born<\/li>\n\n<\/ul>\n\n\n\n<h3 class=\"wp-block-heading\"><span class=\"ez-toc-section\" id=\"Que_ver_en_Barcelona_en_3_dias\"><\/span>Qu\u00e9 ver en Barcelona en 3 d\u00edas<span class=\"ez-toc-section-end\"><\/span><\/h3>\n\n\n\n<figure data-wp-context=\"{&quot;imageId&quot;:&quot;6a99531a9d080&quot;}\" data-wp-interactive=\"core\/image\" data-wp-key=\"6a99531a9d080\" class=\"wp-block-image size-full wp-lightbox-container\"><img decoding=\"async\" width=\"1333\" height=\"2000\" data-wp-class--hide=\"state.isContentHidden\" data-wp-class--show=\"state.isContentVisible\" data-wp-init=\"callbacks.setButtonStyles\" data-wp-on--click=\"actions.showLightbox\" data-wp-on--load=\"callbacks.setButtonStyles\" data-wp-on--pointerdown=\"actions.preloadImage\" data-wp-on--pointerenter=\"actions.preloadImageWithDelay\" data-wp-on--pointerleave=\"actions.cancelPreload\" data-wp-on-window--resize=\"callbacks.setButtonStyles\" src=\"https:\/\/loudavymkrokem.cz\/wp-content\/uploads\/2026\/08\/park-guell-panorama-domky.jpg\" alt=\"Park G\u00fcell, casitas y panorama de Barcelona\" class=\"wp-image-376305\" title=\"\" srcset=\"https:\/\/loudavymkrokem.cz\/wp-content\/uploads\/2026\/08\/park-guell-panorama-domky.jpg 1333w, https:\/\/loudavymkrokem.cz\/wp-content\/uploads\/2026\/08\/park-guell-panorama-domky-200x300.jpg 200w, https:\/\/loudavymkrokem.cz\/wp-content\/uploads\/2026\/08\/park-guell-panorama-domky-700x1050.jpg 700w, https:\/\/loudavymkrokem.cz\/wp-content\/uploads\/2026\/08\/park-guell-panorama-domky-768x1152.jpg 768w, https:\/\/loudavymkrokem.cz\/wp-content\/uploads\/2026\/08\/park-guell-panorama-domky-1024x1536.jpg 1024w, https:\/\/loudavymkrokem.cz\/wp-content\/uploads\/2026\/08\/park-guell-panorama-domky-696x1044.jpg 696w\" sizes=\"(max-width: 1333px) 100vw, 1333px\" \/><button\n\t\t\tclass=\"lightbox-trigger\"\n\t\t\ttype=\"button\"\n\t\t\taria-haspopup=\"dialog\"\n\t\t\tdata-wp-bind--aria-label=\"state.thisImage.triggerButtonAriaLabel\"\n\t\t\tdata-wp-init=\"callbacks.initTriggerButton\"\n\t\t\tdata-wp-on--click=\"actions.showLightbox\"\n\t\t\tdata-wp-style--right=\"state.thisImage.buttonRight\"\n\t\t\tdata-wp-style--top=\"state.thisImage.buttonTop\"\n\t\t>\n\t\t\t<svg xmlns=\"http:\/\/www.w3.org\/2000\/svg\" width=\"12\" height=\"12\" fill=\"none\" viewBox=\"0 0 12 12\">\n\t\t\t\t<path fill=\"#fff\" d=\"M2 0a2 2 0 0 0-2 2v2h1.5V2a.5.5 0 0 1 .5-.5h2V0H2Zm2 10.5H2a.5.5 0 0 1-.5-.5V8H0v2a2 2 0 0 0 2 2h2v-1.5ZM8 12v-1.5h2a.5.5 0 0 0 .5-.5V8H12v2a2 2 0 0 1-2 2H8Zm2-12a2 2 0 0 1 2 2v2h-1.5V2a.5.5 0 0 0-.5-.5H8V0h2Z\" \/>\n\t\t\t<\/svg>\n\t\t<\/button><\/figure>\n\n\n\n<p class=\"wp-block-paragraph\"><strong>D\u00edas 1 y 2:<\/strong> mira lo de arriba.<\/p>\n\n\n\n<p class=\"wp-block-paragraph\"><strong>D\u00eda 3:<\/strong><\/p>\n\n\n\n<ul class=\"wp-block-list\">\n\n<li><strong>Ma\u00f1ana (10:00):<\/strong> <a href=\"https:\/\/museupicassobcn.cat\/en\" target=\"_blank\" rel=\"noreferrer noopener nofollow\">Museo Picasso<\/a><\/li>\n\n\n<li><strong>Media ma\u00f1ana:<\/strong> El Born, Santa Maria del Mar, Parc de la Ciutadella<\/li>\n\n\n<li><strong>Comida:<\/strong> Mercat de Santa Caterina<\/li>\n\n\n<li><strong>Tarde, opci\u00f3n A:<\/strong> excursi\u00f3n a Montserrat (1 hora en tren): monasterio, ruta y vistas<\/li>\n\n\n<li><strong>Tarde, opci\u00f3n B:<\/strong> Camp Nou Experience + Poble Espanyol<\/li>\n\n\n<li><strong>Noche:<\/strong> espect\u00e1culo de flamenco o bar de azotea<\/li>\n\n<\/ul>\n\n\n\n<figure data-wp-context=\"{&quot;imageId&quot;:&quot;6a99531a9dbc4&quot;}\" data-wp-interactive=\"core\/image\" data-wp-key=\"6a99531a9dbc4\" class=\"wp-block-image size-full wp-lightbox-container\"><img decoding=\"async\" width=\"1200\" height=\"630\" data-wp-class--hide=\"state.isContentHidden\" data-wp-class--show=\"state.isContentVisible\" data-wp-init=\"callbacks.setButtonStyles\" data-wp-on--click=\"actions.showLightbox\" data-wp-on--load=\"callbacks.setButtonStyles\" data-wp-on--pointerdown=\"actions.preloadImage\" data-wp-on--pointerenter=\"actions.preloadImageWithDelay\" data-wp-on--pointerleave=\"actions.cancelPreload\" data-wp-on-window--resize=\"callbacks.setButtonStyles\" src=\"https:\/\/loudavymkrokem.cz\/wp-content\/uploads\/2022\/06\/barcelona-co-delat.jpg\" alt=\"Qu\u00e9 visitar en Barcelona\" class=\"wp-image-92577\" title=\"\" srcset=\"https:\/\/loudavymkrokem.cz\/wp-content\/uploads\/2022\/06\/barcelona-co-delat.jpg 1200w, https:\/\/loudavymkrokem.cz\/wp-content\/uploads\/2022\/06\/barcelona-co-delat-300x158.jpg 300w, https:\/\/loudavymkrokem.cz\/wp-content\/uploads\/2022\/06\/barcelona-co-delat-700x368.jpg 700w, https:\/\/loudavymkrokem.cz\/wp-content\/uploads\/2022\/06\/barcelona-co-delat-768x403.jpg 768w, https:\/\/loudavymkrokem.cz\/wp-content\/uploads\/2022\/06\/barcelona-co-delat-696x365.jpg 696w\" sizes=\"(max-width: 1200px) 100vw, 1200px\" \/><button\n\t\t\tclass=\"lightbox-trigger\"\n\t\t\ttype=\"button\"\n\t\t\taria-haspopup=\"dialog\"\n\t\t\tdata-wp-bind--aria-label=\"state.thisImage.triggerButtonAriaLabel\"\n\t\t\tdata-wp-init=\"callbacks.initTriggerButton\"\n\t\t\tdata-wp-on--click=\"actions.showLightbox\"\n\t\t\tdata-wp-style--right=\"state.thisImage.buttonRight\"\n\t\t\tdata-wp-style--top=\"state.thisImage.buttonTop\"\n\t\t>\n\t\t\t<svg xmlns=\"http:\/\/www.w3.org\/2000\/svg\" width=\"12\" height=\"12\" fill=\"none\" viewBox=\"0 0 12 12\">\n\t\t\t\t<path fill=\"#fff\" d=\"M2 0a2 2 0 0 0-2 2v2h1.5V2a.5.5 0 0 1 .5-.5h2V0H2Zm2 10.5H2a.5.5 0 0 1-.5-.5V8H0v2a2 2 0 0 0 2 2h2v-1.5ZM8 12v-1.5h2a.5.5 0 0 0 .5-.5V8H12v2a2 2 0 0 1-2 2H8Zm2-12a2 2 0 0 1 2 2v2h-1.5V2a.5.5 0 0 0-.5-.5H8V0h2Z\" \/>\n\t\t\t<\/svg>\n\t\t<\/button><figcaption class=\"wp-element-caption\">Qu\u00e9 visitar en Barcelona<\/figcaption><\/figure>\n\n\n\n<h2 class=\"wp-block-heading\"><span class=\"ez-toc-section\" id=\"Excursiones_desde_Barcelona\"><\/span><span class=\"ez-toc-section\" id=\"Excursiones_desde_Barcelona\">Excursiones desde Barcelona<\/span><span class=\"ez-toc-section-end\"><\/span><\/h2>\n\n\n\n<p class=\"wp-block-paragraph\">Si viajas a Barcelona para varios d\u00edas, te recomendamos hacer tambi\u00e9n alguna excursi\u00f3n de un d\u00eda por los alrededores. Vamos a ver las mejores:<\/p>\n\n\n\n<h3 class=\"wp-block-heading\"><span class=\"ez-toc-section\" id=\"Costa_Brava\"><\/span>Costa Brava<span class=\"ez-toc-section-end\"><\/span><\/h3>\n\n\n\n<figure data-wp-context=\"{&quot;imageId&quot;:&quot;6a99531a9e1b1&quot;}\" data-wp-interactive=\"core\/image\" data-wp-key=\"6a99531a9e1b1\" class=\"wp-block-image size-full wp-lightbox-container\"><img decoding=\"async\" width=\"1600\" height=\"1067\" data-wp-class--hide=\"state.isContentHidden\" data-wp-class--show=\"state.isContentVisible\" data-wp-init=\"callbacks.setButtonStyles\" data-wp-on--click=\"actions.showLightbox\" data-wp-on--load=\"callbacks.setButtonStyles\" data-wp-on--pointerdown=\"actions.preloadImage\" data-wp-on--pointerenter=\"actions.preloadImageWithDelay\" data-wp-on--pointerleave=\"actions.cancelPreload\" data-wp-on-window--resize=\"callbacks.setButtonStyles\" src=\"https:\/\/loudavymkrokem.cz\/wp-content\/uploads\/2026\/08\/barcelona-costa-brava-krasa-bez-auta-px.jpg\" alt=\"Playa rocosa en la Costa Brava\" class=\"wp-image-376489\" title=\"\" srcset=\"https:\/\/loudavymkrokem.cz\/wp-content\/uploads\/2026\/08\/barcelona-costa-brava-krasa-bez-auta-px.jpg 1600w, https:\/\/loudavymkrokem.cz\/wp-content\/uploads\/2026\/08\/barcelona-costa-brava-krasa-bez-auta-px-300x200.jpg 300w, https:\/\/loudavymkrokem.cz\/wp-content\/uploads\/2026\/08\/barcelona-costa-brava-krasa-bez-auta-px-700x467.jpg 700w, https:\/\/loudavymkrokem.cz\/wp-content\/uploads\/2026\/08\/barcelona-costa-brava-krasa-bez-auta-px-768x512.jpg 768w, https:\/\/loudavymkrokem.cz\/wp-content\/uploads\/2026\/08\/barcelona-costa-brava-krasa-bez-auta-px-1536x1024.jpg 1536w, https:\/\/loudavymkrokem.cz\/wp-content\/uploads\/2026\/08\/barcelona-costa-brava-krasa-bez-auta-px-696x464.jpg 696w, https:\/\/loudavymkrokem.cz\/wp-content\/uploads\/2026\/08\/barcelona-costa-brava-krasa-bez-auta-px-1392x928.jpg 1392w\" sizes=\"(max-width: 1600px) 100vw, 1600px\" \/><button\n\t\t\tclass=\"lightbox-trigger\"\n\t\t\ttype=\"button\"\n\t\t\taria-haspopup=\"dialog\"\n\t\t\tdata-wp-bind--aria-label=\"state.thisImage.triggerButtonAriaLabel\"\n\t\t\tdata-wp-init=\"callbacks.initTriggerButton\"\n\t\t\tdata-wp-on--click=\"actions.showLightbox\"\n\t\t\tdata-wp-style--right=\"state.thisImage.buttonRight\"\n\t\t\tdata-wp-style--top=\"state.thisImage.buttonTop\"\n\t\t>\n\t\t\t<svg xmlns=\"http:\/\/www.w3.org\/2000\/svg\" width=\"12\" height=\"12\" fill=\"none\" viewBox=\"0 0 12 12\">\n\t\t\t\t<path fill=\"#fff\" d=\"M2 0a2 2 0 0 0-2 2v2h1.5V2a.5.5 0 0 1 .5-.5h2V0H2Zm2 10.5H2a.5.5 0 0 1-.5-.5V8H0v2a2 2 0 0 0 2 2h2v-1.5ZM8 12v-1.5h2a.5.5 0 0 0 .5-.5V8H12v2a2 2 0 0 1-2 2H8Zm2-12a2 2 0 0 1 2 2v2h-1.5V2a.5.5 0 0 0-.5-.5H8V0h2Z\" \/>\n\t\t\t<\/svg>\n\t\t<\/button><\/figure>\n\n\n\n<p class=\"wp-block-paragraph\">Vete a hacer kayak o snorkel a una de las playas de la Costa Brava. Si ninguna de las dos cosas te llama, puedes aprovechar la excursi\u00f3n para visitar un parque acu\u00e1tico o, simplemente, para tumbarte junto al mar. Uno de los resorts m\u00e1s populares de la zona es Lloret de Mar.<\/p>\n\n\n\n<!-- LKM_GYG_CARD start q=\"barcelona costa brava\" lang=\"es\" rendered=\"2026-08-26T16:37:51+00:00\" v=\"1\" -->\n<div class=\"lkx-module\" data-query=\"barcelona costa brava\">\n  <div class=\"lkx-head\">\n    <div class=\"lkx-head-main\">\n      <span class=\"lkx-head-accent\"><\/span>\n      <span class=\"lkx-head-title\">Experiencias y entradas<\/span>\n    <\/div>\n    <span class=\"lkx-head-meta\">valorado por viajeros \u00b7 GetYourGuide<\/span>\n  <\/div><a class=\"lkx-hero\" href=\"https:\/\/www.getyourguide.com\/es-es\/barcelona-l45\/ticket-de-entrada-sin-colas-a-la-sagrada-familia-t50027\/?partner_id=MKZ64IS&amp;utm_medium=online_publisher&amp;cmp=que-ver-barcelona-espana\" target=\"_blank\" rel=\"sponsored noopener nofollow\">\n    <div class=\"lkx-hero-img\" style=\"background-image:url('https:\/\/cdn.getyourguide.com\/img\/tour\/62bacf6a87bba.jpeg\/132.jpg')\" role=\"img\" aria-label=\"Barcelona: ticket de entrada a la Sagrada Familia con audiogu\u00eda\">\n      <span class=\"lkx-pick\">\u2605 Nuestra elecci\u00f3n<\/span><\/div>\n    <div class=\"lkx-hero-body\">\n      <div class=\"lkx-title\">Barcelona: ticket de entrada a la Sagrada Familia con audiogu\u00eda<\/div>\n      <div class=\"lkx-proof\">\n      <span class=\"lkx-stars\">\u2605\u2605\u2605\u2605\u2605<\/span>\n      <b>4.6<\/b> \u00b7 117 658 opiniones\n    <\/div>\n      <div class=\"lkx-hero-bottom\"><div class=\"lkx-price\">desde <b>34\u00a0EUR<\/b><\/div><span class=\"lkx-cta lkx-cta-hero\">Quiero vivir esto \u2192<\/span>\n      <\/div>\n    <\/div>\n  <\/a><div class=\"lkx-grid\"><a class=\"lkx-card\" href=\"https:\/\/www.getyourguide.com\/es-es\/barcelona-l45\/desde-barcelona-kayak-y-snorkel-en-la-costa-brava-t119389\/?partner_id=MKZ64IS&amp;utm_medium=online_publisher&amp;cmp=que-ver-barcelona-espana\" target=\"_blank\" rel=\"sponsored noopener nofollow\">\n      <div class=\"lkx-card-img\" style=\"background-image:url('https:\/\/cdn.getyourguide.com\/img\/tour\/640f0704d14b6.png\/132.jpg')\" role=\"img\" aria-label=\"Tour por la Costa Brava: kayak, esn\u00f3rquel y salto desde las rocas desde Barcelona\"><\/div>\n      <div class=\"lkx-card-body\">\n        <div class=\"lkx-title lkx-title-sm\">Tour por la Costa Brava: kayak, esn\u00f3rquel y salto desde las rocas desde Barcelona<\/div>\n        <div class=\"lkx-proof lkx-proof-sm\">\n      <span class=\"lkx-stars\">\u2605<\/span>\n      <b>4.9<\/b> \u00b7 2 879\n    <\/div>\n        <div class=\"lkx-card-bottom\"><span class=\"lkx-price lkx-price-sm\">desde <b>85\u00a0EUR<\/b><\/span><span class=\"lkx-cta lkx-cta-sm\">Ver fechas \u2192<\/span>\n        <\/div>\n      <\/div>\n    <\/a><a class=\"lkx-card\" href=\"https:\/\/www.getyourguide.com\/es-es\/barcelona-l45\/barcelona-ceramica-vermut-t1434815\/?partner_id=MKZ64IS&amp;utm_medium=online_publisher&amp;cmp=que-ver-barcelona-espana\" target=\"_blank\" rel=\"sponsored noopener nofollow\">\n      <div class=\"lkx-card-img\" style=\"background-image:url('https:\/\/cdn.getyourguide.com\/img\/tour\/5c911c182c9f26ce9943bfbaf4a5b906fbda07274ad76660dd5e88fa85129b1a.png\/132.jpg')\" role=\"img\" aria-label=\"Barcelona: Cer\u00e1mica &amp; Vermut\"><\/div>\n      <div class=\"lkx-card-body\">\n        <div class=\"lkx-title lkx-title-sm\">Barcelona: Cer\u00e1mica &amp; Vermut<\/div>\n        <div class=\"lkx-proof lkx-proof-sm\">\n      <span class=\"lkx-stars\">\u2605<\/span>\n      <b>0.0<\/b> \u00b7 0\n    <\/div>\n        <div class=\"lkx-card-bottom\"><span class=\"lkx-price lkx-price-sm\">desde <b>50\u00a0EUR<\/b><\/span><span class=\"lkx-cta lkx-cta-sm\">Ver fechas \u2192<\/span>\n        <\/div>\n      <\/div>\n    <\/a><\/div><div class=\"lkx-disclosure\">\ud83d\udd17 Enlaces de afiliados \u2014 no cambian tu precio y nos ayudan a crear contenido. \u00b7 <a href=\"https:\/\/www.getyourguide.com\/es-es\/s\/?q=barcelona+costa+brava&amp;partner_id=MKZ64IS&amp;utm_medium=online_publisher\" target=\"_blank\" rel=\"sponsored noopener nofollow\">Todas las experiencias \u2192<\/a><\/div>\n<\/div>\n<!-- LKM_GYG_CARD end -->\n\n\n\n<h3 class=\"wp-block-heading\"><span class=\"ez-toc-section\" id=\"Girona\"><\/span>Girona<span class=\"ez-toc-section-end\"><\/span><\/h3>\n\n\n\n<figure data-wp-context=\"{&quot;imageId&quot;:&quot;6a99531a9e7a2&quot;}\" data-wp-interactive=\"core\/image\" data-wp-key=\"6a99531a9e7a2\" class=\"wp-block-image size-full wp-lightbox-container\"><img decoding=\"async\" width=\"1600\" height=\"1064\" data-wp-class--hide=\"state.isContentHidden\" data-wp-class--show=\"state.isContentVisible\" data-wp-init=\"callbacks.setButtonStyles\" data-wp-on--click=\"actions.showLightbox\" data-wp-on--load=\"callbacks.setButtonStyles\" data-wp-on--pointerdown=\"actions.preloadImage\" data-wp-on--pointerenter=\"actions.preloadImageWithDelay\" data-wp-on--pointerleave=\"actions.cancelPreload\" data-wp-on-window--resize=\"callbacks.setButtonStyles\" src=\"https:\/\/loudavymkrokem.cz\/wp-content\/uploads\/2026\/08\/barcelona-girona-stredovek-a-hra-o-truny-px.jpg\" alt=\"Casas de colores sobre el r\u00edo Onyar en Girona\" class=\"wp-image-376488\" title=\"\" srcset=\"https:\/\/loudavymkrokem.cz\/wp-content\/uploads\/2026\/08\/barcelona-girona-stredovek-a-hra-o-truny-px.jpg 1600w, https:\/\/loudavymkrokem.cz\/wp-content\/uploads\/2026\/08\/barcelona-girona-stredovek-a-hra-o-truny-px-300x200.jpg 300w, https:\/\/loudavymkrokem.cz\/wp-content\/uploads\/2026\/08\/barcelona-girona-stredovek-a-hra-o-truny-px-700x466.jpg 700w, https:\/\/loudavymkrokem.cz\/wp-content\/uploads\/2026\/08\/barcelona-girona-stredovek-a-hra-o-truny-px-768x511.jpg 768w, https:\/\/loudavymkrokem.cz\/wp-content\/uploads\/2026\/08\/barcelona-girona-stredovek-a-hra-o-truny-px-1536x1021.jpg 1536w, https:\/\/loudavymkrokem.cz\/wp-content\/uploads\/2026\/08\/barcelona-girona-stredovek-a-hra-o-truny-px-696x463.jpg 696w, https:\/\/loudavymkrokem.cz\/wp-content\/uploads\/2026\/08\/barcelona-girona-stredovek-a-hra-o-truny-px-1392x926.jpg 1392w\" sizes=\"(max-width: 1600px) 100vw, 1600px\" \/><button\n\t\t\tclass=\"lightbox-trigger\"\n\t\t\ttype=\"button\"\n\t\t\taria-haspopup=\"dialog\"\n\t\t\tdata-wp-bind--aria-label=\"state.thisImage.triggerButtonAriaLabel\"\n\t\t\tdata-wp-init=\"callbacks.initTriggerButton\"\n\t\t\tdata-wp-on--click=\"actions.showLightbox\"\n\t\t\tdata-wp-style--right=\"state.thisImage.buttonRight\"\n\t\t\tdata-wp-style--top=\"state.thisImage.buttonTop\"\n\t\t>\n\t\t\t<svg xmlns=\"http:\/\/www.w3.org\/2000\/svg\" width=\"12\" height=\"12\" fill=\"none\" viewBox=\"0 0 12 12\">\n\t\t\t\t<path fill=\"#fff\" d=\"M2 0a2 2 0 0 0-2 2v2h1.5V2a.5.5 0 0 1 .5-.5h2V0H2Zm2 10.5H2a.5.5 0 0 1-.5-.5V8H0v2a2 2 0 0 0 2 2h2v-1.5ZM8 12v-1.5h2a.5.5 0 0 0 .5-.5V8H12v2a2 2 0 0 1-2 2H8Zm2-12a2 2 0 0 1 2 2v2h-1.5V2a.5.5 0 0 0-.5-.5H8V0h2Z\" \/>\n\t\t\t<\/svg>\n\t\t<\/button><\/figure>\n\n\n\n<p class=\"wp-block-paragraph\">Girona es un tesoro escondido <strong>entre los Pirineos y la Costa Brava<\/strong>. En ella encontrar\u00e1s un museo dedicado a Salvador Dal\u00ed, el barrio jud\u00edo, uno de los m\u00e1s antiguos y mejor conservados de Europa, y si te encanta Juego de Tronos, seguro que te alegra saber que aqu\u00ed se rodaron muchas escenas de la serie. Basta con pasear por sus callejuelas y descubrir sus distintos pasadizos y jardines para que Girona te enamore.<\/p>\n\n\n\n<!-- LKM_GYG_CARD start q=\"girona barcelona\" lang=\"es\" rendered=\"2026-08-26T16:37:51+00:00\" v=\"1\" -->\n<div class=\"lkx-module\" data-query=\"girona barcelona\">\n  <div class=\"lkx-head\">\n    <div class=\"lkx-head-main\">\n      <span class=\"lkx-head-accent\"><\/span>\n      <span class=\"lkx-head-title\">Experiencias y entradas<\/span>\n    <\/div>\n    <span class=\"lkx-head-meta\">valorado por viajeros \u00b7 GetYourGuide<\/span>\n  <\/div><a class=\"lkx-hero\" href=\"https:\/\/www.getyourguide.com\/es-es\/girona-l550\/llegar-al-centro-de-barcelona-desde-el-aeropuerto-de-girona-y-volver-facilmente-t549132\/?partner_id=MKZ64IS&amp;utm_medium=online_publisher&amp;cmp=que-ver-barcelona-espana\" target=\"_blank\" rel=\"sponsored noopener nofollow\">\n    <div class=\"lkx-hero-img\" style=\"background-image:url('https:\/\/cdn.getyourguide.com\/img\/tour\/0ffdd2d3c75522a8.jpeg\/132.jpg')\" role=\"img\" aria-label=\"Girona: Traslado al aeropuerto de Girona en autob\u00fas desde\/hasta el centro de Barcelona\">\n      <span class=\"lkx-pick\">\u2605 Nuestra elecci\u00f3n<\/span><\/div>\n    <div class=\"lkx-hero-body\">\n      <div class=\"lkx-title\">Girona: Traslado al aeropuerto de Girona en autob\u00fas desde\/hasta el centro de Barcelona<\/div>\n      <div class=\"lkx-proof\">\n      <span class=\"lkx-stars\">\u2605\u2605\u2605\u2605\u2605<\/span>\n      <b>4.6<\/b> \u00b7 1 540 opiniones\n    <\/div>\n      <div class=\"lkx-hero-bottom\"><div class=\"lkx-price\">desde <b>22\u00a0EUR<\/b><\/div><span class=\"lkx-cta lkx-cta-hero\">Quiero vivir esto \u2192<\/span>\n      <\/div>\n    <\/div>\n  <\/a><div class=\"lkx-grid\"><a class=\"lkx-card\" href=\"https:\/\/www.getyourguide.com\/es-es\/girona-l550\/gerona-experiencia-de-paseo-a-caballo-por-la-garrocha-t1205682\/?partner_id=MKZ64IS&amp;utm_medium=online_publisher&amp;cmp=que-ver-barcelona-espana\" target=\"_blank\" rel=\"sponsored noopener nofollow\">\n      <div class=\"lkx-card-img\" style=\"background-image:url('https:\/\/cdn.getyourguide.com\/img\/tour\/7c822a1a76838afcc13fbcb8fcf5701ce95bfe28ce2adee34e23c40da502b987.png\/132.jpg')\" role=\"img\" aria-label=\"Gerona: experiencia de paseo a caballo por La Garrocha\"><\/div>\n      <div class=\"lkx-card-body\">\n        <div class=\"lkx-title lkx-title-sm\">Gerona: experiencia de paseo a caballo por La Garrocha<\/div>\n        <div class=\"lkx-proof lkx-proof-sm\">\n      <span class=\"lkx-stars\">\u2605<\/span>\n      <b>0.0<\/b> \u00b7 0\n    <\/div>\n        <div class=\"lkx-card-bottom\"><span class=\"lkx-price lkx-price-sm\">desde <b>40\u00a0EUR<\/b><\/span><span class=\"lkx-cta lkx-cta-sm\">Ver fechas \u2192<\/span>\n        <\/div>\n      <\/div>\n    <\/a><a class=\"lkx-card\" href=\"https:\/\/www.getyourguide.com\/es-es\/girona-l550\/traslado-privado-de-barcelona-a-girona-t631824\/?partner_id=MKZ64IS&amp;utm_medium=online_publisher&amp;cmp=que-ver-barcelona-espana\" target=\"_blank\" rel=\"sponsored noopener nofollow\">\n      <div class=\"lkx-card-img\" style=\"background-image:url('https:\/\/cdn.getyourguide.com\/img\/tour\/09c6e8e8bab4b3bb21df045603fb561a75e54a162caaf55aa080154898016836.jpg\/132.jpg')\" role=\"img\" aria-label=\"Traslado Privado de Barcelona a Girona\"><\/div>\n      <div class=\"lkx-card-body\">\n        <div class=\"lkx-title lkx-title-sm\">Traslado Privado de Barcelona a Girona<\/div>\n        <div class=\"lkx-proof lkx-proof-sm\">\n      <span class=\"lkx-stars\">\u2605<\/span>\n      <b>5.0<\/b> \u00b7 2\n    <\/div>\n        <div class=\"lkx-card-bottom\"><span class=\"lkx-price lkx-price-sm\">desde <b>199\u00a0EUR<\/b><\/span><span class=\"lkx-cta lkx-cta-sm\">Ver fechas \u2192<\/span>\n        <\/div>\n      <\/div>\n    <\/a><\/div><div class=\"lkx-disclosure\">\ud83d\udd17 Enlaces de afiliados \u2014 no cambian tu precio y nos ayudan a crear contenido. \u00b7 <a href=\"https:\/\/www.getyourguide.com\/es-es\/s\/?q=girona+barcelona&amp;partner_id=MKZ64IS&amp;utm_medium=online_publisher\" target=\"_blank\" rel=\"sponsored noopener nofollow\">Todas las experiencias \u2192<\/a><\/div>\n<\/div>\n<!-- LKM_GYG_CARD end -->\n\n\n\n<h3 class=\"wp-block-heading\"><span class=\"ez-toc-section\" id=\"Montserrat\"><\/span>Montserrat<span class=\"ez-toc-section-end\"><\/span><\/h3>\n\n\n\n<figure data-wp-context=\"{&quot;imageId&quot;:&quot;6a99531a9ef9a&quot;}\" data-wp-interactive=\"core\/image\" data-wp-key=\"6a99531a9ef9a\" class=\"wp-block-image size-full wp-lightbox-container\"><img decoding=\"async\" width=\"1600\" height=\"1184\" data-wp-class--hide=\"state.isContentHidden\" data-wp-class--show=\"state.isContentVisible\" data-wp-init=\"callbacks.setButtonStyles\" data-wp-on--click=\"actions.showLightbox\" data-wp-on--load=\"callbacks.setButtonStyles\" data-wp-on--pointerdown=\"actions.preloadImage\" data-wp-on--pointerenter=\"actions.preloadImageWithDelay\" data-wp-on--pointerleave=\"actions.cancelPreload\" data-wp-on-window--resize=\"callbacks.setButtonStyles\" src=\"https:\/\/loudavymkrokem.cz\/wp-content\/uploads\/2026\/08\/barcelona-montserrat-klaster-ukryty-ve-vapenco-px.jpg\" alt=\"Rocas calc\u00e1reas del macizo de Montserrat sobre Catalu\u00f1a\" class=\"wp-image-376487\" title=\"\" srcset=\"https:\/\/loudavymkrokem.cz\/wp-content\/uploads\/2026\/08\/barcelona-montserrat-klaster-ukryty-ve-vapenco-px.jpg 1600w, https:\/\/loudavymkrokem.cz\/wp-content\/uploads\/2026\/08\/barcelona-montserrat-klaster-ukryty-ve-vapenco-px-300x222.jpg 300w, https:\/\/loudavymkrokem.cz\/wp-content\/uploads\/2026\/08\/barcelona-montserrat-klaster-ukryty-ve-vapenco-px-700x518.jpg 700w, https:\/\/loudavymkrokem.cz\/wp-content\/uploads\/2026\/08\/barcelona-montserrat-klaster-ukryty-ve-vapenco-px-768x568.jpg 768w, https:\/\/loudavymkrokem.cz\/wp-content\/uploads\/2026\/08\/barcelona-montserrat-klaster-ukryty-ve-vapenco-px-1536x1137.jpg 1536w, https:\/\/loudavymkrokem.cz\/wp-content\/uploads\/2026\/08\/barcelona-montserrat-klaster-ukryty-ve-vapenco-px-80x60.jpg 80w, https:\/\/loudavymkrokem.cz\/wp-content\/uploads\/2026\/08\/barcelona-montserrat-klaster-ukryty-ve-vapenco-px-696x515.jpg 696w, https:\/\/loudavymkrokem.cz\/wp-content\/uploads\/2026\/08\/barcelona-montserrat-klaster-ukryty-ve-vapenco-px-1392x1030.jpg 1392w\" sizes=\"(max-width: 1600px) 100vw, 1600px\" \/><button\n\t\t\tclass=\"lightbox-trigger\"\n\t\t\ttype=\"button\"\n\t\t\taria-haspopup=\"dialog\"\n\t\t\tdata-wp-bind--aria-label=\"state.thisImage.triggerButtonAriaLabel\"\n\t\t\tdata-wp-init=\"callbacks.initTriggerButton\"\n\t\t\tdata-wp-on--click=\"actions.showLightbox\"\n\t\t\tdata-wp-style--right=\"state.thisImage.buttonRight\"\n\t\t\tdata-wp-style--top=\"state.thisImage.buttonTop\"\n\t\t>\n\t\t\t<svg xmlns=\"http:\/\/www.w3.org\/2000\/svg\" width=\"12\" height=\"12\" fill=\"none\" viewBox=\"0 0 12 12\">\n\t\t\t\t<path fill=\"#fff\" d=\"M2 0a2 2 0 0 0-2 2v2h1.5V2a.5.5 0 0 1 .5-.5h2V0H2Zm2 10.5H2a.5.5 0 0 1-.5-.5V8H0v2a2 2 0 0 0 2 2h2v-1.5ZM8 12v-1.5h2a.5.5 0 0 0 .5-.5V8H12v2a2 2 0 0 1-2 2H8Zm2-12a2 2 0 0 1 2 2v2h-1.5V2a.5.5 0 0 0-.5-.5H8V0h2Z\" \/>\n\t\t\t<\/svg>\n\t\t<\/button><\/figure>\n\n\n\n<p class=\"wp-block-paragraph\">\u00bfQuieres algo distinto de ciudades y playas? Sube a la monta\u00f1a de Montserrat, donde encontrar\u00e1s el monasterio del mismo nombre, el <strong>lugar m\u00e1s sagrado de Catalu\u00f1a<\/strong>. Esta excursi\u00f3n es m\u00e1s adecuada en oto\u00f1o o primavera, porque tienes que prepararte para una ruta a pie, pero que te recompensar\u00e1 con unas vistas preciosas de los alrededores.<\/p>\n\n\n\n<p class=\"wp-block-paragraph\">Si te apetece, luego puedes bajar en funicular hasta la <strong>Santa Cova<\/strong>, el famoso lugar donde se encontr\u00f3 a <strong><a href=\"https:\/\/es.wikipedia.org\/wiki\/Virgen_de_Montserrat\" target=\"_blank\" rel=\"noreferrer noopener\" data-schema-attribute=\"mentions\">La Moreneta, la Virgen Negra<\/a><\/strong>. Y no te olvides de subir despu\u00e9s hasta la cima de Sant Jeroni, con unas vistas preciosas del valle.<\/p>\n\n\n\n<!-- LKM_GYG_CARD start q=\"monsterrat\" lang=\"es\" rendered=\"2026-09-01T11:19:18+00:00\" v=\"1\" -->\n\n<!-- LKM_GYG_CARD end -->\n\n\n\n<h2 class=\"wp-block-heading\"><span class=\"ez-toc-section\" id=\"Transporte_desde_el_aeropuerto_y_por_la_ciudad\"><\/span><span class=\"ez-toc-section\" id=\"Transporte_desde_el_aeropuerto_y_por_la_ciudad\">Transporte desde el aeropuerto y por la ciudad<\/span><span class=\"ez-toc-section-end\"><\/span><\/h2>\n\n\n\n<p class=\"wp-block-paragraph\">Desde el aeropuerto de El Prat puedes llegar al centro de Barcelona de varias formas:<\/p>\n\n\n\n<ul class=\"wp-block-list\">\n\n<li><strong>Aerob\u00fas:<\/strong> desde el 1 de marzo de 2026 cuesta 7,45 EUR el sencillo y 12,85 EUR el ida y vuelta; va a la Pla\u00e7a Catalunya (25 a 35 minutos). La opci\u00f3n m\u00e1s c\u00f3moda.<\/li>\n\n\n<li><strong>Metro L9 Sud:<\/strong> 5,90 EUR (Bitllet Aeroport). Ojo, el billete sencillo normal ni la T-casual SIRVEN en las estaciones del aeropuerto y el pago contactless con tarjeta tampoco funciona aqu\u00ed.<\/li>\n\n\n<li><strong>Tren de RENFE:<\/strong> 4,60 EUR, va a Passeig de Gr\u00e0cia y a Sants (la opci\u00f3n m\u00e1s barata).<\/li>\n\n\n<li><strong>Taxi:<\/strong> unos 35-45 EUR al centro; merece la pena si viaj\u00e1is en grupo. No cuentes con Uber ni Bolt en Barcelona, ya que el n\u00famero de licencias se ha recortado de unas 900 a 300 y hay que pedir el viaje con dos horas de antelaci\u00f3n.<\/li>\n\n<\/ul>\n\n\n\n<p class=\"wp-block-paragraph\"><strong>Por la ciudad:<\/strong> el billete sencillo cuesta 2,90 EUR y la <strong>T-casual<\/strong> (10 viajes) 13 EUR. Pero tiene un pega importante: <strong>es personal e intransferible<\/strong>, as\u00ed que una pareja tiene que comprar dos. Para una pareja que se queda dos o tres d\u00edas suele salir mejor la <strong>T-familiar<\/strong>, de 11,50 EUR, que vale para 8 viajes y s\u00ed se puede compartir. Este detalle la mayor\u00eda de gu\u00edas ni lo menciona.<\/p>\n\n\n\n<p class=\"wp-block-paragraph\">Una alternativa es la <strong>Hola Barcelona Travel Card<\/strong>, que ahora empieza ya en la versi\u00f3n de 24 horas desde 12,50 EUR e incluye un viaje en metro desde el aeropuerto y otro de vuelta. Nosotros nos movimos por Barcelona sobre todo a pie: la mayor\u00eda de atracciones est\u00e1n a distancia caminable y as\u00ed es como mejor se conoce la ciudad. Tienes el an\u00e1lisis completo en el art\u00edculo sobre el <a href=\"https:\/\/loudavymkrokem.cz\/es\/?p=376352\">transporte en Barcelona<\/a>.<\/p>\n\n\n\n<h2 class=\"wp-block-heading\"><span class=\"ez-toc-section\" id=\"Barcelona_Card_%C2%BFmerece_la_pena\"><\/span><span class=\"ez-toc-section\" id=\"barcelona_card_merece_la_pena\">Barcelona Card, \u00bfmerece la pena?<\/span><span class=\"ez-toc-section-end\"><\/span><\/h2>\n\n\n\n<p class=\"wp-block-paragraph\">La <strong>Barcelona Card<\/strong> (en torno a 57 EUR para 3 d\u00edas) incluye transporte p\u00fablico ilimitado y descuentos en museos y atracciones. Merece la pena si piensas visitar 3 o m\u00e1s atracciones de pago al d\u00eda. Si no, la opci\u00f3n m\u00e1s barata es la <strong>Hola BCN<\/strong> solo para el transporte y comprar las entradas por separado online con descuento.<\/p>\n\n\n\n<!-- LKM_GYG_CARD start q=\"barcelona pass\" lang=\"es\" rendered=\"2026-08-26T16:37:51+00:00\" v=\"1\" -->\n<div class=\"lkx-module\" data-query=\"barcelona pass\">\n  <div class=\"lkx-head\">\n    <div class=\"lkx-head-main\">\n      <span class=\"lkx-head-accent\"><\/span>\n      <span class=\"lkx-head-title\">Experiencias y entradas<\/span>\n    <\/div>\n    <span class=\"lkx-head-meta\">valorado por viajeros \u00b7 GetYourGuide<\/span>\n  <\/div><a class=\"lkx-hero\" href=\"https:\/\/www.getyourguide.com\/es-es\/barcelona-l45\/skip-the-line-park-guell-ticket-de-entrada-t53791\/?partner_id=MKZ64IS&amp;utm_medium=online_publisher&amp;cmp=que-ver-barcelona-espana\" target=\"_blank\" rel=\"sponsored noopener nofollow\">\n    <div class=\"lkx-hero-img\" style=\"background-image:url('https:\/\/cdn.getyourguide.com\/img\/tour\/93473fd2896a1e0e.jpeg\/132.jpg')\" role=\"img\" aria-label=\"Barcelona: Ticket de entrada al Park G\u00fcell\">\n      <span class=\"lkx-pick\">\u2605 Nuestra elecci\u00f3n<\/span><\/div>\n    <div class=\"lkx-hero-body\">\n      <div class=\"lkx-title\">Barcelona: Ticket de entrada al Park G\u00fcell<\/div>\n      <div class=\"lkx-proof\">\n      <span class=\"lkx-stars\">\u2605\u2605\u2605\u2605\u2605<\/span>\n      <b>4.4<\/b> \u00b7 87 538 opiniones\n    <\/div>\n      <div class=\"lkx-hero-bottom\"><div class=\"lkx-price\">desde <b>22\u00a0EUR<\/b><\/div><span class=\"lkx-cta lkx-cta-hero\">Quiero vivir esto \u2192<\/span>\n      <\/div>\n    <\/div>\n  <\/a><div class=\"lkx-grid\"><a class=\"lkx-card\" href=\"https:\/\/www.getyourguide.com\/es-es\/barcelona-l45\/ticket-de-entrada-sin-colas-a-la-sagrada-familia-t50027\/?partner_id=MKZ64IS&amp;utm_medium=online_publisher&amp;cmp=que-ver-barcelona-espana\" target=\"_blank\" rel=\"sponsored noopener nofollow\">\n      <div class=\"lkx-card-img\" style=\"background-image:url('https:\/\/cdn.getyourguide.com\/img\/tour\/62bacf6a87bba.jpeg\/132.jpg')\" role=\"img\" aria-label=\"Barcelona: ticket de entrada a la Sagrada Familia con audiogu\u00eda\"><\/div>\n      <div class=\"lkx-card-body\">\n        <div class=\"lkx-title lkx-title-sm\">Barcelona: ticket de entrada a la Sagrada Familia con audiogu\u00eda<\/div>\n        <div class=\"lkx-proof lkx-proof-sm\">\n      <span class=\"lkx-stars\">\u2605<\/span>\n      <b>4.6<\/b> \u00b7 117 658\n    <\/div>\n        <div class=\"lkx-card-bottom\"><span class=\"lkx-price lkx-price-sm\">desde <b>34\u00a0EUR<\/b><\/span><span class=\"lkx-cta lkx-cta-sm\">Ver fechas \u2192<\/span>\n        <\/div>\n      <\/div>\n    <\/a><a class=\"lkx-card\" href=\"https:\/\/www.getyourguide.com\/es-es\/barcelona-l45\/barcelona-entrada-exposicion-inmersiva-barca-t449261\/?partner_id=MKZ64IS&amp;utm_medium=online_publisher&amp;cmp=que-ver-barcelona-espana\" target=\"_blank\" rel=\"sponsored noopener nofollow\">\n      <div class=\"lkx-card-img\" style=\"background-image:url('https:\/\/cdn.getyourguide.com\/img\/tour\/6482d923576aa.jpeg\/132.jpg')\" role=\"img\" aria-label=\"Barcelona: Entrada Museo del FC Barcelona &#34;Tour Bar\u00e7a Inmersivo\"><\/div>\n      <div class=\"lkx-card-body\">\n        <div class=\"lkx-title lkx-title-sm\">Barcelona: Entrada Museo del FC Barcelona &#34;Tour Bar\u00e7a Inmersivo<\/div>\n        <div class=\"lkx-proof lkx-proof-sm\">\n      <span class=\"lkx-stars\">\u2605<\/span>\n      <b>4.3<\/b> \u00b7 13 856\n    <\/div>\n        <div class=\"lkx-card-bottom\"><span class=\"lkx-price lkx-price-sm\">desde <b>40\u00a0EUR<\/b><\/span><span class=\"lkx-cta lkx-cta-sm\">Ver fechas \u2192<\/span>\n        <\/div>\n      <\/div>\n    <\/a><\/div><div class=\"lkx-disclosure\">\ud83d\udd17 Enlaces de afiliados \u2014 no cambian tu precio y nos ayudan a crear contenido. \u00b7 <a href=\"https:\/\/www.getyourguide.com\/es-es\/s\/?q=barcelona+pass&amp;partner_id=MKZ64IS&amp;utm_medium=online_publisher\" target=\"_blank\" rel=\"sponsored noopener nofollow\">Todas las experiencias \u2192<\/a><\/div>\n<\/div>\n<!-- LKM_GYG_CARD end -->\n\n\n\n<h2 class=\"wp-block-heading\"><span class=\"ez-toc-section\" id=\"Que_ha_cambiado_en_Barcelona_en_2026\"><\/span><span class=\"ez-toc-section\" id=\"que_cambio_en_barcelona_2026\">Qu\u00e9 ha cambiado en Barcelona en 2026<\/span><span class=\"ez-toc-section-end\"><\/span><\/h2>\n\n\n\n<p class=\"wp-block-paragraph\">Barcelona ha pasado este a\u00f1o por varios cambios que pueden desbaratarte bastante el presupuesto y el plan del d\u00eda. <strong>La mayor\u00eda de gu\u00edas a\u00fan no los recogen<\/strong>, as\u00ed que vamos a repasarlos uno por uno.<\/p>\n\n\n\n<p class=\"wp-block-paragraph\"><strong>La tasa tur\u00edstica casi se ha duplicado desde el 1 de abril de 2026.<\/strong> Se paga por persona y noche, con un m\u00e1ximo de siete noches, y en Booking normalmente no la ves al reservar. Hotel de cinco estrellas 12 EUR, apartamento tur\u00edstico 9,50 EUR, hotel de cuatro estrellas 8,40 EUR, otros alojamientos 7 EUR y albergue 6 EUR. <strong>Una familia de 2+2 para cinco noches paga as\u00ed unos 240 EUR de m\u00e1s<\/strong> con los que no contaba.<\/p>\n\n\n\n<p class=\"wp-block-paragraph\"><strong>Desde el 15 de febrero de 2026 est\u00e1 en vigor una nueva ordenanza de civismo<\/strong> (ordenan\u00e7a de civisme). Beber alcohol en la calle puede costar hasta 3000 EUR y ir sin camiseta fuera de la playa de 120 a 300 EUR. Adem\u00e1s, los no residentes pagan la multa en el acto. No es para asustarse, solo algo que conviene saber antes de abrirte una cerveza en las escaleras.<\/p>\n\n\n\n<p class=\"wp-block-paragraph\"><strong>Los alquileres de corta duraci\u00f3n se acaban.<\/strong> La ciudad retira las 10.101 licencias de pisos tur\u00edsticos en noviembre de 2028 y eso ya est\u00e1 empujando al alza los precios de los hoteles. El precio medio de una habitaci\u00f3n de hotel en marzo de 2026 fue de 188,50 EUR, un r\u00e9cord. En la pr\u00e1ctica esto significa una sola cosa: reserva cuanto antes. D\u00f3nde exactamente lo analizamos en el art\u00edculo sobre <a href=\"https:\/\/loudavymkrokem.cz\/es\/donde-alojarse-barcelona\/\">d\u00f3nde alojarse en Barcelona<\/a>.<\/p>\n\n\n\n<p class=\"wp-block-paragraph\"><strong>Y una buena noticia para terminar.<\/strong> Este a\u00f1o no hubo grandes manifestaciones antitur\u00edsticas en Barcelona, el movimiento se ha debilitado y el 73,4 % de los habitantes valora el turismo de forma positiva. Les molesta la masificaci\u00f3n, no los turistas. Lo que s\u00ed puede desbaratar el plan del d\u00eda son las huelgas de profesores: el 18 de mayo por su culpa cerr\u00f3 la Sagrada Fam\u00edlia y el 2 de junio la Casa Batll\u00f3.<\/p>\n\n\n\n<h2 class=\"wp-block-heading\"><span class=\"ez-toc-section\" id=\"Barcelona_consejos_y_recomendaciones_practicas\"><\/span><span class=\"ez-toc-section\" id=\"Barcelona_Consejos_practicos\">Barcelona: consejos y recomendaciones pr\u00e1cticas<\/span><span class=\"ez-toc-section-end\"><\/span><\/h2>\n\n\n\n<p class=\"wp-block-paragraph\">Compra las entradas con tiempo y por adelantado; si no puedes hacerlo por las webs oficiales, nosotros solemos usar <a class=\"thirstylink\" rel=\"nofollow\" target=\"_blank\" title=\"GetYourGuide\" href=\"https:\/\/loudavymkrokem.cz\/doporucujeme\/getyourguide\/\" data-shortcode=\"true\">GetYourGuide<\/a> (sin recargos, siempre funciona con fiabilidad y puedes pagar sin problema online). <strong>Con GetYourGuide nos hemos saltado varias veces las colas en Espa\u00f1a, porque no ten\u00edamos que esperar a comprar el billete.<\/strong><\/p>\n\n\n\n<figure data-wp-context=\"{&quot;imageId&quot;:&quot;6a99531aa006e&quot;}\" data-wp-interactive=\"core\/image\" data-wp-key=\"6a99531aa006e\" class=\"wp-block-image size-full wp-lightbox-container\"><img decoding=\"async\" width=\"1200\" height=\"630\" data-wp-class--hide=\"state.isContentHidden\" data-wp-class--show=\"state.isContentVisible\" data-wp-init=\"callbacks.setButtonStyles\" data-wp-on--click=\"actions.showLightbox\" data-wp-on--load=\"callbacks.setButtonStyles\" data-wp-on--pointerdown=\"actions.preloadImage\" data-wp-on--pointerenter=\"actions.preloadImageWithDelay\" data-wp-on--pointerleave=\"actions.cancelPreload\" data-wp-on-window--resize=\"callbacks.setButtonStyles\" src=\"https:\/\/loudavymkrokem.cz\/wp-content\/uploads\/2022\/06\/barcelona-tipy-a-rady.jpg\" alt=\"Barcelona consejos y recomendaciones\" class=\"wp-image-92572\" title=\"\" srcset=\"https:\/\/loudavymkrokem.cz\/wp-content\/uploads\/2022\/06\/barcelona-tipy-a-rady.jpg 1200w, https:\/\/loudavymkrokem.cz\/wp-content\/uploads\/2022\/06\/barcelona-tipy-a-rady-300x158.jpg 300w, https:\/\/loudavymkrokem.cz\/wp-content\/uploads\/2022\/06\/barcelona-tipy-a-rady-700x368.jpg 700w, https:\/\/loudavymkrokem.cz\/wp-content\/uploads\/2022\/06\/barcelona-tipy-a-rady-768x403.jpg 768w, https:\/\/loudavymkrokem.cz\/wp-content\/uploads\/2022\/06\/barcelona-tipy-a-rady-696x365.jpg 696w\" sizes=\"(max-width: 1200px) 100vw, 1200px\" \/><button\n\t\t\tclass=\"lightbox-trigger\"\n\t\t\ttype=\"button\"\n\t\t\taria-haspopup=\"dialog\"\n\t\t\tdata-wp-bind--aria-label=\"state.thisImage.triggerButtonAriaLabel\"\n\t\t\tdata-wp-init=\"callbacks.initTriggerButton\"\n\t\t\tdata-wp-on--click=\"actions.showLightbox\"\n\t\t\tdata-wp-style--right=\"state.thisImage.buttonRight\"\n\t\t\tdata-wp-style--top=\"state.thisImage.buttonTop\"\n\t\t>\n\t\t\t<svg xmlns=\"http:\/\/www.w3.org\/2000\/svg\" width=\"12\" height=\"12\" fill=\"none\" viewBox=\"0 0 12 12\">\n\t\t\t\t<path fill=\"#fff\" d=\"M2 0a2 2 0 0 0-2 2v2h1.5V2a.5.5 0 0 1 .5-.5h2V0H2Zm2 10.5H2a.5.5 0 0 1-.5-.5V8H0v2a2 2 0 0 0 2 2h2v-1.5ZM8 12v-1.5h2a.5.5 0 0 0 .5-.5V8H12v2a2 2 0 0 1-2 2H8Zm2-12a2 2 0 0 1 2 2v2h-1.5V2a.5.5 0 0 0-.5-.5H8V0h2Z\" \/>\n\t\t\t<\/svg>\n\t\t<\/button><figcaption class=\"wp-element-caption\">Barcelona: consejos y recomendaciones<\/figcaption><\/figure>\n\n\n\n<h3 class=\"wp-block-heading\"><span class=\"ez-toc-section\" id=\"Seguridad_en_Barcelona\"><\/span>Seguridad en Barcelona<span class=\"ez-toc-section-end\"><\/span><\/h3>\n\n\n\n<p class=\"wp-block-paragraph\">Barcelona tiene la mala fama de ser la ciudad de los carteristas, as\u00ed que mantente alerta durante tu visita. La buena noticia para 2026 es que <strong>los hurtos en el transporte p\u00fablico bajaron en la primera mitad del a\u00f1o en torno a un 40 %<\/strong> gracias a la operaci\u00f3n policial Pla Kanpai, con 85 reincidentes detenidos, el cu\u00e1druple que el a\u00f1o anterior.<\/p>\n\n\n\n<p class=\"wp-block-paragraph\"><strong>Pero el t\u00f3pico de que basta con evitar las multitudes no se cumple.<\/strong> El pico de robos no llega de noche, sino en las aglomeraciones de ma\u00f1ana y tarde, m\u00e1s o menos entre las 8:00 y las 9:30 y luego entre las 17:00 y las 20:00. Y van a m\u00e1s los robos de m\u00f3viles en la mano, cuando pasa por al lado una pareja en patinete el\u00e9ctrico: es silencioso y va sin acelerar, as\u00ed que no lo oyes. No tienes por qu\u00e9 asustarte, pero sigue unas cuantas reglas:<\/p>\n\n\n\n<ul class=\"wp-block-list\">\n\n<li><strong>Cuidado con los carteristas:<\/strong> vigila tus cosas sobre todo en el metro y en zonas concurridas como La Rambla. Te recomendamos llevar la mochila por delante o usar una ri\u00f1onera.<\/li>\n\n\n<li><strong>No lleves los objetos de valor todos en un mismo sitio:<\/strong> reparte el efectivo y la documentaci\u00f3n.<\/li>\n\n\n<li><strong>Evita dejar bolsos o mochilas<\/strong> colgados de las sillas en los restaurantes.<\/li>\n\n\n<li><strong>En el metro<\/strong> son frecuentes los peque\u00f1os hurtos, sobre todo al subir y bajar de los vagones.<\/li>\n\n\n<li><strong>No lleves objetos de valor a la playa.<\/strong> Si piensas ba\u00f1arte, ten una funda impermeable para la documentaci\u00f3n y las llaves.<\/li>\n\n\n<li><strong>Si alguien te aborda en la calle ofreci\u00e9ndote cualquier cosa<\/strong> (por ejemplo, \u00abentradas para eventos\u00bb o \u00abgu\u00edas\u00bb), mejor rechaza la oferta.<\/li>\n\n\n<li><strong>No lleves el m\u00f3vil en la mano junto a la calzada ni en una calle vac\u00eda:<\/strong> ah\u00ed es donde m\u00e1s gente se ha llevado un susto, m\u00e1s que entre la multitud.<\/li>\n\n\n<li><strong>Cuidado con los trucos<\/strong> del excremento de p\u00e1jaro, la bebida derramada, el clavel que te ponen en la mano junto a la Sagrada y los falsos polic\u00edas que quieren revisarte la cartera.<\/li>\n\n\n<li><strong>N\u00famero de emergencias: 112<\/strong> (l\u00ednea \u00fanica para polic\u00eda, ambulancia y bomberos), <strong>polic\u00eda: 092<\/strong><\/li>\n\n<\/ul>\n\n\n<h2 class=\"wp-block-heading lkm-card-h\"><span class=\"ez-toc-section\" id=\"Mapa_de_lugares_de_interes_para_tu_movil\"><\/span>Mapa de lugares de inter\u00e9s para tu m\u00f3vil<span class=\"ez-toc-section-end\"><\/span><\/h2>\n<div id=\"lk-map\"><\/div>\n<script>window.LKMAP = {\"slug\":\"barcelona\",\"name\":\"Barcelona\",\"country\":\"\\u0160pan\\u011blsko\",\"teaser\":\"19 lugares seleccionados a mano \\u2014 alojamiento, naturaleza, monumentos, lugares interesantes, museos, excursiones, bar\",\"lang\":\"es\",\"t\":{\"teaser_pre\":\"lugares seleccionados a mano\",\"kicker\":\"Mapa para el m\\u00f3vil\",\"owned_tag\":\"\\u2713 tuyo\",\"from_article\":\"Del art\\u00edculo\",\"places\":\"lugares\",\"route\":\"C\\u00f3mo llegar\",\"save_phone\":\"Guardar en el m\\u00f3vil\",\"fit\":\"Mostrar todo\",\"save_title\":\"Ll\\u00e9vate el mapa contigo\",\"save_lead\":\"A\\u00f1ade la p\\u00e1gina a tu pantalla de inicio \\u2014 se abre como una app, incluso sin conexi\\u00f3n.\",\"export_h\":\"O abre los puntos en otro sitio\",\"promo_head\":\"Mapa de lugares de inter\\u00e9s para tu m\\u00f3vil\",\"promo_body\":\"Guarda el mapa de los mejores lugares de {loc} en tu m\\u00f3vil \\u2014 un mapa interactivo privado que abres en Google Maps en todos tus dispositivos. Acceso inmediato tras el pago, por correo.\",\"buy_one\":\"Desbloquea los mejores lugares de {loc}\",\"buy_sticker\":\"= 1 caf\\u00e9 \\u2615\",\"email_ph\":\"tu@email.es\",\"link_sent\":\"Te hemos enviado un enlace de acceso por correo. Haz clic y el mapa se desbloquea.\",\"email_bad\":\"Introduce un correo v\\u00e1lido.\",\"secure_note\":\"Pago seguro con Stripe \\u00b7 mapa al instante en el m\\u00f3vil\",\"loading\":\"Cargando\\u2026\",\"err\":\"Algo sali\\u00f3 mal, int\\u00e9ntalo de nuevo.\",\"ty_paid\":\"Pago completado\",\"ty_title\":\"\\u00a1Gracias por tu compra!\",\"ty_body\":\"Acabamos de enviarte un enlace de acceso por correo. Haz clic y el mapa se desbloquea aqu\\u00ed mismo.\",\"ty_noemail\":\"\\u00bfNo lleg\\u00f3 el correo? Mira en spam o reenv\\u00edalo:\",\"ty_resend\":\"Reenviar\"},\"api\":\"\\\/wp-json\\\/lkmaps\\\/v1\\\/\",\"priceLabel\":\"2,90 \\u20ac\",\"allPriceLabel\":\"19 \\u20ac\",\"lat\":41.4357,\"lng\":2.1786,\"pointCount\":19,\"locMap\":\"Barcelona\",\"locCountry\":\"Barcelona\",\"catMap\":{\"zaj\\u00edmav\\u00e1 m\\u00edsta\":\"lugares interesantes\",\"ubytov\\u00e1n\\u00ed\":\"alojamiento\",\"pam\\u00e1tky\":\"monumentos\",\"muzea\":\"museos\",\"pl\\u00e1\\u017ee\":\"playas\",\"v\\u00fdlety\":\"excursiones\",\"p\\u0159\\u00edroda\":\"naturaleza\",\"muzeum\":\"museo\",\"m\\u00edsta\":\"lugares\",\"restaurace\":\"restaurantes\",\"j\\u00eddlo\":\"comida\",\"kav\\u00e1rny\":\"cafeter\\u00edas\",\"m\\u011bsta\":\"ciudades\",\"vyhl\\u00eddky\":\"miradores\",\"v\\u00fdlet\":\"excursi\\u00f3n\",\"pl\\u00e1\\u017e\":\"playa\",\"restaurace a kav\\u00e1rny\":\"restaurantes y cafeter\\u00edas\",\"stezky\":\"senderos\",\"bar\":\"bar\",\"z\\u00e1bava\":\"entretenimiento\",\"muzea a galerie\":\"museos y galer\\u00edas\",\"s d\\u011btmi\":\"con ni\\u00f1os\",\"parky\":\"parques\",\"zaj\\u00edmavosti\":\"puntos de inter\\u00e9s\",\"kam na v\\u00fdlet\":\"ideas de excursi\\u00f3n\",\"kav\\u00e1rny a restaurace\":\"cafeter\\u00edas y restaurantes\",\"hotely\":\"hoteles\",\"galerie a muzea\":\"galer\\u00edas y museos\",\"no\\u010dn\\u00ed \\u017eivot\":\"vida nocturna\",\"letoviska\":\"localidades costeras\",\"kemp\":\"camping\",\"cities\":\"ciudades\",\"lodging\":\"alojamiento\",\"trasa z m\\u00edsta faro do m\\u00edsta faro\":\"ruta\",\"beaches\":\"playas\",\"sights\":\"monumentos\",\"restaurants and caf\\u00e9s\":\"restaurantes y cafeter\\u00edas\",\"pottery shops\":\"tiendas de cer\\u00e1mica\",\"tipy na v\\u00fdlet\":\"ideas de excursi\\u00f3n\",\"wellness\":\"wellness\",\"p\\u00e1m\\u00e1tky\":\"monumentos\",\"ochutn\\u00e1vka v\\u00edn\":\"cata de vinos\",\"filmov\\u00e9 lokace her o tr\\u016fny\":\"localizaciones de Juego de Tronos\",\"proch\\u00e1zky\":\"paseos\",\"v\\u00fd\\u0161lap\":\"caminata\",\"nejhez\\u010d\\u00ed pl\\u00e1\\u017ee\":\"las playas m\\u00e1s bonitas\",\"beach bary\":\"chiringuitos\",\"ocean\\u00e1rium\":\"oceanario\",\"pot\\u00e1p\\u011bn\\u00ed\":\"buceo\",\"lanovky\":\"telef\\u00e9ricos\",\"vily\":\"villas\",\"m\\u011bsta k nav\\u0161t\\u00edven\\u00ed\":\"ciudades para visitar\",\"historick\\u00e9 pam\\u00e1tky\":\"monumentos hist\\u00f3ricos\",\"zaj\\u00edmav\\u00e9 \\u010dtvrti\":\"barrios interesantes\",\"parky a zahrady\":\"parques y jardines\",\"tipy na v\\u00fdchod a z\\u00e1pad slunce\":\"lugares para el amanecer y el atardecer\",\"v\\u00fdlety mimo lisabon\":\"excursiones fuera de Lisboa\",\"harry potter\":\"Harry Potter\",\"luxusn\\u00ed restaurace\":\"restaurantes de lujo\",\"levn\\u011bj\\u0161\\u00ed\":\"m\\u00e1s baratos\",\"ale vynikaj\\u00edc\\u00ed restaurace\":\"pero excelentes restaurantes\",\"kam s d\\u011btmi\":\"planes con ni\\u00f1os\",\"levady\":\"levadas\",\"botanick\\u00e1 zahrada\":\"jard\\u00edn bot\\u00e1nico\",\"vyhl\\u00eddky a turistick\\u00e9 atrakce\":\"miradores y atracciones tur\\u00edsticas\",\"vyhl\\u00eddka\":\"mirador\",\"v\\u00fdlety po okol\\u00ed\":\"excursiones por los alrededores\",\"obchody\":\"tiendas\",\"trhy\":\"mercados\",\"slu\\u017eby\":\"servicios\",\"obchody a trhy\":\"tiendas y mercados\",\"modern\\u00ed \\u010dtvrti\":\"barrios modernos\",\"nau\\u010dn\\u00e9 stezky\":\"senderos interpretativos\",\"pam\\u00e1tky a zaj\\u00edmavosti\":\"monumentos y puntos de inter\\u00e9s\",\"koup\\u00e1n\\u00ed\":\"zonas de ba\\u00f1o\",\"surfa\\u0159sk\\u00e9 \\u0161koly\":\"escuelas de surf\",\"p\\u016fj\\u010dovny kol\":\"alquiler de bicicletas\",\"nejzn\\u00e1m\\u011bj\\u0161\\u00ed kluby a bary\":\"los clubes y bares m\\u00e1s famosos\",\"kam na v\\u00edno\":\"d\\u00f3nde tomar vino\",\"kam na j\\u00eddlo\":\"d\\u00f3nde comer\",\"kluby\":\"clubes\",\"pro d\\u011bti\":\"para ni\\u00f1os\",\"akvaparky\":\"parques acu\\u00e1ticos\",\"ostrovy\":\"islas\",\"p\\u00edse\\u010dn\\u00e9 pl\\u00e1\\u017ee\":\"playas de arena\",\"obl\\u00e1zkov\\u00e9 pl\\u00e1\\u017ee\":\"playas de guijarros\",\"doporu\\u010den\\u00e9 hotely\":\"hoteles recomendados\",\"nejzn\\u00e1m\\u011bj\\u0161\\u00ed trpasl\\u00edci\":\"los enanos m\\u00e1s famosos\",\"p+r parkovi\\u0161t\\u011b\":\"aparcamientos P+R\",\"kam na pivo\":\"d\\u00f3nde tomar cerveza\",\"hezk\\u00fd v\\u00fdhled\":\"bonitas vistas\",\"ferrata\":\"v\\u00eda ferrata\",\"j\\u00eddlo a kav\\u00e1rny\":\"comida y cafeter\\u00edas\",\"tr\\u017enice\":\"mercados cubiertos\",\"muzea a katakomby\":\"museos y catacumbas\",\"levn\\u011bj\\u0161\\u00ed, ale vynikaj\\u00edc\\u00ed restaurace\":\"restaurantes m\\u00e1s baratos pero excelentes\"}};<\/script>\n\n\n\n\n<h2 class=\"wp-block-heading\"><span class=\"ez-toc-section\" id=\"FAQ_preguntas_frecuentes_sobre_Barcelona\"><\/span><span class=\"ez-toc-section\" id=\"faq_preguntas_frecuentes\">FAQ: preguntas frecuentes sobre Barcelona<\/span><span class=\"ez-toc-section-end\"><\/span><\/h2>\n\n\n<div id=\"rank-math-faq\" class=\"rank-math-block\">\n<div class=\"rank-math-list \">\n<div id=\"faq-question-1710700000001\" class=\"rank-math-list-item\">\n<h3 class=\"rank-math-question \"><span class=\"ez-toc-section\" id=\"%C2%BFQue_ver_en_Barcelona_en_un_dia\"><\/span>\u00bfQu\u00e9 ver en Barcelona en un d\u00eda?<span class=\"ez-toc-section-end\"><\/span><\/h3>\n<div class=\"rank-math-answer \">\n\n<p>En un d\u00eda te da tiempo a la Sagrada Fam\u00edlia (por la ma\u00f1ana, reserva para las 9:00), el Hospital de Sant Pau, la Casa Batll\u00f3 por fuera, el Barrio G\u00f3tico con la catedral, La Rambla con el mercado de La Boqueria y un paseo nocturno por la Barceloneta. La clave es comprar las entradas con antelaci\u00f3n y salir temprano por la ma\u00f1ana.<\/p>\n\n<\/div>\n<\/div>\n<div id=\"faq-question-1710700000002\" class=\"rank-math-list-item\">\n<h3 class=\"rank-math-question \"><span class=\"ez-toc-section\" id=\"%C2%BFQue_ver_en_Barcelona_en_2_dias\"><\/span>\u00bfQu\u00e9 ver en Barcelona en 2 d\u00edas?<span class=\"ez-toc-section-end\"><\/span><\/h3>\n<div class=\"rank-math-answer \">\n\n<p>En dos d\u00edas a\u00f1ade al itinerario de un d\u00eda el Park G\u00fcell (por la ma\u00f1ana), el barrio de Gr\u00e0cia, Montju\u00efc con el telef\u00e9rico y el castillo, los Bunkers del Carmel al atardecer y la Fuente M\u00e1gica por la noche. Dos d\u00edas son el m\u00ednimo ideal para Barcelona.<\/p>\n\n<\/div>\n<\/div>\n<div id=\"faq-question-1710700000003\" class=\"rank-math-list-item\">\n<h3 class=\"rank-math-question \"><span class=\"ez-toc-section\" id=\"%C2%BFQue_ver_en_Barcelona_en_3_dias\"><\/span>\u00bfQu\u00e9 ver en Barcelona en 3 d\u00edas?<span class=\"ez-toc-section-end\"><\/span><\/h3>\n<div class=\"rank-math-answer \">\n\n<p>En 3 d\u00edas te da tiempo a todo lo de los dos primeros d\u00edas m\u00e1s el Museo Picasso, el barrio de El Born con Santa Maria del Mar, el Parc de la Ciutadella y una excursi\u00f3n a Montserrat o al Camp Nou. El tercer d\u00eda tambi\u00e9n puedes dedicarlo a un tour de tapas o a un espect\u00e1culo de flamenco.<\/p>\n\n<\/div>\n<\/div>\n<div id=\"faq-question-1710700000004\" class=\"rank-math-list-item\">\n<h3 class=\"rank-math-question \"><span class=\"ez-toc-section\" id=\"%C2%BFCuantos_dias_son_suficientes_para_Barcelona\"><\/span>\u00bfCu\u00e1ntos d\u00edas son suficientes para Barcelona?<span class=\"ez-toc-section-end\"><\/span><\/h3>\n<div class=\"rank-math-answer \">\n\n<p>Lo ideal son 3-4 d\u00edas. En 2 d\u00edas puedes ver los principales monumentos, en 3 d\u00edas tambi\u00e9n museos y excursiones por los alrededores. Si quieres conocer Barcelona de verdad, incluyendo la gastronom\u00eda, las playas y la vida nocturna, planifica 4-5 d\u00edas.<\/p>\n\n<\/div>\n<\/div>\n<div id=\"faq-question-1710700000005\" class=\"rank-math-list-item\">\n<h3 class=\"rank-math-question \"><span class=\"ez-toc-section\" id=\"%C2%BFEstara_terminada_la_Sagrada_Familia_en_2026\"><\/span>\u00bfEstar\u00e1 terminada la Sagrada Familia en 2026?<span class=\"ez-toc-section-end\"><\/span><\/h3>\n<div class=\"rank-math-answer \">\n\n<p>S\u00ed, en 2026 la bas\u00edlica de la Sagrada Familia se completar\u00e1 tras 144 a\u00f1os de construcci\u00f3n. La torre principal de Jesucristo (172,5 m) la convertir\u00e1 en la iglesia m\u00e1s alta del mundo. Compra las entradas con al menos 2-3 semanas de antelaci\u00f3n, porque el inter\u00e9s en el a\u00f1o de su finalizaci\u00f3n es enorme.<\/p>\n\n<\/div>\n<\/div>\n<div id=\"faq-question-1710700000006\" class=\"rank-math-list-item\">\n<h3 class=\"rank-math-question \"><span class=\"ez-toc-section\" id=\"%C2%BFCuando_visitar_Barcelona\"><\/span>\u00bfCu\u00e1ndo visitar Barcelona?<span class=\"ez-toc-section-end\"><\/span><\/h3>\n<div class=\"rank-math-answer \">\n\n<p>Lo ideal es primavera (marzo-mayo) u oto\u00f1o (septiembre-octubre). El tiempo es agradable y hay menos multitudes que en verano. En temporada alta (junio-agosto) hace calor y est\u00e1 masificado. Fuera de temporada (noviembre-febrero) los precios son m\u00e1s bajos, pero el tiempo puede ser desapacible.<\/p>\n\n<\/div>\n<\/div>\n<div id=\"faq-question-1710700000007\" class=\"rank-math-list-item\">\n<h3 class=\"rank-math-question \"><span class=\"ez-toc-section\" id=\"%C2%BFMerece_la_pena_la_Barcelona_Card\"><\/span>\u00bfMerece la pena la Barcelona Card?<span class=\"ez-toc-section-end\"><\/span><\/h3>\n<div class=\"rank-math-answer \">\n\n<p>La Barcelona Card (desde 55 EUR por 3 d\u00edas) merece la pena si planeas visitar 3+ atracciones de pago al d\u00eda y usar mucho el transporte p\u00fablico. Si no, es m\u00e1s barato comprar la tarjeta Hola BCN para transporte y las entradas por separado online con descuento.<\/p>\n\n<\/div>\n<\/div>\n<div id=\"faq-question-1710700000008\" class=\"rank-math-list-item\">\n<h3 class=\"rank-math-question \"><span class=\"ez-toc-section\" id=\"%C2%BFEs_cara_Barcelona\"><\/span>\u00bfEs cara Barcelona?<span class=\"ez-toc-section-end\"><\/span><\/h3>\n<div class=\"rank-math-answer \">\n\n<p>Barcelona es m\u00e1s cara que otras ciudades espa\u00f1olas, pero m\u00e1s barata que Par\u00eds o Londres. Presupuesto por d\u00eda: viajero low cost 50-70 EUR (hostal, tapas, transporte p\u00fablico), medio 100-150 EUR (hotel, restaurantes, entradas), lujo 250+ EUR. Las mayores partidas suelen ser el alojamiento y las entradas a atracciones.<\/p>\n\n<\/div>\n<\/div>\n<div id=\"faq-question-1710700000009\" class=\"rank-math-list-item\">\n<h3 class=\"rank-math-question \"><span class=\"ez-toc-section\" id=\"%C2%BFComo_moverse_por_Barcelona\"><\/span>\u00bfC\u00f3mo moverse por Barcelona?<span class=\"ez-toc-section-end\"><\/span><\/h3>\n<div class=\"rank-math-answer \">\n\n<p>La mayor\u00eda de las atracciones se pueden recorrer a pie. Para distancias m\u00e1s largas usa el metro (tarjeta T-Casual: 10 viajes por 11,35 EUR) o la tarjeta Hola BCN para viajes ilimitados (desde 16,40 EUR por 48 horas). Desde el aeropuerto la forma m\u00e1s c\u00f3moda es el Aerobus (7,75 EUR).<\/p>\n\n<\/div>\n<\/div>\n<div id=\"faq-question-1710700000010\" class=\"rank-math-list-item\">\n<h3 class=\"rank-math-question \"><span class=\"ez-toc-section\" id=\"%C2%BFQue_comer_en_Barcelona\"><\/span>\u00bfQu\u00e9 comer en Barcelona?<span class=\"ez-toc-section-end\"><\/span><\/h3>\n<div class=\"rank-math-answer \">\n\n<p>Entre los platos t\u00edpicos catalanes destacan las patatas bravas, las bombas (bolas de patata fritas), el pa amb tom\u00e0quet (pan con tomate), la fideu\u00e0 (paella de fideos), la crema catalana y por supuesto las tapas. Mejores bares de tapas: El Xampanyet en El Born, Bar Ca\u00f1ete cerca de La Rambla y La Pepita en Gr\u00e0cia.<\/p>\n\n<\/div>\n<\/div>\n<div id=\"faq-question-1710700000011\" class=\"rank-math-list-item\">\n<h3 class=\"rank-math-question \"><span class=\"ez-toc-section\" id=\"%C2%BFEs_segura_Barcelona\"><\/span>\u00bfEs segura Barcelona?<span class=\"ez-toc-section-end\"><\/span><\/h3>\n<div class=\"rank-math-answer \">\n\n<p>Barcelona es segura, pero cuidado con los carteristas, especialmente en el metro y en La Rambla. Lleva la mochila por delante, deja los objetos de valor en el hotel y vigila tus cosas en la playa. L\u00ednea de emergencias: 112, polic\u00eda: 092.<\/p>\n\n<\/div>\n<\/div>\n<div id=\"faq-question-1710700000012\" class=\"rank-math-list-item\">\n<h3 class=\"rank-math-question \"><span class=\"ez-toc-section\" id=\"%C2%BFCon_que_se_paga_en_Barcelona\"><\/span>\u00bfCon qu\u00e9 se paga en Barcelona?<span class=\"ez-toc-section-end\"><\/span><\/h3>\n<div class=\"rank-math-answer \">\n\n<p>Espa\u00f1a forma parte de la eurozona, as\u00ed que aqu\u00ed se paga en euros. Con tarjeta puedes pagar en casi todos los sitios, pero en los mercados y en los establecimientos m\u00e1s peque\u00f1os conviene llevar tambi\u00e9n efectivo.<\/p>\n\n<\/div>\n<\/div>\n<\/div>\n<\/div>\n\n\n<h2 class=\"wp-block-heading\"><span class=\"ez-toc-section\" id=\"Sigue_leyendo_todas_nuestras_guias_de_Barcelona\"><\/span><span class=\"ez-toc-section\" id=\"todas_nuestras_guias_de_barcelona\">Sigue leyendo: todas nuestras gu\u00edas de Barcelona<\/span><span class=\"ez-toc-section-end\"><\/span><\/h2>\n\n\n\n<p class=\"wp-block-paragraph\">Este art\u00edculo es un punto de partida. De cada tema que aqu\u00ed solo esbozamos tenemos <strong>una gu\u00eda aparte con precios y datos actualizados para 2026<\/strong>.<\/p>\n\n\n\n<ul class=\"wp-block-list\">\n\n<li><a href=\"https:\/\/loudavymkrokem.cz\/es\/?p=376277\">El clima en Barcelona: temperaturas mes a mes y cu\u00e1ndo ir<\/a><\/li>\n\n\n\n<li><a href=\"https:\/\/loudavymkrokem.cz\/es\/?p=376356\">C\u00f3mo llegar a Barcelona: vuelos, precios y tren<\/a><\/li>\n\n\n\n<li><a href=\"https:\/\/loudavymkrokem.cz\/es\/?p=376352\">Transporte en Barcelona: metro, billetes y trayecto desde el aeropuerto<\/a><\/li>\n\n\n\n<li><a href=\"https:\/\/loudavymkrokem.cz\/es\/donde-alojarse-barcelona\/\">D\u00f3nde alojarse en Barcelona: 10 barrios y la trampa del \u00abbarato junto a la playa\u00bb<\/a><\/li>\n\n\n\n<li><a href=\"https:\/\/loudavymkrokem.cz\/es\/?p=376361\">Precios en Barcelona: presupuesto y tasa tur\u00edstica<\/a><\/li>\n\n\n\n<li><a href=\"https:\/\/loudavymkrokem.cz\/es\/?p=376366\">Seguridad en Barcelona: los carteristas por horas<\/a><\/li>\n\n\n\n<li><a href=\"https:\/\/loudavymkrokem.cz\/es\/barcelona-en-3-dias\/\">Barcelona en 3 d\u00edas: itinerario (+ variantes de 1, 2 y 5 d\u00edas)<\/a><\/li>\n\n\n\n<li><a href=\"https:\/\/loudavymkrokem.cz\/es\/sagrada-familia-entradas-consejos\/\">Sagrada Fam\u00edlia: entradas, precios y consejos para la visita<\/a><\/li>\n\n\n\n<li><a href=\"https:\/\/loudavymkrokem.cz\/es\/?p=376276\">Park G\u00fcell: entradas, precios y consejos<\/a><\/li>\n\n\n\n<li><a href=\"https:\/\/loudavymkrokem.cz\/es\/gaudi-barcelona-espana\/\">Gaud\u00ed en Barcelona: los edificios que merece la pena visitar<\/a><\/li>\n\n\n\n<li><a href=\"https:\/\/loudavymkrokem.cz\/es\/?p=376279\">Camp Nou: visita al estadio y estado de las obras<\/a><\/li>\n\n\n\n<li><a href=\"https:\/\/loudavymkrokem.cz\/es\/vistas-barcelona-miradores\/\">Las mejores vistas de Barcelona<\/a><\/li>\n\n\n\n<li><a href=\"https:\/\/loudavymkrokem.cz\/es\/playas-barcelona-mejores-rincones\/\">Playas de Barcelona: la Barceloneta y a d\u00f3nde van los locales<\/a><\/li>\n\n\n\n<li><a href=\"https:\/\/loudavymkrokem.cz\/es\/barcelona-con-ninos\/\">Barcelona con ni\u00f1os: qu\u00e9 hacer<\/a><\/li>\n\n\n\n<li><a href=\"https:\/\/loudavymkrokem.cz\/es\/excursiones-desde-barcelona\/\">Excursiones desde Barcelona: ideas para un d\u00eda<\/a><\/li>\n\n\n<\/ul>\n\n\n\n<h2 class=\"wp-block-heading\"><span class=\"ez-toc-section\" id=\"%C2%BFA_donde_ir_de_vacaciones_en_Espana\"><\/span><span class=\"ez-toc-section\" id=\"donde_ir_de_vacaciones_en_espana\">\u00bfA d\u00f3nde ir de vacaciones en Espa\u00f1a?<\/span><span class=\"ez-toc-section-end\"><\/span><\/h2>\n\n\n\n<p class=\"wp-block-paragraph\">Luk\u00e1\u0161 y yo adoramos <strong><a href=\"https:\/\/loudavymkrokem.cz\/es\/andalucia-espana-lugares-bonitos\/\" data-type=\"post\" data-id=\"58942\">Andaluc\u00eda<\/a><\/strong>, donde encontrar\u00e1s ciudades impresionantes como <strong><a href=\"https:\/\/loudavymkrokem.cz\/es\/cordoba-espana-que-ver\/\" data-type=\"post\" data-id=\"58814\">C\u00f3rdoba,<\/a><\/strong> <strong><a href=\"https:\/\/loudavymkrokem.cz\/es\/que-ver-en-sevilla-guia\/\" data-type=\"post\" data-id=\"58888\">Sevilla<\/a><\/strong> o <strong><a href=\"https:\/\/loudavymkrokem.cz\/es\/que-ver-granada-espana\/\" data-type=\"post\" data-id=\"58966\">Granada<\/a><\/strong>. Y si te apetece el mar, ponte rumbo a <strong><a href=\"https:\/\/loudavymkrokem.cz\/es\/malaga-espana-que-ver\/\" data-type=\"post\" data-id=\"58968\">M\u00e1laga<\/a><\/strong>, donde el mar es c\u00e1lido y tranquilo.<\/p>\n","protected":false},"excerpt":{"rendered":"<p>\u00bfTe vas de viaje a Barcelona? Nuestro itinerario te vendr\u00e1 genial. Descubre qu\u00e9 ver y hacer en Barcelona y planifica una escapada inolvidable.<\/p>\n","protected":false},"author":3,"featured_media":57868,"comment_status":"open","ping_status":"closed","sticky":false,"template":"","format":"standard","meta":{"_acf_changed":false,"footnotes":"","rank_math_title":"Qu\u00e9 ver en Barcelona Espa\u00f1a: 25+ planes 2026","rank_math_description":"Descubre qu\u00e9 ver en Barcelona, Espa\u00f1a: 25+ planes, itinerarios de 1 a 3 d\u00edas y consejos de transporte y comida. \u00a1Planifica ya tu viaje a medida!","rank_math_focus_keyword":"barcelona espa\u00f1a","rank_math_seo_score":""},"categories":[1036,996,980],"tags":[],"class_list":["post-133666","post","type-post","status-publish","format-standard","has-post-thumbnail","category-espana","category-europa","category-viajes"],"acf":[],"featured_image_src":"https:\/\/loudavymkrokem.cz\/wp-content\/uploads\/2022\/06\/barcelona-park-guell.jpeg","author_info":{"display_name":"Lucie Kone\u010dn\u00e1","author_link":"https:\/\/loudavymkrokem.cz\/es\/author\/lucie-konecna\/"},"_links":{"self":[{"href":"https:\/\/loudavymkrokem.cz\/es\/wp-json\/wp\/v2\/posts\/133666","targetHints":{"allow":["GET"]}}],"collection":[{"href":"https:\/\/loudavymkrokem.cz\/es\/wp-json\/wp\/v2\/posts"}],"about":[{"href":"https:\/\/loudavymkrokem.cz\/es\/wp-json\/wp\/v2\/types\/post"}],"author":[{"embeddable":true,"href":"https:\/\/loudavymkrokem.cz\/es\/wp-json\/wp\/v2\/users\/3"}],"replies":[{"embeddable":true,"href":"https:\/\/loudavymkrokem.cz\/es\/wp-json\/wp\/v2\/comments?post=133666"}],"version-history":[{"count":0,"href":"https:\/\/loudavymkrokem.cz\/es\/wp-json\/wp\/v2\/posts\/133666\/revisions"}],"wp:featuredmedia":[{"embeddable":true,"href":"https:\/\/loudavymkrokem.cz\/es\/wp-json\/wp\/v2\/media\/57868"}],"wp:attachment":[{"href":"https:\/\/loudavymkrokem.cz\/es\/wp-json\/wp\/v2\/media?parent=133666"}],"wp:term":[{"taxonomy":"category","embeddable":true,"href":"https:\/\/loudavymkrokem.cz\/es\/wp-json\/wp\/v2\/categories?post=133666"},{"taxonomy":"post_tag","embeddable":true,"href":"https:\/\/loudavymkrokem.cz\/es\/wp-json\/wp\/v2\/tags?post=133666"}],"curies":[{"name":"wp","href":"https:\/\/api.w.org\/{rel}","templated":true}]}}