{"id":417142,"date":"2026-09-04T20:50:25","date_gmt":"2026-09-04T18:50:25","guid":{"rendered":"https:\/\/loudavymkrokem.cz\/strasbourg-france-things-to-do\/"},"modified":"2026-09-05T13:29:02","modified_gmt":"2026-09-05T11:29:02","slug":"strasbourg-france-things-to-do","status":"publish","type":"post","link":"https:\/\/loudavymkrokem.cz\/en\/strasbourg-france-things-to-do\/","title":{"rendered":"Strasbourg, France: 18 Best Things to See and Do"},"content":{"rendered":"\n<p class=\"wp-block-paragraph\">Most of us instantly picture Strasbourg, France with the scent of mulled wine and a flood of festive lights, but the truth is that <strong>this city has plenty to offer for the other eleven months of the year too<\/strong>. While it bursts at the seams in December and prices skyrocket, outside the Advent season it turns into a calmer and <strong>far more affordable destination<\/strong>, where French elegance blends with German precision. Over the past century its nationality changed hands four times, and that has left an indelible mark on the architecture, the local language and the outstanding food scene.<\/p>\n\n\n\n<p class=\"wp-block-paragraph\">You&#8217;ll find a <strong>historic quarter listed by UNESCO<\/strong>, a monumental Gothic cathedral and the modern glass buildings of the European Parliament, which together create a truly unique atmosphere. You can wander through picturesque lanes lined with half-timbered houses, watch the boats gliding along the canals, or simply sit down in a caf\u00e9 and <strong>soak up that incredible sense of calm without the tourist crowds<\/strong>. Strasbourg is, quite simply, a city of two identities that will surprise you at every turn.<\/p>\n\n\n\n<p class=\"wp-block-paragraph\">If you&#8217;re looking for the perfect spot for a long weekend where <strong>history mingles with vibrant modern life<\/strong>, you&#8217;ve just found it. I&#8217;ve put together a detailed guide that will show you the city&#8217;s greatest treasures and help you make the most of your visit, no matter what time of year you decide to come.<\/p>\n\n\n\n<figure data-wp-context=\"{&quot;imageId&quot;:&quot;6a9c14cbd008c&quot;}\" data-wp-interactive=\"core\/image\" data-wp-key=\"6a9c14cbd008c\" class=\"wp-block-image size-full wp-lightbox-container\"><img decoding=\"async\" width=\"1920\" height=\"2454\" data-wp-class--hide=\"state.isContentHidden\" data-wp-class--show=\"state.isContentVisible\" data-wp-init=\"callbacks.setButtonStyles\" data-wp-on--click=\"actions.showLightbox\" data-wp-on--load=\"callbacks.setButtonStyles\" data-wp-on--pointerdown=\"actions.preloadImage\" data-wp-on--pointerenter=\"actions.preloadImageWithDelay\" data-wp-on--pointerleave=\"actions.cancelPreload\" data-wp-on-window--resize=\"callbacks.setButtonStyles\" src=\"https:\/\/loudavymkrokem.cz\/wp-content\/uploads\/2026\/09\/katedrala-notre-dame-ve-strasburku-af4b864e.jpg\" alt=\"Notre-Dame Cathedral in Strasbourg\" class=\"wp-image-413376\" title=\"\" srcset=\"https:\/\/loudavymkrokem.cz\/wp-content\/uploads\/2026\/09\/katedrala-notre-dame-ve-strasburku-af4b864e.jpg 1920w, https:\/\/loudavymkrokem.cz\/wp-content\/uploads\/2026\/09\/katedrala-notre-dame-ve-strasburku-af4b864e-235x300.jpg 235w, https:\/\/loudavymkrokem.cz\/wp-content\/uploads\/2026\/09\/katedrala-notre-dame-ve-strasburku-af4b864e-700x895.jpg 700w, https:\/\/loudavymkrokem.cz\/wp-content\/uploads\/2026\/09\/katedrala-notre-dame-ve-strasburku-af4b864e-768x982.jpg 768w, https:\/\/loudavymkrokem.cz\/wp-content\/uploads\/2026\/09\/katedrala-notre-dame-ve-strasburku-af4b864e-1202x1536.jpg 1202w, https:\/\/loudavymkrokem.cz\/wp-content\/uploads\/2026\/09\/katedrala-notre-dame-ve-strasburku-af4b864e-1602x2048.jpg 1602w, https:\/\/loudavymkrokem.cz\/wp-content\/uploads\/2026\/09\/katedrala-notre-dame-ve-strasburku-af4b864e-696x890.jpg 696w, https:\/\/loudavymkrokem.cz\/wp-content\/uploads\/2026\/09\/katedrala-notre-dame-ve-strasburku-af4b864e-1392x1779.jpg 1392w\" sizes=\"(max-width: 1920px) 100vw, 1920px\" \/><button\n\t\t\tclass=\"lightbox-trigger\"\n\t\t\ttype=\"button\"\n\t\t\taria-haspopup=\"dialog\"\n\t\t\tdata-wp-bind--aria-label=\"state.thisImage.triggerButtonAriaLabel\"\n\t\t\tdata-wp-init=\"callbacks.initTriggerButton\"\n\t\t\tdata-wp-on--click=\"actions.showLightbox\"\n\t\t\tdata-wp-style--right=\"state.thisImage.buttonRight\"\n\t\t\tdata-wp-style--top=\"state.thisImage.buttonTop\"\n\t\t>\n\t\t\t<svg xmlns=\"http:\/\/www.w3.org\/2000\/svg\" width=\"12\" height=\"12\" fill=\"none\" viewBox=\"0 0 12 12\">\n\t\t\t\t<path fill=\"#fff\" d=\"M2 0a2 2 0 0 0-2 2v2h1.5V2a.5.5 0 0 1 .5-.5h2V0H2Zm2 10.5H2a.5.5 0 0 1-.5-.5V8H0v2a2 2 0 0 0 2 2h2v-1.5ZM8 12v-1.5h2a.5.5 0 0 0 .5-.5V8H12v2a2 2 0 0 1-2 2H8Zm2-12a2 2 0 0 1 2 2v2h-1.5V2a.5.5 0 0 0-.5-.5H8V0h2Z\" \/>\n\t\t\t<\/svg>\n\t\t<\/button><figcaption class=\"wp-element-caption\">Foto: Diliff \/ Wikimedia Commons, CC BY-SA 3.0<\/figcaption><\/figure>\n\n\n\n<div id=\"ez-toc-container\" class=\"ez-toc-v2_0_87 ez-toc-wrap-left counter-hierarchy ez-toc-counter ez-toc-grey ez-toc-container-direction\">\n<div class=\"ez-toc-title-container\">\n<p class=\"ez-toc-title\" style=\"cursor:inherit\">Table of Contents<\/p>\n<span class=\"ez-toc-title-toggle\"><a href=\"#\" class=\"ez-toc-pull-right ez-toc-btn ez-toc-btn-xs ez-toc-btn-default ez-toc-toggle\" aria-label=\"Toggle Table of Content\"><span class=\"ez-toc-js-icon-con\"><span class=\"\"><span class=\"eztoc-hide\" style=\"display:none;\">Toggle<\/span><span class=\"ez-toc-icon-toggle-span\"><svg style=\"fill: #999;color:#999\" xmlns=\"http:\/\/www.w3.org\/2000\/svg\" class=\"list-377408\" width=\"20px\" height=\"20px\" viewBox=\"0 0 24 24\" fill=\"none\"><path d=\"M6 6H4v2h2V6zm14 0H8v2h12V6zM4 11h2v2H4v-2zm16 0H8v2h12v-2zM4 16h2v2H4v-2zm16 0H8v2h12v-2z\" fill=\"currentColor\"><\/path><\/svg><svg style=\"fill: #999;color:#999\" class=\"arrow-unsorted-368013\" xmlns=\"http:\/\/www.w3.org\/2000\/svg\" width=\"10px\" height=\"10px\" viewBox=\"0 0 24 24\" version=\"1.2\" baseProfile=\"tiny\"><path d=\"M18.2 9.3l-6.2-6.3-6.2 6.3c-.2.2-.3.4-.3.7s.1.5.3.7c.2.2.4.3.7.3h11c.3 0 .5-.1.7-.3.2-.2.3-.5.3-.7s-.1-.5-.3-.7zM5.8 14.7l6.2 6.3 6.2-6.3c.2-.2.3-.5.3-.7s-.1-.5-.3-.7c-.2-.2-.4-.3-.7-.3h-11c-.3 0-.5.1-.7.3-.2.2-.3.5-.3.7s.1.5.3.7z\"\/><\/svg><\/span><\/span><\/span><\/a><\/span><\/div>\n<nav><ul class='ez-toc-list ez-toc-list-level-1 ' ><ul class='ez-toc-list-level-3' ><li class='ez-toc-heading-level-3'><a class=\"ez-toc-link ez-toc-heading-1\" href=\"https:\/\/loudavymkrokem.cz\/en\/strasbourg-france-things-to-do\/#TLDR\" >TL;DR<\/a><\/li><\/ul><\/li><li class='ez-toc-page-1 ez-toc-heading-level-2'><a class=\"ez-toc-link ez-toc-heading-2\" href=\"https:\/\/loudavymkrokem.cz\/en\/strasbourg-france-things-to-do\/#When_to_visit_Strasbourg\" >When to visit Strasbourg<\/a><\/li><li class='ez-toc-page-1 ez-toc-heading-level-2'><a class=\"ez-toc-link ez-toc-heading-3\" href=\"https:\/\/loudavymkrokem.cz\/en\/strasbourg-france-things-to-do\/#Where_to_stay_in_Strasbourg\" >Where to stay in Strasbourg<\/a><\/li><li class='ez-toc-page-1 ez-toc-heading-level-2'><a class=\"ez-toc-link ez-toc-heading-4\" href=\"https:\/\/loudavymkrokem.cz\/en\/strasbourg-france-things-to-do\/#18_best_things_to_see_and_do_in_Strasbourg\" >18 best things to see and do in Strasbourg<\/a><ul class='ez-toc-list-level-3' ><li class='ez-toc-heading-level-3'><a class=\"ez-toc-link ez-toc-heading-5\" href=\"https:\/\/loudavymkrokem.cz\/en\/strasbourg-france-things-to-do\/#1_Cathedrale_Notre-Dame-de-Strasbourg\" >1. Cath\u00e9drale Notre-Dame-de-Strasbourg<\/a><\/li><li class='ez-toc-page-1 ez-toc-heading-level-3'><a class=\"ez-toc-link ez-toc-heading-6\" href=\"https:\/\/loudavymkrokem.cz\/en\/strasbourg-france-things-to-do\/#2_The_sixteenth-century_astronomical_clock\" >2. The sixteenth-century astronomical clock<\/a><\/li><li class='ez-toc-page-1 ez-toc-heading-level-3'><a class=\"ez-toc-link ez-toc-heading-7\" href=\"https:\/\/loudavymkrokem.cz\/en\/strasbourg-france-things-to-do\/#3_Climbing_to_the_cathedral_viewing_platform\" >3. Climbing to the cathedral viewing platform<\/a><\/li><li class='ez-toc-page-1 ez-toc-heading-level-3'><a class=\"ez-toc-link ez-toc-heading-8\" href=\"https:\/\/loudavymkrokem.cz\/en\/strasbourg-france-things-to-do\/#4_Petite_France\" >4. Petite France<\/a><\/li><li class='ez-toc-page-1 ez-toc-heading-level-3'><a class=\"ez-toc-link ez-toc-heading-9\" href=\"https:\/\/loudavymkrokem.cz\/en\/strasbourg-france-things-to-do\/#5_Ponts_Couverts_de_Strasbourg\" >5. Ponts Couverts de Strasbourg<\/a><\/li><li class='ez-toc-page-1 ez-toc-heading-level-3'><a class=\"ez-toc-link ez-toc-heading-10\" href=\"https:\/\/loudavymkrokem.cz\/en\/strasbourg-france-things-to-do\/#6_Barrage_Vauban\" >6. Barrage Vauban<\/a><\/li><li class='ez-toc-page-1 ez-toc-heading-level-3'><a class=\"ez-toc-link ez-toc-heading-11\" href=\"https:\/\/loudavymkrokem.cz\/en\/strasbourg-france-things-to-do\/#7_Batorama_canal_cruise\" >7. Batorama canal cruise<\/a><\/li><li class='ez-toc-page-1 ez-toc-heading-level-3'><a class=\"ez-toc-link ez-toc-heading-12\" href=\"https:\/\/loudavymkrokem.cz\/en\/strasbourg-france-things-to-do\/#8_The_European_Parliament\" >8. The European Parliament<\/a><\/li><li class='ez-toc-page-1 ez-toc-heading-level-3'><a class=\"ez-toc-link ez-toc-heading-13\" href=\"https:\/\/loudavymkrokem.cz\/en\/strasbourg-france-things-to-do\/#9_Parlamentarium_Simone_Veil\" >9. Parlamentarium Simone Veil<\/a><\/li><li class='ez-toc-page-1 ez-toc-heading-level-3'><a class=\"ez-toc-link ez-toc-heading-14\" href=\"https:\/\/loudavymkrokem.cz\/en\/strasbourg-france-things-to-do\/#10_The_Council_of_Europe_and_the_institutions_quarter\" >10. The Council of Europe and the institutions quarter<\/a><\/li><li class='ez-toc-page-1 ez-toc-heading-level-3'><a class=\"ez-toc-link ez-toc-heading-15\" href=\"https:\/\/loudavymkrokem.cz\/en\/strasbourg-france-things-to-do\/#11_Grande_Ile_the_first_quarter_on_the_UNESCO_list\" >11. Grande \u00cele (the first quarter on the UNESCO list)<\/a><\/li><li class='ez-toc-page-1 ez-toc-heading-level-3'><a class=\"ez-toc-link ez-toc-heading-16\" href=\"https:\/\/loudavymkrokem.cz\/en\/strasbourg-france-things-to-do\/#12_Neustadt_the_German_imperial_quarter\" >12. Neustadt (the German imperial quarter)<\/a><\/li><li class='ez-toc-page-1 ez-toc-heading-level-3'><a class=\"ez-toc-link ez-toc-heading-17\" href=\"https:\/\/loudavymkrokem.cz\/en\/strasbourg-france-things-to-do\/#13_Place_Kleber\" >13. Place Kl\u00e9ber<\/a><\/li><li class='ez-toc-page-1 ez-toc-heading-level-3'><a class=\"ez-toc-link ez-toc-heading-18\" href=\"https:\/\/loudavymkrokem.cz\/en\/strasbourg-france-things-to-do\/#14_Parc_de_lOrangerie\" >14. Parc de l&#8217;Orangerie<\/a><\/li><li class='ez-toc-page-1 ez-toc-heading-level-3'><a class=\"ez-toc-link ez-toc-heading-19\" href=\"https:\/\/loudavymkrokem.cz\/en\/strasbourg-france-things-to-do\/#15_Parc_de_lEtoile\" >15. Parc de l&#8217;\u00c9toile<\/a><\/li><li class='ez-toc-page-1 ez-toc-heading-level-3'><a class=\"ez-toc-link ez-toc-heading-20\" href=\"https:\/\/loudavymkrokem.cz\/en\/strasbourg-france-things-to-do\/#16_Palais_Rohan\" >16. Palais Rohan<\/a><\/li><li class='ez-toc-page-1 ez-toc-heading-level-3'><a class=\"ez-toc-link ez-toc-heading-21\" href=\"https:\/\/loudavymkrokem.cz\/en\/strasbourg-france-things-to-do\/#17_Strasbourg_Museum_of_Modern_and_Contemporary_Art_MAMCS\" >17. Strasbourg Museum of Modern and Contemporary Art (MAMCS)<\/a><\/li><li class='ez-toc-page-1 ez-toc-heading-level-3'><a class=\"ez-toc-link ez-toc-heading-22\" href=\"https:\/\/loudavymkrokem.cz\/en\/strasbourg-france-things-to-do\/#18_Musee_Alsacien\" >18. Mus\u00e9e Alsacien<\/a><\/li><\/ul><\/li><li class='ez-toc-page-1 ez-toc-heading-level-2'><a class=\"ez-toc-link ez-toc-heading-23\" href=\"https:\/\/loudavymkrokem.cz\/en\/strasbourg-france-things-to-do\/#Where_to_go_next_from_Strasbourg\" >Where to go next from Strasbourg<\/a><\/li><li class='ez-toc-page-1 ez-toc-heading-level-2'><a class=\"ez-toc-link ez-toc-heading-24\" href=\"https:\/\/loudavymkrokem.cz\/en\/strasbourg-france-things-to-do\/#Frequently_asked_questions\" >Frequently asked questions<\/a><ul class='ez-toc-list-level-3' ><li class='ez-toc-heading-level-3'><a class=\"ez-toc-link ez-toc-heading-25\" href=\"https:\/\/loudavymkrokem.cz\/en\/strasbourg-france-things-to-do\/#When_are_the_Christmas_markets_held_in_2026\" >When are the Christmas markets held in 2026?<\/a><\/li><li class='ez-toc-page-1 ez-toc-heading-level-3'><a class=\"ez-toc-link ez-toc-heading-26\" href=\"https:\/\/loudavymkrokem.cz\/en\/strasbourg-france-things-to-do\/#How_does_the_Park_and_Ride_system_work\" >How does the Park and Ride system work?<\/a><\/li><li class='ez-toc-page-1 ez-toc-heading-level-3'><a class=\"ez-toc-link ez-toc-heading-27\" href=\"https:\/\/loudavymkrokem.cz\/en\/strasbourg-france-things-to-do\/#How_many_days_should_I_allow_for_visiting_the_city\" >How many days should I allow for visiting the city?<\/a><\/li><li class='ez-toc-page-1 ez-toc-heading-level-3'><a class=\"ez-toc-link ez-toc-heading-28\" href=\"https:\/\/loudavymkrokem.cz\/en\/strasbourg-france-things-to-do\/#Are_tours_of_the_European_Parliament_charged\" >Are tours of the European Parliament charged?<\/a><\/li><li class='ez-toc-page-1 ez-toc-heading-level-3'><a class=\"ez-toc-link ez-toc-heading-29\" href=\"https:\/\/loudavymkrokem.cz\/en\/strasbourg-france-things-to-do\/#Whats_the_best_way_to_get_around_the_city_center\" >What&#8217;s the best way to get around the city center?<\/a><\/li><li class='ez-toc-page-1 ez-toc-heading-level-3'><a class=\"ez-toc-link ez-toc-heading-30\" href=\"https:\/\/loudavymkrokem.cz\/en\/strasbourg-france-things-to-do\/#Is_Strasbourg_an_expensive_city\" >Is Strasbourg an expensive city?<\/a><\/li><li class='ez-toc-page-1 ez-toc-heading-level-3'><a class=\"ez-toc-link ez-toc-heading-31\" href=\"https:\/\/loudavymkrokem.cz\/en\/strasbourg-france-things-to-do\/#Is_the_city_suitable_for_vegetarians\" >Is the city suitable for vegetarians?<\/a><\/li><li class='ez-toc-page-1 ez-toc-heading-level-3'><a class=\"ez-toc-link ez-toc-heading-32\" href=\"https:\/\/loudavymkrokem.cz\/en\/strasbourg-france-things-to-do\/#Which_spots_are_best_for_photography\" >Which spots are best for photography?<\/a><\/li><\/ul><\/li><\/ul><\/nav><\/div>\n<h3 class=\"wp-block-heading\"><span class=\"ez-toc-section\" id=\"TLDR\"><\/span>TL;DR<span class=\"ez-toc-section-end\"><\/span><\/h3>\n\n\n\n<ul class=\"wp-block-list\">\n\n<li><strong>Most-visited landmark:<\/strong> the <a href=\"https:\/\/www.cathedrale-strasbourg.fr\/\" target=\"_blank\" rel=\"nofollow noopener\">Cath\u00e9drale Notre-Dame-de-Strasbourg<\/a> with its unique sixteenth-century astronomical clock.<\/li>\n\n\n\n<li><strong>Most photogenic spots:<\/strong> the picturesque Petite France quarter with its half-timbered houses and canals.<\/li>\n\n\n\n<li><strong>Best free viewpoint:<\/strong> the terrace on the historic Barrage Vauban dam, where you&#8217;ll take your most beautiful photos.<\/li>\n\n\n\n<li><strong>Unique experience:<\/strong> a free tour of the European Parliament and the interactive Parlamentarium Simone Veil.<\/li>\n\n\n\n<li><strong>Getting around:<\/strong> the centre is fairly car-unfriendly, so the best option is the Park and Ride system combined with the tram.<\/li>\n\n\n\n<li><strong>When to go:<\/strong> for the best balance of price and weather I recommend May, June or September, while January is ideal for the lowest hotel prices.<\/li>\n\n\n\n<li><strong>World Heritage:<\/strong> the entire historic Grande \u00cele quarter and the younger German Neustadt are both on the UNESCO list.<\/li>\n\n\n<\/ul>\n\n\n\n<h2 class=\"wp-block-heading\"><span class=\"ez-toc-section\" id=\"When_to_visit_Strasbourg\"><\/span>When to visit Strasbourg<span class=\"ez-toc-section-end\"><\/span><\/h2>\n\n\n\n<p class=\"wp-block-paragraph\">Timing your trip is absolutely crucial with this city, because <strong>seasonality has an extreme effect on accommodation prices<\/strong>. If you come in December during the famous markets, be prepared for hotels in the centre to cost up to three times their normal summer rate. In January or February, on the other hand, you&#8217;ll experience the city completely free of crowds, and <strong>with a bit of luck you&#8217;ll snag a luxury room for just a fraction of the winter price<\/strong>. The spring and autumn months are then the perfect compromise for anyone who wants to save money while still enjoying pleasant weather.<\/p>\n\n\n\n<p class=\"wp-block-paragraph\">The most pleasant weather for long walks along the canals awaits you <strong>in May, June and September<\/strong>, when temperatures sit at very comfortable levels and the days are long enough. In summer the stone centre can get fairly hot, but thanks to the ever-present water and the sprawling parks it&#8217;s easy enough to handle. If you don&#8217;t mind slightly damper weather, <strong>early spring reveals the city in a beautifully melancholic mood<\/strong>, when the local caf\u00e9s slowly come back to life and the streets belong to the locals alone.<\/p>\n\n\n\n<p class=\"wp-block-paragraph\">In 2026, the famous Christmas markets run from Friday 27 November to Sunday 27 December. They spread across eleven different locations throughout the historic Grande \u00cele quarter, with the best-known ones on Place Broglie, Place de la Cath\u00e9drale and in the lanes of Petite France. If you&#8217;re mainly interested in this magical season and don&#8217;t mind a significantly higher budget, <strong>be sure to read our separate article on the <a href=\"https:\/\/loudavymkrokem.cz\/en\/strasbourg-christmas-market-2026\/\">Strasbourg Christmas markets<\/a><\/strong>, where you&#8217;ll find a detailed map of the locations, local customs and specific tips on traditional treats.<\/p>\n\n\n\n<h2 class=\"wp-block-heading\"><span class=\"ez-toc-section\" id=\"Where_to_stay_in_Strasbourg\"><\/span>Where to stay in Strasbourg<span class=\"ez-toc-section-end\"><\/span><\/h2>\n\n\n\n<p class=\"wp-block-paragraph\">Choosing the right neighbourhood for your stay will save you plenty of time and money on public transport. The most charming, but also \u2014 logically \u2014 the most expensive, is the <strong>historic Grande \u00cele quarter and its Petite France section<\/strong>, where all the main sights are just a few steps from your bed. If you&#8217;re after something noticeably quieter and more affordable, <strong>I recommend looking around the Neustadt quarter<\/strong>, which offers gorgeous architecture and a pleasant ten-minute walk into the very centre.<\/p>\n\n\n\n<p class=\"wp-block-paragraph\">Don&#8217;t leave booking your room until the last minute, and <strong>I always recommend using trusted platforms like <a class=\"thirstylink\" rel=\"nofollow\" target=\"_blank\" title=\"Booking.com\" href=\"https:\/\/loudavymkrokem.cz\/doporucujeme\/booking-com\/\" data-shortcode=\"true\">Booking.com<\/a><\/strong>, where you&#8217;ll find the best overview of current prices. During Advent in particular, most of the capacity is booked up half a year in advance. Based on reviews from other travellers and careful browsing on Booking, I&#8217;ve picked out a few hotels that offer excellent value for money:<\/p>\n\n\n\n<p class=\"wp-block-paragraph\"><strong>H\u00f4tel Cour du Corbeau Strasbourg &#8211; MGallery<\/strong> is an absolute architectural gem and one of the most beautiful places to stay in the whole city. It sits in a gorgeously restored historic house with sixteenth-century wooden galleries and <strong>offers an unforgettable romantic atmosphere<\/strong> right beside a canal. Guests enthusiastically report that the breakfasts are sinfully generous and the peace and quiet is astonishing, even though the cathedral is a five-minute walk away.<\/p>\n\n\n\n<p class=\"wp-block-paragraph\">If you prefer modern design and clean lines, <strong>H\u00f4tel L\u00c9ONOR the place to live<\/strong> has something special about it. It offers a modern interior in a historic building a short walk from Place Broglie, and above all a lovely inner courtyard where you can enjoy a glass of Alsatian wine after a full day on your feet.<\/p>\n\n\n\n<p class=\"wp-block-paragraph\">For travellers on a slightly tighter budget, <strong>H\u00f4tel Gutenberg<\/strong> is a great choice, located in an absolutely strategic spot a short walk from the main pedestrian zone. The rooms are a touch smaller, but they <strong>stand out for their spotless cleanliness and very comfortable beds<\/strong>. Another big plus, according to guests, is the incredibly helpful staff, who will happily give you directions around the city and recommend the best local bakeries nearby. If you&#8217;d like to explore more options across different price ranges, take a look at our detailed article <a href=\"https:\/\/loudavymkrokem.cz\/kde-bydlet-ve-strasburku\/\">Where to stay in Strasbourg<\/a>.<\/p>\n\n\n\n\n\n<p class=\"wp-block-paragraph\"><em>\ud83d\udca1 <a href=\"https:\/\/www.stay22.com\/allez\/roam?aid=lukaskonecny&#038;campaign=loudavymkrokemcz&#038;campaign=co-videt-ve-strasburku&#038;address=%C5%A0trasburk%2C%20Francie\" target=\"_blank\" rel=\"nofollow noopener sponsored\">On this map you can compare what&#8217;s currently available<\/a> \u2014 you&#8217;ll immediately see how much cheaper a stay gets just a few stops from the centre.<\/em><\/p>\n\n<h2 class=\"wp-block-heading\"><span class=\"ez-toc-section\" id=\"18_best_things_to_see_and_do_in_Strasbourg\"><\/span>18 best things to see and do in Strasbourg<span class=\"ez-toc-section-end\"><\/span><\/h2>\n\n\n\n<p class=\"wp-block-paragraph\">Whether you&#8217;ve set aside just one weekend or a whole week for the city, you certainly won&#8217;t be bored here. I&#8217;ve put together a <strong>list of eighteen places and experiences<\/strong> that you definitely shouldn&#8217;t miss when planning your itinerary. I&#8217;ve included both the most famous iconic landmarks and a few quieter corners.<\/p>\n\n\n\n<figure data-wp-context=\"{&quot;imageId&quot;:&quot;6a9c14cbd12c2&quot;}\" data-wp-interactive=\"core\/image\" data-wp-key=\"6a9c14cbd12c2\" class=\"wp-block-image size-full wp-lightbox-container\"><img decoding=\"async\" width=\"1600\" height=\"2133\" data-wp-class--hide=\"state.isContentHidden\" data-wp-class--show=\"state.isContentVisible\" data-wp-init=\"callbacks.setButtonStyles\" data-wp-on--click=\"actions.showLightbox\" data-wp-on--load=\"callbacks.setButtonStyles\" data-wp-on--pointerdown=\"actions.preloadImage\" data-wp-on--pointerenter=\"actions.preloadImageWithDelay\" data-wp-on--pointerleave=\"actions.cancelPreload\" data-wp-on-window--resize=\"callbacks.setButtonStyles\" src=\"https:\/\/loudavymkrokem.cz\/wp-content\/uploads\/2026\/09\/cath-drale-notre-dame-de-strasbourg.jpg\" alt=\"Cath\u00e9drale Notre-Dame-de-Strasbourg\" class=\"wp-image-413168\" title=\"\" srcset=\"https:\/\/loudavymkrokem.cz\/wp-content\/uploads\/2026\/09\/cath-drale-notre-dame-de-strasbourg.jpg 1600w, https:\/\/loudavymkrokem.cz\/wp-content\/uploads\/2026\/09\/cath-drale-notre-dame-de-strasbourg-225x300.jpg 225w, https:\/\/loudavymkrokem.cz\/wp-content\/uploads\/2026\/09\/cath-drale-notre-dame-de-strasbourg-700x933.jpg 700w, https:\/\/loudavymkrokem.cz\/wp-content\/uploads\/2026\/09\/cath-drale-notre-dame-de-strasbourg-768x1024.jpg 768w, https:\/\/loudavymkrokem.cz\/wp-content\/uploads\/2026\/09\/cath-drale-notre-dame-de-strasbourg-1152x1536.jpg 1152w, https:\/\/loudavymkrokem.cz\/wp-content\/uploads\/2026\/09\/cath-drale-notre-dame-de-strasbourg-1536x2048.jpg 1536w, https:\/\/loudavymkrokem.cz\/wp-content\/uploads\/2026\/09\/cath-drale-notre-dame-de-strasbourg-696x928.jpg 696w, https:\/\/loudavymkrokem.cz\/wp-content\/uploads\/2026\/09\/cath-drale-notre-dame-de-strasbourg-1392x1856.jpg 1392w\" sizes=\"(max-width: 1600px) 100vw, 1600px\" \/><button\n\t\t\tclass=\"lightbox-trigger\"\n\t\t\ttype=\"button\"\n\t\t\taria-haspopup=\"dialog\"\n\t\t\tdata-wp-bind--aria-label=\"state.thisImage.triggerButtonAriaLabel\"\n\t\t\tdata-wp-init=\"callbacks.initTriggerButton\"\n\t\t\tdata-wp-on--click=\"actions.showLightbox\"\n\t\t\tdata-wp-style--right=\"state.thisImage.buttonRight\"\n\t\t\tdata-wp-style--top=\"state.thisImage.buttonTop\"\n\t\t>\n\t\t\t<svg xmlns=\"http:\/\/www.w3.org\/2000\/svg\" width=\"12\" height=\"12\" fill=\"none\" viewBox=\"0 0 12 12\">\n\t\t\t\t<path fill=\"#fff\" d=\"M2 0a2 2 0 0 0-2 2v2h1.5V2a.5.5 0 0 1 .5-.5h2V0H2Zm2 10.5H2a.5.5 0 0 1-.5-.5V8H0v2a2 2 0 0 0 2 2h2v-1.5ZM8 12v-1.5h2a.5.5 0 0 0 .5-.5V8H12v2a2 2 0 0 1-2 2H8Zm2-12a2 2 0 0 1 2 2v2h-1.5V2a.5.5 0 0 0-.5-.5H8V0h2Z\" \/>\n\t\t\t<\/svg>\n\t\t<\/button><figcaption class=\"wp-element-caption\">Foto: Dorien Van Der Werf \/ Google Maps<\/figcaption><\/figure>\n\n\n\n<h3 class=\"wp-block-heading\"><span class=\"ez-toc-section\" id=\"1_Cathedrale_Notre-Dame-de-Strasbourg\"><\/span>1. Cath\u00e9drale Notre-Dame-de-Strasbourg<span class=\"ez-toc-section-end\"><\/span><\/h3>\n\n\n\n<p class=\"wp-block-paragraph\">This monumental thirteenth-century Gothic cathedral is rightly <strong>the most-visited place in the whole city<\/strong>. When you first stand before it on the small square, its enormous facade of pink Vosges sandstone will take your breath away. What&#8217;s most fascinating about the building is its asymmetry, because the second tower was never finished, giving the cathedral its utterly unmistakable look. Its construction took several centuries, and the incredible precision of the masters of that era shows in every centimetre of stone.<\/p>\n\n\n\n<p class=\"wp-block-paragraph\">Inside, a vast space awaits you, lit through magnificent stained-glass windows, of which <strong>the huge rose window above the main entrance ranks among the most beautiful in all of Europe<\/strong>. Entry to the cathedral&#8217;s main nave is free, but be prepared for a queue at the entrance due to security checks. Fortunately the queue moves fairly quickly, so it needn&#8217;t put you off at all. The interior itself feels incredibly majestic and is well worth exploring at a leisurely pace, with no need to rush anywhere.<\/p>\n\n\n\n<p class=\"wp-block-paragraph\">\ud83d\udca1 Tip: The best time to photograph the exterior is <strong>late afternoon or early evening<\/strong>, when the setting sun beautifully lights up the pink sandstone and the whole building takes on a wonderful warm glow. The square around the cathedral is also lined with historic houses that complete the perfect photogenic backdrop. You can settle into one of the nearby caf\u00e9s and just watch the stone change colour.<\/p>\n\n\n\n<figure data-wp-context=\"{&quot;imageId&quot;:&quot;6a9c14cbd1c64&quot;}\" data-wp-interactive=\"core\/image\" data-wp-key=\"6a9c14cbd1c64\" class=\"wp-block-image size-full wp-lightbox-container\"><img decoding=\"async\" width=\"1171\" height=\"1560\" data-wp-class--hide=\"state.isContentHidden\" data-wp-class--show=\"state.isContentVisible\" data-wp-init=\"callbacks.setButtonStyles\" data-wp-on--click=\"actions.showLightbox\" data-wp-on--load=\"callbacks.setButtonStyles\" data-wp-on--pointerdown=\"actions.preloadImage\" data-wp-on--pointerenter=\"actions.preloadImageWithDelay\" data-wp-on--pointerleave=\"actions.cancelPreload\" data-wp-on-window--resize=\"callbacks.setButtonStyles\" src=\"https:\/\/loudavymkrokem.cz\/wp-content\/uploads\/2026\/09\/astronomick-hodiny-ze-estn-ct-ho-stolet.jpg\" alt=\"Sixteenth-century astronomical clock\" class=\"wp-image-413172\" title=\"\" srcset=\"https:\/\/loudavymkrokem.cz\/wp-content\/uploads\/2026\/09\/astronomick-hodiny-ze-estn-ct-ho-stolet.jpg 1171w, https:\/\/loudavymkrokem.cz\/wp-content\/uploads\/2026\/09\/astronomick-hodiny-ze-estn-ct-ho-stolet-225x300.jpg 225w, https:\/\/loudavymkrokem.cz\/wp-content\/uploads\/2026\/09\/astronomick-hodiny-ze-estn-ct-ho-stolet-700x933.jpg 700w, https:\/\/loudavymkrokem.cz\/wp-content\/uploads\/2026\/09\/astronomick-hodiny-ze-estn-ct-ho-stolet-768x1023.jpg 768w, https:\/\/loudavymkrokem.cz\/wp-content\/uploads\/2026\/09\/astronomick-hodiny-ze-estn-ct-ho-stolet-1153x1536.jpg 1153w, https:\/\/loudavymkrokem.cz\/wp-content\/uploads\/2026\/09\/astronomick-hodiny-ze-estn-ct-ho-stolet-696x927.jpg 696w\" sizes=\"(max-width: 1171px) 100vw, 1171px\" \/><button\n\t\t\tclass=\"lightbox-trigger\"\n\t\t\ttype=\"button\"\n\t\t\taria-haspopup=\"dialog\"\n\t\t\tdata-wp-bind--aria-label=\"state.thisImage.triggerButtonAriaLabel\"\n\t\t\tdata-wp-init=\"callbacks.initTriggerButton\"\n\t\t\tdata-wp-on--click=\"actions.showLightbox\"\n\t\t\tdata-wp-style--right=\"state.thisImage.buttonRight\"\n\t\t\tdata-wp-style--top=\"state.thisImage.buttonTop\"\n\t\t>\n\t\t\t<svg xmlns=\"http:\/\/www.w3.org\/2000\/svg\" width=\"12\" height=\"12\" fill=\"none\" viewBox=\"0 0 12 12\">\n\t\t\t\t<path fill=\"#fff\" d=\"M2 0a2 2 0 0 0-2 2v2h1.5V2a.5.5 0 0 1 .5-.5h2V0H2Zm2 10.5H2a.5.5 0 0 1-.5-.5V8H0v2a2 2 0 0 0 2 2h2v-1.5ZM8 12v-1.5h2a.5.5 0 0 0 .5-.5V8H12v2a2 2 0 0 1-2 2H8Zm2-12a2 2 0 0 1 2 2v2h-1.5V2a.5.5 0 0 0-.5-.5H8V0h2Z\" \/>\n\t\t\t<\/svg>\n\t\t<\/button><figcaption class=\"wp-element-caption\">Foto: H \/ Google Maps<\/figcaption><\/figure>\n\n\n\n<h3 class=\"wp-block-heading\"><span class=\"ez-toc-section\" id=\"2_The_sixteenth-century_astronomical_clock\"><\/span>2. The sixteenth-century astronomical clock<span class=\"ez-toc-section-end\"><\/span><\/h3>\n\n\n\n<p class=\"wp-block-paragraph\">Inside the cathedral hides a technical and artistic marvel: the <strong>Renaissance astronomical clock<\/strong>. This intricate mechanism dates from the sixteenth century and shows not only the exact time but also the position of the sun and moon and the current sign of the zodiac. Up close, the detail and precision of the carving on the clock&#8217;s case itself are astonishing, proof of the immense skill of the mathematicians and craftsmen of the day.<\/p>\n\n\n\n<p class=\"wp-block-paragraph\">The main show takes place every day at exactly 12:30, when <strong>an elaborate parade of moving figures springs to life<\/strong>. You&#8217;ll see the apostles filing past Christ and the different stages of human life from childhood to death, symbolically marking the passage of time. There&#8217;s a small charge for this popular midday show, and tickets are sold at the south portal, so it&#8217;s a very good idea to arrive early to get any kind of view at all.<\/p>\n\n\n\n<p class=\"wp-block-paragraph\">Even if you miss the midday performance, the clock is worth seeing at any time. Smaller movements of the figures happen every quarter of an hour, and the whole mechanism is beautifully lit, so you certainly won&#8217;t miss out on the experience.<\/p>\n\n\n\n<figure data-wp-context=\"{&quot;imageId&quot;:&quot;6a9c14cbd2626&quot;}\" data-wp-interactive=\"core\/image\" data-wp-key=\"6a9c14cbd2626\" class=\"wp-block-image size-full wp-lightbox-container\"><img decoding=\"async\" width=\"1080\" height=\"1397\" data-wp-class--hide=\"state.isContentHidden\" data-wp-class--show=\"state.isContentVisible\" data-wp-init=\"callbacks.setButtonStyles\" data-wp-on--click=\"actions.showLightbox\" data-wp-on--load=\"callbacks.setButtonStyles\" data-wp-on--pointerdown=\"actions.preloadImage\" data-wp-on--pointerenter=\"actions.preloadImageWithDelay\" data-wp-on--pointerleave=\"actions.cancelPreload\" data-wp-on-window--resize=\"callbacks.setButtonStyles\" src=\"https:\/\/loudavymkrokem.cz\/wp-content\/uploads\/2026\/09\/swap-412754-3-f43292b7.jpg\" alt=\"View from the platform of Strasbourg Cathedral\" class=\"wp-image-413447\" title=\"\" srcset=\"https:\/\/loudavymkrokem.cz\/wp-content\/uploads\/2026\/09\/swap-412754-3-f43292b7.jpg 1080w, https:\/\/loudavymkrokem.cz\/wp-content\/uploads\/2026\/09\/swap-412754-3-f43292b7-232x300.jpg 232w, https:\/\/loudavymkrokem.cz\/wp-content\/uploads\/2026\/09\/swap-412754-3-f43292b7-700x905.jpg 700w, https:\/\/loudavymkrokem.cz\/wp-content\/uploads\/2026\/09\/swap-412754-3-f43292b7-768x993.jpg 768w, https:\/\/loudavymkrokem.cz\/wp-content\/uploads\/2026\/09\/swap-412754-3-f43292b7-696x900.jpg 696w\" sizes=\"(max-width: 1080px) 100vw, 1080px\" \/><button\n\t\t\tclass=\"lightbox-trigger\"\n\t\t\ttype=\"button\"\n\t\t\taria-haspopup=\"dialog\"\n\t\t\tdata-wp-bind--aria-label=\"state.thisImage.triggerButtonAriaLabel\"\n\t\t\tdata-wp-init=\"callbacks.initTriggerButton\"\n\t\t\tdata-wp-on--click=\"actions.showLightbox\"\n\t\t\tdata-wp-style--right=\"state.thisImage.buttonRight\"\n\t\t\tdata-wp-style--top=\"state.thisImage.buttonTop\"\n\t\t>\n\t\t\t<svg xmlns=\"http:\/\/www.w3.org\/2000\/svg\" width=\"12\" height=\"12\" fill=\"none\" viewBox=\"0 0 12 12\">\n\t\t\t\t<path fill=\"#fff\" d=\"M2 0a2 2 0 0 0-2 2v2h1.5V2a.5.5 0 0 1 .5-.5h2V0H2Zm2 10.5H2a.5.5 0 0 1-.5-.5V8H0v2a2 2 0 0 0 2 2h2v-1.5ZM8 12v-1.5h2a.5.5 0 0 0 .5-.5V8H12v2a2 2 0 0 1-2 2H8Zm2-12a2 2 0 0 1 2 2v2h-1.5V2a.5.5 0 0 0-.5-.5H8V0h2Z\" \/>\n\t\t\t<\/svg>\n\t\t<\/button><figcaption class=\"wp-element-caption\">Foto: Lydia Bogdanovic \/ Google Maps<\/figcaption><\/figure>\n\n\n\n<h3 class=\"wp-block-heading\"><span class=\"ez-toc-section\" id=\"3_Climbing_to_the_cathedral_viewing_platform\"><\/span>3. Climbing to the cathedral viewing platform<span class=\"ez-toc-section-end\"><\/span><\/h3>\n\n\n\n<p class=\"wp-block-paragraph\">If you don&#8217;t suffer from vertigo and you&#8217;re at least reasonably fit, <strong>you absolutely must not miss the climb up to the viewing platform<\/strong>. It sits at an impressive height of sixty-six metres, and 332 fairly narrow spiral steps lead up to it. You buy your tickets in a little booth to the right of the main entrance, and only a limited number of people are let up at once, so don&#8217;t worry about a short wait.<\/p>\n\n\n\n<p class=\"wp-block-paragraph\">Your reward for a sweaty shirt is a <strong>truly fantastic panoramic view over the whole city<\/strong>. You&#8217;ll see the rooftops of the historic houses, the tangled network of canals, and on a clear day you can even make out the Vosges mountains on the French side and the dark Black Forest on the German one. It&#8217;s the best possible way to grasp the overall layout of the city and figure out where the most interesting neighbourhoods are.<\/p>\n\n\n\n<p class=\"wp-block-paragraph\">\ud83d\udca1 Tip: I really don&#8217;t recommend the climb for anyone with claustrophobia, because <strong>the staircase is very narrow in places and it&#8217;s not easy to pass other visitors<\/strong>. Fortunately, though, there&#8217;s plenty of room up on the platform to rest and take the most beautiful bird&#8217;s-eye photos.<\/p>\n\n\n\n<figure data-wp-context=\"{&quot;imageId&quot;:&quot;6a9c14cbd2dae&quot;}\" data-wp-interactive=\"core\/image\" data-wp-key=\"6a9c14cbd2dae\" class=\"wp-block-image size-full wp-lightbox-container\"><img decoding=\"async\" width=\"1600\" height=\"2133\" data-wp-class--hide=\"state.isContentHidden\" data-wp-class--show=\"state.isContentVisible\" data-wp-init=\"callbacks.setButtonStyles\" data-wp-on--click=\"actions.showLightbox\" data-wp-on--load=\"callbacks.setButtonStyles\" data-wp-on--pointerdown=\"actions.preloadImage\" data-wp-on--pointerenter=\"actions.preloadImageWithDelay\" data-wp-on--pointerleave=\"actions.cancelPreload\" data-wp-on-window--resize=\"callbacks.setButtonStyles\" src=\"https:\/\/loudavymkrokem.cz\/wp-content\/uploads\/2026\/09\/petite-france.jpg\" alt=\"Petite France\" class=\"wp-image-413182\" title=\"\" srcset=\"https:\/\/loudavymkrokem.cz\/wp-content\/uploads\/2026\/09\/petite-france.jpg 1600w, https:\/\/loudavymkrokem.cz\/wp-content\/uploads\/2026\/09\/petite-france-225x300.jpg 225w, https:\/\/loudavymkrokem.cz\/wp-content\/uploads\/2026\/09\/petite-france-700x933.jpg 700w, https:\/\/loudavymkrokem.cz\/wp-content\/uploads\/2026\/09\/petite-france-768x1024.jpg 768w, https:\/\/loudavymkrokem.cz\/wp-content\/uploads\/2026\/09\/petite-france-1152x1536.jpg 1152w, https:\/\/loudavymkrokem.cz\/wp-content\/uploads\/2026\/09\/petite-france-1536x2048.jpg 1536w, https:\/\/loudavymkrokem.cz\/wp-content\/uploads\/2026\/09\/petite-france-696x928.jpg 696w, https:\/\/loudavymkrokem.cz\/wp-content\/uploads\/2026\/09\/petite-france-1392x1856.jpg 1392w\" sizes=\"(max-width: 1600px) 100vw, 1600px\" \/><button\n\t\t\tclass=\"lightbox-trigger\"\n\t\t\ttype=\"button\"\n\t\t\taria-haspopup=\"dialog\"\n\t\t\tdata-wp-bind--aria-label=\"state.thisImage.triggerButtonAriaLabel\"\n\t\t\tdata-wp-init=\"callbacks.initTriggerButton\"\n\t\t\tdata-wp-on--click=\"actions.showLightbox\"\n\t\t\tdata-wp-style--right=\"state.thisImage.buttonRight\"\n\t\t\tdata-wp-style--top=\"state.thisImage.buttonTop\"\n\t\t>\n\t\t\t<svg xmlns=\"http:\/\/www.w3.org\/2000\/svg\" width=\"12\" height=\"12\" fill=\"none\" viewBox=\"0 0 12 12\">\n\t\t\t\t<path fill=\"#fff\" d=\"M2 0a2 2 0 0 0-2 2v2h1.5V2a.5.5 0 0 1 .5-.5h2V0H2Zm2 10.5H2a.5.5 0 0 1-.5-.5V8H0v2a2 2 0 0 0 2 2h2v-1.5ZM8 12v-1.5h2a.5.5 0 0 0 .5-.5V8H12v2a2 2 0 0 1-2 2H8Zm2-12a2 2 0 0 1 2 2v2h-1.5V2a.5.5 0 0 0-.5-.5H8V0h2Z\" \/>\n\t\t\t<\/svg>\n\t\t<\/button><figcaption class=\"wp-element-caption\">Foto: Zulfikar CEKIC \/ Google Maps<\/figcaption><\/figure>\n\n\n\n<h3 class=\"wp-block-heading\"><span class=\"ez-toc-section\" id=\"4_Petite_France\"><\/span>4. Petite France<span class=\"ez-toc-section-end\"><\/span><\/h3>\n\n\n\n<p class=\"wp-block-paragraph\">The most-photographed and unquestionably most romantic quarter in the entire city is the famous Petite France. In the past it was home mainly to tanners, millers and fishermen, who needed direct access to running water for their demanding trades. Today it&#8217;s a <strong>gorgeous network of narrow canals lined with perfectly preserved half-timbered houses<\/strong> with their typical sloping roofs, under which animal hides were once dried.<\/p>\n\n\n\n<p class=\"wp-block-paragraph\">The best way to enjoy this historic quarter is <strong>simply to lose yourself in its lanes without rushing<\/strong>. You&#8217;ll come across plenty of little shops, artisan bakeries and cosy caf\u00e9s where you can stop for a coffee and watch the sightseeing boats drift by. In the summer months, every window and bridge is also draped in a cascade of colourful geraniums, creating an utterly fairy-tale backdrop.<\/p>\n\n\n\n<p class=\"wp-block-paragraph\">Even though this is the busiest tourist part of the city, it still keeps enormous charm. <strong>Try to head here very early in the morning, before the streets fill up with crowds<\/strong>, and you&#8217;ll experience the real, peaceful Alsatian atmosphere, when the old historic facades reflect in the still surface of the canals.<\/p>\n\n\n\n<figure data-wp-context=\"{&quot;imageId&quot;:&quot;6a9c14cbd3670&quot;}\" data-wp-interactive=\"core\/image\" data-wp-key=\"6a9c14cbd3670\" class=\"wp-block-image size-full wp-lightbox-container\"><img decoding=\"async\" width=\"1600\" height=\"1200\" data-wp-class--hide=\"state.isContentHidden\" data-wp-class--show=\"state.isContentVisible\" data-wp-init=\"callbacks.setButtonStyles\" data-wp-on--click=\"actions.showLightbox\" data-wp-on--load=\"callbacks.setButtonStyles\" data-wp-on--pointerdown=\"actions.preloadImage\" data-wp-on--pointerenter=\"actions.preloadImageWithDelay\" data-wp-on--pointerleave=\"actions.cancelPreload\" data-wp-on-window--resize=\"callbacks.setButtonStyles\" src=\"https:\/\/loudavymkrokem.cz\/wp-content\/uploads\/2026\/09\/ponts-couverts-de-strasbourg.jpg\" alt=\"Ponts Couverts de Strasbourg\" class=\"wp-image-413186\" title=\"\" srcset=\"https:\/\/loudavymkrokem.cz\/wp-content\/uploads\/2026\/09\/ponts-couverts-de-strasbourg.jpg 1600w, https:\/\/loudavymkrokem.cz\/wp-content\/uploads\/2026\/09\/ponts-couverts-de-strasbourg-300x225.jpg 300w, https:\/\/loudavymkrokem.cz\/wp-content\/uploads\/2026\/09\/ponts-couverts-de-strasbourg-700x525.jpg 700w, https:\/\/loudavymkrokem.cz\/wp-content\/uploads\/2026\/09\/ponts-couverts-de-strasbourg-768x576.jpg 768w, https:\/\/loudavymkrokem.cz\/wp-content\/uploads\/2026\/09\/ponts-couverts-de-strasbourg-1536x1152.jpg 1536w, https:\/\/loudavymkrokem.cz\/wp-content\/uploads\/2026\/09\/ponts-couverts-de-strasbourg-80x60.jpg 80w, https:\/\/loudavymkrokem.cz\/wp-content\/uploads\/2026\/09\/ponts-couverts-de-strasbourg-160x120.jpg 160w, https:\/\/loudavymkrokem.cz\/wp-content\/uploads\/2026\/09\/ponts-couverts-de-strasbourg-696x522.jpg 696w, https:\/\/loudavymkrokem.cz\/wp-content\/uploads\/2026\/09\/ponts-couverts-de-strasbourg-1392x1044.jpg 1392w\" sizes=\"(max-width: 1600px) 100vw, 1600px\" \/><button\n\t\t\tclass=\"lightbox-trigger\"\n\t\t\ttype=\"button\"\n\t\t\taria-haspopup=\"dialog\"\n\t\t\tdata-wp-bind--aria-label=\"state.thisImage.triggerButtonAriaLabel\"\n\t\t\tdata-wp-init=\"callbacks.initTriggerButton\"\n\t\t\tdata-wp-on--click=\"actions.showLightbox\"\n\t\t\tdata-wp-style--right=\"state.thisImage.buttonRight\"\n\t\t\tdata-wp-style--top=\"state.thisImage.buttonTop\"\n\t\t>\n\t\t\t<svg xmlns=\"http:\/\/www.w3.org\/2000\/svg\" width=\"12\" height=\"12\" fill=\"none\" viewBox=\"0 0 12 12\">\n\t\t\t\t<path fill=\"#fff\" d=\"M2 0a2 2 0 0 0-2 2v2h1.5V2a.5.5 0 0 1 .5-.5h2V0H2Zm2 10.5H2a.5.5 0 0 1-.5-.5V8H0v2a2 2 0 0 0 2 2h2v-1.5ZM8 12v-1.5h2a.5.5 0 0 0 .5-.5V8H12v2a2 2 0 0 1-2 2H8Zm2-12a2 2 0 0 1 2 2v2h-1.5V2a.5.5 0 0 0-.5-.5H8V0h2Z\" \/>\n\t\t\t<\/svg>\n\t\t<\/button><figcaption class=\"wp-element-caption\">Foto: Lukas PL \/ Google Maps<\/figcaption><\/figure>\n\n\n\n<h3 class=\"wp-block-heading\"><span class=\"ez-toc-section\" id=\"5_Ponts_Couverts_de_Strasbourg\"><\/span>5. Ponts Couverts de Strasbourg<span class=\"ez-toc-section-end\"><\/span><\/h3>\n\n\n\n<p class=\"wp-block-paragraph\">Right on the very edge of the picturesque Petite France quarter you&#8217;ll come across the imposing remains of the medieval fortifications known as the Ponts Couverts. Originally this was an ingenious system of three bridges and four defensive towers from the thirteenth century, which <strong>served to protect the city from enemy attacks coming up the river<\/strong>. Although the bridges lost their original wooden roofs long ago, the name &#8220;covered bridges&#8221; has stuck to them to this day, to the surprise of many tourists.<\/p>\n\n\n\n<p class=\"wp-block-paragraph\">A walk across these stone bridges offers gorgeous views over the water and deep into the old town. <strong>The four massive square towers look truly majestic<\/strong> and perfectly complete the rougher historic character of this part of Strasbourg. The whole complex is also very tastefully and dramatically lit at night, so an evening stroll has its utterly unmistakable, slightly mysterious charm.<\/p>\n\n\n\n<p class=\"wp-block-paragraph\">As you move around this area you&#8217;ll find plenty of lovely corners and hidden benches where you can rest. The surroundings of the bridges are pleasantly overgrown with greenery and tall trees, so at least in the hot summer you won&#8217;t fry your brain while taking a break.<\/p>\n\n\n\n<figure data-wp-context=\"{&quot;imageId&quot;:&quot;6a9c14cbd3e6a&quot;}\" data-wp-interactive=\"core\/image\" data-wp-key=\"6a9c14cbd3e6a\" class=\"wp-block-image size-full wp-lightbox-container\"><img decoding=\"async\" width=\"1600\" height=\"1200\" data-wp-class--hide=\"state.isContentHidden\" data-wp-class--show=\"state.isContentVisible\" data-wp-init=\"callbacks.setButtonStyles\" data-wp-on--click=\"actions.showLightbox\" data-wp-on--load=\"callbacks.setButtonStyles\" data-wp-on--pointerdown=\"actions.preloadImage\" data-wp-on--pointerenter=\"actions.preloadImageWithDelay\" data-wp-on--pointerleave=\"actions.cancelPreload\" data-wp-on-window--resize=\"callbacks.setButtonStyles\" src=\"https:\/\/loudavymkrokem.cz\/wp-content\/uploads\/2026\/09\/barrage-vauban.jpg\" alt=\"Barrage Vauban\" class=\"wp-image-413191\" title=\"\" srcset=\"https:\/\/loudavymkrokem.cz\/wp-content\/uploads\/2026\/09\/barrage-vauban.jpg 1600w, https:\/\/loudavymkrokem.cz\/wp-content\/uploads\/2026\/09\/barrage-vauban-300x225.jpg 300w, https:\/\/loudavymkrokem.cz\/wp-content\/uploads\/2026\/09\/barrage-vauban-700x525.jpg 700w, https:\/\/loudavymkrokem.cz\/wp-content\/uploads\/2026\/09\/barrage-vauban-768x576.jpg 768w, https:\/\/loudavymkrokem.cz\/wp-content\/uploads\/2026\/09\/barrage-vauban-1536x1152.jpg 1536w, https:\/\/loudavymkrokem.cz\/wp-content\/uploads\/2026\/09\/barrage-vauban-80x60.jpg 80w, https:\/\/loudavymkrokem.cz\/wp-content\/uploads\/2026\/09\/barrage-vauban-160x120.jpg 160w, https:\/\/loudavymkrokem.cz\/wp-content\/uploads\/2026\/09\/barrage-vauban-696x522.jpg 696w, https:\/\/loudavymkrokem.cz\/wp-content\/uploads\/2026\/09\/barrage-vauban-1392x1044.jpg 1392w\" sizes=\"(max-width: 1600px) 100vw, 1600px\" \/><button\n\t\t\tclass=\"lightbox-trigger\"\n\t\t\ttype=\"button\"\n\t\t\taria-haspopup=\"dialog\"\n\t\t\tdata-wp-bind--aria-label=\"state.thisImage.triggerButtonAriaLabel\"\n\t\t\tdata-wp-init=\"callbacks.initTriggerButton\"\n\t\t\tdata-wp-on--click=\"actions.showLightbox\"\n\t\t\tdata-wp-style--right=\"state.thisImage.buttonRight\"\n\t\t\tdata-wp-style--top=\"state.thisImage.buttonTop\"\n\t\t>\n\t\t\t<svg xmlns=\"http:\/\/www.w3.org\/2000\/svg\" width=\"12\" height=\"12\" fill=\"none\" viewBox=\"0 0 12 12\">\n\t\t\t\t<path fill=\"#fff\" d=\"M2 0a2 2 0 0 0-2 2v2h1.5V2a.5.5 0 0 1 .5-.5h2V0H2Zm2 10.5H2a.5.5 0 0 1-.5-.5V8H0v2a2 2 0 0 0 2 2h2v-1.5ZM8 12v-1.5h2a.5.5 0 0 0 .5-.5V8H12v2a2 2 0 0 1-2 2H8Zm2-12a2 2 0 0 1 2 2v2h-1.5V2a.5.5 0 0 0-.5-.5H8V0h2Z\" \/>\n\t\t\t<\/svg>\n\t\t<\/button><figcaption class=\"wp-element-caption\">Foto: cyril L. \/ Google Maps<\/figcaption><\/figure>\n\n\n\n<h3 class=\"wp-block-heading\"><span class=\"ez-toc-section\" id=\"6_Barrage_Vauban\"><\/span>6. Barrage Vauban<span class=\"ez-toc-section-end\"><\/span><\/h3>\n\n\n\n<p class=\"wp-block-paragraph\">If you&#8217;re looking for the single best spot to capture the perfect photo of Strasbourg, you need to head to the Barrage Vauban. This enormous dam-and-bridge in one, made of pink sandstone, was built in the seventeenth century to a design by the famous military engineer Vauban. <strong>Its main purpose was to flood the southern part of the city in the event of a threat<\/strong> and thus stop enemy troops from advancing on the centre itself.<\/p>\n\n\n\n<p class=\"wp-block-paragraph\">Today, inside it hides a gallery of statues and gargoyles rescued from the cathedral. It&#8217;s interesting, sure, but honestly, you came here for the roof. <strong>On the vast terrace there&#8217;s a viewing platform that everyone can access completely free of charge<\/strong>. It&#8217;s from up here that the most famous, iconic view opens up over the towers of the Ponts Couverts, the half-timbered Petite France quarter and the majestic cathedral spire in the background.<\/p>\n\n\n\n<p class=\"wp-block-paragraph\">\ud83d\udca1 Tip: Access to the viewing terrace is usually by stairs, but <strong>there&#8217;s also a lift inside the building<\/strong>, so families with prams or travellers with reduced mobility can get up comfortably too. The terrace is locked at night for security reasons, so check the current opening hours in advance.<\/p>\n\n\n\n<figure data-wp-context=\"{&quot;imageId&quot;:&quot;6a9c14cbd4742&quot;}\" data-wp-interactive=\"core\/image\" data-wp-key=\"6a9c14cbd4742\" class=\"wp-block-image size-full wp-lightbox-container\"><img decoding=\"async\" width=\"1600\" height=\"1200\" data-wp-class--hide=\"state.isContentHidden\" data-wp-class--show=\"state.isContentVisible\" data-wp-init=\"callbacks.setButtonStyles\" data-wp-on--click=\"actions.showLightbox\" data-wp-on--load=\"callbacks.setButtonStyles\" data-wp-on--pointerdown=\"actions.preloadImage\" data-wp-on--pointerenter=\"actions.preloadImageWithDelay\" data-wp-on--pointerleave=\"actions.cancelPreload\" data-wp-on-window--resize=\"callbacks.setButtonStyles\" src=\"https:\/\/loudavymkrokem.cz\/wp-content\/uploads\/2026\/09\/swap-412754-7-b98b2d6c.jpg\" alt=\"Batorama sightseeing cruise in Strasbourg\" class=\"wp-image-413433\" title=\"\" srcset=\"https:\/\/loudavymkrokem.cz\/wp-content\/uploads\/2026\/09\/swap-412754-7-b98b2d6c.jpg 1600w, https:\/\/loudavymkrokem.cz\/wp-content\/uploads\/2026\/09\/swap-412754-7-b98b2d6c-300x225.jpg 300w, https:\/\/loudavymkrokem.cz\/wp-content\/uploads\/2026\/09\/swap-412754-7-b98b2d6c-700x525.jpg 700w, https:\/\/loudavymkrokem.cz\/wp-content\/uploads\/2026\/09\/swap-412754-7-b98b2d6c-768x576.jpg 768w, https:\/\/loudavymkrokem.cz\/wp-content\/uploads\/2026\/09\/swap-412754-7-b98b2d6c-1536x1152.jpg 1536w, https:\/\/loudavymkrokem.cz\/wp-content\/uploads\/2026\/09\/swap-412754-7-b98b2d6c-80x60.jpg 80w, https:\/\/loudavymkrokem.cz\/wp-content\/uploads\/2026\/09\/swap-412754-7-b98b2d6c-160x120.jpg 160w, https:\/\/loudavymkrokem.cz\/wp-content\/uploads\/2026\/09\/swap-412754-7-b98b2d6c-696x522.jpg 696w, https:\/\/loudavymkrokem.cz\/wp-content\/uploads\/2026\/09\/swap-412754-7-b98b2d6c-1392x1044.jpg 1392w\" sizes=\"(max-width: 1600px) 100vw, 1600px\" \/><button\n\t\t\tclass=\"lightbox-trigger\"\n\t\t\ttype=\"button\"\n\t\t\taria-haspopup=\"dialog\"\n\t\t\tdata-wp-bind--aria-label=\"state.thisImage.triggerButtonAriaLabel\"\n\t\t\tdata-wp-init=\"callbacks.initTriggerButton\"\n\t\t\tdata-wp-on--click=\"actions.showLightbox\"\n\t\t\tdata-wp-style--right=\"state.thisImage.buttonRight\"\n\t\t\tdata-wp-style--top=\"state.thisImage.buttonTop\"\n\t\t>\n\t\t\t<svg xmlns=\"http:\/\/www.w3.org\/2000\/svg\" width=\"12\" height=\"12\" fill=\"none\" viewBox=\"0 0 12 12\">\n\t\t\t\t<path fill=\"#fff\" d=\"M2 0a2 2 0 0 0-2 2v2h1.5V2a.5.5 0 0 1 .5-.5h2V0H2Zm2 10.5H2a.5.5 0 0 1-.5-.5V8H0v2a2 2 0 0 0 2 2h2v-1.5ZM8 12v-1.5h2a.5.5 0 0 0 .5-.5V8H12v2a2 2 0 0 1-2 2H8Zm2-12a2 2 0 0 1 2 2v2h-1.5V2a.5.5 0 0 0-.5-.5H8V0h2Z\" \/>\n\t\t\t<\/svg>\n\t\t<\/button><figcaption class=\"wp-element-caption\">Foto: Chris Jeffery \/ Google Maps<\/figcaption><\/figure>\n\n\n\n<h3 class=\"wp-block-heading\"><span class=\"ez-toc-section\" id=\"7_Batorama_canal_cruise\"><\/span>7. Batorama canal cruise<span class=\"ez-toc-section-end\"><\/span><\/h3>\n\n\n\n<p class=\"wp-block-paragraph\">If you want to get a quick and complete picture of the city from a completely different perspective, the <a href=\"https:\/\/www.batorama.com\/\" target=\"_blank\" rel=\"nofollow noopener\">Batorama sightseeing boat cruise<\/a> is something you simply don&#8217;t want to skip, especially once your feet start to ache. You&#8217;ll find the dock very easily right by the cathedral at the Embarcad\u00e8re Batorama Cath\u00e9drale, from where boats set off regularly on a seventy-minute route across the whole historic centre and the more modern European quarter. It&#8217;s the best way to understand the city when your feet are killing you.<\/p>\n\n\n\n<p class=\"wp-block-paragraph\">During the cruise you&#8217;ll pass through the romantic Petite France quarter, where the boat overcomes the differences in water level using narrow old locks \u2014 a spectacle in itself that you won&#8217;t forget. <strong>You can choose between fully open and glass-covered boats<\/strong>, with the glass ones especially welcome in the cooler spring or autumn months, as they&#8217;re perfectly heated and protected from the rain. Audio guides with commentary are also available.<\/p>\n\n\n\n<p class=\"wp-block-paragraph\">\ud83d\udca1 Tip: Especially in high summer season and on sunny weekends, tickets tend to sell out very quickly for the whole day ahead. <strong>I recommend booking your tickets online well in advance<\/strong>, to save yourself pointless waiting in queues and to be sure you&#8217;ll get on board at exactly the time you choose.<\/p>\n\n\n\n<figure data-wp-context=\"{&quot;imageId&quot;:&quot;6a9c14cbd4f65&quot;}\" data-wp-interactive=\"core\/image\" data-wp-key=\"6a9c14cbd4f65\" class=\"wp-block-image size-full wp-lightbox-container\"><img decoding=\"async\" width=\"1280\" height=\"960\" data-wp-class--hide=\"state.isContentHidden\" data-wp-class--show=\"state.isContentVisible\" data-wp-init=\"callbacks.setButtonStyles\" data-wp-on--click=\"actions.showLightbox\" data-wp-on--load=\"callbacks.setButtonStyles\" data-wp-on--pointerdown=\"actions.preloadImage\" data-wp-on--pointerenter=\"actions.preloadImageWithDelay\" data-wp-on--pointerleave=\"actions.cancelPreload\" data-wp-on-window--resize=\"callbacks.setButtonStyles\" src=\"https:\/\/loudavymkrokem.cz\/wp-content\/uploads\/2026\/09\/evropsk-parlament.jpg\" alt=\"European Parliament\" class=\"wp-image-413197\" title=\"\" srcset=\"https:\/\/loudavymkrokem.cz\/wp-content\/uploads\/2026\/09\/evropsk-parlament.jpg 1280w, https:\/\/loudavymkrokem.cz\/wp-content\/uploads\/2026\/09\/evropsk-parlament-300x225.jpg 300w, https:\/\/loudavymkrokem.cz\/wp-content\/uploads\/2026\/09\/evropsk-parlament-700x525.jpg 700w, https:\/\/loudavymkrokem.cz\/wp-content\/uploads\/2026\/09\/evropsk-parlament-768x576.jpg 768w, https:\/\/loudavymkrokem.cz\/wp-content\/uploads\/2026\/09\/evropsk-parlament-80x60.jpg 80w, https:\/\/loudavymkrokem.cz\/wp-content\/uploads\/2026\/09\/evropsk-parlament-160x120.jpg 160w, https:\/\/loudavymkrokem.cz\/wp-content\/uploads\/2026\/09\/evropsk-parlament-696x522.jpg 696w\" sizes=\"(max-width: 1280px) 100vw, 1280px\" \/><button\n\t\t\tclass=\"lightbox-trigger\"\n\t\t\ttype=\"button\"\n\t\t\taria-haspopup=\"dialog\"\n\t\t\tdata-wp-bind--aria-label=\"state.thisImage.triggerButtonAriaLabel\"\n\t\t\tdata-wp-init=\"callbacks.initTriggerButton\"\n\t\t\tdata-wp-on--click=\"actions.showLightbox\"\n\t\t\tdata-wp-style--right=\"state.thisImage.buttonRight\"\n\t\t\tdata-wp-style--top=\"state.thisImage.buttonTop\"\n\t\t>\n\t\t\t<svg xmlns=\"http:\/\/www.w3.org\/2000\/svg\" width=\"12\" height=\"12\" fill=\"none\" viewBox=\"0 0 12 12\">\n\t\t\t\t<path fill=\"#fff\" d=\"M2 0a2 2 0 0 0-2 2v2h1.5V2a.5.5 0 0 1 .5-.5h2V0H2Zm2 10.5H2a.5.5 0 0 1-.5-.5V8H0v2a2 2 0 0 0 2 2h2v-1.5ZM8 12v-1.5h2a.5.5 0 0 0 .5-.5V8H12v2a2 2 0 0 1-2 2H8Zm2-12a2 2 0 0 1 2 2v2h-1.5V2a.5.5 0 0 0-.5-.5H8V0h2Z\" \/>\n\t\t\t<\/svg>\n\t\t<\/button><figcaption class=\"wp-element-caption\">Foto: Ryan Jose Ruiz III \/ Google Maps<\/figcaption><\/figure>\n\n\n\n<h3 class=\"wp-block-heading\"><span class=\"ez-toc-section\" id=\"8_The_European_Parliament\"><\/span>8. The European Parliament<span class=\"ez-toc-section-end\"><\/span><\/h3>\n\n\n\n<p class=\"wp-block-paragraph\">Strasbourg is the official seat of the <a href=\"https:\/\/visiting.europarl.europa.eu\/en\/\" target=\"_blank\" rel=\"nofollow noopener\">European Parliament<\/a>, and a visit to this imposing modern building definitely shouldn&#8217;t be missing from your list of things to see. The huge glass structure with its circular floor plan and curved roof dominates the whole quarter and <strong>forms a fascinating visual contrast to the historic city centre<\/strong>. The easiest way to get here is on the convenient tram line E \u2014 just get off at the stop of the same name, Parlement Europ\u00e9en.<\/p>\n\n\n\n<p class=\"wp-block-paragraph\">The very best part is that <strong>tours for the public are completely free<\/strong> \u2014 all you have to do is show a valid ID card or passport at the entrance. During the tour you&#8217;ll look straight into the famous hemicycle debating chamber, where the MEPs sit and where important European legislation is made. The atmosphere of this huge, modern space is genuinely impressive, and suddenly it hits you that all that Brussels bureaucracy has a physical address too \ud83d\ude04.<\/p>\n\n\n\n<p class=\"wp-block-paragraph\">Plan your visit to the Parliament well in advance, and <strong>bear in mind that the whole tour will take you roughly two to three hours<\/strong>, including the fairly thorough security check at the entrance. The tours are run with multimedia guides in all the official languages of the European Union, so you can listen to all the information comfortably in your own language.<\/p>\n\n\n\n<figure data-wp-context=\"{&quot;imageId&quot;:&quot;6a9c14cbd59fe&quot;}\" data-wp-interactive=\"core\/image\" data-wp-key=\"6a9c14cbd59fe\" class=\"wp-block-image size-full wp-lightbox-container\"><img decoding=\"async\" width=\"1440\" height=\"1080\" data-wp-class--hide=\"state.isContentHidden\" data-wp-class--show=\"state.isContentVisible\" data-wp-init=\"callbacks.setButtonStyles\" data-wp-on--click=\"actions.showLightbox\" data-wp-on--load=\"callbacks.setButtonStyles\" data-wp-on--pointerdown=\"actions.preloadImage\" data-wp-on--pointerenter=\"actions.preloadImageWithDelay\" data-wp-on--pointerleave=\"actions.cancelPreload\" data-wp-on-window--resize=\"callbacks.setButtonStyles\" src=\"https:\/\/loudavymkrokem.cz\/wp-content\/uploads\/2026\/09\/parlamentarium-simone-veil.jpg\" alt=\"Parlamentarium Simone Veil\" class=\"wp-image-413201\" title=\"\" srcset=\"https:\/\/loudavymkrokem.cz\/wp-content\/uploads\/2026\/09\/parlamentarium-simone-veil.jpg 1440w, https:\/\/loudavymkrokem.cz\/wp-content\/uploads\/2026\/09\/parlamentarium-simone-veil-300x225.jpg 300w, https:\/\/loudavymkrokem.cz\/wp-content\/uploads\/2026\/09\/parlamentarium-simone-veil-700x525.jpg 700w, https:\/\/loudavymkrokem.cz\/wp-content\/uploads\/2026\/09\/parlamentarium-simone-veil-768x576.jpg 768w, https:\/\/loudavymkrokem.cz\/wp-content\/uploads\/2026\/09\/parlamentarium-simone-veil-80x60.jpg 80w, https:\/\/loudavymkrokem.cz\/wp-content\/uploads\/2026\/09\/parlamentarium-simone-veil-160x120.jpg 160w, https:\/\/loudavymkrokem.cz\/wp-content\/uploads\/2026\/09\/parlamentarium-simone-veil-696x522.jpg 696w, https:\/\/loudavymkrokem.cz\/wp-content\/uploads\/2026\/09\/parlamentarium-simone-veil-1392x1044.jpg 1392w\" sizes=\"(max-width: 1440px) 100vw, 1440px\" \/><button\n\t\t\tclass=\"lightbox-trigger\"\n\t\t\ttype=\"button\"\n\t\t\taria-haspopup=\"dialog\"\n\t\t\tdata-wp-bind--aria-label=\"state.thisImage.triggerButtonAriaLabel\"\n\t\t\tdata-wp-init=\"callbacks.initTriggerButton\"\n\t\t\tdata-wp-on--click=\"actions.showLightbox\"\n\t\t\tdata-wp-style--right=\"state.thisImage.buttonRight\"\n\t\t\tdata-wp-style--top=\"state.thisImage.buttonTop\"\n\t\t>\n\t\t\t<svg xmlns=\"http:\/\/www.w3.org\/2000\/svg\" width=\"12\" height=\"12\" fill=\"none\" viewBox=\"0 0 12 12\">\n\t\t\t\t<path fill=\"#fff\" d=\"M2 0a2 2 0 0 0-2 2v2h1.5V2a.5.5 0 0 1 .5-.5h2V0H2Zm2 10.5H2a.5.5 0 0 1-.5-.5V8H0v2a2 2 0 0 0 2 2h2v-1.5ZM8 12v-1.5h2a.5.5 0 0 0 .5-.5V8H12v2a2 2 0 0 1-2 2H8Zm2-12a2 2 0 0 1 2 2v2h-1.5V2a.5.5 0 0 0-.5-.5H8V0h2Z\" \/>\n\t\t\t<\/svg>\n\t\t<\/button><figcaption class=\"wp-element-caption\">Foto: Bianca K. \/ Google Maps<\/figcaption><\/figure>\n\n\n\n<h3 class=\"wp-block-heading\"><span class=\"ez-toc-section\" id=\"9_Parlamentarium_Simone_Veil\"><\/span>9. Parlamentarium Simone Veil<span class=\"ez-toc-section-end\"><\/span><\/h3>\n\n\n\n<p class=\"wp-block-paragraph\">Part of the extensive European Parliament complex is the recently opened visitor centre called the <a href=\"https:\/\/visiting.europarl.europa.eu\/en\/visitor-offer\/strasbourg\/parlamentarium-simone-veil\" target=\"_blank\" rel=\"nofollow noopener\">Parlamentarium Simone Veil<\/a>. The centre is designed to make European integration sound exciting, and surprisingly it pulls it off. It&#8217;s a great place not only for adult visitors but also for older, curious children.<\/p>\n\n\n\n<p class=\"wp-block-paragraph\">The main draw of the whole centre is undoubtedly the <strong>spectacular 360\u00b0 projection room<\/strong>, where a dynamic film about how the European Parliament works is screened, visually placing you right in the middle of the action. There are also various interactive modules and touchscreens where you can easily find out what decisions have been made in the past for your own particular home region.<\/p>\n\n\n\n<p class=\"wp-block-paragraph\">For larger organised groups, the centre also offers a <strong>special role-play game<\/strong> in which participants can experience first-hand what it&#8217;s like to be a real MEP and to negotiate their way through new laws. A stop at this centre perfectly complements a tour of the debating chamber itself, and entry here is likewise free for everyone.<\/p>\n\n\n\n<figure data-wp-context=\"{&quot;imageId&quot;:&quot;6a9c14cbd60ad&quot;}\" data-wp-interactive=\"core\/image\" data-wp-key=\"6a9c14cbd60ad\" class=\"wp-block-image size-full wp-lightbox-container\"><img decoding=\"async\" width=\"1600\" height=\"1200\" data-wp-class--hide=\"state.isContentHidden\" data-wp-class--show=\"state.isContentVisible\" data-wp-init=\"callbacks.setButtonStyles\" data-wp-on--click=\"actions.showLightbox\" data-wp-on--load=\"callbacks.setButtonStyles\" data-wp-on--pointerdown=\"actions.preloadImage\" data-wp-on--pointerenter=\"actions.preloadImageWithDelay\" data-wp-on--pointerleave=\"actions.cancelPreload\" data-wp-on-window--resize=\"callbacks.setButtonStyles\" src=\"https:\/\/loudavymkrokem.cz\/wp-content\/uploads\/2026\/09\/rada-evropy.jpg\" alt=\"Council of Europe and the institutions quarter\" class=\"wp-image-413204\" title=\"\" srcset=\"https:\/\/loudavymkrokem.cz\/wp-content\/uploads\/2026\/09\/rada-evropy.jpg 1600w, https:\/\/loudavymkrokem.cz\/wp-content\/uploads\/2026\/09\/rada-evropy-300x225.jpg 300w, https:\/\/loudavymkrokem.cz\/wp-content\/uploads\/2026\/09\/rada-evropy-700x525.jpg 700w, https:\/\/loudavymkrokem.cz\/wp-content\/uploads\/2026\/09\/rada-evropy-768x576.jpg 768w, https:\/\/loudavymkrokem.cz\/wp-content\/uploads\/2026\/09\/rada-evropy-1536x1152.jpg 1536w, https:\/\/loudavymkrokem.cz\/wp-content\/uploads\/2026\/09\/rada-evropy-80x60.jpg 80w, https:\/\/loudavymkrokem.cz\/wp-content\/uploads\/2026\/09\/rada-evropy-160x120.jpg 160w, https:\/\/loudavymkrokem.cz\/wp-content\/uploads\/2026\/09\/rada-evropy-696x522.jpg 696w, https:\/\/loudavymkrokem.cz\/wp-content\/uploads\/2026\/09\/rada-evropy-1392x1044.jpg 1392w\" sizes=\"(max-width: 1600px) 100vw, 1600px\" \/><button\n\t\t\tclass=\"lightbox-trigger\"\n\t\t\ttype=\"button\"\n\t\t\taria-haspopup=\"dialog\"\n\t\t\tdata-wp-bind--aria-label=\"state.thisImage.triggerButtonAriaLabel\"\n\t\t\tdata-wp-init=\"callbacks.initTriggerButton\"\n\t\t\tdata-wp-on--click=\"actions.showLightbox\"\n\t\t\tdata-wp-style--right=\"state.thisImage.buttonRight\"\n\t\t\tdata-wp-style--top=\"state.thisImage.buttonTop\"\n\t\t>\n\t\t\t<svg xmlns=\"http:\/\/www.w3.org\/2000\/svg\" width=\"12\" height=\"12\" fill=\"none\" viewBox=\"0 0 12 12\">\n\t\t\t\t<path fill=\"#fff\" d=\"M2 0a2 2 0 0 0-2 2v2h1.5V2a.5.5 0 0 1 .5-.5h2V0H2Zm2 10.5H2a.5.5 0 0 1-.5-.5V8H0v2a2 2 0 0 0 2 2h2v-1.5ZM8 12v-1.5h2a.5.5 0 0 0 .5-.5V8H12v2a2 2 0 0 1-2 2H8Zm2-12a2 2 0 0 1 2 2v2h-1.5V2a.5.5 0 0 0-.5-.5H8V0h2Z\" \/>\n\t\t\t<\/svg>\n\t\t<\/button><figcaption class=\"wp-element-caption\">Foto: Anton Nyberg \/ Google Maps<\/figcaption><\/figure>\n\n\n\n<!-- LKM_GYG_CARD start q=\"strasbourg\" lang=\"en\" rendered=\"2026-09-05T11:29:00+00:00\" v=\"1\" -->\n<style id=\"lk-gyg-styles\">\n@import url(\"https:\/\/fonts.googleapis.com\/css2?family=Playfair+Display:wght@700&family=DM+Sans:wght@300;400;500;600&display=swap\");\n\/* === LK GYG karty \u2014 CRO redesign 2026-05 (namespace .lkx-) ===\n   C\u00edl: vy\u0161\u0161\u00ed CTR (hero + v\u00fdrazn\u00fd social proof + ak\u010dn\u00ed CTA, m\u00e9n\u011b \"reklamn\u00ed\").\n   Injektuje se inline do prvn\u00edho markeru postu (refresh_cards.py --inline-css). *\/\n.lkx-module, .lkx-module *{box-sizing:border-box;margin:0;padding:0}\n.lkx-module{\n  font-family:'DM Sans',-apple-system,Segoe UI,Roboto,Georgia,sans-serif;\n  max-width:860px;margin:2.5rem auto;color:#1f2328;\n}\n\n\/* HEADER \u2014 lehk\u00fd editorsk\u00fd, \u017e\u00e1dn\u00fd bannerov\u00fd blok; nadpis + popisek pod n\u00edm *\/\n.lkx-head{margin-bottom:16px}\n.lkx-head-main{display:flex;align-items:center;gap:10px}\n.lkx-head-accent{width:26px;height:3px;border-radius:2px;background:#c39f76;flex-shrink:0}\n.lkx-head-title{font-family:'Playfair Display',Georgia,serif;font-size:21px;font-weight:700;color:#1a1a1a;line-height:1.25}\n.lkx-head-meta{display:block;font-size:11px;letter-spacing:.3px;color:#9aa0a6;margin-top:4px;margin-left:36px}\n\n\/* HERO *\/\n.lkx-hero{display:grid;grid-template-columns:300px 1fr;background:#fff;border:1px solid #ece7df;border-radius:14px;overflow:hidden;text-decoration:none!important;color:inherit;box-shadow:0 6px 20px rgba(0,0,0,.06);transition:box-shadow .2s,transform .2s;margin-bottom:14px}\n.lkx-hero:hover{box-shadow:0 12px 30px rgba(0,0,0,.12);transform:translateY(-2px)}\n.lkx-hero-img{position:relative;min-height:230px;background-size:cover;background-position:center;background-color:#eee}\n.lkx-hero-body{padding:22px 24px;display:flex;flex-direction:column}\n.lkx-pick{position:absolute;top:12px;left:12px;background:#1a1a1a;color:#fff;font-size:11px;font-weight:700;letter-spacing:.5px;padding:5px 11px;border-radius:20px}\n\n\/* TITLE *\/\n.lkx-title{font-size:19px;font-weight:700;color:#161616;line-height:1.3}\n.lkx-title-sm{font-size:14.5px;line-height:1.35;display:-webkit-box;-webkit-line-clamp:2;-webkit-box-orient:vertical;overflow:hidden}\n\n\/* SOCIAL PROOF \u2014 v\u00fdrazn\u011b, naho\u0159e *\/\n.lkx-proof{display:flex;align-items:center;gap:7px;margin-top:12px;font-size:15px;color:#3a3a3a}\n.lkx-proof b{font-size:16px;color:#161616}\n.lkx-stars{color:#f5a623;letter-spacing:1px}\n.lkx-proof-sm{font-size:12.5px;margin-top:8px;gap:5px}\n.lkx-proof-sm b{font-size:13px}\n.lkx-proof-new{color:#3685fc;font-weight:600}\n\n\/* PRICE \u2014 n\u00edzk\u00e1 kotva *\/\n.lkx-price{font-size:14px;color:#6b7280}\n.lkx-price b{font-size:20px;color:#161616;font-weight:700}\n.lkx-price-sm b{font-size:15px}\n\n\/* CTA \u2014 tepl\u00e9 ak\u010dn\u00ed tla\u010d\u00edtko *\/\n.lkx-cta{display:inline-flex;align-items:center;justify-content:center;text-decoration:none!important;font-weight:700;color:#fff!important;background:linear-gradient(135deg,#f6743f,#e8552a);border-radius:10px;box-shadow:0 6px 16px rgba(232,85,42,.32);transition:box-shadow .2s}\n.lkx-cta-hero{font-size:15px;padding:13px 22px}\n.lkx-hero:hover .lkx-cta-hero{box-shadow:0 8px 22px rgba(232,85,42,.45)}\n.lkx-cta-sm{font-size:12.5px;padding:9px 14px;width:100%;margin-top:2px}\n.lkx-hero-bottom{margin-top:auto;padding-top:18px;display:flex;align-items:center;justify-content:space-between;gap:14px;flex-wrap:wrap}\n\n\/* BADGE \u2014 jeden v\u00fdrazn\u00fd na fotce *\/\n.lkx-badge{position:absolute;top:12px;right:12px;font-size:10.5px;font-weight:700;letter-spacing:.3px;padding:5px 10px;border-radius:16px;color:#fff}\n.lkx-badge.badge-urgency{background:rgba(214,40,40,.92)}\n.lkx-badge.badge-new{background:rgba(54,133,252,.92)}\n.lkx-badge.badge-top{background:rgba(195,159,118,.95)}\n.lkx-badge.badge-info{background:rgba(40,40,40,.78)}\n\n\/* SECONDARY GRID *\/\n.lkx-grid{display:grid;grid-template-columns:1fr 1fr;gap:14px}\n.lkx-card{background:#fff;border:1px solid #ece7df;border-radius:14px;overflow:hidden;text-decoration:none!important;color:inherit;box-shadow:0 4px 14px rgba(0,0,0,.05);display:flex;flex-direction:column;transition:box-shadow .2s,transform .2s}\n.lkx-card:hover{box-shadow:0 10px 24px rgba(0,0,0,.1);transform:translateY(-2px)}\n.lkx-card-img{position:relative;aspect-ratio:16\/10;background-size:cover;background-position:center;background-color:#eee}\n.lkx-card-body{padding:14px 16px 16px;display:flex;flex-direction:column;gap:7px;flex:1}\n.lkx-card-bottom{margin-top:auto;padding-top:10px;display:flex;align-items:center;justify-content:space-between;gap:8px}\n\n\/* DISCLOSURE \u2014 drobn\u00e1, kv\u016fli d\u016fv\u011b\u0159e\/z\u00e1konu *\/\n.lkx-disclosure{font-size:11px;color:#a7adb3;text-align:center;margin-top:14px;line-height:1.6}\n.lkx-disclosure a{color:#c39f76;text-decoration:none}\n\n@media(max-width:680px){\n  .lkx-hero{grid-template-columns:1fr}\n  .lkx-hero-img{min-height:180px}\n  .lkx-grid{grid-template-columns:1fr}\n  .lkx-head-meta{margin-left:0;width:100%}\n  .lkx-head-title{font-size:19px}\n}\n\n<\/style>\n<div class=\"lkx-module\" data-query=\"strasbourg\">\n  <div class=\"lkx-head\">\n    <div class=\"lkx-head-main\">\n      <span class=\"lkx-head-accent\"><\/span>\n      <span class=\"lkx-head-title\">Experiences &amp; tickets<\/span>\n    <\/div>\n    <span class=\"lkx-head-meta\">traveler-rated \u00b7 GetYourGuide<\/span>\n  <\/div><a class=\"lkx-hero\" href=\"https:\/\/www.getyourguide.com\/en-us\/strasbourg-l293\/strasbourg-walking-tour-with-a-local-guide-t877665\/?partner_id=MKZ64IS&amp;utm_medium=online_publisher&amp;cmp=strasbourg-france-things-to-do\" target=\"_blank\" rel=\"sponsored noopener nofollow\">\n    <div class=\"lkx-hero-img\" style=\"background-image:url('https:\/\/cdn.getyourguide.com\/img\/tour\/55865d3f8d08e2193af59ad660b04fb53bbd1f5148dde1eff9892481aee3de49.png\/132.jpg')\" role=\"img\" aria-label=\"Strasbourg: Walking Tour with a Local Guide\">\n      <span class=\"lkx-pick\">\u2605 Our pick<\/span><\/div>\n    <div class=\"lkx-hero-body\">\n      <div class=\"lkx-title\">Strasbourg: Walking Tour with a Local Guide<\/div>\n      <div class=\"lkx-proof\">\n      <span class=\"lkx-stars\">\u2605\u2605\u2605\u2605\u2605<\/span>\n      <b>4.4<\/b> \u00b7 891 reviews\n    <\/div>\n      <div class=\"lkx-hero-bottom\"><div class=\"lkx-price\">from <b>\u20ac28<\/b><\/div><span class=\"lkx-cta lkx-cta-hero\">I want this experience \u2192<\/span>\n      <\/div>\n    <\/div>\n  <\/a><div class=\"lkx-grid\"><a class=\"lkx-card\" href=\"https:\/\/www.getyourguide.com\/en-us\/strasbourg-l293\/strasbourg-traditional-food-group-walking-tour-t407521\/?partner_id=MKZ64IS&amp;utm_medium=online_publisher&amp;cmp=strasbourg-france-things-to-do\" target=\"_blank\" rel=\"sponsored noopener nofollow\">\n      <div class=\"lkx-card-img\" style=\"background-image:url('https:\/\/cdn.getyourguide.com\/img\/tour\/c17ad66c721e6981e7f4789167a1d0de6c74135d1dd4910c73786fd1e0725ffe.jpg\/132.jpg')\" role=\"img\" aria-label=\"Strasbourg: Traditional Food Walking Tour with Tastings\"><\/div>\n      <div class=\"lkx-card-body\">\n        <div class=\"lkx-title lkx-title-sm\">Strasbourg: Traditional Food Walking Tour with Tastings<\/div>\n        <div class=\"lkx-proof lkx-proof-sm\">\n      <span class=\"lkx-stars\">\u2605<\/span>\n      <b>4.8<\/b> \u00b7 256\n    <\/div>\n        <div class=\"lkx-card-bottom\"><span class=\"lkx-price lkx-price-sm\">from <b>\u20ac89<\/b><\/span><span class=\"lkx-cta lkx-cta-sm\">See dates \u2192<\/span>\n        <\/div>\n      <\/div>\n    <\/a><a class=\"lkx-card\" href=\"https:\/\/www.getyourguide.com\/en-us\/strasbourg-l293\/strasbourg-french-and-german-heritage-walking-tour-t1458131\/?partner_id=MKZ64IS&amp;utm_medium=online_publisher&amp;cmp=strasbourg-france-things-to-do\" target=\"_blank\" rel=\"sponsored noopener nofollow\">\n      <div class=\"lkx-card-img\" style=\"background-image:url('https:\/\/cdn.getyourguide.com\/img\/tour\/d52eccd601be0dca4362d0c2be799c2eea30e7ac46832c2fbd19fac5e6112c05.jpg\/132.jpg')\" role=\"img\" aria-label=\"Strasbourg: French and German Heritage Walking Tour\"><\/div>\n      <div class=\"lkx-card-body\">\n        <div class=\"lkx-title lkx-title-sm\">Strasbourg: French and German Heritage Walking Tour<\/div>\n        <div class=\"lkx-proof lkx-proof-sm\">\n      <span class=\"lkx-stars\">\u2605<\/span>\n      <b>0.0<\/b> \u00b7 0\n    <\/div>\n        <div class=\"lkx-card-bottom\"><span class=\"lkx-price lkx-price-sm\">from <b>\u20ac15<\/b><\/span><span class=\"lkx-cta lkx-cta-sm\">See dates \u2192<\/span>\n        <\/div>\n      <\/div>\n    <\/a><\/div><div class=\"lkx-disclosure\">\ud83d\udd17 These are affiliate links \u2014 they don&#39;t change your price and help us create content. \u00b7 <a href=\"https:\/\/www.getyourguide.com\/en-us\/s\/?q=strasbourg&amp;partner_id=MKZ64IS&amp;utm_medium=online_publisher\" target=\"_blank\" rel=\"sponsored noopener nofollow\">All experiences \u2192<\/a><\/div>\n<\/div>\n<!-- LKM_GYG_CARD end -->\n\n\n\n\n<div class=\"lk-stays-module\">\n<style>\n\/* \u2500\u2500\u2500 RESET PRO GUTENBERG \u2500\u2500\u2500 *\/\n.lk-stays-module * { box-sizing: border-box; margin: 0; padding: 0; }\n\n\/* \u2500\u2500\u2500 WRAPPER \u2500\u2500\u2500 *\/\n.lk-stays-module {\n  font-family: 'DM Sans', Georgia, sans-serif;\n  max-width: 100%;\n  margin: 2.5rem auto;\n  background: linear-gradient(135deg, #fdfaf5 0%, #fcf8f0 100%);\n  border: 1px solid #e8dfd4;\n  border-radius: 16px;\n  overflow: hidden;\n  box-shadow: 0 16px 48px rgba(195, 159, 118, 0.25), 0 4px 12px rgba(0,0,0,0.08);\n}\n\n\/* \u2500\u2500\u2500 HEADER \u2500\u2500\u2500 *\/\n.lk-stays-header {\n  position: relative;\n  padding: 24px 36px 24px;\n  background: linear-gradient(135deg, #c39f76 0%, #d4b188 60%, #c39f76 100%);\n  border-bottom: 1px solid rgba(255,255,255,.15);\n  display: flex;\n  align-items: center;\n  gap: 18px;\n}\n.lk-stays-header::before {\n  content: '';\n  position: absolute;\n  inset: 0;\n  background: url(\"data:image\/svg+xml,%3Csvg width='60' height='60' viewBox='0 0 60 60' xmlns='http:\/\/www.w3.org\/2000\/svg'%3E%3Cg fill='none' fill-rule='evenodd'%3E%3Cg fill='%23ffffff' fill-opacity='0.05'%3E%3Cpath d='M36 34v-4h-2v4h-4v2h4v4h2v-4h4v-2h-4zm0-30V0h-2v4h-4v2h4v4h2V6h4V4h-4zM6 34v-4H4v4H0v2h4v4h2v-4h4v-2H6zM6 4V0H4v4H0v2h4v4h2V6h4V4H6z'\/%3E%3C\/g%3E%3C\/g%3E%3C\/svg%3E\") repeat;\n  pointer-events: none;\n}\n.lk-stays-icon {\n  flex-shrink: 0;\n  width: 68px;\n  height: 68px;\n  border-radius: 14px;\n  background: linear-gradient(135deg, #fff 0%, #f9f6f0 100%);\n  display: flex;\n  align-items: center;\n  justify-content: center;\n  font-size: 26px;\n  box-shadow: 0 4px 12px rgba(0,0,0,0.15);\n}\n.lk-stays-eyebrow {\n  font-size: 10px;\n  font-weight: 500;\n  letter-spacing: 2.5px;\n  text-transform: uppercase;\n  color: rgba(255,255,255,.85);\n  margin: 0 0 5px 0;\n}\n.lk-stays-title {\n  font-family: 'Playfair Display', Georgia, serif;\n  font-size: 24px;\n  font-weight: 700;\n  color: #fff;\n  line-height: 1.2;\n  text-shadow: 0 1px 2px rgba(0,0,0,0.1);\n  margin: 0;\n}\n.lk-stays-subtitle {\n  font-size: 13px;\n  color: rgba(255,255,255,.75);\n  margin: 4px 0 0 0;\n  font-weight: 300;\n}\n\n\/* \u2500\u2500\u2500 CARDS GRID \u2500\u2500\u2500 *\/\n.lk-stays-grid {\n  display: grid;\n  grid-template-columns: 1fr 1fr;\n  gap: 1px;\n  background: rgba(195, 159, 118, 0.12);\n}\n\n\/* \u2500\u2500\u2500 SINGLE CARD \u2500\u2500\u2500 *\/\n.lk-stay-card {\n  background: #ffffff;\n  padding: 26px;\n  display: flex;\n  flex-direction: column;\n  gap: 11px;\n  transition: all 0.3s ease;\n  text-decoration: none;\n  color: inherit;\n  position: relative;\n}\n.lk-stay-card:hover {\n  background: #fffbf5;\n  transform: translateY(-2px);\n  box-shadow: 0 8px 24px rgba(195, 159, 118, 0.18);\n  z-index: 1;\n}\n.lk-stay-card.featured {\n  background: linear-gradient(135deg, #fffdf9 0%, #fff9f0 100%);\n  box-shadow: 0 4px 16px rgba(195, 159, 118, 0.15), inset 0 1px 0 rgba(195, 159, 118, 0.1);\n}\n.lk-stay-card.featured:hover {\n  background: linear-gradient(135deg, #fffbf5 0%, #fff8ed 100%);\n  box-shadow: 0 8px 24px rgba(195, 159, 118, 0.25), inset 0 1px 0 rgba(195, 159, 118, 0.15);\n}\n\n.lk-stay-badge {\n  display: inline-flex;\n  align-items: center;\n  gap: 5px;\n  font-size: 10px;\n  font-weight: 500;\n  letter-spacing: 1.5px;\n  text-transform: uppercase;\n  padding: 5px 11px;\n  border-radius: 20px;\n  width: fit-content;\n}\n.badge-top     { background: linear-gradient(135deg, #c39f76 0%, #d4b188 100%); color: #fff; border: 1px solid #c39f76; font-weight: 600; box-shadow: 0 2px 8px rgba(195,159,118,0.3); }\n.badge-luxury  { background: rgba(195,159,118,.12); color: #c39f76; border: 1px solid rgba(195,159,118,.25); }\n.badge-boutique{ background: rgba(54,133,252,.08); color: #3685fc; border: 1px solid rgba(54,133,252,.2); }\n.badge-nature  { background: rgba(130,190,100,.1); color: #6b9c4a; border: 1px solid rgba(130,190,100,.2); }\n.badge-remote  { background: rgba(195,159,118,.12); color: #a67e50; border: 1px solid rgba(195,159,118,.25); }\n\n.lk-stay-name {\n  font-family: 'Playfair Display', Georgia, serif;\n  font-size: 18px;\n  font-weight: 700;\n  color: #111827;\n  line-height: 1.3;\n}\n.lk-stay-desc {\n  font-size: 13.5px;\n  color: #525252;\n  line-height: 1.65;\n  font-weight: 300;\n  flex: 1;\n}\n\n.lk-stay-meta {\n  display: flex;\n  align-items: center;\n  gap: 12px;\n  flex-wrap: wrap;\n  margin-top: 4px;\n}\n.lk-stay-price {\n  font-size: 13px;\n  color: #6b7280;\n}\n.lk-stay-price strong {\n  color: #c39f76;\n  font-weight: 500;\n}\n.lk-stay-stars {\n  color: #c39f76;\n  font-size: 11px;\n  letter-spacing: 1px;\n}\n\n\/* \u2500\u2500\u2500 CTA BUTTON \u2500\u2500\u2500 *\/\n.lk-stay-cta {\n  display: inline-flex;\n  align-items: center;\n  justify-content: center;\n  gap: 7px;\n  margin-top: 8px;\n  padding: 11px 20px;\n  border-radius: 8px;\n  background: linear-gradient(135deg, #3685fc 0%, #2a6fd9 100%);\n  color: #fff;\n  font-size: 13px;\n  font-weight: 500;\n  text-decoration: none;\n  letter-spacing: .3px;\n  transition: all .2s ease;\n  cursor: pointer;\n  border: none;\n  text-align: center;\n  box-shadow: 0 4px 12px rgba(54, 133, 252, 0.25);\n}\n.lk-stay-cta:hover {\n  background: linear-gradient(135deg, #2a6fd9 0%, #1e5bc4 100%);\n  transform: translateY(-1px);\n  box-shadow: 0 6px 16px rgba(54, 133, 252, 0.35);\n}\n.lk-stay-cta svg { flex-shrink: 0; }\n\n\/* \u2500\u2500\u2500 FOOTER \u2500\u2500\u2500 *\/\n.lk-stays-footer {\n  padding: 18px 36px;\n  background: linear-gradient(to bottom, #fdfaf5 0%, #f9f4ed 100%);\n  border-top: 1px solid rgba(195, 159, 118, 0.15);\n  display: flex;\n  align-items: center;\n  justify-content: space-between;\n  flex-wrap: wrap;\n  gap: 12px;\n}\n.lk-stays-footer-note {\n  font-size: 11.5px;\n  color: #6b7280;\n  font-weight: 300;\n  line-height: 1.5;\n}\n.lk-stays-footer-note a {\n  color: #c39f76;\n  text-decoration: none;\n  font-weight: 400;\n}\n.lk-stays-footer-note a:hover {\n  text-decoration: underline;\n}\n.lk-stays-all-btn {\n  display: inline-flex;\n  align-items: center;\n  gap: 6px;\n  font-size: 12.5px;\n  font-weight: 500;\n  color: #c39f76;\n  text-decoration: none;\n  border: 1px solid rgba(195, 159, 118, 0.35);\n  padding: 8px 18px;\n  border-radius: 8px;\n  transition: all .2s ease;\n}\n.lk-stays-all-btn:hover {\n  background: rgba(195, 159, 118, 0.08);\n  border-color: rgba(195, 159, 118, 0.5);\n}\n\n\/* \u2500\u2500\u2500 RESPONSIVE \u2500\u2500\u2500 *\/\n@media (max-width: 600px) {\n  .lk-stays-grid { grid-template-columns: 1fr; }\n  .lk-stays-header { padding: 24px 20px; }\n  .lk-stays-footer { padding: 16px 20px; }\n  .lk-stay-card { padding: 22px; }\n  .lk-stays-title { font-size: 20px; }\n}\n<\/style>\n\n  <!-- HEADER -->\n  <div class=\"lk-stays-header\">\n    <img decoding=\"async\" src=\"https:\/\/loudavymkrokem.cz\/wp-content\/uploads\/2026\/02\/lukas-a-lucka.jpg\" alt=\"\" style=\"width: 75px; height: 75px; border-radius: 8px; flex-shrink: 0; object-fit: cover; display: block; margin: 4px 0;\" title=\"\">\n    <div class=\"lk-stays-header-text\">\n      <div class=\"lk-stays-eyebrow\">Luk\u00e1\u0161 and Lucie recommend<\/div>\n      <div class=\"lk-stays-title\">Where to stay in Strasbourg<\/div>\n      <div class=\"lk-stays-subtitle\">4 accommodations \u2014 hotels and other lodging options<\/div>\n    <\/div>\n  <\/div>\n\n  <!-- CARDS -->\n  <div class=\"lk-stays-grid\">\n\n    <a class=\"lk-stay-card featured\" href=\"https:\/\/www.stay22.com\/allez\/roam?aid=lukaskonecny&#038;campaign=loudavymkrokemcz&#038;campaign=en&#038;campaign=covidetvestrasburku&#038;address=%C5%A0trasburk&#038;hotelname=H%C3%B4tel+Cour+du+Corbeau+Strasbourg+-+MGallery&#038;search=H%C3%B4tel+Cour+du+Corbeau+Strasbourg+-+MGallery&#038;category=accommodation\" target=\"_blank\" rel=\"nofollow noopener\">\n      <span class=\"lk-stay-badge badge-top\">\u2b50 TOP CHOICE<\/span>\n      <span class=\"lk-stay-badge badge-nature\">\ud83c\udfe8 Hotel<\/span>\n      <div class=\"lk-stay-name\">H\u00f4tel Cour du Corbeau Strasbourg &#8211; MGallery<\/div>\n      <div class=\"lk-stay-desc\">An architectural gem in a renovated 16th-century historic house with wooden galleries, offering a romantic atmosphere by the water canal.<\/div>\n      <div class=\"lk-stay-meta\">\n        <span class=\"lk-stay-stars\">\u2605\u2605\u2605\u2605<\/span>\n        <span class=\"lk-stay-price\">Check prices<\/span>\n      <\/div>\n      <span class=\"lk-stay-cta\">\n        <svg width=\"14\" height=\"14\" viewBox=\"0 0 24 24\" fill=\"none\" stroke=\"currentColor\" stroke-width=\"2\"><path d=\"M18 13v6a2 2 0 0 1-2 2H5a2 2 0 0 1-2-2V8a2 2 0 0 1 2-2h6\"\/><polyline points=\"15 3 21 3 21 9\"\/><line x1=\"10\" y1=\"14\" x2=\"21\" y2=\"3\"\/><\/svg>\n        Check availability\n      <\/span>\n    <\/a>\n\n    <a class=\"lk-stay-card\" href=\"https:\/\/www.stay22.com\/allez\/roam?aid=lukaskonecny&#038;campaign=loudavymkrokemcz&#038;campaign=en&#038;campaign=covidetvestrasburku&#038;address=%C5%A0trasburk&#038;hotelname=H%C3%B4tel+L%C3%89ONOR+the+place+to+live&#038;search=H%C3%B4tel+L%C3%89ONOR+the+place+to+live&#038;category=accommodation\" target=\"_blank\" rel=\"nofollow noopener\">\n      <span class=\"lk-stay-badge badge-nature\">\ud83c\udfe8 Hotel<\/span>\n      <div class=\"lk-stay-name\">H\u00f4tel L\u00c9ONOR the place to live<\/div>\n      <div class=\"lk-stay-desc\">Modern design in a historic building just steps from Broglie Square with a beautiful inner courtyard for relaxation.<\/div>\n      <div class=\"lk-stay-meta\">\n        <span class=\"lk-stay-stars\">\u2605\u2605\u2605\u2605<\/span>\n        <span class=\"lk-stay-price\">Check prices<\/span>\n      <\/div>\n      <span class=\"lk-stay-cta\">\n        <svg width=\"14\" height=\"14\" viewBox=\"0 0 24 24\" fill=\"none\" stroke=\"currentColor\" stroke-width=\"2\"><path d=\"M18 13v6a2 2 0 0 1-2 2H5a2 2 0 0 1-2-2V8a2 2 0 0 1 2-2h6\"\/><polyline points=\"15 3 21 3 21 9\"\/><line x1=\"10\" y1=\"14\" x2=\"21\" y2=\"3\"\/><\/svg>\n        Check availability\n      <\/span>\n    <\/a>\n\n    <a class=\"lk-stay-card\" href=\"https:\/\/www.stay22.com\/allez\/roam?aid=lukaskonecny&#038;campaign=loudavymkrokemcz&#038;campaign=en&#038;campaign=covidetvestrasburku&#038;address=%C5%A0trasburk&#038;hotelname=H%C3%B4tel+Gutenberg&#038;search=H%C3%B4tel+Gutenberg&#038;category=accommodation\" target=\"_blank\" rel=\"nofollow noopener\">\n      <span class=\"lk-stay-badge badge-nature\">\ud83c\udfe8 Hotel<\/span>\n      <div class=\"lk-stay-name\">H\u00f4tel Gutenberg<\/div>\n      <div class=\"lk-stay-desc\">Strategic location near the main pedestrian zone, smaller rooms excelling in cleanliness and comfortable beds, very helpful staff.<\/div>\n      <div class=\"lk-stay-meta\">\n        <span class=\"lk-stay-stars\">\u2605\u2605\u2605\u2605<\/span>\n        <span class=\"lk-stay-price\">Check prices<\/span>\n      <\/div>\n      <span class=\"lk-stay-cta\">\n        <svg width=\"14\" height=\"14\" viewBox=\"0 0 24 24\" fill=\"none\" stroke=\"currentColor\" stroke-width=\"2\"><path d=\"M18 13v6a2 2 0 0 1-2 2H5a2 2 0 0 1-2-2V8a2 2 0 0 1 2-2h6\"\/><polyline points=\"15 3 21 3 21 9\"\/><line x1=\"10\" y1=\"14\" x2=\"21\" y2=\"3\"\/><\/svg>\n        Check availability\n      <\/span>\n    <\/a>\n\n    <a class=\"lk-stay-card\" href=\"https:\/\/www.stay22.com\/allez\/roam?aid=lukaskonecny&#038;campaign=loudavymkrokemcz&#038;campaign=en&#038;campaign=covidetvestrasburku&#038;address=\u0161trasburk\" target=\"_blank\" rel=\"nofollow noopener\">\n      <span class=\"lk-stay-badge badge-nature\">\ud83d\udd0d Search<\/span>\n      <div class=\"lk-stay-name\">View all accommodations in Strasbourg<\/div>\n      <div class=\"lk-stay-desc\">Explore all available accommodation options in Strasbourg and find the best one according to your preferences and budget.<\/div>\n      <div class=\"lk-stay-meta\">\n        <span class=\"lk-stay-stars\">\u2605\u2605\u2605\u2605<\/span>\n        <span class=\"lk-stay-price\">Compare prices<\/span>\n      <\/div>\n      <span class=\"lk-stay-cta\">\n        <svg width=\"14\" height=\"14\" viewBox=\"0 0 24 24\" fill=\"none\" stroke=\"currentColor\" stroke-width=\"2\"><path d=\"M18 13v6a2 2 0 0 1-2 2H5a2 2 0 0 1-2-2V8a2 2 0 0 1 2-2h6\"\/><polyline points=\"15 3 21 3 21 9\"\/><line x1=\"10\" y1=\"14\" x2=\"21\" y2=\"3\"\/><\/svg>\n        Check availability\n      <\/span>\n    <\/a>\n\n  <\/div>\n\n  \n<\/div>\n\n\n\n\n<h3 class=\"wp-block-heading\"><span class=\"ez-toc-section\" id=\"10_The_Council_of_Europe_and_the_institutions_quarter\"><\/span>10. The Council of Europe and the institutions quarter<span class=\"ez-toc-section-end\"><\/span><\/h3>\n\n\n\n<p class=\"wp-block-paragraph\">The European Parliament is by no means the only important institution in this city. Right next door stand the <strong>imposing building of the Council of Europe and the famous European Court of Human Rights<\/strong>. This whole modern quarter, spread out around the quiet confluence of the Ill and Marne rivers, is architecturally extremely interesting, and just a stroll among these glass palaces will really get you in the mood.<\/p>\n\n\n\n<p class=\"wp-block-paragraph\">The building of the European Court of Human Rights itself, designed by the celebrated architect Richard Rogers, <strong>with its bold shapes resembles two enormous steel ships on the riverbank<\/strong> and ranks among the most remarkable modern structures in all of France. Tours of these specific institutions for individuals are somewhat trickier and often require lengthy prior approval, but even just the view from outside and a walk along the surrounding wide promenades is well worth it.<\/p>\n\n\n\n<p class=\"wp-block-paragraph\">This whole administrative area is surprisingly densely surrounded by greenery and canals, so <strong>the contrast between the strict modern architecture and the calm nature is very strong here<\/strong>. It&#8217;s a great place for an afternoon walk when you want to take a break for a while from the sometimes busy historic lanes right in the centre.<\/p>\n\n\n\n<figure data-wp-context=\"{&quot;imageId&quot;:&quot;6a9c14cbd66ea&quot;}\" data-wp-interactive=\"core\/image\" data-wp-key=\"6a9c14cbd66ea\" class=\"wp-block-image size-full wp-lightbox-container\"><img decoding=\"async\" width=\"1600\" height=\"2400\" data-wp-class--hide=\"state.isContentHidden\" data-wp-class--show=\"state.isContentVisible\" data-wp-init=\"callbacks.setButtonStyles\" data-wp-on--click=\"actions.showLightbox\" data-wp-on--load=\"callbacks.setButtonStyles\" data-wp-on--pointerdown=\"actions.preloadImage\" data-wp-on--pointerenter=\"actions.preloadImageWithDelay\" data-wp-on--pointerleave=\"actions.cancelPreload\" data-wp-on-window--resize=\"callbacks.setButtonStyles\" src=\"https:\/\/loudavymkrokem.cz\/wp-content\/uploads\/2026\/09\/grande-le.jpg\" alt=\"Grande \u00cele (the first quarter on the UNESCO list)\" class=\"wp-image-413208\" title=\"\" srcset=\"https:\/\/loudavymkrokem.cz\/wp-content\/uploads\/2026\/09\/grande-le.jpg 1600w, https:\/\/loudavymkrokem.cz\/wp-content\/uploads\/2026\/09\/grande-le-200x300.jpg 200w, https:\/\/loudavymkrokem.cz\/wp-content\/uploads\/2026\/09\/grande-le-700x1050.jpg 700w, https:\/\/loudavymkrokem.cz\/wp-content\/uploads\/2026\/09\/grande-le-768x1152.jpg 768w, https:\/\/loudavymkrokem.cz\/wp-content\/uploads\/2026\/09\/grande-le-1024x1536.jpg 1024w, https:\/\/loudavymkrokem.cz\/wp-content\/uploads\/2026\/09\/grande-le-1365x2048.jpg 1365w, https:\/\/loudavymkrokem.cz\/wp-content\/uploads\/2026\/09\/grande-le-696x1044.jpg 696w, https:\/\/loudavymkrokem.cz\/wp-content\/uploads\/2026\/09\/grande-le-1392x2088.jpg 1392w\" sizes=\"(max-width: 1600px) 100vw, 1600px\" \/><button\n\t\t\tclass=\"lightbox-trigger\"\n\t\t\ttype=\"button\"\n\t\t\taria-haspopup=\"dialog\"\n\t\t\tdata-wp-bind--aria-label=\"state.thisImage.triggerButtonAriaLabel\"\n\t\t\tdata-wp-init=\"callbacks.initTriggerButton\"\n\t\t\tdata-wp-on--click=\"actions.showLightbox\"\n\t\t\tdata-wp-style--right=\"state.thisImage.buttonRight\"\n\t\t\tdata-wp-style--top=\"state.thisImage.buttonTop\"\n\t\t>\n\t\t\t<svg xmlns=\"http:\/\/www.w3.org\/2000\/svg\" width=\"12\" height=\"12\" fill=\"none\" viewBox=\"0 0 12 12\">\n\t\t\t\t<path fill=\"#fff\" d=\"M2 0a2 2 0 0 0-2 2v2h1.5V2a.5.5 0 0 1 .5-.5h2V0H2Zm2 10.5H2a.5.5 0 0 1-.5-.5V8H0v2a2 2 0 0 0 2 2h2v-1.5ZM8 12v-1.5h2a.5.5 0 0 0 .5-.5V8H12v2a2 2 0 0 1-2 2H8Zm2-12a2 2 0 0 1 2 2v2h-1.5V2a.5.5 0 0 0-.5-.5H8V0h2Z\" \/>\n\t\t\t<\/svg>\n\t\t<\/button><figcaption class=\"wp-element-caption\">Foto: Alberto Belli \/ Google Maps<\/figcaption><\/figure>\n\n\n\n<h3 class=\"wp-block-heading\"><span class=\"ez-toc-section\" id=\"11_Grande_Ile_the_first_quarter_on_the_UNESCO_list\"><\/span>11. Grande \u00cele (the first quarter on the UNESCO list)<span class=\"ez-toc-section-end\"><\/span><\/h3>\n\n\n\n<p class=\"wp-block-paragraph\">The historic heart of Strasbourg spreads across the beautiful island of Grande \u00cele, lazily encircled by two arms of the Ill river. This island is an absolute world first, because <strong>in 1988 it was inscribed on the UNESCO World Heritage list as the very first entire urban quarter<\/strong> in history. It&#8217;s no wonder, because the concentration of gorgeous historic monuments in such a small area really is quite exceptional here.<\/p>\n\n\n\n<p class=\"wp-block-paragraph\">On a slow walk around the island you&#8217;ll come across a perfect illustration of how the city evolved seamlessly from the Middle Ages through the Renaissance to tidy Classicism. <strong>Houses with unusually tall, steep roofs and lots of dormer windows, which originally served to dry animal hides and store grain<\/strong>, alternate with grand palaces and picturesque hidden little squares. Everything is also connected by a network of narrow cobbled lanes that positively invite you to wander aimlessly and romantically.<\/p>\n\n\n\n<p class=\"wp-block-paragraph\">The best way to explore the island is simply to set off without a plan. You can&#8217;t really get lost here anyway. <strong>On every corner you&#8217;ll discover some interesting architectural detail<\/strong>, a hidden green courtyard or a little bakery smelling of freshly baked bread. You can comfortably walk around the whole island in one pleasant afternoon.<\/p>\n\n\n\n<figure data-wp-context=\"{&quot;imageId&quot;:&quot;6a9c14cbd6cc7&quot;}\" data-wp-interactive=\"core\/image\" data-wp-key=\"6a9c14cbd6cc7\" class=\"wp-block-image size-full wp-lightbox-container\"><img decoding=\"async\" width=\"1440\" height=\"1080\" data-wp-class--hide=\"state.isContentHidden\" data-wp-class--show=\"state.isContentVisible\" data-wp-init=\"callbacks.setButtonStyles\" data-wp-on--click=\"actions.showLightbox\" data-wp-on--load=\"callbacks.setButtonStyles\" data-wp-on--pointerdown=\"actions.preloadImage\" data-wp-on--pointerenter=\"actions.preloadImageWithDelay\" data-wp-on--pointerleave=\"actions.cancelPreload\" data-wp-on-window--resize=\"callbacks.setButtonStyles\" src=\"https:\/\/loudavymkrokem.cz\/wp-content\/uploads\/2026\/09\/neustadt.jpg\" alt=\"Neustadt (the German imperial quarter)\" class=\"wp-image-413212\" title=\"\" srcset=\"https:\/\/loudavymkrokem.cz\/wp-content\/uploads\/2026\/09\/neustadt.jpg 1440w, https:\/\/loudavymkrokem.cz\/wp-content\/uploads\/2026\/09\/neustadt-300x225.jpg 300w, https:\/\/loudavymkrokem.cz\/wp-content\/uploads\/2026\/09\/neustadt-700x525.jpg 700w, https:\/\/loudavymkrokem.cz\/wp-content\/uploads\/2026\/09\/neustadt-768x576.jpg 768w, https:\/\/loudavymkrokem.cz\/wp-content\/uploads\/2026\/09\/neustadt-80x60.jpg 80w, https:\/\/loudavymkrokem.cz\/wp-content\/uploads\/2026\/09\/neustadt-160x120.jpg 160w, https:\/\/loudavymkrokem.cz\/wp-content\/uploads\/2026\/09\/neustadt-696x522.jpg 696w, https:\/\/loudavymkrokem.cz\/wp-content\/uploads\/2026\/09\/neustadt-1392x1044.jpg 1392w\" sizes=\"(max-width: 1440px) 100vw, 1440px\" \/><button\n\t\t\tclass=\"lightbox-trigger\"\n\t\t\ttype=\"button\"\n\t\t\taria-haspopup=\"dialog\"\n\t\t\tdata-wp-bind--aria-label=\"state.thisImage.triggerButtonAriaLabel\"\n\t\t\tdata-wp-init=\"callbacks.initTriggerButton\"\n\t\t\tdata-wp-on--click=\"actions.showLightbox\"\n\t\t\tdata-wp-style--right=\"state.thisImage.buttonRight\"\n\t\t\tdata-wp-style--top=\"state.thisImage.buttonTop\"\n\t\t>\n\t\t\t<svg xmlns=\"http:\/\/www.w3.org\/2000\/svg\" width=\"12\" height=\"12\" fill=\"none\" viewBox=\"0 0 12 12\">\n\t\t\t\t<path fill=\"#fff\" d=\"M2 0a2 2 0 0 0-2 2v2h1.5V2a.5.5 0 0 1 .5-.5h2V0H2Zm2 10.5H2a.5.5 0 0 1-.5-.5V8H0v2a2 2 0 0 0 2 2h2v-1.5ZM8 12v-1.5h2a.5.5 0 0 0 .5-.5V8H12v2a2 2 0 0 1-2 2H8Zm2-12a2 2 0 0 1 2 2v2h-1.5V2a.5.5 0 0 0-.5-.5H8V0h2Z\" \/>\n\t\t\t<\/svg>\n\t\t<\/button><figcaption class=\"wp-element-caption\">Foto: M. E. \/ Google Maps<\/figcaption><\/figure>\n\n\n\n<h3 class=\"wp-block-heading\"><span class=\"ez-toc-section\" id=\"12_Neustadt_the_German_imperial_quarter\"><\/span>12. Neustadt (the German imperial quarter)<span class=\"ez-toc-section-end\"><\/span><\/h3>\n\n\n\n<p class=\"wp-block-paragraph\">After the city was forcibly annexed to the German Empire at the end of the nineteenth century, the Germans decided to build an entirely new, highly representative quarter to show off their power and immense wealth of the time. And so Neustadt \u2014 the New Town \u2014 was born, which <strong>since 2017 has become a further official extension of the UNESCO inscription<\/strong>. This quarter is an absolute and fascinating contrast to the narrow lanes of the old town.<\/p>\n\n\n\n<p class=\"wp-block-paragraph\">Here you&#8217;ll find <strong>huge, extra-wide boulevards lined with tall trees, giant circular squares and monumental public buildings<\/strong> built in a curious blend of Neo-Gothic, Neo-Renaissance and ornate Art Nouveau. The main focal point of this whole grand quarter is Place de la R\u00e9publique, with the National Theatre building and the breathtaking university library.<\/p>\n\n\n\n<p class=\"wp-block-paragraph\">A walk through this quiet quarter <strong>perfectly illustrates that often-mentioned dual identity of Strasbourg<\/strong>, as you move from the typically French Middle Ages into textbook German urban planning of the late nineteenth century. Many of the residential buildings here have gorgeous Art Nouveau facades with rich floral decoration that are definitely worth a closer look with your camera in hand.<\/p>\n\n\n\n<figure data-wp-context=\"{&quot;imageId&quot;:&quot;6a9c14cbd7243&quot;}\" data-wp-interactive=\"core\/image\" data-wp-key=\"6a9c14cbd7243\" class=\"wp-block-image size-full wp-lightbox-container\"><img decoding=\"async\" width=\"1600\" height=\"1200\" data-wp-class--hide=\"state.isContentHidden\" data-wp-class--show=\"state.isContentVisible\" data-wp-init=\"callbacks.setButtonStyles\" data-wp-on--click=\"actions.showLightbox\" data-wp-on--load=\"callbacks.setButtonStyles\" data-wp-on--pointerdown=\"actions.preloadImage\" data-wp-on--pointerenter=\"actions.preloadImageWithDelay\" data-wp-on--pointerleave=\"actions.cancelPreload\" data-wp-on-window--resize=\"callbacks.setButtonStyles\" src=\"https:\/\/loudavymkrokem.cz\/wp-content\/uploads\/2026\/09\/place-kl-ber.jpg\" alt=\"Place Kl\u00e9ber\" class=\"wp-image-413217\" title=\"\" srcset=\"https:\/\/loudavymkrokem.cz\/wp-content\/uploads\/2026\/09\/place-kl-ber.jpg 1600w, https:\/\/loudavymkrokem.cz\/wp-content\/uploads\/2026\/09\/place-kl-ber-300x225.jpg 300w, https:\/\/loudavymkrokem.cz\/wp-content\/uploads\/2026\/09\/place-kl-ber-700x525.jpg 700w, https:\/\/loudavymkrokem.cz\/wp-content\/uploads\/2026\/09\/place-kl-ber-768x576.jpg 768w, https:\/\/loudavymkrokem.cz\/wp-content\/uploads\/2026\/09\/place-kl-ber-1536x1152.jpg 1536w, https:\/\/loudavymkrokem.cz\/wp-content\/uploads\/2026\/09\/place-kl-ber-80x60.jpg 80w, https:\/\/loudavymkrokem.cz\/wp-content\/uploads\/2026\/09\/place-kl-ber-160x120.jpg 160w, https:\/\/loudavymkrokem.cz\/wp-content\/uploads\/2026\/09\/place-kl-ber-696x522.jpg 696w, https:\/\/loudavymkrokem.cz\/wp-content\/uploads\/2026\/09\/place-kl-ber-1392x1044.jpg 1392w\" sizes=\"(max-width: 1600px) 100vw, 1600px\" \/><button\n\t\t\tclass=\"lightbox-trigger\"\n\t\t\ttype=\"button\"\n\t\t\taria-haspopup=\"dialog\"\n\t\t\tdata-wp-bind--aria-label=\"state.thisImage.triggerButtonAriaLabel\"\n\t\t\tdata-wp-init=\"callbacks.initTriggerButton\"\n\t\t\tdata-wp-on--click=\"actions.showLightbox\"\n\t\t\tdata-wp-style--right=\"state.thisImage.buttonRight\"\n\t\t\tdata-wp-style--top=\"state.thisImage.buttonTop\"\n\t\t>\n\t\t\t<svg xmlns=\"http:\/\/www.w3.org\/2000\/svg\" width=\"12\" height=\"12\" fill=\"none\" viewBox=\"0 0 12 12\">\n\t\t\t\t<path fill=\"#fff\" d=\"M2 0a2 2 0 0 0-2 2v2h1.5V2a.5.5 0 0 1 .5-.5h2V0H2Zm2 10.5H2a.5.5 0 0 1-.5-.5V8H0v2a2 2 0 0 0 2 2h2v-1.5ZM8 12v-1.5h2a.5.5 0 0 0 .5-.5V8H12v2a2 2 0 0 1-2 2H8Zm2-12a2 2 0 0 1 2 2v2h-1.5V2a.5.5 0 0 0-.5-.5H8V0h2Z\" \/>\n\t\t\t<\/svg>\n\t\t<\/button><figcaption class=\"wp-element-caption\">Foto: Curzio Pinnelli \/ Google Maps<\/figcaption><\/figure>\n\n\n\n<h3 class=\"wp-block-heading\"><span class=\"ez-toc-section\" id=\"13_Place_Kleber\"><\/span>13. Place Kl\u00e9ber<span class=\"ez-toc-section-end\"><\/span><\/h3>\n\n\n\n<p class=\"wp-block-paragraph\">The main and largest square in the whole city centre is Place Kl\u00e9ber, which reliably serves as the natural meeting point for all the locals. The entire huge space works as a <strong>sprawling pedestrian zone surrounded by beautiful historic buildings<\/strong>, which today house luxury international brand shops, spacious caf\u00e9s and renowned restaurants. The square is named after the famous general Jean-Baptiste Kl\u00e9ber, whose bronze statue stands right in the middle and beneath which his actual remains are in fact buried.<\/p>\n\n\n\n<p class=\"wp-block-paragraph\">This square is genuinely full of unceasing life all year round. Locals come here to shop, to sit down for an afternoon coffee or to watch all sorts of street performers. <strong>The most beautiful building on the square is undoubtedly the Aubette<\/strong>, an eighteenth-century Classicist palace that once served as a military guardhouse and today conceals a shopping arcade and historic halls with unique avant-garde decoration from the 1920s.<\/p>\n\n\n\n<p class=\"wp-block-paragraph\">During Advent the square magically transforms into the absolute centre of the action, because it&#8217;s <strong>here that a huge, gorgeously decorated Christmas tree is raised with great ceremony<\/strong>, and it&#8217;s one of the biggest symbols of the whole city. Outside Advent, too, though, you&#8217;ll fully enjoy the great atmosphere of a vibrant, modern European city.<\/p>\n\n\n\n<figure data-wp-context=\"{&quot;imageId&quot;:&quot;6a9c14cbd7766&quot;}\" data-wp-interactive=\"core\/image\" data-wp-key=\"6a9c14cbd7766\" class=\"wp-block-image size-full wp-lightbox-container\"><img decoding=\"async\" width=\"1600\" height=\"1200\" data-wp-class--hide=\"state.isContentHidden\" data-wp-class--show=\"state.isContentVisible\" data-wp-init=\"callbacks.setButtonStyles\" data-wp-on--click=\"actions.showLightbox\" data-wp-on--load=\"callbacks.setButtonStyles\" data-wp-on--pointerdown=\"actions.preloadImage\" data-wp-on--pointerenter=\"actions.preloadImageWithDelay\" data-wp-on--pointerleave=\"actions.cancelPreload\" data-wp-on-window--resize=\"callbacks.setButtonStyles\" src=\"https:\/\/loudavymkrokem.cz\/wp-content\/uploads\/2026\/09\/parc-de-l-orangerie.jpg\" alt=\"Parc de l&#039;Orangerie\" class=\"wp-image-413221\" title=\"\" srcset=\"https:\/\/loudavymkrokem.cz\/wp-content\/uploads\/2026\/09\/parc-de-l-orangerie.jpg 1600w, https:\/\/loudavymkrokem.cz\/wp-content\/uploads\/2026\/09\/parc-de-l-orangerie-300x225.jpg 300w, https:\/\/loudavymkrokem.cz\/wp-content\/uploads\/2026\/09\/parc-de-l-orangerie-700x525.jpg 700w, https:\/\/loudavymkrokem.cz\/wp-content\/uploads\/2026\/09\/parc-de-l-orangerie-768x576.jpg 768w, https:\/\/loudavymkrokem.cz\/wp-content\/uploads\/2026\/09\/parc-de-l-orangerie-1536x1152.jpg 1536w, https:\/\/loudavymkrokem.cz\/wp-content\/uploads\/2026\/09\/parc-de-l-orangerie-80x60.jpg 80w, https:\/\/loudavymkrokem.cz\/wp-content\/uploads\/2026\/09\/parc-de-l-orangerie-160x120.jpg 160w, https:\/\/loudavymkrokem.cz\/wp-content\/uploads\/2026\/09\/parc-de-l-orangerie-696x522.jpg 696w, https:\/\/loudavymkrokem.cz\/wp-content\/uploads\/2026\/09\/parc-de-l-orangerie-1392x1044.jpg 1392w\" sizes=\"(max-width: 1600px) 100vw, 1600px\" \/><button\n\t\t\tclass=\"lightbox-trigger\"\n\t\t\ttype=\"button\"\n\t\t\taria-haspopup=\"dialog\"\n\t\t\tdata-wp-bind--aria-label=\"state.thisImage.triggerButtonAriaLabel\"\n\t\t\tdata-wp-init=\"callbacks.initTriggerButton\"\n\t\t\tdata-wp-on--click=\"actions.showLightbox\"\n\t\t\tdata-wp-style--right=\"state.thisImage.buttonRight\"\n\t\t\tdata-wp-style--top=\"state.thisImage.buttonTop\"\n\t\t>\n\t\t\t<svg xmlns=\"http:\/\/www.w3.org\/2000\/svg\" width=\"12\" height=\"12\" fill=\"none\" viewBox=\"0 0 12 12\">\n\t\t\t\t<path fill=\"#fff\" d=\"M2 0a2 2 0 0 0-2 2v2h1.5V2a.5.5 0 0 1 .5-.5h2V0H2Zm2 10.5H2a.5.5 0 0 1-.5-.5V8H0v2a2 2 0 0 0 2 2h2v-1.5ZM8 12v-1.5h2a.5.5 0 0 0 .5-.5V8H12v2a2 2 0 0 1-2 2H8Zm2-12a2 2 0 0 1 2 2v2h-1.5V2a.5.5 0 0 0-.5-.5H8V0h2Z\" \/>\n\t\t\t<\/svg>\n\t\t<\/button><figcaption class=\"wp-element-caption\">Foto: dante coccia \/ Google Maps<\/figcaption><\/figure>\n\n\n\n<h3 class=\"wp-block-heading\"><span class=\"ez-toc-section\" id=\"14_Parc_de_lOrangerie\"><\/span>14. Parc de l&#8217;Orangerie<span class=\"ez-toc-section-end\"><\/span><\/h3>\n\n\n\n<p class=\"wp-block-paragraph\">If you want to take a break from the noise of the big city for a while and recharge in nature, head to the Parc de l&#8217;Orangerie. This stunning park dating from the seventeenth century is <strong>the largest and oldest park in the city<\/strong> and sits right beside the modern European quarter. They originally grew rare orange trees here. Who would have thought it would one day become the city&#8217;s biggest park.<\/p>\n\n\n\n<p class=\"wp-block-paragraph\">Today it&#8217;s a huge, carefully maintained oasis of greenery with a large lake, where <strong>in the warm summer months you can rent a little boat and row across the calm surface of the water<\/strong>. The park is threaded with a dense network of wide sandy paths, and you&#8217;ll come across beautiful flowerbeds, babbling fountains and even a small zoo. In the pavilion in the middle of the park there&#8217;s also a luxury restaurant with a lovely terrace for a special lunch.<\/p>\n\n\n\n<p class=\"wp-block-paragraph\">\ud83d\udca1 Tip: The park is also home to a huge number of wild storks, the animal symbol of the whole of Alsace. <strong>You can freely watch them building their enormous nests high in the crowns of the tall trees<\/strong>, an experience that&#8217;s guaranteed to delight not just little children but adult visitors too.<\/p>\n\n\n\n<figure data-wp-context=\"{&quot;imageId&quot;:&quot;6a9c14cbd7c18&quot;}\" data-wp-interactive=\"core\/image\" data-wp-key=\"6a9c14cbd7c18\" class=\"wp-block-image size-full wp-lightbox-container\"><img decoding=\"async\" width=\"1600\" height=\"1183\" data-wp-class--hide=\"state.isContentHidden\" data-wp-class--show=\"state.isContentVisible\" data-wp-init=\"callbacks.setButtonStyles\" data-wp-on--click=\"actions.showLightbox\" data-wp-on--load=\"callbacks.setButtonStyles\" data-wp-on--pointerdown=\"actions.preloadImage\" data-wp-on--pointerenter=\"actions.preloadImageWithDelay\" data-wp-on--pointerleave=\"actions.cancelPreload\" data-wp-on-window--resize=\"callbacks.setButtonStyles\" src=\"https:\/\/loudavymkrokem.cz\/wp-content\/uploads\/2026\/09\/parc-de-l-toile.jpg\" alt=\"Parc de l&#039;\u00c9toile\" class=\"wp-image-413224\" title=\"\" srcset=\"https:\/\/loudavymkrokem.cz\/wp-content\/uploads\/2026\/09\/parc-de-l-toile.jpg 1600w, https:\/\/loudavymkrokem.cz\/wp-content\/uploads\/2026\/09\/parc-de-l-toile-300x222.jpg 300w, https:\/\/loudavymkrokem.cz\/wp-content\/uploads\/2026\/09\/parc-de-l-toile-700x518.jpg 700w, https:\/\/loudavymkrokem.cz\/wp-content\/uploads\/2026\/09\/parc-de-l-toile-768x568.jpg 768w, https:\/\/loudavymkrokem.cz\/wp-content\/uploads\/2026\/09\/parc-de-l-toile-1536x1136.jpg 1536w, https:\/\/loudavymkrokem.cz\/wp-content\/uploads\/2026\/09\/parc-de-l-toile-80x60.jpg 80w, https:\/\/loudavymkrokem.cz\/wp-content\/uploads\/2026\/09\/parc-de-l-toile-696x515.jpg 696w, https:\/\/loudavymkrokem.cz\/wp-content\/uploads\/2026\/09\/parc-de-l-toile-1392x1029.jpg 1392w\" sizes=\"(max-width: 1600px) 100vw, 1600px\" \/><button\n\t\t\tclass=\"lightbox-trigger\"\n\t\t\ttype=\"button\"\n\t\t\taria-haspopup=\"dialog\"\n\t\t\tdata-wp-bind--aria-label=\"state.thisImage.triggerButtonAriaLabel\"\n\t\t\tdata-wp-init=\"callbacks.initTriggerButton\"\n\t\t\tdata-wp-on--click=\"actions.showLightbox\"\n\t\t\tdata-wp-style--right=\"state.thisImage.buttonRight\"\n\t\t\tdata-wp-style--top=\"state.thisImage.buttonTop\"\n\t\t>\n\t\t\t<svg xmlns=\"http:\/\/www.w3.org\/2000\/svg\" width=\"12\" height=\"12\" fill=\"none\" viewBox=\"0 0 12 12\">\n\t\t\t\t<path fill=\"#fff\" d=\"M2 0a2 2 0 0 0-2 2v2h1.5V2a.5.5 0 0 1 .5-.5h2V0H2Zm2 10.5H2a.5.5 0 0 1-.5-.5V8H0v2a2 2 0 0 0 2 2h2v-1.5ZM8 12v-1.5h2a.5.5 0 0 0 .5-.5V8H12v2a2 2 0 0 1-2 2H8Zm2-12a2 2 0 0 1 2 2v2h-1.5V2a.5.5 0 0 0-.5-.5H8V0h2Z\" \/>\n\t\t\t<\/svg>\n\t\t<\/button><figcaption class=\"wp-element-caption\">Foto: Zulfikar CEKIC \/ Google Maps<\/figcaption><\/figure>\n\n\n\n<h3 class=\"wp-block-heading\"><span class=\"ez-toc-section\" id=\"15_Parc_de_lEtoile\"><\/span>15. Parc de l&#8217;\u00c9toile<span class=\"ez-toc-section-end\"><\/span><\/h3>\n\n\n\n<p class=\"wp-block-paragraph\">Another very interesting green space that&#8217;s definitely worth a visit is the Parc de l&#8217;\u00c9toile. Compared to the classic, strictly symmetrical French style of the Orangerie, this space is designed in a much more relaxed and modern way. <strong>You&#8217;ll find sprawling grassy hills, wooden footbridges and wide paths lining the canals<\/strong>, which makes it an immensely popular spot for picnics and afternoon relaxation among students from the nearby university.<\/p>\n\n\n\n<p class=\"wp-block-paragraph\">One of the park&#8217;s main artistic highlights is the <strong>bronze statue of Mahatma Gandhi<\/strong>, officially gifted to the city by the Indian government as a lasting symbol of peace and non-violence. The park works as a great green link between the historic city centre and the more modern southern quarters, and thanks to the many benches dotted around it offers a very pleasant place to rest.<\/p>\n\n\n\n<p class=\"wp-block-paragraph\">The whole space is also very popular with local cyclists and runners, because from here you can smoothly join up with the extensive network of well-kept cycle paths that run along the canals far beyond the city limits. <strong>If you&#8217;re planning to rent a bike in the city, I definitely recommend starting your ride right here<\/strong>.<\/p>\n\n\n\n<figure data-wp-context=\"{&quot;imageId&quot;:&quot;6a9c14cbd8093&quot;}\" data-wp-interactive=\"core\/image\" data-wp-key=\"6a9c14cbd8093\" class=\"wp-block-image size-full wp-lightbox-container\"><img decoding=\"async\" width=\"1600\" height=\"1200\" data-wp-class--hide=\"state.isContentHidden\" data-wp-class--show=\"state.isContentVisible\" data-wp-init=\"callbacks.setButtonStyles\" data-wp-on--click=\"actions.showLightbox\" data-wp-on--load=\"callbacks.setButtonStyles\" data-wp-on--pointerdown=\"actions.preloadImage\" data-wp-on--pointerenter=\"actions.preloadImageWithDelay\" data-wp-on--pointerleave=\"actions.cancelPreload\" data-wp-on-window--resize=\"callbacks.setButtonStyles\" src=\"https:\/\/loudavymkrokem.cz\/wp-content\/uploads\/2026\/09\/palais-rohan.jpg\" alt=\"Palais Rohan\" class=\"wp-image-413228\" title=\"\" srcset=\"https:\/\/loudavymkrokem.cz\/wp-content\/uploads\/2026\/09\/palais-rohan.jpg 1600w, https:\/\/loudavymkrokem.cz\/wp-content\/uploads\/2026\/09\/palais-rohan-300x225.jpg 300w, https:\/\/loudavymkrokem.cz\/wp-content\/uploads\/2026\/09\/palais-rohan-700x525.jpg 700w, https:\/\/loudavymkrokem.cz\/wp-content\/uploads\/2026\/09\/palais-rohan-768x576.jpg 768w, https:\/\/loudavymkrokem.cz\/wp-content\/uploads\/2026\/09\/palais-rohan-1536x1152.jpg 1536w, https:\/\/loudavymkrokem.cz\/wp-content\/uploads\/2026\/09\/palais-rohan-80x60.jpg 80w, https:\/\/loudavymkrokem.cz\/wp-content\/uploads\/2026\/09\/palais-rohan-160x120.jpg 160w, https:\/\/loudavymkrokem.cz\/wp-content\/uploads\/2026\/09\/palais-rohan-696x522.jpg 696w, https:\/\/loudavymkrokem.cz\/wp-content\/uploads\/2026\/09\/palais-rohan-1392x1044.jpg 1392w\" sizes=\"(max-width: 1600px) 100vw, 1600px\" \/><button\n\t\t\tclass=\"lightbox-trigger\"\n\t\t\ttype=\"button\"\n\t\t\taria-haspopup=\"dialog\"\n\t\t\tdata-wp-bind--aria-label=\"state.thisImage.triggerButtonAriaLabel\"\n\t\t\tdata-wp-init=\"callbacks.initTriggerButton\"\n\t\t\tdata-wp-on--click=\"actions.showLightbox\"\n\t\t\tdata-wp-style--right=\"state.thisImage.buttonRight\"\n\t\t\tdata-wp-style--top=\"state.thisImage.buttonTop\"\n\t\t>\n\t\t\t<svg xmlns=\"http:\/\/www.w3.org\/2000\/svg\" width=\"12\" height=\"12\" fill=\"none\" viewBox=\"0 0 12 12\">\n\t\t\t\t<path fill=\"#fff\" d=\"M2 0a2 2 0 0 0-2 2v2h1.5V2a.5.5 0 0 1 .5-.5h2V0H2Zm2 10.5H2a.5.5 0 0 1-.5-.5V8H0v2a2 2 0 0 0 2 2h2v-1.5ZM8 12v-1.5h2a.5.5 0 0 0 .5-.5V8H12v2a2 2 0 0 1-2 2H8Zm2-12a2 2 0 0 1 2 2v2h-1.5V2a.5.5 0 0 0-.5-.5H8V0h2Z\" \/>\n\t\t\t<\/svg>\n\t\t<\/button><figcaption class=\"wp-element-caption\">Foto: Kent Wang \/ Google Maps<\/figcaption><\/figure>\n\n\n\n<h3 class=\"wp-block-heading\"><span class=\"ez-toc-section\" id=\"16_Palais_Rohan\"><\/span>16. Palais Rohan<span class=\"ez-toc-section-end\"><\/span><\/h3>\n\n\n\n<p class=\"wp-block-paragraph\">Just a short walk from the main cathedral rises the majestic <a href=\"https:\/\/en.musees.strasbourg.eu\/palais-rohan\" target=\"_blank\" rel=\"nofollow noopener\">Palais Rohan<\/a>, a gorgeous and expansive eighteenth-century Baroque palace that once served as the grand residence of the Strasbourg bishops from the very influential Rohan family. <strong>This stunning building is often compared for its beauty to the palaces of Paris<\/strong>, and its noble facade reflected in the waters of the Ill is one of the absolute most beautiful sights in the city.<\/p>\n\n\n\n<p class=\"wp-block-paragraph\">Today this huge palace is home to three important city museums, so all lovers of art and deep history will certainly find something for them here. <strong>On the ground floor sits the Museum of Decorative Arts with its beautifully preserved original episcopal chambers<\/strong>, in the basement you&#8217;ll find the extensive Archaeological Museum, and on the first floor the Museum of Fine Arts with an impressive collection of classical European painting.<\/p>\n\n\n\n<p class=\"wp-block-paragraph\">Even if you&#8217;re not exactly a big fan of long, demanding museum tours, at least have a look at the central courtyard \u2014 entry is free and the facade is worth it. Here you can calmly admire the perfect symmetry and incredible ornamentation of classic French palace architecture.<\/p>\n\n\n\n<figure data-wp-context=\"{&quot;imageId&quot;:&quot;6a9c14cbd85b0&quot;}\" data-wp-interactive=\"core\/image\" data-wp-key=\"6a9c14cbd85b0\" class=\"wp-block-image size-full wp-lightbox-container\"><img decoding=\"async\" width=\"1600\" height=\"1105\" data-wp-class--hide=\"state.isContentHidden\" data-wp-class--show=\"state.isContentVisible\" data-wp-init=\"callbacks.setButtonStyles\" data-wp-on--click=\"actions.showLightbox\" data-wp-on--load=\"callbacks.setButtonStyles\" data-wp-on--pointerdown=\"actions.preloadImage\" data-wp-on--pointerenter=\"actions.preloadImageWithDelay\" data-wp-on--pointerleave=\"actions.cancelPreload\" data-wp-on-window--resize=\"callbacks.setButtonStyles\" src=\"https:\/\/loudavymkrokem.cz\/wp-content\/uploads\/2026\/09\/strasbourg-museum-of-modern-and-contemporary-art.jpg\" alt=\"Strasbourg Museum of Modern and Contemporary Art (MAMCS)\" class=\"wp-image-413231\" title=\"\" srcset=\"https:\/\/loudavymkrokem.cz\/wp-content\/uploads\/2026\/09\/strasbourg-museum-of-modern-and-contemporary-art.jpg 1600w, https:\/\/loudavymkrokem.cz\/wp-content\/uploads\/2026\/09\/strasbourg-museum-of-modern-and-contemporary-art-300x207.jpg 300w, https:\/\/loudavymkrokem.cz\/wp-content\/uploads\/2026\/09\/strasbourg-museum-of-modern-and-contemporary-art-700x483.jpg 700w, https:\/\/loudavymkrokem.cz\/wp-content\/uploads\/2026\/09\/strasbourg-museum-of-modern-and-contemporary-art-768x530.jpg 768w, https:\/\/loudavymkrokem.cz\/wp-content\/uploads\/2026\/09\/strasbourg-museum-of-modern-and-contemporary-art-1536x1061.jpg 1536w, https:\/\/loudavymkrokem.cz\/wp-content\/uploads\/2026\/09\/strasbourg-museum-of-modern-and-contemporary-art-696x481.jpg 696w, https:\/\/loudavymkrokem.cz\/wp-content\/uploads\/2026\/09\/strasbourg-museum-of-modern-and-contemporary-art-1392x961.jpg 1392w\" sizes=\"(max-width: 1600px) 100vw, 1600px\" \/><button\n\t\t\tclass=\"lightbox-trigger\"\n\t\t\ttype=\"button\"\n\t\t\taria-haspopup=\"dialog\"\n\t\t\tdata-wp-bind--aria-label=\"state.thisImage.triggerButtonAriaLabel\"\n\t\t\tdata-wp-init=\"callbacks.initTriggerButton\"\n\t\t\tdata-wp-on--click=\"actions.showLightbox\"\n\t\t\tdata-wp-style--right=\"state.thisImage.buttonRight\"\n\t\t\tdata-wp-style--top=\"state.thisImage.buttonTop\"\n\t\t>\n\t\t\t<svg xmlns=\"http:\/\/www.w3.org\/2000\/svg\" width=\"12\" height=\"12\" fill=\"none\" viewBox=\"0 0 12 12\">\n\t\t\t\t<path fill=\"#fff\" d=\"M2 0a2 2 0 0 0-2 2v2h1.5V2a.5.5 0 0 1 .5-.5h2V0H2Zm2 10.5H2a.5.5 0 0 1-.5-.5V8H0v2a2 2 0 0 0 2 2h2v-1.5ZM8 12v-1.5h2a.5.5 0 0 0 .5-.5V8H12v2a2 2 0 0 1-2 2H8Zm2-12a2 2 0 0 1 2 2v2h-1.5V2a.5.5 0 0 0-.5-.5H8V0h2Z\" \/>\n\t\t\t<\/svg>\n\t\t<\/button><figcaption class=\"wp-element-caption\">Foto: Mus\u00e9e d&#8217;Art Moderne et Contemporain de Strasbourg \/ Google Maps<\/figcaption><\/figure>\n\n\n\n<h3 class=\"wp-block-heading\"><span class=\"ez-toc-section\" id=\"17_Strasbourg_Museum_of_Modern_and_Contemporary_Art_MAMCS\"><\/span>17. Strasbourg Museum of Modern and Contemporary Art (MAMCS)<span class=\"ez-toc-section-end\"><\/span><\/h3>\n\n\n\n<p class=\"wp-block-paragraph\">For all lovers of somewhat more modern art, a visit to the Museum of Modern and Contemporary Art, which the locals call <a href=\"https:\/\/en.musees.strasbourg.eu\/mamcs\" target=\"_blank\" rel=\"nofollow noopener\">MAMCS<\/a> for short, is an absolute must. The building of this museum is already a big architectural experience in itself. <strong>It&#8217;s a huge glass structure sitting right on the riverbank<\/strong>, forming a fantastic and very photogenic visual contrast with the nearby historic Petite France quarter.<\/p>\n\n\n\n<p class=\"wp-block-paragraph\">Inside, genuinely extensive art collections from the end of the nineteenth century right up to the present day await you, <strong>including a very rich collection of modern photography and graphic art<\/strong>. Here you&#8217;ll find works on display by famous masters such as Kandinsky, Picasso and Monet, but there&#8217;s also generous space devoted to contemporary spatial installations and promising local Alsatian artists.<\/p>\n\n\n\n<p class=\"wp-block-paragraph\">\ud83d\udca1 Tip: After a long tour of the exhibitions, definitely don&#8217;t miss a visit to the museum caf\u00e9 on the open rooftop terrace. <strong>It offers one of the most beautiful and least tourist-known views of the historic centre and the towers of the Ponts Couverts<\/strong>, and all in complete peace far from the main tourist crowds in the streets below you.<\/p>\n\n\n\n<figure data-wp-context=\"{&quot;imageId&quot;:&quot;6a9c14cbd8b84&quot;}\" data-wp-interactive=\"core\/image\" data-wp-key=\"6a9c14cbd8b84\" class=\"wp-block-image size-full wp-lightbox-container\"><img decoding=\"async\" width=\"1600\" height=\"1066\" data-wp-class--hide=\"state.isContentHidden\" data-wp-class--show=\"state.isContentVisible\" data-wp-init=\"callbacks.setButtonStyles\" data-wp-on--click=\"actions.showLightbox\" data-wp-on--load=\"callbacks.setButtonStyles\" data-wp-on--pointerdown=\"actions.preloadImage\" data-wp-on--pointerenter=\"actions.preloadImageWithDelay\" data-wp-on--pointerleave=\"actions.cancelPreload\" data-wp-on-window--resize=\"callbacks.setButtonStyles\" src=\"https:\/\/loudavymkrokem.cz\/wp-content\/uploads\/2026\/09\/mus-e-alsacien.jpg\" alt=\"Mus\u00e9e Alsacien\" class=\"wp-image-413235\" title=\"\" srcset=\"https:\/\/loudavymkrokem.cz\/wp-content\/uploads\/2026\/09\/mus-e-alsacien.jpg 1600w, https:\/\/loudavymkrokem.cz\/wp-content\/uploads\/2026\/09\/mus-e-alsacien-300x200.jpg 300w, https:\/\/loudavymkrokem.cz\/wp-content\/uploads\/2026\/09\/mus-e-alsacien-700x466.jpg 700w, https:\/\/loudavymkrokem.cz\/wp-content\/uploads\/2026\/09\/mus-e-alsacien-768x512.jpg 768w, https:\/\/loudavymkrokem.cz\/wp-content\/uploads\/2026\/09\/mus-e-alsacien-1536x1023.jpg 1536w, https:\/\/loudavymkrokem.cz\/wp-content\/uploads\/2026\/09\/mus-e-alsacien-696x464.jpg 696w, https:\/\/loudavymkrokem.cz\/wp-content\/uploads\/2026\/09\/mus-e-alsacien-1392x927.jpg 1392w\" sizes=\"(max-width: 1600px) 100vw, 1600px\" \/><button\n\t\t\tclass=\"lightbox-trigger\"\n\t\t\ttype=\"button\"\n\t\t\taria-haspopup=\"dialog\"\n\t\t\tdata-wp-bind--aria-label=\"state.thisImage.triggerButtonAriaLabel\"\n\t\t\tdata-wp-init=\"callbacks.initTriggerButton\"\n\t\t\tdata-wp-on--click=\"actions.showLightbox\"\n\t\t\tdata-wp-style--right=\"state.thisImage.buttonRight\"\n\t\t\tdata-wp-style--top=\"state.thisImage.buttonTop\"\n\t\t>\n\t\t\t<svg xmlns=\"http:\/\/www.w3.org\/2000\/svg\" width=\"12\" height=\"12\" fill=\"none\" viewBox=\"0 0 12 12\">\n\t\t\t\t<path fill=\"#fff\" d=\"M2 0a2 2 0 0 0-2 2v2h1.5V2a.5.5 0 0 1 .5-.5h2V0H2Zm2 10.5H2a.5.5 0 0 1-.5-.5V8H0v2a2 2 0 0 0 2 2h2v-1.5ZM8 12v-1.5h2a.5.5 0 0 0 .5-.5V8H12v2a2 2 0 0 1-2 2H8Zm2-12a2 2 0 0 1 2 2v2h-1.5V2a.5.5 0 0 0-.5-.5H8V0h2Z\" \/>\n\t\t\t<\/svg>\n\t\t<\/button><figcaption class=\"wp-element-caption\">Foto: Bertrand Strasbourg \/ Google Maps<\/figcaption><\/figure>\n\n\n\n<h3 class=\"wp-block-heading\"><span class=\"ez-toc-section\" id=\"18_Musee_Alsacien\"><\/span>18. Mus\u00e9e Alsacien<span class=\"ez-toc-section-end\"><\/span><\/h3>\n\n\n\n<p class=\"wp-block-paragraph\">If you want to really get deep into the soul of this region, visit the <a href=\"https:\/\/en.musees.strasbourg.eu\/alsatian-museum\" target=\"_blank\" rel=\"nofollow noopener\">Mus\u00e9e Alsacien<\/a> first. It&#8217;s set in several interconnected historic half-timbered houses and <strong>beautifully maps traditional Alsatian folk life, rural customs and period crafts<\/strong>. Everything is set in a completely authentic and slightly labyrinthine historic environment full of creaking wooden stairs.<\/p>\n\n\n\n<p class=\"wp-block-paragraph\">Thanks to it you&#8217;ll get great context for what you then see out in the streets, and you&#8217;ll better understand how people actually lived here. You&#8217;ll learn which crafts dominated the area, you&#8217;ll see the typical folk costumes, and the surrounding architecture will suddenly make even more sense.<\/p>\n\n\n\n<h2 class=\"wp-block-heading\"><span class=\"ez-toc-section\" id=\"Where_to_go_next_from_Strasbourg\"><\/span>Where to go next from Strasbourg<span class=\"ez-toc-section-end\"><\/span><\/h2>\n\n\n\n<p class=\"wp-block-paragraph\">Strasbourg works as the <strong>absolutely ideal base for exploring all of Alsace<\/strong>. In under an hour&#8217;s drive you&#8217;ll reach fairy-tale villages that look like sets from a period film. If you have a car, <strong>be sure not to miss our route in the article <a href=\"https:\/\/loudavymkrokem.cz\/en\/alsace-wine-route-france\/\">The Alsace Wine Route: 12 most beautiful villages<\/a><\/strong>, where we describe in detail the stops along the way through towns like Riquewihr and Kaysersberg.<\/p>\n\n\n\n<p class=\"wp-block-paragraph\">The capital of Alsatian wine is definitely worth a separate visit \u2014 we&#8217;ve written all about it in our guide to <a href=\"https:\/\/loudavymkrokem.cz\/en\/colmar-france\/\">Colmar, France<\/a>. It&#8217;s a smaller and even more concentrated version of Strasbourg, with a stunning quarter known as Little Venice.<\/p>\n\n\n\n<p class=\"wp-block-paragraph\">When you&#8217;re looking for more inspiration for trips in the area, you might spot the \u00c9comus\u00e9e d&#8217;Alsace or the MM Park military museum on the maps, but don&#8217;t be fooled. The \u00c9comus\u00e9e lies in Ungersheim about sixty kilometres from the city, and you&#8217;ll find MM Park in the village of La Wantzenau, so <strong>both places call for more of a half-day to full-day trip by car<\/strong> and are definitely not within walking distance of the city centre.<\/p>\n\n\n\n<p class=\"wp-block-paragraph\">If you&#8217;re planning wider exploration of the land of cheese and wine, take a look at our <a href=\"https:\/\/loudavymkrokem.cz\/en\/france-roadtrip-14-day-itinerary\/\">France road trip: a 14-day itinerary<\/a>, where you&#8217;ll find plenty of practical tips for the long drives. And if you do decide to head out at the end of the year, don&#8217;t forget to check out our special on the <a href=\"https:\/\/loudavymkrokem.cz\/en\/strasbourg-christmas-market-2026\/\">Strasbourg Christmas markets<\/a>.<\/p>\n\n\n\n<h2 class=\"wp-block-heading\"><span class=\"ez-toc-section\" id=\"Frequently_asked_questions\"><\/span>Frequently asked questions<span class=\"ez-toc-section-end\"><\/span><\/h2>\n\n\n<div id=\"rank-math-faq\" class=\"rank-math-block\">\n<div class=\"rank-math-list \">\n<div id=\"faq-question-1788283122000\" class=\"rank-math-list-item\">\n<h3 class=\"rank-math-question \"><span class=\"ez-toc-section\" id=\"When_are_the_Christmas_markets_held_in_2026\"><\/span>When are the Christmas markets held in 2026?<span class=\"ez-toc-section-end\"><\/span><\/h3>\n<div class=\"rank-math-answer \">\n\n<p>In 2026, the famous Advent markets run from Friday, November 27th to Sunday, December 27th. They are spread across eleven different locations throughout the historic Grande \u00cele district, with the most famous and largest ones found at Place Broglie and the main square, Place Kl\u00e9ber.<\/p>\n\n<\/div>\n<\/div>\n<div id=\"faq-question-1788283122001\" class=\"rank-math-list-item\">\n<h3 class=\"rank-math-question \"><span class=\"ez-toc-section\" id=\"How_does_the_Park_and_Ride_system_work\"><\/span>How does the Park and Ride system work?<span class=\"ez-toc-section-end\"><\/span><\/h3>\n<div class=\"rank-math-answer \">\n\n<p>It&#8217;s by far the smartest way to get into the city stress-free. You pay a one-time, very affordable fee for all-day parking at a Park and Ride lot on the edge of the city. For this price, all passengers from your car automatically receive a return tram ticket straight to the center. This saves you a lot of money on expensive underground parking garages and nerves navigating narrow one-way streets.<\/p>\n\n<\/div>\n<\/div>\n<div id=\"faq-question-1788283122002\" class=\"rank-math-list-item\">\n<h3 class=\"rank-math-question \"><span class=\"ez-toc-section\" id=\"How_many_days_should_I_allow_for_visiting_the_city\"><\/span>How many days should I allow for visiting the city?<span class=\"ez-toc-section-end\"><\/span><\/h3>\n<div class=\"rank-math-answer \">\n\n<p>To truly soak up the relaxed atmosphere and see all the main sights without unnecessary stress, I recommend setting aside two to three full days. If you&#8217;re planning to visit the local museums or the European Parliament facilities, three days will be absolutely ideal.<\/p>\n\n<\/div>\n<\/div>\n<div id=\"faq-question-1788283122003\" class=\"rank-math-list-item\">\n<h3 class=\"rank-math-question \"><span class=\"ez-toc-section\" id=\"Are_tours_of_the_European_Parliament_charged\"><\/span>Are tours of the European Parliament charged?<span class=\"ez-toc-section-end\"><\/span><\/h3>\n<div class=\"rank-math-answer \">\n\n<p>No, public tours and entry to the modern interactive center Parlamentarium Simone Veil are completely free for all visitors. However, you must have a valid form of ID such as an identity card or passport with you, and expect delays at the strict security checks at the entrance.<\/p>\n\n<\/div>\n<\/div>\n<div id=\"faq-question-1788283122004\" class=\"rank-math-list-item\">\n<h3 class=\"rank-math-question \"><span class=\"ez-toc-section\" id=\"Whats_the_best_way_to_get_around_the_city_center\"><\/span>What&#8217;s the best way to get around the city center?<span class=\"ez-toc-section-end\"><\/span><\/h3>\n<div class=\"rank-math-answer \">\n\n<p>The historic heart on the Grande \u00cele island is quite compact and is best explored on foot. For longer trips, such as to the European Parliament or more distant parks, I recommend using the excellent tram system, which has six lines reliably covering the entire city.<\/p>\n\n<\/div>\n<\/div>\n<div id=\"faq-question-1788283122005\" class=\"rank-math-list-item\">\n<h3 class=\"rank-math-question \"><span class=\"ez-toc-section\" id=\"Is_Strasbourg_an_expensive_city\"><\/span>Is Strasbourg an expensive city?<span class=\"ez-toc-section-end\"><\/span><\/h3>\n<div class=\"rank-math-answer \">\n\n<p>It depends entirely on when you go. During the Advent market period, accommodation prices in the center skyrocket to astronomical heights. However, if you visit outside December, for example in January or February, hotel prices drop to a fraction and the city is completely comparable in price to other typical European destinations.<\/p>\n\n<\/div>\n<\/div>\n<div id=\"faq-question-1788283122006\" class=\"rank-math-list-item\">\n<h3 class=\"rank-math-question \"><span class=\"ez-toc-section\" id=\"Is_the_city_suitable_for_vegetarians\"><\/span>Is the city suitable for vegetarians?<span class=\"ez-toc-section-end\"><\/span><\/h3>\n<div class=\"rank-math-answer \">\n\n<p>Absolutely. Although Alsatian cuisine is known for its meaty dishes, vegetarians definitely won&#8217;t go hungry here. In every restaurant you&#8217;ll find excellent cheese spaetzle, bakeries offer traditional bretzel, and everywhere you&#8217;ll find a meatless version of the crispy tarte flamb\u00e9e with cheese and mushrooms.<\/p>\n\n<\/div>\n<\/div>\n<div id=\"faq-question-1788283122007\" class=\"rank-math-list-item\">\n<h3 class=\"rank-math-question \"><span class=\"ez-toc-section\" id=\"Which_spots_are_best_for_photography\"><\/span>Which spots are best for photography?<span class=\"ez-toc-section-end\"><\/span><\/h3>\n<div class=\"rank-math-answer \">\n\n<p>The most iconic postcard photos are guaranteed from the viewing terrace on the historic Barrage Vauban dam, which offers beautiful views of the stone Ponts Couverts bridges and the majestic cathedral tower. Other very photogenic spots are located along the water canals in the historic Petite France quarter.<\/p>\n\n<\/div>\n<\/div>\n<\/div>\n<\/div>","protected":false},"excerpt":{"rendered":"<p>Discover Strasbourg, France without the tourist crowds. I&#8217;ll tell you when to go, where to find the best free views and how to enjoy this charming Alsatian city to the fullest.<\/p>\n","protected":false},"author":3,"featured_media":413378,"comment_status":"open","ping_status":"open","sticky":false,"template":"","format":"standard","meta":{"_acf_changed":false,"footnotes":"","rank_math_title":"Strasbourg, France: 18 Best Things to See and Do","rank_math_description":"Planning a trip to Strasbourg, France? Discover 18 must-see spots, the best free views and when to go \u2014 read our full guide and start planning today!","rank_math_focus_keyword":"strasbourg france","rank_math_seo_score":""},"categories":[326,406,320],"tags":[],"class_list":["post-417142","post","type-post","status-publish","format-standard","has-post-thumbnail","category-europe","category-france","category-travel"],"acf":[],"featured_image_src":"https:\/\/loudavymkrokem.cz\/wp-content\/uploads\/2026\/09\/strasburska-katedrala-7353a339.jpg","author_info":{"display_name":"Lucie Kone\u010dn\u00e1","author_link":"https:\/\/loudavymkrokem.cz\/en\/author\/lucie-konecna\/"},"_links":{"self":[{"href":"https:\/\/loudavymkrokem.cz\/en\/wp-json\/wp\/v2\/posts\/417142","targetHints":{"allow":["GET"]}}],"collection":[{"href":"https:\/\/loudavymkrokem.cz\/en\/wp-json\/wp\/v2\/posts"}],"about":[{"href":"https:\/\/loudavymkrokem.cz\/en\/wp-json\/wp\/v2\/types\/post"}],"author":[{"embeddable":true,"href":"https:\/\/loudavymkrokem.cz\/en\/wp-json\/wp\/v2\/users\/3"}],"replies":[{"embeddable":true,"href":"https:\/\/loudavymkrokem.cz\/en\/wp-json\/wp\/v2\/comments?post=417142"}],"version-history":[{"count":2,"href":"https:\/\/loudavymkrokem.cz\/en\/wp-json\/wp\/v2\/posts\/417142\/revisions"}],"predecessor-version":[{"id":417144,"href":"https:\/\/loudavymkrokem.cz\/en\/wp-json\/wp\/v2\/posts\/417142\/revisions\/417144"}],"wp:featuredmedia":[{"embeddable":true,"href":"https:\/\/loudavymkrokem.cz\/en\/wp-json\/wp\/v2\/media\/413378"}],"wp:attachment":[{"href":"https:\/\/loudavymkrokem.cz\/en\/wp-json\/wp\/v2\/media?parent=417142"}],"wp:term":[{"taxonomy":"category","embeddable":true,"href":"https:\/\/loudavymkrokem.cz\/en\/wp-json\/wp\/v2\/categories?post=417142"},{"taxonomy":"post_tag","embeddable":true,"href":"https:\/\/loudavymkrokem.cz\/en\/wp-json\/wp\/v2\/tags?post=417142"}],"curies":[{"name":"wp","href":"https:\/\/api.w.org\/{rel}","templated":true}]}}