{"id":418053,"date":"2026-09-05T09:44:09","date_gmt":"2026-09-05T07:44:09","guid":{"rendered":"https:\/\/loudavymkrokem.cz\/thermalbaeder-deutschland-beste-tipps\/"},"modified":"2026-09-05T19:49:41","modified_gmt":"2026-09-05T17:49:41","slug":"thermalbaeder-deutschland-beste-tipps","status":"publish","type":"post","link":"https:\/\/loudavymkrokem.cz\/de\/thermalbaeder-deutschland-beste-tipps\/","title":{"rendered":"Thermalb\u00e4der in Deutschland: 51 Tipps f\u00fcr die besten 2026"},"content":{"rendered":"\n<p class=\"wp-block-paragraph\">Drau\u00dfen f\u00fcnf Grad und Nieselregen, und du stehst bis zur H\u00fcfte im warmen Wasser unter einer Glaskuppel, w\u00e4hrend \u00fcber dir echte Palmen rauschen. <strong>Thermalb\u00e4der in Deutschland<\/strong> funktionieren anders als bei uns zu Hause, und das nicht nur wegen der tropischen Kulisse. Zwei Dinge werden dich vor allem \u00fcberraschen: In die Sauna geht man ohne Badekleidung, und der Eintritt wird f\u00fcr genau festgelegte Stunden bezahlt, nach denen man nachzahlt.<\/p>\n\n\n\n<p class=\"wp-block-paragraph\">Zum Gl\u00fcck macht das \u00fcberhaupt nichts, denn sobald du ihr System verstanden hast, erwartet dich <strong>absolut luxuri\u00f6se Entspannung<\/strong>. Meist bekommst du einen Chip ums Handgelenk, mit dem du dein Schlie\u00dffach und die Rechnung im Restaurant bezahlst, und dein Portemonnaie kann die ganze Zeit ruhig geschlossen bleiben. Du musst nur die Zeit im Blick behalten, denn f\u00fcr <strong>jede weitere angebrochene halbe Stunde<\/strong> wird an der Kasse beim Verlassen automatisch nachgezahlt.<\/p>\n\n\n\n<p class=\"wp-block-paragraph\">In diesem Artikel findest du 51 deutsche Thermen, aufgeteilt nach Bundesl\u00e4ndern, von der riesigen Therme Erding bei M\u00fcnchen \u00fcber die <strong>tropischen Badewelten in Sinsheim und Euskirchen<\/strong> bis zu den malerischen Ostseeb\u00e4dern. Ich verrate dir, wie viel das Baden kostet, wie genau die <strong>deutsche Saunaetikette<\/strong> funktioniert und wo du direkt im Bademantel am Thermalbad \u00fcbernachten kannst.<\/p>\n\n\n\n<figure data-wp-context=\"{&quot;imageId&quot;:&quot;6a9c73e0680b4&quot;}\" data-wp-interactive=\"core\/image\" data-wp-key=\"6a9c73e0680b4\" class=\"wp-block-image size-full wp-lightbox-container\"><img decoding=\"async\" width=\"1800\" height=\"1201\" data-wp-class--hide=\"state.isContentHidden\" data-wp-class--show=\"state.isContentVisible\" data-wp-init=\"callbacks.setButtonStyles\" data-wp-on--click=\"actions.showLightbox\" data-wp-on--load=\"callbacks.setButtonStyles\" data-wp-on--pointerdown=\"actions.preloadImage\" data-wp-on--pointerenter=\"actions.preloadImageWithDelay\" data-wp-on--pointerleave=\"actions.cancelPreload\" data-wp-on-window--resize=\"callbacks.setButtonStyles\" src=\"https:\/\/loudavymkrokem.cz\/wp-content\/uploads\/2026\/09\/nemecko-clanky-termaly-nemecko-01-0dcc0000.jpg\" alt=\"Becken mit Mineralwasser unter einer Glaskuppel in der Thermen &#038; Badewelt Sinsheim\" class=\"wp-image-415288\" title=\"\" srcset=\"https:\/\/loudavymkrokem.cz\/wp-content\/uploads\/2026\/09\/nemecko-clanky-termaly-nemecko-01-0dcc0000.jpg 1800w, https:\/\/loudavymkrokem.cz\/wp-content\/uploads\/2026\/09\/nemecko-clanky-termaly-nemecko-01-0dcc0000-300x200.jpg 300w, https:\/\/loudavymkrokem.cz\/wp-content\/uploads\/2026\/09\/nemecko-clanky-termaly-nemecko-01-0dcc0000-700x467.jpg 700w, https:\/\/loudavymkrokem.cz\/wp-content\/uploads\/2026\/09\/nemecko-clanky-termaly-nemecko-01-0dcc0000-768x512.jpg 768w, https:\/\/loudavymkrokem.cz\/wp-content\/uploads\/2026\/09\/nemecko-clanky-termaly-nemecko-01-0dcc0000-1536x1025.jpg 1536w, https:\/\/loudavymkrokem.cz\/wp-content\/uploads\/2026\/09\/nemecko-clanky-termaly-nemecko-01-0dcc0000-696x464.jpg 696w, https:\/\/loudavymkrokem.cz\/wp-content\/uploads\/2026\/09\/nemecko-clanky-termaly-nemecko-01-0dcc0000-1392x929.jpg 1392w\" sizes=\"(max-width: 1800px) 100vw, 1800px\" \/><button\n\t\t\tclass=\"lightbox-trigger\"\n\t\t\ttype=\"button\"\n\t\t\taria-haspopup=\"dialog\"\n\t\t\tdata-wp-bind--aria-label=\"state.thisImage.triggerButtonAriaLabel\"\n\t\t\tdata-wp-init=\"callbacks.initTriggerButton\"\n\t\t\tdata-wp-on--click=\"actions.showLightbox\"\n\t\t\tdata-wp-style--right=\"state.thisImage.buttonRight\"\n\t\t\tdata-wp-style--top=\"state.thisImage.buttonTop\"\n\t\t>\n\t\t\t<svg xmlns=\"http:\/\/www.w3.org\/2000\/svg\" width=\"12\" height=\"12\" fill=\"none\" viewBox=\"0 0 12 12\">\n\t\t\t\t<path fill=\"#fff\" d=\"M2 0a2 2 0 0 0-2 2v2h1.5V2a.5.5 0 0 1 .5-.5h2V0H2Zm2 10.5H2a.5.5 0 0 1-.5-.5V8H0v2a2 2 0 0 0 2 2h2v-1.5ZM8 12v-1.5h2a.5.5 0 0 0 .5-.5V8H12v2a2 2 0 0 1-2 2H8Zm2-12a2 2 0 0 1 2 2v2h-1.5V2a.5.5 0 0 0-.5-.5H8V0h2Z\" \/>\n\t\t\t<\/svg>\n\t\t<\/button><\/figure>\n\n\n\n<div id=\"ez-toc-container\" class=\"ez-toc-v2_0_87 ez-toc-wrap-left counter-hierarchy ez-toc-counter ez-toc-grey ez-toc-container-direction\">\n<div class=\"ez-toc-title-container\">\n<p class=\"ez-toc-title\" style=\"cursor:inherit\">Artikelinhalt<\/p>\n<span class=\"ez-toc-title-toggle\"><a href=\"#\" class=\"ez-toc-pull-right ez-toc-btn ez-toc-btn-xs ez-toc-btn-default ez-toc-toggle\" aria-label=\"Toggle Table of Content\"><span class=\"ez-toc-js-icon-con\"><span class=\"\"><span class=\"eztoc-hide\" style=\"display:none;\">Toggle<\/span><span class=\"ez-toc-icon-toggle-span\"><svg style=\"fill: #999;color:#999\" xmlns=\"http:\/\/www.w3.org\/2000\/svg\" class=\"list-377408\" width=\"20px\" height=\"20px\" viewBox=\"0 0 24 24\" fill=\"none\"><path d=\"M6 6H4v2h2V6zm14 0H8v2h12V6zM4 11h2v2H4v-2zm16 0H8v2h12v-2zM4 16h2v2H4v-2zm16 0H8v2h12v-2z\" fill=\"currentColor\"><\/path><\/svg><svg style=\"fill: #999;color:#999\" class=\"arrow-unsorted-368013\" xmlns=\"http:\/\/www.w3.org\/2000\/svg\" width=\"10px\" height=\"10px\" viewBox=\"0 0 24 24\" version=\"1.2\" baseProfile=\"tiny\"><path d=\"M18.2 9.3l-6.2-6.3-6.2 6.3c-.2.2-.3.4-.3.7s.1.5.3.7c.2.2.4.3.7.3h11c.3 0 .5-.1.7-.3.2-.2.3-.5.3-.7s-.1-.5-.3-.7zM5.8 14.7l6.2 6.3 6.2-6.3c.2-.2.3-.5.3-.7s-.1-.5-.3-.7c-.2-.2-.4-.3-.7-.3h-11c-.3 0-.5.1-.7.3-.2.2-.3.5-.3.7s.1.5.3.7z\"\/><\/svg><\/span><\/span><\/span><\/a><\/span><\/div>\n<nav><ul class='ez-toc-list ez-toc-list-level-1 ' ><ul class='ez-toc-list-level-3' ><li class='ez-toc-heading-level-3'><a class=\"ez-toc-link ez-toc-heading-1\" href=\"https:\/\/loudavymkrokem.cz\/de\/thermalbaeder-deutschland-beste-tipps\/#Zusammenfassung_fuer_alle_die_keine_Zeit_haben_den_ganzen_Artikel_zu_lesen\" >Zusammenfassung f\u00fcr alle, die keine Zeit haben, den ganzen Artikel zu lesen<\/a><\/li><\/ul><\/li><li class='ez-toc-page-1 ez-toc-heading-level-2'><a class=\"ez-toc-link ez-toc-heading-2\" href=\"https:\/\/loudavymkrokem.cz\/de\/thermalbaeder-deutschland-beste-tipps\/#Wie_deutsche_Thermen_funktionieren_und_worin_sie_sich_unterscheiden\" >Wie deutsche Thermen funktionieren (und worin sie sich unterscheiden)<\/a><\/li><li class='ez-toc-page-1 ez-toc-heading-level-2'><a class=\"ez-toc-link ez-toc-heading-3\" href=\"https:\/\/loudavymkrokem.cz\/de\/thermalbaeder-deutschland-beste-tipps\/#Was_es_kostet_und_wann_du_hinfahren_solltest\" >Was es kostet und wann du hinfahren solltest<\/a><\/li><li class='ez-toc-page-1 ez-toc-heading-level-2'><a class=\"ez-toc-link ez-toc-heading-4\" href=\"https:\/\/loudavymkrokem.cz\/de\/thermalbaeder-deutschland-beste-tipps\/#Wo_uebernachten_Hotel_mit_Bademantelgang\" >Wo \u00fcbernachten: Hotel mit Bademantelgang<\/a><\/li><li class='ez-toc-page-1 ez-toc-heading-level-2'><a class=\"ez-toc-link ez-toc-heading-5\" href=\"https:\/\/loudavymkrokem.cz\/de\/thermalbaeder-deutschland-beste-tipps\/#Thermalbaeder_in_Bayern\" >Thermalb\u00e4der in Bayern<\/a><ul class='ez-toc-list-level-3' ><li class='ez-toc-heading-level-3'><a class=\"ez-toc-link ez-toc-heading-6\" href=\"https:\/\/loudavymkrokem.cz\/de\/thermalbaeder-deutschland-beste-tipps\/#1_Therme_Erding_Erding\" >1. Therme Erding (Erding)<\/a><\/li><li class='ez-toc-page-1 ez-toc-heading-level-3'><a class=\"ez-toc-link ez-toc-heading-7\" href=\"https:\/\/loudavymkrokem.cz\/de\/thermalbaeder-deutschland-beste-tipps\/#2_Therme_Bad_Woerishofen_Bad_Woerishofen\" >2. Therme Bad W\u00f6rishofen (Bad W\u00f6rishofen)<\/a><\/li><li class='ez-toc-page-1 ez-toc-heading-level-3'><a class=\"ez-toc-link ez-toc-heading-8\" href=\"https:\/\/loudavymkrokem.cz\/de\/thermalbaeder-deutschland-beste-tipps\/#3_Therme_Bad_Aibling_Bad_Aibling\" >3. Therme Bad Aibling (Bad Aibling)<\/a><\/li><li class='ez-toc-page-1 ez-toc-heading-level-3'><a class=\"ez-toc-link ez-toc-heading-9\" href=\"https:\/\/loudavymkrokem.cz\/de\/thermalbaeder-deutschland-beste-tipps\/#4_KissSalis_Therme_Bad_Kissingen\" >4. KissSalis Therme (Bad Kissingen)<\/a><\/li><li class='ez-toc-page-1 ez-toc-heading-level-3'><a class=\"ez-toc-link ez-toc-heading-10\" href=\"https:\/\/loudavymkrokem.cz\/de\/thermalbaeder-deutschland-beste-tipps\/#5_Hotel_Victory_Therme_Erding_Erding\" >5. Hotel Victory Therme Erding (Erding)<\/a><\/li><li class='ez-toc-page-1 ez-toc-heading-level-3'><a class=\"ez-toc-link ez-toc-heading-11\" href=\"https:\/\/loudavymkrokem.cz\/de\/thermalbaeder-deutschland-beste-tipps\/#6_Franken-Therme_Bad_Windsheim\" >6. Franken-Therme (Bad Windsheim)<\/a><\/li><li class='ez-toc-page-1 ez-toc-heading-level-3'><a class=\"ez-toc-link ez-toc-heading-12\" href=\"https:\/\/loudavymkrokem.cz\/de\/thermalbaeder-deutschland-beste-tipps\/#7_Koenigliche_Kristall-Therme_Schwangau\" >7. K\u00f6nigliche Kristall-Therme (Schwangau)<\/a><\/li><li class='ez-toc-page-1 ez-toc-heading-level-3'><a class=\"ez-toc-link ez-toc-heading-13\" href=\"https:\/\/loudavymkrokem.cz\/de\/thermalbaeder-deutschland-beste-tipps\/#8_Limes-Therme_Bad_Goegging\" >8. Limes-Therme (Bad G\u00f6gging)<\/a><\/li><li class='ez-toc-page-1 ez-toc-heading-level-3'><a class=\"ez-toc-link ez-toc-heading-14\" href=\"https:\/\/loudavymkrokem.cz\/de\/thermalbaeder-deutschland-beste-tipps\/#9_Therme_Bad_Griesbach_Bad_Griesbach\" >9. Therme Bad Griesbach (Bad Griesbach)<\/a><\/li><li class='ez-toc-page-1 ez-toc-heading-level-3'><a class=\"ez-toc-link ez-toc-heading-15\" href=\"https:\/\/loudavymkrokem.cz\/de\/thermalbaeder-deutschland-beste-tipps\/#10_Titania_Neusaess_Neusaess\" >10. Titania Neus\u00e4\u00df (Neus\u00e4\u00df)<\/a><\/li><li class='ez-toc-page-1 ez-toc-heading-level-3'><a class=\"ez-toc-link ez-toc-heading-16\" href=\"https:\/\/loudavymkrokem.cz\/de\/thermalbaeder-deutschland-beste-tipps\/#11_Fackelmann_Therme_Hersbruck_Hersbruck\" >11. Fackelmann Therme Hersbruck (Hersbruck)<\/a><\/li><li class='ez-toc-page-1 ez-toc-heading-level-3'><a class=\"ez-toc-link ez-toc-heading-17\" href=\"https:\/\/loudavymkrokem.cz\/de\/thermalbaeder-deutschland-beste-tipps\/#12_ThermeNatur_Bad_Rodach\" >12. ThermeNatur (Bad Rodach)<\/a><\/li><li class='ez-toc-page-1 ez-toc-heading-level-3'><a class=\"ez-toc-link ez-toc-heading-18\" href=\"https:\/\/loudavymkrokem.cz\/de\/thermalbaeder-deutschland-beste-tipps\/#13_Johannesbad_Therme_Bad_Fuessing_Bad_Fuessing\" >13. Johannesbad Therme Bad F\u00fcssing (Bad F\u00fcssing)<\/a><\/li><li class='ez-toc-page-1 ez-toc-heading-level-3'><a class=\"ez-toc-link ez-toc-heading-19\" href=\"https:\/\/loudavymkrokem.cz\/de\/thermalbaeder-deutschland-beste-tipps\/#14_Europa_Therme_Bad_Fuessing\" >14. Europa Therme (Bad F\u00fcssing)<\/a><\/li><li class='ez-toc-page-1 ez-toc-heading-level-3'><a class=\"ez-toc-link ez-toc-heading-20\" href=\"https:\/\/loudavymkrokem.cz\/de\/thermalbaeder-deutschland-beste-tipps\/#15_Sibyllenbad_Neualbenreuth\" >15. Sibyllenbad (Neualbenreuth)<\/a><\/li><\/ul><\/li><li class='ez-toc-page-1 ez-toc-heading-level-2'><a class=\"ez-toc-link ez-toc-heading-21\" href=\"https:\/\/loudavymkrokem.cz\/de\/thermalbaeder-deutschland-beste-tipps\/#Thermalbaeder_in_Baden-Wuerttemberg\" >Thermalb\u00e4der in Baden-W\u00fcrttemberg<\/a><ul class='ez-toc-list-level-3' ><li class='ez-toc-heading-level-3'><a class=\"ez-toc-link ez-toc-heading-22\" href=\"https:\/\/loudavymkrokem.cz\/de\/thermalbaeder-deutschland-beste-tipps\/#16_Thermen_Badewelt_Sinsheim_Sinsheim\" >16. Thermen &#038; Badewelt Sinsheim (Sinsheim)<\/a><\/li><li class='ez-toc-page-1 ez-toc-heading-level-3'><a class=\"ez-toc-link ez-toc-heading-23\" href=\"https:\/\/loudavymkrokem.cz\/de\/thermalbaeder-deutschland-beste-tipps\/#17_Mineraltherme_Boeblingen_Boeblingen\" >17. Mineraltherme B\u00f6blingen (B\u00f6blingen)<\/a><\/li><li class='ez-toc-page-1 ez-toc-heading-level-3'><a class=\"ez-toc-link ez-toc-heading-24\" href=\"https:\/\/loudavymkrokem.cz\/de\/thermalbaeder-deutschland-beste-tipps\/#18_Panorama_Therme_Beuren_Beuren\" >18. Panorama Therme Beuren (Beuren)<\/a><\/li><li class='ez-toc-page-1 ez-toc-heading-level-3'><a class=\"ez-toc-link ez-toc-heading-25\" href=\"https:\/\/loudavymkrokem.cz\/de\/thermalbaeder-deutschland-beste-tipps\/#19_Bodensee-Therme_Konstanz_Konstanz\" >19. Bodensee-Therme Konstanz (Konstanz)<\/a><\/li><li class='ez-toc-page-1 ez-toc-heading-level-3'><a class=\"ez-toc-link ez-toc-heading-26\" href=\"https:\/\/loudavymkrokem.cz\/de\/thermalbaeder-deutschland-beste-tipps\/#20_Adelindis_Therme_Bad_Buchau\" >20. Adelindis Therme (Bad Buchau)<\/a><\/li><li class='ez-toc-page-1 ez-toc-heading-level-3'><a class=\"ez-toc-link ez-toc-heading-27\" href=\"https:\/\/loudavymkrokem.cz\/de\/thermalbaeder-deutschland-beste-tipps\/#21_Sonnenhof-Therme_Bad_Saulgau\" >21. Sonnenhof-Therme (Bad Saulgau)<\/a><\/li><li class='ez-toc-page-1 ez-toc-heading-level-3'><a class=\"ez-toc-link ez-toc-heading-28\" href=\"https:\/\/loudavymkrokem.cz\/de\/thermalbaeder-deutschland-beste-tipps\/#22_Caracalla_Therme_Baden-Baden\" >22. Caracalla Therme (Baden-Baden)<\/a><\/li><li class='ez-toc-page-1 ez-toc-heading-level-3'><a class=\"ez-toc-link ez-toc-heading-29\" href=\"https:\/\/loudavymkrokem.cz\/de\/thermalbaeder-deutschland-beste-tipps\/#23_Solemar_Bad_Duerrheim_Bad_Duerrheim\" >23. Solemar Bad D\u00fcrrheim (Bad D\u00fcrrheim)<\/a><\/li><li class='ez-toc-page-1 ez-toc-heading-level-3'><a class=\"ez-toc-link ez-toc-heading-30\" href=\"https:\/\/loudavymkrokem.cz\/de\/thermalbaeder-deutschland-beste-tipps\/#24_AlbThermen_Bad_Urach\" >24. AlbThermen (Bad Urach)<\/a><\/li><li class='ez-toc-page-1 ez-toc-heading-level-3'><a class=\"ez-toc-link ez-toc-heading-31\" href=\"https:\/\/loudavymkrokem.cz\/de\/thermalbaeder-deutschland-beste-tipps\/#25_Friedrichsbad_Baden-Baden\" >25. Friedrichsbad (Baden-Baden)<\/a><\/li><li class='ez-toc-page-1 ez-toc-heading-level-3'><a class=\"ez-toc-link ez-toc-heading-32\" href=\"https:\/\/loudavymkrokem.cz\/de\/thermalbaeder-deutschland-beste-tipps\/#26_Vita_Classica_Bad_Krozingen\" >26. Vita Classica (Bad Krozingen)<\/a><\/li><\/ul><\/li><li class='ez-toc-page-1 ez-toc-heading-level-2'><a class=\"ez-toc-link ez-toc-heading-33\" href=\"https:\/\/loudavymkrokem.cz\/de\/thermalbaeder-deutschland-beste-tipps\/#Thermalbaeder_in_Nordrhein-Westfalen\" >Thermalb\u00e4der in Nordrhein-Westfalen<\/a><ul class='ez-toc-list-level-3' ><li class='ez-toc-heading-level-3'><a class=\"ez-toc-link ez-toc-heading-34\" href=\"https:\/\/loudavymkrokem.cz\/de\/thermalbaeder-deutschland-beste-tipps\/#27_Thermen_Badewelt_Euskirchen_Euskirchen\" >27. Thermen &#038; Badewelt Euskirchen (Euskirchen)<\/a><\/li><li class='ez-toc-page-1 ez-toc-heading-level-3'><a class=\"ez-toc-link ez-toc-heading-35\" href=\"https:\/\/loudavymkrokem.cz\/de\/thermalbaeder-deutschland-beste-tipps\/#28_Bali_Therme_Bad_Oeynhausen\" >28. Bali Therme (Bad Oeynhausen)<\/a><\/li><li class='ez-toc-page-1 ez-toc-heading-level-3'><a class=\"ez-toc-link ez-toc-heading-36\" href=\"https:\/\/loudavymkrokem.cz\/de\/thermalbaeder-deutschland-beste-tipps\/#29_Carolus_Thermen_Aachen\" >29. Carolus Thermen (Aachen)<\/a><\/li><li class='ez-toc-page-1 ez-toc-heading-level-3'><a class=\"ez-toc-link ez-toc-heading-37\" href=\"https:\/\/loudavymkrokem.cz\/de\/thermalbaeder-deutschland-beste-tipps\/#30_Mediterana_Bergisch_Gladbach\" >30. Mediterana (Bergisch Gladbach)<\/a><\/li><li class='ez-toc-page-1 ez-toc-heading-level-3'><a class=\"ez-toc-link ez-toc-heading-38\" href=\"https:\/\/loudavymkrokem.cz\/de\/thermalbaeder-deutschland-beste-tipps\/#31_Vitasol_Therme_Bad_Salzuflen\" >31. Vitasol Therme (Bad Salzuflen)<\/a><\/li><li class='ez-toc-page-1 ez-toc-heading-level-3'><a class=\"ez-toc-link ez-toc-heading-39\" href=\"https:\/\/loudavymkrokem.cz\/de\/thermalbaeder-deutschland-beste-tipps\/#32_Mauritius_Hotel_Therme_Koeln_Koeln\" >32. Mauritius Hotel &#038; Therme K\u00f6ln (K\u00f6ln)<\/a><\/li><li class='ez-toc-page-1 ez-toc-heading-level-3'><a class=\"ez-toc-link ez-toc-heading-40\" href=\"https:\/\/loudavymkrokem.cz\/de\/thermalbaeder-deutschland-beste-tipps\/#33_Claudius_Therme_Koeln\" >33. Claudius Therme (K\u00f6ln)<\/a><\/li><\/ul><\/li><li class='ez-toc-page-1 ez-toc-heading-level-2'><a class=\"ez-toc-link ez-toc-heading-41\" href=\"https:\/\/loudavymkrokem.cz\/de\/thermalbaeder-deutschland-beste-tipps\/#Thermalbaeder_in_Hessen\" >Thermalb\u00e4der in Hessen<\/a><ul class='ez-toc-list-level-3' ><li class='ez-toc-heading-level-3'><a class=\"ez-toc-link ez-toc-heading-42\" href=\"https:\/\/loudavymkrokem.cz\/de\/thermalbaeder-deutschland-beste-tipps\/#34_Taunus-Therme_Bad_Homburg\" >34. Taunus-Therme (Bad Homburg)<\/a><\/li><li class='ez-toc-page-1 ez-toc-heading-level-3'><a class=\"ez-toc-link ez-toc-heading-43\" href=\"https:\/\/loudavymkrokem.cz\/de\/thermalbaeder-deutschland-beste-tipps\/#35_KurhessenTherme_Kassel\" >35. KurhessenTherme (Kassel)<\/a><\/li><li class='ez-toc-page-1 ez-toc-heading-level-3'><a class=\"ez-toc-link ez-toc-heading-44\" href=\"https:\/\/loudavymkrokem.cz\/de\/thermalbaeder-deutschland-beste-tipps\/#36_Odenwald-Therme_Bad_Koenig\" >36. Odenwald-Therme (Bad K\u00f6nig)<\/a><\/li><li class='ez-toc-page-1 ez-toc-heading-level-3'><a class=\"ez-toc-link ez-toc-heading-45\" href=\"https:\/\/loudavymkrokem.cz\/de\/thermalbaeder-deutschland-beste-tipps\/#37_Thermalbad_Aukammtal_Wiesbaden\" >37. Thermalbad Aukammtal (Wiesbaden)<\/a><\/li><li class='ez-toc-page-1 ez-toc-heading-level-3'><a class=\"ez-toc-link ez-toc-heading-46\" href=\"https:\/\/loudavymkrokem.cz\/de\/thermalbaeder-deutschland-beste-tipps\/#38_Kaiser-Friedrich-Therme_Wiesbaden\" >38. Kaiser-Friedrich-Therme (Wiesbaden)<\/a><\/li><\/ul><\/li><li class='ez-toc-page-1 ez-toc-heading-level-2'><a class=\"ez-toc-link ez-toc-heading-47\" href=\"https:\/\/loudavymkrokem.cz\/de\/thermalbaeder-deutschland-beste-tipps\/#Thermalbaeder_in_Brandenburg_und_Berlin\" >Thermalb\u00e4der in Brandenburg und Berlin<\/a><ul class='ez-toc-list-level-3' ><li class='ez-toc-heading-level-3'><a class=\"ez-toc-link ez-toc-heading-48\" href=\"https:\/\/loudavymkrokem.cz\/de\/thermalbaeder-deutschland-beste-tipps\/#39_Havel_Therme_Werder_an_der_Havel\" >39. Havel Therme (Werder an der Havel)<\/a><\/li><li class='ez-toc-page-1 ez-toc-heading-level-3'><a class=\"ez-toc-link ez-toc-heading-49\" href=\"https:\/\/loudavymkrokem.cz\/de\/thermalbaeder-deutschland-beste-tipps\/#40_Spreewald_Therme_Burg\" >40. Spreewald Therme (Burg)<\/a><\/li><li class='ez-toc-page-1 ez-toc-heading-level-3'><a class=\"ez-toc-link ez-toc-heading-50\" href=\"https:\/\/loudavymkrokem.cz\/de\/thermalbaeder-deutschland-beste-tipps\/#41_NaturThermeTemplin_Templin\" >41. NaturThermeTemplin (Templin)<\/a><\/li><li class='ez-toc-page-1 ez-toc-heading-level-3'><a class=\"ez-toc-link ez-toc-heading-51\" href=\"https:\/\/loudavymkrokem.cz\/de\/thermalbaeder-deutschland-beste-tipps\/#42_Spreewelten_Bad_Luebbenau_Luebbenau\" >42. Spreewelten Bad L\u00fcbbenau (L\u00fcbbenau)<\/a><\/li><li class='ez-toc-page-1 ez-toc-heading-level-3'><a class=\"ez-toc-link ez-toc-heading-52\" href=\"https:\/\/loudavymkrokem.cz\/de\/thermalbaeder-deutschland-beste-tipps\/#43_Kristalltherme_Bad_Wilsnack_Bad_Wilsnack\" >43. Kristalltherme Bad Wilsnack (Bad Wilsnack)<\/a><\/li><li class='ez-toc-page-1 ez-toc-heading-level-3'><a class=\"ez-toc-link ez-toc-heading-53\" href=\"https:\/\/loudavymkrokem.cz\/de\/thermalbaeder-deutschland-beste-tipps\/#44_vabali_spa_Berlin_Berlin\" >44. vabali spa Berlin (Berlin)<\/a><\/li><\/ul><\/li><li class='ez-toc-page-1 ez-toc-heading-level-2'><a class=\"ez-toc-link ez-toc-heading-54\" href=\"https:\/\/loudavymkrokem.cz\/de\/thermalbaeder-deutschland-beste-tipps\/#Thermalbaeder_im_Norden_Ostsee_und_Nordsee\" >Thermalb\u00e4der im Norden: Ostsee und Nordsee<\/a><ul class='ez-toc-list-level-3' ><li class='ez-toc-heading-level-3'><a class=\"ez-toc-link ez-toc-heading-55\" href=\"https:\/\/loudavymkrokem.cz\/de\/thermalbaeder-deutschland-beste-tipps\/#45_Ostsee-Therme_Scharbeutz\" >45. Ostsee-Therme (Scharbeutz)<\/a><\/li><li class='ez-toc-page-1 ez-toc-heading-level-3'><a class=\"ez-toc-link ez-toc-heading-56\" href=\"https:\/\/loudavymkrokem.cz\/de\/thermalbaeder-deutschland-beste-tipps\/#46_Duenen-Therme_St_Peter-Ording\" >46. D\u00fcnen-Therme (St. Peter-Ording)<\/a><\/li><li class='ez-toc-page-1 ez-toc-heading-level-3'><a class=\"ez-toc-link ez-toc-heading-57\" href=\"https:\/\/loudavymkrokem.cz\/de\/thermalbaeder-deutschland-beste-tipps\/#47_Ostsee_Therme_Usedom_Ahlbeck\" >47. Ostsee Therme Usedom (Ahlbeck)<\/a><\/li><\/ul><\/li><li class='ez-toc-page-1 ez-toc-heading-level-2'><a class=\"ez-toc-link ez-toc-heading-58\" href=\"https:\/\/loudavymkrokem.cz\/de\/thermalbaeder-deutschland-beste-tipps\/#Thermalbaeder_in_Sachsen_und_Thueringen\" >Thermalb\u00e4der in Sachsen und Th\u00fcringen<\/a><ul class='ez-toc-list-level-3' ><li class='ez-toc-heading-level-3'><a class=\"ez-toc-link ez-toc-heading-59\" href=\"https:\/\/loudavymkrokem.cz\/de\/thermalbaeder-deutschland-beste-tipps\/#48_Toskana_Therme_Bad_Schandau_Bad_Schandau\" >48. Toskana Therme Bad Schandau (Bad Schandau)<\/a><\/li><li class='ez-toc-page-1 ez-toc-heading-level-3'><a class=\"ez-toc-link ez-toc-heading-60\" href=\"https:\/\/loudavymkrokem.cz\/de\/thermalbaeder-deutschland-beste-tipps\/#49_Toskana_Therme_Bad_Sulza_Bad_Sulza\" >49. Toskana Therme Bad Sulza (Bad Sulza)<\/a><\/li><\/ul><\/li><li class='ez-toc-page-1 ez-toc-heading-level-2'><a class=\"ez-toc-link ez-toc-heading-61\" href=\"https:\/\/loudavymkrokem.cz\/de\/thermalbaeder-deutschland-beste-tipps\/#Thermalbaeder_in_Rheinland-Pfalz\" >Thermalb\u00e4der in Rheinland-Pfalz<\/a><ul class='ez-toc-list-level-3' ><li class='ez-toc-heading-level-3'><a class=\"ez-toc-link ez-toc-heading-62\" href=\"https:\/\/loudavymkrokem.cz\/de\/thermalbaeder-deutschland-beste-tipps\/#50_Crucenia_Thermen_Bad_Kreuznach\" >50. Crucenia Thermen (Bad Kreuznach)<\/a><\/li><li class='ez-toc-page-1 ez-toc-heading-level-3'><a class=\"ez-toc-link ez-toc-heading-63\" href=\"https:\/\/loudavymkrokem.cz\/de\/thermalbaeder-deutschland-beste-tipps\/#51_Emser_Therme_Bad_Ems\" >51. Emser Therme (Bad Ems)<\/a><\/li><\/ul><\/li><li class='ez-toc-page-1 ez-toc-heading-level-2'><a class=\"ez-toc-link ez-toc-heading-64\" href=\"https:\/\/loudavymkrokem.cz\/de\/thermalbaeder-deutschland-beste-tipps\/#Praktischer_Ratgeber_was_mitnehmen_mit_Kindern_und_Bargeld\" >Praktischer Ratgeber: was mitnehmen, mit Kindern und Bargeld<\/a><\/li><li class='ez-toc-page-1 ez-toc-heading-level-2'><a class=\"ez-toc-link ez-toc-heading-65\" href=\"https:\/\/loudavymkrokem.cz\/de\/thermalbaeder-deutschland-beste-tipps\/#Wohin_weiter_weitere_Artikel_ueber_Thermen_und_Wellness\" >Wohin weiter: weitere Artikel \u00fcber Thermen und Wellness<\/a><\/li><li class='ez-toc-page-1 ez-toc-heading-level-2'><a class=\"ez-toc-link ez-toc-heading-66\" href=\"https:\/\/loudavymkrokem.cz\/de\/thermalbaeder-deutschland-beste-tipps\/#Haeufig_gestellte_Fragen\" >H\u00e4ufig gestellte Fragen<\/a><ul class='ez-toc-list-level-3' ><li class='ez-toc-heading-level-3'><a class=\"ez-toc-link ez-toc-heading-67\" href=\"https:\/\/loudavymkrokem.cz\/de\/thermalbaeder-deutschland-beste-tipps\/#Was_ist_die_groesste_Therme_in_Deutschland\" >Was ist die gr\u00f6\u00dfte Therme in Deutschland?<\/a><\/li><li class='ez-toc-page-1 ez-toc-heading-level-3'><a class=\"ez-toc-link ez-toc-heading-68\" href=\"https:\/\/loudavymkrokem.cz\/de\/thermalbaeder-deutschland-beste-tipps\/#Was_kostet_der_Eintritt_in_eine_deutsche_Therme\" >Was kostet der Eintritt in eine deutsche Therme?<\/a><\/li><li class='ez-toc-page-1 ez-toc-heading-level-3'><a class=\"ez-toc-link ez-toc-heading-69\" href=\"https:\/\/loudavymkrokem.cz\/de\/thermalbaeder-deutschland-beste-tipps\/#Muss_man_in_der_deutschen_Sauna_nackt_sein\" >Muss man in der deutschen Sauna nackt sein?<\/a><\/li><li class='ez-toc-page-1 ez-toc-heading-level-3'><a class=\"ez-toc-link ez-toc-heading-70\" href=\"https:\/\/loudavymkrokem.cz\/de\/thermalbaeder-deutschland-beste-tipps\/#Welche_deutschen_Thermen_liegen_am_naechsten_zur_tschechischen_Grenze\" >Welche deutschen Thermen liegen am n\u00e4chsten zur tschechischen Grenze?<\/a><\/li><li class='ez-toc-page-1 ez-toc-heading-level-3'><a class=\"ez-toc-link ez-toc-heading-71\" href=\"https:\/\/loudavymkrokem.cz\/de\/thermalbaeder-deutschland-beste-tipps\/#Duerfen_Kinder_in_deutsche_Thermen\" >D\u00fcrfen Kinder in deutsche Thermen?<\/a><\/li><li class='ez-toc-page-1 ez-toc-heading-level-3'><a class=\"ez-toc-link ez-toc-heading-72\" href=\"https:\/\/loudavymkrokem.cz\/de\/thermalbaeder-deutschland-beste-tipps\/#Was_bedeutet_Bademantelgang\" >Was bedeutet Bademantelgang?<\/a><\/li><li class='ez-toc-page-1 ez-toc-heading-level-3'><a class=\"ez-toc-link ez-toc-heading-73\" href=\"https:\/\/loudavymkrokem.cz\/de\/thermalbaeder-deutschland-beste-tipps\/#Muss_ich_ein_eigenes_Handtuch_und_einen_Bademantel_mitbringen\" >Muss ich ein eigenes Handtuch und einen Bademantel mitbringen?<\/a><\/li><li class='ez-toc-page-1 ez-toc-heading-level-3'><a class=\"ez-toc-link ez-toc-heading-74\" href=\"https:\/\/loudavymkrokem.cz\/de\/thermalbaeder-deutschland-beste-tipps\/#Wann_sind_die_deutschen_Thermen_am_wenigsten_besucht\" >Wann sind die deutschen Thermen am wenigsten besucht?<\/a><\/li><li class='ez-toc-page-1 ez-toc-heading-level-3'><a class=\"ez-toc-link ez-toc-heading-75\" href=\"https:\/\/loudavymkrokem.cz\/de\/thermalbaeder-deutschland-beste-tipps\/#Wird_in_Deutschland_eine_Kurtaxe_erhoben\" >Wird in Deutschland eine Kurtaxe erhoben?<\/a><\/li><li class='ez-toc-page-1 ez-toc-heading-level-3'><a class=\"ez-toc-link ez-toc-heading-76\" href=\"https:\/\/loudavymkrokem.cz\/de\/thermalbaeder-deutschland-beste-tipps\/#Welche_deutsche_Therme_eignet_sich_am_besten_fuer_Familien_mit_Kindern\" >Welche deutsche Therme eignet sich am besten f\u00fcr Familien mit Kindern?<\/a><\/li><\/ul><\/li><\/ul><\/nav><\/div>\n<h3 class=\"wp-block-heading\"><span class=\"ez-toc-section\" id=\"Zusammenfassung_fuer_alle_die_keine_Zeit_haben_den_ganzen_Artikel_zu_lesen\"><\/span>Zusammenfassung f\u00fcr alle, die keine Zeit haben, den ganzen Artikel zu lesen<span class=\"ez-toc-section-end\"><\/span><\/h3>\n\n\n\n<ul class=\"wp-block-list\">\n\n<li><strong>Das gr\u00f6\u00dfte und bekannteste<\/strong> ist die Therme Erding in Bayern, die sich laut eigener Website die gr\u00f6\u00dfte Therme der Welt nennt: 40 Becken und 38 Saunen und Dampfb\u00e4der.<\/li>\n\n\n\n<li><strong>Ein tropisches Paradies<\/strong> mit Hunderten Palmen erlebst du in der Thermen &#038; Badewelt Sinsheim und der Thermen &#038; Badewelt Euskirchen.<\/li>\n\n\n\n<li><strong>Am n\u00e4chsten zur tschechischen Grenze<\/strong> liegen das beliebte Sibyllenbad oder die wundersch\u00f6ne Toskana Therme Bad Schandau.<\/li>\n\n\n\n<li><strong>F\u00fcr Familien mit Kindern<\/strong> eignet sich Erding, w\u00e4hrend viele andere B\u00e4der (etwa Sinsheim) den Eintritt strikt erst ab 16 Jahren erlauben.<\/li>\n\n\n\n<li><strong>Balinesischen Stil<\/strong> und orientalisches Flair genie\u00dft du in der Bali Therme oder im vabali spa Berlin.<\/li>\n\n\n\n<li><strong>Der typische Preis<\/strong> f\u00fcr zwei bis drei Stunden Baden liegt zwischen 15 und 25 Euro.<\/li>\n\n\n\n<li><strong>Gesaunt wird nackt<\/strong>, die sogenannte textilfreie Zone ist in Deutschland Hygienestandard, und Badekleidung geh\u00f6rt einfach nicht in die Schwitzstube.<\/li>\n\n\n\n<li><strong>Zeittarife<\/strong> sind t\u00fcckisch, denn bezahlt wird f\u00fcr eine genaue Stundenzahl, und f\u00fcr \u00dcberziehung wird nachgezahlt.<\/li>\n\n\n\n<li><strong>Ein Hotel mit Bademantelgang<\/strong> ist die beste Erfindung \u00fcberhaupt, denn vom Zimmer gehst du direkt ins Becken, nur im Bademantel.<\/li>\n\n\n<\/ul>\n\n\n\n<figure data-wp-context=\"{&quot;imageId&quot;:&quot;6a9c73e0687ce&quot;}\" data-wp-interactive=\"core\/image\" data-wp-key=\"6a9c73e0687ce\" class=\"wp-block-image size-full wp-lightbox-container\"><img decoding=\"async\" width=\"1800\" height=\"1201\" data-wp-class--hide=\"state.isContentHidden\" data-wp-class--show=\"state.isContentVisible\" data-wp-init=\"callbacks.setButtonStyles\" data-wp-on--click=\"actions.showLightbox\" data-wp-on--load=\"callbacks.setButtonStyles\" data-wp-on--pointerdown=\"actions.preloadImage\" data-wp-on--pointerenter=\"actions.preloadImageWithDelay\" data-wp-on--pointerleave=\"actions.cancelPreload\" data-wp-on-window--resize=\"callbacks.setButtonStyles\" src=\"https:\/\/loudavymkrokem.cz\/wp-content\/uploads\/2026\/09\/nemecko-clanky-termaly-nemecko-02-a0bf9c2b.jpg\" alt=\"Aufguss-Zeremonie in der Saunalandschaft der Thermen &#038; Badewelt Sinsheim\" class=\"wp-image-415289\" title=\"\" srcset=\"https:\/\/loudavymkrokem.cz\/wp-content\/uploads\/2026\/09\/nemecko-clanky-termaly-nemecko-02-a0bf9c2b.jpg 1800w, https:\/\/loudavymkrokem.cz\/wp-content\/uploads\/2026\/09\/nemecko-clanky-termaly-nemecko-02-a0bf9c2b-300x200.jpg 300w, https:\/\/loudavymkrokem.cz\/wp-content\/uploads\/2026\/09\/nemecko-clanky-termaly-nemecko-02-a0bf9c2b-700x467.jpg 700w, https:\/\/loudavymkrokem.cz\/wp-content\/uploads\/2026\/09\/nemecko-clanky-termaly-nemecko-02-a0bf9c2b-768x512.jpg 768w, https:\/\/loudavymkrokem.cz\/wp-content\/uploads\/2026\/09\/nemecko-clanky-termaly-nemecko-02-a0bf9c2b-1536x1025.jpg 1536w, https:\/\/loudavymkrokem.cz\/wp-content\/uploads\/2026\/09\/nemecko-clanky-termaly-nemecko-02-a0bf9c2b-696x464.jpg 696w, https:\/\/loudavymkrokem.cz\/wp-content\/uploads\/2026\/09\/nemecko-clanky-termaly-nemecko-02-a0bf9c2b-1392x929.jpg 1392w\" sizes=\"(max-width: 1800px) 100vw, 1800px\" \/><button\n\t\t\tclass=\"lightbox-trigger\"\n\t\t\ttype=\"button\"\n\t\t\taria-haspopup=\"dialog\"\n\t\t\tdata-wp-bind--aria-label=\"state.thisImage.triggerButtonAriaLabel\"\n\t\t\tdata-wp-init=\"callbacks.initTriggerButton\"\n\t\t\tdata-wp-on--click=\"actions.showLightbox\"\n\t\t\tdata-wp-style--right=\"state.thisImage.buttonRight\"\n\t\t\tdata-wp-style--top=\"state.thisImage.buttonTop\"\n\t\t>\n\t\t\t<svg xmlns=\"http:\/\/www.w3.org\/2000\/svg\" width=\"12\" height=\"12\" fill=\"none\" viewBox=\"0 0 12 12\">\n\t\t\t\t<path fill=\"#fff\" d=\"M2 0a2 2 0 0 0-2 2v2h1.5V2a.5.5 0 0 1 .5-.5h2V0H2Zm2 10.5H2a.5.5 0 0 1-.5-.5V8H0v2a2 2 0 0 0 2 2h2v-1.5ZM8 12v-1.5h2a.5.5 0 0 0 .5-.5V8H12v2a2 2 0 0 1-2 2H8Zm2-12a2 2 0 0 1 2 2v2h-1.5V2a.5.5 0 0 0-.5-.5H8V0h2Z\" \/>\n\t\t\t<\/svg>\n\t\t<\/button><\/figure>\n\n\n\n<h2 class=\"wp-block-heading\"><span class=\"ez-toc-section\" id=\"Wie_deutsche_Thermen_funktionieren_und_worin_sie_sich_unterscheiden\"><\/span>Wie deutsche Thermen funktionieren (und worin sie sich unterscheiden)<span class=\"ez-toc-section-end\"><\/span><\/h2>\n\n\n\n<p class=\"wp-block-paragraph\">In Deutschland kauft man den Eintritt selten gleich f\u00fcr den ganzen Tag. Absoluter Standard sind <strong>Tarife f\u00fcr zwei bis vier Stunden<\/strong>, wobei die Zeit unerbittlich schon ab dem Durchgang durch das Drehkreuz l\u00e4uft. Wenn du dich im Whirlpool vergisst, passiert nichts Schlimmes, aber rechne damit, dass dir ein <strong>Aufpreis f\u00fcr die \u00dcberziehung<\/strong> berechnet wird. In der Europa Therme Bad F\u00fcssing ist das etwa ein Euro pro angebrochene halbe Stunde.<\/p>\n\n\n\n<p class=\"wp-block-paragraph\">Ein weiterer gro\u00dfer Unterschied liegt in der Aufteilung der Zonen. Der reine Eintritt gilt meist nur f\u00fcr die Thermalbecken, f\u00fcr die Sauna wird extra bezahlt. Du kannst dir also entweder ein <strong>separates Ticket oder einen g\u00fcnstigeren Kombitarif<\/strong> kaufen. Sobald du aber die T\u00fcr in die Saunawelt durchschreitest, musst du die Badekleidung am Haken lassen, denn deutsche Saunen sind <strong>strikt textilfrei<\/strong> (ohne Badekleidung).<\/p>\n\n\n\n<p class=\"wp-block-paragraph\">Goldene Hygieneregel ist dann das <strong>Pflichthandtuch unter dem ganzen K\u00f6rper<\/strong>. In der Sauna darfst du dich nicht mit nackter Haut direkt aufs Holz setzen, und das gilt auch f\u00fcr die F\u00fc\u00dfe, ein wirklich gro\u00dfes Handtuch ist also ein absolutes Muss. Wenn du keines hast, gibt es in den meisten B\u00e4dern einen <strong>Bademantel- und Handtuchverleih<\/strong>, wo man dir gegen Geb\u00fchr und Pfand gerne aushilft.<\/p>\n\n\n\n<p class=\"wp-block-paragraph\">Ein eigenes Kapitel sind die Saunazeremonien, die auf Deutsch Aufguss hei\u00dfen. Sie werden von einem <strong>erfahrenen Saunameister<\/strong> genau nach einem Plan geleitet, der an jeder Kabine h\u00e4ngt. Sobald die T\u00fcr zu ist und das Aufgie\u00dfen der Steine beginnt, l\u00e4sst dich <strong>niemand mehr hinein<\/strong>, deshalb kommst du am besten mit etwas Vorlauf.<\/p>\n\n\n\n<p class=\"wp-block-paragraph\">Der ganze Aufenthalt ist dank cleverer Technik zudem maximal sorgenfrei. Statt eines Portemonnaies bekommst du n\u00e4mlich <strong>einen Chip oder ein Armband<\/strong>, mit dem du dein Schlie\u00dffach abschlie\u00dft und Kaffee oder Massage bezahlst. Frauen sollten wissen, dass viele B\u00e4der, wie zum Beispiel die Bodensee-Therme Konstanz, auch <strong>spezielle Damensaunatage<\/strong> anbieten, an denen der ganze Bereich nur ihnen vorbehalten ist.<\/p>\n\n\n\n<figure data-wp-context=\"{&quot;imageId&quot;:&quot;6a9c73e068eb7&quot;}\" data-wp-interactive=\"core\/image\" data-wp-key=\"6a9c73e068eb7\" class=\"wp-block-image size-full wp-lightbox-container\"><img decoding=\"async\" width=\"1800\" height=\"1012\" data-wp-class--hide=\"state.isContentHidden\" data-wp-class--show=\"state.isContentVisible\" data-wp-init=\"callbacks.setButtonStyles\" data-wp-on--click=\"actions.showLightbox\" data-wp-on--load=\"callbacks.setButtonStyles\" data-wp-on--pointerdown=\"actions.preloadImage\" data-wp-on--pointerenter=\"actions.preloadImageWithDelay\" data-wp-on--pointerleave=\"actions.cancelPreload\" data-wp-on-window--resize=\"callbacks.setButtonStyles\" src=\"https:\/\/loudavymkrokem.cz\/wp-content\/uploads\/2026\/09\/nemecko-clanky-termaly-nemecko-03-ffbe5d3a.jpg\" alt=\"Innenbecken im orientalischen Stil in der Saunawelt der Mediterana\" class=\"wp-image-415290\" title=\"\" srcset=\"https:\/\/loudavymkrokem.cz\/wp-content\/uploads\/2026\/09\/nemecko-clanky-termaly-nemecko-03-ffbe5d3a.jpg 1800w, https:\/\/loudavymkrokem.cz\/wp-content\/uploads\/2026\/09\/nemecko-clanky-termaly-nemecko-03-ffbe5d3a-300x169.jpg 300w, https:\/\/loudavymkrokem.cz\/wp-content\/uploads\/2026\/09\/nemecko-clanky-termaly-nemecko-03-ffbe5d3a-700x394.jpg 700w, https:\/\/loudavymkrokem.cz\/wp-content\/uploads\/2026\/09\/nemecko-clanky-termaly-nemecko-03-ffbe5d3a-768x432.jpg 768w, https:\/\/loudavymkrokem.cz\/wp-content\/uploads\/2026\/09\/nemecko-clanky-termaly-nemecko-03-ffbe5d3a-1536x864.jpg 1536w, https:\/\/loudavymkrokem.cz\/wp-content\/uploads\/2026\/09\/nemecko-clanky-termaly-nemecko-03-ffbe5d3a-696x391.jpg 696w, https:\/\/loudavymkrokem.cz\/wp-content\/uploads\/2026\/09\/nemecko-clanky-termaly-nemecko-03-ffbe5d3a-1392x783.jpg 1392w\" sizes=\"(max-width: 1800px) 100vw, 1800px\" \/><button\n\t\t\tclass=\"lightbox-trigger\"\n\t\t\ttype=\"button\"\n\t\t\taria-haspopup=\"dialog\"\n\t\t\tdata-wp-bind--aria-label=\"state.thisImage.triggerButtonAriaLabel\"\n\t\t\tdata-wp-init=\"callbacks.initTriggerButton\"\n\t\t\tdata-wp-on--click=\"actions.showLightbox\"\n\t\t\tdata-wp-style--right=\"state.thisImage.buttonRight\"\n\t\t\tdata-wp-style--top=\"state.thisImage.buttonTop\"\n\t\t>\n\t\t\t<svg xmlns=\"http:\/\/www.w3.org\/2000\/svg\" width=\"12\" height=\"12\" fill=\"none\" viewBox=\"0 0 12 12\">\n\t\t\t\t<path fill=\"#fff\" d=\"M2 0a2 2 0 0 0-2 2v2h1.5V2a.5.5 0 0 1 .5-.5h2V0H2Zm2 10.5H2a.5.5 0 0 1-.5-.5V8H0v2a2 2 0 0 0 2 2h2v-1.5ZM8 12v-1.5h2a.5.5 0 0 0 .5-.5V8H12v2a2 2 0 0 1-2 2H8Zm2-12a2 2 0 0 1 2 2v2h-1.5V2a.5.5 0 0 0-.5-.5H8V0h2Z\" \/>\n\t\t\t<\/svg>\n\t\t<\/button><\/figure>\n\n\n\n<h2 class=\"wp-block-heading\"><span class=\"ez-toc-section\" id=\"Was_es_kostet_und_wann_du_hinfahren_solltest\"><\/span>Was es kostet und wann du hinfahren solltest<span class=\"ez-toc-section-end\"><\/span><\/h2>\n\n\n\n<p class=\"wp-block-paragraph\">Die Preise (nach den Preislisten von 2026) h\u00e4ngen nat\u00fcrlich davon ab, welchen Luxus du dir g\u00f6nnst. Die <strong>g\u00fcnstigsten Thermen<\/strong> wie das Sibyllenbad kosten dich zum Beispiel nur 9 Euro f\u00fcr zwei Stunden. Die meisten klassischen B\u00e4der liegen aber beim k\u00fcrzeren Eintritt irgendwo um 15 bis 20 Euro. F\u00fcr <strong>riesige tropische Komplexe<\/strong> wie die Therme Bad W\u00f6rishofen zahlst du dagegen locker auch 51 Euro f\u00fcr ein Tagesticket. Die Preise k\u00f6nnen sich nat\u00fcrlich mit der Zeit \u00e4ndern.<\/p>\n\n\n\n<p class=\"wp-block-paragraph\">Wenn du etwas sparen willst, lohnt es sich, spezielle Aktionen zu erkunden. Viele Orte bieten <strong>verg\u00fcnstigte Morgen- oder Abendtarife<\/strong>, die oft Feierabendtarif hei\u00dfen. Wochenenden und Feiertage sind dagegen teurer, denn die Betreiber schlagen zum Grundpreis \u00fcblicherweise einen <strong>Wochenendzuschlag<\/strong> von zwei bis drei Euro auf.<\/p>\n\n\n\n<p class=\"wp-block-paragraph\">Familien mit Kindern sollten vorher pr\u00fcfen, ob das Bad \u00fcberhaupt junge Besucher annimmt. W\u00e4hrend manche Anlagen <strong>g\u00fcnstige Familientarife<\/strong> verkaufen, gilt anderswo, wie in den luxuri\u00f6sen Badewelten, ein strenger Eintritt erst ab 16 Jahren. Die gr\u00f6\u00dfte Ruhe genie\u00dft du an <strong>Werktagsvormittagen<\/strong>, idealerweise au\u00dferhalb der viel besuchten deutschen Schulferien.<\/p>\n\n\n\n<p class=\"wp-block-paragraph\">In der Wintersaison platzen die warmen Au\u00dfenbecken nat\u00fcrlich aus allen N\u00e4hten, die Sommermonate versprechen also eine deutlich gem\u00fctlichere Atmosph\u00e4re. Vergiss auch nicht, dass in Kurorten eine \u00dcbernachtungsabgabe namens Kurbeitrag f\u00e4llig wird. Daf\u00fcr <strong>bekommst du aber eine praktische G\u00e4stekarte<\/strong>, mit der du dann oft Anspruch auf angenehme Erm\u00e4\u00dfigungen beim Eintritt hast.<\/p>\n\n\n\n<figure data-wp-context=\"{&quot;imageId&quot;:&quot;6a9c73e0696a0&quot;}\" data-wp-interactive=\"core\/image\" data-wp-key=\"6a9c73e0696a0\" class=\"wp-block-image size-full wp-lightbox-container\"><img decoding=\"async\" width=\"1800\" height=\"1201\" data-wp-class--hide=\"state.isContentHidden\" data-wp-class--show=\"state.isContentVisible\" data-wp-init=\"callbacks.setButtonStyles\" data-wp-on--click=\"actions.showLightbox\" data-wp-on--load=\"callbacks.setButtonStyles\" data-wp-on--pointerdown=\"actions.preloadImage\" data-wp-on--pointerenter=\"actions.preloadImageWithDelay\" data-wp-on--pointerleave=\"actions.cancelPreload\" data-wp-on-window--resize=\"callbacks.setButtonStyles\" src=\"https:\/\/loudavymkrokem.cz\/wp-content\/uploads\/2026\/09\/nemecko-clanky-termaly-nemecko-04-a6d37903.jpg\" alt=\"Gast im Bademantel im Garten der Thermen &#038; Badewelt Euskirchen\" class=\"wp-image-415291\" title=\"\" srcset=\"https:\/\/loudavymkrokem.cz\/wp-content\/uploads\/2026\/09\/nemecko-clanky-termaly-nemecko-04-a6d37903.jpg 1800w, https:\/\/loudavymkrokem.cz\/wp-content\/uploads\/2026\/09\/nemecko-clanky-termaly-nemecko-04-a6d37903-300x200.jpg 300w, https:\/\/loudavymkrokem.cz\/wp-content\/uploads\/2026\/09\/nemecko-clanky-termaly-nemecko-04-a6d37903-700x467.jpg 700w, https:\/\/loudavymkrokem.cz\/wp-content\/uploads\/2026\/09\/nemecko-clanky-termaly-nemecko-04-a6d37903-768x512.jpg 768w, https:\/\/loudavymkrokem.cz\/wp-content\/uploads\/2026\/09\/nemecko-clanky-termaly-nemecko-04-a6d37903-1536x1025.jpg 1536w, https:\/\/loudavymkrokem.cz\/wp-content\/uploads\/2026\/09\/nemecko-clanky-termaly-nemecko-04-a6d37903-696x464.jpg 696w, https:\/\/loudavymkrokem.cz\/wp-content\/uploads\/2026\/09\/nemecko-clanky-termaly-nemecko-04-a6d37903-1392x929.jpg 1392w\" sizes=\"(max-width: 1800px) 100vw, 1800px\" \/><button\n\t\t\tclass=\"lightbox-trigger\"\n\t\t\ttype=\"button\"\n\t\t\taria-haspopup=\"dialog\"\n\t\t\tdata-wp-bind--aria-label=\"state.thisImage.triggerButtonAriaLabel\"\n\t\t\tdata-wp-init=\"callbacks.initTriggerButton\"\n\t\t\tdata-wp-on--click=\"actions.showLightbox\"\n\t\t\tdata-wp-style--right=\"state.thisImage.buttonRight\"\n\t\t\tdata-wp-style--top=\"state.thisImage.buttonTop\"\n\t\t>\n\t\t\t<svg xmlns=\"http:\/\/www.w3.org\/2000\/svg\" width=\"12\" height=\"12\" fill=\"none\" viewBox=\"0 0 12 12\">\n\t\t\t\t<path fill=\"#fff\" d=\"M2 0a2 2 0 0 0-2 2v2h1.5V2a.5.5 0 0 1 .5-.5h2V0H2Zm2 10.5H2a.5.5 0 0 1-.5-.5V8H0v2a2 2 0 0 0 2 2h2v-1.5ZM8 12v-1.5h2a.5.5 0 0 0 .5-.5V8H12v2a2 2 0 0 1-2 2H8Zm2-12a2 2 0 0 1 2 2v2h-1.5V2a.5.5 0 0 0-.5-.5H8V0h2Z\" \/>\n\t\t\t<\/svg>\n\t\t<\/button><\/figure>\n\n\n\n<h2 class=\"wp-block-heading\"><span class=\"ez-toc-section\" id=\"Wo_uebernachten_Hotel_mit_Bademantelgang\"><\/span>Wo \u00fcbernachten: Hotel mit Bademantelgang<span class=\"ez-toc-section-end\"><\/span><\/h2>\n\n\n\n<p class=\"wp-block-paragraph\"><em>\ud83d\udca1 Tipp f\u00fcr Unterkunft und Erlebnisse: Unterk\u00fcnfte vor Ort <a href=\"https:\/\/www.stay22.com\/allez\/roam?aid=lukaskonecny&#038;campaign=loudavymkrokemcz&#038;address=N%C4%9Bmecko\" target=\"_blank\" rel=\"nofollow noopener sponsored\">vergleichen wir hier<\/a>, damit man sieht, was frei ist und zu welchem Preis. Am liebsten suchen wir sie auf <a href=\"https:\/\/www.booking.com\/searchresults.html?ss=N%C4%9Bmecko&#038;aid=2397601\" target=\"_blank\" rel=\"nofollow noopener sponsored\">Booking.com<\/a>, wo es meist die besten Stornobedingungen gibt. Tickets, Ausfl\u00fcge und Aktivit\u00e4ten lohnt es sich dann \u00fcber <a href=\"https:\/\/www.getyourguide.com\/s\/?q=N%C4%9Bmecko&#038;partner_id=MKZ64IS\" target=\"_blank\" rel=\"nofollow noopener sponsored\">GetYourGuide<\/a> zu vergleichen und zu kaufen.<\/em><\/p>\n\n\n\n<p class=\"wp-block-paragraph\">Wenn es etwas gibt, das ein Wellness-Wochenende auf ein ganz anderes Level hebt, dann ist es der sogenannte Bademantelgang. W\u00f6rtlich bedeutet das <strong>Gang f\u00fcr Badem\u00e4ntel<\/strong>, und es handelt sich um einen verglasten oder unterirdischen Tunnel, der dein Hotel direkt mit dem Thermalbad verbindet. Morgens stehst du einfach aus dem Bett auf, schl\u00fcpfst in den Bademantel und <strong>gehst in Badeschuhen direkt zum Becken<\/strong>.<\/p>\n\n\n\n<p class=\"wp-block-paragraph\">So entf\u00e4llt das umst\u00e4ndliche Anziehen, das Verstauen der Taschen in Schlie\u00dff\u00e4chern und das \u00dcberqueren der Stra\u00dfe in der Winterk\u00e4lte. Die meisten dieser Unterk\u00fcnfte bieten zudem <strong>den Eintritt in die Becken gleich im \u00dcbernachtungspreis<\/strong> an, was sich am Ende enorm lohnt. All diese Sch\u00e4tze kannst du zudem leicht \u00fcber Booking suchen und reservieren, wo du gleich auch echte Bewertungen siehst.<\/p>\n\n\n\n<p class=\"wp-block-paragraph\">Das <strong><a href=\"https:\/\/www.stay22.com\/allez\/roam?aid=lukaskonecny&#038;campaign=loudavymkrokemcz&#038;campaign=termaly-nemecko&#038;hotelname=Hotel%20Victory%20Therme%20Erding&#038;address=Erding%2C%20Nemecko\" target=\"_blank\" rel=\"noopener nofollow sponsored\">Hotel Victory Therme Erding<\/a><\/strong> im bayerischen Erding steht direkt im riesigen Thermalkomplex. Die Zimmer erinnern an eine Replik des ber\u00fchmten Schiffs HMS Victory oder an einen venezianischen Palazzo, und Hotelg\u00e4ste haben <strong>im \u00dcbernachtungspreis auch den direkten Zugang aus der Lobby<\/strong> in die Thermen inklusive der Zonen VitalOase und VitalTherme &#038; Saunen.<\/p>\n\n\n\n<p class=\"wp-block-paragraph\">Das <strong><a href=\"https:\/\/www.stay22.com\/allez\/roam?aid=lukaskonecny&#038;campaign=loudavymkrokemcz&#038;campaign=termaly-nemecko&#038;hotelname=Thermenhotel%20Gass&#038;address=Bad%20Fussing%2C%20Nemecko\" target=\"_blank\" rel=\"noopener nofollow sponsored\">Thermenhotel Gass<\/a><\/strong> im bayerischen Bad F\u00fcssing ist ein Drei-Sterne-Superior-Hotel und einer der wenigen Orte der Stadt mit eigenen Becken. Sie werden mit <strong>thermalem Schwefelwasser<\/strong> gef\u00fcllt, das direkt aus der beliebten Therme 1 gepumpt wird, und du findest hier auch ein tolles Wellness mit Biosauna, finnischer Sauna, Infrarotkabine und Dampfbad.<\/p>\n\n\n\n<p class=\"wp-block-paragraph\">Das <strong><a href=\"https:\/\/www.stay22.com\/allez\/roam?aid=lukaskonecny&#038;campaign=loudavymkrokemcz&#038;campaign=termaly-nemecko&#038;hotelname=Hotel%20an%20der%20Therme%20Bad%20Sulza&#038;address=Bad%20Sulza%2C%20Nemecko\" target=\"_blank\" rel=\"noopener nofollow sponsored\">Hotel an der Therme Bad Sulza<\/a><\/strong> in Th\u00fcringen geh\u00f6rt zur Gruppe Toskanaworld, und mit der Toskana Therme selbst verbindet es genau der ersehnte Bademantelgang. Im \u00dcbernachtungspreis hast du <strong>sofortigen Zugang zu den Thermen inklusive Saunawelt<\/strong> und dich erwartet sicher auch ein hervorragendes Fr\u00fchst\u00fcck oder ger\u00e4umige, renovierte Zimmer.<\/p>\n\n\n\n<p class=\"wp-block-paragraph\">Das <strong><a href=\"https:\/\/www.stay22.com\/allez\/roam?aid=lukaskonecny&#038;campaign=loudavymkrokemcz&#038;campaign=termaly-nemecko&#038;hotelname=Mauritius%20Hotel%20%26%20Therme&#038;address=Kolin%20nad%20Rynem%2C%20Nemecko\" target=\"_blank\" rel=\"noopener nofollow sponsored\">Mauritius Hotel &#038; Therme<\/a><\/strong> liegt direkt in K\u00f6ln und r\u00fchmt sich mit vier Sternen sowie einem riesigen Wellness auf 3.500 Quadratmetern. Du findest hier sieben Saunen, zwei Whirlpools und ein <strong>Au\u00dfenbecken mit Salz aus dem Toten Meer<\/strong>, wobei der Hotelgast f\u00fcr diesen Luxus nur symbolische 10 Euro pro Tag zahlt (und das sogar am Abreisetag).<\/p>\n\n\n\n<p class=\"wp-block-paragraph\">Das <strong><a href=\"https:\/\/www.stay22.com\/allez\/roam?aid=lukaskonecny&#038;campaign=loudavymkrokemcz&#038;campaign=termaly-nemecko&#038;hotelname=Hotel%20Zum%20Rittmeister&#038;address=Werder%20Havel%2C%20Nemecko\" target=\"_blank\" rel=\"noopener nofollow sponsored\">Hotel Zum Rittmeister<\/a><\/strong> in der brandenburgischen Stadt Werder bietet 35 gem\u00fctliche Zimmer und ausgezeichnete Fr\u00fchst\u00fccke aus lokalen regionalen Produkten. \u00dcbernachtungsg\u00e4ste erhalten hier nach Zahlung der Kurabgabe und Vorlage der G\u00e4stekarte <strong>erm\u00e4\u00dfigten Eintritt in die nahe Havel Therme<\/strong>, vor allem an Werktagen.<\/p>\n\n\n\n<p class=\"wp-block-paragraph\">Das <strong><a href=\"https:\/\/www.stay22.com\/allez\/roam?aid=lukaskonecny&#038;campaign=loudavymkrokemcz&#038;campaign=termaly-nemecko&#038;hotelname=Hotel%20Palatin&#038;address=Wiesloch%2C%20Nemecko\" target=\"_blank\" rel=\"noopener nofollow sponsored\">Hotel Palatin<\/a><\/strong> im baden-w\u00fcrttembergischen Wiesloch fungiert als offizielles Partnerhotel des ber\u00fchmten Komplexes Thermen &#038; Badewelt Sinsheim. Es bietet sehr <strong>g\u00fcnstige Pakete mit \u00dcbernachtung und Fr\u00fchst\u00fcck<\/strong>, die gleich auch das Thermenticket enthalten, und das schon ab 79 Euro pro Person.<\/p>\n\n\n\n<p class=\"wp-block-paragraph\"><strong>\ud83d\udca1 Tipp:<\/strong> Wenn du gern Neues ausprobierst, entsteht an der VitaSol Therme in Bad Salzuflen seit Sommer 2025 ein <strong>brandneues Vier-Sterne-Hotel<\/strong> mit hundert Zimmern. Seine Fertigstellung ist f\u00fcr 2027 geplant und wird sicher ein absolutes Highlight.<\/p>\n\n\n\n<figure data-wp-context=\"{&quot;imageId&quot;:&quot;6a9c73e06a1a9&quot;}\" data-wp-interactive=\"core\/image\" data-wp-key=\"6a9c73e06a1a9\" class=\"wp-block-image size-full wp-lightbox-container\"><img decoding=\"async\" width=\"1800\" height=\"1397\" data-wp-class--hide=\"state.isContentHidden\" data-wp-class--show=\"state.isContentVisible\" data-wp-init=\"callbacks.setButtonStyles\" data-wp-on--click=\"actions.showLightbox\" data-wp-on--load=\"callbacks.setButtonStyles\" data-wp-on--pointerdown=\"actions.preloadImage\" data-wp-on--pointerenter=\"actions.preloadImageWithDelay\" data-wp-on--pointerleave=\"actions.cancelPreload\" data-wp-on-window--resize=\"callbacks.setButtonStyles\" src=\"https:\/\/loudavymkrokem.cz\/wp-content\/uploads\/2026\/09\/nemecko-clanky-termaly-nemecko-05-08e1f8c8.jpg\" alt=\"Au\u00dfenbecken mit Palmen in der Therme Erding in Bayern\" class=\"wp-image-415292\" title=\"\" srcset=\"https:\/\/loudavymkrokem.cz\/wp-content\/uploads\/2026\/09\/nemecko-clanky-termaly-nemecko-05-08e1f8c8.jpg 1800w, https:\/\/loudavymkrokem.cz\/wp-content\/uploads\/2026\/09\/nemecko-clanky-termaly-nemecko-05-08e1f8c8-300x233.jpg 300w, https:\/\/loudavymkrokem.cz\/wp-content\/uploads\/2026\/09\/nemecko-clanky-termaly-nemecko-05-08e1f8c8-700x543.jpg 700w, https:\/\/loudavymkrokem.cz\/wp-content\/uploads\/2026\/09\/nemecko-clanky-termaly-nemecko-05-08e1f8c8-768x596.jpg 768w, https:\/\/loudavymkrokem.cz\/wp-content\/uploads\/2026\/09\/nemecko-clanky-termaly-nemecko-05-08e1f8c8-1536x1192.jpg 1536w, https:\/\/loudavymkrokem.cz\/wp-content\/uploads\/2026\/09\/nemecko-clanky-termaly-nemecko-05-08e1f8c8-696x540.jpg 696w, https:\/\/loudavymkrokem.cz\/wp-content\/uploads\/2026\/09\/nemecko-clanky-termaly-nemecko-05-08e1f8c8-1392x1080.jpg 1392w\" sizes=\"(max-width: 1800px) 100vw, 1800px\" \/><button\n\t\t\tclass=\"lightbox-trigger\"\n\t\t\ttype=\"button\"\n\t\t\taria-haspopup=\"dialog\"\n\t\t\tdata-wp-bind--aria-label=\"state.thisImage.triggerButtonAriaLabel\"\n\t\t\tdata-wp-init=\"callbacks.initTriggerButton\"\n\t\t\tdata-wp-on--click=\"actions.showLightbox\"\n\t\t\tdata-wp-style--right=\"state.thisImage.buttonRight\"\n\t\t\tdata-wp-style--top=\"state.thisImage.buttonTop\"\n\t\t>\n\t\t\t<svg xmlns=\"http:\/\/www.w3.org\/2000\/svg\" width=\"12\" height=\"12\" fill=\"none\" viewBox=\"0 0 12 12\">\n\t\t\t\t<path fill=\"#fff\" d=\"M2 0a2 2 0 0 0-2 2v2h1.5V2a.5.5 0 0 1 .5-.5h2V0H2Zm2 10.5H2a.5.5 0 0 1-.5-.5V8H0v2a2 2 0 0 0 2 2h2v-1.5ZM8 12v-1.5h2a.5.5 0 0 0 .5-.5V8H12v2a2 2 0 0 1-2 2H8Zm2-12a2 2 0 0 1 2 2v2h-1.5V2a.5.5 0 0 0-.5-.5H8V0h2Z\" \/>\n\t\t\t<\/svg>\n\t\t<\/button><figcaption class=\"wp-element-caption\">Foto: Therme Erding \/ Wikimedia Commons, CC BY-SA 3.0<\/figcaption><\/figure>\n\n\n\n<h2 class=\"wp-block-heading\"><span class=\"ez-toc-section\" id=\"Thermalbaeder_in_Bayern\"><\/span>Thermalb\u00e4der in Bayern<span class=\"ez-toc-section-end\"><\/span><\/h2>\n\n\n\n<p class=\"wp-block-paragraph\">Bayern ist eine Thermen-Gro\u00dfmacht: An einem Ort stehen hier nebeneinander tropische Komplexe mit Rutschen und ruhige Kurorte, wo das Wasser genauso oft getrunken wie darin gesessen wird. Du findest hier laut Betreiber die gr\u00f6\u00dfte Thermalanlage der Welt, und bekannte Kurorte wie Bad F\u00fcssing, Bad Griesbach oder Bad Kissingen bieten das mit Abstand breiteste Badeangebot in ganz Deutschland. Der Vorteil ist, dass viele dieser Komplexe nur einen Katzensprung von der Grenze entfernt liegen.<\/p>\n\n\n\n<p class=\"wp-block-paragraph\">F\u00fcr Reisende aus Deutschland sind vor allem die Anlagen in Bad F\u00fcssing und Neualbenreuth gut erreichbar, oft in wenigen Stunden per Auto. Es ist eine absolut ideale Wahl, wenn du \u00fcber eine schnelle Wochenendflucht vor Winter und Stress nachdenkst. Rechne damit, dass die bayerischen Thermen riesig, modern und oft mit strengen Regeln f\u00fcr den Eintritt von Kindern sind, pr\u00fcfe also immer vorher, f\u00fcr wen sich der jeweilige Ort am besten eignet.<\/p>\n\n\n\n<figure data-wp-context=\"{&quot;imageId&quot;:&quot;6a9c73e06a7ac&quot;}\" data-wp-interactive=\"core\/image\" data-wp-key=\"6a9c73e06a7ac\" class=\"wp-block-image size-full wp-lightbox-container\"><img decoding=\"async\" width=\"1800\" height=\"1350\" data-wp-class--hide=\"state.isContentHidden\" data-wp-class--show=\"state.isContentVisible\" data-wp-init=\"callbacks.setButtonStyles\" data-wp-on--click=\"actions.showLightbox\" data-wp-on--load=\"callbacks.setButtonStyles\" data-wp-on--pointerdown=\"actions.preloadImage\" data-wp-on--pointerenter=\"actions.preloadImageWithDelay\" data-wp-on--pointerleave=\"actions.cancelPreload\" data-wp-on-window--resize=\"callbacks.setButtonStyles\" src=\"https:\/\/loudavymkrokem.cz\/wp-content\/uploads\/2026\/09\/nemecko-clanky-termaly-nemecko-06-89de543b.jpg\" alt=\"Therme Erding (Erding): tropisches Becken mit Palmen\" class=\"wp-image-415293\" title=\"\" srcset=\"https:\/\/loudavymkrokem.cz\/wp-content\/uploads\/2026\/09\/nemecko-clanky-termaly-nemecko-06-89de543b.jpg 1800w, https:\/\/loudavymkrokem.cz\/wp-content\/uploads\/2026\/09\/nemecko-clanky-termaly-nemecko-06-89de543b-300x225.jpg 300w, https:\/\/loudavymkrokem.cz\/wp-content\/uploads\/2026\/09\/nemecko-clanky-termaly-nemecko-06-89de543b-700x525.jpg 700w, https:\/\/loudavymkrokem.cz\/wp-content\/uploads\/2026\/09\/nemecko-clanky-termaly-nemecko-06-89de543b-768x576.jpg 768w, https:\/\/loudavymkrokem.cz\/wp-content\/uploads\/2026\/09\/nemecko-clanky-termaly-nemecko-06-89de543b-1536x1152.jpg 1536w, https:\/\/loudavymkrokem.cz\/wp-content\/uploads\/2026\/09\/nemecko-clanky-termaly-nemecko-06-89de543b-80x60.jpg 80w, https:\/\/loudavymkrokem.cz\/wp-content\/uploads\/2026\/09\/nemecko-clanky-termaly-nemecko-06-89de543b-160x120.jpg 160w, https:\/\/loudavymkrokem.cz\/wp-content\/uploads\/2026\/09\/nemecko-clanky-termaly-nemecko-06-89de543b-696x522.jpg 696w, https:\/\/loudavymkrokem.cz\/wp-content\/uploads\/2026\/09\/nemecko-clanky-termaly-nemecko-06-89de543b-1392x1044.jpg 1392w\" sizes=\"(max-width: 1800px) 100vw, 1800px\" \/><button\n\t\t\tclass=\"lightbox-trigger\"\n\t\t\ttype=\"button\"\n\t\t\taria-haspopup=\"dialog\"\n\t\t\tdata-wp-bind--aria-label=\"state.thisImage.triggerButtonAriaLabel\"\n\t\t\tdata-wp-init=\"callbacks.initTriggerButton\"\n\t\t\tdata-wp-on--click=\"actions.showLightbox\"\n\t\t\tdata-wp-style--right=\"state.thisImage.buttonRight\"\n\t\t\tdata-wp-style--top=\"state.thisImage.buttonTop\"\n\t\t>\n\t\t\t<svg xmlns=\"http:\/\/www.w3.org\/2000\/svg\" width=\"12\" height=\"12\" fill=\"none\" viewBox=\"0 0 12 12\">\n\t\t\t\t<path fill=\"#fff\" d=\"M2 0a2 2 0 0 0-2 2v2h1.5V2a.5.5 0 0 1 .5-.5h2V0H2Zm2 10.5H2a.5.5 0 0 1-.5-.5V8H0v2a2 2 0 0 0 2 2h2v-1.5ZM8 12v-1.5h2a.5.5 0 0 0 .5-.5V8H12v2a2 2 0 0 1-2 2H8Zm2-12a2 2 0 0 1 2 2v2h-1.5V2a.5.5 0 0 0-.5-.5H8V0h2Z\" \/>\n\t\t\t<\/svg>\n\t\t<\/button><figcaption class=\"wp-element-caption\">Foto: Therme Erding \/ Wikimedia Commons, Public domain<\/figcaption><\/figure>\n\n\n\n<h3 class=\"wp-block-heading\"><span class=\"ez-toc-section\" id=\"1_Therme_Erding_Erding\"><\/span>1. Therme Erding (Erding)<span class=\"ez-toc-section-end\"><\/span><\/h3>\n\n\n\n<p class=\"wp-block-paragraph\">Dieser Komplex in der Stadt Erding r\u00fchmt sich laut Betreiber mit dem Titel <strong>gr\u00f6\u00dfte Therme der Welt<\/strong>. Ihre Gesamtfl\u00e4che erstreckte sich 2019 \u00fcber unglaubliche <strong>430.000 Quadratmeter<\/strong>. Davon bilden ganze 185.000 Quadratmeter Nutzfl\u00e4che direkt f\u00fcr die G\u00e4ste. Die Anlage teilt sich in vier Hauptbereiche: den klassischen Thermalteil Thermenparadies, die Actionzone Galaxy Erding sowie die Ruhezonen VitalOase und VitalTherme &#038; Saunen.<\/p>\n\n\n\n<p class=\"wp-block-paragraph\">Drinnen erwarten dich \u00fcberw\u00e4ltigende <strong>40 Becken und Wasserfl\u00e4chen<\/strong>, erg\u00e4nzt durch insgesamt 38 verschiedene Saunen und Dampfb\u00e4der. Die Temperaturen in den Saunen reichen von angenehmen 38 \u00b0C bis zu h\u00f6llischen 90 \u00b0C. F\u00fcr Adrenalinliebhaber stehen <strong>28 Rutschen<\/strong> mit einer Gesamtl\u00e4nge von \u00fcber 2.850 Metern bereit. Wenn du gern auf den Wellen schaukelst, begeistert dich sicher das riesige Wellenbad, wo das Wasser 34 \u00b0C hat und die Wellen bis zu zwei Meter hoch werden.<\/p>\n\n\n\n<p class=\"wp-block-paragraph\">Die durchschnittliche Lufttemperatur in der ganzen Anlage h\u00e4lt sich bei tropischen 28 \u00b0C. Du findest hier auch ein echtes Unikat, den Polaris, angeblich das <strong>gr\u00f6\u00dfte Kaltbecken der Welt<\/strong> mit einer Wassertemperatur von 14 bis 18 \u00b0C. In der Zone VitalTherme w\u00e4rmst du dich dagegen im gro\u00dfen Champagnerbecken oder im Meditationsbecken mit 34 \u00b0C warmem Wasser. <strong>\ud83d\udca1 Tipp:<\/strong> Plane f\u00fcr den Besuch wirklich einen ganzen Tag ein, denn die Anlage ist so riesig, dass du in ein paar Stunden kaum einen Bruchteil aller Attraktionen schaffst.<\/p>\n\n\n\n<figure data-wp-context=\"{&quot;imageId&quot;:&quot;6a9c73e06afbf&quot;}\" data-wp-interactive=\"core\/image\" data-wp-key=\"6a9c73e06afbf\" class=\"wp-block-image size-full wp-lightbox-container\"><img decoding=\"async\" width=\"1800\" height=\"1350\" data-wp-class--hide=\"state.isContentHidden\" data-wp-class--show=\"state.isContentVisible\" data-wp-init=\"callbacks.setButtonStyles\" data-wp-on--click=\"actions.showLightbox\" data-wp-on--load=\"callbacks.setButtonStyles\" data-wp-on--pointerdown=\"actions.preloadImage\" data-wp-on--pointerenter=\"actions.preloadImageWithDelay\" data-wp-on--pointerleave=\"actions.cancelPreload\" data-wp-on-window--resize=\"callbacks.setButtonStyles\" src=\"https:\/\/loudavymkrokem.cz\/wp-content\/uploads\/2026\/09\/nemecko-clanky-termaly-nemecko-07-5c780451.jpg\" alt=\"Therme Bad W\u00f6rishofen (Bad W\u00f6rishofen)\" class=\"wp-image-415294\" title=\"\" srcset=\"https:\/\/loudavymkrokem.cz\/wp-content\/uploads\/2026\/09\/nemecko-clanky-termaly-nemecko-07-5c780451.jpg 1800w, https:\/\/loudavymkrokem.cz\/wp-content\/uploads\/2026\/09\/nemecko-clanky-termaly-nemecko-07-5c780451-300x225.jpg 300w, https:\/\/loudavymkrokem.cz\/wp-content\/uploads\/2026\/09\/nemecko-clanky-termaly-nemecko-07-5c780451-700x525.jpg 700w, https:\/\/loudavymkrokem.cz\/wp-content\/uploads\/2026\/09\/nemecko-clanky-termaly-nemecko-07-5c780451-768x576.jpg 768w, https:\/\/loudavymkrokem.cz\/wp-content\/uploads\/2026\/09\/nemecko-clanky-termaly-nemecko-07-5c780451-1536x1152.jpg 1536w, https:\/\/loudavymkrokem.cz\/wp-content\/uploads\/2026\/09\/nemecko-clanky-termaly-nemecko-07-5c780451-80x60.jpg 80w, https:\/\/loudavymkrokem.cz\/wp-content\/uploads\/2026\/09\/nemecko-clanky-termaly-nemecko-07-5c780451-160x120.jpg 160w, https:\/\/loudavymkrokem.cz\/wp-content\/uploads\/2026\/09\/nemecko-clanky-termaly-nemecko-07-5c780451-696x522.jpg 696w, https:\/\/loudavymkrokem.cz\/wp-content\/uploads\/2026\/09\/nemecko-clanky-termaly-nemecko-07-5c780451-1392x1044.jpg 1392w\" sizes=\"(max-width: 1800px) 100vw, 1800px\" \/><button\n\t\t\tclass=\"lightbox-trigger\"\n\t\t\ttype=\"button\"\n\t\t\taria-haspopup=\"dialog\"\n\t\t\tdata-wp-bind--aria-label=\"state.thisImage.triggerButtonAriaLabel\"\n\t\t\tdata-wp-init=\"callbacks.initTriggerButton\"\n\t\t\tdata-wp-on--click=\"actions.showLightbox\"\n\t\t\tdata-wp-style--right=\"state.thisImage.buttonRight\"\n\t\t\tdata-wp-style--top=\"state.thisImage.buttonTop\"\n\t\t>\n\t\t\t<svg xmlns=\"http:\/\/www.w3.org\/2000\/svg\" width=\"12\" height=\"12\" fill=\"none\" viewBox=\"0 0 12 12\">\n\t\t\t\t<path fill=\"#fff\" d=\"M2 0a2 2 0 0 0-2 2v2h1.5V2a.5.5 0 0 1 .5-.5h2V0H2Zm2 10.5H2a.5.5 0 0 1-.5-.5V8H0v2a2 2 0 0 0 2 2h2v-1.5ZM8 12v-1.5h2a.5.5 0 0 0 .5-.5V8H12v2a2 2 0 0 1-2 2H8Zm2-12a2 2 0 0 1 2 2v2h-1.5V2a.5.5 0 0 0-.5-.5H8V0h2Z\" \/>\n\t\t\t<\/svg>\n\t\t<\/button><figcaption class=\"wp-element-caption\">Foto: Therme Bad W\u00f6rishofen 2010 \/ Wikimedia Commons, CC BY-SA 3.0<\/figcaption><\/figure>\n\n\n\n<h3 class=\"wp-block-heading\"><span class=\"ez-toc-section\" id=\"2_Therme_Bad_Woerishofen_Bad_Woerishofen\"><\/span>2. Therme Bad W\u00f6rishofen (Bad W\u00f6rishofen)<span class=\"ez-toc-section-end\"><\/span><\/h3>\n\n\n\n<p class=\"wp-block-paragraph\">Die Therme in der Kleinstadt Bad W\u00f6rishofen verbirgt ein Weltunikat, das rustikale <strong>Blockhaus am See f\u00fcr \u00fcber 150 G\u00e4ste<\/strong>. Es z\u00e4hlt zu den gr\u00f6\u00dften Saunen der Welt, und du erlebst darin eine absolut einzigartige Atmosph\u00e4re. Die ganze Thermenlandschaft erstreckt sich hier \u00fcber beachtliche <strong>5.000 Quadratmeter<\/strong>, und ihr Bau lief von 2001 bis 2004 unter der Regie des Investors Josef Wund.<\/p>\n\n\n\n<p class=\"wp-block-paragraph\">Baden genie\u00dft du in insgesamt acht Becken, gef\u00fcllt mit wohltuendem Thermalwasser. Die Saunawelt bietet <strong>\u00fcber 15 thematische Saunen<\/strong>, unter denen die pr\u00e4chtige maurische Alhambra, die klassische r\u00f6mische Sauna oder die japanische Meditationssauna mit einem sch\u00f6nen Aquarium voller Koi-Karpfen herausstechen. Kinder haben hier eine Rutsche und eine breite Speed-Rutsche zur Verf\u00fcgung, die aber nur zu bestimmten Zeiten im Sportbecken zug\u00e4nglich sind.<\/p>\n\n\n\n<p class=\"wp-block-paragraph\">Laut Preisliste f\u00fcr 2026 zahlst du f\u00fcr den zweist\u00fcndigen Eintritt <strong>27 EUR<\/strong>, vier Stunden kosten dich 35 EUR und das Tagesticket 51 EUR. F\u00fcr den Saunaeintritt kommen 5 EUR dazu, und am Wochenende oder an Feiertagen rechne mit einem Aufschlag von 3 EUR. Das Mindestalter f\u00fcr den Eintritt ist hier <strong>strikt auf 16 Jahre festgelegt<\/strong>. <strong>\ud83d\udca1 Tipp:<\/strong> Wenn du mit kleineren Kindern kommen willst, musst du ausschlie\u00dflich samstags zwischen 9 und 19 Uhr zum sogenannten Family Samstag anreisen, an dem der Familieneintritt f\u00fcr drei Personen 74 EUR kostet.<\/p>\n\n\n\n<figure data-wp-context=\"{&quot;imageId&quot;:&quot;6a9c73e06b60b&quot;}\" data-wp-interactive=\"core\/image\" data-wp-key=\"6a9c73e06b60b\" class=\"wp-block-image size-full wp-lightbox-container\"><img decoding=\"async\" width=\"1800\" height=\"1350\" data-wp-class--hide=\"state.isContentHidden\" data-wp-class--show=\"state.isContentVisible\" data-wp-init=\"callbacks.setButtonStyles\" data-wp-on--click=\"actions.showLightbox\" data-wp-on--load=\"callbacks.setButtonStyles\" data-wp-on--pointerdown=\"actions.preloadImage\" data-wp-on--pointerenter=\"actions.preloadImageWithDelay\" data-wp-on--pointerleave=\"actions.cancelPreload\" data-wp-on-window--resize=\"callbacks.setButtonStyles\" src=\"https:\/\/loudavymkrokem.cz\/wp-content\/uploads\/2026\/09\/nemecko-clanky-termaly-nemecko-08-779c2251.jpg\" alt=\"Eingang der Therme Bad Aibling mit Glaskuppel\" class=\"wp-image-415295\" title=\"\" srcset=\"https:\/\/loudavymkrokem.cz\/wp-content\/uploads\/2026\/09\/nemecko-clanky-termaly-nemecko-08-779c2251.jpg 1800w, https:\/\/loudavymkrokem.cz\/wp-content\/uploads\/2026\/09\/nemecko-clanky-termaly-nemecko-08-779c2251-300x225.jpg 300w, https:\/\/loudavymkrokem.cz\/wp-content\/uploads\/2026\/09\/nemecko-clanky-termaly-nemecko-08-779c2251-700x525.jpg 700w, https:\/\/loudavymkrokem.cz\/wp-content\/uploads\/2026\/09\/nemecko-clanky-termaly-nemecko-08-779c2251-768x576.jpg 768w, https:\/\/loudavymkrokem.cz\/wp-content\/uploads\/2026\/09\/nemecko-clanky-termaly-nemecko-08-779c2251-1536x1152.jpg 1536w, https:\/\/loudavymkrokem.cz\/wp-content\/uploads\/2026\/09\/nemecko-clanky-termaly-nemecko-08-779c2251-80x60.jpg 80w, https:\/\/loudavymkrokem.cz\/wp-content\/uploads\/2026\/09\/nemecko-clanky-termaly-nemecko-08-779c2251-160x120.jpg 160w, https:\/\/loudavymkrokem.cz\/wp-content\/uploads\/2026\/09\/nemecko-clanky-termaly-nemecko-08-779c2251-696x522.jpg 696w, https:\/\/loudavymkrokem.cz\/wp-content\/uploads\/2026\/09\/nemecko-clanky-termaly-nemecko-08-779c2251-1392x1044.jpg 1392w\" sizes=\"(max-width: 1800px) 100vw, 1800px\" \/><button\n\t\t\tclass=\"lightbox-trigger\"\n\t\t\ttype=\"button\"\n\t\t\taria-haspopup=\"dialog\"\n\t\t\tdata-wp-bind--aria-label=\"state.thisImage.triggerButtonAriaLabel\"\n\t\t\tdata-wp-init=\"callbacks.initTriggerButton\"\n\t\t\tdata-wp-on--click=\"actions.showLightbox\"\n\t\t\tdata-wp-style--right=\"state.thisImage.buttonRight\"\n\t\t\tdata-wp-style--top=\"state.thisImage.buttonTop\"\n\t\t>\n\t\t\t<svg xmlns=\"http:\/\/www.w3.org\/2000\/svg\" width=\"12\" height=\"12\" fill=\"none\" viewBox=\"0 0 12 12\">\n\t\t\t\t<path fill=\"#fff\" d=\"M2 0a2 2 0 0 0-2 2v2h1.5V2a.5.5 0 0 1 .5-.5h2V0H2Zm2 10.5H2a.5.5 0 0 1-.5-.5V8H0v2a2 2 0 0 0 2 2h2v-1.5ZM8 12v-1.5h2a.5.5 0 0 0 .5-.5V8H12v2a2 2 0 0 1-2 2H8Zm2-12a2 2 0 0 1 2 2v2h-1.5V2a.5.5 0 0 0-.5-.5H8V0h2Z\" \/>\n\t\t\t<\/svg>\n\t\t<\/button><\/figure>\n\n\n\n<h3 class=\"wp-block-heading\"><span class=\"ez-toc-section\" id=\"3_Therme_Bad_Aibling_Bad_Aibling\"><\/span>3. Therme Bad Aibling (Bad Aibling)<span class=\"ez-toc-section-end\"><\/span><\/h3>\n\n\n\n<p class=\"wp-block-paragraph\">Ein ganz untraditionelles Erlebnis erwartet dich in Bad Aibling, wo die Anlage in Form miteinander verbundener Kuppeln gebaut ist. In einer davon mit 11 Metern Durchmesser projizieren sogar <strong>7 Videoprojektoren ein 135 Quadratmeter gro\u00dfes Bild<\/strong> direkt auf die Innenseite des Gew\u00f6lbes. Die ganze Thermenlandschaft schmiegt sich sanft in die Topografie des umliegenden Gel\u00e4ndes und erstreckt sich \u00fcber eindrucksvolle <strong>10.000 Quadratmeter<\/strong>, von denen \u00fcber 600 Quadratmeter Wasserfl\u00e4chen bilden.<\/p>\n\n\n\n<p class=\"wp-block-paragraph\">In den einzelnen, unterschiedlich geschlossenen Kuppeln genie\u00dft du meditative Entspannung im Thermalwasser mit sch\u00f6nen <strong>32 bis 36 \u00b0C<\/strong>. Eine Besonderheit ist hier das Saunieren, das das Physiotherm-Prinzip nutzt, sodass sanftes Schwitzen von innen nach au\u00dfen schon ab Temperaturen von 30 \u00b0C garantiert ist. Es ist wohl die ideale Wahl f\u00fcr alle, denen klassische hei\u00dfe Saunen dem Kreislauf nicht guttun.<\/p>\n\n\n\n<p class=\"wp-block-paragraph\">Laut Preisliste f\u00fcr 2026 kostet der vierst\u00fcndige Eintritt f\u00fcr Erwachsene <strong>28 EUR<\/strong> und das Tagesticket 33 EUR. Wenn du auch die Sauna genie\u00dfen willst, zahlst du 6 EUR extra. Kinder und Jugendliche bis 14 Jahre d\u00fcrfen nur in Begleitung Erwachsener hierher. <strong>\ud83d\udca1 Tipp:<\/strong> Kauf dir vor Ort auf jeden Fall die Moorzeremonie f\u00fcr 7 EUR oder das angenehme Salzpeeling f\u00fcr 4 EUR dazu, deine Haut wird es dir danken.<\/p>\n\n\n\n<figure data-wp-context=\"{&quot;imageId&quot;:&quot;6a9c73e06bcd1&quot;}\" data-wp-interactive=\"core\/image\" data-wp-key=\"6a9c73e06bcd1\" class=\"wp-block-image size-full wp-lightbox-container\"><img decoding=\"async\" width=\"1800\" height=\"1800\" data-wp-class--hide=\"state.isContentHidden\" data-wp-class--show=\"state.isContentVisible\" data-wp-init=\"callbacks.setButtonStyles\" data-wp-on--click=\"actions.showLightbox\" data-wp-on--load=\"callbacks.setButtonStyles\" data-wp-on--pointerdown=\"actions.preloadImage\" data-wp-on--pointerenter=\"actions.preloadImageWithDelay\" data-wp-on--pointerleave=\"actions.cancelPreload\" data-wp-on-window--resize=\"callbacks.setButtonStyles\" src=\"https:\/\/loudavymkrokem.cz\/wp-content\/uploads\/2026\/09\/nemecko-clanky-termaly-nemecko-09-cf7ab67f.jpg\" alt=\"KissSalis Therme (Bad Kissingen): Au\u00dfenbecken\" class=\"wp-image-415296\" title=\"\" srcset=\"https:\/\/loudavymkrokem.cz\/wp-content\/uploads\/2026\/09\/nemecko-clanky-termaly-nemecko-09-cf7ab67f.jpg 1800w, https:\/\/loudavymkrokem.cz\/wp-content\/uploads\/2026\/09\/nemecko-clanky-termaly-nemecko-09-cf7ab67f-300x300.jpg 300w, https:\/\/loudavymkrokem.cz\/wp-content\/uploads\/2026\/09\/nemecko-clanky-termaly-nemecko-09-cf7ab67f-700x700.jpg 700w, https:\/\/loudavymkrokem.cz\/wp-content\/uploads\/2026\/09\/nemecko-clanky-termaly-nemecko-09-cf7ab67f-150x150.jpg 150w, https:\/\/loudavymkrokem.cz\/wp-content\/uploads\/2026\/09\/nemecko-clanky-termaly-nemecko-09-cf7ab67f-768x768.jpg 768w, https:\/\/loudavymkrokem.cz\/wp-content\/uploads\/2026\/09\/nemecko-clanky-termaly-nemecko-09-cf7ab67f-1536x1536.jpg 1536w, https:\/\/loudavymkrokem.cz\/wp-content\/uploads\/2026\/09\/nemecko-clanky-termaly-nemecko-09-cf7ab67f-696x696.jpg 696w, https:\/\/loudavymkrokem.cz\/wp-content\/uploads\/2026\/09\/nemecko-clanky-termaly-nemecko-09-cf7ab67f-1392x1392.jpg 1392w\" sizes=\"(max-width: 1800px) 100vw, 1800px\" \/><button\n\t\t\tclass=\"lightbox-trigger\"\n\t\t\ttype=\"button\"\n\t\t\taria-haspopup=\"dialog\"\n\t\t\tdata-wp-bind--aria-label=\"state.thisImage.triggerButtonAriaLabel\"\n\t\t\tdata-wp-init=\"callbacks.initTriggerButton\"\n\t\t\tdata-wp-on--click=\"actions.showLightbox\"\n\t\t\tdata-wp-style--right=\"state.thisImage.buttonRight\"\n\t\t\tdata-wp-style--top=\"state.thisImage.buttonTop\"\n\t\t>\n\t\t\t<svg xmlns=\"http:\/\/www.w3.org\/2000\/svg\" width=\"12\" height=\"12\" fill=\"none\" viewBox=\"0 0 12 12\">\n\t\t\t\t<path fill=\"#fff\" d=\"M2 0a2 2 0 0 0-2 2v2h1.5V2a.5.5 0 0 1 .5-.5h2V0H2Zm2 10.5H2a.5.5 0 0 1-.5-.5V8H0v2a2 2 0 0 0 2 2h2v-1.5ZM8 12v-1.5h2a.5.5 0 0 0 .5-.5V8H12v2a2 2 0 0 1-2 2H8Zm2-12a2 2 0 0 1 2 2v2h-1.5V2a.5.5 0 0 0-.5-.5H8V0h2Z\" \/>\n\t\t\t<\/svg>\n\t\t<\/button><\/figure>\n\n\n\n<h3 class=\"wp-block-heading\"><span class=\"ez-toc-section\" id=\"4_KissSalis_Therme_Bad_Kissingen\"><\/span>4. KissSalis Therme (Bad Kissingen)<span class=\"ez-toc-section-end\"><\/span><\/h3>\n\n\n\n<p class=\"wp-block-paragraph\">Fahr in diese Therme in Bad Kissingen, wenn du eine wirklich weitl\u00e4ufige und abwechslungsreiche Anlage suchst. Sie erstreckt sich \u00fcber eine Fl\u00e4che von <strong>8.000 Quadratmetern<\/strong>, und du findest hier insgesamt 10 Innen- und Au\u00dfenbecken. Die allermeisten davon sind mit kostbarem Thermalwasser direkt aus Bad Kissingen gef\u00fcllt. Die Innenthermenlandschaft, die gro\u00dfz\u00fcgige 1.000 Quadratmeter Wasserfl\u00e4che bietet, w\u00e4rmt dich mit Wasser von <strong>32 bis 38 \u00b0C<\/strong>.<\/p>\n\n\n\n<p class=\"wp-block-paragraph\">Herz des Komplexes ist ein gro\u00dfes Innenbecken mit Massageliegen und Wasserfall, an das zwei Whirlpools mit bis zu 38 \u00b0C anschlie\u00dfen. Drau\u00dfen begeistert dich das warme Au\u00dfenbecken, ein Str\u00f6mungskanal und ein spezielles intensives Solebecken mit einer <strong>Salzkonzentration von 6 bis 8 %<\/strong>, in dem du unter dem Sternenhimmel wunderbar schwebst. Zum Abk\u00fchlen dient perfekt das Kaltbecken mit 18 \u00b0C oder die Kneipp-Wechselpfade, wo die Kieselsteine die Reflexzonen der F\u00fc\u00dfe angenehm massieren.<\/p>\n\n\n\n<p class=\"wp-block-paragraph\">Der Saunapark ist hier eine echte Oase der Ruhe mit einem weitl\u00e4ufigen Saunagarten. Er bietet insgesamt <strong>9 verschiedene Saunen und Dampfb\u00e4der<\/strong>, in denen zahlreiche Saunarituale stattfinden. Wenn du hohe Luftfeuchtigkeit vertr\u00e4gst, probiere das verglaste Dampfbad mit 47 \u00b0C und hundertprozentiger Luftfeuchtigkeit. <strong>\ud83d\udca1 Tipp:<\/strong> Vergiss nicht die Salzinhalation, wo bei 40 bis 45 \u00b0C nat\u00fcrliche Sole tropft, was die Atemwege absolut fantastisch befreit.<\/p>\n\n\n\n<figure data-wp-context=\"{&quot;imageId&quot;:&quot;6a9c73e06c3f3&quot;}\" data-wp-interactive=\"core\/image\" data-wp-key=\"6a9c73e06c3f3\" class=\"wp-block-image size-full wp-lightbox-container\"><img decoding=\"async\" width=\"1800\" height=\"1200\" data-wp-class--hide=\"state.isContentHidden\" data-wp-class--show=\"state.isContentVisible\" data-wp-init=\"callbacks.setButtonStyles\" data-wp-on--click=\"actions.showLightbox\" data-wp-on--load=\"callbacks.setButtonStyles\" data-wp-on--pointerdown=\"actions.preloadImage\" data-wp-on--pointerenter=\"actions.preloadImageWithDelay\" data-wp-on--pointerleave=\"actions.cancelPreload\" data-wp-on-window--resize=\"callbacks.setButtonStyles\" src=\"https:\/\/loudavymkrokem.cz\/wp-content\/uploads\/2026\/09\/nemecko-clanky-termaly-nemecko-10-62b37e1f.jpg\" alt=\"Hotel Victory Therme Erding (Erding)\" class=\"wp-image-415297\" title=\"\" srcset=\"https:\/\/loudavymkrokem.cz\/wp-content\/uploads\/2026\/09\/nemecko-clanky-termaly-nemecko-10-62b37e1f.jpg 1800w, https:\/\/loudavymkrokem.cz\/wp-content\/uploads\/2026\/09\/nemecko-clanky-termaly-nemecko-10-62b37e1f-300x200.jpg 300w, https:\/\/loudavymkrokem.cz\/wp-content\/uploads\/2026\/09\/nemecko-clanky-termaly-nemecko-10-62b37e1f-700x467.jpg 700w, https:\/\/loudavymkrokem.cz\/wp-content\/uploads\/2026\/09\/nemecko-clanky-termaly-nemecko-10-62b37e1f-768x512.jpg 768w, https:\/\/loudavymkrokem.cz\/wp-content\/uploads\/2026\/09\/nemecko-clanky-termaly-nemecko-10-62b37e1f-1536x1024.jpg 1536w, https:\/\/loudavymkrokem.cz\/wp-content\/uploads\/2026\/09\/nemecko-clanky-termaly-nemecko-10-62b37e1f-696x464.jpg 696w, https:\/\/loudavymkrokem.cz\/wp-content\/uploads\/2026\/09\/nemecko-clanky-termaly-nemecko-10-62b37e1f-1392x928.jpg 1392w\" sizes=\"(max-width: 1800px) 100vw, 1800px\" \/><button\n\t\t\tclass=\"lightbox-trigger\"\n\t\t\ttype=\"button\"\n\t\t\taria-haspopup=\"dialog\"\n\t\t\tdata-wp-bind--aria-label=\"state.thisImage.triggerButtonAriaLabel\"\n\t\t\tdata-wp-init=\"callbacks.initTriggerButton\"\n\t\t\tdata-wp-on--click=\"actions.showLightbox\"\n\t\t\tdata-wp-style--right=\"state.thisImage.buttonRight\"\n\t\t\tdata-wp-style--top=\"state.thisImage.buttonTop\"\n\t\t>\n\t\t\t<svg xmlns=\"http:\/\/www.w3.org\/2000\/svg\" width=\"12\" height=\"12\" fill=\"none\" viewBox=\"0 0 12 12\">\n\t\t\t\t<path fill=\"#fff\" d=\"M2 0a2 2 0 0 0-2 2v2h1.5V2a.5.5 0 0 1 .5-.5h2V0H2Zm2 10.5H2a.5.5 0 0 1-.5-.5V8H0v2a2 2 0 0 0 2 2h2v-1.5ZM8 12v-1.5h2a.5.5 0 0 0 .5-.5V8H12v2a2 2 0 0 1-2 2H8Zm2-12a2 2 0 0 1 2 2v2h-1.5V2a.5.5 0 0 0-.5-.5H8V0h2Z\" \/>\n\t\t\t<\/svg>\n\t\t<\/button><\/figure>\n\n\n\n<h3 class=\"wp-block-heading\"><span class=\"ez-toc-section\" id=\"5_Hotel_Victory_Therme_Erding_Erding\"><\/span>5. Hotel Victory Therme Erding (Erding)<span class=\"ez-toc-section-end\"><\/span><\/h3>\n\n\n\n<p class=\"wp-block-paragraph\">Hier muss man gleich zu Beginn sagen, dass es sich nicht um eine klassische \u00f6ffentliche Therme handelt, sondern um ein <strong>Luxushotel direkt im Areal<\/strong> der ber\u00fchmten Therme Erding. Die Architektur des Geb\u00e4udes ist absolut atemberaubend, denn von au\u00dfen sieht es aus wie eine perfekte Replik des historischen Schiffs HMS Victory, verbunden mit einem prunkvollen venezianischen Palast. Es ist wohl die romantischste Unterkunft, die du in deutschen Thermen erleben kannst.<\/p>\n\n\n\n<p class=\"wp-block-paragraph\">Den G\u00e4sten stehen <strong>128 thematisch eingerichtete Zimmer<\/strong> zur Verf\u00fcgung, die in sieben verschiedene Kategorien aufgeteilt sind. Du kannst in den sogenannten Captain&#8217;s Cabins schlafen, die Schiffsbetten und einen sch\u00f6nen Panoramablick direkt aufs tropische Wellenbad bieten. Wenn du italienische Eleganz bevorzugst, w\u00e4hle die Zimmer Serenissima im venezianischen Stil mit gro\u00dfen Loggient\u00fcren.<\/p>\n\n\n\n<p class=\"wp-block-paragraph\">Ein riesiger Vorteil ist, dass du aus der Hotellobby im Bademantel direkt zum Wellenbad kommst. Im Preis jeder Nacht ist zudem schon der <strong>Eintritt in die Thermen<\/strong> enthalten, inklusive der Ruhezonen VitalOase und VitalTherme &#038; Saunen. Es eignet sich sowohl f\u00fcr Paare als auch f\u00fcr Familien, die ein untraditionelles Erlebnis suchen. <strong>\ud83d\udca1 Tipp:<\/strong> Pass bei der Buchung enorm auf, die offizielle Website ist therme-erding.de, w\u00e4hrend die Seite hotelerding.com nur ein Unterkunftsvergleicher ist und nicht direkt zum Hotel geh\u00f6rt.<\/p>\n\n\n\n<figure data-wp-context=\"{&quot;imageId&quot;:&quot;6a9c73e06caaa&quot;}\" data-wp-interactive=\"core\/image\" data-wp-key=\"6a9c73e06caaa\" class=\"wp-block-image size-full wp-lightbox-container\"><img decoding=\"async\" width=\"1800\" height=\"2400\" data-wp-class--hide=\"state.isContentHidden\" data-wp-class--show=\"state.isContentVisible\" data-wp-init=\"callbacks.setButtonStyles\" data-wp-on--click=\"actions.showLightbox\" data-wp-on--load=\"callbacks.setButtonStyles\" data-wp-on--pointerdown=\"actions.preloadImage\" data-wp-on--pointerenter=\"actions.preloadImageWithDelay\" data-wp-on--pointerleave=\"actions.cancelPreload\" data-wp-on-window--resize=\"callbacks.setButtonStyles\" src=\"https:\/\/loudavymkrokem.cz\/wp-content\/uploads\/2026\/09\/nemecko-clanky-termaly-nemecko-11-338dff9e.jpg\" alt=\"Franken-Therme (Bad Windsheim)\" class=\"wp-image-415298\" title=\"\" srcset=\"https:\/\/loudavymkrokem.cz\/wp-content\/uploads\/2026\/09\/nemecko-clanky-termaly-nemecko-11-338dff9e.jpg 1800w, https:\/\/loudavymkrokem.cz\/wp-content\/uploads\/2026\/09\/nemecko-clanky-termaly-nemecko-11-338dff9e-225x300.jpg 225w, https:\/\/loudavymkrokem.cz\/wp-content\/uploads\/2026\/09\/nemecko-clanky-termaly-nemecko-11-338dff9e-700x933.jpg 700w, https:\/\/loudavymkrokem.cz\/wp-content\/uploads\/2026\/09\/nemecko-clanky-termaly-nemecko-11-338dff9e-768x1024.jpg 768w, https:\/\/loudavymkrokem.cz\/wp-content\/uploads\/2026\/09\/nemecko-clanky-termaly-nemecko-11-338dff9e-1152x1536.jpg 1152w, https:\/\/loudavymkrokem.cz\/wp-content\/uploads\/2026\/09\/nemecko-clanky-termaly-nemecko-11-338dff9e-1536x2048.jpg 1536w, https:\/\/loudavymkrokem.cz\/wp-content\/uploads\/2026\/09\/nemecko-clanky-termaly-nemecko-11-338dff9e-696x928.jpg 696w, https:\/\/loudavymkrokem.cz\/wp-content\/uploads\/2026\/09\/nemecko-clanky-termaly-nemecko-11-338dff9e-1392x1856.jpg 1392w\" sizes=\"(max-width: 1800px) 100vw, 1800px\" \/><button\n\t\t\tclass=\"lightbox-trigger\"\n\t\t\ttype=\"button\"\n\t\t\taria-haspopup=\"dialog\"\n\t\t\tdata-wp-bind--aria-label=\"state.thisImage.triggerButtonAriaLabel\"\n\t\t\tdata-wp-init=\"callbacks.initTriggerButton\"\n\t\t\tdata-wp-on--click=\"actions.showLightbox\"\n\t\t\tdata-wp-style--right=\"state.thisImage.buttonRight\"\n\t\t\tdata-wp-style--top=\"state.thisImage.buttonTop\"\n\t\t>\n\t\t\t<svg xmlns=\"http:\/\/www.w3.org\/2000\/svg\" width=\"12\" height=\"12\" fill=\"none\" viewBox=\"0 0 12 12\">\n\t\t\t\t<path fill=\"#fff\" d=\"M2 0a2 2 0 0 0-2 2v2h1.5V2a.5.5 0 0 1 .5-.5h2V0H2Zm2 10.5H2a.5.5 0 0 1-.5-.5V8H0v2a2 2 0 0 0 2 2h2v-1.5ZM8 12v-1.5h2a.5.5 0 0 0 .5-.5V8H12v2a2 2 0 0 1-2 2H8Zm2-12a2 2 0 0 1 2 2v2h-1.5V2a.5.5 0 0 0-.5-.5H8V0h2Z\" \/>\n\t\t\t<\/svg>\n\t\t<\/button><figcaption class=\"wp-element-caption\">Foto: Andreas Wolf 01 \/ Wikimedia Commons, CC BY 4.0<\/figcaption><\/figure>\n\n\n\n<h3 class=\"wp-block-heading\"><span class=\"ez-toc-section\" id=\"6_Franken-Therme_Bad_Windsheim\"><\/span>6. Franken-Therme (Bad Windsheim)<span class=\"ez-toc-section-end\"><\/span><\/h3>\n\n\n\n<p class=\"wp-block-paragraph\">In der bayerischen Kleinstadt Bad Windsheim erwartet dich ein Erlebnis wie am Toten Meer. Der Stolz hier ist n\u00e4mlich eine spezielle Zone mit einem k\u00fcnstlichen Salzsee, der eine extreme <strong>Salinit\u00e4t von 26,9 %<\/strong> hat. Das Wasser ist auf angenehme 26 bis 30 \u00b0C temperiert, und dank der enormen Salzdichte schwebst du darin ohne jede Anstrengung an der Oberfl\u00e4che. Diese Thermalsole wird aus einer Quelle gepumpt, die nur 200 Meter vom Areal entfernt ist.<\/p>\n\n\n\n<p class=\"wp-block-paragraph\">Au\u00dfer diesem extrem salzigen See findest du hier zwei weitere Innenbecken mit 12 % Salz und 34 bis 36 \u00b0C warmem Wasser. Die klassischen Badehallen bieten dann <strong>drei thermale Solebecken<\/strong> mit einer Konzentration von 1,5 bis 4 % Salz und ein Au\u00dfenbecken. Die Anlage, die im Dezember 2005 f\u00fcr fast 19 Millionen Euro feierlich er\u00f6ffnet und anschlie\u00dfend erweitert wurde, wirkt sehr modern und luftig.<\/p>\n\n\n\n<p class=\"wp-block-paragraph\">Es fehlen auch nicht zwei textile Dampfb\u00e4der und ger\u00e4umige Ruher\u00e4ume. Du kannst dir zudem verschiedenste Wellnessbehandlungen g\u00f6nnen, die von <strong>20 bis 120 Minuten<\/strong> dauern. Das Ganze wirkt wie ein wunderbarer Balsam f\u00fcr den m\u00fcden K\u00f6rper und die Haut. <strong>\ud83d\udca1 Tipp:<\/strong> Nach dem Baden im salzigsten See geh immer gleich duschen, die Salzkristalle k\u00f6nnen nach dem Trocknen auf der Haut recht unangenehm jucken.<\/p>\n\n\n\n<figure data-wp-context=\"{&quot;imageId&quot;:&quot;6a9c73e06d131&quot;}\" data-wp-interactive=\"core\/image\" data-wp-key=\"6a9c73e06d131\" class=\"wp-block-image size-full wp-lightbox-container\"><img decoding=\"async\" width=\"1800\" height=\"1200\" data-wp-class--hide=\"state.isContentHidden\" data-wp-class--show=\"state.isContentVisible\" data-wp-init=\"callbacks.setButtonStyles\" data-wp-on--click=\"actions.showLightbox\" data-wp-on--load=\"callbacks.setButtonStyles\" data-wp-on--pointerdown=\"actions.preloadImage\" data-wp-on--pointerenter=\"actions.preloadImageWithDelay\" data-wp-on--pointerleave=\"actions.cancelPreload\" data-wp-on-window--resize=\"callbacks.setButtonStyles\" src=\"https:\/\/loudavymkrokem.cz\/wp-content\/uploads\/2026\/09\/nemecko-clanky-termaly-nemecko-12-c567f0aa.jpg\" alt=\"Au\u00dfenbecken der K\u00f6niglichen Kristall-Therme in Schwangau mit Blick auf die Alpen\" class=\"wp-image-415476\" title=\"\" srcset=\"https:\/\/loudavymkrokem.cz\/wp-content\/uploads\/2026\/09\/nemecko-clanky-termaly-nemecko-12-c567f0aa.jpg 1800w, https:\/\/loudavymkrokem.cz\/wp-content\/uploads\/2026\/09\/nemecko-clanky-termaly-nemecko-12-c567f0aa-300x200.jpg 300w, https:\/\/loudavymkrokem.cz\/wp-content\/uploads\/2026\/09\/nemecko-clanky-termaly-nemecko-12-c567f0aa-700x467.jpg 700w, https:\/\/loudavymkrokem.cz\/wp-content\/uploads\/2026\/09\/nemecko-clanky-termaly-nemecko-12-c567f0aa-768x512.jpg 768w, https:\/\/loudavymkrokem.cz\/wp-content\/uploads\/2026\/09\/nemecko-clanky-termaly-nemecko-12-c567f0aa-1536x1024.jpg 1536w, https:\/\/loudavymkrokem.cz\/wp-content\/uploads\/2026\/09\/nemecko-clanky-termaly-nemecko-12-c567f0aa-696x464.jpg 696w, https:\/\/loudavymkrokem.cz\/wp-content\/uploads\/2026\/09\/nemecko-clanky-termaly-nemecko-12-c567f0aa-1392x928.jpg 1392w\" sizes=\"(max-width: 1800px) 100vw, 1800px\" \/><button\n\t\t\tclass=\"lightbox-trigger\"\n\t\t\ttype=\"button\"\n\t\t\taria-haspopup=\"dialog\"\n\t\t\tdata-wp-bind--aria-label=\"state.thisImage.triggerButtonAriaLabel\"\n\t\t\tdata-wp-init=\"callbacks.initTriggerButton\"\n\t\t\tdata-wp-on--click=\"actions.showLightbox\"\n\t\t\tdata-wp-style--right=\"state.thisImage.buttonRight\"\n\t\t\tdata-wp-style--top=\"state.thisImage.buttonTop\"\n\t\t>\n\t\t\t<svg xmlns=\"http:\/\/www.w3.org\/2000\/svg\" width=\"12\" height=\"12\" fill=\"none\" viewBox=\"0 0 12 12\">\n\t\t\t\t<path fill=\"#fff\" d=\"M2 0a2 2 0 0 0-2 2v2h1.5V2a.5.5 0 0 1 .5-.5h2V0H2Zm2 10.5H2a.5.5 0 0 1-.5-.5V8H0v2a2 2 0 0 0 2 2h2v-1.5ZM8 12v-1.5h2a.5.5 0 0 0 .5-.5V8H12v2a2 2 0 0 1-2 2H8Zm2-12a2 2 0 0 1 2 2v2h-1.5V2a.5.5 0 0 0-.5-.5H8V0h2Z\" \/>\n\t\t\t<\/svg>\n\t\t<\/button><\/figure>\n\n\n\n<h3 class=\"wp-block-heading\"><span class=\"ez-toc-section\" id=\"7_Koenigliche_Kristall-Therme_Schwangau\"><\/span>7. K\u00f6nigliche Kristall-Therme (Schwangau)<span class=\"ez-toc-section-end\"><\/span><\/h3>\n\n\n\n<p class=\"wp-block-paragraph\">Dieser Ort in Schwangau bezaubert dich schon allein durch seine Lage, denn direkt aus den Thermalbecken genie\u00dft du einen <strong>Panoramablick<\/strong> auf die umliegende Landschaft und im Winter auch auf die verschneiten Alpen. Die ganze Erholungs- und Thermalfl\u00e4che erstreckt sich \u00fcber beachtliche 14.000 Quadratmeter. Das lokale Thermalwasser enth\u00e4lt 2,5 % Salz und wirkt dank einer Temperatur um 34 \u00b0C auf der Haut wie ein sanftes Peeling, sodass sie sich nach dem Bad sp\u00fcrbar zarter anf\u00fchlt.<\/p>\n\n\n\n<p class=\"wp-block-paragraph\">Die Au\u00dfen- und Innenbecken w\u00e4rmen dich mit Wasser zwischen 32 und 36 \u00b0C. Ganz wunderbar sind die lokalen Massaged\u00fcsen, die sanft R\u00fccken, Beine, Bauch und Ges\u00e4\u00df kneten. Saunaliebhaber kommen hier auf ihre Kosten, das Areal verbirgt <strong>5 thematische Saunen<\/strong> mit Temperaturen von 60 bis 100 \u00b0C, von denen drei drinnen und zwei drau\u00dfen sind. Zudem findest du hier einen osmanischen Hamam und zwei Dampfb\u00e4der mit bis zu 48 \u00b0C.<\/p>\n\n\n\n<p class=\"wp-block-paragraph\">Laut Preisliste f\u00fcr 2026 kostet der Feierabendtarif ab 18 Uhr <strong>19 EUR<\/strong> f\u00fcr Erwachsene ins reine Thermalbad und <strong>26 EUR<\/strong> in der Variante mit Wohlf\u00fchltherme und Zauberberg. Es ist ein idealer Ort f\u00fcr eine romantische Auszeit zu zweit. <strong>\ud83d\udca1 Tipp:<\/strong> Der Abendtarif gilt ganzj\u00e4hrig, aber pass auf, er wird an Wochenenden und w\u00e4hrend der bayerischen Feiertage nicht anerkannt.<\/p>\n\n\n\n<figure data-wp-context=\"{&quot;imageId&quot;:&quot;6a9c73e06d6be&quot;}\" data-wp-interactive=\"core\/image\" data-wp-key=\"6a9c73e06d6be\" class=\"wp-block-image size-full wp-lightbox-container\"><img decoding=\"async\" width=\"1714\" height=\"2560\" data-wp-class--hide=\"state.isContentHidden\" data-wp-class--show=\"state.isContentVisible\" data-wp-init=\"callbacks.setButtonStyles\" data-wp-on--click=\"actions.showLightbox\" data-wp-on--load=\"callbacks.setButtonStyles\" data-wp-on--pointerdown=\"actions.preloadImage\" data-wp-on--pointerenter=\"actions.preloadImageWithDelay\" data-wp-on--pointerleave=\"actions.cancelPreload\" data-wp-on-window--resize=\"callbacks.setButtonStyles\" src=\"https:\/\/loudavymkrokem.cz\/wp-content\/uploads\/2026\/09\/nemecko-clanky-termaly-nemecko-13-83289bd6-scaled.jpg\" alt=\"Limes-Therme (Bad G\u00f6gging): Saunabereich\" class=\"wp-image-415302\" title=\"\" srcset=\"https:\/\/loudavymkrokem.cz\/wp-content\/uploads\/2026\/09\/nemecko-clanky-termaly-nemecko-13-83289bd6-scaled.jpg 1714w, https:\/\/loudavymkrokem.cz\/wp-content\/uploads\/2026\/09\/nemecko-clanky-termaly-nemecko-13-83289bd6-201x300.jpg 201w, https:\/\/loudavymkrokem.cz\/wp-content\/uploads\/2026\/09\/nemecko-clanky-termaly-nemecko-13-83289bd6-700x1045.jpg 700w, https:\/\/loudavymkrokem.cz\/wp-content\/uploads\/2026\/09\/nemecko-clanky-termaly-nemecko-13-83289bd6-768x1147.jpg 768w, https:\/\/loudavymkrokem.cz\/wp-content\/uploads\/2026\/09\/nemecko-clanky-termaly-nemecko-13-83289bd6-1029x1536.jpg 1029w, https:\/\/loudavymkrokem.cz\/wp-content\/uploads\/2026\/09\/nemecko-clanky-termaly-nemecko-13-83289bd6-1371x2048.jpg 1371w, https:\/\/loudavymkrokem.cz\/wp-content\/uploads\/2026\/09\/nemecko-clanky-termaly-nemecko-13-83289bd6-696x1039.jpg 696w, https:\/\/loudavymkrokem.cz\/wp-content\/uploads\/2026\/09\/nemecko-clanky-termaly-nemecko-13-83289bd6-1392x2079.jpg 1392w\" sizes=\"(max-width: 1714px) 100vw, 1714px\" \/><button\n\t\t\tclass=\"lightbox-trigger\"\n\t\t\ttype=\"button\"\n\t\t\taria-haspopup=\"dialog\"\n\t\t\tdata-wp-bind--aria-label=\"state.thisImage.triggerButtonAriaLabel\"\n\t\t\tdata-wp-init=\"callbacks.initTriggerButton\"\n\t\t\tdata-wp-on--click=\"actions.showLightbox\"\n\t\t\tdata-wp-style--right=\"state.thisImage.buttonRight\"\n\t\t\tdata-wp-style--top=\"state.thisImage.buttonTop\"\n\t\t>\n\t\t\t<svg xmlns=\"http:\/\/www.w3.org\/2000\/svg\" width=\"12\" height=\"12\" fill=\"none\" viewBox=\"0 0 12 12\">\n\t\t\t\t<path fill=\"#fff\" d=\"M2 0a2 2 0 0 0-2 2v2h1.5V2a.5.5 0 0 1 .5-.5h2V0H2Zm2 10.5H2a.5.5 0 0 1-.5-.5V8H0v2a2 2 0 0 0 2 2h2v-1.5ZM8 12v-1.5h2a.5.5 0 0 0 .5-.5V8H12v2a2 2 0 0 1-2 2H8Zm2-12a2 2 0 0 1 2 2v2h-1.5V2a.5.5 0 0 0-.5-.5H8V0h2Z\" \/>\n\t\t\t<\/svg>\n\t\t<\/button><figcaption class=\"wp-element-caption\">Foto: Bad G\u00f6gging from Bad G\u00f6gging, Deutschland \/ Wikimedia Commons, CC BY 2.0<\/figcaption><\/figure>\n\n\n\n<h3 class=\"wp-block-heading\"><span class=\"ez-toc-section\" id=\"8_Limes-Therme_Bad_Goegging\"><\/span>8. Limes-Therme (Bad G\u00f6gging)<span class=\"ez-toc-section-end\"><\/span><\/h3>\n\n\n\n<p class=\"wp-block-paragraph\">In Bad G\u00f6gging triffst du auf eine Therme mit sehr tiefen Wurzeln. Das Heilwasser wird hier n\u00e4mlich aus einer beachtlichen <strong>Tiefe von \u00fcber 600 Metern<\/strong> gepumpt und ist voller wichtiger Spurenelemente. Au\u00dferdem r\u00fchmt sich das Areal mit Schwefelwasser, das aus 120 Metern Tiefe entspringt und seine nat\u00fcrliche Temperatur von 13,5 \u00b0C sowie den hohen Schwefelgehalt bewahrt. Es ist ein sehr spezifisches Areal, das vor allem Liebhaber ruhiger Kurkultur begeistert.<\/p>\n\n\n\n<p class=\"wp-block-paragraph\">Den G\u00e4sten stehen insgesamt <strong>15 Innen- und Au\u00dfenbecken<\/strong> zur Verf\u00fcgung, die zusammen eine Wasserfl\u00e4che von 1.250 Quadratmetern bilden. In den Thermalbecken liegt die Temperatur von erfrischenden 28 \u00b0C bis zu hei\u00dfen 36 \u00b0C. Du findest hier etwa drei h\u00f6henversetzte Becken Nymph\u00e4a oder ein spezielles Therapiebecken. Kr\u00f6nung ist die r\u00f6mische Sauna, die hei\u00dfe R\u00e4ume mit bis zu 90 \u00b0C, Abk\u00fchlbecken und Waschzonen bietet.<\/p>\n\n\n\n<p class=\"wp-block-paragraph\">Laut Preisliste f\u00fcr 2026 kostet das dreist\u00fcndige Abendticket ab 17 Uhr <strong>15 EUR<\/strong>. Wenn du auch die erw\u00e4hnte r\u00f6mische Sauna probieren willst, zahlst du zum Tarif weitere 7 EUR dazu. Den ganzen Komplex umgibt zudem ein idyllischer Garten von 600 Quadratmetern. <strong>\ud83d\udca1 Tipp:<\/strong> Nimm dir in den Sommermonaten unbedingt Zeit f\u00fcr die Erholung in diesem riesigen Garten, hier herrscht herrliche Ruhe.<\/p>\n\n\n\n<figure data-wp-context=\"{&quot;imageId&quot;:&quot;6a9c73e06dd6f&quot;}\" data-wp-interactive=\"core\/image\" data-wp-key=\"6a9c73e06dd6f\" class=\"wp-block-image size-full wp-lightbox-container\"><img decoding=\"async\" width=\"1800\" height=\"1200\" data-wp-class--hide=\"state.isContentHidden\" data-wp-class--show=\"state.isContentVisible\" data-wp-init=\"callbacks.setButtonStyles\" data-wp-on--click=\"actions.showLightbox\" data-wp-on--load=\"callbacks.setButtonStyles\" data-wp-on--pointerdown=\"actions.preloadImage\" data-wp-on--pointerenter=\"actions.preloadImageWithDelay\" data-wp-on--pointerleave=\"actions.cancelPreload\" data-wp-on-window--resize=\"callbacks.setButtonStyles\" src=\"https:\/\/loudavymkrokem.cz\/wp-content\/uploads\/2026\/09\/nemecko-clanky-termaly-nemecko-14-1b6f61cf.jpg\" alt=\"Therme Bad Griesbach (Bad Griesbach)\" class=\"wp-image-415303\" title=\"\" srcset=\"https:\/\/loudavymkrokem.cz\/wp-content\/uploads\/2026\/09\/nemecko-clanky-termaly-nemecko-14-1b6f61cf.jpg 1800w, https:\/\/loudavymkrokem.cz\/wp-content\/uploads\/2026\/09\/nemecko-clanky-termaly-nemecko-14-1b6f61cf-300x200.jpg 300w, https:\/\/loudavymkrokem.cz\/wp-content\/uploads\/2026\/09\/nemecko-clanky-termaly-nemecko-14-1b6f61cf-700x467.jpg 700w, https:\/\/loudavymkrokem.cz\/wp-content\/uploads\/2026\/09\/nemecko-clanky-termaly-nemecko-14-1b6f61cf-768x512.jpg 768w, https:\/\/loudavymkrokem.cz\/wp-content\/uploads\/2026\/09\/nemecko-clanky-termaly-nemecko-14-1b6f61cf-1536x1024.jpg 1536w, https:\/\/loudavymkrokem.cz\/wp-content\/uploads\/2026\/09\/nemecko-clanky-termaly-nemecko-14-1b6f61cf-696x464.jpg 696w, https:\/\/loudavymkrokem.cz\/wp-content\/uploads\/2026\/09\/nemecko-clanky-termaly-nemecko-14-1b6f61cf-1392x928.jpg 1392w\" sizes=\"(max-width: 1800px) 100vw, 1800px\" \/><button\n\t\t\tclass=\"lightbox-trigger\"\n\t\t\ttype=\"button\"\n\t\t\taria-haspopup=\"dialog\"\n\t\t\tdata-wp-bind--aria-label=\"state.thisImage.triggerButtonAriaLabel\"\n\t\t\tdata-wp-init=\"callbacks.initTriggerButton\"\n\t\t\tdata-wp-on--click=\"actions.showLightbox\"\n\t\t\tdata-wp-style--right=\"state.thisImage.buttonRight\"\n\t\t\tdata-wp-style--top=\"state.thisImage.buttonTop\"\n\t\t>\n\t\t\t<svg xmlns=\"http:\/\/www.w3.org\/2000\/svg\" width=\"12\" height=\"12\" fill=\"none\" viewBox=\"0 0 12 12\">\n\t\t\t\t<path fill=\"#fff\" d=\"M2 0a2 2 0 0 0-2 2v2h1.5V2a.5.5 0 0 1 .5-.5h2V0H2Zm2 10.5H2a.5.5 0 0 1-.5-.5V8H0v2a2 2 0 0 0 2 2h2v-1.5ZM8 12v-1.5h2a.5.5 0 0 0 .5-.5V8H12v2a2 2 0 0 1-2 2H8Zm2-12a2 2 0 0 1 2 2v2h-1.5V2a.5.5 0 0 0-.5-.5H8V0h2Z\" \/>\n\t\t\t<\/svg>\n\t\t<\/button><\/figure>\n\n\n\n<h3 class=\"wp-block-heading\"><span class=\"ez-toc-section\" id=\"9_Therme_Bad_Griesbach_Bad_Griesbach\"><\/span>9. Therme Bad Griesbach (Bad Griesbach)<span class=\"ez-toc-section-end\"><\/span><\/h3>\n\n\n\n<p class=\"wp-block-paragraph\">Diesen Komplex suchen die Leute am h\u00e4ufigsten unter dem Namen der Stadt, offiziell hei\u00dft er aber THERME EINS. Sein absolutes Unikat ist die Saunawelt Saunahof, die in einem <strong>originalen Rottaler Vierseithof aus dem 18. Jahrhundert<\/strong> eingerichtet ist. Die Verbindung von alter rustikaler Architektur und modernem Wellnesserlebnis funktioniert hier hervorragend und schafft eine unglaublich gem\u00fctliche Atmosph\u00e4re.<\/p>\n\n\n\n<p class=\"wp-block-paragraph\">Der Badebereich selbst bietet gleich <strong>12 Thermalbecken<\/strong>, die mit verschiedensten Wasserattraktionen gespickt sind. Du kannst dich unter Wasserf\u00e4llen massieren lassen, eine Massagebahn durchlaufen oder einfach in den Whirlpools entspannen. Die Wassertemperatur befriedigt wirklich jeden, denn sie reicht von angenehmen 30 \u00b0C bis zu unglaublich hei\u00dfen 42 \u00b0C.<\/p>\n\n\n\n<p class=\"wp-block-paragraph\">Im erw\u00e4hnten historischen Hof verbergen sich dann insgesamt sieben verschiedene Saunen, und auch ein klassisches r\u00f6misches Dampfbad fehlt nicht. Es ist ein Ort wie geschaffen f\u00fcr Paare und Liebhaber des traditionellen Saunierens in untraditioneller Umgebung. <strong>\ud83d\udca1 Tipp:<\/strong> Gib in die Navigation wirklich den Namen THERME EINS ein, der offizielle Name f\u00fchrt dich viel zuverl\u00e4ssiger zum Parkplatz.<\/p>\n\n\n\n<figure data-wp-context=\"{&quot;imageId&quot;:&quot;6a9c73e06e4e0&quot;}\" data-wp-interactive=\"core\/image\" data-wp-key=\"6a9c73e06e4e0\" class=\"wp-block-image size-full wp-lightbox-container\"><img decoding=\"async\" width=\"1800\" height=\"843\" data-wp-class--hide=\"state.isContentHidden\" data-wp-class--show=\"state.isContentVisible\" data-wp-init=\"callbacks.setButtonStyles\" data-wp-on--click=\"actions.showLightbox\" data-wp-on--load=\"callbacks.setButtonStyles\" data-wp-on--pointerdown=\"actions.preloadImage\" data-wp-on--pointerenter=\"actions.preloadImageWithDelay\" data-wp-on--pointerleave=\"actions.cancelPreload\" data-wp-on-window--resize=\"callbacks.setButtonStyles\" src=\"https:\/\/loudavymkrokem.cz\/wp-content\/uploads\/2026\/09\/nemecko-clanky-termaly-nemecko-15-c78f7327.jpg\" alt=\"Au\u00dfensaunabereich der Therme Titania in Neus\u00e4\u00df\" class=\"wp-image-415478\" title=\"\" srcset=\"https:\/\/loudavymkrokem.cz\/wp-content\/uploads\/2026\/09\/nemecko-clanky-termaly-nemecko-15-c78f7327.jpg 1800w, https:\/\/loudavymkrokem.cz\/wp-content\/uploads\/2026\/09\/nemecko-clanky-termaly-nemecko-15-c78f7327-300x141.jpg 300w, https:\/\/loudavymkrokem.cz\/wp-content\/uploads\/2026\/09\/nemecko-clanky-termaly-nemecko-15-c78f7327-700x328.jpg 700w, https:\/\/loudavymkrokem.cz\/wp-content\/uploads\/2026\/09\/nemecko-clanky-termaly-nemecko-15-c78f7327-768x360.jpg 768w, https:\/\/loudavymkrokem.cz\/wp-content\/uploads\/2026\/09\/nemecko-clanky-termaly-nemecko-15-c78f7327-1536x719.jpg 1536w, https:\/\/loudavymkrokem.cz\/wp-content\/uploads\/2026\/09\/nemecko-clanky-termaly-nemecko-15-c78f7327-696x326.jpg 696w, https:\/\/loudavymkrokem.cz\/wp-content\/uploads\/2026\/09\/nemecko-clanky-termaly-nemecko-15-c78f7327-1392x652.jpg 1392w\" sizes=\"(max-width: 1800px) 100vw, 1800px\" \/><button\n\t\t\tclass=\"lightbox-trigger\"\n\t\t\ttype=\"button\"\n\t\t\taria-haspopup=\"dialog\"\n\t\t\tdata-wp-bind--aria-label=\"state.thisImage.triggerButtonAriaLabel\"\n\t\t\tdata-wp-init=\"callbacks.initTriggerButton\"\n\t\t\tdata-wp-on--click=\"actions.showLightbox\"\n\t\t\tdata-wp-style--right=\"state.thisImage.buttonRight\"\n\t\t\tdata-wp-style--top=\"state.thisImage.buttonTop\"\n\t\t>\n\t\t\t<svg xmlns=\"http:\/\/www.w3.org\/2000\/svg\" width=\"12\" height=\"12\" fill=\"none\" viewBox=\"0 0 12 12\">\n\t\t\t\t<path fill=\"#fff\" d=\"M2 0a2 2 0 0 0-2 2v2h1.5V2a.5.5 0 0 1 .5-.5h2V0H2Zm2 10.5H2a.5.5 0 0 1-.5-.5V8H0v2a2 2 0 0 0 2 2h2v-1.5ZM8 12v-1.5h2a.5.5 0 0 0 .5-.5V8H12v2a2 2 0 0 1-2 2H8Zm2-12a2 2 0 0 1 2 2v2h-1.5V2a.5.5 0 0 0-.5-.5H8V0h2Z\" \/>\n\t\t\t<\/svg>\n\t\t<\/button><\/figure>\n\n\n\n<h3 class=\"wp-block-heading\"><span class=\"ez-toc-section\" id=\"10_Titania_Neusaess_Neusaess\"><\/span>10. Titania Neus\u00e4\u00df (Neus\u00e4\u00df)<span class=\"ez-toc-section-end\"><\/span><\/h3>\n\n\n\n<p class=\"wp-block-paragraph\">Das Erlebnis- und Thermalareal in Neus\u00e4\u00df ist ein Paradies f\u00fcr Liebhaber extremer Temperaturunterschiede. Die Saunawelt bietet hier eine enorme Vielfalt, die in der <strong>95 \u00b0C hei\u00dfen nordischen Kelosauna<\/strong> gipfelt. Au\u00dferdem findest du hier eine Steinsauna (85 \u00b0C), eine Salzsauna (90 \u00b0C), eine Erdsauna (80 \u00b0C) oder das absolut einzigartige Bierst\u00fcberl. Es ist wohl eines der kreativsten Saunazentren in der weiten Umgebung.<\/p>\n\n\n\n<p class=\"wp-block-paragraph\">Neben den Saunen erfreut auch das reiche Angebot an Becken und B\u00e4dern. Du kannst dich im Hamambecken mit 34 \u00b0C w\u00e4rmen oder das hei\u00dfe Sitzbecken probieren. Zum Abk\u00fchlen dient dann perfekt das <strong>Tauchbecken mit 20 \u00b0C<\/strong>. Wenn du feuchtere W\u00e4rme bevorzugst, geh ins Dampfbad oder Laconium, wo die Temperatur bei angenehmen 45 \u00b0C bleibt.<\/p>\n\n\n\n<p class=\"wp-block-paragraph\">Laut Preisliste f\u00fcr 2026 liegt der normale Eintritt f\u00fcr Erwachsene von <strong>18,50 EUR<\/strong> f\u00fcr den k\u00fcrzeren Eintritt bis zu 28 EUR. Kindertickets kosten von 12 bis 21,50 EUR je nach Aufenthaltsdauer. Das Areal eignet sich hervorragend f\u00fcr Familien mit \u00e4lteren Kindern, die die Vielfalt der Attraktionen schon sch\u00e4tzen k\u00f6nnen. <strong>\ud83d\udca1 Tipp:<\/strong> Wenn du hierher \u00f6fter kommen willst, informiere dich \u00fcber die Bedingungen ihres Clubs, mit den sogenannten Clubtarifen zahlt ein Erwachsener n\u00e4mlich nur ab 9,25 EUR.<\/p>\n\n\n\n<figure data-wp-context=\"{&quot;imageId&quot;:&quot;6a9c73e06ebac&quot;}\" data-wp-interactive=\"core\/image\" data-wp-key=\"6a9c73e06ebac\" class=\"wp-block-image size-full wp-lightbox-container\"><img decoding=\"async\" width=\"1800\" height=\"1200\" data-wp-class--hide=\"state.isContentHidden\" data-wp-class--show=\"state.isContentVisible\" data-wp-init=\"callbacks.setButtonStyles\" data-wp-on--click=\"actions.showLightbox\" data-wp-on--load=\"callbacks.setButtonStyles\" data-wp-on--pointerdown=\"actions.preloadImage\" data-wp-on--pointerenter=\"actions.preloadImageWithDelay\" data-wp-on--pointerleave=\"actions.cancelPreload\" data-wp-on-window--resize=\"callbacks.setButtonStyles\" src=\"https:\/\/loudavymkrokem.cz\/wp-content\/uploads\/2026\/09\/nemecko-clanky-termaly-nemecko-16-25ba2f69.jpg\" alt=\"Fackelmann Therme Hersbruck (Hersbruck)\" class=\"wp-image-415305\" title=\"\" srcset=\"https:\/\/loudavymkrokem.cz\/wp-content\/uploads\/2026\/09\/nemecko-clanky-termaly-nemecko-16-25ba2f69.jpg 1800w, https:\/\/loudavymkrokem.cz\/wp-content\/uploads\/2026\/09\/nemecko-clanky-termaly-nemecko-16-25ba2f69-300x200.jpg 300w, https:\/\/loudavymkrokem.cz\/wp-content\/uploads\/2026\/09\/nemecko-clanky-termaly-nemecko-16-25ba2f69-700x467.jpg 700w, https:\/\/loudavymkrokem.cz\/wp-content\/uploads\/2026\/09\/nemecko-clanky-termaly-nemecko-16-25ba2f69-768x512.jpg 768w, https:\/\/loudavymkrokem.cz\/wp-content\/uploads\/2026\/09\/nemecko-clanky-termaly-nemecko-16-25ba2f69-1536x1024.jpg 1536w, https:\/\/loudavymkrokem.cz\/wp-content\/uploads\/2026\/09\/nemecko-clanky-termaly-nemecko-16-25ba2f69-696x464.jpg 696w, https:\/\/loudavymkrokem.cz\/wp-content\/uploads\/2026\/09\/nemecko-clanky-termaly-nemecko-16-25ba2f69-1392x928.jpg 1392w\" sizes=\"(max-width: 1800px) 100vw, 1800px\" \/><button\n\t\t\tclass=\"lightbox-trigger\"\n\t\t\ttype=\"button\"\n\t\t\taria-haspopup=\"dialog\"\n\t\t\tdata-wp-bind--aria-label=\"state.thisImage.triggerButtonAriaLabel\"\n\t\t\tdata-wp-init=\"callbacks.initTriggerButton\"\n\t\t\tdata-wp-on--click=\"actions.showLightbox\"\n\t\t\tdata-wp-style--right=\"state.thisImage.buttonRight\"\n\t\t\tdata-wp-style--top=\"state.thisImage.buttonTop\"\n\t\t>\n\t\t\t<svg xmlns=\"http:\/\/www.w3.org\/2000\/svg\" width=\"12\" height=\"12\" fill=\"none\" viewBox=\"0 0 12 12\">\n\t\t\t\t<path fill=\"#fff\" d=\"M2 0a2 2 0 0 0-2 2v2h1.5V2a.5.5 0 0 1 .5-.5h2V0H2Zm2 10.5H2a.5.5 0 0 1-.5-.5V8H0v2a2 2 0 0 0 2 2h2v-1.5ZM8 12v-1.5h2a.5.5 0 0 0 .5-.5V8H12v2a2 2 0 0 1-2 2H8Zm2-12a2 2 0 0 1 2 2v2h-1.5V2a.5.5 0 0 0-.5-.5H8V0h2Z\" \/>\n\t\t\t<\/svg>\n\t\t<\/button><figcaption class=\"wp-element-caption\">Foto: Fackelmann Therme Hersbruck \/ Wikimedia Commons, CC BY-SA 3.0<\/figcaption><\/figure>\n\n\n\n<h3 class=\"wp-block-heading\"><span class=\"ez-toc-section\" id=\"11_Fackelmann_Therme_Hersbruck_Hersbruck\"><\/span>11. Fackelmann Therme Hersbruck (Hersbruck)<span class=\"ez-toc-section-end\"><\/span><\/h3>\n\n\n\n<p class=\"wp-block-paragraph\">Diese Anlage, im Dezember 2004 im fr\u00e4nkischen Hersbruck er\u00f6ffnet, lockt vor allem mit staatlich anerkanntem Heilwasser. Es hat tolle Parameter und erreicht schon direkt an der Quelle eine Temperatur von <strong>29,4 \u00b0C<\/strong>. Der Innenteil der Thermenwelt ist wundersch\u00f6n beleuchtet und bietet ein Becken mit 34 \u00b0C warmem Wasser, wo du sogar unter der Oberfl\u00e4che entspannende Unterwassermusik genie\u00dfen kannst.<\/p>\n\n\n\n<p class=\"wp-block-paragraph\">Wenn du lieber frische Luft atmest, geh zum Au\u00dfen-Thermalbecken, das auf herrliche <strong>36 \u00b0C<\/strong> geheizt ist. Du kannst dich hier auf Sprudelliegen ausstrecken oder dir den R\u00fccken von den Massaged\u00fcsen massieren lassen. Aus dem Areal strahlt Gelassenheit, und dank der kleineren Gr\u00f6\u00dfe wirkt es nicht so anonym wie die riesigen Giganten \u00e0 la Erding.<\/p>\n\n\n\n<p class=\"wp-block-paragraph\">Laut Preisliste f\u00fcr 2026 wird bei \u00dcberziehung der bezahlten Zeit ein Aufpreis von <strong>1 EUR pro angebrochene halbe Stunde<\/strong> berechnet. Wenn du zu Hause die Ausr\u00fcstung vergisst, ist das kein Problem, denn hier leiht man dir f\u00fcr 2,50 EUR ein Handtuch und f\u00fcr 5 EUR einen Bademantel. <strong>\ud83d\udca1 Tipp:<\/strong> Nutze die M\u00f6glichkeit, den Bademantel vor Ort zu leihen, in den Rucksack oder Koffer passen dann viele andere Sachen und du musst dich nicht mit sperriger W\u00e4sche schleppen.<\/p>\n\n\n\n<figure data-wp-context=\"{&quot;imageId&quot;:&quot;6a9c73e06f19c&quot;}\" data-wp-interactive=\"core\/image\" data-wp-key=\"6a9c73e06f19c\" class=\"wp-block-image size-full wp-lightbox-container\"><img decoding=\"async\" width=\"1800\" height=\"1350\" data-wp-class--hide=\"state.isContentHidden\" data-wp-class--show=\"state.isContentVisible\" data-wp-init=\"callbacks.setButtonStyles\" data-wp-on--click=\"actions.showLightbox\" data-wp-on--load=\"callbacks.setButtonStyles\" data-wp-on--pointerdown=\"actions.preloadImage\" data-wp-on--pointerenter=\"actions.preloadImageWithDelay\" data-wp-on--pointerleave=\"actions.cancelPreload\" data-wp-on-window--resize=\"callbacks.setButtonStyles\" src=\"https:\/\/loudavymkrokem.cz\/wp-content\/uploads\/2026\/09\/nemecko-clanky-termaly-nemecko-17-4ae5052a.jpg\" alt=\"ThermeNatur (Bad Rodach)\" class=\"wp-image-415306\" title=\"\" srcset=\"https:\/\/loudavymkrokem.cz\/wp-content\/uploads\/2026\/09\/nemecko-clanky-termaly-nemecko-17-4ae5052a.jpg 1800w, https:\/\/loudavymkrokem.cz\/wp-content\/uploads\/2026\/09\/nemecko-clanky-termaly-nemecko-17-4ae5052a-300x225.jpg 300w, https:\/\/loudavymkrokem.cz\/wp-content\/uploads\/2026\/09\/nemecko-clanky-termaly-nemecko-17-4ae5052a-700x525.jpg 700w, https:\/\/loudavymkrokem.cz\/wp-content\/uploads\/2026\/09\/nemecko-clanky-termaly-nemecko-17-4ae5052a-768x576.jpg 768w, https:\/\/loudavymkrokem.cz\/wp-content\/uploads\/2026\/09\/nemecko-clanky-termaly-nemecko-17-4ae5052a-1536x1152.jpg 1536w, https:\/\/loudavymkrokem.cz\/wp-content\/uploads\/2026\/09\/nemecko-clanky-termaly-nemecko-17-4ae5052a-80x60.jpg 80w, https:\/\/loudavymkrokem.cz\/wp-content\/uploads\/2026\/09\/nemecko-clanky-termaly-nemecko-17-4ae5052a-160x120.jpg 160w, https:\/\/loudavymkrokem.cz\/wp-content\/uploads\/2026\/09\/nemecko-clanky-termaly-nemecko-17-4ae5052a-696x522.jpg 696w, https:\/\/loudavymkrokem.cz\/wp-content\/uploads\/2026\/09\/nemecko-clanky-termaly-nemecko-17-4ae5052a-1392x1044.jpg 1392w\" sizes=\"(max-width: 1800px) 100vw, 1800px\" \/><button\n\t\t\tclass=\"lightbox-trigger\"\n\t\t\ttype=\"button\"\n\t\t\taria-haspopup=\"dialog\"\n\t\t\tdata-wp-bind--aria-label=\"state.thisImage.triggerButtonAriaLabel\"\n\t\t\tdata-wp-init=\"callbacks.initTriggerButton\"\n\t\t\tdata-wp-on--click=\"actions.showLightbox\"\n\t\t\tdata-wp-style--right=\"state.thisImage.buttonRight\"\n\t\t\tdata-wp-style--top=\"state.thisImage.buttonTop\"\n\t\t>\n\t\t\t<svg xmlns=\"http:\/\/www.w3.org\/2000\/svg\" width=\"12\" height=\"12\" fill=\"none\" viewBox=\"0 0 12 12\">\n\t\t\t\t<path fill=\"#fff\" d=\"M2 0a2 2 0 0 0-2 2v2h1.5V2a.5.5 0 0 1 .5-.5h2V0H2Zm2 10.5H2a.5.5 0 0 1-.5-.5V8H0v2a2 2 0 0 0 2 2h2v-1.5ZM8 12v-1.5h2a.5.5 0 0 0 .5-.5V8H12v2a2 2 0 0 1-2 2H8Zm2-12a2 2 0 0 1 2 2v2h-1.5V2a.5.5 0 0 0-.5-.5H8V0h2Z\" \/>\n\t\t\t<\/svg>\n\t\t<\/button><\/figure>\n\n\n\n<h3 class=\"wp-block-heading\"><span class=\"ez-toc-section\" id=\"12_ThermeNatur_Bad_Rodach\"><\/span>12. ThermeNatur (Bad Rodach)<span class=\"ez-toc-section-end\"><\/span><\/h3>\n\n\n\n<p class=\"wp-block-paragraph\">Diese Kuranlage findest du in der Kleinstadt Bad Rodach, und sie ist vor allem f\u00fcr ihr au\u00dfergew\u00f6hnlich hochwertiges Wasser bekannt. Die lokale Thermalquelle, die 1972 entdeckt wurde, wird aus einer <strong>Tiefe von 652 Metern<\/strong> gepumpt und r\u00fchmt sich mit dem Titel der w\u00e4rmsten Quelle der ganzen weiten Region. Direkt aus den Tiefen der Erde entspringt sie mit herrlichen 34 \u00b0C.<\/p>\n\n\n\n<p class=\"wp-block-paragraph\">Das Areal ist eher als traditionelle Kuranlage konzipiert, und du findest hier keine wilden Adrenalin-Massen. Zur Verf\u00fcgung stehen eine <strong>Bade- und Saunalandschaft<\/strong>, erg\u00e4nzt durch eine spezialisierte Wellnessabteilung. Es ist genau die Art Ort, an den man f\u00e4hrt, um Kraft zu tanken, langsamer zu werden und das Heilwasser seine Arbeit am Bewegungsapparat tun zu lassen.<\/p>\n\n\n\n<p class=\"wp-block-paragraph\">Es eignet sich prim\u00e4r f\u00fcr Erwachsene, Paare und Senioren, die Ruhe und echte Rehabilitation suchen. Wenn du also \u00fcber ein ruhiges Wochenende mit einem Buch und dem Erw\u00e4rmen der Gelenke nachdenkst, liegst du hier goldrichtig. <strong>\ud83d\udca1 Tipp:<\/strong> Wenn du R\u00fcckenprobleme hast, buche im Voraus eine der Behandlungen in der hiesigen Wellnessabteilung, sie haben mit der Nutzung des lokalen Wassers enorme Erfahrung.<\/p>\n\n\n\n<figure data-wp-context=\"{&quot;imageId&quot;:&quot;6a9c73e06f7c5&quot;}\" data-wp-interactive=\"core\/image\" data-wp-key=\"6a9c73e06f7c5\" class=\"wp-block-image size-full wp-lightbox-container\"><img decoding=\"async\" width=\"1800\" height=\"1200\" data-wp-class--hide=\"state.isContentHidden\" data-wp-class--show=\"state.isContentVisible\" data-wp-init=\"callbacks.setButtonStyles\" data-wp-on--click=\"actions.showLightbox\" data-wp-on--load=\"callbacks.setButtonStyles\" data-wp-on--pointerdown=\"actions.preloadImage\" data-wp-on--pointerenter=\"actions.preloadImageWithDelay\" data-wp-on--pointerleave=\"actions.cancelPreload\" data-wp-on-window--resize=\"callbacks.setButtonStyles\" src=\"https:\/\/loudavymkrokem.cz\/wp-content\/uploads\/2026\/09\/nemecko-clanky-termaly-nemecko-18-1233e231.jpg\" alt=\"Johannesbad Therme Bad F\u00fcssing (Bad F\u00fcssing)\" class=\"wp-image-415307\" title=\"\" srcset=\"https:\/\/loudavymkrokem.cz\/wp-content\/uploads\/2026\/09\/nemecko-clanky-termaly-nemecko-18-1233e231.jpg 1800w, https:\/\/loudavymkrokem.cz\/wp-content\/uploads\/2026\/09\/nemecko-clanky-termaly-nemecko-18-1233e231-300x200.jpg 300w, https:\/\/loudavymkrokem.cz\/wp-content\/uploads\/2026\/09\/nemecko-clanky-termaly-nemecko-18-1233e231-700x467.jpg 700w, https:\/\/loudavymkrokem.cz\/wp-content\/uploads\/2026\/09\/nemecko-clanky-termaly-nemecko-18-1233e231-768x512.jpg 768w, https:\/\/loudavymkrokem.cz\/wp-content\/uploads\/2026\/09\/nemecko-clanky-termaly-nemecko-18-1233e231-1536x1024.jpg 1536w, https:\/\/loudavymkrokem.cz\/wp-content\/uploads\/2026\/09\/nemecko-clanky-termaly-nemecko-18-1233e231-696x464.jpg 696w, https:\/\/loudavymkrokem.cz\/wp-content\/uploads\/2026\/09\/nemecko-clanky-termaly-nemecko-18-1233e231-1392x928.jpg 1392w\" sizes=\"(max-width: 1800px) 100vw, 1800px\" \/><button\n\t\t\tclass=\"lightbox-trigger\"\n\t\t\ttype=\"button\"\n\t\t\taria-haspopup=\"dialog\"\n\t\t\tdata-wp-bind--aria-label=\"state.thisImage.triggerButtonAriaLabel\"\n\t\t\tdata-wp-init=\"callbacks.initTriggerButton\"\n\t\t\tdata-wp-on--click=\"actions.showLightbox\"\n\t\t\tdata-wp-style--right=\"state.thisImage.buttonRight\"\n\t\t\tdata-wp-style--top=\"state.thisImage.buttonTop\"\n\t\t>\n\t\t\t<svg xmlns=\"http:\/\/www.w3.org\/2000\/svg\" width=\"12\" height=\"12\" fill=\"none\" viewBox=\"0 0 12 12\">\n\t\t\t\t<path fill=\"#fff\" d=\"M2 0a2 2 0 0 0-2 2v2h1.5V2a.5.5 0 0 1 .5-.5h2V0H2Zm2 10.5H2a.5.5 0 0 1-.5-.5V8H0v2a2 2 0 0 0 2 2h2v-1.5ZM8 12v-1.5h2a.5.5 0 0 0 .5-.5V8H12v2a2 2 0 0 1-2 2H8Zm2-12a2 2 0 0 1 2 2v2h-1.5V2a.5.5 0 0 0-.5-.5H8V0h2Z\" \/>\n\t\t\t<\/svg>\n\t\t<\/button><\/figure>\n\n\n\n<h3 class=\"wp-block-heading\"><span class=\"ez-toc-section\" id=\"13_Johannesbad_Therme_Bad_Fuessing_Bad_Fuessing\"><\/span>13. Johannesbad Therme Bad F\u00fcssing (Bad F\u00fcssing)<span class=\"ez-toc-section-end\"><\/span><\/h3>\n\n\n\n<p class=\"wp-block-paragraph\">Beim Besuch von Bad F\u00fcssing triffst du auf eine Anlage, die zu den gr\u00f6\u00dften Thermen in ganz Europa z\u00e4hlt. Sie bietet n\u00e4mlich unglaubliche <strong>4.500 Quadratmeter Wasseroberfl\u00e4che<\/strong>, die sich \u00fcber dreizehn riesige Becken verteilen. Das Wasser stammt aus der Johannesquelle, die hier 1964 die Familie Zwick anbohrte, und kommt aus einer Tiefe von glatten tausend Metern.<\/p>\n\n\n\n<p class=\"wp-block-paragraph\">Direkt an der Quelle hat das Wasser <strong>56 \u00b0C<\/strong>, aber in den Becken genie\u00dft du es abgek\u00fchlt auf angenehme 27 bis 39 \u00b0C. Die Anlage, die seit 1969 gemeinsam mit der angrenzenden Klinik betrieben wird, umgeben gigantische Au\u00dfenliegefl\u00e4chen von 60.000 Quadratmetern. Es fehlt auch nicht ein 800 Quadratmeter gro\u00dfer Saunabereich mit vier Saunen und einem Dampfbad.<\/p>\n\n\n\n<p class=\"wp-block-paragraph\">Es ist ein Gigant, der stark auf Gesundheit, Pr\u00e4vention und Heilung ausgerichtet ist, deshalb kommen hierher enorm viele Menschen zur Rehabilitation. Erwarte hier keine intime Atmosph\u00e4re, sondern eher erstklassige Kurpflege im riesigen Ma\u00dfstab. <strong>\ud83d\udca1 Tipp:<\/strong> Nimm dir in den Sommermonaten unbedingt eine gro\u00dfe Decke mit, die riesigen Rasenfl\u00e4chen drau\u00dfen sind f\u00fcrs ganzt\u00e4gige Liegen in der Sonne ideal.<\/p>\n\n\n\n<figure data-wp-context=\"{&quot;imageId&quot;:&quot;6a9c73e06fd7d&quot;}\" data-wp-interactive=\"core\/image\" data-wp-key=\"6a9c73e06fd7d\" class=\"wp-block-image size-full wp-lightbox-container\"><img decoding=\"async\" width=\"1800\" height=\"750\" data-wp-class--hide=\"state.isContentHidden\" data-wp-class--show=\"state.isContentVisible\" data-wp-init=\"callbacks.setButtonStyles\" data-wp-on--click=\"actions.showLightbox\" data-wp-on--load=\"callbacks.setButtonStyles\" data-wp-on--pointerdown=\"actions.preloadImage\" data-wp-on--pointerenter=\"actions.preloadImageWithDelay\" data-wp-on--pointerleave=\"actions.cancelPreload\" data-wp-on-window--resize=\"callbacks.setButtonStyles\" src=\"https:\/\/loudavymkrokem.cz\/wp-content\/uploads\/2026\/09\/nemecko-clanky-termaly-nemecko-19-48dd8934.jpg\" alt=\"Becken mit Wasserattraktionen in der Europa Therme in Bad F\u00fcssing\" class=\"wp-image-415483\" title=\"\" srcset=\"https:\/\/loudavymkrokem.cz\/wp-content\/uploads\/2026\/09\/nemecko-clanky-termaly-nemecko-19-48dd8934.jpg 1800w, https:\/\/loudavymkrokem.cz\/wp-content\/uploads\/2026\/09\/nemecko-clanky-termaly-nemecko-19-48dd8934-300x125.jpg 300w, https:\/\/loudavymkrokem.cz\/wp-content\/uploads\/2026\/09\/nemecko-clanky-termaly-nemecko-19-48dd8934-700x292.jpg 700w, https:\/\/loudavymkrokem.cz\/wp-content\/uploads\/2026\/09\/nemecko-clanky-termaly-nemecko-19-48dd8934-768x320.jpg 768w, https:\/\/loudavymkrokem.cz\/wp-content\/uploads\/2026\/09\/nemecko-clanky-termaly-nemecko-19-48dd8934-1536x640.jpg 1536w, https:\/\/loudavymkrokem.cz\/wp-content\/uploads\/2026\/09\/nemecko-clanky-termaly-nemecko-19-48dd8934-696x290.jpg 696w, https:\/\/loudavymkrokem.cz\/wp-content\/uploads\/2026\/09\/nemecko-clanky-termaly-nemecko-19-48dd8934-1392x580.jpg 1392w\" sizes=\"(max-width: 1800px) 100vw, 1800px\" \/><button\n\t\t\tclass=\"lightbox-trigger\"\n\t\t\ttype=\"button\"\n\t\t\taria-haspopup=\"dialog\"\n\t\t\tdata-wp-bind--aria-label=\"state.thisImage.triggerButtonAriaLabel\"\n\t\t\tdata-wp-init=\"callbacks.initTriggerButton\"\n\t\t\tdata-wp-on--click=\"actions.showLightbox\"\n\t\t\tdata-wp-style--right=\"state.thisImage.buttonRight\"\n\t\t\tdata-wp-style--top=\"state.thisImage.buttonTop\"\n\t\t>\n\t\t\t<svg xmlns=\"http:\/\/www.w3.org\/2000\/svg\" width=\"12\" height=\"12\" fill=\"none\" viewBox=\"0 0 12 12\">\n\t\t\t\t<path fill=\"#fff\" d=\"M2 0a2 2 0 0 0-2 2v2h1.5V2a.5.5 0 0 1 .5-.5h2V0H2Zm2 10.5H2a.5.5 0 0 1-.5-.5V8H0v2a2 2 0 0 0 2 2h2v-1.5ZM8 12v-1.5h2a.5.5 0 0 0 .5-.5V8H12v2a2 2 0 0 1-2 2H8Zm2-12a2 2 0 0 1 2 2v2h-1.5V2a.5.5 0 0 0-.5-.5H8V0h2Z\" \/>\n\t\t\t<\/svg>\n\t\t<\/button><\/figure>\n\n\n\n<h3 class=\"wp-block-heading\"><span class=\"ez-toc-section\" id=\"14_Europa_Therme_Bad_Fuessing\"><\/span>14. Europa Therme (Bad F\u00fcssing)<span class=\"ez-toc-section-end\"><\/span><\/h3>\n\n\n\n<p class=\"wp-block-paragraph\">Der zweite riesige Kurkomplex in Bad F\u00fcssing lockt mit einer Thermenlandschaft von 3.000 Quadratmetern. Seine absolute Dominante ist der <strong>120 Meter lange Str\u00f6mungskanal<\/strong>, der an das riesige Attraktionsbecken Nymph\u00e4um mit 36 \u00b0C warmem Wasser angeschlossen ist. Die Str\u00f6mungen, Perlb\u00e4nke und Wasserkanonen hier k\u00f6nnen dich sehr lange besch\u00e4ftigen.<\/p>\n\n\n\n<p class=\"wp-block-paragraph\">Du findest hier <strong>17 verschiedene Becken<\/strong> mit Temperaturen von 27 bis 40 \u00b0C. Entspannen kannst du im Becken mit Unterwassermusik, das auf 37 \u00b0C geheizt ist, in einer Grotte mit Sternenhimmel oder an den Luftsprudelliegen. Wer schwimmen will, sch\u00e4tzt zwei R\u00fcckenschwimmbecken mit k\u00fchlerem Wasser um 29 \u00b0C. Es fehlt auch nicht das beliebte Au\u00dfen-Wechselbecken mit 18 und 40 \u00b0C.<\/p>\n\n\n\n<p class=\"wp-block-paragraph\">Laut Preisliste f\u00fcr 2026 ist der Eintritt nur f\u00fcr <strong>Kinder ab 3 Jahren<\/strong> erlaubt, mit Babys l\u00e4sst man dich hier also leider nicht rein. Wenn du dich l\u00e4nger als bezahlt im Areal aufh\u00e4ltst, wird ein Aufpreis von 1 EUR pro angebrochene halbe Stunde berechnet. <strong>\ud83d\udca1 Tipp:<\/strong> F\u00fcr einen kleinen Aufpreis von 2 Euro kannst du zum Thermeneintritt den Besuch des Aerosalza dazukaufen, einen speziellen Raum, der toll f\u00fcr deine Lunge ist.<\/p>\n\n\n\n<figure data-wp-context=\"{&quot;imageId&quot;:&quot;6a9c73e070462&quot;}\" data-wp-interactive=\"core\/image\" data-wp-key=\"6a9c73e070462\" class=\"wp-block-image size-full wp-lightbox-container\"><img decoding=\"async\" width=\"1800\" height=\"1012\" data-wp-class--hide=\"state.isContentHidden\" data-wp-class--show=\"state.isContentVisible\" data-wp-init=\"callbacks.setButtonStyles\" data-wp-on--click=\"actions.showLightbox\" data-wp-on--load=\"callbacks.setButtonStyles\" data-wp-on--pointerdown=\"actions.preloadImage\" data-wp-on--pointerenter=\"actions.preloadImageWithDelay\" data-wp-on--pointerleave=\"actions.cancelPreload\" data-wp-on-window--resize=\"callbacks.setButtonStyles\" src=\"https:\/\/loudavymkrokem.cz\/wp-content\/uploads\/2026\/09\/nemecko-clanky-termaly-nemecko-20-018a6875.jpg\" alt=\"Thermalareal Sibyllenbad in Neualbenreuth aus der Vogelperspektive\" class=\"wp-image-415309\" title=\"\" srcset=\"https:\/\/loudavymkrokem.cz\/wp-content\/uploads\/2026\/09\/nemecko-clanky-termaly-nemecko-20-018a6875.jpg 1800w, https:\/\/loudavymkrokem.cz\/wp-content\/uploads\/2026\/09\/nemecko-clanky-termaly-nemecko-20-018a6875-300x169.jpg 300w, https:\/\/loudavymkrokem.cz\/wp-content\/uploads\/2026\/09\/nemecko-clanky-termaly-nemecko-20-018a6875-700x394.jpg 700w, https:\/\/loudavymkrokem.cz\/wp-content\/uploads\/2026\/09\/nemecko-clanky-termaly-nemecko-20-018a6875-768x432.jpg 768w, https:\/\/loudavymkrokem.cz\/wp-content\/uploads\/2026\/09\/nemecko-clanky-termaly-nemecko-20-018a6875-1536x864.jpg 1536w, https:\/\/loudavymkrokem.cz\/wp-content\/uploads\/2026\/09\/nemecko-clanky-termaly-nemecko-20-018a6875-696x391.jpg 696w, https:\/\/loudavymkrokem.cz\/wp-content\/uploads\/2026\/09\/nemecko-clanky-termaly-nemecko-20-018a6875-1392x783.jpg 1392w\" sizes=\"(max-width: 1800px) 100vw, 1800px\" \/><button\n\t\t\tclass=\"lightbox-trigger\"\n\t\t\ttype=\"button\"\n\t\t\taria-haspopup=\"dialog\"\n\t\t\tdata-wp-bind--aria-label=\"state.thisImage.triggerButtonAriaLabel\"\n\t\t\tdata-wp-init=\"callbacks.initTriggerButton\"\n\t\t\tdata-wp-on--click=\"actions.showLightbox\"\n\t\t\tdata-wp-style--right=\"state.thisImage.buttonRight\"\n\t\t\tdata-wp-style--top=\"state.thisImage.buttonTop\"\n\t\t>\n\t\t\t<svg xmlns=\"http:\/\/www.w3.org\/2000\/svg\" width=\"12\" height=\"12\" fill=\"none\" viewBox=\"0 0 12 12\">\n\t\t\t\t<path fill=\"#fff\" d=\"M2 0a2 2 0 0 0-2 2v2h1.5V2a.5.5 0 0 1 .5-.5h2V0H2Zm2 10.5H2a.5.5 0 0 1-.5-.5V8H0v2a2 2 0 0 0 2 2h2v-1.5ZM8 12v-1.5h2a.5.5 0 0 0 .5-.5V8H12v2a2 2 0 0 1-2 2H8Zm2-12a2 2 0 0 1 2 2v2h-1.5V2a.5.5 0 0 0-.5-.5H8V0h2Z\" \/>\n\t\t\t<\/svg>\n\t\t<\/button><\/figure>\n\n\n\n<h3 class=\"wp-block-heading\"><span class=\"ez-toc-section\" id=\"15_Sibyllenbad_Neualbenreuth\"><\/span>15. Sibyllenbad (Neualbenreuth)<span class=\"ez-toc-section-end\"><\/span><\/h3>\n\n\n\n<p class=\"wp-block-paragraph\">Diese Anlage findest du buchst\u00e4blich nur einen Katzensprung von der tschechischen Grenze entfernt, und ihr Hauptmagnet ist das heilende <strong>Kohlens\u00e4ure-Mineralwasser aus der Sibyllenquelle<\/strong>. Das lokale Heilwasser w\u00e4rmt dich auf herrliche 34 bis 36 \u00b0C, und du kannst es unter zahlreichen Wasserspeiern in Form von Schwanenh\u00e4lsen genie\u00dfen oder dich von den Bodensprudlern sanft massieren lassen.<\/p>\n\n\n\n<p class=\"wp-block-paragraph\">Der Komplex ist sehr geschmackvoll gestaltet und dank seiner N\u00e4he recht beliebt, auch wenn er nicht zu den gr\u00f6\u00dften Giganten geh\u00f6rt. Laut Preisliste f\u00fcr 2026 zahlst du f\u00fcr zwei Stunden im Beckenbereich <strong>9 EUR<\/strong>, drei Stunden kosten 12 EUR, und das Tagesticket bekommst du f\u00fcr 19 EUR. Wenn du die Becken gleich mit der Saunawelt verbinden willst, kostet dich das Tagesticket 29 EUR.<\/p>\n\n\n\n<p class=\"wp-block-paragraph\">Von Juni bis August bieten sie zudem einen speziellen Abendeintritt in die Sauna. Er gilt ab 17 Uhr und kostet sympathische 15 EUR. Es ist eine ideale und preisg\u00fcnstige Variante f\u00fcrs entspannte Aufw\u00e4rmen nach einem anstrengenden Arbeitstag. <strong>\ud83d\udca1 Tipp:<\/strong> Wenn du in Grenzn\u00e4he wohnst, nutze genau diesen sommerlichen Abendtarif, f\u00fcr diesen Preis ist es wohl die beste Entspannung in der Umgebung.<\/p>\n\n\n\n<figure data-wp-context=\"{&quot;imageId&quot;:&quot;6a9c73e070bf1&quot;}\" data-wp-interactive=\"core\/image\" data-wp-key=\"6a9c73e070bf1\" class=\"wp-block-image size-full wp-lightbox-container\"><img decoding=\"async\" width=\"1800\" height=\"1200\" data-wp-class--hide=\"state.isContentHidden\" data-wp-class--show=\"state.isContentVisible\" data-wp-init=\"callbacks.setButtonStyles\" data-wp-on--click=\"actions.showLightbox\" data-wp-on--load=\"callbacks.setButtonStyles\" data-wp-on--pointerdown=\"actions.preloadImage\" data-wp-on--pointerenter=\"actions.preloadImageWithDelay\" data-wp-on--pointerleave=\"actions.cancelPreload\" data-wp-on-window--resize=\"callbacks.setButtonStyles\" src=\"https:\/\/loudavymkrokem.cz\/wp-content\/uploads\/2026\/09\/nemecko-clanky-termaly-nemecko-21-f3489141.jpg\" alt=\"Verzierte Fassade des historischen Friedrichsbads in Baden-Baden\" class=\"wp-image-415310\" title=\"\" srcset=\"https:\/\/loudavymkrokem.cz\/wp-content\/uploads\/2026\/09\/nemecko-clanky-termaly-nemecko-21-f3489141.jpg 1800w, https:\/\/loudavymkrokem.cz\/wp-content\/uploads\/2026\/09\/nemecko-clanky-termaly-nemecko-21-f3489141-300x200.jpg 300w, https:\/\/loudavymkrokem.cz\/wp-content\/uploads\/2026\/09\/nemecko-clanky-termaly-nemecko-21-f3489141-700x467.jpg 700w, https:\/\/loudavymkrokem.cz\/wp-content\/uploads\/2026\/09\/nemecko-clanky-termaly-nemecko-21-f3489141-768x512.jpg 768w, https:\/\/loudavymkrokem.cz\/wp-content\/uploads\/2026\/09\/nemecko-clanky-termaly-nemecko-21-f3489141-1536x1024.jpg 1536w, https:\/\/loudavymkrokem.cz\/wp-content\/uploads\/2026\/09\/nemecko-clanky-termaly-nemecko-21-f3489141-696x464.jpg 696w, https:\/\/loudavymkrokem.cz\/wp-content\/uploads\/2026\/09\/nemecko-clanky-termaly-nemecko-21-f3489141-1392x928.jpg 1392w\" sizes=\"(max-width: 1800px) 100vw, 1800px\" \/><button\n\t\t\tclass=\"lightbox-trigger\"\n\t\t\ttype=\"button\"\n\t\t\taria-haspopup=\"dialog\"\n\t\t\tdata-wp-bind--aria-label=\"state.thisImage.triggerButtonAriaLabel\"\n\t\t\tdata-wp-init=\"callbacks.initTriggerButton\"\n\t\t\tdata-wp-on--click=\"actions.showLightbox\"\n\t\t\tdata-wp-style--right=\"state.thisImage.buttonRight\"\n\t\t\tdata-wp-style--top=\"state.thisImage.buttonTop\"\n\t\t>\n\t\t\t<svg xmlns=\"http:\/\/www.w3.org\/2000\/svg\" width=\"12\" height=\"12\" fill=\"none\" viewBox=\"0 0 12 12\">\n\t\t\t\t<path fill=\"#fff\" d=\"M2 0a2 2 0 0 0-2 2v2h1.5V2a.5.5 0 0 1 .5-.5h2V0H2Zm2 10.5H2a.5.5 0 0 1-.5-.5V8H0v2a2 2 0 0 0 2 2h2v-1.5ZM8 12v-1.5h2a.5.5 0 0 0 .5-.5V8H12v2a2 2 0 0 1-2 2H8Zm2-12a2 2 0 0 1 2 2v2h-1.5V2a.5.5 0 0 0-.5-.5H8V0h2Z\" \/>\n\t\t\t<\/svg>\n\t\t<\/button><figcaption class=\"wp-element-caption\">Foto: A.Savin \/ Wikimedia Commons, CC BY-SA 3.0<\/figcaption><\/figure>\n\n\n\n<h2 class=\"wp-block-heading\"><span class=\"ez-toc-section\" id=\"Thermalbaeder_in_Baden-Wuerttemberg\"><\/span>Thermalb\u00e4der in Baden-W\u00fcrttemberg<span class=\"ez-toc-section-end\"><\/span><\/h2>\n\n\n\n<p class=\"wp-block-paragraph\">Baden-W\u00fcrttemberg ist die absolute Klassik, wenn du die echte <strong>traditionelle B\u00e4derkultur<\/strong> suchst. Genau hier findest du das ber\u00fchmte Baden-Baden und wahrscheinlich die gr\u00f6\u00dfte Konzentration von St\u00e4dten mit der Vorsilbe \u201eBad&#8220; in ganz Deutschland. Glaub mir, an Mineralquellen herrscht hier wirklich kein Mangel, und Liebhaber von Geschichte wie auch moderner Entspannung kommen auf ihre Kosten.<\/p>\n\n\n\n<p class=\"wp-block-paragraph\">Neben den historischen B\u00e4dern r\u00fchmt sich dieses Bundesland aber auch mit einem Unikat. Hier stehen n\u00e4mlich <strong>zwei riesige tropische Thermen<\/strong>, die der bekannte Vision\u00e4r Josef Wund gebaut hat. Wenn du dich also nach Exotik unter einem Glasdach sehnst, hast du viel, worauf du dich freuen kannst.<\/p>\n\n\n\n<figure data-wp-context=\"{&quot;imageId&quot;:&quot;6a9c73e071148&quot;}\" data-wp-interactive=\"core\/image\" data-wp-key=\"6a9c73e071148\" class=\"wp-block-image size-full wp-lightbox-container\"><img decoding=\"async\" width=\"1800\" height=\"1201\" data-wp-class--hide=\"state.isContentHidden\" data-wp-class--show=\"state.isContentVisible\" data-wp-init=\"callbacks.setButtonStyles\" data-wp-on--click=\"actions.showLightbox\" data-wp-on--load=\"callbacks.setButtonStyles\" data-wp-on--pointerdown=\"actions.preloadImage\" data-wp-on--pointerenter=\"actions.preloadImageWithDelay\" data-wp-on--pointerleave=\"actions.cancelPreload\" data-wp-on-window--resize=\"callbacks.setButtonStyles\" src=\"https:\/\/loudavymkrokem.cz\/wp-content\/uploads\/2026\/09\/nemecko-clanky-termaly-nemecko-22-938982ac.jpg\" alt=\"Thermen &#038; Badewelt Sinsheim (Sinsheim): Becken unter dem Panoramadach\" class=\"wp-image-415311\" title=\"\" srcset=\"https:\/\/loudavymkrokem.cz\/wp-content\/uploads\/2026\/09\/nemecko-clanky-termaly-nemecko-22-938982ac.jpg 1800w, https:\/\/loudavymkrokem.cz\/wp-content\/uploads\/2026\/09\/nemecko-clanky-termaly-nemecko-22-938982ac-300x200.jpg 300w, https:\/\/loudavymkrokem.cz\/wp-content\/uploads\/2026\/09\/nemecko-clanky-termaly-nemecko-22-938982ac-700x467.jpg 700w, https:\/\/loudavymkrokem.cz\/wp-content\/uploads\/2026\/09\/nemecko-clanky-termaly-nemecko-22-938982ac-768x512.jpg 768w, https:\/\/loudavymkrokem.cz\/wp-content\/uploads\/2026\/09\/nemecko-clanky-termaly-nemecko-22-938982ac-1536x1025.jpg 1536w, https:\/\/loudavymkrokem.cz\/wp-content\/uploads\/2026\/09\/nemecko-clanky-termaly-nemecko-22-938982ac-696x464.jpg 696w, https:\/\/loudavymkrokem.cz\/wp-content\/uploads\/2026\/09\/nemecko-clanky-termaly-nemecko-22-938982ac-1392x929.jpg 1392w\" sizes=\"(max-width: 1800px) 100vw, 1800px\" \/><button\n\t\t\tclass=\"lightbox-trigger\"\n\t\t\ttype=\"button\"\n\t\t\taria-haspopup=\"dialog\"\n\t\t\tdata-wp-bind--aria-label=\"state.thisImage.triggerButtonAriaLabel\"\n\t\t\tdata-wp-init=\"callbacks.initTriggerButton\"\n\t\t\tdata-wp-on--click=\"actions.showLightbox\"\n\t\t\tdata-wp-style--right=\"state.thisImage.buttonRight\"\n\t\t\tdata-wp-style--top=\"state.thisImage.buttonTop\"\n\t\t>\n\t\t\t<svg xmlns=\"http:\/\/www.w3.org\/2000\/svg\" width=\"12\" height=\"12\" fill=\"none\" viewBox=\"0 0 12 12\">\n\t\t\t\t<path fill=\"#fff\" d=\"M2 0a2 2 0 0 0-2 2v2h1.5V2a.5.5 0 0 1 .5-.5h2V0H2Zm2 10.5H2a.5.5 0 0 1-.5-.5V8H0v2a2 2 0 0 0 2 2h2v-1.5ZM8 12v-1.5h2a.5.5 0 0 0 .5-.5V8H12v2a2 2 0 0 1-2 2H8Zm2-12a2 2 0 0 1 2 2v2h-1.5V2a.5.5 0 0 0-.5-.5H8V0h2Z\" \/>\n\t\t\t<\/svg>\n\t\t<\/button><\/figure>\n\n\n\n<h3 class=\"wp-block-heading\"><span class=\"ez-toc-section\" id=\"16_Thermen_Badewelt_Sinsheim_Sinsheim\"><\/span>16. Thermen &#038; Badewelt Sinsheim (Sinsheim)<span class=\"ez-toc-section-end\"><\/span><\/h3>\n\n\n\n<p class=\"wp-block-paragraph\">Dieser riesige Komplex in der Stadt Sinsheim geh\u00f6rt zur ber\u00fchmten B\u00e4derfamilie von Josef Wund, und drinnen sieht es aus wie in einem perfekten exotischen Paradies. Hauptmagnet ist das <strong>imposante Palmenparadies<\/strong>, wo \u00fcber 400 lebende tropische Palmen und mehr als tausend pr\u00e4chtige Orchideen wachsen. Das Erlebnis ist wirklich au\u00dfergew\u00f6hnlich, besonders wenn drau\u00dfen tr\u00fcbes Wetter herrscht und du in Badekleidung zwischen den Palmen spazierst.<\/p>\n\n\n\n<p class=\"wp-block-paragraph\">Die Wassertemperaturen erfreuen dich garantiert, denn in den Lagunen w\u00e4rmst du dich bei 34 \u00b0C, und das Becken Quellen der Gesundheit bietet <strong>angenehme 36 \u00b0C<\/strong>. Schwimmen kannst du im 25-Meter-Sportbecken mit 26 \u00b0C, w\u00e4hrend das Lehrbecken 32 \u00b0C hat. Zum Abk\u00fchlen dient das Tauchbecken mit 16 \u00b0C. Die Zone Vitaltherme &#038; Sauna verbirgt 13 verschiedene Saunen, unter denen auch eine spezielle Sauna auf einem Schiff nicht fehlt. In der Lagune mit t\u00fcrkisem Wasser kannst du zudem einen exotischen Cocktail direkt von der Poolbar genie\u00dfen.<\/p>\n\n\n\n<p class=\"wp-block-paragraph\">Das Bad ist <strong>ausschlie\u00dflich ab 16 Jahren<\/strong> zug\u00e4nglich, plane den Weg hierher also nicht mit Kindern. Den aktuellen Eintritt pr\u00fcfst du vor der Fahrt am besten auf der Website, denn er \u00e4ndert sich je nach Tag und Aufenthaltsdauer. Wenn du \u00f6fter herkommst, lohnt sich die Prepaid-Wertkarte: F\u00fcr ein Guthaben von 150 Euro zahlst du 142,50 Euro, also mit 5 % Rabatt. <strong>\ud83d\udca1 Tipp:<\/strong> Wenn du die Ausr\u00fcstung vergisst, kostet die Bademantelleihe 9 Euro (plus 40 Euro Pfand) und ein Handtuch 6 Euro (20 Euro Pfand).<\/p>\n\n\n\n<figure data-wp-context=\"{&quot;imageId&quot;:&quot;6a9c73e071709&quot;}\" data-wp-interactive=\"core\/image\" data-wp-key=\"6a9c73e071709\" class=\"wp-block-image size-full wp-lightbox-container\"><img decoding=\"async\" width=\"1800\" height=\"1200\" data-wp-class--hide=\"state.isContentHidden\" data-wp-class--show=\"state.isContentVisible\" data-wp-init=\"callbacks.setButtonStyles\" data-wp-on--click=\"actions.showLightbox\" data-wp-on--load=\"callbacks.setButtonStyles\" data-wp-on--pointerdown=\"actions.preloadImage\" data-wp-on--pointerenter=\"actions.preloadImageWithDelay\" data-wp-on--pointerleave=\"actions.cancelPreload\" data-wp-on-window--resize=\"callbacks.setButtonStyles\" src=\"https:\/\/loudavymkrokem.cz\/wp-content\/uploads\/2026\/09\/nemecko-clanky-termaly-nemecko-23-69c5fa9a.jpg\" alt=\"Geb\u00e4ude der Mineraltherme in B\u00f6blingen\" class=\"wp-image-415485\" title=\"\" srcset=\"https:\/\/loudavymkrokem.cz\/wp-content\/uploads\/2026\/09\/nemecko-clanky-termaly-nemecko-23-69c5fa9a.jpg 1800w, https:\/\/loudavymkrokem.cz\/wp-content\/uploads\/2026\/09\/nemecko-clanky-termaly-nemecko-23-69c5fa9a-300x200.jpg 300w, https:\/\/loudavymkrokem.cz\/wp-content\/uploads\/2026\/09\/nemecko-clanky-termaly-nemecko-23-69c5fa9a-700x467.jpg 700w, https:\/\/loudavymkrokem.cz\/wp-content\/uploads\/2026\/09\/nemecko-clanky-termaly-nemecko-23-69c5fa9a-768x512.jpg 768w, https:\/\/loudavymkrokem.cz\/wp-content\/uploads\/2026\/09\/nemecko-clanky-termaly-nemecko-23-69c5fa9a-1536x1024.jpg 1536w, https:\/\/loudavymkrokem.cz\/wp-content\/uploads\/2026\/09\/nemecko-clanky-termaly-nemecko-23-69c5fa9a-696x464.jpg 696w, https:\/\/loudavymkrokem.cz\/wp-content\/uploads\/2026\/09\/nemecko-clanky-termaly-nemecko-23-69c5fa9a-1392x928.jpg 1392w\" sizes=\"(max-width: 1800px) 100vw, 1800px\" \/><button\n\t\t\tclass=\"lightbox-trigger\"\n\t\t\ttype=\"button\"\n\t\t\taria-haspopup=\"dialog\"\n\t\t\tdata-wp-bind--aria-label=\"state.thisImage.triggerButtonAriaLabel\"\n\t\t\tdata-wp-init=\"callbacks.initTriggerButton\"\n\t\t\tdata-wp-on--click=\"actions.showLightbox\"\n\t\t\tdata-wp-style--right=\"state.thisImage.buttonRight\"\n\t\t\tdata-wp-style--top=\"state.thisImage.buttonTop\"\n\t\t>\n\t\t\t<svg xmlns=\"http:\/\/www.w3.org\/2000\/svg\" width=\"12\" height=\"12\" fill=\"none\" viewBox=\"0 0 12 12\">\n\t\t\t\t<path fill=\"#fff\" d=\"M2 0a2 2 0 0 0-2 2v2h1.5V2a.5.5 0 0 1 .5-.5h2V0H2Zm2 10.5H2a.5.5 0 0 1-.5-.5V8H0v2a2 2 0 0 0 2 2h2v-1.5ZM8 12v-1.5h2a.5.5 0 0 0 .5-.5V8H12v2a2 2 0 0 1-2 2H8Zm2-12a2 2 0 0 1 2 2v2h-1.5V2a.5.5 0 0 0-.5-.5H8V0h2Z\" \/>\n\t\t\t<\/svg>\n\t\t<\/button><figcaption class=\"wp-element-caption\">Foto: Giftzwerg 88 \/ Wikimedia Commons, CC BY-SA 3.0<\/figcaption><\/figure>\n\n\n\n<h3 class=\"wp-block-heading\"><span class=\"ez-toc-section\" id=\"17_Mineraltherme_Boeblingen_Boeblingen\"><\/span>17. Mineraltherme B\u00f6blingen (B\u00f6blingen)<span class=\"ez-toc-section-end\"><\/span><\/h3>\n\n\n\n<p class=\"wp-block-paragraph\">In der Therme in der Stadt B\u00f6blingen erwartet dich eine Saunawelt, die <strong>gro\u00dfz\u00fcgige 3.300 Quadratmeter<\/strong> einnimmt. Baden wirst du in f\u00fcnf verschiedenen Entspannungsbecken, wo die Wassertemperatur von sehr angenehmen 31 bis 36 \u00b0C reicht. Dieser Komplex eignet sich f\u00fcr jeden, der der Flucht vor dem Alltag sucht und Wert auf hochwertiges Wellness mitten in der Stadt legt.<\/p>\n\n\n\n<p class=\"wp-block-paragraph\">Saunafans kommen hier wirklich auf ihre Kosten, denn das weitl\u00e4ufige Areal bietet eine klassische finnische Sauna, eine duftende Kr\u00e4uterschwitzstube, eine mildere Softsauna, ein spezielles SinnBad und traditionelle r\u00f6mische Dampfb\u00e4der. F\u00fcr Besucher ist t\u00e4glich von 9 bis 22 Uhr ge\u00f6ffnet. Wenn du langes Abendbaden liebst, fahr am ersten Freitag im Monat hierher, wenn du <strong>bis Mitternacht entspannen<\/strong> kannst. Kindern bis 5 Jahre ist der Eintritt g\u00e4nzlich verwehrt, und Jugendliche bis 16 Jahre brauchen erwachsene Begleitung.<\/p>\n\n\n\n<p class=\"wp-block-paragraph\">Laut Preisliste f\u00fcr 2026 kostet der dreist\u00fcndige Eintritt in die Thermen und die Classic-Sauna <strong>17,50 Euro an Werktagen<\/strong> und 19 Euro am Wochenende. Das Ticket f\u00fcr 4 Stunden inklusive Saunagarten kostet 26,50 bzw. 28 Euro. Das Tagesticket in beide Saunazonen kostet unter der Woche 33,50 Euro. Der Familientarif f\u00fcr zwei Erwachsene und zwei Kinder (5 bis 16 Jahre) kostet 50 Euro f\u00fcr drei Stunden. <strong>\ud83d\udca1 Tipp:<\/strong> F\u00fcr jeden im Areal f\u00fcr Massagen ausgegebenen Euro bekommst du eine Minute Zeitguthaben extra. Geburtstagskinder haben nach Vorlage des Ausweises 50 % Rabatt auf den Eintritt.<\/p>\n\n\n\n<figure data-wp-context=\"{&quot;imageId&quot;:&quot;6a9c73e07281b&quot;}\" data-wp-interactive=\"core\/image\" data-wp-key=\"6a9c73e07281b\" class=\"wp-block-image size-full wp-lightbox-container\"><img decoding=\"async\" width=\"1800\" height=\"1350\" data-wp-class--hide=\"state.isContentHidden\" data-wp-class--show=\"state.isContentVisible\" data-wp-init=\"callbacks.setButtonStyles\" data-wp-on--click=\"actions.showLightbox\" data-wp-on--load=\"callbacks.setButtonStyles\" data-wp-on--pointerdown=\"actions.preloadImage\" data-wp-on--pointerenter=\"actions.preloadImageWithDelay\" data-wp-on--pointerleave=\"actions.cancelPreload\" data-wp-on-window--resize=\"callbacks.setButtonStyles\" src=\"https:\/\/loudavymkrokem.cz\/wp-content\/uploads\/2026\/09\/nemecko-clanky-termaly-nemecko-24-fb363786-1.jpg\" alt=\"Panorama Therme Beuren (Beuren)\" class=\"wp-image-415315\" title=\"\" srcset=\"https:\/\/loudavymkrokem.cz\/wp-content\/uploads\/2026\/09\/nemecko-clanky-termaly-nemecko-24-fb363786-1.jpg 1800w, https:\/\/loudavymkrokem.cz\/wp-content\/uploads\/2026\/09\/nemecko-clanky-termaly-nemecko-24-fb363786-1-300x225.jpg 300w, https:\/\/loudavymkrokem.cz\/wp-content\/uploads\/2026\/09\/nemecko-clanky-termaly-nemecko-24-fb363786-1-700x525.jpg 700w, https:\/\/loudavymkrokem.cz\/wp-content\/uploads\/2026\/09\/nemecko-clanky-termaly-nemecko-24-fb363786-1-768x576.jpg 768w, https:\/\/loudavymkrokem.cz\/wp-content\/uploads\/2026\/09\/nemecko-clanky-termaly-nemecko-24-fb363786-1-1536x1152.jpg 1536w, https:\/\/loudavymkrokem.cz\/wp-content\/uploads\/2026\/09\/nemecko-clanky-termaly-nemecko-24-fb363786-1-80x60.jpg 80w, https:\/\/loudavymkrokem.cz\/wp-content\/uploads\/2026\/09\/nemecko-clanky-termaly-nemecko-24-fb363786-1-160x120.jpg 160w, https:\/\/loudavymkrokem.cz\/wp-content\/uploads\/2026\/09\/nemecko-clanky-termaly-nemecko-24-fb363786-1-696x522.jpg 696w, https:\/\/loudavymkrokem.cz\/wp-content\/uploads\/2026\/09\/nemecko-clanky-termaly-nemecko-24-fb363786-1-1392x1044.jpg 1392w\" sizes=\"(max-width: 1800px) 100vw, 1800px\" \/><button\n\t\t\tclass=\"lightbox-trigger\"\n\t\t\ttype=\"button\"\n\t\t\taria-haspopup=\"dialog\"\n\t\t\tdata-wp-bind--aria-label=\"state.thisImage.triggerButtonAriaLabel\"\n\t\t\tdata-wp-init=\"callbacks.initTriggerButton\"\n\t\t\tdata-wp-on--click=\"actions.showLightbox\"\n\t\t\tdata-wp-style--right=\"state.thisImage.buttonRight\"\n\t\t\tdata-wp-style--top=\"state.thisImage.buttonTop\"\n\t\t>\n\t\t\t<svg xmlns=\"http:\/\/www.w3.org\/2000\/svg\" width=\"12\" height=\"12\" fill=\"none\" viewBox=\"0 0 12 12\">\n\t\t\t\t<path fill=\"#fff\" d=\"M2 0a2 2 0 0 0-2 2v2h1.5V2a.5.5 0 0 1 .5-.5h2V0H2Zm2 10.5H2a.5.5 0 0 1-.5-.5V8H0v2a2 2 0 0 0 2 2h2v-1.5ZM8 12v-1.5h2a.5.5 0 0 0 .5-.5V8H12v2a2 2 0 0 1-2 2H8Zm2-12a2 2 0 0 1 2 2v2h-1.5V2a.5.5 0 0 0-.5-.5H8V0h2Z\" \/>\n\t\t\t<\/svg>\n\t\t<\/button><\/figure>\n\n\n\n<h3 class=\"wp-block-heading\"><span class=\"ez-toc-section\" id=\"18_Panorama_Therme_Beuren_Beuren\"><\/span>18. Panorama Therme Beuren (Beuren)<span class=\"ez-toc-section-end\"><\/span><\/h3>\n\n\n\n<p class=\"wp-block-paragraph\">Diese Therme liegt in der malerischen Stadt Beuren, und ihre Lage ist einzigartig, denn ein gro\u00dfer Teil des Gemeindegebiets <strong>geh\u00f6rt zum Biosph\u00e4rengebiet Schw\u00e4bische Alb<\/strong>. Die Natur ringsum ist also einfach wundersch\u00f6n, und du erholst dich hier maximal in dem Bewusstsein, dass du dich in einem Schutzgebiet befindest. Das Bad eignet sich dadurch perfekt zum Ausklang eines aktiven Tages auf der Schw\u00e4bischen Alb.<\/p>\n\n\n\n<p class=\"wp-block-paragraph\">Zur Verf\u00fcgung steht ein klassischer Thermalteil und die sehr beliebten Dampfb\u00e4der. Die Umgebung ist insgesamt ruhiger und richtet sich prim\u00e4r an erwachsene Besucher, die ehrliche Erholung nach Streifz\u00fcgen durch die Natur suchen. Die Atmosph\u00e4re flie\u00dft hier in einem langsameren Tempo, und du kannst ohne Reue die wohltuende Wirkung des warmen Wassers genie\u00dfen.<\/p>\n\n\n\n<p class=\"wp-block-paragraph\">Laut Preisliste f\u00fcr 2026 kostet das Ticket ins Dampfbad f\u00fcr 2,5 Stunden <strong>17,50 Euro an Werktagen<\/strong>, am Wochenende und an Feiertagen zahlst du 1,50 Euro mehr. Menschen mit Schwerbehinderung haben eine leichte Erm\u00e4\u00dfigung und zahlen 16,50 Euro. Die Kombination aus Thermen und Dampfbad f\u00fcr 3 Stunden kostet 25,50 Euro unter der Woche und 27 Euro am Wochenende. <strong>\ud83d\udca1 Tipp:<\/strong> Wenn du zu Hause \u00e4ltere Tickets im Format eines Parktickets mit Barcode hast, kannst du sie noch nutzen, zahlst aber 3 bis 3,50 Euro nach. Bei uralten Tickets mit Magnetstreifen betr\u00e4gt der Nachpreis 5 bis 5,50 Euro.<\/p>\n\n\n\n<figure data-wp-context=\"{&quot;imageId&quot;:&quot;6a9c73e072e2e&quot;}\" data-wp-interactive=\"core\/image\" data-wp-key=\"6a9c73e072e2e\" class=\"wp-block-image size-full wp-lightbox-container\"><img decoding=\"async\" width=\"1800\" height=\"1200\" data-wp-class--hide=\"state.isContentHidden\" data-wp-class--show=\"state.isContentVisible\" data-wp-init=\"callbacks.setButtonStyles\" data-wp-on--click=\"actions.showLightbox\" data-wp-on--load=\"callbacks.setButtonStyles\" data-wp-on--pointerdown=\"actions.preloadImage\" data-wp-on--pointerenter=\"actions.preloadImageWithDelay\" data-wp-on--pointerleave=\"actions.cancelPreload\" data-wp-on-window--resize=\"callbacks.setButtonStyles\" src=\"https:\/\/loudavymkrokem.cz\/wp-content\/uploads\/2026\/09\/nemecko-clanky-termaly-nemecko-25-92e2b50c.jpg\" alt=\"Bodensee-Therme Konstanz mit Restaurant \u00fcber dem Ufer des Bodensees\" class=\"wp-image-415489\" title=\"\" srcset=\"https:\/\/loudavymkrokem.cz\/wp-content\/uploads\/2026\/09\/nemecko-clanky-termaly-nemecko-25-92e2b50c.jpg 1800w, https:\/\/loudavymkrokem.cz\/wp-content\/uploads\/2026\/09\/nemecko-clanky-termaly-nemecko-25-92e2b50c-300x200.jpg 300w, https:\/\/loudavymkrokem.cz\/wp-content\/uploads\/2026\/09\/nemecko-clanky-termaly-nemecko-25-92e2b50c-700x467.jpg 700w, https:\/\/loudavymkrokem.cz\/wp-content\/uploads\/2026\/09\/nemecko-clanky-termaly-nemecko-25-92e2b50c-768x512.jpg 768w, https:\/\/loudavymkrokem.cz\/wp-content\/uploads\/2026\/09\/nemecko-clanky-termaly-nemecko-25-92e2b50c-1536x1024.jpg 1536w, https:\/\/loudavymkrokem.cz\/wp-content\/uploads\/2026\/09\/nemecko-clanky-termaly-nemecko-25-92e2b50c-696x464.jpg 696w, https:\/\/loudavymkrokem.cz\/wp-content\/uploads\/2026\/09\/nemecko-clanky-termaly-nemecko-25-92e2b50c-1392x928.jpg 1392w\" sizes=\"(max-width: 1800px) 100vw, 1800px\" \/><button\n\t\t\tclass=\"lightbox-trigger\"\n\t\t\ttype=\"button\"\n\t\t\taria-haspopup=\"dialog\"\n\t\t\tdata-wp-bind--aria-label=\"state.thisImage.triggerButtonAriaLabel\"\n\t\t\tdata-wp-init=\"callbacks.initTriggerButton\"\n\t\t\tdata-wp-on--click=\"actions.showLightbox\"\n\t\t\tdata-wp-style--right=\"state.thisImage.buttonRight\"\n\t\t\tdata-wp-style--top=\"state.thisImage.buttonTop\"\n\t\t>\n\t\t\t<svg xmlns=\"http:\/\/www.w3.org\/2000\/svg\" width=\"12\" height=\"12\" fill=\"none\" viewBox=\"0 0 12 12\">\n\t\t\t\t<path fill=\"#fff\" d=\"M2 0a2 2 0 0 0-2 2v2h1.5V2a.5.5 0 0 1 .5-.5h2V0H2Zm2 10.5H2a.5.5 0 0 1-.5-.5V8H0v2a2 2 0 0 0 2 2h2v-1.5ZM8 12v-1.5h2a.5.5 0 0 0 .5-.5V8H12v2a2 2 0 0 1-2 2H8Zm2-12a2 2 0 0 1 2 2v2h-1.5V2a.5.5 0 0 0-.5-.5H8V0h2Z\" \/>\n\t\t\t<\/svg>\n\t\t<\/button><figcaption class=\"wp-element-caption\">Foto: Rizzo \/ Wikimedia Commons, CC BY-SA 3.0<\/figcaption><\/figure>\n\n\n\n<h3 class=\"wp-block-heading\"><span class=\"ez-toc-section\" id=\"19_Bodensee-Therme_Konstanz_Konstanz\"><\/span>19. Bodensee-Therme Konstanz (Konstanz)<span class=\"ez-toc-section-end\"><\/span><\/h3>\n\n\n\n<p class=\"wp-block-paragraph\">Hier badest du <strong>direkt am Ufer des ber\u00fchmten Bodensees<\/strong> in der Stadt Konstanz. Das ganze Areal teilt sich clever in vier Hauptbereiche, die ein Innen-Thermalbecken, ein Au\u00dfen-Thermalbecken, einen speziellen Quelltopf und auch ein Sommerbad (Freibad) umfassen, in dem ein ordentliches 50-Meter-Schwimmbecken nicht fehlen darf. Die Kombination aus Becken und See ist zauberhaft.<\/p>\n\n\n\n<p class=\"wp-block-paragraph\">Im Sommer genie\u00dfen die Leute so das Baden direkt im See, w\u00e4hrend in den k\u00e4lteren Monaten die aufgew\u00e4rmten Thermen locken. Der Saunabereich ist t\u00e4glich von 10 bis 22 Uhr ge\u00f6ffnet, und jeden Dienstag funktioniert er <strong>ausschlie\u00dflich als Damensauna<\/strong>, was eine tolle Nachricht f\u00fcr alle Besucherinnen ist, die Privatsph\u00e4re suchen. Kinder d\u00fcrfen erst ab 6 Jahren in die Sauna und den Quelltopf. Ins Freibad haben Kleine bis 5 Jahre freien Eintritt, in die Thermen zahlen Kinder bis 2 Jahre nicht.<\/p>\n\n\n\n<p class=\"wp-block-paragraph\">Laut Preisliste f\u00fcr 2026 zahlst du f\u00fcr 3 Stunden in den Thermen <strong>16,50 Euro unter der Woche<\/strong> und 19 Euro am Wochenende oder an Feiertagen. Der Tagesaufenthalt in den Becken kostet 19,50 bzw. 22 Euro. Drei Stunden Sauna kosten 27,50 Euro an Werktagen und 30,50 Euro am Wochenende. <strong>\ud83d\udca1 Tipp:<\/strong> Das Au\u00dfen-Thermalbecken wird \u00fcberholt und ist bis zum 25. September 2026 au\u00dfer Betrieb, plane das bei deinem Ausflug also lieber vorher ein.<\/p>\n\n\n\n<figure data-wp-context=\"{&quot;imageId&quot;:&quot;6a9c73e0734c7&quot;}\" data-wp-interactive=\"core\/image\" data-wp-key=\"6a9c73e0734c7\" class=\"wp-block-image size-full wp-lightbox-container\"><img decoding=\"async\" width=\"1800\" height=\"1200\" data-wp-class--hide=\"state.isContentHidden\" data-wp-class--show=\"state.isContentVisible\" data-wp-init=\"callbacks.setButtonStyles\" data-wp-on--click=\"actions.showLightbox\" data-wp-on--load=\"callbacks.setButtonStyles\" data-wp-on--pointerdown=\"actions.preloadImage\" data-wp-on--pointerenter=\"actions.preloadImageWithDelay\" data-wp-on--pointerleave=\"actions.cancelPreload\" data-wp-on-window--resize=\"callbacks.setButtonStyles\" src=\"https:\/\/loudavymkrokem.cz\/wp-content\/uploads\/2026\/09\/nemecko-clanky-termaly-nemecko-26-4ac25752-1.jpg\" alt=\"Adelindis Therme (Bad Buchau): Entspannungsbecken\" class=\"wp-image-415319\" title=\"\" srcset=\"https:\/\/loudavymkrokem.cz\/wp-content\/uploads\/2026\/09\/nemecko-clanky-termaly-nemecko-26-4ac25752-1.jpg 1800w, https:\/\/loudavymkrokem.cz\/wp-content\/uploads\/2026\/09\/nemecko-clanky-termaly-nemecko-26-4ac25752-1-300x200.jpg 300w, https:\/\/loudavymkrokem.cz\/wp-content\/uploads\/2026\/09\/nemecko-clanky-termaly-nemecko-26-4ac25752-1-700x467.jpg 700w, https:\/\/loudavymkrokem.cz\/wp-content\/uploads\/2026\/09\/nemecko-clanky-termaly-nemecko-26-4ac25752-1-768x512.jpg 768w, https:\/\/loudavymkrokem.cz\/wp-content\/uploads\/2026\/09\/nemecko-clanky-termaly-nemecko-26-4ac25752-1-1536x1024.jpg 1536w, https:\/\/loudavymkrokem.cz\/wp-content\/uploads\/2026\/09\/nemecko-clanky-termaly-nemecko-26-4ac25752-1-696x464.jpg 696w, https:\/\/loudavymkrokem.cz\/wp-content\/uploads\/2026\/09\/nemecko-clanky-termaly-nemecko-26-4ac25752-1-1392x928.jpg 1392w\" sizes=\"(max-width: 1800px) 100vw, 1800px\" \/><button\n\t\t\tclass=\"lightbox-trigger\"\n\t\t\ttype=\"button\"\n\t\t\taria-haspopup=\"dialog\"\n\t\t\tdata-wp-bind--aria-label=\"state.thisImage.triggerButtonAriaLabel\"\n\t\t\tdata-wp-init=\"callbacks.initTriggerButton\"\n\t\t\tdata-wp-on--click=\"actions.showLightbox\"\n\t\t\tdata-wp-style--right=\"state.thisImage.buttonRight\"\n\t\t\tdata-wp-style--top=\"state.thisImage.buttonTop\"\n\t\t>\n\t\t\t<svg xmlns=\"http:\/\/www.w3.org\/2000\/svg\" width=\"12\" height=\"12\" fill=\"none\" viewBox=\"0 0 12 12\">\n\t\t\t\t<path fill=\"#fff\" d=\"M2 0a2 2 0 0 0-2 2v2h1.5V2a.5.5 0 0 1 .5-.5h2V0H2Zm2 10.5H2a.5.5 0 0 1-.5-.5V8H0v2a2 2 0 0 0 2 2h2v-1.5ZM8 12v-1.5h2a.5.5 0 0 0 .5-.5V8H12v2a2 2 0 0 1-2 2H8Zm2-12a2 2 0 0 1 2 2v2h-1.5V2a.5.5 0 0 0-.5-.5H8V0h2Z\" \/>\n\t\t\t<\/svg>\n\t\t<\/button><\/figure>\n\n\n\n<h3 class=\"wp-block-heading\"><span class=\"ez-toc-section\" id=\"20_Adelindis_Therme_Bad_Buchau\"><\/span>20. Adelindis Therme (Bad Buchau)<span class=\"ez-toc-section-end\"><\/span><\/h3>\n\n\n\n<p class=\"wp-block-paragraph\">Wenn du ordentliches Aufw\u00e4rmen liebst und Wert auf Vielfalt legst, wirst du in der Kleinstadt Bad Buchau hundertprozentig begeistert sein. Die lokale Saunawelt <strong>bietet n\u00e4mlich gleich 7 verschiedene Saunen<\/strong> mit unterschiedlichen Temperaturstufen, sodass hier wirklich jeder seine Lieblingssauna findet, ob du mildere W\u00e4rme oder intensives nordisches Schwitzen bevorzugst.<\/p>\n\n\n\n<p class=\"wp-block-paragraph\">Neben dem Saunieren findest du hier einen sehr angenehmen Thermalteil, wo du ruhig einen ganzen Tag verbringen kannst. Die Atmosph\u00e4re ist sehr entspannend, und das Areal ist geradezu ideal f\u00fcr Paare oder Reisende, die sich vom Alltagsstress in ruhiger Kurumgebung erholen wollen. Die Therme bietet vor allem in der k\u00e4lteren Jahreszeit einen tollen Zufluchtsort.<\/p>\n\n\n\n<p class=\"wp-block-paragraph\">Laut Preisliste f\u00fcr 2026 kostet der vierst\u00fcndige Eintritt in die Thermen <strong>15 Euro unter der Woche<\/strong> und 16,50 Euro am Wochenende oder an Feiertagen. Das Tagesticket in die Becken kostet 18 Euro, mit Wochenendzuschlag dann 19,50 Euro. Das Tagesticket inklusive Thermen und Sauna kostet 23 Euro an einem Werktag. <strong>\ud83d\udca1 Tipp:<\/strong> Reist du mit dem Wohnmobil? Nutze den speziellen Tarif f\u00fcr 1 Stunde mit Parkausweis f\u00fcr 7 Euro. Eine tolle Wahl ist auch der Abendtarif nach 18 Uhr, wenn der Eintritt in die Thermen auf 12,50 Euro sinkt. Jeden letzten Freitag im Monat findet zudem die beliebte Eventsauna f\u00fcr 32 Euro statt.<\/p>\n\n\n\n<figure data-wp-context=\"{&quot;imageId&quot;:&quot;6a9c73e073b0a&quot;}\" data-wp-interactive=\"core\/image\" data-wp-key=\"6a9c73e073b0a\" class=\"wp-block-image size-full wp-lightbox-container\"><img decoding=\"async\" width=\"1800\" height=\"1200\" data-wp-class--hide=\"state.isContentHidden\" data-wp-class--show=\"state.isContentVisible\" data-wp-init=\"callbacks.setButtonStyles\" data-wp-on--click=\"actions.showLightbox\" data-wp-on--load=\"callbacks.setButtonStyles\" data-wp-on--pointerdown=\"actions.preloadImage\" data-wp-on--pointerenter=\"actions.preloadImageWithDelay\" data-wp-on--pointerleave=\"actions.cancelPreload\" data-wp-on-window--resize=\"callbacks.setButtonStyles\" src=\"https:\/\/loudavymkrokem.cz\/wp-content\/uploads\/2026\/09\/nemecko-clanky-termaly-nemecko-27-457f21a5.jpg\" alt=\"Au\u00dfenbecken der Sonnenhof-Therme in Bad Saulgau bei Sonnenuntergang\" class=\"wp-image-415493\" title=\"\" srcset=\"https:\/\/loudavymkrokem.cz\/wp-content\/uploads\/2026\/09\/nemecko-clanky-termaly-nemecko-27-457f21a5.jpg 1800w, https:\/\/loudavymkrokem.cz\/wp-content\/uploads\/2026\/09\/nemecko-clanky-termaly-nemecko-27-457f21a5-300x200.jpg 300w, https:\/\/loudavymkrokem.cz\/wp-content\/uploads\/2026\/09\/nemecko-clanky-termaly-nemecko-27-457f21a5-700x467.jpg 700w, https:\/\/loudavymkrokem.cz\/wp-content\/uploads\/2026\/09\/nemecko-clanky-termaly-nemecko-27-457f21a5-768x512.jpg 768w, https:\/\/loudavymkrokem.cz\/wp-content\/uploads\/2026\/09\/nemecko-clanky-termaly-nemecko-27-457f21a5-1536x1024.jpg 1536w, https:\/\/loudavymkrokem.cz\/wp-content\/uploads\/2026\/09\/nemecko-clanky-termaly-nemecko-27-457f21a5-696x464.jpg 696w, https:\/\/loudavymkrokem.cz\/wp-content\/uploads\/2026\/09\/nemecko-clanky-termaly-nemecko-27-457f21a5-1392x928.jpg 1392w\" sizes=\"(max-width: 1800px) 100vw, 1800px\" \/><button\n\t\t\tclass=\"lightbox-trigger\"\n\t\t\ttype=\"button\"\n\t\t\taria-haspopup=\"dialog\"\n\t\t\tdata-wp-bind--aria-label=\"state.thisImage.triggerButtonAriaLabel\"\n\t\t\tdata-wp-init=\"callbacks.initTriggerButton\"\n\t\t\tdata-wp-on--click=\"actions.showLightbox\"\n\t\t\tdata-wp-style--right=\"state.thisImage.buttonRight\"\n\t\t\tdata-wp-style--top=\"state.thisImage.buttonTop\"\n\t\t>\n\t\t\t<svg xmlns=\"http:\/\/www.w3.org\/2000\/svg\" width=\"12\" height=\"12\" fill=\"none\" viewBox=\"0 0 12 12\">\n\t\t\t\t<path fill=\"#fff\" d=\"M2 0a2 2 0 0 0-2 2v2h1.5V2a.5.5 0 0 1 .5-.5h2V0H2Zm2 10.5H2a.5.5 0 0 1-.5-.5V8H0v2a2 2 0 0 0 2 2h2v-1.5ZM8 12v-1.5h2a.5.5 0 0 0 .5-.5V8H12v2a2 2 0 0 1-2 2H8Zm2-12a2 2 0 0 1 2 2v2h-1.5V2a.5.5 0 0 0-.5-.5H8V0h2Z\" \/>\n\t\t\t<\/svg>\n\t\t<\/button><\/figure>\n\n\n\n<h3 class=\"wp-block-heading\"><span class=\"ez-toc-section\" id=\"21_Sonnenhof-Therme_Bad_Saulgau\"><\/span>21. Sonnenhof-Therme (Bad Saulgau)<span class=\"ez-toc-section-end\"><\/span><\/h3>\n\n\n\n<p class=\"wp-block-paragraph\">Diese Therme in der Stadt Bad Saulgau r\u00fchmt sich mit enormem Naturreichtum, f\u00fcr den die Leute aus der weiten Umgebung anreisen. Jeden Tag <strong>entspringen hier aus beachtlichen 650 Metern Tiefe bis zu 1,5 Millionen Liter heilendes Schwefelwasser<\/strong>, das st\u00e4ndig alle lokalen Becken f\u00fcllt. Schon die moderne Architektur ist beeindruckend, denn das Geb\u00e4ude ist von viel Tageslicht durchflutet.<\/p>\n\n\n\n<p class=\"wp-block-paragraph\">Auf einer Fl\u00e4che von 900 Quadratmetern entdeckst du sieben Innen- und Au\u00dfenbecken mit Temperaturen von 28 bis 40 \u00b0C. Am w\u00e4rmsten ist das Innen-Quellbecken mit <strong>41 \u00b0C<\/strong>. Es fehlt nicht ein Kaskadenbecken mit 34 \u00b0C oder ein r\u00f6misches Dampfbad mit 100 % Luftfeuchtigkeit und einer Temperatur von 40 bis 50 \u00b0C. Im Salzraum w\u00e4rmt dich mindestens 42 \u00b0C. Teil der Becken sind auch verschiedenste Wasserf\u00e4lle und Unterwasserd\u00fcsen.<\/p>\n\n\n\n<p class=\"wp-block-paragraph\">Laut Preisliste f\u00fcr 2026 kostet das zweist\u00fcndige Ticket in die Thermen 13,80 Euro. Der dreist\u00fcndige Eintritt kostet 14,80 Euro, und die Tagesvariante wird f\u00fcr 20,40 Euro verkauft. Der Saunaeintritt, der schon das Baden in den Thermen umfasst, kostet f\u00fcr 3 Stunden 21,60 Euro. <strong>\ud83d\udca1 Tipp:<\/strong> Halte an den Wasserf\u00e4llen und Massaged\u00fcsen im Becken, das sehr angenehme 37 \u00b0C hat, denn es lockert perfekt den verspannten R\u00fccken und die Schultern.<\/p>\n\n\n\n<figure data-wp-context=\"{&quot;imageId&quot;:&quot;6a9c73e07406d&quot;}\" data-wp-interactive=\"core\/image\" data-wp-key=\"6a9c73e07406d\" class=\"wp-block-image size-full wp-lightbox-container\"><img decoding=\"async\" width=\"1800\" height=\"1200\" data-wp-class--hide=\"state.isContentHidden\" data-wp-class--show=\"state.isContentVisible\" data-wp-init=\"callbacks.setButtonStyles\" data-wp-on--click=\"actions.showLightbox\" data-wp-on--load=\"callbacks.setButtonStyles\" data-wp-on--pointerdown=\"actions.preloadImage\" data-wp-on--pointerenter=\"actions.preloadImageWithDelay\" data-wp-on--pointerleave=\"actions.cancelPreload\" data-wp-on-window--resize=\"callbacks.setButtonStyles\" src=\"https:\/\/loudavymkrokem.cz\/wp-content\/uploads\/2026\/09\/nemecko-clanky-termaly-nemecko-28-5b36a3a0-1.jpg\" alt=\"Caracalla Therme (Baden-Baden)\" class=\"wp-image-415324\" title=\"\" srcset=\"https:\/\/loudavymkrokem.cz\/wp-content\/uploads\/2026\/09\/nemecko-clanky-termaly-nemecko-28-5b36a3a0-1.jpg 1800w, https:\/\/loudavymkrokem.cz\/wp-content\/uploads\/2026\/09\/nemecko-clanky-termaly-nemecko-28-5b36a3a0-1-300x200.jpg 300w, https:\/\/loudavymkrokem.cz\/wp-content\/uploads\/2026\/09\/nemecko-clanky-termaly-nemecko-28-5b36a3a0-1-700x467.jpg 700w, https:\/\/loudavymkrokem.cz\/wp-content\/uploads\/2026\/09\/nemecko-clanky-termaly-nemecko-28-5b36a3a0-1-768x512.jpg 768w, https:\/\/loudavymkrokem.cz\/wp-content\/uploads\/2026\/09\/nemecko-clanky-termaly-nemecko-28-5b36a3a0-1-1536x1024.jpg 1536w, https:\/\/loudavymkrokem.cz\/wp-content\/uploads\/2026\/09\/nemecko-clanky-termaly-nemecko-28-5b36a3a0-1-696x464.jpg 696w, https:\/\/loudavymkrokem.cz\/wp-content\/uploads\/2026\/09\/nemecko-clanky-termaly-nemecko-28-5b36a3a0-1-1392x928.jpg 1392w\" sizes=\"(max-width: 1800px) 100vw, 1800px\" \/><button\n\t\t\tclass=\"lightbox-trigger\"\n\t\t\ttype=\"button\"\n\t\t\taria-haspopup=\"dialog\"\n\t\t\tdata-wp-bind--aria-label=\"state.thisImage.triggerButtonAriaLabel\"\n\t\t\tdata-wp-init=\"callbacks.initTriggerButton\"\n\t\t\tdata-wp-on--click=\"actions.showLightbox\"\n\t\t\tdata-wp-style--right=\"state.thisImage.buttonRight\"\n\t\t\tdata-wp-style--top=\"state.thisImage.buttonTop\"\n\t\t>\n\t\t\t<svg xmlns=\"http:\/\/www.w3.org\/2000\/svg\" width=\"12\" height=\"12\" fill=\"none\" viewBox=\"0 0 12 12\">\n\t\t\t\t<path fill=\"#fff\" d=\"M2 0a2 2 0 0 0-2 2v2h1.5V2a.5.5 0 0 1 .5-.5h2V0H2Zm2 10.5H2a.5.5 0 0 1-.5-.5V8H0v2a2 2 0 0 0 2 2h2v-1.5ZM8 12v-1.5h2a.5.5 0 0 0 .5-.5V8H12v2a2 2 0 0 1-2 2H8Zm2-12a2 2 0 0 1 2 2v2h-1.5V2a.5.5 0 0 0-.5-.5H8V0h2Z\" \/>\n\t\t\t<\/svg>\n\t\t<\/button><figcaption class=\"wp-element-caption\">Foto: Gerd Eichmann \/ Wikimedia Commons, CC BY-SA 4.0<\/figcaption><\/figure>\n\n\n\n<h3 class=\"wp-block-heading\"><span class=\"ez-toc-section\" id=\"22_Caracalla_Therme_Baden-Baden\"><\/span>22. Caracalla Therme (Baden-Baden)<span class=\"ez-toc-section-end\"><\/span><\/h3>\n\n\n\n<p class=\"wp-block-paragraph\">Im legend\u00e4ren Baden-Baden findest du diesen luxuri\u00f6sen Komplex von insgesamt 5.000 Quadratmetern, der mit einer enormen <strong>Wasserfl\u00e4che von \u00fcber 900 Quadratmetern<\/strong> lockt. T\u00e4glich zirkulieren hier rund 800.000 Liter reines Thermalwasser, und die Beckentiefe erreicht maximal 1,35 Meter, sodass du dich hier sicher f\u00fchlst.<\/p>\n\n\n\n<p class=\"wp-block-paragraph\">Die Wassertemperaturen reichen von 18 bis 38 \u00b0C. Du w\u00e4rmst dich im gro\u00dfen Innenbecken (34 \u00b0C) oder im gro\u00dfen Au\u00dfenbecken (32 \u00b0C). Zur Verf\u00fcgung steht auch ein kleines Au\u00dfenbecken mit 35 \u00b0C und zwei hei\u00dfe Whirlpools mit 38 \u00b0C. Ein Erlebnis bietet die hei\u00dfe Grotte mit 38 \u00b0C (wo ein Aufenthalt von 5 Minuten empfohlen wird), an die <strong>gleich die kalte Grotte<\/strong> mit nur 18 \u00b0C f\u00fcr eine schnelle Abk\u00fchlung von 10 bis 20 Sekunden anschlie\u00dft. Mutige begr\u00fc\u00dfen das in Badekleidung zug\u00e4ngliche Dampfbad mit 43 \u00b0C und 100 % Luftfeuchtigkeit oder die Salzinhalationskammer mit 28 bis 30 \u00b0C.<\/p>\n\n\n\n<p class=\"wp-block-paragraph\">Laut Preisliste f\u00fcr 2026 kostet das Ticket in die Becken f\u00fcr 2 Stunden 21 Euro, f\u00fcr 3 Stunden 25 Euro und das Tagesticket 35 Euro. Die Kombination mit Sauna kostet 26 Euro f\u00fcr 2 Stunden. Kinder d\u00fcrfen erst ab 7 Jahren rein, bis 14 Jahre ausschlie\u00dflich mit erwachsener Begleitung. <strong>\ud83d\udca1 Tipp:<\/strong> Wenn du dir den sogenannten VIP-Chip zulegst, bekommst du bis zu 20 % Rabatt auf den Eintritt nicht nur hier, sondern auch ins befreundete historische Friedrichsbad.<\/p>\n\n\n\n<figure data-wp-context=\"{&quot;imageId&quot;:&quot;6a9c73e074702&quot;}\" data-wp-interactive=\"core\/image\" data-wp-key=\"6a9c73e074702\" class=\"wp-block-image size-full wp-lightbox-container\"><img decoding=\"async\" width=\"1800\" height=\"1083\" data-wp-class--hide=\"state.isContentHidden\" data-wp-class--show=\"state.isContentVisible\" data-wp-init=\"callbacks.setButtonStyles\" data-wp-on--click=\"actions.showLightbox\" data-wp-on--load=\"callbacks.setButtonStyles\" data-wp-on--pointerdown=\"actions.preloadImage\" data-wp-on--pointerenter=\"actions.preloadImageWithDelay\" data-wp-on--pointerleave=\"actions.cancelPreload\" data-wp-on-window--resize=\"callbacks.setButtonStyles\" src=\"https:\/\/loudavymkrokem.cz\/wp-content\/uploads\/2026\/09\/nemecko-clanky-termaly-nemecko-29-aa48ec15.jpg\" alt=\"Wellendach und Au\u00dfenbecken der Therme Solemar in Bad D\u00fcrrheim\" class=\"wp-image-415497\" title=\"\" srcset=\"https:\/\/loudavymkrokem.cz\/wp-content\/uploads\/2026\/09\/nemecko-clanky-termaly-nemecko-29-aa48ec15.jpg 1800w, https:\/\/loudavymkrokem.cz\/wp-content\/uploads\/2026\/09\/nemecko-clanky-termaly-nemecko-29-aa48ec15-300x181.jpg 300w, https:\/\/loudavymkrokem.cz\/wp-content\/uploads\/2026\/09\/nemecko-clanky-termaly-nemecko-29-aa48ec15-700x421.jpg 700w, https:\/\/loudavymkrokem.cz\/wp-content\/uploads\/2026\/09\/nemecko-clanky-termaly-nemecko-29-aa48ec15-768x462.jpg 768w, https:\/\/loudavymkrokem.cz\/wp-content\/uploads\/2026\/09\/nemecko-clanky-termaly-nemecko-29-aa48ec15-1536x924.jpg 1536w, https:\/\/loudavymkrokem.cz\/wp-content\/uploads\/2026\/09\/nemecko-clanky-termaly-nemecko-29-aa48ec15-696x419.jpg 696w, https:\/\/loudavymkrokem.cz\/wp-content\/uploads\/2026\/09\/nemecko-clanky-termaly-nemecko-29-aa48ec15-1392x838.jpg 1392w\" sizes=\"(max-width: 1800px) 100vw, 1800px\" \/><button\n\t\t\tclass=\"lightbox-trigger\"\n\t\t\ttype=\"button\"\n\t\t\taria-haspopup=\"dialog\"\n\t\t\tdata-wp-bind--aria-label=\"state.thisImage.triggerButtonAriaLabel\"\n\t\t\tdata-wp-init=\"callbacks.initTriggerButton\"\n\t\t\tdata-wp-on--click=\"actions.showLightbox\"\n\t\t\tdata-wp-style--right=\"state.thisImage.buttonRight\"\n\t\t\tdata-wp-style--top=\"state.thisImage.buttonTop\"\n\t\t>\n\t\t\t<svg xmlns=\"http:\/\/www.w3.org\/2000\/svg\" width=\"12\" height=\"12\" fill=\"none\" viewBox=\"0 0 12 12\">\n\t\t\t\t<path fill=\"#fff\" d=\"M2 0a2 2 0 0 0-2 2v2h1.5V2a.5.5 0 0 1 .5-.5h2V0H2Zm2 10.5H2a.5.5 0 0 1-.5-.5V8H0v2a2 2 0 0 0 2 2h2v-1.5ZM8 12v-1.5h2a.5.5 0 0 0 .5-.5V8H12v2a2 2 0 0 1-2 2H8Zm2-12a2 2 0 0 1 2 2v2h-1.5V2a.5.5 0 0 0-.5-.5H8V0h2Z\" \/>\n\t\t\t<\/svg>\n\t\t<\/button><\/figure>\n\n\n\n<h3 class=\"wp-block-heading\"><span class=\"ez-toc-section\" id=\"23_Solemar_Bad_Duerrheim_Bad_Duerrheim\"><\/span>23. Solemar Bad D\u00fcrrheim (Bad D\u00fcrrheim)<span class=\"ez-toc-section-end\"><\/span><\/h3>\n\n\n\n<p class=\"wp-block-paragraph\">In der Kurstadt Bad D\u00fcrrheim erwartet dich herrliche Entspannung, deren Hauptmagnet die <strong>ger\u00e4umige Schwarzwald-Sauna<\/strong> ist. Im ganzen Areal herrscht eine au\u00dfergew\u00f6hnlich ruhige Atmosph\u00e4re, die wie geschaffen ist f\u00fcr ein Erholungswochenende ganz ohne Eile. Wenn du den Kopf frei bekommen und einfach faulenzen musst, gelingt dir das hier garantiert.<\/p>\n\n\n\n<p class=\"wp-block-paragraph\">Die Thermen sind t\u00e4glich von 9 bis 22 Uhr ge\u00f6ffnet, freitags verl\u00e4ngert sich der Abendbetrieb sogar bis 23 Uhr. Neben den klassischen Thermalbecken entdeckst du hier auch eine spezielle Totes-Meer-Salzgrotte, die tolle Wirkung auf die Atemwege hat. Die Saunawelt selbst \u00f6ffnet f\u00fcr alle Besucher p\u00fcnktlich um zehn Uhr morgens.<\/p>\n\n\n\n<p class=\"wp-block-paragraph\">Laut Preisliste f\u00fcr 2026 kostet das dreist\u00fcndige Ticket in die Thermen 17,90 Euro und die Tagesvariante 19,90 Euro. F\u00fcr die vierst\u00fcndige Kombination mit Sauna zahlst du 26,50 Euro, die Tagesvariante kostet dann 29,50 Euro. Der Eintritt in die Salzgrotte kostet 11 Euro f\u00fcr Erwachsene und 5 Euro f\u00fcr Kinder bis 12 Jahre. In die Sauna d\u00fcrfen Jugendliche erst ab 13 Jahren. F\u00fcr Kinder von 3 bis 12 Jahren kostet die Tagestherme 10,20 Euro. <strong>\ud83d\udca1 Tipp:<\/strong> Wenn du sparen willst, komm erst abends zum verg\u00fcnstigten Tarif ab 19 Uhr, der nur 14,90 Euro in die Thermen und 21,50 Euro in die Sauna kostet.<\/p>\n\n\n\n<figure data-wp-context=\"{&quot;imageId&quot;:&quot;6a9c73e074d93&quot;}\" data-wp-interactive=\"core\/image\" data-wp-key=\"6a9c73e074d93\" class=\"wp-block-image size-full wp-lightbox-container\"><img decoding=\"async\" width=\"1800\" height=\"1350\" data-wp-class--hide=\"state.isContentHidden\" data-wp-class--show=\"state.isContentVisible\" data-wp-init=\"callbacks.setButtonStyles\" data-wp-on--click=\"actions.showLightbox\" data-wp-on--load=\"callbacks.setButtonStyles\" data-wp-on--pointerdown=\"actions.preloadImage\" data-wp-on--pointerenter=\"actions.preloadImageWithDelay\" data-wp-on--pointerleave=\"actions.cancelPreload\" data-wp-on-window--resize=\"callbacks.setButtonStyles\" src=\"https:\/\/loudavymkrokem.cz\/wp-content\/uploads\/2026\/09\/nemecko-clanky-termaly-nemecko-30-ccda264f-1.jpg\" alt=\"Au\u00dfenbecken der AlbThermen in Bad Urach im winterlichen Dampf\" class=\"wp-image-415329\" title=\"\" srcset=\"https:\/\/loudavymkrokem.cz\/wp-content\/uploads\/2026\/09\/nemecko-clanky-termaly-nemecko-30-ccda264f-1.jpg 1800w, https:\/\/loudavymkrokem.cz\/wp-content\/uploads\/2026\/09\/nemecko-clanky-termaly-nemecko-30-ccda264f-1-300x225.jpg 300w, https:\/\/loudavymkrokem.cz\/wp-content\/uploads\/2026\/09\/nemecko-clanky-termaly-nemecko-30-ccda264f-1-700x525.jpg 700w, https:\/\/loudavymkrokem.cz\/wp-content\/uploads\/2026\/09\/nemecko-clanky-termaly-nemecko-30-ccda264f-1-768x576.jpg 768w, https:\/\/loudavymkrokem.cz\/wp-content\/uploads\/2026\/09\/nemecko-clanky-termaly-nemecko-30-ccda264f-1-1536x1152.jpg 1536w, https:\/\/loudavymkrokem.cz\/wp-content\/uploads\/2026\/09\/nemecko-clanky-termaly-nemecko-30-ccda264f-1-80x60.jpg 80w, https:\/\/loudavymkrokem.cz\/wp-content\/uploads\/2026\/09\/nemecko-clanky-termaly-nemecko-30-ccda264f-1-160x120.jpg 160w, https:\/\/loudavymkrokem.cz\/wp-content\/uploads\/2026\/09\/nemecko-clanky-termaly-nemecko-30-ccda264f-1-696x522.jpg 696w, https:\/\/loudavymkrokem.cz\/wp-content\/uploads\/2026\/09\/nemecko-clanky-termaly-nemecko-30-ccda264f-1-1392x1044.jpg 1392w\" sizes=\"(max-width: 1800px) 100vw, 1800px\" \/><button\n\t\t\tclass=\"lightbox-trigger\"\n\t\t\ttype=\"button\"\n\t\t\taria-haspopup=\"dialog\"\n\t\t\tdata-wp-bind--aria-label=\"state.thisImage.triggerButtonAriaLabel\"\n\t\t\tdata-wp-init=\"callbacks.initTriggerButton\"\n\t\t\tdata-wp-on--click=\"actions.showLightbox\"\n\t\t\tdata-wp-style--right=\"state.thisImage.buttonRight\"\n\t\t\tdata-wp-style--top=\"state.thisImage.buttonTop\"\n\t\t>\n\t\t\t<svg xmlns=\"http:\/\/www.w3.org\/2000\/svg\" width=\"12\" height=\"12\" fill=\"none\" viewBox=\"0 0 12 12\">\n\t\t\t\t<path fill=\"#fff\" d=\"M2 0a2 2 0 0 0-2 2v2h1.5V2a.5.5 0 0 1 .5-.5h2V0H2Zm2 10.5H2a.5.5 0 0 1-.5-.5V8H0v2a2 2 0 0 0 2 2h2v-1.5ZM8 12v-1.5h2a.5.5 0 0 0 .5-.5V8H12v2a2 2 0 0 1-2 2H8Zm2-12a2 2 0 0 1 2 2v2h-1.5V2a.5.5 0 0 0-.5-.5H8V0h2Z\" \/>\n\t\t\t<\/svg>\n\t\t<\/button><figcaption class=\"wp-element-caption\">Foto: qwesy qwesy \/ Wikimedia Commons, CC BY 3.0<\/figcaption><\/figure>\n\n\n\n<h3 class=\"wp-block-heading\"><span class=\"ez-toc-section\" id=\"24_AlbThermen_Bad_Urach\"><\/span>24. AlbThermen (Bad Urach)<span class=\"ez-toc-section-end\"><\/span><\/h3>\n\n\n\n<p class=\"wp-block-paragraph\">Diesen beliebten Betrieb in der Stadt Bad Urach werden vor allem erwachsene Besucher lieben, denn Kinder unter 8 Jahren <strong>haben gar keinen Zutritt zum Badebetrieb<\/strong>. Die Umgebung ist dank dieser Einschr\u00e4nkung sehr ruhig und bietet wirklich ungest\u00f6rte Erholung. Wenn du also einen Ort suchst, wo du dich vom Kindergeschrei erholst, liegst du hier goldrichtig.<\/p>\n\n\n\n<p class=\"wp-block-paragraph\">Die Tore der Thermen \u00f6ffnen t\u00e4glich von 9 bis 22 Uhr, die Saunalandschaft beginnt ab 10 Uhr, und das lokale Restaurant kocht ab 11 Uhr. Die Preise sind hier in genaue Zeitbl\u00f6cke unterteilt, es lohnt sich also, sorgf\u00e4ltig auf die Uhr zu achten, damit du beim Verlassen nicht unn\u00f6tig 2,50 Euro f\u00fcr die \u00dcberziehung der festgelegten Zeit nachzahlst.<\/p>\n\n\n\n<p class=\"wp-block-paragraph\">Die Grundtarife laut Preisliste f\u00fcr 2026 gelten f\u00fcr genau 3,5 Stunden in die Becken oder f\u00fcr 4 Stunden, wenn du die Kombination aus Becken und Sauna w\u00e4hlst. Am Wochenende addiere zu jedem Grundtarif einen kleinen Aufschlag von 2 Euro. <strong>\ud83d\udca1 Tipp:<\/strong> Planst du mehrere Besuche oder f\u00e4hrst mit einer gr\u00f6\u00dferen Gruppe? Hol dir eine Prepaid-Karte f\u00fcr 10 Eintritte in die Becken f\u00fcr 189 Euro (oder mit Sauna f\u00fcr 288 Euro), zu der du weitere 3 Freieintritte ganz gratis bekommst.<\/p>\n\n\n\n<figure data-wp-context=\"{&quot;imageId&quot;:&quot;6a9c73e07530c&quot;}\" data-wp-interactive=\"core\/image\" data-wp-key=\"6a9c73e07530c\" class=\"wp-block-image size-full wp-lightbox-container\"><img decoding=\"async\" width=\"1800\" height=\"1064\" data-wp-class--hide=\"state.isContentHidden\" data-wp-class--show=\"state.isContentVisible\" data-wp-init=\"callbacks.setButtonStyles\" data-wp-on--click=\"actions.showLightbox\" data-wp-on--load=\"callbacks.setButtonStyles\" data-wp-on--pointerdown=\"actions.preloadImage\" data-wp-on--pointerenter=\"actions.preloadImageWithDelay\" data-wp-on--pointerleave=\"actions.cancelPreload\" data-wp-on-window--resize=\"callbacks.setButtonStyles\" src=\"https:\/\/loudavymkrokem.cz\/wp-content\/uploads\/2026\/09\/nemecko-clanky-termaly-nemecko-31-616f54cf-1.jpg\" alt=\"Friedrichsbad (Baden-Baden)\" class=\"wp-image-415332\" title=\"\" srcset=\"https:\/\/loudavymkrokem.cz\/wp-content\/uploads\/2026\/09\/nemecko-clanky-termaly-nemecko-31-616f54cf-1.jpg 1800w, https:\/\/loudavymkrokem.cz\/wp-content\/uploads\/2026\/09\/nemecko-clanky-termaly-nemecko-31-616f54cf-1-300x177.jpg 300w, https:\/\/loudavymkrokem.cz\/wp-content\/uploads\/2026\/09\/nemecko-clanky-termaly-nemecko-31-616f54cf-1-700x414.jpg 700w, https:\/\/loudavymkrokem.cz\/wp-content\/uploads\/2026\/09\/nemecko-clanky-termaly-nemecko-31-616f54cf-1-768x454.jpg 768w, https:\/\/loudavymkrokem.cz\/wp-content\/uploads\/2026\/09\/nemecko-clanky-termaly-nemecko-31-616f54cf-1-1536x908.jpg 1536w, https:\/\/loudavymkrokem.cz\/wp-content\/uploads\/2026\/09\/nemecko-clanky-termaly-nemecko-31-616f54cf-1-696x411.jpg 696w, https:\/\/loudavymkrokem.cz\/wp-content\/uploads\/2026\/09\/nemecko-clanky-termaly-nemecko-31-616f54cf-1-1392x823.jpg 1392w\" sizes=\"(max-width: 1800px) 100vw, 1800px\" \/><button\n\t\t\tclass=\"lightbox-trigger\"\n\t\t\ttype=\"button\"\n\t\t\taria-haspopup=\"dialog\"\n\t\t\tdata-wp-bind--aria-label=\"state.thisImage.triggerButtonAriaLabel\"\n\t\t\tdata-wp-init=\"callbacks.initTriggerButton\"\n\t\t\tdata-wp-on--click=\"actions.showLightbox\"\n\t\t\tdata-wp-style--right=\"state.thisImage.buttonRight\"\n\t\t\tdata-wp-style--top=\"state.thisImage.buttonTop\"\n\t\t>\n\t\t\t<svg xmlns=\"http:\/\/www.w3.org\/2000\/svg\" width=\"12\" height=\"12\" fill=\"none\" viewBox=\"0 0 12 12\">\n\t\t\t\t<path fill=\"#fff\" d=\"M2 0a2 2 0 0 0-2 2v2h1.5V2a.5.5 0 0 1 .5-.5h2V0H2Zm2 10.5H2a.5.5 0 0 1-.5-.5V8H0v2a2 2 0 0 0 2 2h2v-1.5ZM8 12v-1.5h2a.5.5 0 0 0 .5-.5V8H12v2a2 2 0 0 1-2 2H8Zm2-12a2 2 0 0 1 2 2v2h-1.5V2a.5.5 0 0 0-.5-.5H8V0h2Z\" \/>\n\t\t\t<\/svg>\n\t\t<\/button><figcaption class=\"wp-element-caption\">Foto: Gerd Eichmann \/ Wikimedia Commons, CC BY-SA 4.0<\/figcaption><\/figure>\n\n\n\n<h3 class=\"wp-block-heading\"><span class=\"ez-toc-section\" id=\"25_Friedrichsbad_Baden-Baden\"><\/span>25. Friedrichsbad (Baden-Baden)<span class=\"ez-toc-section-end\"><\/span><\/h3>\n\n\n\n<p class=\"wp-block-paragraph\">Dieses historische Bad in Baden-Baden versetzt dich sofort in eine ganz andere Epoche. Es wurde n\u00e4mlich von 1869 bis 1877 <strong>direkt auf dem Florentinerberg<\/strong> erbaut, wo schon die alten R\u00f6mer badeten. In der zweiten H\u00e4lfte des 19. Jahrhunderts war es sogar die bedeutendste Therme im ganzen damaligen Deutschland und hat sich bis heute seinen prunkvollen Charakter bewahrt.<\/p>\n\n\n\n<p class=\"wp-block-paragraph\">Das imposante Geb\u00e4ude aus rotem und wei\u00dfem Sandstein misst 62,5 mal 50 Meter. Sein gr\u00f6\u00dfter Stolz ist die <strong>riesige zentrale Kuppel mit 17,5 Metern H\u00f6he<\/strong>, die gro\u00dfartig von Blendb\u00f6gen auf korinthischen S\u00e4ulen getragen wird. Der ganze Bau lie\u00df sich architektonisch von den Caracalla-Thermen in Rom inspirieren. Es funktioniert nach dem alten Prinzip des Irisch-R\u00f6mischen Bades, das der britische Diplomat David Urquhart nach Europa brachte und das der irische Arzt Richard Barter 1856 begr\u00fcndete.<\/p>\n\n\n\n<p class=\"wp-block-paragraph\">Der Bau und die Modernisierung dieses Bades waren f\u00fcr die Stadt entscheidend, denn nach dem fl\u00e4chendeckenden Gl\u00fccksspielverbot 1872 sollten sie neue wohlhabende Kreise anlocken. Der Ort ist einfach ideal f\u00fcr Liebhaber der Geschichte und Bewunderer der Architektur. <strong>\ud83d\udca1 Tipp:<\/strong> Betrachte w\u00e4hrend der Entspannung aufmerksam die Verzierungen. Die originalen Malereien wurden in den 1950er-Jahren zwar unsensibel \u00fcbert\u00fcncht, aber Anfang der 80er-Jahre gelang es bei der Rekonstruktion, sie zumindest teilweise zu restaurieren.<\/p>\n\n\n\n<figure data-wp-context=\"{&quot;imageId&quot;:&quot;6a9c73e075a0b&quot;}\" data-wp-interactive=\"core\/image\" data-wp-key=\"6a9c73e075a0b\" class=\"wp-block-image size-full wp-lightbox-container\"><img decoding=\"async\" width=\"1800\" height=\"1350\" data-wp-class--hide=\"state.isContentHidden\" data-wp-class--show=\"state.isContentVisible\" data-wp-init=\"callbacks.setButtonStyles\" data-wp-on--click=\"actions.showLightbox\" data-wp-on--load=\"callbacks.setButtonStyles\" data-wp-on--pointerdown=\"actions.preloadImage\" data-wp-on--pointerenter=\"actions.preloadImageWithDelay\" data-wp-on--pointerleave=\"actions.cancelPreload\" data-wp-on-window--resize=\"callbacks.setButtonStyles\" src=\"https:\/\/loudavymkrokem.cz\/wp-content\/uploads\/2026\/09\/nemecko-clanky-termaly-nemecko-32-9c1729cf.jpg\" alt=\"Garten der Therme Vita Classica in Bad Krozingen mit geformten Geh\u00f6lzen\" class=\"wp-image-415500\" title=\"\" srcset=\"https:\/\/loudavymkrokem.cz\/wp-content\/uploads\/2026\/09\/nemecko-clanky-termaly-nemecko-32-9c1729cf.jpg 1800w, https:\/\/loudavymkrokem.cz\/wp-content\/uploads\/2026\/09\/nemecko-clanky-termaly-nemecko-32-9c1729cf-300x225.jpg 300w, https:\/\/loudavymkrokem.cz\/wp-content\/uploads\/2026\/09\/nemecko-clanky-termaly-nemecko-32-9c1729cf-700x525.jpg 700w, https:\/\/loudavymkrokem.cz\/wp-content\/uploads\/2026\/09\/nemecko-clanky-termaly-nemecko-32-9c1729cf-768x576.jpg 768w, https:\/\/loudavymkrokem.cz\/wp-content\/uploads\/2026\/09\/nemecko-clanky-termaly-nemecko-32-9c1729cf-1536x1152.jpg 1536w, https:\/\/loudavymkrokem.cz\/wp-content\/uploads\/2026\/09\/nemecko-clanky-termaly-nemecko-32-9c1729cf-80x60.jpg 80w, https:\/\/loudavymkrokem.cz\/wp-content\/uploads\/2026\/09\/nemecko-clanky-termaly-nemecko-32-9c1729cf-160x120.jpg 160w, https:\/\/loudavymkrokem.cz\/wp-content\/uploads\/2026\/09\/nemecko-clanky-termaly-nemecko-32-9c1729cf-696x522.jpg 696w, https:\/\/loudavymkrokem.cz\/wp-content\/uploads\/2026\/09\/nemecko-clanky-termaly-nemecko-32-9c1729cf-1392x1044.jpg 1392w\" sizes=\"(max-width: 1800px) 100vw, 1800px\" \/><button\n\t\t\tclass=\"lightbox-trigger\"\n\t\t\ttype=\"button\"\n\t\t\taria-haspopup=\"dialog\"\n\t\t\tdata-wp-bind--aria-label=\"state.thisImage.triggerButtonAriaLabel\"\n\t\t\tdata-wp-init=\"callbacks.initTriggerButton\"\n\t\t\tdata-wp-on--click=\"actions.showLightbox\"\n\t\t\tdata-wp-style--right=\"state.thisImage.buttonRight\"\n\t\t\tdata-wp-style--top=\"state.thisImage.buttonTop\"\n\t\t>\n\t\t\t<svg xmlns=\"http:\/\/www.w3.org\/2000\/svg\" width=\"12\" height=\"12\" fill=\"none\" viewBox=\"0 0 12 12\">\n\t\t\t\t<path fill=\"#fff\" d=\"M2 0a2 2 0 0 0-2 2v2h1.5V2a.5.5 0 0 1 .5-.5h2V0H2Zm2 10.5H2a.5.5 0 0 1-.5-.5V8H0v2a2 2 0 0 0 2 2h2v-1.5ZM8 12v-1.5h2a.5.5 0 0 0 .5-.5V8H12v2a2 2 0 0 1-2 2H8Zm2-12a2 2 0 0 1 2 2v2h-1.5V2a.5.5 0 0 0-.5-.5H8V0h2Z\" \/>\n\t\t\t<\/svg>\n\t\t<\/button><figcaption class=\"wp-element-caption\">Foto: Baden de \/ Wikimedia Commons, CC BY 3.0<\/figcaption><\/figure>\n\n\n\n<h3 class=\"wp-block-heading\"><span class=\"ez-toc-section\" id=\"26_Vita_Classica_Bad_Krozingen\"><\/span>26. Vita Classica (Bad Krozingen)<span class=\"ez-toc-section-end\"><\/span><\/h3>\n\n\n\n<p class=\"wp-block-paragraph\">Wenn du im Urlaub Wert auf wirklich luxuri\u00f6se Pflege legst, findest du in der Therme Vita Classica in der Kleinstadt Bad Krozingen genau das, was du suchst. Ihr gr\u00f6\u00dfter Stolz ist n\u00e4mlich das <strong>spezielle Wohlf\u00fchlhaus<\/strong>, das sich eng auf exklusive Massagen und die besten Premium-Wellnessrituale konzentriert. Die Atmosph\u00e4re strahlt hier Ruhe aus, und das professionelle Personal sorgt daf\u00fcr, dass du wie neugeboren gehst.<\/p>\n\n\n\n<p class=\"wp-block-paragraph\">Baden genie\u00dft du hier bis zur S\u00e4ttigung, denn das weitl\u00e4ufige Areal bietet gleich drei Au\u00dfen- und sechs Innenbecken, gef\u00fcllt mit angenehm warmem Thermalwasser. Es liegt an dir, ob du lieber unter freiem Himmel schwimmst oder dich drinnen verkriechst. Das Saunaparadies verbirgt dann acht verschiedene Saunakabinen und einen gro\u00dfartigen Dampftempel, wo du dank des hei\u00dfen Dampfes leicht alle Alltagssorgen vergisst.<\/p>\n\n\n\n<p class=\"wp-block-paragraph\">Diese Therme ist einfach ideal f\u00fcr jeden, der tiefe Entspannung sucht und der es nicht st\u00f6rt, etwas mehr f\u00fcr hochwertige Heilbehandlungen in sch\u00f6ner Umgebung zu zahlen. Sie ist die perfekte Wahl f\u00fcr ein romantisches Wochenende zu zweit. <strong>\ud83d\udca1 Tipp:<\/strong> Ich empfehle, die beliebten Premium-Rituale oder Massagen im Wohlf\u00fchlhaus rechtzeitig \u00fcbers Internet zu reservieren, denn die besten Wochenendtermine sind oft sehr schnell ausverkauft.<\/p>\n\n\n\n<figure data-wp-context=\"{&quot;imageId&quot;:&quot;6a9c73e076179&quot;}\" data-wp-interactive=\"core\/image\" data-wp-key=\"6a9c73e076179\" class=\"wp-block-image size-full wp-lightbox-container\"><img decoding=\"async\" width=\"1800\" height=\"1198\" data-wp-class--hide=\"state.isContentHidden\" data-wp-class--show=\"state.isContentVisible\" data-wp-init=\"callbacks.setButtonStyles\" data-wp-on--click=\"actions.showLightbox\" data-wp-on--load=\"callbacks.setButtonStyles\" data-wp-on--pointerdown=\"actions.preloadImage\" data-wp-on--pointerenter=\"actions.preloadImageWithDelay\" data-wp-on--pointerleave=\"actions.cancelPreload\" data-wp-on-window--resize=\"callbacks.setButtonStyles\" src=\"https:\/\/loudavymkrokem.cz\/wp-content\/uploads\/2026\/09\/nemecko-clanky-termaly-nemecko-33-009e6b3b.jpg\" alt=\"Abendbecken und balinesischer Pavillon in der Bali Therme in Bad Oeynhausen\" class=\"wp-image-415504\" title=\"\" srcset=\"https:\/\/loudavymkrokem.cz\/wp-content\/uploads\/2026\/09\/nemecko-clanky-termaly-nemecko-33-009e6b3b.jpg 1800w, https:\/\/loudavymkrokem.cz\/wp-content\/uploads\/2026\/09\/nemecko-clanky-termaly-nemecko-33-009e6b3b-300x200.jpg 300w, https:\/\/loudavymkrokem.cz\/wp-content\/uploads\/2026\/09\/nemecko-clanky-termaly-nemecko-33-009e6b3b-700x466.jpg 700w, https:\/\/loudavymkrokem.cz\/wp-content\/uploads\/2026\/09\/nemecko-clanky-termaly-nemecko-33-009e6b3b-768x511.jpg 768w, https:\/\/loudavymkrokem.cz\/wp-content\/uploads\/2026\/09\/nemecko-clanky-termaly-nemecko-33-009e6b3b-1536x1022.jpg 1536w, https:\/\/loudavymkrokem.cz\/wp-content\/uploads\/2026\/09\/nemecko-clanky-termaly-nemecko-33-009e6b3b-696x463.jpg 696w, https:\/\/loudavymkrokem.cz\/wp-content\/uploads\/2026\/09\/nemecko-clanky-termaly-nemecko-33-009e6b3b-1392x926.jpg 1392w\" sizes=\"(max-width: 1800px) 100vw, 1800px\" \/><button\n\t\t\tclass=\"lightbox-trigger\"\n\t\t\ttype=\"button\"\n\t\t\taria-haspopup=\"dialog\"\n\t\t\tdata-wp-bind--aria-label=\"state.thisImage.triggerButtonAriaLabel\"\n\t\t\tdata-wp-init=\"callbacks.initTriggerButton\"\n\t\t\tdata-wp-on--click=\"actions.showLightbox\"\n\t\t\tdata-wp-style--right=\"state.thisImage.buttonRight\"\n\t\t\tdata-wp-style--top=\"state.thisImage.buttonTop\"\n\t\t>\n\t\t\t<svg xmlns=\"http:\/\/www.w3.org\/2000\/svg\" width=\"12\" height=\"12\" fill=\"none\" viewBox=\"0 0 12 12\">\n\t\t\t\t<path fill=\"#fff\" d=\"M2 0a2 2 0 0 0-2 2v2h1.5V2a.5.5 0 0 1 .5-.5h2V0H2Zm2 10.5H2a.5.5 0 0 1-.5-.5V8H0v2a2 2 0 0 0 2 2h2v-1.5ZM8 12v-1.5h2a.5.5 0 0 0 .5-.5V8H12v2a2 2 0 0 1-2 2H8Zm2-12a2 2 0 0 1 2 2v2h-1.5V2a.5.5 0 0 0-.5-.5H8V0h2Z\" \/>\n\t\t\t<\/svg>\n\t\t<\/button><\/figure>\n\n\n\n<h2 class=\"wp-block-heading\"><span class=\"ez-toc-section\" id=\"Thermalbaeder_in_Nordrhein-Westfalen\"><\/span>Thermalb\u00e4der in Nordrhein-Westfalen<span class=\"ez-toc-section-end\"><\/span><\/h2>\n\n\n\n<p class=\"wp-block-paragraph\">Nordrhein-Westfalen ist das bev\u00f6lkerungsreichste Bundesland Deutschlands, an herrlichem Baden herrscht hier also wirklich kein Mangel. Die meisten der besten Areale liegen in bequemer Reichweite von K\u00f6ln, D\u00fcsseldorf oder Aachen, was sie zu einem idealen Ziel f\u00fcr ein verl\u00e4ngertes Wochenende macht. Wenn du weitl\u00e4ufige Wasserwelten oder untraditionelle Architektur liebst, kommst du hier auf deine Kosten.<\/p>\n\n\n\n<p class=\"wp-block-paragraph\">Ein starkes Thema dieser Region sind riesige Saunaparks wie die ber\u00fchmte Mediterana sowie einzigartige exotische Stilisierungen. Ein tolles Beispiel ist etwa die Bali Therme, wo du dich wie in einem echten Urlaub in Asien f\u00fchlst. Schau dir sieben Orte an, die dir in dieser Region auf keinen Fall entgehen sollten.<\/p>\n\n\n\n<figure data-wp-context=\"{&quot;imageId&quot;:&quot;6a9c73e076774&quot;}\" data-wp-interactive=\"core\/image\" data-wp-key=\"6a9c73e076774\" class=\"wp-block-image size-full wp-lightbox-container\"><img decoding=\"async\" width=\"1800\" height=\"1201\" data-wp-class--hide=\"state.isContentHidden\" data-wp-class--show=\"state.isContentVisible\" data-wp-init=\"callbacks.setButtonStyles\" data-wp-on--click=\"actions.showLightbox\" data-wp-on--load=\"callbacks.setButtonStyles\" data-wp-on--pointerdown=\"actions.preloadImage\" data-wp-on--pointerenter=\"actions.preloadImageWithDelay\" data-wp-on--pointerleave=\"actions.cancelPreload\" data-wp-on-window--resize=\"callbacks.setButtonStyles\" src=\"https:\/\/loudavymkrokem.cz\/wp-content\/uploads\/2026\/09\/nemecko-clanky-termaly-nemecko-34-d5cf2c11-1.jpg\" alt=\"Thermen &#038; Badewelt Euskirchen (Euskirchen): Saunabereich\" class=\"wp-image-415338\" title=\"\" srcset=\"https:\/\/loudavymkrokem.cz\/wp-content\/uploads\/2026\/09\/nemecko-clanky-termaly-nemecko-34-d5cf2c11-1.jpg 1800w, https:\/\/loudavymkrokem.cz\/wp-content\/uploads\/2026\/09\/nemecko-clanky-termaly-nemecko-34-d5cf2c11-1-300x200.jpg 300w, https:\/\/loudavymkrokem.cz\/wp-content\/uploads\/2026\/09\/nemecko-clanky-termaly-nemecko-34-d5cf2c11-1-700x467.jpg 700w, https:\/\/loudavymkrokem.cz\/wp-content\/uploads\/2026\/09\/nemecko-clanky-termaly-nemecko-34-d5cf2c11-1-768x512.jpg 768w, https:\/\/loudavymkrokem.cz\/wp-content\/uploads\/2026\/09\/nemecko-clanky-termaly-nemecko-34-d5cf2c11-1-1536x1025.jpg 1536w, https:\/\/loudavymkrokem.cz\/wp-content\/uploads\/2026\/09\/nemecko-clanky-termaly-nemecko-34-d5cf2c11-1-696x464.jpg 696w, https:\/\/loudavymkrokem.cz\/wp-content\/uploads\/2026\/09\/nemecko-clanky-termaly-nemecko-34-d5cf2c11-1-1392x929.jpg 1392w\" sizes=\"(max-width: 1800px) 100vw, 1800px\" \/><button\n\t\t\tclass=\"lightbox-trigger\"\n\t\t\ttype=\"button\"\n\t\t\taria-haspopup=\"dialog\"\n\t\t\tdata-wp-bind--aria-label=\"state.thisImage.triggerButtonAriaLabel\"\n\t\t\tdata-wp-init=\"callbacks.initTriggerButton\"\n\t\t\tdata-wp-on--click=\"actions.showLightbox\"\n\t\t\tdata-wp-style--right=\"state.thisImage.buttonRight\"\n\t\t\tdata-wp-style--top=\"state.thisImage.buttonTop\"\n\t\t>\n\t\t\t<svg xmlns=\"http:\/\/www.w3.org\/2000\/svg\" width=\"12\" height=\"12\" fill=\"none\" viewBox=\"0 0 12 12\">\n\t\t\t\t<path fill=\"#fff\" d=\"M2 0a2 2 0 0 0-2 2v2h1.5V2a.5.5 0 0 1 .5-.5h2V0H2Zm2 10.5H2a.5.5 0 0 1-.5-.5V8H0v2a2 2 0 0 0 2 2h2v-1.5ZM8 12v-1.5h2a.5.5 0 0 0 .5-.5V8H12v2a2 2 0 0 1-2 2H8Zm2-12a2 2 0 0 1 2 2v2h-1.5V2a.5.5 0 0 0-.5-.5H8V0h2Z\" \/>\n\t\t\t<\/svg>\n\t\t<\/button><\/figure>\n\n\n\n<!-- LKM_GYG_CARD start q=\"germany\" lang=\"de\" rendered=\"2026-09-05T17:49:19+00:00\" v=\"1\" -->\n\n<!-- LKM_GYG_CARD end -->\n\n\n\n\n<div class=\"lk-stays-module\">\n<style>\n\/* \u2500\u2500\u2500 RESET PRO GUTENBERG \u2500\u2500\u2500 *\/\n.lk-stays-module * { box-sizing: border-box; margin: 0; padding: 0; }\n\n\/* \u2500\u2500\u2500 WRAPPER \u2500\u2500\u2500 *\/\n.lk-stays-module {\n  font-family: 'DM Sans', Georgia, sans-serif;\n  max-width: 100%;\n  margin: 2.5rem auto;\n  background: linear-gradient(135deg, #fdfaf5 0%, #fcf8f0 100%);\n  border: 1px solid #e8dfd4;\n  border-radius: 16px;\n  overflow: hidden;\n  box-shadow: 0 16px 48px rgba(195, 159, 118, 0.25), 0 4px 12px rgba(0,0,0,0.08);\n}\n\n\/* \u2500\u2500\u2500 HEADER \u2500\u2500\u2500 *\/\n.lk-stays-header {\n  position: relative;\n  padding: 24px 36px 24px;\n  background: linear-gradient(135deg, #c39f76 0%, #d4b188 60%, #c39f76 100%);\n  border-bottom: 1px solid rgba(255,255,255,.15);\n  display: flex;\n  align-items: center;\n  gap: 18px;\n}\n.lk-stays-header::before {\n  content: '';\n  position: absolute;\n  inset: 0;\n  background: url(\"data:image\/svg+xml,%3Csvg width='60' height='60' viewBox='0 0 60 60' xmlns='http:\/\/www.w3.org\/2000\/svg'%3E%3Cg fill='none' fill-rule='evenodd'%3E%3Cg fill='%23ffffff' fill-opacity='0.05'%3E%3Cpath d='M36 34v-4h-2v4h-4v2h4v4h2v-4h4v-2h-4zm0-30V0h-2v4h-4v2h4v4h2V6h4V4h-4zM6 34v-4H4v4H0v2h4v4h2v-4h4v-2H6zM6 4V0H4v4H0v2h4v4h2V6h4V4H6z'\/%3E%3C\/g%3E%3C\/g%3E%3C\/svg%3E\") repeat;\n  pointer-events: none;\n}\n.lk-stays-icon {\n  flex-shrink: 0;\n  width: 68px;\n  height: 68px;\n  border-radius: 14px;\n  background: linear-gradient(135deg, #fff 0%, #f9f6f0 100%);\n  display: flex;\n  align-items: center;\n  justify-content: center;\n  font-size: 26px;\n  box-shadow: 0 4px 12px rgba(0,0,0,0.15);\n}\n.lk-stays-eyebrow {\n  font-size: 10px;\n  font-weight: 500;\n  letter-spacing: 2.5px;\n  text-transform: uppercase;\n  color: rgba(255,255,255,.85);\n  margin: 0 0 5px 0;\n}\n.lk-stays-title {\n  font-family: 'Playfair Display', Georgia, serif;\n  font-size: 24px;\n  font-weight: 700;\n  color: #fff;\n  line-height: 1.2;\n  text-shadow: 0 1px 2px rgba(0,0,0,0.1);\n  margin: 0;\n}\n.lk-stays-subtitle {\n  font-size: 13px;\n  color: rgba(255,255,255,.75);\n  margin: 4px 0 0 0;\n  font-weight: 300;\n}\n\n\/* \u2500\u2500\u2500 CARDS GRID \u2500\u2500\u2500 *\/\n.lk-stays-grid {\n  display: grid;\n  grid-template-columns: 1fr 1fr;\n  gap: 1px;\n  background: rgba(195, 159, 118, 0.12);\n}\n\n\/* \u2500\u2500\u2500 SINGLE CARD \u2500\u2500\u2500 *\/\n.lk-stay-card {\n  background: #ffffff;\n  padding: 26px;\n  display: flex;\n  flex-direction: column;\n  gap: 11px;\n  transition: all 0.3s ease;\n  text-decoration: none;\n  color: inherit;\n  position: relative;\n}\n.lk-stay-card:hover {\n  background: #fffbf5;\n  transform: translateY(-2px);\n  box-shadow: 0 8px 24px rgba(195, 159, 118, 0.18);\n  z-index: 1;\n}\n.lk-stay-card.featured {\n  background: linear-gradient(135deg, #fffdf9 0%, #fff9f0 100%);\n  box-shadow: 0 4px 16px rgba(195, 159, 118, 0.15), inset 0 1px 0 rgba(195, 159, 118, 0.1);\n}\n.lk-stay-card.featured:hover {\n  background: linear-gradient(135deg, #fffbf5 0%, #fff8ed 100%);\n  box-shadow: 0 8px 24px rgba(195, 159, 118, 0.25), inset 0 1px 0 rgba(195, 159, 118, 0.15);\n}\n\n.lk-stay-badge {\n  display: inline-flex;\n  align-items: center;\n  gap: 5px;\n  font-size: 10px;\n  font-weight: 500;\n  letter-spacing: 1.5px;\n  text-transform: uppercase;\n  padding: 5px 11px;\n  border-radius: 20px;\n  width: fit-content;\n}\n.badge-top     { background: linear-gradient(135deg, #c39f76 0%, #d4b188 100%); color: #fff; border: 1px solid #c39f76; font-weight: 600; box-shadow: 0 2px 8px rgba(195,159,118,0.3); }\n.badge-luxury  { background: rgba(195,159,118,.12); color: #c39f76; border: 1px solid rgba(195,159,118,.25); }\n.badge-boutique{ background: rgba(54,133,252,.08); color: #3685fc; border: 1px solid rgba(54,133,252,.2); }\n.badge-nature  { background: rgba(130,190,100,.1); color: #6b9c4a; border: 1px solid rgba(130,190,100,.2); }\n.badge-remote  { background: rgba(195,159,118,.12); color: #a67e50; border: 1px solid rgba(195,159,118,.25); }\n\n.lk-stay-name {\n  font-family: 'Playfair Display', Georgia, serif;\n  font-size: 18px;\n  font-weight: 700;\n  color: #111827;\n  line-height: 1.3;\n}\n.lk-stay-desc {\n  font-size: 13.5px;\n  color: #525252;\n  line-height: 1.65;\n  font-weight: 300;\n  flex: 1;\n}\n\n.lk-stay-meta {\n  display: flex;\n  align-items: center;\n  gap: 12px;\n  flex-wrap: wrap;\n  margin-top: 4px;\n}\n.lk-stay-price {\n  font-size: 13px;\n  color: #6b7280;\n}\n.lk-stay-price strong {\n  color: #c39f76;\n  font-weight: 500;\n}\n.lk-stay-stars {\n  color: #c39f76;\n  font-size: 11px;\n  letter-spacing: 1px;\n}\n\n\/* \u2500\u2500\u2500 CTA BUTTON \u2500\u2500\u2500 *\/\n.lk-stay-cta {\n  display: inline-flex;\n  align-items: center;\n  justify-content: center;\n  gap: 7px;\n  margin-top: 8px;\n  padding: 11px 20px;\n  border-radius: 8px;\n  background: linear-gradient(135deg, #3685fc 0%, #2a6fd9 100%);\n  color: #fff;\n  font-size: 13px;\n  font-weight: 500;\n  text-decoration: none;\n  letter-spacing: .3px;\n  transition: all .2s ease;\n  cursor: pointer;\n  border: none;\n  text-align: center;\n  box-shadow: 0 4px 12px rgba(54, 133, 252, 0.25);\n}\n.lk-stay-cta:hover {\n  background: linear-gradient(135deg, #2a6fd9 0%, #1e5bc4 100%);\n  transform: translateY(-1px);\n  box-shadow: 0 6px 16px rgba(54, 133, 252, 0.35);\n}\n.lk-stay-cta svg { flex-shrink: 0; }\n\n\/* \u2500\u2500\u2500 FOOTER \u2500\u2500\u2500 *\/\n.lk-stays-footer {\n  padding: 18px 36px;\n  background: linear-gradient(to bottom, #fdfaf5 0%, #f9f4ed 100%);\n  border-top: 1px solid rgba(195, 159, 118, 0.15);\n  display: flex;\n  align-items: center;\n  justify-content: space-between;\n  flex-wrap: wrap;\n  gap: 12px;\n}\n.lk-stays-footer-note {\n  font-size: 11.5px;\n  color: #6b7280;\n  font-weight: 300;\n  line-height: 1.5;\n}\n.lk-stays-footer-note a {\n  color: #c39f76;\n  text-decoration: none;\n  font-weight: 400;\n}\n.lk-stays-footer-note a:hover {\n  text-decoration: underline;\n}\n.lk-stays-all-btn {\n  display: inline-flex;\n  align-items: center;\n  gap: 6px;\n  font-size: 12.5px;\n  font-weight: 500;\n  color: #c39f76;\n  text-decoration: none;\n  border: 1px solid rgba(195, 159, 118, 0.35);\n  padding: 8px 18px;\n  border-radius: 8px;\n  transition: all .2s ease;\n}\n.lk-stays-all-btn:hover {\n  background: rgba(195, 159, 118, 0.08);\n  border-color: rgba(195, 159, 118, 0.5);\n}\n\n\/* \u2500\u2500\u2500 RESPONSIVE \u2500\u2500\u2500 *\/\n@media (max-width: 600px) {\n  .lk-stays-grid { grid-template-columns: 1fr; }\n  .lk-stays-header { padding: 24px 20px; }\n  .lk-stays-footer { padding: 16px 20px; }\n  .lk-stay-card { padding: 22px; }\n  .lk-stays-title { font-size: 20px; }\n}\n<\/style>\n\n  <!-- HEADER -->\n  <div class=\"lk-stays-header\">\n    <img decoding=\"async\" src=\"https:\/\/loudavymkrokem.cz\/wp-content\/uploads\/2026\/02\/lukas-a-lucka.jpg\" alt=\"\" style=\"width: 75px; height: 75px; border-radius: 8px; flex-shrink: 0; object-fit: cover; display: block; margin: 4px 0;\" title=\"\">\n    <div class=\"lk-stays-header-text\">\n      <div class=\"lk-stays-eyebrow\">Luk\u00e1\u0161 und Lucie empfehlen<\/div>\n      <div class=\"lk-stays-title\">Wo man in Deutschland \u00fcbernachten kann<\/div>\n      <div class=\"lk-stays-subtitle\">6 Unterk\u00fcnfte \u2014 Wellnesshotels, Hotels und weitere Unterkunftsm\u00f6glichkeiten<\/div>\n    <\/div>\n  <\/div>\n\n  <!-- CARDS -->\n  <div class=\"lk-stays-grid\">\n\n    <a class=\"lk-stay-card featured\" href=\"https:\/\/www.stay22.com\/allez\/roam?aid=lukaskonecny&#038;campaign=loudavymkrokemcz&#038;campaign=de&#038;campaign=termaly-nemecko&#038;hotelname=Hotel%20Victory%20Therme%20Erding&#038;address=Erding%2C%20Nemecko\" target=\"_blank\" rel=\"nofollow noopener\">\n      <span class=\"lk-stay-badge badge-top\">\u2b50 TOP-WAHL<\/span>\n      <span class=\"lk-stay-badge badge-nature\">\ud83c\udfe8 Hotel<\/span>\n      <div class=\"lk-stay-name\">Hotel Victory Therme Erding<\/div>\n      <div class=\"lk-stay-desc\">Luxushotel direkt im Areal der Therme Erding mit Zimmern im Stil des Schiffes HMS Victory. Im \u00dcbernachtungspreis ist der Eintritt in die Therme enthalten.<\/div>\n      <div class=\"lk-stay-meta\">\n        <span class=\"lk-stay-stars\">\u2605\u2605\u2605\u2605<\/span>\n        <span class=\"lk-stay-price\">Preise pr\u00fcfen<\/span>\n      <\/div>\n      <span class=\"lk-stay-cta\">\n        <svg width=\"14\" height=\"14\" viewBox=\"0 0 24 24\" fill=\"none\" stroke=\"currentColor\" stroke-width=\"2\"><path d=\"M18 13v6a2 2 0 0 1-2 2H5a2 2 0 0 1-2-2V8a2 2 0 0 1 2-2h6\"\/><polyline points=\"15 3 21 3 21 9\"\/><line x1=\"10\" y1=\"14\" x2=\"21\" y2=\"3\"\/><\/svg>\n        Verf\u00fcgbarkeit pr\u00fcfen\n      <\/span>\n    <\/a>\n\n    <a class=\"lk-stay-card\" href=\"https:\/\/www.stay22.com\/allez\/roam?aid=lukaskonecny&#038;campaign=loudavymkrokemcz&#038;campaign=de&#038;campaign=termaly-nemecko&#038;hotelname=Thermenhotel%20Gass&#038;address=Bad%20Fussing%2C%20Nemecko\" target=\"_blank\" rel=\"nofollow noopener\">\n      <span class=\"lk-stay-badge badge-nature\">\ud83c\udfe8 Hotel<\/span>\n      <div class=\"lk-stay-name\">Thermenhotel Gass<\/div>\n      <div class=\"lk-stay-desc\">Drei-Sterne-Superior-Hotel mit eigenen Pools, gef\u00fcllt mit Thermalschwefelmineralwasser direkt aus der Therme 1.<\/div>\n      <div class=\"lk-stay-meta\">\n        <span class=\"lk-stay-stars\">\u2605\u2605\u2605<\/span>\n        <span class=\"lk-stay-price\">Preise pr\u00fcfen<\/span>\n      <\/div>\n      <span class=\"lk-stay-cta\">\n        <svg width=\"14\" height=\"14\" viewBox=\"0 0 24 24\" fill=\"none\" stroke=\"currentColor\" stroke-width=\"2\"><path d=\"M18 13v6a2 2 0 0 1-2 2H5a2 2 0 0 1-2-2V8a2 2 0 0 1 2-2h6\"\/><polyline points=\"15 3 21 3 21 9\"\/><line x1=\"10\" y1=\"14\" x2=\"21\" y2=\"3\"\/><\/svg>\n        Verf\u00fcgbarkeit pr\u00fcfen\n      <\/span>\n    <\/a>\n\n    <a class=\"lk-stay-card\" href=\"https:\/\/www.stay22.com\/allez\/roam?aid=lukaskonecny&#038;campaign=loudavymkrokemcz&#038;campaign=de&#038;campaign=termaly-nemecko&#038;hotelname=Hotel%20an%20der%20Therme%20Bad%20Sulza&#038;address=Bad%20Sulza%2C%20Nemecko\" target=\"_blank\" rel=\"nofollow noopener\">\n      <span class=\"lk-stay-badge badge-nature\">\ud83c\udfe8 Hotel<\/span>\n      <div class=\"lk-stay-name\">Hotel an der Therme Bad Sulza<\/div>\n      <div class=\"lk-stay-desc\">Hotel mit Bademantelgang zur Toskana Therme verbunden. Im \u00dcbernachtungspreis ist der Eintritt in die Therme inklusive Saunawelt enthalten.<\/div>\n      <div class=\"lk-stay-meta\">\n        <span class=\"lk-stay-stars\">\u2605\u2605\u2605\u2605<\/span>\n        <span class=\"lk-stay-price\">Preise pr\u00fcfen<\/span>\n      <\/div>\n      <span class=\"lk-stay-cta\">\n        <svg width=\"14\" height=\"14\" viewBox=\"0 0 24 24\" fill=\"none\" stroke=\"currentColor\" stroke-width=\"2\"><path d=\"M18 13v6a2 2 0 0 1-2 2H5a2 2 0 0 1-2-2V8a2 2 0 0 1 2-2h6\"\/><polyline points=\"15 3 21 3 21 9\"\/><line x1=\"10\" y1=\"14\" x2=\"21\" y2=\"3\"\/><\/svg>\n        Verf\u00fcgbarkeit pr\u00fcfen\n      <\/span>\n    <\/a>\n\n    <a class=\"lk-stay-card\" href=\"https:\/\/www.stay22.com\/allez\/roam?aid=lukaskonecny&#038;campaign=loudavymkrokemcz&#038;campaign=de&#038;campaign=termaly-nemecko&#038;hotelname=Mauritius%20Hotel%20%26%20Therme&#038;address=Kolin%20nad%20Rynem%2C%20Nemecko\" target=\"_blank\" rel=\"nofollow noopener\">\n      <span class=\"lk-stay-badge badge-nature\">\u2b50 Luxury<\/span>\n      <div class=\"lk-stay-name\">Mauritius Hotel &#038; Therme<\/div>\n      <div class=\"lk-stay-desc\">Vier-Sterne-Hotel mit riesigem Wellnessbereich auf 3500 m\u00b2. Sieben Saunen und Au\u00dfenpool mit Salz aus dem Toten Meer.<\/div>\n      <div class=\"lk-stay-meta\">\n        <span class=\"lk-stay-stars\">\u2605\u2605\u2605\u2605<\/span>\n        <span class=\"lk-stay-price\">ab 10 EUR\/Wellnesstag<\/span>\n      <\/div>\n      <span class=\"lk-stay-cta\">\n        <svg width=\"14\" height=\"14\" viewBox=\"0 0 24 24\" fill=\"none\" stroke=\"currentColor\" stroke-width=\"2\"><path d=\"M18 13v6a2 2 0 0 1-2 2H5a2 2 0 0 1-2-2V8a2 2 0 0 1 2-2h6\"\/><polyline points=\"15 3 21 3 21 9\"\/><line x1=\"10\" y1=\"14\" x2=\"21\" y2=\"3\"\/><\/svg>\n        Verf\u00fcgbarkeit pr\u00fcfen\n      <\/span>\n    <\/a>\n\n    <a class=\"lk-stay-card\" href=\"https:\/\/www.stay22.com\/allez\/roam?aid=lukaskonecny&#038;campaign=loudavymkrokemcz&#038;campaign=de&#038;campaign=termaly-nemecko&#038;hotelname=Hotel%20Zum%20Rittmeister&#038;address=Werder%20Havel%2C%20Nemecko\" target=\"_blank\" rel=\"nofollow noopener\">\n      <span class=\"lk-stay-badge badge-nature\">\ud83c\udfe8 Hotel<\/span>\n      <div class=\"lk-stay-name\">Hotel Zum Rittmeister<\/div>\n      <div class=\"lk-stay-desc\">Hotel mit 35 gem\u00fctlichen Zimmern. G\u00e4ste erhalten erm\u00e4\u00dfigten Eintritt in die nahe gelegene Havel Therme bei Vorlage der G\u00e4stekarte.<\/div>\n      <div class=\"lk-stay-meta\">\n        <span class=\"lk-stay-stars\">\u2605\u2605\u2605\u2605<\/span>\n        <span class=\"lk-stay-price\">Preise pr\u00fcfen<\/span>\n      <\/div>\n      <span class=\"lk-stay-cta\">\n        <svg width=\"14\" height=\"14\" viewBox=\"0 0 24 24\" fill=\"none\" stroke=\"currentColor\" stroke-width=\"2\"><path d=\"M18 13v6a2 2 0 0 1-2 2H5a2 2 0 0 1-2-2V8a2 2 0 0 1 2-2h6\"\/><polyline points=\"15 3 21 3 21 9\"\/><line x1=\"10\" y1=\"14\" x2=\"21\" y2=\"3\"\/><\/svg>\n        Verf\u00fcgbarkeit pr\u00fcfen\n      <\/span>\n    <\/a>\n\n    <a class=\"lk-stay-card\" href=\"https:\/\/www.stay22.com\/allez\/roam?aid=lukaskonecny&#038;campaign=loudavymkrokemcz&#038;campaign=de&#038;campaign=termaly-nemecko&#038;hotelname=Hotel%20Palatin&#038;address=Wiesloch%2C%20Nemecko\" target=\"_blank\" rel=\"nofollow noopener\">\n      <span class=\"lk-stay-badge badge-nature\">\ud83c\udfe8 Hotel<\/span>\n      <div class=\"lk-stay-name\">Hotel Palatin<\/div>\n      <div class=\"lk-stay-desc\">Partnerhotel der Therme Sinsheim. G\u00fcnstige Pakete mit \u00dcbernachtung, Fr\u00fchst\u00fcck und Thermeneintritt ab 79 EUR.<\/div>\n      <div class=\"lk-stay-meta\">\n        <span class=\"lk-stay-stars\">\u2605\u2605\u2605\u2605<\/span>\n        <span class=\"lk-stay-price\">ab 79 EUR\/Person<\/span>\n      <\/div>\n      <span class=\"lk-stay-cta\">\n        <svg width=\"14\" height=\"14\" viewBox=\"0 0 24 24\" fill=\"none\" stroke=\"currentColor\" stroke-width=\"2\"><path d=\"M18 13v6a2 2 0 0 1-2 2H5a2 2 0 0 1-2-2V8a2 2 0 0 1 2-2h6\"\/><polyline points=\"15 3 21 3 21 9\"\/><line x1=\"10\" y1=\"14\" x2=\"21\" y2=\"3\"\/><\/svg>\n        Verf\u00fcgbarkeit pr\u00fcfen\n      <\/span>\n    <\/a>\n\n  <\/div>\n\n  \n<\/div>\n\n\n\n\n<h3 class=\"wp-block-heading\"><span class=\"ez-toc-section\" id=\"27_Thermen_Badewelt_Euskirchen_Euskirchen\"><\/span>27. Thermen &#038; Badewelt Euskirchen (Euskirchen)<span class=\"ez-toc-section-end\"><\/span><\/h3>\n\n\n\n<p class=\"wp-block-paragraph\">Dieses moderne Areal liegt rund <strong>45 Minuten von K\u00f6ln entfernt<\/strong> und geh\u00f6rt zum selben Betreiber wie der ber\u00fchmte Komplex in Sinsheim. Schon auf den ersten Blick fesselt dich das gro\u00dfz\u00fcgige Baden in den Lagunen, die sich an einem <strong>nat\u00fcrlichen See von beachtlichen 6.500 m\u00b2<\/strong> erstrecken. Die Ausblicke von den bequemen Liegen direkt auf diese weitl\u00e4ufige Wasserfl\u00e4che wirken beruhigend.<\/p>\n\n\n\n<p class=\"wp-block-paragraph\">Freuen kannst du dich auf die <strong>Blaue Lagune mit 33 \u00b0C warmem Wasser<\/strong>, die du im Innen- und Au\u00dfenbereich genie\u00dft. Au\u00dferdem erwarten dich verschiedenste Entspannungsoasen, ein erfrischender Eisbrunnen oder eine sehr effektvolle Dusche in Form von Kalla-Bl\u00fcten. Wenn du beim Aufw\u00e4rmen des K\u00f6rpers erst anf\u00e4ngst und nicht gleich in die extreme Hitze willst, empfiehlt der Betreiber, <strong>in der Sauna mit angenehmen 60 \u00b0C<\/strong> zu starten.<\/p>\n\n\n\n<p class=\"wp-block-paragraph\">Der Komplex ist vor allem f\u00fcr ruhige Erholung konzipiert, deshalb haben hier von Sonntag bis Freitag <strong>nur Besucher ab 16 Jahren Zutritt<\/strong>. F\u00fcr Familien mit kleineren Kindern eignet sich dieses Areal an Werktagen also nicht. <strong>\ud83d\udca1 Tipp:<\/strong> Wenn du echte Ruhe magst, nutze genau die Werktage, an denen der Eintritt f\u00fcr j\u00fcngere Altersgruppen begrenzt ist und die Therme eine Oase der Stille bietet.<\/p>\n\n\n\n<figure data-wp-context=\"{&quot;imageId&quot;:&quot;6a9c73e076ea3&quot;}\" data-wp-interactive=\"core\/image\" data-wp-key=\"6a9c73e076ea3\" class=\"wp-block-image size-full wp-lightbox-container\"><img decoding=\"async\" width=\"1800\" height=\"1012\" data-wp-class--hide=\"state.isContentHidden\" data-wp-class--show=\"state.isContentVisible\" data-wp-init=\"callbacks.setButtonStyles\" data-wp-on--click=\"actions.showLightbox\" data-wp-on--load=\"callbacks.setButtonStyles\" data-wp-on--pointerdown=\"actions.preloadImage\" data-wp-on--pointerenter=\"actions.preloadImageWithDelay\" data-wp-on--pointerleave=\"actions.cancelPreload\" data-wp-on-window--resize=\"callbacks.setButtonStyles\" src=\"https:\/\/loudavymkrokem.cz\/wp-content\/uploads\/2026\/09\/nemecko-clanky-termaly-nemecko-35-2fe13158-1.jpg\" alt=\"Bali Therme (Bad Oeynhausen): Entspannungsbecken\" class=\"wp-image-415340\" title=\"\" srcset=\"https:\/\/loudavymkrokem.cz\/wp-content\/uploads\/2026\/09\/nemecko-clanky-termaly-nemecko-35-2fe13158-1.jpg 1800w, https:\/\/loudavymkrokem.cz\/wp-content\/uploads\/2026\/09\/nemecko-clanky-termaly-nemecko-35-2fe13158-1-300x169.jpg 300w, https:\/\/loudavymkrokem.cz\/wp-content\/uploads\/2026\/09\/nemecko-clanky-termaly-nemecko-35-2fe13158-1-700x394.jpg 700w, https:\/\/loudavymkrokem.cz\/wp-content\/uploads\/2026\/09\/nemecko-clanky-termaly-nemecko-35-2fe13158-1-768x432.jpg 768w, https:\/\/loudavymkrokem.cz\/wp-content\/uploads\/2026\/09\/nemecko-clanky-termaly-nemecko-35-2fe13158-1-1536x864.jpg 1536w, https:\/\/loudavymkrokem.cz\/wp-content\/uploads\/2026\/09\/nemecko-clanky-termaly-nemecko-35-2fe13158-1-696x391.jpg 696w, https:\/\/loudavymkrokem.cz\/wp-content\/uploads\/2026\/09\/nemecko-clanky-termaly-nemecko-35-2fe13158-1-1392x783.jpg 1392w\" sizes=\"(max-width: 1800px) 100vw, 1800px\" \/><button\n\t\t\tclass=\"lightbox-trigger\"\n\t\t\ttype=\"button\"\n\t\t\taria-haspopup=\"dialog\"\n\t\t\tdata-wp-bind--aria-label=\"state.thisImage.triggerButtonAriaLabel\"\n\t\t\tdata-wp-init=\"callbacks.initTriggerButton\"\n\t\t\tdata-wp-on--click=\"actions.showLightbox\"\n\t\t\tdata-wp-style--right=\"state.thisImage.buttonRight\"\n\t\t\tdata-wp-style--top=\"state.thisImage.buttonTop\"\n\t\t>\n\t\t\t<svg xmlns=\"http:\/\/www.w3.org\/2000\/svg\" width=\"12\" height=\"12\" fill=\"none\" viewBox=\"0 0 12 12\">\n\t\t\t\t<path fill=\"#fff\" d=\"M2 0a2 2 0 0 0-2 2v2h1.5V2a.5.5 0 0 1 .5-.5h2V0H2Zm2 10.5H2a.5.5 0 0 1-.5-.5V8H0v2a2 2 0 0 0 2 2h2v-1.5ZM8 12v-1.5h2a.5.5 0 0 0 .5-.5V8H12v2a2 2 0 0 1-2 2H8Zm2-12a2 2 0 0 1 2 2v2h-1.5V2a.5.5 0 0 0-.5-.5H8V0h2Z\" \/>\n\t\t\t<\/svg>\n\t\t<\/button><\/figure>\n\n\n\n<h3 class=\"wp-block-heading\"><span class=\"ez-toc-section\" id=\"28_Bali_Therme_Bad_Oeynhausen\"><\/span>28. Bali Therme (Bad Oeynhausen)<span class=\"ez-toc-section-end\"><\/span><\/h3>\n\n\n\n<p class=\"wp-block-paragraph\">Wie der Name schon andeutet, erwartet dich in diesem Komplex perfekte balinesische Architektur voller Holzstege, origineller Statuen und traditioneller Schnitzereien. Die lokalen Becken f\u00fcllt staatlich anerkanntes Heilwasser aus einer Quelle, die <strong>aus einer einzigartigen Tiefe von 1.034 Metern gef\u00f6rdert<\/strong> wird. Mich hat fasziniert, dass dieses Wasser <strong>39.000 Jahre<\/strong> durch Kalkstein und Dolomit floss, bevor es an die Oberfl\u00e4che zu den Menschen gelangte.<\/p>\n\n\n\n<p class=\"wp-block-paragraph\">Liebhaber des Aufw\u00e4rmens sind hier im siebten Himmel, denn das Areal bietet <strong>gleich 14 verschiedene Saunen<\/strong>, inklusive Dampf- und spezieller Erdsauna. Das absolute Unikat ist aber die <strong>150 Jahre alte und 6 Meter hohe Trockensauna<\/strong>, die nach dem Vorbild eines Tempels gebaut ist. F\u00fcr den Transport nach Deutschland mussten sie sie in 500 Einzelteile zerlegen und vor Ort wieder genau zusammensetzen.<\/p>\n\n\n\n<p class=\"wp-block-paragraph\">Laut Preisliste f\u00fcr 2026 zahlst du <strong>f\u00fcr das Tagesticket 28 EUR<\/strong>, mit Zugang zu den Saunen dann 41 EUR. Der Wochenendzuschlag betr\u00e4gt 3 bis 5 EUR. Kinder bis 3 Jahre haben freien Eintritt, aber die bis 12 Jahre <strong>d\u00fcrfen gar nicht in den Saunabereich<\/strong>. Jugendliche bis 16 Jahre l\u00e4sst man nur in Begleitung Erwachsener rein. <strong>\ud83d\udca1 Tipp:<\/strong> Entspann dich im originalen balinesischen Pavillon, der die ganze exotische Atmosph\u00e4re dieses Ortes perfekt unterstreicht.<\/p>\n\n\n\n<figure data-wp-context=\"{&quot;imageId&quot;:&quot;6a9c73e0773a1&quot;}\" data-wp-interactive=\"core\/image\" data-wp-key=\"6a9c73e0773a1\" class=\"wp-block-image size-full wp-lightbox-container\"><img decoding=\"async\" width=\"1800\" height=\"1429\" data-wp-class--hide=\"state.isContentHidden\" data-wp-class--show=\"state.isContentVisible\" data-wp-init=\"callbacks.setButtonStyles\" data-wp-on--click=\"actions.showLightbox\" data-wp-on--load=\"callbacks.setButtonStyles\" data-wp-on--pointerdown=\"actions.preloadImage\" data-wp-on--pointerenter=\"actions.preloadImageWithDelay\" data-wp-on--pointerleave=\"actions.cancelPreload\" data-wp-on-window--resize=\"callbacks.setButtonStyles\" src=\"https:\/\/loudavymkrokem.cz\/wp-content\/uploads\/2026\/09\/nemecko-clanky-termaly-nemecko-36-6c0708ca-1.jpg\" alt=\"Carolus Thermen (Aachen): Saunabereich\" class=\"wp-image-415342\" title=\"\" srcset=\"https:\/\/loudavymkrokem.cz\/wp-content\/uploads\/2026\/09\/nemecko-clanky-termaly-nemecko-36-6c0708ca-1.jpg 1800w, https:\/\/loudavymkrokem.cz\/wp-content\/uploads\/2026\/09\/nemecko-clanky-termaly-nemecko-36-6c0708ca-1-300x238.jpg 300w, https:\/\/loudavymkrokem.cz\/wp-content\/uploads\/2026\/09\/nemecko-clanky-termaly-nemecko-36-6c0708ca-1-700x556.jpg 700w, https:\/\/loudavymkrokem.cz\/wp-content\/uploads\/2026\/09\/nemecko-clanky-termaly-nemecko-36-6c0708ca-1-768x610.jpg 768w, https:\/\/loudavymkrokem.cz\/wp-content\/uploads\/2026\/09\/nemecko-clanky-termaly-nemecko-36-6c0708ca-1-1536x1219.jpg 1536w, https:\/\/loudavymkrokem.cz\/wp-content\/uploads\/2026\/09\/nemecko-clanky-termaly-nemecko-36-6c0708ca-1-696x553.jpg 696w, https:\/\/loudavymkrokem.cz\/wp-content\/uploads\/2026\/09\/nemecko-clanky-termaly-nemecko-36-6c0708ca-1-1392x1105.jpg 1392w\" sizes=\"(max-width: 1800px) 100vw, 1800px\" \/><button\n\t\t\tclass=\"lightbox-trigger\"\n\t\t\ttype=\"button\"\n\t\t\taria-haspopup=\"dialog\"\n\t\t\tdata-wp-bind--aria-label=\"state.thisImage.triggerButtonAriaLabel\"\n\t\t\tdata-wp-init=\"callbacks.initTriggerButton\"\n\t\t\tdata-wp-on--click=\"actions.showLightbox\"\n\t\t\tdata-wp-style--right=\"state.thisImage.buttonRight\"\n\t\t\tdata-wp-style--top=\"state.thisImage.buttonTop\"\n\t\t>\n\t\t\t<svg xmlns=\"http:\/\/www.w3.org\/2000\/svg\" width=\"12\" height=\"12\" fill=\"none\" viewBox=\"0 0 12 12\">\n\t\t\t\t<path fill=\"#fff\" d=\"M2 0a2 2 0 0 0-2 2v2h1.5V2a.5.5 0 0 1 .5-.5h2V0H2Zm2 10.5H2a.5.5 0 0 1-.5-.5V8H0v2a2 2 0 0 0 2 2h2v-1.5ZM8 12v-1.5h2a.5.5 0 0 0 .5-.5V8H12v2a2 2 0 0 1-2 2H8Zm2-12a2 2 0 0 1 2 2v2h-1.5V2a.5.5 0 0 0-.5-.5H8V0h2Z\" \/>\n\t\t\t<\/svg>\n\t\t<\/button><\/figure>\n\n\n\n<h3 class=\"wp-block-heading\"><span class=\"ez-toc-section\" id=\"29_Carolus_Thermen_Aachen\"><\/span>29. Carolus Thermen (Aachen)<span class=\"ez-toc-section-end\"><\/span><\/h3>\n\n\n\n<p class=\"wp-block-paragraph\">Dieser Ort kn\u00fcpft an eine unglaublich lange Tradition an, denn die Stadt Aachen funktionierte <strong>schon seit dem Jahr 85 nach Christus<\/strong> als r\u00f6misches Bad Aquae Granni. Das lokale architektonische Juwel entwarf der M\u00fcnchner Architekt Rudolf Wienands, und das Areal wurde nach drei Jahren Bauzeit <strong>am 9. Februar 2001 feierlich er\u00f6ffnet<\/strong>. So l\u00f6ste es flie\u00dfend die \u00e4lteren innerst\u00e4dtischen Betriebe ab, die zur Jahrtausendwende endeten.<\/p>\n\n\n\n<p class=\"wp-block-paragraph\">Um den Betrieb des Areals k\u00fcmmert sich die st\u00e4dtische B\u00e4dergesellschaft, die schon seit 1932 besteht und zugleich das <strong>staatlich anerkannte Heilbad Aachen<\/strong> verwaltet. Ausprobieren lohnt sich hier vor allem das beliebte Dampfbad Strokkur, das sich den Besuchern nach einem sehr aufwendigen Umbau im Januar 2012 vorstellte.<\/p>\n\n\n\n<p class=\"wp-block-paragraph\">Laut Preisliste f\u00fcr 2026 rechne mit einer praktischen <strong>Parkpauschale von 6 EUR<\/strong>. F\u00fcr diesen Betrag kannst du dein Auto im Parkhaus w\u00e4hrend deines gesamten Besuchs stehen lassen und gelangst bequem trockenen Fu\u00dfes ins Bad. Das Areal eignet sich eher f\u00fcr ruhiges Aufw\u00e4rmen ohne gro\u00dfe Wasserattraktionen. <strong>\ud83d\udca1 Tipp:<\/strong> Die Parkpauschale lohnt sich auch, wenn du nach dem Baden ins Zentrum von Aachen willst, das Parkhaus liegt nur wenige Minuten zu Fu\u00df vom Dom.<\/p>\n\n\n\n<figure data-wp-context=\"{&quot;imageId&quot;:&quot;6a9c73e077977&quot;}\" data-wp-interactive=\"core\/image\" data-wp-key=\"6a9c73e077977\" class=\"wp-block-image size-full wp-lightbox-container\"><img decoding=\"async\" width=\"1800\" height=\"964\" data-wp-class--hide=\"state.isContentHidden\" data-wp-class--show=\"state.isContentVisible\" data-wp-init=\"callbacks.setButtonStyles\" data-wp-on--click=\"actions.showLightbox\" data-wp-on--load=\"callbacks.setButtonStyles\" data-wp-on--pointerdown=\"actions.preloadImage\" data-wp-on--pointerenter=\"actions.preloadImageWithDelay\" data-wp-on--pointerleave=\"actions.cancelPreload\" data-wp-on-window--resize=\"callbacks.setButtonStyles\" src=\"https:\/\/loudavymkrokem.cz\/wp-content\/uploads\/2026\/09\/nemecko-clanky-termaly-nemecko-37-63e6c760-1.jpg\" alt=\"Mediterana (Bergisch Gladbach)\" class=\"wp-image-415345\" title=\"\" srcset=\"https:\/\/loudavymkrokem.cz\/wp-content\/uploads\/2026\/09\/nemecko-clanky-termaly-nemecko-37-63e6c760-1.jpg 1800w, https:\/\/loudavymkrokem.cz\/wp-content\/uploads\/2026\/09\/nemecko-clanky-termaly-nemecko-37-63e6c760-1-300x161.jpg 300w, https:\/\/loudavymkrokem.cz\/wp-content\/uploads\/2026\/09\/nemecko-clanky-termaly-nemecko-37-63e6c760-1-700x375.jpg 700w, https:\/\/loudavymkrokem.cz\/wp-content\/uploads\/2026\/09\/nemecko-clanky-termaly-nemecko-37-63e6c760-1-768x411.jpg 768w, https:\/\/loudavymkrokem.cz\/wp-content\/uploads\/2026\/09\/nemecko-clanky-termaly-nemecko-37-63e6c760-1-1536x823.jpg 1536w, https:\/\/loudavymkrokem.cz\/wp-content\/uploads\/2026\/09\/nemecko-clanky-termaly-nemecko-37-63e6c760-1-696x373.jpg 696w, https:\/\/loudavymkrokem.cz\/wp-content\/uploads\/2026\/09\/nemecko-clanky-termaly-nemecko-37-63e6c760-1-1392x745.jpg 1392w\" sizes=\"(max-width: 1800px) 100vw, 1800px\" \/><button\n\t\t\tclass=\"lightbox-trigger\"\n\t\t\ttype=\"button\"\n\t\t\taria-haspopup=\"dialog\"\n\t\t\tdata-wp-bind--aria-label=\"state.thisImage.triggerButtonAriaLabel\"\n\t\t\tdata-wp-init=\"callbacks.initTriggerButton\"\n\t\t\tdata-wp-on--click=\"actions.showLightbox\"\n\t\t\tdata-wp-style--right=\"state.thisImage.buttonRight\"\n\t\t\tdata-wp-style--top=\"state.thisImage.buttonTop\"\n\t\t>\n\t\t\t<svg xmlns=\"http:\/\/www.w3.org\/2000\/svg\" width=\"12\" height=\"12\" fill=\"none\" viewBox=\"0 0 12 12\">\n\t\t\t\t<path fill=\"#fff\" d=\"M2 0a2 2 0 0 0-2 2v2h1.5V2a.5.5 0 0 1 .5-.5h2V0H2Zm2 10.5H2a.5.5 0 0 1-.5-.5V8H0v2a2 2 0 0 0 2 2h2v-1.5ZM8 12v-1.5h2a.5.5 0 0 0 .5-.5V8H12v2a2 2 0 0 1-2 2H8Zm2-12a2 2 0 0 1 2 2v2h-1.5V2a.5.5 0 0 0-.5-.5H8V0h2Z\" \/>\n\t\t\t<\/svg>\n\t\t<\/button><\/figure>\n\n\n\n<h3 class=\"wp-block-heading\"><span class=\"ez-toc-section\" id=\"30_Mediterana_Bergisch_Gladbach\"><\/span>30. Mediterana (Bergisch Gladbach)<span class=\"ez-toc-section-end\"><\/span><\/h3>\n\n\n\n<p class=\"wp-block-paragraph\">Wenn du eine riesige Auswahl an Entspannungsm\u00f6glichkeiten suchst, wirst du hier begeistert sein, denn der Komplex bietet <strong>gleich 13 verschiedene Welten<\/strong>, von denen jede ihren eigenen Charakter hat. Das Areal liegt in Bergisch Gladbach, und du w\u00e4rmst dich hier <strong>in 12 verschiedenen Saunen und 1 Dampfbad<\/strong>. Das alles erg\u00e4nzt eine sch\u00f6ne Umgebung, inspiriert von der Architektur s\u00fcdl\u00e4ndischer L\u00e4nder.<\/p>\n\n\n\n<p class=\"wp-block-paragraph\">Wasserliebhaber haben insgesamt <strong>7 Becken und Wasserbecken<\/strong> zur Verf\u00fcgung, die direkt zum langen Schwimmen, ruhigen Eintauchen oder gesundheitsf\u00f6rdernden Kneippen einladen. Die R\u00e4ume hier sind riesig, sodass jeder leicht seine Lieblingsecke f\u00fcr ungest\u00f6rte Erholung nach einer anstrengenden Arbeitswoche findet.<\/p>\n\n\n\n<p class=\"wp-block-paragraph\">Laut g\u00fcltiger Preisliste f\u00fcr 2026 kostet das Tagesticket von Montag bis Donnerstag <strong>sehr angenehme 19,50 EUR<\/strong>. Wenn du nur f\u00fcr zwei Stunden kommst, zahlst du 16,50 EUR an Werktagen und 19,50 EUR von Freitag bis Sonntag. F\u00fcr jede weitere angebrochene Stunde zahlst du dann 1,50 EUR dazu. <strong>\ud83d\udca1 Tipp:<\/strong> Bist du ein Fr\u00fchaufsteher? Nutze den speziellen Tarif f\u00fcr Morgenschwimmer, bei dem dich der zweist\u00fcndige Eintritt zwischen 8:00 und 10:00 Uhr nur 14 EUR kostet.<\/p>\n\n\n\n<figure data-wp-context=\"{&quot;imageId&quot;:&quot;6a9c73e077f85&quot;}\" data-wp-interactive=\"core\/image\" data-wp-key=\"6a9c73e077f85\" class=\"wp-block-image size-full wp-lightbox-container\"><img decoding=\"async\" width=\"1800\" height=\"900\" data-wp-class--hide=\"state.isContentHidden\" data-wp-class--show=\"state.isContentVisible\" data-wp-init=\"callbacks.setButtonStyles\" data-wp-on--click=\"actions.showLightbox\" data-wp-on--load=\"callbacks.setButtonStyles\" data-wp-on--pointerdown=\"actions.preloadImage\" data-wp-on--pointerenter=\"actions.preloadImageWithDelay\" data-wp-on--pointerleave=\"actions.cancelPreload\" data-wp-on-window--resize=\"callbacks.setButtonStyles\" src=\"https:\/\/loudavymkrokem.cz\/wp-content\/uploads\/2026\/09\/nemecko-clanky-termaly-nemecko-38-d726c943-1.jpg\" alt=\"Vitasol Therme (Bad Salzuflen)\" class=\"wp-image-415347\" title=\"\" srcset=\"https:\/\/loudavymkrokem.cz\/wp-content\/uploads\/2026\/09\/nemecko-clanky-termaly-nemecko-38-d726c943-1.jpg 1800w, https:\/\/loudavymkrokem.cz\/wp-content\/uploads\/2026\/09\/nemecko-clanky-termaly-nemecko-38-d726c943-1-300x150.jpg 300w, https:\/\/loudavymkrokem.cz\/wp-content\/uploads\/2026\/09\/nemecko-clanky-termaly-nemecko-38-d726c943-1-700x350.jpg 700w, https:\/\/loudavymkrokem.cz\/wp-content\/uploads\/2026\/09\/nemecko-clanky-termaly-nemecko-38-d726c943-1-768x384.jpg 768w, https:\/\/loudavymkrokem.cz\/wp-content\/uploads\/2026\/09\/nemecko-clanky-termaly-nemecko-38-d726c943-1-1536x768.jpg 1536w, https:\/\/loudavymkrokem.cz\/wp-content\/uploads\/2026\/09\/nemecko-clanky-termaly-nemecko-38-d726c943-1-696x348.jpg 696w, https:\/\/loudavymkrokem.cz\/wp-content\/uploads\/2026\/09\/nemecko-clanky-termaly-nemecko-38-d726c943-1-1392x696.jpg 1392w\" sizes=\"(max-width: 1800px) 100vw, 1800px\" \/><button\n\t\t\tclass=\"lightbox-trigger\"\n\t\t\ttype=\"button\"\n\t\t\taria-haspopup=\"dialog\"\n\t\t\tdata-wp-bind--aria-label=\"state.thisImage.triggerButtonAriaLabel\"\n\t\t\tdata-wp-init=\"callbacks.initTriggerButton\"\n\t\t\tdata-wp-on--click=\"actions.showLightbox\"\n\t\t\tdata-wp-style--right=\"state.thisImage.buttonRight\"\n\t\t\tdata-wp-style--top=\"state.thisImage.buttonTop\"\n\t\t>\n\t\t\t<svg xmlns=\"http:\/\/www.w3.org\/2000\/svg\" width=\"12\" height=\"12\" fill=\"none\" viewBox=\"0 0 12 12\">\n\t\t\t\t<path fill=\"#fff\" d=\"M2 0a2 2 0 0 0-2 2v2h1.5V2a.5.5 0 0 1 .5-.5h2V0H2Zm2 10.5H2a.5.5 0 0 1-.5-.5V8H0v2a2 2 0 0 0 2 2h2v-1.5ZM8 12v-1.5h2a.5.5 0 0 0 .5-.5V8H12v2a2 2 0 0 1-2 2H8Zm2-12a2 2 0 0 1 2 2v2h-1.5V2a.5.5 0 0 0-.5-.5H8V0h2Z\" \/>\n\t\t\t<\/svg>\n\t\t<\/button><\/figure>\n\n\n\n<h3 class=\"wp-block-heading\"><span class=\"ez-toc-section\" id=\"31_Vitasol_Therme_Bad_Salzuflen\"><\/span>31. Vitasol Therme (Bad Salzuflen)<span class=\"ez-toc-section-end\"><\/span><\/h3>\n\n\n\n<p class=\"wp-block-paragraph\">In dieser Kurstadt erwartet dich ein beachtlicher Komplex, der sich \u00fcber eine <strong>Fl\u00e4che von \u00fcber 6.000 m\u00b2<\/strong> erstreckt, wobei die Wasserfl\u00e4che selbst sch\u00f6ne 1.700 m\u00b2 einnimmt. Die lokale thermale Salzquelle mit einer Temperatur von 37,5 \u00b0C sprudelt mit einer <strong>Geschwindigkeit von 90.000 Litern pro Stunde<\/strong> an die Oberfl\u00e4che. Die urspr\u00fcngliche Salinit\u00e4t dieses Heilwassers erreichte einst 12 %.<\/p>\n\n\n\n<p class=\"wp-block-paragraph\">Der Weg zu diesem Reichtum war aber gar nicht einfach. Erste Bohrversuche liefen schon 1919, endeten aber in 375 Metern erfolglos. Erst 1967 gelang es mit amerikanischen Spezialbohrern, bis in eine <strong>Tiefe von 1.018 Metern vorzudringen<\/strong>. Der Betrieb selbst besteht seit 1969 und ist seit 1998 unter dem heutigen Namen bekannt.<\/p>\n\n\n\n<p class=\"wp-block-paragraph\">Das Areal ist eine tolle Wahl f\u00fcr alle Liebhaber des Schwimmens und des heilenden Salzwassers. Die Betreiber denken auch an die Zukunft, denn seit Sommer 2025 entsteht hier ein <strong>neues Vier-Sterne-Hotel<\/strong> mit hundert Zimmern und zweihundert Betten. Seine Fertigstellung ist f\u00fcr 2027 geplant. <strong>\ud83d\udca1 Tipp:<\/strong> Bis der Hotelkomplex gebaut ist, halte nach einer Unterkunft im nahen Stadtzentrum Ausschau, von wo du es nur einen kleinen Fu\u00dfweg zur Therme hast.<\/p>\n\n\n\n<figure data-wp-context=\"{&quot;imageId&quot;:&quot;6a9c73e078468&quot;}\" data-wp-interactive=\"core\/image\" data-wp-key=\"6a9c73e078468\" class=\"wp-block-image size-full wp-lightbox-container\"><img decoding=\"async\" width=\"1800\" height=\"1350\" data-wp-class--hide=\"state.isContentHidden\" data-wp-class--show=\"state.isContentVisible\" data-wp-init=\"callbacks.setButtonStyles\" data-wp-on--click=\"actions.showLightbox\" data-wp-on--load=\"callbacks.setButtonStyles\" data-wp-on--pointerdown=\"actions.preloadImage\" data-wp-on--pointerenter=\"actions.preloadImageWithDelay\" data-wp-on--pointerleave=\"actions.cancelPreload\" data-wp-on-window--resize=\"callbacks.setButtonStyles\" src=\"https:\/\/loudavymkrokem.cz\/wp-content\/uploads\/2026\/09\/nemecko-clanky-termaly-nemecko-39-605251b4-1.jpg\" alt=\"Mauritius Hotel &#038; Therme K\u00f6ln (K\u00f6ln)\" class=\"wp-image-415351\" title=\"\" srcset=\"https:\/\/loudavymkrokem.cz\/wp-content\/uploads\/2026\/09\/nemecko-clanky-termaly-nemecko-39-605251b4-1.jpg 1800w, https:\/\/loudavymkrokem.cz\/wp-content\/uploads\/2026\/09\/nemecko-clanky-termaly-nemecko-39-605251b4-1-300x225.jpg 300w, https:\/\/loudavymkrokem.cz\/wp-content\/uploads\/2026\/09\/nemecko-clanky-termaly-nemecko-39-605251b4-1-700x525.jpg 700w, https:\/\/loudavymkrokem.cz\/wp-content\/uploads\/2026\/09\/nemecko-clanky-termaly-nemecko-39-605251b4-1-768x576.jpg 768w, https:\/\/loudavymkrokem.cz\/wp-content\/uploads\/2026\/09\/nemecko-clanky-termaly-nemecko-39-605251b4-1-1536x1152.jpg 1536w, https:\/\/loudavymkrokem.cz\/wp-content\/uploads\/2026\/09\/nemecko-clanky-termaly-nemecko-39-605251b4-1-80x60.jpg 80w, https:\/\/loudavymkrokem.cz\/wp-content\/uploads\/2026\/09\/nemecko-clanky-termaly-nemecko-39-605251b4-1-160x120.jpg 160w, https:\/\/loudavymkrokem.cz\/wp-content\/uploads\/2026\/09\/nemecko-clanky-termaly-nemecko-39-605251b4-1-696x522.jpg 696w, https:\/\/loudavymkrokem.cz\/wp-content\/uploads\/2026\/09\/nemecko-clanky-termaly-nemecko-39-605251b4-1-1392x1044.jpg 1392w\" sizes=\"(max-width: 1800px) 100vw, 1800px\" \/><button\n\t\t\tclass=\"lightbox-trigger\"\n\t\t\ttype=\"button\"\n\t\t\taria-haspopup=\"dialog\"\n\t\t\tdata-wp-bind--aria-label=\"state.thisImage.triggerButtonAriaLabel\"\n\t\t\tdata-wp-init=\"callbacks.initTriggerButton\"\n\t\t\tdata-wp-on--click=\"actions.showLightbox\"\n\t\t\tdata-wp-style--right=\"state.thisImage.buttonRight\"\n\t\t\tdata-wp-style--top=\"state.thisImage.buttonTop\"\n\t\t>\n\t\t\t<svg xmlns=\"http:\/\/www.w3.org\/2000\/svg\" width=\"12\" height=\"12\" fill=\"none\" viewBox=\"0 0 12 12\">\n\t\t\t\t<path fill=\"#fff\" d=\"M2 0a2 2 0 0 0-2 2v2h1.5V2a.5.5 0 0 1 .5-.5h2V0H2Zm2 10.5H2a.5.5 0 0 1-.5-.5V8H0v2a2 2 0 0 0 2 2h2v-1.5ZM8 12v-1.5h2a.5.5 0 0 0 .5-.5V8H12v2a2 2 0 0 1-2 2H8Zm2-12a2 2 0 0 1 2 2v2h-1.5V2a.5.5 0 0 0-.5-.5H8V0h2Z\" \/>\n\t\t\t<\/svg>\n\t\t<\/button><figcaption class=\"wp-element-caption\">Foto: Duhon \/ Wikimedia Commons, CC BY 3.0<\/figcaption><\/figure>\n\n\n\n<h3 class=\"wp-block-heading\"><span class=\"ez-toc-section\" id=\"32_Mauritius_Hotel_Therme_Koeln_Koeln\"><\/span>32. Mauritius Hotel &#038; Therme K\u00f6ln (K\u00f6ln)<span class=\"ez-toc-section-end\"><\/span><\/h3>\n\n\n\n<p class=\"wp-block-paragraph\">In diesem Fall handelt es sich nicht um ein klassisches \u00f6ffentliches Bad, sondern um ein <strong>luxuri\u00f6ses Vier-Sterne-Hotel mit riesigem Wellnesszentrum<\/strong>. Du findest es versteckt in einer ruhigen Ecke des K\u00f6lner Zentrums, gleich neben der historischen Mauritiuskirche. Der Ort ist wie geschaffen f\u00fcr Paare, die die Erkundung der Gro\u00dfstadt mit abendlicher Entspannung verbinden wollen.<\/p>\n\n\n\n<p class=\"wp-block-paragraph\">Der Thermen- und Erholungsteil selbst erstreckt sich \u00fcber eine <strong>gro\u00dfz\u00fcgige Fl\u00e4che von 3.500 m\u00b2<\/strong>. Du hast die Qual der Wahl, denn hier befinden sich 7 verschiedene Saunen, 1 Dampfbad und gleich 2 Whirlpools. Die Spezialit\u00e4t des Areals ist dann das Au\u00dfen<strong>becken, angereichert mit Salz aus dem Toten Meer<\/strong>. Denk daran, dass man in die Saunawelt strikt ohne Badekleidung geht. Zur Verf\u00fcgung stehen hier auch ein Fitnesszentrum und ein reiches Massageangebot.<\/p>\n\n\n\n<p class=\"wp-block-paragraph\">Wenn du hier \u00fcbernachtest, zahlen Hotelg\u00e4ste laut Preisliste f\u00fcr 2026 f\u00fcr den Eintritt in die Wellnesszone einen <strong>Aufpreis von 10 EUR pro Person und Tag<\/strong>. Diesen g\u00fcnstigen Preis kannst du sogar am Tag deiner Abreise nutzen. <strong>\ud83d\udca1 Tipp:<\/strong> Nach dem ganzt\u00e4gigen Herumlaufen zu den K\u00f6lner Sehensw\u00fcrdigkeiten sch\u00e4tzen deine F\u00fc\u00dfe sicher ein langes Bad im heilenden Salzwasser, lass es dir also auf keinen Fall entgehen.<\/p>\n\n\n\n<figure data-wp-context=\"{&quot;imageId&quot;:&quot;6a9c73e078a72&quot;}\" data-wp-interactive=\"core\/image\" data-wp-key=\"6a9c73e078a72\" class=\"wp-block-image size-full wp-lightbox-container\"><img decoding=\"async\" width=\"1800\" height=\"1200\" data-wp-class--hide=\"state.isContentHidden\" data-wp-class--show=\"state.isContentVisible\" data-wp-init=\"callbacks.setButtonStyles\" data-wp-on--click=\"actions.showLightbox\" data-wp-on--load=\"callbacks.setButtonStyles\" data-wp-on--pointerdown=\"actions.preloadImage\" data-wp-on--pointerenter=\"actions.preloadImageWithDelay\" data-wp-on--pointerleave=\"actions.cancelPreload\" data-wp-on-window--resize=\"callbacks.setButtonStyles\" src=\"https:\/\/loudavymkrokem.cz\/wp-content\/uploads\/2026\/09\/nemecko-clanky-termaly-nemecko-40-b4685b4f-1.jpg\" alt=\"Claudius Therme (K\u00f6ln)\" class=\"wp-image-415353\" title=\"\" srcset=\"https:\/\/loudavymkrokem.cz\/wp-content\/uploads\/2026\/09\/nemecko-clanky-termaly-nemecko-40-b4685b4f-1.jpg 1800w, https:\/\/loudavymkrokem.cz\/wp-content\/uploads\/2026\/09\/nemecko-clanky-termaly-nemecko-40-b4685b4f-1-300x200.jpg 300w, https:\/\/loudavymkrokem.cz\/wp-content\/uploads\/2026\/09\/nemecko-clanky-termaly-nemecko-40-b4685b4f-1-700x467.jpg 700w, https:\/\/loudavymkrokem.cz\/wp-content\/uploads\/2026\/09\/nemecko-clanky-termaly-nemecko-40-b4685b4f-1-768x512.jpg 768w, https:\/\/loudavymkrokem.cz\/wp-content\/uploads\/2026\/09\/nemecko-clanky-termaly-nemecko-40-b4685b4f-1-1536x1024.jpg 1536w, https:\/\/loudavymkrokem.cz\/wp-content\/uploads\/2026\/09\/nemecko-clanky-termaly-nemecko-40-b4685b4f-1-696x464.jpg 696w, https:\/\/loudavymkrokem.cz\/wp-content\/uploads\/2026\/09\/nemecko-clanky-termaly-nemecko-40-b4685b4f-1-1392x928.jpg 1392w\" sizes=\"(max-width: 1800px) 100vw, 1800px\" \/><button\n\t\t\tclass=\"lightbox-trigger\"\n\t\t\ttype=\"button\"\n\t\t\taria-haspopup=\"dialog\"\n\t\t\tdata-wp-bind--aria-label=\"state.thisImage.triggerButtonAriaLabel\"\n\t\t\tdata-wp-init=\"callbacks.initTriggerButton\"\n\t\t\tdata-wp-on--click=\"actions.showLightbox\"\n\t\t\tdata-wp-style--right=\"state.thisImage.buttonRight\"\n\t\t\tdata-wp-style--top=\"state.thisImage.buttonTop\"\n\t\t>\n\t\t\t<svg xmlns=\"http:\/\/www.w3.org\/2000\/svg\" width=\"12\" height=\"12\" fill=\"none\" viewBox=\"0 0 12 12\">\n\t\t\t\t<path fill=\"#fff\" d=\"M2 0a2 2 0 0 0-2 2v2h1.5V2a.5.5 0 0 1 .5-.5h2V0H2Zm2 10.5H2a.5.5 0 0 1-.5-.5V8H0v2a2 2 0 0 0 2 2h2v-1.5ZM8 12v-1.5h2a.5.5 0 0 0 .5-.5V8H12v2a2 2 0 0 1-2 2H8Zm2-12a2 2 0 0 1 2 2v2h-1.5V2a.5.5 0 0 0-.5-.5H8V0h2Z\" \/>\n\t\t\t<\/svg>\n\t\t<\/button><figcaption class=\"wp-element-caption\">Foto: Maksym Kozlenko \/ Wikimedia Commons, CC BY-SA 4.0<\/figcaption><\/figure>\n\n\n\n<h3 class=\"wp-block-heading\"><span class=\"ez-toc-section\" id=\"33_Claudius_Therme_Koeln\"><\/span>33. Claudius Therme (K\u00f6ln)<span class=\"ez-toc-section-end\"><\/span><\/h3>\n\n\n\n<p class=\"wp-block-paragraph\">Suchst du Baden mit der allerbesten Adresse? Dieses Areal liegt direkt im K\u00f6lner Rheinpark am rechten Rheinufer und bietet einen <strong>fantastischen Blick auf den ber\u00fchmten K\u00f6lner Dom<\/strong>. Die lokalen Becken versorgt eine hochwertige, staatlich anerkannte nat\u00fcrliche Thermal-Mineralquelle, die perfekte Entspannung f\u00fcr K\u00f6rper und Geist garantiert.<\/p>\n\n\n\n<p class=\"wp-block-paragraph\">Auf die Besucher wartet hier eine riesige Wasserwelt aus <strong>insgesamt 12 verschiedenen Becken<\/strong>. Wenn du ordentliche W\u00e4rme bevorzugst, erfreut dich sicher das Angebot von 8 Saunen und 3 Dampfb\u00e4dern. Laut aktueller Preisliste f\u00fcr 2026 zahlst du f\u00fcr zwei Stunden Baden von 19,50 bis 22,50 EUR. Die Variante mit Sauna kostet 27,50 bis 30,50 EUR, und der <strong>Tageseintritt kostet 36,50 bis 47,50 EUR<\/strong>.<\/p>\n\n\n\n<p class=\"wp-block-paragraph\">Der Betrieb denkt auch an Autofahrer, sodass dich die Tagespauschale f\u00fcrs <strong>Parken angenehme 3 EUR<\/strong> kostet. Was Altersbeschr\u00e4nkungen betrifft, ist der Eintritt nur f\u00fcr Kinder ab 6 Jahren erlaubt. Jugendliche bis 16 Jahre k\u00f6nnen das Areal dann nur in Begleitung Erwachsener besuchen. <strong>\ud83d\udca1 Tipp:<\/strong> Versuch, deinen Besuch auf den sp\u00e4ten Nachmittag zu legen, der Blick auf den beleuchteten Dom vom Au\u00dfen-Thermalbecken ist unvergesslich.<\/p>\n\n\n\n<figure data-wp-context=\"{&quot;imageId&quot;:&quot;6a9c73e078fbc&quot;}\" data-wp-interactive=\"core\/image\" data-wp-key=\"6a9c73e078fbc\" class=\"wp-block-image size-full wp-lightbox-container\"><img decoding=\"async\" width=\"1800\" height=\"1200\" data-wp-class--hide=\"state.isContentHidden\" data-wp-class--show=\"state.isContentVisible\" data-wp-init=\"callbacks.setButtonStyles\" data-wp-on--click=\"actions.showLightbox\" data-wp-on--load=\"callbacks.setButtonStyles\" data-wp-on--pointerdown=\"actions.preloadImage\" data-wp-on--pointerenter=\"actions.preloadImageWithDelay\" data-wp-on--pointerleave=\"actions.cancelPreload\" data-wp-on-window--resize=\"callbacks.setButtonStyles\" src=\"https:\/\/loudavymkrokem.cz\/wp-content\/uploads\/2026\/09\/nemecko-clanky-termaly-nemecko-41-eecaebfa-1.jpg\" alt=\"Taunus-Therme in Bad Homburg\" class=\"wp-image-415356\" title=\"\" srcset=\"https:\/\/loudavymkrokem.cz\/wp-content\/uploads\/2026\/09\/nemecko-clanky-termaly-nemecko-41-eecaebfa-1.jpg 1800w, https:\/\/loudavymkrokem.cz\/wp-content\/uploads\/2026\/09\/nemecko-clanky-termaly-nemecko-41-eecaebfa-1-300x200.jpg 300w, https:\/\/loudavymkrokem.cz\/wp-content\/uploads\/2026\/09\/nemecko-clanky-termaly-nemecko-41-eecaebfa-1-700x467.jpg 700w, https:\/\/loudavymkrokem.cz\/wp-content\/uploads\/2026\/09\/nemecko-clanky-termaly-nemecko-41-eecaebfa-1-768x512.jpg 768w, https:\/\/loudavymkrokem.cz\/wp-content\/uploads\/2026\/09\/nemecko-clanky-termaly-nemecko-41-eecaebfa-1-1536x1024.jpg 1536w, https:\/\/loudavymkrokem.cz\/wp-content\/uploads\/2026\/09\/nemecko-clanky-termaly-nemecko-41-eecaebfa-1-696x464.jpg 696w, https:\/\/loudavymkrokem.cz\/wp-content\/uploads\/2026\/09\/nemecko-clanky-termaly-nemecko-41-eecaebfa-1-1392x928.jpg 1392w\" sizes=\"(max-width: 1800px) 100vw, 1800px\" \/><button\n\t\t\tclass=\"lightbox-trigger\"\n\t\t\ttype=\"button\"\n\t\t\taria-haspopup=\"dialog\"\n\t\t\tdata-wp-bind--aria-label=\"state.thisImage.triggerButtonAriaLabel\"\n\t\t\tdata-wp-init=\"callbacks.initTriggerButton\"\n\t\t\tdata-wp-on--click=\"actions.showLightbox\"\n\t\t\tdata-wp-style--right=\"state.thisImage.buttonRight\"\n\t\t\tdata-wp-style--top=\"state.thisImage.buttonTop\"\n\t\t>\n\t\t\t<svg xmlns=\"http:\/\/www.w3.org\/2000\/svg\" width=\"12\" height=\"12\" fill=\"none\" viewBox=\"0 0 12 12\">\n\t\t\t\t<path fill=\"#fff\" d=\"M2 0a2 2 0 0 0-2 2v2h1.5V2a.5.5 0 0 1 .5-.5h2V0H2Zm2 10.5H2a.5.5 0 0 1-.5-.5V8H0v2a2 2 0 0 0 2 2h2v-1.5ZM8 12v-1.5h2a.5.5 0 0 0 .5-.5V8H12v2a2 2 0 0 1-2 2H8Zm2-12a2 2 0 0 1 2 2v2h-1.5V2a.5.5 0 0 0-.5-.5H8V0h2Z\" \/>\n\t\t\t<\/svg>\n\t\t<\/button><\/figure>\n\n\n\n<h2 class=\"wp-block-heading\"><span class=\"ez-toc-section\" id=\"Thermalbaeder_in_Hessen\"><\/span>Thermalb\u00e4der in Hessen<span class=\"ez-toc-section-end\"><\/span><\/h2>\n\n\n\n<p class=\"wp-block-paragraph\">Wenn du einen Ort suchst, wo sich tiefe Geschichte mit echter Erholung verbindet, wird dich das Bundesland Hessen sicher begeistern. Du findest hier ber\u00fchmte Kurorte wie Wiesbaden oder Bad Homburg, die sich mit reicher Tradition und einigen der <strong>hei\u00dfesten Quellen in ganz Deutschland<\/strong> r\u00fchmen. Es ist ein ideales Ziel f\u00fcr ein verl\u00e4ngertes Wochenende, denn du kommst von Frankfurt aus recht leicht dorthin.<\/p>\n\n\n\n<p class=\"wp-block-paragraph\">Die hessischen B\u00e4der haben eine besondere Atmosph\u00e4re, sie erinnern oft an alte antike Tempel oder luxuri\u00f6se Pal\u00e4ste. Ob du dich nach stiller Besinnung in historischer Kulisse sehnst oder moderne Saunarituale bevorzugst, hier kommst du auf deine Kosten. Schauen wir uns die interessantesten Areale an, die du bei der Reiseplanung auf keinen Fall verpassen solltest.<\/p>\n\n\n\n<figure data-wp-context=\"{&quot;imageId&quot;:&quot;6a9c73e0795b0&quot;}\" data-wp-interactive=\"core\/image\" data-wp-key=\"6a9c73e0795b0\" class=\"wp-block-image size-full wp-lightbox-container\"><img decoding=\"async\" width=\"1800\" height=\"1347\" data-wp-class--hide=\"state.isContentHidden\" data-wp-class--show=\"state.isContentVisible\" data-wp-init=\"callbacks.setButtonStyles\" data-wp-on--click=\"actions.showLightbox\" data-wp-on--load=\"callbacks.setButtonStyles\" data-wp-on--pointerdown=\"actions.preloadImage\" data-wp-on--pointerenter=\"actions.preloadImageWithDelay\" data-wp-on--pointerleave=\"actions.cancelPreload\" data-wp-on-window--resize=\"callbacks.setButtonStyles\" src=\"https:\/\/loudavymkrokem.cz\/wp-content\/uploads\/2026\/09\/nemecko-clanky-termaly-nemecko-42-4670ad94-1.jpg\" alt=\"Taunus-Therme (Bad Homburg): Eingang der Therme mit Steg\" class=\"wp-image-415359\" title=\"\" srcset=\"https:\/\/loudavymkrokem.cz\/wp-content\/uploads\/2026\/09\/nemecko-clanky-termaly-nemecko-42-4670ad94-1.jpg 1800w, https:\/\/loudavymkrokem.cz\/wp-content\/uploads\/2026\/09\/nemecko-clanky-termaly-nemecko-42-4670ad94-1-300x225.jpg 300w, https:\/\/loudavymkrokem.cz\/wp-content\/uploads\/2026\/09\/nemecko-clanky-termaly-nemecko-42-4670ad94-1-700x524.jpg 700w, https:\/\/loudavymkrokem.cz\/wp-content\/uploads\/2026\/09\/nemecko-clanky-termaly-nemecko-42-4670ad94-1-768x575.jpg 768w, https:\/\/loudavymkrokem.cz\/wp-content\/uploads\/2026\/09\/nemecko-clanky-termaly-nemecko-42-4670ad94-1-1536x1149.jpg 1536w, https:\/\/loudavymkrokem.cz\/wp-content\/uploads\/2026\/09\/nemecko-clanky-termaly-nemecko-42-4670ad94-1-80x60.jpg 80w, https:\/\/loudavymkrokem.cz\/wp-content\/uploads\/2026\/09\/nemecko-clanky-termaly-nemecko-42-4670ad94-1-160x120.jpg 160w, https:\/\/loudavymkrokem.cz\/wp-content\/uploads\/2026\/09\/nemecko-clanky-termaly-nemecko-42-4670ad94-1-696x521.jpg 696w, https:\/\/loudavymkrokem.cz\/wp-content\/uploads\/2026\/09\/nemecko-clanky-termaly-nemecko-42-4670ad94-1-1392x1042.jpg 1392w\" sizes=\"(max-width: 1800px) 100vw, 1800px\" \/><button\n\t\t\tclass=\"lightbox-trigger\"\n\t\t\ttype=\"button\"\n\t\t\taria-haspopup=\"dialog\"\n\t\t\tdata-wp-bind--aria-label=\"state.thisImage.triggerButtonAriaLabel\"\n\t\t\tdata-wp-init=\"callbacks.initTriggerButton\"\n\t\t\tdata-wp-on--click=\"actions.showLightbox\"\n\t\t\tdata-wp-style--right=\"state.thisImage.buttonRight\"\n\t\t\tdata-wp-style--top=\"state.thisImage.buttonTop\"\n\t\t>\n\t\t\t<svg xmlns=\"http:\/\/www.w3.org\/2000\/svg\" width=\"12\" height=\"12\" fill=\"none\" viewBox=\"0 0 12 12\">\n\t\t\t\t<path fill=\"#fff\" d=\"M2 0a2 2 0 0 0-2 2v2h1.5V2a.5.5 0 0 1 .5-.5h2V0H2Zm2 10.5H2a.5.5 0 0 1-.5-.5V8H0v2a2 2 0 0 0 2 2h2v-1.5ZM8 12v-1.5h2a.5.5 0 0 0 .5-.5V8H12v2a2 2 0 0 1-2 2H8Zm2-12a2 2 0 0 1 2 2v2h-1.5V2a.5.5 0 0 0-.5-.5H8V0h2Z\" \/>\n\t\t\t<\/svg>\n\t\t<\/button><figcaption class=\"wp-element-caption\">Foto: Karsten11 \/ Wikimedia Commons, Public domain<\/figcaption><\/figure>\n\n\n\n<h3 class=\"wp-block-heading\"><span class=\"ez-toc-section\" id=\"34_Taunus-Therme_Bad_Homburg\"><\/span>34. Taunus-Therme (Bad Homburg)<span class=\"ez-toc-section-end\"><\/span><\/h3>\n\n\n\n<p class=\"wp-block-paragraph\">Das Areal Taunus-Therme in der Stadt Bad Homburg ist vor allem durch seinen riesigen Raum au\u00dfergew\u00f6hnlich, denn es bietet <strong>1.200 Quadratmeter Innen- und Au\u00dfenfl\u00e4chen<\/strong> f\u00fcr perfekte Entspannung. Das Wasser flie\u00dft in die Becken aus der lokalen Viktoria-Louise-Quelle, die urspr\u00fcnglich eine Temperatur von 22,4 \u00b0C hat, aber f\u00fcr maximalen Komfort auf <strong>angenehme 34,5 \u00b0C<\/strong> aufgeheizt wird.<\/p>\n\n\n\n<p class=\"wp-block-paragraph\">Du kannst dich auf viele Ecken mit Thermalwasser freuen, wo Ruhe auf dich wartet. Wenn du Sprudel liebst, erfreuen dich gleich <strong>vier hei\u00dfe Whirlpools mit 37 \u00b0C<\/strong>, die die m\u00fcden Muskeln perfekt lockern. Liebhaber des Schwitzens sch\u00e4tzen dann den reichen Saunabereich, in dem du insgesamt acht thematische Saunen mit Temperaturen von 45 \u00b0C bis 100 \u00b0C findest.<\/p>\n\n\n\n<p class=\"wp-block-paragraph\">Zwei dieser acht Saunen sind <strong>exklusiv nur den Damen vorbehalten<\/strong>, was eine tolle Nachricht f\u00fcr alle Frauen ist, die mehr Privatsph\u00e4re suchen. Das Areal ist generell eher f\u00fcr erwachsene Besucher geeignet, die Ruhe und stille Erholung suchen. <strong>\ud83d\udca1 Tipp:<\/strong> Auch wenn du hier keine wilden Rutschen findest, garantiert die riesige Fl\u00e4che, dass du dich nicht mit anderen Leuten dr\u00e4ngen musst und immer deine ruhige Ecke findest.<\/p>\n\n\n\n<figure data-wp-context=\"{&quot;imageId&quot;:&quot;6a9c73e079c2b&quot;}\" data-wp-interactive=\"core\/image\" data-wp-key=\"6a9c73e079c2b\" class=\"wp-block-image size-full wp-lightbox-container\"><img decoding=\"async\" width=\"1800\" height=\"1350\" data-wp-class--hide=\"state.isContentHidden\" data-wp-class--show=\"state.isContentVisible\" data-wp-init=\"callbacks.setButtonStyles\" data-wp-on--click=\"actions.showLightbox\" data-wp-on--load=\"callbacks.setButtonStyles\" data-wp-on--pointerdown=\"actions.preloadImage\" data-wp-on--pointerenter=\"actions.preloadImageWithDelay\" data-wp-on--pointerleave=\"actions.cancelPreload\" data-wp-on-window--resize=\"callbacks.setButtonStyles\" src=\"https:\/\/loudavymkrokem.cz\/wp-content\/uploads\/2026\/09\/nemecko-clanky-termaly-nemecko-43-b17240b7-1.jpg\" alt=\"KurhessenTherme (Kassel)\" class=\"wp-image-415361\" title=\"\" srcset=\"https:\/\/loudavymkrokem.cz\/wp-content\/uploads\/2026\/09\/nemecko-clanky-termaly-nemecko-43-b17240b7-1.jpg 1800w, https:\/\/loudavymkrokem.cz\/wp-content\/uploads\/2026\/09\/nemecko-clanky-termaly-nemecko-43-b17240b7-1-300x225.jpg 300w, https:\/\/loudavymkrokem.cz\/wp-content\/uploads\/2026\/09\/nemecko-clanky-termaly-nemecko-43-b17240b7-1-700x525.jpg 700w, https:\/\/loudavymkrokem.cz\/wp-content\/uploads\/2026\/09\/nemecko-clanky-termaly-nemecko-43-b17240b7-1-768x576.jpg 768w, https:\/\/loudavymkrokem.cz\/wp-content\/uploads\/2026\/09\/nemecko-clanky-termaly-nemecko-43-b17240b7-1-1536x1152.jpg 1536w, https:\/\/loudavymkrokem.cz\/wp-content\/uploads\/2026\/09\/nemecko-clanky-termaly-nemecko-43-b17240b7-1-80x60.jpg 80w, https:\/\/loudavymkrokem.cz\/wp-content\/uploads\/2026\/09\/nemecko-clanky-termaly-nemecko-43-b17240b7-1-160x120.jpg 160w, https:\/\/loudavymkrokem.cz\/wp-content\/uploads\/2026\/09\/nemecko-clanky-termaly-nemecko-43-b17240b7-1-696x522.jpg 696w, https:\/\/loudavymkrokem.cz\/wp-content\/uploads\/2026\/09\/nemecko-clanky-termaly-nemecko-43-b17240b7-1-1392x1044.jpg 1392w\" sizes=\"(max-width: 1800px) 100vw, 1800px\" \/><button\n\t\t\tclass=\"lightbox-trigger\"\n\t\t\ttype=\"button\"\n\t\t\taria-haspopup=\"dialog\"\n\t\t\tdata-wp-bind--aria-label=\"state.thisImage.triggerButtonAriaLabel\"\n\t\t\tdata-wp-init=\"callbacks.initTriggerButton\"\n\t\t\tdata-wp-on--click=\"actions.showLightbox\"\n\t\t\tdata-wp-style--right=\"state.thisImage.buttonRight\"\n\t\t\tdata-wp-style--top=\"state.thisImage.buttonTop\"\n\t\t>\n\t\t\t<svg xmlns=\"http:\/\/www.w3.org\/2000\/svg\" width=\"12\" height=\"12\" fill=\"none\" viewBox=\"0 0 12 12\">\n\t\t\t\t<path fill=\"#fff\" d=\"M2 0a2 2 0 0 0-2 2v2h1.5V2a.5.5 0 0 1 .5-.5h2V0H2Zm2 10.5H2a.5.5 0 0 1-.5-.5V8H0v2a2 2 0 0 0 2 2h2v-1.5ZM8 12v-1.5h2a.5.5 0 0 0 .5-.5V8H12v2a2 2 0 0 1-2 2H8Zm2-12a2 2 0 0 1 2 2v2h-1.5V2a.5.5 0 0 0-.5-.5H8V0h2Z\" \/>\n\t\t\t<\/svg>\n\t\t<\/button><figcaption class=\"wp-element-caption\">Foto: Pedelecs \/ Wikimedia Commons, CC BY-SA 3.0<\/figcaption><\/figure>\n\n\n\n<h3 class=\"wp-block-heading\"><span class=\"ez-toc-section\" id=\"35_KurhessenTherme_Kassel\"><\/span>35. KurhessenTherme (Kassel)<span class=\"ez-toc-section-end\"><\/span><\/h3>\n\n\n\n<p class=\"wp-block-paragraph\">Wenn du in die Stadt Kassel f\u00e4hrst, verpass nicht das Areal KurhessenTherme, das dich mit einem einzigartigen <strong>Saunasee von 200 Quadratmetern<\/strong> \u00fcberrascht. Dieser See hat eine erfrischende Temperatur zwischen 19 und 21 \u00b0C und ist in den sogenannten Paradiesgarten eingebettet. Der bietet \u00fcber <strong>400 Quadratmeter f\u00fcr Erholung ohne Badekleidung<\/strong>, was alle Anh\u00e4nger des Naturismus erfreut.<\/p>\n\n\n\n<p class=\"wp-block-paragraph\">Die Saunawelt ist hier gro\u00dfz\u00fcgig, du findest darin insgesamt acht verschiedene Schwitzstuben. Anf\u00e4nger k\u00f6nnen die sanfte Lichtsauna mit Salzkristallen und 45 \u00b0C oder die Sauna mit 55 \u00b0C probieren, die toll f\u00fcr die Atemwege ist. Erfahrene Saunag\u00e4nger gehen dagegen in die <strong>Sauna mit hei\u00dfen Steinen, aufgeheizt auf 100 \u00b0C<\/strong>. Frauen haben auch eine eigene orientalische Damensauna zur Verf\u00fcgung.<\/p>\n\n\n\n<p class=\"wp-block-paragraph\">Laut Preisliste f\u00fcr 2026 zahlst du f\u00fcr den zweist\u00fcndigen Eintritt in die Thermen und Saunen <strong>von 23 bis 24,50 Euro<\/strong>, das Tagesticket kostet dann 26,50 bis 28 Euro je nach Wochentag. F\u00fcr jede angebrochenen f\u00fcnfzehn Minuten extra zahlst du 1,50 Euro nach. <strong>\ud83d\udca1 Tipp:<\/strong> Wenn du nach dem Baden Hunger bekommst, bietet das lokale Restaurant hervorragende fleischlose Gnocchi oder Spaghetti mit gr\u00fcnem Pesto und gegrilltem Gem\u00fcse f\u00fcr 11,50 Euro.<\/p>\n\n\n\n<figure data-wp-context=\"{&quot;imageId&quot;:&quot;6a9c73e07a5a9&quot;}\" data-wp-interactive=\"core\/image\" data-wp-key=\"6a9c73e07a5a9\" class=\"wp-block-image size-full wp-lightbox-container\"><img decoding=\"async\" width=\"1800\" height=\"1800\" data-wp-class--hide=\"state.isContentHidden\" data-wp-class--show=\"state.isContentVisible\" data-wp-init=\"callbacks.setButtonStyles\" data-wp-on--click=\"actions.showLightbox\" data-wp-on--load=\"callbacks.setButtonStyles\" data-wp-on--pointerdown=\"actions.preloadImage\" data-wp-on--pointerenter=\"actions.preloadImageWithDelay\" data-wp-on--pointerleave=\"actions.cancelPreload\" data-wp-on-window--resize=\"callbacks.setButtonStyles\" src=\"https:\/\/loudavymkrokem.cz\/wp-content\/uploads\/2026\/09\/nemecko-clanky-termaly-nemecko-44-2d6e2fb5-1.jpg\" alt=\"Odenwald-Therme (Bad K\u00f6nig): Saunabereich\" class=\"wp-image-415363\" title=\"\" srcset=\"https:\/\/loudavymkrokem.cz\/wp-content\/uploads\/2026\/09\/nemecko-clanky-termaly-nemecko-44-2d6e2fb5-1.jpg 1800w, https:\/\/loudavymkrokem.cz\/wp-content\/uploads\/2026\/09\/nemecko-clanky-termaly-nemecko-44-2d6e2fb5-1-300x300.jpg 300w, https:\/\/loudavymkrokem.cz\/wp-content\/uploads\/2026\/09\/nemecko-clanky-termaly-nemecko-44-2d6e2fb5-1-700x700.jpg 700w, https:\/\/loudavymkrokem.cz\/wp-content\/uploads\/2026\/09\/nemecko-clanky-termaly-nemecko-44-2d6e2fb5-1-150x150.jpg 150w, https:\/\/loudavymkrokem.cz\/wp-content\/uploads\/2026\/09\/nemecko-clanky-termaly-nemecko-44-2d6e2fb5-1-768x768.jpg 768w, https:\/\/loudavymkrokem.cz\/wp-content\/uploads\/2026\/09\/nemecko-clanky-termaly-nemecko-44-2d6e2fb5-1-1536x1536.jpg 1536w, https:\/\/loudavymkrokem.cz\/wp-content\/uploads\/2026\/09\/nemecko-clanky-termaly-nemecko-44-2d6e2fb5-1-696x696.jpg 696w, https:\/\/loudavymkrokem.cz\/wp-content\/uploads\/2026\/09\/nemecko-clanky-termaly-nemecko-44-2d6e2fb5-1-1392x1392.jpg 1392w\" sizes=\"(max-width: 1800px) 100vw, 1800px\" \/><button\n\t\t\tclass=\"lightbox-trigger\"\n\t\t\ttype=\"button\"\n\t\t\taria-haspopup=\"dialog\"\n\t\t\tdata-wp-bind--aria-label=\"state.thisImage.triggerButtonAriaLabel\"\n\t\t\tdata-wp-init=\"callbacks.initTriggerButton\"\n\t\t\tdata-wp-on--click=\"actions.showLightbox\"\n\t\t\tdata-wp-style--right=\"state.thisImage.buttonRight\"\n\t\t\tdata-wp-style--top=\"state.thisImage.buttonTop\"\n\t\t>\n\t\t\t<svg xmlns=\"http:\/\/www.w3.org\/2000\/svg\" width=\"12\" height=\"12\" fill=\"none\" viewBox=\"0 0 12 12\">\n\t\t\t\t<path fill=\"#fff\" d=\"M2 0a2 2 0 0 0-2 2v2h1.5V2a.5.5 0 0 1 .5-.5h2V0H2Zm2 10.5H2a.5.5 0 0 1-.5-.5V8H0v2a2 2 0 0 0 2 2h2v-1.5ZM8 12v-1.5h2a.5.5 0 0 0 .5-.5V8H12v2a2 2 0 0 1-2 2H8Zm2-12a2 2 0 0 1 2 2v2h-1.5V2a.5.5 0 0 0-.5-.5H8V0h2Z\" \/>\n\t\t\t<\/svg>\n\t\t<\/button><\/figure>\n\n\n\n<h3 class=\"wp-block-heading\"><span class=\"ez-toc-section\" id=\"36_Odenwald-Therme_Bad_Koenig\"><\/span>36. Odenwald-Therme (Bad K\u00f6nig)<span class=\"ez-toc-section-end\"><\/span><\/h3>\n\n\n\n<p class=\"wp-block-paragraph\">In der malerischen Kleinstadt Bad K\u00f6nig befindet sich die Odenwald-Therme, wo du auf einer Fl\u00e4che von <strong>\u00fcber 1.300 Quadratmetern<\/strong> eine sehr angenehme Saunawelt und Thermalbecken findest. Dieses Areal ist eine tolle Wahl f\u00fcr alle, die eine gem\u00fctlichere und ruhigere Atmosph\u00e4re ohne riesige Menschenmassen suchen und ein <strong>gro\u00dfes Au\u00dfenbecken<\/strong> f\u00fcrs Schwimmen an der frischen Luft sch\u00e4tzen.<\/p>\n\n\n\n<p class=\"wp-block-paragraph\">Drinnen erwarten dich vier unterschiedlich temperierte Saunen. Am w\u00e4rmsten ist die <strong>Odenwald-Sauna mit 90 \u00b0C<\/strong>, wo regelm\u00e4\u00dfig die beliebten Saunazeremonien, die sogenannten Aufg\u00fcsse, stattfinden. Au\u00dferdem kannst du deinen K\u00f6rper in der Vogelsauna mit 80 \u00b0C, im sanften Sanarium mit 60 \u00b0C oder im Dampf- und Aromabad mit gem\u00fctlichen 40 \u00b0C aufw\u00e4rmen. Erholen kannst du dich dann in den vorgesehenen Ruher\u00e4umen oder dir ein K\u00f6rperpeeling g\u00f6nnen.<\/p>\n\n\n\n<p class=\"wp-block-paragraph\">Das Grundticket in die Thermen und Saunen kostet laut Preisliste f\u00fcr 2026 <strong>22,50 Euro<\/strong>, w\u00e4hrend das Tagesticket 28,50 Euro kostet. Das Areal ist ideal f\u00fcr Paare und Erwachsene, die in Ruhe entspannen wollen. <strong>\ud83d\udca1 Tipp:<\/strong> Wenn du in der lokalen Gastronomie eine warme Mahlzeit im Wert von mindestens 4,90 Euro isst, bekommst du automatisch eine Stunde Zeit zu deinem Eintritt gratis dazu.<\/p>\n\n\n\n<figure data-wp-context=\"{&quot;imageId&quot;:&quot;6a9c73e07acf6&quot;}\" data-wp-interactive=\"core\/image\" data-wp-key=\"6a9c73e07acf6\" class=\"wp-block-image size-full wp-lightbox-container\"><img decoding=\"async\" width=\"1800\" height=\"1200\" data-wp-class--hide=\"state.isContentHidden\" data-wp-class--show=\"state.isContentVisible\" data-wp-init=\"callbacks.setButtonStyles\" data-wp-on--click=\"actions.showLightbox\" data-wp-on--load=\"callbacks.setButtonStyles\" data-wp-on--pointerdown=\"actions.preloadImage\" data-wp-on--pointerenter=\"actions.preloadImageWithDelay\" data-wp-on--pointerleave=\"actions.cancelPreload\" data-wp-on-window--resize=\"callbacks.setButtonStyles\" src=\"https:\/\/loudavymkrokem.cz\/wp-content\/uploads\/2026\/09\/nemecko-clanky-termaly-nemecko-45-cfe756aa.jpg\" alt=\"Geb\u00e4ude des Thermalbads Aukammtal im Wiesbadener Park\" class=\"wp-image-415508\" title=\"\" srcset=\"https:\/\/loudavymkrokem.cz\/wp-content\/uploads\/2026\/09\/nemecko-clanky-termaly-nemecko-45-cfe756aa.jpg 1800w, https:\/\/loudavymkrokem.cz\/wp-content\/uploads\/2026\/09\/nemecko-clanky-termaly-nemecko-45-cfe756aa-300x200.jpg 300w, https:\/\/loudavymkrokem.cz\/wp-content\/uploads\/2026\/09\/nemecko-clanky-termaly-nemecko-45-cfe756aa-700x467.jpg 700w, https:\/\/loudavymkrokem.cz\/wp-content\/uploads\/2026\/09\/nemecko-clanky-termaly-nemecko-45-cfe756aa-768x512.jpg 768w, https:\/\/loudavymkrokem.cz\/wp-content\/uploads\/2026\/09\/nemecko-clanky-termaly-nemecko-45-cfe756aa-1536x1024.jpg 1536w, https:\/\/loudavymkrokem.cz\/wp-content\/uploads\/2026\/09\/nemecko-clanky-termaly-nemecko-45-cfe756aa-696x464.jpg 696w, https:\/\/loudavymkrokem.cz\/wp-content\/uploads\/2026\/09\/nemecko-clanky-termaly-nemecko-45-cfe756aa-1392x928.jpg 1392w\" sizes=\"(max-width: 1800px) 100vw, 1800px\" \/><button\n\t\t\tclass=\"lightbox-trigger\"\n\t\t\ttype=\"button\"\n\t\t\taria-haspopup=\"dialog\"\n\t\t\tdata-wp-bind--aria-label=\"state.thisImage.triggerButtonAriaLabel\"\n\t\t\tdata-wp-init=\"callbacks.initTriggerButton\"\n\t\t\tdata-wp-on--click=\"actions.showLightbox\"\n\t\t\tdata-wp-style--right=\"state.thisImage.buttonRight\"\n\t\t\tdata-wp-style--top=\"state.thisImage.buttonTop\"\n\t\t>\n\t\t\t<svg xmlns=\"http:\/\/www.w3.org\/2000\/svg\" width=\"12\" height=\"12\" fill=\"none\" viewBox=\"0 0 12 12\">\n\t\t\t\t<path fill=\"#fff\" d=\"M2 0a2 2 0 0 0-2 2v2h1.5V2a.5.5 0 0 1 .5-.5h2V0H2Zm2 10.5H2a.5.5 0 0 1-.5-.5V8H0v2a2 2 0 0 0 2 2h2v-1.5ZM8 12v-1.5h2a.5.5 0 0 0 .5-.5V8H12v2a2 2 0 0 1-2 2H8Zm2-12a2 2 0 0 1 2 2v2h-1.5V2a.5.5 0 0 0-.5-.5H8V0h2Z\" \/>\n\t\t\t<\/svg>\n\t\t<\/button><figcaption class=\"wp-element-caption\">Foto: Renate007 \/ Wikimedia Commons, CC BY-SA 4.0<\/figcaption><\/figure>\n\n\n\n<h3 class=\"wp-block-heading\"><span class=\"ez-toc-section\" id=\"37_Thermalbad_Aukammtal_Wiesbaden\"><\/span>37. Thermalbad Aukammtal (Wiesbaden)<span class=\"ez-toc-section-end\"><\/span><\/h3>\n\n\n\n<p class=\"wp-block-paragraph\">Die Stadt Wiesbaden ist ein Kurjuwel, und das Thermalbad Aukammtal ist einer der Gr\u00fcnde, hierher zu fahren. Das Areal liegt in sch\u00f6ner Umgebung eines Stadtparks, und sein gr\u00f6\u00dfter Magnet ist das <strong>Wasser mit sehr hohem Salzgehalt<\/strong>. Es wird traditionell bei orthop\u00e4dischen und rheumatischen Beschwerden empfohlen, wenn dich also Gelenke oder der R\u00fccken plagen, wird dir dieser Ort guttun.<\/p>\n\n\n\n<p class=\"wp-block-paragraph\">Das lokale Thermalwasser hat <strong>sehr angenehme 32 \u00b0C<\/strong>, und du kannst es sowohl im Innenbecken von 435 Quadratmetern als auch im \u00e4hnlich gro\u00dfen Au\u00dfenbecken mit rund 450 Quadratmetern genie\u00dfen. F\u00fcr Saunafans steht ein Bereich mit unterschiedlicher Ausstattung bereit, wo sich vier Innen- und drei Au\u00dfensaunen verbergen.<\/p>\n\n\n\n<p class=\"wp-block-paragraph\">Die Thermen sind ganzj\u00e4hrig ge\u00f6ffnet, aber die \u00d6ffnungszeiten \u00e4ndern sich leicht je nach Saison. Von Anfang Oktober bis Ende April kannst du t\u00e4glich von neun Uhr morgens bis zehn Uhr abends herkommen, wobei freitags und samstags <strong>bis elf Uhr abends ge\u00f6ffnet<\/strong> ist. In der Sommersaison wird immer um 22 Uhr geschlossen. <strong>\ud83d\udca1 Tipp:<\/strong> Dank der Lage direkt im Park im Aukammtal empfehle ich, den Beckenbesuch mit einem langen Nachmittagsspaziergang durch das umliegende Gr\u00fcn zu verbinden.<\/p>\n\n\n\n<figure data-wp-context=\"{&quot;imageId&quot;:&quot;6a9c73e07b330&quot;}\" data-wp-interactive=\"core\/image\" data-wp-key=\"6a9c73e07b330\" class=\"wp-block-image size-full wp-lightbox-container\"><img decoding=\"async\" width=\"1800\" height=\"1350\" data-wp-class--hide=\"state.isContentHidden\" data-wp-class--show=\"state.isContentVisible\" data-wp-init=\"callbacks.setButtonStyles\" data-wp-on--click=\"actions.showLightbox\" data-wp-on--load=\"callbacks.setButtonStyles\" data-wp-on--pointerdown=\"actions.preloadImage\" data-wp-on--pointerenter=\"actions.preloadImageWithDelay\" data-wp-on--pointerleave=\"actions.cancelPreload\" data-wp-on-window--resize=\"callbacks.setButtonStyles\" src=\"https:\/\/loudavymkrokem.cz\/wp-content\/uploads\/2026\/09\/nemecko-clanky-termaly-nemecko-46-fef6372e.jpg\" alt=\"Historisches Foyer der Kaiser-Friedrich-Therme in Wiesbaden\" class=\"wp-image-415512\" title=\"\" srcset=\"https:\/\/loudavymkrokem.cz\/wp-content\/uploads\/2026\/09\/nemecko-clanky-termaly-nemecko-46-fef6372e.jpg 1800w, https:\/\/loudavymkrokem.cz\/wp-content\/uploads\/2026\/09\/nemecko-clanky-termaly-nemecko-46-fef6372e-300x225.jpg 300w, https:\/\/loudavymkrokem.cz\/wp-content\/uploads\/2026\/09\/nemecko-clanky-termaly-nemecko-46-fef6372e-700x525.jpg 700w, https:\/\/loudavymkrokem.cz\/wp-content\/uploads\/2026\/09\/nemecko-clanky-termaly-nemecko-46-fef6372e-768x576.jpg 768w, https:\/\/loudavymkrokem.cz\/wp-content\/uploads\/2026\/09\/nemecko-clanky-termaly-nemecko-46-fef6372e-1536x1152.jpg 1536w, https:\/\/loudavymkrokem.cz\/wp-content\/uploads\/2026\/09\/nemecko-clanky-termaly-nemecko-46-fef6372e-80x60.jpg 80w, https:\/\/loudavymkrokem.cz\/wp-content\/uploads\/2026\/09\/nemecko-clanky-termaly-nemecko-46-fef6372e-160x120.jpg 160w, https:\/\/loudavymkrokem.cz\/wp-content\/uploads\/2026\/09\/nemecko-clanky-termaly-nemecko-46-fef6372e-696x522.jpg 696w, https:\/\/loudavymkrokem.cz\/wp-content\/uploads\/2026\/09\/nemecko-clanky-termaly-nemecko-46-fef6372e-1392x1044.jpg 1392w\" sizes=\"(max-width: 1800px) 100vw, 1800px\" \/><button\n\t\t\tclass=\"lightbox-trigger\"\n\t\t\ttype=\"button\"\n\t\t\taria-haspopup=\"dialog\"\n\t\t\tdata-wp-bind--aria-label=\"state.thisImage.triggerButtonAriaLabel\"\n\t\t\tdata-wp-init=\"callbacks.initTriggerButton\"\n\t\t\tdata-wp-on--click=\"actions.showLightbox\"\n\t\t\tdata-wp-style--right=\"state.thisImage.buttonRight\"\n\t\t\tdata-wp-style--top=\"state.thisImage.buttonTop\"\n\t\t>\n\t\t\t<svg xmlns=\"http:\/\/www.w3.org\/2000\/svg\" width=\"12\" height=\"12\" fill=\"none\" viewBox=\"0 0 12 12\">\n\t\t\t\t<path fill=\"#fff\" d=\"M2 0a2 2 0 0 0-2 2v2h1.5V2a.5.5 0 0 1 .5-.5h2V0H2Zm2 10.5H2a.5.5 0 0 1-.5-.5V8H0v2a2 2 0 0 0 2 2h2v-1.5ZM8 12v-1.5h2a.5.5 0 0 0 .5-.5V8H12v2a2 2 0 0 1-2 2H8Zm2-12a2 2 0 0 1 2 2v2h-1.5V2a.5.5 0 0 0-.5-.5H8V0h2Z\" \/>\n\t\t\t<\/svg>\n\t\t<\/button><figcaption class=\"wp-element-caption\">Foto: WiesbAdler \/ Wikimedia Commons, Public domain<\/figcaption><\/figure>\n\n\n\n<h3 class=\"wp-block-heading\"><span class=\"ez-toc-section\" id=\"38_Kaiser-Friedrich-Therme_Wiesbaden\"><\/span>38. Kaiser-Friedrich-Therme (Wiesbaden)<span class=\"ez-toc-section-end\"><\/span><\/h3>\n\n\n\n<p class=\"wp-block-paragraph\">Wir bleiben in Wiesbaden, wechseln aber ins einzigartige historische Geb\u00e4ude der Kaiser-Friedrich-Therme. Dieses Bad wurde zwischen 1910 und 1913 nach dem Entwurf des Architekten August O. Pauly erbaut und <strong>hat einen starken Jugendstil-Hauch<\/strong>. Schon beim Betreten weht dich die Atmosph\u00e4re alter Zeiten an, und du f\u00fchlst dich wie echter Adel bei der Erholung.<\/p>\n\n\n\n<p class=\"wp-block-paragraph\">Das lokale Thermalwasser ist hei\u00df, aus der Quelle flie\u00dft es <strong>mit einer Temperatur von 64,6 \u00b0C<\/strong>, bevor es f\u00fcr die Badebed\u00fcrfnisse abgek\u00fchlt wird. Herz des ganzen Areals ist das wundersch\u00f6ne Irisch-R\u00f6mische Bad mit originalen Mosaikverkleidungen, das 1999 eine sensible Rekonstruktion durchlief. Heute findest du hier auf einer Fl\u00e4che von 1.450 Quadratmetern eine abwechslungsreiche Saunalandschaft.<\/p>\n\n\n\n<p class=\"wp-block-paragraph\">Freuen kannst du dich auf eine klassische finnische Sauna, ein Tepidarium, Sudatorium, Sanarium, aber auch auf ein <strong>russisches Dampfbad oder ein spezielles Steindampfbad<\/strong>. Das Areal ist als historisches Bad konzipiert, man geht also prim\u00e4r f\u00fcr stille Entspannung her, und f\u00fcr Familien mit kleinen Kindern ist es nicht ganz die ideale Wahl. <strong>\ud83d\udca1 Tipp:<\/strong> Lass dir den detaillierten Blick auf die wundersch\u00f6nen historischen Mosaike im Irisch-R\u00f6mischen Teil nicht entgehen, sie geh\u00f6ren zu den sch\u00f6nsten architektonischen Elementen in ganz Hessen.<\/p>\n\n\n\n<figure data-wp-context=\"{&quot;imageId&quot;:&quot;6a9c73e07b9ec&quot;}\" data-wp-interactive=\"core\/image\" data-wp-key=\"6a9c73e07b9ec\" class=\"wp-block-image size-full wp-lightbox-container\"><img decoding=\"async\" width=\"1800\" height=\"1012\" data-wp-class--hide=\"state.isContentHidden\" data-wp-class--show=\"state.isContentVisible\" data-wp-init=\"callbacks.setButtonStyles\" data-wp-on--click=\"actions.showLightbox\" data-wp-on--load=\"callbacks.setButtonStyles\" data-wp-on--pointerdown=\"actions.preloadImage\" data-wp-on--pointerenter=\"actions.preloadImageWithDelay\" data-wp-on--pointerleave=\"actions.cancelPreload\" data-wp-on-window--resize=\"callbacks.setButtonStyles\" src=\"https:\/\/loudavymkrokem.cz\/wp-content\/uploads\/2026\/09\/nemecko-clanky-termaly-nemecko-47-57afd95a-1.jpg\" alt=\"Spreewald Therme in Burg bei Sonnenuntergang\" class=\"wp-image-415371\" title=\"\" srcset=\"https:\/\/loudavymkrokem.cz\/wp-content\/uploads\/2026\/09\/nemecko-clanky-termaly-nemecko-47-57afd95a-1.jpg 1800w, https:\/\/loudavymkrokem.cz\/wp-content\/uploads\/2026\/09\/nemecko-clanky-termaly-nemecko-47-57afd95a-1-300x169.jpg 300w, https:\/\/loudavymkrokem.cz\/wp-content\/uploads\/2026\/09\/nemecko-clanky-termaly-nemecko-47-57afd95a-1-700x394.jpg 700w, https:\/\/loudavymkrokem.cz\/wp-content\/uploads\/2026\/09\/nemecko-clanky-termaly-nemecko-47-57afd95a-1-768x432.jpg 768w, https:\/\/loudavymkrokem.cz\/wp-content\/uploads\/2026\/09\/nemecko-clanky-termaly-nemecko-47-57afd95a-1-1536x864.jpg 1536w, https:\/\/loudavymkrokem.cz\/wp-content\/uploads\/2026\/09\/nemecko-clanky-termaly-nemecko-47-57afd95a-1-696x391.jpg 696w, https:\/\/loudavymkrokem.cz\/wp-content\/uploads\/2026\/09\/nemecko-clanky-termaly-nemecko-47-57afd95a-1-1392x783.jpg 1392w\" sizes=\"(max-width: 1800px) 100vw, 1800px\" \/><button\n\t\t\tclass=\"lightbox-trigger\"\n\t\t\ttype=\"button\"\n\t\t\taria-haspopup=\"dialog\"\n\t\t\tdata-wp-bind--aria-label=\"state.thisImage.triggerButtonAriaLabel\"\n\t\t\tdata-wp-init=\"callbacks.initTriggerButton\"\n\t\t\tdata-wp-on--click=\"actions.showLightbox\"\n\t\t\tdata-wp-style--right=\"state.thisImage.buttonRight\"\n\t\t\tdata-wp-style--top=\"state.thisImage.buttonTop\"\n\t\t>\n\t\t\t<svg xmlns=\"http:\/\/www.w3.org\/2000\/svg\" width=\"12\" height=\"12\" fill=\"none\" viewBox=\"0 0 12 12\">\n\t\t\t\t<path fill=\"#fff\" d=\"M2 0a2 2 0 0 0-2 2v2h1.5V2a.5.5 0 0 1 .5-.5h2V0H2Zm2 10.5H2a.5.5 0 0 1-.5-.5V8H0v2a2 2 0 0 0 2 2h2v-1.5ZM8 12v-1.5h2a.5.5 0 0 0 .5-.5V8H12v2a2 2 0 0 1-2 2H8Zm2-12a2 2 0 0 1 2 2v2h-1.5V2a.5.5 0 0 0-.5-.5H8V0h2Z\" \/>\n\t\t\t<\/svg>\n\t\t<\/button><\/figure>\n\n\n\n<h2 class=\"wp-block-heading\"><span class=\"ez-toc-section\" id=\"Thermalbaeder_in_Brandenburg_und_Berlin\"><\/span>Thermalb\u00e4der in Brandenburg und Berlin<span class=\"ez-toc-section-end\"><\/span><\/h2>\n\n\n\n<p class=\"wp-block-paragraph\">Wenn du ein verl\u00e4ngertes Wochenende in der deutschen Hauptstadt planst, w\u00e4re es schade, nicht in einem der lokalen Wellnesskomplexe haltzumachen. Die Umgebung von Berlin und das benachbarte Brandenburg verbergen n\u00e4mlich echte Sch\u00e4tze, die deinen St\u00e4dteurlaub zum perfekten Entspannungserlebnis machen. Von Berlin aus bist du zudem in wenigen Minuten dort.<\/p>\n\n\n\n<p class=\"wp-block-paragraph\">Du kannst dich auf enorme Vielfalt und sch\u00f6ne Areale freuen. Du findest hier den ber\u00fchmten Spreewald mit seiner heilenden Sole, die wundersch\u00f6ne Havel Therme direkt am See oder das ber\u00fchmte Berliner vabali spa, eine riesige balinesische Saunawelt direkt im Herzen der Hauptstadt. Die lokalen Thermen eignen sich sowohl f\u00fcr eine romantische Auszeit zu zweit als auch f\u00fcr Familien mit Kindern, die nach dem ganzt\u00e4gigen Sehensw\u00fcrdigkeiten-Marathon etwas verdiente Erholung suchen.<\/p>\n\n\n\n<figure data-wp-context=\"{&quot;imageId&quot;:&quot;6a9c73e07c053&quot;}\" data-wp-interactive=\"core\/image\" data-wp-key=\"6a9c73e07c053\" class=\"wp-block-image size-full wp-lightbox-container\"><img decoding=\"async\" width=\"1800\" height=\"1200\" data-wp-class--hide=\"state.isContentHidden\" data-wp-class--show=\"state.isContentVisible\" data-wp-init=\"callbacks.setButtonStyles\" data-wp-on--click=\"actions.showLightbox\" data-wp-on--load=\"callbacks.setButtonStyles\" data-wp-on--pointerdown=\"actions.preloadImage\" data-wp-on--pointerenter=\"actions.preloadImageWithDelay\" data-wp-on--pointerleave=\"actions.cancelPreload\" data-wp-on-window--resize=\"callbacks.setButtonStyles\" src=\"https:\/\/loudavymkrokem.cz\/wp-content\/uploads\/2026\/09\/nemecko-clanky-termaly-nemecko-48-a26adcb0-1.jpg\" alt=\"Havel Therme (Werder an der Havel)\" class=\"wp-image-415374\" title=\"\" srcset=\"https:\/\/loudavymkrokem.cz\/wp-content\/uploads\/2026\/09\/nemecko-clanky-termaly-nemecko-48-a26adcb0-1.jpg 1800w, https:\/\/loudavymkrokem.cz\/wp-content\/uploads\/2026\/09\/nemecko-clanky-termaly-nemecko-48-a26adcb0-1-300x200.jpg 300w, https:\/\/loudavymkrokem.cz\/wp-content\/uploads\/2026\/09\/nemecko-clanky-termaly-nemecko-48-a26adcb0-1-700x467.jpg 700w, https:\/\/loudavymkrokem.cz\/wp-content\/uploads\/2026\/09\/nemecko-clanky-termaly-nemecko-48-a26adcb0-1-768x512.jpg 768w, https:\/\/loudavymkrokem.cz\/wp-content\/uploads\/2026\/09\/nemecko-clanky-termaly-nemecko-48-a26adcb0-1-1536x1024.jpg 1536w, https:\/\/loudavymkrokem.cz\/wp-content\/uploads\/2026\/09\/nemecko-clanky-termaly-nemecko-48-a26adcb0-1-696x464.jpg 696w, https:\/\/loudavymkrokem.cz\/wp-content\/uploads\/2026\/09\/nemecko-clanky-termaly-nemecko-48-a26adcb0-1-1392x928.jpg 1392w\" sizes=\"(max-width: 1800px) 100vw, 1800px\" \/><button\n\t\t\tclass=\"lightbox-trigger\"\n\t\t\ttype=\"button\"\n\t\t\taria-haspopup=\"dialog\"\n\t\t\tdata-wp-bind--aria-label=\"state.thisImage.triggerButtonAriaLabel\"\n\t\t\tdata-wp-init=\"callbacks.initTriggerButton\"\n\t\t\tdata-wp-on--click=\"actions.showLightbox\"\n\t\t\tdata-wp-style--right=\"state.thisImage.buttonRight\"\n\t\t\tdata-wp-style--top=\"state.thisImage.buttonTop\"\n\t\t>\n\t\t\t<svg xmlns=\"http:\/\/www.w3.org\/2000\/svg\" width=\"12\" height=\"12\" fill=\"none\" viewBox=\"0 0 12 12\">\n\t\t\t\t<path fill=\"#fff\" d=\"M2 0a2 2 0 0 0-2 2v2h1.5V2a.5.5 0 0 1 .5-.5h2V0H2Zm2 10.5H2a.5.5 0 0 1-.5-.5V8H0v2a2 2 0 0 0 2 2h2v-1.5ZM8 12v-1.5h2a.5.5 0 0 0 .5-.5V8H12v2a2 2 0 0 1-2 2H8Zm2-12a2 2 0 0 1 2 2v2h-1.5V2a.5.5 0 0 0-.5-.5H8V0h2Z\" \/>\n\t\t\t<\/svg>\n\t\t<\/button><\/figure>\n\n\n\n<h3 class=\"wp-block-heading\"><span class=\"ez-toc-section\" id=\"39_Havel_Therme_Werder_an_der_Havel\"><\/span>39. Havel Therme (Werder an der Havel)<span class=\"ez-toc-section-end\"><\/span><\/h3>\n\n\n\n<p class=\"wp-block-paragraph\">Gleich hinter den Grenzen Berlins in der Kleinstadt Werder befindet sich die <strong>Havel Therme<\/strong>, die dich mit ihrer wundersch\u00f6nen Lage begeistert. Ein Magnet ist vor allem das <strong>Innenbecken mit Poolbar und 36 \u00b0C warmem Wasser<\/strong>, wo du einen Drink direkt im Wasser genie\u00dfen kannst. Das ganze Areal ist in einem herrlichen mediterranen Stil konzipiert, und hier kommen vor allem erwachsene Besucher auf ihre Kosten, die Ruhe und Entspannung nach einem anstrengenden Tag suchen.<\/p>\n\n\n\n<p class=\"wp-block-paragraph\">Die lokalen Becken bieten viel Platz zur Erholung drinnen und drau\u00dfen. Bei jedem Wetter kannst du in das gro\u00dfe <strong>Au\u00dfen-Thermalbecken von 235 m\u00b2 mit 34 \u00b0C eintauchen<\/strong>. Wenn du W\u00e4rme liebst, verpass auch nicht die Dampfb\u00e4der, wo dich angenehme 45 \u00b0C erwarten, oder das spezielle Bad mit 43 \u00b0C f\u00fcr regenerierende Peelings und Behandlungen mit heilendem Schlamm.<\/p>\n\n\n\n<p class=\"wp-block-paragraph\">F\u00fcr Saunaliebhaber ist eine weitl\u00e4ufige Saunawelt bereit. Inmitten des mediterranen Saunagartens findest du ein <strong>Panorama-Au\u00dfenbecken mit 34 \u00b0C warmem Wasser<\/strong>, in das man aber grunds\u00e4tzlich ohne Badekleidung geht. <strong>\ud83d\udca1 Tipp:<\/strong> Im Saunabereich gilt eine strikte textilfreie Zone, vergiss also nicht, genug Handt\u00fccher oder einen Bademantel mitzunehmen, damit du dich beim Wechseln zwischen den einzelnen Behandlungen wohlf\u00fchlst.<\/p>\n\n\n\n<figure data-wp-context=\"{&quot;imageId&quot;:&quot;6a9c73e07c78e&quot;}\" data-wp-interactive=\"core\/image\" data-wp-key=\"6a9c73e07c78e\" class=\"wp-block-image size-full wp-lightbox-container\"><img decoding=\"async\" width=\"1800\" height=\"1199\" data-wp-class--hide=\"state.isContentHidden\" data-wp-class--show=\"state.isContentVisible\" data-wp-init=\"callbacks.setButtonStyles\" data-wp-on--click=\"actions.showLightbox\" data-wp-on--load=\"callbacks.setButtonStyles\" data-wp-on--pointerdown=\"actions.preloadImage\" data-wp-on--pointerenter=\"actions.preloadImageWithDelay\" data-wp-on--pointerleave=\"actions.cancelPreload\" data-wp-on-window--resize=\"callbacks.setButtonStyles\" src=\"https:\/\/loudavymkrokem.cz\/wp-content\/uploads\/2026\/09\/nemecko-clanky-termaly-nemecko-49-71f9a6ee-1.jpg\" alt=\"Spreewald Therme (Burg)\" class=\"wp-image-415377\" title=\"\" srcset=\"https:\/\/loudavymkrokem.cz\/wp-content\/uploads\/2026\/09\/nemecko-clanky-termaly-nemecko-49-71f9a6ee-1.jpg 1800w, https:\/\/loudavymkrokem.cz\/wp-content\/uploads\/2026\/09\/nemecko-clanky-termaly-nemecko-49-71f9a6ee-1-300x200.jpg 300w, https:\/\/loudavymkrokem.cz\/wp-content\/uploads\/2026\/09\/nemecko-clanky-termaly-nemecko-49-71f9a6ee-1-700x466.jpg 700w, https:\/\/loudavymkrokem.cz\/wp-content\/uploads\/2026\/09\/nemecko-clanky-termaly-nemecko-49-71f9a6ee-1-768x512.jpg 768w, https:\/\/loudavymkrokem.cz\/wp-content\/uploads\/2026\/09\/nemecko-clanky-termaly-nemecko-49-71f9a6ee-1-1536x1023.jpg 1536w, https:\/\/loudavymkrokem.cz\/wp-content\/uploads\/2026\/09\/nemecko-clanky-termaly-nemecko-49-71f9a6ee-1-696x464.jpg 696w, https:\/\/loudavymkrokem.cz\/wp-content\/uploads\/2026\/09\/nemecko-clanky-termaly-nemecko-49-71f9a6ee-1-1392x927.jpg 1392w\" sizes=\"(max-width: 1800px) 100vw, 1800px\" \/><button\n\t\t\tclass=\"lightbox-trigger\"\n\t\t\ttype=\"button\"\n\t\t\taria-haspopup=\"dialog\"\n\t\t\tdata-wp-bind--aria-label=\"state.thisImage.triggerButtonAriaLabel\"\n\t\t\tdata-wp-init=\"callbacks.initTriggerButton\"\n\t\t\tdata-wp-on--click=\"actions.showLightbox\"\n\t\t\tdata-wp-style--right=\"state.thisImage.buttonRight\"\n\t\t\tdata-wp-style--top=\"state.thisImage.buttonTop\"\n\t\t>\n\t\t\t<svg xmlns=\"http:\/\/www.w3.org\/2000\/svg\" width=\"12\" height=\"12\" fill=\"none\" viewBox=\"0 0 12 12\">\n\t\t\t\t<path fill=\"#fff\" d=\"M2 0a2 2 0 0 0-2 2v2h1.5V2a.5.5 0 0 1 .5-.5h2V0H2Zm2 10.5H2a.5.5 0 0 1-.5-.5V8H0v2a2 2 0 0 0 2 2h2v-1.5ZM8 12v-1.5h2a.5.5 0 0 0 .5-.5V8H12v2a2 2 0 0 1-2 2H8Zm2-12a2 2 0 0 1 2 2v2h-1.5V2a.5.5 0 0 0-.5-.5H8V0h2Z\" \/>\n\t\t\t<\/svg>\n\t\t<\/button><\/figure>\n\n\n\n<h3 class=\"wp-block-heading\"><span class=\"ez-toc-section\" id=\"40_Spreewald_Therme_Burg\"><\/span>40. Spreewald Therme (Burg)<span class=\"ez-toc-section-end\"><\/span><\/h3>\n\n\n\n<p class=\"wp-block-paragraph\">Wenn du in die zauberhafte Region voller Wasserkan\u00e4le f\u00e4hrst, verpass nicht die <strong>Spreewald Therme<\/strong> in der Gemeinde Burg. Dieser Komplex gl\u00e4nzt vor allem mit <strong>heilender Thermalsole<\/strong>, die in verschiedenen Becken eine Konzentration von 2,5 % bis zu beachtlichen 8 % hat. Es ist ein idealer Ort f\u00fcr alle, die Ausfl\u00fcge in die malerische Natur mit der Pflege ihrer Gesundheit und Atemwege verbinden wollen.<\/p>\n\n\n\n<p class=\"wp-block-paragraph\">Drinnen erwarten dich gleich mehrere Becken mit unterschiedlichen Temperaturen, sodass jeder genau das Seine findet. Du kannst dich in Becken mit einer Temperatur <strong>von 34 \u00b0C bis zu sch\u00f6n warmen 38 \u00b0C<\/strong> aufw\u00e4rmen oder dich im Kaltbecken mit nur 18 \u00b0C abk\u00fchlen. Wenn du gern Neues probierst, wird dich die lokale Dampfsauna reizen, wo bei 47 \u00b0C hundertprozentige Luftfeuchtigkeit gehalten wird.<\/p>\n\n\n\n<p class=\"wp-block-paragraph\">Laut Preisliste f\u00fcr 2026 kostet das zweist\u00fcndige Grundticket in die Becken 21 \u20ac, w\u00e4hrend das <strong>Kombiticket mit Saunen 27 \u20ac kostet<\/strong>. An Wochenenden und Feiertagen rechne mit einem Aufschlag von 2 \u20ac, und du kannst dir hier auch einen Bademantel f\u00fcr 7 \u20ac leihen oder eine Liege f\u00fcr 7,50 \u20ac reservieren. <strong>\ud83d\udca1 Tipp:<\/strong> Wenn du mit dem lokalen Verkehr Cottbusverkehr reist, frag nach dem speziellen Wellnessticket, das f\u00fcr Erwachsene 23 \u20ac und f\u00fcr Kinder bis zw\u00f6lf Jahre 17 \u20ac kostet.<\/p>\n\n\n\n<figure data-wp-context=\"{&quot;imageId&quot;:&quot;6a9c73e07cd0c&quot;}\" data-wp-interactive=\"core\/image\" data-wp-key=\"6a9c73e07cd0c\" class=\"wp-block-image size-full wp-lightbox-container\"><img decoding=\"async\" width=\"1800\" height=\"881\" data-wp-class--hide=\"state.isContentHidden\" data-wp-class--show=\"state.isContentVisible\" data-wp-init=\"callbacks.setButtonStyles\" data-wp-on--click=\"actions.showLightbox\" data-wp-on--load=\"callbacks.setButtonStyles\" data-wp-on--pointerdown=\"actions.preloadImage\" data-wp-on--pointerenter=\"actions.preloadImageWithDelay\" data-wp-on--pointerleave=\"actions.cancelPreload\" data-wp-on-window--resize=\"callbacks.setButtonStyles\" src=\"https:\/\/loudavymkrokem.cz\/wp-content\/uploads\/2026\/09\/nemecko-clanky-termaly-nemecko-50-ecf98ec5-1.jpg\" alt=\"NaturThermeTemplin (Templin): Saunabereich\" class=\"wp-image-415380\" title=\"\" srcset=\"https:\/\/loudavymkrokem.cz\/wp-content\/uploads\/2026\/09\/nemecko-clanky-termaly-nemecko-50-ecf98ec5-1.jpg 1800w, https:\/\/loudavymkrokem.cz\/wp-content\/uploads\/2026\/09\/nemecko-clanky-termaly-nemecko-50-ecf98ec5-1-300x147.jpg 300w, https:\/\/loudavymkrokem.cz\/wp-content\/uploads\/2026\/09\/nemecko-clanky-termaly-nemecko-50-ecf98ec5-1-700x343.jpg 700w, https:\/\/loudavymkrokem.cz\/wp-content\/uploads\/2026\/09\/nemecko-clanky-termaly-nemecko-50-ecf98ec5-1-768x376.jpg 768w, https:\/\/loudavymkrokem.cz\/wp-content\/uploads\/2026\/09\/nemecko-clanky-termaly-nemecko-50-ecf98ec5-1-1536x752.jpg 1536w, https:\/\/loudavymkrokem.cz\/wp-content\/uploads\/2026\/09\/nemecko-clanky-termaly-nemecko-50-ecf98ec5-1-696x341.jpg 696w, https:\/\/loudavymkrokem.cz\/wp-content\/uploads\/2026\/09\/nemecko-clanky-termaly-nemecko-50-ecf98ec5-1-1392x681.jpg 1392w\" sizes=\"(max-width: 1800px) 100vw, 1800px\" \/><button\n\t\t\tclass=\"lightbox-trigger\"\n\t\t\ttype=\"button\"\n\t\t\taria-haspopup=\"dialog\"\n\t\t\tdata-wp-bind--aria-label=\"state.thisImage.triggerButtonAriaLabel\"\n\t\t\tdata-wp-init=\"callbacks.initTriggerButton\"\n\t\t\tdata-wp-on--click=\"actions.showLightbox\"\n\t\t\tdata-wp-style--right=\"state.thisImage.buttonRight\"\n\t\t\tdata-wp-style--top=\"state.thisImage.buttonTop\"\n\t\t>\n\t\t\t<svg xmlns=\"http:\/\/www.w3.org\/2000\/svg\" width=\"12\" height=\"12\" fill=\"none\" viewBox=\"0 0 12 12\">\n\t\t\t\t<path fill=\"#fff\" d=\"M2 0a2 2 0 0 0-2 2v2h1.5V2a.5.5 0 0 1 .5-.5h2V0H2Zm2 10.5H2a.5.5 0 0 1-.5-.5V8H0v2a2 2 0 0 0 2 2h2v-1.5ZM8 12v-1.5h2a.5.5 0 0 0 .5-.5V8H12v2a2 2 0 0 1-2 2H8Zm2-12a2 2 0 0 1 2 2v2h-1.5V2a.5.5 0 0 0-.5-.5H8V0h2Z\" \/>\n\t\t\t<\/svg>\n\t\t<\/button><\/figure>\n\n\n\n<h3 class=\"wp-block-heading\"><span class=\"ez-toc-section\" id=\"41_NaturThermeTemplin_Templin\"><\/span>41. NaturThermeTemplin (Templin)<span class=\"ez-toc-section-end\"><\/span><\/h3>\n\n\n\n<p class=\"wp-block-paragraph\">Im nord\u00f6stlichen Teil Brandenburgs lockt die <strong>NaturThermeTemplin<\/strong> zum Besuch, ein beliebtes Thermal- und Erlebnisareal inmitten der W\u00e4lder der Uckermark. Hauptmagnet ist die lokale <strong>Thermalsole mit einer Konzentration von 1 bis 6 %<\/strong>, die tief unter der Erde entspringt und angenehme Temperaturen von 30 bis 36 \u00b0C erreicht. Es ist eine tolle Wahl f\u00fcr Familien und Paare, denn das Areal kombiniert ruhige Kurkultur mit aktiverer Erholung.<\/p>\n\n\n\n<p class=\"wp-block-paragraph\">Das Wasser aus der lokalen Quelle erf\u00fcllt strenge Kriterien f\u00fcr die Bezeichnung als heilendes Thermalwasser, denn schon beim Austritt hat es eine Temperatur von \u00fcber 20 \u00b0C. Nach anschlie\u00dfender Aufbereitung kannst du so die <strong>wohltuende Wirkung des warmen Salzwassers<\/strong> genie\u00dfen, das sch\u00f6n tr\u00e4gt und m\u00fcde Muskeln lockert. Im Komplex kann man ruhig einen ganzen Tag verbringen, denn er bietet genug Platz zum Schwimmen, Entspannen und Aufw\u00e4rmen.<\/p>\n\n\n\n<p class=\"wp-block-paragraph\">Die Preisliste f\u00fcr 2026 gibt an, dass du f\u00fcr den \u00dcbergang in die Saunawelt einen <strong>einmaligen Aufpreis von 4 \u20ac<\/strong> zahlst. Wenn du am Wochenende oder an Feiertagen kommst, rechne noch mit einem Wochenendzuschlag von 3 \u20ac, der sich aber nur auf erwachsene Besucher bezieht. <strong>\ud83d\udca1 Tipp:<\/strong> Verfolge sorgf\u00e4ltig die Wettervorhersage, denn wenn die Meteorologen 25 \u00b0C und mehr melden, gilt in den Thermen der g\u00fcnstigere Sommertarif.<\/p>\n\n\n\n<figure data-wp-context=\"{&quot;imageId&quot;:&quot;6a9c73e07d29d&quot;}\" data-wp-interactive=\"core\/image\" data-wp-key=\"6a9c73e07d29d\" class=\"wp-block-image size-full wp-lightbox-container\"><img decoding=\"async\" width=\"1800\" height=\"900\" data-wp-class--hide=\"state.isContentHidden\" data-wp-class--show=\"state.isContentVisible\" data-wp-init=\"callbacks.setButtonStyles\" data-wp-on--click=\"actions.showLightbox\" data-wp-on--load=\"callbacks.setButtonStyles\" data-wp-on--pointerdown=\"actions.preloadImage\" data-wp-on--pointerenter=\"actions.preloadImageWithDelay\" data-wp-on--pointerleave=\"actions.cancelPreload\" data-wp-on-window--resize=\"callbacks.setButtonStyles\" src=\"https:\/\/loudavymkrokem.cz\/wp-content\/uploads\/2026\/09\/nemecko-clanky-termaly-nemecko-51-a4b55ee4-1.jpg\" alt=\"Saunabereich des Spreewelten Bad in L\u00fcbbenau\" class=\"wp-image-415385\" title=\"\" srcset=\"https:\/\/loudavymkrokem.cz\/wp-content\/uploads\/2026\/09\/nemecko-clanky-termaly-nemecko-51-a4b55ee4-1.jpg 1800w, https:\/\/loudavymkrokem.cz\/wp-content\/uploads\/2026\/09\/nemecko-clanky-termaly-nemecko-51-a4b55ee4-1-300x150.jpg 300w, https:\/\/loudavymkrokem.cz\/wp-content\/uploads\/2026\/09\/nemecko-clanky-termaly-nemecko-51-a4b55ee4-1-700x350.jpg 700w, https:\/\/loudavymkrokem.cz\/wp-content\/uploads\/2026\/09\/nemecko-clanky-termaly-nemecko-51-a4b55ee4-1-768x384.jpg 768w, https:\/\/loudavymkrokem.cz\/wp-content\/uploads\/2026\/09\/nemecko-clanky-termaly-nemecko-51-a4b55ee4-1-1536x768.jpg 1536w, https:\/\/loudavymkrokem.cz\/wp-content\/uploads\/2026\/09\/nemecko-clanky-termaly-nemecko-51-a4b55ee4-1-696x348.jpg 696w, https:\/\/loudavymkrokem.cz\/wp-content\/uploads\/2026\/09\/nemecko-clanky-termaly-nemecko-51-a4b55ee4-1-1392x696.jpg 1392w\" sizes=\"(max-width: 1800px) 100vw, 1800px\" \/><button\n\t\t\tclass=\"lightbox-trigger\"\n\t\t\ttype=\"button\"\n\t\t\taria-haspopup=\"dialog\"\n\t\t\tdata-wp-bind--aria-label=\"state.thisImage.triggerButtonAriaLabel\"\n\t\t\tdata-wp-init=\"callbacks.initTriggerButton\"\n\t\t\tdata-wp-on--click=\"actions.showLightbox\"\n\t\t\tdata-wp-style--right=\"state.thisImage.buttonRight\"\n\t\t\tdata-wp-style--top=\"state.thisImage.buttonTop\"\n\t\t>\n\t\t\t<svg xmlns=\"http:\/\/www.w3.org\/2000\/svg\" width=\"12\" height=\"12\" fill=\"none\" viewBox=\"0 0 12 12\">\n\t\t\t\t<path fill=\"#fff\" d=\"M2 0a2 2 0 0 0-2 2v2h1.5V2a.5.5 0 0 1 .5-.5h2V0H2Zm2 10.5H2a.5.5 0 0 1-.5-.5V8H0v2a2 2 0 0 0 2 2h2v-1.5ZM8 12v-1.5h2a.5.5 0 0 0 .5-.5V8H12v2a2 2 0 0 1-2 2H8Zm2-12a2 2 0 0 1 2 2v2h-1.5V2a.5.5 0 0 0-.5-.5H8V0h2Z\" \/>\n\t\t\t<\/svg>\n\t\t<\/button><\/figure>\n\n\n\n<h3 class=\"wp-block-heading\"><span class=\"ez-toc-section\" id=\"42_Spreewelten_Bad_Luebbenau_Luebbenau\"><\/span>42. Spreewelten Bad L\u00fcbbenau (L\u00fcbbenau)<span class=\"ez-toc-section-end\"><\/span><\/h3>\n\n\n\n<p class=\"wp-block-paragraph\">Das ist die originellste Therme in der ganzen \u00dcbersicht, denn die Betreiber sagen \u00fcber sich selbst: <strong>\u201eWir sind die mit den Pinguinen&#8220;<\/strong>. Im Areal in L\u00fcbbenau grenzt das Becken n\u00e4mlich an ein Pinguingehege, das nur Glasw\u00e4nde trennen, sodass du beim Schwimmen diese V\u00f6gel direkt in Reichweite hast. F\u00fcr Familien mit Kindern ist es ein Erlebnis, das man in Deutschland nirgendwo sonst wiederholen kann.<\/p>\n\n\n\n<p class=\"wp-block-paragraph\">Um die Pinguine ist das ganze Programm gebaut: Es gibt eine <strong>kommentierte F\u00fctterung und eine VIP-F\u00fchrung durchs Gehege<\/strong>, und kleinere Kinder haben ihren Pingu Kids Club. Neben dem Erlebnisbecken und der Rutsche funktioniert hier aber auch eine vollwertige Saunawelt mit einer sehr breiten Temperaturspanne, sodass Erwachsene nicht zu kurz kommen. Teil des Komplexes ist auch ein eigenes Hotel mit Wellness, falls du \u00fcber Nacht bleiben willst.<\/p>\n\n\n\n<p class=\"wp-block-paragraph\">W\u00e4hlen kannst du von milden Schwitzstuben mit <strong>40 bis 50 \u00b0C<\/strong> \u00fcber mittelwarme Saunen mit 60, 70 und 80 \u00b0C bis zu echten H\u00f6llen\u00f6fen mit 85 und <strong>95 \u00b0C<\/strong>. In die Saunawelt d\u00fcrfen Kinder erst ab 7 Jahren, und ihr Tageseintritt kostet 8 Euro. <strong>\ud83d\udca1 Tipp:<\/strong> Wenn du die Pinguine aktiv sehen willst, plane deinen Besuch auf die F\u00fctterungszeit, die der Betreiber auf seiner Website ausschreibt.<\/p>\n\n\n\n<figure data-wp-context=\"{&quot;imageId&quot;:&quot;6a9c73e07d930&quot;}\" data-wp-interactive=\"core\/image\" data-wp-key=\"6a9c73e07d930\" class=\"wp-block-image size-full wp-lightbox-container\"><img decoding=\"async\" width=\"1800\" height=\"852\" data-wp-class--hide=\"state.isContentHidden\" data-wp-class--show=\"state.isContentVisible\" data-wp-init=\"callbacks.setButtonStyles\" data-wp-on--click=\"actions.showLightbox\" data-wp-on--load=\"callbacks.setButtonStyles\" data-wp-on--pointerdown=\"actions.preloadImage\" data-wp-on--pointerenter=\"actions.preloadImageWithDelay\" data-wp-on--pointerleave=\"actions.cancelPreload\" data-wp-on-window--resize=\"callbacks.setButtonStyles\" src=\"https:\/\/loudavymkrokem.cz\/wp-content\/uploads\/2026\/09\/nemecko-clanky-termaly-nemecko-52-6414cd66.jpg\" alt=\"Au\u00dfen-Salzsee der Kristalltherme in Bad Wilsnack\" class=\"wp-image-415515\" title=\"\" srcset=\"https:\/\/loudavymkrokem.cz\/wp-content\/uploads\/2026\/09\/nemecko-clanky-termaly-nemecko-52-6414cd66.jpg 1800w, https:\/\/loudavymkrokem.cz\/wp-content\/uploads\/2026\/09\/nemecko-clanky-termaly-nemecko-52-6414cd66-300x142.jpg 300w, https:\/\/loudavymkrokem.cz\/wp-content\/uploads\/2026\/09\/nemecko-clanky-termaly-nemecko-52-6414cd66-700x331.jpg 700w, https:\/\/loudavymkrokem.cz\/wp-content\/uploads\/2026\/09\/nemecko-clanky-termaly-nemecko-52-6414cd66-768x364.jpg 768w, https:\/\/loudavymkrokem.cz\/wp-content\/uploads\/2026\/09\/nemecko-clanky-termaly-nemecko-52-6414cd66-1536x727.jpg 1536w, https:\/\/loudavymkrokem.cz\/wp-content\/uploads\/2026\/09\/nemecko-clanky-termaly-nemecko-52-6414cd66-696x329.jpg 696w, https:\/\/loudavymkrokem.cz\/wp-content\/uploads\/2026\/09\/nemecko-clanky-termaly-nemecko-52-6414cd66-1392x659.jpg 1392w\" sizes=\"(max-width: 1800px) 100vw, 1800px\" \/><button\n\t\t\tclass=\"lightbox-trigger\"\n\t\t\ttype=\"button\"\n\t\t\taria-haspopup=\"dialog\"\n\t\t\tdata-wp-bind--aria-label=\"state.thisImage.triggerButtonAriaLabel\"\n\t\t\tdata-wp-init=\"callbacks.initTriggerButton\"\n\t\t\tdata-wp-on--click=\"actions.showLightbox\"\n\t\t\tdata-wp-style--right=\"state.thisImage.buttonRight\"\n\t\t\tdata-wp-style--top=\"state.thisImage.buttonTop\"\n\t\t>\n\t\t\t<svg xmlns=\"http:\/\/www.w3.org\/2000\/svg\" width=\"12\" height=\"12\" fill=\"none\" viewBox=\"0 0 12 12\">\n\t\t\t\t<path fill=\"#fff\" d=\"M2 0a2 2 0 0 0-2 2v2h1.5V2a.5.5 0 0 1 .5-.5h2V0H2Zm2 10.5H2a.5.5 0 0 1-.5-.5V8H0v2a2 2 0 0 0 2 2h2v-1.5ZM8 12v-1.5h2a.5.5 0 0 0 .5-.5V8H12v2a2 2 0 0 1-2 2H8Zm2-12a2 2 0 0 1 2 2v2h-1.5V2a.5.5 0 0 0-.5-.5H8V0h2Z\" \/>\n\t\t\t<\/svg>\n\t\t<\/button><\/figure>\n\n\n\n<h3 class=\"wp-block-heading\"><span class=\"ez-toc-section\" id=\"43_Kristalltherme_Bad_Wilsnack_Bad_Wilsnack\"><\/span>43. Kristalltherme Bad Wilsnack (Bad Wilsnack)<span class=\"ez-toc-section-end\"><\/span><\/h3>\n\n\n\n<p class=\"wp-block-paragraph\">Ein riesiges Areal von fast 12.000 m\u00b2 bietet die ber\u00fchmte <strong>Kristalltherme Bad Wilsnack<\/strong>. Ihr absoluter Stolz ist die eigene Thermalquelle, die aus einer beachtlichen Tiefe von 1.018 Metern gef\u00f6rdert wird und mit einer Temperatur von 39 \u00b0C an die Oberfl\u00e4che entspringt. <strong>Das Wasser enth\u00e4lt viel Eisen und Jod<\/strong>, und dank einer Salzkonzentration von 1,5 % bis zu 24 % badest du hier buchst\u00e4blich in der Gesundheit.<\/p>\n\n\n\n<p class=\"wp-block-paragraph\">Du findest hier ein Becken mit 24 % Salzkonzentration und 32 \u00b0C, in dem du wie im Toten Meer schwebst. Die \u00fcbrigen Becken mit Heilwasser haben angenehme 34 bis 36 \u00b0C, und die Mineralien darin funktionieren als <strong>nat\u00fcrliches Peeling zur Verfeinerung der Haut<\/strong>. Im 34-Grad-Wasser mit niedrigerem Salzgehalt finden sogar regelm\u00e4\u00dfige \u00dcbungen unter Anleitung erfahrener Trainer statt.<\/p>\n\n\n\n<p class=\"wp-block-paragraph\">Aufw\u00e4rmen kannst du dich in insgesamt 8 thematischen Saunen mit Temperaturen von 70 bis 100 \u00b0C, von denen drei drinnen und f\u00fcnf drau\u00dfen sind. Laut Preisliste f\u00fcr 2026 zahlst du f\u00fcr den <strong>Saunazuschlag zum Tagesticket 5,50 \u20ac<\/strong>, wobei Kinder bis 6 Jahre 4,50 \u20ac nachzahlen. <strong>\ud83d\udca1 Tipp:<\/strong> Wenn du keine volle W\u00e4schetasche mitschleppen willst, kannst du dir vor Ort ein Handtuch f\u00fcr 5 \u20ac oder einen Bademantel f\u00fcr 7 \u20ac leihen, halte nur zus\u00e4tzlich 15 \u20ac Pfand bereit.<\/p>\n\n\n\n<figure data-wp-context=\"{&quot;imageId&quot;:&quot;6a9c73e07dfe8&quot;}\" data-wp-interactive=\"core\/image\" data-wp-key=\"6a9c73e07dfe8\" class=\"wp-block-image size-full wp-lightbox-container\"><img decoding=\"async\" width=\"1800\" height=\"1199\" data-wp-class--hide=\"state.isContentHidden\" data-wp-class--show=\"state.isContentVisible\" data-wp-init=\"callbacks.setButtonStyles\" data-wp-on--click=\"actions.showLightbox\" data-wp-on--load=\"callbacks.setButtonStyles\" data-wp-on--pointerdown=\"actions.preloadImage\" data-wp-on--pointerenter=\"actions.preloadImageWithDelay\" data-wp-on--pointerleave=\"actions.cancelPreload\" data-wp-on-window--resize=\"callbacks.setButtonStyles\" src=\"https:\/\/loudavymkrokem.cz\/wp-content\/uploads\/2026\/09\/nemecko-clanky-termaly-nemecko-53-7b17d971-1.jpg\" alt=\"vabali spa Berlin (Berlin)\" class=\"wp-image-415394\" title=\"\" srcset=\"https:\/\/loudavymkrokem.cz\/wp-content\/uploads\/2026\/09\/nemecko-clanky-termaly-nemecko-53-7b17d971-1.jpg 1800w, https:\/\/loudavymkrokem.cz\/wp-content\/uploads\/2026\/09\/nemecko-clanky-termaly-nemecko-53-7b17d971-1-300x200.jpg 300w, https:\/\/loudavymkrokem.cz\/wp-content\/uploads\/2026\/09\/nemecko-clanky-termaly-nemecko-53-7b17d971-1-700x466.jpg 700w, https:\/\/loudavymkrokem.cz\/wp-content\/uploads\/2026\/09\/nemecko-clanky-termaly-nemecko-53-7b17d971-1-768x512.jpg 768w, https:\/\/loudavymkrokem.cz\/wp-content\/uploads\/2026\/09\/nemecko-clanky-termaly-nemecko-53-7b17d971-1-1536x1023.jpg 1536w, https:\/\/loudavymkrokem.cz\/wp-content\/uploads\/2026\/09\/nemecko-clanky-termaly-nemecko-53-7b17d971-1-696x464.jpg 696w, https:\/\/loudavymkrokem.cz\/wp-content\/uploads\/2026\/09\/nemecko-clanky-termaly-nemecko-53-7b17d971-1-1392x927.jpg 1392w\" sizes=\"(max-width: 1800px) 100vw, 1800px\" \/><button\n\t\t\tclass=\"lightbox-trigger\"\n\t\t\ttype=\"button\"\n\t\t\taria-haspopup=\"dialog\"\n\t\t\tdata-wp-bind--aria-label=\"state.thisImage.triggerButtonAriaLabel\"\n\t\t\tdata-wp-init=\"callbacks.initTriggerButton\"\n\t\t\tdata-wp-on--click=\"actions.showLightbox\"\n\t\t\tdata-wp-style--right=\"state.thisImage.buttonRight\"\n\t\t\tdata-wp-style--top=\"state.thisImage.buttonTop\"\n\t\t>\n\t\t\t<svg xmlns=\"http:\/\/www.w3.org\/2000\/svg\" width=\"12\" height=\"12\" fill=\"none\" viewBox=\"0 0 12 12\">\n\t\t\t\t<path fill=\"#fff\" d=\"M2 0a2 2 0 0 0-2 2v2h1.5V2a.5.5 0 0 1 .5-.5h2V0H2Zm2 10.5H2a.5.5 0 0 1-.5-.5V8H0v2a2 2 0 0 0 2 2h2v-1.5ZM8 12v-1.5h2a.5.5 0 0 0 .5-.5V8H12v2a2 2 0 0 1-2 2H8Zm2-12a2 2 0 0 1 2 2v2h-1.5V2a.5.5 0 0 0-.5-.5H8V0h2Z\" \/>\n\t\t\t<\/svg>\n\t\t<\/button><\/figure>\n\n\n\n<h3 class=\"wp-block-heading\"><span class=\"ez-toc-section\" id=\"44_vabali_spa_Berlin_Berlin\"><\/span>44. vabali spa Berlin (Berlin)<span class=\"ez-toc-section-end\"><\/span><\/h3>\n\n\n\n<p class=\"wp-block-paragraph\">Wenn du der Flucht vor dem Gro\u00dfstadttrubel suchst, geh ins <strong>vabali spa Berlin<\/strong>, das direkt im Herzen der deutschen Metropole liegt. Dieses einzigartige Areal ist als <strong>authentische balinesische Wellnessoase<\/strong> konzipiert, wo dich traditionelle Holzbauten, Statuen und direkt aus Indonesien importierte Materialien umgeben. Die Umgebung hier ist ausschlie\u00dflich auf Ruhe und erwachsene Besucher ausgerichtet, vergiss also Rutschen und Kindergeschrei.<\/p>\n\n\n\n<p class=\"wp-block-paragraph\">Der Komplex bietet <strong>13 Saunen und Dampfb\u00e4der<\/strong>, die 4 erfrischende Becken erg\u00e4nzen. Die Auswahl ist abwechslungsreich und befriedigt jeden Saunag\u00e4nger. Du kannst die Panoramasauna Pandangan oder die Meditationssauna Jiwa mit angenehmen 70 \u00b0C probieren, gegebenenfalls die Birkensauna Kayu. F\u00fcr Liebhaber h\u00f6herer Temperaturen sind die Aufgusssaunen Awan, Di Luar oder Di Dalam bereit, wo das Thermometer rund 80 \u00b0C zeigt.<\/p>\n\n\n\n<p class=\"wp-block-paragraph\">Zum sanfteren Aufw\u00e4rmen dient dann die Kr\u00e4utersauna Bali Boreh mit 70 \u00b0C oder das milde Laconium, aufgeheizt auf 45 \u00b0C. Laut Preisliste f\u00fcr 2026 kostet dich der <strong>vierst\u00fcndige Eintritt an Werktagen 36,50 \u20ac<\/strong>, w\u00e4hrend du am Wochenende und an Feiertagen 39,50 \u20ac zahlst. <strong>\ud83d\udca1 Tipp:<\/strong> Dieses beliebte Berliner Areal ist am Wochenende sehr voll, komm also am besten gleich morgens oder an Werktagen her, wenn du die balinesische Atmosph\u00e4re in viel gr\u00f6\u00dferer Ruhe genie\u00dft.<\/p>\n\n\n\n<figure data-wp-context=\"{&quot;imageId&quot;:&quot;6a9c73e07e700&quot;}\" data-wp-interactive=\"core\/image\" data-wp-key=\"6a9c73e07e700\" class=\"wp-block-image size-full wp-lightbox-container\"><img decoding=\"async\" width=\"1800\" height=\"1348\" data-wp-class--hide=\"state.isContentHidden\" data-wp-class--show=\"state.isContentVisible\" data-wp-init=\"callbacks.setButtonStyles\" data-wp-on--click=\"actions.showLightbox\" data-wp-on--load=\"callbacks.setButtonStyles\" data-wp-on--pointerdown=\"actions.preloadImage\" data-wp-on--pointerenter=\"actions.preloadImageWithDelay\" data-wp-on--pointerleave=\"actions.cancelPreload\" data-wp-on-window--resize=\"callbacks.setButtonStyles\" src=\"https:\/\/loudavymkrokem.cz\/wp-content\/uploads\/2026\/09\/nemecko-clanky-termaly-nemecko-54-eb39270c-1.jpg\" alt=\"Geb\u00e4ude der Ostsee-Therme in Scharbeutz an der Ostsee\" class=\"wp-image-415398\" title=\"\" srcset=\"https:\/\/loudavymkrokem.cz\/wp-content\/uploads\/2026\/09\/nemecko-clanky-termaly-nemecko-54-eb39270c-1.jpg 1800w, https:\/\/loudavymkrokem.cz\/wp-content\/uploads\/2026\/09\/nemecko-clanky-termaly-nemecko-54-eb39270c-1-300x225.jpg 300w, https:\/\/loudavymkrokem.cz\/wp-content\/uploads\/2026\/09\/nemecko-clanky-termaly-nemecko-54-eb39270c-1-700x524.jpg 700w, https:\/\/loudavymkrokem.cz\/wp-content\/uploads\/2026\/09\/nemecko-clanky-termaly-nemecko-54-eb39270c-1-768x575.jpg 768w, https:\/\/loudavymkrokem.cz\/wp-content\/uploads\/2026\/09\/nemecko-clanky-termaly-nemecko-54-eb39270c-1-1536x1150.jpg 1536w, https:\/\/loudavymkrokem.cz\/wp-content\/uploads\/2026\/09\/nemecko-clanky-termaly-nemecko-54-eb39270c-1-80x60.jpg 80w, https:\/\/loudavymkrokem.cz\/wp-content\/uploads\/2026\/09\/nemecko-clanky-termaly-nemecko-54-eb39270c-1-160x120.jpg 160w, https:\/\/loudavymkrokem.cz\/wp-content\/uploads\/2026\/09\/nemecko-clanky-termaly-nemecko-54-eb39270c-1-696x521.jpg 696w, https:\/\/loudavymkrokem.cz\/wp-content\/uploads\/2026\/09\/nemecko-clanky-termaly-nemecko-54-eb39270c-1-1392x1042.jpg 1392w\" sizes=\"(max-width: 1800px) 100vw, 1800px\" \/><button\n\t\t\tclass=\"lightbox-trigger\"\n\t\t\ttype=\"button\"\n\t\t\taria-haspopup=\"dialog\"\n\t\t\tdata-wp-bind--aria-label=\"state.thisImage.triggerButtonAriaLabel\"\n\t\t\tdata-wp-init=\"callbacks.initTriggerButton\"\n\t\t\tdata-wp-on--click=\"actions.showLightbox\"\n\t\t\tdata-wp-style--right=\"state.thisImage.buttonRight\"\n\t\t\tdata-wp-style--top=\"state.thisImage.buttonTop\"\n\t\t>\n\t\t\t<svg xmlns=\"http:\/\/www.w3.org\/2000\/svg\" width=\"12\" height=\"12\" fill=\"none\" viewBox=\"0 0 12 12\">\n\t\t\t\t<path fill=\"#fff\" d=\"M2 0a2 2 0 0 0-2 2v2h1.5V2a.5.5 0 0 1 .5-.5h2V0H2Zm2 10.5H2a.5.5 0 0 1-.5-.5V8H0v2a2 2 0 0 0 2 2h2v-1.5ZM8 12v-1.5h2a.5.5 0 0 0 .5-.5V8H12v2a2 2 0 0 1-2 2H8Zm2-12a2 2 0 0 1 2 2v2h-1.5V2a.5.5 0 0 0-.5-.5H8V0h2Z\" \/>\n\t\t\t<\/svg>\n\t\t<\/button><figcaption class=\"wp-element-caption\">Foto: qwesy qwesy \/ Wikimedia Commons, CC BY 3.0<\/figcaption><\/figure>\n\n\n\n<h2 class=\"wp-block-heading\"><span class=\"ez-toc-section\" id=\"Thermalbaeder_im_Norden_Ostsee_und_Nordsee\"><\/span>Thermalb\u00e4der im Norden: Ostsee und Nordsee<span class=\"ez-toc-section-end\"><\/span><\/h2>\n\n\n\n<p class=\"wp-block-paragraph\">Norddeutschland bietet ein ganz anderes Kurerlebnis, als wir es aus dem S\u00fcden gewohnt sind. Die <strong>Meeresthermen<\/strong> profitieren hier von ihrer tollen Lage, und statt des klassischen Mineralwassers findest du in ihnen oft heilende Sole oder <strong>seltenes Jodsalz<\/strong>. Die Ausblicke von den Becken richten sich zudem nicht selten direkt auf die endlose Meeresoberfl\u00e4che oder Sandd\u00fcnen, was ein Idyll ist, wenn du den Duft des Ozeans und die frische nordische Luft liebst.<\/p>\n\n\n\n<p class=\"wp-block-paragraph\">Diese Areale eignen sich hervorragend zur Erg\u00e4nzung deines <strong>Sommerurlaubs an der Ostsee<\/strong> oder als Rettung bei einem verregneten Wochenende im beliebten Ferienort St. Peter-Ording. Ob du mit der Familie f\u00e4hrst oder eine ruhige Wellness-Auszeit zu zweit suchst, die norddeutschen B\u00e4der begeistern dich mit ihrer gem\u00fctlichen Atmosph\u00e4re. Es ist zwar ein etwas weiterer Weg, aber das <strong>Erlebnis lohnt sich auf jeden Fall<\/strong>.<\/p>\n\n\n\n<figure data-wp-context=\"{&quot;imageId&quot;:&quot;6a9c73e07ecd7&quot;}\" data-wp-interactive=\"core\/image\" data-wp-key=\"6a9c73e07ecd7\" class=\"wp-block-image size-full wp-lightbox-container\"><img decoding=\"async\" width=\"1800\" height=\"2400\" data-wp-class--hide=\"state.isContentHidden\" data-wp-class--show=\"state.isContentVisible\" data-wp-init=\"callbacks.setButtonStyles\" data-wp-on--click=\"actions.showLightbox\" data-wp-on--load=\"callbacks.setButtonStyles\" data-wp-on--pointerdown=\"actions.preloadImage\" data-wp-on--pointerenter=\"actions.preloadImageWithDelay\" data-wp-on--pointerleave=\"actions.cancelPreload\" data-wp-on-window--resize=\"callbacks.setButtonStyles\" src=\"https:\/\/loudavymkrokem.cz\/wp-content\/uploads\/2026\/09\/nemecko-clanky-termaly-nemecko-55-47c15516-1.jpg\" alt=\"Ostsee-Therme (Scharbeutz): Turm der Therme\" class=\"wp-image-415401\" title=\"\" srcset=\"https:\/\/loudavymkrokem.cz\/wp-content\/uploads\/2026\/09\/nemecko-clanky-termaly-nemecko-55-47c15516-1.jpg 1800w, https:\/\/loudavymkrokem.cz\/wp-content\/uploads\/2026\/09\/nemecko-clanky-termaly-nemecko-55-47c15516-1-225x300.jpg 225w, https:\/\/loudavymkrokem.cz\/wp-content\/uploads\/2026\/09\/nemecko-clanky-termaly-nemecko-55-47c15516-1-700x933.jpg 700w, https:\/\/loudavymkrokem.cz\/wp-content\/uploads\/2026\/09\/nemecko-clanky-termaly-nemecko-55-47c15516-1-768x1024.jpg 768w, https:\/\/loudavymkrokem.cz\/wp-content\/uploads\/2026\/09\/nemecko-clanky-termaly-nemecko-55-47c15516-1-1152x1536.jpg 1152w, https:\/\/loudavymkrokem.cz\/wp-content\/uploads\/2026\/09\/nemecko-clanky-termaly-nemecko-55-47c15516-1-1536x2048.jpg 1536w, https:\/\/loudavymkrokem.cz\/wp-content\/uploads\/2026\/09\/nemecko-clanky-termaly-nemecko-55-47c15516-1-696x928.jpg 696w, https:\/\/loudavymkrokem.cz\/wp-content\/uploads\/2026\/09\/nemecko-clanky-termaly-nemecko-55-47c15516-1-1392x1856.jpg 1392w\" sizes=\"(max-width: 1800px) 100vw, 1800px\" \/><button\n\t\t\tclass=\"lightbox-trigger\"\n\t\t\ttype=\"button\"\n\t\t\taria-haspopup=\"dialog\"\n\t\t\tdata-wp-bind--aria-label=\"state.thisImage.triggerButtonAriaLabel\"\n\t\t\tdata-wp-init=\"callbacks.initTriggerButton\"\n\t\t\tdata-wp-on--click=\"actions.showLightbox\"\n\t\t\tdata-wp-style--right=\"state.thisImage.buttonRight\"\n\t\t\tdata-wp-style--top=\"state.thisImage.buttonTop\"\n\t\t>\n\t\t\t<svg xmlns=\"http:\/\/www.w3.org\/2000\/svg\" width=\"12\" height=\"12\" fill=\"none\" viewBox=\"0 0 12 12\">\n\t\t\t\t<path fill=\"#fff\" d=\"M2 0a2 2 0 0 0-2 2v2h1.5V2a.5.5 0 0 1 .5-.5h2V0H2Zm2 10.5H2a.5.5 0 0 1-.5-.5V8H0v2a2 2 0 0 0 2 2h2v-1.5ZM8 12v-1.5h2a.5.5 0 0 0 .5-.5V8H12v2a2 2 0 0 1-2 2H8Zm2-12a2 2 0 0 1 2 2v2h-1.5V2a.5.5 0 0 0-.5-.5H8V0h2Z\" \/>\n\t\t\t<\/svg>\n\t\t<\/button><figcaption class=\"wp-element-caption\">Foto: Gerd Fahrenhorst \/ Wikimedia Commons, CC BY 4.0<\/figcaption><\/figure>\n\n\n\n<h3 class=\"wp-block-heading\"><span class=\"ez-toc-section\" id=\"45_Ostsee-Therme_Scharbeutz\"><\/span>45. Ostsee-Therme (Scharbeutz)<span class=\"ez-toc-section-end\"><\/span><\/h3>\n\n\n\n<p class=\"wp-block-paragraph\">Dieser gro\u00dfartige Komplex im beliebten Ferienort Scharbeutz \u00fcberw\u00e4ltigt dich sofort mit seiner weitl\u00e4ufigen <strong>Wellnesszone von 4.000 m\u00b2<\/strong>. Wenn du Erholung mit direktem Zugang zum Sandstrand suchst, wirst du diesen Ort einfach lieben. Es ist eine ideale Wahl f\u00fcr Saunaliebhaber, die nach dem Aufw\u00e4rmen des K\u00f6rpers direkt in die k\u00fchlen Wellen des Meeres laufen wollen.<\/p>\n\n\n\n<p class=\"wp-block-paragraph\">Im Beckenbereich namens Ostsee-Lagune erholst du dich herrlich im <strong>auf 33 \u00b0C aufgeheizten Wasser<\/strong>, das zudem eindrucksvolle Lichteffekte und Massageliegen erg\u00e4nzen. F\u00fcr noch mehr Entspannung sind hier Whirlpools mit 35 \u00b0C und <strong>gro\u00dfe Au\u00dfenbecken mit 30 \u00b0C<\/strong> bereit, neben denen sich eine Liegewiese erstreckt. Die Saunawelt ist dann ein Kapitel f\u00fcr sich. Du findest hier alles von der milden 60-\u00b0C-Sauna Salzstein oder Frische Brise \u00fcber die 80-\u00b0C-Schwitzstube Wald Sauna bis zur <strong>extremen 110-\u00b0C-Sauna Arctic<\/strong>.<\/p>\n\n\n\n<p class=\"wp-block-paragraph\">Eine Besonderheit ist die gro\u00dfe 85-\u00b0C-Ostsee Arena f\u00fcr Saunazeremonien oder die <strong>textile Sauna mit 70 \u00b0C<\/strong> im Breeze Spa, wohin du direkt in Badekleidung gehen kannst. Der Eintritt unterscheidet sich hier je nach Zone und Aufenthaltsdauer, pr\u00fcfe die aktuelle Preisliste f\u00fcr 2026 also direkt auf der Website des Bades. Das Areal eignet sich sowohl f\u00fcr Paare als auch f\u00fcr Familien, die abwechslungsreiches Wasservergn\u00fcgen suchen. <strong>\ud83d\udca1 Tipp:<\/strong> F\u00fcr Liebhaber von Holz und Kr\u00e4utern empfehle ich, die spezielle Sauna aus duftender Zirbe namens Zirbenholzsauna nicht zu verpassen.<\/p>\n\n\n\n<figure data-wp-context=\"{&quot;imageId&quot;:&quot;6a9c73e07f237&quot;}\" data-wp-interactive=\"core\/image\" data-wp-key=\"6a9c73e07f237\" class=\"wp-block-image size-full wp-lightbox-container\"><img decoding=\"async\" width=\"1800\" height=\"1012\" data-wp-class--hide=\"state.isContentHidden\" data-wp-class--show=\"state.isContentVisible\" data-wp-init=\"callbacks.setButtonStyles\" data-wp-on--click=\"actions.showLightbox\" data-wp-on--load=\"callbacks.setButtonStyles\" data-wp-on--pointerdown=\"actions.preloadImage\" data-wp-on--pointerenter=\"actions.preloadImageWithDelay\" data-wp-on--pointerleave=\"actions.cancelPreload\" data-wp-on-window--resize=\"callbacks.setButtonStyles\" src=\"https:\/\/loudavymkrokem.cz\/wp-content\/uploads\/2026\/09\/nemecko-clanky-termaly-nemecko-56-30ed6a22-1.jpg\" alt=\"D\u00fcnen-Therme (St. Peter-Ording)\" class=\"wp-image-415406\" title=\"\" srcset=\"https:\/\/loudavymkrokem.cz\/wp-content\/uploads\/2026\/09\/nemecko-clanky-termaly-nemecko-56-30ed6a22-1.jpg 1800w, https:\/\/loudavymkrokem.cz\/wp-content\/uploads\/2026\/09\/nemecko-clanky-termaly-nemecko-56-30ed6a22-1-300x169.jpg 300w, https:\/\/loudavymkrokem.cz\/wp-content\/uploads\/2026\/09\/nemecko-clanky-termaly-nemecko-56-30ed6a22-1-700x394.jpg 700w, https:\/\/loudavymkrokem.cz\/wp-content\/uploads\/2026\/09\/nemecko-clanky-termaly-nemecko-56-30ed6a22-1-768x432.jpg 768w, https:\/\/loudavymkrokem.cz\/wp-content\/uploads\/2026\/09\/nemecko-clanky-termaly-nemecko-56-30ed6a22-1-1536x864.jpg 1536w, https:\/\/loudavymkrokem.cz\/wp-content\/uploads\/2026\/09\/nemecko-clanky-termaly-nemecko-56-30ed6a22-1-696x391.jpg 696w, https:\/\/loudavymkrokem.cz\/wp-content\/uploads\/2026\/09\/nemecko-clanky-termaly-nemecko-56-30ed6a22-1-1392x783.jpg 1392w\" sizes=\"(max-width: 1800px) 100vw, 1800px\" \/><button\n\t\t\tclass=\"lightbox-trigger\"\n\t\t\ttype=\"button\"\n\t\t\taria-haspopup=\"dialog\"\n\t\t\tdata-wp-bind--aria-label=\"state.thisImage.triggerButtonAriaLabel\"\n\t\t\tdata-wp-init=\"callbacks.initTriggerButton\"\n\t\t\tdata-wp-on--click=\"actions.showLightbox\"\n\t\t\tdata-wp-style--right=\"state.thisImage.buttonRight\"\n\t\t\tdata-wp-style--top=\"state.thisImage.buttonTop\"\n\t\t>\n\t\t\t<svg xmlns=\"http:\/\/www.w3.org\/2000\/svg\" width=\"12\" height=\"12\" fill=\"none\" viewBox=\"0 0 12 12\">\n\t\t\t\t<path fill=\"#fff\" d=\"M2 0a2 2 0 0 0-2 2v2h1.5V2a.5.5 0 0 1 .5-.5h2V0H2Zm2 10.5H2a.5.5 0 0 1-.5-.5V8H0v2a2 2 0 0 0 2 2h2v-1.5ZM8 12v-1.5h2a.5.5 0 0 0 .5-.5V8H12v2a2 2 0 0 1-2 2H8Zm2-12a2 2 0 0 1 2 2v2h-1.5V2a.5.5 0 0 0-.5-.5H8V0h2Z\" \/>\n\t\t\t<\/svg>\n\t\t<\/button><\/figure>\n\n\n\n<h3 class=\"wp-block-heading\"><span class=\"ez-toc-section\" id=\"46_Duenen-Therme_St_Peter-Ording\"><\/span>46. D\u00fcnen-Therme (St. Peter-Ording)<span class=\"ez-toc-section-end\"><\/span><\/h3>\n\n\n\n<p class=\"wp-block-paragraph\">In der malerischen Kleinstadt St. Peter-Ording entdeckst du ein einzigartiges Bad, wo du <strong>in gereinigtem Wasser direkt aus der Nordsee badest<\/strong>. Dieses Erlebnis ist au\u00dfergew\u00f6hnlich und verleiht dem ganzen Areal maritime Energie. Die weitl\u00e4ufige Wasserfl\u00e4che <strong>\u00fcbersteigt hier 1.000 m\u00b2<\/strong>, sodass du viel Platz zum Schwimmen und f\u00fcr verdiente Erholung nach einem anstrengenden Tag an den windigen Str\u00e4nden hast.<\/p>\n\n\n\n<p class=\"wp-block-paragraph\">Drinnen erwartet dich ein angenehmes <strong>Erlebnisbecken mit 30 \u00b0C<\/strong>, und du w\u00e4rmst dich auch im beheizten Au\u00dfenbecken, das genau dieselbe Temperatur hat. Wenn du mit Kindern reist, w\u00fcrde sie normalerweise das Becken mit k\u00fcnstlichem Wellengang und 28-\u00b0C-Wasser oder die beliebte Turbo-Rutsche begeistern. Nach Stand von September 2026 sind aber beide <strong>Attraktionen aus technischen Gr\u00fcnden au\u00dfer Betrieb<\/strong>, rechne damit vor dem Besuch.<\/p>\n\n\n\n<p class=\"wp-block-paragraph\">Die Thermen eignen sich f\u00fcr jeden, der die wohltuende Wirkung des Meerwassers ungeachtet des Wetters drau\u00dfen genie\u00dfen will. Laut aktueller Preisliste f\u00fcr 2026 zahlen Erwachsene f\u00fcr den zweieinhalbst\u00fcndigen Eintritt <strong>sehr angenehme 13,50 Euro<\/strong>, w\u00e4hrend das Tagesticket 18,50 Euro kostet. F\u00fcr Kinder und Jugendliche von 3 bis 17 Jahren liegen die Preise von 6,50 bis 8,50 Euro je nach Aufenthaltsdauer. <strong>\ud83d\udca1 Tipp:<\/strong> Wenn du l\u00e4nger bleiben willst, lohnt sich der verl\u00e4ngerte Eintritt f\u00fcr 3,5 Stunden f\u00fcr <strong>16 Euro<\/strong>, der ein tolles Preis-Zeit-Verh\u00e4ltnis bietet.<\/p>\n\n\n\n<figure data-wp-context=\"{&quot;imageId&quot;:&quot;6a9c73e07f86a&quot;}\" data-wp-interactive=\"core\/image\" data-wp-key=\"6a9c73e07f86a\" class=\"wp-block-image size-full wp-lightbox-container\"><img decoding=\"async\" width=\"1800\" height=\"1350\" data-wp-class--hide=\"state.isContentHidden\" data-wp-class--show=\"state.isContentVisible\" data-wp-init=\"callbacks.setButtonStyles\" data-wp-on--click=\"actions.showLightbox\" data-wp-on--load=\"callbacks.setButtonStyles\" data-wp-on--pointerdown=\"actions.preloadImage\" data-wp-on--pointerenter=\"actions.preloadImageWithDelay\" data-wp-on--pointerleave=\"actions.cancelPreload\" data-wp-on-window--resize=\"callbacks.setButtonStyles\" src=\"https:\/\/loudavymkrokem.cz\/wp-content\/uploads\/2026\/09\/nemecko-clanky-termaly-nemecko-57-6f96bd47-1.jpg\" alt=\"Ostsee Therme Usedom (Ahlbeck): Saunabereich\" class=\"wp-image-415409\" title=\"\" srcset=\"https:\/\/loudavymkrokem.cz\/wp-content\/uploads\/2026\/09\/nemecko-clanky-termaly-nemecko-57-6f96bd47-1.jpg 1800w, https:\/\/loudavymkrokem.cz\/wp-content\/uploads\/2026\/09\/nemecko-clanky-termaly-nemecko-57-6f96bd47-1-300x225.jpg 300w, https:\/\/loudavymkrokem.cz\/wp-content\/uploads\/2026\/09\/nemecko-clanky-termaly-nemecko-57-6f96bd47-1-700x525.jpg 700w, https:\/\/loudavymkrokem.cz\/wp-content\/uploads\/2026\/09\/nemecko-clanky-termaly-nemecko-57-6f96bd47-1-768x576.jpg 768w, https:\/\/loudavymkrokem.cz\/wp-content\/uploads\/2026\/09\/nemecko-clanky-termaly-nemecko-57-6f96bd47-1-1536x1152.jpg 1536w, https:\/\/loudavymkrokem.cz\/wp-content\/uploads\/2026\/09\/nemecko-clanky-termaly-nemecko-57-6f96bd47-1-80x60.jpg 80w, https:\/\/loudavymkrokem.cz\/wp-content\/uploads\/2026\/09\/nemecko-clanky-termaly-nemecko-57-6f96bd47-1-160x120.jpg 160w, https:\/\/loudavymkrokem.cz\/wp-content\/uploads\/2026\/09\/nemecko-clanky-termaly-nemecko-57-6f96bd47-1-696x522.jpg 696w, https:\/\/loudavymkrokem.cz\/wp-content\/uploads\/2026\/09\/nemecko-clanky-termaly-nemecko-57-6f96bd47-1-1392x1044.jpg 1392w\" sizes=\"(max-width: 1800px) 100vw, 1800px\" \/><button\n\t\t\tclass=\"lightbox-trigger\"\n\t\t\ttype=\"button\"\n\t\t\taria-haspopup=\"dialog\"\n\t\t\tdata-wp-bind--aria-label=\"state.thisImage.triggerButtonAriaLabel\"\n\t\t\tdata-wp-init=\"callbacks.initTriggerButton\"\n\t\t\tdata-wp-on--click=\"actions.showLightbox\"\n\t\t\tdata-wp-style--right=\"state.thisImage.buttonRight\"\n\t\t\tdata-wp-style--top=\"state.thisImage.buttonTop\"\n\t\t>\n\t\t\t<svg xmlns=\"http:\/\/www.w3.org\/2000\/svg\" width=\"12\" height=\"12\" fill=\"none\" viewBox=\"0 0 12 12\">\n\t\t\t\t<path fill=\"#fff\" d=\"M2 0a2 2 0 0 0-2 2v2h1.5V2a.5.5 0 0 1 .5-.5h2V0H2Zm2 10.5H2a.5.5 0 0 1-.5-.5V8H0v2a2 2 0 0 0 2 2h2v-1.5ZM8 12v-1.5h2a.5.5 0 0 0 .5-.5V8H12v2a2 2 0 0 1-2 2H8Zm2-12a2 2 0 0 1 2 2v2h-1.5V2a.5.5 0 0 0-.5-.5H8V0h2Z\" \/>\n\t\t\t<\/svg>\n\t\t<\/button><\/figure>\n\n\n\n<h3 class=\"wp-block-heading\"><span class=\"ez-toc-section\" id=\"47_Ostsee_Therme_Usedom_Ahlbeck\"><\/span>47. Ostsee Therme Usedom (Ahlbeck)<span class=\"ez-toc-section-end\"><\/span><\/h3>\n\n\n\n<p class=\"wp-block-paragraph\">Dieser beliebte Komplex liegt direkt im Zentrum des ber\u00fchmten Kaiserb\u00e4der-Trios Ahlbeck, Heringsdorf und Bansin, konkret <strong>im sogenannten Kaiserbad Ahlbeck<\/strong> in der Lindenstra\u00dfe. Schon seit seiner feierlichen Er\u00f6ffnung im M\u00e4rz 1996 zieht er Scharen erholungshungriger Besucher an, und bis heute <strong>haben ihn beachtliche 3,7 Millionen G\u00e4ste durchlaufen<\/strong>. Es ist ein sehr traditioneller Ort, der gem\u00fctliche Meereserholung hervorragend mit professioneller Kurpflege verbindet.<\/p>\n\n\n\n<p class=\"wp-block-paragraph\">Neben der klassischen Sauna- und Wasserwelt namens Badewelt und Saunawelt findest du hier n\u00e4mlich auch ein <strong>spezielles Kurmittelhaus mit Physiotherapie<\/strong> und echten Kur\u00e4rzten. Du kannst dich hier im Sport- und Gesundheitsstudio ordentlich verausgaben oder einfach die sch\u00f6ne Umgebung von der lokalen Aussichtsplattform bewundern. Wenn du in die Innenr\u00e4ume der Saunawelt gehst, w\u00e4rmt dich herrlich die <strong>klassische Innensauna mit 80 \u00b0C<\/strong>.<\/p>\n\n\n\n<p class=\"wp-block-paragraph\">Der Ort ist wie geschaffen vor allem f\u00fcr erwachsene Besucher, die im Urlaub Ruhe suchen und sich auf die St\u00e4rkung ihrer Gesundheit konzentrieren. Die lokalen Heilbehandlungen haben eine lange Tradition und sind an der ganzen K\u00fcste ber\u00fchmt, deshalb kommen die Leute so gern hierher zur\u00fcck. <strong>\ud83d\udca1 Tipp:<\/strong> Nimm auf jeden Fall an einer der Saunazeremonien teil, die die lokalen Meister mehrmals t\u00e4glich mit <strong>seltenem Jodsalz aus Heringsdorf<\/strong> durchf\u00fchren, das wird ein fantastisches Erlebnis f\u00fcr deine Atemwege.<\/p>\n\n\n\n<figure data-wp-context=\"{&quot;imageId&quot;:&quot;6a9c73e07ff68&quot;}\" data-wp-interactive=\"core\/image\" data-wp-key=\"6a9c73e07ff68\" class=\"wp-block-image size-full wp-lightbox-container\"><img decoding=\"async\" width=\"1800\" height=\"1198\" data-wp-class--hide=\"state.isContentHidden\" data-wp-class--show=\"state.isContentVisible\" data-wp-init=\"callbacks.setButtonStyles\" data-wp-on--click=\"actions.showLightbox\" data-wp-on--load=\"callbacks.setButtonStyles\" data-wp-on--pointerdown=\"actions.preloadImage\" data-wp-on--pointerenter=\"actions.preloadImageWithDelay\" data-wp-on--pointerleave=\"actions.cancelPreload\" data-wp-on-window--resize=\"callbacks.setButtonStyles\" src=\"https:\/\/loudavymkrokem.cz\/wp-content\/uploads\/2026\/09\/nemecko-clanky-termaly-nemecko-58-72086aed-1.jpg\" alt=\"Toskana Therme in Bad Schandau in der S\u00e4chsischen Schweiz\" class=\"wp-image-415412\" title=\"\" srcset=\"https:\/\/loudavymkrokem.cz\/wp-content\/uploads\/2026\/09\/nemecko-clanky-termaly-nemecko-58-72086aed-1.jpg 1800w, https:\/\/loudavymkrokem.cz\/wp-content\/uploads\/2026\/09\/nemecko-clanky-termaly-nemecko-58-72086aed-1-300x200.jpg 300w, https:\/\/loudavymkrokem.cz\/wp-content\/uploads\/2026\/09\/nemecko-clanky-termaly-nemecko-58-72086aed-1-700x466.jpg 700w, https:\/\/loudavymkrokem.cz\/wp-content\/uploads\/2026\/09\/nemecko-clanky-termaly-nemecko-58-72086aed-1-768x511.jpg 768w, https:\/\/loudavymkrokem.cz\/wp-content\/uploads\/2026\/09\/nemecko-clanky-termaly-nemecko-58-72086aed-1-1536x1022.jpg 1536w, https:\/\/loudavymkrokem.cz\/wp-content\/uploads\/2026\/09\/nemecko-clanky-termaly-nemecko-58-72086aed-1-696x463.jpg 696w, https:\/\/loudavymkrokem.cz\/wp-content\/uploads\/2026\/09\/nemecko-clanky-termaly-nemecko-58-72086aed-1-1392x926.jpg 1392w\" sizes=\"(max-width: 1800px) 100vw, 1800px\" \/><button\n\t\t\tclass=\"lightbox-trigger\"\n\t\t\ttype=\"button\"\n\t\t\taria-haspopup=\"dialog\"\n\t\t\tdata-wp-bind--aria-label=\"state.thisImage.triggerButtonAriaLabel\"\n\t\t\tdata-wp-init=\"callbacks.initTriggerButton\"\n\t\t\tdata-wp-on--click=\"actions.showLightbox\"\n\t\t\tdata-wp-style--right=\"state.thisImage.buttonRight\"\n\t\t\tdata-wp-style--top=\"state.thisImage.buttonTop\"\n\t\t>\n\t\t\t<svg xmlns=\"http:\/\/www.w3.org\/2000\/svg\" width=\"12\" height=\"12\" fill=\"none\" viewBox=\"0 0 12 12\">\n\t\t\t\t<path fill=\"#fff\" d=\"M2 0a2 2 0 0 0-2 2v2h1.5V2a.5.5 0 0 1 .5-.5h2V0H2Zm2 10.5H2a.5.5 0 0 1-.5-.5V8H0v2a2 2 0 0 0 2 2h2v-1.5ZM8 12v-1.5h2a.5.5 0 0 0 .5-.5V8H12v2a2 2 0 0 1-2 2H8Zm2-12a2 2 0 0 1 2 2v2h-1.5V2a.5.5 0 0 0-.5-.5H8V0h2Z\" \/>\n\t\t\t<\/svg>\n\t\t<\/button><\/figure>\n\n\n\n<h2 class=\"wp-block-heading\"><span class=\"ez-toc-section\" id=\"Thermalbaeder_in_Sachsen_und_Thueringen\"><\/span>Thermalb\u00e4der in Sachsen und Th\u00fcringen<span class=\"ez-toc-section-end\"><\/span><\/h2>\n\n\n\n<p class=\"wp-block-paragraph\">Wenn du Erholung suchst, entt\u00e4uschen dich diese zwei Bundesl\u00e4nder nicht. Du findest hier n\u00e4mlich ein einzigartiges B\u00e4derkonzept, das tiefe Entspannung mit einem au\u00dfergew\u00f6hnlichen k\u00fcnstlerischen Erlebnis verbindet. <strong>Hauptmagnet ist hier der sogenannte Liquid Sound<\/strong>, also Baden im Salzwasser begleitet von Unterwassermusik und einer faszinierenden Lichtshow.<\/p>\n\n\n\n<p class=\"wp-block-paragraph\">Du kannst gleich aus zwei Orten w\u00e4hlen, die dieses Konzept anbieten. Ein Bad liegt in der malerischen S\u00e4chsischen Schweiz, das andere dann etwas weiter in einer Th\u00fcringer Kurkleinstadt. Sie sind ideal f\u00fcr alle, die am Wochenende den Kopf abschalten und sich einfach auf den Wellen der Ruhe treiben lassen wollen.<\/p>\n\n\n\n<figure data-wp-context=\"{&quot;imageId&quot;:&quot;6a9c73e0804ed&quot;}\" data-wp-interactive=\"core\/image\" data-wp-key=\"6a9c73e0804ed\" class=\"wp-block-image size-full wp-lightbox-container\"><img decoding=\"async\" width=\"1800\" height=\"1342\" data-wp-class--hide=\"state.isContentHidden\" data-wp-class--show=\"state.isContentVisible\" data-wp-init=\"callbacks.setButtonStyles\" data-wp-on--click=\"actions.showLightbox\" data-wp-on--load=\"callbacks.setButtonStyles\" data-wp-on--pointerdown=\"actions.preloadImage\" data-wp-on--pointerenter=\"actions.preloadImageWithDelay\" data-wp-on--pointerleave=\"actions.cancelPreload\" data-wp-on-window--resize=\"callbacks.setButtonStyles\" src=\"https:\/\/loudavymkrokem.cz\/wp-content\/uploads\/2026\/09\/nemecko-clanky-termaly-nemecko-59-fc0e1c55-1.jpg\" alt=\"Toskana Therme Bad Schandau (Bad Schandau)\" class=\"wp-image-415417\" title=\"\" srcset=\"https:\/\/loudavymkrokem.cz\/wp-content\/uploads\/2026\/09\/nemecko-clanky-termaly-nemecko-59-fc0e1c55-1.jpg 1800w, https:\/\/loudavymkrokem.cz\/wp-content\/uploads\/2026\/09\/nemecko-clanky-termaly-nemecko-59-fc0e1c55-1-300x224.jpg 300w, https:\/\/loudavymkrokem.cz\/wp-content\/uploads\/2026\/09\/nemecko-clanky-termaly-nemecko-59-fc0e1c55-1-700x522.jpg 700w, https:\/\/loudavymkrokem.cz\/wp-content\/uploads\/2026\/09\/nemecko-clanky-termaly-nemecko-59-fc0e1c55-1-768x573.jpg 768w, https:\/\/loudavymkrokem.cz\/wp-content\/uploads\/2026\/09\/nemecko-clanky-termaly-nemecko-59-fc0e1c55-1-1536x1145.jpg 1536w, https:\/\/loudavymkrokem.cz\/wp-content\/uploads\/2026\/09\/nemecko-clanky-termaly-nemecko-59-fc0e1c55-1-80x60.jpg 80w, https:\/\/loudavymkrokem.cz\/wp-content\/uploads\/2026\/09\/nemecko-clanky-termaly-nemecko-59-fc0e1c55-1-160x120.jpg 160w, https:\/\/loudavymkrokem.cz\/wp-content\/uploads\/2026\/09\/nemecko-clanky-termaly-nemecko-59-fc0e1c55-1-696x519.jpg 696w, https:\/\/loudavymkrokem.cz\/wp-content\/uploads\/2026\/09\/nemecko-clanky-termaly-nemecko-59-fc0e1c55-1-1392x1038.jpg 1392w\" sizes=\"(max-width: 1800px) 100vw, 1800px\" \/><button\n\t\t\tclass=\"lightbox-trigger\"\n\t\t\ttype=\"button\"\n\t\t\taria-haspopup=\"dialog\"\n\t\t\tdata-wp-bind--aria-label=\"state.thisImage.triggerButtonAriaLabel\"\n\t\t\tdata-wp-init=\"callbacks.initTriggerButton\"\n\t\t\tdata-wp-on--click=\"actions.showLightbox\"\n\t\t\tdata-wp-style--right=\"state.thisImage.buttonRight\"\n\t\t\tdata-wp-style--top=\"state.thisImage.buttonTop\"\n\t\t>\n\t\t\t<svg xmlns=\"http:\/\/www.w3.org\/2000\/svg\" width=\"12\" height=\"12\" fill=\"none\" viewBox=\"0 0 12 12\">\n\t\t\t\t<path fill=\"#fff\" d=\"M2 0a2 2 0 0 0-2 2v2h1.5V2a.5.5 0 0 1 .5-.5h2V0H2Zm2 10.5H2a.5.5 0 0 1-.5-.5V8H0v2a2 2 0 0 0 2 2h2v-1.5ZM8 12v-1.5h2a.5.5 0 0 0 .5-.5V8H12v2a2 2 0 0 1-2 2H8Zm2-12a2 2 0 0 1 2 2v2h-1.5V2a.5.5 0 0 0-.5-.5H8V0h2Z\" \/>\n\t\t\t<\/svg>\n\t\t<\/button><figcaption class=\"wp-element-caption\">Foto: J\u00f6rg Blobelt \/ Wikimedia Commons, CC BY-SA 4.0<\/figcaption><\/figure>\n\n\n\n<h3 class=\"wp-block-heading\"><span class=\"ez-toc-section\" id=\"48_Toskana_Therme_Bad_Schandau_Bad_Schandau\"><\/span>48. Toskana Therme Bad Schandau (Bad Schandau)<span class=\"ez-toc-section-end\"><\/span><\/h3>\n\n\n\n<p class=\"wp-block-paragraph\">Dieser beliebte Komplex liegt direkt am Ufer der Elbe, und sein gro\u00dfer Vorzug ist der <strong>atemberaubende Blick auf den Fluss direkt aus der Sauna<\/strong>. Der Komplex bietet sich als perfektes Ziel f\u00fcr einen spontanen Nachmittagsausflug an. Wenn du die Natur der S\u00e4chsischen Schweiz liebst, ist das genau der Ort, wo du nach einem Tag auf Wandertouren m\u00fcden F\u00fc\u00dfen Erleichterung verschaffen kannst.<\/p>\n\n\n\n<p class=\"wp-block-paragraph\">Die Saunawelt bietet hier eine abwechslungsreiche Temperaturspanne f\u00fcr jeden. Du kannst das traditionelle <strong>Laconium im griechischen Stil, aufgeheizt auf angenehme 55 \u00b0C<\/strong>, oder ein spezielles Strahlungsw\u00e4rmebad probieren, das bei 65 \u00b0C den K\u00f6rper sch\u00f6n in die Tiefe w\u00e4rmt. Du findest hier auch eine Kr\u00e4uterschwitzstube, wo das Erhitzen des Kr\u00e4uterwassers <strong>die Luftfeuchtigkeit bei 65 \u00b0C erh\u00f6ht<\/strong>. F\u00fcr erfahrene Saunag\u00e4nger ist dann die klassische Schwitzstube mit Kachelofen bereit, wo du bei 96 \u00b0C ordentliche Hitze genie\u00dft.<\/p>\n\n\n\n<p class=\"wp-block-paragraph\">Der Komplex ist vor allem toll f\u00fcr Erwachsene und Paare, die eine ruhige Atmosph\u00e4re ohne wilde Rutschen suchen. Den aktuellen Eintritt pr\u00fcfst du vor der Fahrt am besten auf der Website, damit du wei\u00dft, wie genau die Preisliste f\u00fcr 2026 aussieht. <strong>\ud83d\udca1 Tipp:<\/strong> Lass dir auf keinen Fall das Schwitzen in der speziellen Sauna, aufgeheizt auf 90 \u00b0C, entgehen, aus der sich dir <strong>der sch\u00f6nste Blick auf die flie\u00dfende Elbe<\/strong> bietet.<\/p>\n\n\n\n<figure data-wp-context=\"{&quot;imageId&quot;:&quot;6a9c73e080af7&quot;}\" data-wp-interactive=\"core\/image\" data-wp-key=\"6a9c73e080af7\" class=\"wp-block-image size-full wp-lightbox-container\"><img decoding=\"async\" width=\"1800\" height=\"1200\" data-wp-class--hide=\"state.isContentHidden\" data-wp-class--show=\"state.isContentVisible\" data-wp-init=\"callbacks.setButtonStyles\" data-wp-on--click=\"actions.showLightbox\" data-wp-on--load=\"callbacks.setButtonStyles\" data-wp-on--pointerdown=\"actions.preloadImage\" data-wp-on--pointerenter=\"actions.preloadImageWithDelay\" data-wp-on--pointerleave=\"actions.cancelPreload\" data-wp-on-window--resize=\"callbacks.setButtonStyles\" src=\"https:\/\/loudavymkrokem.cz\/wp-content\/uploads\/2026\/09\/nemecko-clanky-termaly-nemecko-60-42995404-1.jpg\" alt=\"Toskana Therme Bad Sulza (Bad Sulza)\" class=\"wp-image-415421\" title=\"\" srcset=\"https:\/\/loudavymkrokem.cz\/wp-content\/uploads\/2026\/09\/nemecko-clanky-termaly-nemecko-60-42995404-1.jpg 1800w, https:\/\/loudavymkrokem.cz\/wp-content\/uploads\/2026\/09\/nemecko-clanky-termaly-nemecko-60-42995404-1-300x200.jpg 300w, https:\/\/loudavymkrokem.cz\/wp-content\/uploads\/2026\/09\/nemecko-clanky-termaly-nemecko-60-42995404-1-700x467.jpg 700w, https:\/\/loudavymkrokem.cz\/wp-content\/uploads\/2026\/09\/nemecko-clanky-termaly-nemecko-60-42995404-1-768x512.jpg 768w, https:\/\/loudavymkrokem.cz\/wp-content\/uploads\/2026\/09\/nemecko-clanky-termaly-nemecko-60-42995404-1-1536x1024.jpg 1536w, https:\/\/loudavymkrokem.cz\/wp-content\/uploads\/2026\/09\/nemecko-clanky-termaly-nemecko-60-42995404-1-696x464.jpg 696w, https:\/\/loudavymkrokem.cz\/wp-content\/uploads\/2026\/09\/nemecko-clanky-termaly-nemecko-60-42995404-1-1392x928.jpg 1392w\" sizes=\"(max-width: 1800px) 100vw, 1800px\" \/><button\n\t\t\tclass=\"lightbox-trigger\"\n\t\t\ttype=\"button\"\n\t\t\taria-haspopup=\"dialog\"\n\t\t\tdata-wp-bind--aria-label=\"state.thisImage.triggerButtonAriaLabel\"\n\t\t\tdata-wp-init=\"callbacks.initTriggerButton\"\n\t\t\tdata-wp-on--click=\"actions.showLightbox\"\n\t\t\tdata-wp-style--right=\"state.thisImage.buttonRight\"\n\t\t\tdata-wp-style--top=\"state.thisImage.buttonTop\"\n\t\t>\n\t\t\t<svg xmlns=\"http:\/\/www.w3.org\/2000\/svg\" width=\"12\" height=\"12\" fill=\"none\" viewBox=\"0 0 12 12\">\n\t\t\t\t<path fill=\"#fff\" d=\"M2 0a2 2 0 0 0-2 2v2h1.5V2a.5.5 0 0 1 .5-.5h2V0H2Zm2 10.5H2a.5.5 0 0 1-.5-.5V8H0v2a2 2 0 0 0 2 2h2v-1.5ZM8 12v-1.5h2a.5.5 0 0 0 .5-.5V8H12v2a2 2 0 0 1-2 2H8Zm2-12a2 2 0 0 1 2 2v2h-1.5V2a.5.5 0 0 0-.5-.5H8V0h2Z\" \/>\n\t\t\t<\/svg>\n\t\t<\/button><\/figure>\n\n\n\n<h3 class=\"wp-block-heading\"><span class=\"ez-toc-section\" id=\"49_Toskana_Therme_Bad_Sulza_Bad_Sulza\"><\/span>49. Toskana Therme Bad Sulza (Bad Sulza)<span class=\"ez-toc-section-end\"><\/span><\/h3>\n\n\n\n<p class=\"wp-block-paragraph\">Die zweite Schwesterfiliale des ber\u00fchmten Bades verbirgt sich in einer ruhigen Th\u00fcringer Kleinstadt und <strong>bietet dasselbe Liquid-Sound-Konzept<\/strong> wie das in der S\u00e4chsischen Schweiz. Es ist eine ideale Wahl, wenn du einen Wochenend-Roadtrip zu den Sehensw\u00fcrdigkeiten in Mitteldeutschland planst und einen Ort suchst, wo du dich abends gut regenerieren kannst. Die Atmosph\u00e4re ist hier herrlich entspannt, und der ganze Raum l\u00e4dt zu langer stiller Erholung ein.<\/p>\n\n\n\n<p class=\"wp-block-paragraph\">Herz des Areals ist der <strong>Liquid-Sound-Tempel<\/strong>, wo du dich im Salzwasser treiben l\u00e4sst, begleitet von Musik unter der Oberfl\u00e4che und farbigen Lichtprojektionen an der Kuppel. Laut Beschreibung des Betreibers geh\u00f6ren dazu <strong>f\u00fcnf Kaskaden-Solebecken<\/strong> mit Massaged\u00fcsen, vier Whirlpools und ein beheiztes Au\u00dfen-Solebecken, sodass man den ganzen Tag von einer Temperatur zur anderen wechseln kann. Eine Saunawelt ist hier selbstverst\u00e4ndlich.<\/p>\n\n\n\n<p class=\"wp-block-paragraph\">Ein gro\u00dfer Vorteil von Bad Sulza ist die Verbindung mit dem Hotel: Das <strong>Hotel an der Therme Bad Sulza<\/strong> steht direkt am Bad, und es verbindet sie ein Bademantelgang, sodass du den Eintritt in die Thermen inklusive Saunawelt im \u00dcbernachtungspreis hast. Vor dem Besuch schau auf die Website, denn die Preisliste f\u00fcr 2026 \u00e4ndert sich je nach Saison. <strong>\ud83d\udca1 Tipp:<\/strong> F\u00fcr den Liquid Sound nimm dir den sp\u00e4ten Vorabend, wenn die Musik- und Lichtshow am st\u00e4rksten und im Becken am wenigsten Leute sind.<\/p>\n\n\n\n<figure data-wp-context=\"{&quot;imageId&quot;:&quot;6a9c73e0811dd&quot;}\" data-wp-interactive=\"core\/image\" data-wp-key=\"6a9c73e0811dd\" class=\"wp-block-image size-full wp-lightbox-container\"><img decoding=\"async\" width=\"1800\" height=\"1800\" data-wp-class--hide=\"state.isContentHidden\" data-wp-class--show=\"state.isContentVisible\" data-wp-init=\"callbacks.setButtonStyles\" data-wp-on--click=\"actions.showLightbox\" data-wp-on--load=\"callbacks.setButtonStyles\" data-wp-on--pointerdown=\"actions.preloadImage\" data-wp-on--pointerenter=\"actions.preloadImageWithDelay\" data-wp-on--pointerleave=\"actions.cancelPreload\" data-wp-on-window--resize=\"callbacks.setButtonStyles\" src=\"https:\/\/loudavymkrokem.cz\/wp-content\/uploads\/2026\/09\/nemecko-clanky-termaly-nemecko-61-82598cd9-1.jpg\" alt=\"Becken der Emser Therme in Bad Ems bei Abendbeleuchtung\" class=\"wp-image-415425\" title=\"\" srcset=\"https:\/\/loudavymkrokem.cz\/wp-content\/uploads\/2026\/09\/nemecko-clanky-termaly-nemecko-61-82598cd9-1.jpg 1800w, https:\/\/loudavymkrokem.cz\/wp-content\/uploads\/2026\/09\/nemecko-clanky-termaly-nemecko-61-82598cd9-1-300x300.jpg 300w, https:\/\/loudavymkrokem.cz\/wp-content\/uploads\/2026\/09\/nemecko-clanky-termaly-nemecko-61-82598cd9-1-700x700.jpg 700w, https:\/\/loudavymkrokem.cz\/wp-content\/uploads\/2026\/09\/nemecko-clanky-termaly-nemecko-61-82598cd9-1-150x150.jpg 150w, https:\/\/loudavymkrokem.cz\/wp-content\/uploads\/2026\/09\/nemecko-clanky-termaly-nemecko-61-82598cd9-1-768x768.jpg 768w, https:\/\/loudavymkrokem.cz\/wp-content\/uploads\/2026\/09\/nemecko-clanky-termaly-nemecko-61-82598cd9-1-1536x1536.jpg 1536w, https:\/\/loudavymkrokem.cz\/wp-content\/uploads\/2026\/09\/nemecko-clanky-termaly-nemecko-61-82598cd9-1-696x696.jpg 696w, https:\/\/loudavymkrokem.cz\/wp-content\/uploads\/2026\/09\/nemecko-clanky-termaly-nemecko-61-82598cd9-1-1392x1392.jpg 1392w\" sizes=\"(max-width: 1800px) 100vw, 1800px\" \/><button\n\t\t\tclass=\"lightbox-trigger\"\n\t\t\ttype=\"button\"\n\t\t\taria-haspopup=\"dialog\"\n\t\t\tdata-wp-bind--aria-label=\"state.thisImage.triggerButtonAriaLabel\"\n\t\t\tdata-wp-init=\"callbacks.initTriggerButton\"\n\t\t\tdata-wp-on--click=\"actions.showLightbox\"\n\t\t\tdata-wp-style--right=\"state.thisImage.buttonRight\"\n\t\t\tdata-wp-style--top=\"state.thisImage.buttonTop\"\n\t\t>\n\t\t\t<svg xmlns=\"http:\/\/www.w3.org\/2000\/svg\" width=\"12\" height=\"12\" fill=\"none\" viewBox=\"0 0 12 12\">\n\t\t\t\t<path fill=\"#fff\" d=\"M2 0a2 2 0 0 0-2 2v2h1.5V2a.5.5 0 0 1 .5-.5h2V0H2Zm2 10.5H2a.5.5 0 0 1-.5-.5V8H0v2a2 2 0 0 0 2 2h2v-1.5ZM8 12v-1.5h2a.5.5 0 0 0 .5-.5V8H12v2a2 2 0 0 1-2 2H8Zm2-12a2 2 0 0 1 2 2v2h-1.5V2a.5.5 0 0 0-.5-.5H8V0h2Z\" \/>\n\t\t\t<\/svg>\n\t\t<\/button><\/figure>\n\n\n\n<h2 class=\"wp-block-heading\"><span class=\"ez-toc-section\" id=\"Thermalbaeder_in_Rheinland-Pfalz\"><\/span>Thermalb\u00e4der in Rheinland-Pfalz<span class=\"ez-toc-section-end\"><\/span><\/h2>\n\n\n\n<p class=\"wp-block-paragraph\">Rheinland-Pfalz geh\u00f6rt vielleicht nicht zu den bekanntesten deutschen Zielen f\u00fcr Wasservergn\u00fcgen, aber es verbirgt echte Sch\u00e4tze. Wenn du <strong>kleinere, aber hochwertige B\u00e4der<\/strong> suchst, kommst du genau hier auf deine Kosten. Anders als bei riesigen tropischen Erlebnisb\u00e4dern voller Rutschen findest du hier eine viel ruhigere Atmosph\u00e4re. Die lokalen Areale konzentrieren sich eher auf echte Erholung, Heilwasser und ehrliches Saunieren in stiller Umgebung.<\/p>\n\n\n\n<p class=\"wp-block-paragraph\">Fahr her, wenn du die wohltuende Wirkung der nat\u00fcrlichen Quellen ohne unn\u00f6tige Eile genie\u00dfen willst. Bekannte St\u00e4dte wie Bad Kreuznach oder Bad Ems locken mit <strong>Radon- oder Salzwasser<\/strong>, das m\u00fcde Muskeln lockert. Es ist einfach eine ideale Wahl f\u00fcr ein <strong>gem\u00fctliches verl\u00e4ngertes Wochenende<\/strong> voller Entspannung.<\/p>\n\n\n\n<figure data-wp-context=\"{&quot;imageId&quot;:&quot;6a9c73e0817d8&quot;}\" data-wp-interactive=\"core\/image\" data-wp-key=\"6a9c73e0817d8\" class=\"wp-block-image size-full wp-lightbox-container\"><img decoding=\"async\" width=\"1800\" height=\"1203\" data-wp-class--hide=\"state.isContentHidden\" data-wp-class--show=\"state.isContentVisible\" data-wp-init=\"callbacks.setButtonStyles\" data-wp-on--click=\"actions.showLightbox\" data-wp-on--load=\"callbacks.setButtonStyles\" data-wp-on--pointerdown=\"actions.preloadImage\" data-wp-on--pointerenter=\"actions.preloadImageWithDelay\" data-wp-on--pointerleave=\"actions.cancelPreload\" data-wp-on-window--resize=\"callbacks.setButtonStyles\" src=\"https:\/\/loudavymkrokem.cz\/wp-content\/uploads\/2026\/09\/nemecko-clanky-termaly-nemecko-62-7c30d429.jpg\" alt=\"Crucenia Thermen in Bad Kreuznach \u00fcber dem Fluss Nahe\" class=\"wp-image-415518\" title=\"\" srcset=\"https:\/\/loudavymkrokem.cz\/wp-content\/uploads\/2026\/09\/nemecko-clanky-termaly-nemecko-62-7c30d429.jpg 1800w, https:\/\/loudavymkrokem.cz\/wp-content\/uploads\/2026\/09\/nemecko-clanky-termaly-nemecko-62-7c30d429-300x201.jpg 300w, https:\/\/loudavymkrokem.cz\/wp-content\/uploads\/2026\/09\/nemecko-clanky-termaly-nemecko-62-7c30d429-700x468.jpg 700w, https:\/\/loudavymkrokem.cz\/wp-content\/uploads\/2026\/09\/nemecko-clanky-termaly-nemecko-62-7c30d429-768x513.jpg 768w, https:\/\/loudavymkrokem.cz\/wp-content\/uploads\/2026\/09\/nemecko-clanky-termaly-nemecko-62-7c30d429-1536x1027.jpg 1536w, https:\/\/loudavymkrokem.cz\/wp-content\/uploads\/2026\/09\/nemecko-clanky-termaly-nemecko-62-7c30d429-696x465.jpg 696w, https:\/\/loudavymkrokem.cz\/wp-content\/uploads\/2026\/09\/nemecko-clanky-termaly-nemecko-62-7c30d429-1392x930.jpg 1392w\" sizes=\"(max-width: 1800px) 100vw, 1800px\" \/><button\n\t\t\tclass=\"lightbox-trigger\"\n\t\t\ttype=\"button\"\n\t\t\taria-haspopup=\"dialog\"\n\t\t\tdata-wp-bind--aria-label=\"state.thisImage.triggerButtonAriaLabel\"\n\t\t\tdata-wp-init=\"callbacks.initTriggerButton\"\n\t\t\tdata-wp-on--click=\"actions.showLightbox\"\n\t\t\tdata-wp-style--right=\"state.thisImage.buttonRight\"\n\t\t\tdata-wp-style--top=\"state.thisImage.buttonTop\"\n\t\t>\n\t\t\t<svg xmlns=\"http:\/\/www.w3.org\/2000\/svg\" width=\"12\" height=\"12\" fill=\"none\" viewBox=\"0 0 12 12\">\n\t\t\t\t<path fill=\"#fff\" d=\"M2 0a2 2 0 0 0-2 2v2h1.5V2a.5.5 0 0 1 .5-.5h2V0H2Zm2 10.5H2a.5.5 0 0 1-.5-.5V8H0v2a2 2 0 0 0 2 2h2v-1.5ZM8 12v-1.5h2a.5.5 0 0 0 .5-.5V8H12v2a2 2 0 0 1-2 2H8Zm2-12a2 2 0 0 1 2 2v2h-1.5V2a.5.5 0 0 0-.5-.5H8V0h2Z\" \/>\n\t\t\t<\/svg>\n\t\t<\/button><figcaption class=\"wp-element-caption\">Foto: Pudelek (Marcin Szala) \/ Wikimedia Commons, CC BY-SA 3.0<\/figcaption><\/figure>\n\n\n\n<h3 class=\"wp-block-heading\"><span class=\"ez-toc-section\" id=\"50_Crucenia_Thermen_Bad_Kreuznach\"><\/span>50. Crucenia Thermen (Bad Kreuznach)<span class=\"ez-toc-section-end\"><\/span><\/h3>\n\n\n\n<p class=\"wp-block-paragraph\">Diese angenehme Therme in der Stadt Bad Kreuznach r\u00fchmt sich mit einem sehr sympathischen Detail, der <strong>offiziell zertifizierten Barrierefreiheit<\/strong>. Wenn du also selbst eine schlechtere Beweglichkeit hast oder am Wochenende mit jemandem \u00c4lterem aus der Familie f\u00e4hrst, sind die Crucenia Thermen f\u00fcr dich die ideale Wahl. Der ganze Komplex setzt insgesamt eher auf Ruhe, Gesundheit und ein langsameres Tempo als auf wilde Wasserattraktionen.<\/p>\n\n\n\n<p class=\"wp-block-paragraph\">Freuen kannst du dich auf <strong>zwei Innenbecken und ein Au\u00dfenbecken<\/strong>, in die st\u00e4ndig Thermalwasser mit einer Temperatur von rund 33 \u00b0C flie\u00dft. Wenn du dich gern lange aalst, sch\u00e4tzt du das weitere Becken, aufgeheizt auf genau 30 \u00b0C, das Sprudel-Massageliegen und ein gem\u00fctlicher Ruheraum erg\u00e4nzen. Im Eintrittspreis <strong>hast du auch Aquafitness enthalten<\/strong>, sodass du dich auch etwas aktiv dehnen kannst. Zum schnellen Aufw\u00e4rmen des K\u00f6rpers dient dann perfekt die lokale Infrarotsauna.<\/p>\n\n\n\n<p class=\"wp-block-paragraph\">Bei den Kosten erfreuen die Zusatzleistungen, die du hier zu sehr freundlichen Preisen bekommst. Laut Preisliste f\u00fcr 2026 zahlst du f\u00fcr eine <strong>halbst\u00fcndige Teilmassage nur 8 \u20ac<\/strong>, was f\u00fcr Deutschland ein sehr fairer Preis ist. Wenn du den Aufenthalt jemandem schenken willst, beginnen die Gutscheine schon bei 5 \u20ac. <strong>\ud83d\udca1 Tipp:<\/strong> Auch wenn du hier keinen riesigen Saunapark erwartest, reicht das Heilwasser selbst reichlich, um die Knochen nach einem ganzt\u00e4gigen Ausflug aufzuw\u00e4rmen.<\/p>\n\n\n\n<figure data-wp-context=\"{&quot;imageId&quot;:&quot;6a9c73e081d9e&quot;}\" data-wp-interactive=\"core\/image\" data-wp-key=\"6a9c73e081d9e\" class=\"wp-block-image size-full wp-lightbox-container\"><img decoding=\"async\" width=\"1800\" height=\"1800\" data-wp-class--hide=\"state.isContentHidden\" data-wp-class--show=\"state.isContentVisible\" data-wp-init=\"callbacks.setButtonStyles\" data-wp-on--click=\"actions.showLightbox\" data-wp-on--load=\"callbacks.setButtonStyles\" data-wp-on--pointerdown=\"actions.preloadImage\" data-wp-on--pointerenter=\"actions.preloadImageWithDelay\" data-wp-on--pointerleave=\"actions.cancelPreload\" data-wp-on-window--resize=\"callbacks.setButtonStyles\" src=\"https:\/\/loudavymkrokem.cz\/wp-content\/uploads\/2026\/09\/nemecko-clanky-termaly-nemecko-63-ec29e746-1.jpg\" alt=\"Emser Therme (Bad Ems)\" class=\"wp-image-415437\" title=\"\" srcset=\"https:\/\/loudavymkrokem.cz\/wp-content\/uploads\/2026\/09\/nemecko-clanky-termaly-nemecko-63-ec29e746-1.jpg 1800w, https:\/\/loudavymkrokem.cz\/wp-content\/uploads\/2026\/09\/nemecko-clanky-termaly-nemecko-63-ec29e746-1-300x300.jpg 300w, https:\/\/loudavymkrokem.cz\/wp-content\/uploads\/2026\/09\/nemecko-clanky-termaly-nemecko-63-ec29e746-1-700x700.jpg 700w, https:\/\/loudavymkrokem.cz\/wp-content\/uploads\/2026\/09\/nemecko-clanky-termaly-nemecko-63-ec29e746-1-150x150.jpg 150w, https:\/\/loudavymkrokem.cz\/wp-content\/uploads\/2026\/09\/nemecko-clanky-termaly-nemecko-63-ec29e746-1-768x768.jpg 768w, https:\/\/loudavymkrokem.cz\/wp-content\/uploads\/2026\/09\/nemecko-clanky-termaly-nemecko-63-ec29e746-1-1536x1536.jpg 1536w, https:\/\/loudavymkrokem.cz\/wp-content\/uploads\/2026\/09\/nemecko-clanky-termaly-nemecko-63-ec29e746-1-696x696.jpg 696w, https:\/\/loudavymkrokem.cz\/wp-content\/uploads\/2026\/09\/nemecko-clanky-termaly-nemecko-63-ec29e746-1-1392x1392.jpg 1392w\" sizes=\"(max-width: 1800px) 100vw, 1800px\" \/><button\n\t\t\tclass=\"lightbox-trigger\"\n\t\t\ttype=\"button\"\n\t\t\taria-haspopup=\"dialog\"\n\t\t\tdata-wp-bind--aria-label=\"state.thisImage.triggerButtonAriaLabel\"\n\t\t\tdata-wp-init=\"callbacks.initTriggerButton\"\n\t\t\tdata-wp-on--click=\"actions.showLightbox\"\n\t\t\tdata-wp-style--right=\"state.thisImage.buttonRight\"\n\t\t\tdata-wp-style--top=\"state.thisImage.buttonTop\"\n\t\t>\n\t\t\t<svg xmlns=\"http:\/\/www.w3.org\/2000\/svg\" width=\"12\" height=\"12\" fill=\"none\" viewBox=\"0 0 12 12\">\n\t\t\t\t<path fill=\"#fff\" d=\"M2 0a2 2 0 0 0-2 2v2h1.5V2a.5.5 0 0 1 .5-.5h2V0H2Zm2 10.5H2a.5.5 0 0 1-.5-.5V8H0v2a2 2 0 0 0 2 2h2v-1.5ZM8 12v-1.5h2a.5.5 0 0 0 .5-.5V8H12v2a2 2 0 0 1-2 2H8Zm2-12a2 2 0 0 1 2 2v2h-1.5V2a.5.5 0 0 0-.5-.5H8V0h2Z\" \/>\n\t\t\t<\/svg>\n\t\t<\/button><\/figure>\n\n\n\n<h3 class=\"wp-block-heading\"><span class=\"ez-toc-section\" id=\"51_Emser_Therme_Bad_Ems\"><\/span>51. Emser Therme (Bad Ems)<span class=\"ez-toc-section-end\"><\/span><\/h3>\n\n\n\n<p class=\"wp-block-paragraph\">Dieses wundersch\u00f6ne Bad liegt direkt am Ufer des Flusses Lahn und bietet dir <strong>6.600 Quadratmeter Entspannungsfl\u00e4che<\/strong>. Du findest hier eine weitl\u00e4ufige Thermenlandschaft, einen Saunapark, eine Wellnessgalerie, ein Fitness-Panorama und das Restaurant Halberts. Die Emser Therme ist einfach eine riesige und komplexe Erholungswelt, wo du ruhig einen ganzen Tag verbringst und immer noch etwas zu entdecken hast.<\/p>\n\n\n\n<p class=\"wp-block-paragraph\">Wasservergn\u00fcgen genie\u00dft du auf <strong>\u00fcber 700 Quadratmetern Wasserfl\u00e4che<\/strong>. Das Haupt-Innen-Thermalbecken empf\u00e4ngt dich mit einer Temperatur von 33 \u00b0C, aber gleich daran schlie\u00dft eine noch w\u00e4rmere Zone mit 36 \u00b0C an. Schwimmen kann man auch drau\u00dfen, wo das Wasser 32 bis 35 \u00b0C hat und dir einen sch\u00f6nen Blick auf den Fluss bietet. F\u00fcr aktivere Schwimmer verbirgt das Areal dann ein <strong>Sportbecken mit 24 bis 28 \u00b0C<\/strong> und ein spezielles Becken f\u00fcr Bewegungsaktivit\u00e4ten.<\/p>\n\n\n\n<p class=\"wp-block-paragraph\">Liebhaber des Schwitzens werden vom riesigen Areal begeistert sein, das \u00fcber <strong>1.000 Quadratmeter Platz zum Saunieren<\/strong> bietet. Es ist einfach ein optimaler Ort f\u00fcr tiefe Regeneration von K\u00f6rper und Geist. Zum Sauna-Abh\u00e4rten nutzt du das hei\u00dfe Becken mit 38 \u00b0C und k\u00fchlst dich anschlie\u00dfend schnell im achtzehngradigen Eiswasser ab. <strong>\ud83d\udca1 Tipp:<\/strong> Wenn dich nach dem Schwimmen der Hunger \u00fcberkommt, probiere gleich das lokale Restaurant Halberts, damit du das Areal tags\u00fcber gar nicht verlassen musst.<\/p>\n\n\n\n<figure data-wp-context=\"{&quot;imageId&quot;:&quot;6a9c73e08247f&quot;}\" data-wp-interactive=\"core\/image\" data-wp-key=\"6a9c73e08247f\" class=\"wp-block-image size-full wp-lightbox-container\"><img decoding=\"async\" width=\"1800\" height=\"1350\" data-wp-class--hide=\"state.isContentHidden\" data-wp-class--show=\"state.isContentVisible\" data-wp-init=\"callbacks.setButtonStyles\" data-wp-on--click=\"actions.showLightbox\" data-wp-on--load=\"callbacks.setButtonStyles\" data-wp-on--pointerdown=\"actions.preloadImage\" data-wp-on--pointerenter=\"actions.preloadImageWithDelay\" data-wp-on--pointerleave=\"actions.cancelPreload\" data-wp-on-window--resize=\"callbacks.setButtonStyles\" src=\"https:\/\/loudavymkrokem.cz\/wp-content\/uploads\/2026\/09\/nemecko-clanky-termaly-nemecko-64-23e551d5-1.jpg\" alt=\"Saunagarten des vabali spa in Berlin\" class=\"wp-image-415441\" title=\"\" srcset=\"https:\/\/loudavymkrokem.cz\/wp-content\/uploads\/2026\/09\/nemecko-clanky-termaly-nemecko-64-23e551d5-1.jpg 1800w, https:\/\/loudavymkrokem.cz\/wp-content\/uploads\/2026\/09\/nemecko-clanky-termaly-nemecko-64-23e551d5-1-300x225.jpg 300w, https:\/\/loudavymkrokem.cz\/wp-content\/uploads\/2026\/09\/nemecko-clanky-termaly-nemecko-64-23e551d5-1-700x525.jpg 700w, https:\/\/loudavymkrokem.cz\/wp-content\/uploads\/2026\/09\/nemecko-clanky-termaly-nemecko-64-23e551d5-1-768x576.jpg 768w, https:\/\/loudavymkrokem.cz\/wp-content\/uploads\/2026\/09\/nemecko-clanky-termaly-nemecko-64-23e551d5-1-1536x1152.jpg 1536w, https:\/\/loudavymkrokem.cz\/wp-content\/uploads\/2026\/09\/nemecko-clanky-termaly-nemecko-64-23e551d5-1-80x60.jpg 80w, https:\/\/loudavymkrokem.cz\/wp-content\/uploads\/2026\/09\/nemecko-clanky-termaly-nemecko-64-23e551d5-1-160x120.jpg 160w, https:\/\/loudavymkrokem.cz\/wp-content\/uploads\/2026\/09\/nemecko-clanky-termaly-nemecko-64-23e551d5-1-696x522.jpg 696w, https:\/\/loudavymkrokem.cz\/wp-content\/uploads\/2026\/09\/nemecko-clanky-termaly-nemecko-64-23e551d5-1-1392x1044.jpg 1392w\" sizes=\"(max-width: 1800px) 100vw, 1800px\" \/><button\n\t\t\tclass=\"lightbox-trigger\"\n\t\t\ttype=\"button\"\n\t\t\taria-haspopup=\"dialog\"\n\t\t\tdata-wp-bind--aria-label=\"state.thisImage.triggerButtonAriaLabel\"\n\t\t\tdata-wp-init=\"callbacks.initTriggerButton\"\n\t\t\tdata-wp-on--click=\"actions.showLightbox\"\n\t\t\tdata-wp-style--right=\"state.thisImage.buttonRight\"\n\t\t\tdata-wp-style--top=\"state.thisImage.buttonTop\"\n\t\t>\n\t\t\t<svg xmlns=\"http:\/\/www.w3.org\/2000\/svg\" width=\"12\" height=\"12\" fill=\"none\" viewBox=\"0 0 12 12\">\n\t\t\t\t<path fill=\"#fff\" d=\"M2 0a2 2 0 0 0-2 2v2h1.5V2a.5.5 0 0 1 .5-.5h2V0H2Zm2 10.5H2a.5.5 0 0 1-.5-.5V8H0v2a2 2 0 0 0 2 2h2v-1.5ZM8 12v-1.5h2a.5.5 0 0 0 .5-.5V8H12v2a2 2 0 0 1-2 2H8Zm2-12a2 2 0 0 1 2 2v2h-1.5V2a.5.5 0 0 0-.5-.5H8V0h2Z\" \/>\n\t\t\t<\/svg>\n\t\t<\/button><\/figure>\n\n\n\n<h2 class=\"wp-block-heading\"><span class=\"ez-toc-section\" id=\"Praktischer_Ratgeber_was_mitnehmen_mit_Kindern_und_Bargeld\"><\/span>Praktischer Ratgeber: was mitnehmen, mit Kindern und Bargeld<span class=\"ez-toc-section-end\"><\/span><\/h2>\n\n\n\n<p class=\"wp-block-paragraph\">Bevor du losf\u00e4hrst, pack ein <strong>gro\u00dfes Handtuch als Unterlage f\u00fcr die Sauna<\/strong> ein, denn in Deutschland saunt man grunds\u00e4tzlich ohne Badekleidung, und das Handtuch muss unter dem ganzen K\u00f6rper liegen. F\u00fcr den Weg zwischen den Becken eignen sich Badeschuhe und f\u00fcrs Baden selbst nat\u00fcrlich Badekleidung. Die Leihe von Bademantel oder Handtuch vor Ort ist fast \u00fcberall gegen Geb\u00fchr, zum Beispiel in der Thermen &#038; Badewelt Sinsheim <strong>zahlst du f\u00fcr den Bademantel 9 \u20ac und weitere 40 \u20ac als Pfand<\/strong>. In der Kristalltherme Bad Wilsnack kosten dich Handtuch mit Bademantel 12 \u20ac, und dazu halte 15 \u20ac Pfand bereit.<\/p>\n\n\n\n<p class=\"wp-block-paragraph\">Das Portemonnaie kannst du ruhig im Schlie\u00dffach lassen, denn drinnen wird <strong>mit einem Chip oder Armband bezahlt<\/strong>, das du am Eingang bekommst. Die Rechnung f\u00fcrs Essen und m\u00f6gliche Nachzahlungen f\u00fcr l\u00e4ngeren Aufenthalt begleichst du erst am Ende an der Ausgangskasse, wobei manche Areale Kreditlimits eingerichtet haben, wie etwa Titania Neus\u00e4\u00df mit einem Limit von 50 \u20ac pro Erwachsenem. <strong>\ud83d\udca1 Tipp:<\/strong> Wenn du Thermen \u00f6fter besuchst, frag nach Prepaid-Karten, denn etwa in Sinsheim bekommst du mit einem Guthaben von 150 \u20ac gleich 5 % Rabatt auf den Eintritt.<\/p>\n\n\n\n<p class=\"wp-block-paragraph\">Das Parken ist bei den meisten Arealen mit gro\u00dfz\u00fcgigen Parkpl\u00e4tzen gel\u00f6st, wobei manche Orte auch an Wohnmobile denken, was zum Beispiel die Adelindis Therme Bad Buchau bietet. In den Carolus Thermen Aachen <strong>zahlst du f\u00fcr die Garage eine Pauschale von 6 \u20ac<\/strong> f\u00fcr die gesamte Besuchsdauer und gelangst bequem trockenen Fu\u00dfes zu den Becken.<\/p>\n\n\n\n<p class=\"wp-block-paragraph\">Willst du Ruhe? Dann <strong>meide Wochenenden, Feiertage und deutsche Schulferien<\/strong>, wenn es \u00fcberall nicht nur am vollsten ist, sondern oft auch Wochenendzuschl\u00e4ge im Bereich von 1,50 bis 5 \u20ac f\u00e4llig werden. Manche Areale, wie die VitaSol Therme Bad Salzuflen, <strong>zeigen sogar auf der Website die aktuelle Auslastung<\/strong>, sodass du vor der Abfahrt freie Pl\u00e4tze pr\u00fcfen kannst. In der Spreewald Therme Burg kannst du dann f\u00fcr 7,50 \u20ac eine bestimmte Liege in der Ruhezone f\u00fcr den ganzen Tag reservieren und so deinen Platz sichern.<\/p>\n\n\n\n<p class=\"wp-block-paragraph\">Familien mit Kindern sollten vorher sorgf\u00e4ltig w\u00e4hlen, denn <strong>manche Areale haben strenge Altersgrenzen<\/strong> und setzen eher auf stille Erholung Erwachsener. In die Thermen &#038; Badewelt Sinsheim l\u00e4sst man dich erst ab 16 Jahren, und etwa die Mineraltherme B\u00f6blingen l\u00e4sst Kinder unter f\u00fcnf Jahren nicht rein. In der Therme Erding oder in Titania Neus\u00e4\u00df mit g\u00fcnstigen Familientarifen dagegen <strong>toben sich Kinder auf Rutschen und im Wellenbad nach Herzenslust aus<\/strong>.<\/p>\n\n\n\n<p class=\"wp-block-paragraph\">Vor der Fahrt selbst empfehle ich dir, die <strong>aktuelle Preisliste f\u00fcr 2026<\/strong> und m\u00f6gliche technische Sperrungen direkt auf der Website des gew\u00e4hlten Bades zu pr\u00fcfen. So vermeidest du unn\u00f6tige Entt\u00e4uschung vor Ort, denn zum Beispiel das Au\u00dfen-Thermalbecken in der Bodensee-Therme Konstanz wird bis zum 25. September 2026 \u00fcberholt. Genauso gut ist es zu wissen, dass <strong>in der D\u00fcnen-Therme St. Peter-Ording derzeit das Wellenbad au\u00dfer Betrieb<\/strong> ist und die beliebte Turbo-Rutsche.<\/p>\n\n\n\n<h2 class=\"wp-block-heading\"><span class=\"ez-toc-section\" id=\"Wohin_weiter_weitere_Artikel_ueber_Thermen_und_Wellness\"><\/span>Wohin weiter: weitere Artikel \u00fcber Thermen und Wellness<span class=\"ez-toc-section-end\"><\/span><\/h2>\n\n\n\n<ul class=\"wp-block-list\">\n\n<li><strong><a href=\"https:\/\/loudavymkrokem.cz\/de\/wellness-hotels-deutschland\/\">Wellnesshotels in Deutschland<\/a><\/strong> &#8211; schau dir unsere Tipps f\u00fcr die besten Orte zum Entspannen an.<\/li>\n\n\n\n<li><strong><a href=\"https:\/\/loudavymkrokem.cz\/de\/aquaparks-deutschland\/\">Die besten Erlebnisb\u00e4der in Deutschland<\/a><\/strong> &#8211; wenn du eher Adrenalin und Rutschen suchst, begeistern dich diese Orte.<\/li>\n\n\n\n<li><strong><a href=\"https:\/\/loudavymkrokem.cz\/de\/thermalbaeder-tschechien\/\">Die besten Thermen und Thermalb\u00e4der in Tschechien<\/a><\/strong> &#8211; entdecke die sch\u00f6nsten tschechischen Areale.<\/li>\n\n\n\n<li><strong><a href=\"https:\/\/loudavymkrokem.cz\/de\/thermalbaeder-slowakei\/\">Thermen in der Slowakei<\/a><\/strong> &#8211; erfahre, wohin du f\u00fcr hei\u00dfe Quellen und Erholung in die Slowakei fahren kannst.<\/li>\n\n\n\n<li><strong><a href=\"https:\/\/loudavymkrokem.cz\/de\/wellness-hotel-osterreich\/\">Wellnesshotels in \u00d6sterreich<\/a><\/strong> &#8211; lass dich von wundersch\u00f6nen \u00f6sterreichischen Hotels inspirieren, die Berge und luxuri\u00f6se Pflege verbinden.<\/li>\n\n\n\n<li><strong><a href=\"https:\/\/loudavymkrokem.cz\/de\/schloss-neuschwanstein-deutschland\/\">Schloss Neuschwanstein<\/a><\/strong> &#8211; lies \u00fcber das m\u00e4rchenhafte Schloss, denn die K\u00f6nigliche Kristall-Therme in Schwangau steht direkt darunter.<\/li>\n\n\n<\/ul>\n\n\n\n<h2 class=\"wp-block-heading\"><span class=\"ez-toc-section\" id=\"Haeufig_gestellte_Fragen\"><\/span>H\u00e4ufig gestellte Fragen<span class=\"ez-toc-section-end\"><\/span><\/h2>\n\n\n\n<p class=\"wp-block-paragraph\">Hast du zum Besuch der deutschen B\u00e4der noch erg\u00e4nzende Fragen? Ich habe f\u00fcr dich eine Zusammenfassung der h\u00e4ufigsten Fragen vorbereitet, die dir die Planung deiner Reise erleichtern.<\/p>\n\n\n<div id=\"rank-math-faq\" class=\"rank-math-block\">\n<div class=\"rank-math-list \">\n<div id=\"faq-question-1788420581000\" class=\"rank-math-list-item\">\n<h3 class=\"rank-math-question \"><span class=\"ez-toc-section\" id=\"Was_ist_die_groesste_Therme_in_Deutschland\"><\/span>Was ist die gr\u00f6\u00dfte Therme in Deutschland?<span class=\"ez-toc-section-end\"><\/span><\/h3>\n<div class=\"rank-math-answer \">\n\n<p>Den Titel der gr\u00f6\u00dften Therme in Deutschland tr\u00e4gt die Therme Erding. Laut offizieller Website findest du dort 40 Becken, 38 Saunen und Dampfb\u00e4der sowie 28 Rutschen mit einer Gesamtl\u00e4nge von \u00fcber 2.850 Metern. Es ist ein riesiger Komplex, der sich \u00fcber eine enorme Fl\u00e4che erstreckt und einen ganzen Tag voller Unterhaltung f\u00fcr Erwachsene und Kinder bietet.<\/p>\n\n<\/div>\n<\/div>\n<div id=\"faq-question-1788420581001\" class=\"rank-math-list-item\">\n<h3 class=\"rank-math-question \"><span class=\"ez-toc-section\" id=\"Was_kostet_der_Eintritt_in_eine_deutsche_Therme\"><\/span>Was kostet der Eintritt in eine deutsche Therme?<span class=\"ez-toc-section-end\"><\/span><\/h3>\n<div class=\"rank-math-answer \">\n\n<p>Das Preisniveau f\u00fcr 2026 liegt typischerweise zwischen 13 und 21 \u20ac f\u00fcr zwei Stunden Baden. F\u00fcr einen Tageseintritt zahlst du meist zwischen 18 und 37 \u20ac. Am teuersten in unserer \u00dcbersicht sind die Thermen Bad W\u00f6rishofen, wo eine Tageskarte 51 \u20ac kostet. Wenn du auch die Saunawelt besuchen m\u00f6chtest, rechne mit einem Aufpreis von etwa 5 bis 10 \u20ac.<\/p>\n\n<\/div>\n<\/div>\n<div id=\"faq-question-1788420581002\" class=\"rank-math-list-item\">\n<h3 class=\"rank-math-question \"><span class=\"ez-toc-section\" id=\"Muss_man_in_der_deutschen_Sauna_nackt_sein\"><\/span>Muss man in der deutschen Sauna nackt sein?<span class=\"ez-toc-section-end\"><\/span><\/h3>\n<div class=\"rank-math-answer \">\n\n<p>Ja, in deutschen Saunen geht man strikt ohne Badebekleidung. Vergiss daher nicht, ein gro\u00dfes Handtuch oder Badelaken mitzunehmen, denn du musst deinen gesamten K\u00f6rper einschlie\u00dflich der F\u00fc\u00dfe unterlegen. Wenn du dich sch\u00e4mst, kannst du dich in der Sauna einwickeln, aber in nasser Badebekleidung lassen dich die Bademeister aus hygienischen Gr\u00fcnden nicht hinein.<\/p>\n\n<\/div>\n<\/div>\n<div id=\"faq-question-1788420581003\" class=\"rank-math-list-item\">\n<h3 class=\"rank-math-question \"><span class=\"ez-toc-section\" id=\"Welche_deutschen_Thermen_liegen_am_naechsten_zur_tschechischen_Grenze\"><\/span>Welche deutschen Thermen liegen am n\u00e4chsten zur tschechischen Grenze?<span class=\"ez-toc-section-end\"><\/span><\/h3>\n<div class=\"rank-math-answer \">\n\n<p>Gleich hinter der Grenze in Bayern bei Cheb liegt das Sibyllenbad in Neualbenreuth, das zu den g\u00fcnstigsten geh\u00f6rt. Etwas hinter H\u0159ensko in der S\u00e4chsischen Schweiz findest du die Toskana Therme Bad Schandau mit dem bekannten Konzept der Unterwassermusik. Aus S\u00fcdbayern \u00fcber Passau erreichst du auch leicht die Thermen Bad F\u00fcssing und Bad Griesbach.<\/p>\n\n<\/div>\n<\/div>\n<div id=\"faq-question-1788420581004\" class=\"rank-math-list-item\">\n<h3 class=\"rank-math-question \"><span class=\"ez-toc-section\" id=\"Duerfen_Kinder_in_deutsche_Thermen\"><\/span>D\u00fcrfen Kinder in deutsche Thermen?<span class=\"ez-toc-section-end\"><\/span><\/h3>\n<div class=\"rank-math-answer \">\n\n<p>Das h\u00e4ngt von der jeweiligen Anlage ab, da viele sich eher auf Erwachsene konzentrieren. Zum Beispiel ist die Thermen &amp; Badewelt Sinsheim erst ab 16 Jahren zug\u00e4nglich und die Mineraltherme B\u00f6blingen l\u00e4sst keine Kinder unter 5 Jahren hinein. Dagegen sind die Therme Erding oder Titania Neus\u00e4\u00df wie geschaffen f\u00fcr Familien mit Kindern und bieten Familientarife sowie Attraktionen.<\/p>\n\n<\/div>\n<\/div>\n<div id=\"faq-question-1788420581005\" class=\"rank-math-list-item\">\n<h3 class=\"rank-math-question \"><span class=\"ez-toc-section\" id=\"Was_bedeutet_Bademantelgang\"><\/span>Was bedeutet Bademantelgang?<span class=\"ez-toc-section-end\"><\/span><\/h3>\n<div class=\"rank-math-answer \">\n\n<p>Das Wort Bademantelgang bezeichnet einen beheizten Gang, der ausgew\u00e4hlte Unterk\u00fcnfte direkt mit der Thermenanlage verbindet. Dadurch kannst du dich bereits in der Gem\u00fctlichkeit deines Hotelzimmers in Badebekleidung und Bademantel umziehen und quasi trockenen Fu\u00dfes zu den Becken gelangen. Du brauchst somit keine Gemeinschaftsumkleiden und Schlie\u00dff\u00e4cher in der Therme zu nutzen.<\/p>\n\n<\/div>\n<\/div>\n<div id=\"faq-question-1788420581006\" class=\"rank-math-list-item\">\n<h3 class=\"rank-math-question \"><span class=\"ez-toc-section\" id=\"Muss_ich_ein_eigenes_Handtuch_und_einen_Bademantel_mitbringen\"><\/span>Muss ich ein eigenes Handtuch und einen Bademantel mitbringen?<span class=\"ez-toc-section-end\"><\/span><\/h3>\n<div class=\"rank-math-answer \">\n\n<p>Bring eigene Ausr\u00fcstung mit, denn das Ausleihen von Bademantel und Handtuch ist in deutschen Thermen fast immer kostenpflichtig und erfordert eine Kaution. Zum Beispiel zahlst du in der Kristalltherme Bad Wilsnack 5 \u20ac f\u00fcr ein Handtuch und 7 \u20ac f\u00fcr einen Mantel, wobei du zus\u00e4tzlich noch 15 \u20ac Kaution hinterlegen musst. So w\u00fcrde sich dein Besuch unn\u00f6tig verteuern.<\/p>\n\n<\/div>\n<\/div>\n<div id=\"faq-question-1788420581007\" class=\"rank-math-list-item\">\n<h3 class=\"rank-math-question \"><span class=\"ez-toc-section\" id=\"Wann_sind_die_deutschen_Thermen_am_wenigsten_besucht\"><\/span>Wann sind die deutschen Thermen am wenigsten besucht?<span class=\"ez-toc-section-end\"><\/span><\/h3>\n<div class=\"rank-math-answer \">\n\n<p>Die meiste Ruhe genie\u00dft du an Wochentagen, idealerweise direkt nach der morgendlichen \u00d6ffnung oder in den Abendstunden. Vermeide auf jeden Fall Wochenenden, Feiertage und die Termine der deutschen Schulferien. Viele Thermen erheben zudem an Wochenenden Zuschl\u00e4ge auf den Eintrittspreis, \u00fcblicherweise zwischen 1,50 und 5 \u20ac, sodass du mit einem Besuch an Wochentagen auch noch sparst.<\/p>\n\n<\/div>\n<\/div>\n<div id=\"faq-question-1788420581008\" class=\"rank-math-list-item\">\n<h3 class=\"rank-math-question \"><span class=\"ez-toc-section\" id=\"Wird_in_Deutschland_eine_Kurtaxe_erhoben\"><\/span>Wird in Deutschland eine Kurtaxe erhoben?<span class=\"ez-toc-section-end\"><\/span><\/h3>\n<div class=\"rank-math-answer \">\n\n<p>Ja, wenn du dich in einem traditionellen Kurort einquartierst, zahlst du eine Kurtaxe beziehungsweise einen Kurbeitrag. Im Gegenzug erh\u00e4ltst du aber meist eine G\u00e4stekarte, die dir Erm\u00e4\u00dfigungen auf Eintritte sichert. Zum Beispiel haben G\u00e4ste, die in der Umgebung der Havel Therme Werder \u00fcbernachten, an Wochentagen Anspruch auf erm\u00e4\u00dfigten Eintritt \u2013 einfach die Karte an der Kasse vorzeigen.<\/p>\n\n<\/div>\n<\/div>\n<div id=\"faq-question-1788420581009\" class=\"rank-math-list-item\">\n<h3 class=\"rank-math-question \"><span class=\"ez-toc-section\" id=\"Welche_deutsche_Therme_eignet_sich_am_besten_fuer_Familien_mit_Kindern\"><\/span>Welche deutsche Therme eignet sich am besten f\u00fcr Familien mit Kindern?<span class=\"ez-toc-section-end\"><\/span><\/h3>\n<div class=\"rank-math-answer \">\n\n<p>Die eindeutig beste Wahl f\u00fcr Familien ist die Therme Erding, wo sich Kinder auf 28 Rutschen und im gro\u00dfen Wellenbad austoben k\u00f6nnen. Gro\u00dfartig sind auch die Spreewelten Bad L\u00fcbbenau, wo du durch eine Glaswand im Becken lebende Pinguine beobachten kannst. Hervorragende Bedingungen bieten auch Titania Neus\u00e4\u00df oder die D\u00fcnen-Therme St. Peter-Ording, die g\u00fcnstige Kindertarife bereithalten.<\/p>\n\n<\/div>\n<\/div>\n<\/div>\n<\/div>","protected":false},"excerpt":{"rendered":"<p>Kompletter \u00dcberblick \u00fcber 51 deutsche Thermalb\u00e4der nach Bundesl\u00e4ndern: Preise 2026, wo man ohne Badekleidung geht und wo man direkt am Becken \u00fcbernachtet.<\/p>\n","protected":false},"author":3,"featured_media":415526,"comment_status":"open","ping_status":"open","sticky":false,"template":"","format":"standard","meta":{"_acf_changed":false,"footnotes":"","rank_math_title":"Thermalb\u00e4der Deutschland: 51 beste Tipps 2026","rank_math_description":"Die besten Thermalb\u00e4der in Deutschland: 51 Thermen nach Bundesl\u00e4ndern, Preise 2026, Saunaetikette & Hotels mit Bademantelgang. Jetzt entdecken und relaxen!","rank_math_focus_keyword":"thermalb\u00e4der deutschland","rank_math_seo_score":""},"categories":[457,456,451],"tags":[],"class_list":["post-418053","post","type-post","status-publish","format-standard","has-post-thumbnail","category-deutschland","category-europa","category-reisen"],"acf":[],"featured_image_src":"https:\/\/loudavymkrokem.cz\/wp-content\/uploads\/2026\/09\/nemecko-clanky-termaly-nemecko-featured-c2c297a7.jpg","author_info":{"display_name":"Lucie Kone\u010dn\u00e1","author_link":"https:\/\/loudavymkrokem.cz\/de\/author\/lucie-konecna\/"},"_links":{"self":[{"href":"https:\/\/loudavymkrokem.cz\/de\/wp-json\/wp\/v2\/posts\/418053","targetHints":{"allow":["GET"]}}],"collection":[{"href":"https:\/\/loudavymkrokem.cz\/de\/wp-json\/wp\/v2\/posts"}],"about":[{"href":"https:\/\/loudavymkrokem.cz\/de\/wp-json\/wp\/v2\/types\/post"}],"author":[{"embeddable":true,"href":"https:\/\/loudavymkrokem.cz\/de\/wp-json\/wp\/v2\/users\/3"}],"replies":[{"embeddable":true,"href":"https:\/\/loudavymkrokem.cz\/de\/wp-json\/wp\/v2\/comments?post=418053"}],"version-history":[{"count":2,"href":"https:\/\/loudavymkrokem.cz\/de\/wp-json\/wp\/v2\/posts\/418053\/revisions"}],"predecessor-version":[{"id":418055,"href":"https:\/\/loudavymkrokem.cz\/de\/wp-json\/wp\/v2\/posts\/418053\/revisions\/418055"}],"wp:featuredmedia":[{"embeddable":true,"href":"https:\/\/loudavymkrokem.cz\/de\/wp-json\/wp\/v2\/media\/415526"}],"wp:attachment":[{"href":"https:\/\/loudavymkrokem.cz\/de\/wp-json\/wp\/v2\/media?parent=418053"}],"wp:term":[{"taxonomy":"category","embeddable":true,"href":"https:\/\/loudavymkrokem.cz\/de\/wp-json\/wp\/v2\/categories?post=418053"},{"taxonomy":"post_tag","embeddable":true,"href":"https:\/\/loudavymkrokem.cz\/de\/wp-json\/wp\/v2\/tags?post=418053"}],"curies":[{"name":"wp","href":"https:\/\/api.w.org\/{rel}","templated":true}]}}