{"id":418030,"date":"2026-09-04T20:50:25","date_gmt":"2026-09-04T18:50:25","guid":{"rendered":"https:\/\/loudavymkrokem.cz\/strassburg-frankreich-sehenswuerdigkeiten\/"},"modified":"2026-09-05T19:39:41","modified_gmt":"2026-09-05T17:39:41","slug":"strassburg-frankreich-sehenswuerdigkeiten","status":"publish","type":"post","link":"https:\/\/loudavymkrokem.cz\/de\/strassburg-frankreich-sehenswuerdigkeiten\/","title":{"rendered":"Stra\u00dfburg, Frankreich: 18 Tipps, was du sehen und erleben solltest"},"content":{"rendered":"\n<p class=\"wp-block-paragraph\">Stra\u00dfburg in Frankreich verbinden die meisten sofort mit dem Duft von Gl\u00fchwein und einem Meer aus festlichen Lichtern \u2013 dabei hat diese Stadt auch in den \u00fcbrigen elf Monaten des Jahres jede Menge zu bieten. W\u00e4hrend sie im Dezember aus allen N\u00e4hten platzt und die Preise in die H\u00f6he schie\u00dfen, verwandelt sie sich au\u00dferhalb der Adventszeit in ein ruhigeres und deutlich g\u00fcnstigeres Reiseziel, in dem franz\u00f6sische Eleganz auf deutsche Pr\u00e4zision trifft. Im vergangenen Jahrhundert wechselte die Stadt gleich viermal ihre Staatszugeh\u00f6rigkeit, was unausl\u00f6schliche Spuren in der Architektur, der lokalen Sprache und der hervorragenden Gastronomie hinterlassen hat.<\/p>\n\n\n\n<p class=\"wp-block-paragraph\">Du findest hier ein <strong>historisches UNESCO-Viertel<\/strong>, eine monumentale gotische Kathedrale und die modernen Glasbauten des Europ\u00e4ischen Parlaments, die zusammen eine absolut einzigartige Atmosph\u00e4re schaffen. Du kannst durch die malerischen Gassen voller Fachwerkh\u00e4user schlendern, den Booten auf den Wasserkan\u00e4len zusehen oder dich einfach in ein Caf\u00e9 setzen und diese unglaubliche Gelassenheit ganz ohne Touristenmassen genie\u00dfen. Stra\u00dfburg ist schlicht eine Stadt mit zwei Identit\u00e4ten, die dich auf Schritt und Tritt \u00fcberrascht.<\/p>\n\n\n\n<p class=\"wp-block-paragraph\">Wenn du den idealen Ort f\u00fcr ein langes Wochenende suchst, an dem sich Geschichte mit pulsierendem modernem Leben verbindet, hast du ihn gerade gefunden. Ich habe f\u00fcr dich einen ausf\u00fchrlichen Reisef\u00fchrer vorbereitet, der dir die gr\u00f6\u00dften Sch\u00e4tze der Stadt zeigt und dir verr\u00e4t, wie du deinen Besuch in vollen Z\u00fcgen genie\u00dft \u2013 ganz egal, zu welcher Jahreszeit du herkommst.<\/p>\n\n\n\n<figure data-wp-context=\"{&quot;imageId&quot;:&quot;6a9c7c4b83941&quot;}\" data-wp-interactive=\"core\/image\" data-wp-key=\"6a9c7c4b83941\" class=\"wp-block-image size-full wp-lightbox-container\"><img decoding=\"async\" width=\"1920\" height=\"2454\" data-wp-class--hide=\"state.isContentHidden\" data-wp-class--show=\"state.isContentVisible\" data-wp-init=\"callbacks.setButtonStyles\" data-wp-on--click=\"actions.showLightbox\" data-wp-on--load=\"callbacks.setButtonStyles\" data-wp-on--pointerdown=\"actions.preloadImage\" data-wp-on--pointerenter=\"actions.preloadImageWithDelay\" data-wp-on--pointerleave=\"actions.cancelPreload\" data-wp-on-window--resize=\"callbacks.setButtonStyles\" src=\"https:\/\/loudavymkrokem.cz\/wp-content\/uploads\/2026\/09\/katedrala-notre-dame-ve-strasburku-af4b864e.jpg\" alt=\"Kathedrale Notre-Dame in Stra\u00dfburg\" class=\"wp-image-413376\" title=\"\" srcset=\"https:\/\/loudavymkrokem.cz\/wp-content\/uploads\/2026\/09\/katedrala-notre-dame-ve-strasburku-af4b864e.jpg 1920w, https:\/\/loudavymkrokem.cz\/wp-content\/uploads\/2026\/09\/katedrala-notre-dame-ve-strasburku-af4b864e-235x300.jpg 235w, https:\/\/loudavymkrokem.cz\/wp-content\/uploads\/2026\/09\/katedrala-notre-dame-ve-strasburku-af4b864e-700x895.jpg 700w, https:\/\/loudavymkrokem.cz\/wp-content\/uploads\/2026\/09\/katedrala-notre-dame-ve-strasburku-af4b864e-768x982.jpg 768w, https:\/\/loudavymkrokem.cz\/wp-content\/uploads\/2026\/09\/katedrala-notre-dame-ve-strasburku-af4b864e-1202x1536.jpg 1202w, https:\/\/loudavymkrokem.cz\/wp-content\/uploads\/2026\/09\/katedrala-notre-dame-ve-strasburku-af4b864e-1602x2048.jpg 1602w, https:\/\/loudavymkrokem.cz\/wp-content\/uploads\/2026\/09\/katedrala-notre-dame-ve-strasburku-af4b864e-696x890.jpg 696w, https:\/\/loudavymkrokem.cz\/wp-content\/uploads\/2026\/09\/katedrala-notre-dame-ve-strasburku-af4b864e-1392x1779.jpg 1392w\" sizes=\"(max-width: 1920px) 100vw, 1920px\" \/><button\n\t\t\tclass=\"lightbox-trigger\"\n\t\t\ttype=\"button\"\n\t\t\taria-haspopup=\"dialog\"\n\t\t\tdata-wp-bind--aria-label=\"state.thisImage.triggerButtonAriaLabel\"\n\t\t\tdata-wp-init=\"callbacks.initTriggerButton\"\n\t\t\tdata-wp-on--click=\"actions.showLightbox\"\n\t\t\tdata-wp-style--right=\"state.thisImage.buttonRight\"\n\t\t\tdata-wp-style--top=\"state.thisImage.buttonTop\"\n\t\t>\n\t\t\t<svg xmlns=\"http:\/\/www.w3.org\/2000\/svg\" width=\"12\" height=\"12\" fill=\"none\" viewBox=\"0 0 12 12\">\n\t\t\t\t<path fill=\"#fff\" d=\"M2 0a2 2 0 0 0-2 2v2h1.5V2a.5.5 0 0 1 .5-.5h2V0H2Zm2 10.5H2a.5.5 0 0 1-.5-.5V8H0v2a2 2 0 0 0 2 2h2v-1.5ZM8 12v-1.5h2a.5.5 0 0 0 .5-.5V8H12v2a2 2 0 0 1-2 2H8Zm2-12a2 2 0 0 1 2 2v2h-1.5V2a.5.5 0 0 0-.5-.5H8V0h2Z\" \/>\n\t\t\t<\/svg>\n\t\t<\/button><figcaption class=\"wp-element-caption\">Foto: Diliff \/ Wikimedia Commons, CC BY-SA 3.0<\/figcaption><\/figure>\n\n\n\n<div id=\"ez-toc-container\" class=\"ez-toc-v2_0_87 ez-toc-wrap-left counter-hierarchy ez-toc-counter ez-toc-grey ez-toc-container-direction\">\n<div class=\"ez-toc-title-container\">\n<p class=\"ez-toc-title\" style=\"cursor:inherit\">Artikelinhalt<\/p>\n<span class=\"ez-toc-title-toggle\"><a href=\"#\" class=\"ez-toc-pull-right ez-toc-btn ez-toc-btn-xs ez-toc-btn-default ez-toc-toggle\" aria-label=\"Toggle Table of Content\"><span class=\"ez-toc-js-icon-con\"><span class=\"\"><span class=\"eztoc-hide\" style=\"display:none;\">Toggle<\/span><span class=\"ez-toc-icon-toggle-span\"><svg style=\"fill: #999;color:#999\" xmlns=\"http:\/\/www.w3.org\/2000\/svg\" class=\"list-377408\" width=\"20px\" height=\"20px\" viewBox=\"0 0 24 24\" fill=\"none\"><path d=\"M6 6H4v2h2V6zm14 0H8v2h12V6zM4 11h2v2H4v-2zm16 0H8v2h12v-2zM4 16h2v2H4v-2zm16 0H8v2h12v-2z\" fill=\"currentColor\"><\/path><\/svg><svg style=\"fill: #999;color:#999\" class=\"arrow-unsorted-368013\" xmlns=\"http:\/\/www.w3.org\/2000\/svg\" width=\"10px\" height=\"10px\" viewBox=\"0 0 24 24\" version=\"1.2\" baseProfile=\"tiny\"><path d=\"M18.2 9.3l-6.2-6.3-6.2 6.3c-.2.2-.3.4-.3.7s.1.5.3.7c.2.2.4.3.7.3h11c.3 0 .5-.1.7-.3.2-.2.3-.5.3-.7s-.1-.5-.3-.7zM5.8 14.7l6.2 6.3 6.2-6.3c.2-.2.3-.5.3-.7s-.1-.5-.3-.7c-.2-.2-.4-.3-.7-.3h-11c-.3 0-.5.1-.7.3-.2.2-.3.5-.3.7s.1.5.3.7z\"\/><\/svg><\/span><\/span><\/span><\/a><\/span><\/div>\n<nav><ul class='ez-toc-list ez-toc-list-level-1 ' ><ul class='ez-toc-list-level-3' ><li class='ez-toc-heading-level-3'><a class=\"ez-toc-link ez-toc-heading-1\" href=\"https:\/\/loudavymkrokem.cz\/de\/strassburg-frankreich-sehenswuerdigkeiten\/#Zusammenfassung_fuer_alle_die_keine_Zeit_haben_den_ganzen_Artikel_zu_lesen\" >Zusammenfassung f\u00fcr alle, die keine Zeit haben, den ganzen Artikel zu lesen<\/a><\/li><\/ul><\/li><li class='ez-toc-page-1 ez-toc-heading-level-2'><a class=\"ez-toc-link ez-toc-heading-2\" href=\"https:\/\/loudavymkrokem.cz\/de\/strassburg-frankreich-sehenswuerdigkeiten\/#Wann_du_nach_Strassburg_reisen_solltest\" >Wann du nach Stra\u00dfburg reisen solltest<\/a><\/li><li class='ez-toc-page-1 ez-toc-heading-level-2'><a class=\"ez-toc-link ez-toc-heading-3\" href=\"https:\/\/loudavymkrokem.cz\/de\/strassburg-frankreich-sehenswuerdigkeiten\/#Wo_du_in_Strassburg_uebernachten_solltest\" >Wo du in Stra\u00dfburg \u00fcbernachten solltest<\/a><\/li><li class='ez-toc-page-1 ez-toc-heading-level-2'><a class=\"ez-toc-link ez-toc-heading-4\" href=\"https:\/\/loudavymkrokem.cz\/de\/strassburg-frankreich-sehenswuerdigkeiten\/#18_Tipps_was_du_in_Strassburg_Frankreich_sehen_und_erleben_solltest\" >18 Tipps, was du in Stra\u00dfburg, Frankreich sehen und erleben solltest<\/a><ul class='ez-toc-list-level-3' ><li class='ez-toc-heading-level-3'><a class=\"ez-toc-link ez-toc-heading-5\" href=\"https:\/\/loudavymkrokem.cz\/de\/strassburg-frankreich-sehenswuerdigkeiten\/#1_Cathedrale_Notre-Dame-de-Strasbourg\" >1. Cath\u00e9drale Notre-Dame-de-Strasbourg<\/a><\/li><li class='ez-toc-page-1 ez-toc-heading-level-3'><a class=\"ez-toc-link ez-toc-heading-6\" href=\"https:\/\/loudavymkrokem.cz\/de\/strassburg-frankreich-sehenswuerdigkeiten\/#2_Astronomische_Uhr_aus_dem_16_Jahrhundert\" >2. Astronomische Uhr aus dem 16. Jahrhundert<\/a><\/li><li class='ez-toc-page-1 ez-toc-heading-level-3'><a class=\"ez-toc-link ez-toc-heading-7\" href=\"https:\/\/loudavymkrokem.cz\/de\/strassburg-frankreich-sehenswuerdigkeiten\/#3_Der_Aufstieg_zur_Aussichtsplattform_der_Kathedrale\" >3. Der Aufstieg zur Aussichtsplattform der Kathedrale<\/a><\/li><li class='ez-toc-page-1 ez-toc-heading-level-3'><a class=\"ez-toc-link ez-toc-heading-8\" href=\"https:\/\/loudavymkrokem.cz\/de\/strassburg-frankreich-sehenswuerdigkeiten\/#4_Petite_France\" >4. Petite France<\/a><\/li><li class='ez-toc-page-1 ez-toc-heading-level-3'><a class=\"ez-toc-link ez-toc-heading-9\" href=\"https:\/\/loudavymkrokem.cz\/de\/strassburg-frankreich-sehenswuerdigkeiten\/#5_Ponts_Couverts_de_Strasbourg\" >5. Ponts Couverts de Strasbourg<\/a><\/li><li class='ez-toc-page-1 ez-toc-heading-level-3'><a class=\"ez-toc-link ez-toc-heading-10\" href=\"https:\/\/loudavymkrokem.cz\/de\/strassburg-frankreich-sehenswuerdigkeiten\/#6_Barrage_Vauban\" >6. Barrage Vauban<\/a><\/li><li class='ez-toc-page-1 ez-toc-heading-level-3'><a class=\"ez-toc-link ez-toc-heading-11\" href=\"https:\/\/loudavymkrokem.cz\/de\/strassburg-frankreich-sehenswuerdigkeiten\/#7_Kanalfahrt_mit_Batorama\" >7. Kanalfahrt mit Batorama<\/a><\/li><li class='ez-toc-page-1 ez-toc-heading-level-3'><a class=\"ez-toc-link ez-toc-heading-12\" href=\"https:\/\/loudavymkrokem.cz\/de\/strassburg-frankreich-sehenswuerdigkeiten\/#8_Europaeisches_Parlament\" >8. Europ\u00e4isches Parlament<\/a><\/li><li class='ez-toc-page-1 ez-toc-heading-level-3'><a class=\"ez-toc-link ez-toc-heading-13\" href=\"https:\/\/loudavymkrokem.cz\/de\/strassburg-frankreich-sehenswuerdigkeiten\/#9_Parlamentarium_Simone_Veil\" >9. Parlamentarium Simone Veil<\/a><\/li><li class='ez-toc-page-1 ez-toc-heading-level-3'><a class=\"ez-toc-link ez-toc-heading-14\" href=\"https:\/\/loudavymkrokem.cz\/de\/strassburg-frankreich-sehenswuerdigkeiten\/#10_Europarat_und_Institutionenviertel\" >10. Europarat und Institutionenviertel<\/a><\/li><li class='ez-toc-page-1 ez-toc-heading-level-3'><a class=\"ez-toc-link ez-toc-heading-15\" href=\"https:\/\/loudavymkrokem.cz\/de\/strassburg-frankreich-sehenswuerdigkeiten\/#11_Grande_Ile_Erstes_UNESCO-Stadtviertel\" >11. Grande \u00cele (Erstes UNESCO-Stadtviertel)<\/a><\/li><li class='ez-toc-page-1 ez-toc-heading-level-3'><a class=\"ez-toc-link ez-toc-heading-16\" href=\"https:\/\/loudavymkrokem.cz\/de\/strassburg-frankreich-sehenswuerdigkeiten\/#12_Neustadt_Deutsches_Kaiserviertel\" >12. Neustadt (Deutsches Kaiserviertel)<\/a><\/li><li class='ez-toc-page-1 ez-toc-heading-level-3'><a class=\"ez-toc-link ez-toc-heading-17\" href=\"https:\/\/loudavymkrokem.cz\/de\/strassburg-frankreich-sehenswuerdigkeiten\/#13_Place_Kleber\" >13. Place Kl\u00e9ber<\/a><\/li><li class='ez-toc-page-1 ez-toc-heading-level-3'><a class=\"ez-toc-link ez-toc-heading-18\" href=\"https:\/\/loudavymkrokem.cz\/de\/strassburg-frankreich-sehenswuerdigkeiten\/#14_Parc_de_lOrangerie\" >14. Parc de l&#8217;Orangerie<\/a><\/li><li class='ez-toc-page-1 ez-toc-heading-level-3'><a class=\"ez-toc-link ez-toc-heading-19\" href=\"https:\/\/loudavymkrokem.cz\/de\/strassburg-frankreich-sehenswuerdigkeiten\/#15_Parc_de_lEtoile\" >15. Parc de l&#8217;\u00c9toile<\/a><\/li><li class='ez-toc-page-1 ez-toc-heading-level-3'><a class=\"ez-toc-link ez-toc-heading-20\" href=\"https:\/\/loudavymkrokem.cz\/de\/strassburg-frankreich-sehenswuerdigkeiten\/#16_Palais_Rohan\" >16. Palais Rohan<\/a><\/li><li class='ez-toc-page-1 ez-toc-heading-level-3'><a class=\"ez-toc-link ez-toc-heading-21\" href=\"https:\/\/loudavymkrokem.cz\/de\/strassburg-frankreich-sehenswuerdigkeiten\/#17_Strasbourg_Museum_of_Modern_and_Contemporary_Art_MAMCS\" >17. Strasbourg Museum of Modern and Contemporary Art (MAMCS)<\/a><\/li><li class='ez-toc-page-1 ez-toc-heading-level-3'><a class=\"ez-toc-link ez-toc-heading-22\" href=\"https:\/\/loudavymkrokem.cz\/de\/strassburg-frankreich-sehenswuerdigkeiten\/#18_Musee_Alsacien\" >18. Mus\u00e9e Alsacien<\/a><\/li><\/ul><\/li><li class='ez-toc-page-1 ez-toc-heading-level-2'><a class=\"ez-toc-link ez-toc-heading-23\" href=\"https:\/\/loudavymkrokem.cz\/de\/strassburg-frankreich-sehenswuerdigkeiten\/#Wohin_weiter_von_Strassburg_aus\" >Wohin weiter von Stra\u00dfburg aus<\/a><\/li><li class='ez-toc-page-1 ez-toc-heading-level-2'><a class=\"ez-toc-link ez-toc-heading-24\" href=\"https:\/\/loudavymkrokem.cz\/de\/strassburg-frankreich-sehenswuerdigkeiten\/#Haeufig_gestellte_Fragen\" >H\u00e4ufig gestellte Fragen<\/a><ul class='ez-toc-list-level-3' ><li class='ez-toc-heading-level-3'><a class=\"ez-toc-link ez-toc-heading-25\" href=\"https:\/\/loudavymkrokem.cz\/de\/strassburg-frankreich-sehenswuerdigkeiten\/#Wann_finden_die_Weihnachtsmaerkte_im_Jahr_2026_statt\" >Wann finden die Weihnachtsm\u00e4rkte im Jahr 2026 statt?<\/a><\/li><li class='ez-toc-page-1 ez-toc-heading-level-3'><a class=\"ez-toc-link ez-toc-heading-26\" href=\"https:\/\/loudavymkrokem.cz\/de\/strassburg-frankreich-sehenswuerdigkeiten\/#Wie_funktioniert_das_Park-and-Ride-System\" >Wie funktioniert das Park-and-Ride-System?<\/a><\/li><li class='ez-toc-page-1 ez-toc-heading-level-3'><a class=\"ez-toc-link ez-toc-heading-27\" href=\"https:\/\/loudavymkrokem.cz\/de\/strassburg-frankreich-sehenswuerdigkeiten\/#Wie_viele_Tage_sollte_man_fuer_einen_Besuch_der_Stadt_einplanen\" >Wie viele Tage sollte man f\u00fcr einen Besuch der Stadt einplanen?<\/a><\/li><li class='ez-toc-page-1 ez-toc-heading-level-3'><a class=\"ez-toc-link ez-toc-heading-28\" href=\"https:\/\/loudavymkrokem.cz\/de\/strassburg-frankreich-sehenswuerdigkeiten\/#Kosten_die_Fuehrungen_durch_das_Europaeische_Parlament_Eintritt\" >Kosten die F\u00fchrungen durch das Europ\u00e4ische Parlament Eintritt?<\/a><\/li><li class='ez-toc-page-1 ez-toc-heading-level-3'><a class=\"ez-toc-link ez-toc-heading-29\" href=\"https:\/\/loudavymkrokem.cz\/de\/strassburg-frankreich-sehenswuerdigkeiten\/#Wie_bewegt_man_sich_am_besten_im_Stadtzentrum_fort\" >Wie bewegt man sich am besten im Stadtzentrum fort?<\/a><\/li><li class='ez-toc-page-1 ez-toc-heading-level-3'><a class=\"ez-toc-link ez-toc-heading-30\" href=\"https:\/\/loudavymkrokem.cz\/de\/strassburg-frankreich-sehenswuerdigkeiten\/#Ist_Strassburg_eine_teure_Stadt\" >Ist Stra\u00dfburg eine teure Stadt?<\/a><\/li><li class='ez-toc-page-1 ez-toc-heading-level-3'><a class=\"ez-toc-link ez-toc-heading-31\" href=\"https:\/\/loudavymkrokem.cz\/de\/strassburg-frankreich-sehenswuerdigkeiten\/#Ist_die_Stadt_fuer_Vegetarier_geeignet\" >Ist die Stadt f\u00fcr Vegetarier geeignet?<\/a><\/li><li class='ez-toc-page-1 ez-toc-heading-level-3'><a class=\"ez-toc-link ez-toc-heading-32\" href=\"https:\/\/loudavymkrokem.cz\/de\/strassburg-frankreich-sehenswuerdigkeiten\/#Welche_Orte_sind_am_besten_zum_Fotografieren\" >Welche Orte sind am besten zum Fotografieren?<\/a><\/li><\/ul><\/li><\/ul><\/nav><\/div>\n<h3 class=\"wp-block-heading\"><span class=\"ez-toc-section\" id=\"Zusammenfassung_fuer_alle_die_keine_Zeit_haben_den_ganzen_Artikel_zu_lesen\"><\/span>Zusammenfassung f\u00fcr alle, die keine Zeit haben, den ganzen Artikel zu lesen<span class=\"ez-toc-section-end\"><\/span><\/h3>\n\n\n\n<ul class=\"wp-block-list\">\n\n<li><strong>Meistbesuchtes Denkmal:<\/strong> <a href=\"https:\/\/www.cathedrale-strasbourg.fr\/\" target=\"_blank\" rel=\"nofollow noopener\">Cath\u00e9drale Notre-Dame-de-Strasbourg<\/a> mit ihrer einzigartigen astronomischen Uhr aus dem 16. Jahrhundert.<\/li>\n\n\n\n<li><strong>Fotogenste Orte:<\/strong> Das malerische Viertel Petite France mit seinen Fachwerkh\u00e4usern und Wasserkan\u00e4len.<\/li>\n\n\n\n<li><strong>Beste kostenlose Aussicht:<\/strong> Die Terrasse des historischen Staudamms Barrage Vauban, von der aus du die sch\u00f6nsten Fotos machst.<\/li>\n\n\n\n<li><strong>Einzigartiges Erlebnis:<\/strong> Die kostenlose F\u00fchrung durch das Europ\u00e4ische Parlament und das interaktive Zentrum Parlamentarium Simone Veil.<\/li>\n\n\n\n<li><strong>Verkehr in der Stadt:<\/strong> Das Zentrum ist f\u00fcr Autos ziemlich unfreundlich, deshalb lohnt sich am meisten das System der Park-and-Ride-Parkpl\u00e4tze in Kombination mit der Stra\u00dfenbahn.<\/li>\n\n\n\n<li><strong>Wann hinfahren:<\/strong> F\u00fcr das beste Verh\u00e4ltnis von Preis und Wetter empfehle ich Mai, Juni oder September, f\u00fcr die niedrigsten Hotelpreise ist der Januar ideal.<\/li>\n\n\n\n<li><strong>Welterbe:<\/strong> Das gesamte historische Viertel Grande \u00cele sowie das j\u00fcngere deutsche Neustadt-Viertel stehen auf der UNESCO-Liste.<\/li>\n\n\n<\/ul>\n\n\n\n<h2 class=\"wp-block-heading\"><span class=\"ez-toc-section\" id=\"Wann_du_nach_Strassburg_reisen_solltest\"><\/span>Wann du nach Stra\u00dfburg reisen solltest<span class=\"ez-toc-section-end\"><\/span><\/h2>\n\n\n\n<p class=\"wp-block-paragraph\">Die Terminplanung ist bei dieser Stadt absolut entscheidend, denn die Saison l\u00e4sst die \u00dcbernachtungspreise hier extrem schwanken. Wenn du im Dezember w\u00e4hrend der ber\u00fchmten M\u00e4rkte anreist, stell dich darauf ein, dass Hotels im Zentrum bis zum Dreifachen ihres normalen Sommerpreises kosten k\u00f6nnen. Im Januar oder Februar dagegen erlebst du die Stadt komplett ohne Menschenmassen und ergatterst mit etwas Gl\u00fcck ein luxuri\u00f6ses Zimmer f\u00fcr nur einen Bruchteil des Winterpreises. Die Fr\u00fchlings- und Herbstmonate sind der ideale Kompromiss f\u00fcr alle, die sparen und gleichzeitig sch\u00f6nes Wetter genie\u00dfen m\u00f6chten.<\/p>\n\n\n\n<p class=\"wp-block-paragraph\">Das angenehmste Wetter f\u00fcr lange Spazierg\u00e4nge entlang der Wasserkan\u00e4le erwartet dich im <strong>Mai, Juni und September<\/strong>, wenn die Temperaturen sehr angenehm sind und die Tage lang genug. Im Sommer kann es im steinernen Zentrum ziemlich hei\u00df werden, aber dank des allgegenw\u00e4rtigen Wassers und der weitl\u00e4ufigen Parks l\u00e4sst sich das problemlos aushalten. Wenn dir etwas raueres Wetter nichts ausmacht, zeigt sich die Stadt im fr\u00fchen Fr\u00fchling in einer wunderbar melancholischen Stimmung, wenn die Caf\u00e9s langsam zum Leben erwachen und die Stra\u00dfen fast nur den Einheimischen geh\u00f6ren.<\/p>\n\n\n\n<p class=\"wp-block-paragraph\">2026 finden die ber\u00fchmten Weihnachtsm\u00e4rkte von Freitag, dem 27. November, bis Sonntag, dem 27. Dezember, statt. Sie verteilen sich auf gleich elf verschiedene Orte im gesamten historischen Viertel Grande \u00cele, wobei die bekanntesten am Place Broglie, am Place de la Cath\u00e9drale oder in den Gassen von Petite France liegen. Wenn dich vor allem diese zauberhafte Zeit interessiert und dir ein deutlich h\u00f6heres Budget nichts ausmacht, lies unbedingt unseren separaten Artikel <a href=\"https:\/\/loudavymkrokem.cz\/de\/strassburg-weihnachtsmarkt-2026\/\">Weihnachtsm\u00e4rkte Stra\u00dfburg<\/a>, in dem du eine detaillierte Karte der Standorte, lokale Br\u00e4uche und konkrete Tipps zu traditionellen Leckereien findest.<\/p>\n\n\n\n<h2 class=\"wp-block-heading\"><span class=\"ez-toc-section\" id=\"Wo_du_in_Strassburg_uebernachten_solltest\"><\/span>Wo du in Stra\u00dfburg \u00fcbernachten solltest<span class=\"ez-toc-section-end\"><\/span><\/h2>\n\n\n\n<p class=\"wp-block-paragraph\">Die Wahl der richtigen Unterkunftslage spart dir viel Zeit und Geld f\u00fcr \u00f6ffentliche Verkehrsmittel. Am zauberhaftesten, aber logischerweise auch am teuersten, ist das <strong>historische Viertel Grande \u00cele mit seinem Teil Petite France<\/strong>, wo alle wichtigen Sehensw\u00fcrdigkeiten nur wenige Schritte vom Bett entfernt liegen. Wenn du etwas Ruhigeres und G\u00fcnstigeres suchst, empfehle ich dir, dich im Viertel Neustadt umzusehen, das eine wundersch\u00f6ne Architektur bietet und von dem aus du in einem angenehmen Spaziergang von knapp zehn Minuten ins Zentrum gelangst.<\/p>\n\n\n\n<p class=\"wp-block-paragraph\">Verschiebe die Zimmerreservierung auf keinen Fall auf den letzten Moment und ich empfehle dir immer, bew\u00e4hrte Portale wie <a class=\"thirstylink\" rel=\"nofollow\" target=\"_blank\" title=\"Booking.com\" href=\"https:\/\/loudavymkrokem.cz\/doporucujeme\/booking-com\/\" data-shortcode=\"true\">Booking.com<\/a> zu nutzen, wo du den besten \u00dcberblick \u00fcber die aktuellen Preise bekommst. Besonders in der Adventszeit sind die meisten Kapazit\u00e4ten schon ein halbes Jahr im Voraus ausgebucht. Anhand der Bewertungen anderer Reisender und einem aufmerksamen Blick auf Booking habe ich f\u00fcr dich ein paar Hotels ausgew\u00e4hlt, die ein hervorragendes Preis-Leistungs-Verh\u00e4ltnis bieten:<\/p>\n\n\n\n<p class=\"wp-block-paragraph\">Das <strong>H\u00f4tel Cour du Corbeau Strasbourg \u2013 MGallery<\/strong> ist ein architektonisches Juwel und einer der sch\u00f6nsten \u00dcbernachtungsorte der ganzen Stadt. Es befindet sich in einem wundersch\u00f6n restaurierten historischen Haus mit h\u00f6lzernen Laubeng\u00e4ngen aus dem 16. Jahrhundert und bietet eine unvergessliche romantische Atmosph\u00e4re direkt am Wasserkanal. G\u00e4ste berichten begeistert von den geradezu s\u00fcndhaft reichhaltigen Fr\u00fchst\u00fccken und einer erstaunlichen Ruhe \u2013 und das, obwohl die Kathedrale nur f\u00fcnf Minuten zu Fu\u00df entfernt ist.<\/p>\n\n\n\n<p class=\"wp-block-paragraph\">Wenn du modernes Design und klare Linien bevorzugst, hat das <strong>H\u00f4tel L\u00c9ONOR the place to live<\/strong> einiges zu bieten. Es \u00fcberzeugt mit einem modernen Interieur in einem historischen Geb\u00e4ude nur einen Katzensprung vom Place Broglie entfernt \u2013 und vor allem mit einem wundersch\u00f6nen Innenhof, in dem du dir nach einem Tag voller Sightseeing ein Glas els\u00e4ssischen Weins g\u00f6nnst.<\/p>\n\n\n\n<p class=\"wp-block-paragraph\">F\u00fcr Reisende mit etwas knapperem Budget ist das <strong>H\u00f4tel Gutenberg<\/strong> eine gro\u00dfartige Wahl, das an einer absolut strategischen Stelle nur wenige Schritte von der Fu\u00dfg\u00e4ngerzone entfernt liegt. Die Zimmer sind zwar etwas kleiner, punkten aber mit perfekter Sauberkeit und sehr bequemen Betten. Ein gro\u00dfes Plus ist laut G\u00e4sten auch das ausgesprochen hilfsbereite Personal, das dir gern bei der Orientierung in der Stadt hilft und dir die besten lokalen B\u00e4ckereien empfiehlt. Wenn du mehr M\u00f6glichkeiten in verschiedenen Preisklassen erkunden m\u00f6chtest, wirf einen Blick auf unseren ausf\u00fchrlichen Artikel <a href=\"https:\/\/loudavymkrokem.cz\/de\/strassburg-hotels-beste-viertel\/\">Wo in Stra\u00dfburg \u00fcbernachten<\/a>.<\/p>\n\n\n\n<p class=\"wp-block-paragraph\"><em>\ud83d\udca1 <a href=\"https:\/\/www.stay22.com\/allez\/roam?aid=lukaskonecny&#038;campaign=loudavymkrokemcz&#038;campaign=co-videt-ve-strasburku&#038;address=%C5%A0trasburk%2C%20Francie\" target=\"_blank\" rel=\"nofollow noopener sponsored\">Auf dieser Karte vergleichst du, was gerade frei ist<\/a> \u2014 du siehst sofort, um wie viel g\u00fcnstiger eine Unterkunft ein paar Haltestellen vom Zentrum entfernt ist.<\/em><\/p>\n\n<h2 class=\"wp-block-heading\"><span class=\"ez-toc-section\" id=\"18_Tipps_was_du_in_Strassburg_Frankreich_sehen_und_erleben_solltest\"><\/span>18 Tipps, was du in Stra\u00dfburg, Frankreich sehen und erleben solltest<span class=\"ez-toc-section-end\"><\/span><\/h2>\n\n\n\n<p class=\"wp-block-paragraph\">Egal ob du nur ein Wochenende oder eine ganze Woche f\u00fcr die Stadt eingeplant hast \u2013 langweilig wird es dir hier garantiert nicht. Ich habe f\u00fcr dich eine <strong>Liste mit achtzehn Orten und Erlebnissen<\/strong> zusammengestellt, die du bei der Planung deines Reiseprogramms auf keinen Fall verpassen solltest. Ich habe sowohl die bekanntesten ikonischen Sehensw\u00fcrdigkeiten als auch ein paar ruhigere Ecken aufgenommen.<\/p>\n\n\n\n<figure data-wp-context=\"{&quot;imageId&quot;:&quot;6a9c7c4b84723&quot;}\" data-wp-interactive=\"core\/image\" data-wp-key=\"6a9c7c4b84723\" class=\"wp-block-image size-full wp-lightbox-container\"><img decoding=\"async\" width=\"1600\" height=\"2133\" data-wp-class--hide=\"state.isContentHidden\" data-wp-class--show=\"state.isContentVisible\" data-wp-init=\"callbacks.setButtonStyles\" data-wp-on--click=\"actions.showLightbox\" data-wp-on--load=\"callbacks.setButtonStyles\" data-wp-on--pointerdown=\"actions.preloadImage\" data-wp-on--pointerenter=\"actions.preloadImageWithDelay\" data-wp-on--pointerleave=\"actions.cancelPreload\" data-wp-on-window--resize=\"callbacks.setButtonStyles\" src=\"https:\/\/loudavymkrokem.cz\/wp-content\/uploads\/2026\/09\/cath-drale-notre-dame-de-strasbourg.jpg\" alt=\"Cath\u00e9drale Notre-Dame-de-Strasbourg\" class=\"wp-image-413168\" title=\"\" srcset=\"https:\/\/loudavymkrokem.cz\/wp-content\/uploads\/2026\/09\/cath-drale-notre-dame-de-strasbourg.jpg 1600w, https:\/\/loudavymkrokem.cz\/wp-content\/uploads\/2026\/09\/cath-drale-notre-dame-de-strasbourg-225x300.jpg 225w, https:\/\/loudavymkrokem.cz\/wp-content\/uploads\/2026\/09\/cath-drale-notre-dame-de-strasbourg-700x933.jpg 700w, https:\/\/loudavymkrokem.cz\/wp-content\/uploads\/2026\/09\/cath-drale-notre-dame-de-strasbourg-768x1024.jpg 768w, https:\/\/loudavymkrokem.cz\/wp-content\/uploads\/2026\/09\/cath-drale-notre-dame-de-strasbourg-1152x1536.jpg 1152w, https:\/\/loudavymkrokem.cz\/wp-content\/uploads\/2026\/09\/cath-drale-notre-dame-de-strasbourg-1536x2048.jpg 1536w, https:\/\/loudavymkrokem.cz\/wp-content\/uploads\/2026\/09\/cath-drale-notre-dame-de-strasbourg-696x928.jpg 696w, https:\/\/loudavymkrokem.cz\/wp-content\/uploads\/2026\/09\/cath-drale-notre-dame-de-strasbourg-1392x1856.jpg 1392w\" sizes=\"(max-width: 1600px) 100vw, 1600px\" \/><button\n\t\t\tclass=\"lightbox-trigger\"\n\t\t\ttype=\"button\"\n\t\t\taria-haspopup=\"dialog\"\n\t\t\tdata-wp-bind--aria-label=\"state.thisImage.triggerButtonAriaLabel\"\n\t\t\tdata-wp-init=\"callbacks.initTriggerButton\"\n\t\t\tdata-wp-on--click=\"actions.showLightbox\"\n\t\t\tdata-wp-style--right=\"state.thisImage.buttonRight\"\n\t\t\tdata-wp-style--top=\"state.thisImage.buttonTop\"\n\t\t>\n\t\t\t<svg xmlns=\"http:\/\/www.w3.org\/2000\/svg\" width=\"12\" height=\"12\" fill=\"none\" viewBox=\"0 0 12 12\">\n\t\t\t\t<path fill=\"#fff\" d=\"M2 0a2 2 0 0 0-2 2v2h1.5V2a.5.5 0 0 1 .5-.5h2V0H2Zm2 10.5H2a.5.5 0 0 1-.5-.5V8H0v2a2 2 0 0 0 2 2h2v-1.5ZM8 12v-1.5h2a.5.5 0 0 0 .5-.5V8H12v2a2 2 0 0 1-2 2H8Zm2-12a2 2 0 0 1 2 2v2h-1.5V2a.5.5 0 0 0-.5-.5H8V0h2Z\" \/>\n\t\t\t<\/svg>\n\t\t<\/button><figcaption class=\"wp-element-caption\">Foto: Dorien Van Der Werf \/ Google Maps<\/figcaption><\/figure>\n\n\n\n<h3 class=\"wp-block-heading\"><span class=\"ez-toc-section\" id=\"1_Cathedrale_Notre-Dame-de-Strasbourg\"><\/span>1. Cath\u00e9drale Notre-Dame-de-Strasbourg<span class=\"ez-toc-section-end\"><\/span><\/h3>\n\n\n\n<p class=\"wp-block-paragraph\">Diese monumentale gotische Kathedrale aus dem 13. Jahrhundert ist zu Recht der meistbesuchte Ort der ganzen Stadt. Wenn du zum ersten Mal auf dem kleinen Platz davor stehst, verschl\u00e4gt dir ihre riesige Fassade aus rosafarbenem Vogesen-Sandstein garantiert den Atem. Besonders faszinierend an dem Bauwerk ist seine Asymmetrie, denn der zweite Turm wurde nie fertiggestellt \u2013 so erhielt die Kathedrale ihr absolut unverwechselbares Aussehen. Ihr Bau dauerte mehrere Jahrhunderte, und an jedem Zentimeter Stein ist die unglaubliche Pr\u00e4zision der damaligen Meister erkennbar.<\/p>\n\n\n\n<p class=\"wp-block-paragraph\">Im Inneren erwartet dich ein riesiger Raum, erleuchtet durch wundersch\u00f6ne Buntglasfenster, von denen die riesige Rosette \u00fcber dem Hauptportal zu den sch\u00f6nsten in ganz Europa z\u00e4hlt. Der Eintritt ins Hauptschiff ist kostenlos, aber stell dich darauf ein, dass am Eingang wegen der Sicherheitskontrollen oft eine Schlange steht. Zum Gl\u00fcck geht sie ziemlich schnell voran, sodass dich das nicht abschrecken muss. Das Interieur wirkt unglaublich majest\u00e4tisch und es lohnt sich definitiv, es in Ruhe und ohne Eile zu durchwandern.<\/p>\n\n\n\n<p class=\"wp-block-paragraph\">\ud83d\udca1 Tipp: Die beste Zeit f\u00fcr Au\u00dfenaufnahmen ist der sp\u00e4te Nachmittag oder fr\u00fche Abend, wenn die untergehende Sonne den rosa Sandstein wundersch\u00f6n beleuchtet und das ganze Bauwerk einen herrlich warmen Farbton bekommt. Der Platz rund um die Kathedrale ist zudem von historischen H\u00e4usern ges\u00e4umt, die die perfekte fotogene Kulisse abrunden. Du kannst dich in eines der umliegenden Caf\u00e9s setzen und einfach dem Farbwechsel des Steins zusehen.<\/p>\n\n\n\n<figure data-wp-context=\"{&quot;imageId&quot;:&quot;6a9c7c4b84e67&quot;}\" data-wp-interactive=\"core\/image\" data-wp-key=\"6a9c7c4b84e67\" class=\"wp-block-image size-full wp-lightbox-container\"><img decoding=\"async\" width=\"1171\" height=\"1560\" data-wp-class--hide=\"state.isContentHidden\" data-wp-class--show=\"state.isContentVisible\" data-wp-init=\"callbacks.setButtonStyles\" data-wp-on--click=\"actions.showLightbox\" data-wp-on--load=\"callbacks.setButtonStyles\" data-wp-on--pointerdown=\"actions.preloadImage\" data-wp-on--pointerenter=\"actions.preloadImageWithDelay\" data-wp-on--pointerleave=\"actions.cancelPreload\" data-wp-on-window--resize=\"callbacks.setButtonStyles\" src=\"https:\/\/loudavymkrokem.cz\/wp-content\/uploads\/2026\/09\/astronomick-hodiny-ze-estn-ct-ho-stolet.jpg\" alt=\"Astronomische Uhr aus dem 16. Jahrhundert\" class=\"wp-image-413172\" title=\"\" srcset=\"https:\/\/loudavymkrokem.cz\/wp-content\/uploads\/2026\/09\/astronomick-hodiny-ze-estn-ct-ho-stolet.jpg 1171w, https:\/\/loudavymkrokem.cz\/wp-content\/uploads\/2026\/09\/astronomick-hodiny-ze-estn-ct-ho-stolet-225x300.jpg 225w, https:\/\/loudavymkrokem.cz\/wp-content\/uploads\/2026\/09\/astronomick-hodiny-ze-estn-ct-ho-stolet-700x933.jpg 700w, https:\/\/loudavymkrokem.cz\/wp-content\/uploads\/2026\/09\/astronomick-hodiny-ze-estn-ct-ho-stolet-768x1023.jpg 768w, https:\/\/loudavymkrokem.cz\/wp-content\/uploads\/2026\/09\/astronomick-hodiny-ze-estn-ct-ho-stolet-1153x1536.jpg 1153w, https:\/\/loudavymkrokem.cz\/wp-content\/uploads\/2026\/09\/astronomick-hodiny-ze-estn-ct-ho-stolet-696x927.jpg 696w\" sizes=\"(max-width: 1171px) 100vw, 1171px\" \/><button\n\t\t\tclass=\"lightbox-trigger\"\n\t\t\ttype=\"button\"\n\t\t\taria-haspopup=\"dialog\"\n\t\t\tdata-wp-bind--aria-label=\"state.thisImage.triggerButtonAriaLabel\"\n\t\t\tdata-wp-init=\"callbacks.initTriggerButton\"\n\t\t\tdata-wp-on--click=\"actions.showLightbox\"\n\t\t\tdata-wp-style--right=\"state.thisImage.buttonRight\"\n\t\t\tdata-wp-style--top=\"state.thisImage.buttonTop\"\n\t\t>\n\t\t\t<svg xmlns=\"http:\/\/www.w3.org\/2000\/svg\" width=\"12\" height=\"12\" fill=\"none\" viewBox=\"0 0 12 12\">\n\t\t\t\t<path fill=\"#fff\" d=\"M2 0a2 2 0 0 0-2 2v2h1.5V2a.5.5 0 0 1 .5-.5h2V0H2Zm2 10.5H2a.5.5 0 0 1-.5-.5V8H0v2a2 2 0 0 0 2 2h2v-1.5ZM8 12v-1.5h2a.5.5 0 0 0 .5-.5V8H12v2a2 2 0 0 1-2 2H8Zm2-12a2 2 0 0 1 2 2v2h-1.5V2a.5.5 0 0 0-.5-.5H8V0h2Z\" \/>\n\t\t\t<\/svg>\n\t\t<\/button><figcaption class=\"wp-element-caption\">Foto: H \/ Google Maps<\/figcaption><\/figure>\n\n\n\n<h3 class=\"wp-block-heading\"><span class=\"ez-toc-section\" id=\"2_Astronomische_Uhr_aus_dem_16_Jahrhundert\"><\/span>2. Astronomische Uhr aus dem 16. Jahrhundert<span class=\"ez-toc-section-end\"><\/span><\/h3>\n\n\n\n<p class=\"wp-block-paragraph\">Direkt im Inneren der Kathedrale verbirgt sich ein technisches und k\u00fcnstlerisches Wunderwerk: die astronomische Uhr aus der Renaissance. Dieser komplexe Mechanismus stammt aus dem 16. Jahrhundert und zeigt nicht nur die genaue Uhrzeit, sondern auch die Position von Sonne und Mond sowie das aktuelle Tierkreiszeichen an. Die Details und die Pr\u00e4zision der Schnitzarbeit am Uhrengeh\u00e4use selbst sind aus der N\u00e4he unglaublich und zeugen vom enormen K\u00f6nnen der damaligen Mathematiker und Handwerker.<\/p>\n\n\n\n<p class=\"wp-block-paragraph\">Die Hauptvorstellung findet jeden Tag um Punkt 12:30 Uhr statt, wenn ein aufwendiges Schauspiel beweglicher Figuren in Gang gesetzt wird. Du siehst die Apostel an Christus vor\u00fcberziehen und die verschiedenen Phasen des menschlichen Lebens von der Kindheit bis zum Tod, die symbolisch die vergehende Zeit messen. F\u00fcr diese beliebte Mittagsshow wird ein kleiner Eintritt verlangt und die Tickets werden am S\u00fcdportal verkauft \u2013 es ist sehr ratsam, mit Vorlauf zu kommen, damit du \u00fcberhaupt etwas siehst.<\/p>\n\n\n\n<p class=\"wp-block-paragraph\">Auch wenn du die Mittagsvorstellung nicht schaffst, lohnt sich die Uhr jederzeit. Kleinere Figurenbewegungen finden jede Viertelstunde statt und der gesamte Mechanismus ist zudem wundersch\u00f6n beleuchtet, sodass du das Erlebnis auf keinen Fall verpasst.<\/p>\n\n\n\n<figure data-wp-context=\"{&quot;imageId&quot;:&quot;6a9c7c4b85944&quot;}\" data-wp-interactive=\"core\/image\" data-wp-key=\"6a9c7c4b85944\" class=\"wp-block-image size-full wp-lightbox-container\"><img decoding=\"async\" width=\"1080\" height=\"1397\" data-wp-class--hide=\"state.isContentHidden\" data-wp-class--show=\"state.isContentVisible\" data-wp-init=\"callbacks.setButtonStyles\" data-wp-on--click=\"actions.showLightbox\" data-wp-on--load=\"callbacks.setButtonStyles\" data-wp-on--pointerdown=\"actions.preloadImage\" data-wp-on--pointerenter=\"actions.preloadImageWithDelay\" data-wp-on--pointerleave=\"actions.cancelPreload\" data-wp-on-window--resize=\"callbacks.setButtonStyles\" src=\"https:\/\/loudavymkrokem.cz\/wp-content\/uploads\/2026\/09\/swap-412754-3-f43292b7.jpg\" alt=\"Aussicht von der Plattform der Stra\u00dfburger Kathedrale\" class=\"wp-image-413447\" title=\"\" srcset=\"https:\/\/loudavymkrokem.cz\/wp-content\/uploads\/2026\/09\/swap-412754-3-f43292b7.jpg 1080w, https:\/\/loudavymkrokem.cz\/wp-content\/uploads\/2026\/09\/swap-412754-3-f43292b7-232x300.jpg 232w, https:\/\/loudavymkrokem.cz\/wp-content\/uploads\/2026\/09\/swap-412754-3-f43292b7-700x905.jpg 700w, https:\/\/loudavymkrokem.cz\/wp-content\/uploads\/2026\/09\/swap-412754-3-f43292b7-768x993.jpg 768w, https:\/\/loudavymkrokem.cz\/wp-content\/uploads\/2026\/09\/swap-412754-3-f43292b7-696x900.jpg 696w\" sizes=\"(max-width: 1080px) 100vw, 1080px\" \/><button\n\t\t\tclass=\"lightbox-trigger\"\n\t\t\ttype=\"button\"\n\t\t\taria-haspopup=\"dialog\"\n\t\t\tdata-wp-bind--aria-label=\"state.thisImage.triggerButtonAriaLabel\"\n\t\t\tdata-wp-init=\"callbacks.initTriggerButton\"\n\t\t\tdata-wp-on--click=\"actions.showLightbox\"\n\t\t\tdata-wp-style--right=\"state.thisImage.buttonRight\"\n\t\t\tdata-wp-style--top=\"state.thisImage.buttonTop\"\n\t\t>\n\t\t\t<svg xmlns=\"http:\/\/www.w3.org\/2000\/svg\" width=\"12\" height=\"12\" fill=\"none\" viewBox=\"0 0 12 12\">\n\t\t\t\t<path fill=\"#fff\" d=\"M2 0a2 2 0 0 0-2 2v2h1.5V2a.5.5 0 0 1 .5-.5h2V0H2Zm2 10.5H2a.5.5 0 0 1-.5-.5V8H0v2a2 2 0 0 0 2 2h2v-1.5ZM8 12v-1.5h2a.5.5 0 0 0 .5-.5V8H12v2a2 2 0 0 1-2 2H8Zm2-12a2 2 0 0 1 2 2v2h-1.5V2a.5.5 0 0 0-.5-.5H8V0h2Z\" \/>\n\t\t\t<\/svg>\n\t\t<\/button><figcaption class=\"wp-element-caption\">Foto: Lydia Bogdanovic \/ Google Maps<\/figcaption><\/figure>\n\n\n\n<h3 class=\"wp-block-heading\"><span class=\"ez-toc-section\" id=\"3_Der_Aufstieg_zur_Aussichtsplattform_der_Kathedrale\"><\/span>3. Der Aufstieg zur Aussichtsplattform der Kathedrale<span class=\"ez-toc-section-end\"><\/span><\/h3>\n\n\n\n<p class=\"wp-block-paragraph\">Wenn du nicht unter H\u00f6henangst leidest und einigerma\u00dfen fit bist, darfst du dir den Aufstieg zur Aussichtsplattform auf keinen Fall entgehen lassen. Sie befindet sich in einer beachtlichen H\u00f6he von 66 Metern, und nach oben f\u00fchren 332 ziemlich enge Wendeltreppenstufen. Die Tickets kaufst du in einem kleinen H\u00e4uschen rechts vom Haupteingang, wobei immer nur eine begrenzte Anzahl an Personen hinaufgelassen wird \u2013 vor einer kurzen Wartezeit musst du dich also nicht f\u00fcrchten.<\/p>\n\n\n\n<p class=\"wp-block-paragraph\">Als Belohnung f\u00fcr dein verschwitztes Shirt erwartet dich ein absolut fantastisches Panorama \u00fcber die ganze Stadt. Du siehst die D\u00e4cher der historischen H\u00e4user, das verworrene Netz der Kan\u00e4le und bei klarem Wetter reicht der Blick bis zu den Vogesen auf der franz\u00f6sischen Seite und dem dunklen Schwarzwald auf der deutschen. Es ist die beste M\u00f6glichkeit, die gesamte Anordnung der Stadt zu verstehen und herauszufinden, wo die interessantesten Viertel liegen.<\/p>\n\n\n\n<p class=\"wp-block-paragraph\">\ud83d\udca1 Tipp: Den Aufstieg empfehle ich Menschen mit Klaustrophobie wirklich nicht, denn das Treppenhaus ist stellenweise sehr eng und man kann anderen Besuchern kaum ausweichen. Oben auf der Plattform gibt es zum Gl\u00fcck aber genug Platz zum Ausruhen und f\u00fcr die sch\u00f6nsten Fotos aus der Vogelperspektive.<\/p>\n\n\n\n<figure data-wp-context=\"{&quot;imageId&quot;:&quot;6a9c7c4b861d1&quot;}\" data-wp-interactive=\"core\/image\" data-wp-key=\"6a9c7c4b861d1\" class=\"wp-block-image size-full wp-lightbox-container\"><img decoding=\"async\" width=\"1600\" height=\"2133\" data-wp-class--hide=\"state.isContentHidden\" data-wp-class--show=\"state.isContentVisible\" data-wp-init=\"callbacks.setButtonStyles\" data-wp-on--click=\"actions.showLightbox\" data-wp-on--load=\"callbacks.setButtonStyles\" data-wp-on--pointerdown=\"actions.preloadImage\" data-wp-on--pointerenter=\"actions.preloadImageWithDelay\" data-wp-on--pointerleave=\"actions.cancelPreload\" data-wp-on-window--resize=\"callbacks.setButtonStyles\" src=\"https:\/\/loudavymkrokem.cz\/wp-content\/uploads\/2026\/09\/petite-france.jpg\" alt=\"Petite France\" class=\"wp-image-413182\" title=\"\" srcset=\"https:\/\/loudavymkrokem.cz\/wp-content\/uploads\/2026\/09\/petite-france.jpg 1600w, https:\/\/loudavymkrokem.cz\/wp-content\/uploads\/2026\/09\/petite-france-225x300.jpg 225w, https:\/\/loudavymkrokem.cz\/wp-content\/uploads\/2026\/09\/petite-france-700x933.jpg 700w, https:\/\/loudavymkrokem.cz\/wp-content\/uploads\/2026\/09\/petite-france-768x1024.jpg 768w, https:\/\/loudavymkrokem.cz\/wp-content\/uploads\/2026\/09\/petite-france-1152x1536.jpg 1152w, https:\/\/loudavymkrokem.cz\/wp-content\/uploads\/2026\/09\/petite-france-1536x2048.jpg 1536w, https:\/\/loudavymkrokem.cz\/wp-content\/uploads\/2026\/09\/petite-france-696x928.jpg 696w, https:\/\/loudavymkrokem.cz\/wp-content\/uploads\/2026\/09\/petite-france-1392x1856.jpg 1392w\" sizes=\"(max-width: 1600px) 100vw, 1600px\" \/><button\n\t\t\tclass=\"lightbox-trigger\"\n\t\t\ttype=\"button\"\n\t\t\taria-haspopup=\"dialog\"\n\t\t\tdata-wp-bind--aria-label=\"state.thisImage.triggerButtonAriaLabel\"\n\t\t\tdata-wp-init=\"callbacks.initTriggerButton\"\n\t\t\tdata-wp-on--click=\"actions.showLightbox\"\n\t\t\tdata-wp-style--right=\"state.thisImage.buttonRight\"\n\t\t\tdata-wp-style--top=\"state.thisImage.buttonTop\"\n\t\t>\n\t\t\t<svg xmlns=\"http:\/\/www.w3.org\/2000\/svg\" width=\"12\" height=\"12\" fill=\"none\" viewBox=\"0 0 12 12\">\n\t\t\t\t<path fill=\"#fff\" d=\"M2 0a2 2 0 0 0-2 2v2h1.5V2a.5.5 0 0 1 .5-.5h2V0H2Zm2 10.5H2a.5.5 0 0 1-.5-.5V8H0v2a2 2 0 0 0 2 2h2v-1.5ZM8 12v-1.5h2a.5.5 0 0 0 .5-.5V8H12v2a2 2 0 0 1-2 2H8Zm2-12a2 2 0 0 1 2 2v2h-1.5V2a.5.5 0 0 0-.5-.5H8V0h2Z\" \/>\n\t\t\t<\/svg>\n\t\t<\/button><figcaption class=\"wp-element-caption\">Foto: Zulfikar CEKIC \/ Google Maps<\/figcaption><\/figure>\n\n\n\n<h3 class=\"wp-block-heading\"><span class=\"ez-toc-section\" id=\"4_Petite_France\"><\/span>4. Petite France<span class=\"ez-toc-section-end\"><\/span><\/h3>\n\n\n\n<p class=\"wp-block-paragraph\">Das fotogenste und ohne Zweifel romantischste Viertel der ganzen Stadt ist das ber\u00fchmte Petite France. Fr\u00fcher lebten und arbeiteten hier vor allem Gerber, M\u00fcller und Fischer, die f\u00fcr ihre anstrengenden Berufe direkten Zugang zu flie\u00dfendem Wasser brauchten. Heute ist es ein wundersch\u00f6nes Netz aus schmalen Kan\u00e4len, ges\u00e4umt von perfekt erhaltenen Fachwerkh\u00e4usern mit ihren typischen schr\u00e4gen D\u00e4chern, unter denen einst Tierh\u00e4ute getrocknet wurden.<\/p>\n\n\n\n<p class=\"wp-block-paragraph\">Der beste Weg, dieses historische Viertel zu genie\u00dfen, ist, sich einfach ohne Eile in seinen Gassen zu verlieren. Du st\u00f6\u00dft hier auf viele kleine L\u00e4den, handwerkliche B\u00e4ckereien und gem\u00fctliche Caf\u00e9s, in denen du auf einen Kaffee einkehren und den vorbeigleitenden Ausflugsbooten zusehen kannst. In den Sommermonaten sind zudem alle Fenster und Br\u00fccken mit einer Flut bunter Geranien geschm\u00fcckt, was eine absolut m\u00e4rchenhafte Kulisse ergibt.<\/p>\n\n\n\n<p class=\"wp-block-paragraph\">Auch wenn es sich um den touristisch am st\u00e4rksten frequentierten Teil der Stadt handelt, beh\u00e4lt er seinen enormen Charme. Versuch, sehr fr\u00fch am Morgen herzukommen, bevor sich die Stra\u00dfen mit Menschenmassen f\u00fcllen \u2013 dann erlebst du die echte, ruhige els\u00e4ssische Atmosph\u00e4re, wenn sich die alten historischen Fassaden auf der reglosen Wasseroberfl\u00e4che der Kan\u00e4le spiegeln.<\/p>\n\n\n\n<figure data-wp-context=\"{&quot;imageId&quot;:&quot;6a9c7c4b8691d&quot;}\" data-wp-interactive=\"core\/image\" data-wp-key=\"6a9c7c4b8691d\" class=\"wp-block-image size-full wp-lightbox-container\"><img decoding=\"async\" width=\"1600\" height=\"1200\" data-wp-class--hide=\"state.isContentHidden\" data-wp-class--show=\"state.isContentVisible\" data-wp-init=\"callbacks.setButtonStyles\" data-wp-on--click=\"actions.showLightbox\" data-wp-on--load=\"callbacks.setButtonStyles\" data-wp-on--pointerdown=\"actions.preloadImage\" data-wp-on--pointerenter=\"actions.preloadImageWithDelay\" data-wp-on--pointerleave=\"actions.cancelPreload\" data-wp-on-window--resize=\"callbacks.setButtonStyles\" src=\"https:\/\/loudavymkrokem.cz\/wp-content\/uploads\/2026\/09\/ponts-couverts-de-strasbourg.jpg\" alt=\"Ponts Couverts de Strasbourg\" class=\"wp-image-413186\" title=\"\" srcset=\"https:\/\/loudavymkrokem.cz\/wp-content\/uploads\/2026\/09\/ponts-couverts-de-strasbourg.jpg 1600w, https:\/\/loudavymkrokem.cz\/wp-content\/uploads\/2026\/09\/ponts-couverts-de-strasbourg-300x225.jpg 300w, https:\/\/loudavymkrokem.cz\/wp-content\/uploads\/2026\/09\/ponts-couverts-de-strasbourg-700x525.jpg 700w, https:\/\/loudavymkrokem.cz\/wp-content\/uploads\/2026\/09\/ponts-couverts-de-strasbourg-768x576.jpg 768w, https:\/\/loudavymkrokem.cz\/wp-content\/uploads\/2026\/09\/ponts-couverts-de-strasbourg-1536x1152.jpg 1536w, https:\/\/loudavymkrokem.cz\/wp-content\/uploads\/2026\/09\/ponts-couverts-de-strasbourg-80x60.jpg 80w, https:\/\/loudavymkrokem.cz\/wp-content\/uploads\/2026\/09\/ponts-couverts-de-strasbourg-160x120.jpg 160w, https:\/\/loudavymkrokem.cz\/wp-content\/uploads\/2026\/09\/ponts-couverts-de-strasbourg-696x522.jpg 696w, https:\/\/loudavymkrokem.cz\/wp-content\/uploads\/2026\/09\/ponts-couverts-de-strasbourg-1392x1044.jpg 1392w\" sizes=\"(max-width: 1600px) 100vw, 1600px\" \/><button\n\t\t\tclass=\"lightbox-trigger\"\n\t\t\ttype=\"button\"\n\t\t\taria-haspopup=\"dialog\"\n\t\t\tdata-wp-bind--aria-label=\"state.thisImage.triggerButtonAriaLabel\"\n\t\t\tdata-wp-init=\"callbacks.initTriggerButton\"\n\t\t\tdata-wp-on--click=\"actions.showLightbox\"\n\t\t\tdata-wp-style--right=\"state.thisImage.buttonRight\"\n\t\t\tdata-wp-style--top=\"state.thisImage.buttonTop\"\n\t\t>\n\t\t\t<svg xmlns=\"http:\/\/www.w3.org\/2000\/svg\" width=\"12\" height=\"12\" fill=\"none\" viewBox=\"0 0 12 12\">\n\t\t\t\t<path fill=\"#fff\" d=\"M2 0a2 2 0 0 0-2 2v2h1.5V2a.5.5 0 0 1 .5-.5h2V0H2Zm2 10.5H2a.5.5 0 0 1-.5-.5V8H0v2a2 2 0 0 0 2 2h2v-1.5ZM8 12v-1.5h2a.5.5 0 0 0 .5-.5V8H12v2a2 2 0 0 1-2 2H8Zm2-12a2 2 0 0 1 2 2v2h-1.5V2a.5.5 0 0 0-.5-.5H8V0h2Z\" \/>\n\t\t\t<\/svg>\n\t\t<\/button><figcaption class=\"wp-element-caption\">Foto: Lukas PL \/ Google Maps<\/figcaption><\/figure>\n\n\n\n<h3 class=\"wp-block-heading\"><span class=\"ez-toc-section\" id=\"5_Ponts_Couverts_de_Strasbourg\"><\/span>5. Ponts Couverts de Strasbourg<span class=\"ez-toc-section-end\"><\/span><\/h3>\n\n\n\n<p class=\"wp-block-paragraph\">Gleich am Rand des malerischen Viertels Petite France st\u00f6\u00dft du auf die imposanten \u00dcberreste der mittelalterlichen Befestigung, die Ponts Couverts genannt werden. Urspr\u00fcnglich handelte es sich um ein raffiniertes System aus drei Br\u00fccken und vier Verteidigungst\u00fcrmen aus dem 13. Jahrhundert, die dem Schutz der Stadt vor feindlichen Angriffen \u00fcber den Fluss dienten. Obwohl die Br\u00fccken ihre urspr\u00fcnglichen Holzd\u00e4cher l\u00e4ngst verloren haben, blieb ihnen zur \u00dcberraschung vieler Touristen der Name \u201egedeckte Br\u00fccken\u201c bis heute erhalten.<\/p>\n\n\n\n<p class=\"wp-block-paragraph\">Ein Spaziergang \u00fcber diese steinernen Br\u00fccken bietet wundersch\u00f6ne Ausblicke auf die Wasseroberfl\u00e4che und tief in die Altstadt hinein. Die vier m\u00e4chtigen quadratischen T\u00fcrme wirken wirklich majest\u00e4tisch und unterstreichen hervorragend den raueren historischen Charakter dieses Teils von Stra\u00dfburg. Der ganze Komplex ist nachts zudem sehr geschmackvoll und dramatisch beleuchtet, sodass ein abendlicher Spaziergang seinen absolut unverwechselbaren und leicht geheimnisvollen Zauber hat.<\/p>\n\n\n\n<p class=\"wp-block-paragraph\">Wenn du dich in dieser Gegend bewegst, st\u00f6\u00dft du auf viele sch\u00f6ne Ecken und versteckte B\u00e4nke, auf denen du dich ausruhen kannst. Die Umgebung der Br\u00fccken ist sch\u00f6n mit Gr\u00fcn und hohen B\u00e4umen bewachsen, sodass du dir beim Ausruhen im hei\u00dfen Sommer wenigstens nicht das Hirn wegbr\u00e4tst.<\/p>\n\n\n\n<figure data-wp-context=\"{&quot;imageId&quot;:&quot;6a9c7c4b86fde&quot;}\" data-wp-interactive=\"core\/image\" data-wp-key=\"6a9c7c4b86fde\" class=\"wp-block-image size-full wp-lightbox-container\"><img decoding=\"async\" width=\"1600\" height=\"1200\" data-wp-class--hide=\"state.isContentHidden\" data-wp-class--show=\"state.isContentVisible\" data-wp-init=\"callbacks.setButtonStyles\" data-wp-on--click=\"actions.showLightbox\" data-wp-on--load=\"callbacks.setButtonStyles\" data-wp-on--pointerdown=\"actions.preloadImage\" data-wp-on--pointerenter=\"actions.preloadImageWithDelay\" data-wp-on--pointerleave=\"actions.cancelPreload\" data-wp-on-window--resize=\"callbacks.setButtonStyles\" src=\"https:\/\/loudavymkrokem.cz\/wp-content\/uploads\/2026\/09\/barrage-vauban.jpg\" alt=\"Barrage Vauban\" class=\"wp-image-413191\" title=\"\" srcset=\"https:\/\/loudavymkrokem.cz\/wp-content\/uploads\/2026\/09\/barrage-vauban.jpg 1600w, https:\/\/loudavymkrokem.cz\/wp-content\/uploads\/2026\/09\/barrage-vauban-300x225.jpg 300w, https:\/\/loudavymkrokem.cz\/wp-content\/uploads\/2026\/09\/barrage-vauban-700x525.jpg 700w, https:\/\/loudavymkrokem.cz\/wp-content\/uploads\/2026\/09\/barrage-vauban-768x576.jpg 768w, https:\/\/loudavymkrokem.cz\/wp-content\/uploads\/2026\/09\/barrage-vauban-1536x1152.jpg 1536w, https:\/\/loudavymkrokem.cz\/wp-content\/uploads\/2026\/09\/barrage-vauban-80x60.jpg 80w, https:\/\/loudavymkrokem.cz\/wp-content\/uploads\/2026\/09\/barrage-vauban-160x120.jpg 160w, https:\/\/loudavymkrokem.cz\/wp-content\/uploads\/2026\/09\/barrage-vauban-696x522.jpg 696w, https:\/\/loudavymkrokem.cz\/wp-content\/uploads\/2026\/09\/barrage-vauban-1392x1044.jpg 1392w\" sizes=\"(max-width: 1600px) 100vw, 1600px\" \/><button\n\t\t\tclass=\"lightbox-trigger\"\n\t\t\ttype=\"button\"\n\t\t\taria-haspopup=\"dialog\"\n\t\t\tdata-wp-bind--aria-label=\"state.thisImage.triggerButtonAriaLabel\"\n\t\t\tdata-wp-init=\"callbacks.initTriggerButton\"\n\t\t\tdata-wp-on--click=\"actions.showLightbox\"\n\t\t\tdata-wp-style--right=\"state.thisImage.buttonRight\"\n\t\t\tdata-wp-style--top=\"state.thisImage.buttonTop\"\n\t\t>\n\t\t\t<svg xmlns=\"http:\/\/www.w3.org\/2000\/svg\" width=\"12\" height=\"12\" fill=\"none\" viewBox=\"0 0 12 12\">\n\t\t\t\t<path fill=\"#fff\" d=\"M2 0a2 2 0 0 0-2 2v2h1.5V2a.5.5 0 0 1 .5-.5h2V0H2Zm2 10.5H2a.5.5 0 0 1-.5-.5V8H0v2a2 2 0 0 0 2 2h2v-1.5ZM8 12v-1.5h2a.5.5 0 0 0 .5-.5V8H12v2a2 2 0 0 1-2 2H8Zm2-12a2 2 0 0 1 2 2v2h-1.5V2a.5.5 0 0 0-.5-.5H8V0h2Z\" \/>\n\t\t\t<\/svg>\n\t\t<\/button><figcaption class=\"wp-element-caption\">Foto: cyril L. \/ Google Maps<\/figcaption><\/figure>\n\n\n\n<h3 class=\"wp-block-heading\"><span class=\"ez-toc-section\" id=\"6_Barrage_Vauban\"><\/span>6. Barrage Vauban<span class=\"ez-toc-section-end\"><\/span><\/h3>\n\n\n\n<p class=\"wp-block-paragraph\">Wenn du den allerbesten Ort f\u00fcr das perfekte Foto von Stra\u00dfburg suchst, musst du zum Barrage Vauban. Dieser riesige Staudamm und zugleich eine Br\u00fccke aus rosafarbenem Sandstein wurde im 17. Jahrhundert nach dem Entwurf des ber\u00fchmten Milit\u00e4ringenieurs Vauban erbaut. Sein Hauptzweck war es, im Ernstfall den s\u00fcdlichen Teil der Stadt zu fluten und so den Vormarsch feindlicher Truppen bis ins Zentrum zu verhindern.<\/p>\n\n\n\n<p class=\"wp-block-paragraph\">Heute verbirgt sich im Inneren eine Galerie mit Skulpturen und Wasserspeiern, die aus der Kathedrale gerettet wurden. Das ist zwar interessant, aber ehrlich gesagt bist du wegen des Daches hergekommen. Auf der weitl\u00e4ufigen Terrasse befindet sich n\u00e4mlich eine Aussichtsplattform, deren Zutritt f\u00fcr alle v\u00f6llig kostenlos ist. Genau von hier \u00f6ffnet sich der bekannteste ikonische Blick auf die T\u00fcrme der Ponts Couverts, das Fachwerkviertel Petite France und den majest\u00e4tischen Kathedralenturm im Hintergrund.<\/p>\n\n\n\n<p class=\"wp-block-paragraph\">\ud83d\udca1 Tipp: Der Zugang zur Aussichtsterrasse erfolgt normalerweise \u00fcber Treppen, aber im Geb\u00e4ude gibt es auch einen Aufzug, sodass Familien mit Kinderwagen oder Reisende mit eingeschr\u00e4nkter Mobilit\u00e4t bequem nach oben gelangen. Die Terrasse wird nachts aus Sicherheitsgr\u00fcnden abgeschlossen, pr\u00fcfe daher vorab die aktuellen \u00d6ffnungszeiten.<\/p>\n\n\n\n<figure data-wp-context=\"{&quot;imageId&quot;:&quot;6a9c7c4b87676&quot;}\" data-wp-interactive=\"core\/image\" data-wp-key=\"6a9c7c4b87676\" class=\"wp-block-image size-full wp-lightbox-container\"><img decoding=\"async\" width=\"1600\" height=\"1200\" data-wp-class--hide=\"state.isContentHidden\" data-wp-class--show=\"state.isContentVisible\" data-wp-init=\"callbacks.setButtonStyles\" data-wp-on--click=\"actions.showLightbox\" data-wp-on--load=\"callbacks.setButtonStyles\" data-wp-on--pointerdown=\"actions.preloadImage\" data-wp-on--pointerenter=\"actions.preloadImageWithDelay\" data-wp-on--pointerleave=\"actions.cancelPreload\" data-wp-on-window--resize=\"callbacks.setButtonStyles\" src=\"https:\/\/loudavymkrokem.cz\/wp-content\/uploads\/2026\/09\/swap-412754-7-b98b2d6c.jpg\" alt=\"Aussichtsfahrt mit Batorama in Stra\u00dfburg\" class=\"wp-image-413433\" title=\"\" srcset=\"https:\/\/loudavymkrokem.cz\/wp-content\/uploads\/2026\/09\/swap-412754-7-b98b2d6c.jpg 1600w, https:\/\/loudavymkrokem.cz\/wp-content\/uploads\/2026\/09\/swap-412754-7-b98b2d6c-300x225.jpg 300w, https:\/\/loudavymkrokem.cz\/wp-content\/uploads\/2026\/09\/swap-412754-7-b98b2d6c-700x525.jpg 700w, https:\/\/loudavymkrokem.cz\/wp-content\/uploads\/2026\/09\/swap-412754-7-b98b2d6c-768x576.jpg 768w, https:\/\/loudavymkrokem.cz\/wp-content\/uploads\/2026\/09\/swap-412754-7-b98b2d6c-1536x1152.jpg 1536w, https:\/\/loudavymkrokem.cz\/wp-content\/uploads\/2026\/09\/swap-412754-7-b98b2d6c-80x60.jpg 80w, https:\/\/loudavymkrokem.cz\/wp-content\/uploads\/2026\/09\/swap-412754-7-b98b2d6c-160x120.jpg 160w, https:\/\/loudavymkrokem.cz\/wp-content\/uploads\/2026\/09\/swap-412754-7-b98b2d6c-696x522.jpg 696w, https:\/\/loudavymkrokem.cz\/wp-content\/uploads\/2026\/09\/swap-412754-7-b98b2d6c-1392x1044.jpg 1392w\" sizes=\"(max-width: 1600px) 100vw, 1600px\" \/><button\n\t\t\tclass=\"lightbox-trigger\"\n\t\t\ttype=\"button\"\n\t\t\taria-haspopup=\"dialog\"\n\t\t\tdata-wp-bind--aria-label=\"state.thisImage.triggerButtonAriaLabel\"\n\t\t\tdata-wp-init=\"callbacks.initTriggerButton\"\n\t\t\tdata-wp-on--click=\"actions.showLightbox\"\n\t\t\tdata-wp-style--right=\"state.thisImage.buttonRight\"\n\t\t\tdata-wp-style--top=\"state.thisImage.buttonTop\"\n\t\t>\n\t\t\t<svg xmlns=\"http:\/\/www.w3.org\/2000\/svg\" width=\"12\" height=\"12\" fill=\"none\" viewBox=\"0 0 12 12\">\n\t\t\t\t<path fill=\"#fff\" d=\"M2 0a2 2 0 0 0-2 2v2h1.5V2a.5.5 0 0 1 .5-.5h2V0H2Zm2 10.5H2a.5.5 0 0 1-.5-.5V8H0v2a2 2 0 0 0 2 2h2v-1.5ZM8 12v-1.5h2a.5.5 0 0 0 .5-.5V8H12v2a2 2 0 0 1-2 2H8Zm2-12a2 2 0 0 1 2 2v2h-1.5V2a.5.5 0 0 0-.5-.5H8V0h2Z\" \/>\n\t\t\t<\/svg>\n\t\t<\/button><figcaption class=\"wp-element-caption\">Foto: Chris Jeffery \/ Google Maps<\/figcaption><\/figure>\n\n\n\n<h3 class=\"wp-block-heading\"><span class=\"ez-toc-section\" id=\"7_Kanalfahrt_mit_Batorama\"><\/span>7. Kanalfahrt mit Batorama<span class=\"ez-toc-section-end\"><\/span><\/h3>\n\n\n\n<p class=\"wp-block-paragraph\">Wenn du dir ein schnelles und umfassendes Bild der Stadt aus einer v\u00f6llig anderen Perspektive machen m\u00f6chtest, ist die <a href=\"https:\/\/www.batorama.com\/\" target=\"_blank\" rel=\"nofollow noopener\">Aussichtsfahrt mit dem Boot Batorama<\/a> etwas, das du dir einfach nicht entgehen lassen solltest \u2013 besonders dann, wenn dir langsam die F\u00fc\u00dfe wehtun. Die Anlegestelle findest du ganz leicht direkt bei der Kathedrale am Embarcad\u00e8re Batorama Cath\u00e9drale, von wo die Boote regelm\u00e4\u00dfig zu einer 70-min\u00fctigen Route quer durch das gesamte historische Zentrum und das modernere Europaviertel ablegen. Es ist die beste Art, die Stadt kennenzulernen, wenn dir gerade die F\u00fc\u00dfe schmerzen.<\/p>\n\n\n\n<p class=\"wp-block-paragraph\">W\u00e4hrend der Fahrt geht es durch das romantische Viertel Petite France, wo das Boot mit Hilfe schmaler alter Schleusen H\u00f6henunterschiede \u00fcberwindet \u2013 ein Schauspiel, das man so schnell nicht vergisst. Du kannst zwischen komplett offenen und verglasten Booten w\u00e4hlen, wobei du die verglasten vor allem in den k\u00fchleren Fr\u00fchlings- oder Herbstmonaten zu sch\u00e4tzen wei\u00dft, da sie perfekt beheizt und vor Regen gesch\u00fctzt sind. Es stehen au\u00dferdem Audioguides mit Erl\u00e4uterungen zur Verf\u00fcgung.<\/p>\n\n\n\n<p class=\"wp-block-paragraph\">\ud83d\udca1 Tipp: Besonders in der Hochsaison im Sommer und an sonnigen Wochenenden sind die Tickets oft f\u00fcr den ganzen Tag im Voraus ausverkauft. Ich empfehle dir, die Tickets rechtzeitig online zu reservieren, damit du dir unn\u00f6tiges Anstehen ersparst und sicher bist, dass du genau zu deiner gew\u00e4hlten Zeit an Bord kommst.<\/p>\n\n\n\n<figure data-wp-context=\"{&quot;imageId&quot;:&quot;6a9c7c4b88087&quot;}\" data-wp-interactive=\"core\/image\" data-wp-key=\"6a9c7c4b88087\" class=\"wp-block-image size-full wp-lightbox-container\"><img decoding=\"async\" width=\"1280\" height=\"960\" data-wp-class--hide=\"state.isContentHidden\" data-wp-class--show=\"state.isContentVisible\" data-wp-init=\"callbacks.setButtonStyles\" data-wp-on--click=\"actions.showLightbox\" data-wp-on--load=\"callbacks.setButtonStyles\" data-wp-on--pointerdown=\"actions.preloadImage\" data-wp-on--pointerenter=\"actions.preloadImageWithDelay\" data-wp-on--pointerleave=\"actions.cancelPreload\" data-wp-on-window--resize=\"callbacks.setButtonStyles\" src=\"https:\/\/loudavymkrokem.cz\/wp-content\/uploads\/2026\/09\/evropsk-parlament.jpg\" alt=\"Europ\u00e4isches Parlament\" class=\"wp-image-413197\" title=\"\" srcset=\"https:\/\/loudavymkrokem.cz\/wp-content\/uploads\/2026\/09\/evropsk-parlament.jpg 1280w, https:\/\/loudavymkrokem.cz\/wp-content\/uploads\/2026\/09\/evropsk-parlament-300x225.jpg 300w, https:\/\/loudavymkrokem.cz\/wp-content\/uploads\/2026\/09\/evropsk-parlament-700x525.jpg 700w, https:\/\/loudavymkrokem.cz\/wp-content\/uploads\/2026\/09\/evropsk-parlament-768x576.jpg 768w, https:\/\/loudavymkrokem.cz\/wp-content\/uploads\/2026\/09\/evropsk-parlament-80x60.jpg 80w, https:\/\/loudavymkrokem.cz\/wp-content\/uploads\/2026\/09\/evropsk-parlament-160x120.jpg 160w, https:\/\/loudavymkrokem.cz\/wp-content\/uploads\/2026\/09\/evropsk-parlament-696x522.jpg 696w\" sizes=\"(max-width: 1280px) 100vw, 1280px\" \/><button\n\t\t\tclass=\"lightbox-trigger\"\n\t\t\ttype=\"button\"\n\t\t\taria-haspopup=\"dialog\"\n\t\t\tdata-wp-bind--aria-label=\"state.thisImage.triggerButtonAriaLabel\"\n\t\t\tdata-wp-init=\"callbacks.initTriggerButton\"\n\t\t\tdata-wp-on--click=\"actions.showLightbox\"\n\t\t\tdata-wp-style--right=\"state.thisImage.buttonRight\"\n\t\t\tdata-wp-style--top=\"state.thisImage.buttonTop\"\n\t\t>\n\t\t\t<svg xmlns=\"http:\/\/www.w3.org\/2000\/svg\" width=\"12\" height=\"12\" fill=\"none\" viewBox=\"0 0 12 12\">\n\t\t\t\t<path fill=\"#fff\" d=\"M2 0a2 2 0 0 0-2 2v2h1.5V2a.5.5 0 0 1 .5-.5h2V0H2Zm2 10.5H2a.5.5 0 0 1-.5-.5V8H0v2a2 2 0 0 0 2 2h2v-1.5ZM8 12v-1.5h2a.5.5 0 0 0 .5-.5V8H12v2a2 2 0 0 1-2 2H8Zm2-12a2 2 0 0 1 2 2v2h-1.5V2a.5.5 0 0 0-.5-.5H8V0h2Z\" \/>\n\t\t\t<\/svg>\n\t\t<\/button><figcaption class=\"wp-element-caption\">Foto: Ryan Jose Ruiz III \/ Google Maps<\/figcaption><\/figure>\n\n\n\n<h3 class=\"wp-block-heading\"><span class=\"ez-toc-section\" id=\"8_Europaeisches_Parlament\"><\/span>8. Europ\u00e4isches Parlament<span class=\"ez-toc-section-end\"><\/span><\/h3>\n\n\n\n<p class=\"wp-block-paragraph\">Stra\u00dfburg ist der offizielle Sitz des <a href=\"https:\/\/visiting.europarl.europa.eu\/de\/\" target=\"_blank\" rel=\"nofollow noopener\">Europ\u00e4ischen Parlaments<\/a>, und ein Besuch dieses imposanten modernen Geb\u00e4udes sollte auf deiner Liste der Sehensw\u00fcrdigkeiten definitiv nicht fehlen. Der riesige Glasbau mit kreisf\u00f6rmigem Grundriss und geschwungenem Dach dominiert das ganze Viertel und bildet einen faszinierenden visuellen Kontrast zum historischen Stadtzentrum. Am einfachsten kommst du bequem mit der Stra\u00dfenbahnlinie E her \u2013 steig einfach an der gleichnamigen Haltestelle Parlement Europ\u00e9en aus.<\/p>\n\n\n\n<p class=\"wp-block-paragraph\">Das Beste an der ganzen Sache ist, dass die F\u00fchrungen f\u00fcr die \u00d6ffentlichkeit v\u00f6llig kostenlos sind \u2013 du musst dich am Eingang nur mit einem g\u00fcltigen Personalausweis oder Reisepass ausweisen. W\u00e4hrend der F\u00fchrung blickst du direkt in den ber\u00fchmten Plenarsaal, das Hemicycle, in dem die Europaabgeordneten tagen und wichtige europ\u00e4ische Gesetzgebung entsteht. Die Atmosph\u00e4re dieses riesigen und modernen Raums ist wirklich beeindruckend, und pl\u00f6tzlich wird dir klar, dass auch die Br\u00fcsseler B\u00fcrokratie eine physische Adresse hat \ud83d\ude04.<\/p>\n\n\n\n<p class=\"wp-block-paragraph\">Plane deinen Parlamentsbesuch ausreichend im Voraus und rechne damit, dass die gesamte F\u00fchrung inklusive der ziemlich gr\u00fcndlichen Sicherheitskontrolle am Eingang etwa zwei bis drei Stunden dauert. Die F\u00fchrungen erfolgen mithilfe von Multimediaguides in allen Amtssprachen der Europ\u00e4ischen Union, sodass du dir alle Informationen bequem auf Deutsch anh\u00f6ren kannst.<\/p>\n\n\n\n<figure data-wp-context=\"{&quot;imageId&quot;:&quot;6a9c7c4b889a6&quot;}\" data-wp-interactive=\"core\/image\" data-wp-key=\"6a9c7c4b889a6\" class=\"wp-block-image size-full wp-lightbox-container\"><img decoding=\"async\" width=\"1440\" height=\"1080\" data-wp-class--hide=\"state.isContentHidden\" data-wp-class--show=\"state.isContentVisible\" data-wp-init=\"callbacks.setButtonStyles\" data-wp-on--click=\"actions.showLightbox\" data-wp-on--load=\"callbacks.setButtonStyles\" data-wp-on--pointerdown=\"actions.preloadImage\" data-wp-on--pointerenter=\"actions.preloadImageWithDelay\" data-wp-on--pointerleave=\"actions.cancelPreload\" data-wp-on-window--resize=\"callbacks.setButtonStyles\" src=\"https:\/\/loudavymkrokem.cz\/wp-content\/uploads\/2026\/09\/parlamentarium-simone-veil.jpg\" alt=\"Parlamentarium Simone Veil\" class=\"wp-image-413201\" title=\"\" srcset=\"https:\/\/loudavymkrokem.cz\/wp-content\/uploads\/2026\/09\/parlamentarium-simone-veil.jpg 1440w, https:\/\/loudavymkrokem.cz\/wp-content\/uploads\/2026\/09\/parlamentarium-simone-veil-300x225.jpg 300w, https:\/\/loudavymkrokem.cz\/wp-content\/uploads\/2026\/09\/parlamentarium-simone-veil-700x525.jpg 700w, https:\/\/loudavymkrokem.cz\/wp-content\/uploads\/2026\/09\/parlamentarium-simone-veil-768x576.jpg 768w, https:\/\/loudavymkrokem.cz\/wp-content\/uploads\/2026\/09\/parlamentarium-simone-veil-80x60.jpg 80w, https:\/\/loudavymkrokem.cz\/wp-content\/uploads\/2026\/09\/parlamentarium-simone-veil-160x120.jpg 160w, https:\/\/loudavymkrokem.cz\/wp-content\/uploads\/2026\/09\/parlamentarium-simone-veil-696x522.jpg 696w, https:\/\/loudavymkrokem.cz\/wp-content\/uploads\/2026\/09\/parlamentarium-simone-veil-1392x1044.jpg 1392w\" sizes=\"(max-width: 1440px) 100vw, 1440px\" \/><button\n\t\t\tclass=\"lightbox-trigger\"\n\t\t\ttype=\"button\"\n\t\t\taria-haspopup=\"dialog\"\n\t\t\tdata-wp-bind--aria-label=\"state.thisImage.triggerButtonAriaLabel\"\n\t\t\tdata-wp-init=\"callbacks.initTriggerButton\"\n\t\t\tdata-wp-on--click=\"actions.showLightbox\"\n\t\t\tdata-wp-style--right=\"state.thisImage.buttonRight\"\n\t\t\tdata-wp-style--top=\"state.thisImage.buttonTop\"\n\t\t>\n\t\t\t<svg xmlns=\"http:\/\/www.w3.org\/2000\/svg\" width=\"12\" height=\"12\" fill=\"none\" viewBox=\"0 0 12 12\">\n\t\t\t\t<path fill=\"#fff\" d=\"M2 0a2 2 0 0 0-2 2v2h1.5V2a.5.5 0 0 1 .5-.5h2V0H2Zm2 10.5H2a.5.5 0 0 1-.5-.5V8H0v2a2 2 0 0 0 2 2h2v-1.5ZM8 12v-1.5h2a.5.5 0 0 0 .5-.5V8H12v2a2 2 0 0 1-2 2H8Zm2-12a2 2 0 0 1 2 2v2h-1.5V2a.5.5 0 0 0-.5-.5H8V0h2Z\" \/>\n\t\t\t<\/svg>\n\t\t<\/button><figcaption class=\"wp-element-caption\">Foto: Bianca K. \/ Google Maps<\/figcaption><\/figure>\n\n\n\n<h3 class=\"wp-block-heading\"><span class=\"ez-toc-section\" id=\"9_Parlamentarium_Simone_Veil\"><\/span>9. Parlamentarium Simone Veil<span class=\"ez-toc-section-end\"><\/span><\/h3>\n\n\n\n<p class=\"wp-block-paragraph\">Teil des weitl\u00e4ufigen Komplexes des Europ\u00e4ischen Parlaments ist auch der erst k\u00fcrzlich er\u00f6ffnete Besucherbereich namens <a href=\"https:\/\/visiting.europarl.europa.eu\/de\/visitor-offer\/strasbourg\/parlamentarium-simone-veil\" target=\"_blank\" rel=\"nofollow noopener\">Parlamentarium Simone Veil<\/a>. Das Zentrum ist so gestaltet, dass die europ\u00e4ische Integration spannend klingt \u2013 und \u00fcberraschenderweise gelingt ihnen das. Es ist ein gro\u00dfartiger Ort nicht nur f\u00fcr erwachsene Besucher, sondern auch f\u00fcr \u00e4ltere, neugierige Kinder.<\/p>\n\n\n\n<p class=\"wp-block-paragraph\">Der Hauptmagnet des gesamten Zentrums ist ohne Zweifel der gro\u00dfartige 360\u00b0-Projektionssaal, in dem ein dynamischer Film \u00fcber die Funktionsweise des Europ\u00e4ischen Parlaments gezeigt wird, dank dem du dich visuell mitten ins Geschehen versetzt f\u00fchlst. Es gibt au\u00dferdem verschiedene interaktive Module und Touchscreens, \u00fcber die du ganz einfach herausfindest, welche Entscheidungen in der Vergangenheit gerade f\u00fcr deine konkrete Heimatregion getroffen wurden.<\/p>\n\n\n\n<p class=\"wp-block-paragraph\">F\u00fcr gr\u00f6\u00dfere organisierte Gruppen bietet das Zentrum auch ein spezielles Rollenspiel an, bei dem die Teilnehmer am eigenen Leib ausprobieren k\u00f6nnen, wie es ist, ein echter Abgeordneter zu sein und m\u00fchsam \u00fcber neue Gesetze zu verhandeln. Ein Halt in diesem Zentrum erg\u00e4nzt die F\u00fchrung durch den eigentlichen Plenarsaal perfekt, und der Eintritt ist auch hier f\u00fcr alle kostenlos.<\/p>\n\n\n\n<figure data-wp-context=\"{&quot;imageId&quot;:&quot;6a9c7c4b893fe&quot;}\" data-wp-interactive=\"core\/image\" data-wp-key=\"6a9c7c4b893fe\" class=\"wp-block-image size-full wp-lightbox-container\"><img decoding=\"async\" width=\"1600\" height=\"1200\" data-wp-class--hide=\"state.isContentHidden\" data-wp-class--show=\"state.isContentVisible\" data-wp-init=\"callbacks.setButtonStyles\" data-wp-on--click=\"actions.showLightbox\" data-wp-on--load=\"callbacks.setButtonStyles\" data-wp-on--pointerdown=\"actions.preloadImage\" data-wp-on--pointerenter=\"actions.preloadImageWithDelay\" data-wp-on--pointerleave=\"actions.cancelPreload\" data-wp-on-window--resize=\"callbacks.setButtonStyles\" src=\"https:\/\/loudavymkrokem.cz\/wp-content\/uploads\/2026\/09\/rada-evropy.jpg\" alt=\"Europarat und Institutionenviertel\" class=\"wp-image-413204\" title=\"\" srcset=\"https:\/\/loudavymkrokem.cz\/wp-content\/uploads\/2026\/09\/rada-evropy.jpg 1600w, https:\/\/loudavymkrokem.cz\/wp-content\/uploads\/2026\/09\/rada-evropy-300x225.jpg 300w, https:\/\/loudavymkrokem.cz\/wp-content\/uploads\/2026\/09\/rada-evropy-700x525.jpg 700w, https:\/\/loudavymkrokem.cz\/wp-content\/uploads\/2026\/09\/rada-evropy-768x576.jpg 768w, https:\/\/loudavymkrokem.cz\/wp-content\/uploads\/2026\/09\/rada-evropy-1536x1152.jpg 1536w, https:\/\/loudavymkrokem.cz\/wp-content\/uploads\/2026\/09\/rada-evropy-80x60.jpg 80w, https:\/\/loudavymkrokem.cz\/wp-content\/uploads\/2026\/09\/rada-evropy-160x120.jpg 160w, https:\/\/loudavymkrokem.cz\/wp-content\/uploads\/2026\/09\/rada-evropy-696x522.jpg 696w, https:\/\/loudavymkrokem.cz\/wp-content\/uploads\/2026\/09\/rada-evropy-1392x1044.jpg 1392w\" sizes=\"(max-width: 1600px) 100vw, 1600px\" \/><button\n\t\t\tclass=\"lightbox-trigger\"\n\t\t\ttype=\"button\"\n\t\t\taria-haspopup=\"dialog\"\n\t\t\tdata-wp-bind--aria-label=\"state.thisImage.triggerButtonAriaLabel\"\n\t\t\tdata-wp-init=\"callbacks.initTriggerButton\"\n\t\t\tdata-wp-on--click=\"actions.showLightbox\"\n\t\t\tdata-wp-style--right=\"state.thisImage.buttonRight\"\n\t\t\tdata-wp-style--top=\"state.thisImage.buttonTop\"\n\t\t>\n\t\t\t<svg xmlns=\"http:\/\/www.w3.org\/2000\/svg\" width=\"12\" height=\"12\" fill=\"none\" viewBox=\"0 0 12 12\">\n\t\t\t\t<path fill=\"#fff\" d=\"M2 0a2 2 0 0 0-2 2v2h1.5V2a.5.5 0 0 1 .5-.5h2V0H2Zm2 10.5H2a.5.5 0 0 1-.5-.5V8H0v2a2 2 0 0 0 2 2h2v-1.5ZM8 12v-1.5h2a.5.5 0 0 0 .5-.5V8H12v2a2 2 0 0 1-2 2H8Zm2-12a2 2 0 0 1 2 2v2h-1.5V2a.5.5 0 0 0-.5-.5H8V0h2Z\" \/>\n\t\t\t<\/svg>\n\t\t<\/button><figcaption class=\"wp-element-caption\">Foto: Anton Nyberg \/ Google Maps<\/figcaption><\/figure>\n\n\n\n<!-- LKM_GYG_CARD start q=\"strasbourg\" lang=\"de\" rendered=\"2026-09-05T17:39:18+00:00\" v=\"1\" -->\n<style id=\"lk-gyg-styles\">\n@import url(\"https:\/\/fonts.googleapis.com\/css2?family=Playfair+Display:wght@700&family=DM+Sans:wght@300;400;500;600&display=swap\");\n\/* === LK GYG karty \u2014 CRO redesign 2026-05 (namespace .lkx-) ===\n   C\u00edl: vy\u0161\u0161\u00ed CTR (hero + v\u00fdrazn\u00fd social proof + ak\u010dn\u00ed CTA, m\u00e9n\u011b \"reklamn\u00ed\").\n   Injektuje se inline do prvn\u00edho markeru postu (refresh_cards.py --inline-css). *\/\n.lkx-module, .lkx-module *{box-sizing:border-box;margin:0;padding:0}\n.lkx-module{\n  font-family:'DM Sans',-apple-system,Segoe UI,Roboto,Georgia,sans-serif;\n  max-width:860px;margin:2.5rem auto;color:#1f2328;\n}\n\n\/* HEADER \u2014 lehk\u00fd editorsk\u00fd, \u017e\u00e1dn\u00fd bannerov\u00fd blok; nadpis + popisek pod n\u00edm *\/\n.lkx-head{margin-bottom:16px}\n.lkx-head-main{display:flex;align-items:center;gap:10px}\n.lkx-head-accent{width:26px;height:3px;border-radius:2px;background:#c39f76;flex-shrink:0}\n.lkx-head-title{font-family:'Playfair Display',Georgia,serif;font-size:21px;font-weight:700;color:#1a1a1a;line-height:1.25}\n.lkx-head-meta{display:block;font-size:11px;letter-spacing:.3px;color:#9aa0a6;margin-top:4px;margin-left:36px}\n\n\/* HERO *\/\n.lkx-hero{display:grid;grid-template-columns:300px 1fr;background:#fff;border:1px solid #ece7df;border-radius:14px;overflow:hidden;text-decoration:none!important;color:inherit;box-shadow:0 6px 20px rgba(0,0,0,.06);transition:box-shadow .2s,transform .2s;margin-bottom:14px}\n.lkx-hero:hover{box-shadow:0 12px 30px rgba(0,0,0,.12);transform:translateY(-2px)}\n.lkx-hero-img{position:relative;min-height:230px;background-size:cover;background-position:center;background-color:#eee}\n.lkx-hero-body{padding:22px 24px;display:flex;flex-direction:column}\n.lkx-pick{position:absolute;top:12px;left:12px;background:#1a1a1a;color:#fff;font-size:11px;font-weight:700;letter-spacing:.5px;padding:5px 11px;border-radius:20px}\n\n\/* TITLE *\/\n.lkx-title{font-size:19px;font-weight:700;color:#161616;line-height:1.3}\n.lkx-title-sm{font-size:14.5px;line-height:1.35;display:-webkit-box;-webkit-line-clamp:2;-webkit-box-orient:vertical;overflow:hidden}\n\n\/* SOCIAL PROOF \u2014 v\u00fdrazn\u011b, naho\u0159e *\/\n.lkx-proof{display:flex;align-items:center;gap:7px;margin-top:12px;font-size:15px;color:#3a3a3a}\n.lkx-proof b{font-size:16px;color:#161616}\n.lkx-stars{color:#f5a623;letter-spacing:1px}\n.lkx-proof-sm{font-size:12.5px;margin-top:8px;gap:5px}\n.lkx-proof-sm b{font-size:13px}\n.lkx-proof-new{color:#3685fc;font-weight:600}\n\n\/* PRICE \u2014 n\u00edzk\u00e1 kotva *\/\n.lkx-price{font-size:14px;color:#6b7280}\n.lkx-price b{font-size:20px;color:#161616;font-weight:700}\n.lkx-price-sm b{font-size:15px}\n\n\/* CTA \u2014 tepl\u00e9 ak\u010dn\u00ed tla\u010d\u00edtko *\/\n.lkx-cta{display:inline-flex;align-items:center;justify-content:center;text-decoration:none!important;font-weight:700;color:#fff!important;background:linear-gradient(135deg,#f6743f,#e8552a);border-radius:10px;box-shadow:0 6px 16px rgba(232,85,42,.32);transition:box-shadow .2s}\n.lkx-cta-hero{font-size:15px;padding:13px 22px}\n.lkx-hero:hover .lkx-cta-hero{box-shadow:0 8px 22px rgba(232,85,42,.45)}\n.lkx-cta-sm{font-size:12.5px;padding:9px 14px;width:100%;margin-top:2px}\n.lkx-hero-bottom{margin-top:auto;padding-top:18px;display:flex;align-items:center;justify-content:space-between;gap:14px;flex-wrap:wrap}\n\n\/* BADGE \u2014 jeden v\u00fdrazn\u00fd na fotce *\/\n.lkx-badge{position:absolute;top:12px;right:12px;font-size:10.5px;font-weight:700;letter-spacing:.3px;padding:5px 10px;border-radius:16px;color:#fff}\n.lkx-badge.badge-urgency{background:rgba(214,40,40,.92)}\n.lkx-badge.badge-new{background:rgba(54,133,252,.92)}\n.lkx-badge.badge-top{background:rgba(195,159,118,.95)}\n.lkx-badge.badge-info{background:rgba(40,40,40,.78)}\n\n\/* SECONDARY GRID *\/\n.lkx-grid{display:grid;grid-template-columns:1fr 1fr;gap:14px}\n.lkx-card{background:#fff;border:1px solid #ece7df;border-radius:14px;overflow:hidden;text-decoration:none!important;color:inherit;box-shadow:0 4px 14px rgba(0,0,0,.05);display:flex;flex-direction:column;transition:box-shadow .2s,transform .2s}\n.lkx-card:hover{box-shadow:0 10px 24px rgba(0,0,0,.1);transform:translateY(-2px)}\n.lkx-card-img{position:relative;aspect-ratio:16\/10;background-size:cover;background-position:center;background-color:#eee}\n.lkx-card-body{padding:14px 16px 16px;display:flex;flex-direction:column;gap:7px;flex:1}\n.lkx-card-bottom{margin-top:auto;padding-top:10px;display:flex;align-items:center;justify-content:space-between;gap:8px}\n\n\/* DISCLOSURE \u2014 drobn\u00e1, kv\u016fli d\u016fv\u011b\u0159e\/z\u00e1konu *\/\n.lkx-disclosure{font-size:11px;color:#a7adb3;text-align:center;margin-top:14px;line-height:1.6}\n.lkx-disclosure a{color:#c39f76;text-decoration:none}\n\n@media(max-width:680px){\n  .lkx-hero{grid-template-columns:1fr}\n  .lkx-hero-img{min-height:180px}\n  .lkx-grid{grid-template-columns:1fr}\n  .lkx-head-meta{margin-left:0;width:100%}\n  .lkx-head-title{font-size:19px}\n}\n\n<\/style>\n<div class=\"lkx-module\" data-query=\"strasbourg\">\n  <div class=\"lkx-head\">\n    <div class=\"lkx-head-main\">\n      <span class=\"lkx-head-accent\"><\/span>\n      <span class=\"lkx-head-title\">Erlebnisse &amp; Tickets<\/span>\n    <\/div>\n    <span class=\"lkx-head-meta\">von Reisenden bewertet \u00b7 GetYourGuide<\/span>\n  <\/div><a class=\"lkx-hero\" href=\"https:\/\/www.getyourguide.com\/de-de\/strassburg-l293\/strassburg-rundgang-mit-einem-ortskundigen-guide-t877665\/?partner_id=MKZ64IS&amp;utm_medium=online_publisher&amp;cmp=strassburg-frankreich-sehenswuerdigkeiten\" target=\"_blank\" rel=\"sponsored noopener nofollow\">\n    <div class=\"lkx-hero-img\" style=\"background-image:url('https:\/\/cdn.getyourguide.com\/img\/tour\/55865d3f8d08e2193af59ad660b04fb53bbd1f5148dde1eff9892481aee3de49.png\/132.jpg')\" role=\"img\" aria-label=\"Stra\u00dfburg: Rundgang mit einem ortskundigen Guide\">\n      <span class=\"lkx-pick\">\u2605 Unser Tipp<\/span><\/div>\n    <div class=\"lkx-hero-body\">\n      <div class=\"lkx-title\">Stra\u00dfburg: Rundgang mit einem ortskundigen Guide<\/div>\n      <div class=\"lkx-proof\">\n      <span class=\"lkx-stars\">\u2605\u2605\u2605\u2605\u2605<\/span>\n      <b>4.4<\/b> \u00b7 904 Bewertungen\n    <\/div>\n      <div class=\"lkx-hero-bottom\"><div class=\"lkx-price\">ab <b>28\u00a0\u20ac<\/b><\/div><span class=\"lkx-cta lkx-cta-hero\">Das will ich erleben \u2192<\/span>\n      <\/div>\n    <\/div>\n  <\/a><div class=\"lkx-grid\"><a class=\"lkx-card\" href=\"https:\/\/www.getyourguide.com\/de-de\/strassburg-l293\/strassburg-fahrradtour-mit-einem-guide-inklusive-fahrrader-t487695\/?partner_id=MKZ64IS&amp;utm_medium=online_publisher&amp;cmp=strassburg-frankreich-sehenswuerdigkeiten\" target=\"_blank\" rel=\"sponsored noopener nofollow\">\n      <div class=\"lkx-card-img\" style=\"background-image:url('https:\/\/cdn.getyourguide.com\/img\/tour\/64aea1102544f.png\/132.jpg')\" role=\"img\" aria-label=\"Stra\u00dfburg: Fahrradtour mit Guide, Fahrr\u00e4der inklusive\"><\/div>\n      <div class=\"lkx-card-body\">\n        <div class=\"lkx-title lkx-title-sm\">Stra\u00dfburg: Fahrradtour mit Guide, Fahrr\u00e4der inklusive<\/div>\n        <div class=\"lkx-proof lkx-proof-sm\">\n      <span class=\"lkx-stars\">\u2605<\/span>\n      <b>4.5<\/b> \u00b7 401\n    <\/div>\n        <div class=\"lkx-card-bottom\"><span class=\"lkx-price lkx-price-sm\">ab <b>39\u00a0\u20ac<\/b><\/span><span class=\"lkx-cta lkx-cta-sm\">Termine ansehen \u2192<\/span>\n        <\/div>\n      <\/div>\n    <\/a><a class=\"lkx-card\" href=\"https:\/\/www.getyourguide.com\/de-de\/strassburg-l293\/strassburg-elsassischer-lebensmittelverkostungsrundgang-mit-5-verkostungen-t1458211\/?partner_id=MKZ64IS&amp;utm_medium=online_publisher&amp;cmp=strassburg-frankreich-sehenswuerdigkeiten\" target=\"_blank\" rel=\"sponsored noopener nofollow\">\n      <div class=\"lkx-card-img\" style=\"background-image:url('https:\/\/cdn.getyourguide.com\/img\/tour\/e965587a48bc449a08b2ef17afbfc818a8ca05db25bccd1e896e40df12dc7ce3.jpg\/132.jpg')\" role=\"img\" aria-label=\"Stra\u00dfburg: Els\u00e4ssischer Lebensmittelverkostungsrundgang mit 5 Verkostungen\"><\/div>\n      <div class=\"lkx-card-body\">\n        <div class=\"lkx-title lkx-title-sm\">Stra\u00dfburg: Els\u00e4ssischer Lebensmittelverkostungsrundgang mit 5 Verkostungen<\/div>\n        <div class=\"lkx-proof lkx-proof-sm\">\n      <span class=\"lkx-stars\">\u2605<\/span>\n      <b>0.0<\/b> \u00b7 0\n    <\/div>\n        <div class=\"lkx-card-bottom\"><span class=\"lkx-price lkx-price-sm\">ab <b>45\u00a0\u20ac<\/b><\/span><span class=\"lkx-cta lkx-cta-sm\">Termine ansehen \u2192<\/span>\n        <\/div>\n      <\/div>\n    <\/a><\/div><div class=\"lkx-disclosure\">\ud83d\udd17 Affiliate-Links \u2014 kein Aufpreis f\u00fcr dich, sie helfen uns, Inhalte zu erstellen. \u00b7 <a href=\"https:\/\/www.getyourguide.com\/de-de\/s\/?q=strasbourg&amp;partner_id=MKZ64IS&amp;utm_medium=online_publisher\" target=\"_blank\" rel=\"sponsored noopener nofollow\">Alle Erlebnisse \u2192<\/a><\/div>\n<\/div>\n<!-- LKM_GYG_CARD end -->\n\n\n\n\n<div class=\"lk-stays-module\">\n<style>\n\/* \u2500\u2500\u2500 RESET PRO GUTENBERG \u2500\u2500\u2500 *\/\n.lk-stays-module * { box-sizing: border-box; margin: 0; padding: 0; }\n\n\/* \u2500\u2500\u2500 WRAPPER \u2500\u2500\u2500 *\/\n.lk-stays-module {\n  font-family: 'DM Sans', Georgia, sans-serif;\n  max-width: 100%;\n  margin: 2.5rem auto;\n  background: linear-gradient(135deg, #fdfaf5 0%, #fcf8f0 100%);\n  border: 1px solid #e8dfd4;\n  border-radius: 16px;\n  overflow: hidden;\n  box-shadow: 0 16px 48px rgba(195, 159, 118, 0.25), 0 4px 12px rgba(0,0,0,0.08);\n}\n\n\/* \u2500\u2500\u2500 HEADER \u2500\u2500\u2500 *\/\n.lk-stays-header {\n  position: relative;\n  padding: 24px 36px 24px;\n  background: linear-gradient(135deg, #c39f76 0%, #d4b188 60%, #c39f76 100%);\n  border-bottom: 1px solid rgba(255,255,255,.15);\n  display: flex;\n  align-items: center;\n  gap: 18px;\n}\n.lk-stays-header::before {\n  content: '';\n  position: absolute;\n  inset: 0;\n  background: url(\"data:image\/svg+xml,%3Csvg width='60' height='60' viewBox='0 0 60 60' xmlns='http:\/\/www.w3.org\/2000\/svg'%3E%3Cg fill='none' fill-rule='evenodd'%3E%3Cg fill='%23ffffff' fill-opacity='0.05'%3E%3Cpath d='M36 34v-4h-2v4h-4v2h4v4h2v-4h4v-2h-4zm0-30V0h-2v4h-4v2h4v4h2V6h4V4h-4zM6 34v-4H4v4H0v2h4v4h2v-4h4v-2H6zM6 4V0H4v4H0v2h4v4h2V6h4V4H6z'\/%3E%3C\/g%3E%3C\/g%3E%3C\/svg%3E\") repeat;\n  pointer-events: none;\n}\n.lk-stays-icon {\n  flex-shrink: 0;\n  width: 68px;\n  height: 68px;\n  border-radius: 14px;\n  background: linear-gradient(135deg, #fff 0%, #f9f6f0 100%);\n  display: flex;\n  align-items: center;\n  justify-content: center;\n  font-size: 26px;\n  box-shadow: 0 4px 12px rgba(0,0,0,0.15);\n}\n.lk-stays-eyebrow {\n  font-size: 10px;\n  font-weight: 500;\n  letter-spacing: 2.5px;\n  text-transform: uppercase;\n  color: rgba(255,255,255,.85);\n  margin: 0 0 5px 0;\n}\n.lk-stays-title {\n  font-family: 'Playfair Display', Georgia, serif;\n  font-size: 24px;\n  font-weight: 700;\n  color: #fff;\n  line-height: 1.2;\n  text-shadow: 0 1px 2px rgba(0,0,0,0.1);\n  margin: 0;\n}\n.lk-stays-subtitle {\n  font-size: 13px;\n  color: rgba(255,255,255,.75);\n  margin: 4px 0 0 0;\n  font-weight: 300;\n}\n\n\/* \u2500\u2500\u2500 CARDS GRID \u2500\u2500\u2500 *\/\n.lk-stays-grid {\n  display: grid;\n  grid-template-columns: 1fr 1fr;\n  gap: 1px;\n  background: rgba(195, 159, 118, 0.12);\n}\n\n\/* \u2500\u2500\u2500 SINGLE CARD \u2500\u2500\u2500 *\/\n.lk-stay-card {\n  background: #ffffff;\n  padding: 26px;\n  display: flex;\n  flex-direction: column;\n  gap: 11px;\n  transition: all 0.3s ease;\n  text-decoration: none;\n  color: inherit;\n  position: relative;\n}\n.lk-stay-card:hover {\n  background: #fffbf5;\n  transform: translateY(-2px);\n  box-shadow: 0 8px 24px rgba(195, 159, 118, 0.18);\n  z-index: 1;\n}\n.lk-stay-card.featured {\n  background: linear-gradient(135deg, #fffdf9 0%, #fff9f0 100%);\n  box-shadow: 0 4px 16px rgba(195, 159, 118, 0.15), inset 0 1px 0 rgba(195, 159, 118, 0.1);\n}\n.lk-stay-card.featured:hover {\n  background: linear-gradient(135deg, #fffbf5 0%, #fff8ed 100%);\n  box-shadow: 0 8px 24px rgba(195, 159, 118, 0.25), inset 0 1px 0 rgba(195, 159, 118, 0.15);\n}\n\n.lk-stay-badge {\n  display: inline-flex;\n  align-items: center;\n  gap: 5px;\n  font-size: 10px;\n  font-weight: 500;\n  letter-spacing: 1.5px;\n  text-transform: uppercase;\n  padding: 5px 11px;\n  border-radius: 20px;\n  width: fit-content;\n}\n.badge-top     { background: linear-gradient(135deg, #c39f76 0%, #d4b188 100%); color: #fff; border: 1px solid #c39f76; font-weight: 600; box-shadow: 0 2px 8px rgba(195,159,118,0.3); }\n.badge-luxury  { background: rgba(195,159,118,.12); color: #c39f76; border: 1px solid rgba(195,159,118,.25); }\n.badge-boutique{ background: rgba(54,133,252,.08); color: #3685fc; border: 1px solid rgba(54,133,252,.2); }\n.badge-nature  { background: rgba(130,190,100,.1); color: #6b9c4a; border: 1px solid rgba(130,190,100,.2); }\n.badge-remote  { background: rgba(195,159,118,.12); color: #a67e50; border: 1px solid rgba(195,159,118,.25); }\n\n.lk-stay-name {\n  font-family: 'Playfair Display', Georgia, serif;\n  font-size: 18px;\n  font-weight: 700;\n  color: #111827;\n  line-height: 1.3;\n}\n.lk-stay-desc {\n  font-size: 13.5px;\n  color: #525252;\n  line-height: 1.65;\n  font-weight: 300;\n  flex: 1;\n}\n\n.lk-stay-meta {\n  display: flex;\n  align-items: center;\n  gap: 12px;\n  flex-wrap: wrap;\n  margin-top: 4px;\n}\n.lk-stay-price {\n  font-size: 13px;\n  color: #6b7280;\n}\n.lk-stay-price strong {\n  color: #c39f76;\n  font-weight: 500;\n}\n.lk-stay-stars {\n  color: #c39f76;\n  font-size: 11px;\n  letter-spacing: 1px;\n}\n\n\/* \u2500\u2500\u2500 CTA BUTTON \u2500\u2500\u2500 *\/\n.lk-stay-cta {\n  display: inline-flex;\n  align-items: center;\n  justify-content: center;\n  gap: 7px;\n  margin-top: 8px;\n  padding: 11px 20px;\n  border-radius: 8px;\n  background: linear-gradient(135deg, #3685fc 0%, #2a6fd9 100%);\n  color: #fff;\n  font-size: 13px;\n  font-weight: 500;\n  text-decoration: none;\n  letter-spacing: .3px;\n  transition: all .2s ease;\n  cursor: pointer;\n  border: none;\n  text-align: center;\n  box-shadow: 0 4px 12px rgba(54, 133, 252, 0.25);\n}\n.lk-stay-cta:hover {\n  background: linear-gradient(135deg, #2a6fd9 0%, #1e5bc4 100%);\n  transform: translateY(-1px);\n  box-shadow: 0 6px 16px rgba(54, 133, 252, 0.35);\n}\n.lk-stay-cta svg { flex-shrink: 0; }\n\n\/* \u2500\u2500\u2500 FOOTER \u2500\u2500\u2500 *\/\n.lk-stays-footer {\n  padding: 18px 36px;\n  background: linear-gradient(to bottom, #fdfaf5 0%, #f9f4ed 100%);\n  border-top: 1px solid rgba(195, 159, 118, 0.15);\n  display: flex;\n  align-items: center;\n  justify-content: space-between;\n  flex-wrap: wrap;\n  gap: 12px;\n}\n.lk-stays-footer-note {\n  font-size: 11.5px;\n  color: #6b7280;\n  font-weight: 300;\n  line-height: 1.5;\n}\n.lk-stays-footer-note a {\n  color: #c39f76;\n  text-decoration: none;\n  font-weight: 400;\n}\n.lk-stays-footer-note a:hover {\n  text-decoration: underline;\n}\n.lk-stays-all-btn {\n  display: inline-flex;\n  align-items: center;\n  gap: 6px;\n  font-size: 12.5px;\n  font-weight: 500;\n  color: #c39f76;\n  text-decoration: none;\n  border: 1px solid rgba(195, 159, 118, 0.35);\n  padding: 8px 18px;\n  border-radius: 8px;\n  transition: all .2s ease;\n}\n.lk-stays-all-btn:hover {\n  background: rgba(195, 159, 118, 0.08);\n  border-color: rgba(195, 159, 118, 0.5);\n}\n\n\/* \u2500\u2500\u2500 RESPONSIVE \u2500\u2500\u2500 *\/\n@media (max-width: 600px) {\n  .lk-stays-grid { grid-template-columns: 1fr; }\n  .lk-stays-header { padding: 24px 20px; }\n  .lk-stays-footer { padding: 16px 20px; }\n  .lk-stay-card { padding: 22px; }\n  .lk-stays-title { font-size: 20px; }\n}\n<\/style>\n\n  <!-- HEADER -->\n  <div class=\"lk-stays-header\">\n    <img decoding=\"async\" src=\"https:\/\/loudavymkrokem.cz\/wp-content\/uploads\/2026\/02\/lukas-a-lucka.jpg\" alt=\"\" style=\"width: 75px; height: 75px; border-radius: 8px; flex-shrink: 0; object-fit: cover; display: block; margin: 4px 0;\" title=\"\">\n    <div class=\"lk-stays-header-text\">\n      <div class=\"lk-stays-eyebrow\">Luk\u00e1\u0161 und Lucie empfehlen<\/div>\n      <div class=\"lk-stays-title\">Wo man in Stra\u00dfburg \u00fcbernachten kann<\/div>\n      <div class=\"lk-stays-subtitle\">4 Unterk\u00fcnfte \u2014 Hotels und weitere \u00dcbernachtungsm\u00f6glichkeiten<\/div>\n    <\/div>\n  <\/div>\n\n  <!-- CARDS -->\n  <div class=\"lk-stays-grid\">\n\n    <a class=\"lk-stay-card featured\" href=\"https:\/\/www.stay22.com\/allez\/roam?aid=lukaskonecny&#038;campaign=loudavymkrokemcz&#038;campaign=de&#038;campaign=covidetvestrasburku&#038;address=%C5%A0trasburk&#038;hotelname=H%C3%B4tel+Cour+du+Corbeau+Strasbourg+-+MGallery&#038;search=H%C3%B4tel+Cour+du+Corbeau+Strasbourg+-+MGallery&#038;category=accommodation\" target=\"_blank\" rel=\"nofollow noopener\">\n      <span class=\"lk-stay-badge badge-top\">\u2b50 TOP-WAHL<\/span>\n      <span class=\"lk-stay-badge badge-nature\">\ud83c\udfe8 Hotel<\/span>\n      <div class=\"lk-stay-name\">H\u00f4tel Cour du Corbeau Strasbourg &#8211; MGallery<\/div>\n      <div class=\"lk-stay-desc\">Ein architektonisches Juwel in einem renovierten historischen Haus aus dem 16. Jahrhundert mit Holzgalerien, bietet eine romantische Atmosph\u00e4re am Wasserkanal.<\/div>\n      <div class=\"lk-stay-meta\">\n        <span class=\"lk-stay-stars\">\u2605\u2605\u2605\u2605<\/span>\n        <span class=\"lk-stay-price\">Preise pr\u00fcfen<\/span>\n      <\/div>\n      <span class=\"lk-stay-cta\">\n        <svg width=\"14\" height=\"14\" viewBox=\"0 0 24 24\" fill=\"none\" stroke=\"currentColor\" stroke-width=\"2\"><path d=\"M18 13v6a2 2 0 0 1-2 2H5a2 2 0 0 1-2-2V8a2 2 0 0 1 2-2h6\"\/><polyline points=\"15 3 21 3 21 9\"\/><line x1=\"10\" y1=\"14\" x2=\"21\" y2=\"3\"\/><\/svg>\n        Verf\u00fcgbarkeit pr\u00fcfen\n      <\/span>\n    <\/a>\n\n    <a class=\"lk-stay-card\" href=\"https:\/\/www.stay22.com\/allez\/roam?aid=lukaskonecny&#038;campaign=loudavymkrokemcz&#038;campaign=de&#038;campaign=covidetvestrasburku&#038;address=%C5%A0trasburk&#038;hotelname=H%C3%B4tel+L%C3%89ONOR+the+place+to+live&#038;search=H%C3%B4tel+L%C3%89ONOR+the+place+to+live&#038;category=accommodation\" target=\"_blank\" rel=\"nofollow noopener\">\n      <span class=\"lk-stay-badge badge-nature\">\ud83c\udfe8 Hotel<\/span>\n      <div class=\"lk-stay-name\">H\u00f4tel L\u00c9ONOR the place to live<\/div>\n      <div class=\"lk-stay-desc\">Modernes Design in einem historischen Geb\u00e4ude unweit des Broglie-Platzes mit einem herrlichen Innenhof zum Verweilen.<\/div>\n      <div class=\"lk-stay-meta\">\n        <span class=\"lk-stay-stars\">\u2605\u2605\u2605\u2605<\/span>\n        <span class=\"lk-stay-price\">Preise pr\u00fcfen<\/span>\n      <\/div>\n      <span class=\"lk-stay-cta\">\n        <svg width=\"14\" height=\"14\" viewBox=\"0 0 24 24\" fill=\"none\" stroke=\"currentColor\" stroke-width=\"2\"><path d=\"M18 13v6a2 2 0 0 1-2 2H5a2 2 0 0 1-2-2V8a2 2 0 0 1 2-2h6\"\/><polyline points=\"15 3 21 3 21 9\"\/><line x1=\"10\" y1=\"14\" x2=\"21\" y2=\"3\"\/><\/svg>\n        Verf\u00fcgbarkeit pr\u00fcfen\n      <\/span>\n    <\/a>\n\n    <a class=\"lk-stay-card\" href=\"https:\/\/www.stay22.com\/allez\/roam?aid=lukaskonecny&#038;campaign=loudavymkrokemcz&#038;campaign=de&#038;campaign=covidetvestrasburku&#038;address=%C5%A0trasburk&#038;hotelname=H%C3%B4tel+Gutenberg&#038;search=H%C3%B4tel+Gutenberg&#038;category=accommodation\" target=\"_blank\" rel=\"nofollow noopener\">\n      <span class=\"lk-stay-badge badge-nature\">\ud83c\udfe8 Hotel<\/span>\n      <div class=\"lk-stay-name\">H\u00f4tel Gutenberg<\/div>\n      <div class=\"lk-stay-desc\">Strategische Lage unweit der Hauptfu\u00dfg\u00e4ngerzone, kleinere Zimmer mit ausgezeichneter Sauberkeit und bequemen Betten, sehr hilfsbereites Personal.<\/div>\n      <div class=\"lk-stay-meta\">\n        <span class=\"lk-stay-stars\">\u2605\u2605\u2605\u2605<\/span>\n        <span class=\"lk-stay-price\">Preise pr\u00fcfen<\/span>\n      <\/div>\n      <span class=\"lk-stay-cta\">\n        <svg width=\"14\" height=\"14\" viewBox=\"0 0 24 24\" fill=\"none\" stroke=\"currentColor\" stroke-width=\"2\"><path d=\"M18 13v6a2 2 0 0 1-2 2H5a2 2 0 0 1-2-2V8a2 2 0 0 1 2-2h6\"\/><polyline points=\"15 3 21 3 21 9\"\/><line x1=\"10\" y1=\"14\" x2=\"21\" y2=\"3\"\/><\/svg>\n        Verf\u00fcgbarkeit pr\u00fcfen\n      <\/span>\n    <\/a>\n\n    <a class=\"lk-stay-card\" href=\"https:\/\/www.stay22.com\/allez\/roam?aid=lukaskonecny&#038;campaign=loudavymkrokemcz&#038;campaign=de&#038;campaign=covidetvestrasburku&#038;address=\u0161trasburk\" target=\"_blank\" rel=\"nofollow noopener\">\n      <span class=\"lk-stay-badge badge-nature\">\ud83d\udd0d Suchen<\/span>\n      <div class=\"lk-stay-name\">Alle Unterk\u00fcnfte in Stra\u00dfburg anzeigen<\/div>\n      <div class=\"lk-stay-desc\">Entdecken Sie alle verf\u00fcgbaren \u00dcbernachtungsm\u00f6glichkeiten in Stra\u00dfburg und finden Sie die beste Option nach Ihren Vorlieben und Ihrem Budget.<\/div>\n      <div class=\"lk-stay-meta\">\n        <span class=\"lk-stay-stars\">\u2605\u2605\u2605\u2605<\/span>\n        <span class=\"lk-stay-price\">Preise vergleichen<\/span>\n      <\/div>\n      <span class=\"lk-stay-cta\">\n        <svg width=\"14\" height=\"14\" viewBox=\"0 0 24 24\" fill=\"none\" stroke=\"currentColor\" stroke-width=\"2\"><path d=\"M18 13v6a2 2 0 0 1-2 2H5a2 2 0 0 1-2-2V8a2 2 0 0 1 2-2h6\"\/><polyline points=\"15 3 21 3 21 9\"\/><line x1=\"10\" y1=\"14\" x2=\"21\" y2=\"3\"\/><\/svg>\n        Verf\u00fcgbarkeit pr\u00fcfen\n      <\/span>\n    <\/a>\n\n  <\/div>\n\n  \n<\/div>\n\n\n\n\n<h3 class=\"wp-block-heading\"><span class=\"ez-toc-section\" id=\"10_Europarat_und_Institutionenviertel\"><\/span>10. Europarat und Institutionenviertel<span class=\"ez-toc-section-end\"><\/span><\/h3>\n\n\n\n<p class=\"wp-block-paragraph\">Das Europ\u00e4ische Parlament ist ganz sicher nicht die einzige wichtige Institution in dieser Stadt. Gleich in unmittelbarer Nachbarschaft befinden sich das imposante Geb\u00e4ude des Europarats und der ber\u00fchmte Europ\u00e4ische Gerichtshof f\u00fcr Menschenrechte. Dieses ganze moderne Viertel, das sich rund um den ruhigen Zusammenfluss der Fl\u00fcsse Ill und Marne erstreckt, ist architektonisch \u00fcberaus interessant, und schon ein Spaziergang zwischen diesen Glaspal\u00e4sten stimmt dich richtig ein.<\/p>\n\n\n\n<p class=\"wp-block-paragraph\">Das Geb\u00e4ude des Europ\u00e4ischen Gerichtshofs f\u00fcr Menschenrechte selbst, das vom renommierten Architekten Richard Rogers entworfen wurde, erinnert mit seinen k\u00fchnen Formen an zwei riesige st\u00e4hlerne Schiffe am Flussufer und z\u00e4hlt zu den bemerkenswertesten modernen Bauwerken in ganz Frankreich. F\u00fchrungen durch diese speziellen Institutionen sind f\u00fcr Einzelpersonen zwar komplizierter und erfordern oft eine langwierige vorherige Genehmigung, aber schon der Anblick von au\u00dfen und ein Spaziergang \u00fcber die umliegenden breiten Promenaden lohnen sich auf jeden Fall.<\/p>\n\n\n\n<p class=\"wp-block-paragraph\">Dieses ganze Verwaltungsgebiet ist \u00fcberraschend dicht von Gr\u00fcn und Wasserkan\u00e4len umgeben, sodass der Kontrast zwischen der strengen modernen Architektur und der ruhigen Natur hier sehr stark ist. Es ist ein gro\u00dfartiger Ort f\u00fcr einen Nachmittagsspaziergang, wenn du f\u00fcr einen Moment von den manchmal belebten historischen Gassen im Zentrum entfliehen m\u00f6chtest.<\/p>\n\n\n\n<figure data-wp-context=\"{&quot;imageId&quot;:&quot;6a9c7c4b89ae0&quot;}\" data-wp-interactive=\"core\/image\" data-wp-key=\"6a9c7c4b89ae0\" class=\"wp-block-image size-full wp-lightbox-container\"><img decoding=\"async\" width=\"1600\" height=\"2400\" data-wp-class--hide=\"state.isContentHidden\" data-wp-class--show=\"state.isContentVisible\" data-wp-init=\"callbacks.setButtonStyles\" data-wp-on--click=\"actions.showLightbox\" data-wp-on--load=\"callbacks.setButtonStyles\" data-wp-on--pointerdown=\"actions.preloadImage\" data-wp-on--pointerenter=\"actions.preloadImageWithDelay\" data-wp-on--pointerleave=\"actions.cancelPreload\" data-wp-on-window--resize=\"callbacks.setButtonStyles\" src=\"https:\/\/loudavymkrokem.cz\/wp-content\/uploads\/2026\/09\/grande-le.jpg\" alt=\"Grande \u00cele (Erstes UNESCO-Stadtviertel)\" class=\"wp-image-413208\" title=\"\" srcset=\"https:\/\/loudavymkrokem.cz\/wp-content\/uploads\/2026\/09\/grande-le.jpg 1600w, https:\/\/loudavymkrokem.cz\/wp-content\/uploads\/2026\/09\/grande-le-200x300.jpg 200w, https:\/\/loudavymkrokem.cz\/wp-content\/uploads\/2026\/09\/grande-le-700x1050.jpg 700w, https:\/\/loudavymkrokem.cz\/wp-content\/uploads\/2026\/09\/grande-le-768x1152.jpg 768w, https:\/\/loudavymkrokem.cz\/wp-content\/uploads\/2026\/09\/grande-le-1024x1536.jpg 1024w, https:\/\/loudavymkrokem.cz\/wp-content\/uploads\/2026\/09\/grande-le-1365x2048.jpg 1365w, https:\/\/loudavymkrokem.cz\/wp-content\/uploads\/2026\/09\/grande-le-696x1044.jpg 696w, https:\/\/loudavymkrokem.cz\/wp-content\/uploads\/2026\/09\/grande-le-1392x2088.jpg 1392w\" sizes=\"(max-width: 1600px) 100vw, 1600px\" \/><button\n\t\t\tclass=\"lightbox-trigger\"\n\t\t\ttype=\"button\"\n\t\t\taria-haspopup=\"dialog\"\n\t\t\tdata-wp-bind--aria-label=\"state.thisImage.triggerButtonAriaLabel\"\n\t\t\tdata-wp-init=\"callbacks.initTriggerButton\"\n\t\t\tdata-wp-on--click=\"actions.showLightbox\"\n\t\t\tdata-wp-style--right=\"state.thisImage.buttonRight\"\n\t\t\tdata-wp-style--top=\"state.thisImage.buttonTop\"\n\t\t>\n\t\t\t<svg xmlns=\"http:\/\/www.w3.org\/2000\/svg\" width=\"12\" height=\"12\" fill=\"none\" viewBox=\"0 0 12 12\">\n\t\t\t\t<path fill=\"#fff\" d=\"M2 0a2 2 0 0 0-2 2v2h1.5V2a.5.5 0 0 1 .5-.5h2V0H2Zm2 10.5H2a.5.5 0 0 1-.5-.5V8H0v2a2 2 0 0 0 2 2h2v-1.5ZM8 12v-1.5h2a.5.5 0 0 0 .5-.5V8H12v2a2 2 0 0 1-2 2H8Zm2-12a2 2 0 0 1 2 2v2h-1.5V2a.5.5 0 0 0-.5-.5H8V0h2Z\" \/>\n\t\t\t<\/svg>\n\t\t<\/button><figcaption class=\"wp-element-caption\">Foto: Alberto Belli \/ Google Maps<\/figcaption><\/figure>\n\n\n\n<h3 class=\"wp-block-heading\"><span class=\"ez-toc-section\" id=\"11_Grande_Ile_Erstes_UNESCO-Stadtviertel\"><\/span>11. Grande \u00cele (Erstes UNESCO-Stadtviertel)<span class=\"ez-toc-section-end\"><\/span><\/h3>\n\n\n\n<p class=\"wp-block-paragraph\">Der historische Kern von Stra\u00dfburg erstreckt sich auf der wundersch\u00f6nen Insel Grande \u00cele, die tr\u00e4ge von zwei Armen des Flusses Ill umflossen wird. Diese Insel ist ein absolutes Weltunikat, denn 1988 wurde sie als \u00fcberhaupt erstes gesamtes Stadtviertel der Geschichte in die Liste des UNESCO-Weltkulturerbes aufgenommen. Kein Wunder, denn die Konzentration wundersch\u00f6ner historischer Denkm\u00e4ler auf so kleinem Raum ist hier wirklich absolut au\u00dfergew\u00f6hnlich.<\/p>\n\n\n\n<p class=\"wp-block-paragraph\">Bei einem gem\u00e4chlichen Spaziergang \u00fcber die Insel st\u00f6\u00dft du auf ein perfektes Beispiel daf\u00fcr, wie sich die Stadt flie\u00dfend vom Mittelalter \u00fcber die Renaissance bis zum feinen Klassizismus entwickelte. H\u00e4user mit ungew\u00f6hnlich hohen, steilen D\u00e4chern und vielen Dachgauben, die urspr\u00fcnglich dem Trocknen von Tierh\u00e4uten und der Lagerung von Getreide dienten, wechseln sich mit pr\u00e4chtigen Pal\u00e4sten und malerischen versteckten Pl\u00e4tzchen ab. Alles ist zudem durch ein Netz schmaler gepflasterter Gassen verbunden, die geradezu zum ziellosen romantischen Umherstreifen einladen.<\/p>\n\n\n\n<p class=\"wp-block-paragraph\">Der beste Weg, die Insel zu erkunden, ist, einfach ohne Plan loszuziehen. Hier verirren kann man sich eigentlich gar nicht. An jeder Ecke entdeckst du ein interessantes architektonisches Detail, einen versteckten gr\u00fcnen Innenhof oder eine kleine B\u00e4ckerei, die nach frisch gebackenem Geb\u00e4ck duftet. Die ganze Insel l\u00e4sst sich bequem an einem angenehmen Nachmittag zu Fu\u00df umrunden.<\/p>\n\n\n\n<figure data-wp-context=\"{&quot;imageId&quot;:&quot;6a9c7c4b89fdc&quot;}\" data-wp-interactive=\"core\/image\" data-wp-key=\"6a9c7c4b89fdc\" class=\"wp-block-image size-full wp-lightbox-container\"><img decoding=\"async\" width=\"1440\" height=\"1080\" data-wp-class--hide=\"state.isContentHidden\" data-wp-class--show=\"state.isContentVisible\" data-wp-init=\"callbacks.setButtonStyles\" data-wp-on--click=\"actions.showLightbox\" data-wp-on--load=\"callbacks.setButtonStyles\" data-wp-on--pointerdown=\"actions.preloadImage\" data-wp-on--pointerenter=\"actions.preloadImageWithDelay\" data-wp-on--pointerleave=\"actions.cancelPreload\" data-wp-on-window--resize=\"callbacks.setButtonStyles\" src=\"https:\/\/loudavymkrokem.cz\/wp-content\/uploads\/2026\/09\/neustadt.jpg\" alt=\"Neustadt (Deutsches Kaiserviertel)\" class=\"wp-image-413212\" title=\"\" srcset=\"https:\/\/loudavymkrokem.cz\/wp-content\/uploads\/2026\/09\/neustadt.jpg 1440w, https:\/\/loudavymkrokem.cz\/wp-content\/uploads\/2026\/09\/neustadt-300x225.jpg 300w, https:\/\/loudavymkrokem.cz\/wp-content\/uploads\/2026\/09\/neustadt-700x525.jpg 700w, https:\/\/loudavymkrokem.cz\/wp-content\/uploads\/2026\/09\/neustadt-768x576.jpg 768w, https:\/\/loudavymkrokem.cz\/wp-content\/uploads\/2026\/09\/neustadt-80x60.jpg 80w, https:\/\/loudavymkrokem.cz\/wp-content\/uploads\/2026\/09\/neustadt-160x120.jpg 160w, https:\/\/loudavymkrokem.cz\/wp-content\/uploads\/2026\/09\/neustadt-696x522.jpg 696w, https:\/\/loudavymkrokem.cz\/wp-content\/uploads\/2026\/09\/neustadt-1392x1044.jpg 1392w\" sizes=\"(max-width: 1440px) 100vw, 1440px\" \/><button\n\t\t\tclass=\"lightbox-trigger\"\n\t\t\ttype=\"button\"\n\t\t\taria-haspopup=\"dialog\"\n\t\t\tdata-wp-bind--aria-label=\"state.thisImage.triggerButtonAriaLabel\"\n\t\t\tdata-wp-init=\"callbacks.initTriggerButton\"\n\t\t\tdata-wp-on--click=\"actions.showLightbox\"\n\t\t\tdata-wp-style--right=\"state.thisImage.buttonRight\"\n\t\t\tdata-wp-style--top=\"state.thisImage.buttonTop\"\n\t\t>\n\t\t\t<svg xmlns=\"http:\/\/www.w3.org\/2000\/svg\" width=\"12\" height=\"12\" fill=\"none\" viewBox=\"0 0 12 12\">\n\t\t\t\t<path fill=\"#fff\" d=\"M2 0a2 2 0 0 0-2 2v2h1.5V2a.5.5 0 0 1 .5-.5h2V0H2Zm2 10.5H2a.5.5 0 0 1-.5-.5V8H0v2a2 2 0 0 0 2 2h2v-1.5ZM8 12v-1.5h2a.5.5 0 0 0 .5-.5V8H12v2a2 2 0 0 1-2 2H8Zm2-12a2 2 0 0 1 2 2v2h-1.5V2a.5.5 0 0 0-.5-.5H8V0h2Z\" \/>\n\t\t\t<\/svg>\n\t\t<\/button><figcaption class=\"wp-element-caption\">Foto: M. E. \/ Google Maps<\/figcaption><\/figure>\n\n\n\n<h3 class=\"wp-block-heading\"><span class=\"ez-toc-section\" id=\"12_Neustadt_Deutsches_Kaiserviertel\"><\/span>12. Neustadt (Deutsches Kaiserviertel)<span class=\"ez-toc-section-end\"><\/span><\/h3>\n\n\n\n<p class=\"wp-block-paragraph\">Nachdem die Stadt Ende des 19. Jahrhunderts zwangsweise an das Deutsche Reich angeschlossen worden war, beschlossen die Deutschen, ein v\u00f6llig neues, \u00fcberaus repr\u00e4sentatives Viertel zu errichten, das ihre damalige Macht und ihren unermesslichen Reichtum zeigen sollte. So entstand die Neustadt, das \u201eNeue Viertel\u201c, das seit 2017 eine weitere offizielle Erweiterung des prestigetr\u00e4chtigen UNESCO-Eintrags darstellt. Dieses Viertel bildet einen absoluten und faszinierenden Gegensatz zu den engen Gassen der Altstadt.<\/p>\n\n\n\n<p class=\"wp-block-paragraph\">Hier findest du riesige, breite Boulevards, ges\u00e4umt von hohen B\u00e4umen, gewaltige Kreispl\u00e4tze und monumentale \u00f6ffentliche Geb\u00e4ude, erbaut in einer eigenartigen Mischung aus Neugotik, Neorenaissance und verspielten Jugendstil. Der Mittelpunkt dieses pr\u00e4chtigen Viertels ist der Place de la R\u00e9publique mit dem Geb\u00e4ude des Nationaltheaters und der atemberaubenden Universit\u00e4tsbibliothek.<\/p>\n\n\n\n<p class=\"wp-block-paragraph\">Ein Spaziergang durch dieses ruhige Viertel veranschaulicht dir perfekt die oft erw\u00e4hnte doppelte Identit\u00e4t von Stra\u00dfburg, wenn du vom typisch franz\u00f6sischen Mittelalter in den vorbildlichen deutschen St\u00e4dtebau des ausgehenden 19. Jahrhunderts \u00fcbergehst. Viele Wohnh\u00e4user haben hier wundersch\u00f6ne Jugendstilfassaden mit reichem Blumenschmuck, die eine n\u00e4here Erkundung mit dem Fotoapparat in der Hand auf jeden Fall wert sind.<\/p>\n\n\n\n<figure data-wp-context=\"{&quot;imageId&quot;:&quot;6a9c7c4b8a6ed&quot;}\" data-wp-interactive=\"core\/image\" data-wp-key=\"6a9c7c4b8a6ed\" class=\"wp-block-image size-full wp-lightbox-container\"><img decoding=\"async\" width=\"1600\" height=\"1200\" data-wp-class--hide=\"state.isContentHidden\" data-wp-class--show=\"state.isContentVisible\" data-wp-init=\"callbacks.setButtonStyles\" data-wp-on--click=\"actions.showLightbox\" data-wp-on--load=\"callbacks.setButtonStyles\" data-wp-on--pointerdown=\"actions.preloadImage\" data-wp-on--pointerenter=\"actions.preloadImageWithDelay\" data-wp-on--pointerleave=\"actions.cancelPreload\" data-wp-on-window--resize=\"callbacks.setButtonStyles\" src=\"https:\/\/loudavymkrokem.cz\/wp-content\/uploads\/2026\/09\/place-kl-ber.jpg\" alt=\"Place Kl\u00e9ber\" class=\"wp-image-413217\" title=\"\" srcset=\"https:\/\/loudavymkrokem.cz\/wp-content\/uploads\/2026\/09\/place-kl-ber.jpg 1600w, https:\/\/loudavymkrokem.cz\/wp-content\/uploads\/2026\/09\/place-kl-ber-300x225.jpg 300w, https:\/\/loudavymkrokem.cz\/wp-content\/uploads\/2026\/09\/place-kl-ber-700x525.jpg 700w, https:\/\/loudavymkrokem.cz\/wp-content\/uploads\/2026\/09\/place-kl-ber-768x576.jpg 768w, https:\/\/loudavymkrokem.cz\/wp-content\/uploads\/2026\/09\/place-kl-ber-1536x1152.jpg 1536w, https:\/\/loudavymkrokem.cz\/wp-content\/uploads\/2026\/09\/place-kl-ber-80x60.jpg 80w, https:\/\/loudavymkrokem.cz\/wp-content\/uploads\/2026\/09\/place-kl-ber-160x120.jpg 160w, https:\/\/loudavymkrokem.cz\/wp-content\/uploads\/2026\/09\/place-kl-ber-696x522.jpg 696w, https:\/\/loudavymkrokem.cz\/wp-content\/uploads\/2026\/09\/place-kl-ber-1392x1044.jpg 1392w\" sizes=\"(max-width: 1600px) 100vw, 1600px\" \/><button\n\t\t\tclass=\"lightbox-trigger\"\n\t\t\ttype=\"button\"\n\t\t\taria-haspopup=\"dialog\"\n\t\t\tdata-wp-bind--aria-label=\"state.thisImage.triggerButtonAriaLabel\"\n\t\t\tdata-wp-init=\"callbacks.initTriggerButton\"\n\t\t\tdata-wp-on--click=\"actions.showLightbox\"\n\t\t\tdata-wp-style--right=\"state.thisImage.buttonRight\"\n\t\t\tdata-wp-style--top=\"state.thisImage.buttonTop\"\n\t\t>\n\t\t\t<svg xmlns=\"http:\/\/www.w3.org\/2000\/svg\" width=\"12\" height=\"12\" fill=\"none\" viewBox=\"0 0 12 12\">\n\t\t\t\t<path fill=\"#fff\" d=\"M2 0a2 2 0 0 0-2 2v2h1.5V2a.5.5 0 0 1 .5-.5h2V0H2Zm2 10.5H2a.5.5 0 0 1-.5-.5V8H0v2a2 2 0 0 0 2 2h2v-1.5ZM8 12v-1.5h2a.5.5 0 0 0 .5-.5V8H12v2a2 2 0 0 1-2 2H8Zm2-12a2 2 0 0 1 2 2v2h-1.5V2a.5.5 0 0 0-.5-.5H8V0h2Z\" \/>\n\t\t\t<\/svg>\n\t\t<\/button><figcaption class=\"wp-element-caption\">Foto: Curzio Pinnelli \/ Google Maps<\/figcaption><\/figure>\n\n\n\n<h3 class=\"wp-block-heading\"><span class=\"ez-toc-section\" id=\"13_Place_Kleber\"><\/span>13. Place Kl\u00e9ber<span class=\"ez-toc-section-end\"><\/span><\/h3>\n\n\n\n<p class=\"wp-block-paragraph\">Der Hauptplatz und fl\u00e4chenm\u00e4\u00dfig gr\u00f6\u00dfte Platz im gesamten Stadtzentrum ist der Place Kl\u00e9ber, der zuverl\u00e4ssig als nat\u00fcrlicher Treffpunkt aller Einheimischen dient. Der ganze riesige Raum fungiert als weitl\u00e4ufige Fu\u00dfg\u00e4ngerzone, umgeben von sch\u00f6nen historischen Geb\u00e4uden, in denen heute Gesch\u00e4fte luxuri\u00f6ser Weltmarken, ger\u00e4umige Caf\u00e9s und angesehene Restaurants residieren. Der Platz ist nach dem ber\u00fchmten General Jean-Baptiste Kl\u00e9ber benannt, dessen Bronzestatue direkt in der Mitte steht und unter der sogar seine echten Gebeine ruhen.<\/p>\n\n\n\n<p class=\"wp-block-paragraph\">Dieser Platz ist wirklich das ganze Jahr \u00fcber voller unerm\u00fcdlichen Lebens. Die Einheimischen kommen hierher zum Einkaufen, f\u00fcr einen Nachmittagskaffee oder um den verschiedensten Stra\u00dfenk\u00fcnstlern zuzusehen. Das sch\u00f6nste Geb\u00e4ude am Platz ist zweifellos die Aubette, ein klassizistischer Palast aus dem 18. Jahrhundert, der fr\u00fcher als Milit\u00e4rwache diente und heute eine Einkaufsgalerie sowie historische S\u00e4le mit einzigartiger avantgardistischer Ausstattung aus den 1920er-Jahren beherbergt.<\/p>\n\n\n\n<p class=\"wp-block-paragraph\">In der Adventszeit verwandelt sich der Platz magisch in das absolute Zentrum des Geschehens, denn genau hier wird mit gro\u00dfem Pomp der riesige, wundersch\u00f6n geschm\u00fcckte Weihnachtsbaum aufgestellt, der eines der gr\u00f6\u00dften Symbole der ganzen Stadt ist. Aber auch au\u00dferhalb des Advents genie\u00dft du hier in vollen Z\u00fcgen die gro\u00dfartige Atmosph\u00e4re einer pulsierenden und modernen europ\u00e4ischen Gro\u00dfstadt.<\/p>\n\n\n\n<figure data-wp-context=\"{&quot;imageId&quot;:&quot;6a9c7c4b8ad93&quot;}\" data-wp-interactive=\"core\/image\" data-wp-key=\"6a9c7c4b8ad93\" class=\"wp-block-image size-full wp-lightbox-container\"><img decoding=\"async\" width=\"1600\" height=\"1200\" data-wp-class--hide=\"state.isContentHidden\" data-wp-class--show=\"state.isContentVisible\" data-wp-init=\"callbacks.setButtonStyles\" data-wp-on--click=\"actions.showLightbox\" data-wp-on--load=\"callbacks.setButtonStyles\" data-wp-on--pointerdown=\"actions.preloadImage\" data-wp-on--pointerenter=\"actions.preloadImageWithDelay\" data-wp-on--pointerleave=\"actions.cancelPreload\" data-wp-on-window--resize=\"callbacks.setButtonStyles\" src=\"https:\/\/loudavymkrokem.cz\/wp-content\/uploads\/2026\/09\/parc-de-l-orangerie.jpg\" alt=\"Parc de l&#039;Orangerie\" class=\"wp-image-413221\" title=\"\" srcset=\"https:\/\/loudavymkrokem.cz\/wp-content\/uploads\/2026\/09\/parc-de-l-orangerie.jpg 1600w, https:\/\/loudavymkrokem.cz\/wp-content\/uploads\/2026\/09\/parc-de-l-orangerie-300x225.jpg 300w, https:\/\/loudavymkrokem.cz\/wp-content\/uploads\/2026\/09\/parc-de-l-orangerie-700x525.jpg 700w, https:\/\/loudavymkrokem.cz\/wp-content\/uploads\/2026\/09\/parc-de-l-orangerie-768x576.jpg 768w, https:\/\/loudavymkrokem.cz\/wp-content\/uploads\/2026\/09\/parc-de-l-orangerie-1536x1152.jpg 1536w, https:\/\/loudavymkrokem.cz\/wp-content\/uploads\/2026\/09\/parc-de-l-orangerie-80x60.jpg 80w, https:\/\/loudavymkrokem.cz\/wp-content\/uploads\/2026\/09\/parc-de-l-orangerie-160x120.jpg 160w, https:\/\/loudavymkrokem.cz\/wp-content\/uploads\/2026\/09\/parc-de-l-orangerie-696x522.jpg 696w, https:\/\/loudavymkrokem.cz\/wp-content\/uploads\/2026\/09\/parc-de-l-orangerie-1392x1044.jpg 1392w\" sizes=\"(max-width: 1600px) 100vw, 1600px\" \/><button\n\t\t\tclass=\"lightbox-trigger\"\n\t\t\ttype=\"button\"\n\t\t\taria-haspopup=\"dialog\"\n\t\t\tdata-wp-bind--aria-label=\"state.thisImage.triggerButtonAriaLabel\"\n\t\t\tdata-wp-init=\"callbacks.initTriggerButton\"\n\t\t\tdata-wp-on--click=\"actions.showLightbox\"\n\t\t\tdata-wp-style--right=\"state.thisImage.buttonRight\"\n\t\t\tdata-wp-style--top=\"state.thisImage.buttonTop\"\n\t\t>\n\t\t\t<svg xmlns=\"http:\/\/www.w3.org\/2000\/svg\" width=\"12\" height=\"12\" fill=\"none\" viewBox=\"0 0 12 12\">\n\t\t\t\t<path fill=\"#fff\" d=\"M2 0a2 2 0 0 0-2 2v2h1.5V2a.5.5 0 0 1 .5-.5h2V0H2Zm2 10.5H2a.5.5 0 0 1-.5-.5V8H0v2a2 2 0 0 0 2 2h2v-1.5ZM8 12v-1.5h2a.5.5 0 0 0 .5-.5V8H12v2a2 2 0 0 1-2 2H8Zm2-12a2 2 0 0 1 2 2v2h-1.5V2a.5.5 0 0 0-.5-.5H8V0h2Z\" \/>\n\t\t\t<\/svg>\n\t\t<\/button><figcaption class=\"wp-element-caption\">Foto: dante coccia \/ Google Maps<\/figcaption><\/figure>\n\n\n\n<h3 class=\"wp-block-heading\"><span class=\"ez-toc-section\" id=\"14_Parc_de_lOrangerie\"><\/span>14. Parc de l&#8217;Orangerie<span class=\"ez-toc-section-end\"><\/span><\/h3>\n\n\n\n<p class=\"wp-block-paragraph\">Wenn du dich f\u00fcr einen Moment vom L\u00e4rm der Gro\u00dfstadt erholen und in der Natur neue Energie tanken m\u00f6chtest, mach dich auf zum Parc de l&#8217;Orangerie. Dieser atemberaubende Park aus dem 17. Jahrhundert ist der gr\u00f6\u00dfte und \u00fcberhaupt \u00e4lteste Park der Stadt und liegt in unmittelbarer N\u00e4he des modernen Europaviertels. Urspr\u00fcnglich zog man hier seltene Orangenb\u00e4ume. Wer h\u00e4tte gedacht, dass daraus einmal der gr\u00f6\u00dfte Park der Stadt werden w\u00fcrde.<\/p>\n\n\n\n<p class=\"wp-block-paragraph\">Heute ist es eine riesige und sorgf\u00e4ltig gepflegte Oase des Gr\u00fcns mit einem weitl\u00e4ufigen See, auf dem du dir in den warmen Sommermonaten ein kleines Boot ausleihen und \u00fcber die ruhige Wasseroberfl\u00e4che fahren kannst. Der Park ist von einem dichten Netz breiter Sandwege durchzogen, du st\u00f6\u00dft hier auf sch\u00f6ne Blumenbeete, pl\u00e4tschernde Springbrunnen und sogar einen kleinen Zoo. Im Pavillon in der Mitte des Parks befindet sich zudem ein luxuri\u00f6ses Restaurant mit einer sch\u00f6nen Terrasse f\u00fcr ein festliches Mittagessen.<\/p>\n\n\n\n<p class=\"wp-block-paragraph\">\ud83d\udca1 Tipp: Der Park ist au\u00dferdem die Heimat einer riesigen Anzahl wilder St\u00f6rche, die das Tiersymbol des ganzen Elsass sind. Du kannst sie hier frei dabei beobachten, wie sie ihre riesigen Nester hoch in den Kronen der hohen B\u00e4ume bauen \u2013 ein Erlebnis, das garantiert nicht nur kleine Kinder, sondern auch erwachsene Besucher begeistert.<\/p>\n\n\n\n<figure data-wp-context=\"{&quot;imageId&quot;:&quot;6a9c7c4b8b374&quot;}\" data-wp-interactive=\"core\/image\" data-wp-key=\"6a9c7c4b8b374\" class=\"wp-block-image size-full wp-lightbox-container\"><img decoding=\"async\" width=\"1600\" height=\"1183\" data-wp-class--hide=\"state.isContentHidden\" data-wp-class--show=\"state.isContentVisible\" data-wp-init=\"callbacks.setButtonStyles\" data-wp-on--click=\"actions.showLightbox\" data-wp-on--load=\"callbacks.setButtonStyles\" data-wp-on--pointerdown=\"actions.preloadImage\" data-wp-on--pointerenter=\"actions.preloadImageWithDelay\" data-wp-on--pointerleave=\"actions.cancelPreload\" data-wp-on-window--resize=\"callbacks.setButtonStyles\" src=\"https:\/\/loudavymkrokem.cz\/wp-content\/uploads\/2026\/09\/parc-de-l-toile.jpg\" alt=\"Parc de l&#039;\u00c9toile\" class=\"wp-image-413224\" title=\"\" srcset=\"https:\/\/loudavymkrokem.cz\/wp-content\/uploads\/2026\/09\/parc-de-l-toile.jpg 1600w, https:\/\/loudavymkrokem.cz\/wp-content\/uploads\/2026\/09\/parc-de-l-toile-300x222.jpg 300w, https:\/\/loudavymkrokem.cz\/wp-content\/uploads\/2026\/09\/parc-de-l-toile-700x518.jpg 700w, https:\/\/loudavymkrokem.cz\/wp-content\/uploads\/2026\/09\/parc-de-l-toile-768x568.jpg 768w, https:\/\/loudavymkrokem.cz\/wp-content\/uploads\/2026\/09\/parc-de-l-toile-1536x1136.jpg 1536w, https:\/\/loudavymkrokem.cz\/wp-content\/uploads\/2026\/09\/parc-de-l-toile-80x60.jpg 80w, https:\/\/loudavymkrokem.cz\/wp-content\/uploads\/2026\/09\/parc-de-l-toile-696x515.jpg 696w, https:\/\/loudavymkrokem.cz\/wp-content\/uploads\/2026\/09\/parc-de-l-toile-1392x1029.jpg 1392w\" sizes=\"(max-width: 1600px) 100vw, 1600px\" \/><button\n\t\t\tclass=\"lightbox-trigger\"\n\t\t\ttype=\"button\"\n\t\t\taria-haspopup=\"dialog\"\n\t\t\tdata-wp-bind--aria-label=\"state.thisImage.triggerButtonAriaLabel\"\n\t\t\tdata-wp-init=\"callbacks.initTriggerButton\"\n\t\t\tdata-wp-on--click=\"actions.showLightbox\"\n\t\t\tdata-wp-style--right=\"state.thisImage.buttonRight\"\n\t\t\tdata-wp-style--top=\"state.thisImage.buttonTop\"\n\t\t>\n\t\t\t<svg xmlns=\"http:\/\/www.w3.org\/2000\/svg\" width=\"12\" height=\"12\" fill=\"none\" viewBox=\"0 0 12 12\">\n\t\t\t\t<path fill=\"#fff\" d=\"M2 0a2 2 0 0 0-2 2v2h1.5V2a.5.5 0 0 1 .5-.5h2V0H2Zm2 10.5H2a.5.5 0 0 1-.5-.5V8H0v2a2 2 0 0 0 2 2h2v-1.5ZM8 12v-1.5h2a.5.5 0 0 0 .5-.5V8H12v2a2 2 0 0 1-2 2H8Zm2-12a2 2 0 0 1 2 2v2h-1.5V2a.5.5 0 0 0-.5-.5H8V0h2Z\" \/>\n\t\t\t<\/svg>\n\t\t<\/button><figcaption class=\"wp-element-caption\">Foto: Zulfikar CEKIC \/ Google Maps<\/figcaption><\/figure>\n\n\n\n<h3 class=\"wp-block-heading\"><span class=\"ez-toc-section\" id=\"15_Parc_de_lEtoile\"><\/span>15. Parc de l&#8217;\u00c9toile<span class=\"ez-toc-section-end\"><\/span><\/h3>\n\n\n\n<p class=\"wp-block-paragraph\">Ein weiterer sehr interessanter Gr\u00fcnraum, der deinen Besuch definitiv wert ist, ist der Parc de l&#8217;\u00c9toile. Im Gegensatz zum klassischen und streng symmetrischen franz\u00f6sischen Stil des Parc de l&#8217;Orangerie ist dieser Raum viel lockerer und moderner angelegt. Du findest hier weitl\u00e4ufige grasbewachsene H\u00fcgel, h\u00f6lzerne Stege und breite Wege entlang der Wasserkan\u00e4le, was ihn zu einem \u00fcberaus beliebten Ort f\u00fcr Picknicks und die nachmitt\u00e4gliche Entspannung der Studenten der nahen Universit\u00e4t macht.<\/p>\n\n\n\n<p class=\"wp-block-paragraph\">Eine der k\u00fcnstlerischen Hauptattraktionen dieses Parks ist die Bronzestatue von Mahatma Gandhi, die der Stadt offiziell von der indischen Regierung als dauerhaftes Symbol f\u00fcr Frieden und Gewaltlosigkeit geschenkt wurde. Der Park fungiert als gro\u00dfartige und gr\u00fcne Verbindung zwischen dem historischen Stadtzentrum und den moderneren s\u00fcdlichen Vierteln und bietet dank vieler verteilter B\u00e4nke einen sehr angenehmen Ort zum Ausruhen.<\/p>\n\n\n\n<p class=\"wp-block-paragraph\">Der ganze Raum ist auch bei einheimischen Radfahrern und L\u00e4ufern sehr beliebt, denn von hier aus kannst du flie\u00dfend an das ausgedehnte Netz gepflegter Radwege ankn\u00fcpfen, die entlang der Wasserkan\u00e4le bis weit \u00fcber die Stadtgrenzen f\u00fchren. Wenn du dir in der Stadt ein Fahrrad ausleihen willst, empfehle ich dir auf jeden Fall, deine Tour genau hier zu beginnen.<\/p>\n\n\n\n<figure data-wp-context=\"{&quot;imageId&quot;:&quot;6a9c7c4b8ba06&quot;}\" data-wp-interactive=\"core\/image\" data-wp-key=\"6a9c7c4b8ba06\" class=\"wp-block-image size-full wp-lightbox-container\"><img decoding=\"async\" width=\"1600\" height=\"1200\" data-wp-class--hide=\"state.isContentHidden\" data-wp-class--show=\"state.isContentVisible\" data-wp-init=\"callbacks.setButtonStyles\" data-wp-on--click=\"actions.showLightbox\" data-wp-on--load=\"callbacks.setButtonStyles\" data-wp-on--pointerdown=\"actions.preloadImage\" data-wp-on--pointerenter=\"actions.preloadImageWithDelay\" data-wp-on--pointerleave=\"actions.cancelPreload\" data-wp-on-window--resize=\"callbacks.setButtonStyles\" src=\"https:\/\/loudavymkrokem.cz\/wp-content\/uploads\/2026\/09\/palais-rohan.jpg\" alt=\"Palais Rohan\" class=\"wp-image-413228\" title=\"\" srcset=\"https:\/\/loudavymkrokem.cz\/wp-content\/uploads\/2026\/09\/palais-rohan.jpg 1600w, https:\/\/loudavymkrokem.cz\/wp-content\/uploads\/2026\/09\/palais-rohan-300x225.jpg 300w, https:\/\/loudavymkrokem.cz\/wp-content\/uploads\/2026\/09\/palais-rohan-700x525.jpg 700w, https:\/\/loudavymkrokem.cz\/wp-content\/uploads\/2026\/09\/palais-rohan-768x576.jpg 768w, https:\/\/loudavymkrokem.cz\/wp-content\/uploads\/2026\/09\/palais-rohan-1536x1152.jpg 1536w, https:\/\/loudavymkrokem.cz\/wp-content\/uploads\/2026\/09\/palais-rohan-80x60.jpg 80w, https:\/\/loudavymkrokem.cz\/wp-content\/uploads\/2026\/09\/palais-rohan-160x120.jpg 160w, https:\/\/loudavymkrokem.cz\/wp-content\/uploads\/2026\/09\/palais-rohan-696x522.jpg 696w, https:\/\/loudavymkrokem.cz\/wp-content\/uploads\/2026\/09\/palais-rohan-1392x1044.jpg 1392w\" sizes=\"(max-width: 1600px) 100vw, 1600px\" \/><button\n\t\t\tclass=\"lightbox-trigger\"\n\t\t\ttype=\"button\"\n\t\t\taria-haspopup=\"dialog\"\n\t\t\tdata-wp-bind--aria-label=\"state.thisImage.triggerButtonAriaLabel\"\n\t\t\tdata-wp-init=\"callbacks.initTriggerButton\"\n\t\t\tdata-wp-on--click=\"actions.showLightbox\"\n\t\t\tdata-wp-style--right=\"state.thisImage.buttonRight\"\n\t\t\tdata-wp-style--top=\"state.thisImage.buttonTop\"\n\t\t>\n\t\t\t<svg xmlns=\"http:\/\/www.w3.org\/2000\/svg\" width=\"12\" height=\"12\" fill=\"none\" viewBox=\"0 0 12 12\">\n\t\t\t\t<path fill=\"#fff\" d=\"M2 0a2 2 0 0 0-2 2v2h1.5V2a.5.5 0 0 1 .5-.5h2V0H2Zm2 10.5H2a.5.5 0 0 1-.5-.5V8H0v2a2 2 0 0 0 2 2h2v-1.5ZM8 12v-1.5h2a.5.5 0 0 0 .5-.5V8H12v2a2 2 0 0 1-2 2H8Zm2-12a2 2 0 0 1 2 2v2h-1.5V2a.5.5 0 0 0-.5-.5H8V0h2Z\" \/>\n\t\t\t<\/svg>\n\t\t<\/button><figcaption class=\"wp-element-caption\">Foto: Kent Wang \/ Google Maps<\/figcaption><\/figure>\n\n\n\n<h3 class=\"wp-block-heading\"><span class=\"ez-toc-section\" id=\"16_Palais_Rohan\"><\/span>16. Palais Rohan<span class=\"ez-toc-section-end\"><\/span><\/h3>\n\n\n\n<p class=\"wp-block-paragraph\">Nur einen Katzensprung von der Hauptkathedrale entfernt erhebt sich majest\u00e4tisch der <a href=\"https:\/\/en.musees.strasbourg.eu\/palais-rohan\" target=\"_blank\" rel=\"nofollow noopener\">Palais Rohan<\/a>, ein wundersch\u00f6ner und weitl\u00e4ufiger Barockpalast aus dem 18. Jahrhundert, der einst als pr\u00e4chtige Residenz der Stra\u00dfburger Bisch\u00f6fe aus dem sehr einflussreichen Geschlecht der Rohan diente. Dieses \u00fcberw\u00e4ltigende Bauwerk wird wegen seiner Sch\u00f6nheit oft mit den Pariser Pal\u00e4sten verglichen, und seine noble Fassade, die sich im Wasser des Flusses Ill spiegelt, geh\u00f6rt zu den absolut sch\u00f6nsten Anblicken der Stadt.<\/p>\n\n\n\n<p class=\"wp-block-paragraph\">Heute beherbergt dieser riesige Palast gleich drei bedeutende Stadtmuseen, sodass alle Liebhaber von Kunst und tiefer Geschichte hier garantiert auf ihre Kosten kommen. Im Erdgeschoss befindet sich das Museum f\u00fcr dekorative Kunst mit wundersch\u00f6n erhaltenen originalen Bischofsgem\u00e4chern, im Untergeschoss findest du das umfangreiche Arch\u00e4ologische Museum und im ersten Stock das Museum der bildenden K\u00fcnste mit einer beeindruckenden Sammlung klassischer europ\u00e4ischer Malerei.<\/p>\n\n\n\n<p class=\"wp-block-paragraph\">Auch wenn du kein gro\u00dfer Fan langer und anstrengender Museumsf\u00fchrungen bist, wirf zumindest einen Blick in den zentralen Innenhof \u2013 der Eintritt ist kostenlos und die Fassade lohnt sich. Hier kannst du in Ruhe die perfekte Symmetrie und den unglaublichen Prunk der klassischen franz\u00f6sischen Palastarchitektur bewundern.<\/p>\n\n\n\n<figure data-wp-context=\"{&quot;imageId&quot;:&quot;6a9c7c4b8c08d&quot;}\" data-wp-interactive=\"core\/image\" data-wp-key=\"6a9c7c4b8c08d\" class=\"wp-block-image size-full wp-lightbox-container\"><img decoding=\"async\" width=\"1600\" height=\"1105\" data-wp-class--hide=\"state.isContentHidden\" data-wp-class--show=\"state.isContentVisible\" data-wp-init=\"callbacks.setButtonStyles\" data-wp-on--click=\"actions.showLightbox\" data-wp-on--load=\"callbacks.setButtonStyles\" data-wp-on--pointerdown=\"actions.preloadImage\" data-wp-on--pointerenter=\"actions.preloadImageWithDelay\" data-wp-on--pointerleave=\"actions.cancelPreload\" data-wp-on-window--resize=\"callbacks.setButtonStyles\" src=\"https:\/\/loudavymkrokem.cz\/wp-content\/uploads\/2026\/09\/strasbourg-museum-of-modern-and-contemporary-art.jpg\" alt=\"Strasbourg Museum of Modern and Contemporary Art (MAMCS)\" class=\"wp-image-413231\" title=\"\" srcset=\"https:\/\/loudavymkrokem.cz\/wp-content\/uploads\/2026\/09\/strasbourg-museum-of-modern-and-contemporary-art.jpg 1600w, https:\/\/loudavymkrokem.cz\/wp-content\/uploads\/2026\/09\/strasbourg-museum-of-modern-and-contemporary-art-300x207.jpg 300w, https:\/\/loudavymkrokem.cz\/wp-content\/uploads\/2026\/09\/strasbourg-museum-of-modern-and-contemporary-art-700x483.jpg 700w, https:\/\/loudavymkrokem.cz\/wp-content\/uploads\/2026\/09\/strasbourg-museum-of-modern-and-contemporary-art-768x530.jpg 768w, https:\/\/loudavymkrokem.cz\/wp-content\/uploads\/2026\/09\/strasbourg-museum-of-modern-and-contemporary-art-1536x1061.jpg 1536w, https:\/\/loudavymkrokem.cz\/wp-content\/uploads\/2026\/09\/strasbourg-museum-of-modern-and-contemporary-art-696x481.jpg 696w, https:\/\/loudavymkrokem.cz\/wp-content\/uploads\/2026\/09\/strasbourg-museum-of-modern-and-contemporary-art-1392x961.jpg 1392w\" sizes=\"(max-width: 1600px) 100vw, 1600px\" \/><button\n\t\t\tclass=\"lightbox-trigger\"\n\t\t\ttype=\"button\"\n\t\t\taria-haspopup=\"dialog\"\n\t\t\tdata-wp-bind--aria-label=\"state.thisImage.triggerButtonAriaLabel\"\n\t\t\tdata-wp-init=\"callbacks.initTriggerButton\"\n\t\t\tdata-wp-on--click=\"actions.showLightbox\"\n\t\t\tdata-wp-style--right=\"state.thisImage.buttonRight\"\n\t\t\tdata-wp-style--top=\"state.thisImage.buttonTop\"\n\t\t>\n\t\t\t<svg xmlns=\"http:\/\/www.w3.org\/2000\/svg\" width=\"12\" height=\"12\" fill=\"none\" viewBox=\"0 0 12 12\">\n\t\t\t\t<path fill=\"#fff\" d=\"M2 0a2 2 0 0 0-2 2v2h1.5V2a.5.5 0 0 1 .5-.5h2V0H2Zm2 10.5H2a.5.5 0 0 1-.5-.5V8H0v2a2 2 0 0 0 2 2h2v-1.5ZM8 12v-1.5h2a.5.5 0 0 0 .5-.5V8H12v2a2 2 0 0 1-2 2H8Zm2-12a2 2 0 0 1 2 2v2h-1.5V2a.5.5 0 0 0-.5-.5H8V0h2Z\" \/>\n\t\t\t<\/svg>\n\t\t<\/button><figcaption class=\"wp-element-caption\">Foto: Mus\u00e9e d&#8217;Art Moderne et Contemporain de Strasbourg \/ Google Maps<\/figcaption><\/figure>\n\n\n\n<h3 class=\"wp-block-heading\"><span class=\"ez-toc-section\" id=\"17_Strasbourg_Museum_of_Modern_and_Contemporary_Art_MAMCS\"><\/span>17. Strasbourg Museum of Modern and Contemporary Art (MAMCS)<span class=\"ez-toc-section-end\"><\/span><\/h3>\n\n\n\n<p class=\"wp-block-paragraph\">F\u00fcr alle Liebhaber etwas modernerer Kunst ist ein Besuch des Museums f\u00fcr moderne und zeitgen\u00f6ssische Kunst, das die Einheimischen kurz <a href=\"https:\/\/en.musees.strasbourg.eu\/mamcs\" target=\"_blank\" rel=\"nofollow noopener\">MAMCS<\/a> nennen, ein absolutes Muss. Schon das Geb\u00e4ude des Museums selbst ist ein gro\u00dfes architektonisches Erlebnis. Es handelt sich um einen riesigen Glasbau, der direkt am Flussufer liegt und einen fantastischen und sehr fotogenen visuellen Kontrast zum nahen historischen Viertel Petite France bildet.<\/p>\n\n\n\n<p class=\"wp-block-paragraph\">Im Inneren erwarten dich wirklich umfangreiche Kunstsammlungen vom Ende des 19. Jahrhunderts bis in die Gegenwart, einschlie\u00dflich einer sehr reichen Kollektion moderner Fotografie und Grafik. Du findest hier ausgestellte Werke ber\u00fchmter Meister wie Kandinsky, Picasso oder Monet, aber gro\u00dfz\u00fcgiger Raum ist hier auch zeitgen\u00f6ssischen Rauminstallationen und vielversprechenden lokalen els\u00e4ssischen K\u00fcnstlern gewidmet.<\/p>\n\n\n\n<p class=\"wp-block-paragraph\">\ud83d\udca1 Tipp: Nach einem langen Rundgang durch die Ausstellungen solltest du dir auf keinen Fall einen Besuch im Museumscaf\u00e9 entgehen lassen, das sich auf der offenen Dachterrasse befindet. Von hier bietet sich einer der sch\u00f6nsten und unter Touristen am wenigsten bekannten Ausblicke auf das historische Zentrum und die T\u00fcrme der Ponts Couverts \u2013 und das in v\u00f6lliger Ruhe, weit weg von den Touristenmassen in den Stra\u00dfen unter dir.<\/p>\n\n\n\n<figure data-wp-context=\"{&quot;imageId&quot;:&quot;6a9c7c4b8c6df&quot;}\" data-wp-interactive=\"core\/image\" data-wp-key=\"6a9c7c4b8c6df\" class=\"wp-block-image size-full wp-lightbox-container\"><img decoding=\"async\" width=\"1600\" height=\"1066\" data-wp-class--hide=\"state.isContentHidden\" data-wp-class--show=\"state.isContentVisible\" data-wp-init=\"callbacks.setButtonStyles\" data-wp-on--click=\"actions.showLightbox\" data-wp-on--load=\"callbacks.setButtonStyles\" data-wp-on--pointerdown=\"actions.preloadImage\" data-wp-on--pointerenter=\"actions.preloadImageWithDelay\" data-wp-on--pointerleave=\"actions.cancelPreload\" data-wp-on-window--resize=\"callbacks.setButtonStyles\" src=\"https:\/\/loudavymkrokem.cz\/wp-content\/uploads\/2026\/09\/mus-e-alsacien.jpg\" alt=\"Mus\u00e9e Alsacien\" class=\"wp-image-413235\" title=\"\" srcset=\"https:\/\/loudavymkrokem.cz\/wp-content\/uploads\/2026\/09\/mus-e-alsacien.jpg 1600w, https:\/\/loudavymkrokem.cz\/wp-content\/uploads\/2026\/09\/mus-e-alsacien-300x200.jpg 300w, https:\/\/loudavymkrokem.cz\/wp-content\/uploads\/2026\/09\/mus-e-alsacien-700x466.jpg 700w, https:\/\/loudavymkrokem.cz\/wp-content\/uploads\/2026\/09\/mus-e-alsacien-768x512.jpg 768w, https:\/\/loudavymkrokem.cz\/wp-content\/uploads\/2026\/09\/mus-e-alsacien-1536x1023.jpg 1536w, https:\/\/loudavymkrokem.cz\/wp-content\/uploads\/2026\/09\/mus-e-alsacien-696x464.jpg 696w, https:\/\/loudavymkrokem.cz\/wp-content\/uploads\/2026\/09\/mus-e-alsacien-1392x927.jpg 1392w\" sizes=\"(max-width: 1600px) 100vw, 1600px\" \/><button\n\t\t\tclass=\"lightbox-trigger\"\n\t\t\ttype=\"button\"\n\t\t\taria-haspopup=\"dialog\"\n\t\t\tdata-wp-bind--aria-label=\"state.thisImage.triggerButtonAriaLabel\"\n\t\t\tdata-wp-init=\"callbacks.initTriggerButton\"\n\t\t\tdata-wp-on--click=\"actions.showLightbox\"\n\t\t\tdata-wp-style--right=\"state.thisImage.buttonRight\"\n\t\t\tdata-wp-style--top=\"state.thisImage.buttonTop\"\n\t\t>\n\t\t\t<svg xmlns=\"http:\/\/www.w3.org\/2000\/svg\" width=\"12\" height=\"12\" fill=\"none\" viewBox=\"0 0 12 12\">\n\t\t\t\t<path fill=\"#fff\" d=\"M2 0a2 2 0 0 0-2 2v2h1.5V2a.5.5 0 0 1 .5-.5h2V0H2Zm2 10.5H2a.5.5 0 0 1-.5-.5V8H0v2a2 2 0 0 0 2 2h2v-1.5ZM8 12v-1.5h2a.5.5 0 0 0 .5-.5V8H12v2a2 2 0 0 1-2 2H8Zm2-12a2 2 0 0 1 2 2v2h-1.5V2a.5.5 0 0 0-.5-.5H8V0h2Z\" \/>\n\t\t\t<\/svg>\n\t\t<\/button><figcaption class=\"wp-element-caption\">Foto: Bertrand Strasbourg \/ Google Maps<\/figcaption><\/figure>\n\n\n\n<h3 class=\"wp-block-heading\"><span class=\"ez-toc-section\" id=\"18_Musee_Alsacien\"><\/span>18. Mus\u00e9e Alsacien<span class=\"ez-toc-section-end\"><\/span><\/h3>\n\n\n\n<p class=\"wp-block-paragraph\">Wenn du wirklich tief in die Seele dieser Region eintauchen m\u00f6chtest, besuche zuerst das <a href=\"https:\/\/en.musees.strasbourg.eu\/alsatian-museum\" target=\"_blank\" rel=\"nofollow noopener\">Mus\u00e9e Alsacien<\/a>. Es befindet sich in mehreren miteinander verbundenen historischen Fachwerkh\u00e4usern und zeichnet das traditionelle els\u00e4ssische Volksleben, l\u00e4ndliche Br\u00e4uche und historische Handwerke wundersch\u00f6n nach. Alles ist in eine absolut authentische und leicht verwinkelte historische Umgebung voller knarrender Holztreppen eingebettet.<\/p>\n\n\n\n<p class=\"wp-block-paragraph\">Dadurch bekommst du einen gro\u00dfartigen Kontext zu dem, was du danach in den Stra\u00dfen siehst, und verstehst besser, wie die Menschen hier eigentlich gelebt haben. Du erf\u00e4hrst, welche Handwerke in der Region dominierten, siehst typische Trachten \u2013 und schon ergibt die umliegende Architektur noch mehr Sinn.<\/p>\n\n\n\n<h2 class=\"wp-block-heading\"><span class=\"ez-toc-section\" id=\"Wohin_weiter_von_Strassburg_aus\"><\/span>Wohin weiter von Stra\u00dfburg aus<span class=\"ez-toc-section-end\"><\/span><\/h2>\n\n\n\n<p class=\"wp-block-paragraph\">Stra\u00dfburg funktioniert als absolut ideale Basis, um das ganze Elsass zu entdecken. In knapp einer Stunde Fahrt erreichst du m\u00e4rchenhafte D\u00f6rfer, die wie Kulissen aus einem historischen Film aussehen. Wenn du ein Auto zur Verf\u00fcgung hast, lass dir unsere Route im Artikel <a href=\"https:\/\/loudavymkrokem.cz\/de\/elsass-frankreich-schoenste-doerfer\/\">Els\u00e4sser Weinstra\u00dfe: die 12 sch\u00f6nsten D\u00f6rfer<\/a> auf keinen Fall entgehen, in dem wir die Stopps auf der Strecke durch St\u00e4dtchen wie Riquewihr oder Kaysersberg detailliert beschreiben.<\/p>\n\n\n\n<p class=\"wp-block-paragraph\">Einen eigenen Besuch ist definitiv die Hauptstadt des els\u00e4ssischen Weins wert, \u00fcber die wir im Reisef\u00fchrer <a href=\"https:\/\/loudavymkrokem.cz\/de\/colmar-frankreich\/\">Colmar, Frankreich<\/a> ausf\u00fchrlich geschrieben haben. Es ist eine kleinere und noch etwas kompaktere Version von Stra\u00dfburg mit einem atemberaubenden Viertel namens Klein-Venedig.<\/p>\n\n\n\n<p class=\"wp-block-paragraph\">Wenn du nach weiterer Inspiration f\u00fcr Ausfl\u00fcge in der Umgebung suchst, st\u00f6\u00dft du auf Karten vielleicht auf das \u00c9comus\u00e9e d&#8217;Alsace oder das Milit\u00e4rmuseum MM Park \u2013 aber lass dich nicht t\u00e4uschen. Das \u00c9comus\u00e9e liegt in Ungersheim etwa sechzig Kilometer von der Stadt entfernt, und den MM Park findest du in der Gemeinde La Wantzenau. Beide Orte erfordern also eher einen halb- bis ganzt\u00e4gigen Ausflug mit dem Auto und befinden sich definitiv nicht in Gehweite vom Stadtzentrum.<\/p>\n\n\n\n<p class=\"wp-block-paragraph\">Wenn du eine umfassendere Erkundung des Landes des K\u00e4ses und Weins planst, wirf einen Blick auf unseren <a href=\"https:\/\/loudavymkrokem.cz\/de\/frankreich-roadtrip-14-tage\/\">Roadtrip durch Frankreich: Reiseplan f\u00fcr 14 Tage<\/a>, in dem du jede Menge praktische Tipps f\u00fcr lange Fahrten findest. Und falls du dich doch entscheiden solltest, zum Jahresende loszufahren, vergiss nicht, in unser Special <a href=\"https:\/\/loudavymkrokem.cz\/de\/strassburg-weihnachtsmarkt-2026\/\">Weihnachtsm\u00e4rkte Stra\u00dfburg<\/a> zu schauen.<\/p>\n\n\n\n<h2 class=\"wp-block-heading\"><span class=\"ez-toc-section\" id=\"Haeufig_gestellte_Fragen\"><\/span>H\u00e4ufig gestellte Fragen<span class=\"ez-toc-section-end\"><\/span><\/h2>\n\n\n<div id=\"rank-math-faq\" class=\"rank-math-block\">\n<div class=\"rank-math-list \">\n<div id=\"faq-question-1788283122000\" class=\"rank-math-list-item\">\n<h3 class=\"rank-math-question \"><span class=\"ez-toc-section\" id=\"Wann_finden_die_Weihnachtsmaerkte_im_Jahr_2026_statt\"><\/span>Wann finden die Weihnachtsm\u00e4rkte im Jahr 2026 statt?<span class=\"ez-toc-section-end\"><\/span><\/h3>\n<div class=\"rank-math-answer \">\n\n<p>Im Jahr 2026 finden die ber\u00fchmten Adventsm\u00e4rkte vom Freitag, den 27. November, bis Sonntag, den 27. Dezember, statt. Sie erstrecken sich \u00fcber elf verschiedene Orte in der gesamten historischen Altstadt Grande \u00cele, wobei die bekanntesten und gr\u00f6\u00dften auf der Place Broglie und auf dem Hauptplatz Place Kl\u00e9ber zu finden sind.<\/p>\n\n<\/div>\n<\/div>\n<div id=\"faq-question-1788283122001\" class=\"rank-math-list-item\">\n<h3 class=\"rank-math-question \"><span class=\"ez-toc-section\" id=\"Wie_funktioniert_das_Park-and-Ride-System\"><\/span>Wie funktioniert das Park-and-Ride-System?<span class=\"ez-toc-section-end\"><\/span><\/h3>\n<div class=\"rank-math-answer \">\n\n<p>Das ist mit Abstand die cleverste M\u00f6glichkeit, stressfrei in die Stadt zu gelangen. Man zahlt eine einmalige und sehr g\u00fcnstige Geb\u00fchr f\u00fcr das ganzt\u00e4gige Parken auf einem Park-and-Ride-Parkplatz am Stadtrand. F\u00fcr diesen Preis erhalten dann alle Insassen des Autos automatisch ein Hin- und R\u00fcckfahrticket f\u00fcr die Stra\u00dfenbahn direkt ins Zentrum. So spart man sich eine Menge Geld f\u00fcr teure Tiefgaragen und Nerven beim Navigieren durch enge Einbahnstra\u00dfen.<\/p>\n\n<\/div>\n<\/div>\n<div id=\"faq-question-1788283122002\" class=\"rank-math-list-item\">\n<h3 class=\"rank-math-question \"><span class=\"ez-toc-section\" id=\"Wie_viele_Tage_sollte_man_fuer_einen_Besuch_der_Stadt_einplanen\"><\/span>Wie viele Tage sollte man f\u00fcr einen Besuch der Stadt einplanen?<span class=\"ez-toc-section-end\"><\/span><\/h3>\n<div class=\"rank-math-answer \">\n\n<p>Um die richtige entspannte Atmosph\u00e4re aufzusaugen und alle wichtigen Sehensw\u00fcrdigkeiten ohne unn\u00f6tigen Stress zu erkunden, empfehle ich, zwei bis drei volle Tage f\u00fcr die Stadt einzuplanen. Wenn ihr auch die \u00f6rtlichen Museen oder die R\u00e4umlichkeiten des Europ\u00e4ischen Parlaments besuchen m\u00f6chtet, sind drei Tage absolut ideal.<\/p>\n\n<\/div>\n<\/div>\n<div id=\"faq-question-1788283122003\" class=\"rank-math-list-item\">\n<h3 class=\"rank-math-question \"><span class=\"ez-toc-section\" id=\"Kosten_die_Fuehrungen_durch_das_Europaeische_Parlament_Eintritt\"><\/span>Kosten die F\u00fchrungen durch das Europ\u00e4ische Parlament Eintritt?<span class=\"ez-toc-section-end\"><\/span><\/h3>\n<div class=\"rank-math-answer \">\n\n<p>Nein, die \u00f6ffentlichen F\u00fchrungen und der Eintritt in das moderne interaktive Zentrum Parlamentarium Simone Veil sind f\u00fcr alle Besucher v\u00f6llig kostenlos. Man muss jedoch einen g\u00fcltigen Ausweis in Form eines Personalausweises oder Reisepasses dabei haben und mit Verz\u00f6gerungen bei den strengen Sicherheitskontrollen am Eingang rechnen.<\/p>\n\n<\/div>\n<\/div>\n<div id=\"faq-question-1788283122004\" class=\"rank-math-list-item\">\n<h3 class=\"rank-math-question \"><span class=\"ez-toc-section\" id=\"Wie_bewegt_man_sich_am_besten_im_Stadtzentrum_fort\"><\/span>Wie bewegt man sich am besten im Stadtzentrum fort?<span class=\"ez-toc-section-end\"><\/span><\/h3>\n<div class=\"rank-math-answer \">\n\n<p>Der historische Kern auf der Insel Grande \u00cele ist recht kompakt und l\u00e4sst sich am allerbesten zu Fu\u00df erkunden. F\u00fcr l\u00e4ngere Strecken, zum Beispiel zum Europ\u00e4ischen Parlament oder in entferntere Parks, empfehle ich das hervorragend funktionierende Stra\u00dfenbahnsystem mit sechs Linien, die zuverl\u00e4ssig die gesamte Stadt abdecken.<\/p>\n\n<\/div>\n<\/div>\n<div id=\"faq-question-1788283122005\" class=\"rank-math-list-item\">\n<h3 class=\"rank-math-question \"><span class=\"ez-toc-section\" id=\"Ist_Strassburg_eine_teure_Stadt\"><\/span>Ist Stra\u00dfburg eine teure Stadt?<span class=\"ez-toc-section-end\"><\/span><\/h3>\n<div class=\"rank-math-answer \">\n\n<p>Das h\u00e4ngt ganz davon ab, zu welchem Zeitpunkt ihr hinfahrt. W\u00e4hrend der Adventsm\u00e4rkte steigen die \u00dcbernachtungspreise im Zentrum in astronomische H\u00f6hen. Kommt ihr aber au\u00dferhalb des Dezembers, zum Beispiel im Januar oder Februar, fallen die Hotelpreise auf einen Bruchteil und die Stadt ist preislich absolut vergleichbar mit anderen g\u00e4ngigen europ\u00e4ischen Reisezielen.<\/p>\n\n<\/div>\n<\/div>\n<div id=\"faq-question-1788283122006\" class=\"rank-math-list-item\">\n<h3 class=\"rank-math-question \"><span class=\"ez-toc-section\" id=\"Ist_die_Stadt_fuer_Vegetarier_geeignet\"><\/span>Ist die Stadt f\u00fcr Vegetarier geeignet?<span class=\"ez-toc-section-end\"><\/span><\/h3>\n<div class=\"rank-math-answer \">\n\n<p>Auf jeden Fall. Obwohl die els\u00e4ssische K\u00fcche f\u00fcr ihre fleischlastigen Gerichte bekannt ist, werden Vegetarier hier definitiv nicht hungern. In jedem Restaurant findet man ausgezeichnete K\u00e4sesp\u00e4tzle, in den B\u00e4ckereien duften traditionelle Brezeln und \u00fcberall wird die fleischlose Variante des knusprigen Flammkuchens tarte flamb\u00e9e mit K\u00e4se und Pilzen angeboten.<\/p>\n\n<\/div>\n<\/div>\n<div id=\"faq-question-1788283122007\" class=\"rank-math-list-item\">\n<h3 class=\"rank-math-question \"><span class=\"ez-toc-section\" id=\"Welche_Orte_sind_am_besten_zum_Fotografieren\"><\/span>Welche Orte sind am besten zum Fotografieren?<span class=\"ez-toc-section-end\"><\/span><\/h3>\n<div class=\"rank-math-answer \">\n\n<p>Die bekanntesten Postkartenmotive gelingen garantiert von der Aussichtsterrasse der historischen Stauanlage Barrage Vauban, von wo aus man einen wundersch\u00f6nen Blick auf die Steinbr\u00fccken Ponts Couverts und den majest\u00e4tischen Turm der Kathedrale hat. Weitere sehr fotogene Orte befinden sich entlang der Wasserkan\u00e4le im historischen Viertel Petite France.<\/p>\n\n<\/div>\n<\/div>\n<\/div>\n<\/div>","protected":false},"excerpt":{"rendered":"<p>Entdecke Stra\u00dfburg in Frankreich ohne Touristenmassen. Ich verrate dir, wann du losfahren solltest, wo du die besten kostenlosen Ausblicke findest und wie du diese zauberhafte els\u00e4ssische Stadt in vollen Z\u00fcgen genie\u00dft.<\/p>\n","protected":false},"author":3,"featured_media":413378,"comment_status":"open","ping_status":"open","sticky":false,"template":"","format":"standard","meta":{"_acf_changed":false,"footnotes":"","rank_math_title":"Stra\u00dfburg, Frankreich: 18 Tipps & Sehensw\u00fcrdigkeiten","rank_math_description":"Stra\u00dfburg in Frankreich ohne Touristenmassen entdecken: 18 Tipps zu Sehensw\u00fcrdigkeiten, besten Ausblicken und der idealen Reisezeit. Jetzt planen!","rank_math_focus_keyword":"stra\u00dfburg frankreich","rank_math_seo_score":""},"categories":[456,473,451],"tags":[],"class_list":["post-418030","post","type-post","status-publish","format-standard","has-post-thumbnail","category-europa","category-frankreich","category-reisen"],"acf":[],"featured_image_src":"https:\/\/loudavymkrokem.cz\/wp-content\/uploads\/2026\/09\/strasburska-katedrala-7353a339.jpg","author_info":{"display_name":"Lucie Kone\u010dn\u00e1","author_link":"https:\/\/loudavymkrokem.cz\/de\/author\/lucie-konecna\/"},"_links":{"self":[{"href":"https:\/\/loudavymkrokem.cz\/de\/wp-json\/wp\/v2\/posts\/418030","targetHints":{"allow":["GET"]}}],"collection":[{"href":"https:\/\/loudavymkrokem.cz\/de\/wp-json\/wp\/v2\/posts"}],"about":[{"href":"https:\/\/loudavymkrokem.cz\/de\/wp-json\/wp\/v2\/types\/post"}],"author":[{"embeddable":true,"href":"https:\/\/loudavymkrokem.cz\/de\/wp-json\/wp\/v2\/users\/3"}],"replies":[{"embeddable":true,"href":"https:\/\/loudavymkrokem.cz\/de\/wp-json\/wp\/v2\/comments?post=418030"}],"version-history":[{"count":2,"href":"https:\/\/loudavymkrokem.cz\/de\/wp-json\/wp\/v2\/posts\/418030\/revisions"}],"predecessor-version":[{"id":418032,"href":"https:\/\/loudavymkrokem.cz\/de\/wp-json\/wp\/v2\/posts\/418030\/revisions\/418032"}],"wp:featuredmedia":[{"embeddable":true,"href":"https:\/\/loudavymkrokem.cz\/de\/wp-json\/wp\/v2\/media\/413378"}],"wp:attachment":[{"href":"https:\/\/loudavymkrokem.cz\/de\/wp-json\/wp\/v2\/media?parent=418030"}],"wp:term":[{"taxonomy":"category","embeddable":true,"href":"https:\/\/loudavymkrokem.cz\/de\/wp-json\/wp\/v2\/categories?post=418030"},{"taxonomy":"post_tag","embeddable":true,"href":"https:\/\/loudavymkrokem.cz\/de\/wp-json\/wp\/v2\/tags?post=418030"}],"curies":[{"name":"wp","href":"https:\/\/api.w.org\/{rel}","templated":true}]}}