{"id":418010,"date":"2026-09-01T21:10:41","date_gmt":"2026-09-01T19:10:41","guid":{"rendered":"https:\/\/loudavymkrokem.cz\/rio-de-janeiro-tipps\/"},"modified":"2026-09-05T19:32:31","modified_gmt":"2026-09-05T17:32:31","slug":"rio-de-janeiro-tipps","status":"publish","type":"post","link":"https:\/\/loudavymkrokem.cz\/de\/rio-de-janeiro-tipps\/","title":{"rendered":"Rio de Janeiro, Brasilien: 22 Tipps, was du 2026 sehen und erleben solltest"},"content":{"rendered":"\n<p class=\"wp-block-paragraph\">Wenn du \u00fcber eine Reise nach S\u00fcdamerika nachdenkst und ein Reiseziel voller Farben und ungez\u00e4hmter Energie suchst, wird dich die brasilianische Metropole garantiert begeistern. <strong>Rio de Janeiro ist eine Stadt unglaublicher Kontraste<\/strong>, in der sich moderne Architektur mit wilder Natur verwebt und in der goldene Str\u00e4nde nahtlos in dichte gr\u00fcne Regenw\u00e4lder \u00fcbergehen. Freu dich auf atemberaubende Landschaften und eine reiche Kultur voller Musik.<\/p>\n\n\n\n<p class=\"wp-block-paragraph\">Die Planung eines Aufenthalts in dieser tropischen Perle erfordert einen etwas anderen Ansatz, denn <strong>Rio plant man vor allem nach dem Wetter<\/strong> und nicht nach einer festen Liste von Sehensw\u00fcrdigkeiten. Die zwei ber\u00fchmtesten Orte sind n\u00e4mlich hoch gelegene Aussichtspunkte, die ohne gute Sicht v\u00f6llig ihren Sinn verlieren. Ich empfehle dir deshalb, in deinem Reiseplan gen\u00fcgend Spielraum zu lassen und flexibel auf Morgennebel oder klaren Himmel zu reagieren.<\/p>\n\n\n\n<p class=\"wp-block-paragraph\">Von ikonischen Str\u00e4nden bis zu versteckten Museen \u2013 hier findest du alles, was du wissen musst, um dir dein Programm genau nach deinen Vorstellungen zusammenzustellen. Und weil die richtige Orientierung in den Stadtvierteln der halbe Erfolg ist, gebe ich dir auch praktische Tipps zu Sicherheit und Unterkunft.<\/p>\n\n\n\n<figure data-wp-context=\"{&quot;imageId&quot;:&quot;6a9c73be5d6a1&quot;}\" data-wp-interactive=\"core\/image\" data-wp-key=\"6a9c73be5d6a1\" class=\"wp-block-image size-full wp-lightbox-container\"><img decoding=\"async\" width=\"1920\" height=\"1440\" data-wp-class--hide=\"state.isContentHidden\" data-wp-class--show=\"state.isContentVisible\" data-wp-init=\"callbacks.setButtonStyles\" data-wp-on--click=\"actions.showLightbox\" data-wp-on--load=\"callbacks.setButtonStyles\" data-wp-on--pointerdown=\"actions.preloadImage\" data-wp-on--pointerenter=\"actions.preloadImageWithDelay\" data-wp-on--pointerleave=\"actions.cancelPreload\" data-wp-on-window--resize=\"callbacks.setButtonStyles\" src=\"https:\/\/loudavymkrokem.cz\/wp-content\/uploads\/2026\/09\/panorama-ria-s-cukrovou-homoli-49cf45de.jpg\" alt=\"Panorama von Rio mit dem Zuckerhut\" class=\"wp-image-413354\" title=\"\" srcset=\"https:\/\/loudavymkrokem.cz\/wp-content\/uploads\/2026\/09\/panorama-ria-s-cukrovou-homoli-49cf45de.jpg 1920w, https:\/\/loudavymkrokem.cz\/wp-content\/uploads\/2026\/09\/panorama-ria-s-cukrovou-homoli-49cf45de-300x225.jpg 300w, https:\/\/loudavymkrokem.cz\/wp-content\/uploads\/2026\/09\/panorama-ria-s-cukrovou-homoli-49cf45de-700x525.jpg 700w, https:\/\/loudavymkrokem.cz\/wp-content\/uploads\/2026\/09\/panorama-ria-s-cukrovou-homoli-49cf45de-768x576.jpg 768w, https:\/\/loudavymkrokem.cz\/wp-content\/uploads\/2026\/09\/panorama-ria-s-cukrovou-homoli-49cf45de-1536x1152.jpg 1536w, https:\/\/loudavymkrokem.cz\/wp-content\/uploads\/2026\/09\/panorama-ria-s-cukrovou-homoli-49cf45de-80x60.jpg 80w, https:\/\/loudavymkrokem.cz\/wp-content\/uploads\/2026\/09\/panorama-ria-s-cukrovou-homoli-49cf45de-160x120.jpg 160w, https:\/\/loudavymkrokem.cz\/wp-content\/uploads\/2026\/09\/panorama-ria-s-cukrovou-homoli-49cf45de-696x522.jpg 696w, https:\/\/loudavymkrokem.cz\/wp-content\/uploads\/2026\/09\/panorama-ria-s-cukrovou-homoli-49cf45de-1392x1044.jpg 1392w\" sizes=\"(max-width: 1920px) 100vw, 1920px\" \/><button\n\t\t\tclass=\"lightbox-trigger\"\n\t\t\ttype=\"button\"\n\t\t\taria-haspopup=\"dialog\"\n\t\t\tdata-wp-bind--aria-label=\"state.thisImage.triggerButtonAriaLabel\"\n\t\t\tdata-wp-init=\"callbacks.initTriggerButton\"\n\t\t\tdata-wp-on--click=\"actions.showLightbox\"\n\t\t\tdata-wp-style--right=\"state.thisImage.buttonRight\"\n\t\t\tdata-wp-style--top=\"state.thisImage.buttonTop\"\n\t\t>\n\t\t\t<svg xmlns=\"http:\/\/www.w3.org\/2000\/svg\" width=\"12\" height=\"12\" fill=\"none\" viewBox=\"0 0 12 12\">\n\t\t\t\t<path fill=\"#fff\" d=\"M2 0a2 2 0 0 0-2 2v2h1.5V2a.5.5 0 0 1 .5-.5h2V0H2Zm2 10.5H2a.5.5 0 0 1-.5-.5V8H0v2a2 2 0 0 0 2 2h2v-1.5ZM8 12v-1.5h2a.5.5 0 0 0 .5-.5V8H12v2a2 2 0 0 1-2 2H8Zm2-12a2 2 0 0 1 2 2v2h-1.5V2a.5.5 0 0 0-.5-.5H8V0h2Z\" \/>\n\t\t\t<\/svg>\n\t\t<\/button><figcaption class=\"wp-element-caption\">Foto: Acediscovery \/ Wikimedia Commons, CC BY 4.0<\/figcaption><\/figure>\n\n\n\n<div id=\"ez-toc-container\" class=\"ez-toc-v2_0_87 ez-toc-wrap-left counter-hierarchy ez-toc-counter ez-toc-grey ez-toc-container-direction\">\n<div class=\"ez-toc-title-container\">\n<p class=\"ez-toc-title\" style=\"cursor:inherit\">Artikelinhalt<\/p>\n<span class=\"ez-toc-title-toggle\"><a href=\"#\" class=\"ez-toc-pull-right ez-toc-btn ez-toc-btn-xs ez-toc-btn-default ez-toc-toggle\" aria-label=\"Toggle Table of Content\"><span class=\"ez-toc-js-icon-con\"><span class=\"\"><span class=\"eztoc-hide\" style=\"display:none;\">Toggle<\/span><span class=\"ez-toc-icon-toggle-span\"><svg style=\"fill: #999;color:#999\" xmlns=\"http:\/\/www.w3.org\/2000\/svg\" class=\"list-377408\" width=\"20px\" height=\"20px\" viewBox=\"0 0 24 24\" fill=\"none\"><path d=\"M6 6H4v2h2V6zm14 0H8v2h12V6zM4 11h2v2H4v-2zm16 0H8v2h12v-2zM4 16h2v2H4v-2zm16 0H8v2h12v-2z\" fill=\"currentColor\"><\/path><\/svg><svg style=\"fill: #999;color:#999\" class=\"arrow-unsorted-368013\" xmlns=\"http:\/\/www.w3.org\/2000\/svg\" width=\"10px\" height=\"10px\" viewBox=\"0 0 24 24\" version=\"1.2\" baseProfile=\"tiny\"><path d=\"M18.2 9.3l-6.2-6.3-6.2 6.3c-.2.2-.3.4-.3.7s.1.5.3.7c.2.2.4.3.7.3h11c.3 0 .5-.1.7-.3.2-.2.3-.5.3-.7s-.1-.5-.3-.7zM5.8 14.7l6.2 6.3 6.2-6.3c.2-.2.3-.5.3-.7s-.1-.5-.3-.7c-.2-.2-.4-.3-.7-.3h-11c-.3 0-.5.1-.7.3-.2.2-.3.5-.3.7s.1.5.3.7z\"\/><\/svg><\/span><\/span><\/span><\/a><\/span><\/div>\n<nav><ul class='ez-toc-list ez-toc-list-level-1 ' ><ul class='ez-toc-list-level-3' ><li class='ez-toc-heading-level-3'><a class=\"ez-toc-link ez-toc-heading-1\" href=\"https:\/\/loudavymkrokem.cz\/de\/rio-de-janeiro-tipps\/#Zusammenfassung_fuer_alle_die_keine_Zeit_haben_den_ganzen_Artikel_zu_lesen\" >Zusammenfassung f\u00fcr alle, die keine Zeit haben, den ganzen Artikel zu lesen<\/a><\/li><\/ul><\/li><li class='ez-toc-page-1 ez-toc-heading-level-2'><a class=\"ez-toc-link ez-toc-heading-2\" href=\"https:\/\/loudavymkrokem.cz\/de\/rio-de-janeiro-tipps\/#Wann_du_nach_Rio_de_Janeiro_reisen_solltest\" >Wann du nach Rio de Janeiro reisen solltest<\/a><\/li><li class='ez-toc-page-1 ez-toc-heading-level-2'><a class=\"ez-toc-link ez-toc-heading-3\" href=\"https:\/\/loudavymkrokem.cz\/de\/rio-de-janeiro-tipps\/#Sicherheit_in_Rio_de_Janeiro_So_geniesst_du_deinen_Urlaub_ohne_Sorgen\" >Sicherheit in Rio de Janeiro: So genie\u00dft du deinen Urlaub ohne Sorgen<\/a><\/li><li class='ez-toc-page-1 ez-toc-heading-level-2'><a class=\"ez-toc-link ez-toc-heading-4\" href=\"https:\/\/loudavymkrokem.cz\/de\/rio-de-janeiro-tipps\/#Wo_du_in_Rio_de_Janeiro_uebernachten_solltest\" >Wo du in Rio de Janeiro \u00fcbernachten solltest<\/a><\/li><li class='ez-toc-page-1 ez-toc-heading-level-2'><a class=\"ez-toc-link ez-toc-heading-5\" href=\"https:\/\/loudavymkrokem.cz\/de\/rio-de-janeiro-tipps\/#22_Tipps_was_du_in_Rio_de_Janeiro_sehen_und_erleben_solltest\" >22 Tipps, was du in Rio de Janeiro sehen und erleben solltest<\/a><ul class='ez-toc-list-level-3' ><li class='ez-toc-heading-level-3'><a class=\"ez-toc-link ez-toc-heading-6\" href=\"https:\/\/loudavymkrokem.cz\/de\/rio-de-janeiro-tipps\/#1_Die_Christusstatue_Christ_the_Redeemer\" >1. Die Christusstatue (Christ the Redeemer)<\/a><\/li><li class='ez-toc-page-1 ez-toc-heading-level-3'><a class=\"ez-toc-link ez-toc-heading-7\" href=\"https:\/\/loudavymkrokem.cz\/de\/rio-de-janeiro-tipps\/#2_Seilbahn_auf_den_Zuckerhut_Pao_de_Acucar\" >2. Seilbahn auf den Zuckerhut (P\u00e3o de A\u00e7\u00facar)<\/a><\/li><li class='ez-toc-page-1 ez-toc-heading-level-3'><a class=\"ez-toc-link ez-toc-heading-8\" href=\"https:\/\/loudavymkrokem.cz\/de\/rio-de-janeiro-tipps\/#3_Strand_Copacabana_und_Forte_de_Copacabana\" >3. Strand Copacabana und Forte de Copacabana<\/a><\/li><li class='ez-toc-page-1 ez-toc-heading-level-3'><a class=\"ez-toc-link ez-toc-heading-9\" href=\"https:\/\/loudavymkrokem.cz\/de\/rio-de-janeiro-tipps\/#4_Strand_Ipanema_und_das_System_der_Rettungsschwimmer-Stationen\" >4. Strand Ipanema und das System der Rettungsschwimmer-Stationen<\/a><\/li><li class='ez-toc-page-1 ez-toc-heading-level-3'><a class=\"ez-toc-link ez-toc-heading-10\" href=\"https:\/\/loudavymkrokem.cz\/de\/rio-de-janeiro-tipps\/#5_Strand_Leblon_und_Aussichtspunkt_Mirante_do_Leblon\" >5. Strand Leblon und Aussichtspunkt Mirante do Leblon<\/a><\/li><li class='ez-toc-page-1 ez-toc-heading-level-3'><a class=\"ez-toc-link ez-toc-heading-11\" href=\"https:\/\/loudavymkrokem.cz\/de\/rio-de-janeiro-tipps\/#6_Felsvorsprung_Pedra_do_Arpoador\" >6. Felsvorsprung Pedra do Arpoador<\/a><\/li><li class='ez-toc-page-1 ez-toc-heading-level-3'><a class=\"ez-toc-link ez-toc-heading-12\" href=\"https:\/\/loudavymkrokem.cz\/de\/rio-de-janeiro-tipps\/#7_Treppe_Escadaria_Selaron\" >7. Treppe Escadaria Selar\u00f3n<\/a><\/li><li class='ez-toc-page-1 ez-toc-heading-level-3'><a class=\"ez-toc-link ez-toc-heading-13\" href=\"https:\/\/loudavymkrokem.cz\/de\/rio-de-janeiro-tipps\/#8_Viertel_Santa_Teresa_und_die_historische_Strassenbahn\" >8. Viertel Santa Teresa und die historische Stra\u00dfenbahn<\/a><\/li><li class='ez-toc-page-1 ez-toc-heading-level-3'><a class=\"ez-toc-link ez-toc-heading-14\" href=\"https:\/\/loudavymkrokem.cz\/de\/rio-de-janeiro-tipps\/#9_Aquaedukt_Arcos_da_Lapa\" >9. Aqu\u00e4dukt Arcos da Lapa<\/a><\/li><li class='ez-toc-page-1 ez-toc-heading-level-3'><a class=\"ez-toc-link ez-toc-heading-15\" href=\"https:\/\/loudavymkrokem.cz\/de\/rio-de-janeiro-tipps\/#10_Galerie_Parque_das_Ruinas\" >10. Galerie Parque das Ru\u00ednas<\/a><\/li><li class='ez-toc-page-1 ez-toc-heading-level-3'><a class=\"ez-toc-link ez-toc-heading-16\" href=\"https:\/\/loudavymkrokem.cz\/de\/rio-de-janeiro-tipps\/#11_Staedtischer_Regenwald_Tijuca_National_Park\" >11. St\u00e4dtischer Regenwald Tijuca National Park<\/a><\/li><li class='ez-toc-page-1 ez-toc-heading-level-3'><a class=\"ez-toc-link ez-toc-heading-17\" href=\"https:\/\/loudavymkrokem.cz\/de\/rio-de-janeiro-tipps\/#12_Aussichtspunkt_Mirante_Dona_Marta\" >12. Aussichtspunkt Mirante Dona Marta<\/a><\/li><li class='ez-toc-page-1 ez-toc-heading-level-3'><a class=\"ez-toc-link ez-toc-heading-18\" href=\"https:\/\/loudavymkrokem.cz\/de\/rio-de-janeiro-tipps\/#13_Chinesischer_Pavillon_Vista_Chinesa\" >13. Chinesischer Pavillon Vista Chinesa<\/a><\/li><li class='ez-toc-page-1 ez-toc-heading-level-3'><a class=\"ez-toc-link ez-toc-heading-19\" href=\"https:\/\/loudavymkrokem.cz\/de\/rio-de-janeiro-tipps\/#14_Gaerten_und_Villa_Parque_Lage\" >14. G\u00e4rten und Villa Parque Lage<\/a><\/li><li class='ez-toc-page-1 ez-toc-heading-level-3'><a class=\"ez-toc-link ez-toc-heading-20\" href=\"https:\/\/loudavymkrokem.cz\/de\/rio-de-janeiro-tipps\/#15_Museum_von_morgen_Museu_do_Amanha\" >15. Museum von morgen (Museu do Amanh\u00e3)<\/a><\/li><li class='ez-toc-page-1 ez-toc-heading-level-3'><a class=\"ez-toc-link ez-toc-heading-21\" href=\"https:\/\/loudavymkrokem.cz\/de\/rio-de-janeiro-tipps\/#16_Kunstmuseum_MAR_Rio_Museum_of_Art\" >16. Kunstmuseum MAR (Rio Museum of Art)<\/a><\/li><li class='ez-toc-page-1 ez-toc-heading-level-3'><a class=\"ez-toc-link ez-toc-heading-22\" href=\"https:\/\/loudavymkrokem.cz\/de\/rio-de-janeiro-tipps\/#17_Centro_Cultural_Banco_do_Brasil_CCBB\" >17. Centro Cultural Banco do Brasil (CCBB)<\/a><\/li><li class='ez-toc-page-1 ez-toc-heading-level-3'><a class=\"ez-toc-link ez-toc-heading-23\" href=\"https:\/\/loudavymkrokem.cz\/de\/rio-de-janeiro-tipps\/#18_Theatro_Municipal_do_Rio_de_Janeiro\" >18. Theatro Municipal do Rio de Janeiro<\/a><\/li><li class='ez-toc-page-1 ez-toc-heading-level-3'><a class=\"ez-toc-link ez-toc-heading-24\" href=\"https:\/\/loudavymkrokem.cz\/de\/rio-de-janeiro-tipps\/#19_Catedral_Metropolitana_de_Sao_Sebastiao\" >19. Catedral Metropolitana de S\u00e3o Sebasti\u00e3o<\/a><\/li><li class='ez-toc-page-1 ez-toc-heading-level-3'><a class=\"ez-toc-link ez-toc-heading-25\" href=\"https:\/\/loudavymkrokem.cz\/de\/rio-de-janeiro-tipps\/#20_Museu_da_Republica_Palacio_do_Catete\" >20. Museu da Rep\u00fablica (Pal\u00e1cio do Catete)<\/a><\/li><li class='ez-toc-page-1 ez-toc-heading-level-3'><a class=\"ez-toc-link ez-toc-heading-26\" href=\"https:\/\/loudavymkrokem.cz\/de\/rio-de-janeiro-tipps\/#21_Espaco_Cultural_da_Marinha\" >21. Espa\u00e7o Cultural da Marinha<\/a><\/li><li class='ez-toc-page-1 ez-toc-heading-level-3'><a class=\"ez-toc-link ez-toc-heading-27\" href=\"https:\/\/loudavymkrokem.cz\/de\/rio-de-janeiro-tipps\/#22_Strand_Praia_Vermelha_unter_dem_Zuckerhut\" >22. Strand Praia Vermelha unter dem Zuckerhut<\/a><\/li><\/ul><\/li><li class='ez-toc-page-1 ez-toc-heading-level-2'><a class=\"ez-toc-link ez-toc-heading-28\" href=\"https:\/\/loudavymkrokem.cz\/de\/rio-de-janeiro-tipps\/#Wohin_von_Rio_de_Janeiro_aus_weiter\" >Wohin von Rio de Janeiro aus weiter<\/a><\/li><li class='ez-toc-page-1 ez-toc-heading-level-2'><a class=\"ez-toc-link ez-toc-heading-29\" href=\"https:\/\/loudavymkrokem.cz\/de\/rio-de-janeiro-tipps\/#Haeufig_gestellte_Fragen\" >H\u00e4ufig gestellte Fragen<\/a><ul class='ez-toc-list-level-3' ><li class='ez-toc-heading-level-3'><a class=\"ez-toc-link ez-toc-heading-30\" href=\"https:\/\/loudavymkrokem.cz\/de\/rio-de-janeiro-tipps\/#Ist_Rio_de_Janeiro_sicher_fuer_Touristen\" >Ist Rio de Janeiro sicher f\u00fcr Touristen?<\/a><\/li><li class='ez-toc-page-1 ez-toc-heading-level-3'><a class=\"ez-toc-link ez-toc-heading-31\" href=\"https:\/\/loudavymkrokem.cz\/de\/rio-de-janeiro-tipps\/#Wie_viele_Tage_brauche_ich_fuer_einen_Besuch_in_Rio\" >Wie viele Tage brauche ich f\u00fcr einen Besuch in Rio?<\/a><\/li><li class='ez-toc-page-1 ez-toc-heading-level-3'><a class=\"ez-toc-link ez-toc-heading-32\" href=\"https:\/\/loudavymkrokem.cz\/de\/rio-de-janeiro-tipps\/#Wie_komme_ich_am_besten_zur_Christusstatue\" >Wie komme ich am besten zur Christusstatue?<\/a><\/li><li class='ez-toc-page-1 ez-toc-heading-level-3'><a class=\"ez-toc-link ez-toc-heading-33\" href=\"https:\/\/loudavymkrokem.cz\/de\/rio-de-janeiro-tipps\/#Wann_ist_die_beste_Reisezeit_fuer_Brasilien\" >Wann ist die beste Reisezeit f\u00fcr Brasilien?<\/a><\/li><li class='ez-toc-page-1 ez-toc-heading-level-3'><a class=\"ez-toc-link ez-toc-heading-34\" href=\"https:\/\/loudavymkrokem.cz\/de\/rio-de-janeiro-tipps\/#Kann_ich_nach_Einbruch_der_Dunkelheit_an_den_Straenden_in_Rio_baden\" >Kann ich nach Einbruch der Dunkelheit an den Str\u00e4nden in Rio baden?<\/a><\/li><li class='ez-toc-page-1 ez-toc-heading-level-3'><a class=\"ez-toc-link ez-toc-heading-35\" href=\"https:\/\/loudavymkrokem.cz\/de\/rio-de-janeiro-tipps\/#Wie_bewegt_man_sich_in_der_Stadt_fort_und_ist_der_OePNV_sicher\" >Wie bewegt man sich in der Stadt fort und ist der \u00d6PNV sicher?<\/a><\/li><li class='ez-toc-page-1 ez-toc-heading-level-3'><a class=\"ez-toc-link ez-toc-heading-36\" href=\"https:\/\/loudavymkrokem.cz\/de\/rio-de-janeiro-tipps\/#Was_kann_ich_in_Rio_essen_wenn_ich_kein_Fleisch_esse\" >Was kann ich in Rio essen, wenn ich kein Fleisch esse?<\/a><\/li><li class='ez-toc-page-1 ez-toc-heading-level-3'><a class=\"ez-toc-link ez-toc-heading-37\" href=\"https:\/\/loudavymkrokem.cz\/de\/rio-de-janeiro-tipps\/#Lohnt_es_sich_Eintrittskarten_fuer_Sehenswuerdigkeiten_lange_im_Voraus_zu_kaufen\" >Lohnt es sich, Eintrittskarten f\u00fcr Sehensw\u00fcrdigkeiten lange im Voraus zu kaufen?<\/a><\/li><\/ul><\/li><\/ul><\/nav><\/div>\n<h3 class=\"wp-block-heading\"><span class=\"ez-toc-section\" id=\"Zusammenfassung_fuer_alle_die_keine_Zeit_haben_den_ganzen_Artikel_zu_lesen\"><\/span>Zusammenfassung f\u00fcr alle, die keine Zeit haben, den ganzen Artikel zu lesen<span class=\"ez-toc-section-end\"><\/span><\/h3>\n\n\n\n<ul class=\"wp-block-list\">\n\n<li><strong>Plane nach den Wolken:<\/strong> Die ber\u00fchmtesten Sehensw\u00fcrdigkeiten wie die Christusstatue und der Zuckerhut ergeben im Nebel keinen Sinn, reserviere sie dir also f\u00fcr den klarsten Morgen deines Aufenthalts.<\/li>\n\n\n\n<li><strong>Sicherheit hat ihre Regeln:<\/strong> Halte dich an den sogenannten touristischen Sicherheitsg\u00fcrtel in der S\u00fcdzone und nutze nach Einbruch der Dunkelheit f\u00fcr Fahrten immer einen zuverl\u00e4ssigen Uber.<\/li>\n\n\n\n<li><strong>Drei Wege zur Christusstatue:<\/strong> Nach oben gelangst du mit der teuren Zahnradbahn, dem g\u00fcnstigeren Kleinbus oder v\u00f6llig kostenlos \u00fcber eine anstrengende Wanderung durch den Regenwald vom Parque Lage aus.<\/li>\n\n\n\n<li><strong>System der Rettungsschwimmer-Stationen:<\/strong> Die Str\u00e4nde werden nach nummerierten H\u00e4uschen namens Postos eingeteilt, wobei das ber\u00fchmte Posto 9 in Ipanema als lebhaftester Treffpunkt gilt.<\/li>\n\n\n\n<li><strong>G\u00fcnstigerer Zuckerhut:<\/strong> Wenn du den ersten Abschnitt zu Fu\u00df \u00fcber den Pfad Trilha do Morro da Urca gehst, sparst du gleich die H\u00e4lfte des Seilbahnpreises.<\/li>\n\n\n\n<li><strong>St\u00e4dtischer Regenwald:<\/strong> Direkt innerhalb der Stadtgrenzen erstreckt sich der Nationalpark Tijuca, der einen fantastischen R\u00fcckzug vor der Hitze in den Schatten riesiger B\u00e4ume bietet.<\/li>\n\n\n\n<li><strong>Lokale Leckereien ohne Fleisch:<\/strong> Die brasilianische K\u00fcche liebt Fleisch, aber du kannst am Strand ein erfrischendes A\u00e7a\u00ed, die K\u00e4seb\u00e4llchen P\u00e3o de Queijo oder frisches Kokoswasser genie\u00dfen.<\/li>\n\n\n<\/ul>\n\n\n\n<h2 class=\"wp-block-heading\"><span class=\"ez-toc-section\" id=\"Wann_du_nach_Rio_de_Janeiro_reisen_solltest\"><\/span>Wann du nach Rio de Janeiro reisen solltest<span class=\"ez-toc-section-end\"><\/span><\/h2>\n\n\n\n<p class=\"wp-block-paragraph\">Die Entscheidung \u00fcber den Termin deiner Reise beeinflusst nicht nur dein Budget, sondern auch den Gesamteindruck der gl\u00fchend hei\u00dfen Stadt. <strong>Die beste Reisezeit ist von April bis Juni und anschlie\u00dfend von August bis Oktober<\/strong>, wenn sehr angenehme Temperaturen herrschen und du den gr\u00f6\u00dften tropischen Regeng\u00fcssen aus dem Weg gehst. In diesen Monaten ist der Himmel oft herrlich klar \u2013 und genau das ist entscheidend f\u00fcr den Besuch aller hoch gelegenen Aussichtspunkte, auf denen das ganze Rio-Erlebnis beruht.<\/p>\n\n\n\n<p class=\"wp-block-paragraph\">Wenn du die Stadt in ihrem gr\u00f6\u00dften Trubel erleben m\u00f6chtest, musst du w\u00e4hrend des dortigen Sommers anreisen, der auf unsere Wintermonate f\u00e4llt. <strong>Der Karneval und das pr\u00e4chtige Silvester am Strand von Copacabana bedeuten die h\u00f6chsten Preise des ganzen Jahres<\/strong>, wobei Hotels und Fl\u00fcge oft schon viele Monate im Voraus hoffnungslos ausverkauft sind. Beim Rio-de-Janeiro-Wetter im Sommer musst du dich au\u00dferdem auf extreme Luftfeuchtigkeit und brennende Hitze einstellen, die \u00fcber vierzig Grad erreichen kann \u2013 das setzt dir beim Herumlaufen zwischen den Sehensw\u00fcrdigkeiten ordentlich zu.<\/p>\n\n\n\n<p class=\"wp-block-paragraph\">F\u00fcr welchen Monat du dich auch entscheidest: Vergiss nicht die goldene Regel der flexiblen Planung, \u00fcber die wir schon gesprochen haben. <strong>Halte dir mindestens zwei bis drei Tage als Reserve frei<\/strong>, damit du genau an dem Morgen zum Corcovado aufbrechen kannst, an dem sich die Wolken \u00fcber der Stadt teilen. Das lokale Klima wird stark vom Ozean und den umliegenden Bergen beeinflusst, deshalb kann sich das Wetter von Stunde zu Stunde sehr schnell \u00e4ndern und der Kauf von Tickets f\u00fcr einen bestimmten Tag weit im Voraus stellt ein riesiges Risiko dar.<\/p>\n\n\n\n<h2 class=\"wp-block-heading\"><span class=\"ez-toc-section\" id=\"Sicherheit_in_Rio_de_Janeiro_So_geniesst_du_deinen_Urlaub_ohne_Sorgen\"><\/span>Sicherheit in Rio de Janeiro: So genie\u00dft du deinen Urlaub ohne Sorgen<span class=\"ez-toc-section-end\"><\/span><\/h2>\n\n\n\n<p class=\"wp-block-paragraph\">Die Frage der Sicherheit ist wahrscheinlich das Erste, was jeder Reisende vor der Reise nach Brasilien im Internet recherchiert. <strong>Rio de Janeiro ist definitiv keine Kriegszone, verlangt aber die Einhaltung klarer Regeln<\/strong>, dank derer du die Stadt in aller Ruhe genie\u00dfen kannst. Absolute Grundlage ist, sich im sogenannten touristischen Sicherheitsg\u00fcrtel zu bewegen, den die wohlhabenderen Viertel Ipanema, Leblon, Copacabana, Botafogo und Urca bilden, wo an jeder Ecke die Touristenpolizei pr\u00e4sent ist.<\/p>\n\n\n\n<p class=\"wp-block-paragraph\">Und die Zahlen best\u00e4tigen es \u2013 die Viertel Leblon und Ipanema verzeichneten 2026 null Morde, was \u00fcber ihre Sicherheit mehr aussagt als jeder Reiseblog. Umgekehrt musst du am belebten Strand von Copacabana mit gelegentlichen kleinen Diebst\u00e4hlen, Taschendieben und dem Entrei\u00dfen von Handys direkt aus der Hand rechnen, vor allem auf der breiten Uferpromenade.<\/p>\n\n\n\n<p class=\"wp-block-paragraph\">Nach Einbruch der Dunkelheit gilt eine einfache Regel: Uber, immer und \u00fcberall, auch f\u00fcr kurze Strecken zwischen benachbarten Vierteln \u2013 das historische Centro leert sich nach Feierabend so sehr, dass man nachts dort einfach nicht mehr unterwegs ist. Genauso gilt ein striktes Verbot f\u00fcr abendliche Spazierg\u00e4nge an jedem beliebigen Strand, denn verlassene Sandfl\u00e4chen ziehen Probleme an.<\/p>\n\n\n\n<h2 class=\"wp-block-heading\"><span class=\"ez-toc-section\" id=\"Wo_du_in_Rio_de_Janeiro_uebernachten_solltest\"><\/span>Wo du in Rio de Janeiro \u00fcbernachten solltest<span class=\"ez-toc-section-end\"><\/span><\/h2>\n\n\n\n<p class=\"wp-block-paragraph\">Die Wahl der richtigen Lage f\u00fcr dein Hotel beeinflusst dein gesamtes Stadterlebnis, deshalb solltest du eine Unterkunft ausschlie\u00dflich in der S\u00fcdzone suchen. <strong>Die beste Wahl f\u00fcr einen ersten Besuch ist die Gegend rund um die Str\u00e4nde Ipanema und Leblon<\/strong>, die eine fantastische Gastronomieszene, sichere Stra\u00dfen voller Boutiquen und eine hervorragende U-Bahn-Anbindung an den Rest der Stadt bieten. Diese Viertel sind zwar teurer, aber die Investition in ruhigen Schlaf und sorgenfreie Abendspazierg\u00e4nge lohnt sich zu hundert Prozent.<\/p>\n\n\n\n<p class=\"wp-block-paragraph\">Wenn du eine etwas g\u00fcnstigere Variante suchst, aber trotzdem mitten im Geschehen bleiben willst, richte deine Aufmerksamkeit auf das legend\u00e4re Copacabana oder das benachbarte Botafogo. <strong>Besonders Botafogo erlebt in den letzten Jahren einen enormen Boom<\/strong>, hier er\u00f6ffnen neue Caf\u00e9s und das Viertel bietet einige der sch\u00f6nsten Ausblicke auf den Zuckerhut direkt vom Ufer aus. Das historische Santa Teresa auf dem H\u00fcgel lockt zwar mit seiner bohemischen Atmosph\u00e4re, ist logistisch f\u00fcr t\u00e4gliche Ausfl\u00fcge aber etwas abgeschnitten und abends schlechter erreichbar.<\/p>\n\n\n\n<p class=\"wp-block-paragraph\">F\u00fcr deine Buchung \u00fcber das beliebte Portal <a class=\"thirstylink\" rel=\"nofollow\" target=\"_blank\" title=\"Booking.com\" href=\"https:\/\/loudavymkrokem.cz\/doporucujeme\/booking-com\/\" data-shortcode=\"true\">Booking.com<\/a> empfehle ich dir, aus gepr\u00fcften Hotels mit durchgehend besetzter Rezeption und guter Bewertung zu w\u00e4hlen. <strong>Eine tolle Wahl am Strand ist das Arena Ipanema Hotel<\/strong>, das einen atemberaubenden Dachpool mit Meerblick bietet und nur wenige Schritte vom ber\u00fchmten Posto 8 entfernt liegt. <strong>F\u00fcr ein luxuri\u00f6seres Erlebnis w\u00e4hle das ikonische Hotel Fasano Rio de Janeiro<\/strong>, dessen Design und Lage in der Stadt konkurrenzlos sind, w\u00e4hrend dich in Botafogo das stilvolle <strong>Yoo2 Rio de Janeiro by Intercity<\/strong> mit einem fantastischen Blick auf die Bucht angenehm \u00fcberraschen wird.<\/p>\n\n\n\n\n\n<p class=\"wp-block-paragraph\"><em>\ud83d\udca1 <a href=\"https:\/\/www.stay22.com\/allez\/roam?aid=lukaskonecny&#038;campaign=loudavymkrokemcz&#038;campaign=co-videt-v-rio-de-janeiru&#038;address=Rio%20de%20Janeiro%2C%20Braz%C3%ADlie\" target=\"_blank\" rel=\"nofollow noopener sponsored\">Auf dieser Karte vergleichst du, was gerade frei ist<\/a> \u2013 du siehst sofort, um wie viel g\u00fcnstiger eine Unterkunft einen Block von der Avenida Atl\u00e2ntica entfernt ist.<\/em><\/p>\n\n<h2 class=\"wp-block-heading\"><span class=\"ez-toc-section\" id=\"22_Tipps_was_du_in_Rio_de_Janeiro_sehen_und_erleben_solltest\"><\/span>22 Tipps, was du in Rio de Janeiro sehen und erleben solltest<span class=\"ez-toc-section-end\"><\/span><\/h2>\n\n\n\n<p class=\"wp-block-paragraph\">So, und jetzt zum Besten \u2013 zu den Orten, die es wirklich wert sind. Ber\u00fchmte Ikonen und ein paar versteckte Sch\u00e4tze, an denen du die Stadt von allen Seiten kennenlernst.<\/p>\n\n\n\n<figure data-wp-context=\"{&quot;imageId&quot;:&quot;6a9c73be5e5a9&quot;}\" data-wp-interactive=\"core\/image\" data-wp-key=\"6a9c73be5e5a9\" class=\"wp-block-image size-full wp-lightbox-container\"><img decoding=\"async\" width=\"1600\" height=\"2133\" data-wp-class--hide=\"state.isContentHidden\" data-wp-class--show=\"state.isContentVisible\" data-wp-init=\"callbacks.setButtonStyles\" data-wp-on--click=\"actions.showLightbox\" data-wp-on--load=\"callbacks.setButtonStyles\" data-wp-on--pointerdown=\"actions.preloadImage\" data-wp-on--pointerenter=\"actions.preloadImageWithDelay\" data-wp-on--pointerleave=\"actions.cancelPreload\" data-wp-on-window--resize=\"callbacks.setButtonStyles\" src=\"https:\/\/loudavymkrokem.cz\/wp-content\/uploads\/2026\/09\/krista-spasitele.jpg\" alt=\"Die Christusstatue (Christ the Redeemer)\" class=\"wp-image-413166\" title=\"\" srcset=\"https:\/\/loudavymkrokem.cz\/wp-content\/uploads\/2026\/09\/krista-spasitele.jpg 1600w, https:\/\/loudavymkrokem.cz\/wp-content\/uploads\/2026\/09\/krista-spasitele-225x300.jpg 225w, https:\/\/loudavymkrokem.cz\/wp-content\/uploads\/2026\/09\/krista-spasitele-700x933.jpg 700w, https:\/\/loudavymkrokem.cz\/wp-content\/uploads\/2026\/09\/krista-spasitele-768x1024.jpg 768w, https:\/\/loudavymkrokem.cz\/wp-content\/uploads\/2026\/09\/krista-spasitele-1152x1536.jpg 1152w, https:\/\/loudavymkrokem.cz\/wp-content\/uploads\/2026\/09\/krista-spasitele-1536x2048.jpg 1536w, https:\/\/loudavymkrokem.cz\/wp-content\/uploads\/2026\/09\/krista-spasitele-696x928.jpg 696w, https:\/\/loudavymkrokem.cz\/wp-content\/uploads\/2026\/09\/krista-spasitele-1392x1856.jpg 1392w\" sizes=\"(max-width: 1600px) 100vw, 1600px\" \/><button\n\t\t\tclass=\"lightbox-trigger\"\n\t\t\ttype=\"button\"\n\t\t\taria-haspopup=\"dialog\"\n\t\t\tdata-wp-bind--aria-label=\"state.thisImage.triggerButtonAriaLabel\"\n\t\t\tdata-wp-init=\"callbacks.initTriggerButton\"\n\t\t\tdata-wp-on--click=\"actions.showLightbox\"\n\t\t\tdata-wp-style--right=\"state.thisImage.buttonRight\"\n\t\t\tdata-wp-style--top=\"state.thisImage.buttonTop\"\n\t\t>\n\t\t\t<svg xmlns=\"http:\/\/www.w3.org\/2000\/svg\" width=\"12\" height=\"12\" fill=\"none\" viewBox=\"0 0 12 12\">\n\t\t\t\t<path fill=\"#fff\" d=\"M2 0a2 2 0 0 0-2 2v2h1.5V2a.5.5 0 0 1 .5-.5h2V0H2Zm2 10.5H2a.5.5 0 0 1-.5-.5V8H0v2a2 2 0 0 0 2 2h2v-1.5ZM8 12v-1.5h2a.5.5 0 0 0 .5-.5V8H12v2a2 2 0 0 1-2 2H8Zm2-12a2 2 0 0 1 2 2v2h-1.5V2a.5.5 0 0 0-.5-.5H8V0h2Z\" \/>\n\t\t\t<\/svg>\n\t\t<\/button><figcaption class=\"wp-element-caption\">Foto: Keryson Patrick Oliveira Belarmino \/ Google Maps<\/figcaption><\/figure>\n\n\n\n<h3 class=\"wp-block-heading\"><span class=\"ez-toc-section\" id=\"1_Die_Christusstatue_Christ_the_Redeemer\"><\/span>1. Die Christusstatue (Christ the Redeemer)<span class=\"ez-toc-section-end\"><\/span><\/h3>\n\n\n\n<p class=\"wp-block-paragraph\">Diese drei\u00dfig Meter hohe Ikone, die auf dem Gipfel des Berges Corcovado thront, ist zweifellos das bekannteste Symbol ganz Brasiliens. <strong>Die Statue steht auf 710 Metern H\u00f6he und Wolken k\u00f6nnen sie einen ganzen Tag lang verh\u00fcllen<\/strong>, deshalb ist es absolut entscheidend, nur dann hierher aufzubrechen, wenn der Himmel \u00fcber der Stadt klar und blau ist. Vom Gipfel siehst du die ganze Stadt auf einmal \u2013 die Guanabara-Bucht, die umliegenden Regenw\u00e4lder und die fernen Str\u00e4nde \u2013 und bei guter Sicht verstehst du, warum die Menschen aus der ganzen Welt hierherkommen.<\/p>\n\n\n\n<p class=\"wp-block-paragraph\">Interessant ist, dass gleich mehrere verschiedene Wege zu diesem Wahrzeichen f\u00fchren, aus denen du je nach Budget und Kondition w\u00e4hlen kannst. <strong>Die teuerste und beliebteste Variante ist die <a href=\"https:\/\/www.tremdocorcovado.rio\/\" rel=\"nofollow noopener\" target=\"_blank\">historische Zahnradbahn Corcovado<\/a><\/strong>, etwas g\u00fcnstiger kommt dich der offizielle Kleinbus vom Besucherzentrum Paineiras, und der allerg\u00fcnstigste Weg ist der anstrengende Aufstieg zu Fu\u00df. Die Statue selbst aus dem Jahr 1931 ist ein Meisterwerk im Art-d\u00e9co-Stil und ihre offenen Arme hei\u00dfen symbolisch alle Besucher der Stadt willkommen.<\/p>\n\n\n\n<p class=\"wp-block-paragraph\">\ud83d\udca1 Tipp: <strong>Wenn du dich f\u00fcr die Wanderung entscheidest, beginnt sie im wundersch\u00f6nen Parque Lage<\/strong> und f\u00fchrt steil bergauf durch dichten Regenwald. Sie dauert etwa zwei bis drei Stunden, unterwegs triffst du wahrscheinlich neugierige Affen, aber sie erfordert festes Schuhwerk und ausreichend Trinkwasser, denn der Aufstieg in der tropischen Feuchtigkeit ist wirklich anstrengend.<\/p>\n\n\n\n<figure data-wp-context=\"{&quot;imageId&quot;:&quot;6a9c73be5ebcf&quot;}\" data-wp-interactive=\"core\/image\" data-wp-key=\"6a9c73be5ebcf\" class=\"wp-block-image size-full wp-lightbox-container\"><img decoding=\"async\" width=\"640\" height=\"480\" data-wp-class--hide=\"state.isContentHidden\" data-wp-class--show=\"state.isContentVisible\" data-wp-init=\"callbacks.setButtonStyles\" data-wp-on--click=\"actions.showLightbox\" data-wp-on--load=\"callbacks.setButtonStyles\" data-wp-on--pointerdown=\"actions.preloadImage\" data-wp-on--pointerenter=\"actions.preloadImageWithDelay\" data-wp-on--pointerleave=\"actions.cancelPreload\" data-wp-on-window--resize=\"callbacks.setButtonStyles\" src=\"https:\/\/loudavymkrokem.cz\/wp-content\/uploads\/2026\/09\/na-cukrovou-homoli.jpg\" alt=\"Seilbahn auf den Zuckerhut (P\u00e3o de A\u00e7\u00facar)\" class=\"wp-image-413170\" title=\"\" srcset=\"https:\/\/loudavymkrokem.cz\/wp-content\/uploads\/2026\/09\/na-cukrovou-homoli.jpg 640w, https:\/\/loudavymkrokem.cz\/wp-content\/uploads\/2026\/09\/na-cukrovou-homoli-300x225.jpg 300w, https:\/\/loudavymkrokem.cz\/wp-content\/uploads\/2026\/09\/na-cukrovou-homoli-80x60.jpg 80w, https:\/\/loudavymkrokem.cz\/wp-content\/uploads\/2026\/09\/na-cukrovou-homoli-160x120.jpg 160w\" sizes=\"(max-width: 640px) 100vw, 640px\" \/><button\n\t\t\tclass=\"lightbox-trigger\"\n\t\t\ttype=\"button\"\n\t\t\taria-haspopup=\"dialog\"\n\t\t\tdata-wp-bind--aria-label=\"state.thisImage.triggerButtonAriaLabel\"\n\t\t\tdata-wp-init=\"callbacks.initTriggerButton\"\n\t\t\tdata-wp-on--click=\"actions.showLightbox\"\n\t\t\tdata-wp-style--right=\"state.thisImage.buttonRight\"\n\t\t\tdata-wp-style--top=\"state.thisImage.buttonTop\"\n\t\t>\n\t\t\t<svg xmlns=\"http:\/\/www.w3.org\/2000\/svg\" width=\"12\" height=\"12\" fill=\"none\" viewBox=\"0 0 12 12\">\n\t\t\t\t<path fill=\"#fff\" d=\"M2 0a2 2 0 0 0-2 2v2h1.5V2a.5.5 0 0 1 .5-.5h2V0H2Zm2 10.5H2a.5.5 0 0 1-.5-.5V8H0v2a2 2 0 0 0 2 2h2v-1.5ZM8 12v-1.5h2a.5.5 0 0 0 .5-.5V8H12v2a2 2 0 0 1-2 2H8Zm2-12a2 2 0 0 1 2 2v2h-1.5V2a.5.5 0 0 0-.5-.5H8V0h2Z\" \/>\n\t\t\t<\/svg>\n\t\t<\/button><figcaption class=\"wp-element-caption\">Foto: S\u00f3 Jesus salvar \/ Google Maps<\/figcaption><\/figure>\n\n\n\n<h3 class=\"wp-block-heading\"><span class=\"ez-toc-section\" id=\"2_Seilbahn_auf_den_Zuckerhut_Pao_de_Acucar\"><\/span>2. Seilbahn auf den Zuckerhut (P\u00e3o de A\u00e7\u00facar)<span class=\"ez-toc-section-end\"><\/span><\/h3>\n\n\n\n<p class=\"wp-block-paragraph\">Der zweitwichtigste Aussichtspunkt der Stadt ist ein gewaltiger Granitmonolith, der sich steil direkt aus den Wassern des Ozeans erhebt. <strong>Die <a href=\"https:\/\/bondinho.com.br\/\" rel=\"nofollow noopener\" target=\"_blank\">verglaste Seilbahn<\/a> bringt dich in zwei separaten Abschnitten nach oben<\/strong>, wobei sich schon von der ersten Umsteigestation auf dem H\u00fcgel Morro da Urca ein fantastisches Schauspiel auf ankernde Yachten und landende Flugzeuge bietet. Auf dem eigentlichen Gipfel des Zuckerhuts stehst du dann auf 396 Metern H\u00f6he und hast die ganze Stadt samt der gegen\u00fcberliegenden Christusstatue vor Augen.<\/p>\n\n\n\n<p class=\"wp-block-paragraph\">Dieses geologische Wunder ist von \u00fcppiger Vegetation umgeben und oft kannst du hier kleine Krallen\u00e4ffchen beobachten, die fr\u00f6hlich in den Baumkronen herumh\u00fcpfen. <strong>Das gesamte Massiv funktioniert als ein gro\u00dfes Naturdenkmal<\/strong>, sodass es sich, obwohl verschiedene Karten die Seilbahn und den H\u00fcgel oft als getrennte Orte darstellen, um ein einziges kompaktes Erlebnis handelt. Der Ausblick von hier ist besonders am sp\u00e4ten Nachmittag magisch, wenn die Sonne langsam hinter den hohen Gipfeln des Nationalparks Tijuca untergeht und die Stadt zu leuchten beginnt.<\/p>\n\n\n\n<p class=\"wp-block-paragraph\">\ud83d\udca1 Tipp: <strong>Wenn du beim recht teuren Ticket deutlich sparen willst, nutze den Pfad Trilha do Morro da Urca<\/strong>, auf dem du den ersten Abschnitt in etwa vierzig Minuten zu Fu\u00df durch den Dschungel bew\u00e4ltigst. Oben kaufst du dann nur ein Ticket f\u00fcr den zweiten, den Gipfelabschnitt der Seilbahn, wodurch du die Gesamtkosten halbierst und dir zudem die langen Warteschlangen unten an den Kassen ersparst.<\/p>\n\n\n\n<figure data-wp-context=\"{&quot;imageId&quot;:&quot;6a9c73be5f250&quot;}\" data-wp-interactive=\"core\/image\" data-wp-key=\"6a9c73be5f250\" class=\"wp-block-image size-full wp-lightbox-container\"><img decoding=\"async\" width=\"1200\" height=\"675\" data-wp-class--hide=\"state.isContentHidden\" data-wp-class--show=\"state.isContentVisible\" data-wp-init=\"callbacks.setButtonStyles\" data-wp-on--click=\"actions.showLightbox\" data-wp-on--load=\"callbacks.setButtonStyles\" data-wp-on--pointerdown=\"actions.preloadImage\" data-wp-on--pointerenter=\"actions.preloadImageWithDelay\" data-wp-on--pointerleave=\"actions.cancelPreload\" data-wp-on-window--resize=\"callbacks.setButtonStyles\" src=\"https:\/\/loudavymkrokem.cz\/wp-content\/uploads\/2026\/09\/copacabana.jpg\" alt=\"Strand Copacabana und Forte de Copacabana\" class=\"wp-image-413175\" title=\"\" srcset=\"https:\/\/loudavymkrokem.cz\/wp-content\/uploads\/2026\/09\/copacabana.jpg 1200w, https:\/\/loudavymkrokem.cz\/wp-content\/uploads\/2026\/09\/copacabana-300x169.jpg 300w, https:\/\/loudavymkrokem.cz\/wp-content\/uploads\/2026\/09\/copacabana-700x394.jpg 700w, https:\/\/loudavymkrokem.cz\/wp-content\/uploads\/2026\/09\/copacabana-768x432.jpg 768w, https:\/\/loudavymkrokem.cz\/wp-content\/uploads\/2026\/09\/copacabana-696x392.jpg 696w\" sizes=\"(max-width: 1200px) 100vw, 1200px\" \/><button\n\t\t\tclass=\"lightbox-trigger\"\n\t\t\ttype=\"button\"\n\t\t\taria-haspopup=\"dialog\"\n\t\t\tdata-wp-bind--aria-label=\"state.thisImage.triggerButtonAriaLabel\"\n\t\t\tdata-wp-init=\"callbacks.initTriggerButton\"\n\t\t\tdata-wp-on--click=\"actions.showLightbox\"\n\t\t\tdata-wp-style--right=\"state.thisImage.buttonRight\"\n\t\t\tdata-wp-style--top=\"state.thisImage.buttonTop\"\n\t\t>\n\t\t\t<svg xmlns=\"http:\/\/www.w3.org\/2000\/svg\" width=\"12\" height=\"12\" fill=\"none\" viewBox=\"0 0 12 12\">\n\t\t\t\t<path fill=\"#fff\" d=\"M2 0a2 2 0 0 0-2 2v2h1.5V2a.5.5 0 0 1 .5-.5h2V0H2Zm2 10.5H2a.5.5 0 0 1-.5-.5V8H0v2a2 2 0 0 0 2 2h2v-1.5ZM8 12v-1.5h2a.5.5 0 0 0 .5-.5V8H12v2a2 2 0 0 1-2 2H8Zm2-12a2 2 0 0 1 2 2v2h-1.5V2a.5.5 0 0 0-.5-.5H8V0h2Z\" \/>\n\t\t\t<\/svg>\n\t\t<\/button><figcaption class=\"wp-element-caption\">Foto: Alby Set \/ Google Maps<\/figcaption><\/figure>\n\n\n\n<h3 class=\"wp-block-heading\"><span class=\"ez-toc-section\" id=\"3_Strand_Copacabana_und_Forte_de_Copacabana\"><\/span>3. Strand Copacabana und Forte de Copacabana<span class=\"ez-toc-section-end\"><\/span><\/h3>\n\n\n\n<p class=\"wp-block-paragraph\">Es gibt wohl keinen ber\u00fchmteren Sandstreifen auf der Welt als genau diesen dreieinhalb Kilometer langen Abschnitt, ges\u00e4umt vom ikonischen schwarz-wei\u00dfen Wellenpflaster. <strong>Die Copacabana ist das pulsierende Herz ganz Rios<\/strong>, wo vom fr\u00fchen Morgen bis zum sp\u00e4ten Nachmittag Beachvolleyball gespielt wird, erfrischende Getr\u00e4nke aus Kiosken getrunken werden und Einheimische auf Touristen aus aller Welt treffen. Die Wellen sind hier ziemlich kr\u00e4ftig, aber der breite Streifen feinen Sandes bietet genug Platz zum bequemen Sonnenbaden und f\u00fcr lange Spazierg\u00e4nge.<\/p>\n\n\n\n<p class=\"wp-block-paragraph\">Am \u00e4u\u00dfersten S\u00fcdende des Strandes erhebt sich stolz eine historische Milit\u00e4rfestung aus dem fr\u00fchen zwanzigsten Jahrhundert, die heute als faszinierendes Museum dient. <strong>Das Forte de Copacabana bietet einen absolut perfekten Blick auf die gesamte L\u00e4nge des Strandes<\/strong> bis zum majest\u00e4tischen Zuckerhut in der Ferne. Innerhalb des Areals kannst du erhaltene Kanonen, historische Uniformen und alte Fotografien besichtigen, die die verwickelte Milit\u00e4rgeschichte dieses riesigen s\u00fcdamerikanischen Landes nachzeichnen.<\/p>\n\n\n\n<p class=\"wp-block-paragraph\">\ud83d\udca1 Tipp: <strong>In der Festung findest du das ber\u00fchmte Caf\u00e9 Confeitaria Colombo<\/strong>, wo du dich auf die Au\u00dfenterrasse setzen, dir einen ausgezeichneten Kaffee mit den K\u00e4seb\u00e4llchen P\u00e3o de Queijo bestellen und absolute Ruhe abseits der gesch\u00e4ftigen Strandmengen genie\u00dfen kannst. Vergiss aber nicht, dass man die Promenade nur tags\u00fcber begeht \u2013 nach Einbruch der Dunkelheit w\u00e4hlst du besser den Weg mit dem Taxi.<\/p>\n\n\n\n<figure data-wp-context=\"{&quot;imageId&quot;:&quot;6a9c73be5f79d&quot;}\" data-wp-interactive=\"core\/image\" data-wp-key=\"6a9c73be5f79d\" class=\"wp-block-image size-full wp-lightbox-container\"><img decoding=\"async\" width=\"1200\" height=\"900\" data-wp-class--hide=\"state.isContentHidden\" data-wp-class--show=\"state.isContentVisible\" data-wp-init=\"callbacks.setButtonStyles\" data-wp-on--click=\"actions.showLightbox\" data-wp-on--load=\"callbacks.setButtonStyles\" data-wp-on--pointerdown=\"actions.preloadImage\" data-wp-on--pointerenter=\"actions.preloadImageWithDelay\" data-wp-on--pointerleave=\"actions.cancelPreload\" data-wp-on-window--resize=\"callbacks.setButtonStyles\" src=\"https:\/\/loudavymkrokem.cz\/wp-content\/uploads\/2026\/09\/ipanema.jpg\" alt=\"Strand Ipanema und das System der Rettungsschwimmer-Stationen\" class=\"wp-image-413179\" title=\"\" srcset=\"https:\/\/loudavymkrokem.cz\/wp-content\/uploads\/2026\/09\/ipanema.jpg 1200w, https:\/\/loudavymkrokem.cz\/wp-content\/uploads\/2026\/09\/ipanema-300x225.jpg 300w, https:\/\/loudavymkrokem.cz\/wp-content\/uploads\/2026\/09\/ipanema-700x525.jpg 700w, https:\/\/loudavymkrokem.cz\/wp-content\/uploads\/2026\/09\/ipanema-768x576.jpg 768w, https:\/\/loudavymkrokem.cz\/wp-content\/uploads\/2026\/09\/ipanema-80x60.jpg 80w, https:\/\/loudavymkrokem.cz\/wp-content\/uploads\/2026\/09\/ipanema-160x120.jpg 160w, https:\/\/loudavymkrokem.cz\/wp-content\/uploads\/2026\/09\/ipanema-696x522.jpg 696w\" sizes=\"(max-width: 1200px) 100vw, 1200px\" \/><button\n\t\t\tclass=\"lightbox-trigger\"\n\t\t\ttype=\"button\"\n\t\t\taria-haspopup=\"dialog\"\n\t\t\tdata-wp-bind--aria-label=\"state.thisImage.triggerButtonAriaLabel\"\n\t\t\tdata-wp-init=\"callbacks.initTriggerButton\"\n\t\t\tdata-wp-on--click=\"actions.showLightbox\"\n\t\t\tdata-wp-style--right=\"state.thisImage.buttonRight\"\n\t\t\tdata-wp-style--top=\"state.thisImage.buttonTop\"\n\t\t>\n\t\t\t<svg xmlns=\"http:\/\/www.w3.org\/2000\/svg\" width=\"12\" height=\"12\" fill=\"none\" viewBox=\"0 0 12 12\">\n\t\t\t\t<path fill=\"#fff\" d=\"M2 0a2 2 0 0 0-2 2v2h1.5V2a.5.5 0 0 1 .5-.5h2V0H2Zm2 10.5H2a.5.5 0 0 1-.5-.5V8H0v2a2 2 0 0 0 2 2h2v-1.5ZM8 12v-1.5h2a.5.5 0 0 0 .5-.5V8H12v2a2 2 0 0 1-2 2H8Zm2-12a2 2 0 0 1 2 2v2h-1.5V2a.5.5 0 0 0-.5-.5H8V0h2Z\" \/>\n\t\t\t<\/svg>\n\t\t<\/button><figcaption class=\"wp-element-caption\">Foto: Alby Set \/ Google Maps<\/figcaption><\/figure>\n\n\n\n<h3 class=\"wp-block-heading\"><span class=\"ez-toc-section\" id=\"4_Strand_Ipanema_und_das_System_der_Rettungsschwimmer-Stationen\"><\/span>4. Strand Ipanema und das System der Rettungsschwimmer-Stationen<span class=\"ez-toc-section-end\"><\/span><\/h3>\n\n\n\n<p class=\"wp-block-paragraph\">Wenn die Copacabana den Massentourismus verk\u00f6rpert, ist Ipanema ein Symbol f\u00fcr Eleganz, Mode und einen entspannten Strand-Lebensstil. <strong>Dieser Strand ist ber\u00fchmt f\u00fcr sein unglaublich klares Wasser und die herrlichen Ausblicke auf das Bergmassiv Dois Irm\u00e3os<\/strong>, das die perfekte Kulisse f\u00fcr jedes Foto bildet. Der Sand ist hier etwas feiner und die Gesamtatmosph\u00e4re lockt eher die j\u00fcngere Generation, K\u00fcnstler und Designliebhaber an, die aus den angrenzenden Boutiquenstra\u00dfen hierherstr\u00f6men.<\/p>\n\n\n\n<p class=\"wp-block-paragraph\">Zur Orientierung an der langen K\u00fcste verwenden die Einheimischen die sogenannten Postos, das sind nummerierte Rettungsschwimmer-Stationen in regelm\u00e4\u00dfigen Abst\u00e4nden. <strong>Der ber\u00fchmteste Punkt ist zweifellos das Posto 9 in Ipanema<\/strong>, das historisch als Haupttreffpunkt dient, wo man sich am\u00fcsiert, neue Badeanz\u00fcge vorf\u00fchrt und \u00fcbers Leben diskutiert. Jedes Posto hat seine eigene Atmosph\u00e4re und zieht eine etwas andere Gruppe von Menschen an, von Familien mit Kindern bis zu passionierten Sportlern.<\/p>\n\n\n\n<p class=\"wp-block-paragraph\">\ud83d\udca1 Tipp: <strong>Wenn dich der Hunger packt, musst du den Strand gar nicht verlassen, kauf dir einfach von den Strandverk\u00e4ufern eine Schale eiskaltes A\u00e7a\u00ed<\/strong>, das ist ein dickfl\u00fcssiges lila Mark aus Amazonaspalmen, bestreut mit knuspriger Granola und Banane. Es ist eine perfekte, erfrischende und v\u00f6llig fleischlose Leckerei, die dir in der tropischen Hitze sofort die n\u00f6tige Energie f\u00fcrs n\u00e4chste Bad gibt.<\/p>\n\n\n\n<figure data-wp-context=\"{&quot;imageId&quot;:&quot;6a9c73be5fc9f&quot;}\" data-wp-interactive=\"core\/image\" data-wp-key=\"6a9c73be5fc9f\" class=\"wp-block-image size-full wp-lightbox-container\"><img decoding=\"async\" width=\"1600\" height=\"739\" data-wp-class--hide=\"state.isContentHidden\" data-wp-class--show=\"state.isContentVisible\" data-wp-init=\"callbacks.setButtonStyles\" data-wp-on--click=\"actions.showLightbox\" data-wp-on--load=\"callbacks.setButtonStyles\" data-wp-on--pointerdown=\"actions.preloadImage\" data-wp-on--pointerenter=\"actions.preloadImageWithDelay\" data-wp-on--pointerleave=\"actions.cancelPreload\" data-wp-on-window--resize=\"callbacks.setButtonStyles\" src=\"https:\/\/loudavymkrokem.cz\/wp-content\/uploads\/2026\/09\/leblon.jpg\" alt=\"Strand Leblon und Aussichtspunkt Mirante do Leblon\" class=\"wp-image-413183\" title=\"\" srcset=\"https:\/\/loudavymkrokem.cz\/wp-content\/uploads\/2026\/09\/leblon.jpg 1600w, https:\/\/loudavymkrokem.cz\/wp-content\/uploads\/2026\/09\/leblon-300x139.jpg 300w, https:\/\/loudavymkrokem.cz\/wp-content\/uploads\/2026\/09\/leblon-700x323.jpg 700w, https:\/\/loudavymkrokem.cz\/wp-content\/uploads\/2026\/09\/leblon-768x355.jpg 768w, https:\/\/loudavymkrokem.cz\/wp-content\/uploads\/2026\/09\/leblon-1536x709.jpg 1536w, https:\/\/loudavymkrokem.cz\/wp-content\/uploads\/2026\/09\/leblon-696x321.jpg 696w, https:\/\/loudavymkrokem.cz\/wp-content\/uploads\/2026\/09\/leblon-1392x643.jpg 1392w\" sizes=\"(max-width: 1600px) 100vw, 1600px\" \/><button\n\t\t\tclass=\"lightbox-trigger\"\n\t\t\ttype=\"button\"\n\t\t\taria-haspopup=\"dialog\"\n\t\t\tdata-wp-bind--aria-label=\"state.thisImage.triggerButtonAriaLabel\"\n\t\t\tdata-wp-init=\"callbacks.initTriggerButton\"\n\t\t\tdata-wp-on--click=\"actions.showLightbox\"\n\t\t\tdata-wp-style--right=\"state.thisImage.buttonRight\"\n\t\t\tdata-wp-style--top=\"state.thisImage.buttonTop\"\n\t\t>\n\t\t\t<svg xmlns=\"http:\/\/www.w3.org\/2000\/svg\" width=\"12\" height=\"12\" fill=\"none\" viewBox=\"0 0 12 12\">\n\t\t\t\t<path fill=\"#fff\" d=\"M2 0a2 2 0 0 0-2 2v2h1.5V2a.5.5 0 0 1 .5-.5h2V0H2Zm2 10.5H2a.5.5 0 0 1-.5-.5V8H0v2a2 2 0 0 0 2 2h2v-1.5ZM8 12v-1.5h2a.5.5 0 0 0 .5-.5V8H12v2a2 2 0 0 1-2 2H8Zm2-12a2 2 0 0 1 2 2v2h-1.5V2a.5.5 0 0 0-.5-.5H8V0h2Z\" \/>\n\t\t\t<\/svg>\n\t\t<\/button><figcaption class=\"wp-element-caption\">Foto: Cassiano Neto \/ Google Maps<\/figcaption><\/figure>\n\n\n\n<h3 class=\"wp-block-heading\"><span class=\"ez-toc-section\" id=\"5_Strand_Leblon_und_Aussichtspunkt_Mirante_do_Leblon\"><\/span>5. Strand Leblon und Aussichtspunkt Mirante do Leblon<span class=\"ez-toc-section-end\"><\/span><\/h3>\n\n\n\n<p class=\"wp-block-paragraph\">Gleich hinter dem Kanal, der Ipanema abtrennt, erstreckt sich das exklusive Viertel Leblon mit seinem eigenen, viel ruhigeren Strand. <strong>Leblon gilt als der sicherste und prestigetr\u00e4chtigste Teil der ganzen Stadt<\/strong>, was sich nicht nur in der Statistik ohne schwere Verbrechen widerspiegelt, sondern auch in der Gepflegtheit der lokalen Kioske und der Sauberkeit der gesamten Uferpromenade. Der Strand ist die Dom\u00e4ne der einheimischen Bewohner, Familien mit Kindern und bekannter Pers\u00f6nlichkeiten, die zum Entspannen unter Sonnenschirmen kommen, weit weg vom gr\u00f6\u00dften Touristentrubel.<\/p>\n\n\n\n<p class=\"wp-block-paragraph\">Am \u00e4u\u00dfersten Ende des Strandes, wo die Stra\u00dfe sich in steile H\u00fcgel zu erheben beginnt, findest du eine wundersch\u00f6ne Holzterrasse, die \u00fcber dem tosenden Ozean thront. <strong>Der Aussichtspunkt Mirante do Leblon bietet dir den ikonischen Blick auf die gesamte L\u00e4nge der Str\u00e4nde Leblon und Ipanema<\/strong>, ges\u00e4umt von Palmen und hohen modernen Geb\u00e4uden. Besonders in den Nachmittagsstunden str\u00f6men hierher Menschen mit Fahrr\u00e4dern, um an kleinen St\u00e4nden gek\u00fchltes Kokoswasser zu kaufen und zuzusehen, wie die Stadt langsam zur Ruhe kommt.<\/p>\n\n\n\n<p class=\"wp-block-paragraph\">\ud83d\udca1 Tipp: <strong>Direkt am Aussichtspunkt gibt es mehrere kleine Bars, wo du dir frischen Saft aus tropischen Fr\u00fcchten g\u00f6nnen kannst<\/strong> und dem Rauschen der riesigen Wellen lauschst, die direkt unter dir an den Felsen zerschellen. Es ist der ideale Ort, um einen langen Tag romantisch ausklingen zu lassen, au\u00dferdem gelangst du vom Strand mit einem bequemen Spaziergang \u00fcber die sichere Promenade hierher.<\/p>\n\n\n\n<figure data-wp-context=\"{&quot;imageId&quot;:&quot;6a9c73be602a2&quot;}\" data-wp-interactive=\"core\/image\" data-wp-key=\"6a9c73be602a2\" class=\"wp-block-image size-full wp-lightbox-container\"><img decoding=\"async\" width=\"1600\" height=\"1068\" data-wp-class--hide=\"state.isContentHidden\" data-wp-class--show=\"state.isContentVisible\" data-wp-init=\"callbacks.setButtonStyles\" data-wp-on--click=\"actions.showLightbox\" data-wp-on--load=\"callbacks.setButtonStyles\" data-wp-on--pointerdown=\"actions.preloadImage\" data-wp-on--pointerenter=\"actions.preloadImageWithDelay\" data-wp-on--pointerleave=\"actions.cancelPreload\" data-wp-on-window--resize=\"callbacks.setButtonStyles\" src=\"https:\/\/loudavymkrokem.cz\/wp-content\/uploads\/2026\/09\/pedra-do-arpoador.jpg\" alt=\"Felsvorsprung Pedra do Arpoador\" class=\"wp-image-413187\" title=\"\" srcset=\"https:\/\/loudavymkrokem.cz\/wp-content\/uploads\/2026\/09\/pedra-do-arpoador.jpg 1600w, https:\/\/loudavymkrokem.cz\/wp-content\/uploads\/2026\/09\/pedra-do-arpoador-300x200.jpg 300w, https:\/\/loudavymkrokem.cz\/wp-content\/uploads\/2026\/09\/pedra-do-arpoador-700x467.jpg 700w, https:\/\/loudavymkrokem.cz\/wp-content\/uploads\/2026\/09\/pedra-do-arpoador-768x513.jpg 768w, https:\/\/loudavymkrokem.cz\/wp-content\/uploads\/2026\/09\/pedra-do-arpoador-1536x1025.jpg 1536w, https:\/\/loudavymkrokem.cz\/wp-content\/uploads\/2026\/09\/pedra-do-arpoador-696x465.jpg 696w, https:\/\/loudavymkrokem.cz\/wp-content\/uploads\/2026\/09\/pedra-do-arpoador-1392x929.jpg 1392w\" sizes=\"(max-width: 1600px) 100vw, 1600px\" \/><button\n\t\t\tclass=\"lightbox-trigger\"\n\t\t\ttype=\"button\"\n\t\t\taria-haspopup=\"dialog\"\n\t\t\tdata-wp-bind--aria-label=\"state.thisImage.triggerButtonAriaLabel\"\n\t\t\tdata-wp-init=\"callbacks.initTriggerButton\"\n\t\t\tdata-wp-on--click=\"actions.showLightbox\"\n\t\t\tdata-wp-style--right=\"state.thisImage.buttonRight\"\n\t\t\tdata-wp-style--top=\"state.thisImage.buttonTop\"\n\t\t>\n\t\t\t<svg xmlns=\"http:\/\/www.w3.org\/2000\/svg\" width=\"12\" height=\"12\" fill=\"none\" viewBox=\"0 0 12 12\">\n\t\t\t\t<path fill=\"#fff\" d=\"M2 0a2 2 0 0 0-2 2v2h1.5V2a.5.5 0 0 1 .5-.5h2V0H2Zm2 10.5H2a.5.5 0 0 1-.5-.5V8H0v2a2 2 0 0 0 2 2h2v-1.5ZM8 12v-1.5h2a.5.5 0 0 0 .5-.5V8H12v2a2 2 0 0 1-2 2H8Zm2-12a2 2 0 0 1 2 2v2h-1.5V2a.5.5 0 0 0-.5-.5H8V0h2Z\" \/>\n\t\t\t<\/svg>\n\t\t<\/button><figcaption class=\"wp-element-caption\">Foto: Maur\u00edcio Moreno \/ Google Maps<\/figcaption><\/figure>\n\n\n\n<h3 class=\"wp-block-heading\"><span class=\"ez-toc-section\" id=\"6_Felsvorsprung_Pedra_do_Arpoador\"><\/span>6. Felsvorsprung Pedra do Arpoador<span class=\"ez-toc-section-end\"><\/span><\/h3>\n\n\n\n<p class=\"wp-block-paragraph\">Zwischen der belebten Copacabana und dem eleganten Ipanema ragt ein gewaltiges Felsmassiv tief in den Ozean hinaus, das eine nat\u00fcrliche Grenze zwischen beiden Buchten bildet. <strong>Die Pedra do Arpoador ist eine absolute Legende unter Surfern<\/strong>, denn genau hier brechen sich die besten und best\u00e4ndigsten Wellen der ganzen Stadt. Tags\u00fcber kannst du von den Felsen aus Dutzende Sportler beobachten, wie sie das Element Meer meisterhaft b\u00e4ndigen, w\u00e4hrend du dich an den warmen Stein lehnst und die salzige Ozeanluft einatmest.<\/p>\n\n\n\n<p class=\"wp-block-paragraph\">Die eigentliche Hauptvorstellung beginnt hier aber erst am Abend, wenn sich die Felsen mit Hunderten von Menschen mit einem einzigen gemeinsamen Ziel f\u00fcllen. <strong>Die Tradition besagt, dass in dem Moment, in dem die Sonne hinter dem majest\u00e4tischen Berg Dois Irm\u00e3os untergeht, die ganze Menge begeistert zu applaudieren beginnt<\/strong> und damit der Natur f\u00fcr einen weiteren wundersch\u00f6nen Tag in dieser paradiesischen Stadt dankt. Es ist ein unglaublich starkes und emotionales Erlebnis, das das warme und fr\u00f6hliche brasilianische Wesen perfekt einf\u00e4ngt, in das du dich sofort verliebst.<\/p>\n\n\n\n<p class=\"wp-block-paragraph\">\ud83d\udca1 Tipp: <strong>Komm mindestens eine Stunde vor dem eigentlichen Sonnenuntergang hierher, um dir einen guten Sitzplatz zu ergattern<\/strong>, denn die Felsen sind oft wirklich zum Bersten voll. Auf dem R\u00fcckweg lohnt es sich, in eines der japanischen oder italienischen Restaurants in der Umgebung einzukehren \u2013 wenn du kein gro\u00dfer Fleischesser bist, kommst du hier auf deine Kosten.<\/p>\n\n\n\n<figure data-wp-context=\"{&quot;imageId&quot;:&quot;6a9c73be60710&quot;}\" data-wp-interactive=\"core\/image\" data-wp-key=\"6a9c73be60710\" class=\"wp-block-image size-full wp-lightbox-container\"><img decoding=\"async\" width=\"1254\" height=\"836\" data-wp-class--hide=\"state.isContentHidden\" data-wp-class--show=\"state.isContentVisible\" data-wp-init=\"callbacks.setButtonStyles\" data-wp-on--click=\"actions.showLightbox\" data-wp-on--load=\"callbacks.setButtonStyles\" data-wp-on--pointerdown=\"actions.preloadImage\" data-wp-on--pointerenter=\"actions.preloadImageWithDelay\" data-wp-on--pointerleave=\"actions.cancelPreload\" data-wp-on-window--resize=\"callbacks.setButtonStyles\" src=\"https:\/\/loudavymkrokem.cz\/wp-content\/uploads\/2026\/09\/escadaria-selar-n.jpg\" alt=\"Treppe Escadaria Selar\u00f3n\" class=\"wp-image-413192\" title=\"\" srcset=\"https:\/\/loudavymkrokem.cz\/wp-content\/uploads\/2026\/09\/escadaria-selar-n.jpg 1254w, https:\/\/loudavymkrokem.cz\/wp-content\/uploads\/2026\/09\/escadaria-selar-n-300x200.jpg 300w, https:\/\/loudavymkrokem.cz\/wp-content\/uploads\/2026\/09\/escadaria-selar-n-700x467.jpg 700w, https:\/\/loudavymkrokem.cz\/wp-content\/uploads\/2026\/09\/escadaria-selar-n-768x512.jpg 768w, https:\/\/loudavymkrokem.cz\/wp-content\/uploads\/2026\/09\/escadaria-selar-n-696x464.jpg 696w\" sizes=\"(max-width: 1254px) 100vw, 1254px\" \/><button\n\t\t\tclass=\"lightbox-trigger\"\n\t\t\ttype=\"button\"\n\t\t\taria-haspopup=\"dialog\"\n\t\t\tdata-wp-bind--aria-label=\"state.thisImage.triggerButtonAriaLabel\"\n\t\t\tdata-wp-init=\"callbacks.initTriggerButton\"\n\t\t\tdata-wp-on--click=\"actions.showLightbox\"\n\t\t\tdata-wp-style--right=\"state.thisImage.buttonRight\"\n\t\t\tdata-wp-style--top=\"state.thisImage.buttonTop\"\n\t\t>\n\t\t\t<svg xmlns=\"http:\/\/www.w3.org\/2000\/svg\" width=\"12\" height=\"12\" fill=\"none\" viewBox=\"0 0 12 12\">\n\t\t\t\t<path fill=\"#fff\" d=\"M2 0a2 2 0 0 0-2 2v2h1.5V2a.5.5 0 0 1 .5-.5h2V0H2Zm2 10.5H2a.5.5 0 0 1-.5-.5V8H0v2a2 2 0 0 0 2 2h2v-1.5ZM8 12v-1.5h2a.5.5 0 0 0 .5-.5V8H12v2a2 2 0 0 1-2 2H8Zm2-12a2 2 0 0 1 2 2v2h-1.5V2a.5.5 0 0 0-.5-.5H8V0h2Z\" \/>\n\t\t\t<\/svg>\n\t\t<\/button><figcaption class=\"wp-element-caption\">Foto: Imanol Gallego \/ Google Maps<\/figcaption><\/figure>\n\n\n\n<h3 class=\"wp-block-heading\"><span class=\"ez-toc-section\" id=\"7_Treppe_Escadaria_Selaron\"><\/span>7. Treppe Escadaria Selar\u00f3n<span class=\"ez-toc-section-end\"><\/span><\/h3>\n\n\n\n<p class=\"wp-block-paragraph\">Im bohemischen Viertel Lapa st\u00f6\u00dft du auf eine Treppe, die du auf Instagram sofort erkennst \u2013 auch wenn du ihren Namen nicht kennst. <strong>Die Escadaria Selar\u00f3n ist eine monumentale Treppe mit zweihundertf\u00fcnfzehn Stufen<\/strong>, die der chilenische K\u00fcnstler Jorge Selar\u00f3n nach und nach mit Tausenden leuchtend bunten Kacheln aus aller Welt verkleidete. Sein Lebenswerk schuf er \u00fcber zwanzig Jahre zu Ehren des brasilianischen Volkes und heute ist dieser farbenfrohe Korridor ein absolutes Muss f\u00fcr jeden Besucher der Stadt.<\/p>\n\n\n\n<p class=\"wp-block-paragraph\">Bei aufmerksamem Betrachten stellst du fest, dass die Kacheln aus mehr als sechzig L\u00e4ndern der Welt stammen und ihm viele von den Fans seiner unerm\u00fcdlichen Arbeit selbst zugeschickt wurden. <strong>Jedes Keramikst\u00fcck erz\u00e4hlt seine eigene Geschichte und das gesamte Mosaik ver\u00e4ndert sich st\u00e4ndig<\/strong>, w\u00e4hrend du immer h\u00f6her in Richtung des K\u00fcnstlerviertels Santa Teresa steigst. Die Atmosph\u00e4re des Ortes runden oft Stra\u00dfenmusiker und Verk\u00e4ufer kleiner Souvenirs ab, die der Treppe echtes lokales Kolorit verleihen.<\/p>\n\n\n\n<p class=\"wp-block-paragraph\">\ud83d\udca1 Tipp: <strong>Komm gleich fr\u00fch am Morgen hierher, idealerweise gegen acht Uhr, sonst hast du auf deinen Fotos Menschenmengen anderer Touristen<\/strong>, denn tags\u00fcber bilden sich auf den Stufen riesige Staus. Die Treppe verbindet das Viertel Lapa mit Santa Teresa, sodass du nach dem Aufstieg nahtlos mit der Besichtigung der historischen Gassen oben auf dem H\u00fcgel fortfahren kannst.<\/p>\n\n\n\n<figure data-wp-context=\"{&quot;imageId&quot;:&quot;6a9c73be60bf2&quot;}\" data-wp-interactive=\"core\/image\" data-wp-key=\"6a9c73be60bf2\" class=\"wp-block-image size-full wp-lightbox-container\"><img decoding=\"async\" width=\"1080\" height=\"1350\" data-wp-class--hide=\"state.isContentHidden\" data-wp-class--show=\"state.isContentVisible\" data-wp-init=\"callbacks.setButtonStyles\" data-wp-on--click=\"actions.showLightbox\" data-wp-on--load=\"callbacks.setButtonStyles\" data-wp-on--pointerdown=\"actions.preloadImage\" data-wp-on--pointerenter=\"actions.preloadImageWithDelay\" data-wp-on--pointerleave=\"actions.cancelPreload\" data-wp-on-window--resize=\"callbacks.setButtonStyles\" src=\"https:\/\/loudavymkrokem.cz\/wp-content\/uploads\/2026\/09\/santa-teresa.jpg\" alt=\"Viertel Santa Teresa und die historische Stra\u00dfenbahn\" class=\"wp-image-413195\" title=\"\" srcset=\"https:\/\/loudavymkrokem.cz\/wp-content\/uploads\/2026\/09\/santa-teresa.jpg 1080w, https:\/\/loudavymkrokem.cz\/wp-content\/uploads\/2026\/09\/santa-teresa-240x300.jpg 240w, https:\/\/loudavymkrokem.cz\/wp-content\/uploads\/2026\/09\/santa-teresa-700x875.jpg 700w, https:\/\/loudavymkrokem.cz\/wp-content\/uploads\/2026\/09\/santa-teresa-768x960.jpg 768w, https:\/\/loudavymkrokem.cz\/wp-content\/uploads\/2026\/09\/santa-teresa-696x870.jpg 696w\" sizes=\"(max-width: 1080px) 100vw, 1080px\" \/><button\n\t\t\tclass=\"lightbox-trigger\"\n\t\t\ttype=\"button\"\n\t\t\taria-haspopup=\"dialog\"\n\t\t\tdata-wp-bind--aria-label=\"state.thisImage.triggerButtonAriaLabel\"\n\t\t\tdata-wp-init=\"callbacks.initTriggerButton\"\n\t\t\tdata-wp-on--click=\"actions.showLightbox\"\n\t\t\tdata-wp-style--right=\"state.thisImage.buttonRight\"\n\t\t\tdata-wp-style--top=\"state.thisImage.buttonTop\"\n\t\t>\n\t\t\t<svg xmlns=\"http:\/\/www.w3.org\/2000\/svg\" width=\"12\" height=\"12\" fill=\"none\" viewBox=\"0 0 12 12\">\n\t\t\t\t<path fill=\"#fff\" d=\"M2 0a2 2 0 0 0-2 2v2h1.5V2a.5.5 0 0 1 .5-.5h2V0H2Zm2 10.5H2a.5.5 0 0 1-.5-.5V8H0v2a2 2 0 0 0 2 2h2v-1.5ZM8 12v-1.5h2a.5.5 0 0 0 .5-.5V8H12v2a2 2 0 0 1-2 2H8Zm2-12a2 2 0 0 1 2 2v2h-1.5V2a.5.5 0 0 0-.5-.5H8V0h2Z\" \/>\n\t\t\t<\/svg>\n\t\t<\/button><figcaption class=\"wp-element-caption\">Foto: Guilherme Carvalho \/ Google Maps<\/figcaption><\/figure>\n\n\n\n<h3 class=\"wp-block-heading\"><span class=\"ez-toc-section\" id=\"8_Viertel_Santa_Teresa_und_die_historische_Strassenbahn\"><\/span>8. Viertel Santa Teresa und die historische Stra\u00dfenbahn<span class=\"ez-toc-section-end\"><\/span><\/h3>\n\n\n\n<p class=\"wp-block-paragraph\">Hoch auf den H\u00fcgeln \u00fcber dem gesch\u00e4ftigen Zentrum kauert ein pittoreskes Viertel, das wie aus einem v\u00f6llig anderen Jahrhundert wirkt. <strong>Santa Teresa ist voller enger gepflasterter Gassen, alter Kolonialvillen und unabh\u00e4ngiger K\u00fcnstlerateliers<\/strong>, wodurch es sich den Spitznamen \u201ebrasilianischer Montmartre&#8220; verdient hat. Von den lokalen Aussichtspunkten \u00f6ffnen sich fantastische Blicke auf die Bucht und die modernen Wolkenkratzer tief unter dir, w\u00e4hrend du in einem ruhigen Caf\u00e9 im Schatten hoher B\u00e4ume sitzt.<\/p>\n\n\n\n<p class=\"wp-block-paragraph\">Der ikonischste Weg, um in dieses steile Viertel zu gelangen, ist eine Fahrt mit der ber\u00fchmten gelben Stra\u00dfenbahn namens Bondinho. <strong>Die historische Stra\u00dfenbahn f\u00e4hrt von der Station im Zentrum ab und klettert klappernd die steilen H\u00fcgel hinauf<\/strong>, wobei sie unterwegs \u00fcber ein riesiges wei\u00dfes Aqu\u00e4dukt f\u00e4hrt. Es ist ein wunderbares nostalgisches Erlebnis, bei dem du den Wind im Haar sp\u00fcrst und die Stadt aus einer v\u00f6llig einzigartigen, leicht erh\u00f6hten Perspektive siehst.<\/p>\n\n\n\n<p class=\"wp-block-paragraph\">\ud83d\udca1 Tipp: <strong>Bestell in den malerischen lokalen Bistros unbedingt eine ausgezeichnete Tapioca, das ist ein glutenfreier Pfannkuchen aus Maniokmehl<\/strong>, den man dir gern mit K\u00e4se, Tomaten und frischen Kr\u00e4utern f\u00fcllt. Es ist ein traditionelles, s\u00e4ttigendes und dabei leichtes fleischloses Gericht, das perfekt zur entspannten Atmosph\u00e4re dieses K\u00fcnstlerviertels passt.<\/p>\n\n\n\n<figure data-wp-context=\"{&quot;imageId&quot;:&quot;6a9c73be6111d&quot;}\" data-wp-interactive=\"core\/image\" data-wp-key=\"6a9c73be6111d\" class=\"wp-block-image size-full wp-lightbox-container\"><img decoding=\"async\" width=\"1600\" height=\"1600\" data-wp-class--hide=\"state.isContentHidden\" data-wp-class--show=\"state.isContentVisible\" data-wp-init=\"callbacks.setButtonStyles\" data-wp-on--click=\"actions.showLightbox\" data-wp-on--load=\"callbacks.setButtonStyles\" data-wp-on--pointerdown=\"actions.preloadImage\" data-wp-on--pointerenter=\"actions.preloadImageWithDelay\" data-wp-on--pointerleave=\"actions.cancelPreload\" data-wp-on-window--resize=\"callbacks.setButtonStyles\" src=\"https:\/\/loudavymkrokem.cz\/wp-content\/uploads\/2026\/09\/arcos-da-lapa.jpg\" alt=\"Aqu\u00e4dukt Arcos da Lapa\" class=\"wp-image-413198\" title=\"\" srcset=\"https:\/\/loudavymkrokem.cz\/wp-content\/uploads\/2026\/09\/arcos-da-lapa.jpg 1600w, https:\/\/loudavymkrokem.cz\/wp-content\/uploads\/2026\/09\/arcos-da-lapa-300x300.jpg 300w, https:\/\/loudavymkrokem.cz\/wp-content\/uploads\/2026\/09\/arcos-da-lapa-700x700.jpg 700w, https:\/\/loudavymkrokem.cz\/wp-content\/uploads\/2026\/09\/arcos-da-lapa-150x150.jpg 150w, https:\/\/loudavymkrokem.cz\/wp-content\/uploads\/2026\/09\/arcos-da-lapa-768x768.jpg 768w, https:\/\/loudavymkrokem.cz\/wp-content\/uploads\/2026\/09\/arcos-da-lapa-1536x1536.jpg 1536w, https:\/\/loudavymkrokem.cz\/wp-content\/uploads\/2026\/09\/arcos-da-lapa-696x696.jpg 696w, https:\/\/loudavymkrokem.cz\/wp-content\/uploads\/2026\/09\/arcos-da-lapa-1392x1392.jpg 1392w\" sizes=\"(max-width: 1600px) 100vw, 1600px\" \/><button\n\t\t\tclass=\"lightbox-trigger\"\n\t\t\ttype=\"button\"\n\t\t\taria-haspopup=\"dialog\"\n\t\t\tdata-wp-bind--aria-label=\"state.thisImage.triggerButtonAriaLabel\"\n\t\t\tdata-wp-init=\"callbacks.initTriggerButton\"\n\t\t\tdata-wp-on--click=\"actions.showLightbox\"\n\t\t\tdata-wp-style--right=\"state.thisImage.buttonRight\"\n\t\t\tdata-wp-style--top=\"state.thisImage.buttonTop\"\n\t\t>\n\t\t\t<svg xmlns=\"http:\/\/www.w3.org\/2000\/svg\" width=\"12\" height=\"12\" fill=\"none\" viewBox=\"0 0 12 12\">\n\t\t\t\t<path fill=\"#fff\" d=\"M2 0a2 2 0 0 0-2 2v2h1.5V2a.5.5 0 0 1 .5-.5h2V0H2Zm2 10.5H2a.5.5 0 0 1-.5-.5V8H0v2a2 2 0 0 0 2 2h2v-1.5ZM8 12v-1.5h2a.5.5 0 0 0 .5-.5V8H12v2a2 2 0 0 1-2 2H8Zm2-12a2 2 0 0 1 2 2v2h-1.5V2a.5.5 0 0 0-.5-.5H8V0h2Z\" \/>\n\t\t\t<\/svg>\n\t\t<\/button><figcaption class=\"wp-element-caption\">Foto: W Travel \/ Google Maps<\/figcaption><\/figure>\n\n\n\n<h3 class=\"wp-block-heading\"><span class=\"ez-toc-section\" id=\"9_Aquaedukt_Arcos_da_Lapa\"><\/span>9. Aqu\u00e4dukt Arcos da Lapa<span class=\"ez-toc-section-end\"><\/span><\/h3>\n\n\n\n<p class=\"wp-block-paragraph\">Sobald du nach Lapa kommst, springt dir sofort das riesige wei\u00dfe Aqu\u00e4dukt ins Auge, das den gesamten Platz v\u00f6llig dominiert. <strong>Arcos da Lapa ist ein monumentales Aqu\u00e4dukt aus dem achtzehnten Jahrhundert, das fr\u00fcher Trinkwasser aus den umliegenden H\u00fcgeln<\/strong> direkt ins Zentrum der schnell wachsenden Kolonialstadt leitete. Mit seinen zweiundvierzig massiven B\u00f6gen stellt es eines der bedeutendsten Denkm\u00e4ler portugiesischer Architektur im ganzen Land dar.<\/p>\n\n\n\n<p class=\"wp-block-paragraph\">W\u00e4hrend in ihm l\u00e4ngst kein Wasser mehr flie\u00dft, fand das Bauwerk eine neue und nicht minder wichtige Verwendung im modernen Verkehr. <strong>Genau \u00fcber die Oberseite dieses historischen Aqu\u00e4dukts rattert heute die legend\u00e4re gelbe Stra\u00dfenbahn Richtung Santa Teresa<\/strong>, was einen unglaublich fotogenen Kontrast von Alt und Neu erzeugt. Der Platz unter den B\u00f6gen erwacht vor allem am Freitagabend zum Leben, wenn sich hier die Einheimischen zu wilden Stra\u00dfenfeiern voller Tanz und lauter Musik treffen.<\/p>\n\n\n\n<p class=\"wp-block-paragraph\">\ud83d\udca1 Tipp: <strong>Die sch\u00f6nsten Fotos des Aqu\u00e4dukts machst du aus etwas Abstand vom Platz Pra\u00e7a Cardeal C\u00e2mara<\/strong>, von wo aus seine ganze imposante L\u00e4nge und die leuchtend wei\u00dfe Farbe sch\u00f6n zur Geltung kommen. Wenn du die n\u00e4chtlichen Menschenmengen und die Partyatmosph\u00e4re meiden willst, besuche diesen Ort lieber w\u00e4hrend eines Wochenendvormittags, wenn die Umgebung herrlich ruhig ist.<\/p>\n\n\n\n<figure data-wp-context=\"{&quot;imageId&quot;:&quot;6a9c73be615ff&quot;}\" data-wp-interactive=\"core\/image\" data-wp-key=\"6a9c73be615ff\" class=\"wp-block-image size-full wp-lightbox-container\"><img decoding=\"async\" width=\"1600\" height=\"1200\" data-wp-class--hide=\"state.isContentHidden\" data-wp-class--show=\"state.isContentVisible\" data-wp-init=\"callbacks.setButtonStyles\" data-wp-on--click=\"actions.showLightbox\" data-wp-on--load=\"callbacks.setButtonStyles\" data-wp-on--pointerdown=\"actions.preloadImage\" data-wp-on--pointerenter=\"actions.preloadImageWithDelay\" data-wp-on--pointerleave=\"actions.cancelPreload\" data-wp-on-window--resize=\"callbacks.setButtonStyles\" src=\"https:\/\/loudavymkrokem.cz\/wp-content\/uploads\/2026\/09\/parque-das-ru-nas.jpg\" alt=\"Galerie Parque das Ru\u00ednas\" class=\"wp-image-413202\" title=\"\" srcset=\"https:\/\/loudavymkrokem.cz\/wp-content\/uploads\/2026\/09\/parque-das-ru-nas.jpg 1600w, https:\/\/loudavymkrokem.cz\/wp-content\/uploads\/2026\/09\/parque-das-ru-nas-300x225.jpg 300w, https:\/\/loudavymkrokem.cz\/wp-content\/uploads\/2026\/09\/parque-das-ru-nas-700x525.jpg 700w, https:\/\/loudavymkrokem.cz\/wp-content\/uploads\/2026\/09\/parque-das-ru-nas-768x576.jpg 768w, https:\/\/loudavymkrokem.cz\/wp-content\/uploads\/2026\/09\/parque-das-ru-nas-1536x1152.jpg 1536w, https:\/\/loudavymkrokem.cz\/wp-content\/uploads\/2026\/09\/parque-das-ru-nas-80x60.jpg 80w, https:\/\/loudavymkrokem.cz\/wp-content\/uploads\/2026\/09\/parque-das-ru-nas-160x120.jpg 160w, https:\/\/loudavymkrokem.cz\/wp-content\/uploads\/2026\/09\/parque-das-ru-nas-696x522.jpg 696w, https:\/\/loudavymkrokem.cz\/wp-content\/uploads\/2026\/09\/parque-das-ru-nas-1392x1044.jpg 1392w\" sizes=\"(max-width: 1600px) 100vw, 1600px\" \/><button\n\t\t\tclass=\"lightbox-trigger\"\n\t\t\ttype=\"button\"\n\t\t\taria-haspopup=\"dialog\"\n\t\t\tdata-wp-bind--aria-label=\"state.thisImage.triggerButtonAriaLabel\"\n\t\t\tdata-wp-init=\"callbacks.initTriggerButton\"\n\t\t\tdata-wp-on--click=\"actions.showLightbox\"\n\t\t\tdata-wp-style--right=\"state.thisImage.buttonRight\"\n\t\t\tdata-wp-style--top=\"state.thisImage.buttonTop\"\n\t\t>\n\t\t\t<svg xmlns=\"http:\/\/www.w3.org\/2000\/svg\" width=\"12\" height=\"12\" fill=\"none\" viewBox=\"0 0 12 12\">\n\t\t\t\t<path fill=\"#fff\" d=\"M2 0a2 2 0 0 0-2 2v2h1.5V2a.5.5 0 0 1 .5-.5h2V0H2Zm2 10.5H2a.5.5 0 0 1-.5-.5V8H0v2a2 2 0 0 0 2 2h2v-1.5ZM8 12v-1.5h2a.5.5 0 0 0 .5-.5V8H12v2a2 2 0 0 1-2 2H8Zm2-12a2 2 0 0 1 2 2v2h-1.5V2a.5.5 0 0 0-.5-.5H8V0h2Z\" \/>\n\t\t\t<\/svg>\n\t\t<\/button><figcaption class=\"wp-element-caption\">Foto: Andr\u00e9 Marcelo de Lourdes \/ Google Maps<\/figcaption><\/figure>\n\n\n\n<h3 class=\"wp-block-heading\"><span class=\"ez-toc-section\" id=\"10_Galerie_Parque_das_Ruinas\"><\/span>10. Galerie Parque das Ru\u00ednas<span class=\"ez-toc-section-end\"><\/span><\/h3>\n\n\n\n<p class=\"wp-block-paragraph\">Im Herzen des historischen Santa Teresa befindet sich ein architektonisches Juwel, das auf geniale Weise die glanzvolle Vergangenheit mit modernem Design verbindet. <strong>Der Parque das Ru\u00ednas ist ein faszinierender \u00f6ffentlicher Park und ein Kulturzentrum, das direkt in den \u00dcberresten einer alten Adelsvilla<\/strong> errichtet wurde, die einer reichen brasilianischen Kunstm\u00e4zenin geh\u00f6rte. Die Architekten erhielten die freigelegten Backsteinmauern und erg\u00e4nzten sie um moderne Stahltreppen und riesige Glaspaneele, wodurch ein absolut einzigartiger Raum entstand.<\/p>\n\n\n\n<p class=\"wp-block-paragraph\">Aus den obersten Etagen dieser rekonstruierten Ruine bietet sich dir ein Blick, an den du dich dein Leben lang erinnern wirst. <strong>Die Aussichtsplattformen bieten einen ungetr\u00fcbten Panoramablick auf das gesamte historische Zentrum, den Zuckerhut und die Guanabara-Bucht<\/strong>, und das alles ohne jegliche Eintrittsgeb\u00fchr. Auf dem Gel\u00e4nde finden regelm\u00e4\u00dfig Konzerte unter freiem Himmel, Theaterauff\u00fchrungen und Ausstellungen zeitgen\u00f6ssischer Kunst statt, die lokale Intellektuelle und neugierige Reisende gleicherma\u00dfen anziehen.<\/p>\n\n\n\n<p class=\"wp-block-paragraph\">\ud83d\udca1 Tipp: <strong>Im Erdgeschoss des Areals gibt es ein hervorragendes kleines Caf\u00e9 mit Au\u00dfensitzpl\u00e4tzen<\/strong>, wo du einen Eiskaffee genie\u00dfen und das Treiben um dich herum beobachten kannst. Die \u00d6ffnungszeiten k\u00f6nnen sich je nach laufenden Kulturveranstaltungen \u00e4ndern, pr\u00fcfe deshalb vor deinem Besuch, ob nicht gerade Montag ist, wenn die meisten Museen und Galerien in Rio strikt geschlossen sind.<\/p>\n\n\n\n<figure data-wp-context=\"{&quot;imageId&quot;:&quot;6a9c73be61ac2&quot;}\" data-wp-interactive=\"core\/image\" data-wp-key=\"6a9c73be61ac2\" class=\"wp-block-image size-full wp-lightbox-container\"><img decoding=\"async\" width=\"1600\" height=\"2125\" data-wp-class--hide=\"state.isContentHidden\" data-wp-class--show=\"state.isContentVisible\" data-wp-init=\"callbacks.setButtonStyles\" data-wp-on--click=\"actions.showLightbox\" data-wp-on--load=\"callbacks.setButtonStyles\" data-wp-on--pointerdown=\"actions.preloadImage\" data-wp-on--pointerenter=\"actions.preloadImageWithDelay\" data-wp-on--pointerleave=\"actions.cancelPreload\" data-wp-on-window--resize=\"callbacks.setButtonStyles\" src=\"https:\/\/loudavymkrokem.cz\/wp-content\/uploads\/2026\/09\/tijuca-national-park.jpg\" alt=\"St\u00e4dtischer Regenwald Tijuca National Park\" class=\"wp-image-413205\" title=\"\" srcset=\"https:\/\/loudavymkrokem.cz\/wp-content\/uploads\/2026\/09\/tijuca-national-park.jpg 1600w, https:\/\/loudavymkrokem.cz\/wp-content\/uploads\/2026\/09\/tijuca-national-park-226x300.jpg 226w, https:\/\/loudavymkrokem.cz\/wp-content\/uploads\/2026\/09\/tijuca-national-park-700x930.jpg 700w, https:\/\/loudavymkrokem.cz\/wp-content\/uploads\/2026\/09\/tijuca-national-park-768x1020.jpg 768w, https:\/\/loudavymkrokem.cz\/wp-content\/uploads\/2026\/09\/tijuca-national-park-1157x1536.jpg 1157w, https:\/\/loudavymkrokem.cz\/wp-content\/uploads\/2026\/09\/tijuca-national-park-1542x2048.jpg 1542w, https:\/\/loudavymkrokem.cz\/wp-content\/uploads\/2026\/09\/tijuca-national-park-696x924.jpg 696w, https:\/\/loudavymkrokem.cz\/wp-content\/uploads\/2026\/09\/tijuca-national-park-1392x1849.jpg 1392w\" sizes=\"(max-width: 1600px) 100vw, 1600px\" \/><button\n\t\t\tclass=\"lightbox-trigger\"\n\t\t\ttype=\"button\"\n\t\t\taria-haspopup=\"dialog\"\n\t\t\tdata-wp-bind--aria-label=\"state.thisImage.triggerButtonAriaLabel\"\n\t\t\tdata-wp-init=\"callbacks.initTriggerButton\"\n\t\t\tdata-wp-on--click=\"actions.showLightbox\"\n\t\t\tdata-wp-style--right=\"state.thisImage.buttonRight\"\n\t\t\tdata-wp-style--top=\"state.thisImage.buttonTop\"\n\t\t>\n\t\t\t<svg xmlns=\"http:\/\/www.w3.org\/2000\/svg\" width=\"12\" height=\"12\" fill=\"none\" viewBox=\"0 0 12 12\">\n\t\t\t\t<path fill=\"#fff\" d=\"M2 0a2 2 0 0 0-2 2v2h1.5V2a.5.5 0 0 1 .5-.5h2V0H2Zm2 10.5H2a.5.5 0 0 1-.5-.5V8H0v2a2 2 0 0 0 2 2h2v-1.5ZM8 12v-1.5h2a.5.5 0 0 0 .5-.5V8H12v2a2 2 0 0 1-2 2H8Zm2-12a2 2 0 0 1 2 2v2h-1.5V2a.5.5 0 0 0-.5-.5H8V0h2Z\" \/>\n\t\t\t<\/svg>\n\t\t<\/button><figcaption class=\"wp-element-caption\">Foto: Clifford Aldan \/ Google Maps<\/figcaption><\/figure>\n\n\n\n<h3 class=\"wp-block-heading\"><span class=\"ez-toc-section\" id=\"11_Staedtischer_Regenwald_Tijuca_National_Park\"><\/span>11. St\u00e4dtischer Regenwald Tijuca National Park<span class=\"ez-toc-section-end\"><\/span><\/h3>\n\n\n\n<p class=\"wp-block-paragraph\">W\u00e4hrend andere Gro\u00dfst\u00e4dte weitl\u00e4ufige Parks und G\u00e4rten haben, kann Rio de Janeiro mit etwas viel Wilderem und Monumentalerem aufwarten. <strong>Der Nationalpark Tijuca ist ein riesiger st\u00e4dtischer Regenwald, der die steilen Bergmassive direkt inmitten der Millionenmetropole bedeckt.<\/strong> Diese gr\u00fcne Lunge der Stadt reinigt nicht nur die Luft und k\u00fchlt das tropische Klima, sondern bietet auch Tausenden Arten exotischer Tiere, riesigen Schmetterlingen und frech neugierigen Affen Zuflucht.<\/p>\n\n\n\n<p class=\"wp-block-paragraph\">Der gesamte Regenwald ist von einem Netz gepflegter Wanderwege durchzogen, die dich zu tosenden Wasserf\u00e4llen, dunklen H\u00f6hlen und atemberaubenden Aussichtspunkten f\u00fchren. <strong>Bei einem Spaziergang unter den Kronen uralter B\u00e4ume vergisst du v\u00f6llig, dass du dich in einer der gesch\u00e4ftigsten St\u00e4dte S\u00fcdamerikas befindest<\/strong>, denn den Verkehrsl\u00e4rm ersetzt hier vollst\u00e4ndig das Kreischen bunter Papageien. Die Geschichte dieses Ortes ist faszinierend, denn der Regenwald wurde im neunzehnten Jahrhundert von Hand wieder aufgeforstet, nachdem Kaffeeplantagen den urspr\u00fcnglichen Bewuchs vernichtet hatten.<\/p>\n\n\n\n<p class=\"wp-block-paragraph\">\ud83d\udca1 Tipp: <strong>Um den Regenwald zu erkunden, engagierst du am besten einen zertifizierten F\u00fchrer mit Jeep<\/strong>, denn das Ausma\u00df des Parks ist riesig und die Orientierung auf den Regenwaldpfaden kann t\u00fcckisch sein. Vergiss nicht, ein starkes Insektenschutzmittel gegen die tropischen M\u00fccken und eine leichte Regenjacke einzupacken, denn das Mikroklima unter den B\u00e4umen ist deutlich feuchter und k\u00fchler als unten an den Str\u00e4nden.<\/p>\n\n\n\n<figure data-wp-context=\"{&quot;imageId&quot;:&quot;6a9c73be6213d&quot;}\" data-wp-interactive=\"core\/image\" data-wp-key=\"6a9c73be6213d\" class=\"wp-block-image size-full wp-lightbox-container\"><img decoding=\"async\" width=\"1600\" height=\"1200\" data-wp-class--hide=\"state.isContentHidden\" data-wp-class--show=\"state.isContentVisible\" data-wp-init=\"callbacks.setButtonStyles\" data-wp-on--click=\"actions.showLightbox\" data-wp-on--load=\"callbacks.setButtonStyles\" data-wp-on--pointerdown=\"actions.preloadImage\" data-wp-on--pointerenter=\"actions.preloadImageWithDelay\" data-wp-on--pointerleave=\"actions.cancelPreload\" data-wp-on-window--resize=\"callbacks.setButtonStyles\" src=\"https:\/\/loudavymkrokem.cz\/wp-content\/uploads\/2026\/09\/mirante-dona-marta.jpg\" alt=\"Aussichtspunkt Mirante Dona Marta\" class=\"wp-image-413209\" title=\"\" srcset=\"https:\/\/loudavymkrokem.cz\/wp-content\/uploads\/2026\/09\/mirante-dona-marta.jpg 1600w, https:\/\/loudavymkrokem.cz\/wp-content\/uploads\/2026\/09\/mirante-dona-marta-300x225.jpg 300w, https:\/\/loudavymkrokem.cz\/wp-content\/uploads\/2026\/09\/mirante-dona-marta-700x525.jpg 700w, https:\/\/loudavymkrokem.cz\/wp-content\/uploads\/2026\/09\/mirante-dona-marta-768x576.jpg 768w, https:\/\/loudavymkrokem.cz\/wp-content\/uploads\/2026\/09\/mirante-dona-marta-1536x1152.jpg 1536w, https:\/\/loudavymkrokem.cz\/wp-content\/uploads\/2026\/09\/mirante-dona-marta-80x60.jpg 80w, https:\/\/loudavymkrokem.cz\/wp-content\/uploads\/2026\/09\/mirante-dona-marta-160x120.jpg 160w, https:\/\/loudavymkrokem.cz\/wp-content\/uploads\/2026\/09\/mirante-dona-marta-696x522.jpg 696w, https:\/\/loudavymkrokem.cz\/wp-content\/uploads\/2026\/09\/mirante-dona-marta-1392x1044.jpg 1392w\" sizes=\"(max-width: 1600px) 100vw, 1600px\" \/><button\n\t\t\tclass=\"lightbox-trigger\"\n\t\t\ttype=\"button\"\n\t\t\taria-haspopup=\"dialog\"\n\t\t\tdata-wp-bind--aria-label=\"state.thisImage.triggerButtonAriaLabel\"\n\t\t\tdata-wp-init=\"callbacks.initTriggerButton\"\n\t\t\tdata-wp-on--click=\"actions.showLightbox\"\n\t\t\tdata-wp-style--right=\"state.thisImage.buttonRight\"\n\t\t\tdata-wp-style--top=\"state.thisImage.buttonTop\"\n\t\t>\n\t\t\t<svg xmlns=\"http:\/\/www.w3.org\/2000\/svg\" width=\"12\" height=\"12\" fill=\"none\" viewBox=\"0 0 12 12\">\n\t\t\t\t<path fill=\"#fff\" d=\"M2 0a2 2 0 0 0-2 2v2h1.5V2a.5.5 0 0 1 .5-.5h2V0H2Zm2 10.5H2a.5.5 0 0 1-.5-.5V8H0v2a2 2 0 0 0 2 2h2v-1.5ZM8 12v-1.5h2a.5.5 0 0 0 .5-.5V8H12v2a2 2 0 0 1-2 2H8Zm2-12a2 2 0 0 1 2 2v2h-1.5V2a.5.5 0 0 0-.5-.5H8V0h2Z\" \/>\n\t\t\t<\/svg>\n\t\t<\/button><figcaption class=\"wp-element-caption\">Foto: Leonardo Pessoa \/ Google Maps<\/figcaption><\/figure>\n\n\n\n<!-- LKM_GYG_CARD start q=\"rio de janeiro\" lang=\"de\" rendered=\"2026-09-05T17:32:29+00:00\" v=\"1\" -->\n<style id=\"lk-gyg-styles\">\n@import url(\"https:\/\/fonts.googleapis.com\/css2?family=Playfair+Display:wght@700&family=DM+Sans:wght@300;400;500;600&display=swap\");\n\/* === LK GYG karty \u2014 CRO redesign 2026-05 (namespace .lkx-) ===\n   C\u00edl: vy\u0161\u0161\u00ed CTR (hero + v\u00fdrazn\u00fd social proof + ak\u010dn\u00ed CTA, m\u00e9n\u011b \"reklamn\u00ed\").\n   Injektuje se inline do prvn\u00edho markeru postu (refresh_cards.py --inline-css). *\/\n.lkx-module, .lkx-module *{box-sizing:border-box;margin:0;padding:0}\n.lkx-module{\n  font-family:'DM Sans',-apple-system,Segoe UI,Roboto,Georgia,sans-serif;\n  max-width:860px;margin:2.5rem auto;color:#1f2328;\n}\n\n\/* HEADER \u2014 lehk\u00fd editorsk\u00fd, \u017e\u00e1dn\u00fd bannerov\u00fd blok; nadpis + popisek pod n\u00edm *\/\n.lkx-head{margin-bottom:16px}\n.lkx-head-main{display:flex;align-items:center;gap:10px}\n.lkx-head-accent{width:26px;height:3px;border-radius:2px;background:#c39f76;flex-shrink:0}\n.lkx-head-title{font-family:'Playfair Display',Georgia,serif;font-size:21px;font-weight:700;color:#1a1a1a;line-height:1.25}\n.lkx-head-meta{display:block;font-size:11px;letter-spacing:.3px;color:#9aa0a6;margin-top:4px;margin-left:36px}\n\n\/* HERO *\/\n.lkx-hero{display:grid;grid-template-columns:300px 1fr;background:#fff;border:1px solid #ece7df;border-radius:14px;overflow:hidden;text-decoration:none!important;color:inherit;box-shadow:0 6px 20px rgba(0,0,0,.06);transition:box-shadow .2s,transform .2s;margin-bottom:14px}\n.lkx-hero:hover{box-shadow:0 12px 30px rgba(0,0,0,.12);transform:translateY(-2px)}\n.lkx-hero-img{position:relative;min-height:230px;background-size:cover;background-position:center;background-color:#eee}\n.lkx-hero-body{padding:22px 24px;display:flex;flex-direction:column}\n.lkx-pick{position:absolute;top:12px;left:12px;background:#1a1a1a;color:#fff;font-size:11px;font-weight:700;letter-spacing:.5px;padding:5px 11px;border-radius:20px}\n\n\/* TITLE *\/\n.lkx-title{font-size:19px;font-weight:700;color:#161616;line-height:1.3}\n.lkx-title-sm{font-size:14.5px;line-height:1.35;display:-webkit-box;-webkit-line-clamp:2;-webkit-box-orient:vertical;overflow:hidden}\n\n\/* SOCIAL PROOF \u2014 v\u00fdrazn\u011b, naho\u0159e *\/\n.lkx-proof{display:flex;align-items:center;gap:7px;margin-top:12px;font-size:15px;color:#3a3a3a}\n.lkx-proof b{font-size:16px;color:#161616}\n.lkx-stars{color:#f5a623;letter-spacing:1px}\n.lkx-proof-sm{font-size:12.5px;margin-top:8px;gap:5px}\n.lkx-proof-sm b{font-size:13px}\n.lkx-proof-new{color:#3685fc;font-weight:600}\n\n\/* PRICE \u2014 n\u00edzk\u00e1 kotva *\/\n.lkx-price{font-size:14px;color:#6b7280}\n.lkx-price b{font-size:20px;color:#161616;font-weight:700}\n.lkx-price-sm b{font-size:15px}\n\n\/* CTA \u2014 tepl\u00e9 ak\u010dn\u00ed tla\u010d\u00edtko *\/\n.lkx-cta{display:inline-flex;align-items:center;justify-content:center;text-decoration:none!important;font-weight:700;color:#fff!important;background:linear-gradient(135deg,#f6743f,#e8552a);border-radius:10px;box-shadow:0 6px 16px rgba(232,85,42,.32);transition:box-shadow .2s}\n.lkx-cta-hero{font-size:15px;padding:13px 22px}\n.lkx-hero:hover .lkx-cta-hero{box-shadow:0 8px 22px rgba(232,85,42,.45)}\n.lkx-cta-sm{font-size:12.5px;padding:9px 14px;width:100%;margin-top:2px}\n.lkx-hero-bottom{margin-top:auto;padding-top:18px;display:flex;align-items:center;justify-content:space-between;gap:14px;flex-wrap:wrap}\n\n\/* BADGE \u2014 jeden v\u00fdrazn\u00fd na fotce *\/\n.lkx-badge{position:absolute;top:12px;right:12px;font-size:10.5px;font-weight:700;letter-spacing:.3px;padding:5px 10px;border-radius:16px;color:#fff}\n.lkx-badge.badge-urgency{background:rgba(214,40,40,.92)}\n.lkx-badge.badge-new{background:rgba(54,133,252,.92)}\n.lkx-badge.badge-top{background:rgba(195,159,118,.95)}\n.lkx-badge.badge-info{background:rgba(40,40,40,.78)}\n\n\/* SECONDARY GRID *\/\n.lkx-grid{display:grid;grid-template-columns:1fr 1fr;gap:14px}\n.lkx-card{background:#fff;border:1px solid #ece7df;border-radius:14px;overflow:hidden;text-decoration:none!important;color:inherit;box-shadow:0 4px 14px rgba(0,0,0,.05);display:flex;flex-direction:column;transition:box-shadow .2s,transform .2s}\n.lkx-card:hover{box-shadow:0 10px 24px rgba(0,0,0,.1);transform:translateY(-2px)}\n.lkx-card-img{position:relative;aspect-ratio:16\/10;background-size:cover;background-position:center;background-color:#eee}\n.lkx-card-body{padding:14px 16px 16px;display:flex;flex-direction:column;gap:7px;flex:1}\n.lkx-card-bottom{margin-top:auto;padding-top:10px;display:flex;align-items:center;justify-content:space-between;gap:8px}\n\n\/* DISCLOSURE \u2014 drobn\u00e1, kv\u016fli d\u016fv\u011b\u0159e\/z\u00e1konu *\/\n.lkx-disclosure{font-size:11px;color:#a7adb3;text-align:center;margin-top:14px;line-height:1.6}\n.lkx-disclosure a{color:#c39f76;text-decoration:none}\n\n@media(max-width:680px){\n  .lkx-hero{grid-template-columns:1fr}\n  .lkx-hero-img{min-height:180px}\n  .lkx-grid{grid-template-columns:1fr}\n  .lkx-head-meta{margin-left:0;width:100%}\n  .lkx-head-title{font-size:19px}\n}\n\n<\/style>\n<div class=\"lkx-module\" data-query=\"rio de janeiro\">\n  <div class=\"lkx-head\">\n    <div class=\"lkx-head-main\">\n      <span class=\"lkx-head-accent\"><\/span>\n      <span class=\"lkx-head-title\">Erlebnisse &amp; Tickets<\/span>\n    <\/div>\n    <span class=\"lkx-head-meta\">von Reisenden bewertet \u00b7 GetYourGuide<\/span>\n  <\/div><a class=\"lkx-hero\" href=\"https:\/\/www.getyourguide.com\/de-de\/rio-de-janeiro-l9\/rio-ticket-fur-ein-fussballspiel-im-maracana-stadion-privater-transport-t893524\/?partner_id=MKZ64IS&amp;utm_medium=online_publisher&amp;cmp=rio-de-janeiro-tipps\" target=\"_blank\" rel=\"sponsored noopener nofollow\">\n    <div class=\"lkx-hero-img\" style=\"background-image:url('https:\/\/cdn.getyourguide.com\/img\/tour\/471a107ec9ac374bd09030a21d9b9465a51158484f26d775e575020ef1d13d54.png\/132.jpg')\" role=\"img\" aria-label=\"Rio: Fu\u00dfballspiel im Maracan\u00e3-Stadion mit Ticket &amp; privatem Transfer\">\n      <span class=\"lkx-pick\">\u2605 Unser Tipp<\/span><\/div>\n    <div class=\"lkx-hero-body\">\n      <div class=\"lkx-title\">Rio: Fu\u00dfballspiel im Maracan\u00e3-Stadion mit Ticket &amp; privatem Transfer<\/div>\n      <div class=\"lkx-proof\">\n      <span class=\"lkx-stars\">\u2605\u2605\u2605\u2605\u2605<\/span>\n      <b>4.9<\/b> \u00b7 1 818 Bewertungen\n    <\/div>\n      <div class=\"lkx-hero-bottom\"><div class=\"lkx-price\">ab <b>94\u00a0\u20ac<\/b><\/div><span class=\"lkx-cta lkx-cta-hero\">Das will ich erleben \u2192<\/span>\n      <\/div>\n    <\/div>\n  <\/a><div class=\"lkx-grid\"><a class=\"lkx-card\" href=\"https:\/\/www.getyourguide.com\/de-de\/rio-de-janeiro-l9\/hubschrauberrundflug-rio-de-janeiro-t511764\/?partner_id=MKZ64IS&amp;utm_medium=online_publisher&amp;cmp=rio-de-janeiro-tipps\" target=\"_blank\" rel=\"sponsored noopener nofollow\">\n      <div class=\"lkx-card-img\" style=\"background-image:url('https:\/\/cdn.getyourguide.com\/img\/tour\/606937ebb049a8e3.jpeg\/132.jpg')\" role=\"img\" aria-label=\"Rio de Janeiro: Hubschrauber-Tour\"><\/div>\n      <div class=\"lkx-card-body\">\n        <div class=\"lkx-title lkx-title-sm\">Rio de Janeiro: Hubschrauber-Tour<\/div>\n        <div class=\"lkx-proof lkx-proof-sm\">\n      <span class=\"lkx-stars\">\u2605<\/span>\n      <b>4.6<\/b> \u00b7 779\n    <\/div>\n        <div class=\"lkx-card-bottom\"><span class=\"lkx-price lkx-price-sm\">ab <b>189\u00a0\u20ac<\/b><\/span><span class=\"lkx-cta lkx-cta-sm\">Termine ansehen \u2192<\/span>\n        <\/div>\n      <\/div>\n    <\/a><a class=\"lkx-card\" href=\"https:\/\/www.getyourguide.com\/de-de\/rio-de-janeiro-l9\/rio-de-janeiro-klettern-auf-dem-zuckerhut-via-coringa-t1443442\/?partner_id=MKZ64IS&amp;utm_medium=online_publisher&amp;cmp=rio-de-janeiro-tipps\" target=\"_blank\" rel=\"sponsored noopener nofollow\">\n      <div class=\"lkx-card-img\" style=\"background-image:url('https:\/\/cdn.getyourguide.com\/img\/tour\/31ae79c67043a21ea4797e651c99602b72a39d945d201674546a79d39b2f26c3.jpg\/132.jpg')\" role=\"img\" aria-label=\"Rio de Janeiro: Klettern auf dem Zuckerhut (Via Coringa)\"><\/div>\n      <div class=\"lkx-card-body\">\n        <div class=\"lkx-title lkx-title-sm\">Rio de Janeiro: Klettern auf dem Zuckerhut (Via Coringa)<\/div>\n        <div class=\"lkx-proof lkx-proof-sm\">\n      <span class=\"lkx-stars\">\u2605<\/span>\n      <b>0.0<\/b> \u00b7 0\n    <\/div>\n        <div class=\"lkx-card-bottom\"><span class=\"lkx-price lkx-price-sm\">ab <b>86\u00a0\u20ac<\/b><\/span><span class=\"lkx-cta lkx-cta-sm\">Termine ansehen \u2192<\/span>\n        <\/div>\n      <\/div>\n    <\/a><\/div><div class=\"lkx-disclosure\">\ud83d\udd17 Affiliate-Links \u2014 kein Aufpreis f\u00fcr dich, sie helfen uns, Inhalte zu erstellen. \u00b7 <a href=\"https:\/\/www.getyourguide.com\/de-de\/s\/?q=rio+de+janeiro&amp;partner_id=MKZ64IS&amp;utm_medium=online_publisher\" target=\"_blank\" rel=\"sponsored noopener nofollow\">Alle Erlebnisse \u2192<\/a><\/div>\n<\/div>\n<!-- LKM_GYG_CARD end -->\n\n\n\n\n<div class=\"lk-stays-module\">\n<style>\n\/* \u2500\u2500\u2500 RESET PRO GUTENBERG \u2500\u2500\u2500 *\/\n.lk-stays-module * { box-sizing: border-box; margin: 0; padding: 0; }\n\n\/* \u2500\u2500\u2500 WRAPPER \u2500\u2500\u2500 *\/\n.lk-stays-module {\n  font-family: 'DM Sans', Georgia, sans-serif;\n  max-width: 100%;\n  margin: 2.5rem auto;\n  background: linear-gradient(135deg, #fdfaf5 0%, #fcf8f0 100%);\n  border: 1px solid #e8dfd4;\n  border-radius: 16px;\n  overflow: hidden;\n  box-shadow: 0 16px 48px rgba(195, 159, 118, 0.25), 0 4px 12px rgba(0,0,0,0.08);\n}\n\n\/* \u2500\u2500\u2500 HEADER \u2500\u2500\u2500 *\/\n.lk-stays-header {\n  position: relative;\n  padding: 24px 36px 24px;\n  background: linear-gradient(135deg, #c39f76 0%, #d4b188 60%, #c39f76 100%);\n  border-bottom: 1px solid rgba(255,255,255,.15);\n  display: flex;\n  align-items: center;\n  gap: 18px;\n}\n.lk-stays-header::before {\n  content: '';\n  position: absolute;\n  inset: 0;\n  background: url(\"data:image\/svg+xml,%3Csvg width='60' height='60' viewBox='0 0 60 60' xmlns='http:\/\/www.w3.org\/2000\/svg'%3E%3Cg fill='none' fill-rule='evenodd'%3E%3Cg fill='%23ffffff' fill-opacity='0.05'%3E%3Cpath d='M36 34v-4h-2v4h-4v2h4v4h2v-4h4v-2h-4zm0-30V0h-2v4h-4v2h4v4h2V6h4V4h-4zM6 34v-4H4v4H0v2h4v4h2v-4h4v-2H6zM6 4V0H4v4H0v2h4v4h2V6h4V4H6z'\/%3E%3C\/g%3E%3C\/g%3E%3C\/svg%3E\") repeat;\n  pointer-events: none;\n}\n.lk-stays-icon {\n  flex-shrink: 0;\n  width: 68px;\n  height: 68px;\n  border-radius: 14px;\n  background: linear-gradient(135deg, #fff 0%, #f9f6f0 100%);\n  display: flex;\n  align-items: center;\n  justify-content: center;\n  font-size: 26px;\n  box-shadow: 0 4px 12px rgba(0,0,0,0.15);\n}\n.lk-stays-eyebrow {\n  font-size: 10px;\n  font-weight: 500;\n  letter-spacing: 2.5px;\n  text-transform: uppercase;\n  color: rgba(255,255,255,.85);\n  margin: 0 0 5px 0;\n}\n.lk-stays-title {\n  font-family: 'Playfair Display', Georgia, serif;\n  font-size: 24px;\n  font-weight: 700;\n  color: #fff;\n  line-height: 1.2;\n  text-shadow: 0 1px 2px rgba(0,0,0,0.1);\n  margin: 0;\n}\n.lk-stays-subtitle {\n  font-size: 13px;\n  color: rgba(255,255,255,.75);\n  margin: 4px 0 0 0;\n  font-weight: 300;\n}\n\n\/* \u2500\u2500\u2500 CARDS GRID \u2500\u2500\u2500 *\/\n.lk-stays-grid {\n  display: grid;\n  grid-template-columns: 1fr 1fr;\n  gap: 1px;\n  background: rgba(195, 159, 118, 0.12);\n}\n\n\/* \u2500\u2500\u2500 SINGLE CARD \u2500\u2500\u2500 *\/\n.lk-stay-card {\n  background: #ffffff;\n  padding: 26px;\n  display: flex;\n  flex-direction: column;\n  gap: 11px;\n  transition: all 0.3s ease;\n  text-decoration: none;\n  color: inherit;\n  position: relative;\n}\n.lk-stay-card:hover {\n  background: #fffbf5;\n  transform: translateY(-2px);\n  box-shadow: 0 8px 24px rgba(195, 159, 118, 0.18);\n  z-index: 1;\n}\n.lk-stay-card.featured {\n  background: linear-gradient(135deg, #fffdf9 0%, #fff9f0 100%);\n  box-shadow: 0 4px 16px rgba(195, 159, 118, 0.15), inset 0 1px 0 rgba(195, 159, 118, 0.1);\n}\n.lk-stay-card.featured:hover {\n  background: linear-gradient(135deg, #fffbf5 0%, #fff8ed 100%);\n  box-shadow: 0 8px 24px rgba(195, 159, 118, 0.25), inset 0 1px 0 rgba(195, 159, 118, 0.15);\n}\n\n.lk-stay-badge {\n  display: inline-flex;\n  align-items: center;\n  gap: 5px;\n  font-size: 10px;\n  font-weight: 500;\n  letter-spacing: 1.5px;\n  text-transform: uppercase;\n  padding: 5px 11px;\n  border-radius: 20px;\n  width: fit-content;\n}\n.badge-top     { background: linear-gradient(135deg, #c39f76 0%, #d4b188 100%); color: #fff; border: 1px solid #c39f76; font-weight: 600; box-shadow: 0 2px 8px rgba(195,159,118,0.3); }\n.badge-luxury  { background: rgba(195,159,118,.12); color: #c39f76; border: 1px solid rgba(195,159,118,.25); }\n.badge-boutique{ background: rgba(54,133,252,.08); color: #3685fc; border: 1px solid rgba(54,133,252,.2); }\n.badge-nature  { background: rgba(130,190,100,.1); color: #6b9c4a; border: 1px solid rgba(130,190,100,.2); }\n.badge-remote  { background: rgba(195,159,118,.12); color: #a67e50; border: 1px solid rgba(195,159,118,.25); }\n\n.lk-stay-name {\n  font-family: 'Playfair Display', Georgia, serif;\n  font-size: 18px;\n  font-weight: 700;\n  color: #111827;\n  line-height: 1.3;\n}\n.lk-stay-desc {\n  font-size: 13.5px;\n  color: #525252;\n  line-height: 1.65;\n  font-weight: 300;\n  flex: 1;\n}\n\n.lk-stay-meta {\n  display: flex;\n  align-items: center;\n  gap: 12px;\n  flex-wrap: wrap;\n  margin-top: 4px;\n}\n.lk-stay-price {\n  font-size: 13px;\n  color: #6b7280;\n}\n.lk-stay-price strong {\n  color: #c39f76;\n  font-weight: 500;\n}\n.lk-stay-stars {\n  color: #c39f76;\n  font-size: 11px;\n  letter-spacing: 1px;\n}\n\n\/* \u2500\u2500\u2500 CTA BUTTON \u2500\u2500\u2500 *\/\n.lk-stay-cta {\n  display: inline-flex;\n  align-items: center;\n  justify-content: center;\n  gap: 7px;\n  margin-top: 8px;\n  padding: 11px 20px;\n  border-radius: 8px;\n  background: linear-gradient(135deg, #3685fc 0%, #2a6fd9 100%);\n  color: #fff;\n  font-size: 13px;\n  font-weight: 500;\n  text-decoration: none;\n  letter-spacing: .3px;\n  transition: all .2s ease;\n  cursor: pointer;\n  border: none;\n  text-align: center;\n  box-shadow: 0 4px 12px rgba(54, 133, 252, 0.25);\n}\n.lk-stay-cta:hover {\n  background: linear-gradient(135deg, #2a6fd9 0%, #1e5bc4 100%);\n  transform: translateY(-1px);\n  box-shadow: 0 6px 16px rgba(54, 133, 252, 0.35);\n}\n.lk-stay-cta svg { flex-shrink: 0; }\n\n\/* \u2500\u2500\u2500 FOOTER \u2500\u2500\u2500 *\/\n.lk-stays-footer {\n  padding: 18px 36px;\n  background: linear-gradient(to bottom, #fdfaf5 0%, #f9f4ed 100%);\n  border-top: 1px solid rgba(195, 159, 118, 0.15);\n  display: flex;\n  align-items: center;\n  justify-content: space-between;\n  flex-wrap: wrap;\n  gap: 12px;\n}\n.lk-stays-footer-note {\n  font-size: 11.5px;\n  color: #6b7280;\n  font-weight: 300;\n  line-height: 1.5;\n}\n.lk-stays-footer-note a {\n  color: #c39f76;\n  text-decoration: none;\n  font-weight: 400;\n}\n.lk-stays-footer-note a:hover {\n  text-decoration: underline;\n}\n.lk-stays-all-btn {\n  display: inline-flex;\n  align-items: center;\n  gap: 6px;\n  font-size: 12.5px;\n  font-weight: 500;\n  color: #c39f76;\n  text-decoration: none;\n  border: 1px solid rgba(195, 159, 118, 0.35);\n  padding: 8px 18px;\n  border-radius: 8px;\n  transition: all .2s ease;\n}\n.lk-stays-all-btn:hover {\n  background: rgba(195, 159, 118, 0.08);\n  border-color: rgba(195, 159, 118, 0.5);\n}\n\n\/* \u2500\u2500\u2500 RESPONSIVE \u2500\u2500\u2500 *\/\n@media (max-width: 600px) {\n  .lk-stays-grid { grid-template-columns: 1fr; }\n  .lk-stays-header { padding: 24px 20px; }\n  .lk-stays-footer { padding: 16px 20px; }\n  .lk-stay-card { padding: 22px; }\n  .lk-stays-title { font-size: 20px; }\n}\n<\/style>\n\n  <!-- HEADER -->\n  <div class=\"lk-stays-header\">\n    <img decoding=\"async\" src=\"https:\/\/loudavymkrokem.cz\/wp-content\/uploads\/2026\/02\/lukas-a-lucka.jpg\" alt=\"\" style=\"width: 75px; height: 75px; border-radius: 8px; flex-shrink: 0; object-fit: cover; display: block; margin: 4px 0;\" title=\"\">\n    <div class=\"lk-stays-header-text\">\n      <div class=\"lk-stays-eyebrow\">Luk\u00e1\u0161 und Lucie empfehlen<\/div>\n      <div class=\"lk-stays-title\">Wo man in Rio de Janeiro \u00fcbernachten kann<\/div>\n      <div class=\"lk-stays-subtitle\">4 Unterk\u00fcnfte \u2014 Wellnesshotels, Hotels und weitere Unterkunftsm\u00f6glichkeiten<\/div>\n    <\/div>\n  <\/div>\n\n  <!-- CARDS -->\n  <div class=\"lk-stays-grid\">\n\n    <a class=\"lk-stay-card featured\" href=\"https:\/\/www.stay22.com\/allez\/roam?aid=lukaskonecny&#038;campaign=loudavymkrokemcz&#038;campaign=de&#038;campaign=covidetvriodejaneiru&#038;address=Rio+de+Janeiro&#038;hotelname=Arena+Ipanema+Hotel&#038;search=Arena+Ipanema+Hotel&#038;category=accommodation\" target=\"_blank\" rel=\"nofollow noopener\">\n      <span class=\"lk-stay-badge badge-top\">\u2b50 TOP-WAHL<\/span>\n      <span class=\"lk-stay-badge badge-nature\">\ud83c\udfd6\ufe0f Strand<\/span>\n      <div class=\"lk-stay-name\">Arena Ipanema Hotel<\/div>\n      <div class=\"lk-stay-desc\">Hervorragende Strandlage mit atemberaubendem Dachpool mit Meerblick, nur wenige Schritte vom ber\u00fchmten Posto 8 entfernt.<\/div>\n      <div class=\"lk-stay-meta\">\n        <span class=\"lk-stay-stars\">\u2605\u2605\u2605\u2605<\/span>\n        <span class=\"lk-stay-price\">Preise pr\u00fcfen<\/span>\n      <\/div>\n      <span class=\"lk-stay-cta\">\n        <svg width=\"14\" height=\"14\" viewBox=\"0 0 24 24\" fill=\"none\" stroke=\"currentColor\" stroke-width=\"2\"><path d=\"M18 13v6a2 2 0 0 1-2 2H5a2 2 0 0 1-2-2V8a2 2 0 0 1 2-2h6\"\/><polyline points=\"15 3 21 3 21 9\"\/><line x1=\"10\" y1=\"14\" x2=\"21\" y2=\"3\"\/><\/svg>\n        Verf\u00fcgbarkeit pr\u00fcfen\n      <\/span>\n    <\/a>\n\n    <a class=\"lk-stay-card\" href=\"https:\/\/www.stay22.com\/allez\/roam?aid=lukaskonecny&#038;campaign=loudavymkrokemcz&#038;campaign=de&#038;campaign=covidetvriodejaneiru&#038;address=Rio+de+Janeiro&#038;hotelname=Hotel+Fasano+Rio+de+Janeiro&#038;search=Hotel+Fasano+Rio+de+Janeiro&#038;category=accommodation\" target=\"_blank\" rel=\"nofollow noopener\">\n      <span class=\"lk-stay-badge badge-nature\">\u2b50 Luxus<\/span>\n      <div class=\"lk-stay-name\">Hotel Fasano Rio de Janeiro<\/div>\n      <div class=\"lk-stay-desc\">Ikonisches Luxushotel, dessen Design und Lage in der Stadt konkurrenzlos sind.<\/div>\n      <div class=\"lk-stay-meta\">\n        <span class=\"lk-stay-stars\">\u2605\u2605\u2605\u2605<\/span>\n        <span class=\"lk-stay-price\">Preise pr\u00fcfen<\/span>\n      <\/div>\n      <span class=\"lk-stay-cta\">\n        <svg width=\"14\" height=\"14\" viewBox=\"0 0 24 24\" fill=\"none\" stroke=\"currentColor\" stroke-width=\"2\"><path d=\"M18 13v6a2 2 0 0 1-2 2H5a2 2 0 0 1-2-2V8a2 2 0 0 1 2-2h6\"\/><polyline points=\"15 3 21 3 21 9\"\/><line x1=\"10\" y1=\"14\" x2=\"21\" y2=\"3\"\/><\/svg>\n        Verf\u00fcgbarkeit pr\u00fcfen\n      <\/span>\n    <\/a>\n\n    <a class=\"lk-stay-card\" href=\"https:\/\/www.stay22.com\/allez\/roam?aid=lukaskonecny&#038;campaign=loudavymkrokemcz&#038;campaign=de&#038;campaign=covidetvriodejaneiru&#038;address=Rio+de+Janeiro&#038;hotelname=Yoo2+Rio+de+Janeiro+by+Intercity&#038;search=Yoo2+Rio+de+Janeiro+by+Intercity&#038;category=accommodation\" target=\"_blank\" rel=\"nofollow noopener\">\n      <span class=\"lk-stay-badge badge-nature\">\ud83c\udfe8 Hotel<\/span>\n      <div class=\"lk-stay-name\">Yoo2 Rio de Janeiro by Intercity<\/div>\n      <div class=\"lk-stay-desc\">Stilvolles Hotel mit fantastischem Blick auf die Bucht in Botafogo.<\/div>\n      <div class=\"lk-stay-meta\">\n        <span class=\"lk-stay-stars\">\u2605\u2605\u2605\u2605<\/span>\n        <span class=\"lk-stay-price\">Preise pr\u00fcfen<\/span>\n      <\/div>\n      <span class=\"lk-stay-cta\">\n        <svg width=\"14\" height=\"14\" viewBox=\"0 0 24 24\" fill=\"none\" stroke=\"currentColor\" stroke-width=\"2\"><path d=\"M18 13v6a2 2 0 0 1-2 2H5a2 2 0 0 1-2-2V8a2 2 0 0 1 2-2h6\"\/><polyline points=\"15 3 21 3 21 9\"\/><line x1=\"10\" y1=\"14\" x2=\"21\" y2=\"3\"\/><\/svg>\n        Verf\u00fcgbarkeit pr\u00fcfen\n      <\/span>\n    <\/a>\n\n    <a class=\"lk-stay-card\" href=\"https:\/\/www.stay22.com\/allez\/roam?aid=lukaskonecny&#038;campaign=loudavymkrokemcz&#038;campaign=de&#038;campaign=covidetvriodejaneiru&#038;address=rio%20de%20janeiro\" target=\"_blank\" rel=\"nofollow noopener\">\n      <span class=\"lk-stay-badge badge-nature\">\ud83d\udd0d Suchen<\/span>\n      <div class=\"lk-stay-name\">Alle Unterk\u00fcnfte in Rio de Janeiro anzeigen<\/div>\n      <div class=\"lk-stay-desc\">Erkunden Sie alle verf\u00fcgbaren Unterkunftsm\u00f6glichkeiten in Rio de Janeiro und finden Sie die beste nach Ihren Vorlieben und Ihrem Budget.<\/div>\n      <div class=\"lk-stay-meta\">\n        <span class=\"lk-stay-stars\">\u2605\u2605\u2605\u2605<\/span>\n        <span class=\"lk-stay-price\">Preise vergleichen<\/span>\n      <\/div>\n      <span class=\"lk-stay-cta\">\n        <svg width=\"14\" height=\"14\" viewBox=\"0 0 24 24\" fill=\"none\" stroke=\"currentColor\" stroke-width=\"2\"><path d=\"M18 13v6a2 2 0 0 1-2 2H5a2 2 0 0 1-2-2V8a2 2 0 0 1 2-2h6\"\/><polyline points=\"15 3 21 3 21 9\"\/><line x1=\"10\" y1=\"14\" x2=\"21\" y2=\"3\"\/><\/svg>\n        Verf\u00fcgbarkeit pr\u00fcfen\n      <\/span>\n    <\/a>\n\n  <\/div>\n\n  \n<\/div>\n\n\n\n\n<h3 class=\"wp-block-heading\"><span class=\"ez-toc-section\" id=\"12_Aussichtspunkt_Mirante_Dona_Marta\"><\/span>12. Aussichtspunkt Mirante Dona Marta<span class=\"ez-toc-section-end\"><\/span><\/h3>\n\n\n\n<p class=\"wp-block-paragraph\">Wenn du den absolut besten Ort zum Fotografieren der Stadt ohne Menschenmengen suchst, hast du ihn gerade gefunden. <strong>Der Mirante Dona Marta ist eine versteckte Aussichtsplattform, von der aus du die Christusstatue und den Zuckerhut in einem einzigen magischen Bild siehst<\/strong>, was ihn zu einem heimlichen Schatz unter den lokalen Fotografen macht. Er liegt auf \u00fcber dreihundertsechzig Metern H\u00f6he und bietet einen sogenannten Helikopterblick auf die gesamte S\u00fcdzone der Stadt.<\/p>\n\n\n\n<p class=\"wp-block-paragraph\">Im Gegensatz zum \u00fcberf\u00fcllten Corcovado herrscht hier herrliche Ruhe \u2013 oft stehst du auf der riesigen Betonplattform ganz allein, nur mit den \u00c4ffchen, die neugierig aus den umliegenden B\u00e4umen lugen, und obendrein ist der Eintritt kostenlos. Du zahlst nur f\u00fcr die Fahrt hinauf \u00fcber die steile, kurvige Regenwaldstra\u00dfe.<\/p>\n\n\n\n<p class=\"wp-block-paragraph\">\ud83d\udca1 Tipp: <strong>Zum Aussichtspunkt f\u00e4hrt kein regelm\u00e4\u00dfiger \u00f6ffentlicher Verkehr, bestell dir deshalb einen zuverl\u00e4ssigen Uber<\/strong> und vergiss nicht, mit dem Fahrer zu vereinbaren, dass er die zwanzig Minuten auf dich wartet, sonst k\u00f6nntest du gro\u00dfe Probleme haben, zur\u00fcck in die Stadt zu kommen. Es ist au\u00dferdem ein fantastischer Ort, um den Sonnenaufgang zu beobachten, wenn die Stadt gerade aus dem Nachtschlaf erwacht.<\/p>\n\n\n\n<figure data-wp-context=\"{&quot;imageId&quot;:&quot;6a9c73be62740&quot;}\" data-wp-interactive=\"core\/image\" data-wp-key=\"6a9c73be62740\" class=\"wp-block-image size-full wp-lightbox-container\"><img decoding=\"async\" width=\"1600\" height=\"1200\" data-wp-class--hide=\"state.isContentHidden\" data-wp-class--show=\"state.isContentVisible\" data-wp-init=\"callbacks.setButtonStyles\" data-wp-on--click=\"actions.showLightbox\" data-wp-on--load=\"callbacks.setButtonStyles\" data-wp-on--pointerdown=\"actions.preloadImage\" data-wp-on--pointerenter=\"actions.preloadImageWithDelay\" data-wp-on--pointerleave=\"actions.cancelPreload\" data-wp-on-window--resize=\"callbacks.setButtonStyles\" src=\"https:\/\/loudavymkrokem.cz\/wp-content\/uploads\/2026\/09\/vista-chinesa.jpg\" alt=\"Chinesischer Pavillon Vista Chinesa\" class=\"wp-image-413213\" title=\"\" srcset=\"https:\/\/loudavymkrokem.cz\/wp-content\/uploads\/2026\/09\/vista-chinesa.jpg 1600w, https:\/\/loudavymkrokem.cz\/wp-content\/uploads\/2026\/09\/vista-chinesa-300x225.jpg 300w, https:\/\/loudavymkrokem.cz\/wp-content\/uploads\/2026\/09\/vista-chinesa-700x525.jpg 700w, https:\/\/loudavymkrokem.cz\/wp-content\/uploads\/2026\/09\/vista-chinesa-768x576.jpg 768w, https:\/\/loudavymkrokem.cz\/wp-content\/uploads\/2026\/09\/vista-chinesa-1536x1152.jpg 1536w, https:\/\/loudavymkrokem.cz\/wp-content\/uploads\/2026\/09\/vista-chinesa-80x60.jpg 80w, https:\/\/loudavymkrokem.cz\/wp-content\/uploads\/2026\/09\/vista-chinesa-160x120.jpg 160w, https:\/\/loudavymkrokem.cz\/wp-content\/uploads\/2026\/09\/vista-chinesa-696x522.jpg 696w, https:\/\/loudavymkrokem.cz\/wp-content\/uploads\/2026\/09\/vista-chinesa-1392x1044.jpg 1392w\" sizes=\"(max-width: 1600px) 100vw, 1600px\" \/><button\n\t\t\tclass=\"lightbox-trigger\"\n\t\t\ttype=\"button\"\n\t\t\taria-haspopup=\"dialog\"\n\t\t\tdata-wp-bind--aria-label=\"state.thisImage.triggerButtonAriaLabel\"\n\t\t\tdata-wp-init=\"callbacks.initTriggerButton\"\n\t\t\tdata-wp-on--click=\"actions.showLightbox\"\n\t\t\tdata-wp-style--right=\"state.thisImage.buttonRight\"\n\t\t\tdata-wp-style--top=\"state.thisImage.buttonTop\"\n\t\t>\n\t\t\t<svg xmlns=\"http:\/\/www.w3.org\/2000\/svg\" width=\"12\" height=\"12\" fill=\"none\" viewBox=\"0 0 12 12\">\n\t\t\t\t<path fill=\"#fff\" d=\"M2 0a2 2 0 0 0-2 2v2h1.5V2a.5.5 0 0 1 .5-.5h2V0H2Zm2 10.5H2a.5.5 0 0 1-.5-.5V8H0v2a2 2 0 0 0 2 2h2v-1.5ZM8 12v-1.5h2a.5.5 0 0 0 .5-.5V8H12v2a2 2 0 0 1-2 2H8Zm2-12a2 2 0 0 1 2 2v2h-1.5V2a.5.5 0 0 0-.5-.5H8V0h2Z\" \/>\n\t\t\t<\/svg>\n\t\t<\/button><figcaption class=\"wp-element-caption\">Foto: Ivo Barra \/ Google Maps<\/figcaption><\/figure>\n\n\n\n<h3 class=\"wp-block-heading\"><span class=\"ez-toc-section\" id=\"13_Chinesischer_Pavillon_Vista_Chinesa\"><\/span>13. Chinesischer Pavillon Vista Chinesa<span class=\"ez-toc-section-end\"><\/span><\/h3>\n\n\n\n<p class=\"wp-block-paragraph\">Tief in den W\u00e4ldern des Nationalparks Tijuca st\u00f6\u00dft du auf ein Bauwerk, das du im s\u00fcdamerikanischen Dschungel definitiv nicht erwarten w\u00fcrdest. <strong>Die Vista Chinesa ist ein wundersch\u00f6ner orientalischer Pavillon aus dem Jahr 1903, der zu Ehren der chinesischen Einwanderer errichtet wurde<\/strong>, die im neunzehnten Jahrhundert den Teeanbau nach Brasilien brachten. Das elegante Bauwerk mit einem pagodenf\u00f6rmigen Dach erhebt sich auf 380 Metern H\u00f6he und bildet einen unglaublich fotogenen Kontrast zur umliegenden wilden Natur.<\/p>\n\n\n\n<p class=\"wp-block-paragraph\">Der Ausblick von diesem Ort wird oft als einer der romantischsten der ganzen Stadt bezeichnet, denn er rahmt die Bucht, die Berge und die Str\u00e4nde perfekt ein. <strong>Bei klarem Wetter siehst du vom Pavillon aus ganz Ipanema, die Lagune Rodrigo de Freitas und die fernen Gipfel am Horizont<\/strong>, alles eingerahmt in \u00fcppige Palmwedel und riesige Farne. Der Ort ist bei einheimischen Radfahrern sehr beliebt, f\u00fcr die der harte Anstieg zum Pavillon die gr\u00f6\u00dfte sportliche Herausforderung ist.<\/p>\n\n\n\n<p class=\"wp-block-paragraph\">\ud83d\udca1 Tipp: <strong>Verbinde den Besuch des Pavillons mit dem nahegelegenen Wasserfall Cachoeira dos Macacos<\/strong>, zu dem du \u00fcber einen kurzen Spaziergang auf einem Regenwaldpfad gelangst. Wieder gilt die Regel der Vorsicht beim Verkehr, die Stra\u00dfe ist eng und steil, deshalb solltest du ausschlie\u00dflich mit dem Auto oder einer organisierten Tour hierher fahren, nicht zu Fu\u00df von unten.<\/p>\n\n\n\n<figure data-wp-context=\"{&quot;imageId&quot;:&quot;6a9c73be62c4d&quot;}\" data-wp-interactive=\"core\/image\" data-wp-key=\"6a9c73be62c4d\" class=\"wp-block-image size-full wp-lightbox-container\"><img decoding=\"async\" width=\"1600\" height=\"2133\" data-wp-class--hide=\"state.isContentHidden\" data-wp-class--show=\"state.isContentVisible\" data-wp-init=\"callbacks.setButtonStyles\" data-wp-on--click=\"actions.showLightbox\" data-wp-on--load=\"callbacks.setButtonStyles\" data-wp-on--pointerdown=\"actions.preloadImage\" data-wp-on--pointerenter=\"actions.preloadImageWithDelay\" data-wp-on--pointerleave=\"actions.cancelPreload\" data-wp-on-window--resize=\"callbacks.setButtonStyles\" src=\"https:\/\/loudavymkrokem.cz\/wp-content\/uploads\/2026\/09\/zahrady.jpg\" alt=\"G\u00e4rten und Villa Parque Lage\" class=\"wp-image-413218\" title=\"\" srcset=\"https:\/\/loudavymkrokem.cz\/wp-content\/uploads\/2026\/09\/zahrady.jpg 1600w, https:\/\/loudavymkrokem.cz\/wp-content\/uploads\/2026\/09\/zahrady-225x300.jpg 225w, https:\/\/loudavymkrokem.cz\/wp-content\/uploads\/2026\/09\/zahrady-700x933.jpg 700w, https:\/\/loudavymkrokem.cz\/wp-content\/uploads\/2026\/09\/zahrady-768x1024.jpg 768w, https:\/\/loudavymkrokem.cz\/wp-content\/uploads\/2026\/09\/zahrady-1152x1536.jpg 1152w, https:\/\/loudavymkrokem.cz\/wp-content\/uploads\/2026\/09\/zahrady-1536x2048.jpg 1536w, https:\/\/loudavymkrokem.cz\/wp-content\/uploads\/2026\/09\/zahrady-696x928.jpg 696w, https:\/\/loudavymkrokem.cz\/wp-content\/uploads\/2026\/09\/zahrady-1392x1856.jpg 1392w\" sizes=\"(max-width: 1600px) 100vw, 1600px\" \/><button\n\t\t\tclass=\"lightbox-trigger\"\n\t\t\ttype=\"button\"\n\t\t\taria-haspopup=\"dialog\"\n\t\t\tdata-wp-bind--aria-label=\"state.thisImage.triggerButtonAriaLabel\"\n\t\t\tdata-wp-init=\"callbacks.initTriggerButton\"\n\t\t\tdata-wp-on--click=\"actions.showLightbox\"\n\t\t\tdata-wp-style--right=\"state.thisImage.buttonRight\"\n\t\t\tdata-wp-style--top=\"state.thisImage.buttonTop\"\n\t\t>\n\t\t\t<svg xmlns=\"http:\/\/www.w3.org\/2000\/svg\" width=\"12\" height=\"12\" fill=\"none\" viewBox=\"0 0 12 12\">\n\t\t\t\t<path fill=\"#fff\" d=\"M2 0a2 2 0 0 0-2 2v2h1.5V2a.5.5 0 0 1 .5-.5h2V0H2Zm2 10.5H2a.5.5 0 0 1-.5-.5V8H0v2a2 2 0 0 0 2 2h2v-1.5ZM8 12v-1.5h2a.5.5 0 0 0 .5-.5V8H12v2a2 2 0 0 1-2 2H8Zm2-12a2 2 0 0 1 2 2v2h-1.5V2a.5.5 0 0 0-.5-.5H8V0h2Z\" \/>\n\t\t\t<\/svg>\n\t\t<\/button><figcaption class=\"wp-element-caption\">Foto: Emerson Zanoti \/ Google Maps<\/figcaption><\/figure>\n\n\n\n<h3 class=\"wp-block-heading\"><span class=\"ez-toc-section\" id=\"14_Gaerten_und_Villa_Parque_Lage\"><\/span>14. G\u00e4rten und Villa Parque Lage<span class=\"ez-toc-section-end\"><\/span><\/h3>\n\n\n\n<p class=\"wp-block-paragraph\">Am Fu\u00dfe des Berges Corcovado liegt einer der sch\u00f6nsten \u00f6ffentlichen Parks, der eine riesige Portion europ\u00e4ischer Eleganz in sich birgt. <strong>Der Parque Lage besteht aus herrlichen subtropischen G\u00e4rten, die eine atemberaubende Villa im Stil eines r\u00f6mischen Palastes umgeben<\/strong>, die heute als <a href=\"http:\/\/eavparquelage.rj.gov.br\/\" rel=\"nofollow noopener\" target=\"_blank\">renommierte Schule f\u00fcr bildende K\u00fcnste<\/a> dient. Die Dominante des gesamten Innenhofs ist ein flaches Becken, in dem sich beim richtigen Winkel die hoch gelegene Christusstatue spiegelt.<\/p>\n\n\n\n<p class=\"wp-block-paragraph\">Der Park hat eine Fl\u00e4che von mehr als f\u00fcnfzig Hektar und bietet den perfekten R\u00fcckzug in den Schatten uralter B\u00e4ume, k\u00fcnstlicher H\u00f6hlen und romantischer T\u00fcrmchen, die im Gr\u00fcn versteckt sind. <strong>F\u00fcr Wanderfreunde ist dieser Ort entscheidend, denn genau hinter der Villa beginnt der steile Regenwaldpfad zum Gipfel des Corcovado<\/strong>, den erfahrene Reisende als kostenlose Alternative zur Zahnradbahn nutzen. Die Atmosph\u00e4re des Ortes ist unglaublich entspannt, Kunststudenten malen hier ihre Bilder und Familien veranstalten am Wochenende Picknicks auf dem Rasen.<\/p>\n\n\n\n<p class=\"wp-block-paragraph\">\ud83d\udca1 Tipp: <strong>In der historischen Villa selbst gibt es das bezaubernde Plage Cafe<\/strong>, wo du ein ausgezeichnetes Fr\u00fchst\u00fcck voller frischer tropischer Fr\u00fcchte und K\u00e4sespezialit\u00e4ten direkt am ikonischen Becken genie\u00dfen kannst. Ich empfehle, gleich zur \u00d6ffnungszeit zu kommen \u2013 tags\u00fcber wartet man hier wirklich lange auf einen Tisch.<\/p>\n\n\n\n<figure data-wp-context=\"{&quot;imageId&quot;:&quot;6a9c73be632e1&quot;}\" data-wp-interactive=\"core\/image\" data-wp-key=\"6a9c73be632e1\" class=\"wp-block-image size-full wp-lightbox-container\"><img decoding=\"async\" width=\"1600\" height=\"900\" data-wp-class--hide=\"state.isContentHidden\" data-wp-class--show=\"state.isContentVisible\" data-wp-init=\"callbacks.setButtonStyles\" data-wp-on--click=\"actions.showLightbox\" data-wp-on--load=\"callbacks.setButtonStyles\" data-wp-on--pointerdown=\"actions.preloadImage\" data-wp-on--pointerenter=\"actions.preloadImageWithDelay\" data-wp-on--pointerleave=\"actions.cancelPreload\" data-wp-on-window--resize=\"callbacks.setButtonStyles\" src=\"https:\/\/loudavymkrokem.cz\/wp-content\/uploads\/2026\/09\/swap-412735-15.jpg\" alt=\"Museum von morgen in Rio de Janeiro\" class=\"wp-image-413416\" title=\"\" srcset=\"https:\/\/loudavymkrokem.cz\/wp-content\/uploads\/2026\/09\/swap-412735-15.jpg 1600w, https:\/\/loudavymkrokem.cz\/wp-content\/uploads\/2026\/09\/swap-412735-15-300x169.jpg 300w, https:\/\/loudavymkrokem.cz\/wp-content\/uploads\/2026\/09\/swap-412735-15-700x394.jpg 700w, https:\/\/loudavymkrokem.cz\/wp-content\/uploads\/2026\/09\/swap-412735-15-768x432.jpg 768w, https:\/\/loudavymkrokem.cz\/wp-content\/uploads\/2026\/09\/swap-412735-15-1536x864.jpg 1536w, https:\/\/loudavymkrokem.cz\/wp-content\/uploads\/2026\/09\/swap-412735-15-696x392.jpg 696w, https:\/\/loudavymkrokem.cz\/wp-content\/uploads\/2026\/09\/swap-412735-15-1392x783.jpg 1392w\" sizes=\"(max-width: 1600px) 100vw, 1600px\" \/><button\n\t\t\tclass=\"lightbox-trigger\"\n\t\t\ttype=\"button\"\n\t\t\taria-haspopup=\"dialog\"\n\t\t\tdata-wp-bind--aria-label=\"state.thisImage.triggerButtonAriaLabel\"\n\t\t\tdata-wp-init=\"callbacks.initTriggerButton\"\n\t\t\tdata-wp-on--click=\"actions.showLightbox\"\n\t\t\tdata-wp-style--right=\"state.thisImage.buttonRight\"\n\t\t\tdata-wp-style--top=\"state.thisImage.buttonTop\"\n\t\t>\n\t\t\t<svg xmlns=\"http:\/\/www.w3.org\/2000\/svg\" width=\"12\" height=\"12\" fill=\"none\" viewBox=\"0 0 12 12\">\n\t\t\t\t<path fill=\"#fff\" d=\"M2 0a2 2 0 0 0-2 2v2h1.5V2a.5.5 0 0 1 .5-.5h2V0H2Zm2 10.5H2a.5.5 0 0 1-.5-.5V8H0v2a2 2 0 0 0 2 2h2v-1.5ZM8 12v-1.5h2a.5.5 0 0 0 .5-.5V8H12v2a2 2 0 0 1-2 2H8Zm2-12a2 2 0 0 1 2 2v2h-1.5V2a.5.5 0 0 0-.5-.5H8V0h2Z\" \/>\n\t\t\t<\/svg>\n\t\t<\/button><figcaption class=\"wp-element-caption\">Foto: Fadul \/ Google Maps<\/figcaption><\/figure>\n\n\n\n<h3 class=\"wp-block-heading\"><span class=\"ez-toc-section\" id=\"15_Museum_von_morgen_Museu_do_Amanha\"><\/span>15. Museum von morgen (Museu do Amanh\u00e3)<span class=\"ez-toc-section-end\"><\/span><\/h3>\n\n\n\n<p class=\"wp-block-paragraph\">Im sanierten Hafenviertel Porto Maravilha ist ein Bauwerk entstanden, das die Architektur der Stadt sofort ins einundzwanzigste Jahrhundert katapultiert hat. <strong>Das <a href=\"https:\/\/museudoamanha.org.br\/\" rel=\"nofollow noopener\" target=\"_blank\">Museu do Amanh\u00e3<\/a> ist ein faszinierendes Museum der angewandten Wissenschaft, das der Zukunft der Menschheit gewidmet ist<\/strong>, dessen futuristisches Geb\u00e4ude der ber\u00fchmte spanische Architekt Santiago Calatrava entworfen hat. Die wei\u00dfe Konstruktion, die an das riesige Skelett eines pr\u00e4historischen Vogels oder ein Raumschiff erinnert, ragt dramatisch \u00fcber die Wasseroberfl\u00e4che hinaus und ist schon f\u00fcr sich allein einen langen Besuch wert.<\/p>\n\n\n\n<p class=\"wp-block-paragraph\">Erwarte drinnen keine verstaubten historischen Artefakte, sondern interaktive Expositionen voller riesiger Bildschirme, Datenvisualisierungen und anregender Fragen. <strong>Die Ausstellung zwingt dich, \u00fcber Klimawandel, Bev\u00f6lkerungswachstum und die Nachhaltigkeit unseres Planeten nachzudenken<\/strong>, was im Kontext des riesigen und naturreichen Brasiliens enorm viel Sinn ergibt. Das Museum zeigt, dass Rio nicht nur eine Stadt der Str\u00e4nde und des Karnevals ist, sondern auch ein modernes Zentrum f\u00fcr Wissenschaft und Innovation.<\/p>\n\n\n\n<p class=\"wp-block-paragraph\">\ud83d\udca1 Tipp: <strong>Die Tickets f\u00fcr das Museum musst du oft mit gro\u00dfem Vorlauf online reservieren<\/strong>, denn die Tageskapazit\u00e4t ist schnell ersch\u00f6pft, besonders am Wochenende. Rund um das Museum zieht sich die breite und sichere Promenade Orla Conde, auf der du wunderbar am Meer entlangspazieren und die riesigen Graffiti-Murals lokaler K\u00fcnstler bewundern kannst.<\/p>\n\n\n\n<figure data-wp-context=\"{&quot;imageId&quot;:&quot;6a9c73be63895&quot;}\" data-wp-interactive=\"core\/image\" data-wp-key=\"6a9c73be63895\" class=\"wp-block-image size-full wp-lightbox-container\"><img decoding=\"async\" width=\"1600\" height=\"1200\" data-wp-class--hide=\"state.isContentHidden\" data-wp-class--show=\"state.isContentVisible\" data-wp-init=\"callbacks.setButtonStyles\" data-wp-on--click=\"actions.showLightbox\" data-wp-on--load=\"callbacks.setButtonStyles\" data-wp-on--pointerdown=\"actions.preloadImage\" data-wp-on--pointerenter=\"actions.preloadImageWithDelay\" data-wp-on--pointerleave=\"actions.cancelPreload\" data-wp-on-window--resize=\"callbacks.setButtonStyles\" src=\"https:\/\/loudavymkrokem.cz\/wp-content\/uploads\/2026\/09\/swap-412735-16-f6e8010d.jpg\" alt=\"Kunstmuseum MAR in Rio de Janeiro\" class=\"wp-image-413444\" title=\"\" srcset=\"https:\/\/loudavymkrokem.cz\/wp-content\/uploads\/2026\/09\/swap-412735-16-f6e8010d.jpg 1600w, https:\/\/loudavymkrokem.cz\/wp-content\/uploads\/2026\/09\/swap-412735-16-f6e8010d-300x225.jpg 300w, https:\/\/loudavymkrokem.cz\/wp-content\/uploads\/2026\/09\/swap-412735-16-f6e8010d-700x525.jpg 700w, https:\/\/loudavymkrokem.cz\/wp-content\/uploads\/2026\/09\/swap-412735-16-f6e8010d-768x576.jpg 768w, https:\/\/loudavymkrokem.cz\/wp-content\/uploads\/2026\/09\/swap-412735-16-f6e8010d-1536x1152.jpg 1536w, https:\/\/loudavymkrokem.cz\/wp-content\/uploads\/2026\/09\/swap-412735-16-f6e8010d-80x60.jpg 80w, https:\/\/loudavymkrokem.cz\/wp-content\/uploads\/2026\/09\/swap-412735-16-f6e8010d-160x120.jpg 160w, https:\/\/loudavymkrokem.cz\/wp-content\/uploads\/2026\/09\/swap-412735-16-f6e8010d-696x522.jpg 696w, https:\/\/loudavymkrokem.cz\/wp-content\/uploads\/2026\/09\/swap-412735-16-f6e8010d-1392x1044.jpg 1392w\" sizes=\"(max-width: 1600px) 100vw, 1600px\" \/><button\n\t\t\tclass=\"lightbox-trigger\"\n\t\t\ttype=\"button\"\n\t\t\taria-haspopup=\"dialog\"\n\t\t\tdata-wp-bind--aria-label=\"state.thisImage.triggerButtonAriaLabel\"\n\t\t\tdata-wp-init=\"callbacks.initTriggerButton\"\n\t\t\tdata-wp-on--click=\"actions.showLightbox\"\n\t\t\tdata-wp-style--right=\"state.thisImage.buttonRight\"\n\t\t\tdata-wp-style--top=\"state.thisImage.buttonTop\"\n\t\t>\n\t\t\t<svg xmlns=\"http:\/\/www.w3.org\/2000\/svg\" width=\"12\" height=\"12\" fill=\"none\" viewBox=\"0 0 12 12\">\n\t\t\t\t<path fill=\"#fff\" d=\"M2 0a2 2 0 0 0-2 2v2h1.5V2a.5.5 0 0 1 .5-.5h2V0H2Zm2 10.5H2a.5.5 0 0 1-.5-.5V8H0v2a2 2 0 0 0 2 2h2v-1.5ZM8 12v-1.5h2a.5.5 0 0 0 .5-.5V8H12v2a2 2 0 0 1-2 2H8Zm2-12a2 2 0 0 1 2 2v2h-1.5V2a.5.5 0 0 0-.5-.5H8V0h2Z\" \/>\n\t\t\t<\/svg>\n\t\t<\/button><figcaption class=\"wp-element-caption\">Foto: Leila Mota \/ Google Maps<\/figcaption><\/figure>\n\n\n\n<h3 class=\"wp-block-heading\"><span class=\"ez-toc-section\" id=\"16_Kunstmuseum_MAR_Rio_Museum_of_Art\"><\/span>16. Kunstmuseum MAR (Rio Museum of Art)<span class=\"ez-toc-section-end\"><\/span><\/h3>\n\n\n\n<p class=\"wp-block-paragraph\"><strong>Das Kunstmuseum MAR (Rio Museum of Art) befindet sich in einem einzigartigen architektonischen Komplex<\/strong>, der einen alten klassizistischen Palast mit einem modernen Glasgeb\u00e4ude durch ein geschwungenes Betondach k\u00fchn verbindet. Dieser visuelle Kontrast erfasst genau das Wesen der brasilianischen Metropole, wo das Alte st\u00e4ndig auf das Neue trifft.<\/p>\n\n\n\n<p class=\"wp-block-paragraph\">Das Museum konzentriert sich vor allem auf brasilianische Kunst, lokale Kultur und die komplexe Geschichte der Stadt selbst, einschlie\u00dflich der Geschichte und des Lebens in den Favelas. <strong>Von der obersten Etage unter dem geschwungenen Dach bietet sich ein fantastischer Blick auf den gesamten Platz Pra\u00e7a Mau\u00e1 und das benachbarte Museu do Amanh\u00e3<\/strong>, was eine gro\u00dfartige Gelegenheit ist, das moderne Gesicht Rios aus der Vogelperspektive einzufangen. Die Expositionen sind sehr vielf\u00e4ltig, von klassischer Malerei \u00fcber Fotografie bis zu modernen Installationen junger K\u00fcnstler.<\/p>\n\n\n\n<p class=\"wp-block-paragraph\">\ud83d\udca1 Tipp: <strong>Wenn du Kunst magst, reserviere f\u00fcr den Besuch beider Museen am Platz Pra\u00e7a Mau\u00e1 einen ganzen halben Tag<\/strong>, denn sie erg\u00e4nzen sich hervorragend. Die lokalen Restaurants rund um den Hafen bieten au\u00dferdem tolle fleischlose Varianten brasilianischer Gerichte, wie zum Beispiel Pastel de Queijo, eine knusprige frittierte Teigtasche gef\u00fcllt mit geschmolzenem K\u00e4se.<\/p>\n\n\n\n<figure data-wp-context=\"{&quot;imageId&quot;:&quot;6a9c73be63dcc&quot;}\" data-wp-interactive=\"core\/image\" data-wp-key=\"6a9c73be63dcc\" class=\"wp-block-image size-full wp-lightbox-container\"><img decoding=\"async\" width=\"1600\" height=\"1067\" data-wp-class--hide=\"state.isContentHidden\" data-wp-class--show=\"state.isContentVisible\" data-wp-init=\"callbacks.setButtonStyles\" data-wp-on--click=\"actions.showLightbox\" data-wp-on--load=\"callbacks.setButtonStyles\" data-wp-on--pointerdown=\"actions.preloadImage\" data-wp-on--pointerenter=\"actions.preloadImageWithDelay\" data-wp-on--pointerleave=\"actions.cancelPreload\" data-wp-on-window--resize=\"callbacks.setButtonStyles\" src=\"https:\/\/loudavymkrokem.cz\/wp-content\/uploads\/2026\/09\/centro-cultural-banco-do-brasil.jpg\" alt=\"Centro Cultural Banco do Brasil (CCBB)\" class=\"wp-image-413229\" title=\"\" srcset=\"https:\/\/loudavymkrokem.cz\/wp-content\/uploads\/2026\/09\/centro-cultural-banco-do-brasil.jpg 1600w, https:\/\/loudavymkrokem.cz\/wp-content\/uploads\/2026\/09\/centro-cultural-banco-do-brasil-300x200.jpg 300w, https:\/\/loudavymkrokem.cz\/wp-content\/uploads\/2026\/09\/centro-cultural-banco-do-brasil-700x467.jpg 700w, https:\/\/loudavymkrokem.cz\/wp-content\/uploads\/2026\/09\/centro-cultural-banco-do-brasil-768x512.jpg 768w, https:\/\/loudavymkrokem.cz\/wp-content\/uploads\/2026\/09\/centro-cultural-banco-do-brasil-1536x1024.jpg 1536w, https:\/\/loudavymkrokem.cz\/wp-content\/uploads\/2026\/09\/centro-cultural-banco-do-brasil-696x464.jpg 696w, https:\/\/loudavymkrokem.cz\/wp-content\/uploads\/2026\/09\/centro-cultural-banco-do-brasil-1392x928.jpg 1392w\" sizes=\"(max-width: 1600px) 100vw, 1600px\" \/><button\n\t\t\tclass=\"lightbox-trigger\"\n\t\t\ttype=\"button\"\n\t\t\taria-haspopup=\"dialog\"\n\t\t\tdata-wp-bind--aria-label=\"state.thisImage.triggerButtonAriaLabel\"\n\t\t\tdata-wp-init=\"callbacks.initTriggerButton\"\n\t\t\tdata-wp-on--click=\"actions.showLightbox\"\n\t\t\tdata-wp-style--right=\"state.thisImage.buttonRight\"\n\t\t\tdata-wp-style--top=\"state.thisImage.buttonTop\"\n\t\t>\n\t\t\t<svg xmlns=\"http:\/\/www.w3.org\/2000\/svg\" width=\"12\" height=\"12\" fill=\"none\" viewBox=\"0 0 12 12\">\n\t\t\t\t<path fill=\"#fff\" d=\"M2 0a2 2 0 0 0-2 2v2h1.5V2a.5.5 0 0 1 .5-.5h2V0H2Zm2 10.5H2a.5.5 0 0 1-.5-.5V8H0v2a2 2 0 0 0 2 2h2v-1.5ZM8 12v-1.5h2a.5.5 0 0 0 .5-.5V8H12v2a2 2 0 0 1-2 2H8Zm2-12a2 2 0 0 1 2 2v2h-1.5V2a.5.5 0 0 0-.5-.5H8V0h2Z\" \/>\n\t\t\t<\/svg>\n\t\t<\/button><figcaption class=\"wp-element-caption\">Foto: Centro Cultural Banco do Brasil (CCBB) \/ Google Maps<\/figcaption><\/figure>\n\n\n\n<h3 class=\"wp-block-heading\"><span class=\"ez-toc-section\" id=\"17_Centro_Cultural_Banco_do_Brasil_CCBB\"><\/span>17. Centro Cultural Banco do Brasil (CCBB)<span class=\"ez-toc-section-end\"><\/span><\/h3>\n\n\n\n<p class=\"wp-block-paragraph\">Im gesch\u00e4ftigen Gesch\u00e4ftsherzen der Stadt befindet sich eines der meistbesuchten und bestbewerteten Kulturzentren der Welt. <strong>Das Centro Cultural Banco do Brasil residiert in einem atemberaubenden neoklassizistischen Geb\u00e4ude aus dem Jahr 1906<\/strong>, das fr\u00fcher als Hauptsitz einer m\u00e4chtigen Bank diente und heute die prestigetr\u00e4chtigsten internationalen Ausstellungen beherbergt. Schon der blo\u00dfe Eintritt in die riesige Halle mit der verglasten Kuppel und den verzierten Marmortreppen ist ein \u00fcberw\u00e4ltigendes Erlebnis, das dich in die Zeit des gr\u00f6\u00dften Wohlstands versetzt.<\/p>\n\n\n\n<p class=\"wp-block-paragraph\">Neben umfangreichen Kunstgalerien bietet dieser riesige Komplex auch ein eigenes Kino, Theaters\u00e4le und mehrere Etagen st\u00e4ndig wechselnder Expositionen. <strong>Das Beste am gesamten Zentrum ist, dass der Eintritt zur \u00fcberw\u00e4ltigenden Mehrheit der Ausstellungen und ins Geb\u00e4ude selbst v\u00f6llig kostenlos ist<\/strong>, was es zu einem unglaublich zug\u00e4nglichen Ort f\u00fcr alle Kulturliebhaber macht. Das Programm ist immer sorgf\u00e4ltig zusammengestellt und oft findest du hier faszinierende Retrospektiven ber\u00fchmter internationaler und brasilianischer K\u00fcnstler.<\/p>\n\n\n\n<p class=\"wp-block-paragraph\">\ud83d\udca1 Tipp: <strong>Nach der Besichtigung der Ausstellungen kehr im historischen Caf\u00e9 im Erdgeschoss ein<\/strong>, das die urspr\u00fcngliche Bankeinrichtung bewahrt hat, und g\u00f6nn dir einen kr\u00e4ftigen brasilianischen Espresso. Das Geb\u00e4ude befindet sich im Stadtzentrum, das sich nach Feierabend schnell leert, komm deshalb grunds\u00e4tzlich tags\u00fcber hierher und meide abendliche Spazierg\u00e4nge in der Umgebung lieber.<\/p>\n\n\n\n<figure data-wp-context=\"{&quot;imageId&quot;:&quot;6a9c73be643a7&quot;}\" data-wp-interactive=\"core\/image\" data-wp-key=\"6a9c73be643a7\" class=\"wp-block-image size-full wp-lightbox-container\"><img decoding=\"async\" width=\"490\" height=\"480\" data-wp-class--hide=\"state.isContentHidden\" data-wp-class--show=\"state.isContentVisible\" data-wp-init=\"callbacks.setButtonStyles\" data-wp-on--click=\"actions.showLightbox\" data-wp-on--load=\"callbacks.setButtonStyles\" data-wp-on--pointerdown=\"actions.preloadImage\" data-wp-on--pointerenter=\"actions.preloadImageWithDelay\" data-wp-on--pointerleave=\"actions.cancelPreload\" data-wp-on-window--resize=\"callbacks.setButtonStyles\" src=\"https:\/\/loudavymkrokem.cz\/wp-content\/uploads\/2026\/09\/theatro-municipal-do-rio-de-janeiro.jpg\" alt=\"Theatro Municipal do Rio de Janeiro\" class=\"wp-image-413233\" title=\"\" srcset=\"https:\/\/loudavymkrokem.cz\/wp-content\/uploads\/2026\/09\/theatro-municipal-do-rio-de-janeiro.jpg 490w, https:\/\/loudavymkrokem.cz\/wp-content\/uploads\/2026\/09\/theatro-municipal-do-rio-de-janeiro-300x294.jpg 300w\" sizes=\"(max-width: 490px) 100vw, 490px\" \/><button\n\t\t\tclass=\"lightbox-trigger\"\n\t\t\ttype=\"button\"\n\t\t\taria-haspopup=\"dialog\"\n\t\t\tdata-wp-bind--aria-label=\"state.thisImage.triggerButtonAriaLabel\"\n\t\t\tdata-wp-init=\"callbacks.initTriggerButton\"\n\t\t\tdata-wp-on--click=\"actions.showLightbox\"\n\t\t\tdata-wp-style--right=\"state.thisImage.buttonRight\"\n\t\t\tdata-wp-style--top=\"state.thisImage.buttonTop\"\n\t\t>\n\t\t\t<svg xmlns=\"http:\/\/www.w3.org\/2000\/svg\" width=\"12\" height=\"12\" fill=\"none\" viewBox=\"0 0 12 12\">\n\t\t\t\t<path fill=\"#fff\" d=\"M2 0a2 2 0 0 0-2 2v2h1.5V2a.5.5 0 0 1 .5-.5h2V0H2Zm2 10.5H2a.5.5 0 0 1-.5-.5V8H0v2a2 2 0 0 0 2 2h2v-1.5ZM8 12v-1.5h2a.5.5 0 0 0 .5-.5V8H12v2a2 2 0 0 1-2 2H8Zm2-12a2 2 0 0 1 2 2v2h-1.5V2a.5.5 0 0 0-.5-.5H8V0h2Z\" \/>\n\t\t\t<\/svg>\n\t\t<\/button><figcaption class=\"wp-element-caption\">Foto: Ralph Schmidt \/ Google Maps<\/figcaption><\/figure>\n\n\n\n<h3 class=\"wp-block-heading\"><span class=\"ez-toc-section\" id=\"18_Theatro_Municipal_do_Rio_de_Janeiro\"><\/span>18. Theatro Municipal do Rio de Janeiro<span class=\"ez-toc-section-end\"><\/span><\/h3>\n\n\n\n<p class=\"wp-block-paragraph\">Am Platz Cinel\u00e2ndia steht ein Geb\u00e4ude, das mit seinem Aussehen deutlich auf den enormen europ\u00e4ischen Einfluss in der Geschichte der Stadt verweist. <strong>Das <a href=\"http:\/\/theatromunicipal.rj.gov.br\/\" rel=\"nofollow noopener\" target=\"_blank\">Theatro Municipal<\/a> ist ein prunkvolles Theater aus dem Jahr 1909 im Pariser Stil<\/strong>, das als Hauptb\u00fchne f\u00fcr Ballett-, Opern- und klassische Musikauff\u00fchrungen in ganz Brasilien dient. Seine Fassade ist reich mit Gold, massiven S\u00e4ulen und komplexen Skulpturen verziert, wodurch es zu den sch\u00f6nsten Bauwerken des ganzen Landes geh\u00f6rt.<\/p>\n\n\n\n<p class=\"wp-block-paragraph\">Auch wenn du gerade keine Abendvorstellung besuchen willst, ist das Interieur dieses Geb\u00e4udes definitiv deine Aufmerksamkeit wert. <strong>Du kannst an einer organisierten F\u00fchrung teilnehmen, die dich durch das \u00fcberw\u00e4ltigende Foyer, den Zuschauerraum und die luxuri\u00f6sen S\u00e4le f\u00fchrt<\/strong>, die mit pr\u00e4chtigen Buntglasfenstern und Wandmalereien geschm\u00fcckt sind. Es ist ein riesiger Kontrast zur entspannten Strandkultur, der dir Rio als stolze Stadt mit einer tiefen intellektuellen Tradition zeigt.<\/p>\n\n\n\n<p class=\"wp-block-paragraph\">\ud83d\udca1 Tipp: <strong>Vor dem Theater versammeln sich oft Stra\u00dfenk\u00fcnstler und Musiker<\/strong>, sodass der Platz Cinel\u00e2ndia selbst ein tolles kostenloses Schauspiel bietet. Wenn du doch eine Vorstellung erleben m\u00f6chtest, sind Ballettkarten zu sehr annehmbaren Preisen zu haben, erfordern aber zumindest grundlegende festliche Kleidung \u2013 Flip-Flops vom Strand kommen hier nicht durch.<\/p>\n\n\n\n<figure data-wp-context=\"{&quot;imageId&quot;:&quot;6a9c73be648c8&quot;}\" data-wp-interactive=\"core\/image\" data-wp-key=\"6a9c73be648c8\" class=\"wp-block-image size-full wp-lightbox-container\"><img decoding=\"async\" width=\"1600\" height=\"1200\" data-wp-class--hide=\"state.isContentHidden\" data-wp-class--show=\"state.isContentVisible\" data-wp-init=\"callbacks.setButtonStyles\" data-wp-on--click=\"actions.showLightbox\" data-wp-on--load=\"callbacks.setButtonStyles\" data-wp-on--pointerdown=\"actions.preloadImage\" data-wp-on--pointerenter=\"actions.preloadImageWithDelay\" data-wp-on--pointerleave=\"actions.cancelPreload\" data-wp-on-window--resize=\"callbacks.setButtonStyles\" src=\"https:\/\/loudavymkrokem.cz\/wp-content\/uploads\/2026\/09\/catedral-metropolitana-de-s-o-sebasti-o.jpg\" alt=\"Catedral Metropolitana de S\u00e3o Sebasti\u00e3o\" class=\"wp-image-413238\" title=\"\" srcset=\"https:\/\/loudavymkrokem.cz\/wp-content\/uploads\/2026\/09\/catedral-metropolitana-de-s-o-sebasti-o.jpg 1600w, https:\/\/loudavymkrokem.cz\/wp-content\/uploads\/2026\/09\/catedral-metropolitana-de-s-o-sebasti-o-300x225.jpg 300w, https:\/\/loudavymkrokem.cz\/wp-content\/uploads\/2026\/09\/catedral-metropolitana-de-s-o-sebasti-o-700x525.jpg 700w, https:\/\/loudavymkrokem.cz\/wp-content\/uploads\/2026\/09\/catedral-metropolitana-de-s-o-sebasti-o-768x576.jpg 768w, https:\/\/loudavymkrokem.cz\/wp-content\/uploads\/2026\/09\/catedral-metropolitana-de-s-o-sebasti-o-1536x1152.jpg 1536w, https:\/\/loudavymkrokem.cz\/wp-content\/uploads\/2026\/09\/catedral-metropolitana-de-s-o-sebasti-o-80x60.jpg 80w, https:\/\/loudavymkrokem.cz\/wp-content\/uploads\/2026\/09\/catedral-metropolitana-de-s-o-sebasti-o-160x120.jpg 160w, https:\/\/loudavymkrokem.cz\/wp-content\/uploads\/2026\/09\/catedral-metropolitana-de-s-o-sebasti-o-696x522.jpg 696w, https:\/\/loudavymkrokem.cz\/wp-content\/uploads\/2026\/09\/catedral-metropolitana-de-s-o-sebasti-o-1392x1044.jpg 1392w\" sizes=\"(max-width: 1600px) 100vw, 1600px\" \/><button\n\t\t\tclass=\"lightbox-trigger\"\n\t\t\ttype=\"button\"\n\t\t\taria-haspopup=\"dialog\"\n\t\t\tdata-wp-bind--aria-label=\"state.thisImage.triggerButtonAriaLabel\"\n\t\t\tdata-wp-init=\"callbacks.initTriggerButton\"\n\t\t\tdata-wp-on--click=\"actions.showLightbox\"\n\t\t\tdata-wp-style--right=\"state.thisImage.buttonRight\"\n\t\t\tdata-wp-style--top=\"state.thisImage.buttonTop\"\n\t\t>\n\t\t\t<svg xmlns=\"http:\/\/www.w3.org\/2000\/svg\" width=\"12\" height=\"12\" fill=\"none\" viewBox=\"0 0 12 12\">\n\t\t\t\t<path fill=\"#fff\" d=\"M2 0a2 2 0 0 0-2 2v2h1.5V2a.5.5 0 0 1 .5-.5h2V0H2Zm2 10.5H2a.5.5 0 0 1-.5-.5V8H0v2a2 2 0 0 0 2 2h2v-1.5ZM8 12v-1.5h2a.5.5 0 0 0 .5-.5V8H12v2a2 2 0 0 1-2 2H8Zm2-12a2 2 0 0 1 2 2v2h-1.5V2a.5.5 0 0 0-.5-.5H8V0h2Z\" \/>\n\t\t\t<\/svg>\n\t\t<\/button><figcaption class=\"wp-element-caption\">Foto: Roberto Fernandes \/ Google Maps<\/figcaption><\/figure>\n\n\n\n<h3 class=\"wp-block-heading\"><span class=\"ez-toc-section\" id=\"19_Catedral_Metropolitana_de_Sao_Sebastiao\"><\/span>19. Catedral Metropolitana de S\u00e3o Sebasti\u00e3o<span class=\"ez-toc-section-end\"><\/span><\/h3>\n\n\n\n<p class=\"wp-block-paragraph\">Liebhaber ungew\u00f6hnlicher Architektur sollten definitiv nicht das Bauwerk auslassen, das auf den ersten Blick \u00fcberhaupt nicht wie ein christlicher Tempel aussieht. <strong>Die Catedral Metropolitana ist eine moderne Betonkathedrale in Form einer riesigen Maya-Pyramide<\/strong>, die 1979 feierlich er\u00f6ffnet wurde und die ungew\u00f6hnlichste Kirche darstellt, die du in Lateinamerika sehen wirst. Ihr grauer Au\u00dfenbau wirkt zwar etwas n\u00fcchtern und massiv, aber der wahre Zauber verbirgt sich im Inneren.<\/p>\n\n\n\n<p class=\"wp-block-paragraph\">Sobald du die Schwelle dieses f\u00fcnfundsiebzig Meter hohen Geb\u00e4udes \u00fcberschreitest, befindest du dich in einem riesigen, sonnendurchfluteten Raum ohne eine einzige St\u00fctzs\u00e4ule. <strong>Vom Boden bis zur Decke ziehen sich vier gigantische Fenster aus buntem Glas, die ein \u00fcberw\u00e4ltigendes Lichtkreuz bilden<\/strong> und im Inneren eine unglaublich spirituelle und mystische Atmosph\u00e4re erzeugen. Die Kathedrale fasst unglaubliche zwanzigtausend Gl\u00e4ubige und ihre Akustik beim Chorgesang ist absolut ph\u00e4nomenal.<\/p>\n\n\n\n<p class=\"wp-block-paragraph\">\ud83d\udca1 Tipp: <strong>Beim Fotografieren des Interieurs stell dich genau in die Mitte des Bodens und richte das Objektiv senkrecht nach oben<\/strong>, so bekommst du eine perfekte symmetrische Aufnahme des bunten Kreuzes an der Decke. Der Besuch der Kathedrale ist schnell und du verbindest ihn leicht mit der Besichtigung des nahegelegenen Aqu\u00e4dukts Arcos da Lapa, das nur wenige Gehminuten entfernt liegt.<\/p>\n\n\n\n<figure data-wp-context=\"{&quot;imageId&quot;:&quot;6a9c73be64dd3&quot;}\" data-wp-interactive=\"core\/image\" data-wp-key=\"6a9c73be64dd3\" class=\"wp-block-image size-full wp-lightbox-container\"><img decoding=\"async\" width=\"1600\" height=\"1628\" data-wp-class--hide=\"state.isContentHidden\" data-wp-class--show=\"state.isContentVisible\" data-wp-init=\"callbacks.setButtonStyles\" data-wp-on--click=\"actions.showLightbox\" data-wp-on--load=\"callbacks.setButtonStyles\" data-wp-on--pointerdown=\"actions.preloadImage\" data-wp-on--pointerenter=\"actions.preloadImageWithDelay\" data-wp-on--pointerleave=\"actions.cancelPreload\" data-wp-on-window--resize=\"callbacks.setButtonStyles\" src=\"https:\/\/loudavymkrokem.cz\/wp-content\/uploads\/2026\/09\/museu-da-rep-blica.jpg\" alt=\"Museu da Rep\u00fablica (Pal\u00e1cio do Catete)\" class=\"wp-image-413242\" title=\"\" srcset=\"https:\/\/loudavymkrokem.cz\/wp-content\/uploads\/2026\/09\/museu-da-rep-blica.jpg 1600w, https:\/\/loudavymkrokem.cz\/wp-content\/uploads\/2026\/09\/museu-da-rep-blica-295x300.jpg 295w, https:\/\/loudavymkrokem.cz\/wp-content\/uploads\/2026\/09\/museu-da-rep-blica-700x712.jpg 700w, https:\/\/loudavymkrokem.cz\/wp-content\/uploads\/2026\/09\/museu-da-rep-blica-768x781.jpg 768w, https:\/\/loudavymkrokem.cz\/wp-content\/uploads\/2026\/09\/museu-da-rep-blica-1510x1536.jpg 1510w, https:\/\/loudavymkrokem.cz\/wp-content\/uploads\/2026\/09\/museu-da-rep-blica-696x708.jpg 696w, https:\/\/loudavymkrokem.cz\/wp-content\/uploads\/2026\/09\/museu-da-rep-blica-1392x1416.jpg 1392w\" sizes=\"(max-width: 1600px) 100vw, 1600px\" \/><button\n\t\t\tclass=\"lightbox-trigger\"\n\t\t\ttype=\"button\"\n\t\t\taria-haspopup=\"dialog\"\n\t\t\tdata-wp-bind--aria-label=\"state.thisImage.triggerButtonAriaLabel\"\n\t\t\tdata-wp-init=\"callbacks.initTriggerButton\"\n\t\t\tdata-wp-on--click=\"actions.showLightbox\"\n\t\t\tdata-wp-style--right=\"state.thisImage.buttonRight\"\n\t\t\tdata-wp-style--top=\"state.thisImage.buttonTop\"\n\t\t>\n\t\t\t<svg xmlns=\"http:\/\/www.w3.org\/2000\/svg\" width=\"12\" height=\"12\" fill=\"none\" viewBox=\"0 0 12 12\">\n\t\t\t\t<path fill=\"#fff\" d=\"M2 0a2 2 0 0 0-2 2v2h1.5V2a.5.5 0 0 1 .5-.5h2V0H2Zm2 10.5H2a.5.5 0 0 1-.5-.5V8H0v2a2 2 0 0 0 2 2h2v-1.5ZM8 12v-1.5h2a.5.5 0 0 0 .5-.5V8H12v2a2 2 0 0 1-2 2H8Zm2-12a2 2 0 0 1 2 2v2h-1.5V2a.5.5 0 0 0-.5-.5H8V0h2Z\" \/>\n\t\t\t<\/svg>\n\t\t<\/button><figcaption class=\"wp-element-caption\">Foto: Fabio Alves \/ Google Maps<\/figcaption><\/figure>\n\n\n\n<h3 class=\"wp-block-heading\"><span class=\"ez-toc-section\" id=\"20_Museu_da_Republica_Palacio_do_Catete\"><\/span>20. Museu da Rep\u00fablica (Pal\u00e1cio do Catete)<span class=\"ez-toc-section-end\"><\/span><\/h3>\n\n\n\n<p class=\"wp-block-paragraph\">Um die komplexe politische Geschichte dieses riesigen Landes zu verstehen, ist der Besuch der ehemaligen Pr\u00e4sidentenresidenz absolut unerl\u00e4sslich. <strong>Das Museu da Rep\u00fablica residiert im prunkvollen Palast Pal\u00e1cio do Catete, der als Sitz der brasilianischen Pr\u00e4sidenten diente<\/strong>, bis 1960 die Hauptstadt in das neu erbaute Bras\u00edlia verlegt wurde. Der Palast ist ein Beispiel f\u00fcr unglaublichen Luxus, seine S\u00e4le sind mit seltenen H\u00f6lzern, venezianischen Spiegeln und riesigen Kristalll\u00fcstern geschm\u00fcckt.<\/p>\n\n\n\n<p class=\"wp-block-paragraph\">Die Ausstellung f\u00fchrt dich durch alle Schl\u00fcsselmomente der brasilianischen Republik, von ihrer Ausrufung bis zu den dramatischen Ereignissen des zwanzigsten Jahrhunderts. Am meisten trifft dich dort das erhaltene Zimmer von Pr\u00e4sident Get\u00falio Vargas, der hier 1954 Selbstmord beging \u2013 das Museum stellt sogar seinen Abschiedsbrief aus, und es ist einer jener Orte, an denen die Geschichte pl\u00f6tzlich sehr konkret wird. Hinter dem Palast erstrecken sich au\u00dferdem weitl\u00e4ufige franz\u00f6sische G\u00e4rten voller hoher Palmen und k\u00fcnstlicher Teiche, die angenehmen Schatten zum Ausruhen bieten.<\/p>\n\n\n\n<p class=\"wp-block-paragraph\">\ud83d\udca1 Tipp: <strong>Der Eintritt in die wundersch\u00f6nen hinteren G\u00e4rten ist v\u00f6llig kostenlos und die Einheimischen nutzen sie rege zum Spazieren und Entspannen<\/strong>, auch wenn du also keine Lust auf Geschichte im Museum hast, lass die G\u00e4rten auf keinen Fall aus. Sie befinden sich direkt an der U-Bahn-Station Catete, sodass die Erreichbarkeit von den Strandvierteln im S\u00fcden der Stadt absolut problemlos und schnell ist.<\/p>\n\n\n\n<figure data-wp-context=\"{&quot;imageId&quot;:&quot;6a9c73be6529c&quot;}\" data-wp-interactive=\"core\/image\" data-wp-key=\"6a9c73be6529c\" class=\"wp-block-image size-full wp-lightbox-container\"><img decoding=\"async\" width=\"1600\" height=\"1200\" data-wp-class--hide=\"state.isContentHidden\" data-wp-class--show=\"state.isContentVisible\" data-wp-init=\"callbacks.setButtonStyles\" data-wp-on--click=\"actions.showLightbox\" data-wp-on--load=\"callbacks.setButtonStyles\" data-wp-on--pointerdown=\"actions.preloadImage\" data-wp-on--pointerenter=\"actions.preloadImageWithDelay\" data-wp-on--pointerleave=\"actions.cancelPreload\" data-wp-on-window--resize=\"callbacks.setButtonStyles\" src=\"https:\/\/loudavymkrokem.cz\/wp-content\/uploads\/2026\/09\/espa-o-cultural-da-marinha.jpg\" alt=\"Espa\u00e7o Cultural da Marinha\" class=\"wp-image-413243\" title=\"\" srcset=\"https:\/\/loudavymkrokem.cz\/wp-content\/uploads\/2026\/09\/espa-o-cultural-da-marinha.jpg 1600w, https:\/\/loudavymkrokem.cz\/wp-content\/uploads\/2026\/09\/espa-o-cultural-da-marinha-300x225.jpg 300w, https:\/\/loudavymkrokem.cz\/wp-content\/uploads\/2026\/09\/espa-o-cultural-da-marinha-700x525.jpg 700w, https:\/\/loudavymkrokem.cz\/wp-content\/uploads\/2026\/09\/espa-o-cultural-da-marinha-768x576.jpg 768w, https:\/\/loudavymkrokem.cz\/wp-content\/uploads\/2026\/09\/espa-o-cultural-da-marinha-1536x1152.jpg 1536w, https:\/\/loudavymkrokem.cz\/wp-content\/uploads\/2026\/09\/espa-o-cultural-da-marinha-80x60.jpg 80w, https:\/\/loudavymkrokem.cz\/wp-content\/uploads\/2026\/09\/espa-o-cultural-da-marinha-160x120.jpg 160w, https:\/\/loudavymkrokem.cz\/wp-content\/uploads\/2026\/09\/espa-o-cultural-da-marinha-696x522.jpg 696w, https:\/\/loudavymkrokem.cz\/wp-content\/uploads\/2026\/09\/espa-o-cultural-da-marinha-1392x1044.jpg 1392w\" sizes=\"(max-width: 1600px) 100vw, 1600px\" \/><button\n\t\t\tclass=\"lightbox-trigger\"\n\t\t\ttype=\"button\"\n\t\t\taria-haspopup=\"dialog\"\n\t\t\tdata-wp-bind--aria-label=\"state.thisImage.triggerButtonAriaLabel\"\n\t\t\tdata-wp-init=\"callbacks.initTriggerButton\"\n\t\t\tdata-wp-on--click=\"actions.showLightbox\"\n\t\t\tdata-wp-style--right=\"state.thisImage.buttonRight\"\n\t\t\tdata-wp-style--top=\"state.thisImage.buttonTop\"\n\t\t>\n\t\t\t<svg xmlns=\"http:\/\/www.w3.org\/2000\/svg\" width=\"12\" height=\"12\" fill=\"none\" viewBox=\"0 0 12 12\">\n\t\t\t\t<path fill=\"#fff\" d=\"M2 0a2 2 0 0 0-2 2v2h1.5V2a.5.5 0 0 1 .5-.5h2V0H2Zm2 10.5H2a.5.5 0 0 1-.5-.5V8H0v2a2 2 0 0 0 2 2h2v-1.5ZM8 12v-1.5h2a.5.5 0 0 0 .5-.5V8H12v2a2 2 0 0 1-2 2H8Zm2-12a2 2 0 0 1 2 2v2h-1.5V2a.5.5 0 0 0-.5-.5H8V0h2Z\" \/>\n\t\t\t<\/svg>\n\t\t<\/button><figcaption class=\"wp-element-caption\">Foto: Heber iba\u00f1ez \/ Google Maps<\/figcaption><\/figure>\n\n\n\n<h3 class=\"wp-block-heading\"><span class=\"ez-toc-section\" id=\"21_Espaco_Cultural_da_Marinha\"><\/span>21. Espa\u00e7o Cultural da Marinha<span class=\"ez-toc-section-end\"><\/span><\/h3>\n\n\n\n<p class=\"wp-block-paragraph\">Wenn du dich im historischen Zentrum in Hafenn\u00e4he bewegst, st\u00f6\u00dft du auf ein faszinierendes Museum, das nicht nur Fans der Milit\u00e4rgeschichte zu sch\u00e4tzen wissen. <strong>Das Espa\u00e7o Cultural da Marinha ist ein umfangreiches Marinemuseum, das dir einen Einblick in die reiche maritime Tradition Brasiliens erm\u00f6glicht<\/strong>, eines Landes mit einer der l\u00e4ngsten K\u00fcsten der Welt. Die Au\u00dfenexposition ist voll von historischen Kanonen, alten Torpedos und riesigen Ankern, die entlang der sonnendurchfluteten Uferpromenade verstreut sind.<\/p>\n\n\n\n<p class=\"wp-block-paragraph\">Die gr\u00f6\u00dfte Attraktion des gesamten Areals sind jedoch echte Schiffe, in denen du vom Unterdeck bis zur Kapit\u00e4nsbr\u00fccke herumklettern kannst. <strong>Das gr\u00f6\u00dfte Erlebnis bietet die Besichtigung des ausgemusterten Milit\u00e4r-U-Boots Riachuelo und einer originalgetreuen Replik eines alten Entdeckerschiffs<\/strong>, die zeigt, unter wie beengten Bedingungen die ersten Europ\u00e4er an die K\u00fcsten S\u00fcdamerikas gelangten. Von hier aus fahren auch Ausflugsboote zu Rundfahrten durch die Guanabara-Bucht ab, die einen sch\u00f6nen Blick auf die Stadt von der Wasseroberfl\u00e4che bieten.<\/p>\n\n\n\n<p class=\"wp-block-paragraph\">\ud83d\udca1 Tipp: <strong>Die Bootsfahrt durch die Bucht von diesem Hafen aus ist deutlich g\u00fcnstiger und authentischer als die \u00fcberteuerten Touristenboote, die vom S\u00fcden der Stadt ablegen.<\/strong> Vergiss aber nicht, eine starke Sonnencreme und einen Hut mitzunehmen, denn an Bord der alten Schiffe und U-Boote sch\u00fctzt dich rein gar nichts vor der brennenden brasilianischen Sonne und die Metalldecks werden oft sehr hei\u00df.<\/p>\n\n\n\n<figure data-wp-context=\"{&quot;imageId&quot;:&quot;6a9c73be657e5&quot;}\" data-wp-interactive=\"core\/image\" data-wp-key=\"6a9c73be657e5\" class=\"wp-block-image size-full wp-lightbox-container\"><img decoding=\"async\" width=\"1200\" height=\"800\" data-wp-class--hide=\"state.isContentHidden\" data-wp-class--show=\"state.isContentVisible\" data-wp-init=\"callbacks.setButtonStyles\" data-wp-on--click=\"actions.showLightbox\" data-wp-on--load=\"callbacks.setButtonStyles\" data-wp-on--pointerdown=\"actions.preloadImage\" data-wp-on--pointerenter=\"actions.preloadImageWithDelay\" data-wp-on--pointerleave=\"actions.cancelPreload\" data-wp-on-window--resize=\"callbacks.setButtonStyles\" src=\"https:\/\/loudavymkrokem.cz\/wp-content\/uploads\/2026\/09\/praia-vermelha-pod-cukrovou-homol.jpg\" alt=\"Strand Praia Vermelha unter dem Zuckerhut\" class=\"wp-image-413245\" title=\"\" srcset=\"https:\/\/loudavymkrokem.cz\/wp-content\/uploads\/2026\/09\/praia-vermelha-pod-cukrovou-homol.jpg 1200w, https:\/\/loudavymkrokem.cz\/wp-content\/uploads\/2026\/09\/praia-vermelha-pod-cukrovou-homol-300x200.jpg 300w, https:\/\/loudavymkrokem.cz\/wp-content\/uploads\/2026\/09\/praia-vermelha-pod-cukrovou-homol-700x467.jpg 700w, https:\/\/loudavymkrokem.cz\/wp-content\/uploads\/2026\/09\/praia-vermelha-pod-cukrovou-homol-768x512.jpg 768w, https:\/\/loudavymkrokem.cz\/wp-content\/uploads\/2026\/09\/praia-vermelha-pod-cukrovou-homol-696x464.jpg 696w\" sizes=\"(max-width: 1200px) 100vw, 1200px\" \/><button\n\t\t\tclass=\"lightbox-trigger\"\n\t\t\ttype=\"button\"\n\t\t\taria-haspopup=\"dialog\"\n\t\t\tdata-wp-bind--aria-label=\"state.thisImage.triggerButtonAriaLabel\"\n\t\t\tdata-wp-init=\"callbacks.initTriggerButton\"\n\t\t\tdata-wp-on--click=\"actions.showLightbox\"\n\t\t\tdata-wp-style--right=\"state.thisImage.buttonRight\"\n\t\t\tdata-wp-style--top=\"state.thisImage.buttonTop\"\n\t\t>\n\t\t\t<svg xmlns=\"http:\/\/www.w3.org\/2000\/svg\" width=\"12\" height=\"12\" fill=\"none\" viewBox=\"0 0 12 12\">\n\t\t\t\t<path fill=\"#fff\" d=\"M2 0a2 2 0 0 0-2 2v2h1.5V2a.5.5 0 0 1 .5-.5h2V0H2Zm2 10.5H2a.5.5 0 0 1-.5-.5V8H0v2a2 2 0 0 0 2 2h2v-1.5ZM8 12v-1.5h2a.5.5 0 0 0 .5-.5V8H12v2a2 2 0 0 1-2 2H8Zm2-12a2 2 0 0 1 2 2v2h-1.5V2a.5.5 0 0 0-.5-.5H8V0h2Z\" \/>\n\t\t\t<\/svg>\n\t\t<\/button><figcaption class=\"wp-element-caption\">Foto: Carlos Alberto do Amaral \/ Google Maps<\/figcaption><\/figure>\n\n\n\n<h3 class=\"wp-block-heading\"><span class=\"ez-toc-section\" id=\"22_Strand_Praia_Vermelha_unter_dem_Zuckerhut\"><\/span>22. Strand Praia Vermelha unter dem Zuckerhut<span class=\"ez-toc-section-end\"><\/span><\/h3>\n\n\n\n<p class=\"wp-block-paragraph\">Zum kr\u00f6nenden Abschluss unserer Liste haben wir uns einen kleinen, aber umso sch\u00f6neren Strand aufgehoben, der ein v\u00f6llig anderes Erlebnis bietet als die endlosen Sandstreifen der Copacabana. <strong>Die Praia Vermelha, der Rote Strand, liegt versteckt in einer ruhigen Bucht direkt am Fu\u00dfe des majest\u00e4tischen Zuckerhuts<\/strong>, der sich wie eine gewaltige Steinmauer \u00fcber ihr erhebt. Ihr Name leitet sich vom gr\u00f6beren, r\u00f6tlichen Sand ab, der beim Sonnenuntergang einen wundersch\u00f6nen warmen Farbton annimmt.<\/p>\n\n\n\n<p class=\"wp-block-paragraph\">Die Bucht ist vor den starken Meeresstr\u00f6mungen gesch\u00fctzt, sodass das Wasser hier unglaublich ruhig und sicher ist, was sie zum idealen Ort f\u00fcr Familien und gem\u00fctliches Schwimmen macht. <strong>Dank des Fehlens gro\u00dfer Wellen ist es auch eine perfekte Lage, um ein Paddleboard oder ein Meereskajak zu mieten<\/strong>, von dem aus du die umliegenden steilen Felsen aus einer v\u00f6llig neuen Perspektive bewundern kannst. Der Strand ist sehr klein und gem\u00fctlich, umgeben von gr\u00fcnen B\u00e4umen, und bietet eine viel intimere Atmosph\u00e4re als die gro\u00dfen Nachbarstr\u00e4nde.<\/p>\n\n\n\n<p class=\"wp-block-paragraph\">\ud83d\udca1 Tipp: <strong>Vom linken Rand des Strandes beginnt der wundersch\u00f6ne, befestigte Pfad Pista Cl\u00e1udio Coutinho, der sich dicht an den Klippen \u00fcber dem Meer durch den Regenwald windet.<\/strong> Es ist ein wunderbarer Ort f\u00fcr einen einfachen Spaziergang, bei dem du mit hoher Wahrscheinlichkeit freche Krallen\u00e4ffchen triffst \u2013 denk nur daran, dass das F\u00fcttern von Wildtieren im ganzen Park streng verboten ist, egal wie niedlich sie aussehen. Der Ausflug zu diesem Strand l\u00e4sst sich ideal mit dem Besuch des Zuckerhuts selbst verbinden \u2013 die Talstation der Seilbahn liegt gleich gegen\u00fcber.<\/p>\n\n\n\n<h2 class=\"wp-block-heading\"><span class=\"ez-toc-section\" id=\"Wohin_von_Rio_de_Janeiro_aus_weiter\"><\/span>Wohin von Rio de Janeiro aus weiter<span class=\"ez-toc-section-end\"><\/span><\/h2>\n\n\n\n<p class=\"wp-block-paragraph\">Brasilien ist ein riesiges Land und Rio de Janeiro ist oft nur die erste Station auf deiner S\u00fcdamerika-Reise. Wenn du dich <strong>tiefer in die Planung deiner Unterkunft vertiefen m\u00f6chtest<\/strong>, haben wir f\u00fcr dich einen ausf\u00fchrlicheren Ratgeber <a href=\"https:\/\/loudavymkrokem.cz\/de\/unterkunft-rio-de-janeiro\/\">Wo man in Rio de Janeiro wohnt<\/a> zusammengestellt. Darin erf\u00e4hrst du die detaillierten Unterschiede zwischen den einzelnen Vierteln im S\u00fcden der Stadt und w\u00e4hlst so leichter die beste Lage.<\/p>\n\n\n\n<p class=\"wp-block-paragraph\">Die meisten Reisenden ziehen anschlie\u00dfend in die gr\u00f6\u00dfte Metropole der gesamten S\u00fcdhalbkugel weiter, die ein <strong>v\u00f6llig anderes, sehr urbanes Erlebnis<\/strong> bietet. F\u00fcr einen reibungslosen Umzug empfehle ich einen Blick in den Artikel <a href=\"https:\/\/loudavymkrokem.cz\/de\/?p=412732\">Was man in S\u00e3o Paulo sehen sollte<\/a>, wo du Tipps f\u00fcr die besten Museen, Parks und Wolkenkratzer-Aussichten findest. Praktische Ratschl\u00e4ge f\u00fcr die Wahl einer sicheren Lage in dieser riesigen Business-Stadt bietet dann unser Ratgeber <a href=\"https:\/\/loudavymkrokem.cz\/de\/?p=412738\">Wo man in S\u00e3o Paulo wohnt<\/a>.<\/p>\n\n\n\n<h2 class=\"wp-block-heading\"><span class=\"ez-toc-section\" id=\"Haeufig_gestellte_Fragen\"><\/span>H\u00e4ufig gestellte Fragen<span class=\"ez-toc-section-end\"><\/span><\/h2>\n\n\n<div id=\"rank-math-faq\" class=\"rank-math-block\">\n<div class=\"rank-math-list \">\n<div id=\"faq-question-1788283109000\" class=\"rank-math-list-item\">\n<h3 class=\"rank-math-question \"><span class=\"ez-toc-section\" id=\"Ist_Rio_de_Janeiro_sicher_fuer_Touristen\"><\/span>Ist Rio de Janeiro sicher f\u00fcr Touristen?<span class=\"ez-toc-section-end\"><\/span><\/h3>\n<div class=\"rank-math-answer \">\n\n<p>Wenn Sie sich im <strong>touristischen Sicherheitsg\u00fcrtel rund um die Viertel Ipanema und Leblon<\/strong> aufhalten, werden Sie h\u00f6chstwahrscheinlich keine Probleme haben. Tags\u00fcber ist es auch an der Copacabana sicher, aber nach Einbruch der Dunkelheit sollten Sie Spazierg\u00e4nge am Strand und durch leere Stra\u00dfen im Zentrum vermeiden. <strong>Nutzen Sie grunds\u00e4tzlich Uber<\/strong> und tragen Sie keine teuren Schmuckst\u00fccke oder Telefone zur Schau.<\/p>\n\n<\/div>\n<\/div>\n<div id=\"faq-question-1788283109001\" class=\"rank-math-list-item\">\n<h3 class=\"rank-math-question \"><span class=\"ez-toc-section\" id=\"Wie_viele_Tage_brauche_ich_fuer_einen_Besuch_in_Rio\"><\/span>Wie viele Tage brauche ich f\u00fcr einen Besuch in Rio?<span class=\"ez-toc-section-end\"><\/span><\/h3>\n<div class=\"rank-math-answer \">\n\n<p>Die ideale Zeit, um die Stadt kennenzulernen, sind <strong>vier bis f\u00fcnf volle Tage<\/strong>, was Ihnen genug Raum f\u00fcr Sehensw\u00fcrdigkeiten und Entspannung am Strand gibt. Planen Sie aber immer mindestens <strong>zwei Tage als Zeitreserve ein<\/strong>, damit Sie den Besuch der hoch gelegenen Aussichtspunkte flexibel an die aktuelle Bew\u00f6lkung und das Wetter anpassen k\u00f6nnen.<\/p>\n\n<\/div>\n<\/div>\n<div id=\"faq-question-1788283109002\" class=\"rank-math-list-item\">\n<h3 class=\"rank-math-question \"><span class=\"ez-toc-section\" id=\"Wie_komme_ich_am_besten_zur_Christusstatue\"><\/span>Wie komme ich am besten zur Christusstatue?<span class=\"ez-toc-section-end\"><\/span><\/h3>\n<div class=\"rank-math-answer \">\n\n<p>Es gibt drei M\u00f6glichkeiten, wobei <strong>die teuerste und beliebteste die historische Zahnradbahn Corcovado<\/strong> ist, die Sie durch den Regenwald hinaufbringt. Eine etwas g\u00fcnstigere Variante stellt der offizielle Kleinbus vom Besucherzentrum Paineiras dar. Wenn Sie nach dem g\u00fcnstigsten und abenteuerlichsten Weg suchen, <strong>k\u00f6nnen Sie den steilen Pfad<\/strong> vom Parque Lage aus zu Fu\u00df nehmen, was etwa zwei Stunden anstrengenden Aufstieg bedeutet.<\/p>\n\n<\/div>\n<\/div>\n<div id=\"faq-question-1788283109003\" class=\"rank-math-list-item\">\n<h3 class=\"rank-math-question \"><span class=\"ez-toc-section\" id=\"Wann_ist_die_beste_Reisezeit_fuer_Brasilien\"><\/span>Wann ist die beste Reisezeit f\u00fcr Brasilien?<span class=\"ez-toc-section-end\"><\/span><\/h3>\n<div class=\"rank-math-answer \">\n\n<p>Im Hinblick auf gutes Wetter und vern\u00fcnftige Preise ist es am besten, <strong>von April bis Juni oder von August bis Oktober zu reisen<\/strong>. So vermeiden Sie die extreme Sommerhitze und die regelm\u00e4\u00dfigen Starkregen. W\u00e4hrend des Karnevals und zu Silvester herrscht in der Stadt zwar eine fantastische Atmosph\u00e4re, aber <strong>die Unterkunftspreise sind um ein Vielfaches h\u00f6her<\/strong> und \u00fcberall treffen Sie auf riesige Menschenmengen.<\/p>\n\n<\/div>\n<\/div>\n<div id=\"faq-question-1788283109004\" class=\"rank-math-list-item\">\n<h3 class=\"rank-math-question \"><span class=\"ez-toc-section\" id=\"Kann_ich_nach_Einbruch_der_Dunkelheit_an_den_Straenden_in_Rio_baden\"><\/span>Kann ich nach Einbruch der Dunkelheit an den Str\u00e4nden in Rio baden?<span class=\"ez-toc-section-end\"><\/span><\/h3>\n<div class=\"rank-math-answer \">\n\n<p><strong>Auf keinen Fall, man geht niemals nachts an den Strand.<\/strong> Sobald die Sonne untergeht, werden die langen Sandstreifen f\u00fcr Touristen gef\u00e4hrlich und ziehen zwielichtige Gestalten an. Die Einwohner der Stadt treffen sich abends in gut beleuchteten Bars und Restaurants an belebten Stra\u00dfen, daher sollten Sie <strong>verlassene Str\u00e4nde nach Einbruch der Dunkelheit unbedingt meiden<\/strong>.<\/p>\n\n<\/div>\n<\/div>\n<div id=\"faq-question-1788283109005\" class=\"rank-math-list-item\">\n<h3 class=\"rank-math-question \"><span class=\"ez-toc-section\" id=\"Wie_bewegt_man_sich_in_der_Stadt_fort_und_ist_der_OePNV_sicher\"><\/span>Wie bewegt man sich in der Stadt fort und ist der \u00d6PNV sicher?<span class=\"ez-toc-section-end\"><\/span><\/h3>\n<div class=\"rank-math-answer \">\n\n<p>Tags\u00fcber <strong>funktioniert das U-Bahn-Netz hervorragend und sicher<\/strong>, das die s\u00fcdlichen Strandviertel mit dem historischen Stadtzentrum verbindet. Gew\u00f6hnliche Busse sind etwas un\u00fcbersichtlich und werden f\u00fcr Touristen nicht besonders empfohlen. Sobald es dunkel wird, <strong>wechseln Sie kompromisslos zur Uber-App<\/strong>, die in Brasilien sehr g\u00fcnstig und zuverl\u00e4ssig ist und Ihnen eine sichere R\u00fcckkehr zum Hotel garantiert.<\/p>\n\n<\/div>\n<\/div>\n<div id=\"faq-question-1788283109006\" class=\"rank-math-list-item\">\n<h3 class=\"rank-math-question \"><span class=\"ez-toc-section\" id=\"Was_kann_ich_in_Rio_essen_wenn_ich_kein_Fleisch_esse\"><\/span>Was kann ich in Rio essen, wenn ich kein Fleisch esse?<span class=\"ez-toc-section-end\"><\/span><\/h3>\n<div class=\"rank-math-answer \">\n\n<p>Obwohl die brasilianische K\u00fcche stark auf Fleisch basiert, finden Sie hier viele vegetarische K\u00f6stlichkeiten. <strong>Der absolute Hit ist eiskaltes A\u00e7a\u00ed mit Granola<\/strong>, das am Strand herrlich erfrischt. An Stra\u00dfenst\u00e4nden sollten Sie nach den K\u00e4seb\u00e4llchen P\u00e3o de Queijo oder Tapioca gef\u00fcllt mit K\u00e4se und Tomaten Ausschau halten. F\u00fcr ein vollwertiges Abendessen <strong>besuchen Sie die hervorragenden italienischen Restaurants in Ipanema<\/strong>.<\/p>\n\n<\/div>\n<\/div>\n<div id=\"faq-question-1788283109007\" class=\"rank-math-list-item\">\n<h3 class=\"rank-math-question \"><span class=\"ez-toc-section\" id=\"Lohnt_es_sich_Eintrittskarten_fuer_Sehenswuerdigkeiten_lange_im_Voraus_zu_kaufen\"><\/span>Lohnt es sich, Eintrittskarten f\u00fcr Sehensw\u00fcrdigkeiten lange im Voraus zu kaufen?<span class=\"ez-toc-section-end\"><\/span><\/h3>\n<div class=\"rank-math-answer \">\n\n<p>Bei modernen geschlossenen Museen wie dem Museum der Zukunft lohnt sich der Vorabkauf von Online-Tickets auf jeden Fall. <strong>Bei Au\u00dfenaussichtspunkten wie dem Zuckerhut und der Christusstatue sollten Sie jedoch vorsichtig sein.<\/strong> Das Wetter an der K\u00fcste \u00e4ndert sich von Stunde zu Stunde, und beim Kauf f\u00fcr einen festen Tag <strong>riskieren Sie, dass Sie wegen dichtem Nebel \u00fcberhaupt nichts sehen<\/strong>.<\/p>\n\n<\/div>\n<\/div>\n<\/div>\n<\/div>\n","protected":false},"excerpt":{"rendered":"<p>Entdecke die sch\u00f6nsten Orte von Rio de Janeiro, von ber\u00fchmten Str\u00e4nden bis zu versteckten Aussichtspunkten im Regenwald, und erfahre, wie du die Stadt v\u00f6llig sicher genie\u00dft.<\/p>\n","protected":false},"author":3,"featured_media":413187,"comment_status":"open","ping_status":"open","sticky":false,"template":"","format":"standard","meta":{"_acf_changed":false,"footnotes":"","rank_math_title":"Rio de Janeiro: 22 Tipps f\u00fcr deine Reise 2026","rank_math_description":"Rio de Janeiro entdecken: 22 Tipps zu Str\u00e4nden, Christusstatue & Zuckerhut plus Sicherheits- und Hotel-Infos. Plane jetzt deine perfekte Reise 2026!","rank_math_focus_keyword":"rio de janeiro","rank_math_seo_score":""},"categories":[451],"tags":[],"class_list":["post-418010","post","type-post","status-publish","format-standard","has-post-thumbnail","category-reisen"],"acf":[],"featured_image_src":"https:\/\/loudavymkrokem.cz\/wp-content\/uploads\/2026\/09\/pedra-do-arpoador.jpg","author_info":{"display_name":"Lucie Kone\u010dn\u00e1","author_link":"https:\/\/loudavymkrokem.cz\/de\/author\/lucie-konecna\/"},"_links":{"self":[{"href":"https:\/\/loudavymkrokem.cz\/de\/wp-json\/wp\/v2\/posts\/418010","targetHints":{"allow":["GET"]}}],"collection":[{"href":"https:\/\/loudavymkrokem.cz\/de\/wp-json\/wp\/v2\/posts"}],"about":[{"href":"https:\/\/loudavymkrokem.cz\/de\/wp-json\/wp\/v2\/types\/post"}],"author":[{"embeddable":true,"href":"https:\/\/loudavymkrokem.cz\/de\/wp-json\/wp\/v2\/users\/3"}],"replies":[{"embeddable":true,"href":"https:\/\/loudavymkrokem.cz\/de\/wp-json\/wp\/v2\/comments?post=418010"}],"version-history":[{"count":2,"href":"https:\/\/loudavymkrokem.cz\/de\/wp-json\/wp\/v2\/posts\/418010\/revisions"}],"predecessor-version":[{"id":418012,"href":"https:\/\/loudavymkrokem.cz\/de\/wp-json\/wp\/v2\/posts\/418010\/revisions\/418012"}],"wp:featuredmedia":[{"embeddable":true,"href":"https:\/\/loudavymkrokem.cz\/de\/wp-json\/wp\/v2\/media\/413187"}],"wp:attachment":[{"href":"https:\/\/loudavymkrokem.cz\/de\/wp-json\/wp\/v2\/media?parent=418010"}],"wp:term":[{"taxonomy":"category","embeddable":true,"href":"https:\/\/loudavymkrokem.cz\/de\/wp-json\/wp\/v2\/categories?post=418010"},{"taxonomy":"post_tag","embeddable":true,"href":"https:\/\/loudavymkrokem.cz\/de\/wp-json\/wp\/v2\/tags?post=418010"}],"curies":[{"name":"wp","href":"https:\/\/api.w.org\/{rel}","templated":true}]}}