{"id":418007,"date":"2026-09-04T10:00:00","date_gmt":"2026-09-04T08:00:00","guid":{"rendered":"https:\/\/loudavymkrokem.cz\/varna-bulgarien-tipps\/"},"modified":"2026-09-05T19:31:26","modified_gmt":"2026-09-05T17:31:26","slug":"varna-bulgarien-tipps","status":"publish","type":"post","link":"https:\/\/loudavymkrokem.cz\/de\/varna-bulgarien-tipps\/","title":{"rendered":"Varna, Bulgarien: 20 Tipps, was du in der K\u00fcstenmetropole erleben kannst 2026"},"content":{"rendered":"\n<p class=\"wp-block-paragraph\">Wenn man Bulgarien sagt, denken die meisten an endlose Hotelreihen am Sonnenstrand. Doch Varna in Bulgarien ist eine ganz andere Geschichte, und ein Reisender aus Deutschland entdeckt hier mehr Spuren europ\u00e4ischer Geschichte, als er je erwarten w\u00fcrde. Das Arch\u00e4ologische Museum, das das \u00e4lteste verarbeitete Gold der Welt beherbergt, wurde vom tschechischen Arch\u00e4ologen Karel \u0160korpil gegr\u00fcndet. Den riesigen Meeresgarten, den Stolz der ganzen K\u00fcste, entwarf der tschechische Gartenarchitekt Anton Nov\u00e1k. Und wenn du dich an einer Bushaltestelle aufstellst, transportiert dich mit hoher Wahrscheinlichkeit ein \u0160koda-Trolleybus tschechischer Produktion.<\/p>\n\n\n\n<p class=\"wp-block-paragraph\">Varna ist eben nicht blo\u00df ein k\u00fcnstliches Sommerresort, sondern die <strong>drittgr\u00f6\u00dfte Stadt Bulgariens<\/strong>, die das ganze Jahr \u00fcber in ihrem eigenen Rhythmus lebt. Du findest hier die gr\u00f6\u00dften r\u00f6mischen Thermen des Balkans, schattige Boulevards voller Caf\u00e9s und Stadtstr\u00e4nde, die du zu Fu\u00df direkt aus dem historischen Zentrum erreichst. Es ist genau das Reiseziel, an dem du vormittags thrakische Ausgrabungen bestaunen, mittags einen tollen Schopska-Salat in einer traditionellen Mehana genie\u00dfen und nachmittags schon im feinen Sand am Schwarzen Meer liegen kannst.<\/p>\n\n\n\n<p class=\"wp-block-paragraph\">In diesem Guide findest du <strong>20 konkrete Tipps, was du in Varna sehen und erleben kannst<\/strong>. Ich zeige dir, wie du nicht in die Touristenfallen beim Verkehr tappst, wohin du die besten Ausfl\u00fcge in die Umgebung machst, in welchem Viertel du dich strategisch einquartierst und worauf du bei der Wahl des Restaurants achten solltest. Bulgarien hat au\u00dferdem <strong>zum 1. Januar 2026 den Euro eingef\u00fchrt<\/strong>, sodass das l\u00e4stige Umrechnen von Lew entf\u00e4llt.<\/p>\n\n\n\n<figure data-wp-context=\"{&quot;imageId&quot;:&quot;6a9c73bf5f0a7&quot;}\" data-wp-interactive=\"core\/image\" data-wp-key=\"6a9c73bf5f0a7\" class=\"wp-block-image size-full wp-lightbox-container\"><img decoding=\"async\" width=\"1800\" height=\"1012\" data-wp-class--hide=\"state.isContentHidden\" data-wp-class--show=\"state.isContentVisible\" data-wp-init=\"callbacks.setButtonStyles\" data-wp-on--click=\"actions.showLightbox\" data-wp-on--load=\"callbacks.setButtonStyles\" data-wp-on--pointerdown=\"actions.preloadImage\" data-wp-on--pointerenter=\"actions.preloadImageWithDelay\" data-wp-on--pointerleave=\"actions.cancelPreload\" data-wp-on-window--resize=\"callbacks.setButtonStyles\" src=\"https:\/\/loudavymkrokem.cz\/wp-content\/uploads\/2026\/08\/bulharsko-research-varna-01-3be9ec14.jpg\" alt=\"Blick auf die K\u00fcste und Str\u00e4nde von Varna\" class=\"wp-image-407776\" title=\"\" srcset=\"https:\/\/loudavymkrokem.cz\/wp-content\/uploads\/2026\/08\/bulharsko-research-varna-01-3be9ec14.jpg 1800w, https:\/\/loudavymkrokem.cz\/wp-content\/uploads\/2026\/08\/bulharsko-research-varna-01-3be9ec14-300x169.jpg 300w, https:\/\/loudavymkrokem.cz\/wp-content\/uploads\/2026\/08\/bulharsko-research-varna-01-3be9ec14-700x394.jpg 700w, https:\/\/loudavymkrokem.cz\/wp-content\/uploads\/2026\/08\/bulharsko-research-varna-01-3be9ec14-768x432.jpg 768w, https:\/\/loudavymkrokem.cz\/wp-content\/uploads\/2026\/08\/bulharsko-research-varna-01-3be9ec14-1536x864.jpg 1536w, https:\/\/loudavymkrokem.cz\/wp-content\/uploads\/2026\/08\/bulharsko-research-varna-01-3be9ec14-696x391.jpg 696w, https:\/\/loudavymkrokem.cz\/wp-content\/uploads\/2026\/08\/bulharsko-research-varna-01-3be9ec14-1392x783.jpg 1392w\" sizes=\"(max-width: 1800px) 100vw, 1800px\" \/><button\n\t\t\tclass=\"lightbox-trigger\"\n\t\t\ttype=\"button\"\n\t\t\taria-haspopup=\"dialog\"\n\t\t\tdata-wp-bind--aria-label=\"state.thisImage.triggerButtonAriaLabel\"\n\t\t\tdata-wp-init=\"callbacks.initTriggerButton\"\n\t\t\tdata-wp-on--click=\"actions.showLightbox\"\n\t\t\tdata-wp-style--right=\"state.thisImage.buttonRight\"\n\t\t\tdata-wp-style--top=\"state.thisImage.buttonTop\"\n\t\t>\n\t\t\t<svg xmlns=\"http:\/\/www.w3.org\/2000\/svg\" width=\"12\" height=\"12\" fill=\"none\" viewBox=\"0 0 12 12\">\n\t\t\t\t<path fill=\"#fff\" d=\"M2 0a2 2 0 0 0-2 2v2h1.5V2a.5.5 0 0 1 .5-.5h2V0H2Zm2 10.5H2a.5.5 0 0 1-.5-.5V8H0v2a2 2 0 0 0 2 2h2v-1.5ZM8 12v-1.5h2a.5.5 0 0 0 .5-.5V8H12v2a2 2 0 0 1-2 2H8Zm2-12a2 2 0 0 1 2 2v2h-1.5V2a.5.5 0 0 0-.5-.5H8V0h2Z\" \/>\n\t\t\t<\/svg>\n\t\t<\/button><figcaption class=\"wp-element-caption\">Foto: karel291, CC BY 3.0 (Wikimedia Commons)<\/figcaption><\/figure>\n\n\n\n<div id=\"ez-toc-container\" class=\"ez-toc-v2_0_87 ez-toc-wrap-left counter-hierarchy ez-toc-counter ez-toc-grey ez-toc-container-direction\">\n<div class=\"ez-toc-title-container\">\n<p class=\"ez-toc-title\" style=\"cursor:inherit\">Artikelinhalt<\/p>\n<span class=\"ez-toc-title-toggle\"><a href=\"#\" class=\"ez-toc-pull-right ez-toc-btn ez-toc-btn-xs ez-toc-btn-default ez-toc-toggle\" aria-label=\"Toggle Table of Content\"><span class=\"ez-toc-js-icon-con\"><span class=\"\"><span class=\"eztoc-hide\" style=\"display:none;\">Toggle<\/span><span class=\"ez-toc-icon-toggle-span\"><svg style=\"fill: #999;color:#999\" xmlns=\"http:\/\/www.w3.org\/2000\/svg\" class=\"list-377408\" width=\"20px\" height=\"20px\" viewBox=\"0 0 24 24\" fill=\"none\"><path d=\"M6 6H4v2h2V6zm14 0H8v2h12V6zM4 11h2v2H4v-2zm16 0H8v2h12v-2zM4 16h2v2H4v-2zm16 0H8v2h12v-2z\" fill=\"currentColor\"><\/path><\/svg><svg style=\"fill: #999;color:#999\" class=\"arrow-unsorted-368013\" xmlns=\"http:\/\/www.w3.org\/2000\/svg\" width=\"10px\" height=\"10px\" viewBox=\"0 0 24 24\" version=\"1.2\" baseProfile=\"tiny\"><path d=\"M18.2 9.3l-6.2-6.3-6.2 6.3c-.2.2-.3.4-.3.7s.1.5.3.7c.2.2.4.3.7.3h11c.3 0 .5-.1.7-.3.2-.2.3-.5.3-.7s-.1-.5-.3-.7zM5.8 14.7l6.2 6.3 6.2-6.3c.2-.2.3-.5.3-.7s-.1-.5-.3-.7c-.2-.2-.4-.3-.7-.3h-11c-.3 0-.5.1-.7.3-.2.2-.3.5-.3.7s.1.5.3.7z\"\/><\/svg><\/span><\/span><\/span><\/a><\/span><\/div>\n<nav><ul class='ez-toc-list ez-toc-list-level-1 ' ><ul class='ez-toc-list-level-3' ><li class='ez-toc-heading-level-3'><a class=\"ez-toc-link ez-toc-heading-1\" href=\"https:\/\/loudavymkrokem.cz\/de\/varna-bulgarien-tipps\/#Zusammenfassung_fuer_alle_die_keine_Zeit_haben_den_ganzen_Artikel_zu_lesen\" >Zusammenfassung f\u00fcr alle, die keine Zeit haben, den ganzen Artikel zu lesen<\/a><\/li><\/ul><\/li><li class='ez-toc-page-1 ez-toc-heading-level-2'><a class=\"ez-toc-link ez-toc-heading-2\" href=\"https:\/\/loudavymkrokem.cz\/de\/varna-bulgarien-tipps\/#Was_kostet_es_in_Varna\" >Was kostet es in Varna<\/a><\/li><li class='ez-toc-page-1 ez-toc-heading-level-2'><a class=\"ez-toc-link ez-toc-heading-3\" href=\"https:\/\/loudavymkrokem.cz\/de\/varna-bulgarien-tipps\/#Wie_kommst_du_nach_Varna_und_wie_bewegst_du_dich_dort\" >Wie kommst du nach Varna und wie bewegst du dich dort<\/a><\/li><li class='ez-toc-page-1 ez-toc-heading-level-2'><a class=\"ez-toc-link ez-toc-heading-4\" href=\"https:\/\/loudavymkrokem.cz\/de\/varna-bulgarien-tipps\/#Historisches_Zentrum_und_Museen\" >Historisches Zentrum und Museen<\/a><ul class='ez-toc-list-level-3' ><li class='ez-toc-heading-level-3'><a class=\"ez-toc-link ez-toc-heading-5\" href=\"https:\/\/loudavymkrokem.cz\/de\/varna-bulgarien-tipps\/#1_Archaeologisches_Museum_und_das_aelteste_Gold_der_Welt\" >1. Arch\u00e4ologisches Museum und das \u00e4lteste Gold der Welt<\/a><\/li><li class='ez-toc-page-1 ez-toc-heading-level-3'><a class=\"ez-toc-link ez-toc-heading-6\" href=\"https:\/\/loudavymkrokem.cz\/de\/varna-bulgarien-tipps\/#2_Roemische_Thermen_Odessos\" >2. R\u00f6mische Thermen (Odessos)<\/a><\/li><li class='ez-toc-page-1 ez-toc-heading-level-3'><a class=\"ez-toc-link ez-toc-heading-7\" href=\"https:\/\/loudavymkrokem.cz\/de\/varna-bulgarien-tipps\/#3_Kathedrale_Mariae_Himmelfahrt\" >3. Kathedrale Mari\u00e4 Himmelfahrt<\/a><\/li><li class='ez-toc-page-1 ez-toc-heading-level-3'><a class=\"ez-toc-link ez-toc-heading-8\" href=\"https:\/\/loudavymkrokem.cz\/de\/varna-bulgarien-tipps\/#4_Marinemuseum_und_das_Torpedoboot_Drazki\" >4. Marinemuseum und das Torpedoboot Drazki<\/a><\/li><li class='ez-toc-page-1 ez-toc-heading-level-3'><a class=\"ez-toc-link ez-toc-heading-9\" href=\"https:\/\/loudavymkrokem.cz\/de\/varna-bulgarien-tipps\/#5_Ethnografisches_Museum\" >5. Ethnografisches Museum<\/a><\/li><li class='ez-toc-page-1 ez-toc-heading-level-3'><a class=\"ez-toc-link ez-toc-heading-10\" href=\"https:\/\/loudavymkrokem.cz\/de\/varna-bulgarien-tipps\/#6_Retro-Museum\" >6. Retro-Museum<\/a><\/li><li class='ez-toc-page-1 ez-toc-heading-level-3'><a class=\"ez-toc-link ez-toc-heading-11\" href=\"https:\/\/loudavymkrokem.cz\/de\/varna-bulgarien-tipps\/#7_Uhrturm\" >7. Uhrturm<\/a><\/li><\/ul><\/li><li class='ez-toc-page-1 ez-toc-heading-level-2'><a class=\"ez-toc-link ez-toc-heading-12\" href=\"https:\/\/loudavymkrokem.cz\/de\/varna-bulgarien-tipps\/#Meeresgarten_und_Kueste\" >Meeresgarten und K\u00fcste<\/a><ul class='ez-toc-list-level-3' ><li class='ez-toc-heading-level-3'><a class=\"ez-toc-link ez-toc-heading-13\" href=\"https:\/\/loudavymkrokem.cz\/de\/varna-bulgarien-tipps\/#8_Meeresgarten\" >8. Meeresgarten<\/a><\/li><li class='ez-toc-page-1 ez-toc-heading-level-3'><a class=\"ez-toc-link ez-toc-heading-14\" href=\"https:\/\/loudavymkrokem.cz\/de\/varna-bulgarien-tipps\/#9_Aquarium_Varna\" >9. Aquarium Varna<\/a><\/li><li class='ez-toc-page-1 ez-toc-heading-level-3'><a class=\"ez-toc-link ez-toc-heading-15\" href=\"https:\/\/loudavymkrokem.cz\/de\/varna-bulgarien-tipps\/#10_Delfinarium_Festa\" >10. Delfinarium Festa<\/a><\/li><li class='ez-toc-page-1 ez-toc-heading-level-3'><a class=\"ez-toc-link ez-toc-heading-16\" href=\"https:\/\/loudavymkrokem.cz\/de\/varna-bulgarien-tipps\/#11_Zoo_Varna\" >11. Zoo Varna<\/a><\/li><li class='ez-toc-page-1 ez-toc-heading-level-3'><a class=\"ez-toc-link ez-toc-heading-17\" href=\"https:\/\/loudavymkrokem.cz\/de\/varna-bulgarien-tipps\/#12_Planetarium_N_Kopernikus\" >12. Planetarium N. Kopernikus<\/a><\/li><li class='ez-toc-page-1 ez-toc-heading-level-3'><a class=\"ez-toc-link ez-toc-heading-18\" href=\"https:\/\/loudavymkrokem.cz\/de\/varna-bulgarien-tipps\/#13_Stadtstraende_und_Wasserqualitaet\" >13. Stadtstr\u00e4nde und Wasserqualit\u00e4t<\/a><\/li><\/ul><\/li><li class='ez-toc-page-1 ez-toc-heading-level-2'><a class=\"ez-toc-link ez-toc-heading-19\" href=\"https:\/\/loudavymkrokem.cz\/de\/varna-bulgarien-tipps\/#Jenseits_des_Zentrums\" >Jenseits des Zentrums<\/a><ul class='ez-toc-list-level-3' ><li class='ez-toc-heading-level-3'><a class=\"ez-toc-link ez-toc-heading-20\" href=\"https:\/\/loudavymkrokem.cz\/de\/varna-bulgarien-tipps\/#14_Park-Museum_Vladislav_Varnenchik\" >14. Park-Museum Vladislav Varnenchik<\/a><\/li><li class='ez-toc-page-1 ez-toc-heading-level-3'><a class=\"ez-toc-link ez-toc-heading-21\" href=\"https:\/\/loudavymkrokem.cz\/de\/varna-bulgarien-tipps\/#15_Strand_Asparuchovo\" >15. Strand Asparuchovo<\/a><\/li><li class='ez-toc-page-1 ez-toc-heading-level-3'><a class=\"ez-toc-link ez-toc-heading-22\" href=\"https:\/\/loudavymkrokem.cz\/de\/varna-bulgarien-tipps\/#16_St_Konstantin_und_Elena\" >16. St. Konstantin und Elena<\/a><\/li><\/ul><\/li><li class='ez-toc-page-1 ez-toc-heading-level-2'><a class=\"ez-toc-link ez-toc-heading-23\" href=\"https:\/\/loudavymkrokem.cz\/de\/varna-bulgarien-tipps\/#Ausfluege_von_Varna\" >Ausfl\u00fcge von Varna<\/a><ul class='ez-toc-list-level-3' ><li class='ez-toc-heading-level-3'><a class=\"ez-toc-link ez-toc-heading-24\" href=\"https:\/\/loudavymkrokem.cz\/de\/varna-bulgarien-tipps\/#17_Palast_und_Gaerten_Balchik\" >17. Palast und G\u00e4rten Balchik<\/a><\/li><li class='ez-toc-page-1 ez-toc-heading-level-3'><a class=\"ez-toc-link ez-toc-heading-25\" href=\"https:\/\/loudavymkrokem.cz\/de\/varna-bulgarien-tipps\/#18_Kap_Kaliakra\" >18. Kap Kaliakra<\/a><\/li><li class='ez-toc-page-1 ez-toc-heading-level-3'><a class=\"ez-toc-link ez-toc-heading-26\" href=\"https:\/\/loudavymkrokem.cz\/de\/varna-bulgarien-tipps\/#19_Kloster_Aladscha\" >19. Kloster Aladscha<\/a><\/li><li class='ez-toc-page-1 ez-toc-heading-level-3'><a class=\"ez-toc-link ez-toc-heading-27\" href=\"https:\/\/loudavymkrokem.cz\/de\/varna-bulgarien-tipps\/#20_Pobiti_Kamani_und_Madara-Reiter\" >20. Pobiti Kamani und Madara-Reiter<\/a><\/li><\/ul><\/li><li class='ez-toc-page-1 ez-toc-heading-level-2'><a class=\"ez-toc-link ez-toc-heading-28\" href=\"https:\/\/loudavymkrokem.cz\/de\/varna-bulgarien-tipps\/#Wo_du_in_Varna_essen_kannst\" >Wo du in Varna essen kannst<\/a><\/li><li class='ez-toc-page-1 ez-toc-heading-level-2'><a class=\"ez-toc-link ez-toc-heading-29\" href=\"https:\/\/loudavymkrokem.cz\/de\/varna-bulgarien-tipps\/#Wo_du_in_Varna_uebernachten_kannst\" >Wo du in Varna \u00fcbernachten kannst<\/a><\/li><li class='ez-toc-page-1 ez-toc-heading-level-2'><a class=\"ez-toc-link ez-toc-heading-30\" href=\"https:\/\/loudavymkrokem.cz\/de\/varna-bulgarien-tipps\/#Wetter_in_Varna_Bulgarien_Wann_hinfahren\" >Wetter in Varna, Bulgarien: Wann hinfahren<\/a><ul class='ez-toc-list-level-3' ><li class='ez-toc-heading-level-3'><a class=\"ez-toc-link ez-toc-heading-31\" href=\"https:\/\/loudavymkrokem.cz\/de\/varna-bulgarien-tipps\/#Varna_ausserhalb_der_Saison\" >Varna au\u00dferhalb der Saison<\/a><\/li><\/ul><\/li><li class='ez-toc-page-1 ez-toc-heading-level-2'><a class=\"ez-toc-link ez-toc-heading-32\" href=\"https:\/\/loudavymkrokem.cz\/de\/varna-bulgarien-tipps\/#Worauf_du_achten_solltest\" >Worauf du achten solltest<\/a><\/li><li class='ez-toc-page-1 ez-toc-heading-level-2'><a class=\"ez-toc-link ez-toc-heading-33\" href=\"https:\/\/loudavymkrokem.cz\/de\/varna-bulgarien-tipps\/#Wohin_als_Naechstes\" >Wohin als N\u00e4chstes<\/a><\/li><li class='ez-toc-page-1 ez-toc-heading-level-2'><a class=\"ez-toc-link ez-toc-heading-34\" href=\"https:\/\/loudavymkrokem.cz\/de\/varna-bulgarien-tipps\/#Haeufig_gestellte_Fragen\" >H\u00e4ufig gestellte Fragen<\/a><ul class='ez-toc-list-level-3' ><li class='ez-toc-heading-level-3'><a class=\"ez-toc-link ez-toc-heading-35\" href=\"https:\/\/loudavymkrokem.cz\/de\/varna-bulgarien-tipps\/#Wird_in_Varna_mit_Euro_oder_Lew_bezahlt\" >Wird in Varna mit Euro oder Lew bezahlt?<\/a><\/li><li class='ez-toc-page-1 ez-toc-heading-level-3'><a class=\"ez-toc-link ez-toc-heading-36\" href=\"https:\/\/loudavymkrokem.cz\/de\/varna-bulgarien-tipps\/#Ist_Varna_fuer_Familien_mit_Kindern_geeignet\" >Ist Varna f\u00fcr Familien mit Kindern geeignet?<\/a><\/li><li class='ez-toc-page-1 ez-toc-heading-level-3'><a class=\"ez-toc-link ez-toc-heading-37\" href=\"https:\/\/loudavymkrokem.cz\/de\/varna-bulgarien-tipps\/#Wie_ist_es_in_Varna_mit_dem_Parken\" >Wie ist es in Varna mit dem Parken?<\/a><\/li><li class='ez-toc-page-1 ez-toc-heading-level-3'><a class=\"ez-toc-link ez-toc-heading-38\" href=\"https:\/\/loudavymkrokem.cz\/de\/varna-bulgarien-tipps\/#Kann_man_von_Deutschland_aus_direkt_nach_Varna_fliegen\" >Kann man von Deutschland aus direkt nach Varna fliegen?<\/a><\/li><li class='ez-toc-page-1 ez-toc-heading-level-3'><a class=\"ez-toc-link ez-toc-heading-39\" href=\"https:\/\/loudavymkrokem.cz\/de\/varna-bulgarien-tipps\/#Lohnt_es_sich_auch_ausserhalb_der_Sommerferien_nach_Varna_zu_fahren\" >Lohnt es sich, auch au\u00dferhalb der Sommerferien nach Varna zu fahren?<\/a><\/li><li class='ez-toc-page-1 ez-toc-heading-level-3'><a class=\"ez-toc-link ez-toc-heading-40\" href=\"https:\/\/loudavymkrokem.cz\/de\/varna-bulgarien-tipps\/#Wie_komme_ich_von_Varna_nach_Goldstrand\" >Wie komme ich von Varna nach Goldstrand?<\/a><\/li><li class='ez-toc-page-1 ez-toc-heading-level-3'><a class=\"ez-toc-link ez-toc-heading-41\" href=\"https:\/\/loudavymkrokem.cz\/de\/varna-bulgarien-tipps\/#Ist_Varna_eine_sichere_Stadt\" >Ist Varna eine sichere Stadt?<\/a><\/li><\/ul><\/li><\/ul><\/nav><\/div>\n<h3 class=\"wp-block-heading\"><span class=\"ez-toc-section\" id=\"Zusammenfassung_fuer_alle_die_keine_Zeit_haben_den_ganzen_Artikel_zu_lesen\"><\/span>Zusammenfassung f\u00fcr alle, die keine Zeit haben, den ganzen Artikel zu lesen<span class=\"ez-toc-section-end\"><\/span><\/h3>\n\n\n\n<ul class=\"wp-block-list\">\n\n<li><strong>Was ist Varna:<\/strong> Die drittgr\u00f6\u00dfte Stadt Bulgariens (\u00fcber 322.000 Einwohner) und ein wichtiger Seehafen, der das ganze Jahr \u00fcber funktioniert, nicht nur im Sommer.<\/li>\n\n\n\n<li><strong>Gr\u00f6\u00dftes Highlight:<\/strong> Der Goldschatz von Varna aus der Zeit 4600\u20134200 v. Chr., das \u00e4lteste verarbeitete Gold der Welt.<\/li>\n\n\n\n<li><strong>W\u00e4hrung und Preise:<\/strong> Seit dem 1.1.2026 zahlt man in ganz Bulgarien mit Euro. Die doppelte Preisauszeichnung ist bereits beendet.<\/li>\n\n\n\n<li><strong>Str\u00e4nde:<\/strong> Die Stadt hat \u00fcber 22 Str\u00e4nde mit einer Gesamtl\u00e4nge von 32 Kilometern. Zu den besten geh\u00f6ren der breite S\u00fcdstrand (Ju\u017een) oder das ruhigere Asparuchovo.<\/li>\n\n\n\n<li><strong>Verkehr:<\/strong> Der Flughafen ist nur 8 Kilometer entfernt, ins Zentrum bringt dich der Bus der Linie 409 in knapp zwanzig Minuten.<\/li>\n\n\n\n<li><strong>Wann hinfahren:<\/strong> Der August ist am trockensten und w\u00e4rmsten, aber f\u00fcr Kultur und Sehensw\u00fcrdigkeiten lohnt sich auch das Fr\u00fchjahr oder der Herbst.<\/li>\n\n\n\n<li><strong>Ausfl\u00fcge in die Umgebung:<\/strong> Von Varna erreichst du leicht die Klippen von Kap Kaliakra, das Felskloster Aladscha oder den einzigartigen Steinwald (Pobiti Kamani).<\/li>\n\n\n<\/ul>\n\n\n\n<figure class=\"wp-block-table\"><table><thead><tr><th>#<\/th><th>Ort<\/th><th>Typ<\/th><th>Eintritt 2026<\/th><\/tr><\/thead><tbody><tr><td>1<\/td><td>Arch\u00e4ologisches Museum<\/td><td>Geschichte<\/td><td>10,00 \u20ac<\/td><\/tr><tr><td>2<\/td><td>R\u00f6mische Thermen<\/td><td>Antikes Denkmal<\/td><td>4,00 \u20ac<\/td><\/tr><tr><td>3<\/td><td>Kathedrale Mari\u00e4 Himmelfahrt<\/td><td>Sakralbau<\/td><td>Kostenlos<\/td><\/tr><tr><td>4<\/td><td>Marinemuseum<\/td><td>Milit\u00e4rgeschichte<\/td><td>4,09 \u20ac (kombi)<\/td><\/tr><tr><td>5<\/td><td>Ethnografisches Museum<\/td><td>Kultur und Traditionen<\/td><td>5,00 \u20ac<\/td><\/tr><tr><td>6<\/td><td>Retro-Museum (Grand Mall)<\/td><td>Neuere Geschichte<\/td><td>ca. 15,34 \u20ac<\/td><\/tr><tr><td>7<\/td><td>Uhrturm<\/td><td>Architektur<\/td><td>Von au\u00dfen kostenlos<\/td><\/tr><tr><td>8<\/td><td>Meeresgarten<\/td><td>Park und Erholung<\/td><td>Kostenlos<\/td><\/tr><tr><td>9<\/td><td>Aquarium<\/td><td>Natur<\/td><td>2,00 \u20ac<\/td><\/tr><tr><td>10<\/td><td>Delfinarium Festa<\/td><td>Unterhaltung<\/td><td>14,00 \u2013 26,00 \u20ac (je nach Saison)<\/td><\/tr><tr><td>11<\/td><td>Zoo Varna<\/td><td>Natur<\/td><td>3,00 \u20ac<\/td><\/tr><tr><td>12<\/td><td>Planetarium N. Kopernikus<\/td><td>Bildung<\/td><td>3,58 \u20ac<\/td><\/tr><tr><td>13<\/td><td>Stadtstr\u00e4nde<\/td><td>Baden<\/td><td>Kostenlos (Liegen ca. 3,5\u20135 \u20ac)<\/td><\/tr><tr><td>14<\/td><td>Park-Museum Vladislav Varnenchik<\/td><td>Geschichte<\/td><td>4,09 \u20ac<\/td><\/tr><tr><td>15<\/td><td>Strand Asparuchovo<\/td><td>Baden<\/td><td>Kostenlos<\/td><\/tr><tr><td>16<\/td><td>St. Konstantin und Elena<\/td><td>Thermalbad<\/td><td>Je nach gew\u00e4hltem Resort<\/td><\/tr><tr><td>17<\/td><td>Palast und G\u00e4rten Balchik<\/td><td>Ausflug (Geschichte\/Natur)<\/td><td>10,00 \u20ac (Palast) + 10,00 \u20ac (Garten)<\/td><\/tr><tr><td>18<\/td><td>Kap Kaliakra<\/td><td>Ausflug (Natur\/Geschichte)<\/td><td>ca. 3,00 \u20ac<\/td><\/tr><tr><td>19<\/td><td>Kloster Aladscha<\/td><td>Ausflug (Felskloster)<\/td><td>5,00 \u20ac<\/td><\/tr><tr><td>20<\/td><td>Pobiti Kamani und Madara-Reiter<\/td><td>Ausflug (Natur\/UNESCO)<\/td><td>3,00 \u20ac \/ ca. 3,58 \u20ac<\/td><\/tr><\/tbody><\/table><\/figure>\n\n\n\n<figure data-wp-context=\"{&quot;imageId&quot;:&quot;6a9c73bf5fa15&quot;}\" data-wp-interactive=\"core\/image\" data-wp-key=\"6a9c73bf5fa15\" class=\"wp-block-image size-full wp-lightbox-container\"><img decoding=\"async\" width=\"1800\" height=\"892\" data-wp-class--hide=\"state.isContentHidden\" data-wp-class--show=\"state.isContentVisible\" data-wp-init=\"callbacks.setButtonStyles\" data-wp-on--click=\"actions.showLightbox\" data-wp-on--load=\"callbacks.setButtonStyles\" data-wp-on--pointerdown=\"actions.preloadImage\" data-wp-on--pointerenter=\"actions.preloadImageWithDelay\" data-wp-on--pointerleave=\"actions.cancelPreload\" data-wp-on-window--resize=\"callbacks.setButtonStyles\" src=\"https:\/\/loudavymkrokem.cz\/wp-content\/uploads\/2026\/08\/bulharsko-research-varna-02-57328bc9.jpg\" alt=\"Lebensmittelst\u00e4nde auf dem zentralen Markt in Varna\" class=\"wp-image-407777\" title=\"\" srcset=\"https:\/\/loudavymkrokem.cz\/wp-content\/uploads\/2026\/08\/bulharsko-research-varna-02-57328bc9.jpg 1800w, https:\/\/loudavymkrokem.cz\/wp-content\/uploads\/2026\/08\/bulharsko-research-varna-02-57328bc9-300x149.jpg 300w, https:\/\/loudavymkrokem.cz\/wp-content\/uploads\/2026\/08\/bulharsko-research-varna-02-57328bc9-700x347.jpg 700w, https:\/\/loudavymkrokem.cz\/wp-content\/uploads\/2026\/08\/bulharsko-research-varna-02-57328bc9-768x381.jpg 768w, https:\/\/loudavymkrokem.cz\/wp-content\/uploads\/2026\/08\/bulharsko-research-varna-02-57328bc9-1536x761.jpg 1536w, https:\/\/loudavymkrokem.cz\/wp-content\/uploads\/2026\/08\/bulharsko-research-varna-02-57328bc9-696x345.jpg 696w, https:\/\/loudavymkrokem.cz\/wp-content\/uploads\/2026\/08\/bulharsko-research-varna-02-57328bc9-1392x690.jpg 1392w\" sizes=\"(max-width: 1800px) 100vw, 1800px\" \/><button\n\t\t\tclass=\"lightbox-trigger\"\n\t\t\ttype=\"button\"\n\t\t\taria-haspopup=\"dialog\"\n\t\t\tdata-wp-bind--aria-label=\"state.thisImage.triggerButtonAriaLabel\"\n\t\t\tdata-wp-init=\"callbacks.initTriggerButton\"\n\t\t\tdata-wp-on--click=\"actions.showLightbox\"\n\t\t\tdata-wp-style--right=\"state.thisImage.buttonRight\"\n\t\t\tdata-wp-style--top=\"state.thisImage.buttonTop\"\n\t\t>\n\t\t\t<svg xmlns=\"http:\/\/www.w3.org\/2000\/svg\" width=\"12\" height=\"12\" fill=\"none\" viewBox=\"0 0 12 12\">\n\t\t\t\t<path fill=\"#fff\" d=\"M2 0a2 2 0 0 0-2 2v2h1.5V2a.5.5 0 0 1 .5-.5h2V0H2Zm2 10.5H2a.5.5 0 0 1-.5-.5V8H0v2a2 2 0 0 0 2 2h2v-1.5ZM8 12v-1.5h2a.5.5 0 0 0 .5-.5V8H12v2a2 2 0 0 1-2 2H8Zm2-12a2 2 0 0 1 2 2v2h-1.5V2a.5.5 0 0 0-.5-.5H8V0h2Z\" \/>\n\t\t\t<\/svg>\n\t\t<\/button><figcaption class=\"wp-element-caption\">Foto: Victoria Rangelova (Google Maps)<\/figcaption><\/figure>\n\n\n\n<h2 class=\"wp-block-heading\"><span class=\"ez-toc-section\" id=\"Was_kostet_es_in_Varna\"><\/span>Was kostet es in Varna<span class=\"ez-toc-section-end\"><\/span><\/h2>\n\n\n\n<p class=\"wp-block-paragraph\">Bulgarien hat <strong>zum 1. Januar 2026 offiziell den Euro eingef\u00fchrt<\/strong>. Der feste Umrechnungskurs wurde auf 1 \u20ac = 1,95583 Lew festgelegt. Die Phase, in der die Preise verpflichtend in beiden W\u00e4hrungen angegeben werden mussten, endete am 8. August 2026, sodass du heute auf den Speisekarten in Restaurants und in Gesch\u00e4ften <strong>nur noch Euro siehst<\/strong>. F\u00fcr uns aus Deutschland ist das eine enorme Erleichterung, denn die Suche nach einer fairen Wechselstube und das Umrechnen von Lew fallen weg.<\/p>\n\n\n\n<p class=\"wp-block-paragraph\">Bei der Budgetplanung solltest du sehr genau darauf achten, wo du isst. <strong>In Varna herrscht ein gewaltiger Unterschied zwischen Lokalen f\u00fcr Einheimische und der Touristenpromenade.<\/strong> W\u00e4hrend du in einer traditionellen Mehana im Zentrum (dem sogenannten Griechischen Viertel) f\u00fcr ein fleischloses Hauptgericht rund 9 bis 10 Euro und f\u00fcr einen Schopska-Salat gut \u00fcber 6 Euro zahlst, kostet dich derselbe Salat an der Strandpromenade (Krajbrezhna Aleja) locker 14 Euro und das Hauptgericht klettert auf 20 bis 30 Euro. <strong>Der Unterschied liegt also leicht bei 200 bis 300 Prozent.<\/strong><\/p>\n\n\n\n<p class=\"wp-block-paragraph\"><strong>Tabelle mit Richtpreisen in Varna (2026):<\/strong><\/p>\n\n\n\n<figure class=\"wp-block-table\"><table><thead><tr><th>Posten<\/th><th>Preis in Euro<\/th><\/tr><\/thead><tbody><tr><td>Nahverkehrsticket (per App)<\/td><td>0,51 \u20ac<\/td><\/tr><tr><td>Taxi-Grundgeb\u00fchr \/ Preis pro km<\/td><td>1,58 \u20ac \/ 0,79 \u20ac<\/td><\/tr><tr><td>Espresso im Caf\u00e9<\/td><td>1,99 \u20ac<\/td><\/tr><tr><td>Bier vom Fass (0,5 l) im Restaurant<\/td><td>2,50 \u2013 2,56 \u20ac<\/td><\/tr><tr><td>Mittagessen in traditioneller Mehana (nicht am Strand)<\/td><td>10,00 \u2013 12,00 \u20ac<\/td><\/tr><tr><td>Abendessen f\u00fcr zwei im mittleren Restaurant<\/td><td>ca. 52,00 \u20ac<\/td><\/tr><tr><td>Miete einer Strandliege<\/td><td>3,50 \u2013 5,00 \u20ac<\/td><\/tr><tr><td>Eintritt in die Hauptmuseen<\/td><td>4,00 \u2013 10,00 \u20ac<\/td><\/tr><\/tbody><\/table><\/figure>\n\n\n\n<figure data-wp-context=\"{&quot;imageId&quot;:&quot;6a9c73bf60145&quot;}\" data-wp-interactive=\"core\/image\" data-wp-key=\"6a9c73bf60145\" class=\"wp-block-image size-full wp-lightbox-container\"><img decoding=\"async\" width=\"1800\" height=\"1350\" data-wp-class--hide=\"state.isContentHidden\" data-wp-class--show=\"state.isContentVisible\" data-wp-init=\"callbacks.setButtonStyles\" data-wp-on--click=\"actions.showLightbox\" data-wp-on--load=\"callbacks.setButtonStyles\" data-wp-on--pointerdown=\"actions.preloadImage\" data-wp-on--pointerenter=\"actions.preloadImageWithDelay\" data-wp-on--pointerleave=\"actions.cancelPreload\" data-wp-on-window--resize=\"callbacks.setButtonStyles\" src=\"https:\/\/loudavymkrokem.cz\/wp-content\/uploads\/2026\/08\/bulharsko-research-varna-03-2c415b95.jpg\" alt=\"\u0160koda-Trolleybus in Varna\" class=\"wp-image-407778\" title=\"\" srcset=\"https:\/\/loudavymkrokem.cz\/wp-content\/uploads\/2026\/08\/bulharsko-research-varna-03-2c415b95.jpg 1800w, https:\/\/loudavymkrokem.cz\/wp-content\/uploads\/2026\/08\/bulharsko-research-varna-03-2c415b95-300x225.jpg 300w, https:\/\/loudavymkrokem.cz\/wp-content\/uploads\/2026\/08\/bulharsko-research-varna-03-2c415b95-700x525.jpg 700w, https:\/\/loudavymkrokem.cz\/wp-content\/uploads\/2026\/08\/bulharsko-research-varna-03-2c415b95-768x576.jpg 768w, https:\/\/loudavymkrokem.cz\/wp-content\/uploads\/2026\/08\/bulharsko-research-varna-03-2c415b95-1536x1152.jpg 1536w, https:\/\/loudavymkrokem.cz\/wp-content\/uploads\/2026\/08\/bulharsko-research-varna-03-2c415b95-80x60.jpg 80w, https:\/\/loudavymkrokem.cz\/wp-content\/uploads\/2026\/08\/bulharsko-research-varna-03-2c415b95-160x120.jpg 160w, https:\/\/loudavymkrokem.cz\/wp-content\/uploads\/2026\/08\/bulharsko-research-varna-03-2c415b95-696x522.jpg 696w, https:\/\/loudavymkrokem.cz\/wp-content\/uploads\/2026\/08\/bulharsko-research-varna-03-2c415b95-1392x1044.jpg 1392w\" sizes=\"(max-width: 1800px) 100vw, 1800px\" \/><button\n\t\t\tclass=\"lightbox-trigger\"\n\t\t\ttype=\"button\"\n\t\t\taria-haspopup=\"dialog\"\n\t\t\tdata-wp-bind--aria-label=\"state.thisImage.triggerButtonAriaLabel\"\n\t\t\tdata-wp-init=\"callbacks.initTriggerButton\"\n\t\t\tdata-wp-on--click=\"actions.showLightbox\"\n\t\t\tdata-wp-style--right=\"state.thisImage.buttonRight\"\n\t\t\tdata-wp-style--top=\"state.thisImage.buttonTop\"\n\t\t>\n\t\t\t<svg xmlns=\"http:\/\/www.w3.org\/2000\/svg\" width=\"12\" height=\"12\" fill=\"none\" viewBox=\"0 0 12 12\">\n\t\t\t\t<path fill=\"#fff\" d=\"M2 0a2 2 0 0 0-2 2v2h1.5V2a.5.5 0 0 1 .5-.5h2V0H2Zm2 10.5H2a.5.5 0 0 1-.5-.5V8H0v2a2 2 0 0 0 2 2h2v-1.5ZM8 12v-1.5h2a.5.5 0 0 0 .5-.5V8H12v2a2 2 0 0 1-2 2H8Zm2-12a2 2 0 0 1 2 2v2h-1.5V2a.5.5 0 0 0-.5-.5H8V0h2Z\" \/>\n\t\t\t<\/svg>\n\t\t<\/button><figcaption class=\"wp-element-caption\">Foto: Powerfox, CC BY-SA 4.0 (Wikimedia Commons)<\/figcaption><\/figure>\n\n\n\n<h2 class=\"wp-block-heading\"><span class=\"ez-toc-section\" id=\"Wie_kommst_du_nach_Varna_und_wie_bewegst_du_dich_dort\"><\/span>Wie kommst du nach Varna und wie bewegst du dich dort<span class=\"ez-toc-section-end\"><\/span><\/h2>\n\n\n\n<p class=\"wp-block-paragraph\">Der <a href=\"https:\/\/varna-airport.bg\/\" rel=\"nofollow noopener\" target=\"_blank\">Flughafen Varna (VAR)<\/a> liegt <strong>nur 8 Kilometer westlich des Zentrums<\/strong>. Er fertigt knapp zwei Millionen Passagiere pro Jahr ab, und in der Sommersaison fliegen Lufthansa, Eurowings, Condor und Ryanair von deutschen Flugh\u00e4fen wie Berlin, M\u00fcnchen oder Frankfurt hierher \u2013 teils direkt, teils mit einem Umstieg. Die Fahrt vom Flughafen ins Zentrum ist blitzschnell und dauert <strong>knapp 20 Minuten<\/strong>.<\/p>\n\n\n\n<p class=\"wp-block-paragraph\">Der g\u00fcnstigste Weg vom Flughafen ist die <strong>Buslinie 409<\/strong>, die \u00fcber den Busbahnhof direkt ins Zentrum zur Kathedrale f\u00e4hrt und im Sommer bis zum Goldstrand weiterf\u00e4hrt. Hier lauert allerdings eine <strong>gro\u00dfe Touristenfalle<\/strong>. Diese Linie wird parallel von zwei verschiedenen Verkehrsunternehmen bedient. Kaufst du dein Ticket am Automaten, gilt es nur in den Fahrzeugen des st\u00e4dtischen Betriebs Gradski Transport. H\u00e4lt bei dir ein Fahrzeug des zweiten Betreibers, musst du das Ticket erneut beim Schaffner im Inneren kaufen.<\/p>\n\n\n\n<p class=\"wp-block-paragraph\">F\u00fcr die Fortbewegung in der Stadt ist der Nahverkehr recht zuverl\u00e4ssig, hat aber seine T\u00fccken. <strong>Die Automaten an den Haltestellen nehmen ausschlie\u00dflich Euro-M\u00fcnzen an.<\/strong> Keine Scheine, keine Karten. Hast du kein Kleingeld, kaufst du schlicht kein Ticket. Die eindeutig beste L\u00f6sung ist, dir die <strong>neue App <a href=\"https:\/\/varnatraffic.com\/\" rel=\"nofollow noopener\" target=\"_blank\">TTickets Varna<\/a><\/strong> herunterzuladen. Du zahlst dort nicht nur mit Karte, das elektronische Ticket kostet auch <strong>nur 0,51 \u20ac<\/strong>, w\u00e4hrend dich das Papierticket aus dem Automaten glatte 1 Euro kostet.<\/p>\n\n\n\n<p class=\"wp-block-paragraph\">Wenn du dir ein Auto mieten willst, stell dich auf die Besonderheiten des \u00f6rtlichen Parkens ein. <strong>Die blaue Parkzone im Zentrum von Varna gilt von Montag bis Sonntag<\/strong>, was der h\u00e4ufigste Fallstrick f\u00fcr Touristen ist, die glauben, am Wochenende kostenlos zu parken. Varna hat au\u00dferdem <strong>keine klassischen Parkautomaten<\/strong>. Die Parkgeb\u00fchr (0,51 \u20ac pro Stunde) zahlt man per SMS \u2013 von einer deutschen Nummer oft unzuverl\u00e4ssig \u2013 oder viel besser <strong>\u00fcber die App MPark<\/strong>. Zahlst du nicht, kostet dich die Parkkralle \u00fcber 10 Euro, und du kannst sie gleich online begleichen, ohne am Auto zu warten.<\/p>\n\n\n\n<p class=\"wp-block-paragraph\">Taxis sind in Varna recht g\u00fcnstig, der Tagestarif betr\u00e4gt <strong>0,79 \u20ac pro Kilometer<\/strong>. W\u00e4hle aber immer seri\u00f6se Unternehmen (zum Beispiel Triumf, Omega Trans oder Hipo) und denk daran, dass <strong>weder Bolt noch Uber in Varna Fahrten anbieten<\/strong> (Bolt bietet hier nur E-Scooter und Essenslieferung an). Die Bestellung eines Taxis per Telefon oder \u00fcber die App der jeweiligen Firma ist kostenlos, es macht also keinen Sinn, einfach ein zuf\u00e4lliges Auto auf der Stra\u00dfe zu nehmen, wo \u00dcberteuerung droht.<\/p>\n\n\n\n<figure data-wp-context=\"{&quot;imageId&quot;:&quot;6a9c73bf608e1&quot;}\" data-wp-interactive=\"core\/image\" data-wp-key=\"6a9c73bf608e1\" class=\"wp-block-image size-full wp-lightbox-container\"><img decoding=\"async\" width=\"1800\" height=\"1012\" data-wp-class--hide=\"state.isContentHidden\" data-wp-class--show=\"state.isContentVisible\" data-wp-init=\"callbacks.setButtonStyles\" data-wp-on--click=\"actions.showLightbox\" data-wp-on--load=\"callbacks.setButtonStyles\" data-wp-on--pointerdown=\"actions.preloadImage\" data-wp-on--pointerenter=\"actions.preloadImageWithDelay\" data-wp-on--pointerleave=\"actions.cancelPreload\" data-wp-on-window--resize=\"callbacks.setButtonStyles\" src=\"https:\/\/loudavymkrokem.cz\/wp-content\/uploads\/2026\/08\/bulharsko-research-varna-04-0df9e0d1.jpg\" alt=\"Geb\u00e4ude des Arch\u00e4ologischen Museums in Varna, ehemaliges M\u00e4dchengymnasium\" class=\"wp-image-407779\" title=\"\" srcset=\"https:\/\/loudavymkrokem.cz\/wp-content\/uploads\/2026\/08\/bulharsko-research-varna-04-0df9e0d1.jpg 1800w, https:\/\/loudavymkrokem.cz\/wp-content\/uploads\/2026\/08\/bulharsko-research-varna-04-0df9e0d1-300x169.jpg 300w, https:\/\/loudavymkrokem.cz\/wp-content\/uploads\/2026\/08\/bulharsko-research-varna-04-0df9e0d1-700x394.jpg 700w, https:\/\/loudavymkrokem.cz\/wp-content\/uploads\/2026\/08\/bulharsko-research-varna-04-0df9e0d1-768x432.jpg 768w, https:\/\/loudavymkrokem.cz\/wp-content\/uploads\/2026\/08\/bulharsko-research-varna-04-0df9e0d1-1536x864.jpg 1536w, https:\/\/loudavymkrokem.cz\/wp-content\/uploads\/2026\/08\/bulharsko-research-varna-04-0df9e0d1-696x391.jpg 696w, https:\/\/loudavymkrokem.cz\/wp-content\/uploads\/2026\/08\/bulharsko-research-varna-04-0df9e0d1-1392x783.jpg 1392w\" sizes=\"(max-width: 1800px) 100vw, 1800px\" \/><button\n\t\t\tclass=\"lightbox-trigger\"\n\t\t\ttype=\"button\"\n\t\t\taria-haspopup=\"dialog\"\n\t\t\tdata-wp-bind--aria-label=\"state.thisImage.triggerButtonAriaLabel\"\n\t\t\tdata-wp-init=\"callbacks.initTriggerButton\"\n\t\t\tdata-wp-on--click=\"actions.showLightbox\"\n\t\t\tdata-wp-style--right=\"state.thisImage.buttonRight\"\n\t\t\tdata-wp-style--top=\"state.thisImage.buttonTop\"\n\t\t>\n\t\t\t<svg xmlns=\"http:\/\/www.w3.org\/2000\/svg\" width=\"12\" height=\"12\" fill=\"none\" viewBox=\"0 0 12 12\">\n\t\t\t\t<path fill=\"#fff\" d=\"M2 0a2 2 0 0 0-2 2v2h1.5V2a.5.5 0 0 1 .5-.5h2V0H2Zm2 10.5H2a.5.5 0 0 1-.5-.5V8H0v2a2 2 0 0 0 2 2h2v-1.5ZM8 12v-1.5h2a.5.5 0 0 0 .5-.5V8H12v2a2 2 0 0 1-2 2H8Zm2-12a2 2 0 0 1 2 2v2h-1.5V2a.5.5 0 0 0-.5-.5H8V0h2Z\" \/>\n\t\t\t<\/svg>\n\t\t<\/button><figcaption class=\"wp-element-caption\">Foto: karel291, CC BY 3.0 (Wikimedia Commons)<\/figcaption><\/figure>\n\n\n\n<h2 class=\"wp-block-heading\"><span class=\"ez-toc-section\" id=\"Historisches_Zentrum_und_Museen\"><\/span>Historisches Zentrum und Museen<span class=\"ez-toc-section-end\"><\/span><\/h2>\n\n\n\n<p class=\"wp-block-paragraph\">Varna hat ein wundersch\u00f6nes, <strong>kompaktes Zentrum<\/strong>, das man <strong>am besten zu Fu\u00df erkundet<\/strong>. Du triffst hier auf \u00dcberreste des m\u00e4chtigen Roms, \u00fcberw\u00e4ltigende Sammlungen aus der Fr\u00fchzeit der Menschheit und Zeugnisse der neueren Geschichte.<\/p>\n\n\n\n<figure data-wp-context=\"{&quot;imageId&quot;:&quot;6a9c73bf60e81&quot;}\" data-wp-interactive=\"core\/image\" data-wp-key=\"6a9c73bf60e81\" class=\"wp-block-image size-full wp-lightbox-container\"><img decoding=\"async\" width=\"1800\" height=\"1207\" data-wp-class--hide=\"state.isContentHidden\" data-wp-class--show=\"state.isContentVisible\" data-wp-init=\"callbacks.setButtonStyles\" data-wp-on--click=\"actions.showLightbox\" data-wp-on--load=\"callbacks.setButtonStyles\" data-wp-on--pointerdown=\"actions.preloadImage\" data-wp-on--pointerenter=\"actions.preloadImageWithDelay\" data-wp-on--pointerleave=\"actions.cancelPreload\" data-wp-on-window--resize=\"callbacks.setButtonStyles\" src=\"https:\/\/loudavymkrokem.cz\/wp-content\/uploads\/2026\/08\/bulharsko-research-varna-05-d71bfb98.jpg\" alt=\"Goldschatz von Varna im Arch\u00e4ologischen Museum\" class=\"wp-image-407780\" title=\"\" srcset=\"https:\/\/loudavymkrokem.cz\/wp-content\/uploads\/2026\/08\/bulharsko-research-varna-05-d71bfb98.jpg 1800w, https:\/\/loudavymkrokem.cz\/wp-content\/uploads\/2026\/08\/bulharsko-research-varna-05-d71bfb98-300x201.jpg 300w, https:\/\/loudavymkrokem.cz\/wp-content\/uploads\/2026\/08\/bulharsko-research-varna-05-d71bfb98-700x469.jpg 700w, https:\/\/loudavymkrokem.cz\/wp-content\/uploads\/2026\/08\/bulharsko-research-varna-05-d71bfb98-768x515.jpg 768w, https:\/\/loudavymkrokem.cz\/wp-content\/uploads\/2026\/08\/bulharsko-research-varna-05-d71bfb98-1536x1030.jpg 1536w, https:\/\/loudavymkrokem.cz\/wp-content\/uploads\/2026\/08\/bulharsko-research-varna-05-d71bfb98-696x467.jpg 696w, https:\/\/loudavymkrokem.cz\/wp-content\/uploads\/2026\/08\/bulharsko-research-varna-05-d71bfb98-1392x933.jpg 1392w\" sizes=\"(max-width: 1800px) 100vw, 1800px\" \/><button\n\t\t\tclass=\"lightbox-trigger\"\n\t\t\ttype=\"button\"\n\t\t\taria-haspopup=\"dialog\"\n\t\t\tdata-wp-bind--aria-label=\"state.thisImage.triggerButtonAriaLabel\"\n\t\t\tdata-wp-init=\"callbacks.initTriggerButton\"\n\t\t\tdata-wp-on--click=\"actions.showLightbox\"\n\t\t\tdata-wp-style--right=\"state.thisImage.buttonRight\"\n\t\t\tdata-wp-style--top=\"state.thisImage.buttonTop\"\n\t\t>\n\t\t\t<svg xmlns=\"http:\/\/www.w3.org\/2000\/svg\" width=\"12\" height=\"12\" fill=\"none\" viewBox=\"0 0 12 12\">\n\t\t\t\t<path fill=\"#fff\" d=\"M2 0a2 2 0 0 0-2 2v2h1.5V2a.5.5 0 0 1 .5-.5h2V0H2Zm2 10.5H2a.5.5 0 0 1-.5-.5V8H0v2a2 2 0 0 0 2 2h2v-1.5ZM8 12v-1.5h2a.5.5 0 0 0 .5-.5V8H12v2a2 2 0 0 1-2 2H8Zm2-12a2 2 0 0 1 2 2v2h-1.5V2a.5.5 0 0 0-.5-.5H8V0h2Z\" \/>\n\t\t\t<\/svg>\n\t\t<\/button><figcaption class=\"wp-element-caption\">Foto: Ivano Giambattista, CC0 (Wikimedia Commons)<\/figcaption><\/figure>\n\n\n\n<h3 class=\"wp-block-heading\"><span class=\"ez-toc-section\" id=\"1_Archaeologisches_Museum_und_das_aelteste_Gold_der_Welt\"><\/span>1. Arch\u00e4ologisches Museum und das \u00e4lteste Gold der Welt<span class=\"ez-toc-section-end\"><\/span><\/h3>\n\n\n\n<p class=\"wp-block-paragraph\">Das ist kein gew\u00f6hnliches Stadtmuseum. Genau hier ist der ber\u00fchmte <strong>Goldschatz von Varna<\/strong> zu sehen, der 1972 zuf\u00e4llig von einem Baggerfahrer entdeckt wurde. Untersuchungen ergaben, dass die Objekte aus etwa den Jahren <strong>4600\u20134200 v. Chr.<\/strong> stammen, was sie zum \u00e4ltesten verarbeiteten Gold macht, das irgendwo auf der Welt gefunden wurde. Gewicht und Anzahl dieser Goldfunde \u00fcbertreffen die Summe aller zeitgleich weltweit gefundenen Goldobjekte um ein Vielfaches, einschlie\u00dflich Mesopotamien und \u00c4gypten.<\/p>\n\n\n\n<p class=\"wp-block-paragraph\">Das ber\u00fchmteste Exponat ist die Nachbildung von <strong>Grab Nummer 43<\/strong>, das \u00fcber tausend Goldobjekte mit einem Gewicht von mehr als 1,5 Kilogramm enthielt. Lange dachte man, es handle sich um die \u00dcberreste eines m\u00e4chtigen F\u00fcrsten, doch die moderne Arch\u00e4ologie neigt zu der Ansicht, dass es ein <strong>hochrangiger Schmied<\/strong> war. Das Museum selbst residiert im sch\u00f6nen Geb\u00e4ude eines ehemaligen M\u00e4dchengymnasiums. \ud83d\udca1 <strong>Tipp:<\/strong> Tickets f\u00fcr 10 \u20ac kaufst du <strong>nur an der Kasse vor Ort<\/strong>, das Museum warnt vor Online-Verk\u00e4ufen durch Wiederverk\u00e4ufer. In der Wintersaison (Oktober bis April) ist zudem sonntags und montags geschlossen.<\/p>\n\n\n\n<figure data-wp-context=\"{&quot;imageId&quot;:&quot;6a9c73bf614d0&quot;}\" data-wp-interactive=\"core\/image\" data-wp-key=\"6a9c73bf614d0\" class=\"wp-block-image size-full wp-lightbox-container\"><img decoding=\"async\" width=\"1800\" height=\"1200\" data-wp-class--hide=\"state.isContentHidden\" data-wp-class--show=\"state.isContentVisible\" data-wp-init=\"callbacks.setButtonStyles\" data-wp-on--click=\"actions.showLightbox\" data-wp-on--load=\"callbacks.setButtonStyles\" data-wp-on--pointerdown=\"actions.preloadImage\" data-wp-on--pointerenter=\"actions.preloadImageWithDelay\" data-wp-on--pointerleave=\"actions.cancelPreload\" data-wp-on-window--resize=\"callbacks.setButtonStyles\" src=\"https:\/\/loudavymkrokem.cz\/wp-content\/uploads\/2026\/08\/bulharsko-research-varna-06-51bd3e82.jpg\" alt=\"R\u00f6mische Thermen in Varna\" class=\"wp-image-407781\" title=\"\" srcset=\"https:\/\/loudavymkrokem.cz\/wp-content\/uploads\/2026\/08\/bulharsko-research-varna-06-51bd3e82.jpg 1800w, https:\/\/loudavymkrokem.cz\/wp-content\/uploads\/2026\/08\/bulharsko-research-varna-06-51bd3e82-300x200.jpg 300w, https:\/\/loudavymkrokem.cz\/wp-content\/uploads\/2026\/08\/bulharsko-research-varna-06-51bd3e82-700x467.jpg 700w, https:\/\/loudavymkrokem.cz\/wp-content\/uploads\/2026\/08\/bulharsko-research-varna-06-51bd3e82-768x512.jpg 768w, https:\/\/loudavymkrokem.cz\/wp-content\/uploads\/2026\/08\/bulharsko-research-varna-06-51bd3e82-1536x1024.jpg 1536w, https:\/\/loudavymkrokem.cz\/wp-content\/uploads\/2026\/08\/bulharsko-research-varna-06-51bd3e82-696x464.jpg 696w, https:\/\/loudavymkrokem.cz\/wp-content\/uploads\/2026\/08\/bulharsko-research-varna-06-51bd3e82-1392x928.jpg 1392w\" sizes=\"(max-width: 1800px) 100vw, 1800px\" \/><button\n\t\t\tclass=\"lightbox-trigger\"\n\t\t\ttype=\"button\"\n\t\t\taria-haspopup=\"dialog\"\n\t\t\tdata-wp-bind--aria-label=\"state.thisImage.triggerButtonAriaLabel\"\n\t\t\tdata-wp-init=\"callbacks.initTriggerButton\"\n\t\t\tdata-wp-on--click=\"actions.showLightbox\"\n\t\t\tdata-wp-style--right=\"state.thisImage.buttonRight\"\n\t\t\tdata-wp-style--top=\"state.thisImage.buttonTop\"\n\t\t>\n\t\t\t<svg xmlns=\"http:\/\/www.w3.org\/2000\/svg\" width=\"12\" height=\"12\" fill=\"none\" viewBox=\"0 0 12 12\">\n\t\t\t\t<path fill=\"#fff\" d=\"M2 0a2 2 0 0 0-2 2v2h1.5V2a.5.5 0 0 1 .5-.5h2V0H2Zm2 10.5H2a.5.5 0 0 1-.5-.5V8H0v2a2 2 0 0 0 2 2h2v-1.5ZM8 12v-1.5h2a.5.5 0 0 0 .5-.5V8H12v2a2 2 0 0 1-2 2H8Zm2-12a2 2 0 0 1 2 2v2h-1.5V2a.5.5 0 0 0-.5-.5H8V0h2Z\" \/>\n\t\t\t<\/svg>\n\t\t<\/button><figcaption class=\"wp-element-caption\">Foto: Dina Rogatnykh, CC BY-SA 4.0 (Wikimedia Commons)<\/figcaption><\/figure>\n\n\n\n<h3 class=\"wp-block-heading\"><span class=\"ez-toc-section\" id=\"2_Roemische_Thermen_Odessos\"><\/span>2. R\u00f6mische Thermen (Odessos)<span class=\"ez-toc-section-end\"><\/span><\/h3>\n\n\n\n<p class=\"wp-block-paragraph\">Mitten im Herzen der Stadt, versteckt zwischen Wohnh\u00e4usern, liegen die Ruinen des antiken Odessos. Diese Thermen, um die Wende vom 2. zum 3. Jahrhundert n. Chr. erbaut, erstrecken sich \u00fcber eine beachtliche Fl\u00e4che von mehr als 7.000 Quadratmetern. Es sind die <strong>gr\u00f6\u00dften r\u00f6mischen Thermen des Balkans<\/strong> und laut dem Tourismusb\u00fcro von Varna sogar die viertgr\u00f6\u00dften in Europa.<\/p>\n\n\n\n<p class=\"wp-block-paragraph\">Beim Spaziergang zwischen den m\u00e4chtigen Mauern, die sich stellenweise bis zu 22 Meter hoch auft\u00fcrmen, kannst du das System der Fu\u00dfbodenheizung (Hypocaustum) gut erkennen. Zur Datierung trug ein Fund von M\u00fcnzen aus der Zeit von Kaiser Septimius Severus bei. Im Sommer dienen die beleuchteten Ruinen als absolut magische Kulisse f\u00fcr Sommertheater und Konzerte. \ud83d\udca1 <strong>Tipp:<\/strong> Der Grundeintritt betr\u00e4gt 4 \u20ac. Wenn du au\u00dferhalb der Hauptsaison reist, denk daran, dass die <strong>Thermen im Winter einen umgekehrten Schlie\u00dftag haben<\/strong> und du sonntags und montags nicht hineinkommst. (Achtung: Die kleineren Kleinen R\u00f6mischen Thermen ein St\u00fcck weiter sind oft geschlossen, pr\u00fcfe den Zugang lieber vor Ort.)<\/p>\n\n\n\n<figure data-wp-context=\"{&quot;imageId&quot;:&quot;6a9c73bf61aa1&quot;}\" data-wp-interactive=\"core\/image\" data-wp-key=\"6a9c73bf61aa1\" class=\"wp-block-image size-full wp-lightbox-container\"><img decoding=\"async\" width=\"1800\" height=\"1572\" data-wp-class--hide=\"state.isContentHidden\" data-wp-class--show=\"state.isContentVisible\" data-wp-init=\"callbacks.setButtonStyles\" data-wp-on--click=\"actions.showLightbox\" data-wp-on--load=\"callbacks.setButtonStyles\" data-wp-on--pointerdown=\"actions.preloadImage\" data-wp-on--pointerenter=\"actions.preloadImageWithDelay\" data-wp-on--pointerleave=\"actions.cancelPreload\" data-wp-on-window--resize=\"callbacks.setButtonStyles\" src=\"https:\/\/loudavymkrokem.cz\/wp-content\/uploads\/2026\/08\/bulharsko-research-varna-07-df780fd6.jpg\" alt=\"Kathedrale Mari\u00e4 Himmelfahrt in Varna\" class=\"wp-image-407782\" title=\"\" srcset=\"https:\/\/loudavymkrokem.cz\/wp-content\/uploads\/2026\/08\/bulharsko-research-varna-07-df780fd6.jpg 1800w, https:\/\/loudavymkrokem.cz\/wp-content\/uploads\/2026\/08\/bulharsko-research-varna-07-df780fd6-300x262.jpg 300w, https:\/\/loudavymkrokem.cz\/wp-content\/uploads\/2026\/08\/bulharsko-research-varna-07-df780fd6-700x611.jpg 700w, https:\/\/loudavymkrokem.cz\/wp-content\/uploads\/2026\/08\/bulharsko-research-varna-07-df780fd6-768x671.jpg 768w, https:\/\/loudavymkrokem.cz\/wp-content\/uploads\/2026\/08\/bulharsko-research-varna-07-df780fd6-1536x1341.jpg 1536w, https:\/\/loudavymkrokem.cz\/wp-content\/uploads\/2026\/08\/bulharsko-research-varna-07-df780fd6-696x608.jpg 696w, https:\/\/loudavymkrokem.cz\/wp-content\/uploads\/2026\/08\/bulharsko-research-varna-07-df780fd6-1392x1216.jpg 1392w\" sizes=\"(max-width: 1800px) 100vw, 1800px\" \/><button\n\t\t\tclass=\"lightbox-trigger\"\n\t\t\ttype=\"button\"\n\t\t\taria-haspopup=\"dialog\"\n\t\t\tdata-wp-bind--aria-label=\"state.thisImage.triggerButtonAriaLabel\"\n\t\t\tdata-wp-init=\"callbacks.initTriggerButton\"\n\t\t\tdata-wp-on--click=\"actions.showLightbox\"\n\t\t\tdata-wp-style--right=\"state.thisImage.buttonRight\"\n\t\t\tdata-wp-style--top=\"state.thisImage.buttonTop\"\n\t\t>\n\t\t\t<svg xmlns=\"http:\/\/www.w3.org\/2000\/svg\" width=\"12\" height=\"12\" fill=\"none\" viewBox=\"0 0 12 12\">\n\t\t\t\t<path fill=\"#fff\" d=\"M2 0a2 2 0 0 0-2 2v2h1.5V2a.5.5 0 0 1 .5-.5h2V0H2Zm2 10.5H2a.5.5 0 0 1-.5-.5V8H0v2a2 2 0 0 0 2 2h2v-1.5ZM8 12v-1.5h2a.5.5 0 0 0 .5-.5V8H12v2a2 2 0 0 1-2 2H8Zm2-12a2 2 0 0 1 2 2v2h-1.5V2a.5.5 0 0 0-.5-.5H8V0h2Z\" \/>\n\t\t\t<\/svg>\n\t\t<\/button><figcaption class=\"wp-element-caption\">Foto: MrPanyGoff, CC BY-SA 3.0 (Wikimedia Commons)<\/figcaption><\/figure>\n\n\n\n<h3 class=\"wp-block-heading\"><span class=\"ez-toc-section\" id=\"3_Kathedrale_Mariae_Himmelfahrt\"><\/span>3. Kathedrale Mari\u00e4 Himmelfahrt<span class=\"ez-toc-section-end\"><\/span><\/h3>\n\n\n\n<p class=\"wp-block-paragraph\">Die goldenen Kuppeln dieses monumentalen Baus bilden den wichtigsten Orientierungspunkt von ganz Varna. Die Kathedrale wurde nach dem Vorbild der Kirche im russischen Peterhof errichtet, und ihren Grundstein legte F\u00fcrst Alexander I. von Battenberg im Jahr 1880. Im Inneren beeindrucken dich reich verzierte Fresken und eine wundersch\u00f6ne h\u00f6lzerne Ikonostase. Im August 2026 feiert die Kathedrale genau <strong>140 Jahre seit ihrem ersten Gottesdienst<\/strong>. \ud83d\udca1 <strong>Tipp:<\/strong> Der Eintritt in die Kathedrale ist <strong>v\u00f6llig kostenlos<\/strong> und sie ist t\u00e4glich von 7:00 bis 17:30 Uhr ge\u00f6ffnet.<\/p>\n\n\n\n<figure data-wp-context=\"{&quot;imageId&quot;:&quot;6a9c73bf61ff0&quot;}\" data-wp-interactive=\"core\/image\" data-wp-key=\"6a9c73bf61ff0\" class=\"wp-block-image size-full wp-lightbox-container\"><img decoding=\"async\" width=\"1800\" height=\"1350\" data-wp-class--hide=\"state.isContentHidden\" data-wp-class--show=\"state.isContentVisible\" data-wp-init=\"callbacks.setButtonStyles\" data-wp-on--click=\"actions.showLightbox\" data-wp-on--load=\"callbacks.setButtonStyles\" data-wp-on--pointerdown=\"actions.preloadImage\" data-wp-on--pointerenter=\"actions.preloadImageWithDelay\" data-wp-on--pointerleave=\"actions.cancelPreload\" data-wp-on-window--resize=\"callbacks.setButtonStyles\" src=\"https:\/\/loudavymkrokem.cz\/wp-content\/uploads\/2026\/08\/bulharsko-research-varna-08-0a22195f.jpg\" alt=\"Torpedoboot Drazki im Marinemuseum in Varna\" class=\"wp-image-407783\" title=\"\" srcset=\"https:\/\/loudavymkrokem.cz\/wp-content\/uploads\/2026\/08\/bulharsko-research-varna-08-0a22195f.jpg 1800w, https:\/\/loudavymkrokem.cz\/wp-content\/uploads\/2026\/08\/bulharsko-research-varna-08-0a22195f-300x225.jpg 300w, https:\/\/loudavymkrokem.cz\/wp-content\/uploads\/2026\/08\/bulharsko-research-varna-08-0a22195f-700x525.jpg 700w, https:\/\/loudavymkrokem.cz\/wp-content\/uploads\/2026\/08\/bulharsko-research-varna-08-0a22195f-768x576.jpg 768w, https:\/\/loudavymkrokem.cz\/wp-content\/uploads\/2026\/08\/bulharsko-research-varna-08-0a22195f-1536x1152.jpg 1536w, https:\/\/loudavymkrokem.cz\/wp-content\/uploads\/2026\/08\/bulharsko-research-varna-08-0a22195f-80x60.jpg 80w, https:\/\/loudavymkrokem.cz\/wp-content\/uploads\/2026\/08\/bulharsko-research-varna-08-0a22195f-160x120.jpg 160w, https:\/\/loudavymkrokem.cz\/wp-content\/uploads\/2026\/08\/bulharsko-research-varna-08-0a22195f-696x522.jpg 696w, https:\/\/loudavymkrokem.cz\/wp-content\/uploads\/2026\/08\/bulharsko-research-varna-08-0a22195f-1392x1044.jpg 1392w\" sizes=\"(max-width: 1800px) 100vw, 1800px\" \/><button\n\t\t\tclass=\"lightbox-trigger\"\n\t\t\ttype=\"button\"\n\t\t\taria-haspopup=\"dialog\"\n\t\t\tdata-wp-bind--aria-label=\"state.thisImage.triggerButtonAriaLabel\"\n\t\t\tdata-wp-init=\"callbacks.initTriggerButton\"\n\t\t\tdata-wp-on--click=\"actions.showLightbox\"\n\t\t\tdata-wp-style--right=\"state.thisImage.buttonRight\"\n\t\t\tdata-wp-style--top=\"state.thisImage.buttonTop\"\n\t\t>\n\t\t\t<svg xmlns=\"http:\/\/www.w3.org\/2000\/svg\" width=\"12\" height=\"12\" fill=\"none\" viewBox=\"0 0 12 12\">\n\t\t\t\t<path fill=\"#fff\" d=\"M2 0a2 2 0 0 0-2 2v2h1.5V2a.5.5 0 0 1 .5-.5h2V0H2Zm2 10.5H2a.5.5 0 0 1-.5-.5V8H0v2a2 2 0 0 0 2 2h2v-1.5ZM8 12v-1.5h2a.5.5 0 0 0 .5-.5V8H12v2a2 2 0 0 1-2 2H8Zm2-12a2 2 0 0 1 2 2v2h-1.5V2a.5.5 0 0 0-.5-.5H8V0h2Z\" \/>\n\t\t\t<\/svg>\n\t\t<\/button><figcaption class=\"wp-element-caption\">Foto: Micha\u0142 Derela, CC BY-SA 4.0 (Wikimedia Commons)<\/figcaption><\/figure>\n\n\n\n<h3 class=\"wp-block-heading\"><span class=\"ez-toc-section\" id=\"4_Marinemuseum_und_das_Torpedoboot_Drazki\"><\/span>4. Marinemuseum und das Torpedoboot Drazki<span class=\"ez-toc-section-end\"><\/span><\/h3>\n\n\n\n<p class=\"wp-block-paragraph\">Bulgarien ist stolz auf seine maritime Geschichte, und Varna ist der Hauptsitz seiner Flotte. Der gr\u00f6\u00dfte Anziehungspunkt dieses Museums ist nicht die Innenausstellung, sondern der Au\u00dfenpark, in dem das <strong>Torpedoboot Drazki<\/strong> steht. Es ist das weltweit einzige erhaltene Torpedoboot seines Typs. Dieses unscheinbare Schiff wurde 1912 ber\u00fchmt, als es aus unmittelbarer N\u00e4he von nur hundert Metern erfolgreich den m\u00e4chtigen t\u00fcrkischen Kreuzer Hamidiye torpedierte. \ud83d\udca1 <strong>Tipp:<\/strong> Das Einschussloch von einem Splitter aus jener ber\u00fchmten Schlacht ist bis heute im zweiten Schornstein des Schiffs sichtbar. Das Kombiticket f\u00fcr Museum und Schiffsdeck kostet 4,09 \u20ac, und am <strong>letzten Mittwoch im Monat ist der Eintritt frei<\/strong>.<\/p>\n\n\n\n<figure data-wp-context=\"{&quot;imageId&quot;:&quot;6a9c73bf62570&quot;}\" data-wp-interactive=\"core\/image\" data-wp-key=\"6a9c73bf62570\" class=\"wp-block-image size-full wp-lightbox-container\"><img decoding=\"async\" width=\"1800\" height=\"1200\" data-wp-class--hide=\"state.isContentHidden\" data-wp-class--show=\"state.isContentVisible\" data-wp-init=\"callbacks.setButtonStyles\" data-wp-on--click=\"actions.showLightbox\" data-wp-on--load=\"callbacks.setButtonStyles\" data-wp-on--pointerdown=\"actions.preloadImage\" data-wp-on--pointerenter=\"actions.preloadImageWithDelay\" data-wp-on--pointerleave=\"actions.cancelPreload\" data-wp-on-window--resize=\"callbacks.setButtonStyles\" src=\"https:\/\/loudavymkrokem.cz\/wp-content\/uploads\/2026\/08\/bulharsko-research-varna-09-1de3faeb.jpg\" alt=\"Ethnografisches Museum in Varna\" class=\"wp-image-407784\" title=\"\" srcset=\"https:\/\/loudavymkrokem.cz\/wp-content\/uploads\/2026\/08\/bulharsko-research-varna-09-1de3faeb.jpg 1800w, https:\/\/loudavymkrokem.cz\/wp-content\/uploads\/2026\/08\/bulharsko-research-varna-09-1de3faeb-300x200.jpg 300w, https:\/\/loudavymkrokem.cz\/wp-content\/uploads\/2026\/08\/bulharsko-research-varna-09-1de3faeb-700x467.jpg 700w, https:\/\/loudavymkrokem.cz\/wp-content\/uploads\/2026\/08\/bulharsko-research-varna-09-1de3faeb-768x512.jpg 768w, https:\/\/loudavymkrokem.cz\/wp-content\/uploads\/2026\/08\/bulharsko-research-varna-09-1de3faeb-1536x1024.jpg 1536w, https:\/\/loudavymkrokem.cz\/wp-content\/uploads\/2026\/08\/bulharsko-research-varna-09-1de3faeb-696x464.jpg 696w, https:\/\/loudavymkrokem.cz\/wp-content\/uploads\/2026\/08\/bulharsko-research-varna-09-1de3faeb-1392x928.jpg 1392w\" sizes=\"(max-width: 1800px) 100vw, 1800px\" \/><button\n\t\t\tclass=\"lightbox-trigger\"\n\t\t\ttype=\"button\"\n\t\t\taria-haspopup=\"dialog\"\n\t\t\tdata-wp-bind--aria-label=\"state.thisImage.triggerButtonAriaLabel\"\n\t\t\tdata-wp-init=\"callbacks.initTriggerButton\"\n\t\t\tdata-wp-on--click=\"actions.showLightbox\"\n\t\t\tdata-wp-style--right=\"state.thisImage.buttonRight\"\n\t\t\tdata-wp-style--top=\"state.thisImage.buttonTop\"\n\t\t>\n\t\t\t<svg xmlns=\"http:\/\/www.w3.org\/2000\/svg\" width=\"12\" height=\"12\" fill=\"none\" viewBox=\"0 0 12 12\">\n\t\t\t\t<path fill=\"#fff\" d=\"M2 0a2 2 0 0 0-2 2v2h1.5V2a.5.5 0 0 1 .5-.5h2V0H2Zm2 10.5H2a.5.5 0 0 1-.5-.5V8H0v2a2 2 0 0 0 2 2h2v-1.5ZM8 12v-1.5h2a.5.5 0 0 0 .5-.5V8H12v2a2 2 0 0 1-2 2H8Zm2-12a2 2 0 0 1 2 2v2h-1.5V2a.5.5 0 0 0-.5-.5H8V0h2Z\" \/>\n\t\t\t<\/svg>\n\t\t<\/button><figcaption class=\"wp-element-caption\">Foto: Ilonamay, CC BY-SA 3.0 (Wikimedia Commons)<\/figcaption><\/figure>\n\n\n\n<h3 class=\"wp-block-heading\"><span class=\"ez-toc-section\" id=\"5_Ethnografisches_Museum\"><\/span>5. Ethnografisches Museum<span class=\"ez-toc-section-end\"><\/span><\/h3>\n\n\n\n<p class=\"wp-block-paragraph\">Wenn du die Atmosph\u00e4re des alten Bulgariens aufsaugen willst, steuere dieses Museum an, das in einem wundersch\u00f6n restaurierten Haus aus dem 19. Jahrhundert untergebracht ist. Du erf\u00e4hrst hier alles \u00fcber traditionelle Handwerke, Landwirtschaft und Br\u00e4uche der Region Varna. Besonders faszinierend ist die Sammlung reich bestickter Trachten und ritueller Masken. \ud83d\udca1 <strong>Tipp:<\/strong> Der Eintritt kostet 5 \u20ac. Achte sehr auf die Winter\u00f6ffnungszeiten \u2013 <strong>von Oktober bis April ist das Museum samstags und sonntags geschlossen<\/strong>, es funktioniert also nur an Werktagen!<\/p>\n\n\n\n<figure data-wp-context=\"{&quot;imageId&quot;:&quot;6a9c73bf62a8c&quot;}\" data-wp-interactive=\"core\/image\" data-wp-key=\"6a9c73bf62a8c\" class=\"wp-block-image size-full wp-lightbox-container\"><img decoding=\"async\" width=\"1800\" height=\"1350\" data-wp-class--hide=\"state.isContentHidden\" data-wp-class--show=\"state.isContentVisible\" data-wp-init=\"callbacks.setButtonStyles\" data-wp-on--click=\"actions.showLightbox\" data-wp-on--load=\"callbacks.setButtonStyles\" data-wp-on--pointerdown=\"actions.preloadImage\" data-wp-on--pointerenter=\"actions.preloadImageWithDelay\" data-wp-on--pointerleave=\"actions.cancelPreload\" data-wp-on-window--resize=\"callbacks.setButtonStyles\" src=\"https:\/\/loudavymkrokem.cz\/wp-content\/uploads\/2026\/08\/bulharsko-research-varna-10-562a1f9e.jpg\" alt=\"Regierungslimousine Tschaika GAZ-13 im Retro-Museum in Varna\" class=\"wp-image-407785\" title=\"\" srcset=\"https:\/\/loudavymkrokem.cz\/wp-content\/uploads\/2026\/08\/bulharsko-research-varna-10-562a1f9e.jpg 1800w, https:\/\/loudavymkrokem.cz\/wp-content\/uploads\/2026\/08\/bulharsko-research-varna-10-562a1f9e-300x225.jpg 300w, https:\/\/loudavymkrokem.cz\/wp-content\/uploads\/2026\/08\/bulharsko-research-varna-10-562a1f9e-700x525.jpg 700w, https:\/\/loudavymkrokem.cz\/wp-content\/uploads\/2026\/08\/bulharsko-research-varna-10-562a1f9e-768x576.jpg 768w, https:\/\/loudavymkrokem.cz\/wp-content\/uploads\/2026\/08\/bulharsko-research-varna-10-562a1f9e-1536x1152.jpg 1536w, https:\/\/loudavymkrokem.cz\/wp-content\/uploads\/2026\/08\/bulharsko-research-varna-10-562a1f9e-80x60.jpg 80w, https:\/\/loudavymkrokem.cz\/wp-content\/uploads\/2026\/08\/bulharsko-research-varna-10-562a1f9e-160x120.jpg 160w, https:\/\/loudavymkrokem.cz\/wp-content\/uploads\/2026\/08\/bulharsko-research-varna-10-562a1f9e-696x522.jpg 696w, https:\/\/loudavymkrokem.cz\/wp-content\/uploads\/2026\/08\/bulharsko-research-varna-10-562a1f9e-1392x1044.jpg 1392w\" sizes=\"(max-width: 1800px) 100vw, 1800px\" \/><button\n\t\t\tclass=\"lightbox-trigger\"\n\t\t\ttype=\"button\"\n\t\t\taria-haspopup=\"dialog\"\n\t\t\tdata-wp-bind--aria-label=\"state.thisImage.triggerButtonAriaLabel\"\n\t\t\tdata-wp-init=\"callbacks.initTriggerButton\"\n\t\t\tdata-wp-on--click=\"actions.showLightbox\"\n\t\t\tdata-wp-style--right=\"state.thisImage.buttonRight\"\n\t\t\tdata-wp-style--top=\"state.thisImage.buttonTop\"\n\t\t>\n\t\t\t<svg xmlns=\"http:\/\/www.w3.org\/2000\/svg\" width=\"12\" height=\"12\" fill=\"none\" viewBox=\"0 0 12 12\">\n\t\t\t\t<path fill=\"#fff\" d=\"M2 0a2 2 0 0 0-2 2v2h1.5V2a.5.5 0 0 1 .5-.5h2V0H2Zm2 10.5H2a.5.5 0 0 1-.5-.5V8H0v2a2 2 0 0 0 2 2h2v-1.5ZM8 12v-1.5h2a.5.5 0 0 0 .5-.5V8H12v2a2 2 0 0 1-2 2H8Zm2-12a2 2 0 0 1 2 2v2h-1.5V2a.5.5 0 0 0-.5-.5H8V0h2Z\" \/>\n\t\t\t<\/svg>\n\t\t<\/button><figcaption class=\"wp-element-caption\">Foto: Thomas Peters (Google Maps)<\/figcaption><\/figure>\n\n\n\n<h3 class=\"wp-block-heading\"><span class=\"ez-toc-section\" id=\"6_Retro-Museum\"><\/span>6. Retro-Museum<span class=\"ez-toc-section-end\"><\/span><\/h3>\n\n\n\n<p class=\"wp-block-paragraph\">F\u00fcr Liebhaber j\u00fcngerer Geschichte und Nostalgie ist das Retro-Museum ein absolutes Muss. Es wurde 2015 als <strong>erstes Museum Bulgariens in einem Einkaufszentrum<\/strong> (Grand Mall) er\u00f6ffnet. Auf einer Fl\u00e4che von 4.000 Quadratmetern sammelt es Objekte aus den Jahren 1944\u20131989. Die Stars der Sammlung sind \u00fcber 50 perfekt restaurierte Oldtimer, darunter alte \u0160kodas, Moskwitschs und die luxuri\u00f6se Regierungslimousine Tschaika GAZ-13. \ud83d\udca1 <strong>Tipp:<\/strong> Das Museum ist t\u00e4glich von 10:00 bis 19:00 Uhr ge\u00f6ffnet, es ist also eine tolle Rettung f\u00fcr einen verregneten Nachmittag. Der Eintritt liegt umgerechnet bei etwa 15,34 \u20ac.<\/p>\n\n\n\n<figure data-wp-context=\"{&quot;imageId&quot;:&quot;6a9c73bf63020&quot;}\" data-wp-interactive=\"core\/image\" data-wp-key=\"6a9c73bf63020\" class=\"wp-block-image size-full wp-lightbox-container\"><img decoding=\"async\" width=\"1800\" height=\"1350\" data-wp-class--hide=\"state.isContentHidden\" data-wp-class--show=\"state.isContentVisible\" data-wp-init=\"callbacks.setButtonStyles\" data-wp-on--click=\"actions.showLightbox\" data-wp-on--load=\"callbacks.setButtonStyles\" data-wp-on--pointerdown=\"actions.preloadImage\" data-wp-on--pointerenter=\"actions.preloadImageWithDelay\" data-wp-on--pointerleave=\"actions.cancelPreload\" data-wp-on-window--resize=\"callbacks.setButtonStyles\" src=\"https:\/\/loudavymkrokem.cz\/wp-content\/uploads\/2026\/08\/bulharsko-research-varna-11-931a6f62.jpg\" alt=\"Uhrturm in Varna in abendlicher Beleuchtung\" class=\"wp-image-407786\" title=\"\" srcset=\"https:\/\/loudavymkrokem.cz\/wp-content\/uploads\/2026\/08\/bulharsko-research-varna-11-931a6f62.jpg 1800w, https:\/\/loudavymkrokem.cz\/wp-content\/uploads\/2026\/08\/bulharsko-research-varna-11-931a6f62-300x225.jpg 300w, https:\/\/loudavymkrokem.cz\/wp-content\/uploads\/2026\/08\/bulharsko-research-varna-11-931a6f62-700x525.jpg 700w, https:\/\/loudavymkrokem.cz\/wp-content\/uploads\/2026\/08\/bulharsko-research-varna-11-931a6f62-768x576.jpg 768w, https:\/\/loudavymkrokem.cz\/wp-content\/uploads\/2026\/08\/bulharsko-research-varna-11-931a6f62-1536x1152.jpg 1536w, https:\/\/loudavymkrokem.cz\/wp-content\/uploads\/2026\/08\/bulharsko-research-varna-11-931a6f62-80x60.jpg 80w, https:\/\/loudavymkrokem.cz\/wp-content\/uploads\/2026\/08\/bulharsko-research-varna-11-931a6f62-160x120.jpg 160w, https:\/\/loudavymkrokem.cz\/wp-content\/uploads\/2026\/08\/bulharsko-research-varna-11-931a6f62-696x522.jpg 696w, https:\/\/loudavymkrokem.cz\/wp-content\/uploads\/2026\/08\/bulharsko-research-varna-11-931a6f62-1392x1044.jpg 1392w\" sizes=\"(max-width: 1800px) 100vw, 1800px\" \/><button\n\t\t\tclass=\"lightbox-trigger\"\n\t\t\ttype=\"button\"\n\t\t\taria-haspopup=\"dialog\"\n\t\t\tdata-wp-bind--aria-label=\"state.thisImage.triggerButtonAriaLabel\"\n\t\t\tdata-wp-init=\"callbacks.initTriggerButton\"\n\t\t\tdata-wp-on--click=\"actions.showLightbox\"\n\t\t\tdata-wp-style--right=\"state.thisImage.buttonRight\"\n\t\t\tdata-wp-style--top=\"state.thisImage.buttonTop\"\n\t\t>\n\t\t\t<svg xmlns=\"http:\/\/www.w3.org\/2000\/svg\" width=\"12\" height=\"12\" fill=\"none\" viewBox=\"0 0 12 12\">\n\t\t\t\t<path fill=\"#fff\" d=\"M2 0a2 2 0 0 0-2 2v2h1.5V2a.5.5 0 0 1 .5-.5h2V0H2Zm2 10.5H2a.5.5 0 0 1-.5-.5V8H0v2a2 2 0 0 0 2 2h2v-1.5ZM8 12v-1.5h2a.5.5 0 0 0 .5-.5V8H12v2a2 2 0 0 1-2 2H8Zm2-12a2 2 0 0 1 2 2v2h-1.5V2a.5.5 0 0 0-.5-.5H8V0h2Z\" \/>\n\t\t\t<\/svg>\n\t\t<\/button><figcaption class=\"wp-element-caption\">Foto: Dian1981, CC BY-SA 4.0 (Wikimedia Commons)<\/figcaption><\/figure>\n\n\n\n<h3 class=\"wp-block-heading\"><span class=\"ez-toc-section\" id=\"7_Uhrturm\"><\/span>7. Uhrturm<span class=\"ez-toc-section-end\"><\/span><\/h3>\n\n\n\n<p class=\"wp-block-paragraph\">Nur ein kurzes St\u00fcck vom zentralen Platz Nezavisimost entfernt, an einem mit dem Stadttheater verwachsenen Geb\u00e4ude, steht der <strong>24 Meter hohe Uhrturm<\/strong>. Urspr\u00fcnglich war er ein Beobachtungsposten der Feuerwehr, denn aus seiner H\u00f6he konnte man die ganze damalige Stadt \u00fcberblicken. Das Uhrwerk englischer Fertigung wurde 1890 eingebaut, und den Feuerwehrdienst beendete man erst acht Jahre sp\u00e4ter, als die Feuerwehr endlich ein Telefon bekam. Im an den Turm angebauten Saal wurde au\u00dferdem am 9. Dezember 1934 zum ersten Mal Radio Varna gesendet. \ud83d\udca1 <strong>Tipp:<\/strong> Den Turm besichtigst du nur von au\u00dfen, also <strong>v\u00f6llig kostenlos<\/strong>. Die Umgebung des Platzes ist voller B\u00e4nke und Caf\u00e9s, es eignet sich also f\u00fcr einen schnellen Kaffee beim Wechsel zwischen Kathedrale und Meeresgarten.<\/p>\n\n\n\n<figure data-wp-context=\"{&quot;imageId&quot;:&quot;6a9c73bf635a9&quot;}\" data-wp-interactive=\"core\/image\" data-wp-key=\"6a9c73bf635a9\" class=\"wp-block-image size-full wp-lightbox-container\"><img decoding=\"async\" width=\"1800\" height=\"1350\" data-wp-class--hide=\"state.isContentHidden\" data-wp-class--show=\"state.isContentVisible\" data-wp-init=\"callbacks.setButtonStyles\" data-wp-on--click=\"actions.showLightbox\" data-wp-on--load=\"callbacks.setButtonStyles\" data-wp-on--pointerdown=\"actions.preloadImage\" data-wp-on--pointerenter=\"actions.preloadImageWithDelay\" data-wp-on--pointerleave=\"actions.cancelPreload\" data-wp-on-window--resize=\"callbacks.setButtonStyles\" src=\"https:\/\/loudavymkrokem.cz\/wp-content\/uploads\/2026\/08\/bulharsko-research-varna-12-40e5b778.jpg\" alt=\"Baumallee mit Blumenbeeten im Meeresgarten in Varna\" class=\"wp-image-407787\" title=\"\" srcset=\"https:\/\/loudavymkrokem.cz\/wp-content\/uploads\/2026\/08\/bulharsko-research-varna-12-40e5b778.jpg 1800w, https:\/\/loudavymkrokem.cz\/wp-content\/uploads\/2026\/08\/bulharsko-research-varna-12-40e5b778-300x225.jpg 300w, https:\/\/loudavymkrokem.cz\/wp-content\/uploads\/2026\/08\/bulharsko-research-varna-12-40e5b778-700x525.jpg 700w, https:\/\/loudavymkrokem.cz\/wp-content\/uploads\/2026\/08\/bulharsko-research-varna-12-40e5b778-768x576.jpg 768w, https:\/\/loudavymkrokem.cz\/wp-content\/uploads\/2026\/08\/bulharsko-research-varna-12-40e5b778-1536x1152.jpg 1536w, https:\/\/loudavymkrokem.cz\/wp-content\/uploads\/2026\/08\/bulharsko-research-varna-12-40e5b778-80x60.jpg 80w, https:\/\/loudavymkrokem.cz\/wp-content\/uploads\/2026\/08\/bulharsko-research-varna-12-40e5b778-160x120.jpg 160w, https:\/\/loudavymkrokem.cz\/wp-content\/uploads\/2026\/08\/bulharsko-research-varna-12-40e5b778-696x522.jpg 696w, https:\/\/loudavymkrokem.cz\/wp-content\/uploads\/2026\/08\/bulharsko-research-varna-12-40e5b778-1392x1044.jpg 1392w\" sizes=\"(max-width: 1800px) 100vw, 1800px\" \/><button\n\t\t\tclass=\"lightbox-trigger\"\n\t\t\ttype=\"button\"\n\t\t\taria-haspopup=\"dialog\"\n\t\t\tdata-wp-bind--aria-label=\"state.thisImage.triggerButtonAriaLabel\"\n\t\t\tdata-wp-init=\"callbacks.initTriggerButton\"\n\t\t\tdata-wp-on--click=\"actions.showLightbox\"\n\t\t\tdata-wp-style--right=\"state.thisImage.buttonRight\"\n\t\t\tdata-wp-style--top=\"state.thisImage.buttonTop\"\n\t\t>\n\t\t\t<svg xmlns=\"http:\/\/www.w3.org\/2000\/svg\" width=\"12\" height=\"12\" fill=\"none\" viewBox=\"0 0 12 12\">\n\t\t\t\t<path fill=\"#fff\" d=\"M2 0a2 2 0 0 0-2 2v2h1.5V2a.5.5 0 0 1 .5-.5h2V0H2Zm2 10.5H2a.5.5 0 0 1-.5-.5V8H0v2a2 2 0 0 0 2 2h2v-1.5ZM8 12v-1.5h2a.5.5 0 0 0 .5-.5V8H12v2a2 2 0 0 1-2 2H8Zm2-12a2 2 0 0 1 2 2v2h-1.5V2a.5.5 0 0 0-.5-.5H8V0h2Z\" \/>\n\t\t\t<\/svg>\n\t\t<\/button><figcaption class=\"wp-element-caption\">Foto: Petar Petrov (Google Maps)<\/figcaption><\/figure>\n\n\n\n<h2 class=\"wp-block-heading\"><span class=\"ez-toc-section\" id=\"Meeresgarten_und_Kueste\"><\/span>Meeresgarten und K\u00fcste<span class=\"ez-toc-section-end\"><\/span><\/h2>\n\n\n\n<p class=\"wp-block-paragraph\">W\u00e4hrend sich die Geschichte im Zentrum abspielt, schl\u00e4gt das Herz der Stadt entlang der K\u00fcste. Der <strong>Meeresgarten (Morska Gradina)<\/strong> ist die gr\u00fcne Lunge von Varna und geht nahtlos in <strong>kilometerlange Sandstr\u00e4nde<\/strong> \u00fcber.<\/p>\n\n\n\n<figure data-wp-context=\"{&quot;imageId&quot;:&quot;6a9c73bf63b02&quot;}\" data-wp-interactive=\"core\/image\" data-wp-key=\"6a9c73bf63b02\" class=\"wp-block-image size-full wp-lightbox-container\"><img decoding=\"async\" width=\"1800\" height=\"1350\" data-wp-class--hide=\"state.isContentHidden\" data-wp-class--show=\"state.isContentVisible\" data-wp-init=\"callbacks.setButtonStyles\" data-wp-on--click=\"actions.showLightbox\" data-wp-on--load=\"callbacks.setButtonStyles\" data-wp-on--pointerdown=\"actions.preloadImage\" data-wp-on--pointerenter=\"actions.preloadImageWithDelay\" data-wp-on--pointerleave=\"actions.cancelPreload\" data-wp-on-window--resize=\"callbacks.setButtonStyles\" src=\"https:\/\/loudavymkrokem.cz\/wp-content\/uploads\/2026\/08\/bulharsko-research-varna-13-57ac5022.jpg\" alt=\"Blumenbeete im Meeresgarten in Varna\" class=\"wp-image-407788\" title=\"\" srcset=\"https:\/\/loudavymkrokem.cz\/wp-content\/uploads\/2026\/08\/bulharsko-research-varna-13-57ac5022.jpg 1800w, https:\/\/loudavymkrokem.cz\/wp-content\/uploads\/2026\/08\/bulharsko-research-varna-13-57ac5022-300x225.jpg 300w, https:\/\/loudavymkrokem.cz\/wp-content\/uploads\/2026\/08\/bulharsko-research-varna-13-57ac5022-700x525.jpg 700w, https:\/\/loudavymkrokem.cz\/wp-content\/uploads\/2026\/08\/bulharsko-research-varna-13-57ac5022-768x576.jpg 768w, https:\/\/loudavymkrokem.cz\/wp-content\/uploads\/2026\/08\/bulharsko-research-varna-13-57ac5022-1536x1152.jpg 1536w, https:\/\/loudavymkrokem.cz\/wp-content\/uploads\/2026\/08\/bulharsko-research-varna-13-57ac5022-80x60.jpg 80w, https:\/\/loudavymkrokem.cz\/wp-content\/uploads\/2026\/08\/bulharsko-research-varna-13-57ac5022-160x120.jpg 160w, https:\/\/loudavymkrokem.cz\/wp-content\/uploads\/2026\/08\/bulharsko-research-varna-13-57ac5022-696x522.jpg 696w, https:\/\/loudavymkrokem.cz\/wp-content\/uploads\/2026\/08\/bulharsko-research-varna-13-57ac5022-1392x1044.jpg 1392w\" sizes=\"(max-width: 1800px) 100vw, 1800px\" \/><button\n\t\t\tclass=\"lightbox-trigger\"\n\t\t\ttype=\"button\"\n\t\t\taria-haspopup=\"dialog\"\n\t\t\tdata-wp-bind--aria-label=\"state.thisImage.triggerButtonAriaLabel\"\n\t\t\tdata-wp-init=\"callbacks.initTriggerButton\"\n\t\t\tdata-wp-on--click=\"actions.showLightbox\"\n\t\t\tdata-wp-style--right=\"state.thisImage.buttonRight\"\n\t\t\tdata-wp-style--top=\"state.thisImage.buttonTop\"\n\t\t>\n\t\t\t<svg xmlns=\"http:\/\/www.w3.org\/2000\/svg\" width=\"12\" height=\"12\" fill=\"none\" viewBox=\"0 0 12 12\">\n\t\t\t\t<path fill=\"#fff\" d=\"M2 0a2 2 0 0 0-2 2v2h1.5V2a.5.5 0 0 1 .5-.5h2V0H2Zm2 10.5H2a.5.5 0 0 1-.5-.5V8H0v2a2 2 0 0 0 2 2h2v-1.5ZM8 12v-1.5h2a.5.5 0 0 0 .5-.5V8H12v2a2 2 0 0 1-2 2H8Zm2-12a2 2 0 0 1 2 2v2h-1.5V2a.5.5 0 0 0-.5-.5H8V0h2Z\" \/>\n\t\t\t<\/svg>\n\t\t<\/button><figcaption class=\"wp-element-caption\">Foto: Alicia Fagerving, CC BY-SA 3.0 (Wikimedia Commons)<\/figcaption><\/figure>\n\n\n\n<h3 class=\"wp-block-heading\"><span class=\"ez-toc-section\" id=\"8_Meeresgarten\"><\/span>8. Meeresgarten<span class=\"ez-toc-section-end\"><\/span><\/h3>\n\n\n\n<p class=\"wp-block-paragraph\">Dieser riesige Park von rund 82 Hektar ist das Werk des tschechischen Gartenarchitekten <strong>Anton Nov\u00e1k<\/strong>, der auf Einladung der Gebr\u00fcder \u0160korpil hierher kam. Nov\u00e1k lie\u00df die damalige M\u00fcllhalde und den Schlachthof verlegen und errichtete an ihrer Stelle einen atemberaubenden Park aus Geh\u00f6lzen, die mit Fuhrwerken vom ganzen Balkan und aus dem Mittelmeerraum herbeigeschafft wurden. F\u00fcr seine lebenslange Arbeit f\u00fcr die Stadt hat er im Park ein verdientes Denkmal. \ud83d\udca1 <strong>Tipp:<\/strong> Der Eintritt in den Park ist rund um die Uhr frei. Sein historischer Kern von 55 Hektar ist Schutzgebiet und hat so seine urspr\u00fcngliche Gestalt samt der monumentalen Eingangskolonnade von 1939 bewahrt.<\/p>\n\n\n\n<figure data-wp-context=\"{&quot;imageId&quot;:&quot;6a9c73bf6406a&quot;}\" data-wp-interactive=\"core\/image\" data-wp-key=\"6a9c73bf6406a\" class=\"wp-block-image size-full wp-lightbox-container\"><img decoding=\"async\" width=\"1800\" height=\"1350\" data-wp-class--hide=\"state.isContentHidden\" data-wp-class--show=\"state.isContentVisible\" data-wp-init=\"callbacks.setButtonStyles\" data-wp-on--click=\"actions.showLightbox\" data-wp-on--load=\"callbacks.setButtonStyles\" data-wp-on--pointerdown=\"actions.preloadImage\" data-wp-on--pointerenter=\"actions.preloadImageWithDelay\" data-wp-on--pointerleave=\"actions.cancelPreload\" data-wp-on-window--resize=\"callbacks.setButtonStyles\" src=\"https:\/\/loudavymkrokem.cz\/wp-content\/uploads\/2026\/08\/bulharsko-research-varna-14-bf783a56.jpg\" alt=\"Aquarium in Varna\" class=\"wp-image-407789\" title=\"\" srcset=\"https:\/\/loudavymkrokem.cz\/wp-content\/uploads\/2026\/08\/bulharsko-research-varna-14-bf783a56.jpg 1800w, https:\/\/loudavymkrokem.cz\/wp-content\/uploads\/2026\/08\/bulharsko-research-varna-14-bf783a56-300x225.jpg 300w, https:\/\/loudavymkrokem.cz\/wp-content\/uploads\/2026\/08\/bulharsko-research-varna-14-bf783a56-700x525.jpg 700w, https:\/\/loudavymkrokem.cz\/wp-content\/uploads\/2026\/08\/bulharsko-research-varna-14-bf783a56-768x576.jpg 768w, https:\/\/loudavymkrokem.cz\/wp-content\/uploads\/2026\/08\/bulharsko-research-varna-14-bf783a56-1536x1152.jpg 1536w, https:\/\/loudavymkrokem.cz\/wp-content\/uploads\/2026\/08\/bulharsko-research-varna-14-bf783a56-80x60.jpg 80w, https:\/\/loudavymkrokem.cz\/wp-content\/uploads\/2026\/08\/bulharsko-research-varna-14-bf783a56-160x120.jpg 160w, https:\/\/loudavymkrokem.cz\/wp-content\/uploads\/2026\/08\/bulharsko-research-varna-14-bf783a56-696x522.jpg 696w, https:\/\/loudavymkrokem.cz\/wp-content\/uploads\/2026\/08\/bulharsko-research-varna-14-bf783a56-1392x1044.jpg 1392w\" sizes=\"(max-width: 1800px) 100vw, 1800px\" \/><button\n\t\t\tclass=\"lightbox-trigger\"\n\t\t\ttype=\"button\"\n\t\t\taria-haspopup=\"dialog\"\n\t\t\tdata-wp-bind--aria-label=\"state.thisImage.triggerButtonAriaLabel\"\n\t\t\tdata-wp-init=\"callbacks.initTriggerButton\"\n\t\t\tdata-wp-on--click=\"actions.showLightbox\"\n\t\t\tdata-wp-style--right=\"state.thisImage.buttonRight\"\n\t\t\tdata-wp-style--top=\"state.thisImage.buttonTop\"\n\t\t>\n\t\t\t<svg xmlns=\"http:\/\/www.w3.org\/2000\/svg\" width=\"12\" height=\"12\" fill=\"none\" viewBox=\"0 0 12 12\">\n\t\t\t\t<path fill=\"#fff\" d=\"M2 0a2 2 0 0 0-2 2v2h1.5V2a.5.5 0 0 1 .5-.5h2V0H2Zm2 10.5H2a.5.5 0 0 1-.5-.5V8H0v2a2 2 0 0 0 2 2h2v-1.5ZM8 12v-1.5h2a.5.5 0 0 0 .5-.5V8H12v2a2 2 0 0 1-2 2H8Zm2-12a2 2 0 0 1 2 2v2h-1.5V2a.5.5 0 0 0-.5-.5H8V0h2Z\" \/>\n\t\t\t<\/svg>\n\t\t<\/button><figcaption class=\"wp-element-caption\">Foto: \u0421\u043f\u0430\u0441\u0438\u043c\u0438\u0440 (Spasimir Pilev), CC BY-SA 4.0 (Wikimedia Commons)<\/figcaption><\/figure>\n\n\n\n<h3 class=\"wp-block-heading\"><span class=\"ez-toc-section\" id=\"9_Aquarium_Varna\"><\/span>9. Aquarium Varna<span class=\"ez-toc-section-end\"><\/span><\/h3>\n\n\n\n<p class=\"wp-block-paragraph\">Das historische Geb\u00e4ude des Aquariums, dessen Grundstein F\u00fcrst Ferdinand bereits 1906 legte, verbirgt einen faszinierenden Blick unter die Oberfl\u00e4che des Schwarzen Meeres. Die Institution selbst existiert seit 1932. Erwarte keine riesigen Ozeanarien wie in Westeuropa, es ist eher eine traditionelle, historisch wertvolle Ausstellung, die sich auf die lokale Flora und Fauna des Schwarzen Meeres konzentriert. \ud83d\udca1 <strong>Tipp:<\/strong> Mit einem Eintritt von nur 2 \u20ac ist es die <strong>g\u00fcnstigste kostenpflichtige Attraktion der Stadt<\/strong>. Im Winter ist von 9:00 bis 17:00 Uhr ge\u00f6ffnet, montags ist Ruhetag.<\/p>\n\n\n\n<figure data-wp-context=\"{&quot;imageId&quot;:&quot;6a9c73bf6466f&quot;}\" data-wp-interactive=\"core\/image\" data-wp-key=\"6a9c73bf6466f\" class=\"wp-block-image size-full wp-lightbox-container\"><img decoding=\"async\" width=\"1800\" height=\"1195\" data-wp-class--hide=\"state.isContentHidden\" data-wp-class--show=\"state.isContentVisible\" data-wp-init=\"callbacks.setButtonStyles\" data-wp-on--click=\"actions.showLightbox\" data-wp-on--load=\"callbacks.setButtonStyles\" data-wp-on--pointerdown=\"actions.preloadImage\" data-wp-on--pointerenter=\"actions.preloadImageWithDelay\" data-wp-on--pointerleave=\"actions.cancelPreload\" data-wp-on-window--resize=\"callbacks.setButtonStyles\" src=\"https:\/\/loudavymkrokem.cz\/wp-content\/uploads\/2026\/08\/bulharsko-research-varna-15-e0bcc689.jpg\" alt=\"Delfinshow im Delfinarium Festa in Varna\" class=\"wp-image-407790\" title=\"\" srcset=\"https:\/\/loudavymkrokem.cz\/wp-content\/uploads\/2026\/08\/bulharsko-research-varna-15-e0bcc689.jpg 1800w, https:\/\/loudavymkrokem.cz\/wp-content\/uploads\/2026\/08\/bulharsko-research-varna-15-e0bcc689-300x199.jpg 300w, https:\/\/loudavymkrokem.cz\/wp-content\/uploads\/2026\/08\/bulharsko-research-varna-15-e0bcc689-700x465.jpg 700w, https:\/\/loudavymkrokem.cz\/wp-content\/uploads\/2026\/08\/bulharsko-research-varna-15-e0bcc689-768x510.jpg 768w, https:\/\/loudavymkrokem.cz\/wp-content\/uploads\/2026\/08\/bulharsko-research-varna-15-e0bcc689-1536x1020.jpg 1536w, https:\/\/loudavymkrokem.cz\/wp-content\/uploads\/2026\/08\/bulharsko-research-varna-15-e0bcc689-696x462.jpg 696w, https:\/\/loudavymkrokem.cz\/wp-content\/uploads\/2026\/08\/bulharsko-research-varna-15-e0bcc689-1392x924.jpg 1392w\" sizes=\"(max-width: 1800px) 100vw, 1800px\" \/><button\n\t\t\tclass=\"lightbox-trigger\"\n\t\t\ttype=\"button\"\n\t\t\taria-haspopup=\"dialog\"\n\t\t\tdata-wp-bind--aria-label=\"state.thisImage.triggerButtonAriaLabel\"\n\t\t\tdata-wp-init=\"callbacks.initTriggerButton\"\n\t\t\tdata-wp-on--click=\"actions.showLightbox\"\n\t\t\tdata-wp-style--right=\"state.thisImage.buttonRight\"\n\t\t\tdata-wp-style--top=\"state.thisImage.buttonTop\"\n\t\t>\n\t\t\t<svg xmlns=\"http:\/\/www.w3.org\/2000\/svg\" width=\"12\" height=\"12\" fill=\"none\" viewBox=\"0 0 12 12\">\n\t\t\t\t<path fill=\"#fff\" d=\"M2 0a2 2 0 0 0-2 2v2h1.5V2a.5.5 0 0 1 .5-.5h2V0H2Zm2 10.5H2a.5.5 0 0 1-.5-.5V8H0v2a2 2 0 0 0 2 2h2v-1.5ZM8 12v-1.5h2a.5.5 0 0 0 .5-.5V8H12v2a2 2 0 0 1-2 2H8Zm2-12a2 2 0 0 1 2 2v2h-1.5V2a.5.5 0 0 0-.5-.5H8V0h2Z\" \/>\n\t\t\t<\/svg>\n\t\t<\/button><figcaption class=\"wp-element-caption\">Foto: INSAR, CC BY-SA 3.0 (Wikimedia Commons)<\/figcaption><\/figure>\n\n\n\n<h3 class=\"wp-block-heading\"><span class=\"ez-toc-section\" id=\"10_Delfinarium_Festa\"><\/span>10. Delfinarium Festa<span class=\"ez-toc-section-end\"><\/span><\/h3>\n\n\n\n<p class=\"wp-block-paragraph\">Die ber\u00fchmteste Attraktion des Meeresgartens lockt Familien mit Kindern mit regelm\u00e4\u00dfigen Delfinshows. Das <a href=\"https:\/\/dolphinariumvarna.bg\/\" rel=\"nofollow noopener\" target=\"_blank\">Delfinarium<\/a> ist ganzj\u00e4hrig ge\u00f6ffnet, was beweist, dass Varna auch au\u00dferhalb der Saison wirklich nicht schl\u00e4ft. In der sommerlichen Hauptsaison finden bis zu vier Vorstellungen t\u00e4glich statt, im Winter gibt es nur eine Mittagsvorstellung. \ud83d\udca1 <strong>Tipp:<\/strong> Die Tickets sind recht teuer, in der Sommerspitze zahlt ein Erwachsener <strong>26 \u20ac<\/strong>. F\u00e4hrst du im Winter, f\u00e4llt der Preis auf 14 \u20ac. Denk daran, dass das Delfinarium in der Wintersaison montags geschlossen ist.<\/p>\n\n\n\n<figure data-wp-context=\"{&quot;imageId&quot;:&quot;6a9c73bf64d18&quot;}\" data-wp-interactive=\"core\/image\" data-wp-key=\"6a9c73bf64d18\" class=\"wp-block-image size-full wp-lightbox-container\"><img decoding=\"async\" width=\"1800\" height=\"1350\" data-wp-class--hide=\"state.isContentHidden\" data-wp-class--show=\"state.isContentVisible\" data-wp-init=\"callbacks.setButtonStyles\" data-wp-on--click=\"actions.showLightbox\" data-wp-on--load=\"callbacks.setButtonStyles\" data-wp-on--pointerdown=\"actions.preloadImage\" data-wp-on--pointerenter=\"actions.preloadImageWithDelay\" data-wp-on--pointerleave=\"actions.cancelPreload\" data-wp-on-window--resize=\"callbacks.setButtonStyles\" src=\"https:\/\/loudavymkrokem.cz\/wp-content\/uploads\/2026\/08\/bulharsko-research-varna-16-580f258c.jpg\" alt=\"Alpaka im Streichelbereich des Zoos in Varna\" class=\"wp-image-407791\" title=\"\" srcset=\"https:\/\/loudavymkrokem.cz\/wp-content\/uploads\/2026\/08\/bulharsko-research-varna-16-580f258c.jpg 1800w, https:\/\/loudavymkrokem.cz\/wp-content\/uploads\/2026\/08\/bulharsko-research-varna-16-580f258c-300x225.jpg 300w, https:\/\/loudavymkrokem.cz\/wp-content\/uploads\/2026\/08\/bulharsko-research-varna-16-580f258c-700x525.jpg 700w, https:\/\/loudavymkrokem.cz\/wp-content\/uploads\/2026\/08\/bulharsko-research-varna-16-580f258c-768x576.jpg 768w, https:\/\/loudavymkrokem.cz\/wp-content\/uploads\/2026\/08\/bulharsko-research-varna-16-580f258c-1536x1152.jpg 1536w, https:\/\/loudavymkrokem.cz\/wp-content\/uploads\/2026\/08\/bulharsko-research-varna-16-580f258c-80x60.jpg 80w, https:\/\/loudavymkrokem.cz\/wp-content\/uploads\/2026\/08\/bulharsko-research-varna-16-580f258c-160x120.jpg 160w, https:\/\/loudavymkrokem.cz\/wp-content\/uploads\/2026\/08\/bulharsko-research-varna-16-580f258c-696x522.jpg 696w, https:\/\/loudavymkrokem.cz\/wp-content\/uploads\/2026\/08\/bulharsko-research-varna-16-580f258c-1392x1044.jpg 1392w\" sizes=\"(max-width: 1800px) 100vw, 1800px\" \/><button\n\t\t\tclass=\"lightbox-trigger\"\n\t\t\ttype=\"button\"\n\t\t\taria-haspopup=\"dialog\"\n\t\t\tdata-wp-bind--aria-label=\"state.thisImage.triggerButtonAriaLabel\"\n\t\t\tdata-wp-init=\"callbacks.initTriggerButton\"\n\t\t\tdata-wp-on--click=\"actions.showLightbox\"\n\t\t\tdata-wp-style--right=\"state.thisImage.buttonRight\"\n\t\t\tdata-wp-style--top=\"state.thisImage.buttonTop\"\n\t\t>\n\t\t\t<svg xmlns=\"http:\/\/www.w3.org\/2000\/svg\" width=\"12\" height=\"12\" fill=\"none\" viewBox=\"0 0 12 12\">\n\t\t\t\t<path fill=\"#fff\" d=\"M2 0a2 2 0 0 0-2 2v2h1.5V2a.5.5 0 0 1 .5-.5h2V0H2Zm2 10.5H2a.5.5 0 0 1-.5-.5V8H0v2a2 2 0 0 0 2 2h2v-1.5ZM8 12v-1.5h2a.5.5 0 0 0 .5-.5V8H12v2a2 2 0 0 1-2 2H8Zm2-12a2 2 0 0 1 2 2v2h-1.5V2a.5.5 0 0 0-.5-.5H8V0h2Z\" \/>\n\t\t\t<\/svg>\n\t\t<\/button><figcaption class=\"wp-element-caption\">Foto: \u041a\u0430\u043b\u043e\u044f\u043d \u041c\u0438\u0446\u0435\u0432 (Google Maps)<\/figcaption><\/figure>\n\n\n\n<h3 class=\"wp-block-heading\"><span class=\"ez-toc-section\" id=\"11_Zoo_Varna\"><\/span>11. Zoo Varna<span class=\"ez-toc-section-end\"><\/span><\/h3>\n\n\n\n<p class=\"wp-block-paragraph\">Direkt neben dem Delfinarium findest du einen kleineren st\u00e4dtischen Zoo. Er ist nicht riesig, aber f\u00fcr einen entspannten Spaziergang mit Kindern absolut ideal. Neben den klassischen Gehegen gibt es auch einen Streichelbereich, in dem Kinder die Tiere streicheln k\u00f6nnen. Interessant ist, dass direkt unterhalb des Zoos am Strand Vtora Buna jedes Jahr Hunderte Schw\u00e4ne \u00fcberwintern. \ud83d\udca1 <strong>Tipp:<\/strong> Der Eintritt kostet 3 \u20ac und der Zoo ist <strong>das ganze Jahr \u00fcber ohne Ruhetag ge\u00f6ffnet<\/strong>. In den Wintermonaten (Oktober\u2013M\u00e4rz) schlie\u00dft er bereits um 16:30 Uhr.<\/p>\n\n\n\n<figure data-wp-context=\"{&quot;imageId&quot;:&quot;6a9c73bf652c1&quot;}\" data-wp-interactive=\"core\/image\" data-wp-key=\"6a9c73bf652c1\" class=\"wp-block-image size-full wp-lightbox-container\"><img decoding=\"async\" width=\"1800\" height=\"1350\" data-wp-class--hide=\"state.isContentHidden\" data-wp-class--show=\"state.isContentVisible\" data-wp-init=\"callbacks.setButtonStyles\" data-wp-on--click=\"actions.showLightbox\" data-wp-on--load=\"callbacks.setButtonStyles\" data-wp-on--pointerdown=\"actions.preloadImage\" data-wp-on--pointerenter=\"actions.preloadImageWithDelay\" data-wp-on--pointerleave=\"actions.cancelPreload\" data-wp-on-window--resize=\"callbacks.setButtonStyles\" src=\"https:\/\/loudavymkrokem.cz\/wp-content\/uploads\/2026\/08\/bulharsko-research-varna-17-df359c79.jpg\" alt=\"Nikolaus-Kopernikus-Planetarium in Varna\" class=\"wp-image-407792\" title=\"\" srcset=\"https:\/\/loudavymkrokem.cz\/wp-content\/uploads\/2026\/08\/bulharsko-research-varna-17-df359c79.jpg 1800w, https:\/\/loudavymkrokem.cz\/wp-content\/uploads\/2026\/08\/bulharsko-research-varna-17-df359c79-300x225.jpg 300w, https:\/\/loudavymkrokem.cz\/wp-content\/uploads\/2026\/08\/bulharsko-research-varna-17-df359c79-700x525.jpg 700w, https:\/\/loudavymkrokem.cz\/wp-content\/uploads\/2026\/08\/bulharsko-research-varna-17-df359c79-768x576.jpg 768w, https:\/\/loudavymkrokem.cz\/wp-content\/uploads\/2026\/08\/bulharsko-research-varna-17-df359c79-1536x1152.jpg 1536w, https:\/\/loudavymkrokem.cz\/wp-content\/uploads\/2026\/08\/bulharsko-research-varna-17-df359c79-80x60.jpg 80w, https:\/\/loudavymkrokem.cz\/wp-content\/uploads\/2026\/08\/bulharsko-research-varna-17-df359c79-160x120.jpg 160w, https:\/\/loudavymkrokem.cz\/wp-content\/uploads\/2026\/08\/bulharsko-research-varna-17-df359c79-696x522.jpg 696w, https:\/\/loudavymkrokem.cz\/wp-content\/uploads\/2026\/08\/bulharsko-research-varna-17-df359c79-1392x1044.jpg 1392w\" sizes=\"(max-width: 1800px) 100vw, 1800px\" \/><button\n\t\t\tclass=\"lightbox-trigger\"\n\t\t\ttype=\"button\"\n\t\t\taria-haspopup=\"dialog\"\n\t\t\tdata-wp-bind--aria-label=\"state.thisImage.triggerButtonAriaLabel\"\n\t\t\tdata-wp-init=\"callbacks.initTriggerButton\"\n\t\t\tdata-wp-on--click=\"actions.showLightbox\"\n\t\t\tdata-wp-style--right=\"state.thisImage.buttonRight\"\n\t\t\tdata-wp-style--top=\"state.thisImage.buttonTop\"\n\t\t>\n\t\t\t<svg xmlns=\"http:\/\/www.w3.org\/2000\/svg\" width=\"12\" height=\"12\" fill=\"none\" viewBox=\"0 0 12 12\">\n\t\t\t\t<path fill=\"#fff\" d=\"M2 0a2 2 0 0 0-2 2v2h1.5V2a.5.5 0 0 1 .5-.5h2V0H2Zm2 10.5H2a.5.5 0 0 1-.5-.5V8H0v2a2 2 0 0 0 2 2h2v-1.5ZM8 12v-1.5h2a.5.5 0 0 0 .5-.5V8H12v2a2 2 0 0 1-2 2H8Zm2-12a2 2 0 0 1 2 2v2h-1.5V2a.5.5 0 0 0-.5-.5H8V0h2Z\" \/>\n\t\t\t<\/svg>\n\t\t<\/button><figcaption class=\"wp-element-caption\">Foto: Mister No, CC BY 3.0 (Wikimedia Commons)<\/figcaption><\/figure>\n\n\n\n<h3 class=\"wp-block-heading\"><span class=\"ez-toc-section\" id=\"12_Planetarium_N_Kopernikus\"><\/span>12. Planetarium N. Kopernikus<span class=\"ez-toc-section-end\"><\/span><\/h3>\n\n\n\n<p class=\"wp-block-paragraph\">Der erste astronomische Komplex Bulgariens, 1968 er\u00f6ffnet, projiziert dank eines Zeiss-Projektors \u00fcber 5.500 Sterne auf seine riesige Kuppel. Es ist ein tolles Erlebnis f\u00fcr Weltraumfans, doch die Institution selbst hat <strong>sehr strenge Warnungen f\u00fcr Besucher<\/strong> herausgegeben. \ud83d\udca1 <strong>Tipp:<\/strong> Die Ton- und Lichteffekte sind f\u00fcr Kinder unter 10 Jahren \u00fcberhaupt nicht geeignet, und der Zutritt mit Kinderwagen wird dringend abgeraten. In den Saal f\u00fcr 72 Personen wird nach Beginn des Vortrags niemand mehr eingelassen. Der Eintritt betr\u00e4gt 3,58 \u20ac.<\/p>\n\n\n\n<figure data-wp-context=\"{&quot;imageId&quot;:&quot;6a9c73bf6581d&quot;}\" data-wp-interactive=\"core\/image\" data-wp-key=\"6a9c73bf6581d\" class=\"wp-block-image size-full wp-lightbox-container\"><img decoding=\"async\" width=\"1800\" height=\"706\" data-wp-class--hide=\"state.isContentHidden\" data-wp-class--show=\"state.isContentVisible\" data-wp-init=\"callbacks.setButtonStyles\" data-wp-on--click=\"actions.showLightbox\" data-wp-on--load=\"callbacks.setButtonStyles\" data-wp-on--pointerdown=\"actions.preloadImage\" data-wp-on--pointerenter=\"actions.preloadImageWithDelay\" data-wp-on--pointerleave=\"actions.cancelPreload\" data-wp-on-window--resize=\"callbacks.setButtonStyles\" src=\"https:\/\/loudavymkrokem.cz\/wp-content\/uploads\/2026\/08\/bulharsko-research-varna-18-0e8828ac.jpg\" alt=\"S\u00fcdstrand in Varna\" class=\"wp-image-407793\" title=\"\" srcset=\"https:\/\/loudavymkrokem.cz\/wp-content\/uploads\/2026\/08\/bulharsko-research-varna-18-0e8828ac.jpg 1800w, https:\/\/loudavymkrokem.cz\/wp-content\/uploads\/2026\/08\/bulharsko-research-varna-18-0e8828ac-300x118.jpg 300w, https:\/\/loudavymkrokem.cz\/wp-content\/uploads\/2026\/08\/bulharsko-research-varna-18-0e8828ac-700x275.jpg 700w, https:\/\/loudavymkrokem.cz\/wp-content\/uploads\/2026\/08\/bulharsko-research-varna-18-0e8828ac-768x301.jpg 768w, https:\/\/loudavymkrokem.cz\/wp-content\/uploads\/2026\/08\/bulharsko-research-varna-18-0e8828ac-1536x602.jpg 1536w, https:\/\/loudavymkrokem.cz\/wp-content\/uploads\/2026\/08\/bulharsko-research-varna-18-0e8828ac-696x273.jpg 696w, https:\/\/loudavymkrokem.cz\/wp-content\/uploads\/2026\/08\/bulharsko-research-varna-18-0e8828ac-1392x546.jpg 1392w\" sizes=\"(max-width: 1800px) 100vw, 1800px\" \/><button\n\t\t\tclass=\"lightbox-trigger\"\n\t\t\ttype=\"button\"\n\t\t\taria-haspopup=\"dialog\"\n\t\t\tdata-wp-bind--aria-label=\"state.thisImage.triggerButtonAriaLabel\"\n\t\t\tdata-wp-init=\"callbacks.initTriggerButton\"\n\t\t\tdata-wp-on--click=\"actions.showLightbox\"\n\t\t\tdata-wp-style--right=\"state.thisImage.buttonRight\"\n\t\t\tdata-wp-style--top=\"state.thisImage.buttonTop\"\n\t\t>\n\t\t\t<svg xmlns=\"http:\/\/www.w3.org\/2000\/svg\" width=\"12\" height=\"12\" fill=\"none\" viewBox=\"0 0 12 12\">\n\t\t\t\t<path fill=\"#fff\" d=\"M2 0a2 2 0 0 0-2 2v2h1.5V2a.5.5 0 0 1 .5-.5h2V0H2Zm2 10.5H2a.5.5 0 0 1-.5-.5V8H0v2a2 2 0 0 0 2 2h2v-1.5ZM8 12v-1.5h2a.5.5 0 0 0 .5-.5V8H12v2a2 2 0 0 1-2 2H8Zm2-12a2 2 0 0 1 2 2v2h-1.5V2a.5.5 0 0 0-.5-.5H8V0h2Z\" \/>\n\t\t\t<\/svg>\n\t\t<\/button><figcaption class=\"wp-element-caption\">Foto: kuchin ster, CC BY 3.0 (Wikimedia Commons)<\/figcaption><\/figure>\n\n\n\n<h3 class=\"wp-block-heading\"><span class=\"ez-toc-section\" id=\"13_Stadtstraende_und_Wasserqualitaet\"><\/span>13. Stadtstr\u00e4nde und Wasserqualit\u00e4t<span class=\"ez-toc-section-end\"><\/span><\/h3>\n\n\n\n<p class=\"wp-block-paragraph\">Varna r\u00fchmt sich mit 32 Kilometern K\u00fcste und mehr als zwei Dutzend Str\u00e4nden. Im Zentrum selbst ist der <strong>Zentralstrand<\/strong> am beliebtesten, er hat feinen Sand und meterweise flaches, ebenes Wasser, ist also perfekt f\u00fcr kleine Kinder. Der benachbarte Strand Oficerski hat ein steileres Gef\u00e4lle ins Wasser und ist f\u00fcr seine bis tief in die Nacht ge\u00f6ffneten Bars bekannt. Gleich daneben entspringt \u201eToplata Voda&#8220; \u2013 eine frei zug\u00e4ngliche Quelle heilender Thermalwasser mit einer Temperatur von \u00fcber 40 \u00b0C.<\/p>\n\n\n\n<p class=\"wp-block-paragraph\">Eine gute Nachricht f\u00fcr Touristen: Im August 2026 hat die Verbraucherschutzkommission die unfaire Praxis des Aufdr\u00e4ngens ganzer Sets verboten. Heute hast du <strong>das volle Recht, am Strand von Varna Sonnenschirm und Liege einzeln zu mieten<\/strong> (der Preis pro St\u00fcck liegt bei etwa 3,5 bis 5 \u20ac). Mindestens die H\u00e4lfte jedes Strandes muss zudem per Gesetz als freie Zone f\u00fcr Handt\u00fccher kostenlos bleiben. \ud83d\udca1 <strong>Tipp zur Wasserqualit\u00e4t:<\/strong> Laut offiziellem Monitoring ist das Wasser den gr\u00f6\u00dften Teil des Sommers sauber, langfristig die besten Ergebnisse haben der Zentralstrand und Asparuchovo. <strong>Nach starken Sturzregen solltest du jedoch den Strand Oficerski meiden<\/strong>, wo gelegentlich die Regenkanalisation \u00fcberl\u00e4uft (die aktuellen Ergebnisse h\u00e4ngen immer auf der <a href=\"https:\/\/rzi-varna.com\/\" rel=\"nofollow noopener\" target=\"_blank\">Website rzi-varna.com<\/a>).<\/p>\n\n\n\n<figure data-wp-context=\"{&quot;imageId&quot;:&quot;6a9c73bf65e28&quot;}\" data-wp-interactive=\"core\/image\" data-wp-key=\"6a9c73bf65e28\" class=\"wp-block-image size-full wp-lightbox-container\"><img decoding=\"async\" width=\"1800\" height=\"1012\" data-wp-class--hide=\"state.isContentHidden\" data-wp-class--show=\"state.isContentVisible\" data-wp-init=\"callbacks.setButtonStyles\" data-wp-on--click=\"actions.showLightbox\" data-wp-on--load=\"callbacks.setButtonStyles\" data-wp-on--pointerdown=\"actions.preloadImage\" data-wp-on--pointerenter=\"actions.preloadImageWithDelay\" data-wp-on--pointerleave=\"actions.cancelPreload\" data-wp-on-window--resize=\"callbacks.setButtonStyles\" src=\"https:\/\/loudavymkrokem.cz\/wp-content\/uploads\/2026\/08\/bulharsko-research-varna-19-fdecea77.jpg\" alt=\"Kap Galata s\u00fcdlich von Varna\" class=\"wp-image-407794\" title=\"\" srcset=\"https:\/\/loudavymkrokem.cz\/wp-content\/uploads\/2026\/08\/bulharsko-research-varna-19-fdecea77.jpg 1800w, https:\/\/loudavymkrokem.cz\/wp-content\/uploads\/2026\/08\/bulharsko-research-varna-19-fdecea77-300x169.jpg 300w, https:\/\/loudavymkrokem.cz\/wp-content\/uploads\/2026\/08\/bulharsko-research-varna-19-fdecea77-700x394.jpg 700w, https:\/\/loudavymkrokem.cz\/wp-content\/uploads\/2026\/08\/bulharsko-research-varna-19-fdecea77-768x432.jpg 768w, https:\/\/loudavymkrokem.cz\/wp-content\/uploads\/2026\/08\/bulharsko-research-varna-19-fdecea77-1536x864.jpg 1536w, https:\/\/loudavymkrokem.cz\/wp-content\/uploads\/2026\/08\/bulharsko-research-varna-19-fdecea77-696x391.jpg 696w, https:\/\/loudavymkrokem.cz\/wp-content\/uploads\/2026\/08\/bulharsko-research-varna-19-fdecea77-1392x783.jpg 1392w\" sizes=\"(max-width: 1800px) 100vw, 1800px\" \/><button\n\t\t\tclass=\"lightbox-trigger\"\n\t\t\ttype=\"button\"\n\t\t\taria-haspopup=\"dialog\"\n\t\t\tdata-wp-bind--aria-label=\"state.thisImage.triggerButtonAriaLabel\"\n\t\t\tdata-wp-init=\"callbacks.initTriggerButton\"\n\t\t\tdata-wp-on--click=\"actions.showLightbox\"\n\t\t\tdata-wp-style--right=\"state.thisImage.buttonRight\"\n\t\t\tdata-wp-style--top=\"state.thisImage.buttonTop\"\n\t\t>\n\t\t\t<svg xmlns=\"http:\/\/www.w3.org\/2000\/svg\" width=\"12\" height=\"12\" fill=\"none\" viewBox=\"0 0 12 12\">\n\t\t\t\t<path fill=\"#fff\" d=\"M2 0a2 2 0 0 0-2 2v2h1.5V2a.5.5 0 0 1 .5-.5h2V0H2Zm2 10.5H2a.5.5 0 0 1-.5-.5V8H0v2a2 2 0 0 0 2 2h2v-1.5ZM8 12v-1.5h2a.5.5 0 0 0 .5-.5V8H12v2a2 2 0 0 1-2 2H8Zm2-12a2 2 0 0 1 2 2v2h-1.5V2a.5.5 0 0 0-.5-.5H8V0h2Z\" \/>\n\t\t\t<\/svg>\n\t\t<\/button><figcaption class=\"wp-element-caption\">Foto: Spiritia, CC BY-SA 4.0 (Wikimedia Commons)<\/figcaption><\/figure>\n\n\n\n<!-- LKM_GYG_CARD start q=\"varna\" lang=\"de\" rendered=\"2026-09-05T17:31:04+00:00\" v=\"1\" -->\n<style id=\"lk-gyg-styles\">\n@import url(\"https:\/\/fonts.googleapis.com\/css2?family=Playfair+Display:wght@700&family=DM+Sans:wght@300;400;500;600&display=swap\");\n\/* === LK GYG karty \u2014 CRO redesign 2026-05 (namespace .lkx-) ===\n   C\u00edl: vy\u0161\u0161\u00ed CTR (hero + v\u00fdrazn\u00fd social proof + ak\u010dn\u00ed CTA, m\u00e9n\u011b \"reklamn\u00ed\").\n   Injektuje se inline do prvn\u00edho markeru postu (refresh_cards.py --inline-css). *\/\n.lkx-module, .lkx-module *{box-sizing:border-box;margin:0;padding:0}\n.lkx-module{\n  font-family:'DM Sans',-apple-system,Segoe UI,Roboto,Georgia,sans-serif;\n  max-width:860px;margin:2.5rem auto;color:#1f2328;\n}\n\n\/* HEADER \u2014 lehk\u00fd editorsk\u00fd, \u017e\u00e1dn\u00fd bannerov\u00fd blok; nadpis + popisek pod n\u00edm *\/\n.lkx-head{margin-bottom:16px}\n.lkx-head-main{display:flex;align-items:center;gap:10px}\n.lkx-head-accent{width:26px;height:3px;border-radius:2px;background:#c39f76;flex-shrink:0}\n.lkx-head-title{font-family:'Playfair Display',Georgia,serif;font-size:21px;font-weight:700;color:#1a1a1a;line-height:1.25}\n.lkx-head-meta{display:block;font-size:11px;letter-spacing:.3px;color:#9aa0a6;margin-top:4px;margin-left:36px}\n\n\/* HERO *\/\n.lkx-hero{display:grid;grid-template-columns:300px 1fr;background:#fff;border:1px solid #ece7df;border-radius:14px;overflow:hidden;text-decoration:none!important;color:inherit;box-shadow:0 6px 20px rgba(0,0,0,.06);transition:box-shadow .2s,transform .2s;margin-bottom:14px}\n.lkx-hero:hover{box-shadow:0 12px 30px rgba(0,0,0,.12);transform:translateY(-2px)}\n.lkx-hero-img{position:relative;min-height:230px;background-size:cover;background-position:center;background-color:#eee}\n.lkx-hero-body{padding:22px 24px;display:flex;flex-direction:column}\n.lkx-pick{position:absolute;top:12px;left:12px;background:#1a1a1a;color:#fff;font-size:11px;font-weight:700;letter-spacing:.5px;padding:5px 11px;border-radius:20px}\n\n\/* TITLE *\/\n.lkx-title{font-size:19px;font-weight:700;color:#161616;line-height:1.3}\n.lkx-title-sm{font-size:14.5px;line-height:1.35;display:-webkit-box;-webkit-line-clamp:2;-webkit-box-orient:vertical;overflow:hidden}\n\n\/* SOCIAL PROOF \u2014 v\u00fdrazn\u011b, naho\u0159e *\/\n.lkx-proof{display:flex;align-items:center;gap:7px;margin-top:12px;font-size:15px;color:#3a3a3a}\n.lkx-proof b{font-size:16px;color:#161616}\n.lkx-stars{color:#f5a623;letter-spacing:1px}\n.lkx-proof-sm{font-size:12.5px;margin-top:8px;gap:5px}\n.lkx-proof-sm b{font-size:13px}\n.lkx-proof-new{color:#3685fc;font-weight:600}\n\n\/* PRICE \u2014 n\u00edzk\u00e1 kotva *\/\n.lkx-price{font-size:14px;color:#6b7280}\n.lkx-price b{font-size:20px;color:#161616;font-weight:700}\n.lkx-price-sm b{font-size:15px}\n\n\/* CTA \u2014 tepl\u00e9 ak\u010dn\u00ed tla\u010d\u00edtko *\/\n.lkx-cta{display:inline-flex;align-items:center;justify-content:center;text-decoration:none!important;font-weight:700;color:#fff!important;background:linear-gradient(135deg,#f6743f,#e8552a);border-radius:10px;box-shadow:0 6px 16px rgba(232,85,42,.32);transition:box-shadow .2s}\n.lkx-cta-hero{font-size:15px;padding:13px 22px}\n.lkx-hero:hover .lkx-cta-hero{box-shadow:0 8px 22px rgba(232,85,42,.45)}\n.lkx-cta-sm{font-size:12.5px;padding:9px 14px;width:100%;margin-top:2px}\n.lkx-hero-bottom{margin-top:auto;padding-top:18px;display:flex;align-items:center;justify-content:space-between;gap:14px;flex-wrap:wrap}\n\n\/* BADGE \u2014 jeden v\u00fdrazn\u00fd na fotce *\/\n.lkx-badge{position:absolute;top:12px;right:12px;font-size:10.5px;font-weight:700;letter-spacing:.3px;padding:5px 10px;border-radius:16px;color:#fff}\n.lkx-badge.badge-urgency{background:rgba(214,40,40,.92)}\n.lkx-badge.badge-new{background:rgba(54,133,252,.92)}\n.lkx-badge.badge-top{background:rgba(195,159,118,.95)}\n.lkx-badge.badge-info{background:rgba(40,40,40,.78)}\n\n\/* SECONDARY GRID *\/\n.lkx-grid{display:grid;grid-template-columns:1fr 1fr;gap:14px}\n.lkx-card{background:#fff;border:1px solid #ece7df;border-radius:14px;overflow:hidden;text-decoration:none!important;color:inherit;box-shadow:0 4px 14px rgba(0,0,0,.05);display:flex;flex-direction:column;transition:box-shadow .2s,transform .2s}\n.lkx-card:hover{box-shadow:0 10px 24px rgba(0,0,0,.1);transform:translateY(-2px)}\n.lkx-card-img{position:relative;aspect-ratio:16\/10;background-size:cover;background-position:center;background-color:#eee}\n.lkx-card-body{padding:14px 16px 16px;display:flex;flex-direction:column;gap:7px;flex:1}\n.lkx-card-bottom{margin-top:auto;padding-top:10px;display:flex;align-items:center;justify-content:space-between;gap:8px}\n\n\/* DISCLOSURE \u2014 drobn\u00e1, kv\u016fli d\u016fv\u011b\u0159e\/z\u00e1konu *\/\n.lkx-disclosure{font-size:11px;color:#a7adb3;text-align:center;margin-top:14px;line-height:1.6}\n.lkx-disclosure a{color:#c39f76;text-decoration:none}\n\n@media(max-width:680px){\n  .lkx-hero{grid-template-columns:1fr}\n  .lkx-hero-img{min-height:180px}\n  .lkx-grid{grid-template-columns:1fr}\n  .lkx-head-meta{margin-left:0;width:100%}\n  .lkx-head-title{font-size:19px}\n}\n\n<\/style>\n<div class=\"lkx-module\" data-query=\"varna\">\n  <div class=\"lkx-head\">\n    <div class=\"lkx-head-main\">\n      <span class=\"lkx-head-accent\"><\/span>\n      <span class=\"lkx-head-title\">Erlebnisse &amp; Tickets<\/span>\n    <\/div>\n    <span class=\"lkx-head-meta\">von Reisenden bewertet \u00b7 GetYourGuide<\/span>\n  <\/div><a class=\"lkx-hero\" href=\"https:\/\/www.getyourguide.com\/de-de\/varna-l412\/warna-sonnenuntergangsfahrt-mit-getranken-und-piratenschatzsuche-t1288459\/?partner_id=MKZ64IS&amp;utm_medium=online_publisher&amp;cmp=varna-bulgarien-tipps\" target=\"_blank\" rel=\"sponsored noopener nofollow\">\n    <div class=\"lkx-hero-img\" style=\"background-image:url('https:\/\/cdn.getyourguide.com\/img\/tour\/eb41ecd853d11f185e58ecab4209dc5a16d762d19434e10d71e2216479c9508b.jpg\/132.jpg')\" role=\"img\" aria-label=\"Warna: Sonnenuntergangsfahrt mit Getr\u00e4nken und Piratenschatzsuche\">\n      <span class=\"lkx-pick\">\u2605 Unser Tipp<\/span><\/div>\n    <div class=\"lkx-hero-body\">\n      <div class=\"lkx-title\">Warna: Sonnenuntergangsfahrt mit Getr\u00e4nken und Piratenschatzsuche<\/div>\n      <div class=\"lkx-proof\">\n      <span class=\"lkx-stars\">\u2605\u2605\u2605\u2605\u2605<\/span>\n      <b>4.6<\/b> \u00b7 143 Bewertungen\n    <\/div>\n      <div class=\"lkx-hero-bottom\"><div class=\"lkx-price\">ab <b>16\u00a0\u20ac<\/b><\/div><span class=\"lkx-cta lkx-cta-hero\">Das will ich erleben \u2192<\/span>\n      <\/div>\n    <\/div>\n  <\/a><div class=\"lkx-grid\"><a class=\"lkx-card\" href=\"https:\/\/www.getyourguide.com\/de-de\/varna-l412\/warna-piraten-schifffahrt-mit-seeschlacht-und-pizza-t1017577\/?partner_id=MKZ64IS&amp;utm_medium=online_publisher&amp;cmp=varna-bulgarien-tipps\" target=\"_blank\" rel=\"sponsored noopener nofollow\">\n      <div class=\"lkx-card-img\" style=\"background-image:url('https:\/\/cdn.getyourguide.com\/img\/tour\/97bcf2c7a1c149d93ac9d5dca71b723d4c685dd42182d7583334ad88d4d27c9e.jpeg\/132.jpg')\" role=\"img\" aria-label=\"Warna: Piraten-Schifffahrt mit Seeschlacht und Pizza\"><\/div>\n      <div class=\"lkx-card-body\">\n        <div class=\"lkx-title lkx-title-sm\">Warna: Piraten-Schifffahrt mit Seeschlacht und Pizza<\/div>\n        <div class=\"lkx-proof lkx-proof-sm\">\n      <span class=\"lkx-stars\">\u2605<\/span>\n      <b>4.7<\/b> \u00b7 168\n    <\/div>\n        <div class=\"lkx-card-bottom\"><span class=\"lkx-price lkx-price-sm\">ab <b>19\u00a0\u20ac<\/b><\/span><span class=\"lkx-cta lkx-cta-sm\">Termine ansehen \u2192<\/span>\n        <\/div>\n      <\/div>\n    <\/a><a class=\"lkx-card\" href=\"https:\/\/www.getyourguide.com\/de-de\/varna-l412\/kap-kaliakra-baltschik-bootsfahrt-auf-deutsch-t1156640\/?partner_id=MKZ64IS&amp;utm_medium=online_publisher&amp;cmp=varna-bulgarien-tipps\" target=\"_blank\" rel=\"sponsored noopener nofollow\">\n      <div class=\"lkx-card-img\" style=\"background-image:url('https:\/\/cdn.getyourguide.com\/img\/tour\/167e8008e5e29482b729d8dc9ebbc49e2612bd9f10815e2d2899d8d230423227.jpg\/132.jpg')\" role=\"img\" aria-label=\"Kap Kaliakra &amp; Baltschik: Bootsfahrt auf Deutsch\"><\/div>\n      <div class=\"lkx-card-body\">\n        <div class=\"lkx-title lkx-title-sm\">Kap Kaliakra &amp; Baltschik: Bootsfahrt auf Deutsch<\/div>\n        <div class=\"lkx-proof lkx-proof-sm\">\n      <span class=\"lkx-stars\">\u2605<\/span>\n      <b>4.2<\/b> \u00b7 27\n    <\/div>\n        <div class=\"lkx-card-bottom\"><span class=\"lkx-price lkx-price-sm\">ab <b>47\u00a0\u20ac<\/b><\/span><span class=\"lkx-cta lkx-cta-sm\">Termine ansehen \u2192<\/span>\n        <\/div>\n      <\/div>\n    <\/a><\/div><div class=\"lkx-disclosure\">\ud83d\udd17 Affiliate-Links \u2014 kein Aufpreis f\u00fcr dich, sie helfen uns, Inhalte zu erstellen. \u00b7 <a href=\"https:\/\/www.getyourguide.com\/de-de\/s\/?q=varna&amp;partner_id=MKZ64IS&amp;utm_medium=online_publisher\" target=\"_blank\" rel=\"sponsored noopener nofollow\">Alle Erlebnisse \u2192<\/a><\/div>\n<\/div>\n<!-- LKM_GYG_CARD end -->\n\n\n\n\n<div class=\"lk-stays-module\">\n<style>\n\/* \u2500\u2500\u2500 RESET PRO GUTENBERG \u2500\u2500\u2500 *\/\n.lk-stays-module * { box-sizing: border-box; margin: 0; padding: 0; }\n\n\/* \u2500\u2500\u2500 WRAPPER \u2500\u2500\u2500 *\/\n.lk-stays-module {\n  font-family: 'DM Sans', Georgia, sans-serif;\n  max-width: 100%;\n  margin: 2.5rem auto;\n  background: linear-gradient(135deg, #fdfaf5 0%, #fcf8f0 100%);\n  border: 1px solid #e8dfd4;\n  border-radius: 16px;\n  overflow: hidden;\n  box-shadow: 0 16px 48px rgba(195, 159, 118, 0.25), 0 4px 12px rgba(0,0,0,0.08);\n}\n\n\/* \u2500\u2500\u2500 HEADER \u2500\u2500\u2500 *\/\n.lk-stays-header {\n  position: relative;\n  padding: 24px 36px 24px;\n  background: linear-gradient(135deg, #c39f76 0%, #d4b188 60%, #c39f76 100%);\n  border-bottom: 1px solid rgba(255,255,255,.15);\n  display: flex;\n  align-items: center;\n  gap: 18px;\n}\n.lk-stays-header::before {\n  content: '';\n  position: absolute;\n  inset: 0;\n  background: url(\"data:image\/svg+xml,%3Csvg width='60' height='60' viewBox='0 0 60 60' xmlns='http:\/\/www.w3.org\/2000\/svg'%3E%3Cg fill='none' fill-rule='evenodd'%3E%3Cg fill='%23ffffff' fill-opacity='0.05'%3E%3Cpath d='M36 34v-4h-2v4h-4v2h4v4h2v-4h4v-2h-4zm0-30V0h-2v4h-4v2h4v4h2V6h4V4h-4zM6 34v-4H4v4H0v2h4v4h2v-4h4v-2H6zM6 4V0H4v4H0v2h4v4h2V6h4V4H6z'\/%3E%3C\/g%3E%3C\/g%3E%3C\/svg%3E\") repeat;\n  pointer-events: none;\n}\n.lk-stays-icon {\n  flex-shrink: 0;\n  width: 68px;\n  height: 68px;\n  border-radius: 14px;\n  background: linear-gradient(135deg, #fff 0%, #f9f6f0 100%);\n  display: flex;\n  align-items: center;\n  justify-content: center;\n  font-size: 26px;\n  box-shadow: 0 4px 12px rgba(0,0,0,0.15);\n}\n.lk-stays-eyebrow {\n  font-size: 10px;\n  font-weight: 500;\n  letter-spacing: 2.5px;\n  text-transform: uppercase;\n  color: rgba(255,255,255,.85);\n  margin: 0 0 5px 0;\n}\n.lk-stays-title {\n  font-family: 'Playfair Display', Georgia, serif;\n  font-size: 24px;\n  font-weight: 700;\n  color: #fff;\n  line-height: 1.2;\n  text-shadow: 0 1px 2px rgba(0,0,0,0.1);\n  margin: 0;\n}\n.lk-stays-subtitle {\n  font-size: 13px;\n  color: rgba(255,255,255,.75);\n  margin: 4px 0 0 0;\n  font-weight: 300;\n}\n\n\/* \u2500\u2500\u2500 CARDS GRID \u2500\u2500\u2500 *\/\n.lk-stays-grid {\n  display: grid;\n  grid-template-columns: 1fr 1fr;\n  gap: 1px;\n  background: rgba(195, 159, 118, 0.12);\n}\n\n\/* \u2500\u2500\u2500 SINGLE CARD \u2500\u2500\u2500 *\/\n.lk-stay-card {\n  background: #ffffff;\n  padding: 26px;\n  display: flex;\n  flex-direction: column;\n  gap: 11px;\n  transition: all 0.3s ease;\n  text-decoration: none;\n  color: inherit;\n  position: relative;\n}\n.lk-stay-card:hover {\n  background: #fffbf5;\n  transform: translateY(-2px);\n  box-shadow: 0 8px 24px rgba(195, 159, 118, 0.18);\n  z-index: 1;\n}\n.lk-stay-card.featured {\n  background: linear-gradient(135deg, #fffdf9 0%, #fff9f0 100%);\n  box-shadow: 0 4px 16px rgba(195, 159, 118, 0.15), inset 0 1px 0 rgba(195, 159, 118, 0.1);\n}\n.lk-stay-card.featured:hover {\n  background: linear-gradient(135deg, #fffbf5 0%, #fff8ed 100%);\n  box-shadow: 0 8px 24px rgba(195, 159, 118, 0.25), inset 0 1px 0 rgba(195, 159, 118, 0.15);\n}\n\n.lk-stay-badge {\n  display: inline-flex;\n  align-items: center;\n  gap: 5px;\n  font-size: 10px;\n  font-weight: 500;\n  letter-spacing: 1.5px;\n  text-transform: uppercase;\n  padding: 5px 11px;\n  border-radius: 20px;\n  width: fit-content;\n}\n.badge-top     { background: linear-gradient(135deg, #c39f76 0%, #d4b188 100%); color: #fff; border: 1px solid #c39f76; font-weight: 600; box-shadow: 0 2px 8px rgba(195,159,118,0.3); }\n.badge-luxury  { background: rgba(195,159,118,.12); color: #c39f76; border: 1px solid rgba(195,159,118,.25); }\n.badge-boutique{ background: rgba(54,133,252,.08); color: #3685fc; border: 1px solid rgba(54,133,252,.2); }\n.badge-nature  { background: rgba(130,190,100,.1); color: #6b9c4a; border: 1px solid rgba(130,190,100,.2); }\n.badge-remote  { background: rgba(195,159,118,.12); color: #a67e50; border: 1px solid rgba(195,159,118,.25); }\n\n.lk-stay-name {\n  font-family: 'Playfair Display', Georgia, serif;\n  font-size: 18px;\n  font-weight: 700;\n  color: #111827;\n  line-height: 1.3;\n}\n.lk-stay-desc {\n  font-size: 13.5px;\n  color: #525252;\n  line-height: 1.65;\n  font-weight: 300;\n  flex: 1;\n}\n\n.lk-stay-meta {\n  display: flex;\n  align-items: center;\n  gap: 12px;\n  flex-wrap: wrap;\n  margin-top: 4px;\n}\n.lk-stay-price {\n  font-size: 13px;\n  color: #6b7280;\n}\n.lk-stay-price strong {\n  color: #c39f76;\n  font-weight: 500;\n}\n.lk-stay-stars {\n  color: #c39f76;\n  font-size: 11px;\n  letter-spacing: 1px;\n}\n\n\/* \u2500\u2500\u2500 CTA BUTTON \u2500\u2500\u2500 *\/\n.lk-stay-cta {\n  display: inline-flex;\n  align-items: center;\n  justify-content: center;\n  gap: 7px;\n  margin-top: 8px;\n  padding: 11px 20px;\n  border-radius: 8px;\n  background: linear-gradient(135deg, #3685fc 0%, #2a6fd9 100%);\n  color: #fff;\n  font-size: 13px;\n  font-weight: 500;\n  text-decoration: none;\n  letter-spacing: .3px;\n  transition: all .2s ease;\n  cursor: pointer;\n  border: none;\n  text-align: center;\n  box-shadow: 0 4px 12px rgba(54, 133, 252, 0.25);\n}\n.lk-stay-cta:hover {\n  background: linear-gradient(135deg, #2a6fd9 0%, #1e5bc4 100%);\n  transform: translateY(-1px);\n  box-shadow: 0 6px 16px rgba(54, 133, 252, 0.35);\n}\n.lk-stay-cta svg { flex-shrink: 0; }\n\n\/* \u2500\u2500\u2500 FOOTER \u2500\u2500\u2500 *\/\n.lk-stays-footer {\n  padding: 18px 36px;\n  background: linear-gradient(to bottom, #fdfaf5 0%, #f9f4ed 100%);\n  border-top: 1px solid rgba(195, 159, 118, 0.15);\n  display: flex;\n  align-items: center;\n  justify-content: space-between;\n  flex-wrap: wrap;\n  gap: 12px;\n}\n.lk-stays-footer-note {\n  font-size: 11.5px;\n  color: #6b7280;\n  font-weight: 300;\n  line-height: 1.5;\n}\n.lk-stays-footer-note a {\n  color: #c39f76;\n  text-decoration: none;\n  font-weight: 400;\n}\n.lk-stays-footer-note a:hover {\n  text-decoration: underline;\n}\n.lk-stays-all-btn {\n  display: inline-flex;\n  align-items: center;\n  gap: 6px;\n  font-size: 12.5px;\n  font-weight: 500;\n  color: #c39f76;\n  text-decoration: none;\n  border: 1px solid rgba(195, 159, 118, 0.35);\n  padding: 8px 18px;\n  border-radius: 8px;\n  transition: all .2s ease;\n}\n.lk-stays-all-btn:hover {\n  background: rgba(195, 159, 118, 0.08);\n  border-color: rgba(195, 159, 118, 0.5);\n}\n\n\/* \u2500\u2500\u2500 RESPONSIVE \u2500\u2500\u2500 *\/\n@media (max-width: 600px) {\n  .lk-stays-grid { grid-template-columns: 1fr; }\n  .lk-stays-header { padding: 24px 20px; }\n  .lk-stays-footer { padding: 16px 20px; }\n  .lk-stay-card { padding: 22px; }\n  .lk-stays-title { font-size: 20px; }\n}\n<\/style>\n\n  <!-- HEADER -->\n  <div class=\"lk-stays-header\">\n    <img decoding=\"async\" src=\"https:\/\/loudavymkrokem.cz\/wp-content\/uploads\/2026\/02\/lukas-a-lucka.jpg\" alt=\"\" style=\"width: 75px; height: 75px; border-radius: 8px; flex-shrink: 0; object-fit: cover; display: block; margin: 4px 0;\" title=\"\">\n    <div class=\"lk-stays-header-text\">\n      <div class=\"lk-stays-eyebrow\">Luk\u00e1\u0161 und Lucie empfehlen<\/div>\n      <div class=\"lk-stays-title\">Wo in Varna \u00fcbernachten<\/div>\n      <div class=\"lk-stays-subtitle\">6 Unterk\u00fcnfte \u2014 Wellnesshotels, Hotels und weitere \u00dcbernachtungsm\u00f6glichkeiten<\/div>\n    <\/div>\n  <\/div>\n\n  <!-- CARDS -->\n  <div class=\"lk-stays-grid\">\n\n    <a class=\"lk-stay-card featured\" href=\"https:\/\/www.stay22.com\/allez\/roam?aid=lukaskonecny&#038;campaign=loudavymkrokemcz&#038;campaign=de&#038;campaign=varna&#038;hotelname=Modus%20Hotel&#038;address=Varna%2C%20Bulharsko\" target=\"_blank\" rel=\"nofollow noopener\">\n      <span class=\"lk-stay-badge badge-top\">\u2b50 TOP-WAHL<\/span>\n      <span class=\"lk-stay-badge badge-nature\">\u2b50 Luxury<\/span>\n      <div class=\"lk-stay-name\">Modus Hotel<\/div>\n      <div class=\"lk-stay-desc\">Erstklassiges Hotel im griechischen Viertel, 130 Meter vom Meeresgarten entfernt. Beste Bewertung und Lage in der Stadt.<\/div>\n      <div class=\"lk-stay-meta\">\n        <span class=\"lk-stay-stars\">\u2605\u2605\u2605\u2605<\/span>\n        <span class=\"lk-stay-price\">Preise pr\u00fcfen<\/span>\n      <\/div>\n      <span class=\"lk-stay-cta\">\n        <svg width=\"14\" height=\"14\" viewBox=\"0 0 24 24\" fill=\"none\" stroke=\"currentColor\" stroke-width=\"2\"><path d=\"M18 13v6a2 2 0 0 1-2 2H5a2 2 0 0 1-2-2V8a2 2 0 0 1 2-2h6\"\/><polyline points=\"15 3 21 3 21 9\"\/><line x1=\"10\" y1=\"14\" x2=\"21\" y2=\"3\"\/><\/svg>\n        Verf\u00fcgbarkeit pr\u00fcfen\n      <\/span>\n    <\/a>\n\n    <a class=\"lk-stay-card\" href=\"https:\/\/www.stay22.com\/allez\/roam?aid=lukaskonecny&#038;campaign=loudavymkrokemcz&#038;campaign=de&#038;campaign=varna&#038;hotelname=Grand%20Hotel%20London&#038;address=Varna%2C%20Bulharsko\" target=\"_blank\" rel=\"nofollow noopener\">\n      <span class=\"lk-stay-badge badge-nature\">\ud83c\udfe8 Hotel<\/span>\n      <div class=\"lk-stay-name\">Grand Hotel London<\/div>\n      <div class=\"lk-stay-desc\">Wundersch\u00f6nes Jugendstilgeb\u00e4ude aus dem Jahr 1912 direkt im Zentrum von Varna. F\u00fcr Geschichtsliebhaber.<\/div>\n      <div class=\"lk-stay-meta\">\n        <span class=\"lk-stay-stars\">\u2605\u2605\u2605\u2605<\/span>\n        <span class=\"lk-stay-price\">Preise pr\u00fcfen<\/span>\n      <\/div>\n      <span class=\"lk-stay-cta\">\n        <svg width=\"14\" height=\"14\" viewBox=\"0 0 24 24\" fill=\"none\" stroke=\"currentColor\" stroke-width=\"2\"><path d=\"M18 13v6a2 2 0 0 1-2 2H5a2 2 0 0 1-2-2V8a2 2 0 0 1 2-2h6\"\/><polyline points=\"15 3 21 3 21 9\"\/><line x1=\"10\" y1=\"14\" x2=\"21\" y2=\"3\"\/><\/svg>\n        Verf\u00fcgbarkeit pr\u00fcfen\n      <\/span>\n    <\/a>\n\n    <a class=\"lk-stay-card\" href=\"https:\/\/www.stay22.com\/allez\/roam?aid=lukaskonecny&#038;campaign=loudavymkrokemcz&#038;campaign=de&#038;campaign=varna&#038;hotelname=Hotel%20Cherno%20More&#038;address=Varna%2C%20Bulharsko\" target=\"_blank\" rel=\"nofollow noopener\">\n      <span class=\"lk-stay-badge badge-nature\">\ud83c\udfe8 Hotel<\/span>\n      <div class=\"lk-stay-name\">Hotel Cherno More<\/div>\n      <div class=\"lk-stay-desc\">Der goldene Mittelweg mit Balkonen und Meerblick. Liegt am Eingang zum Park.<\/div>\n      <div class=\"lk-stay-meta\">\n        <span class=\"lk-stay-stars\">\u2605\u2605\u2605\u2605<\/span>\n        <span class=\"lk-stay-price\">Preise pr\u00fcfen<\/span>\n      <\/div>\n      <span class=\"lk-stay-cta\">\n        <svg width=\"14\" height=\"14\" viewBox=\"0 0 24 24\" fill=\"none\" stroke=\"currentColor\" stroke-width=\"2\"><path d=\"M18 13v6a2 2 0 0 1-2 2H5a2 2 0 0 1-2-2V8a2 2 0 0 1 2-2h6\"\/><polyline points=\"15 3 21 3 21 9\"\/><line x1=\"10\" y1=\"14\" x2=\"21\" y2=\"3\"\/><\/svg>\n        Verf\u00fcgbarkeit pr\u00fcfen\n      <\/span>\n    <\/a>\n\n    <a class=\"lk-stay-card\" href=\"https:\/\/www.stay22.com\/allez\/roam?aid=lukaskonecny&#038;campaign=loudavymkrokemcz&#038;campaign=de&#038;campaign=varna&#038;hotelname=Boutique%20Splendid&#038;address=Varna%2C%20Bulharsko\" target=\"_blank\" rel=\"nofollow noopener\">\n      <span class=\"lk-stay-badge badge-nature\">\ud83c\udfe8 Hotel<\/span>\n      <div class=\"lk-stay-name\">Boutique Splendid<\/div>\n      <div class=\"lk-stay-desc\">Am n\u00e4chsten zu den Sehensw\u00fcrdigkeiten, knapp hundert Meter von der Mari\u00e4-Himmelfahrt-Kathedrale entfernt.<\/div>\n      <div class=\"lk-stay-meta\">\n        <span class=\"lk-stay-stars\">\u2605\u2605\u2605\u2605<\/span>\n        <span class=\"lk-stay-price\">Preise pr\u00fcfen<\/span>\n      <\/div>\n      <span class=\"lk-stay-cta\">\n        <svg width=\"14\" height=\"14\" viewBox=\"0 0 24 24\" fill=\"none\" stroke=\"currentColor\" stroke-width=\"2\"><path d=\"M18 13v6a2 2 0 0 1-2 2H5a2 2 0 0 1-2-2V8a2 2 0 0 1 2-2h6\"\/><polyline points=\"15 3 21 3 21 9\"\/><line x1=\"10\" y1=\"14\" x2=\"21\" y2=\"3\"\/><\/svg>\n        Verf\u00fcgbarkeit pr\u00fcfen\n      <\/span>\n    <\/a>\n\n    <a class=\"lk-stay-card\" href=\"https:\/\/www.stay22.com\/allez\/roam?aid=lukaskonecny&#038;campaign=loudavymkrokemcz&#038;campaign=de&#038;campaign=varna&#038;hotelname=Nomado%20hostel&#038;address=Varna%2C%20Bulharsko\" target=\"_blank\" rel=\"nofollow noopener\">\n      <span class=\"lk-stay-badge badge-nature\">\ud83c\udfe1 Pension\/B&#038;B<\/span>\n      <div class=\"lk-stay-name\">Nomado hostel<\/div>\n      <div class=\"lk-stay-desc\">Hervorragend bewertetes Low-Cost-Hostel im Stadtzentrum f\u00fcr Reisende mit kleinem Budget.<\/div>\n      <div class=\"lk-stay-meta\">\n        <span class=\"lk-stay-stars\">\u2605\u2605\u2605\u2605<\/span>\n        <span class=\"lk-stay-price\">Preise pr\u00fcfen<\/span>\n      <\/div>\n      <span class=\"lk-stay-cta\">\n        <svg width=\"14\" height=\"14\" viewBox=\"0 0 24 24\" fill=\"none\" stroke=\"currentColor\" stroke-width=\"2\"><path d=\"M18 13v6a2 2 0 0 1-2 2H5a2 2 0 0 1-2-2V8a2 2 0 0 1 2-2h6\"\/><polyline points=\"15 3 21 3 21 9\"\/><line x1=\"10\" y1=\"14\" x2=\"21\" y2=\"3\"\/><\/svg>\n        Verf\u00fcgbarkeit pr\u00fcfen\n      <\/span>\n    <\/a>\n\n    <a class=\"lk-stay-card\" href=\"https:\/\/www.stay22.com\/allez\/roam?aid=lukaskonecny&#038;campaign=loudavymkrokemcz&#038;campaign=de&#038;campaign=varna&#038;address=Varna&#038;hotelname=Ensana+Aquahouse&#038;search=Ensana+Aquahouse&#038;category=accommodation\" target=\"_blank\" rel=\"nofollow noopener\">\n      <span class=\"lk-stay-badge badge-nature\">\u2b50 Luxury<\/span>\n      <div class=\"lk-stay-name\">Ensana Aquahouse<\/div>\n      <div class=\"lk-stay-desc\">Erstes Hotel in Varna, das im Michelin Guide 2026 aufgef\u00fchrt wurde. Thermalquellen bis 42\u00b0C.<\/div>\n      <div class=\"lk-stay-meta\">\n        <span class=\"lk-stay-stars\">\u2605\u2605\u2605\u2605<\/span>\n        <span class=\"lk-stay-price\">Preise pr\u00fcfen<\/span>\n      <\/div>\n      <span class=\"lk-stay-cta\">\n        <svg width=\"14\" height=\"14\" viewBox=\"0 0 24 24\" fill=\"none\" stroke=\"currentColor\" stroke-width=\"2\"><path d=\"M18 13v6a2 2 0 0 1-2 2H5a2 2 0 0 1-2-2V8a2 2 0 0 1 2-2h6\"\/><polyline points=\"15 3 21 3 21 9\"\/><line x1=\"10\" y1=\"14\" x2=\"21\" y2=\"3\"\/><\/svg>\n        Verf\u00fcgbarkeit pr\u00fcfen\n      <\/span>\n    <\/a>\n\n  <\/div>\n\n  \n<\/div>\n\n\n\n\n<h2 class=\"wp-block-heading\"><span class=\"ez-toc-section\" id=\"Jenseits_des_Zentrums\"><\/span>Jenseits des Zentrums<span class=\"ez-toc-section-end\"><\/span><\/h2>\n\n\n\n<p class=\"wp-block-paragraph\">Wenn du dich ein St\u00fcck weiter vom historischen Kern entfernst, offenbart Varna dir eine weitere seiner Schichten, sei es die bewegte <strong>Milit\u00e4rgeschichte<\/strong> oder die <strong>ruhigen Vorortresorts<\/strong>.<\/p>\n\n\n\n<figure data-wp-context=\"{&quot;imageId&quot;:&quot;6a9c73bf664a3&quot;}\" data-wp-interactive=\"core\/image\" data-wp-key=\"6a9c73bf664a3\" class=\"wp-block-image size-full wp-lightbox-container\"><img decoding=\"async\" width=\"1800\" height=\"1355\" data-wp-class--hide=\"state.isContentHidden\" data-wp-class--show=\"state.isContentVisible\" data-wp-init=\"callbacks.setButtonStyles\" data-wp-on--click=\"actions.showLightbox\" data-wp-on--load=\"callbacks.setButtonStyles\" data-wp-on--pointerdown=\"actions.preloadImage\" data-wp-on--pointerenter=\"actions.preloadImageWithDelay\" data-wp-on--pointerleave=\"actions.cancelPreload\" data-wp-on-window--resize=\"callbacks.setButtonStyles\" src=\"https:\/\/loudavymkrokem.cz\/wp-content\/uploads\/2026\/08\/bulharsko-research-varna-20-7df8a708.jpg\" alt=\"Park-Museum Vladislav Varnenchik in Varna\" class=\"wp-image-407795\" title=\"\" srcset=\"https:\/\/loudavymkrokem.cz\/wp-content\/uploads\/2026\/08\/bulharsko-research-varna-20-7df8a708.jpg 1800w, https:\/\/loudavymkrokem.cz\/wp-content\/uploads\/2026\/08\/bulharsko-research-varna-20-7df8a708-300x226.jpg 300w, https:\/\/loudavymkrokem.cz\/wp-content\/uploads\/2026\/08\/bulharsko-research-varna-20-7df8a708-700x527.jpg 700w, https:\/\/loudavymkrokem.cz\/wp-content\/uploads\/2026\/08\/bulharsko-research-varna-20-7df8a708-768x578.jpg 768w, https:\/\/loudavymkrokem.cz\/wp-content\/uploads\/2026\/08\/bulharsko-research-varna-20-7df8a708-1536x1156.jpg 1536w, https:\/\/loudavymkrokem.cz\/wp-content\/uploads\/2026\/08\/bulharsko-research-varna-20-7df8a708-80x60.jpg 80w, https:\/\/loudavymkrokem.cz\/wp-content\/uploads\/2026\/08\/bulharsko-research-varna-20-7df8a708-160x120.jpg 160w, https:\/\/loudavymkrokem.cz\/wp-content\/uploads\/2026\/08\/bulharsko-research-varna-20-7df8a708-696x524.jpg 696w, https:\/\/loudavymkrokem.cz\/wp-content\/uploads\/2026\/08\/bulharsko-research-varna-20-7df8a708-1392x1048.jpg 1392w\" sizes=\"(max-width: 1800px) 100vw, 1800px\" \/><button\n\t\t\tclass=\"lightbox-trigger\"\n\t\t\ttype=\"button\"\n\t\t\taria-haspopup=\"dialog\"\n\t\t\tdata-wp-bind--aria-label=\"state.thisImage.triggerButtonAriaLabel\"\n\t\t\tdata-wp-init=\"callbacks.initTriggerButton\"\n\t\t\tdata-wp-on--click=\"actions.showLightbox\"\n\t\t\tdata-wp-style--right=\"state.thisImage.buttonRight\"\n\t\t\tdata-wp-style--top=\"state.thisImage.buttonTop\"\n\t\t>\n\t\t\t<svg xmlns=\"http:\/\/www.w3.org\/2000\/svg\" width=\"12\" height=\"12\" fill=\"none\" viewBox=\"0 0 12 12\">\n\t\t\t\t<path fill=\"#fff\" d=\"M2 0a2 2 0 0 0-2 2v2h1.5V2a.5.5 0 0 1 .5-.5h2V0H2Zm2 10.5H2a.5.5 0 0 1-.5-.5V8H0v2a2 2 0 0 0 2 2h2v-1.5ZM8 12v-1.5h2a.5.5 0 0 0 .5-.5V8H12v2a2 2 0 0 1-2 2H8Zm2-12a2 2 0 0 1 2 2v2h-1.5V2a.5.5 0 0 0-.5-.5H8V0h2Z\" \/>\n\t\t\t<\/svg>\n\t\t<\/button><figcaption class=\"wp-element-caption\">Foto: Micha\u0142 Derela, CC BY-SA 4.0 (Wikimedia Commons)<\/figcaption><\/figure>\n\n\n\n<h3 class=\"wp-block-heading\"><span class=\"ez-toc-section\" id=\"14_Park-Museum_Vladislav_Varnenchik\"><\/span>14. Park-Museum Vladislav Varnenchik<span class=\"ez-toc-section-end\"><\/span><\/h3>\n\n\n\n<p class=\"wp-block-paragraph\">Dieser drei\u00dfig Hektar gro\u00dfe Park steht genau am Ort des blutigen Schlachtfelds vom 10. November 1444, wo die Truppen der christlichen Allianz der osmanischen \u00dcbermacht unterlagen. In der Schlacht fiel der erst zwanzigj\u00e4hrige polnische und ungarische K\u00f6nig W\u0142adys\u0142aw III., der nach diesem Ort den Beinamen Varnenchik erhielt. In der Schlacht k\u00e4mpften auch <strong>b\u00f6hmische und ruthenische S\u00f6ldner<\/strong>, die hier zur Verteidigung die traditionelle hussitische Wagenburg samt Bombarden einsetzten. \ud83d\udca1 <strong>Tipp:<\/strong> Der Leichnam des jungen K\u00f6nigs wurde nie gefunden. Im Park steht deshalb ein symbolisches Mausoleum, das in einem verlassenen thrakischen H\u00fcgelgrab errichtet wurde. Der Eintritt kostet 4,09 \u20ac, und einige Exponate wurden direkt von Museen aus Prag gestiftet.<\/p>\n\n\n\n<figure data-wp-context=\"{&quot;imageId&quot;:&quot;6a9c73bf66a47&quot;}\" data-wp-interactive=\"core\/image\" data-wp-key=\"6a9c73bf66a47\" class=\"wp-block-image size-full wp-lightbox-container\"><img decoding=\"async\" width=\"1800\" height=\"1350\" data-wp-class--hide=\"state.isContentHidden\" data-wp-class--show=\"state.isContentVisible\" data-wp-init=\"callbacks.setButtonStyles\" data-wp-on--click=\"actions.showLightbox\" data-wp-on--load=\"callbacks.setButtonStyles\" data-wp-on--pointerdown=\"actions.preloadImage\" data-wp-on--pointerenter=\"actions.preloadImageWithDelay\" data-wp-on--pointerleave=\"actions.cancelPreload\" data-wp-on-window--resize=\"callbacks.setButtonStyles\" src=\"https:\/\/loudavymkrokem.cz\/wp-content\/uploads\/2026\/08\/bulharsko-research-varna-21-f5e596df.jpg\" alt=\"Breiter Sandstrand im Varna-Viertel Asparuchovo\" class=\"wp-image-407796\" title=\"\" srcset=\"https:\/\/loudavymkrokem.cz\/wp-content\/uploads\/2026\/08\/bulharsko-research-varna-21-f5e596df.jpg 1800w, https:\/\/loudavymkrokem.cz\/wp-content\/uploads\/2026\/08\/bulharsko-research-varna-21-f5e596df-300x225.jpg 300w, https:\/\/loudavymkrokem.cz\/wp-content\/uploads\/2026\/08\/bulharsko-research-varna-21-f5e596df-700x525.jpg 700w, https:\/\/loudavymkrokem.cz\/wp-content\/uploads\/2026\/08\/bulharsko-research-varna-21-f5e596df-768x576.jpg 768w, https:\/\/loudavymkrokem.cz\/wp-content\/uploads\/2026\/08\/bulharsko-research-varna-21-f5e596df-1536x1152.jpg 1536w, https:\/\/loudavymkrokem.cz\/wp-content\/uploads\/2026\/08\/bulharsko-research-varna-21-f5e596df-80x60.jpg 80w, https:\/\/loudavymkrokem.cz\/wp-content\/uploads\/2026\/08\/bulharsko-research-varna-21-f5e596df-160x120.jpg 160w, https:\/\/loudavymkrokem.cz\/wp-content\/uploads\/2026\/08\/bulharsko-research-varna-21-f5e596df-696x522.jpg 696w, https:\/\/loudavymkrokem.cz\/wp-content\/uploads\/2026\/08\/bulharsko-research-varna-21-f5e596df-1392x1044.jpg 1392w\" sizes=\"(max-width: 1800px) 100vw, 1800px\" \/><button\n\t\t\tclass=\"lightbox-trigger\"\n\t\t\ttype=\"button\"\n\t\t\taria-haspopup=\"dialog\"\n\t\t\tdata-wp-bind--aria-label=\"state.thisImage.triggerButtonAriaLabel\"\n\t\t\tdata-wp-init=\"callbacks.initTriggerButton\"\n\t\t\tdata-wp-on--click=\"actions.showLightbox\"\n\t\t\tdata-wp-style--right=\"state.thisImage.buttonRight\"\n\t\t\tdata-wp-style--top=\"state.thisImage.buttonTop\"\n\t\t>\n\t\t\t<svg xmlns=\"http:\/\/www.w3.org\/2000\/svg\" width=\"12\" height=\"12\" fill=\"none\" viewBox=\"0 0 12 12\">\n\t\t\t\t<path fill=\"#fff\" d=\"M2 0a2 2 0 0 0-2 2v2h1.5V2a.5.5 0 0 1 .5-.5h2V0H2Zm2 10.5H2a.5.5 0 0 1-.5-.5V8H0v2a2 2 0 0 0 2 2h2v-1.5ZM8 12v-1.5h2a.5.5 0 0 0 .5-.5V8H12v2a2 2 0 0 1-2 2H8Zm2-12a2 2 0 0 1 2 2v2h-1.5V2a.5.5 0 0 0-.5-.5H8V0h2Z\" \/>\n\t\t\t<\/svg>\n\t\t<\/button><figcaption class=\"wp-element-caption\">Foto: Dobrin Gueorguiev (Google Maps)<\/figcaption><\/figure>\n\n\n\n<h3 class=\"wp-block-heading\"><span class=\"ez-toc-section\" id=\"15_Strand_Asparuchovo\"><\/span>15. Strand Asparuchovo<span class=\"ez-toc-section-end\"><\/span><\/h3>\n\n\n\n<p class=\"wp-block-paragraph\">Wenn dich der Trubel der zentralen Str\u00e4nde erm\u00fcdet, fahre \u00fcber die gro\u00dfe Br\u00fccke nach S\u00fcden ins Viertel Asparuchovo. Der dortige Strand ist <strong>\u00fcber einen Kilometer lang und stellenweise bis zu hundert Meter breit<\/strong>. Er wird vom Massentourismus \u00fcberhaupt nicht heimgesucht und bietet herrlich feinen Sand, Ruhe und viel Gr\u00fcn. Langfristig geh\u00f6rt er zu den saubersten der ganzen Stadt. Asparuchovo hat auch eine unerwartete tschechische Spur. Hier ist <strong>Hermenegild \u0160korpil<\/strong> begraben (1858 Vysok\u00e9 M\u00fdto \u2013 1923 Varna), Naturforscher und Bruder von Karel \u0160korpil, mit dem er das Arch\u00e4ologische Museum von Varna gr\u00fcndete. Er ruht direkt an der arch\u00e4ologischen St\u00e4tte, die er selbst erforschte. \ud83d\udca1 <strong>Tipp:<\/strong> Genau in Asparuchovo findest du die g\u00fcnstigsten und bestbewerteten Fischrestaurants, in denen \u00fcberwiegend Einheimische essen.<\/p>\n\n\n\n<figure data-wp-context=\"{&quot;imageId&quot;:&quot;6a9c73bf67036&quot;}\" data-wp-interactive=\"core\/image\" data-wp-key=\"6a9c73bf67036\" class=\"wp-block-image size-full wp-lightbox-container\"><img decoding=\"async\" width=\"1800\" height=\"1350\" data-wp-class--hide=\"state.isContentHidden\" data-wp-class--show=\"state.isContentVisible\" data-wp-init=\"callbacks.setButtonStyles\" data-wp-on--click=\"actions.showLightbox\" data-wp-on--load=\"callbacks.setButtonStyles\" data-wp-on--pointerdown=\"actions.preloadImage\" data-wp-on--pointerenter=\"actions.preloadImageWithDelay\" data-wp-on--pointerleave=\"actions.cancelPreload\" data-wp-on-window--resize=\"callbacks.setButtonStyles\" src=\"https:\/\/loudavymkrokem.cz\/wp-content\/uploads\/2026\/08\/bulharsko-research-varna-22-19b9282d.jpg\" alt=\"Strand und Hotels im Resort St. Konstantin und Elena bei Varna\" class=\"wp-image-407797\" title=\"\" srcset=\"https:\/\/loudavymkrokem.cz\/wp-content\/uploads\/2026\/08\/bulharsko-research-varna-22-19b9282d.jpg 1800w, https:\/\/loudavymkrokem.cz\/wp-content\/uploads\/2026\/08\/bulharsko-research-varna-22-19b9282d-300x225.jpg 300w, https:\/\/loudavymkrokem.cz\/wp-content\/uploads\/2026\/08\/bulharsko-research-varna-22-19b9282d-700x525.jpg 700w, https:\/\/loudavymkrokem.cz\/wp-content\/uploads\/2026\/08\/bulharsko-research-varna-22-19b9282d-768x576.jpg 768w, https:\/\/loudavymkrokem.cz\/wp-content\/uploads\/2026\/08\/bulharsko-research-varna-22-19b9282d-1536x1152.jpg 1536w, https:\/\/loudavymkrokem.cz\/wp-content\/uploads\/2026\/08\/bulharsko-research-varna-22-19b9282d-80x60.jpg 80w, https:\/\/loudavymkrokem.cz\/wp-content\/uploads\/2026\/08\/bulharsko-research-varna-22-19b9282d-160x120.jpg 160w, https:\/\/loudavymkrokem.cz\/wp-content\/uploads\/2026\/08\/bulharsko-research-varna-22-19b9282d-696x522.jpg 696w, https:\/\/loudavymkrokem.cz\/wp-content\/uploads\/2026\/08\/bulharsko-research-varna-22-19b9282d-1392x1044.jpg 1392w\" sizes=\"(max-width: 1800px) 100vw, 1800px\" \/><button\n\t\t\tclass=\"lightbox-trigger\"\n\t\t\ttype=\"button\"\n\t\t\taria-haspopup=\"dialog\"\n\t\t\tdata-wp-bind--aria-label=\"state.thisImage.triggerButtonAriaLabel\"\n\t\t\tdata-wp-init=\"callbacks.initTriggerButton\"\n\t\t\tdata-wp-on--click=\"actions.showLightbox\"\n\t\t\tdata-wp-style--right=\"state.thisImage.buttonRight\"\n\t\t\tdata-wp-style--top=\"state.thisImage.buttonTop\"\n\t\t>\n\t\t\t<svg xmlns=\"http:\/\/www.w3.org\/2000\/svg\" width=\"12\" height=\"12\" fill=\"none\" viewBox=\"0 0 12 12\">\n\t\t\t\t<path fill=\"#fff\" d=\"M2 0a2 2 0 0 0-2 2v2h1.5V2a.5.5 0 0 1 .5-.5h2V0H2Zm2 10.5H2a.5.5 0 0 1-.5-.5V8H0v2a2 2 0 0 0 2 2h2v-1.5ZM8 12v-1.5h2a.5.5 0 0 0 .5-.5V8H12v2a2 2 0 0 1-2 2H8Zm2-12a2 2 0 0 1 2 2v2h-1.5V2a.5.5 0 0 0-.5-.5H8V0h2Z\" \/>\n\t\t\t<\/svg>\n\t\t<\/button><figcaption class=\"wp-element-caption\">Foto: Mariana Negrea (Google Maps)<\/figcaption><\/figure>\n\n\n\n<h3 class=\"wp-block-heading\"><span class=\"ez-toc-section\" id=\"16_St_Konstantin_und_Elena\"><\/span>16. St. Konstantin und Elena<span class=\"ez-toc-section-end\"><\/span><\/h3>\n\n\n\n<p class=\"wp-block-paragraph\">Nur 9 Kilometer n\u00f6rdlich des Zentrums liegt das \u00e4lteste Seebad Bulgariens \u00fcberhaupt. Fr\u00fcher hie\u00df es Drushba und ist heute vor allem f\u00fcr seine Thermalquellen bekannt. Du findest hier das weitl\u00e4ufige Aquahouse Thermal &#038; Beach mit vierzehn Becken und bis zu 42 \u00b0C warmem Wasser. Das Resort ist von gr\u00fcnen Parks umgeben und bietet enorme Ruhe. \ud83d\udca1 <strong>Tipp:<\/strong> Die Qualit\u00e4t der Dienstleistungen ist auf einem solchen Niveau, dass das \u00f6rtliche Hotel Ensana Aquahouse im August 2026 zum <strong>ersten Hotel in Varna wurde, das in den renommierten Michelin Guide aufgenommen wurde<\/strong> (w\u00e4hrend die Hauptstadt Sofia bis heute kein einziges hat).<\/p>\n\n\n\n<figure data-wp-context=\"{&quot;imageId&quot;:&quot;6a9c73bf675ff&quot;}\" data-wp-interactive=\"core\/image\" data-wp-key=\"6a9c73bf675ff\" class=\"wp-block-image size-full wp-lightbox-container\"><img decoding=\"async\" width=\"1800\" height=\"1350\" data-wp-class--hide=\"state.isContentHidden\" data-wp-class--show=\"state.isContentVisible\" data-wp-init=\"callbacks.setButtonStyles\" data-wp-on--click=\"actions.showLightbox\" data-wp-on--load=\"callbacks.setButtonStyles\" data-wp-on--pointerdown=\"actions.preloadImage\" data-wp-on--pointerenter=\"actions.preloadImageWithDelay\" data-wp-on--pointerleave=\"actions.cancelPreload\" data-wp-on-window--resize=\"callbacks.setButtonStyles\" src=\"https:\/\/loudavymkrokem.cz\/wp-content\/uploads\/2026\/08\/bulharsko-research-varna-23-e2205d32.jpg\" alt=\"Felsmassiv bei Madara, in das der Madara-Reiter gehauen ist\" class=\"wp-image-407798\" title=\"\" srcset=\"https:\/\/loudavymkrokem.cz\/wp-content\/uploads\/2026\/08\/bulharsko-research-varna-23-e2205d32.jpg 1800w, https:\/\/loudavymkrokem.cz\/wp-content\/uploads\/2026\/08\/bulharsko-research-varna-23-e2205d32-300x225.jpg 300w, https:\/\/loudavymkrokem.cz\/wp-content\/uploads\/2026\/08\/bulharsko-research-varna-23-e2205d32-700x525.jpg 700w, https:\/\/loudavymkrokem.cz\/wp-content\/uploads\/2026\/08\/bulharsko-research-varna-23-e2205d32-768x576.jpg 768w, https:\/\/loudavymkrokem.cz\/wp-content\/uploads\/2026\/08\/bulharsko-research-varna-23-e2205d32-1536x1152.jpg 1536w, https:\/\/loudavymkrokem.cz\/wp-content\/uploads\/2026\/08\/bulharsko-research-varna-23-e2205d32-80x60.jpg 80w, https:\/\/loudavymkrokem.cz\/wp-content\/uploads\/2026\/08\/bulharsko-research-varna-23-e2205d32-160x120.jpg 160w, https:\/\/loudavymkrokem.cz\/wp-content\/uploads\/2026\/08\/bulharsko-research-varna-23-e2205d32-696x522.jpg 696w, https:\/\/loudavymkrokem.cz\/wp-content\/uploads\/2026\/08\/bulharsko-research-varna-23-e2205d32-1392x1044.jpg 1392w\" sizes=\"(max-width: 1800px) 100vw, 1800px\" \/><button\n\t\t\tclass=\"lightbox-trigger\"\n\t\t\ttype=\"button\"\n\t\t\taria-haspopup=\"dialog\"\n\t\t\tdata-wp-bind--aria-label=\"state.thisImage.triggerButtonAriaLabel\"\n\t\t\tdata-wp-init=\"callbacks.initTriggerButton\"\n\t\t\tdata-wp-on--click=\"actions.showLightbox\"\n\t\t\tdata-wp-style--right=\"state.thisImage.buttonRight\"\n\t\t\tdata-wp-style--top=\"state.thisImage.buttonTop\"\n\t\t>\n\t\t\t<svg xmlns=\"http:\/\/www.w3.org\/2000\/svg\" width=\"12\" height=\"12\" fill=\"none\" viewBox=\"0 0 12 12\">\n\t\t\t\t<path fill=\"#fff\" d=\"M2 0a2 2 0 0 0-2 2v2h1.5V2a.5.5 0 0 1 .5-.5h2V0H2Zm2 10.5H2a.5.5 0 0 1-.5-.5V8H0v2a2 2 0 0 0 2 2h2v-1.5ZM8 12v-1.5h2a.5.5 0 0 0 .5-.5V8H12v2a2 2 0 0 1-2 2H8Zm2-12a2 2 0 0 1 2 2v2h-1.5V2a.5.5 0 0 0-.5-.5H8V0h2Z\" \/>\n\t\t\t<\/svg>\n\t\t<\/button><figcaption class=\"wp-element-caption\">Foto: valeri mladenov (Google Maps)<\/figcaption><\/figure>\n\n\n\n<h2 class=\"wp-block-heading\"><span class=\"ez-toc-section\" id=\"Ausfluege_von_Varna\"><\/span>Ausfl\u00fcge von Varna<span class=\"ez-toc-section-end\"><\/span><\/h2>\n\n\n\n<p class=\"wp-block-paragraph\">Wenn du dir die Stadt selbst angeschaut hast, lohnt es sich, <strong>ein Auto zu mieten<\/strong>. Die Umgebung von Varna verbirgt <strong>Naturph\u00e4nomene und Sehensw\u00fcrdigkeiten<\/strong>, die in Europa ihresgleichen suchen.<\/p>\n\n\n\n\n\n\n\n<figure data-wp-context=\"{&quot;imageId&quot;:&quot;6a9c73bf67c01&quot;}\" data-wp-interactive=\"core\/image\" data-wp-key=\"6a9c73bf67c01\" class=\"wp-block-image size-full wp-lightbox-container\"><img decoding=\"async\" width=\"1800\" height=\"1200\" data-wp-class--hide=\"state.isContentHidden\" data-wp-class--show=\"state.isContentVisible\" data-wp-init=\"callbacks.setButtonStyles\" data-wp-on--click=\"actions.showLightbox\" data-wp-on--load=\"callbacks.setButtonStyles\" data-wp-on--pointerdown=\"actions.preloadImage\" data-wp-on--pointerenter=\"actions.preloadImageWithDelay\" data-wp-on--pointerleave=\"actions.cancelPreload\" data-wp-on-window--resize=\"callbacks.setButtonStyles\" src=\"https:\/\/loudavymkrokem.cz\/wp-content\/uploads\/2026\/08\/bulharsko-research-varna-24-368732fd.jpg\" alt=\"Palast und botanischer Garten in Balchik\" class=\"wp-image-407799\" title=\"\" srcset=\"https:\/\/loudavymkrokem.cz\/wp-content\/uploads\/2026\/08\/bulharsko-research-varna-24-368732fd.jpg 1800w, https:\/\/loudavymkrokem.cz\/wp-content\/uploads\/2026\/08\/bulharsko-research-varna-24-368732fd-300x200.jpg 300w, https:\/\/loudavymkrokem.cz\/wp-content\/uploads\/2026\/08\/bulharsko-research-varna-24-368732fd-700x467.jpg 700w, https:\/\/loudavymkrokem.cz\/wp-content\/uploads\/2026\/08\/bulharsko-research-varna-24-368732fd-768x512.jpg 768w, https:\/\/loudavymkrokem.cz\/wp-content\/uploads\/2026\/08\/bulharsko-research-varna-24-368732fd-1536x1024.jpg 1536w, https:\/\/loudavymkrokem.cz\/wp-content\/uploads\/2026\/08\/bulharsko-research-varna-24-368732fd-696x464.jpg 696w, https:\/\/loudavymkrokem.cz\/wp-content\/uploads\/2026\/08\/bulharsko-research-varna-24-368732fd-1392x928.jpg 1392w\" sizes=\"(max-width: 1800px) 100vw, 1800px\" \/><button\n\t\t\tclass=\"lightbox-trigger\"\n\t\t\ttype=\"button\"\n\t\t\taria-haspopup=\"dialog\"\n\t\t\tdata-wp-bind--aria-label=\"state.thisImage.triggerButtonAriaLabel\"\n\t\t\tdata-wp-init=\"callbacks.initTriggerButton\"\n\t\t\tdata-wp-on--click=\"actions.showLightbox\"\n\t\t\tdata-wp-style--right=\"state.thisImage.buttonRight\"\n\t\t\tdata-wp-style--top=\"state.thisImage.buttonTop\"\n\t\t>\n\t\t\t<svg xmlns=\"http:\/\/www.w3.org\/2000\/svg\" width=\"12\" height=\"12\" fill=\"none\" viewBox=\"0 0 12 12\">\n\t\t\t\t<path fill=\"#fff\" d=\"M2 0a2 2 0 0 0-2 2v2h1.5V2a.5.5 0 0 1 .5-.5h2V0H2Zm2 10.5H2a.5.5 0 0 1-.5-.5V8H0v2a2 2 0 0 0 2 2h2v-1.5ZM8 12v-1.5h2a.5.5 0 0 0 .5-.5V8H12v2a2 2 0 0 1-2 2H8Zm2-12a2 2 0 0 1 2 2v2h-1.5V2a.5.5 0 0 0-.5-.5H8V0h2Z\" \/>\n\t\t\t<\/svg>\n\t\t<\/button><figcaption class=\"wp-element-caption\">Foto: Dan Kollmann, CC BY-SA 4.0 (Wikimedia Commons)<\/figcaption><\/figure>\n\n\n\n<h3 class=\"wp-block-heading\"><span class=\"ez-toc-section\" id=\"17_Palast_und_Gaerten_Balchik\"><\/span>17. Palast und G\u00e4rten Balchik<span class=\"ez-toc-section-end\"><\/span><\/h3>\n\n\n\n<p class=\"wp-block-paragraph\">Etwa 40 Minuten Fahrt n\u00f6rdlich von Varna liegt das reizvolle St\u00e4dtchen Balchik. Die rum\u00e4nische K\u00f6nigin Marie verliebte sich so sehr in den Ort, dass sie sich hier eine Sommerresidenz erbauen lie\u00df, die sie das Stille Nest nannte. Die Villa ist von einem absolut atemberaubenden botanischen Garten umgeben, der sich in Terrassen bis zum Meer hinabzieht. Seine umfangreiche Kaktussammlung wird in Reisef\u00fchrern oft als eine der gr\u00f6\u00dften Europas bezeichnet. \ud83d\udca1 <strong>Tipp:<\/strong> <strong>Ein Kombiticket gibt es nicht!<\/strong> Du musst den Eintritt in den Palast (10 \u20ac) und in die G\u00e4rten (10 \u20ac) separat kaufen. Achte auf die Kindererm\u00e4\u00dfigungen: W\u00e4hrend Kinder bis 6 Jahre kostenlos in den Palast d\u00fcrfen, lassen die G\u00e4rten sie nur bis 4 Jahre kostenlos hinein.<\/p>\n\n\n\n<figure data-wp-context=\"{&quot;imageId&quot;:&quot;6a9c73bf681f5&quot;}\" data-wp-interactive=\"core\/image\" data-wp-key=\"6a9c73bf681f5\" class=\"wp-block-image size-full wp-lightbox-container\"><img decoding=\"async\" width=\"1800\" height=\"1080\" data-wp-class--hide=\"state.isContentHidden\" data-wp-class--show=\"state.isContentVisible\" data-wp-init=\"callbacks.setButtonStyles\" data-wp-on--click=\"actions.showLightbox\" data-wp-on--load=\"callbacks.setButtonStyles\" data-wp-on--pointerdown=\"actions.preloadImage\" data-wp-on--pointerenter=\"actions.preloadImageWithDelay\" data-wp-on--pointerleave=\"actions.cancelPreload\" data-wp-on-window--resize=\"callbacks.setButtonStyles\" src=\"https:\/\/loudavymkrokem.cz\/wp-content\/uploads\/2026\/08\/bulharsko-research-varna-25-5c253189.jpg\" alt=\"Klippen von Kap Kaliakra\" class=\"wp-image-407800\" title=\"\" srcset=\"https:\/\/loudavymkrokem.cz\/wp-content\/uploads\/2026\/08\/bulharsko-research-varna-25-5c253189.jpg 1800w, https:\/\/loudavymkrokem.cz\/wp-content\/uploads\/2026\/08\/bulharsko-research-varna-25-5c253189-300x180.jpg 300w, https:\/\/loudavymkrokem.cz\/wp-content\/uploads\/2026\/08\/bulharsko-research-varna-25-5c253189-700x420.jpg 700w, https:\/\/loudavymkrokem.cz\/wp-content\/uploads\/2026\/08\/bulharsko-research-varna-25-5c253189-768x461.jpg 768w, https:\/\/loudavymkrokem.cz\/wp-content\/uploads\/2026\/08\/bulharsko-research-varna-25-5c253189-1536x922.jpg 1536w, https:\/\/loudavymkrokem.cz\/wp-content\/uploads\/2026\/08\/bulharsko-research-varna-25-5c253189-696x418.jpg 696w, https:\/\/loudavymkrokem.cz\/wp-content\/uploads\/2026\/08\/bulharsko-research-varna-25-5c253189-1392x835.jpg 1392w\" sizes=\"(max-width: 1800px) 100vw, 1800px\" \/><button\n\t\t\tclass=\"lightbox-trigger\"\n\t\t\ttype=\"button\"\n\t\t\taria-haspopup=\"dialog\"\n\t\t\tdata-wp-bind--aria-label=\"state.thisImage.triggerButtonAriaLabel\"\n\t\t\tdata-wp-init=\"callbacks.initTriggerButton\"\n\t\t\tdata-wp-on--click=\"actions.showLightbox\"\n\t\t\tdata-wp-style--right=\"state.thisImage.buttonRight\"\n\t\t\tdata-wp-style--top=\"state.thisImage.buttonTop\"\n\t\t>\n\t\t\t<svg xmlns=\"http:\/\/www.w3.org\/2000\/svg\" width=\"12\" height=\"12\" fill=\"none\" viewBox=\"0 0 12 12\">\n\t\t\t\t<path fill=\"#fff\" d=\"M2 0a2 2 0 0 0-2 2v2h1.5V2a.5.5 0 0 1 .5-.5h2V0H2Zm2 10.5H2a.5.5 0 0 1-.5-.5V8H0v2a2 2 0 0 0 2 2h2v-1.5ZM8 12v-1.5h2a.5.5 0 0 0 .5-.5V8H12v2a2 2 0 0 1-2 2H8Zm2-12a2 2 0 0 1 2 2v2h-1.5V2a.5.5 0 0 0-.5-.5H8V0h2Z\" \/>\n\t\t\t<\/svg>\n\t\t<\/button><figcaption class=\"wp-element-caption\">Foto: Dan Kollmann, CC BY-SA 4.0 (Wikimedia Commons)<\/figcaption><\/figure>\n\n\n\n<h3 class=\"wp-block-heading\"><span class=\"ez-toc-section\" id=\"18_Kap_Kaliakra\"><\/span>18. Kap Kaliakra<span class=\"ez-toc-section-end\"><\/span><\/h3>\n\n\n\n<p class=\"wp-block-paragraph\">Ein St\u00fcck hinter Balchik ragt der zwei Kilometer lange, felsige Ausl\u00e4ufer des Kaps Kaliakra ins Meer. Bis zu 70 Meter hohe purpurrote Klippen fallen senkrecht in die Wellen und schaffen so einen der fotogensten Orte der bulgarischen K\u00fcste. Der Ort hat eine reiche Geschichte von der thrakischen Besiedlung bis zur Hauptstadt des mittelalterlichen F\u00fcrstentums Dobrudscha. Der Legende nach sprangen von diesen Klippen 40 Jungfrauen mit zusammengebundenen Haaren, um nicht in osmanische Gefangenschaft zu geraten. \ud83d\udca1 <strong>Tipp:<\/strong> Der Eintritt ins Areal kostet laut Besuchern etwa 3 \u20ac. Ohne Auto kommt man nur sehr schwer hierher, der Bus f\u00e4hrt von Varna nur bis Kavarna, den Rest musst du mit dem Taxi zur\u00fccklegen. Halte die Augen offen: Von den Klippen aus kann man oft Delfine beobachten.<\/p>\n\n\n\n<figure data-wp-context=\"{&quot;imageId&quot;:&quot;6a9c73bf686d4&quot;}\" data-wp-interactive=\"core\/image\" data-wp-key=\"6a9c73bf686d4\" class=\"wp-block-image size-full wp-lightbox-container\"><img decoding=\"async\" width=\"1800\" height=\"1350\" data-wp-class--hide=\"state.isContentHidden\" data-wp-class--show=\"state.isContentVisible\" data-wp-init=\"callbacks.setButtonStyles\" data-wp-on--click=\"actions.showLightbox\" data-wp-on--load=\"callbacks.setButtonStyles\" data-wp-on--pointerdown=\"actions.preloadImage\" data-wp-on--pointerenter=\"actions.preloadImageWithDelay\" data-wp-on--pointerleave=\"actions.cancelPreload\" data-wp-on-window--resize=\"callbacks.setButtonStyles\" src=\"https:\/\/loudavymkrokem.cz\/wp-content\/uploads\/2026\/08\/bulharsko-research-varna-26-0919ed51.jpg\" alt=\"Felskloster Aladscha bei Varna\" class=\"wp-image-407801\" title=\"\" srcset=\"https:\/\/loudavymkrokem.cz\/wp-content\/uploads\/2026\/08\/bulharsko-research-varna-26-0919ed51.jpg 1800w, https:\/\/loudavymkrokem.cz\/wp-content\/uploads\/2026\/08\/bulharsko-research-varna-26-0919ed51-300x225.jpg 300w, https:\/\/loudavymkrokem.cz\/wp-content\/uploads\/2026\/08\/bulharsko-research-varna-26-0919ed51-700x525.jpg 700w, https:\/\/loudavymkrokem.cz\/wp-content\/uploads\/2026\/08\/bulharsko-research-varna-26-0919ed51-768x576.jpg 768w, https:\/\/loudavymkrokem.cz\/wp-content\/uploads\/2026\/08\/bulharsko-research-varna-26-0919ed51-1536x1152.jpg 1536w, https:\/\/loudavymkrokem.cz\/wp-content\/uploads\/2026\/08\/bulharsko-research-varna-26-0919ed51-80x60.jpg 80w, https:\/\/loudavymkrokem.cz\/wp-content\/uploads\/2026\/08\/bulharsko-research-varna-26-0919ed51-160x120.jpg 160w, https:\/\/loudavymkrokem.cz\/wp-content\/uploads\/2026\/08\/bulharsko-research-varna-26-0919ed51-696x522.jpg 696w, https:\/\/loudavymkrokem.cz\/wp-content\/uploads\/2026\/08\/bulharsko-research-varna-26-0919ed51-1392x1044.jpg 1392w\" sizes=\"(max-width: 1800px) 100vw, 1800px\" \/><button\n\t\t\tclass=\"lightbox-trigger\"\n\t\t\ttype=\"button\"\n\t\t\taria-haspopup=\"dialog\"\n\t\t\tdata-wp-bind--aria-label=\"state.thisImage.triggerButtonAriaLabel\"\n\t\t\tdata-wp-init=\"callbacks.initTriggerButton\"\n\t\t\tdata-wp-on--click=\"actions.showLightbox\"\n\t\t\tdata-wp-style--right=\"state.thisImage.buttonRight\"\n\t\t\tdata-wp-style--top=\"state.thisImage.buttonTop\"\n\t\t>\n\t\t\t<svg xmlns=\"http:\/\/www.w3.org\/2000\/svg\" width=\"12\" height=\"12\" fill=\"none\" viewBox=\"0 0 12 12\">\n\t\t\t\t<path fill=\"#fff\" d=\"M2 0a2 2 0 0 0-2 2v2h1.5V2a.5.5 0 0 1 .5-.5h2V0H2Zm2 10.5H2a.5.5 0 0 1-.5-.5V8H0v2a2 2 0 0 0 2 2h2v-1.5ZM8 12v-1.5h2a.5.5 0 0 0 .5-.5V8H12v2a2 2 0 0 1-2 2H8Zm2-12a2 2 0 0 1 2 2v2h-1.5V2a.5.5 0 0 0-.5-.5H8V0h2Z\" \/>\n\t\t\t<\/svg>\n\t\t<\/button><figcaption class=\"wp-element-caption\">Foto: Utilizator:\u021aetcu Mircea Rare\u0219 at ro.wikipedia, CC BY-SA 2.5 (Wikimedia Commons)<\/figcaption><\/figure>\n\n\n\n<h3 class=\"wp-block-heading\"><span class=\"ez-toc-section\" id=\"19_Kloster_Aladscha\"><\/span>19. Kloster Aladscha<span class=\"ez-toc-section-end\"><\/span><\/h3>\n\n\n\n<p class=\"wp-block-paragraph\">Nur 16 Kilometer von Varna entfernt verbirgt sich in einer 40 Meter hohen Kalksteinklippe ein mittelalterliches Felskloster. Im 12. bis 14. Jahrhundert lebte hier eine hesychastische M\u00f6nchsgemeinschaft, die ihre Zellen und Kapellen direkt in den Fels auf zwei H\u00f6henebenen hauen lie\u00df. Der Name stammt vom t\u00fcrkischen Wort f\u00fcr \u201ebunt&#8220;, was auf die heute bereits zerst\u00f6rten farbigen Fresken verweist. \ud83d\udca1 <strong>Tipp:<\/strong> Der Eintritt betr\u00e4gt 5 \u20ac. Wenn du im Winter nach Varna f\u00e4hrst, streiche diesen Ausflug \u2013 <strong>von Dezember bis Februar ist das Kloster f\u00fcr die \u00d6ffentlichkeit komplett geschlossen<\/strong>.<\/p>\n\n\n\n<figure data-wp-context=\"{&quot;imageId&quot;:&quot;6a9c73bf68c2a&quot;}\" data-wp-interactive=\"core\/image\" data-wp-key=\"6a9c73bf68c2a\" class=\"wp-block-image size-full wp-lightbox-container\"><img decoding=\"async\" width=\"1800\" height=\"813\" data-wp-class--hide=\"state.isContentHidden\" data-wp-class--show=\"state.isContentVisible\" data-wp-init=\"callbacks.setButtonStyles\" data-wp-on--click=\"actions.showLightbox\" data-wp-on--load=\"callbacks.setButtonStyles\" data-wp-on--pointerdown=\"actions.preloadImage\" data-wp-on--pointerenter=\"actions.preloadImageWithDelay\" data-wp-on--pointerleave=\"actions.cancelPreload\" data-wp-on-window--resize=\"callbacks.setButtonStyles\" src=\"https:\/\/loudavymkrokem.cz\/wp-content\/uploads\/2026\/08\/bulharsko-research-varna-27-1a79dd3a.jpg\" alt=\"Steinwald Pobiti Kamani bei Varna\" class=\"wp-image-407802\" title=\"\" srcset=\"https:\/\/loudavymkrokem.cz\/wp-content\/uploads\/2026\/08\/bulharsko-research-varna-27-1a79dd3a.jpg 1800w, https:\/\/loudavymkrokem.cz\/wp-content\/uploads\/2026\/08\/bulharsko-research-varna-27-1a79dd3a-300x136.jpg 300w, https:\/\/loudavymkrokem.cz\/wp-content\/uploads\/2026\/08\/bulharsko-research-varna-27-1a79dd3a-700x316.jpg 700w, https:\/\/loudavymkrokem.cz\/wp-content\/uploads\/2026\/08\/bulharsko-research-varna-27-1a79dd3a-768x347.jpg 768w, https:\/\/loudavymkrokem.cz\/wp-content\/uploads\/2026\/08\/bulharsko-research-varna-27-1a79dd3a-1536x694.jpg 1536w, https:\/\/loudavymkrokem.cz\/wp-content\/uploads\/2026\/08\/bulharsko-research-varna-27-1a79dd3a-696x314.jpg 696w, https:\/\/loudavymkrokem.cz\/wp-content\/uploads\/2026\/08\/bulharsko-research-varna-27-1a79dd3a-1392x629.jpg 1392w\" sizes=\"(max-width: 1800px) 100vw, 1800px\" \/><button\n\t\t\tclass=\"lightbox-trigger\"\n\t\t\ttype=\"button\"\n\t\t\taria-haspopup=\"dialog\"\n\t\t\tdata-wp-bind--aria-label=\"state.thisImage.triggerButtonAriaLabel\"\n\t\t\tdata-wp-init=\"callbacks.initTriggerButton\"\n\t\t\tdata-wp-on--click=\"actions.showLightbox\"\n\t\t\tdata-wp-style--right=\"state.thisImage.buttonRight\"\n\t\t\tdata-wp-style--top=\"state.thisImage.buttonTop\"\n\t\t>\n\t\t\t<svg xmlns=\"http:\/\/www.w3.org\/2000\/svg\" width=\"12\" height=\"12\" fill=\"none\" viewBox=\"0 0 12 12\">\n\t\t\t\t<path fill=\"#fff\" d=\"M2 0a2 2 0 0 0-2 2v2h1.5V2a.5.5 0 0 1 .5-.5h2V0H2Zm2 10.5H2a.5.5 0 0 1-.5-.5V8H0v2a2 2 0 0 0 2 2h2v-1.5ZM8 12v-1.5h2a.5.5 0 0 0 .5-.5V8H12v2a2 2 0 0 1-2 2H8Zm2-12a2 2 0 0 1 2 2v2h-1.5V2a.5.5 0 0 0-.5-.5H8V0h2Z\" \/>\n\t\t\t<\/svg>\n\t\t<\/button><figcaption class=\"wp-element-caption\">Foto: Diego Delso, CC BY-SA 4.0 (Wikimedia Commons)<\/figcaption><\/figure>\n\n\n\n<h3 class=\"wp-block-heading\"><span class=\"ez-toc-section\" id=\"20_Pobiti_Kamani_und_Madara-Reiter\"><\/span>20. Pobiti Kamani und Madara-Reiter<span class=\"ez-toc-section-end\"><\/span><\/h3>\n\n\n\n<p class=\"wp-block-paragraph\">Etwa zwanzig Minuten Fahrt ins Landesinnere st\u00f6\u00dft du auf den Steinwald (Pobiti Kamani). Aus der trockeneren, sandigen Landschaft ragen hier Hunderte bis zu 6 Meter hohe Steins\u00e4ulen. Wie sie genau entstanden sind, wei\u00df bis heute niemand mit Sicherheit, aber moderne Forschungen neigen zu der Theorie, dass es sich um versteinerte Kamine eines urzeitlichen Methanaustritts aus dem Meeresboden handelt. Der Eintritt kostet 3 \u20ac. \ud83d\udca1 <strong>Tipp f\u00fcr einen Tagesausflug:<\/strong> Wenn du ein Auto hast, verbinde Pobiti Kamani mit einem Besuch des <strong>Madara-Reiters<\/strong> (ca. 75 km von Varna). Dieses einzigartige mittelalterliche Relief, 23 Meter hoch in den Fels gehauen, steht unter UNESCO-Schutz, und zu ihm f\u00fchren etwa hundert H\u00f6henmeter \u00fcber Treppen. Der Eintritt liegt bei etwa 3,58 \u20ac.<\/p>\n\n\n\n<figure data-wp-context=\"{&quot;imageId&quot;:&quot;6a9c73bf69123&quot;}\" data-wp-interactive=\"core\/image\" data-wp-key=\"6a9c73bf69123\" class=\"wp-block-image size-full wp-lightbox-container\"><img decoding=\"async\" width=\"1800\" height=\"1014\" data-wp-class--hide=\"state.isContentHidden\" data-wp-class--show=\"state.isContentVisible\" data-wp-init=\"callbacks.setButtonStyles\" data-wp-on--click=\"actions.showLightbox\" data-wp-on--load=\"callbacks.setButtonStyles\" data-wp-on--pointerdown=\"actions.preloadImage\" data-wp-on--pointerenter=\"actions.preloadImageWithDelay\" data-wp-on--pointerleave=\"actions.cancelPreload\" data-wp-on-window--resize=\"callbacks.setButtonStyles\" src=\"https:\/\/loudavymkrokem.cz\/wp-content\/uploads\/2026\/08\/bulharsko-research-varna-28-8417c058.jpg\" alt=\"Schopska-Salat, ein Klassiker der bulgarischen K\u00fcche\" class=\"wp-image-407803\" title=\"\" srcset=\"https:\/\/loudavymkrokem.cz\/wp-content\/uploads\/2026\/08\/bulharsko-research-varna-28-8417c058.jpg 1800w, https:\/\/loudavymkrokem.cz\/wp-content\/uploads\/2026\/08\/bulharsko-research-varna-28-8417c058-300x169.jpg 300w, https:\/\/loudavymkrokem.cz\/wp-content\/uploads\/2026\/08\/bulharsko-research-varna-28-8417c058-700x394.jpg 700w, https:\/\/loudavymkrokem.cz\/wp-content\/uploads\/2026\/08\/bulharsko-research-varna-28-8417c058-768x433.jpg 768w, https:\/\/loudavymkrokem.cz\/wp-content\/uploads\/2026\/08\/bulharsko-research-varna-28-8417c058-1536x865.jpg 1536w, https:\/\/loudavymkrokem.cz\/wp-content\/uploads\/2026\/08\/bulharsko-research-varna-28-8417c058-696x392.jpg 696w, https:\/\/loudavymkrokem.cz\/wp-content\/uploads\/2026\/08\/bulharsko-research-varna-28-8417c058-1392x784.jpg 1392w\" sizes=\"(max-width: 1800px) 100vw, 1800px\" \/><button\n\t\t\tclass=\"lightbox-trigger\"\n\t\t\ttype=\"button\"\n\t\t\taria-haspopup=\"dialog\"\n\t\t\tdata-wp-bind--aria-label=\"state.thisImage.triggerButtonAriaLabel\"\n\t\t\tdata-wp-init=\"callbacks.initTriggerButton\"\n\t\t\tdata-wp-on--click=\"actions.showLightbox\"\n\t\t\tdata-wp-style--right=\"state.thisImage.buttonRight\"\n\t\t\tdata-wp-style--top=\"state.thisImage.buttonTop\"\n\t\t>\n\t\t\t<svg xmlns=\"http:\/\/www.w3.org\/2000\/svg\" width=\"12\" height=\"12\" fill=\"none\" viewBox=\"0 0 12 12\">\n\t\t\t\t<path fill=\"#fff\" d=\"M2 0a2 2 0 0 0-2 2v2h1.5V2a.5.5 0 0 1 .5-.5h2V0H2Zm2 10.5H2a.5.5 0 0 1-.5-.5V8H0v2a2 2 0 0 0 2 2h2v-1.5ZM8 12v-1.5h2a.5.5 0 0 0 .5-.5V8H12v2a2 2 0 0 1-2 2H8Zm2-12a2 2 0 0 1 2 2v2h-1.5V2a.5.5 0 0 0-.5-.5H8V0h2Z\" \/>\n\t\t\t<\/svg>\n\t\t<\/button><figcaption class=\"wp-element-caption\">Foto: Viktorija N. Ivanov, CC BY-SA 4.0 (Wikimedia Commons)<\/figcaption><\/figure>\n\n\n\n<h2 class=\"wp-block-heading\"><span class=\"ez-toc-section\" id=\"Wo_du_in_Varna_essen_kannst\"><\/span>Wo du in Varna essen kannst<span class=\"ez-toc-section-end\"><\/span><\/h2>\n\n\n\n<p class=\"wp-block-paragraph\">Die Gastronomie in Varna ist hervorragend, aber du musst wissen, wohin du gehst. Eine langj\u00e4hrige sichere Wahl f\u00fcr Liebhaber guten Essens ist die <strong>Restaurantkette Starija Chinar<\/strong>. Sie hat f\u00fcnf Filialen in der Stadt (besonders gut bewertet sind die an der Port Varna oder am Cherno More) und bietet ein perfektes Preis-Leistungs-Verh\u00e4ltnis. Wenn du genau dort essen willst, wo die Einheimischen aus dem historischen Griechischen Viertel hingehen, steuere den <strong>Familienbetrieb Erato<\/strong> an, wo du f\u00fcr unter 15 Euro satt wirst. F\u00fcr Kaffee und Fr\u00fchst\u00fcck haben die Caf\u00e9s Blend Coffee und Stretto ausgezeichnete Bewertungen.<\/p>\n\n\n\n<p class=\"wp-block-paragraph\"><strong>F\u00fcr Vegetarier ist die bulgarische K\u00fcche recht freundlich, wenn du wei\u00dft, was du bestellen musst.<\/strong> Suche nach den Klassikern: <strong>Schopska-Salat, die kalte Gurkensuppe Tarator, \u00fcberbackener Sirene-K\u00e4se \u201enach Schopska-Art&#8220;, das Gem\u00fcsegericht Mish-Mash oder die Auberginenpaste Kjopolou<\/strong>. Das Restaurant Starija Chinar hat auf der Speisekarte einen eigenen Abschnitt mit fleischlosen Gerichten, wo du ausgezeichnete k\u00e4segef\u00fcllte Paprika Bjurek oder Risotto findest. Rein vegetarische Sicherheiten im Zentrum von Varna sind die Lokale <strong>SUPA<\/strong> oder <strong>\u017diva Priroda<\/strong>. Das fr\u00fcher empfohlene vegane Restaurant Vege Joy ist dagegen inzwischen dauerhaft geschlossen.<\/p>\n\n\n\n<p class=\"wp-block-paragraph\"><strong>Gastronomische Fallen f\u00fcr Vegetarier:<\/strong> Lass dich von Namen nicht t\u00e4uschen! <strong>Tarama<\/strong> klingt verlockend, ist aber eine Paste aus Fischrogen. <strong>Ovcharska Salata<\/strong> sieht aus wie ein harmloser Salat, enth\u00e4lt aber immer Speck. Die beliebte balkanische <strong>Musaka<\/strong>, die \u00fcberbackenen Toasts <strong>Printsesi<\/strong> sowie der traditionelle <strong>Drob Sarma<\/strong> sind immer mit Fleisch oder Innereien, und vegetarische Versionen werden in gew\u00f6hnlichen Mehanas praktisch nicht angeboten.<\/p>\n\n\n\n<figure data-wp-context=\"{&quot;imageId&quot;:&quot;6a9c73bf6988a&quot;}\" data-wp-interactive=\"core\/image\" data-wp-key=\"6a9c73bf6988a\" class=\"wp-block-image size-full wp-lightbox-container\"><img decoding=\"async\" width=\"1800\" height=\"1199\" data-wp-class--hide=\"state.isContentHidden\" data-wp-class--show=\"state.isContentVisible\" data-wp-init=\"callbacks.setButtonStyles\" data-wp-on--click=\"actions.showLightbox\" data-wp-on--load=\"callbacks.setButtonStyles\" data-wp-on--pointerdown=\"actions.preloadImage\" data-wp-on--pointerenter=\"actions.preloadImageWithDelay\" data-wp-on--pointerleave=\"actions.cancelPreload\" data-wp-on-window--resize=\"callbacks.setButtonStyles\" src=\"https:\/\/loudavymkrokem.cz\/wp-content\/uploads\/2026\/08\/bulharsko-research-varna-29-7619f99e.jpg\" alt=\"Zimmer im Grand Hotel London in Varna\" class=\"wp-image-407804\" title=\"\" srcset=\"https:\/\/loudavymkrokem.cz\/wp-content\/uploads\/2026\/08\/bulharsko-research-varna-29-7619f99e.jpg 1800w, https:\/\/loudavymkrokem.cz\/wp-content\/uploads\/2026\/08\/bulharsko-research-varna-29-7619f99e-300x200.jpg 300w, https:\/\/loudavymkrokem.cz\/wp-content\/uploads\/2026\/08\/bulharsko-research-varna-29-7619f99e-700x466.jpg 700w, https:\/\/loudavymkrokem.cz\/wp-content\/uploads\/2026\/08\/bulharsko-research-varna-29-7619f99e-768x512.jpg 768w, https:\/\/loudavymkrokem.cz\/wp-content\/uploads\/2026\/08\/bulharsko-research-varna-29-7619f99e-1536x1023.jpg 1536w, https:\/\/loudavymkrokem.cz\/wp-content\/uploads\/2026\/08\/bulharsko-research-varna-29-7619f99e-696x464.jpg 696w, https:\/\/loudavymkrokem.cz\/wp-content\/uploads\/2026\/08\/bulharsko-research-varna-29-7619f99e-1392x927.jpg 1392w\" sizes=\"(max-width: 1800px) 100vw, 1800px\" \/><button\n\t\t\tclass=\"lightbox-trigger\"\n\t\t\ttype=\"button\"\n\t\t\taria-haspopup=\"dialog\"\n\t\t\tdata-wp-bind--aria-label=\"state.thisImage.triggerButtonAriaLabel\"\n\t\t\tdata-wp-init=\"callbacks.initTriggerButton\"\n\t\t\tdata-wp-on--click=\"actions.showLightbox\"\n\t\t\tdata-wp-style--right=\"state.thisImage.buttonRight\"\n\t\t\tdata-wp-style--top=\"state.thisImage.buttonTop\"\n\t\t>\n\t\t\t<svg xmlns=\"http:\/\/www.w3.org\/2000\/svg\" width=\"12\" height=\"12\" fill=\"none\" viewBox=\"0 0 12 12\">\n\t\t\t\t<path fill=\"#fff\" d=\"M2 0a2 2 0 0 0-2 2v2h1.5V2a.5.5 0 0 1 .5-.5h2V0H2Zm2 10.5H2a.5.5 0 0 1-.5-.5V8H0v2a2 2 0 0 0 2 2h2v-1.5ZM8 12v-1.5h2a.5.5 0 0 0 .5-.5V8H12v2a2 2 0 0 1-2 2H8Zm2-12a2 2 0 0 1 2 2v2h-1.5V2a.5.5 0 0 0-.5-.5H8V0h2Z\" \/>\n\t\t\t<\/svg>\n\t\t<\/button><figcaption class=\"wp-element-caption\">Foto: Grand Hotel London (Google Maps)<\/figcaption><\/figure>\n\n\n\n<h2 class=\"wp-block-heading\"><span class=\"ez-toc-section\" id=\"Wo_du_in_Varna_uebernachten_kannst\"><\/span>Wo du in Varna \u00fcbernachten kannst<span class=\"ez-toc-section-end\"><\/span><\/h2>\n\n\n\n<p class=\"wp-block-paragraph\"><em>\ud83d\udca1 Tipp f\u00fcr Unterkunft und Erlebnisse: Unterk\u00fcnfte vor Ort <a href=\"https:\/\/www.stay22.com\/allez\/roam?aid=lukaskonecny&#038;campaign=loudavymkrokemcz&#038;address=Varna\" target=\"_blank\" rel=\"nofollow noopener sponsored\">vergleichen wir hier<\/a>, damit du siehst, was frei ist und zu welchem Preis. Am liebsten suchen wir sie auf <a href=\"https:\/\/www.booking.com\/searchresults.html?ss=Varna&#038;aid=2397601\" target=\"_blank\" rel=\"nofollow noopener sponsored\">Booking.com<\/a>, wo die Stornobedingungen meist am besten sind. Tickets, Ausfl\u00fcge und Aktivit\u00e4ten lohnt es sich dann \u00fcber <a href=\"https:\/\/www.getyourguide.com\/s\/?q=Varna&#038;partner_id=MKZ64IS\" target=\"_blank\" rel=\"nofollow noopener sponsored\">GetYourGuide<\/a> zu vergleichen und zu kaufen.<\/em><\/p>\n\n\n\n<p class=\"wp-block-paragraph\">Bei der <strong>Wahl der Unterkunft<\/strong> musst du dir klarmachen, was du dir vom Aufenthalt erhoffst. Hier ein kurzer \u00dcberblick \u00fcber die <strong>besten Lagen<\/strong>:<\/p>\n\n\n\n<ul class=\"wp-block-list\">\n\n<li><strong>Griechisches Viertel (Gr\u0103tska Mahala):<\/strong> Der \u00e4lteste Teil der Stadt. Du bist ein paar hundert Meter vom Strand entfernt und hast hier das beste Preis-Leistungs-Verh\u00e4ltnis in der Gastronomie. Minus sind die bis in die Morgenstunden ge\u00f6ffneten Bars. Ideal f\u00fcr Paare und Foodies.<\/li>\n\n\n\n<li><strong>Rund um die Kathedrale:<\/strong> Belebteres Zentrum, aber alles ist zu Fu\u00df erreichbar. Super f\u00fcr den ersten Besuch.<\/li>\n\n\n\n<li><strong>Chaika:<\/strong> Gr\u00fcnes Viertel ein St\u00fcck weiter vom Zentrum, sehr nah am Delfinarium und am Meeresgarten. Ruhige Gegend mit modernen Apartments, ideal f\u00fcr Familien mit Kindern.<\/li>\n\n\n\n<li><strong>Asparuchovo:<\/strong> G\u00fcnstigeres Wohnen \u00fcber der Br\u00fccke, riesiger ruhiger Strand und tolle Fischrestaurants. Geeignet f\u00fcr alle, die mit dem Auto angereist sind.<\/li>\n\n\n<\/ul>\n\n\n\n<p class=\"wp-block-paragraph\"><strong>Konkrete Unterkunftstipps:<\/strong> Wenn du die absolute Spitze mit bester Bewertung und Lage suchst, w\u00e4hle das <strong><a href=\"https:\/\/www.stay22.com\/allez\/roam?aid=lukaskonecny&#038;campaign=loudavymkrokemcz&#038;campaign=varna&#038;hotelname=Modus%20Hotel&#038;address=Varna%2C%20Bulharsko\" target=\"_blank\" rel=\"noopener nofollow sponsored\">Modus Hotel<\/a><\/strong> direkt im Griechischen Viertel. Zum Meeresgarten sind es 130 Meter, zum Strand nur ein kurzes St\u00fcck weiter. Geschichtsliebhaber sch\u00e4tzen das <strong><a href=\"https:\/\/www.stay22.com\/allez\/roam?aid=lukaskonecny&#038;campaign=loudavymkrokemcz&#038;campaign=varna&#038;hotelname=Grand%20Hotel%20London&#038;address=Varna%2C%20Bulharsko\" target=\"_blank\" rel=\"noopener nofollow sponsored\">Grand Hotel London<\/a><\/strong>, ein wundersch\u00f6nes Jugendstilgeb\u00e4ude von 1912 direkt im Zentrum (rechne aber mit Treppen). Suchst du den goldenen Mittelweg mit Aussicht, bietet das riesige <strong><a href=\"https:\/\/www.stay22.com\/allez\/roam?aid=lukaskonecny&#038;campaign=loudavymkrokemcz&#038;campaign=varna&#038;hotelname=Hotel%20Cherno%20More&#038;address=Varna%2C%20Bulharsko\" target=\"_blank\" rel=\"noopener nofollow sponsored\">Hotel Cherno More<\/a><\/strong> Balkone mit Meerblick und steht direkt am Eingang zum Park. Wer den Sehensw\u00fcrdigkeiten so nah wie m\u00f6glich sein will, \u00fcbernachtet im <strong><a href=\"https:\/\/www.stay22.com\/allez\/roam?aid=lukaskonecny&#038;campaign=loudavymkrokemcz&#038;campaign=varna&#038;hotelname=Boutique%20Splendid&#038;address=Varna%2C%20Bulharsko\" target=\"_blank\" rel=\"noopener nofollow sponsored\">Boutique Splendid<\/a><\/strong>, das knapp hundert Meter von der Kathedrale entfernt liegt. F\u00fcr Low-Budget-Reisende ist das im Zentrum hervorragend bewertete <strong><a href=\"https:\/\/www.stay22.com\/allez\/roam?aid=lukaskonecny&#038;campaign=loudavymkrokemcz&#038;campaign=varna&#038;hotelname=Nomado%20hostel&#038;address=Varna%2C%20Bulharsko\" target=\"_blank\" rel=\"noopener nofollow sponsored\">Nomado Hostel<\/a><\/strong> zu empfehlen.<\/p>\n\n\n\n<figure data-wp-context=\"{&quot;imageId&quot;:&quot;6a9c73bf6a28d&quot;}\" data-wp-interactive=\"core\/image\" data-wp-key=\"6a9c73bf6a28d\" class=\"wp-block-image size-full wp-lightbox-container\"><img decoding=\"async\" width=\"1800\" height=\"1190\" data-wp-class--hide=\"state.isContentHidden\" data-wp-class--show=\"state.isContentVisible\" data-wp-init=\"callbacks.setButtonStyles\" data-wp-on--click=\"actions.showLightbox\" data-wp-on--load=\"callbacks.setButtonStyles\" data-wp-on--pointerdown=\"actions.preloadImage\" data-wp-on--pointerenter=\"actions.preloadImageWithDelay\" data-wp-on--pointerleave=\"actions.cancelPreload\" data-wp-on-window--resize=\"callbacks.setButtonStyles\" src=\"https:\/\/loudavymkrokem.cz\/wp-content\/uploads\/2026\/08\/bulharsko-research-varna-30-0ccc3d89.jpg\" alt=\"Sonnenuntergang \u00fcber den Str\u00e4nden von Varna\" class=\"wp-image-407805\" title=\"\" srcset=\"https:\/\/loudavymkrokem.cz\/wp-content\/uploads\/2026\/08\/bulharsko-research-varna-30-0ccc3d89.jpg 1800w, https:\/\/loudavymkrokem.cz\/wp-content\/uploads\/2026\/08\/bulharsko-research-varna-30-0ccc3d89-300x198.jpg 300w, https:\/\/loudavymkrokem.cz\/wp-content\/uploads\/2026\/08\/bulharsko-research-varna-30-0ccc3d89-700x463.jpg 700w, https:\/\/loudavymkrokem.cz\/wp-content\/uploads\/2026\/08\/bulharsko-research-varna-30-0ccc3d89-768x508.jpg 768w, https:\/\/loudavymkrokem.cz\/wp-content\/uploads\/2026\/08\/bulharsko-research-varna-30-0ccc3d89-1536x1015.jpg 1536w, https:\/\/loudavymkrokem.cz\/wp-content\/uploads\/2026\/08\/bulharsko-research-varna-30-0ccc3d89-696x460.jpg 696w, https:\/\/loudavymkrokem.cz\/wp-content\/uploads\/2026\/08\/bulharsko-research-varna-30-0ccc3d89-1392x920.jpg 1392w\" sizes=\"(max-width: 1800px) 100vw, 1800px\" \/><button\n\t\t\tclass=\"lightbox-trigger\"\n\t\t\ttype=\"button\"\n\t\t\taria-haspopup=\"dialog\"\n\t\t\tdata-wp-bind--aria-label=\"state.thisImage.triggerButtonAriaLabel\"\n\t\t\tdata-wp-init=\"callbacks.initTriggerButton\"\n\t\t\tdata-wp-on--click=\"actions.showLightbox\"\n\t\t\tdata-wp-style--right=\"state.thisImage.buttonRight\"\n\t\t\tdata-wp-style--top=\"state.thisImage.buttonTop\"\n\t\t>\n\t\t\t<svg xmlns=\"http:\/\/www.w3.org\/2000\/svg\" width=\"12\" height=\"12\" fill=\"none\" viewBox=\"0 0 12 12\">\n\t\t\t\t<path fill=\"#fff\" d=\"M2 0a2 2 0 0 0-2 2v2h1.5V2a.5.5 0 0 1 .5-.5h2V0H2Zm2 10.5H2a.5.5 0 0 1-.5-.5V8H0v2a2 2 0 0 0 2 2h2v-1.5ZM8 12v-1.5h2a.5.5 0 0 0 .5-.5V8H12v2a2 2 0 0 1-2 2H8Zm2-12a2 2 0 0 1 2 2v2h-1.5V2a.5.5 0 0 0-.5-.5H8V0h2Z\" \/>\n\t\t\t<\/svg>\n\t\t<\/button><figcaption class=\"wp-element-caption\">Foto: Alex Yosifov, CC BY-SA 2.0 (Wikimedia Commons)<\/figcaption><\/figure>\n\n\n\n<p class=\"wp-block-paragraph\">\ud83d\udc49 <a href=\"https:\/\/www.stay22.com\/allez\/roam?aid=lukaskonecny&#038;campaign=loudavymkrokemcz&#038;campaign=varna&#038;address=Varna%2C%20Bulharsko\" target=\"_blank\" rel=\"nofollow noopener\"><strong>Unterkunftspreise in Varna vergleichen<\/strong><\/a><\/p>\n\n\n\n<h2 class=\"wp-block-heading\"><span class=\"ez-toc-section\" id=\"Wetter_in_Varna_Bulgarien_Wann_hinfahren\"><\/span>Wetter in Varna, Bulgarien: Wann hinfahren<span class=\"ez-toc-section-end\"><\/span><\/h2>\n\n\n\n<p class=\"wp-block-paragraph\">Das Wetter in Varna, Bulgarien, folgt dem klassischen Schwarzmeerklima. Die Sommer sind hei\u00df, die Winter mild, wenn auch windig. <strong>Der August ist statistisch der trockenste und sonnigste Monat des Jahres<\/strong> (nur 3 Regentage und durchschnittlich \u00fcber 318 Sonnenstunden). Das Meer erw\u00e4rmt sich im August auf herrliche 24,8 \u00b0C. Am meisten regnet es dagegen im Oktober.<\/p>\n\n\n\n<figure class=\"wp-block-table\"><table><thead><tr><th>Monat<\/th><th>Durchschn. H\u00f6chsttemp. (\u00b0C)<\/th><th>Niederschlag (mm)<\/th><\/tr><\/thead><tbody><tr><td>Mai<\/td><td>21,2<\/td><td>38<\/td><\/tr><tr><td>Juni<\/td><td>26,1<\/td><td>52<\/td><\/tr><tr><td>Juli<\/td><td>28,9<\/td><td>48<\/td><\/tr><tr><td>August<\/td><td>29,4<\/td><td>29<\/td><\/tr><tr><td>September<\/td><td>24,8<\/td><td>49<\/td><\/tr><tr><td>Oktober<\/td><td>19,0<\/td><td>56<\/td><\/tr><\/tbody><\/table><\/figure>\n\n\n\n<p class=\"wp-block-paragraph\">Der Sommer steht in Varna im Zeichen der Kultur. 2026 feiert das <strong>\u00e4lteste Musikfestival Bulgariens \u2013 der Varnaer Sommer \u2013 sein 100-j\u00e4hriges Jubil\u00e4um<\/strong>. Von Juni bis Oktober finden Konzerte klassischer Musik im Innenhof des Arch\u00e4ologischen Museums und in der Oper statt. Im August findet das ber\u00fchmte Jazzfestival statt, und direkt auf den 15. August f\u00e4llt der <strong>Tag von Varna<\/strong>, der um 23:00 Uhr mit einem Feuerwerk gipfelt. (Achtung: Der ber\u00fchmte Internationale Ballettwettbewerb fand 2026 nicht statt; nach langer Pause wurde nur seine k\u00fcnftige Wiederbelebung ohne konkreten Termin angek\u00fcndigt.)<\/p>\n\n\n\n<figure data-wp-context=\"{&quot;imageId&quot;:&quot;6a9c73bf6a83e&quot;}\" data-wp-interactive=\"core\/image\" data-wp-key=\"6a9c73bf6a83e\" class=\"wp-block-image size-full wp-lightbox-container\"><img decoding=\"async\" width=\"1800\" height=\"1012\" data-wp-class--hide=\"state.isContentHidden\" data-wp-class--show=\"state.isContentVisible\" data-wp-init=\"callbacks.setButtonStyles\" data-wp-on--click=\"actions.showLightbox\" data-wp-on--load=\"callbacks.setButtonStyles\" data-wp-on--pointerdown=\"actions.preloadImage\" data-wp-on--pointerenter=\"actions.preloadImageWithDelay\" data-wp-on--pointerleave=\"actions.cancelPreload\" data-wp-on-window--resize=\"callbacks.setButtonStyles\" src=\"https:\/\/loudavymkrokem.cz\/wp-content\/uploads\/2026\/08\/bulharsko-research-varna-31-3a8e6131.jpg\" alt=\"Vereiste K\u00fcste in Varna im Winter\" class=\"wp-image-407806\" title=\"\" srcset=\"https:\/\/loudavymkrokem.cz\/wp-content\/uploads\/2026\/08\/bulharsko-research-varna-31-3a8e6131.jpg 1800w, https:\/\/loudavymkrokem.cz\/wp-content\/uploads\/2026\/08\/bulharsko-research-varna-31-3a8e6131-300x169.jpg 300w, https:\/\/loudavymkrokem.cz\/wp-content\/uploads\/2026\/08\/bulharsko-research-varna-31-3a8e6131-700x394.jpg 700w, https:\/\/loudavymkrokem.cz\/wp-content\/uploads\/2026\/08\/bulharsko-research-varna-31-3a8e6131-768x432.jpg 768w, https:\/\/loudavymkrokem.cz\/wp-content\/uploads\/2026\/08\/bulharsko-research-varna-31-3a8e6131-1536x864.jpg 1536w, https:\/\/loudavymkrokem.cz\/wp-content\/uploads\/2026\/08\/bulharsko-research-varna-31-3a8e6131-696x391.jpg 696w, https:\/\/loudavymkrokem.cz\/wp-content\/uploads\/2026\/08\/bulharsko-research-varna-31-3a8e6131-1392x783.jpg 1392w\" sizes=\"(max-width: 1800px) 100vw, 1800px\" \/><button\n\t\t\tclass=\"lightbox-trigger\"\n\t\t\ttype=\"button\"\n\t\t\taria-haspopup=\"dialog\"\n\t\t\tdata-wp-bind--aria-label=\"state.thisImage.triggerButtonAriaLabel\"\n\t\t\tdata-wp-init=\"callbacks.initTriggerButton\"\n\t\t\tdata-wp-on--click=\"actions.showLightbox\"\n\t\t\tdata-wp-style--right=\"state.thisImage.buttonRight\"\n\t\t\tdata-wp-style--top=\"state.thisImage.buttonTop\"\n\t\t>\n\t\t\t<svg xmlns=\"http:\/\/www.w3.org\/2000\/svg\" width=\"12\" height=\"12\" fill=\"none\" viewBox=\"0 0 12 12\">\n\t\t\t\t<path fill=\"#fff\" d=\"M2 0a2 2 0 0 0-2 2v2h1.5V2a.5.5 0 0 1 .5-.5h2V0H2Zm2 10.5H2a.5.5 0 0 1-.5-.5V8H0v2a2 2 0 0 0 2 2h2v-1.5ZM8 12v-1.5h2a.5.5 0 0 0 .5-.5V8H12v2a2 2 0 0 1-2 2H8Zm2-12a2 2 0 0 1 2 2v2h-1.5V2a.5.5 0 0 0-.5-.5H8V0h2Z\" \/>\n\t\t\t<\/svg>\n\t\t<\/button><figcaption class=\"wp-element-caption\">Foto: Shtilian Shterev, CC BY-SA 3.0 (Wikimedia Commons)<\/figcaption><\/figure>\n\n\n\n<h3 class=\"wp-block-heading\"><span class=\"ez-toc-section\" id=\"Varna_ausserhalb_der_Saison\"><\/span>Varna au\u00dferhalb der Saison<span class=\"ez-toc-section-end\"><\/span><\/h3>\n\n\n\n<p class=\"wp-block-paragraph\">Im Gegensatz zu k\u00fcnstlichen Resorts wie dem Sonnenstrand <strong>schl\u00e4ft Varna im Winter nicht<\/strong>. Es ist eine funktionierende Stadt. Delfinarium, Aquarium und Zoo bleiben das ganze Jahr \u00fcber ge\u00f6ffnet (wenn auch mit verk\u00fcrzten \u00d6ffnungszeiten). \ud83d\udca1 <strong>Wichtiger Wintertipp f\u00fcr Museen:<\/strong> Hauptinstitutionen wie das Arch\u00e4ologische Museum oder die R\u00f6mischen Thermen sind im Winter meist sonntags und montags geschlossen. Das Ethnografische Museum und das Museum f\u00fcr Stadtgeschichte von Varna sind dagegen <strong>im Winter am Wochenende geschlossen und funktionieren nur an Werktagen!<\/strong> Baden im Winter sichern die Thermalbecken in St. Konstantin oder die nat\u00fcrliche hei\u00dfe Quelle am Oficerski-Strand.<\/p>\n\n\n\n<figure data-wp-context=\"{&quot;imageId&quot;:&quot;6a9c73bf6ad68&quot;}\" data-wp-interactive=\"core\/image\" data-wp-key=\"6a9c73bf6ad68\" class=\"wp-block-image size-full wp-lightbox-container\"><img decoding=\"async\" width=\"1800\" height=\"1350\" data-wp-class--hide=\"state.isContentHidden\" data-wp-class--show=\"state.isContentVisible\" data-wp-init=\"callbacks.setButtonStyles\" data-wp-on--click=\"actions.showLightbox\" data-wp-on--load=\"callbacks.setButtonStyles\" data-wp-on--pointerdown=\"actions.preloadImage\" data-wp-on--pointerenter=\"actions.preloadImageWithDelay\" data-wp-on--pointerleave=\"actions.cancelPreload\" data-wp-on-window--resize=\"callbacks.setButtonStyles\" src=\"https:\/\/loudavymkrokem.cz\/wp-content\/uploads\/2026\/08\/bulharsko-research-varna-32-f1c3d69e.jpg\" alt=\"Abendliche Uferpromenade im Hafen von Varna\" class=\"wp-image-407807\" title=\"\" srcset=\"https:\/\/loudavymkrokem.cz\/wp-content\/uploads\/2026\/08\/bulharsko-research-varna-32-f1c3d69e.jpg 1800w, https:\/\/loudavymkrokem.cz\/wp-content\/uploads\/2026\/08\/bulharsko-research-varna-32-f1c3d69e-300x225.jpg 300w, https:\/\/loudavymkrokem.cz\/wp-content\/uploads\/2026\/08\/bulharsko-research-varna-32-f1c3d69e-700x525.jpg 700w, https:\/\/loudavymkrokem.cz\/wp-content\/uploads\/2026\/08\/bulharsko-research-varna-32-f1c3d69e-768x576.jpg 768w, https:\/\/loudavymkrokem.cz\/wp-content\/uploads\/2026\/08\/bulharsko-research-varna-32-f1c3d69e-1536x1152.jpg 1536w, https:\/\/loudavymkrokem.cz\/wp-content\/uploads\/2026\/08\/bulharsko-research-varna-32-f1c3d69e-80x60.jpg 80w, https:\/\/loudavymkrokem.cz\/wp-content\/uploads\/2026\/08\/bulharsko-research-varna-32-f1c3d69e-160x120.jpg 160w, https:\/\/loudavymkrokem.cz\/wp-content\/uploads\/2026\/08\/bulharsko-research-varna-32-f1c3d69e-696x522.jpg 696w, https:\/\/loudavymkrokem.cz\/wp-content\/uploads\/2026\/08\/bulharsko-research-varna-32-f1c3d69e-1392x1044.jpg 1392w\" sizes=\"(max-width: 1800px) 100vw, 1800px\" \/><button\n\t\t\tclass=\"lightbox-trigger\"\n\t\t\ttype=\"button\"\n\t\t\taria-haspopup=\"dialog\"\n\t\t\tdata-wp-bind--aria-label=\"state.thisImage.triggerButtonAriaLabel\"\n\t\t\tdata-wp-init=\"callbacks.initTriggerButton\"\n\t\t\tdata-wp-on--click=\"actions.showLightbox\"\n\t\t\tdata-wp-style--right=\"state.thisImage.buttonRight\"\n\t\t\tdata-wp-style--top=\"state.thisImage.buttonTop\"\n\t\t>\n\t\t\t<svg xmlns=\"http:\/\/www.w3.org\/2000\/svg\" width=\"12\" height=\"12\" fill=\"none\" viewBox=\"0 0 12 12\">\n\t\t\t\t<path fill=\"#fff\" d=\"M2 0a2 2 0 0 0-2 2v2h1.5V2a.5.5 0 0 1 .5-.5h2V0H2Zm2 10.5H2a.5.5 0 0 1-.5-.5V8H0v2a2 2 0 0 0 2 2h2v-1.5ZM8 12v-1.5h2a.5.5 0 0 0 .5-.5V8H12v2a2 2 0 0 1-2 2H8Zm2-12a2 2 0 0 1 2 2v2h-1.5V2a.5.5 0 0 0-.5-.5H8V0h2Z\" \/>\n\t\t\t<\/svg>\n\t\t<\/button><figcaption class=\"wp-element-caption\">Foto: Claudiu Balta (Google Maps)<\/figcaption><\/figure>\n\n\n\n<h2 class=\"wp-block-heading\"><span class=\"ez-toc-section\" id=\"Worauf_du_achten_solltest\"><\/span>Worauf du achten solltest<span class=\"ez-toc-section-end\"><\/span><\/h2>\n\n\n\n<p class=\"wp-block-paragraph\">Varna ist generell eine <strong>sehr sichere Stadt<\/strong> (laut Sicherheitsindizes sogar deutlich sicherer als die Hauptstadt Sofia), aber der Tourismusbetrieb bringt immer auch <strong>negative Begleiterscheinungen<\/strong> mit sich.<\/p>\n\n\n\n<ul class=\"wp-block-list\">\n\n<li><strong>Taschendiebe an Haltestellen:<\/strong> Im August 2026 gab der Verband der Reisef\u00fchrer Bulgariens eine scharfe Warnung vor organisierten Taschendiebbanden heraus, die <strong>direkt vor dem Arch\u00e4ologischen Museum<\/strong> operieren. Sie beobachten die Touristenrouten und schlagen genau in dem Moment zu, in dem eine Gruppe aus dem Bus aussteigt. Pass auf deinen Rucksack auf und trage keine Wertsachen in Seitentaschen.<\/li>\n\n\n\n<li><strong>Geldautomaten- und Zahlungsfallen:<\/strong> Klassische Wechselstuben mit ung\u00fcnstigem Kurs haben durch die Einf\u00fchrung des Euro ihren Sinn verloren. Die neue Hauptfalle sind die <strong>Geldautomaten des Netzwerks Euronet<\/strong>, die absurde Geb\u00fchren verlangen k\u00f6nnen (zum Beispiel 1,95 \u20ac f\u00fcr die Abhebung von 20 \u20ac, also 10 % Provision). Lehne ebenso <strong>immer den DCC-Service<\/strong> (Dynamic Currency Conversion) an Zahlungsterminals ab \u2013 wenn dir ein Terminal in Bulgarien die Abrechnung in Euro deiner Heimatbank anbietet, kann der Aufschlag bis zu 18 % betragen.<\/li>\n\n\n\n<li><strong>Leitungswasser:<\/strong> Das Leitungswasser ist bakteriologisch unbedenklich, aber \u00c4rzte empfehlen wegen der hohen H\u00e4rte kein langfristiges Trinken. Meide jedoch komplett <strong>das Trinken aus \u00f6ffentlichen Mineralwasserbrunnen und Trinkbrunnen<\/strong>.<\/li>\n\n\n\n<li><strong>Vorsicht bei Wellen und Str\u00f6mungen:<\/strong> Das Schwarze Meer kann t\u00fcckisch sein. Auch nahe am Ufer k\u00f6nnen sich starke Unterwasserstr\u00f6mungen bilden, respektiere daher immer die Fahnenfarbe bei den Rettungsschwimmern. Auf Quallen (Rhizostoma pulmo) triffst du hier zwar, aber sie sind nicht lebensgef\u00e4hrlich und verursachen nur ein leichtes Brennen.<\/li>\n\n\n<\/ul>\n\n\n\n<h2 class=\"wp-block-heading\"><span class=\"ez-toc-section\" id=\"Wohin_als_Naechstes\"><\/span>Wohin als N\u00e4chstes<span class=\"ez-toc-section-end\"><\/span><\/h2>\n\n\n\n<p class=\"wp-block-paragraph\">Wenn dich Bulgarien angesprochen hat und du auch weitere Orte entlang der K\u00fcste erkunden oder dir ein besseres Bild von den hiesigen Preisen nach der Einf\u00fchrung der neuen W\u00e4hrung machen willst, schau dir unbedingt unsere weiteren Artikel an:<\/p>\n\n\n\n<ul class=\"wp-block-list\">\n\n<li><a href=\"https:\/\/loudavymkrokem.cz\/de\/bulgarien-urlaub-schoenste-orte\/\">Urlaub in Bulgarien: 30 der sch\u00f6nsten Orte<\/a><\/li>\n\n\n\n<li><a href=\"https:\/\/loudavymkrokem.cz\/zlate-pisky\/\">Goldstrand: 15 Tipps und Vergleich mit dem Sonnenstrand<\/a><\/li>\n\n\n\n<li><a href=\"https:\/\/loudavymkrokem.cz\/de\/schoenste-straende-bulgarien\/\">Die sch\u00f6nsten Str\u00e4nde Bulgariens: 20 Tipps<\/a><\/li>\n\n\n\n<li><a href=\"https:\/\/loudavymkrokem.cz\/nesebar\/\">Nessebar: Was man in der UNESCO-Stadt sehen kann<\/a><\/li>\n\n\n\n<li><a href=\"https:\/\/loudavymkrokem.cz\/de\/bulgarien-preise-euro-urlaub\/\">Preise in Bulgarien nach der Umstellung auf den Euro<\/a><\/li>\n\n\n\n<li><a href=\"https:\/\/loudavymkrokem.cz\/de\/urlaub-bulgarien-all-inclusive\/\">Bulgarien All-inclusive: die 22 besten Resorts<\/a><\/li>\n\n\n<\/ul>\n\n\n\n<h2 class=\"wp-block-heading\"><span class=\"ez-toc-section\" id=\"Haeufig_gestellte_Fragen\"><\/span>H\u00e4ufig gestellte Fragen<span class=\"ez-toc-section-end\"><\/span><\/h2>\n\n\n<div id=\"rank-math-faq\" class=\"rank-math-block\">\n<div class=\"rank-math-list \">\n<div id=\"faq-question-1788110183000\" class=\"rank-math-list-item\">\n<h3 class=\"rank-math-question \"><span class=\"ez-toc-section\" id=\"Wird_in_Varna_mit_Euro_oder_Lew_bezahlt\"><\/span>Wird in Varna mit Euro oder Lew bezahlt?<span class=\"ez-toc-section-end\"><\/span><\/h3>\n<div class=\"rank-math-answer \">\n\n<p>Seit dem 1. Januar 2026 hat Bulgarien den Euro als offizielle W\u00e4hrung eingef\u00fchrt. Die alten Lew sind nicht mehr im Umlauf und die Phase der doppelten Preisauszeichnung endete im August 2026. \u00dcberall k\u00f6nnen Sie bequem mit Euro bezahlen, achten Sie nur auf Euronet-Geldautomaten und deren hohe Abhebungsgeb\u00fchren.<\/p>\n\n<\/div>\n<\/div>\n<div id=\"faq-question-1788110183001\" class=\"rank-math-list-item\">\n<h3 class=\"rank-math-question \"><span class=\"ez-toc-section\" id=\"Ist_Varna_fuer_Familien_mit_Kindern_geeignet\"><\/span>Ist Varna f\u00fcr Familien mit Kindern geeignet?<span class=\"ez-toc-section-end\"><\/span><\/h3>\n<div class=\"rank-math-answer \">\n\n<p>Auf jeden Fall! Hier finden Sie den riesigen Meeresgarten mit Kinderspielplatz, ein Delfinarium und einen Zoo. Der Zentralstrand und der Strand Ju\u017een haben feinen Sand und das Wasser wird nur sehr langsam tiefer, was f\u00fcr kleine Kinder absolut ideal ist. Au\u00dferdem gibt es hier Apartments abseits des l\u00e4rmenden Zentrums.<\/p>\n\n<\/div>\n<\/div>\n<div id=\"faq-question-1788110183002\" class=\"rank-math-list-item\">\n<h3 class=\"rank-math-question \"><span class=\"ez-toc-section\" id=\"Wie_ist_es_in_Varna_mit_dem_Parken\"><\/span>Wie ist es in Varna mit dem Parken?<span class=\"ez-toc-section-end\"><\/span><\/h3>\n<div class=\"rank-math-answer \">\n\n<p>Wenn Sie mit dem Auto anreisen, seien Sie darauf vorbereitet, dass die blaue Zone im Zentrum jeden Tag gilt, auch sonntags (im Gegensatz zur gr\u00fcnen Zone, die nur an Werktagen gilt). Die Stadt hat keine physischen Parkautomaten. F\u00fcr Touristen ist es am besten, die App MPark herunterzuladen und die Parkgeb\u00fchren bequem vom Handy aus zu bezahlen.<\/p>\n\n<\/div>\n<\/div>\n<div id=\"faq-question-1788110183003\" class=\"rank-math-list-item\">\n<h3 class=\"rank-math-question \"><span class=\"ez-toc-section\" id=\"Kann_man_von_Deutschland_aus_direkt_nach_Varna_fliegen\"><\/span>Kann man von Deutschland aus direkt nach Varna fliegen?<span class=\"ez-toc-section-end\"><\/span><\/h3>\n<div class=\"rank-math-answer \">\n\n<p>Ja, der Flughafen Varna ist mit direkten Saisonfl\u00fcgen aus Berlin, M\u00fcnchen und Frankfurt erreichbar. Der Flug dauert nur etwa zwei bis zweieinhalb Stunden und der Flughafen selbst ist vom historischen Zentrum etwa 20 Minuten mit dem Bus der Linie 409 entfernt.<\/p>\n\n<\/div>\n<\/div>\n<div id=\"faq-question-1788110183004\" class=\"rank-math-list-item\">\n<h3 class=\"rank-math-question \"><span class=\"ez-toc-section\" id=\"Lohnt_es_sich_auch_ausserhalb_der_Sommerferien_nach_Varna_zu_fahren\"><\/span>Lohnt es sich, auch au\u00dferhalb der Sommerferien nach Varna zu fahren?<span class=\"ez-toc-section-end\"><\/span><\/h3>\n<div class=\"rank-math-answer \">\n\n<p>Auf jeden Fall. Varna ist die drittgr\u00f6\u00dfte Stadt des Landes und funktioniert ganzj\u00e4hrig. Museen, Galerien und hervorragende Restaurants schlie\u00dfen nicht. Im Fr\u00fchling und Herbst vermeiden Sie au\u00dferdem die gr\u00f6\u00dften Menschenmassen und die Hitze, was ideales Wetter ist, um antike Ausgrabungen zu entdecken oder einen Ausflug zum Kap Kaliakra zu unternehmen.<\/p>\n\n<\/div>\n<\/div>\n<div id=\"faq-question-1788110183005\" class=\"rank-math-list-item\">\n<h3 class=\"rank-math-question \"><span class=\"ez-toc-section\" id=\"Wie_komme_ich_von_Varna_nach_Goldstrand\"><\/span>Wie komme ich von Varna nach Goldstrand?<span class=\"ez-toc-section-end\"><\/span><\/h3>\n<div class=\"rank-math-answer \">\n\n<p>Am einfachsten ist die Buslinie 409, die Flughafen, Zentrum und Badeorte entlang der K\u00fcste verbindet. Vom Zentrum Varnas nach Goldstrand fahren Sie etwa eine halbe Stunde, vom Flughafen sind es knapp eine Stunde. Beachten Sie aber, dass die Strecke bis Goldstrand nur in der Saison verkehrt, ungef\u00e4hr von Mai bis Oktober.<\/p>\n\n<\/div>\n<\/div>\n<div id=\"faq-question-1788110183006\" class=\"rank-math-list-item\">\n<h3 class=\"rank-math-question \"><span class=\"ez-toc-section\" id=\"Ist_Varna_eine_sichere_Stadt\"><\/span>Ist Varna eine sichere Stadt?<span class=\"ez-toc-section-end\"><\/span><\/h3>\n<div class=\"rank-math-answer \">\n\n<p>Laut internationalen Sicherheitsindizes schneidet Varna sogar etwas besser ab als Sofia und auch n\u00e4chtliche Spazierg\u00e4nge durch das Zentrum werden als sicher bewertet. Das Hauptrisiko sind Taschendiebst\u00e4hle: Im August 2026 warnte der bulgarische Fremdenf\u00fchrerverband vor organisierten Taschendieben, die direkt vor dem Arch\u00e4ologischen Museum lauern, wenn Touristen aus den Bussen aussteigen.<\/p>\n\n<\/div>\n<\/div>\n<\/div>\n<\/div>","protected":false},"excerpt":{"rendered":"<p>Varna in Bulgarien ist mehr als nur ein Zwischenstopp zum Goldstrand. Hier findest du das \u00e4lteste verarbeitete Gold der Welt, die gr\u00f6\u00dften r\u00f6mischen Thermen des Balkans und 20 Tipps mit Richtpreisen in Euro.<\/p>\n","protected":false},"author":3,"featured_media":407810,"comment_status":"open","ping_status":"open","sticky":false,"template":"","format":"standard","meta":{"_acf_changed":false,"footnotes":"","rank_math_title":"Varna Bulgarien: 20 Tipps f\u00fcr die K\u00fcstenmetropole 2026","rank_math_description":"Varna in Bulgarien: 20 Tipps f\u00fcr Sehensw\u00fcrdigkeiten, Str\u00e4nde, Ausfl\u00fcge, Preise in Euro und das Wetter. Entdecke jetzt die drittgr\u00f6\u00dfte Stadt am Schwarzen Meer!","rank_math_focus_keyword":"varna bulgarien","rank_math_seo_score":""},"categories":[563,456,451],"tags":[],"class_list":["post-418007","post","type-post","status-publish","format-standard","has-post-thumbnail","category-bulgarien","category-europa","category-reisen"],"acf":[],"featured_image_src":"https:\/\/loudavymkrokem.cz\/wp-content\/uploads\/2026\/08\/varna-majak-pri-zapadu-slunce.jpg","author_info":{"display_name":"Lucie Kone\u010dn\u00e1","author_link":"https:\/\/loudavymkrokem.cz\/de\/author\/lucie-konecna\/"},"_links":{"self":[{"href":"https:\/\/loudavymkrokem.cz\/de\/wp-json\/wp\/v2\/posts\/418007","targetHints":{"allow":["GET"]}}],"collection":[{"href":"https:\/\/loudavymkrokem.cz\/de\/wp-json\/wp\/v2\/posts"}],"about":[{"href":"https:\/\/loudavymkrokem.cz\/de\/wp-json\/wp\/v2\/types\/post"}],"author":[{"embeddable":true,"href":"https:\/\/loudavymkrokem.cz\/de\/wp-json\/wp\/v2\/users\/3"}],"replies":[{"embeddable":true,"href":"https:\/\/loudavymkrokem.cz\/de\/wp-json\/wp\/v2\/comments?post=418007"}],"version-history":[{"count":2,"href":"https:\/\/loudavymkrokem.cz\/de\/wp-json\/wp\/v2\/posts\/418007\/revisions"}],"predecessor-version":[{"id":418009,"href":"https:\/\/loudavymkrokem.cz\/de\/wp-json\/wp\/v2\/posts\/418007\/revisions\/418009"}],"wp:featuredmedia":[{"embeddable":true,"href":"https:\/\/loudavymkrokem.cz\/de\/wp-json\/wp\/v2\/media\/407810"}],"wp:attachment":[{"href":"https:\/\/loudavymkrokem.cz\/de\/wp-json\/wp\/v2\/media?parent=418007"}],"wp:term":[{"taxonomy":"category","embeddable":true,"href":"https:\/\/loudavymkrokem.cz\/de\/wp-json\/wp\/v2\/categories?post=418007"},{"taxonomy":"post_tag","embeddable":true,"href":"https:\/\/loudavymkrokem.cz\/de\/wp-json\/wp\/v2\/tags?post=418007"}],"curies":[{"name":"wp","href":"https:\/\/api.w.org\/{rel}","templated":true}]}}