{"id":408543,"date":"2026-08-30T09:00:18","date_gmt":"2026-08-30T07:00:18","guid":{"rendered":"https:\/\/loudavymkrokem.cz\/bonigen-schweiz-tipps\/"},"modified":"2026-08-31T03:51:01","modified_gmt":"2026-08-31T01:51:01","slug":"bonigen-schweiz-tipps","status":"publish","type":"post","link":"https:\/\/loudavymkrokem.cz\/de\/bonigen-schweiz-tipps\/","title":{"rendered":"B\u00f6nigen (Schweiz): 24 Tipps f\u00fcr den Brienzersee 2026"},"content":{"rendered":"\n<p class=\"wp-block-paragraph\">Das Berner Oberland kann wild und voller Touristen sein, doch f\u00e4hrst du nur ein St\u00fcckchen weiter, landest du in einer echten Oase der Ruhe. Genau so ist <strong>B\u00f6nigen in der Schweiz<\/strong> (gesprochen: b\u00e4ningen), ein wundersch\u00f6nes D\u00f6rfchen direkt am Ufer eines Gletschersees. W\u00e4hrend das benachbarte Interlaken aus allen N\u00e4hten platzt, ist hier die Zeit zwischen <strong>reich verzierten Holzh\u00e4usern<\/strong> und atemberaubender Natur stehen geblieben. \u263a\ufe0f<\/p>\n\n\n\n<p class=\"wp-block-paragraph\">Das Wasser hat eine geradezu <strong>unwirkliche smaragdgr\u00fcn-t\u00fcrkise Farbe<\/strong> und die Berggipfel spiegeln sich darin wie in einem perfekten Spiegel. Der <strong>Brienzersee<\/strong> ist der Hauptmagnet der ganzen Region und bietet unendliche M\u00f6glichkeiten, <strong>was man machen kann<\/strong> \u2013 vom Fr\u00fchling bis in den tiefen Herbst. Du kannst hier auf einen historischen Raddampfer springen, ein Kajak mieten oder einfach nur am Strand faulenzen.<\/p>\n\n\n\n<p class=\"wp-block-paragraph\">Damit du deinen Urlaub m\u00f6glichst gut planen kannst, habe ich dir einen ausf\u00fchrlichen Reisef\u00fchrer zusammengestellt. Im Artikel findest du <strong>24 Tipps, was du sehen und machen kannst, wo du \u00fcbernachtest, welche Routen du wandern kannst, wohin dich die Seilbahn bringt und was du mit Kindern unternehmen kannst<\/strong>. Die Schweiz ist n\u00e4mlich eine Liebe f\u00fcrs ganze Leben, und ich wette, nach dem Besuch dieser Region wirst du jeden Sommer \u00fcberlegen, wie du wieder hierher kommst. \u263a\ufe0f<\/p>\n\n\n\n<figure data-wp-context=\"{&quot;imageId&quot;:&quot;6a9655692a9f4&quot;}\" data-wp-interactive=\"core\/image\" data-wp-key=\"6a9655692a9f4\" class=\"wp-block-image size-full wp-lightbox-container\"><img decoding=\"async\" width=\"1800\" height=\"1012\" data-wp-class--hide=\"state.isContentHidden\" data-wp-class--show=\"state.isContentVisible\" data-wp-init=\"callbacks.setButtonStyles\" data-wp-on--click=\"actions.showLightbox\" data-wp-on--load=\"callbacks.setButtonStyles\" data-wp-on--pointerdown=\"actions.preloadImage\" data-wp-on--pointerenter=\"actions.preloadImageWithDelay\" data-wp-on--pointerleave=\"actions.cancelPreload\" data-wp-on-window--resize=\"callbacks.setButtonStyles\" src=\"https:\/\/loudavymkrokem.cz\/wp-content\/uploads\/2026\/08\/articles-bonigen-01.jpg\" alt=\"B\u00f6nigen und der Brienzersee aus der H\u00f6he\" class=\"wp-image-404460\" title=\"\" srcset=\"https:\/\/loudavymkrokem.cz\/wp-content\/uploads\/2026\/08\/articles-bonigen-01.jpg 1800w, https:\/\/loudavymkrokem.cz\/wp-content\/uploads\/2026\/08\/articles-bonigen-01-300x169.jpg 300w, https:\/\/loudavymkrokem.cz\/wp-content\/uploads\/2026\/08\/articles-bonigen-01-700x394.jpg 700w, https:\/\/loudavymkrokem.cz\/wp-content\/uploads\/2026\/08\/articles-bonigen-01-768x432.jpg 768w, https:\/\/loudavymkrokem.cz\/wp-content\/uploads\/2026\/08\/articles-bonigen-01-1536x864.jpg 1536w, https:\/\/loudavymkrokem.cz\/wp-content\/uploads\/2026\/08\/articles-bonigen-01-696x391.jpg 696w, https:\/\/loudavymkrokem.cz\/wp-content\/uploads\/2026\/08\/articles-bonigen-01-1392x783.jpg 1392w\" sizes=\"(max-width: 1800px) 100vw, 1800px\" \/><button\n\t\t\tclass=\"lightbox-trigger\"\n\t\t\ttype=\"button\"\n\t\t\taria-haspopup=\"dialog\"\n\t\t\tdata-wp-bind--aria-label=\"state.thisImage.triggerButtonAriaLabel\"\n\t\t\tdata-wp-init=\"callbacks.initTriggerButton\"\n\t\t\tdata-wp-on--click=\"actions.showLightbox\"\n\t\t\tdata-wp-style--right=\"state.thisImage.buttonRight\"\n\t\t\tdata-wp-style--top=\"state.thisImage.buttonTop\"\n\t\t>\n\t\t\t<svg xmlns=\"http:\/\/www.w3.org\/2000\/svg\" width=\"12\" height=\"12\" fill=\"none\" viewBox=\"0 0 12 12\">\n\t\t\t\t<path fill=\"#fff\" d=\"M2 0a2 2 0 0 0-2 2v2h1.5V2a.5.5 0 0 1 .5-.5h2V0H2Zm2 10.5H2a.5.5 0 0 1-.5-.5V8H0v2a2 2 0 0 0 2 2h2v-1.5ZM8 12v-1.5h2a.5.5 0 0 0 .5-.5V8H12v2a2 2 0 0 1-2 2H8Zm2-12a2 2 0 0 1 2 2v2h-1.5V2a.5.5 0 0 0-.5-.5H8V0h2Z\" \/>\n\t\t\t<\/svg>\n\t\t<\/button><figcaption class=\"wp-element-caption\">Foto: Christian David \/ Wikimedia Commons, CC BY-SA 4.0<\/figcaption><\/figure>\n\n\n\n<div id=\"ez-toc-container\" class=\"ez-toc-v2_0_86 ez-toc-wrap-left counter-hierarchy ez-toc-counter ez-toc-grey ez-toc-container-direction\">\n<div class=\"ez-toc-title-container\">\n<p class=\"ez-toc-title\" style=\"cursor:inherit\">Artikelinhalt<\/p>\n<span class=\"ez-toc-title-toggle\"><a href=\"#\" class=\"ez-toc-pull-right ez-toc-btn ez-toc-btn-xs ez-toc-btn-default ez-toc-toggle\" aria-label=\"Toggle Table of Content\"><span class=\"ez-toc-js-icon-con\"><span class=\"\"><span class=\"eztoc-hide\" style=\"display:none;\">Toggle<\/span><span class=\"ez-toc-icon-toggle-span\"><svg style=\"fill: #999;color:#999\" xmlns=\"http:\/\/www.w3.org\/2000\/svg\" class=\"list-377408\" width=\"20px\" height=\"20px\" viewBox=\"0 0 24 24\" fill=\"none\"><path d=\"M6 6H4v2h2V6zm14 0H8v2h12V6zM4 11h2v2H4v-2zm16 0H8v2h12v-2zM4 16h2v2H4v-2zm16 0H8v2h12v-2z\" fill=\"currentColor\"><\/path><\/svg><svg style=\"fill: #999;color:#999\" class=\"arrow-unsorted-368013\" xmlns=\"http:\/\/www.w3.org\/2000\/svg\" width=\"10px\" height=\"10px\" viewBox=\"0 0 24 24\" version=\"1.2\" baseProfile=\"tiny\"><path d=\"M18.2 9.3l-6.2-6.3-6.2 6.3c-.2.2-.3.4-.3.7s.1.5.3.7c.2.2.4.3.7.3h11c.3 0 .5-.1.7-.3.2-.2.3-.5.3-.7s-.1-.5-.3-.7zM5.8 14.7l6.2 6.3 6.2-6.3c.2-.2.3-.5.3-.7s-.1-.5-.3-.7c-.2-.2-.4-.3-.7-.3h-11c-.3 0-.5.1-.7.3-.2.2-.3.5-.3.7s.1.5.3.7z\"\/><\/svg><\/span><\/span><\/span><\/a><\/span><\/div>\n<nav><ul class='ez-toc-list ez-toc-list-level-1 ' ><ul class='ez-toc-list-level-3' ><li class='ez-toc-heading-level-3'><a class=\"ez-toc-link ez-toc-heading-1\" href=\"https:\/\/loudavymkrokem.cz\/de\/bonigen-schweiz-tipps\/#Zusammenfassung_fuer_alle_die_keine_Zeit_haben_den_ganzen_Artikel_zu_lesen\" >Zusammenfassung f\u00fcr alle, die keine Zeit haben, den ganzen Artikel zu lesen<\/a><\/li><\/ul><\/li><li class='ez-toc-page-1 ez-toc-heading-level-2'><a class=\"ez-toc-link ez-toc-heading-2\" href=\"https:\/\/loudavymkrokem.cz\/de\/bonigen-schweiz-tipps\/#Wann_nach_Boenigen_bei_Interlaken_reisen_und_wie_du_herkommst\" >Wann nach B\u00f6nigen bei Interlaken reisen und wie du herkommst<\/a><\/li><li class='ez-toc-page-1 ez-toc-heading-level-2'><a class=\"ez-toc-link ez-toc-heading-3\" href=\"https:\/\/loudavymkrokem.cz\/de\/bonigen-schweiz-tipps\/#Wo_du_in_Boenigen_uebernachtest_und_was_es_kostet\" >Wo du in B\u00f6nigen \u00fcbernachtest und was es kostet<\/a><\/li><li class='ez-toc-page-1 ez-toc-heading-level-2'><a class=\"ez-toc-link ez-toc-heading-4\" href=\"https:\/\/loudavymkrokem.cz\/de\/bonigen-schweiz-tipps\/#Direkt_in_Boenigen_6_Sehenswuerdigkeiten_und_Aktivitaeten_am_Wasser\" >Direkt in B\u00f6nigen: 6 Sehensw\u00fcrdigkeiten und Aktivit\u00e4ten am Wasser<\/a><ul class='ez-toc-list-level-3' ><li class='ez-toc-heading-level-3'><a class=\"ez-toc-link ez-toc-heading-5\" href=\"https:\/\/loudavymkrokem.cz\/de\/bonigen-schweiz-tipps\/#1_Historische_Holzhaeuser_und_der_Haeuserweg\" >1. Historische Holzh\u00e4user und der H\u00e4userweg<\/a><\/li><li class='ez-toc-page-1 ez-toc-heading-level-3'><a class=\"ez-toc-link ez-toc-heading-6\" href=\"https:\/\/loudavymkrokem.cz\/de\/bonigen-schweiz-tipps\/#2_Das_Dorfmuseum_%E2%80%9Ealte_Pinte%E2%80%9C\" >2. Das Dorfmuseum \u201ealte Pinte&#8220;<\/a><\/li><li class='ez-toc-page-1 ez-toc-heading-level-3'><a class=\"ez-toc-link ez-toc-heading-7\" href=\"https:\/\/loudavymkrokem.cz\/de\/bonigen-schweiz-tipps\/#3_Seepromenade_Steg_und_der_Brienzersee_Lakewalk\" >3. Seepromenade, Steg und der Brienzersee Lakewalk<\/a><\/li><li class='ez-toc-page-1 ez-toc-heading-level-3'><a class=\"ez-toc-link ez-toc-heading-8\" href=\"https:\/\/loudavymkrokem.cz\/de\/bonigen-schweiz-tipps\/#4_Strand_und_Strandbad_The_Beach\" >4. Strand und Strandbad The Beach<\/a><\/li><li class='ez-toc-page-1 ez-toc-heading-level-3'><a class=\"ez-toc-link ez-toc-heading-9\" href=\"https:\/\/loudavymkrokem.cz\/de\/bonigen-schweiz-tipps\/#5_Kajak_und_SUP_auf_dem_See\" >5. Kajak und SUP auf dem See<\/a><\/li><li class='ez-toc-page-1 ez-toc-heading-level-3'><a class=\"ez-toc-link ez-toc-heading-10\" href=\"https:\/\/loudavymkrokem.cz\/de\/bonigen-schweiz-tipps\/#6_Fahrt_mit_dem_historischen_Dampfer_Loetschberg\" >6. Fahrt mit dem historischen Dampfer L\u00f6tschberg<\/a><\/li><\/ul><\/li><li class='ez-toc-page-1 ez-toc-heading-level-2'><a class=\"ez-toc-link ez-toc-heading-11\" href=\"https:\/\/loudavymkrokem.cz\/de\/bonigen-schweiz-tipps\/#Wandern_in_Boenigen_6_Routen_die_sich_lohnen\" >Wandern in B\u00f6nigen: 6 Routen, die sich lohnen<\/a><ul class='ez-toc-list-level-3' ><li class='ez-toc-heading-level-3'><a class=\"ez-toc-link ez-toc-heading-12\" href=\"https:\/\/loudavymkrokem.cz\/de\/bonigen-schweiz-tipps\/#7_Der_Drei-Wasserfaelle-Weg_in_Etappen\" >7. Der Drei-Wasserf\u00e4lle-Weg in Etappen<\/a><\/li><li class='ez-toc-page-1 ez-toc-heading-level-3'><a class=\"ez-toc-link ez-toc-heading-13\" href=\"https:\/\/loudavymkrokem.cz\/de\/bonigen-schweiz-tipps\/#8_Rundtour_auf_den_Sytiberg_55_km_auch_mit_Gelaendekinderwagen\" >8. Rundtour auf den Sytiberg: 5,5 km auch mit Gel\u00e4ndekinderwagen<\/a><\/li><li class='ez-toc-page-1 ez-toc-heading-level-3'><a class=\"ez-toc-link ez-toc-heading-14\" href=\"https:\/\/loudavymkrokem.cz\/de\/bonigen-schweiz-tipps\/#9_Rundtour_Haslerenegg_854_m_mit_Gipfelbuch\" >9. Rundtour Haslerenegg (854 m) mit Gipfelbuch<\/a><\/li><li class='ez-toc-page-1 ez-toc-heading-level-3'><a class=\"ez-toc-link ez-toc-heading-15\" href=\"https:\/\/loudavymkrokem.cz\/de\/bonigen-schweiz-tipps\/#10_Rundtour_zum_Erschwandenbach-Wasserfall\" >10. Rundtour zum Erschwandenbach-Wasserfall<\/a><\/li><li class='ez-toc-page-1 ez-toc-heading-level-3'><a class=\"ez-toc-link ez-toc-heading-16\" href=\"https:\/\/loudavymkrokem.cz\/de\/bonigen-schweiz-tipps\/#11_Der_Uferweg_von_Iseltwald_zum_Giessbach\" >11. Der Uferweg von Iseltwald zum Giessbach<\/a><\/li><li class='ez-toc-page-1 ez-toc-heading-level-3'><a class=\"ez-toc-link ez-toc-heading-17\" href=\"https:\/\/loudavymkrokem.cz\/de\/bonigen-schweiz-tipps\/#12_Wander-Herausforderung_Aufstieg_auf_den_Harder_Kulm\" >12. Wander-Herausforderung: Aufstieg auf den Harder Kulm<\/a><\/li><\/ul><\/li><li class='ez-toc-page-1 ez-toc-heading-level-2'><a class=\"ez-toc-link ez-toc-heading-18\" href=\"https:\/\/loudavymkrokem.cz\/de\/bonigen-schweiz-tipps\/#Touren_zu_denen_dich_die_Seilbahn_bringt_6_Routen_ueber_dem_Tal\" >Touren, zu denen dich die Seilbahn bringt: 6 Routen \u00fcber dem Tal<\/a><ul class='ez-toc-list-level-3' ><li class='ez-toc-heading-level-3'><a class=\"ez-toc-link ez-toc-heading-19\" href=\"https:\/\/loudavymkrokem.cz\/de\/bonigen-schweiz-tipps\/#13_Von_First_zum_Bachalpsee\" >13. Von First zum Bachalpsee<\/a><\/li><li class='ez-toc-page-1 ez-toc-heading-level-3'><a class=\"ez-toc-link ez-toc-heading-20\" href=\"https:\/\/loudavymkrokem.cz\/de\/bonigen-schweiz-tipps\/#14_Die_koenigliche_Hoehenwanderung_Schynige_Platte_%E2%80%93_Faulhorn_%E2%80%93_First\" >14. Die k\u00f6nigliche H\u00f6henwanderung Schynige Platte \u2013 Faulhorn \u2013 First<\/a><\/li><li class='ez-toc-page-1 ez-toc-heading-level-3'><a class=\"ez-toc-link ez-toc-heading-21\" href=\"https:\/\/loudavymkrokem.cz\/de\/bonigen-schweiz-tipps\/#15_Maennlichen_und_der_Panoramaweg_zur_Kleinen_Scheidegg\" >15. M\u00e4nnlichen und der Panoramaweg zur Kleinen Scheidegg<\/a><\/li><li class='ez-toc-page-1 ez-toc-heading-level-3'><a class=\"ez-toc-link ez-toc-heading-22\" href=\"https:\/\/loudavymkrokem.cz\/de\/bonigen-schweiz-tipps\/#16_Der_Eiger_Trail_direkt_unter_der_Nordwand\" >16. Der Eiger Trail direkt unter der Nordwand<\/a><\/li><li class='ez-toc-page-1 ez-toc-heading-level-3'><a class=\"ez-toc-link ez-toc-heading-23\" href=\"https:\/\/loudavymkrokem.cz\/de\/bonigen-schweiz-tipps\/#17_Niederhorn_und_Steinboecke_ueber_dem_Thunersee\" >17. Niederhorn und Steinb\u00f6cke \u00fcber dem Thunersee<\/a><\/li><li class='ez-toc-page-1 ez-toc-heading-level-3'><a class=\"ez-toc-link ez-toc-heading-24\" href=\"https:\/\/loudavymkrokem.cz\/de\/bonigen-schweiz-tipps\/#18_Mit_der_Dampfzahnradbahn_aufs_Brienzer_Rothorn\" >18. Mit der Dampfzahnradbahn aufs Brienzer Rothorn<\/a><\/li><\/ul><\/li><li class='ez-toc-page-1 ez-toc-heading-level-2'><a class=\"ez-toc-link ez-toc-heading-25\" href=\"https:\/\/loudavymkrokem.cz\/de\/bonigen-schweiz-tipps\/#Ausfluege_von_Boenigen_6_Tipps_fuer_die_Umgebung\" >Ausfl\u00fcge von B\u00f6nigen: 6 Tipps f\u00fcr die Umgebung<\/a><ul class='ez-toc-list-level-3' ><li class='ez-toc-heading-level-3'><a class=\"ez-toc-link ez-toc-heading-26\" href=\"https:\/\/loudavymkrokem.cz\/de\/bonigen-schweiz-tipps\/#19_Harder_Kulm_Der_Hausberg_von_Interlaken\" >19. Harder Kulm: Der Hausberg von Interlaken<\/a><\/li><li class='ez-toc-page-1 ez-toc-heading-level-3'><a class=\"ez-toc-link ez-toc-heading-27\" href=\"https:\/\/loudavymkrokem.cz\/de\/bonigen-schweiz-tipps\/#20_Die_Giessbachfaelle_und_der_Durchgang_hinter_dem_Wasser\" >20. Die Giessbachf\u00e4lle und der Durchgang hinter dem Wasser<\/a><\/li><li class='ez-toc-page-1 ez-toc-heading-level-3'><a class=\"ez-toc-link ez-toc-heading-28\" href=\"https:\/\/loudavymkrokem.cz\/de\/bonigen-schweiz-tipps\/#21_Die_aelteste_Schweizer_Touristen-Standseilbahn_und_das_Grandhotel\" >21. Die \u00e4lteste Schweizer Touristen-Standseilbahn und das Grandhotel<\/a><\/li><li class='ez-toc-page-1 ez-toc-heading-level-3'><a class=\"ez-toc-link ez-toc-heading-29\" href=\"https:\/\/loudavymkrokem.cz\/de\/bonigen-schweiz-tipps\/#22_Iseltwald_und_der_ikonische_Steg_aus_der_Serie\" >22. Iseltwald und der ikonische Steg aus der Serie<\/a><\/li><li class='ez-toc-page-1 ez-toc-heading-level-3'><a class=\"ez-toc-link ez-toc-heading-30\" href=\"https:\/\/loudavymkrokem.cz\/de\/bonigen-schweiz-tipps\/#23_Schynige_Platte_Zahnradbahn_und_Alpengarten\" >23. Schynige Platte: Zahnradbahn und Alpengarten<\/a><\/li><li class='ez-toc-page-1 ez-toc-heading-level-3'><a class=\"ez-toc-link ez-toc-heading-31\" href=\"https:\/\/loudavymkrokem.cz\/de\/bonigen-schweiz-tipps\/#24_Interlaken_Die_benachbarte_Touristenbasis\" >24. Interlaken: Die benachbarte Touristenbasis<\/a><\/li><\/ul><\/li><li class='ez-toc-page-1 ez-toc-heading-level-2'><a class=\"ez-toc-link ez-toc-heading-32\" href=\"https:\/\/loudavymkrokem.cz\/de\/bonigen-schweiz-tipps\/#Boenigen_mit_Kindern_Was_du_mit_der_Familie_unternehmen_kannst\" >B\u00f6nigen mit Kindern: Was du mit der Familie unternehmen kannst<\/a><ul class='ez-toc-list-level-3' ><li class='ez-toc-heading-level-3'><a class=\"ez-toc-link ez-toc-heading-33\" href=\"https:\/\/loudavymkrokem.cz\/de\/bonigen-schweiz-tipps\/#Strandbad_The_Beach_und_grosszuegiger_Spielplatz\" >Strandbad The Beach und gro\u00dfz\u00fcgiger Spielplatz<\/a><\/li><li class='ez-toc-page-1 ez-toc-heading-level-3'><a class=\"ez-toc-link ez-toc-heading-34\" href=\"https:\/\/loudavymkrokem.cz\/de\/bonigen-schweiz-tipps\/#Schatzsuche_und_Krimispiel_in_Iseltwald\" >Schatzsuche und Krimispiel in Iseltwald<\/a><\/li><li class='ez-toc-page-1 ez-toc-heading-level-3'><a class=\"ez-toc-link ez-toc-heading-35\" href=\"https:\/\/loudavymkrokem.cz\/de\/bonigen-schweiz-tipps\/#Camping_TCS_tolle_Lage_aber_mit_grossem_Vorbehalt\" >Camping TCS: tolle Lage, aber mit gro\u00dfem Vorbehalt<\/a><\/li><li class='ez-toc-page-1 ez-toc-heading-level-3'><a class=\"ez-toc-link ez-toc-heading-36\" href=\"https:\/\/loudavymkrokem.cz\/de\/bonigen-schweiz-tipps\/#Lilys_Alpenspielplatz_und_Panoramaweg_auf_der_Schynige_Platte\" >Lilys Alpenspielplatz und Panoramaweg auf der Schynige Platte<\/a><\/li><li class='ez-toc-page-1 ez-toc-heading-level-3'><a class=\"ez-toc-link ez-toc-heading-37\" href=\"https:\/\/loudavymkrokem.cz\/de\/bonigen-schweiz-tipps\/#Schiff_und_barrierefreie_Promenade_mit_Kinderwagen\" >Schiff und barrierefreie Promenade mit Kinderwagen<\/a><\/li><\/ul><\/li><li class='ez-toc-page-1 ez-toc-heading-level-2'><a class=\"ez-toc-link ez-toc-heading-38\" href=\"https:\/\/loudavymkrokem.cz\/de\/bonigen-schweiz-tipps\/#Wo_du_in_Boenigen_essen_kannst\" >Wo du in B\u00f6nigen essen kannst<\/a><ul class='ez-toc-list-level-3' ><li class='ez-toc-heading-level-3'><a class=\"ez-toc-link ez-toc-heading-39\" href=\"https:\/\/loudavymkrokem.cz\/de\/bonigen-schweiz-tipps\/#Pizzeria_La_Boheme\" >Pizzeria La Boh\u00e8me<\/a><\/li><li class='ez-toc-page-1 ez-toc-heading-level-3'><a class=\"ez-toc-link ez-toc-heading-40\" href=\"https:\/\/loudavymkrokem.cz\/de\/bonigen-schweiz-tipps\/#Sweet_Ride\" >Sweet Ride<\/a><\/li><li class='ez-toc-page-1 ez-toc-heading-level-3'><a class=\"ez-toc-link ez-toc-heading-41\" href=\"https:\/\/loudavymkrokem.cz\/de\/bonigen-schweiz-tipps\/#Restaurant_Baeren_Boenigen\" >Restaurant B\u00e4ren B\u00f6nigen<\/a><\/li><\/ul><\/li><li class='ez-toc-page-1 ez-toc-heading-level-2'><a class=\"ez-toc-link ez-toc-heading-42\" href=\"https:\/\/loudavymkrokem.cz\/de\/bonigen-schweiz-tipps\/#Wohin_von_Boenigen_weiter\" >Wohin von B\u00f6nigen weiter<\/a><\/li><li class='ez-toc-page-1 ez-toc-heading-level-2'><a class=\"ez-toc-link ez-toc-heading-43\" href=\"https:\/\/loudavymkrokem.cz\/de\/bonigen-schweiz-tipps\/#Haeufig_gestellte_Fragen\" >H\u00e4ufig gestellte Fragen<\/a><ul class='ez-toc-list-level-3' ><li class='ez-toc-heading-level-3'><a class=\"ez-toc-link ez-toc-heading-44\" href=\"https:\/\/loudavymkrokem.cz\/de\/bonigen-schweiz-tipps\/#Lohnt_es_sich_in_Boenigen_statt_in_Interlaken_zu_wohnen\" >Lohnt es sich, in B\u00f6nigen statt in Interlaken zu wohnen?<\/a><\/li><li class='ez-toc-page-1 ez-toc-heading-level-3'><a class=\"ez-toc-link ez-toc-heading-45\" href=\"https:\/\/loudavymkrokem.cz\/de\/bonigen-schweiz-tipps\/#Wie_komme_ich_von_Interlaken_dorthin\" >Wie komme ich von Interlaken dorthin?<\/a><\/li><li class='ez-toc-page-1 ez-toc-heading-level-3'><a class=\"ez-toc-link ez-toc-heading-46\" href=\"https:\/\/loudavymkrokem.cz\/de\/bonigen-schweiz-tipps\/#Kann_man_im_Brienzersee_baden\" >Kann man im Brienzersee baden?<\/a><\/li><li class='ez-toc-page-1 ez-toc-heading-level-3'><a class=\"ez-toc-link ez-toc-heading-47\" href=\"https:\/\/loudavymkrokem.cz\/de\/bonigen-schweiz-tipps\/#Wie_viele_Tage_reichen_fuer_einen_Besuch\" >Wie viele Tage reichen f\u00fcr einen Besuch?<\/a><\/li><li class='ez-toc-page-1 ez-toc-heading-level-3'><a class=\"ez-toc-link ez-toc-heading-48\" href=\"https:\/\/loudavymkrokem.cz\/de\/bonigen-schweiz-tipps\/#Was_kann_man_bei_Regen_unternehmen\" >Was kann man bei Regen unternehmen?<\/a><\/li><li class='ez-toc-page-1 ez-toc-heading-level-3'><a class=\"ez-toc-link ez-toc-heading-49\" href=\"https:\/\/loudavymkrokem.cz\/de\/bonigen-schweiz-tipps\/#Ist_es_fuer_Kinder_geeignet\" >Ist es f\u00fcr Kinder geeignet?<\/a><\/li><li class='ez-toc-page-1 ez-toc-heading-level-3'><a class=\"ez-toc-link ez-toc-heading-50\" href=\"https:\/\/loudavymkrokem.cz\/de\/bonigen-schweiz-tipps\/#Wie_viel_kostet_ein_Ausflug_zum_Harder_Kulm\" >Wie viel kostet ein Ausflug zum Harder Kulm?<\/a><\/li><li class='ez-toc-page-1 ez-toc-heading-level-3'><a class=\"ez-toc-link ez-toc-heading-51\" href=\"https:\/\/loudavymkrokem.cz\/de\/bonigen-schweiz-tipps\/#Ist_der_Steg_in_Iseltwald_kostenpflichtig\" >Ist der Steg in Iseltwald kostenpflichtig?<\/a><\/li><\/ul><\/li><\/ul><\/nav><\/div>\n<h3 class=\"wp-block-heading\"><span class=\"ez-toc-section\" id=\"Zusammenfassung_fuer_alle_die_keine_Zeit_haben_den_ganzen_Artikel_zu_lesen\"><\/span>Zusammenfassung f\u00fcr alle, die keine Zeit haben, den ganzen Artikel zu lesen<span class=\"ez-toc-section-end\"><\/span><\/h3>\n\n\n\n<ul class=\"wp-block-list\">\n<li><strong>B\u00f6nigen liegt am Brienzersee<\/strong> und ist eine perfekte, ruhige Basis, um das Berner Oberland zu erkunden.<\/li>\n\n\n\n<li>Die <strong>Interlaken Guest Card<\/strong> bekommst du zur Unterkunft dazu, und sie sichert dir die Busse in der Umgebung v\u00f6llig kostenlos.<\/li>\n\n\n\n<li>Das <strong>historische Zentrum<\/strong> ist voller denkmalgesch\u00fctzter Holzh\u00e4user aus dem 16. bis 18. Jahrhundert.<\/li>\n\n\n\n<li><strong>Baden im See ist nur etwas f\u00fcr Hartgesottene<\/strong> \u2013 das Wasser hat im Sommer meist um die 20 \u00b0C, aber das \u00f6rtliche Strandbad hat ein beheiztes Becken.<\/li>\n\n\n\n<li><strong>Das Wandern ist hier ph\u00e4nomenal<\/strong> \u2013 direkt aus dem Dorf kannst du auf den Drei-Wasserf\u00e4lle-Weg oder die Rundtour auf den Sytiberg starten.<\/li>\n\n\n\n<li>Zu <strong>den sch\u00f6nsten Touren bringt dich die Seilbahn<\/strong> \u2013 zum Bachalpsee, auf den M\u00e4nnlichen oder mit der Dampfzahnradbahn aufs Brienzer Rothorn.<\/li>\n\n\n\n<li>Eine <strong>Unterkunft mit K\u00fcchenzeile<\/strong> spart dir in der Schweiz enorm viel Geld f\u00fcr teure Restaurants.<\/li>\n\n\n\n<li><strong>Die besten Ausfl\u00fcge in die Umgebung<\/strong> sind die Seilbahn auf den Harder Kulm, die Giessbachf\u00e4lle und das fotogene Iseltwald.<\/li>\n<\/ul>\n\n\n\n<figure data-wp-context=\"{&quot;imageId&quot;:&quot;6a9655692b38c&quot;}\" data-wp-interactive=\"core\/image\" data-wp-key=\"6a9655692b38c\" class=\"wp-block-image size-full wp-lightbox-container\"><img decoding=\"async\" width=\"1800\" height=\"785\" data-wp-class--hide=\"state.isContentHidden\" data-wp-class--show=\"state.isContentVisible\" data-wp-init=\"callbacks.setButtonStyles\" data-wp-on--click=\"actions.showLightbox\" data-wp-on--load=\"callbacks.setButtonStyles\" data-wp-on--pointerdown=\"actions.preloadImage\" data-wp-on--pointerenter=\"actions.preloadImageWithDelay\" data-wp-on--pointerleave=\"actions.cancelPreload\" data-wp-on-window--resize=\"callbacks.setButtonStyles\" src=\"https:\/\/loudavymkrokem.cz\/wp-content\/uploads\/2026\/08\/articles-bonigen-02.jpg\" alt=\"Brienzersee mit Berggipfeln\" class=\"wp-image-404462\" title=\"\" srcset=\"https:\/\/loudavymkrokem.cz\/wp-content\/uploads\/2026\/08\/articles-bonigen-02.jpg 1800w, https:\/\/loudavymkrokem.cz\/wp-content\/uploads\/2026\/08\/articles-bonigen-02-300x131.jpg 300w, https:\/\/loudavymkrokem.cz\/wp-content\/uploads\/2026\/08\/articles-bonigen-02-700x305.jpg 700w, https:\/\/loudavymkrokem.cz\/wp-content\/uploads\/2026\/08\/articles-bonigen-02-768x335.jpg 768w, https:\/\/loudavymkrokem.cz\/wp-content\/uploads\/2026\/08\/articles-bonigen-02-1536x670.jpg 1536w, https:\/\/loudavymkrokem.cz\/wp-content\/uploads\/2026\/08\/articles-bonigen-02-696x304.jpg 696w, https:\/\/loudavymkrokem.cz\/wp-content\/uploads\/2026\/08\/articles-bonigen-02-1392x607.jpg 1392w\" sizes=\"(max-width: 1800px) 100vw, 1800px\" \/><button\n\t\t\tclass=\"lightbox-trigger\"\n\t\t\ttype=\"button\"\n\t\t\taria-haspopup=\"dialog\"\n\t\t\tdata-wp-bind--aria-label=\"state.thisImage.triggerButtonAriaLabel\"\n\t\t\tdata-wp-init=\"callbacks.initTriggerButton\"\n\t\t\tdata-wp-on--click=\"actions.showLightbox\"\n\t\t\tdata-wp-style--right=\"state.thisImage.buttonRight\"\n\t\t\tdata-wp-style--top=\"state.thisImage.buttonTop\"\n\t\t>\n\t\t\t<svg xmlns=\"http:\/\/www.w3.org\/2000\/svg\" width=\"12\" height=\"12\" fill=\"none\" viewBox=\"0 0 12 12\">\n\t\t\t\t<path fill=\"#fff\" d=\"M2 0a2 2 0 0 0-2 2v2h1.5V2a.5.5 0 0 1 .5-.5h2V0H2Zm2 10.5H2a.5.5 0 0 1-.5-.5V8H0v2a2 2 0 0 0 2 2h2v-1.5ZM8 12v-1.5h2a.5.5 0 0 0 .5-.5V8H12v2a2 2 0 0 1-2 2H8Zm2-12a2 2 0 0 1 2 2v2h-1.5V2a.5.5 0 0 0-.5-.5H8V0h2Z\" \/>\n\t\t\t<\/svg>\n\t\t<\/button><figcaption class=\"wp-element-caption\">Foto: Adrian Farwell \/ Wikimedia Commons, CC BY 3.0<\/figcaption><\/figure>\n\n\n\n<h2 class=\"wp-block-heading\"><span class=\"ez-toc-section\" id=\"Wann_nach_Boenigen_bei_Interlaken_reisen_und_wie_du_herkommst\"><\/span>Wann nach B\u00f6nigen bei Interlaken reisen und wie du herkommst<span class=\"ez-toc-section-end\"><\/span><\/h2>\n\n\n\n<p class=\"wp-block-paragraph\">Die Hauptsaison im Berner Oberland l\u00e4uft von <strong>Mai bis September<\/strong>, wenn die Tagestemperaturen im Tal auf angenehme <strong>24 \u00b0C<\/strong> klettern. Du musst aber damit rechnen, dass du in den Bergen bist \u2013 also f\u00e4llt selbst mitten im Sommer mal ein Regenschauer. Statistisch regnet es hier rund <strong>9 bis 12 Tage im Monat<\/strong>, deshalb lohnt es sich, immer eine Regenjacke im Rucksack zu haben.<\/p>\n\n\n\n<p class=\"wp-block-paragraph\">Wenn du dich aufs Baden freust, wird dich die <strong>Wassertemperatur im Brienzersee<\/strong> vielleicht etwas \u00fcberraschen. Der See ist glazialen Ursprungs, sehr tief, und selbst im w\u00e4rmsten August hat das Wasser meist nur <strong>18 bis 22 \u00b0C<\/strong>. Der September ist mit seinen 15 bis 19 \u00b0C dann eher etwas f\u00fcr Hartgesottene. Das Strandbad The Beach ist zum Gl\u00fcck von Mitte Mai bis Mitte September ge\u00f6ffnet und bietet auch eine beheizte Alternative.<\/p>\n\n\n\n<p class=\"wp-block-paragraph\">Die Anreise ins Dorf ist dank Schweizer Pr\u00e4zision unglaublich einfach. Mit dem Zug kommst du aus Z\u00fcrich (in knapp zwei Stunden) oder aus Bern direkt zum Bahnhof <strong>Interlaken Ost<\/strong>. Von dort f\u00e4hrt die <strong>Buslinie 103<\/strong>, die dich in nur 9 Minuten ins Zentrum von B\u00f6nigen bringt. Die Busse fahren jede halbe Stunde und halten direkt an der Seepromenade sowie im Dorfzentrum.<\/p>\n\n\n\n<p class=\"wp-block-paragraph\">Und jetzt die beste Nachricht: Die <strong>Interlaken Guest Card<\/strong>, die du zur Unterkunft bekommst, sichert dir die Fahrten im \u00f6rtlichen <strong>\u00f6ffentlichen Nahverkehr v\u00f6llig kostenlos<\/strong> \u2013 inklusive des erw\u00e4hnten Busses Nummer 103. Wer also in B\u00f6nigen wohnt, f\u00e4hrt v\u00f6llig gratis nach Interlaken oder ins benachbarte Iseltwald.<\/p>\n\n\n\n<figure data-wp-context=\"{&quot;imageId&quot;:&quot;6a9655692bc17&quot;}\" data-wp-interactive=\"core\/image\" data-wp-key=\"6a9655692bc17\" class=\"wp-block-image size-full wp-lightbox-container\"><img decoding=\"async\" width=\"1800\" height=\"1125\" data-wp-class--hide=\"state.isContentHidden\" data-wp-class--show=\"state.isContentVisible\" data-wp-init=\"callbacks.setButtonStyles\" data-wp-on--click=\"actions.showLightbox\" data-wp-on--load=\"callbacks.setButtonStyles\" data-wp-on--pointerdown=\"actions.preloadImage\" data-wp-on--pointerenter=\"actions.preloadImageWithDelay\" data-wp-on--pointerleave=\"actions.cancelPreload\" data-wp-on-window--resize=\"callbacks.setButtonStyles\" src=\"https:\/\/loudavymkrokem.cz\/wp-content\/uploads\/2026\/08\/articles-bonigen-03.jpg\" alt=\"Seepromenade in B\u00f6nigen am Brienzersee\" class=\"wp-image-404464\" title=\"\" srcset=\"https:\/\/loudavymkrokem.cz\/wp-content\/uploads\/2026\/08\/articles-bonigen-03.jpg 1800w, https:\/\/loudavymkrokem.cz\/wp-content\/uploads\/2026\/08\/articles-bonigen-03-300x188.jpg 300w, https:\/\/loudavymkrokem.cz\/wp-content\/uploads\/2026\/08\/articles-bonigen-03-700x438.jpg 700w, https:\/\/loudavymkrokem.cz\/wp-content\/uploads\/2026\/08\/articles-bonigen-03-768x480.jpg 768w, https:\/\/loudavymkrokem.cz\/wp-content\/uploads\/2026\/08\/articles-bonigen-03-1536x960.jpg 1536w, https:\/\/loudavymkrokem.cz\/wp-content\/uploads\/2026\/08\/articles-bonigen-03-696x435.jpg 696w, https:\/\/loudavymkrokem.cz\/wp-content\/uploads\/2026\/08\/articles-bonigen-03-1392x870.jpg 1392w\" sizes=\"(max-width: 1800px) 100vw, 1800px\" \/><button\n\t\t\tclass=\"lightbox-trigger\"\n\t\t\ttype=\"button\"\n\t\t\taria-haspopup=\"dialog\"\n\t\t\tdata-wp-bind--aria-label=\"state.thisImage.triggerButtonAriaLabel\"\n\t\t\tdata-wp-init=\"callbacks.initTriggerButton\"\n\t\t\tdata-wp-on--click=\"actions.showLightbox\"\n\t\t\tdata-wp-style--right=\"state.thisImage.buttonRight\"\n\t\t\tdata-wp-style--top=\"state.thisImage.buttonTop\"\n\t\t>\n\t\t\t<svg xmlns=\"http:\/\/www.w3.org\/2000\/svg\" width=\"12\" height=\"12\" fill=\"none\" viewBox=\"0 0 12 12\">\n\t\t\t\t<path fill=\"#fff\" d=\"M2 0a2 2 0 0 0-2 2v2h1.5V2a.5.5 0 0 1 .5-.5h2V0H2Zm2 10.5H2a.5.5 0 0 1-.5-.5V8H0v2a2 2 0 0 0 2 2h2v-1.5ZM8 12v-1.5h2a.5.5 0 0 0 .5-.5V8H12v2a2 2 0 0 1-2 2H8Zm2-12a2 2 0 0 1 2 2v2h-1.5V2a.5.5 0 0 0-.5-.5H8V0h2Z\" \/>\n\t\t\t<\/svg>\n\t\t<\/button><figcaption class=\"wp-element-caption\">Foto: JoachimKohler-HB \/ Wikimedia Commons, CC BY-SA 4.0<\/figcaption><\/figure>\n\n\n\n<h2 class=\"wp-block-heading\"><span class=\"ez-toc-section\" id=\"Wo_du_in_Boenigen_uebernachtest_und_was_es_kostet\"><\/span>Wo du in B\u00f6nigen \u00fcbernachtest und was es kostet<span class=\"ez-toc-section-end\"><\/span><\/h2>\n\n\n\n<p class=\"wp-block-paragraph\"><em>\ud83d\udca1 Tipp f\u00fcr Unterkunft und Erlebnisse: Unterk\u00fcnfte vor Ort <a href=\"https:\/\/www.stay22.com\/allez\/roam?aid=lukaskonecny&amp;campaign=loudavymkrokemcz&amp;address=Bonigen\" target=\"_blank\" rel=\"nofollow noopener sponsored\">vergleichen wir hier<\/a>, damit du siehst, was frei ist und zu welchem Preis. Am liebsten suchen wir sie auf <a class=\"thirstylink\" rel=\"nofollow\" target=\"_blank\" title=\"Booking.com\" href=\"https:\/\/loudavymkrokem.cz\/doporucujeme\/booking-com\/\" data-shortcode=\"true\">Booking.com<\/a>, wo es meist die besten Stornobedingungen gibt. Tickets, Ausfl\u00fcge und Aktivit\u00e4ten lohnt es sich dann \u00fcber <a class=\"thirstylink\" rel=\"nofollow\" target=\"_blank\" title=\"GetYourGuide\" href=\"https:\/\/loudavymkrokem.cz\/doporucujeme\/getyourguide\/\" data-shortcode=\"true\">GetYourGuide<\/a> zu vergleichen und zu buchen.<\/em><\/p>\n\n\n\n<p class=\"wp-block-paragraph\">Direkt in B\u00f6nigen zu wohnen ist der kl\u00fcgste Schachzug, den du bei der Planung deines Schweiz-Urlaubs machen kannst. W\u00e4hrend das benachbarte Interlaken oft \u00fcberteuert und voller lauter Reisegruppen ist, findest du hier <strong>authentische Ruhe und deutlich freundlichere Preise<\/strong>. Mit dem Bus bist du dabei in knapp zehn Minuten mitten im Geschehen.<\/p>\n\n\n\n<p class=\"wp-block-paragraph\">In der Schweiz lohnt sich au\u00dferdem eine <strong>Unterkunft mit eigener K\u00fcchenzeile<\/strong> unglaublich. Die Restaurantpreise sind astronomisch, sodass dir die M\u00f6glichkeit, dir selbst ein Abendessen zu kochen oder eine Brotzeit f\u00fcr die Wanderung vorzubereiten, das Budget um mehrere Hundert Euro senkt. Vergiss aber nicht, <strong>mit enormem Vorlauf zu reservieren<\/strong>, denn in der Sommersaison sind die besten Kapazit\u00e4ten oft viele Monate im Voraus ausgebucht.<\/p>\n\n\n\n<p class=\"wp-block-paragraph\">Hier sind konkrete Tipps f\u00fcr tolle Unterk\u00fcnfte nach den Bewertungen von Reisenden:<\/p>\n\n\n\n<ul class=\"wp-block-list\">\n<li><strong><a href=\"https:\/\/www.stay22.com\/allez\/roam?aid=lukaskonecny&amp;campaign=loudavymkrokemcz&amp;campaign=bonigen&amp;hotelname=Hotel%20Seiler%20au%20Lac&amp;address=B%C3%B6nigen%2C%20%C5%A0v%C3%BDcarsko\" target=\"_blank\" rel=\"noopener nofollow sponsored\">Hotel Seiler au Lac<\/a>:<\/strong> Das Hotel Seiler au Lac liegt direkt am Ufer, und der Dampfer h\u00e4lt direkt vor der T\u00fcr \u2013 du musst dir also nicht mal Gedanken machen, wie du aufs Schiff kommst. Vierzig Zimmer, Blick auf Berge und Wasser \u2013 die richtige Adresse, wenn du mitten im Geschehen sein willst.<\/li>\n\n\n\n<li><strong><a href=\"https:\/\/www.stay22.com\/allez\/roam?aid=lukaskonecny&amp;campaign=loudavymkrokemcz&amp;campaign=bonigen&amp;hotelname=Seehotel%20B%C3%B6nigen&amp;address=B%C3%B6nigen%2C%20%C5%A0v%C3%BDcarsko\" target=\"_blank\" rel=\"noopener nofollow sponsored\">Seehotel B\u00f6nigen<\/a>:<\/strong> Eine tolle <strong>Familienwahl mit Panoramablick<\/strong>, die eine ruhigere Atmosph\u00e4re und ein eigenes, viel gelobtes Restaurant bietet. Die G\u00e4ste sch\u00e4tzen besonders den pers\u00f6nlichen Umgang der Besitzer und das reichhaltige Fr\u00fchst\u00fcck.<\/li>\n\n\n\n<li><strong><a href=\"https:\/\/www.stay22.com\/allez\/roam?aid=lukaskonecny&amp;campaign=loudavymkrokemcz&amp;campaign=bonigen&amp;hotelname=TCS%20Camping%20B%C3%B6nigen%20Brienzersee&amp;address=B%C3%B6nigen%2C%20%C5%A0v%C3%BDcarsko\" target=\"_blank\" rel=\"noopener nofollow sponsored\">TCS Camping B\u00f6nigen Brienzersee<\/a>:<\/strong> Die perfekte <strong>Budget-Variante mit der besten Lage im Ort<\/strong> \u2013 direkt am See und 200 Meter vom Strand entfernt. Achte aber auf zwei Dinge: <strong>Auf dem Campingplatz gibt es weder ein Schwimmbad noch eine Rutsche<\/strong> (nur ein Planschbecken), und mit dem Umgang des Personals mit Familien mit Kleinkindern haben wir eine eigene schlechte Erfahrung gemacht, die ich weiter unten beschreibe.<\/li>\n\n\n\n<li><strong><a href=\"https:\/\/www.stay22.com\/allez\/roam?aid=lukaskonecny&amp;campaign=loudavymkrokemcz&amp;campaign=bonigen&amp;hotelname=Mountain%20and%20Lake&amp;address=B%C3%B6nigen%2C%20%C5%A0v%C3%BDcarsko\" target=\"_blank\" rel=\"noopener nofollow sponsored\">Mountain and Lake<\/a>:<\/strong> Ein fantastisch bewertetes <strong>privates Apartment mit voll ausgestatteter K\u00fcche<\/strong>, das dir maximale Unabh\u00e4ngigkeit bietet. Es hat eine sch\u00f6ne Terrasse und ist laut Bewertungen der ideale Ort f\u00fcr einen l\u00e4ngeren Aufenthalt mit Selbstverpflegung.<\/li>\n\n\n\n<li><strong><a href=\"https:\/\/www.stay22.com\/allez\/roam?aid=lukaskonecny&amp;campaign=loudavymkrokemcz&amp;campaign=bonigen&amp;hotelname=Walida&amp;address=B%C3%B6nigen%2C%20%C5%A0v%C3%BDcarsko\" target=\"_blank\" rel=\"noopener nofollow sponsored\">Walida<\/a>:<\/strong> Ein schlichteres, aber sehr <strong>angenehmes Hotel zum vern\u00fcnftigen Preis<\/strong>, wo dich die Balkone mit Blick auf die Alpengipfel begeistern. Die G\u00e4ste loben die Sauberkeit und die gem\u00fctliche, famili\u00e4re Atmosph\u00e4re.<\/li>\n<\/ul>\n\n\n\n<figure data-wp-context=\"{&quot;imageId&quot;:&quot;6a9655692c71c&quot;}\" data-wp-interactive=\"core\/image\" data-wp-key=\"6a9655692c71c\" class=\"wp-block-image size-full wp-lightbox-container\"><img decoding=\"async\" width=\"1800\" height=\"1350\" data-wp-class--hide=\"state.isContentHidden\" data-wp-class--show=\"state.isContentVisible\" data-wp-init=\"callbacks.setButtonStyles\" data-wp-on--click=\"actions.showLightbox\" data-wp-on--load=\"callbacks.setButtonStyles\" data-wp-on--pointerdown=\"actions.preloadImage\" data-wp-on--pointerenter=\"actions.preloadImageWithDelay\" data-wp-on--pointerleave=\"actions.cancelPreload\" data-wp-on-window--resize=\"callbacks.setButtonStyles\" src=\"https:\/\/loudavymkrokem.cz\/wp-content\/uploads\/2026\/08\/articles-bonigen-04.jpg\" alt=\"B\u00f6nigen und seine Seepromenade am Brienzersee\" class=\"wp-image-404465\" title=\"\" srcset=\"https:\/\/loudavymkrokem.cz\/wp-content\/uploads\/2026\/08\/articles-bonigen-04.jpg 1800w, https:\/\/loudavymkrokem.cz\/wp-content\/uploads\/2026\/08\/articles-bonigen-04-300x225.jpg 300w, https:\/\/loudavymkrokem.cz\/wp-content\/uploads\/2026\/08\/articles-bonigen-04-700x525.jpg 700w, https:\/\/loudavymkrokem.cz\/wp-content\/uploads\/2026\/08\/articles-bonigen-04-768x576.jpg 768w, https:\/\/loudavymkrokem.cz\/wp-content\/uploads\/2026\/08\/articles-bonigen-04-1536x1152.jpg 1536w, https:\/\/loudavymkrokem.cz\/wp-content\/uploads\/2026\/08\/articles-bonigen-04-80x60.jpg 80w, https:\/\/loudavymkrokem.cz\/wp-content\/uploads\/2026\/08\/articles-bonigen-04-160x120.jpg 160w, https:\/\/loudavymkrokem.cz\/wp-content\/uploads\/2026\/08\/articles-bonigen-04-696x522.jpg 696w, https:\/\/loudavymkrokem.cz\/wp-content\/uploads\/2026\/08\/articles-bonigen-04-1392x1044.jpg 1392w\" sizes=\"(max-width: 1800px) 100vw, 1800px\" \/><button\n\t\t\tclass=\"lightbox-trigger\"\n\t\t\ttype=\"button\"\n\t\t\taria-haspopup=\"dialog\"\n\t\t\tdata-wp-bind--aria-label=\"state.thisImage.triggerButtonAriaLabel\"\n\t\t\tdata-wp-init=\"callbacks.initTriggerButton\"\n\t\t\tdata-wp-on--click=\"actions.showLightbox\"\n\t\t\tdata-wp-style--right=\"state.thisImage.buttonRight\"\n\t\t\tdata-wp-style--top=\"state.thisImage.buttonTop\"\n\t\t>\n\t\t\t<svg xmlns=\"http:\/\/www.w3.org\/2000\/svg\" width=\"12\" height=\"12\" fill=\"none\" viewBox=\"0 0 12 12\">\n\t\t\t\t<path fill=\"#fff\" d=\"M2 0a2 2 0 0 0-2 2v2h1.5V2a.5.5 0 0 1 .5-.5h2V0H2Zm2 10.5H2a.5.5 0 0 1-.5-.5V8H0v2a2 2 0 0 0 2 2h2v-1.5ZM8 12v-1.5h2a.5.5 0 0 0 .5-.5V8H12v2a2 2 0 0 1-2 2H8Zm2-12a2 2 0 0 1 2 2v2h-1.5V2a.5.5 0 0 0-.5-.5H8V0h2Z\" \/>\n\t\t\t<\/svg>\n\t\t<\/button><figcaption class=\"wp-element-caption\">Foto: Sven Huls \/ Pexels<\/figcaption><\/figure>\n\n\n\n<h2 class=\"wp-block-heading\"><span class=\"ez-toc-section\" id=\"Direkt_in_Boenigen_6_Sehenswuerdigkeiten_und_Aktivitaeten_am_Wasser\"><\/span>Direkt in B\u00f6nigen: 6 Sehensw\u00fcrdigkeiten und Aktivit\u00e4ten am Wasser<span class=\"ez-toc-section-end\"><\/span><\/h2>\n\n\n\n<p class=\"wp-block-paragraph\">Das Dorf selbst ist ein idealer <strong>Ort f\u00fcr gem\u00e4chliche Tage<\/strong>, an denen du keine Lust hast, in die hohen Berge zu steigen. Du kannst hier einfach durch die engen Gassen schlendern, die handwerkliche Meisterschaft der alten Zimmerleute bewundern oder Zeit direkt am <strong>Ufer des t\u00fcrkisen Sees<\/strong> verbringen.<\/p>\n\n\n\n<p class=\"wp-block-paragraph\">Du findest hier eine perfekte Mischung aus Geschichte und Wasseraktivit\u00e4ten, die dich mindestens ein ganzes Wochenende besch\u00e4ftigen. Alles ist dabei <strong>sch\u00f6n nah und fu\u00dfl\u00e4ufig erreichbar<\/strong>, sodass du das Auto beruhigt am Hotel stehen lassen kannst.<\/p>\n\n\n\n<p class=\"wp-block-paragraph\">\ud83d\udca1 Tipp: Die meisten Erlebnisse in der Umgebung (Seefahrten, Kajaktouren, Jetboot-Fahrten und Ausfl\u00fcge aufs Jungfraujoch) kannst du vorab auf <a class=\"thirstylink\" rel=\"nofollow\" target=\"_blank\" title=\"GetYourGuide\" href=\"https:\/\/loudavymkrokem.cz\/doporucujeme\/getyourguide\/\" data-shortcode=\"true\">GetYourGuide<\/a> reservieren. In der Hauptsaison sind beliebte Termine oft mehrere Tage im Voraus ausgebucht.<\/p>\n\n\n\n<figure data-wp-context=\"{&quot;imageId&quot;:&quot;6a9655692ce94&quot;}\" data-wp-interactive=\"core\/image\" data-wp-key=\"6a9655692ce94\" class=\"wp-block-image size-full wp-lightbox-container\"><img decoding=\"async\" width=\"1800\" height=\"1350\" data-wp-class--hide=\"state.isContentHidden\" data-wp-class--show=\"state.isContentVisible\" data-wp-init=\"callbacks.setButtonStyles\" data-wp-on--click=\"actions.showLightbox\" data-wp-on--load=\"callbacks.setButtonStyles\" data-wp-on--pointerdown=\"actions.preloadImage\" data-wp-on--pointerenter=\"actions.preloadImageWithDelay\" data-wp-on--pointerleave=\"actions.cancelPreload\" data-wp-on-window--resize=\"callbacks.setButtonStyles\" src=\"https:\/\/loudavymkrokem.cz\/wp-content\/uploads\/2026\/08\/articles-bonigen-05.jpg\" alt=\"Historisches verziertes Holzhaus in B\u00f6nigen\" class=\"wp-image-404467\" title=\"\" srcset=\"https:\/\/loudavymkrokem.cz\/wp-content\/uploads\/2026\/08\/articles-bonigen-05.jpg 1800w, https:\/\/loudavymkrokem.cz\/wp-content\/uploads\/2026\/08\/articles-bonigen-05-300x225.jpg 300w, https:\/\/loudavymkrokem.cz\/wp-content\/uploads\/2026\/08\/articles-bonigen-05-700x525.jpg 700w, https:\/\/loudavymkrokem.cz\/wp-content\/uploads\/2026\/08\/articles-bonigen-05-768x576.jpg 768w, https:\/\/loudavymkrokem.cz\/wp-content\/uploads\/2026\/08\/articles-bonigen-05-1536x1152.jpg 1536w, https:\/\/loudavymkrokem.cz\/wp-content\/uploads\/2026\/08\/articles-bonigen-05-80x60.jpg 80w, https:\/\/loudavymkrokem.cz\/wp-content\/uploads\/2026\/08\/articles-bonigen-05-160x120.jpg 160w, https:\/\/loudavymkrokem.cz\/wp-content\/uploads\/2026\/08\/articles-bonigen-05-696x522.jpg 696w, https:\/\/loudavymkrokem.cz\/wp-content\/uploads\/2026\/08\/articles-bonigen-05-1392x1044.jpg 1392w\" sizes=\"(max-width: 1800px) 100vw, 1800px\" \/><button\n\t\t\tclass=\"lightbox-trigger\"\n\t\t\ttype=\"button\"\n\t\t\taria-haspopup=\"dialog\"\n\t\t\tdata-wp-bind--aria-label=\"state.thisImage.triggerButtonAriaLabel\"\n\t\t\tdata-wp-init=\"callbacks.initTriggerButton\"\n\t\t\tdata-wp-on--click=\"actions.showLightbox\"\n\t\t\tdata-wp-style--right=\"state.thisImage.buttonRight\"\n\t\t\tdata-wp-style--top=\"state.thisImage.buttonTop\"\n\t\t>\n\t\t\t<svg xmlns=\"http:\/\/www.w3.org\/2000\/svg\" width=\"12\" height=\"12\" fill=\"none\" viewBox=\"0 0 12 12\">\n\t\t\t\t<path fill=\"#fff\" d=\"M2 0a2 2 0 0 0-2 2v2h1.5V2a.5.5 0 0 1 .5-.5h2V0H2Zm2 10.5H2a.5.5 0 0 1-.5-.5V8H0v2a2 2 0 0 0 2 2h2v-1.5ZM8 12v-1.5h2a.5.5 0 0 0 .5-.5V8H12v2a2 2 0 0 1-2 2H8Zm2-12a2 2 0 0 1 2 2v2h-1.5V2a.5.5 0 0 0-.5-.5H8V0h2Z\" \/>\n\t\t\t<\/svg>\n\t\t<\/button><figcaption class=\"wp-element-caption\">Foto: Freek Wolsink \/ Pexels<\/figcaption><\/figure>\n\n\n\n<h3 class=\"wp-block-heading\"><span class=\"ez-toc-section\" id=\"1_Historische_Holzhaeuser_und_der_Haeuserweg\"><\/span>1. Historische Holzh\u00e4user und der H\u00e4userweg<span class=\"ez-toc-section-end\"><\/span><\/h3>\n\n\n\n<p class=\"wp-block-paragraph\">Den Kern des Dorfes bildet ein einzigartiges Ensemble aus <strong>geschnitzten Holzh\u00e4usern aus dem 16. bis 19. Jahrhundert<\/strong>. B\u00f6nigen hatte in seiner Geschichte enormes Gl\u00fcck, dass es nie von einem gro\u00dfen, verheerenden Brand getroffen wurde. Dadurch hat sich hier eine zusammenh\u00e4ngende Bebauung aus jeder Bauperiode seit 1549 erhalten, was in der Schweiz eine gro\u00dfe Seltenheit ist.<\/p>\n\n\n\n<p class=\"wp-block-paragraph\">Beim Spaziergang auf dem Lehrpfad <strong>Historischer H\u00e4userweg<\/strong> beeindruckt dich die detailreiche Schnitzarbeit an den Fassaden. Du siehst kunstvolle Ornamente, alte Inschriften und pr\u00e4zise geformte Balkone. Zur Route gibt es einen interaktiven SmartTrail-F\u00fchrer, den du dir einfach aufs Handy l\u00e4dst und der dir die Geschichten der einzelnen Familien verr\u00e4t.<\/p>\n\n\n\n<p class=\"wp-block-paragraph\">Das bekannteste Bauwerk ist das sogenannte <strong>Housihuus von 1757<\/strong>, das als erstes \u00f6rtliches Gasthaus diente. Es hat sogar eine k\u00f6nigliche Geschichte, denn 1808 \u00fcbernachtete hier der w\u00fcrttembergische K\u00f6nig Friedrich. Sehenswert ist auch der alte Speicher Christi&#8217;s Spycher von 1746, der zeigt, wie fr\u00fcher wertvolle Lebensmittelvorr\u00e4te gelagert wurden.<\/p>\n\n\n\n<p class=\"wp-block-paragraph\">\ud83d\udca1 Tipp: Jeden Morgen um 9:15 Uhr finden vor dem <a href=\"https:\/\/www.boenigen-iseltwald.ch\" target=\"_blank\" rel=\"nofollow noopener\">Tourismusb\u00fcro<\/a> <strong>gef\u00fchrte Dorfrundg\u00e4nge<\/strong> statt. Das ist eine tolle Gelegenheit, von den Einheimischen Anekdoten zu erfahren, die du in keinem gedruckten Reisef\u00fchrer findest.<\/p>\n\n\n\n<figure data-wp-context=\"{&quot;imageId&quot;:&quot;6a9655692d6da&quot;}\" data-wp-interactive=\"core\/image\" data-wp-key=\"6a9655692d6da\" class=\"wp-block-image size-full wp-lightbox-container\"><img decoding=\"async\" width=\"1800\" height=\"1341\" data-wp-class--hide=\"state.isContentHidden\" data-wp-class--show=\"state.isContentVisible\" data-wp-init=\"callbacks.setButtonStyles\" data-wp-on--click=\"actions.showLightbox\" data-wp-on--load=\"callbacks.setButtonStyles\" data-wp-on--pointerdown=\"actions.preloadImage\" data-wp-on--pointerenter=\"actions.preloadImageWithDelay\" data-wp-on--pointerleave=\"actions.cancelPreload\" data-wp-on-window--resize=\"callbacks.setButtonStyles\" src=\"https:\/\/loudavymkrokem.cz\/wp-content\/uploads\/2026\/08\/articles-bonigen-06.jpg\" alt=\"Innenraum eines traditionellen Oberl\u00e4nder Hauses\" class=\"wp-image-404469\" title=\"\" srcset=\"https:\/\/loudavymkrokem.cz\/wp-content\/uploads\/2026\/08\/articles-bonigen-06.jpg 1800w, https:\/\/loudavymkrokem.cz\/wp-content\/uploads\/2026\/08\/articles-bonigen-06-300x224.jpg 300w, https:\/\/loudavymkrokem.cz\/wp-content\/uploads\/2026\/08\/articles-bonigen-06-700x522.jpg 700w, https:\/\/loudavymkrokem.cz\/wp-content\/uploads\/2026\/08\/articles-bonigen-06-768x572.jpg 768w, https:\/\/loudavymkrokem.cz\/wp-content\/uploads\/2026\/08\/articles-bonigen-06-1536x1144.jpg 1536w, https:\/\/loudavymkrokem.cz\/wp-content\/uploads\/2026\/08\/articles-bonigen-06-80x60.jpg 80w, https:\/\/loudavymkrokem.cz\/wp-content\/uploads\/2026\/08\/articles-bonigen-06-160x120.jpg 160w, https:\/\/loudavymkrokem.cz\/wp-content\/uploads\/2026\/08\/articles-bonigen-06-696x519.jpg 696w, https:\/\/loudavymkrokem.cz\/wp-content\/uploads\/2026\/08\/articles-bonigen-06-1392x1037.jpg 1392w\" sizes=\"(max-width: 1800px) 100vw, 1800px\" \/><button\n\t\t\tclass=\"lightbox-trigger\"\n\t\t\ttype=\"button\"\n\t\t\taria-haspopup=\"dialog\"\n\t\t\tdata-wp-bind--aria-label=\"state.thisImage.triggerButtonAriaLabel\"\n\t\t\tdata-wp-init=\"callbacks.initTriggerButton\"\n\t\t\tdata-wp-on--click=\"actions.showLightbox\"\n\t\t\tdata-wp-style--right=\"state.thisImage.buttonRight\"\n\t\t\tdata-wp-style--top=\"state.thisImage.buttonTop\"\n\t\t>\n\t\t\t<svg xmlns=\"http:\/\/www.w3.org\/2000\/svg\" width=\"12\" height=\"12\" fill=\"none\" viewBox=\"0 0 12 12\">\n\t\t\t\t<path fill=\"#fff\" d=\"M2 0a2 2 0 0 0-2 2v2h1.5V2a.5.5 0 0 1 .5-.5h2V0H2Zm2 10.5H2a.5.5 0 0 1-.5-.5V8H0v2a2 2 0 0 0 2 2h2v-1.5ZM8 12v-1.5h2a.5.5 0 0 0 .5-.5V8H12v2a2 2 0 0 1-2 2H8Zm2-12a2 2 0 0 1 2 2v2h-1.5V2a.5.5 0 0 0-.5-.5H8V0h2Z\" \/>\n\t\t\t<\/svg>\n\t\t<\/button><figcaption class=\"wp-element-caption\">Foto: Abhishek  Navlakha \/ Pexels<\/figcaption><\/figure>\n\n\n\n<h3 class=\"wp-block-heading\"><span class=\"ez-toc-section\" id=\"2_Das_Dorfmuseum_%E2%80%9Ealte_Pinte%E2%80%9C\"><\/span>2. Das Dorfmuseum \u201ealte Pinte&#8220;<span class=\"ez-toc-section-end\"><\/span><\/h3>\n\n\n\n<p class=\"wp-block-paragraph\">Wenn du sehen willst, wie in solchen Holzh\u00e4usern wirklich gelebt wurde, musst du ins \u00f6rtliche Museum. Es ist in einem wunderbar erhaltenen <strong>Haus von 1772<\/strong> untergebracht und atmet die Atmosph\u00e4re alter Zeiten, als das Leben in den Bergen viel h\u00e4rter war als heute.<\/p>\n\n\n\n<p class=\"wp-block-paragraph\">Die Ausstellung zeigt eine typische Oberl\u00e4nder Wohnstube bis ins kleinste Detail. Du findest hier <strong>historische M\u00f6bel und Gegenst\u00e4nde aus den Jahren 1730 bis 1920<\/strong> \u2013 von alten Spinnr\u00e4dern bis zu handbemalten Aussteuertruhen. Es ist faszinierend zu sehen, wie meisterhaft die \u00f6rtlichen Handwerker mit Holz arbeiten konnten.<\/p>\n\n\n\n<p class=\"wp-block-paragraph\">Der Rundgang dauert nicht l\u00e4nger als eine Stunde, verschafft dir aber enormen <strong>Respekt vor der lokalen Kultur und den Traditionen<\/strong>. Du erf\u00e4hrst, wie fr\u00fcher geheizt wurde, wie die Milch von den Bergweiden verarbeitet wurde und wie der Alltag einer einfachen Schweizer Familie aussah.<\/p>\n\n\n\n<p class=\"wp-block-paragraph\">\ud83d\udca1 Tipp: Die <strong>\u00d6ffnungszeiten des Museums<\/strong> sind <strong>au\u00dferhalb der Saison recht eingeschr\u00e4nkt<\/strong>, deshalb pr\u00fcfe vorher auf der Website, an welchen Tagen gerade ge\u00f6ffnet ist, damit du nicht vor verschlossener T\u00fcr stehst.<\/p>\n\n\n\n<figure data-wp-context=\"{&quot;imageId&quot;:&quot;6a9655692de7a&quot;}\" data-wp-interactive=\"core\/image\" data-wp-key=\"6a9655692de7a\" class=\"wp-block-image size-full wp-lightbox-container\"><img decoding=\"async\" width=\"1800\" height=\"1350\" data-wp-class--hide=\"state.isContentHidden\" data-wp-class--show=\"state.isContentVisible\" data-wp-init=\"callbacks.setButtonStyles\" data-wp-on--click=\"actions.showLightbox\" data-wp-on--load=\"callbacks.setButtonStyles\" data-wp-on--pointerdown=\"actions.preloadImage\" data-wp-on--pointerenter=\"actions.preloadImageWithDelay\" data-wp-on--pointerleave=\"actions.cancelPreload\" data-wp-on-window--resize=\"callbacks.setButtonStyles\" src=\"https:\/\/loudavymkrokem.cz\/wp-content\/uploads\/2026\/08\/articles-bonigen-07.jpg\" alt=\"B\u00f6nigen vom Schiffsdeck auf dem Brienzersee\" class=\"wp-image-404470\" title=\"\" srcset=\"https:\/\/loudavymkrokem.cz\/wp-content\/uploads\/2026\/08\/articles-bonigen-07.jpg 1800w, https:\/\/loudavymkrokem.cz\/wp-content\/uploads\/2026\/08\/articles-bonigen-07-300x225.jpg 300w, https:\/\/loudavymkrokem.cz\/wp-content\/uploads\/2026\/08\/articles-bonigen-07-700x525.jpg 700w, https:\/\/loudavymkrokem.cz\/wp-content\/uploads\/2026\/08\/articles-bonigen-07-768x576.jpg 768w, https:\/\/loudavymkrokem.cz\/wp-content\/uploads\/2026\/08\/articles-bonigen-07-1536x1152.jpg 1536w, https:\/\/loudavymkrokem.cz\/wp-content\/uploads\/2026\/08\/articles-bonigen-07-80x60.jpg 80w, https:\/\/loudavymkrokem.cz\/wp-content\/uploads\/2026\/08\/articles-bonigen-07-160x120.jpg 160w, https:\/\/loudavymkrokem.cz\/wp-content\/uploads\/2026\/08\/articles-bonigen-07-696x522.jpg 696w, https:\/\/loudavymkrokem.cz\/wp-content\/uploads\/2026\/08\/articles-bonigen-07-1392x1044.jpg 1392w\" sizes=\"(max-width: 1800px) 100vw, 1800px\" \/><button\n\t\t\tclass=\"lightbox-trigger\"\n\t\t\ttype=\"button\"\n\t\t\taria-haspopup=\"dialog\"\n\t\t\tdata-wp-bind--aria-label=\"state.thisImage.triggerButtonAriaLabel\"\n\t\t\tdata-wp-init=\"callbacks.initTriggerButton\"\n\t\t\tdata-wp-on--click=\"actions.showLightbox\"\n\t\t\tdata-wp-style--right=\"state.thisImage.buttonRight\"\n\t\t\tdata-wp-style--top=\"state.thisImage.buttonTop\"\n\t\t>\n\t\t\t<svg xmlns=\"http:\/\/www.w3.org\/2000\/svg\" width=\"12\" height=\"12\" fill=\"none\" viewBox=\"0 0 12 12\">\n\t\t\t\t<path fill=\"#fff\" d=\"M2 0a2 2 0 0 0-2 2v2h1.5V2a.5.5 0 0 1 .5-.5h2V0H2Zm2 10.5H2a.5.5 0 0 1-.5-.5V8H0v2a2 2 0 0 0 2 2h2v-1.5ZM8 12v-1.5h2a.5.5 0 0 0 .5-.5V8H12v2a2 2 0 0 1-2 2H8Zm2-12a2 2 0 0 1 2 2v2h-1.5V2a.5.5 0 0 0-.5-.5H8V0h2Z\" \/>\n\t\t\t<\/svg>\n\t\t<\/button><figcaption class=\"wp-element-caption\">Foto: Andrew Bossi \/ Wikimedia Commons, CC BY-SA 2.5<\/figcaption><\/figure>\n\n\n\n<h3 class=\"wp-block-heading\"><span class=\"ez-toc-section\" id=\"3_Seepromenade_Steg_und_der_Brienzersee_Lakewalk\"><\/span>3. Seepromenade, Steg und der Brienzersee Lakewalk<span class=\"ez-toc-section-end\"><\/span><\/h3>\n\n\n\n<p class=\"wp-block-paragraph\">Das Herz von ganz B\u00f6nigen ist zweifellos seine Seepromenade. Der hiesige <strong>Brienzersee Lakewalk<\/strong> hat bei Google eine fantastische Bewertung von 4,8 aus fast tausend Rezensionen und ist der erste Ort, zu dem dich deine Schritte nach der Ankunft f\u00fchren sollten. Der Blick vom Steg auf die umliegenden Gipfel und die t\u00fcrkise Wasseroberfl\u00e4che ist einfach ikonisch.<\/p>\n\n\n\n<p class=\"wp-block-paragraph\">Die gesamte Promenade ist als <strong>barrierefreier Weg entlang des Sees und der Aare<\/strong> angelegt. Sie ist absolut ideal f\u00fcr Familien mit Kinderwagen, Rollstuhlfahrer oder f\u00fcr einen gem\u00fctlichen Abendspaziergang, wenn dir nach einer Ganztagestour die F\u00fc\u00dfe wehtun. Das Wasser hat hier eine unglaubliche Farbe, die durch das sogenannte Gletschermehl entsteht, das aus den umliegenden Massiven eingeschwemmt wird.<\/p>\n\n\n\n<p class=\"wp-block-paragraph\">In der Sommersaison erwacht die Promenade kulturell zum Leben. Direkt am Hauptsteg finden regelm\u00e4\u00dfig <strong>traditionelle Folklorekonzerte<\/strong> statt, bei denen du live Alph\u00f6rner h\u00f6ren und die Einheimischen in pr\u00e4chtigen historischen Trachten sehen kannst. Das ist ein Erlebnis, das zu einem Aufenthalt im Berner Oberland unbedingt dazugeh\u00f6rt.<\/p>\n\n\n\n<p class=\"wp-block-paragraph\">\ud83d\udca1 Tipp: Ein kurzes St\u00fcck von der Promenade entfernt liegt der <strong>kleine Weiher Depotseeli<\/strong>, der interessanterweise k\u00fcnstlich beim historischen Bahnbau entstanden ist. Heute dient er vor allem den \u00f6rtlichen Anglern, ist aber ein sch\u00f6ner, stiller Ort f\u00fcr einen kurzen Stopp.<\/p>\n\n\n\n<figure data-wp-context=\"{&quot;imageId&quot;:&quot;6a9655692e693&quot;}\" data-wp-interactive=\"core\/image\" data-wp-key=\"6a9655692e693\" class=\"wp-block-image size-full wp-lightbox-container\"><img decoding=\"async\" width=\"1800\" height=\"1199\" data-wp-class--hide=\"state.isContentHidden\" data-wp-class--show=\"state.isContentVisible\" data-wp-init=\"callbacks.setButtonStyles\" data-wp-on--click=\"actions.showLightbox\" data-wp-on--load=\"callbacks.setButtonStyles\" data-wp-on--pointerdown=\"actions.preloadImage\" data-wp-on--pointerenter=\"actions.preloadImageWithDelay\" data-wp-on--pointerleave=\"actions.cancelPreload\" data-wp-on-window--resize=\"callbacks.setButtonStyles\" src=\"https:\/\/loudavymkrokem.cz\/wp-content\/uploads\/2026\/08\/articles-bonigen-08.jpg\" alt=\"Strandbad am See mit Schwimmbecken\" class=\"wp-image-404472\" title=\"\" srcset=\"https:\/\/loudavymkrokem.cz\/wp-content\/uploads\/2026\/08\/articles-bonigen-08.jpg 1800w, https:\/\/loudavymkrokem.cz\/wp-content\/uploads\/2026\/08\/articles-bonigen-08-300x200.jpg 300w, https:\/\/loudavymkrokem.cz\/wp-content\/uploads\/2026\/08\/articles-bonigen-08-700x466.jpg 700w, https:\/\/loudavymkrokem.cz\/wp-content\/uploads\/2026\/08\/articles-bonigen-08-768x512.jpg 768w, https:\/\/loudavymkrokem.cz\/wp-content\/uploads\/2026\/08\/articles-bonigen-08-1536x1023.jpg 1536w, https:\/\/loudavymkrokem.cz\/wp-content\/uploads\/2026\/08\/articles-bonigen-08-696x464.jpg 696w, https:\/\/loudavymkrokem.cz\/wp-content\/uploads\/2026\/08\/articles-bonigen-08-1392x927.jpg 1392w\" sizes=\"(max-width: 1800px) 100vw, 1800px\" \/><button\n\t\t\tclass=\"lightbox-trigger\"\n\t\t\ttype=\"button\"\n\t\t\taria-haspopup=\"dialog\"\n\t\t\tdata-wp-bind--aria-label=\"state.thisImage.triggerButtonAriaLabel\"\n\t\t\tdata-wp-init=\"callbacks.initTriggerButton\"\n\t\t\tdata-wp-on--click=\"actions.showLightbox\"\n\t\t\tdata-wp-style--right=\"state.thisImage.buttonRight\"\n\t\t\tdata-wp-style--top=\"state.thisImage.buttonTop\"\n\t\t>\n\t\t\t<svg xmlns=\"http:\/\/www.w3.org\/2000\/svg\" width=\"12\" height=\"12\" fill=\"none\" viewBox=\"0 0 12 12\">\n\t\t\t\t<path fill=\"#fff\" d=\"M2 0a2 2 0 0 0-2 2v2h1.5V2a.5.5 0 0 1 .5-.5h2V0H2Zm2 10.5H2a.5.5 0 0 1-.5-.5V8H0v2a2 2 0 0 0 2 2h2v-1.5ZM8 12v-1.5h2a.5.5 0 0 0 .5-.5V8H12v2a2 2 0 0 1-2 2H8Zm2-12a2 2 0 0 1 2 2v2h-1.5V2a.5.5 0 0 0-.5-.5H8V0h2Z\" \/>\n\t\t\t<\/svg>\n\t\t<\/button><figcaption class=\"wp-element-caption\">Foto: Jean-Paul Wettstein \/ Pexels<\/figcaption><\/figure>\n\n\n\n<h3 class=\"wp-block-heading\"><span class=\"ez-toc-section\" id=\"4_Strand_und_Strandbad_The_Beach\"><\/span>4. Strand und Strandbad The Beach<span class=\"ez-toc-section-end\"><\/span><\/h3>\n\n\n\n<p class=\"wp-block-paragraph\">Auch wenn der See kalt ist, hat B\u00f6nigen f\u00fcr Wasserliebhaber einen perfekten Plan B parat. Das \u00f6rtliche Strandbad The Beach (Strandbad B\u00f6nigen) hat etwa von Mitte Mai bis Mitte September ge\u00f6ffnet, und das Ticket kostet 2026 <strong>sehr angenehme 6 CHF f\u00fcr Erwachsene<\/strong>.<\/p>\n\n\n\n<p class=\"wp-block-paragraph\">Das Areal bietet neben dem Seezugang auch ein <strong>beheiztes 25-Meter-Becken<\/strong>, was du an Tagen zu sch\u00e4tzen wei\u00dft, an denen du wirklich keine Lust auf das Gletscherwasser hast. F\u00fcr Schwimmer ist im See ein abgegrenzter Bereich reserviert, und ringsum erstreckt sich eine weitl\u00e4ufige Wiese mit gro\u00dfen B\u00e4umen, die gen\u00fcgend nat\u00fcrlichen Schatten spenden.<\/p>\n\n\n\n<p class=\"wp-block-paragraph\">Die Ausstattung ist hier f\u00fcr Schweizer Verh\u00e4ltnisse \u00fcberdurchschnittlich. Du findest Umkleiden, saubere Toiletten, einen Boule-Platz und ein angenehmes Restaurant. Das ganze Areal ist au\u00dferdem <strong>voll zug\u00e4nglich mit Kinderwagen und Rollstuhl<\/strong>, sodass sich hier wirklich jeder bequem niederlassen kann. Ab 17:00 Uhr gilt dann ein erm\u00e4\u00dfigter Abendtarif.<\/p>\n\n\n\n<p class=\"wp-block-paragraph\">\ud83d\udca1 Tipp: Die <strong>aktuellen \u00d6ffnungszeiten<\/strong>, die sich je nach Monat und Wetter \u00e4ndern, findest du immer auf der offiziellen Website von <a href=\"https:\/\/www.strandbadboenigen.ch\" target=\"_blank\" rel=\"nofollow noopener\">The Beach<\/a>. Bei starkem Regen ist das Areal aus <strong>Sicherheitsgr\u00fcnden geschlossen<\/strong>.<\/p>\n\n\n\n<figure data-wp-context=\"{&quot;imageId&quot;:&quot;6a9655692ee39&quot;}\" data-wp-interactive=\"core\/image\" data-wp-key=\"6a9655692ee39\" class=\"wp-block-image size-full wp-lightbox-container\"><img decoding=\"async\" width=\"1800\" height=\"1011\" data-wp-class--hide=\"state.isContentHidden\" data-wp-class--show=\"state.isContentVisible\" data-wp-init=\"callbacks.setButtonStyles\" data-wp-on--click=\"actions.showLightbox\" data-wp-on--load=\"callbacks.setButtonStyles\" data-wp-on--pointerdown=\"actions.preloadImage\" data-wp-on--pointerenter=\"actions.preloadImageWithDelay\" data-wp-on--pointerleave=\"actions.cancelPreload\" data-wp-on-window--resize=\"callbacks.setButtonStyles\" src=\"https:\/\/loudavymkrokem.cz\/wp-content\/uploads\/2026\/08\/articles-bonigen-09.jpg\" alt=\"Kajak auf einem Bergsee\" class=\"wp-image-404475\" title=\"\" srcset=\"https:\/\/loudavymkrokem.cz\/wp-content\/uploads\/2026\/08\/articles-bonigen-09.jpg 1800w, https:\/\/loudavymkrokem.cz\/wp-content\/uploads\/2026\/08\/articles-bonigen-09-300x169.jpg 300w, https:\/\/loudavymkrokem.cz\/wp-content\/uploads\/2026\/08\/articles-bonigen-09-700x393.jpg 700w, https:\/\/loudavymkrokem.cz\/wp-content\/uploads\/2026\/08\/articles-bonigen-09-768x431.jpg 768w, https:\/\/loudavymkrokem.cz\/wp-content\/uploads\/2026\/08\/articles-bonigen-09-1536x863.jpg 1536w, https:\/\/loudavymkrokem.cz\/wp-content\/uploads\/2026\/08\/articles-bonigen-09-696x391.jpg 696w, https:\/\/loudavymkrokem.cz\/wp-content\/uploads\/2026\/08\/articles-bonigen-09-1392x782.jpg 1392w\" sizes=\"(max-width: 1800px) 100vw, 1800px\" \/><button\n\t\t\tclass=\"lightbox-trigger\"\n\t\t\ttype=\"button\"\n\t\t\taria-haspopup=\"dialog\"\n\t\t\tdata-wp-bind--aria-label=\"state.thisImage.triggerButtonAriaLabel\"\n\t\t\tdata-wp-init=\"callbacks.initTriggerButton\"\n\t\t\tdata-wp-on--click=\"actions.showLightbox\"\n\t\t\tdata-wp-style--right=\"state.thisImage.buttonRight\"\n\t\t\tdata-wp-style--top=\"state.thisImage.buttonTop\"\n\t\t>\n\t\t\t<svg xmlns=\"http:\/\/www.w3.org\/2000\/svg\" width=\"12\" height=\"12\" fill=\"none\" viewBox=\"0 0 12 12\">\n\t\t\t\t<path fill=\"#fff\" d=\"M2 0a2 2 0 0 0-2 2v2h1.5V2a.5.5 0 0 1 .5-.5h2V0H2Zm2 10.5H2a.5.5 0 0 1-.5-.5V8H0v2a2 2 0 0 0 2 2h2v-1.5ZM8 12v-1.5h2a.5.5 0 0 0 .5-.5V8H12v2a2 2 0 0 1-2 2H8Zm2-12a2 2 0 0 1 2 2v2h-1.5V2a.5.5 0 0 0-.5-.5H8V0h2Z\" \/>\n\t\t\t<\/svg>\n\t\t<\/button><figcaption class=\"wp-element-caption\">Foto: K \/ Pexels<\/figcaption><\/figure>\n\n\n\n<h3 class=\"wp-block-heading\"><span class=\"ez-toc-section\" id=\"5_Kajak_und_SUP_auf_dem_See\"><\/span>5. Kajak und SUP auf dem See<span class=\"ez-toc-section-end\"><\/span><\/h3>\n\n\n\n<p class=\"wp-block-paragraph\">Der beste Weg, die Atmosph\u00e4re des Brienzersees aufzusaugen, ist, sich direkt aufs Wasser zu begeben. Direkt am Ufer (gegen\u00fcber der Haltestelle des Busses 103) findest du die Basis der <strong>Hightide Kayak School<\/strong>, die von Mai bis Oktober erstklassige Ausr\u00fcstung f\u00fcr Wassersport vermietet.<\/p>\n\n\n\n<p class=\"wp-block-paragraph\">Die Preise f\u00fcr 2026 sind vern\u00fcnftig angesetzt. F\u00fcr ein <strong>Einer-Kajak zahlst du ab 30 CHF pro Stunde<\/strong>, die Zweier-Variante kostet 45 CHF. Wenn du dir eine l\u00e4ngere Tour zutraust, kannst du ein stabiles Seekajak f\u00fcr ganze sieben Stunden f\u00fcr 70 CHF mieten und die entfernteren Buchten erkunden. Nat\u00fcrlich gibt es auch die beliebten Paddleboards (SUP).<\/p>\n\n\n\n<p class=\"wp-block-paragraph\">Wenn du keine Paddelerfahrung hast, empfehle ich dir, eine <strong>gef\u00fchrte Kajaktour mit Guide<\/strong> zu buchen. Man zeigt dir die sch\u00f6nsten versteckten Buchten, bringt dir die richtige Technik bei und k\u00fcmmert sich um deine Sicherheit, denn das Wetter auf dem See kann sich in den Bergen unerwartet schnell \u00e4ndern.<\/p>\n\n\n\n<p class=\"wp-block-paragraph\">\ud83d\udca1 Tipp: Unter Paddlern ist die <strong>Route von B\u00f6nigen entlang des S\u00fcdufers bis zu den Giessbachf\u00e4llen<\/strong> der absolute Hit. Reserviere die Ausr\u00fcstung lieber mit Vorlauf \u00fcber die Website von <a href=\"https:\/\/www.hightide.ch\" target=\"_blank\" rel=\"nofollow noopener\">Hightide<\/a>, im Juli und August ist oft alles ausgebucht.<\/p>\n\n\n\n<figure data-wp-context=\"{&quot;imageId&quot;:&quot;6a9655692f644&quot;}\" data-wp-interactive=\"core\/image\" data-wp-key=\"6a9655692f644\" class=\"wp-block-image size-full wp-lightbox-container\"><img decoding=\"async\" width=\"1800\" height=\"1200\" data-wp-class--hide=\"state.isContentHidden\" data-wp-class--show=\"state.isContentVisible\" data-wp-init=\"callbacks.setButtonStyles\" data-wp-on--click=\"actions.showLightbox\" data-wp-on--load=\"callbacks.setButtonStyles\" data-wp-on--pointerdown=\"actions.preloadImage\" data-wp-on--pointerenter=\"actions.preloadImageWithDelay\" data-wp-on--pointerleave=\"actions.cancelPreload\" data-wp-on-window--resize=\"callbacks.setButtonStyles\" src=\"https:\/\/loudavymkrokem.cz\/wp-content\/uploads\/2026\/08\/articles-bonigen-10.jpg\" alt=\"Historischer Raddampfer L\u00f6tschberg\" class=\"wp-image-404478\" title=\"\" srcset=\"https:\/\/loudavymkrokem.cz\/wp-content\/uploads\/2026\/08\/articles-bonigen-10.jpg 1800w, https:\/\/loudavymkrokem.cz\/wp-content\/uploads\/2026\/08\/articles-bonigen-10-300x200.jpg 300w, https:\/\/loudavymkrokem.cz\/wp-content\/uploads\/2026\/08\/articles-bonigen-10-700x467.jpg 700w, https:\/\/loudavymkrokem.cz\/wp-content\/uploads\/2026\/08\/articles-bonigen-10-768x512.jpg 768w, https:\/\/loudavymkrokem.cz\/wp-content\/uploads\/2026\/08\/articles-bonigen-10-1536x1024.jpg 1536w, https:\/\/loudavymkrokem.cz\/wp-content\/uploads\/2026\/08\/articles-bonigen-10-696x464.jpg 696w, https:\/\/loudavymkrokem.cz\/wp-content\/uploads\/2026\/08\/articles-bonigen-10-1392x928.jpg 1392w\" sizes=\"(max-width: 1800px) 100vw, 1800px\" \/><button\n\t\t\tclass=\"lightbox-trigger\"\n\t\t\ttype=\"button\"\n\t\t\taria-haspopup=\"dialog\"\n\t\t\tdata-wp-bind--aria-label=\"state.thisImage.triggerButtonAriaLabel\"\n\t\t\tdata-wp-init=\"callbacks.initTriggerButton\"\n\t\t\tdata-wp-on--click=\"actions.showLightbox\"\n\t\t\tdata-wp-style--right=\"state.thisImage.buttonRight\"\n\t\t\tdata-wp-style--top=\"state.thisImage.buttonTop\"\n\t\t>\n\t\t\t<svg xmlns=\"http:\/\/www.w3.org\/2000\/svg\" width=\"12\" height=\"12\" fill=\"none\" viewBox=\"0 0 12 12\">\n\t\t\t\t<path fill=\"#fff\" d=\"M2 0a2 2 0 0 0-2 2v2h1.5V2a.5.5 0 0 1 .5-.5h2V0H2Zm2 10.5H2a.5.5 0 0 1-.5-.5V8H0v2a2 2 0 0 0 2 2h2v-1.5ZM8 12v-1.5h2a.5.5 0 0 0 .5-.5V8H12v2a2 2 0 0 1-2 2H8Zm2-12a2 2 0 0 1 2 2v2h-1.5V2a.5.5 0 0 0-.5-.5H8V0h2Z\" \/>\n\t\t\t<\/svg>\n\t\t<\/button><figcaption class=\"wp-element-caption\">Foto: Martin Abegglen from Bern, Switzerland \/ Wikimedia Commons, CC BY-SA 2.0<\/figcaption><\/figure>\n\n\n\n<h3 class=\"wp-block-heading\"><span class=\"ez-toc-section\" id=\"6_Fahrt_mit_dem_historischen_Dampfer_Loetschberg\"><\/span>6. Fahrt mit dem historischen Dampfer L\u00f6tschberg<span class=\"ez-toc-section-end\"><\/span><\/h3>\n\n\n\n<p class=\"wp-block-paragraph\">Wenn du Komfort der k\u00f6rperlichen Anstrengung vorziehst, musst du mit dem Schiff fahren. Auf dem See verkehrt die Flotte der BLS, deren gr\u00f6\u00dfter Stolz der <strong>Raddampfer DS L\u00f6tschberg von 1914<\/strong> ist. Eine Fahrt auf diesem wundersch\u00f6n restaurierten Schiff versetzt dich sofort in die Zeit der sorglosen Belle \u00c9poque.<\/p>\n\n\n\n<p class=\"wp-block-paragraph\">Die Flotte kreuzt 2026 von Anfang April bis Anfang Dezember \u00fcber den See. Die \u00fcbliche Route f\u00fchrt von Interlaken \u00fcber B\u00f6nigen, Iseltwald und Giessbach bis in die Stadt Brienz. <strong>Das Basisticket kostet 39 CHF<\/strong>, aber wenn du einen Bernese Oberland Pass oder Swiss Travel Pass besitzt, ist die Fahrt v\u00f6llig kostenlos. Kinder von 6 bis 15 Jahren fahren zum halben Preis.<\/p>\n\n\n\n<p class=\"wp-block-paragraph\">Neben den normalen Tagesverbindungen finden im Juli und August auch <strong>spezielle Samstagabend-Fahrten<\/strong> statt. Den Sonnenuntergang vom Deck eines historischen Dampfers zu beobachten, w\u00e4hrend dramatische Bergw\u00e4nde an dir vorbeiziehen \u2013 das ist das romantischste Erlebnis, das du dir hier g\u00f6nnen kannst.<\/p>\n\n\n\n<p class=\"wp-block-paragraph\">\ud83d\udca1 Tipp: <strong>Fahrpl\u00e4ne und Ticketkauf<\/strong> regelst du vorab auf dem Portal von <a href=\"https:\/\/www.bls-schiff.ch\" target=\"_blank\" rel=\"nofollow noopener\">BLS Schiff<\/a>. Ich empfehle dir, <strong>schon in Interlaken an Bord zu gehen<\/strong>, damit du sicher die besten Pl\u00e4tze auf dem Oberdeck ergatterst, bevor das Schiff B\u00f6nigen erreicht.<\/p>\n\n\n\n<figure data-wp-context=\"{&quot;imageId&quot;:&quot;6a9655692fe8f&quot;}\" data-wp-interactive=\"core\/image\" data-wp-key=\"6a9655692fe8f\" class=\"wp-block-image size-full wp-lightbox-container\"><img decoding=\"async\" width=\"1800\" height=\"1013\" data-wp-class--hide=\"state.isContentHidden\" data-wp-class--show=\"state.isContentVisible\" data-wp-init=\"callbacks.setButtonStyles\" data-wp-on--click=\"actions.showLightbox\" data-wp-on--load=\"callbacks.setButtonStyles\" data-wp-on--pointerdown=\"actions.preloadImage\" data-wp-on--pointerenter=\"actions.preloadImageWithDelay\" data-wp-on--pointerleave=\"actions.cancelPreload\" data-wp-on-window--resize=\"callbacks.setButtonStyles\" src=\"https:\/\/loudavymkrokem.cz\/wp-content\/uploads\/2026\/08\/articles-bonigen-11.jpg\" alt=\"Markierter Wanderweg \u00fcber dem See\" class=\"wp-image-404479\" title=\"\" srcset=\"https:\/\/loudavymkrokem.cz\/wp-content\/uploads\/2026\/08\/articles-bonigen-11.jpg 1800w, https:\/\/loudavymkrokem.cz\/wp-content\/uploads\/2026\/08\/articles-bonigen-11-300x169.jpg 300w, https:\/\/loudavymkrokem.cz\/wp-content\/uploads\/2026\/08\/articles-bonigen-11-700x394.jpg 700w, https:\/\/loudavymkrokem.cz\/wp-content\/uploads\/2026\/08\/articles-bonigen-11-768x432.jpg 768w, https:\/\/loudavymkrokem.cz\/wp-content\/uploads\/2026\/08\/articles-bonigen-11-1536x864.jpg 1536w, https:\/\/loudavymkrokem.cz\/wp-content\/uploads\/2026\/08\/articles-bonigen-11-696x392.jpg 696w, https:\/\/loudavymkrokem.cz\/wp-content\/uploads\/2026\/08\/articles-bonigen-11-1392x783.jpg 1392w\" sizes=\"(max-width: 1800px) 100vw, 1800px\" \/><button\n\t\t\tclass=\"lightbox-trigger\"\n\t\t\ttype=\"button\"\n\t\t\taria-haspopup=\"dialog\"\n\t\t\tdata-wp-bind--aria-label=\"state.thisImage.triggerButtonAriaLabel\"\n\t\t\tdata-wp-init=\"callbacks.initTriggerButton\"\n\t\t\tdata-wp-on--click=\"actions.showLightbox\"\n\t\t\tdata-wp-style--right=\"state.thisImage.buttonRight\"\n\t\t\tdata-wp-style--top=\"state.thisImage.buttonTop\"\n\t\t>\n\t\t\t<svg xmlns=\"http:\/\/www.w3.org\/2000\/svg\" width=\"12\" height=\"12\" fill=\"none\" viewBox=\"0 0 12 12\">\n\t\t\t\t<path fill=\"#fff\" d=\"M2 0a2 2 0 0 0-2 2v2h1.5V2a.5.5 0 0 1 .5-.5h2V0H2Zm2 10.5H2a.5.5 0 0 1-.5-.5V8H0v2a2 2 0 0 0 2 2h2v-1.5ZM8 12v-1.5h2a.5.5 0 0 0 .5-.5V8H12v2a2 2 0 0 1-2 2H8Zm2-12a2 2 0 0 1 2 2v2h-1.5V2a.5.5 0 0 0-.5-.5H8V0h2Z\" \/>\n\t\t\t<\/svg>\n\t\t<\/button><figcaption class=\"wp-element-caption\">Foto: Tina P. \/ Pexels<\/figcaption><\/figure>\n\n\n\n<h2 class=\"wp-block-heading\"><span class=\"ez-toc-section\" id=\"Wandern_in_Boenigen_6_Routen_die_sich_lohnen\"><\/span>Wandern in B\u00f6nigen: 6 Routen, die sich lohnen<span class=\"ez-toc-section-end\"><\/span><\/h2>\n\n\n\n<p class=\"wp-block-paragraph\">Wenn du zu denen geh\u00f6rst, die ihren Ausflug gern direkt vom Hotel aus loswandern, ohne irgendwo hinfahren zu m\u00fcssen, ist B\u00f6nigen dein Ort. Dutzende Kilometer <strong>perfekt markierter Wege<\/strong> beginnen gleich vor deiner Haust\u00fcr. Die Region bietet alles \u2013 von gem\u00fctlichen Uferspazierg\u00e4ngen bis zu <strong>Ganztages-Aufstiegen mit brutalen H\u00f6henmetern<\/strong>.<\/p>\n\n\n\n<p class=\"wp-block-paragraph\">Die Schweizer Wegmarkierung ist pr\u00e4zise, aber vergiss nicht, dass du in den Alpen bist. Nimm immer <strong>genug Wasser<\/strong>, eine gute Karte auf dem Handy (zum Beispiel die App Komoot) und <strong>festes Schuhwerk<\/strong> mit. Das Wetter zeigt hier sehr unerwartet seine raue Seite.<\/p>\n\n\n\n<figure data-wp-context=\"{&quot;imageId&quot;:&quot;6a965569305b3&quot;}\" data-wp-interactive=\"core\/image\" data-wp-key=\"6a965569305b3\" class=\"wp-block-image size-full wp-lightbox-container\"><img decoding=\"async\" width=\"1800\" height=\"1200\" data-wp-class--hide=\"state.isContentHidden\" data-wp-class--show=\"state.isContentVisible\" data-wp-init=\"callbacks.setButtonStyles\" data-wp-on--click=\"actions.showLightbox\" data-wp-on--load=\"callbacks.setButtonStyles\" data-wp-on--pointerdown=\"actions.preloadImage\" data-wp-on--pointerenter=\"actions.preloadImageWithDelay\" data-wp-on--pointerleave=\"actions.cancelPreload\" data-wp-on-window--resize=\"callbacks.setButtonStyles\" src=\"https:\/\/loudavymkrokem.cz\/wp-content\/uploads\/2026\/08\/articles-bonigen-12.jpg\" alt=\"Wasserfall, der zum Brienzersee hinabst\u00fcrzt\" class=\"wp-image-404480\" title=\"\" srcset=\"https:\/\/loudavymkrokem.cz\/wp-content\/uploads\/2026\/08\/articles-bonigen-12.jpg 1800w, https:\/\/loudavymkrokem.cz\/wp-content\/uploads\/2026\/08\/articles-bonigen-12-300x200.jpg 300w, https:\/\/loudavymkrokem.cz\/wp-content\/uploads\/2026\/08\/articles-bonigen-12-700x467.jpg 700w, https:\/\/loudavymkrokem.cz\/wp-content\/uploads\/2026\/08\/articles-bonigen-12-768x512.jpg 768w, https:\/\/loudavymkrokem.cz\/wp-content\/uploads\/2026\/08\/articles-bonigen-12-1536x1024.jpg 1536w, https:\/\/loudavymkrokem.cz\/wp-content\/uploads\/2026\/08\/articles-bonigen-12-696x464.jpg 696w, https:\/\/loudavymkrokem.cz\/wp-content\/uploads\/2026\/08\/articles-bonigen-12-1392x928.jpg 1392w\" sizes=\"(max-width: 1800px) 100vw, 1800px\" \/><button\n\t\t\tclass=\"lightbox-trigger\"\n\t\t\ttype=\"button\"\n\t\t\taria-haspopup=\"dialog\"\n\t\t\tdata-wp-bind--aria-label=\"state.thisImage.triggerButtonAriaLabel\"\n\t\t\tdata-wp-init=\"callbacks.initTriggerButton\"\n\t\t\tdata-wp-on--click=\"actions.showLightbox\"\n\t\t\tdata-wp-style--right=\"state.thisImage.buttonRight\"\n\t\t\tdata-wp-style--top=\"state.thisImage.buttonTop\"\n\t\t>\n\t\t\t<svg xmlns=\"http:\/\/www.w3.org\/2000\/svg\" width=\"12\" height=\"12\" fill=\"none\" viewBox=\"0 0 12 12\">\n\t\t\t\t<path fill=\"#fff\" d=\"M2 0a2 2 0 0 0-2 2v2h1.5V2a.5.5 0 0 1 .5-.5h2V0H2Zm2 10.5H2a.5.5 0 0 1-.5-.5V8H0v2a2 2 0 0 0 2 2h2v-1.5ZM8 12v-1.5h2a.5.5 0 0 0 .5-.5V8H12v2a2 2 0 0 1-2 2H8Zm2-12a2 2 0 0 1 2 2v2h-1.5V2a.5.5 0 0 0-.5-.5H8V0h2Z\" \/>\n\t\t\t<\/svg>\n\t\t<\/button><figcaption class=\"wp-element-caption\">Foto: Tommes Frites \/ Pexels<\/figcaption><\/figure>\n\n\n\n<h3 class=\"wp-block-heading\"><span class=\"ez-toc-section\" id=\"7_Der_Drei-Wasserfaelle-Weg_in_Etappen\"><\/span>7. Der Drei-Wasserf\u00e4lle-Weg in Etappen<span class=\"ez-toc-section-end\"><\/span><\/h3>\n\n\n\n<p class=\"wp-block-paragraph\">Das ist eindeutig die <strong>ber\u00fchmteste Route der ganzen Region<\/strong>, die direkt am Ufer des Brienzersees von B\u00f6nigen \u00fcber Iseltwald bis nach Brienz f\u00fchrt. Unterwegs erwarten dich <strong>drei atemberaubende Wasserf\u00e4lle<\/strong>: der Erschwandenbachfall, der M\u00fclibachfall und schlie\u00dflich die bekanntesten, die Giessbachf\u00e4lle.<\/p>\n\n\n\n<p class=\"wp-block-paragraph\">Die Eckdaten der Route fl\u00f6\u00dfen Respekt ein. Sie ist <strong>18,2 Kilometer lang mit 466 H\u00f6henmetern<\/strong> und nimmt dich etwa 5 Stunden und 15 Minuten reine Gehzeit in Anspruch. Der Weg schaukelt entlang des Ufers zwischen 565 und 775 Metern hinauf und hinunter und bietet fantastische Ausblicke auf die t\u00fcrkise Wasserfl\u00e4che durch dichte W\u00e4lder.<\/p>\n\n\n\n<p class=\"wp-block-paragraph\">Genial an diesem Weg ist, dass er sich <strong>leicht in kleinere Etappen aufteilen l\u00e4sst<\/strong>: von B\u00f6nigen nach Iseltwald 1 Stunde 50 Minuten, zum M\u00fclibach-Wasserfall weitere 35 Minuten, von dort zum Giessbach knapp 2 Stunden und nach Brienz die letzte Stunde und 20 Minuten. Der beste Trick ist, zu Fu\u00df loszugehen, den ersten oder zweiten Wasserfall zu erreichen und dann in Schiff oder Bus zur\u00fcckzuspringen.<\/p>\n\n\n\n<p class=\"wp-block-paragraph\">\ud83d\udca1 Tipp: Wenn du einen idealen Halbtagesausflug suchst, probiere die <strong>erste Etappe vom Schiffsanleger in B\u00f6nigen zum Erschwandenbach-Wasserfall und weiter nach Iseltwald<\/strong>. Hinter Iseltwald aber aufgepasst: <strong>Hier fehlt die Markierung Richtung \u201eIsch&#8220;<\/strong>, und es ist leicht, die letzten zwei Wasserf\u00e4lle zu verpassen.<\/p>\n\n\n\n<figure data-wp-context=\"{&quot;imageId&quot;:&quot;6a96556930d81&quot;}\" data-wp-interactive=\"core\/image\" data-wp-key=\"6a96556930d81\" class=\"wp-block-image size-full wp-lightbox-container\"><img decoding=\"async\" width=\"1800\" height=\"1350\" data-wp-class--hide=\"state.isContentHidden\" data-wp-class--show=\"state.isContentVisible\" data-wp-init=\"callbacks.setButtonStyles\" data-wp-on--click=\"actions.showLightbox\" data-wp-on--load=\"callbacks.setButtonStyles\" data-wp-on--pointerdown=\"actions.preloadImage\" data-wp-on--pointerenter=\"actions.preloadImageWithDelay\" data-wp-on--pointerleave=\"actions.cancelPreload\" data-wp-on-window--resize=\"callbacks.setButtonStyles\" src=\"https:\/\/loudavymkrokem.cz\/wp-content\/uploads\/2026\/08\/articles-bonigen-13.jpg\" alt=\"Blick auf B\u00f6nigen und den See von den umliegenden H\u00fcgeln\" class=\"wp-image-404482\" title=\"\" srcset=\"https:\/\/loudavymkrokem.cz\/wp-content\/uploads\/2026\/08\/articles-bonigen-13.jpg 1800w, https:\/\/loudavymkrokem.cz\/wp-content\/uploads\/2026\/08\/articles-bonigen-13-300x225.jpg 300w, https:\/\/loudavymkrokem.cz\/wp-content\/uploads\/2026\/08\/articles-bonigen-13-700x525.jpg 700w, https:\/\/loudavymkrokem.cz\/wp-content\/uploads\/2026\/08\/articles-bonigen-13-768x576.jpg 768w, https:\/\/loudavymkrokem.cz\/wp-content\/uploads\/2026\/08\/articles-bonigen-13-1536x1152.jpg 1536w, https:\/\/loudavymkrokem.cz\/wp-content\/uploads\/2026\/08\/articles-bonigen-13-80x60.jpg 80w, https:\/\/loudavymkrokem.cz\/wp-content\/uploads\/2026\/08\/articles-bonigen-13-160x120.jpg 160w, https:\/\/loudavymkrokem.cz\/wp-content\/uploads\/2026\/08\/articles-bonigen-13-696x522.jpg 696w, https:\/\/loudavymkrokem.cz\/wp-content\/uploads\/2026\/08\/articles-bonigen-13-1392x1044.jpg 1392w\" sizes=\"(max-width: 1800px) 100vw, 1800px\" \/><button\n\t\t\tclass=\"lightbox-trigger\"\n\t\t\ttype=\"button\"\n\t\t\taria-haspopup=\"dialog\"\n\t\t\tdata-wp-bind--aria-label=\"state.thisImage.triggerButtonAriaLabel\"\n\t\t\tdata-wp-init=\"callbacks.initTriggerButton\"\n\t\t\tdata-wp-on--click=\"actions.showLightbox\"\n\t\t\tdata-wp-style--right=\"state.thisImage.buttonRight\"\n\t\t\tdata-wp-style--top=\"state.thisImage.buttonTop\"\n\t\t>\n\t\t\t<svg xmlns=\"http:\/\/www.w3.org\/2000\/svg\" width=\"12\" height=\"12\" fill=\"none\" viewBox=\"0 0 12 12\">\n\t\t\t\t<path fill=\"#fff\" d=\"M2 0a2 2 0 0 0-2 2v2h1.5V2a.5.5 0 0 1 .5-.5h2V0H2Zm2 10.5H2a.5.5 0 0 1-.5-.5V8H0v2a2 2 0 0 0 2 2h2v-1.5ZM8 12v-1.5h2a.5.5 0 0 0 .5-.5V8H12v2a2 2 0 0 1-2 2H8Zm2-12a2 2 0 0 1 2 2v2h-1.5V2a.5.5 0 0 0-.5-.5H8V0h2Z\" \/>\n\t\t\t<\/svg>\n\t\t<\/button><figcaption class=\"wp-element-caption\">Foto: Diacius \/ Wikimedia Commons, CC BY 4.0<\/figcaption><\/figure>\n\n\n\n<h3 class=\"wp-block-heading\"><span class=\"ez-toc-section\" id=\"8_Rundtour_auf_den_Sytiberg_55_km_auch_mit_Gelaendekinderwagen\"><\/span>8. Rundtour auf den Sytiberg: 5,5 km auch mit Gel\u00e4ndekinderwagen<span class=\"ez-toc-section-end\"><\/span><\/h3>\n\n\n\n<p class=\"wp-block-paragraph\">Wenn du dem Wasser h\u00f6her in die Berge entkommen willst und keine Lust auf eine weite Anreise hast, probiere diese <strong>lokale Rundtour (Rundwanderung Sytiberg)<\/strong>. Sie startet <strong>direkt am Tourismusb\u00fcro<\/strong> und f\u00fchrt dich durch den oberen Teil des Dorfes, wo du nebenbei weitere historische H\u00e4user bestaunst.<\/p>\n\n\n\n<p class=\"wp-block-paragraph\">Laut offiziellen Daten der Region ist die Runde <strong>5,5 Kilometer lang, dauert anderthalb Stunden und du steigst 146 H\u00f6henmeter auf<\/strong>. Der h\u00f6chste Punkt liegt auf 712 Metern, es handelt sich also um kein Hochgebirgsgel\u00e4nde. Der Weg zieht sich durch dichten Wald und \u00fcber fotogene Bergwiesen.<\/p>\n\n\n\n<p class=\"wp-block-paragraph\">Unterwegs kommst du an der <strong>Grillstelle Oberallmi mit Aussicht<\/strong> vorbei und \u00fcberquerst die gedeckte Holzbr\u00fccke Aenderbergbr\u00fcgg, einen der fotogensten Orte der Umgebung. Zur\u00fcck gehst du entlang der L\u00fctschine. Das ist eine <strong>perfekte Route f\u00fcr den Vormittag<\/strong>, wenn du nicht den ganzen Tag auf den Beinen sein willst.<\/p>\n\n\n\n<p class=\"wp-block-paragraph\">\ud83d\udca1 Tipp: Das ist die <strong>einzige B\u00f6nigen-Route, die offiziell als mit Gel\u00e4ndekinderwagen befahrbar gilt<\/strong>, also die klare Wahl, wenn du die Kleinsten dabeihast. Der Waldboden ist nach Regen rutschig, zieh lieber Wanderschuhe mit fester Sohle an.<\/p>\n\n\n\n<figure data-wp-context=\"{&quot;imageId&quot;:&quot;6a96556931730&quot;}\" data-wp-interactive=\"core\/image\" data-wp-key=\"6a96556931730\" class=\"wp-block-image size-full wp-lightbox-container\"><img decoding=\"async\" width=\"1800\" height=\"1013\" data-wp-class--hide=\"state.isContentHidden\" data-wp-class--show=\"state.isContentVisible\" data-wp-init=\"callbacks.setButtonStyles\" data-wp-on--click=\"actions.showLightbox\" data-wp-on--load=\"callbacks.setButtonStyles\" data-wp-on--pointerdown=\"actions.preloadImage\" data-wp-on--pointerenter=\"actions.preloadImageWithDelay\" data-wp-on--pointerleave=\"actions.cancelPreload\" data-wp-on-window--resize=\"callbacks.setButtonStyles\" src=\"https:\/\/loudavymkrokem.cz\/wp-content\/uploads\/2026\/08\/articles-bonigen-14.jpg\" alt=\"Panoramablick vom Gipfel \u00fcber dem See\" class=\"wp-image-404484\" title=\"\" srcset=\"https:\/\/loudavymkrokem.cz\/wp-content\/uploads\/2026\/08\/articles-bonigen-14.jpg 1800w, https:\/\/loudavymkrokem.cz\/wp-content\/uploads\/2026\/08\/articles-bonigen-14-300x169.jpg 300w, https:\/\/loudavymkrokem.cz\/wp-content\/uploads\/2026\/08\/articles-bonigen-14-700x394.jpg 700w, https:\/\/loudavymkrokem.cz\/wp-content\/uploads\/2026\/08\/articles-bonigen-14-768x432.jpg 768w, https:\/\/loudavymkrokem.cz\/wp-content\/uploads\/2026\/08\/articles-bonigen-14-1536x864.jpg 1536w, https:\/\/loudavymkrokem.cz\/wp-content\/uploads\/2026\/08\/articles-bonigen-14-696x392.jpg 696w, https:\/\/loudavymkrokem.cz\/wp-content\/uploads\/2026\/08\/articles-bonigen-14-1392x783.jpg 1392w\" sizes=\"(max-width: 1800px) 100vw, 1800px\" \/><button\n\t\t\tclass=\"lightbox-trigger\"\n\t\t\ttype=\"button\"\n\t\t\taria-haspopup=\"dialog\"\n\t\t\tdata-wp-bind--aria-label=\"state.thisImage.triggerButtonAriaLabel\"\n\t\t\tdata-wp-init=\"callbacks.initTriggerButton\"\n\t\t\tdata-wp-on--click=\"actions.showLightbox\"\n\t\t\tdata-wp-style--right=\"state.thisImage.buttonRight\"\n\t\t\tdata-wp-style--top=\"state.thisImage.buttonTop\"\n\t\t>\n\t\t\t<svg xmlns=\"http:\/\/www.w3.org\/2000\/svg\" width=\"12\" height=\"12\" fill=\"none\" viewBox=\"0 0 12 12\">\n\t\t\t\t<path fill=\"#fff\" d=\"M2 0a2 2 0 0 0-2 2v2h1.5V2a.5.5 0 0 1 .5-.5h2V0H2Zm2 10.5H2a.5.5 0 0 1-.5-.5V8H0v2a2 2 0 0 0 2 2h2v-1.5ZM8 12v-1.5h2a.5.5 0 0 0 .5-.5V8H12v2a2 2 0 0 1-2 2H8Zm2-12a2 2 0 0 1 2 2v2h-1.5V2a.5.5 0 0 0-.5-.5H8V0h2Z\" \/>\n\t\t\t<\/svg>\n\t\t<\/button><figcaption class=\"wp-element-caption\">Foto: Sam Teano \/ Pexels<\/figcaption><\/figure>\n\n\n\n<h3 class=\"wp-block-heading\"><span class=\"ez-toc-section\" id=\"9_Rundtour_Haslerenegg_854_m_mit_Gipfelbuch\"><\/span>9. Rundtour Haslerenegg (854 m) mit Gipfelbuch<span class=\"ez-toc-section-end\"><\/span><\/h3>\n\n\n\n<p class=\"wp-block-paragraph\">Eine weitere prima Rundtour beginnt wieder am Tourismusb\u00fcro und f\u00fchrt \u00fcber die Weiler Ried und Stockeren bis in den geheimnisvollen Bannwald. Ziel ist der <strong>bewaldete Grat Haslerenegg auf 854 Metern H\u00f6he<\/strong>. Die Route ist <strong>6 Kilometer lang, du steigst 287 H\u00f6henmeter auf, und sie nimmt dich zwei Stunden in Anspruch<\/strong>.<\/p>\n\n\n\n<p class=\"wp-block-paragraph\">Der H\u00fcgel birgt auch ein St\u00fcck raue Geschichte. In den <strong>1330er Jahren<\/strong> stie\u00dfen hier die Hasler Bergbewohner mit dem Heer der Herren von Weissenburg-Unspunnen zusammen und verloren den Kampf. Auf die Gr\u00e4ber der Gefallenen weist noch heute der Flurname \u201ein den Grebinen&#8220;, und 1924 fand man hier einen eisernen Speer. Heute herrscht hier Ruhe, und auf dem Grat findest du ein <strong>Gipfelbuch<\/strong>, in das du dich eintragen kannst.<\/p>\n\n\n\n<p class=\"wp-block-paragraph\">Der R\u00fcckweg f\u00fchrt dich \u00fcber den Sytiberg und an der Grillstelle Oberallmi vorbei zur\u00fcck zum See. Die Route kombiniert <strong>schattige Waldpfade<\/strong> mit sonnigen Abschnitten und ist einer jener Wege, wo du <strong>statt Touristenmassen<\/strong> nur Einheimische beim sonnt\u00e4glichen Spaziergang mit dem Hund triffst.<\/p>\n\n\n\n<p class=\"wp-block-paragraph\">\ud83d\udca1 Tipp: Nimm einen eigenen Stift mit, um im Gipfelbuch einen Gru\u00df auf Deutsch zu hinterlassen. Und nimm die <strong>offizielle Warnung ernst, hier nicht bei Regen oder gefrorenem Boden hinaufzugehen<\/strong> \u2013 der Aufstieg zum Grat ist steil, und ein Viertel der Route f\u00fchrt \u00fcber einen schmalen Pfad.<\/p>\n\n\n\n<figure data-wp-context=\"{&quot;imageId&quot;:&quot;6a96556931f7d&quot;}\" data-wp-interactive=\"core\/image\" data-wp-key=\"6a96556931f7d\" class=\"wp-block-image size-full wp-lightbox-container\"><img decoding=\"async\" width=\"1800\" height=\"1200\" data-wp-class--hide=\"state.isContentHidden\" data-wp-class--show=\"state.isContentVisible\" data-wp-init=\"callbacks.setButtonStyles\" data-wp-on--click=\"actions.showLightbox\" data-wp-on--load=\"callbacks.setButtonStyles\" data-wp-on--pointerdown=\"actions.preloadImage\" data-wp-on--pointerenter=\"actions.preloadImageWithDelay\" data-wp-on--pointerleave=\"actions.cancelPreload\" data-wp-on-window--resize=\"callbacks.setButtonStyles\" src=\"https:\/\/loudavymkrokem.cz\/wp-content\/uploads\/2026\/08\/articles-bonigen-15.jpg\" alt=\"Im Wald \u00fcber B\u00f6nigen versteckter Wasserfall\" class=\"wp-image-404489\" title=\"\" srcset=\"https:\/\/loudavymkrokem.cz\/wp-content\/uploads\/2026\/08\/articles-bonigen-15.jpg 1800w, https:\/\/loudavymkrokem.cz\/wp-content\/uploads\/2026\/08\/articles-bonigen-15-300x200.jpg 300w, https:\/\/loudavymkrokem.cz\/wp-content\/uploads\/2026\/08\/articles-bonigen-15-700x467.jpg 700w, https:\/\/loudavymkrokem.cz\/wp-content\/uploads\/2026\/08\/articles-bonigen-15-768x512.jpg 768w, https:\/\/loudavymkrokem.cz\/wp-content\/uploads\/2026\/08\/articles-bonigen-15-1536x1024.jpg 1536w, https:\/\/loudavymkrokem.cz\/wp-content\/uploads\/2026\/08\/articles-bonigen-15-696x464.jpg 696w, https:\/\/loudavymkrokem.cz\/wp-content\/uploads\/2026\/08\/articles-bonigen-15-1392x928.jpg 1392w\" sizes=\"(max-width: 1800px) 100vw, 1800px\" \/><button\n\t\t\tclass=\"lightbox-trigger\"\n\t\t\ttype=\"button\"\n\t\t\taria-haspopup=\"dialog\"\n\t\t\tdata-wp-bind--aria-label=\"state.thisImage.triggerButtonAriaLabel\"\n\t\t\tdata-wp-init=\"callbacks.initTriggerButton\"\n\t\t\tdata-wp-on--click=\"actions.showLightbox\"\n\t\t\tdata-wp-style--right=\"state.thisImage.buttonRight\"\n\t\t\tdata-wp-style--top=\"state.thisImage.buttonTop\"\n\t\t>\n\t\t\t<svg xmlns=\"http:\/\/www.w3.org\/2000\/svg\" width=\"12\" height=\"12\" fill=\"none\" viewBox=\"0 0 12 12\">\n\t\t\t\t<path fill=\"#fff\" d=\"M2 0a2 2 0 0 0-2 2v2h1.5V2a.5.5 0 0 1 .5-.5h2V0H2Zm2 10.5H2a.5.5 0 0 1-.5-.5V8H0v2a2 2 0 0 0 2 2h2v-1.5ZM8 12v-1.5h2a.5.5 0 0 0 .5-.5V8H12v2a2 2 0 0 1-2 2H8Zm2-12a2 2 0 0 1 2 2v2h-1.5V2a.5.5 0 0 0-.5-.5H8V0h2Z\" \/>\n\t\t\t<\/svg>\n\t\t<\/button><figcaption class=\"wp-element-caption\">Foto: Fez Brook \/ Pexels<\/figcaption><\/figure>\n\n\n\n<h3 class=\"wp-block-heading\"><span class=\"ez-toc-section\" id=\"10_Rundtour_zum_Erschwandenbach-Wasserfall\"><\/span>10. Rundtour zum Erschwandenbach-Wasserfall<span class=\"ez-toc-section-end\"><\/span><\/h3>\n\n\n\n<p class=\"wp-block-paragraph\">Wenn du dich nicht auf den ganzen Drei-Wasserf\u00e4lle-Weg machen willst, kannst du eine sch\u00f6ne geschlossene Runde nur zum ersten von ihnen drehen. Die offizielle <strong>Rundwanderung Erschwandenfall ist 8,7 Kilometer lang und nimmt etwa 2 Stunden und 35 Minuten<\/strong> normalen Gehens in Anspruch.<\/p>\n\n\n\n<p class=\"wp-block-paragraph\">Unterwegs steigst du nur <strong>211 H\u00f6henmeter auf, und offiziell gilt die Route als leicht<\/strong>, du musst sie also auch mit gr\u00f6\u00dferen Kindern nicht f\u00fcrchten. Der Erschwandenbach-Wasserfall ist wunderbar tief im Wald versteckt, und das Wasser f\u00e4llt hier \u00fcber Fels\u00fcberh\u00e4nge. An einem hei\u00dfen Sommertag funktioniert die Umgebung des Wasserfalls als perfekte nat\u00fcrliche Klimaanlage.<\/p>\n\n\n\n<p class=\"wp-block-paragraph\">Diese Runde ist toll, weil sie dich durch <strong>verschiedene Landschaftstypen<\/strong> f\u00fchrt. Eine Weile gehst du am Ufer, dann beginnst du in die H\u00fcgel zu steigen, und schlie\u00dflich kehrst du auf Waldwegen zur\u00fcck, mit <strong>Ausblicken auf den Gletschersee<\/strong> in der Tiefe unter dir. Unterwegs kommst du an einem Bauernhof mit kleinem L\u00e4dchen vorbei, sonst kaufst du auf der Route nichts.<\/p>\n\n\n\n<p class=\"wp-block-paragraph\">\ud83d\udca1 Tipp: Zum Wasserfall selbst steigt man \u00fcber einen <strong>schmalen Waldpfad<\/strong>, deshalb sind <strong>Trekkingst\u00f6cke praktisch<\/strong>, die deine Knie beim Abstieg zur\u00fcck ins Dorf entlasten.<\/p>\n\n\n\n<figure data-wp-context=\"{&quot;imageId&quot;:&quot;6a965569328d5&quot;}\" data-wp-interactive=\"core\/image\" data-wp-key=\"6a965569328d5\" class=\"wp-block-image size-full wp-lightbox-container\"><img decoding=\"async\" width=\"1800\" height=\"1199\" data-wp-class--hide=\"state.isContentHidden\" data-wp-class--show=\"state.isContentVisible\" data-wp-init=\"callbacks.setButtonStyles\" data-wp-on--click=\"actions.showLightbox\" data-wp-on--load=\"callbacks.setButtonStyles\" data-wp-on--pointerdown=\"actions.preloadImage\" data-wp-on--pointerenter=\"actions.preloadImageWithDelay\" data-wp-on--pointerleave=\"actions.cancelPreload\" data-wp-on-window--resize=\"callbacks.setButtonStyles\" src=\"https:\/\/loudavymkrokem.cz\/wp-content\/uploads\/2026\/08\/articles-bonigen-16.jpg\" alt=\"Uferweg bei Iseltwald\" class=\"wp-image-404490\" title=\"\" srcset=\"https:\/\/loudavymkrokem.cz\/wp-content\/uploads\/2026\/08\/articles-bonigen-16.jpg 1800w, https:\/\/loudavymkrokem.cz\/wp-content\/uploads\/2026\/08\/articles-bonigen-16-300x200.jpg 300w, https:\/\/loudavymkrokem.cz\/wp-content\/uploads\/2026\/08\/articles-bonigen-16-700x466.jpg 700w, https:\/\/loudavymkrokem.cz\/wp-content\/uploads\/2026\/08\/articles-bonigen-16-768x512.jpg 768w, https:\/\/loudavymkrokem.cz\/wp-content\/uploads\/2026\/08\/articles-bonigen-16-1536x1023.jpg 1536w, https:\/\/loudavymkrokem.cz\/wp-content\/uploads\/2026\/08\/articles-bonigen-16-696x464.jpg 696w, https:\/\/loudavymkrokem.cz\/wp-content\/uploads\/2026\/08\/articles-bonigen-16-1392x927.jpg 1392w\" sizes=\"(max-width: 1800px) 100vw, 1800px\" \/><button\n\t\t\tclass=\"lightbox-trigger\"\n\t\t\ttype=\"button\"\n\t\t\taria-haspopup=\"dialog\"\n\t\t\tdata-wp-bind--aria-label=\"state.thisImage.triggerButtonAriaLabel\"\n\t\t\tdata-wp-init=\"callbacks.initTriggerButton\"\n\t\t\tdata-wp-on--click=\"actions.showLightbox\"\n\t\t\tdata-wp-style--right=\"state.thisImage.buttonRight\"\n\t\t\tdata-wp-style--top=\"state.thisImage.buttonTop\"\n\t\t>\n\t\t\t<svg xmlns=\"http:\/\/www.w3.org\/2000\/svg\" width=\"12\" height=\"12\" fill=\"none\" viewBox=\"0 0 12 12\">\n\t\t\t\t<path fill=\"#fff\" d=\"M2 0a2 2 0 0 0-2 2v2h1.5V2a.5.5 0 0 1 .5-.5h2V0H2Zm2 10.5H2a.5.5 0 0 1-.5-.5V8H0v2a2 2 0 0 0 2 2h2v-1.5ZM8 12v-1.5h2a.5.5 0 0 0 .5-.5V8H12v2a2 2 0 0 1-2 2H8Zm2-12a2 2 0 0 1 2 2v2h-1.5V2a.5.5 0 0 0-.5-.5H8V0h2Z\" \/>\n\t\t\t<\/svg>\n\t\t<\/button><figcaption class=\"wp-element-caption\">Foto: Jean-Paul Wettstein \/ Pexels<\/figcaption><\/figure>\n\n\n\n<h3 class=\"wp-block-heading\"><span class=\"ez-toc-section\" id=\"11_Der_Uferweg_von_Iseltwald_zum_Giessbach\"><\/span>11. Der Uferweg von Iseltwald zum Giessbach<span class=\"ez-toc-section-end\"><\/span><\/h3>\n\n\n\n<p class=\"wp-block-paragraph\">Diese Route beginnt zwar nicht direkt in B\u00f6nigen, ist aber einer der sch\u00f6nsten Spazierg\u00e4nge der ganzen Schweiz, den auszulassen eine S\u00fcnde w\u00e4re. Morgens steigst du einfach in den <strong>Bus 103 (den du mit der Guest Card gratis hast)<\/strong> oder aufs Schiff und l\u00e4sst dich ins benachbarte Iseltwald bringen, wo der Weg startet.<\/p>\n\n\n\n<p class=\"wp-block-paragraph\">Von dort f\u00fchrt der sogenannte <strong>Uferweg direkt entlang der felsigen K\u00fcste bis zu den Giessbachf\u00e4llen<\/strong>. <strong>Erwarte aber keine ebene Promenade<\/strong> \u2013 gleich im ersten Kilometer steigst du eineinhalb Hundert Meter auf, der Weg wird stellenweise schmal, und manche Abschnitte sind in den Fels gehauen. Belohnt wirst du mit romantischen Buchten, wo man sich im Sommer die F\u00fc\u00dfe abk\u00fchlen kann.<\/p>\n\n\n\n<p class=\"wp-block-paragraph\">Die Route ist <strong>rund 5,3 Kilometer lang und nimmt anderthalb Stunden<\/strong> in Anspruch, die Serpentinen bei den Wasserf\u00e4llen sind aber ordentlich steil, und ohne St\u00f6cke geht es unangenehm hinab. Unterwegs kaufst du nichts zu essen, nimm die Brotzeit mit. Belohnen kannst du dich dann mit einem Kaffee auf der Terrasse des historischen Hotels und mit dem Nachmittagsdampfer zur\u00fcck nach B\u00f6nigen fahren.<\/p>\n\n\n\n<p class=\"wp-block-paragraph\">\ud83d\udca1 Tipp: <strong>Der Weg ist \u00fcber den Winter wegen Steinschlags gesperrt<\/strong> und \u00f6ffnet in der Regel Ende M\u00e4rz \u2013 in der Saison 2026 ist er begehbar, aber pr\u00fcfe vor dem Ausflug lieber den aktuellen Stand auf der Website der Gemeinden Iseltwald oder Brienz. Und brich <strong>so fr\u00fch wie m\u00f6glich am Morgen auf<\/strong>, nachmittags ist es hier voll.<\/p>\n\n\n\n<figure data-wp-context=\"{&quot;imageId&quot;:&quot;6a96556933171&quot;}\" data-wp-interactive=\"core\/image\" data-wp-key=\"6a96556933171\" class=\"wp-block-image size-full wp-lightbox-container\"><img decoding=\"async\" width=\"1800\" height=\"1200\" data-wp-class--hide=\"state.isContentHidden\" data-wp-class--show=\"state.isContentVisible\" data-wp-init=\"callbacks.setButtonStyles\" data-wp-on--click=\"actions.showLightbox\" data-wp-on--load=\"callbacks.setButtonStyles\" data-wp-on--pointerdown=\"actions.preloadImage\" data-wp-on--pointerenter=\"actions.preloadImageWithDelay\" data-wp-on--pointerleave=\"actions.cancelPreload\" data-wp-on-window--resize=\"callbacks.setButtonStyles\" src=\"https:\/\/loudavymkrokem.cz\/wp-content\/uploads\/2026\/08\/articles-bonigen-17.jpg\" alt=\"Waldweg, der zum Harder Kulm hinaufsteigt\" class=\"wp-image-404495\" title=\"\" srcset=\"https:\/\/loudavymkrokem.cz\/wp-content\/uploads\/2026\/08\/articles-bonigen-17.jpg 1800w, https:\/\/loudavymkrokem.cz\/wp-content\/uploads\/2026\/08\/articles-bonigen-17-300x200.jpg 300w, https:\/\/loudavymkrokem.cz\/wp-content\/uploads\/2026\/08\/articles-bonigen-17-700x467.jpg 700w, https:\/\/loudavymkrokem.cz\/wp-content\/uploads\/2026\/08\/articles-bonigen-17-768x512.jpg 768w, https:\/\/loudavymkrokem.cz\/wp-content\/uploads\/2026\/08\/articles-bonigen-17-1536x1024.jpg 1536w, https:\/\/loudavymkrokem.cz\/wp-content\/uploads\/2026\/08\/articles-bonigen-17-696x464.jpg 696w, https:\/\/loudavymkrokem.cz\/wp-content\/uploads\/2026\/08\/articles-bonigen-17-1392x928.jpg 1392w\" sizes=\"(max-width: 1800px) 100vw, 1800px\" \/><button\n\t\t\tclass=\"lightbox-trigger\"\n\t\t\ttype=\"button\"\n\t\t\taria-haspopup=\"dialog\"\n\t\t\tdata-wp-bind--aria-label=\"state.thisImage.triggerButtonAriaLabel\"\n\t\t\tdata-wp-init=\"callbacks.initTriggerButton\"\n\t\t\tdata-wp-on--click=\"actions.showLightbox\"\n\t\t\tdata-wp-style--right=\"state.thisImage.buttonRight\"\n\t\t\tdata-wp-style--top=\"state.thisImage.buttonTop\"\n\t\t>\n\t\t\t<svg xmlns=\"http:\/\/www.w3.org\/2000\/svg\" width=\"12\" height=\"12\" fill=\"none\" viewBox=\"0 0 12 12\">\n\t\t\t\t<path fill=\"#fff\" d=\"M2 0a2 2 0 0 0-2 2v2h1.5V2a.5.5 0 0 1 .5-.5h2V0H2Zm2 10.5H2a.5.5 0 0 1-.5-.5V8H0v2a2 2 0 0 0 2 2h2v-1.5ZM8 12v-1.5h2a.5.5 0 0 0 .5-.5V8H12v2a2 2 0 0 1-2 2H8Zm2-12a2 2 0 0 1 2 2v2h-1.5V2a.5.5 0 0 0-.5-.5H8V0h2Z\" \/>\n\t\t\t<\/svg>\n\t\t<\/button><figcaption class=\"wp-element-caption\">Foto: \u041f\u0430\u0432\u0435\u043b \u0413\u0430\u0432\u0440\u0438\u043a\u043e\u0432 \/ Pexels<\/figcaption><\/figure>\n\n\n\n<h3 class=\"wp-block-heading\"><span class=\"ez-toc-section\" id=\"12_Wander-Herausforderung_Aufstieg_auf_den_Harder_Kulm\"><\/span>12. Wander-Herausforderung: Aufstieg auf den Harder Kulm<span class=\"ez-toc-section-end\"><\/span><\/h3>\n\n\n\n<p class=\"wp-block-paragraph\">Die meisten Touristen fahren bequem mit der Bahn auf den <strong>Aussichtspunkt Harder Kulm<\/strong>, aber f\u00fcr fitte Wanderer gibt es hier eine viel gr\u00f6\u00dfere Herausforderung. Von B\u00f6nigen aus kannst du dir den ganzen Weg bis zum Gipfel ehrlich zu Fu\u00df erarbeiten. Sei aber darauf vorbereitet, dass es ein <strong>echter Waden-Killer<\/strong> wird.<\/p>\n\n\n\n<p class=\"wp-block-paragraph\">Laut Komoot-Aufzeichnungen ist diese Ganztages-Runde <strong>13,5 Kilometer lang, und die reine Gehzeit betr\u00e4gt 5 Stunden und 16 Minuten<\/strong>. Unterwegs musst du harte <strong>750 H\u00f6henmeter<\/strong> \u00fcberwinden, was die Route klar in die Kategorie der anspruchsvollen einreiht. Der Anstieg ist zwar sicher, aber sehr steil und endlos.<\/p>\n\n\n\n<p class=\"wp-block-paragraph\">Die Belohnung f\u00fcr die Plackerei ist aber s\u00fc\u00df. Du bekommst ein unvergleichliches Gef\u00fchl der Genugtuung, wenn du <strong>auf der Aussichtsplattform ankommst<\/strong> \u2013 zwischen Touristen, die gerade aus der Bahn gestiegen sind. Auf dem Weg nach oben triffst du zudem <strong>nur minimal Menschen<\/strong> und genie\u00dft die Stille des Waldes, die du am Gipfel selbst garantiert nicht findest.<\/p>\n\n\n\n<p class=\"wp-block-paragraph\">\ud83d\udca1 Tipp: Wenn dir oben die Kr\u00e4fte ausgehen, ist das \u00fcberhaupt kein Problem. Du kannst dir im Restaurant ein <strong>Einzelticket f\u00fcr die Bahn<\/strong> hinab nach Interlaken kaufen und den <strong>Rest des Weges mit dem Bus fahren<\/strong>.<\/p>\n\n\n\n<figure data-wp-context=\"{&quot;imageId&quot;:&quot;6a96556933984&quot;}\" data-wp-interactive=\"core\/image\" data-wp-key=\"6a96556933984\" class=\"wp-block-image size-full wp-lightbox-container\"><img decoding=\"async\" width=\"1920\" height=\"1280\" data-wp-class--hide=\"state.isContentHidden\" data-wp-class--show=\"state.isContentVisible\" data-wp-init=\"callbacks.setButtonStyles\" data-wp-on--click=\"actions.showLightbox\" data-wp-on--load=\"callbacks.setButtonStyles\" data-wp-on--pointerdown=\"actions.preloadImage\" data-wp-on--pointerenter=\"actions.preloadImageWithDelay\" data-wp-on--pointerleave=\"actions.cancelPreload\" data-wp-on-window--resize=\"callbacks.setButtonStyles\" src=\"https:\/\/loudavymkrokem.cz\/wp-content\/uploads\/2026\/08\/bonigen-lanovka-grindelwald-first.jpg\" alt=\"Gondelbahn von Grindelwald nach First \u00fcber den Alpwiesen\" class=\"wp-image-407333\" title=\"\" srcset=\"https:\/\/loudavymkrokem.cz\/wp-content\/uploads\/2026\/08\/bonigen-lanovka-grindelwald-first.jpg 1920w, https:\/\/loudavymkrokem.cz\/wp-content\/uploads\/2026\/08\/bonigen-lanovka-grindelwald-first-300x200.jpg 300w, https:\/\/loudavymkrokem.cz\/wp-content\/uploads\/2026\/08\/bonigen-lanovka-grindelwald-first-700x467.jpg 700w, https:\/\/loudavymkrokem.cz\/wp-content\/uploads\/2026\/08\/bonigen-lanovka-grindelwald-first-768x512.jpg 768w, https:\/\/loudavymkrokem.cz\/wp-content\/uploads\/2026\/08\/bonigen-lanovka-grindelwald-first-1536x1024.jpg 1536w, https:\/\/loudavymkrokem.cz\/wp-content\/uploads\/2026\/08\/bonigen-lanovka-grindelwald-first-696x464.jpg 696w, https:\/\/loudavymkrokem.cz\/wp-content\/uploads\/2026\/08\/bonigen-lanovka-grindelwald-first-1392x928.jpg 1392w\" sizes=\"(max-width: 1920px) 100vw, 1920px\" \/><button\n\t\t\tclass=\"lightbox-trigger\"\n\t\t\ttype=\"button\"\n\t\t\taria-haspopup=\"dialog\"\n\t\t\tdata-wp-bind--aria-label=\"state.thisImage.triggerButtonAriaLabel\"\n\t\t\tdata-wp-init=\"callbacks.initTriggerButton\"\n\t\t\tdata-wp-on--click=\"actions.showLightbox\"\n\t\t\tdata-wp-style--right=\"state.thisImage.buttonRight\"\n\t\t\tdata-wp-style--top=\"state.thisImage.buttonTop\"\n\t\t>\n\t\t\t<svg xmlns=\"http:\/\/www.w3.org\/2000\/svg\" width=\"12\" height=\"12\" fill=\"none\" viewBox=\"0 0 12 12\">\n\t\t\t\t<path fill=\"#fff\" d=\"M2 0a2 2 0 0 0-2 2v2h1.5V2a.5.5 0 0 1 .5-.5h2V0H2Zm2 10.5H2a.5.5 0 0 1-.5-.5V8H0v2a2 2 0 0 0 2 2h2v-1.5ZM8 12v-1.5h2a.5.5 0 0 0 .5-.5V8H12v2a2 2 0 0 1-2 2H8Zm2-12a2 2 0 0 1 2 2v2h-1.5V2a.5.5 0 0 0-.5-.5H8V0h2Z\" \/>\n\t\t\t<\/svg>\n\t\t<\/button><figcaption class=\"wp-element-caption\">Foto: W. Bulach \/ Wikimedia Commons, CC BY-SA 4.0<\/figcaption><\/figure>\n\n\n\n<h2 class=\"wp-block-heading\"><span class=\"ez-toc-section\" id=\"Touren_zu_denen_dich_die_Seilbahn_bringt_6_Routen_ueber_dem_Tal\"><\/span>Touren, zu denen dich die Seilbahn bringt: 6 Routen \u00fcber dem Tal<span class=\"ez-toc-section-end\"><\/span><\/h2>\n\n\n\n<p class=\"wp-block-paragraph\">Das ist etwas, das ich selbst erst vor Ort verstanden habe: <strong>Im Berner Oberland geht man fast nirgends von unten hinauf<\/strong>. Klassisch ist es, sich mit Seilbahn oder Zahnradbahn \u00fcber die Waldgrenze hinauffahren zu lassen und erst dort loszulaufen. Du sparst dir tausend H\u00f6henmeter Plackerei und landest gleich in der Landschaft, wegen der du hergekommen bist.<\/p>\n\n\n\n<p class=\"wp-block-paragraph\">Rechne aber damit, dass <strong>Schweizer Seilbahnen brutal teuer sind<\/strong>. Wenn du mehr als zwei solcher Ausfl\u00fcge planst, rechne dir den <strong>Bernese Oberland Pass<\/strong> durch \u2013 f\u00fcr drei Tage kostet er 240 Franken, und viele Bahnen hast du damit gratis oder zum halben Preis. Und zu teuren Aussichtspunkten fahre nur bei klarem Wetter, sonst zahlst du zig Franken f\u00fcr einen Blick in den Nebel.<\/p>\n\n\n\n<figure data-wp-context=\"{&quot;imageId&quot;:&quot;6a96556934155&quot;}\" data-wp-interactive=\"core\/image\" data-wp-key=\"6a96556934155\" class=\"wp-block-image size-full wp-lightbox-container\"><img decoding=\"async\" width=\"1920\" height=\"1080\" data-wp-class--hide=\"state.isContentHidden\" data-wp-class--show=\"state.isContentVisible\" data-wp-init=\"callbacks.setButtonStyles\" data-wp-on--click=\"actions.showLightbox\" data-wp-on--load=\"callbacks.setButtonStyles\" data-wp-on--pointerdown=\"actions.preloadImage\" data-wp-on--pointerenter=\"actions.preloadImageWithDelay\" data-wp-on--pointerleave=\"actions.cancelPreload\" data-wp-on-window--resize=\"callbacks.setButtonStyles\" src=\"https:\/\/loudavymkrokem.cz\/wp-content\/uploads\/2026\/08\/bonigen-bachalpsee-jezero-first-1.jpg\" alt=\"Bergsee Bachalpsee \u00fcber Grindelwald mit Spiegelung der Gletschergipfel\" class=\"wp-image-407122\" title=\"\" srcset=\"https:\/\/loudavymkrokem.cz\/wp-content\/uploads\/2026\/08\/bonigen-bachalpsee-jezero-first-1.jpg 1920w, https:\/\/loudavymkrokem.cz\/wp-content\/uploads\/2026\/08\/bonigen-bachalpsee-jezero-first-1-300x169.jpg 300w, https:\/\/loudavymkrokem.cz\/wp-content\/uploads\/2026\/08\/bonigen-bachalpsee-jezero-first-1-700x394.jpg 700w, https:\/\/loudavymkrokem.cz\/wp-content\/uploads\/2026\/08\/bonigen-bachalpsee-jezero-first-1-768x432.jpg 768w, https:\/\/loudavymkrokem.cz\/wp-content\/uploads\/2026\/08\/bonigen-bachalpsee-jezero-first-1-1536x864.jpg 1536w, https:\/\/loudavymkrokem.cz\/wp-content\/uploads\/2026\/08\/bonigen-bachalpsee-jezero-first-1-696x392.jpg 696w, https:\/\/loudavymkrokem.cz\/wp-content\/uploads\/2026\/08\/bonigen-bachalpsee-jezero-first-1-1392x783.jpg 1392w\" sizes=\"(max-width: 1920px) 100vw, 1920px\" \/><button\n\t\t\tclass=\"lightbox-trigger\"\n\t\t\ttype=\"button\"\n\t\t\taria-haspopup=\"dialog\"\n\t\t\tdata-wp-bind--aria-label=\"state.thisImage.triggerButtonAriaLabel\"\n\t\t\tdata-wp-init=\"callbacks.initTriggerButton\"\n\t\t\tdata-wp-on--click=\"actions.showLightbox\"\n\t\t\tdata-wp-style--right=\"state.thisImage.buttonRight\"\n\t\t\tdata-wp-style--top=\"state.thisImage.buttonTop\"\n\t\t>\n\t\t\t<svg xmlns=\"http:\/\/www.w3.org\/2000\/svg\" width=\"12\" height=\"12\" fill=\"none\" viewBox=\"0 0 12 12\">\n\t\t\t\t<path fill=\"#fff\" d=\"M2 0a2 2 0 0 0-2 2v2h1.5V2a.5.5 0 0 1 .5-.5h2V0H2Zm2 10.5H2a.5.5 0 0 1-.5-.5V8H0v2a2 2 0 0 0 2 2h2v-1.5ZM8 12v-1.5h2a.5.5 0 0 0 .5-.5V8H12v2a2 2 0 0 1-2 2H8Zm2-12a2 2 0 0 1 2 2v2h-1.5V2a.5.5 0 0 0-.5-.5H8V0h2Z\" \/>\n\t\t\t<\/svg>\n\t\t<\/button><figcaption class=\"wp-element-caption\">Foto: Chnebelh\u00e4x \/ Wikimedia Commons, CC BY-SA 4.0<\/figcaption><\/figure>\n\n\n\n<h3 class=\"wp-block-heading\"><span class=\"ez-toc-section\" id=\"13_Von_First_zum_Bachalpsee\"><\/span>13. Von First zum Bachalpsee<span class=\"ez-toc-section-end\"><\/span><\/h3>\n\n\n\n<p class=\"wp-block-paragraph\">Wenn du nur Zeit f\u00fcr eine Bergtour in der Umgebung hast, dann soll es diese sein. Von Grindelwald bringt dich die Gondel auf den <strong>First auf 2.167 Meter H\u00f6he<\/strong>, und von dort geht es auf einem breiten, gepflegten Weg zum <strong>Bachalpsee auf 2.265 Metern<\/strong>. Hin und zur\u00fcck dauert es <strong>knapp zwei Stunden, und du steigst nur etwas \u00fcber 200 Meter auf<\/strong>.<\/p>\n\n\n\n<p class=\"wp-block-paragraph\">Dieser See ist der Grund, warum man hierher kommt. Bei Windstille spiegeln sich in ihm <strong>Wetterhorn, Schreckhorn und Finsteraarhorn<\/strong> \u2013 also Gletscher-Viertausender, die du auf einmal alle auf der Wasseroberfl\u00e4che unter dir hast. Es ist eine der meistfotografierten Szenerien der Schweizer Alpen, und live funktioniert sie noch besser als auf Fotos.<\/p>\n\n\n\n<p class=\"wp-block-paragraph\">Von Interlaken kommst du mit dem Zug in rund 35 Minuten nach Grindelwald und dann mit der Gondel weitere 25 Minuten. <strong>Das Retourticket auf den First kostet in der Hauptsaison 76 Franken<\/strong>, mit Halbtax oder Swiss Travel Pass zahlst du 38.<\/p>\n\n\n\n<p class=\"wp-block-paragraph\">\ud83d\udca1 Tipp: Brich gleich mit der ersten Morgenverbindung auf \u2013 gegen zehn verwandelt sich der Weg zum See in eine schleichende Menschenschlange, und die <strong>Wasseroberfl\u00e4che ist nach Mittag oft vom Wind gekr\u00e4uselt<\/strong>, sodass du die Bergspiegelung nicht mehr einf\u00e4ngst. Und im Zug von Interlaken <strong>setz dich in den hinteren Teil<\/strong>: In Zweil\u00fctschinen wird der Zug getrennt, die vordere H\u00e4lfte f\u00e4hrt nach Lauterbrunnen.<\/p>\n\n\n\n<figure data-wp-context=\"{&quot;imageId&quot;:&quot;6a965569349d4&quot;}\" data-wp-interactive=\"core\/image\" data-wp-key=\"6a965569349d4\" class=\"wp-block-image size-full wp-lightbox-container\"><img decoding=\"async\" width=\"1920\" height=\"1440\" data-wp-class--hide=\"state.isContentHidden\" data-wp-class--show=\"state.isContentVisible\" data-wp-init=\"callbacks.setButtonStyles\" data-wp-on--click=\"actions.showLightbox\" data-wp-on--load=\"callbacks.setButtonStyles\" data-wp-on--pointerdown=\"actions.preloadImage\" data-wp-on--pointerenter=\"actions.preloadImageWithDelay\" data-wp-on--pointerleave=\"actions.cancelPreload\" data-wp-on-window--resize=\"callbacks.setButtonStyles\" src=\"https:\/\/loudavymkrokem.cz\/wp-content\/uploads\/2026\/08\/bonigen-faulhorn-horsky-hotel-1.jpg\" alt=\"Gipfel des Faulhorns mit historischem Berghotel von 1832\" class=\"wp-image-407129\" title=\"\" srcset=\"https:\/\/loudavymkrokem.cz\/wp-content\/uploads\/2026\/08\/bonigen-faulhorn-horsky-hotel-1.jpg 1920w, https:\/\/loudavymkrokem.cz\/wp-content\/uploads\/2026\/08\/bonigen-faulhorn-horsky-hotel-1-300x225.jpg 300w, https:\/\/loudavymkrokem.cz\/wp-content\/uploads\/2026\/08\/bonigen-faulhorn-horsky-hotel-1-700x525.jpg 700w, https:\/\/loudavymkrokem.cz\/wp-content\/uploads\/2026\/08\/bonigen-faulhorn-horsky-hotel-1-768x576.jpg 768w, https:\/\/loudavymkrokem.cz\/wp-content\/uploads\/2026\/08\/bonigen-faulhorn-horsky-hotel-1-1536x1152.jpg 1536w, https:\/\/loudavymkrokem.cz\/wp-content\/uploads\/2026\/08\/bonigen-faulhorn-horsky-hotel-1-80x60.jpg 80w, https:\/\/loudavymkrokem.cz\/wp-content\/uploads\/2026\/08\/bonigen-faulhorn-horsky-hotel-1-160x120.jpg 160w, https:\/\/loudavymkrokem.cz\/wp-content\/uploads\/2026\/08\/bonigen-faulhorn-horsky-hotel-1-696x522.jpg 696w, https:\/\/loudavymkrokem.cz\/wp-content\/uploads\/2026\/08\/bonigen-faulhorn-horsky-hotel-1-1392x1044.jpg 1392w\" sizes=\"(max-width: 1920px) 100vw, 1920px\" \/><button\n\t\t\tclass=\"lightbox-trigger\"\n\t\t\ttype=\"button\"\n\t\t\taria-haspopup=\"dialog\"\n\t\t\tdata-wp-bind--aria-label=\"state.thisImage.triggerButtonAriaLabel\"\n\t\t\tdata-wp-init=\"callbacks.initTriggerButton\"\n\t\t\tdata-wp-on--click=\"actions.showLightbox\"\n\t\t\tdata-wp-style--right=\"state.thisImage.buttonRight\"\n\t\t\tdata-wp-style--top=\"state.thisImage.buttonTop\"\n\t\t>\n\t\t\t<svg xmlns=\"http:\/\/www.w3.org\/2000\/svg\" width=\"12\" height=\"12\" fill=\"none\" viewBox=\"0 0 12 12\">\n\t\t\t\t<path fill=\"#fff\" d=\"M2 0a2 2 0 0 0-2 2v2h1.5V2a.5.5 0 0 1 .5-.5h2V0H2Zm2 10.5H2a.5.5 0 0 1-.5-.5V8H0v2a2 2 0 0 0 2 2h2v-1.5ZM8 12v-1.5h2a.5.5 0 0 0 .5-.5V8H12v2a2 2 0 0 1-2 2H8Zm2-12a2 2 0 0 1 2 2v2h-1.5V2a.5.5 0 0 0-.5-.5H8V0h2Z\" \/>\n\t\t\t<\/svg>\n\t\t<\/button><figcaption class=\"wp-element-caption\">Foto: Whgler \/ Wikimedia Commons, CC BY-SA 3.0<\/figcaption><\/figure>\n\n\n\n<h3 class=\"wp-block-heading\"><span class=\"ez-toc-section\" id=\"14_Die_koenigliche_Hoehenwanderung_Schynige_Platte_%E2%80%93_Faulhorn_%E2%80%93_First\"><\/span>14. Die k\u00f6nigliche H\u00f6henwanderung Schynige Platte \u2013 Faulhorn \u2013 First<span class=\"ez-toc-section-end\"><\/span><\/h3>\n\n\n\n<p class=\"wp-block-paragraph\">Das ist die ber\u00fchmteste Tagestour der ganzen Region, und franz\u00f6sische wie englische Quellen z\u00e4hlen sie \u00fcbereinstimmend zu den sch\u00f6nsten der Schweiz. Du f\u00e4hrst mit der Zahnradbahn auf die <strong>Schynige Platte<\/strong>, gehst den ganzen Tag \u00fcber den Grat, mit dem Thuner- und dem Brienzersee auf der einen Seite und Eiger, M\u00f6nch und Jungfrau auf der anderen, und f\u00e4hrst mit der Gondel von First hinab.<\/p>\n\n\n\n<p class=\"wp-block-paragraph\">Es sind <strong>rund 16 bis 17 Kilometer, und du solltest mit sechs bis acht Stunden rechnen<\/strong> \u2013 je nachdem, wie oft du stehen bleibst. Der h\u00f6chste Punkt ist das <strong>Faulhorn auf 2.681 Metern<\/strong>, auf das du von der Schynige Platte in 4 Stunden und 10 Minuten aufsteigst. Unterwegs kommst du am S\u00e4gistalsee vorbei, und ganz am Ende steigst du am Bachalpsee ab.<\/p>\n\n\n\n<p class=\"wp-block-paragraph\">Auf dem Gipfel des Faulhorns steht ein <strong>Berghotel von 1832<\/strong> \u2013 nur zwei sind in der Schweiz \u00e4lter. Man kann darin \u00fcbernachten, und das ist eine Variante, die ich jedem empfehlen w\u00fcrde, der nicht die ganze Route am St\u00fcck laufen will. Du teilst sie dir auf zwei gem\u00fctliche Tage auf und hast dazu den Sonnenaufgang \u00fcber den Gletschern.<\/p>\n\n\n\n<p class=\"wp-block-paragraph\">\ud83d\udca1 Tipp: Achte auf den Fahrplan \u2013 die <strong>Zahnradbahn auf die Schynige Platte f\u00e4hrt erst vom 13. Juni bis 25. Oktober<\/strong>, und die letzte Gondel vom First f\u00e4hrt nachmittags. Die \u00dcbernachtung auf dem Faulhorn kostet <strong>ab 80 Franken inkl. Halbpension<\/strong>, aber rechne damit, dass es oben <strong>weder Duschen noch Trinkwasser gibt<\/strong> und f\u00fcr den Schlafraum ein H\u00fcttenschlafsack Pflicht ist.<\/p>\n\n\n\n<figure data-wp-context=\"{&quot;imageId&quot;:&quot;6a96556935270&quot;}\" data-wp-interactive=\"core\/image\" data-wp-key=\"6a96556935270\" class=\"wp-block-image size-full wp-lightbox-container\"><img decoding=\"async\" width=\"1600\" height=\"1200\" data-wp-class--hide=\"state.isContentHidden\" data-wp-class--show=\"state.isContentVisible\" data-wp-init=\"callbacks.setButtonStyles\" data-wp-on--click=\"actions.showLightbox\" data-wp-on--load=\"callbacks.setButtonStyles\" data-wp-on--pointerdown=\"actions.preloadImage\" data-wp-on--pointerenter=\"actions.preloadImageWithDelay\" data-wp-on--pointerleave=\"actions.cancelPreload\" data-wp-on-window--resize=\"callbacks.setButtonStyles\" src=\"https:\/\/loudavymkrokem.cz\/wp-content\/uploads\/2026\/08\/bonigen-mannlichen-kleine-scheidegg-1.jpg\" alt=\"Panoramaweg vom M\u00e4nnlichen zur Kleinen Scheidegg mit dem Jungfrau-Massiv\" class=\"wp-image-407132\" title=\"\" srcset=\"https:\/\/loudavymkrokem.cz\/wp-content\/uploads\/2026\/08\/bonigen-mannlichen-kleine-scheidegg-1.jpg 1600w, https:\/\/loudavymkrokem.cz\/wp-content\/uploads\/2026\/08\/bonigen-mannlichen-kleine-scheidegg-1-300x225.jpg 300w, https:\/\/loudavymkrokem.cz\/wp-content\/uploads\/2026\/08\/bonigen-mannlichen-kleine-scheidegg-1-700x525.jpg 700w, https:\/\/loudavymkrokem.cz\/wp-content\/uploads\/2026\/08\/bonigen-mannlichen-kleine-scheidegg-1-768x576.jpg 768w, https:\/\/loudavymkrokem.cz\/wp-content\/uploads\/2026\/08\/bonigen-mannlichen-kleine-scheidegg-1-1536x1152.jpg 1536w, https:\/\/loudavymkrokem.cz\/wp-content\/uploads\/2026\/08\/bonigen-mannlichen-kleine-scheidegg-1-80x60.jpg 80w, https:\/\/loudavymkrokem.cz\/wp-content\/uploads\/2026\/08\/bonigen-mannlichen-kleine-scheidegg-1-160x120.jpg 160w, https:\/\/loudavymkrokem.cz\/wp-content\/uploads\/2026\/08\/bonigen-mannlichen-kleine-scheidegg-1-696x522.jpg 696w, https:\/\/loudavymkrokem.cz\/wp-content\/uploads\/2026\/08\/bonigen-mannlichen-kleine-scheidegg-1-1392x1044.jpg 1392w\" sizes=\"(max-width: 1600px) 100vw, 1600px\" \/><button\n\t\t\tclass=\"lightbox-trigger\"\n\t\t\ttype=\"button\"\n\t\t\taria-haspopup=\"dialog\"\n\t\t\tdata-wp-bind--aria-label=\"state.thisImage.triggerButtonAriaLabel\"\n\t\t\tdata-wp-init=\"callbacks.initTriggerButton\"\n\t\t\tdata-wp-on--click=\"actions.showLightbox\"\n\t\t\tdata-wp-style--right=\"state.thisImage.buttonRight\"\n\t\t\tdata-wp-style--top=\"state.thisImage.buttonTop\"\n\t\t>\n\t\t\t<svg xmlns=\"http:\/\/www.w3.org\/2000\/svg\" width=\"12\" height=\"12\" fill=\"none\" viewBox=\"0 0 12 12\">\n\t\t\t\t<path fill=\"#fff\" d=\"M2 0a2 2 0 0 0-2 2v2h1.5V2a.5.5 0 0 1 .5-.5h2V0H2Zm2 10.5H2a.5.5 0 0 1-.5-.5V8H0v2a2 2 0 0 0 2 2h2v-1.5ZM8 12v-1.5h2a.5.5 0 0 0 .5-.5V8H12v2a2 2 0 0 1-2 2H8Zm2-12a2 2 0 0 1 2 2v2h-1.5V2a.5.5 0 0 0-.5-.5H8V0h2Z\" \/>\n\t\t\t<\/svg>\n\t\t<\/button><figcaption class=\"wp-element-caption\">Foto: Timo Newton-Syms \/ Wikimedia Commons, CC BY-SA 2.0<\/figcaption><\/figure>\n\n\n\n<!-- LKM_GYG_CARD start q=\"bonigen\" lang=\"de\" rendered=\"2026-08-31T01:50:39+00:00\" v=\"1\" -->\n<style id=\"lk-gyg-styles\">\n@import url(\"https:\/\/fonts.googleapis.com\/css2?family=Playfair+Display:wght@700&family=DM+Sans:wght@300;400;500;600&display=swap\");\n\/* === LK GYG karty \u2014 CRO redesign 2026-05 (namespace .lkx-) ===\n   C\u00edl: vy\u0161\u0161\u00ed CTR (hero + v\u00fdrazn\u00fd social proof + ak\u010dn\u00ed CTA, m\u00e9n\u011b \"reklamn\u00ed\").\n   Injektuje se inline do prvn\u00edho markeru postu (refresh_cards.py --inline-css). *\/\n.lkx-module, .lkx-module *{box-sizing:border-box;margin:0;padding:0}\n.lkx-module{\n  font-family:'DM Sans',-apple-system,Segoe UI,Roboto,Georgia,sans-serif;\n  max-width:860px;margin:2.5rem auto;color:#1f2328;\n}\n\n\/* HEADER \u2014 lehk\u00fd editorsk\u00fd, \u017e\u00e1dn\u00fd bannerov\u00fd blok; nadpis + popisek pod n\u00edm *\/\n.lkx-head{margin-bottom:16px}\n.lkx-head-main{display:flex;align-items:center;gap:10px}\n.lkx-head-accent{width:26px;height:3px;border-radius:2px;background:#c39f76;flex-shrink:0}\n.lkx-head-title{font-family:'Playfair Display',Georgia,serif;font-size:21px;font-weight:700;color:#1a1a1a;line-height:1.25}\n.lkx-head-meta{display:block;font-size:11px;letter-spacing:.3px;color:#9aa0a6;margin-top:4px;margin-left:36px}\n\n\/* HERO *\/\n.lkx-hero{display:grid;grid-template-columns:300px 1fr;background:#fff;border:1px solid #ece7df;border-radius:14px;overflow:hidden;text-decoration:none!important;color:inherit;box-shadow:0 6px 20px rgba(0,0,0,.06);transition:box-shadow .2s,transform .2s;margin-bottom:14px}\n.lkx-hero:hover{box-shadow:0 12px 30px rgba(0,0,0,.12);transform:translateY(-2px)}\n.lkx-hero-img{position:relative;min-height:230px;background-size:cover;background-position:center;background-color:#eee}\n.lkx-hero-body{padding:22px 24px;display:flex;flex-direction:column}\n.lkx-pick{position:absolute;top:12px;left:12px;background:#1a1a1a;color:#fff;font-size:11px;font-weight:700;letter-spacing:.5px;padding:5px 11px;border-radius:20px}\n\n\/* TITLE *\/\n.lkx-title{font-size:19px;font-weight:700;color:#161616;line-height:1.3}\n.lkx-title-sm{font-size:14.5px;line-height:1.35;display:-webkit-box;-webkit-line-clamp:2;-webkit-box-orient:vertical;overflow:hidden}\n\n\/* SOCIAL PROOF \u2014 v\u00fdrazn\u011b, naho\u0159e *\/\n.lkx-proof{display:flex;align-items:center;gap:7px;margin-top:12px;font-size:15px;color:#3a3a3a}\n.lkx-proof b{font-size:16px;color:#161616}\n.lkx-stars{color:#f5a623;letter-spacing:1px}\n.lkx-proof-sm{font-size:12.5px;margin-top:8px;gap:5px}\n.lkx-proof-sm b{font-size:13px}\n.lkx-proof-new{color:#3685fc;font-weight:600}\n\n\/* PRICE \u2014 n\u00edzk\u00e1 kotva *\/\n.lkx-price{font-size:14px;color:#6b7280}\n.lkx-price b{font-size:20px;color:#161616;font-weight:700}\n.lkx-price-sm b{font-size:15px}\n\n\/* CTA \u2014 tepl\u00e9 ak\u010dn\u00ed tla\u010d\u00edtko *\/\n.lkx-cta{display:inline-flex;align-items:center;justify-content:center;text-decoration:none!important;font-weight:700;color:#fff!important;background:linear-gradient(135deg,#f6743f,#e8552a);border-radius:10px;box-shadow:0 6px 16px rgba(232,85,42,.32);transition:box-shadow .2s}\n.lkx-cta-hero{font-size:15px;padding:13px 22px}\n.lkx-hero:hover .lkx-cta-hero{box-shadow:0 8px 22px rgba(232,85,42,.45)}\n.lkx-cta-sm{font-size:12.5px;padding:9px 14px;width:100%;margin-top:2px}\n.lkx-hero-bottom{margin-top:auto;padding-top:18px;display:flex;align-items:center;justify-content:space-between;gap:14px;flex-wrap:wrap}\n\n\/* BADGE \u2014 jeden v\u00fdrazn\u00fd na fotce *\/\n.lkx-badge{position:absolute;top:12px;right:12px;font-size:10.5px;font-weight:700;letter-spacing:.3px;padding:5px 10px;border-radius:16px;color:#fff}\n.lkx-badge.badge-urgency{background:rgba(214,40,40,.92)}\n.lkx-badge.badge-new{background:rgba(54,133,252,.92)}\n.lkx-badge.badge-top{background:rgba(195,159,118,.95)}\n.lkx-badge.badge-info{background:rgba(40,40,40,.78)}\n\n\/* SECONDARY GRID *\/\n.lkx-grid{display:grid;grid-template-columns:1fr 1fr;gap:14px}\n.lkx-card{background:#fff;border:1px solid #ece7df;border-radius:14px;overflow:hidden;text-decoration:none!important;color:inherit;box-shadow:0 4px 14px rgba(0,0,0,.05);display:flex;flex-direction:column;transition:box-shadow .2s,transform .2s}\n.lkx-card:hover{box-shadow:0 10px 24px rgba(0,0,0,.1);transform:translateY(-2px)}\n.lkx-card-img{position:relative;aspect-ratio:16\/10;background-size:cover;background-position:center;background-color:#eee}\n.lkx-card-body{padding:14px 16px 16px;display:flex;flex-direction:column;gap:7px;flex:1}\n.lkx-card-bottom{margin-top:auto;padding-top:10px;display:flex;align-items:center;justify-content:space-between;gap:8px}\n\n\/* DISCLOSURE \u2014 drobn\u00e1, kv\u016fli d\u016fv\u011b\u0159e\/z\u00e1konu *\/\n.lkx-disclosure{font-size:11px;color:#a7adb3;text-align:center;margin-top:14px;line-height:1.6}\n.lkx-disclosure a{color:#c39f76;text-decoration:none}\n\n@media(max-width:680px){\n  .lkx-hero{grid-template-columns:1fr}\n  .lkx-hero-img{min-height:180px}\n  .lkx-grid{grid-template-columns:1fr}\n  .lkx-head-meta{margin-left:0;width:100%}\n  .lkx-head-title{font-size:19px}\n}\n\n<\/style>\n<div class=\"lkx-module\" data-query=\"bonigen\">\n  <div class=\"lkx-head\">\n    <div class=\"lkx-head-main\">\n      <span class=\"lkx-head-accent\"><\/span>\n      <span class=\"lkx-head-title\">Erlebnisse &amp; Tickets<\/span>\n    <\/div>\n    <span class=\"lkx-head-meta\">von Reisenden bewertet \u00b7 GetYourGuide<\/span>\n  <\/div><a class=\"lkx-hero\" href=\"https:\/\/www.getyourguide.com\/de-de\/bonn-l132\/panoramafahrt-zwischen-bonn-und-konigswinter-siebengebirge-t770170\/?partner_id=MKZ64IS&amp;utm_medium=online_publisher&amp;cmp=bonigen-schweiz-tipps\" target=\"_blank\" rel=\"sponsored noopener nofollow\">\n    <div class=\"lkx-hero-img\" style=\"background-image:url('https:\/\/cdn.getyourguide.com\/img\/tour\/622ebc7c2d84a3aa3b1f101d6c43b8cdc7fe6a43e72e0fa5c011d7b9f179e034.jpg\/132.jpg')\" role=\"img\" aria-label=\"Panoramafahrt zwischen Bonn und K\u00f6nigswinter (Siebengebirge)\">\n      <span class=\"lkx-pick\">\u2605 Unser Tipp<\/span><\/div>\n    <div class=\"lkx-hero-body\">\n      <div class=\"lkx-title\">Panoramafahrt zwischen Bonn und K\u00f6nigswinter (Siebengebirge)<\/div>\n      <div class=\"lkx-proof\">\n      <span class=\"lkx-stars\">\u2605\u2605\u2605\u2605\u2605<\/span>\n      <b>4.5<\/b> \u00b7 421 Bewertungen\n    <\/div>\n      <div class=\"lkx-hero-bottom\"><div class=\"lkx-price\">ab <b>21\u00a0\u20ac<\/b><\/div><span class=\"lkx-cta lkx-cta-hero\">Das will ich erleben \u2192<\/span>\n      <\/div>\n    <\/div>\n  <\/a><div class=\"lkx-grid\"><a class=\"lkx-card\" href=\"https:\/\/www.getyourguide.com\/de-de\/bonn-l132\/bonn-flusskreuzfahrt-auf-dem-rhein-nach-konigswinter-t1005732\/?partner_id=MKZ64IS&amp;utm_medium=online_publisher&amp;cmp=bonigen-schweiz-tipps\" target=\"_blank\" rel=\"sponsored noopener nofollow\">\n      <div class=\"lkx-card-img\" style=\"background-image:url('https:\/\/cdn.getyourguide.com\/img\/tour\/e56fd598e01d88c5827c88068ba667e859fe12e43851fe35b538c7e17499bfae.jpg\/132.jpg')\" role=\"img\" aria-label=\"Bonn: Flusskreuzfahrt auf dem Rhein nach K\u00f6nigswinter\"><\/div>\n      <div class=\"lkx-card-body\">\n        <div class=\"lkx-title lkx-title-sm\">Bonn: Flusskreuzfahrt auf dem Rhein nach K\u00f6nigswinter<\/div>\n        <div class=\"lkx-proof lkx-proof-sm\">\n      <span class=\"lkx-stars\">\u2605<\/span>\n      <b>4.2<\/b> \u00b7 88\n    <\/div>\n        <div class=\"lkx-card-bottom\"><span class=\"lkx-price lkx-price-sm\">ab <b>20\u00a0\u20ac<\/b><\/span><span class=\"lkx-cta lkx-cta-sm\">Termine ansehen \u2192<\/span>\n        <\/div>\n      <\/div>\n    <\/a><a class=\"lkx-card\" href=\"https:\/\/www.getyourguide.com\/de-de\/bonn-l132\/ab-bonn-schiffstour-auf-dem-rhein-nach-linz-t456064\/?partner_id=MKZ64IS&amp;utm_medium=online_publisher&amp;cmp=bonigen-schweiz-tipps\" target=\"_blank\" rel=\"sponsored noopener nofollow\">\n      <div class=\"lkx-card-img\" style=\"background-image:url('https:\/\/cdn.getyourguide.com\/img\/tour\/209491d995414e2a8c4c065c3f66a783addbfef4385b86bbaca2442ee19d6e42.jpg\/132.jpg')\" role=\"img\" aria-label=\"Von Bonn aus: Rhein nach Linz Sightseeing Bootstour\"><\/div>\n      <div class=\"lkx-card-body\">\n        <div class=\"lkx-title lkx-title-sm\">Von Bonn aus: Rhein nach Linz Sightseeing Bootstour<\/div>\n        <div class=\"lkx-proof lkx-proof-sm\">\n      <span class=\"lkx-stars\">\u2605<\/span>\n      <b>4.5<\/b> \u00b7 528\n    <\/div>\n        <div class=\"lkx-card-bottom\"><span class=\"lkx-price lkx-price-sm\">ab <b>26\u00a0\u20ac<\/b><\/span><span class=\"lkx-cta lkx-cta-sm\">Termine ansehen \u2192<\/span>\n        <\/div>\n      <\/div>\n    <\/a><\/div><div class=\"lkx-disclosure\">\ud83d\udd17 Affiliate-Links \u2014 kein Aufpreis f\u00fcr dich, sie helfen uns, Inhalte zu erstellen. \u00b7 <a href=\"https:\/\/www.getyourguide.com\/de-de\/s\/?q=bonigen&amp;partner_id=MKZ64IS&amp;utm_medium=online_publisher\" target=\"_blank\" rel=\"sponsored noopener nofollow\">Alle Erlebnisse \u2192<\/a><\/div>\n<\/div>\n<!-- LKM_GYG_CARD end -->\n\n\n\n\n<div class=\"lk-stays-module\">\n<style>\n\/* \u2500\u2500\u2500 RESET PRO GUTENBERG \u2500\u2500\u2500 *\/\n.lk-stays-module * { box-sizing: border-box; margin: 0; padding: 0; }\n\n\/* \u2500\u2500\u2500 WRAPPER \u2500\u2500\u2500 *\/\n.lk-stays-module {\n  font-family: 'DM Sans', Georgia, sans-serif;\n  max-width: 100%;\n  margin: 2.5rem auto;\n  background: linear-gradient(135deg, #fdfaf5 0%, #fcf8f0 100%);\n  border: 1px solid #e8dfd4;\n  border-radius: 16px;\n  overflow: hidden;\n  box-shadow: 0 16px 48px rgba(195, 159, 118, 0.25), 0 4px 12px rgba(0,0,0,0.08);\n}\n\n\/* \u2500\u2500\u2500 HEADER \u2500\u2500\u2500 *\/\n.lk-stays-header {\n  position: relative;\n  padding: 24px 36px 24px;\n  background: linear-gradient(135deg, #c39f76 0%, #d4b188 60%, #c39f76 100%);\n  border-bottom: 1px solid rgba(255,255,255,.15);\n  display: flex;\n  align-items: center;\n  gap: 18px;\n}\n.lk-stays-header::before {\n  content: '';\n  position: absolute;\n  inset: 0;\n  background: url(\"data:image\/svg+xml,%3Csvg width='60' height='60' viewBox='0 0 60 60' xmlns='http:\/\/www.w3.org\/2000\/svg'%3E%3Cg fill='none' fill-rule='evenodd'%3E%3Cg fill='%23ffffff' fill-opacity='0.05'%3E%3Cpath d='M36 34v-4h-2v4h-4v2h4v4h2v-4h4v-2h-4zm0-30V0h-2v4h-4v2h4v4h2V6h4V4h-4zM6 34v-4H4v4H0v2h4v4h2v-4h4v-2H6zM6 4V0H4v4H0v2h4v4h2V6h4V4H6z'\/%3E%3C\/g%3E%3C\/g%3E%3C\/svg%3E\") repeat;\n  pointer-events: none;\n}\n.lk-stays-icon {\n  flex-shrink: 0;\n  width: 68px;\n  height: 68px;\n  border-radius: 14px;\n  background: linear-gradient(135deg, #fff 0%, #f9f6f0 100%);\n  display: flex;\n  align-items: center;\n  justify-content: center;\n  font-size: 26px;\n  box-shadow: 0 4px 12px rgba(0,0,0,0.15);\n}\n.lk-stays-eyebrow {\n  font-size: 10px;\n  font-weight: 500;\n  letter-spacing: 2.5px;\n  text-transform: uppercase;\n  color: rgba(255,255,255,.85);\n  margin: 0 0 5px 0;\n}\n.lk-stays-title {\n  font-family: 'Playfair Display', Georgia, serif;\n  font-size: 24px;\n  font-weight: 700;\n  color: #fff;\n  line-height: 1.2;\n  text-shadow: 0 1px 2px rgba(0,0,0,0.1);\n  margin: 0;\n}\n.lk-stays-subtitle {\n  font-size: 13px;\n  color: rgba(255,255,255,.75);\n  margin: 4px 0 0 0;\n  font-weight: 300;\n}\n\n\/* \u2500\u2500\u2500 CARDS GRID \u2500\u2500\u2500 *\/\n.lk-stays-grid {\n  display: grid;\n  grid-template-columns: 1fr 1fr;\n  gap: 1px;\n  background: rgba(195, 159, 118, 0.12);\n}\n\n\/* \u2500\u2500\u2500 SINGLE CARD \u2500\u2500\u2500 *\/\n.lk-stay-card {\n  background: #ffffff;\n  padding: 26px;\n  display: flex;\n  flex-direction: column;\n  gap: 11px;\n  transition: all 0.3s ease;\n  text-decoration: none;\n  color: inherit;\n  position: relative;\n}\n.lk-stay-card:hover {\n  background: #fffbf5;\n  transform: translateY(-2px);\n  box-shadow: 0 8px 24px rgba(195, 159, 118, 0.18);\n  z-index: 1;\n}\n.lk-stay-card.featured {\n  background: linear-gradient(135deg, #fffdf9 0%, #fff9f0 100%);\n  box-shadow: 0 4px 16px rgba(195, 159, 118, 0.15), inset 0 1px 0 rgba(195, 159, 118, 0.1);\n}\n.lk-stay-card.featured:hover {\n  background: linear-gradient(135deg, #fffbf5 0%, #fff8ed 100%);\n  box-shadow: 0 8px 24px rgba(195, 159, 118, 0.25), inset 0 1px 0 rgba(195, 159, 118, 0.15);\n}\n\n.lk-stay-badge {\n  display: inline-flex;\n  align-items: center;\n  gap: 5px;\n  font-size: 10px;\n  font-weight: 500;\n  letter-spacing: 1.5px;\n  text-transform: uppercase;\n  padding: 5px 11px;\n  border-radius: 20px;\n  width: fit-content;\n}\n.badge-top     { background: linear-gradient(135deg, #c39f76 0%, #d4b188 100%); color: #fff; border: 1px solid #c39f76; font-weight: 600; box-shadow: 0 2px 8px rgba(195,159,118,0.3); }\n.badge-luxury  { background: rgba(195,159,118,.12); color: #c39f76; border: 1px solid rgba(195,159,118,.25); }\n.badge-boutique{ background: rgba(54,133,252,.08); color: #3685fc; border: 1px solid rgba(54,133,252,.2); }\n.badge-nature  { background: rgba(130,190,100,.1); color: #6b9c4a; border: 1px solid rgba(130,190,100,.2); }\n.badge-remote  { background: rgba(195,159,118,.12); color: #a67e50; border: 1px solid rgba(195,159,118,.25); }\n\n.lk-stay-name {\n  font-family: 'Playfair Display', Georgia, serif;\n  font-size: 18px;\n  font-weight: 700;\n  color: #111827;\n  line-height: 1.3;\n}\n.lk-stay-desc {\n  font-size: 13.5px;\n  color: #525252;\n  line-height: 1.65;\n  font-weight: 300;\n  flex: 1;\n}\n\n.lk-stay-meta {\n  display: flex;\n  align-items: center;\n  gap: 12px;\n  flex-wrap: wrap;\n  margin-top: 4px;\n}\n.lk-stay-price {\n  font-size: 13px;\n  color: #6b7280;\n}\n.lk-stay-price strong {\n  color: #c39f76;\n  font-weight: 500;\n}\n.lk-stay-stars {\n  color: #c39f76;\n  font-size: 11px;\n  letter-spacing: 1px;\n}\n\n\/* \u2500\u2500\u2500 CTA BUTTON \u2500\u2500\u2500 *\/\n.lk-stay-cta {\n  display: inline-flex;\n  align-items: center;\n  justify-content: center;\n  gap: 7px;\n  margin-top: 8px;\n  padding: 11px 20px;\n  border-radius: 8px;\n  background: linear-gradient(135deg, #3685fc 0%, #2a6fd9 100%);\n  color: #fff;\n  font-size: 13px;\n  font-weight: 500;\n  text-decoration: none;\n  letter-spacing: .3px;\n  transition: all .2s ease;\n  cursor: pointer;\n  border: none;\n  text-align: center;\n  box-shadow: 0 4px 12px rgba(54, 133, 252, 0.25);\n}\n.lk-stay-cta:hover {\n  background: linear-gradient(135deg, #2a6fd9 0%, #1e5bc4 100%);\n  transform: translateY(-1px);\n  box-shadow: 0 6px 16px rgba(54, 133, 252, 0.35);\n}\n.lk-stay-cta svg { flex-shrink: 0; }\n\n\/* \u2500\u2500\u2500 FOOTER \u2500\u2500\u2500 *\/\n.lk-stays-footer {\n  padding: 18px 36px;\n  background: linear-gradient(to bottom, #fdfaf5 0%, #f9f4ed 100%);\n  border-top: 1px solid rgba(195, 159, 118, 0.15);\n  display: flex;\n  align-items: center;\n  justify-content: space-between;\n  flex-wrap: wrap;\n  gap: 12px;\n}\n.lk-stays-footer-note {\n  font-size: 11.5px;\n  color: #6b7280;\n  font-weight: 300;\n  line-height: 1.5;\n}\n.lk-stays-footer-note a {\n  color: #c39f76;\n  text-decoration: none;\n  font-weight: 400;\n}\n.lk-stays-footer-note a:hover {\n  text-decoration: underline;\n}\n.lk-stays-all-btn {\n  display: inline-flex;\n  align-items: center;\n  gap: 6px;\n  font-size: 12.5px;\n  font-weight: 500;\n  color: #c39f76;\n  text-decoration: none;\n  border: 1px solid rgba(195, 159, 118, 0.35);\n  padding: 8px 18px;\n  border-radius: 8px;\n  transition: all .2s ease;\n}\n.lk-stays-all-btn:hover {\n  background: rgba(195, 159, 118, 0.08);\n  border-color: rgba(195, 159, 118, 0.5);\n}\n\n\/* \u2500\u2500\u2500 RESPONSIVE \u2500\u2500\u2500 *\/\n@media (max-width: 600px) {\n  .lk-stays-grid { grid-template-columns: 1fr; }\n  .lk-stays-header { padding: 24px 20px; }\n  .lk-stays-footer { padding: 16px 20px; }\n  .lk-stay-card { padding: 22px; }\n  .lk-stays-title { font-size: 20px; }\n}\n<\/style>\n\n  <!-- HEADER -->\n  <div class=\"lk-stays-header\">\n    <img decoding=\"async\" src=\"https:\/\/loudavymkrokem.cz\/wp-content\/uploads\/2026\/02\/lukas-a-lucka.jpg\" alt=\"\" style=\"width: 75px; height: 75px; border-radius: 8px; flex-shrink: 0; object-fit: cover; display: block; margin: 4px 0;\" title=\"\">\n    <div class=\"lk-stays-header-text\">\n      <div class=\"lk-stays-eyebrow\">Luk\u00e1\u0161 und Lucie empfehlen<\/div>\n      <div class=\"lk-stays-title\">Wo man in B\u00f6nigen \u00fcbernachten kann<\/div>\n      <div class=\"lk-stays-subtitle\">6 Unterk\u00fcnfte \u2014 Hotels, Campingpl\u00e4tze und weitere \u00dcbernachtungsm\u00f6glichkeiten<\/div>\n    <\/div>\n  <\/div>\n\n  <!-- CARDS -->\n  <div class=\"lk-stays-grid\">\n\n    <a class=\"lk-stay-card featured\" href=\"https:\/\/www.stay22.com\/allez\/roam?aid=lukaskonecny&#038;campaign=loudavymkrokemcz&#038;campaign=de&#038;campaign=bonigen&#038;hotelname=Hotel%20Seiler%20au%20Lac&#038;address=B%C3%B6nigen%2C%20%C5%A0v%C3%BDcarsko\" target=\"_blank\" rel=\"nofollow noopener\">\n      <span class=\"lk-stay-badge badge-top\">\u2b50 TOP-WAHL<\/span>\n      <span class=\"lk-stay-badge badge-nature\">\ud83c\udfe8 Hotel<\/span>\n      <div class=\"lk-stay-name\">Hotel Seiler au Lac<\/div>\n      <div class=\"lk-stay-desc\">Liegt direkt am Ufer und das Dampfschiff h\u00e4lt direkt vor der T\u00fcr. Vierzig Zimmer, Blick auf Berge und Wasser.<\/div>\n      <div class=\"lk-stay-meta\">\n        <span class=\"lk-stay-stars\">\u2605\u2605\u2605\u2605<\/span>\n        <span class=\"lk-stay-price\">Preise pr\u00fcfen<\/span>\n      <\/div>\n      <span class=\"lk-stay-cta\">\n        <svg width=\"14\" height=\"14\" viewBox=\"0 0 24 24\" fill=\"none\" stroke=\"currentColor\" stroke-width=\"2\"><path d=\"M18 13v6a2 2 0 0 1-2 2H5a2 2 0 0 1-2-2V8a2 2 0 0 1 2-2h6\"\/><polyline points=\"15 3 21 3 21 9\"\/><line x1=\"10\" y1=\"14\" x2=\"21\" y2=\"3\"\/><\/svg>\n        Verf\u00fcgbarkeit pr\u00fcfen\n      <\/span>\n    <\/a>\n\n    <a class=\"lk-stay-card\" href=\"https:\/\/www.stay22.com\/allez\/roam?aid=lukaskonecny&#038;campaign=loudavymkrokemcz&#038;campaign=de&#038;campaign=bonigen&#038;hotelname=Seehotel%20B%C3%B6nigen&#038;address=B%C3%B6nigen%2C%20%C5%A0v%C3%BDcarsko\" target=\"_blank\" rel=\"nofollow noopener\">\n      <span class=\"lk-stay-badge badge-nature\">\ud83c\udfe8 Hotel<\/span>\n      <div class=\"lk-stay-name\">Seehotel B\u00f6nigen<\/div>\n      <div class=\"lk-stay-desc\">Hervorragende Wahl f\u00fcr Familien mit Panoramablick, eigenem renommiertem Restaurant und reichhaltigem Fr\u00fchst\u00fcck.<\/div>\n      <div class=\"lk-stay-meta\">\n        <span class=\"lk-stay-stars\">\u2605\u2605\u2605\u2605<\/span>\n        <span class=\"lk-stay-price\">Preise pr\u00fcfen<\/span>\n      <\/div>\n      <span class=\"lk-stay-cta\">\n        <svg width=\"14\" height=\"14\" viewBox=\"0 0 24 24\" fill=\"none\" stroke=\"currentColor\" stroke-width=\"2\"><path d=\"M18 13v6a2 2 0 0 1-2 2H5a2 2 0 0 1-2-2V8a2 2 0 0 1 2-2h6\"\/><polyline points=\"15 3 21 3 21 9\"\/><line x1=\"10\" y1=\"14\" x2=\"21\" y2=\"3\"\/><\/svg>\n        Verf\u00fcgbarkeit pr\u00fcfen\n      <\/span>\n    <\/a>\n\n    <a class=\"lk-stay-card\" href=\"https:\/\/www.stay22.com\/allez\/roam?aid=lukaskonecny&#038;campaign=loudavymkrokemcz&#038;campaign=de&#038;campaign=bonigen&#038;hotelname=TCS%20Camping%20B%C3%B6nigen%20Brienzersee&#038;address=B%C3%B6nigen%2C%20%C5%A0v%C3%BDcarsko\" target=\"_blank\" rel=\"nofollow noopener\">\n      <span class=\"lk-stay-badge badge-nature\">\u26fa Camping<\/span>\n      <div class=\"lk-stay-name\">TCS Camping B\u00f6nigen Brienzersee<\/div>\n      <div class=\"lk-stay-desc\">Perfekte Budget-Option direkt am See, 200 m vom Strand entfernt. Kein Pool, nur Planschbecken.<\/div>\n      <div class=\"lk-stay-meta\">\n        <span class=\"lk-stay-stars\">\u2605\u2605\u2605\u2605<\/span>\n        <span class=\"lk-stay-price\">ab 72-80 EUR\/Nacht<\/span>\n      <\/div>\n      <span class=\"lk-stay-cta\">\n        <svg width=\"14\" height=\"14\" viewBox=\"0 0 24 24\" fill=\"none\" stroke=\"currentColor\" stroke-width=\"2\"><path d=\"M18 13v6a2 2 0 0 1-2 2H5a2 2 0 0 1-2-2V8a2 2 0 0 1 2-2h6\"\/><polyline points=\"15 3 21 3 21 9\"\/><line x1=\"10\" y1=\"14\" x2=\"21\" y2=\"3\"\/><\/svg>\n        Verf\u00fcgbarkeit pr\u00fcfen\n      <\/span>\n    <\/a>\n\n    <a class=\"lk-stay-card\" href=\"https:\/\/www.stay22.com\/allez\/roam?aid=lukaskonecny&#038;campaign=loudavymkrokemcz&#038;campaign=de&#038;campaign=bonigen&#038;hotelname=Mountain%20and%20Lake&#038;address=B%C3%B6nigen%2C%20%C5%A0v%C3%BDcarsko\" target=\"_blank\" rel=\"nofollow noopener\">\n      <span class=\"lk-stay-badge badge-nature\">\ud83c\udfe1 Apartment<\/span>\n      <div class=\"lk-stay-name\">Mountain and Lake<\/div>\n      <div class=\"lk-stay-desc\">Fantastisch bewertetes privates Apartment mit voll ausgestatteter K\u00fcche und sch\u00f6ner Terrasse f\u00fcr l\u00e4ngere Aufenthalte.<\/div>\n      <div class=\"lk-stay-meta\">\n        <span class=\"lk-stay-stars\">\u2605\u2605\u2605\u2605<\/span>\n        <span class=\"lk-stay-price\">Preise pr\u00fcfen<\/span>\n      <\/div>\n      <span class=\"lk-stay-cta\">\n        <svg width=\"14\" height=\"14\" viewBox=\"0 0 24 24\" fill=\"none\" stroke=\"currentColor\" stroke-width=\"2\"><path d=\"M18 13v6a2 2 0 0 1-2 2H5a2 2 0 0 1-2-2V8a2 2 0 0 1 2-2h6\"\/><polyline points=\"15 3 21 3 21 9\"\/><line x1=\"10\" y1=\"14\" x2=\"21\" y2=\"3\"\/><\/svg>\n        Verf\u00fcgbarkeit pr\u00fcfen\n      <\/span>\n    <\/a>\n\n    <a class=\"lk-stay-card\" href=\"https:\/\/www.stay22.com\/allez\/roam?aid=lukaskonecny&#038;campaign=loudavymkrokemcz&#038;campaign=de&#038;campaign=bonigen&#038;hotelname=Walida&#038;address=B%C3%B6nigen%2C%20%C5%A0v%C3%BDcarsko\" target=\"_blank\" rel=\"nofollow noopener\">\n      <span class=\"lk-stay-badge badge-nature\">\ud83c\udfe8 Hotel<\/span>\n      <div class=\"lk-stay-name\">Walida<\/div>\n      <div class=\"lk-stay-desc\">Einfacheres aber angenehmes Hotel zu einem vern\u00fcnftigen Preis, Balkone mit Blick auf Alpengipfel.<\/div>\n      <div class=\"lk-stay-meta\">\n        <span class=\"lk-stay-stars\">\u2605\u2605\u2605\u2605<\/span>\n        <span class=\"lk-stay-price\">Preise pr\u00fcfen<\/span>\n      <\/div>\n      <span class=\"lk-stay-cta\">\n        <svg width=\"14\" height=\"14\" viewBox=\"0 0 24 24\" fill=\"none\" stroke=\"currentColor\" stroke-width=\"2\"><path d=\"M18 13v6a2 2 0 0 1-2 2H5a2 2 0 0 1-2-2V8a2 2 0 0 1 2-2h6\"\/><polyline points=\"15 3 21 3 21 9\"\/><line x1=\"10\" y1=\"14\" x2=\"21\" y2=\"3\"\/><\/svg>\n        Verf\u00fcgbarkeit pr\u00fcfen\n      <\/span>\n    <\/a>\n\n    <a class=\"lk-stay-card\" href=\"https:\/\/www.stay22.com\/allez\/roam?aid=lukaskonecny&#038;campaign=loudavymkrokemcz&#038;campaign=de&#038;campaign=bonigen&#038;address=B%C3%B6nigen&#038;hotelname=Grandhotel+Giessbach&#038;search=Grandhotel+Giessbach&#038;category=accommodation\" target=\"_blank\" rel=\"nofollow noopener\">\n      <span class=\"lk-stay-badge badge-nature\">\u2b50 Luxury<\/span>\n      <div class=\"lk-stay-name\">Grandhotel Giessbach<\/div>\n      <div class=\"lk-stay-desc\">Luxuri\u00f6ser Palast aus dem 19. Jahrhundert oberhalb der Giessbachf\u00e4lle mit 22 Hektar Parkanlage und Aussichtsterrasse.<\/div>\n      <div class=\"lk-stay-meta\">\n        <span class=\"lk-stay-stars\">\u2605\u2605\u2605\u2605<\/span>\n        <span class=\"lk-stay-price\">Preise pr\u00fcfen<\/span>\n      <\/div>\n      <span class=\"lk-stay-cta\">\n        <svg width=\"14\" height=\"14\" viewBox=\"0 0 24 24\" fill=\"none\" stroke=\"currentColor\" stroke-width=\"2\"><path d=\"M18 13v6a2 2 0 0 1-2 2H5a2 2 0 0 1-2-2V8a2 2 0 0 1 2-2h6\"\/><polyline points=\"15 3 21 3 21 9\"\/><line x1=\"10\" y1=\"14\" x2=\"21\" y2=\"3\"\/><\/svg>\n        Verf\u00fcgbarkeit pr\u00fcfen\n      <\/span>\n    <\/a>\n\n  <\/div>\n\n  \n<\/div>\n\n\n\n\n<h3 class=\"wp-block-heading\"><span class=\"ez-toc-section\" id=\"15_Maennlichen_und_der_Panoramaweg_zur_Kleinen_Scheidegg\"><\/span>15. M\u00e4nnlichen und der Panoramaweg zur Kleinen Scheidegg<span class=\"ez-toc-section-end\"><\/span><\/h3>\n\n\n\n<p class=\"wp-block-paragraph\">Das ist meine klare Wahl, wenn du mit kleinen Kindern in die Berge gehst. Die Seilbahn bringt dich auf den <strong>M\u00e4nnlichen auf 2.222 Meter<\/strong>, und von dort f\u00fchrt zur Kleinen Scheidegg ein <strong>4,5 Kilometer langer Panoramaweg<\/strong>, der eine bis anderthalb Stunden dauert. Fast die ganze Zeit geht es bergab, und <strong>es ist ein breiter Schotterweg, der auch mit Gel\u00e4ndekinderwagen befahrbar ist<\/strong>.<\/p>\n\n\n\n<p class=\"wp-block-paragraph\">Die ganze Zeit hast du direkt vor dir <strong>Eiger, M\u00f6nch und Jungfrau<\/strong>, es ist also das beste Verh\u00e4ltnis von Aussicht zu Anstrengung, das du in der Region findest. Am Ziel auf der <strong>Kleinen Scheidegg auf 2.061 Metern<\/strong> steigst du in den Zug und l\u00e4sst dich wieder hinabbringen.<\/p>\n\n\n\n<p class=\"wp-block-paragraph\">Bevor du losgehst, mach noch den <strong>Royal Walk<\/strong> \u2013 das ist ein Abstecher von der Bergstation auf den Gipfel des M\u00e4nnlichen selbst auf 2.345 Metern. Du steigst nur etwas \u00fcber hundert Meter auf, und es dauert <strong>eine halbe Stunde<\/strong>, aber die Aussicht oben ist eine Klasse f\u00fcr sich im Vergleich zur Station.<\/p>\n\n\n\n<p class=\"wp-block-paragraph\">\ud83d\udca1 Tipp: Die Seilbahnen auf den M\u00e4nnlichen fahren <strong>vom 23. Mai bis 25. Oktober<\/strong>. Von Wengen kannst du f\u00fcr f\u00fcnf Franken Aufpreis den \u201eRoyal Ride&#8220; dazukaufen und <strong>auf einem offenen Balkon auf dem Kabinendach<\/strong> fahren \u2013 Kinder sind davon meist v\u00f6llig aus dem H\u00e4uschen.<\/p>\n\n\n\n<figure data-wp-context=\"{&quot;imageId&quot;:&quot;6a96556935c17&quot;}\" data-wp-interactive=\"core\/image\" data-wp-key=\"6a96556935c17\" class=\"wp-block-image size-full wp-lightbox-container\"><img decoding=\"async\" width=\"1920\" height=\"1289\" data-wp-class--hide=\"state.isContentHidden\" data-wp-class--show=\"state.isContentVisible\" data-wp-init=\"callbacks.setButtonStyles\" data-wp-on--click=\"actions.showLightbox\" data-wp-on--load=\"callbacks.setButtonStyles\" data-wp-on--pointerdown=\"actions.preloadImage\" data-wp-on--pointerenter=\"actions.preloadImageWithDelay\" data-wp-on--pointerleave=\"actions.cancelPreload\" data-wp-on-window--resize=\"callbacks.setButtonStyles\" src=\"https:\/\/loudavymkrokem.cz\/wp-content\/uploads\/2026\/08\/bonigen-eiger-severni-stena-1.jpg\" alt=\"Eiger-Nordwand, unter der der Eiger Trail verl\u00e4uft\" class=\"wp-image-407136\" title=\"\" srcset=\"https:\/\/loudavymkrokem.cz\/wp-content\/uploads\/2026\/08\/bonigen-eiger-severni-stena-1.jpg 1920w, https:\/\/loudavymkrokem.cz\/wp-content\/uploads\/2026\/08\/bonigen-eiger-severni-stena-1-300x201.jpg 300w, https:\/\/loudavymkrokem.cz\/wp-content\/uploads\/2026\/08\/bonigen-eiger-severni-stena-1-700x470.jpg 700w, https:\/\/loudavymkrokem.cz\/wp-content\/uploads\/2026\/08\/bonigen-eiger-severni-stena-1-768x516.jpg 768w, https:\/\/loudavymkrokem.cz\/wp-content\/uploads\/2026\/08\/bonigen-eiger-severni-stena-1-1536x1031.jpg 1536w, https:\/\/loudavymkrokem.cz\/wp-content\/uploads\/2026\/08\/bonigen-eiger-severni-stena-1-696x467.jpg 696w, https:\/\/loudavymkrokem.cz\/wp-content\/uploads\/2026\/08\/bonigen-eiger-severni-stena-1-1392x935.jpg 1392w\" sizes=\"(max-width: 1920px) 100vw, 1920px\" \/><button\n\t\t\tclass=\"lightbox-trigger\"\n\t\t\ttype=\"button\"\n\t\t\taria-haspopup=\"dialog\"\n\t\t\tdata-wp-bind--aria-label=\"state.thisImage.triggerButtonAriaLabel\"\n\t\t\tdata-wp-init=\"callbacks.initTriggerButton\"\n\t\t\tdata-wp-on--click=\"actions.showLightbox\"\n\t\t\tdata-wp-style--right=\"state.thisImage.buttonRight\"\n\t\t\tdata-wp-style--top=\"state.thisImage.buttonTop\"\n\t\t>\n\t\t\t<svg xmlns=\"http:\/\/www.w3.org\/2000\/svg\" width=\"12\" height=\"12\" fill=\"none\" viewBox=\"0 0 12 12\">\n\t\t\t\t<path fill=\"#fff\" d=\"M2 0a2 2 0 0 0-2 2v2h1.5V2a.5.5 0 0 1 .5-.5h2V0H2Zm2 10.5H2a.5.5 0 0 1-.5-.5V8H0v2a2 2 0 0 0 2 2h2v-1.5ZM8 12v-1.5h2a.5.5 0 0 0 .5-.5V8H12v2a2 2 0 0 1-2 2H8Zm2-12a2 2 0 0 1 2 2v2h-1.5V2a.5.5 0 0 0-.5-.5H8V0h2Z\" \/>\n\t\t\t<\/svg>\n\t\t<\/button><figcaption class=\"wp-element-caption\">Foto: Kurt Ritschard \/ Wikimedia Commons, CC BY-SA 2.0<\/figcaption><\/figure>\n\n\n\n<h3 class=\"wp-block-heading\"><span class=\"ez-toc-section\" id=\"16_Der_Eiger_Trail_direkt_unter_der_Nordwand\"><\/span>16. Der Eiger Trail direkt unter der Nordwand<span class=\"ez-toc-section-end\"><\/span><\/h3>\n\n\n\n<p class=\"wp-block-paragraph\">Wenn dich Berge auch als Geschichte interessieren, ist das die richtige Route. Du f\u00e4hrst auf den <strong>Eigergletscher auf 2.348 Meter<\/strong> und gehst von dort <strong>rund sechs Kilometer hinab nach Alpiglen auf 1.616 Metern<\/strong>. Ganze zwei Stunden bewegst du dich direkt unter der <strong>Eiger-Nordwand<\/strong>, die \u00fcber 1.600 Meter \u00fcber dir aufragt.<\/p>\n\n\n\n<p class=\"wp-block-paragraph\">Es ist ein Ort, an dem Bergsteigerschicksale geschrieben wurden und endeten, und auf der Route findest du auch eine Tafel mit Gedenkplaketten. Der Weg gilt als <strong>mittelschwer, du steigst dabei rund 780 Meter ab<\/strong>, und in den exponierteren Passagen sind Sicherungsseile gespannt. Erfrischen kannst du dich am Anfang und am Ende.<\/p>\n\n\n\n<p class=\"wp-block-paragraph\">Achte auf die Saison, denn dieser Weg \u00f6ffnet von allen am sp\u00e4testen. <strong>Schnee h\u00e4lt ihn oft bis Anfang Juli geschlossen<\/strong>, und begehbar ist er etwa bis Mitte Oktober. Pr\u00fcfe vor dem Ausflug immer den aktuellen Stand \u2013 er kann sich von einem Tag auf den anderen \u00e4ndern.<\/p>\n\n\n\n<p class=\"wp-block-paragraph\">\ud83d\udca1 Tipp: <strong>Mit Kinderwagen kommst du hier nicht durch<\/strong>, und kleinere Kinder brauchen in den steinigen Passagen Hilfe. Zur\u00fcck von Alpiglen f\u00e4hrt der Zug nach Grindelwald, aber es ist eine <strong>Bedarfshaltestelle<\/strong>, vergiss also nicht, dem Fahrer ein Signal zu geben.<\/p>\n\n\n\n<figure data-wp-context=\"{&quot;imageId&quot;:&quot;6a96556936467&quot;}\" data-wp-interactive=\"core\/image\" data-wp-key=\"6a96556936467\" class=\"wp-block-image size-full wp-lightbox-container\"><img decoding=\"async\" width=\"1920\" height=\"1282\" data-wp-class--hide=\"state.isContentHidden\" data-wp-class--show=\"state.isContentVisible\" data-wp-init=\"callbacks.setButtonStyles\" data-wp-on--click=\"actions.showLightbox\" data-wp-on--load=\"callbacks.setButtonStyles\" data-wp-on--pointerdown=\"actions.preloadImage\" data-wp-on--pointerenter=\"actions.preloadImageWithDelay\" data-wp-on--pointerleave=\"actions.cancelPreload\" data-wp-on-window--resize=\"callbacks.setButtonStyles\" src=\"https:\/\/loudavymkrokem.cz\/wp-content\/uploads\/2026\/08\/bonigen-niederhorn-kozorozec-1.jpg\" alt=\"Junge Steinb\u00f6cke auf dem Grat des Niederhorns in der D\u00e4mmerung\" class=\"wp-image-407139\" title=\"\" srcset=\"https:\/\/loudavymkrokem.cz\/wp-content\/uploads\/2026\/08\/bonigen-niederhorn-kozorozec-1.jpg 1920w, https:\/\/loudavymkrokem.cz\/wp-content\/uploads\/2026\/08\/bonigen-niederhorn-kozorozec-1-300x200.jpg 300w, https:\/\/loudavymkrokem.cz\/wp-content\/uploads\/2026\/08\/bonigen-niederhorn-kozorozec-1-700x467.jpg 700w, https:\/\/loudavymkrokem.cz\/wp-content\/uploads\/2026\/08\/bonigen-niederhorn-kozorozec-1-768x513.jpg 768w, https:\/\/loudavymkrokem.cz\/wp-content\/uploads\/2026\/08\/bonigen-niederhorn-kozorozec-1-1536x1026.jpg 1536w, https:\/\/loudavymkrokem.cz\/wp-content\/uploads\/2026\/08\/bonigen-niederhorn-kozorozec-1-696x465.jpg 696w, https:\/\/loudavymkrokem.cz\/wp-content\/uploads\/2026\/08\/bonigen-niederhorn-kozorozec-1-1392x929.jpg 1392w\" sizes=\"(max-width: 1920px) 100vw, 1920px\" \/><button\n\t\t\tclass=\"lightbox-trigger\"\n\t\t\ttype=\"button\"\n\t\t\taria-haspopup=\"dialog\"\n\t\t\tdata-wp-bind--aria-label=\"state.thisImage.triggerButtonAriaLabel\"\n\t\t\tdata-wp-init=\"callbacks.initTriggerButton\"\n\t\t\tdata-wp-on--click=\"actions.showLightbox\"\n\t\t\tdata-wp-style--right=\"state.thisImage.buttonRight\"\n\t\t\tdata-wp-style--top=\"state.thisImage.buttonTop\"\n\t\t>\n\t\t\t<svg xmlns=\"http:\/\/www.w3.org\/2000\/svg\" width=\"12\" height=\"12\" fill=\"none\" viewBox=\"0 0 12 12\">\n\t\t\t\t<path fill=\"#fff\" d=\"M2 0a2 2 0 0 0-2 2v2h1.5V2a.5.5 0 0 1 .5-.5h2V0H2Zm2 10.5H2a.5.5 0 0 1-.5-.5V8H0v2a2 2 0 0 0 2 2h2v-1.5ZM8 12v-1.5h2a.5.5 0 0 0 .5-.5V8H12v2a2 2 0 0 1-2 2H8Zm2-12a2 2 0 0 1 2 2v2h-1.5V2a.5.5 0 0 0-.5-.5H8V0h2Z\" \/>\n\t\t\t<\/svg>\n\t\t<\/button><figcaption class=\"wp-element-caption\">Foto: Ostaehli \/ Wikimedia Commons, CC BY-SA 4.0<\/figcaption><\/figure>\n\n\n\n<h3 class=\"wp-block-heading\"><span class=\"ez-toc-section\" id=\"17_Niederhorn_und_Steinboecke_ueber_dem_Thunersee\"><\/span>17. Niederhorn und Steinb\u00f6cke \u00fcber dem Thunersee<span class=\"ez-toc-section-end\"><\/span><\/h3>\n\n\n\n<p class=\"wp-block-paragraph\">W\u00e4hrend alle nach Grindelwald fahren, liegt auf der anderen Seite von Interlaken das <strong>Niederhorn auf 1.950 Metern<\/strong>, und dort ist es deutlich ruhiger. Nach oben kommst du vom Ufer des Thunersees mit der Standseilbahn und dann mit der Gondel, insgesamt dauert es <strong>rund eine halbe Stunde<\/strong>.<\/p>\n\n\n\n<p class=\"wp-block-paragraph\">Der Hauptmagnet sind hier die <strong>Steinb\u00f6cke<\/strong>. Die \u00f6rtliche Kolonie wurde 1949 durch das Aussetzen von drei B\u00f6cken gegr\u00fcndet, und heute leben hier <strong>f\u00fcnfundsiebzig bis hundert<\/strong> Tiere. Von Juli bis September bricht zudem jeden Donnerstagvormittag eine gef\u00fchrte Exkursion mit einem \u00f6rtlichen Experten direkt zu den Herden auf.<\/p>\n\n\n\n<p class=\"wp-block-paragraph\">Die H\u00f6henwanderung von hier auf das <strong>Gemmenalphorn auf 2.061 Metern<\/strong> gewann die Goldmedaille f\u00fcr den sch\u00f6nsten Wanderweg der Schweiz, ist aber eine Ganztages-Angelegenheit f\u00fcr Fitte. Mit Kindern reicht dir ein <strong>sechshundert Meter langer Rundweg direkt bei der Station<\/strong>, den du in einer halben Stunde schaffst und wo oben ein Restaurant mit Spielplatz ist.<\/p>\n\n\n\n<p class=\"wp-block-paragraph\">\ud83d\udca1 Tipp: Die Bahnen fahren <strong>vom 1. Mai bis 15. November<\/strong>. Das Retourticket vom See kostet 65 Franken, aber wenn du mit dem Bus bis nach Beatenberg f\u00e4hrst und dort einsteigst, <strong>zahlst du nur 49<\/strong>. Das Niederhorn gibt zudem <strong>einen Familienrabatt \u2013 du zahlst nur f\u00fcr das erste Kind<\/strong>.<\/p>\n\n\n\n<figure data-wp-context=\"{&quot;imageId&quot;:&quot;6a96556936c92&quot;}\" data-wp-interactive=\"core\/image\" data-wp-key=\"6a96556936c92\" class=\"wp-block-image size-full wp-lightbox-container\"><img decoding=\"async\" width=\"1920\" height=\"1280\" data-wp-class--hide=\"state.isContentHidden\" data-wp-class--show=\"state.isContentVisible\" data-wp-init=\"callbacks.setButtonStyles\" data-wp-on--click=\"actions.showLightbox\" data-wp-on--load=\"callbacks.setButtonStyles\" data-wp-on--pointerdown=\"actions.preloadImage\" data-wp-on--pointerenter=\"actions.preloadImageWithDelay\" data-wp-on--pointerleave=\"actions.cancelPreload\" data-wp-on-window--resize=\"callbacks.setButtonStyles\" src=\"https:\/\/loudavymkrokem.cz\/wp-content\/uploads\/2026\/08\/bonigen-brienzer-rothorn-parni-lokomotiva.jpg\" alt=\"Dampflokomotive der Zahnradbahn an der Gipfelstation Brienzer Rothorn\" class=\"wp-image-407156\" title=\"\" srcset=\"https:\/\/loudavymkrokem.cz\/wp-content\/uploads\/2026\/08\/bonigen-brienzer-rothorn-parni-lokomotiva.jpg 1920w, https:\/\/loudavymkrokem.cz\/wp-content\/uploads\/2026\/08\/bonigen-brienzer-rothorn-parni-lokomotiva-300x200.jpg 300w, https:\/\/loudavymkrokem.cz\/wp-content\/uploads\/2026\/08\/bonigen-brienzer-rothorn-parni-lokomotiva-700x467.jpg 700w, https:\/\/loudavymkrokem.cz\/wp-content\/uploads\/2026\/08\/bonigen-brienzer-rothorn-parni-lokomotiva-768x512.jpg 768w, https:\/\/loudavymkrokem.cz\/wp-content\/uploads\/2026\/08\/bonigen-brienzer-rothorn-parni-lokomotiva-1536x1024.jpg 1536w, https:\/\/loudavymkrokem.cz\/wp-content\/uploads\/2026\/08\/bonigen-brienzer-rothorn-parni-lokomotiva-696x464.jpg 696w, https:\/\/loudavymkrokem.cz\/wp-content\/uploads\/2026\/08\/bonigen-brienzer-rothorn-parni-lokomotiva-1392x928.jpg 1392w\" sizes=\"(max-width: 1920px) 100vw, 1920px\" \/><button\n\t\t\tclass=\"lightbox-trigger\"\n\t\t\ttype=\"button\"\n\t\t\taria-haspopup=\"dialog\"\n\t\t\tdata-wp-bind--aria-label=\"state.thisImage.triggerButtonAriaLabel\"\n\t\t\tdata-wp-init=\"callbacks.initTriggerButton\"\n\t\t\tdata-wp-on--click=\"actions.showLightbox\"\n\t\t\tdata-wp-style--right=\"state.thisImage.buttonRight\"\n\t\t\tdata-wp-style--top=\"state.thisImage.buttonTop\"\n\t\t>\n\t\t\t<svg xmlns=\"http:\/\/www.w3.org\/2000\/svg\" width=\"12\" height=\"12\" fill=\"none\" viewBox=\"0 0 12 12\">\n\t\t\t\t<path fill=\"#fff\" d=\"M2 0a2 2 0 0 0-2 2v2h1.5V2a.5.5 0 0 1 .5-.5h2V0H2Zm2 10.5H2a.5.5 0 0 1-.5-.5V8H0v2a2 2 0 0 0 2 2h2v-1.5ZM8 12v-1.5h2a.5.5 0 0 0 .5-.5V8H12v2a2 2 0 0 1-2 2H8Zm2-12a2 2 0 0 1 2 2v2h-1.5V2a.5.5 0 0 0-.5-.5H8V0h2Z\" \/>\n\t\t\t<\/svg>\n\t\t<\/button><figcaption class=\"wp-element-caption\">Foto: Uwelino \/ Wikimedia Commons, CC BY-SA 4.0<\/figcaption><\/figure>\n\n\n\n<h3 class=\"wp-block-heading\"><span class=\"ez-toc-section\" id=\"18_Mit_der_Dampfzahnradbahn_aufs_Brienzer_Rothorn\"><\/span>18. Mit der Dampfzahnradbahn aufs Brienzer Rothorn<span class=\"ez-toc-section-end\"><\/span><\/h3>\n\n\n\n<p class=\"wp-block-paragraph\">Dieser Ausflug ist schon durch die Fahrt selbst ein Erlebnis. Von Brienz am anderen Ende des Sees f\u00e4hrt die <strong>Dampf-Zahnradbahn von 1892<\/strong> ab, die zusammen mit der Furka-Strecke <strong>die einzige regelm\u00e4\u00dfig mit Dampf betriebene Bahn der Schweiz<\/strong> ist. In einer Stunde klettert sie auf siebeneinhalb Kilometern Strecke <strong>1.678 H\u00f6henmeter<\/strong> hinauf.<\/p>\n\n\n\n<p class=\"wp-block-paragraph\">Die Bergstation liegt auf <strong>2.244 Metern<\/strong>, und auf den Gipfel des Brienzer Rothorns selbst auf 2.350 Metern steigst du <strong>in f\u00fcnfzehn Minuten<\/strong>. Die Aussicht von hier ist au\u00dfergew\u00f6hnlich \u2013 man sagt, dass man von hier <strong>693 Gipfel<\/strong> sieht. Oben gibt es zwei Restaurants, und im Berghotel kann man auch \u00fcbernachten.<\/p>\n\n\n\n<p class=\"wp-block-paragraph\">Wer zu Fu\u00df gehen will, kann in <strong>zweieinhalb Stunden zur Zwischenstation Planalp<\/strong> absteigen und von dort mit dem Zug hinunterfahren. Dabei steigt man etwa tausend Meter ab, das geht also auf die Knie. Von B\u00f6nigen kommst du \u00fcber Interlaken Ost her, von wo es mit dem Zug nach Brienz <strong>knapp zwanzig Minuten<\/strong> sind.<\/p>\n\n\n\n<p class=\"wp-block-paragraph\">\ud83d\udca1 Tipp: Bis auf den Gipfel f\u00e4hrt man <strong>nur vom 6. Juni bis 25. Oktober<\/strong>, fr\u00fcher endet die Bahn auf der Planalp. Das Retourticket kostet 98 Franken, aber <strong>Kinder von sechs bis f\u00fcnfzehn Jahren fahren f\u00fcr zehn Franken<\/strong>, und mit dem Bernese Oberland Pass ist die Fahrt gratis. F\u00fcr acht Franken kannst du einen bestimmten Platz reservieren.<\/p>\n\n\n\n<figure data-wp-context=\"{&quot;imageId&quot;:&quot;6a96556937523&quot;}\" data-wp-interactive=\"core\/image\" data-wp-key=\"6a96556937523\" class=\"wp-block-image size-full wp-lightbox-container\"><img decoding=\"async\" width=\"1800\" height=\"1224\" data-wp-class--hide=\"state.isContentHidden\" data-wp-class--show=\"state.isContentVisible\" data-wp-init=\"callbacks.setButtonStyles\" data-wp-on--click=\"actions.showLightbox\" data-wp-on--load=\"callbacks.setButtonStyles\" data-wp-on--pointerdown=\"actions.preloadImage\" data-wp-on--pointerenter=\"actions.preloadImageWithDelay\" data-wp-on--pointerleave=\"actions.cancelPreload\" data-wp-on-window--resize=\"callbacks.setButtonStyles\" src=\"https:\/\/loudavymkrokem.cz\/wp-content\/uploads\/2026\/08\/articles-bonigen-18.jpg\" alt=\"Brienzersee aus der Vogelperspektive\" class=\"wp-image-404497\" title=\"\" srcset=\"https:\/\/loudavymkrokem.cz\/wp-content\/uploads\/2026\/08\/articles-bonigen-18.jpg 1800w, https:\/\/loudavymkrokem.cz\/wp-content\/uploads\/2026\/08\/articles-bonigen-18-300x204.jpg 300w, https:\/\/loudavymkrokem.cz\/wp-content\/uploads\/2026\/08\/articles-bonigen-18-700x476.jpg 700w, https:\/\/loudavymkrokem.cz\/wp-content\/uploads\/2026\/08\/articles-bonigen-18-768x522.jpg 768w, https:\/\/loudavymkrokem.cz\/wp-content\/uploads\/2026\/08\/articles-bonigen-18-1536x1044.jpg 1536w, https:\/\/loudavymkrokem.cz\/wp-content\/uploads\/2026\/08\/articles-bonigen-18-696x473.jpg 696w, https:\/\/loudavymkrokem.cz\/wp-content\/uploads\/2026\/08\/articles-bonigen-18-1392x947.jpg 1392w\" sizes=\"(max-width: 1800px) 100vw, 1800px\" \/><button\n\t\t\tclass=\"lightbox-trigger\"\n\t\t\ttype=\"button\"\n\t\t\taria-haspopup=\"dialog\"\n\t\t\tdata-wp-bind--aria-label=\"state.thisImage.triggerButtonAriaLabel\"\n\t\t\tdata-wp-init=\"callbacks.initTriggerButton\"\n\t\t\tdata-wp-on--click=\"actions.showLightbox\"\n\t\t\tdata-wp-style--right=\"state.thisImage.buttonRight\"\n\t\t\tdata-wp-style--top=\"state.thisImage.buttonTop\"\n\t\t>\n\t\t\t<svg xmlns=\"http:\/\/www.w3.org\/2000\/svg\" width=\"12\" height=\"12\" fill=\"none\" viewBox=\"0 0 12 12\">\n\t\t\t\t<path fill=\"#fff\" d=\"M2 0a2 2 0 0 0-2 2v2h1.5V2a.5.5 0 0 1 .5-.5h2V0H2Zm2 10.5H2a.5.5 0 0 1-.5-.5V8H0v2a2 2 0 0 0 2 2h2v-1.5ZM8 12v-1.5h2a.5.5 0 0 0 .5-.5V8H12v2a2 2 0 0 1-2 2H8Zm2-12a2 2 0 0 1 2 2v2h-1.5V2a.5.5 0 0 0-.5-.5H8V0h2Z\" \/>\n\t\t\t<\/svg>\n\t\t<\/button><figcaption class=\"wp-element-caption\">Foto: Carsten Steger \/ Wikimedia Commons, CC BY-SA 4.0<\/figcaption><\/figure>\n\n\n\n<h2 class=\"wp-block-heading\"><span class=\"ez-toc-section\" id=\"Ausfluege_von_Boenigen_6_Tipps_fuer_die_Umgebung\"><\/span>Ausfl\u00fcge von B\u00f6nigen: 6 Tipps f\u00fcr die Umgebung<span class=\"ez-toc-section-end\"><\/span><\/h2>\n\n\n\n<p class=\"wp-block-paragraph\">Wenn du B\u00f6nigen als deine Basis hast, \u00f6ffnet sich dir das <strong>ganze Berner Oberland<\/strong> wie auf einem Pr\u00e4sentierteller. Hier brauchst du schon <strong>ein etwas gr\u00f6\u00dferes Budget<\/strong>, denn Schweizer Seilbahnen und Bergz\u00fcge sind keine billige Angelegenheit, aber die Erlebnisse bleiben dir ein Leben lang in Erinnerung.<\/p>\n\n\n\n<p class=\"wp-block-paragraph\">Ich empfehle, Ausfl\u00fcge nach der <strong>aktuellen Wettervorhersage<\/strong> zu planen. Zu teuren Bergaussichten macht es nur an Tagen Sinn zu fahren, an denen der <strong>Himmel absolut klar<\/strong> ist, sonst zahlst du zig Franken f\u00fcr einen Blick in undurchdringlichen grauen Nebel.<\/p>\n\n\n\n<figure data-wp-context=\"{&quot;imageId&quot;:&quot;6a96556937d1c&quot;}\" data-wp-interactive=\"core\/image\" data-wp-key=\"6a96556937d1c\" class=\"wp-block-image size-full wp-lightbox-container\"><img decoding=\"async\" width=\"1800\" height=\"1011\" data-wp-class--hide=\"state.isContentHidden\" data-wp-class--show=\"state.isContentVisible\" data-wp-init=\"callbacks.setButtonStyles\" data-wp-on--click=\"actions.showLightbox\" data-wp-on--load=\"callbacks.setButtonStyles\" data-wp-on--pointerdown=\"actions.preloadImage\" data-wp-on--pointerenter=\"actions.preloadImageWithDelay\" data-wp-on--pointerleave=\"actions.cancelPreload\" data-wp-on-window--resize=\"callbacks.setButtonStyles\" src=\"https:\/\/loudavymkrokem.cz\/wp-content\/uploads\/2026\/08\/articles-bonigen-19.jpg\" alt=\"Aussichtspunkt Harder Kulm \u00fcber Interlaken\" class=\"wp-image-404500\" title=\"\" srcset=\"https:\/\/loudavymkrokem.cz\/wp-content\/uploads\/2026\/08\/articles-bonigen-19.jpg 1800w, https:\/\/loudavymkrokem.cz\/wp-content\/uploads\/2026\/08\/articles-bonigen-19-300x169.jpg 300w, https:\/\/loudavymkrokem.cz\/wp-content\/uploads\/2026\/08\/articles-bonigen-19-700x393.jpg 700w, https:\/\/loudavymkrokem.cz\/wp-content\/uploads\/2026\/08\/articles-bonigen-19-768x431.jpg 768w, https:\/\/loudavymkrokem.cz\/wp-content\/uploads\/2026\/08\/articles-bonigen-19-1536x863.jpg 1536w, https:\/\/loudavymkrokem.cz\/wp-content\/uploads\/2026\/08\/articles-bonigen-19-696x391.jpg 696w, https:\/\/loudavymkrokem.cz\/wp-content\/uploads\/2026\/08\/articles-bonigen-19-1392x782.jpg 1392w\" sizes=\"(max-width: 1800px) 100vw, 1800px\" \/><button\n\t\t\tclass=\"lightbox-trigger\"\n\t\t\ttype=\"button\"\n\t\t\taria-haspopup=\"dialog\"\n\t\t\tdata-wp-bind--aria-label=\"state.thisImage.triggerButtonAriaLabel\"\n\t\t\tdata-wp-init=\"callbacks.initTriggerButton\"\n\t\t\tdata-wp-on--click=\"actions.showLightbox\"\n\t\t\tdata-wp-style--right=\"state.thisImage.buttonRight\"\n\t\t\tdata-wp-style--top=\"state.thisImage.buttonTop\"\n\t\t>\n\t\t\t<svg xmlns=\"http:\/\/www.w3.org\/2000\/svg\" width=\"12\" height=\"12\" fill=\"none\" viewBox=\"0 0 12 12\">\n\t\t\t\t<path fill=\"#fff\" d=\"M2 0a2 2 0 0 0-2 2v2h1.5V2a.5.5 0 0 1 .5-.5h2V0H2Zm2 10.5H2a.5.5 0 0 1-.5-.5V8H0v2a2 2 0 0 0 2 2h2v-1.5ZM8 12v-1.5h2a.5.5 0 0 0 .5-.5V8H12v2a2 2 0 0 1-2 2H8Zm2-12a2 2 0 0 1 2 2v2h-1.5V2a.5.5 0 0 0-.5-.5H8V0h2Z\" \/>\n\t\t\t<\/svg>\n\t\t<\/button><figcaption class=\"wp-element-caption\">Foto: Ollie Craig \/ Pexels<\/figcaption><\/figure>\n\n\n\n<h3 class=\"wp-block-heading\"><span class=\"ez-toc-section\" id=\"19_Harder_Kulm_Der_Hausberg_von_Interlaken\"><\/span>19. Harder Kulm: Der Hausberg von Interlaken<span class=\"ez-toc-section-end\"><\/span><\/h3>\n\n\n\n<p class=\"wp-block-paragraph\">Das ist absolute Pflicht. Der <strong>Harder Kulm auf 1.322 Metern H\u00f6he<\/strong> ist als Hausberg von Interlaken bekannt und bietet den ikonischsten Ausblick der ganzen Gegend. Die historische Standseilbahn (Funikular) bringt dich in nur 10 Minuten aus dem Tal hinauf, in denen sie 755 H\u00f6henmeter auf einer nur 1,4 Kilometer langen Strecke \u00fcberwindet.<\/p>\n\n\n\n<p class=\"wp-block-paragraph\">F\u00fcr 2026 kostet das <strong>Retourticket f\u00fcr Erwachsene 44 CHF<\/strong>. Wenn du einen Swiss Travel Pass oder Bernese Oberland Pass hast, bekommst du 50 % Rabatt. Die Bahn f\u00e4hrt vom 3. April bis 29. November jede halbe Stunde, wobei du im Sommer bis sp\u00e4t in die Nacht hinabfahren kannst.<\/p>\n\n\n\n<p class=\"wp-block-paragraph\">Oben erwartet dich die ber\u00fchmte <strong>Aussichtsplattform Two Lakes Bridge<\/strong>, die dramatisch \u00fcber den tiefen Abhang hinausragt. Du stehst darauf und siehst unter dir gleichzeitig beide Seen (Thunersee und Brienzersee), und direkt vor dir hast du das majest\u00e4tische Alpen-Trio Eiger, M\u00f6nch und Jungfrau. Es sieht hier wirklich aus wie in einer Filmkulisse.<\/p>\n\n\n\n<p class=\"wp-block-paragraph\">\ud83d\udca1 Tipp: <strong>Umgehe die Warteschlangen<\/strong> und kauf dein <strong>Ticket im Voraus online<\/strong> direkt auf der Website von <a href=\"https:\/\/www.harder-kulm.com\" target=\"_blank\" rel=\"nofollow noopener\">Harder Kulm<\/a>. Du bekommst einen QR-Code aufs Handy und gehst direkt zu den Drehkreuzen.<\/p>\n\n\n\n<figure data-wp-context=\"{&quot;imageId&quot;:&quot;6a96556938700&quot;}\" data-wp-interactive=\"core\/image\" data-wp-key=\"6a96556938700\" class=\"wp-block-image size-full wp-lightbox-container\"><img decoding=\"async\" width=\"1800\" height=\"1350\" data-wp-class--hide=\"state.isContentHidden\" data-wp-class--show=\"state.isContentVisible\" data-wp-init=\"callbacks.setButtonStyles\" data-wp-on--click=\"actions.showLightbox\" data-wp-on--load=\"callbacks.setButtonStyles\" data-wp-on--pointerdown=\"actions.preloadImage\" data-wp-on--pointerenter=\"actions.preloadImageWithDelay\" data-wp-on--pointerleave=\"actions.cancelPreload\" data-wp-on-window--resize=\"callbacks.setButtonStyles\" src=\"https:\/\/loudavymkrokem.cz\/wp-content\/uploads\/2026\/08\/articles-bonigen-20.jpg\" alt=\"Kaskaden der Giessbachf\u00e4lle\" class=\"wp-image-404502\" title=\"\" srcset=\"https:\/\/loudavymkrokem.cz\/wp-content\/uploads\/2026\/08\/articles-bonigen-20.jpg 1800w, https:\/\/loudavymkrokem.cz\/wp-content\/uploads\/2026\/08\/articles-bonigen-20-300x225.jpg 300w, https:\/\/loudavymkrokem.cz\/wp-content\/uploads\/2026\/08\/articles-bonigen-20-700x525.jpg 700w, https:\/\/loudavymkrokem.cz\/wp-content\/uploads\/2026\/08\/articles-bonigen-20-768x576.jpg 768w, https:\/\/loudavymkrokem.cz\/wp-content\/uploads\/2026\/08\/articles-bonigen-20-1536x1152.jpg 1536w, https:\/\/loudavymkrokem.cz\/wp-content\/uploads\/2026\/08\/articles-bonigen-20-80x60.jpg 80w, https:\/\/loudavymkrokem.cz\/wp-content\/uploads\/2026\/08\/articles-bonigen-20-160x120.jpg 160w, https:\/\/loudavymkrokem.cz\/wp-content\/uploads\/2026\/08\/articles-bonigen-20-696x522.jpg 696w, https:\/\/loudavymkrokem.cz\/wp-content\/uploads\/2026\/08\/articles-bonigen-20-1392x1044.jpg 1392w\" sizes=\"(max-width: 1800px) 100vw, 1800px\" \/><button\n\t\t\tclass=\"lightbox-trigger\"\n\t\t\ttype=\"button\"\n\t\t\taria-haspopup=\"dialog\"\n\t\t\tdata-wp-bind--aria-label=\"state.thisImage.triggerButtonAriaLabel\"\n\t\t\tdata-wp-init=\"callbacks.initTriggerButton\"\n\t\t\tdata-wp-on--click=\"actions.showLightbox\"\n\t\t\tdata-wp-style--right=\"state.thisImage.buttonRight\"\n\t\t\tdata-wp-style--top=\"state.thisImage.buttonTop\"\n\t\t>\n\t\t\t<svg xmlns=\"http:\/\/www.w3.org\/2000\/svg\" width=\"12\" height=\"12\" fill=\"none\" viewBox=\"0 0 12 12\">\n\t\t\t\t<path fill=\"#fff\" d=\"M2 0a2 2 0 0 0-2 2v2h1.5V2a.5.5 0 0 1 .5-.5h2V0H2Zm2 10.5H2a.5.5 0 0 1-.5-.5V8H0v2a2 2 0 0 0 2 2h2v-1.5ZM8 12v-1.5h2a.5.5 0 0 0 .5-.5V8H12v2a2 2 0 0 1-2 2H8Zm2-12a2 2 0 0 1 2 2v2h-1.5V2a.5.5 0 0 0-.5-.5H8V0h2Z\" \/>\n\t\t\t<\/svg>\n\t\t<\/button><figcaption class=\"wp-element-caption\">Foto: Metehan \u015eeker \/ Pexels<\/figcaption><\/figure>\n\n\n\n<h3 class=\"wp-block-heading\"><span class=\"ez-toc-section\" id=\"20_Die_Giessbachfaelle_und_der_Durchgang_hinter_dem_Wasser\"><\/span>20. Die Giessbachf\u00e4lle und der Durchgang hinter dem Wasser<span class=\"ez-toc-section-end\"><\/span><\/h3>\n\n\n\n<p class=\"wp-block-paragraph\">Das Wasser st\u00fcrzt hier <strong>in 14 Kaskaden<\/strong> etwa 400 Meter direkt in den See, und bevor du denkst, du h\u00e4ttest Wasserf\u00e4lle schon woanders gesehen, warte ab, was noch kommt. Um die Wasserf\u00e4lle f\u00fchrt ein <strong>Netz perfekt gepflegter Wege<\/strong>, die dich bis zu den lautesten und wildesten Abschnitten bringen.<\/p>\n\n\n\n<p class=\"wp-block-paragraph\">Der gr\u00f6\u00dfte Magnet ist der <strong>Weg, der direkt HINTER einem der Wasserf\u00e4lle verl\u00e4uft<\/strong>. Du kannst unter einem m\u00e4chtigen Fels\u00fcberhang durchgehen und durch die fallende Wasserwand hinab auf den t\u00fcrkisen See und die umliegenden Berge blicken. Es ist eine sichere, rund 20-min\u00fctige Runde, die dich v\u00f6llig verzaubert.<\/p>\n\n\n\n<p class=\"wp-block-paragraph\">Hierher kommst du mit dem Auto (<strong>das Parken kostet 15 CHF<\/strong> pro Tag in der Hauptsaison), aber viel stilvoller ist es, <strong>mit dem Schiff zur Haltestelle<\/strong> Giessbach See anzulegen. Von dort f\u00fchrt der Weg entweder zu Fu\u00df oder mit der historischen Bahn direkt zum Beginn der Wege.<\/p>\n\n\n\n<p class=\"wp-block-paragraph\">\ud83d\udca1 Tipp: Wenn du im Fr\u00fchling zur Schneeschmelze oder nach ergiebigen Regenf\u00e4llen hierher willst, rechne damit, dass du auf dem Weg hinter dem Wasserfall <strong>eine ordentliche Dusche abbekommst<\/strong>. Eine <strong>Regenjacke ist ein Muss<\/strong>.<\/p>\n\n\n\n<figure data-wp-context=\"{&quot;imageId&quot;:&quot;6a96556938f5a&quot;}\" data-wp-interactive=\"core\/image\" data-wp-key=\"6a96556938f5a\" class=\"wp-block-image size-full wp-lightbox-container\"><img decoding=\"async\" width=\"1800\" height=\"1350\" data-wp-class--hide=\"state.isContentHidden\" data-wp-class--show=\"state.isContentVisible\" data-wp-init=\"callbacks.setButtonStyles\" data-wp-on--click=\"actions.showLightbox\" data-wp-on--load=\"callbacks.setButtonStyles\" data-wp-on--pointerdown=\"actions.preloadImage\" data-wp-on--pointerenter=\"actions.preloadImageWithDelay\" data-wp-on--pointerleave=\"actions.cancelPreload\" data-wp-on-window--resize=\"callbacks.setButtonStyles\" src=\"https:\/\/loudavymkrokem.cz\/wp-content\/uploads\/2026\/08\/articles-bonigen-21.jpg\" alt=\"Grandhotel Giessbach und die historische Standseilbahn\" class=\"wp-image-404504\" title=\"\" srcset=\"https:\/\/loudavymkrokem.cz\/wp-content\/uploads\/2026\/08\/articles-bonigen-21.jpg 1800w, https:\/\/loudavymkrokem.cz\/wp-content\/uploads\/2026\/08\/articles-bonigen-21-300x225.jpg 300w, https:\/\/loudavymkrokem.cz\/wp-content\/uploads\/2026\/08\/articles-bonigen-21-700x525.jpg 700w, https:\/\/loudavymkrokem.cz\/wp-content\/uploads\/2026\/08\/articles-bonigen-21-768x576.jpg 768w, https:\/\/loudavymkrokem.cz\/wp-content\/uploads\/2026\/08\/articles-bonigen-21-1536x1152.jpg 1536w, https:\/\/loudavymkrokem.cz\/wp-content\/uploads\/2026\/08\/articles-bonigen-21-80x60.jpg 80w, https:\/\/loudavymkrokem.cz\/wp-content\/uploads\/2026\/08\/articles-bonigen-21-160x120.jpg 160w, https:\/\/loudavymkrokem.cz\/wp-content\/uploads\/2026\/08\/articles-bonigen-21-696x522.jpg 696w, https:\/\/loudavymkrokem.cz\/wp-content\/uploads\/2026\/08\/articles-bonigen-21-1392x1044.jpg 1392w\" sizes=\"(max-width: 1800px) 100vw, 1800px\" \/><button\n\t\t\tclass=\"lightbox-trigger\"\n\t\t\ttype=\"button\"\n\t\t\taria-haspopup=\"dialog\"\n\t\t\tdata-wp-bind--aria-label=\"state.thisImage.triggerButtonAriaLabel\"\n\t\t\tdata-wp-init=\"callbacks.initTriggerButton\"\n\t\t\tdata-wp-on--click=\"actions.showLightbox\"\n\t\t\tdata-wp-style--right=\"state.thisImage.buttonRight\"\n\t\t\tdata-wp-style--top=\"state.thisImage.buttonTop\"\n\t\t>\n\t\t\t<svg xmlns=\"http:\/\/www.w3.org\/2000\/svg\" width=\"12\" height=\"12\" fill=\"none\" viewBox=\"0 0 12 12\">\n\t\t\t\t<path fill=\"#fff\" d=\"M2 0a2 2 0 0 0-2 2v2h1.5V2a.5.5 0 0 1 .5-.5h2V0H2Zm2 10.5H2a.5.5 0 0 1-.5-.5V8H0v2a2 2 0 0 0 2 2h2v-1.5ZM8 12v-1.5h2a.5.5 0 0 0 .5-.5V8H12v2a2 2 0 0 1-2 2H8Zm2-12a2 2 0 0 1 2 2v2h-1.5V2a.5.5 0 0 0-.5-.5H8V0h2Z\" \/>\n\t\t\t<\/svg>\n\t\t<\/button><figcaption class=\"wp-element-caption\">Foto: JoachimKohler-HB \/ Wikimedia Commons, CC BY-SA 4.0<\/figcaption><\/figure>\n\n\n\n<h3 class=\"wp-block-heading\"><span class=\"ez-toc-section\" id=\"21_Die_aelteste_Schweizer_Touristen-Standseilbahn_und_das_Grandhotel\"><\/span>21. Die \u00e4lteste Schweizer Touristen-Standseilbahn und das Grandhotel<span class=\"ez-toc-section-end\"><\/span><\/h3>\n\n\n\n<p class=\"wp-block-paragraph\">Wenn du schon mit dem Schiff unter den Giessbachf\u00e4llen ankommst, lass dir dieses technische Unikat nicht entgehen. Vom Anleger hinauf zum Hotel f\u00e4hrt die <strong>Giessbachbahn \u2013 die \u00e4lteste bis heute betriebene Standseilbahn der Schweiz<\/strong>. Sie f\u00e4hrt seit 1879 und war \u00fcberhaupt die erste Schweizer Bahn, die rein f\u00fcr Touristen gebaut wurde. Ihre historischen roten Waggons sind unglaublich fotogen.<\/p>\n\n\n\n<p class=\"wp-block-paragraph\">Die Bergstation spuckt dich direkt vor den Toren des atemberaubenden <strong>Grandhotels Giessbach<\/strong> aus. Dieser luxuri\u00f6se Palast aus dem 19. Jahrhundert beherbergte die feine Gesellschaft aus aller Welt und hat sich bis heute seine aristokratische Atmosph\u00e4re bewahrt. Rund um das Hotel erstreckt sich ein sorgf\u00e4ltig gepflegter <strong>Park von unglaublichen 22 Hektar Fl\u00e4che<\/strong>, durch den du frei spazieren kannst.<\/p>\n\n\n\n<p class=\"wp-block-paragraph\">Auch wenn du nicht im Hotel wohnst, empfehle ich dir unbedingt, dich auf ihre <strong>riesige Aussichtsterrasse<\/strong> zu setzen. <strong>Der Kaffee kostet hier zwar ein Verm\u00f6gen<\/strong>, aber mit den Wasserf\u00e4llen im Hintergrund und dieser aristokratischen Atmosph\u00e4re f\u00fchlst du dich wie in einem Roman von Agatha Christie, und das ist es einfach wert. \u263a\ufe0f<\/p>\n\n\n\n<p class=\"wp-block-paragraph\">\ud83d\udca1 Tipp: Mehr \u00fcber die <strong>Geschichte des Hotels<\/strong> und die <strong>aktuellen Fahrpl\u00e4ne der Bahn<\/strong> kannst du auf der sch\u00f6nen Website des <a href=\"https:\/\/www.giessbach.ch\" target=\"_blank\" rel=\"nofollow noopener\">Grandhotel Giessbach<\/a> lesen.<\/p>\n\n\n\n<figure data-wp-context=\"{&quot;imageId&quot;:&quot;6a965569397ee&quot;}\" data-wp-interactive=\"core\/image\" data-wp-key=\"6a965569397ee\" class=\"wp-block-image size-full wp-lightbox-container\"><img decoding=\"async\" width=\"1800\" height=\"1350\" data-wp-class--hide=\"state.isContentHidden\" data-wp-class--show=\"state.isContentVisible\" data-wp-init=\"callbacks.setButtonStyles\" data-wp-on--click=\"actions.showLightbox\" data-wp-on--load=\"callbacks.setButtonStyles\" data-wp-on--pointerdown=\"actions.preloadImage\" data-wp-on--pointerenter=\"actions.preloadImageWithDelay\" data-wp-on--pointerleave=\"actions.cancelPreload\" data-wp-on-window--resize=\"callbacks.setButtonStyles\" src=\"https:\/\/loudavymkrokem.cz\/wp-content\/uploads\/2026\/08\/articles-bonigen-22.jpg\" alt=\"Dorf Iseltwald auf einer Halbinsel im See\" class=\"wp-image-404505\" title=\"\" srcset=\"https:\/\/loudavymkrokem.cz\/wp-content\/uploads\/2026\/08\/articles-bonigen-22.jpg 1800w, https:\/\/loudavymkrokem.cz\/wp-content\/uploads\/2026\/08\/articles-bonigen-22-300x225.jpg 300w, https:\/\/loudavymkrokem.cz\/wp-content\/uploads\/2026\/08\/articles-bonigen-22-700x525.jpg 700w, https:\/\/loudavymkrokem.cz\/wp-content\/uploads\/2026\/08\/articles-bonigen-22-768x576.jpg 768w, https:\/\/loudavymkrokem.cz\/wp-content\/uploads\/2026\/08\/articles-bonigen-22-1536x1152.jpg 1536w, https:\/\/loudavymkrokem.cz\/wp-content\/uploads\/2026\/08\/articles-bonigen-22-80x60.jpg 80w, https:\/\/loudavymkrokem.cz\/wp-content\/uploads\/2026\/08\/articles-bonigen-22-160x120.jpg 160w, https:\/\/loudavymkrokem.cz\/wp-content\/uploads\/2026\/08\/articles-bonigen-22-696x522.jpg 696w, https:\/\/loudavymkrokem.cz\/wp-content\/uploads\/2026\/08\/articles-bonigen-22-1392x1044.jpg 1392w\" sizes=\"(max-width: 1800px) 100vw, 1800px\" \/><button\n\t\t\tclass=\"lightbox-trigger\"\n\t\t\ttype=\"button\"\n\t\t\taria-haspopup=\"dialog\"\n\t\t\tdata-wp-bind--aria-label=\"state.thisImage.triggerButtonAriaLabel\"\n\t\t\tdata-wp-init=\"callbacks.initTriggerButton\"\n\t\t\tdata-wp-on--click=\"actions.showLightbox\"\n\t\t\tdata-wp-style--right=\"state.thisImage.buttonRight\"\n\t\t\tdata-wp-style--top=\"state.thisImage.buttonTop\"\n\t\t>\n\t\t\t<svg xmlns=\"http:\/\/www.w3.org\/2000\/svg\" width=\"12\" height=\"12\" fill=\"none\" viewBox=\"0 0 12 12\">\n\t\t\t\t<path fill=\"#fff\" d=\"M2 0a2 2 0 0 0-2 2v2h1.5V2a.5.5 0 0 1 .5-.5h2V0H2Zm2 10.5H2a.5.5 0 0 1-.5-.5V8H0v2a2 2 0 0 0 2 2h2v-1.5ZM8 12v-1.5h2a.5.5 0 0 0 .5-.5V8H12v2a2 2 0 0 1-2 2H8Zm2-12a2 2 0 0 1 2 2v2h-1.5V2a.5.5 0 0 0-.5-.5H8V0h2Z\" \/>\n\t\t\t<\/svg>\n\t\t<\/button><figcaption class=\"wp-element-caption\">Foto: PKurmannCH \/ Wikimedia Commons, CC BY-SA 4.0<\/figcaption><\/figure>\n\n\n\n<h3 class=\"wp-block-heading\"><span class=\"ez-toc-section\" id=\"22_Iseltwald_und_der_ikonische_Steg_aus_der_Serie\"><\/span>22. Iseltwald und der ikonische Steg aus der Serie<span class=\"ez-toc-section-end\"><\/span><\/h3>\n\n\n\n<p class=\"wp-block-paragraph\">Das benachbarte Iseltwald ist ein malerisches \u00d6rtchen auf einer kleinen Halbinsel, wohin dich von B\u00f6nigen das Schiff oder der Bus 103 bringt. Der \u00f6rtliche Holzsteg wurde aber k\u00fcrzlich zur viralen Sensation, denn hier wurde eine Schl\u00fcsselszene f\u00fcr die <strong>ber\u00fchmte koreanische Netflix-Serie Crash Landing on You<\/strong> gedreht.<\/p>\n\n\n\n<p class=\"wp-block-paragraph\">Seither str\u00f6men Scharen asiatischer Touristen hierher, die ein Foto am selben Ort wie ihre Serienhelden machen wollen. Die Gemeinde hat die Situation clever gel\u00f6st und vor dem Steg <strong>ein Drehkreuz installiert, das eine \u201eSelfie-Geb\u00fchr&#8220; von 5 CHF kassiert<\/strong>. Der Erl\u00f6s geht in die Dorfreinigung und die Abfallentsorgung nach den Touristenmassen. Allein 2024 gingen fast 50.000 Menschen durch das Drehkreuz, und die Gemeinde nahm damit rund 245.000 Franken ein. Die \u00f6ffentlichen Toiletten f\u00fcr einen Franken brachten weitere 58.000 dazu.<\/p>\n\n\n\n<p class=\"wp-block-paragraph\">Au\u00dfer dem Steg siehst du hier auch das <strong>sch\u00f6ne Schl\u00f6sschen Seeburg von 1907<\/strong>, das als Symbol des Dorfes gilt (leider ist es in Privatbesitz, und du kannst es nur von au\u00dfen ansehen). Im See, ein St\u00fcck vom Ufer entfernt, liegt dann Schn\u00e4ggeninseli, die einzige Insel im Brienzersee, wo einer Sage nach M\u00f6nche Schnecken z\u00fcchteten.<\/p>\n\n\n\n<p class=\"wp-block-paragraph\">\ud83d\udca1 Tipp: Wenn du <strong>den Menschenmassen am Drehkreuz entgehen<\/strong> und in Ruhe das Dorf besichtigen willst, schau dir die Infos auf der <a href=\"https:\/\/www.boenigen-iseltwald.ch\" target=\"_blank\" rel=\"nofollow noopener\">Tourismus-Website<\/a> an und plane deinen Besuch in Iseltwald <strong>gleich f\u00fcr den fr\u00fchen Morgen<\/strong>.<\/p>\n\n\n\n<figure data-wp-context=\"{&quot;imageId&quot;:&quot;6a9655693a081&quot;}\" data-wp-interactive=\"core\/image\" data-wp-key=\"6a9655693a081\" class=\"wp-block-image size-full wp-lightbox-container\"><img decoding=\"async\" width=\"1800\" height=\"1221\" data-wp-class--hide=\"state.isContentHidden\" data-wp-class--show=\"state.isContentVisible\" data-wp-init=\"callbacks.setButtonStyles\" data-wp-on--click=\"actions.showLightbox\" data-wp-on--load=\"callbacks.setButtonStyles\" data-wp-on--pointerdown=\"actions.preloadImage\" data-wp-on--pointerenter=\"actions.preloadImageWithDelay\" data-wp-on--pointerleave=\"actions.cancelPreload\" data-wp-on-window--resize=\"callbacks.setButtonStyles\" src=\"https:\/\/loudavymkrokem.cz\/wp-content\/uploads\/2026\/08\/articles-bonigen-23.jpg\" alt=\"Zahnradbahn auf die Schynige Platte\" class=\"wp-image-404508\" title=\"\" srcset=\"https:\/\/loudavymkrokem.cz\/wp-content\/uploads\/2026\/08\/articles-bonigen-23.jpg 1800w, https:\/\/loudavymkrokem.cz\/wp-content\/uploads\/2026\/08\/articles-bonigen-23-300x204.jpg 300w, https:\/\/loudavymkrokem.cz\/wp-content\/uploads\/2026\/08\/articles-bonigen-23-700x475.jpg 700w, https:\/\/loudavymkrokem.cz\/wp-content\/uploads\/2026\/08\/articles-bonigen-23-768x521.jpg 768w, https:\/\/loudavymkrokem.cz\/wp-content\/uploads\/2026\/08\/articles-bonigen-23-1536x1042.jpg 1536w, https:\/\/loudavymkrokem.cz\/wp-content\/uploads\/2026\/08\/articles-bonigen-23-696x472.jpg 696w, https:\/\/loudavymkrokem.cz\/wp-content\/uploads\/2026\/08\/articles-bonigen-23-1392x944.jpg 1392w\" sizes=\"(max-width: 1800px) 100vw, 1800px\" \/><button\n\t\t\tclass=\"lightbox-trigger\"\n\t\t\ttype=\"button\"\n\t\t\taria-haspopup=\"dialog\"\n\t\t\tdata-wp-bind--aria-label=\"state.thisImage.triggerButtonAriaLabel\"\n\t\t\tdata-wp-init=\"callbacks.initTriggerButton\"\n\t\t\tdata-wp-on--click=\"actions.showLightbox\"\n\t\t\tdata-wp-style--right=\"state.thisImage.buttonRight\"\n\t\t\tdata-wp-style--top=\"state.thisImage.buttonTop\"\n\t\t>\n\t\t\t<svg xmlns=\"http:\/\/www.w3.org\/2000\/svg\" width=\"12\" height=\"12\" fill=\"none\" viewBox=\"0 0 12 12\">\n\t\t\t\t<path fill=\"#fff\" d=\"M2 0a2 2 0 0 0-2 2v2h1.5V2a.5.5 0 0 1 .5-.5h2V0H2Zm2 10.5H2a.5.5 0 0 1-.5-.5V8H0v2a2 2 0 0 0 2 2h2v-1.5ZM8 12v-1.5h2a.5.5 0 0 0 .5-.5V8H12v2a2 2 0 0 1-2 2H8Zm2-12a2 2 0 0 1 2 2v2h-1.5V2a.5.5 0 0 0-.5-.5H8V0h2Z\" \/>\n\t\t\t<\/svg>\n\t\t<\/button><figcaption class=\"wp-element-caption\">Foto: JoachimKohler-HB \/ Wikimedia Commons, CC BY-SA 4.0<\/figcaption><\/figure>\n\n\n\n<h3 class=\"wp-block-heading\"><span class=\"ez-toc-section\" id=\"23_Schynige_Platte_Zahnradbahn_und_Alpengarten\"><\/span>23. Schynige Platte: Zahnradbahn und Alpengarten<span class=\"ez-toc-section-end\"><\/span><\/h3>\n\n\n\n<p class=\"wp-block-paragraph\">F\u00fcr diesen Ausflug musst du dich nur ins nahe Wilderswil begeben, von wo die historische Zahnradbahn auf die <strong>Schynige Platte auf 1.967 Meter H\u00f6he<\/strong> abf\u00e4hrt. Die Fahrt in den alten Holzwaggons dauert fast eine Stunde und ist pure Romantik. Das Retourticket kostet 2026 <strong>68 CHF f\u00fcr Erwachsene<\/strong>, mit Halbtax oder Swiss Travel Pass 34 CHF, und <strong>mit dem Bernese Oberland Pass ist die Fahrt gratis<\/strong>. Die Zahnradbahn f\u00e4hrt vom 13. Juni bis 25. Oktober.<\/p>\n\n\n\n<p class=\"wp-block-paragraph\">Oben empf\u00e4ngt dich ein atemberaubender <strong>botanischer Alpengarten<\/strong>, wo auf einem sorgf\u00e4ltig gepflegten Rundweg rund <strong>800 Arten von Hochgebirgspflanzen<\/strong> wachsen, darunter seltene Alpen-Edelwei\u00dfe. Alles ist sch\u00f6n beschriftet und nach nat\u00fcrlichen Biotopen geordnet.<\/p>\n\n\n\n<p class=\"wp-block-paragraph\">Das beste Erlebnis ist aber der Rundweg <strong>Panoramaweg<\/strong>. Das ist eine gem\u00fctliche Tour von rund 2,5 Stunden, die dich zu zwei fantastischen Aussichtspunkten auf den Felsen Daube und Oberberghorn f\u00fchrt. Es ist eine Route f\u00fcr die ganze Familie, die keinerlei Klettertalent erfordert, aber Ausblicke wie f\u00fcr Profis bietet.<\/p>\n\n\n\n<p class=\"wp-block-paragraph\">\ud83d\udca1 Tipp: 2026 gelten an bestimmten Daten (meist von Mitte Juni bis Oktober) <strong>verschiedene Sonderrabatte<\/strong>, vergiss also beim Kauf an der Kasse nicht zu pr\u00fcfen, ob du <strong>Anspruch auf ein g\u00fcnstigeres Ticket<\/strong> hast.<\/p>\n\n\n\n<figure data-wp-context=\"{&quot;imageId&quot;:&quot;6a9655693a879&quot;}\" data-wp-interactive=\"core\/image\" data-wp-key=\"6a9655693a879\" class=\"wp-block-image size-full wp-lightbox-container\"><img decoding=\"async\" width=\"1800\" height=\"1350\" data-wp-class--hide=\"state.isContentHidden\" data-wp-class--show=\"state.isContentVisible\" data-wp-init=\"callbacks.setButtonStyles\" data-wp-on--click=\"actions.showLightbox\" data-wp-on--load=\"callbacks.setButtonStyles\" data-wp-on--pointerdown=\"actions.preloadImage\" data-wp-on--pointerenter=\"actions.preloadImageWithDelay\" data-wp-on--pointerleave=\"actions.cancelPreload\" data-wp-on-window--resize=\"callbacks.setButtonStyles\" src=\"https:\/\/loudavymkrokem.cz\/wp-content\/uploads\/2026\/08\/articles-bonigen-24.jpg\" alt=\"Interlaken mit Blick auf die Jungfrau\" class=\"wp-image-404509\" title=\"\" srcset=\"https:\/\/loudavymkrokem.cz\/wp-content\/uploads\/2026\/08\/articles-bonigen-24.jpg 1800w, https:\/\/loudavymkrokem.cz\/wp-content\/uploads\/2026\/08\/articles-bonigen-24-300x225.jpg 300w, https:\/\/loudavymkrokem.cz\/wp-content\/uploads\/2026\/08\/articles-bonigen-24-700x525.jpg 700w, https:\/\/loudavymkrokem.cz\/wp-content\/uploads\/2026\/08\/articles-bonigen-24-768x576.jpg 768w, https:\/\/loudavymkrokem.cz\/wp-content\/uploads\/2026\/08\/articles-bonigen-24-1536x1152.jpg 1536w, https:\/\/loudavymkrokem.cz\/wp-content\/uploads\/2026\/08\/articles-bonigen-24-80x60.jpg 80w, https:\/\/loudavymkrokem.cz\/wp-content\/uploads\/2026\/08\/articles-bonigen-24-160x120.jpg 160w, https:\/\/loudavymkrokem.cz\/wp-content\/uploads\/2026\/08\/articles-bonigen-24-696x522.jpg 696w, https:\/\/loudavymkrokem.cz\/wp-content\/uploads\/2026\/08\/articles-bonigen-24-1392x1044.jpg 1392w\" sizes=\"(max-width: 1800px) 100vw, 1800px\" \/><button\n\t\t\tclass=\"lightbox-trigger\"\n\t\t\ttype=\"button\"\n\t\t\taria-haspopup=\"dialog\"\n\t\t\tdata-wp-bind--aria-label=\"state.thisImage.triggerButtonAriaLabel\"\n\t\t\tdata-wp-init=\"callbacks.initTriggerButton\"\n\t\t\tdata-wp-on--click=\"actions.showLightbox\"\n\t\t\tdata-wp-style--right=\"state.thisImage.buttonRight\"\n\t\t\tdata-wp-style--top=\"state.thisImage.buttonTop\"\n\t\t>\n\t\t\t<svg xmlns=\"http:\/\/www.w3.org\/2000\/svg\" width=\"12\" height=\"12\" fill=\"none\" viewBox=\"0 0 12 12\">\n\t\t\t\t<path fill=\"#fff\" d=\"M2 0a2 2 0 0 0-2 2v2h1.5V2a.5.5 0 0 1 .5-.5h2V0H2Zm2 10.5H2a.5.5 0 0 1-.5-.5V8H0v2a2 2 0 0 0 2 2h2v-1.5ZM8 12v-1.5h2a.5.5 0 0 0 .5-.5V8H12v2a2 2 0 0 1-2 2H8Zm2-12a2 2 0 0 1 2 2v2h-1.5V2a.5.5 0 0 0-.5-.5H8V0h2Z\" \/>\n\t\t\t<\/svg>\n\t\t<\/button><figcaption class=\"wp-element-caption\">Foto: Paebi \/ Wikimedia Commons, CC BY-SA 4.0<\/figcaption><\/figure>\n\n\n\n<h3 class=\"wp-block-heading\"><span class=\"ez-toc-section\" id=\"24_Interlaken_Die_benachbarte_Touristenbasis\"><\/span>24. Interlaken: Die benachbarte Touristenbasis<span class=\"ez-toc-section-end\"><\/span><\/h3>\n\n\n\n<p class=\"wp-block-paragraph\">Wenn dir die Ruhe von B\u00f6nigen zu viel wird, steigst du einfach in den Bus 103 und bist in knapp 10 Minuten im Zentrum von Interlaken. Diese Stadt ist das genaue Gegenteil. Sie ist <strong>lebhaft, voller Souvenirl\u00e4den, luxuri\u00f6ser Uhrenboutiquen<\/strong>, und \u00fcber den K\u00f6pfen kreisen st\u00e4ndig Dutzende Paragleiter, die auf der gro\u00dfen Wiese H\u00f6hematte direkt im Zentrum landen.<\/p>\n\n\n\n<p class=\"wp-block-paragraph\">Du findest hier die besten Superm\u00e4rkte f\u00fcr den Einkauf von Vorr\u00e4ten, viele Restaurants aus aller Welt und ein riesiges Casino. Interlaken funktioniert zudem als <strong>Haupt-Verkehrsknotenpunkt<\/strong> f\u00fcr die gr\u00f6\u00dften Ausfl\u00fcge der Region, inklusive der <strong>extrem teuren Zahnradbahn aufs Jungfraujoch<\/strong> (Top of Europe).<\/p>\n\n\n\n<p class=\"wp-block-paragraph\">Es ist sch\u00f6n, durch die Stadt zu schlendern, Schokolade einzukaufen und die internationale Atmosph\u00e4re aufzusaugen, aber du wirst sehen, dass du abends mit gro\u00dfer Freude <strong>zur\u00fcck ins stille Dorf<\/strong> am See kehrst. Interlaken ist ein toller Diener, aber als Wohnbasis ist es f\u00fcr meinen Geschmack <strong>zu chaotisch<\/strong>.<\/p>\n\n\n\n<p class=\"wp-block-paragraph\">\ud83d\udca1 Tipp: Alle <strong>Informationen zu aktuellen Veranstaltungen<\/strong>, Festivals und Seilbahnen in der weiteren Umgebung findest du am besten aufbereitet auf dem Portal <a href=\"https:\/\/www.interlaken.swiss\" target=\"_blank\" rel=\"nofollow noopener\">Interlaken<\/a>, das du dir <strong>als Lesezeichen speichern<\/strong> solltest.<\/p>\n\n\n\n<figure data-wp-context=\"{&quot;imageId&quot;:&quot;6a9655693b120&quot;}\" data-wp-interactive=\"core\/image\" data-wp-key=\"6a9655693b120\" class=\"wp-block-image size-full wp-lightbox-container\"><img decoding=\"async\" width=\"1800\" height=\"1200\" data-wp-class--hide=\"state.isContentHidden\" data-wp-class--show=\"state.isContentVisible\" data-wp-init=\"callbacks.setButtonStyles\" data-wp-on--click=\"actions.showLightbox\" data-wp-on--load=\"callbacks.setButtonStyles\" data-wp-on--pointerdown=\"actions.preloadImage\" data-wp-on--pointerenter=\"actions.preloadImageWithDelay\" data-wp-on--pointerleave=\"actions.cancelPreload\" data-wp-on-window--resize=\"callbacks.setButtonStyles\" src=\"https:\/\/loudavymkrokem.cz\/wp-content\/uploads\/2026\/08\/articles-bonigen-25.jpg\" alt=\"Familienausflug zum Brienzersee\" class=\"wp-image-404513\" title=\"\" srcset=\"https:\/\/loudavymkrokem.cz\/wp-content\/uploads\/2026\/08\/articles-bonigen-25.jpg 1800w, https:\/\/loudavymkrokem.cz\/wp-content\/uploads\/2026\/08\/articles-bonigen-25-300x200.jpg 300w, https:\/\/loudavymkrokem.cz\/wp-content\/uploads\/2026\/08\/articles-bonigen-25-700x467.jpg 700w, https:\/\/loudavymkrokem.cz\/wp-content\/uploads\/2026\/08\/articles-bonigen-25-768x512.jpg 768w, https:\/\/loudavymkrokem.cz\/wp-content\/uploads\/2026\/08\/articles-bonigen-25-1536x1024.jpg 1536w, https:\/\/loudavymkrokem.cz\/wp-content\/uploads\/2026\/08\/articles-bonigen-25-696x464.jpg 696w, https:\/\/loudavymkrokem.cz\/wp-content\/uploads\/2026\/08\/articles-bonigen-25-1392x928.jpg 1392w\" sizes=\"(max-width: 1800px) 100vw, 1800px\" \/><button\n\t\t\tclass=\"lightbox-trigger\"\n\t\t\ttype=\"button\"\n\t\t\taria-haspopup=\"dialog\"\n\t\t\tdata-wp-bind--aria-label=\"state.thisImage.triggerButtonAriaLabel\"\n\t\t\tdata-wp-init=\"callbacks.initTriggerButton\"\n\t\t\tdata-wp-on--click=\"actions.showLightbox\"\n\t\t\tdata-wp-style--right=\"state.thisImage.buttonRight\"\n\t\t\tdata-wp-style--top=\"state.thisImage.buttonTop\"\n\t\t>\n\t\t\t<svg xmlns=\"http:\/\/www.w3.org\/2000\/svg\" width=\"12\" height=\"12\" fill=\"none\" viewBox=\"0 0 12 12\">\n\t\t\t\t<path fill=\"#fff\" d=\"M2 0a2 2 0 0 0-2 2v2h1.5V2a.5.5 0 0 1 .5-.5h2V0H2Zm2 10.5H2a.5.5 0 0 1-.5-.5V8H0v2a2 2 0 0 0 2 2h2v-1.5ZM8 12v-1.5h2a.5.5 0 0 0 .5-.5V8H12v2a2 2 0 0 1-2 2H8Zm2-12a2 2 0 0 1 2 2v2h-1.5V2a.5.5 0 0 0-.5-.5H8V0h2Z\" \/>\n\t\t\t<\/svg>\n\t\t<\/button><figcaption class=\"wp-element-caption\">Foto: Nicojonesgodel \/ Wikimedia Commons, CC BY-SA 4.0<\/figcaption><\/figure>\n\n\n\n<h2 class=\"wp-block-heading\"><span class=\"ez-toc-section\" id=\"Boenigen_mit_Kindern_Was_du_mit_der_Familie_unternehmen_kannst\"><\/span>B\u00f6nigen mit Kindern: Was du mit der Familie unternehmen kannst<span class=\"ez-toc-section-end\"><\/span><\/h2>\n\n\n\n<p class=\"wp-block-paragraph\">Das Berner Oberland kann f\u00fcr den Familiengeldbeutel ziemlich unbarmherzig sein, aber B\u00f6nigen ist in dieser Hinsicht \u00fcberraschend freundlich und hat einen riesigen Vorteil. Viele Aktivit\u00e4ten lassen sich direkt am Wasser machen, <strong>ohne dass du teure Seilbahnen zahlen musst<\/strong>, und das Gel\u00e4nde ist hier flach genug, dass es <strong>auch kleinere Kinder<\/strong> ohne unn\u00f6tiges Gemecker schaffen.<\/p>\n\n\n\n<p class=\"wp-block-paragraph\">Das \u00f6rtliche Tourismusb\u00fcro wei\u00df au\u00dferdem sehr gut, dass Familien einen wesentlichen Teil der Besucher ausmachen, sodass du hier <strong>viele clevere Attraktionen<\/strong> findest, die Kinder in Bewegung halten und trotzdem nicht genervt sind. Hier sind <strong>f\u00fcnf bew\u00e4hrte Tipps<\/strong>, was du mit Kindern unternehmen kannst:<\/p>\n\n\n\n<figure data-wp-context=\"{&quot;imageId&quot;:&quot;6a9655693bbab&quot;}\" data-wp-interactive=\"core\/image\" data-wp-key=\"6a9655693bbab\" class=\"wp-block-image size-full wp-lightbox-container\"><img decoding=\"async\" width=\"1800\" height=\"1321\" data-wp-class--hide=\"state.isContentHidden\" data-wp-class--show=\"state.isContentVisible\" data-wp-init=\"callbacks.setButtonStyles\" data-wp-on--click=\"actions.showLightbox\" data-wp-on--load=\"callbacks.setButtonStyles\" data-wp-on--pointerdown=\"actions.preloadImage\" data-wp-on--pointerenter=\"actions.preloadImageWithDelay\" data-wp-on--pointerleave=\"actions.cancelPreload\" data-wp-on-window--resize=\"callbacks.setButtonStyles\" src=\"https:\/\/loudavymkrokem.cz\/wp-content\/uploads\/2026\/08\/articles-bonigen-26.jpg\" alt=\"Strandbad am See mit Kinderbereich\" class=\"wp-image-404514\" title=\"\" srcset=\"https:\/\/loudavymkrokem.cz\/wp-content\/uploads\/2026\/08\/articles-bonigen-26.jpg 1800w, https:\/\/loudavymkrokem.cz\/wp-content\/uploads\/2026\/08\/articles-bonigen-26-300x220.jpg 300w, https:\/\/loudavymkrokem.cz\/wp-content\/uploads\/2026\/08\/articles-bonigen-26-700x514.jpg 700w, https:\/\/loudavymkrokem.cz\/wp-content\/uploads\/2026\/08\/articles-bonigen-26-768x564.jpg 768w, https:\/\/loudavymkrokem.cz\/wp-content\/uploads\/2026\/08\/articles-bonigen-26-1536x1127.jpg 1536w, https:\/\/loudavymkrokem.cz\/wp-content\/uploads\/2026\/08\/articles-bonigen-26-80x60.jpg 80w, https:\/\/loudavymkrokem.cz\/wp-content\/uploads\/2026\/08\/articles-bonigen-26-696x511.jpg 696w, https:\/\/loudavymkrokem.cz\/wp-content\/uploads\/2026\/08\/articles-bonigen-26-1392x1022.jpg 1392w\" sizes=\"(max-width: 1800px) 100vw, 1800px\" \/><button\n\t\t\tclass=\"lightbox-trigger\"\n\t\t\ttype=\"button\"\n\t\t\taria-haspopup=\"dialog\"\n\t\t\tdata-wp-bind--aria-label=\"state.thisImage.triggerButtonAriaLabel\"\n\t\t\tdata-wp-init=\"callbacks.initTriggerButton\"\n\t\t\tdata-wp-on--click=\"actions.showLightbox\"\n\t\t\tdata-wp-style--right=\"state.thisImage.buttonRight\"\n\t\t\tdata-wp-style--top=\"state.thisImage.buttonTop\"\n\t\t>\n\t\t\t<svg xmlns=\"http:\/\/www.w3.org\/2000\/svg\" width=\"12\" height=\"12\" fill=\"none\" viewBox=\"0 0 12 12\">\n\t\t\t\t<path fill=\"#fff\" d=\"M2 0a2 2 0 0 0-2 2v2h1.5V2a.5.5 0 0 1 .5-.5h2V0H2Zm2 10.5H2a.5.5 0 0 1-.5-.5V8H0v2a2 2 0 0 0 2 2h2v-1.5ZM8 12v-1.5h2a.5.5 0 0 0 .5-.5V8H12v2a2 2 0 0 1-2 2H8Zm2-12a2 2 0 0 1 2 2v2h-1.5V2a.5.5 0 0 0-.5-.5H8V0h2Z\" \/>\n\t\t\t<\/svg>\n\t\t<\/button><figcaption class=\"wp-element-caption\">Foto: Patrick Nouhailler \/ Wikimedia Commons, CC BY-SA 3.0<\/figcaption><\/figure>\n\n\n\n<h3 class=\"wp-block-heading\"><span class=\"ez-toc-section\" id=\"Strandbad_The_Beach_und_grosszuegiger_Spielplatz\"><\/span>Strandbad The Beach und gro\u00dfz\u00fcgiger Spielplatz<span class=\"ez-toc-section-end\"><\/span><\/h3>\n\n\n\n<p class=\"wp-block-paragraph\">Wenn es drau\u00dfen hei\u00df ist, ist das die absolute Sicherheit. Der <strong>Eintritt von 4 CHF pro Kind<\/strong> (bis 15 Jahre) ist f\u00fcr Schweizer Verh\u00e4ltnisse ein Witz-Betrag. Kinder k\u00f6nnen sich im <strong>beheizten Becken mit einer idealen Tiefe zum Spielen<\/strong> austoben oder im sicheren Kinderplanschbecken.<\/p>\n\n\n\n<p class=\"wp-block-paragraph\">Teil des Areals ist ein <strong>gro\u00dfer Spielplatz mit Wasserattraktionen<\/strong>, wo sich die Kleinen problemlos gegenseitig mit Wasser bespritzen und Sandburgen bauen. Der ganze Bereich ist zudem <strong>problemlos mit Kinderwagen zug\u00e4nglich<\/strong>, sodass du auch mit den kleinsten Ausfl\u00fcglern leicht herkommst.<\/p>\n\n\n\n<figure data-wp-context=\"{&quot;imageId&quot;:&quot;6a9655693c676&quot;}\" data-wp-interactive=\"core\/image\" data-wp-key=\"6a9655693c676\" class=\"wp-block-image size-full wp-lightbox-container\"><img decoding=\"async\" width=\"1800\" height=\"1199\" data-wp-class--hide=\"state.isContentHidden\" data-wp-class--show=\"state.isContentVisible\" data-wp-init=\"callbacks.setButtonStyles\" data-wp-on--click=\"actions.showLightbox\" data-wp-on--load=\"callbacks.setButtonStyles\" data-wp-on--pointerdown=\"actions.preloadImage\" data-wp-on--pointerenter=\"actions.preloadImageWithDelay\" data-wp-on--pointerleave=\"actions.cancelPreload\" data-wp-on-window--resize=\"callbacks.setButtonStyles\" src=\"https:\/\/loudavymkrokem.cz\/wp-content\/uploads\/2026\/08\/articles-bonigen-27.jpg\" alt=\"Gassen des Dorfes Iseltwald\" class=\"wp-image-404516\" title=\"\" srcset=\"https:\/\/loudavymkrokem.cz\/wp-content\/uploads\/2026\/08\/articles-bonigen-27.jpg 1800w, https:\/\/loudavymkrokem.cz\/wp-content\/uploads\/2026\/08\/articles-bonigen-27-300x200.jpg 300w, https:\/\/loudavymkrokem.cz\/wp-content\/uploads\/2026\/08\/articles-bonigen-27-700x466.jpg 700w, https:\/\/loudavymkrokem.cz\/wp-content\/uploads\/2026\/08\/articles-bonigen-27-768x512.jpg 768w, https:\/\/loudavymkrokem.cz\/wp-content\/uploads\/2026\/08\/articles-bonigen-27-1536x1023.jpg 1536w, https:\/\/loudavymkrokem.cz\/wp-content\/uploads\/2026\/08\/articles-bonigen-27-696x464.jpg 696w, https:\/\/loudavymkrokem.cz\/wp-content\/uploads\/2026\/08\/articles-bonigen-27-1392x927.jpg 1392w\" sizes=\"(max-width: 1800px) 100vw, 1800px\" \/><button\n\t\t\tclass=\"lightbox-trigger\"\n\t\t\ttype=\"button\"\n\t\t\taria-haspopup=\"dialog\"\n\t\t\tdata-wp-bind--aria-label=\"state.thisImage.triggerButtonAriaLabel\"\n\t\t\tdata-wp-init=\"callbacks.initTriggerButton\"\n\t\t\tdata-wp-on--click=\"actions.showLightbox\"\n\t\t\tdata-wp-style--right=\"state.thisImage.buttonRight\"\n\t\t\tdata-wp-style--top=\"state.thisImage.buttonTop\"\n\t\t>\n\t\t\t<svg xmlns=\"http:\/\/www.w3.org\/2000\/svg\" width=\"12\" height=\"12\" fill=\"none\" viewBox=\"0 0 12 12\">\n\t\t\t\t<path fill=\"#fff\" d=\"M2 0a2 2 0 0 0-2 2v2h1.5V2a.5.5 0 0 1 .5-.5h2V0H2Zm2 10.5H2a.5.5 0 0 1-.5-.5V8H0v2a2 2 0 0 0 2 2h2v-1.5ZM8 12v-1.5h2a.5.5 0 0 0 .5-.5V8H12v2a2 2 0 0 1-2 2H8Zm2-12a2 2 0 0 1 2 2v2h-1.5V2a.5.5 0 0 0-.5-.5H8V0h2Z\" \/>\n\t\t\t<\/svg>\n\t\t<\/button><figcaption class=\"wp-element-caption\">Foto: Jean-Paul Wettstein \/ Pexels<\/figcaption><\/figure>\n\n\n\n<h3 class=\"wp-block-heading\"><span class=\"ez-toc-section\" id=\"Schatzsuche_und_Krimispiel_in_Iseltwald\"><\/span>Schatzsuche und Krimispiel in Iseltwald<span class=\"ez-toc-section-end\"><\/span><\/h3>\n\n\n\n<p class=\"wp-block-paragraph\">Wie bringt man Kinder ohne Gejammer zum Laufen? Mit einem Spiel! Direkt in B\u00f6nigen kannst du mit den Kindern auf die <strong>Schatzsuche B\u00f6nigen (Schatzsuche f\u00fcr Familien)<\/strong> gehen, was eine spielerische Form des Dorfrundgangs mit Aufgaben ist. Die Stationen sind clever so ausgedacht, dass sie alle Generationen unterhalten.<\/p>\n\n\n\n<p class=\"wp-block-paragraph\">Im benachbarten Iseltwald gibt es wiederum den <strong>KrimiSpass Iseltwald<\/strong>, ein digitales Detektivspiel f\u00fcrs Smartphone, bei dem Kinder beim Spaziergang durch die Umgebung einen r\u00e4tselhaften Fall l\u00f6sen. Es dauert gerade so lange, dass es ihre Aufmerksamkeit h\u00e4lt und niemandem die F\u00fc\u00dfchen wehtun.<\/p>\n\n\n\n<figure data-wp-context=\"{&quot;imageId&quot;:&quot;6a9655693ce0c&quot;}\" data-wp-interactive=\"core\/image\" data-wp-key=\"6a9655693ce0c\" class=\"wp-block-image size-full wp-lightbox-container\"><img decoding=\"async\" width=\"1800\" height=\"1073\" data-wp-class--hide=\"state.isContentHidden\" data-wp-class--show=\"state.isContentVisible\" data-wp-init=\"callbacks.setButtonStyles\" data-wp-on--click=\"actions.showLightbox\" data-wp-on--load=\"callbacks.setButtonStyles\" data-wp-on--pointerdown=\"actions.preloadImage\" data-wp-on--pointerenter=\"actions.preloadImageWithDelay\" data-wp-on--pointerleave=\"actions.cancelPreload\" data-wp-on-window--resize=\"callbacks.setButtonStyles\" src=\"https:\/\/loudavymkrokem.cz\/wp-content\/uploads\/2026\/08\/articles-bonigen-28.jpg\" alt=\"Campingplatz am See in den Bergen\" class=\"wp-image-404519\" title=\"\" srcset=\"https:\/\/loudavymkrokem.cz\/wp-content\/uploads\/2026\/08\/articles-bonigen-28.jpg 1800w, https:\/\/loudavymkrokem.cz\/wp-content\/uploads\/2026\/08\/articles-bonigen-28-300x179.jpg 300w, https:\/\/loudavymkrokem.cz\/wp-content\/uploads\/2026\/08\/articles-bonigen-28-700x417.jpg 700w, https:\/\/loudavymkrokem.cz\/wp-content\/uploads\/2026\/08\/articles-bonigen-28-768x458.jpg 768w, https:\/\/loudavymkrokem.cz\/wp-content\/uploads\/2026\/08\/articles-bonigen-28-1536x916.jpg 1536w, https:\/\/loudavymkrokem.cz\/wp-content\/uploads\/2026\/08\/articles-bonigen-28-696x415.jpg 696w, https:\/\/loudavymkrokem.cz\/wp-content\/uploads\/2026\/08\/articles-bonigen-28-1392x830.jpg 1392w\" sizes=\"(max-width: 1800px) 100vw, 1800px\" \/><button\n\t\t\tclass=\"lightbox-trigger\"\n\t\t\ttype=\"button\"\n\t\t\taria-haspopup=\"dialog\"\n\t\t\tdata-wp-bind--aria-label=\"state.thisImage.triggerButtonAriaLabel\"\n\t\t\tdata-wp-init=\"callbacks.initTriggerButton\"\n\t\t\tdata-wp-on--click=\"actions.showLightbox\"\n\t\t\tdata-wp-style--right=\"state.thisImage.buttonRight\"\n\t\t\tdata-wp-style--top=\"state.thisImage.buttonTop\"\n\t\t>\n\t\t\t<svg xmlns=\"http:\/\/www.w3.org\/2000\/svg\" width=\"12\" height=\"12\" fill=\"none\" viewBox=\"0 0 12 12\">\n\t\t\t\t<path fill=\"#fff\" d=\"M2 0a2 2 0 0 0-2 2v2h1.5V2a.5.5 0 0 1 .5-.5h2V0H2Zm2 10.5H2a.5.5 0 0 1-.5-.5V8H0v2a2 2 0 0 0 2 2h2v-1.5ZM8 12v-1.5h2a.5.5 0 0 0 .5-.5V8H12v2a2 2 0 0 1-2 2H8Zm2-12a2 2 0 0 1 2 2v2h-1.5V2a.5.5 0 0 0-.5-.5H8V0h2Z\" \/>\n\t\t\t<\/svg>\n\t\t<\/button><figcaption class=\"wp-element-caption\">Foto: Syed Qaarif Andrabi \/ Pexels<\/figcaption><\/figure>\n\n\n\n<h3 class=\"wp-block-heading\"><span class=\"ez-toc-section\" id=\"Camping_TCS_tolle_Lage_aber_mit_grossem_Vorbehalt\"><\/span>Camping TCS: tolle Lage, aber mit gro\u00dfem Vorbehalt<span class=\"ez-toc-section-end\"><\/span><\/h3>\n\n\n\n<p class=\"wp-block-paragraph\"><strong>TCS Camping B\u00f6nigen Brienzersee<\/strong> an der Campingstrasse 14 liegt direkt am See und zweihundert Meter vom Strand entfernt. Die Lage ist wirklich toll, und das ist etwas, das ihm niemand nehmen kann. Die Saison l\u00e4uft <strong>vom 2. April bis 18. Oktober<\/strong>, und im Sommer zahlst du rund 72 bis 80 Euro pro Nacht.<\/p>\n\n\n\n<p class=\"wp-block-paragraph\">Gleich zu Beginn muss ich aber eine Sache richtigstellen, die viele deutsche und ausl\u00e4ndische Websites abschreiben: <strong>Auf dem Campingplatz gibt es weder ein Schwimmbad mit Rutsche noch Reiten<\/strong>. Es gibt nur ein Kinderplanschbecken, einen Spielplatz und ein Gehege mit Kaninchen und H\u00fchnern. Das beheizte Becken und die Rutschen sind im <strong>benachbarten Strandbad The Beach, wohin die Campingg\u00e4ste gratis gehen<\/strong> \u2013 nur hat das eben nur von Mitte Mai bis Mitte September ge\u00f6ffnet, sodass ein Teil der Campingsaison geschlossen ist.<\/p>\n\n\n\n<p class=\"wp-block-paragraph\">Und jetzt das Unangenehme. Wir waren hier <strong>mit unserem zweij\u00e4hrigen Sohn, der gerade das T\u00f6pfchen trainierte<\/strong>, und gleich am ersten Tag passierte ihm ein Missgeschick. Wir zogen ihm die nasse Hose aus und setzten ihn auf den Rasen, falls er beenden musste, was er begonnen hatte. Innerhalb kurzer Zeit stand ein Angestellter des Campingplatzes bei uns und bezeichnete das als \u201edisgusting&#8220; mit der Bemerkung, dass man auf den Rasen nicht pinkeln d\u00fcrfe, wenn Toiletten vorhanden seien.<\/p>\n\n\n\n<p class=\"wp-block-paragraph\">F\u00fcnf Minuten sp\u00e4ter kam ein zweiter Angestellter mit der Bemerkung, der Manager habe es gemeldet, und erkl\u00e4rte uns erneut, dass <strong>doch jedes Kind eine Toilette benutzen k\u00f6nne<\/strong> und dass so etwas hier noch nie passiert sei. Einem zweij\u00e4hrigen Kind im T\u00f6pfchentraining passieren aber nun mal Missgeschicke, und wir waren dabei und haben es sofort geregelt. Uns st\u00f6rte nicht der Hinweis auf die Regeln, sondern der <strong>feindselige und herabw\u00fcrdigende Ton<\/strong>.<\/p>\n\n\n\n<p class=\"wp-block-paragraph\">Den Rest des Aufenthalts f\u00fchlten wir uns dort unwillkommen. Dem Personal w\u00fcrde ich <strong>eine Eins von f\u00fcnf geben, der Lage eine F\u00fcnf von f\u00fcnf<\/strong>. Und wir sind damit nicht allein: Auf TripAdvisor h\u00e4lt der Platz nur 3,9 von 5, und die Bewertung des Service ist von der ganzen Beurteilung die niedrigste. Im April 2026 betitelte eine andere Familie ihre Rezension gleich mit \u201eFamilien nicht willkommen&#8220;, nachdem das Personal unangemessen auf die Kr\u00fcmel ihres ein- und vierj\u00e4hrigen Kindes reagiert hatte.<\/p>\n\n\n\n<p class=\"wp-block-paragraph\">\ud83d\udca1 Tipp: Wenn du in B\u00f6nigen campen willst und ein Kleinkind dabeihast, rechne damit, wie es hier l\u00e4uft \u2013 <strong>Familien mit den Kleinsten empfehle ich diesen Campingplatz nach eigener Erfahrung nicht<\/strong>. Erw\u00e4ge lieber ein Apartment mit K\u00fcchenzeile, das in der Schweiz sowieso besser wegkommt als Essen im Restaurant. Wer trotzdem f\u00e4hrt, sollte nach <strong>Platz Nummer 22<\/strong> fragen \u2013 er ist der einzige, wo die Hecke den Blick auf den See freil\u00e4sst.<\/p>\n\n\n\n<figure data-wp-context=\"{&quot;imageId&quot;:&quot;6a9655693d7c9&quot;}\" data-wp-interactive=\"core\/image\" data-wp-key=\"6a9655693d7c9\" class=\"wp-block-image size-full wp-lightbox-container\"><img decoding=\"async\" width=\"1800\" height=\"1275\" data-wp-class--hide=\"state.isContentHidden\" data-wp-class--show=\"state.isContentVisible\" data-wp-init=\"callbacks.setButtonStyles\" data-wp-on--click=\"actions.showLightbox\" data-wp-on--load=\"callbacks.setButtonStyles\" data-wp-on--pointerdown=\"actions.preloadImage\" data-wp-on--pointerenter=\"actions.preloadImageWithDelay\" data-wp-on--pointerleave=\"actions.cancelPreload\" data-wp-on-window--resize=\"callbacks.setButtonStyles\" src=\"https:\/\/loudavymkrokem.cz\/wp-content\/uploads\/2026\/08\/articles-bonigen-29.jpg\" alt=\"Alpengarten auf der Schynige Platte\" class=\"wp-image-404524\" title=\"\" srcset=\"https:\/\/loudavymkrokem.cz\/wp-content\/uploads\/2026\/08\/articles-bonigen-29.jpg 1800w, https:\/\/loudavymkrokem.cz\/wp-content\/uploads\/2026\/08\/articles-bonigen-29-300x213.jpg 300w, https:\/\/loudavymkrokem.cz\/wp-content\/uploads\/2026\/08\/articles-bonigen-29-700x496.jpg 700w, https:\/\/loudavymkrokem.cz\/wp-content\/uploads\/2026\/08\/articles-bonigen-29-768x544.jpg 768w, https:\/\/loudavymkrokem.cz\/wp-content\/uploads\/2026\/08\/articles-bonigen-29-1536x1088.jpg 1536w, https:\/\/loudavymkrokem.cz\/wp-content\/uploads\/2026\/08\/articles-bonigen-29-696x493.jpg 696w, https:\/\/loudavymkrokem.cz\/wp-content\/uploads\/2026\/08\/articles-bonigen-29-1392x986.jpg 1392w\" sizes=\"(max-width: 1800px) 100vw, 1800px\" \/><button\n\t\t\tclass=\"lightbox-trigger\"\n\t\t\ttype=\"button\"\n\t\t\taria-haspopup=\"dialog\"\n\t\t\tdata-wp-bind--aria-label=\"state.thisImage.triggerButtonAriaLabel\"\n\t\t\tdata-wp-init=\"callbacks.initTriggerButton\"\n\t\t\tdata-wp-on--click=\"actions.showLightbox\"\n\t\t\tdata-wp-style--right=\"state.thisImage.buttonRight\"\n\t\t\tdata-wp-style--top=\"state.thisImage.buttonTop\"\n\t\t>\n\t\t\t<svg xmlns=\"http:\/\/www.w3.org\/2000\/svg\" width=\"12\" height=\"12\" fill=\"none\" viewBox=\"0 0 12 12\">\n\t\t\t\t<path fill=\"#fff\" d=\"M2 0a2 2 0 0 0-2 2v2h1.5V2a.5.5 0 0 1 .5-.5h2V0H2Zm2 10.5H2a.5.5 0 0 1-.5-.5V8H0v2a2 2 0 0 0 2 2h2v-1.5ZM8 12v-1.5h2a.5.5 0 0 0 .5-.5V8H12v2a2 2 0 0 1-2 2H8Zm2-12a2 2 0 0 1 2 2v2h-1.5V2a.5.5 0 0 0-.5-.5H8V0h2Z\" \/>\n\t\t\t<\/svg>\n\t\t<\/button><figcaption class=\"wp-element-caption\">Foto: Murray Foubister \/ Wikimedia Commons, CC BY-SA 2.0<\/figcaption><\/figure>\n\n\n\n<h3 class=\"wp-block-heading\"><span class=\"ez-toc-section\" id=\"Lilys_Alpenspielplatz_und_Panoramaweg_auf_der_Schynige_Platte\"><\/span>Lilys Alpenspielplatz und Panoramaweg auf der Schynige Platte<span class=\"ez-toc-section-end\"><\/span><\/h3>\n\n\n\n<p class=\"wp-block-paragraph\">Wenn du mit der Zahnradbahn auf die Schynige Platte f\u00e4hrst, werden die Kinder von Lilys Alpenspielplatz begeistert sein. Sie finden hier einen <strong>abenteuerlichen Balancierpfad, eine riesige Rutsche und ein Kletterger\u00fcst in Form eines Adlerhorstes<\/strong> mit Blick auf die majest\u00e4tischen verschneiten Berge.<\/p>\n\n\n\n<p class=\"wp-block-paragraph\">Die anschlie\u00dfende Tour auf dem Rundweg Panoramaweg <strong>nimmt rund 2,5 Stunden<\/strong> in Anspruch, und das Gel\u00e4nde ist so freundlich, dass es mit etwas Hilfe <strong>auch Vorschulkinder<\/strong> schaffen. Der Weg ist breit, sicher und voller B\u00e4nke, wo man jederzeit f\u00fcr eine Brotzeit anhalten kann.<\/p>\n\n\n\n<figure data-wp-context=\"{&quot;imageId&quot;:&quot;6a9655693def7&quot;}\" data-wp-interactive=\"core\/image\" data-wp-key=\"6a9655693def7\" class=\"wp-block-image size-full wp-lightbox-container\"><img decoding=\"async\" width=\"1800\" height=\"1800\" data-wp-class--hide=\"state.isContentHidden\" data-wp-class--show=\"state.isContentVisible\" data-wp-init=\"callbacks.setButtonStyles\" data-wp-on--click=\"actions.showLightbox\" data-wp-on--load=\"callbacks.setButtonStyles\" data-wp-on--pointerdown=\"actions.preloadImage\" data-wp-on--pointerenter=\"actions.preloadImageWithDelay\" data-wp-on--pointerleave=\"actions.cancelPreload\" data-wp-on-window--resize=\"callbacks.setButtonStyles\" src=\"https:\/\/loudavymkrokem.cz\/wp-content\/uploads\/2026\/08\/articles-bonigen-30.jpg\" alt=\"BLS-Schiff auf dem Brienzersee\" class=\"wp-image-404528\" title=\"\" srcset=\"https:\/\/loudavymkrokem.cz\/wp-content\/uploads\/2026\/08\/articles-bonigen-30.jpg 1800w, https:\/\/loudavymkrokem.cz\/wp-content\/uploads\/2026\/08\/articles-bonigen-30-300x300.jpg 300w, https:\/\/loudavymkrokem.cz\/wp-content\/uploads\/2026\/08\/articles-bonigen-30-700x700.jpg 700w, https:\/\/loudavymkrokem.cz\/wp-content\/uploads\/2026\/08\/articles-bonigen-30-150x150.jpg 150w, https:\/\/loudavymkrokem.cz\/wp-content\/uploads\/2026\/08\/articles-bonigen-30-768x768.jpg 768w, https:\/\/loudavymkrokem.cz\/wp-content\/uploads\/2026\/08\/articles-bonigen-30-1536x1536.jpg 1536w, https:\/\/loudavymkrokem.cz\/wp-content\/uploads\/2026\/08\/articles-bonigen-30-696x696.jpg 696w, https:\/\/loudavymkrokem.cz\/wp-content\/uploads\/2026\/08\/articles-bonigen-30-1392x1392.jpg 1392w\" sizes=\"(max-width: 1800px) 100vw, 1800px\" \/><button\n\t\t\tclass=\"lightbox-trigger\"\n\t\t\ttype=\"button\"\n\t\t\taria-haspopup=\"dialog\"\n\t\t\tdata-wp-bind--aria-label=\"state.thisImage.triggerButtonAriaLabel\"\n\t\t\tdata-wp-init=\"callbacks.initTriggerButton\"\n\t\t\tdata-wp-on--click=\"actions.showLightbox\"\n\t\t\tdata-wp-style--right=\"state.thisImage.buttonRight\"\n\t\t\tdata-wp-style--top=\"state.thisImage.buttonTop\"\n\t\t>\n\t\t\t<svg xmlns=\"http:\/\/www.w3.org\/2000\/svg\" width=\"12\" height=\"12\" fill=\"none\" viewBox=\"0 0 12 12\">\n\t\t\t\t<path fill=\"#fff\" d=\"M2 0a2 2 0 0 0-2 2v2h1.5V2a.5.5 0 0 1 .5-.5h2V0H2Zm2 10.5H2a.5.5 0 0 1-.5-.5V8H0v2a2 2 0 0 0 2 2h2v-1.5ZM8 12v-1.5h2a.5.5 0 0 0 .5-.5V8H12v2a2 2 0 0 1-2 2H8Zm2-12a2 2 0 0 1 2 2v2h-1.5V2a.5.5 0 0 0-.5-.5H8V0h2Z\" \/>\n\t\t\t<\/svg>\n\t\t<\/button><figcaption class=\"wp-element-caption\">Foto: JoachimKohler-HB \/ Wikimedia Commons, CC BY-SA 4.0<\/figcaption><\/figure>\n\n\n\n<h3 class=\"wp-block-heading\"><span class=\"ez-toc-section\" id=\"Schiff_und_barrierefreie_Promenade_mit_Kinderwagen\"><\/span>Schiff und barrierefreie Promenade mit Kinderwagen<span class=\"ez-toc-section-end\"><\/span><\/h3>\n\n\n\n<p class=\"wp-block-paragraph\">Die Fahrt mit dem historischen Dampfer selbst ist f\u00fcr Kinder ein riesiges Erlebnis (und denk daran, dass <strong>Kinder bis 6 Jahre auf den BLS-Schiffen v\u00f6llig gratis fahren<\/strong>, \u00e4ltere bis 15 Jahre haben den halben Preis). An Bord k\u00f6nnen sie das riesige Schaufelrad in Bewegung beobachten, was zuverl\u00e4ssig eine gute halbe Stunde besch\u00e4ftigt.<\/p>\n\n\n\n<p class=\"wp-block-paragraph\">Mit dem Kinderwagen kannst du dich zudem auf den <strong>Seepromenadeweg<\/strong> begeben, einen sch\u00f6nen, breiten und v\u00f6llig barrierefreien Spaziergang entlang des Sees und der Aare in Richtung Interlaken. Nirgends unterwegs st\u00f6\u00dft du auf l\u00e4stige Treppen, und der Untergrund ist sch\u00f6n glatt.<\/p>\n\n\n\n<figure data-wp-context=\"{&quot;imageId&quot;:&quot;6a9655693e63d&quot;}\" data-wp-interactive=\"core\/image\" data-wp-key=\"6a9655693e63d\" class=\"wp-block-image size-full wp-lightbox-container\"><img decoding=\"async\" width=\"1800\" height=\"1200\" data-wp-class--hide=\"state.isContentHidden\" data-wp-class--show=\"state.isContentVisible\" data-wp-init=\"callbacks.setButtonStyles\" data-wp-on--click=\"actions.showLightbox\" data-wp-on--load=\"callbacks.setButtonStyles\" data-wp-on--pointerdown=\"actions.preloadImage\" data-wp-on--pointerenter=\"actions.preloadImageWithDelay\" data-wp-on--pointerleave=\"actions.cancelPreload\" data-wp-on-window--resize=\"callbacks.setButtonStyles\" src=\"https:\/\/loudavymkrokem.cz\/wp-content\/uploads\/2026\/08\/articles-bonigen-31.jpg\" alt=\"Dorf B\u00f6nigen und seine Restaurants\" class=\"wp-image-404530\" title=\"\" srcset=\"https:\/\/loudavymkrokem.cz\/wp-content\/uploads\/2026\/08\/articles-bonigen-31.jpg 1800w, https:\/\/loudavymkrokem.cz\/wp-content\/uploads\/2026\/08\/articles-bonigen-31-300x200.jpg 300w, https:\/\/loudavymkrokem.cz\/wp-content\/uploads\/2026\/08\/articles-bonigen-31-700x467.jpg 700w, https:\/\/loudavymkrokem.cz\/wp-content\/uploads\/2026\/08\/articles-bonigen-31-768x512.jpg 768w, https:\/\/loudavymkrokem.cz\/wp-content\/uploads\/2026\/08\/articles-bonigen-31-1536x1024.jpg 1536w, https:\/\/loudavymkrokem.cz\/wp-content\/uploads\/2026\/08\/articles-bonigen-31-696x464.jpg 696w, https:\/\/loudavymkrokem.cz\/wp-content\/uploads\/2026\/08\/articles-bonigen-31-1392x928.jpg 1392w\" sizes=\"(max-width: 1800px) 100vw, 1800px\" \/><button\n\t\t\tclass=\"lightbox-trigger\"\n\t\t\ttype=\"button\"\n\t\t\taria-haspopup=\"dialog\"\n\t\t\tdata-wp-bind--aria-label=\"state.thisImage.triggerButtonAriaLabel\"\n\t\t\tdata-wp-init=\"callbacks.initTriggerButton\"\n\t\t\tdata-wp-on--click=\"actions.showLightbox\"\n\t\t\tdata-wp-style--right=\"state.thisImage.buttonRight\"\n\t\t\tdata-wp-style--top=\"state.thisImage.buttonTop\"\n\t\t>\n\t\t\t<svg xmlns=\"http:\/\/www.w3.org\/2000\/svg\" width=\"12\" height=\"12\" fill=\"none\" viewBox=\"0 0 12 12\">\n\t\t\t\t<path fill=\"#fff\" d=\"M2 0a2 2 0 0 0-2 2v2h1.5V2a.5.5 0 0 1 .5-.5h2V0H2Zm2 10.5H2a.5.5 0 0 1-.5-.5V8H0v2a2 2 0 0 0 2 2h2v-1.5ZM8 12v-1.5h2a.5.5 0 0 0 .5-.5V8H12v2a2 2 0 0 1-2 2H8Zm2-12a2 2 0 0 1 2 2v2h-1.5V2a.5.5 0 0 0-.5-.5H8V0h2Z\" \/>\n\t\t\t<\/svg>\n\t\t<\/button><figcaption class=\"wp-element-caption\">Foto: Freek Wolsink \/ Pexels<\/figcaption><\/figure>\n\n\n\n<h2 class=\"wp-block-heading\"><span class=\"ez-toc-section\" id=\"Wo_du_in_Boenigen_essen_kannst\"><\/span>Wo du in B\u00f6nigen essen kannst<span class=\"ez-toc-section-end\"><\/span><\/h2>\n\n\n\n<p class=\"wp-block-paragraph\">Die Gastro-Szene direkt im Dorf ist eher \u00fcberschaubar, es ist eben keine Gro\u00dfstadt. Die meisten Leute fahren f\u00fcr die gro\u00dfe Auswahl an K\u00fcchen mit dem Bus ins nahe Interlaken, aber auch direkt am See findest du ein paar sehr angenehme Lokale, wo du dich nach der Wanderung ausruhst. Die \u00f6rtlichen Restaurants servieren oft <strong>frischen Fisch aus dem Brienzersee<\/strong>, eine <strong>ber\u00fchmte lokale Spezialit\u00e4t<\/strong>, f\u00fcr die Reisende aus der ganzen Umgebung anreisen.<\/p>\n\n\n\n<p class=\"wp-block-paragraph\">Wenn du nach einem anstrengenden Tag auf Nummer sicher gehen willst, hier sind Lokale mit hervorragender Bewertung:<\/p>\n\n\n\n<figure data-wp-context=\"{&quot;imageId&quot;:&quot;6a9655693ed4f&quot;}\" data-wp-interactive=\"core\/image\" data-wp-key=\"6a9655693ed4f\" class=\"wp-block-image size-full wp-lightbox-container\"><img decoding=\"async\" width=\"1800\" height=\"1200\" data-wp-class--hide=\"state.isContentHidden\" data-wp-class--show=\"state.isContentVisible\" data-wp-init=\"callbacks.setButtonStyles\" data-wp-on--click=\"actions.showLightbox\" data-wp-on--load=\"callbacks.setButtonStyles\" data-wp-on--pointerdown=\"actions.preloadImage\" data-wp-on--pointerenter=\"actions.preloadImageWithDelay\" data-wp-on--pointerleave=\"actions.cancelPreload\" data-wp-on-window--resize=\"callbacks.setButtonStyles\" src=\"https:\/\/loudavymkrokem.cz\/wp-content\/uploads\/2026\/08\/articles-bonigen-32.jpg\" alt=\"Pizza in einem Restaurant am See\" class=\"wp-image-404535\" title=\"\" srcset=\"https:\/\/loudavymkrokem.cz\/wp-content\/uploads\/2026\/08\/articles-bonigen-32.jpg 1800w, https:\/\/loudavymkrokem.cz\/wp-content\/uploads\/2026\/08\/articles-bonigen-32-300x200.jpg 300w, https:\/\/loudavymkrokem.cz\/wp-content\/uploads\/2026\/08\/articles-bonigen-32-700x467.jpg 700w, https:\/\/loudavymkrokem.cz\/wp-content\/uploads\/2026\/08\/articles-bonigen-32-768x512.jpg 768w, https:\/\/loudavymkrokem.cz\/wp-content\/uploads\/2026\/08\/articles-bonigen-32-1536x1024.jpg 1536w, https:\/\/loudavymkrokem.cz\/wp-content\/uploads\/2026\/08\/articles-bonigen-32-696x464.jpg 696w, https:\/\/loudavymkrokem.cz\/wp-content\/uploads\/2026\/08\/articles-bonigen-32-1392x928.jpg 1392w\" sizes=\"(max-width: 1800px) 100vw, 1800px\" \/><button\n\t\t\tclass=\"lightbox-trigger\"\n\t\t\ttype=\"button\"\n\t\t\taria-haspopup=\"dialog\"\n\t\t\tdata-wp-bind--aria-label=\"state.thisImage.triggerButtonAriaLabel\"\n\t\t\tdata-wp-init=\"callbacks.initTriggerButton\"\n\t\t\tdata-wp-on--click=\"actions.showLightbox\"\n\t\t\tdata-wp-style--right=\"state.thisImage.buttonRight\"\n\t\t\tdata-wp-style--top=\"state.thisImage.buttonTop\"\n\t\t>\n\t\t\t<svg xmlns=\"http:\/\/www.w3.org\/2000\/svg\" width=\"12\" height=\"12\" fill=\"none\" viewBox=\"0 0 12 12\">\n\t\t\t\t<path fill=\"#fff\" d=\"M2 0a2 2 0 0 0-2 2v2h1.5V2a.5.5 0 0 1 .5-.5h2V0H2Zm2 10.5H2a.5.5 0 0 1-.5-.5V8H0v2a2 2 0 0 0 2 2h2v-1.5ZM8 12v-1.5h2a.5.5 0 0 0 .5-.5V8H12v2a2 2 0 0 1-2 2H8Zm2-12a2 2 0 0 1 2 2v2h-1.5V2a.5.5 0 0 0-.5-.5H8V0h2Z\" \/>\n\t\t\t<\/svg>\n\t\t<\/button><figcaption class=\"wp-element-caption\">Foto: Cup of  Couple \/ Pexels<\/figcaption><\/figure>\n\n\n\n<h3 class=\"wp-block-heading\"><span class=\"ez-toc-section\" id=\"Pizzeria_La_Boheme\"><\/span>Pizzeria La Boh\u00e8me<span class=\"ez-toc-section-end\"><\/span><\/h3>\n\n\n\n<p class=\"wp-block-paragraph\">Du findest sie direkt im Geb\u00e4ude des Hotels Seiler au Lac an der Seepromenade (Am Quai 3). Bei Google h\u00e4lt sie eine sehr solide Bewertung von 4,4 und ist eine <strong>absolut sichere und s\u00e4ttigende Wahl, wenn du nach einem anstrengenden Tag gerade nicht lange experimentieren willst<\/strong> mit der Speisekarte.<\/p>\n\n\n\n<p class=\"wp-block-paragraph\">Lass dir auf keinen Fall die <strong>tolle Pizza Margherita<\/strong> mit extra K\u00e4se oder die ausgezeichnete Pasta entgehen. Man sitzt hier <strong>sch\u00f6n nah am Wasser<\/strong>, die Atmosph\u00e4re ist angenehm entspannt, und das Personal ist v\u00f6llig an verschwitzte Touristen in schweren Wanderschuhen gew\u00f6hnt.<\/p>\n\n\n\n<figure data-wp-context=\"{&quot;imageId&quot;:&quot;6a9655693f474&quot;}\" data-wp-interactive=\"core\/image\" data-wp-key=\"6a9655693f474\" class=\"wp-block-image size-full wp-lightbox-container\"><img decoding=\"async\" width=\"1800\" height=\"1200\" data-wp-class--hide=\"state.isContentHidden\" data-wp-class--show=\"state.isContentVisible\" data-wp-init=\"callbacks.setButtonStyles\" data-wp-on--click=\"actions.showLightbox\" data-wp-on--load=\"callbacks.setButtonStyles\" data-wp-on--pointerdown=\"actions.preloadImage\" data-wp-on--pointerenter=\"actions.preloadImageWithDelay\" data-wp-on--pointerleave=\"actions.cancelPreload\" data-wp-on-window--resize=\"callbacks.setButtonStyles\" src=\"https:\/\/loudavymkrokem.cz\/wp-content\/uploads\/2026\/08\/articles-bonigen-33.jpg\" alt=\"Eis nach der Wanderung am See\" class=\"wp-image-404537\" title=\"\" srcset=\"https:\/\/loudavymkrokem.cz\/wp-content\/uploads\/2026\/08\/articles-bonigen-33.jpg 1800w, https:\/\/loudavymkrokem.cz\/wp-content\/uploads\/2026\/08\/articles-bonigen-33-300x200.jpg 300w, https:\/\/loudavymkrokem.cz\/wp-content\/uploads\/2026\/08\/articles-bonigen-33-700x467.jpg 700w, https:\/\/loudavymkrokem.cz\/wp-content\/uploads\/2026\/08\/articles-bonigen-33-768x512.jpg 768w, https:\/\/loudavymkrokem.cz\/wp-content\/uploads\/2026\/08\/articles-bonigen-33-1536x1024.jpg 1536w, https:\/\/loudavymkrokem.cz\/wp-content\/uploads\/2026\/08\/articles-bonigen-33-696x464.jpg 696w, https:\/\/loudavymkrokem.cz\/wp-content\/uploads\/2026\/08\/articles-bonigen-33-1392x928.jpg 1392w\" sizes=\"(max-width: 1800px) 100vw, 1800px\" \/><button\n\t\t\tclass=\"lightbox-trigger\"\n\t\t\ttype=\"button\"\n\t\t\taria-haspopup=\"dialog\"\n\t\t\tdata-wp-bind--aria-label=\"state.thisImage.triggerButtonAriaLabel\"\n\t\t\tdata-wp-init=\"callbacks.initTriggerButton\"\n\t\t\tdata-wp-on--click=\"actions.showLightbox\"\n\t\t\tdata-wp-style--right=\"state.thisImage.buttonRight\"\n\t\t\tdata-wp-style--top=\"state.thisImage.buttonTop\"\n\t\t>\n\t\t\t<svg xmlns=\"http:\/\/www.w3.org\/2000\/svg\" width=\"12\" height=\"12\" fill=\"none\" viewBox=\"0 0 12 12\">\n\t\t\t\t<path fill=\"#fff\" d=\"M2 0a2 2 0 0 0-2 2v2h1.5V2a.5.5 0 0 1 .5-.5h2V0H2Zm2 10.5H2a.5.5 0 0 1-.5-.5V8H0v2a2 2 0 0 0 2 2h2v-1.5ZM8 12v-1.5h2a.5.5 0 0 0 .5-.5V8H12v2a2 2 0 0 1-2 2H8Zm2-12a2 2 0 0 1 2 2v2h-1.5V2a.5.5 0 0 0-.5-.5H8V0h2Z\" \/>\n\t\t\t<\/svg>\n\t\t<\/button><figcaption class=\"wp-element-caption\">Foto: Maria Orlova \/ Pexels<\/figcaption><\/figure>\n\n\n\n<h3 class=\"wp-block-heading\"><span class=\"ez-toc-section\" id=\"Sweet_Ride\"><\/span>Sweet Ride<span class=\"ez-toc-section-end\"><\/span><\/h3>\n\n\n\n<p class=\"wp-block-paragraph\">Das ist das <strong>am besten bewertete Lokal im ganzen Ort<\/strong> (Bewertung 4,9 aus fast zweihundert Rezensionen). Es ist ein kleineres, ungemein sympathisches Caf\u00e9 und eine Eisdiele am Wasser, wo du einfach f\u00fcr eine s\u00fc\u00dfe Nachmittagsbelohnung f\u00fcr die gelaufenen Kilometer vorbeischauen musst.<\/p>\n\n\n\n<p class=\"wp-block-paragraph\">Probier ihren Spezialit\u00e4tenkaffee und vor allem das <strong>fantastische handwerkliche Eis<\/strong>, das Einheimische wie ausl\u00e4ndische Touristen lieben. Es ist genau der Ort, an dem du dich nach einem Ganztagesausflug in Ruhe in die Sonne setzen und einfach nur <strong>die Wasseroberfl\u00e4che des Sees beobachten<\/strong> willst.<\/p>\n\n\n\n<figure data-wp-context=\"{&quot;imageId&quot;:&quot;6a9655693fb32&quot;}\" data-wp-interactive=\"core\/image\" data-wp-key=\"6a9655693fb32\" class=\"wp-block-image size-full wp-lightbox-container\"><img decoding=\"async\" width=\"1800\" height=\"1185\" data-wp-class--hide=\"state.isContentHidden\" data-wp-class--show=\"state.isContentVisible\" data-wp-init=\"callbacks.setButtonStyles\" data-wp-on--click=\"actions.showLightbox\" data-wp-on--load=\"callbacks.setButtonStyles\" data-wp-on--pointerdown=\"actions.preloadImage\" data-wp-on--pointerenter=\"actions.preloadImageWithDelay\" data-wp-on--pointerleave=\"actions.cancelPreload\" data-wp-on-window--resize=\"callbacks.setButtonStyles\" src=\"https:\/\/loudavymkrokem.cz\/wp-content\/uploads\/2026\/08\/articles-bonigen-34.jpg\" alt=\"Gem\u00fctliches Schweizer Restaurant\" class=\"wp-image-404541\" title=\"\" srcset=\"https:\/\/loudavymkrokem.cz\/wp-content\/uploads\/2026\/08\/articles-bonigen-34.jpg 1800w, https:\/\/loudavymkrokem.cz\/wp-content\/uploads\/2026\/08\/articles-bonigen-34-300x198.jpg 300w, https:\/\/loudavymkrokem.cz\/wp-content\/uploads\/2026\/08\/articles-bonigen-34-700x461.jpg 700w, https:\/\/loudavymkrokem.cz\/wp-content\/uploads\/2026\/08\/articles-bonigen-34-768x506.jpg 768w, https:\/\/loudavymkrokem.cz\/wp-content\/uploads\/2026\/08\/articles-bonigen-34-1536x1011.jpg 1536w, https:\/\/loudavymkrokem.cz\/wp-content\/uploads\/2026\/08\/articles-bonigen-34-696x458.jpg 696w, https:\/\/loudavymkrokem.cz\/wp-content\/uploads\/2026\/08\/articles-bonigen-34-1392x916.jpg 1392w\" sizes=\"(max-width: 1800px) 100vw, 1800px\" \/><button\n\t\t\tclass=\"lightbox-trigger\"\n\t\t\ttype=\"button\"\n\t\t\taria-haspopup=\"dialog\"\n\t\t\tdata-wp-bind--aria-label=\"state.thisImage.triggerButtonAriaLabel\"\n\t\t\tdata-wp-init=\"callbacks.initTriggerButton\"\n\t\t\tdata-wp-on--click=\"actions.showLightbox\"\n\t\t\tdata-wp-style--right=\"state.thisImage.buttonRight\"\n\t\t\tdata-wp-style--top=\"state.thisImage.buttonTop\"\n\t\t>\n\t\t\t<svg xmlns=\"http:\/\/www.w3.org\/2000\/svg\" width=\"12\" height=\"12\" fill=\"none\" viewBox=\"0 0 12 12\">\n\t\t\t\t<path fill=\"#fff\" d=\"M2 0a2 2 0 0 0-2 2v2h1.5V2a.5.5 0 0 1 .5-.5h2V0H2Zm2 10.5H2a.5.5 0 0 1-.5-.5V8H0v2a2 2 0 0 0 2 2h2v-1.5ZM8 12v-1.5h2a.5.5 0 0 0 .5-.5V8H12v2a2 2 0 0 1-2 2H8Zm2-12a2 2 0 0 1 2 2v2h-1.5V2a.5.5 0 0 0-.5-.5H8V0h2Z\" \/>\n\t\t\t<\/svg>\n\t\t<\/button><figcaption class=\"wp-element-caption\">Foto: Lucia Barreiros  Silva \/ Pexels<\/figcaption><\/figure>\n\n\n\n<h3 class=\"wp-block-heading\"><span class=\"ez-toc-section\" id=\"Restaurant_Baeren_Boenigen\"><\/span>Restaurant B\u00e4ren B\u00f6nigen<span class=\"ez-toc-section-end\"><\/span><\/h3>\n\n\n\n<p class=\"wp-block-paragraph\">Das traditionelle Schweizer Lokal an der Hauptstrasse begeistert dich mit seiner unverf\u00e4lschten lokalen Atmosph\u00e4re und typischen Architektur. G\u00e4ste erw\u00e4hnen in Rezensionen oft, dass sie direkt von ihren Gastgebern hierher geschickt wurden \u2013 als <strong>Insider-Tipp f\u00fcr garantiert gutes Essen<\/strong>.<\/p>\n\n\n\n<p class=\"wp-block-paragraph\">Sie haben hier ein sehr freundliches und zuvorkommendes Personal, ein <strong>mittleres Preisniveau<\/strong> und auf der Karte viele <strong>ehrliche Schweizer Klassiker<\/strong> wie K\u00e4sespezialit\u00e4ten und deftige hausgemachte Suppen. Eine ideale Wahl zum Aufw\u00e4rmen, wenn es gerade regnet.<\/p>\n\n\n\n<h2 class=\"wp-block-heading\"><span class=\"ez-toc-section\" id=\"Wohin_von_Boenigen_weiter\"><\/span>Wohin von B\u00f6nigen weiter<span class=\"ez-toc-section-end\"><\/span><\/h2>\n\n\n\n<p class=\"wp-block-paragraph\">Die Schweiz ist ein riesiger Spielplatz, und vom Berner Oberland hast du es <strong>nah zu weiteren fantastischen Zielen<\/strong>. Wenn du noch ein paar freie Tage im Reiseplan hast, schau dir unbedingt diese <strong>weiteren Reisef\u00fchrer von mir<\/strong> an:<\/p>\n\n\n\n<ul class=\"wp-block-list\">\n<li><a href=\"https:\/\/loudavymkrokem.cz\/de\/interlaken-schweiz-sehenswuerdigkeiten\/\">Interlaken und Jungfraujoch<\/a>: ausf\u00fchrlicher Reisef\u00fchrer zum lebhaften Nachbarn und zum Ausflug aufs Dach Europas.<\/li>\n\n\n\n<li><a href=\"https:\/\/loudavymkrokem.cz\/de\/grindelwald-schweiz-tipps\/\">Grindelwald<\/a>: das Gletscherdorf, eingebettet unter der Eiger-Nordwand, das du im Nu mit dem Zug erreichst.<\/li>\n\n\n\n<li><a href=\"https:\/\/loudavymkrokem.cz\/de\/lauterbrunnen-schweiz-tipps\/\">Lauterbrunnen<\/a>: das Tal mit 72 Wasserf\u00e4llen, das angeblich Tolkien beim Schreiben des Herrn der Ringe inspirierte.<\/li>\n\n\n\n<li><a href=\"https:\/\/loudavymkrokem.cz\/de\/urlaub-schweiz-tipps\/\">Urlaub in der Schweiz<\/a>: ein riesiger \u00dcberblicksartikel voller praktischer Tipps f\u00fcrs Reisen durchs ganze Land.<\/li>\n<\/ul>\n\n\n\n<h2 class=\"wp-block-heading\"><span class=\"ez-toc-section\" id=\"Haeufig_gestellte_Fragen\"><\/span>H\u00e4ufig gestellte Fragen<span class=\"ez-toc-section-end\"><\/span><\/h2>\n\n\n<div id=\"rank-math-faq\" class=\"rank-math-block\">\n<div class=\"rank-math-list \">\n<div id=\"faq-question-1787934924000\" class=\"rank-math-list-item\">\n<h3 class=\"rank-math-question \"><span class=\"ez-toc-section\" id=\"Lohnt_es_sich_in_Boenigen_statt_in_Interlaken_zu_wohnen\"><\/span>Lohnt es sich, in B\u00f6nigen statt in Interlaken zu wohnen?<span class=\"ez-toc-section-end\"><\/span><\/h3>\n<div class=\"rank-math-answer \">\n\n<p>Auf jeden Fall. <strong>B\u00f6nigen bietet viel mehr Ruhe<\/strong>, eine authentische Atmosph\u00e4re eines traditionellen Dorfes und die Unterk\u00fcnfte sind hier deutlich g\u00fcnstiger als im gesch\u00e4ftigen Zentrum von Interlaken. Dank der Guest Card kannst du kostenlos in die Stadt fahren und die Fahrt dauert nur 9 Minuten.<\/p>\n\n<\/div>\n<\/div>\n<div id=\"faq-question-1787934924001\" class=\"rank-math-list-item\">\n<h3 class=\"rank-math-question \"><span class=\"ez-toc-section\" id=\"Wie_komme_ich_von_Interlaken_dorthin\"><\/span>Wie komme ich von Interlaken dorthin?<span class=\"ez-toc-section-end\"><\/span><\/h3>\n<div class=\"rank-math-answer \">\n\n<p>Am einfachsten ist es, direkt vor dem Bahnhof Interlaken Ost in die <strong>Buslinie 103<\/strong> einzusteigen. Sie f\u00e4hrt alle halbe Stunde. Eine weitere sch\u00f6ne M\u00f6glichkeit ist die Anreise mit dem historischen Dampfschiff \u00fcber den See (ca. 10 Minuten Fahrt), oder du machst einen entspannten 40-min\u00fctigen Spaziergang zu Fu\u00df entlang des Ufers.<\/p>\n\n<\/div>\n<\/div>\n<div id=\"faq-question-1787934924002\" class=\"rank-math-list-item\">\n<h3 class=\"rank-math-question \"><span class=\"ez-toc-section\" id=\"Kann_man_im_Brienzersee_baden\"><\/span>Kann man im Brienzersee baden?<span class=\"ez-toc-section-end\"><\/span><\/h3>\n<div class=\"rank-math-answer \">\n\n<p>Ja, aber das ist eher <strong>etwas f\u00fcr Abgeh\u00e4rtete<\/strong>. Der See ist glazialen Ursprungs, sodass das Wasser selbst im w\u00e4rmsten August meist nur 18 bis 22 \u00b0C hat. Wenn dir kaltes Wasser zu kalt ist, bietet das \u00f6rtliche Strandbad The Beach gl\u00fccklicherweise ein sch\u00f6nes beheiztes Schwimmbad.<\/p>\n\n<\/div>\n<\/div>\n<div id=\"faq-question-1787934924003\" class=\"rank-math-list-item\">\n<h3 class=\"rank-math-question \"><span class=\"ez-toc-section\" id=\"Wie_viele_Tage_reichen_fuer_einen_Besuch\"><\/span>Wie viele Tage reichen f\u00fcr einen Besuch?<span class=\"ez-toc-section-end\"><\/span><\/h3>\n<div class=\"rank-math-answer \">\n\n<p>Das Dorf selbst kannst du an einem Nachmittag erkunden, aber als <strong>Ausgangspunkt f\u00fcr Ausfl\u00fcge ist es ideal f\u00fcr 3 bis 5 Tage<\/strong>. Du schaffst es, zum Harder Kulm hinaufzufahren, den Drei-Wasserf\u00e4lle-Weg zum Giessbach zu gehen, ein Kajak zu mieten und mit der Zahnradbahn auf die Schynige Platte zu fahren.<\/p>\n\n<\/div>\n<\/div>\n<div id=\"faq-question-1787934924004\" class=\"rank-math-list-item\">\n<h3 class=\"rank-math-question \"><span class=\"ez-toc-section\" id=\"Was_kann_man_bei_Regen_unternehmen\"><\/span>Was kann man bei Regen unternehmen?<span class=\"ez-toc-section-end\"><\/span><\/h3>\n<div class=\"rank-math-answer \">\n\n<p>An Regentagen (von denen es auch im Sommer etwa 10 pro Monat gibt) lohnt es sich, im <strong>Dorfmuseum \u201ealte Pinte&#8220;<\/strong> vorbeizuschauen, oder mit dem Bus nach Interlaken zu fahren, wo es viele \u00fcberdachte Attraktionen, Gesch\u00e4fte, Caf\u00e9s gibt und du dort auch einen gro\u00dfen Schwimmbadkomplex oder ein Casino findest.<\/p>\n\n<\/div>\n<\/div>\n<div id=\"faq-question-1787934924005\" class=\"rank-math-list-item\">\n<h3 class=\"rank-math-question \"><span class=\"ez-toc-section\" id=\"Ist_es_fuer_Kinder_geeignet\"><\/span>Ist es f\u00fcr Kinder geeignet?<span class=\"ez-toc-section-end\"><\/span><\/h3>\n<div class=\"rank-math-answer \">\n\n<p>B\u00f6nigen ist <strong>f\u00fcr Familien absolut fantastisch<\/strong>. Es gibt hier tolle Spielpl\u00e4tze am Strand, familienfreundliche Campingpl\u00e4tze mit Pool, ebene barrierefreie Wege f\u00fcr Kinderwagen entlang des Flusses und Kinder lieben die Fahrt mit dem historischen Dampfschiff. Die interaktive Schatzsuche besch\u00e4ftigt sie einen ganzen Nachmittag lang.<\/p>\n\n<\/div>\n<\/div>\n<div id=\"faq-question-1787934924006\" class=\"rank-math-list-item\">\n<h3 class=\"rank-math-question \"><span class=\"ez-toc-section\" id=\"Wie_viel_kostet_ein_Ausflug_zum_Harder_Kulm\"><\/span>Wie viel kostet ein Ausflug zum Harder Kulm?<span class=\"ez-toc-section-end\"><\/span><\/h3>\n<div class=\"rank-math-answer \">\n\n<p>In der Saison 2026 kostet <strong>die Hin- und R\u00fcckfahrt mit der Seilbahn f\u00fcr einen Erwachsenen 44 CHF<\/strong>. Wenn du Kinder zwischen 6 und 15 Jahren hast, zahlen sie nur die H\u00e4lfte (bis 6 Jahre kostenlos). Mit Karten wie dem Swiss Travel Pass oder dem Bernese Oberland Pass erh\u00e4ltst du eine sehr angenehme Erm\u00e4\u00dfigung von 50 %.<\/p>\n\n<\/div>\n<\/div>\n<div id=\"faq-question-1787934924007\" class=\"rank-math-list-item\">\n<h3 class=\"rank-math-question \"><span class=\"ez-toc-section\" id=\"Ist_der_Steg_in_Iseltwald_kostenpflichtig\"><\/span>Ist der Steg in Iseltwald kostenpflichtig?<span class=\"ez-toc-section-end\"><\/span><\/h3>\n<div class=\"rank-math-answer \">\n\n<p>Ja, aufgrund des enormen Ansturms asiatischer Touristen nach dem Erfolg der Serie Crash Landing on You hat die Gemeinde vor dem Steg ein <strong>Drehkreuz<\/strong> installiert. F\u00fcr das ber\u00fchmte \u201eSelfie&#8220; auf dem Holzsteg wird nun eine Geb\u00fchr von 5 CHF erhoben, die f\u00fcr die Instandhaltung des Dorfes verwendet wird.<\/p>\n\n<\/div>\n<\/div>\n<\/div>\n<\/div>","protected":false},"excerpt":{"rendered":"<p>Entdecke die verborgene Perle am Brienzersee, wo dich wundersch\u00f6ne Holzh\u00e4user, t\u00fcrkises Wasser und fantastische Bergwanderungen abseits der gro\u00dfen Touristenmassen erwarten.<\/p>\n","protected":false},"author":3,"featured_media":404497,"comment_status":"open","ping_status":"open","sticky":false,"template":"","format":"standard","meta":{"_acf_changed":false,"footnotes":"","rank_math_title":"B\u00f6nigen (Schweiz): 24 Tipps f\u00fcr den Brienzersee","rank_math_description":"B\u00f6nigen in der Schweiz: 24 Tipps f\u00fcr den Brienzersee \u2013 Sehensw\u00fcrdigkeiten, Wanderungen, Seilbahnen & Familientipps. Plane jetzt deinen Traumurlaub!","rank_math_focus_keyword":"b\u00f6nigen schweiz","rank_math_seo_score":""},"categories":[456,451,489],"tags":[],"class_list":["post-408543","post","type-post","status-publish","format-standard","has-post-thumbnail","category-europa","category-reisen","category-schweiz"],"acf":[],"featured_image_src":"https:\/\/loudavymkrokem.cz\/wp-content\/uploads\/2026\/08\/articles-bonigen-18.jpg","author_info":{"display_name":"Lucie Kone\u010dn\u00e1","author_link":"https:\/\/loudavymkrokem.cz\/de\/author\/lucie-konecna\/"},"_links":{"self":[{"href":"https:\/\/loudavymkrokem.cz\/de\/wp-json\/wp\/v2\/posts\/408543","targetHints":{"allow":["GET"]}}],"collection":[{"href":"https:\/\/loudavymkrokem.cz\/de\/wp-json\/wp\/v2\/posts"}],"about":[{"href":"https:\/\/loudavymkrokem.cz\/de\/wp-json\/wp\/v2\/types\/post"}],"author":[{"embeddable":true,"href":"https:\/\/loudavymkrokem.cz\/de\/wp-json\/wp\/v2\/users\/3"}],"replies":[{"embeddable":true,"href":"https:\/\/loudavymkrokem.cz\/de\/wp-json\/wp\/v2\/comments?post=408543"}],"version-history":[{"count":0,"href":"https:\/\/loudavymkrokem.cz\/de\/wp-json\/wp\/v2\/posts\/408543\/revisions"}],"wp:featuredmedia":[{"embeddable":true,"href":"https:\/\/loudavymkrokem.cz\/de\/wp-json\/wp\/v2\/media\/404497"}],"wp:attachment":[{"href":"https:\/\/loudavymkrokem.cz\/de\/wp-json\/wp\/v2\/media?parent=408543"}],"wp:term":[{"taxonomy":"category","embeddable":true,"href":"https:\/\/loudavymkrokem.cz\/de\/wp-json\/wp\/v2\/categories?post=408543"},{"taxonomy":"post_tag","embeddable":true,"href":"https:\/\/loudavymkrokem.cz\/de\/wp-json\/wp\/v2\/tags?post=408543"}],"curies":[{"name":"wp","href":"https:\/\/api.w.org\/{rel}","templated":true}]}}