{"id":408531,"date":"2026-08-26T17:30:05","date_gmt":"2026-08-26T15:30:05","guid":{"rendered":"https:\/\/loudavymkrokem.cz\/pisek-tschechien-sehenswuerdigkeiten\/"},"modified":"2026-08-31T03:45:24","modified_gmt":"2026-08-31T01:45:24","slug":"pisek-tschechien-sehenswuerdigkeiten","status":"publish","type":"post","link":"https:\/\/loudavymkrokem.cz\/de\/pisek-tschechien-sehenswuerdigkeiten\/","title":{"rendered":"P\u00edsek Tschechien: 39 Tipps einer Einheimischen f\u00fcr Sehensw\u00fcrdigkeiten und geheime Aussichten"},"content":{"rendered":"\n<p class=\"wp-block-paragraph\"><strong>Ich bin in P\u00edsek geboren.<\/strong> Dann habe ich viele Jahre in Prag gelebt, ein gutes St\u00fcck <strong><a href=\"https:\/\/loudavymkrokem.cz\/de\/reisen\/europa\/\" data-type=\"link\" data-id=\"https:\/\/loudavymkrokem.cz\/cestovani\/evropa\/\" target=\"_blank\" rel=\"noreferrer noopener\">Europa<\/a><\/strong> bereist, viele sch\u00f6ne St\u00e4dte gesehen, und am Ende sind mein Mann und ich wieder hierher zur\u00fcckgekehrt, an die Otava. Heute leben wir hier mit unserem Sohn Jon\u00e1\u0161ek, und ich behaupte nach wie vor, dass P\u00edsek in Tschechien zu den sch\u00f6nsten St\u00e4dten S\u00fcdb\u00f6hmens geh\u00f6rt. \ud83d\ude0a<\/p>\n\n\n\n<p class=\"wp-block-paragraph\"><strong>P\u00edsek ist die Stadt, in der ich geboren wurde und in der ich heute mit meiner Familie wieder lebe.<\/strong> Ich kenne hier jede Gasse, wei\u00df, wo es den besten Kaffee gibt (und wo lieber nicht), wo man im Sommer so zum Fluss hinuntersteigen kann, dass dich kein einziger Tourist sieht, und ich wei\u00df auch, was einen Besuch \u00fcberhaupt nicht wert ist (ja, ich bin ehrlich). Es ist so ein St\u00e4dtchen, das dich auf den ersten Blick vielleicht nicht mit monumentaler Architektur wie \u010cesk\u00fd Krumlov \u00fcberw\u00e4ltigt, aber langsam f\u00fcr sich einnimmt \u2013 mit seiner Atmosph\u00e4re, der Ruhe am Fluss, Geschichte an jeder Ecke und dieser besonderen s\u00fcdb\u00f6hmischen Gem\u00fctlichkeit, die sich nicht ganz beschreiben l\u00e4sst, aber sofort sp\u00fcrbar ist.<\/p>\n\n\n\n<p class=\"wp-block-paragraph\">Wenn du nach <strong>Sehensw\u00fcrdigkeiten in P\u00edsek in Tschechien<\/strong> suchst und trockene Aufz\u00e4hlungen von Denkm\u00e4lern erwartest, werde ich dich wohl ein wenig \u00fcberraschen. Dieser Artikel ist eher wie ein Stadtspaziergang mit einer Freundin, die dir auch Orte zeigt, die du in keinem Reisef\u00fchrer findest. Ich habe f\u00fcr dich <strong>39 Tipps zu Sehensw\u00fcrdigkeiten, interessanten Orten und Caf\u00e9s<\/strong> vorbereitet, und weil ich zu Hause einen zweij\u00e4hrigen Jungen habe, verrate ich dir auch, <strong>was man in P\u00edsek und Umgebung mit Kindern unternehmen kann<\/strong>. Also los geht&#8217;s.<\/p>\n\n\n\n<figure data-wp-context=\"{&quot;imageId&quot;:&quot;6a9523879cbbd&quot;}\" data-wp-interactive=\"core\/image\" data-wp-key=\"6a9523879cbbd\" class=\"wp-block-image size-full wp-lightbox-container\"><img decoding=\"async\" width=\"2200\" height=\"1467\" data-wp-class--hide=\"state.isContentHidden\" data-wp-class--show=\"state.isContentVisible\" data-wp-init=\"callbacks.setButtonStyles\" data-wp-on--click=\"actions.showLightbox\" data-wp-on--load=\"callbacks.setButtonStyles\" data-wp-on--pointerdown=\"actions.preloadImage\" data-wp-on--pointerenter=\"actions.preloadImageWithDelay\" data-wp-on--pointerleave=\"actions.cancelPreload\" data-wp-on-window--resize=\"callbacks.setButtonStyles\" src=\"https:\/\/loudavymkrokem.cz\/wp-content\/uploads\/2026\/08\/pisek-kamenny-most-zapad-slunce.jpg\" alt=\"Steinerne Br\u00fccke in P\u00edsek bei Sonnenuntergang\" class=\"wp-image-399321\" title=\"\" srcset=\"https:\/\/loudavymkrokem.cz\/wp-content\/uploads\/2026\/08\/pisek-kamenny-most-zapad-slunce.jpg 2200w, https:\/\/loudavymkrokem.cz\/wp-content\/uploads\/2026\/08\/pisek-kamenny-most-zapad-slunce-300x200.jpg 300w, https:\/\/loudavymkrokem.cz\/wp-content\/uploads\/2026\/08\/pisek-kamenny-most-zapad-slunce-700x467.jpg 700w, https:\/\/loudavymkrokem.cz\/wp-content\/uploads\/2026\/08\/pisek-kamenny-most-zapad-slunce-768x512.jpg 768w, https:\/\/loudavymkrokem.cz\/wp-content\/uploads\/2026\/08\/pisek-kamenny-most-zapad-slunce-1536x1024.jpg 1536w, https:\/\/loudavymkrokem.cz\/wp-content\/uploads\/2026\/08\/pisek-kamenny-most-zapad-slunce-2048x1366.jpg 2048w, https:\/\/loudavymkrokem.cz\/wp-content\/uploads\/2026\/08\/pisek-kamenny-most-zapad-slunce-696x464.jpg 696w, https:\/\/loudavymkrokem.cz\/wp-content\/uploads\/2026\/08\/pisek-kamenny-most-zapad-slunce-1392x928.jpg 1392w, https:\/\/loudavymkrokem.cz\/wp-content\/uploads\/2026\/08\/pisek-kamenny-most-zapad-slunce-1920x1280.jpg 1920w\" sizes=\"(max-width: 2200px) 100vw, 2200px\" \/><button\n\t\t\tclass=\"lightbox-trigger\"\n\t\t\ttype=\"button\"\n\t\t\taria-haspopup=\"dialog\"\n\t\t\tdata-wp-bind--aria-label=\"state.thisImage.triggerButtonAriaLabel\"\n\t\t\tdata-wp-init=\"callbacks.initTriggerButton\"\n\t\t\tdata-wp-on--click=\"actions.showLightbox\"\n\t\t\tdata-wp-style--right=\"state.thisImage.buttonRight\"\n\t\t\tdata-wp-style--top=\"state.thisImage.buttonTop\"\n\t\t>\n\t\t\t<svg xmlns=\"http:\/\/www.w3.org\/2000\/svg\" width=\"12\" height=\"12\" fill=\"none\" viewBox=\"0 0 12 12\">\n\t\t\t\t<path fill=\"#fff\" d=\"M2 0a2 2 0 0 0-2 2v2h1.5V2a.5.5 0 0 1 .5-.5h2V0H2Zm2 10.5H2a.5.5 0 0 1-.5-.5V8H0v2a2 2 0 0 0 2 2h2v-1.5ZM8 12v-1.5h2a.5.5 0 0 0 .5-.5V8H12v2a2 2 0 0 1-2 2H8Zm2-12a2 2 0 0 1 2 2v2h-1.5V2a.5.5 0 0 0-.5-.5H8V0h2Z\" \/>\n\t\t\t<\/svg>\n\t\t<\/button><\/figure>\n\n\n\n<div id=\"ez-toc-container\" class=\"ez-toc-v2_0_86 ez-toc-wrap-left counter-hierarchy ez-toc-counter ez-toc-grey ez-toc-container-direction\">\n<div class=\"ez-toc-title-container\">\n<p class=\"ez-toc-title\" style=\"cursor:inherit\">Artikelinhalt<\/p>\n<span class=\"ez-toc-title-toggle\"><a href=\"#\" class=\"ez-toc-pull-right ez-toc-btn ez-toc-btn-xs ez-toc-btn-default ez-toc-toggle\" aria-label=\"Toggle Table of Content\"><span class=\"ez-toc-js-icon-con\"><span class=\"\"><span class=\"eztoc-hide\" style=\"display:none;\">Toggle<\/span><span class=\"ez-toc-icon-toggle-span\"><svg style=\"fill: #999;color:#999\" xmlns=\"http:\/\/www.w3.org\/2000\/svg\" class=\"list-377408\" width=\"20px\" height=\"20px\" viewBox=\"0 0 24 24\" fill=\"none\"><path d=\"M6 6H4v2h2V6zm14 0H8v2h12V6zM4 11h2v2H4v-2zm16 0H8v2h12v-2zM4 16h2v2H4v-2zm16 0H8v2h12v-2z\" fill=\"currentColor\"><\/path><\/svg><svg style=\"fill: #999;color:#999\" class=\"arrow-unsorted-368013\" xmlns=\"http:\/\/www.w3.org\/2000\/svg\" width=\"10px\" height=\"10px\" viewBox=\"0 0 24 24\" version=\"1.2\" baseProfile=\"tiny\"><path d=\"M18.2 9.3l-6.2-6.3-6.2 6.3c-.2.2-.3.4-.3.7s.1.5.3.7c.2.2.4.3.7.3h11c.3 0 .5-.1.7-.3.2-.2.3-.5.3-.7s-.1-.5-.3-.7zM5.8 14.7l6.2 6.3 6.2-6.3c.2-.2.3-.5.3-.7s-.1-.5-.3-.7c-.2-.2-.4-.3-.7-.3h-11c-.3 0-.5.1-.7.3-.2.2-.3.5-.3.7s.1.5.3.7z\"\/><\/svg><\/span><\/span><\/span><\/a><\/span><\/div>\n<nav><ul class='ez-toc-list ez-toc-list-level-1 ' ><li class='ez-toc-page-1 ez-toc-heading-level-2'><a class=\"ez-toc-link ez-toc-heading-1\" href=\"https:\/\/loudavymkrokem.cz\/de\/pisek-tschechien-sehenswuerdigkeiten\/#Zusammenfassung_fuer_alle_die_keine_Zeit_haben_den_ganzen_Artikel_zu_lesen\" >Zusammenfassung f\u00fcr alle, die keine Zeit haben, den ganzen Artikel zu lesen<\/a><\/li><li class='ez-toc-page-1 ez-toc-heading-level-2'><a class=\"ez-toc-link ez-toc-heading-2\" href=\"https:\/\/loudavymkrokem.cz\/de\/pisek-tschechien-sehenswuerdigkeiten\/#Was_Pisek_in_Tschechien_besonders_macht_und_warum_sich_ein_Besuch_lohnt\" >Was P\u00edsek in Tschechien besonders macht und warum sich ein Besuch lohnt<\/a><\/li><li class='ez-toc-page-1 ez-toc-heading-level-2'><a class=\"ez-toc-link ez-toc-heading-3\" href=\"https:\/\/loudavymkrokem.cz\/de\/pisek-tschechien-sehenswuerdigkeiten\/#Wann_du_nach_Pisek_fahren_solltest_und_wie_du_hinkommst\" >Wann du nach P\u00edsek fahren solltest und wie du hinkommst<\/a><ul class='ez-toc-list-level-3' ><li class='ez-toc-heading-level-3'><a class=\"ez-toc-link ez-toc-heading-4\" href=\"https:\/\/loudavymkrokem.cz\/de\/pisek-tschechien-sehenswuerdigkeiten\/#Wie_du_nach_Pisek_kommst\" >Wie du nach P\u00edsek kommst<\/a><\/li><\/ul><\/li><li class='ez-toc-page-1 ez-toc-heading-level-2'><a class=\"ez-toc-link ez-toc-heading-5\" href=\"https:\/\/loudavymkrokem.cz\/de\/pisek-tschechien-sehenswuerdigkeiten\/#Wo_du_in_Pisek_uebernachten_kannst_und_was_es_kostet\" >Wo du in P\u00edsek \u00fcbernachten kannst und was es kostet<\/a><\/li><li class='ez-toc-page-1 ez-toc-heading-level-2'><a class=\"ez-toc-link ez-toc-heading-6\" href=\"https:\/\/loudavymkrokem.cz\/de\/pisek-tschechien-sehenswuerdigkeiten\/#Pisek_in_Tschechien_39_Tipps_zu_Sehenswuerdigkeiten_und_interessanten_Orten\" >P\u00edsek in Tschechien: 39 Tipps zu Sehensw\u00fcrdigkeiten und interessanten Orten<\/a><ul class='ez-toc-list-level-3' ><li class='ez-toc-heading-level-3'><a class=\"ez-toc-link ez-toc-heading-7\" href=\"https:\/\/loudavymkrokem.cz\/de\/pisek-tschechien-sehenswuerdigkeiten\/#1_Steinerne_Bruecke_Jeleni_most_%E2%80%93_die_aelteste_Steinbruecke_Tschechiens\" >1. Steinerne Br\u00fccke (Jelen\u00ed most) \u2013 die \u00e4lteste Steinbr\u00fccke Tschechiens<\/a><\/li><li class='ez-toc-page-1 ez-toc-heading-level-3'><a class=\"ez-toc-link ez-toc-heading-8\" href=\"https:\/\/loudavymkrokem.cz\/de\/pisek-tschechien-sehenswuerdigkeiten\/#2_Putimer_Tor_und_die_Frana-Sramek-Gasse\" >2. Putimer Tor und die Fr\u00e1\u0148a-\u0160r\u00e1mek-Gasse<\/a><\/li><li class='ez-toc-page-1 ez-toc-heading-level-3'><a class=\"ez-toc-link ez-toc-heading-9\" href=\"https:\/\/loudavymkrokem.cz\/de\/pisek-tschechien-sehenswuerdigkeiten\/#3_Burg_Stadtbefestigung_und_Prachen-Museum\" >3. Burg, Stadtbefestigung und Pr\u00e1che\u0148-Museum<\/a><\/li><li class='ez-toc-page-1 ez-toc-heading-level-3'><a class=\"ez-toc-link ez-toc-heading-10\" href=\"https:\/\/loudavymkrokem.cz\/de\/pisek-tschechien-sehenswuerdigkeiten\/#4_Kriziks_staedtisches_Elektrizitaetswerk\" >4. K\u0159i\u017e\u00edks st\u00e4dtisches Elektrizit\u00e4tswerk<\/a><\/li><li class='ez-toc-page-1 ez-toc-heading-level-3'><a class=\"ez-toc-link ez-toc-heading-11\" href=\"https:\/\/loudavymkrokem.cz\/de\/pisek-tschechien-sehenswuerdigkeiten\/#5_Landesgestuet\" >5. Landesgest\u00fct<\/a><\/li><li class='ez-toc-page-1 ez-toc-heading-level-3'><a class=\"ez-toc-link ez-toc-heading-12\" href=\"https:\/\/loudavymkrokem.cz\/de\/pisek-tschechien-sehenswuerdigkeiten\/#6_Kirche_Mariae_Geburt\" >6. Kirche Mari\u00e4 Geburt<\/a><\/li><li class='ez-toc-page-1 ez-toc-heading-level-3'><a class=\"ez-toc-link ez-toc-heading-13\" href=\"https:\/\/loudavymkrokem.cz\/de\/pisek-tschechien-sehenswuerdigkeiten\/#7_Grosser_und_Ales-Platz_mit_den_Stolpersteinen\" >7. Gro\u00dfer und Ale\u0161-Platz mit den Stolpersteinen<\/a><\/li><li class='ez-toc-page-1 ez-toc-heading-level-3'><a class=\"ez-toc-link ez-toc-heading-14\" href=\"https:\/\/loudavymkrokem.cz\/de\/pisek-tschechien-sehenswuerdigkeiten\/#8_Marianische_Pestsaeule_auf_dem_Ales-Platz\" >8. Marianische Pests\u00e4ule auf dem Ale\u0161-Platz<\/a><\/li><li class='ez-toc-page-1 ez-toc-heading-level-3'><a class=\"ez-toc-link ez-toc-heading-15\" href=\"https:\/\/loudavymkrokem.cz\/de\/pisek-tschechien-sehenswuerdigkeiten\/#9_Kaserne\" >9. Kaserne<\/a><\/li><li class='ez-toc-page-1 ez-toc-heading-level-3'><a class=\"ez-toc-link ez-toc-heading-16\" href=\"https:\/\/loudavymkrokem.cz\/de\/pisek-tschechien-sehenswuerdigkeiten\/#10_Das_Rathaus\" >10. Das Rathaus<\/a><\/li><li class='ez-toc-page-1 ez-toc-heading-level-3'><a class=\"ez-toc-link ez-toc-heading-17\" href=\"https:\/\/loudavymkrokem.cz\/de\/pisek-tschechien-sehenswuerdigkeiten\/#11_Kirche_Kreuzerhoehung\" >11. Kirche Kreuzerh\u00f6hung<\/a><\/li><li class='ez-toc-page-1 ez-toc-heading-level-3'><a class=\"ez-toc-link ez-toc-heading-18\" href=\"https:\/\/loudavymkrokem.cz\/de\/pisek-tschechien-sehenswuerdigkeiten\/#12_Fleischbaenke_Masne_kramy\" >12. Fleischb\u00e4nke (Masn\u00e9 kr\u00e1my)<\/a><\/li><li class='ez-toc-page-1 ez-toc-heading-level-3'><a class=\"ez-toc-link ez-toc-heading-19\" href=\"https:\/\/loudavymkrokem.cz\/de\/pisek-tschechien-sehenswuerdigkeiten\/#13_Stadtbibliothek_und_Cafe_Upekla\" >13. Stadtbibliothek und Caf\u00e9 Upekla<\/a><\/li><li class='ez-toc-page-1 ez-toc-heading-level-3'><a class=\"ez-toc-link ez-toc-heading-20\" href=\"https:\/\/loudavymkrokem.cz\/de\/pisek-tschechien-sehenswuerdigkeiten\/#14_Gebaeude_der_Polizeiwache_ehemalige_Bibliothek\" >14. Geb\u00e4ude der Polizeiwache (ehemalige Bibliothek)<\/a><\/li><li class='ez-toc-page-1 ez-toc-heading-level-3'><a class=\"ez-toc-link ez-toc-heading-21\" href=\"https:\/\/loudavymkrokem.cz\/de\/pisek-tschechien-sehenswuerdigkeiten\/#15_Statue_des_heiligen_Florian\" >15. Statue des heiligen Florian<\/a><\/li><li class='ez-toc-page-1 ez-toc-heading-level-3'><a class=\"ez-toc-link ez-toc-heading-22\" href=\"https:\/\/loudavymkrokem.cz\/de\/pisek-tschechien-sehenswuerdigkeiten\/#16_Palacky-Park\" >16. Palack\u00fd-Park<\/a><\/li><li class='ez-toc-page-1 ez-toc-heading-level-3'><a class=\"ez-toc-link ez-toc-heading-23\" href=\"https:\/\/loudavymkrokem.cz\/de\/pisek-tschechien-sehenswuerdigkeiten\/#17_Schrenk-Pavillon\" >17. Schrenk-Pavillon<\/a><\/li><li class='ez-toc-page-1 ez-toc-heading-level-3'><a class=\"ez-toc-link ez-toc-heading-24\" href=\"https:\/\/loudavymkrokem.cz\/de\/pisek-tschechien-sehenswuerdigkeiten\/#18_Neptunbrunnen\" >18. Neptunbrunnen<\/a><\/li><li class='ez-toc-page-1 ez-toc-heading-level-3'><a class=\"ez-toc-link ez-toc-heading-25\" href=\"https:\/\/loudavymkrokem.cz\/de\/pisek-tschechien-sehenswuerdigkeiten\/#19_Denkmal_von_Adolf_Heyduk_und_Frantisek_Palacky\" >19. Denkmal von Adolf Heyduk und Franti\u0161ek Palack\u00fd<\/a><\/li><li class='ez-toc-page-1 ez-toc-heading-level-3'><a class=\"ez-toc-link ez-toc-heading-26\" href=\"https:\/\/loudavymkrokem.cz\/de\/pisek-tschechien-sehenswuerdigkeiten\/#20_Haus_von_Adolf_Heyduk\" >20. Haus von Adolf Heyduk<\/a><\/li><li class='ez-toc-page-1 ez-toc-heading-level-3'><a class=\"ez-toc-link ez-toc-heading-27\" href=\"https:\/\/loudavymkrokem.cz\/de\/pisek-tschechien-sehenswuerdigkeiten\/#21_Kronberger-Pavillon\" >21. Kronberger-Pavillon<\/a><\/li><li class='ez-toc-page-1 ez-toc-heading-level-3'><a class=\"ez-toc-link ez-toc-heading-28\" href=\"https:\/\/loudavymkrokem.cz\/de\/pisek-tschechien-sehenswuerdigkeiten\/#22_Hotel_Otava\" >22. Hotel Otava<\/a><\/li><li class='ez-toc-page-1 ez-toc-heading-level-3'><a class=\"ez-toc-link ez-toc-heading-29\" href=\"https:\/\/loudavymkrokem.cz\/de\/pisek-tschechien-sehenswuerdigkeiten\/#23_Juedische_Synagoge\" >23. J\u00fcdische Synagoge<\/a><\/li><li class='ez-toc-page-1 ez-toc-heading-level-3'><a class=\"ez-toc-link ez-toc-heading-30\" href=\"https:\/\/loudavymkrokem.cz\/de\/pisek-tschechien-sehenswuerdigkeiten\/#24_Gebaeude_der_Poliklinik\" >24. Geb\u00e4ude der Poliklinik<\/a><\/li><li class='ez-toc-page-1 ez-toc-heading-level-3'><a class=\"ez-toc-link ez-toc-heading-31\" href=\"https:\/\/loudavymkrokem.cz\/de\/pisek-tschechien-sehenswuerdigkeiten\/#25_Haus_zu_den_Kugeln_und_Buergerhaeuser\" >25. Haus zu den Kugeln und B\u00fcrgerh\u00e4user<\/a><\/li><li class='ez-toc-page-1 ez-toc-heading-level-3'><a class=\"ez-toc-link ez-toc-heading-32\" href=\"https:\/\/loudavymkrokem.cz\/de\/pisek-tschechien-sehenswuerdigkeiten\/#26_Neue_Bruecke\" >26. Neue Br\u00fccke<\/a><\/li><li class='ez-toc-page-1 ez-toc-heading-level-3'><a class=\"ez-toc-link ez-toc-heading-33\" href=\"https:\/\/loudavymkrokem.cz\/de\/pisek-tschechien-sehenswuerdigkeiten\/#27_Sokol-Halle\" >27. Sokol-Halle<\/a><\/li><li class='ez-toc-page-1 ez-toc-heading-level-3'><a class=\"ez-toc-link ez-toc-heading-34\" href=\"https:\/\/loudavymkrokem.cz\/de\/pisek-tschechien-sehenswuerdigkeiten\/#28_Alte_Post\" >28. Alte Post<\/a><\/li><li class='ez-toc-page-1 ez-toc-heading-level-3'><a class=\"ez-toc-link ez-toc-heading-35\" href=\"https:\/\/loudavymkrokem.cz\/de\/pisek-tschechien-sehenswuerdigkeiten\/#29_Raab-Villa\" >29. Raab-Villa<\/a><\/li><li class='ez-toc-page-1 ez-toc-heading-level-3'><a class=\"ez-toc-link ez-toc-heading-36\" href=\"https:\/\/loudavymkrokem.cz\/de\/pisek-tschechien-sehenswuerdigkeiten\/#30_Denkmal_fuer_die_Gefallenen_bei_Melegnano_und_Solferino\" >30. Denkmal f\u00fcr die Gefallenen bei Melegnano und Solferino<\/a><\/li><li class='ez-toc-page-1 ez-toc-heading-level-3'><a class=\"ez-toc-link ez-toc-heading-37\" href=\"https:\/\/loudavymkrokem.cz\/de\/pisek-tschechien-sehenswuerdigkeiten\/#31_Marienkapelle\" >31. Marienkapelle<\/a><\/li><li class='ez-toc-page-1 ez-toc-heading-level-3'><a class=\"ez-toc-link ez-toc-heading-38\" href=\"https:\/\/loudavymkrokem.cz\/de\/pisek-tschechien-sehenswuerdigkeiten\/#32_Kirche_der_Heiligen_Dreifaltigkeit\" >32. Kirche der Heiligen Dreifaltigkeit<\/a><\/li><li class='ez-toc-page-1 ez-toc-heading-level-3'><a class=\"ez-toc-link ez-toc-heading-39\" href=\"https:\/\/loudavymkrokem.cz\/de\/pisek-tschechien-sehenswuerdigkeiten\/#33_Kirche_des_heiligen_Wenzel\" >33. Kirche des heiligen Wenzel<\/a><\/li><li class='ez-toc-page-1 ez-toc-heading-level-3'><a class=\"ez-toc-link ez-toc-heading-40\" href=\"https:\/\/loudavymkrokem.cz\/de\/pisek-tschechien-sehenswuerdigkeiten\/#34_Wallburg_Hradiste\" >34. Wallburg (Hradi\u0161t\u011b)<\/a><\/li><li class='ez-toc-page-1 ez-toc-heading-level-3'><a class=\"ez-toc-link ez-toc-heading-41\" href=\"https:\/\/loudavymkrokem.cz\/de\/pisek-tschechien-sehenswuerdigkeiten\/#35_Weg_der_schmerzenden_Steine\" >35. Weg der schmerzenden Steine<\/a><\/li><li class='ez-toc-page-1 ez-toc-heading-level-3'><a class=\"ez-toc-link ez-toc-heading-42\" href=\"https:\/\/loudavymkrokem.cz\/de\/pisek-tschechien-sehenswuerdigkeiten\/#36_Villa_Marta_und_der_Dagmar-Simkova-Steg\" >36. Villa Marta und der Dagmar-\u0160imkov\u00e1-Steg<\/a><\/li><li class='ez-toc-page-1 ez-toc-heading-level-3'><a class=\"ez-toc-link ez-toc-heading-43\" href=\"https:\/\/loudavymkrokem.cz\/de\/pisek-tschechien-sehenswuerdigkeiten\/#37_Frana-Sramek-Theater\" >37. Fr\u00e1\u0148a-\u0160r\u00e1mek-Theater<\/a><\/li><li class='ez-toc-page-1 ez-toc-heading-level-3'><a class=\"ez-toc-link ez-toc-heading-44\" href=\"https:\/\/loudavymkrokem.cz\/de\/pisek-tschechien-sehenswuerdigkeiten\/#38_Dekanat\" >38. Dekanat<\/a><\/li><li class='ez-toc-page-1 ez-toc-heading-level-3'><a class=\"ez-toc-link ez-toc-heading-45\" href=\"https:\/\/loudavymkrokem.cz\/de\/pisek-tschechien-sehenswuerdigkeiten\/#39_Zwinger_am_Putimer_Tor\" >39. Zwinger am Putimer Tor<\/a><\/li><\/ul><\/li><li class='ez-toc-page-1 ez-toc-heading-level-2'><a class=\"ez-toc-link ez-toc-heading-46\" href=\"https:\/\/loudavymkrokem.cz\/de\/pisek-tschechien-sehenswuerdigkeiten\/#Was_man_in_Pisek_mit_Kindern_unternehmen_kann_Tipps_fuer_Familien_in_der_Stadt_und_Umgebung\" >Was man in P\u00edsek mit Kindern unternehmen kann: Tipps f\u00fcr Familien in der Stadt und Umgebung<\/a><ul class='ez-toc-list-level-3' ><li class='ez-toc-heading-level-3'><a class=\"ez-toc-link ez-toc-heading-47\" href=\"https:\/\/loudavymkrokem.cz\/de\/pisek-tschechien-sehenswuerdigkeiten\/#Sladovna_Pisek_Riesige_Galerie_zum_Spielen\" >Sladovna P\u00edsek: Riesige Galerie zum Spielen<\/a><\/li><li class='ez-toc-page-1 ez-toc-heading-level-3'><a class=\"ez-toc-link ez-toc-heading-48\" href=\"https:\/\/loudavymkrokem.cz\/de\/pisek-tschechien-sehenswuerdigkeiten\/#Sandskulpturen_an_der_Uferpromenade_ehemaliges_Cipiskoviste\" >Sandskulpturen an der Uferpromenade (ehemaliges Cip\u00edskovi\u0161t\u011b)<\/a><\/li><li class='ez-toc-page-1 ez-toc-heading-level-3'><a class=\"ez-toc-link ez-toc-heading-49\" href=\"https:\/\/loudavymkrokem.cz\/de\/pisek-tschechien-sehenswuerdigkeiten\/#Travel_Cafe_Cafe_mit_Sandkasten\" >Travel Cafe: Caf\u00e9 mit Sandkasten<\/a><\/li><li class='ez-toc-page-1 ez-toc-heading-level-3'><a class=\"ez-toc-link ez-toc-heading-50\" href=\"https:\/\/loudavymkrokem.cz\/de\/pisek-tschechien-sehenswuerdigkeiten\/#Spielraeume_in_Pisek_Myska_herna_und_Co\" >Spielr\u00e4ume in P\u00edsek: My\u0161ka herna und Co.<\/a><\/li><li class='ez-toc-page-1 ez-toc-heading-level-3'><a class=\"ez-toc-link ez-toc-heading-51\" href=\"https:\/\/loudavymkrokem.cz\/de\/pisek-tschechien-sehenswuerdigkeiten\/#Wildgehege_U_Vodaka\" >Wildgehege U Vod\u00e1ka<\/a><\/li><li class='ez-toc-page-1 ez-toc-heading-level-3'><a class=\"ez-toc-link ez-toc-heading-52\" href=\"https:\/\/loudavymkrokem.cz\/de\/pisek-tschechien-sehenswuerdigkeiten\/#Huette_Zivec_und_3D-Labyrinth\" >H\u00fctte \u017divec und 3D-Labyrinth<\/a><\/li><li class='ez-toc-page-1 ez-toc-heading-level-3'><a class=\"ez-toc-link ez-toc-heading-53\" href=\"https:\/\/loudavymkrokem.cz\/de\/pisek-tschechien-sehenswuerdigkeiten\/#Stadtinsel\" >Stadtinsel<\/a><\/li><li class='ez-toc-page-1 ez-toc-heading-level-3'><a class=\"ez-toc-link ez-toc-heading-54\" href=\"https:\/\/loudavymkrokem.cz\/de\/pisek-tschechien-sehenswuerdigkeiten\/#Hernajs\" >Hernajs<\/a><\/li><li class='ez-toc-page-1 ez-toc-heading-level-3'><a class=\"ez-toc-link ez-toc-heading-55\" href=\"https:\/\/loudavymkrokem.cz\/de\/pisek-tschechien-sehenswuerdigkeiten\/#Mini_Academy\" >Mini Academy<\/a><\/li><li class='ez-toc-page-1 ez-toc-heading-level-3'><a class=\"ez-toc-link ez-toc-heading-56\" href=\"https:\/\/loudavymkrokem.cz\/de\/pisek-tschechien-sehenswuerdigkeiten\/#Verkehrsspielplatz_beim_Wenzel\" >Verkehrsspielplatz beim Wenzel<\/a><\/li><li class='ez-toc-page-1 ez-toc-heading-level-3'><a class=\"ez-toc-link ez-toc-heading-57\" href=\"https:\/\/loudavymkrokem.cz\/de\/pisek-tschechien-sehenswuerdigkeiten\/#Nase_zviratka_Putim_Mini-Zoo_kostenlos\" >Na\u0161e zv\u00ed\u0159\u00e1tka Putim: Mini-Zoo kostenlos<\/a><\/li><li class='ez-toc-page-1 ez-toc-heading-level-3'><a class=\"ez-toc-link ez-toc-heading-58\" href=\"https:\/\/loudavymkrokem.cz\/de\/pisek-tschechien-sehenswuerdigkeiten\/#Freibad_beim_Wenzel_Baden_mit_Blick_auf_die_Otava\" >Freibad beim Wenzel: Baden mit Blick auf die Otava<\/a><\/li><li class='ez-toc-page-1 ez-toc-heading-level-3'><a class=\"ez-toc-link ez-toc-heading-59\" href=\"https:\/\/loudavymkrokem.cz\/de\/pisek-tschechien-sehenswuerdigkeiten\/#Mit_dem_Boot_auf_der_Otava_Paddeln_auch_fuer_Familien\" >Mit dem Boot auf der Otava: Paddeln auch f\u00fcr Familien<\/a><\/li><li class='ez-toc-page-1 ez-toc-heading-level-3'><a class=\"ez-toc-link ez-toc-heading-60\" href=\"https:\/\/loudavymkrokem.cz\/de\/pisek-tschechien-sehenswuerdigkeiten\/#Zemeraj_bei_Kovarov_Ein_Tag_im_Fruehmittelalter\" >Zem\u011br\u00e1j bei Kov\u00e1\u0159ov: Ein Tag im Fr\u00fchmittelalter<\/a><\/li><li class='ez-toc-page-1 ez-toc-heading-level-3'><a class=\"ez-toc-link ez-toc-heading-61\" href=\"https:\/\/loudavymkrokem.cz\/de\/pisek-tschechien-sehenswuerdigkeiten\/#Mit_dem_Zug_Elinka_ueber_die_Bruecke_Duha\" >Mit dem Zug Elinka \u00fcber die Br\u00fccke Duha<\/a><\/li><\/ul><\/li><li class='ez-toc-page-1 ez-toc-heading-level-2'><a class=\"ez-toc-link ez-toc-heading-62\" href=\"https:\/\/loudavymkrokem.cz\/de\/pisek-tschechien-sehenswuerdigkeiten\/#Was_man_in_Pisek_unternehmen_kann_wenn_es_regnet\" >Was man in P\u00edsek unternehmen kann, wenn es regnet<\/a><\/li><li class='ez-toc-page-1 ez-toc-heading-level-2'><a class=\"ez-toc-link ez-toc-heading-63\" href=\"https:\/\/loudavymkrokem.cz\/de\/pisek-tschechien-sehenswuerdigkeiten\/#Wo_du_in_Pisek_parken_kannst\" >Wo du in P\u00edsek parken kannst<\/a><\/li><li class='ez-toc-page-1 ez-toc-heading-level-2'><a class=\"ez-toc-link ez-toc-heading-64\" href=\"https:\/\/loudavymkrokem.cz\/de\/pisek-tschechien-sehenswuerdigkeiten\/#Wo_du_in_Pisek_gut_essen_und_trinken_kannst\" >Wo du in P\u00edsek gut essen und trinken kannst<\/a><\/li><li class='ez-toc-page-1 ez-toc-heading-level-2'><a class=\"ez-toc-link ez-toc-heading-65\" href=\"https:\/\/loudavymkrokem.cz\/de\/pisek-tschechien-sehenswuerdigkeiten\/#Ausflugstipps_rund_um_Pisek_13_Orte_fuer_einen_Tagesausflug\" >Ausflugstipps rund um P\u00edsek: 13 Orte f\u00fcr einen Tagesausflug<\/a><ul class='ez-toc-list-level-3' ><li class='ez-toc-heading-level-3'><a class=\"ez-toc-link ez-toc-heading-66\" href=\"https:\/\/loudavymkrokem.cz\/de\/pisek-tschechien-sehenswuerdigkeiten\/#Burg_Zvikov_und_Schloss_Orlik\" >Burg Zv\u00edkov und Schloss Orl\u00edk<\/a><\/li><li class='ez-toc-page-1 ez-toc-heading-level-3'><a class=\"ez-toc-link ez-toc-heading-67\" href=\"https:\/\/loudavymkrokem.cz\/de\/pisek-tschechien-sehenswuerdigkeiten\/#Krokodil-Zoo_Protivin\" >Krokodil-Zoo Protiv\u00edn<\/a><\/li><li class='ez-toc-page-1 ez-toc-heading-level-3'><a class=\"ez-toc-link ez-toc-heading-68\" href=\"https:\/\/loudavymkrokem.cz\/de\/pisek-tschechien-sehenswuerdigkeiten\/#Denkmal_der_Schlacht_bei_Sudomer\" >Denkmal der Schlacht bei Sudom\u011b\u0159<\/a><\/li><li class='ez-toc-page-1 ez-toc-heading-level-3'><a class=\"ez-toc-link ez-toc-heading-69\" href=\"https:\/\/loudavymkrokem.cz\/de\/pisek-tschechien-sehenswuerdigkeiten\/#Maerchenschmiede_Selibov\" >M\u00e4rchenschmiede Selibov<\/a><\/li><li class='ez-toc-page-1 ez-toc-heading-level-3'><a class=\"ez-toc-link ez-toc-heading-70\" href=\"https:\/\/loudavymkrokem.cz\/de\/pisek-tschechien-sehenswuerdigkeiten\/#Farmapark_Maletice\" >Farmapark Maletice<\/a><\/li><li class='ez-toc-page-1 ez-toc-heading-level-3'><a class=\"ez-toc-link ez-toc-heading-71\" href=\"https:\/\/loudavymkrokem.cz\/de\/pisek-tschechien-sehenswuerdigkeiten\/#Fiziland_und_Kralovstvi_casu_in_Protivin\" >Fiziland und Kr\u00e1lovstv\u00ed \u010dasu in Protiv\u00edn<\/a><\/li><li class='ez-toc-page-1 ez-toc-heading-level-3'><a class=\"ez-toc-link ez-toc-heading-72\" href=\"https:\/\/loudavymkrokem.cz\/de\/pisek-tschechien-sehenswuerdigkeiten\/#Bagrarium_in_Strakonice\" >Bagr\u00e1rium in Strakonice<\/a><\/li><li class='ez-toc-page-1 ez-toc-heading-level-3'><a class=\"ez-toc-link ez-toc-heading-73\" href=\"https:\/\/loudavymkrokem.cz\/de\/pisek-tschechien-sehenswuerdigkeiten\/#Tabor\" >T\u00e1bor<\/a><\/li><li class='ez-toc-page-1 ez-toc-heading-level-3'><a class=\"ez-toc-link ez-toc-heading-74\" href=\"https:\/\/loudavymkrokem.cz\/de\/pisek-tschechien-sehenswuerdigkeiten\/#Ceske_Budejovice_Budweis\" >\u010cesk\u00e9 Bud\u011bjovice (Budweis)<\/a><\/li><li class='ez-toc-page-1 ez-toc-heading-level-3'><a class=\"ez-toc-link ez-toc-heading-75\" href=\"https:\/\/loudavymkrokem.cz\/de\/pisek-tschechien-sehenswuerdigkeiten\/#Hluboka_nad_Vltavou\" >Hlubok\u00e1 nad Vltavou<\/a><\/li><li class='ez-toc-page-1 ez-toc-heading-level-3'><a class=\"ez-toc-link ez-toc-heading-76\" href=\"https:\/\/loudavymkrokem.cz\/de\/pisek-tschechien-sehenswuerdigkeiten\/#Cesky_Krumlov_Krumau\" >\u010cesk\u00fd Krumlov (Krumau)<\/a><\/li><li class='ez-toc-page-1 ez-toc-heading-level-3'><a class=\"ez-toc-link ez-toc-heading-77\" href=\"https:\/\/loudavymkrokem.cz\/de\/pisek-tschechien-sehenswuerdigkeiten\/#Boehmerwald_Sumava\" >B\u00f6hmerwald (\u0160umava)<\/a><\/li><li class='ez-toc-page-1 ez-toc-heading-level-3'><a class=\"ez-toc-link ez-toc-heading-78\" href=\"https:\/\/loudavymkrokem.cz\/de\/pisek-tschechien-sehenswuerdigkeiten\/#Prag\" >Prag<\/a><\/li><\/ul><\/li><li class='ez-toc-page-1 ez-toc-heading-level-2'><a class=\"ez-toc-link ez-toc-heading-79\" href=\"https:\/\/loudavymkrokem.cz\/de\/pisek-tschechien-sehenswuerdigkeiten\/#Pisek_in_Tschechien_Fazit\" >P\u00edsek in Tschechien: Fazit<\/a><\/li><li class='ez-toc-page-1 ez-toc-heading-level-2'><a class=\"ez-toc-link ez-toc-heading-80\" href=\"https:\/\/loudavymkrokem.cz\/de\/pisek-tschechien-sehenswuerdigkeiten\/#Wie_es_weitergeht\" >Wie es weitergeht<\/a><\/li><li class='ez-toc-page-1 ez-toc-heading-level-2'><a class=\"ez-toc-link ez-toc-heading-81\" href=\"https:\/\/loudavymkrokem.cz\/de\/pisek-tschechien-sehenswuerdigkeiten\/#Haeufig_gestellte_Fragen\" >H\u00e4ufig gestellte Fragen<\/a><ul class='ez-toc-list-level-3' ><li class='ez-toc-heading-level-3'><a class=\"ez-toc-link ez-toc-heading-82\" href=\"https:\/\/loudavymkrokem.cz\/de\/pisek-tschechien-sehenswuerdigkeiten\/#Ist_die_Steinerne_Bruecke_in_Pisek_wirklich_aelter_als_die_Karlsbruecke\" >Ist die Steinerne Br\u00fccke in P\u00edsek wirklich \u00e4lter als die Karlsbr\u00fccke?<\/a><\/li><li class='ez-toc-page-1 ez-toc-heading-level-3'><a class=\"ez-toc-link ez-toc-heading-83\" href=\"https:\/\/loudavymkrokem.cz\/de\/pisek-tschechien-sehenswuerdigkeiten\/#Begeistert_die_Sladovna_auch_aeltere_Kinder\" >Begeistert die Sladovna auch \u00e4ltere Kinder?<\/a><\/li><li class='ez-toc-page-1 ez-toc-heading-level-3'><a class=\"ez-toc-link ez-toc-heading-84\" href=\"https:\/\/loudavymkrokem.cz\/de\/pisek-tschechien-sehenswuerdigkeiten\/#Wo_genau_befinden_sich_die_Sandskulpturen\" >Wo genau befinden sich die Sandskulpturen?<\/a><\/li><li class='ez-toc-page-1 ez-toc-heading-level-3'><a class=\"ez-toc-link ez-toc-heading-85\" href=\"https:\/\/loudavymkrokem.cz\/de\/pisek-tschechien-sehenswuerdigkeiten\/#Wie_komme_ich_zum_Aussichtsturm_Jarnik\" >Wie komme ich zum Aussichtsturm Jarn\u00edk?<\/a><\/li><li class='ez-toc-page-1 ez-toc-heading-level-3'><a class=\"ez-toc-link ez-toc-heading-86\" href=\"https:\/\/loudavymkrokem.cz\/de\/pisek-tschechien-sehenswuerdigkeiten\/#Wann_ist_die_beste_Zeit_fuer_einen_Besuch_des_Staatsgestuets\" >Wann ist die beste Zeit f\u00fcr einen Besuch des Staatsgest\u00fcts?<\/a><\/li><li class='ez-toc-page-1 ez-toc-heading-level-3'><a class=\"ez-toc-link ez-toc-heading-87\" href=\"https:\/\/loudavymkrokem.cz\/de\/pisek-tschechien-sehenswuerdigkeiten\/#Wie_viel_kostet_der_Eintritt_ins_Prachen-Museum\" >Wie viel kostet der Eintritt ins Pr\u00e1che\u0148-Museum?<\/a><\/li><li class='ez-toc-page-1 ez-toc-heading-level-3'><a class=\"ez-toc-link ez-toc-heading-88\" href=\"https:\/\/loudavymkrokem.cz\/de\/pisek-tschechien-sehenswuerdigkeiten\/#Wie_komme_ich_am_besten_von_Deutschland_nach_Pisek\" >Wie komme ich am besten von Deutschland nach P\u00edsek?<\/a><\/li><li class='ez-toc-page-1 ez-toc-heading-level-3'><a class=\"ez-toc-link ez-toc-heading-89\" href=\"https:\/\/loudavymkrokem.cz\/de\/pisek-tschechien-sehenswuerdigkeiten\/#Wohin_in_Pisek_mit_Kindern\" >Wohin in P\u00edsek mit Kindern?<\/a><\/li><\/ul><\/li><\/ul><\/nav><\/div>\n<h2 class=\"wp-block-heading\"><span class=\"ez-toc-section\" id=\"Zusammenfassung_fuer_alle_die_keine_Zeit_haben_den_ganzen_Artikel_zu_lesen\"><\/span>Zusammenfassung f\u00fcr alle, die keine Zeit haben, den ganzen Artikel zu lesen<span class=\"ez-toc-section-end\"><\/span><\/h2>\n\n\n\n<ul class=\"wp-block-list\">\n<li><strong>Steinerne Br\u00fccke<\/strong> \u2013 die \u00e4lteste Steinbr\u00fccke Tschechiens, ikonisches Wahrzeichen der Stadt, Eintritt frei, am sch\u00f6nsten bei Sonnenaufgang im Nebel.<\/li>\n\n\n\n<li><strong>Sladovna P\u00edsek<\/strong> \u2013 interaktives Zentrum f\u00fcr Kinder (und ehrlich gesagt auch Erwachsene), idealer Tipp f\u00fcr P\u00edsek mit Kindern, wenn es regnet.<\/li>\n\n\n\n<li><strong>Landesgest\u00fct<\/strong> \u2013 nationales Kulturdenkmal im Tudor-Stil, F\u00fchrungen f\u00fcr 6 \u20ac (150 K\u010d), nimm Bargeld mit.<\/li>\n\n\n\n<li><strong>Lokale im Palack\u00fd-Park<\/strong> \u2013 das glutenfreie Do Nebe und das Park Caf\u00e9, beide mit Blick in den Park.<\/li>\n\n\n\n<li><strong>Travel Cafe<\/strong> \u2013 meiner Meinung nach das beste Caf\u00e9 der Stadt, mit Garten im Innenhof und Sandkasten f\u00fcr Kinder.<\/li>\n\n\n\n<li><strong>P\u00edseck\u00e9 hory (Piseker Berge)<\/strong> \u2013 Waldmassiv direkt hinter der Stadt, ideal f\u00fcr Spazierg\u00e4nge, Laufen und Radtouren.<\/li>\n\n\n\n<li><strong>Umgebung von P\u00edsek<\/strong> \u2013 Zv\u00edkov, Orl\u00edk, Hlubok\u00e1, T\u00e1bor \u2013 alles in unter 40 Minuten mit dem Auto.<\/li>\n<\/ul>\n\n\n\n<p class=\"wp-block-paragraph\"><strong><a href=\"https:\/\/loudavymkrokem.cz\/de\/suedboehmen-reiseziele\/\" target=\"_blank\" rel=\"noreferrer noopener\">Lies auch: 8 Ausfl\u00fcge durch S\u00fcdb\u00f6hmen<\/a><\/strong><\/p>\n\n\n\n<h2 class=\"wp-block-heading\"><span class=\"ez-toc-section\" id=\"Was_Pisek_in_Tschechien_besonders_macht_und_warum_sich_ein_Besuch_lohnt\"><\/span>Was P\u00edsek in Tschechien besonders macht und warum sich ein Besuch lohnt<span class=\"ez-toc-section-end\"><\/span><\/h2>\n\n\n\n<figure data-wp-context=\"{&quot;imageId&quot;:&quot;6a9523879d3fe&quot;}\" data-wp-interactive=\"core\/image\" data-wp-key=\"6a9523879d3fe\" class=\"wp-block-image size-full wp-lightbox-container\"><img decoding=\"async\" width=\"2200\" height=\"1467\" data-wp-class--hide=\"state.isContentHidden\" data-wp-class--show=\"state.isContentVisible\" data-wp-init=\"callbacks.setButtonStyles\" data-wp-on--click=\"actions.showLightbox\" data-wp-on--load=\"callbacks.setButtonStyles\" data-wp-on--pointerdown=\"actions.preloadImage\" data-wp-on--pointerenter=\"actions.preloadImageWithDelay\" data-wp-on--pointerleave=\"actions.cancelPreload\" data-wp-on-window--resize=\"callbacks.setButtonStyles\" src=\"https:\/\/loudavymkrokem.cz\/wp-content\/uploads\/2026\/08\/pisek-alsovo-namesti-vecer.jpg\" alt=\"Ale\u0161-Platz in P\u00edsek im Abendlicht\" class=\"wp-image-399356\" title=\"\" srcset=\"https:\/\/loudavymkrokem.cz\/wp-content\/uploads\/2026\/08\/pisek-alsovo-namesti-vecer.jpg 2200w, https:\/\/loudavymkrokem.cz\/wp-content\/uploads\/2026\/08\/pisek-alsovo-namesti-vecer-300x200.jpg 300w, https:\/\/loudavymkrokem.cz\/wp-content\/uploads\/2026\/08\/pisek-alsovo-namesti-vecer-700x467.jpg 700w, https:\/\/loudavymkrokem.cz\/wp-content\/uploads\/2026\/08\/pisek-alsovo-namesti-vecer-768x512.jpg 768w, https:\/\/loudavymkrokem.cz\/wp-content\/uploads\/2026\/08\/pisek-alsovo-namesti-vecer-1536x1024.jpg 1536w, https:\/\/loudavymkrokem.cz\/wp-content\/uploads\/2026\/08\/pisek-alsovo-namesti-vecer-2048x1366.jpg 2048w, https:\/\/loudavymkrokem.cz\/wp-content\/uploads\/2026\/08\/pisek-alsovo-namesti-vecer-696x464.jpg 696w, https:\/\/loudavymkrokem.cz\/wp-content\/uploads\/2026\/08\/pisek-alsovo-namesti-vecer-1392x928.jpg 1392w, https:\/\/loudavymkrokem.cz\/wp-content\/uploads\/2026\/08\/pisek-alsovo-namesti-vecer-1920x1280.jpg 1920w\" sizes=\"(max-width: 2200px) 100vw, 2200px\" \/><button\n\t\t\tclass=\"lightbox-trigger\"\n\t\t\ttype=\"button\"\n\t\t\taria-haspopup=\"dialog\"\n\t\t\tdata-wp-bind--aria-label=\"state.thisImage.triggerButtonAriaLabel\"\n\t\t\tdata-wp-init=\"callbacks.initTriggerButton\"\n\t\t\tdata-wp-on--click=\"actions.showLightbox\"\n\t\t\tdata-wp-style--right=\"state.thisImage.buttonRight\"\n\t\t\tdata-wp-style--top=\"state.thisImage.buttonTop\"\n\t\t>\n\t\t\t<svg xmlns=\"http:\/\/www.w3.org\/2000\/svg\" width=\"12\" height=\"12\" fill=\"none\" viewBox=\"0 0 12 12\">\n\t\t\t\t<path fill=\"#fff\" d=\"M2 0a2 2 0 0 0-2 2v2h1.5V2a.5.5 0 0 1 .5-.5h2V0H2Zm2 10.5H2a.5.5 0 0 1-.5-.5V8H0v2a2 2 0 0 0 2 2h2v-1.5ZM8 12v-1.5h2a.5.5 0 0 0 .5-.5V8H12v2a2 2 0 0 1-2 2H8Zm2-12a2 2 0 0 1 2 2v2h-1.5V2a.5.5 0 0 0-.5-.5H8V0h2Z\" \/>\n\t\t\t<\/svg>\n\t\t<\/button><\/figure>\n\n\n\n<p class=\"wp-block-paragraph\"><strong>P\u00edsek wird manchmal<\/strong> <strong>das s\u00fcdb\u00f6hmische Athen<\/strong> genannt, und auch wenn das f\u00fcr eine Stadt mit drei\u00dfigtausend Einwohnern etwas hochtrabend klingt, ist da etwas dran. Die Bildungstradition reicht hier Jahrhunderte zur\u00fcck, die Kultur ist bis heute lebendig, und gemessen an der Einwohnerzahl haben wir hier ungew\u00f6hnlich viele Galerien, Theater und Festivals. Aber vor allem \u2013 P\u00edsek hat eine Geschichte, von der andere St\u00e4dte generationenlang zehren w\u00fcrden.<\/p>\n\n\n\n<p class=\"wp-block-paragraph\">Beginnen wir mit dem Bekanntesten. <strong>Die steinerne Br\u00fccke \u00fcber die Otava stammt aus dem 13. Jahrhundert<\/strong> und ist die \u00e4lteste erhaltene Br\u00fccke in ganz Tschechien. Ja, \u00e4lter als die Karlsbr\u00fccke in Prag, auch wenn die Prager das nicht gern h\u00f6ren, wenn ich es erz\u00e4hle. \ud83d\ude05 Aber es geht nicht nur um die Br\u00fccke. Im Jahr <strong>1887 wurde P\u00edsek die erste Stadt B\u00f6hmens mit \u00f6ffentlicher elektrischer Beleuchtung<\/strong> \u2013 das st\u00e4dtische Elektrizit\u00e4tswerk von K\u0159i\u017e\u00edk erleuchtete den hiesigen Platz fr\u00fcher als Prag! Franti\u0161ek K\u0159i\u017e\u00edk testete seine Technologie genau hier, in einem kleinen s\u00fcdb\u00f6hmischen St\u00e4dtchen an der goldf\u00fchrenden Otava.<\/p>\n\n\n\n<p class=\"wp-block-paragraph\">Und diese Otava, das ist der Fluss, um den sich ganz P\u00edsek dreht. Goldf\u00fchrend, wundersch\u00f6n, im Sommer voller Paddler und Badender. Der Dichter <strong>Fr\u00e1\u0148a \u0160r\u00e1mek<\/strong>, der hier lebte und schrieb, beschrieb sie so, dass du dich am liebsten sofort ans Ufer setzen und dir den Wind durch die Haare wehen lassen m\u00f6chtest. \u00dcbrigens: Wenn du mit Kindern kommst, verpasse auf keinen Fall die <strong>Sandskulpturen<\/strong>, eine Bildhauer-Schau direkt am Ufer der Otava, wo jedes Jahr riesige Sandskulpturen entstehen, die einem den Atem rauben. Das ist wohl das fotogenste, was du in P\u00edsek im Fr\u00fchling und Sommer sehen wirst.<\/p>\n\n\n\n<h2 class=\"wp-block-heading\"><span class=\"ez-toc-section\" id=\"Wann_du_nach_Pisek_fahren_solltest_und_wie_du_hinkommst\"><\/span>Wann du nach P\u00edsek fahren solltest und wie du hinkommst<span class=\"ez-toc-section-end\"><\/span><\/h2>\n\n\n\n<figure data-wp-context=\"{&quot;imageId&quot;:&quot;6a9523879e604&quot;}\" data-wp-interactive=\"core\/image\" data-wp-key=\"6a9523879e604\" class=\"wp-block-image size-full wp-lightbox-container\"><img decoding=\"async\" width=\"2200\" height=\"1467\" data-wp-class--hide=\"state.isContentHidden\" data-wp-class--show=\"state.isContentVisible\" data-wp-init=\"callbacks.setButtonStyles\" data-wp-on--click=\"actions.showLightbox\" data-wp-on--load=\"callbacks.setButtonStyles\" data-wp-on--pointerdown=\"actions.preloadImage\" data-wp-on--pointerenter=\"actions.preloadImageWithDelay\" data-wp-on--pointerleave=\"actions.cancelPreload\" data-wp-on-window--resize=\"callbacks.setButtonStyles\" src=\"https:\/\/loudavymkrokem.cz\/wp-content\/uploads\/2026\/08\/pisek-kamenny-most-soumrak.jpg\" alt=\"Steinerne Br\u00fccke \u00fcber die Otava in der D\u00e4mmerung\" class=\"wp-image-399327\" title=\"\" srcset=\"https:\/\/loudavymkrokem.cz\/wp-content\/uploads\/2026\/08\/pisek-kamenny-most-soumrak.jpg 2200w, https:\/\/loudavymkrokem.cz\/wp-content\/uploads\/2026\/08\/pisek-kamenny-most-soumrak-300x200.jpg 300w, https:\/\/loudavymkrokem.cz\/wp-content\/uploads\/2026\/08\/pisek-kamenny-most-soumrak-700x467.jpg 700w, https:\/\/loudavymkrokem.cz\/wp-content\/uploads\/2026\/08\/pisek-kamenny-most-soumrak-768x512.jpg 768w, https:\/\/loudavymkrokem.cz\/wp-content\/uploads\/2026\/08\/pisek-kamenny-most-soumrak-1536x1024.jpg 1536w, https:\/\/loudavymkrokem.cz\/wp-content\/uploads\/2026\/08\/pisek-kamenny-most-soumrak-2048x1366.jpg 2048w, https:\/\/loudavymkrokem.cz\/wp-content\/uploads\/2026\/08\/pisek-kamenny-most-soumrak-696x464.jpg 696w, https:\/\/loudavymkrokem.cz\/wp-content\/uploads\/2026\/08\/pisek-kamenny-most-soumrak-1392x928.jpg 1392w, https:\/\/loudavymkrokem.cz\/wp-content\/uploads\/2026\/08\/pisek-kamenny-most-soumrak-1920x1280.jpg 1920w\" sizes=\"(max-width: 2200px) 100vw, 2200px\" \/><button\n\t\t\tclass=\"lightbox-trigger\"\n\t\t\ttype=\"button\"\n\t\t\taria-haspopup=\"dialog\"\n\t\t\tdata-wp-bind--aria-label=\"state.thisImage.triggerButtonAriaLabel\"\n\t\t\tdata-wp-init=\"callbacks.initTriggerButton\"\n\t\t\tdata-wp-on--click=\"actions.showLightbox\"\n\t\t\tdata-wp-style--right=\"state.thisImage.buttonRight\"\n\t\t\tdata-wp-style--top=\"state.thisImage.buttonTop\"\n\t\t>\n\t\t\t<svg xmlns=\"http:\/\/www.w3.org\/2000\/svg\" width=\"12\" height=\"12\" fill=\"none\" viewBox=\"0 0 12 12\">\n\t\t\t\t<path fill=\"#fff\" d=\"M2 0a2 2 0 0 0-2 2v2h1.5V2a.5.5 0 0 1 .5-.5h2V0H2Zm2 10.5H2a.5.5 0 0 1-.5-.5V8H0v2a2 2 0 0 0 2 2h2v-1.5ZM8 12v-1.5h2a.5.5 0 0 0 .5-.5V8H12v2a2 2 0 0 1-2 2H8Zm2-12a2 2 0 0 1 2 2v2h-1.5V2a.5.5 0 0 0-.5-.5H8V0h2Z\" \/>\n\t\t\t<\/svg>\n\t\t<\/button><\/figure>\n\n\n\n<p class=\"wp-block-paragraph\">P\u00edsek ist zu jeder Jahreszeit sch\u00f6n, das sage ich mit voller Verantwortung von jemandem, der hier auch die tr\u00fcben, deprimierenden Novembertage erlebt hat. Aber jede Saison hat ihren eigenen Reiz, und es kommt darauf an, was du suchst.<\/p>\n\n\n\n<ul class=\"wp-block-list\">\n<li><strong>Fr\u00fchling (April\u2013Mai)<\/strong> ist wohl meine liebste Zeit. Der Palack\u00fd-Park erbl\u00fcht, entlang der Otava ist alles gr\u00fcn und die Stadt erwacht nach dem Winter \u2013 die Caf\u00e9terrassen \u00f6ffnen, die Leute kommen nach drau\u00dfen und in der Luft liegt diese frische Energie. Und vor allem werden Ende Mai an der Uferpromenade neue riesige <strong>Sandskulpturen<\/strong> enth\u00fcllt, dieses Jahr schon zum zwanzigsten Mal, begleitet vom Familienfestival P\u00edskovi\u0161t\u011b. Stra\u00dfentheater, Konzerte, Kinderworkshops \u2013 die ganze Stadt lebt. Eines der sch\u00f6nsten Wochenenden im Jahr.<\/li>\n\n\n\n<li><strong>Sommer (Juni\u2013August)<\/strong> ist zum Baden in der Otava, f\u00fcr Paddeltouren, Stadtfeste und lange Abende in den G\u00e4rten am Fluss. Im Juni findet <strong>Dotkni se P\u00edsku<\/strong> statt \u2013 ein historisches Fest direkt im Zentrum, mit Rittern, Handwerk und historischen M\u00e4rkten. Im August dann das <strong>Folklore-Festival<\/strong>, zu dem Ensembles aus aller Welt anreisen. Rechne aber damit, dass in der Hochsaison mehr Touristen in der Stadt sind (auch wenn immer noch unvergleichlich weniger als in Krumlov, keine Frage).<\/li>\n\n\n\n<li><strong>Herbst (September\u2013Oktober)<\/strong> \u2013 goldenes P\u00edsek. Buchst\u00e4blich. Die B\u00e4ume im Park und am Fluss verf\u00e4rben sich, der Morgennebel \u00fcber der Otava sieht aus wie aus einem Film, die Touristen werden weniger. Ideal f\u00fcr Spazierg\u00e4nge und entspanntes Besichtigen der Sehensw\u00fcrdigkeiten. Und Mitte September bringt das Musikfestival Cool v plot\u011b Leben ins Zentrum.<\/li>\n\n\n\n<li><strong>Winter (November\u2013M\u00e4rz)<\/strong> \u2013 ich bin ehrlich, P\u00edsek im Winter ist kein weihnachtliches Salzburg. Aber der Adventsmarkt auf dem Gro\u00dfen Platz hat auch seinen Zauber, in den letzten Jahren gibt es hier auf dem Platz sogar einen Ice Ring, in der Sladovna ist es warm und es gibt jede Menge Programm f\u00fcr Kinder, und wenn Schnee f\u00e4llt und du \u00fcber die Br\u00fccke spazierst&#8230; dann ist das einfach ein M\u00e4rchen.<\/li>\n<\/ul>\n\n\n\n<p class=\"wp-block-paragraph\"><strong>Lies auch: <a href=\"https:\/\/loudavymkrokem.cz\/de\/urlaub-tschechien-tipps\/\" target=\"_blank\" data-type=\"link\" data-id=\"https:\/\/loudavymkrokem.cz\/kam-na-dovolenou-v-cesku\/\" rel=\"noreferrer noopener\">20 Tipps f\u00fcr den Urlaub in Tschechien<\/a><\/strong><\/p>\n\n\n\n<h3 class=\"wp-block-heading\"><span class=\"ez-toc-section\" id=\"Wie_du_nach_Pisek_kommst\"><\/span>Wie du nach P\u00edsek kommst<span class=\"ez-toc-section-end\"><\/span><\/h3>\n\n\n\n<figure data-wp-context=\"{&quot;imageId&quot;:&quot;6a9523879f57f&quot;}\" data-wp-interactive=\"core\/image\" data-wp-key=\"6a9523879f57f\" class=\"wp-block-image size-full wp-lightbox-container\"><img decoding=\"async\" width=\"2200\" height=\"1467\" data-wp-class--hide=\"state.isContentHidden\" data-wp-class--show=\"state.isContentVisible\" data-wp-init=\"callbacks.setButtonStyles\" data-wp-on--click=\"actions.showLightbox\" data-wp-on--load=\"callbacks.setButtonStyles\" data-wp-on--pointerdown=\"actions.preloadImage\" data-wp-on--pointerenter=\"actions.preloadImageWithDelay\" data-wp-on--pointerleave=\"actions.cancelPreload\" data-wp-on-window--resize=\"callbacks.setButtonStyles\" src=\"https:\/\/loudavymkrokem.cz\/wp-content\/uploads\/2026\/08\/pisek-ulicka-vez-radnice.jpg\" alt=\"Gasse in der historischen Altstadt von P\u00edsek mit Rathausturm\" class=\"wp-image-399384\" title=\"\" srcset=\"https:\/\/loudavymkrokem.cz\/wp-content\/uploads\/2026\/08\/pisek-ulicka-vez-radnice.jpg 2200w, https:\/\/loudavymkrokem.cz\/wp-content\/uploads\/2026\/08\/pisek-ulicka-vez-radnice-300x200.jpg 300w, https:\/\/loudavymkrokem.cz\/wp-content\/uploads\/2026\/08\/pisek-ulicka-vez-radnice-700x467.jpg 700w, https:\/\/loudavymkrokem.cz\/wp-content\/uploads\/2026\/08\/pisek-ulicka-vez-radnice-768x512.jpg 768w, https:\/\/loudavymkrokem.cz\/wp-content\/uploads\/2026\/08\/pisek-ulicka-vez-radnice-1536x1024.jpg 1536w, https:\/\/loudavymkrokem.cz\/wp-content\/uploads\/2026\/08\/pisek-ulicka-vez-radnice-2048x1366.jpg 2048w, https:\/\/loudavymkrokem.cz\/wp-content\/uploads\/2026\/08\/pisek-ulicka-vez-radnice-696x464.jpg 696w, https:\/\/loudavymkrokem.cz\/wp-content\/uploads\/2026\/08\/pisek-ulicka-vez-radnice-1392x928.jpg 1392w, https:\/\/loudavymkrokem.cz\/wp-content\/uploads\/2026\/08\/pisek-ulicka-vez-radnice-1920x1280.jpg 1920w\" sizes=\"(max-width: 2200px) 100vw, 2200px\" \/><button\n\t\t\tclass=\"lightbox-trigger\"\n\t\t\ttype=\"button\"\n\t\t\taria-haspopup=\"dialog\"\n\t\t\tdata-wp-bind--aria-label=\"state.thisImage.triggerButtonAriaLabel\"\n\t\t\tdata-wp-init=\"callbacks.initTriggerButton\"\n\t\t\tdata-wp-on--click=\"actions.showLightbox\"\n\t\t\tdata-wp-style--right=\"state.thisImage.buttonRight\"\n\t\t\tdata-wp-style--top=\"state.thisImage.buttonTop\"\n\t\t>\n\t\t\t<svg xmlns=\"http:\/\/www.w3.org\/2000\/svg\" width=\"12\" height=\"12\" fill=\"none\" viewBox=\"0 0 12 12\">\n\t\t\t\t<path fill=\"#fff\" d=\"M2 0a2 2 0 0 0-2 2v2h1.5V2a.5.5 0 0 1 .5-.5h2V0H2Zm2 10.5H2a.5.5 0 0 1-.5-.5V8H0v2a2 2 0 0 0 2 2h2v-1.5ZM8 12v-1.5h2a.5.5 0 0 0 .5-.5V8H12v2a2 2 0 0 1-2 2H8Zm2-12a2 2 0 0 1 2 2v2h-1.5V2a.5.5 0 0 0-.5-.5H8V0h2Z\" \/>\n\t\t\t<\/svg>\n\t\t<\/button><\/figure>\n\n\n\n<p class=\"wp-block-paragraph\">Als Reisender aus Deutschland kommst du am bequemsten mit dem Auto oder per Flug plus Mietwagen. Direktfl\u00fcge nach S\u00fcdb\u00f6hmen gibt es nicht, aber Lufthansa, Eurowings oder Ryanair bringen dich von Berlin, M\u00fcnchen oder Frankfurt nach Prag, und von dort ist P\u00edsek nur eine gute Stunde entfernt. Wer lieber mit \u00f6ffentlichen Verkehrsmitteln unterwegs ist, nimmt ab Prag den Bus.<\/p>\n\n\n\n<p class=\"wp-block-paragraph\"><strong>Mit dem Bus ab Prag<\/strong> ist wohl die bequemste Variante. <strong>RegioJet<\/strong> f\u00e4hrt ab der Haltestelle Na Kn\u00ed\u017eec\u00ed, und die Fahrt dauert etwa <strong>70 Minuten<\/strong>. Das Ticket kostet <strong>5\u20139 \u20ac (120\u2013220 K\u010d)<\/strong>, je nachdem, wie fr\u00fch du buchst. Die Verbindungen fahren recht h\u00e4ufig, sodass sich sogar ein Tagesausflug machen l\u00e4sst.<\/p>\n\n\n\n<p class=\"wp-block-paragraph\"><strong>Mit dem Zug<\/strong> ist es leider nicht so komfortabel \u2013 eine Direktverbindung gibt es nicht, du musst umsteigen (meist in T\u00e1bor oder in Protiv\u00edn) und die Fahrt dauert samt Umstieg rund 2,5 bis 3 Stunden. Wenn du kein Fan von Nebenbahnen mit Umstiegen bist, w\u00e4hle den Bus.<\/p>\n\n\n\n<p class=\"wp-block-paragraph\"><strong>Mit dem Auto<\/strong> sind es <strong>ab Prag 104 km<\/strong>, etwa eine Stunde \u00fcber die Autobahn D4 (die endlich komplett fertig ist, Gott sei Dank). Denk daran: F\u00fcr tschechische Autobahnen brauchst du wie in \u00d6sterreich oder der Schweiz eine Vignette \u2013 in Tschechien gibt es sie bequem als digitale eD\u00e1lnice. Das Parken im Zentrum kann etwas m\u00fchsam sein, aber du kannst den Parkplatz beim Ausstellungsgel\u00e4nde nutzen.<\/p>\n\n\n\n<h2 class=\"wp-block-heading\"><span class=\"ez-toc-section\" id=\"Wo_du_in_Pisek_uebernachten_kannst_und_was_es_kostet\"><\/span>Wo du in P\u00edsek \u00fcbernachten kannst und was es kostet<span class=\"ez-toc-section-end\"><\/span><\/h2>\n\n\n\n<figure data-wp-context=\"{&quot;imageId&quot;:&quot;6a952387a0ff2&quot;}\" data-wp-interactive=\"core\/image\" data-wp-key=\"6a952387a0ff2\" class=\"wp-block-image size-full wp-lightbox-container\"><img decoding=\"async\" width=\"2200\" height=\"1467\" data-wp-class--hide=\"state.isContentHidden\" data-wp-class--show=\"state.isContentVisible\" data-wp-init=\"callbacks.setButtonStyles\" data-wp-on--click=\"actions.showLightbox\" data-wp-on--load=\"callbacks.setButtonStyles\" data-wp-on--pointerdown=\"actions.preloadImage\" data-wp-on--pointerenter=\"actions.preloadImageWithDelay\" data-wp-on--pointerleave=\"actions.cancelPreload\" data-wp-on-window--resize=\"callbacks.setButtonStyles\" src=\"https:\/\/loudavymkrokem.cz\/wp-content\/uploads\/2026\/08\/pisek-fontana-hotel-otava.jpg\" alt=\"Springbrunnen im Zentrum von P\u00edsek mit dem Hotel Otava im Hintergrund\" class=\"wp-image-399365\" title=\"\" srcset=\"https:\/\/loudavymkrokem.cz\/wp-content\/uploads\/2026\/08\/pisek-fontana-hotel-otava.jpg 2200w, https:\/\/loudavymkrokem.cz\/wp-content\/uploads\/2026\/08\/pisek-fontana-hotel-otava-300x200.jpg 300w, https:\/\/loudavymkrokem.cz\/wp-content\/uploads\/2026\/08\/pisek-fontana-hotel-otava-700x467.jpg 700w, https:\/\/loudavymkrokem.cz\/wp-content\/uploads\/2026\/08\/pisek-fontana-hotel-otava-768x512.jpg 768w, https:\/\/loudavymkrokem.cz\/wp-content\/uploads\/2026\/08\/pisek-fontana-hotel-otava-1536x1024.jpg 1536w, https:\/\/loudavymkrokem.cz\/wp-content\/uploads\/2026\/08\/pisek-fontana-hotel-otava-2048x1366.jpg 2048w, https:\/\/loudavymkrokem.cz\/wp-content\/uploads\/2026\/08\/pisek-fontana-hotel-otava-696x464.jpg 696w, https:\/\/loudavymkrokem.cz\/wp-content\/uploads\/2026\/08\/pisek-fontana-hotel-otava-1392x928.jpg 1392w, https:\/\/loudavymkrokem.cz\/wp-content\/uploads\/2026\/08\/pisek-fontana-hotel-otava-1920x1280.jpg 1920w\" sizes=\"(max-width: 2200px) 100vw, 2200px\" \/><button\n\t\t\tclass=\"lightbox-trigger\"\n\t\t\ttype=\"button\"\n\t\t\taria-haspopup=\"dialog\"\n\t\t\tdata-wp-bind--aria-label=\"state.thisImage.triggerButtonAriaLabel\"\n\t\t\tdata-wp-init=\"callbacks.initTriggerButton\"\n\t\t\tdata-wp-on--click=\"actions.showLightbox\"\n\t\t\tdata-wp-style--right=\"state.thisImage.buttonRight\"\n\t\t\tdata-wp-style--top=\"state.thisImage.buttonTop\"\n\t\t>\n\t\t\t<svg xmlns=\"http:\/\/www.w3.org\/2000\/svg\" width=\"12\" height=\"12\" fill=\"none\" viewBox=\"0 0 12 12\">\n\t\t\t\t<path fill=\"#fff\" d=\"M2 0a2 2 0 0 0-2 2v2h1.5V2a.5.5 0 0 1 .5-.5h2V0H2Zm2 10.5H2a.5.5 0 0 1-.5-.5V8H0v2a2 2 0 0 0 2 2h2v-1.5ZM8 12v-1.5h2a.5.5 0 0 0 .5-.5V8H12v2a2 2 0 0 1-2 2H8Zm2-12a2 2 0 0 1 2 2v2h-1.5V2a.5.5 0 0 0-.5-.5H8V0h2Z\" \/>\n\t\t\t<\/svg>\n\t\t<\/button><\/figure>\n\n\n\n<p class=\"wp-block-paragraph\">P\u00edsek ist nicht Prag, deshalb bringen dich die \u00dcbernachtungspreise nicht zum Herzinfarkt, aber du findest hier auch keine zwanzig F\u00fcnf-Sterne-Hotels. Das Angebot ist kleiner, aber solide \u2013 von Apartments bis zu Hotels mit Restaurant.<\/p>\n\n\n\n<p class=\"wp-block-paragraph\"><strong><a class=\"thirstylink\" rel=\"nofollow\" target=\"_blank\" title=\"Hotel Biograf P\u00edsek\" href=\"https:\/\/loudavymkrokem.cz\/doporucujeme\/hotel-biograf-pisek\/\" data-shortcode=\"true\"><a href=\"https:\/\/www.stay22.com\/allez\/roam?aid=lukaskonecny&amp;campaign=loudavymkrokemcz&amp;campaign=co-videt-v-pisku&amp;hotelname=Hotel%20Biograf&amp;address=P%C3%ADsek%2C%20%C4%8Cesko\" target=\"_blank\" rel=\"noopener nofollow sponsored\">Hotel Biograf<\/a><\/a><\/strong> ist wohl die bekannteste Adresse der Stadt \u2013 <strong>4 Sterne<\/strong>, modern renoviert, untergebracht direkt im Geb\u00e4ude eines ehemaligen Kinos (daher der Name). Auf Booking hat es eine Bewertung von <strong>8,6\/10<\/strong>, die Zimmer sind sauber und komfortabel, das Fr\u00fchst\u00fcck solide. Dazu gibt es eine finnische Sauna und Massagen.<\/p>\n\n\n\n<p class=\"wp-block-paragraph\"><strong><a class=\"thirstylink\" rel=\"nofollow\" target=\"_blank\" title=\"Hotel U Kapli\u010dky\" href=\"https:\/\/loudavymkrokem.cz\/doporucujeme\/hotel-u-kaplicky\/\" data-shortcode=\"true\"><a href=\"https:\/\/www.stay22.com\/allez\/roam?aid=lukaskonecny&amp;campaign=loudavymkrokemcz&amp;campaign=co-videt-v-pisku&amp;hotelname=Hotel%20U%20Kapli%C4%8Dky&amp;address=P%C3%ADsek%2C%20%C4%8Cesko\" target=\"_blank\" rel=\"noopener nofollow sponsored\">Hotel U Kapli\u010dky<\/a><\/a><\/strong> ist eine eher klassische Wahl mit angenehmer Atmosph\u00e4re, und vor allem \u2013 dazu geh\u00f6rt das Restaurant <strong>Chapelle<\/strong>, eines der besseren der Stadt und \u201eMichelin Selected\u201c (aber zum Essen sp\u00e4ter mehr).<\/p>\n\n\n\n<p class=\"wp-block-paragraph\">Wenn du sparen m\u00f6chtest oder in einer gr\u00f6\u00dferen Gruppe reist, bekommst du <strong>Apartments<\/strong> in P\u00edsek schon <strong>ab 23 \u20ac (550 K\u010d) pro Nacht<\/strong>, was wirklich ein fairer Preis ist. Pensionen bewegen sich dann <strong>ab 48 \u20ac (1.160 K\u010d) pro Nacht<\/strong> f\u00fcr ein Doppelzimmer. Schau dir zum Beispiel die <strong><a class=\"thirstylink\" rel=\"nofollow\" target=\"_blank\" title=\"Rezidence u Kamenn\u00e9ho mostu\" href=\"https:\/\/loudavymkrokem.cz\/doporucujeme\/rezidence-u-kamenneho-mostu\/\" data-shortcode=\"true\">Residenz U Kamenn\u00e9ho mostu<\/a><\/strong> oder das <strong><a class=\"thirstylink\" rel=\"nofollow\" target=\"_blank\" title=\"Soho Apartment\" href=\"https:\/\/loudavymkrokem.cz\/doporucujeme\/soho-apartment\/\" data-shortcode=\"true\"><a href=\"https:\/\/www.stay22.com\/allez\/roam?aid=lukaskonecny&amp;campaign=loudavymkrokemcz&amp;campaign=co-videt-v-pisku&amp;hotelname=Soho%20apartment&amp;address=P%C3%ADsek%2C%20%C4%8Cesko\" target=\"_blank\" rel=\"noopener nofollow sponsored\">Soho apartment<\/a><\/a><\/strong> an.<\/p>\n\n\n\n<p class=\"wp-block-paragraph\">Ich empfehle, vor allem im Sommer und w\u00e4hrend der Festivals im Voraus zu buchen, wenn sich die Kapazit\u00e4ten schnell f\u00fcllen.<\/p>\n\n\n\n<h2 class=\"wp-block-heading\"><span class=\"ez-toc-section\" id=\"Pisek_in_Tschechien_39_Tipps_zu_Sehenswuerdigkeiten_und_interessanten_Orten\"><\/span>P\u00edsek in Tschechien: 39 Tipps zu Sehensw\u00fcrdigkeiten und interessanten Orten<span class=\"ez-toc-section-end\"><\/span><\/h2>\n\n\n\n<figure data-wp-context=\"{&quot;imageId&quot;:&quot;6a952387a3dc4&quot;}\" data-wp-interactive=\"core\/image\" data-wp-key=\"6a952387a3dc4\" class=\"wp-block-image size-full wp-lightbox-container\"><img decoding=\"async\" width=\"2200\" height=\"1467\" data-wp-class--hide=\"state.isContentHidden\" data-wp-class--show=\"state.isContentVisible\" data-wp-init=\"callbacks.setButtonStyles\" data-wp-on--click=\"actions.showLightbox\" data-wp-on--load=\"callbacks.setButtonStyles\" data-wp-on--pointerdown=\"actions.preloadImage\" data-wp-on--pointerenter=\"actions.preloadImageWithDelay\" data-wp-on--pointerleave=\"actions.cancelPreload\" data-wp-on-window--resize=\"callbacks.setButtonStyles\" src=\"https:\/\/loudavymkrokem.cz\/wp-content\/uploads\/2026\/08\/pisek-vyhled-z-veze-velke-namesti.jpg\" alt=\"Blick vom Kirchturm auf die D\u00e4cher und den Gro\u00dfen Platz in P\u00edsek\" class=\"wp-image-399535\" title=\"\" srcset=\"https:\/\/loudavymkrokem.cz\/wp-content\/uploads\/2026\/08\/pisek-vyhled-z-veze-velke-namesti.jpg 2200w, https:\/\/loudavymkrokem.cz\/wp-content\/uploads\/2026\/08\/pisek-vyhled-z-veze-velke-namesti-300x200.jpg 300w, https:\/\/loudavymkrokem.cz\/wp-content\/uploads\/2026\/08\/pisek-vyhled-z-veze-velke-namesti-700x467.jpg 700w, https:\/\/loudavymkrokem.cz\/wp-content\/uploads\/2026\/08\/pisek-vyhled-z-veze-velke-namesti-768x512.jpg 768w, https:\/\/loudavymkrokem.cz\/wp-content\/uploads\/2026\/08\/pisek-vyhled-z-veze-velke-namesti-1536x1024.jpg 1536w, https:\/\/loudavymkrokem.cz\/wp-content\/uploads\/2026\/08\/pisek-vyhled-z-veze-velke-namesti-2048x1366.jpg 2048w, https:\/\/loudavymkrokem.cz\/wp-content\/uploads\/2026\/08\/pisek-vyhled-z-veze-velke-namesti-696x464.jpg 696w, https:\/\/loudavymkrokem.cz\/wp-content\/uploads\/2026\/08\/pisek-vyhled-z-veze-velke-namesti-1392x928.jpg 1392w, https:\/\/loudavymkrokem.cz\/wp-content\/uploads\/2026\/08\/pisek-vyhled-z-veze-velke-namesti-1920x1280.jpg 1920w\" sizes=\"(max-width: 2200px) 100vw, 2200px\" \/><button\n\t\t\tclass=\"lightbox-trigger\"\n\t\t\ttype=\"button\"\n\t\t\taria-haspopup=\"dialog\"\n\t\t\tdata-wp-bind--aria-label=\"state.thisImage.triggerButtonAriaLabel\"\n\t\t\tdata-wp-init=\"callbacks.initTriggerButton\"\n\t\t\tdata-wp-on--click=\"actions.showLightbox\"\n\t\t\tdata-wp-style--right=\"state.thisImage.buttonRight\"\n\t\t\tdata-wp-style--top=\"state.thisImage.buttonTop\"\n\t\t>\n\t\t\t<svg xmlns=\"http:\/\/www.w3.org\/2000\/svg\" width=\"12\" height=\"12\" fill=\"none\" viewBox=\"0 0 12 12\">\n\t\t\t\t<path fill=\"#fff\" d=\"M2 0a2 2 0 0 0-2 2v2h1.5V2a.5.5 0 0 1 .5-.5h2V0H2Zm2 10.5H2a.5.5 0 0 1-.5-.5V8H0v2a2 2 0 0 0 2 2h2v-1.5ZM8 12v-1.5h2a.5.5 0 0 0 .5-.5V8H12v2a2 2 0 0 1-2 2H8Zm2-12a2 2 0 0 1 2 2v2h-1.5V2a.5.5 0 0 0-.5-.5H8V0h2Z\" \/>\n\t\t\t<\/svg>\n\t\t<\/button><\/figure>\n\n\n\n<p class=\"wp-block-paragraph\">Und jetzt zum Wichtigsten \u2013 weswegen du diesen Artikel eigentlich ge\u00f6ffnet hast. \ud83d\ude01 Ich habe eine Liste mit <strong>39 Orten, Sehensw\u00fcrdigkeiten und Kuriosit\u00e4ten<\/strong> zusammengestellt, die in P\u00edsek einen Besuch wert sind. Einige kennst du von Postkarten, andere werden dich vielleicht \u00fcberraschen. Ich habe versucht, nicht nur an die \u201egro\u00dfen&#8220; Touristenziele zu denken, sondern auch die unscheinbaren Orte hinzuzuf\u00fcgen, an denen Touristen achtlos vorbeigehen, obwohl sie eine Geschichte haben.<\/p>\n\n\n\n<p class=\"wp-block-paragraph\">Die Stadt P\u00edsek ist \u00fcberraschend reich an Denkm\u00e4lern und Sehensw\u00fcrdigkeiten, und das hier ist mein pers\u00f6nlicher F\u00fchrer, hinter dem ich stehe. <strong>Also komm, wir beginnen bei der Br\u00fccke.<\/strong><\/p>\n\n\n\n<h3 class=\"wp-block-heading\"><span class=\"ez-toc-section\" id=\"1_Steinerne_Bruecke_Jeleni_most_%E2%80%93_die_aelteste_Steinbruecke_Tschechiens\"><\/span>1. Steinerne Br\u00fccke (Jelen\u00ed most) \u2013 die \u00e4lteste Steinbr\u00fccke Tschechiens<span class=\"ez-toc-section-end\"><\/span><\/h3>\n\n\n\n<figure data-wp-context=\"{&quot;imageId&quot;:&quot;6a952387a4653&quot;}\" data-wp-interactive=\"core\/image\" data-wp-key=\"6a952387a4653\" class=\"wp-block-image size-full wp-lightbox-container\"><img decoding=\"async\" width=\"2200\" height=\"1467\" data-wp-class--hide=\"state.isContentHidden\" data-wp-class--show=\"state.isContentVisible\" data-wp-init=\"callbacks.setButtonStyles\" data-wp-on--click=\"actions.showLightbox\" data-wp-on--load=\"callbacks.setButtonStyles\" data-wp-on--pointerdown=\"actions.preloadImage\" data-wp-on--pointerenter=\"actions.preloadImageWithDelay\" data-wp-on--pointerleave=\"actions.cancelPreload\" data-wp-on-window--resize=\"callbacks.setButtonStyles\" src=\"https:\/\/loudavymkrokem.cz\/wp-content\/uploads\/2026\/08\/pisek-kamenny-most-sochy.jpg\" alt=\"Steinerne Br\u00fccke in P\u00edsek mit barocken Heiligenstatuen\" class=\"wp-image-399324\" title=\"\" srcset=\"https:\/\/loudavymkrokem.cz\/wp-content\/uploads\/2026\/08\/pisek-kamenny-most-sochy.jpg 2200w, https:\/\/loudavymkrokem.cz\/wp-content\/uploads\/2026\/08\/pisek-kamenny-most-sochy-300x200.jpg 300w, https:\/\/loudavymkrokem.cz\/wp-content\/uploads\/2026\/08\/pisek-kamenny-most-sochy-700x467.jpg 700w, https:\/\/loudavymkrokem.cz\/wp-content\/uploads\/2026\/08\/pisek-kamenny-most-sochy-768x512.jpg 768w, https:\/\/loudavymkrokem.cz\/wp-content\/uploads\/2026\/08\/pisek-kamenny-most-sochy-1536x1024.jpg 1536w, https:\/\/loudavymkrokem.cz\/wp-content\/uploads\/2026\/08\/pisek-kamenny-most-sochy-2048x1366.jpg 2048w, https:\/\/loudavymkrokem.cz\/wp-content\/uploads\/2026\/08\/pisek-kamenny-most-sochy-696x464.jpg 696w, https:\/\/loudavymkrokem.cz\/wp-content\/uploads\/2026\/08\/pisek-kamenny-most-sochy-1392x928.jpg 1392w, https:\/\/loudavymkrokem.cz\/wp-content\/uploads\/2026\/08\/pisek-kamenny-most-sochy-1920x1280.jpg 1920w\" sizes=\"(max-width: 2200px) 100vw, 2200px\" \/><button\n\t\t\tclass=\"lightbox-trigger\"\n\t\t\ttype=\"button\"\n\t\t\taria-haspopup=\"dialog\"\n\t\t\tdata-wp-bind--aria-label=\"state.thisImage.triggerButtonAriaLabel\"\n\t\t\tdata-wp-init=\"callbacks.initTriggerButton\"\n\t\t\tdata-wp-on--click=\"actions.showLightbox\"\n\t\t\tdata-wp-style--right=\"state.thisImage.buttonRight\"\n\t\t\tdata-wp-style--top=\"state.thisImage.buttonTop\"\n\t\t>\n\t\t\t<svg xmlns=\"http:\/\/www.w3.org\/2000\/svg\" width=\"12\" height=\"12\" fill=\"none\" viewBox=\"0 0 12 12\">\n\t\t\t\t<path fill=\"#fff\" d=\"M2 0a2 2 0 0 0-2 2v2h1.5V2a.5.5 0 0 1 .5-.5h2V0H2Zm2 10.5H2a.5.5 0 0 1-.5-.5V8H0v2a2 2 0 0 0 2 2h2v-1.5ZM8 12v-1.5h2a.5.5 0 0 0 .5-.5V8H12v2a2 2 0 0 1-2 2H8Zm2-12a2 2 0 0 1 2 2v2h-1.5V2a.5.5 0 0 0-.5-.5H8V0h2Z\" \/>\n\t\t\t<\/svg>\n\t\t<\/button><\/figure>\n\n\n\n<p class=\"wp-block-paragraph\">Das ist der Ort, wegen dem die meisten Leute \u00fcberhaupt nach P\u00edsek kommen, und ich kann es ihnen kein bisschen ver\u00fcbeln. <strong>Die steinerne Br\u00fccke \u00fcber die Otava<\/strong> stammt aus dem <strong>13. Jahrhundert<\/strong>, ist <strong>knapp 110 Meter<\/strong> lang, hat <strong>7 B\u00f6gen<\/strong> und ist einfach die \u00e4lteste erhaltene Steinbr\u00fccke in ganz Tschechien. Die Karlsbr\u00fccke in Prag ist j\u00fcnger, und ja, ich wiederhole das bei jeder Gelegenheit, weil es mich freut. \ud83d\ude0a<\/p>\n\n\n\n<p class=\"wp-block-paragraph\">Die Br\u00fccke schm\u00fccken <strong>Kopien barocker Heiligenstatuen<\/strong> (die Originale sind l\u00e4ngst sicher verwahrt), die erst sp\u00e4ter hinzukamen, und der gesamte Anblick \u2013 die steinernen B\u00f6gen, die Otava darunter, die Stadt an beiden Ufern \u2013 ist einer der sch\u00f6nsten in S\u00fcdb\u00f6hmen. Und wei\u00dft du, wann es hier am allersch\u00f6nsten ist? <strong>Fr\u00fch am Morgen, wenn \u00fcber dem Fluss der Nebel liegt.<\/strong> Die Br\u00fccke steigt aus dem Dunst empor wie aus einem historischen Roman, und du stehst dort ganz allein, weil um sechs Uhr fr\u00fch einfach niemand sonst da ist. Die zweitbeste Zeit ist <strong>bei Sonnenuntergang<\/strong>, wenn sich die Oberfl\u00e4che der Otava orange f\u00e4rbt. Nimm die Kamera mit.<\/p>\n\n\n\n<p class=\"wp-block-paragraph\">Der Eintritt ist selbstverst\u00e4ndlich <strong>kostenlos, 24 Stunden am Tag, 7 Tage die Woche<\/strong>. Es ist eine Br\u00fccke, du gehst einfach dar\u00fcber. Nur du, die alten Steine und der Fluss unter deinen F\u00fc\u00dfen. Manchmal denke ich, dass dies der Ort ist, an dem P\u00edsek am meisten es selbst ist.<\/p>\n\n\n\n<h3 class=\"wp-block-heading\"><span class=\"ez-toc-section\" id=\"2_Putimer_Tor_und_die_Frana-Sramek-Gasse\"><\/span>2. Putimer Tor und die Fr\u00e1\u0148a-\u0160r\u00e1mek-Gasse<span class=\"ez-toc-section-end\"><\/span><\/h3>\n\n\n\n<figure data-wp-context=\"{&quot;imageId&quot;:&quot;6a952387a4f4a&quot;}\" data-wp-interactive=\"core\/image\" data-wp-key=\"6a952387a4f4a\" class=\"wp-block-image size-full wp-lightbox-container\"><img decoding=\"async\" width=\"2200\" height=\"1467\" data-wp-class--hide=\"state.isContentHidden\" data-wp-class--show=\"state.isContentVisible\" data-wp-init=\"callbacks.setButtonStyles\" data-wp-on--click=\"actions.showLightbox\" data-wp-on--load=\"callbacks.setButtonStyles\" data-wp-on--pointerdown=\"actions.preloadImage\" data-wp-on--pointerenter=\"actions.preloadImageWithDelay\" data-wp-on--pointerleave=\"actions.cancelPreload\" data-wp-on-window--resize=\"callbacks.setButtonStyles\" src=\"https:\/\/loudavymkrokem.cz\/wp-content\/uploads\/2026\/08\/pisek-basta-putimska-brana.jpg\" alt=\"Bastei der Stadtbefestigung am ehemaligen Putimer Tor in P\u00edsek\" class=\"wp-image-399337\" title=\"\" srcset=\"https:\/\/loudavymkrokem.cz\/wp-content\/uploads\/2026\/08\/pisek-basta-putimska-brana.jpg 2200w, https:\/\/loudavymkrokem.cz\/wp-content\/uploads\/2026\/08\/pisek-basta-putimska-brana-300x200.jpg 300w, https:\/\/loudavymkrokem.cz\/wp-content\/uploads\/2026\/08\/pisek-basta-putimska-brana-700x467.jpg 700w, https:\/\/loudavymkrokem.cz\/wp-content\/uploads\/2026\/08\/pisek-basta-putimska-brana-768x512.jpg 768w, https:\/\/loudavymkrokem.cz\/wp-content\/uploads\/2026\/08\/pisek-basta-putimska-brana-1536x1024.jpg 1536w, https:\/\/loudavymkrokem.cz\/wp-content\/uploads\/2026\/08\/pisek-basta-putimska-brana-2048x1366.jpg 2048w, https:\/\/loudavymkrokem.cz\/wp-content\/uploads\/2026\/08\/pisek-basta-putimska-brana-696x464.jpg 696w, https:\/\/loudavymkrokem.cz\/wp-content\/uploads\/2026\/08\/pisek-basta-putimska-brana-1392x928.jpg 1392w, https:\/\/loudavymkrokem.cz\/wp-content\/uploads\/2026\/08\/pisek-basta-putimska-brana-1920x1280.jpg 1920w\" sizes=\"(max-width: 2200px) 100vw, 2200px\" \/><button\n\t\t\tclass=\"lightbox-trigger\"\n\t\t\ttype=\"button\"\n\t\t\taria-haspopup=\"dialog\"\n\t\t\tdata-wp-bind--aria-label=\"state.thisImage.triggerButtonAriaLabel\"\n\t\t\tdata-wp-init=\"callbacks.initTriggerButton\"\n\t\t\tdata-wp-on--click=\"actions.showLightbox\"\n\t\t\tdata-wp-style--right=\"state.thisImage.buttonRight\"\n\t\t\tdata-wp-style--top=\"state.thisImage.buttonTop\"\n\t\t>\n\t\t\t<svg xmlns=\"http:\/\/www.w3.org\/2000\/svg\" width=\"12\" height=\"12\" fill=\"none\" viewBox=\"0 0 12 12\">\n\t\t\t\t<path fill=\"#fff\" d=\"M2 0a2 2 0 0 0-2 2v2h1.5V2a.5.5 0 0 1 .5-.5h2V0H2Zm2 10.5H2a.5.5 0 0 1-.5-.5V8H0v2a2 2 0 0 0 2 2h2v-1.5ZM8 12v-1.5h2a.5.5 0 0 0 .5-.5V8H12v2a2 2 0 0 1-2 2H8Zm2-12a2 2 0 0 1 2 2v2h-1.5V2a.5.5 0 0 0-.5-.5H8V0h2Z\" \/>\n\t\t\t<\/svg>\n\t\t<\/button><\/figure>\n\n\n\n<p class=\"wp-block-paragraph\">\u201e<em>Als ich durch das Putimer Tor ging\u2026<\/em>&#8220; \u2013 dieses Lied kennt in Tschechien wohl jeder. Und jetzt \u00fcberrasche ich dich vielleicht: <strong>Das Tor selbst steht l\u00e4ngst nicht mehr<\/strong>. Der Turm wurde 1812 abgerissen, der Rest verschwand bis 1836. Geblieben ist aber der Ort, an dem das Tor stand, und vor allem ein St\u00fcck der <strong>mittelalterlichen Stadtbefestigung<\/strong> mit Zwinger und halbrunder Bastei, das hier in recht beeindruckendem Umfang erhalten geblieben ist.<\/p>\n\n\n\n<p class=\"wp-block-paragraph\">Ein kurzes St\u00fcck von hier, an der Fassade des Hauses Nr. 154 in der Putimer Stra\u00dfe, findest du ein Relief, bekannt als <strong>\u201edie zwei M\u00e4dchen&#8220;<\/strong>, gemei\u00dfelte Figuren, die angeblich genau auf dieses ber\u00fchmte Lied verweisen. Der ganze Ort hat eine ruhige, leicht nostalgische Atmosph\u00e4re, die einen zum Innehalten bringt, auch wenn man oft hier vorbeikommt.<\/p>\n\n\n\n<h3 class=\"wp-block-heading\"><span class=\"ez-toc-section\" id=\"3_Burg_Stadtbefestigung_und_Prachen-Museum\"><\/span>3. Burg, Stadtbefestigung und Pr\u00e1che\u0148-Museum<span class=\"ez-toc-section-end\"><\/span><\/h3>\n\n\n\n<figure data-wp-context=\"{&quot;imageId&quot;:&quot;6a952387a5bc2&quot;}\" data-wp-interactive=\"core\/image\" data-wp-key=\"6a952387a5bc2\" class=\"wp-block-image size-full wp-lightbox-container\"><img decoding=\"async\" width=\"2200\" height=\"1467\" data-wp-class--hide=\"state.isContentHidden\" data-wp-class--show=\"state.isContentVisible\" data-wp-init=\"callbacks.setButtonStyles\" data-wp-on--click=\"actions.showLightbox\" data-wp-on--load=\"callbacks.setButtonStyles\" data-wp-on--pointerdown=\"actions.preloadImage\" data-wp-on--pointerenter=\"actions.preloadImageWithDelay\" data-wp-on--pointerleave=\"actions.cancelPreload\" data-wp-on-window--resize=\"callbacks.setButtonStyles\" src=\"https:\/\/loudavymkrokem.cz\/wp-content\/uploads\/2026\/08\/pisek-hrad-hradby.jpg\" alt=\"Mauern der Burg P\u00edsek \u00fcber der Otava\" class=\"wp-image-399339\" title=\"\" srcset=\"https:\/\/loudavymkrokem.cz\/wp-content\/uploads\/2026\/08\/pisek-hrad-hradby.jpg 2200w, https:\/\/loudavymkrokem.cz\/wp-content\/uploads\/2026\/08\/pisek-hrad-hradby-300x200.jpg 300w, https:\/\/loudavymkrokem.cz\/wp-content\/uploads\/2026\/08\/pisek-hrad-hradby-700x467.jpg 700w, https:\/\/loudavymkrokem.cz\/wp-content\/uploads\/2026\/08\/pisek-hrad-hradby-768x512.jpg 768w, https:\/\/loudavymkrokem.cz\/wp-content\/uploads\/2026\/08\/pisek-hrad-hradby-1536x1024.jpg 1536w, https:\/\/loudavymkrokem.cz\/wp-content\/uploads\/2026\/08\/pisek-hrad-hradby-2048x1366.jpg 2048w, https:\/\/loudavymkrokem.cz\/wp-content\/uploads\/2026\/08\/pisek-hrad-hradby-696x464.jpg 696w, https:\/\/loudavymkrokem.cz\/wp-content\/uploads\/2026\/08\/pisek-hrad-hradby-1392x928.jpg 1392w, https:\/\/loudavymkrokem.cz\/wp-content\/uploads\/2026\/08\/pisek-hrad-hradby-1920x1280.jpg 1920w\" sizes=\"(max-width: 2200px) 100vw, 2200px\" \/><button\n\t\t\tclass=\"lightbox-trigger\"\n\t\t\ttype=\"button\"\n\t\t\taria-haspopup=\"dialog\"\n\t\t\tdata-wp-bind--aria-label=\"state.thisImage.triggerButtonAriaLabel\"\n\t\t\tdata-wp-init=\"callbacks.initTriggerButton\"\n\t\t\tdata-wp-on--click=\"actions.showLightbox\"\n\t\t\tdata-wp-style--right=\"state.thisImage.buttonRight\"\n\t\t\tdata-wp-style--top=\"state.thisImage.buttonTop\"\n\t\t>\n\t\t\t<svg xmlns=\"http:\/\/www.w3.org\/2000\/svg\" width=\"12\" height=\"12\" fill=\"none\" viewBox=\"0 0 12 12\">\n\t\t\t\t<path fill=\"#fff\" d=\"M2 0a2 2 0 0 0-2 2v2h1.5V2a.5.5 0 0 1 .5-.5h2V0H2Zm2 10.5H2a.5.5 0 0 1-.5-.5V8H0v2a2 2 0 0 0 2 2h2v-1.5ZM8 12v-1.5h2a.5.5 0 0 0 .5-.5V8H12v2a2 2 0 0 1-2 2H8Zm2-12a2 2 0 0 1 2 2v2h-1.5V2a.5.5 0 0 0-.5-.5H8V0h2Z\" \/>\n\t\t\t<\/svg>\n\t\t<\/button><\/figure>\n\n\n\n<p class=\"wp-block-paragraph\">Die Piseker Burg ist eines dieser Dinge, \u00fcber die Einheimische sagen \u201ena ja, eine Burg&#8220;, und Touristen mit offenem Mund stehenbleiben. Sie ist <strong>fr\u00fchgotisch<\/strong>, lie\u00df sie <strong>P\u0159emysl Otakar II.<\/strong> erbauen, und sie steht auf einem Felssporn \u00fcber der Otava so, dass sie aus manchen Blickwinkeln aussieht, als w\u00e4re sie direkt aus dem Fels gewachsen. In ihren R\u00e4umen befindet sich heute das <strong>Pr\u00e1che\u0148-Museum<\/strong>, das \u2013 und jetzt halt dich fest \u2013 eine besondere Auszeichnung im renommierten Wettbewerb Europ\u00e4isches Museum des Jahres erhalten hat. Aus P\u00edsek! Manchmal frage ich mich, ob die Leute das \u00fcberhaupt bemerkt haben.<\/p>\n\n\n\n<p class=\"wp-block-paragraph\">Die Ausstellungen sind \u00fcberraschend vielf\u00e4ltig. Von Arch\u00e4ologie \u00fcber mittelalterliche Kunst bis zur Volkskunde. Mich pers\u00f6nlich begeistert immer das gotische Lapidarium, aber wenn du mit Kindern kommst, werden sie eher die interaktiven Teile zu sch\u00e4tzen wissen. Und der Burgraum selbst ist ein Erlebnis \u2013 steinerne S\u00e4le, gew\u00f6lbte Decken, G\u00e4nge in der Befestigung.<\/p>\n\n\n\n<p class=\"wp-block-paragraph\"><strong>Praktische Infos:<\/strong> \u00d6ffnungszeiten <strong>M\u00e4rz\u2013September 9:00\u201318:00 Uhr<\/strong>, <strong>Oktober\u2013Dezember 9:00\u201317:00 Uhr<\/strong>. Eintritt <strong>Erwachsene 60 K\u010d (ca. 2,50 \u20ac)<\/strong>, <strong>Kinder 30 K\u010d (ca. 1,20 \u20ac)<\/strong>, <strong>Familienticket 150 K\u010d (ca. 6 \u20ac)<\/strong>. F\u00fcr dieses Geld ist es eines der besten Preis-Erlebnis-Verh\u00e4ltnisse der Stadt.<\/p>\n\n\n\n<h3 class=\"wp-block-heading\"><span class=\"ez-toc-section\" id=\"4_Kriziks_staedtisches_Elektrizitaetswerk\"><\/span>4. K\u0159i\u017e\u00edks st\u00e4dtisches Elektrizit\u00e4tswerk<span class=\"ez-toc-section-end\"><\/span><\/h3>\n\n\n\n<figure data-wp-context=\"{&quot;imageId&quot;:&quot;6a952387a61aa&quot;}\" data-wp-interactive=\"core\/image\" data-wp-key=\"6a952387a61aa\" class=\"wp-block-image size-full wp-lightbox-container\"><img decoding=\"async\" width=\"2200\" height=\"1467\" data-wp-class--hide=\"state.isContentHidden\" data-wp-class--show=\"state.isContentVisible\" data-wp-init=\"callbacks.setButtonStyles\" data-wp-on--click=\"actions.showLightbox\" data-wp-on--load=\"callbacks.setButtonStyles\" data-wp-on--pointerdown=\"actions.preloadImage\" data-wp-on--pointerenter=\"actions.preloadImageWithDelay\" data-wp-on--pointerleave=\"actions.cancelPreload\" data-wp-on-window--resize=\"callbacks.setButtonStyles\" src=\"https:\/\/loudavymkrokem.cz\/wp-content\/uploads\/2026\/08\/pisek-krizikova-elektrarna.jpg\" alt=\"St\u00e4dtisches Elektrizit\u00e4tswerk von K\u0159i\u017e\u00edk in P\u00edsek\" class=\"wp-image-399347\" title=\"\" srcset=\"https:\/\/loudavymkrokem.cz\/wp-content\/uploads\/2026\/08\/pisek-krizikova-elektrarna.jpg 2200w, https:\/\/loudavymkrokem.cz\/wp-content\/uploads\/2026\/08\/pisek-krizikova-elektrarna-300x200.jpg 300w, https:\/\/loudavymkrokem.cz\/wp-content\/uploads\/2026\/08\/pisek-krizikova-elektrarna-700x467.jpg 700w, https:\/\/loudavymkrokem.cz\/wp-content\/uploads\/2026\/08\/pisek-krizikova-elektrarna-768x512.jpg 768w, https:\/\/loudavymkrokem.cz\/wp-content\/uploads\/2026\/08\/pisek-krizikova-elektrarna-1536x1024.jpg 1536w, https:\/\/loudavymkrokem.cz\/wp-content\/uploads\/2026\/08\/pisek-krizikova-elektrarna-2048x1366.jpg 2048w, https:\/\/loudavymkrokem.cz\/wp-content\/uploads\/2026\/08\/pisek-krizikova-elektrarna-696x464.jpg 696w, https:\/\/loudavymkrokem.cz\/wp-content\/uploads\/2026\/08\/pisek-krizikova-elektrarna-1392x928.jpg 1392w, https:\/\/loudavymkrokem.cz\/wp-content\/uploads\/2026\/08\/pisek-krizikova-elektrarna-1920x1280.jpg 1920w\" sizes=\"(max-width: 2200px) 100vw, 2200px\" \/><button\n\t\t\tclass=\"lightbox-trigger\"\n\t\t\ttype=\"button\"\n\t\t\taria-haspopup=\"dialog\"\n\t\t\tdata-wp-bind--aria-label=\"state.thisImage.triggerButtonAriaLabel\"\n\t\t\tdata-wp-init=\"callbacks.initTriggerButton\"\n\t\t\tdata-wp-on--click=\"actions.showLightbox\"\n\t\t\tdata-wp-style--right=\"state.thisImage.buttonRight\"\n\t\t\tdata-wp-style--top=\"state.thisImage.buttonTop\"\n\t\t>\n\t\t\t<svg xmlns=\"http:\/\/www.w3.org\/2000\/svg\" width=\"12\" height=\"12\" fill=\"none\" viewBox=\"0 0 12 12\">\n\t\t\t\t<path fill=\"#fff\" d=\"M2 0a2 2 0 0 0-2 2v2h1.5V2a.5.5 0 0 1 .5-.5h2V0H2Zm2 10.5H2a.5.5 0 0 1-.5-.5V8H0v2a2 2 0 0 0 2 2h2v-1.5ZM8 12v-1.5h2a.5.5 0 0 0 .5-.5V8H12v2a2 2 0 0 1-2 2H8Zm2-12a2 2 0 0 1 2 2v2h-1.5V2a.5.5 0 0 0-.5-.5H8V0h2Z\" \/>\n\t\t\t<\/svg>\n\t\t<\/button><\/figure>\n\n\n\n<p class=\"wp-block-paragraph\">Hier muss ich dich entt\u00e4uschen: <strong>Das Elektrizit\u00e4tswerk ist derzeit geschlossen<\/strong> und eine neue Ausstellung wird vorbereitet. Wenn du es also als Hauptpunkt deines Programms geplant hattest, musst du dich gedulden. Aber ich muss es erw\u00e4hnen, denn seine Geschichte ist absolut grundlegend, um zu verstehen, warum P\u00edsek eine so au\u00dfergew\u00f6hnliche Stadt ist.<\/p>\n\n\n\n<p class=\"wp-block-paragraph\">Im Jahr <strong>1887<\/strong> \u2013 also ein Jahr vor dem Prager \u017di\u017ekov-Elektrizit\u00e4tswerk \u2013 leuchtete in P\u00edsek die <strong>erste dauerhafte \u00f6ffentliche elektrische Beleuchtung B\u00f6hmens<\/strong>. Franti\u0161ek K\u0159i\u017e\u00edk, der tschechische Edison, w\u00e4hlte gerade dieses kleine s\u00fcdb\u00f6hmische St\u00e4dtchen f\u00fcr sein bahnbrechendes Experiment. Stell dir die Zeit vor: Menschen auf dem Platz, die ihr ganzes Leben nur Kerzen und Gaslampen kannten, und pl\u00f6tzlich geht elektrisches Licht an. P\u00edsek war fr\u00fcher dran als Prag. Das ist eine Tatsache, die mir nie langweilig wird.<\/p>\n\n\n\n<p class=\"wp-block-paragraph\">Eine gute Nachricht zum Schluss: Im Fr\u00fchjahr 2026 kehrten die renovierten Francis-Turbinen ins Werk zur\u00fcck, und das Denkmal produziert seit Mai wieder Strom. Die neue Ausstellung wartet noch auf ihre Er\u00f6ffnung, verfolge die Website der Stadt f\u00fcr aktuelle Informationen.<\/p>\n\n\n\n<h3 class=\"wp-block-heading\"><span class=\"ez-toc-section\" id=\"5_Landesgestuet\"><\/span>5. Landesgest\u00fct<span class=\"ez-toc-section-end\"><\/span><\/h3>\n\n\n\n<figure data-wp-context=\"{&quot;imageId&quot;:&quot;6a952387a6872&quot;}\" data-wp-interactive=\"core\/image\" data-wp-key=\"6a952387a6872\" class=\"wp-block-image size-full wp-lightbox-container\"><img decoding=\"async\" width=\"1600\" height=\"1018\" data-wp-class--hide=\"state.isContentHidden\" data-wp-class--show=\"state.isContentVisible\" data-wp-init=\"callbacks.setButtonStyles\" data-wp-on--click=\"actions.showLightbox\" data-wp-on--load=\"callbacks.setButtonStyles\" data-wp-on--pointerdown=\"actions.preloadImage\" data-wp-on--pointerenter=\"actions.preloadImageWithDelay\" data-wp-on--pointerleave=\"actions.cancelPreload\" data-wp-on-window--resize=\"callbacks.setButtonStyles\" src=\"https:\/\/loudavymkrokem.cz\/wp-content\/uploads\/2026\/08\/zemsky-hrebcinec-pisek-letecky.jpg\" alt=\"Luftaufnahme des Areals des Landesgest\u00fcts P\u00edsek\" class=\"wp-image-399598\" title=\"\" srcset=\"https:\/\/loudavymkrokem.cz\/wp-content\/uploads\/2026\/08\/zemsky-hrebcinec-pisek-letecky.jpg 1600w, https:\/\/loudavymkrokem.cz\/wp-content\/uploads\/2026\/08\/zemsky-hrebcinec-pisek-letecky-300x191.jpg 300w, https:\/\/loudavymkrokem.cz\/wp-content\/uploads\/2026\/08\/zemsky-hrebcinec-pisek-letecky-700x445.jpg 700w, https:\/\/loudavymkrokem.cz\/wp-content\/uploads\/2026\/08\/zemsky-hrebcinec-pisek-letecky-768x489.jpg 768w, https:\/\/loudavymkrokem.cz\/wp-content\/uploads\/2026\/08\/zemsky-hrebcinec-pisek-letecky-1536x977.jpg 1536w, https:\/\/loudavymkrokem.cz\/wp-content\/uploads\/2026\/08\/zemsky-hrebcinec-pisek-letecky-696x443.jpg 696w, https:\/\/loudavymkrokem.cz\/wp-content\/uploads\/2026\/08\/zemsky-hrebcinec-pisek-letecky-1392x886.jpg 1392w\" sizes=\"(max-width: 1600px) 100vw, 1600px\" \/><button\n\t\t\tclass=\"lightbox-trigger\"\n\t\t\ttype=\"button\"\n\t\t\taria-haspopup=\"dialog\"\n\t\t\tdata-wp-bind--aria-label=\"state.thisImage.triggerButtonAriaLabel\"\n\t\t\tdata-wp-init=\"callbacks.initTriggerButton\"\n\t\t\tdata-wp-on--click=\"actions.showLightbox\"\n\t\t\tdata-wp-style--right=\"state.thisImage.buttonRight\"\n\t\t\tdata-wp-style--top=\"state.thisImage.buttonTop\"\n\t\t>\n\t\t\t<svg xmlns=\"http:\/\/www.w3.org\/2000\/svg\" width=\"12\" height=\"12\" fill=\"none\" viewBox=\"0 0 12 12\">\n\t\t\t\t<path fill=\"#fff\" d=\"M2 0a2 2 0 0 0-2 2v2h1.5V2a.5.5 0 0 1 .5-.5h2V0H2Zm2 10.5H2a.5.5 0 0 1-.5-.5V8H0v2a2 2 0 0 0 2 2h2v-1.5ZM8 12v-1.5h2a.5.5 0 0 0 .5-.5V8H12v2a2 2 0 0 1-2 2H8Zm2-12a2 2 0 0 1 2 2v2h-1.5V2a.5.5 0 0 0-.5-.5H8V0h2Z\" \/>\n\t\t\t<\/svg>\n\t\t<\/button><\/figure>\n\n\n\n<p class=\"wp-block-paragraph\">Wenn es in P\u00edsek einen Ort gibt, wohin ich wirklich jeden Besuch schicken w\u00fcrde, dann ist es das <strong>Gest\u00fct<\/strong>. Nicht nur wegen der Pferde (obwohl die wundersch\u00f6n sind), sondern wegen des Areals selbst. Der Bau im <strong>Tudor-Stil<\/strong>, ja, in P\u00edsek, in S\u00fcdb\u00f6hmen, sieht aus, als w\u00e4rst du irgendwo auf dem englischen Land gelandet. Es ist ein <strong>nationales Kulturdenkmal<\/strong> und eines der sch\u00f6nsten Gest\u00fcte in ganz Europa.<\/p>\n\n\n\n<p class=\"wp-block-paragraph\">Und jetzt eine Leckerbissen f\u00fcr Geschichtsliebhaber: Ein Hengst namens <strong>Ardo<\/strong>, der hier lebte, diente der \u00dcberlieferung nach als <strong>Modell f\u00fcr die Statue des heiligen Wenzel<\/strong> auf dem Wenzelsplatz in Prag. Also jedes Mal, wenn du an dieser Statue vorbeigehst, <strong>wisse, dass dieses Pferd eigentlich ein Piseker ist.<\/strong> \ud83d\ude04<\/p>\n\n\n\n<p class=\"wp-block-paragraph\"><strong>Die F\u00fchrungen dauern 1 bis 1,5 Stunden<\/strong>, ein Guide f\u00fchrt dich durch die St\u00e4lle, die Reithalle und die historischen R\u00e4ume. Eintritt <strong>150 K\u010d (ca. 6 \u20ac) Erwachsene<\/strong>, <strong>100 K\u010d (ca. 4 \u20ac) Kinder<\/strong>. Und jetzt eine wichtige Warnung, die dir \u00c4rger an der Kasse erspart: <strong>Es wird NUR BARGELD akzeptiert!<\/strong> Keine Karten, kein Handy. Nimm M\u00fcnzen mit.<\/p>\n\n\n\n<h3 class=\"wp-block-heading\"><span class=\"ez-toc-section\" id=\"6_Kirche_Mariae_Geburt\"><\/span>6. Kirche Mari\u00e4 Geburt<span class=\"ez-toc-section-end\"><\/span><\/h3>\n\n\n\n<figure data-wp-context=\"{&quot;imageId&quot;:&quot;6a952387a6fc8&quot;}\" data-wp-interactive=\"core\/image\" data-wp-key=\"6a952387a6fc8\" class=\"wp-block-image size-full wp-lightbox-container\"><img decoding=\"async\" width=\"2200\" height=\"1467\" data-wp-class--hide=\"state.isContentHidden\" data-wp-class--show=\"state.isContentVisible\" data-wp-init=\"callbacks.setButtonStyles\" data-wp-on--click=\"actions.showLightbox\" data-wp-on--load=\"callbacks.setButtonStyles\" data-wp-on--pointerdown=\"actions.preloadImage\" data-wp-on--pointerenter=\"actions.preloadImageWithDelay\" data-wp-on--pointerleave=\"actions.cancelPreload\" data-wp-on-window--resize=\"callbacks.setButtonStyles\" src=\"https:\/\/loudavymkrokem.cz\/wp-content\/uploads\/2026\/08\/pisek-kostel-narozeni-panny-marie.jpg\" alt=\"Gotische Kirche Mari\u00e4 Geburt in P\u00edsek\" class=\"wp-image-399350\" title=\"\" srcset=\"https:\/\/loudavymkrokem.cz\/wp-content\/uploads\/2026\/08\/pisek-kostel-narozeni-panny-marie.jpg 2200w, https:\/\/loudavymkrokem.cz\/wp-content\/uploads\/2026\/08\/pisek-kostel-narozeni-panny-marie-300x200.jpg 300w, https:\/\/loudavymkrokem.cz\/wp-content\/uploads\/2026\/08\/pisek-kostel-narozeni-panny-marie-700x467.jpg 700w, https:\/\/loudavymkrokem.cz\/wp-content\/uploads\/2026\/08\/pisek-kostel-narozeni-panny-marie-768x512.jpg 768w, https:\/\/loudavymkrokem.cz\/wp-content\/uploads\/2026\/08\/pisek-kostel-narozeni-panny-marie-1536x1024.jpg 1536w, https:\/\/loudavymkrokem.cz\/wp-content\/uploads\/2026\/08\/pisek-kostel-narozeni-panny-marie-2048x1366.jpg 2048w, https:\/\/loudavymkrokem.cz\/wp-content\/uploads\/2026\/08\/pisek-kostel-narozeni-panny-marie-696x464.jpg 696w, https:\/\/loudavymkrokem.cz\/wp-content\/uploads\/2026\/08\/pisek-kostel-narozeni-panny-marie-1392x928.jpg 1392w, https:\/\/loudavymkrokem.cz\/wp-content\/uploads\/2026\/08\/pisek-kostel-narozeni-panny-marie-1920x1280.jpg 1920w\" sizes=\"(max-width: 2200px) 100vw, 2200px\" \/><button\n\t\t\tclass=\"lightbox-trigger\"\n\t\t\ttype=\"button\"\n\t\t\taria-haspopup=\"dialog\"\n\t\t\tdata-wp-bind--aria-label=\"state.thisImage.triggerButtonAriaLabel\"\n\t\t\tdata-wp-init=\"callbacks.initTriggerButton\"\n\t\t\tdata-wp-on--click=\"actions.showLightbox\"\n\t\t\tdata-wp-style--right=\"state.thisImage.buttonRight\"\n\t\t\tdata-wp-style--top=\"state.thisImage.buttonTop\"\n\t\t>\n\t\t\t<svg xmlns=\"http:\/\/www.w3.org\/2000\/svg\" width=\"12\" height=\"12\" fill=\"none\" viewBox=\"0 0 12 12\">\n\t\t\t\t<path fill=\"#fff\" d=\"M2 0a2 2 0 0 0-2 2v2h1.5V2a.5.5 0 0 1 .5-.5h2V0H2Zm2 10.5H2a.5.5 0 0 1-.5-.5V8H0v2a2 2 0 0 0 2 2h2v-1.5ZM8 12v-1.5h2a.5.5 0 0 0 .5-.5V8H12v2a2 2 0 0 1-2 2H8Zm2-12a2 2 0 0 1 2 2v2h-1.5V2a.5.5 0 0 0-.5-.5H8V0h2Z\" \/>\n\t\t\t<\/svg>\n\t\t<\/button><\/figure>\n\n\n\n<p class=\"wp-block-paragraph\">Der Turm dieser Kirche ist so ein Wahrzeichen, das du in P\u00edsek fast von \u00fcberall siehst \u2013 der Turm ist \u00fcber 70 Meter hoch und der Aussichtsgang liegt auf <strong>42 Metern<\/strong>, wer sich traut, steigt <strong>210 Stufen<\/strong> nach oben. Der Blick auf die Stadt und die Umgebung ist die Atemlosigkeit wert, das garantiere ich dir. Aber das Interessanteste an dieser Kirche ist die <strong>Turmuhr<\/strong>. Schau sie dir genau an, irgendetwas wird dir nicht passen.<\/p>\n\n\n\n<p class=\"wp-block-paragraph\">Kommst du drauf? <strong>Der kleine Zeiger zeigt die Minuten und der gro\u00dfe die Stunden.<\/strong> Genau umgekehrt, als du es gewohnt bist. Niemand wei\u00df genau, warum, es gibt mehrere Theorien, aber das Ergebnis ist, dass fast jeder Tourist verwirrt auf diese Uhr schaut und die Einheimischen still dar\u00fcber schmunzeln. Die Einheimischen am\u00fcsieren sich seit Generationen daran. Und noch ein kleiner Fun Fact? Wenn du die Uhr aus dem richtigen Winkel betrachtest, erkennst du darin eine Eule.<\/p>\n\n\n\n<p class=\"wp-block-paragraph\"><strong>Wichtig:<\/strong> Auf den Turm kommst du <strong>nur mit vorheriger Reservierung<\/strong>, plane das also im Voraus. Informationen bekommst du im st\u00e4dtischen Infocenter.<\/p>\n\n\n\n<h3 class=\"wp-block-heading\"><span class=\"ez-toc-section\" id=\"7_Grosser_und_Ales-Platz_mit_den_Stolpersteinen\"><\/span>7. Gro\u00dfer und Ale\u0161-Platz mit den Stolpersteinen<span class=\"ez-toc-section-end\"><\/span><\/h3>\n\n\n\n<figure data-wp-context=\"{&quot;imageId&quot;:&quot;6a952387a84de&quot;}\" data-wp-interactive=\"core\/image\" data-wp-key=\"6a952387a84de\" class=\"wp-block-image size-full wp-lightbox-container\"><img decoding=\"async\" width=\"2200\" height=\"1467\" data-wp-class--hide=\"state.isContentHidden\" data-wp-class--show=\"state.isContentVisible\" data-wp-init=\"callbacks.setButtonStyles\" data-wp-on--click=\"actions.showLightbox\" data-wp-on--load=\"callbacks.setButtonStyles\" data-wp-on--pointerdown=\"actions.preloadImage\" data-wp-on--pointerenter=\"actions.preloadImageWithDelay\" data-wp-on--pointerleave=\"actions.cancelPreload\" data-wp-on-window--resize=\"callbacks.setButtonStyles\" src=\"https:\/\/loudavymkrokem.cz\/wp-content\/uploads\/2026\/08\/pisek-velke-namesti-vez-kostela.jpg\" alt=\"Gro\u00dfer Platz in P\u00edsek mit dem Turm der Kirche Mari\u00e4 Geburt\" class=\"wp-image-399352\" title=\"\" srcset=\"https:\/\/loudavymkrokem.cz\/wp-content\/uploads\/2026\/08\/pisek-velke-namesti-vez-kostela.jpg 2200w, https:\/\/loudavymkrokem.cz\/wp-content\/uploads\/2026\/08\/pisek-velke-namesti-vez-kostela-300x200.jpg 300w, https:\/\/loudavymkrokem.cz\/wp-content\/uploads\/2026\/08\/pisek-velke-namesti-vez-kostela-700x467.jpg 700w, https:\/\/loudavymkrokem.cz\/wp-content\/uploads\/2026\/08\/pisek-velke-namesti-vez-kostela-768x512.jpg 768w, https:\/\/loudavymkrokem.cz\/wp-content\/uploads\/2026\/08\/pisek-velke-namesti-vez-kostela-1536x1024.jpg 1536w, https:\/\/loudavymkrokem.cz\/wp-content\/uploads\/2026\/08\/pisek-velke-namesti-vez-kostela-2048x1366.jpg 2048w, https:\/\/loudavymkrokem.cz\/wp-content\/uploads\/2026\/08\/pisek-velke-namesti-vez-kostela-696x464.jpg 696w, https:\/\/loudavymkrokem.cz\/wp-content\/uploads\/2026\/08\/pisek-velke-namesti-vez-kostela-1392x928.jpg 1392w, https:\/\/loudavymkrokem.cz\/wp-content\/uploads\/2026\/08\/pisek-velke-namesti-vez-kostela-1920x1280.jpg 1920w\" sizes=\"(max-width: 2200px) 100vw, 2200px\" \/><button\n\t\t\tclass=\"lightbox-trigger\"\n\t\t\ttype=\"button\"\n\t\t\taria-haspopup=\"dialog\"\n\t\t\tdata-wp-bind--aria-label=\"state.thisImage.triggerButtonAriaLabel\"\n\t\t\tdata-wp-init=\"callbacks.initTriggerButton\"\n\t\t\tdata-wp-on--click=\"actions.showLightbox\"\n\t\t\tdata-wp-style--right=\"state.thisImage.buttonRight\"\n\t\t\tdata-wp-style--top=\"state.thisImage.buttonTop\"\n\t\t>\n\t\t\t<svg xmlns=\"http:\/\/www.w3.org\/2000\/svg\" width=\"12\" height=\"12\" fill=\"none\" viewBox=\"0 0 12 12\">\n\t\t\t\t<path fill=\"#fff\" d=\"M2 0a2 2 0 0 0-2 2v2h1.5V2a.5.5 0 0 1 .5-.5h2V0H2Zm2 10.5H2a.5.5 0 0 1-.5-.5V8H0v2a2 2 0 0 0 2 2h2v-1.5ZM8 12v-1.5h2a.5.5 0 0 0 .5-.5V8H12v2a2 2 0 0 1-2 2H8Zm2-12a2 2 0 0 1 2 2v2h-1.5V2a.5.5 0 0 0-.5-.5H8V0h2Z\" \/>\n\t\t\t<\/svg>\n\t\t<\/button><\/figure>\n\n\n\n<p class=\"wp-block-paragraph\">Beide Hauptpl\u00e4tze von P\u00edsek sind miteinander verbunden und bilden so das Herz der Stadt: Der Gro\u00dfe Platz ist der repr\u00e4sentative mit Rathaus und Springbrunnen, der Ale\u0161-Platz ist ruhiger, mit Bibliothek und B\u00e4umen. \u00dcber sie zu spazieren ist zu jeder Zeit angenehm, aber ich m\u00f6chte dich auf eine Sache aufmerksam machen, die du leicht \u00fcbersiehst, wenn du nichts davon wei\u00dft.<\/p>\n\n\n\n<p class=\"wp-block-paragraph\">Auf den Gehwegen im Zentrum von P\u00edsek findest du <strong>Stolpersteine<\/strong>. Es sind kleine <strong>Messingplatten<\/strong>, eingelassen ins Pflaster, jede mit dem Namen, dem Geburtsdatum und dem Schicksal eines Menschen, der an diesem Ort lebte und Opfer des Holocaust wurde. Du findest sie in der <strong>Heyduk-Stra\u00dfe, auf der \u017di\u017eka-Stra\u00dfe und auf dem Gro\u00dfen Platz<\/strong>.<\/p>\n\n\n\n<p class=\"wp-block-paragraph\">Jedes Mal, wenn ich an ihnen vorbeigehe, halte ich f\u00fcr einen Moment inne. Sie bringen dich dazu, dir bewusst zu machen, dass das keine blo\u00dfen Namen aus einem Schulbuch sind. Es waren Nachbarn, H\u00e4ndler, Menschen, die durch dieselben Stra\u00dfen gingen wie wir heute. Es ist eine stille, w\u00fcrdevolle Erinnerung, und ich denke, niemand, der P\u00edsek besucht, sollte sie \u00fcbersehen.<\/p>\n\n\n\n<h3 class=\"wp-block-heading\"><span class=\"ez-toc-section\" id=\"8_Marianische_Pestsaeule_auf_dem_Ales-Platz\"><\/span>8. Marianische Pests\u00e4ule auf dem Ale\u0161-Platz<span class=\"ez-toc-section-end\"><\/span><\/h3>\n\n\n\n<figure data-wp-context=\"{&quot;imageId&quot;:&quot;6a952387a8db7&quot;}\" data-wp-interactive=\"core\/image\" data-wp-key=\"6a952387a8db7\" class=\"wp-block-image size-full wp-lightbox-container\"><img decoding=\"async\" width=\"2200\" height=\"1467\" data-wp-class--hide=\"state.isContentHidden\" data-wp-class--show=\"state.isContentVisible\" data-wp-init=\"callbacks.setButtonStyles\" data-wp-on--click=\"actions.showLightbox\" data-wp-on--load=\"callbacks.setButtonStyles\" data-wp-on--pointerdown=\"actions.preloadImage\" data-wp-on--pointerenter=\"actions.preloadImageWithDelay\" data-wp-on--pointerleave=\"actions.cancelPreload\" data-wp-on-window--resize=\"callbacks.setButtonStyles\" src=\"https:\/\/loudavymkrokem.cz\/wp-content\/uploads\/2026\/08\/pisek-marianske-sousosi-alsovo-namesti.jpg\" alt=\"Marianische Pests\u00e4ule auf dem Ale\u0161-Platz in P\u00edsek\" class=\"wp-image-399355\" title=\"\" srcset=\"https:\/\/loudavymkrokem.cz\/wp-content\/uploads\/2026\/08\/pisek-marianske-sousosi-alsovo-namesti.jpg 2200w, https:\/\/loudavymkrokem.cz\/wp-content\/uploads\/2026\/08\/pisek-marianske-sousosi-alsovo-namesti-300x200.jpg 300w, https:\/\/loudavymkrokem.cz\/wp-content\/uploads\/2026\/08\/pisek-marianske-sousosi-alsovo-namesti-700x467.jpg 700w, https:\/\/loudavymkrokem.cz\/wp-content\/uploads\/2026\/08\/pisek-marianske-sousosi-alsovo-namesti-768x512.jpg 768w, https:\/\/loudavymkrokem.cz\/wp-content\/uploads\/2026\/08\/pisek-marianske-sousosi-alsovo-namesti-1536x1024.jpg 1536w, https:\/\/loudavymkrokem.cz\/wp-content\/uploads\/2026\/08\/pisek-marianske-sousosi-alsovo-namesti-2048x1366.jpg 2048w, https:\/\/loudavymkrokem.cz\/wp-content\/uploads\/2026\/08\/pisek-marianske-sousosi-alsovo-namesti-696x464.jpg 696w, https:\/\/loudavymkrokem.cz\/wp-content\/uploads\/2026\/08\/pisek-marianske-sousosi-alsovo-namesti-1392x928.jpg 1392w, https:\/\/loudavymkrokem.cz\/wp-content\/uploads\/2026\/08\/pisek-marianske-sousosi-alsovo-namesti-1920x1280.jpg 1920w\" sizes=\"(max-width: 2200px) 100vw, 2200px\" \/><button\n\t\t\tclass=\"lightbox-trigger\"\n\t\t\ttype=\"button\"\n\t\t\taria-haspopup=\"dialog\"\n\t\t\tdata-wp-bind--aria-label=\"state.thisImage.triggerButtonAriaLabel\"\n\t\t\tdata-wp-init=\"callbacks.initTriggerButton\"\n\t\t\tdata-wp-on--click=\"actions.showLightbox\"\n\t\t\tdata-wp-style--right=\"state.thisImage.buttonRight\"\n\t\t\tdata-wp-style--top=\"state.thisImage.buttonTop\"\n\t\t>\n\t\t\t<svg xmlns=\"http:\/\/www.w3.org\/2000\/svg\" width=\"12\" height=\"12\" fill=\"none\" viewBox=\"0 0 12 12\">\n\t\t\t\t<path fill=\"#fff\" d=\"M2 0a2 2 0 0 0-2 2v2h1.5V2a.5.5 0 0 1 .5-.5h2V0H2Zm2 10.5H2a.5.5 0 0 1-.5-.5V8H0v2a2 2 0 0 0 2 2h2v-1.5ZM8 12v-1.5h2a.5.5 0 0 0 .5-.5V8H12v2a2 2 0 0 1-2 2H8Zm2-12a2 2 0 0 1 2 2v2h-1.5V2a.5.5 0 0 0-.5-.5H8V0h2Z\" \/>\n\t\t\t<\/svg>\n\t\t<\/button><\/figure>\n\n\n\n<p class=\"wp-block-paragraph\">Auf dem Ale\u0161-Platz steht eine <strong>barocke Pests\u00e4ule aus den Jahren 1713\u20131714<\/strong>, die die Stadt als Dank f\u00fcr die Abwendung der Pest errichten lie\u00df. Auf der Spitze steht die <strong>Jungfrau Maria<\/strong>, darunter <strong>10 Heilige<\/strong>: Schutzpatrone gegen die Pest, Besch\u00fctzer der Stadt. Der Sch\u00f6pfer ist der Bildhauer <strong>Christian Widemann<\/strong>, und die ganze Komposition ist \u00fcberraschend dynamisch und detailreich, wenn man bedenkt, wie klein dieser Platz eigentlich ist.<\/p>\n\n\n\n<p class=\"wp-block-paragraph\">Wenn du Barock magst, ist dies eine der sch\u00f6neren Pests\u00e4ulen in S\u00fcdb\u00f6hmen. Und selbst wenn du mit Barock nichts anfangen kannst, halte wenigstens kurz an \u2013 der Kontrast der alten S\u00e4ule mit den Caf\u00e9s ringsum hat seinen Reiz.<\/p>\n\n\n\n<h3 class=\"wp-block-heading\"><span class=\"ez-toc-section\" id=\"9_Kaserne\"><\/span>9. Kaserne<span class=\"ez-toc-section-end\"><\/span><\/h3>\n\n\n\n<p class=\"wp-block-paragraph\">Die ehemalige <strong>\u017di\u017eka-Kaserne<\/strong> auf der \u017di\u017eka-Stra\u00dfe ist <strong>denkmalgesch\u00fctzt<\/strong> und verwandelt sich nach und nach. Ich l\u00fcge nicht \u2013 es ist kein Ort, zu dem du gezielt f\u00fcr zwei Stunden gehst, aber wenn du die \u017di\u017eka-Stra\u00dfe entlangl\u00e4ufst, beachte diese wuchtigen Geb\u00e4ude und stell dir vor, wie viele Soldaten hier \u00fcber die Jahrhunderte durchgegangen sind. P\u00edsek hatte seit jeher eine starke milit\u00e4rische Tradition, und diese Kaserne ist ihre gegenst\u00e4ndliche Erinnerung.<\/p>\n\n\n\n<h3 class=\"wp-block-heading\"><span class=\"ez-toc-section\" id=\"10_Das_Rathaus\"><\/span>10. Das Rathaus<span class=\"ez-toc-section-end\"><\/span><\/h3>\n\n\n\n<figure data-wp-context=\"{&quot;imageId&quot;:&quot;6a952387a975d&quot;}\" data-wp-interactive=\"core\/image\" data-wp-key=\"6a952387a975d\" class=\"wp-block-image size-full wp-lightbox-container\"><img decoding=\"async\" width=\"2200\" height=\"1467\" data-wp-class--hide=\"state.isContentHidden\" data-wp-class--show=\"state.isContentVisible\" data-wp-init=\"callbacks.setButtonStyles\" data-wp-on--click=\"actions.showLightbox\" data-wp-on--load=\"callbacks.setButtonStyles\" data-wp-on--pointerdown=\"actions.preloadImage\" data-wp-on--pointerenter=\"actions.preloadImageWithDelay\" data-wp-on--pointerleave=\"actions.cancelPreload\" data-wp-on-window--resize=\"callbacks.setButtonStyles\" src=\"https:\/\/loudavymkrokem.cz\/wp-content\/uploads\/2026\/08\/pisek-radnice-veze.jpg\" alt=\"Barockes Rathaus mit zwei T\u00fcrmen auf dem Gro\u00dfen Platz in P\u00edsek\" class=\"wp-image-399357\" title=\"\" srcset=\"https:\/\/loudavymkrokem.cz\/wp-content\/uploads\/2026\/08\/pisek-radnice-veze.jpg 2200w, https:\/\/loudavymkrokem.cz\/wp-content\/uploads\/2026\/08\/pisek-radnice-veze-300x200.jpg 300w, https:\/\/loudavymkrokem.cz\/wp-content\/uploads\/2026\/08\/pisek-radnice-veze-700x467.jpg 700w, https:\/\/loudavymkrokem.cz\/wp-content\/uploads\/2026\/08\/pisek-radnice-veze-768x512.jpg 768w, https:\/\/loudavymkrokem.cz\/wp-content\/uploads\/2026\/08\/pisek-radnice-veze-1536x1024.jpg 1536w, https:\/\/loudavymkrokem.cz\/wp-content\/uploads\/2026\/08\/pisek-radnice-veze-2048x1366.jpg 2048w, https:\/\/loudavymkrokem.cz\/wp-content\/uploads\/2026\/08\/pisek-radnice-veze-696x464.jpg 696w, https:\/\/loudavymkrokem.cz\/wp-content\/uploads\/2026\/08\/pisek-radnice-veze-1392x928.jpg 1392w, https:\/\/loudavymkrokem.cz\/wp-content\/uploads\/2026\/08\/pisek-radnice-veze-1920x1280.jpg 1920w\" sizes=\"(max-width: 2200px) 100vw, 2200px\" \/><button\n\t\t\tclass=\"lightbox-trigger\"\n\t\t\ttype=\"button\"\n\t\t\taria-haspopup=\"dialog\"\n\t\t\tdata-wp-bind--aria-label=\"state.thisImage.triggerButtonAriaLabel\"\n\t\t\tdata-wp-init=\"callbacks.initTriggerButton\"\n\t\t\tdata-wp-on--click=\"actions.showLightbox\"\n\t\t\tdata-wp-style--right=\"state.thisImage.buttonRight\"\n\t\t\tdata-wp-style--top=\"state.thisImage.buttonTop\"\n\t\t>\n\t\t\t<svg xmlns=\"http:\/\/www.w3.org\/2000\/svg\" width=\"12\" height=\"12\" fill=\"none\" viewBox=\"0 0 12 12\">\n\t\t\t\t<path fill=\"#fff\" d=\"M2 0a2 2 0 0 0-2 2v2h1.5V2a.5.5 0 0 1 .5-.5h2V0H2Zm2 10.5H2a.5.5 0 0 1-.5-.5V8H0v2a2 2 0 0 0 2 2h2v-1.5ZM8 12v-1.5h2a.5.5 0 0 0 .5-.5V8H12v2a2 2 0 0 1-2 2H8Zm2-12a2 2 0 0 1 2 2v2h-1.5V2a.5.5 0 0 0-.5-.5H8V0h2Z\" \/>\n\t\t\t<\/svg>\n\t\t<\/button><\/figure>\n\n\n\n<p class=\"wp-block-paragraph\">Das <strong>barocke Rathaus<\/strong> auf dem Gro\u00dfen Platz entstand in den Jahren <strong>1740\u20131767<\/strong>, und seine <strong>T\u00fcrme mit Zwiebelhauben<\/strong> geh\u00f6ren zu den fotogensten Silhouetten der Stadt. Vom Turm wird gelegentlich die <strong>Aussicht<\/strong> zug\u00e4nglich gemacht, von wo aus du einen sch\u00f6nen Blick auf den Platz, die D\u00e4cher der Stadt und an klaren Tagen sogar auf die B\u00f6hmerwald-Berge in der Ferne hast.<\/p>\n\n\n\n<p class=\"wp-block-paragraph\">Das Rathaus selbst ist noch immer in Betrieb, hier sitzt das Stadtamt, sodass du nicht einfach so hineinschauen kannst, aber das \u00c4u\u00dfere ist wundersch\u00f6n. Dieser warme gelbe Farbton der Fassade, die barocken Giebel, die Turmuhr&#8230; Immer wenn ich \u00fcber den Platz gehe, schaue ich automatisch zu ihm hoch.<\/p>\n\n\n\n<h3 class=\"wp-block-heading\"><span class=\"ez-toc-section\" id=\"11_Kirche_Kreuzerhoehung\"><\/span>11. Kirche Kreuzerh\u00f6hung<span class=\"ez-toc-section-end\"><\/span><\/h3>\n\n\n\n<figure data-wp-context=\"{&quot;imageId&quot;:&quot;6a952387aa996&quot;}\" data-wp-interactive=\"core\/image\" data-wp-key=\"6a952387aa996\" class=\"wp-block-image size-full wp-lightbox-container\"><img decoding=\"async\" width=\"2200\" height=\"1467\" data-wp-class--hide=\"state.isContentHidden\" data-wp-class--show=\"state.isContentVisible\" data-wp-init=\"callbacks.setButtonStyles\" data-wp-on--click=\"actions.showLightbox\" data-wp-on--load=\"callbacks.setButtonStyles\" data-wp-on--pointerdown=\"actions.preloadImage\" data-wp-on--pointerenter=\"actions.preloadImageWithDelay\" data-wp-on--pointerleave=\"actions.cancelPreload\" data-wp-on-window--resize=\"callbacks.setButtonStyles\" src=\"https:\/\/loudavymkrokem.cz\/wp-content\/uploads\/2026\/08\/pisek-kostel-povyseni-sv-krize.jpg\" alt=\"Kirche Kreuzerh\u00f6hung in P\u00edsek mit Sgraffito-Fassade\" class=\"wp-image-399359\" title=\"\" srcset=\"https:\/\/loudavymkrokem.cz\/wp-content\/uploads\/2026\/08\/pisek-kostel-povyseni-sv-krize.jpg 2200w, https:\/\/loudavymkrokem.cz\/wp-content\/uploads\/2026\/08\/pisek-kostel-povyseni-sv-krize-300x200.jpg 300w, https:\/\/loudavymkrokem.cz\/wp-content\/uploads\/2026\/08\/pisek-kostel-povyseni-sv-krize-700x467.jpg 700w, https:\/\/loudavymkrokem.cz\/wp-content\/uploads\/2026\/08\/pisek-kostel-povyseni-sv-krize-768x512.jpg 768w, https:\/\/loudavymkrokem.cz\/wp-content\/uploads\/2026\/08\/pisek-kostel-povyseni-sv-krize-1536x1024.jpg 1536w, https:\/\/loudavymkrokem.cz\/wp-content\/uploads\/2026\/08\/pisek-kostel-povyseni-sv-krize-2048x1366.jpg 2048w, https:\/\/loudavymkrokem.cz\/wp-content\/uploads\/2026\/08\/pisek-kostel-povyseni-sv-krize-696x464.jpg 696w, https:\/\/loudavymkrokem.cz\/wp-content\/uploads\/2026\/08\/pisek-kostel-povyseni-sv-krize-1392x928.jpg 1392w, https:\/\/loudavymkrokem.cz\/wp-content\/uploads\/2026\/08\/pisek-kostel-povyseni-sv-krize-1920x1280.jpg 1920w\" sizes=\"(max-width: 2200px) 100vw, 2200px\" \/><button\n\t\t\tclass=\"lightbox-trigger\"\n\t\t\ttype=\"button\"\n\t\t\taria-haspopup=\"dialog\"\n\t\t\tdata-wp-bind--aria-label=\"state.thisImage.triggerButtonAriaLabel\"\n\t\t\tdata-wp-init=\"callbacks.initTriggerButton\"\n\t\t\tdata-wp-on--click=\"actions.showLightbox\"\n\t\t\tdata-wp-style--right=\"state.thisImage.buttonRight\"\n\t\t\tdata-wp-style--top=\"state.thisImage.buttonTop\"\n\t\t>\n\t\t\t<svg xmlns=\"http:\/\/www.w3.org\/2000\/svg\" width=\"12\" height=\"12\" fill=\"none\" viewBox=\"0 0 12 12\">\n\t\t\t\t<path fill=\"#fff\" d=\"M2 0a2 2 0 0 0-2 2v2h1.5V2a.5.5 0 0 1 .5-.5h2V0H2Zm2 10.5H2a.5.5 0 0 1-.5-.5V8H0v2a2 2 0 0 0 2 2h2v-1.5ZM8 12v-1.5h2a.5.5 0 0 0 .5-.5V8H12v2a2 2 0 0 1-2 2H8Zm2-12a2 2 0 0 1 2 2v2h-1.5V2a.5.5 0 0 0-.5-.5H8V0h2Z\" \/>\n\t\t\t<\/svg>\n\t\t<\/button><\/figure>\n\n\n\n<p class=\"wp-block-paragraph\">Noch eine Kirche, die in P\u00edsek <strong>P\u0159emysl Otakar II.<\/strong> im <strong>13. Jahrhundert<\/strong> gr\u00fcndete \u2013 dieser K\u00f6nig hatte hier offenbar Baufieber. Die Kirche fasziniert mich aus zwei Gr\u00fcnden. Erstens hat sie ein sch\u00f6nes <strong>Renaissance-Sgraffito<\/strong> an der Fassade, das f\u00fcr eine s\u00fcdb\u00f6hmische Kirche ungew\u00f6hnlich reich und ausgearbeitet ist. Zweitens, und das werden vor allem Menschen sch\u00e4tzen, die sich f\u00fcr sakrale Architektur interessieren \u2013 sie hat eine <strong>umgekehrte Ausrichtung<\/strong>, der Altar zeigt nach Westen. Sie entstand n\u00e4mlich aus der Klosterkirche der Dominikaner und erhielt ihre heutige Gestalt beim Umbau im 17. Jahrhundert, Liebhaber sakraler Architektur verwirrt das zuverl\u00e4ssig.<\/p>\n\n\n\n<p class=\"wp-block-paragraph\">Von au\u00dfen wirkt sie etwas unscheinbar, sodass viele Leute an ihr vorbeigehen. Mach nicht denselben Fehler.<\/p>\n\n\n\n<h3 class=\"wp-block-heading\"><span class=\"ez-toc-section\" id=\"12_Fleischbaenke_Masne_kramy\"><\/span>12. Fleischb\u00e4nke (Masn\u00e9 kr\u00e1my)<span class=\"ez-toc-section-end\"><\/span><\/h3>\n\n\n\n<p class=\"wp-block-paragraph\">Die Fleischb\u00e4nke gibt es in P\u00edsek <strong>schon seit dem Mittelalter<\/strong>. Es ist eine <strong>\u00fcberdachte Gasse<\/strong> in der S\u00fcdfront des Gro\u00dfen Platzes, und zu beiden Seiten befinden sich kleine <strong>L\u00e4den<\/strong> (heute sind es \u00fcber 20), in denen von Keramik \u00fcber Schmuck bis zu lokalen Lebensmitteln alles verkauft wird.<\/p>\n\n\n\n<p class=\"wp-block-paragraph\">Auf kleine Kinder mag diese Gasse etwas dunkel und geheimnisvoll wirken, aber genau darin liegt ihr Zauber. Diese schmale Gasse hat eine Atmosph\u00e4re, die Einkaufszentren auf der ganzen Welt k\u00fcnstlich zu kopieren versuchen, und hier ist das Original mit mittelalterlichen Wurzeln. Au\u00dferdem ist es eine tolle Abk\u00fcrzung vom Platz in die Ningr-Stra\u00dfe.<\/p>\n\n\n\n<h3 class=\"wp-block-heading\"><span class=\"ez-toc-section\" id=\"13_Stadtbibliothek_und_Cafe_Upekla\"><\/span>13. Stadtbibliothek und Caf\u00e9 Upekla<span class=\"ez-toc-section-end\"><\/span><\/h3>\n\n\n\n<figure data-wp-context=\"{&quot;imageId&quot;:&quot;6a952387ab181&quot;}\" data-wp-interactive=\"core\/image\" data-wp-key=\"6a952387ab181\" class=\"wp-block-image size-full wp-lightbox-container\"><img decoding=\"async\" width=\"2200\" height=\"1650\" data-wp-class--hide=\"state.isContentHidden\" data-wp-class--show=\"state.isContentVisible\" data-wp-init=\"callbacks.setButtonStyles\" data-wp-on--click=\"actions.showLightbox\" data-wp-on--load=\"callbacks.setButtonStyles\" data-wp-on--pointerdown=\"actions.preloadImage\" data-wp-on--pointerenter=\"actions.preloadImageWithDelay\" data-wp-on--pointerleave=\"actions.cancelPreload\" data-wp-on-window--resize=\"callbacks.setButtonStyles\" src=\"https:\/\/loudavymkrokem.cz\/wp-content\/uploads\/2026\/08\/pisek-knihovna-vnitroblok-piskoviste-upekla.jpg\" alt=\"Innenhof der Stadtbibliothek P\u00edsek mit Sandkasten am Caf\u00e9 Upekla\" class=\"wp-image-399544\" title=\"\" srcset=\"https:\/\/loudavymkrokem.cz\/wp-content\/uploads\/2026\/08\/pisek-knihovna-vnitroblok-piskoviste-upekla.jpg 2200w, https:\/\/loudavymkrokem.cz\/wp-content\/uploads\/2026\/08\/pisek-knihovna-vnitroblok-piskoviste-upekla-300x225.jpg 300w, https:\/\/loudavymkrokem.cz\/wp-content\/uploads\/2026\/08\/pisek-knihovna-vnitroblok-piskoviste-upekla-700x525.jpg 700w, https:\/\/loudavymkrokem.cz\/wp-content\/uploads\/2026\/08\/pisek-knihovna-vnitroblok-piskoviste-upekla-768x576.jpg 768w, https:\/\/loudavymkrokem.cz\/wp-content\/uploads\/2026\/08\/pisek-knihovna-vnitroblok-piskoviste-upekla-1536x1152.jpg 1536w, https:\/\/loudavymkrokem.cz\/wp-content\/uploads\/2026\/08\/pisek-knihovna-vnitroblok-piskoviste-upekla-2048x1536.jpg 2048w, https:\/\/loudavymkrokem.cz\/wp-content\/uploads\/2026\/08\/pisek-knihovna-vnitroblok-piskoviste-upekla-80x60.jpg 80w, https:\/\/loudavymkrokem.cz\/wp-content\/uploads\/2026\/08\/pisek-knihovna-vnitroblok-piskoviste-upekla-160x120.jpg 160w, https:\/\/loudavymkrokem.cz\/wp-content\/uploads\/2026\/08\/pisek-knihovna-vnitroblok-piskoviste-upekla-696x522.jpg 696w, https:\/\/loudavymkrokem.cz\/wp-content\/uploads\/2026\/08\/pisek-knihovna-vnitroblok-piskoviste-upekla-1392x1044.jpg 1392w, https:\/\/loudavymkrokem.cz\/wp-content\/uploads\/2026\/08\/pisek-knihovna-vnitroblok-piskoviste-upekla-1920x1440.jpg 1920w\" sizes=\"(max-width: 2200px) 100vw, 2200px\" \/><button\n\t\t\tclass=\"lightbox-trigger\"\n\t\t\ttype=\"button\"\n\t\t\taria-haspopup=\"dialog\"\n\t\t\tdata-wp-bind--aria-label=\"state.thisImage.triggerButtonAriaLabel\"\n\t\t\tdata-wp-init=\"callbacks.initTriggerButton\"\n\t\t\tdata-wp-on--click=\"actions.showLightbox\"\n\t\t\tdata-wp-style--right=\"state.thisImage.buttonRight\"\n\t\t\tdata-wp-style--top=\"state.thisImage.buttonTop\"\n\t\t>\n\t\t\t<svg xmlns=\"http:\/\/www.w3.org\/2000\/svg\" width=\"12\" height=\"12\" fill=\"none\" viewBox=\"0 0 12 12\">\n\t\t\t\t<path fill=\"#fff\" d=\"M2 0a2 2 0 0 0-2 2v2h1.5V2a.5.5 0 0 1 .5-.5h2V0H2Zm2 10.5H2a.5.5 0 0 1-.5-.5V8H0v2a2 2 0 0 0 2 2h2v-1.5ZM8 12v-1.5h2a.5.5 0 0 0 .5-.5V8H12v2a2 2 0 0 1-2 2H8Zm2-12a2 2 0 0 1 2 2v2h-1.5V2a.5.5 0 0 0-.5-.5H8V0h2Z\" \/>\n\t\t\t<\/svg>\n\t\t<\/button><\/figure>\n\n\n\n<figure data-wp-context=\"{&quot;imageId&quot;:&quot;6a952387ab616&quot;}\" data-wp-interactive=\"core\/image\" data-wp-key=\"6a952387ab616\" class=\"wp-block-image size-full wp-lightbox-container\"><img decoding=\"async\" width=\"2200\" height=\"1467\" data-wp-class--hide=\"state.isContentHidden\" data-wp-class--show=\"state.isContentVisible\" data-wp-init=\"callbacks.setButtonStyles\" data-wp-on--click=\"actions.showLightbox\" data-wp-on--load=\"callbacks.setButtonStyles\" data-wp-on--pointerdown=\"actions.preloadImage\" data-wp-on--pointerenter=\"actions.preloadImageWithDelay\" data-wp-on--pointerleave=\"actions.cancelPreload\" data-wp-on-window--resize=\"callbacks.setButtonStyles\" src=\"https:\/\/loudavymkrokem.cz\/wp-content\/uploads\/2026\/08\/pisek-mestska-knihovna.jpg\" alt=\"Geb\u00e4ude der Stadtbibliothek P\u00edsek am Ale\u0161-Platz\" class=\"wp-image-399360\" title=\"\" srcset=\"https:\/\/loudavymkrokem.cz\/wp-content\/uploads\/2026\/08\/pisek-mestska-knihovna.jpg 2200w, https:\/\/loudavymkrokem.cz\/wp-content\/uploads\/2026\/08\/pisek-mestska-knihovna-300x200.jpg 300w, https:\/\/loudavymkrokem.cz\/wp-content\/uploads\/2026\/08\/pisek-mestska-knihovna-700x467.jpg 700w, https:\/\/loudavymkrokem.cz\/wp-content\/uploads\/2026\/08\/pisek-mestska-knihovna-768x512.jpg 768w, https:\/\/loudavymkrokem.cz\/wp-content\/uploads\/2026\/08\/pisek-mestska-knihovna-1536x1024.jpg 1536w, https:\/\/loudavymkrokem.cz\/wp-content\/uploads\/2026\/08\/pisek-mestska-knihovna-2048x1366.jpg 2048w, https:\/\/loudavymkrokem.cz\/wp-content\/uploads\/2026\/08\/pisek-mestska-knihovna-696x464.jpg 696w, https:\/\/loudavymkrokem.cz\/wp-content\/uploads\/2026\/08\/pisek-mestska-knihovna-1392x928.jpg 1392w, https:\/\/loudavymkrokem.cz\/wp-content\/uploads\/2026\/08\/pisek-mestska-knihovna-1920x1280.jpg 1920w\" sizes=\"(max-width: 2200px) 100vw, 2200px\" \/><button\n\t\t\tclass=\"lightbox-trigger\"\n\t\t\ttype=\"button\"\n\t\t\taria-haspopup=\"dialog\"\n\t\t\tdata-wp-bind--aria-label=\"state.thisImage.triggerButtonAriaLabel\"\n\t\t\tdata-wp-init=\"callbacks.initTriggerButton\"\n\t\t\tdata-wp-on--click=\"actions.showLightbox\"\n\t\t\tdata-wp-style--right=\"state.thisImage.buttonRight\"\n\t\t\tdata-wp-style--top=\"state.thisImage.buttonTop\"\n\t\t>\n\t\t\t<svg xmlns=\"http:\/\/www.w3.org\/2000\/svg\" width=\"12\" height=\"12\" fill=\"none\" viewBox=\"0 0 12 12\">\n\t\t\t\t<path fill=\"#fff\" d=\"M2 0a2 2 0 0 0-2 2v2h1.5V2a.5.5 0 0 1 .5-.5h2V0H2Zm2 10.5H2a.5.5 0 0 1-.5-.5V8H0v2a2 2 0 0 0 2 2h2v-1.5ZM8 12v-1.5h2a.5.5 0 0 0 .5-.5V8H12v2a2 2 0 0 1-2 2H8Zm2-12a2 2 0 0 1 2 2v2h-1.5V2a.5.5 0 0 0-.5-.5H8V0h2Z\" \/>\n\t\t\t<\/svg>\n\t\t<\/button><\/figure>\n\n\n\n<p class=\"wp-block-paragraph\">Das <strong>Empire-Geb\u00e4ude<\/strong> am Ale\u0161-Platz, in dem die Stadtbibliothek untergebracht ist, ist selbst schon ein architektonisches Schmuckst\u00fcck. Fr\u00fcher war es eine Schule von J. A. Comenius. Bei der Renovierung entdeckten und retteten die Denkmalpfleger hier sogar wertvolle Malereien aus dem 19. Jahrhundert. Heute ist es ein architektonisch gelungener, heller und moderner \u00f6ffentlicher Raum mit einem entspannten Gemeinschaftsgarten.<\/p>\n\n\n\n<p class=\"wp-block-paragraph\">Aber vor allem befindet sich im Erdgeschoss der Bibliothek das <strong>Caf\u00e9 Upekla<\/strong> mit hausgemachtem Geb\u00e4ck, Kuchen und Torten (es gibt auch glutenfreie Desserts) und einer Terrasse am Springbrunnen. Zum Upekla geh\u00f6rt auch der Innenhof, und darin ein <strong>Sandkasten und ein recht gro\u00dfer Platz<\/strong>, wo sich die Kinder austoben k\u00f6nnen, w\u00e4hrend du deinen Kaffee austrinkst. Diese Kombination, ein Caf\u00e9 im historischen Bibliotheksgeb\u00e4ude am Platz, ist einfach sch\u00f6n. Ein idealer Ort f\u00fcr eine Pause zwischen dem Besichtigen der Stadt.<\/p>\n\n\n\n<h3 class=\"wp-block-heading\"><span class=\"ez-toc-section\" id=\"14_Gebaeude_der_Polizeiwache_ehemalige_Bibliothek\"><\/span>14. Geb\u00e4ude der Polizeiwache (ehemalige Bibliothek)<span class=\"ez-toc-section-end\"><\/span><\/h3>\n\n\n\n<p class=\"wp-block-paragraph\">Die Geb\u00e4ude im historischen Kern von P\u00edsek leben ihr eigenes Leben und \u00e4ndern ihre Bestimmung, und dieses <strong>riesige Haus am Ale\u0161-Platz Nr. 85<\/strong> ist ein leuchtendes Beispiel daf\u00fcr. Fr\u00fcher w\u00e4rst du hierher f\u00fcr die Stille und zum Ausleihen von B\u00fcchern gekommen, denn hier sa\u00df jahrzehntelang die beliebte Stadt- (fr\u00fcher Bezirks-)Bibliothek. Nachdem die Bibliothek in die neuen und moderneren R\u00e4ume der renovierten Comenius-Schule umgezogen war, blieb das Geb\u00e4ude nicht leer. Derzeit wird es nach und nach zum neuen Hauptsitz und einer modernen Dienststelle der Stadtpolizei P\u00edsek umgebaut.<\/p>\n\n\n\n<h3 class=\"wp-block-heading\"><span class=\"ez-toc-section\" id=\"15_Statue_des_heiligen_Florian\"><\/span>15. Statue des heiligen Florian<span class=\"ez-toc-section-end\"><\/span><\/h3>\n\n\n\n<p class=\"wp-block-paragraph\">Auf dem <strong>Havl\u00ed\u010dek-Platz<\/strong>, den alle Einheimischen einfach <strong>\u201ena Flori\u00e1n\u011b&#8220; (beim Florian)<\/strong> nennen, steht die Statue des <strong>heiligen Florian<\/strong>, dem Schutzpatron der Feuerwehr. Dieses Pl\u00e4tzchen ist etwas kleiner, ruhiger und liegt ein bisschen abseits. Au\u00dferdem findest du hier tolle Second-Hand-L\u00e4den.<\/p>\n\n\n\n<h3 class=\"wp-block-heading\"><span class=\"ez-toc-section\" id=\"16_Palacky-Park\"><\/span>16. Palack\u00fd-Park<span class=\"ez-toc-section-end\"><\/span><\/h3>\n\n\n\n<figure data-wp-context=\"{&quot;imageId&quot;:&quot;6a952387ad0ec&quot;}\" data-wp-interactive=\"core\/image\" data-wp-key=\"6a952387ad0ec\" class=\"wp-block-image size-full wp-lightbox-container\"><img decoding=\"async\" width=\"1200\" height=\"800\" data-wp-class--hide=\"state.isContentHidden\" data-wp-class--show=\"state.isContentVisible\" data-wp-init=\"callbacks.setButtonStyles\" data-wp-on--click=\"actions.showLightbox\" data-wp-on--load=\"callbacks.setButtonStyles\" data-wp-on--pointerdown=\"actions.preloadImage\" data-wp-on--pointerenter=\"actions.preloadImageWithDelay\" data-wp-on--pointerleave=\"actions.cancelPreload\" data-wp-on-window--resize=\"callbacks.setButtonStyles\" src=\"https:\/\/loudavymkrokem.cz\/wp-content\/uploads\/2026\/08\/palackeho-sady-pisek-jaro.jpg\" alt=\"Palack\u00fd-Park in P\u00edsek im Fr\u00fchling mit dem Denkmal von Franti\u0161ek Palack\u00fd\" class=\"wp-image-399648\" title=\"\" srcset=\"https:\/\/loudavymkrokem.cz\/wp-content\/uploads\/2026\/08\/palackeho-sady-pisek-jaro.jpg 1200w, https:\/\/loudavymkrokem.cz\/wp-content\/uploads\/2026\/08\/palackeho-sady-pisek-jaro-300x200.jpg 300w, https:\/\/loudavymkrokem.cz\/wp-content\/uploads\/2026\/08\/palackeho-sady-pisek-jaro-700x467.jpg 700w, https:\/\/loudavymkrokem.cz\/wp-content\/uploads\/2026\/08\/palackeho-sady-pisek-jaro-768x512.jpg 768w, https:\/\/loudavymkrokem.cz\/wp-content\/uploads\/2026\/08\/palackeho-sady-pisek-jaro-696x464.jpg 696w\" sizes=\"(max-width: 1200px) 100vw, 1200px\" \/><button\n\t\t\tclass=\"lightbox-trigger\"\n\t\t\ttype=\"button\"\n\t\t\taria-haspopup=\"dialog\"\n\t\t\tdata-wp-bind--aria-label=\"state.thisImage.triggerButtonAriaLabel\"\n\t\t\tdata-wp-init=\"callbacks.initTriggerButton\"\n\t\t\tdata-wp-on--click=\"actions.showLightbox\"\n\t\t\tdata-wp-style--right=\"state.thisImage.buttonRight\"\n\t\t\tdata-wp-style--top=\"state.thisImage.buttonTop\"\n\t\t>\n\t\t\t<svg xmlns=\"http:\/\/www.w3.org\/2000\/svg\" width=\"12\" height=\"12\" fill=\"none\" viewBox=\"0 0 12 12\">\n\t\t\t\t<path fill=\"#fff\" d=\"M2 0a2 2 0 0 0-2 2v2h1.5V2a.5.5 0 0 1 .5-.5h2V0H2Zm2 10.5H2a.5.5 0 0 1-.5-.5V8H0v2a2 2 0 0 0 2 2h2v-1.5ZM8 12v-1.5h2a.5.5 0 0 0 .5-.5V8H12v2a2 2 0 0 1-2 2H8Zm2-12a2 2 0 0 1 2 2v2h-1.5V2a.5.5 0 0 0-.5-.5H8V0h2Z\" \/>\n\t\t\t<\/svg>\n\t\t<\/button><\/figure>\n\n\n\n<p class=\"wp-block-paragraph\">Der Palack\u00fd-Park entstand auf dem Gel\u00e4nde der <strong>ehemaligen Wallgr\u00e4ben<\/strong>, und heute ist er einer der angenehmsten Orte in ganz P\u00edsek. Schattige B\u00e4ume, gepflegte Wege, B\u00e4nke mit Aussicht, und vor allem \u2013 hier befinden sich zwei fantastische Caf\u00e9s.<\/p>\n\n\n\n<p class=\"wp-block-paragraph\">Das Lokal <strong>Do Nebe<\/strong> ist genauso sch\u00f6n, wie der Name (deutsch: \u201eIn den Himmel&#8220;) vermuten l\u00e4sst, auch wenn aus dem Caf\u00e9 mit der Zeit ein Steakhouse wurde. Es ist aber immer noch komplett glutenfrei, was jeder Z\u00f6liakiebetroffene zu sch\u00e4tzen wei\u00df. Stylisches Interieur, ausgezeichneter Kaffee, im Sommer ein Garten unter B\u00e4umen. Und gleich ein St\u00fcck weiter das <strong>Park Caf\u00e9<\/strong>, das etwas moderner ist und tolle Waffeln hat. Und dann gibt es noch das ber\u00fchmte <strong>Restaurant U Reiner\u016f<\/strong> aus dem Jahr 1844. Um wirklich ehrlich zu sein, seine Glanzzeit hat es wohl schon hinter sich, aber geh wenigstens auf ein frisch gezapftes Pilsner hin (das Essen w\u00fcrde ich weglassen) und f\u00fcr eine ordentliche Portion Geschichte.<\/p>\n\n\n\n<p class=\"wp-block-paragraph\">Der Palack\u00fd-Park ist auch der Ort, an dem im Sommer Konzerte und Kulturveranstaltungen stattfinden, wo gelaufen wird, Hunde ausgef\u00fchrt werden und wo P\u00edsek einfach lebt. Wenn du nur eine halbe Stunde extra Zeit hast, spaziere hier durch. Es lohnt sich.<\/p>\n\n\n\n<h3 class=\"wp-block-heading\"><span class=\"ez-toc-section\" id=\"17_Schrenk-Pavillon\"><\/span>17. Schrenk-Pavillon<span class=\"ez-toc-section-end\"><\/span><\/h3>\n\n\n\n<p class=\"wp-block-paragraph\">Auf den ersten Blick ein romantischer klassizistischer Pavillon, direkt im Palack\u00fd-Park gelegen, aus dem Jahr 1841. Er tr\u00e4gt den Namen des damaligen Kreishauptmanns. Interessant ist, dass hier, obwohl er vornehm aussieht, fr\u00fcher auch Theater- und Musikprogramme aufgef\u00fchrt wurden.<\/p>\n\n\n\n<h3 class=\"wp-block-heading\"><span class=\"ez-toc-section\" id=\"18_Neptunbrunnen\"><\/span>18. Neptunbrunnen<span class=\"ez-toc-section-end\"><\/span><\/h3>\n\n\n\n<p class=\"wp-block-paragraph\">Die Neptunstatue stammt vom <strong>barocken Brunnen aus dem Jahr 1771<\/strong>, der urspr\u00fcnglich <strong>auf dem Gro\u00dfen Platz<\/strong> stand. Der Brunnen wurde Anfang des 20. Jahrhunderts abgebaut, und Neptun bekam nach Jahren einen neuen Platz hier im <strong>Palack\u00fd-Park.<\/strong> Neptun mit dem Dreizack posiert hier zwischen den B\u00e4umen, und manchmal frage ich mich, ob es ihm hier besser gef\u00e4llt als auf dem belebten Platz. Wahrscheinlich schon, im Park ist es ruhig und das Wasser im Brunnen rauscht angenehm.<\/p>\n\n\n\n<h3 class=\"wp-block-heading\"><span class=\"ez-toc-section\" id=\"19_Denkmal_von_Adolf_Heyduk_und_Frantisek_Palacky\"><\/span>19. Denkmal von Adolf Heyduk und Franti\u0161ek Palack\u00fd<span class=\"ez-toc-section-end\"><\/span><\/h3>\n\n\n\n<p class=\"wp-block-paragraph\">Im Palack\u00fd-Park findest du Denkm\u00e4ler zweier bedeutender Pers\u00f6nlichkeiten, und ich m\u00f6chte vor allem beim ersten verweilen. <strong>Adolf Heyduk<\/strong> war ein Dichter, der \u00fcber <strong>60 Jahre<\/strong> in P\u00edsek lebte, hier heiratete (seine Frau war die Tochter der Familie Reiner \u2013 ja, jener vom Restaurant U Reiner\u016f) und einen gro\u00dfen Teil seiner Werke schrieb. Er war so ein stiller Patriot, liebte P\u00edsek und S\u00fcdb\u00f6hmen und verwob das alles in seiner Poesie.<\/p>\n\n\n\n<p class=\"wp-block-paragraph\">Das Denkmal von <strong>Franti\u0161ek Palack\u00fd<\/strong>, dem Vater der Nation und Historiker, erinnert dann daran, dass auch P\u00edsek seine Rolle in der tschechischen nationalen Wiedergeburt hatte. Beide Denkm\u00e4ler stehen in sch\u00f6ner Parkumgebung, ein idealer Halt auf deinem Spaziergang.<\/p>\n\n\n\n<h3 class=\"wp-block-heading\"><span class=\"ez-toc-section\" id=\"20_Haus_von_Adolf_Heyduk\"><\/span>20. Haus von Adolf Heyduk<span class=\"ez-toc-section-end\"><\/span><\/h3>\n\n\n\n<figure data-wp-context=\"{&quot;imageId&quot;:&quot;6a952387adacc&quot;}\" data-wp-interactive=\"core\/image\" data-wp-key=\"6a952387adacc\" class=\"wp-block-image size-full wp-lightbox-container\"><img decoding=\"async\" width=\"1200\" height=\"800\" data-wp-class--hide=\"state.isContentHidden\" data-wp-class--show=\"state.isContentVisible\" data-wp-init=\"callbacks.setButtonStyles\" data-wp-on--click=\"actions.showLightbox\" data-wp-on--load=\"callbacks.setButtonStyles\" data-wp-on--pointerdown=\"actions.preloadImage\" data-wp-on--pointerenter=\"actions.preloadImageWithDelay\" data-wp-on--pointerleave=\"actions.cancelPreload\" data-wp-on-window--resize=\"callbacks.setButtonStyles\" src=\"https:\/\/loudavymkrokem.cz\/wp-content\/uploads\/2026\/08\/pamatnik-adolfa-heyduka-interier.jpg\" alt=\"Historischer Salon im Adolf-Heyduk-Gedenkhaus in P\u00edsek\" class=\"wp-image-399662\" title=\"\" srcset=\"https:\/\/loudavymkrokem.cz\/wp-content\/uploads\/2026\/08\/pamatnik-adolfa-heyduka-interier.jpg 1200w, https:\/\/loudavymkrokem.cz\/wp-content\/uploads\/2026\/08\/pamatnik-adolfa-heyduka-interier-300x200.jpg 300w, https:\/\/loudavymkrokem.cz\/wp-content\/uploads\/2026\/08\/pamatnik-adolfa-heyduka-interier-700x467.jpg 700w, https:\/\/loudavymkrokem.cz\/wp-content\/uploads\/2026\/08\/pamatnik-adolfa-heyduka-interier-768x512.jpg 768w, https:\/\/loudavymkrokem.cz\/wp-content\/uploads\/2026\/08\/pamatnik-adolfa-heyduka-interier-696x464.jpg 696w\" sizes=\"(max-width: 1200px) 100vw, 1200px\" \/><button\n\t\t\tclass=\"lightbox-trigger\"\n\t\t\ttype=\"button\"\n\t\t\taria-haspopup=\"dialog\"\n\t\t\tdata-wp-bind--aria-label=\"state.thisImage.triggerButtonAriaLabel\"\n\t\t\tdata-wp-init=\"callbacks.initTriggerButton\"\n\t\t\tdata-wp-on--click=\"actions.showLightbox\"\n\t\t\tdata-wp-style--right=\"state.thisImage.buttonRight\"\n\t\t\tdata-wp-style--top=\"state.thisImage.buttonTop\"\n\t\t>\n\t\t\t<svg xmlns=\"http:\/\/www.w3.org\/2000\/svg\" width=\"12\" height=\"12\" fill=\"none\" viewBox=\"0 0 12 12\">\n\t\t\t\t<path fill=\"#fff\" d=\"M2 0a2 2 0 0 0-2 2v2h1.5V2a.5.5 0 0 1 .5-.5h2V0H2Zm2 10.5H2a.5.5 0 0 1-.5-.5V8H0v2a2 2 0 0 0 2 2h2v-1.5ZM8 12v-1.5h2a.5.5 0 0 0 .5-.5V8H12v2a2 2 0 0 1-2 2H8Zm2-12a2 2 0 0 1 2 2v2h-1.5V2a.5.5 0 0 0-.5-.5H8V0h2Z\" \/>\n\t\t\t<\/svg>\n\t\t<\/button><\/figure>\n\n\n\n<p class=\"wp-block-paragraph\">Und vom Denkmal gleich zum Haus. In der <strong>Tyr\u0161-Stra\u00dfe<\/strong> steht die Villa, in der Adolf Heyduk wohnte, und es ist ein weiteres architektonisches Juwel. Der Architekt <strong>Jan Koula<\/strong> entwarf sie im Jahr <strong>1900<\/strong> im Stil der <strong>tschechischen Neorenaissance<\/strong>, und was daran einzigartig ist: Sie hat weitgehend das <strong>urspr\u00fcngliche Interieur erhalten<\/strong>. Das ist in Tschechien eine Seltenheit, die meisten \u00e4hnlichen H\u00e4user haben so viele Umbauten durchgemacht, dass vom Original nichts \u00fcbrig geblieben ist.<\/p>\n\n\n\n<p class=\"wp-block-paragraph\">Von au\u00dfen fesseln die Sgraffiti, verzierten Giebel und der Gesamteindruck, dass jemand das Haus gebaut hat, dem jedes Detail wichtig war. Wenn dich die Architektur der Jahrhundertwende vom 19. zum 20. Jahrhundert interessiert, ist dies ein Pflicht-Halt. Nur Achtung, das Gedenkhaus ist das ganze Jahr 2026 wegen Renovierung geschlossen, die Innenbesichtigung heb dir also f\u00fcr die n\u00e4chste Saison auf.<\/p>\n\n\n\n<h3 class=\"wp-block-heading\"><span class=\"ez-toc-section\" id=\"21_Kronberger-Pavillon\"><\/span>21. Kronberger-Pavillon<span class=\"ez-toc-section-end\"><\/span><\/h3>\n\n\n\n<p class=\"wp-block-paragraph\">Das hier ist so eine versteckte Perle, von der viele Leute nicht einmal wissen. Ein kleiner Empire-Bau aus dem Jahr 1840, direkt in die Zwingermauer eingelassen. Der Kaplan Kronberger lie\u00df ihn bauen, er wollte wohl einfach einen sch\u00f6nen Ort zum Lesen und Nachdenken haben, und wer k\u00f6nnte ihm das ver\u00fcbeln. Heute sitzt hier der Philatelistenclub, was schon irgendwie poetisch ist. Ein winziger Pavillon voller winziger Briefmarken.<\/p>\n\n\n\n<h3 class=\"wp-block-heading\"><span class=\"ez-toc-section\" id=\"22_Hotel_Otava\"><\/span>22. Hotel Otava<span class=\"ez-toc-section-end\"><\/span><\/h3>\n\n\n\n<figure data-wp-context=\"{&quot;imageId&quot;:&quot;6a952387ae887&quot;}\" data-wp-interactive=\"core\/image\" data-wp-key=\"6a952387ae887\" class=\"wp-block-image size-full wp-lightbox-container\"><img decoding=\"async\" width=\"2200\" height=\"1467\" data-wp-class--hide=\"state.isContentHidden\" data-wp-class--show=\"state.isContentVisible\" data-wp-init=\"callbacks.setButtonStyles\" data-wp-on--click=\"actions.showLightbox\" data-wp-on--load=\"callbacks.setButtonStyles\" data-wp-on--pointerdown=\"actions.preloadImage\" data-wp-on--pointerenter=\"actions.preloadImageWithDelay\" data-wp-on--pointerleave=\"actions.cancelPreload\" data-wp-on-window--resize=\"callbacks.setButtonStyles\" src=\"https:\/\/loudavymkrokem.cz\/wp-content\/uploads\/2026\/08\/pisek-hotel-otava-alsovy-malby.jpg\" alt=\"Hotel Otava in P\u00edsek mit Malereien nach Entw\u00fcrfen von Mikol\u00e1\u0161 Ale\u0161\" class=\"wp-image-399363\" title=\"\" srcset=\"https:\/\/loudavymkrokem.cz\/wp-content\/uploads\/2026\/08\/pisek-hotel-otava-alsovy-malby.jpg 2200w, https:\/\/loudavymkrokem.cz\/wp-content\/uploads\/2026\/08\/pisek-hotel-otava-alsovy-malby-300x200.jpg 300w, https:\/\/loudavymkrokem.cz\/wp-content\/uploads\/2026\/08\/pisek-hotel-otava-alsovy-malby-700x467.jpg 700w, https:\/\/loudavymkrokem.cz\/wp-content\/uploads\/2026\/08\/pisek-hotel-otava-alsovy-malby-768x512.jpg 768w, https:\/\/loudavymkrokem.cz\/wp-content\/uploads\/2026\/08\/pisek-hotel-otava-alsovy-malby-1536x1024.jpg 1536w, https:\/\/loudavymkrokem.cz\/wp-content\/uploads\/2026\/08\/pisek-hotel-otava-alsovy-malby-2048x1366.jpg 2048w, https:\/\/loudavymkrokem.cz\/wp-content\/uploads\/2026\/08\/pisek-hotel-otava-alsovy-malby-696x464.jpg 696w, https:\/\/loudavymkrokem.cz\/wp-content\/uploads\/2026\/08\/pisek-hotel-otava-alsovy-malby-1392x928.jpg 1392w, https:\/\/loudavymkrokem.cz\/wp-content\/uploads\/2026\/08\/pisek-hotel-otava-alsovy-malby-1920x1280.jpg 1920w\" sizes=\"(max-width: 2200px) 100vw, 2200px\" \/><button\n\t\t\tclass=\"lightbox-trigger\"\n\t\t\ttype=\"button\"\n\t\t\taria-haspopup=\"dialog\"\n\t\t\tdata-wp-bind--aria-label=\"state.thisImage.triggerButtonAriaLabel\"\n\t\t\tdata-wp-init=\"callbacks.initTriggerButton\"\n\t\t\tdata-wp-on--click=\"actions.showLightbox\"\n\t\t\tdata-wp-style--right=\"state.thisImage.buttonRight\"\n\t\t\tdata-wp-style--top=\"state.thisImage.buttonTop\"\n\t\t>\n\t\t\t<svg xmlns=\"http:\/\/www.w3.org\/2000\/svg\" width=\"12\" height=\"12\" fill=\"none\" viewBox=\"0 0 12 12\">\n\t\t\t\t<path fill=\"#fff\" d=\"M2 0a2 2 0 0 0-2 2v2h1.5V2a.5.5 0 0 1 .5-.5h2V0H2Zm2 10.5H2a.5.5 0 0 1-.5-.5V8H0v2a2 2 0 0 0 2 2h2v-1.5ZM8 12v-1.5h2a.5.5 0 0 0 .5-.5V8H12v2a2 2 0 0 1-2 2H8Zm2-12a2 2 0 0 1 2 2v2h-1.5V2a.5.5 0 0 0-.5-.5H8V0h2Z\" \/>\n\t\t\t<\/svg>\n\t\t<\/button><\/figure>\n\n\n\n<p class=\"wp-block-paragraph\">Ein Neorenaissance-Schmuckst\u00fcck mit Jugendstilelementen vom Ende des 19. Jahrhunderts, das der Apotheker Dvo\u0159\u00e1\u010dek erbauen lie\u00df. Aber Achtung, schau dir diese Fassaden an! Die Malereien f\u00fchrte Josef Bos\u00e1\u010dek nach Entw\u00fcrfen von Mikol\u00e1\u0161 Ale\u0161 schon beim Bau des Hotels aus. Ale\u0161s Spur ist in P\u00edsek \u00fcberall, aber hier ist sie besonders sichtbar. Das Hotel hat verschiedene Wirren durchgemacht, aber die Fassade macht immer noch m\u00e4chtig Eindruck.<\/p>\n\n\n\n<p class=\"wp-block-paragraph\">Und jetzt die Neuigkeit, wegen der es sich lohnt, auch hineinzugehen. Nach der Renovierung wurde im Erdgeschoss das <strong>Caf\u00e9 Otava<\/strong> (Komensk\u00e9ho 56\/1) er\u00f6ffnet, ein Restaurant mit Caf\u00e9 und Weinbar <strong>im Stil der Ersten Republik<\/strong>, der diesem historischen Geb\u00e4ude am besten steht. Es hat t\u00e4glich ge\u00f6ffnet, werktags schon ab 7:30 Uhr zum Fr\u00fchst\u00fcck, das Mittagsmen\u00fc wird von 11 bis 15 Uhr serviert, und abends wird das Lokal zur Weinbar mit eigener Vinothek.<\/p>\n\n\n\n<p class=\"wp-block-paragraph\">Vegetarier bleiben hier nicht hungrig: Auf der Karte steht zum Beispiel <strong>Pilzrisotto mit Parmesan oder gebackener Blumenkohl f\u00fcr 199 K\u010d (ca. 8 \u20ac)<\/strong>, Salat mit gegrilltem Ziegenk\u00e4se f\u00fcr 239 K\u010d (ca. 10 \u20ac) und K\u00fcrbiscremesuppe f\u00fcr 59 K\u010d (ca. 2,50 \u20ac), dazu hausgemachte Desserts von der eigenen Konditorin. \ud83d\udca1 <strong>Tipp:<\/strong> Setz dich ans Fenster und geh dann nach drau\u00dfen, um die Ale\u0161-Malereien noch einmal anzuschauen, mit einem Kaffee in der Hand ist das ein ganz anderes Erlebnis.<\/p>\n\n\n\n<h3 class=\"wp-block-heading\"><span class=\"ez-toc-section\" id=\"23_Juedische_Synagoge\"><\/span>23. J\u00fcdische Synagoge<span class=\"ez-toc-section-end\"><\/span><\/h3>\n\n\n\n<figure data-wp-context=\"{&quot;imageId&quot;:&quot;6a952387b1e9a&quot;}\" data-wp-interactive=\"core\/image\" data-wp-key=\"6a952387b1e9a\" class=\"wp-block-image size-full wp-lightbox-container\"><img decoding=\"async\" width=\"1200\" height=\"800\" data-wp-class--hide=\"state.isContentHidden\" data-wp-class--show=\"state.isContentVisible\" data-wp-init=\"callbacks.setButtonStyles\" data-wp-on--click=\"actions.showLightbox\" data-wp-on--load=\"callbacks.setButtonStyles\" data-wp-on--pointerdown=\"actions.preloadImage\" data-wp-on--pointerenter=\"actions.preloadImageWithDelay\" data-wp-on--pointerleave=\"actions.cancelPreload\" data-wp-on-window--resize=\"callbacks.setButtonStyles\" src=\"https:\/\/loudavymkrokem.cz\/wp-content\/uploads\/2026\/08\/synagoga-pisek-soukenicka.jpg\" alt=\"Synagoge in der Soukenick\u00e1-Stra\u00dfe in P\u00edsek\" class=\"wp-image-399654\" title=\"\" srcset=\"https:\/\/loudavymkrokem.cz\/wp-content\/uploads\/2026\/08\/synagoga-pisek-soukenicka.jpg 1200w, https:\/\/loudavymkrokem.cz\/wp-content\/uploads\/2026\/08\/synagoga-pisek-soukenicka-300x200.jpg 300w, https:\/\/loudavymkrokem.cz\/wp-content\/uploads\/2026\/08\/synagoga-pisek-soukenicka-700x467.jpg 700w, https:\/\/loudavymkrokem.cz\/wp-content\/uploads\/2026\/08\/synagoga-pisek-soukenicka-768x512.jpg 768w, https:\/\/loudavymkrokem.cz\/wp-content\/uploads\/2026\/08\/synagoga-pisek-soukenicka-696x464.jpg 696w\" sizes=\"(max-width: 1200px) 100vw, 1200px\" \/><button\n\t\t\tclass=\"lightbox-trigger\"\n\t\t\ttype=\"button\"\n\t\t\taria-haspopup=\"dialog\"\n\t\t\tdata-wp-bind--aria-label=\"state.thisImage.triggerButtonAriaLabel\"\n\t\t\tdata-wp-init=\"callbacks.initTriggerButton\"\n\t\t\tdata-wp-on--click=\"actions.showLightbox\"\n\t\t\tdata-wp-style--right=\"state.thisImage.buttonRight\"\n\t\t\tdata-wp-style--top=\"state.thisImage.buttonTop\"\n\t\t>\n\t\t\t<svg xmlns=\"http:\/\/www.w3.org\/2000\/svg\" width=\"12\" height=\"12\" fill=\"none\" viewBox=\"0 0 12 12\">\n\t\t\t\t<path fill=\"#fff\" d=\"M2 0a2 2 0 0 0-2 2v2h1.5V2a.5.5 0 0 1 .5-.5h2V0H2Zm2 10.5H2a.5.5 0 0 1-.5-.5V8H0v2a2 2 0 0 0 2 2h2v-1.5ZM8 12v-1.5h2a.5.5 0 0 0 .5-.5V8H12v2a2 2 0 0 1-2 2H8Zm2-12a2 2 0 0 1 2 2v2h-1.5V2a.5.5 0 0 0-.5-.5H8V0h2Z\" \/>\n\t\t\t<\/svg>\n\t\t<\/button><\/figure>\n\n\n\n<p class=\"wp-block-paragraph\">In der Soukenick\u00e1-Stra\u00dfe steht eine Synagoge aus dem Jahr 1871. Sie hat eine traurige Geschichte. Die Gottesdienste endeten hier 1938, w\u00e4hrend der Besatzung wurde die Synagoge geschlossen und diente nach dem Krieg lange Jahre nur als Lager. Heute ist es ein stiller, etwas vernachl\u00e4ssigter Ort, der aber wichtige Geschichte tr\u00e4gt. Wenn du vorbeigehst, halte wenigstens kurz an.<\/p>\n\n\n\n<h3 class=\"wp-block-heading\"><span class=\"ez-toc-section\" id=\"24_Gebaeude_der_Poliklinik\"><\/span>24. Geb\u00e4ude der Poliklinik<span class=\"ez-toc-section-end\"><\/span><\/h3>\n\n\n\n<p class=\"wp-block-paragraph\">Ein Neorenaissance-Palast am Ale\u0161-Platz, der aussieht, als sollten darin B\u00e4lle und festliche Empf\u00e4nge stattfinden. Und was ist drin? Eine Poliklinik. \ud83d\ude05 Fr\u00fcher war hier das Gasthaus Zum Schwarzen Adler, sodass dieses Geb\u00e4ude einen interessanten Weg hinter sich hat \u2013 vom Tanzsaal \u00fcber Bier bis zum Zahnarzt. Ironie des Schicksals, aber wenigstens kannst du diese Sch\u00f6nheit betrachten, w\u00e4hrend du auf die Blutabnahme wartest.<\/p>\n\n\n\n<h3 class=\"wp-block-heading\"><span class=\"ez-toc-section\" id=\"25_Haus_zu_den_Kugeln_und_Buergerhaeuser\"><\/span>25. Haus zu den Kugeln und B\u00fcrgerh\u00e4user<span class=\"ez-toc-section-end\"><\/span><\/h3>\n\n\n\n<figure data-wp-context=\"{&quot;imageId&quot;:&quot;6a952387b492f&quot;}\" data-wp-interactive=\"core\/image\" data-wp-key=\"6a952387b492f\" class=\"wp-block-image size-full wp-lightbox-container\"><img decoding=\"async\" width=\"2200\" height=\"1467\" data-wp-class--hide=\"state.isContentHidden\" data-wp-class--show=\"state.isContentVisible\" data-wp-init=\"callbacks.setButtonStyles\" data-wp-on--click=\"actions.showLightbox\" data-wp-on--load=\"callbacks.setButtonStyles\" data-wp-on--pointerdown=\"actions.preloadImage\" data-wp-on--pointerenter=\"actions.preloadImageWithDelay\" data-wp-on--pointerleave=\"actions.cancelPreload\" data-wp-on-window--resize=\"callbacks.setButtonStyles\" src=\"https:\/\/loudavymkrokem.cz\/wp-content\/uploads\/2026\/08\/pisek-dum-u-slona.jpg\" alt=\"Haus Zum Elefanten in P\u00edsek mit Elefantenplastik an der Fassade\" class=\"wp-image-399368\" title=\"\" srcset=\"https:\/\/loudavymkrokem.cz\/wp-content\/uploads\/2026\/08\/pisek-dum-u-slona.jpg 2200w, https:\/\/loudavymkrokem.cz\/wp-content\/uploads\/2026\/08\/pisek-dum-u-slona-300x200.jpg 300w, https:\/\/loudavymkrokem.cz\/wp-content\/uploads\/2026\/08\/pisek-dum-u-slona-700x467.jpg 700w, https:\/\/loudavymkrokem.cz\/wp-content\/uploads\/2026\/08\/pisek-dum-u-slona-768x512.jpg 768w, https:\/\/loudavymkrokem.cz\/wp-content\/uploads\/2026\/08\/pisek-dum-u-slona-1536x1024.jpg 1536w, https:\/\/loudavymkrokem.cz\/wp-content\/uploads\/2026\/08\/pisek-dum-u-slona-2048x1366.jpg 2048w, https:\/\/loudavymkrokem.cz\/wp-content\/uploads\/2026\/08\/pisek-dum-u-slona-696x464.jpg 696w, https:\/\/loudavymkrokem.cz\/wp-content\/uploads\/2026\/08\/pisek-dum-u-slona-1392x928.jpg 1392w, https:\/\/loudavymkrokem.cz\/wp-content\/uploads\/2026\/08\/pisek-dum-u-slona-1920x1280.jpg 1920w\" sizes=\"(max-width: 2200px) 100vw, 2200px\" \/><button\n\t\t\tclass=\"lightbox-trigger\"\n\t\t\ttype=\"button\"\n\t\t\taria-haspopup=\"dialog\"\n\t\t\tdata-wp-bind--aria-label=\"state.thisImage.triggerButtonAriaLabel\"\n\t\t\tdata-wp-init=\"callbacks.initTriggerButton\"\n\t\t\tdata-wp-on--click=\"actions.showLightbox\"\n\t\t\tdata-wp-style--right=\"state.thisImage.buttonRight\"\n\t\t\tdata-wp-style--top=\"state.thisImage.buttonTop\"\n\t\t>\n\t\t\t<svg xmlns=\"http:\/\/www.w3.org\/2000\/svg\" width=\"12\" height=\"12\" fill=\"none\" viewBox=\"0 0 12 12\">\n\t\t\t\t<path fill=\"#fff\" d=\"M2 0a2 2 0 0 0-2 2v2h1.5V2a.5.5 0 0 1 .5-.5h2V0H2Zm2 10.5H2a.5.5 0 0 1-.5-.5V8H0v2a2 2 0 0 0 2 2h2v-1.5ZM8 12v-1.5h2a.5.5 0 0 0 .5-.5V8H12v2a2 2 0 0 1-2 2H8Zm2-12a2 2 0 0 1 2 2v2h-1.5V2a.5.5 0 0 0-.5-.5H8V0h2Z\" \/>\n\t\t\t<\/svg>\n\t\t<\/button><\/figure>\n\n\n\n<p class=\"wp-block-paragraph\">Dieses Haus erkennst du leicht. Es hat in der Fassade eingemauerte Kanonenkugeln. Das ist keine Dekoration, sondern eine authentische Erinnerung an Kriegszeiten. Die Renaissance-Sgraffiti an der Fassade sind wundersch\u00f6n, und als Bonus \u2013 hier wohnte der Dichter Fr\u00e1\u0148a \u0160r\u00e1mek.<\/p>\n\n\n\n<p class=\"wp-block-paragraph\">Aber P\u00edsek ist \u00fcberhaupt voller sch\u00f6ner B\u00fcrgerh\u00e4user, die Beachtung verdienen. Das <strong>Haus Zum Elefanten<\/strong>, <strong>Zum Lamm<\/strong>, <strong>Drl\u00ed\u010dov<\/strong>, <strong>Chel\u010dick\u00e9ho 4<\/strong>, <strong>Zur Muttergottes<\/strong> \u2013 jedes hat seine Geschichte, seine Verzierung, seinen Charakter. Ich empfehle einfach, den Blick vom Gehweg zu heben und nach oben zu schauen. P\u00edsek belohnt diejenigen, die aufmerksam hinsehen.<\/p>\n\n\n\n<h3 class=\"wp-block-heading\"><span class=\"ez-toc-section\" id=\"26_Neue_Bruecke\"><\/span>26. Neue Br\u00fccke<span class=\"ez-toc-section-end\"><\/span><\/h3>\n\n\n\n<p class=\"wp-block-paragraph\">Eine im Zweiten Weltkrieg erbaute Br\u00fccke, was uninteressant klingen mag, aber es ist eigentlich ein architektonisches Denkmal. Klares, funktionales Design, ein eleganter Bogen \u00fcber die Otava. Sie steht ein wenig im Schatten ihres ber\u00fchmteren steinernen Nachbarn, aber trotzdem erw\u00e4hne ich sie.<\/p>\n\n\n\n<h3 class=\"wp-block-heading\"><span class=\"ez-toc-section\" id=\"27_Sokol-Halle\"><\/span>27. Sokol-Halle<span class=\"ez-toc-section-end\"><\/span><\/h3>\n\n\n\n<p class=\"wp-block-paragraph\">In der Tyr\u0161-Stra\u00dfe steht seit 1895 die Sokol-Halle mit reicher Stuckverzierung. Es war ein Zentrum des Patriotismus und des Vereinslebens: Hier wurde geturnt, gesungen, debattiert und die nationale Identit\u00e4t aufgebaut. Das Sokol-Turnen wird darin bis heute betrieben.<\/p>\n\n\n\n<h3 class=\"wp-block-heading\"><span class=\"ez-toc-section\" id=\"28_Alte_Post\"><\/span>28. Alte Post<span class=\"ez-toc-section-end\"><\/span><\/h3>\n\n\n\n<p class=\"wp-block-paragraph\">Gregor-Stra\u00dfe, Hausnummer 125. Die Alte Post erinnert sich noch an die Zeit der Postkutschen. Stell dir vor, wie hier Pferdefuhrwerke mit Briefen, Paketen und manchmal auch von der Reise verstaubten Reisenden ankamen. In einer Zeit, in der E-Mail bedeutete, dass eine Taube dir eine Nachricht schneller als \u00fcblich brachte.<\/p>\n\n\n\n<h3 class=\"wp-block-heading\"><span class=\"ez-toc-section\" id=\"29_Raab-Villa\"><\/span>29. Raab-Villa<span class=\"ez-toc-section-end\"><\/span><\/h3>\n\n\n\n<p class=\"wp-block-paragraph\">Und jetzt etwas, das mich immer wieder fasziniert. <strong>Die Raab-Villa ist der erste eigenst\u00e4ndige Bau, den der Architekt Du\u0161an Jurkovi\u010d entwarf.<\/strong> Das Jahr 1901. Der Industrielle Adolf Raab lie\u00df sie erbauen, und es ist eine wundersch\u00f6ne Mischung aus slowakischer und schweizerischer Volksarchitektur. Holzelemente, romantische Details, alles perfekt durchdacht.<\/p>\n\n\n\n<p class=\"wp-block-paragraph\">Du findest sie an der Kreuzung der T\u00e1bor- und Sedl\u00e1\u010dek-Stra\u00dfe. Es ist unglaublich, dass dieses Juwel gerade hier in P\u00edsek steht. Jurkovi\u010d baute danach in ganz Tschechien und der Slowakei, aber angefangen hat er bei uns. Als Einheimische kann ich darauf nicht nicht stolz sein. \u263a\ufe0f<\/p>\n\n\n\n<h3 class=\"wp-block-heading\"><span class=\"ez-toc-section\" id=\"30_Denkmal_fuer_die_Gefallenen_bei_Melegnano_und_Solferino\"><\/span>30. Denkmal f\u00fcr die Gefallenen bei Melegnano und Solferino<span class=\"ez-toc-section-end\"><\/span><\/h3>\n\n\n\n<figure data-wp-context=\"{&quot;imageId&quot;:&quot;6a952387b7064&quot;}\" data-wp-interactive=\"core\/image\" data-wp-key=\"6a952387b7064\" class=\"wp-block-image size-full wp-lightbox-container\"><img decoding=\"async\" width=\"2200\" height=\"1467\" data-wp-class--hide=\"state.isContentHidden\" data-wp-class--show=\"state.isContentVisible\" data-wp-init=\"callbacks.setButtonStyles\" data-wp-on--click=\"actions.showLightbox\" data-wp-on--load=\"callbacks.setButtonStyles\" data-wp-on--pointerdown=\"actions.preloadImage\" data-wp-on--pointerenter=\"actions.preloadImageWithDelay\" data-wp-on--pointerleave=\"actions.cancelPreload\" data-wp-on-window--resize=\"callbacks.setButtonStyles\" src=\"https:\/\/loudavymkrokem.cz\/wp-content\/uploads\/2026\/08\/pisek-pomnik-melegnano-solferino.jpg\" alt=\"Denkmal f\u00fcr die Gefallenen bei Melegnano und Solferino in P\u00edsek\" class=\"wp-image-399375\" title=\"\" srcset=\"https:\/\/loudavymkrokem.cz\/wp-content\/uploads\/2026\/08\/pisek-pomnik-melegnano-solferino.jpg 2200w, https:\/\/loudavymkrokem.cz\/wp-content\/uploads\/2026\/08\/pisek-pomnik-melegnano-solferino-300x200.jpg 300w, https:\/\/loudavymkrokem.cz\/wp-content\/uploads\/2026\/08\/pisek-pomnik-melegnano-solferino-700x467.jpg 700w, https:\/\/loudavymkrokem.cz\/wp-content\/uploads\/2026\/08\/pisek-pomnik-melegnano-solferino-768x512.jpg 768w, https:\/\/loudavymkrokem.cz\/wp-content\/uploads\/2026\/08\/pisek-pomnik-melegnano-solferino-1536x1024.jpg 1536w, https:\/\/loudavymkrokem.cz\/wp-content\/uploads\/2026\/08\/pisek-pomnik-melegnano-solferino-2048x1366.jpg 2048w, https:\/\/loudavymkrokem.cz\/wp-content\/uploads\/2026\/08\/pisek-pomnik-melegnano-solferino-696x464.jpg 696w, https:\/\/loudavymkrokem.cz\/wp-content\/uploads\/2026\/08\/pisek-pomnik-melegnano-solferino-1392x928.jpg 1392w, https:\/\/loudavymkrokem.cz\/wp-content\/uploads\/2026\/08\/pisek-pomnik-melegnano-solferino-1920x1280.jpg 1920w\" sizes=\"(max-width: 2200px) 100vw, 2200px\" \/><button\n\t\t\tclass=\"lightbox-trigger\"\n\t\t\ttype=\"button\"\n\t\t\taria-haspopup=\"dialog\"\n\t\t\tdata-wp-bind--aria-label=\"state.thisImage.triggerButtonAriaLabel\"\n\t\t\tdata-wp-init=\"callbacks.initTriggerButton\"\n\t\t\tdata-wp-on--click=\"actions.showLightbox\"\n\t\t\tdata-wp-style--right=\"state.thisImage.buttonRight\"\n\t\t\tdata-wp-style--top=\"state.thisImage.buttonTop\"\n\t\t>\n\t\t\t<svg xmlns=\"http:\/\/www.w3.org\/2000\/svg\" width=\"12\" height=\"12\" fill=\"none\" viewBox=\"0 0 12 12\">\n\t\t\t\t<path fill=\"#fff\" d=\"M2 0a2 2 0 0 0-2 2v2h1.5V2a.5.5 0 0 1 .5-.5h2V0H2Zm2 10.5H2a.5.5 0 0 1-.5-.5V8H0v2a2 2 0 0 0 2 2h2v-1.5ZM8 12v-1.5h2a.5.5 0 0 0 .5-.5V8H12v2a2 2 0 0 1-2 2H8Zm2-12a2 2 0 0 1 2 2v2h-1.5V2a.5.5 0 0 0-.5-.5H8V0h2Z\" \/>\n\t\t\t<\/svg>\n\t\t<\/button><\/figure>\n\n\n\n<p class=\"wp-block-paragraph\">Eine Plastik eines L\u00f6wen, der auf einer ausgebreiteten Fahne steht, ein Symbol der Ruhe nach dem Kampf. Das Denkmal erinnert an die Soldaten des 11. Piseker Regiments, die 1859 in den Schlachten bei Melegnano und Solferino in Italien fielen. Weit weg von zu Hause, weit weg von der Otava. Ein stilles, w\u00fcrdevolles Denkmal, bei dem es sich lohnt, f\u00fcr einen Moment anzuhalten.<\/p>\n\n\n\n<h3 class=\"wp-block-heading\"><span class=\"ez-toc-section\" id=\"31_Marienkapelle\"><\/span>31. Marienkapelle<span class=\"ez-toc-section-end\"><\/span><\/h3>\n\n\n\n<p class=\"wp-block-paragraph\">Ein kleines barockes Denkmal am Rand des Zentrums. Kein pr\u00e4chtiger Dom, eher so ein ruhiger Punkt auf der Stadtkarte. Genau der Typ Ort, an dem du zwanzigmal vorbeigehst, bevor du ihn zum ersten Mal bemerkst, und dann wunderst du dich, wie du ihn \u00fcbersehen konntest.<\/p>\n\n\n\n<h3 class=\"wp-block-heading\"><span class=\"ez-toc-section\" id=\"32_Kirche_der_Heiligen_Dreifaltigkeit\"><\/span>32. Kirche der Heiligen Dreifaltigkeit<span class=\"ez-toc-section-end\"><\/span><\/h3>\n\n\n\n<figure data-wp-context=\"{&quot;imageId&quot;:&quot;6a952387b7e3f&quot;}\" data-wp-interactive=\"core\/image\" data-wp-key=\"6a952387b7e3f\" class=\"wp-block-image size-full wp-lightbox-container\"><img decoding=\"async\" width=\"1600\" height=\"1200\" data-wp-class--hide=\"state.isContentHidden\" data-wp-class--show=\"state.isContentVisible\" data-wp-init=\"callbacks.setButtonStyles\" data-wp-on--click=\"actions.showLightbox\" data-wp-on--load=\"callbacks.setButtonStyles\" data-wp-on--pointerdown=\"actions.preloadImage\" data-wp-on--pointerenter=\"actions.preloadImageWithDelay\" data-wp-on--pointerleave=\"actions.cancelPreload\" data-wp-on-window--resize=\"callbacks.setButtonStyles\" src=\"https:\/\/loudavymkrokem.cz\/wp-content\/uploads\/2026\/08\/kostel-nejsvetejsi-trojice-pisek.jpg\" alt=\"Kirche der Heiligen Dreifaltigkeit in P\u00edsek\" class=\"wp-image-399710\" title=\"\" srcset=\"https:\/\/loudavymkrokem.cz\/wp-content\/uploads\/2026\/08\/kostel-nejsvetejsi-trojice-pisek.jpg 1600w, https:\/\/loudavymkrokem.cz\/wp-content\/uploads\/2026\/08\/kostel-nejsvetejsi-trojice-pisek-300x225.jpg 300w, https:\/\/loudavymkrokem.cz\/wp-content\/uploads\/2026\/08\/kostel-nejsvetejsi-trojice-pisek-700x525.jpg 700w, https:\/\/loudavymkrokem.cz\/wp-content\/uploads\/2026\/08\/kostel-nejsvetejsi-trojice-pisek-768x576.jpg 768w, https:\/\/loudavymkrokem.cz\/wp-content\/uploads\/2026\/08\/kostel-nejsvetejsi-trojice-pisek-1536x1152.jpg 1536w, https:\/\/loudavymkrokem.cz\/wp-content\/uploads\/2026\/08\/kostel-nejsvetejsi-trojice-pisek-80x60.jpg 80w, https:\/\/loudavymkrokem.cz\/wp-content\/uploads\/2026\/08\/kostel-nejsvetejsi-trojice-pisek-160x120.jpg 160w, https:\/\/loudavymkrokem.cz\/wp-content\/uploads\/2026\/08\/kostel-nejsvetejsi-trojice-pisek-696x522.jpg 696w, https:\/\/loudavymkrokem.cz\/wp-content\/uploads\/2026\/08\/kostel-nejsvetejsi-trojice-pisek-1392x1044.jpg 1392w\" sizes=\"(max-width: 1600px) 100vw, 1600px\" \/><button\n\t\t\tclass=\"lightbox-trigger\"\n\t\t\ttype=\"button\"\n\t\t\taria-haspopup=\"dialog\"\n\t\t\tdata-wp-bind--aria-label=\"state.thisImage.triggerButtonAriaLabel\"\n\t\t\tdata-wp-init=\"callbacks.initTriggerButton\"\n\t\t\tdata-wp-on--click=\"actions.showLightbox\"\n\t\t\tdata-wp-style--right=\"state.thisImage.buttonRight\"\n\t\t\tdata-wp-style--top=\"state.thisImage.buttonTop\"\n\t\t>\n\t\t\t<svg xmlns=\"http:\/\/www.w3.org\/2000\/svg\" width=\"12\" height=\"12\" fill=\"none\" viewBox=\"0 0 12 12\">\n\t\t\t\t<path fill=\"#fff\" d=\"M2 0a2 2 0 0 0-2 2v2h1.5V2a.5.5 0 0 1 .5-.5h2V0H2Zm2 10.5H2a.5.5 0 0 1-.5-.5V8H0v2a2 2 0 0 0 2 2h2v-1.5ZM8 12v-1.5h2a.5.5 0 0 0 .5-.5V8H12v2a2 2 0 0 1-2 2H8Zm2-12a2 2 0 0 1 2 2v2h-1.5V2a.5.5 0 0 0-.5-.5H8V0h2Z\" \/>\n\t\t\t<\/svg>\n\t\t<\/button><\/figure>\n\n\n\n<p class=\"wp-block-paragraph\">Eine sp\u00e4tgotische Kirche aus dem Jahr 1576 mit angrenzendem altem Friedhof. Und jetzt das Wichtigste, sie hat eine absolut <strong>fantastische Akustik<\/strong>. Deshalb dient sie heute als Konzertsaal, und hier Live-Musik zu h\u00f6ren ist ein Erlebnis, das man nicht vergisst. Gotische Gew\u00f6lbe, alte Grabsteine hinter den Fenstern und ein Klang, der dich von allen Seiten umarmt. Wenn hier gerade ein Konzert stattfindet, geh hin. Ohne nachzudenken.<\/p>\n\n\n\n<h3 class=\"wp-block-heading\"><span class=\"ez-toc-section\" id=\"33_Kirche_des_heiligen_Wenzel\"><\/span>33. Kirche des heiligen Wenzel<span class=\"ez-toc-section-end\"><\/span><\/h3>\n\n\n\n<figure data-wp-context=\"{&quot;imageId&quot;:&quot;6a952387b843a&quot;}\" data-wp-interactive=\"core\/image\" data-wp-key=\"6a952387b843a\" class=\"wp-block-image size-full wp-lightbox-container\"><img decoding=\"async\" width=\"1600\" height=\"1071\" data-wp-class--hide=\"state.isContentHidden\" data-wp-class--show=\"state.isContentVisible\" data-wp-init=\"callbacks.setButtonStyles\" data-wp-on--click=\"actions.showLightbox\" data-wp-on--load=\"callbacks.setButtonStyles\" data-wp-on--pointerdown=\"actions.preloadImage\" data-wp-on--pointerenter=\"actions.preloadImageWithDelay\" data-wp-on--pointerleave=\"actions.cancelPreload\" data-wp-on-window--resize=\"callbacks.setButtonStyles\" src=\"https:\/\/loudavymkrokem.cz\/wp-content\/uploads\/2026\/08\/kostel-sv-vaclava-pisek-vaclavske-predmesti.jpg\" alt=\"Kirche des heiligen Wenzel in der Wenzelsvorstadt in P\u00edsek\" class=\"wp-image-399713\" title=\"\" srcset=\"https:\/\/loudavymkrokem.cz\/wp-content\/uploads\/2026\/08\/kostel-sv-vaclava-pisek-vaclavske-predmesti.jpg 1600w, https:\/\/loudavymkrokem.cz\/wp-content\/uploads\/2026\/08\/kostel-sv-vaclava-pisek-vaclavske-predmesti-300x201.jpg 300w, https:\/\/loudavymkrokem.cz\/wp-content\/uploads\/2026\/08\/kostel-sv-vaclava-pisek-vaclavske-predmesti-700x469.jpg 700w, https:\/\/loudavymkrokem.cz\/wp-content\/uploads\/2026\/08\/kostel-sv-vaclava-pisek-vaclavske-predmesti-768x514.jpg 768w, https:\/\/loudavymkrokem.cz\/wp-content\/uploads\/2026\/08\/kostel-sv-vaclava-pisek-vaclavske-predmesti-1536x1028.jpg 1536w, https:\/\/loudavymkrokem.cz\/wp-content\/uploads\/2026\/08\/kostel-sv-vaclava-pisek-vaclavske-predmesti-696x466.jpg 696w, https:\/\/loudavymkrokem.cz\/wp-content\/uploads\/2026\/08\/kostel-sv-vaclava-pisek-vaclavske-predmesti-1392x932.jpg 1392w\" sizes=\"(max-width: 1600px) 100vw, 1600px\" \/><button\n\t\t\tclass=\"lightbox-trigger\"\n\t\t\ttype=\"button\"\n\t\t\taria-haspopup=\"dialog\"\n\t\t\tdata-wp-bind--aria-label=\"state.thisImage.triggerButtonAriaLabel\"\n\t\t\tdata-wp-init=\"callbacks.initTriggerButton\"\n\t\t\tdata-wp-on--click=\"actions.showLightbox\"\n\t\t\tdata-wp-style--right=\"state.thisImage.buttonRight\"\n\t\t\tdata-wp-style--top=\"state.thisImage.buttonTop\"\n\t\t>\n\t\t\t<svg xmlns=\"http:\/\/www.w3.org\/2000\/svg\" width=\"12\" height=\"12\" fill=\"none\" viewBox=\"0 0 12 12\">\n\t\t\t\t<path fill=\"#fff\" d=\"M2 0a2 2 0 0 0-2 2v2h1.5V2a.5.5 0 0 1 .5-.5h2V0H2Zm2 10.5H2a.5.5 0 0 1-.5-.5V8H0v2a2 2 0 0 0 2 2h2v-1.5ZM8 12v-1.5h2a.5.5 0 0 0 .5-.5V8H12v2a2 2 0 0 1-2 2H8Zm2-12a2 2 0 0 1 2 2v2h-1.5V2a.5.5 0 0 0-.5-.5H8V0h2Z\" \/>\n\t\t\t<\/svg>\n\t\t<\/button><\/figure>\n\n\n\n<p class=\"wp-block-paragraph\"><strong>Der \u00e4lteste sakrale Ort in P\u00edsek<\/strong>, belegt schon um das Jahr 1200, der heutige gotisch-Renaissance-Bau stammt aus dem 16. Jahrhundert und steht in der Wenzelsvorstadt. Du findest hier <strong>die wahrscheinlich \u00e4lteste Freskodarstellung der Verbrennung von Meister Jan Hus in Europa<\/strong>. In P\u00edsek! Rechne nur damit, dass du meist nur bei Messen hineinkommst.<\/p>\n\n\n\n<p class=\"wp-block-paragraph\">Das verdiente viel mehr Aufmerksamkeit, als es bekommt. Wenn dich Geschichte interessiert, stehst du hier vor etwas wirklich Au\u00dfergew\u00f6hnlichem.<\/p>\n\n\n\n<h3 class=\"wp-block-heading\"><span class=\"ez-toc-section\" id=\"34_Wallburg_Hradiste\"><\/span>34. Wallburg (Hradi\u0161t\u011b)<span class=\"ez-toc-section-end\"><\/span><\/h3>\n\n\n\n<p class=\"wp-block-paragraph\">\u00dcberreste einer uralten Besiedlung aus einer Zeit, als die Stadt P\u00edsek noch nicht existierte. Hier lebten Menschen lange, bevor jemand den ersten Stein der Steinernen Br\u00fccke legte. Es gibt zu denken \u2013 du stehst an einem Ort, an dem sich Menschen vielleicht vor tausend Jahren niederlie\u00dfen, weil es ihnen hier gut ging. Und hier ist es immer noch gut.<\/p>\n\n\n\n<h3 class=\"wp-block-heading\"><span class=\"ez-toc-section\" id=\"35_Weg_der_schmerzenden_Steine\"><\/span>35. Weg der schmerzenden Steine<span class=\"ez-toc-section-end\"><\/span><\/h3>\n\n\n\n<p class=\"wp-block-paragraph\">Etwa 1,5 km vom Wildgehege U Vod\u00e1ka findest du einen Weg, der dich \u00fcberraschen kann. <strong>14 Steinbl\u00f6cke<\/strong> s\u00e4umen den Pfad, und jeder von ihnen symbolisiert ein modernes Leiden \u2013 Depression, Einsamkeit, Burnout, den Verlust eines geliebten Menschen, Sucht&#8230;<\/p>\n\n\n\n<p class=\"wp-block-paragraph\">Es ist kein deprimierender Spaziergang, auch wenn es so klingen mag. Es ist eher das Benennen von Dingen, \u00fcber die man normalerweise nicht spricht. Und der Weg endet mit Hoffnung \u2013 einer Aussicht, von der aus du weit sehen kannst. Als Metapher funktioniert das wunderbar. Als Spaziergang auch.<\/p>\n\n\n\n<h3 class=\"wp-block-heading\"><span class=\"ez-toc-section\" id=\"36_Villa_Marta_und_der_Dagmar-Simkova-Steg\"><\/span>36. Villa Marta und der Dagmar-\u0160imkov\u00e1-Steg<span class=\"ez-toc-section-end\"><\/span><\/h3>\n\n\n\n<figure data-wp-context=\"{&quot;imageId&quot;:&quot;6a952387b9c1e&quot;}\" data-wp-interactive=\"core\/image\" data-wp-key=\"6a952387b9c1e\" class=\"wp-block-image size-full wp-lightbox-container\"><img decoding=\"async\" width=\"1200\" height=\"800\" data-wp-class--hide=\"state.isContentHidden\" data-wp-class--show=\"state.isContentVisible\" data-wp-init=\"callbacks.setButtonStyles\" data-wp-on--click=\"actions.showLightbox\" data-wp-on--load=\"callbacks.setButtonStyles\" data-wp-on--pointerdown=\"actions.preloadImage\" data-wp-on--pointerenter=\"actions.preloadImageWithDelay\" data-wp-on--pointerleave=\"actions.cancelPreload\" data-wp-on-window--resize=\"callbacks.setButtonStyles\" src=\"https:\/\/loudavymkrokem.cz\/wp-content\/uploads\/2026\/08\/lavka-dagmar-simkove-pisek.jpg\" alt=\"Dagmar-\u0160imkov\u00e1-Steg \u00fcber die Otava in P\u00edsek\" class=\"wp-image-399611\" title=\"\" srcset=\"https:\/\/loudavymkrokem.cz\/wp-content\/uploads\/2026\/08\/lavka-dagmar-simkove-pisek.jpg 1200w, https:\/\/loudavymkrokem.cz\/wp-content\/uploads\/2026\/08\/lavka-dagmar-simkove-pisek-300x200.jpg 300w, https:\/\/loudavymkrokem.cz\/wp-content\/uploads\/2026\/08\/lavka-dagmar-simkove-pisek-700x467.jpg 700w, https:\/\/loudavymkrokem.cz\/wp-content\/uploads\/2026\/08\/lavka-dagmar-simkove-pisek-768x512.jpg 768w, https:\/\/loudavymkrokem.cz\/wp-content\/uploads\/2026\/08\/lavka-dagmar-simkove-pisek-696x464.jpg 696w\" sizes=\"(max-width: 1200px) 100vw, 1200px\" \/><button\n\t\t\tclass=\"lightbox-trigger\"\n\t\t\ttype=\"button\"\n\t\t\taria-haspopup=\"dialog\"\n\t\t\tdata-wp-bind--aria-label=\"state.thisImage.triggerButtonAriaLabel\"\n\t\t\tdata-wp-init=\"callbacks.initTriggerButton\"\n\t\t\tdata-wp-on--click=\"actions.showLightbox\"\n\t\t\tdata-wp-style--right=\"state.thisImage.buttonRight\"\n\t\t\tdata-wp-style--top=\"state.thisImage.buttonTop\"\n\t\t>\n\t\t\t<svg xmlns=\"http:\/\/www.w3.org\/2000\/svg\" width=\"12\" height=\"12\" fill=\"none\" viewBox=\"0 0 12 12\">\n\t\t\t\t<path fill=\"#fff\" d=\"M2 0a2 2 0 0 0-2 2v2h1.5V2a.5.5 0 0 1 .5-.5h2V0H2Zm2 10.5H2a.5.5 0 0 1-.5-.5V8H0v2a2 2 0 0 0 2 2h2v-1.5ZM8 12v-1.5h2a.5.5 0 0 0 .5-.5V8H12v2a2 2 0 0 1-2 2H8Zm2-12a2 2 0 0 1 2 2v2h-1.5V2a.5.5 0 0 0-.5-.5H8V0h2Z\" \/>\n\t\t\t<\/svg>\n\t\t<\/button><\/figure>\n\n\n\n<p class=\"wp-block-paragraph\">Eine Geschichte, die f\u00fcr einen ganzen Film reichen w\u00fcrde. <strong>Dagmar \u0160imkov\u00e1<\/strong> war eine politische Gefangene, die die Staatssicherheit genau in der sch\u00f6nen Villa Marta hier in P\u00edsek verhaftete. Sie verbrachte Jahre in kommunistischen Gef\u00e4ngnissen und schrieb dar\u00fcber das Buch <strong>Byly jsme tam taky (Wir waren auch dort)<\/strong> \u2013 wenn du es nicht kennst, lies es.<\/p>\n\n\n\n<p class=\"wp-block-paragraph\">Im Jahr 2018 wurde ihr zu Ehren ein eleganter <strong>Steg \u00fcber die Otava<\/strong> er\u00f6ffnet \u2013 140 Meter lang, entworfen vom Architekten <strong>Josef Pleskot<\/strong>, der \u00fcbrigens ein geb\u00fcrtiger Piseker ist. Der Steg ist wundersch\u00f6n, luftig, modern, und tr\u00e4gt dabei eine schwere und wichtige Geschichte. Einer der sch\u00f6nsten Orte der Stadt f\u00fcr einen Spaziergang mit Kinderwagen oder zum Laufen.<\/p>\n\n\n\n<h3 class=\"wp-block-heading\"><span class=\"ez-toc-section\" id=\"37_Frana-Sramek-Theater\"><\/span>37. Fr\u00e1\u0148a-\u0160r\u00e1mek-Theater<span class=\"ez-toc-section-end\"><\/span><\/h3>\n\n\n\n<figure data-wp-context=\"{&quot;imageId&quot;:&quot;6a952387ba72b&quot;}\" data-wp-interactive=\"core\/image\" data-wp-key=\"6a952387ba72b\" class=\"wp-block-image size-full wp-lightbox-container\"><img decoding=\"async\" width=\"1600\" height=\"1066\" data-wp-class--hide=\"state.isContentHidden\" data-wp-class--show=\"state.isContentVisible\" data-wp-init=\"callbacks.setButtonStyles\" data-wp-on--click=\"actions.showLightbox\" data-wp-on--load=\"callbacks.setButtonStyles\" data-wp-on--pointerdown=\"actions.preloadImage\" data-wp-on--pointerenter=\"actions.preloadImageWithDelay\" data-wp-on--pointerleave=\"actions.cancelPreload\" data-wp-on-window--resize=\"callbacks.setButtonStyles\" src=\"https:\/\/loudavymkrokem.cz\/wp-content\/uploads\/2026\/08\/divadlo-frani-sramka-pisek.jpg\" alt=\"Fr\u00e1\u0148a-\u0160r\u00e1mek-Theater in P\u00edsek\" class=\"wp-image-399705\" title=\"\" srcset=\"https:\/\/loudavymkrokem.cz\/wp-content\/uploads\/2026\/08\/divadlo-frani-sramka-pisek.jpg 1600w, https:\/\/loudavymkrokem.cz\/wp-content\/uploads\/2026\/08\/divadlo-frani-sramka-pisek-300x200.jpg 300w, https:\/\/loudavymkrokem.cz\/wp-content\/uploads\/2026\/08\/divadlo-frani-sramka-pisek-700x466.jpg 700w, https:\/\/loudavymkrokem.cz\/wp-content\/uploads\/2026\/08\/divadlo-frani-sramka-pisek-768x512.jpg 768w, https:\/\/loudavymkrokem.cz\/wp-content\/uploads\/2026\/08\/divadlo-frani-sramka-pisek-1536x1023.jpg 1536w, https:\/\/loudavymkrokem.cz\/wp-content\/uploads\/2026\/08\/divadlo-frani-sramka-pisek-696x464.jpg 696w, https:\/\/loudavymkrokem.cz\/wp-content\/uploads\/2026\/08\/divadlo-frani-sramka-pisek-1392x927.jpg 1392w\" sizes=\"(max-width: 1600px) 100vw, 1600px\" \/><button\n\t\t\tclass=\"lightbox-trigger\"\n\t\t\ttype=\"button\"\n\t\t\taria-haspopup=\"dialog\"\n\t\t\tdata-wp-bind--aria-label=\"state.thisImage.triggerButtonAriaLabel\"\n\t\t\tdata-wp-init=\"callbacks.initTriggerButton\"\n\t\t\tdata-wp-on--click=\"actions.showLightbox\"\n\t\t\tdata-wp-style--right=\"state.thisImage.buttonRight\"\n\t\t\tdata-wp-style--top=\"state.thisImage.buttonTop\"\n\t\t>\n\t\t\t<svg xmlns=\"http:\/\/www.w3.org\/2000\/svg\" width=\"12\" height=\"12\" fill=\"none\" viewBox=\"0 0 12 12\">\n\t\t\t\t<path fill=\"#fff\" d=\"M2 0a2 2 0 0 0-2 2v2h1.5V2a.5.5 0 0 1 .5-.5h2V0H2Zm2 10.5H2a.5.5 0 0 1-.5-.5V8H0v2a2 2 0 0 0 2 2h2v-1.5ZM8 12v-1.5h2a.5.5 0 0 0 .5-.5V8H12v2a2 2 0 0 1-2 2H8Zm2-12a2 2 0 0 1 2 2v2h-1.5V2a.5.5 0 0 0-.5-.5H8V0h2Z\" \/>\n\t\t\t<\/svg>\n\t\t<\/button><\/figure>\n\n\n\n<p class=\"wp-block-paragraph\">Wer h\u00e4tte gedacht, dass aus einem ehemaligen Milit\u00e4rschie\u00dfstand einmal ein Theater wird? Es wurde 1940 er\u00f6ffnet, und zwar gleich mit der Verkauften Braut \u2014 Smetana h\u00e4tte sich wohl gefreut. Den Namen Fr\u00e1\u0148a \u0160r\u00e1mek bekam es erst 1991.<\/p>\n\n\n\n<p class=\"wp-block-paragraph\">Drinnen findest du einen sch\u00f6nen historischen Vorhang und Sitzgelegenheiten vom Bildhauer Libor Hurda. Das Theater hat seine Seele und Atmosph\u00e4re, die gr\u00f6\u00dfere B\u00fchnen manchmal vermissen lassen. Das Programm ist es wert, verfolgt zu werden, hier wird regelm\u00e4\u00dfig und mit Qualit\u00e4t gespielt.<\/p>\n\n\n\n<!-- LKM_GYG_CARD start q=\"pisku\" lang=\"de\" rendered=\"2026-08-31T01:45:01+00:00\" v=\"1\" -->\n\n<!-- LKM_GYG_CARD end -->\n\n\n\n\n<div class=\"lk-stays-module\">\n<style>\n\/* \u2500\u2500\u2500 RESET PRO GUTENBERG \u2500\u2500\u2500 *\/\n.lk-stays-module * { box-sizing: border-box; margin: 0; padding: 0; }\n\n\/* \u2500\u2500\u2500 WRAPPER \u2500\u2500\u2500 *\/\n.lk-stays-module {\n  font-family: 'DM Sans', Georgia, sans-serif;\n  max-width: 100%;\n  margin: 2.5rem auto;\n  background: linear-gradient(135deg, #fdfaf5 0%, #fcf8f0 100%);\n  border: 1px solid #e8dfd4;\n  border-radius: 16px;\n  overflow: hidden;\n  box-shadow: 0 16px 48px rgba(195, 159, 118, 0.25), 0 4px 12px rgba(0,0,0,0.08);\n}\n\n\/* \u2500\u2500\u2500 HEADER \u2500\u2500\u2500 *\/\n.lk-stays-header {\n  position: relative;\n  padding: 24px 36px 24px;\n  background: linear-gradient(135deg, #c39f76 0%, #d4b188 60%, #c39f76 100%);\n  border-bottom: 1px solid rgba(255,255,255,.15);\n  display: flex;\n  align-items: center;\n  gap: 18px;\n}\n.lk-stays-header::before {\n  content: '';\n  position: absolute;\n  inset: 0;\n  background: url(\"data:image\/svg+xml,%3Csvg width='60' height='60' viewBox='0 0 60 60' xmlns='http:\/\/www.w3.org\/2000\/svg'%3E%3Cg fill='none' fill-rule='evenodd'%3E%3Cg fill='%23ffffff' fill-opacity='0.05'%3E%3Cpath d='M36 34v-4h-2v4h-4v2h4v4h2v-4h4v-2h-4zm0-30V0h-2v4h-4v2h4v4h2V6h4V4h-4zM6 34v-4H4v4H0v2h4v4h2v-4h4v-2H6zM6 4V0H4v4H0v2h4v4h2V6h4V4H6z'\/%3E%3C\/g%3E%3C\/g%3E%3C\/svg%3E\") repeat;\n  pointer-events: none;\n}\n.lk-stays-icon {\n  flex-shrink: 0;\n  width: 68px;\n  height: 68px;\n  border-radius: 14px;\n  background: linear-gradient(135deg, #fff 0%, #f9f6f0 100%);\n  display: flex;\n  align-items: center;\n  justify-content: center;\n  font-size: 26px;\n  box-shadow: 0 4px 12px rgba(0,0,0,0.15);\n}\n.lk-stays-eyebrow {\n  font-size: 10px;\n  font-weight: 500;\n  letter-spacing: 2.5px;\n  text-transform: uppercase;\n  color: rgba(255,255,255,.85);\n  margin: 0 0 5px 0;\n}\n.lk-stays-title {\n  font-family: 'Playfair Display', Georgia, serif;\n  font-size: 24px;\n  font-weight: 700;\n  color: #fff;\n  line-height: 1.2;\n  text-shadow: 0 1px 2px rgba(0,0,0,0.1);\n  margin: 0;\n}\n.lk-stays-subtitle {\n  font-size: 13px;\n  color: rgba(255,255,255,.75);\n  margin: 4px 0 0 0;\n  font-weight: 300;\n}\n\n\/* \u2500\u2500\u2500 CARDS GRID \u2500\u2500\u2500 *\/\n.lk-stays-grid {\n  display: grid;\n  grid-template-columns: 1fr 1fr;\n  gap: 1px;\n  background: rgba(195, 159, 118, 0.12);\n}\n\n\/* \u2500\u2500\u2500 SINGLE CARD \u2500\u2500\u2500 *\/\n.lk-stay-card {\n  background: #ffffff;\n  padding: 26px;\n  display: flex;\n  flex-direction: column;\n  gap: 11px;\n  transition: all 0.3s ease;\n  text-decoration: none;\n  color: inherit;\n  position: relative;\n}\n.lk-stay-card:hover {\n  background: #fffbf5;\n  transform: translateY(-2px);\n  box-shadow: 0 8px 24px rgba(195, 159, 118, 0.18);\n  z-index: 1;\n}\n.lk-stay-card.featured {\n  background: linear-gradient(135deg, #fffdf9 0%, #fff9f0 100%);\n  box-shadow: 0 4px 16px rgba(195, 159, 118, 0.15), inset 0 1px 0 rgba(195, 159, 118, 0.1);\n}\n.lk-stay-card.featured:hover {\n  background: linear-gradient(135deg, #fffbf5 0%, #fff8ed 100%);\n  box-shadow: 0 8px 24px rgba(195, 159, 118, 0.25), inset 0 1px 0 rgba(195, 159, 118, 0.15);\n}\n\n.lk-stay-badge {\n  display: inline-flex;\n  align-items: center;\n  gap: 5px;\n  font-size: 10px;\n  font-weight: 500;\n  letter-spacing: 1.5px;\n  text-transform: uppercase;\n  padding: 5px 11px;\n  border-radius: 20px;\n  width: fit-content;\n}\n.badge-top     { background: linear-gradient(135deg, #c39f76 0%, #d4b188 100%); color: #fff; border: 1px solid #c39f76; font-weight: 600; box-shadow: 0 2px 8px rgba(195,159,118,0.3); }\n.badge-luxury  { background: rgba(195,159,118,.12); color: #c39f76; border: 1px solid rgba(195,159,118,.25); }\n.badge-boutique{ background: rgba(54,133,252,.08); color: #3685fc; border: 1px solid rgba(54,133,252,.2); }\n.badge-nature  { background: rgba(130,190,100,.1); color: #6b9c4a; border: 1px solid rgba(130,190,100,.2); }\n.badge-remote  { background: rgba(195,159,118,.12); color: #a67e50; border: 1px solid rgba(195,159,118,.25); }\n\n.lk-stay-name {\n  font-family: 'Playfair Display', Georgia, serif;\n  font-size: 18px;\n  font-weight: 700;\n  color: #111827;\n  line-height: 1.3;\n}\n.lk-stay-desc {\n  font-size: 13.5px;\n  color: #525252;\n  line-height: 1.65;\n  font-weight: 300;\n  flex: 1;\n}\n\n.lk-stay-meta {\n  display: flex;\n  align-items: center;\n  gap: 12px;\n  flex-wrap: wrap;\n  margin-top: 4px;\n}\n.lk-stay-price {\n  font-size: 13px;\n  color: #6b7280;\n}\n.lk-stay-price strong {\n  color: #c39f76;\n  font-weight: 500;\n}\n.lk-stay-stars {\n  color: #c39f76;\n  font-size: 11px;\n  letter-spacing: 1px;\n}\n\n\/* \u2500\u2500\u2500 CTA BUTTON \u2500\u2500\u2500 *\/\n.lk-stay-cta {\n  display: inline-flex;\n  align-items: center;\n  justify-content: center;\n  gap: 7px;\n  margin-top: 8px;\n  padding: 11px 20px;\n  border-radius: 8px;\n  background: linear-gradient(135deg, #3685fc 0%, #2a6fd9 100%);\n  color: #fff;\n  font-size: 13px;\n  font-weight: 500;\n  text-decoration: none;\n  letter-spacing: .3px;\n  transition: all .2s ease;\n  cursor: pointer;\n  border: none;\n  text-align: center;\n  box-shadow: 0 4px 12px rgba(54, 133, 252, 0.25);\n}\n.lk-stay-cta:hover {\n  background: linear-gradient(135deg, #2a6fd9 0%, #1e5bc4 100%);\n  transform: translateY(-1px);\n  box-shadow: 0 6px 16px rgba(54, 133, 252, 0.35);\n}\n.lk-stay-cta svg { flex-shrink: 0; }\n\n\/* \u2500\u2500\u2500 FOOTER \u2500\u2500\u2500 *\/\n.lk-stays-footer {\n  padding: 18px 36px;\n  background: linear-gradient(to bottom, #fdfaf5 0%, #f9f4ed 100%);\n  border-top: 1px solid rgba(195, 159, 118, 0.15);\n  display: flex;\n  align-items: center;\n  justify-content: space-between;\n  flex-wrap: wrap;\n  gap: 12px;\n}\n.lk-stays-footer-note {\n  font-size: 11.5px;\n  color: #6b7280;\n  font-weight: 300;\n  line-height: 1.5;\n}\n.lk-stays-footer-note a {\n  color: #c39f76;\n  text-decoration: none;\n  font-weight: 400;\n}\n.lk-stays-footer-note a:hover {\n  text-decoration: underline;\n}\n.lk-stays-all-btn {\n  display: inline-flex;\n  align-items: center;\n  gap: 6px;\n  font-size: 12.5px;\n  font-weight: 500;\n  color: #c39f76;\n  text-decoration: none;\n  border: 1px solid rgba(195, 159, 118, 0.35);\n  padding: 8px 18px;\n  border-radius: 8px;\n  transition: all .2s ease;\n}\n.lk-stays-all-btn:hover {\n  background: rgba(195, 159, 118, 0.08);\n  border-color: rgba(195, 159, 118, 0.5);\n}\n\n\/* \u2500\u2500\u2500 RESPONSIVE \u2500\u2500\u2500 *\/\n@media (max-width: 600px) {\n  .lk-stays-grid { grid-template-columns: 1fr; }\n  .lk-stays-header { padding: 24px 20px; }\n  .lk-stays-footer { padding: 16px 20px; }\n  .lk-stay-card { padding: 22px; }\n  .lk-stays-title { font-size: 20px; }\n}\n<\/style>\n\n  <!-- HEADER -->\n  <div class=\"lk-stays-header\">\n    <img decoding=\"async\" src=\"https:\/\/loudavymkrokem.cz\/wp-content\/uploads\/2026\/02\/lukas-a-lucka.jpg\" alt=\"\" style=\"width: 75px; height: 75px; border-radius: 8px; flex-shrink: 0; object-fit: cover; display: block; margin: 4px 0;\" title=\"\">\n    <div class=\"lk-stays-header-text\">\n      <div class=\"lk-stays-eyebrow\">Luk\u00e1\u0161 und Lucie empfehlen<\/div>\n      <div class=\"lk-stays-title\">Wo man in P\u00edsek \u00fcbernachten kann<\/div>\n      <div class=\"lk-stays-subtitle\">5 Unterk\u00fcnfte \u2014 Hotels und weitere \u00dcbernachtungsm\u00f6glichkeiten<\/div>\n    <\/div>\n  <\/div>\n\n  <!-- CARDS -->\n  <div class=\"lk-stays-grid\">\n\n    <a class=\"lk-stay-card featured\" href=\"https:\/\/www.stay22.com\/allez\/roam?aid=lukaskonecny&#038;campaign=loudavymkrokemcz&#038;campaign=de&#038;campaign=co-videt-v-pisku&#038;hotelname=Hotel%20Biograf&#038;address=P%C3%ADsek%2C%20%C4%8Cesko\" target=\"_blank\" rel=\"nofollow noopener\">\n      <span class=\"lk-stay-badge badge-top\">\u2b50 TOP-WAHL<\/span>\n      <span class=\"lk-stay-badge badge-nature\">\ud83c\udfe8 Hotel<\/span>\n      <div class=\"lk-stay-name\">Hotel Biograf<\/div>\n      <div class=\"lk-stay-desc\">4-Sterne-Hotel in einem ehemaligen Kino. Bewertung 8,6\/10, moderne Zimmer, finnische Sauna, Massagen.<\/div>\n      <div class=\"lk-stay-meta\">\n        <span class=\"lk-stay-stars\">\u2605\u2605\u2605\u2605<\/span>\n        <span class=\"lk-stay-price\">Preise pr\u00fcfen<\/span>\n      <\/div>\n      <span class=\"lk-stay-cta\">\n        <svg width=\"14\" height=\"14\" viewBox=\"0 0 24 24\" fill=\"none\" stroke=\"currentColor\" stroke-width=\"2\"><path d=\"M18 13v6a2 2 0 0 1-2 2H5a2 2 0 0 1-2-2V8a2 2 0 0 1 2-2h6\"\/><polyline points=\"15 3 21 3 21 9\"\/><line x1=\"10\" y1=\"14\" x2=\"21\" y2=\"3\"\/><\/svg>\n        Verf\u00fcgbarkeit pr\u00fcfen\n      <\/span>\n    <\/a>\n\n    <a class=\"lk-stay-card\" href=\"https:\/\/www.stay22.com\/allez\/roam?aid=lukaskonecny&#038;campaign=loudavymkrokemcz&#038;campaign=de&#038;campaign=co-videt-v-pisku&#038;hotelname=Hotel%20U%20Kapli%C4%8Dky&#038;address=P%C3%ADsek%2C%20%C4%8Cesko\" target=\"_blank\" rel=\"nofollow noopener\">\n      <span class=\"lk-stay-badge badge-nature\">\ud83c\udfe8 Hotel<\/span>\n      <div class=\"lk-stay-name\">Hotel U Kapli\u010dky<\/div>\n      <div class=\"lk-stay-desc\">Klassisches Hotel mit angenehmer Atmosph\u00e4re und Restaurant Chapelle (Michelin Selected).<\/div>\n      <div class=\"lk-stay-meta\">\n        <span class=\"lk-stay-stars\">\u2605\u2605\u2605\u2605<\/span>\n        <span class=\"lk-stay-price\">Preise pr\u00fcfen<\/span>\n      <\/div>\n      <span class=\"lk-stay-cta\">\n        <svg width=\"14\" height=\"14\" viewBox=\"0 0 24 24\" fill=\"none\" stroke=\"currentColor\" stroke-width=\"2\"><path d=\"M18 13v6a2 2 0 0 1-2 2H5a2 2 0 0 1-2-2V8a2 2 0 0 1 2-2h6\"\/><polyline points=\"15 3 21 3 21 9\"\/><line x1=\"10\" y1=\"14\" x2=\"21\" y2=\"3\"\/><\/svg>\n        Verf\u00fcgbarkeit pr\u00fcfen\n      <\/span>\n    <\/a>\n\n    <a class=\"lk-stay-card\" href=\"https:\/\/www.stay22.com\/allez\/roam?aid=lukaskonecny&#038;campaign=loudavymkrokemcz&#038;campaign=de&#038;campaign=covidetvpisku&#038;address=P%C3%ADsek&#038;hotelname=Rezidence+U+Kamenn%C3%A9ho+mostu&#038;search=Rezidence+U+Kamenn%C3%A9ho+mostu&#038;category=accommodation\" target=\"_blank\" rel=\"nofollow noopener\">\n      <span class=\"lk-stay-badge badge-nature\">\ud83c\udfe1 Pension\/B&#038;B<\/span>\n      <div class=\"lk-stay-name\">Rezidence U Kamenn\u00e9ho mostu<\/div>\n      <div class=\"lk-stay-desc\">Apartments im Stadtzentrum an der Steinernen Br\u00fccke.<\/div>\n      <div class=\"lk-stay-meta\">\n        <span class=\"lk-stay-stars\">\u2605\u2605\u2605\u2605<\/span>\n        <span class=\"lk-stay-price\">ab 22 \u20ac\/Nacht<\/span>\n      <\/div>\n      <span class=\"lk-stay-cta\">\n        <svg width=\"14\" height=\"14\" viewBox=\"0 0 24 24\" fill=\"none\" stroke=\"currentColor\" stroke-width=\"2\"><path d=\"M18 13v6a2 2 0 0 1-2 2H5a2 2 0 0 1-2-2V8a2 2 0 0 1 2-2h6\"\/><polyline points=\"15 3 21 3 21 9\"\/><line x1=\"10\" y1=\"14\" x2=\"21\" y2=\"3\"\/><\/svg>\n        Verf\u00fcgbarkeit pr\u00fcfen\n      <\/span>\n    <\/a>\n\n    <a class=\"lk-stay-card\" href=\"https:\/\/www.stay22.com\/allez\/roam?aid=lukaskonecny&#038;campaign=loudavymkrokemcz&#038;campaign=de&#038;campaign=co-videt-v-pisku&#038;hotelname=Soho%20apartment&#038;address=P%C3%ADsek%2C%20%C4%8Cesko\" target=\"_blank\" rel=\"nofollow noopener\">\n      <span class=\"lk-stay-badge badge-nature\">\ud83c\udfe1 Pension\/B&#038;B<\/span>\n      <div class=\"lk-stay-name\">Soho apartment<\/div>\n      <div class=\"lk-stay-desc\">Apartment im Zentrum von P\u00edsek.<\/div>\n      <div class=\"lk-stay-meta\">\n        <span class=\"lk-stay-stars\">\u2605\u2605\u2605\u2605<\/span>\n        <span class=\"lk-stay-price\">Preise pr\u00fcfen<\/span>\n      <\/div>\n      <span class=\"lk-stay-cta\">\n        <svg width=\"14\" height=\"14\" viewBox=\"0 0 24 24\" fill=\"none\" stroke=\"currentColor\" stroke-width=\"2\"><path d=\"M18 13v6a2 2 0 0 1-2 2H5a2 2 0 0 1-2-2V8a2 2 0 0 1 2-2h6\"\/><polyline points=\"15 3 21 3 21 9\"\/><line x1=\"10\" y1=\"14\" x2=\"21\" y2=\"3\"\/><\/svg>\n        Verf\u00fcgbarkeit pr\u00fcfen\n      <\/span>\n    <\/a>\n\n    <a class=\"lk-stay-card\" href=\"https:\/\/www.stay22.com\/allez\/roam?aid=lukaskonecny&#038;campaign=loudavymkrokemcz&#038;campaign=de&#038;campaign=covidetvpisku&#038;address=p\u00edsek\" target=\"_blank\" rel=\"nofollow noopener\">\n      <span class=\"lk-stay-badge badge-nature\">\ud83d\udd0d Suchen<\/span>\n      <div class=\"lk-stay-name\">Alle Unterk\u00fcnfte in P\u00edsek anzeigen<\/div>\n      <div class=\"lk-stay-desc\">Erkunden Sie alle verf\u00fcgbaren \u00dcbernachtungsm\u00f6glichkeiten in P\u00edsek und finden Sie die beste Option nach Ihren Vorlieben und Ihrem Budget.<\/div>\n      <div class=\"lk-stay-meta\">\n        <span class=\"lk-stay-stars\">\u2605\u2605\u2605\u2605<\/span>\n        <span class=\"lk-stay-price\">Preise vergleichen<\/span>\n      <\/div>\n      <span class=\"lk-stay-cta\">\n        <svg width=\"14\" height=\"14\" viewBox=\"0 0 24 24\" fill=\"none\" stroke=\"currentColor\" stroke-width=\"2\"><path d=\"M18 13v6a2 2 0 0 1-2 2H5a2 2 0 0 1-2-2V8a2 2 0 0 1 2-2h6\"\/><polyline points=\"15 3 21 3 21 9\"\/><line x1=\"10\" y1=\"14\" x2=\"21\" y2=\"3\"\/><\/svg>\n        Verf\u00fcgbarkeit pr\u00fcfen\n      <\/span>\n    <\/a>\n\n  <\/div>\n\n  \n<\/div>\n\n\n\n\n<h3 class=\"wp-block-heading\"><span class=\"ez-toc-section\" id=\"38_Dekanat\"><\/span>38. Dekanat<span class=\"ez-toc-section-end\"><\/span><\/h3>\n\n\n\n<figure data-wp-context=\"{&quot;imageId&quot;:&quot;6a952387be30a&quot;}\" data-wp-interactive=\"core\/image\" data-wp-key=\"6a952387be30a\" class=\"wp-block-image size-full wp-lightbox-container\"><img decoding=\"async\" width=\"2200\" height=\"1467\" data-wp-class--hide=\"state.isContentHidden\" data-wp-class--show=\"state.isContentVisible\" data-wp-init=\"callbacks.setButtonStyles\" data-wp-on--click=\"actions.showLightbox\" data-wp-on--load=\"callbacks.setButtonStyles\" data-wp-on--pointerdown=\"actions.preloadImage\" data-wp-on--pointerenter=\"actions.preloadImageWithDelay\" data-wp-on--pointerleave=\"actions.cancelPreload\" data-wp-on-window--resize=\"callbacks.setButtonStyles\" src=\"https:\/\/loudavymkrokem.cz\/wp-content\/uploads\/2026\/08\/pisek-dekanstvi-bakalare.jpg\" alt=\"Geb\u00e4ude des Dekanats in der Bakal\u00e1\u0159e-Stra\u00dfe in P\u00edsek\" class=\"wp-image-399376\" title=\"\" srcset=\"https:\/\/loudavymkrokem.cz\/wp-content\/uploads\/2026\/08\/pisek-dekanstvi-bakalare.jpg 2200w, https:\/\/loudavymkrokem.cz\/wp-content\/uploads\/2026\/08\/pisek-dekanstvi-bakalare-300x200.jpg 300w, https:\/\/loudavymkrokem.cz\/wp-content\/uploads\/2026\/08\/pisek-dekanstvi-bakalare-700x467.jpg 700w, https:\/\/loudavymkrokem.cz\/wp-content\/uploads\/2026\/08\/pisek-dekanstvi-bakalare-768x512.jpg 768w, https:\/\/loudavymkrokem.cz\/wp-content\/uploads\/2026\/08\/pisek-dekanstvi-bakalare-1536x1024.jpg 1536w, https:\/\/loudavymkrokem.cz\/wp-content\/uploads\/2026\/08\/pisek-dekanstvi-bakalare-2048x1366.jpg 2048w, https:\/\/loudavymkrokem.cz\/wp-content\/uploads\/2026\/08\/pisek-dekanstvi-bakalare-696x464.jpg 696w, https:\/\/loudavymkrokem.cz\/wp-content\/uploads\/2026\/08\/pisek-dekanstvi-bakalare-1392x928.jpg 1392w, https:\/\/loudavymkrokem.cz\/wp-content\/uploads\/2026\/08\/pisek-dekanstvi-bakalare-1920x1280.jpg 1920w\" sizes=\"(max-width: 2200px) 100vw, 2200px\" \/><button\n\t\t\tclass=\"lightbox-trigger\"\n\t\t\ttype=\"button\"\n\t\t\taria-haspopup=\"dialog\"\n\t\t\tdata-wp-bind--aria-label=\"state.thisImage.triggerButtonAriaLabel\"\n\t\t\tdata-wp-init=\"callbacks.initTriggerButton\"\n\t\t\tdata-wp-on--click=\"actions.showLightbox\"\n\t\t\tdata-wp-style--right=\"state.thisImage.buttonRight\"\n\t\t\tdata-wp-style--top=\"state.thisImage.buttonTop\"\n\t\t>\n\t\t\t<svg xmlns=\"http:\/\/www.w3.org\/2000\/svg\" width=\"12\" height=\"12\" fill=\"none\" viewBox=\"0 0 12 12\">\n\t\t\t\t<path fill=\"#fff\" d=\"M2 0a2 2 0 0 0-2 2v2h1.5V2a.5.5 0 0 1 .5-.5h2V0H2Zm2 10.5H2a.5.5 0 0 1-.5-.5V8H0v2a2 2 0 0 0 2 2h2v-1.5ZM8 12v-1.5h2a.5.5 0 0 0 .5-.5V8H12v2a2 2 0 0 1-2 2H8Zm2-12a2 2 0 0 1 2 2v2h-1.5V2a.5.5 0 0 0-.5-.5H8V0h2Z\" \/>\n\t\t\t<\/svg>\n\t\t<\/button><\/figure>\n\n\n\n<p class=\"wp-block-paragraph\">Adresse Bakal\u00e1\u0159e 43\/6, direkt neben der Kirche Mari\u00e4 Geburt. Ein sp\u00e4tbarockes Geb\u00e4ude mit klassizistischen Elementen, dessen Geschichte bis ins 14. Jahrhundert zur\u00fcckreicht. Und das Interessanteste: Es ist buchst\u00e4blich mit der Stadtmauer verwachsen und ein Teil davon ist eine gotische Bastei. Wenn du also eintrittst, trittst du eigentlich in die Stadtmauern ein. So eine Bauarch\u00e4ologie in echt.<\/p>\n\n\n\n<h3 class=\"wp-block-heading\"><span class=\"ez-toc-section\" id=\"39_Zwinger_am_Putimer_Tor\"><\/span>39. Zwinger am Putimer Tor<span class=\"ez-toc-section-end\"><\/span><\/h3>\n\n\n\n<figure data-wp-context=\"{&quot;imageId&quot;:&quot;6a952387bea83&quot;}\" data-wp-interactive=\"core\/image\" data-wp-key=\"6a952387bea83\" class=\"wp-block-image size-full wp-lightbox-container\"><img decoding=\"async\" width=\"2200\" height=\"1467\" data-wp-class--hide=\"state.isContentHidden\" data-wp-class--show=\"state.isContentVisible\" data-wp-init=\"callbacks.setButtonStyles\" data-wp-on--click=\"actions.showLightbox\" data-wp-on--load=\"callbacks.setButtonStyles\" data-wp-on--pointerdown=\"actions.preloadImage\" data-wp-on--pointerenter=\"actions.preloadImageWithDelay\" data-wp-on--pointerleave=\"actions.cancelPreload\" data-wp-on-window--resize=\"callbacks.setButtonStyles\" src=\"https:\/\/loudavymkrokem.cz\/wp-content\/uploads\/2026\/08\/pisek-parkany-hradby.jpg\" alt=\"Zwinger zwischen den Stadtmauern in P\u00edsek\" class=\"wp-image-399377\" title=\"\" srcset=\"https:\/\/loudavymkrokem.cz\/wp-content\/uploads\/2026\/08\/pisek-parkany-hradby.jpg 2200w, https:\/\/loudavymkrokem.cz\/wp-content\/uploads\/2026\/08\/pisek-parkany-hradby-300x200.jpg 300w, https:\/\/loudavymkrokem.cz\/wp-content\/uploads\/2026\/08\/pisek-parkany-hradby-700x467.jpg 700w, https:\/\/loudavymkrokem.cz\/wp-content\/uploads\/2026\/08\/pisek-parkany-hradby-768x512.jpg 768w, https:\/\/loudavymkrokem.cz\/wp-content\/uploads\/2026\/08\/pisek-parkany-hradby-1536x1024.jpg 1536w, https:\/\/loudavymkrokem.cz\/wp-content\/uploads\/2026\/08\/pisek-parkany-hradby-2048x1366.jpg 2048w, https:\/\/loudavymkrokem.cz\/wp-content\/uploads\/2026\/08\/pisek-parkany-hradby-696x464.jpg 696w, https:\/\/loudavymkrokem.cz\/wp-content\/uploads\/2026\/08\/pisek-parkany-hradby-1392x928.jpg 1392w, https:\/\/loudavymkrokem.cz\/wp-content\/uploads\/2026\/08\/pisek-parkany-hradby-1920x1280.jpg 1920w\" sizes=\"(max-width: 2200px) 100vw, 2200px\" \/><button\n\t\t\tclass=\"lightbox-trigger\"\n\t\t\ttype=\"button\"\n\t\t\taria-haspopup=\"dialog\"\n\t\t\tdata-wp-bind--aria-label=\"state.thisImage.triggerButtonAriaLabel\"\n\t\t\tdata-wp-init=\"callbacks.initTriggerButton\"\n\t\t\tdata-wp-on--click=\"actions.showLightbox\"\n\t\t\tdata-wp-style--right=\"state.thisImage.buttonRight\"\n\t\t\tdata-wp-style--top=\"state.thisImage.buttonTop\"\n\t\t>\n\t\t\t<svg xmlns=\"http:\/\/www.w3.org\/2000\/svg\" width=\"12\" height=\"12\" fill=\"none\" viewBox=\"0 0 12 12\">\n\t\t\t\t<path fill=\"#fff\" d=\"M2 0a2 2 0 0 0-2 2v2h1.5V2a.5.5 0 0 1 .5-.5h2V0H2Zm2 10.5H2a.5.5 0 0 1-.5-.5V8H0v2a2 2 0 0 0 2 2h2v-1.5ZM8 12v-1.5h2a.5.5 0 0 0 .5-.5V8H12v2a2 2 0 0 1-2 2H8Zm2-12a2 2 0 0 1 2 2v2h-1.5V2a.5.5 0 0 0-.5-.5H8V0h2Z\" \/>\n\t\t\t<\/svg>\n\t\t<\/button><\/figure>\n\n\n\n<p class=\"wp-block-paragraph\">Der Raum zwischen den Stadtmauern, der eine Renovierung durchgemacht hat und sich in eine sch\u00f6ne Ruhezone verwandelt hat. Durchblicke auf die alten Basteien, B\u00e4nke, Ruhe. Ein idealer Ort, wenn du f\u00fcr einen Moment aus dem Trubel des Zentrums verschwinden m\u00f6chtest, aber nicht weit gehen willst.<\/p>\n\n\n\n<h2 class=\"wp-block-heading\"><span class=\"ez-toc-section\" id=\"Was_man_in_Pisek_mit_Kindern_unternehmen_kann_Tipps_fuer_Familien_in_der_Stadt_und_Umgebung\"><\/span>Was man in P\u00edsek mit Kindern unternehmen kann: Tipps f\u00fcr Familien in der Stadt und Umgebung<span class=\"ez-toc-section-end\"><\/span><\/h2>\n\n\n\n<p class=\"wp-block-paragraph\">P\u00edsek ist eine Stadt, in der du dich mit Kindern nicht langweilen wirst. Und das sage ich als <strong>Mama des zweij\u00e4hrigen Jon\u00e1\u0161ek<\/strong>, mit dem ich hier die meisten Tage verbringe. Ob die Kinder auf den riesigen Exponaten in der Sladovna herumklettern, im Gehege Damwild f\u00fcttern oder auf den Spielpl\u00e4tzen im Park spielen. Hier sind meine Tipps, wohin man mit der Familie direkt in der Stadt gehen kann, und dazu ein paar Ausfl\u00fcge in die Umgebung, die wir gleich um die Ecke haben.<\/p>\n\n\n\n<p class=\"wp-block-paragraph\"><strong>Lies auch: <a href=\"https:\/\/loudavymkrokem.cz\/pisek-s-detmi\/\">P\u00edsek mit Kindern: 40 Tipps einer einheimischen Mama zu Spielr\u00e4umen, Spielpl\u00e4tzen und Ausfl\u00fcgen<\/a><\/strong>, wo du einen kompletten Familienf\u00fchrer inklusive aller Spielr\u00e4ume, Spielpl\u00e4tze und Preislisten findest.<\/p>\n\n\n\n<h3 class=\"wp-block-heading\"><span class=\"ez-toc-section\" id=\"Sladovna_Pisek_Riesige_Galerie_zum_Spielen\"><\/span>Sladovna P\u00edsek: Riesige Galerie zum Spielen<span class=\"ez-toc-section-end\"><\/span><\/h3>\n\n\n\n<figure data-wp-context=\"{&quot;imageId&quot;:&quot;6a952387c0c79&quot;}\" data-wp-interactive=\"core\/image\" data-wp-key=\"6a952387c0c79\" class=\"wp-block-image size-full wp-lightbox-container\"><img decoding=\"async\" width=\"2200\" height=\"1467\" data-wp-class--hide=\"state.isContentHidden\" data-wp-class--show=\"state.isContentVisible\" data-wp-init=\"callbacks.setButtonStyles\" data-wp-on--click=\"actions.showLightbox\" data-wp-on--load=\"callbacks.setButtonStyles\" data-wp-on--pointerdown=\"actions.preloadImage\" data-wp-on--pointerenter=\"actions.preloadImageWithDelay\" data-wp-on--pointerleave=\"actions.cancelPreload\" data-wp-on-window--resize=\"callbacks.setButtonStyles\" src=\"https:\/\/loudavymkrokem.cz\/wp-content\/uploads\/2026\/08\/pisek-sladovna.jpg\" alt=\"Sladovna P\u00edsek, Spielgalerie f\u00fcr Kinder\" class=\"wp-image-399379\" title=\"\" srcset=\"https:\/\/loudavymkrokem.cz\/wp-content\/uploads\/2026\/08\/pisek-sladovna.jpg 2200w, https:\/\/loudavymkrokem.cz\/wp-content\/uploads\/2026\/08\/pisek-sladovna-300x200.jpg 300w, https:\/\/loudavymkrokem.cz\/wp-content\/uploads\/2026\/08\/pisek-sladovna-700x467.jpg 700w, https:\/\/loudavymkrokem.cz\/wp-content\/uploads\/2026\/08\/pisek-sladovna-768x512.jpg 768w, https:\/\/loudavymkrokem.cz\/wp-content\/uploads\/2026\/08\/pisek-sladovna-1536x1024.jpg 1536w, https:\/\/loudavymkrokem.cz\/wp-content\/uploads\/2026\/08\/pisek-sladovna-2048x1366.jpg 2048w, https:\/\/loudavymkrokem.cz\/wp-content\/uploads\/2026\/08\/pisek-sladovna-696x464.jpg 696w, https:\/\/loudavymkrokem.cz\/wp-content\/uploads\/2026\/08\/pisek-sladovna-1392x928.jpg 1392w, https:\/\/loudavymkrokem.cz\/wp-content\/uploads\/2026\/08\/pisek-sladovna-1920x1280.jpg 1920w\" sizes=\"(max-width: 2200px) 100vw, 2200px\" \/><button\n\t\t\tclass=\"lightbox-trigger\"\n\t\t\ttype=\"button\"\n\t\t\taria-haspopup=\"dialog\"\n\t\t\tdata-wp-bind--aria-label=\"state.thisImage.triggerButtonAriaLabel\"\n\t\t\tdata-wp-init=\"callbacks.initTriggerButton\"\n\t\t\tdata-wp-on--click=\"actions.showLightbox\"\n\t\t\tdata-wp-style--right=\"state.thisImage.buttonRight\"\n\t\t\tdata-wp-style--top=\"state.thisImage.buttonTop\"\n\t\t>\n\t\t\t<svg xmlns=\"http:\/\/www.w3.org\/2000\/svg\" width=\"12\" height=\"12\" fill=\"none\" viewBox=\"0 0 12 12\">\n\t\t\t\t<path fill=\"#fff\" d=\"M2 0a2 2 0 0 0-2 2v2h1.5V2a.5.5 0 0 1 .5-.5h2V0H2Zm2 10.5H2a.5.5 0 0 1-.5-.5V8H0v2a2 2 0 0 0 2 2h2v-1.5ZM8 12v-1.5h2a.5.5 0 0 0 .5-.5V8H12v2a2 2 0 0 1-2 2H8Zm2-12a2 2 0 0 1 2 2v2h-1.5V2a.5.5 0 0 0-.5-.5H8V0h2Z\" \/>\n\t\t\t<\/svg>\n\t\t<\/button><\/figure>\n\n\n\n<p class=\"wp-block-paragraph\">Das hier ist einfach die Nummer eins. Vier Stockwerke voller interaktiver Ausstellungen, in denen Kinder (und geben wir es zu, auch die Eltern) spielen, erforschen, bauen und entdecken. F\u00fcr die Kleinsten von 0 bis 6 Jahren gibt es hier das <strong>Pila\u0159i\u0161t\u011b<\/strong>, einen sicheren Raum voller Anregungen. \u00c4ltere Kinder verschlingt das <strong>Mraveni\u0161t\u011b<\/strong> (Ameisenhaufen) und die wechselnden thematischen Ausstellungen.<\/p>\n\n\n\n<p class=\"wp-block-paragraph\">Ge\u00f6ffnet Dienstag bis Sonntag 9\u201317 Uhr, im Sommer t\u00e4glich einschlie\u00dflich Montag bis 18 Uhr. Eintritt <strong>150 K\u010d (ca. 6 \u20ac) pro Person<\/strong>, Pila\u0159i\u0161t\u011b <strong>120 K\u010d (ca. 5 \u20ac)<\/strong>, das Familienticket 2+2 kostet 500 K\u010d (ca. 20 \u20ac) und Kinder bis 3 Jahre sind kostenlos. Und ein wichtiger Rat \u2013 <strong>reserviere online<\/strong>, vor allem an Wochenenden und in den Ferien, denn es ist oft voll.<\/p>\n\n\n\n<h3 class=\"wp-block-heading\"><span class=\"ez-toc-section\" id=\"Sandskulpturen_an_der_Uferpromenade_ehemaliges_Cipiskoviste\"><\/span>Sandskulpturen an der Uferpromenade (ehemaliges Cip\u00edskovi\u0161t\u011b)<span class=\"ez-toc-section-end\"><\/span><\/h3>\n\n\n\n<figure data-wp-context=\"{&quot;imageId&quot;:&quot;6a952387c1512&quot;}\" data-wp-interactive=\"core\/image\" data-wp-key=\"6a952387c1512\" class=\"wp-block-image size-full wp-lightbox-container\"><img decoding=\"async\" width=\"2000\" height=\"1333\" data-wp-class--hide=\"state.isContentHidden\" data-wp-class--show=\"state.isContentVisible\" data-wp-init=\"callbacks.setButtonStyles\" data-wp-on--click=\"actions.showLightbox\" data-wp-on--load=\"callbacks.setButtonStyles\" data-wp-on--pointerdown=\"actions.preloadImage\" data-wp-on--pointerenter=\"actions.preloadImageWithDelay\" data-wp-on--pointerleave=\"actions.cancelPreload\" data-wp-on-window--resize=\"callbacks.setButtonStyles\" src=\"https:\/\/loudavymkrokem.cz\/wp-content\/uploads\/2026\/08\/sochy-z-pisku-naplavka-kamenny-most.jpg\" alt=\"Sandskulpturen an der Uferpromenade der Otava bei der Steinernen Br\u00fccke in P\u00edsek\" class=\"wp-image-399607\" title=\"\" srcset=\"https:\/\/loudavymkrokem.cz\/wp-content\/uploads\/2026\/08\/sochy-z-pisku-naplavka-kamenny-most.jpg 2000w, https:\/\/loudavymkrokem.cz\/wp-content\/uploads\/2026\/08\/sochy-z-pisku-naplavka-kamenny-most-300x200.jpg 300w, https:\/\/loudavymkrokem.cz\/wp-content\/uploads\/2026\/08\/sochy-z-pisku-naplavka-kamenny-most-700x467.jpg 700w, https:\/\/loudavymkrokem.cz\/wp-content\/uploads\/2026\/08\/sochy-z-pisku-naplavka-kamenny-most-768x512.jpg 768w, https:\/\/loudavymkrokem.cz\/wp-content\/uploads\/2026\/08\/sochy-z-pisku-naplavka-kamenny-most-1536x1024.jpg 1536w, https:\/\/loudavymkrokem.cz\/wp-content\/uploads\/2026\/08\/sochy-z-pisku-naplavka-kamenny-most-696x464.jpg 696w, https:\/\/loudavymkrokem.cz\/wp-content\/uploads\/2026\/08\/sochy-z-pisku-naplavka-kamenny-most-1392x928.jpg 1392w, https:\/\/loudavymkrokem.cz\/wp-content\/uploads\/2026\/08\/sochy-z-pisku-naplavka-kamenny-most-1920x1280.jpg 1920w\" sizes=\"(max-width: 2000px) 100vw, 2000px\" \/><button\n\t\t\tclass=\"lightbox-trigger\"\n\t\t\ttype=\"button\"\n\t\t\taria-haspopup=\"dialog\"\n\t\t\tdata-wp-bind--aria-label=\"state.thisImage.triggerButtonAriaLabel\"\n\t\t\tdata-wp-init=\"callbacks.initTriggerButton\"\n\t\t\tdata-wp-on--click=\"actions.showLightbox\"\n\t\t\tdata-wp-style--right=\"state.thisImage.buttonRight\"\n\t\t\tdata-wp-style--top=\"state.thisImage.buttonTop\"\n\t\t>\n\t\t\t<svg xmlns=\"http:\/\/www.w3.org\/2000\/svg\" width=\"12\" height=\"12\" fill=\"none\" viewBox=\"0 0 12 12\">\n\t\t\t\t<path fill=\"#fff\" d=\"M2 0a2 2 0 0 0-2 2v2h1.5V2a.5.5 0 0 1 .5-.5h2V0H2Zm2 10.5H2a.5.5 0 0 1-.5-.5V8H0v2a2 2 0 0 0 2 2h2v-1.5ZM8 12v-1.5h2a.5.5 0 0 0 .5-.5V8H12v2a2 2 0 0 1-2 2H8Zm2-12a2 2 0 0 1 2 2v2h-1.5V2a.5.5 0 0 0-.5-.5H8V0h2Z\" \/>\n\t\t\t<\/svg>\n\t\t<\/button><\/figure>\n\n\n\n<p class=\"wp-block-paragraph\">Riesige Sandskulpturen direkt an der Steinernen Br\u00fccke, an der Uferpromenade der Otava. Jedes Jahr ein neues Thema, ein neues Staunen. Die Veranstaltung hie\u00df fr\u00fcher Cip\u00edskovi\u0161t\u011b, hei\u00dft heute aber offiziell Sandskulpturen in P\u00edsek und wird im Fr\u00fchling vom Familienfestival P\u00edskovi\u0161t\u011b begleitet. Sie l\u00e4uft von Fr\u00fchling bis Sommer und ist kostenlos, du kommst einfach und schaust. Die Kinder sind v\u00f6llig hin und weg.<\/p>\n\n\n\n<h3 class=\"wp-block-heading\"><span class=\"ez-toc-section\" id=\"Travel_Cafe_Cafe_mit_Sandkasten\"><\/span>Travel Cafe: Caf\u00e9 mit Sandkasten<span class=\"ez-toc-section-end\"><\/span><\/h3>\n\n\n\n<figure data-wp-context=\"{&quot;imageId&quot;:&quot;6a952387c1b5a&quot;}\" data-wp-interactive=\"core\/image\" data-wp-key=\"6a952387c1b5a\" class=\"wp-block-image size-full wp-lightbox-container\"><img decoding=\"async\" width=\"2200\" height=\"1650\" data-wp-class--hide=\"state.isContentHidden\" data-wp-class--show=\"state.isContentVisible\" data-wp-init=\"callbacks.setButtonStyles\" data-wp-on--click=\"actions.showLightbox\" data-wp-on--load=\"callbacks.setButtonStyles\" data-wp-on--pointerdown=\"actions.preloadImage\" data-wp-on--pointerenter=\"actions.preloadImageWithDelay\" data-wp-on--pointerleave=\"actions.cancelPreload\" data-wp-on-window--resize=\"callbacks.setButtonStyles\" src=\"https:\/\/loudavymkrokem.cz\/wp-content\/uploads\/2026\/08\/pisek-travel-cafe-piskoviste-domecek.jpg\" alt=\"Sandkasten mit H\u00e4uschen im Garten des Travel Cafe in P\u00edsek\" class=\"wp-image-399550\" title=\"\" srcset=\"https:\/\/loudavymkrokem.cz\/wp-content\/uploads\/2026\/08\/pisek-travel-cafe-piskoviste-domecek.jpg 2200w, https:\/\/loudavymkrokem.cz\/wp-content\/uploads\/2026\/08\/pisek-travel-cafe-piskoviste-domecek-300x225.jpg 300w, https:\/\/loudavymkrokem.cz\/wp-content\/uploads\/2026\/08\/pisek-travel-cafe-piskoviste-domecek-700x525.jpg 700w, https:\/\/loudavymkrokem.cz\/wp-content\/uploads\/2026\/08\/pisek-travel-cafe-piskoviste-domecek-768x576.jpg 768w, https:\/\/loudavymkrokem.cz\/wp-content\/uploads\/2026\/08\/pisek-travel-cafe-piskoviste-domecek-1536x1152.jpg 1536w, https:\/\/loudavymkrokem.cz\/wp-content\/uploads\/2026\/08\/pisek-travel-cafe-piskoviste-domecek-2048x1536.jpg 2048w, https:\/\/loudavymkrokem.cz\/wp-content\/uploads\/2026\/08\/pisek-travel-cafe-piskoviste-domecek-80x60.jpg 80w, https:\/\/loudavymkrokem.cz\/wp-content\/uploads\/2026\/08\/pisek-travel-cafe-piskoviste-domecek-160x120.jpg 160w, https:\/\/loudavymkrokem.cz\/wp-content\/uploads\/2026\/08\/pisek-travel-cafe-piskoviste-domecek-696x522.jpg 696w, https:\/\/loudavymkrokem.cz\/wp-content\/uploads\/2026\/08\/pisek-travel-cafe-piskoviste-domecek-1392x1044.jpg 1392w, https:\/\/loudavymkrokem.cz\/wp-content\/uploads\/2026\/08\/pisek-travel-cafe-piskoviste-domecek-1920x1440.jpg 1920w\" sizes=\"(max-width: 2200px) 100vw, 2200px\" \/><button\n\t\t\tclass=\"lightbox-trigger\"\n\t\t\ttype=\"button\"\n\t\t\taria-haspopup=\"dialog\"\n\t\t\tdata-wp-bind--aria-label=\"state.thisImage.triggerButtonAriaLabel\"\n\t\t\tdata-wp-init=\"callbacks.initTriggerButton\"\n\t\t\tdata-wp-on--click=\"actions.showLightbox\"\n\t\t\tdata-wp-style--right=\"state.thisImage.buttonRight\"\n\t\t\tdata-wp-style--top=\"state.thisImage.buttonTop\"\n\t\t>\n\t\t\t<svg xmlns=\"http:\/\/www.w3.org\/2000\/svg\" width=\"12\" height=\"12\" fill=\"none\" viewBox=\"0 0 12 12\">\n\t\t\t\t<path fill=\"#fff\" d=\"M2 0a2 2 0 0 0-2 2v2h1.5V2a.5.5 0 0 1 .5-.5h2V0H2Zm2 10.5H2a.5.5 0 0 1-.5-.5V8H0v2a2 2 0 0 0 2 2h2v-1.5ZM8 12v-1.5h2a.5.5 0 0 0 .5-.5V8H12v2a2 2 0 0 1-2 2H8Zm2-12a2 2 0 0 1 2 2v2h-1.5V2a.5.5 0 0 0-.5-.5H8V0h2Z\" \/>\n\t\t\t<\/svg>\n\t\t<\/button><\/figure>\n\n\n\n<p class=\"wp-block-paragraph\">Das hier ist <strong>unser Familienstammlokal<\/strong> und meiner Meinung nach das beste Caf\u00e9 in P\u00edsek. <strong>Das Travel Cafe<\/strong> findest du in der Komensk\u00fd-Stra\u00dfe unterhalb des Gymnasiums, zwei Minuten vom Gro\u00dfen Platz. Morgens Fr\u00fchst\u00fcck und Brunch, tags\u00fcber ein Bistro mit Spezialit\u00e4tenkaffee, abends ein Glas Wein, und vor allem ein <strong>Garten im Innenhof mit Sandkasten und H\u00e4uschen<\/strong>, dank dem du deinen Kaffee wirklich in Ruhe austrinken kannst. Wir sitzen hier fast immer drau\u00dfen und alle werden satt: Sie haben perfekte Fr\u00fchst\u00fccke und leichte Mittagessen, und unser Kleiner nimmt Pfannkuchen. Im Sommer veranstalten sie hier auch Kindervorstellungen.<\/p>\n\n\n\n<p class=\"wp-block-paragraph\">\ud83d\udca1 <strong>Tipp:<\/strong> Eine Kinderecke haben auch das <strong>SOHO Cafe<\/strong> am Gro\u00dfen Platz, das <strong>Sova na V\u011btvi<\/strong> bei der Steinernen Br\u00fccke und das <strong>Upekla<\/strong> in der Bibliothek (Sandkasten im Innenhof).<\/p>\n\n\n\n<h3 class=\"wp-block-heading\"><span class=\"ez-toc-section\" id=\"Spielraeume_in_Pisek_Myska_herna_und_Co\"><\/span>Spielr\u00e4ume in P\u00edsek: My\u0161ka herna und Co.<span class=\"ez-toc-section-end\"><\/span><\/h3>\n\n\n\n<figure data-wp-context=\"{&quot;imageId&quot;:&quot;6a952387c59d7&quot;}\" data-wp-interactive=\"core\/image\" data-wp-key=\"6a952387c59d7\" class=\"wp-block-image size-full wp-lightbox-container\"><img decoding=\"async\" width=\"2200\" height=\"1467\" data-wp-class--hide=\"state.isContentHidden\" data-wp-class--show=\"state.isContentVisible\" data-wp-init=\"callbacks.setButtonStyles\" data-wp-on--click=\"actions.showLightbox\" data-wp-on--load=\"callbacks.setButtonStyles\" data-wp-on--pointerdown=\"actions.preloadImage\" data-wp-on--pointerenter=\"actions.preloadImageWithDelay\" data-wp-on--pointerleave=\"actions.cancelPreload\" data-wp-on-window--resize=\"callbacks.setButtonStyles\" src=\"https:\/\/loudavymkrokem.cz\/wp-content\/uploads\/2026\/08\/pisek-myska-herna-bazenek-s-micky.jpg\" alt=\"B\u00e4llebad im Spielraum My\u0161ka herna in P\u00edsek\" class=\"wp-image-399531\" title=\"\" srcset=\"https:\/\/loudavymkrokem.cz\/wp-content\/uploads\/2026\/08\/pisek-myska-herna-bazenek-s-micky.jpg 2200w, https:\/\/loudavymkrokem.cz\/wp-content\/uploads\/2026\/08\/pisek-myska-herna-bazenek-s-micky-300x200.jpg 300w, https:\/\/loudavymkrokem.cz\/wp-content\/uploads\/2026\/08\/pisek-myska-herna-bazenek-s-micky-700x467.jpg 700w, https:\/\/loudavymkrokem.cz\/wp-content\/uploads\/2026\/08\/pisek-myska-herna-bazenek-s-micky-768x512.jpg 768w, https:\/\/loudavymkrokem.cz\/wp-content\/uploads\/2026\/08\/pisek-myska-herna-bazenek-s-micky-1536x1024.jpg 1536w, https:\/\/loudavymkrokem.cz\/wp-content\/uploads\/2026\/08\/pisek-myska-herna-bazenek-s-micky-2048x1366.jpg 2048w, https:\/\/loudavymkrokem.cz\/wp-content\/uploads\/2026\/08\/pisek-myska-herna-bazenek-s-micky-696x464.jpg 696w, https:\/\/loudavymkrokem.cz\/wp-content\/uploads\/2026\/08\/pisek-myska-herna-bazenek-s-micky-1392x928.jpg 1392w, https:\/\/loudavymkrokem.cz\/wp-content\/uploads\/2026\/08\/pisek-myska-herna-bazenek-s-micky-1920x1280.jpg 1920w\" sizes=\"(max-width: 2200px) 100vw, 2200px\" \/><button\n\t\t\tclass=\"lightbox-trigger\"\n\t\t\ttype=\"button\"\n\t\t\taria-haspopup=\"dialog\"\n\t\t\tdata-wp-bind--aria-label=\"state.thisImage.triggerButtonAriaLabel\"\n\t\t\tdata-wp-init=\"callbacks.initTriggerButton\"\n\t\t\tdata-wp-on--click=\"actions.showLightbox\"\n\t\t\tdata-wp-style--right=\"state.thisImage.buttonRight\"\n\t\t\tdata-wp-style--top=\"state.thisImage.buttonTop\"\n\t\t>\n\t\t\t<svg xmlns=\"http:\/\/www.w3.org\/2000\/svg\" width=\"12\" height=\"12\" fill=\"none\" viewBox=\"0 0 12 12\">\n\t\t\t\t<path fill=\"#fff\" d=\"M2 0a2 2 0 0 0-2 2v2h1.5V2a.5.5 0 0 1 .5-.5h2V0H2Zm2 10.5H2a.5.5 0 0 1-.5-.5V8H0v2a2 2 0 0 0 2 2h2v-1.5ZM8 12v-1.5h2a.5.5 0 0 0 .5-.5V8H12v2a2 2 0 0 1-2 2H8Zm2-12a2 2 0 0 1 2 2v2h-1.5V2a.5.5 0 0 0-.5-.5H8V0h2Z\" \/>\n\t\t\t<\/svg>\n\t\t<\/button><\/figure>\n\n\n\n<p class=\"wp-block-paragraph\">Wenn das Wetter nicht mitspielt, retten uns die Spielr\u00e4ume. Der gr\u00f6\u00dfte Indoor-Spielplatz der Stadt ist <strong>My\u0161ka herna<\/strong> (V Porty\u010di 450): Kletterger\u00fcste, Rutschen, Trampolin, Schaumstoff-Bausteine und ein Caf\u00e9 f\u00fcr die Eltern. Die Ausstattung ist schon ziemlich veraltet, aber bis heute ist es der gr\u00f6\u00dfte Spielraum in P\u00edsek, deshalb gehen wir hin. Der Ganztageseintritt f\u00fcr ein Kind von 1 bis 10 Jahren kostet <strong>129 K\u010d (ca. 5 \u20ac)<\/strong>, eine Stunde 84 K\u010d (ca. 3,50 \u20ac), Erwachsene 50 K\u010d (ca. 2 \u20ac), freitags ist geschlossen. Kleinkinder von einem bis drei Jahren werden die donnerst\u00e4glichen <strong>Montessori-Werkst\u00e4tten Fazole<\/strong> sch\u00e4tzen (200 K\u010d \/ ca. 8 \u20ac, max. 6 Kinder), Schulkinder wiederum das <strong>Kletterzentrum LezeTop<\/strong> mit einer Kinderwand oder die <strong>Laser Ar\u00e9na<\/strong> im Kaufhaus Luna.<\/p>\n\n\n\n<p class=\"wp-block-paragraph\">Eine komplette \u00dcbersicht der Spielr\u00e4ume mit \u00d6ffnungszeiten und Preisen findest du im Artikel <a href=\"https:\/\/loudavymkrokem.cz\/pisek-s-detmi\/\">P\u00edsek mit Kindern<\/a> und eine laufend aktualisierte Liste von Spielr\u00e4umen, Caf\u00e9s mit Ecke und Spielpl\u00e4tzen auf <a href=\"https:\/\/pisek.info\/deti\/hernicky\" target=\"_blank\" rel=\"noopener\">pisek.info\/deti\/hernicky<\/a>.<\/p>\n\n\n\n<h3 class=\"wp-block-heading\"><span class=\"ez-toc-section\" id=\"Wildgehege_U_Vodaka\"><\/span>Wildgehege U Vod\u00e1ka<span class=\"ez-toc-section-end\"><\/span><\/h3>\n\n\n\n<figure data-wp-context=\"{&quot;imageId&quot;:&quot;6a952387c6031&quot;}\" data-wp-interactive=\"core\/image\" data-wp-key=\"6a952387c6031\" class=\"wp-block-image size-full wp-lightbox-container\"><img decoding=\"async\" width=\"960\" height=\"640\" data-wp-class--hide=\"state.isContentHidden\" data-wp-class--show=\"state.isContentVisible\" data-wp-init=\"callbacks.setButtonStyles\" data-wp-on--click=\"actions.showLightbox\" data-wp-on--load=\"callbacks.setButtonStyles\" data-wp-on--pointerdown=\"actions.preloadImage\" data-wp-on--pointerenter=\"actions.preloadImageWithDelay\" data-wp-on--pointerleave=\"actions.cancelPreload\" data-wp-on-window--resize=\"callbacks.setButtonStyles\" src=\"https:\/\/loudavymkrokem.cz\/wp-content\/uploads\/2026\/08\/oburka-u-vodaka-danci.jpg\" alt=\"Damwild im Wildgehege U Vod\u00e1ka in den Piseker Bergen\" class=\"wp-image-399639\" title=\"\" srcset=\"https:\/\/loudavymkrokem.cz\/wp-content\/uploads\/2026\/08\/oburka-u-vodaka-danci.jpg 960w, https:\/\/loudavymkrokem.cz\/wp-content\/uploads\/2026\/08\/oburka-u-vodaka-danci-300x200.jpg 300w, https:\/\/loudavymkrokem.cz\/wp-content\/uploads\/2026\/08\/oburka-u-vodaka-danci-700x467.jpg 700w, https:\/\/loudavymkrokem.cz\/wp-content\/uploads\/2026\/08\/oburka-u-vodaka-danci-768x512.jpg 768w, https:\/\/loudavymkrokem.cz\/wp-content\/uploads\/2026\/08\/oburka-u-vodaka-danci-696x464.jpg 696w\" sizes=\"(max-width: 960px) 100vw, 960px\" \/><button\n\t\t\tclass=\"lightbox-trigger\"\n\t\t\ttype=\"button\"\n\t\t\taria-haspopup=\"dialog\"\n\t\t\tdata-wp-bind--aria-label=\"state.thisImage.triggerButtonAriaLabel\"\n\t\t\tdata-wp-init=\"callbacks.initTriggerButton\"\n\t\t\tdata-wp-on--click=\"actions.showLightbox\"\n\t\t\tdata-wp-style--right=\"state.thisImage.buttonRight\"\n\t\t\tdata-wp-style--top=\"state.thisImage.buttonTop\"\n\t\t>\n\t\t\t<svg xmlns=\"http:\/\/www.w3.org\/2000\/svg\" width=\"12\" height=\"12\" fill=\"none\" viewBox=\"0 0 12 12\">\n\t\t\t\t<path fill=\"#fff\" d=\"M2 0a2 2 0 0 0-2 2v2h1.5V2a.5.5 0 0 1 .5-.5h2V0H2Zm2 10.5H2a.5.5 0 0 1-.5-.5V8H0v2a2 2 0 0 0 2 2h2v-1.5ZM8 12v-1.5h2a.5.5 0 0 0 .5-.5V8H12v2a2 2 0 0 1-2 2H8Zm2-12a2 2 0 0 1 2 2v2h-1.5V2a.5.5 0 0 0-.5-.5H8V0h2Z\" \/>\n\t\t\t<\/svg>\n\t\t<\/button><\/figure>\n\n\n\n<p class=\"wp-block-paragraph\">Ein Waldgehege, in dem du <strong>Mufflons und Damwild<\/strong> von einer Aussichtsplattform und am Zaun entlang beobachtest. Die Tiere sind an Menschen gew\u00f6hnt, sodass du sie fast immer sehen wirst, und besonders das Damwild l\u00e4sst sich gern bewundern. Der Spaziergang ist unanstrengend, auch kleine F\u00fc\u00dfchen schaffen ihn, und der Wald ringsum ist zu jeder Jahreszeit sch\u00f6n.<\/p>\n\n\n\n<h3 class=\"wp-block-heading\"><span class=\"ez-toc-section\" id=\"Huette_Zivec_und_3D-Labyrinth\"><\/span>H\u00fctte \u017divec und 3D-Labyrinth<span class=\"ez-toc-section-end\"><\/span><\/h3>\n\n\n\n<figure data-wp-context=\"{&quot;imageId&quot;:&quot;6a952387c68c0&quot;}\" data-wp-interactive=\"core\/image\" data-wp-key=\"6a952387c68c0\" class=\"wp-block-image size-full wp-lightbox-container\"><img decoding=\"async\" width=\"1200\" height=\"600\" data-wp-class--hide=\"state.isContentHidden\" data-wp-class--show=\"state.isContentVisible\" data-wp-init=\"callbacks.setButtonStyles\" data-wp-on--click=\"actions.showLightbox\" data-wp-on--load=\"callbacks.setButtonStyles\" data-wp-on--pointerdown=\"actions.preloadImage\" data-wp-on--pointerenter=\"actions.preloadImageWithDelay\" data-wp-on--pointerleave=\"actions.cancelPreload\" data-wp-on-window--resize=\"callbacks.setButtonStyles\" src=\"https:\/\/loudavymkrokem.cz\/wp-content\/uploads\/2026\/08\/chata-zivec-3d-bludiste-pisecke-hory.jpg\" alt=\"Seilspielplatz und 3D-Labyrinth bei der H\u00fctte \u017divec in den Piseker Bergen\" class=\"wp-image-399626\" title=\"\" srcset=\"https:\/\/loudavymkrokem.cz\/wp-content\/uploads\/2026\/08\/chata-zivec-3d-bludiste-pisecke-hory.jpg 1200w, https:\/\/loudavymkrokem.cz\/wp-content\/uploads\/2026\/08\/chata-zivec-3d-bludiste-pisecke-hory-300x150.jpg 300w, https:\/\/loudavymkrokem.cz\/wp-content\/uploads\/2026\/08\/chata-zivec-3d-bludiste-pisecke-hory-700x350.jpg 700w, https:\/\/loudavymkrokem.cz\/wp-content\/uploads\/2026\/08\/chata-zivec-3d-bludiste-pisecke-hory-768x384.jpg 768w, https:\/\/loudavymkrokem.cz\/wp-content\/uploads\/2026\/08\/chata-zivec-3d-bludiste-pisecke-hory-696x348.jpg 696w\" sizes=\"(max-width: 1200px) 100vw, 1200px\" \/><button\n\t\t\tclass=\"lightbox-trigger\"\n\t\t\ttype=\"button\"\n\t\t\taria-haspopup=\"dialog\"\n\t\t\tdata-wp-bind--aria-label=\"state.thisImage.triggerButtonAriaLabel\"\n\t\t\tdata-wp-init=\"callbacks.initTriggerButton\"\n\t\t\tdata-wp-on--click=\"actions.showLightbox\"\n\t\t\tdata-wp-style--right=\"state.thisImage.buttonRight\"\n\t\t\tdata-wp-style--top=\"state.thisImage.buttonTop\"\n\t\t>\n\t\t\t<svg xmlns=\"http:\/\/www.w3.org\/2000\/svg\" width=\"12\" height=\"12\" fill=\"none\" viewBox=\"0 0 12 12\">\n\t\t\t\t<path fill=\"#fff\" d=\"M2 0a2 2 0 0 0-2 2v2h1.5V2a.5.5 0 0 1 .5-.5h2V0H2Zm2 10.5H2a.5.5 0 0 1-.5-.5V8H0v2a2 2 0 0 0 2 2h2v-1.5ZM8 12v-1.5h2a.5.5 0 0 0 .5-.5V8H12v2a2 2 0 0 1-2 2H8Zm2-12a2 2 0 0 1 2 2v2h-1.5V2a.5.5 0 0 0-.5-.5H8V0h2Z\" \/>\n\t\t\t<\/svg>\n\t\t<\/button><\/figure>\n\n\n\n<p class=\"wp-block-paragraph\">In den Piseker Bergen findest du die H\u00fctte \u017divec mit einem Waldspielplatz und vor allem einem <strong>Netzlabyrinth in den Baumkronen<\/strong>. Die Kinder klettern, kriechen, h\u00e4ngen in der Luft und sind absolut im Rausch. F\u00fcr die Eltern: Unten gibt es Erfrischungen und B\u00e4nke. Also alles entspannt. \ud83d\ude01<\/p>\n\n\n\n<h3 class=\"wp-block-heading\"><span class=\"ez-toc-section\" id=\"Stadtinsel\"><\/span>Stadtinsel<span class=\"ez-toc-section-end\"><\/span><\/h3>\n\n\n\n<figure data-wp-context=\"{&quot;imageId&quot;:&quot;6a952387c7e47&quot;}\" data-wp-interactive=\"core\/image\" data-wp-key=\"6a952387c7e47\" class=\"wp-block-image size-full wp-lightbox-container\"><img decoding=\"async\" width=\"1200\" height=\"800\" data-wp-class--hide=\"state.isContentHidden\" data-wp-class--show=\"state.isContentVisible\" data-wp-init=\"callbacks.setButtonStyles\" data-wp-on--click=\"actions.showLightbox\" data-wp-on--load=\"callbacks.setButtonStyles\" data-wp-on--pointerdown=\"actions.preloadImage\" data-wp-on--pointerenter=\"actions.preloadImageWithDelay\" data-wp-on--pointerleave=\"actions.cancelPreload\" data-wp-on-window--resize=\"callbacks.setButtonStyles\" src=\"https:\/\/loudavymkrokem.cz\/wp-content\/uploads\/2026\/08\/mestsky-ostrov-pisek-zahradka.jpg\" alt=\"Sommergarten auf der Stadtinsel in P\u00edsek\" class=\"wp-image-399671\" title=\"\" srcset=\"https:\/\/loudavymkrokem.cz\/wp-content\/uploads\/2026\/08\/mestsky-ostrov-pisek-zahradka.jpg 1200w, https:\/\/loudavymkrokem.cz\/wp-content\/uploads\/2026\/08\/mestsky-ostrov-pisek-zahradka-300x200.jpg 300w, https:\/\/loudavymkrokem.cz\/wp-content\/uploads\/2026\/08\/mestsky-ostrov-pisek-zahradka-700x467.jpg 700w, https:\/\/loudavymkrokem.cz\/wp-content\/uploads\/2026\/08\/mestsky-ostrov-pisek-zahradka-768x512.jpg 768w, https:\/\/loudavymkrokem.cz\/wp-content\/uploads\/2026\/08\/mestsky-ostrov-pisek-zahradka-696x464.jpg 696w\" sizes=\"(max-width: 1200px) 100vw, 1200px\" \/><button\n\t\t\tclass=\"lightbox-trigger\"\n\t\t\ttype=\"button\"\n\t\t\taria-haspopup=\"dialog\"\n\t\t\tdata-wp-bind--aria-label=\"state.thisImage.triggerButtonAriaLabel\"\n\t\t\tdata-wp-init=\"callbacks.initTriggerButton\"\n\t\t\tdata-wp-on--click=\"actions.showLightbox\"\n\t\t\tdata-wp-style--right=\"state.thisImage.buttonRight\"\n\t\t\tdata-wp-style--top=\"state.thisImage.buttonTop\"\n\t\t>\n\t\t\t<svg xmlns=\"http:\/\/www.w3.org\/2000\/svg\" width=\"12\" height=\"12\" fill=\"none\" viewBox=\"0 0 12 12\">\n\t\t\t\t<path fill=\"#fff\" d=\"M2 0a2 2 0 0 0-2 2v2h1.5V2a.5.5 0 0 1 .5-.5h2V0H2Zm2 10.5H2a.5.5 0 0 1-.5-.5V8H0v2a2 2 0 0 0 2 2h2v-1.5ZM8 12v-1.5h2a.5.5 0 0 0 .5-.5V8H12v2a2 2 0 0 1-2 2H8Zm2-12a2 2 0 0 1 2 2v2h-1.5V2a.5.5 0 0 0-.5-.5H8V0h2Z\" \/>\n\t\t\t<\/svg>\n\t\t<\/button><\/figure>\n\n\n\n<p class=\"wp-block-paragraph\">Eine Insel mitten in der Otava \u2013 das klingt m\u00e4rchenhaft und sieht auch ein bisschen so aus. Ein Spielplatz f\u00fcr Kinder, Minigolf, ein Bootsverleih und ein Restaurant mit Blick auf den Fluss. Im Sommer ein idealer Ort f\u00fcr einen ganzen Nachmittag. Die Kinder spielen, du sitzt mit einem Bier oder einer Limonade da und schaust aufs Wasser. Was will man mehr.<\/p>\n\n\n\n<h3 class=\"wp-block-heading\"><span class=\"ez-toc-section\" id=\"Hernajs\"><\/span>Hernajs<span class=\"ez-toc-section-end\"><\/span><\/h3>\n\n\n\n<figure data-wp-context=\"{&quot;imageId&quot;:&quot;6a952387c8970&quot;}\" data-wp-interactive=\"core\/image\" data-wp-key=\"6a952387c8970\" class=\"wp-block-image size-full wp-lightbox-container\"><img decoding=\"async\" width=\"2200\" height=\"1455\" data-wp-class--hide=\"state.isContentHidden\" data-wp-class--show=\"state.isContentVisible\" data-wp-init=\"callbacks.setButtonStyles\" data-wp-on--click=\"actions.showLightbox\" data-wp-on--load=\"callbacks.setButtonStyles\" data-wp-on--pointerdown=\"actions.preloadImage\" data-wp-on--pointerenter=\"actions.preloadImageWithDelay\" data-wp-on--pointerleave=\"actions.cancelPreload\" data-wp-on-window--resize=\"callbacks.setButtonStyles\" src=\"https:\/\/loudavymkrokem.cz\/wp-content\/uploads\/2026\/08\/pisek-hernajs-hernicka-az-na-pudu.jpg\" alt=\"Spielraum Hernajs in P\u00edsek\" class=\"wp-image-399527\" title=\"\" srcset=\"https:\/\/loudavymkrokem.cz\/wp-content\/uploads\/2026\/08\/pisek-hernajs-hernicka-az-na-pudu.jpg 2200w, https:\/\/loudavymkrokem.cz\/wp-content\/uploads\/2026\/08\/pisek-hernajs-hernicka-az-na-pudu-300x198.jpg 300w, https:\/\/loudavymkrokem.cz\/wp-content\/uploads\/2026\/08\/pisek-hernajs-hernicka-az-na-pudu-700x463.jpg 700w, https:\/\/loudavymkrokem.cz\/wp-content\/uploads\/2026\/08\/pisek-hernajs-hernicka-az-na-pudu-768x508.jpg 768w, https:\/\/loudavymkrokem.cz\/wp-content\/uploads\/2026\/08\/pisek-hernajs-hernicka-az-na-pudu-1536x1016.jpg 1536w, https:\/\/loudavymkrokem.cz\/wp-content\/uploads\/2026\/08\/pisek-hernajs-hernicka-az-na-pudu-2048x1354.jpg 2048w, https:\/\/loudavymkrokem.cz\/wp-content\/uploads\/2026\/08\/pisek-hernajs-hernicka-az-na-pudu-696x460.jpg 696w, https:\/\/loudavymkrokem.cz\/wp-content\/uploads\/2026\/08\/pisek-hernajs-hernicka-az-na-pudu-1392x921.jpg 1392w, https:\/\/loudavymkrokem.cz\/wp-content\/uploads\/2026\/08\/pisek-hernajs-hernicka-az-na-pudu-1920x1270.jpg 1920w\" sizes=\"(max-width: 2200px) 100vw, 2200px\" \/><button\n\t\t\tclass=\"lightbox-trigger\"\n\t\t\ttype=\"button\"\n\t\t\taria-haspopup=\"dialog\"\n\t\t\tdata-wp-bind--aria-label=\"state.thisImage.triggerButtonAriaLabel\"\n\t\t\tdata-wp-init=\"callbacks.initTriggerButton\"\n\t\t\tdata-wp-on--click=\"actions.showLightbox\"\n\t\t\tdata-wp-style--right=\"state.thisImage.buttonRight\"\n\t\t\tdata-wp-style--top=\"state.thisImage.buttonTop\"\n\t\t>\n\t\t\t<svg xmlns=\"http:\/\/www.w3.org\/2000\/svg\" width=\"12\" height=\"12\" fill=\"none\" viewBox=\"0 0 12 12\">\n\t\t\t\t<path fill=\"#fff\" d=\"M2 0a2 2 0 0 0-2 2v2h1.5V2a.5.5 0 0 1 .5-.5h2V0H2Zm2 10.5H2a.5.5 0 0 1-.5-.5V8H0v2a2 2 0 0 0 2 2h2v-1.5ZM8 12v-1.5h2a.5.5 0 0 0 .5-.5V8H12v2a2 2 0 0 1-2 2H8Zm2-12a2 2 0 0 1 2 2v2h-1.5V2a.5.5 0 0 0-.5-.5H8V0h2Z\" \/>\n\t\t\t<\/svg>\n\t\t<\/button><\/figure>\n\n\n\n<p class=\"wp-block-paragraph\"><strong><a href=\"https:\/\/www.instagram.com\/her.najs\/\" target=\"_blank\" data-type=\"link\" data-id=\"https:\/\/www.instagram.com\/her.najs\/\" rel=\"noreferrer noopener\">Hernajs<\/a><\/strong> findest du in der Jungmann-Stra\u00dfe, im selben Haus wie das Caf\u00e9 <strong>A\u017e na p\u016fdu<\/strong>. Sie haben einen gemeinsamen Eingang, aber <strong>der Spielraum geh\u00f6rt nicht zum Caf\u00e9<\/strong> \u2014 es ist ein eigenst\u00e4ndiges Lokal im Obergeschoss, und du kannst den Kaffee nur zu den Kindern mitnehmen. Er ist klein und es gibt keinen Platz zum Rennen, deshalb passt er vor allem f\u00fcr Kleinkinder bis etwa zwei Jahre. \u00dcber Werkst\u00e4tten und Sinnesspiele informieren sie auf ihrem Instagram, das Programm \u00e4ndert sich aber st\u00e4ndig und oft findet gerade keines statt.<\/p>\n\n\n\n<h3 class=\"wp-block-heading\"><span class=\"ez-toc-section\" id=\"Mini_Academy\"><\/span>Mini Academy<span class=\"ez-toc-section-end\"><\/span><\/h3>\n\n\n\n<p class=\"wp-block-paragraph\"><strong><a href=\"https:\/\/miniacademy.cz\/?gad_source=1&amp;gad_campaignid=22872992318&amp;gbraid=0AAAABAVHf7aeYOGgZ9GHDcgoWE_YHNW6K&amp;gclid=Cj0KCQjw1ZjOBhCmARIsADDuFTAF61N7iieFbWaKkfCkX_axM0q7-K4YjE_rgSqdVOEvNxjLs5s5jeMaAh7MEALw_wcB\" target=\"_blank\" data-type=\"link\" data-id=\"https:\/\/miniacademy.cz\/?gad_source=1&amp;gad_campaignid=22872992318&amp;gbraid=0AAAABAVHf7aeYOGgZ9GHDcgoWE_YHNW6K&amp;gclid=Cj0KCQjw1ZjOBhCmARIsADDuFTAF61N7iieFbWaKkfCkX_axM0q7-K4YjE_rgSqdVOEvNxjLs5s5jeMaAh7MEALw_wcB\" rel=\"noreferrer noopener\">Ein Kinderzentrum<\/a><\/strong>, das Sinnesspiele, Englisch f\u00fcr die Kleinsten, Turnen mit Kleinkindern und sogar eine Mini-Disco anbietet. Die Programme wechseln, daher lohnt es sich, ihre Seiten zu verfolgen. F\u00fcr Eltern mit kleinen Kindern ist es eine Rettung, du triffst hier auch andere Familien aus P\u00edsek.<\/p>\n\n\n\n<h3 class=\"wp-block-heading\"><span class=\"ez-toc-section\" id=\"Verkehrsspielplatz_beim_Wenzel\"><\/span>Verkehrsspielplatz beim Wenzel<span class=\"ez-toc-section-end\"><\/span><\/h3>\n\n\n\n<figure data-wp-context=\"{&quot;imageId&quot;:&quot;6a952387ca5a2&quot;}\" data-wp-interactive=\"core\/image\" data-wp-key=\"6a952387ca5a2\" class=\"wp-block-image size-full wp-lightbox-container\"><img decoding=\"async\" width=\"1024\" height=\"461\" data-wp-class--hide=\"state.isContentHidden\" data-wp-class--show=\"state.isContentVisible\" data-wp-init=\"callbacks.setButtonStyles\" data-wp-on--click=\"actions.showLightbox\" data-wp-on--load=\"callbacks.setButtonStyles\" data-wp-on--pointerdown=\"actions.preloadImage\" data-wp-on--pointerenter=\"actions.preloadImageWithDelay\" data-wp-on--pointerleave=\"actions.cancelPreload\" data-wp-on-window--resize=\"callbacks.setButtonStyles\" src=\"https:\/\/loudavymkrokem.cz\/wp-content\/uploads\/2026\/08\/dopravni-hriste-u-sv-vaclava-pisek.jpg\" alt=\"Kinder-Verkehrsspielplatz beim heiligen Wenzel in P\u00edsek nach der Renovierung\" class=\"wp-image-399632\" title=\"\" srcset=\"https:\/\/loudavymkrokem.cz\/wp-content\/uploads\/2026\/08\/dopravni-hriste-u-sv-vaclava-pisek.jpg 1024w, https:\/\/loudavymkrokem.cz\/wp-content\/uploads\/2026\/08\/dopravni-hriste-u-sv-vaclava-pisek-300x135.jpg 300w, https:\/\/loudavymkrokem.cz\/wp-content\/uploads\/2026\/08\/dopravni-hriste-u-sv-vaclava-pisek-700x315.jpg 700w, https:\/\/loudavymkrokem.cz\/wp-content\/uploads\/2026\/08\/dopravni-hriste-u-sv-vaclava-pisek-768x346.jpg 768w, https:\/\/loudavymkrokem.cz\/wp-content\/uploads\/2026\/08\/dopravni-hriste-u-sv-vaclava-pisek-696x313.jpg 696w\" sizes=\"(max-width: 1024px) 100vw, 1024px\" \/><button\n\t\t\tclass=\"lightbox-trigger\"\n\t\t\ttype=\"button\"\n\t\t\taria-haspopup=\"dialog\"\n\t\t\tdata-wp-bind--aria-label=\"state.thisImage.triggerButtonAriaLabel\"\n\t\t\tdata-wp-init=\"callbacks.initTriggerButton\"\n\t\t\tdata-wp-on--click=\"actions.showLightbox\"\n\t\t\tdata-wp-style--right=\"state.thisImage.buttonRight\"\n\t\t\tdata-wp-style--top=\"state.thisImage.buttonTop\"\n\t\t>\n\t\t\t<svg xmlns=\"http:\/\/www.w3.org\/2000\/svg\" width=\"12\" height=\"12\" fill=\"none\" viewBox=\"0 0 12 12\">\n\t\t\t\t<path fill=\"#fff\" d=\"M2 0a2 2 0 0 0-2 2v2h1.5V2a.5.5 0 0 1 .5-.5h2V0H2Zm2 10.5H2a.5.5 0 0 1-.5-.5V8H0v2a2 2 0 0 0 2 2h2v-1.5ZM8 12v-1.5h2a.5.5 0 0 0 .5-.5V8H12v2a2 2 0 0 1-2 2H8Zm2-12a2 2 0 0 1 2 2v2h-1.5V2a.5.5 0 0 0-.5-.5H8V0h2Z\" \/>\n\t\t\t<\/svg>\n\t\t<\/button><\/figure>\n\n\n\n<p class=\"wp-block-paragraph\">Beim Freibad findest du einen renovierten Verkehrsspielplatz mit Ampeln, Kreisverkehr und allem, was kleine Fahrer brauchen. Die Kinder lernen hier die Verkehrsregeln und haben dabei Spa\u00df. Und weil es hier auch ein <strong>YEZ Caf\u00e9<\/strong> mit Sandkasten f\u00fcr die Kleinsten gibt, kannst du in der Zwischenzeit in Ruhe essen und j\u00fcngere Geschwister besch\u00e4ftigen sich auch. Praktisch, unterhaltsam, funktional.<\/p>\n\n\n\n<h3 class=\"wp-block-heading\"><span class=\"ez-toc-section\" id=\"Nase_zviratka_Putim_Mini-Zoo_kostenlos\"><\/span>Na\u0161e zv\u00ed\u0159\u00e1tka Putim: Mini-Zoo kostenlos<span class=\"ez-toc-section-end\"><\/span><\/h3>\n\n\n\n<figure data-wp-context=\"{&quot;imageId&quot;:&quot;6a952387cb933&quot;}\" data-wp-interactive=\"core\/image\" data-wp-key=\"6a952387cb933\" class=\"wp-block-image size-full wp-lightbox-container\"><img decoding=\"async\" width=\"1000\" height=\"563\" data-wp-class--hide=\"state.isContentHidden\" data-wp-class--show=\"state.isContentVisible\" data-wp-init=\"callbacks.setButtonStyles\" data-wp-on--click=\"actions.showLightbox\" data-wp-on--load=\"callbacks.setButtonStyles\" data-wp-on--pointerdown=\"actions.preloadImage\" data-wp-on--pointerenter=\"actions.preloadImageWithDelay\" data-wp-on--pointerleave=\"actions.cancelPreload\" data-wp-on-window--resize=\"callbacks.setButtonStyles\" src=\"https:\/\/loudavymkrokem.cz\/wp-content\/uploads\/2026\/08\/nase-zviratka-putim-klokan.jpg\" alt=\"K\u00e4nguru im Mini-Zoo Na\u0161e zv\u00ed\u0159\u00e1tka in Putim\" class=\"wp-image-399583\" title=\"\" srcset=\"https:\/\/loudavymkrokem.cz\/wp-content\/uploads\/2026\/08\/nase-zviratka-putim-klokan.jpg 1000w, https:\/\/loudavymkrokem.cz\/wp-content\/uploads\/2026\/08\/nase-zviratka-putim-klokan-300x169.jpg 300w, https:\/\/loudavymkrokem.cz\/wp-content\/uploads\/2026\/08\/nase-zviratka-putim-klokan-700x394.jpg 700w, https:\/\/loudavymkrokem.cz\/wp-content\/uploads\/2026\/08\/nase-zviratka-putim-klokan-768x432.jpg 768w, https:\/\/loudavymkrokem.cz\/wp-content\/uploads\/2026\/08\/nase-zviratka-putim-klokan-696x392.jpg 696w\" sizes=\"(max-width: 1000px) 100vw, 1000px\" \/><button\n\t\t\tclass=\"lightbox-trigger\"\n\t\t\ttype=\"button\"\n\t\t\taria-haspopup=\"dialog\"\n\t\t\tdata-wp-bind--aria-label=\"state.thisImage.triggerButtonAriaLabel\"\n\t\t\tdata-wp-init=\"callbacks.initTriggerButton\"\n\t\t\tdata-wp-on--click=\"actions.showLightbox\"\n\t\t\tdata-wp-style--right=\"state.thisImage.buttonRight\"\n\t\t\tdata-wp-style--top=\"state.thisImage.buttonTop\"\n\t\t>\n\t\t\t<svg xmlns=\"http:\/\/www.w3.org\/2000\/svg\" width=\"12\" height=\"12\" fill=\"none\" viewBox=\"0 0 12 12\">\n\t\t\t\t<path fill=\"#fff\" d=\"M2 0a2 2 0 0 0-2 2v2h1.5V2a.5.5 0 0 1 .5-.5h2V0H2Zm2 10.5H2a.5.5 0 0 1-.5-.5V8H0v2a2 2 0 0 0 2 2h2v-1.5ZM8 12v-1.5h2a.5.5 0 0 0 .5-.5V8H12v2a2 2 0 0 1-2 2H8Zm2-12a2 2 0 0 1 2 2v2h-1.5V2a.5.5 0 0 0-.5-.5H8V0h2Z\" \/>\n\t\t\t<\/svg>\n\t\t<\/button><\/figure>\n\n\n\n<p class=\"wp-block-paragraph\">Das hier ist mein Lieblingstipp f\u00fcr die kleinsten Kinder. In Putim, <strong>zehn Minuten mit dem Auto von P\u00edsek<\/strong>, gibt es den familiengef\u00fchrten Mini-Zoo Na\u0161e zv\u00ed\u0159\u00e1tka, wo du K\u00e4ngurus, Erdm\u00e4nnchen, Ziegen, Greifv\u00f6gel und einen sprechenden Kolkraben triffst, und dazu gibt es hier einen Retro-Spielplatz mit Schaukeln und Sandkasten. Und jetzt das Beste: <strong>Der Eintritt ist kostenlos<\/strong>, es wird nur ein freiwilliger Beitrag in die Kasse gezahlt (empfohlen werden 50 bis 100 K\u010d \/ ca. 2\u20134 \u20ac), ge\u00f6ffnet ist t\u00e4glich von 9 bis 19 Uhr.<\/p>\n\n\n\n<p class=\"wp-block-paragraph\">\ud83d\udca1 <strong>Tipp:<\/strong> Verbinde es mit einem Spaziergang durch Putim, das Dorf, das durch \u0160vejk ber\u00fchmt wurde. Und wenn deine Kinder von Pferden tr\u00e4umen, gibt es ein St\u00fcck au\u00dferhalb von P\u00edsek in Smrkovice den <strong>Stall Merlin<\/strong>, wo du einen Ponyritt oder einen Spaziergang mit Lama oder Alpaka vereinbaren kannst. Ruf nur vorher an, hier l\u00e4uft alles auf Bestellung und die Preise gibt es auf Anfrage.<\/p>\n\n\n\n<h3 class=\"wp-block-heading\"><span class=\"ez-toc-section\" id=\"Freibad_beim_Wenzel_Baden_mit_Blick_auf_die_Otava\"><\/span>Freibad beim Wenzel: Baden mit Blick auf die Otava<span class=\"ez-toc-section-end\"><\/span><\/h3>\n\n\n\n<p class=\"wp-block-paragraph\">Wenn es hei\u00df ist, ziehen die Piseker Familien zum Freibad beim Wenzel, das hier schon \u00fcber 75 Jahre existiert. Es ist so ein Klassiker am Flussufer: ein <strong>Kinderbecken mit Rutsche, ein Planschbecken<\/strong>, und wer m\u00f6chte, schwimmt gleich in der Otava. Erwachsene zahlen <strong>90 K\u010d (ca. 3,70 \u20ac) pro Tag<\/strong>, Kinder unter 140 cm 60 K\u010d (ca. 2,50 \u20ac) und das Familienticket kostet 225 K\u010d (ca. 9 \u20ac), was ich mehr als fair finde. Im Areal leihst du dir au\u00dferdem ein Boot f\u00fcr hundert Kronen pro Stunde, und Erfrischungen gibt es direkt am Wasser.<\/p>\n\n\n\n<h3 class=\"wp-block-heading\"><span class=\"ez-toc-section\" id=\"Mit_dem_Boot_auf_der_Otava_Paddeln_auch_fuer_Familien\"><\/span>Mit dem Boot auf der Otava: Paddeln auch f\u00fcr Familien<span class=\"ez-toc-section-end\"><\/span><\/h3>\n\n\n\n<p class=\"wp-block-paragraph\">Die Otava rund um P\u00edsek ist ein ruhiger und langsamer Fluss, ideal f\u00fcr erste Paddelversuche mit Kindern. Die Verleihstellen bringen die Boote kostenlos direkt nach P\u00edsek, ein <strong>Familienkanu f\u00fcr zwei Erwachsene und zwei Kinder kostet rund 750 K\u010d (ca. 30 \u20ac) pro Tag<\/strong>, ein gro\u00dfes Raft f\u00fcr sechs Personen etwa 1.550 K\u010d (ca. 64 \u20ac), und im Preis sind Westen, F\u00e4sser und Paddel enthalten. Du musst nicht gleich eine Ganztagesexpedition planen, die Verleihstellen bieten auch <strong>kurze Nachmittagsfahrten von anderthalb bis drei Stunden<\/strong> an, den konkreten Abschnitt empfehlen sie dir je nach aktuellem Wasserstand.<\/p>\n\n\n\n<h3 class=\"wp-block-heading\"><span class=\"ez-toc-section\" id=\"Zemeraj_bei_Kovarov_Ein_Tag_im_Fruehmittelalter\"><\/span>Zem\u011br\u00e1j bei Kov\u00e1\u0159ov: Ein Tag im Fr\u00fchmittelalter<span class=\"ez-toc-section-end\"><\/span><\/h3>\n\n\n\n<figure data-wp-context=\"{&quot;imageId&quot;:&quot;6a952387ccce5&quot;}\" data-wp-interactive=\"core\/image\" data-wp-key=\"6a952387ccce5\" class=\"wp-block-image size-full wp-lightbox-container\"><img decoding=\"async\" width=\"1400\" height=\"550\" data-wp-class--hide=\"state.isContentHidden\" data-wp-class--show=\"state.isContentVisible\" data-wp-init=\"callbacks.setButtonStyles\" data-wp-on--click=\"actions.showLightbox\" data-wp-on--load=\"callbacks.setButtonStyles\" data-wp-on--pointerdown=\"actions.preloadImage\" data-wp-on--pointerenter=\"actions.preloadImageWithDelay\" data-wp-on--pointerleave=\"actions.cancelPreload\" data-wp-on-window--resize=\"callbacks.setButtonStyles\" src=\"https:\/\/loudavymkrokem.cz\/wp-content\/uploads\/2026\/08\/zemeraj-kovarov-lidova-staveni.jpg\" alt=\"Volkst\u00fcmliche Bauten im Erlebnispark Zem\u011br\u00e1j bei Kov\u00e1\u0159ov\" class=\"wp-image-399579\" title=\"\" srcset=\"https:\/\/loudavymkrokem.cz\/wp-content\/uploads\/2026\/08\/zemeraj-kovarov-lidova-staveni.jpg 1400w, https:\/\/loudavymkrokem.cz\/wp-content\/uploads\/2026\/08\/zemeraj-kovarov-lidova-staveni-300x118.jpg 300w, https:\/\/loudavymkrokem.cz\/wp-content\/uploads\/2026\/08\/zemeraj-kovarov-lidova-staveni-700x275.jpg 700w, https:\/\/loudavymkrokem.cz\/wp-content\/uploads\/2026\/08\/zemeraj-kovarov-lidova-staveni-768x302.jpg 768w, https:\/\/loudavymkrokem.cz\/wp-content\/uploads\/2026\/08\/zemeraj-kovarov-lidova-staveni-696x273.jpg 696w, https:\/\/loudavymkrokem.cz\/wp-content\/uploads\/2026\/08\/zemeraj-kovarov-lidova-staveni-1392x547.jpg 1392w\" sizes=\"(max-width: 1400px) 100vw, 1400px\" \/><button\n\t\t\tclass=\"lightbox-trigger\"\n\t\t\ttype=\"button\"\n\t\t\taria-haspopup=\"dialog\"\n\t\t\tdata-wp-bind--aria-label=\"state.thisImage.triggerButtonAriaLabel\"\n\t\t\tdata-wp-init=\"callbacks.initTriggerButton\"\n\t\t\tdata-wp-on--click=\"actions.showLightbox\"\n\t\t\tdata-wp-style--right=\"state.thisImage.buttonRight\"\n\t\t\tdata-wp-style--top=\"state.thisImage.buttonTop\"\n\t\t>\n\t\t\t<svg xmlns=\"http:\/\/www.w3.org\/2000\/svg\" width=\"12\" height=\"12\" fill=\"none\" viewBox=\"0 0 12 12\">\n\t\t\t\t<path fill=\"#fff\" d=\"M2 0a2 2 0 0 0-2 2v2h1.5V2a.5.5 0 0 1 .5-.5h2V0H2Zm2 10.5H2a.5.5 0 0 1-.5-.5V8H0v2a2 2 0 0 0 2 2h2v-1.5ZM8 12v-1.5h2a.5.5 0 0 0 .5-.5V8H12v2a2 2 0 0 1-2 2H8Zm2-12a2 2 0 0 1 2 2v2h-1.5V2a.5.5 0 0 0-.5-.5H8V0h2Z\" \/>\n\t\t\t<\/svg>\n\t\t<\/button><\/figure>\n\n\n\n<p class=\"wp-block-paragraph\">F\u00fcr diesen Ausflug solltest du dir einen ganzen Tag reservieren. Der Erlebnispark <strong>Zem\u011br\u00e1j<\/strong> bei Kov\u00e1\u0159ov (etwa 35 Minuten mit dem Auto Richtung Milevsko) ist ein belebtes Freilichtmuseum eines fr\u00fchmittelalterlichen Dorfes, wo Kinder alles anfassen k\u00f6nnen: Es wird Getreide gemahlen, historisches Handwerk ausprobiert, und dazu gibt es hier einen <strong>kilometerlangen Barfu\u00dfpfad<\/strong>, einen Wasserspielplatz, ein Labyrinth und mehr als hundert Spiele und Denksportaufgaben, verstreut \u00fcber das gesamte Areal.<\/p>\n\n\n\n<p class=\"wp-block-paragraph\">Der Eintritt betr\u00e4gt <strong>190 K\u010d (ca. 8 \u20ac) f\u00fcr Erwachsene und 170 K\u010d (ca. 7 \u20ac) f\u00fcr Kinder ab 2 Jahren<\/strong>, kleinere Kinder und das Parken sind kostenlos. Ge\u00f6ffnet ist von Mai bis Ende September, in den Ferien t\u00e4glich von 9:30 bis 18:30 Uhr, au\u00dferhalb der Ferien vor allem an Wochenenden. \ud83d\udca1 <strong>Tipp:<\/strong> F\u00fcr den Barfu\u00dfpfad pack ein Handtuch zum Absp\u00fclen der F\u00fc\u00dfe ein, du wirst es brauchen wollen.<\/p>\n\n\n\n<h3 class=\"wp-block-heading\"><span class=\"ez-toc-section\" id=\"Mit_dem_Zug_Elinka_ueber_die_Bruecke_Duha\"><\/span>Mit dem Zug Elinka \u00fcber die Br\u00fccke Duha<span class=\"ez-toc-section-end\"><\/span><\/h3>\n\n\n\n<p class=\"wp-block-paragraph\">Das hier ist ein Herzensding f\u00fcr kleine und gro\u00dfe Zugfans. An den Ferien-Samstagen f\u00e4hrt auf der Strecke von T\u00e1bor nach Bechyn\u011b der historische elektrische Wagen <strong>Elinka aus dem Jahr 1903<\/strong>, der \u00e4lteste seiner Art in Tschechien, und mit ihm die pr\u00e4chtige Lokomotive Bobinka. Die Strecke ist \u00fcbrigens denkw\u00fcrdig, es handelt sich um die erste elektrifizierte Bahn in unserem Land, und der Zug \u00fcberquert auf dem Weg auch die ber\u00fchmte Br\u00fccke <strong>Bechy\u0148sk\u00e1 duha (Bechyner Regenbogen)<\/strong>.<\/p>\n\n\n\n<p class=\"wp-block-paragraph\">Von P\u00edsek kommst du am bequemsten nach Bechyn\u011b (eine halbe Stunde mit dem Auto) und steigst in die R\u00fcckfahrten gegen 11:25 und 15:25 Uhr ein. Das Ticket kostet <strong>200 K\u010d (ca. 8 \u20ac) f\u00fcr Erwachsene und 100 K\u010d (ca. 4 \u20ac) f\u00fcr Kinder<\/strong> von 6 bis 15 Jahren. Die aktuellen Termine und Zeiten \u00fcberpr\u00fcfe vor der Fahrt bei den Tschechischen Bahnen, jedes Jahr k\u00f6nnen sie sich etwas unterscheiden.<\/p>\n\n\n\n<h2 class=\"wp-block-heading\"><span class=\"ez-toc-section\" id=\"Was_man_in_Pisek_unternehmen_kann_wenn_es_regnet\"><\/span>Was man in P\u00edsek unternehmen kann, wenn es regnet<span class=\"ez-toc-section-end\"><\/span><\/h2>\n\n\n\n<figure data-wp-context=\"{&quot;imageId&quot;:&quot;6a952387cf708&quot;}\" data-wp-interactive=\"core\/image\" data-wp-key=\"6a952387cf708\" class=\"wp-block-image size-full wp-lightbox-container\"><img decoding=\"async\" width=\"2200\" height=\"1467\" data-wp-class--hide=\"state.isContentHidden\" data-wp-class--show=\"state.isContentVisible\" data-wp-init=\"callbacks.setButtonStyles\" data-wp-on--click=\"actions.showLightbox\" data-wp-on--load=\"callbacks.setButtonStyles\" data-wp-on--pointerdown=\"actions.preloadImage\" data-wp-on--pointerenter=\"actions.preloadImageWithDelay\" data-wp-on--pointerleave=\"actions.cancelPreload\" data-wp-on-window--resize=\"callbacks.setButtonStyles\" src=\"https:\/\/loudavymkrokem.cz\/wp-content\/uploads\/2026\/08\/pisek-prachenske-muzeum-nadvori.jpg\" alt=\"Innenhof der Burg P\u00edsek mit dem Pr\u00e1che\u0148-Museum\" class=\"wp-image-399341\" title=\"\" srcset=\"https:\/\/loudavymkrokem.cz\/wp-content\/uploads\/2026\/08\/pisek-prachenske-muzeum-nadvori.jpg 2200w, https:\/\/loudavymkrokem.cz\/wp-content\/uploads\/2026\/08\/pisek-prachenske-muzeum-nadvori-300x200.jpg 300w, https:\/\/loudavymkrokem.cz\/wp-content\/uploads\/2026\/08\/pisek-prachenske-muzeum-nadvori-700x467.jpg 700w, https:\/\/loudavymkrokem.cz\/wp-content\/uploads\/2026\/08\/pisek-prachenske-muzeum-nadvori-768x512.jpg 768w, https:\/\/loudavymkrokem.cz\/wp-content\/uploads\/2026\/08\/pisek-prachenske-muzeum-nadvori-1536x1024.jpg 1536w, https:\/\/loudavymkrokem.cz\/wp-content\/uploads\/2026\/08\/pisek-prachenske-muzeum-nadvori-2048x1366.jpg 2048w, https:\/\/loudavymkrokem.cz\/wp-content\/uploads\/2026\/08\/pisek-prachenske-muzeum-nadvori-696x464.jpg 696w, https:\/\/loudavymkrokem.cz\/wp-content\/uploads\/2026\/08\/pisek-prachenske-muzeum-nadvori-1392x928.jpg 1392w, https:\/\/loudavymkrokem.cz\/wp-content\/uploads\/2026\/08\/pisek-prachenske-muzeum-nadvori-1920x1280.jpg 1920w\" sizes=\"(max-width: 2200px) 100vw, 2200px\" \/><button\n\t\t\tclass=\"lightbox-trigger\"\n\t\t\ttype=\"button\"\n\t\t\taria-haspopup=\"dialog\"\n\t\t\tdata-wp-bind--aria-label=\"state.thisImage.triggerButtonAriaLabel\"\n\t\t\tdata-wp-init=\"callbacks.initTriggerButton\"\n\t\t\tdata-wp-on--click=\"actions.showLightbox\"\n\t\t\tdata-wp-style--right=\"state.thisImage.buttonRight\"\n\t\t\tdata-wp-style--top=\"state.thisImage.buttonTop\"\n\t\t>\n\t\t\t<svg xmlns=\"http:\/\/www.w3.org\/2000\/svg\" width=\"12\" height=\"12\" fill=\"none\" viewBox=\"0 0 12 12\">\n\t\t\t\t<path fill=\"#fff\" d=\"M2 0a2 2 0 0 0-2 2v2h1.5V2a.5.5 0 0 1 .5-.5h2V0H2Zm2 10.5H2a.5.5 0 0 1-.5-.5V8H0v2a2 2 0 0 0 2 2h2v-1.5ZM8 12v-1.5h2a.5.5 0 0 0 .5-.5V8H12v2a2 2 0 0 1-2 2H8Zm2-12a2 2 0 0 1 2 2v2h-1.5V2a.5.5 0 0 0-.5-.5H8V0h2Z\" \/>\n\t\t\t<\/svg>\n\t\t<\/button><\/figure>\n\n\n\n<p class=\"wp-block-paragraph\">Ein regnerischer Tag in P\u00edsek ist kein Grund, die Koffer zu packen. Eigentlich, und das sage ich ehrlich, sind manche der besten Erlebnisse hier gerade unter Dach. <strong>Hier ist eine Liste von Orten, wo du dich unterstellen kannst, ohne das Gef\u00fchl zu haben, nur die Zeit totzuschlagen.<\/strong><\/p>\n\n\n\n<ul class=\"wp-block-list\">\n<li><strong>Sladovna<\/strong> \u2013 klare Wahl Nummer eins. Vier Stockwerke Spa\u00df f\u00fcr die ganze Familie, hier verbringst du problemlos einen ganzen Vor- oder Nachmittag.<\/li>\n\n\n\n<li><strong>Pr\u00e1che\u0148-Museum<\/strong> \u2013 die gotische Burg, Sammlungen von der Urzeit bis zur Gegenwart. Im Regen hat diese Atmosph\u00e4re noch mehr Kraft.<\/li>\n\n\n\n<li><strong>K\u0159i\u017e\u00edks Elektrizit\u00e4tswerk<\/strong> \u2013 Achtung, derzeit ist es wegen Renovierung <strong>geschlossen<\/strong>. Aber verfolge, wann es \u00f6ffnet, denn das wird sich lohnen.<\/li>\n\n\n\n<li><strong>Caf\u00e9s<\/strong> \u2013 in P\u00edsek ist die Caf\u00e9-Szene \u00fcberraschend reich. W\u00e4hle das <strong>Balz\u00e1m caf\u00e9<\/strong> f\u00fcr ein ruhiges Beisammensein, das <strong>Sova na V\u011btvi<\/strong> f\u00fcr ausgezeichneten Kaffee, das <strong>A\u017e na p\u016fdu<\/strong> f\u00fcr ein Fr\u00fchst\u00fcck und Sitzen im Hof, das <strong>Frame<\/strong> f\u00fcr modernes Design und eine Tasse Kaffee oder Matcha, das <strong>Travel Cafe<\/strong> (unser Lieblingscaf\u00e9, mit Garten und Sandkasten), wenn du wenigstens in Gedanken reisen und dazu einen guten Brunch essen m\u00f6chtest. Eine eigene Kategorie sind die Spielr\u00e4ume, vor allem die <strong>My\u0161ka herna<\/strong>.<\/li>\n\n\n\n<li><strong>Restaurants<\/strong> \u2013 ein regnerischer Tag ist eine tolle Ausrede f\u00fcr ein ordentliches Mittagessen. Mehr im Abschnitt \u00fcber Essen weiter unten.<\/li>\n\n\n\n<li><strong>Kino Porty\u010d<\/strong> \u2013 erwarte kein modernes Multiplex mit gro\u00dfer Auswahl an Erfrischungen, aber einen neuen Film schaust du dir zum volkst\u00fcmlichen Preis an.<\/li>\n\n\n\n<li><strong>Museum der Milevsker Maskeraden<\/strong> \u2013 eine halbe Stunde mit dem Auto und du bist im Museum des \u00e4ltesten Faschingsumzugs Tschechiens. Die Kinder probieren Repliken der Masken aus, spielen mit Tablets und bemalen in der Werkstatt ihre eigene Maske. Eintritt 60\/30 K\u010d (ca. 2,50\/1,20 \u20ac), Familie 140 K\u010d (ca. 6 \u20ac).<\/li>\n\n\n\n<li><strong>Aquapark Hora\u017e\u010fovice<\/strong> \u2013 vierzig Minuten mit dem Auto, daf\u00fcr aber Wasserrutsche, Wildwasser, Wellenbad und ein Kinderbecken mit Piratenschiff. Das Familienticket f\u00fcr zwei Stunden kostet 490 K\u010d (ca. 20 \u20ac). Ein Hallenbad mit einer 86 Meter langen Rutsche findest du auch n\u00e4her, in Strakonice.<\/li>\n\n\n\n<li><strong>Schwimmstadion + Dampfbad<\/strong> \u2013 das Hallenbad und das Dampfbad funktionieren, nur der Au\u00dfenbereich ist derzeit geschlossen (die Stadt baut n\u00e4mlich ein ganz neues Schwimmbad). Wenn schon Wasser von drau\u00dfen kommt, dann sei wenigstens im warmen.<\/li>\n\n\n\n<li><strong>Harmony<\/strong> \u2013 Yoga, Pilates, Fitnessstudio, Sauna, Massagen. Ein regnerischer Tag l\u00e4sst sich in einen Wellness-Tag verwandeln, oder?<\/li>\n\n\n\n<li><strong>Puppy-Yoga in der Mini Academy<\/strong> \u2013 Yoga mit Welpen. Ja, du liest richtig. Yoga. Mit. Welpen. Muss ich mehr sagen? \ud83d\ude05<\/li>\n<\/ul>\n\n\n\n<h2 class=\"wp-block-heading\"><span class=\"ez-toc-section\" id=\"Wo_du_in_Pisek_parken_kannst\"><\/span>Wo du in P\u00edsek parken kannst<span class=\"ez-toc-section-end\"><\/span><\/h2>\n\n\n\n<p class=\"wp-block-paragraph\">Das Parken in P\u00edsek kann manchmal eine Herausforderung sein, und ein paar Dinge sollte man vorher wissen, um nicht unn\u00f6tig durchs Zentrum zu kreisen. Die Stadt hat drei Preiszonen und das System ist \u00fcbersichtlich.<\/p>\n\n\n\n<p class=\"wp-block-paragraph\"><strong>Zone I (Zentrum):<\/strong><\/p>\n\n\n\n<ul class=\"wp-block-list\">\n<li>1. Stunde: 20 K\u010d (ca. 0,80 \u20ac)<\/li>\n\n\n\n<li>2. Stunde: 30 K\u010d (ca. 1,20 \u20ac)<\/li>\n\n\n\n<li>Jede weitere Stunde: 60 K\u010d (ca. 2,50 \u20ac)<\/li>\n<\/ul>\n\n\n\n<p class=\"wp-block-paragraph\"><strong>Zone II (erweitertes Zentrum):<\/strong><\/p>\n\n\n\n<ul class=\"wp-block-list\">\n<li>1.\u20132. Stunde: 10 K\u010d (ca. 0,40 \u20ac)<\/li>\n\n\n\n<li>Jede weitere Stunde: 30 K\u010d (ca. 1,20 \u20ac)<\/li>\n<\/ul>\n\n\n\n<p class=\"wp-block-paragraph\"><strong>Zone III (Rand):<\/strong><\/p>\n\n\n\n<ul class=\"wp-block-list\">\n<li>10 K\u010d (ca. 0,40 \u20ac)\/Stunde<\/li>\n<\/ul>\n\n\n\n<p class=\"wp-block-paragraph\"><strong>An gesetzlichen Feiertagen ist das Parken \u00fcberall kostenlos und sonntags fast \u00fcberall<\/strong>, eine Ausnahme ist der Gro\u00dfe Platz, wo jeden Tag bezahlt wird.<\/p>\n\n\n\n<p class=\"wp-block-paragraph\">Bezahlen kannst du \u00fcber die App <strong>MPLA<\/strong>, was wohl die bequemste Variante ist. Kein Suchen nach M\u00fcnzen, kein Rennen zum Automaten.<\/p>\n\n\n\n<p class=\"wp-block-paragraph\"><strong>Mein Tipp:<\/strong> Wenn du f\u00fcr l\u00e4ngere Zeit kommst, parke beim <strong>Ausstellungsgel\u00e4nde<\/strong> oder <strong>beim Kulturhaus<\/strong> \u2013 es ist ein kurzes St\u00fcck vom Zentrum entfernt, die Zone ist g\u00fcnstiger und Pl\u00e4tze sind hier meist frei. Ein paar Minuten Gehen schaden dir nicht und dein Geldbeutel dankt es dir. Wenn du <strong>bei der Sporthalle Elim parkst<\/strong>, ist es komplett kostenlos.<\/p>\n\n\n\n<h2 class=\"wp-block-heading\"><span class=\"ez-toc-section\" id=\"Wo_du_in_Pisek_gut_essen_und_trinken_kannst\"><\/span>Wo du in P\u00edsek gut essen und trinken kannst<span class=\"ez-toc-section-end\"><\/span><\/h2>\n\n\n\n<figure data-wp-context=\"{&quot;imageId&quot;:&quot;6a952387d077c&quot;}\" data-wp-interactive=\"core\/image\" data-wp-key=\"6a952387d077c\" class=\"wp-block-image size-full wp-lightbox-container\"><img decoding=\"async\" width=\"2200\" height=\"1467\" data-wp-class--hide=\"state.isContentHidden\" data-wp-class--show=\"state.isContentVisible\" data-wp-init=\"callbacks.setButtonStyles\" data-wp-on--click=\"actions.showLightbox\" data-wp-on--load=\"callbacks.setButtonStyles\" data-wp-on--pointerdown=\"actions.preloadImage\" data-wp-on--pointerenter=\"actions.preloadImageWithDelay\" data-wp-on--pointerleave=\"actions.cancelPreload\" data-wp-on-window--resize=\"callbacks.setButtonStyles\" src=\"https:\/\/loudavymkrokem.cz\/wp-content\/uploads\/2026\/08\/pisek-namesticko-zahradky.jpg\" alt=\"Kleiner Platz im Zentrum von P\u00edsek mit Sommerg\u00e4rten\" class=\"wp-image-399382\" title=\"\" srcset=\"https:\/\/loudavymkrokem.cz\/wp-content\/uploads\/2026\/08\/pisek-namesticko-zahradky.jpg 2200w, https:\/\/loudavymkrokem.cz\/wp-content\/uploads\/2026\/08\/pisek-namesticko-zahradky-300x200.jpg 300w, https:\/\/loudavymkrokem.cz\/wp-content\/uploads\/2026\/08\/pisek-namesticko-zahradky-700x467.jpg 700w, https:\/\/loudavymkrokem.cz\/wp-content\/uploads\/2026\/08\/pisek-namesticko-zahradky-768x512.jpg 768w, https:\/\/loudavymkrokem.cz\/wp-content\/uploads\/2026\/08\/pisek-namesticko-zahradky-1536x1024.jpg 1536w, https:\/\/loudavymkrokem.cz\/wp-content\/uploads\/2026\/08\/pisek-namesticko-zahradky-2048x1366.jpg 2048w, https:\/\/loudavymkrokem.cz\/wp-content\/uploads\/2026\/08\/pisek-namesticko-zahradky-696x464.jpg 696w, https:\/\/loudavymkrokem.cz\/wp-content\/uploads\/2026\/08\/pisek-namesticko-zahradky-1392x928.jpg 1392w, https:\/\/loudavymkrokem.cz\/wp-content\/uploads\/2026\/08\/pisek-namesticko-zahradky-1920x1280.jpg 1920w\" sizes=\"(max-width: 2200px) 100vw, 2200px\" \/><button\n\t\t\tclass=\"lightbox-trigger\"\n\t\t\ttype=\"button\"\n\t\t\taria-haspopup=\"dialog\"\n\t\t\tdata-wp-bind--aria-label=\"state.thisImage.triggerButtonAriaLabel\"\n\t\t\tdata-wp-init=\"callbacks.initTriggerButton\"\n\t\t\tdata-wp-on--click=\"actions.showLightbox\"\n\t\t\tdata-wp-style--right=\"state.thisImage.buttonRight\"\n\t\t\tdata-wp-style--top=\"state.thisImage.buttonTop\"\n\t\t>\n\t\t\t<svg xmlns=\"http:\/\/www.w3.org\/2000\/svg\" width=\"12\" height=\"12\" fill=\"none\" viewBox=\"0 0 12 12\">\n\t\t\t\t<path fill=\"#fff\" d=\"M2 0a2 2 0 0 0-2 2v2h1.5V2a.5.5 0 0 1 .5-.5h2V0H2Zm2 10.5H2a.5.5 0 0 1-.5-.5V8H0v2a2 2 0 0 0 2 2h2v-1.5ZM8 12v-1.5h2a.5.5 0 0 0 .5-.5V8H12v2a2 2 0 0 1-2 2H8Zm2-12a2 2 0 0 1 2 2v2h-1.5V2a.5.5 0 0 0-.5-.5H8V0h2Z\" \/>\n\t\t\t<\/svg>\n\t\t<\/button><\/figure>\n\n\n\n<p class=\"wp-block-paragraph\">P\u00edsek ist eine Stadt, in der man \u00fcberraschend gut isst und trinkt. Keine gastronomische W\u00fcste, wie manch einer von einer Stadt dieser Gr\u00f6\u00dfe erwarten k\u00f6nnte. Hier sind die <strong>Lokale, in die wir in P\u00edsek gern gehen<\/strong>, und weil mein Mann und ich beide Vegetarier sind, schreibe ich vor allem \u00fcber das, was wir uns bestellen.<\/p>\n\n\n\n<p class=\"wp-block-paragraph\"><strong>Unsere vier Stammlokale zum Essen:<\/strong><\/p>\n\n\n\n<ul class=\"wp-block-list\">\n<li><strong>Tandoor<\/strong> (Heydukova 172\/10) \u2013 ein indisches Restaurant, versteckt in einer Passage von der Heyduk-Stra\u00dfe zum Palack\u00fd-Park, Zugang \u00fcber Treppen. Nepalesische K\u00f6che, ein echter Tandoor-Ofen und ein tolles vegetarisches Angebot: <strong>Palak Paneer, Daal Makhani oder Channa Masala um 175 K\u010d (ca. 7 \u20ac)<\/strong>, dazu frisches Naan f\u00fcr 55 K\u010d (ca. 2,30 \u20ac). Sonntags geschlossen.<\/li>\n\n\n\n<li><strong>Do Nebe<\/strong> (Palack\u00e9ho sady 68\/9) \u2013 ein <strong>glutenfreies Restaurant<\/strong>, das sich heute als Steakhouse profiliert, aber der Gro\u00dfteil der Karte ist nat\u00fcrlich glutenfrei, und f\u00fcr Z\u00f6liakiebetroffene ist es in P\u00edsek die Adresse Nummer eins. Die Karte wechselt dort aber st\u00e4ndig, sodass ich im Voraus nicht wei\u00df, ob wir als Vegetarier satt werden \u2014 manchmal haben sie etwas Fleischloses, und dann gehen wir gern hin. Das Tagesmen\u00fc kostet 54\u2013249 K\u010d (ca. 2\u201310 \u20ac). Garten im Park, ein kleines St\u00fcck weiter ein Spielplatz, sonntags geschlossen.<\/li>\n\n\n\n<li><strong>Pizzeria San Marco<\/strong> (Velk\u00e9 n\u00e1m\u011bst\u00ed 118\/11) \u2013 ein italienisches Restaurant direkt am Platz, mit italienischem Besitzer, Holzofen und hausgemachter Pasta. Margherita, Quattro Formaggi, Lasagne und Tiramisu, rechne mit <strong>200\u2013300 K\u010d (ca. 8\u201312 \u20ac) pro Person<\/strong>.<\/li>\n\n\n\n<li><strong>Pomodoro Ristorante Italiano<\/strong> (Bakal\u00e1\u0159e 147\/3) \u2013 der zweite Italiener, diesmal gleich bei der Kirche Mari\u00e4 Geburt. Eigene Pasta, Gnocchi, Pesto und Eis, im Sommer eine Terrasse mit Eisdiele. Wenn im San Marco voll ist, ist es hier meist ruhiger.<\/li>\n<\/ul>\n\n\n\n<p class=\"wp-block-paragraph\"><strong>Weitere Lokale, die erw\u00e4hnenswert sind:<\/strong><\/p>\n\n\n\n<ul class=\"wp-block-list\">\n<li><strong>Kozlovna u Plechandy<\/strong> (Svatotrojick\u00e1 164\/5) \u2013 tschechischer Klassiker mit einer Terrasse mit Blick auf die Steinerne Br\u00fccke, auf der Speisekarte gibt es auch ein paar vegetarische Gerichte und sie haben Kinderst\u00fchle. Die lokale Spezialit\u00e4t ist Sv\u00ed\u010dkov\u00e1 (Lendenbraten in Rahmsauce) und Eisbein, ohne Reservierung kommst du in der Saison schwer hinein.<\/li>\n\n\n\n<li><strong>Chapelle<\/strong> im Hotel U Kapli\u010dky \u2013 moderne K\u00fcche, ausgezeichnet im Michelin-F\u00fchrer 2026, elegantere Umgebung, ideal f\u00fcr ein romantisches Abendessen oder eine Feier.<\/li>\n\n\n\n<li><strong>U Reiner\u016f<\/strong> (Palack\u00e9ho sady 98) \u2013 ein Restaurant aus dem Jahr 1844 mit Garten im Park. Seine Glanzzeit hat es wohl hinter sich, aber f\u00fcr ein frisch gezapftes Pilsner und eine ordentliche Portion Geschichte ist es einen Halt wert.<\/li>\n\n\n\n<li><strong>Aura<\/strong> (Velk\u00e9 n\u00e1m\u011bst\u00ed 104) \u2013 asiatische K\u00fcche f\u00fcr alle, die etwas anderes wollen.<\/li>\n\n\n\n<li><strong>Restaurant Ostrov<\/strong> auf der Stadtinsel \u2013 ein Garten im Halbschatten mit umz\u00e4untem Kinderspielplatz, Minigolf und Booten. Gebackener K\u00e4se f\u00fcr 209 K\u010d (ca. 9 \u20ac), mit Kindern ideal.<\/li>\n<\/ul>\n\n\n\n<p class=\"wp-block-paragraph\"><strong>Caf\u00e9s<\/strong> (weil Kaffee eine eigene Kategorie verdient):<\/p>\n\n\n\n<ul class=\"wp-block-list\">\n<li><strong>Travel Cafe<\/strong> (Komensk\u00e9ho 87\/16) \u2013 mein Lieblingscaf\u00e9 in P\u00edsek. Spezialit\u00e4tenkaffee, Fr\u00fchst\u00fcck und Brunch, abends Wein, und vor allem ein Garten im Innenhof mit Sandkasten. Zwei Minuten vom Platz.<\/li>\n\n\n\n<li><strong>Coffee Dealer<\/strong> (Drl\u00ed\u010dov 145\/17) \u2013 Espresso- und Brew-Bar f\u00fcr alle, die Kaffee ernst nehmen, vor allem Filterkaffee. Mo\u2013Sa 9\u201317, So 10:30\u201317 Uhr.<\/li>\n\n\n\n<li><strong>Kaf\u00e9rna<\/strong> (Heyduk-Stra\u00dfe) \u2013 und hier muss ich ehrlich sein. Der Kaffee ist dort gut, keine Frage, aber die Bedienung kann aus unbekannten Gr\u00fcnden quer \u00fcber die Stra\u00dfe nach dir schreien. Diese Kaffeebar ist unter Einheimischen f\u00fcr ihre unangenehme Bedienung bekannt, und es w\u00e4re schade, sich damit den Besuch in P\u00edsek zu verderben. Geh lieber zur Kirche ins Coffee Dealer.<\/li>\n\n\n\n<li><strong>Sova na V\u011btvi<\/strong> \u2013 eigene R\u00f6sterei und Kinderecke, ein kurzes St\u00fcck von der Br\u00fccke<\/li>\n\n\n\n<li><strong>Balz\u00e1m Caf\u00e9<\/strong> \u2013 Musikcaf\u00e9 in der Sladovna, im Sommer Konzerte am Mittwoch<\/li>\n\n\n\n<li><strong>Frame Kaf\u00e9<\/strong> \u2013 modern, Design, Brunch bei der Steinernen Br\u00fccke<\/li>\n\n\n\n<li><strong>A\u017e na p\u016fdu<\/strong> \u2013 Fr\u00fchst\u00fcck und Sitzen im Hof; im selben Haus ist auch der Spielraum Hernajs (ein eigenst\u00e4ndiges Lokal)<\/li>\n\n\n\n<li><strong>Upekla<\/strong> \u2013 hausgemachtes Geb\u00e4ck, Kuchen und Torten in der Bibliothek, Sandkasten im Innenhof<\/li>\n\n\n\n<li><strong>SOHO Cafe<\/strong> \u2013 umz\u00e4unte Kinderecke und Pfannkuchen am Gro\u00dfen Platz<\/li>\n\n\n\n<li><strong>Park Caf\u00e9 67<\/strong> \u2013 die besten Waffeln der ganzen Stadt<\/li>\n<\/ul>\n\n\n\n<p class=\"wp-block-paragraph\"><strong>Wein und Drinks:<\/strong><\/p>\n\n\n\n<ul class=\"wp-block-list\">\n<li><strong>Degust\u00e1rna<\/strong> (Bakal\u00e1\u0159e 44\/4) \u2013 f\u00fcr Weinliebhaber<\/li>\n\n\n\n<li><strong>V\u00edno Hru\u0161ka<\/strong> \u2013 ein weiterer Weintipp<\/li>\n\n\n\n<li><strong>Kav\u00e1rni\u010dka Hella<\/strong> \u2013 Kaffee und Cocktails und eine angenehme Abendatmosph\u00e4re<\/li>\n\n\n\n<li><strong>Revolution bar<\/strong> \u2013 Drinks, Musik, etwas mehr Energie, tolle Barkeeper<\/li>\n<\/ul>\n\n\n\n<h2 class=\"wp-block-heading\"><span class=\"ez-toc-section\" id=\"Ausflugstipps_rund_um_Pisek_13_Orte_fuer_einen_Tagesausflug\"><\/span>Ausflugstipps rund um P\u00edsek: 13 Orte f\u00fcr einen Tagesausflug<span class=\"ez-toc-section-end\"><\/span><\/h2>\n\n\n\n<p class=\"wp-block-paragraph\">P\u00edsek ist eine tolle Basis f\u00fcr Ausfl\u00fcge durch S\u00fcdb\u00f6hmen. Mit dem Auto, dem Bus, dem Rad \u2013 von hier kommst du \u00fcberallhin. Und dieses \u201e\u00fcberallhin&#8220; umfasst Burgen, Stauseen, Krokodile und den B\u00f6hmerwald. <strong>Hier sind dreizehn Orte, zu denen sich ein Ausflug lohnt.<\/strong><\/p>\n\n\n\n<p class=\"wp-block-paragraph\"><strong>Lies auch: <a href=\"https:\/\/loudavymkrokem.cz\/de\/schoenste-orte-suedboehmen\/\">Urlaub in S\u00fcdb\u00f6hmen: die 15 sch\u00f6nsten Orte (auch mit Kindern)<\/a><\/strong><\/p>\n\n\n\n<h3 class=\"wp-block-heading\"><span class=\"ez-toc-section\" id=\"Burg_Zvikov_und_Schloss_Orlik\"><\/span>Burg Zv\u00edkov und Schloss Orl\u00edk<span class=\"ez-toc-section-end\"><\/span><\/h3>\n\n\n\n<figure data-wp-context=\"{&quot;imageId&quot;:&quot;6a952387d6c9d&quot;}\" data-wp-interactive=\"core\/image\" data-wp-key=\"6a952387d6c9d\" class=\"wp-block-image size-full wp-lightbox-container\"><img decoding=\"async\" width=\"1600\" height=\"856\" data-wp-class--hide=\"state.isContentHidden\" data-wp-class--show=\"state.isContentVisible\" data-wp-init=\"callbacks.setButtonStyles\" data-wp-on--click=\"actions.showLightbox\" data-wp-on--load=\"callbacks.setButtonStyles\" data-wp-on--pointerdown=\"actions.preloadImage\" data-wp-on--pointerenter=\"actions.preloadImageWithDelay\" data-wp-on--pointerleave=\"actions.cancelPreload\" data-wp-on-window--resize=\"callbacks.setButtonStyles\" src=\"https:\/\/loudavymkrokem.cz\/wp-content\/uploads\/2026\/08\/hrad-zvikov-soutok-otavy-a-vltavy.jpg\" alt=\"Burg Zv\u00edkov am Zusammenfluss von Otava und Moldau\" class=\"wp-image-399401\" title=\"\" srcset=\"https:\/\/loudavymkrokem.cz\/wp-content\/uploads\/2026\/08\/hrad-zvikov-soutok-otavy-a-vltavy.jpg 1600w, https:\/\/loudavymkrokem.cz\/wp-content\/uploads\/2026\/08\/hrad-zvikov-soutok-otavy-a-vltavy-300x161.jpg 300w, https:\/\/loudavymkrokem.cz\/wp-content\/uploads\/2026\/08\/hrad-zvikov-soutok-otavy-a-vltavy-700x375.jpg 700w, https:\/\/loudavymkrokem.cz\/wp-content\/uploads\/2026\/08\/hrad-zvikov-soutok-otavy-a-vltavy-768x411.jpg 768w, https:\/\/loudavymkrokem.cz\/wp-content\/uploads\/2026\/08\/hrad-zvikov-soutok-otavy-a-vltavy-1536x822.jpg 1536w, https:\/\/loudavymkrokem.cz\/wp-content\/uploads\/2026\/08\/hrad-zvikov-soutok-otavy-a-vltavy-696x372.jpg 696w, https:\/\/loudavymkrokem.cz\/wp-content\/uploads\/2026\/08\/hrad-zvikov-soutok-otavy-a-vltavy-1392x745.jpg 1392w\" sizes=\"(max-width: 1600px) 100vw, 1600px\" \/><button\n\t\t\tclass=\"lightbox-trigger\"\n\t\t\ttype=\"button\"\n\t\t\taria-haspopup=\"dialog\"\n\t\t\tdata-wp-bind--aria-label=\"state.thisImage.triggerButtonAriaLabel\"\n\t\t\tdata-wp-init=\"callbacks.initTriggerButton\"\n\t\t\tdata-wp-on--click=\"actions.showLightbox\"\n\t\t\tdata-wp-style--right=\"state.thisImage.buttonRight\"\n\t\t\tdata-wp-style--top=\"state.thisImage.buttonTop\"\n\t\t>\n\t\t\t<svg xmlns=\"http:\/\/www.w3.org\/2000\/svg\" width=\"12\" height=\"12\" fill=\"none\" viewBox=\"0 0 12 12\">\n\t\t\t\t<path fill=\"#fff\" d=\"M2 0a2 2 0 0 0-2 2v2h1.5V2a.5.5 0 0 1 .5-.5h2V0H2Zm2 10.5H2a.5.5 0 0 1-.5-.5V8H0v2a2 2 0 0 0 2 2h2v-1.5ZM8 12v-1.5h2a.5.5 0 0 0 .5-.5V8H12v2a2 2 0 0 1-2 2H8Zm2-12a2 2 0 0 1 2 2v2h-1.5V2a.5.5 0 0 0-.5-.5H8V0h2Z\" \/>\n\t\t\t<\/svg>\n\t\t<\/button><\/figure>\n\n\n\n<p class=\"wp-block-paragraph\">Zv\u00edkov steht am Zusammenfluss von Otava und Moldau und ist wohl die <strong>sch\u00f6nste Burg der Umgebung<\/strong>. Der Eintritt liegt bei etwa 180 K\u010d (ca. 7 \u20ac), und wenn du hungrig wirst, rettet dich der Brauereihof Zv\u00edkov. Ein St\u00fcck weiter liegt das Schloss Orl\u00edk \u00fcber dem Stausee, und in den Ferien f\u00e4hrt zwischen Zv\u00edkov und Orl\u00edk sogar ein Ausflugsschiff, die Fahrt dauert etwa 50 Minuten und kostet 300 K\u010d (ca. 12 \u20ac). Ein Ausflug wie aus dem M\u00e4rchen.<\/p>\n\n\n\n<h3 class=\"wp-block-heading\"><span class=\"ez-toc-section\" id=\"Krokodil-Zoo_Protivin\"><\/span>Krokodil-Zoo Protiv\u00edn<span class=\"ez-toc-section-end\"><\/span><\/h3>\n\n\n\n<figure data-wp-context=\"{&quot;imageId&quot;:&quot;6a952387d7462&quot;}\" data-wp-interactive=\"core\/image\" data-wp-key=\"6a952387d7462\" class=\"wp-block-image size-full wp-lightbox-container\"><img decoding=\"async\" width=\"1120\" height=\"800\" data-wp-class--hide=\"state.isContentHidden\" data-wp-class--show=\"state.isContentVisible\" data-wp-init=\"callbacks.setButtonStyles\" data-wp-on--click=\"actions.showLightbox\" data-wp-on--load=\"callbacks.setButtonStyles\" data-wp-on--pointerdown=\"actions.preloadImage\" data-wp-on--pointerenter=\"actions.preloadImageWithDelay\" data-wp-on--pointerleave=\"actions.cancelPreload\" data-wp-on-window--resize=\"callbacks.setButtonStyles\" src=\"https:\/\/loudavymkrokem.cz\/wp-content\/uploads\/2026\/08\/krokodyli-zoo-protivin-aligator.jpg\" alt=\"Alligator im Krokodil-Zoo Protiv\u00edn\" class=\"wp-image-399574\" title=\"\" srcset=\"https:\/\/loudavymkrokem.cz\/wp-content\/uploads\/2026\/08\/krokodyli-zoo-protivin-aligator.jpg 1120w, https:\/\/loudavymkrokem.cz\/wp-content\/uploads\/2026\/08\/krokodyli-zoo-protivin-aligator-300x214.jpg 300w, https:\/\/loudavymkrokem.cz\/wp-content\/uploads\/2026\/08\/krokodyli-zoo-protivin-aligator-700x500.jpg 700w, https:\/\/loudavymkrokem.cz\/wp-content\/uploads\/2026\/08\/krokodyli-zoo-protivin-aligator-768x549.jpg 768w, https:\/\/loudavymkrokem.cz\/wp-content\/uploads\/2026\/08\/krokodyli-zoo-protivin-aligator-696x497.jpg 696w\" sizes=\"(max-width: 1120px) 100vw, 1120px\" \/><button\n\t\t\tclass=\"lightbox-trigger\"\n\t\t\ttype=\"button\"\n\t\t\taria-haspopup=\"dialog\"\n\t\t\tdata-wp-bind--aria-label=\"state.thisImage.triggerButtonAriaLabel\"\n\t\t\tdata-wp-init=\"callbacks.initTriggerButton\"\n\t\t\tdata-wp-on--click=\"actions.showLightbox\"\n\t\t\tdata-wp-style--right=\"state.thisImage.buttonRight\"\n\t\t\tdata-wp-style--top=\"state.thisImage.buttonTop\"\n\t\t>\n\t\t\t<svg xmlns=\"http:\/\/www.w3.org\/2000\/svg\" width=\"12\" height=\"12\" fill=\"none\" viewBox=\"0 0 12 12\">\n\t\t\t\t<path fill=\"#fff\" d=\"M2 0a2 2 0 0 0-2 2v2h1.5V2a.5.5 0 0 1 .5-.5h2V0H2Zm2 10.5H2a.5.5 0 0 1-.5-.5V8H0v2a2 2 0 0 0 2 2h2v-1.5ZM8 12v-1.5h2a.5.5 0 0 0 .5-.5V8H12v2a2 2 0 0 1-2 2H8Zm2-12a2 2 0 0 1 2 2v2h-1.5V2a.5.5 0 0 0-.5-.5H8V0h2Z\" \/>\n\t\t\t<\/svg>\n\t\t<\/button><\/figure>\n\n\n\n<p class=\"wp-block-paragraph\">F\u00fcnfzehn Minuten mit dem Auto von P\u00edsek und du bist mitten unter Krokodilen. Alle Arten, die du dir vorstellen kannst, und sogar <strong>wei\u00dfe Krokodile<\/strong>. Die Kinder sind begeistert, die Erwachsenen auch, und ich staune jedes Mal, wenn ich dort bin, dass diese Krokodilfarm so nah ist.<\/p>\n\n\n\n<h3 class=\"wp-block-heading\"><span class=\"ez-toc-section\" id=\"Denkmal_der_Schlacht_bei_Sudomer\"><\/span>Denkmal der Schlacht bei Sudom\u011b\u0159<span class=\"ez-toc-section-end\"><\/span><\/h3>\n\n\n\n<figure data-wp-context=\"{&quot;imageId&quot;:&quot;6a952387d9562&quot;}\" data-wp-interactive=\"core\/image\" data-wp-key=\"6a952387d9562\" class=\"wp-block-image size-full wp-lightbox-container\"><img decoding=\"async\" width=\"1200\" height=\"900\" data-wp-class--hide=\"state.isContentHidden\" data-wp-class--show=\"state.isContentVisible\" data-wp-init=\"callbacks.setButtonStyles\" data-wp-on--click=\"actions.showLightbox\" data-wp-on--load=\"callbacks.setButtonStyles\" data-wp-on--pointerdown=\"actions.preloadImage\" data-wp-on--pointerenter=\"actions.preloadImageWithDelay\" data-wp-on--pointerleave=\"actions.cancelPreload\" data-wp-on-window--resize=\"callbacks.setButtonStyles\" src=\"https:\/\/loudavymkrokem.cz\/wp-content\/uploads\/2026\/08\/pamatnik-bitvy-u-sudomere.jpg\" alt=\"Denkmal von Jan \u017di\u017eka bei Sudom\u011b\u0159\" class=\"wp-image-399697\" title=\"\" srcset=\"https:\/\/loudavymkrokem.cz\/wp-content\/uploads\/2026\/08\/pamatnik-bitvy-u-sudomere.jpg 1200w, https:\/\/loudavymkrokem.cz\/wp-content\/uploads\/2026\/08\/pamatnik-bitvy-u-sudomere-300x225.jpg 300w, https:\/\/loudavymkrokem.cz\/wp-content\/uploads\/2026\/08\/pamatnik-bitvy-u-sudomere-700x525.jpg 700w, https:\/\/loudavymkrokem.cz\/wp-content\/uploads\/2026\/08\/pamatnik-bitvy-u-sudomere-768x576.jpg 768w, https:\/\/loudavymkrokem.cz\/wp-content\/uploads\/2026\/08\/pamatnik-bitvy-u-sudomere-80x60.jpg 80w, https:\/\/loudavymkrokem.cz\/wp-content\/uploads\/2026\/08\/pamatnik-bitvy-u-sudomere-160x120.jpg 160w, https:\/\/loudavymkrokem.cz\/wp-content\/uploads\/2026\/08\/pamatnik-bitvy-u-sudomere-696x522.jpg 696w\" sizes=\"(max-width: 1200px) 100vw, 1200px\" \/><button\n\t\t\tclass=\"lightbox-trigger\"\n\t\t\ttype=\"button\"\n\t\t\taria-haspopup=\"dialog\"\n\t\t\tdata-wp-bind--aria-label=\"state.thisImage.triggerButtonAriaLabel\"\n\t\t\tdata-wp-init=\"callbacks.initTriggerButton\"\n\t\t\tdata-wp-on--click=\"actions.showLightbox\"\n\t\t\tdata-wp-style--right=\"state.thisImage.buttonRight\"\n\t\t\tdata-wp-style--top=\"state.thisImage.buttonTop\"\n\t\t>\n\t\t\t<svg xmlns=\"http:\/\/www.w3.org\/2000\/svg\" width=\"12\" height=\"12\" fill=\"none\" viewBox=\"0 0 12 12\">\n\t\t\t\t<path fill=\"#fff\" d=\"M2 0a2 2 0 0 0-2 2v2h1.5V2a.5.5 0 0 1 .5-.5h2V0H2Zm2 10.5H2a.5.5 0 0 1-.5-.5V8H0v2a2 2 0 0 0 2 2h2v-1.5ZM8 12v-1.5h2a.5.5 0 0 0 .5-.5V8H12v2a2 2 0 0 1-2 2H8Zm2-12a2 2 0 0 1 2 2v2h-1.5V2a.5.5 0 0 0-.5-.5H8V0h2Z\" \/>\n\t\t\t<\/svg>\n\t\t<\/button><\/figure>\n\n\n\n<p class=\"wp-block-paragraph\">Jan \u017di\u017eka bestritt hier im Jahr 1420 mit seinen Hussiten eine der ersten Schlachten. Hier steht eine 16 Meter hohe Statue, und ringsum liegen die Teiche Markovec und \u0160kared\u00fd. Wenn dich die tschechische Geschichte begeistert, hat dieser Ort eine starke Atmosph\u00e4re. Und die Landschaft ringsum ist wundersch\u00f6n, so ein ruhiges s\u00fcdb\u00f6hmisches Bild.<\/p>\n\n\n\n<h3 class=\"wp-block-heading\"><span class=\"ez-toc-section\" id=\"Maerchenschmiede_Selibov\"><\/span>M\u00e4rchenschmiede Selibov<span class=\"ez-toc-section-end\"><\/span><\/h3>\n\n\n\n<figure data-wp-context=\"{&quot;imageId&quot;:&quot;6a952387d9c24&quot;}\" data-wp-interactive=\"core\/image\" data-wp-key=\"6a952387d9c24\" class=\"wp-block-image size-full wp-lightbox-container\"><img decoding=\"async\" width=\"2000\" height=\"1333\" data-wp-class--hide=\"state.isContentHidden\" data-wp-class--show=\"state.isContentVisible\" data-wp-init=\"callbacks.setButtonStyles\" data-wp-on--click=\"actions.showLightbox\" data-wp-on--load=\"callbacks.setButtonStyles\" data-wp-on--pointerdown=\"actions.preloadImage\" data-wp-on--pointerenter=\"actions.preloadImageWithDelay\" data-wp-on--pointerleave=\"actions.cancelPreload\" data-wp-on-window--resize=\"callbacks.setButtonStyles\" src=\"https:\/\/loudavymkrokem.cz\/wp-content\/uploads\/2026\/08\/pohadkova-kovarna-selibov.jpg\" alt=\"M\u00e4rchenschmiede in Selibov mit Reetdach\" class=\"wp-image-399577\" title=\"\" srcset=\"https:\/\/loudavymkrokem.cz\/wp-content\/uploads\/2026\/08\/pohadkova-kovarna-selibov.jpg 2000w, https:\/\/loudavymkrokem.cz\/wp-content\/uploads\/2026\/08\/pohadkova-kovarna-selibov-300x200.jpg 300w, https:\/\/loudavymkrokem.cz\/wp-content\/uploads\/2026\/08\/pohadkova-kovarna-selibov-700x467.jpg 700w, https:\/\/loudavymkrokem.cz\/wp-content\/uploads\/2026\/08\/pohadkova-kovarna-selibov-768x512.jpg 768w, https:\/\/loudavymkrokem.cz\/wp-content\/uploads\/2026\/08\/pohadkova-kovarna-selibov-1536x1024.jpg 1536w, https:\/\/loudavymkrokem.cz\/wp-content\/uploads\/2026\/08\/pohadkova-kovarna-selibov-696x464.jpg 696w, https:\/\/loudavymkrokem.cz\/wp-content\/uploads\/2026\/08\/pohadkova-kovarna-selibov-1392x928.jpg 1392w, https:\/\/loudavymkrokem.cz\/wp-content\/uploads\/2026\/08\/pohadkova-kovarna-selibov-1920x1280.jpg 1920w\" sizes=\"(max-width: 2000px) 100vw, 2000px\" \/><button\n\t\t\tclass=\"lightbox-trigger\"\n\t\t\ttype=\"button\"\n\t\t\taria-haspopup=\"dialog\"\n\t\t\tdata-wp-bind--aria-label=\"state.thisImage.triggerButtonAriaLabel\"\n\t\t\tdata-wp-init=\"callbacks.initTriggerButton\"\n\t\t\tdata-wp-on--click=\"actions.showLightbox\"\n\t\t\tdata-wp-style--right=\"state.thisImage.buttonRight\"\n\t\t\tdata-wp-style--top=\"state.thisImage.buttonTop\"\n\t\t>\n\t\t\t<svg xmlns=\"http:\/\/www.w3.org\/2000\/svg\" width=\"12\" height=\"12\" fill=\"none\" viewBox=\"0 0 12 12\">\n\t\t\t\t<path fill=\"#fff\" d=\"M2 0a2 2 0 0 0-2 2v2h1.5V2a.5.5 0 0 1 .5-.5h2V0H2Zm2 10.5H2a.5.5 0 0 1-.5-.5V8H0v2a2 2 0 0 0 2 2h2v-1.5ZM8 12v-1.5h2a.5.5 0 0 0 .5-.5V8H12v2a2 2 0 0 1-2 2H8Zm2-12a2 2 0 0 1 2 2v2h-1.5V2a.5.5 0 0 0-.5-.5H8V0h2Z\" \/>\n\t\t\t<\/svg>\n\t\t<\/button><\/figure>\n\n\n\n<p class=\"wp-block-paragraph\">Teufel, Wasserm\u00e4nner, Feen und dazu eine kreative Werkstatt. Ein idealer Ausflug mit kleineren Kindern, die noch an M\u00e4rchen glauben (und mit gr\u00f6\u00dferen, die so tun, als glaubten sie nicht daran, sich aber trotzdem am\u00fcsieren).<\/p>\n\n\n\n<h3 class=\"wp-block-heading\"><span class=\"ez-toc-section\" id=\"Farmapark_Maletice\"><\/span>Farmapark Maletice<span class=\"ez-toc-section-end\"><\/span><\/h3>\n\n\n\n<figure data-wp-context=\"{&quot;imageId&quot;:&quot;6a952387d9f93&quot;}\" data-wp-interactive=\"core\/image\" data-wp-key=\"6a952387d9f93\" class=\"wp-block-image size-full wp-lightbox-container\"><img decoding=\"async\" width=\"2048\" height=\"1365\" data-wp-class--hide=\"state.isContentHidden\" data-wp-class--show=\"state.isContentVisible\" data-wp-init=\"callbacks.setButtonStyles\" data-wp-on--click=\"actions.showLightbox\" data-wp-on--load=\"callbacks.setButtonStyles\" data-wp-on--pointerdown=\"actions.preloadImage\" data-wp-on--pointerenter=\"actions.preloadImageWithDelay\" data-wp-on--pointerleave=\"actions.cancelPreload\" data-wp-on-window--resize=\"callbacks.setButtonStyles\" src=\"https:\/\/loudavymkrokem.cz\/wp-content\/uploads\/2026\/08\/farmapark-maletice-alpaka.jpg\" alt=\"Alpaka im Gehege des Farmaparks Maletice bei P\u00edsek\" class=\"wp-image-399568\" title=\"\" srcset=\"https:\/\/loudavymkrokem.cz\/wp-content\/uploads\/2026\/08\/farmapark-maletice-alpaka.jpg 2048w, https:\/\/loudavymkrokem.cz\/wp-content\/uploads\/2026\/08\/farmapark-maletice-alpaka-300x200.jpg 300w, https:\/\/loudavymkrokem.cz\/wp-content\/uploads\/2026\/08\/farmapark-maletice-alpaka-700x467.jpg 700w, https:\/\/loudavymkrokem.cz\/wp-content\/uploads\/2026\/08\/farmapark-maletice-alpaka-768x512.jpg 768w, https:\/\/loudavymkrokem.cz\/wp-content\/uploads\/2026\/08\/farmapark-maletice-alpaka-1536x1024.jpg 1536w, https:\/\/loudavymkrokem.cz\/wp-content\/uploads\/2026\/08\/farmapark-maletice-alpaka-696x464.jpg 696w, https:\/\/loudavymkrokem.cz\/wp-content\/uploads\/2026\/08\/farmapark-maletice-alpaka-1392x928.jpg 1392w, https:\/\/loudavymkrokem.cz\/wp-content\/uploads\/2026\/08\/farmapark-maletice-alpaka-1920x1280.jpg 1920w\" sizes=\"(max-width: 2048px) 100vw, 2048px\" \/><button\n\t\t\tclass=\"lightbox-trigger\"\n\t\t\ttype=\"button\"\n\t\t\taria-haspopup=\"dialog\"\n\t\t\tdata-wp-bind--aria-label=\"state.thisImage.triggerButtonAriaLabel\"\n\t\t\tdata-wp-init=\"callbacks.initTriggerButton\"\n\t\t\tdata-wp-on--click=\"actions.showLightbox\"\n\t\t\tdata-wp-style--right=\"state.thisImage.buttonRight\"\n\t\t\tdata-wp-style--top=\"state.thisImage.buttonTop\"\n\t\t>\n\t\t\t<svg xmlns=\"http:\/\/www.w3.org\/2000\/svg\" width=\"12\" height=\"12\" fill=\"none\" viewBox=\"0 0 12 12\">\n\t\t\t\t<path fill=\"#fff\" d=\"M2 0a2 2 0 0 0-2 2v2h1.5V2a.5.5 0 0 1 .5-.5h2V0H2Zm2 10.5H2a.5.5 0 0 1-.5-.5V8H0v2a2 2 0 0 0 2 2h2v-1.5ZM8 12v-1.5h2a.5.5 0 0 0 .5-.5V8H12v2a2 2 0 0 1-2 2H8Zm2-12a2 2 0 0 1 2 2v2h-1.5V2a.5.5 0 0 0-.5-.5H8V0h2Z\" \/>\n\t\t\t<\/svg>\n\t\t<\/button><\/figure>\n\n\n\n<p class=\"wp-block-paragraph\"><a href=\"https:\/\/www.farmaparkmaletice.cz\/\" data-type=\"link\" data-id=\"https:\/\/www.farmaparkmaletice.cz\/\" target=\"_blank\" rel=\"noopener\"><strong>Ein Streichelzoo<\/strong><\/a> plus Freizeitpark an der Stra\u00dfe nach Protiv\u00edn, <strong>etwa 12 Minuten von P\u00edsek<\/strong>. Ziegen, Alpakas, Ponys, Kaninchen, dazu riesige Lufttrampoline, ein Heulabyrinth, Seilbahnen und ein \u00fcberdachter Sandkasten mit Rutsche. Ge\u00f6ffnet ist t\u00e4glich 10\u201318 Uhr, <strong>Eintritt 250 K\u010d (ca. 10 \u20ac) Kind, 210 K\u010d (ca. 9 \u20ac) Erwachsener, Familie 879 K\u010d (ca. 36 \u20ac)<\/strong> (online g\u00fcnstiger), Kinder bis 2 Jahre kostenlos, Parken kostenlos. Der Farmapark er\u00f6ffnete im Sommer 2025 und ist derzeit wohl der beliebteste Familienausflug von P\u00edsek.<\/p>\n\n\n\n<h3 class=\"wp-block-heading\"><span class=\"ez-toc-section\" id=\"Fiziland_und_Kralovstvi_casu_in_Protivin\"><\/span>Fiziland und Kr\u00e1lovstv\u00ed \u010dasu in Protiv\u00edn<span class=\"ez-toc-section-end\"><\/span><\/h3>\n\n\n\n<figure data-wp-context=\"{&quot;imageId&quot;:&quot;6a952387da319&quot;}\" data-wp-interactive=\"core\/image\" data-wp-key=\"6a952387da319\" class=\"wp-block-image size-full wp-lightbox-container\"><img decoding=\"async\" width=\"2200\" height=\"1467\" data-wp-class--hide=\"state.isContentHidden\" data-wp-class--show=\"state.isContentVisible\" data-wp-init=\"callbacks.setButtonStyles\" data-wp-on--click=\"actions.showLightbox\" data-wp-on--load=\"callbacks.setButtonStyles\" data-wp-on--pointerdown=\"actions.preloadImage\" data-wp-on--pointerenter=\"actions.preloadImageWithDelay\" data-wp-on--pointerleave=\"actions.cancelPreload\" data-wp-on-window--resize=\"callbacks.setButtonStyles\" src=\"https:\/\/loudavymkrokem.cz\/wp-content\/uploads\/2026\/08\/fiziland-protivin-herna.jpg\" alt=\"Indoor-Spielhalle Fiziland in Protiv\u00edn mit Schaumstoffgrube und Kletterger\u00fcsten\" class=\"wp-image-399563\" title=\"\" srcset=\"https:\/\/loudavymkrokem.cz\/wp-content\/uploads\/2026\/08\/fiziland-protivin-herna.jpg 2200w, https:\/\/loudavymkrokem.cz\/wp-content\/uploads\/2026\/08\/fiziland-protivin-herna-300x200.jpg 300w, https:\/\/loudavymkrokem.cz\/wp-content\/uploads\/2026\/08\/fiziland-protivin-herna-700x467.jpg 700w, https:\/\/loudavymkrokem.cz\/wp-content\/uploads\/2026\/08\/fiziland-protivin-herna-768x512.jpg 768w, https:\/\/loudavymkrokem.cz\/wp-content\/uploads\/2026\/08\/fiziland-protivin-herna-1536x1024.jpg 1536w, https:\/\/loudavymkrokem.cz\/wp-content\/uploads\/2026\/08\/fiziland-protivin-herna-2048x1366.jpg 2048w, https:\/\/loudavymkrokem.cz\/wp-content\/uploads\/2026\/08\/fiziland-protivin-herna-696x464.jpg 696w, https:\/\/loudavymkrokem.cz\/wp-content\/uploads\/2026\/08\/fiziland-protivin-herna-1392x928.jpg 1392w, https:\/\/loudavymkrokem.cz\/wp-content\/uploads\/2026\/08\/fiziland-protivin-herna-1920x1280.jpg 1920w\" sizes=\"(max-width: 2200px) 100vw, 2200px\" \/><button\n\t\t\tclass=\"lightbox-trigger\"\n\t\t\ttype=\"button\"\n\t\t\taria-haspopup=\"dialog\"\n\t\t\tdata-wp-bind--aria-label=\"state.thisImage.triggerButtonAriaLabel\"\n\t\t\tdata-wp-init=\"callbacks.initTriggerButton\"\n\t\t\tdata-wp-on--click=\"actions.showLightbox\"\n\t\t\tdata-wp-style--right=\"state.thisImage.buttonRight\"\n\t\t\tdata-wp-style--top=\"state.thisImage.buttonTop\"\n\t\t>\n\t\t\t<svg xmlns=\"http:\/\/www.w3.org\/2000\/svg\" width=\"12\" height=\"12\" fill=\"none\" viewBox=\"0 0 12 12\">\n\t\t\t\t<path fill=\"#fff\" d=\"M2 0a2 2 0 0 0-2 2v2h1.5V2a.5.5 0 0 1 .5-.5h2V0H2Zm2 10.5H2a.5.5 0 0 1-.5-.5V8H0v2a2 2 0 0 0 2 2h2v-1.5ZM8 12v-1.5h2a.5.5 0 0 0 .5-.5V8H12v2a2 2 0 0 1-2 2H8Zm2-12a2 2 0 0 1 2 2v2h-1.5V2a.5.5 0 0 0-.5-.5H8V0h2Z\" \/>\n\t\t\t<\/svg>\n\t\t<\/button><\/figure>\n\n\n\n<p class=\"wp-block-paragraph\">Protiv\u00edn, 15 Minuten von P\u00edsek, hat gleich zwei Familienziele unter Dach. <strong>Fiziland<\/strong> (Zelenohorsk\u00e1 986) ist der Freizeitpark des Youtubers Fizi: eine riesige Rutsche, Trampoline, eine Schaumstoffgrube, eine H\u00fcpfburg und eine Ruhezone f\u00fcr die Kleinsten, dazu ein Au\u00dfenspielplatz. Ge\u00f6ffnet t\u00e4glich 10\u201318 Uhr, <strong>ein Kind zahlt 389 K\u010d (ca. 16 \u20ac) und die erwachsene Begleitung 159 K\u010d (ca. 6,50 \u20ac)<\/strong> (das Familienpaket f\u00fcr zwei Erwachsene und zwei Kinder kostet 889 K\u010d \/ ca. 36 \u20ac), Kinder bis 3 Jahre kostenlos. Die Tickets m\u00fcssen im Voraus online gekauft werden, ein Verkauf vor Ort ist nicht garantiert. Ausf\u00fchrlich habe ich den Park <a href=\"https:\/\/loudavymkrokem.cz\/de\/fiziland-protivin-tschechien\/\">im Artikel \u00fcber Fiziland<\/a> beleuchtet.<\/p>\n\n\n\n<p class=\"wp-block-paragraph\">Eine ganz andere Liga ist <strong>Kr\u00e1lovstv\u00ed \u010dasu (K\u00f6nigreich der Zeit)<\/strong> (Purky\u0148ova 255): eine renovierte Jugendstilvilla mit einem Uhrenmuseum, wo ein Turmuhrwerk aus dem 19. Jahrhundert jede volle Stunde schl\u00e4gt, und im Erdgeschoss eine Spielhalle, eine kreative Werkstatt und ein umz\u00e4unter Garten mit Rutsche und Seilbahn. Ge\u00f6ffnet t\u00e4glich 9\u201317 Uhr, das Museum kostet 90\/60 K\u010d (ca. 3,70\/2,50 \u20ac), aber <strong>die Spielhalle und der Garten sind kostenlos, wenn du einen Kaffee trinkst<\/strong>. F\u00fcr Kleinkinder ideal.<\/p>\n\n\n\n<h3 class=\"wp-block-heading\"><span class=\"ez-toc-section\" id=\"Bagrarium_in_Strakonice\"><\/span>Bagr\u00e1rium in Strakonice<span class=\"ez-toc-section-end\"><\/span><\/h3>\n\n\n\n<p class=\"wp-block-paragraph\">Eine Neuheit des Jahres 2026 und die erste ihrer Art in B\u00f6hmen: Das <strong>Bagr\u00e1rium<\/strong> (Pov\u00e1\u017esk\u00e1 358, Strakonice, 30 Minuten mit dem Auto) ist eine \u00fcberdachte Spielhalle, in der Kinder realistische Modelle von Baggern, Ladern und Kippern \u00fcber einem gro\u00dfen Sandkasten steuern und darin einen Schatz suchen. Reserviert wird online f\u00fcr halbst\u00fcndige Slots zwischen 10 und 18 Uhr, <strong>279 K\u010d (ca. 11 \u20ac) f\u00fcr 30 Minuten an einer Maschine<\/strong>. Achtung, das empfohlene Alter ist <strong>ab 6 Jahren<\/strong> (die Steuerung erfordert Koordination beider H\u00e4nde), es ist also eher ein Tipp f\u00fcr \u00e4ltere Geschwister.<\/p>\n\n\n\n<h3 class=\"wp-block-heading\"><span class=\"ez-toc-section\" id=\"Tabor\"><\/span>T\u00e1bor<span class=\"ez-toc-section-end\"><\/span><\/h3>\n\n\n\n<p class=\"wp-block-paragraph\"><strong><a href=\"https:\/\/loudavymkrokem.cz\/de\/tabor-tschechien-sehenswuerdigkeiten\/\" target=\"_blank\" data-type=\"link\" data-id=\"https:\/\/loudavymkrokem.cz\/co-videt-v-tabore\/\" rel=\"noreferrer noopener\">Die Hussitenstadt<\/a><\/strong>, 45 Minuten Fahrt. Mittelalterliche Unterwelt (etwas klaustrophobisch, aber es lohnt sich), das <strong>Schokoladenmuseum<\/strong> (Kinder + Schokolade = Volltreffer), ein Zoo und der Stausee Jord\u00e1n zum Baden im Sommer. T\u00e1bor ist eine Stadt mit Charakter und einer Atmosph\u00e4re, die sich von P\u00edsek unterscheidet, und ist definitiv einen Besuch wert.<\/p>\n\n\n\n<figure data-wp-context=\"{&quot;imageId&quot;:&quot;6a952387da904&quot;}\" data-wp-interactive=\"core\/image\" data-wp-key=\"6a952387da904\" class=\"wp-block-image size-full wp-lightbox-container\"><img decoding=\"async\" width=\"1200\" height=\"800\" data-wp-class--hide=\"state.isContentHidden\" data-wp-class--show=\"state.isContentVisible\" data-wp-init=\"callbacks.setButtonStyles\" data-wp-on--click=\"actions.showLightbox\" data-wp-on--load=\"callbacks.setButtonStyles\" data-wp-on--pointerdown=\"actions.preloadImage\" data-wp-on--pointerenter=\"actions.preloadImageWithDelay\" data-wp-on--pointerleave=\"actions.cancelPreload\" data-wp-on-window--resize=\"callbacks.setButtonStyles\" src=\"https:\/\/loudavymkrokem.cz\/wp-content\/uploads\/2026\/03\/tabor-co-videt-3.jpg\" alt=\"T\u00e1bor\" class=\"wp-image-132729\" title=\"\" srcset=\"https:\/\/loudavymkrokem.cz\/wp-content\/uploads\/2026\/03\/tabor-co-videt-3.jpg 1200w, https:\/\/loudavymkrokem.cz\/wp-content\/uploads\/2026\/03\/tabor-co-videt-3-300x200.jpg 300w, https:\/\/loudavymkrokem.cz\/wp-content\/uploads\/2026\/03\/tabor-co-videt-3-700x467.jpg 700w, https:\/\/loudavymkrokem.cz\/wp-content\/uploads\/2026\/03\/tabor-co-videt-3-768x512.jpg 768w, https:\/\/loudavymkrokem.cz\/wp-content\/uploads\/2026\/03\/tabor-co-videt-3-696x464.jpg 696w\" sizes=\"(max-width: 1200px) 100vw, 1200px\" \/><button\n\t\t\tclass=\"lightbox-trigger\"\n\t\t\ttype=\"button\"\n\t\t\taria-haspopup=\"dialog\"\n\t\t\tdata-wp-bind--aria-label=\"state.thisImage.triggerButtonAriaLabel\"\n\t\t\tdata-wp-init=\"callbacks.initTriggerButton\"\n\t\t\tdata-wp-on--click=\"actions.showLightbox\"\n\t\t\tdata-wp-style--right=\"state.thisImage.buttonRight\"\n\t\t\tdata-wp-style--top=\"state.thisImage.buttonTop\"\n\t\t>\n\t\t\t<svg xmlns=\"http:\/\/www.w3.org\/2000\/svg\" width=\"12\" height=\"12\" fill=\"none\" viewBox=\"0 0 12 12\">\n\t\t\t\t<path fill=\"#fff\" d=\"M2 0a2 2 0 0 0-2 2v2h1.5V2a.5.5 0 0 1 .5-.5h2V0H2Zm2 10.5H2a.5.5 0 0 1-.5-.5V8H0v2a2 2 0 0 0 2 2h2v-1.5ZM8 12v-1.5h2a.5.5 0 0 0 .5-.5V8H12v2a2 2 0 0 1-2 2H8Zm2-12a2 2 0 0 1 2 2v2h-1.5V2a.5.5 0 0 0-.5-.5H8V0h2Z\" \/>\n\t\t\t<\/svg>\n\t\t<\/button><figcaption class=\"wp-element-caption\">T\u00e1bor<\/figcaption><\/figure>\n\n\n\n<h3 class=\"wp-block-heading\"><span class=\"ez-toc-section\" id=\"Ceske_Budejovice_Budweis\"><\/span>\u010cesk\u00e9 Bud\u011bjovice (Budweis)<span class=\"ez-toc-section-end\"><\/span><\/h3>\n\n\n\n<p class=\"wp-block-paragraph\"><strong><a href=\"https:\/\/loudavymkrokem.cz\/de\/ceske-budejovice-tschechien-sehenswuerdigkeiten\/\" target=\"_blank\" data-type=\"link\" data-id=\"https:\/\/loudavymkrokem.cz\/ceske-budejovice\/\" rel=\"noreferrer noopener\">\u010cesk\u00e9 Bud\u011bjovice (Budweis)<\/a><\/strong> ist von P\u00edsek etwa vierzig Minuten mit dem Auto entfernt. Der riesige <strong>Platz P\u0159emysl Otakar II.<\/strong>, der Aufstieg auf den <strong>Schwarzen Turm<\/strong> (225 Stufen, aber die Aussicht!) und nat\u00fcrlich die Budvar-Brauerei mit F\u00fchrung. Die s\u00fcdb\u00f6hmische Metropole, in der man einen ganzen Tag verbringen kann und trotzdem nicht alles sieht.<\/p>\n\n\n\n<figure data-wp-context=\"{&quot;imageId&quot;:&quot;6a952387ddd8b&quot;}\" data-wp-interactive=\"core\/image\" data-wp-key=\"6a952387ddd8b\" class=\"wp-block-image size-full wp-lightbox-container\"><img decoding=\"async\" width=\"1500\" height=\"1000\" data-wp-class--hide=\"state.isContentHidden\" data-wp-class--show=\"state.isContentVisible\" data-wp-init=\"callbacks.setButtonStyles\" data-wp-on--click=\"actions.showLightbox\" data-wp-on--load=\"callbacks.setButtonStyles\" data-wp-on--pointerdown=\"actions.preloadImage\" data-wp-on--pointerenter=\"actions.preloadImageWithDelay\" data-wp-on--pointerleave=\"actions.cancelPreload\" data-wp-on-window--resize=\"callbacks.setButtonStyles\" src=\"https:\/\/loudavymkrokem.cz\/wp-content\/uploads\/2024\/03\/namesti-ceske-budejovice.jpg\" alt=\"Was man in \u010cesk\u00e9 Bud\u011bjovice sehen und unternehmen kann\" class=\"wp-image-83546\" title=\"\" srcset=\"https:\/\/loudavymkrokem.cz\/wp-content\/uploads\/2024\/03\/namesti-ceske-budejovice.jpg 1500w, https:\/\/loudavymkrokem.cz\/wp-content\/uploads\/2024\/03\/namesti-ceske-budejovice-300x200.jpg 300w, https:\/\/loudavymkrokem.cz\/wp-content\/uploads\/2024\/03\/namesti-ceske-budejovice-700x467.jpg 700w, https:\/\/loudavymkrokem.cz\/wp-content\/uploads\/2024\/03\/namesti-ceske-budejovice-768x512.jpg 768w, https:\/\/loudavymkrokem.cz\/wp-content\/uploads\/2024\/03\/namesti-ceske-budejovice-696x464.jpg 696w, https:\/\/loudavymkrokem.cz\/wp-content\/uploads\/2024\/03\/namesti-ceske-budejovice-1392x928.jpg 1392w\" sizes=\"(max-width: 1500px) 100vw, 1500px\" \/><button\n\t\t\tclass=\"lightbox-trigger\"\n\t\t\ttype=\"button\"\n\t\t\taria-haspopup=\"dialog\"\n\t\t\tdata-wp-bind--aria-label=\"state.thisImage.triggerButtonAriaLabel\"\n\t\t\tdata-wp-init=\"callbacks.initTriggerButton\"\n\t\t\tdata-wp-on--click=\"actions.showLightbox\"\n\t\t\tdata-wp-style--right=\"state.thisImage.buttonRight\"\n\t\t\tdata-wp-style--top=\"state.thisImage.buttonTop\"\n\t\t>\n\t\t\t<svg xmlns=\"http:\/\/www.w3.org\/2000\/svg\" width=\"12\" height=\"12\" fill=\"none\" viewBox=\"0 0 12 12\">\n\t\t\t\t<path fill=\"#fff\" d=\"M2 0a2 2 0 0 0-2 2v2h1.5V2a.5.5 0 0 1 .5-.5h2V0H2Zm2 10.5H2a.5.5 0 0 1-.5-.5V8H0v2a2 2 0 0 0 2 2h2v-1.5ZM8 12v-1.5h2a.5.5 0 0 0 .5-.5V8H12v2a2 2 0 0 1-2 2H8Zm2-12a2 2 0 0 1 2 2v2h-1.5V2a.5.5 0 0 0-.5-.5H8V0h2Z\" \/>\n\t\t\t<\/svg>\n\t\t<\/button><figcaption class=\"wp-element-caption\">Was man in \u010cesk\u00e9 Bud\u011bjovice sehen und unternehmen kann<\/figcaption><\/figure>\n\n\n\n<h3 class=\"wp-block-heading\"><span class=\"ez-toc-section\" id=\"Hluboka_nad_Vltavou\"><\/span>Hlubok\u00e1 nad Vltavou<span class=\"ez-toc-section-end\"><\/span><\/h3>\n\n\n\n<figure data-wp-context=\"{&quot;imageId&quot;:&quot;6a952387de1a0&quot;}\" data-wp-interactive=\"core\/image\" data-wp-key=\"6a952387de1a0\" class=\"wp-block-image size-full wp-lightbox-container\"><img decoding=\"async\" width=\"1600\" height=\"1244\" data-wp-class--hide=\"state.isContentHidden\" data-wp-class--show=\"state.isContentVisible\" data-wp-init=\"callbacks.setButtonStyles\" data-wp-on--click=\"actions.showLightbox\" data-wp-on--load=\"callbacks.setButtonStyles\" data-wp-on--pointerdown=\"actions.preloadImage\" data-wp-on--pointerenter=\"actions.preloadImageWithDelay\" data-wp-on--pointerleave=\"actions.cancelPreload\" data-wp-on-window--resize=\"callbacks.setButtonStyles\" src=\"https:\/\/loudavymkrokem.cz\/wp-content\/uploads\/2026\/08\/zamek-hluboka-nad-vltavou-zapad-slunce.jpg\" alt=\"Schloss Hlubok\u00e1 nad Vltavou bei Sonnenuntergang\" class=\"wp-image-399405\" title=\"\" srcset=\"https:\/\/loudavymkrokem.cz\/wp-content\/uploads\/2026\/08\/zamek-hluboka-nad-vltavou-zapad-slunce.jpg 1600w, https:\/\/loudavymkrokem.cz\/wp-content\/uploads\/2026\/08\/zamek-hluboka-nad-vltavou-zapad-slunce-300x233.jpg 300w, https:\/\/loudavymkrokem.cz\/wp-content\/uploads\/2026\/08\/zamek-hluboka-nad-vltavou-zapad-slunce-700x544.jpg 700w, https:\/\/loudavymkrokem.cz\/wp-content\/uploads\/2026\/08\/zamek-hluboka-nad-vltavou-zapad-slunce-768x597.jpg 768w, https:\/\/loudavymkrokem.cz\/wp-content\/uploads\/2026\/08\/zamek-hluboka-nad-vltavou-zapad-slunce-1536x1194.jpg 1536w, https:\/\/loudavymkrokem.cz\/wp-content\/uploads\/2026\/08\/zamek-hluboka-nad-vltavou-zapad-slunce-696x541.jpg 696w, https:\/\/loudavymkrokem.cz\/wp-content\/uploads\/2026\/08\/zamek-hluboka-nad-vltavou-zapad-slunce-1392x1082.jpg 1392w\" sizes=\"(max-width: 1600px) 100vw, 1600px\" \/><button\n\t\t\tclass=\"lightbox-trigger\"\n\t\t\ttype=\"button\"\n\t\t\taria-haspopup=\"dialog\"\n\t\t\tdata-wp-bind--aria-label=\"state.thisImage.triggerButtonAriaLabel\"\n\t\t\tdata-wp-init=\"callbacks.initTriggerButton\"\n\t\t\tdata-wp-on--click=\"actions.showLightbox\"\n\t\t\tdata-wp-style--right=\"state.thisImage.buttonRight\"\n\t\t\tdata-wp-style--top=\"state.thisImage.buttonTop\"\n\t\t>\n\t\t\t<svg xmlns=\"http:\/\/www.w3.org\/2000\/svg\" width=\"12\" height=\"12\" fill=\"none\" viewBox=\"0 0 12 12\">\n\t\t\t\t<path fill=\"#fff\" d=\"M2 0a2 2 0 0 0-2 2v2h1.5V2a.5.5 0 0 1 .5-.5h2V0H2Zm2 10.5H2a.5.5 0 0 1-.5-.5V8H0v2a2 2 0 0 0 2 2h2v-1.5ZM8 12v-1.5h2a.5.5 0 0 0 .5-.5V8H12v2a2 2 0 0 1-2 2H8Zm2-12a2 2 0 0 1 2 2v2h-1.5V2a.5.5 0 0 0-.5-.5H8V0h2Z\" \/>\n\t\t\t<\/svg>\n\t\t<\/button><\/figure>\n\n\n\n<p class=\"wp-block-paragraph\">Unser ber\u00fchmtestes M\u00e4rchenschloss ist von P\u00edsek keine 40 Minuten entfernt. \u00dcber den Sommer bereiten sie hier f\u00fcr Kinder von 5 bis 10 Jahren <strong>F\u00fchrungen mit der Frau F\u00fcrstin<\/strong> vor, die kost\u00fcmierte F\u00fcrstin Eleonora f\u00fchrt t\u00e4glich um 12:15, 13:30 und 14:45 Uhr, die Gruppe ist aber nur zu zwanzig Leuten, reserviere also online im Voraus. Und gleich unter dem Schloss am Teich Munick\u00fd rybn\u00edk ist der <strong>Zoo Hlubok\u00e1<\/strong> (180 K\u010d \/ ca. 7 \u20ac Erwachsene, 140 K\u010d \/ ca. 6 \u20ac Kinder, Knirpse bis 90 cm kostenlos), gerade gro\u00df genug, dass ihn auch kleine Beine schaffen.<\/p>\n\n\n\n<h3 class=\"wp-block-heading\"><span class=\"ez-toc-section\" id=\"Cesky_Krumlov_Krumau\"><\/span>\u010cesk\u00fd Krumlov (Krumau)<span class=\"ez-toc-section-end\"><\/span><\/h3>\n\n\n\n<p class=\"wp-block-paragraph\">Eine Stunde Fahrt und du bist in der <a href=\"https:\/\/loudavymkrokem.cz\/de\/cesky-krumlov-tschechien-sehenswuerdigkeiten\/\" target=\"_blank\" data-type=\"link\" data-id=\"https:\/\/loudavymkrokem.cz\/cesky-krumlov\/\" rel=\"noreferrer noopener\"><strong>UNESCO-Stadt<\/strong><\/a>, die aussieht wie aus einem mittelalterlichen Film. Ein Schloss mit B\u00e4ren im Graben (wirklich, lebende B\u00e4ren), ein Zentrum voller Gassen und die Egon-Schiele-Galerie f\u00fcr Kunstliebhaber. Rechne mit Touristenmassen, aber es lohnt sich trotzdem. Am besten au\u00dferhalb der Hochsaison.<\/p>\n\n\n\n<figure data-wp-context=\"{&quot;imageId&quot;:&quot;6a952387de730&quot;}\" data-wp-interactive=\"core\/image\" data-wp-key=\"6a952387de730\" class=\"wp-block-image size-full wp-lightbox-container\"><img decoding=\"async\" data-wp-class--hide=\"state.isContentHidden\" data-wp-class--show=\"state.isContentVisible\" data-wp-init=\"callbacks.setButtonStyles\" data-wp-on--click=\"actions.showLightbox\" data-wp-on--load=\"callbacks.setButtonStyles\" data-wp-on--pointerdown=\"actions.preloadImage\" data-wp-on--pointerenter=\"actions.preloadImageWithDelay\" data-wp-on--pointerleave=\"actions.cancelPreload\" data-wp-on-window--resize=\"callbacks.setButtonStyles\" src=\"https:\/\/loudavymkrokem.cz\/wp-content\/uploads\/2024\/01\/cesky-krumlov-2.jpg\" alt=\"\u010cesk\u00fd Krumlov\" class=\"wp-image-122246\" title=\"\"><button\n\t\t\tclass=\"lightbox-trigger\"\n\t\t\ttype=\"button\"\n\t\t\taria-haspopup=\"dialog\"\n\t\t\tdata-wp-bind--aria-label=\"state.thisImage.triggerButtonAriaLabel\"\n\t\t\tdata-wp-init=\"callbacks.initTriggerButton\"\n\t\t\tdata-wp-on--click=\"actions.showLightbox\"\n\t\t\tdata-wp-style--right=\"state.thisImage.buttonRight\"\n\t\t\tdata-wp-style--top=\"state.thisImage.buttonTop\"\n\t\t>\n\t\t\t<svg xmlns=\"http:\/\/www.w3.org\/2000\/svg\" width=\"12\" height=\"12\" fill=\"none\" viewBox=\"0 0 12 12\">\n\t\t\t\t<path fill=\"#fff\" d=\"M2 0a2 2 0 0 0-2 2v2h1.5V2a.5.5 0 0 1 .5-.5h2V0H2Zm2 10.5H2a.5.5 0 0 1-.5-.5V8H0v2a2 2 0 0 0 2 2h2v-1.5ZM8 12v-1.5h2a.5.5 0 0 0 .5-.5V8H12v2a2 2 0 0 1-2 2H8Zm2-12a2 2 0 0 1 2 2v2h-1.5V2a.5.5 0 0 0-.5-.5H8V0h2Z\" \/>\n\t\t\t<\/svg>\n\t\t<\/button><figcaption class=\"wp-element-caption\">\u010cesk\u00fd Krumlov<\/figcaption><\/figure>\n\n\n\n<h3 class=\"wp-block-heading\"><span class=\"ez-toc-section\" id=\"Boehmerwald_Sumava\"><\/span>B\u00f6hmerwald (\u0160umava)<span class=\"ez-toc-section-end\"><\/span><\/h3>\n\n\n\n<p class=\"wp-block-paragraph\"><strong>Dir reicht eine Stunde und du bist im<\/strong> <strong><a href=\"https:\/\/loudavymkrokem.cz\/de\/boehmerwald-kinderwagen-ausflugstipps-familien\/\" target=\"_blank\" data-type=\"link\" data-id=\"https:\/\/loudavymkrokem.cz\/sumava-s-kocarkem\/\" rel=\"noreferrer noopener\">Nationalpark B\u00f6hmerwald<\/a><\/strong>. Der Urwald Boub\u00edn, der wilde Fluss Vydra, Modrava f\u00fcr Liebhaber der Foglar-Geschichten (oder wenigstens dieses Gef\u00fchls), Radwege f\u00fcr einen ganzen Tag. Der B\u00f6hmerwald ist eine andere Welt \u2013 langsamer, gr\u00fcner, stiller. Ein idealer Reset von allem.<\/p>\n\n\n\n<figure data-wp-context=\"{&quot;imageId&quot;:&quot;6a952387df1cc&quot;}\" data-wp-interactive=\"core\/image\" data-wp-key=\"6a952387df1cc\" class=\"wp-block-image size-full wp-lightbox-container\"><img decoding=\"async\" width=\"1200\" height=\"800\" data-wp-class--hide=\"state.isContentHidden\" data-wp-class--show=\"state.isContentVisible\" data-wp-init=\"callbacks.setButtonStyles\" data-wp-on--click=\"actions.showLightbox\" data-wp-on--load=\"callbacks.setButtonStyles\" data-wp-on--pointerdown=\"actions.preloadImage\" data-wp-on--pointerenter=\"actions.preloadImageWithDelay\" data-wp-on--pointerleave=\"actions.cancelPreload\" data-wp-on-window--resize=\"callbacks.setButtonStyles\" src=\"https:\/\/loudavymkrokem.cz\/wp-content\/uploads\/2024\/05\/sumava-s-kocarkem-3.jpg\" alt=\"B\u00f6hmerwald\" class=\"wp-image-84399\" title=\"\" srcset=\"https:\/\/loudavymkrokem.cz\/wp-content\/uploads\/2024\/05\/sumava-s-kocarkem-3.jpg 1200w, https:\/\/loudavymkrokem.cz\/wp-content\/uploads\/2024\/05\/sumava-s-kocarkem-3-300x200.jpg 300w, https:\/\/loudavymkrokem.cz\/wp-content\/uploads\/2024\/05\/sumava-s-kocarkem-3-700x467.jpg 700w, https:\/\/loudavymkrokem.cz\/wp-content\/uploads\/2024\/05\/sumava-s-kocarkem-3-768x512.jpg 768w, https:\/\/loudavymkrokem.cz\/wp-content\/uploads\/2024\/05\/sumava-s-kocarkem-3-696x464.jpg 696w\" sizes=\"(max-width: 1200px) 100vw, 1200px\" \/><button\n\t\t\tclass=\"lightbox-trigger\"\n\t\t\ttype=\"button\"\n\t\t\taria-haspopup=\"dialog\"\n\t\t\tdata-wp-bind--aria-label=\"state.thisImage.triggerButtonAriaLabel\"\n\t\t\tdata-wp-init=\"callbacks.initTriggerButton\"\n\t\t\tdata-wp-on--click=\"actions.showLightbox\"\n\t\t\tdata-wp-style--right=\"state.thisImage.buttonRight\"\n\t\t\tdata-wp-style--top=\"state.thisImage.buttonTop\"\n\t\t>\n\t\t\t<svg xmlns=\"http:\/\/www.w3.org\/2000\/svg\" width=\"12\" height=\"12\" fill=\"none\" viewBox=\"0 0 12 12\">\n\t\t\t\t<path fill=\"#fff\" d=\"M2 0a2 2 0 0 0-2 2v2h1.5V2a.5.5 0 0 1 .5-.5h2V0H2Zm2 10.5H2a.5.5 0 0 1-.5-.5V8H0v2a2 2 0 0 0 2 2h2v-1.5ZM8 12v-1.5h2a.5.5 0 0 0 .5-.5V8H12v2a2 2 0 0 1-2 2H8Zm2-12a2 2 0 0 1 2 2v2h-1.5V2a.5.5 0 0 0-.5-.5H8V0h2Z\" \/>\n\t\t\t<\/svg>\n\t\t<\/button><figcaption class=\"wp-element-caption\">B\u00f6hmerwald<\/figcaption><\/figure>\n\n\n\n<h3 class=\"wp-block-heading\"><span class=\"ez-toc-section\" id=\"Prag\"><\/span>Prag<span class=\"ez-toc-section-end\"><\/span><\/h3>\n\n\n\n<p class=\"wp-block-paragraph\"><strong><a href=\"https:\/\/loudavymkrokem.cz\/de\/prag-sehenswuerdigkeiten-aktivitaeten\/\" target=\"_blank\" data-type=\"link\" data-id=\"https:\/\/loudavymkrokem.cz\/co-videt-v-praze\/\" rel=\"noreferrer noopener\">Prag<\/a><\/strong> ist von P\u00edsek etwa eine Stunde mit dem Auto \u00fcber die D4 entfernt, oder <strong>70 Minuten mit dem RegioJet-Bus<\/strong>. Bequem, ohne Stress mit dem Parken, f\u00fcr 5\u20139 \u20ac (120\u2013220 K\u010d). Prag ist Prag, aber es ist sch\u00f6n zu wissen, dass es von P\u00edsek eigentlich ein Katzensprung ist. F\u00fcr einen Ausflug, ein Konzert, ins Museum und abends zur\u00fcck nach Hause an die Otava.<\/p>\n\n\n\n<figure data-wp-context=\"{&quot;imageId&quot;:&quot;6a952387df5a8&quot;}\" data-wp-interactive=\"core\/image\" data-wp-key=\"6a952387df5a8\" class=\"wp-block-image size-full wp-lightbox-container\"><img decoding=\"async\" width=\"1200\" height=\"800\" data-wp-class--hide=\"state.isContentHidden\" data-wp-class--show=\"state.isContentVisible\" data-wp-init=\"callbacks.setButtonStyles\" data-wp-on--click=\"actions.showLightbox\" data-wp-on--load=\"callbacks.setButtonStyles\" data-wp-on--pointerdown=\"actions.preloadImage\" data-wp-on--pointerenter=\"actions.preloadImageWithDelay\" data-wp-on--pointerleave=\"actions.cancelPreload\" data-wp-on-window--resize=\"callbacks.setButtonStyles\" src=\"https:\/\/loudavymkrokem.cz\/wp-content\/uploads\/2025\/03\/recenze-domus-balthasar-praha-s-batoletem-3.jpg\" alt=\"Zur Karlsbr\u00fccke ist es nur eine Minute\" class=\"wp-image-94712\" title=\"\" srcset=\"https:\/\/loudavymkrokem.cz\/wp-content\/uploads\/2025\/03\/recenze-domus-balthasar-praha-s-batoletem-3.jpg 1200w, https:\/\/loudavymkrokem.cz\/wp-content\/uploads\/2025\/03\/recenze-domus-balthasar-praha-s-batoletem-3-300x200.jpg 300w, https:\/\/loudavymkrokem.cz\/wp-content\/uploads\/2025\/03\/recenze-domus-balthasar-praha-s-batoletem-3-700x467.jpg 700w, https:\/\/loudavymkrokem.cz\/wp-content\/uploads\/2025\/03\/recenze-domus-balthasar-praha-s-batoletem-3-768x512.jpg 768w, https:\/\/loudavymkrokem.cz\/wp-content\/uploads\/2025\/03\/recenze-domus-balthasar-praha-s-batoletem-3-696x464.jpg 696w\" sizes=\"(max-width: 1200px) 100vw, 1200px\" \/><button\n\t\t\tclass=\"lightbox-trigger\"\n\t\t\ttype=\"button\"\n\t\t\taria-haspopup=\"dialog\"\n\t\t\tdata-wp-bind--aria-label=\"state.thisImage.triggerButtonAriaLabel\"\n\t\t\tdata-wp-init=\"callbacks.initTriggerButton\"\n\t\t\tdata-wp-on--click=\"actions.showLightbox\"\n\t\t\tdata-wp-style--right=\"state.thisImage.buttonRight\"\n\t\t\tdata-wp-style--top=\"state.thisImage.buttonTop\"\n\t\t>\n\t\t\t<svg xmlns=\"http:\/\/www.w3.org\/2000\/svg\" width=\"12\" height=\"12\" fill=\"none\" viewBox=\"0 0 12 12\">\n\t\t\t\t<path fill=\"#fff\" d=\"M2 0a2 2 0 0 0-2 2v2h1.5V2a.5.5 0 0 1 .5-.5h2V0H2Zm2 10.5H2a.5.5 0 0 1-.5-.5V8H0v2a2 2 0 0 0 2 2h2v-1.5ZM8 12v-1.5h2a.5.5 0 0 0 .5-.5V8H12v2a2 2 0 0 1-2 2H8Zm2-12a2 2 0 0 1 2 2v2h-1.5V2a.5.5 0 0 0-.5-.5H8V0h2Z\" \/>\n\t\t\t<\/svg>\n\t\t<\/button><figcaption class=\"wp-element-caption\">Prag<\/figcaption><\/figure>\n\n\n\n<h2 class=\"wp-block-heading\"><span class=\"ez-toc-section\" id=\"Pisek_in_Tschechien_Fazit\"><\/span>P\u00edsek in Tschechien: Fazit<span class=\"ez-toc-section-end\"><\/span><\/h2>\n\n\n\n<figure data-wp-context=\"{&quot;imageId&quot;:&quot;6a952387e05cc&quot;}\" data-wp-interactive=\"core\/image\" data-wp-key=\"6a952387e05cc\" class=\"wp-block-image size-full wp-lightbox-container\"><img decoding=\"async\" width=\"2200\" height=\"1467\" data-wp-class--hide=\"state.isContentHidden\" data-wp-class--show=\"state.isContentVisible\" data-wp-init=\"callbacks.setButtonStyles\" data-wp-on--click=\"actions.showLightbox\" data-wp-on--load=\"callbacks.setButtonStyles\" data-wp-on--pointerdown=\"actions.preloadImage\" data-wp-on--pointerenter=\"actions.preloadImageWithDelay\" data-wp-on--pointerleave=\"actions.cancelPreload\" data-wp-on-window--resize=\"callbacks.setButtonStyles\" src=\"https:\/\/loudavymkrokem.cz\/wp-content\/uploads\/2026\/08\/pisek-otava-naplavka-most.jpg\" alt=\"Uferpromenade der Otava bei der Steinernen Br\u00fccke in P\u00edsek\" class=\"wp-image-399329\" title=\"\" srcset=\"https:\/\/loudavymkrokem.cz\/wp-content\/uploads\/2026\/08\/pisek-otava-naplavka-most.jpg 2200w, https:\/\/loudavymkrokem.cz\/wp-content\/uploads\/2026\/08\/pisek-otava-naplavka-most-300x200.jpg 300w, https:\/\/loudavymkrokem.cz\/wp-content\/uploads\/2026\/08\/pisek-otava-naplavka-most-700x467.jpg 700w, https:\/\/loudavymkrokem.cz\/wp-content\/uploads\/2026\/08\/pisek-otava-naplavka-most-768x512.jpg 768w, https:\/\/loudavymkrokem.cz\/wp-content\/uploads\/2026\/08\/pisek-otava-naplavka-most-1536x1024.jpg 1536w, https:\/\/loudavymkrokem.cz\/wp-content\/uploads\/2026\/08\/pisek-otava-naplavka-most-2048x1366.jpg 2048w, https:\/\/loudavymkrokem.cz\/wp-content\/uploads\/2026\/08\/pisek-otava-naplavka-most-696x464.jpg 696w, https:\/\/loudavymkrokem.cz\/wp-content\/uploads\/2026\/08\/pisek-otava-naplavka-most-1392x928.jpg 1392w, https:\/\/loudavymkrokem.cz\/wp-content\/uploads\/2026\/08\/pisek-otava-naplavka-most-1920x1280.jpg 1920w\" sizes=\"(max-width: 2200px) 100vw, 2200px\" \/><button\n\t\t\tclass=\"lightbox-trigger\"\n\t\t\ttype=\"button\"\n\t\t\taria-haspopup=\"dialog\"\n\t\t\tdata-wp-bind--aria-label=\"state.thisImage.triggerButtonAriaLabel\"\n\t\t\tdata-wp-init=\"callbacks.initTriggerButton\"\n\t\t\tdata-wp-on--click=\"actions.showLightbox\"\n\t\t\tdata-wp-style--right=\"state.thisImage.buttonRight\"\n\t\t\tdata-wp-style--top=\"state.thisImage.buttonTop\"\n\t\t>\n\t\t\t<svg xmlns=\"http:\/\/www.w3.org\/2000\/svg\" width=\"12\" height=\"12\" fill=\"none\" viewBox=\"0 0 12 12\">\n\t\t\t\t<path fill=\"#fff\" d=\"M2 0a2 2 0 0 0-2 2v2h1.5V2a.5.5 0 0 1 .5-.5h2V0H2Zm2 10.5H2a.5.5 0 0 1-.5-.5V8H0v2a2 2 0 0 0 2 2h2v-1.5ZM8 12v-1.5h2a.5.5 0 0 0 .5-.5V8H12v2a2 2 0 0 1-2 2H8Zm2-12a2 2 0 0 1 2 2v2h-1.5V2a.5.5 0 0 0-.5-.5H8V0h2Z\" \/>\n\t\t\t<\/svg>\n\t\t<\/button><\/figure>\n\n\n\n<p class=\"wp-block-paragraph\">So. Da hast du es \u2013 P\u00edsek so, wie ich es kenne und liebe. Eine Stadt, die nicht auf Touristenscharen wartet, sondern still ihr sch\u00f6nes Leben am Fluss lebt. Mit der \u00e4ltesten Br\u00fccke, mit einer Galerie, in der Kinder spielen, mit Caf\u00e9s, in denen dir der Kaffee nicht verbrannt wird, und mit Geschichten, die hier \u00fcber Jahrhunderte geschrieben wurden.<\/p>\n\n\n\n<p class=\"wp-block-paragraph\">Ich bin hier geboren, hierher zur\u00fcckgekehrt und bin daf\u00fcr dankbar. Aber P\u00edsek ist nicht eifers\u00fcchtig \u2013 es teilt sich gern. Also komm, spaziere \u00fcber die Br\u00fccke, trink einen Kaffee am Platz, geh in die Sladovna, schau dir die Otava vom Dagmar-\u0160imkov\u00e1-Steg an und lass dich \u00fcberraschen, wie viel Sch\u00f6nheit in eine einzige s\u00fcdb\u00f6hmische Stadt passt.<\/p>\n\n\n\n<h2 class=\"wp-block-heading\"><span class=\"ez-toc-section\" id=\"Wie_es_weitergeht\"><\/span>Wie es weitergeht<span class=\"ez-toc-section-end\"><\/span><\/h2>\n\n\n\n<p class=\"wp-block-paragraph\">Aktuelle Veranstaltungen, Festivals und eine \u00dcbersicht der Orte in P\u00edsek findest du auf <a href=\"https:\/\/pisek.info\" target=\"_blank\" rel=\"noopener\">pisek.info<\/a> (die Rubriken <a href=\"https:\/\/pisek.info\/akce\" target=\"_blank\" rel=\"noopener\">Veranstaltungen<\/a> und <a href=\"https:\/\/pisek.info\/mista\" target=\"_blank\" rel=\"noopener\">Orte<\/a>). Reist du mit Kindern? Dann lies meinen eigenen F\u00fchrer <a href=\"https:\/\/loudavymkrokem.cz\/pisek-s-detmi\/\">P\u00edsek mit Kindern: 40 Tipps einer einheimischen Mama<\/a>, wo du alle Spielr\u00e4ume, Spielpl\u00e4tze und Familienausfl\u00fcge samt Preisen findest. Wenn du planst, in S\u00fcdb\u00f6hmen mehrere Tage zu verbringen, wirf einen Blick auf die gro\u00dfe \u00dcbersicht <a href=\"https:\/\/loudavymkrokem.cz\/de\/schoenste-orte-suedboehmen\/\">Urlaub in S\u00fcdb\u00f6hmen: die 15 sch\u00f6nsten Orte (auch mit Kindern)<\/a>, wo P\u00edsek vierzehn weitere sch\u00f6ne Ecken der Region erg\u00e4nzt. Ein St\u00fcck von P\u00edsek liegt das hussitische <a href=\"https:\/\/loudavymkrokem.cz\/de\/tabor-tschechien-sehenswuerdigkeiten\/\">T\u00e1bor, \u00fcber das wir einen ausf\u00fchrlichen F\u00fchrer haben<\/a>, und in vierzig Minuten bist du in <a href=\"https:\/\/loudavymkrokem.cz\/de\/ceske-budejovice-tschechien-sehenswuerdigkeiten\/\">\u010cesk\u00e9 Bud\u011bjovice<\/a>. Und wenn dich ganz Tschechien lockt, schau dir <a href=\"https:\/\/loudavymkrokem.cz\/de\/urlaub-tschechien-tipps\/\">20 Tipps f\u00fcr den Urlaub in Tschechien<\/a> an.<\/p>\n\n\n\n<p class=\"wp-block-paragraph\">M\u00f6chtest du von P\u00edsek aus die Umgebung erkunden? Ich habe einen eigenen F\u00fchrer verfasst: <a href=\"https:\/\/loudavymkrokem.cz\/de\/pisek-tschechien-ausfluege\/\">Ausfl\u00fcge rund um P\u00edsek: 30 Tipps einer Einheimischen<\/a> \u2014 die Burgen Zv\u00edkov und Orl\u00edk, eine Fahrt \u00fcber den Stausee, Blatn\u00e1 und Hlubok\u00e1, alles mit genauer Entfernung und Fahrzeit von P\u00edsek.<\/p>\n\n\n\n<h2 class=\"wp-block-heading\"><span class=\"ez-toc-section\" id=\"Haeufig_gestellte_Fragen\"><\/span>H\u00e4ufig gestellte Fragen<span class=\"ez-toc-section-end\"><\/span><\/h2>\n\n\n<div id=\"rank-math-faq\" class=\"rank-math-block\">\n<div class=\"rank-math-list \">\n<div id=\"faq-question-1774379600001\" class=\"rank-math-list-item\">\n<h3 class=\"rank-math-question \"><span class=\"ez-toc-section\" id=\"Ist_die_Steinerne_Bruecke_in_Pisek_wirklich_aelter_als_die_Karlsbruecke\"><\/span>Ist die Steinerne Br\u00fccke in P\u00edsek wirklich \u00e4lter als die Karlsbr\u00fccke?<span class=\"ez-toc-section-end\"><\/span><\/h3>\n<div class=\"rank-math-answer \">\n\n<p>Ja, und das ist keine Legende. Die Steinerne Br\u00fccke in P\u00edsek stammt aus der zweiten H\u00e4lfte des 13. Jahrhunderts, w\u00e4hrend die Karlsbr\u00fccke in Prag erst 1357 gegr\u00fcndet wurde. Die Br\u00fccke in P\u00edsek ist um Jahrzehnte \u00e4lter \u2014 sie ist die \u00e4lteste erhaltene Steinbr\u00fccke Tschechiens.<\/p>\n\n<\/div>\n<\/div>\n<div id=\"faq-question-1774379600002\" class=\"rank-math-list-item\">\n<h3 class=\"rank-math-question \"><span class=\"ez-toc-section\" id=\"Begeistert_die_Sladovna_auch_aeltere_Kinder\"><\/span>Begeistert die Sladovna auch \u00e4ltere Kinder?<span class=\"ez-toc-section-end\"><\/span><\/h3>\n<div class=\"rank-math-answer \">\n\n<p>Auf jeden Fall. Der Ameisenhaufen und die wechselnden interaktiven Ausstellungen sind so konzipiert, dass sie auch Schulkinder und Teenager ansprechen. Es ist nicht nur ein Kletterger\u00fcst f\u00fcr Kleinkinder \u2014 \u00e4ltere Kinder l\u00f6sen hier logische Aufgaben, experimentieren und entdecken. Ehrlich gesagt macht es auch Erwachsenen Spa\u00df.<\/p>\n\n<\/div>\n<\/div>\n<div id=\"faq-question-1774379600003\" class=\"rank-math-list-item\">\n<h3 class=\"rank-math-question \"><span class=\"ez-toc-section\" id=\"Wo_genau_befinden_sich_die_Sandskulpturen\"><\/span>Wo genau befinden sich die Sandskulpturen?<span class=\"ez-toc-section-end\"><\/span><\/h3>\n<div class=\"rank-math-answer \">\n\n<p>Am Ufer bei der Steinernen Br\u00fccke, direkt am Fluss Otava. Die Skulpturen sind \u00fcblicherweise vom Fr\u00fchjahr bis zum Sommer dort und die Besichtigung ist kostenlos. Einfach vorbeikommen und genie\u00dfen \u2014 kein Eintritt, keine Reservierung.<\/p>\n\n<\/div>\n<\/div>\n<div id=\"faq-question-1774379600004\" class=\"rank-math-list-item\">\n<h3 class=\"rank-math-question \"><span class=\"ez-toc-section\" id=\"Wie_komme_ich_zum_Aussichtsturm_Jarnik\"><\/span>Wie komme ich zum Aussichtsturm Jarn\u00edk?<span class=\"ez-toc-section-end\"><\/span><\/h3>\n<div class=\"rank-math-answer \">\n\n<p>Vom Zentrum P\u00edseks sind es etwa 4 km, der einfachste Weg f\u00fchrt durch den Wald vom Parkplatz U Vod\u00e1ka (mit dem Auto kommt man nicht bis zum Turm). Der Weg geht leicht bergauf und ist auch f\u00fcr Kinder machbar, nach oben f\u00fchren dann 182 Stufen und der Eintritt ist kostenlos. Oben werden Sie mit einem Panoramablick auf die Stadt und die umliegende Landschaft belohnt.<\/p>\n\n<\/div>\n<\/div>\n<div id=\"faq-question-1774379600005\" class=\"rank-math-list-item\">\n<h3 class=\"rank-math-question \"><span class=\"ez-toc-section\" id=\"Wann_ist_die_beste_Zeit_fuer_einen_Besuch_des_Staatsgestuets\"><\/span>Wann ist die beste Zeit f\u00fcr einen Besuch des Staatsgest\u00fcts?<span class=\"ez-toc-section-end\"><\/span><\/h3>\n<div class=\"rank-math-answer \">\n\n<p>Idealerweise im Sommer, von Juni bis Oktober, wenn regelm\u00e4\u00dfige F\u00fchrungen mit Kommentaren stattfinden \u2014 mittwochs, freitags und sonntags um 14:00 Uhr. Au\u00dferhalb der Saison ist das Gel\u00e4nde nur eingeschr\u00e4nkt zug\u00e4nglich, daher ist der Sommer die sichere Wahl.<\/p>\n\n<\/div>\n<\/div>\n<div id=\"faq-question-1774379600006\" class=\"rank-math-list-item\">\n<h3 class=\"rank-math-question \"><span class=\"ez-toc-section\" id=\"Wie_viel_kostet_der_Eintritt_ins_Prachen-Museum\"><\/span>Wie viel kostet der Eintritt ins Pr\u00e1che\u0148-Museum?<span class=\"ez-toc-section-end\"><\/span><\/h3>\n<div class=\"rank-math-answer \">\n\n<p>Erwachsene zahlen 2,50 \u20ac (60 K\u010d), Kinder 1,50 \u20ac (30 K\u010d) und der Familieneintritt kostet 6 \u20ac (150 K\u010d). F\u00fcr das, was Sie drinnen sehen \u2014 von der gotischen Burg bis zu Sammlungen aus der gesamten Region \u2014 ist es wahrscheinlich eines der besten Preis-Leistungs-Verh\u00e4ltnisse in P\u00edsek.<\/p>\n\n<\/div>\n<\/div>\n<div id=\"faq-question-1774379600007\" class=\"rank-math-list-item\">\n<h3 class=\"rank-math-question \"><span class=\"ez-toc-section\" id=\"Wie_komme_ich_am_besten_von_Deutschland_nach_Pisek\"><\/span>Wie komme ich am besten von Deutschland nach P\u00edsek?<span class=\"ez-toc-section-end\"><\/span><\/h3>\n<div class=\"rank-math-answer \">\n\n<p>Die bequemste Variante ist mit dem Auto \u00fcber die Autobahn \u2014 von M\u00fcnchen oder N\u00fcrnberg \u00fcber die A3\/E56 Richtung Prag, dann weiter nach P\u00edsek (je nach Startpunkt ca. 3\u20134 Stunden). Alternativ k\u00f6nnen Sie mit der Bahn \u00fcber Prag reisen: Mit dem Zug nach Prag (z. B. mit der Deutschen Bahn oder FlixTrain) und von dort weiter mit dem Bus RegioJet nach P\u00edsek (Fahrzeit ca. 70 Minuten, Ticket 5\u20139 \u20ac). Beide Varianten sind problemlos.<\/p>\n\n<\/div>\n<\/div>\n<div id=\"faq-question-1774379600008\" class=\"rank-math-list-item\">\n<h3 class=\"rank-math-question \"><span class=\"ez-toc-section\" id=\"Wohin_in_Pisek_mit_Kindern\"><\/span>Wohin in P\u00edsek mit Kindern?<span class=\"ez-toc-section-end\"><\/span><\/h3>\n<div class=\"rank-math-answer \">\n\n<p>Nummer eins ist die Sladovna (Galerie durch Spiel, 6 \u20ac \/ 150 K\u010d, Kinder unter 3 Jahren frei), im Sommer die Sandskulpturen am Ufer und das Freibad bei V\u00e1clav, bei Regen der My\u0161ka-Spielplatz. F\u00fcr Ausfl\u00fcge bis 20 Minuten empfehle ich den Farmapark Maletice, Na\u0161e zv\u00ed\u0159\u00e1tka in Putim (kostenlos) und das K\u00f6nigreich der Zeit in Protiv\u00edn. Einen kompletten Familienf\u00fchrer haben wir im Artikel P\u00edsek mit Kindern.<\/p>\n\n<\/div>\n<\/div>\n<\/div>\n<\/div>","protected":false},"excerpt":{"rendered":"<p>Was gibt es in P\u00edsek in Tschechien zu sehen? 39 Tipps einer Einheimischen, die nach Jahren in Prag mit ihrer Familie zur\u00fcckkehrte: die \u00e4lteste Steinbr\u00fccke, Sandskulpturen, die Sladovna, Caf\u00e9s und Tipps mit Kindern.<\/p>\n","protected":false},"author":3,"featured_media":399318,"comment_status":"open","ping_status":"open","sticky":false,"template":"","format":"standard","meta":{"_acf_changed":false,"footnotes":"","rank_math_title":"P\u00edsek Tschechien: 39 Tipps von einer Einheimischen","rank_math_description":"P\u00edsek in Tschechien: 39 Tipps einer Einheimischen zu Sehensw\u00fcrdigkeiten, Caf\u00e9s und Ausfl\u00fcgen mit Kindern. Entdecke die \u00e4lteste Steinbr\u00fccke \u2013 jetzt lesen!","rank_math_focus_keyword":"p\u00edsek tschechien","rank_math_seo_score":""},"categories":[456,451,470],"tags":[],"class_list":["post-408531","post","type-post","status-publish","format-standard","has-post-thumbnail","category-europa","category-reisen","category-tschechische-republik"],"acf":[],"featured_image_src":"https:\/\/loudavymkrokem.cz\/wp-content\/uploads\/2026\/08\/pisek-velke-namesti-radnice.jpg","author_info":{"display_name":"Lucie Kone\u010dn\u00e1","author_link":"https:\/\/loudavymkrokem.cz\/de\/author\/lucie-konecna\/"},"_links":{"self":[{"href":"https:\/\/loudavymkrokem.cz\/de\/wp-json\/wp\/v2\/posts\/408531","targetHints":{"allow":["GET"]}}],"collection":[{"href":"https:\/\/loudavymkrokem.cz\/de\/wp-json\/wp\/v2\/posts"}],"about":[{"href":"https:\/\/loudavymkrokem.cz\/de\/wp-json\/wp\/v2\/types\/post"}],"author":[{"embeddable":true,"href":"https:\/\/loudavymkrokem.cz\/de\/wp-json\/wp\/v2\/users\/3"}],"replies":[{"embeddable":true,"href":"https:\/\/loudavymkrokem.cz\/de\/wp-json\/wp\/v2\/comments?post=408531"}],"version-history":[{"count":0,"href":"https:\/\/loudavymkrokem.cz\/de\/wp-json\/wp\/v2\/posts\/408531\/revisions"}],"wp:featuredmedia":[{"embeddable":true,"href":"https:\/\/loudavymkrokem.cz\/de\/wp-json\/wp\/v2\/media\/399318"}],"wp:attachment":[{"href":"https:\/\/loudavymkrokem.cz\/de\/wp-json\/wp\/v2\/media?parent=408531"}],"wp:term":[{"taxonomy":"category","embeddable":true,"href":"https:\/\/loudavymkrokem.cz\/de\/wp-json\/wp\/v2\/categories?post=408531"},{"taxonomy":"post_tag","embeddable":true,"href":"https:\/\/loudavymkrokem.cz\/de\/wp-json\/wp\/v2\/tags?post=408531"}],"curies":[{"name":"wp","href":"https:\/\/api.w.org\/{rel}","templated":true}]}}