{"id":408509,"date":"2026-08-25T20:45:06","date_gmt":"2026-08-25T18:45:06","guid":{"rendered":"https:\/\/loudavymkrokem.cz\/dc-8-air-new-zealand-amazonien\/"},"modified":"2026-08-31T03:35:44","modified_gmt":"2026-08-31T01:35:44","slug":"dc-8-air-new-zealand-amazonien","status":"publish","type":"post","link":"https:\/\/loudavymkrokem.cz\/de\/dc-8-air-new-zealand-amazonien\/","title":{"rendered":"DC-8 von Air New Zealand tritt nach 20 Jahren in Amazonien die letzte Reise nach Hause an"},"content":{"rendered":"\n<p class=\"wp-block-paragraph\">Das Flugzeug mit der Registrierung ZK-NZC ist die einzige erhaltene von acht DC-8-Maschinen, die einst die Langstreckenflotte von Air New Zealand bildeten \u2013 nach 20 Jahren in Amazonien tritt es nun seine letzte Reise nach Hause an, berichtet das <a href=\"https:\/\/www.nttmuseumwanaka.co.nz\/blog\/bring-our-birds-home\" target=\"_blank\" rel=\"noreferrer noopener nofollow\">National Transport and Toy Museum W\u0101naka<\/a>. Gebaut wurde es im Douglas-Werk im kalifornischen Long Beach, die Fluggesellschaft \u00fcbernahm es im September 1965.<\/p>\n\n\n\n<p class=\"wp-block-paragraph\">Air New Zealand nahm die Maschine 1981 aus dem Dienst. Danach wechselte sie mehrfach den Besitzer, bis sie beim brasilianischen Frachtunternehmen TCB landete, das seinen Betrieb 2006 einstellte. Seitdem verfiel das Flugzeug auf dem Flughafen Manaus-Eduardo Gomes.<\/p>\n\n\n\n<div id=\"ez-toc-container\" class=\"ez-toc-v2_0_86 ez-toc-wrap-left counter-hierarchy ez-toc-counter ez-toc-grey ez-toc-container-direction\">\n<div class=\"ez-toc-title-container\">\n<p class=\"ez-toc-title\" style=\"cursor:inherit\">Artikelinhalt<\/p>\n<span class=\"ez-toc-title-toggle\"><a href=\"#\" class=\"ez-toc-pull-right ez-toc-btn ez-toc-btn-xs ez-toc-btn-default ez-toc-toggle\" aria-label=\"Toggle Table of Content\"><span class=\"ez-toc-js-icon-con\"><span class=\"\"><span class=\"eztoc-hide\" style=\"display:none;\">Toggle<\/span><span class=\"ez-toc-icon-toggle-span\"><svg style=\"fill: #999;color:#999\" xmlns=\"http:\/\/www.w3.org\/2000\/svg\" class=\"list-377408\" width=\"20px\" height=\"20px\" viewBox=\"0 0 24 24\" fill=\"none\"><path d=\"M6 6H4v2h2V6zm14 0H8v2h12V6zM4 11h2v2H4v-2zm16 0H8v2h12v-2zM4 16h2v2H4v-2zm16 0H8v2h12v-2z\" fill=\"currentColor\"><\/path><\/svg><svg style=\"fill: #999;color:#999\" class=\"arrow-unsorted-368013\" xmlns=\"http:\/\/www.w3.org\/2000\/svg\" width=\"10px\" height=\"10px\" viewBox=\"0 0 24 24\" version=\"1.2\" baseProfile=\"tiny\"><path d=\"M18.2 9.3l-6.2-6.3-6.2 6.3c-.2.2-.3.4-.3.7s.1.5.3.7c.2.2.4.3.7.3h11c.3 0 .5-.1.7-.3.2-.2.3-.5.3-.7s-.1-.5-.3-.7zM5.8 14.7l6.2 6.3 6.2-6.3c.2-.2.3-.5.3-.7s-.1-.5-.3-.7c-.2-.2-.4-.3-.7-.3h-11c-.3 0-.5.1-.7.3-.2.2-.3.5-.3.7s.1.5.3.7z\"\/><\/svg><\/span><\/span><\/span><\/a><\/span><\/div>\n<nav><ul class='ez-toc-list ez-toc-list-level-1 ' ><li class='ez-toc-page-1 ez-toc-heading-level-2'><a class=\"ez-toc-link ez-toc-heading-1\" href=\"https:\/\/loudavymkrokem.cz\/de\/dc-8-air-new-zealand-amazonien\/#Eine_Legende_die_sogar_die_Koenigin_befoerderte\" >Eine Legende, die sogar die K\u00f6nigin bef\u00f6rderte<\/a><\/li><li class='ez-toc-page-1 ez-toc-heading-level-2'><a class=\"ez-toc-link ez-toc-heading-2\" href=\"https:\/\/loudavymkrokem.cz\/de\/dc-8-air-new-zealand-amazonien\/#Der_Weg_nach_Hause_ueber_den_Ozean\" >Der Weg nach Hause \u00fcber den Ozean<\/a><\/li><li class='ez-toc-page-1 ez-toc-heading-level-2'><a class=\"ez-toc-link ez-toc-heading-3\" href=\"https:\/\/loudavymkrokem.cz\/de\/dc-8-air-new-zealand-amazonien\/#Was_das_praktisch_bedeutet\" >Was das praktisch bedeutet<\/a><\/li><\/ul><\/nav><\/div>\n<h2 class=\"wp-block-heading\"><span class=\"ez-toc-section\" id=\"Eine_Legende_die_sogar_die_Koenigin_befoerderte\"><\/span>Eine Legende, die sogar die K\u00f6nigin bef\u00f6rderte<span class=\"ez-toc-section-end\"><\/span><\/h2>\n\n\n\n<p class=\"wp-block-paragraph\">Diese ganz konkrete Maschine hat einen historischen Flug auf dem Konto. Am <strong>30. Januar 1974<\/strong> bef\u00f6rderte sie K\u00f6nigin Elizabeth II., Prinzessin Anne und Mark Phillips von Rarotonga nach Christchurch, berichtet die <a href=\"https:\/\/www.odt.co.nz\/regions\/wanaka\/w%C4%81naka-final-resting-place-iconic-aircraft\" target=\"_blank\" rel=\"noreferrer noopener nofollow\">Otago Daily Times<\/a>. Wenige Tage sp\u00e4ter er\u00f6ffnete die K\u00f6nigin die Commonwealth Games im Christchurcher QEII Park.<\/p>\n\n\n\n<p class=\"wp-block-paragraph\">Laut Paul Brennan, dem Gr\u00fcnder der Wohlt\u00e4tigkeitsinitiative Bring Our Birds Home, war genau dieser Flugzeugtyp entscheidend daf\u00fcr, dass sich Air New Zealand in eine vollwertige internationale Fluggesellschaft verwandeln konnte, so die <a href=\"https:\/\/www.odt.co.nz\/star-news\/star-christchurch\/iconic-dc-8-heading-back-home\" target=\"_blank\" rel=\"noreferrer noopener nofollow\">Otago Daily Times<\/a>.<\/p>\n\n\n\n<h2 class=\"wp-block-heading\"><span class=\"ez-toc-section\" id=\"Der_Weg_nach_Hause_ueber_den_Ozean\"><\/span>Der Weg nach Hause \u00fcber den Ozean<span class=\"ez-toc-section-end\"><\/span><\/h2>\n\n\n\n<p class=\"wp-block-paragraph\">Die Demontage des Flugzeugs soll am <strong>1. September 2026<\/strong> beginnen. Die Maschine wird in Sektionen zerlegt (Rumpf, f\u00fcr den Containertransport geteilte Tragfl\u00e4chen und Leitwerk) und auf dem Seeweg in den Hafen von <strong>Timaru<\/strong> auf der S\u00fcdinsel gebracht.<\/p>\n\n\n\n<p class=\"wp-block-paragraph\">Dort soll sie noch in diesem Jahr eintreffen, berichten die brasilianischen Medien <a href=\"https:\/\/aerojota.com.br\/dc-8-abandonado-manaus-nova-zelandia\/\" target=\"_blank\" rel=\"noreferrer noopener nofollow\">AeroJota<\/a> und <a href=\"https:\/\/www.rondoniaovivo.com\/noticia\/geral\/2026\/08\/13\/fim-do-abandono-dc-8-que-esta-ha-duas-decadas-em-manaus-vai-de-navio-para-a-nova-zelandia.html\" target=\"_blank\" rel=\"noreferrer noopener nofollow\">Rond\u00f4nia ao Vivo<\/a>.<\/p>\n\n\n\n<p class=\"wp-block-paragraph\">Leer wiegt die DC-8-52 rund 60 Tonnen, sie ist 45,9 Meter lang und hat eine Spannweite von 43,4 Metern. Laut derselben Quelle sind an der Logistik der Flughafenbetreiber VINCI Airports und die auf schwere internationale Frachten spezialisierte Firma Freightplus beteiligt.<\/p>\n\n\n\n<p class=\"wp-block-paragraph\">Die Kosten tragen anonyme Spender. Die Wohlt\u00e4tigkeitsinitiative Bring Our Birds Home sammelt zudem seit neun Jahren Geld auf dem Portal <a href=\"https:\/\/givealittle.co.nz\/cause\/bringourbirdshome\" target=\"_blank\" rel=\"noreferrer noopener nofollow\">Givealittle<\/a> und hat bis August 2026 von 467 Spendern <strong>40.035 NZD<\/strong> zusammenbekommen.<\/p>\n\n\n\n<h2 class=\"wp-block-heading\"><span class=\"ez-toc-section\" id=\"Was_das_praktisch_bedeutet\"><\/span>Was das praktisch bedeutet<span class=\"ez-toc-section-end\"><\/span><\/h2>\n\n\n\n<p class=\"wp-block-paragraph\">Wenn du eine Reise auf die S\u00fcdinsel Neuseelands planst, kannst du dieses St\u00fcck Luftfahrtgeschichte nach Abschluss der Restaurierung im <strong>National Transport and Toy Museum in W\u0101naka<\/strong> bewundern. Das Museum liegt direkt am Flughafen und ist f\u00fcr die \u00d6ffentlichkeit ganz normal zug\u00e4nglich.<\/p>\n\n\n\n<p class=\"wp-block-paragraph\">Den Ablauf der Demontage und der \u00dcberfahrt kannst du auch online verfolgen. Die Initiative dokumentiert alles laufend \u00fcber ihre Kampagne auf Givealittle und in den sozialen Netzwerken.<\/p>\n\n\n\n<p class=\"wp-block-paragraph\">Auf Fl\u00fcge nach Brasilien oder den Betrieb des Flughafens in Manaus hat die Aktion keinerlei Auswirkungen. Es handelt sich schlie\u00dflich nur um den einmaligen Abtransport einer ausgemusterten Flugzeugzelle.<\/p>\n\n\n\n<p class=\"wp-block-paragraph\">Wer seine Neuseeland-Reise erst noch plant, sollte damit rechnen, dass das Flugzeug <strong>bis Ende 2026<\/strong> in Timaru eintreffen soll und erst nach weiterer Restaurierung ins Museum nach W\u0101naka kommt.<\/p>\n\n\n\n<!-- LKM_GYG_CARD start q=\"cestu domu\" lang=\"de\" rendered=\"2026-08-31T01:35:22+00:00\" v=\"1\" -->\n<style id=\"lk-gyg-styles\">\n@import url(\"https:\/\/fonts.googleapis.com\/css2?family=Playfair+Display:wght@700&family=DM+Sans:wght@300;400;500;600&display=swap\");\n\/* === LK GYG karty \u2014 CRO redesign 2026-05 (namespace .lkx-) ===\n   C\u00edl: vy\u0161\u0161\u00ed CTR (hero + v\u00fdrazn\u00fd social proof + ak\u010dn\u00ed CTA, m\u00e9n\u011b \"reklamn\u00ed\").\n   Injektuje se inline do prvn\u00edho markeru postu (refresh_cards.py --inline-css). *\/\n.lkx-module, .lkx-module *{box-sizing:border-box;margin:0;padding:0}\n.lkx-module{\n  font-family:'DM Sans',-apple-system,Segoe UI,Roboto,Georgia,sans-serif;\n  max-width:860px;margin:2.5rem auto;color:#1f2328;\n}\n\n\/* HEADER \u2014 lehk\u00fd editorsk\u00fd, \u017e\u00e1dn\u00fd bannerov\u00fd blok; nadpis + popisek pod n\u00edm *\/\n.lkx-head{margin-bottom:16px}\n.lkx-head-main{display:flex;align-items:center;gap:10px}\n.lkx-head-accent{width:26px;height:3px;border-radius:2px;background:#c39f76;flex-shrink:0}\n.lkx-head-title{font-family:'Playfair Display',Georgia,serif;font-size:21px;font-weight:700;color:#1a1a1a;line-height:1.25}\n.lkx-head-meta{display:block;font-size:11px;letter-spacing:.3px;color:#9aa0a6;margin-top:4px;margin-left:36px}\n\n\/* HERO *\/\n.lkx-hero{display:grid;grid-template-columns:300px 1fr;background:#fff;border:1px solid #ece7df;border-radius:14px;overflow:hidden;text-decoration:none!important;color:inherit;box-shadow:0 6px 20px rgba(0,0,0,.06);transition:box-shadow .2s,transform .2s;margin-bottom:14px}\n.lkx-hero:hover{box-shadow:0 12px 30px rgba(0,0,0,.12);transform:translateY(-2px)}\n.lkx-hero-img{position:relative;min-height:230px;background-size:cover;background-position:center;background-color:#eee}\n.lkx-hero-body{padding:22px 24px;display:flex;flex-direction:column}\n.lkx-pick{position:absolute;top:12px;left:12px;background:#1a1a1a;color:#fff;font-size:11px;font-weight:700;letter-spacing:.5px;padding:5px 11px;border-radius:20px}\n\n\/* TITLE *\/\n.lkx-title{font-size:19px;font-weight:700;color:#161616;line-height:1.3}\n.lkx-title-sm{font-size:14.5px;line-height:1.35;display:-webkit-box;-webkit-line-clamp:2;-webkit-box-orient:vertical;overflow:hidden}\n\n\/* SOCIAL PROOF \u2014 v\u00fdrazn\u011b, naho\u0159e *\/\n.lkx-proof{display:flex;align-items:center;gap:7px;margin-top:12px;font-size:15px;color:#3a3a3a}\n.lkx-proof b{font-size:16px;color:#161616}\n.lkx-stars{color:#f5a623;letter-spacing:1px}\n.lkx-proof-sm{font-size:12.5px;margin-top:8px;gap:5px}\n.lkx-proof-sm b{font-size:13px}\n.lkx-proof-new{color:#3685fc;font-weight:600}\n\n\/* PRICE \u2014 n\u00edzk\u00e1 kotva *\/\n.lkx-price{font-size:14px;color:#6b7280}\n.lkx-price b{font-size:20px;color:#161616;font-weight:700}\n.lkx-price-sm b{font-size:15px}\n\n\/* CTA \u2014 tepl\u00e9 ak\u010dn\u00ed tla\u010d\u00edtko *\/\n.lkx-cta{display:inline-flex;align-items:center;justify-content:center;text-decoration:none!important;font-weight:700;color:#fff!important;background:linear-gradient(135deg,#f6743f,#e8552a);border-radius:10px;box-shadow:0 6px 16px rgba(232,85,42,.32);transition:box-shadow .2s}\n.lkx-cta-hero{font-size:15px;padding:13px 22px}\n.lkx-hero:hover .lkx-cta-hero{box-shadow:0 8px 22px rgba(232,85,42,.45)}\n.lkx-cta-sm{font-size:12.5px;padding:9px 14px;width:100%;margin-top:2px}\n.lkx-hero-bottom{margin-top:auto;padding-top:18px;display:flex;align-items:center;justify-content:space-between;gap:14px;flex-wrap:wrap}\n\n\/* BADGE \u2014 jeden v\u00fdrazn\u00fd na fotce *\/\n.lkx-badge{position:absolute;top:12px;right:12px;font-size:10.5px;font-weight:700;letter-spacing:.3px;padding:5px 10px;border-radius:16px;color:#fff}\n.lkx-badge.badge-urgency{background:rgba(214,40,40,.92)}\n.lkx-badge.badge-new{background:rgba(54,133,252,.92)}\n.lkx-badge.badge-top{background:rgba(195,159,118,.95)}\n.lkx-badge.badge-info{background:rgba(40,40,40,.78)}\n\n\/* SECONDARY GRID *\/\n.lkx-grid{display:grid;grid-template-columns:1fr 1fr;gap:14px}\n.lkx-card{background:#fff;border:1px solid #ece7df;border-radius:14px;overflow:hidden;text-decoration:none!important;color:inherit;box-shadow:0 4px 14px rgba(0,0,0,.05);display:flex;flex-direction:column;transition:box-shadow .2s,transform .2s}\n.lkx-card:hover{box-shadow:0 10px 24px rgba(0,0,0,.1);transform:translateY(-2px)}\n.lkx-card-img{position:relative;aspect-ratio:16\/10;background-size:cover;background-position:center;background-color:#eee}\n.lkx-card-body{padding:14px 16px 16px;display:flex;flex-direction:column;gap:7px;flex:1}\n.lkx-card-bottom{margin-top:auto;padding-top:10px;display:flex;align-items:center;justify-content:space-between;gap:8px}\n\n\/* DISCLOSURE \u2014 drobn\u00e1, kv\u016fli d\u016fv\u011b\u0159e\/z\u00e1konu *\/\n.lkx-disclosure{font-size:11px;color:#a7adb3;text-align:center;margin-top:14px;line-height:1.6}\n.lkx-disclosure a{color:#c39f76;text-decoration:none}\n\n@media(max-width:680px){\n  .lkx-hero{grid-template-columns:1fr}\n  .lkx-hero-img{min-height:180px}\n  .lkx-grid{grid-template-columns:1fr}\n  .lkx-head-meta{margin-left:0;width:100%}\n  .lkx-head-title{font-size:19px}\n}\n\n<\/style>\n<div class=\"lkx-module\" data-query=\"cestu domu\">\n  <div class=\"lkx-head\">\n    <div class=\"lkx-head-main\">\n      <span class=\"lkx-head-accent\"><\/span>\n      <span class=\"lkx-head-title\">Erlebnisse &amp; Tickets<\/span>\n    <\/div>\n    <span class=\"lkx-head-meta\">von Reisenden bewertet \u00b7 GetYourGuide<\/span>\n  <\/div><a class=\"lkx-hero\" href=\"https:\/\/www.getyourguide.com\/de-de\/bukarest-l111\/bukarest-parlamentspalast-ceausescu-haus-dorf-tour-t1408656\/?partner_id=MKZ64IS&amp;utm_medium=online_publisher&amp;cmp=dc-8-air-new-zealand-amazonien\" target=\"_blank\" rel=\"sponsored noopener nofollow\">\n    <div class=\"lkx-hero-img\" style=\"background-image:url('https:\/\/cdn.getyourguide.com\/img\/tour\/a1a08ee8b9181726deae6592bd8f78ae51968087a0a286ee9ca83bc6aaf2984a.jpg\/132.jpg')\" role=\"img\" aria-label=\"Bukarest: Parlamentspalast, Ceau\u0219escu-Haus\u00a0\u2013 Dorf-Tour\">\n      <span class=\"lkx-pick\">\u2605 Unser Tipp<\/span><\/div>\n    <div class=\"lkx-hero-body\">\n      <div class=\"lkx-title\">Bukarest: Parlamentspalast, Ceau\u0219escu-Haus\u00a0\u2013 Dorf-Tour<\/div>\n      <div class=\"lkx-proof\">\n      <span class=\"lkx-stars\">\u2605\u2605\u2605\u2605\u2605<\/span>\n      <b>4.9<\/b> \u00b7 120 Bewertungen\n    <\/div>\n      <div class=\"lkx-hero-bottom\"><div class=\"lkx-price\">ab <b>19\u00a0\u20ac<\/b><\/div><span class=\"lkx-cta lkx-cta-hero\">Das will ich erleben \u2192<\/span>\n      <\/div>\n    <\/div>\n  <\/a><div class=\"lkx-grid\"><a class=\"lkx-card\" href=\"https:\/\/www.getyourguide.com\/de-de\/bukarest-l111\/ohne-anstehen-parlament-ceausescu-haus-und-dorfmuseum-t1416896\/?partner_id=MKZ64IS&amp;utm_medium=online_publisher&amp;cmp=dc-8-air-new-zealand-amazonien\" target=\"_blank\" rel=\"sponsored noopener nofollow\">\n      <div class=\"lkx-card-img\" style=\"background-image:url('https:\/\/cdn.getyourguide.com\/img\/tour\/976fd23f39a25a4bcbe9385ee5b65aa5f3b5a69deb8ddcc59222f1ccff790906.jpg\/132.jpg')\" role=\"img\" aria-label=\"Ohne Anstehen - Parlament, Ceau\u0219escu-Haus und Dorfmuseum\"><\/div>\n      <div class=\"lkx-card-body\">\n        <div class=\"lkx-title lkx-title-sm\">Ohne Anstehen &#8211; Parlament, Ceau\u0219escu-Haus und Dorfmuseum<\/div>\n        <div class=\"lkx-proof lkx-proof-sm\">\n      <span class=\"lkx-stars\">\u2605<\/span>\n      <b>5.0<\/b> \u00b7 27\n    <\/div>\n        <div class=\"lkx-card-bottom\"><span class=\"lkx-price lkx-price-sm\">ab <b>19\u00a0\u20ac<\/b><\/span><span class=\"lkx-cta lkx-cta-sm\">Termine ansehen \u2192<\/span>\n        <\/div>\n      <\/div>\n    <\/a><a class=\"lkx-card\" href=\"https:\/\/www.getyourguide.com\/de-de\/bukarest-l111\/tour-parlamentspalast-haus-von-ceausescu-dorfmuseum-t1425861\/?partner_id=MKZ64IS&amp;utm_medium=online_publisher&amp;cmp=dc-8-air-new-zealand-amazonien\" target=\"_blank\" rel=\"sponsored noopener nofollow\">\n      <div class=\"lkx-card-img\" style=\"background-image:url('https:\/\/cdn.getyourguide.com\/img\/tour\/46d6918981e2de85c087c9f3e59e62a879dbee03bd162069c0e6bb0d933a2b7d.jpg\/132.jpg')\" role=\"img\" aria-label=\"Tour: Parlamentspalast, Haus von Ceau\u0219escu, Dorfmuseum\"><\/div>\n      <div class=\"lkx-card-body\">\n        <div class=\"lkx-title lkx-title-sm\">Tour: Parlamentspalast, Haus von Ceau\u0219escu, Dorfmuseum<\/div>\n        <div class=\"lkx-proof lkx-proof-sm\">\n      <span class=\"lkx-stars\">\u2605<\/span>\n      <b>4.9<\/b> \u00b7 13\n    <\/div>\n        <div class=\"lkx-card-bottom\"><span class=\"lkx-price lkx-price-sm\">ab <b>19\u00a0\u20ac<\/b><\/span><span class=\"lkx-cta lkx-cta-sm\">Termine ansehen \u2192<\/span>\n        <\/div>\n      <\/div>\n    <\/a><\/div><div class=\"lkx-disclosure\">\ud83d\udd17 Affiliate-Links \u2014 kein Aufpreis f\u00fcr dich, sie helfen uns, Inhalte zu erstellen. \u00b7 <a href=\"https:\/\/www.getyourguide.com\/de-de\/s\/?q=cestu+domu&amp;partner_id=MKZ64IS&amp;utm_medium=online_publisher\" target=\"_blank\" rel=\"sponsored noopener nofollow\">Alle Erlebnisse \u2192<\/a><\/div>\n<\/div>\n<!-- LKM_GYG_CARD end -->\n","protected":false},"excerpt":{"rendered":"<p>Die einzige erhaltene Douglas DC-8 der Air-New-Zealand-Flotte verf\u00e4llt seit zwanzig Jahren am Flughafen in Manaus in Amazonien. Ab dem 1. September 2026 wird sie zerlegt und auf dem Seeweg nach Neuseeland gebracht, wo sie im Museum in W\u0101naka landet. Einst bef\u00f6rderte sie sogar K\u00f6nigin Elizabeth II.<\/p>\n","protected":false},"author":2,"featured_media":396130,"comment_status":"open","ping_status":"open","sticky":false,"template":"","format":"standard","meta":{"_acf_changed":false,"footnotes":"","rank_math_title":"DC-8 in Amazonien: letzte Reise nach Neuseeland","rank_math_description":"Nach 20 Jahren in Amazonien tritt die legend\u00e4re DC-8 von Air New Zealand ihre letzte Reise ins Museum in W\u0101naka an. Erfahre hier die ganze Geschichte!","rank_math_focus_keyword":"amazonien","rank_math_seo_score":""},"categories":[451],"tags":[],"class_list":["post-408509","post","type-post","status-publish","format-standard","has-post-thumbnail","category-reisen"],"acf":[],"featured_image_src":"https:\/\/loudavymkrokem.cz\/wp-content\/uploads\/2026\/08\/abandoned-dc-8-aircraft-tarmac.jpg","author_info":{"display_name":"Luk\u00e1\u0161 Kone\u010dn\u00fd","author_link":"https:\/\/loudavymkrokem.cz\/de\/author\/lukas-konecny\/"},"_links":{"self":[{"href":"https:\/\/loudavymkrokem.cz\/de\/wp-json\/wp\/v2\/posts\/408509","targetHints":{"allow":["GET"]}}],"collection":[{"href":"https:\/\/loudavymkrokem.cz\/de\/wp-json\/wp\/v2\/posts"}],"about":[{"href":"https:\/\/loudavymkrokem.cz\/de\/wp-json\/wp\/v2\/types\/post"}],"author":[{"embeddable":true,"href":"https:\/\/loudavymkrokem.cz\/de\/wp-json\/wp\/v2\/users\/2"}],"replies":[{"embeddable":true,"href":"https:\/\/loudavymkrokem.cz\/de\/wp-json\/wp\/v2\/comments?post=408509"}],"version-history":[{"count":0,"href":"https:\/\/loudavymkrokem.cz\/de\/wp-json\/wp\/v2\/posts\/408509\/revisions"}],"wp:featuredmedia":[{"embeddable":true,"href":"https:\/\/loudavymkrokem.cz\/de\/wp-json\/wp\/v2\/media\/396130"}],"wp:attachment":[{"href":"https:\/\/loudavymkrokem.cz\/de\/wp-json\/wp\/v2\/media?parent=408509"}],"wp:term":[{"taxonomy":"category","embeddable":true,"href":"https:\/\/loudavymkrokem.cz\/de\/wp-json\/wp\/v2\/categories?post=408509"},{"taxonomy":"post_tag","embeddable":true,"href":"https:\/\/loudavymkrokem.cz\/de\/wp-json\/wp\/v2\/tags?post=408509"}],"curies":[{"name":"wp","href":"https:\/\/api.w.org\/{rel}","templated":true}]}}