{"id":151229,"date":"2026-04-24T18:21:09","date_gmt":"2026-04-24T16:21:09","guid":{"rendered":"https:\/\/loudavymkrokem.cz\/?p=151229"},"modified":"2026-04-30T11:06:12","modified_gmt":"2026-04-30T09:06:12","slug":"karlsbruecke-prag-insider-guide","status":"publish","type":"post","link":"https:\/\/loudavymkrokem.cz\/de\/karlsbruecke-prag-insider-guide\/","title":{"rendered":"Karlsbr\u00fccke Prag: Insider-Guide (Geschichte, Statuen, beste Besuchszeit)"},"content":{"rendered":"<p>Wenn ich morgens zum Unterricht am Malostransk\u00e9-Gymnasium hetzte, nahm ich manchmal absichtlich einen Umweg und verl\u00e4ngerte meinen Weg \u00fcber die Karlsbr\u00fccke in Prag (oft stieg ich einfach in die falsche Stra\u00dfenbahn). <strong>Um halb acht morgens, besonders an einem feuchtkalten Novembertag, herrschte hier eine ganz besondere Stille, die nur vom Kreischen der M\u00f6wen und dem Klappern meiner eigenen Schuhe auf dem nassen Pflaster durchbrochen wurde.<\/strong><\/p>\n<p>Um die drei\u00dfig Barockstatuen w\u00e4lzte sich Nebel von der Moldau, und ich hatte das Gef\u00fchl, dass diese gotische Verbindung zwischen Altstadt und Kleinseite f\u00fcr einen kurzen Moment ganz allein mir geh\u00f6rte. Ein paar Jahre sp\u00e4ter setzte ich mich um drei Uhr morgens auf die Br\u00fccke. Zum Nachdenken. Oft wurde ich von Polizisten verscheucht \u2013 macht das also lieber nicht nach.<\/p>\n<p>Mit Luk\u00e1\u0161 stiegen wir nach unserem ersten Date auf der Prager Burg die Schlosstreppen hinunter und landeten genau hier, <strong>am Fu\u00df der Kleinseitner Br\u00fcckent\u00fcrme.<\/strong> Heute kommen wir als Eltern zur\u00fcck, und ich stelle mit Entsetzen fest, wie brutal das verfluchte Kopfsteinpflaster r\u00fcttelt, wenn man mit dem zweij\u00e4hrigen Jon\u00e1\u0161 im Kinderwagen dar\u00fcber man\u00f6vriert. <strong>Der Ort selbst hat sich seit meiner Studienzeit nicht ver\u00e4ndert, aber meine Wahrnehmung schon. Ich versuche nicht mehr, mich um die Mittagszeit durch die Menschenmassen zu dr\u00e4ngen \u2013 lieber stehe ich fr\u00fch auf oder komme sp\u00e4tabends, wenn die Stadt endlich durchatmet.<\/strong><\/p>\n<p>Oft werde ich von Reisenden gefragt, ob es \u00fcberhaupt Sinn hat, zu dieser ber\u00fchmtesten Prager Sehensw\u00fcrdigkeit zu gehen, wenn sie st\u00e4ndig belagert ist. Meine Antwort ist eindeutig: Ja, aber ihr m\u00fcsst wissen, wie. Es geht nicht nur darum, von einem Ufer zum anderen zu laufen. Es geht darum, Details wahrzunehmen, ein wenig Kontext zu kennen und den richtigen Moment zu w\u00e4hlen, in dem aus der \u00fcberf\u00fcllten Attraktion wieder ein mystischer Ort mit tiefer Geschichte wird.<\/p>\n<p>Kommt morgens, kommt nachts, kommt im Regen \u2013 lest nur vorher, was ich euch erz\u00e4hlen m\u00f6chte, damit das Ganze einen Sinn ergibt.<\/p>\n<figure class=\"wp-block-image size-full\"><img loading=\"lazy\" decoding=\"async\" width=\"1200\" height=\"800\" src=\"https:\/\/loudavymkrokem.cz\/wp-content\/uploads\/2025\/03\/recenze-domus-balthasar-praha-s-batoletem-3.jpg\" alt=\"Zur Karlsbr\u00fccke Prag ist es nur eine Minute zu Fu\u00df\" class=\"wp-image-94712\" title=\"\" srcset=\"https:\/\/loudavymkrokem.cz\/wp-content\/uploads\/2025\/03\/recenze-domus-balthasar-praha-s-batoletem-3.jpg 1200w, https:\/\/loudavymkrokem.cz\/wp-content\/uploads\/2025\/03\/recenze-domus-balthasar-praha-s-batoletem-3-300x200.jpg 300w, https:\/\/loudavymkrokem.cz\/wp-content\/uploads\/2025\/03\/recenze-domus-balthasar-praha-s-batoletem-3-700x467.jpg 700w, https:\/\/loudavymkrokem.cz\/wp-content\/uploads\/2025\/03\/recenze-domus-balthasar-praha-s-batoletem-3-768x512.jpg 768w, https:\/\/loudavymkrokem.cz\/wp-content\/uploads\/2025\/03\/recenze-domus-balthasar-praha-s-batoletem-3-696x464.jpg 696w\" sizes=\"auto, (max-width: 1200px) 100vw, 1200px\"><figcaption class=\"wp-element-caption\">Prag<\/figcaption><\/figure>\n<div id=\"ez-toc-container\" class=\"ez-toc-v2_0_82_2 ez-toc-wrap-left counter-hierarchy ez-toc-counter ez-toc-grey ez-toc-container-direction\">\n<div class=\"ez-toc-title-container\">\n<p class=\"ez-toc-title\" style=\"cursor:inherit\">Artikelinhalt<\/p>\n<span class=\"ez-toc-title-toggle\"><a href=\"#\" class=\"ez-toc-pull-right ez-toc-btn ez-toc-btn-xs ez-toc-btn-default ez-toc-toggle\" aria-label=\"Toggle Table of Content\"><span class=\"ez-toc-js-icon-con\"><span class=\"\"><span class=\"eztoc-hide\" style=\"display:none;\">Toggle<\/span><span class=\"ez-toc-icon-toggle-span\"><svg style=\"fill: #999;color:#999\" xmlns=\"http:\/\/www.w3.org\/2000\/svg\" class=\"list-377408\" width=\"20px\" height=\"20px\" viewBox=\"0 0 24 24\" fill=\"none\"><path d=\"M6 6H4v2h2V6zm14 0H8v2h12V6zM4 11h2v2H4v-2zm16 0H8v2h12v-2zM4 16h2v2H4v-2zm16 0H8v2h12v-2z\" fill=\"currentColor\"><\/path><\/svg><svg style=\"fill: #999;color:#999\" class=\"arrow-unsorted-368013\" xmlns=\"http:\/\/www.w3.org\/2000\/svg\" width=\"10px\" height=\"10px\" viewBox=\"0 0 24 24\" version=\"1.2\" baseProfile=\"tiny\"><path d=\"M18.2 9.3l-6.2-6.3-6.2 6.3c-.2.2-.3.4-.3.7s.1.5.3.7c.2.2.4.3.7.3h11c.3 0 .5-.1.7-.3.2-.2.3-.5.3-.7s-.1-.5-.3-.7zM5.8 14.7l6.2 6.3 6.2-6.3c.2-.2.3-.5.3-.7s-.1-.5-.3-.7c-.2-.2-.4-.3-.7-.3h-11c-.3 0-.5.1-.7.3-.2.2-.3.5-.3.7s.1.5.3.7z\"\/><\/svg><\/span><\/span><\/span><\/a><\/span><\/div>\n<nav><ul class='ez-toc-list ez-toc-list-level-1 ' ><li class='ez-toc-page-1 ez-toc-heading-level-2'><a class=\"ez-toc-link ez-toc-heading-1\" href=\"https:\/\/loudavymkrokem.cz\/de\/karlsbruecke-prag-insider-guide\/#Zusammenfassung\" >Zusammenfassung<\/a><\/li><li class='ez-toc-page-1 ez-toc-heading-level-2'><a class=\"ez-toc-link ez-toc-heading-2\" href=\"https:\/\/loudavymkrokem.cz\/de\/karlsbruecke-prag-insider-guide\/#Wann_auf_die_Karlsbruecke_gehen\" >Wann auf die Karlsbr\u00fccke gehen<\/a><ul class='ez-toc-list-level-3' ><li class='ez-toc-heading-level-3'><a class=\"ez-toc-link ez-toc-heading-3\" href=\"https:\/\/loudavymkrokem.cz\/de\/karlsbruecke-prag-insider-guide\/#Die_Magie_des_fruehen_Morgens_und_der_Daemmerung\" >Die Magie des fr\u00fchen Morgens und der D\u00e4mmerung<\/a><\/li><li class='ez-toc-page-1 ez-toc-heading-level-3'><a class=\"ez-toc-link ez-toc-heading-4\" href=\"https:\/\/loudavymkrokem.cz\/de\/karlsbruecke-prag-insider-guide\/#Nachmittagstrubel_und_abendliche_Ruhe\" >Nachmittagstrubel und abendliche Ruhe<\/a><\/li><\/ul><\/li><li class='ez-toc-page-1 ez-toc-heading-level-2'><a class=\"ez-toc-link ez-toc-heading-5\" href=\"https:\/\/loudavymkrokem.cz\/de\/karlsbruecke-prag-insider-guide\/#Wo_uebernachten\" >Wo \u00fcbernachten<\/a><\/li><li class='ez-toc-page-1 ez-toc-heading-level-2'><a class=\"ez-toc-link ez-toc-heading-6\" href=\"https:\/\/loudavymkrokem.cz\/de\/karlsbruecke-prag-insider-guide\/#Geschichte_und_Architektur_der_Karlsbruecke\" >Geschichte und Architektur der Karlsbr\u00fccke<\/a><ul class='ez-toc-list-level-3' ><li class='ez-toc-heading-level-3'><a class=\"ez-toc-link ez-toc-heading-7\" href=\"https:\/\/loudavymkrokem.cz\/de\/karlsbruecke-prag-insider-guide\/#Magisches_Gruendungsdatum_und_Peter_Parler\" >Magisches Gr\u00fcndungsdatum und Peter Parler<\/a><\/li><li class='ez-toc-page-1 ez-toc-heading-level-3'><a class=\"ez-toc-link ez-toc-heading-8\" href=\"https:\/\/loudavymkrokem.cz\/de\/karlsbruecke-prag-insider-guide\/#Der_Eier-Mythos_und_die_harte_Realitaet_der_Hochwasser\" >Der Eier-Mythos und die harte Realit\u00e4t der Hochwasser<\/a><\/li><li class='ez-toc-page-1 ez-toc-heading-level-3'><a class=\"ez-toc-link ez-toc-heading-9\" href=\"https:\/\/loudavymkrokem.cz\/de\/karlsbruecke-prag-insider-guide\/#Bradac_Prags_Hochwasser-Warnsystem\" >Brad\u00e1\u010d: Prags Hochwasser-Warnsystem<\/a><\/li><\/ul><\/li><li class='ez-toc-page-1 ez-toc-heading-level-2'><a class=\"ez-toc-link ez-toc-heading-10\" href=\"https:\/\/loudavymkrokem.cz\/de\/karlsbruecke-prag-insider-guide\/#Statuen_auf_der_Karlsbruecke_Freiluftgalerie\" >Statuen auf der Karlsbr\u00fccke: Freiluftgalerie<\/a><ul class='ez-toc-list-level-3' ><li class='ez-toc-heading-level-3'><a class=\"ez-toc-link ez-toc-heading-11\" href=\"https:\/\/loudavymkrokem.cz\/de\/karlsbruecke-prag-insider-guide\/#Heiliger_Johannes_von_Nepomuk_und_das_Gluecksritual\" >Heiliger Johannes von Nepomuk und das Gl\u00fccksritual<\/a><\/li><li class='ez-toc-page-1 ez-toc-heading-level-3'><a class=\"ez-toc-link ez-toc-heading-12\" href=\"https:\/\/loudavymkrokem.cz\/de\/karlsbruecke-prag-insider-guide\/#Die_Vision_der_heiligen_Luitgard\" >Die Vision der heiligen Luitgard<\/a><\/li><li class='ez-toc-page-1 ez-toc-heading-level-3'><a class=\"ez-toc-link ez-toc-heading-13\" href=\"https:\/\/loudavymkrokem.cz\/de\/karlsbruecke-prag-insider-guide\/#Figurengruppe_des_heiligen_Vinzenz_Ferrer_und_Prokop\" >Figurengruppe des heiligen Vinzenz Ferrer und Prokop<\/a><\/li><\/ul><\/li><li class='ez-toc-page-1 ez-toc-heading-level-2'><a class=\"ez-toc-link ez-toc-heading-14\" href=\"https:\/\/loudavymkrokem.cz\/de\/karlsbruecke-prag-insider-guide\/#Brueckentuerme_der_Karlsbruecke_Ausblicke_von_oben\" >Br\u00fcckent\u00fcrme der Karlsbr\u00fccke: Ausblicke von oben<\/a><ul class='ez-toc-list-level-3' ><li class='ez-toc-heading-level-3'><a class=\"ez-toc-link ez-toc-heading-15\" href=\"https:\/\/loudavymkrokem.cz\/de\/karlsbruecke-prag-insider-guide\/#Altstaedter_Brueckenturm\" >Altst\u00e4dter Br\u00fcckenturm<\/a><\/li><li class='ez-toc-page-1 ez-toc-heading-level-3'><a class=\"ez-toc-link ez-toc-heading-16\" href=\"https:\/\/loudavymkrokem.cz\/de\/karlsbruecke-prag-insider-guide\/#Kleinseitner_Brueckentuerme\" >Kleinseitner Br\u00fcckent\u00fcrme<\/a><\/li><\/ul><\/li><li class='ez-toc-page-1 ez-toc-heading-level-2'><a class=\"ez-toc-link ez-toc-heading-17\" href=\"https:\/\/loudavymkrokem.cz\/de\/karlsbruecke-prag-insider-guide\/#Praktische_Informationen\" >Praktische Informationen<\/a><ul class='ez-toc-list-level-3' ><li class='ez-toc-heading-level-3'><a class=\"ez-toc-link ez-toc-heading-18\" href=\"https:\/\/loudavymkrokem.cz\/de\/karlsbruecke-prag-insider-guide\/#Anreise_und_wie_ihr_zur_Bruecke_kommt\" >Anreise und wie ihr zur Br\u00fccke kommt<\/a><\/li><li class='ez-toc-page-1 ez-toc-heading-level-3'><a class=\"ez-toc-link ez-toc-heading-19\" href=\"https:\/\/loudavymkrokem.cz\/de\/karlsbruecke-prag-insider-guide\/#Gefuehrte_Touren_und_Moldau-Bootsfahrten\" >Gef\u00fchrte Touren und Moldau-Bootsfahrten<\/a><\/li><li class='ez-toc-page-1 ez-toc-heading-level-3'><a class=\"ez-toc-link ez-toc-heading-20\" href=\"https:\/\/loudavymkrokem.cz\/de\/karlsbruecke-prag-insider-guide\/#Wo_essen_und_Kaffee_trinken_ohne_in_Touristenfallen_zu_tappen\" >Wo essen und Kaffee trinken (ohne in Touristenfallen zu tappen)<\/a><\/li><\/ul><\/li><li class='ez-toc-page-1 ez-toc-heading-level-2'><a class=\"ez-toc-link ez-toc-heading-21\" href=\"https:\/\/loudavymkrokem.cz\/de\/karlsbruecke-prag-insider-guide\/#Haeufig_gestellte_Fragen\" >H\u00e4ufig gestellte Fragen<\/a><ul class='ez-toc-list-level-3' ><li class='ez-toc-heading-level-3'><a class=\"ez-toc-link ez-toc-heading-22\" href=\"https:\/\/loudavymkrokem.cz\/de\/karlsbruecke-prag-insider-guide\/#Ist_der_Eintritt_auf_die_Karlsbruecke_kostenpflichtig\" >Ist der Eintritt auf die Karlsbr\u00fccke kostenpflichtig?<\/a><\/li><li class='ez-toc-page-1 ez-toc-heading-level-3'><a class=\"ez-toc-link ez-toc-heading-23\" href=\"https:\/\/loudavymkrokem.cz\/de\/karlsbruecke-prag-insider-guide\/#Wann_sind_am_wenigsten_Leute_da\" >Wann sind am wenigsten Leute da?<\/a><\/li><li class='ez-toc-page-1 ez-toc-heading-level-3'><a class=\"ez-toc-link ez-toc-heading-24\" href=\"https:\/\/loudavymkrokem.cz\/de\/karlsbruecke-prag-insider-guide\/#Darf_man_mit_dem_Fahrrad_oder_E-Scooter_ueberqueren\" >Darf man mit dem Fahrrad oder E-Scooter \u00fcberqueren?<\/a><\/li><li class='ez-toc-page-1 ez-toc-heading-level-3'><a class=\"ez-toc-link ez-toc-heading-25\" href=\"https:\/\/loudavymkrokem.cz\/de\/karlsbruecke-prag-insider-guide\/#Sind_die_Statuen_Originale\" >Sind die Statuen Originale?<\/a><\/li><li class='ez-toc-page-1 ez-toc-heading-level-3'><a class=\"ez-toc-link ez-toc-heading-26\" href=\"https:\/\/loudavymkrokem.cz\/de\/karlsbruecke-prag-insider-guide\/#Wie_lange_dauert_die_Ueberquerung_von_Ufer_zu_Ufer\" >Wie lange dauert die \u00dcberquerung von Ufer zu Ufer?<\/a><\/li><li class='ez-toc-page-1 ez-toc-heading-level-3'><a class=\"ez-toc-link ez-toc-heading-27\" href=\"https:\/\/loudavymkrokem.cz\/de\/karlsbruecke-prag-insider-guide\/#Ist_die_Strecke_barrierefrei\" >Ist die Strecke barrierefrei?<\/a><\/li><\/ul><\/li><\/ul><\/nav><\/div>\n<h2 class=\"wp-block-heading\"><span class=\"ez-toc-section\" id=\"Zusammenfassung\"><\/span><span class=\"ez-toc-section\" id=\"Zusammenfassung\"><\/span>Zusammenfassung<span class=\"ez-toc-section-end\"><\/span><span class=\"ez-toc-section-end\"><\/span><\/h2>\n<ul class=\"wp-block-list\">\n<li>Die beste Besuchszeit ist bei Sonnenaufgang oder sp\u00e4tabends (nach <strong>23:00 Uhr<\/strong>) \u2013 so umgeht ihr die brutalen Massen organisierter Reisegruppen.<\/li>\n<li>Der Grundstein wurde im Jahr <strong>1357<\/strong> gelegt, genau am <strong>9. Juli um 5:31 Uhr<\/strong> morgens, wegen der magischen Zahlenfolge 1-3-5-7-9-7-5-3-1.<\/li>\n<li>Die meisten der 30 Statuen auf der Br\u00fccke sind heute Sandsteinkopien \u2013 die Originale findet ihr gesch\u00fctzt im <a href=\"https:\/\/www.nm.cz\/\" target=\"_blank\" rel=\"nofollow noopener\">Lapidarium des Nationalmuseums<\/a> und auf dem Vy\u0161ehrad.<\/li>\n<li>Die Statue des heiligen Johannes von Nepomuk ist die mit den abgegriffenen Bronzereliefs. Eine Ber\u00fchrung soll Gl\u00fcck bringen und die R\u00fcckkehr nach Prag garantieren.<\/li>\n<li>Sowohl der Altst\u00e4dter als auch der Kleinseitner Br\u00fcckenturm bieten einen der besten Ausblicke auf das historische Zentrum \u2013 der Eintritt liegt bei <strong>ca. 8 \u20ac<\/strong>.<\/li>\n<li><strong>Brad\u00e1\u010d<\/strong> ist ein unauff\u00e4lliges Steinrelief eines Kopfes am Altst\u00e4dter Turm, das den Pragern jahrhundertelang als Hochwasser-Warnsystem diente.<\/li>\n<li>F\u00fcr Familien mit Kinderwagen ist die \u00dcberquerung von Ufer zu Ufer barrierefrei, doch f\u00fcr den Abstieg direkt auf die Kampa-Insel muss eine steile Treppe \u00fcberwunden werden.<\/li>\n<li>Die Br\u00fccke ist eine reine Fu\u00dfg\u00e4ngerzone. Die n\u00e4chsten Haltestellen sind <strong>Starom\u011bstsk\u00e1<\/strong> am rechten Ufer und <strong>Malostransk\u00e9 n\u00e1m\u011bst\u00ed<\/strong> am linken.<\/li>\n<\/ul>\n<h2 class=\"wp-block-heading\"><span class=\"ez-toc-section\" id=\"Wann_auf_die_Karlsbruecke_gehen\"><\/span><span class=\"ez-toc-section\" id=\"Wann_auf_die_Karlsbruecke_gehen\"><\/span>Wann auf die Karlsbr\u00fccke gehen<span class=\"ez-toc-section-end\"><\/span><span class=\"ez-toc-section-end\"><\/span><\/h2>\n<p>Die Wahl des richtigen Zeitpunkts ist bei dieser Prager Sehensw\u00fcrdigkeit absolut entscheidend. Wer um drei Uhr nachmittags Mitte August auftaucht, nimmt wahrscheinlich nur Frust, angetretene Kn\u00f6chel und Fotos voller fremder R\u00fccken mit. Durch die wechselnden Lichtverh\u00e4ltnisse und Besucherdichte verwandelt sich die Br\u00fccke innerhalb von vierundzwanzig Stunden in mehrere v\u00f6llig unterschiedliche Orte. Ich habe zehn Jahre in Prag gelebt und kann euch guten Gewissens sagen: Das Timing macht die H\u00e4lfte des Erlebnisses aus.<\/p>\n<h3 class=\"wp-block-heading\"><span class=\"ez-toc-section\" id=\"Die_Magie_des_fruehen_Morgens_und_der_Daemmerung\"><\/span><span class=\"ez-toc-section\" id=\"Die_Magie_des_fruehen_Morgens_und_der_Daemmerung\"><\/span>Die Magie des fr\u00fchen Morgens und der D\u00e4mmerung<span class=\"ez-toc-section-end\"><\/span><span class=\"ez-toc-section-end\"><\/span><\/h3>\n<p>Wer fr\u00fch aufsteht, bekommt Prag wie auf dem Silbertablett serviert. Als ich an der Uni lernte, mit Morgenlicht zu fotografieren, entdeckte ich, dass das Zeitfenster zwischen <strong>f\u00fcnf und sieben Uhr morgens<\/strong> hier heilig ist. Ihr begegnet nur ein paar Joggern, einsamen Fotografen und Stra\u00dfenkehrern. Die Sonne erhebt sich tr\u00e4ge hinter den T\u00fcrmen der Altstadt, und von der Moldau steigt oft ein feiner Inversionsnebel auf, der den Statuen eine dramatische, fast gespenstische Dimension verleiht. Das Licht ist weich, das Pflaster gl\u00e4nzt, und ihr habt den Raum, bei den einzelnen Skulpturengruppen stehen zu bleiben, ohne dass jemand in euch hineinrennt. Es ist der Moment, in dem die Stadt ihre rohe, stille Seite zeigt \u2013 eine Seite, die ihr in keinem Reisef\u00fchrer abgebildet findet.<\/p>\n<p>Fr\u00fchaufstehen hei\u00dft, idealerweise 30 Minuten vor dem offiziellen Sonnenaufgang da zu sein (im Sommer durchaus gegen halb f\u00fcnf, im Winter reicht es nach sieben). Am einfachsten kommt ihr mit den Nachtstra\u00dfenbahnen oder den ersten Morgenverbindungen der Metro hierher, wenn die Waggons fast leer sind.<\/p>\n<p><strong>\ud83d\udca1 Insider-Tipp:<\/strong> Wenn ihr fotografieren wollt, nehmt ein Stativ mit. Am fr\u00fchen Morgen k\u00f6nnt ihr es im Gegensatz zum Tagesbetrieb problemlos aufstellen, ohne dass eine genervte Menschenmenge dar\u00fcber stolpert.<\/p>\n<figure class=\"wp-block-image size-full\"><img loading=\"lazy\" decoding=\"async\" width=\"2528\" height=\"1696\" src=\"https:\/\/loudavymkrokem.cz\/wp-content\/uploads\/2026\/03\/prazsky-hrad-karluv-most.jpg\" alt=\"Karlsbr\u00fccke Prag bei Sonnenaufgang im Nebel\" class=\"wp-image-139608\" title=\"\" srcset=\"https:\/\/loudavymkrokem.cz\/wp-content\/uploads\/2026\/03\/prazsky-hrad-karluv-most.jpg 2528w, https:\/\/loudavymkrokem.cz\/wp-content\/uploads\/2026\/03\/prazsky-hrad-karluv-most-300x201.jpg 300w, https:\/\/loudavymkrokem.cz\/wp-content\/uploads\/2026\/03\/prazsky-hrad-karluv-most-700x470.jpg 700w, https:\/\/loudavymkrokem.cz\/wp-content\/uploads\/2026\/03\/prazsky-hrad-karluv-most-768x515.jpg 768w, https:\/\/loudavymkrokem.cz\/wp-content\/uploads\/2026\/03\/prazsky-hrad-karluv-most-1536x1030.jpg 1536w, https:\/\/loudavymkrokem.cz\/wp-content\/uploads\/2026\/03\/prazsky-hrad-karluv-most-2048x1374.jpg 2048w, https:\/\/loudavymkrokem.cz\/wp-content\/uploads\/2026\/03\/prazsky-hrad-karluv-most-696x467.jpg 696w, https:\/\/loudavymkrokem.cz\/wp-content\/uploads\/2026\/03\/prazsky-hrad-karluv-most-1392x934.jpg 1392w, https:\/\/loudavymkrokem.cz\/wp-content\/uploads\/2026\/03\/prazsky-hrad-karluv-most-1920x1288.jpg 1920w\" sizes=\"auto, (max-width: 2528px) 100vw, 2528px\"><figcaption class=\"wp-element-caption\">Prag<\/figcaption><\/figure>\n<h3 class=\"wp-block-heading\"><span class=\"ez-toc-section\" id=\"Nachmittagstrubel_und_abendliche_Ruhe\"><\/span><span class=\"ez-toc-section\" id=\"Nachmittagstrubel_und_abendliche_Ruhe\"><\/span>Nachmittagstrubel und abendliche Ruhe<span class=\"ez-toc-section-end\"><\/span><span class=\"ez-toc-section-end\"><\/span><\/h3>\n<p><strong>Zwischen zehn Uhr morgens und neun Uhr abends ist die Br\u00fccke ein pulsierender Korso.<\/strong> Hier begegnen sich Karikaturenzeichner, Stra\u00dfenmusiker und Dutzende organisierte Gruppen, die Reisef\u00fchrern mit hochgehaltenen Regenschirmen folgen. <strong>Ein Spaziergang mit Kinderwagen zu dieser Zeit erfordert spitze Ellbogen und starke Nerven \u2013 weshalb wir ihn mit Jon\u00e1\u0161 einen gro\u00dfen Bogen machen.<\/strong> Der sp\u00e4te Nachmittag bringt allerdings warmes, goldenes Licht, das sich an die Fassaden des Hradschin lehnt und den Blick auf den Fluss zu einem perfekten Bild macht. <strong>Wirkliche Ruhe kehrt erst nach 22 Uhr ein, wenn sich die Massen in die Kneipen zerstreuen und das gelbe Licht der Gaslaternen unheimliche Schatten auf die barocken Gesichter der Sandsteinheiligen wirft.<\/strong><\/p>\n<p>Die Gaslaternen auf der Br\u00fccke werden automatisch zusammen mit der Stra\u00dfenbeleuchtung eingeschaltet. In der Adventszeit (Ende November und im Dezember) trifft man hier allerdings gelegentlich auch auf einen echten Laternenanz\u00fcnder in historischer Kleidung, der sie mit einer langen Stange entz\u00fcndet.<\/p>\n<p><strong>\ud83d\udca1 Insider-Tipp:<\/strong> Geht nachts bei Regen hierher. Die Spiegelungen der Laternen auf dem nassen Pflaster sind atemberaubend, und weil Regen die meisten Leute zuverl\u00e4ssig in die Bars vertreibt, werdet ihr mit gro\u00dfer Wahrscheinlichkeit v\u00f6llig allein sein.<\/p>\n<figure class=\"wp-block-image size-full\"><img loading=\"lazy\" decoding=\"async\" width=\"1200\" height=\"800\" src=\"https:\/\/loudavymkrokem.cz\/wp-content\/uploads\/2026\/04\/karluv-most-4142.jpg\" alt=\"Karlsbr\u00fccke in Prag\" class=\"wp-image-151098\" title=\"\" srcset=\"https:\/\/loudavymkrokem.cz\/wp-content\/uploads\/2026\/04\/karluv-most-4142.jpg 1200w, https:\/\/loudavymkrokem.cz\/wp-content\/uploads\/2026\/04\/karluv-most-4142-300x200.jpg 300w, https:\/\/loudavymkrokem.cz\/wp-content\/uploads\/2026\/04\/karluv-most-4142-700x467.jpg 700w, https:\/\/loudavymkrokem.cz\/wp-content\/uploads\/2026\/04\/karluv-most-4142-768x512.jpg 768w, https:\/\/loudavymkrokem.cz\/wp-content\/uploads\/2026\/04\/karluv-most-4142-696x464.jpg 696w\" sizes=\"auto, (max-width: 1200px) 100vw, 1200px\"><\/figure>\n<h2 class=\"wp-block-heading\"><span class=\"ez-toc-section\" id=\"Wo_uebernachten\"><\/span><span class=\"ez-toc-section\" id=\"Wo_uebernachten\"><\/span>Wo \u00fcbernachten<span class=\"ez-toc-section-end\"><\/span><span class=\"ez-toc-section-end\"><\/span><\/h2>\n<p>Eine Unterkunft mitten im Zentrum klingt romantisch \u2013 bis man um zwei Uhr nachts von einer Gruppe Nachtschw\u00e4rmer geweckt wird, die unter dem Fenster singen. Ich habe gelernt, eine Basis zu w\u00e4hlen, von der man es ins Zentrum nicht weit hat, wo man abends aber endlich schlafen kann. Luk\u00e1\u0161 und mir hat zuletzt das <strong>The <a class=\"thirstylink\" rel=\"nofollow\" target=\"_blank\" title=\"The Julius Hotel\" href=\"https:\/\/loudavymkrokem.cz\/doporucujeme\/the-julius-hotel\/\" data-shortcode=\"true\">Julius Hotel<\/a><\/strong> in der Neustadt hervorragend gefallen, nur einen Katzensprung vom Jind\u0159i\u0161sk\u00e1-Turm entfernt. Wir hatten eine One Bedroom Suite, was f\u00fcr eine Familie mit dem zweij\u00e4hrigen Jon\u00e1\u0161 eine enorme Erleichterung war: getrennter Wohnbereich, voll ausgestattete K\u00fcchenzeile und ein Design, das nicht steril wirkt, sondern als w\u00fcrde man in der Luxuswohnung von jemandem mit au\u00dfergew\u00f6hnlich gutem Geschmack wohnen. Vom Hotel aus erreicht ihr das Flussufer \u00fcber einen gem\u00fctlichen Spaziergang durch die Altstadt in rund zwanzig Minuten \u2013 kein Stra\u00dfenbahn-Jonglieren am fr\u00fchen Morgen n\u00f6tig.<\/p>\n<p>Aktuelle Preise und Verf\u00fcgbarkeit f\u00fcr 2026 k\u00f6nnt ihr \u00fcber <a href=\"https:\/\/www.booking.com\/hotel\/cz\/julius-meinl-house-prague.html?aid=2397601\" rel=\"nofollow noopener\" target=\"_blank\">Booking.com reservieren<\/a>.<\/p>\n<p>Weitere bew\u00e4hrte Tipps, wo man mit Kindern sicher und bequem \u00fcbernachten kann, findet ihr in meinem Artikel <a href=\"https:\/\/loudavymkrokem.cz\/de\/prag-familienhotels-kinder\/\">beste Familienhotels in Prag<\/a>.<\/p>\n<figure class=\"wp-block-image size-full\"><img loading=\"lazy\" decoding=\"async\" width=\"1200\" height=\"800\" src=\"https:\/\/loudavymkrokem.cz\/wp-content\/uploads\/2026\/04\/karluv-most-4090.jpg\" alt=\"Blick auf die Karlsbr\u00fccke Prag\" class=\"wp-image-151092\" title=\"\" srcset=\"https:\/\/loudavymkrokem.cz\/wp-content\/uploads\/2026\/04\/karluv-most-4090.jpg 1200w, https:\/\/loudavymkrokem.cz\/wp-content\/uploads\/2026\/04\/karluv-most-4090-300x200.jpg 300w, https:\/\/loudavymkrokem.cz\/wp-content\/uploads\/2026\/04\/karluv-most-4090-700x467.jpg 700w, https:\/\/loudavymkrokem.cz\/wp-content\/uploads\/2026\/04\/karluv-most-4090-768x512.jpg 768w, https:\/\/loudavymkrokem.cz\/wp-content\/uploads\/2026\/04\/karluv-most-4090-696x464.jpg 696w\" sizes=\"auto, (max-width: 1200px) 100vw, 1200px\"><\/figure>\n<h2 class=\"wp-block-heading\"><span class=\"ez-toc-section\" id=\"Geschichte_und_Architektur_der_Karlsbruecke\"><\/span><span class=\"ez-toc-section\" id=\"Geschichte_und_Architektur_der_Karlsbruecke\"><\/span>Geschichte und Architektur der Karlsbr\u00fccke<span class=\"ez-toc-section-end\"><\/span><span class=\"ez-toc-section-end\"><\/span><\/h2>\n<p>Die steinerne Verbindung beider Ufer war nicht immer nur eine romantische Promenade. Sie war eine lebenswichtige Verkehrsader, \u00fcber die sich jahrhundertelang Warenkarren, Pferde und zu Beginn des 20. Jahrhunderts sogar Stra\u00dfenbahnen w\u00e4lzten. Vor ihr stand die Judithbr\u00fccke, doch die riss das Hochwasser weg \u2013 und so musste Kaiser Karl IV. mit einem neuen, widerstandsf\u00e4higeren Plan ran.<\/p>\n<h3 class=\"wp-block-heading\"><span class=\"ez-toc-section\" id=\"Magisches_Gruendungsdatum_und_Peter_Parler\"><\/span><span class=\"ez-toc-section\" id=\"Magisches_Gruendungsdatum_und_Peter_Parler\"><\/span>Magisches Gr\u00fcndungsdatum und Peter Parler<span class=\"ez-toc-section-end\"><\/span><span class=\"ez-toc-section-end\"><\/span><\/h3>\n<p>Die Baugeschichte ist eng mit mittelalterlicher Mystik und Astronomie verwoben. Karl IV. war f\u00fcr seinen Glauben an die Astrologie bekannt und lie\u00df den Grundstein deshalb genau am <strong>9. Juli 1357 um 5 Uhr und 31 Minuten<\/strong> morgens setzen. Reiht man diese Zahlen aneinander, entsteht das Palindrom 1-3-5-7-9-7-5-3-1, das dem Bauwerk Ewigkeit und Schutz vor zerst\u00f6rerischen Elementen sichern sollte. Zum Hauptarchitekten wurde der damals erst siebenundzwanzigj\u00e4hrige Peter Parler ernannt, der auch f\u00fcr den Bau des Veitsdomes verantwortlich war. Urspr\u00fcnglich hie\u00df sie schlicht die Steinerne oder Prager Br\u00fccke \u2013 den Namen ihres Gr\u00fcnders tr\u00e4gt sie offiziell erst seit 1870.<\/p>\n<p>Die Br\u00fccke misst 515 Meter in der L\u00e4nge und fast 10 Meter in der Breite. Sie ruht auf 16 m\u00e4chtigen Sandsteinpfeilern, die mit Hilfe spezieller Eichenholzroste tief im Flussbett verankert werden mussten.<\/p>\n<p><strong>\ud83d\udca1 Insider-Tipp:<\/strong> Wenn euch interessiert, wie mittelalterliche Fundamente unter Wasser gebaut wurden, schaut im <strong><a href=\"https:\/\/www.muzeumkarlovamostu.cz\/\" rel=\"nofollow noopener\" target=\"_blank\">Museum der Karlsbr\u00fccke<\/a><\/strong> am Kreuzherrenplatz vorbei. Dort gibt es hervorragende und detaillierte Modelle der historischen Tretradkr\u00e4ne.<\/p>\n<figure class=\"wp-block-image size-full\"><img loading=\"lazy\" decoding=\"async\" width=\"1200\" height=\"800\" src=\"https:\/\/loudavymkrokem.cz\/wp-content\/uploads\/2026\/04\/karluv-most-4092.jpg\" alt=\"Architekturdetail der Karlsbr\u00fccke Prag\" class=\"wp-image-151094\" title=\"\" srcset=\"https:\/\/loudavymkrokem.cz\/wp-content\/uploads\/2026\/04\/karluv-most-4092.jpg 1200w, https:\/\/loudavymkrokem.cz\/wp-content\/uploads\/2026\/04\/karluv-most-4092-300x200.jpg 300w, https:\/\/loudavymkrokem.cz\/wp-content\/uploads\/2026\/04\/karluv-most-4092-700x467.jpg 700w, https:\/\/loudavymkrokem.cz\/wp-content\/uploads\/2026\/04\/karluv-most-4092-768x512.jpg 768w, https:\/\/loudavymkrokem.cz\/wp-content\/uploads\/2026\/04\/karluv-most-4092-696x464.jpg 696w\" sizes=\"auto, (max-width: 1200px) 100vw, 1200px\"><\/figure>\n<h3 class=\"wp-block-heading\"><span class=\"ez-toc-section\" id=\"Der_Eier-Mythos_und_die_harte_Realitaet_der_Hochwasser\"><\/span><span class=\"ez-toc-section\" id=\"Der_Eier-Mythos_und_die_harte_Realitaet_der_Hochwasser\"><\/span>Der Eier-Mythos und die harte Realit\u00e4t der Hochwasser<span class=\"ez-toc-section-end\"><\/span><span class=\"ez-toc-section-end\"><\/span><\/h3>\n<p>Fast jedes tschechische Schulkind kennt die Legende, wonach dem M\u00f6rtel Eier beigemischt wurden, damit das Mauerwerk besser hielt \u2013 und wie die Bewohner der Stadt Velvary versehentlich hartgekochte Eier schickten, damit sie unterwegs nicht zerbrachen. Moderne chemische Analysen vom Anfang des 21. Jahrhunderts best\u00e4tigten zun\u00e4chst tats\u00e4chlich Spuren von Eiproteinen, doch neuere Studien von 2010 widerlegten dies wieder. Es stellte sich heraus, dass die mittelalterlichen Maurer eher Milch und Weintrester verwendeten. Wie auch immer es um das Baumaterial bestellt war \u2013 das Bauwerk musste w\u00e4hrend seiner Existenz zahlreichen Pr\u00fcfungen standhalten. Die kritischsten Momente erlebte es bei verheerenden Hochwassern, etwa 1890, als die angeschwollene Moldau drei seiner B\u00f6gen wegriss.<\/p>\n<p>Heute wird das Baudenkmal durch ein System moderner Barrieren am Oberlauf des Flusses gesch\u00fctzt, und Ingenieure \u00fcberwachen regelm\u00e4\u00dfig die Stabilit\u00e4t der Pfeiler mithilfe von Lasersensoren.<\/p>\n<p><strong>\ud83d\udca1 Insider-Tipp:<\/strong> Achtet bei einem Spaziergang entlang der Moldau auf der Insel Kampa auf die unauff\u00e4lligen Metallmarkierungen an einigen historischen H\u00e4usern. Sie zeigen, wie hoch das Wasser beim katastrophalen Hochwasser 2002 stand. Die H\u00f6he ist erschreckend.<\/p>\n<div class=\"lk-zazitky-module\">\n<style>\n.lk-zazitky-module * { box-sizing: border-box; margin: 0; padding: 0; }\n.lk-zazitky-module {\n  font-family: 'DM Sans', Georgia, sans-serif;\n  max-width: 100%;\n  margin: 2.5rem auto;\n  background: linear-gradient(135deg, #fdf6f3 0%, #fbede7 100%);\n  border: 1px solid #f0d9cc;\n  border-radius: 16px;\n  overflow: hidden;\n  box-shadow: 0 16px 48px rgba(217, 119, 87, 0.18), 0 4px 12px rgba(0,0,0,0.06);\n}\n.lk-zazitky-header {\n  position: relative;\n  padding: 24px 32px;\n  background: linear-gradient(135deg, #d97757 0%, #c46b4b 60%, #d97757 100%);\n  display: flex;\n  align-items: center;\n  gap: 18px;\n}\n.lk-zazitky-header::before {\n  content: '';\n  position: absolute;\n  inset: 0;\n  background: url(\"data:image\/svg+xml,%3Csvg width='60' height='60' viewBox='0 0 60 60' xmlns='http:\/\/www.w3.org\/2000\/svg'%3E%3Cg fill='none' fill-rule='evenodd'%3E%3Cg fill='%23ffffff' fill-opacity='0.05'%3E%3Cpath d='M36 34v-4h-2v4h-4v2h4v4h2v-4h4v-2h-4zm0-30V0h-2v4h-4v2h4v4h2V6h4V4h-4zM6 34v-4H4v4H0v2h4v4h2v-4h4v-2H6zM6 4V0H4v4H0v2h4v4h2V6h4V4H6z'\/%3E%3C\/g%3E%3C\/g%3E%3C\/svg%3E\") repeat;\n  pointer-events: none;\n}\n.lk-zazitky-header img {\n  width: 64px; height: 64px; border-radius: 12px; flex-shrink: 0;\n  object-fit: cover; box-shadow: 0 4px 12px rgba(0,0,0,0.18); position: relative; z-index: 1;\n}\n.lk-zazitky-header-text { position: relative; z-index: 1; }\n.lk-zazitky-eyebrow {\n  font-size: 10px; font-weight: 600; letter-spacing: 2.5px; text-transform: uppercase;\n  color: rgba(255,255,255,.92); margin-bottom: 5px;\n}\n.lk-zazitky-title {\n  font-family: 'Playfair Display', Georgia, serif;\n  font-size: 24px; font-weight: 700; color: #fff; line-height: 1.2;\n  text-shadow: 0 1px 2px rgba(0,0,0,0.12);\n}\n.lk-zazitky-subtitle {\n  font-size: 13px; color: rgba(255,255,255,.85); margin-top: 4px; font-weight: 300;\n}\n.lk-zazitky-grid {\n  display: grid;\n  grid-template-columns: 1fr 1fr 1fr;\n  gap: 1px;\n  background: rgba(217, 119, 87, 0.12);\n}\n.lk-zazitek-card {\n  background: #ffffff; padding: 22px; display: flex; flex-direction: column; gap: 11px;\n  transition: all 0.3s ease; text-decoration: none; color: inherit; position: relative;\n}\n.lk-zazitek-card:hover {\n  background: #fffaf7; transform: translateY(-2px);\n  box-shadow: 0 8px 24px rgba(217, 119, 87, 0.15); z-index: 1;\n}\n.lk-zazitek-card.is-category {\n  background: linear-gradient(135deg, #fffaf7 0%, #fff3eb 100%);\n  box-shadow: inset 0 1px 0 rgba(217, 119, 87, 0.1);\n}\n.lk-zazitek-card.is-category:hover {\n  background: linear-gradient(135deg, #fff7f2 0%, #ffeee3 100%);\n}\n.lk-zazitek-badge {\n  display: inline-flex; align-items: center; gap: 5px;\n  font-size: 10px; font-weight: 600; letter-spacing: 1.5px; text-transform: uppercase;\n  padding: 5px 11px; border-radius: 20px; width: fit-content;\n  background: rgba(217, 119, 87, 0.10); color: #c46b4b; border: 1px solid rgba(217, 119, 87, 0.22);\n}\n.lk-zazitek-card.is-category .lk-zazitek-badge {\n  background: linear-gradient(135deg, #d97757 0%, #c46b4b 100%); color: #fff;\n  border-color: #c46b4b; box-shadow: 0 2px 8px rgba(217, 119, 87, 0.28);\n}\n.lk-zazitek-name {\n  font-family: 'Playfair Display', Georgia, serif;\n  font-size: 17px; font-weight: 700; color: #111827; line-height: 1.3;\n}\n.lk-zazitek-desc {\n  font-size: 13px; color: #525252; line-height: 1.6; font-weight: 300; flex: 1;\n}\n.lk-zazitek-meta { display: flex; align-items: center; gap: 12px; flex-wrap: wrap; margin-top: 4px; }\n.lk-zazitek-price { font-size: 13px; color: #6b7280; }\n.lk-zazitek-price strong { color: #c46b4b; font-weight: 600; }\n.lk-zazitek-cta {\n  display: inline-flex; align-items: center; justify-content: center; gap: 7px;\n  margin-top: 8px; padding: 11px 16px; border-radius: 8px;\n  background: linear-gradient(135deg, #d97757 0%, #c46b4b 100%);\n  color: #fff; font-size: 13px; font-weight: 500; text-decoration: none;\n  letter-spacing: .3px; transition: all .2s ease; cursor: pointer; border: none;\n  text-align: center; box-shadow: 0 4px 12px rgba(217, 119, 87, 0.28);\n  white-space: nowrap;\n}\n.lk-zazitek-cta:hover {\n  background: linear-gradient(135deg, #c46b4b 0%, #b35e3f 100%);\n  transform: translateY(-1px); box-shadow: 0 6px 16px rgba(217, 119, 87, 0.38);\n}\n.lk-zazitek-card.is-category .lk-zazitek-cta {\n  background: linear-gradient(135deg, #3685fc 0%, #2a6fd9 100%);\n  box-shadow: 0 4px 12px rgba(54, 133, 252, 0.22);\n}\n.lk-zazitek-card.is-category .lk-zazitek-cta:hover {\n  background: linear-gradient(135deg, #2a6fd9 0%, #1e5bc4 100%);\n  box-shadow: 0 6px 16px rgba(54, 133, 252, 0.32);\n}\n.lk-zazitky-footer {\n  padding: 16px 32px;\n  background: linear-gradient(to bottom, #fdf6f3 0%, #f9eae2 100%);\n  border-top: 1px solid rgba(217, 119, 87, 0.18);\n  display: flex; align-items: center; justify-content: center; flex-wrap: wrap; gap: 12px;\n}\n.lk-zazitky-discount {\n  display: inline-flex; align-items: center; gap: 8px;\n  font-size: 13px; color: #6b3a26; font-weight: 500;\n}\n.lk-zazitky-discount-code {\n  font-family: 'Courier New', monospace; font-weight: 700; color: #c46b4b;\n  background: rgba(217, 119, 87, 0.12); padding: 4px 10px; border-radius: 6px;\n  letter-spacing: 1px; font-size: 13px;\n}\n.lk-zazitky-disclaimer {\n  font-size: 11px; color: #8a6e60; font-weight: 300; line-height: 1.5;\n}\n.lk-zazitky-disclaimer a { color: #c46b4b; text-decoration: none; }\n.lk-zazitky-disclaimer a:hover { text-decoration: underline; }\n@media (max-width: 720px) {\n  .lk-zazitky-grid { grid-template-columns: 1fr; }\n  .lk-zazitky-header { padding: 20px 18px; }\n  .lk-zazitky-footer { padding: 14px 18px; }\n  .lk-zazitek-card { padding: 20px; }\n  .lk-zazitky-title { font-size: 20px; }\n}\n<\/style>\n<div class=\"lk-zazitky-header\">\n    <img decoding=\"async\" src=\"https:\/\/loudavymkrokem.cz\/wp-content\/uploads\/2026\/02\/lukas-a-lucka.jpg\" alt=\"Luk\u00e1\u0161 und Lucie\" title=\"\"><\/p>\n<div class=\"lk-zazitky-header-text\">\n<div class=\"lk-zazitky-eyebrow\">Tipp von Luk\u00e1\u0161 und Lucie<\/div>\n<div class=\"lk-zazitky-title\">Prag einmal anders erleben<\/div>\n<div class=\"lk-zazitky-subtitle\">3 bew\u00e4hrte Tipps mit 5 % Rabatt vom Partner Firma na z\u00e1\u017eitky<\/div>\n<\/p><\/div>\n<\/p><\/div>\n<div class=\"lk-zazitky-grid\">\n<p>    <a class=\"lk-zazitek-card\" href=\"https:\/\/www.firmanazazitky.cz\/plavba-po-vltave-s-obedem?utm_source=loudavymkrokem&amp;utm_medium=referral&amp;utm_campaign=karluv-most-pruvodce-od-mistni-historie-sochy-nejlepsi-cas&amp;utm_content=zazitek-1\" target=\"_blank\" rel=\"nofollow noopener sponsored\"><br \/>\n      <span class=\"lk-zazitek-badge\">\ud83d\udee5 Bootsfahrt<\/span><\/p>\n<div class=\"lk-zazitek-name\">Bootsfahrt auf der Moldau mit Mittagessen<\/div>\n<div class=\"lk-zazitek-desc\">Die Karlsbr\u00fccke aus einer Perspektive, die ihr zu Fu\u00df nie erlebt \u2013 eine gem\u00fctliche Fahrt unter ihren B\u00f6gen mit Mittagessen f\u00fcr zwei inklusive.<\/div>\n<div class=\"lk-zazitek-meta\">\n        <span class=\"lk-zazitek-price\">ab <strong>84 \u20ac<\/strong><\/span>\n      <\/div>\n<p>      <span class=\"lk-zazitek-cta\"><br \/>\n        <svg width=\"14\" height=\"14\" viewBox=\"0 0 24 24\" fill=\"none\" stroke=\"currentColor\" stroke-width=\"2\"><path d=\"M18 13v6a2 2 0 0 1-2 2H5a2 2 0 0 1-2-2V8a2 2 0 0 1 2-2h6\"\/><polyline points=\"15 3 21 3 21 9\"\/><line x1=\"10\" y1=\"14\" x2=\"21\" y2=\"3\"\/><\/svg><br \/>\n        Mit Rabatt reservieren<br \/>\n      <\/span><br \/>\n    <\/a><\/p>\n<p>    <a class=\"lk-zazitek-card\" href=\"https:\/\/www.firmanazazitky.cz\/4-chodove-obedove-menu-v-tancicim-dome?utm_source=loudavymkrokem&amp;utm_medium=referral&amp;utm_campaign=karluv-most-pruvodce-od-mistni-historie-sochy-nejlepsi-cas&amp;utm_content=zazitek-2\" target=\"_blank\" rel=\"nofollow noopener sponsored\"><br \/>\n      <span class=\"lk-zazitek-badge\">\ud83c\udf7d Gastro<\/span><\/p>\n<div class=\"lk-zazitek-name\">4-G\u00e4nge-Men\u00fc im Tanzenden Haus<\/div>\n<div class=\"lk-zazitek-desc\">Nach dem Spaziergang \u00fcber die Karlsbr\u00fccke nur wenige Minuten am Fluss entlang \u2013 ein Mittagessen im ikonischen Restaurant mit Blick auf die Prager Burg.<\/div>\n<div class=\"lk-zazitek-meta\">\n        <span class=\"lk-zazitek-price\">ab <strong>75 \u20ac<\/strong><\/span>\n      <\/div>\n<p>      <span class=\"lk-zazitek-cta\"><br \/>\n        <svg width=\"14\" height=\"14\" viewBox=\"0 0 24 24\" fill=\"none\" stroke=\"currentColor\" stroke-width=\"2\"><path d=\"M18 13v6a2 2 0 0 1-2 2H5a2 2 0 0 1-2-2V8a2 2 0 0 1 2-2h6\"\/><polyline points=\"15 3 21 3 21 9\"\/><line x1=\"10\" y1=\"14\" x2=\"21\" y2=\"3\"\/><\/svg><br \/>\n        Mit Rabatt reservieren<br \/>\n      <\/span><br \/>\n    <\/a><\/p>\n<p>    <a class=\"lk-zazitek-card is-category\" href=\"https:\/\/www.firmanazazitky.cz\/gurmanske-zazitky-praha\/?utm_source=loudavymkrokem&amp;utm_medium=referral&amp;utm_campaign=karluv-most-pruvodce-od-mistni-historie-sochy-nejlepsi-cas&amp;utm_content=kategorie\" target=\"_blank\" rel=\"nofollow noopener sponsored\"><br \/>\n      <span class=\"lk-zazitek-badge\">\u2b50 Alles<\/span><\/p>\n<div class=\"lk-zazitek-name\">Kulinarische Erlebnisse in Prag<\/div>\n<div class=\"lk-zazitek-desc\">Top-Prager Restaurants, Verkostungen und gastronomische Erlebnisse \u2013 handverlesen f\u00fcr anspruchsvolle Genie\u00dfer.<\/div>\n<p>      <span class=\"lk-zazitek-cta\"><br \/>\n        Erlebnisse entdecken<br \/>\n        <svg width=\"12\" height=\"12\" viewBox=\"0 0 24 24\" fill=\"none\" stroke=\"currentColor\" stroke-width=\"2.5\"><polyline points=\"9 18 15 12 9 6\"\/><\/svg><br \/>\n      <\/span><br \/>\n    <\/a><\/p><\/div>\n<div class=\"lk-zazitky-footer\">\n    <span class=\"lk-zazitky-discount\"><br \/>\n      \u2b50 5 % Rabatt mit Code<br \/>\n      <span class=\"lk-zazitky-discount-code\">LOUDAVYMKROKEM5<\/span><br \/>\n    <\/span>\n  <\/div>\n<\/div>\n<h3 class=\"wp-block-heading\"><span class=\"ez-toc-section\" id=\"Bradac_Prags_Hochwasser-Warnsystem\"><\/span><span class=\"ez-toc-section\" id=\"Bradac_Prags_Hochwasser-Warnsystem\"><\/span>Brad\u00e1\u010d: Prags Hochwasser-Warnsystem<span class=\"ez-toc-section-end\"><\/span><span class=\"ez-toc-section-end\"><\/span><\/h3>\n<p>Wenn ihr am Altst\u00e4dter Br\u00fcckenturm steht und nach unten auf das Ufermauer blickt, entdeckt ihr dort ein eingelassenes Steinrelief eines M\u00e4nnerkopfes. Er hei\u00dft Brad\u00e1\u010d (auf Deutsch etwa \u201eder B\u00e4rtige&#8220;) und diente jahrhundertelang als simpler, aber absolut zuverl\u00e4ssiger Pegelzeiger. Die Prager wussten: Sobald die Moldau so weit steigt, dass das Wasser den Vollbart des Brad\u00e1\u010d ber\u00fchrt, ist die Lage ernst und die Altstadt beginnt zu fluten. Urspr\u00fcnglich war dieses Relief Teil der \u00e4lteren Judithbr\u00fccke, und als diese vom Hochwasser zerst\u00f6rt wurde, retteten die Baumeister es piet\u00e4tvoll und versetzten es an die neue Br\u00fccke.<\/p>\n<p>Den Brad\u00e1\u010d seht ihr am besten vom Kreuzherrenplatz aus, wenn ihr euch \u00fcber die Steinbr\u00fcstung nahe der Karl-IV.-Statue lehnt und senkrecht hinunter zur Wasserlinie blickt.<\/p>\n<p><strong>\ud83d\udca1 Insider-Tipp:<\/strong> Einer alten Stadtlegende zufolge stellt das Gesicht des Brad\u00e1\u010d den italienischen Baumeister der ersten steinernen Prager Br\u00fccke dar, der so bis heute \u00fcber Stadt und Fluss wacht.<\/p>\n<figure class=\"wp-block-image size-full\"><img loading=\"lazy\" decoding=\"async\" width=\"1200\" height=\"800\" src=\"https:\/\/loudavymkrokem.cz\/wp-content\/uploads\/2026\/04\/karluv-most-4144.jpg\" alt=\"Steinrelief Brad\u00e1\u010d an der Karlsbr\u00fccke Prag\" class=\"wp-image-151100\" title=\"\" srcset=\"https:\/\/loudavymkrokem.cz\/wp-content\/uploads\/2026\/04\/karluv-most-4144.jpg 1200w, https:\/\/loudavymkrokem.cz\/wp-content\/uploads\/2026\/04\/karluv-most-4144-300x200.jpg 300w, https:\/\/loudavymkrokem.cz\/wp-content\/uploads\/2026\/04\/karluv-most-4144-700x467.jpg 700w, https:\/\/loudavymkrokem.cz\/wp-content\/uploads\/2026\/04\/karluv-most-4144-768x512.jpg 768w, https:\/\/loudavymkrokem.cz\/wp-content\/uploads\/2026\/04\/karluv-most-4144-696x464.jpg 696w\" sizes=\"auto, (max-width: 1200px) 100vw, 1200px\"><\/figure>\n<h2 class=\"wp-block-heading\"><span class=\"ez-toc-section\" id=\"Statuen_auf_der_Karlsbruecke_Freiluftgalerie\"><\/span><span class=\"ez-toc-section\" id=\"Statuen_auf_der_Karlsbruecke_Freiluftgalerie\"><\/span>Statuen auf der Karlsbr\u00fccke: Freiluftgalerie<span class=\"ez-toc-section-end\"><\/span><span class=\"ez-toc-section-end\"><\/span><\/h2>\n<p>Urspr\u00fcnglich war der Weg \u00fcber den Fluss jahrhundertelang praktisch kahl \u2013 nur ein schlichtes Holzkreuz mit Christus schm\u00fcckte ihn. Erst das Barock des 17. und 18. Jahrhunderts machte daraus die gro\u00dfartige Skulpturengalerie unter freiem Himmel, die wir heute kennen. Aktuell stehen genau drei\u00dfig Statuen und Figurengruppen auf der Br\u00fccke. Ein Gro\u00dfteil davon sind allerdings sorgf\u00e4ltig gefertigte Sandsteinkopien. Die Originale hat die Stadt vor Witterung und Smog im <a href=\"https:\/\/www.nm.cz\/\" rel=\"nofollow noopener\" target=\"_blank\">Lapidarium des Nationalmuseums<\/a> auf dem Messegel\u00e4nde und im d\u00fcsteren Saal <strong>Gorlice<\/strong> in den Festungsmauern auf dem Vy\u0161ehrad untergebracht.<\/p>\n<h3 class=\"wp-block-heading\"><span class=\"ez-toc-section\" id=\"Heiliger_Johannes_von_Nepomuk_und_das_Gluecksritual\"><\/span><span class=\"ez-toc-section\" id=\"Heiliger_Johannes_von_Nepomuk_und_das_Gluecksritual\"><\/span>Heiliger Johannes von Nepomuk und das Gl\u00fccksritual<span class=\"ez-toc-section-end\"><\/span><span class=\"ez-toc-section-end\"><\/span><\/h3>\n<p>Das ist der absolute Klassiker und wahrscheinlich die meistfotografierte Statue auf der gesamten Strecke, geschaffen 1683 von <strong>Jan Brokoff<\/strong>. Sie befindet sich etwa in der Mitte auf der rechten Seite, wenn ihr Richtung Hradschin geht. Johannes von Nepomuk wurde der Legende nach genau von dieser Stelle in die Moldau gest\u00fcrzt, weil er dem K\u00f6nig Wenzel IV. das Beichtgeheimnis der K\u00f6nigin nicht verraten wollte. Unter der Statue befinden sich zwei Bronzereliefs, die von den H\u00e4nden von Millionen Touristen golden blank poliert sind. Eine Ber\u00fchrung des fallenden Heiligen soll Gl\u00fcck bringen und garantieren, dass man eines Tages nach Prag zur\u00fcckkehrt.<\/p>\n<p>Die Statue erkennt ihr schon von Weitem. Sie hat einen charakteristischen Heiligenschein mit f\u00fcnf Sternen um den Kopf, und meistens bildet sich davor eine kleine Traube von Menschen, die darauf warten, das Relief zu ber\u00fchren.<\/p>\n<p><strong>\ud83d\udca1 Insider-Tipp:<\/strong> Fasst nicht den Hund auf dem linken Relief an! Auch wenn er von Touristen ebenfalls blank poliert ist, spricht die urspr\u00fcngliche Legende nur von der Ber\u00fchrung der fallenden Figur des Johannes von Nepomuk auf der rechten Seite des Sockels.<\/p>\n<h3 class=\"wp-block-heading\"><span class=\"ez-toc-section\" id=\"Die_Vision_der_heiligen_Luitgard\"><\/span><span class=\"ez-toc-section\" id=\"Die_Vision_der_heiligen_Luitgard\"><\/span>Die Vision der heiligen Luitgard<span class=\"ez-toc-section-end\"><\/span><span class=\"ez-toc-section-end\"><\/span><\/h3>\n<p>Wenn ich eine einzige Figurengruppe ausw\u00e4hlen m\u00fcsste, die vom k\u00fcnstlerischen Wert her alle anderen \u00fcberragt, dann w\u00e4re es die <strong>Vision der heiligen Luitgard<\/strong> von <strong>Matthias Bernard Braun<\/strong>. Dieses Meisterwerk des b\u00f6hmischen Barock findet ihr n\u00e4her am Kleinseitner Ufer. Braun mei\u00dfelte es 1710, als er gerade einmal 26 Jahre alt war. Die Komposition der blinden Zisterziensernonn, zu der sich Christus vom Kreuz herabneigt, damit sie aus seiner Wunde trinke, ist unglaublich dynamisch und emotional. Selbst aus der Ferne erkennt man, wie der Bildhauer es schaffte, dem harten Sandstein die Illusion eines leichten, im Wind wehenden Faltenwurfs zu entlocken.<\/p>\n<p>Es handelt sich um die zw\u00f6lfte Statue auf der linken Seite, wenn ihr von der Altstadt kommt. Das Original von 1710 ist heute sicher im Lapidarium aufbewahrt, auf der Br\u00fccke steht eine Kopie.<\/p>\n<p><strong>\ud83d\udca1 Insider-Tipp:<\/strong> Versucht, die Statue von unten zu betrachten \u2013 vom Pfeiler unter der Br\u00fccke aus (erreichbar \u00fcber die Treppe von der Kampa-Insel). So bekommt ihr eine v\u00f6llig andere Perspektive auf Brauns faszinierende Arbeit mit Raum und Tiefe.<\/p>\n<figure class=\"wp-block-image size-full\"><img loading=\"lazy\" decoding=\"async\" width=\"1200\" height=\"800\" src=\"https:\/\/loudavymkrokem.cz\/wp-content\/uploads\/2026\/04\/karluv-most-4148.jpg\" alt=\"Barockstatuen auf der Karlsbr\u00fccke Prag\" class=\"wp-image-151099\" title=\"\" srcset=\"https:\/\/loudavymkrokem.cz\/wp-content\/uploads\/2026\/04\/karluv-most-4148.jpg 1200w, https:\/\/loudavymkrokem.cz\/wp-content\/uploads\/2026\/04\/karluv-most-4148-300x200.jpg 300w, https:\/\/loudavymkrokem.cz\/wp-content\/uploads\/2026\/04\/karluv-most-4148-700x467.jpg 700w, https:\/\/loudavymkrokem.cz\/wp-content\/uploads\/2026\/04\/karluv-most-4148-768x512.jpg 768w, https:\/\/loudavymkrokem.cz\/wp-content\/uploads\/2026\/04\/karluv-most-4148-696x464.jpg 696w\" sizes=\"auto, (max-width: 1200px) 100vw, 1200px\"><\/figure>\n<h3 class=\"wp-block-heading\"><span class=\"ez-toc-section\" id=\"Figurengruppe_des_heiligen_Vinzenz_Ferrer_und_Prokop\"><\/span><span class=\"ez-toc-section\" id=\"Figurengruppe_des_heiligen_Vinzenz_Ferrer_und_Prokop\"><\/span>Figurengruppe des heiligen Vinzenz Ferrer und Prokop<span class=\"ez-toc-section-end\"><\/span><span class=\"ez-toc-section-end\"><\/span><\/h3>\n<p>Diese monumentale und ziemlich gruselige Figurengruppe schuf <strong>Ferdinand Maximilian Brokoff<\/strong>, und sie geh\u00f6rt zu meinen Lieblingsst\u00fccken, wenn ich jemandem zeigen will, wie d\u00fcster und wild das Barock sein konnte. Sie zeigt den heiligen Vinzenz, wie er einen Toten zum Leben erweckt und den Teufel austreibt, w\u00e4hrend der heilige Prokop das B\u00f6se mit dem Kreuz vertreibt. Zu ihren F\u00fc\u00dfen liegen unterworfene Teufel und S\u00fcnder, deren krampfhaft verkr\u00fcmmte K\u00f6rper und leiderf\u00fcllte Gesichter einen scharfen Kontrast zu den ruhigen Mienen der Heiligen bilden. Als Studentin kam ich mit der Kamera hierher, um die anatomischen Details der besiegten D\u00e4monen zu studieren, denn aus der N\u00e4he wirken sie beinahe erschreckend realistisch.<\/p>\n<p>Die Figurengruppe befindet sich nahe dem Kleinseitner Ende \u2013 es ist die sechste Statue links, wenn ihr von der Altstadt kommt.<\/p>\n<p><strong>\ud83d\udca1 Insider-Tipp:<\/strong> Achtet auf die Figur des finsteren T\u00fcrken mit Peitsche und Wachhund bei der gegen\u00fcberliegenden Figurengruppe von Johannes von Matha, Felix von Valois und Ivan. Das ist der ber\u00fchmte \u201ePrager T\u00fcrke&#8220;, den einheimische Kinder fr\u00fcher f\u00fcr ein Fabelwesen hielten und den sie bis heute mit Respekt betrachten.<\/p>\n<h2 class=\"wp-block-heading\"><span class=\"ez-toc-section\" id=\"Brueckentuerme_der_Karlsbruecke_Ausblicke_von_oben\"><\/span><span class=\"ez-toc-section\" id=\"Brueckentuerme_der_Karlsbruecke_Ausblicke_von_oben\"><\/span>Br\u00fcckent\u00fcrme der Karlsbr\u00fccke: Ausblicke von oben<span class=\"ez-toc-section-end\"><\/span><span class=\"ez-toc-section-end\"><\/span><\/h2>\n<p>Beide T\u00fcrme sind f\u00fcr die \u00d6ffentlichkeit zug\u00e4nglich und bieten so unterschiedliche Ausblicke, dass es sich lohnt, beide zu besteigen. Ich pers\u00f6nlich habe eine Schw\u00e4che f\u00fcr die Kleinseitner Seite \u2013 aber dazu gleich mehr.<\/p>\n<h3 class=\"wp-block-heading\"><span class=\"ez-toc-section\" id=\"Altstaedter_Brueckenturm\"><\/span><span class=\"ez-toc-section\" id=\"Altstadter_Brueckenturm\"><\/span>Altst\u00e4dter Br\u00fcckenturm<span class=\"ez-toc-section-end\"><\/span><span class=\"ez-toc-section-end\"><\/span><\/h3>\n<p>Dieses massive gotische Tor entwarf der bereits erw\u00e4hnte Peter Parler, und Architekten bezeichnen es oft als einen der sch\u00f6nsten gotischen T\u00fcrme ganz Europas. Seine \u00f6stliche Fassade, der Altstadt zugewandt, ist reich mit Statuen Karls IV., Wenzels IV. und der b\u00f6hmischen Landespatrone geschm\u00fcckt. W\u00e4hrend des Drei\u00dfigj\u00e4hrigen Krieges besch\u00e4digte schwedischer Artilleriebeschuss allerdings die Westseite schwer, als die Truppen versuchten, das rechte Ufer einzunehmen. Im Inneren erwarten euch 138 Stufen und eine geheimnisvolle Ausstellung, nach deren Bew\u00e4ltigung ihr auf den Umgang mit einem Blick direkt in Achse Richtung Hradschin hinaustretet. Besonders im Herbst, wenn die B\u00e4ume auf der Kampa goldgelb leuchten, ist dieser Anblick unbezahlbar.<\/p>\n<p>Ge\u00f6ffnet ist t\u00e4glich. In der Sommersaison von 9:00 bis 21:00 Uhr, in den Wintermonaten schlie\u00dft der Turm fr\u00fcher, meist um 18:00 Uhr. Der regul\u00e4re Eintritt f\u00fcr Erwachsene betr\u00e4gt ca. 8 \u20ac (Preise f\u00fcr 2026).<\/p>\n<p><strong>\ud83d\udca1 Insider-Tipp:<\/strong> Kauft direkt an der Kasse ein Kombiticket f\u00fcr beide Br\u00fcckent\u00fcrme. Das kommt insgesamt g\u00fcnstiger, und ihr habt mehrere Tage Zeit, den zweiten Aufstieg zu nutzen \u2013 also kein Grund, beide Treppen hintereinander hochzusteigen.<\/p>\n<h3 class=\"wp-block-heading\"><span class=\"ez-toc-section\" id=\"Kleinseitner_Brueckentuerme\"><\/span><span class=\"ez-toc-section\" id=\"Kleinseitner_Brueckentuerme\"><\/span>Kleinseitner Br\u00fcckent\u00fcrme<span class=\"ez-toc-section-end\"><\/span><span class=\"ez-toc-section-end\"><\/span><\/h3>\n<p>Am gegen\u00fcberliegenden Ufer empfangen euch nicht einer, sondern gleich zwei T\u00fcrme, verbunden durch ein begehbares Tor mit Zinnen. <strong>Der niedrigere, die sogenannte Judith-Turm, ist romanischen Ursprungs und erinnert noch an den Vorg\u00e4nger der heutigen Karlsbr\u00fccke.<\/strong> Der h\u00f6here, gotische Turm stammt aus dem 15. Jahrhundert und wurde als Spiegelbild des Altst\u00e4dter Turms errichtet, wobei seine \u00e4u\u00dfere Verzierung deutlich schlichter und gr\u00f6ber ausf\u00e4llt. Die Ausstellung im Inneren widmet sich der Geschichte der Prager Br\u00fcckenbauten, und der Blick vom oberen Umgang auf die D\u00e4cher der Kleinseite und die steil ansteigende Nerudova-Gasse zur Prager Burg hat eine ganz andere, intimere und gem\u00fctlichere Atmosph\u00e4re als die Aussicht vom gegen\u00fcberliegenden Ufer.<\/p>\n<p>Der Eintritt kostet ebenfalls ca. 8 \u20ac wie beim Altst\u00e4dter Pendant, und nach dem Ticketkauf im Erdgeschoss erwarten euch 146 Holzstufen.<\/p>\n<p><strong>\ud83d\udca1 Insider-Tipp:<\/strong> Die Ausstellung im Kleinseitner Turm ist deutlich leerer und ruhiger. Wer keine beengten, touristengef\u00fcllten R\u00e4ume mag, sollte lieber diese linksufrige Seite f\u00fcr den Aufstieg w\u00e4hlen.<\/p>\n<h2 class=\"wp-block-heading\"><span class=\"ez-toc-section\" id=\"Praktische_Informationen\"><\/span><span class=\"ez-toc-section\" id=\"Praktische_Informationen\"><\/span>Praktische Informationen<span class=\"ez-toc-section-end\"><\/span><span class=\"ez-toc-section-end\"><\/span><\/h2>\n<p>Und jetzt das N\u00fcchterne, aber Lebensrettende: ein paar Dinge, die mich pers\u00f6nlich einst \u00fcberrascht haben und die ich euch lieber vorab erz\u00e4hle.<\/p>\n<h3 class=\"wp-block-heading\"><span class=\"ez-toc-section\" id=\"Anreise_und_wie_ihr_zur_Bruecke_kommt\"><\/span><span class=\"ez-toc-section\" id=\"Anreise_und_wie_ihr_zur_Bruecke_kommt\"><\/span>Anreise und wie ihr zur Br\u00fccke kommt<span class=\"ez-toc-section-end\"><\/span><span class=\"ez-toc-section-end\"><\/span><\/h3>\n<p>Der gesamte Bereich ist eine strenge Fu\u00dfg\u00e4ngerzone, also kommt ihr mit dem Auto nicht hin. Prager Stra\u00dfen-Taxifahrer bringen euch zwar gern so nah wie m\u00f6glich ans Ufer, aber rechnet mit einem Preis, der mit der gefahrenen Strecke nichts zu tun hat. Am besten nutzt ihr den <a href=\"https:\/\/pid.cz\/\" rel=\"nofollow noopener\" target=\"_blank\">zuverl\u00e4ssigen Prager Nahverkehr<\/a>. Am rechten Ufer steigt ihr an der Metrostation der Linie A oder den Stra\u00dfenbahnen Nr. 17 und 18 an der Haltestelle <strong>Starom\u011bstsk\u00e1<\/strong> aus. Von dort sind es rund f\u00fcnf Minuten zu Fu\u00df \u00fcber den Kreuzherrenplatz. Von der Kleinseitner Seite bringt euch die legend\u00e4re Stra\u00dfenbahn Nr. 22 (oder die Linien 12, 15, 20) zur Haltestelle <strong>Malostransk\u00e9 n\u00e1m\u011bst\u00ed<\/strong>, von wo ihr einfach die Mosteck\u00e1-Stra\u00dfe hinunter zu den T\u00fcrmen geht.<\/p>\n<p>Von Deutschland aus erreicht ihr Prag bequem: Von Berlin oder M\u00fcnchen gibt es Direktfl\u00fcge mit Eurowings oder Lufthansa, alternativ fahren Z\u00fcge und FlixBusse in wenigen Stunden in die tschechische Hauptstadt. Ein Einzelfahrschein f\u00fcr 30 Minuten im Prager Nahverkehr kostet <strong>ca. 1,20 \u20ac<\/strong> und reicht problemlos f\u00fcr die Fahrt von den meisten zentralen Punkten wie dem Wenzelsplatz oder dem Hauptbahnhof.<\/p>\n<p><strong>\ud83d\udca1 Insider-Tipp:<\/strong> F\u00fcr Familien mit Kinderwagen: Die Auffahrt von beiden Seiten ist zwar mit gro\u00dfen Kopfsteinen gepflastert, aber komplett stufenlos. Wenn ihr allerdings in der Mitte direkt auf die Kampa-Insel zur \u010certovka hinuntersteigen wollt, m\u00fcsst ihr eine ziemlich steile Steintreppe \u00fcberwinden. Mit Kinderwagen hei\u00dft das: entweder den Umweg \u00fcber das Malostransk\u00e9 n\u00e1m\u011bst\u00ed nehmen oder die Treppe vorsichtig hinuntertragen.<\/p>\n<figure class=\"wp-block-image size-full\"><img loading=\"lazy\" decoding=\"async\" width=\"1200\" height=\"800\" src=\"https:\/\/loudavymkrokem.cz\/wp-content\/uploads\/2025\/03\/recenze-domus-balthasar-praha-s-batoletem-2.jpg\" alt=\"Ausblick vom Domus Balthasar auf die Karlsbr\u00fccke\" class=\"wp-image-94707\" title=\"\" srcset=\"https:\/\/loudavymkrokem.cz\/wp-content\/uploads\/2025\/03\/recenze-domus-balthasar-praha-s-batoletem-2.jpg 1200w, https:\/\/loudavymkrokem.cz\/wp-content\/uploads\/2025\/03\/recenze-domus-balthasar-praha-s-batoletem-2-300x200.jpg 300w, https:\/\/loudavymkrokem.cz\/wp-content\/uploads\/2025\/03\/recenze-domus-balthasar-praha-s-batoletem-2-700x467.jpg 700w, https:\/\/loudavymkrokem.cz\/wp-content\/uploads\/2025\/03\/recenze-domus-balthasar-praha-s-batoletem-2-768x512.jpg 768w, https:\/\/loudavymkrokem.cz\/wp-content\/uploads\/2025\/03\/recenze-domus-balthasar-praha-s-batoletem-2-696x464.jpg 696w\" sizes=\"auto, (max-width: 1200px) 100vw, 1200px\"><figcaption class=\"wp-element-caption\">Ausblick vom <a class=\"thirstylink\" rel=\"nofollow\" target=\"_blank\" title=\"Domus Balthasar Boutique Hotel\" href=\"https:\/\/loudavymkrokem.cz\/doporucujeme\/domus-balthasar-boutique-hotel\/\" data-shortcode=\"true\">Domus Balthasar<\/a><\/figcaption><\/figure>\n<h3 class=\"wp-block-heading\"><span class=\"ez-toc-section\" id=\"Gefuehrte_Touren_und_Moldau-Bootsfahrten\"><\/span><span class=\"ez-toc-section\" id=\"Gefuehrte_Touren_und_Moldau-Bootsfahrten\"><\/span>Gef\u00fchrte Touren und Moldau-Bootsfahrten<span class=\"ez-toc-section-end\"><\/span><span class=\"ez-toc-section-end\"><\/span><\/h3>\n<p>Ein Guide lohnt sich \u2013 und das sage ich als jemand, der sonst immer \u00fcberzeugt ist, es mit Google und Bauchgef\u00fchl allein zu schaffen. Luk\u00e1\u0161 und ich nutzen gelegentlich eine Bootsfahrt, weil der Blick auf die massiven Sandsteinpfeiler von der Wasseroberfl\u00e4che aus ein v\u00f6llig anderes, viel monumentaleres Erlebnis bietet. Wenn euch historische Geschichten oder eine Fahrt auf der Moldau direkt unter den B\u00f6gen reizen, findet ihr online tolle M\u00f6glichkeiten, um euren Platz vorab zu sichern und so das Feilschen mit den Schleppern am Ufer zu vermeiden, die \u00fcberteuerte Tickets anbieten.<\/p>\n<p>Verschiedenste Varianten historischer Stadtrundg\u00e4nge, Abendspazierg\u00e4nge und Bootsfahrten k\u00f6nnt ihr \u00fcber <a class=\"thirstylink\" rel=\"nofollow\" target=\"_blank\" title=\"GetYourGuide\" href=\"https:\/\/loudavymkrokem.cz\/doporucujeme\/getyourguide\/\" data-shortcode=\"true\">GetYourGuide<\/a> reservieren. Im Sommer empfehle ich eher die Abendtermine, wenn vom Fluss eine angenehme K\u00fchle aufsteigt.<\/p>\n<p><strong>\ud83d\udca1 Insider-Tipp:<\/strong> Statt der gro\u00dfen verglasten Ausflugsschiffe, auf denen laute Musik dr\u00f6hnt, sucht nach kleineren traditionellen Holzbooten (sogenannte \u201eVodouch&#8220;-Boote). Dank ihres geringen Tiefgangs fahren sie auch durch den schmalen \u010certovka-Arm direkt unter den Balkonen alter H\u00e4user hindurch.<\/p>\n<h3 class=\"wp-block-heading\"><span class=\"ez-toc-section\" id=\"Wo_essen_und_Kaffee_trinken_ohne_in_Touristenfallen_zu_tappen\"><\/span><span class=\"ez-toc-section\" id=\"Wo_essen_und_Kaffee_trinken_ohne_in_Touristenfallen_zu_tappen\"><\/span>Wo essen und Kaffee trinken (ohne in Touristenfallen zu tappen)<span class=\"ez-toc-section-end\"><\/span><span class=\"ez-toc-section-end\"><\/span><\/h3>\n<p>Rund um die Hauptwege lauern \u00fcberall Touristenfallen \u2013 aufgetaute Trdeln\u00edky (Baumstriezel) zu unversch\u00e4mten Preisen und Restaurants, die selbst die Luft zum Atmen und das Besteck extra berechnen. Als Vegetarierin und Kaffee-Liebhaberin mache ich um die angrenzenden Hauptstra\u00dfen meistens einen gro\u00dfen Bogen. Wenn wir auf die Kleinseite wechseln, biegen wir mit der Familie gern in die versteckteren Gassen Richtung Lennon-Mauer ab (obwohl die sich leider zunehmend in eine bunte Instagram-Kulisse ohne die urspr\u00fcngliche Botschaft verwandelt) oder verstecken uns im gem\u00fctlichen Lokal Roesel \u2013 beer &amp; cake, das unscheinbar direkt bei den Br\u00fcckent\u00fcrmen liegt. Handwerklich gebrautes Bier, ehrliche Suppen und fantastische Kuchen sind genau das, was man nach einem Spaziergang braucht. Die lokale Kaffeeszene entwickelt sich st\u00e4ndig weiter, und es l\u00e4sst sich immer ein ruhiger Innenhof finden, wo man einen hervorragenden Espresso aus Spezialit\u00e4tenbohnen bekommt, ohne eine Niere daf\u00fcr hergeben zu m\u00fcssen.<\/p>\n<p>Meidet Lokale direkt am Kreuzherrenplatz und in der Mosteck\u00e1-Stra\u00dfe. Die Preise dort sind prim\u00e4r auf einmalige ausl\u00e4ndische Touristen ausgerichtet, die Qualit\u00e4t des Essens entspricht dem leider oft nicht.<\/p>\n<p><strong>\ud83d\udca1 Insider-Tipp:<\/strong> Holt euch einen Kaffee to go in einer der versteckten Gassen der Kleinseite und setzt euch mit dem Becher auf eine Bank in den Vojan-G\u00e4rten. Das ist eine stille, von Mauern umgebene Oase mit frei herumlaufenden Pfauen, in der ihr kaum einem Touristen begegnet. Mehr meiner Lieblingscaf\u00e9s und erprobten Empfehlungen findet ihr in meinem Guide <a href=\"https:\/\/loudavymkrokem.cz\/de\/beste-cafes-prag-2\/\">Caf\u00e9s in Prag<\/a>.<\/p>\n<h2 class=\"wp-block-heading\"><span class=\"ez-toc-section\" id=\"Haeufig_gestellte_Fragen\"><\/span><span class=\"ez-toc-section\" id=\"Haeufig_gestellte_Fragen\"><\/span>H\u00e4ufig gestellte Fragen<span class=\"ez-toc-section-end\"><\/span><span class=\"ez-toc-section-end\"><\/span><\/h2>\n<div id=\"rank-math-faq\" class=\"rank-math-block\">\n<div class=\"rank-math-list \">\n<div id=\"faq-question-1777047568218\" class=\"rank-math-list-item\">\n<h3 class=\"rank-math-question \"><span class=\"ez-toc-section\" id=\"Ist_der_Eintritt_auf_die_Karlsbruecke_kostenpflichtig\"><\/span><span class=\"ez-toc-section\" id=\"Ist_der_Eintritt_auf_die_Karlsbruecke_kostenpflichtig\"><\/span><strong>Ist der Eintritt auf die Karlsbr\u00fccke kostenpflichtig?<\/strong><span class=\"ez-toc-section-end\"><\/span><span class=\"ez-toc-section-end\"><\/span><\/h3>\n<div class=\"rank-math-answer \">\n<p>Nein, die \u00dcberquerung \u00fcber den Fluss ist komplett kostenlos und rund um die Uhr zug\u00e4nglich, 365 Tage im Jahr. Bezahlen muss man nur, wenn man auf die Aussichtsplattformen der Br\u00fcckent\u00fcrme hinaufsteigen m\u00f6chte.<\/p>\n<\/div>\n<\/div>\n<div id=\"faq-question-1777047574289\" class=\"rank-math-list-item\">\n<h3 class=\"rank-math-question \"><span class=\"ez-toc-section\" id=\"Wann_sind_am_wenigsten_Leute_da\"><\/span><span class=\"ez-toc-section\" id=\"Wann_sind_am_wenigsten_Leute_da\"><\/span><strong>Wann sind am wenigsten Leute da?<\/strong> <span class=\"ez-toc-section-end\"><\/span><span class=\"ez-toc-section-end\"><\/span><\/h3>\n<div class=\"rank-math-answer \">\n<p>Die ideale Zeit f\u00fcr einen ruhigen Spaziergang ohne Gedr\u00e4nge ist fr\u00fchmorgens bei Sonnenaufgang (zwischen 5:00 und 7:00 Uhr) oder sp\u00e4tabends (nach 23:00 Uhr). Tags\u00fcber l\u00e4sst sich dem durchgehenden Menschenstrom zu keiner Jahreszeit entgehen.<\/p>\n<\/div>\n<\/div>\n<div id=\"faq-question-1777047582727\" class=\"rank-math-list-item\">\n<h3 class=\"rank-math-question \"><span class=\"ez-toc-section\" id=\"Darf_man_mit_dem_Fahrrad_oder_E-Scooter_ueberqueren\"><\/span><span class=\"ez-toc-section\" id=\"Darf_man_mit_dem_Fahrrad_oder_E-Scooter_ueberqueren\"><\/span><strong>Darf man mit dem Fahrrad oder E-Scooter \u00fcberqueren?<\/strong> <span class=\"ez-toc-section-end\"><\/span><span class=\"ez-toc-section-end\"><\/span><\/h3>\n<div class=\"rank-math-answer \">\n<p>Das Fahren mit Fahrr\u00e4dern und E-Scootern ist aus Sicherheitsgr\u00fcnden streng verboten. Wer ein Fahrrad dabeihat, muss absteigen und es die gesamte Strecke neben sich schieben.<\/p>\n<\/div>\n<\/div>\n<div id=\"faq-question-1777047588704\" class=\"rank-math-list-item\">\n<h3 class=\"rank-math-question \"><span class=\"ez-toc-section\" id=\"Sind_die_Statuen_Originale\"><\/span><span class=\"ez-toc-section\" id=\"Sind_die_Statuen_Originale\"><\/span><strong>Sind die Statuen Originale?<\/strong><span class=\"ez-toc-section-end\"><\/span><span class=\"ez-toc-section-end\"><\/span><\/h3>\n<div class=\"rank-math-answer \">\n<p>Die meisten Sandsteinstatuen, die man heute im Freien sieht, sind sorgf\u00e4ltige Kopien aus dem 20. Jahrhundert. Die Originale wurden ins Lapidarium des Nationalmuseums auf dem Messegel\u00e4nde und in den Gorlice-Saal auf dem Vy\u0161ehrad \u00fcberf\u00fchrt, um sie vor saurem Regen und Smog zu sch\u00fctzen.<\/p>\n<\/div>\n<\/div>\n<div id=\"faq-question-1777047599829\" class=\"rank-math-list-item\">\n<h3 class=\"rank-math-question \"><span class=\"ez-toc-section\" id=\"Wie_lange_dauert_die_Ueberquerung_von_Ufer_zu_Ufer\"><\/span><span class=\"ez-toc-section\" id=\"Wie_lange_dauert_die_Ueberquerung_von_Ufer_zu_Ufer\"><\/span><strong>Wie lange dauert die \u00dcberquerung von Ufer zu Ufer?<\/strong><span class=\"ez-toc-section-end\"><\/span><span class=\"ez-toc-section-end\"><\/span><\/h3>\n<div class=\"rank-math-answer \">\n<p>Die Br\u00fccke ist etwas \u00fcber 500 Meter lang. Im z\u00fcgigen Schritt auf leerer Strecke schafft man es in 5 bis 7 Minuten. Wenn ihr euch aber in Ruhe die Statuen ansehen, die Ausblicke fotografieren und euch durch die Tagesmenge schl\u00e4ngeln wollt, rechnet lieber mit 20 bis 30 Minuten.<\/p>\n<\/div>\n<\/div>\n<div id=\"faq-question-1777047607776\" class=\"rank-math-list-item\">\n<h3 class=\"rank-math-question \"><span class=\"ez-toc-section\" id=\"Ist_die_Strecke_barrierefrei\"><\/span><span class=\"ez-toc-section\" id=\"Ist_die_Strecke_barrierefrei\"><\/span><strong>Ist die Strecke barrierefrei?<\/strong><span class=\"ez-toc-section-end\"><\/span><span class=\"ez-toc-section-end\"><\/span><\/h3>\n<div class=\"rank-math-answer \">\n<p>Ja, der Hauptweg ist \u00fcber die gesamte L\u00e4nge barrierefrei und stufenlos, sodass man mit Kinderwagen oder Rollstuhl problemlos die andere Seite erreicht. Aufpassen muss man nur bei der Treppe, die etwa in der Mitte der Strecke senkrecht zur Kampa-Insel hinunterf\u00fchrt \u2013 die ist nicht barrierefrei.<\/p>\n<\/div>\n<\/div>\n<\/div>\n<\/div>\n","protected":false},"excerpt":{"rendered":"<p>Die Karlsbr\u00fccke in Prag ist weit mehr als eine \u00fcberf\u00fcllte Touristenattraktion \u2013 wer den richtigen Zeitpunkt w\u00e4hlt und die Details kennt, erlebt ein mystisches St\u00fcck Geschichte zwischen Altstadt und Kleinseite.<\/p>\n","protected":false},"author":3,"featured_media":151097,"comment_status":"open","ping_status":"open","sticky":false,"template":"","format":"standard","meta":{"footnotes":"","rank_math_title":"","rank_math_description":"","rank_math_focus_keyword":"","rank_math_seo_score":""},"categories":[456,451,470],"tags":[],"class_list":{"0":"post-151229","1":"post","2":"type-post","3":"status-publish","4":"format-standard","5":"has-post-thumbnail","7":"category-europa","8":"category-reisen","9":"category-tschechische-republik"},"featured_image_src":"https:\/\/loudavymkrokem.cz\/wp-content\/uploads\/2026\/04\/karluv-most-4126.jpg","author_info":{"display_name":"Lucie Kone\u010dn\u00e1","author_link":"https:\/\/loudavymkrokem.cz\/de\/author\/lucie-konecna\/"},"_links":{"self":[{"href":"https:\/\/loudavymkrokem.cz\/de\/wp-json\/wp\/v2\/posts\/151229","targetHints":{"allow":["GET"]}}],"collection":[{"href":"https:\/\/loudavymkrokem.cz\/de\/wp-json\/wp\/v2\/posts"}],"about":[{"href":"https:\/\/loudavymkrokem.cz\/de\/wp-json\/wp\/v2\/types\/post"}],"author":[{"embeddable":true,"href":"https:\/\/loudavymkrokem.cz\/de\/wp-json\/wp\/v2\/users\/3"}],"replies":[{"embeddable":true,"href":"https:\/\/loudavymkrokem.cz\/de\/wp-json\/wp\/v2\/comments?post=151229"}],"version-history":[{"count":1,"href":"https:\/\/loudavymkrokem.cz\/de\/wp-json\/wp\/v2\/posts\/151229\/revisions"}],"predecessor-version":[{"id":151397,"href":"https:\/\/loudavymkrokem.cz\/de\/wp-json\/wp\/v2\/posts\/151229\/revisions\/151397"}],"wp:featuredmedia":[{"embeddable":true,"href":"https:\/\/loudavymkrokem.cz\/de\/wp-json\/wp\/v2\/media\/151097"}],"wp:attachment":[{"href":"https:\/\/loudavymkrokem.cz\/de\/wp-json\/wp\/v2\/media?parent=151229"}],"wp:term":[{"taxonomy":"category","embeddable":true,"href":"https:\/\/loudavymkrokem.cz\/de\/wp-json\/wp\/v2\/categories?post=151229"},{"taxonomy":"post_tag","embeddable":true,"href":"https:\/\/loudavymkrokem.cz\/de\/wp-json\/wp\/v2\/tags?post=151229"}],"curies":[{"name":"wp","href":"https:\/\/api.w.org\/{rel}","templated":true}]}}