{"id":151227,"date":"2026-04-24T20:26:17","date_gmt":"2026-04-24T18:26:17","guid":{"rendered":"https:\/\/loudavymkrokem.cz\/?p=151227"},"modified":"2026-04-30T11:06:19","modified_gmt":"2026-04-30T09:06:19","slug":"vysehrad-prag-guide-basilika-friedhof","status":"publish","type":"post","link":"https:\/\/loudavymkrokem.cz\/de\/vysehrad-prag-guide-basilika-friedhof\/","title":{"rendered":"Vy\u0161ehrad Prag: Kompletter Guide zur zweiten Burg (Basilika, Friedhof, Festungsmauern)"},"content":{"rendered":"<p>Jedes Jahr zu Weihnachten bin ich zum Vy\u0161ehrad gegangen, um am Grab von M\u00e1cha (einem ber\u00fchmten tschechischen Dichter) sein Gedicht zu lesen. <strong>Es war eine Tradition, die ich mir aus der Schulzeit bewahrt hatte. Ich liebe den Vy\u0161ehrad \u2013 im Winter, im Sommer, im Herbst und im Fr\u00fchling. Als Luk\u00e1\u0161 und ich unser erstes gemeinsames Weihnachten feierten, war es genau der Vy\u0161ehrad, wohin ich ihn am Heiligabend schleppte.<\/strong><\/p>\n<p>Der Vy\u0161ehrad in Prag ist f\u00fcr die Einheimischen so etwas wie ein Wohnzimmer unter freiem Himmel. W\u00e4hrend man sich auf dem Hradschin durch die Menschenmassen quetscht und um jeden Quadratzentimeter k\u00e4mpft, trifft man hier Prager mit Picknickdecken, Hundebesitzer und Jogger, die zwischen den massiven barocken Festungsmauern ihre Runden drehen. Mittlerweile kommen wir auch mit unserem zweij\u00e4hrigen Sohn Jon\u00e1\u0161 hierher. Die langen asphaltierten Wege entlang der Mauern sind n\u00e4mlich absolut perfekt f\u00fcr Kinderwagen, und die weitl\u00e4ufigen Parks unter gro\u00dfen B\u00e4umen bieten herrlichen Schatten im hei\u00dfen Sommer. Und was ich als Vegetarierin besonders sch\u00e4tze: Wenn man hinunter nach Podol\u00ed oder zur V\u00fdto\u0148 geht, findet man jede Menge toller Bistros, die weit mehr als nur typische Kneipenkost bieten.<\/p>\n<p>Dieses ganze Areal hoch \u00fcber der Moldau hat zudem den riesigen Vorteil, dass es trotz seiner historischen Bedeutung \u2013 umrankt von Sagen um die F\u00fcrstin Libu\u0161e \u2013 eine unglaublich entspannte, fast parkartige Atmosph\u00e4re bewahrt hat. <strong>Man kann hier stundenlang umherstreifen, auf den Mauern sitzen, die Beine baumeln lassen und Boote auf dem Fluss beobachten. Es ist eben kein steifes Freilichtmuseum mit Drehkreuzen, sondern ein lebendiges Stadtviertel, in das sich ein Ausflug aus den \u00fcberhitzten Pflasterstra\u00dfen der Altstadt absolut lohnt.<\/strong><\/p>\n<p>In diesem Artikel findest du einen kompletten Guide f\u00fcr den <strong>Vy\u0161ehrad Prag<\/strong> \u2013 einschlie\u00dflich \u00d6ffnungszeiten der <strong>Basilika St. Peter und Paul<\/strong>, wo genau der <strong>Vy\u0161ehrad-Friedhof<\/strong> und das ber\u00fchmte Mausoleum <strong>Slav\u00edn<\/strong> liegen, und warum du die \u00e4lteste <strong>Rotunde St. Martin<\/strong> auf keinen Fall verpassen solltest.<\/p>\n<figure class=\"wp-block-image size-full\"><img loading=\"lazy\" decoding=\"async\" width=\"1200\" height=\"800\" src=\"https:\/\/loudavymkrokem.cz\/wp-content\/uploads\/2026\/04\/vysehrad-4319.jpg\" alt=\"Aussicht vom Vy\u0161ehrad in Prag\" class=\"wp-image-151146\" title=\"\" srcset=\"https:\/\/loudavymkrokem.cz\/wp-content\/uploads\/2026\/04\/vysehrad-4319.jpg 1200w, https:\/\/loudavymkrokem.cz\/wp-content\/uploads\/2026\/04\/vysehrad-4319-300x200.jpg 300w, https:\/\/loudavymkrokem.cz\/wp-content\/uploads\/2026\/04\/vysehrad-4319-700x467.jpg 700w, https:\/\/loudavymkrokem.cz\/wp-content\/uploads\/2026\/04\/vysehrad-4319-768x512.jpg 768w, https:\/\/loudavymkrokem.cz\/wp-content\/uploads\/2026\/04\/vysehrad-4319-696x464.jpg 696w\" sizes=\"auto, (max-width: 1200px) 100vw, 1200px\"><figcaption class=\"wp-element-caption\">Aussicht vom Vy\u0161ehrad<\/figcaption><\/figure>\n<div id=\"ez-toc-container\" class=\"ez-toc-v2_0_82_2 ez-toc-wrap-left counter-hierarchy ez-toc-counter ez-toc-grey ez-toc-container-direction\">\n<div class=\"ez-toc-title-container\">\n<p class=\"ez-toc-title\" style=\"cursor:inherit\">Artikelinhalt<\/p>\n<span class=\"ez-toc-title-toggle\"><a href=\"#\" class=\"ez-toc-pull-right ez-toc-btn ez-toc-btn-xs ez-toc-btn-default ez-toc-toggle\" aria-label=\"Toggle Table of Content\"><span class=\"ez-toc-js-icon-con\"><span class=\"\"><span class=\"eztoc-hide\" style=\"display:none;\">Toggle<\/span><span class=\"ez-toc-icon-toggle-span\"><svg style=\"fill: #999;color:#999\" xmlns=\"http:\/\/www.w3.org\/2000\/svg\" class=\"list-377408\" width=\"20px\" height=\"20px\" viewBox=\"0 0 24 24\" fill=\"none\"><path d=\"M6 6H4v2h2V6zm14 0H8v2h12V6zM4 11h2v2H4v-2zm16 0H8v2h12v-2zM4 16h2v2H4v-2zm16 0H8v2h12v-2z\" fill=\"currentColor\"><\/path><\/svg><svg style=\"fill: #999;color:#999\" class=\"arrow-unsorted-368013\" xmlns=\"http:\/\/www.w3.org\/2000\/svg\" width=\"10px\" height=\"10px\" viewBox=\"0 0 24 24\" version=\"1.2\" baseProfile=\"tiny\"><path d=\"M18.2 9.3l-6.2-6.3-6.2 6.3c-.2.2-.3.4-.3.7s.1.5.3.7c.2.2.4.3.7.3h11c.3 0 .5-.1.7-.3.2-.2.3-.5.3-.7s-.1-.5-.3-.7zM5.8 14.7l6.2 6.3 6.2-6.3c.2-.2.3-.5.3-.7s-.1-.5-.3-.7c-.2-.2-.4-.3-.7-.3h-11c-.3 0-.5.1-.7.3-.2.2-.3.5-.3.7s.1.5.3.7z\"\/><\/svg><\/span><\/span><\/span><\/a><\/span><\/div>\n<nav><ul class='ez-toc-list ez-toc-list-level-1 ' ><ul class='ez-toc-list-level-3' ><li class='ez-toc-heading-level-3'><a class=\"ez-toc-link ez-toc-heading-1\" href=\"https:\/\/loudavymkrokem.cz\/de\/vysehrad-prag-guide-basilika-friedhof\/#Zusammenfassung\" >Zusammenfassung<\/a><\/li><\/ul><\/li><li class='ez-toc-page-1 ez-toc-heading-level-2'><a class=\"ez-toc-link ez-toc-heading-2\" href=\"https:\/\/loudavymkrokem.cz\/de\/vysehrad-prag-guide-basilika-friedhof\/#Wann_den_Vysehrad_besuchen_und_wie_planen\" >Wann den Vy\u0161ehrad besuchen und wie planen<\/a><ul class='ez-toc-list-level-3' ><li class='ez-toc-heading-level-3'><a class=\"ez-toc-link ez-toc-heading-3\" href=\"https:\/\/loudavymkrokem.cz\/de\/vysehrad-prag-guide-basilika-friedhof\/#Fruehling_und_Herbst_als_absolute_Favoriten\" >Fr\u00fchling und Herbst als absolute Favoriten<\/a><\/li><li class='ez-toc-page-1 ez-toc-heading-level-3'><a class=\"ez-toc-link ez-toc-heading-4\" href=\"https:\/\/loudavymkrokem.cz\/de\/vysehrad-prag-guide-basilika-friedhof\/#Sommerabende_und_Winter-Melancholie\" >Sommerabende und Winter-Melancholie<\/a><\/li><li class='ez-toc-page-1 ez-toc-heading-level-3'><a class=\"ez-toc-link ez-toc-heading-5\" href=\"https:\/\/loudavymkrokem.cz\/de\/vysehrad-prag-guide-basilika-friedhof\/#Wie_viel_Zeit_einplanen\" >Wie viel Zeit einplanen<\/a><\/li><\/ul><\/li><li class='ez-toc-page-1 ez-toc-heading-level-2'><a class=\"ez-toc-link ez-toc-heading-6\" href=\"https:\/\/loudavymkrokem.cz\/de\/vysehrad-prag-guide-basilika-friedhof\/#Wo_uebernachten\" >Wo \u00fcbernachten<\/a><\/li><li class='ez-toc-page-1 ez-toc-heading-level-2'><a class=\"ez-toc-link ez-toc-heading-7\" href=\"https:\/\/loudavymkrokem.cz\/de\/vysehrad-prag-guide-basilika-friedhof\/#Sehenswuerdigkeiten_auf_dem_Vysehrad\" >Sehensw\u00fcrdigkeiten auf dem Vy\u0161ehrad<\/a><ul class='ez-toc-list-level-3' ><li class='ez-toc-heading-level-3'><a class=\"ez-toc-link ez-toc-heading-8\" href=\"https:\/\/loudavymkrokem.cz\/de\/vysehrad-prag-guide-basilika-friedhof\/#Basilika_St_Peter_und_Paul\" >Basilika St. Peter und Paul<\/a><\/li><li class='ez-toc-page-1 ez-toc-heading-level-3'><a class=\"ez-toc-link ez-toc-heading-9\" href=\"https:\/\/loudavymkrokem.cz\/de\/vysehrad-prag-guide-basilika-friedhof\/#Vysehrad-Friedhof_und_Mausoleum_Slavin\" >Vy\u0161ehrad-Friedhof und Mausoleum Slav\u00edn<\/a><\/li><li class='ez-toc-page-1 ez-toc-heading-level-3'><a class=\"ez-toc-link ez-toc-heading-10\" href=\"https:\/\/loudavymkrokem.cz\/de\/vysehrad-prag-guide-basilika-friedhof\/#Rotunde_St_Martin\" >Rotunde St. Martin<\/a><\/li><li class='ez-toc-page-1 ez-toc-heading-level-3'><a class=\"ez-toc-link ez-toc-heading-11\" href=\"https:\/\/loudavymkrokem.cz\/de\/vysehrad-prag-guide-basilika-friedhof\/#Kasematten_und_der_Saal_Gorlice\" >Kasematten und der Saal Gorlice<\/a><\/li><li class='ez-toc-page-1 ez-toc-heading-level-3'><a class=\"ez-toc-link ez-toc-heading-12\" href=\"https:\/\/loudavymkrokem.cz\/de\/vysehrad-prag-guide-basilika-friedhof\/#Mauern_Aussichten_und_die_Sage_von_Libuse\" >Mauern, Aussichten und die Sage von Libu\u0161e<\/a><\/li><li class='ez-toc-page-1 ez-toc-heading-level-3'><a class=\"ez-toc-link ez-toc-heading-13\" href=\"https:\/\/loudavymkrokem.cz\/de\/vysehrad-prag-guide-basilika-friedhof\/#Mit_Kindern_auf_den_Vysehrad_Spielplatz_der_alten_Sagen\" >Mit Kindern auf den Vy\u0161ehrad: Spielplatz der alten Sagen<\/a><\/li><\/ul><\/li><li class='ez-toc-page-1 ez-toc-heading-level-2'><a class=\"ez-toc-link ez-toc-heading-14\" href=\"https:\/\/loudavymkrokem.cz\/de\/vysehrad-prag-guide-basilika-friedhof\/#Praktische_Infos_fuer_deinen_Besuch\" >Praktische Infos f\u00fcr deinen Besuch<\/a><\/li><li class='ez-toc-page-1 ez-toc-heading-level-2'><a class=\"ez-toc-link ez-toc-heading-15\" href=\"https:\/\/loudavymkrokem.cz\/de\/vysehrad-prag-guide-basilika-friedhof\/#Weiterlesen\" >Weiterlesen<\/a><\/li><li class='ez-toc-page-1 ez-toc-heading-level-2'><a class=\"ez-toc-link ez-toc-heading-16\" href=\"https:\/\/loudavymkrokem.cz\/de\/vysehrad-prag-guide-basilika-friedhof\/#Haeufig_gestellte_Fragen\" >H\u00e4ufig gestellte Fragen<\/a><ul class='ez-toc-list-level-3' ><li class='ez-toc-heading-level-3'><a class=\"ez-toc-link ez-toc-heading-17\" href=\"https:\/\/loudavymkrokem.cz\/de\/vysehrad-prag-guide-basilika-friedhof\/#Ist_der_Eintritt_zum_Vysehrad_kostenpflichtig\" >Ist der Eintritt zum Vy\u0161ehrad kostenpflichtig?<\/a><\/li><li class='ez-toc-page-1 ez-toc-heading-level-3'><a class=\"ez-toc-link ez-toc-heading-18\" href=\"https:\/\/loudavymkrokem.cz\/de\/vysehrad-prag-guide-basilika-friedhof\/#Darf_ich_meinen_Hund_auf_den_Vysehrad_mitnehmen\" >Darf ich meinen Hund auf den Vy\u0161ehrad mitnehmen?<\/a><\/li><li class='ez-toc-page-1 ez-toc-heading-level-3'><a class=\"ez-toc-link ez-toc-heading-19\" href=\"https:\/\/loudavymkrokem.cz\/de\/vysehrad-prag-guide-basilika-friedhof\/#Ist_der_Vysehrad_fuer_Kinderwagen_und_Rollstuhlfahrer_geeignet\" >Ist der Vy\u0161ehrad f\u00fcr Kinderwagen und Rollstuhlfahrer geeignet?<\/a><\/li><li class='ez-toc-page-1 ez-toc-heading-level-3'><a class=\"ez-toc-link ez-toc-heading-20\" href=\"https:\/\/loudavymkrokem.cz\/de\/vysehrad-prag-guide-basilika-friedhof\/#Wie_lange_dauert_eine_Besichtigung_des_Vysehrad\" >Wie lange dauert eine Besichtigung des Vy\u0161ehrad?<\/a><\/li><li class='ez-toc-page-1 ez-toc-heading-level-3'><a class=\"ez-toc-link ez-toc-heading-21\" href=\"https:\/\/loudavymkrokem.cz\/de\/vysehrad-prag-guide-basilika-friedhof\/#Wo_kann_man_am_Vysehrad_parken\" >Wo kann man am Vy\u0161ehrad parken?<\/a><\/li><li class='ez-toc-page-1 ez-toc-heading-level-3'><a class=\"ez-toc-link ez-toc-heading-22\" href=\"https:\/\/loudavymkrokem.cz\/de\/vysehrad-prag-guide-basilika-friedhof\/#Ist_die_Rotunde_St_Martin_regulaer_zugaenglich\" >Ist die Rotunde St. Martin regul\u00e4r zug\u00e4nglich?<\/a><\/li><\/ul><\/li><\/ul><\/nav><\/div>\n<h3 class=\"wp-block-heading\"><span class=\"ez-toc-section\" id=\"Zusammenfassung\"><\/span><span class=\"ez-toc-section\" id=\"Zusammenfassung\"><\/span>Zusammenfassung<span class=\"ez-toc-section-end\"><\/span><span class=\"ez-toc-section-end\"><\/span><\/h3>\n<ul class=\"wp-block-list\">\n<li>Der Eintritt zum gesamten Vy\u0161ehrad-Areal (Parks, Mauern, Wege) ist v\u00f6llig <strong>kostenlos<\/strong> und <strong>rund um die Uhr<\/strong> ge\u00f6ffnet.<\/li>\n<li>Die Hauptattraktion ist die Basilika St. Peter und Paul mit atemberaubendem Jugendstil-Dekor \u2013 der Eintritt kostet etwa <strong>5 \u20ac<\/strong>.<\/li>\n<li>Der Vy\u0161ehrad-Friedhof und das Mausoleum Slav\u00edn sind die letzte Ruhest\u00e4tte ber\u00fchmter tschechischer K\u00fcnstler (Anton\u00edn Dvo\u0159\u00e1k, Bed\u0159ich Smetana, Karel \u010capek).<\/li>\n<li>Von den barocken Festungsmauern er\u00f6ffnen sich die besten Aussichten auf die Prager Burg, das Moldautal und Podol\u00ed.<\/li>\n<li>Die unterirdischen <strong>Kasematten<\/strong> beherbergen den Saal <strong>Gorlice<\/strong>, in dem Originale barocker Statuen von der Karlsbr\u00fccke aufbewahrt werden.<\/li>\n<li>Die Rotunde St. Martin ist die \u00e4lteste erhaltene Rotunde in Prag, erbaut bereits im 11. Jahrhundert.<\/li>\n<li>Am einfachsten erreichst du den Vy\u0161ehrad mit der roten Metrolinie C bis zur Station Vy\u0161ehrad \u2013 von dort geht es ebenerdig weiter.<\/li>\n<li>F\u00fcr Familien mit Kindern gibt es einen tollen Themenspielplatz, inspiriert von alten tschechischen Sagen.<\/li>\n<\/ul>\n<figure class=\"wp-block-image size-full\"><img loading=\"lazy\" decoding=\"async\" width=\"1200\" height=\"800\" src=\"https:\/\/loudavymkrokem.cz\/wp-content\/uploads\/2026\/04\/vysehrad-4303.jpg\" alt=\"Vy\u0161ehrad mit Kleinkind\" class=\"wp-image-151149\" title=\"\" srcset=\"https:\/\/loudavymkrokem.cz\/wp-content\/uploads\/2026\/04\/vysehrad-4303.jpg 1200w, https:\/\/loudavymkrokem.cz\/wp-content\/uploads\/2026\/04\/vysehrad-4303-300x200.jpg 300w, https:\/\/loudavymkrokem.cz\/wp-content\/uploads\/2026\/04\/vysehrad-4303-700x467.jpg 700w, https:\/\/loudavymkrokem.cz\/wp-content\/uploads\/2026\/04\/vysehrad-4303-768x512.jpg 768w, https:\/\/loudavymkrokem.cz\/wp-content\/uploads\/2026\/04\/vysehrad-4303-696x464.jpg 696w\" sizes=\"auto, (max-width: 1200px) 100vw, 1200px\"><figcaption class=\"wp-element-caption\">Fr\u00fchling auf dem Vy\u0161ehrad<\/figcaption><\/figure>\n<h2 class=\"wp-block-heading\"><span class=\"ez-toc-section\" id=\"Wann_den_Vysehrad_besuchen_und_wie_planen\"><\/span><span class=\"ez-toc-section\" id=\"Wann_den_Vysehrad_besuchen_und_wie_planen\"><\/span>Wann den Vy\u0161ehrad besuchen und wie planen<span class=\"ez-toc-section-end\"><\/span><span class=\"ez-toc-section-end\"><\/span><\/h2>\n<p>Die Planung eines Besuchs auf dem Vy\u0161ehrad ist deutlich unkomplizierter als die Logistik rund um den Altst\u00e4dter Ring. Da ein gro\u00dfer Teil des Erlebnisses aus Spazierg\u00e4ngen \u00fcber die Mauern und durch die Parks besteht, spielt das Wetter hier eine ziemlich wichtige Rolle. Aus eigener Erfahrung kann ich sagen, dass ich selten mittags im Hochsommer hierherkomme, wenn die Sonne auf die Steinmauern brennt. Lieber w\u00e4hle ich die Tagesrandzeiten oder k\u00fchlere Monate, wenn dieser Ort eine viel intimere Stimmung hat und man sich nicht durch Dutzende picknickenende Gruppen schl\u00e4ngeln muss.<\/p>\n<h3 class=\"wp-block-heading\"><span class=\"ez-toc-section\" id=\"Fruehling_und_Herbst_als_absolute_Favoriten\"><\/span><span class=\"ez-toc-section\" id=\"Fruehling_und_Herbst_als_absolute_Favoriten\"><\/span>Fr\u00fchling und Herbst als absolute Favoriten<span class=\"ez-toc-section-end\"><\/span><span class=\"ez-toc-section-end\"><\/span><\/h3>\n<p>April, Mai und dann September und Oktober sind objektiv die besten Monate f\u00fcr den Vy\u0161ehrad. Das goldene Herbstlicht, das ich w\u00e4hrend meines Fotokurses so liebte, wirkt an den Backsteinmauern und den dunklen T\u00fcrmen der Basilika wahre Wunder. Im Herbst, etwa zur Zeit des Signal Festivals (2026 findet es vom <strong>15.\u201318.10.<\/strong> statt), f\u00e4rben sich die B\u00e4ume im Park gelb, und die Ausblicke auf den Nebel, der von der Moldau aufsteigt, haben eine unglaubliche Tiefe. Die Fr\u00fchlingsmonate bringen bl\u00fchende B\u00e4ume entlang der Mauern in Richtung Podol\u00ed. In diesen Monaten sind die Temperaturen zudem perfekt f\u00fcr ausgedehnte Spazierg\u00e4nge, ohne dass man sich nach zehn Minuten in den Schatten fl\u00fcchten muss.<\/p>\n<h3 class=\"wp-block-heading\"><span class=\"ez-toc-section\" id=\"Sommerabende_und_Winter-Melancholie\"><\/span><span class=\"ez-toc-section\" id=\"Sommerabende_und_Winter-Melancholie\"><\/span>Sommerabende und Winter-Melancholie<span class=\"ez-toc-section-end\"><\/span><span class=\"ez-toc-section-end\"><\/span><\/h3>\n<p>Im Sommer ist der Vy\u0161ehrad richtig belebt. Die Bierg\u00e4rten und Freilichtb\u00fchnen platzen aus allen N\u00e4hten, in den Parks spielen Leute Gitarre und insgesamt f\u00fchlt sich alles wie ein gro\u00dfes Festival an. Wenn du im Juli oder August kommst, empfehle ich, entweder fr\u00fch morgens zu gehen oder erst zum Sonnenuntergang. Der Blick auf die untergehende Sonne hinter der Prager Burg von der Ziegelsteinaussicht ist so bekannt, dass du abends Dutzende Fotografen mit aufgestellten Stativen triffst. Der Winter (Januar, Februar) ist ein ganz anderes Kapitel. Bei Schnee ist der Vy\u0161ehrad wunderbar still. Der verschneite Friedhof wirkt ungemein majest\u00e4tisch, und man f\u00fchlt sich wie mitten im 19. Jahrhundert. Allerdings solltest du dich darauf einstellen, dass der Wind vom Fluss auf den Mauern ziemlich schneidend sein kann.<\/p>\n<h3 class=\"wp-block-heading\"><span class=\"ez-toc-section\" id=\"Wie_viel_Zeit_einplanen\"><\/span><span class=\"ez-toc-section\" id=\"Wie_viel_Zeit_einplanen\"><\/span>Wie viel Zeit einplanen<span class=\"ez-toc-section-end\"><\/span><span class=\"ez-toc-section-end\"><\/span><\/h3>\n<p>Wenn du das Gel\u00e4nde nur schnell durchlaufen, die Aussicht fotografieren und einen Blick auf den Friedhof werfen m\u00f6chtest, reichen <strong>zwei Stunden<\/strong>. Willst du aber die Basilika von innen besichtigen, eine F\u00fchrung durch die unterirdischen Kasematten machen und die Kinder auf dem Spielplatz toben lassen, plane lieber einen <strong>halben Tag<\/strong> ein. Luk\u00e1\u0161, Jon\u00e1\u0161 und ich verbringen hier regelm\u00e4\u00dfig einen ganzen Vormittag, schlie\u00dfen mit einem Kaffee ab und steigen dann gem\u00fctlich hinunter zum Fluss zum Mittagessen. Der Vy\u0161ehrad ist kein Ort zum Hetzen \u2013 sein Genius Loci liegt gerade im langsamen Tempo.<\/p>\n<figure class=\"wp-block-image size-full\"><img loading=\"lazy\" decoding=\"async\" width=\"1200\" height=\"800\" src=\"https:\/\/loudavymkrokem.cz\/wp-content\/uploads\/2026\/04\/julius-hotel-praha-3880.jpg\" alt=\"Ausflug in Prag\" class=\"wp-image-151063\" title=\"\" srcset=\"https:\/\/loudavymkrokem.cz\/wp-content\/uploads\/2026\/04\/julius-hotel-praha-3880.jpg 1200w, https:\/\/loudavymkrokem.cz\/wp-content\/uploads\/2026\/04\/julius-hotel-praha-3880-300x200.jpg 300w, https:\/\/loudavymkrokem.cz\/wp-content\/uploads\/2026\/04\/julius-hotel-praha-3880-700x467.jpg 700w, https:\/\/loudavymkrokem.cz\/wp-content\/uploads\/2026\/04\/julius-hotel-praha-3880-768x512.jpg 768w, https:\/\/loudavymkrokem.cz\/wp-content\/uploads\/2026\/04\/julius-hotel-praha-3880-696x464.jpg 696w\" sizes=\"auto, (max-width: 1200px) 100vw, 1200px\"><figcaption class=\"wp-element-caption\">Ausflug in Prag<\/figcaption><\/figure>\n<h2 class=\"wp-block-heading\"><span class=\"ez-toc-section\" id=\"Wo_uebernachten\"><\/span><span class=\"ez-toc-section\" id=\"Wo_uebernachten\"><\/span>Wo \u00fcbernachten<span class=\"ez-toc-section-end\"><\/span><span class=\"ez-toc-section-end\"><\/span><\/h2>\n<p>Als wir das letzte Mal eine Unterkunft in Prag f\u00fcr unseren j\u00e4hrlichen Besuch suchten, wollten wir etwas, das strategisch g\u00fcnstig an den Hauptverkehrsadern liegt und gleichzeitig absoluten Komfort bietet \u2013 denn Reisen mit einem zweij\u00e4hrigen Kind hat seine Eigenheiten. Wir entschieden uns f\u00fcr das <strong>The <a class=\"thirstylink\" rel=\"nofollow\" target=\"_blank\" title=\"The Julius Hotel\" href=\"https:\/\/loudavymkrokem.cz\/doporucujeme\/the-julius-hotel\/\" data-shortcode=\"true\">Julius Hotel<\/a><\/strong> am Senov\u00e1\u017en\u00e9 n\u00e1m\u011bst\u00ed, und r\u00fcckblickend war es eine unserer besten Entscheidungen. Wir wohnten in ihrer One Bedroom Suite, was uns genug Platz f\u00fcr den Abend gab, wenn Jon\u00e1\u0161 bereits schlief. Das Design ist klar, durchdacht, mit dezenten Farbverweisen auf Alfons Mucha. Vom Hotel aus erreicht man den Hauptbahnhof (von dort sind es mit der Metro C nur drei Stationen zum Vy\u0161ehrad) in knappen <strong>f\u00fcnf Minuten<\/strong>. Die Zimmer haben eine voll ausgestattete K\u00fcchenzeile, was man mit Kind besonders sch\u00e4tzt \u2013 auch wenn man einfach gerne selbst fr\u00fchst\u00fcckt. Preise und Verf\u00fcgbarkeit f\u00fcr euren Termin k\u00f6nnt ihr \u00fcber <a href=\"https:\/\/www.booking.com\/hotel\/cz\/julius-meinl-house-prague.html?aid=2397601\" target=\"_blank\" rel=\"noopener nofollow sponsored\">Booking.com pr\u00fcfen und buchen<\/a>.<\/p>\n<figure class=\"wp-block-image size-full\"><img loading=\"lazy\" decoding=\"async\" width=\"1200\" height=\"800\" src=\"https:\/\/loudavymkrokem.cz\/wp-content\/uploads\/2026\/04\/vysehrad-4337.jpg\" alt=\"Aussicht vom Vy\u0161ehrad\" class=\"wp-image-151164\" title=\"\" srcset=\"https:\/\/loudavymkrokem.cz\/wp-content\/uploads\/2026\/04\/vysehrad-4337.jpg 1200w, https:\/\/loudavymkrokem.cz\/wp-content\/uploads\/2026\/04\/vysehrad-4337-300x200.jpg 300w, https:\/\/loudavymkrokem.cz\/wp-content\/uploads\/2026\/04\/vysehrad-4337-700x467.jpg 700w, https:\/\/loudavymkrokem.cz\/wp-content\/uploads\/2026\/04\/vysehrad-4337-768x512.jpg 768w, https:\/\/loudavymkrokem.cz\/wp-content\/uploads\/2026\/04\/vysehrad-4337-696x464.jpg 696w\" sizes=\"auto, (max-width: 1200px) 100vw, 1200px\"><figcaption class=\"wp-element-caption\">Aussicht vom Vy\u0161ehrad<\/figcaption><\/figure>\n<h2 class=\"wp-block-heading\"><span class=\"ez-toc-section\" id=\"Sehenswuerdigkeiten_auf_dem_Vysehrad\"><\/span><span class=\"ez-toc-section\" id=\"Sehenswuerdigkeiten_auf_dem_Vysehrad\"><\/span>Sehensw\u00fcrdigkeiten auf dem Vy\u0161ehrad<span class=\"ez-toc-section-end\"><\/span><span class=\"ez-toc-section-end\"><\/span><\/h2>\n<p>Das Areal selbst birgt eine F\u00fclle an historischen Denkm\u00e4lern, Aussichtspunkten und versteckten Ecken. Schauen wir uns die spannendsten Orte an, die du bei deinem Spaziergang nicht verpassen solltest.<\/p>\n<h3 class=\"wp-block-heading\"><span class=\"ez-toc-section\" id=\"Basilika_St_Peter_und_Paul\"><\/span><span class=\"ez-toc-section\" id=\"Basilika_St_Peter_und_Paul\"><\/span>Basilika St. Peter und Paul<span class=\"ez-toc-section-end\"><\/span><span class=\"ez-toc-section-end\"><\/span><\/h3>\n<p>Die zwei dunklen neugotischen T\u00fcrme der Basilika St. Peter und Paul bilden eine un\u00fcbersehbare Dominante des Prager Panoramas, die man von \u00fcberall erkennt. Obwohl die heutige Gestalt aus der Wende vom 19. zum 20. Jahrhundert stammt, reichen die Fundamente der Kirche ins 11. Jahrhundert zur\u00fcck, in die Regierungszeit von K\u00f6nig Vratislav II. Das Innere ist ein wahrer visueller Schock \u2013 w\u00e4hrend die Basilika von au\u00dfen streng und schlicht wirkt, trifft man drinnen auf eine unglaublich farbenfrohe, \u00fcppige Jugendstil-Dekoration. Die W\u00e4nde sind mit Ornamenten und Fresken des Ehepaars Urban bedeckt, die sich vom Stil Alfons Muchas inspirieren lie\u00dfen. Ich pers\u00f6nlich gehe selten in Kirchen, aber diese Farbexplosion, die mit klassischer k\u00fchler Gotik absolut nichts zu tun hat, fasziniert mich jedes Mal aufs Neue.<\/p>\n<p>Ge\u00f6ffnet ist t\u00e4glich, allerdings finden sonntags vormittags Gottesdienste statt, sodass f\u00fcr Touristen erst ab <strong>12:00 Uhr<\/strong> ge\u00f6ffnet ist. Der regul\u00e4re Eintritt liegt 2026 bei etwa 5 \u20ac f\u00fcr Erwachsene \u2013 Tickets kauft man direkt am Eingang. Von der Metro C Station Vy\u0161ehrad erreicht man die Basilika in einem gem\u00fctlichen zehnmin\u00fctigen Spaziergang durch den Park. <strong>\ud83d\udca1 Insider-Tipp:<\/strong> Achte auf die Details der Fresken in den Seitenschiffen \u2013 einige Gesichter der Heiligen tragen die Z\u00fcge damaliger Prager B\u00fcrger, die die Ausschm\u00fcckung der Kirche finanziell unterst\u00fctzt haben.<\/p>\n<figure class=\"wp-block-image size-full\"><img loading=\"lazy\" decoding=\"async\" width=\"1200\" height=\"800\" src=\"https:\/\/loudavymkrokem.cz\/wp-content\/uploads\/2026\/04\/vysehrad-4305.jpg\" alt=\"Vy\u0161ehrad-Friedhof\" class=\"wp-image-151156\" title=\"\" srcset=\"https:\/\/loudavymkrokem.cz\/wp-content\/uploads\/2026\/04\/vysehrad-4305.jpg 1200w, https:\/\/loudavymkrokem.cz\/wp-content\/uploads\/2026\/04\/vysehrad-4305-300x200.jpg 300w, https:\/\/loudavymkrokem.cz\/wp-content\/uploads\/2026\/04\/vysehrad-4305-700x467.jpg 700w, https:\/\/loudavymkrokem.cz\/wp-content\/uploads\/2026\/04\/vysehrad-4305-768x512.jpg 768w, https:\/\/loudavymkrokem.cz\/wp-content\/uploads\/2026\/04\/vysehrad-4305-696x464.jpg 696w\" sizes=\"auto, (max-width: 1200px) 100vw, 1200px\"><figcaption class=\"wp-element-caption\">Vy\u0161ehrad-Friedhof<\/figcaption><\/figure>\n<div class=\"lk-zazitky-module\">\n<style>\n.lk-zazitky-module * { box-sizing: border-box; margin: 0; padding: 0; }\n.lk-zazitky-module {\n  font-family: 'DM Sans', Georgia, sans-serif;\n  max-width: 100%;\n  margin: 2.5rem auto;\n  background: linear-gradient(135deg, #fdf6f3 0%, #fbede7 100%);\n  border: 1px solid #f0d9cc;\n  border-radius: 16px;\n  overflow: hidden;\n  box-shadow: 0 16px 48px rgba(217, 119, 87, 0.18), 0 4px 12px rgba(0,0,0,0.06);\n}\n.lk-zazitky-header {\n  position: relative;\n  padding: 24px 32px;\n  background: linear-gradient(135deg, #d97757 0%, #c46b4b 60%, #d97757 100%);\n  display: flex;\n  align-items: center;\n  gap: 18px;\n}\n.lk-zazitky-header::before {\n  content: '';\n  position: absolute;\n  inset: 0;\n  background: url(\"data:image\/svg+xml,%3Csvg width='60' height='60' viewBox='0 0 60 60' xmlns='http:\/\/www.w3.org\/2000\/svg'%3E%3Cg fill='none' fill-rule='evenodd'%3E%3Cg fill='%23ffffff' fill-opacity='0.05'%3E%3Cpath d='M36 34v-4h-2v4h-4v2h4v4h2v-4h4v-2h-4zm0-30V0h-2v4h-4v2h4v4h2V6h4V4h-4zM6 34v-4H4v4H0v2h4v4h2v-4h4v-2H6zM6 4V0H4v4H0v2h4v4h2V6h4V4H6z'\/%3E%3C\/g%3E%3C\/g%3E%3C\/svg%3E\") repeat;\n  pointer-events: none;\n}\n.lk-zazitky-header img {\n  width: 64px; height: 64px; border-radius: 12px; flex-shrink: 0;\n  object-fit: cover; box-shadow: 0 4px 12px rgba(0,0,0,0.18); position: relative; z-index: 1;\n}\n.lk-zazitky-header-text { position: relative; z-index: 1; }\n.lk-zazitky-eyebrow {\n  font-size: 10px; font-weight: 600; letter-spacing: 2.5px; text-transform: uppercase;\n  color: rgba(255,255,255,.92); margin-bottom: 5px;\n}\n.lk-zazitky-title {\n  font-family: 'Playfair Display', Georgia, serif;\n  font-size: 24px; font-weight: 700; color: #fff; line-height: 1.2;\n  text-shadow: 0 1px 2px rgba(0,0,0,0.12);\n}\n.lk-zazitky-subtitle {\n  font-size: 13px; color: rgba(255,255,255,.85); margin-top: 4px; font-weight: 300;\n}\n.lk-zazitky-grid {\n  display: grid;\n  grid-template-columns: 1fr 1fr 1fr;\n  gap: 1px;\n  background: rgba(217, 119, 87, 0.12);\n}\n.lk-zazitek-card {\n  background: #ffffff; padding: 22px; display: flex; flex-direction: column; gap: 11px;\n  transition: all 0.3s ease; text-decoration: none; color: inherit; position: relative;\n}\n.lk-zazitek-card:hover {\n  background: #fffaf7; transform: translateY(-2px);\n  box-shadow: 0 8px 24px rgba(217, 119, 87, 0.15); z-index: 1;\n}\n.lk-zazitek-card.is-category {\n  background: linear-gradient(135deg, #fffaf7 0%, #fff3eb 100%);\n  box-shadow: inset 0 1px 0 rgba(217, 119, 87, 0.1);\n}\n.lk-zazitek-card.is-category:hover {\n  background: linear-gradient(135deg, #fff7f2 0%, #ffeee3 100%);\n}\n.lk-zazitek-badge {\n  display: inline-flex; align-items: center; gap: 5px;\n  font-size: 10px; font-weight: 600; letter-spacing: 1.5px; text-transform: uppercase;\n  padding: 5px 11px; border-radius: 20px; width: fit-content;\n  background: rgba(217, 119, 87, 0.10); color: #c46b4b; border: 1px solid rgba(217, 119, 87, 0.22);\n}\n.lk-zazitek-card.is-category .lk-zazitek-badge {\n  background: linear-gradient(135deg, #d97757 0%, #c46b4b 100%); color: #fff;\n  border-color: #c46b4b; box-shadow: 0 2px 8px rgba(217, 119, 87, 0.28);\n}\n.lk-zazitek-name {\n  font-family: 'Playfair Display', Georgia, serif;\n  font-size: 17px; font-weight: 700; color: #111827; line-height: 1.3;\n}\n.lk-zazitek-desc {\n  font-size: 13px; color: #525252; line-height: 1.6; font-weight: 300; flex: 1;\n}\n.lk-zazitek-meta { display: flex; align-items: center; gap: 12px; flex-wrap: wrap; margin-top: 4px; }\n.lk-zazitek-price { font-size: 13px; color: #6b7280; }\n.lk-zazitek-price strong { color: #c46b4b; font-weight: 600; }\n.lk-zazitek-cta {\n  display: inline-flex; align-items: center; justify-content: center; gap: 7px;\n  margin-top: 8px; padding: 11px 16px; border-radius: 8px;\n  background: linear-gradient(135deg, #d97757 0%, #c46b4b 100%);\n  color: #fff; font-size: 13px; font-weight: 500; text-decoration: none;\n  letter-spacing: .3px; transition: all .2s ease; cursor: pointer; border: none;\n  text-align: center; box-shadow: 0 4px 12px rgba(217, 119, 87, 0.28);\n  white-space: nowrap;\n}\n.lk-zazitek-cta:hover {\n  background: linear-gradient(135deg, #c46b4b 0%, #b35e3f 100%);\n  transform: translateY(-1px); box-shadow: 0 6px 16px rgba(217, 119, 87, 0.38);\n}\n.lk-zazitek-card.is-category .lk-zazitek-cta {\n  background: linear-gradient(135deg, #3685fc 0%, #2a6fd9 100%);\n  box-shadow: 0 4px 12px rgba(54, 133, 252, 0.22);\n}\n.lk-zazitek-card.is-category .lk-zazitek-cta:hover {\n  background: linear-gradient(135deg, #2a6fd9 0%, #1e5bc4 100%);\n  box-shadow: 0 6px 16px rgba(54, 133, 252, 0.32);\n}\n.lk-zazitky-footer {\n  padding: 16px 32px;\n  background: linear-gradient(to bottom, #fdf6f3 0%, #f9eae2 100%);\n  border-top: 1px solid rgba(217, 119, 87, 0.18);\n  display: flex; align-items: center; justify-content: center; flex-wrap: wrap; gap: 12px;\n}\n.lk-zazitky-discount {\n  display: inline-flex; align-items: center; gap: 8px;\n  font-size: 13px; color: #6b3a26; font-weight: 500;\n}\n.lk-zazitky-discount-code {\n  font-family: 'Courier New', monospace; font-weight: 700; color: #c46b4b;\n  background: rgba(217, 119, 87, 0.12); padding: 4px 10px; border-radius: 6px;\n  letter-spacing: 1px; font-size: 13px;\n}\n.lk-zazitky-disclaimer {\n  font-size: 11px; color: #8a6e60; font-weight: 300; line-height: 1.5;\n}\n.lk-zazitky-disclaimer a { color: #c46b4b; text-decoration: none; }\n.lk-zazitky-disclaimer a:hover { text-decoration: underline; }\n@media (max-width: 720px) {\n  .lk-zazitky-grid { grid-template-columns: 1fr; }\n  .lk-zazitky-header { padding: 20px 18px; }\n  .lk-zazitky-footer { padding: 14px 18px; }\n  .lk-zazitek-card { padding: 20px; }\n  .lk-zazitky-title { font-size: 20px; }\n}\n<\/style>\n<div class=\"lk-zazitky-header\">\n    <img decoding=\"async\" src=\"https:\/\/loudavymkrokem.cz\/wp-content\/uploads\/2026\/02\/lukas-a-lucka.jpg\" alt=\"Luk\u00e1\u0161 und Lucie\" title=\"\"><\/p>\n<div class=\"lk-zazitky-header-text\">\n<div class=\"lk-zazitky-eyebrow\">Tipp von Luk\u00e1\u0161 und Lucie<\/div>\n<div class=\"lk-zazitky-title\">Erlebe Prag mal anders<\/div>\n<div class=\"lk-zazitky-subtitle\">3 bew\u00e4hrte Tipps mit 5 % Rabatt vom Partner Firma na z\u00e1\u017eitky<\/div>\n<\/p><\/div>\n<\/p><\/div>\n<div class=\"lk-zazitky-grid\">\n<p>    <a class=\"lk-zazitek-card\" href=\"https:\/\/www.firmanazazitky.cz\/plavba-po-vltave-s-obedem?utm_source=loudavymkrokem&amp;utm_medium=referral&amp;utm_campaign=vysehrad-pruvodce-po-druhem-hrade-prahy-bazilika-hrbitov-hradby&amp;utm_content=zazitek-1\" target=\"_blank\" rel=\"nofollow noopener sponsored\"><br \/>\n      <span class=\"lk-zazitek-badge\">\ud83d\udee5 Schifffahrt<\/span><\/p>\n<div class=\"lk-zazitek-name\">Moldau-Schifffahrt mit Mittagessen<\/div>\n<div class=\"lk-zazitek-desc\">Die Vy\u0161ehrad-Felsen vom Wasser aus &#8211; eine entspannte Schifffahrt mit Mittagessen zeigt Prags zweite Burg aus einer Perspektive, die sich die meisten Touristen entgehen lassen.<\/div>\n<div class=\"lk-zazitek-meta\">\n        <span class=\"lk-zazitek-price\">ab <strong>84 \u20ac<\/strong><\/span>\n      <\/div>\n<p>      <span class=\"lk-zazitek-cta\"><br \/>\n        <svg width=\"14\" height=\"14\" viewBox=\"0 0 24 24\" fill=\"none\" stroke=\"currentColor\" stroke-width=\"2\"><path d=\"M18 13v6a2 2 0 0 1-2 2H5a2 2 0 0 1-2-2V8a2 2 0 0 1 2-2h6\"\/><polyline points=\"15 3 21 3 21 9\"\/><line x1=\"10\" y1=\"14\" x2=\"21\" y2=\"3\"\/><\/svg><br \/>\n        Mit Rabatt buchen<br \/>\n      <\/span><br \/>\n    <\/a><\/p>\n<p>    <a class=\"lk-zazitek-card\" href=\"https:\/\/www.firmanazazitky.cz\/vecere-v-tancicim-dome?utm_source=loudavymkrokem&amp;utm_medium=referral&amp;utm_campaign=vysehrad-pruvodce-po-druhem-hrade-prahy-bazilika-hrbitov-hradby&amp;utm_content=zazitek-2\" target=\"_blank\" rel=\"nofollow noopener sponsored\"><br \/>\n      <span class=\"lk-zazitek-badge\">\ud83c\udf7d Gastro<\/span><\/p>\n<div class=\"lk-zazitek-name\">Abendessen im Tanzenden Haus<\/div>\n<div class=\"lk-zazitek-desc\">Nach dem Spaziergang \u00fcber die Vy\u0161ehrad-Mauern nur wenige Tramstationen entfernt &#8211; Dinner mit Blick auf die Prager Burg vom Dach des Tanzenden Hauses.<\/div>\n<div class=\"lk-zazitek-meta\">\n        <span class=\"lk-zazitek-price\">ab <strong>116 \u20ac<\/strong><\/span>\n      <\/div>\n<p>      <span class=\"lk-zazitek-cta\"><br \/>\n        <svg width=\"14\" height=\"14\" viewBox=\"0 0 24 24\" fill=\"none\" stroke=\"currentColor\" stroke-width=\"2\"><path d=\"M18 13v6a2 2 0 0 1-2 2H5a2 2 0 0 1-2-2V8a2 2 0 0 1 2-2h6\"\/><polyline points=\"15 3 21 3 21 9\"\/><line x1=\"10\" y1=\"14\" x2=\"21\" y2=\"3\"\/><\/svg><br \/>\n        Mit Rabatt buchen<br \/>\n      <\/span><br \/>\n    <\/a><\/p>\n<p>    <a class=\"lk-zazitek-card is-category\" href=\"https:\/\/www.firmanazazitky.cz\/praha\/?utm_source=loudavymkrokem&amp;utm_medium=referral&amp;utm_campaign=vysehrad-pruvodce-po-druhem-hrade-prahy-bazilika-hrbitov-hradby&amp;utm_content=kategorie\" target=\"_blank\" rel=\"nofollow noopener sponsored\"><br \/>\n      <span class=\"lk-zazitek-badge\">\u2b50 Alles<\/span><\/p>\n<div class=\"lk-zazitek-name\">Alle Erlebnisse in Prag<\/div>\n<div class=\"lk-zazitek-desc\">Schifffahrten, Gastronomie, Sehensw\u00fcrdigkeiten und Wellness &#8211; das komplette Erlebnisangebot in der Hauptstadt.<\/div>\n<p>      <span class=\"lk-zazitek-cta\"><br \/>\n        Erlebnisse entdecken<br \/>\n        <svg width=\"12\" height=\"12\" viewBox=\"0 0 24 24\" fill=\"none\" stroke=\"currentColor\" stroke-width=\"2.5\"><polyline points=\"9 18 15 12 9 6\"\/><\/svg><br \/>\n      <\/span><br \/>\n    <\/a><\/p><\/div>\n<div class=\"lk-zazitky-footer\">\n    <span class=\"lk-zazitky-discount\"><br \/>\n      \u2b50 5 % Rabatt mit Code<br \/>\n      <span class=\"lk-zazitky-discount-code\">LOUDAVYMKROKEM5<\/span><br \/>\n    <\/span>\n  <\/div>\n<\/div>\n<h3 class=\"wp-block-heading\"><span class=\"ez-toc-section\" id=\"Vysehrad-Friedhof_und_Mausoleum_Slavin\"><\/span><span class=\"ez-toc-section\" id=\"Vysehrad-Friedhof_und_Mausoleum_Slavin\"><\/span>Vy\u0161ehrad-Friedhof und Mausoleum Slav\u00edn<span class=\"ez-toc-section-end\"><\/span><span class=\"ez-toc-section-end\"><\/span><\/h3>\n<p>Direkt neben der Basilika befindet sich der Vy\u0161ehrad-Friedhof \u2013 ein Ort, den man als Pantheon der tschechischen Kultur bezeichnen k\u00f6nnte. W\u00e4hrend der nationalen Wiedergeburt im 19. Jahrhundert verwandelte sich der gew\u00f6hnliche Pfarrfriedhof in eine prestigetr\u00e4chtige Begr\u00e4bnisst\u00e4tte. Architektonisch am eindrucksvollsten ist der Slav\u00edn, ein gewaltiges Gemeinschaftsmausoleum, das man an der gefl\u00fcgelten Geniusfigur auf der Spitze erkennt. Hier ruhen Alfons Mucha, die ber\u00fchmte Operns\u00e4ngerin Ema Destinnov\u00e1 und der Bildhauer Josef V\u00e1clav Myslbek. Beim Schlendern durch die schmalen G\u00e4nge zwischen den Grabsteinen suchen Luk\u00e1\u0161 und ich oft nach bekannten Namen \u2013 man findet hier das Grab von Anton\u00edn Dvo\u0159\u00e1k mit einer sch\u00f6nen B\u00fcste, das Grab von Bed\u0159ich Smetana oder die letzte Ruhest\u00e4tte von Karel \u010capek.<\/p>\n<p>Der Friedhof ist das ganze Jahr \u00fcber t\u00e4glich kostenlos zug\u00e4nglich. Im Sommer schlie\u00dfen die Tore um <strong>18:00 Uhr<\/strong>, in den Wintermonaten bereits um <strong>16:00 Uhr<\/strong> \u2013 darauf solltest du bei der Planung deines Nachmittagsspaziergangs achten. Es herrscht hier immer absolute Stille und Respekt, weshalb wir gerne vor dem Stadtl\u00e4rm hierher fl\u00fcchten. <strong>\ud83d\udca1 Insider-Tipp:<\/strong> Das Grab von Karel \u010capek findest du nicht auf dem zentralen Slav\u00edn, sondern im hinteren Teil des Friedhofs (Abteilung 12) \u2013 es ist oft mit kleinen Steinen und Bleistiften bedeckt, die Leser dort hinterlassen.<\/p>\n<figure class=\"wp-block-image size-full\"><img loading=\"lazy\" decoding=\"async\" width=\"1200\" height=\"800\" src=\"https:\/\/loudavymkrokem.cz\/wp-content\/uploads\/2026\/04\/vysehrad-4311.jpg\" alt=\"Vy\u0161ehrad-Friedhof in Prag\" class=\"wp-image-151160\" title=\"\" srcset=\"https:\/\/loudavymkrokem.cz\/wp-content\/uploads\/2026\/04\/vysehrad-4311.jpg 1200w, https:\/\/loudavymkrokem.cz\/wp-content\/uploads\/2026\/04\/vysehrad-4311-300x200.jpg 300w, https:\/\/loudavymkrokem.cz\/wp-content\/uploads\/2026\/04\/vysehrad-4311-700x467.jpg 700w, https:\/\/loudavymkrokem.cz\/wp-content\/uploads\/2026\/04\/vysehrad-4311-768x512.jpg 768w, https:\/\/loudavymkrokem.cz\/wp-content\/uploads\/2026\/04\/vysehrad-4311-696x464.jpg 696w\" sizes=\"auto, (max-width: 1200px) 100vw, 1200px\"><figcaption class=\"wp-element-caption\">Vy\u0161ehrad-Friedhof<\/figcaption><\/figure>\n<h3 class=\"wp-block-heading\"><span class=\"ez-toc-section\" id=\"Rotunde_St_Martin\"><\/span><span class=\"ez-toc-section\" id=\"Rotunde_St_Martin\"><\/span>Rotunde St. Martin<span class=\"ez-toc-section-end\"><\/span><span class=\"ez-toc-section-end\"><\/span><\/h3>\n<p>Wenn du vom T\u00e1bortor aus durch das Gel\u00e4nde spazierst, st\u00f6\u00dft du auf ein kleines rundes Bauwerk, das wirkt, als h\u00e4tte es schon immer hier gestanden. Die Rotunde St. Martin ist die \u00e4lteste erhaltene Rotunde Prags und stammt aus der zweiten H\u00e4lfte des 11. Jahrhunderts. Sie hat eine unglaubliche Anzahl von Katastrophen \u00fcberlebt \u2013 von Pl\u00fcnderungen w\u00e4hrend der Hussitenkriege bis hin zu Zeiten, in denen sie als Pulvermagazin oder Lagerhaus diente. Es ist faszinierend, ein so altes romanisches Bauwerk in einem relativ unversehrten Zustand zu sehen, besonders wenn man bedenkt, dass nur wenige Meter entfernt moderne Autos fahren.<\/p>\n<p>Die Rotunde ist normalerweise nicht von innen zug\u00e4nglich \u2013 sie \u00f6ffnet nur bei besonderen Anl\u00e4ssen oder w\u00e4hrend Gottesdiensten. Da der Hauptweg aber direkt an ihr vorbeif\u00fchrt, kann man sie unm\u00f6glich \u00fcbersehen. Sie steht genau an der Wegkreuzung in Richtung Kasematten. <strong>\ud83d\udca1 Insider-Tipp:<\/strong> Geh ganz nah an die Fassade auf der rechten Seite heran \u2013 \u00fcber einem der Fenster ist noch immer eine Kanonenkugel von 1757 in die Mauer eingemauert, als preu\u00dfische Truppen Prag belagerten.<\/p>\n<figure class=\"wp-block-image size-full\"><img loading=\"lazy\" decoding=\"async\" width=\"1200\" height=\"800\" src=\"https:\/\/loudavymkrokem.cz\/wp-content\/uploads\/2026\/04\/vysehrad-4348.jpg\" alt=\"Rotunde St. Martin auf dem Vy\u0161ehrad\" class=\"wp-image-151168\" title=\"\" srcset=\"https:\/\/loudavymkrokem.cz\/wp-content\/uploads\/2026\/04\/vysehrad-4348.jpg 1200w, https:\/\/loudavymkrokem.cz\/wp-content\/uploads\/2026\/04\/vysehrad-4348-300x200.jpg 300w, https:\/\/loudavymkrokem.cz\/wp-content\/uploads\/2026\/04\/vysehrad-4348-700x467.jpg 700w, https:\/\/loudavymkrokem.cz\/wp-content\/uploads\/2026\/04\/vysehrad-4348-768x512.jpg 768w, https:\/\/loudavymkrokem.cz\/wp-content\/uploads\/2026\/04\/vysehrad-4348-696x464.jpg 696w\" sizes=\"auto, (max-width: 1200px) 100vw, 1200px\"><figcaption class=\"wp-element-caption\">Rotunde St. Martin auf dem Vy\u0161ehrad<\/figcaption><\/figure>\n<h3 class=\"wp-block-heading\"><span class=\"ez-toc-section\" id=\"Kasematten_und_der_Saal_Gorlice\"><\/span><span class=\"ez-toc-section\" id=\"Kasematten_und_der_Saal_Gorlice\"><\/span>Kasematten und der Saal Gorlice<span class=\"ez-toc-section-end\"><\/span><span class=\"ez-toc-section-end\"><\/span><\/h3>\n<p>Unter den barocken Backsteinmauern, die den gesamten Vy\u0161ehrad umgeben, verbirgt sich ein System geheimer Milit\u00e4rg\u00e4nge aus dem 17. Jahrhundert. Diese Kasematten dienten dem schnellen und unauff\u00e4lligen Truppentransport. Die F\u00fchrung durch die dunklen, engen und leicht feuchten Backsteinkorridore endet in einem riesigen unterirdischen Saal namens Gorlice. Er diente urspr\u00fcnglich als Truppensammelplatz und Lebensmittellager, hat heute aber eine weitaus interessantere Funktion \u2013 er beherbergt mehrere originale Barockstatuen von der Karlsbr\u00fccke, die wegen Witterungssch\u00e4den durch Kopien ersetzt werden mussten. Die gewaltigen Sandsteinfiguren in dem beleuchteten unterirdischen Raum zu sehen, ist ein ziemlich beeindruckendes Erlebnis.<\/p>\n<p>Den Eingang zu den Kasematten findest du am Ziegeltor (Ciheln\u00e1 br\u00e1na). F\u00fchrungen finden st\u00fcndlich zur vollen Stunde statt, der volle Eintrittspreis betr\u00e4gt etwa <strong>5,50 \u20ac<\/strong>. Ge\u00f6ffnet ist t\u00e4glich von <strong>9:30 bis 17:00 Uhr<\/strong> (im Sommer bis 18:00 Uhr). Drinnen herrscht eine konstante Temperatur von etwa <strong>15 \u00b0C<\/strong>. <strong>\ud83d\udca1 Insider-Tipp:<\/strong> Nimm im Sommer einen leichten Pullover mit nach unten \u2013 auch wenn es drau\u00dfen drei\u00dfig Grad sind, wird dir nach zwanzig Minuten in der unterirdischen Feuchtigkeit kalt.<\/p>\n<figure class=\"wp-block-image size-full\"><img loading=\"lazy\" decoding=\"async\" width=\"1200\" height=\"800\" src=\"https:\/\/loudavymkrokem.cz\/wp-content\/uploads\/2026\/04\/vysehrad-4340.jpg\" alt=\"Festungsmauern auf dem Vy\u0161ehrad\" class=\"wp-image-151163\" title=\"\" srcset=\"https:\/\/loudavymkrokem.cz\/wp-content\/uploads\/2026\/04\/vysehrad-4340.jpg 1200w, https:\/\/loudavymkrokem.cz\/wp-content\/uploads\/2026\/04\/vysehrad-4340-300x200.jpg 300w, https:\/\/loudavymkrokem.cz\/wp-content\/uploads\/2026\/04\/vysehrad-4340-700x467.jpg 700w, https:\/\/loudavymkrokem.cz\/wp-content\/uploads\/2026\/04\/vysehrad-4340-768x512.jpg 768w, https:\/\/loudavymkrokem.cz\/wp-content\/uploads\/2026\/04\/vysehrad-4340-696x464.jpg 696w\" sizes=\"auto, (max-width: 1200px) 100vw, 1200px\"><figcaption class=\"wp-element-caption\">Festungsmauern auf dem Vy\u0161ehrad<\/figcaption><\/figure>\n<h3 class=\"wp-block-heading\"><span class=\"ez-toc-section\" id=\"Mauern_Aussichten_und_die_Sage_von_Libuse\"><\/span><span class=\"ez-toc-section\" id=\"Mauern_Aussichten_und_die_Sage_von_Libuse\"><\/span>Mauern, Aussichten und die Sage von Libu\u0161e<span class=\"ez-toc-section-end\"><\/span><span class=\"ez-toc-section-end\"><\/span><\/h3>\n<p>Was den Vy\u0161ehrad zu einem so beliebten Ort macht, sind seine m\u00e4chtigen barocken Festungsmauern. Sie bilden einen zweieinhalb Kilometer langen Rundweg, auf dem man bequem spazieren kann, und bieten Ausblicke in alle Himmelsrichtungen. Der sch\u00f6nste Blick er\u00f6ffnet sich von der s\u00fcdwestlichen Bastion in Richtung Fluss, Podol\u00ed und das gegen\u00fcberliegende Zl\u00edchov. Von der Aussicht bei der Galerie wiederum zeigt sich der ikonischste Blick auf die Prager Burg \u00fcber die D\u00e4cher der Neustadt. Mit dem Vy\u0161ehrad sind Legenden um die F\u00fcrstin Libu\u0161e verbunden, die von hier aus den Ruhm Prags prophezeit haben soll. Beim Spaziergang \u00fcber dem Fluss f\u00e4llt die Ruine eines gotischen Turms auf, der aus dem Felsen ragt \u2013 er wird Libu\u0161es Bad genannt, obwohl er historisch mit der sagenhaften F\u00fcrstin nichts zu tun hat.<\/p>\n<p>Auf der Wiese im Park liegen zudem die sogenannten Teufelss\u00e4ulen \u2013 drei St\u00fccke einer zerbrochenen Granits\u00e4ule, die laut Sage der Teufel hier hingeschleudert haben soll, als er eine Wette mit dem \u00f6rtlichen Priester verlor. Das Gel\u00e4nde der Mauern und Parks ist rund um die Uhr frei zug\u00e4nglich. <strong>\ud83d\udca1 Insider-Tipp:<\/strong> Wenn du in Ruhe Fotos mit Moldau-Blick ohne fremde K\u00f6pfe im Bild machen willst, komm am Sonntagmorgen gegen acht Uhr \u2013 dann hast du die Mauern praktisch f\u00fcr dich allein, abgesehen von ein paar Hundebesitzern.<\/p>\n<figure class=\"wp-block-image size-full\"><img loading=\"lazy\" decoding=\"async\" width=\"1200\" height=\"800\" src=\"https:\/\/loudavymkrokem.cz\/wp-content\/uploads\/2026\/04\/vysehrad-4316.jpg\" alt=\"Aussicht vom Vy\u0161ehrad auf die Moldau\" class=\"wp-image-151159\" title=\"\" srcset=\"https:\/\/loudavymkrokem.cz\/wp-content\/uploads\/2026\/04\/vysehrad-4316.jpg 1200w, https:\/\/loudavymkrokem.cz\/wp-content\/uploads\/2026\/04\/vysehrad-4316-300x200.jpg 300w, https:\/\/loudavymkrokem.cz\/wp-content\/uploads\/2026\/04\/vysehrad-4316-700x467.jpg 700w, https:\/\/loudavymkrokem.cz\/wp-content\/uploads\/2026\/04\/vysehrad-4316-768x512.jpg 768w, https:\/\/loudavymkrokem.cz\/wp-content\/uploads\/2026\/04\/vysehrad-4316-696x464.jpg 696w\" sizes=\"auto, (max-width: 1200px) 100vw, 1200px\"><figcaption class=\"wp-element-caption\">Aussicht vom Vy\u0161ehrad<\/figcaption><\/figure>\n<h3 class=\"wp-block-heading\"><span class=\"ez-toc-section\" id=\"Mit_Kindern_auf_den_Vysehrad_Spielplatz_der_alten_Sagen\"><\/span><span class=\"ez-toc-section\" id=\"Mit_Kindern_auf_den_Vysehrad_Spielplatz_der_alten_Sagen\"><\/span>Mit Kindern auf den Vy\u0161ehrad: Spielplatz der alten Sagen<span class=\"ez-toc-section-end\"><\/span><span class=\"ez-toc-section-end\"><\/span><\/h3>\n<p>Wenn wir mit Jon\u00e1\u0161 in Prag sind, geh\u00f6ren Spielpl\u00e4tze zu unseren festen Stationen zwischen den Sehensw\u00fcrdigkeiten. Den Vy\u0161ehrad-Spielplatz \u201eAus den alten tschechischen Sagen&#8220; findest du im ruhigen Teil des Parks nahe der Rotunde St. Martin. Er ist komplett aus massivem Robinienholz gebaut. Es gibt Holzfiguren von Bivoj mit dem Keiler, verschiedene Kletterger\u00fcste, kleine H\u00e4uschen und Schaukeln \u2013 alles einf\u00fchlsam in die Umgebung unter alten B\u00e4umen eingef\u00fcgt.<\/p>\n<p>Der Spielplatz ist eingez\u00e4unt, was ich als Elternteil mit einem Kleinkind, das am liebsten in alle Richtungen gleichzeitig losrennt, ungemein zu sch\u00e4tzen wei\u00df. Auf dem Boden liegt weicher Sand und Kies, und es gibt gen\u00fcgend B\u00e4nke zum Ausruhen. Der Eintritt ist selbstverst\u00e4ndlich kostenlos.<\/p>\n<figure class=\"wp-block-image size-full\"><img loading=\"lazy\" decoding=\"async\" width=\"1200\" height=\"800\" src=\"https:\/\/loudavymkrokem.cz\/wp-content\/uploads\/2026\/04\/vysehrad-4346.jpg\" alt=\"Spielplatz auf dem Vy\u0161ehrad\" class=\"wp-image-151166\" title=\"\" srcset=\"https:\/\/loudavymkrokem.cz\/wp-content\/uploads\/2026\/04\/vysehrad-4346.jpg 1200w, https:\/\/loudavymkrokem.cz\/wp-content\/uploads\/2026\/04\/vysehrad-4346-300x200.jpg 300w, https:\/\/loudavymkrokem.cz\/wp-content\/uploads\/2026\/04\/vysehrad-4346-700x467.jpg 700w, https:\/\/loudavymkrokem.cz\/wp-content\/uploads\/2026\/04\/vysehrad-4346-768x512.jpg 768w, https:\/\/loudavymkrokem.cz\/wp-content\/uploads\/2026\/04\/vysehrad-4346-696x464.jpg 696w\" sizes=\"auto, (max-width: 1200px) 100vw, 1200px\"><figcaption class=\"wp-element-caption\">Spielplatz auf dem Vy\u0161ehrad<\/figcaption><\/figure>\n<h2 class=\"wp-block-heading\"><span class=\"ez-toc-section\" id=\"Praktische_Infos_fuer_deinen_Besuch\"><\/span><span class=\"ez-toc-section\" id=\"Praktische_Infos_fuer_deinen_Besuch\"><\/span>Praktische Infos f\u00fcr deinen Besuch<span class=\"ez-toc-section-end\"><\/span><span class=\"ez-toc-section-end\"><\/span><\/h2>\n<p>Bevor du dich auf den Weg zum Vy\u0161ehrad machst, habe ich hier die wichtigsten praktischen Informationen zu Anreise, Essen und Eintrittspreisen zusammengestellt.<\/p>\n<p><strong>Anreise und wie du hinkommst:<\/strong> Der einfachste Zugang zum Vy\u0161ehrad ist mit der roten Metrolinie C bis zur Station Vy\u0161ehrad. Von dort sind es etwa 10 Minuten zu Fu\u00df auf absolut ebenem Terrain vorbei am Kongresszentrum bis zum T\u00e1bortor. Diese Route ist ideal f\u00fcr Kinderwagen oder Besucher mit eingeschr\u00e4nkter Mobilit\u00e4t. Eine zweite, etwas romantischere M\u00f6glichkeit ist die Stra\u00dfenbahn (Linien 2, 3, 17, 21) bis zur Haltestelle V\u00fdto\u0148, von wo aus man den H\u00fcgel entlang der Festungsmauern hinaufsteigt. Es geht zwar ordentlich bergauf, aber daf\u00fcr er\u00f6ffnen sich nach und nach tolle Ausblicke auf den Fluss. Eine <strong>30-Minuten-Fahrkarte<\/strong> f\u00fcr den \u00d6PNV kostet <strong>1,20 \u20ac<\/strong>, die Tageskarte etwa <strong>6 \u20ac<\/strong>. Wer von Deutschland aus anreist, erreicht Prag bequem mit dem Zug \u2013 von M\u00fcnchen oder Berlin gibt es Direktverbindungen, und vom Prager Hauptbahnhof sind es mit der Metro C nur drei Stationen zum Vy\u0161ehrad.<\/p>\n<p><strong>Essen und Trinken:<\/strong> Direkt auf dem Vy\u0161ehrad-Gel\u00e4nde gibt es mehrere Caf\u00e9s und Restaurants, in die man einkehren kann. Wir waren neulich auf einen Kuchen und einen Kaffee dort, als unser Sohn 30 Minuten nach dem Fr\u00fchst\u00fcck unbedingt einen Snack brauchte.<\/p>\n<p><strong>Eintrittspreise und \u00d6ffnungszeiten:<\/strong> Wie bereits erw\u00e4hnt, ist das gesamte Au\u00dfengel\u00e4nde \u2013 Parks, Wege, Mauern \u2013 rund um die Uhr ge\u00f6ffnet und kostenlos. Eintritt wird nur f\u00fcr einzelne Geb\u00e4ude erhoben:<\/p>\n<ul class=\"wp-block-list\">\n<li>Basilika St. Peter und Paul: ca. 5 \u20ac (t\u00e4glich, sonntags erst ab 12:00 Uhr)<\/li>\n<li>Kasematten und Gorlice: ca. 5,50 \u20ac (t\u00e4glich 9:30\u201317:00\/18:00 Uhr)<\/li>\n<li>Vy\u0161ehrad-Friedhof: kostenlos (t\u00e4glich ge\u00f6ffnet, schlie\u00dft um 16:00 oder 18:00 Uhr je nach Saison)<\/li>\n<\/ul>\n<figure class=\"wp-block-image size-full\"><img loading=\"lazy\" decoding=\"async\" width=\"1200\" height=\"800\" src=\"https:\/\/loudavymkrokem.cz\/wp-content\/uploads\/2026\/04\/vysehrad-4349.jpg\" alt=\"Caf\u00e9 Bystro auf dem Vy\u0161ehrad\" class=\"wp-image-151169\" title=\"\" srcset=\"https:\/\/loudavymkrokem.cz\/wp-content\/uploads\/2026\/04\/vysehrad-4349.jpg 1200w, https:\/\/loudavymkrokem.cz\/wp-content\/uploads\/2026\/04\/vysehrad-4349-300x200.jpg 300w, https:\/\/loudavymkrokem.cz\/wp-content\/uploads\/2026\/04\/vysehrad-4349-700x467.jpg 700w, https:\/\/loudavymkrokem.cz\/wp-content\/uploads\/2026\/04\/vysehrad-4349-768x512.jpg 768w, https:\/\/loudavymkrokem.cz\/wp-content\/uploads\/2026\/04\/vysehrad-4349-696x464.jpg 696w\" sizes=\"auto, (max-width: 1200px) 100vw, 1200px\"><figcaption class=\"wp-element-caption\">Caf\u00e9 Bystro auf dem Vy\u0161ehrad<\/figcaption><\/figure>\n<h2 class=\"wp-block-heading\"><span class=\"ez-toc-section\" id=\"Weiterlesen\"><\/span><span class=\"ez-toc-section\" id=\"Weiterlesen\"><\/span>Weiterlesen<span class=\"ez-toc-section-end\"><\/span><span class=\"ez-toc-section-end\"><\/span><\/h2>\n<ul class=\"wp-block-list\">\n<li>Stellst du gerade ein Gesamtprogramm zusammen? Dann lies unseren gro\u00dfen Guide <a href=\"https:\/\/loudavymkrokem.cz\/de\/prag-sehenswuerdigkeiten-aktivitaeten\/\">Was man in Prag sehen sollte<\/a> \u2013 dort findest du Dutzende weiterer Tipps abseits der \u00fcblichen Touristenpfade.<\/li>\n<li>Wenn du den ruhigen Vy\u0161ehrad mit seinem ber\u00fchmteren Geschwisterchen vergleichen m\u00f6chtest, schau dir den Artikel \u00fcber die <a href=\"https:\/\/loudavymkrokem.cz\/de\/?p=141643\">Prager Burg<\/a> an.<\/li>\n<li>Reist du mit kleinen Kindern? Dann hilft dir unser Spezial-\u00dcberblick <a href=\"https:\/\/loudavymkrokem.cz\/de\/prag-kleinkinder-tipps-aktivitaeten\/\">Unternehmungen mit Kleinkind in Prag<\/a>, in dem wir unsere Lieblingsspielpl\u00e4tze und baby-freundlichen Caf\u00e9s teilen.<\/li>\n<\/ul>\n<h2 class=\"wp-block-heading\"><span class=\"ez-toc-section\" id=\"Haeufig_gestellte_Fragen\"><\/span><span class=\"ez-toc-section\" id=\"Haeufig_gestellte_Fragen\"><\/span>H\u00e4ufig gestellte Fragen<span class=\"ez-toc-section-end\"><\/span><span class=\"ez-toc-section-end\"><\/span><\/h2>\n<div id=\"rank-math-faq\" class=\"rank-math-block\">\n<div class=\"rank-math-list \">\n<div id=\"faq-question-1777055066991\" class=\"rank-math-list-item\">\n<h3 class=\"rank-math-question \"><span class=\"ez-toc-section\" id=\"Ist_der_Eintritt_zum_Vysehrad_kostenpflichtig\"><\/span><span class=\"ez-toc-section\" id=\"Ist_der_Eintritt_zum_Vysehrad_kostenpflichtig\"><\/span><strong>Ist der Eintritt zum Vy\u0161ehrad kostenpflichtig?<\/strong><span class=\"ez-toc-section-end\"><\/span><span class=\"ez-toc-section-end\"><\/span><\/h3>\n<div class=\"rank-math-answer \">\n<p>Nein, der Zutritt zum gesamten Au\u00dfengel\u00e4nde, zu den Mauern und Parks ist v\u00f6llig kostenlos. Eintritt zahlt man nur, wenn man die Basilika von innen besichtigen, die unterirdischen Kasematten besuchen oder in die Galerie gehen m\u00f6chte.<\/p>\n<\/div>\n<\/div>\n<div id=\"faq-question-1777055079043\" class=\"rank-math-list-item\">\n<h3 class=\"rank-math-question \"><span class=\"ez-toc-section\" id=\"Darf_ich_meinen_Hund_auf_den_Vysehrad_mitnehmen\"><\/span><span class=\"ez-toc-section\" id=\"Darf_ich_meinen_Hund_auf_den_Vysehrad_mitnehmen\"><\/span><strong>Darf ich meinen Hund auf den Vy\u0161ehrad mitnehmen?<\/strong> <span class=\"ez-toc-section-end\"><\/span><span class=\"ez-toc-section-end\"><\/span><\/h3>\n<div class=\"rank-math-answer \">\n<p>Ja, der Vy\u0161ehrad ist bei Hundebesitzern sehr beliebt. Hunde m\u00fcssen im Bereich des Nationalen Kulturdenkmals allerdings an der Leine gef\u00fchrt werden und d\u00fcrfen weder auf den Spielplatz noch auf den Friedhof.<\/p>\n<\/div>\n<\/div>\n<div id=\"faq-question-1777055083751\" class=\"rank-math-list-item\">\n<h3 class=\"rank-math-question \"><span class=\"ez-toc-section\" id=\"Ist_der_Vysehrad_fuer_Kinderwagen_und_Rollstuhlfahrer_geeignet\"><\/span><span class=\"ez-toc-section\" id=\"Ist_der_Vysehrad_fuer_Kinderwagen_und_Rollstuhlfahrer_geeignet\"><\/span><strong>Ist der Vy\u0161ehrad f\u00fcr Kinderwagen und Rollstuhlfahrer geeignet?<\/strong><span class=\"ez-toc-section-end\"><\/span><span class=\"ez-toc-section-end\"><\/span><\/h3>\n<div class=\"rank-math-answer \">\n<p>Auf jeden Fall. Wenn du mit der Metro C zur Station Vy\u0161ehrad f\u00e4hrst, f\u00fchrt der gesamte Weg bis zur Basilika und der Hauptrundgang \u00fcber die Mauern \u00fcber asphaltierte, ebene Wege ohne Treppen. Nur einige Seitengassen haben Kopfsteinpflaster.<\/p>\n<\/div>\n<\/div>\n<div id=\"faq-question-1777055092052\" class=\"rank-math-list-item\">\n<h3 class=\"rank-math-question \"><span class=\"ez-toc-section\" id=\"Wie_lange_dauert_eine_Besichtigung_des_Vysehrad\"><\/span><span class=\"ez-toc-section\" id=\"Wie_lange_dauert_eine_Besichtigung_des_Vysehrad\"><\/span><strong>Wie lange dauert eine Besichtigung des Vy\u0161ehrad?<\/strong><span class=\"ez-toc-section-end\"><\/span><span class=\"ez-toc-section-end\"><\/span><\/h3>\n<div class=\"rank-math-answer \">\n<p>F\u00fcr einen entspannten Spaziergang mit Aussicht von den Mauern und einem Besuch des Friedhofs empfehle ich 2 bis 3 Stunden einzuplanen. Mit Innenbesichtigungen und Mittagessen verbringt man hier leicht einen halben Tag.<\/p>\n<\/div>\n<\/div>\n<div id=\"faq-question-1777055100734\" class=\"rank-math-list-item\">\n<h3 class=\"rank-math-question \"><span class=\"ez-toc-section\" id=\"Wo_kann_man_am_Vysehrad_parken\"><\/span><span class=\"ez-toc-section\" id=\"Wo_kann_man_am_Vysehrad_parken\"><\/span><strong>Wo kann man am Vy\u0161ehrad parken?<\/strong> <span class=\"ez-toc-section-end\"><\/span><span class=\"ez-toc-section-end\"><\/span><\/h3>\n<div class=\"rank-math-answer \">\n<p>Am besten l\u00e4sst man das Auto in den geb\u00fchrenpflichtigen Parkzonen in der N\u00e4he der Metrostation Vy\u0161ehrad oder unten in Podol\u00ed und geht den Rest zu Fu\u00df.<\/p>\n<\/div>\n<\/div>\n<div id=\"faq-question-1777055115685\" class=\"rank-math-list-item\">\n<h3 class=\"rank-math-question \"><span class=\"ez-toc-section\" id=\"Ist_die_Rotunde_St_Martin_regulaer_zugaenglich\"><\/span><span class=\"ez-toc-section\" id=\"Ist_die_Rotunde_St_Martin_regulaer_zugaenglich\"><\/span><strong>Ist die Rotunde St. Martin regul\u00e4r zug\u00e4nglich?<\/strong><span class=\"ez-toc-section-end\"><\/span><span class=\"ez-toc-section-end\"><\/span><\/h3>\n<div class=\"rank-math-answer \">\n<p>Nein, die Rotunde ist aus Sicherheits- und Denkmalschutzgr\u00fcnden die meiste Zeit des Jahres geschlossen \u2013 von au\u00dfen kann man sie nur \u00fcber einen kleinen Zaun hinweg betrachten. Ge\u00f6ffnet wird sie nur ausnahmsweise, etwa w\u00e4hrend der Langen Nacht der Kirchen oder den Tagen des Europ\u00e4ischen Kulturerbes.<\/p>\n<\/div>\n<\/div>\n<\/div>\n<\/div>\n","protected":false},"excerpt":{"rendered":"<p>Der Vy\u0161ehrad in Prag ist einer meiner Lieblingsorte \u2013 ruhig, nie \u00fcberf\u00fcllt und mit den sch\u00f6nsten Ausblicken \u00fcber die Stadt.<\/p>\n","protected":false},"author":3,"featured_media":151159,"comment_status":"open","ping_status":"open","sticky":false,"template":"","format":"standard","meta":{"footnotes":"","rank_math_title":"","rank_math_description":"","rank_math_focus_keyword":"","rank_math_seo_score":""},"categories":[456,451,470],"tags":[],"class_list":{"0":"post-151227","1":"post","2":"type-post","3":"status-publish","4":"format-standard","5":"has-post-thumbnail","7":"category-europa","8":"category-reisen","9":"category-tschechische-republik"},"featured_image_src":"https:\/\/loudavymkrokem.cz\/wp-content\/uploads\/2026\/04\/vysehrad-4316.jpg","author_info":{"display_name":"Lucie Kone\u010dn\u00e1","author_link":"https:\/\/loudavymkrokem.cz\/de\/author\/lucie-konecna\/"},"_links":{"self":[{"href":"https:\/\/loudavymkrokem.cz\/de\/wp-json\/wp\/v2\/posts\/151227","targetHints":{"allow":["GET"]}}],"collection":[{"href":"https:\/\/loudavymkrokem.cz\/de\/wp-json\/wp\/v2\/posts"}],"about":[{"href":"https:\/\/loudavymkrokem.cz\/de\/wp-json\/wp\/v2\/types\/post"}],"author":[{"embeddable":true,"href":"https:\/\/loudavymkrokem.cz\/de\/wp-json\/wp\/v2\/users\/3"}],"replies":[{"embeddable":true,"href":"https:\/\/loudavymkrokem.cz\/de\/wp-json\/wp\/v2\/comments?post=151227"}],"version-history":[{"count":1,"href":"https:\/\/loudavymkrokem.cz\/de\/wp-json\/wp\/v2\/posts\/151227\/revisions"}],"predecessor-version":[{"id":151420,"href":"https:\/\/loudavymkrokem.cz\/de\/wp-json\/wp\/v2\/posts\/151227\/revisions\/151420"}],"wp:featuredmedia":[{"embeddable":true,"href":"https:\/\/loudavymkrokem.cz\/de\/wp-json\/wp\/v2\/media\/151159"}],"wp:attachment":[{"href":"https:\/\/loudavymkrokem.cz\/de\/wp-json\/wp\/v2\/media?parent=151227"}],"wp:term":[{"taxonomy":"category","embeddable":true,"href":"https:\/\/loudavymkrokem.cz\/de\/wp-json\/wp\/v2\/categories?post=151227"},{"taxonomy":"post_tag","embeddable":true,"href":"https:\/\/loudavymkrokem.cz\/de\/wp-json\/wp\/v2\/tags?post=151227"}],"curies":[{"name":"wp","href":"https:\/\/api.w.org\/{rel}","templated":true}]}}