{"id":100543,"date":"2023-01-15T16:41:42","date_gmt":"2023-01-15T15:41:42","guid":{"rendered":"https:\/\/loudavymkrokem.cz\/co-delat-v-dolomitech\/"},"modified":"2026-03-17T16:07:30","modified_gmt":"2026-03-17T15:07:30","slug":"schoenste-orte-dolomiten","status":"publish","type":"post","link":"https:\/\/loudavymkrokem.cz\/de\/schoenste-orte-dolomiten\/","title":{"rendered":"Dolomiten: 15 sch\u00f6nste Orte + kompletter Reisef\u00fchrer (2026)"},"content":{"rendered":"<p>Die Dolomiten halten wir f\u00fcr die sch\u00f6nsten Berge Europas \u2014 und nach mehreren Besuchen sind wir uns dessen immer sicherer. Ihre turmartigen Gipfel aus Dolomitenkalk und die t\u00fcrkisfarbenen Seen haben schon so manchen Reisenden begeistert. Zusammen mit&nbsp;den relativ g\u00fcnstigen Preisen, der hervorragenden italienischen K\u00fcche und der Erreichbarkeit der Berggipfel sind die <strong>Dolomiten ein ideales Reiseziel f\u00fcr Paare, Familien mit&nbsp;Kindern und Senioren<\/strong>. In diesem Reisef\u00fchrer findet ihr die <strong>15 sch\u00f6nsten Orte in den Dolomiten<\/strong>, einen praktischen Reiseplan f\u00fcr 5\u20137 Tage und alles, was ihr vor eurer Reise in die italienischen Alpen wissen m\u00fcsst.<\/p>\n<p>Die Dolomiten sind eines der Gebirgsmassive der italienischen Alpen im n\u00f6rdlichen Teil Italiens. <strong>Von M\u00fcnchen aus sind es etwa 350 km, und am besten erreicht ihr sie mit dem Auto, auch wenn ihr nat\u00fcrlich auch mit dem Zug oder Bus anreisen k\u00f6nnt<\/strong>.<\/p>\n<figure class=\"wp-block-image size-full\"><img decoding=\"async\" src=\"https:\/\/www.loudavymkrokem.cz\/wp-content\/uploads\/2023\/05\/Nejkrasnejsi-mista-Italie-2.jpg\" alt=\"Sch\u00f6nste Orte in den Dolomiten. Die besten Wanderungen in den italienischen Alpen.\" class=\"wp-image-58496\" title=\"\"><\/figure>\n<div id=\"ez-toc-container\" class=\"ez-toc-v2_0_82_2 ez-toc-wrap-left counter-hierarchy ez-toc-counter ez-toc-grey ez-toc-container-direction\">\n<div class=\"ez-toc-title-container\">\n<p class=\"ez-toc-title\" style=\"cursor:inherit\">Artikelinhalt<\/p>\n<span class=\"ez-toc-title-toggle\"><a href=\"#\" class=\"ez-toc-pull-right ez-toc-btn ez-toc-btn-xs ez-toc-btn-default ez-toc-toggle\" aria-label=\"Toggle Table of Content\"><span class=\"ez-toc-js-icon-con\"><span class=\"\"><span class=\"eztoc-hide\" style=\"display:none;\">Toggle<\/span><span class=\"ez-toc-icon-toggle-span\"><svg style=\"fill: #999;color:#999\" xmlns=\"http:\/\/www.w3.org\/2000\/svg\" class=\"list-377408\" width=\"20px\" height=\"20px\" viewBox=\"0 0 24 24\" fill=\"none\"><path d=\"M6 6H4v2h2V6zm14 0H8v2h12V6zM4 11h2v2H4v-2zm16 0H8v2h12v-2zM4 16h2v2H4v-2zm16 0H8v2h12v-2z\" fill=\"currentColor\"><\/path><\/svg><svg style=\"fill: #999;color:#999\" class=\"arrow-unsorted-368013\" xmlns=\"http:\/\/www.w3.org\/2000\/svg\" width=\"10px\" height=\"10px\" viewBox=\"0 0 24 24\" version=\"1.2\" baseProfile=\"tiny\"><path d=\"M18.2 9.3l-6.2-6.3-6.2 6.3c-.2.2-.3.4-.3.7s.1.5.3.7c.2.2.4.3.7.3h11c.3 0 .5-.1.7-.3.2-.2.3-.5.3-.7s-.1-.5-.3-.7zM5.8 14.7l6.2 6.3 6.2-6.3c.2-.2.3-.5.3-.7s-.1-.5-.3-.7c-.2-.2-.4-.3-.7-.3h-11c-.3 0-.5.1-.7.3-.2.2-.3.5-.3.7s.1.5.3.7z\"\/><\/svg><\/span><\/span><\/span><\/a><\/span><\/div>\n<nav><ul class='ez-toc-list ez-toc-list-level-1 ' ><li class='ez-toc-page-1 ez-toc-heading-level-2'><a class=\"ez-toc-link ez-toc-heading-1\" href=\"https:\/\/loudavymkrokem.cz\/de\/schoenste-orte-dolomiten\/#Warum_die_Dolomiten_anders_sind_als_%E2%80%9Egewoehnliche%E2%80%9C_Alpen\" >Warum die Dolomiten anders sind als \u201egew\u00f6hnliche&#8220; Alpen<\/a><\/li><li class='ez-toc-page-1 ez-toc-heading-level-2'><a class=\"ez-toc-link ez-toc-heading-2\" href=\"https:\/\/loudavymkrokem.cz\/de\/schoenste-orte-dolomiten\/#Wann_in_die_Dolomiten_zum_Wandern\" >Wann in die Dolomiten zum Wandern<\/a><ul class='ez-toc-list-level-3' ><li class='ez-toc-heading-level-3'><a class=\"ez-toc-link ez-toc-heading-3\" href=\"https:\/\/loudavymkrokem.cz\/de\/schoenste-orte-dolomiten\/#Sommer_in_den_Dolomiten\" >Sommer in den Dolomiten<\/a><\/li><li class='ez-toc-page-1 ez-toc-heading-level-3'><a class=\"ez-toc-link ez-toc-heading-4\" href=\"https:\/\/loudavymkrokem.cz\/de\/schoenste-orte-dolomiten\/#Herbst_in_den_italienischen_Alpen\" >Herbst in den italienischen Alpen<\/a><\/li><\/ul><\/li><li class='ez-toc-page-1 ez-toc-heading-level-2'><a class=\"ez-toc-link ez-toc-heading-5\" href=\"https:\/\/loudavymkrokem.cz\/de\/schoenste-orte-dolomiten\/#Dolomiten_mit_Kindern_und_Hund\" >Dolomiten mit Kindern und Hund<\/a><\/li><li class='ez-toc-page-1 ez-toc-heading-level-2'><a class=\"ez-toc-link ez-toc-heading-6\" href=\"https:\/\/loudavymkrokem.cz\/de\/schoenste-orte-dolomiten\/#Wo_uebernachten_in_den_Dolomiten\" >Wo \u00fcbernachten in&nbsp;den Dolomiten?<\/a><ul class='ez-toc-list-level-3' ><li class='ez-toc-heading-level-3'><a class=\"ez-toc-link ez-toc-heading-7\" href=\"https:\/\/loudavymkrokem.cz\/de\/schoenste-orte-dolomiten\/#Cortina_dAmpezzo\" >Cortina d&#8217;Ampezzo<\/a><\/li><li class='ez-toc-page-1 ez-toc-heading-level-3'><a class=\"ez-toc-link ez-toc-heading-8\" href=\"https:\/\/loudavymkrokem.cz\/de\/schoenste-orte-dolomiten\/#Ortisei\" >Ortisei<\/a><\/li><\/ul><\/li><li class='ez-toc-page-1 ez-toc-heading-level-2'><a class=\"ez-toc-link ez-toc-heading-9\" href=\"https:\/\/loudavymkrokem.cz\/de\/schoenste-orte-dolomiten\/#15_schoenste_Orte_in_den_Dolomiten\" >15 sch\u00f6nste Orte in den Dolomiten<\/a><ul class='ez-toc-list-level-3' ><li class='ez-toc-heading-level-3'><a class=\"ez-toc-link ez-toc-heading-10\" href=\"https:\/\/loudavymkrokem.cz\/de\/schoenste-orte-dolomiten\/#1_Wanderung_um_Tre_Cime_di_Lavaredo\" >1. Wanderung um Tre Cime di Lavaredo<\/a><\/li><li class='ez-toc-page-1 ez-toc-heading-level-3'><a class=\"ez-toc-link ez-toc-heading-11\" href=\"https:\/\/loudavymkrokem.cz\/de\/schoenste-orte-dolomiten\/#2_Cadini_di_Misurina_%E2%80%94_verborgenes_Juwel_nahe_Tre_Cime\" >2. Cadini di Misurina \u2014 verborgenes Juwel nahe Tre Cime<\/a><\/li><li class='ez-toc-page-1 ez-toc-heading-level-3'><a class=\"ez-toc-link ez-toc-heading-12\" href=\"https:\/\/loudavymkrokem.cz\/de\/schoenste-orte-dolomiten\/#3_Wanderung_zum_Lago_di_Sorapis\" >3. Wanderung zum Lago di Sorapis<\/a><\/li><li class='ez-toc-page-1 ez-toc-heading-level-3'><a class=\"ez-toc-link ez-toc-heading-13\" href=\"https:\/\/loudavymkrokem.cz\/de\/schoenste-orte-dolomiten\/#4_Wanderung_zum_Lago_Federa\" >4. Wanderung zum Lago Federa<\/a><\/li><li class='ez-toc-page-1 ez-toc-heading-level-3'><a class=\"ez-toc-link ez-toc-heading-14\" href=\"https:\/\/loudavymkrokem.cz\/de\/schoenste-orte-dolomiten\/#5_Passo_Giau\" >5. Passo Giau<\/a><\/li><li class='ez-toc-page-1 ez-toc-heading-level-3'><a class=\"ez-toc-link ez-toc-heading-15\" href=\"https:\/\/loudavymkrokem.cz\/de\/schoenste-orte-dolomiten\/#6_Passo_Sella_%E2%80%94_Pass_mit_Blick_auf_den_Sassolungo\" >6. Passo Sella \u2014 Pass mit Blick auf den Sassolungo<\/a><\/li><li class='ez-toc-page-1 ez-toc-heading-level-3'><a class=\"ez-toc-link ez-toc-heading-16\" href=\"https:\/\/loudavymkrokem.cz\/de\/schoenste-orte-dolomiten\/#7_Wanderung_zu_Cinque_Torri\" >7. Wanderung zu Cinque Torri<\/a><\/li><li class='ez-toc-page-1 ez-toc-heading-level-3'><a class=\"ez-toc-link ez-toc-heading-17\" href=\"https:\/\/loudavymkrokem.cz\/de\/schoenste-orte-dolomiten\/#8_Schoenster_See_Italiens_Lago_di_Braies\" >8. Sch\u00f6nster See Italiens: Lago di Braies<\/a><\/li><li class='ez-toc-page-1 ez-toc-heading-level-3'><a class=\"ez-toc-link ez-toc-heading-18\" href=\"https:\/\/loudavymkrokem.cz\/de\/schoenste-orte-dolomiten\/#9_Lago_di_Carezza_Karersee_%E2%80%94_Smaragdsee_unter_dem_Latemar\" >9. Lago di Carezza (Karersee) \u2014 Smaragdsee unter dem Latemar<\/a><\/li><li class='ez-toc-page-1 ez-toc-heading-level-3'><a class=\"ez-toc-link ez-toc-heading-19\" href=\"https:\/\/loudavymkrokem.cz\/de\/schoenste-orte-dolomiten\/#10_Spaziergang_zum_Lago_Limides\" >10. Spaziergang zum Lago Limides<\/a><\/li><li class='ez-toc-page-1 ez-toc-heading-level-3'><a class=\"ez-toc-link ez-toc-heading-20\" href=\"https:\/\/loudavymkrokem.cz\/de\/schoenste-orte-dolomiten\/#11_Mit_der_Seilbahn_auf_den_Lagazuoi\" >11. Mit der Seilbahn auf den Lagazuoi<\/a><\/li><li class='ez-toc-page-1 ez-toc-heading-level-3'><a class=\"ez-toc-link ez-toc-heading-21\" href=\"https:\/\/loudavymkrokem.cz\/de\/schoenste-orte-dolomiten\/#12_Schoenste_Alm_Suedtirols_Seiser_Alm_Alpe_di_Siusi\" >12. Sch\u00f6nste Alm S\u00fcdtirols: Seiser Alm (Alpe di Siusi)<\/a><\/li><li class='ez-toc-page-1 ez-toc-heading-level-3'><a class=\"ez-toc-link ez-toc-heading-22\" href=\"https:\/\/loudavymkrokem.cz\/de\/schoenste-orte-dolomiten\/#13_Atemberaubende_Aussichten_auf_der_Seceda\" >13. Atemberaubende Aussichten auf der Seceda<\/a><\/li><li class='ez-toc-page-1 ez-toc-heading-level-3'><a class=\"ez-toc-link ez-toc-heading-23\" href=\"https:\/\/loudavymkrokem.cz\/de\/schoenste-orte-dolomiten\/#14_Val_di_Funes_Villnoess_%E2%80%94_meistfotografiertes_Tal_der_Dolomiten\" >14. Val di Funes (Villn\u00f6\u00df) \u2014 meistfotografiertes Tal der Dolomiten<\/a><\/li><li class='ez-toc-page-1 ez-toc-heading-level-3'><a class=\"ez-toc-link ez-toc-heading-24\" href=\"https:\/\/loudavymkrokem.cz\/de\/schoenste-orte-dolomiten\/#15_Cortina_dAmpezzo_%E2%80%94_Koenigin_der_Dolomiten\" >15. Cortina d&#8217;Ampezzo \u2014 K\u00f6nigin der Dolomiten<\/a><\/li><\/ul><\/li><li class='ez-toc-page-1 ez-toc-heading-level-2'><a class=\"ez-toc-link ez-toc-heading-25\" href=\"https:\/\/loudavymkrokem.cz\/de\/schoenste-orte-dolomiten\/#Wann_und_wo_goldene_Laerchen_in_den_Dolomiten\" >Wann und wo goldene L\u00e4rchen in den Dolomiten?<\/a><\/li><li class='ez-toc-page-1 ez-toc-heading-level-2'><a class=\"ez-toc-link ez-toc-heading-26\" href=\"https:\/\/loudavymkrokem.cz\/de\/schoenste-orte-dolomiten\/#Dolomiten_planen_Reiseplan_fuer_5%E2%80%937_Tage\" >Dolomiten planen: Reiseplan f\u00fcr 5\u20137 Tage<\/a><\/li><li class='ez-toc-page-1 ez-toc-heading-level-2'><a class=\"ez-toc-link ez-toc-heading-27\" href=\"https:\/\/loudavymkrokem.cz\/de\/schoenste-orte-dolomiten\/#Anreise_in_die_Dolomiten_mit_dem_Auto_was_ihr_wissen_muesst\" >Anreise in die Dolomiten mit dem Auto: was ihr wissen m\u00fcsst<\/a><\/li><li class='ez-toc-page-1 ez-toc-heading-level-2'><a class=\"ez-toc-link ez-toc-heading-28\" href=\"https:\/\/loudavymkrokem.cz\/de\/schoenste-orte-dolomiten\/#Haeufige_Fragen_zu_den_Dolomiten\" >H\u00e4ufige Fragen zu den Dolomiten<\/a><\/li><li class='ez-toc-page-1 ez-toc-heading-level-2'><a class=\"ez-toc-link ez-toc-heading-29\" href=\"https:\/\/loudavymkrokem.cz\/de\/schoenste-orte-dolomiten\/#Was_tun_in_den_Dolomiten_mit_Kindern\" >Was tun in den Dolomiten mit Kindern?<\/a><\/li><\/ul><\/nav><\/div>\n<h2 class=\"wp-block-heading\"><span class=\"ez-toc-section\" id=\"Warum_die_Dolomiten_anders_sind_als_%E2%80%9Egewoehnliche%E2%80%9C_Alpen\"><\/span><span class=\"ez-toc-section\" id=\"Warum_die_Dolomiten_anders_sind_als_gewoehnliche_Alpen\"><\/span><span class=\"ez-toc-section\" id=\"proc-jsou-dolomity-jine\" ez-toc-data-id=\"#proc-jsou-dolomity-jine\"><\/span>Warum die Dolomiten anders sind als \u201egew\u00f6hnliche&#8220; Alpen<span class=\"ez-toc-section-end\"><\/span><span class=\"ez-toc-section-end\"><\/span><\/h2>\n<p>Die Dolomiten sind nicht einfach nur ein weiteres Alpengebirge. Es sind vertikale Felst\u00fcrme aus Dolomitenkalk, die bei Sonnenauf- und -untergang rosa und orange leuchten \u2014 man nennt es <em>Enrosadira<\/em> und es ist einer der Gr\u00fcnde, warum die UNESCO die Dolomiten 2009 zum Weltkulturerbe erkl\u00e4rt hat.<\/p>\n<p>Im Gegensatz zu den Schweizer oder \u00d6sterreichischen Alpen findet ihr hier dramatische Kontraste: Schroffe Felsw\u00e4nde ragen direkt aus gr\u00fcnen Wiesen empor, t\u00fcrkisfarbene Seen liegen in von vertikalen Klippen umgebenen Korridoren, und statt Gletschert\u00e4lern gibt es hier enge P\u00e4sse mit Aussichten in alle Richtungen. Die italienischen Dolomiten erstrecken sich an der Grenze zweier Regionen \u2014 Trentino-S\u00fcdtirol und Venetien. Hier wird Italienisch und Deutsch gesprochen, das Essen kombiniert alpine K\u00fcche mit italienischer, und die Atmosph\u00e4re ist v\u00f6llig anders als irgendwo sonst in den Alpen.<\/p>\n<h2 class=\"wp-block-heading\"><span class=\"ez-toc-section\" id=\"Wann_in_die_Dolomiten_zum_Wandern\"><\/span><span class=\"ez-toc-section\" id=\"Wann_in_die_Dolomiten_zum_Wandern\"><\/span><span class=\"ez-toc-section\" id=\"kdy-vyrazit-do-dolomitu\" ez-toc-data-id=\"#kdy-vyrazit-do-dolomitu\"><\/span>Wann in die Dolomiten zum Wandern<span class=\"ez-toc-section-end\"><\/span><span class=\"ez-toc-section-end\"><\/span><\/h2>\n<p>Die Hauptsaison ist von Juli bis Ende September, wenn in&nbsp;den Dolomiten das beste Wetter herrscht und die Tage lang und ideal zum Erkunden der Berge sind. Im Sommer m\u00fcsst ihr damit rechnen, dass die italienischen Alpen voller Touristen sind und Unterk\u00fcnfte inklusive Campingpl\u00e4tze im Voraus gebucht werden m\u00fcssen, besonders wenn ihr mit einem Wohnmobil reist.<\/p>\n<p><strong>Mai und Juni<\/strong> sind eine interessante Alternative \u2014 die Wiesen bl\u00fchen in unglaublichen Farben, es gibt nur einen Bruchteil der Touristen und die \u00dcbernachtungspreise sind deutlich niedriger. Rechnet aber damit, dass auf h\u00f6heren Wegen (\u00fcber 2.500 m) noch Schnee liegen kann und einige Bergh\u00fctten erst Mitte Juni \u00f6ffnen. Die Tagestemperaturen liegen bei etwa 15\u201320 \u00b0C in den T\u00e4lern, in den Bergen deutlich weniger.<\/p>\n<h3 class=\"wp-block-heading\"><span class=\"ez-toc-section\" id=\"Sommer_in_den_Dolomiten\"><\/span><span class=\"ez-toc-section\" id=\"Sommer_in_den_Dolomiten\"><\/span>Sommer in den Dolomiten<span class=\"ez-toc-section-end\"><\/span><span class=\"ez-toc-section-end\"><\/span><\/h3>\n<p>Juli und August sind auch ideal zum Zelten. Wenn ihr im September oder Oktober campen wollt, r\u00fcstet euch mit einem ausreichend warmen Schlafsack aus und packt idealerweise eine zus\u00e4tzliche Decke ein. Als wir Anfang September gecampt haben, fielen die Nachttemperaturen auf bis zu minus vier Grad, und mit unseren Sommerschlafs\u00e4cken war das alles andere als ideal. Im Sommer liegen die Temperaturen in den T\u00e4lern bei 25\u201330 \u00b0C, in den Bergen aber auch tags\u00fcber nur bei 10\u201315 \u00b0C.<\/p>\n<h3 class=\"wp-block-heading\"><span class=\"ez-toc-section\" id=\"Herbst_in_den_italienischen_Alpen\"><\/span><span class=\"ez-toc-section\" id=\"Herbst_in_den_italienischen_Alpen\"><\/span>Herbst in den italienischen Alpen<span class=\"ez-toc-section-end\"><\/span><span class=\"ez-toc-section-end\"><\/span><\/h3>\n<p><strong>September in den Dolomiten ist wundersch\u00f6n \u2014 ihr trefft hier deutlich weniger Touristen, die meisten H\u00fctten und Restaurants sind noch ge\u00f6ffnet und die Preise sind an manchen Orten bereits g\u00fcnstiger.<\/strong> Wir m\u00f6chten allerdings n\u00e4chstes Jahr noch sp\u00e4ter fahren, n\u00e4mlich im Oktober, weil sich dann die L\u00e4rchen golden f\u00e4rben. Der Oktober hat aber auch seine T\u00fccken: Ihr k\u00f6nnt nicht damit rechnen, in allen Bergh\u00fctten zu Mittag zu essen oder einen Espresso zu bekommen. Einige Campingpl\u00e4tze sind im Oktober ebenfalls geschlossen, und die Sonne geht fr\u00fch unter, besonders in den Dolomiten, wo sie hinter den Bergen verschwindet.<\/p>\n<figure class=\"wp-block-image size-large is-resized\"><img decoding=\"async\" src=\"https:\/\/www.loudavymkrokem.cz\/wp-content\/uploads\/2023\/05\/dolomity-italske-alpy-2048x1365.jpg\" alt=\"Italienische Dolomiten, S\u00fcdtirol, Lago di Braies.\" class=\"wp-image-58483\" style=\"width:1024px;height:683px\" title=\"\"><figcaption class=\"wp-element-caption\">Lago di Braies \u2013 Italienische Dolomiten<\/figcaption><\/figure>\n<h2 class=\"wp-block-heading\"><span class=\"ez-toc-section\" id=\"Dolomiten_mit_Kindern_und_Hund\"><\/span><span class=\"ez-toc-section\" id=\"Dolomiten_mit_Kindern_und_Hund\"><\/span><span class=\"ez-toc-section\" id=\"dolomity-s-detmi-a-se-psem\" ez-toc-data-id=\"#dolomity-s-detmi-a-se-psem\"><\/span>Dolomiten mit Kindern und Hund<span class=\"ez-toc-section-end\"><\/span><span class=\"ez-toc-section-end\"><\/span><\/h2>\n<p><strong>Die Dolomiten sind ideal f\u00fcr Familien mit&nbsp;Kindern.<\/strong> Auf viele Gipfel kann man mit der Seilbahn fahren und einfache Spazierg\u00e4nge mit&nbsp;minimalem H\u00f6henunterschied unternehmen. Seiser Alm, Lago di Braies und die Umgebung von Cortina sind wie geschaffen f\u00fcr Familien \u2014 Seilbahnen bringen euch nach oben, unten gibt es ebene Spazierg\u00e4nge mit Aussicht und Bergh\u00fctten servieren Essen, sodass ihr keinen schweren Rucksack tragen m\u00fcsst. Fahrt zum Zelten und schenkt euren Kindern ein Erlebnis f\u00fcrs Leben.&nbsp;Wir empfehlen aber eher die Umgebung von Ortisei, von wo aus ihr zur Seiser Alm und Seceda aufbrechen k\u00f6nnt.<\/p>\n<p>Auf alle Wanderungen, die wir gemacht haben, k\u00f6nnt ihr auch euren Hund mitnehmen. Hunde waren auch auf allen Seilbahnen erlaubt, sodass unser K\u00e1ja \u00fcberall dabei war \u2014 bis auf den <a href=\"https:\/\/www.google.com\/maps\/place\/Lake+Sorapis\/@46.5205549,12.2223001,18z\/data=!3m1!4b1!4m5!3m4!1s0x4779cb283c54b5a5:0xfe6920bbfd34b63c!8m2!3d46.5205589!4d12.2235133\" target=\"_blank\" rel=\"noreferrer noopener nofollow\">Lago di Sorapis<\/a>, wohin wir ihn nicht mitgenommen haben, weil er etwas tollpatschig ist und es keine ideale Tour f\u00fcr kleinere Hunde ist.<\/p>\n<h2 class=\"wp-block-heading\"><span class=\"ez-toc-section\" id=\"Wo_uebernachten_in_den_Dolomiten\"><\/span><span class=\"ez-toc-section\" id=\"Wo_uebernachten_in_den_Dolomiten\"><\/span><span class=\"ez-toc-section\" id=\"kde-se-ubytovat-v-dolomitech\" ez-toc-data-id=\"#kde-se-ubytovat-v-dolomitech\"><\/span>Wo \u00fcbernachten in&nbsp;den Dolomiten?<span class=\"ez-toc-section-end\"><\/span><span class=\"ez-toc-section-end\"><\/span><\/h2>\n<p>Wenn ihr die Orte besuchen m\u00f6chtet, die wir euch empfehlen, ist es am besten, in&nbsp;Cortina d&#8217;Ampezzo zu starten, wo ihr 4\u20135 Tage verbringt, und dann f\u00fcr 2\u20133 Tage nach Ortisei umzuziehen. Als dritte Basis empfehlen wir <strong>Val Pusteria<\/strong> (Pustertal) \u2014 es ist der ideale Ausgangspunkt f\u00fcr Lago di Braies und Tre Cime, und die Unterk\u00fcnfte sind hier oft g\u00fcnstiger als in Cortina.<\/p>\n<p><strong>Budget:<\/strong> In der Hauptsaison rechnet mit 80\u2013150 \u20ac pro Nacht f\u00fcr ein Doppelzimmer (Mittelklasse). Luxushotels in Cortina kosten 200\u2013400 \u20ac+, Campingpl\u00e4tze hingegen 25\u201345 \u20ac pro Nacht. Au\u00dferhalb der Saison (Juni, Oktober) sind die Preise 20\u201340 % g\u00fcnstiger.<\/p>\n<h3 class=\"wp-block-heading\"><span class=\"ez-toc-section\" id=\"Cortina_dAmpezzo\"><\/span><span class=\"ez-toc-section\" id=\"Cortina_dAmpezzo\"><\/span>Cortina d&#8217;Ampezzo<span class=\"ez-toc-section-end\"><\/span><span class=\"ez-toc-section-end\"><\/span><\/h3>\n<p><strong>Cortina d&#8217;Ampezzo ist ein ber\u00fchmtes Skigebiet in&nbsp;den italienischen Alpen, das atemberaubende Ausblicke auf die umliegenden Berge bietet.<\/strong> Es ist auch ein hervorragender Ausgangspunkt zum Dolomiten wandern. Von Cortina aus ist es nicht weit zum beliebten Tre Cime di Lavaredo, ihr k\u00f6nnt von hier auch die gro\u00dfartige Wanderung zum t\u00fcrkisblauen Lago di Sorapis oder zum Lago Federa unternehmen. Von Cortina ist es nicht weit zu den meisten unserer beliebten Wanderungen, wie beispielsweise auch <strong>Cinque Torri<\/strong> am Passo Giau.<\/p>\n<p class=\"has-pale-cyan-blue-background-color has-background\"><strong>Unsere Unterkunftstipps in Cortina:<\/strong><\/p>\n<ul class=\"wp-block-list\">\n<li>Wenn ihr eine preiswertere hundefreundliche Unterkunft sucht, hat uns das <strong><a href=\"https:\/\/loudavymkrokem.cz\/doporucujeme\/bb-hotel-passo-tre-croci-cortina\/\" target=\"_blank\" rel=\"noreferrer noopener sponsored\">B&amp;B Hotel Passo Tre Croci Cortina<\/a><\/strong> sehr gefallen \u2014 hervorragendes Fr\u00fchst\u00fcck, direkt am Startpunkt der Wanderung zum Lago di Sorapis, und der Hund war nur gegen eine kleine Geb\u00fchr dabei.<\/li>\n<li>Eines der bestbewerteten Apartments ist das <strong><a class=\"thirstylink\" rel=\"nofollow\" target=\"_blank\" title=\"Dolomiti Sweet Lodge\" href=\"https:\/\/loudavymkrokem.cz\/doporucujeme\/dolomiti-sweet-lodge\/\" data-shortcode=\"true\">Dolomiti Sweet Lodge<\/a><\/strong>, und erw\u00e4hnenswert ist auch das <strong><a class=\"thirstylink\" rel=\"nofollow\" target=\"_blank\" title=\"Hotel Villa Gaia\" href=\"https:\/\/loudavymkrokem.cz\/doporucujeme\/hotel-villa-gaia\/\" data-shortcode=\"true\">Hotel Villa Gaia<\/a><\/strong>.<\/li>\n<li>Wer eine luxuri\u00f6sere romantische Unterkunft sucht, sollte das <strong><a class=\"thirstylink\" rel=\"nofollow\" target=\"_blank\" title=\"Hotel de LEN\" href=\"https:\/\/loudavymkrokem.cz\/doporucujeme\/hotel-de-len\/\" data-shortcode=\"true\">HOTEL de LEN<\/a><\/strong> nicht verpassen.<\/li>\n<\/ul>\n<div data-gyg-href=\"https:\/\/widget.getyourguide.com\/default\/activities.frame\" data-gyg-locale-code=\"de-DE\" data-gyg-widget=\"activities\" data-gyg-number-of-items=\"3\" data-gyg-partner-id=\"MKZ64IS\" data-gyg-q=\"Cortina d'Ampezzo\"><span>Powered by <a target=\"_blank\" rel=\"sponsored noopener\" href=\"https:\/\/www.getyourguide.com\/cortina-d-ampezzo-l2208\/\">GetYourGuide<\/a><\/span><\/div>\n<h3 class=\"wp-block-heading\"><span class=\"ez-toc-section\" id=\"Ortisei\"><\/span><span class=\"ez-toc-section\" id=\"Ortisei\"><\/span>Ortisei<span class=\"ez-toc-section-end\"><\/span><span class=\"ez-toc-section-end\"><\/span><\/h3>\n<p>Wenn ihr mit Kindern in die Dolomiten fahrt oder keine erfahrenen Bergsteiger seid, findet ihr deutlich bequemere Spazierg\u00e4nge in der N\u00e4he von <strong>Ortisei<\/strong>, von wo aus es nicht weit zur ber\u00fchmten Seceda oder Seiser Alm ist.<\/p>\n<p class=\"has-pale-cyan-blue-background-color has-background\"><strong>Unsere Unterkunftstipps in Ortisei:<\/strong><\/p>\n<ul class=\"wp-block-list\">\n<li>In Ortisei k\u00f6nnt ihr im <strong><a href=\"https:\/\/loudavymkrokem.cz\/doporucujeme\/bb-villa-angelino\/\" target=\"_blank\" rel=\"noreferrer noopener sponsored\">B&amp;B Villa Angelino<\/a><\/strong> \u00fcbernachten,<\/li>\n<li>oder in den stilvollen Apartments <strong><a class=\"thirstylink\" rel=\"nofollow\" target=\"_blank\" title=\"Apt Lara Siela\" href=\"https:\/\/loudavymkrokem.cz\/doporucujeme\/apt-lara-siela\/\" data-shortcode=\"true\">Apt Lara Siela<\/a><\/strong>,<\/li>\n<li>das beste Preis-Leistungs-Verh\u00e4ltnis bietet wohl das <strong><a class=\"thirstylink\" rel=\"nofollow\" target=\"_blank\" title=\"Hotel Scherlin\" href=\"https:\/\/loudavymkrokem.cz\/doporucujeme\/hotel-scherlin\/\" data-shortcode=\"true\">Hotel Scherlin<\/a><\/strong>, wo Fr\u00fchst\u00fcck und Abendessen im Preis inbegriffen sind.<\/li>\n<\/ul>\n<div class=\"lk-stays-module\">\n<style>\n\/* \u2500\u2500\u2500 RESET PRO GUTENBERG \u2500\u2500\u2500 *\/\n.lk-stays-module * { box-sizing: border-box; margin: 0; padding: 0; }<\/p>\n<p>\/* \u2500\u2500\u2500 WRAPPER \u2500\u2500\u2500 *\/\n.lk-stays-module {\n  font-family: 'DM Sans', Georgia, sans-serif;\n  max-width: 100%;\n  margin: 2.5rem auto;\n  background: linear-gradient(135deg, #fdfaf5 0%, #fcf8f0 100%);\n  border: 1px solid #e8dfd4;\n  border-radius: 16px;\n  overflow: hidden;\n  box-shadow: 0 16px 48px rgba(195, 159, 118, 0.25), 0 4px 12px rgba(0,0,0,0.08);\n}<\/p>\n<p>\/* \u2500\u2500\u2500 HEADER \u2500\u2500\u2500 *\/\n.lk-stays-header {\n  position: relative;\n  padding: 24px 36px 24px;\n  background: linear-gradient(135deg, #c39f76 0%, #d4b188 60%, #c39f76 100%);\n  border-bottom: 1px solid rgba(255,255,255,.15);\n  display: flex;\n  align-items: center;\n  gap: 18px;\n}\n.lk-stays-header::before {\n  content: '';\n  position: absolute;\n  inset: 0;\n  background: url(\"data:image\/svg+xml,%3Csvg width='60' height='60' viewBox='0 0 60 60' xmlns='http:\/\/www.w3.org\/2000\/svg'%3E%3Cg fill='none' fill-rule='evenodd'%3E%3Cg fill='%23ffffff' fill-opacity='0.05'%3E%3Cpath d='M36 34v-4h-2v4h-4v2h4v4h2v-4h4v-2h-4zm0-30V0h-2v4h-4v2h4v4h2V6h4V4h-4zM6 34v-4H4v4H0v2h4v4h2v-4h4v-2H6zM6 4V0H4v4H0v2h4v4h2V6h4V4H6z'\/%3E%3C\/g%3E%3C\/g%3E%3C\/svg%3E\") repeat;\n  pointer-events: none;\n}\n.lk-stays-icon {\n  flex-shrink: 0;\n  width: 68px;\n  height: 68px;\n  border-radius: 14px;\n  background: linear-gradient(135deg, #fff 0%, #f9f6f0 100%);\n  display: flex;\n  align-items: center;\n  justify-content: center;\n  font-size: 26px;\n  box-shadow: 0 4px 12px rgba(0,0,0,0.15);\n}\n.lk-stays-eyebrow {\n  font-size: 10px;\n  font-weight: 500;\n  letter-spacing: 2.5px;\n  text-transform: uppercase;\n  color: rgba(255,255,255,.85);\n  margin: 0 0 5px 0;\n}\n.lk-stays-title {\n  font-family: 'Playfair Display', Georgia, serif;\n  font-size: 24px;\n  font-weight: 700;\n  color: #fff;\n  line-height: 1.2;\n  text-shadow: 0 1px 2px rgba(0,0,0,0.1);\n  margin: 0;\n}\n.lk-stays-subtitle {\n  font-size: 13px;\n  color: rgba(255,255,255,.75);\n  margin: 4px 0 0 0;\n  font-weight: 300;\n}<\/p>\n<p>\/* \u2500\u2500\u2500 CARDS GRID \u2500\u2500\u2500 *\/\n.lk-stays-grid {\n  display: grid;\n  grid-template-columns: 1fr 1fr;\n  gap: 1px;\n  background: rgba(195, 159, 118, 0.12);\n}<\/p>\n<p>\/* \u2500\u2500\u2500 SINGLE CARD \u2500\u2500\u2500 *\/\n.lk-stay-card {\n  background: #ffffff;\n  padding: 26px;\n  display: flex;\n  flex-direction: column;\n  gap: 11px;\n  transition: all 0.3s ease;\n  text-decoration: none;\n  color: inherit;\n  position: relative;\n}\n.lk-stay-card:hover {\n  background: #fffbf5;\n  transform: translateY(-2px);\n  box-shadow: 0 8px 24px rgba(195, 159, 118, 0.18);\n  z-index: 1;\n}\n.lk-stay-card.featured {\n  background: linear-gradient(135deg, #fffdf9 0%, #fff9f0 100%);\n  box-shadow: 0 4px 16px rgba(195, 159, 118, 0.15), inset 0 1px 0 rgba(195, 159, 118, 0.1);\n}\n.lk-stay-card.featured:hover {\n  background: linear-gradient(135deg, #fffbf5 0%, #fff8ed 100%);\n  box-shadow: 0 8px 24px rgba(195, 159, 118, 0.25), inset 0 1px 0 rgba(195, 159, 118, 0.15);\n}<\/p>\n<p>.lk-stay-badge {\n  display: inline-flex;\n  align-items: center;\n  gap: 5px;\n  font-size: 10px;\n  font-weight: 500;\n  letter-spacing: 1.5px;\n  text-transform: uppercase;\n  padding: 5px 11px;\n  border-radius: 20px;\n  width: fit-content;\n}\n.badge-top     { background: linear-gradient(135deg, #c39f76 0%, #d4b188 100%); color: #fff; border: 1px solid #c39f76; font-weight: 600; box-shadow: 0 2px 8px rgba(195,159,118,0.3); }\n.badge-luxury  { background: rgba(195,159,118,.12); color: #c39f76; border: 1px solid rgba(195,159,118,.25); }\n.badge-boutique{ background: rgba(54,133,252,.08); color: #3685fc; border: 1px solid rgba(54,133,252,.2); }\n.badge-nature  { background: rgba(130,190,100,.1); color: #6b9c4a; border: 1px solid rgba(130,190,100,.2); }\n.badge-remote  { background: rgba(195,159,118,.12); color: #a67e50; border: 1px solid rgba(195,159,118,.25); }<\/p>\n<p>.lk-stay-name {\n  font-family: 'Playfair Display', Georgia, serif;\n  font-size: 18px;\n  font-weight: 700;\n  color: #111827;\n  line-height: 1.3;\n}\n.lk-stay-desc {\n  font-size: 13.5px;\n  color: #525252;\n  line-height: 1.65;\n  font-weight: 300;\n  flex: 1;\n}<\/p>\n<p>.lk-stay-meta {\n  display: flex;\n  align-items: center;\n  gap: 12px;\n  flex-wrap: wrap;\n  margin-top: 4px;\n}\n.lk-stay-price {\n  font-size: 13px;\n  color: #6b7280;\n}\n.lk-stay-price strong {\n  color: #c39f76;\n  font-weight: 500;\n}\n.lk-stay-stars {\n  color: #c39f76;\n  font-size: 11px;\n  letter-spacing: 1px;\n}<\/p>\n<p>\/* \u2500\u2500\u2500 CTA BUTTON \u2500\u2500\u2500 *\/\n.lk-stay-cta {\n  display: inline-flex;\n  align-items: center;\n  justify-content: center;\n  gap: 7px;\n  margin-top: 8px;\n  padding: 11px 20px;\n  border-radius: 8px;\n  background: linear-gradient(135deg, #3685fc 0%, #2a6fd9 100%);\n  color: #fff;\n  font-size: 13px;\n  font-weight: 500;\n  text-decoration: none;\n  letter-spacing: .3px;\n  transition: all .2s ease;\n  cursor: pointer;\n  border: none;\n  text-align: center;\n  box-shadow: 0 4px 12px rgba(54, 133, 252, 0.25);\n}\n.lk-stay-cta:hover {\n  background: linear-gradient(135deg, #2a6fd9 0%, #1e5bc4 100%);\n  transform: translateY(-1px);\n  box-shadow: 0 6px 16px rgba(54, 133, 252, 0.35);\n}\n.lk-stay-cta svg { flex-shrink: 0; }<\/p>\n<p>\/* \u2500\u2500\u2500 FOOTER \u2500\u2500\u2500 *\/\n.lk-stays-footer {\n  padding: 18px 36px;\n  background: linear-gradient(to bottom, #fdfaf5 0%, #f9f4ed 100%);\n  border-top: 1px solid rgba(195, 159, 118, 0.15);\n  display: flex;\n  align-items: center;\n  justify-content: space-between;\n  flex-wrap: wrap;\n  gap: 12px;\n}\n.lk-stays-footer-note {\n  font-size: 11.5px;\n  color: #6b7280;\n  font-weight: 300;\n  line-height: 1.5;\n}\n.lk-stays-footer-note a {\n  color: #c39f76;\n  text-decoration: none;\n  font-weight: 400;\n}\n.lk-stays-footer-note a:hover {\n  text-decoration: underline;\n}\n.lk-stays-all-btn {\n  display: inline-flex;\n  align-items: center;\n  gap: 6px;\n  font-size: 12.5px;\n  font-weight: 500;\n  color: #c39f76;\n  text-decoration: none;\n  border: 1px solid rgba(195, 159, 118, 0.35);\n  padding: 8px 18px;\n  border-radius: 8px;\n  transition: all .2s ease;\n}\n.lk-stays-all-btn:hover {\n  background: rgba(195, 159, 118, 0.08);\n  border-color: rgba(195, 159, 118, 0.5);\n}<\/p>\n<p>\/* \u2500\u2500\u2500 RESPONSIVE \u2500\u2500\u2500 *\/\n@media (max-width: 600px) {\n  .lk-stays-grid { grid-template-columns: 1fr; }\n  .lk-stays-header { padding: 24px 20px; }\n  .lk-stays-footer { padding: 16px 20px; }\n  .lk-stay-card { padding: 22px; }\n  .lk-stays-title { font-size: 20px; }\n}\n<\/style>\n<p>  <!-- HEADER --><\/p>\n<div class=\"lk-stays-header\">\n    <img decoding=\"async\" src=\"https:\/\/loudavymkrokem.cz\/wp-content\/uploads\/2026\/02\/lukas-a-lucka.jpg\" alt=\"\" style=\"width: 75px; height: 75px; border-radius: 8px; flex-shrink: 0; object-fit: cover; display: block; margin: 4px 0;\" title=\"\"><\/p>\n<div class=\"lk-stays-header-text\">\n<div class=\"lk-stays-eyebrow\">Luk\u00e1\u0161 und Lucie empfehlen<\/div>\n<div class=\"lk-stays-title\">Wo \u00fcbernachten in den Dolomiten<\/div>\n<div class=\"lk-stays-subtitle\">6 Unterk\u00fcnfte \u2014 Wellnesshotels, Hotels und weitere \u00dcbernachtungsm\u00f6glichkeiten<\/div>\n<\/p><\/div>\n<\/p><\/div>\n<p>  <!-- CARDS --><\/p>\n<div class=\"lk-stays-grid\">\n<p>    <a class=\"lk-stay-card featured\" href=\"https:\/\/loudavymkrokem.cz\/doporucujeme\/bb-hotel-passo-tre-croci-cortina\/\" target=\"_blank\" rel=\"nofollow noopener sponsored\"><br \/>\n      <span class=\"lk-stay-badge badge-top\">\u2b50 TOP-WAHL<\/span><br \/>\n      <span class=\"lk-stay-badge badge-nature\">\ud83c\udfe8 Hotel<\/span><\/p>\n<div class=\"lk-stay-name\">B&#038;B Hotel Passo Tre Croci Cortina<\/div>\n<div class=\"lk-stay-desc\">Preiswerte hundefreundliche Unterkunft, hervorragendes Fr\u00fchst\u00fcck, direkt am Startpunkt der Wanderung zum Lago di Sorapis, Hund nur gegen geringe Geb\u00fchr.<\/div>\n<div class=\"lk-stay-meta\">\n        <span class=\"lk-stay-stars\">\u2605\u2605\u2605\u2605<\/span><br \/>\n        <span class=\"lk-stay-price\">Preise pr\u00fcfen<\/span>\n      <\/div>\n<p>      <span class=\"lk-stay-cta\"><br \/>\n        <svg width=\"14\" height=\"14\" viewBox=\"0 0 24 24\" fill=\"none\" stroke=\"currentColor\" stroke-width=\"2\"><path d=\"M18 13v6a2 2 0 0 1-2 2H5a2 2 0 0 1-2-2V8a2 2 0 0 1 2-2h6\"\/><polyline points=\"15 3 21 3 21 9\"\/><line x1=\"10\" y1=\"14\" x2=\"21\" y2=\"3\"\/><\/svg><br \/>\n        Verf\u00fcgbarkeit pr\u00fcfen<br \/>\n      <\/span><br \/>\n    <\/a><\/p>\n<p>    <a class=\"lk-stay-card\" href=\"https:\/\/www.stay22.com\/allez\/roam?aid=lukaskonecny&#038;campaign=loudavymkrokemcz&#038;campaign=codelatvdolomitech&#038;address=Dolomity&#038;hotelname=Dolomiti+Sweet+Lodge&#038;search=Dolomiti+Sweet+Lodge&#038;category=accommodation\" target=\"_blank\" rel=\"nofollow noopener\"><br \/>\n      <span class=\"lk-stay-badge badge-nature\">\ud83c\udfe1 Pension\/B&#038;B<\/span><\/p>\n<div class=\"lk-stay-name\"><a class=\"thirstylink\" rel=\"nofollow\" target=\"_blank\" title=\"Dolomiti Sweet Lodge\" href=\"https:\/\/loudavymkrokem.cz\/de\/doporucujeme\/dolomiti-sweet-lodge\/\" data-shortcode=\"true\">Dolomiti Sweet Lodge<\/a><\/div>\n<div class=\"lk-stay-desc\">Eines der bestbewerteten Apartments in Cortina d&#8217;Ampezzo.<\/div>\n<div class=\"lk-stay-meta\">\n        <span class=\"lk-stay-stars\">\u2605\u2605\u2605\u2605<\/span><br \/>\n        <span class=\"lk-stay-price\">Preise pr\u00fcfen<\/span>\n      <\/div>\n<p>      <span class=\"lk-stay-cta\"><br \/>\n        <svg width=\"14\" height=\"14\" viewBox=\"0 0 24 24\" fill=\"none\" stroke=\"currentColor\" stroke-width=\"2\"><path d=\"M18 13v6a2 2 0 0 1-2 2H5a2 2 0 0 1-2-2V8a2 2 0 0 1 2-2h6\"\/><polyline points=\"15 3 21 3 21 9\"\/><line x1=\"10\" y1=\"14\" x2=\"21\" y2=\"3\"\/><\/svg><br \/>\n        Verf\u00fcgbarkeit pr\u00fcfen<br \/>\n      <\/span><br \/>\n    <\/a><\/p>\n<p>    <a class=\"lk-stay-card\" href=\"https:\/\/www.stay22.com\/allez\/roam?aid=lukaskonecny&#038;campaign=loudavymkrokemcz&#038;campaign=codelatvdolomitech&#038;address=Dolomity&#038;hotelname=Hotel+Villa+Gaia&#038;search=Hotel+Villa+Gaia&#038;category=accommodation\" target=\"_blank\" rel=\"nofollow noopener\"><br \/>\n      <span class=\"lk-stay-badge badge-nature\">\ud83c\udfe8 Hotel<\/span><\/p>\n<div class=\"lk-stay-name\"><a class=\"thirstylink\" rel=\"nofollow\" target=\"_blank\" title=\"Hotel Villa Gaia\" href=\"https:\/\/loudavymkrokem.cz\/de\/doporucujeme\/hotel-villa-gaia\/\" data-shortcode=\"true\">Hotel Villa Gaia<\/a><\/div>\n<div class=\"lk-stay-desc\">Bewertetes Hotel in Cortina d&#8217;Ampezzo, auf jeden Fall einen Blick wert.<\/div>\n<div class=\"lk-stay-meta\">\n        <span class=\"lk-stay-stars\">\u2605\u2605\u2605\u2605<\/span><br \/>\n        <span class=\"lk-stay-price\">Preise pr\u00fcfen<\/span>\n      <\/div>\n<p>      <span class=\"lk-stay-cta\"><br \/>\n        <svg width=\"14\" height=\"14\" viewBox=\"0 0 24 24\" fill=\"none\" stroke=\"currentColor\" stroke-width=\"2\"><path d=\"M18 13v6a2 2 0 0 1-2 2H5a2 2 0 0 1-2-2V8a2 2 0 0 1 2-2h6\"\/><polyline points=\"15 3 21 3 21 9\"\/><line x1=\"10\" y1=\"14\" x2=\"21\" y2=\"3\"\/><\/svg><br \/>\n        Verf\u00fcgbarkeit pr\u00fcfen<br \/>\n      <\/span><br \/>\n    <\/a><\/p>\n<p>    <a class=\"lk-stay-card\" href=\"https:\/\/www.stay22.com\/allez\/roam?aid=lukaskonecny&#038;campaign=loudavymkrokemcz&#038;campaign=codelatvdolomitech&#038;address=Dolomity&#038;hotelname=HOTEL+de+LEN&#038;search=HOTEL+de+LEN&#038;category=accommodation\" target=\"_blank\" rel=\"nofollow noopener\"><br \/>\n      <span class=\"lk-stay-badge badge-nature\">\u2b50 Luxury<\/span><\/p>\n<div class=\"lk-stay-name\"><a class=\"thirstylink\" rel=\"nofollow\" target=\"_blank\" title=\"Hotel de LEN\" href=\"https:\/\/loudavymkrokem.cz\/de\/doporucujeme\/hotel-de-len\/\" data-shortcode=\"true\">HOTEL de LEN<\/a><\/div>\n<div class=\"lk-stay-desc\">Luxuri\u00f6se romantische Unterkunft in Cortina d&#8217;Ampezzo.<\/div>\n<div class=\"lk-stay-meta\">\n        <span class=\"lk-stay-stars\">\u2605\u2605\u2605\u2605<\/span><br \/>\n        <span class=\"lk-stay-price\">Preise pr\u00fcfen<\/span>\n      <\/div>\n<p>      <span class=\"lk-stay-cta\"><br \/>\n        <svg width=\"14\" height=\"14\" viewBox=\"0 0 24 24\" fill=\"none\" stroke=\"currentColor\" stroke-width=\"2\"><path d=\"M18 13v6a2 2 0 0 1-2 2H5a2 2 0 0 1-2-2V8a2 2 0 0 1 2-2h6\"\/><polyline points=\"15 3 21 3 21 9\"\/><line x1=\"10\" y1=\"14\" x2=\"21\" y2=\"3\"\/><\/svg><br \/>\n        Verf\u00fcgbarkeit pr\u00fcfen<br \/>\n      <\/span><br \/>\n    <\/a><\/p>\n<p>    <a class=\"lk-stay-card\" href=\"https:\/\/loudavymkrokem.cz\/doporucujeme\/bb-villa-angelino\/\" target=\"_blank\" rel=\"nofollow noopener sponsored\"><br \/>\n      <span class=\"lk-stay-badge badge-nature\">\ud83c\udfe1 Pension\/B&#038;B<\/span><\/p>\n<div class=\"lk-stay-name\">B&#038;B Villa Angelino<\/div>\n<div class=\"lk-stay-desc\">Bed &#038; Breakfast in Ortisei, ideal f\u00fcr Familien mit Kindern und weniger erfahrene Bergwanderer.<\/div>\n<div class=\"lk-stay-meta\">\n        <span class=\"lk-stay-stars\">\u2605\u2605\u2605\u2605<\/span><br \/>\n        <span class=\"lk-stay-price\">Preise pr\u00fcfen<\/span>\n      <\/div>\n<p>      <span class=\"lk-stay-cta\"><br \/>\n        <svg width=\"14\" height=\"14\" viewBox=\"0 0 24 24\" fill=\"none\" stroke=\"currentColor\" stroke-width=\"2\"><path d=\"M18 13v6a2 2 0 0 1-2 2H5a2 2 0 0 1-2-2V8a2 2 0 0 1 2-2h6\"\/><polyline points=\"15 3 21 3 21 9\"\/><line x1=\"10\" y1=\"14\" x2=\"21\" y2=\"3\"\/><\/svg><br \/>\n        Verf\u00fcgbarkeit pr\u00fcfen<br \/>\n      <\/span><br \/>\n    <\/a><\/p>\n<p>    <a class=\"lk-stay-card\" href=\"https:\/\/www.stay22.com\/allez\/roam?aid=lukaskonecny&#038;campaign=loudavymkrokemcz&#038;campaign=codelatvdolomitech&#038;address=Dolomity&#038;hotelname=Apt+Lara+Siela&#038;search=Apt+Lara+Siela&#038;category=accommodation\" target=\"_blank\" rel=\"nofollow noopener\"><br \/>\n      <span class=\"lk-stay-badge badge-nature\">\ud83c\udfe1 Pension\/B&#038;B<\/span><\/p>\n<div class=\"lk-stay-name\"><a class=\"thirstylink\" rel=\"nofollow\" target=\"_blank\" title=\"Apt Lara Siela\" href=\"https:\/\/loudavymkrokem.cz\/de\/doporucujeme\/apt-lara-siela\/\" data-shortcode=\"true\">Apt Lara Siela<\/a><\/div>\n<div class=\"lk-stay-desc\">Stilvolle Apartments in Ortisei.<\/div>\n<div class=\"lk-stay-meta\">\n        <span class=\"lk-stay-stars\">\u2605\u2605\u2605\u2605<\/span><br \/>\n        <span class=\"lk-stay-price\">Preise pr\u00fcfen<\/span>\n      <\/div>\n<p>      <span class=\"lk-stay-cta\"><br \/>\n        <svg width=\"14\" height=\"14\" viewBox=\"0 0 24 24\" fill=\"none\" stroke=\"currentColor\" stroke-width=\"2\"><path d=\"M18 13v6a2 2 0 0 1-2 2H5a2 2 0 0 1-2-2V8a2 2 0 0 1 2-2h6\"\/><polyline points=\"15 3 21 3 21 9\"\/><line x1=\"10\" y1=\"14\" x2=\"21\" y2=\"3\"\/><\/svg><br \/>\n        Verf\u00fcgbarkeit pr\u00fcfen<br \/>\n      <\/span><br \/>\n    <\/a><\/p><\/div>\n<\/div>\n<h2 class=\"wp-block-heading\"><span class=\"ez-toc-section\" id=\"15_schoenste_Orte_in_den_Dolomiten\"><\/span><span class=\"ez-toc-section\" id=\"15_schoenste_Orte_in_den_Dolomiten\"><\/span><span class=\"ez-toc-section\" id=\"15-nejkrasnejsich-mist-v-dolomitech\" ez-toc-data-id=\"#15-nejkrasnejsich-mist-v-dolomitech\"><\/span>15 sch\u00f6nste Orte in den Dolomiten<span class=\"ez-toc-section-end\"><\/span><span class=\"ez-toc-section-end\"><\/span><\/h2>\n<p>Schauen wir uns die Orte an, die ihr in den italienischen Alpen auf keinen Fall verpassen solltet. Wir haben sie in der Reihenfolge aufgelistet, wie ihr sie antrefft, wenn ihr unserem Reiseplan folgt \u2014 von der Region Cortina \u00fcber die P\u00e4sse bis ins Val Gardena.<\/p>\n<h3 class=\"wp-block-heading\"><span class=\"ez-toc-section\" id=\"1_Wanderung_um_Tre_Cime_di_Lavaredo\"><\/span><span class=\"ez-toc-section\" id=\"1_Wanderung_um_Tre_Cime_di_Lavaredo\"><\/span>1. Wanderung um Tre Cime di Lavaredo<span class=\"ez-toc-section-end\"><\/span><span class=\"ez-toc-section-end\"><\/span><\/h3>\n<ul class=\"wp-block-list\">\n<li>3,5\u20134 Stunden, 400 m H\u00f6henunterschied, 9,5 km<\/li>\n<\/ul>\n<p>Die ikonischste Wanderung in den italienischen Alpen ist definitiv die <strong>Tre Cime di Lavaredo bzw. Drei Zinnen<\/strong>, deren imposante Dreiergruppe von Felsgipfeln ihr sicher von Fotos kennt. Der gesamte Rundweg dauert 3,5 \u2013 4 Stunden inklusive Mittagessen in einer der H\u00fctten unterwegs. Insgesamt wandert ihr 9,5 km und \u00fcberwindet knapp 400 H\u00f6henmeter.<\/p>\n<p>Es handelt sich um eine sehr <strong>einfache Tour, die ihr entweder als Rundweg gehen k\u00f6nnt oder an der H\u00fctte Rifugio Antonio Locatelli \/ Dreizinnenh\u00fctte<\/strong>, von wo aus die sch\u00f6nsten Aussichten sind, umkehrt und denselben Weg zur\u00fcckgeht. Die Wanderung beginnt bei der Bergh\u00fctte Auronzo, die ihr mit dem Auto erreichen k\u00f6nnt \u2014 das Parken kostet allerdings 30 Euro f\u00fcr ein Auto und 45 Euro f\u00fcr einen Campervan. <strong>Wenn ihr in Cortina \u00fcbernachtet, k\u00f6nnt ihr auch mit dem Bus hierher fahren, der nur wenige Euro kostet.<\/strong> F\u00fcr aktuelle Preise und Fahrpl\u00e4ne empfehlen wir einen Besuch im Infozentrum im Zentrum von Cortina.<\/p>\n<p class=\"has-pale-cyan-blue-background-color has-background\"><strong>Aktualisierung 2026:<\/strong> Seit dem Sommer 2025 gibt es auf der Zufahrtsstra\u00dfe zu den Tre Cime ein neues Reservierungssystem. In der Hauptsaison (Juli\u2013September) muss man vorab ein Zeitfenster f\u00fcr die Zufahrt mit dem Auto auf der Mautstra\u00dfe zum Rifugio Auronzo buchen. Ohne Reservierung werdet ihr nicht auf die Stra\u00dfe gelassen \u2014 besonders an Wochenenden und zur Sto\u00dfzeit (9:00\u201311:00). Wir empfehlen, mindestens 2\u20133 Tage im Voraus zu reservieren, im August sogar eine Woche vorher. Alternativ kann man zu den Tre Cime zu Fu\u00df vom Lago di Misurina wandern (ca. 2 Stunden zus\u00e4tzlich), wo keine Reservierung n\u00f6tig ist.<\/p>\n<figure class=\"wp-block-image size-large is-resized\"><img decoding=\"async\" src=\"https:\/\/www.loudavymkrokem.cz\/wp-content\/uploads\/2023\/05\/tre-cime-2048x1365.jpg\" alt=\"Die ikonischste Wanderung in den italienischen Alpen ist definitiv Tre Cime di Lavaredo bzw. Drei Zinnen\" class=\"wp-image-58484\" style=\"width:1024px;height:683px\" title=\"\"><figcaption class=\"wp-element-caption\">Die ikonischste Wanderung in den italienischen Alpen ist definitiv <strong>Tre Cime di Lavaredo bzw. Drei Zinnen<\/strong><\/figcaption><\/figure>\n<h3 class=\"wp-block-heading\"><span class=\"ez-toc-section\" id=\"2_Cadini_di_Misurina_%E2%80%94_verborgenes_Juwel_nahe_Tre_Cime\"><\/span><span class=\"ez-toc-section\" id=\"2_Cadini_di_Misurina_verborgenes_Juwel_nahe_Tre_Cime\"><\/span>2. Cadini di Misurina \u2014 verborgenes Juwel nahe Tre Cime<span class=\"ez-toc-section-end\"><\/span><span class=\"ez-toc-section-end\"><\/span><\/h3>\n<p>Die Cadini di Misurina sind eine Gruppe von Felst\u00fcrmen und -nadeln, die wie eine nat\u00fcrliche Kathedrale aussehen. Die meisten Touristen fahren auf dem Weg zu den Tre Cime daran vorbei, aber genau deshalb findet ihr hier Ruhe und ein authentisches Bergerlebnis, das ihr bei den Tre Cime in der Saison vergeblich sucht.<\/p>\n<p>Den besten Blick auf die Cadini habt ihr vom Rifugio Auronzo (derselbe Ausgangspunkt, von dem man zu den Tre Cime geht) \u2014 ihr m\u00fcsst euch nur in die andere Richtung drehen. F\u00fcr einen n\u00e4heren Blick wandert zum Rifugio Fonda Savio (2\u20133 Stunden hin und zur\u00fcck, mittlerer Schwierigkeitsgrad). Wir waren morgens dort, bevor wir den Rundweg um die Tre Cime antraten, und der Blick auf die nadelartigen Felst\u00fcrme im Morgenlicht war das fr\u00fche Aufstehen absolut wert.<\/p>\n<h3 class=\"wp-block-heading\"><span class=\"ez-toc-section\" id=\"3_Wanderung_zum_Lago_di_Sorapis\"><\/span><span class=\"ez-toc-section\" id=\"3_Wanderung_zum_Lago_di_Sorapis\"><\/span>3. Wanderung zum Lago di Sorapis<span class=\"ez-toc-section-end\"><\/span><span class=\"ez-toc-section-end\"><\/span><\/h3>\n<ul class=\"wp-block-list\">\n<li>4\u20136 Stunden, 725 m H\u00f6henunterschied, 13,5 km<\/li>\n<\/ul>\n<p>Einer der sch\u00f6nsten Orte ist definitiv der unglaublich t\u00fcrkisfarbene <strong>Lago di Sorapis, den ihr euch allerdings mit einem Aufstieg verdienen m\u00fcsst.<\/strong> Die Tour umfasst insgesamt 13,5 km und 725 H\u00f6henmeter.<\/p>\n<p>Es handelt sich nicht um eine schwierige Wanderung, aber es ist die einzige Tour, <strong>die wir Familien mit kleinen Kindern dringend abraten w\u00fcrden, und wir haben auch unseren Hund nicht mitgenommen, weil er etwas tollpatschig ist.<\/strong> Ein Teil der Strecke verl\u00e4uft relativ nah am Abhang, die Tour hat Abschnitte mit Treppen und Seilen, und bei viel Wasser muss man auch durch einen Bach waten. <strong>Wenn ihr unter H\u00f6henangst leidet, ist das vielleicht auch nicht die ideale Wahl.<\/strong> Ich hoffe aber, dass ich euch nicht abgeschreckt habe \u2014 wir sind die Tour mit Luk\u00e1\u0161 schon mehrmals gegangen und es gibt wirklich keinen Grund zur Sorge.<\/p>\n<p><strong>Zum Lago di Sorapis solltet ihr am besten zu Beginn des Sommers aufbrechen, wenn der Wasserstand am h\u00f6chsten ist.<\/strong> Ende September kann das Erlebnis weniger beeindruckend sein, da der See allm\u00e4hlich austrocknet. <strong>Kurz vor dem See gibt es eine Abzweigung zu einer H\u00fctte, wo ihr w\u00e4hrend der Saison zu Mittag essen, auf die Toilette gehen oder einen Espresso trinken k\u00f6nnt.<\/strong> Anfang Oktober war sie noch ge\u00f6ffnet.<\/p>\n<figure class=\"wp-block-image size-large\"><img decoding=\"async\" src=\"https:\/\/www.loudavymkrokem.cz\/wp-content\/uploads\/2023\/05\/Lago-di-sorapis-2048x1366.jpg\" alt=\"Einer der sch\u00f6nsten Orte ist der unglaublich t\u00fcrkisfarbene Lago di Sorapis, den man sich mit einem Aufstieg verdienen muss.\" class=\"wp-image-58485\" title=\"\"><figcaption class=\"wp-element-caption\">Der t\u00fcrkisfarbene <strong>Lago di Sorapis, den man sich mit einem Aufstieg verdienen muss.<\/strong><\/figcaption><\/figure>\n<h3 class=\"wp-block-heading\"><span class=\"ez-toc-section\" id=\"4_Wanderung_zum_Lago_Federa\"><\/span><span class=\"ez-toc-section\" id=\"4_Wanderung_zum_Lago_Federa\"><\/span>4. Wanderung zum Lago Federa<span class=\"ez-toc-section-end\"><\/span><span class=\"ez-toc-section-end\"><\/span><\/h3>\n<ul class=\"wp-block-list\">\n<li>3\u20134 Stunden, 400 m H\u00f6henunterschied, 8,4 km<\/li>\n<\/ul>\n<p>Zum Lago Federa k\u00f6nnt ihr direkt vom Campingplatz in Cortina starten, aber das empfehlen wir nicht besonders. Es ist ein sehr anstrengender Aufstieg, was vielleicht manche Bergfans begeistert, aber man wandert die ganze Zeit durch den Wald und sieht nicht viel. <strong>Die k\u00fcrzeste und beliebteste Route f\u00fchrt von Ponte di Rocurto.<\/strong> Von dort braucht ihr etwa 1,5\u20132 Stunden zum See. Es geht ziemlich bergauf, aber am See gibt es eine H\u00fctte, wo ihr ein gutes Mittagessen bekommen k\u00f6nnt.<\/p>\n<figure class=\"wp-block-image size-full\"><img decoding=\"async\" src=\"https:\/\/www.loudavymkrokem.cz\/wp-content\/uploads\/2023\/05\/lago-federa.jpg\" alt=\"Lago Federa unweit von Cortina in den italienischen Alpen.\" class=\"wp-image-58486\" title=\"\"><figcaption class=\"wp-element-caption\">Der Lago Federa ist wundersch\u00f6n im Fr\u00fchling, Sommer und Herbst.<\/figcaption><\/figure>\n<h3 class=\"wp-block-heading\"><span class=\"ez-toc-section\" id=\"5_Passo_Giau\"><\/span><span class=\"ez-toc-section\" id=\"5_Passo_Giau\"><\/span>5. Passo Giau<span class=\"ez-toc-section-end\"><\/span><span class=\"ez-toc-section-end\"><\/span><\/h3>\n<p>Den Passo Giau erreicht ihr von Cortina aus mit dem Auto oder Bus, und wenn ihr keine Lust auf eine Wanderung habt, m\u00fcsst ihr f\u00fcr atemberaubende Aussichten keinen Finger r\u00fchren. Es reicht, auf dem Parkplatz zu parken und sich umzuschauen. Von Cortina aus ist es auch eine hervorragende Radstrecke, die sich st\u00e4ndig bergauf schl\u00e4ngelt, und nach 2 Stunden Strampeln bergauf habt ihr euch eine ordentliche Portion Tiroler Kn\u00f6del verdient. Oder leiht euch ein E-Bike und seid in 45 Minuten oben.<\/p>\n<figure class=\"wp-block-image size-large\"><img decoding=\"async\" src=\"https:\/\/www.loudavymkrokem.cz\/wp-content\/uploads\/2023\/05\/passo-giau-2048x1365.jpg\" alt=\"Passo Giau ist ein wundersch\u00f6ner Ort in den italienischen Dolomiten. Auf dem Foto sind auch E-Bikes zu sehen.\" class=\"wp-image-58487\" title=\"\"><figcaption class=\"wp-element-caption\">Zum Passo Giau k\u00f6nnt ihr auch mit dem Fahrrad fahren. Rechnet aber damit, dass ihr ordentlich ins Schwitzen kommt.<\/figcaption><\/figure>\n<h3 class=\"wp-block-heading\"><span class=\"ez-toc-section\" id=\"6_Passo_Sella_%E2%80%94_Pass_mit_Blick_auf_den_Sassolungo\"><\/span><span class=\"ez-toc-section\" id=\"6_Passo_Sella_Pass_mit_Blick_auf_Sassolungo\"><\/span>6. Passo Sella \u2014 Pass mit Blick auf den Sassolungo<span class=\"ez-toc-section-end\"><\/span><span class=\"ez-toc-section-end\"><\/span><\/h3>\n<p>Der Passo Sella (2.240 m) ist einer der ikonischen Dolomitenp\u00e4sse und zugleich Teil der ber\u00fchmten Sella Ronda. Vom Pass habt ihr direkten Blick auf das imposante Sassolungo-Massiv (Langkofel), das sich direkt vor euch erhebt \u2014 und dieser Anblick verschl\u00e4gt euch den Atem, selbst wenn ihr zum dritten Mal in den Dolomiten seid.<\/p>\n<p>Der Pass ist ein idealer Zwischenstopp auf der Fahrt zwischen Val Gardena und Val di Fassa. Ihr k\u00f6nnt hier parken, einen Kaffee mit Aussicht trinken und eine kurze Wanderung zum Rifugio Salei (45 Minuten) oder einen l\u00e4ngeren Rundweg um den Sassolungo (5\u20136 Stunden, anspruchsvoller) unternehmen. Im Winter ist die Sella Ronda eines der besten Skigebiete der Alpen \u2014 40 km Pisten, verbunden durch Seilbahnen.<\/p>\n<h3 class=\"wp-block-heading\"><span class=\"ez-toc-section\" id=\"7_Wanderung_zu_Cinque_Torri\"><\/span><span class=\"ez-toc-section\" id=\"7_Wanderung_zu_Cinque_Torri\"><\/span>7. Wanderung zu Cinque Torri<span class=\"ez-toc-section-end\"><\/span><span class=\"ez-toc-section-end\"><\/span><\/h3>\n<ul class=\"wp-block-list\">\n<li>3\u20134 Stunden, 583 m H\u00f6henunterschied, 10 km<\/li>\n<\/ul>\n<p>Diese Route geh\u00f6rt zu unseren absoluten Favoriten. <strong>Wir starten immer am Passo Giau und wandern in gem\u00fctlichem Tempo \u00fcber die felsige Strecke zu den Cinque Torri.<\/strong> Die ganze Zeit habt ihr unglaubliche Aussichten \u2014 ich glaube, wir waren hier schon drei oder vielleicht sogar vier Mal und es wird uns nie langweilig.<\/p>\n<p>Es ist hier zu jeder Jahreszeit wundersch\u00f6n, und obwohl ihr fast 600 H\u00f6henmeter \u00fcberwindet, ist der Anstieg allm\u00e4hlich und f\u00fcr fast jeden machbar. Unterwegs gibt es zwei H\u00fctten, wo ihr Mittagessen oder eine Jause bekommen k\u00f6nnt.<\/p>\n<figure class=\"wp-block-image size-full\"><img decoding=\"async\" src=\"https:\/\/www.loudavymkrokem.cz\/wp-content\/uploads\/2023\/05\/vyslap-k-cinque-torri.jpg\" alt=\"Wanderung zu Cinque Torri, italienische Alpen, Dolomiten.\" class=\"wp-image-58488\" title=\"\"><figcaption class=\"wp-element-caption\">Die Wanderung zu den Cinque Torri geh\u00f6rt zu unseren Favoriten.<\/figcaption><\/figure>\n<h3 class=\"wp-block-heading\"><span class=\"ez-toc-section\" id=\"8_Schoenster_See_Italiens_Lago_di_Braies\"><\/span><span class=\"ez-toc-section\" id=\"8_Schoenster_See_Italiens_Lago_di_Braies\"><\/span>8. Sch\u00f6nster See Italiens: Lago di Braies<span class=\"ez-toc-section-end\"><\/span><span class=\"ez-toc-section-end\"><\/span><\/h3>\n<p>Was w\u00e4re ein Besuch in den Dolomiten ohne einen Halt am ber\u00fchmtesten See? <strong>Passt auf und fahrt fr\u00fch los, denn auch au\u00dferhalb der Saison kann euch die Menge an Touristen \u00fcberraschen, und manchmal bekommt ihr nicht einmal einen Parkplatz.<\/strong> Das ist uns letztes Jahr Ende Oktober passiert. Ja, Ende Oktober, als es \u00fcberall sonst komplett leer war. Alle waren offenbar gerade am Lago di Braies. Am Lago di Braies k\u00f6nnt ihr ein Boot ausleihen oder einen kurzen Spaziergang um den See machen.<\/p>\n<p><strong>Tipp f\u00fcr 2026:<\/strong> Im Sommer ist am Lago di Braies eine Reservierung eines Parkplatzes oder eines Shuttlebus-Tickets Pflicht. Ohne Reservierung kommt ihr mit dem Auto nicht zum See. Das System funktioniert \u00e4hnlich wie bei den Tre Cime \u2014 reserviert euren Platz lieber vorab online.<\/p>\n<figure class=\"wp-block-image size-large\"><img decoding=\"async\" src=\"https:\/\/www.loudavymkrokem.cz\/wp-content\/uploads\/2023\/05\/lago-di-brais-2048x1365.jpg\" alt=\"Sch\u00f6nster See Italiens: Lago di Braies\" class=\"wp-image-58489\" title=\"\"><figcaption class=\"wp-element-caption\">Sch\u00f6nster See der italienischen Alpen: Lago di Braies<\/figcaption><\/figure>\n<div data-gyg-href=\"https:\/\/widget.getyourguide.com\/default\/activities.frame\" data-gyg-locale-code=\"de-DE\" data-gyg-widget=\"activities\" data-gyg-number-of-items=\"3\" data-gyg-partner-id=\"MKZ64IS\" data-gyg-q=\"lago di braies\"><span>Powered by <a target=\"_blank\" rel=\"sponsored noopener\" href=\"https:\/\/www.getyourguide.com\/-t513347\">GetYourGuide<\/a><\/span><\/div>\n<h3 class=\"wp-block-heading\"><span class=\"ez-toc-section\" id=\"9_Lago_di_Carezza_Karersee_%E2%80%94_Smaragdsee_unter_dem_Latemar\"><\/span><span class=\"ez-toc-section\" id=\"9_Lago_di_Carezza_Karersee_Smaragdsee_unter_dem_Latemar\"><\/span>9. Lago di Carezza (Karersee) \u2014 Smaragdsee unter dem Latemar<span class=\"ez-toc-section-end\"><\/span><span class=\"ez-toc-section-end\"><\/span><\/h3>\n<p>Der Lago di Carezza ist ein kleiner, aber unglaublich farbenpr\u00e4chtiger See unter dem Latemar-Massiv. Das Wasser hat Schattierungen von smaragdgr\u00fcn bis t\u00fcrkis, und auf dem Grund sind versunkene Baumst\u00e4mme zu sehen \u2014 es sieht fast wie eine Unterwasserlandschaft aus. Das erste Mal hielten wir dort eigentlich zuf\u00e4llig an, auf dem Weg von Bozen, und seitdem kehren wir jedes Mal zur\u00fcck.<\/p>\n<p>Im Gegensatz zum Lago di Braies oder Sorapis ist der Karersee leicht zug\u00e4nglich: Ihr parkt direkt an der Stra\u00dfe und erreicht den See in 5 Minuten \u00fcber einen befestigten Weg. Idealer Zwischenstopp auf der Fahrt von Bozen Richtung P\u00e4sse. Der See ist am sch\u00f6nsten vormittags, wenn sich die Spitzen des Latemar in der Wasseroberfl\u00e4che spiegeln.<\/p>\n<p><strong>Hinweis:<\/strong> Der See ist relativ klein und in der Hauptsaison kann es hier sehr voll werden. Wenn ihr Ruhe wollt, kommt fr\u00fch morgens oder au\u00dferhalb von Juli\/August.<\/p>\n<h3 class=\"wp-block-heading\"><span class=\"ez-toc-section\" id=\"10_Spaziergang_zum_Lago_Limides\"><\/span><span class=\"ez-toc-section\" id=\"10_Spaziergang_zum_Lago_Limides\"><\/span>10. Spaziergang zum Lago Limides<span class=\"ez-toc-section-end\"><\/span><span class=\"ez-toc-section-end\"><\/span><\/h3>\n<p>Den <strong>Lago Limides erreicht ihr leicht vom Parkplatz am Passo Falzarego<\/strong>, der gleichzeitig Ausgangspunkt f\u00fcr den Aufstieg auf den <strong>Berg Lagazuoi<\/strong> ist. Dieser See ist besonders im Fr\u00fchling sch\u00f6n, wenn gen\u00fcgend Wasser darin ist.<\/p>\n<p>Er ist oft sehr ruhig, und wundersch\u00f6ne Alpengipfel spiegeln sich in ihm. <strong>Im Sommer ist er eher eine gr\u00f6\u00dfere Pf\u00fctze, f\u00fcr die sich der Ausflug kaum lohnt.<\/strong> Im Herbst sieht es leider \u00e4hnlich aus.<\/p>\n<figure class=\"wp-block-image size-large\"><img decoding=\"async\" src=\"https:\/\/www.loudavymkrokem.cz\/wp-content\/uploads\/2023\/05\/lago-limides-2048x1366.jpg\" alt=\"Lago Limides in Italien.\" class=\"wp-image-58490\" title=\"\"><figcaption class=\"wp-element-caption\">Im Sommer und Herbst ist der Lago Limides eher eine gro\u00dfe Pf\u00fctze.<\/figcaption><\/figure>\n<h3 class=\"wp-block-heading\"><span class=\"ez-toc-section\" id=\"11_Mit_der_Seilbahn_auf_den_Lagazuoi\"><\/span><span class=\"ez-toc-section\" id=\"11_Mit_der_Seilbahn_auf_den_Lagazuoi\"><\/span>11. Mit der Seilbahn auf den Lagazuoi<span class=\"ez-toc-section-end\"><\/span><span class=\"ez-toc-section-end\"><\/span><\/h3>\n<p><strong>Auf diesen Gipfel k\u00f6nnt ihr mit der Seilbahn fahren und ich empfehle es euch sehr.<\/strong> Wir sind den Fu\u00dfweg gegangen, der praktisch ein Hochkraxeln eines ziemlich steilen Hangs ist.<\/p>\n<p><strong>Vielleicht lag es daran, dass wir Hunger hatten, aber es kam uns endlos vor und unterwegs gibt es wirklich keine interessanten Aussichten.<\/strong> Falls ihr trotzdem klettern wollt \u2014 auf dem Gipfel gibt es ein Restaurant, wo ihr euch belohnen k\u00f6nnt.<\/p>\n<figure class=\"wp-block-image size-large\"><img decoding=\"async\" src=\"https:\/\/www.loudavymkrokem.cz\/wp-content\/uploads\/2023\/05\/lagazuioi-1-2048x1366.jpg\" alt=\"Lagazuoi in Italien. Italienische Dolomiten, Alpen.\" class=\"wp-image-58492\" title=\"\"><figcaption class=\"wp-element-caption\">Der Gipfel des Lagazuoi geh\u00f6rt zu den Orten, die man am besten mit der Seilbahn besucht.<\/figcaption><\/figure>\n<h3 class=\"wp-block-heading\"><span class=\"ez-toc-section\" id=\"12_Schoenste_Alm_Suedtirols_Seiser_Alm_Alpe_di_Siusi\"><\/span><span class=\"ez-toc-section\" id=\"12_Schoenste_Alm_Suedtirols_Seiser_Alm_Alpe_di_Siusi\"><\/span>12. Sch\u00f6nste Alm S\u00fcdtirols: Seiser Alm (Alpe di Siusi)<span class=\"ez-toc-section-end\"><\/span><span class=\"ez-toc-section-end\"><\/span><\/h3>\n<p>Wer kennt nicht die Fotos von der beliebtesten Alpenwiese Europas, der Seiser Alm? Ihr fahrt mit der Seilbahn hinauf und k\u00f6nnt dann einfach \u00fcber die sanften H\u00e4nge spazieren, die beruhigende Natur genie\u00dfen und dem L\u00e4uten der Kuhglocken lauschen. Oder trinkt einfach einen Espresso im \u00f6rtlichen Restaurant. Auch so werdet ihr ein unvergessliches Erlebnis haben.<\/p>\n<p><strong>Praktische Info:<\/strong> Im Sommer gilt auf der Seiser Alm ein Fahrverbot f\u00fcr PKW (9:00\u201317:00). Nach oben kommt ihr mit der Seilbahn von Ortisei (Seiser Alm Bahn) oder dem Bus von Compatsch. Die Seilbahn kostet etwa 25 \u20ac Hin- und R\u00fcckfahrt f\u00fcr Erwachsene \u2014 erw\u00e4gt die Dolomiti Supersummer Card, wenn ihr mehrere Seilbahnen nutzen wollt.<\/p>\n<figure class=\"wp-block-image size-large\"><img decoding=\"async\" src=\"https:\/\/www.loudavymkrokem.cz\/wp-content\/uploads\/2023\/05\/alpe-di-suisi-seiser-alm-2048x1366.jpg\" alt=\"Sch\u00f6nste Alm S\u00fcdtirols: Seiser Alm (Alpe di Siusi). Auf dem Foto ein Cockapoo-Hund mit wundersch\u00f6nen Tiroler Alpengipfeln im Hintergrund.\" class=\"wp-image-58493\" title=\"\"><figcaption class=\"wp-element-caption\">Sch\u00f6nster Ort in S\u00fcdtirol: Seiser Alm (Alpe di Siusi)<\/figcaption><\/figure>\n<div data-gyg-href=\"https:\/\/widget.getyourguide.com\/default\/activities.frame\" data-gyg-locale-code=\"de-DE\" data-gyg-widget=\"activities\" data-gyg-number-of-items=\"3\" data-gyg-partner-id=\"MKZ64IS\" data-gyg-q=\"seiser alm\"><span>Powered by <a target=\"_blank\" rel=\"sponsored noopener\" href=\"https:\/\/www.getyourguide.com\/-t513347\">GetYourGuide<\/a><\/span><\/div>\n<h3 class=\"wp-block-heading\"><span class=\"ez-toc-section\" id=\"13_Atemberaubende_Aussichten_auf_der_Seceda\"><\/span><span class=\"ez-toc-section\" id=\"13_Atemberaubende_Aussichten_auf_der_Seceda\"><\/span>13. Atemberaubende Aussichten auf der Seceda<span class=\"ez-toc-section-end\"><\/span><span class=\"ez-toc-section-end\"><\/span><\/h3>\n<p>Auf die Seceda kommt ihr mit der Seilbahn von Ortisei-Furnes-Seceda, dann sind es nur noch 10 Minuten zum Gipfel. Wenn ihr ein wenig wandern m\u00f6chtet, k\u00f6nnt ihr eine andere Route w\u00e4hlen: mit der Seilbahn zum Col Raiser fahren und einen 3\u20134-st\u00fcndigen Rundweg machen. Die Wanderung ist relativ einfach und die Ausblicke sind fantastisch.<\/p>\n<figure class=\"wp-block-image size-large\"><img decoding=\"async\" src=\"https:\/\/www.loudavymkrokem.cz\/wp-content\/uploads\/2023\/05\/seceda-2048x1366.jpg\" alt=\"Seceda ist sicherlich einer der sch\u00f6nsten Gipfel der italienischen Alpen, den man mit der Seilbahn erreichen kann. Dolomiten, Italien.\" class=\"wp-image-58494\" title=\"\"><figcaption class=\"wp-element-caption\">Und diese Aussicht erreicht ihr bequem mit der Seilbahn.<\/figcaption><\/figure>\n<h3 class=\"wp-block-heading\"><span class=\"ez-toc-section\" id=\"14_Val_di_Funes_Villnoess_%E2%80%94_meistfotografiertes_Tal_der_Dolomiten\"><\/span><span class=\"ez-toc-section\" id=\"14_Val_di_Funes_Villnoess_meistfotografiertes_Tal_der_Dolomiten\"><\/span>14. Val di Funes (Villn\u00f6\u00df) \u2014 meistfotografiertes Tal der Dolomiten<span class=\"ez-toc-section-end\"><\/span><span class=\"ez-toc-section-end\"><\/span><\/h3>\n<p>Val di Funes ist das Tal, das ihr von jedem zweiten Instagram-Post \u00fcber die Dolomiten kennt \u2014 das kleine Kirchlein St. Johann in Ranui mit den scharfen Odle\/Geisler-Spitzen im Hintergrund. Und das zu Recht: Dieser Anblick ist tats\u00e4chlich so sch\u00f6n, wie er auf den Fotos aussieht. Wir standen dort mit Luk\u00e1\u0161 im Abendlicht und keiner von uns wollte gehen.<\/p>\n<p>Die beste Zeit zum Fotografieren ist fr\u00fch morgens oder am sp\u00e4ten Nachmittag, wenn die Sonne die Odle-Spitzen beleuchtet. Vom Dorf Santa Maddalena f\u00fchrt ein einfacher Spaziergang zum Kirchlein (20 Minuten). F\u00fcr eine anspruchsvollere Tour geht weiter auf dem Adolf-Munkel-Weg unter den Odle-W\u00e4nden \u2014 3\u20134 Stunden, minimaler H\u00f6henunterschied, maximale Aussichten.<\/p>\n<p><strong>Praktische Info:<\/strong> Das Parken in Santa Maddalena ist begrenzt, in der Saison empfehlen wir, vor 9:00 Uhr anzukommen. Im Sommer f\u00e4hrt ein Shuttlebus von Brixen.<\/p>\n<h3 class=\"wp-block-heading\"><span class=\"ez-toc-section\" id=\"15_Cortina_dAmpezzo_%E2%80%94_Koenigin_der_Dolomiten\"><\/span><span class=\"ez-toc-section\" id=\"15_Cortina_dAmpezzo_Koenigin_der_Dolomiten\"><\/span>15. Cortina d&#8217;Ampezzo \u2014 K\u00f6nigin der Dolomiten<span class=\"ez-toc-section-end\"><\/span><span class=\"ez-toc-section-end\"><\/span><\/h3>\n<p>Cortina d&#8217;Ampezzo ist nicht nur eine Basis zum Schlafen \u2014 es ist ein eigenst\u00e4ndiges Reiseziel. Die Stadt war Austragungsort der Olympischen Winterspiele 1956 und ist 2026 Mitveranstalter, weshalb eine umfangreiche Modernisierung der Infrastruktur stattfand. Der Corso Italia ist eine elegante Fu\u00dfg\u00e4ngerzone mit Caf\u00e9s und Gesch\u00e4ften, in der man einen angenehmen Nachmittag verbringen kann.<\/p>\n<p>Von Cortina f\u00fchren Seilbahnen auf die Tofane (Freccia nel Cielo \u2014 Aussicht von 3.244 m), Faloria und Cristallo. F\u00fcr Familien empfehlen wir den Adventure Park am Stadtrand. Und vor allem \u2014 Cortina ist der ideale Ausgangspunkt f\u00fcr Ausfl\u00fcge zu den Tre Cime, zum Lago di Sorapis und zu den Cinque Torri, alles ist in 30\u201345 Autominuten erreichbar.<\/p>\n<p>Wenn ihr einen Dolomiten-Urlaub plant und Herausforderungen sucht, solltet ihr den Aufstieg auf die Marmolada, bekannt als \u201eDach der Dolomiten&#8220;, nicht verpassen. Dieser majest\u00e4tische Berg bietet unvergessliche Ausblicke und ist ein beliebtes Ziel vieler Wanderer und Bergsteiger. Wenn ihr mehr \u00fcber diese gro\u00dfartige Route erfahren m\u00f6chtet, schaut euch den Artikel <a href=\"https:\/\/blog.affekt.cz\/marmolada-vystup-na-strechu-dolomit\/\" target=\"_blank\" rel=\"noreferrer noopener\">Marmolada: Aufstieg auf das Dach der Dolomiten<\/a> an, wo ihr detaillierte Informationen zum Aufstieg, Sicherheitstipps und Empfehlungen findet, wie ihr dieses Erlebnis am meisten genie\u00dfen k\u00f6nnt.<\/p>\n<h2 class=\"wp-block-heading\"><span class=\"ez-toc-section\" id=\"Wann_und_wo_goldene_Laerchen_in_den_Dolomiten\"><\/span><span class=\"ez-toc-section\" id=\"Wann_und_wo_goldene_Laerchen_in_den_Dolomiten\"><\/span><span class=\"ez-toc-section\" id=\"zlate-modriny-v-dolomitech\" ez-toc-data-id=\"#zlate-modriny-v-dolomitech\"><\/span>Wann und wo goldene L\u00e4rchen in den Dolomiten?<span class=\"ez-toc-section-end\"><\/span><span class=\"ez-toc-section-end\"><\/span><\/h2>\n<p>Goldene L\u00e4rchen jagen wir schon seit mehreren Jahren in den Dolomiten. Sie sind n\u00e4mlich nur sehr kurz golden, bevor sie ihre Nadeln verlieren. Und jedes Jahr ist es leider etwas anders. <strong>Die Verf\u00e4rbung kann schon Ende September beginnen. Die beste Zeit f\u00fcr einen Besuch der Dolomiten ist daher Anfang Oktober. Wenn ihr sie in voller Pracht sehen wollt, fahrt zum Lago Federa.<\/strong><\/p>\n<h2 class=\"wp-block-heading\"><span class=\"ez-toc-section\" id=\"Dolomiten_planen_Reiseplan_fuer_5%E2%80%937_Tage\"><\/span><span class=\"ez-toc-section\" id=\"Dolomiten_planen_Reiseplan_fuer_5_bis_7_Tage\"><\/span><span class=\"ez-toc-section\" id=\"itinerar-dolomity-5-7-dni\" ez-toc-data-id=\"#itinerar-dolomity-5-7-dni\"><\/span>Dolomiten planen: Reiseplan f\u00fcr 5\u20137 Tage<span class=\"ez-toc-section-end\"><\/span><span class=\"ez-toc-section-end\"><\/span><\/h2>\n<p>Die h\u00e4ufigste Frage, die wir bekommen: \u201eWie viele Tage brauche ich in den Dolomiten?&#8220; Unsere Antwort: mindestens 5 Tage, idealerweise 7. Die Dolomiten sind weitl\u00e4ufig und das Fahren zwischen den Orten braucht Zeit \u2014 die Stra\u00dfen sind gebirgig, kurvenreich und in der Saison voll.<\/p>\n<p><strong>Tag 1\u20132: Region Cortina d&#8217;Ampezzo<\/strong><br \/>Ankunft, Akklimatisierung. Tre Cime di Lavaredo (ganzer Tag \u2014 vergesst die Reservierung nicht!), Lago di Sorapis (ganzer Tag \u2014 Achtung, anspruchsvollere Tour). Abends Spaziergang durch Cortina und gutes Abendessen auf dem Corso Italia.<\/p>\n<p><strong>Tag 3: Cinque Torri und Umgebung<\/strong><br \/>Vormittags Cinque Torri (vom Passo Giau, unsere Lieblingsroute), nachmittags Lago Federa oder Lago Limides. Beide sind relativ nah und lassen sich kombinieren.<\/p>\n<p><strong>Tag 4: Umzug ins Val Gardena \/ Seiser Alm<\/strong><br \/>Unterwegs Halt am Passo Giau und Passo Sella (Fotos, kurzer Spaziergang, Kaffee mit Blick auf den Sassolungo). Nachmittags Ankunft in Ortisei oder Santa Cristina. Wenn noch Zeit bleibt, Seceda bei Sonnenuntergang.<\/p>\n<p><strong>Tag 5: Seiser Alm (Alpe di Siusi)<\/strong><br \/>Ganzer Tag auf der gr\u00f6\u00dften Hochalm Europas. Mit der Seilbahn hinauf, Spaziergang \u00fcber die Alm, Mittagessen in einer Bergh\u00fctte. Mit Kindern ideal \u2014 ebenes Gel\u00e4nde, Blick auf den Sassolungo auf Schritt und Tritt.<\/p>\n<p><strong>Tag 6: Val di Funes und Umgebung<\/strong><br \/>Morgens Fotos des Kirchleins St. Johann im Morgenlicht, Wanderung auf dem Adolf-Munkel-Weg unter den Odle-W\u00e4nden. Nachmittags Lago di Carezza auf dem Weg Richtung S\u00fcden \u2014 kurzer Halt, aber es lohnt sich.<\/p>\n<p><strong>Tag 7: Lago di Braies, Abreise<\/strong><br \/>Besuch des Lago di Braies (fahrt fr\u00fch morgens!) oder Rundfahrt \u00fcber die P\u00e4sse. Abreise Richtung Brennerpass zur\u00fcck nach Deutschland.<\/p>\n<p><strong>Tipp:<\/strong> Scheut euch nicht, den Plan je nach Wetter anzupassen. In den Dolomiten \u00e4ndert sich das Wetter schnell \u2014 habt immer eine \u201eErsatz&#8220;-Aktivit\u00e4t f\u00fcr Regentage parat (Museum in Cortina, Wellness, Shopping in Bozen).<\/p>\n<h2 class=\"wp-block-heading\"><span class=\"ez-toc-section\" id=\"Anreise_in_die_Dolomiten_mit_dem_Auto_was_ihr_wissen_muesst\"><\/span><span class=\"ez-toc-section\" id=\"Anreise_in_die_Dolomiten_mit_dem_Auto\"><\/span><span class=\"ez-toc-section\" id=\"cesta-do-dolomit-autem\" ez-toc-data-id=\"#cesta-do-dolomit-autem\"><\/span>Anreise in die Dolomiten mit dem Auto: was ihr wissen m\u00fcsst<span class=\"ez-toc-section-end\"><\/span><span class=\"ez-toc-section-end\"><\/span><\/h2>\n<p><strong>Anreise aus Deutschland:<\/strong> Die schnellste Route von M\u00fcnchen f\u00fchrt \u00fcber den Brennerpass direkt in die Dolomiten \u2014 in etwa 3,5\u20134 Stunden seid ihr da. Von Berlin oder Hamburg rechnet mit 8\u201310 Stunden. Auf dem Brennerpass f\u00e4llt eine Maut von ca. 10 \u20ac pro PKW an. Wer \u00fcber \u00d6sterreich f\u00e4hrt, ben\u00f6tigt zus\u00e4tzlich die digitale Vignette (online erh\u00e4ltlich). Wir empfehlen, fr\u00fch morgens loszufahren oder unterwegs eine \u00dcbernachtung einzuplanen.<\/p>\n<p><strong>Parken in den Dolomiten:<\/strong> Das ist in der Saison wohl die gr\u00f6\u00dfte Herausforderung. Die meisten beliebten Orte haben kostenpflichtige Parkpl\u00e4tze, die sich schnell f\u00fcllen. Grundregeln:<\/p>\n<ul class=\"wp-block-list\">\n<li>Am <strong>Lago di Braies<\/strong> ist im Sommer eine Reservierung des Parkplatzes oder des Shuttlebus-Tickets Pflicht<\/li>\n<li><strong>Tre Cime<\/strong> \u2014 neues Reservierungssystem seit 2025 (siehe oben)<\/li>\n<li><strong>Seiser Alm<\/strong> \u2014 im Sommer Fahrverbot f\u00fcr PKW (9:00\u201317:00), man muss die Seilbahn von Ortisei oder den Bus nehmen<\/li>\n<li>\u00dcberall gilt: <strong>je fr\u00fcher am Morgen ihr ankommt, desto besser<\/strong><\/li>\n<\/ul>\n<p><strong>Dolomiti Supersummer Card:<\/strong> Wenn ihr Seilbahnen nutzen wollt, erw\u00e4gt den Kauf einer Regionalkarte. Sie deckt Dutzende von Seilbahnen und den \u00f6ffentlichen Nahverkehr in der Region ab. Der Preis liegt bei etwa 50\u201370 \u20ac f\u00fcr 3 Tage. Sie lohnt sich, wenn ihr mindestens 2\u00d7 t\u00e4glich Seilbahn fahrt.<\/p>\n<p>F\u00fcr die Reise in die Dolomiten empfehlen wir eine <strong>Reiseversicherung<\/strong> \u2014 selbst auf einfachen Wegen kann etwas passieren, und ein Rettungseinsatz per Helikopter in Italien kostet Tausende Euro. Wir verwenden <a class=\"thirstylink\" rel=\"nofollow noopener sponsored\" target=\"_blank\" title=\"SafetyWing Dolomity\" href=\"https:\/\/loudavymkrokem.cz\/doporucujeme\/safetywing-dolomity\/\" data-shortcode=\"true\">SafetyWing<\/a>, das auch Bergaktivit\u00e4ten abdeckt. R\u00fcstet euch auf jeden Fall mit einem <strong><a href=\"https:\/\/www.nanospace.cz\/kwak-spaci-pytel-kunka\/\" target=\"_blank\" rel=\"noreferrer noopener\">Drei-Jahreszeiten-Schlafsack<\/a><\/strong> aus, wenn ihr campen wollt \u2014 in den Bergen gilt: Auch im Sommer kann es nachts empfindlich kalt werden.<\/p>\n<p class=\"has-pale-cyan-blue-background-color has-background\"><em>Tipp: <strong><a href=\"https:\/\/loudavymkrokem.cz\/jak-vybrat-spacak\/\">Lest unseren Ratgeber zur Wahl des richtigen Schlafsacks.<\/a><\/strong><\/em><\/p>\n<h2 class=\"wp-block-heading\"><span class=\"ez-toc-section\" id=\"Haeufige_Fragen_zu_den_Dolomiten\"><\/span><span class=\"ez-toc-section\" id=\"Haeufige_Fragen_zu_den_Dolomiten\"><\/span><span class=\"ez-toc-section\" id=\"faq-dolomity\" ez-toc-data-id=\"#faq-dolomity\"><\/span>H\u00e4ufige Fragen zu den Dolomiten<span class=\"ez-toc-section-end\"><\/span><span class=\"ez-toc-section-end\"><\/span><\/h2>\n<h2 class=\"wp-block-heading\"><span class=\"ez-toc-section\" id=\"Was_tun_in_den_Dolomiten_mit_Kindern\"><\/span><span class=\"ez-toc-section\" id=\"Was_tun_in_den_Dolomiten_mit_Kindern\"><\/span><span class=\"ez-toc-section\" id=\"dolomity-s-detmi-co-delat\" ez-toc-data-id=\"#dolomity-s-detmi-co-delat\"><\/span>Was tun in den Dolomiten mit Kindern?<span class=\"ez-toc-section-end\"><\/span><span class=\"ez-toc-section-end\"><\/span><\/h2>\n<p>Die Dolomiten sind gro\u00dfartig f\u00fcr Familien mit Kindern, denn ihr k\u00f6nnt viele wundersch\u00f6ne Orte mit dem Kinderwagen erreichen und mit der Seilbahn fahren. Mit Kindern k\u00f6nnt ihr wandern gehen, aber auch reiten oder Abenteuerparks besuchen, wie den Adventure Park Colfosco.<\/p>\n","protected":false},"excerpt":{"rendered":"<p>Ikonische Orte der italienischen Alpen, die Sie laut Reisenden, die jedes Jahr nach Italien kommen, gesehen haben sollten. Tipps f\u00fcr Wanderungen und Unterk\u00fcnfte. <\/p>\n","protected":false},"author":3,"featured_media":100544,"comment_status":"open","ping_status":"closed","sticky":false,"template":"","format":"standard","meta":{"footnotes":"","rank_math_title":"Dolomiten: 15 sch\u00f6nste Orte + Reisef\u00fchrer (2026)","rank_math_description":"Entdeckt die 15 sch\u00f6nsten Orte in den Dolomiten mit unserem kompletten Reisef\u00fchrer 2026. Wanderungen, Unterk\u00fcnfte &amp; Tipps. Jetzt Reise planen!","rank_math_focus_keyword":"sch\u00f6nste Orte Dolomiten","rank_math_seo_score":"35"},"categories":[456,477],"tags":[],"class_list":{"0":"post-100543","1":"post","2":"type-post","3":"status-publish","4":"format-standard","5":"has-post-thumbnail","7":"category-europa","8":"category-italien"},"featured_image_src":"https:\/\/loudavymkrokem.cz\/wp-content\/uploads\/2020\/03\/lucie-konecna-v-dolomitech.jpg","author_info":{"display_name":"Lucie Kone\u010dn\u00e1","author_link":"https:\/\/loudavymkrokem.cz\/de\/author\/lucie-konecna\/"},"_links":{"self":[{"href":"https:\/\/loudavymkrokem.cz\/de\/wp-json\/wp\/v2\/posts\/100543","targetHints":{"allow":["GET"]}}],"collection":[{"href":"https:\/\/loudavymkrokem.cz\/de\/wp-json\/wp\/v2\/posts"}],"about":[{"href":"https:\/\/loudavymkrokem.cz\/de\/wp-json\/wp\/v2\/types\/post"}],"author":[{"embeddable":true,"href":"https:\/\/loudavymkrokem.cz\/de\/wp-json\/wp\/v2\/users\/3"}],"replies":[{"embeddable":true,"href":"https:\/\/loudavymkrokem.cz\/de\/wp-json\/wp\/v2\/comments?post=100543"}],"version-history":[{"count":9,"href":"https:\/\/loudavymkrokem.cz\/de\/wp-json\/wp\/v2\/posts\/100543\/revisions"}],"predecessor-version":[{"id":132892,"href":"https:\/\/loudavymkrokem.cz\/de\/wp-json\/wp\/v2\/posts\/100543\/revisions\/132892"}],"wp:featuredmedia":[{"embeddable":true,"href":"https:\/\/loudavymkrokem.cz\/de\/wp-json\/wp\/v2\/media\/100544"}],"wp:attachment":[{"href":"https:\/\/loudavymkrokem.cz\/de\/wp-json\/wp\/v2\/media?parent=100543"}],"wp:term":[{"taxonomy":"category","embeddable":true,"href":"https:\/\/loudavymkrokem.cz\/de\/wp-json\/wp\/v2\/categories?post=100543"},{"taxonomy":"post_tag","embeddable":true,"href":"https:\/\/loudavymkrokem.cz\/de\/wp-json\/wp\/v2\/tags?post=100543"}],"curies":[{"name":"wp","href":"https:\/\/api.w.org\/{rel}","templated":true}]}}